{"id":96448,"date":"2022-09-01T09:47:47","date_gmt":"2022-09-01T07:47:47","guid":{"rendered":"https:\/\/www.rdpemancipation.org\/?p=96448"},"modified":"2022-09-30T12:11:43","modified_gmt":"2022-09-30T10:11:43","slug":"septembre-feminisme-lgbt-2","status":"publish","type":"post","link":"https:\/\/www.rdpemancipation.org\/?p=96448","title":{"rendered":"Septembre &#8211; F\u00e9minisme\/LGBT+"},"content":{"rendered":"\n<p><strong><mark style=\"background-color:rgba(0, 0, 0, 0);color:#dc1d1d\" class=\"has-inline-color\">30 septembre en continu<\/mark><\/strong><\/p>\n\n\n\n<p><a href=\"https:\/\/www.ritimo.org\/La-violence-contre-les-femmes-indigenes-un-defi-mondial\" target=\"_blank\" rel=\"noreferrer noopener\">La violence contre les femmes indig\u00e8nes : un d\u00e9fi mondial<\/a> \u00a0(ritimo)<\/p>\n\n\n\n<p><strong><mark style=\"background-color:rgba(0, 0, 0, 0);color:#dc1d1d\" class=\"has-inline-color\">29 septembre en continu<\/mark><\/strong><\/p>\n\n\n\n<p><a href=\"https:\/\/www.pourlascience.fr\/sd\/ethologie\/le-genre-existe-aussi-chez-les-autres-primates-24274.php\">Le genre existe aussi chez les autres primates<\/a> (Pour la science)<\/p>\n\n\n\n<p><a href=\"https:\/\/www.youtube.com\/watch?v=CuVZYURXyEY\">Riposte f\u00e9minine<\/a> (Bande annonce)<\/p>\n\n\n\n<p><strong><mark style=\"background-color:rgba(0, 0, 0, 0);color:#dc1d1d\" class=\"has-inline-color\">26 septembre en continu<\/mark><\/strong><\/p>\n\n\n\n<p><a href=\"https:\/\/www.arretsurimages.net\/articles\/feminicide-chronologie-dune-incomprehension-mediatique\" target=\"_blank\" rel=\"noreferrer noopener\">F\u00e9minicide, chronologie d&rsquo;une incompr\u00e9hension m\u00e9diatique<\/a>&nbsp; (Arr\u00eat sur images)<\/p>\n\n\n\n<p><a href=\"https:\/\/orientxxi.info\/magazine\/articles-en-italien\/les-femmes-iraniennes-explosent-de-colere-contre-l-oppression,5894\" target=\"_blank\" rel=\"noreferrer noopener\">Les femmes iraniennes explosent de col\u00e8re contre l&rsquo;oppression<\/a>&nbsp; (Orient XXI)<\/p>\n\n\n\n<p><a href=\"https:\/\/www.lemonde.fr\/politique\/article\/2022\/09\/26\/julien-bayou-demissionne-de-son-poste-de-secretaire-national-d-europe-ecologie-les-verts_6143179_823448.html\">Julien Bayou, d\u00e9missionne de son poste de secr\u00e9taire national d\u2019EELV<\/a> (Le Monde)<\/p>\n\n\n\n<p><strong><mark style=\"background-color:rgba(0, 0, 0, 0);color:#dc1d1d\" class=\"has-inline-color\">25 septembre en continu<\/mark><\/strong><\/p>\n\n\n\n<p><a href=\"https:\/\/www.francetvinfo.fr\/societe\/violences-faites-aux-femmes\/temoignage-affaire-ppda-cette-impunite-me-fait-sortir-de-mes-gonds-temoigne-l-ecrivaine-benedicte-martin_5371549.html#xtor=CS2-765-%5Bautres%5D-\">Affaire PPDA : \u00ab\u00a0Cette impunit\u00e9 me fait sortir de mes gonds\u00a0\u00bb, t\u00e9moigne l&rsquo;\u00e9crivaine B\u00e9n\u00e9dicte Martin<\/a>&nbsp;(France info)<\/p>\n\n\n\n<p><a href=\"https:\/\/www.francetvinfo.fr\/societe\/violences-faites-aux-femmes\/affaire-ppda-on-vous-explique-la-notion-de-serialite-qui-relance-l-examen-de-faits-pourtant-prescrits_5377261.html\">Affaire PPDA : on vous explique la notion de s\u00e9rialit\u00e9, qui relance l&rsquo;examen de faits pourtant prescrits<\/a> (France info)<\/p>\n\n\n\n<p><a href=\"https:\/\/www.lefigaro.fr\/politique\/la-semaine-noire-du-clan-melenchon-20220923\">La semaine noire du clan M\u00e9lenchon<\/a> (Le Figaro)<\/p>\n\n\n\n<figure class=\"wp-block-image size-full is-resized\"><img data-recalc-dims=\"1\" loading=\"lazy\" decoding=\"async\" src=\"https:\/\/i0.wp.com\/www.rdpemancipation.org\/wp-content\/uploads\/2022\/09\/image-270.png?resize=396%2C223&#038;ssl=1\" alt=\"\" class=\"wp-image-99080\" width=\"396\" height=\"223\" srcset=\"https:\/\/i0.wp.com\/www.rdpemancipation.org\/wp-content\/uploads\/2022\/09\/image-270.png?w=704&amp;ssl=1 704w, https:\/\/i0.wp.com\/www.rdpemancipation.org\/wp-content\/uploads\/2022\/09\/image-270.png?resize=300%2C169&amp;ssl=1 300w\" sizes=\"auto, (max-width: 396px) 100vw, 396px\" \/><figcaption><em><sub>&nbsp;Lafargue Raphael\/Lafargue Raphael\/ABACA<\/sub><\/em><\/figcaption><\/figure>\n\n\n\n<p><a href=\"https:\/\/www.lemonde.fr\/societe\/article\/2022\/09\/22\/feminicide-dans-l-aisne-l-incomprehension-d-une-famille-face-aux-lenteurs-et-aux-choix-de-la-justice_6142697_3224.html\">F\u00e9minicide&nbsp;: la col\u00e8re de la famille de Marie-Jos\u00e9 Povoa, tu\u00e9e par son compagnon, face aux lenteurs et aux choix de la justice<\/a> (Le Monde)<\/p>\n\n\n\n<p><a href=\"https:\/\/info.mediapart.fr\/optiext\/optiextension.dll?ID=2uv2ridRoyCdKqkIH9GRtOWD9aHnclvCEN9%2BQmohr2ykh3Tg_K4ZYv%2By00JdLaUYkWpVApzpRzVzunD22nsso6KTmaM_c\" target=\"_blank\" rel=\"noreferrer noopener\">\u00c9ducation \u00e0 la sexualit\u00e9 : Mediapart r\u00e9v\u00e8le un rapport d&rsquo;inspection enterr\u00e9 par Blanquer <\/a>(Mediapart)<\/p>\n\n\n\n<p><a href=\"https:\/\/info.mediapart.fr\/optiext\/optiextension.dll?ID=2uv2uC54ALLUkyngerowSaD0rkQi2eVLAmZlFXjTn_8zB1Dg%2BWF8p%2BRP%2BjKTzbwywmCM%2BzQX40T1fnlpV7da0ulm_M8oP\" target=\"_blank\" rel=\"noreferrer noopener\">Le gouvernement lance un audit sur le pilotage de la FFF <\/a>(Mediapart)<\/p>\n\n\n\n<p><strong>Analyse<\/strong><\/p>\n\n\n\n<p><a href=\"https:\/\/info.alternatives-economiques.fr\/optiext\/optiextension.dll?ID=NfeNgcIhQzKQ0lMCapMgD389FlMd6GaM%2BBWhsr2ekqKk9SUxVX1FhG2ofk80VpAQbzcf_j114UVnrSg6X3SMMRGODLFhy\" target=\"_blank\" rel=\"noreferrer noopener\">Iran&nbsp;: \u00ab&nbsp;Les femmes sont le talon d\u2019Achille du syst\u00e8me&nbsp;\u00bb<\/a> (Alter \u00e9co)<\/p>\n\n\n\n<p><a href=\"http:\/\/r.newsletter.50-50magazine.fr\/mk\/cl\/f\/CVMvetuRqAXGAGkAUAqr0UFRtBUNqo_FLoVVYvgh1a8Qk28FeEUuoXTnR2mMxGzZHZs6nnvTw9Tw1j_-7yM9rvgzQ2--3l9yODRWFGG9fuIgrEobJax-tLLYQ7Sz3dVwcwYHBIAa2cuejojdrLel1jF-jsTmCai27dRjvQ79vtbaiS7PKfZdCy4HNBvCHD249GM1ha8HjLlKVZn-XqNnUXXlUDCftz9tNY5uW-KifFoimS0YnQyk9C8ybctCNAnekG-tIT93WsRBTpNson79HYRqkxs95En67lSx1LgWmw\">Femmes en politique: que nous disent les m\u00e9dias ?<\/a> (50-50 magazine)<\/p>\n\n\n\n<p><a href=\"http:\/\/r.newsletter.50-50magazine.fr\/mk\/cl\/f\/hD7_dK3ChymMO5LY0f7h4lhSYEyfiuIEwW_70l3iwm1y_AEcYrcliD2IxtycPPriKNC392Utz0xhR18Ll9C5nPKmDMArukFwExAkn8VNNsgAlPNX-pCXwUyrBIdBZ1X6GsXrke3kG7V0HkRPK_XCZzksyDI9HpXHtSFgreFfMyblCDesF4_X_GcbNZRfYQhaBdjQd79pAELbEUsfwh-opwH1zu4BwiGpXTS0aaOj3HzYGbLfv7NA6avE9MygOnEKqE1YKv23WRbfHXLZaSVhblogKVaA-0cPECxAmb1jAQ-WTmZiJ7oiifUWoXqELCg0OphVNnIb87jR2T0FLSzqef-_MHjLKt7CmT6yv3FFMEY1pceGhfpjD9Q2_vor4EehouarG8_ZKpJYIzMP4t0lMziBLg\">Antoine Kolodziej : \u00ab Il est n\u00e9cessaire en termes de charge mentale et biologique que les hommes prennent en charge leur contraception \u00bb<\/a> (50-50 magazine)<\/p>\n\n\n\n<p><a href=\"https:\/\/www.50-50magazine.fr\/2022\/09\/20\/mar-merita-blat\/\">Mar Merita Blat : \u00ab&nbsp;Notre objectif est de faire en sorte que le genre soit transversalis\u00e9 \u00e0 l\u2019int\u00e9rieur des diff\u00e9rents projets que l\u2019AFD m\u00e8ne&nbsp;\u00bb<\/a> (50-50 magazine)<\/p>\n\n\n\n<p><a href=\"https:\/\/www.50-50magazine.fr\/2022\/09\/19\/typhaine-d-mon-crime-cest-davoir-demasculinise-la-langue-cest-un-acte-de-resistance\/\">Typhaine D : \u201c Mon crime est de d\u00e9masculiniser la langue, c\u2019est un acte de r\u00e9sistance \u201d<\/a> (50-50 magazine)<\/p>\n\n\n\n<p><strong><a href=\"http:\/\/r.newsletter.50-50magazine.fr\/mk\/cl\/f\/GOr5zR171qjualKvQaaNwDrL8_sTv8KvgG25QvVDSQwk2m6ZRIYCtr6sTXlSBNmVuyzF-2FJ46WMUdhopENY7pyZV9qf_C2TwL6sK5S8_4KG7ODPnJesRIqkAX2pcqTYvHcwdAWXkfup4JVUGuPqD1HPps6NXleDrIi689DnVk3w1urrJARiWO70WfUMBJ--056xNz8xZcNH_koZAtUyLDW8JkuLuAz71zDsczjT-2ukDAVC1Zu8nIoSqd6xF27b22WN4IY0Ek4TfTzdZWDwLvEG2Jjv8ryT-ndqz-aoHI-U3-702ilrEdqwrltECXF1HBtw\">Dossier: Cybersexisme : Quand les femmes prennent trop de place sur Internet<\/a> <\/strong>(50-50 magazine)<\/p>\n\n\n\n<p><strong><a href=\"http:\/\/r.newsletter.50-50magazine.fr\/mk\/cl\/f\/dxtNWJRkSxeRFPTL8BKxwcpfolyVdcp5Cgv6dGxeBwksJulW2t9tbGQGgN6Q2HtfaCe5jaL527EaxvlNadAABQfnwCZjrA1NvBTfXRmY9q0Bg31ClmP54pVIIcTbt0c_FGeqn3yff6js_9Y8ZQUczK91nS4T8aFmwgmBd4X5WVcLewXFZkbS7E_VDPninRWojfpNCLB0qepwu2WZaqRVnHV2art0Ncn8YPjD9i7n359F1DLK7p3o6urtuOd6IVl7d1bnqfnTJiIxmfWYv3v17vpJqwF3jT1wg9cT\">Cyberharc\u00e8lement : L\u00e9na Situations t\u00e9moigne<\/a> <\/strong>(50-50 magazine)<\/p>\n\n\n\n<p><a href=\"https:\/\/info.mediapart.fr\/optiext\/optiextension.dll?ID=2uv2uKCFDzQxI7073%2BEqS9t5TKFSZtIAT7kL%2BfBsU2r4P5nM%2BWmeMDVURMlNYooorT0SM0Q9I7umdi_CXwJY8NVrqzjg4\" target=\"_blank\" rel=\"noreferrer noopener\">\u00ab L&rsquo;inceste est partout \u00bb <\/a>(Mediapart)<\/p>\n\n\n\n<p><a href=\"https:\/\/www.mediapart.fr\/journal\/france\/210922\/commission-inceste-un-apres-des-milliers-de-temoignages-et-une-urgence-politique?utm_source=genre-20220922-175550&amp;utm_medium=&amp;utm_campaign=&amp;utm_content=&amp;utm_term=&amp;xtor=EREC-83-%5bGENRE%5d-genre-20220922-175550&amp;M_BT=889622596074\">Commission inceste&nbsp;: un an apr\u00e8s, des milliers de t\u00e9moignages et une urgence politique<\/a> (Mediapart)<\/p>\n\n\n\n<p><a href=\"https:\/\/info.mediapart.fr\/optiext\/optiextension.dll?ID=2uv2xxeRhgx_yLt56KFMRKLjEQRYB516eb0qeCpVzFgdz0CM_j9vVUmBrT65wXcK%2BU_nKS_q62DlInTNu%2B3xZ9mS8ZZgl\" target=\"_blank\" rel=\"noreferrer noopener\">L&rsquo;\u00e9cart en maths entre filles et gar\u00e7ons se joue avant 6 ans, et voici comment <\/a>(Mediapart)<\/p>\n\n\n\n<p><strong><a href=\"http:\/\/r.newsletter.50-50magazine.fr\/mk\/cl\/f\/UO0jiQ3Uzj69dYs58gbCC3UXUOq6dqGnmcsPWyFiNRwu1lfpyHRhX0MXgE6MQJlpMGfOuP8vWKs9lFHDC6GLBnu0XAHc_vJ_mEyiJEE5WGgnn84nk-8z6ZfSZNGJ4_JaDnKxzz1bMBHLfKz3N6fvzW9bkF7y0izpEEtXarah3j_GzUx2ZYj8jeNd1HBYGCl3d0d5KkYc1KA2Zw0MU3gt-lQdZMLJohvqzi2vjdWJpSkpdQXohApJe4nnPbi6jbjCNfXvARXR7XRwZ4YGtw\" target=\"_blank\" rel=\"noreferrer noopener\">Rapport : victimes de la mode<\/a> <\/strong>(50-50 magazine)<\/p>\n\n\n\n<p><a href=\"https:\/\/blogs.mediapart.fr\/les-invites-de-mediapart\/blog\/180922\/pour-une-alliance-feministe-et-trans?utm_source=genre-20220922-175550&amp;utm_medium=&amp;utm_campaign=&amp;utm_content=&amp;utm_term=&amp;xtor=EREC-83-%5bGENRE%5d-genre-20220922-175550&amp;M_BT=889622596074\">Pour une alliance f\u00e9ministe et trans <\/a>&nbsp;(Club de Mediapart)<\/p>\n\n\n\n<p><a href=\"https:\/\/info.mediapart.fr\/optiext\/optiextension.dll?ID=2uv2xFJ7jURu0CPkwnp5GDVP_sf8jgloSpDCJKuRa_Ija1bg%2Bmjaww7p11eqUAKYLQxMb1NaBq2itk3WOH1vo0w_F1pow\" target=\"_blank\" rel=\"noreferrer noopener\">Nos coups re\u00e7us ne seront pas impunis politiquement <\/a>(Club de Mediapart)<\/p>\n\n\n\n<p><a href=\"https:\/\/info.mediapart.fr\/optiext\/optiextension.dll?ID=2uv2vkfyvzIx6mSx0wX4Mled86ClFX0HzYRZR6AttXxbsCZM%2Bf3W_4Bt3ZBPqrY_rqOGE41oXA3I5ipEkcDf2WN03h2gn\" target=\"_blank\" rel=\"noreferrer noopener\">Les f\u00e9ministes se battent-elles contre des moulins \u00e0 vent ? <\/a>(Club de Mediapart)<\/p>\n\n\n\n<p><a href=\"https:\/\/info.mediapart.fr\/optiext\/optiextension.dll?ID=2uv2qLnPbsth9xEoFNfDMy8o8G%2BSBFdWhh_RnU%2Bx8IZ9baFg%2Bxb0Av69VLksbzf161N47A3LKIqiZ26boiUpNnBADhYML\" target=\"_blank\" rel=\"noreferrer noopener\">Le mouvement social des Iraniennes instrumentalis\u00e9 par la droite fran\u00e7aise <\/a>(Club de Mediapart)<\/p>\n\n\n\n<p><a href=\"https:\/\/www.mediapart.fr\/journal\/france\/200922\/metoo-face-l-immobilisme-des-partis-les-feministes-se-radicalisent?utm_source=genre-20220922-175550&amp;utm_medium=&amp;utm_campaign=&amp;utm_content=&amp;utm_term=&amp;xtor=EREC-83-%5bGENRE%5d-genre-20220922-175550&amp;M_BT=889622596074\">#MeToo&nbsp;: face \u00e0 l\u2019immobilisme des partis, les f\u00e9ministes se radicalisent<\/a> (Mediapart)<\/p>\n\n\n\n<p><a href=\"https:\/\/www.mediapart.fr\/journal\/france\/190922\/l-affaire-quatennens-revele-les-faiblesses-de-la-france-insoumise?utm_source=genre-20220922-175550&amp;utm_medium=&amp;utm_campaign=&amp;utm_content=&amp;utm_term=&amp;xtor=EREC-83-%5bGENRE%5d-genre-20220922-175550&amp;M_BT=889622596074\">L\u2019affaire Quatennens r\u00e9v\u00e8le les faiblesses de La France insoumise<\/a> (Mediapart)<\/p>\n\n\n\n<p><a href=\"https:\/\/www.mediapart.fr\/journal\/france\/200922\/affaire-quatennens-affligees-des-militantes-de-gauche-exigent-une-releve-feministe?utm_source=genre-20220922-175550&amp;utm_medium=&amp;utm_campaign=&amp;utm_content=&amp;utm_term=&amp;xtor=EREC-83-%5bGENRE%5d-genre-20220922-175550&amp;M_BT=889622596074\">Affaire Quatennens&nbsp;: afflig\u00e9es, des militantes de gauche exigent une \u00ab&nbsp;rel\u00e8ve f\u00e9ministe&nbsp;\u00bb<\/a> (Mediapart)<\/p>\n\n\n\n<p><a href=\"https:\/\/info.mediapart.fr\/optiext\/optiextension.dll?ID=2uv2wTw1vGQ48KY1%2BDnEKkvTyLcRf8Hw1YN8RYz3OOw0jCCg%2BPXuGxHYCVy3tbP7QjXP6gVOiwj8BDv0hSTdT5Zu7xAMh\" target=\"_blank\" rel=\"noreferrer noopener\">Violences conjugales : la voix confisqu\u00e9e des victimes <\/a>(Mediapart)<\/p>\n\n\n\n<p><a href=\"https:\/\/info.mediapart.fr\/optiext\/optiextension.dll?ID=2uv2xqd8IO6hFyLGXPXoYAv4ofyhVLRYq4bY3njKK2tC%2BfEg_Az9d%2BpCazL1wpehfsKBrxKIg71bDZr140S1xzxebjmMf\" target=\"_blank\" rel=\"noreferrer noopener\">Accouchement : le \u00ab syndrome m\u00e9diterran\u00e9en \u00bb s&rsquo;invite en salle de naissance <\/a>(Mediapart)<\/p>\n\n\n\n<p><a href=\"https:\/\/www.arte.tv\/fr\/videos\/103487-000-A\/la-cour\/\">La cour<\/a> (Arte)<\/p>\n\n\n\n<p><a href=\"https:\/\/twitter.com\/VinceJarousseau\/status\/1572883122328408064?t=NJuxAjFz1hpRGcT2CIHk2A&amp;s=19\">Les femmes du lien de Vincent Jar<\/a>ousseau (Les ar\u00e8nes)<\/p>\n\n\n\n<p><strong>Monde<\/strong><\/p>\n\n\n\n<p><a href=\"https:\/\/www.lemonde.fr\/afrique\/article\/2022\/09\/23\/maroc-apres-le-drame-de-meriem-le-gouvernement-sous-pression-pour-reformer-l-avortement_6142924_3212.html\">Apr\u00e8s le drame de Meriem, le gouvernement sous pression pour r\u00e9former l\u2019avortement<\/a> (Le Monde)<\/p>\n\n\n\n<p><a href=\"https:\/\/www.mediapart.fr\/journal\/international\/220922\/au-qatar-l-enfer-des-travailleuses-domestiques\">Au Qatar, l\u2019enfer des travailleuses domestiques<\/a> (Mediapart)<\/p>\n\n\n\n<p><a href=\"https:\/\/info.mediapart.fr\/optiext\/optiextension.dll?ID=2uv2vRhhXhmM31zfmNwT5tLDr0%2B9qL3HttPribP7ltgLbRUM%2BdxryEdaFkRd01Wf8OGVFbXr%2Bi3QD5umOxL_V9KCRZWwY\" target=\"_blank\" rel=\"noreferrer noopener\">Un militant gay s\u00e9n\u00e9galais accuse l&rsquo;\u00e9mission \u00ab Enqu\u00eate exclusive \u00bb de l&rsquo;avoir mis en danger <\/a>(Mediapart)<\/p>\n\n\n\n<p><a href=\"https:\/\/info.mediapart.fr\/optiext\/optiextension.dll?ID=2uv2xFvqJ1JAWKnJfxJ8X1Q7gs%2Be3AYLnPeiSqJDQ0bGXktg%2BpejFf8y99QqY6ZjSpfHXgg3zZdDVxW3mvyr5gSXs7rgW\" target=\"_blank\" rel=\"noreferrer noopener\">Iran : protestations apr\u00e8s la mort d&rsquo;une jeune femme sous les coups de la police des m\u0153urs <\/a>(Mediapart)<\/p>\n\n\n\n<p><a href=\"https:\/\/info.mediapart.fr\/optiext\/optiextension.dll?ID=2uv2u7n04qj_v3tR6FSpQA%2BanXED55_skxfNz8qb8%2B9Cztwg_uhwOS6hzgDMMFWZNb4aXyI6kaAV_gi0zYMh82aBmZwwx\" target=\"_blank\" rel=\"noreferrer noopener\">Femmes, vie, libert\u00e9 ! <\/a>(Club de Mediapart)<\/p>\n\n\n\n<p><strong><a href=\"http:\/\/r.newsletter.50-50magazine.fr\/mk\/cl\/f\/iv4QxgN9ERO2Ux5hA8EzpRXxYEz-0iWSG9rvGCG8g1p9kw092S79RNKPGH5Y_I-vERF0VVbKz1VsMv_XwE-qUVL0NlX2w2UoolL_mx_P5zB8PcVIhbQa2RfsJAa5Sgpk9d64pwbb5Q1a3gPQEbK82LbmnSPN5668F20Qp2a2BEzyjT3ss3Bc8tUg4XrWRX3lcIaMq5Qu-Y4nz1qihbDjNTrWrTsNIKFuohoXPOXWnsNYRV3_zsPMMIrf1UsRzUTmYdfkPLwiZonhIoIiF2DLJGZZfVlmNK7iWA6tnB5XR_zQ2iWldWiL2OMyuZGeWKwNkIBxaKKpgmV6pTgFzElwvg\" target=\"_blank\" rel=\"noreferrer noopener\">Les femmes kurdes descendent dans la rue contre le meurtre de Jina Mahsa Amini<\/a> (<\/strong>50-50 magazine)<\/p>\n\n\n\n<p><strong><a href=\"http:\/\/r.newsletter.50-50magazine.fr\/mk\/cl\/f\/k-0czdrG5oaIctH-kuVn5QcjHABL3YyS-xltikU0jBb-NGq6gpRv7WJDfZoXsj7nf0drEiwTdK1ZnZp1pVZicrIoiz89bFI5s7e6Iy7Jz-t4rmfBf7bVDEp7sThRMTFwG3JYYP7fvRBbJiIpvf6m9aETfatBDU70Yr6yihS3uGimm3UlIdS1WOnXa7LJMc9vBepXhwHAlNutE1NDo1_xnw0caoxRZXbTIlGO4ZAhU6EyhIk9yLUn820Mhf0Vhd6itywUdPaz2fAyUZUB9556-RZeMtGOEoIIFLqZew\" target=\"_blank\" rel=\"noreferrer noopener\">Mourir pour des cheveux d\u00e9passant du voile&nbsp;!<\/a> (<\/strong>50-50 magazine)<\/p>\n\n\n\n<p><strong>Avortement<\/strong><\/p>\n\n\n\n<p><a href=\"https:\/\/www.facebook.com\/events\/5325497690880178?active_tab=about\">29 septembre : manifestations \u00e0 Paris pour d\u00e9fendre le droit \u00e0 l\u2019avortement, \u00e0 18h30 pour un lieu est \u00e0 retrouver sur l\u2019\u00e9v\u00e9nement<\/a> &#8211; Bastille (Avortement&nbsp;: les femmes d\u00e9cident, Union syndicale solidaires, collectif droits de femmes, On arr\u00eate toutes)<\/p>\n\n\n\n<figure class=\"wp-block-image size-full is-resized\"><img data-recalc-dims=\"1\" loading=\"lazy\" decoding=\"async\" src=\"https:\/\/i0.wp.com\/www.rdpemancipation.org\/wp-content\/uploads\/2022\/09\/image-269.png?resize=264%2C326&#038;ssl=1\" alt=\"\" class=\"wp-image-99076\" width=\"264\" height=\"326\" srcset=\"https:\/\/i0.wp.com\/www.rdpemancipation.org\/wp-content\/uploads\/2022\/09\/image-269.png?w=518&amp;ssl=1 518w, https:\/\/i0.wp.com\/www.rdpemancipation.org\/wp-content\/uploads\/2022\/09\/image-269.png?resize=243%2C300&amp;ssl=1 243w\" sizes=\"auto, (max-width: 264px) 100vw, 264px\" \/><\/figure>\n\n\n\n<p><strong><mark style=\"background-color:rgba(0, 0, 0, 0);color:#dc1d1d\" class=\"has-inline-color\">22 septembre en continu<\/mark><\/strong><\/p>\n\n\n\n<p><a href=\"https:\/\/link.newsletter.franceculture.fr\/m\/surl\/7429\/754136\/gdqYfitX-hiMmA6S9fubrm9C5lXTLJmivm821gAfcU8=\/link_19\/mm1mNpHdev2COQbu3duCiOLqnhRJTS2JfVWSNGaUn7ayiGJSBkLBRTg1Tg0Dva2sz9zd+XvOd5g83UWOY0qeCRvxejxbH9OHzHIyX4tH41kDsBekIt9xIkTeS-1Q94tFDYMFljVecr3-Ie-F05jEDqC70ra-pklsS8DabQVhu-aSn3MTPZ6ph1jwm31pqAMXZG224N8M1JuUN-BMSEvk9xSp+Iz4W0bYI411PazbDbOCfWZb8EDPBFqgyKdGcizOAsPkpuh5rcJrNxYy7BMLnNo0eMLnrHpbYn4+80wWITQyTkfTfSiTwZ3JE7ROdX0geOTTDvASzWXuPCaKFGaGJqONc7vz6tCXTMh84zn7Km6Z0OKhpa8l6DH-Q9aFotIk\" target=\"_blank\" rel=\"noreferrer noopener\">\u00c9meutes en Iran&nbsp;: les femmes peuvent-elles faire trembler le r\u00e9gime&nbsp;?<\/a> (France Culture)<\/p>\n\n\n\n<p><a href=\"https:\/\/blogs.mediapart.fr\/dornajavan\/blog\/210922\/mahsa-amini-figure-des-luttes-pour-la-cause-des-femmes-en-iran\">Mahsa Amini figure des luttes pour la cause des femmes en Iran<\/a>&nbsp;(Blog Dorna.Javan)<\/p>\n\n\n\n<p><strong><mark style=\"background-color:rgba(0, 0, 0, 0);color:#dc1d1d\" class=\"has-inline-color\">21 septembre en continu<\/mark><\/strong><\/p>\n\n\n\n<p><a href=\"http:\/\/www.cafepedagogique.net\/lexpresso\/Pages\/2022\/09\/21092022Article637993281145611013.aspx\">Fuite d&rsquo;un rapport sur l&rsquo;\u00e9ducation sexuelle <\/a>&nbsp;(Caf\u00e9 p\u00e9dagogique)<\/p>\n\n\n\n<p><strong><mark style=\"background-color:rgba(0, 0, 0, 0);color:#dc1d1d\" class=\"has-inline-color\">20 septembre en continu<\/mark><\/strong><\/p>\n\n\n\n<p><a href=\"https:\/\/blogs.mediapart.fr\/mouais-le-journal-dubitatif\/blog\/200922\/au-rojava-la-lutte-des-femmes-contre-le-patriarcat\">Au Rojava, la lutte des femmes contre le patriarcat<\/a>&nbsp;(Mouais, le journal dubitatif)<\/p>\n\n\n\n<p><a href=\"https:\/\/www.boursorama.com\/actualite-economique\/actualites\/iran-nouvelles-manifestations-apres-la-mort-d-une-femme-detenue-ef2169332a8261ee67950554b6083cca\">Iran : nouvelles manifestations apr\u00e8s la mort d&rsquo;une femme d\u00e9tenue<\/a> (AFP)<\/p>\n\n\n\n<p><strong><mark style=\"background-color:rgba(0, 0, 0, 0);color:#dc1d1d\" class=\"has-inline-color\">19 septembre en continu<\/mark><\/strong><\/p>\n\n\n\n<p><a href=\"https:\/\/fr.africanews.com\/2022\/09\/19\/the-woman-king-les-guerrieres-du-dahomey-en-haut-du-box-office\/\">\u00ab\u00a0The Woman King\u00a0\u00bb : les guerri\u00e8res du Dahomey en haut du box-office<\/a> (Africanews)<\/p>\n\n\n\n<p><a href=\"https:\/\/www.humanite.fr\/medias\/series-televisees\/une-mise-en-lumiere-des-heroines-oubliees-de-la-grande-guerre-764002#xtor=RSS-1\" target=\"_blank\" rel=\"noreferrer noopener\">Une mise en lumi\u00e8re des h\u00e9ro\u00efnes oubli\u00e9es de la Grande Guerre<\/a>&nbsp; &nbsp;(L\u2019Humanit\u00e9)<\/p>\n\n\n\n<p><a href=\"https:\/\/www.mediapart.fr\/journal\/france\/180922\/les-prejuges-sexistes-perturbent-le-diagnostic-des-troubles-de-l-attention-chez-les-filles\" target=\"_blank\" rel=\"noreferrer noopener\">Les pr\u00e9jug\u00e9s sexistes perturbent le diagnostic des troubles de l\u2019attention chez les filles<\/a>&nbsp; (M\u00e9diapart)<\/p>\n\n\n\n<p><a href=\"https:\/\/reporterre.net\/L-Histoire-est-sexiste-le-patrimoine-oublie-les-femmes-artistes\" target=\"_blank\" rel=\"noreferrer noopener\">\u00ab&nbsp;L&rsquo;Histoire est sexiste&nbsp;\u00bb&nbsp;: le patrimoine oublie les femmes artistes<\/a>&nbsp; (Reporterre)<\/p>\n\n\n\n<p><a href=\"https:\/\/www.lexpress.fr\/actualites\/1\/monde\/des-milliers-de-militants-lgbtq-defilent-a-belgrade-malgre-l-interdiction-des-autorites_2180370.html\">Des milliers de militants LGBTQ+ d\u00e9filent \u00e0 Belgrade malgr\u00e9 l\u2019interdiction des autorit\u00e9s<\/a>&nbsp;(lexpress.fr)<\/p>\n\n\n\n<p><strong><mark style=\"background-color:rgba(0, 0, 0, 0);color:#dc1d1d\" class=\"has-inline-color\">18 septembre en continu<\/mark><\/strong><\/p>\n\n\n\n<p><a href=\"https:\/\/www.arretsurimages.net\/articles\/planning-familial-les-anti-trans-cautions-progressistes-des-reacs\">Planning familial : les anti-trans, \u00ab\u00a0cautions progressistes\u00a0\u00bb des r\u00e9acs<\/a> (Arr\u00eat sur image)<\/p>\n\n\n\n<p><a href=\"https:\/\/www.letelegramme.fr\/morbihan\/vannes\/jaloux-et-violent-sur-son-compagnon-et-son-voisin-05-09-2022-13173368.php\">Jaloux et violent sur son compagnon et son voisin<\/a> (Le T\u00e9l\u00e9gramme)<\/p>\n\n\n\n<p><a href=\"https:\/\/www.francebleu.fr\/infos\/faits-divers-justice\/montbeliard-la-plainte-pour-viol-d-ophelie-claude-boxberger-par-alain-flaccus-classee-sans-suite-1662478697\">Montb\u00e9liard : la plainte pour viol de l&rsquo;athl\u00e8te Oph\u00e9lie Claude-Boxberger par Alain Flaccus class\u00e9e sans suite<\/a> (France bleu)<\/p>\n\n\n\n<p><a href=\"https:\/\/www.francetvinfo.fr\/societe\/harcelement-sexuel\/le-chroniqueur-et-historien-francois-durpaire-mis-en-examen-pour-viol-sur-une-ex-compagne_5342215.html#xtor=CS2-765-%5Bautres%5D-\">Le chroniqueur et historien Fran\u00e7ois Durpaire mis en examen pour viol sur une ex-compagne<\/a> (France Info)<\/p>\n\n\n\n<p><strong>Analyse<\/strong><\/p>\n\n\n\n<p><a href=\"https:\/\/www.slate.fr\/story\/233104\/bonnes-feuilles-vivre-fluide-mathilde-ramadier-editions-du-faubourg-bisexualite-sexe-feminisme\">Et si la bisexualit\u00e9 \u00e9tait la clef d&rsquo;une sexualit\u00e9 f\u00e9minine \u00e9panouie?<\/a> (Slate)<\/p>\n\n\n\n<p><a href=\"https:\/\/www.slate.fr\/story\/233029\/femmes-celibataires-sans-enfant-senrichissent-davantage-que-les-hommes\">Les femmes c\u00e9libataires sans enfant s&rsquo;enrichissent davantage que les hommes<\/a> (Slate)<\/p>\n\n\n\n<p><a href=\"https:\/\/www.slate.fr\/story\/232808\/cellulite-obsession-societe-profondement-sexiste-capitalisme-industrie-cosmetique-domination-masculine\">Comment les complexes autour de la cellulite ont \u00e9t\u00e9 fabriqu\u00e9s par l&rsquo;industrie cosm\u00e9tique<\/a> (Slate)<\/p>\n\n\n\n<p><a href=\"https:\/\/www.slate.fr\/story\/232799\/noms-rayonnent-litterature-lesbienne-homosexualite-romans-recherche-livres\">La fragile m\u00e9moire des noms de la litt\u00e9rature lesbienne<\/a> (Slate)<\/p>\n\n\n\n<p><a href=\"https:\/\/www.slate.fr\/story\/232693\/taille-affecte-carriere-discrimination-physique-salaire-embauche-homme-femme-petit-travail\">Votre taille peut-elle affecter votre \u00e9volution de carri\u00e8re? <\/a>(Slate)<\/p>\n\n\n\n<p><a href=\"https:\/\/www.slate.fr\/story\/232511\/femmes-trans-ont-elles-avantage-competitions-sportives\">Les femmes trans ont-elles un avantage dans les comp\u00e9titions sportives?<\/a> (Slate)<\/p>\n\n\n\n<p><a href=\"https:\/\/www.slate.fr\/story\/231656\/ecart-salarial-remuneration-femmes-hommes-medecins-duree-consultations-inegalites-temps-travail\">Les femmes m\u00e9decins passent plus de temps en consultation&#8230; et gagnent moins que les hommes<\/a> (Slate)<\/p>\n\n\n\n<p><a href=\"https:\/\/www.slate.fr\/story\/231811\/jeanne-darc-icone-lgbt-queer-garconne-chevaliere-lesbienne\">Jeanne d&rsquo;Arc, ic\u00f4ne LGBT+<\/a> (Slate)<\/p>\n\n\n\n<p><a href=\"https:\/\/www.slate.fr\/societe\/femmes-de-dessein\/elsa-von-freytag-loringhoven-baronne-dada-cancellee-duchamp-artiste-plus-influente-xxe-siecle-urinoir-fontaine-ready-made\">La baronne dada, \u00abcancell\u00e9e\u00bb par Duchamp, aurait d\u00fb \u00eatre l&rsquo;artiste la plus influente du XXe si\u00e8cle\u200b<\/a> (Slate)<\/p>\n\n\n\n<p><a href=\"https:\/\/www.slate.fr\/story\/232031\/monde-surf-stereotypes-genre-planche-vague-sexisme-corps-erotisme\">St\u00e9r\u00e9otypes de genre: le monde du surf a du pain sur la planche<\/a> (Slate)<\/p>\n\n\n\n<p><strong><a href=\"https:\/\/mailchi.mp\/0c536119a184\/standupfeministe-15522042?e=8a998e3ed5\">\u00ab\u00a0Investissement au f\u00e9minin\u00a0\u00bb : entre empowerment et femwashing<\/a> (Sorocit\u00e9)<\/strong><\/p>\n\n\n\n<p><a href=\"https:\/\/www.50-50magazine.fr\/2022\/09\/07\/margaret-maruani-les-inegalites-ici-et-maintenant-2\/\">Margaret Maruani : Les in\u00e9galit\u00e9s ici et maintenant<\/a> (50-50 magazine)<\/p>\n\n\n\n<p><a href=\"https:\/\/www.50-50magazine.fr\/2022\/09\/05\/helene-bidard-1-2\/\">H\u00e9l\u00e8ne Bidard : \u00ab&nbsp;Je souhaite que nous amplifions le travail de sensibilisation contre la prostitution des jeunes&nbsp;\u00bb 1\/2<\/a> (50-50 magazine)<\/p>\n\n\n\n<p><a href=\"https:\/\/www.50-50magazine.fr\/2022\/09\/06\/helene-bidard-il-ne-faut-pas-oublier-les-puericultrices-les-infirmieres-les-agricultrices-les-femmes-de-menages-etc-2-2\/\">H\u00e9l\u00e8ne Bidard: \u00ab&nbsp;Il ne faut pas oublier les pu\u00e9ricultrices, les infirmi\u00e8res, les agricultrices, les femmes de m\u00e9nages, etc.&nbsp;\u00bb 2\/2<\/a> (50-50 magazine)<\/p>\n\n\n\n<p><a href=\"https:\/\/www.50-50magazine.fr\/2022\/08\/31\/rentree-des-classes-2022-face-a-la-montee-des-violences-chez-les-jeunes-le-hce-appelle-a-un-plan-durgence-de-legalite-a-lecole\/\">Rentr\u00e9e des classes 2022 : face \u00e0 la mont\u00e9e des violences chez les jeunes, le HCE appelle \u00e0 un plan d\u2019urgence de l\u2019\u00e9galit\u00e9 \u00e0 l\u2019\u00e9cole<\/a> (50-50 magazine)<\/p>\n\n\n\n<p><a href=\"https:\/\/www.50-50magazine.fr\/2022\/08\/29\/le-patriarcat-coute-aux-femmes\/\">Lucile Peytavin et Lucile Quillet : Ce que le patriarcat co\u00fbte aux femmes et \u00e0 la soci\u00e9t\u00e9<\/a> (50-50 magazine)<\/p>\n\n\n\n<p><a href=\"https:\/\/www.50-50magazine.fr\/2022\/08\/29\/micro-trottoir-que-pensez-vous-de-la-contraception-masculine\/\">Micro-trottoir : Que pensez-vous de la contraception masculine?<\/a> (50-50 magazine)<\/p>\n\n\n\n<p><a href=\"https:\/\/www.50-50magazine.fr\/2022\/08\/26\/chronique-elle-etait-une-fois-lactue-vive-la-feminisme-et-vive-les-femmes-2\/\">Chronique elle \u00e9tait une fois l\u2019actue: Vive la F\u00e9minisme et vive les femmes !<\/a> (50-50 magazine)<\/p>\n\n\n\n<p><a href=\"https:\/\/www.50-50magazine.fr\/2022\/08\/25\/front-feministe-liberte-egalite-feminisme\/\">FRONT F\u00c9MINISTE : LIBERT\u00c9 \u00c9GALIT\u00c9 F\u00c9MINISME<\/a> (50-50 magazine)<\/p>\n\n\n\n<p><a href=\"https:\/\/www.50-50magazine.fr\/2022\/08\/24\/armelle-renaudin-ce-sont-ces-petites-entreprises-creees-par-des-femmes-qui-ont-besoin-de-lappui-dentrepreneurs-du-monde\/\">Armelle Renaudin : \u00ab&nbsp;ce sont ces petites entreprises, cr\u00e9\u00e9es par des femmes, qui ont besoin de l\u2019appui d\u2019Entrepreneurs du Monde&nbsp;\u00bb<\/a> (50-50 magazine)<\/p>\n\n\n\n<p><a href=\"https:\/\/www.50-50magazine.fr\/2022\/08\/23\/les-oubliees-des-manuels-dhistoire-3-3\/\">LES OUBLI\u00c9ES DES MANUELS D\u2019HISTOIRE<\/a> (50-50 magazine)<\/p>\n\n\n\n<p><a href=\"https:\/\/www.50-50magazine.fr\/2022\/03\/10\/tiffanie-pichon-ce-serait-bien-quil-y-ait-plus-de-femmes-dans-le-milieu-de-la-tech\/\">Tiffanie Pichon \u00ab&nbsp;Ce serait bien qu\u2019il y ait plus de femmes dans le milieu maker !&nbsp;\u00bb<\/a> (50-50 magazine)<\/p>\n\n\n\n<p><a href=\"https:\/\/www.50-50magazine.fr\/2022\/02\/17\/emmanuelle-laroque-le-numerique-cest-pour-tout-le-monde-et-pour-toutes-les-femmes\/\">Emmanuelle Larroque : \u00ab&nbsp;Le num\u00e9rique c\u2019est pour tout le monde, pour toutes les femmes&nbsp;\u00bb<\/a> (50-50 magazine)<\/p>\n\n\n\n<p><a href=\"https:\/\/www.50-50magazine.fr\/2022\/02\/02\/samia-ghozlane-jai-toujours-le-meme-message-pour-les-jeunes-femmes-qui-souhaitent-aller-vers-les-metiers-du-numerique-quelles-osent\/\">Samia Ghozlane : \u00ab&nbsp;J\u2019ai toujours le m\u00eame message pour les jeunes femmes qui souhaitent aller vers les m\u00e9tiers du num\u00e9rique: qu\u2019elles osent \u2026&nbsp;\u00bb<\/a> (50-50 magazine)<\/p>\n\n\n\n<p><a href=\"https:\/\/www.50-50magazine.fr\/2022\/01\/26\/les-calculatrices-humaines-de-la-nasa\/\">\u00ab&nbsp;Les calculatrices humaines&nbsp;\u00bb de la NASA<\/a> (50-50 magazine)<\/p>\n\n\n\n<p><a href=\"https:\/\/www.50-50magazine.fr\/2022\/01\/19\/les-oubliees-du-numerique\/\">Les oubli\u00e9es du num\u00e9rique<\/a> (50-50 magazine)<\/p>\n\n\n\n<p><a href=\"https:\/\/www.50-50magazine.fr\/2022\/01\/19\/numeriquelles\/\">Num\u00e9riqu\u2019elles&nbsp;<\/a> (50-50 magazine)<\/p>\n\n\n\n<p><strong>Monde<\/strong><\/p>\n\n\n\n<p><a href=\"https:\/\/www.la-croix.com\/Monde\/En-Iran-deux-militantes-LGBT-condamnees-mort-2022-09-04-1201231573\">En Iran, deux militantes LGBT condamn\u00e9es \u00e0 mort<\/a> (La Croix)<\/p>\n\n\n\n<p><a href=\"https:\/\/www.leparisien.fr\/international\/iran-deux-lesbiennes-et-militantes-lgbtq-condamnees-a-mort-05-09-2022-ISDGHVASTJAZVATKTOUQIQQMQ4.php#xtor=AD-1481423553\">Iran : deux lesbiennes et militantes LGBTQ condamn\u00e9es \u00e0 mort<\/a> (Le Parisien)<\/p>\n\n\n\n<p><a href=\"https:\/\/www.slate.fr\/story\/232723\/inde-manifestations-apres-liberation-onze-hommes-condamnes-viol-collectif-meurtre-emeutes-religieuses-gujarat-2002\">En Inde, des manifestations apr\u00e8s la lib\u00e9ration de onze hommes condamn\u00e9s pour viol collectif<\/a> (Slate)<\/p>\n\n\n\n<p><a href=\"https:\/\/www.slate.fr\/story\/233214\/pourquoi-droite-americaine-peur-drag-queens-etats-unis-guerre-culturelle\">Pourquoi la droite am\u00e9ricaine a peur des drag queens<\/a> (Slate)<\/p>\n\n\n\n<p><a href=\"https:\/\/www.slate.fr\/story\/233055\/poupee-barbie-premiere-femme-noire-millionnaire-etats-unis-feminisme\">Une poup\u00e9e Barbie cr\u00e9\u00e9e \u00e0 l&rsquo;effigie de la premi\u00e8re femme noire millionnaire et autodidacte aux \u00c9tats-Unis<\/a> (Slate)<\/p>\n\n\n\n<p><a href=\"https:\/\/www.slate.fr\/story\/232825\/etats-unis-nouveau-danger-droits-lgbt-cour-supreme-liberte-religion-discrimination\">Aux \u00c9tats-Unis, les droits LGBT+ remis en cause par une webdesigneuse tr\u00e8s religieuse<\/a> (Slate)<\/p>\n\n\n\n<p><a href=\"https:\/\/www.slate.fr\/story\/231900\/proces-viol-enfant-12-ans-pousse-justice-neo-zelandaise-reconsiderer-legislation-consentement\">Un proc\u00e8s pour viol sur une enfant de 12 ans pousse la justice n\u00e9o-z\u00e9landaise \u00e0 interroger sa l\u00e9gislation<\/a> (Slate)<\/p>\n\n\n\n<p><a href=\"https:\/\/www.50-50magazine.fr\/2022\/09\/01\/lespagne-donne-lexemple-en-legislation-feministe\/\">L\u2019Espagne donne l\u2019exemple en l\u00e9gislation f\u00e9ministe<\/a> (50-50 magazine)<\/p>\n\n\n\n<p><strong>Avortement<\/strong><\/p>\n\n\n\n<p><a href=\"https:\/\/www.50-50magazine.fr\/2022\/09\/15\/le-droit-a-lavortement-doit-etre-reconnu-comme-droit-fondamental-partout-et-tout-le-temps\/\">Le droit \u00e0 l\u2019avortement doit \u00eatre reconnu comme droit fondamental partout et tout le temps<\/a> \u2013 manifestation le 28 septembre (50-50 magazine)<\/p>\n\n\n\n<p><strong><mark style=\"background-color:rgba(0, 0, 0, 0);color:#dc1d1d\" class=\"has-inline-color\">16 septembre en continu<\/mark><\/strong><\/p>\n\n\n\n<figure class=\"wp-block-image size-full is-resized\"><img data-recalc-dims=\"1\" loading=\"lazy\" decoding=\"async\" src=\"https:\/\/i0.wp.com\/www.rdpemancipation.org\/wp-content\/uploads\/2022\/09\/image-174.png?resize=286%2C505&#038;ssl=1\" alt=\"\" class=\"wp-image-98175\" width=\"286\" height=\"505\" srcset=\"https:\/\/i0.wp.com\/www.rdpemancipation.org\/wp-content\/uploads\/2022\/09\/image-174.png?w=526&amp;ssl=1 526w, https:\/\/i0.wp.com\/www.rdpemancipation.org\/wp-content\/uploads\/2022\/09\/image-174.png?resize=170%2C300&amp;ssl=1 170w\" sizes=\"auto, (max-width: 286px) 100vw, 286px\" \/><\/figure>\n\n\n\n<p><strong><mark style=\"background-color:rgba(0, 0, 0, 0);color:#dc1d1d\" class=\"has-inline-color\">15 septembre en continu<\/mark><\/strong><\/p>\n\n\n\n<p><a href=\"https:\/\/entreleslignesentrelesmots.wordpress.com\/indispensable\/\">De \u00ab L\u2019Ennemi principal \u00bb aux principaux ennemis<\/a> (Entre les lignes)<\/p>\n\n\n\n<figure class=\"wp-block-image size-full\"><img data-recalc-dims=\"1\" loading=\"lazy\" decoding=\"async\" width=\"194\" height=\"300\" src=\"https:\/\/i0.wp.com\/www.rdpemancipation.org\/wp-content\/uploads\/2022\/09\/image-165.png?resize=194%2C300&#038;ssl=1\" alt=\"\" class=\"wp-image-98096\"\/><\/figure>\n\n\n\n<p><strong><mark style=\"background-color:rgba(0, 0, 0, 0);color:#dc1d1d\" class=\"has-inline-color\">14 septembre en continu<\/mark><\/strong><\/p>\n\n\n\n<p><a href=\"https:\/\/www.causette.fr\/en-prive\/amours\/etats-unis-des-mariages-gay-express-par-crainte-dun-revers-de-la-cour-supreme\">\u00c9tats-Unis : des mariages gay express par crainte d\u2019un revers de la Cour supr\u00eame<\/a> (Causette)<\/p>\n\n\n\n<p><a href=\"https:\/\/www.francetvinfo.fr\/monde\/afrique\/politique-africaine\/senegal-les-femmes-occupent-pres-de-la-moitie-des-sieges-de-la-nouvelle-assemblee_5358421.html\">S\u00e9n\u00e9gal : les femmes occupent pr\u00e8s de la moiti\u00e9 des si\u00e8ges de la nouvelle Assembl\u00e9e<\/a> (France info)<\/p>\n\n\n\n<p><a href=\"https:\/\/nwlc.org\/press-release\/in-2021-more-than-12-million-women-and-girls-lacked-health-insurance-poverty-rates-still-adversely-affected-women-of-color-at-higher-rates-than-their-white-counterparts-and-the-wage-gap-has-for-wom\/\">USA : en 2021, plus de 12 millions de femmes et de jeunes filles n&rsquo;avaient pas d&rsquo;assurance maladie<\/a> (NWLC)<\/p>\n\n\n\n<p><a href=\"https:\/\/www.causette.fr\/societe\/a-l-etranger\/hongrie-un-decret-oblige-les-femmes-qui-desirent-avorter-a-etre-confrontees-aux-fonctions-vitales-du-foetus\">Hongrie : un d\u00e9cret oblige les femmes qui d\u00e9sirent avorter \u00e0 \u00eatre confront\u00e9es aux \u00ab fonctions vitales \u00bb du f\u0153tus<\/a> (Causette)<\/p>\n\n\n\n<p><a href=\"https:\/\/www.contretemps.eu\/queer-ecologie-deviante-ecofeminisme-luttes\/\">Queeriser l\u2019\u00e9cologie, \u00e9cologiser les luttes queer<\/a> (Contretemps)<\/p>\n\n\n\n<figure class=\"wp-block-image size-large is-resized\"><img data-recalc-dims=\"1\" loading=\"lazy\" decoding=\"async\" src=\"https:\/\/i0.wp.com\/www.rdpemancipation.org\/wp-content\/uploads\/2022\/09\/image-150.png?resize=350%2C181&#038;ssl=1\" alt=\"\" class=\"wp-image-97938\" width=\"350\" height=\"181\" srcset=\"https:\/\/i0.wp.com\/www.rdpemancipation.org\/wp-content\/uploads\/2022\/09\/image-150.png?resize=1024%2C529&amp;ssl=1 1024w, https:\/\/i0.wp.com\/www.rdpemancipation.org\/wp-content\/uploads\/2022\/09\/image-150.png?resize=300%2C155&amp;ssl=1 300w, https:\/\/i0.wp.com\/www.rdpemancipation.org\/wp-content\/uploads\/2022\/09\/image-150.png?resize=768%2C397&amp;ssl=1 768w, https:\/\/i0.wp.com\/www.rdpemancipation.org\/wp-content\/uploads\/2022\/09\/image-150.png?resize=1536%2C794&amp;ssl=1 1536w, https:\/\/i0.wp.com\/www.rdpemancipation.org\/wp-content\/uploads\/2022\/09\/image-150.png?w=1670&amp;ssl=1 1670w\" sizes=\"auto, (max-width: 350px) 100vw, 350px\" \/><\/figure>\n\n\n\n<p><strong><mark style=\"background-color:rgba(0, 0, 0, 0);color:#dc1d1d\" class=\"has-inline-color\">13 septembre en continu<\/mark><\/strong><\/p>\n\n\n\n<p><a href=\"https:\/\/www.causette.fr\/en-prive\/amours\/tinder-a-dix-ans-comment-adopte-un-mec-sest-mis-au-slow-dating-pour-survivre\">Tinder a dix ans : la revanche des applis de slow dating a\u2011t-elle sonn\u00e9 ?<\/a> (Causette)<\/p>\n\n\n\n<p><a href=\"https:\/\/www.lequotidiendumedecin.fr\/hopital\/viols-lhopital-de-nanterre-un-suspect-mis-en-examen\">Viols \u00e0 l&rsquo;h\u00f4pital de Nanterre : un suspect mis en examen<\/a> (Le quotidien du m\u00e9decin)<\/p>\n\n\n\n<p><a href=\"https:\/\/www.causette.fr\/societe\/en-france\/affaire-nicolas-hulot-la-justice-classe-lenquete-pour-viol-et-agression-sexuelle-sur-mineure-en-raison-de-la-prescription\">Affaire Nicolas Hulot : la justice classe l&rsquo;enqu\u00eate pour viol en raison de la prescription<\/a> (Causette)<\/p>\n\n\n\n<p><strong><mark style=\"background-color:rgba(0, 0, 0, 0);color:#dc1d1d\" class=\"has-inline-color\">12 septembre en continu<\/mark><\/strong><\/p>\n\n\n\n<p><a href=\"https:\/\/www.causette.fr\/feminismes\/figures\/journees-du-matrimoine-2022-place-aux-creatrices-du-passe\">Journ\u00e9es du matrimoine 2022 : place aux cr\u00e9atrices du pass\u00e9<\/a> (Causette)<\/p>\n\n\n\n<figure class=\"wp-block-image size-full is-resized\"><img data-recalc-dims=\"1\" loading=\"lazy\" decoding=\"async\" src=\"https:\/\/i0.wp.com\/www.rdpemancipation.org\/wp-content\/uploads\/2022\/09\/image-117.png?resize=290%2C329&#038;ssl=1\" alt=\"\" class=\"wp-image-97673\" width=\"290\" height=\"329\" srcset=\"https:\/\/i0.wp.com\/www.rdpemancipation.org\/wp-content\/uploads\/2022\/09\/image-117.png?w=500&amp;ssl=1 500w, https:\/\/i0.wp.com\/www.rdpemancipation.org\/wp-content\/uploads\/2022\/09\/image-117.png?resize=265%2C300&amp;ssl=1 265w\" sizes=\"auto, (max-width: 290px) 100vw, 290px\" \/><\/figure>\n\n\n\n<p><a href=\"http:\/\/www.cafepedagogique.net\/lexpresso\/Pages\/2022\/09\/12092022Article637985579958315184.aspx\">La revanche scolaire des autrices ? <\/a>&nbsp;(Caf\u00e9 p\u00e9dagoqique)<\/p>\n\n\n\n<p><a href=\"https:\/\/www.causette.fr\/culture\/livres\/sarah-jollien-fardel-prix-du-roman-fnac-jai-une-empathie-particuliere-pour-les-personnes-empechees\">Sarah Jollien-Fardel, Prix du Roman Fnac&nbsp;<\/a>(Causette)<\/p>\n\n\n\n<p><strong><mark style=\"background-color:rgba(0, 0, 0, 0);color:#dc1d1d\" class=\"has-inline-color\">10 septembre en continu<\/mark><\/strong><\/p>\n\n\n\n<p><a href=\"https:\/\/www.boursorama.com\/videos\/actualites\/excision-en-sierra-leone-le-combat-des-jeunes-femmes-contre-cette-mutilation-caf07b793da13ca0e6eef030a4b4f6c6\">Excision en <strong>Sierra Leone<\/strong> : le combat des jeunes femmes contre cette mutilation<\/a> (France 24)<\/p>\n\n\n\n<p><a href=\"https:\/\/www.boursorama.com\/actualite-economique\/actualites\/allemagne-la-cdu-se-fixe-un-quota-de-femmes-et-un-objectif-de-parite-en-2025-49799c5a849d4372a32af142c9b36ab7\"><strong>Allemagne<\/strong>&nbsp;: la CDU se fixe un quota de femmes et un objectif de parit\u00e9 en 2025<\/a>&nbsp;(AFP)<\/p>\n\n\n\n<p><strong><mark style=\"background-color:rgba(0, 0, 0, 0);color:#dc1d1d\" class=\"has-inline-color\">9 septembre en continu<\/mark><\/strong><\/p>\n\n\n\n<p><a href=\"https:\/\/www.lemonde.fr\/idees\/article\/2022\/09\/06\/par-dela-l-androcene-une-poignee-d-oppresseurs-aux-commandes_6140323_3232.html\">\u00ab&nbsp;Par-del\u00e0 l\u2019androc\u00e8ne&nbsp;\u00bb&nbsp;: une poign\u00e9e d\u2019oppresseurs aux commandes<\/a><a> (Le Monde)<\/a><\/p>\n\n\n\n<p><strong><mark style=\"background-color:rgba(0, 0, 0, 0);color:#dc1d1d\" class=\"has-inline-color\">7 septembre en continu<\/mark><\/strong><\/p>\n\n\n\n<p><a href=\"https:\/\/www.youtube.com\/watch?v=s0XP9uhCCxM\">\u00ab\u00a0Mais l\u00e2chez la, votre virilit\u00e9\u00a0\u00bb Sandrine Rousseau<\/a> (Le M\u00e9dia)<\/p>\n\n\n\n<p><strong><mark style=\"background-color:rgba(0, 0, 0, 0);color:#dc1d1d\" class=\"has-inline-color\">6 septembre en continu<\/mark><\/strong><\/p>\n\n\n\n<p><a href=\"https:\/\/www.contretemps.eu\/feminisme-socialiste-barbara-ehrenreich\/\">Qu\u2019est-ce que le f\u00e9minisme socialiste ?<\/a> (Contretemps)<\/p>\n\n\n\n<figure class=\"wp-block-image size-full is-resized\"><img data-recalc-dims=\"1\" loading=\"lazy\" decoding=\"async\" src=\"https:\/\/i0.wp.com\/www.rdpemancipation.org\/wp-content\/uploads\/2022\/09\/image-56.png?resize=385%2C207&#038;ssl=1\" alt=\"\" class=\"wp-image-97069\" width=\"385\" height=\"207\" srcset=\"https:\/\/i0.wp.com\/www.rdpemancipation.org\/wp-content\/uploads\/2022\/09\/image-56.png?w=1024&amp;ssl=1 1024w, https:\/\/i0.wp.com\/www.rdpemancipation.org\/wp-content\/uploads\/2022\/09\/image-56.png?resize=300%2C162&amp;ssl=1 300w, https:\/\/i0.wp.com\/www.rdpemancipation.org\/wp-content\/uploads\/2022\/09\/image-56.png?resize=768%2C414&amp;ssl=1 768w\" sizes=\"auto, (max-width: 385px) 100vw, 385px\" \/><\/figure>\n\n\n\n<p><a href=\"https:\/\/mailchi.mp\/philomag\/pmfr20220905lettre?e=349694211b\">Le \u2018\u2019barbeuc\u2019\u2019, totem de la virilit\u00e9&nbsp;?<\/a> (Philomag)<\/p>\n\n\n\n<p><a href=\"https:\/\/3wpse.r.ag.d.sendibm3.com\/mk\/cl\/f\/xFZO6n2fFAbMnW9akBrLRG38Y9_z9VX-plMOUnxgsLEe8n7jeVe2s0o213viBIu6wfyrTGNvASOyenmM6kqB9CuLF4Ey2Qc0Fkfm0OH2Qt9hzOGCg88ghhjK01pWpbr-Z56G948itGz3dT43tZYWx1ReKBTGSEl4KVZJZ6Vy9kiWZF-FtwOm6gnxSmMMmMNmcZj4Jkkt9nNpXAfmZe6ODFTDbjsY35aeiBVbbmcMPhVP_5ifw2jxF2XOp89xHJfcGLrPOZy_U1MR3CV7q8hjg9OY_5n07B5P-JJyxBntKw-GVbJ5zTksfWGSM2a24A5Nwm3GNr1cTb4u3OsdVqme0E54gI8e0xyickEbwJtHW6BoqTW3nPcubryEWdgRw-chG2gSRrPVrfVs26FbY2Hm3EvjFbIN4gk-NA\">2022, l\u2019ann\u00e9e du phallocrate<\/a> (Charlie Hebdo)<\/p>\n\n\n\n<p><strong><mark style=\"background-color:rgba(0, 0, 0, 0);color:#dc1d1d\" class=\"has-inline-color\">3 septembre en continu<\/mark><\/strong><\/p>\n\n\n\n<p><a href=\"https:\/\/www.youtube.com\/watch?v=ZBgR59c9Z7U\">Harc\u00e8lement, sexisme, violences sexuelles&nbsp;: la face sombre des politiques<\/a> (Blast) Vid\u00e9o 47mn<\/p>\n\n\n\n<p><a href=\"https:\/\/www.francetvinfo.fr\/societe\/harcelement-sexuel\/accusations-d-inceste-contre-richard-berry-l-enquete-est-classee-sans-suite_5336059.html\">Accusations d&rsquo;inceste contre Richard Berry : l&rsquo;enqu\u00eate est class\u00e9e sans suite pour prescription<\/a> (France info)<\/p>\n\n\n\n<p><a href=\"https:\/\/www.leparisien.fr\/val-de-marne-94\/fontenay-sous-bois-deux-femmes-victimes-dune-agression-sexuelle-et-homophobe-26-08-2022-A6UHPELLWRHH5C3U3RZVRT3ISU.php\">Fontenay-sous-Bois : deux femmes victimes d\u2019une agression sexuelle et homophobe<\/a> (Le Parisien)<\/p>\n\n\n\n<p><a href=\"https:\/\/www.cnews.fr\/faits-divers\/2022-08-27\/nantes-un-homme-soupconne-davoir-enleve-et-viole-une-fillette-de-11-ans\">Nantes : Un homme interpell\u00e9, soup\u00e7onn\u00e9 d&rsquo;avoir enlev\u00e9 et viol\u00e9 une fillette de 11 ans<\/a> (CNews)<\/p>\n\n\n\n<p><a href=\"https:\/\/www.bfmtv.com\/police-justice\/nantes-un-gendarme-usurpe-l-identite-de-son-superieur-pour-harceler-son-ancienne-compagne_AN-202208260478.html\">Nantes: un gendarme usurpe l&rsquo;identit\u00e9 de son sup\u00e9rieur pour harceler son ancienne compagne<\/a> (BFMTV)<\/p>\n\n\n\n<p><a href=\"https:\/\/www.cnews.fr\/france\/2022-08-24\/paris-une-jeune-femme-violee-dans-une-camionnette-un-homme-interpelle-1257392\">Paris : une jeune femme viol\u00e9e dans une camionnette, un homme interpell\u00e9<\/a> (CNEWS)<\/p>\n\n\n\n<p><a href=\"https:\/\/www.lanouvellerepublique.fr\/niort\/le-patriarcat-thematique-du-festival-impulsions\">Le patriarcat, th\u00e9matique du festival Impulsions \u00e0 Niort<\/a> (La nouvelle r\u00e9publique)<\/p>\n\n\n\n<p><a href=\"https:\/\/www.change.org\/p\/appel-%C3%A0-d%C3%A9velopper-la-contraception-masculine-arr%C3%AAtez-de-vous-dorer-la-pilule-contraceptonsnous?recruiter=1274359724&amp;recruited_by_id=ec4fc780-21fc-11ed-b926-9b2f1fcaed23&amp;utm_source=share_petition&amp;utm_campaign=share_for_starters_page&amp;utm_medium=copylink\">Appel \u00e0 d\u00e9velopper la contraception masculine : arr\u00eatez de vous dorer la pilule!<\/a> (Lib\u00e9ration)<\/p>\n\n\n\n<p><strong>Analyse<\/strong><\/p>\n\n\n\n<p><a href=\"https:\/\/www.lemonde.fr\/societe\/article\/2022\/08\/26\/les-feminicides-en-hausse-de-20-en-2021-par-rapport-a-2020_6139137_3224.html#xtor=AL-32280270-[default]-[android]\">Les f\u00e9minicides en hausse de 20 % en 2021 par rapport \u00e0 2020<\/a> (Le Monde)<\/p>\n\n\n\n<p><a href=\"https:\/\/www.liberation.fr\/idees-et-debats\/tribunes\/le-planning-familial-nous-navons-pas-oublie-quil-fallait-un-uterus-pour-vivre-une-grossesse-20220826_CQ44XHQPQNBDHBQKZKMIZL6UKQ\/\">Le Planning familial: \u00abNous n\u2019avons pas oubli\u00e9 qu\u2019il fallait un ut\u00e9rus pour vivre une grossesse\u00bb<\/a> (Lib\u00e9ration)<\/p>\n\n\n\n<p><a href=\"https:\/\/www.bfmtv.com\/societe\/on-n-oblige-personne-a-devenir-comme-nous-le-temoignage-d-un-homme-transgenre-qui-a-accouche_AV-202208220610.html\">\u00ab\u00a0On n&rsquo;oblige personne \u00e0 devenir comme nous\u00a0\u00bb<\/a> (BFMTV)<\/p>\n\n\n\n<p><a href=\"https:\/\/www.mediapart.fr\/journal\/france\/270822\/feminicides-au-sein-du-couple-adolescentes-et-jeunes-filles-des-victimes-hors-des-radars?utm_source=global&amp;utm_medium=social&amp;utm_campaign=SharingApp&amp;xtor=CS3-5\">F\u00e9minicides au sein du couple : adolescentes et jeunes filles, des victimes \u00ab hors des radars \u00bb<\/a> (Mediapart)<\/p>\n\n\n\n<p><a href=\"https:\/\/blogs.mediapart.fr\/resyfem\/blog\/290822\/violences-sexuelles-les-syndicats-doivent-faire-mieux-que-la-justice-patriarcale?utm_source=global&amp;utm_medium=social&amp;utm_campaign=SharingApp&amp;xtor=CS3-5\">Violences sexuelles : les syndicats doivent faire mieux que la justice patriarcale<\/a> (Le Club de Mediapart)<\/p>\n\n\n\n<p><a href=\"https:\/\/www.huffingtonpost.fr\/life\/article\/pourquoi-la-loi-espagnole-sur-le-viol-et-le-consentement-devrait-inspirer-la-france_206980.html?utm_term=Autofeed\">Pourquoi la loi espagnole sur le viol et le consentement devrait inspirer la France<\/a> (Le HuffPost)<\/p>\n\n\n\n<p><a href=\"https:\/\/www.nouvelobs.com\/societe\/20220823.OBS62287\/fanoos-basir-footballeuse-feministe-afghane-refugiee-en-france-depuis-un-an-j-ai-l-impression-qu-on-n-interesse-plus-personne.html\">Fanoos Basir, footballeuse f\u00e9ministe afghane, r\u00e9fugi\u00e9e en France depuis un an<\/a> (L\u2019obs)<\/p>\n\n\n\n<p><a href=\"https:\/\/insolente-veggie.com\/viande-et-virilite-une-contradiction\/\">Viande et virilit\u00e9 : une contradiction ?<\/a> (Insolente Veggie)<\/p>\n\n\n\n<figure class=\"wp-block-image size-full\"><img data-recalc-dims=\"1\" loading=\"lazy\" decoding=\"async\" width=\"308\" height=\"513\" src=\"https:\/\/i0.wp.com\/www.rdpemancipation.org\/wp-content\/uploads\/2022\/09\/image-44.png?resize=308%2C513&#038;ssl=1\" alt=\"\" class=\"wp-image-96961\" srcset=\"https:\/\/i0.wp.com\/www.rdpemancipation.org\/wp-content\/uploads\/2022\/09\/image-44.png?w=308&amp;ssl=1 308w, https:\/\/i0.wp.com\/www.rdpemancipation.org\/wp-content\/uploads\/2022\/09\/image-44.png?resize=180%2C300&amp;ssl=1 180w\" sizes=\"auto, (max-width: 308px) 100vw, 308px\" \/><\/figure>\n\n\n\n<p><a href=\"https:\/\/sorocite.com\/2021\/01\/22\/feminisme-et-vegetarisme-les-deux-faces-dun-meme-combat\/\">F\u00e9minisme et v\u00e9g\u00e9tarisme : les deux faces d\u2019un m\u00eame combat ?<\/a> (Sorocit\u00e9)<\/p>\n\n\n\n<figure class=\"wp-block-image size-full\"><img data-recalc-dims=\"1\" loading=\"lazy\" decoding=\"async\" width=\"285\" height=\"473\" src=\"https:\/\/i0.wp.com\/www.rdpemancipation.org\/wp-content\/uploads\/2022\/09\/image-45.png?resize=285%2C473&#038;ssl=1\" alt=\"\" class=\"wp-image-96963\" srcset=\"https:\/\/i0.wp.com\/www.rdpemancipation.org\/wp-content\/uploads\/2022\/09\/image-45.png?w=285&amp;ssl=1 285w, https:\/\/i0.wp.com\/www.rdpemancipation.org\/wp-content\/uploads\/2022\/09\/image-45.png?resize=181%2C300&amp;ssl=1 181w\" sizes=\"auto, (max-width: 285px) 100vw, 285px\" \/><\/figure>\n\n\n\n<p><a href=\"https:\/\/www.cairn.info\/revue-travail-genre-et-societes-2021-2-page-5.htm\">Margaret Maruani, Le travail \u00e0 l\u2019\u00e9preuve du f\u00e9minisme<\/a> (Cairn)<\/p>\n\n\n\n<p><a href=\"https:\/\/m.youtube.com\/watch?v=Mnq_Igc5w-c\">La dialectique du calbute sale<\/a> (Ovidie &#8211; Podcast)<\/p>\n\n\n\n<p><strong>Monde<\/strong><\/p>\n\n\n\n<p><a href=\"https:\/\/orientxxi.info\/magazine\/la-revolution-tranquille-des-femmes-dans-la-syrie-d-apres-guerre,5832\">L\u2019\u00e2pre bataille des femmes <strong>syriennes<\/strong> pour l\u2019\u00e9galit\u00e9<\/a> (OrientXXI)<\/p>\n\n\n\n<p><a href=\"https:\/\/www.middleeasteye.net\/fr\/actu-et-enquetes\/arabie-saoudite-video-policiers-frapper-femmes-orphelinat-mbs\"><strong>Arabie saoudite<\/strong>&nbsp;: une vid\u00e9o montre des policiers frapper des femmes dans un orphelinat<\/a> (MEE)<\/p>\n\n\n\n<p><a href=\"https:\/\/www.boursorama.com\/videos\/actualites\/afghanistan-a-kaboul-dans-une-ecole-clandestine-pour-filles-eabd0b4a6c3658ae00f417198fb4d188\"><strong>Afghanistan<\/strong> : \u00e0 Kaboul, dans une \u00e9cole clandestine pour filles<\/a> (France 24)<\/p>\n\n\n\n<p><a href=\"https:\/\/www.theguardian.com\/world\/2022\/aug\/31\/canada-chrystia-freeland-deputy-pm-threats-women?utm_term=Autofeed&amp;CMP=twt_gu&amp;utm_medium&amp;utm_source=Twitter#Echobox=1661969745\">Freeland ambush highlights growing threats to women in Canadian public life<\/a> (The Guardian)<\/p>\n\n\n\n<p><a href=\"https:\/\/www.liberation.fr\/international\/europe\/lespagne-consacre-le-consentement-sexuel-dans-la-loi-20220828_SUZED3NH5FCJJIXBMJF75PHJNM\/?utm_medium=Social&amp;utm_source=Facebook&amp;xtor=CS7-50-#Echobox=1661708646\">L\u2019Espagne consacre le consentement sexuel dans la loi<\/a> (Lib\u00e9ration)<\/p>\n\n\n\n<p><a href=\"https:\/\/lnkd.in\/e86_sSyb\">Colombie. L\u2019\u00c9glise publie une liste de 26 pr\u00eatres accus\u00e9s d\u2019agressions sexuelles<\/a> (Ouest France)<\/p>\n\n\n\n<p><a href=\"http:\/\/www.slate.fr\/story\/232631\/etats-unis-floride-juge-jared-smith-refus-ivg-demande-avortement-notes-scolaires-insuffisantes?utm_source=ownpage&amp;utm_medium=newsletter&amp;utm_campaign=daily_20220826&amp;_ope=eyJndWlkIjoiOThhZjk5NzYyMzEyNGEyZDhhYjg2NDk3NTJhYjNhMTYifQ%3D%3D\">Un juge qui refusait une IVG \u00e0 une ado \u00e0 cause de ses notes scolaires pouss\u00e9 vers la sortie<\/a> (Slate)<\/p>\n\n\n\n<p><a href=\"https:\/\/www.mediapart.fr\/journal\/international\/240822\/affaire-salma-al-shehab-l-arabie-saoudite-traite-les-militantes-feministes-pire-que-des-terroristes?utm_source=global&amp;utm_medium=social&amp;utm_campaign=SharingApp&amp;xtor=CS3-5\">Affaire Salma al-Shehab : l\u2019Arabie saoudite traite les militantes f\u00e9ministes \u00ab pire que des terroristes \u00bb<\/a> (Mediapart)<\/p>\n\n\n\n<p><strong><mark style=\"background-color:rgba(0, 0, 0, 0);color:#dc1d1d\" class=\"has-inline-color\">1er septembre en continu<\/mark><\/strong><\/p>\n\n\n\n<p><a href=\"https:\/\/lejournal.cnrs.fr\/billets\/lunion-des-femmes-ferait-leur-force\">L\u2019union des femmes ferait leur force<\/a> (Journal du CNRS)<\/p>\n","protected":false},"excerpt":{"rendered":"<p>30 septembre en continu La violence contre les femmes indig\u00e8nes : un d\u00e9fi mondial \u00a0(ritimo) 29 septembre en continu Le genre existe aussi chez les autres primates (Pour la science) Riposte f\u00e9minine (Bande annonce) 26 septembre en continu F\u00e9minicide, chronologie d&rsquo;une incompr\u00e9hension m\u00e9diatique&nbsp; (Arr\u00eat sur images) Les femmes iraniennes explosent de col\u00e8re contre l&rsquo;oppression&nbsp; (Orient &#8230; <a title=\"Septembre &#8211; F\u00e9minisme\/LGBT+\" class=\"read-more\" href=\"https:\/\/www.rdpemancipation.org\/?p=96448\" aria-label=\"En savoir plus sur Septembre &#8211; F\u00e9minisme\/LGBT+\">Lire la suite<\/a><\/p>\n","protected":false},"author":1,"featured_media":0,"comment_status":"closed","ping_status":"closed","sticky":false,"template":"","format":"standard","meta":{"_lmt_disableupdate":"","_lmt_disable":"","_jetpack_memberships_contains_paid_content":false,"footnotes":""},"categories":[12],"tags":[],"class_list":["post-96448","post","type-post","status-publish","format-standard","hentry","category-feminisme"],"modified_by":"nch","jetpack_featured_media_url":"","jetpack_sharing_enabled":true,"_links":{"self":[{"href":"https:\/\/www.rdpemancipation.org\/index.php?rest_route=\/wp\/v2\/posts\/96448","targetHints":{"allow":["GET"]}}],"collection":[{"href":"https:\/\/www.rdpemancipation.org\/index.php?rest_route=\/wp\/v2\/posts"}],"about":[{"href":"https:\/\/www.rdpemancipation.org\/index.php?rest_route=\/wp\/v2\/types\/post"}],"author":[{"embeddable":true,"href":"https:\/\/www.rdpemancipation.org\/index.php?rest_route=\/wp\/v2\/users\/1"}],"replies":[{"embeddable":true,"href":"https:\/\/www.rdpemancipation.org\/index.php?rest_route=%2Fwp%2Fv2%2Fcomments&post=96448"}],"version-history":[{"count":47,"href":"https:\/\/www.rdpemancipation.org\/index.php?rest_route=\/wp\/v2\/posts\/96448\/revisions"}],"predecessor-version":[{"id":99579,"href":"https:\/\/www.rdpemancipation.org\/index.php?rest_route=\/wp\/v2\/posts\/96448\/revisions\/99579"}],"wp:attachment":[{"href":"https:\/\/www.rdpemancipation.org\/index.php?rest_route=%2Fwp%2Fv2%2Fmedia&parent=96448"}],"wp:term":[{"taxonomy":"category","embeddable":true,"href":"https:\/\/www.rdpemancipation.org\/index.php?rest_route=%2Fwp%2Fv2%2Fcategories&post=96448"},{"taxonomy":"post_tag","embeddable":true,"href":"https:\/\/www.rdpemancipation.org\/index.php?rest_route=%2Fwp%2Fv2%2Ftags&post=96448"}],"curies":[{"name":"wp","href":"https:\/\/api.w.org\/{rel}","templated":true}]}}