{"id":96446,"date":"2022-09-01T09:47:17","date_gmt":"2022-09-01T07:47:17","guid":{"rendered":"https:\/\/www.rdpemancipation.org\/?p=96446"},"modified":"2022-10-02T10:48:02","modified_gmt":"2022-10-02T08:48:02","slug":"septembre-antiracisme-migrations","status":"publish","type":"post","link":"https:\/\/www.rdpemancipation.org\/?p=96446","title":{"rendered":"Septembre &#8211; Antiracisme\/Migrations"},"content":{"rendered":"\n<p><strong><mark style=\"background-color:rgba(0, 0, 0, 0);color:#dc1d1d\" class=\"has-inline-color\">2 octobre<\/mark><\/strong><\/p>\n\n\n\n<p><a href=\"https:\/\/www.courrierinternational.com\/article\/reportage-derriere-la-vitrine-touristique-la-vague-d-exil-de-la-jeunesse-marocaine\">Reportage.&nbsp;Derri\u00e8re la vitrine touristique, la vague d\u2019exil de la jeunesse marocaine<\/a> (Courrier international)c<\/p>\n\n\n\n<p><a href=\"http:\/\/www.infomigrants.net\/fr\/post\/43717\/royaumeuni--des-demandeurs-dasile-mineurs-consideres-a-tort-comme-adultes\">Royaume-Uni : des demand eurs d\u2019asile mineurs consid\u00e9r\u00e9s \u00e0 tort comme adultes<\/a>(IM)<\/p>\n\n\n\n<p><a href=\"https:\/\/utopia56.org\/utopia-56-tours-ne-peut-plus-mettre-a-labri-les-jeunes-non-accompagnes-remis-a-la-rue-par-le-departement\/\">Utopia 56 Tours ne peut plus mettre \u00e0 l\u2019abri les jeunes non&nbsp;accompagn\u00e9s remis \u00e0 la rue par le D\u00e9partement <\/a>(Utopie 56)<\/p>\n\n\n\n<p><a href=\"https:\/\/www.lacimade.org\/la-cimade-partenaire-du-film-tori-et-lokita-de-jean-pierre-et-luc-dardenne\/\">La Cimade partenaire du film \u00ab&nbsp;Tori et Lokita&nbsp;\u00bb de JP et L Gardenne<\/a> (La Cimade)<\/p>\n\n\n\n<p><strong><mark style=\"background-color:rgba(0, 0, 0, 0);color:#dc1d1d\" class=\"has-inline-color\"> <\/mark><\/strong><\/p>\n\n\n\n<figure class=\"wp-block-image size-large is-resized\"><img data-recalc-dims=\"1\" loading=\"lazy\" decoding=\"async\" src=\"https:\/\/i0.wp.com\/www.rdpemancipation.org\/wp-content\/uploads\/2022\/10\/image-2.png?resize=359%2C488&#038;ssl=1\" alt=\"\" class=\"wp-image-99646\" width=\"359\" height=\"488\" srcset=\"https:\/\/i0.wp.com\/www.rdpemancipation.org\/wp-content\/uploads\/2022\/10\/image-2.png?resize=754%2C1024&amp;ssl=1 754w, https:\/\/i0.wp.com\/www.rdpemancipation.org\/wp-content\/uploads\/2022\/10\/image-2.png?resize=221%2C300&amp;ssl=1 221w, https:\/\/i0.wp.com\/www.rdpemancipation.org\/wp-content\/uploads\/2022\/10\/image-2.png?resize=768%2C1043&amp;ssl=1 768w, https:\/\/i0.wp.com\/www.rdpemancipation.org\/wp-content\/uploads\/2022\/10\/image-2.png?resize=1131%2C1536&amp;ssl=1 1131w, https:\/\/i0.wp.com\/www.rdpemancipation.org\/wp-content\/uploads\/2022\/10\/image-2.png?w=1418&amp;ssl=1 1418w\" sizes=\"auto, (max-width: 359px) 100vw, 359px\" \/><\/figure>\n\n\n\n<p><strong><mark style=\"background-color:rgba(0, 0, 0, 0);color:#dc1d1d\" class=\"has-inline-color\">29 septembre en continu<\/mark><\/strong><\/p>\n\n\n\n<p><a href=\"http:\/\/www.infomigrants.net\/fr\/post\/43628\/pourquoi-la-route-migratoire-des-balkans-estelle-de-plus-en-plus-empruntee\">Pourquoi la route migratoire des Balkans est-elle de plus en plus emprunt\u00e9e ? <\/a>(IM)<\/p>\n\n\n\n<p><strong><mark style=\"background-color:rgba(0, 0, 0, 0);color:#dc1d1d\" class=\"has-inline-color\">28 septembre en continu<\/mark><\/strong><\/p>\n\n\n\n<p><a href=\"https:\/\/www.pressenza.com\/fr\/2022\/09\/leonard-peltier-pour-sa-liberation-delegation-de-natifs-americains-en-europe\/\">L\u00e9onard Peltier : pour sa lib\u00e9ration, d\u00e9l\u00e9gation de natifs am\u00e9ricains en Europe<\/a>&nbsp;(Pressenza)<\/p>\n\n\n\n<p><strong><mark style=\"background-color:rgba(0, 0, 0, 0);color:#dc1d1d\" class=\"has-inline-color\">27 septembre en continu<\/mark><\/strong><\/p>\n\n\n\n<p><a href=\"http:\/\/www.infomigrants.net\/fr\/post\/43603\/italie--giorgia-meloni-larchitecte-dune-politique-migratoire-difficile-a-mettre-en-place\">Italie : Giorgia Meloni, l&rsquo;architecte d&rsquo;une politique migratoire \u00ab\u00a0difficile \u00e0 mettre en place\u00a0\u00bb<\/a> (IM)<\/p>\n\n\n\n<p><strong><mark style=\"background-color:rgba(0, 0, 0, 0);color:#dc1d1d\" class=\"has-inline-color\">25 septembre en continu<\/mark><\/strong><\/p>\n\n\n\n<p><a href=\"http:\/\/www.infomigrants.net\/fr\/post\/43564\/au-moins-77-morts-dans-le-naufrage-dun-bateau-parti-du-liban\">Au moins 77 morts dans le naufrage d&rsquo;un bateau parti du Liban<\/a> (IM)<\/p>\n\n\n\n<p><a href=\"http:\/\/www.infomigrants.net\/fr\/post\/43551\/a-paris-les-jeunes-migrants-de-la-place-de-la-bastille-ont-ete-evacues\">\u00c0 Paris, les jeunes migrants de la place de la Bastille ont \u00e9t\u00e9 \u00e9vacu\u00e9s<\/a> (IM)<\/p>\n\n\n\n<p><a href=\"https:\/\/observers.france24.com\/fr\/%C3%A9missions\/les-observateurs\/20220920-qatar-le-ph%C3%A9nom%C3%A8ne-des-salaires-impay%C3%A9s-s%C3%A9vit?xtor=CS1-51-%5BDesktop%5D-%5BOBSERVATEURS+F24+FR+DESKTOP+%28PO%3A+TEC-ACH-016982%29%5D-%5BFR_Courrier+International+SA+%28Soci%C3%A9t%C3%A9+%C3%A9ditrice+du+Monde%29%5D-%5BCourrier+International+article%5D&amp;dicbo=v1-4c6e431d0114d3f3f965188b3183db0f-00518f0950dd1d41ab61ec38c907920b17-miztkyztheztoljyme2dmljugiydallcguydcljyha2tmnrug44tom3bgi\">Qatar : le ph\u00e9nom\u00e8ne des salaires impay\u00e9s s\u00e9vit<\/a> vid\u00e9o (France 24)<\/p>\n\n\n\n<p><a href=\"https:\/\/lanticapitaliste.org\/opinions\/antiracisme\/grande-synthe-si-les-personnes-savaient-ce-qui-se-passe-ici-cela-ne-se\">Grande-Synthe : \u00ab Si les personnes savaient ce qui se passe ici cela ne se passerait plus \u00bb<\/a> (l\u2019Anticapitaliste)<\/p>\n\n\n\n<p><a href=\"https:\/\/lanticapitaliste.org\/actualite\/sante\/medecins-diplome-hors-ue-exploitees-ou-sans-papiers\">M\u00e9decins \u00e0 dipl\u00f4me hors UE : exploit\u00e9Es ou sans-papiers<\/a> (l\u2019Anticapitaliste)<\/p>\n\n\n\n<figure class=\"wp-block-image size-full is-resized\"><img data-recalc-dims=\"1\" loading=\"lazy\" decoding=\"async\" src=\"https:\/\/i0.wp.com\/www.rdpemancipation.org\/wp-content\/uploads\/2022\/09\/image-268.png?resize=396%2C198&#038;ssl=1\" alt=\"\" class=\"wp-image-99064\" width=\"396\" height=\"198\" srcset=\"https:\/\/i0.wp.com\/www.rdpemancipation.org\/wp-content\/uploads\/2022\/09\/image-268.png?w=1000&amp;ssl=1 1000w, https:\/\/i0.wp.com\/www.rdpemancipation.org\/wp-content\/uploads\/2022\/09\/image-268.png?resize=300%2C150&amp;ssl=1 300w, https:\/\/i0.wp.com\/www.rdpemancipation.org\/wp-content\/uploads\/2022\/09\/image-268.png?resize=768%2C384&amp;ssl=1 768w\" sizes=\"auto, (max-width: 396px) 100vw, 396px\" \/><\/figure>\n\n\n\n<p><strong><mark style=\"background-color:rgba(0, 0, 0, 0);color:#dc1d1d\" class=\"has-inline-color\">24 septembre en continu<\/mark><\/strong><\/p>\n\n\n\n<p><a href=\"https:\/\/rebellyon.info\/Repas-partage-de-quartier-samedi-midi-24133\">Repas partag\u00e9 pour l\u2019ouverture d\u2019un squat \u00e0 la Guilloti\u00e8re ce samedi 24&nbsp;septembre<\/a> (Rebellyon)<\/p>\n\n\n\n<p><a href=\"https:\/\/www.blast-info.fr\/articles\/2022\/esclaves-des-pays-du-golfe-le-sang-et-le-deshonneur-n6bKq5meSaS9reqz6bWjHA\">Esclaves des pays du golfe&nbsp;: le sang et le d\u00e9shonneur<\/a> (Blast)<\/p>\n\n\n\n<p><strong><mark style=\"background-color:rgba(0, 0, 0, 0);color:#dc1d1d\" class=\"has-inline-color\">23 septembre en continu<\/mark><\/strong><\/p>\n\n\n\n<p><a href=\"https:\/\/utopia56.org\/plainte-alteralia-nolimit\/\">H\u00e9bergement d\u2019urgence : une plainte d\u00e9pos\u00e9e contre l\u2019op\u00e9rateur d\u2019\u00c9tat Alteralia et la soci\u00e9t\u00e9 No Limit Security<\/a> (Utopia56)<\/p>\n\n\n\n<p><a href=\"https:\/\/utopia56.org\/bastille-fin-de-mobilisation-mineurs-isoles\/\">Bastille : une \u201cmise \u00e0 l\u2019abri\u201d d\u00e9guise une entrave \u00e0 la libert\u00e9 de manifester <\/a>(Utopia56)<\/p>\n\n\n\n<p><a href=\"https:\/\/www.arretsurimages.net\/chroniques\/clic-gauche\/sur-internet-personne-ne-vous-entendra-parler-si-vous-avez-un-accent\">Sur internet, personne ne vous entendra parler (si vous avez un accent)<\/a> (Arr\u00eat sur Image)<\/p>\n\n\n\n<p><a href=\"https:\/\/www.marianne.net\/politique\/macron\/immigration-le-en-meme-temps-sans-fin-de-macron\">Immigration : le \u00ab\u00a0en m\u00eame temps\u00a0\u00bb sans fin de Macron<\/a> (Marianne)<\/p>\n\n\n\n<p><a href=\"https:\/\/lanticapitaliste.org\/actualite\/antiracisme\/solidarite-avec-les-jeunes-mineurs-refugies-toulouse\">Solidarit\u00e9 avec les jeunes mineurs r\u00e9fugi\u00e9s \u00e0 Toulouse\u2009! <\/a>(l\u2019Anticapitaliste)<\/p>\n\n\n\n<p><a href=\"http:\/\/www.infomigrants.net\/fr\/post\/43528\/nord-de-la-france--demantelement-dune-filiere-de-passeurs-de-migrants-vers-langleterre\">Nord de la France : d\u00e9mant\u00e8lement d\u2019une fili\u00e8re de passeurs de migrants vers l\u2019Angleterre<\/a> (IM)<\/p>\n\n\n\n<p><a href=\"http:\/\/www.infomigrants.net\/fr\/post\/43484\/calais--larrete-interdisant-les-distributions-de-nourriture-aux-migrants-juge-disproportionne\">Calais : l&rsquo;arr\u00eat\u00e9 interdisant les distributions de nourriture aux migrants jug\u00e9 \u00ab\u00a0disproportionn\u00e9\u00a0\u00bb<\/a> (IM)<\/p>\n\n\n\n<p><strong><mark style=\"background-color:rgba(0, 0, 0, 0);color:#dc1d1d\" class=\"has-inline-color\">21 septembre en continu<\/mark><\/strong><\/p>\n\n\n\n<p><a href=\"https:\/\/www.france24.com\/fr\/am%C3%A9riques\/20220921-migrants-d%C3%A9plac%C3%A9s-%C3%A0-martha-s-vineyard-le-gouverneur-de-floride-attaqu%C3%A9-en-justice\">Migrants d\u00e9plac\u00e9s sur une \u00eele hupp\u00e9e aux \u00c9tats-Unis : le gouverneur de Floride attaqu\u00e9 en justice<\/a> (France 24)<\/p>\n\n\n\n<p><a href=\"https:\/\/paris-luttes.info\/cantine-projection-et-appel-a-une-16186\">Cantine, projection et appel \u00e0 une assembl\u00e9e publique de rentr\u00e9e contre les&nbsp;CRA <\/a>(Paris-Luttes info)<\/p>\n\n\n\n<p><a href=\"https:\/\/www.un.org\/fr\/observances\/international-day-peace\">21 septembre, journ\u00e9e internationale de la paix : Mettre fin au racisme. B\u00e2tir la paix<\/a> (UN)<\/p>\n\n\n\n<p><strong><mark style=\"background-color:rgba(0, 0, 0, 0);color:#dc1d1d\" class=\"has-inline-color\">20 septembre en continu<\/mark><\/strong><\/p>\n\n\n\n<p><a href=\"http:\/\/www.infomigrants.net\/fr\/post\/43428\/grece--35-migrants-refoules-en-mer-par-des-hommes-masques-au-large-de-rhodes\"><strong>Gr\u00e8ce : 35 migrants refoul\u00e9s en mer par des hommes masqu\u00e9s au large de Rhodes<\/strong><\/a> (IM)<\/p>\n\n\n\n<p><a href=\"http:\/\/www.infomigrants.net\/fr\/post\/43435\/a-marseille-une-trentaine-de-mineurs-isoles-campent-pres-du-vieuxport-pour-reclamer-un-hebergement\">\u00c0 Marseille, une trentaine de mineurs isol\u00e9s campent pr\u00e8s du Vieux-Port pour r\u00e9clamer un h\u00e9bergement<\/a> (IM)<\/p>\n\n\n\n<figure class=\"wp-block-image size-full is-resized\"><img data-recalc-dims=\"1\" loading=\"lazy\" decoding=\"async\" src=\"https:\/\/i0.wp.com\/www.rdpemancipation.org\/wp-content\/uploads\/2022\/09\/image-211.png?resize=383%2C255&#038;ssl=1\" alt=\"\" class=\"wp-image-98548\" width=\"383\" height=\"255\" srcset=\"https:\/\/i0.wp.com\/www.rdpemancipation.org\/wp-content\/uploads\/2022\/09\/image-211.png?w=1024&amp;ssl=1 1024w, https:\/\/i0.wp.com\/www.rdpemancipation.org\/wp-content\/uploads\/2022\/09\/image-211.png?resize=300%2C200&amp;ssl=1 300w, https:\/\/i0.wp.com\/www.rdpemancipation.org\/wp-content\/uploads\/2022\/09\/image-211.png?resize=768%2C512&amp;ssl=1 768w\" sizes=\"auto, (max-width: 383px) 100vw, 383px\" \/><\/figure>\n\n\n\n<p><a href=\"http:\/\/www.infomigrants.net\/fr\/post\/43442\/toulouse--la-mairie-demande-lexpulsion-dun-campement-informel-de-jeunes-migrants\">Toulouse : la mairie demande l&rsquo;expulsion d&rsquo;un campement informel de jeunes migrants<\/a> (IM)<\/p>\n\n\n\n<p><strong><mark style=\"background-color:rgba(0, 0, 0, 0);color:#dc1d1d\" class=\"has-inline-color\">19 septembre en continu<\/mark><\/strong><\/p>\n\n\n\n<p><a href=\"https:\/\/www.rfi.fr\/fr\/podcasts\/reportage-international\/20220918-les-%C3%AElots-du-fleuve-evros-terres-d-accueil-temporaire-pour-les-migrants\">Les \u00eelots du fleuve Evros, terres d&rsquo;accueil temporaire pour les migrants<\/a> (RFI)<\/p>\n\n\n\n<p><a href=\"https:\/\/www.lamarseillaise.fr\/societe\/de-jeunes-migrants-campent-sur-la-canebiere-CC12102365\">De jeunes migrants campent sur la Canebi\u00e8re <\/a>(La Marseillaise)<\/p>\n\n\n\n<p><a href=\"https:\/\/www.convergencesrevolutionnaires.org\/Macron-planifie-de-nouvelles-attaques-contre-les-travailleurs-immigres\">Macron planifie de nouvelles attaques contre les travailleurs immigr\u00e9s<\/a> (Conv. R\u00e9volutionnaires)<\/p>\n\n\n\n<figure class=\"wp-block-image size-large is-resized\"><img data-recalc-dims=\"1\" loading=\"lazy\" decoding=\"async\" src=\"https:\/\/i0.wp.com\/www.rdpemancipation.org\/wp-content\/uploads\/2022\/09\/image-188.png?resize=396%2C197&#038;ssl=1\" alt=\"\" class=\"wp-image-98336\" width=\"396\" height=\"197\" srcset=\"https:\/\/i0.wp.com\/www.rdpemancipation.org\/wp-content\/uploads\/2022\/09\/image-188.png?resize=1024%2C510&amp;ssl=1 1024w, https:\/\/i0.wp.com\/www.rdpemancipation.org\/wp-content\/uploads\/2022\/09\/image-188.png?resize=300%2C149&amp;ssl=1 300w, https:\/\/i0.wp.com\/www.rdpemancipation.org\/wp-content\/uploads\/2022\/09\/image-188.png?resize=768%2C382&amp;ssl=1 768w, https:\/\/i0.wp.com\/www.rdpemancipation.org\/wp-content\/uploads\/2022\/09\/image-188.png?resize=1536%2C764&amp;ssl=1 1536w, https:\/\/i0.wp.com\/www.rdpemancipation.org\/wp-content\/uploads\/2022\/09\/image-188.png?w=1680&amp;ssl=1 1680w\" sizes=\"auto, (max-width: 396px) 100vw, 396px\" \/><\/figure>\n\n\n\n<p><strong><mark style=\"background-color:rgba(0, 0, 0, 0);color:#dc1d1d\" class=\"has-inline-color\">18 septembre en continu<\/mark><\/strong><\/p>\n\n\n\n<p><a href=\"https:\/\/blogs.mediapart.fr\/celine-aho-nienne\/blog\/130922\/comment-devenir-un-parfait-demandeur-dasile\">Comment devenir un parfait demandeur d&rsquo;asile<\/a> (blog M\u00e9diapart)<\/p>\n\n\n\n<p><a href=\"https:\/\/mobile.agoravox.fr\/tribune-libre\/article\/les-immigres-a-la-campagne-et-le-243870\">Les immigr\u00e9s \u00e0 la campagne&nbsp;et le pr\u00e9sident de la R\u00e9publique \u00e0 la man\u0153uvre <\/a>(Agora Vox)<\/p>\n\n\n\n<p><a href=\"https:\/\/www.revolutionpermanente.fr\/Electricite-coupee-serrures-changees-racisme-a-Bordeaux-le-Crous-intimide-des-etudiants-pour-les\">A Bordeaux, le Crous intimide des \u00e9tudiants pour les expulser<\/a> (RP)<\/p>\n\n\n\n<p><a href=\"https:\/\/www.bladi.net\/immigration-aide-europeenne-depenses-maroc,96488.html\">Immigration&nbsp;: l\u2019aide europ\u00e9enne est \u00ab&nbsp;en de\u00e7\u00e0&nbsp;\u00bb des d\u00e9penses du Maroc<\/a> (Bladi net)<\/p>\n\n\n\n<figure class=\"wp-block-image size-full is-resized\"><img data-recalc-dims=\"1\" loading=\"lazy\" decoding=\"async\" src=\"https:\/\/i0.wp.com\/www.rdpemancipation.org\/wp-content\/uploads\/2022\/09\/image-187.png?resize=344%2C215&#038;ssl=1\" alt=\"\" class=\"wp-image-98311\" width=\"344\" height=\"215\" srcset=\"https:\/\/i0.wp.com\/www.rdpemancipation.org\/wp-content\/uploads\/2022\/09\/image-187.png?w=800&amp;ssl=1 800w, https:\/\/i0.wp.com\/www.rdpemancipation.org\/wp-content\/uploads\/2022\/09\/image-187.png?resize=300%2C188&amp;ssl=1 300w, https:\/\/i0.wp.com\/www.rdpemancipation.org\/wp-content\/uploads\/2022\/09\/image-187.png?resize=768%2C480&amp;ssl=1 768w\" sizes=\"auto, (max-width: 344px) 100vw, 344px\" \/><\/figure>\n\n\n\n<p><strong><mark style=\"background-color:rgba(0, 0, 0, 0);color:#dc1d1d\" class=\"has-inline-color\">17 septembre en continu<\/mark><\/strong><\/p>\n\n\n\n<p><a href=\"https:\/\/www.publicsenat.fr\/article\/politique\/immigration-on-ne-sait-toujours-pas-qu-elle-est-la-strategie-du-gouvernement-note\">Immigration&nbsp;: \u00ab&nbsp;On ne sait toujours pas qu\u2019elle est la strat\u00e9gie du gouvernement&nbsp;\u00bb<\/a> (Public S\u00e9nat)<\/p>\n\n\n\n<p><a href=\"https:\/\/rebellyon.info\/Qui-peut-accueillir-les-personnes-24107\">Qui peut accueillir les personnes migrantes&nbsp;? Nous tou.te.s&nbsp;!<\/a> (Rebellyon)<\/p>\n\n\n\n<p><a href=\"https:\/\/www.revolutionpermanente.fr\/Loi-Immigration-derriere-les-acrobaties-rhetoriques-Macron-annonce-une-offensive-xenophobe\">Loi Immigration&nbsp;: derri\u00e8re les acrobaties rh\u00e9toriques, Macron annonce une offensive x\u00e9nophobe<\/a> (RP)<\/p>\n\n\n\n<p><a href=\"http:\/\/www.infomigrants.net\/fr\/post\/43399\/a-calais-de-nouveaux-rochers-pour-contrer-les-migrants\">\u00c0 Calais, de nouveaux rochers pour contrer les migrants<\/a> (IM)<\/p>\n\n\n\n<p><a href=\"http:\/\/www.infomigrants.net\/fr\/post\/43324\/reportage--mobilisation-au-cra-de-vincennes-autour-dun-retenu-positif-au-vih\">Reportage : mobilisation au CRA de Vincennes autour d&rsquo;un retenu positif au VIH<\/a> (IM)<\/p>\n\n\n\n<p><a href=\"https:\/\/utopia56.org\/interdiction-des-distributions-deau-et-de-repas-a-calais-13-requerants-face-aux-arretes-prefectoraux-a-calais\/\">Interdiction des distributions d\u2019eau et de repas \u00e0 Calais \u2013 13 Requ\u00e9rants <\/a>(Utopia56)<\/p>\n\n\n\n<p><strong><mark style=\"background-color:rgba(0, 0, 0, 0);color:#dc1d1d\" class=\"has-inline-color\">16 septembre en continu<\/mark><\/strong><\/p>\n\n\n\n<p><a href=\"http:\/\/www.infomigrants.net\/fr\/post\/43351\/je-suis-perdu-abattu--portraits-de-livreurs-sanspapiers-pour-uber-eats\">\u00ab\u00a0Je suis perdu, abattu\u00a0\u00bb : portraits de livreurs sans-papiers pour Uber Eats<\/a> (IM)<\/p>\n\n\n\n<p><a href=\"https:\/\/www.france24.com\/fr\/am%C3%A9riques\/20220916-%C3%A9tats-unis-des-gouverneurs-r%C3%A9publicains-d%C3%A9placent-des-migrants-dans-des-bastions-d%C3%A9mocrates\">\u00c9tats-Unis : des gouverneurs r\u00e9publicains d\u00e9placent des migrants dans des bastions d\u00e9mocrates <\/a>(France 24)<\/p>\n\n\n\n<p><a href=\"https:\/\/www.lefigaro.fr\/politique\/immigration-macron-annonce-le-projet-de-loi-pour-debut-2023-face-a-une-organisation-absurde-20220915\">Immigration&nbsp;: Macron annonce un projet de loi pour d\u00e9but 2023 face \u00e0 une \u00abpolitique absurde\u00bb<\/a> (Le Figaro)<\/p>\n\n\n\n<p><a href=\"http:\/\/www.infomigrants.net\/fr\/post\/43364\/arrestation-de-cinq-personnes-accusees-de-faire-passer-des-migrants-en-europe-a-bord-de-jets-prives\">Arrestation de cinq personnes accus\u00e9es de faire passer des migrants en Europe \u00e0 bord de jets priv\u00e9s <\/a>(IM)<\/p>\n\n\n\n<p><a href=\"http:\/\/www.infomigrants.net\/fr\/post\/43345\/mediterranee--un-bateau-de-250-migrants-parti-du-liban-finalement-secouru-au-large-de-malte\">M\u00e9diterran\u00e9e : un bateau de 250 migrants, parti du Liban, finalement secouru au large de Malte <\/a>(IM)<\/p>\n\n\n\n<p><a href=\"https:\/\/www.iom.int\/fr\/news\/50-millions-de-personnes-dans-le-monde-sont-victimes-de-lesclavage-moderne\">50 millions de personnes dans le monde sont victimes de l&rsquo;esclavage moderne <\/a>(OIM)<\/p>\n\n\n\n<figure class=\"wp-block-image size-full is-resized\"><img data-recalc-dims=\"1\" loading=\"lazy\" decoding=\"async\" src=\"https:\/\/i0.wp.com\/www.rdpemancipation.org\/wp-content\/uploads\/2022\/09\/image-178.png?resize=369%2C245&#038;ssl=1\" alt=\"\" class=\"wp-image-98207\" width=\"369\" height=\"245\" srcset=\"https:\/\/i0.wp.com\/www.rdpemancipation.org\/wp-content\/uploads\/2022\/09\/image-178.png?w=975&amp;ssl=1 975w, https:\/\/i0.wp.com\/www.rdpemancipation.org\/wp-content\/uploads\/2022\/09\/image-178.png?resize=300%2C200&amp;ssl=1 300w, https:\/\/i0.wp.com\/www.rdpemancipation.org\/wp-content\/uploads\/2022\/09\/image-178.png?resize=768%2C512&amp;ssl=1 768w\" sizes=\"auto, (max-width: 369px) 100vw, 369px\" \/><\/figure>\n\n\n\n<p><strong><mark style=\"background-color:rgba(0, 0, 0, 0);color:#dc1d1d\" class=\"has-inline-color\">15 septembre en continu<\/mark><\/strong><\/p>\n\n\n\n<p><a href=\"https:\/\/www.france24.com\/fr\/europe\/20220914-rapatriement-des-familles-de-jihadistes-en-syrie-la-france-condamn%C3%A9e-par-la-cedh\">Rapatriement des familles de jihadistes en Syrie&nbsp;: la France condamn\u00e9e par la CEDH<\/a> (France 24)<\/p>\n\n\n\n<p><a href=\"https:\/\/www.nonfiction.fr\/article-11414-des-idees-fausses-sur-les-migrations.htm\">Des id\u00e9es fausses sur les migrations<\/a> (Nonfiction)<\/p>\n\n\n\n<p><a href=\"https:\/\/www.revolutionpermanente.fr\/Toulouse-29-000-logements-vides-150-mineurs-etrangers-a-la-rue-requisition-et-regularisation\">Toulouse. 29 000 logements vides, 150 mineurs \u00e9trangers \u00e0 la rue&nbsp;: r\u00e9quisition et r\u00e9gularisation&nbsp;! <\/a>(RP)<\/p>\n\n\n\n<p><a href=\"http:\/\/www.infomigrants.net\/fr\/post\/43343\/suisse--la-commission-de-prevention-de-la-torture-epingle-la-police-pour-lexpulsion-dune-femme-enceinte\">Suisse : la Commission de pr\u00e9vention de la torture \u00e9pingle la police pour l&rsquo;expulsion d&rsquo;une femme enceinte <\/a>(IM)<\/p>\n\n\n\n<p><a href=\"http:\/\/www.infomigrants.net\/fr\/post\/43333\/libye--video-dun-adolescent-torture-une-nouvelle-preuve-des-violences-commises-sur-les-migrants\">Libye : vid\u00e9o d&rsquo;un adolescent tortur\u00e9, une nouvelle preuve des violences commises sur les migrants <\/a>(IM)<\/p>\n\n\n\n<p><strong><mark style=\"background-color:rgba(0, 0, 0, 0);color:#dc1d1d\" class=\"has-inline-color\">14 septembre en continu<\/mark><\/strong><\/p>\n\n\n\n<p><a href=\"https:\/\/www.lemonde.fr\/afrique\/article\/2022\/09\/13\/on-nous-dit-que-c-est-un-truc-de-blanc-ces-etudiants-africains-qui-cherchent-leur-place-dans-les-ecoles-d-art_6141427_3212.html\">\u00ab&nbsp;On nous dit que c\u2019est un truc de Blanc&nbsp;\u00bb&nbsp;: ces \u00e9tudiants africains qui cherchent leur place dans les \u00e9coles d\u2019art <\/a>(Le Monde)<\/p>\n\n\n\n<p><strong><a href=\"http:\/\/www.infomigrants.net\/fr\/post\/43289\/maroc--mort-dune-africaine-touchee-par-un-tir-de-la-police-alors-quelle-montait-dans-un-canot-vers-les-canaries\">Maroc : mort d\u2019une Africaine par un tir de la police alors qu&rsquo;elle montait dans un canot <\/a> (IM)<\/strong><\/p>\n\n\n\n<p><a href=\"http:\/\/www.infomigrants.net\/fr\/post\/43304\/mediterranee--six-exiles-syriens-dont-trois-enfants-meurent-de-faim-et-de-soif-en-mer\">M\u00e9diterran\u00e9e : six exil\u00e9s syriens, dont trois enfants, meurent de faim et de soif en mer<\/a> (IM)<\/p>\n\n\n\n<p><a href=\"https:\/\/www.arte.tv\/fr\/videos\/109460-034-A\/l-europe-face-a-une-nouvelle-vague-de-migrants\/\">L\u2019Europe face \u00e0 une nouvelle vague de migrants ?<\/a> (Arte TV)<\/p>\n\n\n\n<figure class=\"wp-block-image size-full\"><img data-recalc-dims=\"1\" loading=\"lazy\" decoding=\"async\" width=\"400\" height=\"225\" src=\"https:\/\/i0.wp.com\/www.rdpemancipation.org\/wp-content\/uploads\/2022\/09\/image-145.png?resize=400%2C225&#038;ssl=1\" alt=\"\" class=\"wp-image-97900\" srcset=\"https:\/\/i0.wp.com\/www.rdpemancipation.org\/wp-content\/uploads\/2022\/09\/image-145.png?w=400&amp;ssl=1 400w, https:\/\/i0.wp.com\/www.rdpemancipation.org\/wp-content\/uploads\/2022\/09\/image-145.png?resize=300%2C169&amp;ssl=1 300w\" sizes=\"auto, (max-width: 400px) 100vw, 400px\" \/><\/figure>\n\n\n\n<p><strong><mark style=\"background-color:rgba(0, 0, 0, 0);color:#dc1d1d\" class=\"has-inline-color\">13 septembre en continu<\/mark><\/strong><\/p>\n\n\n\n<p><a href=\"https:\/\/www.temoignages.re\/social\/droits-humains\/les-migrants-particulierement-vulnerables-au-travail-force,105163\">Les migrants particuli\u00e8rement vuln\u00e9rables au travail forc\u00e9 <\/a>(T\u00e9moignages)<\/p>\n\n\n\n<p><a href=\"http:\/\/www.infomigrants.net\/fr\/post\/43250\/le-danemark-avance-a-son-tour-dans-un-projet-controverse-daccord-avec-le-rwanda\">Le Danemark avance \u00e0 son tour dans un projet controvers\u00e9 d\u2019accord avec le Rwanda <\/a>(IM)<\/p>\n\n\n\n<p><a href=\"https:\/\/rebellyon.info\/rassemblement-devant-la-Metropole-contre-24105\">Rassemblement devant la Metropole contre l\u2019expulsion du squat Lafayette&nbsp;: le 14&nbsp;septembre \u00e0 9h<\/a> (R\u00e9bellion)<\/p>\n\n\n\n<p><a href=\"https:\/\/www.nonfiction.fr\/article-11406-lexperience-de-lexil.htm\">L\u2019exp\u00e9rience de l\u2019exil <\/a>(Nonfiction)<\/p>\n\n\n\n<p><strong><mark style=\"background-color:rgba(0, 0, 0, 0);color:#dc1d1d\" class=\"has-inline-color\">11 septembre en continu<\/mark><\/strong><\/p>\n\n\n\n<p><a href=\"https:\/\/observers.france24.com\/fr\/afrique\/20220909-refugies-lgbt-homosexuels-niger-hcr-asile\">\u00ab\u00a0Nous sommes fatigu\u00e9s de vivre comme des prisonniers\u00a0\u00bb&nbsp;: des r\u00e9fugi\u00e9s LGBT bloqu\u00e9s au Niger <\/a>(France 24)<a href=\"https:\/\/www.facebook.com\/dialog\/share?app_id=121241974571942&amp;href=https%3A%2F%2Ff24.my%2F8srw.F&amp;redirect_uri=https%3A%2F%2Fobservers.france24.com%2Ffr%2Fafrique%2F20220909-refugies-lgbt-homosexuels-niger-hcr-asile&amp;locale=fr_FR\"><\/a><\/p>\n\n\n\n<p><a href=\"https:\/\/azertag.az\/fr\/xeber\/france-2286266\">Violence polici\u00e8re contre des migrants en France<\/a> (Azertag)<\/p>\n\n\n\n<p><strong><mark style=\"background-color:rgba(0, 0, 0, 0);color:#dc1d1d\" class=\"has-inline-color\">10 septembre en continu<\/mark><\/strong><\/p>\n\n\n\n<p><a href=\"https:\/\/www.liberation.fr\/international\/europe\/le-danemark-fait-un-pas-de-plus-vers-la-delocalisation-des-demandes-dasile-au-rwanda-20220909_6LU7QD55UBCM5LIITNYF36VNM4\/\">Le Danemark fait un pas de plus vers la d\u00e9localisation des demandes d\u2019asile au Rwanda <\/a>(Lib\u00e9ration)<\/p>\n\n\n\n<figure class=\"wp-block-image size-full is-resized\"><img data-recalc-dims=\"1\" loading=\"lazy\" decoding=\"async\" src=\"https:\/\/i0.wp.com\/www.rdpemancipation.org\/wp-content\/uploads\/2022\/09\/image-99.png?resize=305%2C235&#038;ssl=1\" alt=\"\" class=\"wp-image-97470\" width=\"305\" height=\"235\" srcset=\"https:\/\/i0.wp.com\/www.rdpemancipation.org\/wp-content\/uploads\/2022\/09\/image-99.png?w=800&amp;ssl=1 800w, https:\/\/i0.wp.com\/www.rdpemancipation.org\/wp-content\/uploads\/2022\/09\/image-99.png?resize=300%2C231&amp;ssl=1 300w, https:\/\/i0.wp.com\/www.rdpemancipation.org\/wp-content\/uploads\/2022\/09\/image-99.png?resize=768%2C591&amp;ssl=1 768w\" sizes=\"auto, (max-width: 305px) 100vw, 305px\" \/><\/figure>\n\n\n\n<p><a href=\"https:\/\/lepoing.net\/mna-coupables-de-ne-pas-rentrer-dans-les-cases\/\">MNA, coupables de ne pas rentrer dans les cases<\/a> (Le Poing)<\/p>\n\n\n\n<p><a href=\"http:\/\/www.infomigrants.net\/fr\/post\/43203\/on-ne-baissera-pas-les-bras--les-travailleurs-sanspapiers-de-chronopost-poursuivent-la-greve\">\u00ab\u00a0On ne baissera pas les bras\u00a0\u00bb : les travailleurs sans-papiers de Chronopost poursuivent la gr\u00e8ve <\/a>(IM)<\/p>\n\n\n\n<p><a href=\"http:\/\/www.infomigrants.net\/fr\/post\/43229\/algerie--niger--plus-de-800-migrants-expulses-en-quelques-jours\">Alg\u00e9rie &#8211; Niger : plus de 800 migrants expuls\u00e9s en quelques jours <\/a>(IM)<\/p>\n\n\n\n<figure class=\"wp-block-image size-full is-resized\"><img data-recalc-dims=\"1\" loading=\"lazy\" decoding=\"async\" src=\"https:\/\/i0.wp.com\/www.rdpemancipation.org\/wp-content\/uploads\/2022\/09\/image-98.png?resize=332%2C249&#038;ssl=1\" alt=\"\" class=\"wp-image-97468\" width=\"332\" height=\"249\" srcset=\"https:\/\/i0.wp.com\/www.rdpemancipation.org\/wp-content\/uploads\/2022\/09\/image-98.png?w=816&amp;ssl=1 816w, https:\/\/i0.wp.com\/www.rdpemancipation.org\/wp-content\/uploads\/2022\/09\/image-98.png?resize=300%2C225&amp;ssl=1 300w, https:\/\/i0.wp.com\/www.rdpemancipation.org\/wp-content\/uploads\/2022\/09\/image-98.png?resize=768%2C576&amp;ssl=1 768w\" sizes=\"auto, (max-width: 332px) 100vw, 332px\" \/><\/figure>\n\n\n\n<p><strong><mark style=\"background-color:rgba(0, 0, 0, 0);color:#dc1d1d\" class=\"has-inline-color\">9 septembre en continu<\/mark><\/strong><\/p>\n\n\n\n<p><a href=\"http:\/\/www.infomigrants.net\/fr\/post\/43204\/fusillades-a-repetition-a-loonplage--des-reglements-de-comptes-entre-passeurs-en-cause\">Fusillades \u00e0 r\u00e9p\u00e9tition \u00e0 Loon-Plage : \u00ab\u00a0des r\u00e8glements de comptes entre passeurs\u00a0\u00bb en cause<\/a> (IM)<\/p>\n\n\n\n<figure class=\"wp-block-image size-full is-resized\"><img data-recalc-dims=\"1\" loading=\"lazy\" decoding=\"async\" src=\"https:\/\/i0.wp.com\/www.rdpemancipation.org\/wp-content\/uploads\/2022\/09\/image-88.png?resize=339%2C224&#038;ssl=1\" alt=\"\" class=\"wp-image-97389\" width=\"339\" height=\"224\" srcset=\"https:\/\/i0.wp.com\/www.rdpemancipation.org\/wp-content\/uploads\/2022\/09\/image-88.png?w=1024&amp;ssl=1 1024w, https:\/\/i0.wp.com\/www.rdpemancipation.org\/wp-content\/uploads\/2022\/09\/image-88.png?resize=300%2C198&amp;ssl=1 300w, https:\/\/i0.wp.com\/www.rdpemancipation.org\/wp-content\/uploads\/2022\/09\/image-88.png?resize=768%2C507&amp;ssl=1 768w\" sizes=\"auto, (max-width: 339px) 100vw, 339px\" \/><\/figure>\n\n\n\n<p><a href=\"https:\/\/blogs.mediapart.fr\/francois-bougon\/blog\/060922\/refus-de-visa-pour-hussam-hammoud-la-france-met-un-journaliste-syrien-en-danger\">Refus de visa : journaliste syrien en danger<\/a> (Blog mediapart)<\/p>\n\n\n\n<p><a href=\"https:\/\/info.alternatives-economiques.fr\/optiext\/optiextension.dll?ID=A45A7u7JPLl16XFtVelgldTHjBRIAx2bxr9MTPzHOLms9BuQt7_nt_q5MByrG4iv8fAR6vSpRfGqpvq13pDsxMVFMCZIM\" target=\"_blank\" rel=\"noreferrer noopener\">A Brian\u00e7on, un accueil des exil\u00e9s exemplaire mais fragile<\/a> (Alter \u00e9co)<\/p>\n\n\n\n<p><strong><mark style=\"background-color:rgba(0, 0, 0, 0);color:#dc1d1d\" class=\"has-inline-color\">8 septembre en continu<\/mark><\/strong><\/p>\n\n\n\n<p><a href=\"https:\/\/www.euractiv.fr\/section\/migrations\/news\/la-reforme-du-regime-migratoire-de-lue-devrait-etre-approuvee-dici-2024\/\">La r\u00e9forme du r\u00e9gime migratoire de l\u2019UE devrait \u00eatre approuv\u00e9e d\u2019ici 2024 <\/a>(Euractiv)<\/p>\n\n\n\n<p><a href=\"https:\/\/www.francetvinfo.fr\/replay-radio\/le-club-des-correspondants\/comment-la-lutte-contre-l-immigration-clandestine-s-intensifie-au-maroc-en-grece-et-aux-pays-bas_5323156.html\">Comment la lutte contre l&rsquo;immigration clandestine s&rsquo;intensifie au Maroc, en Gr\u00e8ce et aux Pays-Bas <\/a>(France info)<\/p>\n\n\n\n<p><a href=\"https:\/\/utopia56.org\/violences-policieres-a-calais-un-policier-denonce-les-faits\/\">Violences polici\u00e8res \u00e0 Calais : un policier d\u00e9nonce les faits<\/a> (Utopia56)<\/p>\n\n\n\n<p><a href=\"https:\/\/utopia56.org\/bastille-jour-100\/\">Occupation place de la Bastille \u2013 Jour 100 <\/a>(Utopia56)<\/p>\n\n\n\n<p><a href=\"http:\/\/www.infomigrants.net\/fr\/post\/43124\/royaumeuni--apres-boris-johnson-une-nouvelle-premiere-ministre-toujours-aussi-hostile-aux-migrants\">Royaume-Uni : Apr\u00e8s Boris Johnson, une nouvelle Premi\u00e8re ministre toujours aussi hostile aux migrants<\/a> (IM)<\/p>\n\n\n\n<p><a href=\"http:\/\/www.infomigrants.net\/fr\/post\/43165\/belgique--les-dublines-dans-le-viseur-du-gouvernement\">Belgique : les dublin\u00e9s dans le viseur du gouvernement<\/a> (IM)<\/p>\n\n\n\n<p><a href=\"http:\/\/www.infomigrants.net\/fr\/post\/43167\/migrants-a-la-derive-en-pleine-mer--le-bateau-aurait-ete-sauve\">Migrants \u00e0 la d\u00e9rive en pleine mer : le bateau aurait \u00e9t\u00e9 sauv\u00e9<\/a> (IM)<\/p>\n\n\n\n<figure class=\"wp-block-image size-full is-resized\"><img data-recalc-dims=\"1\" loading=\"lazy\" decoding=\"async\" src=\"https:\/\/i0.wp.com\/www.rdpemancipation.org\/wp-content\/uploads\/2022\/09\/image-80.png?resize=378%2C251&#038;ssl=1\" alt=\"\" class=\"wp-image-97305\" width=\"378\" height=\"251\" srcset=\"https:\/\/i0.wp.com\/www.rdpemancipation.org\/wp-content\/uploads\/2022\/09\/image-80.png?w=1024&amp;ssl=1 1024w, https:\/\/i0.wp.com\/www.rdpemancipation.org\/wp-content\/uploads\/2022\/09\/image-80.png?resize=300%2C200&amp;ssl=1 300w, https:\/\/i0.wp.com\/www.rdpemancipation.org\/wp-content\/uploads\/2022\/09\/image-80.png?resize=768%2C511&amp;ssl=1 768w\" sizes=\"auto, (max-width: 378px) 100vw, 378px\" \/><\/figure>\n\n\n\n<p><strong><mark style=\"background-color:rgba(0, 0, 0, 0);color:#dc1d1d\" class=\"has-inline-color\">7 septembre en continu<\/mark><\/strong><\/p>\n\n\n\n<p><a href=\"https:\/\/www.liberation.fr\/international\/afrique\/sahara-occidental-il-est-difficile-pour-les-europeens-de-faire-un-choix-entre-la-lutte-anti-migratoire-marocaine-et-le-gaz-algerien-20220906_VXE3GW7WVBEIVCINLCNAIMQJPY\/\">Difficile pour les Europ\u00e9ens de faire un choix entre lutte anti-migratoire et le gaz alg\u00e9rien<\/a> (Lib\u00e9ration)<\/p>\n\n\n\n<p><strong><mark style=\"background-color:rgba(0, 0, 0, 0);color:#dc1d1d\" class=\"has-inline-color\">6 septembre en continu<\/mark><\/strong><\/p>\n\n\n\n<p><a href=\"https:\/\/theconversation.com\/how-migrants-who-move-between-zimbabwe-and-south-africa-access-healthcare-in-border-towns-189822?utm_medium=email&amp;utm_campaign=Latest%20from%20The%20Conversation%20for%20September%205%202022%20-%202393823912&amp;utm_content=Latest%20from%20The%20Conversation%20for%20September%205%202022%20-%202393823912+CID_bf781f681a36b9ccf6c04da6df22007c&amp;utm_source=campaign_monitor_africa&amp;utm_term=How%20migrants%20who%20move%20between%20Zimbabwe%20and%20South%20Africa%20access%20healthcare%20in%20border%20towns\">How migrants who move between Zimbabwe and South Africa access healthcare  <\/a>(The Conversation)<\/p>\n\n\n\n<p><a href=\"https:\/\/www.investigaction.net\/fr\/anne-morelli-sur-le-manuel-de-limmigration-said-bouamama-demontre-le-lien-etroit-entre-economie-et-migrations\/\">\u00ab Sa\u00efd Bouamama d\u00e9montre le lien \u00e9troit entre \u00e9conomie et migrations \u00bb<\/a> (investigaction)<\/p>\n\n\n\n<figure class=\"wp-block-image size-full is-resized\"><img data-recalc-dims=\"1\" loading=\"lazy\" decoding=\"async\" src=\"https:\/\/i0.wp.com\/www.rdpemancipation.org\/wp-content\/uploads\/2022\/09\/image-60.png?resize=348%2C501&#038;ssl=1\" alt=\"\" class=\"wp-image-97105\" width=\"348\" height=\"501\" srcset=\"https:\/\/i0.wp.com\/www.rdpemancipation.org\/wp-content\/uploads\/2022\/09\/image-60.png?w=556&amp;ssl=1 556w, https:\/\/i0.wp.com\/www.rdpemancipation.org\/wp-content\/uploads\/2022\/09\/image-60.png?resize=209%2C300&amp;ssl=1 209w\" sizes=\"auto, (max-width: 348px) 100vw, 348px\" \/><\/figure>\n\n\n\n<p><a href=\"http:\/\/www.infomigrants.net\/fr\/post\/43104\/a-gentilly-des-centaines-de-migrants-evacues-dun-batiment-vide\">\u00c0 Gentilly, des centaines de migrants \u00e9vacu\u00e9s d&rsquo;un b\u00e2timent vide<\/a> (IM)<\/p>\n\n\n\n<p><a href=\"https:\/\/information.tv5monde.com\/video\/union-europeenne-les-27-toujours-en-quete-d-une-reponse-commune-sur-l-immigration\">Union europ\u00e9enne : les 27 toujours en qu\u00eate d\u2019une r\u00e9ponse commune sur l\u2019immigration<\/a> (TV5)<\/p>\n\n\n\n<p><strong><mark style=\"background-color:rgba(0, 0, 0, 0);color:#dc1d1d\" class=\"has-inline-color\">5 septembre en continu<\/mark><\/strong><\/p>\n\n\n\n<p><a href=\"https:\/\/info.mediapart.fr\/optiext\/optiextension.dll?ID=w01w1cPwzf1bzMETPQSqMysOeydaOG7_S3VwAxIfZ4o855jgE4u1aeM5AhDPGyBf3tAwLmWcwbNa_czy4SNka2wmWl_ob\">L\u2019Espagne ouvre la voie \u00e0 la r\u00e9gularisation de milliers de sans-papiers<\/a> (Mdp)<\/p>\n\n\n\n<p><a href=\"https:\/\/paris-luttes.info\/stop-rwanda-deportation-16172\">Stop Rwanda Deportation&nbsp;! <\/a>(Paris Luttes info)<\/p>\n\n\n\n<p><a href=\"https:\/\/www.euractiv.fr\/section\/monde\/news\/la-grece-a-bloque-lentree-de-plus-de-150-000-migrants-cette-annee\/\">La Gr\u00e8ce a bloqu\u00e9 l\u2019entr\u00e9e de plus de 150 000 migrants cette ann\u00e9e <\/a>(Euractiv)<\/p>\n\n\n\n<p><a href=\"https:\/\/www.liberation.fr\/international\/afrique\/migrants-en-mediterranee-rester-en-vie-en-libye-ma-epuise-20220905_IFCECNQ6TBFNHKLK6XTP6YHCRY\/\">Migrants en M\u00e9diterran\u00e9e : \u00abRester en vie en Libye m\u2019a \u00e9puis\u00e9\u00bb<\/a> (Lib\u00e9ration)<\/p>\n\n\n\n<figure class=\"wp-block-image size-full is-resized\"><img data-recalc-dims=\"1\" loading=\"lazy\" decoding=\"async\" src=\"https:\/\/i0.wp.com\/www.rdpemancipation.org\/wp-content\/uploads\/2022\/09\/image-47.png?resize=311%2C220&#038;ssl=1\" alt=\"\" class=\"wp-image-96975\" width=\"311\" height=\"220\" srcset=\"https:\/\/i0.wp.com\/www.rdpemancipation.org\/wp-content\/uploads\/2022\/09\/image-47.png?w=800&amp;ssl=1 800w, https:\/\/i0.wp.com\/www.rdpemancipation.org\/wp-content\/uploads\/2022\/09\/image-47.png?resize=300%2C212&amp;ssl=1 300w, https:\/\/i0.wp.com\/www.rdpemancipation.org\/wp-content\/uploads\/2022\/09\/image-47.png?resize=768%2C543&amp;ssl=1 768w\" sizes=\"auto, (max-width: 311px) 100vw, 311px\" \/><\/figure>\n\n\n\n<p><a href=\"https:\/\/www.lepoint.fr\/societe\/pres-de-paris-des-centaines-de-migrants-occupent-un-batiment-vide-04-09-2022-2488437_23.php\">Gentilly : les migrants qui occupaient un b\u00e2timent vide ont \u00e9t\u00e9 expuls\u00e9s&nbsp;<\/a> (Le Point)<\/p>\n\n\n\n<p><a href=\"https:\/\/www.rfi.fr\/fr\/en-bref\/20220904-migrants-depuis-100-jours-des-jeunes-campent-place-de-la-bastille-%C3%A0-paris\">Migrants: depuis 100 jours, des jeunes campent place de la Bastille \u00e0 Paris<\/a> (RFI)<\/p>\n\n\n\n<p><strong><mark style=\"background-color:rgba(0, 0, 0, 0);color:#dc1d1d\" class=\"has-inline-color\">4 septembre en continu<\/mark><\/strong><\/p>\n\n\n\n<p><a href=\"https:\/\/www.lemonde.fr\/economie\/article\/2022\/09\/03\/en-manque-de-bras-l-australie-rouvre-ses-frontieres_6140082_3234.html\">En manque de bras, l\u2019Australie rouvre ses fronti\u00e8res<\/a> (Le Monde)<\/p>\n\n\n\n<p><a href=\"https:\/\/www.euractiv.fr\/section\/l-europe-dans-le-monde\/news\/le-manque-de-fonds-pour-les-refugies-palestiniens-menace-la-stabilite-regionale-selon-lonu\/\">Le manque de fonds pour les r\u00e9fugi\u00e9s palestiniens menace la stabilit\u00e9 r\u00e9gionale, selon l\u2019ONU <\/a>(Euractiv)<\/p>\n\n\n\n<p><strong><mark style=\"background-color:rgba(0, 0, 0, 0);color:#dc1d1d\" class=\"has-inline-color\">3 septembre en continu<\/mark><\/strong><\/p>\n\n\n\n<p><a href=\"https:\/\/www.nonfiction.fr\/article-11394-entretien-avec-catherine-wihtol-de-wenden.htm\">Entretien avec Catherine Wihtol de Wenden <\/a>(Nonfiction)<\/p>\n\n\n\n<p><a href=\"https:\/\/www.politis.fr\/articles\/2022\/08\/a-toulouse-de-jeunes-exiles-a-la-rue-44755\/\">\u00c0 Toulouse, de jeunes exil\u00e9s \u00e0 la rue<\/a> (Politis)<\/p>\n\n\n\n<p><a href=\"https:\/\/rebellyon.info\/La-place-du-Pont-n-est-pas-un-plateau-24093\">La place du Pont n\u2019est pas un plateau t\u00e9l\u00e9&nbsp;<\/a>! (Rebellyon)<\/p>\n\n\n\n<p><a href=\"http:\/\/www.infomigrants.net\/fr\/post\/43066\/royaumeuni--la-detresse-psychologique-des-demandeurs-dasile-menaces-dexpulsion-vers-le-rwanda\">Royaume-Uni : la d\u00e9tresse psychologique des demandeurs d&rsquo;asile menac\u00e9s d\u2019expulsion vers le Rwanda<\/a> (IM)<\/p>\n\n\n\n<p><a href=\"http:\/\/www.infomigrants.net\/fr\/post\/43070\/royaumeuni--quand-les-autorites-soustraitent-le-sauvetage-de-migrants-a-des-societes-privees\">Royaume-Uni : quand les autorit\u00e9s sous-traitent le sauvetage de migrants \u00e0 des soci\u00e9t\u00e9s priv\u00e9es<\/a> (IM)<\/p>\n\n\n\n<p><a href=\"https:\/\/www.zonebourse.com\/actualite-bourse\/Huit-migrants-meurent-en-essayant-de-traverser-le-fleuve-Rio-Grande-vers-les-Etats-Unis--41684645\/\">Huit migrants meurent en essayant de traverser le fleuve Rio Grande vers les \u00c9tats-Unis<\/a> (Zonebourse)<\/p>\n\n\n\n<p><strong><mark style=\"background-color:rgba(0, 0, 0, 0);color:#dc1d1d\" class=\"has-inline-color\">2 septembre en continu<\/mark><\/strong><\/p>\n\n\n\n<p><a href=\"https:\/\/www.marianne.net\/politique\/gouvernement\/immigration-clandestine-pauvrete-emeutes-pourquoi-mayotte-reste-un-dossier-complexe\">Immigration clandestine, pauvret\u00e9, \u00e9meutes\u2009: pourquoi Mayotte reste un dossier complexe<\/a> (Marianne)<\/p>\n\n\n\n<p><a href=\"http:\/\/www.infomigrants.net\/fr\/post\/43036\/certains-migrants-resteront-traumatises-a-vie-par-les-violences-subies\">\u00ab\u00a0Certains migrants resteront traumatis\u00e9s \u00e0 vie\u00a0\u00bb par les violences subies<\/a> (IM)<\/p>\n\n\n\n<figure class=\"wp-block-image size-full is-resized\"><img data-recalc-dims=\"1\" loading=\"lazy\" decoding=\"async\" src=\"https:\/\/i0.wp.com\/www.rdpemancipation.org\/wp-content\/uploads\/2022\/09\/image-23.png?resize=399%2C258&#038;ssl=1\" alt=\"\" class=\"wp-image-96690\" width=\"399\" height=\"258\" srcset=\"https:\/\/i0.wp.com\/www.rdpemancipation.org\/wp-content\/uploads\/2022\/09\/image-23.png?w=1024&amp;ssl=1 1024w, https:\/\/i0.wp.com\/www.rdpemancipation.org\/wp-content\/uploads\/2022\/09\/image-23.png?resize=300%2C194&amp;ssl=1 300w, https:\/\/i0.wp.com\/www.rdpemancipation.org\/wp-content\/uploads\/2022\/09\/image-23.png?resize=768%2C497&amp;ssl=1 768w\" sizes=\"auto, (max-width: 399px) 100vw, 399px\" \/><figcaption><em><sub>Des migrants dorment dans un tunnel du nord de Paris, en 2021 (archives). Cr\u00e9dit : InfoMigrants<\/sub><\/em><\/figcaption><\/figure>\n\n\n\n<p><a href=\"https:\/\/www.lacimade.org\/droit-au-sejour-pour-raisons-medicales-la-suspicion-toujours-au-detriment-de-la-protection\/\">Droit au s\u00e9jour pour raisons m\u00e9dicales : ma suspicion toujours au d\u00e9triment de la protection <\/a>( La Cimade)<\/p>\n\n\n\n<p><a href=\"https:\/\/theconversation.com\/quel-acces-aux-soins-pour-les-femmes-enceintes-migrantes-depourvues-dassurance-maladie-188774\">Quel acc\u00e8s aux soins pour les femmes enceintes migrantes ?<\/a> (The Conversation)<\/p>\n\n\n\n<p><a href=\"http:\/\/www.regards.fr\/actu\/article\/partir-est-un-droit-fondamental\">\u00ab&nbsp;Partir est un droit fondamental&nbsp;!&nbsp;\u00bb<\/a> (Regards)<\/p>\n\n\n\n<p><a href=\"http:\/\/www.regards.fr\/actu\/societe\/article\/les-conditions-d-enfermement-en-centre-de-retention-administrative-sont\">\u00ab&nbsp;Les conditions d\u2019enfermement en centre de r\u00e9tention administrative sont absolument indignes&nbsp;\u00bb<\/a> (Regards)<\/p>\n\n\n\n<p><strong><mark style=\"background-color:rgba(0, 0, 0, 0);color:#dc1d1d\" class=\"has-inline-color\">1er septembre en continu<\/mark><\/strong><\/p>\n\n\n\n<p><a href=\"https:\/\/utopia56.org\/manifestation-cest-pas-la-rentree-pour-tout-le-monde\/\">Manifestation : C\u2019est pas la rentr\u00e9e pour tout le monde <\/a>(Utopie 56)<\/p>\n\n\n\n<p><a href=\"https:\/\/www.zonebourse.com\/actualite-bourse\/Le-gouverneur-du-Texas-envoie-des-migrants-en-bus-a-Chicago-dans-le-cadre-d-un-conflit-sur-la-securi--41665700\/\">Le gouverneur du Texas envoie des migrants en bus \u00e0 Chicago dans le cadre d&rsquo;un conflit sur &#8230; <\/a>(Zonebourse)<\/p>\n\n\n\n<p><a href=\"https:\/\/www.bfmtv.com\/alsace\/migrants-de-la-place-de-l-etoile-la-prefecture-juge-inopportune-la-mise-en-cause-de-l-etat-par-la-maire-de-strasbourg_AN-202208310690.html\">La pr\u00e9fecture juge&nbsp;\u00bbinopportune&nbsp;\u00bb la mise en cause par le maire de Strasbourg <\/a>(BFM)<\/p>\n\n\n\n<p><a href=\"http:\/\/www.infomigrants.net\/fr\/post\/42971\/route-des-balkans--une-augmentation-nette-mais-inexpliquee-des-passages-de-migrants\">Route des Balkans : une augmentation nette, mais inexpliqu\u00e9e, des passages de migrants<\/a> (IM)<\/p>\n\n\n\n<p><a href=\"http:\/\/www.infomigrants.net\/fr\/post\/43007\/france--indignation-apres-linterpellation-par-la-police-de-migrants-dans-une-eglise\">France : indignation apr\u00e8s l&rsquo;interpellation par la police de migrants dans une \u00e9glise<\/a> (IM)<\/p>\n\n\n\n<p><a href=\"https:\/\/www.contretemps.eu\/thematique-identite-extreme-droite-racisme-fascisme-identitaires\/\">La th\u00e9matique identitaire est virale, mais a-t-elle un avenir ?<\/a> (Contretemps)<\/p>\n\n\n\n<p><a href=\"https:\/\/rebellyon.info\/Repression-sur-un-membre-de-la-Gale-24087\">R\u00e9pression sur un membre de la Gale&nbsp;: proc\u00e8s contre le Bastion Social le 13&nbsp;septembre<\/a> (R\u00e9belliyon)<\/p>\n","protected":false},"excerpt":{"rendered":"<p>2 octobre Reportage.&nbsp;Derri\u00e8re la vitrine touristique, la vague d\u2019exil de la jeunesse marocaine (Courrier international)c Royaume-Uni : des demand eurs d\u2019asile mineurs consid\u00e9r\u00e9s \u00e0 tort comme adultes(IM) Utopia 56 Tours ne peut plus mettre \u00e0 l\u2019abri les jeunes non&nbsp;accompagn\u00e9s remis \u00e0 la rue par le D\u00e9partement (Utopie 56) La Cimade partenaire du film \u00ab&nbsp;Tori et &#8230; <a title=\"Septembre &#8211; Antiracisme\/Migrations\" class=\"read-more\" href=\"https:\/\/www.rdpemancipation.org\/?p=96446\" aria-label=\"En savoir plus sur Septembre &#8211; Antiracisme\/Migrations\">Lire la suite<\/a><\/p>\n","protected":false},"author":1,"featured_media":0,"comment_status":"closed","ping_status":"closed","sticky":false,"template":"","format":"standard","meta":{"_lmt_disableupdate":"","_lmt_disable":"","_jetpack_memberships_contains_paid_content":false,"footnotes":""},"categories":[13,27],"tags":[],"class_list":["post-96446","post","type-post","status-publish","format-standard","hentry","category-antiracisme","category-migrations"],"modified_by":"man","jetpack_featured_media_url":"","jetpack_sharing_enabled":true,"_links":{"self":[{"href":"https:\/\/www.rdpemancipation.org\/index.php?rest_route=\/wp\/v2\/posts\/96446","targetHints":{"allow":["GET"]}}],"collection":[{"href":"https:\/\/www.rdpemancipation.org\/index.php?rest_route=\/wp\/v2\/posts"}],"about":[{"href":"https:\/\/www.rdpemancipation.org\/index.php?rest_route=\/wp\/v2\/types\/post"}],"author":[{"embeddable":true,"href":"https:\/\/www.rdpemancipation.org\/index.php?rest_route=\/wp\/v2\/users\/1"}],"replies":[{"embeddable":true,"href":"https:\/\/www.rdpemancipation.org\/index.php?rest_route=%2Fwp%2Fv2%2Fcomments&post=96446"}],"version-history":[{"count":49,"href":"https:\/\/www.rdpemancipation.org\/index.php?rest_route=\/wp\/v2\/posts\/96446\/revisions"}],"predecessor-version":[{"id":99647,"href":"https:\/\/www.rdpemancipation.org\/index.php?rest_route=\/wp\/v2\/posts\/96446\/revisions\/99647"}],"wp:attachment":[{"href":"https:\/\/www.rdpemancipation.org\/index.php?rest_route=%2Fwp%2Fv2%2Fmedia&parent=96446"}],"wp:term":[{"taxonomy":"category","embeddable":true,"href":"https:\/\/www.rdpemancipation.org\/index.php?rest_route=%2Fwp%2Fv2%2Fcategories&post=96446"},{"taxonomy":"post_tag","embeddable":true,"href":"https:\/\/www.rdpemancipation.org\/index.php?rest_route=%2Fwp%2Fv2%2Ftags&post=96446"}],"curies":[{"name":"wp","href":"https:\/\/api.w.org\/{rel}","templated":true}]}}