{"id":96444,"date":"2022-09-01T09:46:37","date_gmt":"2022-09-01T07:46:37","guid":{"rendered":"https:\/\/www.rdpemancipation.org\/?p=96444"},"modified":"2022-09-30T12:15:07","modified_gmt":"2022-09-30T10:15:07","slug":"septembre-jeunesse-education-2","status":"publish","type":"post","link":"https:\/\/www.rdpemancipation.org\/?p=96444","title":{"rendered":"Septembre &#8211; Jeunesse\/\u00c9ducation"},"content":{"rendered":"\n<p><strong><mark style=\"background-color:rgba(0, 0, 0, 0);color:#dc1d1d\" class=\"has-inline-color\">30 Septembre en continu<\/mark><\/strong><\/p>\n\n\n\n<p><a href=\"http:\/\/www.cafepedagogique.net\/lexpresso\/Pages\/2022\/09\/30092022Article638001135493789595.aspx\">\u00ab Fabriq\u2019Expo \u00bb. Comment transformer une id\u00e9e en projet ?<\/a> (Caf\u00e9 p\u00e9dagogique)<\/p>\n\n\n\n<p><a href=\"https:\/\/www.education.gouv.fr\/annee-scolaire-2022-2023-protocole-sanitaire-342184\">Ann\u00e9e scolaire 2022-2023: protocole sanitaire<\/a> (Education.gouv)<\/p>\n\n\n\n<p><a href=\"http:\/\/www.cafepedagogique.net\/LEXPRESSO\/Pages\/2022\/09\/30092022Article638001135519415087.aspx\">Le minist\u00e8re de l&rsquo;\u00e9ducation lance les \u00ab\u00a0concertations\u00a0\u00bb dans les \u00e9tablissements<\/a> (Caf\u00e9 p\u00e9dagogique)<\/p>\n\n\n\n<p><strong><mark style=\"background-color:rgba(0, 0, 0, 0);color:#dc1d1d\" class=\"has-inline-color\">29 Septembre en continu<\/mark><\/strong><\/p>\n\n\n\n<p><a href=\"http:\/\/www.cafepedagogique.net\/LEXPRESSO\/Pages\/2022\/09\/29092022Article638000275323355141.aspx\">Fran\u00e7ais : L&rsquo;enqu\u00eate CEDRE montre une aggravation des in\u00e9galit\u00e9s \u00e0 l&rsquo;\u00e9cole et au coll\u00e8ge<\/a> (Caf\u00e9 p\u00e9dagogique)<\/p>\n\n\n\n<p><a href=\"https:\/\/www.telerama.fr\/debats-reportages\/aux-etats-unis-une-semaine-des-livres-interdits-pour-denoncer-la-censure-dans-les-bibliotheques-et-les-ecoles-7012136.php\">Aux \u00c9tats-Unis, une \u201cSemaine des livres interdits\u201d pour d\u00e9noncer la censure dans les \u00e9coles<\/a>&nbsp;(telerama.fr)<\/p>\n\n\n\n<p><a href=\"https:\/\/www.theguardian.com\/education\/2022\/sep\/19\/virginia-transgender-students-schools-glenn-youngkin\">Virginia seeks to strip transgender school students of protections<\/a>&nbsp;(theguardian.com)<\/p>\n\n\n\n<p><a href=\"http:\/\/www.cafepedagogique.net\/lexpresso\/Pages\/2022\/09\/29092022Article638000275308198794.aspx\">Des fonds d&rsquo;investissement poss\u00e8dent des \u00e9coles sous contrat <\/a>&nbsp;(Caf\u00e9 p\u00e9dagogique)<\/p>\n\n\n\n<figure class=\"wp-block-image size-full\"><img data-recalc-dims=\"1\" loading=\"lazy\" decoding=\"async\" width=\"200\" height=\"264\" src=\"https:\/\/i0.wp.com\/www.rdpemancipation.org\/wp-content\/uploads\/2022\/09\/image-310.png?resize=200%2C264&#038;ssl=1\" alt=\"\" class=\"wp-image-99470\"\/><\/figure>\n\n\n\n<p><strong><mark style=\"background-color:rgba(0, 0, 0, 0);color:#dc1d1d\" class=\"has-inline-color\">28 Septembre en continu<\/mark><\/strong><\/p>\n\n\n\n<p><a href=\"http:\/\/www.cafepedagogique.net\/LEXPRESSO\/Pages\/2022\/09\/28092022Article637999410239016715.aspx\">29 septembre : Pourquoi ils feront gr\u00e8ve <\/a>&nbsp;(Caf\u00e9 p\u00e9dagogique)<\/p>\n\n\n\n<p><a href=\"http:\/\/www.cafepedagogique.net\/lexpresso\/Pages\/2022\/09\/28092022Article637999410245266955.aspx\">Que sait-on de l&rsquo;attractivit\u00e9 du m\u00e9tier enseignant ? <\/a>&nbsp;(Caf\u00e9 p\u00e9dagogique)<\/p>\n\n\n\n<figure class=\"wp-block-image size-full\"><img data-recalc-dims=\"1\" loading=\"lazy\" decoding=\"async\" width=\"250\" height=\"240\" src=\"https:\/\/i0.wp.com\/www.rdpemancipation.org\/wp-content\/uploads\/2022\/09\/image-302.png?resize=250%2C240&#038;ssl=1\" alt=\"\" class=\"wp-image-99368\"\/><\/figure>\n\n\n\n<p><strong><mark style=\"background-color:rgba(0, 0, 0, 0);color:#dc1d1d\" class=\"has-inline-color\">27 Septembre en continu<\/mark><\/strong><\/p>\n\n\n\n<p><a href=\"http:\/\/www.cafepedagogique.net\/lexpresso\/Pages\/2022\/09\/27092022Article637998536613821558.aspx\">Un s\u00e9nateur demande la publication des algorithmes de Parcoursup<\/a> (Caf\u00e9 p\u00e9dagogique)<\/p>\n\n\n\n<p><a href=\"http:\/\/www.cafepedagogique.net\/LEXPRESSO\/Pages\/2022\/09\/27092022Article637998536652572798.aspx\">Budget 2023 : La revalorisation promise n&rsquo;est pas au rendez-vous<\/a> (Caf\u00e9 p\u00e9dagogique)<\/p>\n\n\n\n<p><strong><mark style=\"background-color:rgba(0, 0, 0, 0);color:#dc1d1d\" class=\"has-inline-color\">26 Septembre en continu<\/mark><\/strong><\/p>\n\n\n\n<p><a href=\"http:\/\/www.cafepedagogique.net\/lexpresso\/Pages\/2022\/09\/26092022Article637997610032359029.aspx\">L&rsquo;enseignement professionnel s&rsquo;unit contre le projet d&rsquo;E Macron <\/a>&nbsp;(Caf\u00e9 p\u00e9dagogique)<\/p>\n\n\n\n<p><a href=\"https:\/\/www.questionsdeclasses.org\/23-2\/\">Effectifs et conditions d&rsquo;\u00e9tude<\/a> (Questions de classe(s))<\/p>\n\n\n\n<figure class=\"wp-block-image size-full is-resized\"><img data-recalc-dims=\"1\" loading=\"lazy\" decoding=\"async\" src=\"https:\/\/i0.wp.com\/www.rdpemancipation.org\/wp-content\/uploads\/2022\/09\/image-276.png?resize=325%2C264&#038;ssl=1\" alt=\"\" class=\"wp-image-99138\" width=\"325\" height=\"264\" srcset=\"https:\/\/i0.wp.com\/www.rdpemancipation.org\/wp-content\/uploads\/2022\/09\/image-276.png?w=640&amp;ssl=1 640w, https:\/\/i0.wp.com\/www.rdpemancipation.org\/wp-content\/uploads\/2022\/09\/image-276.png?resize=300%2C244&amp;ssl=1 300w\" sizes=\"auto, (max-width: 325px) 100vw, 325px\" \/><\/figure>\n\n\n\n<p><strong><mark style=\"background-color:rgba(0, 0, 0, 0);color:#dc1d1d\" class=\"has-inline-color\">23 Septembre en continu<\/mark><\/strong><\/p>\n\n\n\n<p><a href=\"http:\/\/www.cafepedagogique.net\/lexpresso\/Pages\/2022\/09\/23092022Article637995062806428335.aspx\">Pour l&rsquo;Icem Freinet, P. Ndiaye c&rsquo;est la continuit\u00e9<\/a> (Caf\u00e9 p\u00e9dagogique)<\/p>\n\n\n\n<p><a href=\"https:\/\/www.nature.com\/articles\/d41586-022-02998-w\">USA: La majorit\u00e9 des professeurs form\u00e9s dans quelques universit\u00e9s \u00e9litistes<\/a> (Nature)<\/p>\n\n\n\n<p><a href=\"http:\/\/www.cafepedagogique.net\/LEXPRESSO\/Pages\/2022\/09\/23092022Article637995062842210501.aspx\">Epreuves de sp\u00e9cialit\u00e9 : Pap Ndiaye assume un mauvais choix <\/a>&nbsp;(Caf\u00e9 p\u00e9dagogique)<\/p>\n\n\n\n<p><strong><mark style=\"background-color:rgba(0, 0, 0, 0);color:#dc1d1d\" class=\"has-inline-color\">21 Septembre en continu<\/mark><\/strong><\/p>\n\n\n\n<p><a href=\"https:\/\/www.facebook.com\/valerie.priolet\/posts\/pfbid0FPVYQRAo6sM3ZUtAjYjpvhEatWKiMSMrdCKydgbqwRBxFoXjWRRRRTZ5Tz8fxSPZl\">Hommage \u00e0 Christine Renon<\/a> (FB)<\/p>\n\n\n\n<figure class=\"wp-block-image size-full is-resized\"><img data-recalc-dims=\"1\" loading=\"lazy\" decoding=\"async\" src=\"https:\/\/i0.wp.com\/www.rdpemancipation.org\/wp-content\/uploads\/2022\/09\/image-220.png?resize=263%2C314&#038;ssl=1\" alt=\"\" class=\"wp-image-98679\" width=\"263\" height=\"314\" srcset=\"https:\/\/i0.wp.com\/www.rdpemancipation.org\/wp-content\/uploads\/2022\/09\/image-220.png?w=494&amp;ssl=1 494w, https:\/\/i0.wp.com\/www.rdpemancipation.org\/wp-content\/uploads\/2022\/09\/image-220.png?resize=252%2C300&amp;ssl=1 252w\" sizes=\"auto, (max-width: 263px) 100vw, 263px\" \/><\/figure>\n\n\n\n<p><a href=\"http:\/\/www.cafepedagogique.net\/LEXPRESSO\/Pages\/2022\/09\/21092022Article637993281207486805.aspx\">A la recherche des professeurs d\u00e9missionnaires&nbsp; <\/a>&nbsp;(Caf\u00e9 p\u00e9dagogique)<\/p>\n\n\n\n<p><a href=\"https:\/\/www.questionsdeclasses.org\/colonies-de-vacances-et-violences-sexuelles\/\">Colonies de vacances et violences sexuelles ?<\/a> (Q2C)<\/p>\n\n\n\n<figure class=\"wp-block-image size-full is-resized\"><img data-recalc-dims=\"1\" loading=\"lazy\" decoding=\"async\" src=\"https:\/\/i0.wp.com\/www.rdpemancipation.org\/wp-content\/uploads\/2022\/09\/image-216.png?resize=308%2C318&#038;ssl=1\" alt=\"\" class=\"wp-image-98645\" width=\"308\" height=\"318\" srcset=\"https:\/\/i0.wp.com\/www.rdpemancipation.org\/wp-content\/uploads\/2022\/09\/image-216.png?w=988&amp;ssl=1 988w, https:\/\/i0.wp.com\/www.rdpemancipation.org\/wp-content\/uploads\/2022\/09\/image-216.png?resize=768%2C796&amp;ssl=1 768w\" sizes=\"auto, (max-width: 308px) 100vw, 308px\" \/><\/figure>\n\n\n\n<p><a href=\"http:\/\/www.cafepedagogique.net\/lexpresso\/Pages\/2022\/09\/21092022Article637993281199986709.aspx\">Gratuit\u00e9 des fournitures scolaires : Un enjeu de coh\u00e9sion sociale <\/a>&nbsp;(Caf\u00e9 p\u00e9dagogique)<\/p>\n\n\n\n<p><strong><mark style=\"background-color:rgba(0, 0, 0, 0);color:#dc1d1d\" class=\"has-inline-color\">20 Septembre en continu<\/mark><\/strong><\/p>\n\n\n\n<p><a href=\"http:\/\/www.cafepedagogique.net\/lexpresso\/Pages\/2022\/09\/20092022Article637992489182364893.aspx\">Manifestations lyc\u00e9ennes le 23 septembre <\/a>&nbsp;(Caf\u00e9 p\u00e9dagogique)<\/p>\n\n\n\n<p><a href=\"http:\/\/www.cafepedagogique.net\/lexpresso\/Pages\/2022\/09\/20092022Article637992489159083047.aspx\">Les neurosciences en \u00e9ducation, un neuromythe ?<\/a> (Caf\u00e9 p\u00e9dagogique)<\/p>\n\n\n\n<p><a href=\"https:\/\/www.ladn.eu\/media-mutants\/reseaux-sociaux\/education-numerique-partager-ecrans-interdire\/\">\u00ab En France, l\u2019\u00e9ducation au num\u00e9rique est un v\u00e9ritable d\u00e9sert \u00bb<\/a> (L\u2019ADN)<\/p>\n\n\n\n<p><a href=\"http:\/\/www.cafepedagogique.net\/lexpresso\/Pages\/2022\/09\/20092022Article637992489146113965.aspx\">Des stages de sciences pour les jeunes \u00e0 la Cit\u00e9 des sciences <\/a>&nbsp;(Caf\u00e9 p\u00e9dagogique)<\/p>\n\n\n\n<p><a href=\"https:\/\/www.20minutes.fr\/economie\/4001705-20220920-sobriete-energetique-strasbourg-etudiants-deux-semaines-vacances-plus-hiver\">Sobri\u00e9t\u00e9 \u00e9nerg\u00e9tique : A Strasbourg, les \u00e9tudiants auront deux semaines de vacances en plus cet hiver<\/a>&nbsp; (20 minutes)<\/p>\n\n\n\n<p><strong><mark style=\"background-color:rgba(0, 0, 0, 0);color:#dc1d1d\" class=\"has-inline-color\">16 Septembre en continu<\/mark><\/strong><\/p>\n\n\n\n<p><a href=\"https:\/\/www.cddd.fr\/mooc-comprendre-crise-ecologique-reinventer-entreprise-c3d-pre\/\">Comprendre la crise \u00e9cologique pour r\u00e9inventer l&rsquo;entreprise<\/a> (Mooc, C3D)<\/p>\n\n\n\n<p><a href=\"http:\/\/www.cafepedagogique.net\/lexpresso\/Pages\/2022\/09\/16092022Article637989030970249202.aspx\">C\u00e9line Darnon : M\u00e9ritocratie scolaire et d\u00e9sengagement collectif <\/a>&nbsp;(Cafe p\u00e9dagogique)<\/p>\n\n\n\n<p><a href=\"http:\/\/www.regards.fr\/actu\/article\/le-cned-laboratoire-du-management-neoliberal-dans-l-education-nationale\">Le CNED&nbsp;: laboratoire du management n\u00e9olib\u00e9ral dans l\u2019\u00c9ducation nationale<\/a>&nbsp;(Regards)<\/p>\n\n\n\n<p><strong><mark style=\"background-color:rgba(0, 0, 0, 0);color:#dc1d1d\" class=\"has-inline-color\">14 Septembre en continu<\/mark><\/strong><\/p>\n\n\n\n<p><a href=\"https:\/\/www.journaldesfemmes.fr\/maman\/magazine\/2818289-penurie-de-profs-les-affectations-en-voie-d-assouplissement\/#:~:text=%5BMise%20%C3%A0%20jour%20du%2013,du%20bricolage%20(...)\">P\u00e9nurie de professeurs : 62% des \u00e9tablissements concern\u00e9s<\/a> (Journal des femmes)<\/p>\n\n\n\n<p><a href=\"http:\/\/www.cafepedagogique.net\/lexpresso\/Pages\/2022\/09\/14092022Article637987281358937472.aspx\">E. Macron pr\u00e9sente son projet pour les lyc\u00e9es professionnels<\/a> (Caf\u00e9P\u00e9dagogique)<\/p>\n\n\n\n<p><a href=\"https:\/\/www.questionsdeclasses.org\/non-a-la-repression-contre-kai-terada-2\/\">Non \u00e0 la r\u00e9pression contre Kai Terada !<\/a> (Question de classe(s))<\/p>\n\n\n\n<figure class=\"wp-block-image size-large is-resized\"><img data-recalc-dims=\"1\" loading=\"lazy\" decoding=\"async\" src=\"https:\/\/i0.wp.com\/www.rdpemancipation.org\/wp-content\/uploads\/2022\/09\/image-159.png?resize=309%2C386&#038;ssl=1\" alt=\"\" class=\"wp-image-98029\" width=\"309\" height=\"386\" srcset=\"https:\/\/i0.wp.com\/www.rdpemancipation.org\/wp-content\/uploads\/2022\/09\/image-159.png?resize=819%2C1024&amp;ssl=1 819w, https:\/\/i0.wp.com\/www.rdpemancipation.org\/wp-content\/uploads\/2022\/09\/image-159.png?resize=240%2C300&amp;ssl=1 240w, https:\/\/i0.wp.com\/www.rdpemancipation.org\/wp-content\/uploads\/2022\/09\/image-159.png?resize=768%2C960&amp;ssl=1 768w, https:\/\/i0.wp.com\/www.rdpemancipation.org\/wp-content\/uploads\/2022\/09\/image-159.png?w=1080&amp;ssl=1 1080w\" sizes=\"auto, (max-width: 309px) 100vw, 309px\" \/><\/figure>\n\n\n\n<p><strong><mark style=\"background-color:rgba(0, 0, 0, 0);color:#dc1d1d\" class=\"has-inline-color\">13 Septembre en continu<\/mark><\/strong><\/p>\n\n\n\n<p><a href=\"https:\/\/www.monde-diplomatique.fr\/ecouter\/2022-09-Missionnaires_de_luxe_pour_l_enseignement.mp3\">Missionnaires de luxe pour l&rsquo;enseignement<\/a> (Le monde diplomatique)<\/p>\n\n\n\n<p><strong><mark style=\"background-color:rgba(0, 0, 0, 0);color:#dc1d1d\" class=\"has-inline-color\">12 Septembre en continu<\/mark><\/strong><\/p>\n\n\n\n<p><a href=\"http:\/\/www.cafepedagogique.net\/lexpresso\/Pages\/2022\/09\/12092022Article637985579966909044.aspx\">L\u2019Ecole face au changement climatique <\/a>&nbsp;(Caf\u00e9 p\u00e9dagoqique)<\/p>\n\n\n\n<p><a href=\"https:\/\/www.lemonde.fr\/idees\/article\/2022\/09\/08\/nous-polytechniciennes-et-polytechniciens-ne-voulons-pas-de-lvmh-sur-notre-campus_6140818_3232.html?utm_term=Autofeed&amp;utm_medium=Social&amp;utm_source=Facebook&amp;fbclid=IwAR0XwMiz57iuu1HaB3DVizq1bRnGtrM9rgS7_9B6V8aMwnzH4R7p3Jf9tmw#Echobox=1662669126\">\u00ab Nous, polytechniciennes et polytechniciens, ne voulons pas de LVMH sur notre campus \u00bb<\/a> (Le Monde)<\/p>\n\n\n\n<p><\/p>\n\n\n\n<p><strong><mark style=\"background-color:rgba(0, 0, 0, 0);color:#dc1d1d\" class=\"has-inline-color\">11 Septembre en continu<\/mark><\/strong><\/p>\n\n\n\n<p><a href=\"http:\/\/www.cafepedagogique.net\/lexpresso\/Pages\/2022\/09\/09092022Article637982989544106957.aspx\">Jean-Marie Schl\u00e9ret : Recr\u00e9ez l&rsquo;Observatoire de la s\u00e9curit\u00e9 des \u00e9tablissements <\/a>&nbsp;(Caf\u00e9 p\u00e9dagogique)<\/p>\n\n\n\n<figure class=\"wp-block-embed is-type-rich is-provider-twitter wp-block-embed-twitter\"><div class=\"wp-block-embed__wrapper\">\n<blockquote class=\"twitter-tweet\" data-width=\"550\" data-dnt=\"true\"><p lang=\"en\" dir=\"ltr\">Low-income students have less-effective teachers than high-income students, on average, but the differences are exceedingly small. <a href=\"https:\/\/t.co\/3l6dvTqhjW\">https:\/\/t.co\/3l6dvTqhjW<\/a> <a href=\"https:\/\/t.co\/Bcoyr23MhN\">pic.twitter.com\/Bcoyr23MhN<\/a><\/p>&mdash; Education Next (@EducationNext) <a href=\"https:\/\/twitter.com\/EducationNext\/status\/1568923597862739969?ref_src=twsrc%5Etfw\">September 11, 2022<\/a><\/blockquote><script async src=\"https:\/\/platform.twitter.com\/widgets.js\" charset=\"utf-8\"><\/script>\n<\/div><\/figure>\n\n\n\n<p><strong><mark style=\"background-color:rgba(0, 0, 0, 0);color:#dc1d1d\" class=\"has-inline-color\">7 Septembre en continu<\/mark><\/strong><\/p>\n\n\n\n<p><a href=\"https:\/\/actu.neonmag.fr\/clubbing-seuls-25-des-jeunes-aiment-sortir-en-boite-voici-pourquoi-559343.html?utm_campaign=pmo_neo_article&amp;utm_content=neon-1&amp;utm_medium=cpc&amp;utm_source=ividencebrand#utm_source=ividencebrand\">Clubbing : seuls 25% des jeunes aiment sortir en bo\u00eete, voici pourquoi<\/a> (N\u00e9on)<\/p>\n\n\n\n<p><strong><mark style=\"background-color:rgba(0, 0, 0, 0);color:#dc1d1d\" class=\"has-inline-color\">6 Septembre en continu<\/mark><\/strong><\/p>\n\n\n\n<p><a href=\"https:\/\/www.youtube.com\/watch?v=RqP9C6mr33A\">Un prof de maths suspendu sans savoir pourquoi<\/a> (Regards)<\/p>\n\n\n\n<p><a href=\"https:\/\/www.ladn.eu\/ladn-transition\/rentree-2022-sciences-po-essec-audiencia-formations-superieures-diplomes\/\">Rentr\u00e9e 2022 : sous la pression des \u00e9tudiants, l&rsquo;enseignement sup\u00e9rieur passe (enfin) au vert<\/a> (L\u2019ADN)<\/p>\n\n\n\n<p><a href=\"https:\/\/www.cahiers-pedagogiques.com\/revue-de-presse-du-4-septembre-2022\/\">Revue de presse du 4 septembre 2022<\/a> (Cahiers p\u00e9dagogiques)<\/p>\n\n\n\n<figure class=\"wp-block-image size-full\"><img data-recalc-dims=\"1\" loading=\"lazy\" decoding=\"async\" width=\"333\" height=\"333\" src=\"https:\/\/i0.wp.com\/www.rdpemancipation.org\/wp-content\/uploads\/2022\/09\/image-52.png?resize=333%2C333&#038;ssl=1\" alt=\"\" class=\"wp-image-97025\" srcset=\"https:\/\/i0.wp.com\/www.rdpemancipation.org\/wp-content\/uploads\/2022\/09\/image-52.png?w=333&amp;ssl=1 333w, https:\/\/i0.wp.com\/www.rdpemancipation.org\/wp-content\/uploads\/2022\/09\/image-52.png?resize=300%2C300&amp;ssl=1 300w, https:\/\/i0.wp.com\/www.rdpemancipation.org\/wp-content\/uploads\/2022\/09\/image-52.png?resize=150%2C150&amp;ssl=1 150w\" sizes=\"auto, (max-width: 333px) 100vw, 333px\" \/><\/figure>\n\n\n\n<p><strong><a href=\"https:\/\/www.cahiers-pedagogiques.com\/enseignant-un-metier-en-mutation\/\">Enseignant&nbsp;: un m\u00e9tier en mutation<\/a> (Caf\u00e9 p\u00e9dagogique)<\/strong><\/p>\n\n\n\n<p><a href=\"https:\/\/linfodurable.us16.list-manage.com\/track\/click?u=7c865d50c4cb896f7d830f45d&amp;id=4cfe3aa12f&amp;e=20a9aee858\">Quiz : Testez vos connaissances sur les m\u00e9tiers de la transition \u00e9cologique<strong>&nbsp;<\/strong><\/a>(L\u2019Info durable)<\/p>\n\n\n\n<p><strong><a href=\"https:\/\/www.greenpeace.fr\/ressources-pedagogiques-environnement\/?utm_campaign=instit&amp;utm_source=newsletter&amp;utm_medium=push_info_220905&amp;codespec=7013V000000LRDr\">Ressources p\u00e9dagogiques sur l\u2019environnement<\/a> (Greenpeace)<\/strong><\/p>\n\n\n\n<p><a href=\"https:\/\/www.humanite.fr\/politique\/droite\/chez-lr-des-jeunes-tres-droite-762322?utm_source=sendinblue&amp;utm_campaign=NEWS%20EX%20ABO%20050922&amp;utm_medium=email\">Chez LR, des jeunes tr\u00e8s \u00e0 droite <\/a>&nbsp;(L\u2019Humanit\u00e9)<\/p>\n\n\n\n<p><a href=\"https:\/\/tr.courrier.sudouest.fr\/hit\/KPYN\/06Y\/gz\/79P8CIhoEvlTjo673ZqoOP2fRFViALGMimPwyzOvn75IY1QMPyFxSQ22-DqnMHoBRiFsX5CvlMa4MnOc1-uVFkUr4oXNQLP_imm0HnLHcOiHVcLdoFl__044u9G7YADJ90iXLCsdE_KcSR0teOHT3gMg8DiduQoaAYK89DNiQSF7OQXD4rFN0WQ5QwXGBDT8xyn5hRCvcZr2e4OlF6ZBezZTnHgFlFl4vu4VZAS57hB091zQsA03udz0iYj6aldG9IIxscvWiAWaAVS_Mv4EAXS7wHfqMZjlDh9TWBRx-eD1QR680x9cg0395f0vndpVYqv0ejcZPVJqnDukgqM5oCmrlmnfXcVtSAxL7rAR_JvkciT2WwAmNCl-E5MYByOrGIxD5tZvRxCAKQhktLhcIPTjo1GP_FO2GVxKDhGwPAl0SSL-XncGB5DrlNSad6W70auc2a3P-lPdFGfYU3D0oSW07GnvJ509OEe6egso_WQFdI-pLdnoItCD_eCgb8ZMcSOjdhHIs9Jk4ul4I64Uqc_JCrWHEibDEYlO04T4Q8fQtj7wjI3cyNlURxxdOQ7zGfdrFWN7qVvaHNyAmhJi_qXPZqiwi3K9rfbZs-0\">Jardin Mental : l\u2019appli innovante pour mieux comprendre les troubles psychiques <\/a>&nbsp;(Sud-Ouest)<\/p>\n\n\n\n<p><strong><mark style=\"background-color:rgba(0, 0, 0, 0);color:#dc1d1d\" class=\"has-inline-color\">4-5 septembre en continu<\/mark><\/strong><\/p>\n\n\n\n<p><a href=\"http:\/\/t.e-sante.fr\/c\/BZMgXW?p=72&amp;u=Xo956a&amp;n=EXLjVR&amp;cp=37&amp;mta=pmta\"><strong>Enfant et doudou : quand se s\u00e9parer ?<\/strong><\/a> (e-sant\u00e9)<strong><\/strong><\/p>\n\n\n\n<p><a href=\"https:\/\/www.francetvinfo.fr\/economie\/emploi\/recherche-d-emploi\/fonction-publique\/on-n-a-rien-aucune-reconnaissance-depuis-des-annees-les-atsem-en-greve-lundi-pour-des-salaires-revalorises_5341933.html#xtor=RSS-3-[france]?utm_source=actus_lilo\">On n\u2019a rien aucune reconnaissance depuis des ann\u00e9es, les Atsem en gr\u00e8ve lundi pour des salaires revaloris\u00e9s<\/a> (Francetvinfo)<\/p>\n\n\n\n<p><a href=\"https:\/\/lanticapitaliste.org\/actualite\/services-publics\/penurie-de-conducteures-quand-lorganisation-capitaliste-du-travail\">P\u00e9nurie de conducteurs&nbsp;: quand l\u2018organisation capitaliste du travail menace les transports en commun<\/a> (L\u2019Anticapitaliste)<\/p>\n\n\n\n<p><a href=\"https:\/\/www.huffingtonpost.fr\/france\/video\/conducteur-de-car-scolaire-et-maire-il-nous-raconte-son-quotidien-a-deux-casquettes_207251.html#xtor=AD-14\">Conducteur de car scolaire et maire il nous raconte son quotidien \u00e0 deux casquettes<\/a> (HuffingtonPost)<\/p>\n\n\n\n<p><a href=\"https:\/\/info.mediapart.fr\/optiext\/optiextension.dll?ID=w01wYWeHqjndmZ9cGzPV%2BCIHITfohiTIP6QPgVnOAWPkzISgFOjuTNIecTJNl3zeoiNFhOSdjFQ0Ekn7RLHbDS08tYDMx\">\u00c9cole \u00e0 la maison&nbsp;: des familles se heurtent aux refus en s\u00e9rie des rectorats<\/a> (Mdp)<\/p>\n\n\n\n<p><a href=\"https:\/\/theconversationfrance.cmail19.com\/t\/r-l-tjlyuhdk-bjlyhluhtr-h\/\">Nouveaux profs: ces enseignants qui viennent du monde de l\u2019entreprise<\/a> (The Conversation)<\/p>\n\n\n\n<p><strong><mark style=\"background-color:rgba(0, 0, 0, 0);color:#dc1d1d\" class=\"has-inline-color\">3 septembre en continu<\/mark><\/strong><\/p>\n\n\n\n<p><strong><a href=\"https:\/\/lanticapitaliste.org\/actualite\/education\/education-nationale-une-rentree-en-dramatique-continuite\">\u00c9ducation nationale&nbsp;: une rentr\u00e9e en dramatique continuit\u00e9<\/a> <\/strong>(L\u2019Anticapitaliste)<\/p>\n\n\n\n<figure class=\"wp-block-image size-full\"><img data-recalc-dims=\"1\" loading=\"lazy\" decoding=\"async\" width=\"327\" height=\"437\" src=\"https:\/\/i0.wp.com\/www.rdpemancipation.org\/wp-content\/uploads\/2022\/09\/image-26.png?resize=327%2C437&#038;ssl=1\" alt=\"\" class=\"wp-image-96709\" srcset=\"https:\/\/i0.wp.com\/www.rdpemancipation.org\/wp-content\/uploads\/2022\/09\/image-26.png?w=327&amp;ssl=1 327w, https:\/\/i0.wp.com\/www.rdpemancipation.org\/wp-content\/uploads\/2022\/09\/image-26.png?resize=224%2C300&amp;ssl=1 224w\" sizes=\"auto, (max-width: 327px) 100vw, 327px\" \/><\/figure>\n\n\n\n<p><a><\/a><a href=\"https:\/\/www.francetvinfo.fr\/france\/rentree\/c-est-bien-de-faire-du-sport-en-primaire-les-eleves-motives-pour-faire-30-minutes-de-sport-tous-les-jours_5337505.html\">En primaire, les \u00e9l\u00e8ves motiv\u00e9s pour faire 30 minutes de sport tous les jours<\/a> (Francetvinfo)<strong><\/strong><\/p>\n\n\n\n<p><a href=\"https:\/\/philomag.us1.list-manage.com\/track\/click?u=9ced9dd26136c4dca283a094c&amp;id=b612ab8368&amp;e=349694211b\">Adrien Louis&nbsp;: \u201cL\u2019\u00c9ducation nationale est un vaste syst\u00e8me de servitude\u201d<\/a> (Philomag)<\/p>\n\n\n\n<p><a href=\"https:\/\/www.mediapart.fr\/journal\/france\/020922\/penurie-de-main-d-oeuvre-pole-emploi-prepare-un-vivier-de-chomeurs\">P\u00e9nurie de main d \u0153uvre&nbsp;: p\u00f4le emploi pr\u00e9pare un vivier de ch\u00f4meurs<\/a> (M\u00e9diapart)<\/p>\n\n\n\n<p><a href=\"https:\/\/www.challenges.fr\/education\/rentree-scolaire-les-enseignants-contractuels-racontent-leur-premiere-fois-dans-l-education-nationale_826341\">Rentr\u00e9e scolaire&nbsp;:les enseignants contractuels racontent leur premi\u00e8re fois dans l\u2019\u00c9ducation nationale<\/a> (Challenges)<\/p>\n\n\n\n<figure class=\"wp-block-image size-full\"><img data-recalc-dims=\"1\" loading=\"lazy\" decoding=\"async\" width=\"272\" height=\"272\" src=\"https:\/\/i0.wp.com\/www.rdpemancipation.org\/wp-content\/uploads\/2022\/09\/image-25.png?resize=272%2C272&#038;ssl=1\" alt=\"\" class=\"wp-image-96707\" srcset=\"https:\/\/i0.wp.com\/www.rdpemancipation.org\/wp-content\/uploads\/2022\/09\/image-25.png?w=272&amp;ssl=1 272w, https:\/\/i0.wp.com\/www.rdpemancipation.org\/wp-content\/uploads\/2022\/09\/image-25.png?resize=150%2C150&amp;ssl=1 150w\" sizes=\"auto, (max-width: 272px) 100vw, 272px\" \/><\/figure>\n\n\n\n<p><a href=\"https:\/\/www.boursorama.com\/videos\/actualites\/penurie-de-profs-en-france-plus-de-4-000-postes-n-ont-pas-ete-pourvus-76589995ebd41b578d536f5f0c0aef0c\">P\u00e9nurie de profs en France : plus de 4 000 postes n&rsquo;ont pas \u00e9t\u00e9 pourvus<\/a> (France 24)<\/p>\n\n\n\n<p><strong><mark style=\"background-color:rgba(0, 0, 0, 0);color:#dc1d1d\" class=\"has-inline-color\">2 septembre en continu<\/mark><\/strong><\/p>\n\n\n\n<p><a href=\"https:\/\/www.lettreetmerveilles.fr\/livre\/20911629-nilou-fini-l-ecole-buissonniere-la-pauvrete--esther-duflo-seuil-jeunesse\">Nilou Fini l&rsquo;\u00e9cole buissonni\u00e8re !. La pauvret\u00e9 expliqu\u00e9e par Esther Duflo<\/a> (Seuil)<\/p>\n\n\n\n<figure class=\"wp-block-image size-full is-resized\"><img data-recalc-dims=\"1\" loading=\"lazy\" decoding=\"async\" src=\"https:\/\/i0.wp.com\/www.rdpemancipation.org\/wp-content\/uploads\/2022\/09\/image-14.png?resize=309%2C217&#038;ssl=1\" alt=\"\" class=\"wp-image-96611\" width=\"309\" height=\"217\" srcset=\"https:\/\/i0.wp.com\/www.rdpemancipation.org\/wp-content\/uploads\/2022\/09\/image-14.png?w=600&amp;ssl=1 600w, https:\/\/i0.wp.com\/www.rdpemancipation.org\/wp-content\/uploads\/2022\/09\/image-14.png?resize=300%2C211&amp;ssl=1 300w\" sizes=\"auto, (max-width: 309px) 100vw, 309px\" \/><\/figure>\n\n\n\n<p><a href=\"https:\/\/france3-regions.francetvinfo.fr\/hauts-de-france\/somme\/rentree-scolaire-les-communes-face-a-l-augmentation-du-prix-de-la-cantine-des-familles-qui-mangent-des-sandwichs-sur-le-parking-ce-n-est-pas-possible-2604864.html?utm_source=actus_lilo\">Somme&nbsp;: les communes face \u00e0 augmentation du prix cantine, des familles mangent des sandwichs sur le parking<\/a> (France3R\u00e9gions)<\/p>\n\n\n\n<p><strong><a href=\"https:\/\/www.francetvinfo.fr\/france\/rentree\/manque-de-chauffeurs-de-cars-scolaires-des-lignes-seront-retablies-des-ce-vendredi-ou-au-plus-tard-lundi-selon-le-president-de-la-region-grand-est_5337742.html#xtor=RSS-3-[france]?utm_source=actus_lilo\">Manque de chauffeurs de cars scolaires, des lignes seront r\u00e9tablies ce vendredi ou au plus tard lundi<\/a> <\/strong>(Francetvinfo)<\/p>\n\n\n\n<p><a href=\"https:\/\/news.us15.list-manage.com\/track\/click?u=372753f560ef60c400f1a4f3f&amp;id=3f0f76e133&amp;e=181bd750b8\">244 millions d\u2019enfants ne vont toujours pas \u00e0 l\u2019\u00e9cole dans le monde (UNESCO) <\/a><\/p>\n\n\n\n<p><strong><mark style=\"background-color:rgba(0, 0, 0, 0);color:#dc1d1d\" class=\"has-inline-color\">1er septembre en continu<\/mark><\/strong><\/p>\n\n\n\n<p><a href=\"https:\/\/www.politis.fr\/articles\/2022\/08\/a-toulouse-de-jeunes-exiles-a-la-rue-44755\/\">\u00c0 Toulouse, de jeunes exil\u00e9s \u00e0 la rue<\/a> (Politis)<\/p>\n\n\n\n<p><a href=\"https:\/\/reporterre.net\/Pedibus-leur-rentree-scolaire-ils-la-font-a-pied\" target=\"_blank\" rel=\"noreferrer noopener\">P\u00e9dibus&nbsp;: leur rentr\u00e9e scolaire, ils la font \u00e0 pied<\/a> &nbsp;(Reporterre)<\/p>\n\n\n\n<p><a href=\"https:\/\/www.humanite.fr\/societe\/rentree-scolaire\/rentree-scolaire-les-raisons-d-un-fiasco-annonce-762010#xtor=RSS-1\" target=\"_blank\" rel=\"noreferrer noopener\">Rentr\u00e9e scolaire : les raisons d&rsquo;un fiasco annonc\u00e9<\/a><strong><a href=\"https:\/\/www.humanite.fr\/societe\/rentree-scolaire\/rentree-scolaire-les-raisons-d-un-fiasco-annonce-762010#xtor=RSS-1\" target=\"_blank\" rel=\"noreferrer noopener\"> <\/a><\/strong>&nbsp;&nbsp;(L\u2019Humanit\u00e9)<\/p>\n\n\n\n<p><a href=\"https:\/\/www.politis.fr\/articles\/2022\/08\/profs-au-rabais-44758\/\" target=\"_blank\" rel=\"noreferrer noopener\">Profs au rabais<\/a>  (Politis)<\/p>\n\n\n\n<p><a href=\"https:\/\/basta.media\/rentree-scolaire-si-on-n-explique-pas-le-consentement-a-l-ecole-comment-peut-on-le-faire-respecter\" target=\"_blank\" rel=\"noreferrer noopener\">\u00ab Si on n&rsquo;explique pas le consentement d\u00e8s l&rsquo;\u00e9cole, comment peut-on le faire respecter ? \u00bb<\/a>  (Basta!)<\/p>\n\n\n\n<p><a href=\"https:\/\/rue89bordeaux.com\/2022\/08\/pour-la-rentree-les-accompagnants-denfants-handicapes-craignent-l-inclusion-low-cost\/\" target=\"_blank\" rel=\"noreferrer noopener\">Pour la rentr\u00e9e, les accompagnants d&rsquo;enfants handicap\u00e9s craignent l&rsquo; \u00ab\u00a0inclusi<\/a><strong><a href=\"https:\/\/rue89bordeaux.com\/2022\/08\/pour-la-rentree-les-accompagnants-denfants-handicapes-craignent-l-inclusion-low-cost\/\" target=\"_blank\" rel=\"noreferrer noopener\">on <\/a><\/strong><a href=\"https:\/\/rue89bordeaux.com\/2022\/08\/pour-la-rentree-les-accompagnants-denfants-handicapes-craignent-l-inclusion-low-cost\/\" target=\"_blank\" rel=\"noreferrer noopener\">low cost\u00a0\u00bb<\/a> (Rue89 Bordeaux)<\/p>\n\n\n\n<p><a href=\"https:\/\/www.blast-info.fr\/emissions\/2022\/peut-on-parler-de-jeunesse-sacrifiee-avec-camille-peugny-LE_F25OFQgWh9ebskBf9fA\" target=\"_blank\" rel=\"noreferrer noopener\">Peut-on parler de jeunesse sacrifi\u00e9e ? avec Camille Peugny<\/a> (Blast)<\/p>\n","protected":false},"excerpt":{"rendered":"<p>30 Septembre en continu \u00ab Fabriq\u2019Expo \u00bb. Comment transformer une id\u00e9e en projet ? (Caf\u00e9 p\u00e9dagogique) Ann\u00e9e scolaire 2022-2023: protocole sanitaire (Education.gouv) Le minist\u00e8re de l&rsquo;\u00e9ducation lance les \u00ab\u00a0concertations\u00a0\u00bb dans les \u00e9tablissements (Caf\u00e9 p\u00e9dagogique) 29 Septembre en continu Fran\u00e7ais : L&rsquo;enqu\u00eate CEDRE montre une aggravation des in\u00e9galit\u00e9s \u00e0 l&rsquo;\u00e9cole et au coll\u00e8ge (Caf\u00e9 p\u00e9dagogique) Aux &#8230; <a title=\"Septembre &#8211; Jeunesse\/\u00c9ducation\" class=\"read-more\" href=\"https:\/\/www.rdpemancipation.org\/?p=96444\" aria-label=\"En savoir plus sur Septembre &#8211; Jeunesse\/\u00c9ducation\">Lire la suite<\/a><\/p>\n","protected":false},"author":1,"featured_media":0,"comment_status":"closed","ping_status":"closed","sticky":false,"template":"","format":"standard","meta":{"_lmt_disableupdate":"","_lmt_disable":"","_jetpack_memberships_contains_paid_content":false,"footnotes":""},"categories":[15],"tags":[],"class_list":["post-96444","post","type-post","status-publish","format-standard","hentry","category-jeunesse-education"],"modified_by":"rdpemancipation","jetpack_featured_media_url":"","jetpack_sharing_enabled":true,"_links":{"self":[{"href":"https:\/\/www.rdpemancipation.org\/index.php?rest_route=\/wp\/v2\/posts\/96444","targetHints":{"allow":["GET"]}}],"collection":[{"href":"https:\/\/www.rdpemancipation.org\/index.php?rest_route=\/wp\/v2\/posts"}],"about":[{"href":"https:\/\/www.rdpemancipation.org\/index.php?rest_route=\/wp\/v2\/types\/post"}],"author":[{"embeddable":true,"href":"https:\/\/www.rdpemancipation.org\/index.php?rest_route=\/wp\/v2\/users\/1"}],"replies":[{"embeddable":true,"href":"https:\/\/www.rdpemancipation.org\/index.php?rest_route=%2Fwp%2Fv2%2Fcomments&post=96444"}],"version-history":[{"count":56,"href":"https:\/\/www.rdpemancipation.org\/index.php?rest_route=\/wp\/v2\/posts\/96444\/revisions"}],"predecessor-version":[{"id":99582,"href":"https:\/\/www.rdpemancipation.org\/index.php?rest_route=\/wp\/v2\/posts\/96444\/revisions\/99582"}],"wp:attachment":[{"href":"https:\/\/www.rdpemancipation.org\/index.php?rest_route=%2Fwp%2Fv2%2Fmedia&parent=96444"}],"wp:term":[{"taxonomy":"category","embeddable":true,"href":"https:\/\/www.rdpemancipation.org\/index.php?rest_route=%2Fwp%2Fv2%2Fcategories&post=96444"},{"taxonomy":"post_tag","embeddable":true,"href":"https:\/\/www.rdpemancipation.org\/index.php?rest_route=%2Fwp%2Fv2%2Ftags&post=96444"}],"curies":[{"name":"wp","href":"https:\/\/api.w.org\/{rel}","templated":true}]}}