{"id":96442,"date":"2022-09-01T09:46:06","date_gmt":"2022-09-01T07:46:06","guid":{"rendered":"https:\/\/www.rdpemancipation.org\/?p=96442"},"modified":"2022-09-30T12:04:18","modified_gmt":"2022-09-30T10:04:18","slug":"septembre-sante-2","status":"publish","type":"post","link":"https:\/\/www.rdpemancipation.org\/?p=96442","title":{"rendered":"Septembre &#8211; Sant\u00e9"},"content":{"rendered":"\n<p><strong><mark style=\"background-color:rgba(0, 0, 0, 0);color:#f40b0b\" class=\"has-inline-color\">30 septembre en continu<\/mark><\/strong><\/p>\n\n\n\n<p><a href=\"https:\/\/www.youtube.com\/watch?v=d_c8Sr86nFY\">Barbara Stiegler et Fran\u00e7ois Alla &#8211; Sant\u00e9 publique ann\u00e9e z\u00e9ro<\/a> (vid\u00e9o)<\/p>\n\n\n\n<p><a href=\"https:\/\/crowdbunker.com\/v\/GrEVm52K\">N\u00b073\u00a0 Essais th\u00e9rapeutiques et biais d\u2019expertise<\/a> (CSI)<\/p>\n\n\n\n<p><a href=\"https:\/\/www.lequotidiendumedecin.fr\/liberal\/exercice\/pres-de-2-000-declarations-de-dommages-corporels-pour-les-medecins-en-2021-neurochirurgiens-et\">Pr\u00e8s de 2 000 d\u00e9clarations de dommages corporels pour les m\u00e9decins en 2021<\/a> (QdM)<\/p>\n\n\n\n<figure class=\"wp-block-image size-full is-resized\"><img data-recalc-dims=\"1\" loading=\"lazy\" decoding=\"async\" src=\"https:\/\/i0.wp.com\/www.rdpemancipation.org\/wp-content\/uploads\/2022\/09\/image-316.png?resize=342%2C228&#038;ssl=1\" alt=\"\" class=\"wp-image-99568\" width=\"342\" height=\"228\" srcset=\"https:\/\/i0.wp.com\/www.rdpemancipation.org\/wp-content\/uploads\/2022\/09\/image-316.png?w=465&amp;ssl=1 465w, https:\/\/i0.wp.com\/www.rdpemancipation.org\/wp-content\/uploads\/2022\/09\/image-316.png?resize=300%2C200&amp;ssl=1 300w\" sizes=\"auto, (max-width: 342px) 100vw, 342px\" \/><figcaption><sub>Cr\u00e9dit photo\u00a0:\u00a0S.Toubon<\/sub><\/figcaption><\/figure>\n\n\n\n<p><a href=\"https:\/\/www.francetvinfo.fr\/sante\/maladie\/coronavirus\/infographies-covid-19-morts-hospitalisations-age-malades-l-evolution-de-l-epidemie-en-france-et-dans-le-monde-en-cartes-et-graphiques.html\">Suivez l\u2019\u00e9volution de l\u2019\u00e9pid\u00e9mie en France et dans le monde&nbsp;<\/a>(France info)<\/p>\n\n\n\n<p><a href=\"https:\/\/covid19.healthdata.org\/france\">Projections par pays contaminations et morts Covid 19<\/a>&nbsp;(anglais, IHME)<\/p>\n\n\n\n<p><a href=\"https:\/\/www.ft.com\/coronavirus-latest\">En continu graphiques et cartes sur la Pand\u00e9mie<\/a>&nbsp;(anglais, Financial Times)<\/p>\n\n\n\n<p><strong><mark style=\"background-color:rgba(0, 0, 0, 0);color:#f40b0b\" class=\"has-inline-color\">29 septembre en continu<\/mark><\/strong><\/p>\n\n\n\n<p><a href=\"https:\/\/www.lequotidiendumedecin.fr\/internes\/internat\/des-senateurs-lr-proposent-aussi-dajouter-une-quatrieme-annee-dinternat-en-medecine-generale-mais\">S\u00e9nateurs LR pour une quatri\u00e8me ann\u00e9e d\u2019internat, mais r\u00e9mun\u00e9r\u00e9e au paiement \u00e0 l&rsquo;acte<\/a> (QdM)<\/p>\n\n\n\n<p><a href=\"https:\/\/francais.medscape.com\/voirarticle\/3609130\">Diab\u00e8te de type 1 : les cas devraient doubler d\u2019ici 2040<\/a> (Medscape)<\/p>\n\n\n\n<p><a href=\"https:\/\/www.lequotidiendumedecin.fr\/actus-medicales\/politique-de-sante\/plfss-2023-la-csmf-inquiete-pour-les-revalorisations-et-la-liberte-dinstallation\">PLFSS 2023 : la CSMF inqui\u00e8te pour les revalorisations et la libert\u00e9 d\u2019installation<\/a> (QdM)<\/p>\n\n\n\n<p><a href=\"https:\/\/www.nature.com\/articles\/d41586-022-02996-y\">Une nouvelle lign\u00e9e de coronavirus via les eaux us\u00e9es<\/a> (Nature)<\/p>\n\n\n\n<p><strong><mark style=\"background-color:rgba(0, 0, 0, 0);color:#f40b0b\" class=\"has-inline-color\">28 septembre en continu<\/mark><\/strong><\/p>\n\n\n\n<p><a href=\"https:\/\/www.lequotidiendumedecin.fr\/specialites\/gynecologie-obstetrique\/une-modification-legere-et-temporaire-du-cycle-menstruel-apres-la-vaccination-contre-le-covid-est\">Une modification l\u00e9g\u00e8re et temporaire du cycle menstruel post-vaccination Covid confirm\u00e9e par les NIH<\/a> (QdM)<\/p>\n\n\n\n<p><a href=\"https:\/\/www.ouest-france.fr\/sante\/hopital\/hopital-plus-de-4-300-lits-ont-ete-supprimes-en-2021-b426b810-3ee3-11ed-b695-eda89e95acac\">H\u00f4pital. Plus de 4 300 lits ont \u00e9t\u00e9 supprim\u00e9s en 2021<\/a> (ouest France)<\/p>\n\n\n\n<figure class=\"wp-block-image size-full is-resized\"><img data-recalc-dims=\"1\" loading=\"lazy\" decoding=\"async\" src=\"https:\/\/i0.wp.com\/www.rdpemancipation.org\/wp-content\/uploads\/2022\/09\/image-300.png?resize=384%2C243&#038;ssl=1\" alt=\"\" class=\"wp-image-99361\" width=\"384\" height=\"243\" srcset=\"https:\/\/i0.wp.com\/www.rdpemancipation.org\/wp-content\/uploads\/2022\/09\/image-300.png?w=620&amp;ssl=1 620w, https:\/\/i0.wp.com\/www.rdpemancipation.org\/wp-content\/uploads\/2022\/09\/image-300.png?resize=300%2C190&amp;ssl=1 300w\" sizes=\"auto, (max-width: 384px) 100vw, 384px\" \/><\/figure>\n\n\n\n<p><a href=\"https:\/\/lejournal.cnrs.fr\/articles\/ces-microrobots-permettent-de-manipuler-des-cellules\">Des microrobots permettent de manipuler des cellules<\/a> (Journal du CNRS)<\/p>\n\n\n\n<p><a href=\"https:\/\/www.francetvinfo.fr\/sante\/maladie\/coronavirus\/infographies-covid-19-morts-hospitalisations-age-malades-l-evolution-de-l-epidemie-en-france-et-dans-le-monde-en-cartes-et-graphiques.html\">Suivez l\u2019\u00e9volution de l\u2019\u00e9pid\u00e9mie en France et dans le monde&nbsp;<\/a>(France info)<\/p>\n\n\n\n<p><a href=\"https:\/\/covid19.healthdata.org\/france\">Projections par pays contaminations et morts Covid 19<\/a>&nbsp;(anglais, IHME)<\/p>\n\n\n\n<p><a href=\"https:\/\/www.ft.com\/coronavirus-latest\">En continu graphiques et cartes sur la Pand\u00e9mie<\/a>&nbsp;(anglais, Financial Times)<\/p>\n\n\n\n<p><strong><mark style=\"background-color:rgba(0, 0, 0, 0);color:#f40b0b\" class=\"has-inline-color\">27 septembre en continu<\/mark><\/strong><\/p>\n\n\n\n<p><a href=\"https:\/\/www.lequotidiendumedecin.fr\/specialites\/gynecologie-obstetrique\/apres-la-crise-de-la-pilule-le-paysage-de-la-contraception-feminine-continue-de-se-transformer\">Apr\u00e8s la crise de la pilule, le paysage de la contraception f\u00e9minine continue de se transformer<\/a> (QdM)<\/p>\n\n\n\n<figure class=\"wp-block-image size-full is-resized\"><img data-recalc-dims=\"1\" loading=\"lazy\" decoding=\"async\" src=\"https:\/\/i0.wp.com\/www.rdpemancipation.org\/wp-content\/uploads\/2022\/09\/image-284.png?resize=318%2C212&#038;ssl=1\" alt=\"\" class=\"wp-image-99222\" width=\"318\" height=\"212\" srcset=\"https:\/\/i0.wp.com\/www.rdpemancipation.org\/wp-content\/uploads\/2022\/09\/image-284.png?w=465&amp;ssl=1 465w, https:\/\/i0.wp.com\/www.rdpemancipation.org\/wp-content\/uploads\/2022\/09\/image-284.png?resize=300%2C200&amp;ssl=1 300w\" sizes=\"auto, (max-width: 318px) 100vw, 318px\" \/><figcaption><sub>Cr\u00e9dit photo&nbsp;:&nbsp;PHANIE<\/sub><\/figcaption><\/figure>\n\n\n\n<p><a href=\"https:\/\/www.terrestres.org\/2022\/08\/01\/retour-sur-le-passe-vaccinal-et-son-monde\/?fbclid=IwAR05mIrNSJact5sBunR7UNPHt9PKyaaTsP7t-VqXJpPGR_eo94JNSmziLNU\">Retour sur le passe vaccinal et son monde<\/a>&nbsp;(Terrestres)<\/p>\n\n\n\n<p><a href=\"https:\/\/www.lequotidiendumedecin.fr\/liberal\/assurance-maladie\/budget-de-la-secu-2023-lhopital-preserve-des-reformes-pour-la-ville\">Budget de la S\u00e9cu 2023 : l&rsquo;h\u00f4pital pr\u00e9serv\u00e9, des r\u00e9formes pour la ville<\/a> (QdM)<\/p>\n\n\n\n<p><a href=\"https:\/\/www.boursorama.com\/bourse\/actualites\/valneva-et-idt-biologika-mettent-fin-a-leur-collaboration-sur-le-covid-19-d-un-commun-accord-39ad0c868538043c722f076a539fe3b4?symbol=1rPVLA\">Valneva et IDT Biologika mettent fin \u00e0 leur collaboration sur le Covid-19<\/a> (Boursorama)<\/p>\n\n\n\n<p><a href=\"https:\/\/www.lequotidiendumedecin.fr\/actus-medicales\/politique-de-sante\/dr-francois-arnault-president-de-lordre-des-medecins-nous-allons-faire-des-propositions\">L&rsquo;ordre des m\u00e9decins va faire des propositions d&rsquo;\u00e9volution de l&rsquo;exercice<\/a> (QdM)<\/p>\n\n\n\n<p><strong><mark style=\"background-color:rgba(0, 0, 0, 0);color:#f40b0b\" class=\"has-inline-color\">26 septembre en continu<\/mark><\/strong><\/p>\n\n\n\n<p><a href=\"https:\/\/blog.davidlibeau.fr\/audit-2-doctolib\/\">Audit Doctolib<\/a> (Blog D.Libeau)<\/p>\n\n\n\n<p><a href=\"https:\/\/www.boursorama.com\/videos\/actualites\/le-journal-des-biotechs-pascal-prigent-genfit-frederic-gomez-pharmium-securities-5d55390d3c1d83ad9ab56d5776540ae5\">Le journal des biotechs<\/a> (Boursorama)<\/p>\n\n\n\n<p><a href=\"https:\/\/www.lequotidiendumedecin.fr\/actus-medicales\/sante-publique\/les-pouvoirs-publics-epingles-par-deux-enquetes-journalistiques-sur-la-qualite-de-leau-potable\">Les pouvoirs publics \u00e9pingl\u00e9s par deux enqu\u00eates sur la qualit\u00e9 de l&rsquo;eau potable<\/a> (Quotidien du m\u00e9decin)<\/p>\n\n\n\n<figure class=\"wp-block-image size-full is-resized\"><img data-recalc-dims=\"1\" loading=\"lazy\" decoding=\"async\" src=\"https:\/\/i0.wp.com\/www.rdpemancipation.org\/wp-content\/uploads\/2022\/09\/image-271.png?resize=332%2C221&#038;ssl=1\" alt=\"\" class=\"wp-image-99092\" width=\"332\" height=\"221\" srcset=\"https:\/\/i0.wp.com\/www.rdpemancipation.org\/wp-content\/uploads\/2022\/09\/image-271.png?w=465&amp;ssl=1 465w, https:\/\/i0.wp.com\/www.rdpemancipation.org\/wp-content\/uploads\/2022\/09\/image-271.png?resize=300%2C200&amp;ssl=1 300w\" sizes=\"auto, (max-width: 332px) 100vw, 332px\" \/><figcaption><sub>Cr\u00e9dit photo&nbsp;:&nbsp;PHANIE<\/sub><\/figcaption><\/figure>\n\n\n\n<p><strong><mark style=\"background-color:rgba(0, 0, 0, 0);color:#f40b0b\" class=\"has-inline-color\">23 septembre en continu<\/mark><\/strong><\/p>\n\n\n\n<p><a href=\"http:\/\/www.cafepedagogique.net\/lexpresso\/Pages\/2022\/09\/23092022Article637995062813928527.aspx\">L&rsquo;Ecole et le covid en Europe<\/a> (Caf\u00e9 p\u00e9dagogique)<\/p>\n\n\n\n<p><a href=\"https:\/\/crowdbunker.com\/v\/wm7QkvDH\">Covid&nbsp;: vaccin et grossesse : \u00e9tude canadienne sur effets secondaires<\/a> (CSI)<\/p>\n\n\n\n<p><a href=\"https:\/\/www.lequotidiendumedecin.fr\/actus-medicales\/politique-de-sante\/hopitaux-prevention-rallonges-retraites-et-tiers-payant-les-enjeux-du-budget-de-la-secu-attendu-la\">H\u00f4pitaux, pr\u00e9vention, rallonges, retraites et tiers payant\u202f? Les enjeux du budget de la S\u00e9cu<\/a> (LQDM)<\/p>\n\n\n\n<p><a href=\"https:\/\/www.francetvinfo.fr\/sante\/maladie\/coronavirus\/infographies-covid-19-morts-hospitalisations-age-malades-l-evolution-de-l-epidemie-en-france-et-dans-le-monde-en-cartes-et-graphiques.html\">Suivez l\u2019\u00e9volution de l\u2019\u00e9pid\u00e9mie en France et dans le monde&nbsp;<\/a>(France info)<\/p>\n\n\n\n<p><a href=\"https:\/\/covid19.healthdata.org\/france\">Projections par pays contaminations et morts Covid 19<\/a>&nbsp;(anglais, IHME)<\/p>\n\n\n\n<p><a href=\"https:\/\/www.ft.com\/coronavirus-latest\">En continu graphiques et cartes sur la Pand\u00e9mie<\/a>&nbsp;(anglais, Financial Times)<\/p>\n\n\n\n<p><strong><mark style=\"background-color:rgba(0, 0, 0, 0);color:#f40b0b\" class=\"has-inline-color\">22 septembre en continu<\/mark><\/strong><\/p>\n\n\n\n<p><a href=\"https:\/\/www.lequotidiendumedecin.fr\/specialites\/cancerologie\/lunion-europeenne-recommande-delargir-le-cancer-du-sein-et-de-mettre-en-place-le-depistage-organise\">L&rsquo;Union europ\u00e9enne recommande d&rsquo;\u00e9largir le d\u00e9pistage de certains cancers<\/a> (Quotidien du m\u00e9decin)<\/p>\n\n\n\n<p><strong><mark style=\"background-color:rgba(0, 0, 0, 0);color:#f40b0b\" class=\"has-inline-color\">21 septembre en continu<\/mark><\/strong><\/p>\n\n\n\n<p><a href=\"https:\/\/www.youtube.com\/watch?v=_5GRFQF9VVY\">Les dessous de l&rsquo;industrie pharmaceutique<\/a> (blast)<\/p>\n\n\n\n<p><a href=\"https:\/\/www.lequotidiendumedecin.fr\/liberal\/assurance-maladie\/il-est-normal-que-le-tarif-evolue-le-patron-de-la-cnam-ne-ferme-pas-la-porte-une-hausse-du-c-dans-la\">DG de la Cnam, la future convention comportera \u00ab un important volet financier et tarifaire \u00bb <\/a>&nbsp;(Quotidien du m\u00e9decin)<\/p>\n\n\n\n<p><a href=\"https:\/\/www.boursorama.com\/actualite-economique\/actualites\/un-rapport-denonce-de-fortes-inegalites-sociales-dans-l-acces-aux-soins-017e34e4b7404a65c938a0a5c9cdb80b\">Un rapport d\u00e9nonce de fortes in\u00e9galit\u00e9s sociales dans l\u2019acc\u00e8s aux soins en France<\/a>&nbsp;(AFP)<\/p>\n\n\n\n<figure class=\"wp-block-image size-full is-resized\"><img data-recalc-dims=\"1\" loading=\"lazy\" decoding=\"async\" src=\"https:\/\/i0.wp.com\/www.rdpemancipation.org\/wp-content\/uploads\/2022\/09\/image-214.png?resize=336%2C239&#038;ssl=1\" alt=\"\" class=\"wp-image-98629\" width=\"336\" height=\"239\" srcset=\"https:\/\/i0.wp.com\/www.rdpemancipation.org\/wp-content\/uploads\/2022\/09\/image-214.png?w=760&amp;ssl=1 760w, https:\/\/i0.wp.com\/www.rdpemancipation.org\/wp-content\/uploads\/2022\/09\/image-214.png?resize=300%2C214&amp;ssl=1 300w\" sizes=\"auto, (max-width: 336px) 100vw, 336px\" \/><\/figure>\n\n\n\n<p><strong><mark style=\"background-color:rgba(0, 0, 0, 0);color:#f40b0b\" class=\"has-inline-color\">20 septembre en continu<\/mark><\/strong><\/p>\n\n\n\n<p><a href=\"https:\/\/www.journaldunet.com\/ebusiness\/internet-mobile\/1514633-laurent-frigara-enovacom\/?gbmlus=8ec9163546ffdfa3ebd342b9e7695c4ded8661fb9c83c86b90836e6c41d5e578&amp;utm_campaign=Quotidienne_2022-09-20&amp;utm_medium=email&amp;seen=2&amp;utm_source=MagNews&amp;een=3822f6d11bcf953fc77bc812895fab22\">\u00ab\u00a0Avec l&rsquo;IoT, Orange ambitionne d&rsquo;\u00eatre dans le top 3 sur la sant\u00e9 digitale\u00a0\u00bb<\/a> (Journal du net)<\/p>\n\n\n\n<p><a href=\"https:\/\/www.lequotidiendumedecin.fr\/hopital\/urgences\/apres-son-bilan-de-lete-samu-urgences-reclame-une-generalisation-de-la-regulation-en-amont\">Samu-Urgences r\u00e9clame une g\u00e9n\u00e9ralisation de la r\u00e9gulation en amont<\/a> (Le quotidien du m\u00e9decin)<\/p>\n\n\n\n<p><a href=\"https:\/\/www.letemps.ch\/sciences\/louganda-annonce-un-premier-deces-cause-ebola-2019\">L\u2019Ouganda annonce un premier d\u00e9c\u00e8s caus\u00e9 par Ebola depuis 2019<\/a> (Le temps)<\/p>\n\n\n\n<figure class=\"wp-block-image size-full is-resized\"><img data-recalc-dims=\"1\" loading=\"lazy\" decoding=\"async\" src=\"https:\/\/i0.wp.com\/www.rdpemancipation.org\/wp-content\/uploads\/2022\/09\/image-207.png?resize=345%2C187&#038;ssl=1\" alt=\"\" class=\"wp-image-98516\" width=\"345\" height=\"187\" srcset=\"https:\/\/i0.wp.com\/www.rdpemancipation.org\/wp-content\/uploads\/2022\/09\/image-207.png?w=900&amp;ssl=1 900w, https:\/\/i0.wp.com\/www.rdpemancipation.org\/wp-content\/uploads\/2022\/09\/image-207.png?resize=300%2C163&amp;ssl=1 300w, https:\/\/i0.wp.com\/www.rdpemancipation.org\/wp-content\/uploads\/2022\/09\/image-207.png?resize=768%2C418&amp;ssl=1 768w\" sizes=\"auto, (max-width: 345px) 100vw, 345px\" \/><\/figure>\n\n\n\n<p><a href=\"https:\/\/www.letemps.ch\/sciences\/loms-recommande-ne-plus-utiliser-deux-traitements-anticovid-anticorps\">L&rsquo;OMS recommande de ne plus utiliser deux traitements anti-Covid par anticorps<\/a> (Le temps)<\/p>\n\n\n\n<p><strong><mark style=\"background-color:rgba(0, 0, 0, 0);color:#f40b0b\" class=\"has-inline-color\">19 septembre en continu<\/mark><\/strong><\/p>\n\n\n\n<p><a href=\"https:\/\/www.usine-digitale.fr\/article\/quel-est-le-paysage-des-start-up-specialisees-dans-la-sante-mentale.N2045132\">Quel est le paysage des start-up sp\u00e9cialis\u00e9es dans la sant\u00e9 mentale ?<\/a> (Usine digitale)<\/p>\n\n\n\n<p><a href=\"https:\/\/www.lequotidiendumedecin.fr\/hopital\/politique-hospitaliere\/pr-jean-louis-touraine-candidat-la-presidence-de-la-fhf-lhopital-et-les-ehpad-sont-dans-un-etat-de\">Pr JL.Touraine : \u00ab H\u00f4pital et Ehpad dans un \u00e9tat de d\u00e9sarroi jamais connu \u00bb<\/a> (Quotidien du m\u00e9decin)<\/p>\n\n\n\n<p><a href=\"https:\/\/www.francetvinfo.fr\/sante\/cancer\/les-autorites-sanitaires-confirment-le-lien-entre-l-exposition-a-l-amiante-et-certains-cancers-du-larynx-et-des-ovaires_5369200.html#xtor=RSS-3-%5Blestitres%5D\">Certains cancers du larynx et des ovaires sont bien li\u00e9s \u00e0 une exposition \u00e0 l&rsquo;amiante <\/a>(France info)<\/p>\n\n\n\n<p><a href=\"https:\/\/www.lequotidiendumedecin.fr\/actus-medicales\/politique-de-sante\/nantes-quatre-medecins-convoques-pour-refus-de-payer-leur-cotisation-lordre-leurs-soutiens-mobilises\">Nantes, quatre m\u00e9decins convoqu\u00e9s pour refus de payer leur cotisation \u00e0 l\u2019Ordre<\/a> (Quotidien du m\u00e9decin)<\/p>\n\n\n\n<figure class=\"wp-block-image size-full is-resized\"><img data-recalc-dims=\"1\" loading=\"lazy\" decoding=\"async\" src=\"https:\/\/i0.wp.com\/www.rdpemancipation.org\/wp-content\/uploads\/2022\/09\/image-194.png?resize=359%2C239&#038;ssl=1\" alt=\"\" class=\"wp-image-98401\" width=\"359\" height=\"239\" srcset=\"https:\/\/i0.wp.com\/www.rdpemancipation.org\/wp-content\/uploads\/2022\/09\/image-194.png?w=465&amp;ssl=1 465w, https:\/\/i0.wp.com\/www.rdpemancipation.org\/wp-content\/uploads\/2022\/09\/image-194.png?resize=300%2C200&amp;ssl=1 300w\" sizes=\"auto, (max-width: 359px) 100vw, 359px\" \/><figcaption><sub>Cr\u00e9dit photo&nbsp;:&nbsp;Sophie Cousin<\/sub><\/figcaption><\/figure>\n\n\n\n<p><a href=\"https:\/\/www.francetvinfo.fr\/sante\/maladie\/coronavirus\/infographies-covid-19-morts-hospitalisations-age-malades-l-evolution-de-l-epidemie-en-france-et-dans-le-monde-en-cartes-et-graphiques.html\">Suivez l\u2019\u00e9volution de l\u2019\u00e9pid\u00e9mie en France et dans le monde&nbsp;<\/a>(France info)<\/p>\n\n\n\n<p><a href=\"https:\/\/covid19.healthdata.org\/france\">Projections par pays contaminations et morts Covid 19<\/a>&nbsp;(anglais, IHME)<\/p>\n\n\n\n<p><a href=\"https:\/\/www.ft.com\/coronavirus-latest\">En continu graphiques et cartes sur la Pand\u00e9mie<\/a>&nbsp;(anglais, Financial Times)<\/p>\n\n\n\n<p><strong><mark style=\"background-color:rgba(0, 0, 0, 0);color:#f40b0b\" class=\"has-inline-color\">18 septembre en continu<\/mark><\/strong><\/p>\n\n\n\n<p><a href=\"https:\/\/www.youtube.com\/watch?v=IBP5opv72io\">Valeur travail vs droit \u00e0 la paresse: pose-t-on le d\u00e9bat dans les bons termes \u00e0 gauche ? <\/a>(Yves Clot, Regards)<\/p>\n\n\n\n<p><strong><mark style=\"background-color:rgba(0, 0, 0, 0);color:#f40b0b\" class=\"has-inline-color\">16 septembre en continu<\/mark><\/strong><\/p>\n\n\n\n<p><a href=\"https:\/\/www.francebleu.fr\/infos\/sante-sciences\/des-elus-du-bassin-de-montlucon-se-mobilisent-pour-sauver-le-service-pediatrie-de-l-hopital-1659908863\">La cheffe de service de l&rsquo;h\u00f4pital de Montlu\u00e7on, derni\u00e8re p\u00e9diatre, a remis sa d\u00e9mission,<\/a> (France bleu)<\/p>\n\n\n\n<p><a href=\"https:\/\/france3-regions.francetvinfo.fr\/pays-de-la-loire\/loire-atlantique\/nantes\/un-an-sans-salaire-pour-nous-c-est-l-anniversaire-de-la-honte-les-soignants-non-vaccines-mobilises-devant-l-ars-des-pays-de-la-loire-2614664.html?fr=operanews\">\u00ab\u00a0Un an sans salaire, pour nous, c&rsquo;est l&rsquo;anniversaire de la honte\u00a0\u00bb<\/a> (France3)<\/p>\n\n\n\n<p><strong><mark style=\"background-color:rgba(0, 0, 0, 0);color:#f40b0b\" class=\"has-inline-color\">15 septembre en continu<\/mark><\/strong><\/p>\n\n\n\n<p><a href=\"https:\/\/francais.medscape.com\/voirarticle\/3608721?src=WNL_mdplsfeat_220915_mscpedit_fr&amp;uac=389075MY&amp;impID=4639992&amp;faf=1\">Pr\u00e9servation de la fertilit\u00e9 chez les patients atteints de cancer : quelles nouveaut\u00e9s ?<\/a> (Medscape)<\/p>\n\n\n\n<p><a href=\"https:\/\/www.francetvinfo.fr\/sante\/maladie\/coronavirus\/variant-omicron\/covid-19-quatre-signes-qui-montrent-que-la-huitieme-vague-se-profile_5360095.html\">Covid-19 : quatre signes qui montrent que la huiti\u00e8me vague se profile<\/a> (France info)<\/p>\n\n\n\n<p><a href=\"https:\/\/www.lequotidiendumedecin.fr\/hopital\/remuneration\/salaires-nets-moyens-lhopital-en-2020-5-870-euros-pour-les-personnels-medicaux-26-2-463-euros-pour\">Salaires nets moyens \u00e0 l&rsquo;h\u00f4pital en 2020<\/a> (Quotidien du m\u00e9decin)<\/p>\n\n\n\n<p><a href=\"https:\/\/lasanteauquotidien.com\/coronavirus-covid-19\/covid-19-les-deux-premiers-vaccins-par-voie-nasale\/\">Covid-19 : les deux premiers vaccins par voie nasale <\/a>&nbsp;(LSAQ)<\/p>\n\n\n\n<p><a href=\"https:\/\/www.lequotidiendumedecin.fr\/actus-medicales\/politique-de-sante\/ehpad-jean-christophe-combe-annonce-une-feuille-de-route-dans-six-mois-le-secteur-affiche-impatience\">Ehpad : Le ministre des solidarit\u00e9s annonce une feuille de route dans six mois<\/a> (Quotidien du m\u00e9decin)<\/p>\n\n\n\n<figure class=\"wp-block-image size-full is-resized\"><img data-recalc-dims=\"1\" loading=\"lazy\" decoding=\"async\" src=\"https:\/\/i0.wp.com\/www.rdpemancipation.org\/wp-content\/uploads\/2022\/09\/image-164.png?resize=291%2C194&#038;ssl=1\" alt=\"\" class=\"wp-image-98088\" width=\"291\" height=\"194\" srcset=\"https:\/\/i0.wp.com\/www.rdpemancipation.org\/wp-content\/uploads\/2022\/09\/image-164.png?w=465&amp;ssl=1 465w, https:\/\/i0.wp.com\/www.rdpemancipation.org\/wp-content\/uploads\/2022\/09\/image-164.png?resize=300%2C200&amp;ssl=1 300w\" sizes=\"auto, (max-width: 291px) 100vw, 291px\" \/><\/figure>\n\n\n\n<p><a href=\"https:\/\/www.francetvinfo.fr\/sante\/maladie\/coronavirus\/infographies-covid-19-morts-hospitalisations-age-malades-l-evolution-de-l-epidemie-en-france-et-dans-le-monde-en-cartes-et-graphiques.html\">Suivez l\u2019\u00e9volution de l\u2019\u00e9pid\u00e9mie en France et dans le monde&nbsp;<\/a>(France info)<\/p>\n\n\n\n<p><a href=\"https:\/\/covid19.healthdata.org\/france\">Projections par pays contaminations et morts Covid 19<\/a>&nbsp;(anglais, IHME)<\/p>\n\n\n\n<p><a href=\"https:\/\/www.ft.com\/coronavirus-latest\">En continu graphiques et cartes sur la Pand\u00e9mie<\/a>&nbsp;(anglais, Financial Times)<\/p>\n\n\n\n<p><strong><mark style=\"background-color:rgba(0, 0, 0, 0);color:#f40b0b\" class=\"has-inline-color\">14 septembre en continu<\/mark><\/strong><\/p>\n\n\n\n<p><a href=\"https:\/\/www.project-syndicate.org\/commentary\/investing-in-african-health-is-investing-in-economic-recovery-by-donald-kaberuka-2022-09?barrier=accesspaylog\">Investir dans la sant\u00e9 de l&rsquo;Afrique<\/a> (Project Syndicate)<\/p>\n\n\n\n<figure class=\"wp-block-image size-large is-resized\"><img data-recalc-dims=\"1\" loading=\"lazy\" decoding=\"async\" src=\"https:\/\/i0.wp.com\/www.rdpemancipation.org\/wp-content\/uploads\/2022\/09\/image-155.png?resize=390%2C195&#038;ssl=1\" alt=\"\" class=\"wp-image-97997\" width=\"390\" height=\"195\" srcset=\"https:\/\/i0.wp.com\/www.rdpemancipation.org\/wp-content\/uploads\/2022\/09\/image-155.png?resize=1024%2C512&amp;ssl=1 1024w, https:\/\/i0.wp.com\/www.rdpemancipation.org\/wp-content\/uploads\/2022\/09\/image-155.png?resize=300%2C150&amp;ssl=1 300w, https:\/\/i0.wp.com\/www.rdpemancipation.org\/wp-content\/uploads\/2022\/09\/image-155.png?resize=768%2C384&amp;ssl=1 768w, https:\/\/i0.wp.com\/www.rdpemancipation.org\/wp-content\/uploads\/2022\/09\/image-155.png?w=1360&amp;ssl=1 1360w\" sizes=\"auto, (max-width: 390px) 100vw, 390px\" \/><\/figure>\n\n\n\n<p><a href=\"https:\/\/www.linfodurable.fr\/entre-promesses-non-tenues-et-manque-dencadrement-le-far-west-des-applications-de-sante-34082\">Entre promesses non tenues et manque d&rsquo;encadrement, le \u00ab\u00a0far west\u00a0\u00bb des applications de sant\u00e9<\/a> (infodurable)<\/p>\n\n\n\n<p><a href=\"https:\/\/www.liberation.fr\/societe\/sante\/fin-de-vie-docteur-francois-damas-laidant-belge-a-mourir-20220914_YA25UB3Y3BB67OZS52VHWP4LBY\/\">Fin de vie: docteur Fran\u00e7ois Damas, l\u2019aidant belge \u00e0 mourir<\/a> (Lib\u00e9ration)<\/p>\n\n\n\n<p><a href=\"https:\/\/www.lequotidiendumedecin.fr\/actus-medicales\/sante-publique\/fin-de-vie-le-ccne-ouvre-la-porte-une-aide-active-mourir-dans-certaines-conditions-le-debat\">Fin de vie : le CCNE ouvre la porte \u00e0 une aide active \u00e0 mourir<\/a> (Le quotidien du m\u00e9decin)<\/p>\n\n\n\n<p><strong><mark style=\"background-color:rgba(0, 0, 0, 0);color:#f40b0b\" class=\"has-inline-color\">13 septembre en continu<\/mark><\/strong><\/p>\n\n\n\n<p><a href=\"https:\/\/www.lequotidiendumedecin.fr\/actus-medicales\/sante-publique\/intoxications-aux-champignons-lanses-rappelle-les-bonnes-pratiques\">Intoxications aux champignons : l\u2019Anses rappelle les bonnes pratiques<\/a> (Le quotidien du m\u00e9decin)<\/p>\n\n\n\n<p><a href=\"https:\/\/crowdbunker.com\/v\/AwWwnvcf\">Artemisia annua : r\u00e9sultats de la recherche actuelle<\/a> (CSI)<\/p>\n\n\n\n<p><a href=\"https:\/\/www.lequotidiendumedecin.fr\/specialites\/cancerologie\/cancer-du-poumon-le-mecanisme-pathogene-de-la-pollution-de-lair-mis-en-lumiere-au-congres-de-lesmo\">Cancer du poumon : le m\u00e9canisme pathog\u00e8ne de la pollution de l\u2019air mis en lumi\u00e8re<\/a> (Le quotidien du m\u00e9decin)<\/p>\n\n\n\n<p><a href=\"https:\/\/www.lindependant.fr\/2022\/09\/09\/le-virus-de-la-polio-se-propage-a-new-york-letat-durgence-decrete-10533767.php\">Le virus de la polio se propage \u00e0 New York : l&rsquo;\u00e9tat d&rsquo;urgence d\u00e9cr\u00e9t\u00e9<\/a> (L\u2019ind\u00e9pendant)<\/p>\n\n\n\n<figure class=\"wp-block-image size-full is-resized\"><img data-recalc-dims=\"1\" loading=\"lazy\" decoding=\"async\" src=\"https:\/\/i0.wp.com\/www.rdpemancipation.org\/wp-content\/uploads\/2022\/09\/image-138.png?resize=447%2C252&#038;ssl=1\" alt=\"\" class=\"wp-image-97854\" width=\"447\" height=\"252\" srcset=\"https:\/\/i0.wp.com\/www.rdpemancipation.org\/wp-content\/uploads\/2022\/09\/image-138.png?w=885&amp;ssl=1 885w, https:\/\/i0.wp.com\/www.rdpemancipation.org\/wp-content\/uploads\/2022\/09\/image-138.png?resize=300%2C169&amp;ssl=1 300w, https:\/\/i0.wp.com\/www.rdpemancipation.org\/wp-content\/uploads\/2022\/09\/image-138.png?resize=768%2C434&amp;ssl=1 768w\" sizes=\"auto, (max-width: 447px) 100vw, 447px\" \/><figcaption><sub>Le virus a \u00e9t\u00e9 d\u00e9couvert dans les eaux us\u00e9es de New York<\/sub><\/figcaption><\/figure>\n\n\n\n<p><a href=\"https:\/\/www.usine-digitale.fr\/article\/microsoft-restera-l-hebergeur-du-health-data-hub-jusqu-en-2025.N2043032\">Microsoft restera l&rsquo;h\u00e9bergeur du Health Data Hub jusqu&rsquo;en 2025<\/a> (Usine digitale)<\/p>\n\n\n\n<p><a href=\"https:\/\/lejournal.cnrs.fr\/nos-blogs\/de-la-decouverte-a-linnovation\/bioartlung-un-poumon-artificiel-biomimetique\">Un poumon artificiel biomim\u00e9tique<\/a> (Journal du CNRS)<\/p>\n\n\n\n<p><a href=\"https:\/\/www.francetvinfo.fr\/sante\/maladie\/coronavirus\/infographies-covid-19-morts-hospitalisations-age-malades-l-evolution-de-l-epidemie-en-france-et-dans-le-monde-en-cartes-et-graphiques.html\">Suivez l\u2019\u00e9volution de l\u2019\u00e9pid\u00e9mie en France et dans le monde&nbsp;<\/a>(France info)<\/p>\n\n\n\n<p><a href=\"https:\/\/covid19.healthdata.org\/france\">Projections par pays contaminations et morts Covid 19<\/a>&nbsp;(anglais, IHME)<\/p>\n\n\n\n<p><a href=\"https:\/\/www.ft.com\/coronavirus-latest\">En continu graphiques et cartes sur la Pand\u00e9mie<\/a>&nbsp;(anglais, Financial Times)<\/p>\n\n\n\n<p><strong><mark style=\"background-color:rgba(0, 0, 0, 0);color:#f40b0b\" class=\"has-inline-color\">12 septembre en continu<\/mark><\/strong><\/p>\n\n\n\n<p><a href=\"https:\/\/www.youtube.com\/watch?v=PM5sLVyWboI&amp;feature=youtu.be\">Quels risques pour quels b\u00e9n\u00e9fices en sant\u00e9, l&rsquo;exemple de la vaccination\u00a0\u00bb<\/a> (Erena Bordeaux)<\/p>\n\n\n\n<p><a href=\"https:\/\/www.youtube.com\/watch?v=hMd__oWXF6I\">Gestion du Covid-19 : \u00ab\u00a0La science t\u00e2tonne, parfois elle se plante\u00a0\u00bb, note Olivier V\u00e9ran<\/a> (France inter)<\/p>\n\n\n\n<p><strong><mark style=\"background-color:rgba(0, 0, 0, 0);color:#f40b0b\" class=\"has-inline-color\">10 septembre en continu<\/mark><\/strong><\/p>\n\n\n\n<p><a href=\"https:\/\/www.editionsladecouverte.fr\/de_chair_et_de_fer-9782348067778\">De chair et de fer, Charlotte Puiseux<\/a> (La d\u00e9couverte)<\/p>\n\n\n\n<figure class=\"wp-block-image size-large is-resized\"><img data-recalc-dims=\"1\" loading=\"lazy\" decoding=\"async\" src=\"https:\/\/i0.wp.com\/www.rdpemancipation.org\/wp-content\/uploads\/2022\/09\/image-122.png?resize=225%2C330&#038;ssl=1\" alt=\"\" class=\"wp-image-97733\" width=\"225\" height=\"330\" srcset=\"https:\/\/i0.wp.com\/www.rdpemancipation.org\/wp-content\/uploads\/2022\/09\/image-122.png?resize=699%2C1024&amp;ssl=1 699w, https:\/\/i0.wp.com\/www.rdpemancipation.org\/wp-content\/uploads\/2022\/09\/image-122.png?resize=205%2C300&amp;ssl=1 205w, https:\/\/i0.wp.com\/www.rdpemancipation.org\/wp-content\/uploads\/2022\/09\/image-122.png?resize=768%2C1125&amp;ssl=1 768w, https:\/\/i0.wp.com\/www.rdpemancipation.org\/wp-content\/uploads\/2022\/09\/image-122.png?w=800&amp;ssl=1 800w\" sizes=\"auto, (max-width: 225px) 100vw, 225px\" \/><\/figure>\n\n\n\n<p><strong><mark style=\"background-color:rgba(0, 0, 0, 0);color:#f40b0b\" class=\"has-inline-color\">7 septembre en continu<\/mark><\/strong><\/p>\n\n\n\n<p><a href=\"https:\/\/reporterre.net\/La-canicule-a-cause-vraisemblablement-11-000-morts-en-France?utm_source=newsletter&amp;utm_medium=email&amp;utm_campaign=nl_quotidienne\">La canicule a caus\u00e9 \u00ab vraisemblablement \u00bb 11 000 morts en France<\/a> (Reporterre)<\/p>\n\n\n\n<p><strong><mark style=\"background-color:rgba(0, 0, 0, 0);color:#f40b0b\" class=\"has-inline-color\">6 septembre en continu<\/mark><\/strong><\/p>\n\n\n\n<p><strong><mark style=\"background-color:rgba(0, 0, 0, 0);color:#f00909\" class=\"has-inline-color\"> \/:\\<\/mark><\/strong> <a href=\"https:\/\/www.francesoir.fr\/societe-sante\/imbecilisation-de-l-espece-le-passage-l-idiocene\">Imb\u00e9cilisation de l\u2019esp\u00e8ce, le passage l\u2019idioc\u00e8ne<\/a> (France Soir)<\/p>\n\n\n\n<p><a href=\"https:\/\/www.francetvinfo.fr\/meteo\/orages\/orages-douze-departements-dont-ceux-d-ile-de-france-places-en-vigilance-orange_5343652.html#xtor=EPR-51-[le-gouvernement-saisit-la-justice-apres-des-dysfonctionnements-graves-a-l-ihu-de-marseille-dirige-par-didier-raoult_5343943]-20220905-[related]\">Orages&nbsp;:douze d\u00e9partements dont ceux d Ile de France plac\u00e9s en vigilance orange<\/a> (Francetvinfo)<\/p>\n\n\n\n<p><a href=\"https:\/\/www.francetvinfo.fr\/sante\/maladie\/argentine-ce-que-l-on-sait-de-la-pneumonie-d-origine-inconnue-qui-a-deja-fait-trois-morts-dans-une-clinique_5340433.html\">Argentine ce que l\u2019on sait de la pneumonie d\u2019origine inconnue qui a deja fait trois morts dans une clinique<\/a>(Francetvinfo)<\/p>\n\n\n\n<p><a href=\"https:\/\/www.sudouest.fr\/sante\/argentine-une-bacterie-de-legionelle-a-l-origine-des-pneumonies-qui-ont-fait-4-morts-12129115.php?utm_source=newsletter&amp;utm_campaign=MaNewsletterSante&amp;utm_term=20220905&amp;utm_medium=email\">Argentine une bact\u00e9rie de l\u00e9gionelle \u00e0 l\u2019origine des pneumonies qui ont fait 4 morts<\/a> (Sud Ouest)<\/p>\n\n\n\n<p><a href=\"https:\/\/t.eml.lequotidiendumedecin.fr\/r\/?id=h2461dd5f,1d7a094,d69205&amp;xtor=EPR-1-%5BNL_editionnumerique%5D-%5B20220905%5D&amp;utm_content=20220905&amp;utm_campaign=NL_editionnumerique&amp;utm_medium=newsletter&amp;utm_source=qdm&amp;newsToken=d88308dc-cda8-481e-9807-afce14fbf311\">Le choix des 2\u202f000 premiers internes&nbsp;: la chirurgie plastique, la dermato et l\u2019ophtalmo font toujours carton plein <\/a>(Quotidien du M\u00e9decin)<\/p>\n\n\n\n<p><a href=\"https:\/\/www.lesechos.fr\/start-up\/ecosysteme\/ces-professionnels-de-la-sante-qui-troquent-la-blouse-blanche-pour-fonder-une-start-up-1785690\">Ces professionnels de la sant\u00e9 qui troquent la blouse blanche pour fonder une start-up<\/a> (Les Echos)<\/p>\n\n\n\n<p><a href=\"https:\/\/www.francetvinfo.fr\/sante\/maladie\/coronavirus\/le-gouvernement-saisit-la-justice-apres-des-dysfonctionnements-graves-a-l-ihu-de-marseille-dirige-par-didier-raoult_5343943.html#xtor=EPR-51-[le-gouvernement-saisit-la-justice-apres-des-dysfonctionnements-graves-a-l-ihu-de-marseille-dirige-par-didier-raoult_5343943]-20220905-[titre]\">Le gouvernement saisit la justice apr\u00e8s des dysfonctionnements graves \u00e0 l\u2019IHU de Marseille<\/a> (Francetvinfo)<\/p>\n\n\n\n<p><a href=\"https:\/\/t.eml.lequotidiendumedecin.fr\/r\/?id=h2461dd5f,1d7a094,d69201&amp;xtor=EPR-1-%5BNL_editionnumerique%5D-%5B20220905%5D&amp;utm_content=20220905&amp;utm_campaign=NL_editionnumerique&amp;utm_medium=newsletter&amp;utm_source=qdm&amp;newsToken=d88308dc-cda8-481e-9807-afce14fbf311\">En Mayenne, plus de 120 personnes ont attendu des heures pour s&rsquo;inscrire dans la patient\u00e8le d&rsquo;un m\u00e9decin traitant <\/a>(Quotidien du M\u00e9decin)<\/p>\n\n\n\n<p><a><\/a><a href=\"https:\/\/tr.courrier.sudouest.fr\/hit\/KPYN\/06Y\/gz\/9FQ-MuUtpu71c8dTejMkC59RleUfONIZMrFBYiZLTpXPODb9pa3xE4ozt0dzWyoUWmpfcBLUWWOen0zQF_pwLnYOEM8jsYx-7Uc2Lzq5hlbn0dN4KBlQmpgWzYRcrPqRAfmW0b3HZQs1lxmDVplj3xUXXjJDD_3941sPayvLqL4sWjjBTv0HGnk_ItwfqINIHUkDX_Ce3fF1QM5fnhUDYwTgexTZOQAnusOzZnxRjfjeRr0B-n9uEI0ARL-3N8g7RuF434Pc9ZND3AtNNr5GwUMkGOnpZSvXd_dFLxKOC1jNd7fn9t_4VOvWZA5HH_z_Znk-JqiDa82_1tUtcOAeyPV8l9WDkx6McCEoyyvfsF_0vDwEl0hC-hI8EN3CfHsqrkIZuDLnel0xy1AbuJCJct6x7QRRCV_ZQJp5Szqse1kfVrGKivRoeuGWL6rUT0Wl8E-AtBJWc95KVQ6BeIz3bwH65WiyqOeIAvxggEkbVL_QNlTo5gUH8NeYRlXvdygKkDKZ9lOwoe7uZuF_ridbCsxXZbBdPhaJsICPUFF4pIqL_0ZmOp6hNEIG4dsvxhcXBOS3BfdmX7Ze0JF87YAGtPVXAtJp4q1BFahgr6ZgP585bcaiCxJWLnWDIghB\">\u00c9tats-Unis : New York s\u2019inqui\u00e8te d\u2019une r\u00e9surgence de la polio et renforce sa campagne de vaccination <\/a>(Sud-Ouest)<\/p>\n\n\n\n<p><a href=\"http:\/\/t.e-sante.fr\/c\/ERrq4v?p=26&amp;u=Xo956a&amp;n=1xg566&amp;cp=14&amp;mta=pmta\">Cancer du larynx : ce signe qui doit vous alerter<\/a> (e-sant\u00e9)<\/p>\n\n\n\n<p><strong><u>Analyse<\/u><\/strong><\/p>\n\n\n\n<p><strong><a href=\"https:\/\/theconversation.com\/syndrome-de-la-seconde-victime-quand-les-erreurs-de-soins-impactent-les-soignants-189607?utm_medium=email&amp;utm_campaign=La%20lettre%20de%20The%20Conversation%20France%20du%204%20septembre%202022%20-%202393023905&amp;utm_content=La%20lettre%20de%20The%20Conversation%20France%20du%204%20septembre%202022%20-%202393023905+CID_02a76a68f265b29988667d38bfcbc0df&amp;utm_source=campaign_monitor_fr&amp;utm_term=mdecins%20infirmiers%20ou%20personnel%20paramdical%20peuvent%20tre%20touchs\">Syndrome de la seconde victime quand les erreurs de soins impactent les soignants <\/a>(The Conversation)<\/strong><\/p>\n\n\n\n<p><strong>Covid<\/strong><\/p>\n\n\n\n<p><a href=\"https:\/\/sciences-critiques.fr\/covid-19-place-aux-citoyens-eclaires\/\">Covid-19 : place aux citoyens \u00e9clair\u00e9s !<\/a> (Sciences critiques)<\/p>\n\n\n\n<p><strong><a href=\"https:\/\/lecourrierdesstrateges.fr?mailpoet_router&amp;endpoint=track&amp;action=click&amp;data=WyIxMzMyMDciLCJhODc0YzVkYTQ5YjhiMjUzYTNhZDM0Njg0YTVhMDBjMyIsIjMxMDkiLCIxMjgxYjUwYTU5NDQiLGZhbHNlXQ\">La Chine autorise l\u2019utilisation d\u2019un m\u00e9dicament contre le VIH pour traiter le Covid<\/a> ( <strong><mark style=\"background-color:rgba(0, 0, 0, 0);color:#f00909\" class=\"has-inline-color\"> \/:\\<\/mark><\/strong><\/strong> <strong>Courrier des Strat\u00e8ges)<\/strong><\/p>\n\n\n\n<p><a href=\"https:\/\/lecourrierdesstrateges.fr?mailpoet_router&amp;endpoint=track&amp;action=click&amp;data=WyIxMzMyMDciLCJhODc0YzVkYTQ5YjhiMjUzYTNhZDM0Njg0YTVhMDBjMyIsIjMxMDkiLCJmYmY5OTVkYzBlMWEiLGZhbHNlXQ\">Pourquoi en validant l\u2019Azvudine pour Covid, la Chine donne raison \u00e0 Luc Montagnier sur le lien entre Covid et Sida <\/a>&nbsp;(Laurent Aventin CdS)<\/p>\n\n\n\n<p><strong><a href=\"https:\/\/t.eml.lequotidiendupharmacien.fr\/r\/?id=h2461076b,1d799e6,d69129&amp;xtor=EPR-1-%5BNL_editionnumerique%5D-%5B20220905%5D&amp;utm_content=20220905&amp;utm_campaign=NL_editionnumerique&amp;utm_medium=newsletter&amp;utm_source=qph&amp;newsToken=ff41ea60-193b-4cba-aa92-e67d467dc291\">Paxlovid&nbsp;: l\u2019hypertension art\u00e9rielle, un effet secondaire \u00e0 suivre <\/a><\/strong>(Quotidien du Pharmacien)<\/p>\n\n\n\n<p><a href=\"https:\/\/lecourrierdesstrateges.fr?mailpoet_router&amp;endpoint=track&amp;action=click&amp;data=WyIxMzMyMDciLCJhODc0YzVkYTQ5YjhiMjUzYTNhZDM0Njg0YTVhMDBjMyIsIjMxMDkiLCI2Zjk4MjY4OTcyNTYiLGZhbHNlXQ\">L&rsquo;OMS met \u00e0 jour sa strat\u00e9gie de lutte contre le COVID<\/a> ( <strong><mark style=\"background-color:rgba(0, 0, 0, 0);color:#f00909\" class=\"has-inline-color\"> \/:\\<\/mark><\/strong> Courrier des Strat\u00e8ges)<\/p>\n\n\n\n<p><a href=\"https:\/\/www.francetvinfo.fr\/sante\/maladie\/coronavirus\/infographies-covid-19-morts-hospitalisations-age-malades-l-evolution-de-l-epidemie-en-france-et-dans-le-monde-en-cartes-et-graphiques.html\">Suivez l\u2019\u00e9volution de l\u2019\u00e9pid\u00e9mie en France et dans le monde&nbsp;<\/a>(France info)<\/p>\n\n\n\n<p><a href=\"https:\/\/covid19.healthdata.org\/france\">Projections par pays contaminations et morts Covid 19<\/a>&nbsp;(anglais, IHME)<\/p>\n\n\n\n<p><a href=\"https:\/\/www.ft.com\/coronavirus-latest\">En continu graphiques et cartes sur la Pand\u00e9mie<\/a>&nbsp;(anglais, Financial Times)<\/p>\n\n\n\n<p><strong><mark style=\"background-color:rgba(0, 0, 0, 0);color:#c41818\" class=\"has-inline-color\">5 septembre en continu<\/mark><\/strong><\/p>\n\n\n\n<p><a href=\"https:\/\/france3-regions.francetvinfo.fr\/pays-de-la-loire\/loire-atlantique\/nantes\/quelles-plantes-sont-les-plus-resistantes-a-la-secheresse-comment-economiser-l-eau-a-nantes-la-folie-des-plantes-sous-le-signe-du-rechauffement-climatique-2606352.html?utm_source=actus_lilo\">Nantes&nbsp;: quelles plantes sont les plus r\u00e9sistantes a la s\u00e9cheresse comment \u00e9conomiser l\u2019eau<\/a> (France3R\u00e9gions)<\/p>\n\n\n\n<p><a href=\"https:\/\/www.demopolis.fr\/cbd-detectable-test-salivaire\/\">CBD d\u00e9tectable au test salivaire&nbsp;?<\/a> (D\u00e9mopolis)<\/p>\n\n\n\n<p><strong><a href=\"https:\/\/theconversationfrance.cmail19.com\/t\/r-l-tjlyuhdk-bjlyhluhtr-u\/\">L\u2019exposition \u00e0 certains produits chimiques pendant la grossesse perturbe le d\u00e9veloppement du cerveau<\/a> (The Conversation)<\/strong><\/p>\n\n\n\n<p><a href=\"https:\/\/www.vaincrealzheimer.org\/la-maladie\/quelques-chiffres\/\">La maladie&nbsp;: quelques chiffres<\/a> (Vaincre Alzheimer.org)<\/p>\n\n\n\n<p class=\"has-contrast-color has-text-color\"><a href=\"https:\/\/lecourrierdesstrateges.fr\/2022\/07\/26\/maladie-dalzheimer-un-complement-alimentaire-a-base-daloe-vera\/\">Maladie d\u2019Alzheimer&nbsp;: un compl\u00e9ment alimentaire \u00e0 base d\u2019aloe vera&nbsp;?<\/a> ( <strong><mark style=\"background-color:rgba(0, 0, 0, 0);color:#f50b0b\" class=\"has-inline-color\">\/:\\<\/mark><\/strong> Courrier Strat\u00e8ges)<\/p>\n\n\n\n<p><a href=\"https:\/\/www.lequotidiendumedecin.fr\/specialites\/cancerologie\/apres-70-ans-pas-de-chimiotherapie-adjuvante-systematique?xtor=EPR-5-%5BNL_dossier%5D-%5B20220904%5D&amp;utm_content=20220904&amp;utm_campaign=NL_dossier&amp;utm_medium=newsletter&amp;utm_source=qdm\">Canc\u00e9rologie&nbsp;: apr\u00e8s 70 ans, pas de chimioth\u00e9rapie adjuvante syst\u00e9matique<\/a> (Quotidien du M\u00e9decin)<\/p>\n\n\n\n<p><a href=\"http:\/\/t.e-sante.fr\/c\/yopLOg?p=43&amp;u=Xo956a&amp;n=EXLjVR&amp;cp=21&amp;mta=pmta\"><strong>Douleurs \u00e0 l&rsquo;estomac : les causes possibles<\/strong><\/a> (e-sant\u00e9)<\/p>\n\n\n\n<p><a href=\"https:\/\/www.humanite.fr\/en-debat\/roland-gori\/l-alerte-du-psychanalyste-roland-gori-adressee-ses-collegues-et-confreres-les-psychologues-dans-la-toile-d-araignee-des-nudges-du-gouvernement-759694\">Alerte du psychanalyste Roland Gori \u00e0 coll\u00e8gues et confr\u00e8res psychologues dans les manipulations du gouvernement<\/a> (L\u2019Humanit\u00e9)<\/p>\n\n\n\n<p><a href=\"https:\/\/linfodurable.us16.list-manage.com\/track\/click?u=7c865d50c4cb896f7d830f45d&amp;id=f026114a5f&amp;e=20a9aee858\">Bio et sant\u00e9, comment s&rsquo;y retrouver quand on n\u2019est pas scientifique ? <\/a>(Info durable)<\/p>\n\n\n\n<p><strong><a href=\"https:\/\/www.msn.com\/fr-fr\/actualite\/technologie-et-sciences\/s%C3%A9cheresse-la-douche-le-premier-poste-o%C3%B9-agir-pour-%C3%AAtre-sobre-en-eau\/ar-AA11rKBu?rc=1&amp;ocid=winp1taskbar&amp;cvid=79d7adcfff3b477dd0923f85798ecde5\">S\u00e9cheresse : La douche, le premier poste o\u00f9 agir pour \u00eatre sobre en eau ? <\/a>(20Minutes)<\/strong><\/p>\n\n\n\n<p><a href=\"https:\/\/www.lequotidiendumedecin.fr\/actus-medicales\/recherche-science\/100-ans-apres-le-bcg-des-pistes-pour-mieux-vacciner\">100 ans apr\u00e8s le BCG, des pistes pour mieux vacciner<\/a> (Quotidien du M\u00e9decin)<\/p>\n\n\n\n<figure class=\"wp-block-image size-full\"><img data-recalc-dims=\"1\" loading=\"lazy\" decoding=\"async\" width=\"370\" height=\"370\" src=\"https:\/\/i0.wp.com\/www.rdpemancipation.org\/wp-content\/uploads\/2022\/09\/image-40.png?resize=370%2C370&#038;ssl=1\" alt=\"\" class=\"wp-image-96920\" srcset=\"https:\/\/i0.wp.com\/www.rdpemancipation.org\/wp-content\/uploads\/2022\/09\/image-40.png?w=370&amp;ssl=1 370w, https:\/\/i0.wp.com\/www.rdpemancipation.org\/wp-content\/uploads\/2022\/09\/image-40.png?resize=300%2C300&amp;ssl=1 300w, https:\/\/i0.wp.com\/www.rdpemancipation.org\/wp-content\/uploads\/2022\/09\/image-40.png?resize=150%2C150&amp;ssl=1 150w\" sizes=\"auto, (max-width: 370px) 100vw, 370px\" \/><figcaption><strong><sup>L\u2019Humanit\u00e9<\/sup><\/strong><\/figcaption><\/figure>\n\n\n\n<p><strong>Covid<\/strong><\/p>\n\n\n\n<p><a href=\"https:\/\/youtu.be\/IPLRSPVADjE\">Vous avez aim\u00e9 le passe vaccinal&nbsp;? Vous allez vibrer pour le passe carbone&nbsp;!<\/a> (Nicolas Vidal, Ligne droite) Vid\u00e9o 6mn<\/p>\n\n\n\n<p><a href=\"https:\/\/www.francetvinfo.fr\/sante\/maladie\/coronavirus\/infographies-covid-19-morts-hospitalisations-age-malades-l-evolution-de-l-epidemie-en-france-et-dans-le-monde-en-cartes-et-graphiques.html\">Suivez l\u2019\u00e9volution de l\u2019\u00e9pid\u00e9mie en France et dans le monde&nbsp;<\/a>(France info)<\/p>\n\n\n\n<p><a href=\"https:\/\/covid19.healthdata.org\/france\">Projections par pays contaminations et morts Covid 19<\/a>&nbsp;(anglais, IHME)<\/p>\n\n\n\n<p><a href=\"https:\/\/www.ft.com\/coronavirus-latest\">En continu graphiques et cartes sur la Pand\u00e9mie<\/a>&nbsp;(anglais, Financial Times)<\/p>\n\n\n\n<p><strong><mark style=\"background-color:rgba(0, 0, 0, 0);color:#c41818\" class=\"has-inline-color\">4 septembre en continu<\/mark><\/strong><\/p>\n\n\n\n<p><a href=\"https:\/\/www.francesoir.fr\/politique-france\/hopital-fo-cfdt-et-unsa-appellent-la-greve-le-27-septembre\">H\u00f4pital : FO, CFDT et Unsa appellent \u00e0 la gr\u00e8ve le 27 septembre<\/a>  (France Soir)<\/p>\n\n\n\n<p><a href=\"https:\/\/link.newsletter.franceculture.fr\/m\/surl\/7429\/750434\/rZUw8IjfJOCXw7njcP_CBG9C5lXTLJmivm821gAfcU8=\/link_49\/ipRbxvsYGl9BFQl1U+mzFIdgDoWSp+8J0qG9RfRFsni2RKzrJHcr+tbLnnLpNrS8An21tRMKvvxVX2Q3yd+-yaXlEoL5---ou2vVDr25NAwAGeARBLvT5MRr5ZK2Aap8SdT39vfHN4Gpobz+6NFBcXQRotVrEzHuAwrH+SemvlmlYq0Sa3-xR9CZxTac98alv+gJo0zxjnrBbTTaZ+ZrFHu48zVI578NInaCUK4CywNOLUCFaUUNwgrDikF+ney5Bvayen7O5RhrWduL0fp7CXW--7+ANdBVYgn97333YYiZFVrDcaXYX4p5gokj6eRMDDL4GNUnSkF3Kr49MkaAQGGUUgXQOsqdty1aE31xZZytQFruGJm9GwRtctC1hq-D\" target=\"_blank\" rel=\"noreferrer noopener\">Trisomie 21&nbsp;: d\u00e9couverte d&rsquo;un potentiel traitement des troubles cognitifs<\/a> (France Culture)<\/p>\n\n\n\n<p><strong><mark style=\"background-color:rgba(0, 0, 0, 0);color:#c41818\" class=\"has-inline-color\">3 septembre en continu<\/mark><\/strong><\/p>\n\n\n\n<p><a href=\"https:\/\/www.lequotidiendumedecin.fr\/actus-medicales\/politique-de-sante\/le-gouvernement-presse-la-secu-daugmenter-les-salaires-de-ses-agents?xtor=EPR-1-%5BNL_editionnumerique%5D-%5B20220902%5D&amp;utm_content=20220902&amp;utm_campaign=NL_editionnumerique&amp;utm_medium=newsletter&amp;utm_source=qdm\">Le gouvernement presse la S\u00e9cu d\u2019augmenter les salaires de ses agents<\/a> <a>(<\/a>Quotidien du M\u00e9decin)<\/p>\n\n\n\n<p><a href=\"https:\/\/t.eml.lequotidiendumedecin.fr\/r\/?id=h242eaab2,1d50fbe,d66672&amp;xtor=EPR-1-%5BNL_editionnumerique%5D-%5B20220826%5D&amp;utm_content=20220826&amp;utm_campaign=NL_editionnumerique&amp;utm_medium=newsletter&amp;utm_source=qdm&amp;newsToken=28a8bc34-e135-4478-bead-797004c5e2aa\">Travail de nuit&nbsp;: capteur de rythmes circadiens, outil de d\u00e9tection&nbsp;pr\u00e9coce des risques pour la sant\u00e9 <\/a>(Quotidien du M\u00e9decin)<\/p>\n\n\n\n<p><a href=\"https:\/\/www.francetvinfo.fr\/sante\/hopital\/hopital-l-intersyndicale-fo-cfdt-unsa-annonce-une-journee-de-mobilisation-et-appelle-a-la-greve-le-27-septembre_5339500.html\">H\u00f4pital : l&rsquo;intersyndicale FO, CFD, Unsa annonce une journ\u00e9e de mobilisation et appelle \u00e0 la gr\u00e8ve le 27 septembre<\/a> (Francetvinfo)<\/p>\n\n\n\n<p><a href=\"https:\/\/www.msn.com\/fr-fr\/lifestyle\/bien-etre\/avc-pr%C3%A9coce-votre-groupe-sanguin-peut-augmenter-les-risques\/ar-AA11mkuf?ocid=winp1taskbar&amp;cvid=88b11610f2b040aabf83512b15cdeb88\">AVC pr\u00e9coce&nbsp;: votre groupe sanguin peut augmenter les risques<\/a> (M\u00e9disite)<\/p>\n\n\n\n<p><a href=\"https:\/\/www.francetvinfo.fr\/sante\/hopital\/hopital-l-intersyndicale-fo-cfdt-unsa-annonce-une-journee-de-mobilisation-et-appelle-a-la-greve-le-27-septembre_5339500.html\">H\u00f4pital : l&rsquo;intersyndicale FO, CFD, Unsa annonce une journ\u00e9e de mobilisation et appelle \u00e0 la gr\u00e8ve le 27 septembre<\/a> (Francetvinfo)<\/p>\n\n\n\n<p><a href=\"https:\/\/www.francetvinfo.fr\/france\/rentree\/c-est-bien-de-faire-du-sport-en-primaire-les-eleves-motives-pour-faire-30-minutes-de-sport-tous-les-jours_5337505.html\">En primaire, les \u00e9l\u00e8ves motiv\u00e9s pour faire 30 minutes de sport tous les jours<\/a> (Francetvinfo)<\/p>\n\n\n\n<p><a href=\"https:\/\/www.lequotidiendumedecin.fr\/actus-medicales\/sante-publique\/argentine-mystere-autour-de-trois-deces-lies-une-pneumonie-au-sein-dune-meme-clinique?xtor=EPR-1-%5BNL_editionnumerique%5D-%5B20220902%5D&amp;utm_content=20220902&amp;utm_campaign=NL_editionnumerique&amp;utm_medium=newsletter&amp;utm_source=qdm\">Argentine : myst\u00e8re autour de trois d\u00e9c\u00e8s li\u00e9s \u00e0 une pneumonie au sein d\u2019une m\u00eame clinique<\/a> (Quotidien du M\u00e9decin)<\/p>\n\n\n\n<p><strong>Covid<\/strong><\/p>\n\n\n\n<p><strong><a href=\"https:\/\/www.youtube.com\/watch?v=xlz0gJmPOs4\">Kairos: \u2018\u2019Surefficaces\u2019\u2019&nbsp;?<\/a> <\/strong>(D\u00e9coder l\u2019\u00e9co) Vid\u00e9o 1h17<\/p>\n\n\n\n<p><a href=\"https:\/\/www.francetvinfo.fr\/sante\/maladie\/coronavirus\/variant-omicron\/covid-19-la-decrue-ralentit-en-france-avant-une-probable-huitieme-vague_5338942.html\">La d\u00e9crue ralentit en France avant une probable huiti\u00e8me vague<\/a> (France Info)<\/p>\n\n\n\n<p><a href=\"https:\/\/news.us15.list-manage.com\/track\/click?u=372753f560ef60c400f1a4f3f&amp;id=5bc0fb7a31&amp;e=181bd750b8\">Covid-19 : l\u2019OMS s\u2019attend \u00e0 un hiver difficile <\/a>(ONU)<\/p>\n\n\n\n<p><a href=\"https:\/\/www.francetvinfo.fr\/sante\/maladie\/coronavirus\/infographies-covid-19-morts-hospitalisations-age-malades-l-evolution-de-l-epidemie-en-france-et-dans-le-monde-en-cartes-et-graphiques.html\">Suivez l\u2019\u00e9volution de l\u2019\u00e9pid\u00e9mie en France et dans le monde&nbsp;<\/a>(France info)<\/p>\n\n\n\n<p><a href=\"https:\/\/covid19.healthdata.org\/france\">Projections par pays contaminations et morts Covid 19<\/a>&nbsp;(anglais, IHME)<\/p>\n\n\n\n<p><a href=\"https:\/\/www.ft.com\/coronavirus-latest\">En continu graphiques et cartes sur la Pand\u00e9mie<\/a>&nbsp;(anglais, Financial Times)<\/p>\n\n\n\n<p><strong><mark style=\"background-color:rgba(0, 0, 0, 0);color:#dc1d1d\" class=\"has-inline-color\">2 septembre en continu<\/mark><\/strong><\/p>\n\n\n\n<p><a href=\"https:\/\/tr.courrier.sudouest.fr\/hit\/KPYN\/06Y\/gz\/sqokmlC5tDpuBB_YiJHJgq5KMGpv2kihIscTQlcONxrYmAknpMDZBkJOsGmtTcE8mUPATQJZos6QM6FqPuTe58mHhw18YkLVzCFGmsB18LFppWV5qTrpnIjRWDI9sj2xQppwbGn1q4NfaAGZOVQ875wTJVi0eN0hBS7naT7RTBz8X-T6r_K4KYH5OFymfAQvfKYR0cftHezp5XfZb3L8iJMS9kOxdqSLUjSwNTelNxioaZrQrNQN_KX--ll12gntiV94T02zJnSuW8VsGAG1MHZtWe6j1vUG92Nzg6qdckmvGPdn-_kBwhiaw6H5Y5v1i7FTFco00pPrWpbdxIC9CHuxUepVNu8kzxSEASTHMzWhVUsl_gi8VArwlD5E7C-EjfZA5En-2uQeqwrg6XDtienLJirELZm749ffv_zjNbu1D5fJrhQHIFQ1Y4XC7muYECK6chU4dr3lU8lnV_5mq8pXH2Ov0gEDMlTRYq2Ns7rFpt3y4kF7TBqSOkvhGabT-a5z-ybA8KnV9El19OflQXOHYrVK4kZBMEmVniBuxVO9_d9kR8CRbX7AsIYGuMkpnHItY5EFc5xVq75xzR_TY12o5_gUnnkqlALy0IUsrthc\">L\u2019offre de vaccination va \u00eatre maintenue pendant \u00ab plusieurs mois \u00bb <\/a>(Sud-Ouest)<\/p>\n\n\n\n<p><a href=\"https:\/\/www.francetvinfo.fr\/sante\/maladie\/variole-du-singe\/variole-du-singe-plus-de-50-000-cas-recenses-dans-le-monde-assure-l-oms_5335909.html\">Variole du singe plus de 50 000 cas recens\u00e9s dans le monde assure l\u2019OMS <\/a>(Francetvinfo)<\/p>\n\n\n\n<p><a href=\"https:\/\/t.eml.lequotidiendumedecin.fr\/r\/?id=h24409188,1d63600,d675ff&amp;xtor=EPR-1-%5BNL_editionnumerique%5D-%5B20220831%5D&amp;utm_content=20220831&amp;utm_campaign=NL_editionnumerique&amp;utm_medium=newsletter&amp;utm_source=qdm&amp;newsToken=124f062f-2409-4a68-873c-576909a6df19\">Septembre rouge: l&rsquo;association \u00ab\u00a0Vivre avec une NMP\u00a0\u00bb lance un mois de sensibilisation aux cancers du sang <\/a>(Quotidien du M\u00e9decin)<\/p>\n\n\n\n<p><a href=\"https:\/\/www.liberation.fr\/societe\/sante\/un-urgentiste-temoigne-apres-la-mort-dune-octogenaire-laissee-dans-un-couloir-dhopital-du-grand-est-20220829_LDD4XSTLBVC6DG55XTGQYVJQSU\/\">Un urgentiste t\u00e9moigne apr\u00e8s la mort d\u2019une octog\u00e9naire laiss\u00e9e dans un couloir d\u2019h\u00f4pital du Grand-Est<\/a><u> (Lib\u00e9ration)<\/u><\/p>\n\n\n\n<p><a href=\"https:\/\/www.liberation.fr\/societe\/sante\/bilan-des-urgences-apres-lete-on-a-limite-la-casse-mais-on-a-toujours-un-enorme-probleme-de-lits-20220825_IBFCWQQJOZBG7NUTZGTNM2HSI4\/\">Bilan des urgences&nbsp;: apr\u00e8s l\u2019\u00e9t\u00e9, on a limit\u00e9 la casse mais on a toujours un \u00e9norme probl\u00e8me de lits <\/a><u>&nbsp;(Lib\u00e9ration)<\/u><\/p>\n\n\n\n<p><a href=\"https:\/\/t.eml.lequotidiendumedecin.fr\/r\/?id=h24409188,1d63600,d6760c&amp;xtor=EPR-1-%5BNL_editionnumerique%5D-%5B20220831%5D&amp;utm_content=20220831&amp;utm_campaign=NL_editionnumerique&amp;utm_medium=newsletter&amp;utm_source=qdm&amp;newsToken=124f062f-2409-4a68-873c-576909a6df19\">Pr\u00e9vention du suicide : les sp\u00e9cialistes s&rsquo;insurgent contre le spot choc de l&rsquo;association SPS <\/a>(Quotidien du M\u00e9decin)<\/p>\n\n\n\n<p><a href=\"https:\/\/tr.courrier.sudouest.fr\/hit\/KPYN\/06Y\/gz\/kig-9yjfX7eoWExmr-PIIwsMOabyiOiuvVNmRfsc0OiPlFo_QQnIDbkcnpZ1pA8ypM-1Z9UfAmIgY_iMrGZUhf-7V6LpnJ7PhgTyxWg3hJhpVddNh7umpJtA7SrxTUgmK-M6iiQXYTRauV3uajaVHbOUG4OjH2mEzPGCzZRH1kDqE7z6xZPle-LaqKm-Hl30TlBUx-1s2Oh-Kj7ZaCtVWP50RLHZrLTBG4GUxdOmQ9aZL32L2FAsz1UwSg0FTT6O8qjZuu82XVSCQfRue-QXwx7SiDR7VcrzYaNmUJzIJcc1MSTItjDHq8zukV4rp_Ms_v37wfQIqDkZ4DrngIZCPbxYsZ6n23k_y-wsQwB0W0qgWoWD2XSxYDvxNTYg6Y5Yg0dkIxRYsAMLTk7KmIA5A0OsK1V38z1yckJ13Q-O8_9CSJChjp4n_uAxqbGbSI8eXPMHz41Qag-jA3p1YhUTFubTqytb1cvnXlkHAJIW7WgES7t8rnusH4XvMOUMoCoqrvVAW1hHDmIoASMTtAlVN_UG4cD4drI5vLIcZg_qMeLoXVgNPA7N0lJMl3NpdbPMBj1-fvfRPtaGi7cDmS6AztRW8GrJUHXJthG-3HRo2DVtk_zZl_V1SyY\">Moustique tigre : \u00ab Face au risque d\u2019implantation de la dengue, il est essentiel de se coordonner \u00bb <\/a>(Sud-Ouest)<\/p>\n\n\n\n<p><a href=\"https:\/\/tr.courrier.sudouest.fr\/hit\/KPYN\/06Y\/gz\/TOGQvVh_EUSCKPJtIVQMme7HAZw3vR7Wa9X5U6lgX3yNHCHsmSdl10feaPEZI4ojD8vLcOnb9ExMYgdjLoUNa9_-q8XAK8zAysYLEaqjx9nYvRhEf68y_FzSExO21oxCN2pG2rFZlG0Fxht9ONjgbgqBPg6PXH9LCmHs8ZEeaTI3lVHw305ok8pPttWOAANoQm8JlyvwdZfjqGKOTvTALBSZqcdNew4witGaf_li9grFoE6sZeT0l_659izvpONLyCoi-q11XOYA7U8kcptbB-0A0lK7FJPhcOV9dkhOph7b3TQnvWzjZ4SleXcYUm-yXuvxacxaYyyqYUJCWojxVi5GdKj5-gS-DGudoRqYNzPFn8i-Ai9MtUhkh5MvPrFjAGoA-QQ6ITAvq8MyvxkTblyipYIa7gfLwB5T5EntatY8oswgiR9KCHTeSv0FkVP6vQk6RCWyh6SC9Q_N61dGTGKlyRpZwRrutC1V55Y6JtfjDIXB-eSX-IhACtnVAVaqctAz3GZdYWJi4BlPEjUH8e-M2mmjJySg3LCJcYaSHMzxWB2xIYC8op8QryCw66gtbAGIn7ucLFUcQS-d2noGdj43LwOxLSPHTs7xQ2gUArKWOu3wQ6Bz6Rix\">La Californie veut obliger les r\u00e9seaux sociaux \u00e0 se pr\u00e9occuper de la sant\u00e9 des enfants <\/a>(Sud-Ouest)<\/p>\n\n\n\n<p><a href=\"https:\/\/t.eml.lequotidiendumedecin.fr\/r\/?id=h24409188,1d63600,d67614&amp;xtor=EPR-1-%5BNL_editionnumerique%5D-%5B20220831%5D&amp;utm_content=20220831&amp;utm_campaign=NL_editionnumerique&amp;utm_medium=newsletter&amp;utm_source=qdm&amp;newsToken=124f062f-2409-4a68-873c-576909a6df19\">Avec les inondations au Pakistan, l\u2019OMS alerte sur le \u00ab\u00a0risque sanitaire majeur\u00a0\u00bb <\/a>(Quotidien du M\u00e9decin)<\/p>\n\n\n\n<p><strong>Covid<\/strong><\/p>\n\n\n\n<p><a href=\"https:\/\/www.francetvinfo.fr\/sante\/maladie\/coronavirus\/variants-du-coronavirus\/covid-19-faut-il-craindre-une-huitieme-vague-cet-automne_5336041.html\">Faut il craindre une huiti\u00e8me vague cet automne&nbsp;?<\/a> (Francetvinfo)<\/p>\n\n\n\n<p><a href=\"https:\/\/info.mediapart.fr\/optiext\/optiextension.dll?ID=%2BDC%2BDz2CAG9PK_naEMBcMl5QgO%2BKK0PTrDxRO56o5ea34p8p2BQQrfH39fnDfyL7zFpFGPfRJrcMZffZCs71Dsv716NF1\">Vaccins anti Covid&nbsp;: les dessous de la guerre des brevets entre Moderna et Pfizer<\/a> (M\u00e9diapart)<\/p>\n\n\n\n<p><a href=\"https:\/\/www.francetvinfo.fr\/sante\/maladie\/coronavirus\/vaccin\/covid-19-les-etats-unis-autorisent-les-vaccins-de-pfizer-et-moderna-ciblant-le-variant-omicron_5335882.html\">Les \u00c9tats Unis autorisent les vaccins de Pfizer et Moderna ciblant le variant omicron<\/a>&nbsp; (Francetvinfo)<\/p>\n\n\n\n<p><a href=\"https:\/\/www.francetvinfo.fr\/sante\/maladie\/coronavirus\/variants-du-coronavirus\/covid-19-le-nouveau-variant-centaure-inquiete-les-scientifiques_5335714.html\">Le nouveau variant centaure inqui\u00e8te les scientifiques<\/a> (Francetvinfo)<\/p>\n\n\n\n<p><a href=\"https:\/\/www.francetvinfo.fr\/sante\/maladie\/coronavirus\/infographies-covid-19-morts-hospitalisations-age-malades-l-evolution-de-l-epidemie-en-france-et-dans-le-monde-en-cartes-et-graphiques.html\">Suivez l\u2019\u00e9volution de l\u2019\u00e9pid\u00e9mie en France et dans le monde&nbsp;<\/a>(France info)<\/p>\n\n\n\n<p><a href=\"https:\/\/covid19.healthdata.org\/france\">Projections par pays contaminations et morts Covid 19<\/a>&nbsp;(anglais, IHME)<\/p>\n\n\n\n<p><a href=\"https:\/\/www.ft.com\/coronavirus-latest\">En continu graphiques et cartes sur la Pand\u00e9mie<\/a>&nbsp;(anglais, Financial Times)<\/p>\n\n\n\n<p><strong><mark style=\"background-color:rgba(0, 0, 0, 0);color:#dc1d1d\" class=\"has-inline-color\">1er septembre en continu<\/mark><\/strong><\/p>\n\n\n\n<p><a href=\"https:\/\/www.rue89strasbourg.com\/variole-du-singe-monkeypox-trois-nouveaux-centres-vaccination-alsace-personnes-risque-221507\" target=\"_blank\" rel=\"noreferrer noopener\">Variole du singe : trois nouveaux centres de vaccination en Alsace pour les personnes \u00e0<strong> <\/strong>risque<\/a> (Rue89 Strasbourg)<\/p>\n\n\n\n<p><a href=\"https:\/\/tr.courrier.sudouest.fr\/hit\/KPYN\/06Y\/gz\/sqokmlC5tDpuBB_YiJHJgq5KMGpv2kihIscTQlcONxrYmAknpMDZBkJOsGmtTcE8mUPATQJZos6QM6FqPuTe58mHhw18YkLVzCFGmsB18LFppWV5qTrpnIjRWDI9sj2xQppwbGn1q4NfaAGZOVQ875wTJVi0eN0hBS7naT7RTBz8X-T6r_K4KYH5OFymfAQvfKYR0cftHezp5XfZb3L8iJMS9kOxdqSLUjSwNTelNxioaZrQrNQN_KX--ll12gntiV94T02zJnSuW8VsGAG1MHZtWe6j1vUG92Nzg6qdckmvGPdn-_kBwhiaw6H5Y5v1i7FTFco00pPrWpbdxIC9CHuxUepVNu8kzxSEASTHMzWhVUsl_gi8VArwlD5E7C-EjfZA5En-2uQeqwrg6XDtienLJirELZm749ffv_zjNbu1D5fJrhQHIFQ1Y4XC7muYECK6chU4dr3lU8lnV_5mq8pXH2Ov0gEDMlTRYq2Ns7rFpt3y4kF7TBqSOkvhGabT-a5z-ybA8KnV9El19OflQXOHYrVK4kZBMEmVniBuxVO9_d9kR8CRbX7AsIYGuMkpnHItY5EFc5xVq75xzR_TY12o5_gUnnkqlALy0IUsrthc\">L\u2019offre de vaccination va \u00eatre maintenue pendant \u00ab plusieurs mois \u00bb <\/a>(Sud-Ouest)<\/p>\n\n\n\n<p><a href=\"https:\/\/www.francetvinfo.fr\/sante\/maladie\/variole-du-singe\/variole-du-singe-plus-de-50-000-cas-recenses-dans-le-monde-assure-l-oms_5335909.html\">Variole du singe plus de 50 000 cas recens\u00e9s dans le monde assure l\u2019OMS <\/a>&nbsp;(Francetvinfo)<\/p>\n\n\n\n<p><a href=\"https:\/\/t.eml.lequotidiendumedecin.fr\/r\/?id=h24409188,1d63600,d675ff&amp;xtor=EPR-1-%5BNL_editionnumerique%5D-%5B20220831%5D&amp;utm_content=20220831&amp;utm_campaign=NL_editionnumerique&amp;utm_medium=newsletter&amp;utm_source=qdm&amp;newsToken=124f062f-2409-4a68-873c-576909a6df19\">Septembre rouge : l&rsquo;association \u00ab\u00a0Vivre avec une NMP\u00a0\u00bb lance un mois de sensibilisation aux cancers du sang <\/a>(Quotidien du M\u00e9decin)<\/p>\n\n\n\n<p><a href=\"https:\/\/www.liberation.fr\/societe\/sante\/un-urgentiste-temoigne-apres-la-mort-dune-octogenaire-laissee-dans-un-couloir-dhopital-du-grand-est-20220829_LDD4XSTLBVC6DG55XTGQYVJQSU\/\">Un urgentiste t\u00e9moigne apr\u00e8s la mort d\u2019une octog\u00e9naire laiss\u00e9e dans un couloir d\u2019h\u00f4pital du Grand-Est<\/a> (Lib\u00e9ration)<\/p>\n\n\n\n<p><a href=\"https:\/\/www.liberation.fr\/societe\/sante\/bilan-des-urgences-apres-lete-on-a-limite-la-casse-mais-on-a-toujours-un-enorme-probleme-de-lits-20220825_IBFCWQQJOZBG7NUTZGTNM2HSI4\/\">Bilan des urgences&nbsp;: apr\u00e8s l\u2019\u00e9t\u00e9, on a limit\u00e9 la casse mais on a toujours un \u00e9norme probl\u00e8me de lits <\/a>&nbsp;(Lib\u00e9ration)<\/p>\n\n\n\n<p><a href=\"https:\/\/t.eml.lequotidiendumedecin.fr\/r\/?id=h24409188,1d63600,d6760c&amp;xtor=EPR-1-%5BNL_editionnumerique%5D-%5B20220831%5D&amp;utm_content=20220831&amp;utm_campaign=NL_editionnumerique&amp;utm_medium=newsletter&amp;utm_source=qdm&amp;newsToken=124f062f-2409-4a68-873c-576909a6df19\">Pr\u00e9vention du suicide : les sp\u00e9cialistes s&rsquo;insurgent contre le spot choc de l&rsquo;association SPS <\/a>(Quotidien du M\u00e9decin)<\/p>\n\n\n\n<p><a href=\"https:\/\/tr.courrier.sudouest.fr\/hit\/KPYN\/06Y\/gz\/kig-9yjfX7eoWExmr-PIIwsMOabyiOiuvVNmRfsc0OiPlFo_QQnIDbkcnpZ1pA8ypM-1Z9UfAmIgY_iMrGZUhf-7V6LpnJ7PhgTyxWg3hJhpVddNh7umpJtA7SrxTUgmK-M6iiQXYTRauV3uajaVHbOUG4OjH2mEzPGCzZRH1kDqE7z6xZPle-LaqKm-Hl30TlBUx-1s2Oh-Kj7ZaCtVWP50RLHZrLTBG4GUxdOmQ9aZL32L2FAsz1UwSg0FTT6O8qjZuu82XVSCQfRue-QXwx7SiDR7VcrzYaNmUJzIJcc1MSTItjDHq8zukV4rp_Ms_v37wfQIqDkZ4DrngIZCPbxYsZ6n23k_y-wsQwB0W0qgWoWD2XSxYDvxNTYg6Y5Yg0dkIxRYsAMLTk7KmIA5A0OsK1V38z1yckJ13Q-O8_9CSJChjp4n_uAxqbGbSI8eXPMHz41Qag-jA3p1YhUTFubTqytb1cvnXlkHAJIW7WgES7t8rnusH4XvMOUMoCoqrvVAW1hHDmIoASMTtAlVN_UG4cD4drI5vLIcZg_qMeLoXVgNPA7N0lJMl3NpdbPMBj1-fvfRPtaGi7cDmS6AztRW8GrJUHXJthG-3HRo2DVtk_zZl_V1SyY\">Moustique tigre : \u00ab Face au risque d\u2019implantation de la dengue, il est essentiel de se coordonner \u00bb <\/a>(Sud-Ouest)<\/p>\n\n\n\n<p><a href=\"https:\/\/tr.courrier.sudouest.fr\/hit\/KPYN\/06Y\/gz\/TOGQvVh_EUSCKPJtIVQMme7HAZw3vR7Wa9X5U6lgX3yNHCHsmSdl10feaPEZI4ojD8vLcOnb9ExMYgdjLoUNa9_-q8XAK8zAysYLEaqjx9nYvRhEf68y_FzSExO21oxCN2pG2rFZlG0Fxht9ONjgbgqBPg6PXH9LCmHs8ZEeaTI3lVHw305ok8pPttWOAANoQm8JlyvwdZfjqGKOTvTALBSZqcdNew4witGaf_li9grFoE6sZeT0l_659izvpONLyCoi-q11XOYA7U8kcptbB-0A0lK7FJPhcOV9dkhOph7b3TQnvWzjZ4SleXcYUm-yXuvxacxaYyyqYUJCWojxVi5GdKj5-gS-DGudoRqYNzPFn8i-Ai9MtUhkh5MvPrFjAGoA-QQ6ITAvq8MyvxkTblyipYIa7gfLwB5T5EntatY8oswgiR9KCHTeSv0FkVP6vQk6RCWyh6SC9Q_N61dGTGKlyRpZwRrutC1V55Y6JtfjDIXB-eSX-IhACtnVAVaqctAz3GZdYWJi4BlPEjUH8e-M2mmjJySg3LCJcYaSHMzxWB2xIYC8op8QryCw66gtbAGIn7ucLFUcQS-d2noGdj43LwOxLSPHTs7xQ2gUArKWOu3wQ6Bz6Rix\">La Californie veut obliger les r\u00e9seaux sociaux \u00e0 se pr\u00e9occuper de la sant\u00e9 des enfants <\/a>(Sud-Ouest)<\/p>\n\n\n\n<p><a href=\"https:\/\/t.eml.lequotidiendumedecin.fr\/r\/?id=h24409188,1d63600,d67614&amp;xtor=EPR-1-%5BNL_editionnumerique%5D-%5B20220831%5D&amp;utm_content=20220831&amp;utm_campaign=NL_editionnumerique&amp;utm_medium=newsletter&amp;utm_source=qdm&amp;newsToken=124f062f-2409-4a68-873c-576909a6df19\">Avec les inondations au Pakistan, l\u2019OMS alerte sur le \u00ab\u00a0risque sanitaire majeur\u00a0\u00bb <\/a>(Quotidien du M\u00e9decin)<\/p>\n\n\n\n<p><strong>Covid<\/strong><\/p>\n\n\n\n<p><a href=\"https:\/\/www.francetvinfo.fr\/sante\/maladie\/coronavirus\/variants-du-coronavirus\/covid-19-faut-il-craindre-une-huitieme-vague-cet-automne_5336041.html\">Faut il craindre une huiti\u00e8me vague cet automne&nbsp;?<\/a> (Francetvinfo)<\/p>\n\n\n\n<p><a href=\"https:\/\/info.mediapart.fr\/optiext\/optiextension.dll?ID=%2BDC%2BDz2CAG9PK_naEMBcMl5QgO%2BKK0PTrDxRO56o5ea34p8p2BQQrfH39fnDfyL7zFpFGPfRJrcMZffZCs71Dsv716NF1\">Vaccins anti Covid&nbsp;: les dessous de la guerre des brevets entre Moderna et Pfizer<\/a> (M\u00e9diapart)<\/p>\n\n\n\n<p><a href=\"https:\/\/www.francetvinfo.fr\/sante\/maladie\/coronavirus\/vaccin\/covid-19-les-etats-unis-autorisent-les-vaccins-de-pfizer-et-moderna-ciblant-le-variant-omicron_5335882.html\">Les \u00c9tats Unis autorisent les vaccins de Pfizer et Moderna ciblant le variant omicron<\/a>&nbsp; (Francetvinfo)<\/p>\n\n\n\n<p><a href=\"https:\/\/www.francetvinfo.fr\/sante\/maladie\/coronavirus\/variants-du-coronavirus\/covid-19-le-nouveau-variant-centaure-inquiete-les-scientifiques_5335714.html\">Le nouveau variant centaure inqui\u00e8te les scientifiques<\/a> (Francetvinfo)<\/p>\n\n\n\n<p><a href=\"https:\/\/www.francetvinfo.fr\/sante\/maladie\/coronavirus\/infographies-covid-19-morts-hospitalisations-age-malades-l-evolution-de-l-epidemie-en-france-et-dans-le-monde-en-cartes-et-graphiques.html\">Suivez l\u2019\u00e9volution de l\u2019\u00e9pid\u00e9mie en France et dans le monde&nbsp;<\/a>(France info)<\/p>\n\n\n\n<p><a href=\"https:\/\/covid19.healthdata.org\/france\">Projections par pays contaminations et morts Covid 19<\/a>&nbsp;(anglais, IHME)<\/p>\n\n\n\n<p><a href=\"https:\/\/www.ft.com\/coronavirus-latest\">En continu graphiques et cartes sur la Pand\u00e9mie<\/a>&nbsp;(anglais, Financial Times)<\/p>\n","protected":false},"excerpt":{"rendered":"<p>30 septembre en continu Barbara Stiegler et Fran\u00e7ois Alla &#8211; Sant\u00e9 publique ann\u00e9e z\u00e9ro (vid\u00e9o) N\u00b073\u00a0 Essais th\u00e9rapeutiques et biais d\u2019expertise (CSI) Pr\u00e8s de 2 000 d\u00e9clarations de dommages corporels pour les m\u00e9decins en 2021 (QdM) Suivez l\u2019\u00e9volution de l\u2019\u00e9pid\u00e9mie en France et dans le monde&nbsp;(France info) Projections par pays contaminations et morts Covid 19&nbsp;(anglais, &#8230; <a title=\"Septembre &#8211; Sant\u00e9\" class=\"read-more\" href=\"https:\/\/www.rdpemancipation.org\/?p=96442\" aria-label=\"En savoir plus sur Septembre &#8211; Sant\u00e9\">Lire la suite<\/a><\/p>\n","protected":false},"author":1,"featured_media":0,"comment_status":"closed","ping_status":"closed","sticky":false,"template":"","format":"standard","meta":{"_lmt_disableupdate":"","_lmt_disable":"","_jetpack_memberships_contains_paid_content":false,"footnotes":""},"categories":[14],"tags":[],"class_list":["post-96442","post","type-post","status-publish","format-standard","hentry","category-sante"],"modified_by":"rdpemancipation","jetpack_featured_media_url":"","jetpack_sharing_enabled":true,"_links":{"self":[{"href":"https:\/\/www.rdpemancipation.org\/index.php?rest_route=\/wp\/v2\/posts\/96442","targetHints":{"allow":["GET"]}}],"collection":[{"href":"https:\/\/www.rdpemancipation.org\/index.php?rest_route=\/wp\/v2\/posts"}],"about":[{"href":"https:\/\/www.rdpemancipation.org\/index.php?rest_route=\/wp\/v2\/types\/post"}],"author":[{"embeddable":true,"href":"https:\/\/www.rdpemancipation.org\/index.php?rest_route=\/wp\/v2\/users\/1"}],"replies":[{"embeddable":true,"href":"https:\/\/www.rdpemancipation.org\/index.php?rest_route=%2Fwp%2Fv2%2Fcomments&post=96442"}],"version-history":[{"count":86,"href":"https:\/\/www.rdpemancipation.org\/index.php?rest_route=\/wp\/v2\/posts\/96442\/revisions"}],"predecessor-version":[{"id":99569,"href":"https:\/\/www.rdpemancipation.org\/index.php?rest_route=\/wp\/v2\/posts\/96442\/revisions\/99569"}],"wp:attachment":[{"href":"https:\/\/www.rdpemancipation.org\/index.php?rest_route=%2Fwp%2Fv2%2Fmedia&parent=96442"}],"wp:term":[{"taxonomy":"category","embeddable":true,"href":"https:\/\/www.rdpemancipation.org\/index.php?rest_route=%2Fwp%2Fv2%2Fcategories&post=96442"},{"taxonomy":"post_tag","embeddable":true,"href":"https:\/\/www.rdpemancipation.org\/index.php?rest_route=%2Fwp%2Fv2%2Ftags&post=96442"}],"curies":[{"name":"wp","href":"https:\/\/api.w.org\/{rel}","templated":true}]}}