{"id":96438,"date":"2022-09-01T09:44:48","date_gmt":"2022-09-01T07:44:48","guid":{"rendered":"https:\/\/www.rdpemancipation.org\/?p=96438"},"modified":"2022-09-30T07:08:18","modified_gmt":"2022-09-30T05:08:18","slug":"septembre-cultures-2","status":"publish","type":"post","link":"https:\/\/www.rdpemancipation.org\/?p=96438","title":{"rendered":"Septembre &#8211; Cultures"},"content":{"rendered":"\n<p class=\"has-text-color\" style=\"color:#c20000\"><strong>30 septembre<\/strong><\/p>\n\n\n\n<p><a href=\"https:\/\/www.lemonde.fr\/culture\/article\/2022\/09\/28\/theatre-dominique-blanc-et-thierry-thieu-niang-ravivent-la-douleur-de-marguerite-duras_6143597_3246.html\">D. Blanc et T .Thie\u00fb Niang ravivent \u00ab\u00a0La\u00a0Douleur\u00a0\u00bb, de Duras<\/a> (Le Monde).<\/p>\n\n\n\n<p><a href=\"https:\/\/www.humanite.fr\/culture-et-savoirs\/musique\/opex-bouleversant-hymne-la-vie-d-arno-765630\">Opex, bouleversant hymne \u00e0 la vie d\u2019Arno<\/a> (L&rsquo;Humanit\u00e9).<\/p>\n\n\n\n<p><a href=\"https:\/\/www.nonfiction.fr\/article-11433-tout-sur-francis-bacon.htm\">Tout sur Francis Bacon<\/a> (Nonfiction).<\/p>\n\n\n\n<p><a href=\"https:\/\/www.en-attendant-nadeau.fr\/2020\/12\/16\/celebration-interessant-veyne\/\">Paul Veyne : c\u00e9l\u00e9bration de l\u2019int\u00e9ressant<\/a> (En attendant Nadeau).<\/p>\n\n\n\n<p><a href=\"https:\/\/link.newsletter.franceculture.fr\/m\/surl\/7429\/755739\/IF4jh3PIzkXdrir6xdj6EG9C5lXTLJmivm821gAfcU8=\/link_4\/b6XjAYQYsgR86TMB7tU728Oe6MO-pmrO1CZ0gTrDZt+jEvfleH478h6HgcNFFKGOFLWuHdHUOjoBbZGm3ckpXFnd9grtEy8hRWzKQHWcpuKNTgJ71Lo8jHmv16tQqIiS4U5RbHlQTq9XsRVPf6mDDvgNcU11DMSZu9rIBo7tfCvtVX3PfDJHLs3nvoPGcO4eQmSkIbJk2keHKj7lRYP89qIYQ64in4DzBvQrk5nmwu3Pb-QTyNJeKzbNZMT7KWbcINBSYDbt68LrHHWTLFEUawzbv6nTMHVPT8xcBOYA6oJk0ejLOpdDToEmgnSa1RjNoQEQQ8GnWGeJZy2mHc8SfA==\" target=\"_blank\" rel=\"noreferrer noopener\">Hommage \u00e0 Paul Veyne, grand historien de l&rsquo;Antiquit\u00e9, qui vient de mourir<\/a> (France culture).<\/p>\n\n\n\n<div class=\"wp-block-columns is-layout-flex wp-container-core-columns-is-layout-9d6595d7 wp-block-columns-is-layout-flex\">\n<div class=\"wp-block-column is-layout-flow wp-block-column-is-layout-flow\" style=\"flex-basis:100%\"><div class=\"wp-block-image\">\n<figure class=\"alignleft size-full is-resized\"><img data-recalc-dims=\"1\" loading=\"lazy\" decoding=\"async\" src=\"https:\/\/i0.wp.com\/www.rdpemancipation.org\/wp-content\/uploads\/2022\/09\/image-311.png?resize=333%2C187&#038;ssl=1\" alt=\"\" class=\"wp-image-99504\" width=\"333\" height=\"187\" srcset=\"https:\/\/i0.wp.com\/www.rdpemancipation.org\/wp-content\/uploads\/2022\/09\/image-311.png?w=560&amp;ssl=1 560w, https:\/\/i0.wp.com\/www.rdpemancipation.org\/wp-content\/uploads\/2022\/09\/image-311.png?resize=300%2C169&amp;ssl=1 300w\" sizes=\"auto, (max-width: 333px) 100vw, 333px\" \/><figcaption><sup>Paul Veyne en France en juillet 1993 \u00a9Getty &#8211; Louis MONIER\/Gamma-Rapho via Getty Images<\/sup><\/figcaption><\/figure>\n<\/div><\/div>\n<\/div>\n\n\n\n<p class=\"has-text-color\" style=\"color:#b70000\"><strong>29 septembre<\/strong><\/p>\n\n\n\n<p><a href=\"https:\/\/www.liberation.fr\/culture\/livres\/luz-je-suis-devenu-etranger-au-dessinateur-de-presse-que-jai-ete-20220929_3OT24K4X5RH3LOQ2TOB67NW56Y\/\">Luz: \u00abJe suis devenu \u00e9tranger au dessinateur de presse que j\u2019ai \u00e9t\u00e9\u00bb <\/a>(Lib\u00e9ration).<\/p>\n\n\n\n<p><a href=\"https:\/\/www.telerama.fr\/cinema\/sans-filtre-de-ruben-ostlund-le-face-a-face-critique-qui-divise-telerama-7012252.php\">\u201cSans filtre\u201d de Ruben \u00d6stlund&nbsp;: le face-\u00e0-face critique qui divise \u201cT\u00e9l\u00e9rama\u201d<\/a> (T\u00e9l\u00e9rama).<\/p>\n\n\n\n<p><a href=\"https:\/\/www.humanite.fr\/culture-et-savoirs\/litterature\/thierry-beinstingel-je-souhaitais-etre-la-fois-l-enqueteur-et-l-enquete-765457\">Thierry Beinstingel : \u00ab\u2009Je souhaitais \u00eatre \u00e0 la fois l\u2019enqu\u00eateur et l\u2019enqu\u00eat\u00e9\u2009\u00bb<\/a> (L&rsquo;Humanit\u00e9).<\/p>\n\n\n\n<p><a href=\"https:\/\/www.lemonde.fr\/livres\/article\/2022\/09\/29\/a-cerisy-les-innombrables-facettes-de-l-uvre-de-carlo-ginzburg-historien-essentiel_6143648_3260.html\">A Cerisy, les innombrables facettes de l\u2019\u0153uvre de Carlo Ginzburg<\/a> (Le monde).<\/p>\n\n\n\n<div class=\"wp-block-columns is-layout-flex wp-container-core-columns-is-layout-9d6595d7 wp-block-columns-is-layout-flex\">\n<div class=\"wp-block-column is-layout-flow wp-block-column-is-layout-flow\" style=\"flex-basis:100%\"><div class=\"wp-block-image\">\n<figure class=\"alignleft size-full is-resized\"><img data-recalc-dims=\"1\" loading=\"lazy\" decoding=\"async\" src=\"https:\/\/i0.wp.com\/www.rdpemancipation.org\/wp-content\/uploads\/2022\/09\/image-307.png?resize=336%2C225&#038;ssl=1\" alt=\"\" class=\"wp-image-99399\" width=\"336\" height=\"225\" srcset=\"https:\/\/i0.wp.com\/www.rdpemancipation.org\/wp-content\/uploads\/2022\/09\/image-307.png?w=664&amp;ssl=1 664w, https:\/\/i0.wp.com\/www.rdpemancipation.org\/wp-content\/uploads\/2022\/09\/image-307.png?resize=300%2C200&amp;ssl=1 300w\" sizes=\"auto, (max-width: 336px) 100vw, 336px\" \/><figcaption><sup>L\u2019historien italien Carlo Ginzburg, \u00e0 Lyon, en 2008. ULF ANDERSEN\/GETTY IMAGES<\/sup><\/figcaption><\/figure>\n<\/div><\/div>\n<\/div>\n\n\n\n<p class=\"has-text-color\" style=\"color:#bd0000\"><strong>28 septembre<\/strong><\/p>\n\n\n\n<p><a href=\"http:\/\/www.cafepedagogique.net\/lexpresso\/Pages\/2022\/09\/28092022Article637999410226516235.aspx\">\u00ab La Cour des miracles \u00bb de Carine May et Hakim Zouhani <\/a>&nbsp;(Caf\u00e9 p\u00e9dagogique)<\/p>\n\n\n\n<p><a href=\"https:\/\/www.humanite.fr\/culture-et-savoirs\/cinema\/le-cinema-otage-des-plateformes-765223\">Le cin\u00e9ma otage des plateformes<\/a> (L&rsquo;Humanit\u00e9).<\/p>\n\n\n\n<p><a href=\"https:\/\/link.newsletter.franceculture.fr\/m\/surl\/7429\/755329\/ofjwRHgB7O0W5gIBFLmnyG9C5lXTLJmivm821gAfcU8=\/link_25\/XdCiVe9ozf3cekt1JN20owCZgZiA-XYwhsroxQU8oRuPwRMhjU7M+OKYIZVBfW1iqmL07l9xGQIFZPlCQnonvzV5BZBZHhOtOC0dkOMiUXFWzxJaYWVOemPn04oXqayskamT7VkqxJmSSVr65Lavn86jg-rSWSYYvqXQ+qBRDqIUMJB6GJh2j3WvXjtjN1ug1IkuBZGcQ4TFeu4Uxsgm3-WqWlDppv4GnDsJpkm4oOIyQbd5bZcPv6UFQET1pLgHxij0Rp7ClRlMx8tBMydYWg0qlPtMF0lLgiYcgnrhn569ozF95+zFZf-RZICqoJb39jjMGD8XWlVAWwIDyo+h29j9lAHsxvK5+Rxh56MhRm8=\" target=\"_blank\" rel=\"noreferrer noopener\">Le livre noir du travail, de Zola \u00e0 Claire Baglin<\/a> (France culture).<\/p>\n\n\n\n<p><a href=\"https:\/\/www.monde-diplomatique.fr\/2022\/10\/DUMAS\/65170\" target=\"_blank\" rel=\"noopener\">Transmettre\u2026 mais quoi?<\/a> (Le Monde diplomatique).<\/p>\n\n\n\n<p><a href=\"https:\/\/www.terrestres.org\/2022\/09\/27\/resister-a-la-technologie\/\" target=\"_blank\" rel=\"noopener\">R\u00e9sister \u00e0 la technologie<\/a> (Terrestre).<\/p>\n\n\n\n<p><a href=\"https:\/\/www.en-attendant-nadeau.fr\/2022\/09\/28\/vivance-lopez\/\">Faire tourner sa vie<\/a> (En attendant Nadeau).<\/p>\n\n\n\n<div class=\"wp-block-columns is-layout-flex wp-container-core-columns-is-layout-9d6595d7 wp-block-columns-is-layout-flex\">\n<div class=\"wp-block-column is-layout-flow wp-block-column-is-layout-flow\" style=\"flex-basis:100%\"><div class=\"wp-block-image\">\n<figure class=\"alignleft size-full is-resized\"><img data-recalc-dims=\"1\" loading=\"lazy\" decoding=\"async\" src=\"https:\/\/i0.wp.com\/www.rdpemancipation.org\/wp-content\/uploads\/2022\/09\/image-292.png?resize=335%2C251&#038;ssl=1\" alt=\"\" class=\"wp-image-99300\" width=\"335\" height=\"251\" srcset=\"https:\/\/i0.wp.com\/www.rdpemancipation.org\/wp-content\/uploads\/2022\/09\/image-292.png?w=600&amp;ssl=1 600w, https:\/\/i0.wp.com\/www.rdpemancipation.org\/wp-content\/uploads\/2022\/09\/image-292.png?resize=300%2C225&amp;ssl=1 300w\" sizes=\"auto, (max-width: 335px) 100vw, 335px\" \/><figcaption><sup>\u00c0 Saint-Nazaire (novembre 2010) \u00a9 Jean-Luc Bertini<\/sup><\/figcaption><\/figure>\n<\/div><\/div>\n<\/div>\n\n\n\n<p class=\"has-text-color\" style=\"color:#bd0000\"><strong>27 septembre<\/strong><\/p>\n\n\n\n<p><a href=\"https:\/\/www.humanite.fr\/culture-et-savoirs\/peinture\/edvard-munch-n-est-pas-qu-un-cri-765058\">Edvard Munch n\u2019est pas qu\u2019un cri<\/a> L&rsquo;Humanit\u00e9).<\/p>\n\n\n\n<p><a href=\"https:\/\/www.causette.fr\/culture\/musique\/ade-foe-blond-et-poppy-fusee-quatre-artistes-pour-passer-lautomne-en-douceur\">Ad\u00e9, Fo\u00e9, blond et Poppy Fus\u00e9e&nbsp;: 4 artistes pour passer l&rsquo;automne <\/a> (Causette).<\/p>\n\n\n\n<p><a href=\"https:\/\/www.lemonde.fr\/culture\/article\/2022\/09\/27\/ruben-ostlund-l-art-du-malaise-au-cinema_6143327_3246.html\">Ruben \u00d6stlund, l\u2019art du malaise au cin\u00e9ma<\/a> (Le Monde).<\/p>\n\n\n\n<p><a href=\"https:\/\/link.newsletter.franceculture.fr\/m\/surl\/7429\/755114\/pYyLhF-JE_BLA6JgLhe0Lm9C5lXTLJmivm821gAfcU8=\/link_4\/Evb3wpD0g3IUunuM1S7H8Y4LRg+YUMyMmBzXi6u9JqhPgzsiJi4XTEULTW8DDQO5bTMcLS+JKHwL63KrkP75sOh5qw7ltCpm92OiO-GqzNxzwp5-hM07ydQcaFfth9PAUMaJcQOJVDRv4mHTuEaqWqlX1I0nbUS+AgpcyFgANu7N8QFz7rmA9adchH77lEOLz5e2RzYAs3mMLXUS-spIFIgL5XaOXO37-hGUCdKhwKpcKbS90yebHYUe-rGDqqRBQuqYvz0gpEmCM-Wk0YDIOgGMM1aGs1Xw3aYz847s-a9K8bSwIXAsWTIwnI8Bga-7rVy0zTgAncpcFLHEAQ09uA==\" target=\"_blank\" rel=\"noreferrer noopener\">\u00ab\u00a0Blonde\u00a0\u00bb de Joyce Carol Oates&nbsp;: qui a tu\u00e9 Marilyn&nbsp;?<\/a> (France culture).<\/p>\n\n\n\n<div class=\"wp-block-columns is-layout-flex wp-container-core-columns-is-layout-9d6595d7 wp-block-columns-is-layout-flex\">\n<div class=\"wp-block-column is-layout-flow wp-block-column-is-layout-flow\" style=\"flex-basis:100%\"><div class=\"wp-block-image\">\n<figure class=\"alignleft size-full is-resized\"><img data-recalc-dims=\"1\" loading=\"lazy\" decoding=\"async\" src=\"https:\/\/i0.wp.com\/www.rdpemancipation.org\/wp-content\/uploads\/2022\/09\/image-280.png?resize=338%2C190&#038;ssl=1\" alt=\"\" class=\"wp-image-99181\" width=\"338\" height=\"190\" srcset=\"https:\/\/i0.wp.com\/www.rdpemancipation.org\/wp-content\/uploads\/2022\/09\/image-280.png?w=560&amp;ssl=1 560w, https:\/\/i0.wp.com\/www.rdpemancipation.org\/wp-content\/uploads\/2022\/09\/image-280.png?resize=300%2C169&amp;ssl=1 300w\" sizes=\"auto, (max-width: 338px) 100vw, 338px\" \/><figcaption><sup>Marilyn Monroe \u00a9Getty &#8211; Murray Garrett<\/sup><\/figcaption><\/figure>\n<\/div><\/div>\n<\/div>\n\n\n\n<p class=\"has-text-color\" style=\"color:#c40000\"><strong>26 septembre<\/strong><\/p>\n\n\n\n<p><a href=\"https:\/\/www.humanite.fr\/culture-et-savoirs\/theatre\/la-folie-ou-le-bal-des-mots-dits-764890\">La folie ou le bal des mots dits<\/a> (L&rsquo;Humanit\u00e9).<\/p>\n\n\n\n<p><a href=\"https:\/\/www.liberation.fr\/culture\/livres\/mort-dhilary-mantel-lecriture-est-une-source-de-pouvoir-la-moins-onereuse-qui-soit-20220926_BQ5M2FTVMNDDDKTK6RDIS2YL5Y\/\">Mort d\u2019Hilary Mantel: \u00abL\u2019\u00e9criture est une source de pouvoir\u00bb<\/a> (Lib\u00e9ration).<\/p>\n\n\n\n<p><a href=\"https:\/\/www.telerama.fr\/ecrans\/quand-quai-des-orfevres-eclaire-la-nuit-du-12-7012225.php\">Quand \u201cQuai des Orf\u00e8vres\u201d \u00e9claire \u201cLa Nuit du 12\u201d<\/a> (T\u00e9l\u00e9rama).<\/p>\n\n\n\n<p><a href=\"https:\/\/www.lemonde.fr\/culture\/article\/2022\/09\/26\/histoires-d-a-film-de-lutte-pour-l-avortement_6143181_3246.html\">\u00ab&nbsp;Histoires d\u2019A. &nbsp;\u00bb, film de lutte pour l\u2019avortement<\/a> (Le Monde).<\/p>\n\n\n\n<div class=\"wp-block-columns is-layout-flex wp-container-core-columns-is-layout-9d6595d7 wp-block-columns-is-layout-flex\">\n<div class=\"wp-block-column is-layout-flow wp-block-column-is-layout-flow\" style=\"flex-basis:100%\"><div class=\"wp-block-image\">\n<figure class=\"alignleft size-full is-resized\"><img data-recalc-dims=\"1\" loading=\"lazy\" decoding=\"async\" src=\"https:\/\/i0.wp.com\/www.rdpemancipation.org\/wp-content\/uploads\/2022\/09\/image-266.png?resize=340%2C247&#038;ssl=1\" alt=\"\" class=\"wp-image-99055\" width=\"340\" height=\"247\" srcset=\"https:\/\/i0.wp.com\/www.rdpemancipation.org\/wp-content\/uploads\/2022\/09\/image-266.png?w=664&amp;ssl=1 664w, https:\/\/i0.wp.com\/www.rdpemancipation.org\/wp-content\/uploads\/2022\/09\/image-266.png?resize=300%2C219&amp;ssl=1 300w\" sizes=\"auto, (max-width: 340px) 100vw, 340px\" \/><figcaption><sup>\u00ab&nbsp;Histoires d\u2019A.&nbsp;\u00bb (1973), documentaire de Charles Belmont et Marielle Issartel. LUNA PARK FILMS<\/sup><\/figcaption><\/figure>\n<\/div><\/div>\n<\/div>\n\n\n\n<p class=\"has-text-color\" style=\"color:#c80000\"><strong>25 septembre<\/strong><\/p>\n\n\n\n<p><a href=\"https:\/\/www.telerama.fr\/radio\/sur-france-culture-les-grandes-heures-de-la-revolte-des-salaries-de-lip-7012214.php\">Sur France Culture, les grandes heures de la r\u00e9volte des salari\u00e9s de Lip<\/a> (T\u00e9l\u00e9rama).<\/p>\n\n\n\n<p><a href=\"https:\/\/www.en-attendant-nadeau.fr\/2022\/09\/24\/lire-szendy\/\">Lire !<\/a> (En attendant Nadeau).<\/p>\n\n\n\n<p><a href=\"https:\/\/www.liberation.fr\/culture\/cinema\/paul-newman-en-connait-un-rayon-20220924_CTMHZ3JOZJAYPDCX3LHJ6IB62A\/\">Desperate housewife. Paul Newman en conna\u00eet un&nbsp;rayon<\/a> (Lib\u00e9ration).<\/p>\n\n\n\n<p><a href=\"https:\/\/www.humanite.fr\/culture-et-savoirs\/enzo-traverso\/enzo-traverso-la-revolution-n-pas-disparu-de-notre-horizon-764408\">Enzo Traverso : \u00ab\u2009La r\u00e9volution n\u2019a pas disparu de notre horizon\u2009\u00bb<\/a> (L&rsquo;Humanit\u00e9).<\/p>\n\n\n\n<div class=\"wp-block-columns is-layout-flex wp-container-core-columns-is-layout-9d6595d7 wp-block-columns-is-layout-flex\">\n<div class=\"wp-block-column is-layout-flow wp-block-column-is-layout-flow\" style=\"flex-basis:100%\"><div class=\"wp-block-image\">\n<figure class=\"alignleft size-full is-resized\"><img data-recalc-dims=\"1\" loading=\"lazy\" decoding=\"async\" src=\"https:\/\/i0.wp.com\/www.rdpemancipation.org\/wp-content\/uploads\/2022\/09\/image-258.png?resize=335%2C187&#038;ssl=1\" alt=\"\" class=\"wp-image-98985\" width=\"335\" height=\"187\" srcset=\"https:\/\/i0.wp.com\/www.rdpemancipation.org\/wp-content\/uploads\/2022\/09\/image-258.png?w=900&amp;ssl=1 900w, https:\/\/i0.wp.com\/www.rdpemancipation.org\/wp-content\/uploads\/2022\/09\/image-258.png?resize=768%2C432&amp;ssl=1 768w\" sizes=\"auto, (max-width: 335px) 100vw, 335px\" \/><figcaption><sup>MARCO CASTRO<\/sup><\/figcaption><\/figure>\n<\/div><\/div>\n<\/div>\n\n\n\n<p class=\"has-text-color\" style=\"color:#c40000\"><strong>24 septembre<\/strong><\/p>\n\n\n\n<p><a href=\"https:\/\/www.nonfiction.fr\/article-11432-lappropriation-des-savoirs-amerindiens.htm\">L&rsquo;appropriation des savoirs am\u00e9rindiens<\/a> (Nonfiction).<\/p>\n\n\n\n<p><a href=\"https:\/\/www.liberation.fr\/culture\/bd\/la-revanche-des-bibliothecaires-gauld-et-milieu-litteraire-20220924_5JOOIBXVIJDBFE6L4URJ2G3HWU\/\">BD \u00abLa Revanche des biblioth\u00e9caires\u00bb, Gauld et milieu litt\u00e9raire<\/a> (Lib\u00e9ration).<\/p>\n\n\n\n<p><a href=\"https:\/\/lanticapitaliste.org\/opinions\/culture\/karl-marx-20-ans-de-la-colere-au-communisme-disabelle-garo\">Karl Marx \u00e0 20 ans\u2009: de la col\u00e8re au communisme, d\u2019Isabelle Garo<\/a> (L&rsquo;Anticapitaliste).<\/p>\n\n\n\n<p><a href=\"https:\/\/www.telerama.fr\/ecrans\/sur-france-3-la-traversee-de-bourvil-il-etait-au-service-du-public-il-jouait-pour-lui-plaire-7012201.php\">Sur France 3, \u201cLa Travers\u00e9e de Bourvil\u201d<\/a> (T\u00e9l\u00e9rama).<\/p>\n\n\n\n<div class=\"wp-block-columns is-layout-flex wp-container-core-columns-is-layout-9d6595d7 wp-block-columns-is-layout-flex\">\n<div class=\"wp-block-column is-layout-flow wp-block-column-is-layout-flow\" style=\"flex-basis:100%\"><div class=\"wp-block-image\">\n<figure class=\"alignleft size-large is-resized\"><img data-recalc-dims=\"1\" loading=\"lazy\" decoding=\"async\" src=\"https:\/\/i0.wp.com\/www.rdpemancipation.org\/wp-content\/uploads\/2022\/09\/image-254.png?resize=345%2C345&#038;ssl=1\" alt=\"\" class=\"wp-image-98960\" width=\"345\" height=\"345\" srcset=\"https:\/\/i0.wp.com\/www.rdpemancipation.org\/wp-content\/uploads\/2022\/09\/image-254.png?resize=1024%2C1024&amp;ssl=1 1024w, https:\/\/i0.wp.com\/www.rdpemancipation.org\/wp-content\/uploads\/2022\/09\/image-254.png?resize=300%2C300&amp;ssl=1 300w, https:\/\/i0.wp.com\/www.rdpemancipation.org\/wp-content\/uploads\/2022\/09\/image-254.png?resize=150%2C150&amp;ssl=1 150w, https:\/\/i0.wp.com\/www.rdpemancipation.org\/wp-content\/uploads\/2022\/09\/image-254.png?resize=768%2C768&amp;ssl=1 768w, https:\/\/i0.wp.com\/www.rdpemancipation.org\/wp-content\/uploads\/2022\/09\/image-254.png?w=1200&amp;ssl=1 1200w\" sizes=\"auto, (max-width: 345px) 100vw, 345px\" \/><figcaption><sup>Photo Jean Mainbourg\/Gamma-Rapho<\/sup><\/figcaption><\/figure>\n<\/div><\/div>\n<\/div>\n\n\n\n<p class=\"has-text-color\" style=\"color:#c30000\"><strong>23 septembre<\/strong><\/p>\n\n\n\n<p><a href=\"https:\/\/www.lautrequotidien.fr\/hebdo\/2017\/3\/2\/frida-kahlo-ou-comment-rsister-en-beaut\">Frida Kahlo, ou comment r\u00e9sister en beaut\u00e9<\/a> (L\u2019autre quotidien)<\/p>\n\n\n\n<p><a href=\"https:\/\/link.newsletter.franceculture.fr\/m\/surl\/7429\/754342\/M6SgbCd1t-TSRbMskbzmym9C5lXTLJmivm821gAfcU8=\/link_31\/O+g3SyQ7xWBKWWrpH5jVbvmDnQk5hjOoEVwRY7HT9NmD092T4FR+SgFRZReH1NVP01nSfo5W0SmOZkr74E+Xy9UA1L3Ok6f+1S2txnYyx+9VaO+u0m+8h0388oa7zwf-ufbpkLi7uufnoW5S1X1N+-0WtB6j7oSSX06UR2afhnXwGJeu1k-g2Jh0pfWThn4a6sWp2Hg1Iy5VBx0OZCGieTrOkGWIlAPqsakjeUj00kIcbv4EtHG7M1M14VcuYfiuW5RL6svEIayC1+w64+M4hl9bXatjWaw1acurhc156opPSCZn3W39tkFk4xPVKXepXL5DSXec7cs1d9AdWXq5hCBxIOqLYyM2tebJFBa9SxI=\" target=\"_blank\" rel=\"noreferrer noopener\">R\u00e9volution indon\u00e9sienne, fini la java pour les Bataves<\/a> (France culture).<\/p>\n\n\n\n<p><a href=\"https:\/\/www.liberation.fr\/culture\/scenes\/le-sacre-du-printemps-leros-des-sables-20220923_URWGG2N6LNDI3I6VFNNY6EFCXU\/\">\u00abLe sacre du printemps\u00bb, l\u2019\u00e9ros des sables<\/a> (Lib\u00e9ration).<\/p>\n\n\n\n<p><a href=\"https:\/\/doublemarge.com\/6097-2\/\">Impact d\u2019Olivier Norek<\/a> (Double marge).<\/p>\n\n\n\n<p><a href=\"https:\/\/www.en-attendant-nadeau.fr\/2022\/09\/22\/romans-enigmes-lagioia\/\">Les nouveaux romans \u00e0 \u00e9nigme<\/a> (En attendant Nadeau).<\/p>\n\n\n\n<p><a href=\"https:\/\/www.lemonde.fr\/m-le-mag\/article\/2022\/09\/23\/entre-la-scene-et-la-vie-denis-podalydes-a-fleur-de-roles_6142802_4500055.html\">Entre la sc\u00e8ne et la vie, Denis&nbsp;Podalyd\u00e8s \u00e0 fleur de r\u00f4les<\/a> (Le Monde).<\/p>\n\n\n\n<div class=\"wp-block-columns is-layout-flex wp-container-core-columns-is-layout-9d6595d7 wp-block-columns-is-layout-flex\">\n<div class=\"wp-block-column is-layout-flow wp-block-column-is-layout-flow\" style=\"flex-basis:100%\"><div class=\"wp-block-image\">\n<figure class=\"alignleft size-large is-resized\"><img data-recalc-dims=\"1\" loading=\"lazy\" decoding=\"async\" src=\"https:\/\/i0.wp.com\/www.rdpemancipation.org\/wp-content\/uploads\/2022\/09\/image-235.png?resize=341%2C171&#038;ssl=1\" alt=\"\" class=\"wp-image-98816\" width=\"341\" height=\"171\" srcset=\"https:\/\/i0.wp.com\/www.rdpemancipation.org\/wp-content\/uploads\/2022\/09\/image-235.png?resize=1024%2C512&amp;ssl=1 1024w, https:\/\/i0.wp.com\/www.rdpemancipation.org\/wp-content\/uploads\/2022\/09\/image-235.png?resize=300%2C150&amp;ssl=1 300w, https:\/\/i0.wp.com\/www.rdpemancipation.org\/wp-content\/uploads\/2022\/09\/image-235.png?resize=768%2C384&amp;ssl=1 768w, https:\/\/i0.wp.com\/www.rdpemancipation.org\/wp-content\/uploads\/2022\/09\/image-235.png?w=1440&amp;ssl=1 1440w\" sizes=\"auto, (max-width: 341px) 100vw, 341px\" \/><figcaption><sup>LOUIS CANADAS POUR \u00ab M LE MAGAZINE DU MONDE<\/sup><\/figcaption><\/figure>\n<\/div><\/div>\n<\/div>\n\n\n\n<p class=\"has-text-color\" style=\"color:#c60000\"><strong>22 septembre<\/strong><\/p>\n\n\n\n<p><a href=\"https:\/\/www.lemonde.fr\/culture\/article\/2022\/09\/21\/libre-garance-l-engagement-politique-saisi-a-hauteur-d-enfant_6142571_3246.html\">\u00ab&nbsp;Libre Garance&nbsp;!&nbsp;\u00bb&nbsp;: l\u2019engagement politique saisi \u00e0 hauteur d\u2019enfant<\/a> (Le Monde).<\/p>\n\n\n\n<p><a href=\"https:\/\/www.liberation.fr\/culture\/livres\/anne-bonzon-le-cure-fait-la-loi-au-village-20220922_3PFTVYNCGZHJHHHW77ZTQCM4QQ\/\">Quand le cur\u00e9 faisait la loi au village<\/a> (Lib\u00e9ration).<\/p>\n\n\n\n<p><a href=\"https:\/\/www.nonfiction.fr\/article-11437-bourdieu-et-sayad-en-algerie-1958-1964-entretien-avec-amin-perez.htm\">Bourdieu et Sayad en Alg\u00e9rie (1958-1964), entretien avec Am\u00edn P\u00e9rez<\/a> (Nonfiction).<\/p>\n\n\n\n<p><a href=\"https:\/\/www.en-attendant-nadeau.fr\/2022\/09\/21\/retrospective-cabrera-vasquez\/\">Formation : r\u00e9volutionnaire. Vocation : cin\u00e9aste<\/a> (En attendant Nadeau).<\/p>\n\n\n\n<p><a href=\"https:\/\/link.newsletter.franceculture.fr\/m\/surl\/7429\/754136\/Co8btXUWMWCq_50XFqm_Cm9C5lXTLJmivm821gAfcU8=\/link_31\/NrXYcYLXJSOCFCXVEeOmqq0jCi7Cz94mB8njoYbPWIniVXEjL5poCbnoNEbxUg3kSiWFoKPDENWRqb8jThXSBIF8HposJNXruLHFCGmG7MUXUf0VZ4LKkQFjkG92WEurn24WaSKdHAZMSX59djo6SD0ogMVv3aOP42UUH4LiZDkn7jLjGnKNaOhwa7k3Jy+lhpUkVGRtosEq7Xv4QczpiIJQ9tOYCn7fDYE5sBNfw3aRtssbQAMZu12PVPp+4BdJjgVkJpc1fW9xT+litabAGymjRU5xUlsCWz7iKWvhlMX2LOFDFtQ3oKRcyFbCXQJLWbZ5Qy6pQhwpWmkRKoCPza2HTs7Yd+0e29AFPk+6wTbsFFi-WItmc8H7XbncDcpT\" target=\"_blank\" rel=\"noreferrer noopener\">R\u00e9volution mexicaine. Sur les traces de Pancho Villa et d\u2019Emiliano Zapata<\/a> (France culture).<\/p>\n\n\n\n<div class=\"wp-block-columns is-layout-flex wp-container-core-columns-is-layout-9d6595d7 wp-block-columns-is-layout-flex\">\n<div class=\"wp-block-column is-layout-flow wp-block-column-is-layout-flow\" style=\"flex-basis:100%\"><div class=\"wp-block-image\">\n<figure class=\"alignleft size-full is-resized\"><img data-recalc-dims=\"1\" loading=\"lazy\" decoding=\"async\" src=\"https:\/\/i0.wp.com\/www.rdpemancipation.org\/wp-content\/uploads\/2022\/09\/image-225.png?resize=320%2C180&#038;ssl=1\" alt=\"\" class=\"wp-image-98717\" width=\"320\" height=\"180\" srcset=\"https:\/\/i0.wp.com\/www.rdpemancipation.org\/wp-content\/uploads\/2022\/09\/image-225.png?w=560&amp;ssl=1 560w, https:\/\/i0.wp.com\/www.rdpemancipation.org\/wp-content\/uploads\/2022\/09\/image-225.png?resize=300%2C169&amp;ssl=1 300w\" sizes=\"auto, (max-width: 320px) 100vw, 320px\" \/><figcaption><sup>Pancho Villa et ses r\u00e9volutionnaires pendant la r\u00e9volution mexicaine \u00a9Getty &#8211; \u00a9Bettmann<\/sup><\/figcaption><\/figure>\n<\/div><\/div>\n<\/div>\n\n\n\n<p class=\"has-text-color\" style=\"color:#bf0000\"><strong>21 septembre<\/strong><\/p>\n\n\n\n<p><a href=\"https:\/\/www.radiofrance.fr\/franceinter\/podcasts\/musicaline\">Playlist \u00ab\u00a0sobri\u00e9t\u00e9\u00a0\u00bb<\/a> (France inter)<\/p>\n\n\n\n<p><a href=\"https:\/\/www.en-attendant-nadeau.fr\/2022\/09\/21\/archives-societe-esclavagiste-cheney\/\">Archives de la soci\u00e9t\u00e9 esclavagiste<\/a> (En attendant Nadeau).<\/p>\n\n\n\n<p><a href=\"https:\/\/www.nonfiction.fr\/article-11412-un-derrida-inedit-penser-cest-dire-non.htm\">Un Derrida in\u00e9dit : Penser, c&rsquo;est dire non<\/a> (Nonfiction).<\/p>\n\n\n\n<p><a href=\"https:\/\/www.lemonde.fr\/culture\/article\/2022\/09\/17\/a-marseille-les-croisements-identitaires-du-festival-actoral_6142071_3246.html\">A Marseille, les croisements identitaires du festival Actoral<\/a> (Le Monde).<\/p>\n\n\n\n<p><a href=\"https:\/\/www.telerama.fr\/livre\/impunite-le-livre-coup-de-poing-d-helene-devynck-sur-l-affaire-patrick-poivre-d-arvor-7012155.php\">\u201cImpunit\u00e9\u201d, le livre coup de poing  sur l\u2019affaire Patrick Poivre d\u2019Arvor<\/a> (T\u00e9l\u00e9rama).<\/p>\n\n\n\n<p class=\"has-base-3-color has-text-color\">.<\/p>\n\n\n\n<p class=\"has-text-color\" style=\"color:#c80000\"><strong>20 septembre<\/strong><\/p>\n\n\n\n<p><a href=\"https:\/\/www.editionsladecouverte.fr\/theatre_de_l_opprime-9782707152374\">Th\u00e9\u00e2tre de l&rsquo;opprim\u00e9, Augusto Boal<\/a> (Ed La d\u00e9couverte)<\/p>\n\n\n\n<p><a href=\"http:\/\/cestpasduluxe.fr\/programmation-2022\/\">Festival \u00ab\u00a0C&rsquo;est pas du luxe\u00a0\u00bb <\/a>&nbsp;(Avignon, 2022)<\/p>\n\n\n\n<p><a href=\"https:\/\/link.newsletter.franceculture.fr\/m\/surl\/7429\/753739\/FhTlbMsuCJTSyvb6-fcX829C5lXTLJmivm821gAfcU8=\/link_4\/gt+SfIntTZu2PXzyII+25G2eYRVAvtaDEsXND637z9CCYHFasxilKLDdOOxYqzpxdYy50tycdirCG-L9fJneNd6ANBpVWkqHrvcBOobSN0-CCXqfKp8P-qDvisqQWH3Xrn83bqt4X1juU1iOQ1zaW5KgXZJuTuX2RqY6dzF-rD23WppzLgDNeU-YuvHf09yQ2MYnFMxCrH34swJVRMTI9buuvt1VanEIkWTmf4rzei2WPQFSn-dw8SMNI7FcC2iT42rJIcxr4yxicGkpsUru9WnU8DUTCOieIRFf9e12FJ94Hj4I9tN5az25emK+EDNtDPmfvUJ2t8hdM3hE3ulriA==\" target=\"_blank\" rel=\"noreferrer noopener\">Paysans pas contents&nbsp;! Le temps des jacqueries<\/a> (France culture).<\/p>\n\n\n\n<p><a href=\"http:\/\/www.politis.fr\/articles\/2022\/09\/jean-luc-godard-une-bonne-image-vient-dun-long-cheminement-44817\/\">Jean-Luc Godard&nbsp;: \u00ab&nbsp;Une bonne image vient d&rsquo;un long cheminement&nbsp;\u00bb<\/a> (Politis).<\/p>\n\n\n\n<p><a href=\"https:\/\/www.en-attendant-nadeau.fr\/2022\/09\/19\/usages-architecture-de-carlo\/\">Les usages en architecture<\/a> (En attendant Nadeau).<\/p>\n\n\n\n<div class=\"wp-block-columns is-layout-flex wp-container-core-columns-is-layout-9d6595d7 wp-block-columns-is-layout-flex\">\n<div class=\"wp-block-column is-layout-flow wp-block-column-is-layout-flow\" style=\"flex-basis:100%\"><div class=\"wp-block-image\">\n<figure class=\"alignleft size-full is-resized\"><img data-recalc-dims=\"1\" loading=\"lazy\" decoding=\"async\" src=\"https:\/\/i0.wp.com\/www.rdpemancipation.org\/wp-content\/uploads\/2022\/09\/image-202.png?resize=340%2C177&#038;ssl=1\" alt=\"\" class=\"wp-image-98458\" width=\"340\" height=\"177\" srcset=\"https:\/\/i0.wp.com\/www.rdpemancipation.org\/wp-content\/uploads\/2022\/09\/image-202.png?w=750&amp;ssl=1 750w, https:\/\/i0.wp.com\/www.rdpemancipation.org\/wp-content\/uploads\/2022\/09\/image-202.png?resize=300%2C156&amp;ssl=1 300w\" sizes=\"auto, (max-width: 340px) 100vw, 340px\" \/><figcaption><sup>Rampe de l\u2019usine Lingotto de FIAT, \u00e0 Turin, b\u00e2tie par Giacomo Matt\u00e8 Trucco \u00a9 \u00c9ditions Conf\u00e9rence<\/sup><\/figcaption><\/figure>\n<\/div><\/div>\n<\/div>\n\n\n\n<p class=\"has-text-color\" style=\"color:#ce0000\"><strong>16 septembre<\/strong><\/p>\n\n\n\n<p><a href=\"https:\/\/www.nova.fr\/news\/religion-tiken-jah-fakoly-prend-la-parole-198638-15-09-2022\/?fbclid=IwAR0oST-NQ-_SRNZgIUcGZBM1zngP6k--sVRMLrfVWPLY9wE5ux-glQPRvJw\">\u00ab Religion \u00bb de Tiken Jah Fakoly<\/a> (Radio Nova)<\/p>\n\n\n\n<div class=\"wp-block-columns is-layout-flex wp-container-core-columns-is-layout-9d6595d7 wp-block-columns-is-layout-flex\">\n<div class=\"wp-block-column is-layout-flow wp-block-column-is-layout-flow\" style=\"flex-basis:100%\"><div class=\"wp-block-image\">\n<figure class=\"alignleft size-full is-resized\"><img data-recalc-dims=\"1\" loading=\"lazy\" decoding=\"async\" src=\"https:\/\/i0.wp.com\/www.rdpemancipation.org\/wp-content\/uploads\/2022\/09\/image-170.png?resize=362%2C230&#038;ssl=1\" alt=\"\" class=\"wp-image-98148\" width=\"362\" height=\"230\" srcset=\"https:\/\/i0.wp.com\/www.rdpemancipation.org\/wp-content\/uploads\/2022\/09\/image-170.png?w=850&amp;ssl=1 850w, https:\/\/i0.wp.com\/www.rdpemancipation.org\/wp-content\/uploads\/2022\/09\/image-170.png?resize=300%2C191&amp;ssl=1 300w, https:\/\/i0.wp.com\/www.rdpemancipation.org\/wp-content\/uploads\/2022\/09\/image-170.png?resize=768%2C488&amp;ssl=1 768w\" sizes=\"auto, (max-width: 362px) 100vw, 362px\" \/><figcaption><sup>Tiken Jah Fakoly<\/sup><\/figcaption><\/figure>\n<\/div><\/div>\n<\/div>\n\n\n\n<p class=\"has-text-color\" style=\"color:#c40000\"><strong>15 septembre<\/strong><\/p>\n\n\n\n<p><a href=\"https:\/\/www.humanite.fr\/culture-et-savoirs\/litterature\/comment-vivre-heureux-sans-le-pouvoir-763764\">Comment vivre heureux sans le pouvoir<\/a> (L&rsquo;Humanit\u00e9).<\/p>\n\n\n\n<p><a href=\"https:\/\/www.lemonde.fr\/culture\/article\/2022\/09\/14\/arts-mondrian-sous-haute-tension-a-bale_6141636_3246.html\">Arts&nbsp;: Mondrian sous haute tension \u00e0 B\u00e2le<\/a> (Le Monde).<\/p>\n\n\n\n<p><a href=\"https:\/\/www.telerama.fr\/cinema\/godard-en-1984-dans-telerama-c-est-quand-meme-drole-cette-peur-de-voir-7012059.php\">Godard en 1984 dans \u201cT\u00e9l\u00e9rama\u201d&nbsp;: \u201cC\u2019est quand m\u00eame dr\u00f4le, cette peur de voir\u201d<\/a> (T\u00e9l\u00e9rama).<\/p>\n\n\n\n<p><a href=\"https:\/\/www.en-attendant-nadeau.fr\/2022\/09\/14\/ambition-robbe-grillet\/\">Quelle \u00e9tait l\u2019ambition d\u2019Alain Robbe-Grillet ?<\/a> (En attendant Nadeau).<\/p>\n\n\n\n<div class=\"wp-block-columns is-layout-flex wp-container-core-columns-is-layout-9d6595d7 wp-block-columns-is-layout-flex\">\n<div class=\"wp-block-column is-layout-flow wp-block-column-is-layout-flow\" style=\"flex-basis:100%\"><div class=\"wp-block-image\">\n<figure class=\"alignleft size-full is-resized\"><img data-recalc-dims=\"1\" loading=\"lazy\" decoding=\"async\" src=\"https:\/\/i0.wp.com\/www.rdpemancipation.org\/wp-content\/uploads\/2022\/09\/image-161.png?resize=354%2C206&#038;ssl=1\" alt=\"\" class=\"wp-image-98043\" width=\"354\" height=\"206\" srcset=\"https:\/\/i0.wp.com\/www.rdpemancipation.org\/wp-content\/uploads\/2022\/09\/image-161.png?w=600&amp;ssl=1 600w, https:\/\/i0.wp.com\/www.rdpemancipation.org\/wp-content\/uploads\/2022\/09\/image-161.png?resize=300%2C175&amp;ssl=1 300w\" sizes=\"auto, (max-width: 354px) 100vw, 354px\" \/><figcaption><sup>Alain Robbe-Grillet \u00a9 Flammarion<\/sup><\/figcaption><\/figure>\n<\/div><\/div>\n<\/div>\n\n\n\n<p class=\"has-text-color\" style=\"color:#bb0000\"><strong>14 septembre<\/strong><\/p>\n\n\n\n<p><a href=\"https:\/\/www.theatredeshalles.com\/pieces\/festival-cest-pas-du-luxe\/\">Avignon, l&rsquo;autre festival<\/a> (Festival \u00ab&nbsp;C\u2019est pas du luxe&nbsp;\u00bb)<\/p>\n\n\n\n<p><a href=\"https:\/\/newsletter.liberation.fr\/m\/surl\/200138\/518866\/fKHWtT_EwHkcBoxhdLTKlHFKF-B12viezBEiZxMr5xU=\/link_25\/fr6HdGOLGOQYIdYhnm98Xfqh3ce8hi2jzQYnf9pmoN5jkODreTwxLk-XvdLgOjhPOmyoHj6mftp8jC3VFzxyLsc4Rllu-RT0gIRsiw4vpMxiPStdLfeqMfGwOym60qZYc4EVghTiN7BQcpdMSeymFC9H0-XgnZCbBnyO+Cv9v-KhVbz8LzG6meCvFxDM9FwNiXeJ3isiRqfnCR8k2VOMM0ogfSoWFpMWJxsSHGkthNvV+hKScqADCKwMzMhm4hd39LEz3aLRL8FWGNc+OqLMB21TWkBN2wG6P1hoateoKbjvBR2ht7bja+1XshCeFLIIBK2bpZyXzaWJ-ds61r4eetUXUAq4X-cDoUg7+7+3xo84gG7zhvCdVLjuG3k1fRxbv2tL5mvD2x6kWn-UmmqZFg==\">Quand \u00abLib\u00e9\u00bb rencontrait Jean-Luc Godard<\/a> (Lib\u00e9ration).<\/p>\n\n\n\n<p><a href=\"https:\/\/www.humanite.fr\/culture-et-savoirs\/jean-luc-godard\/cinema-jean-luc-godard-en-huit-films-emblematiques-763426\">Cin\u00e9ma. Jean-Luc Godard, en huit films embl\u00e9matiques<\/a> (L&rsquo;Humanit\u00e9).<\/p>\n\n\n\n<p><a href=\"https:\/\/www.monde-diplomatique.fr\/2007\/08\/SCARPETTA\/15011\">Jean-Luc Godard, l\u2019insurg\u00e9<\/a> (Le Monde diplomatique).<\/p>\n\n\n\n<p><a href=\"https:\/\/www.telerama.fr\/cinema\/jean-luc-godard-en-2000-la-nouvelle-vague-c-etait-l-ivresse-du-possible-7012048.php\">Jean-Luc Godard en 2000&nbsp;: \u201cLa Nouvelle Vague, c\u2019\u00e9tait l\u2019ivresse du possible\u201d<\/a> (T\u00e9l\u00e9rama)<\/p>\n\n\n\n<p><a href=\"https:\/\/link.newsletter.franceculture.fr\/m\/surl\/7429\/752556\/JNHpQhCwJIQPS_AE8H76gm9C5lXTLJmivm821gAfcU8=\/link_4\/gEzvONpAq-WFrHi1PPAbv06R1rcR-Fa5udauHstPnFcgRdAF9U1WEGtM72QV4OfmCl9Hs3814sLCVmcNlG1T6aCYWK-deXpigZsuLsd9qeZXdMjOJKtQ+gVwTTLp96XvKY5MdCzBTDFE51z7O4dL7HqmW56WG-r-cMUtWcqYfDKlxWYgDN2JoyIwqC3BI9XTLuTV2f2wH-A8G2bwOqgPnCpqMi5yPVQotixYjMim0e893hlLBT83+k9OkLlzXPMEwsC+T1tEU-AGDvv0+MgjjfGGFh0eKVT-5mwXh-XYqsswyWv9mqzHI3n7j-yz05+lO3qTUS1UTIJURXPXt3Pmww==\" target=\"_blank\" rel=\"noreferrer noopener\">Jean-Luc Godard est mort : g\u00e9ant, provocateur et prolifique cr\u00e9ateur <\/a>(France culture).<\/p>\n\n\n\n<div class=\"wp-block-columns is-layout-flex wp-container-core-columns-is-layout-9d6595d7 wp-block-columns-is-layout-flex\">\n<div class=\"wp-block-column is-layout-flow wp-block-column-is-layout-flow\" style=\"flex-basis:100%\"><div class=\"wp-block-image\">\n<figure class=\"alignleft size-full is-resized\"><img data-recalc-dims=\"1\" loading=\"lazy\" decoding=\"async\" src=\"https:\/\/i0.wp.com\/www.rdpemancipation.org\/wp-content\/uploads\/2022\/09\/image-141.png?resize=335%2C188&#038;ssl=1\" alt=\"\" class=\"wp-image-97878\" width=\"335\" height=\"188\" srcset=\"https:\/\/i0.wp.com\/www.rdpemancipation.org\/wp-content\/uploads\/2022\/09\/image-141.png?w=870&amp;ssl=1 870w, https:\/\/i0.wp.com\/www.rdpemancipation.org\/wp-content\/uploads\/2022\/09\/image-141.png?resize=300%2C169&amp;ssl=1 300w, https:\/\/i0.wp.com\/www.rdpemancipation.org\/wp-content\/uploads\/2022\/09\/image-141.png?resize=768%2C432&amp;ssl=1 768w\" sizes=\"auto, (max-width: 335px) 100vw, 335px\" \/><figcaption><sup>Jean-luc Godard, en 1963. \u00a9 Getty &#8211; Ullstein bild<\/sup><\/figcaption><\/figure>\n<\/div><\/div>\n<\/div>\n\n\n\n<p class=\"has-text-color\" style=\"color:#b90000\"><strong>13 septembre<\/strong><\/p>\n\n\n\n<p><a href=\"https:\/\/www.lemonde.fr\/disparitions\/article\/2022\/09\/13\/le-realisateur-jean-luc-godard-est-mort_6141379_3382.html\">Le r\u00e9alisateur Jean-Luc Godard est mort<\/a>&nbsp;(Le monde)<\/p>\n\n\n\n<p><a href=\"https:\/\/www.humanite.fr\/culture-et-savoirs\/photographie\/william-klein-genie-de-la-photo-coup-de-poing-763398\">William Klein, g\u00e9nie de la photo coup de poing<\/a> (L&rsquo;Humanit\u00e9).<\/p>\n\n\n\n<p><a href=\"https:\/\/www.monde-diplomatique.fr\/2022\/09\/PATAUD_CELERIER\/65032\">Villes et obsolescence programm\u00e9e<\/a> (Le Monde diplomatique).<\/p>\n\n\n\n<p><a href=\"https:\/\/www.lemonde.fr\/televisions-radio\/article\/2022\/09\/13\/emmy-awards-2022-ted-lasso-a-nouveau-couronnee-the-white-lotus-triomphe-succession-resiste-a-squid-game_6141346_1655027.html\">Emmy Awards 2022&nbsp;<\/a>(Le Monde).<\/p>\n\n\n\n<p><a href=\"https:\/\/www.en-attendant-nadeau.fr\/2022\/09\/12\/changer-vie-1989-seiler\/\">Changer de vie en 1989<\/a> (En attendant Nadeau).<\/p>\n\n\n\n<p><a href=\"https:\/\/link.newsletter.franceculture.fr\/m\/surl\/7429\/752366\/J1VrQOnMU28siW2CxXAdQm9C5lXTLJmivm821gAfcU8=\/link_31\/9K-4H1zowhkqjV8u1kE-M7krpVfdP6fom4tehKZH4Xy0fkFlAIVPcFHcxIM9hmyMRdx2qHiQrkoj1i4FV2EkxFqupdLH4AQrn7g2Y0Rr3F+dqIvZ2k-HAAgzclmjdXrN20BOFW2EVv85EJhPxSx0g+Ndkxo1GculemgXdyUoWSFhxSyvJvBjECWJXqRC7k3QdDKkvtgjBgUfC24VZIFMdq2Jplt3WGAM6LjkQNQBBImVQI1W9WPii6IShAqzOhoy6S1CtF4r198I5jNCOY9gyjnlIT1VdDoePaqq9S+EzBalp8OX7yJnnP79Y+ENDjqeqW2JX3Jm7aKpPZ3vYmMCsA==\" target=\"_blank\" rel=\"noreferrer noopener\">Kad Merad, citoyen d\u2019honneur du cin\u00e9ma fran\u00e7ais<\/a> (France culture).<\/p>\n\n\n\n<div class=\"wp-block-columns is-layout-flex wp-container-core-columns-is-layout-9d6595d7 wp-block-columns-is-layout-flex\">\n<div class=\"wp-block-column is-layout-flow wp-block-column-is-layout-flow\" style=\"flex-basis:100%\"><div class=\"wp-block-image\">\n<figure class=\"alignleft size-full is-resized\"><img data-recalc-dims=\"1\" loading=\"lazy\" decoding=\"async\" src=\"https:\/\/i0.wp.com\/www.rdpemancipation.org\/wp-content\/uploads\/2022\/09\/image-127.png?resize=345%2C194&#038;ssl=1\" alt=\"\" class=\"wp-image-97751\" width=\"345\" height=\"194\" srcset=\"https:\/\/i0.wp.com\/www.rdpemancipation.org\/wp-content\/uploads\/2022\/09\/image-127.png?w=560&amp;ssl=1 560w, https:\/\/i0.wp.com\/www.rdpemancipation.org\/wp-content\/uploads\/2022\/09\/image-127.png?resize=300%2C169&amp;ssl=1 300w\" sizes=\"auto, (max-width: 345px) 100vw, 345px\" \/><figcaption><sup>Kad Merad (\u00ab\u00a0Citoyen d&rsquo;honneur\u00a0\u00bb de Mohamed Hamidi, 2022) &#8211; 2021-AXEL FILMS PRODUCTION-APOLLO FILMS-C8-JANINE FILMS Stars Kad Merad via allocine<\/sup><\/figcaption><\/figure>\n<\/div><\/div>\n<\/div>\n\n\n\n<p class=\"has-text-color\" style=\"color:#c10000\"><strong>12 septembre<\/strong><\/p>\n\n\n\n<p><a href=\"https:\/\/www.lemonde.fr\/disparitions\/article\/2022\/09\/11\/l-ecrivain-espagnol-javier-marias-est-mort_6141161_3382.html\">L\u2019\u00e9crivain espagnol Javier Marias est mort<\/a> (Le Monde).<\/p>\n\n\n\n<p><a href=\"https:\/\/www.causette.fr\/culture\/livres\/sarah-jollien-fardel-prix-du-roman-fnac-jai-une-empathie-particuliere-pour-les-personnes-empechees\">Sarah Jollien-Fardel, Prix du Roman Fnac&nbsp;<\/a>(Causette).<\/p>\n\n\n\n<p><a href=\"https:\/\/www.liberation.fr\/culture\/musique\/horace-tapscott-jazz-band-a-part-20220912_ZCU2AOLMJNEA5J3BGE7FVA3H2U\/\">Horace Tapscott, jazz-band \u00e0 part<\/a> (Lib\u00e9ration).<\/p>\n\n\n\n<p><a href=\"https:\/\/www.telerama.fr\/ecrans\/emmy-awards-2022-nos-pronostics-et-nos-favoris-7012015.php\">Emmy Awards 2022&nbsp;: nos pronostics et nos favoris<\/a> (T\u00e9l\u00e9rama).<\/p>\n\n\n\n<div class=\"wp-block-columns is-layout-flex wp-container-core-columns-is-layout-9d6595d7 wp-block-columns-is-layout-flex\">\n<div class=\"wp-block-column is-layout-flow wp-block-column-is-layout-flow\" style=\"flex-basis:100%\"><div class=\"wp-block-image\">\n<figure class=\"alignleft size-large is-resized\"><img data-recalc-dims=\"1\" loading=\"lazy\" decoding=\"async\" src=\"https:\/\/i0.wp.com\/www.rdpemancipation.org\/wp-content\/uploads\/2022\/09\/image-110.png?resize=333%2C220&#038;ssl=1\" alt=\"\" class=\"wp-image-97621\" width=\"333\" height=\"220\"\/><figcaption><sup>\u00ab&nbsp;Severance&nbsp;\u00bb, une s\u00e9rie nomm\u00e9e dans de nombreuses cat\u00e9gories. Photo Wilson Webb\/Apple TV+\/Endeavor Content\/Red Hour Films<\/sup><\/figcaption><\/figure>\n<\/div><\/div>\n<\/div>\n\n\n\n<p class=\"has-text-color\" style=\"color:#b90000\"><strong>11 septembre<\/strong><\/p>\n\n\n\n<p><a href=\"https:\/\/www.telerama.fr\/musique\/pitchfork-fiesta-des-suds-les-femmes-s-en-melent-les-festivals-musicaux-a-ne-pas-rater-cet-automne-7011994.php\">Les festivals musicaux \u00e0 ne pas rater cet automne<\/a> (T\u00e9l\u00e9rama).<\/p>\n\n\n\n<p><a href=\"https:\/\/lanticapitaliste.org\/opinions\/culture\/leila-et-ses-freres-de-saeed-roustaee\">Leila et ses fr\u00e8res, de Saeed Roustaee<\/a> (L&rsquo;Anticapitaliste).<\/p>\n\n\n\n<p><a href=\"https:\/\/www.humanite.fr\/culture-et-savoirs\/fete-de-l-humanite-2022\/le-reggae-de-danakil-va-embraser-la-scene-josephine-baker-763095\">Le reggae de Danakil va embraser la sc\u00e8ne Jos\u00e9phine Baker<\/a> (L&rsquo;Humanit\u00e9).<\/p>\n\n\n\n<p><a href=\"https:\/\/www.lemonde.fr\/culture\/article\/2022\/09\/10\/mostra-de-venise-le-lion-d-or-decerne-au-documentaire-de-laura-poitras-sur-la-crise-des-opiaces-aux-etats-unis_6141095_3246.html\">Mostra &nbsp;: le Lion d\u2019or d\u00e9cern\u00e9 au documentaire de Laura Poitras <\/a>(Le Monde).<\/p>\n\n\n\n<div class=\"wp-block-columns is-layout-flex wp-container-core-columns-is-layout-9d6595d7 wp-block-columns-is-layout-flex\">\n<div class=\"wp-block-column is-layout-flow wp-block-column-is-layout-flow\" style=\"flex-basis:100%\"><div class=\"wp-block-image\">\n<figure class=\"alignleft size-full is-resized\"><img data-recalc-dims=\"1\" loading=\"lazy\" decoding=\"async\" src=\"https:\/\/i0.wp.com\/www.rdpemancipation.org\/wp-content\/uploads\/2022\/09\/image-107.png?resize=342%2C228&#038;ssl=1\" alt=\"\" class=\"wp-image-97556\" width=\"342\" height=\"228\" srcset=\"https:\/\/i0.wp.com\/www.rdpemancipation.org\/wp-content\/uploads\/2022\/09\/image-107.png?w=664&amp;ssl=1 664w, https:\/\/i0.wp.com\/www.rdpemancipation.org\/wp-content\/uploads\/2022\/09\/image-107.png?resize=300%2C200&amp;ssl=1 300w\" sizes=\"auto, (max-width: 342px) 100vw, 342px\" \/><figcaption><sup> Laura Poitras a remport\u00e9 samedi le Lion d\u2019or de la Mostra . DOMENICO STINELLIS \/ AP<\/sup><\/figcaption><\/figure>\n<\/div><\/div>\n<\/div>\n\n\n\n<p class=\"has-text-color\" style=\"color:#b90000\"><strong>10 septembre<\/strong><\/p>\n\n\n\n<p><a href=\"https:\/\/www.nonfiction.fr\/article-11401-regarder-differemment-le-cinema.htm\">Regarder diff\u00e9remment le cin\u00e9ma<\/a> (Nonfiction).<\/p>\n\n\n\n<p><a href=\"https:\/\/www.terrestres.org\/2022\/09\/09\/monocultures-de-lesprit\/\">Monocultures de l\u2019esprit<\/a> (Terrestres).<\/p>\n\n\n\n<p><a href=\"https:\/\/www.lemonde.fr\/culture\/article\/2022\/09\/09\/pour-la-rentree-le-ballet-de-l-opera-de-lyon-sort-le-grand-jeu_6140898_3246.html\">Pour la rentr\u00e9e, le Ballet de l\u2019Op\u00e9ra de Lyon sort le grand jeu<\/a> (Le Monde).<\/p>\n\n\n\n<p><a href=\"https:\/\/www.humanite.fr\/culture-et-savoirs\/cinema\/festival-international-de-nancy-quand-le-cinema-explore-ce-temps-762995\">Festival international de Nancy&nbsp;: quand le cin\u00e9ma explore ce temps.<\/a> (L&rsquo;Humanit\u00e9).<\/p>\n\n\n\n<p><a href=\"https:\/\/www.telerama.fr\/cinema\/sorties-cinema-revoir-paris-rodeo-les-films-a-voir-cette-semaine-7011982.php\">Sorties cin\u00e9ma&nbsp;: \u201cRevoir Paris\u201d, \u201cRod\u00e9o\u201d\u2026 Les films \u00e0 voir cette semaine<\/a> (T\u00e9l\u00e9rama).<\/p>\n\n\n\n<div class=\"wp-block-columns is-layout-flex wp-container-core-columns-is-layout-9d6595d7 wp-block-columns-is-layout-flex\">\n<div class=\"wp-block-column is-layout-flow wp-block-column-is-layout-flow\" style=\"flex-basis:100%\"><div class=\"wp-block-image\">\n<figure class=\"alignleft size-large is-resized\"><img data-recalc-dims=\"1\" loading=\"lazy\" decoding=\"async\" src=\"https:\/\/i0.wp.com\/www.rdpemancipation.org\/wp-content\/uploads\/2022\/09\/image-95.png?resize=344%2C193&#038;ssl=1\" alt=\"\" class=\"wp-image-97456\" width=\"344\" height=\"193\" srcset=\"https:\/\/i0.wp.com\/www.rdpemancipation.org\/wp-content\/uploads\/2022\/09\/image-95.png?resize=1024%2C578&amp;ssl=1 1024w, https:\/\/i0.wp.com\/www.rdpemancipation.org\/wp-content\/uploads\/2022\/09\/image-95.png?resize=300%2C169&amp;ssl=1 300w, https:\/\/i0.wp.com\/www.rdpemancipation.org\/wp-content\/uploads\/2022\/09\/image-95.png?resize=768%2C433&amp;ssl=1 768w, https:\/\/i0.wp.com\/www.rdpemancipation.org\/wp-content\/uploads\/2022\/09\/image-95.png?w=1200&amp;ssl=1 1200w\" sizes=\"auto, (max-width: 344px) 100vw, 344px\" \/><figcaption><sup>Formidable Julie Ledru dans \u00ab&nbsp;Rod\u00e9o&nbsp;\u00bb de Lola Quivoron. Les Films du Losange<\/sup><\/figcaption><\/figure>\n<\/div><\/div>\n<\/div>\n\n\n\n<p class=\"has-text-color\" style=\"color:#bc0000\"><strong>9 septembre<\/strong><\/p>\n\n\n\n<p><a href=\"https:\/\/www.nonfiction.fr\/article-11404-temoignage-sur-la-chute-de-lurss.htm\">T\u00e9moignage sur la chute de l&rsquo;URSS<\/a> (Nonfiction).<\/p>\n\n\n\n<p><a href=\"https:\/\/www.liberation.fr\/culture\/cinema\/a-la-mostra-venise-au-bord-de-la-mere-20220908_AZXCXL6UIRFH5LLZSSLLWE3PCU\/\">A la Mostra, Venise au bord de la m\u00e8re<\/a> (Lib\u00e9ration).<\/p>\n\n\n\n<p><a href=\"https:\/\/www.humanite.fr\/culture-et-savoirs\/fete-de-l-humanite-2022\/ma-fete-ce-parfum-du-courage-762881\">Ma f\u00eate, ce parfum du courage<\/a> (L&rsquo;Humanit\u00e9).<\/p>\n\n\n\n<p class=\"has-base-3-color has-text-color\">.<\/p>\n\n\n\n<p class=\"has-text-color\" style=\"color:#b60000\"><strong>8 septembre<\/strong><\/p>\n\n\n\n<p><a href=\"https:\/\/www.humanite.fr\/culture-et-savoirs\/litterature\/l-eternel-retour-du-changement-762834\">L\u2019\u00e9ternel retour du changement<\/a> (L&rsquo;Humanit\u00e9).<\/p>\n\n\n\n<p><a href=\"https:\/\/www.telerama.fr\/ecrans\/alors-ca-donne-quoi-la-grande-librairie-version-augustin-trapenard-7011944.php\">Alors, \u00e7a donne quoi \u201cLa grande librairie\u201d&nbsp;version Augustin Trapenard&nbsp;?<\/a> (T\u00e9l\u00e9rama).<\/p>\n\n\n\n<p><a href=\"https:\/\/www.lemonde.fr\/culture\/article\/2022\/09\/07\/la-villa-sur-arte-des-retrouvailles-a-l-ombre-de-la-mort_6140617_3246.html\">\u00ab&nbsp;La Villa&nbsp;\u00bb, sur Arte&nbsp;: des retrouvailles \u00e0 l\u2019ombre de la mort<\/a> (Le Monde).<\/p>\n\n\n\n<div class=\"wp-block-columns is-layout-flex wp-container-core-columns-is-layout-9d6595d7 wp-block-columns-is-layout-flex\">\n<div class=\"wp-block-column is-layout-flow wp-block-column-is-layout-flow\" style=\"flex-basis:100%\">\n<div class=\"wp-block-columns is-layout-flex wp-container-core-columns-is-layout-9d6595d7 wp-block-columns-is-layout-flex\">\n<div class=\"wp-block-column is-layout-flow wp-block-column-is-layout-flow\" style=\"flex-basis:100%\"><div class=\"wp-block-image\">\n<figure class=\"alignleft size-full is-resized\"><img data-recalc-dims=\"1\" loading=\"lazy\" decoding=\"async\" src=\"https:\/\/i0.wp.com\/www.rdpemancipation.org\/wp-content\/uploads\/2022\/09\/image-76.png?resize=336%2C224&#038;ssl=1\" alt=\"\" class=\"wp-image-97266\" width=\"336\" height=\"224\" srcset=\"https:\/\/i0.wp.com\/www.rdpemancipation.org\/wp-content\/uploads\/2022\/09\/image-76.png?w=664&amp;ssl=1 664w, https:\/\/i0.wp.com\/www.rdpemancipation.org\/wp-content\/uploads\/2022\/09\/image-76.png?resize=300%2C200&amp;ssl=1 300w\" sizes=\"auto, (max-width: 336px) 100vw, 336px\" \/><figcaption><sup>Ariane Ascaride et Jean-Pierre Darroussin dans \u00ab&nbsp;La Villa&nbsp;\u00bb (2017), de Robert Gu\u00e9diguian. DIAPHANA FILMS<\/sup><\/figcaption><\/figure>\n<\/div><\/div>\n<\/div>\n<\/div>\n<\/div>\n\n\n\n<p class=\"has-text-color\" style=\"color:#b50000\"><strong>7 septembre<\/strong><\/p>\n\n\n\n<p><a href=\"https:\/\/link.newsletter.franceculture.fr\/m\/surl\/7429\/751193\/isBrUUua6u8BSxFIrFeHJW9C5lXTLJmivm821gAfcU8=\/link_31\/B4kRji6mKCBN0aiZxOXCoT-gi0iOGDfDjEUCkLTUSjFJrHfZrOTF3+kIGCC8+itH3bcZ0MIORyHWbWea2I4GGjWzXnaUayB9d8Sno6kw+hmJpX3sDXugXvhubBkswTVx-2XVRswX4yNxzRS2WJ8Qn4h7jjqESd5IL7+2n-8F6Cgp6i8LChBtmKL1t3CVoBeJ4xgxxToDKhUUr8a8g4vkaFUMZgA-fhUwZq+QRxIROHExPHT9e3ilLcMSUidyp5nM2aQROW2zaJm5zbC1jDWlSPhc0Fdx3kn+nOLQYBmMrAo3PL6y0iWppOwKwwXLpF6g\">H\u00e9ritons-nous ou m\u00e9ritons-nous&nbsp;?<\/a> (France culture).<\/p>\n\n\n\n<p><a href=\"https:\/\/www.en-attendant-nadeau.fr\/2022\/09\/07\/sabolo-action-directe\/\">L\u2019action indirecte d\u2019Action directe<\/a> (En attendant Nadeau).<\/p>\n\n\n\n<p><a href=\"https:\/\/doublemarge.com\/avez-vous-vu-sans-signe-particulier-de-fernanda-valadez\/\">Avez-vous vu Sans signe particulier de Fernanda Valadez ?<\/a> (Double marge).<\/p>\n\n\n\n<p><a href=\"https:\/\/www.nonfiction.fr\/article-11391-aristote-peut-il-etre-un-modele-pour-la-philosophie.htm\">Aristote peut-il \u00eatre un mod\u00e8le pour la philosophie ?<\/a> (Nonfiction).<\/p>\n\n\n\n<p><a href=\"https:\/\/www.liberation.fr\/culture\/cinema\/douglas-sirk-une-retro-qui-melo-a-la-bouche-20220906_JZJB4WXLNJEF7NV2UJI5J4I6QI\/\">Douglas Sirk, une r\u00e9tro qui m\u00e9lo \u00e0 la bouche<\/a> (Lib\u00e9ration).<\/p>\n\n\n\n<div class=\"wp-block-columns is-layout-flex wp-container-core-columns-is-layout-9d6595d7 wp-block-columns-is-layout-flex\">\n<div class=\"wp-block-column is-layout-flow wp-block-column-is-layout-flow\" style=\"flex-basis:100%\"><div class=\"wp-block-image\">\n<figure class=\"alignleft size-full is-resized\"><img data-recalc-dims=\"1\" loading=\"lazy\" decoding=\"async\" src=\"https:\/\/i0.wp.com\/www.rdpemancipation.org\/wp-content\/uploads\/2022\/09\/image-64.png?resize=331%2C222&#038;ssl=1\" alt=\"\" class=\"wp-image-97153\" width=\"331\" height=\"222\" srcset=\"https:\/\/i0.wp.com\/www.rdpemancipation.org\/wp-content\/uploads\/2022\/09\/image-64.png?w=800&amp;ssl=1 800w, https:\/\/i0.wp.com\/www.rdpemancipation.org\/wp-content\/uploads\/2022\/09\/image-64.png?resize=300%2C201&amp;ssl=1 300w, https:\/\/i0.wp.com\/www.rdpemancipation.org\/wp-content\/uploads\/2022\/09\/image-64.png?resize=768%2C515&amp;ssl=1 768w\" sizes=\"auto, (max-width: 331px) 100vw, 331px\" \/><figcaption><sup>Douglas Sirk en 1982. (ullstein bild Dtl.\/ullstein bild via Getty Images)<\/sup><\/figcaption><\/figure>\n<\/div><\/div>\n<\/div>\n\n\n\n<p><strong><mark style=\"background-color:rgba(0, 0, 0, 0);color:#ce2222\" class=\"has-inline-color\">6 septembre<\/mark><\/strong><\/p>\n\n\n\n<p><a href=\"https:\/\/juste-milieu.fr\/la-critique-de-lanomalie-de-herve-le-tellier-goncourt-2020\/\">\u2019\u2019La critique de l\u2019anomalie\u2019\u2019 de Herv\u00e9 le Tellier, Goncourt 2020<\/a> (Juste Culture)<\/p>\n\n\n\n<p><a href=\"https:\/\/philomag.us1.list-manage.com\/track\/click?u=9ced9dd26136c4dca283a094c&amp;id=fb36f47bbf&amp;e=349694211b\">Dolmens, menhirs, cromlechs\u2026 Pourquoi nos anc\u00eatres \u00e9rigeaient-ils des roches monumentales&nbsp;?<\/a> (Philomag)<\/p>\n\n\n\n<p><a href=\"https:\/\/theconversationfrance.cmail20.com\/t\/r-l-tjljiriy-bjlyhluhtr-n\/\">Un Wiktionnaire s\u00e9mantique pour les sciences humaines et sociales<\/a> (The Conversation)<\/p>\n\n\n\n<p class=\"has-base-3-color has-text-color\">.<\/p>\n\n\n\n<p><strong><mark style=\"background-color:rgba(0, 0, 0, 0);color:#ce2222\" class=\"has-inline-color\">5 septembre<\/mark><\/strong><\/p>\n\n\n\n<p><a href=\"https:\/\/www.nonfiction.fr\/article-11408-lhumanite-face-au-spectre-de-sa-propre-fin.htm\">L\u2019humanit\u00e9 face au spectre de sa propre fin<\/a> (Nonfiction).<\/p>\n\n\n\n<p><a href=\"https:\/\/france3-regions.francetvinfo.fr\/grand-est\/meurthe-et-moselle\/nancy\/l-ancien-juge-gilbert-thiel-publie-faites-entrer-l-acquitte-la-justice-n-est-pas-une-science-exacte-2606356.html?utm_source=actus_lilo\"> L\u2019ancien juge Gilbert Thiel publie\u2019\u2019Faites entrer l\u2019acquitt\u00e9\u2019\u2019<\/a> (France3R\u00e9gions)<\/p>\n\n\n\n<p><a href=\"https:\/\/www.contretemps.eu\/fascisme-gramsci-podcast-palheta-douet\/\">Comprendre et combattre le fascisme avec Gramsci [Podcast]<\/a> (Contretemps).<\/p>\n\n\n\n<p><a href=\"https:\/\/www.humanite.fr\/culture-et-savoirs\/musique\/rencontre-avec-le-groupe-catastrophe-en-concert-la-fete-de-l-humanite-762230\">Rencontre avec le groupe Catastrophe, en concert \u00e0 la F\u00eate de l&rsquo;Humanit\u00e9<\/a> (L&rsquo;Humanit\u00e9).<\/p>\n\n\n\n<p><a href=\"https:\/\/www.telerama.fr\/ecrans\/once-upon-a-time-in-hollywood-de-tarantino-le-jeu-des-sept-ressemblances-7011896.php\">\u201cOnce Upon a Time\u2026 in Hollywood\u201d, de Tarantino, le jeu des sept ressemblances<\/a> (T\u00e9l\u00e9rama).<\/p>\n\n\n\n<div class=\"wp-block-columns is-layout-flex wp-container-core-columns-is-layout-9d6595d7 wp-block-columns-is-layout-flex\">\n<div class=\"wp-block-column is-layout-flow wp-block-column-is-layout-flow\" style=\"flex-basis:100%\"><div class=\"wp-block-image\">\n<figure class=\"alignleft size-large is-resized\"><img data-recalc-dims=\"1\" loading=\"lazy\" decoding=\"async\" src=\"https:\/\/i0.wp.com\/www.rdpemancipation.org\/wp-content\/uploads\/2022\/09\/image-43.png?resize=341%2C389&#038;ssl=1\" alt=\"\" class=\"wp-image-96943\" width=\"341\" height=\"389\" srcset=\"https:\/\/i0.wp.com\/www.rdpemancipation.org\/wp-content\/uploads\/2022\/09\/image-43.png?resize=896%2C1024&amp;ssl=1 896w, https:\/\/i0.wp.com\/www.rdpemancipation.org\/wp-content\/uploads\/2022\/09\/image-43.png?resize=263%2C300&amp;ssl=1 263w, https:\/\/i0.wp.com\/www.rdpemancipation.org\/wp-content\/uploads\/2022\/09\/image-43.png?resize=768%2C877&amp;ssl=1 768w, https:\/\/i0.wp.com\/www.rdpemancipation.org\/wp-content\/uploads\/2022\/09\/image-43.png?w=1200&amp;ssl=1 1200w\" sizes=\"auto, (max-width: 341px) 100vw, 341px\" \/><figcaption><sup>Le cascadeur d\u00e9bonnaire  et l\u2019acteur en crise  <br>Sony Pictures Entertainment &#8211; Heyday Films &#8211; Visiona Romantica<\/sup><\/figcaption><\/figure>\n<\/div><\/div>\n<\/div>\n\n\n\n<p class=\"has-text-color\" style=\"color:#b90000\"><strong>4 septembre<\/strong><\/p>\n\n\n\n<p><a href=\"https:\/\/www.lemonde.fr\/m-le-mag\/article\/2022\/09\/04\/en-savoie-la-vallee-de-la-tarentaise-tout-schuss-sur-le-street-art_6140137_4500055.html\">En Savoie, la vall\u00e9e de la Tarentaise tout schuss sur le street art<\/a> (Le Monde).<\/p>\n\n\n\n<p><a href=\"https:\/\/www.en-attendant-nadeau.fr\/2022\/09\/03\/livre-magie-mann-toibin\/\">Un livre de magie<\/a> (En attendant Nadeau).<\/p>\n\n\n\n<p><a href=\"https:\/\/public-api.wordpress.com\/bar\/?stat=groovemails-events&amp;bin=wpcom_email_click&amp;redirect_to=https%3A%2F%2Fentreleslignesentrelesmots.wordpress.com%2F2022%2F08%2F31%2Fdes-enregistrements-en-2022%2F&amp;sr=1&amp;signature=321ce7898c1ab4551f87493cec97ac3c&amp;user=0ff88261f2c135c936be37d66e379a6f&amp;_e=eyJlcnJvciI6bnVsbCwiYmxvZ19pZCI6MTI3ODU0NDgsImJsb2dfbGFuZyI6ImZyLUZSIiwic2l0ZV9pZF9sYWJlbCI6IndwY29tIiwiX3VpIjoiMGZmODgyNjFmMmMxMzVjOTM2YmUzN2Q2NmUzNzlhNmYiLCJfdXQiOiJhbm9uIiwiZW1haWxfZG9tYWluIjoieWFob28uY29tIiwicG9zdF9pZCI6NjMwMTIsImRhdGVfc2VudCI6IjIwMjItMDgtMzEiLCJlbWFpbF9pZCI6IjA4ZmU0OTQ2NWNhZTkzOTczOGE2NDdlNmI3ZmQ2YjIxIiwiZW1haWxfbmFtZSI6Im5ldy1wb3N0IiwidGVtcGxhdGUiOiJuZXctcG9zdCIsImxpbmtfZGVzYyI6InBvc3QtdXJsIiwiYW5jaG9yX3RleHQiOiI8c3Ryb25nPkRlcyBlbnJlZ2lzdHJlbWVudHMgZW5cdTAwYTAyMDIyPFwvc3Ryb25nPiIsIl9kciI6bnVsbCwiX2RsIjoiXC93cC1jcm9uLnBocD9kb2luZ193cF9jcm9uPTE2NjE5NTYyMTMuOTgwNTkwMTA1MDU2NzYyNjk1MzEyNSIsIl9lbiI6IndwY29tX2VtYWlsX2NsaWNrIiwiX3RzIjoxNjYxOTU2MzI3MjU1LCJicm93c2VyX3R5cGUiOiJwaHAtYWdlbnQiLCJfYXVhIjoid3Bjb20tdHJhY2tzLWNsaWVudC12MC4zIiwiX3VsIjpudWxsLCJibG9nX3R6IjoiMCIsInVzZXJfbGFuZyI6bnVsbH0&amp;_z=z\" target=\"_blank\" rel=\"noreferrer noopener\">Des enregistrements en&nbsp;2022<\/a> (Entre les lignes entre les mots).<\/p>\n\n\n\n<p><a href=\"https:\/\/www.liberation.fr\/culture\/bd\/antoine-cosse-plus-on-avance-en-bd-plus-on-va-a-lessentiel-20220903_7O2CX4OFWZCHNP5JF3VBBD35LQ\/\">Antoine Coss\u00e9: \u00abPlus on avance en BD, plus on va \u00e0 l\u2019essentiel\u00bb<\/a> (Lib\u00e9ration).<\/p>\n\n\n\n<p><a href=\"https:\/\/www.monde-diplomatique.fr\/2022\/09\/MINGALON\/65029\">Ailleurs qu\u2019\u00e0 Bollywood<\/a> (Le Monde diplomatique).<\/p>\n\n\n\n<div class=\"wp-block-columns is-layout-flex wp-container-core-columns-is-layout-9d6595d7 wp-block-columns-is-layout-flex\">\n<div class=\"wp-block-column is-layout-flow wp-block-column-is-layout-flow\" style=\"flex-basis:100%\"><div class=\"wp-block-image\">\n<figure class=\"alignleft size-full is-resized\"><img data-recalc-dims=\"1\" loading=\"lazy\" decoding=\"async\" src=\"https:\/\/i0.wp.com\/www.rdpemancipation.org\/wp-content\/uploads\/2022\/09\/image-34.png?resize=339%2C190&#038;ssl=1\" alt=\"\" class=\"wp-image-96833\" width=\"339\" height=\"190\" srcset=\"https:\/\/i0.wp.com\/www.rdpemancipation.org\/wp-content\/uploads\/2022\/09\/image-34.png?w=890&amp;ssl=1 890w, https:\/\/i0.wp.com\/www.rdpemancipation.org\/wp-content\/uploads\/2022\/09\/image-34.png?resize=300%2C169&amp;ssl=1 300w, https:\/\/i0.wp.com\/www.rdpemancipation.org\/wp-content\/uploads\/2022\/09\/image-34.png?resize=768%2C432&amp;ssl=1 768w\" sizes=\"auto, (max-width: 339px) 100vw, 339px\" \/><figcaption><sup>Satyajit Ray, \u00ab<small>&nbsp;<\/small>Le dieu \u00e9l\u00e9phant<small>&nbsp;<\/small>\u00bb, 1979.<br>Carlotta films<\/sup><\/figcaption><\/figure>\n<\/div><\/div>\n<\/div>\n\n\n\n<p><strong><mark style=\"background-color:rgba(0, 0, 0, 0);color:#dc1d1d\" class=\"has-inline-color\">3 septembre <\/mark><\/strong><\/p>\n\n\n\n<p><a href=\"https:\/\/origensmedialab.files.wordpress.com\/2022\/07\/livre_coopair-vf-1.pdf\">Le protocole COOPAIR<\/a> (Collectifs Origens)<\/p>\n\n\n\n<p><a href=\"https:\/\/www.lemonde.fr\/culture\/article\/2022\/09\/03\/a-venise-une-mostra-a-dominante-americaine_6140046_3246.html\">A Venise, une Mostra \u00e0 dominante am\u00e9ricaine<\/a> (Le Monde).<\/p>\n\n\n\n<p><a href=\"https:\/\/lanticapitaliste.org\/opinions\/culture\/les-aventures-de-china-iron-de-cabezon-camara-gabriela\">Les aventures de China Iron, de Cabez\u00f3n C\u00e1mara Gabriela<\/a> (L&rsquo;Anticapitaliste).<\/p>\n\n\n\n<p><a href=\"https:\/\/www.monde-diplomatique.fr\/2022\/09\/PROLONGEAU\/65022\">Apr\u00e8s la victoire<\/a> (Le Monde diplomatique).<\/p>\n\n\n\n<p><a href=\"https:\/\/doublemarge.com\/a-lest-des-reves-de-nastassja-martin\/\">\u00c0 l\u2019est des r\u00eaves de Nastassja Martin<\/a> (Double marge).<\/p>\n\n\n\n<p><a href=\"https:\/\/www.humanite.fr\/culture-et-savoirs\/expositions\/expositions-max-charvolen-et-jean-marc-pouletaut-des-supports-en-conversation-762214\">Expositions. Max Charvolen et Jean-Marc Pouletaut\u2009<\/a>(L&rsquo;Humanit\u00e9).<\/p>\n\n\n\n<div class=\"wp-block-columns is-layout-flex wp-container-core-columns-is-layout-9d6595d7 wp-block-columns-is-layout-flex\">\n<div class=\"wp-block-column is-layout-flow wp-block-column-is-layout-flow\" style=\"flex-basis:100%\"><div class=\"wp-block-image\">\n<figure class=\"alignleft size-full is-resized\"><img data-recalc-dims=\"1\" loading=\"lazy\" decoding=\"async\" src=\"https:\/\/i0.wp.com\/www.rdpemancipation.org\/wp-content\/uploads\/2022\/09\/image-28.png?resize=343%2C192&#038;ssl=1\" alt=\"\" class=\"wp-image-96731\" width=\"343\" height=\"192\" srcset=\"https:\/\/i0.wp.com\/www.rdpemancipation.org\/wp-content\/uploads\/2022\/09\/image-28.png?w=900&amp;ssl=1 900w, https:\/\/i0.wp.com\/www.rdpemancipation.org\/wp-content\/uploads\/2022\/09\/image-28.png?resize=300%2C169&amp;ssl=1 300w, https:\/\/i0.wp.com\/www.rdpemancipation.org\/wp-content\/uploads\/2022\/09\/image-28.png?resize=768%2C432&amp;ssl=1 768w\" sizes=\"auto, (max-width: 343px) 100vw, 343px\" \/><figcaption><sup>D\u00e9tail de l&rsquo;affiche de l&rsquo;exposition<br>Catherine Gourdet<\/sup><\/figcaption><\/figure>\n<\/div><\/div>\n<\/div>\n\n\n\n<p><strong><mark style=\"background-color:rgba(0, 0, 0, 0);color:#dc1d1d\" class=\"has-inline-color\">2 septembre <\/mark><\/strong><\/p>\n\n\n\n<p><a href=\"https:\/\/www.monde-diplomatique.fr\/2022\/09\/PARDO\/65031\">Prendre le large<\/a> (Le Monde diplomatique).<\/p>\n\n\n\n<p><a href=\"https:\/\/link.newsletter.franceculture.fr\/m\/surl\/7429\/750227\/fXdgJTN9_Cyvs95droB_3W9C5lXTLJmivm821gAfcU8=\/link_8\/nXFemWBDDgz3Khpba7oMIYQrvqqY17rH6E4bZI6E9yf4kfjokIKiUxdInQ1yTQGk+kijzdd1CCcI4lgeM9wuDk4phJ7KKHR9D6KsVHd6CuyCPWBcdRrHuSb3mkiKBsGHIokragoO90YLmmELZvV3rgcnNuIlCBq6Xd3MgJP5vJHyJ8TYbmLBUik+xAEWnmP+wHd21WjohlmvoP4Q1pWrwsRSM-ixfGrXsnsvt7lleyBJusz8Q2aKJZXqYifj83vMkAHfAWVOPp26O3i4fU2eKwfpRt42NsAIUX4lANuJjV4-vzohRu3yYp6-dQUnImGnW0cf6s7xGK7aMMOzamshqQ==\" target=\"_blank\" rel=\"noreferrer noopener\">Rentr\u00e9e litt\u00e9raire 2022&nbsp;: 10 romans s\u00e9lectionn\u00e9s par France Culture et l&rsquo;Obs<\/a> (France culture).<\/p>\n\n\n\n<p><a href=\"https:\/\/billetterie.centrepompidou.fr\/api\/1\/samp\/registerVisit?tracker=KTZuIeY7gqQL4HLNv%2FeP&amp;organization=16261&amp;contactHash=q5aD1U7a9DSAvIGRBFqmglJxyu4%3D&amp;shipmentId=101931961019&amp;seasonId=101846614219&amp;posId=101055209832&amp;utm_source=INFORMATION&amp;utm_medium=EMAIL&amp;utm_campaign=2209+-+SDN+-+NEWSLETTER+GENERALE+SEPTEMBRE&amp;redirectTo=https%3A%2F%2Fwww.centrepompidou.fr%2Ffr%2Fprogramme%2Fagenda%2Fevenement%2F1c7rCxA%3Futm_source%3DINFORMATION%26utm_medium%3DEMAIL%26utm_campaign%3D2209%2B-%2BSDN%2B-%2BNEWSLETTER%2BGENERALE%2BSEPTEMBRE\">G\u00e9rard Garouste<\/a> (Centre Pompidou).<\/p>\n\n\n\n<p><a href=\"https:\/\/www.contretemps.eu\/theatre-opprime-rue-coudray\/\">Du th\u00e9\u00e2tre \u00e0 la rue (il n\u2019y a qu\u2019un pas\u2009?)<\/a> (Contretemps).<\/p>\n\n\n\n<p><a href=\"https:\/\/www.lemonde.fr\/culture\/article\/2022\/08\/31\/la-page-blanche-les-etats-d-amnesique-de-sara-giraudeau_6139666_3246.html\">\u00ab&nbsp;La Page blanche&nbsp;\u00bb&nbsp;: les \u00e9tats d\u2019amn\u00e9sique de Sara Giraudeau<\/a> (Le Monde).<\/p>\n\n\n\n<div class=\"wp-block-columns is-layout-flex wp-container-core-columns-is-layout-9d6595d7 wp-block-columns-is-layout-flex\">\n<div class=\"wp-block-column is-layout-flow wp-block-column-is-layout-flow\" style=\"flex-basis:100%\">\n<div class=\"wp-block-columns is-layout-flex wp-container-core-columns-is-layout-9d6595d7 wp-block-columns-is-layout-flex\">\n<div class=\"wp-block-column is-layout-flow wp-block-column-is-layout-flow\" style=\"flex-basis:100%\"><div class=\"wp-block-image\">\n<figure class=\"alignleft size-full is-resized\"><img data-recalc-dims=\"1\" loading=\"lazy\" decoding=\"async\" src=\"https:\/\/i0.wp.com\/www.rdpemancipation.org\/wp-content\/uploads\/2022\/09\/image-13.png?resize=331%2C221&#038;ssl=1\" alt=\"\" class=\"wp-image-96599\" width=\"331\" height=\"221\" srcset=\"https:\/\/i0.wp.com\/www.rdpemancipation.org\/wp-content\/uploads\/2022\/09\/image-13.png?w=664&amp;ssl=1 664w, https:\/\/i0.wp.com\/www.rdpemancipation.org\/wp-content\/uploads\/2022\/09\/image-13.png?resize=300%2C200&amp;ssl=1 300w\" sizes=\"auto, (max-width: 331px) 100vw, 331px\" \/><figcaption><sup>Sara Giraudeau et Gr\u00e9goire Ludig dans \u00ab&nbsp;La Page blanche&nbsp;\u00bb, de Murielle Magellan. SND<\/sup><\/figcaption><\/figure>\n<\/div><\/div>\n<\/div>\n<\/div>\n<\/div>\n\n\n\n<p><\/p>\n","protected":false},"excerpt":{"rendered":"<p>30 septembre D. Blanc et T .Thie\u00fb Niang ravivent \u00ab\u00a0La\u00a0Douleur\u00a0\u00bb, de Duras (Le Monde). Opex, bouleversant hymne \u00e0 la vie d\u2019Arno (L&rsquo;Humanit\u00e9). Tout sur Francis Bacon (Nonfiction). Paul Veyne : c\u00e9l\u00e9bration de l\u2019int\u00e9ressant (En attendant Nadeau). Hommage \u00e0 Paul Veyne, grand historien de l&rsquo;Antiquit\u00e9, qui vient de mourir (France culture). 29 septembre Luz: \u00abJe suis &#8230; <a title=\"Septembre &#8211; Cultures\" class=\"read-more\" href=\"https:\/\/www.rdpemancipation.org\/?p=96438\" aria-label=\"En savoir plus sur Septembre &#8211; Cultures\">Lire la suite<\/a><\/p>\n","protected":false},"author":1,"featured_media":0,"comment_status":"closed","ping_status":"closed","sticky":false,"template":"","format":"standard","meta":{"_lmt_disableupdate":"","_lmt_disable":"","_jetpack_memberships_contains_paid_content":false,"footnotes":""},"categories":[25],"tags":[],"class_list":["post-96438","post","type-post","status-publish","format-standard","hentry","category-cultures"],"modified_by":"cpr","jetpack_featured_media_url":"","jetpack_sharing_enabled":true,"_links":{"self":[{"href":"https:\/\/www.rdpemancipation.org\/index.php?rest_route=\/wp\/v2\/posts\/96438","targetHints":{"allow":["GET"]}}],"collection":[{"href":"https:\/\/www.rdpemancipation.org\/index.php?rest_route=\/wp\/v2\/posts"}],"about":[{"href":"https:\/\/www.rdpemancipation.org\/index.php?rest_route=\/wp\/v2\/types\/post"}],"author":[{"embeddable":true,"href":"https:\/\/www.rdpemancipation.org\/index.php?rest_route=\/wp\/v2\/users\/1"}],"replies":[{"embeddable":true,"href":"https:\/\/www.rdpemancipation.org\/index.php?rest_route=%2Fwp%2Fv2%2Fcomments&post=96438"}],"version-history":[{"count":133,"href":"https:\/\/www.rdpemancipation.org\/index.php?rest_route=\/wp\/v2\/posts\/96438\/revisions"}],"predecessor-version":[{"id":99512,"href":"https:\/\/www.rdpemancipation.org\/index.php?rest_route=\/wp\/v2\/posts\/96438\/revisions\/99512"}],"wp:attachment":[{"href":"https:\/\/www.rdpemancipation.org\/index.php?rest_route=%2Fwp%2Fv2%2Fmedia&parent=96438"}],"wp:term":[{"taxonomy":"category","embeddable":true,"href":"https:\/\/www.rdpemancipation.org\/index.php?rest_route=%2Fwp%2Fv2%2Fcategories&post=96438"},{"taxonomy":"post_tag","embeddable":true,"href":"https:\/\/www.rdpemancipation.org\/index.php?rest_route=%2Fwp%2Fv2%2Ftags&post=96438"}],"curies":[{"name":"wp","href":"https:\/\/api.w.org\/{rel}","templated":true}]}}