{"id":96436,"date":"2022-09-01T09:44:23","date_gmt":"2022-09-01T07:44:23","guid":{"rendered":"https:\/\/www.rdpemancipation.org\/?p=96436"},"modified":"2022-09-30T12:10:47","modified_gmt":"2022-09-30T10:10:47","slug":"septembre-medias-2","status":"publish","type":"post","link":"https:\/\/www.rdpemancipation.org\/?p=96436","title":{"rendered":"Septembre &#8211; Medias"},"content":{"rendered":"\n<p><strong><mark style=\"background-color:rgba(0, 0, 0, 0);color:#dc1d1d\" class=\"has-inline-color\">30 septembre en continu<\/mark><\/strong><\/p>\n\n\n\n<p><a href=\"https:\/\/www.bondyblog.fr\/opinions\/interview\/valerie-rey-robert-le-probleme-ce-nest-pas-la-tele-realite-cest-ceux-qui-la-font\/\" target=\"_blank\" rel=\"noreferrer noopener\">Val\u00e9rie Rey-Robert : \u2018Le probl\u00e8me, ce n&rsquo;est pas la t\u00e9l\u00e9-r\u00e9alit\u00e9, c&rsquo;est ceux qui la font\u2019 <\/a>&nbsp;(Le Bondy Blog)<\/p>\n\n\n\n<p><a href=\"https:\/\/lesjours.fr\/obsessions\/l-empire\/ep181-pannes-canal\/\" target=\"_blank\" rel=\"noreferrer noopener\">Canal+, le co\u00fbt de la panne<\/a> &nbsp;(Les Jours)<\/p>\n\n\n\n<p><strong><mark style=\"background-color:rgba(0, 0, 0, 0);color:#dc1d1d\" class=\"has-inline-color\">29 septembre en continu<\/mark><\/strong><\/p>\n\n\n\n<p><a href=\"https:\/\/www.radiofrance.fr\/franceinter\/podcasts\/l-invite-de-9h10\/l-invite-de-9h10-du-jeudi-29-septembre-2022-6253923\">Rupert Murdoch : le patron de m\u00e9dias le plus puissant de tous les temps<\/a> (Magma,France inter)<\/p>\n\n\n\n<p><a href=\"https:\/\/www.acrimed.org\/Le-gourou-de-LFI-et-son-cheptel-de-militantes\">Le \u00ab gourou \u00bb de LFI et son \u00ab cheptel de militantes \u00bb : calomnies sur Public S\u00e9nat<\/a> (Acrimed)<\/p>\n\n\n\n<p><strong><mark style=\"background-color:rgba(0, 0, 0, 0);color:#dc1d1d\" class=\"has-inline-color\">27 septembre en continu<\/mark><\/strong><\/p>\n\n\n\n<p><a href=\"\">\u201cFrance des allocs\u00a0\u00bb Retour sur l&rsquo;\u00e9norme fake de LCI<\/a> (LCI)<\/p>\n\n\n\n<p><a href=\"https:\/\/www.arretsurimages.net\/articles\/feminicide-chronologie-dune-incomprehension-mediatique\" target=\"_blank\" rel=\"noreferrer noopener\">F\u00e9minicide, chronologie d&rsquo;une incompr\u00e9hension m\u00e9diatique<\/a>&nbsp; (Arr\u00eat sur images)<\/p>\n\n\n\n<p><a href=\"https:\/\/www.mediapart.fr\/journal\/france\/260922\/altice-invoque-le-secret-des-affaires-pour-demander-la-censure-d-articles\" target=\"_blank\" rel=\"noreferrer noopener\">Altice invoque le secret des affaires pour demander la censure d\u2019articles<\/a>&nbsp; (M\u00e9diapart)<\/p>\n\n\n\n<p><a href=\"https:\/\/www.acrimed.org\/Motion-de-defiance-des-journalistes-de-France\" target=\"_blank\" rel=\"noreferrer noopener\">Motion de d\u00e9fiance des journalistes de France Bleu contre la direction de l&rsquo;information<\/a>&nbsp; (Acrimed)<\/p>\n\n\n\n<p><strong><mark style=\"background-color:rgba(0, 0, 0, 0);color:#dc1d1d\" class=\"has-inline-color\">26 septembre en continu<\/mark><\/strong><\/p>\n\n\n\n<p><a href=\"https:\/\/reflets.info\/articles\/reflets-poursuivi-par-altice-la-liberte-d-informer-menacee\" target=\"_blank\" rel=\"noreferrer noopener\">Reflets poursuivi par Altice : la libert\u00e9 d\u2019informer menac\u00e9e&nbsp;<\/a> (Reflets.info)<\/p>\n\n\n\n<p><a href=\"https:\/\/www.lemediatv.fr\/emissions\/2022\/paradis-fiscaux-milliards-gaspilles-revelations-sur-les-patrons-de-bfm-ejzAz4JaR1aVoV0ZPdPakw\" target=\"_blank\" rel=\"noreferrer noopener\">Paradis fiscaux, milliards gaspill\u00e9s : r\u00e9v\u00e9lations sur les patrons de BFM<\/a>&nbsp; (Le M\u00e9dia)<\/p>\n\n\n\n<p><a href=\"https:\/\/siecledigital.fr\/2022\/09\/23\/netflix-doit-il-craindre-une-perte-massive-de-ses-abonnes\/\">Netflix doit-il craindre une perte massive de ses abonn\u00e9s ?<\/a> (Siecle digital)<\/p>\n\n\n\n<p><a href=\"https:\/\/www.acrimed.org\/De-quoi-la-mort-du-Ravi-est-le-nom\">De quoi la mort du Ravi est le nom<\/a> (Acrimed)<\/p>\n\n\n\n<figure class=\"wp-block-image size-full is-resized\"><img data-recalc-dims=\"1\" loading=\"lazy\" decoding=\"async\" src=\"https:\/\/i0.wp.com\/www.rdpemancipation.org\/wp-content\/uploads\/2022\/09\/image-273.png?resize=233%2C212&#038;ssl=1\" alt=\"\" class=\"wp-image-99104\" width=\"233\" height=\"212\"\/><\/figure>\n\n\n\n<p><strong><mark style=\"background-color:rgba(0, 0, 0, 0);color:#dc1d1d\" class=\"has-inline-color\">25 septembre en continu<\/mark><\/strong><\/p>\n\n\n\n<p><a href=\"https:\/\/www.mediapart.fr\/journal\/economie\/230922\/le-milliardaire-kretinsky-passe-la-corde-au-cou-de-liberation\">Le milliardaire Kretinsky passe la corde au cou de \u00ab&nbsp;Lib\u00e9ration&nbsp;\u00bb<\/a> (M\u00e9diapart)<\/p>\n\n\n\n<p><a href=\"https:\/\/info.alternatives-economiques.fr\/optiext\/optiextension.dll?ID=NfeNcG0OrUA%2BpChTSXil85m0Yia5lX36rCadXeTldeQ8Wdj3Vo7boHf8uR%2BJoiPWFJMpwuIH0djR8CbWV8GspGYw4STV2\" target=\"_blank\" rel=\"noreferrer noopener\">\u00ab&nbsp;Travail contre allocs&nbsp;\u00bb&nbsp;: la t\u00e9l\u00e9 pas tr\u00e8s r\u00e9alit\u00e9<\/a> (Alter \u00e9co)<\/p>\n\n\n\n<p><strong><mark style=\"background-color:rgba(0, 0, 0, 0);color:#dc1d1d\" class=\"has-inline-color\">21 septembre en continu<\/mark><\/strong><\/p>\n\n\n\n<p><a href=\"https:\/\/www.off-investigation.fr\/laurence-ferrari-le-meilleur-commando-de-vincent-bollore\/\" target=\"_blank\" rel=\"noreferrer noopener\">Commando Bollor\u00e9. Retour sur une carri\u00e8re \u00ab\u00a0oligarquo-compatible\u00a0\u00bb<\/a>&nbsp; (Off Investigation)<\/p>\n\n\n\n<p><a href=\"https:\/\/www.acrimed.org\/Censure-ministerielle-vers-un-retour-de-l-ORTF-en\" target=\"_blank\" rel=\"noreferrer noopener\">Censure minist\u00e9rielle : vers un retour de l&rsquo;ORTF en Lorraine ?<\/a>&nbsp; (Acrimed)<\/p>\n\n\n\n<p><a href=\"https:\/\/lesjours.fr\/obsessions\/l-empire\/ep180-interview-guillaume-meurice\/\" target=\"_blank\" rel=\"noreferrer noopener\">Guillaume Meurice : \u00ab M\u00eame un demi-taquinage, Bollor\u00e9 ne laisse pas passer \u00bb<\/a>&nbsp; (Les Jours)<\/p>\n\n\n\n<p><a href=\"https:\/\/www.acrimed.org\/Avenir-du-financement-de-l-audiovisuel-public-l\" target=\"_blank\" rel=\"noreferrer noopener\">Avenir de l&rsquo;audiovisuel public : l&rsquo;intersyndicale r\u00e9pond pr\u00e9sent pour l&rsquo;acte 2<\/a> &nbsp;(Acrimed)<\/p>\n\n\n\n<p><a href=\"https:\/\/www.acrimed.org\/TF1-Merci-patron\" target=\"_blank\" rel=\"noreferrer noopener\">TF1 : Merci patron !<\/a>&nbsp; (Acrimed)<\/p>\n\n\n\n<p><a href=\"https:\/\/www.arretsurimages.net\/articles\/les-medias-francais-en-font-des-tonnes-sur-la-queen\" target=\"_blank\" rel=\"noreferrer noopener\">Les m\u00e9dias fran\u00e7ais en font des tonnes sur la \u00ab\u00a0Queen\u00a0\u00bb<\/a>&nbsp; (Arr\u00eat sur images)<\/p>\n\n\n\n<p><a href=\"https:\/\/www.radiofrance.fr\/franceinter\/vous-avez-dit-sobriete-une-journee-speciale-mercredi-21-septembre-2022-5806210\">21 septembre,&nbsp; journ\u00e9e \u00ab\u00a0sobri\u00e9t\u00e9\u00a0\u00bb sur france inter<\/a> (France inter)<\/p>\n\n\n\n<p><a href=\"https:\/\/www.francetvinfo.fr\/economie\/medias\/liberation-renfloue-a-hauteur-de-15-millions-d-euros-par-le-milliardaire-tcheque-daniel-kretinsky_5371867.html\">\u00ab\u00a0Lib\u00e9ration\u00a0\u00bb renflou\u00e9 \u00e0 hauteur de 15 M\u20ac par le milliardaire tch\u00e8que Daniel Kretinsky<\/a> (France info)<\/p>\n\n\n\n<p><a href=\"https:\/\/multinationales.org\/fr\/actualites\/nouveau-site-nouvelle-association-nouvelles-ambitions-l-observatoire-des\">Nouveau site, nouvelle association, nouvelles ambitions\u2026 l\u2019Observatoire des multinationales a besoin de vous&nbsp;!<\/a><\/p>\n\n\n\n<p><strong><mark style=\"background-color:rgba(0, 0, 0, 0);color:#dc1d1d\" class=\"has-inline-color\">20 septembre en continu<\/mark><\/strong><\/p>\n\n\n\n<p><a href=\"https:\/\/siecledigital.fr\/2022\/09\/19\/pourquoi-tf1-et-m6-ne-fusionneront-pas\/\">Pourquoi TF1 et M6 ne fusionneront pas ?<\/a> (Siecle digital)<\/p>\n\n\n\n<figure class=\"wp-block-image size-full is-resized\"><img data-recalc-dims=\"1\" loading=\"lazy\" decoding=\"async\" src=\"https:\/\/i0.wp.com\/www.rdpemancipation.org\/wp-content\/uploads\/2022\/09\/image-206.png?resize=284%2C166&#038;ssl=1\" alt=\"\" class=\"wp-image-98489\" width=\"284\" height=\"166\" srcset=\"https:\/\/i0.wp.com\/www.rdpemancipation.org\/wp-content\/uploads\/2022\/09\/image-206.png?w=860&amp;ssl=1 860w, https:\/\/i0.wp.com\/www.rdpemancipation.org\/wp-content\/uploads\/2022\/09\/image-206.png?resize=300%2C175&amp;ssl=1 300w, https:\/\/i0.wp.com\/www.rdpemancipation.org\/wp-content\/uploads\/2022\/09\/image-206.png?resize=768%2C449&amp;ssl=1 768w\" sizes=\"auto, (max-width: 284px) 100vw, 284px\" \/><figcaption><em><sub>Photo : Guilhem Vellut \/ Wikimedia.<\/sub><\/em><\/figcaption><\/figure>\n\n\n\n<p><strong><mark style=\"background-color:rgba(0, 0, 0, 0);color:#dc1d1d\" class=\"has-inline-color\">19 septembre en continu<\/mark><\/strong><\/p>\n\n\n\n<p><a href=\"https:\/\/www.lowtechjournal.fr\/affiches\/la-fresque-des-low-tech-par-vito.html\">La fresque des low-tech, par Vito<\/a> (Lowtech journal)<\/p>\n\n\n\n<p><a href=\"https:\/\/www.mediapart.fr\/journal\/international\/180922\/vers-un-texte-europeen-pour-proteger-l-independance-des-medias\" target=\"_blank\" rel=\"noreferrer noopener\">Vers un texte europ\u00e9en pour prot\u00e9ger l\u2019ind\u00e9pendance des m\u00e9dias<\/a>&nbsp; (M\u00e9diapart)<\/p>\n\n\n\n<p><a href=\"https:\/\/www.mediapart.fr\/journal\/france\/170922\/avec-l-abandon-du-projet-de-fusion-tf1-m6-bouygues-plie-face-l-autorite-de-la-concurrence\" target=\"_blank\" rel=\"noreferrer noopener\">Avec l\u2019abandon du projet de fusion TF1-M6, Bouygues plie face \u00e0 l\u2019Autorit\u00e9 de la concurrence<\/a>&nbsp; (M\u00e9diapart)<\/p>\n\n\n\n<p><a href=\"https:\/\/www.monde-diplomatique.fr\/2021\/10\/BENILDE\/63639\">Fusion TF1-M6, pour lutter contre Netflix ?<\/a> (Le Monde diplomatique, octobre 2021)<\/p>\n\n\n\n<p><strong><mark style=\"background-color:rgba(0, 0, 0, 0);color:#dc1d1d\" class=\"has-inline-color\">17 septembre en continu<\/mark><\/strong><\/p>\n\n\n\n<p><a href=\"https:\/\/www.boursorama.com\/actualite-economique\/actualites\/tf1-m6-le-mariage-est-annule-634d12e7318369c29677bc87b1d7c3ba\">TF1-M6 : le mariage est annul\u00e9<\/a> (AFP)<\/p>\n\n\n\n<p><strong><mark style=\"background-color:rgba(0, 0, 0, 0);color:#dc1d1d\" class=\"has-inline-color\">16 septembre en continu<\/mark><\/strong><a href=\"https:\/\/www.leravi.org\/medias\/presse-pas-pareille\/depot-de-bilan-liquidation-cest-termine-pour-le-ravi-et-la-tchatche-qui-edite-le-journal-pas-pareil\/\"><\/a><\/p>\n\n\n\n<p><a href=\"https:\/\/www.leravi.org\/medias\/presse-pas-pareille\/depot-de-bilan-liquidation-cest-termine-pour-le-ravi-et-la-tchatche-qui-edite-le-journal-pas-pareil\/\">Le Ravi baisse les bras<\/a> (Le Ravi)<\/p>\n\n\n\n<figure class=\"wp-block-image size-full is-resized\"><img data-recalc-dims=\"1\" loading=\"lazy\" decoding=\"async\" src=\"https:\/\/i0.wp.com\/www.rdpemancipation.org\/wp-content\/uploads\/2022\/09\/image-181.png?resize=302%2C302&#038;ssl=1\" alt=\"\" class=\"wp-image-98237\" width=\"302\" height=\"302\" srcset=\"https:\/\/i0.wp.com\/www.rdpemancipation.org\/wp-content\/uploads\/2022\/09\/image-181.png?w=469&amp;ssl=1 469w, https:\/\/i0.wp.com\/www.rdpemancipation.org\/wp-content\/uploads\/2022\/09\/image-181.png?resize=300%2C300&amp;ssl=1 300w, https:\/\/i0.wp.com\/www.rdpemancipation.org\/wp-content\/uploads\/2022\/09\/image-181.png?resize=150%2C150&amp;ssl=1 150w\" sizes=\"auto, (max-width: 302px) 100vw, 302px\" \/><\/figure>\n\n\n\n<p><a href=\"https:\/\/www.leravi.org\/journal\/mort-du-ravi-les-vraies-fausses-condoleances-en-hommage-au-mensuel-satirique-de-paca\/\"><\/a><a href=\"https:\/\/www.leravi.org\/journal\/mort-du-ravi-les-vraies-fausses-condoleances-en-hommage-au-mensuel-satirique-de-paca\/\">R\u00e9actions post mortem<\/a> (Le Ravi)<\/p>\n\n\n\n<figure class=\"wp-block-image size-full is-resized\"><img data-recalc-dims=\"1\" loading=\"lazy\" decoding=\"async\" src=\"https:\/\/i0.wp.com\/www.rdpemancipation.org\/wp-content\/uploads\/2022\/09\/image-183.png?resize=298%2C298&#038;ssl=1\" alt=\"\" class=\"wp-image-98239\" width=\"298\" height=\"298\" srcset=\"https:\/\/i0.wp.com\/www.rdpemancipation.org\/wp-content\/uploads\/2022\/09\/image-183.png?w=469&amp;ssl=1 469w, https:\/\/i0.wp.com\/www.rdpemancipation.org\/wp-content\/uploads\/2022\/09\/image-183.png?resize=300%2C300&amp;ssl=1 300w, https:\/\/i0.wp.com\/www.rdpemancipation.org\/wp-content\/uploads\/2022\/09\/image-183.png?resize=150%2C150&amp;ssl=1 150w\" sizes=\"auto, (max-width: 298px) 100vw, 298px\" \/><\/figure>\n\n\n\n<p><a href=\"https:\/\/common.indigo-net.com\/lib\/cookie_log\/redirector.asp?mail=n.chevillard@noos.fr&amp;ID=492311&amp;DOCIID=109703480&amp;ENAIID=757100&amp;RETOUR=SIMPLE&amp;link=https:\/\/www.lalettrea.fr\/medias_presse-ecrite\/2022\/09\/16\/arnaud-de-puyfontaine-lance-la-vraie-reprise-en-main-de-prisma-media,109813380-eve?cxt=PUB&amp;utm_source=LLA&amp;utm_medium=email&amp;utm_campaign=AUTO_EDIT_SOM\" target=\"_blank\" rel=\"noreferrer noopener\">Arnaud de Puyfontaine lance la vraie reprise en main de Prisma Media<\/a> (La Lettre A)<\/p>\n\n\n\n<p><a href=\"https:\/\/common.indigo-net.com\/lib\/cookie_log\/redirector.asp?mail=n.chevillard@noos.fr&amp;ID=492393&amp;DOCIID=109703480&amp;ENAIID=757199&amp;RETOUR=SIMPLE&amp;link=https:\/\/www.lalettrea.fr\/medias_presse-ecrite\/2022\/09\/16\/prisma-media--emmanuel-kessler-prend-la-tete-des-magazines-capital-et-management,109813542-art?utm_source=LLA&amp;utm_medium=email&amp;utm_campaign=PROS_EDIT_ART\" target=\"_blank\" rel=\"noreferrer noopener\">Prisma Media : Emmanuel Kessler prend la t\u00eate des magazines Capital et Management<\/a> (La Lettre A)<\/p>\n\n\n\n<p><a href=\"https:\/\/www.ende-gelaende.org\/fr\/\">Actions pour le climat<\/a> (Ende gelaende)<\/p>\n\n\n\n<figure class=\"wp-block-image size-full is-resized\"><img data-recalc-dims=\"1\" loading=\"lazy\" decoding=\"async\" src=\"https:\/\/i0.wp.com\/www.rdpemancipation.org\/wp-content\/uploads\/2022\/09\/image-171.png?resize=303%2C453&#038;ssl=1\" alt=\"\" class=\"wp-image-98152\" width=\"303\" height=\"453\" srcset=\"https:\/\/i0.wp.com\/www.rdpemancipation.org\/wp-content\/uploads\/2022\/09\/image-171.png?w=526&amp;ssl=1 526w, https:\/\/i0.wp.com\/www.rdpemancipation.org\/wp-content\/uploads\/2022\/09\/image-171.png?resize=201%2C300&amp;ssl=1 201w\" sizes=\"auto, (max-width: 303px) 100vw, 303px\" \/><\/figure>\n\n\n\n<p><strong><mark style=\"background-color:rgba(0, 0, 0, 0);color:#dc1d1d\" class=\"has-inline-color\">15 septembre en continu<\/mark><\/strong><\/p>\n\n\n\n<p><a href=\"https:\/\/www.acrimed.org\/Allocations-contre-travail-LCI-deraille-encore\" target=\"_blank\" rel=\"noreferrer noopener\">\u00ab Allocations contre travail \u00bb : LCI d\u00e9raille encore\u2026<\/a>&nbsp; (Acrimed)<\/p>\n\n\n\n<p><a href=\"https:\/\/www.acrimed.org\/Charte-pour-un-journalisme-a-la-hauteur-de-l\" target=\"_blank\" rel=\"noreferrer noopener\">Charte pour un journalisme \u00e0 la hauteur de l&rsquo;urgence \u00e9cologique<\/a>&nbsp;(Acrimed)<\/p>\n\n\n\n<p><a href=\"https:\/\/www.monde-diplomatique.fr\/ecouter\/Podcast_diplo\/2022-09-Episode_29.mp\">Le balado de septembre<\/a> (Le monde diplomatique)<\/p>\n\n\n\n<p><strong><mark style=\"background-color:rgba(0, 0, 0, 0);color:#dc1d1d\" class=\"has-inline-color\">14 septembre en continu<\/mark><\/strong><\/p>\n\n\n\n<p><a href=\"https:\/\/www.ladn.eu\/media-mutants\/malheurs-actuels-gorafi-vert-moque-greenwashing\/?fbclid=IwAR35nsEhoUAAuGX8g7b50SbUhRhsiR2aB-C3gns552YJVL4CG-scu1-ZIn8\">Malheurs Actuels, le \u00ab Gorafi vert \u00bb&nbsp; : le d\u00e9r\u00e8glement du climat aussi peut \u00eatre dr\u00f4le<\/a> (L\u2019ADN)<\/p>\n\n\n\n<p><a href=\"https:\/\/www.acrimed.org\/Le-Ravi-baisse-les-bras\">Le Ravi baisse les bras<\/a> (Acrimed)<\/p>\n\n\n\n<figure class=\"wp-block-image size-full\"><img data-recalc-dims=\"1\" loading=\"lazy\" decoding=\"async\" width=\"170\" height=\"174\" src=\"https:\/\/i0.wp.com\/www.rdpemancipation.org\/wp-content\/uploads\/2022\/09\/image-146.png?resize=170%2C174&#038;ssl=1\" alt=\"\" class=\"wp-image-97910\"\/><\/figure>\n\n\n\n<p><a href=\"https:\/\/www.blast-info.fr\/emissions\/2022\/derriere-linaction-climatique-limmense-responsabilite-des-medias-mainstream-XG4v2BdoQcSZp6ZjcD6VLQ\" target=\"_blank\" rel=\"noreferrer noopener\">Derri\u00e8re l&rsquo;inaction climatique, l&rsquo;immense responsabilit\u00e9 des m\u00e9dias mainstream<\/a>&nbsp; (Blast)<\/p>\n\n\n\n<p><a href=\"https:\/\/reporterre.net\/Medias-audiovisuels-prenez-l-ecologie-a-bras-le-corps\" target=\"_blank\" rel=\"noreferrer noopener\">M\u00e9dias audiovisuels, prenez l&rsquo;\u00e9cologie \u00e0 bras le corps&nbsp;!<\/a>&nbsp; (Reporterre)<\/p>\n\n\n\n<p><a href=\"https:\/\/lesjours.fr\/obsessions\/l-empire\/ep179-canal-coupure-tf1\/\" target=\"_blank\" rel=\"noreferrer noopener\">Canal+ et TF1, une affaire de grosses et de petites coupures<\/a>&nbsp; (Les Jours)<\/p>\n\n\n\n<p><a href=\"https:\/\/lvsl.fr\/qui-veut-la-peau-de-laudiovisuel-public\/\" target=\"_blank\" rel=\"noreferrer noopener\">Qui veut la peau de l\u2019audiovisuel public ?<\/a>&nbsp; (Le Vent Se L\u00e8ve)<\/p>\n\n\n\n<p><a href=\"https:\/\/www.mediapart.fr\/journal\/international\/100922\/rfi-et-france-24-refusent-d-etre-des-agents-de-la-guerre-informationnelle\">RFI et France 24 refusent d\u2019\u00eatre des agents de la \u00ab&nbsp;guerre informationnelle&nbsp;\u00bb<\/a> (M\u00e9diapart)<\/p>\n\n\n\n<p><a href=\"https:\/\/www.acrimed.org\/Palestine-la-desinformation-au-20h-de-France-2\">Palestine&nbsp;: la d\u00e9sinformation au 20h de France 2 continue<\/a>&nbsp;&nbsp;(Acrimed)<\/p>\n\n\n\n<p><strong><mark style=\"background-color:rgba(0, 0, 0, 0);color:#dc1d1d\" class=\"has-inline-color\">13 septembre en continu<\/mark><\/strong><\/p>\n\n\n\n<p><a href=\"https:\/\/www.laquadrature.net\/2022\/09\/12\/la-quadrature-du-net-a-quinze-ans-quinze-ans-deja\/\">La quadrature : 15 bougies et un livre<\/a> (La quadrature du net)<\/p>\n\n\n\n<p><strong><mark style=\"background-color:rgba(0, 0, 0, 0);color:#dc1d1d\" class=\"has-inline-color\">12 septembre en continu<\/mark><\/strong><\/p>\n\n\n\n<p><a href=\"https:\/\/www.youtube.com\/watch?v=LC9J6p4SBY8\">M\u00e9dias mainstream et inaction climatique<\/a> (Blast)<\/p>\n\n\n\n<p><a href=\"https:\/\/reporterre.net\/Medias-audiovisuels-prenez-l-ecologie-a-bras-le-corps?utm_source=newsletter&amp;utm_medium=email&amp;utm_campaign=nl_quotidienne\">M\u00e9dias audiovisuels, prenez l\u2019\u00e9cologie \u00e0 bras le corps !<\/a> (Reporterre)<\/p>\n\n\n\n<figure class=\"wp-block-image size-full is-resized\"><img data-recalc-dims=\"1\" loading=\"lazy\" decoding=\"async\" src=\"https:\/\/i0.wp.com\/www.rdpemancipation.org\/wp-content\/uploads\/2022\/09\/image-114.png?resize=356%2C237&#038;ssl=1\" alt=\"\" class=\"wp-image-97654\" width=\"356\" height=\"237\" srcset=\"https:\/\/i0.wp.com\/www.rdpemancipation.org\/wp-content\/uploads\/2022\/09\/image-114.png?w=720&amp;ssl=1 720w, https:\/\/i0.wp.com\/www.rdpemancipation.org\/wp-content\/uploads\/2022\/09\/image-114.png?resize=300%2C200&amp;ssl=1 300w\" sizes=\"auto, (max-width: 356px) 100vw, 356px\" \/><figcaption><em><sub>\u00a9 Juan Mendez\/Reporterre<\/sub><\/em><\/figcaption><\/figure>\n\n\n\n<p><strong><mark style=\"background-color:rgba(0, 0, 0, 0);color:#dc1d1d\" class=\"has-inline-color\">11 septembre en continu<\/mark><\/strong><\/p>\n\n\n\n<figure class=\"wp-block-image size-full is-resized\"><img data-recalc-dims=\"1\" loading=\"lazy\" decoding=\"async\" src=\"https:\/\/i0.wp.com\/www.rdpemancipation.org\/wp-content\/uploads\/2022\/09\/image-109.png?resize=397%2C551&#038;ssl=1\" alt=\"\" class=\"wp-image-97588\" width=\"397\" height=\"551\" srcset=\"https:\/\/i0.wp.com\/www.rdpemancipation.org\/wp-content\/uploads\/2022\/09\/image-109.png?w=519&amp;ssl=1 519w, https:\/\/i0.wp.com\/www.rdpemancipation.org\/wp-content\/uploads\/2022\/09\/image-109.png?resize=216%2C300&amp;ssl=1 216w\" sizes=\"auto, (max-width: 397px) 100vw, 397px\" \/><\/figure>\n\n\n\n<p><strong><mark style=\"background-color:rgba(0, 0, 0, 0);color:#dc1d1d\" class=\"has-inline-color\">10 septembre en continu<\/mark><\/strong><\/p>\n\n\n\n<p><strong><a href=\"https:\/\/www.boursorama.com\/actualite-economique\/actualites\/apres-europe-1-le-systeme-bollore-inquiete-a-paris-match-3cc282ec1145efe0547b57fdacc3be9b\">Apr\u00e8s Europe 1, le syst\u00e8me Bollor\u00e9 inqui\u00e8te \u00e0 Paris Match<\/a> <\/strong>(AFP)<\/p>\n\n\n\n<p><a href=\"https:\/\/common.indigo-net.com\/lib\/cookie_log\/redirector.asp?mail=n.chevillard@noos.fr&amp;ID=490786&amp;DOCIID=109703480&amp;ENAIID=755580&amp;RETOUR=SIMPLE&amp;link=https:\/\/www.lalettrea.fr\/medias\/2022\/09\/07\/comment-le-club-avenir-de-l-audiovisuel-et-des-medias-reunit-deputes-et-lobbyistes,109810452-ar2?cxt=PUB&amp;utm_source=LLA&amp;utm_medium=email&amp;utm_campaign=AUTO_EDIT_SOM\" target=\"_blank\" rel=\"noreferrer noopener\">Comment le Club avenir de l&rsquo;audiovisuel et des m\u00e9dias r\u00e9unit d\u00e9put\u00e9s et lobbyistes<\/a> (La Lettre A)<\/p>\n\n\n\n<p><a href=\"https:\/\/common.indigo-net.com\/lib\/cookie_log\/redirector.asp?mail=n.chevillard@noos.fr&amp;ID=490984&amp;DOCIID=109703480&amp;ENAIID=755778&amp;RETOUR=SIMPLE&amp;link=https:\/\/www.intelligenceonline.fr\/surveillance--interception\/2022\/09\/08\/intellexa-cleartrail--le-ciblage-de-signal-meilleur-argument-de-vente-du-cyber-renseignement,109810423-eve?cxt=PUB&amp;utm_source=LMR&amp;utm_medium=email&amp;utm_campaign=AUTO_EDIT_SOM\" target=\"_blank\" rel=\"noreferrer noopener\">Intellexa, Cleartrail : le ciblage de Signal, meilleur argument de vente du cyber-renseignement<\/a> (La Lettre Ar)<\/p>\n\n\n\n<p><strong><mark style=\"background-color:rgba(0, 0, 0, 0);color:#dc1d1d\" class=\"has-inline-color\">8 septembre en continu<\/mark><\/strong><\/p>\n\n\n\n<p><a href=\"https:\/\/blogs.mediapart.fr\/mouais-le-journal-dubitatif\/blog\/060922\/fin-de-labondance-aidez-la-presse-papier-abonnez-vous-mouais\">Contre la bollorisation, abonnez-vous \u00e0 Mouais !<\/a> (Mouais, le journal dubitatif)<\/p>\n\n\n\n<p><a href=\"https:\/\/www.acrimed.org\/Il-n-y-a-pas-eu-de-manifestation-ce-week-end\" target=\"_blank\" rel=\"noreferrer noopener\">\u00ab Il n&rsquo;y a pas eu de manifestation ce week-end \u00bb : travail b\u00e2cl\u00e9 sur LCI<\/a>&nbsp; (Acrimed)<\/p>\n\n\n\n<p><a href=\"https:\/\/www.arretsurimages.net\/chroniques\/le-matinaute\/sanctions-petites-trahisons-entre-amis-sur-lci\" target=\"_blank\" rel=\"noreferrer noopener\">Sanctions : petites trahisons entre amis sur LCI<\/a>&nbsp; (Arr\u00eat sur images)<\/p>\n\n\n\n<p><strong><mark style=\"background-color:rgba(0, 0, 0, 0);color:#dc1d1d\" class=\"has-inline-color\">7 septembre en continu<\/mark><\/strong><\/p>\n\n\n\n<p><a href=\"https:\/\/atlantico.fr\/article\/pepite\/l-arabie-saoudite-et-les-etats-du-golfe-mettent-en-garde-netflix-contre-la-violation-des-valeurs-islamiques\">L&rsquo;Arabie saoudite et les Etats du Golfe mettent en garde Netflix contre la violation des \u00ab\u00a0valeurs islamiques\u00a0\u00bb<\/a> (Atlantico)<\/p>\n\n\n\n<p><strong><mark style=\"background-color:rgba(0, 0, 0, 0);color:#dc1d1d\" class=\"has-inline-color\">6 septembre en continu<\/mark><\/strong><\/p>\n\n\n\n<p><a href=\"https:\/\/youtu.be\/3D87ufEkxXk\">Laurent Daur\u00e9: La pers\u00e9cution de Julian Assange devrait \u00eatre l\u2019affaire Dreyfus de notre temps<\/a> (Bercoff Sud Radio) Vid\u00e9o 40mn<\/p>\n\n\n\n<p><strong><mark style=\"background-color:rgba(0, 0, 0, 0);color:#dc1d1d\" class=\"has-inline-color\">5 septembre en continu<\/mark><\/strong><\/p>\n\n\n\n<p><a href=\"https:\/\/www.journaldunet.com\/ebusiness\/publicite\/1513377-decarbonation-de-la-pub-ou-sont-les-annonceurs\/?een=3822f6d11bcf953fc77bc812895fab22&amp;gbmlus=8ec9163546ffdfa3ebd342b9e7695c4ded8661fb9c83c86b90836e6c41d5e578&amp;seen=2&amp;utm_campaign=Quotidienne_2022-09-05&amp;utm_medium=email&amp;utm_source=MagNews\">D\u00e9carbonation de la pub : o\u00f9 sont les annonceurs ?<\/a> (Journal du net)<\/p>\n\n\n\n<p><a href=\"https:\/\/kalimagazine.fr\/\">Consommer mieux<\/a> (Kali magazine)<\/p>\n\n\n\n<figure class=\"wp-block-image size-large is-resized\"><img data-recalc-dims=\"1\" loading=\"lazy\" decoding=\"async\" src=\"https:\/\/i0.wp.com\/www.rdpemancipation.org\/wp-content\/uploads\/2022\/09\/image-48.png?resize=246%2C346&#038;ssl=1\" alt=\"\" class=\"wp-image-96978\" width=\"246\" height=\"346\" srcset=\"https:\/\/i0.wp.com\/www.rdpemancipation.org\/wp-content\/uploads\/2022\/09\/image-48.png?resize=727%2C1024&amp;ssl=1 727w, https:\/\/i0.wp.com\/www.rdpemancipation.org\/wp-content\/uploads\/2022\/09\/image-48.png?resize=213%2C300&amp;ssl=1 213w, https:\/\/i0.wp.com\/www.rdpemancipation.org\/wp-content\/uploads\/2022\/09\/image-48.png?resize=768%2C1082&amp;ssl=1 768w, https:\/\/i0.wp.com\/www.rdpemancipation.org\/wp-content\/uploads\/2022\/09\/image-48.png?resize=1090%2C1536&amp;ssl=1 1090w, https:\/\/i0.wp.com\/www.rdpemancipation.org\/wp-content\/uploads\/2022\/09\/image-48.png?w=1246&amp;ssl=1 1246w\" sizes=\"auto, (max-width: 246px) 100vw, 246px\" \/><\/figure>\n\n\n\n<p><a href=\"https:\/\/www.francetvinfo.fr\/monde\/afrique\/politique-africaine\/les-journalistes-de-france-24-et-rfi-protestent-apres-les-declarations-de-macron-sur-la-strategie-d-influence-de-la-france-notamment-en-afrique_5339212.html#xtor=RSS-3-[monde]?utm_source=actus_lilo\">Journalistes de France 24 et RFI protestent apr\u00e8s d\u00e9clarations de Macron sur la strat\u00e9gie d\u2019influence de la France notamment en Afrique<\/a> (Francetvinfo)<\/p>\n\n\n\n<p><a href=\"https:\/\/www.francetvinfo.fr\/economie\/medias\/tf1\/le-conflit-entre-canal-et-tf1-resume-en-quatre-actes_5341936.html#xtor=RSS-3-[economie\/medias]?utm_source=actus_lilo\">Le conflit entre Canal et TF1 r\u00e9sum\u00e9 en quatre actes<\/a> (Francetvinfo)<\/p>\n\n\n\n<p><strong><mark style=\"background-color:rgba(0, 0, 0, 0);color:#dc1d1d\" class=\"has-inline-color\">4 septembre en continu<\/mark><\/strong><\/p>\n\n\n\n<p><a href=\"https:\/\/www.mediapart.fr\/journal\/france\/030922\/macron-l-algerie-et-sa-vision-des-medias\">Macron, l\u2019Alg\u00e9rie et sa vision des m\u00e9dias<\/a> (M\u00e9diapart)<\/p>\n\n\n\n<p><a href=\"https:\/\/blogs.mediapart.fr\/histoire-coloniale-et-postcoloniale\/blog\/030922\/intervention-choquante-de-lelysee-apres-une-tribune-publiee-dans-le-monde\">Intervention choquante de l&rsquo;Elys\u00e9e apr\u00e8s une tribune publi\u00e9e dans \u2018Le Monde\u2019<\/a> (Histoire coloniale et postcoloniale)<\/p>\n\n\n\n<p><a href=\"https:\/\/www.boursorama.com\/actualite-economique\/actualites\/la-ministre-de-la-culture-demande-a-canal-de-retablir-tf1-sur-son-offre-tnt-sat-fb2ff63e0c765cc5d6a585afc0dd5168\">La ministre de la Culture demande \u00e0 Canal+ de r\u00e9tablir TF1 sur son offre TNT Sat<\/a> <strong>&nbsp;<\/strong>(AFP<strong>)<\/strong><\/p>\n\n\n\n<p><strong><mark style=\"background-color:rgba(0, 0, 0, 0);color:#dc1d1d\" class=\"has-inline-color\">3 septembre en continu<\/mark><\/strong><\/p>\n\n\n\n<p><a href=\"https:\/\/www.liberation.fr\/checknews\/le-monde-a-t-il-censure-une-tribune-sur-les-declarations-de-macron-en-algerie-20220902_5BWL6TZPBNFI5HFQ4U7OHIQ7BI\/\">\u00abLe Monde\u00bb a-t-il censur\u00e9 une tribune sur les d\u00e9clarations de Macron en Alg\u00e9rie ?<\/a> (CheckNews)<\/p>\n\n\n\n<p><a href=\"https:\/\/www.boursorama.com\/actualite-economique\/actualites\/le-groupe-canal-annonce-renoncer-a-la-diffusion-des-chaines-du-groupe-tf1-8d9a6f8d097476ce42cf8b9071c8b0b9\">Le groupe Canal+ annonce \u00ab\u00a0renoncer\u00a0\u00bb \u00e0 la diffusion des cha\u00eenes du groupe TF1<\/a> &nbsp;(AFP)<\/p>\n\n\n\n<p><a href=\"https:\/\/common.indigo-net.com\/lib\/cookie_log\/redirector.asp?mail=n.chevillard@noos.fr&amp;ID=489938&amp;DOCIID=109703480&amp;ENAIID=754734&amp;RETOUR=SIMPLE&amp;link=https:\/\/www.lalettrea.fr\/medias_audiovisuel\/2022\/09\/02\/la-majorite-se-penche-sur-une-taxation-des-gafam-pour-financer-l-audiovisuel-public,109808930-art?cxt=PUB&amp;utm_source=LLA&amp;utm_medium=email&amp;utm_campaign=AUTO_EDIT_SOM\" target=\"_blank\" rel=\"noreferrer noopener\">La majorit\u00e9 se penche sur une taxation des Gafam pour financer l&rsquo;audiovisuel public<\/a> (La Lettre A)<\/p>\n\n\n\n<p><a href=\"https:\/\/common.indigo-net.com\/lib\/cookie_log\/redirector.asp?mail=n.chevillard@noos.fr&amp;ID=489772&amp;DOCIID=109703480&amp;ENAIID=754568&amp;RETOUR=SIMPLE&amp;link=https:\/\/www.lalettrea.fr\/medias_presse-ecrite\/2022\/08\/31\/le-parisien--le-directeur-des-redactions-jean-michel-salvator-ecarte,109808593-art?cxt=PUB&amp;utm_source=LLA&amp;utm_medium=email&amp;utm_campaign=AUTO_EDIT_SOM\" target=\"_blank\" rel=\"noreferrer noopener\">Le Parisien : le directeur des r\u00e9dactions Jean-Michel Salvator \u00e9cart\u00e9<\/a>&nbsp;(La Lettre A)<\/p>\n\n\n\n<p><strong><mark style=\"background-color:rgba(0, 0, 0, 0);color:#dc1d1d\" class=\"has-inline-color\">1er septembre en continu<\/mark><\/strong><\/p>\n\n\n\n<p><a href=\"https:\/\/www.arretsurimages.net\/articles\/refus-dobtemperer-en-hausse-les-medias-semballent\" target=\"_blank\" rel=\"noreferrer noopener\">Refus d&rsquo;obtemp\u00e9rer \u00ab\u00a0en hausse\u00a0\u00bb : les m\u00e9dias s&#8217;emballent<\/a><strong><a href=\"https:\/\/www.arretsurimages.net\/articles\/refus-dobtemperer-en-hausse-les-medias-semballent\" target=\"_blank\" rel=\"noreferrer noopener\"> <\/a>&nbsp;(<\/strong>Arr\u00eat sur images)<\/p>\n\n\n\n<p><a href=\"https:\/\/www.mediapart.fr\/journal\/france\/010922\/une-direction-accusee-une-redaction-brisee-l-enquete-qui-met-le-feu-au-canard-enchaine\" target=\"_blank\" rel=\"noreferrer noopener\">Une direction accus\u00e9e, une r\u00e9daction bris\u00e9e: l\u2019enqu\u00eate qui met le feu au \u00abCanard encha\u00een\u00e9\u00bb<\/a> &nbsp;(M\u00e9diapart)<\/p>\n\n\n\n<figure class=\"wp-block-image size-full is-resized\"><img data-recalc-dims=\"1\" loading=\"lazy\" decoding=\"async\" src=\"https:\/\/i0.wp.com\/www.rdpemancipation.org\/wp-content\/uploads\/2022\/09\/image-5.png?resize=455%2C678&#038;ssl=1\" alt=\"\" class=\"wp-image-96508\" width=\"455\" height=\"678\" srcset=\"https:\/\/i0.wp.com\/www.rdpemancipation.org\/wp-content\/uploads\/2022\/09\/image-5.png?w=600&amp;ssl=1 600w, https:\/\/i0.wp.com\/www.rdpemancipation.org\/wp-content\/uploads\/2022\/09\/image-5.png?resize=201%2C300&amp;ssl=1 201w\" sizes=\"auto, (max-width: 455px) 100vw, 455px\" \/><\/figure>\n\n\n\n<p><a href=\"https:\/\/mediakwest.com\/la-virtualisation-pour-dynamiser-le-monde-des-medias\/?utm_source=MK_NL\">La virtualisation pour dynamiser le monde des m\u00e9dias<\/a> (Mediakwest)<\/p>\n\n\n\n<p><a href=\"https:\/\/mediakwest.com\/flee-alliance-parfaite-de-lanimation-et-du-documentaire\/\">\u00ab Flee \u00bb, alliance parfaite de l\u2019animation et du documentaire<\/a> (Mediakwest)<\/p>\n\n\n\n<p><\/p>\n","protected":false},"excerpt":{"rendered":"<p>30 septembre en continu Val\u00e9rie Rey-Robert : \u2018Le probl\u00e8me, ce n&rsquo;est pas la t\u00e9l\u00e9-r\u00e9alit\u00e9, c&rsquo;est ceux qui la font\u2019 &nbsp;(Le Bondy Blog) Canal+, le co\u00fbt de la panne &nbsp;(Les Jours) 29 septembre en continu Rupert Murdoch : le patron de m\u00e9dias le plus puissant de tous les temps (Magma,France inter) Le \u00ab gourou \u00bb de &#8230; <a title=\"Septembre &#8211; Medias\" class=\"read-more\" href=\"https:\/\/www.rdpemancipation.org\/?p=96436\" aria-label=\"En savoir plus sur Septembre &#8211; Medias\">Lire la suite<\/a><\/p>\n","protected":false},"author":1,"featured_media":0,"comment_status":"closed","ping_status":"closed","sticky":false,"template":"","format":"standard","meta":{"_lmt_disableupdate":"","_lmt_disable":"","_jetpack_memberships_contains_paid_content":false,"footnotes":""},"categories":[26],"tags":[],"class_list":["post-96436","post","type-post","status-publish","format-standard","hentry","category-medias"],"modified_by":"nch","jetpack_featured_media_url":"","jetpack_sharing_enabled":true,"_links":{"self":[{"href":"https:\/\/www.rdpemancipation.org\/index.php?rest_route=\/wp\/v2\/posts\/96436","targetHints":{"allow":["GET"]}}],"collection":[{"href":"https:\/\/www.rdpemancipation.org\/index.php?rest_route=\/wp\/v2\/posts"}],"about":[{"href":"https:\/\/www.rdpemancipation.org\/index.php?rest_route=\/wp\/v2\/types\/post"}],"author":[{"embeddable":true,"href":"https:\/\/www.rdpemancipation.org\/index.php?rest_route=\/wp\/v2\/users\/1"}],"replies":[{"embeddable":true,"href":"https:\/\/www.rdpemancipation.org\/index.php?rest_route=%2Fwp%2Fv2%2Fcomments&post=96436"}],"version-history":[{"count":48,"href":"https:\/\/www.rdpemancipation.org\/index.php?rest_route=\/wp\/v2\/posts\/96436\/revisions"}],"predecessor-version":[{"id":99577,"href":"https:\/\/www.rdpemancipation.org\/index.php?rest_route=\/wp\/v2\/posts\/96436\/revisions\/99577"}],"wp:attachment":[{"href":"https:\/\/www.rdpemancipation.org\/index.php?rest_route=%2Fwp%2Fv2%2Fmedia&parent=96436"}],"wp:term":[{"taxonomy":"category","embeddable":true,"href":"https:\/\/www.rdpemancipation.org\/index.php?rest_route=%2Fwp%2Fv2%2Fcategories&post=96436"},{"taxonomy":"post_tag","embeddable":true,"href":"https:\/\/www.rdpemancipation.org\/index.php?rest_route=%2Fwp%2Fv2%2Ftags&post=96436"}],"curies":[{"name":"wp","href":"https:\/\/api.w.org\/{rel}","templated":true}]}}