{"id":8879,"date":"2021-01-01T09:05:07","date_gmt":"2021-01-01T08:05:07","guid":{"rendered":"https:\/\/www.rdpemancipation.org\/?p=8879"},"modified":"2021-01-30T22:40:16","modified_gmt":"2021-01-30T21:40:16","slug":"janvier-migrations","status":"publish","type":"post","link":"https:\/\/www.rdpemancipation.org\/?p=8879","title":{"rendered":"Janvier-Migrations"},"content":{"rendered":"\n<p><span><span class=\"has-inline-color has-vivid-red-color\" style=\"\"><b>30 janvier en continu<\/b><\/span><\/span><\/p>\n\n\n\n<p><a href=\"https:\/\/www.courrierdesbalkans.fr\/refugies-balkans-les-dernieres-infos\">Les derni\u00e8res infos | R\u00e9fugi\u00e9s Balkans \u2022 Frontex quitte la Hongrie<\/a> (Le Courrier des Balkans)&nbsp;<\/p>\n\n\n\n<p><a href=\"https:\/\/info.mediapart.fr\/optiext\/optiextension.dll?ID=rZYrXd9X961yiU6iafZWrEyk8anpwZKYHNuf5LHQa9KsONGHyhjRwW8+3NLDDFB0wuRb0rKYOaUzPiY3bwTEmSrKIhgjt\">Dans les Pyr\u00e9n\u00e9es, une marche pour \u00abnettoyer un col souill\u00e9\u00bb<\/a> (MDP)<\/p>\n\n\n\n<figure class=\"wp-block-image is-resized is-style-default\"><img data-recalc-dims=\"1\" loading=\"lazy\" decoding=\"async\" src=\"https:\/\/i0.wp.com\/static.mediapart.fr\/etmagine\/default\/files\/2021\/01\/30\/portillon-nopasaran-1.jpg?resize=408%2C260&#038;ssl=1\" alt=\"Rassemblement au col du Portillon vendredi 29 janvier. \u00a9 ER\" width=\"408\" height=\"260\" title=\"Rassemblement au col du Portillon vendredi 29 janvier. \u00a9 ER\"\/><\/figure>\n\n\n\n<p><a href=\"https:\/\/info.mediapart.fr\/optiext\/optiextension.dll?ID=hLKhLLdtEuR1FQA_nhtcgLYGEmWYLx+KnCSE0fKvY_4xiaG3piHAek+qCnkao4NbmLORx83P7fQ6x2t_jwrgy4ehe7wNx\">A Mayotte, la France recrute des navires priv\u00e9s pour stopper les migrants<\/a> (MDP)<\/p>\n\n\n\n<p><span><span class=\"has-inline-color has-vivid-red-color\" style=\"\"><b>28 janvier <\/b><\/span><\/span><\/p>\n\n\n\n<p><a href=\"https:\/\/reporterre.net\/L-Etat-doit-laisser-les-journalistes-informer-a-Calais-demande-un-recours-en-justice\">L&rsquo;\u00c9tat doit laisser les journalistes informer \u00e0 Calais, demande un recours en justice<\/a> (Reporterre)<\/p>\n\n\n\n<p><a href=\"https:\/\/www.lemediatv.fr\/emissions\/2021\/calais-les-migrants-dans-lenfer-de-la-repression-policiere-hgEOOCkTQoGIZIo6vQAm3A\">Calais, les migrants dans l&rsquo;enfer de la r\u00e9pression polici\u00e8re<\/a> (Le M\u00e9dia)<\/p>\n\n\n\n<p><span><span class=\"has-inline-color has-vivid-red-color\" style=\"\"><b>27 janvier <\/b><\/span><\/span><\/p>\n\n\n\n<p><a href=\"http:\/\/www.politis.fr\/articles\/2021\/01\/squat-du-16eme-tout-le-monde-a-ete-loge-42756\/\">Squat du 16<sup>\u00e8me&nbsp;<\/sup>: Tout le monde a \u00e9t\u00e9 log\u00e9<\/a> \u2013 Nadia Sweeny (Politis)<\/p>\n\n\n\n<p><span><span class=\"has-inline-color has-vivid-red-color\" style=\"\"><b>25 janvier en continu<\/b><\/span><\/span><\/p>\n\n\n\n<p><a href=\"https:\/\/www.courrierdesbalkans.fr\/Les-dernieres-infos-Refugies-Balkans-o-Athenes-demande-a-l-UE-le-retour-de-1450\">Ath\u00e8nes demande \u00e0 l&rsquo;UE le retour de 1450 r\u00e9fugi\u00e9s en Turquie<\/a> (Le Courrier des Balkans)<\/p>\n\n\n\n<p><a href=\"https:\/\/www.ritimo.org\/Le-conflit-du-Tigre-declenche-une-nouvelle-vague-de-refugie-es-dans-une-region\">Le conflit du Tigr\u00e9 d\u00e9clenche une nouvelle vague de r\u00e9fugi\u00e9\u00b7es dans une r\u00e9gion encore \u00e9prouv\u00e9e par les crises pr\u00e9c\u00e9dentes<\/a> (Ritimo)<\/p>\n\n\n\n<p><a href=\"https:\/\/info.mediapart.fr\/optiext\/optiextension.dll?ID=qYZq3i072xSIYkXrcZk_P1b43_CFE6QhkBP_mzBzTBVNrwRazi0CUF_l4X2pcFbm5q1iV5CDGX3Fz5gvG+_Kpn6XNbAag\">Damien Car\u00eame: \u00abSur les migrants, le gouvernement joue l\u2019\u00e9puisement\u00bb<\/a> &#8211; La r\u00e9daction de Mediapart<\/p>\n\n\n\n<p><a href=\"https:\/\/www.lacimade.org\/lutter-contre-les-amalgames-et-la-desinformation-visant-les-personnes-etrangeres\/\">Lutter contre les amalgames et la d\u00e9sinformation concernant les personnes \u00e9trang\u00e8res<\/a> \u2013 (LaCimade)<\/p>\n\n\n\n<p><a href=\"https:\/\/www.bondyblog.fr\/societe\/migrations\/pas-de-nationalite-francaise-pour-saida-elle-travaille-trop\/\">Pas de nationalit\u00e9 fran\u00e7aise pour Sa\u00efda&nbsp;: Elle travaille trop<\/a> \u2013 Sylsph\u00e9e Bertili (Bondy Blog)<\/p>\n\n\n\n<figure class=\"wp-block-image is-resized is-style-default\"><img loading=\"lazy\" decoding=\"async\" src=\"https:\/\/scontent.fhex4-1.fna.fbcdn.net\/v\/t1.0-9\/142390524_1135231913565942_4765661427299516103_n.png?_nc_cat=101&amp;ccb=2&amp;_nc_sid=730e14&amp;_nc_eui2=AeEPRUbb7hc8KWcmJdtgyJQ51ftnTkPhBhXV-2dOQ-EGFYlxBGr3TPveypladTib4q8&amp;_nc_ohc=j9dc7DNDav0AX-5J9Um&amp;_nc_ht=scontent.fhex4-1.fna&amp;oh=9f308994f5155dae2ab56aaff00bb361&amp;oe=60342943\" alt=\"L\u2019image contient peut-\u00eatre\u00a0: 2 personnes, personnes debout, texte qui dit \u2019SACHEZ LES RECONNA\u00ceTRE IL FUIT L'IMP\u00c3T IL FUIT LA GUERRE ET LA MIS\u00c8RE BON MIGRANT X MAUVAIS MIGRANT regards.fr\u2019\" width=\"402\" height=\"281\"\/><\/figure>\n\n\n\n<figure class=\"wp-block-image is-resized is-style-default\"><img loading=\"lazy\" decoding=\"async\" src=\"https:\/\/scontent.fhex4-2.fna.fbcdn.net\/v\/t1.0-9\/142834060_1134639793625154_3945177153536181996_n.jpg?_nc_cat=111&amp;ccb=2&amp;_nc_sid=730e14&amp;_nc_eui2=AeG0lusxIk3C8mKDGNPeBqmkq3YMuW5L-xqrdgy5bkv7GkQ7hV6r3ESEXVggZ0G0cLY&amp;_nc_ohc=peBtGoYqlgMAX_j5Z2I&amp;_nc_ht=scontent.fhex4-2.fna&amp;oh=aa90017a695e6e586e65a4ac5d884f47&amp;oe=6034669B\" alt=\"Aucune description de photo disponible.\" width=\"395\" height=\"296\"\/><\/figure>\n\n\n\n<p><strong><span class=\"has-inline-color has-vivid-red-color\">24 janvier <\/span><\/strong><\/p>\n\n\n\n<p><a href=\"https:\/\/lenumerozero.mediaslibres.org\/Incendie-au-CRA-du-Mesnil-Amelot-revolte-a-Vincennes-5112\">Incendie au CRA du Mesnil-Amelot, r\u00e9volte \u00e0 Vincennes<\/a> (Mutu)<\/p>\n\n\n\n<p><a href=\"https:\/\/www.boursorama.com\/actualite-economique\/actualites\/des-migrants-occupent-une-ecole-parisienne-pour-reclamer-leur-mise-a-l-abri-47c03dfebb6107afa30a76bee2ed6652\">Des migrants occupent une \u00e9cole parisienne pour r\u00e9clamer leur mise \u00e0 l&rsquo;abri<\/a> (AFP)<\/p>\n\n\n\n<p><strong><span class=\"has-inline-color has-vivid-red-color\">23 janvier <\/span><\/strong><\/p>\n\n\n\n<p><a href=\"https:\/\/info.mediapart.fr\/optiext\/optiextension.dll?ID=0wx0vT4a2H7QsQNzvSLZop0qEk+KraQOU6jyRu+O3rFzYCIe8jbaiY_YxhvT1YyNRe+8CirZB_H_7Gi5pSKrs1xIDvO04\">374 migrants secourus en 48&nbsp;heures: et l\u2019\u00abOcean Viking\u00bb prit vie<\/a> (MDP)<\/p>\n\n\n\n<p><a href=\"https:\/\/info.mediapart.fr\/optiext\/optiextension.dll?ID=0wx0vsBslB7fm03_Q_f8Y96QVgaqSoz8d+_E91fDJxFoEeHe8uuCRDbjvmYJyj6e3c94Z_6u+blNnpME4U9_ywRvUHdmB\">Le 24 janvier, c\u2019est la journ\u00e9e internationale de l\u2019Education!<\/a> -La Cimade<\/p>\n\n\n\n<p><a href=\"https:\/\/www.humanite.fr\/immigration-letat-francais-viole-de-plus-en-plus-regulierement-les-droits-des-etrangers-699143#xtor=RSS-1\">Immigration. L\u2019Etat fran\u00e7ais viole de plus en plus r\u00e9guli\u00e8rement les droits des \u00e9trangers.<\/a> (L\u2019Humanit\u00e9)<\/p>\n\n\n\n<figure class=\"wp-block-image is-resized is-style-default\"><img loading=\"lazy\" decoding=\"async\" src=\"https:\/\/scontent.fhex4-2.fna.fbcdn.net\/v\/t1.0-0\/s640x640\/141433764_1134036967018770_5087212756029011168_n.png?_nc_cat=110&amp;ccb=2&amp;_nc_sid=730e14&amp;_nc_ohc=8HnohsbIJ2oAX-Hvg9k&amp;_nc_ht=scontent.fhex4-2.fna&amp;_nc_tp=30&amp;oh=cd0c23e9768a208557b6de8501a0a676&amp;oe=6032323D\" alt=\"L\u2019image contient peut-\u00eatre\u00a0: 1 personne, texte qui dit \u2019Chermonde, Cher monde, Arr\u00eatez de d\u00e9truire nos maisons Arr\u00eatez de bombarder nos pays Arr\u00eatez de tuer notre peuple Avant de nous dire d'arr\u00eater d'\u00eatre des r\u00e9fugi\u00e9s\u2019\" width=\"369\" height=\"459\"\/><\/figure>\n\n\n\n<p><strong><span class=\"has-inline-color has-vivid-red-color\">22 janvier <\/span><\/strong><\/p>\n\n\n\n<p><a href=\"https:\/\/www.mediapart.fr\/journal\/international\/220121\/une-premiere-operation-de-sauvetage-de-119-migrants-reussie-pour-l-ocean-viking\">Une premi\u00e8re op\u00e9ration de sauvetage de 119 migrants r\u00e9ussie pour l\u2019\u00abOcean Viking\u00bb<\/a> (M\u00e9diapart)<\/p>\n\n\n\n<p><a href=\"https:\/\/www.boursorama.com\/actualite-economique\/actualites\/regroupement-familial-le-conseil-d-etat-retoque-les-limitations-imposees-par-le-gouvernement-895cbecbc16da8b52d0611cf24ac76dd\">Regroupement familial : le Conseil d&rsquo;\u00c9tat retoque les limitations impos\u00e9es par le gouvernement<\/a> (Boursorama)<\/p>\n\n\n\n<p><a href=\"https:\/\/www.revolutionpermanente.fr\/Le-bilan-de-l-Europe-forteresse-s-alourdit-43-morts-dans-le-naufrage-d-une-embarcation-en\">Le bilan de l\u2019Europe forteresse s\u2019alourdit&nbsp;: 43 morts dans le naufrage d\u2019une embarcation en M\u00e9diterran\u00e9e<\/a> (RP)<\/p>\n\n\n\n<p><a href=\"https:\/\/info.mediapart.fr\/optiext\/optiextension.dll?ID=ZrqZtg5wNNlXJ7pT5+GRl1fuf5kljGS8NXk8VLaf+Yyr15sJ6cboRkg9Tq+mFwgQH2lEiaAOMByyw+B1k_uV1+zJiHqZ1\">Entre les vagues<\/a> &#8211; blog <a href=\"https:\/\/info.mediapart.fr\/optiext\/optiextension.dll?ID=ZrqZw43gz_dlTIRizXYiJOKGlKrA1cZZjCMjRv0S4DCUR+ad7CUqwnYkk2wE8lQXpEE1615l3WAQy_CnpmtYUSHhAqDZn\">mdemille<\/a><\/p>\n\n\n\n<figure class=\"wp-block-image is-resized is-style-default\"><img loading=\"lazy\" decoding=\"async\" src=\"https:\/\/scontent.fhex4-2.fna.fbcdn.net\/v\/t1.0-9\/141980287_1133463257076141_7271969929979497320_o.jpg?_nc_cat=103&amp;ccb=2&amp;_nc_sid=730e14&amp;_nc_ohc=iGfVX886Eh0AX-C3m2Q&amp;_nc_ht=scontent.fhex4-2.fna&amp;oh=203bc3ecea1ac80908df7d378a86a919&amp;oe=602F7297\" alt=\"L\u2019image contient peut-\u00eatre\u00a0: une personne ou plus et plein air, texte qui dit \u2019Les fils \u00e0 papa, financ\u00e9s par la bourgeoisie, vont chasser les pauvres dans la montagne. Et ils sont fiers fiers comme s'ils \u00e9taient capable de pisser tout seul. #D\u00e9g\u00e9n\u00e9rationldentitaire 1\u2019\" width=\"398\" height=\"566\"\/><\/figure>\n\n\n\n<figure class=\"wp-block-image is-resized is-style-default\"><img data-recalc-dims=\"1\" loading=\"lazy\" decoding=\"async\" src=\"https:\/\/i0.wp.com\/www.revolutionpermanente.fr\/local\/cache-vignettes\/L653xH408\/arton23742-f3d97.jpg?resize=432%2C270&#038;ssl=1\" alt=\"\" width=\"432\" height=\"270\"\/><\/figure>\n\n\n\n<p><strong><span class=\"has-inline-color has-vivid-red-color\">21 janvier <\/span><\/strong><\/p>\n\n\n\n<p><a href=\"https:\/\/www.mediapart.fr\/journal\/international\/210121\/le-garde-frontiere-frontex-en-pleine-tourmente\">Le garde-fronti\u00e8re Frontex en pleine tourmente<\/a> (M\u00e9diapart)<\/p>\n\n\n\n<p><a href=\"https:\/\/info.mediapart.fr\/optiext\/optiextension.dll?ID=PlkPoOwlAKBylEMzZWTZTkRerbLBy4sVgw6HykcCMRm7dqJ5HcFObD6bWrri2MbsQ77tr6XLauXOZilOgoYFS0juwgMHo\">Le garde-fronti\u00e8re Frontex en pleine tourmente<\/a> (MDP)<\/p>\n\n\n\n<p><a href=\"https:\/\/www.infomigrants.net\/fr\/post\/29725\/dans-les-alpes-les-associations-d-aide-aux-migrants-se-disent-harcelees-par-la-police-aux-frontieres?klklk=mmm\">Dans les Alpes, les associations d&rsquo;aide aux migrants se disent \u00ab\u00a0harcel\u00e9es\u00a0\u00bb par la Police aux fronti\u00e8res<\/a> (InfoMigrants)<\/p>\n\n\n\n<figure class=\"wp-block-image is-resized is-style-default\"><img data-recalc-dims=\"1\" loading=\"lazy\" decoding=\"async\" src=\"https:\/\/i0.wp.com\/scd.infomigrants.net\/media\/resize\/my_image_medium\/4741b3a4e3162115734cdc6b632c3e911604bac0.jpeg?resize=391%2C220&#038;ssl=1\" alt=\"Des marcheurs dans les Alpes fran\u00e7aises. Cr\u00e9dit : Pixabay\" width=\"391\" height=\"220\"\/><\/figure>\n\n\n\n<p><strong><span class=\"has-inline-color has-vivid-red-color\">20 janvier<\/span><\/strong><\/p>\n\n\n\n<p><strong><em>Pour renforcer la veille dans cette rubrique- ou d\u2019autres- contactez le&nbsp;<a href=\"https:\/\/www.rdpemancipation.org\/?page_id=1138\" rel=\"noreferrer noopener\" target=\"_blank\">Collectif.<\/a><\/em><\/strong><\/p>\n\n\n\n<p><a href=\"https:\/\/www.mediapart.fr\/journal\/fil-dactualites\/190121\/grece-naufrage-d-une-embarcation-de-migrants-un-mort-27-rescapes\">Naufrage d\u2019une embarcation de migrants (Gr\u00e8ce)<\/a> \u2013 (AFP)<\/p>\n\n\n\n<p><a href=\"https:\/\/www.mediapart.fr\/journal\/fil-dactualites\/190121\/calais-des-campements-de-migrants-installes-sous-des-ponts-expulses\">Des campements de migrants install\u00e9s sous des ponts expuls\u00e9s (Calais)<\/a> \u2013 (AFP)<\/p>\n\n\n\n<p><a href=\"https:\/\/www.mediapart.fr\/journal\/fil-dactualites\/200121\/libye-naufrage-d-une-embarcation-de-migrants-au-moins-43-morts\">Naufrage d\u2019une embarcation de migrants (Libye)<\/a> \u2013 (AFP)<\/p>\n\n\n\n<p><a href=\"https:\/\/www.contretemps.eu\/feminiser-regard-migrations-entretien-schmoll\/\">F\u00e9miniser le regard sur les migrations<\/a> \u2013 Camille Schmoll (ContreTemps)<\/p>\n\n\n\n<p><a href=\"https:\/\/www.bastamag.net\/Un-helicoptere-de-secours-en-montagne-ramene-une-famille-d-exiles-avec-deux-bebes-a-la-frontiere-plutot-qu-a-l-hopital-droits-fondamentaux-asile\">Une famille en d\u00e9tresse h\u00e9liport\u00e9e au poste de police<\/a> \u2013 Sophie Chapelle (Basta)<\/p>\n\n\n\n<p><a href=\"http:\/\/www.politis.fr\/articles\/2021\/01\/une-regularisation-sous-la-pression-42750\/\">Une r\u00e9gularisation sous la pression<\/a> \u2013 (Politis)<\/p>\n\n\n\n<p><a href=\"https:\/\/l.facebook.com\/l.php?u=https:\/\/www.letelegramme.fr\/finistere\/morlaix\/plus-de-200-personnes-a-morlaix-pour-la-regularisation-des-sans-papiers-en-images-19-01-2021-12690775.php?share_auth=33190fcff199ad6287e10688ea3fb3c9&amp;fbclid=IwAR0V2kobT0Tigy3NovKx5p4SXud9rwEpc8w3DTEd1ZzZwAQfzG1PwM9eV0g&amp;h=AT1UWJBYJtx9Xz20hcUr5DT1R7J4m4J0FB_kZW-jqQF7Ng8HH6eaA0SORGrU8oO-L1WwryhdS5VkIKlZHlkaUXl6qASP2WV8E2Egi-BatmxZ4pzIplDUyc3dOJYdG57WeP3rsKk&amp;__tn__=,mH-R&amp;c%5B0%5D=AT3NC7bqaWIxu5JrVAJcpTbbXmmdzLYQGucW24-IzMKYhu_y-u-dGJJ9h3vdP0HdLUUZ2NkHLl5DCZ8PBnLZXeWdw6YIkhMNYkB_XWWLHpbCI0yAL-y4wxgGinzurocKH-It1ekFHhR43MmvSO2Msx3U18OSTlKIbxmiD45ySuA7l1M\">Morlaix &#8211; Plus de 200 personnes \u00e0 Morlaix pour la r\u00e9gularisation des sans-papiers [En vid\u00e9o] <\/a>(Le T\u00e9l\u00e9gramme)<\/p>\n\n\n\n<p><a href=\"https:\/\/guitinews.fr\/deconstruisons-nous\/2021\/01\/19\/du-bon-mot-glossaire-sur-la-migration\/\">Du bon mot : glossaire sur la migration<\/a> (Guiti News)<\/p>\n\n\n\n<p><a href=\"https:\/\/orientxxi.info\/magazine\/golfe-l-impossible-reforme-du-droit-des-travailleurs-etrangers,4444\">Golfe. L\u2019impossible r\u00e9forme du droit des travailleurs \u00e9trangers<\/a> par Sebastian Castelier (Orient XXI)<\/p>\n\n\n\n<p><a href=\"https:\/\/www.mediapart.fr\/studio\/portfolios\/l-exil-des-femmes-philippines-au-service-des-plus-riches\">L\u2019exil des femmes philippines, au service des plus riches<\/a> -Photos Thomas Morel-Fort<\/p>\n\n\n\n<figure class=\"wp-block-image is-resized is-style-default\"><img data-recalc-dims=\"1\" loading=\"lazy\" decoding=\"async\" src=\"https:\/\/i0.wp.com\/static.mediapart.fr\/etmagine\/portfolio\/files\/portfolios\/28693\/Donna-Morel-Fort_10.jpg?resize=406%2C270&#038;ssl=1\" alt=\"\" width=\"406\" height=\"270\"\/><\/figure>\n\n\n\n<p><strong><span class=\"has-inline-color has-vivid-red-color\">19 janvier en continu<\/span><\/strong><\/p>\n\n\n\n<p><a href=\"https:\/\/solidaires.org\/FASTI-Journee-Abrogeons-le-CESEDA-concretisons-la-Liberte-de-circulation-et-d\">FASTI : Journ\u00e9e Abrogeons le CESEDA, concr\u00e9tisons la Libert\u00e9 de circulation et d&rsquo;installation &#8211; 23\/01 (Paris)<\/a> (Solidaires)<\/p>\n\n\n\n<p><a href=\"https:\/\/marcelle.media\/2021\/01\/19\/migrants-sos-mediterranee-reprend-ses-patrouilles\/?utm_source=rss&amp;utm_medium=rss&amp;utm_campaign=migrants-sos-mediterranee-reprend-ses-patrouilles\">Migrants : SOS M\u00e9diterran\u00e9e reprend ses patrouilles<\/a>&nbsp; (Marcelle)<\/p>\n\n\n\n<p><a href=\"https:\/\/marcelle.media\/2021\/01\/18\/aide-insertion-mineurs-non-accompagnes\/?utm_source=rss&amp;utm_medium=rss&amp;utm_campaign=aide-insertion-mineurs-non-accompagnes\">Des salari\u00e9s en insertion cuisinent pour les migrants mineurs non accompagn\u00e9s<\/a> (Marcelle)<\/p>\n\n\n\n<p><a href=\"https:\/\/info.mediapart.fr\/optiext\/optiextension.dll?ID=JbaJfyn7ome5_SotMaKcmUV0eYPn7scCxVH9HGJWByUNzYEtQ1A+4UbrW4xlkWUB8oAE9qNjzW5HGqIj6YPaJcE4AMABW\">Au-del\u00e0 du cas de Laye, apprenti-boulanger<\/a> &#8211; blog Yves Faucoup<\/p>\n\n\n\n<p><a href=\"https:\/\/www.humanite.fr\/le-sort-des-travailleurs-etrangers-entre-les-mains-du-ministere-de-linterieur-698864#xtor=RSS-1\">Le sort des travailleurs \u00e9trangers entre les mains du minist\u00e8re de l&rsquo;Int\u00e9rieur<\/a> (L\u2019Humanit\u00e9)<\/p>\n\n\n\n<p><a href=\"https:\/\/www.lacimade.org\/comme-laye-et-amadou-les-enfants-etrangers-confies-a-lase-doivent-pouvoir-vivre-sur-le-territoire-francais-apres-18-ans\/\">Les enfants \u00e9trangers doivent pouvoir rester en France apr\u00e8s 18 ans<\/a> (LaCimade)<\/p>\n\n\n\n<figure class=\"wp-block-image size-large is-resized is-style-default\"><img data-recalc-dims=\"1\" loading=\"lazy\" decoding=\"async\" src=\"https:\/\/i0.wp.com\/www.rdpemancipation.org\/wp-content\/uploads\/2021\/01\/18-Dec-Journee-des-migrants-3-1200x900-1.jpg?resize=448%2C336&#038;ssl=1\" alt=\"\" class=\"wp-image-12236\" width=\"448\" height=\"336\" srcset=\"https:\/\/i0.wp.com\/www.rdpemancipation.org\/wp-content\/uploads\/2021\/01\/18-Dec-Journee-des-migrants-3-1200x900-1.jpg?resize=1024%2C768&amp;ssl=1 1024w, https:\/\/i0.wp.com\/www.rdpemancipation.org\/wp-content\/uploads\/2021\/01\/18-Dec-Journee-des-migrants-3-1200x900-1.jpg?resize=300%2C225&amp;ssl=1 300w, https:\/\/i0.wp.com\/www.rdpemancipation.org\/wp-content\/uploads\/2021\/01\/18-Dec-Journee-des-migrants-3-1200x900-1.jpg?resize=768%2C576&amp;ssl=1 768w, https:\/\/i0.wp.com\/www.rdpemancipation.org\/wp-content\/uploads\/2021\/01\/18-Dec-Journee-des-migrants-3-1200x900-1.jpg?w=1200&amp;ssl=1 1200w\" sizes=\"auto, (max-width: 448px) 100vw, 448px\" \/><\/figure>\n\n\n\n<p><strong><span class=\"has-inline-color has-vivid-red-color\">17 janvier <\/span><\/strong><\/p>\n\n\n\n<p><a href=\"https:\/\/info.mediapart.fr\/optiext\/optiextension.dll?ID=iQRiO6c1xuxFf0vE8z2hdBJ0trtK6NW1NuGW1loaLx7B5jvyajVmps_ASJSDPhf7nUtOvk7kHmIHzg2RyU7HGyBqMJfGN\">Toutes aux fronti\u00e8res! Appel \u00e0 une action f\u00e9ministe \u00e0 Nice<\/a> -blog <a href=\"https:\/\/info.mediapart.fr\/optiext\/optiextension.dll?ID=iQRiTuNwJEd0+0jkwPu3zKpWKoJDT7lLGulWIqKZmOL62wh4aKIhwrtBF5Xtgs6+SYygMDUz5dHR5S+gMCIbeNeefh14h\">Pinar Selek<\/a> (MDP)<\/p>\n\n\n\n<p><a href=\"https:\/\/www.mediapart.fr\/journal\/international\/170121\/bord-de-l-ocean-viking-ces-femmes-et-ces-hommes-au-secours-des-migrants\">A bord de l\u2019\u00abOcean Viking\u00bb, ces femmes et ces hommes au secours des migrants<\/a> par Nejma Brahim (M\u00e9diapart)<\/p>\n\n\n\n<figure class=\"wp-block-image size-large is-resized is-style-default\"><img data-recalc-dims=\"1\" loading=\"lazy\" decoding=\"async\" src=\"https:\/\/i0.wp.com\/www.rdpemancipation.org\/wp-content\/uploads\/2021\/01\/image-20.png?resize=441%2C293&#038;ssl=1\" alt=\"\" class=\"wp-image-12009\" width=\"441\" height=\"293\" srcset=\"https:\/\/i0.wp.com\/www.rdpemancipation.org\/wp-content\/uploads\/2021\/01\/image-20.png?w=600&amp;ssl=1 600w, https:\/\/i0.wp.com\/www.rdpemancipation.org\/wp-content\/uploads\/2021\/01\/image-20.png?resize=300%2C200&amp;ssl=1 300w\" sizes=\"auto, (max-width: 441px) 100vw, 441px\" \/><\/figure>\n\n\n\n<p><strong><span class=\"has-inline-color has-vivid-red-color\">15 janvier <\/span><\/strong><\/p>\n\n\n\n<p><a href=\"http:\/\/www.politis.fr\/articles\/2021\/01\/exiles-et-demandeurs-dasile-afghans-traques-insultes-humilies-42703\/\">Exil\u00e9s et demandeurs d\u2019asile afghans&nbsp;: Traqu\u00e9s, insult\u00e9s, humili\u00e9s<\/a> \u2013 Nadia Sweeny (Politis)<\/p>\n\n\n\n<p><span class=\"has-inline-color has-vivid-red-color\"><strong>13 janvier <\/strong><\/span><\/p>\n\n\n\n<p><a href=\"https:\/\/www.arretsurimages.net\/chroniques\/le-matinaute\/le-boulanger-de-besancon-et-son-apprenti\">Le boulanger de Besan\u00e7on et son apprenti<\/a> (Arr\u00eat sur images)<\/p>\n\n\n\n<p><a href=\"https:\/\/l.facebook.com\/l.php?u=https:\/\/france3-regions.francetvinfo.fr\/bretagne\/finistere\/morlaix\/traite-etre-humain-trois-migrants-portent-plainte-contre-leur-ex-employeur-finistere-1912288.html?fbclid=IwAR2oOQlnVxGelRCSjUk88KQv5I_lmTlJF3WQA30af4koeXLWzHFd-s3zu_4&amp;h=AT1AqV_kd9IUHnX_8ufheujr1Zpq2jE7ERQsDYhPP55nsjuoP6ZYIBiqhD7H1206wyTjW73J9bN7X9dTe5dISKPUJPawEX9fYi5s_2ACcGmkhOCmhk1s9N1_ZWHWWv7a40MKEkg&amp;__tn__=,mH-R&amp;c%5B0%5D=AT3RHg_mgAJMavdZffbuXmf_R1ev6AwUKjkCIL6WO7lIpapdWletRHZJjL1AXQJcU5OMo_ijZytfp4nh3TUAj4UYDS8uKZgZ0iAXiICFRtnvpMLKyLupnfaeNrRE21_5w0T6jTGbEAiSXVjMhPNqsNU_abxsrfKWhnfkuIrnsw-MjMI\">\u00ab\u00a0Traite d&rsquo;\u00eatre humain\u00a0\u00bb : des migrants portent plainte contre leur ex-employeur dans le Finist\u00e8re <\/a>(France 3)<\/p>\n\n\n\n<p><a href=\"https:\/\/lanticapitaliste.org\/actualite\/societe\/rennes-contre-les-expulsions-les-oqtf-et-le-fichage-des-mineures-etrangers\">\u00c0 Rennes, contre les expulsions, les OQTF et le fichage des mineurEs \u00e9trangers<\/a> (L\u2019Anticapitaliste)<\/p>\n\n\n\n<p><a href=\"https:\/\/lanticapitaliste.org\/actualite\/oppressions\/solidarite-dans-le-nord-pas-de-calais-avec-les-migrantes-harceles-par-la\">Nord-Pas-de-Calais : solidarit\u00e9 avec les migrantEs harcel\u00e9s par la police !<\/a> (L\u2019Anticapitaliste)<\/p>\n\n\n\n<figure class=\"wp-block-image is-resized is-style-default\"><img data-recalc-dims=\"1\" loading=\"lazy\" decoding=\"async\" src=\"https:\/\/lupodessins.files.wordpress.com\/2020\/12\/illustration_sans_titre-4.jpeg?w=560&#038;h=9999&#038;fit=560%2C9999&#038;resize=472%2C354\" alt=\"\" width=\"472\" height=\"354\" title=\"Migrants\"\/><\/figure>\n\n\n\n<p><span class=\"has-inline-color has-vivid-red-color\"><strong>12 janvier <\/strong><\/span><\/p>\n\n\n\n<p><a href=\"https:\/\/www.humanite.fr\/comment-la-mediterranee-est-devenue-la-frontiere-migratoire-la-plus-meutriere-au-monde-carte-698546#xtor=RSS-1\">Comment la M\u00e9diterran\u00e9e est devenue la fronti\u00e8re migratoire la plus meutri\u00e8re au monde. Carte interactive<\/a> (L\u2019Humanit\u00e9)<\/p>\n\n\n\n<p><a href=\"https:\/\/www.boursorama.com\/actualite-economique\/actualites\/migrants-de-nouveaux-journalistes-empeches-de-travailler-a-calais-70ebac9facf364ee5f2a252f7a8552a4\">Migrants: de nouveaux journalistes \u00ab\u00a0emp\u00each\u00e9s\u00a0\u00bb de travailler \u00e0 Calais<\/a> (AFP)<\/p>\n\n\n\n<figure class=\"wp-block-image size-large is-resized is-style-default\"><img data-recalc-dims=\"1\" loading=\"lazy\" decoding=\"async\" src=\"https:\/\/i0.wp.com\/www.rdpemancipation.org\/wp-content\/uploads\/2021\/01\/46d6da73b12219dbbc00ae87baa6eb23-760x480-1.jpg?resize=411%2C259&#038;ssl=1\" alt=\"\" class=\"wp-image-11206\" width=\"411\" height=\"259\" srcset=\"https:\/\/i0.wp.com\/www.rdpemancipation.org\/wp-content\/uploads\/2021\/01\/46d6da73b12219dbbc00ae87baa6eb23-760x480-1.jpg?w=760&amp;ssl=1 760w, https:\/\/i0.wp.com\/www.rdpemancipation.org\/wp-content\/uploads\/2021\/01\/46d6da73b12219dbbc00ae87baa6eb23-760x480-1.jpg?resize=300%2C189&amp;ssl=1 300w\" sizes=\"auto, (max-width: 411px) 100vw, 411px\" \/><\/figure>\n\n\n\n<p><a href=\"http:\/\/cqfd-journal.org\/Bras-de-fer-en-Mediterranee\">Bras de fer en M\u00e9diterran\u00e9e <\/a>par Fall Amzer (CQFD)<\/p>\n\n\n\n<p><a href=\"https:\/\/www.coordinationsud.org\/wp-content\/uploads\/CR-Webinaire-Migrations_18.12.2020.pdf\">Contr\u00f4ler les migrations pour favoriser le d\u00e9veloppement : \u00e9vidence ou non-sens ?<\/a>&nbsp; (Coordination sud)<\/p>\n\n\n\n<p><a href=\"https:\/\/www.humanite.fr\/les-damne-e-s-de-la-mer-regard-de-cartographe-2-698546#xtor=RSS-1\">Les damn\u00e9.e.s de la mer : Regard de cartographe #2<\/a> (L\u2019Humanit\u00e9)<\/p>\n\n\n\n<p><a href=\"https:\/\/www.revolutionpermanente.fr\/Scandale-Des-CRS-empechent-l-acces-d-un-centre-commercial-aux-personnes-supposees-migrantes-ou\">Scandale. Des CRS emp\u00eachent l\u2019acc\u00e8s d\u2019un centre commercial aux personnes suppos\u00e9es migrantes ou \u00e9trang\u00e8res<\/a> (RP)<\/p>\n\n\n\n<p><a href=\"https:\/\/www.boursorama.com\/actualite-economique\/actualites\/migrants-de-nouveaux-journalistes-empeches-de-travailler-a-calais-70ebac9facf364ee5f2a252f7a8552a4\">Migrants: de nouveaux journalistes \u00ab\u00a0emp\u00each\u00e9s\u00a0\u00bb de travailler \u00e0 Calais<\/a> (AFP)<\/p>\n\n\n\n<p><a href=\"http:\/\/cqfd-journal.org\/Bras-de-fer-en-Mediterranee\">Bras de fer en M\u00e9diterran\u00e9e <\/a>par Fall Amzer (CQFD)<\/p>\n\n\n\n<p><a href=\"http:\/\/www.contretemps.eu\/femmes-migrations-damnees-mer-schmoll-extrait\/\">Les damn\u00e9es de la mer. Extrait du livre de Camille Schmoll<\/a> (Contretemps)<\/p>\n\n\n\n<p><a href=\"https:\/\/info.mediapart.fr\/optiext\/optiextension.dll?ID=kOPkVkGY8aKQl+fTs3J5iuLpSeC1cmk+_C6nX7rw8EiiTuy6cMNTTzG7MIdWpOQwDzPyamFjY0XJ3v0EZ+407rZCqycYr\">Sauvetages en M\u00e9diterran\u00e9e: l\u2019\u00abOcean Viking\u00bb reprend la mer<\/a> (MDP)<\/p>\n\n\n\n<figure class=\"wp-block-image is-resized is-style-default\"><img data-recalc-dims=\"1\" loading=\"lazy\" decoding=\"async\" src=\"https:\/\/i0.wp.com\/static.mediapart.fr\/etmagine\/default\/files\/2021\/01\/10\/img-2379.jpg?resize=418%2C278&#038;ssl=1\" alt=\"L\u2019\u00ab Ocean Viking \u00bb \u00e0 quai, au port de Marseille, avant la reprise de ses op\u00e9rations de sauvetage en janvier 2021. \u00a9 NB\" width=\"418\" height=\"278\" title=\"L\u2019\u00ab Ocean Viking \u00bb \u00e0 quai, au port de Marseille, avant la reprise de ses op\u00e9rations de sauvetage en janvier 2021. \u00a9 NB\"\/><\/figure>\n\n\n\n<p><span class=\"has-inline-color has-vivid-red-color\"><strong>11 janvier<\/strong><\/span><\/p>\n\n\n\n<figure class=\"wp-block-image is-style-default\"><img data-recalc-dims=\"1\" decoding=\"async\" src=\"https:\/\/i0.wp.com\/cqfd-journal.org\/IMG\/jpg\/-1687.jpg?w=1200\" alt=\"Illustration de Pole Ka\" title=\"Illustration de Pole Ka\"\/><\/figure>\n\n\n\n<p><strong><span class=\"has-inline-color has-vivid-red-color\">9 Janvier<\/span><\/strong><\/p>\n\n\n\n<p><a href=\"https:\/\/info.mediapart.fr\/optiext\/optiextension.dll?ID=gKLgMg98tIt8nNMRyH8gqWUVaFS_y34+VhNyT15Z+l0IiyJwonA8ALJW+DVC0vShxKMFe8KpowIn2m4fH6JEMAERK6B2N\">Migrants: l\u2019\u00eele de Mayotte s\u2019enfonce dans les violences et la surench\u00e8re s\u00e9curitaire<\/a> (MDP)<\/p>\n\n\n\n<p><strong><span class=\"has-inline-color has-vivid-red-color\">8 Janvier<\/span><\/strong><\/p>\n\n\n\n<p><a href=\"https:\/\/info.mediapart.fr\/optiext\/optiextension.dll?ID=6yz6y95FNXKhC5XJkx92BwBunCLdbJztIOoIO4kKdY04YZ5kYsZlkJRe23NLnc3tYlUJ1PLHmmgJDp_yNYcyaQ9J4scQQ\">L\u2019\u00e9pop\u00e9e des irr\u00e9guliers: \u00abLa Vie l\u00e9gale\u00bb, de Dominique Dupart<\/a> (MDP)<\/p>\n\n\n\n<p><a href=\"https:\/\/www.anti-k.org\/2021\/01\/08\/expulsion-de-deux-enfants-scolarises-en-saone-et-loire-nouveau-camouflet-pour-le-prefet\/\">Expulsion de deux enfants scolarises en Sa\u00f4ne-et-Loire : nouveau camouflet pour le pr\u00e9fet ! <\/a>(Anti-K)<\/p>\n\n\n\n<p><a href=\"http:\/\/factuel.info\/abonne\/cgt-addsea\/blog\/solidarite-avec-laye-fode-et-avec-autres-jeunes-majeurs-etrangers-007321\">Solidarit\u00e9 avec Laye Fod\u00e9 et avec les autres jeunes majeurs \u00e9trangers<\/a> -CGT ADDSEA (Factuel)&nbsp;<\/p>\n\n\n\n<p><a href=\"http:\/\/www.contretemps.eu\/femmes-migrations-damnees-mer-schmoll-extrait\/\">Les damn\u00e9es de la mer. Extrait du livre de Camille Schmoll<\/a> (Contretemps)<\/p>\n\n\n\n<p><a href=\"https:\/\/www.mediapart.fr\/journal\/fil-dactualites\/080121\/migrants-plus-de-9500-passages-ou-tentatives-de-passage-de-la-manche-en-2020\">Plus de 9500 passage ou tentative de passage de la Manche en 2020<\/a> \u2013 (AFP)<\/p>\n\n\n\n<p><a href=\"https:\/\/www.contretemps.eu\/femmes-migrations-damnees-mer-schmoll-extrait\/\">Les damn\u00e9es de la mer<\/a> \u2013 Camille Schmoll (ContreTemps)<\/p>\n\n\n\n<figure class=\"wp-block-image is-resized\"><img data-recalc-dims=\"1\" loading=\"lazy\" decoding=\"async\" src=\"https:\/\/i0.wp.com\/www.contretemps.eu\/wp-content\/uploads\/migrantes-frontex.jpg?resize=405%2C206&#038;ssl=1\" alt=\"\" width=\"405\" height=\"206\"\/><\/figure>\n\n\n\n<p><strong><span class=\"has-inline-color has-vivid-red-color\">5 Janvier<\/span><\/strong><\/p>\n\n\n\n<p><a href=\"https:\/\/www.humanite.fr\/quand-le-brexit-vient-durcir-les-politiques-migratoires-698263#xtor=RSS-1\">Quand le Brexit vient durcir les politiques migratoires<\/a> (L\u2019Humanit\u00e9)<\/p>\n\n\n\n<p><a href=\"https:\/\/info.mediapart.fr\/optiext\/optiextension.dll?ID=+DC+CoBBsV4AyRGkA5rdJoVZQqgTmgs0tUu4tyjxrO4MkKxV3akvczpu5i7mJ9nDeFSByNQrScjAOC+4po0ipAUpsUzxz\">A Besan\u00e7on, un boulanger se bat contre l\u2019expulsion de son apprenti guin\u00e9en<\/a> (MDP)<\/p>\n\n\n\n<p><a href=\"https:\/\/www.arretsurimages.net\/articles\/migrants-a-grande-synthe-evacuations-sans-cameras\">Migrants \u00e0 Grande Synthe : \u00e9vacuations sans cam\u00e9ras<\/a> (Arr\u00eat sur images)<\/p>\n\n\n\n<p><strong><span class=\"has-inline-color has-vivid-red-color\">4 Janvier<\/span><\/strong><\/p>\n\n\n\n<p><a href=\"https:\/\/www.boursorama.com\/actualite-economique\/actualites\/migrants-deux-journalistes-se-plaignent-devant-la-justice-d-etre-empeches-de-travailler-0776fd09e302b0860bbc46b2af066f67\">Migrants: deux journalistes se plaignent devant la justice d&rsquo;\u00eatre \u00ab\u00a0emp\u00each\u00e9s de travailler\u00a0\u00bb<\/a> (AFP)<\/p>\n\n\n\n<p><a href=\"https:\/\/www.humanite.fr\/immigration-les-crs-coupent-nos-tentes-avec-leurs-couteaux-698264#xtor=RSS-1\">Immigration. \u00ab Les CRS coupent nos tentes avec leurs couteaux \u00bb<\/a> (L\u2019Humanit\u00e9)<\/p>\n\n\n\n<p><a href=\"https:\/\/www.cadtm.org\/Dettes-et-Migrations-Renverser-le-monde-de-la-dette\">Dettes et Migrations&nbsp;: Renverser le monde de la dette<\/a> (CADTM)<\/p>\n\n\n\n<figure class=\"wp-block-image is-resized is-style-default\"><img data-recalc-dims=\"1\" loading=\"lazy\" decoding=\"async\" src=\"https:\/\/i0.wp.com\/www.cadtm.org\/local\/cache-vignettes\/L640xH355\/arton19342-9488c.png?resize=409%2C226&#038;ssl=1\" alt=\"\" width=\"409\" height=\"226\"\/><\/figure>\n\n\n\n<p><strong><span class=\"has-inline-color has-vivid-red-color\">3 Janvier<\/span><\/strong><\/p>\n\n\n\n<p><a href=\"https:\/\/blogs.mediapart.fr\/jean-marc-b\/blog\/020121\/partout-ou-necessite-fait-loi-video-cedric-herrou\">Partout o\u00f9 n\u00e9cessit\u00e9 fait loi ? <\/a>(vid\u00e9o C\u00e9dric Herrou)<\/p>\n\n\n\n<p><a href=\"https:\/\/entreleslignesentrelesmots.blog\/2021\/01\/01\/construisons-un-pacte-de-solidarite-pour-les-droits-des-personnes-migrantes-et-refugiees\/\">Construisons un pacte de solidarit\u00e9 pour les droits des personnes migrantes et&nbsp;r\u00e9fugi\u00e9es<\/a> (Entre les lignes)<\/p>\n\n\n\n<p><a href=\"https:\/\/info.mediapart.fr\/optiext\/optiextension.dll?ID=GcdGgi0vrEX_248NDmrOebfdNOGwKvWQXBqfe4w5E8PUWTNqPurCsxhZnHE6_DBNkKzncPLgbl4jPp5yfDWOj4DX+urOO\">Le boulanger \u00e9tranger<\/a> &#8211; blog Barbara Romagnan<\/p>\n\n\n\n<p><a href=\"https:\/\/blogs.mediapart.fr\/marie-christine-vergiat\/blog\/201220\/une-seule-humanite-quelle-politique-migratoire-pour-la-france?fbclid=IwAR13-5z03X9nEEpCNY9Xuidh6xiPXeY3HXhgXaxvKJI2-YNikp9JE58nbb8#at_medium=custom7&amp;at_campaign=1046\">Une seule humanit\u00e9. Quelle politique migratoire pour la France?<\/a> (Mediapart)<\/p>\n\n\n\n<figure class=\"wp-block-image is-resized\"><img data-recalc-dims=\"1\" loading=\"lazy\" decoding=\"async\" src=\"https:\/\/i0.wp.com\/www.humanite.fr\/sites\/default\/files\/styles\/wysiwyg_portrait_petit\/public\/images\/80884.HR.jpg?resize=20%2C27&#038;ssl=1\" alt=\"-\" width=\"20\" height=\"27\"\/><figcaption><img data-recalc-dims=\"1\" decoding=\"async\" src=\"https:\/\/i0.wp.com\/www.humanite.fr\/sites\/default\/files\/styles\/wysiwyg_portrait_petit\/public\/images\/80884.HR.jpg?w=1200&#038;ssl=1\" alt=\"-\"><img data-recalc-dims=\"1\" decoding=\"async\" src=\"https:\/\/i0.wp.com\/www.humanite.fr\/sites\/default\/files\/styles\/wysiwyg_portrait_petit\/public\/images\/80885.HR.jpg?w=1200&#038;ssl=1\" alt=\"-\"><img data-recalc-dims=\"1\" decoding=\"async\" src=\"https:\/\/i0.wp.com\/www.humanite.fr\/sites\/default\/files\/styles\/wysiwyg_portrait_petit\/public\/images\/80883.HR.jpg?w=1200&#038;ssl=1\" alt=\"-\"><\/figcaption><\/figure>\n\n\n\n<p><span class=\"has-inline-color has-vivid-red-color\"><strong>2 Janvier <\/strong><\/span><\/p>\n\n\n\n<p><a href=\"https:\/\/www.boursorama.com\/actualite-economique\/actualites\/la-presidence-biden-symbole-d-espoir-et-d-apprehension-pour-les-immigres-5d4444b035dff641f258546cc656c471\">La pr\u00e9sidence Biden, symbole d&rsquo;espoir et d&rsquo;appr\u00e9hension pour les immigr\u00e9s<\/a> (AFP)<\/p>\n\n\n\n<figure class=\"wp-block-image size-large is-resized\"><img data-recalc-dims=\"1\" loading=\"lazy\" decoding=\"async\" src=\"https:\/\/i0.wp.com\/www.rdpemancipation.org\/wp-content\/uploads\/2021\/01\/capitol.jpg?resize=439%2C344&#038;ssl=1\" alt=\"\" class=\"wp-image-9352\" width=\"439\" height=\"344\" srcset=\"https:\/\/i0.wp.com\/www.rdpemancipation.org\/wp-content\/uploads\/2021\/01\/capitol.jpg?w=565&amp;ssl=1 565w, https:\/\/i0.wp.com\/www.rdpemancipation.org\/wp-content\/uploads\/2021\/01\/capitol.jpg?resize=300%2C235&amp;ssl=1 300w\" sizes=\"auto, (max-width: 439px) 100vw, 439px\" \/><\/figure>\n\n\n\n<p><span class=\"has-inline-color has-vivid-red-color\"><strong>1er Janvier<\/strong><\/span><\/p>\n\n\n\n<p><a href=\"https:\/\/www.boursorama.com\/actualite-economique\/actualites\/la-presidence-biden-symbole-d-espoir-et-d-apprehension-pour-les-immigres-5d4444b035dff641f258546cc656c471\">La pr\u00e9sidence Biden, symbole d&rsquo;espoir et d&rsquo;appr\u00e9hension pour les immigr\u00e9s<\/a> (AFP)<\/p>\n\n\n\n<p><a href=\"https:\/\/www.leravi.org\/social\/refugies\/mohamed-saber-refugie-soudanais-a-toulon-se-bat-pour-la-memoire-des-91-victimes-dun-naufrage-invisible\/\">Mohamed Saber, r\u00e9fugi\u00e9 soudanais \u00e0 Toulon, se bat pour la m\u00e9moire des 91 victimes d\u2019un \u00ab naufrage invisible \u00bb<\/a> (Le Ravi)&nbsp;<\/p>\n\n\n\n<figure class=\"wp-block-image size-large is-resized is-style-default\"><img data-recalc-dims=\"1\" loading=\"lazy\" decoding=\"async\" src=\"https:\/\/i0.wp.com\/www.rdpemancipation.org\/wp-content\/uploads\/2021\/01\/Capture-decran-2021-01-01-a-18.03.35.png?resize=483%2C280&#038;ssl=1\" alt=\"\" class=\"wp-image-9065\" width=\"483\" height=\"280\" srcset=\"https:\/\/i0.wp.com\/www.rdpemancipation.org\/wp-content\/uploads\/2021\/01\/Capture-decran-2021-01-01-a-18.03.35.png?w=619&amp;ssl=1 619w, https:\/\/i0.wp.com\/www.rdpemancipation.org\/wp-content\/uploads\/2021\/01\/Capture-decran-2021-01-01-a-18.03.35.png?resize=300%2C174&amp;ssl=1 300w\" sizes=\"auto, (max-width: 483px) 100vw, 483px\" \/><\/figure>\n","protected":false},"excerpt":{"rendered":"<p>30 janvier en continu Les derni\u00e8res infos | R\u00e9fugi\u00e9s Balkans \u2022 Frontex quitte la Hongrie (Le Courrier des Balkans)&nbsp; Dans les Pyr\u00e9n\u00e9es, une marche pour \u00abnettoyer un col souill\u00e9\u00bb (MDP) A Mayotte, la France recrute des navires priv\u00e9s pour stopper les migrants (MDP) 28 janvier L&rsquo;\u00c9tat doit laisser les journalistes informer \u00e0 Calais, demande un &#8230; <a title=\"Janvier-Migrations\" class=\"read-more\" href=\"https:\/\/www.rdpemancipation.org\/?p=8879\" aria-label=\"En savoir plus sur Janvier-Migrations\">Lire la suite<\/a><\/p>\n","protected":false},"author":1,"featured_media":0,"comment_status":"closed","ping_status":"closed","sticky":false,"template":"","format":"standard","meta":{"_lmt_disableupdate":"no","_lmt_disable":"no","_jetpack_memberships_contains_paid_content":false,"footnotes":""},"categories":[27],"tags":[],"class_list":["post-8879","post","type-post","status-publish","format-standard","hentry","category-migrations"],"modified_by":"jmb","jetpack_featured_media_url":"","jetpack_sharing_enabled":true,"_links":{"self":[{"href":"https:\/\/www.rdpemancipation.org\/index.php?rest_route=\/wp\/v2\/posts\/8879","targetHints":{"allow":["GET"]}}],"collection":[{"href":"https:\/\/www.rdpemancipation.org\/index.php?rest_route=\/wp\/v2\/posts"}],"about":[{"href":"https:\/\/www.rdpemancipation.org\/index.php?rest_route=\/wp\/v2\/types\/post"}],"author":[{"embeddable":true,"href":"https:\/\/www.rdpemancipation.org\/index.php?rest_route=\/wp\/v2\/users\/1"}],"replies":[{"embeddable":true,"href":"https:\/\/www.rdpemancipation.org\/index.php?rest_route=%2Fwp%2Fv2%2Fcomments&post=8879"}],"version-history":[{"count":49,"href":"https:\/\/www.rdpemancipation.org\/index.php?rest_route=\/wp\/v2\/posts\/8879\/revisions"}],"predecessor-version":[{"id":13817,"href":"https:\/\/www.rdpemancipation.org\/index.php?rest_route=\/wp\/v2\/posts\/8879\/revisions\/13817"}],"wp:attachment":[{"href":"https:\/\/www.rdpemancipation.org\/index.php?rest_route=%2Fwp%2Fv2%2Fmedia&parent=8879"}],"wp:term":[{"taxonomy":"category","embeddable":true,"href":"https:\/\/www.rdpemancipation.org\/index.php?rest_route=%2Fwp%2Fv2%2Fcategories&post=8879"},{"taxonomy":"post_tag","embeddable":true,"href":"https:\/\/www.rdpemancipation.org\/index.php?rest_route=%2Fwp%2Fv2%2Ftags&post=8879"}],"curies":[{"name":"wp","href":"https:\/\/api.w.org\/{rel}","templated":true}]}}