{"id":87608,"date":"2022-06-01T10:06:29","date_gmt":"2022-06-01T08:06:29","guid":{"rendered":"https:\/\/www.rdpemancipation.org\/?p=87608"},"modified":"2022-07-01T12:50:34","modified_gmt":"2022-07-01T10:50:34","slug":"juin-leur-etat-2","status":"publish","type":"post","link":"https:\/\/www.rdpemancipation.org\/?p=87608","title":{"rendered":"Juin &#8211; Leur \u00c9tat"},"content":{"rendered":"\n<p><strong><mark style=\"background-color:rgba(0, 0, 0, 0);color:#d91a1a\" class=\"has-inline-color\">29 juin en continu<\/mark><\/strong><\/p>\n\n\n\n<p><a href=\"https:\/\/basta.media\/Assemblee-nationale-conflits-d-interets-corruption-primo-deputes-Anticor-deontologue-HATVP\">D\u00e9put\u00e9s et corruption<\/a> (Basta.m\u00e9dia)<\/p>\n\n\n\n<p><strong><mark style=\"background-color:rgba(0, 0, 0, 0);color:#d91a1a\" class=\"has-inline-color\">27 juin en continu<\/mark><\/strong><\/p>\n\n\n\n<p><a href=\"https:\/\/blogs.mediapart.fr\/paul-allies\/blog\/270622\/crise-de-la-v-republique-relever-le-defi\">Crise de la V\u00b0 R\u00e9publique: relever le d\u00e9fi<\/a> (Club MDP)<\/p>\n\n\n\n<p><strong><mark style=\"background-color:rgba(0, 0, 0, 0);color:#d91a1a\" class=\"has-inline-color\">25 juin en continu<\/mark><\/strong><\/p>\n\n\n\n<p><a href=\"https:\/\/common.indigo-net.com\/lib\/cookie_log\/redirector.asp?mail=n.chevillard@noos.fr&amp;ID=478318&amp;DOCIID=109703480&amp;ENAIID=733172&amp;RETOUR=SIMPLE&amp;link=https:\/\/www.lalettrea.fr\/action-publique\/2022\/06\/24\/les-coulisses-du-mariage-de-raison-entre-alliance-et-l-unsa-police,109794757-art?cxt=PUB&amp;utm_source=LLA&amp;utm_medium=email&amp;utm_campaign=AUTO_EDIT_SOM\" target=\"_blank\" rel=\"noreferrer noopener\">Les coulisses du mariage de raison entre Alliance et l&rsquo;Unsa-Police<\/a> (La Lettre A)<\/p>\n\n\n\n<p><a href=\"https:\/\/www.monde-diplomatique.fr\/2021\/08\/HALIMI\/63421\">Dictature num\u00e9rique<\/a> (Monde diplomatique, Ao\u00fbt 2021)<\/p>\n\n\n\n<p><a href=\"https:\/\/www.lesmutins.org\/le-langage-du-corps-2548\">Le langage du corps<\/a> (Les Mutins de Pang\u00e9e)<\/p>\n\n\n\n<p><a href=\"https:\/\/www.europe1.fr\/societe\/info-europe-1-paris-un-policier-de-la-bac-se-suicide-avant-sa-convocation-a-ligpn-4119609?utm_source=actus_lilo\">Paris&nbsp;: un policier de la BAC se suicide avant sa-convocation \u00e0 l\u2019IGPN<\/a> (Europe1)<\/p>\n\n\n\n<p><strong><mark style=\"background-color:rgba(0, 0, 0, 0);color:#d91a1a\" class=\"has-inline-color\">23 juin en continu<\/mark><\/strong><\/p>\n\n\n\n<p><a href=\"https:\/\/twitter.com\/technopolice_fr\/status\/1539995305000816640?s=20&amp;t=GWF-8aQQTFmgxxyu26MsBw\">La Caravane Technopolice d\u00e9barque \u00e0 Lille<\/a> (@Technopolice)<\/p>\n\n\n\n<p><a href=\"https:\/\/www.laquadrature.net\/2022\/06\/13\/a-putanges-le-lac-comme-ailleurs-la-videosurveillance-se-propage\/\">A Putanges-le-lac comme ailleurs la vid\u00e9osurveillances se propage<\/a> (La quadrature du net)<\/p>\n\n\n\n<figure class=\"wp-block-image size-full\"><img data-recalc-dims=\"1\" loading=\"lazy\" decoding=\"async\" width=\"384\" height=\"228\" src=\"https:\/\/i0.wp.com\/www.rdpemancipation.org\/wp-content\/uploads\/2022\/06\/putangelelac.jpg?resize=384%2C228&#038;ssl=1\" alt=\"\" class=\"wp-image-90037\" srcset=\"https:\/\/i0.wp.com\/www.rdpemancipation.org\/wp-content\/uploads\/2022\/06\/putangelelac.jpg?w=384&amp;ssl=1 384w, https:\/\/i0.wp.com\/www.rdpemancipation.org\/wp-content\/uploads\/2022\/06\/putangelelac.jpg?resize=300%2C178&amp;ssl=1 300w\" sizes=\"auto, (max-width: 384px) 100vw, 384px\" \/><\/figure>\n\n\n\n<p><strong><mark style=\"background-color:rgba(0, 0, 0, 0);color:#d91a1a\" class=\"has-inline-color\">21 juin en continu<\/mark><\/strong><\/p>\n\n\n\n<p><a href=\"https:\/\/blogs.mediapart.fr\/gabas\/blog\/220622\/paris-aujourdhui-nouveau-crime-contre-lhumanite\">Paris, aujourd\u2019hui&nbsp;: nouveau crime contre l\u2019humanit\u00e9<\/a> (Gabas)<\/p>\n\n\n\n<p><a href=\"https:\/\/www.philomag.com\/articles\/dans-lenfer-des-maisons-darret\">Dans l\u2019enfer des maisons d\u2019arr\u00eat<\/a> (Philomag)<\/p>\n\n\n\n<p><a href=\"https:\/\/www.europe1.fr\/societe\/stade-de-franc-e-au-senat-les-supporters-de-liverpool-appellent-darmanin-a-demissionner-4118958?utm_source=actus_lilo\">Stade de France&nbsp;: au S\u00e9nat, les supporters de Liverpool appellent Darmanin \u00e0 d\u00e9missionner<\/a>(Europe1)<\/p>\n\n\n\n<p><strong><mark style=\"background-color:rgba(0, 0, 0, 0);color:#d91a1a\" class=\"has-inline-color\">20 Juin en continu<\/mark><\/strong><\/p>\n\n\n\n<p><a href=\"https:\/\/www.mediapart.fr\/journal\/france\/200622\/accuse-tort-de-radicalisation-et-revoque-un-policier-musulman-finalement-reintegre?utm_source=20220620&amp;utm_medium=email&amp;utm_campaign=QUOTIDIENNE&amp;utm_content=&amp;utm_term=&amp;xtor=EREC-83-%5bQUOTIDIENNE%5d-20220620&amp;M_BT=2691799753699\">Accus\u00e9 \u00e0 tort de radicalisation et r\u00e9voqu\u00e9, un policier musulman finalement r\u00e9int\u00e9gr\u00e9<\/a> (MDP)<\/p>\n\n\n\n<p>Analyse<\/p>\n\n\n\n<p><a href=\"https:\/\/youtu.be\/FBeG-areq3Q\">Les bellicistes de plateaux t\u00e9l\u00e9, complexe militaro-intellectuel&nbsp;? Pierre Conesa<\/a> (Thinkerview) Vid\u00e9o<\/p>\n\n\n\n<p><strong><mark style=\"background-color:rgba(0, 0, 0, 0);color:#d91a1a\" class=\"has-inline-color\">19 Juin en continu<\/mark><\/strong><\/p>\n\n\n\n<p><a href=\"https:\/\/qg.media\/2022\/06\/19\/maintien-de-lordre-les-nouveaux-blindes-de-la-gendarmerie-arrivent-par-luc-auffret\/\">Maintien de l\u2019ordre: les nouveaux blind\u00e9s de la gendarmerie arrivent<\/a>(QG)<\/p>\n\n\n\n<p><a href=\"https:\/\/blogs.mediapart.fr\/eth-85\/blog\/310522\/la-pretendue-violation-de-la-presomption-dinnocence-un-discours-militant?utm_source=global&amp;utm_medium=social&amp;utm_campaign=SharingApp&amp;xtor=CS3-5\">La pr\u00e9tendue violation de la pr\u00e9somption d\u2019innocence, un discours militant<\/a> (Blog MDP)<\/p>\n\n\n\n<p><a href=\"https:\/\/blogs.mediapart.fr\/collectif-chronik\/blog\/180622\/societe-neoliberale-cherche-police-republicaine?utm_source=global&amp;utm_medium=social&amp;utm_campaign=SharingApp&amp;xtor=CS3-5\">Soci\u00e9t\u00e9 n\u00e9olib\u00e9rale cherche police r\u00e9publicaine<\/a> (Collectif Chronik)<\/p>\n\n\n\n<p><a href=\"https:\/\/blogs.mediapart.fr\/la-chapelle-en-lutte\/blog\/160622\/en-finir-avec-les-prisons-des-etranger-es?utm_source=global&amp;utm_medium=social&amp;utm_campaign=SharingApp&amp;xtor=CS3-5\">En finir avec les prisons des \u00e9trangers<\/a> (La Chapelle en lutte)<strong><\/strong><\/p>\n\n\n\n<p><a href=\"https:\/\/blogs.mediapart.fr\/paco-tizon\/blog\/160622\/pour-les-refugie-es-aux-portes-de-paris-interpelle-les-pouvoirs-publics?utm_source=global&amp;utm_medium=social&amp;utm_campaign=SharingApp&amp;xtor=CS3-5\">Pour les r\u00e9fugi\u00e9s aux portes de Paris&nbsp;: on interpelle les pouvoirs publics<\/a> (PacoTizon)<\/p>\n\n\n\n<p><strong>Ecolo<\/strong><\/p>\n\n\n\n<p><strong><mark style=\"background-color:rgba(0, 0, 0, 0);color:#ce2020\" class=\"has-inline-color\">18 Juin en continu<\/mark><\/strong><\/p>\n\n\n\n<p><a href=\"https:\/\/blogs.mediapart.fr\/collectif-chronik\/blog\/180622\/societe-neoliberale-cherche-police-republicaine\">Soci\u00e9t\u00e9 n\u00e9olib\u00e9rale cherche police r\u00e9publicaine<\/a> (collectif Chronik)<\/p>\n\n\n\n<p><strong><a href=\"https:\/\/www.mediapart.fr\/journal\/international\/170622\/londres-autorise-l-extradition-de-julian-assange-aux-etats-unis\">Londres autorise l\u2019extradition de Julian Assange aux \u00c9tats-Unis<\/a> (MDP)<\/strong><\/p>\n\n\n\n<p><strong><a href=\"https:\/\/www.mediapart.fr\/journal\/france\/170622\/revelations-sur-la-clique-qui-conduit-la-prefecture-de-police-sa-perdition\">R\u00e9v\u00e9lations sur la clique qui conduit la pr\u00e9fecture de police \u00e0 sa perdition<\/a> (M\u00e9diapart)<\/strong><\/p>\n\n\n\n<p><a href=\"https:\/\/www.mediapart.fr\/journal\/france\/170622\/fiasco-du-stade-de-france-les-renforts-ne-sont-jamais-arrives\">Fiasco du Stade de France&nbsp;: les renforts ne sont jamais arriv\u00e9s<\/a> (MDP)<\/p>\n\n\n\n<p><strong><mark style=\"background-color:rgba(0, 0, 0, 0);color:#c72626\" class=\"has-inline-color\">17 juin en continu<\/mark><\/strong><\/p>\n\n\n\n<p><a href=\"https:\/\/www.monde-diplomatique.fr\/2018\/12\/HALIMI\/59366\">Pour Julian Assange<\/a> (Le Monde diplomatique)<\/p>\n\n\n\n<p><strong><mark style=\"background-color:rgba(0, 0, 0, 0);color:#c72626\" class=\"has-inline-color\">16 juin en continu<\/mark><\/strong><\/p>\n\n\n\n<p><a href=\"https:\/\/blogs.mediapart.fr\/daniel-gros\/blog\/140622\/les-mystifications-du-prefet-de-mayotte-des-destructions-illegales-et-inhumaines\">Les mystifications du pr\u00e9fet de Mayotte&nbsp;: des-destructions ill\u00e9gales et inhumaines<\/a> (Daniel Gros)<\/p>\n\n\n\n<p><a href=\"https:\/\/youtu.be\/SFxIqjSoZ94\">Guillaume Meurice&nbsp;: La police ne tue pas<\/a> (France Inter) Vid\u00e9o<\/p>\n\n\n\n<p><strong><mark style=\"background-color:rgba(0, 0, 0, 0);color:#c72626\" class=\"has-inline-color\">13 juin en continu<\/mark><\/strong><\/p>\n\n\n\n<p><a href=\"https:\/\/www.youtube.com\/watch?v=zhMxn4NMrdQ\">La France est devenue un \u00e9tat policier<\/a> (Blast) Vid\u00e9o<\/p>\n\n\n\n<p><a href=\"https:\/\/www.francetvinfo.fr\/faits-divers\/police\/vrai-ou-fake-un-refus-d-obtemperer-est-il-vraiment-recense-toutes-les-20-a-30-minutes-lors-des-controles-de-police-en-france_5185138.html\">Un refus d\u2019obtemp\u00e9rer toutes les 20 \u00e0 30 minutes lors des contr\u00f4les de police en France&nbsp;?<\/a> (Francetvinfo)<\/p>\n\n\n\n<p><a href=\"https:\/\/blogs.mediapart.fr\/flagrant-deni\/blog\/060622\/pire-que-l-igpn-les-boeufs-carottes-des-banlieues?utm_source=20220609&amp;utm_medium=email&amp;utm_campaign=QUOTIDIENNE&amp;utm_content=&amp;utm_term=&amp;xtor=EREC-83-%5bQUOTIDIENNE%5d-20220609&amp;M_BT=2691799753699\">Pire que l\u2019IGPN, les b\u0153ufs-carottes des banlieues<\/a> &nbsp;(MDP)<\/p>\n\n\n\n<p><a href=\"https:\/\/www.mediapart.fr\/journal\/france\/090622\/violences-policieres-ces-mots-que-le-ps-ne-veut-plus-prononcer?utm_source=20220609&amp;utm_medium=email&amp;utm_campaign=QUOTIDIENNE&amp;utm_content=&amp;utm_term=&amp;xtor=EREC-83-%5bQUOTIDIENNE%5d-20220609&amp;M_BT=2691799753699\">\u2019\u2019Violences polici\u00e8res\u2019\u2019 ces mots que le PS ne veut plus prononcer<\/a> (MDP)<\/p>\n\n\n\n<p><a href=\"https:\/\/www.mediapart.fr\/journal\/france\/090622\/stade-de-france-le-prefet-lallement-s-entete-malgre-la-colere-froide-de-liverpool?utm_source=20220609&amp;utm_medium=email&amp;utm_campaign=QUOTIDIENNE&amp;utm_content=&amp;utm_term=&amp;xtor=EREC-83-%5bQUOTIDIENNE%5d-20220609&amp;M_BT=2691799753699\">Stade de France&nbsp;: le pr\u00e9fet Lallement s\u2019ent\u00eate malgr\u00e9 la col\u00e8re froide de Liverpool<\/a> (MDP)<\/p>\n\n\n\n<p><strong><mark style=\"background-color:rgba(0, 0, 0, 0);color:#c72626\" class=\"has-inline-color\">12 juin en continu<\/mark><\/strong><\/p>\n\n\n\n<p><a href=\"https:\/\/youtu.be\/2j3rj-M5BvU\">Nos policiers croient avoir le permis de tuer<\/a> (Le M\u00e9dia) Vid\u00e9o<\/p>\n\n\n\n<p><a href=\"https:\/\/www.alternatives-economiques.fr\/police-allemande-gere-beaucoup-mieux-supporters\/00103634?utm_source=actus_lilo\">Police allemande g\u00e8re beaucoup mieux les supporters<\/a> (Alter \u00c9co)<\/p>\n\n\n\n<p><strong><a href=\"https:\/\/www.lemonde.fr\/m-le-mag\/article\/2022\/06\/09\/didier-lallement-dans-le-monde-de-directeur-de-cabinet-a-prefet-de-police_6129528_4500055.html?utm_source=actus_lilo\">Didier Lallement dans \u2018\u2019le Monde\u2019\u2019,de directeur de cabinet \u00e0 Pr\u00e9fet de police<\/a> (Le Monde)<\/strong><\/p>\n\n\n\n<figure class=\"wp-block-image size-full\"><img data-recalc-dims=\"1\" loading=\"lazy\" decoding=\"async\" width=\"320\" height=\"302\" src=\"https:\/\/i0.wp.com\/www.rdpemancipation.org\/wp-content\/uploads\/2022\/06\/image-158.png?resize=320%2C302&#038;ssl=1\" alt=\"\" class=\"wp-image-88786\" srcset=\"https:\/\/i0.wp.com\/www.rdpemancipation.org\/wp-content\/uploads\/2022\/06\/image-158.png?w=320&amp;ssl=1 320w, https:\/\/i0.wp.com\/www.rdpemancipation.org\/wp-content\/uploads\/2022\/06\/image-158.png?resize=300%2C283&amp;ssl=1 300w\" sizes=\"auto, (max-width: 320px) 100vw, 320px\" \/><\/figure>\n\n\n\n<p><strong><mark style=\"background-color:rgba(0, 0, 0, 0);color:#eb0808\" class=\"has-inline-color\">11 juin en continu<\/mark><\/strong><\/p>\n\n\n\n<figure class=\"wp-block-image size-full is-resized\"><img data-recalc-dims=\"1\" loading=\"lazy\" decoding=\"async\" src=\"https:\/\/i0.wp.com\/www.rdpemancipation.org\/wp-content\/uploads\/2022\/06\/image-139.png?resize=563%2C796&#038;ssl=1\" alt=\"\" class=\"wp-image-88696\" width=\"563\" height=\"796\" srcset=\"https:\/\/i0.wp.com\/www.rdpemancipation.org\/wp-content\/uploads\/2022\/06\/image-139.png?w=605&amp;ssl=1 605w, https:\/\/i0.wp.com\/www.rdpemancipation.org\/wp-content\/uploads\/2022\/06\/image-139.png?resize=212%2C300&amp;ssl=1 212w\" sizes=\"auto, (max-width: 563px) 100vw, 563px\" \/><\/figure>\n\n\n\n<p><strong><mark style=\"background-color:rgba(0, 0, 0, 0);color:#eb0808\" class=\"has-inline-color\">10 juin en continu<\/mark><\/strong><\/p>\n\n\n\n<figure class=\"wp-block-image size-full\"><img data-recalc-dims=\"1\" loading=\"lazy\" decoding=\"async\" width=\"605\" height=\"855\" src=\"https:\/\/i0.wp.com\/www.rdpemancipation.org\/wp-content\/uploads\/2022\/06\/image-140.png?resize=605%2C855&#038;ssl=1\" alt=\"\" class=\"wp-image-88697\" srcset=\"https:\/\/i0.wp.com\/www.rdpemancipation.org\/wp-content\/uploads\/2022\/06\/image-140.png?w=605&amp;ssl=1 605w, https:\/\/i0.wp.com\/www.rdpemancipation.org\/wp-content\/uploads\/2022\/06\/image-140.png?resize=212%2C300&amp;ssl=1 212w\" sizes=\"auto, (max-width: 605px) 100vw, 605px\" \/><\/figure>\n\n\n\n<p><strong><mark style=\"background-color:rgba(0, 0, 0, 0);color:#eb0808\" class=\"has-inline-color\">9 juin en continu<\/mark><\/strong><\/p>\n\n\n\n<p><a href=\"https:\/\/www.youtube.com\/watch?v=2j3rj-M5BvU\">Nos policiers croient avoir le permis de tuer<\/a> (M\u00e9dia)<\/p>\n\n\n\n<figure class=\"wp-block-image size-full is-resized\"><img data-recalc-dims=\"1\" loading=\"lazy\" decoding=\"async\" src=\"https:\/\/i0.wp.com\/www.rdpemancipation.org\/wp-content\/uploads\/2022\/06\/image-123.png?resize=311%2C270&#038;ssl=1\" alt=\"\" class=\"wp-image-88599\" width=\"311\" height=\"270\" srcset=\"https:\/\/i0.wp.com\/www.rdpemancipation.org\/wp-content\/uploads\/2022\/06\/image-123.png?w=600&amp;ssl=1 600w, https:\/\/i0.wp.com\/www.rdpemancipation.org\/wp-content\/uploads\/2022\/06\/image-123.png?resize=300%2C261&amp;ssl=1 300w\" sizes=\"auto, (max-width: 311px) 100vw, 311px\" \/><\/figure>\n\n\n\n<p><a href=\"https:\/\/www.laquadrature.net\/2022\/05\/24\/plainte-collective-contre-la-technopolice\/\">Plainte collective contre la technopolice<\/a> (La quadrature du net)<\/p>\n\n\n\n<p><a href=\"https:\/\/www.mediapart.fr\/journal\/france\/070622\/sevran-la-legitime-defense-du-policier-mise-mal?utm_source=20220607&amp;utm_medium=email&amp;utm_campaign=QUOTIDIENNE&amp;utm_content=&amp;utm_term=&amp;xtor=EREC-83-%5bQUOTIDIENNE%5d-20220607&amp;M_BT=2691799753699\"><strong>Sevran&nbsp;:la l\u00e9gitime d\u00e9fense du policier mise \u00e0 mal<\/strong><\/a><strong> (MDP)<\/strong><\/p>\n\n\n\n<p><a href=\"https:\/\/www.sudouest.fr\/pyrenees-atlantiques\/pau\/bearn-et-gironde-apres-un-suicide-a-la-prison-de-gradignan-l-etat-juge-non-responsable-10922928.php?utm_source=newsletter&amp;utm_medium=email&amp;utm_campaign=MaNewsletterPau&amp;utm_term=20220607\"><strong>Apr\u00e8s un suicide \u00e0 la prison de Gradignan, l\u2019\u00c9tat jug\u00e9 non responsable<\/strong><\/a><strong> (Sud-Ouest)<\/strong><\/p>\n\n\n\n<p><strong>Dans le r\u00e9tro<\/strong><\/p>\n\n\n\n<p><strong><a href=\"https:\/\/www.latribune.fr\/archives\/2007\/ID26E6C61163DBAA7FC12573A1004AC9DE\/nicolas-sarkozy-ecarte-toute-fusion-entre-police-et-gendarmerie.html\">Sarkozy \u00e9carte toute fusion entre police et gendarmerie<\/a> (Archives La Tribune)<\/strong><\/p>\n\n\n\n<p><a href=\"https:\/\/www.femmeactuelle.fr\/actu\/news-actu\/nicolas-sarkozy-scandalise-il-appelle-la-police-pour-denoncer-une-fete-clandestine-chez-ses-voisins-2111618\">Sarkozy scandalise en appelant la police pour d\u00e9noncer une f\u00eate clandestine chez ses voisins<\/a> (Femme Actuelle)<\/p>\n\n\n\n<p><strong><a href=\"https:\/\/www.francetvinfo.fr\/faits-divers\/comment-sarkozy-a-ridiculise-la-police-de-proximite_1603207.html\">Comment Sarkozy a ridiculis\u00e9 la police de proximit\u00e9<\/a> (Francetvinfo)<\/strong><\/p>\n\n\n\n<p><a href=\"https:\/\/www.francetvinfo.fr\/france\/limoge-abruptement-par-sarkozy-en-2003-le-pere-de-la-police-de-proximite-brise-le-silence-7-ans-apres-dans-un-livre_232021.html\">Limog\u00e9 abruptement par Sarkozy en 2003, le p\u00e8re de la police de proximit\u00e9 J-Pierre Havrin \u00e9crit un livre<\/a> (Francetvinfo)<\/p>\n\n\n\n<p><a href=\"https:\/\/c-pour-dire.com\/2010\/11\/23\/video-quand-sarkozy-echappa-au-coup-de-boule-du-commissaire-havrin-a-toulouse\/\">Quand Sarkozy \u00e9chappa au coup de boule du Commissaire Havrin \u00e0 Toulouse<\/a> (C\u2019est pour dire)<\/p>\n\n\n\n<figure class=\"wp-block-image size-full\"><img data-recalc-dims=\"1\" loading=\"lazy\" decoding=\"async\" width=\"314\" height=\"346\" src=\"https:\/\/i0.wp.com\/www.rdpemancipation.org\/wp-content\/uploads\/2022\/06\/image-99.png?resize=314%2C346&#038;ssl=1\" alt=\"\" class=\"wp-image-88413\" srcset=\"https:\/\/i0.wp.com\/www.rdpemancipation.org\/wp-content\/uploads\/2022\/06\/image-99.png?w=314&amp;ssl=1 314w, https:\/\/i0.wp.com\/www.rdpemancipation.org\/wp-content\/uploads\/2022\/06\/image-99.png?resize=272%2C300&amp;ssl=1 272w\" sizes=\"auto, (max-width: 314px) 100vw, 314px\" \/><\/figure>\n\n\n\n<p><mark style=\"background-color:rgba(0, 0, 0, 0);color:#b51b1b\" class=\"has-inline-color\"><strong>6 Juin en continu<\/strong><\/mark><\/p>\n\n\n\n<p><a><\/a><a href=\"https:\/\/www.facebook.com\/blastofficiel\/videos\/stade-de-france-retour-sur-les-mensonges-de-darmanin\/524605712510124\/\">Stade de France&nbsp;:retour sur les mensonges de Darmanin<\/a> (Blast)Vid\u00e9o<\/p>\n\n\n\n<p><a href=\"https:\/\/www.msn.com\/fr-fr\/actualite\/france\/l-utilisation-de-gaz-lacrymog%C3%A8ne-%C3%A0-gare-de-l-est-fait-bondir-la-gauche\/ar-AAY6FIo?rc=1&amp;ocid=winp1taskbar&amp;cvid=53dff725d8a445c7b8ec0cc96da21c99\">L&rsquo;utilisation de gaz lacrymog\u00e8ne \u00e0 Gare de l&rsquo;Est fait bondir la gauche <\/a>(HuffPost)<\/p>\n\n\n\n<p><strong><mark style=\"background-color:rgba(0, 0, 0, 0);color:#d92323\" class=\"has-inline-color\">5 Juin en continu<\/mark><\/strong><\/p>\n\n\n\n<p><a href=\"https:\/\/blogs.mediapart.fr\/peps-marseille\/blog\/050622\/ainsi-seteint-la-liberte?fbclid=IwAR2XTP6OJW0f6V4vdGjtOO08de9QfKxp3_4kMm2P8Gj8F3E-zLzUzfUy6ac\">Ainsi s&rsquo;\u00e9teint la libert\u00e9<\/a> (Mediapart , blog PEPS)<\/p>\n\n\n\n<p><strong><mark style=\"background-color:rgba(0, 0, 0, 0);color:#d92323\" class=\"has-inline-color\">4 Juin en continu<\/mark><\/strong><\/p>\n\n\n\n<p><strong><a href=\"https:\/\/www.youtube.com\/watch?v=fWQJL2KX550\">Ces policiers hors de contr\u00f4le chouchout\u00e9s par Darmanin<\/a> (Le M\u00e9dia)<\/strong> Vid\u00e9o<\/p>\n\n\n\n<p><a href=\"https:\/\/www.mediapart.fr\/journal\/culture-idees\/030622\/trafic-d-antiquites-la-mise-en-examen-de-jean-luc-martinez-vire-l-affaire-d-etat?utm_source=20220603&amp;utm_medium=email&amp;utm_campaign=QUOTIDIENNE&amp;utm_content=&amp;utm_term=&amp;xtor=EREC-83-%5bQUOTIDIENNE%5d-20220603&amp;M_BT=2691799753699\">Trafic d\u2019antiquit\u00e9s&nbsp;: la mise en examen de Jean-Luc Martinez vire \u00e0 l\u2019affaire d\u2019\u00c9tat<\/a> (MDP)<\/p>\n\n\n\n<p><a href=\"https:\/\/blogs.mediapart.fr\/henri-pouillot\/blog\/030622\/quel-scandale-pour-les-valeurs-de-la-republique\">Quel scandale pour les valeurs de la R\u00e9publique<\/a> (Henri Pouillot)<\/p>\n\n\n\n<p><strong><mark style=\"background-color:rgba(0, 0, 0, 0);color:#d92323\" class=\"has-inline-color\">3 Juin en continu<\/mark><\/strong><\/p>\n\n\n\n<p><a href=\"https:\/\/blogs.mediapart.fr\/eth-85\/blog\/310522\/la-pretendue-violation-de-la-presomption-dinnocence-un-discours-militant?utm_source=genre-20220602-172837&amp;utm_medium=&amp;utm_campaign=&amp;utm_content=&amp;utm_term=&amp;xtor=EREC-83-%5bGENRE%5d-genre-20220602-172837&amp;M_BT=2691799753699\"><strong>La pr\u00e9tendue violation de la pr\u00e9somption d\u2019innocence, un discours militant<\/strong><\/a><strong> (Blog M\u00e9diapart)<\/strong><\/p>\n\n\n\n<p><a href=\"https:\/\/www.mediapart.fr\/journal\/france\/020622\/liverpool-real-au-senat-gerald-darmanin-cramponne-ses-chiffres?utm_source=20220602&amp;utm_medium=email&amp;utm_campaign=QUOTIDIENNE&amp;utm_content=&amp;utm_term=&amp;xtor=EREC-83-%5bQUOTIDIENNE%5d-20220602&amp;M_BT=2691799753699\">Liverpool-Real&nbsp;: au S\u00e9nat, Darmanin cramponn\u00e9 \u00e0 ses chiffres<\/a> (MDP)<\/p>\n\n\n\n<p><a href=\"https:\/\/youtu.be\/DX8FTSNLQbI\">Fiasco Stade de France: Est-ce en train de devenir une affaire d\u2019\u00c9tat&nbsp;?<\/a> (Sud Radio)<\/p>\n\n\n\n<p><a href=\"https:\/\/www.mediapart.fr\/journal\/france\/020622\/stages-en-non-mixite-la-justice-rejette-la-dissolution-du-syndicat-sud-education-93?utm_source=20220602&amp;utm_medium=email&amp;utm_campaign=QUOTIDIENNE&amp;utm_content=&amp;utm_term=&amp;xtor=EREC-83-%5bQUOTIDIENNE%5d-20220602&amp;M_BT=2691799753699\">Stages en non mixit\u00e9&nbsp;:la justice rejette la dissolution du syndicat Sud-\u00c9ducation 93<\/a>( MDP)<\/p>\n\n\n\n<p><a href=\"https:\/\/www.mediapart.fr\/journal\/france\/020622\/etre-age-en-prison-une-double-peine-denoncee-par-la-controleuse-des-prisons?utm_source=20220602&amp;utm_medium=email&amp;utm_campaign=QUOTIDIENNE&amp;utm_content=&amp;utm_term=&amp;xtor=EREC-83-%5bQUOTIDIENNE%5d-20220602&amp;M_BT=2691799753699\"><strong>\u00catre \u00e2g\u00e9 en prison&nbsp;: une double peine d\u00e9nonc\u00e9e par la contr\u00f4leuse des prisons<\/strong><\/a><strong> (MDP)<\/strong><\/p>\n\n\n\n<p><strong><mark style=\"background-color:rgba(0, 0, 0, 0);color:#d92323\" class=\"has-inline-color\">2 Juin en continu<\/mark><\/strong><\/p>\n\n\n\n<p><a href=\"https:\/\/www.youtube.com\/watch?v=h-ZeS8xiy_0\">Macron dynamite le quai d&rsquo;Orsay<\/a> (Blast)<\/p>\n\n\n\n<p><strong><a href=\"https:\/\/www.mediapart.fr\/journal\/france\/010622\/agression-d-un-pompier-le-1er-mai-la-manifestante-ecope-de-dix-mois-de-prison-ferme?utm_source=20220601&amp;utm_medium=email&amp;utm_campaign=QUOTIDIENNE&amp;utm_content=&amp;utm_term=&amp;xtor=EREC-83-%5bQUOTIDIENNE%5d-20220601&amp;M_BT=2691799753699\">Agression d\u2019un pompier le 1<sup>er<\/sup> mai&nbsp;:la manifestante \u00e9cope de dix mois de prison ferme<\/a> (MDP)<\/strong><\/p>\n\n\n\n<p><a href=\"https:\/\/m.huffingtonpost.fr\/entry\/stade-de-france-darmanin-donne-sa-version-sur-les-30000-supporters-en-trop_fr_62978a7ce4b05fe694ef7166?utm_source=Sailthru&amp;utm_medium=email&amp;utm_campaign=NL%20Soir%200106&amp;utm_term=fr-daily-brief\">Stade de France&nbsp;:Darmanin donne sa version sur les 30&nbsp;000 supporters en trop<\/a> (HuffPost)<\/p>\n\n\n\n<p><a href=\"https:\/\/m.huffingtonpost.fr\/entry\/ligue-des-champions-darmanin-concede-des-gestes-inappropries-des-forces-de-lordre_fr_629792c9e4b07aa93894ed9c?utm_source=Sailthru&amp;utm_medium=email&amp;utm_campaign=NL%20Soir%200106&amp;utm_term=fr-daily-brief\">Ligue des champions&nbsp;:Darmanin conc\u00e8de des gestes inappropri\u00e9s des forces de l\u2019ordre<\/a> <strong>&nbsp;(MDP)<\/strong><\/p>\n\n\n\n<p class=\"has-text-color\" style=\"color:#e90c0c\"><strong>1er juin en continu<\/strong><\/p>\n","protected":false},"excerpt":{"rendered":"<p>29 juin en continu D\u00e9put\u00e9s et corruption (Basta.m\u00e9dia) 27 juin en continu Crise de la V\u00b0 R\u00e9publique: relever le d\u00e9fi (Club MDP) 25 juin en continu Les coulisses du mariage de raison entre Alliance et l&rsquo;Unsa-Police (La Lettre A) Dictature num\u00e9rique (Monde diplomatique, Ao\u00fbt 2021) Le langage du corps (Les Mutins de Pang\u00e9e) Paris&nbsp;: un &#8230; <a title=\"Juin &#8211; Leur \u00c9tat\" class=\"read-more\" href=\"https:\/\/www.rdpemancipation.org\/?p=87608\" aria-label=\"En savoir plus sur Juin &#8211; Leur \u00c9tat\">Lire la suite<\/a><\/p>\n","protected":false},"author":1,"featured_media":0,"comment_status":"closed","ping_status":"closed","sticky":false,"template":"","format":"standard","meta":{"_lmt_disableupdate":"","_lmt_disable":"","_jetpack_memberships_contains_paid_content":false,"footnotes":""},"categories":[5],"tags":[],"class_list":["post-87608","post","type-post","status-publish","format-standard","hentry","category-leur-etat"],"modified_by":"rdpemancipation","jetpack_featured_media_url":"","jetpack_sharing_enabled":true,"_links":{"self":[{"href":"https:\/\/www.rdpemancipation.org\/index.php?rest_route=\/wp\/v2\/posts\/87608","targetHints":{"allow":["GET"]}}],"collection":[{"href":"https:\/\/www.rdpemancipation.org\/index.php?rest_route=\/wp\/v2\/posts"}],"about":[{"href":"https:\/\/www.rdpemancipation.org\/index.php?rest_route=\/wp\/v2\/types\/post"}],"author":[{"embeddable":true,"href":"https:\/\/www.rdpemancipation.org\/index.php?rest_route=\/wp\/v2\/users\/1"}],"replies":[{"embeddable":true,"href":"https:\/\/www.rdpemancipation.org\/index.php?rest_route=%2Fwp%2Fv2%2Fcomments&post=87608"}],"version-history":[{"count":40,"href":"https:\/\/www.rdpemancipation.org\/index.php?rest_route=\/wp\/v2\/posts\/87608\/revisions"}],"predecessor-version":[{"id":91089,"href":"https:\/\/www.rdpemancipation.org\/index.php?rest_route=\/wp\/v2\/posts\/87608\/revisions\/91089"}],"wp:attachment":[{"href":"https:\/\/www.rdpemancipation.org\/index.php?rest_route=%2Fwp%2Fv2%2Fmedia&parent=87608"}],"wp:term":[{"taxonomy":"category","embeddable":true,"href":"https:\/\/www.rdpemancipation.org\/index.php?rest_route=%2Fwp%2Fv2%2Fcategories&post=87608"},{"taxonomy":"post_tag","embeddable":true,"href":"https:\/\/www.rdpemancipation.org\/index.php?rest_route=%2Fwp%2Fv2%2Ftags&post=87608"}],"curies":[{"name":"wp","href":"https:\/\/api.w.org\/{rel}","templated":true}]}}