{"id":87594,"date":"2022-06-01T10:01:10","date_gmt":"2022-06-01T08:01:10","guid":{"rendered":"https:\/\/www.rdpemancipation.org\/?p=87594"},"modified":"2022-06-30T01:43:40","modified_gmt":"2022-06-29T23:43:40","slug":"juin-jeunesse-education-2","status":"publish","type":"post","link":"https:\/\/www.rdpemancipation.org\/?p=87594","title":{"rendered":"Juin &#8211; Jeunesse\/\u00c9ducation"},"content":{"rendered":"\n<p><mark style=\"background-color:rgba(0, 0, 0, 0);color:#cd2626\" class=\"has-inline-color\"><strong>30 Juin en continu<\/strong><\/mark><\/p>\n\n\n\n<p><a href=\"https:\/\/geoconfluences.ens-lyon.fr\/actualites\/veille\/revues-de-presse\/nouveautes-en-geographie-sur-les-sites-academiques-2014-avril-mai-juin-2022\">Nouveaut\u00e9s en g\u00e9ographie sur les sites acad\u00e9mique &#8211; avril-mai-juin-2022<\/a> (G\u00e9oconfluences)<\/p>\n\n\n\n<p><a href=\"https:\/\/68y8k.r.ag.d.sendibm3.com\/mk\/cl\/f\/mayRozIRdxPAMX3ygtN5L1TidYE_1xtpuAgMs-Xxilp773iJz_Iklqo9ubX_tktm2VrHCABz4oon0gEUsU3cJ2ssZOcuMsxM1b2Wt6ry8SdNa9vx7c_we0Py9e4Y49988aInmPx2HbTVl-Hbb_97UF1dNfjZ7_8-UsAGazsvHQ_iGyTfEG4GCDER1IhiFG2g0bWCIFQyWkr8S1uHbtO6x38fHkwGeCMn1SxgQkQOdAViIa9yW5J80l1juOSHJ2YtGW_AZJBfxeAd691-DvyoEo15Eijdh2NguWp0Dvdl6fmxu1epLfGm5wr1Pb6DhFMLsPIKLhYdzrzwQO-MXdrOMMsFpePtMylW4YPF6sf9NYRtXPQ4HGtqMFP6hskZ9bamo7x62B1NNx9Zr-x6gpocBrrYFtFsceJx1KRMq1TXyQ\">Entre abstention et engagements, que veulent les jeunes( 2\/2)&nbsp;?<\/a> (L\u2019Huma)&nbsp;<\/p>\n\n\n\n<p>&nbsp;<a href=\"https:\/\/positivr.fr\/remise-diplomes-polytechnique-discours-ecologie\/\">Remise de dipl\u00f4mes \u00e0 Polytechnique discours d\u2019\u00e9cologie d\u2019une radicalit\u00e9 in\u00e9dite<\/a> (PositivR) &nbsp;&nbsp;&nbsp;&nbsp;&nbsp;&nbsp;&nbsp;&nbsp;&nbsp;&nbsp;&nbsp;&nbsp;&nbsp;&nbsp;&nbsp;&nbsp;&nbsp;&nbsp;&nbsp;&nbsp;&nbsp;&nbsp;&nbsp;&nbsp;<\/p>\n\n\n\n<p><a href=\"https:\/\/linfodurable.us16.list-manage.com\/track\/click?u=7c865d50c4cb896f7d830f45d&amp;id=c7410c0dac&amp;e=20a9aee858\">Alpes-de-Haute-Provence : les activit\u00e9s nautiques p\u00e2tissent du r\u00e9chauffement climatique<\/a> (Info durable)<\/p>\n\n\n\n<figure class=\"wp-block-image size-full is-resized\"><img data-recalc-dims=\"1\" loading=\"lazy\" decoding=\"async\" src=\"https:\/\/i0.wp.com\/www.rdpemancipation.org\/wp-content\/uploads\/2022\/06\/image-419.png?resize=366%2C228&#038;ssl=1\" alt=\"\" class=\"wp-image-90870\" width=\"366\" height=\"228\" srcset=\"https:\/\/i0.wp.com\/www.rdpemancipation.org\/wp-content\/uploads\/2022\/06\/image-419.png?w=442&amp;ssl=1 442w, https:\/\/i0.wp.com\/www.rdpemancipation.org\/wp-content\/uploads\/2022\/06\/image-419.png?resize=300%2C187&amp;ssl=1 300w\" sizes=\"auto, (max-width: 366px) 100vw, 366px\" \/><figcaption><sup>Photo domelaci\/Pixabay<\/sup><\/figcaption><\/figure>\n\n\n\n<p><a href=\"https:\/\/geoconfluences.ens-lyon.fr\/actualites\/veille\/evenements\/prix-livre-geo-lyceens-2022\">Prix du livre de g\u00e9o des lyc\u00e9ens 2022<\/a> (G\u00e9oconfluences)<\/p>\n\n\n\n<p><a href=\"https:\/\/theconversation.com\/Une-jeunesse-des-jeunesses-peut-on-vraiment-parler-de-generation-covid-171165\">Une jeunesse, des jeunesses&nbsp;:peut-on vraiment parler de g\u00e9n\u00e9ration covid ?<\/a> (The Conversation) (Audio)<\/p>\n\n\n\n<p><a href=\"https:\/\/www.arte.tv\/fr\/videos\/101463-005-A\/bienvenue-en-geozarbie\/\">Bienvenue en G\u00e9ozarbie<\/a> (Arte) Vid\u00e9o)<\/p>\n\n\n\n<p><strong>Analyse<\/strong><\/p>\n\n\n\n<p><strong><a href=\"https:\/\/theconversation.com\/generation-un-concept-a-utiliser-avec-moderation-161040\">G\u00e9n\u00e9ration&nbsp;: un concept \u00e0 utiliser avec mod\u00e9ration&nbsp;?<\/a> (The Conversation)<\/strong><\/p>\n\n\n\n<p><mark style=\"background-color:rgba(0, 0, 0, 0);color:#cd2626\" class=\"has-inline-color\"><strong>29 Juin en continu<\/strong><\/mark><\/p>\n\n\n\n<p><a href=\"https:\/\/www.lemonde.fr\/campus\/article\/2022\/06\/28\/et-donc-je-suis-partie-un-mois-en-teletravail-a-bali-pour-retenir-les-jeunes-diplomes-le-pari-de-l-ultraflexibilite_6132292_4401467.html\">Pour retenir les jeunes dipl\u00f4m\u00e9s, le pari de l\u2019ultraflexibilit\u00e9<\/a> (Le monde)<\/p>\n\n\n\n<p><a href=\"http:\/\/www.cafepedagogique.net\/lexpresso\/Pages\/2022\/06\/28062022Article637919956655420997.aspx\">Des conseils pour les SVT au brevet<\/a> (Caf\u00e9 p\u00e9dagogique)<\/p>\n\n\n\n<p><strong><a href=\"https:\/\/www.humanite.fr\/en-debat\/jeunesse\/entre-abstention-et-engagement-que-veulent-les-jeunes-12-756130?utm_source=sendinblue&amp;utm_campaign=NEWS%20EX%20ABO%20220628&amp;utm_medium=email\">Entre abstention et engagement, que veulent les jeunes&nbsp;?<\/a> (L\u2019Huma)<\/strong><\/p>\n\n\n\n<p><a href=\"https:\/\/tr.courrier.sudouest.fr\/hit\/KPYN\/06Y\/gz\/CH02OEPCtn7UcGAZFQW-V234FtsGrA-pYPYTV6pr-LWCX6i-Xq1wRje89vgfc2_f4QXOoMWQVjcnjHJO2abgKk9NNeJs2MXvftOZX3lloL_gCZ4SQHRsTvkf5MWB8juFLdsZHlViU1Xy7kr8a4CGuIP3_i9z4x5I0ERz3MQz38Cqr_dbpot5d67JwRT7Squlwhd5qQX_7oaj6Z8f2SK4H5ho-PQc3Evo9r9bnmU-o4olgg-AR1VM4qORVgelSJJKkbGjXhVH0Pf9bJpd5ae-56A36tYWi-FShQHELVOb-wVWXVMO2YaYB8ryzVo67TNayIgXPnntH4lOR88_Ia2WIGNbQuby6H_XTAcficveyXQ7sKzuDnHu5kd1XQ-PeTBnytv3Aa2ixDB7-pmDeGFmqQl3NfTZkVo2cYs_DAC99VjZRLwnnVotnMyV5y0Ed3UTUOQBOFA0YgumgLQYIuknuIFJ0L33qT04xmJLqwOEsl7aKPaob4xGeUY9_02FxyhKSaFu3EjRyvwQJb9BN5nYElT62iz1lcj55yFccf59Ati8VMUHwNdjDt6tbQiy2FWYeHpTvE3yI002fec7GIQ-eq4JLmR-nYkxizOkLJMbuQF3UbmocUIxEzLMMmrx4jG-\">Landes&nbsp;: une quinzaine de plaintes pour piq\u00fbres sauvages lors des f\u00eates de Saint-Sever <\/a>(Sud-Ouest)<\/p>\n\n\n\n<p><a href=\"https:\/\/info.mediapart.fr\/optiext\/optiextension.dll?ID=z76z4LZ7AwhhcvRhNgTQBXlgo5nEJsehqPD8mgwH8ZMEBo%2Bjqa4Hnvy3jSTRGIcCCm3QkHZIlKI29WVoF%2BnZBBo%2BcPTHx\">L\u2019univers sexiste, homophobe et autoritaire de Stanislas, le \u00ab&nbsp;meilleur&nbsp;\u00bb lyc\u00e9e de France <\/a>(MDP)<\/p>\n\n\n\n<p><strong><a href=\"https:\/\/stats.information.dila.gouv.fr\/l\/70408716\/T5gJskV6cQrUYTSA62vU3GGJPKqWxRu31SXVXOEEECXzAH457skGvFSEsq9kvI2F\/i.htm\">Jeunes : comment redynamiser la culture citoyenne et la participation \u00e9lectorale ? <\/a>(Vie publique)<\/strong><\/p>\n\n\n\n<p><a href=\"https:\/\/info.mediapart.fr\/optiext\/optiextension.dll?ID=z76z%2ByalQ60c_r%2BnLAzSfOY_vX4zkrOMkfS_mgqV7oDz0ofjrBfr%2BSq8S_HmZ2g7zcX3S9i2Z0zDYs_Fx6UI1RSfmx6Hx\">Dorlot\u00e9e sous Blanquer, l\u2019\u00e9cole priv\u00e9e prosp\u00e8re<\/a> (MDP)<\/p>\n\n\n\n<p><a href=\"http:\/\/www.cafepedagogique.net\/lexpresso\/Pages\/2022\/06\/28062022Article637919956631357881.aspx\">Covid: Sud \u00c9ducation interpelle l\u2019\u00c9ducation nationale<\/a> (Caf\u00e9 p\u00e9dagogique)<\/p>\n\n\n\n<p><strong>Analyse<\/strong><\/p>\n\n\n\n<p><strong><a href=\"https:\/\/www.alternatives-economiques.fr\/marie-duru-bellat\/vertige-notes\/00103808\">Vertige des notes<\/a> (Alter \u00c9co)<\/strong><\/p>\n\n\n\n<p><mark style=\"background-color:rgba(0, 0, 0, 0);color:#cd2626\" class=\"has-inline-color\"><strong>28 Juin en continu<\/strong><\/mark><\/p>\n\n\n\n<p><a href=\"http:\/\/www.cafepedagogique.net\/lexpresso\/Pages\/2022\/06\/27062022Article637919088188011490.aspx\">Une crise du recrutement \u2018\u2019d\u00e9lib\u00e9r\u00e9e \u2018\u2019 selon le SNUipp<\/a> (Caf\u00e9 p\u00e9dagogique)<\/p>\n\n\n\n<p><strong><a href=\"https:\/\/www.francetvinfo.fr\/societe\/education\/education-les-eleves-de-seconde-9-s-interrogent-sur-la-nocivite-des-reseauxsociaux_5222449.html\">Les \u00e9l\u00e8ves de seconde 9 s\u2019interrogent sur la nocivit\u00e9 des r\u00e9seaux sociaux<\/a> (Francetvinfo)<\/strong><\/p>\n\n\n\n<p><a href=\"http:\/\/www.cafepedagogique.net\/lexpresso\/Pages\/2022\/06\/27062022Article637919088223636034.aspx\">&nbsp;Les enseignants ont fait encore plus d\u2019heures sup en 2021-2022<\/a> (Caf\u00e9 p\u00e9dagogique)<\/p>\n\n\n\n<p><a href=\"https:\/\/www.questionsdeclasses.org\/lecole-ses-chefs-et-moi\/\">L\u2019\u00e9cole, ses chefs et moi<\/a> (Questions de classes)<\/p>\n\n\n\n<p><a href=\"http:\/\/www.cafepedagogique.net\/lesdossiers\/Pages\/2022\/2022_PapNdiayeMinistre.aspx\">Pap Ndiaye Ministre&nbsp;: les dossiers<\/a> (Caf\u00e9 p\u00e9dagogique)<\/p>\n\n\n\n<p><a href=\"https:\/\/www.futura-sciences.com\/tech\/telecharger\/le-robert-correcteur-24986\">T\u00e9l\u00e9charger&nbsp;: le Robert correcteur<\/a> (Futura Sciences)<\/p>\n\n\n\n<p><strong><a href=\"https:\/\/www.humanite.fr\/vie-quotidienne\/famille\/qu-est-ce-que-l-hyper-parentalite-cette-tendance-qui-peut-nuire-au-developpement-des-enfants-754380\">Qu\u2019est-ce que l\u2019hyper-parentalit\u00e9, cette tendance qui peut nuire au d\u00e9veloppement des enfants&nbsp;?<\/a><\/strong> (L&rsquo;Humanit\u00e9)<\/p>\n\n\n\n<p><strong>Analyse<\/strong><\/p>\n\n\n\n<p><strong><a href=\"https:\/\/www.questionsdeclasses.org\/329060-2\/\">Les p\u00e9dagogies coop\u00e9ratives en d\u00e9bat<\/a> (Questions de classes)<\/strong><\/p>\n\n\n\n<p><mark style=\"background-color:rgba(0, 0, 0, 0);color:#cd2626\" class=\"has-inline-color\"><strong>27 Juin en continu<\/strong><\/mark><\/p>\n\n\n\n<p><strong><a href=\"https:\/\/www.francetvinfo.fr\/societe\/education\/salaire-des-enseignants-pap-ndiaye-promet-un-salaire-mensuel-de-2-000-euros-net-pour-les-professeurs-debutants-en-2023_5220997.html\">Pap Ndiaye promet un salaire mensuel de 2&nbsp;000 euros net pour les professeurs d\u00e9butants en 2023<\/a> (France Info)<\/strong><\/p>\n\n\n\n<p><a href=\"http:\/\/www.cafepedagogique.net\/lexpresso\/Pages\/2022\/06\/20062022Article637913039941842730.aspx\">Les enseignants face \u00e0 une majorit\u00e9 lib\u00e9rale<\/a> (Caf\u00e9 &nbsp;p\u00e9dagogique)<\/p>\n\n\n\n<p><strong><a href=\"https:\/\/enseignants.se-unsa.org\/Crise-du-recrutement-le-SE-Unsa-depose-une-alerte-sociale\">Crise du recrutement, le SE-Unsa d\u00e9pose une alerte sociale<\/a> (Se-Unsa)<\/strong><\/p>\n\n\n\n<p><a href=\"https:\/\/www.huffingtonpost.fr\/entry\/pap-ndiaye-son-programme-et-ses-points-dinflexion-pour-leducation_fr_62b8148ae4b0cdccbe6cc7fa?utm_source=Sailthru&amp;utm_medium=email&amp;utm_campaign=NL%20FR%2026.06%20dimanche&amp;utm_term=fr-daily-brief\">Pap Ndiaye&nbsp;:son programme et ses points d\u2019inflexion pour l\u2019\u00e9ducation<\/a> (HuffPost)<\/p>\n\n\n\n<p><a><\/a><a href=\"https:\/\/www.lemonde.fr\/campus\/article\/2022\/06\/14\/face-a-toujours-plus-de-jeunes-adultes-en-detresse-psychologique-un-manque-criant-de-praticiens_6130189_4401467.html\">Face \u00e0 toujours plus de jeunes adultes en d\u00e9tresse psychologique, un manque criant de praticiens<\/a> (Le Monde)<\/p>\n\n\n\n<p><a href=\"http:\/\/www.cafepedagogique.net\/LEXPRESSO\/Pages\/2022\/06\/24062022Article637916496454863600.aspx\">L\u2019intersyndicale de la Fonction publique veut un rendez-vous salarial avant 1<sup>er<\/sup> juillet<\/a> (Caf\u00e9 p\u00e9dagogique)<\/p>\n\n\n\n<p><a href=\"https:\/\/www.futura-sciences.com\/sciences\/questions-reponses\/mathematiques-apprendre-maths-devenir-meilleur-8094\/\">Math\u00e9matiques amusantes&nbsp;: comment apprendre les maths et devenir meilleur<\/a> (Futura Sciences)<\/p>\n\n\n\n<p><strong>Analyse<\/strong><\/p>\n\n\n\n<p><strong><a href=\"https:\/\/www.scienceshumaines.com\/comment-s-engager-dans-la-vie-de-la-cite_fr_44743.html\">Comment s\u2019engager dans la vie de la cit\u00e9&nbsp;?<\/a> (Sciences humaines)<\/strong><\/p>\n\n\n\n<p><mark style=\"background-color:rgba(0, 0, 0, 0);color:#cd2626\" class=\"has-inline-color\"><strong>26 Juin en continu<\/strong><\/mark><\/p>\n\n\n\n<p><a href=\"https:\/\/www.emancipation.fr\/2022\/06\/25\/des-nouvelles-et-quelques-reflexions-sur-lexperimentation-marseillaise\/\">Des nouvelles et quelques r\u00e9flexions sur l&rsquo;exp\u00e9rimentation marseillaise<\/a> (Emancipation)<\/p>\n\n\n\n<p><a href=\"https:\/\/www.francetvinfo.fr\/sante\/maladie\/coronavirus\/education-des-revisions-du-brevet-a-domicile-en-raison-du-covid_5220811.html\">R\u00e9visions du brevet \u00e0 domicile en raison du Covid<\/a> (Francetvinfo)<\/p>\n\n\n\n<p><a href=\"http:\/\/www.cafepedagogique.net\/lexpresso\/Pages\/2022\/06\/21062022Article637913904211295048.aspx\">Pap Ndiaye, ni dans la rupture, ni dans la continuit\u00e9<\/a> (Caf\u00e9 p\u00e9dagogique)<\/p>\n\n\n\n<p><a href=\"https:\/\/maternelle27.spip.ac-rouen.fr\/Construire%20les%20nombres%20en%20maternelle%201,2,3\">Construire les nombres en maternelle 1,2,3<\/a> (Maternelle 27)<\/p>\n\n\n\n<p><strong><a href=\"http:\/\/www.cafepedagogique.net\/lexpresso\/Professionnel:%20Un%20rapport%20veut%20prolonger%20le%20CAP,%20le%20bac%20pro%20et%20le%20BTS\">Professionnel: Un rapport veut prolonger le CAP, le bac pro et le BTS<\/a>&nbsp; <\/strong>(Caf\u00e9 p\u00e9dagogique)<\/p>\n\n\n\n<p><a href=\"http:\/\/www.cafepedagogique.net\/lexpresso\/Jeunes%20en%20librairie%20et%20plus%20si%20affinit\u00e9s%20\">Jeunes en librairie et plus si affinit\u00e9s <\/a>(Caf\u00e9 p\u00e9dagogique)<\/p>\n\n\n\n<p><strong><a href=\"https:\/\/www.francetvinfo.fr\/economie\/emploi\/metiers\/armee-et-securite\/sante-comment-la-maison-athos-soigne-les-blessures-invisibles-des-soldats-de-l-armee_5220835.html\">Comment la maison Athos soigne les blessures invisibles des soldats de l\u2019arm\u00e9e<\/a> <\/strong><strong>(Francetvinfo)<\/strong><\/p>\n\n\n\n<p><a href=\"https:\/\/youtu.be\/BZber3Af9XQ\">&nbsp;Gr\u00e8ce antique en cartes anim\u00e9es de 2000 \u00e0 31 avant JC<\/a> (H\u00e9rodote vid\u00e9os)<strong><\/strong><\/p>\n\n\n\n<p><mark style=\"background-color:rgba(0, 0, 0, 0);color:#cd2626\" class=\"has-inline-color\"><strong>25 Juin en continu<\/strong><\/mark><\/p>\n\n\n\n<p><strong><a href=\"https:\/\/www.questionsdeclasses.org\/aesh-signature-du-contrat-ce-a-quoi-je-dois-faire-attention%e2%80%af\/\">AESH&nbsp;: signature du contrat&nbsp;: ce \u00e0 quoi je dois faire attention<\/a> ((<\/strong>Questions de Classes<strong>)<\/strong><\/p>\n\n\n\n<p><a href=\"https:\/\/www.humanite.fr\/medias\/internet\/le-bonheur-digital-une-illusion-755862?utm_source=sendinblue&amp;utm_campaign=NEWS%20EX%20ABO%20220624&amp;utm_medium=email\">Internet&nbsp;: le bonheur digital une illusion<\/a> (L\u2019Huma)<\/p>\n\n\n\n<p><strong><a href=\"http:\/\/www.cafepedagogique.net\/LEXPRESSO\/Pages\/2022\/06\/24062022Article637916496502521070.aspx\">Seulement un poste sur trois pr\u00e9vu en Ile de France dans le 1<sup>er<\/sup> degr\u00e9<\/a> (Caf\u00e9 p\u00e9dagogique)<\/strong><\/p>\n\n\n\n<p><a href=\"https:\/\/www.vie-publique.fr\/eclairage\/272290-de-la-conscription-au-snu-les-differentes-formes-du-service-national\">De la conscription au SNU , les diff\u00e9rentes formes du service national<\/a> (Vie publique)<\/p>\n\n\n\n<p><a href=\"http:\/\/www.cafepedagogique.net\/lexpresso\/Pages\/2022\/06\/24062022Article637916496528927996.aspx\">La politique des preuves en \u00e9ducation<\/a> (Caf\u00e9 p\u00e9dagogique)<\/p>\n\n\n\n<p><a href=\"https:\/\/www.vie-publique.fr\/rapport\/285380-redynamisation-de-la-culture-citoyenne-jeunesse-et-citoyennete#xtor=EPR-526\">Redynamisation de la culture citoyenne&nbsp;: jeunesse et citoyennet\u00e9<\/a> (Vie publique)<\/p>\n\n\n\n<p><a href=\"https:\/\/www.francetvinfo.fr\/societe\/education\/reforme-du-bac\/education-dans-les-lycees-le-retour-des-maths-en-option-ne-semble-pas-emballer-les-eleves_5218693.html\">Dans les lyc\u00e9es, le retour des maths en option ne semble pas emballer les \u00e9l\u00e8ves<\/a> (Francetvinfo)<\/p>\n\n\n\n<p><mark style=\"background-color:rgba(0, 0, 0, 0);color:#cd2626\" class=\"has-inline-color\"><strong>24 Juin en continu<\/strong><\/mark><\/p>\n\n\n\n<p><a href=\"https:\/\/mediacoop.fr\/14\/06\/2022\/en-france-la-recherche-en-science-de\/\">\u00ab En France, la recherche en science de l\u2019\u00e9ducation est un domaine sinistr\u00e9 \u00bb<\/a>(mediacoop)<\/p>\n\n\n\n<p><a href=\"http:\/\/www.cafepedagogique.net\/LEXPRESSO\/Pages\/2022\/06\/23062022Article637915633033408069.aspx\">La revalorisation retard\u00e9e et l\u2019avenir de la voie pro<\/a> (Caf\u00e9 p\u00e9dagogique)<\/p>\n\n\n\n<p><a href=\"https:\/\/www.francetvinfo.fr\/societe\/education\/parcoursup\/parcoursup\/phase-complementaire-de-parcousup-les-eleves-ne-doivent-pas-hesiter-a-etendre-geographiquement-lesvoeux-conseille-t-on-a-l-education-nationale_5214634.html\">Phase compl\u00e9mentaire de Parcousup&nbsp;: ne pas h\u00e9siter \u00e0 \u00e9tendre g\u00e9ographiquement les v\u0153ux <\/a>&nbsp;(France Info)<\/p>\n\n\n\n<p><a href=\"http:\/\/www.cafepedagogique.net\/lexpresso\/Pages\/2022\/06\/23062022Article637915632992313267.aspx\">Le Se-Unsa d\u00e9pose un alerte sociale<\/a> (Caf\u00e9 p\u00e9dagogique)<\/p>\n\n\n\n<p><strong><a href=\"https:\/\/www.lemonde.fr\/education\/article\/2022\/06\/21\/une-vraie-experimentation-republicaine-pour-repondre-a-la-privatisation-en-marche-de-l-ecole_6131322_1473685.html\">Une vraie exp\u00e9rimentation r\u00e9publicaine pour r\u00e9pondre \u00e0 la privatisation en marche de l\u2019\u00e9cole<\/a> (Le Monde de l\u2019\u00e9ducation)<\/strong><\/p>\n\n\n\n<p><a href=\"https:\/\/www.lequotidiendumedecin.fr\/internes\/internat\/ecni-le-classement-republie-apres-que-cinq-etudiants-ont-ete-invalides-tort\">Internes, ECNI&nbsp;:le classement republi\u00e9 apr\u00e8s que cinq \u00e9tudiants ont \u00e9t\u00e9 invalid\u00e9s \u00e0 tort<\/a> (Quotiden du M\u00e9decin)<\/p>\n\n\n\n<p><a href=\"https:\/\/www.insee.fr\/fr\/statistiques\/3532172\">Classement des pr\u00e9noms en France depuis 1900<\/a> (Insee)<\/p>\n\n\n\n<p><a href=\"https:\/\/www.francetvinfo.fr\/societe\/enfance-et-adolescence\/jeu-dechecs-la-corse-forme-deschampions_5216611.html\">La Corse forme de champions d\u2019\u00e9checs<\/a> (France Info)<\/p>\n\n\n\n<p><mark style=\"background-color:rgba(0, 0, 0, 0);color:#cd2626\" class=\"has-inline-color\"><strong>23 Juin en continu<\/strong><\/mark><\/p>\n\n\n\n<p><a href=\"https:\/\/youtu.be\/Scandale%20au%20brevet%20des%20coll\u00e8ges%20dans%20l\u2019acad\u00e9mie%20de%20Versailles%20\">Scandale au brevet des coll\u00e8ges dans l\u2019acad\u00e9mie de Versailles <\/a>(Sud Radio)<\/p>\n\n\n\n<p><a href=\"https:\/\/www.francetvinfo.fr\/societe\/papiers-d-identite-des-centres-d-urgence-ont-ete-installes-pour-les-delivrer-plus-rapidement_5214340.html\">Papiers d\u2019identit\u00e9&nbsp;:des centres d\u2019urgence ont \u00e9t\u00e9 install\u00e9s pour les d\u00e9livrer plus rapidement<\/a> (France Info)<\/p>\n\n\n\n<p><a href=\"https:\/\/aoc.media\/opinion\/2022\/06\/21\/les-abstentionnistes-introuvables-citoyens\/\">Les abstentionnistes, introuvables citoyens<\/a> (AOC M\u00e9dia)<\/p>\n\n\n\n<p><strong><a href=\"https:\/\/3wpse.r.ag.d.sendibm3.com\/mk\/cl\/f\/NK3w57yAUPPYMy59OJHZ36gIXGL_UXOkjmdH7ACFKavclJIRJtt3uZKgUhIC_NyhlM-Ep0gLaiNfSc1rr4DgE0Af3IllltjfB9TzA6Q8p-CbCcs9pDygJEX_W2EUGB9OdfXF2pnl3UCfL5B9Y9ngZ0YO9AYXtoZWwg2IWGVmfHqSdhJGkdccyB-kUxqwHkCXP1POeibnDRCPOpBdg7uHl_nhBatmcfNDLasR3PF45sjoDQexwC-L4aSfxhqxkbYRgHp2GhxFRWhsI8b0naZKKQ6w8c5zfRKFRFJgP3f3Ob7AXqOEA1ocliH3XlLUli8cQNqbKdG0rG-wcBea6UAJm09bdDaa6rXOcsf6bE7RGbjWMaW2rwPwvjUZMK9Cf2Dxi4aB9nDqCSflcXaBTE0AlfB-egIhXQ7CRvDbXOMWbDSaHS6PvUcVhXATbipupYHViFzjhgU4ZXKjWP0R\">\u00ab La la\u00efcit\u00e9 est une forme de dictature \u00bb : le fiasco d\u2019un concours d\u2019\u00e9loquence<\/a> (Charlie Hebdo)<\/strong><\/p>\n\n\n\n<figure class=\"wp-block-image size-full\"><img data-recalc-dims=\"1\" loading=\"lazy\" decoding=\"async\" width=\"464\" height=\"322\" src=\"https:\/\/i0.wp.com\/www.rdpemancipation.org\/wp-content\/uploads\/2022\/06\/image-311.png?resize=464%2C322&#038;ssl=1\" alt=\"\" class=\"wp-image-89962\" srcset=\"https:\/\/i0.wp.com\/www.rdpemancipation.org\/wp-content\/uploads\/2022\/06\/image-311.png?w=464&amp;ssl=1 464w, https:\/\/i0.wp.com\/www.rdpemancipation.org\/wp-content\/uploads\/2022\/06\/image-311.png?resize=300%2C208&amp;ssl=1 300w\" sizes=\"auto, (max-width: 464px) 100vw, 464px\" \/><\/figure>\n\n\n\n<p><strong>Analyse<\/strong><\/p>\n\n\n\n<p><a href=\"https:\/\/theconversation.com\/tout-le-monde-naime-pas-le-sexe-comment-lasexualite-devient-un-objet-detudes-184801?utm_medium=email&amp;utm_campaign=La%20lettre%20de%20The%20Conversation%20France%20du%2021%20juin%202022%20-%202327123185&amp;utm_content=La%20lettre%20de%20The%20Conversation%20France%20du%2021%20juin%202022%20-%202327123185+CID_5c0f61c709eed26615128255212f05e2&amp;utm_source=campaign_monitor_fr&amp;utm_term=questionner%20le%20dsir%20ou%20son%20absence%20la%20place%20de%20la%20sexualit%20dans%20notre%20socit%20et%20les%20pressions%20sociales%20qui%20y%20sont%20associes\">Tout le monde n\u2018aime pas le sexe&nbsp;: comment l\u2019asexualit\u00e9 devient un objet d\u2019\u00e9tudes<\/a> (The Conversation)<\/p>\n\n\n\n<p><strong><mark style=\"background-color:rgba(0, 0, 0, 0);color:#d52424\" class=\"has-inline-color\">22 Juin en continu<\/mark><\/strong><\/p>\n\n\n\n<p><strong><a href=\"https:\/\/www.mediapart.fr\/journal\/france\/210622\/apres-sa-deroute-electorale-blanquer-beneficie-de-la-creation-express-d-un-poste-l-universite-assas?utm_source=20220621&amp;utm_medium=email&amp;utm_campaign=QUOTIDIENNE&amp;utm_content=&amp;utm_term=&amp;xtor=EREC-83-%5bQUOTIDIENNE%5d-20220621&amp;M_BT=2691799753699\">Apr\u00e8s d\u00e9route \u00e9lectorale Blanquer b\u00e9n\u00e9ficie de cr\u00e9ation express d\u2019un poste \u00e0 l\u2019universit\u00e9 Assas<\/a> (M\u00e9diapart)<\/strong><\/p>\n\n\n\n<p><a href=\"http:\/\/www.cafepedagogique.net\/LEXPRESSO\/Pages\/2022\/06\/21062022Article637913904211295048.aspx\">Pap Ndiaye, ni dans la rupture, ni dans la continuit\u00e9<\/a> (Caf\u00e9 p\u00e9dagogique)<\/p>\n\n\n\n<p><a href=\"https:\/\/www.huffingtonpost.fr\/entry\/bac-2022-le-grand-oral-un-defi-encore-plus-important-pour-les-filles_fr_62b0373ee4b06169ca9b69a2?utm_source=Sailthru&amp;utm_medium=email&amp;utm_campaign=FR%20soir%2020%20juin&amp;utm_term=fr-daily-brief\">Bac&nbsp;: le grand oral un d\u00e9fi encore plus important pour les filles&nbsp;?<\/a> (HuffPost)<\/p>\n\n\n\n<p><strong><a href=\"https:\/\/www.mediapart.fr\/journal\/france\/210622\/des-gens-qui-ne-sont-rien-entrent-l-assemblee-nationale\">Des\u2019\u2019gens qui ne sont rien entrent \u00e0 l\u2019Assembl\u00e9e nationale<\/a> (M\u00e9diapart)<\/strong><\/p>\n\n\n\n<p><a href=\"https:\/\/www.mediapart.fr\/journal\/france\/210622\/climat-et-biodiversite-cours-de-rattrapage-au-pied-de-l-assemblee-nationale\">Climat et biodiversit\u00e9&nbsp;: cours de rattrapage au pied de l\u2019Assembl\u00e9e nationale<\/a>( MDP)<\/p>\n\n\n\n<p><a href=\"http:\/\/www.cafepedagogique.net\/LEXPRESSO\/Pages\/2022\/06\/21062022Article637913904156137386.aspx\">Un d\u00e9cret du 21 juin \u00e9largit les champs d\u2019exercice des enseignants<\/a> (Caf\u00e9 p\u00e9dagogique)<\/p>\n\n\n\n<p><a href=\"https:\/\/www.geo.fr\/histoire\/quelle-est-lhistoire-de-la-fete-de-la-musique-205205?utm_source=welcomingpointdinterrogation&amp;utm_medium=cpc&amp;utm_campaign=pmo_geo_article\">&nbsp;Histoire&nbsp;: Quelle est l\u2019histoire de la f\u00eate de la musique&nbsp;?<\/a> (Le Figaro)<\/p>\n\n\n\n<p><a href=\"https:\/\/video.lefigaro.fr\/figaro\/video\/anglicisme-ou-pas-on-fait-le-test\/\">Anglicisme ou pas, on fait le test<\/a> (Le Figaro)<strong><\/strong><\/p>\n\n\n\n<p><strong><mark style=\"background-color:rgba(0, 0, 0, 0);color:#ce2c2c\" class=\"has-inline-color\">21 Juin en continu<\/mark><\/strong><\/p>\n\n\n\n<p><a href=\"https:\/\/www.20minutes.fr\/politique\/3304575-20220609-education-nationale-pap-ndiaye-assure-pourra-reformer-enseignants?xtor=EREC-182-%5bactualite\">Pap Ndiaye assure qu\u2019il ne pourra r\u00e9former sans les enseignants<\/a><\/p>\n\n\n\n<p><strong><a href=\"http:\/\/www.cafepedagogique.net\/lexpresso\/D\u00e9mission:%20Qu\u2019est-ce%20qui%20pousse%20les%20enseignants&nbsp;?\">D\u00e9mission: Qu\u2019est-ce qui pousse les enseignants&nbsp;?<\/a> (Caf\u00e9 p\u00e9dagogique)<\/strong><\/p>\n\n\n\n<p><a href=\"https:\/\/www.francetvinfo.fr\/bac\/bac-2022-des-correcteurs-affirment-que-certaines-notes-ont-ete-augmentees-sans-leur-accord_5201395.html\">Bac: des correcteurs affirment que certaines notes ont \u00e9t\u00e9 augment\u00e9es sans leur accord<\/a> (Francetvinfo)<\/p>\n\n\n\n<p><a href=\"http:\/\/www.cafepedagogique.net\/lexpresso\/Pages\/2022\/06\/15062022Article637908718195089508.aspx\">\u2018\u2019L\u2019\u00e9cole du futur\u2019\u2019 et les fausses solutions du New Public Management<\/a> (Caf\u00e9 p\u00e9dagogique)<\/p>\n\n\n\n<p><strong><a href=\"https:\/\/www.francetvinfo.fr\/bac\/grand-oral-du-bac-2022-les-onze-conseils-pratiques-d-un-professeur-d-art-oratoire-pour-reussir-l-epreuve_5185309.html\">Grand oral du bac: les 11 conseils pratiques d\u2019un professeur d\u2019art oratoire pour r\u00e9ussir l\u2019\u00e9preuve<\/a> (Francetvinfo)<\/strong><\/p>\n\n\n\n<p><a href=\"https:\/\/www.francetvinfo.fr\/societe\/droits-des-femmes\/au-bac-2022-les-ecrivaines-toujours-minoritaires-il-faut-augmenter-le-nombre-d-autrices-considerees-comme-classiques-plaide-une-professeure-de-lettres_5199850.html\">Il faut augmenter le nombre d\u2019autrices consid\u00e9r\u00e9es comme classiques plaide une professeure de Lettres<\/a> (Francetvinfo)<\/p>\n\n\n\n<p><a href=\"https:\/\/www.scienceshumaines.com\/les-neurosciences-une-nouvelle-science-en-education_fr_44645.html\">Neurosciences&nbsp;: une nouvelle science en \u00e9ducation&nbsp;?<\/a> (Sciences humaines)_<\/p>\n\n\n\n<p><a href=\"https:\/\/www.francetvinfo.fr\/bac\/bac-2022-des-correcteurs-affirment-que-certaines-notes-ont-ete-augmentees-sans-leur-accord_5201395.html\">Bac: des correcteurs affirment que certaines notes ont \u00e9t\u00e9 augment\u00e9es sans leur accord<\/a> (Francetvinfo)<\/p>\n\n\n\n<p><a href=\"https:\/\/www.francetvinfo.fr\/sante\/maladie\/variole-du-singe\/variole-du-singe-la-haute-autorite-de-sante-precise-la-strategie-vaccinale-pour-les-primo-vaccines-et-les-enfants_5210572.html\">Variole du singe&nbsp;: la HAS pr\u00e9cise la strat\u00e9gie vaccinale pour les primo vaccin\u00e9s et les enfants<\/a> (Francetvinfo)<\/p>\n\n\n\n<p><strong><a href=\"https:\/\/observers.france24.com\/fr\/20200904-senegal-dakar-education-refection-classe-ecole-dons-reseaux-sociaux\">Dakar Instituteur qui retape les \u00e9coles gr\u00e2ce aux r\u00e9seaux sociaux<\/a> (France&nbsp;24)<\/strong><\/p>\n\n\n\n<p><strong>Analyse<\/strong><\/p>\n\n\n\n<p><a href=\"https:\/\/www.scienceshumaines.com\/recompenses-et-punitions-peut-on-s-en-passer_fr_44651.html?utm_source=MailPerformance&amp;utm_medium=email&amp;utm_content=L%E2%80%99%C3%A9ducation+positive+bannit+les+punitions+et+r%C3%A9compenses+au+nom+de+la+dignit%C3%A9+de+l%E2%80%99enfant.+Mais+comment+installer+une+%C2%AB%C2%A0autorit%C3%A9+bienveillante%C2%A0%C2%BB%2c+visant+%C3%A0+construire+des+adultes+libres+et+autonomes%C2%A0%3f&amp;utm_campaign=NLHebdo+220620_001IG5\">R\u00e9compenses et punitions&nbsp;: peut-on s\u2019en passer&nbsp;? (<\/a>Sciences humaines)_<\/p>\n\n\n\n<p><strong><mark style=\"background-color:rgba(0, 0, 0, 0);color:#ce1717\" class=\"has-inline-color\">20 Juin en continu<\/mark><\/strong><\/p>\n\n\n\n<p><strong><a href=\"http:\/\/www.cafepedagogique.net\/lexpresso\/Pages\/2022\/06\/13062022Article637906991223607754.aspx\">Adieu, JM Blanquer<\/a> (Caf\u00e9 p\u00e9dagogique)<\/strong><\/p>\n\n\n\n<p><strong><a href=\"https:\/\/www.e-sante.fr\/les-4-choses-a-surveiller-avec-un-enfant-a-la-plage\/actualite\/615685?xtor=ES-87-%5BEsante_Quotidienne%5D-20220618-%5BtestA%5D&amp;tgu=Xo956a\">Les 4 choses \u00e0 surveiller avec un enfant \u00e0 la plage<\/a> (e-sant\u00e9)<\/strong><\/p>\n\n\n\n<p><a href=\"https:\/\/www.bpi.fr\/programme-mensuel-bpi\/\">Biblioth\u00e8que publique d\u2019information , Centre Pompidou<\/a> (BPI)<\/p>\n\n\n\n<p><a href=\"http:\/\/www.cafepedagogique.net\/lexpresso\/Pages\/2022\/06\/15062022Article637908718166183443.aspx\">Bac: Le SNES demande le respect des correcteurs<\/a> (Caf\u00e9 p\u00e9dagogique)<\/p>\n\n\n\n<p><strong><a href=\"https:\/\/positivr.fr\/musique-bonne-pour-sante\/?utm_source=actus_lilo\">C\u2019est prouv\u00e9&nbsp;: la musique est bonne pour sant\u00e9<\/a> (PositivR)<\/strong><\/p>\n\n\n\n<p><a href=\"https:\/\/www.europe1.fr\/societe\/legislatives-ces-jeunes-militants-qui-preferent-sengager-dans-des-associations-4118397?utm_source=actus_lilo\">L\u00e9gislatives&nbsp;:ces jeunes militants qui pr\u00e9f\u00e8rent s\u2019engager dans des associations<\/a> (Europe1)<\/p>\n\n\n\n<p><a href=\"https:\/\/observers.france24.com\/fr\/am%C3%A9riques\/20220617-chili-quintero-puchuncavi-intoxications-pollution-cancer-zone-sacrifiee-industries?utm_source=actus_lilo\">Chili, pollution ,cancer&nbsp;:zone sacrifi\u00e9e \u00e0 cause de pollution des-industries<\/a> (France24)<\/p>\n\n\n\n<p><strong><mark style=\"background-color:rgba(0, 0, 0, 0);color:#d52424\" class=\"has-inline-color\">19 Juin en continu<\/mark><\/strong><\/p>\n\n\n\n<p><a href=\"https:\/\/www.mediapart.fr\/journal\/france\/170622\/le-peril-jeune-met-la-macronie-sous-pression\">Le p\u00e9ril jeune met la macronie sous pression<\/a> (MDP)<\/p>\n\n\n\n<p><strong><a href=\"https:\/\/blogs.mediapart.fr\/celyn\/blog\/170622\/lettre-dune-ancienne-abstentionniste-de-gauche?utm_source=global&amp;utm_medium=social&amp;utm_campaign=SharingApp&amp;xtor=CS3-5\">Lettre d\u2019une ancienne abstentionniste de gauche<\/a> (Blog M\u00e9diapart)<\/strong><\/p>\n\n\n\n<p><strong><a href=\"http:\/\/www.cafepedagogique.net\/lexpresso\/Pages\/2022\/06\/17062022Article637910643230444636.aspx\">Pap Ndiaye pr\u00e9sente sa feuille de route<\/a> (Caf\u00e9 p\u00e9dagogique)<\/strong><\/p>\n\n\n\n<p><a href=\"https:\/\/blogs.mediapart.fr\/julielabille\/blog\/150622\/cher-ere-abstentionniste?utm_source=global&amp;utm_medium=social&amp;utm_campaign=SharingApp&amp;xtor=CS3-5\">Cher, ch\u00e8re abstentionniste<\/a> (Julie Labille)<\/p>\n\n\n\n<p><a><\/a><a href=\"https:\/\/blogs.mediapart.fr\/pascal-maillard\/blog\/170622\/jeunesse-debout-leve-toi?utm_source=global&amp;utm_medium=social&amp;utm_campaign=SharingApp&amp;xtor=CS3-5\">Jeunesse, debout&nbsp;! L\u00e8ve-toi&nbsp;!<\/a> (Pascal Maillard)<\/p>\n\n\n\n<p><strong><a href=\"https:\/\/blogs.mediapart.fr\/aleteitelbaum\/blog\/140622\/lettre-ouverte-12-millions-et-demi-dabstentionnistes?utm_source=global&amp;utm_medium=social&amp;utm_campaign=SharingApp&amp;xtor=CS3-5\">Lettre ouverte \u00e0 12 millions et demi d\u2019abstentionnistes<\/a> (Blog M\u00e9diapart)<\/strong><\/p>\n\n\n\n<p><strong><a href=\"http:\/\/www.cafepedagogique.net\/lexpresso\/Pages\/2022\/06\/17062022Article637910446609985504.aspx\">Enqu\u00eate ouverte apr\u00e8s la plainte de la famille de Samuel Paty contre l\u2019\u00c9tat<\/a> (Caf\u00e9 p\u00e9dagogique)<\/strong><\/p>\n\n\n\n<p><strong><mark style=\"background-color:rgba(0, 0, 0, 0);color:#e23434\" class=\"has-inline-color\">18 Juin en continu<\/mark><\/strong><\/p>\n\n\n\n<p><strong><a href=\"http:\/\/www.cafepedagogique.net\/lexpresso\/Pages\/2022\/06\/17062022Article637910446617798204.aspx\">Canicule: Des am\u00e9nagements au dernier moment<\/a>(Caf\u00e9 p\u00e9dagogique)<\/strong><\/p>\n\n\n\n<p><strong><a href=\"https:\/\/www.francetvinfo.fr\/meteo\/canicule\/chaleur-des-temperatures-record-dans-plusieurs-villes-de-france_5204338.html\">Temp\u00e9ratures record dans plusieurs villes de France<\/a> (Francetvinfo)<\/strong><\/p>\n\n\n\n<figure class=\"wp-block-image size-full\"><img data-recalc-dims=\"1\" loading=\"lazy\" decoding=\"async\" width=\"313\" height=\"317\" src=\"https:\/\/i0.wp.com\/www.rdpemancipation.org\/wp-content\/uploads\/2022\/06\/image-244.png?resize=313%2C317&#038;ssl=1\" alt=\"\" class=\"wp-image-89390\" srcset=\"https:\/\/i0.wp.com\/www.rdpemancipation.org\/wp-content\/uploads\/2022\/06\/image-244.png?w=313&amp;ssl=1 313w, https:\/\/i0.wp.com\/www.rdpemancipation.org\/wp-content\/uploads\/2022\/06\/image-244.png?resize=296%2C300&amp;ssl=1 296w\" sizes=\"auto, (max-width: 313px) 100vw, 313px\" \/><\/figure>\n\n\n\n<p><a><\/a><a href=\"https:\/\/www.francetvinfo.fr\/economie\/emploi\/carriere\/formation\/recrutement-les-centres-aeres-en-manque-danimateurs-pour-cet-ete_5204365.html\"><strong>Recrutement&nbsp;:Les centres a\u00e9r\u00e9s en manque d\u2019animateurs pour cet \u00e9t\u00e9<\/strong><\/a><strong> (Francetvinfo)Vid\u00e9o<\/strong><\/p>\n\n\n\n<p><a href=\"https:\/\/positivr.fr\/discours-ecologiste-a-hec-les-coulisses-du-coup-declat-revelees-par-ses-protagonistes\/?utm_source=actus_lilo\">Discours \u00e9cologiste \u00e0 HEC&nbsp;: les coulisses du coup d\u2019\u00e9clat r\u00e9v\u00e9l\u00e9es par ses protagonistes<\/a> (PositivR)<\/p>\n\n\n\n<p><a href=\"http:\/\/www.cafepedagogique.net\/lexpresso\/Pages\/2022\/06\/17062022Accueil.aspx\">Minist\u00e8re Ndiaye&nbsp;: Qui pilote l\u2019\u00c9ducation nationale&nbsp;?<\/a> (Caf\u00e9 p\u00e9dagogique)<\/p>\n\n\n\n<p><a href=\"https:\/\/www.francetvinfo.fr\/societe\/education\/bac-c-est-forcement-un-peu-angoissant-disent-des-lyceens-face-au-defi-du-grand-oral_5203441.html\">Bac&nbsp;: c\u2019est forc\u00e9ment un peu angoissant disent des lyc\u00e9ens face au d\u00e9fi du grand oral<\/a> (Francetvinfo)<\/p>\n\n\n\n<p><a><\/a><a href=\"https:\/\/charliehebdo.fr\/2022\/06\/ecologie\/vagabondage-en-quete-de-ramage-et-de-plumage\/?utm_source=sendinblue&amp;utm_campaign=QUOTIDIENNE%2014062022%20-%20NON%20ABONNES&amp;utm_medium=email\">Vagabondage en qu\u00eate de ramage et de plumage<\/a> (Charlie Hebdo)<\/p>\n\n\n\n<p><a href=\"http:\/\/www.cafepedagogique.net\/lexpresso\/Pages\/2022\/06\/17062022Article637910446671080818.aspx\"><strong>Enseigner l\u2019histoire<\/strong><\/a><strong> ((Caf\u00e9 p\u00e9dagogique)<\/strong><\/p>\n\n\n\n<p><a href=\"https:\/\/www.francetvinfo.fr\/replay-radio\/france-info-junior\/franceinfo-junior-combien-d-enfants-sont-refugies-en-france_5173441.html\">Combien d\u2019enfants sont r\u00e9fugi\u00e9s en France&nbsp;?<\/a> (Francetvinfo)Audio<\/p>\n\n\n\n<p><a href=\"https:\/\/youtu.be\/dkVs6L2qY-M\">1960: La mode chez les lyc\u00e9ens<\/a> (INA)<\/p>\n\n\n\n<p><strong>Analyse<\/strong><\/p>\n\n\n\n<p><a href=\"https:\/\/mailchi.mp\/91fcbf7c16cd\/10-points-sur-les-salaires-enseignants?e=277caa83f3\"><strong>10 points sur les salaires des enseignants<\/strong><\/a><strong> (Grand Continent)<\/strong><\/p>\n\n\n\n<p><a href=\"https:\/\/www.plus.transformation.gouv.fr\/\">Services publics&nbsp;: nouveaux engagements<\/a> (Plus transformation.gouv)<\/p>\n\n\n\n<p><strong><a href=\"https:\/\/reporterre.net\/Bac-de-philo-la-copie-d-une-activiste-non-violente\">Bac de philo&nbsp;: la copie d\u2019une activiste non violente<\/a> (Reporterre)<\/strong><\/p>\n\n\n\n<p><strong><mark style=\"background-color:rgba(0, 0, 0, 0);color:#e23434\" class=\"has-inline-color\">17 Juin en continu<\/mark><\/strong><\/p>\n\n\n\n<p><strong><a href=\"https:\/\/www.francetvinfo.fr\/meteo\/canicule\/canicule-de-nombreuses-consequences-sur-la-sante_5202175.html#xtor=RSS-3-[france]?utm_source=actus_lilo\">Canicule de nombreuses cons\u00e9quences sur la sant\u00e9<\/a> (Francetvinfo)<\/strong><\/p>\n\n\n\n<p><a href=\"https:\/\/linfodurable.us16.list-manage.com\/track\/click?u=7c865d50c4cb896f7d830f45d&amp;id=2a06913ea1&amp;e=20a9aee858\"><strong>Canicule : \u00e9coliers et coll\u00e9giens pourront rester chez eux vendredi dans les d\u00e9partements en vigilance rouge<\/strong><\/a> (Info durable)<\/p>\n\n\n\n<p><a href=\"https:\/\/www.sudouest.fr\/environnement\/meteo\/canicule-alerte-rouge-pour-12-departements-en-france-dont-7-en-nouvelle-aquitaine-11319065.php?utm_source=newsletter&amp;utm_medium=email&amp;utm_campaign=MaNewsletterPau&amp;utm_term=20220616\">Canicule alerte rouge pour 12 d\u00e9partements en France dont 7 en Nouvelle-Aquitaine-<\/a> (Sud-Ouest)<\/p>\n\n\n\n<figure class=\"wp-block-image size-full\"><img data-recalc-dims=\"1\" loading=\"lazy\" decoding=\"async\" width=\"831\" height=\"416\" src=\"https:\/\/i0.wp.com\/www.rdpemancipation.org\/wp-content\/uploads\/2022\/06\/image-230.png?resize=831%2C416&#038;ssl=1\" alt=\"\" class=\"wp-image-89270\" srcset=\"https:\/\/i0.wp.com\/www.rdpemancipation.org\/wp-content\/uploads\/2022\/06\/image-230.png?w=831&amp;ssl=1 831w, https:\/\/i0.wp.com\/www.rdpemancipation.org\/wp-content\/uploads\/2022\/06\/image-230.png?resize=300%2C150&amp;ssl=1 300w, https:\/\/i0.wp.com\/www.rdpemancipation.org\/wp-content\/uploads\/2022\/06\/image-230.png?resize=768%2C384&amp;ssl=1 768w\" sizes=\"auto, (max-width: 831px) 100vw, 831px\" \/><figcaption><strong><sup>Bordeaux: Jeux d&rsquo;eau Place de la Bourse<\/sup><\/strong><\/figcaption><\/figure>\n\n\n\n<p><strong><a href=\"https:\/\/tr.courrier.sudouest.fr\/hit\/KPYN\/06Y\/gz\/iCvd8MLoD_54dwRCNS5JHHBbjicv1VUdgDGHwwiyvJHp1P-L5lxROdgpDgfgnS5Gz_mlkAslCv7r8pBQTqeR0bSKLsSoYiSRzlkCWrcap5QnDduAZQzWEAC3_psvmHVsHiCb6N5kS44rKEFOclDCMjD2tc5-fZun7eM3hk05BWJvAENFZdP6GuS_w_qdwDXN0J_ex9OcmImLdD0-_5vznqazELZR8lzWxNf-F_Zk3NQSVAoid6Xgr8_Q30HXv8dikY5MFPJKNXqZCNUvgbwXAry8xRZZ_fbyH6cDUdQvmiza3sCs7uDJp9VlZ7x4appcQpbSwl67dcdj03k9cpl5UV8BIO3ApOcSn57faD32hv_BTWjqfT_2TPrCmibEEItGwOjockwNEPjjZgT8DyKzZiIysy3YHmz4L_9D55i-LvfG8UeJ64yAzBhUxPNruOWk_vLWPtYD9nhsaua8furf4OoBMe8kUPhp0IGPDsFjKtUxcBbf9G9742NzqqY5Q555bZGPFpeLaLRsCSJ4hfI2fFT07o87zYTArAmCljcHRmv1suEUNDrV6lCvFnzQkNZtWrI1yzNv1coZ4DfCuMwjp6UyFpvcsGhDHO818Weeb3GFNlZCPyb1OOU\">\u25a0 Pyr\u00e9n\u00e9es-Atlantiques&nbsp;: mouvement de gr\u00e8ve dans les h\u00f4pitaux et manifestation ce samedi <\/a>(Sud-Ouest)<\/strong><\/p>\n\n\n\n<p><a href=\"https:\/\/t.eml.lequotidiendupharmacien.fr\/r\/?id=h22a045c1,1c2ce30,d52b47&amp;xtor=EPR-1-%5BNL_editionnumerique%5D-%5B20220616%5D&amp;utm_content=20220616&amp;utm_campaign=NL_editionnumerique&amp;utm_medium=newsletter&amp;utm_source=qph&amp;newsToken=f3581802-ef21-4c58-a23a-9a812702a64f\">Les \u00c9tats-Unis s&rsquo;appr\u00eatent \u00e0 vacciner les enfants d\u00e8s 6 mois <\/a>&nbsp;(Quotidien du Pharmacien)<\/p>\n\n\n\n<p><a href=\"https:\/\/www.europe1.fr\/societe\/bac-2022-les-lyceens-deplorent-lepreuve-de-frnacais-passee-sous-canicule-4117981?utm_source=actus_lilo\">Les lyc\u00e9ens d\u00e9plorent l\u2019\u00e9preuve de fran\u00e7ais pass\u00e9e sous canicule<\/a> (Europe1)<\/p>\n\n\n\n<p><strong>Analyse<\/strong><\/p>\n\n\n\n<p><strong><a href=\"https:\/\/charliehebdo.fr\/2022\/06\/economie\/restaus-bars-aeroports-ou-sont-les-gens-qui-nous-servent\/?utm_source=sendinblue&amp;utm_campaign=QUOTIDIENNE_16062022_-_NON_ABONNES&amp;utm_medium=email\">Restaus, bars, a\u00e9roports, o\u00f9 sont les gens qui nous servent&nbsp;?<\/a>(Charlie Hebdo)<\/strong><\/p>\n\n\n\n<p><strong><a href=\"https:\/\/www.youtube.com\/watch?v=s-c9SSux5wM\">1962: Un jeune surdou\u00e9 au village<\/a> (INA)<\/strong> Vid\u00e9o<\/p>\n\n\n\n<p><strong><mark style=\"background-color:rgba(0, 0, 0, 0);color:#e23434\" class=\"has-inline-color\">16 Juin en continu<\/mark><\/strong><\/p>\n\n\n\n<p><strong><a href=\"https:\/\/3wpse.r.ag.d.sendibm3.com\/mk\/cl\/f\/6dOCbGlaKNwZdMJr9lt9ouvSnpfCgLWVvFcIHcHyfnmvsAJ8WR0OsMkzVeyhQB4LfN0y7uAfdRgolv5QkLSZKiT6NF4lhs1K_lGi7Ghxmeo4HHToMneBcigkOcwfAaCkSipLbL1kn_9TOvXUdMhPmhrFbpawNxTzKvKRQ1w1e3GSu2Hz-VHZszmi-LYJ3Ja2SLYhkE9q_2lIGKpk03C6Nc1Fk35CL84o9JU6HK8ke_j8omKAHG7g8x37UJL0bh-oqoJ9LQsXWbaEwz1l8plM-OtVawurxwvukLhgO5sPgpFuabSikuwzhuprmhqqNeuLUZ_OtpxxyxZXsokdMrGayLYXXvFjM0JCBH7ryNzx_lPbXKsodPRMzA7ulyXIN0-oFzA5Fl437b_BPHReChg-4oUPJ1UqXc4xdGAEt83sINHccCw\">De plus en plus nuls en maths\u2026 c\u2019est grave docteur\u202f!<\/a> (Charlie Hebdo)<\/strong><\/p>\n\n\n\n<p><a href=\"https:\/\/blogs.mediapart.fr\/michel-fize\/blog\/150622\/reconstruire-l-ecole-une-urgence-absolue?utm_source=global&amp;utm_medium=social&amp;utm_campaign=SharingApp&amp;xtor=CS3-5\">Reconstruire l\u2019\u00e9cole, une urgence absolue<\/a> (Michel Fize)<strong><\/strong><\/p>\n\n\n\n<p><a href=\"https:\/\/www.rfi.fr\/fr\/podcasts\/reportage-france\/20220608-%C3%A9cologie-le-relais-jeunes-arrive-%C3%A0-paris-apr%C3%A8s-un-tour-de-france-de-quatre-mois\">\u00c9cologie&nbsp;: le relais jeunes arrive \u00e0 Paris apr\u00e8s un tour de France de quatre mois<\/a> (RFI)<\/p>\n\n\n\n<p><a href=\"https:\/\/theconversation.com\/cleo-pourquoi-il-y-a-le-rechauffement-climatique-117871?utm_medium=email&amp;utm_campaign=La%20lettre%20de%20The%20Conversation%20France%20du%2015%20juin%202022%20-%202321223126&amp;utm_content=La%20lettre%20de%20The%20Conversation%20France%20du%2015%20juin%202022%20-%202321223126+CID_2372a8635d7568ffa7e6d9f3f85fb064&amp;utm_source=campaign_monitor_fr&amp;utm_term=Clo%20%20%20Pourquoi%20il%20y%20a%20le%20rchauffement%20climatique\">Pourquoi il y a le r\u00e9chauffement climatique<\/a> (The Conversation Junior)<\/p>\n\n\n\n<p><a><\/a><a href=\"https:\/\/charliehebdo.fr\/2022\/06\/ecologie\/vagabondage-en-quete-de-ramage-et-de-plumage\/?utm_source=sendinblue&amp;utm_campaign=QUOTIDIENNE%2014062022%20-%20NON%20ABONNES&amp;utm_medium=email\">Vagabondage en qu\u00eate de ramage et de plumage<\/a> (Charlie Hebdo)<\/p>\n\n\n\n<p><a href=\"https:\/\/public.message-business.com\/emailing\/49923\/3509\/r16ffhgbuoheseofmieuzoigppyhygmvzyb\/emailing.aspx\">Testez vos connaissances du code de la route<\/a> (Pr\u00e9vention routi\u00e8re)<\/p>\n\n\n\n<p><strong>Analyse<\/strong><\/p>\n\n\n\n<p><strong><a href=\"https:\/\/www.laselectiondujour.com\/index.php?143477&amp;lsdj=336330\">M\u00e9decine esth\u00e9tique&nbsp;: La kardashianisation de la jeunesse<\/a> (LSDJ)<\/strong><\/p>\n\n\n\n<p><strong><mark style=\"background-color:rgba(0, 0, 0, 0);color:#d62525\" class=\"has-inline-color\">15 Juin en continu<\/mark><\/strong><\/p>\n\n\n\n<p><a href=\"https:\/\/www.alternatives-economiques.fr\/franck-aggeri\/jeunes-diplomes-veulent-un-travail-sens\/00103432\">Les jeunes dipl\u00f4m\u00e9s veulent un travail avec du sens<\/a> . (Alter Eco)<\/p>\n\n\n\n<p><strong><a href=\"https:\/\/www.rfi.fr\/fr\/podcasts\/reportage-france\/20220614-france-la-p%C3%A9nurie-de-professeurs-inqui%C3%A8te-les-%C3%A9tablissements-scolaires?utm_source=actus_lilo\">La p\u00e9nurie de professeurs inqui\u00e8te les \u00e9tablissements scolaires<\/a> (RFI)<\/strong><\/p>\n\n\n\n<p><strong><a href=\"http:\/\/www.cafepedagogique.net\/lexpresso\/Pages\/2022\/06\/14062022Article637907854833906451.aspx\">Un bac tout chaud\u2026<\/a>(Caf\u00e9 p\u00e9dagogique)<\/strong><\/p>\n\n\n\n<p><a href=\"https:\/\/www.europe1.fr\/sante\/lhyperactivite-est-elle-syonyme-dehec-scolaire-4117470?utm_source=actus_lilo\">L\u2019hyperactivit\u00e9 est-elle synonyme d\u2019\u00e9chec scolaire ?<\/a> (Europe1)<\/p>\n\n\n\n<p><strong><a href=\"http:\/\/www.cafepedagogique.net\/LEXPRESSO\/Pages\/2022\/06\/14062022Article637907854842500311.aspx\">Bac: Tripatouillage ou pas des notes&nbsp;?<\/a> (Caf\u00e9 p\u00e9dagogique)<\/strong><\/p>\n\n\n\n<p><a><\/a><a href=\"http:\/\/www.cafepedagogique.net\/lexpresso\/Pages\/2022\/06\/14062022Article637907854792655923.aspx\">La FSU voit dans les l\u00e9gislatives une dynamique porteuse d\u2019espoir<\/a> (Caf\u00e9 p\u00e9dagogique)<\/p>\n\n\n\n<p><strong><a href=\"http:\/\/ife.ens-lyon.fr\/kadekol\/en-quete-decole\/la-sante-a-lecole\">La sant\u00e9 l\u2019\u00e9cole<\/a> (Kad\u00e9col)<\/strong><\/p>\n\n\n\n<p><a href=\"https:\/\/youtu.be\/dkVs6L2qY-M\">Les sujets du bac de philo 1960<\/a> (INA) Vid\u00e9o<\/p>\n\n\n\n<p><strong><mark style=\"background-color:rgba(0, 0, 0, 0);color:#cc2222\" class=\"has-inline-color\">14 Juin en continu<\/mark><\/strong><\/p>\n\n\n\n<p><a href=\"https:\/\/www.mediapart.fr\/journal\/economie\/100622\/penurie-de-saisonniers-la-reforme-de-l-assurance-chomage-accroit-le-probleme?utm_source=20220611&amp;utm_medium=email&amp;utm_campaign=QUOTIDIENNE&amp;utm_content=&amp;utm_term=&amp;xtor=EREC-83-%5bQUOTIDIENNE%5d-20220611&amp;M_BT=2691799753699\">P\u00e9nurie de saisonniers la r\u00e9forme de l\u2019assurance ch\u00f4mage accroit le probl\u00e8me<\/a> (M\u00e9diapart)<\/p>\n\n\n\n<p><strong><mark style=\"background-color:rgba(0, 0, 0, 0);color:#cc2222\" class=\"has-inline-color\">13 Juin en continu<\/mark><\/strong><\/p>\n\n\n\n<p><a href=\"https:\/\/www.humanite.fr\/monde\/quebec\/canada-au-quebec-le-travail-des-enfants-toujours-legal-753998?utm_campaign=NEWS%20EX%20ABO%20220613&amp;utm_medium=email&amp;utm_source=sendinblue\">Au Qu\u00e9bec, le travail des enfants toujours l\u00e9gal<\/a> (L\u2019Huma)<\/p>\n\n\n\n<p><strong><a href=\"https:\/\/www.alternatives-economiques.fr\/attractivite-metier-denseignant-une-crise-europeenne\/00103653\">Attractivit\u00e9 du m\u00e9tier d\u2019enseignant&nbsp;: une crise europ\u00e9enne<\/a> (Alter \u00e9co)<\/strong><\/p>\n\n\n\n<p><strong><a href=\"https:\/\/theconversation.com\/la-reconnaissance-faciale-du-deverrouillage-de-telephone-a-la-surveillance-de-masse-184484?utm_medium=email&amp;utm_campaign=La%20lettre%20du%20week-end%20de%20The%20Conversation%20France%20-%202318223095&amp;utm_content=La%20lettre%20du%20week-end%20de%20The%20Conversation%20France%20-%202318223095+CID_f24da9a7b0f35c7e5720f458499fd751&amp;utm_source=campaign_monitor_fr&amp;utm_term=un%20regard%20crois%20dinformaticienne%20et%20de%20juriste\">La reconnaissance faciale du d\u00e9verrouillage de t\u00e9l\u00e9phone \u00e0 la surveillance de masse<\/a> (The Conversation)<\/strong><\/p>\n\n\n\n<p><a href=\"https:\/\/m.youtube.com\/watch?v=ngCg3rrckdc\">Peindre \u00e0 la peinture acrylique un champ de tournesols<\/a> (Jay Lee Painting)Vid\u00e9o<\/p>\n\n\n\n<p><strong><mark style=\"background-color:rgba(0, 0, 0, 0);color:#cc2222\" class=\"has-inline-color\">12 Juin en continu<\/mark><\/strong><\/p>\n\n\n\n<p><strong><a href=\"http:\/\/www.cafepedagogique.net\/lexpresso\/Pages\/2022\/06\/10062022Article637904398321145912.aspx\">Un rapport s\u00e9natorial pousse \u00e0 la privatisation de l\u2019\u00e9ducation<\/a> (Caf\u00e9 p\u00e9dagogique)<\/strong><\/p>\n\n\n\n<p><a><\/a><a href=\"https:\/\/vert.eco\/articles\/objectif-289-une-marche-festive-pour-inciter-les-jeunes-a-voter?utm_source=actus_lilo\">Une marche festive pour inciter les jeunes \u00e0 voter<\/a> (Vert \u00e9co)<\/p>\n\n\n\n<p><a href=\"https:\/\/reporterre.net\/Pour-les-jeunes-la-politique-ne-passe-pas-que-par-le-vote?utm_source=actus_lilo\">Pour les jeunes la politique ne passe pas que par le vote<\/a> (Reporterre)<\/p>\n\n\n\n<p><a href=\"http:\/\/www.cafepedagogique.net\/lexpresso\/Pages\/2022\/06\/09062022Article637903534463489635.aspx\">Quartiers pauvres&nbsp;: des attentes de \u2018\u2019r\u00e9sultats\u2019\u2019 d\u00e8s le plus jeune \u00e2ge<\/a>&nbsp; (Caf\u00e9 p\u00e9dagogique)<\/p>\n\n\n\n<p><a href=\"https:\/\/www.sudouest.fr\/pyrenees-atlantiques\/monein\/monein-un-robot-en-classe-pour-assurer-la-continuite-pedagogique-d-un-eleve-absent-11209246.php?utm_source=newsletter&amp;utm_medium=email&amp;utm_campaign=MaNewsletterPau&amp;utm_term=20220611\">Monein&nbsp;:un robot en classe pour assurer la continuit\u00e9 p\u00e9dagogique d\u2019un \u00e9l\u00e8ve absent<\/a> (Sud-Ouest)<\/p>\n\n\n\n<p><a href=\"http:\/\/www.cafepedagogique.net\/lexpresso\/Pages\/2022\/06\/10062022Article637904398312083296.aspx\">D\u00e9missions: Qu\u2019est-ce qui pousse les enseignants&nbsp;?<\/a> (Caf\u00e9 p\u00e9dagogique)<\/p>\n\n\n\n<p><strong><mark style=\"background-color:rgba(0, 0, 0, 0);color:#c02828\" class=\"has-inline-color\">11 Juin en continu<\/mark><\/strong><\/p>\n\n\n\n<p><strong><a href=\"https:\/\/www.linfodurable.fr\/investir-durable\/en-bref\/75-des-etudiants-veulent-plus-decologie-dans-leur-formation-32572\">75% des \u00e9tudiants veulent plus d\u2018\u00e9cologie dans leur formation<\/a> (Info durable)<\/strong><\/p>\n\n\n\n<p><a href=\"https:\/\/www.francetvinfo.fr\/replay-radio\/on-ne-pouvait-pas-le-rater\/on-ne-pouvait-pas-le-rater-jonathan-et-ses-25-voeux-acceptes-sur-parcoursup_5159479.html\"><strong>On ne pouvait pas le rater&nbsp;: Jonathan et ses 25 v\u0153ux accept\u00e9s sur parcoursup<\/strong><\/a><strong>(Francetvinfo)<\/strong> Audio<\/p>\n\n\n\n<p><strong><mark style=\"background-color:rgba(0, 0, 0, 0);color:#bd1e1e\" class=\"has-inline-color\">10 Juin en continu<\/mark><\/strong><\/p>\n\n\n\n<p><strong><a href=\"https:\/\/lanticapitaliste.org\/actualite\/education\/parcoursup-lecole-du-tri-social\">Parcoursup : \u00e0 l\u2019\u00e9cole du tri social<\/a> (NPA)<\/strong><\/p>\n\n\n\n<p><a href=\"http:\/\/www.cafepedagogique.net\/lexpresso\/Pages\/2022\/06\/08062022Article637902673232091167.aspx\"><strong>&nbsp;La sant\u00e9 \u00e0 l\u2019\u00e9cole (en morceaux)<\/strong><\/a><strong> (Caf\u00e9 p\u00e9dagogique)<\/strong><\/p>\n\n\n\n<p><a href=\"https:\/\/blogs.mediapart.fr\/jean-pierre-veran\/blog\/030622\/inegalite-des-chances-la-preuve-par-l-insee\">In\u00e9galit\u00e9 des chances&nbsp;: la preuve par l\u2019Insee<\/a> (Jean-Pierre V\u00e9ran)<\/p>\n\n\n\n<p><a href=\"https:\/\/www.francetvinfo.fr\/france\/ilsontlasolution\/gamino-un-jeu-video-ludique-pour-mieux-comprendre-le-handicap_5168146.html\">Gamino un jeu video pour mieux comprendre le handicap<\/a> (Francetvinfo)Vid\u00e9o<\/p>\n\n\n\n<p><strong><a href=\"https:\/\/www.francetvinfo.fr\/societe\/education\/education-nationale-ces-professeurs-qui-decident-d-abandonner-lecole_5185198.html\">\u00c9ducation nationale&nbsp;: ces professeurs qui d\u00e9cident d\u2019abandonner l\u2019\u00e9cole<\/a> (Francetvinfo)<\/strong><\/p>\n\n\n\n<p><a href=\"https:\/\/blogs.mediapart.fr\/ralph-lejamtel\/blog\/070622\/faut-il-hierarchiser-les-sports\"><strong>Faut-il hi\u00e9rarchiser les sports&nbsp;?<\/strong><\/a><strong> <\/strong><strong>(Ralf Lejamtel)<\/strong><\/p>\n\n\n\n<p><strong><a href=\"https:\/\/www.francetvinfo.fr\/economie\/emploi\/recherche-d-emploi\/fonction-publique\/a-la-veille-de-leur-greve-les-eleves-de-l-ex-ena-denoncent-un-cursus-chaotique_5184979.html\">Les \u00e9l\u00e8ves de l\u2019 ex ENA d\u00e9noncent un cursus chaotique<\/a> (France Info)<\/strong><\/p>\n\n\n\n<p><strong><mark style=\"background-color:rgba(0, 0, 0, 0);color:#c82929\" class=\"has-inline-color\">9 Juin en continu<\/mark><\/strong><\/p>\n\n\n\n<p><strong><a href=\"https:\/\/www.questionsdeclasses.org\/30-minutes\/\">30 minutes<\/a> (Questions de classes)<\/strong><\/p>\n\n\n\n<p><a href=\"http:\/\/www.cafepedagogique.net\/lexpresso\/Pages\/2022\/06\/08062022Article637902673223653235.aspx\">Mus\u00e9e scolaire pour la paix et ses guides<\/a> (Caf\u00e9 p\u00e9dagogique)<\/p>\n\n\n\n<p><a href=\"https:\/\/www.humanite.fr\/politique\/legislatives-2022\/elsa-denferd-la-professeure-qui-veut-donner-une-lecon-la-macronie-753173\">L\u00e9gislatives&nbsp;: Elsa Denferd, la professeure qui veut donner une le\u00e7on \u00e0 la macronie<\/a> (L\u2019Humanit\u00e9)<\/p>\n\n\n\n<p><a href=\"http:\/\/www.cafepedagogique.net\/lexpresso\/Pages\/2022\/06\/02062022Article637897487974940990.aspx\">Souad Ayada et l\u2019apr\u00e8s Blanquer<\/a><mark style=\"background-color:rgba(0, 0, 0, 0)\" class=\"has-inline-color has-contrast-color\"> <\/mark>(Caf\u00e9 p\u00e9dagogique)<\/p>\n\n\n\n<p><strong><a href=\"https:\/\/www.20minutes.fr\/sante\/3300515-20220602-troubles-alimentaires-comment-expliquer-boom-cas-chez-15-30-ans-depuis-deux-ans\">Troubles alimentaires&nbsp;: comment expliquer le boom de cas chez 15-30-ans depuis deux ans&nbsp;?<\/a> (20Minutes)<\/strong><\/p>\n\n\n\n<p><a href=\"http:\/\/www.cafepedagogique.net\/lexpresso\/Pages\/2022\/06\/08062022Article637902673213027691.aspx\">Film: L\u2019anniversaire de Tommy<\/a> (Caf\u00e9 p\u00e9dagogique)<\/p>\n\n\n\n<p><strong><mark style=\"background-color:rgba(0, 0, 0, 0);color:#cf2525\" class=\"has-inline-color\">7 Juin en continu<\/mark><\/strong><\/p>\n\n\n\n<p><strong><a href=\"https:\/\/www.questionsdeclasses.org\/faire-semblant-de-tout-changer-pour-que-rien-ne-change\/\">Faire semblant de tout changer pour que rien ne change<\/a> (Questions de Classes)<\/strong><\/p>\n\n\n\n<p><a href=\"https:\/\/www.francetvinfo.fr\/societe\/education\/parcoursup\/parcoursup\/parcoursup-on-vous-explique-comment-se-deroule-la-phase-principale-d-admission-qui-s-ouvre-jeudi-2-juin-a-19-heures_5174035.html#xtor=RSS-3-[lestitres]?utm_source=actus_lilo\">Parcoursup&nbsp;:comment se d\u00e9roule la phase principale d\u2019admission qui s\u2019est ouverte jeudi 2 juin<\/a> (Francetvinfo)<\/p>\n\n\n\n<p><strong><a href=\"https:\/\/www.francetvinfo.fr\/societe\/education\/ecole-du-futur-le-syndicat-se-unsa-voudrait-parler-de-l-ecole-du-present-et-de-toutes-les-problematiques-actuelles_5174521.html#xtor=RSS-3-[lestitres]?utm_source=actus_lilo\">\u2019\u2019\u00c9cole du futur&nbsp;: le syndicat&nbsp; SE-UNSA voudrait parler de l\u2019\u00e9cole du pr\u00e9sent et-de toutes probl\u00e9matiques actuelles<\/a> (France Info)<\/strong><\/p>\n\n\n\n<p><a href=\"https:\/\/www.questionsdeclasses.org\/boutique\/non-classe\/pour-une-ecole-publique-emancipatrice-libertalia\/\">Pour une \u00e9cole publique \u00e9mancipatrice (Libertalia)<\/a> (Questions de classes)<\/p>\n\n\n\n<p><a href=\"https:\/\/aoc.media\/analyse\/2022\/06\/06\/quand-lautonomie-des-universites-menace-lautonomie-des-universitaires\/\">Quand l\u2019autonomie des universit\u00e9s menace l\u2019autonomie des universitaires<\/a> (AOC M\u00e9dia)<\/p>\n\n\n\n<p><a href=\"http:\/\/www.cafepedagogique.net\/lexpresso\/Pages\/2022\/06\/03062022Article637898357534318015.aspx\">De nouveaux sujets<\/a> (Caf\u00e9 P\u00e9dagogique)<\/p>\n\n\n\n<p><strong><a href=\"https:\/\/www.francetvinfo.fr\/societe\/education\/en-option-des-la-rentree-obligatoires-en-2023-ce-qu-il-faut-retenir-des-annonces-d-emmanuel-macron-sur-les-mathematiques-en-classe-de-premiere_5174272.html#xtor=RSS-3-[lestitres]?utm_source=actus_lilo\">En option d\u00e8s la rentree, obligatoires en 2023&nbsp;: Macron sur math\u00e9matiques en classe de premi\u00e8re<\/a> (Francetvinfo)<\/strong><\/p>\n\n\n\n<p><a href=\"http:\/\/www.cafepedagogique.net\/lexpresso\/Pages\/2022\/06\/03062022Article637898357742605930.aspx\">Le num\u00e9rique, c\u2019est fondamental?<\/a> (Caf\u00e9 P\u00e9dagogique)<\/p>\n\n\n\n<p><a href=\"https:\/\/www.francetvinfo.fr\/culture\/jeux-video\/les-tortues-ninja-bientot-de-retour-sur-consoles-dans-une-suite-spirituelle-des-jeux-video-des-annees-80-90_5127325.html#xtor=RSS-3-[lestitres]?utm_source=actus_lilo\">Tortues Ninja bient\u00f4t de retour sur consoles dans suite spirituelle des jeux vid\u00e9o annees-80-90<\/a> (France Info)<\/p>\n\n\n\n<p><a href=\"http:\/\/www.cafepedagogique.net\/lexpresso\/Pages\/2022\/06\/03062022Article637898357613226790.aspx\">&nbsp;Sud 93 gagne son proc\u00e8s contre 5 parlementaires r\u00e9publicains<\/a> (Caf\u00e9 P\u00e9dagogique)<\/p>\n\n\n\n<p><a href=\"https:\/\/www.francetvinfo.fr\/france\/ilsontlasolution\/dans-laisne-lorchestre-d-enfants-du-projet-demos-va-jouer-a-la-philarmonie-de-paris_5181448.html#xtor=RSS-3-[france]?utm_source=actus_lilo\">Aisne&nbsp;: orchestre d\u2019enfants projet Demos va jouer \u00e0 la Philarmonie de Paris<\/a> (Francetvinfo)<\/p>\n\n\n\n<p><strong><mark style=\"background-color:rgba(0, 0, 0, 0);color:#ce2121\" class=\"has-inline-color\">6 Juin en continu<\/mark><\/strong><\/p>\n\n\n\n<p><a href=\"https:\/\/www.huffingtonpost.fr\/entry\/entre-le-bac-les-virus-lukraine-la-sante-mentale-des-jeunes-est-durablement-affectee-blog_fr_62987777e4b0b1100a6124d5\">Entre le bac, les virus, l&rsquo;Ukraine, la sant\u00e9 mentale des jeunes est durablement affect\u00e9e <\/a>(Blog HuffPost)<\/p>\n\n\n\n<p><a href=\"https:\/\/www.francetvinfo.fr\/societe\/education\/reforme-du-bac\/education-quatre-questions-sur-le-retour-des-mathematiques-en-option-dans-le-tronc-commun-en-classe-de-premiere_5175889.html\">Quatre questions sur le retour des math\u00e9matiques en option dans le tronc commun en classe de premi\u00e8re<\/a> (Francetvinfo)<\/p>\n\n\n\n<p><a href=\"https:\/\/www.la-croix.com\/Famille\/lyceens-etudiants-critiques-legard-Parcoursup-2022-06-04-1201218456?utm_source=newsletterp&amp;utm_medium=email&amp;utm_campaign=welcome_media&amp;utm_content=20220605\">Familles, lyc\u00e9ens, \u00e9tudiants critiques \u00e0 l\u2019\u00e9gard de Parcoursup<\/a> (LaCroix)<\/p>\n\n\n\n<p><a href=\"https:\/\/etudiant.lefigaro.fr\/article\/brevet-revisez-avec-la-dictee-du-certificat-d-etudes-de-1960_e6013204-cbaa-11ec-93f9-105970351cea\/\">Brevet&nbsp;:r\u00e9visez avec la dict\u00e9e du certificat d\u2019\u00e9tudes de 1960<\/a> (Le Figaro- \u00e9tudiant)<\/p>\n\n\n\n<p><strong><a href=\"https:\/\/www.alternatives-economiques.fr\/urgent-academie-penurie-recrute-contractuels-masse\/00103585?utm_source=emailing&amp;utm_medium=email&amp;utm_campaign=hebdo&amp;utm_content=05062022%3E\">Urgent&nbsp;: acad\u00e9mie en p\u00e9nurie recrute contractuels en masse<\/a> (Alter\u00c9co)<\/strong><\/p>\n\n\n\n<p><a href=\"https:\/\/www.leparisien.fr\/societe\/bac-2022-panique-pour-des-eleves-dont-professeur-dhistoire-sest-trompe-de-programme-04-06-2022-ERA34PMBX5HDHIPK6YMZLUSPJY.php\">Panique pour des \u00e9l\u00e8ves dont le professeur d\u2019histoire s\u2019est tromp\u00e9 de programme<\/a> (Le Parisien)<strong><\/strong><\/p>\n\n\n\n<p><strong><a href=\"https:\/\/www.alternatives-economiques.fr\/oblik7?utm_campaign=hebdo&amp;utm_medium=email&amp;utm_source=emailing\">50 raisons pour les jeunes de ne pas d\u00e9sesp\u00e9rer<\/a>(Alter \u00c9co)<\/strong><\/p>\n\n\n\n<p><a href=\"https:\/\/www.la-croix.com\/Debats\/Cure-boomer-jobserve-parfois-raidissement-chez-jeunes-jaccompagne-2022-06-01-1201217911\">Cur\u00e9 boomer&nbsp;: j\u2019observe parfois un raidissement chez les jeunes que j\u2019accompagne<\/a> (La Croix)<strong><\/strong><\/p>\n\n\n\n<p><strong><mark style=\"background-color:rgba(0, 0, 0, 0);color:#d02727\" class=\"has-inline-color\">5 Juin en continu<\/mark><\/strong><\/p>\n\n\n\n<p><a href=\"http:\/\/www.cafepedagogique.net\/lexpresso\/Pages\/2022\/06\/03062022Article637898357661353330.aspx\">Les associations scientifiques contre l\u2019arbitrage de Macron<\/a> (Caf\u00e9 p\u00e9dagogique)<\/p>\n\n\n\n<p><strong><a href=\"https:\/\/www.mediapart.fr\/journal\/france\/040622\/dans-le-loiret-une-campagne-difficile-pour-l-ancien-ministre-blanquer?utm_source=20220604&amp;utm_medium=email&amp;utm_campaign=QUOTIDIENNE&amp;utm_content=&amp;utm_term=&amp;xtor=EREC-83-%5bQUOTIDIENNE%5d-20220604&amp;M_BT=2691799753699\">Dans le Loiret, une campagne difficile pour l\u2019ancien ministre Blanquer<\/a> (MDP)<\/strong><\/p>\n\n\n\n<figure class=\"wp-block-image size-full is-resized\"><img data-recalc-dims=\"1\" loading=\"lazy\" decoding=\"async\" src=\"https:\/\/i0.wp.com\/www.rdpemancipation.org\/wp-content\/uploads\/2022\/06\/image-46.png?resize=365%2C460&#038;ssl=1\" alt=\"\" class=\"wp-image-87994\" width=\"365\" height=\"460\" srcset=\"https:\/\/i0.wp.com\/www.rdpemancipation.org\/wp-content\/uploads\/2022\/06\/image-46.png?w=432&amp;ssl=1 432w, https:\/\/i0.wp.com\/www.rdpemancipation.org\/wp-content\/uploads\/2022\/06\/image-46.png?resize=238%2C300&amp;ssl=1 238w\" sizes=\"auto, (max-width: 365px) 100vw, 365px\" \/><\/figure>\n\n\n\n<p><a href=\"https:\/\/theconversation.com\/agroparistech-quand-de-futurs-ingenieurs-racontent-leur-conversion-ecologique-183764?utm_medium=email&amp;utm_campaign=La%20lettre%20du%20week-end%20de%20The%20Conversation%20France%20-%202311523023&amp;utm_content=La%20lettre%20du%20week-end%20de%20The%20Conversation%20France%20-%202311523023+CID_f9b6bfd427e134b4040adc83308766fe&amp;utm_source=campaign_monitor_fr&amp;utm_term=constitue%20un%20socle%20pour%20ces%20tudiants\">AgroParisTech&nbsp;: quand de futurs ing\u00e9nieurs racontent leur conversion \u00e9cologique<\/a> (The Conversation)<\/p>\n\n\n\n<p><a href=\"http:\/\/www.cafepedagogique.net\/lexpresso\/Pages\/2022\/06\/03062022Article637898357711042420.aspx\">Le SNUipp r\u00e9fute nettement le plan Macron<\/a> (Caf\u00e9 p\u00e9dagogique)<\/p>\n\n\n\n<p><a href=\"https:\/\/aoc.media\/fiction\/2022\/06\/04\/le-lapin\/\">Auteurs \u2018\u2019en herbe\u2019\u2019: Le lapin<\/a> (AOC M\u00e9dia)<\/p>\n\n\n\n<p><a href=\"https:\/\/theconversation.com\/des-modeles-masculins-pour-developper-lenvie-de-lire-chez-les-garcons-182987\">Des mod\u00e8les masculins pour d\u00e9velopper l\u2019envie de lire chez les gar\u00e7ons<\/a> <a>(The Conversation)<\/a><\/p>\n\n\n\n<p><strong><a href=\"http:\/\/www.cafepedagogique.net\/lexpresso\/Pages\/2022\/06\/03062022Article637898357777450795.aspx\">Jeunesses fran\u00e7aises, promesses tenues&nbsp;?<\/a> (Caf\u00e9 p\u00e9dagogique)<\/strong><\/p>\n\n\n\n<p><strong><mark style=\"background-color:rgba(0, 0, 0, 0);color:#c72020\" class=\"has-inline-color\">4 Juin en continu<\/mark><\/strong><\/p>\n\n\n\n<p><a href=\"https:\/\/www.alternatives-economiques.fr\/urgent-academie-penurie-recrute-contractuels-masse\/00103585?utm_source=actus_lilo\">Urgent&nbsp;:P\u00e9nurie de profs, Acad\u00e9mie recrute contractuels en masse<\/a>( Alter \u00c9co)<strong><\/strong><\/p>\n\n\n\n<p><a href=\"https:\/\/youtu.be\/b2c7zbKoows\">Macron veut d\u00e9truire notre syst\u00e8me scolaire<\/a> (Jean Luc M\u00e9lenchon)<\/p>\n\n\n\n<p><strong><a href=\"https:\/\/www.francesoir.fr\/societe-science-tech\/reconnaissance-faciale-clearview-dans-les-ecoles\">Reconnaissance faciale Clearview dans les \u00e9coles<\/a> (FranceSoir)<\/strong><\/p>\n\n\n\n<p><strong><a href=\"https:\/\/www.francesoir.fr\/videos-l-entretien-essentiel\/bruno-pomart-raid-aventure\">Bruno Pomart: Importance de permettre aux jeunes des quartiers de ne pas \u00eatre stigmatis\u00e9s<\/a> (FranceSoir)<\/strong><\/p>\n\n\n\n<p><a href=\"https:\/\/theconversationfrance.cmail19.com\/t\/r-l-tyihirhd-bjlyhluhtr-h\/\">Second \u00e9pisode de notre \u00ab Chronique en mer \u00bb<\/a>&nbsp; (The Conversation)<\/p>\n\n\n\n<p><a href=\"https:\/\/mailchi.mp\/3a2a14213b6c\/famileo-une-gazette-familiale-pour-maintenir-le-lien-entre-les-generations?e=9edfcd2ef2\">Famileo: une gazette familiale pour maintenir le lien entre les g\u00e9n\u00e9rations<\/a> (PositivR)<\/p>\n\n\n\n<p><a href=\"https:\/\/theconversation.com\/objets-cultes-le-chargeur-182983?utm_medium=email&amp;utm_campaign=La%20lettre%20de%20The%20Conversation%20France%20du%202%20juin%202022%20-%202310323007&amp;utm_content=La%20lettre%20de%20The%20Conversation%20France%20du%202%20juin%202022%20-%202310323007+CID_f1a1583162ba854a616c38b83713b939&amp;utm_source=campaign_monitor_fr&amp;utm_term=Objets%20cultes\">\u2019\u2019Objets-cultes\u2019\u2019 le chargeur<\/a>&nbsp;(The Conversation)<\/p>\n\n\n\n<p><a href=\"https:\/\/www.lequotidiendupharmacien.fr\/exercice-pro\/etudes-formation-continue\/la-sante-en-tete-des-voeux-des-lyceens?xtor=EPR-1-%5BNL_editionnumerique%5D-%5B20220603%5D&amp;utm_content=20220603&amp;utm_campaign=NL_editionnumerique&amp;utm_medium=newsletter&amp;utm_source=qph\">Parcoursup: la sant\u00e9 en t\u00eate des v\u0153ux des lyc\u00e9ens<\/a>(Quotidien du pharmacien)<\/p>\n\n\n\n<p><a href=\"https:\/\/theconversation.com\/le-surfeur-lautre-vigie-des-plages-francaises-184091\">Le surfeur&nbsp;:l\u2019autre vigie des plages fran\u00e7aises<\/a> (The Conservation)<\/p>\n\n\n\n<p><strong><a href=\"https:\/\/www.carenews.com\/carenews-info\/news\/il-y-a-un-clivage-entre-la-jeunesse-qui-peut-se-permettre-de-s-engager-et-celle\">Il y a clivage entre jeunesse qui peut se permettre de s\u2019engager et celle qui ne peut pas<\/a> (FranceSoir)<\/strong><\/p>\n\n\n\n<p><strong><mark style=\"background-color:rgba(0, 0, 0, 0);color:#c72020\" class=\"has-inline-color\">3 Juin en continu<\/mark><\/strong><\/p>\n\n\n\n<p><a><\/a><a href=\"https:\/\/info.mediapart.fr\/optiext\/optiextension.dll?ID=IabIb6%2BteirLSRRV7UGPiN618HHlv0k2T_8qixQI9Ecew8YYR_sox98Ey3kAQTpudGU68fJGrePHSW3V2%2BhXGNR8ikvAQ\"><strong>Les droits de l\u2019enfant ne se discutent pas<\/strong><\/a><strong> (Club M\u00e9diapart)<\/strong><\/p>\n\n\n\n<p><a href=\"https:\/\/youtu.be\/ZQnvb4avBHY\">Parcoursup: Chassez ces gueux \u00e9tudiants que je ne saurais voir<\/a> (Regards) Vid\u00e9o<\/p>\n\n\n\n<p><a href=\"https:\/\/www.humanite.fr\/societe\/education-nationale\/comment-parcoursup-est-devenu-une-arme-de-demotivation-massive-752575?utm_campaign=NEWS%20ABO%20220602&amp;utm_medium=email&amp;utm_source=sendinblue\">Comment Parcoursup est devenu une arme de d\u00e9motivation massive<\/a> (L\u2019Humanit\u00e9)<\/p>\n\n\n\n<p><a href=\"https:\/\/www.humanite.fr\/societe\/parcoursup\/parcoursup-une-annee-entiere-de-stress-pour-les-lyceens-752678?utm_campaign=NEWS%20ABO%20220602&amp;utm_medium=email&amp;utm_source=sendinblue\"><strong>Parcoursup&nbsp;:une ann\u00e9e enti\u00e8re de stress pour les lyc\u00e9ens<\/strong><\/a><strong> (L\u2019Huma)<\/strong><\/p>\n\n\n\n<p><strong><a href=\"http:\/\/www.cafepedagogique.net\/lexpresso\/Pages\/2022\/06\/02062022Article637897488018535856.aspx\">Parcoursup: L\u2019urgence \u00e0 r\u00e9tablir les droits des jeunes \u00e0 choisir leur avenir<\/a> (Caf\u00e9 p\u00e9dagogique)<\/strong><\/p>\n\n\n\n<p><a href=\"http:\/\/www.cafepedagogique.net\/LEXPRESSO\/Pages\/2022\/06\/02062022Article637897488003379218.aspx\">Job Datings et Marseille<\/a> (Caf\u00e9 p\u00e9dagogique)<\/p>\n\n\n\n<p><a href=\"https:\/\/www.arte.tv\/fr\/videos\/101463-006-A\/bienvenue-en-geozarbie\/\">Bermeja, une \u00eele paum\u00e9e&nbsp;: Bienvenue en G\u00e9ozarbie<\/a> (Arte)<\/p>\n\n\n\n<p><strong><mark style=\"background-color:rgba(0, 0, 0, 0);color:#d13131\" class=\"has-inline-color\">2 Juin en continu<\/mark><\/strong><\/p>\n\n\n\n<p><a href=\"https:\/\/www.francetvinfo.fr\/economie\/emploi\/reconversion-professionnelle\/reportage-qu-est-ce-qui-vous-interesse-dans-l-ecole-on-a-participe-au-job-dating-pour-devenir-enseignant-contractuel_5170216.html#xtor=EPR-51-[qu-est-ce-qui-vous-interesse-dans-l-ecole-on-a-participe-a-un-job-dating-pour-devenir-enseignant-contractuel_5170216]-20220601-[titre]\">Qu\u2019est-ce qui vous int\u00e9resse dans l\u2019\u00e9cole&nbsp;? On a particip\u00e9 \u00e0 l\u2019entretien d\u2019embauche pour \u00eatre enseignant contractuel<\/a> (FranceInfo)<\/p>\n\n\n\n<p><strong><a href=\"https:\/\/www.mediapart.fr\/journal\/france\/010622\/en-auvergne-les-dingueries-d-un-centre-pour-mineurs-delinquants?utm_source=20220601&amp;utm_medium=email&amp;utm_campaign=QUOTIDIENNE&amp;utm_content=&amp;utm_term=&amp;xtor=EREC-83-%5bQUOTIDIENNE%5d-20220601&amp;M_BT=2691799753699\">En Auvergne les \u2018\u2019dingueries\u2019\u2019 d\u2019un centre pour mineurs d\u00e9linquants<\/a> (MDP)<\/strong><\/p>\n\n\n\n<p><a href=\"https:\/\/lepointcritique.fr\/2022\/04\/22\/vaccination-obligatoire-enfants-injectes-quoi-qu-il-leur-en-coute\/\">Vaccination obligatoire des enfants inject\u00e9s quoi qu\u2019il leur en co\u00fbte<\/a> (Le Point critique)<\/p>\n\n\n\n<p><strong><a href=\"https:\/\/www.francetvinfo.fr\/replay-radio\/le-choix-franceinfo\/les-bifurqueurs-face-a-l-urgence-climatique-des-etudiants-de-grandes-ecoles-decident-de-boycotter-certaines-entreprises_5142826.html\">Les\u2019\u2019bifurqueurs\u2019\u2019face \u00e0 l\u2019urgence climatique: \u00e9tudiants Grandes \u00c9coles boycottent certaines entreprises<\/a> (Francetvinfo)<\/strong><\/p>\n\n\n\n<p><strong><a href=\"http:\/\/www.cafepedagogique.net\/lexpresso\/Pages\/2022\/06\/01062022Article637896621294745555.aspx\">Comment le lyc\u00e9e entretient les st\u00e9r\u00e9otypes sexistes<\/a> (Caf\u00e9 p\u00e9dagogique)<\/strong><\/p>\n\n\n\n<p><a href=\"https:\/\/www.linfodurable.fr\/politique\/paris-vise-deux-repas-vegetariens-par-semaine-dans-ses-cantines-32457\">Paris vise 2 repas v\u00e9g\u00e9tariens par semaine dans ses cantines<\/a> (Info durable)<\/p>\n\n\n\n<p><a href=\"https:\/\/www.politis.fr\/articles\/2022\/06\/trop-jeunes-pour-voter-mais-pas-pour-militer-44513\/\">Trop jeunes pour voter mais pas pour militer<\/a> (Politis)<\/p>\n\n\n\n<p><strong>Analyse<\/strong><\/p>\n\n\n\n<p><a href=\"https:\/\/www.laselectiondujour.com\/une-decouverte-en-turquie-orientale-pourrait-bouleverser-larcheologie-n1600\/\">Une d\u00e9couverte en Turquie orientale pourrait bouleverser l\u2019arch\u00e9ologie<\/a> (LSDJ)<\/p>\n\n\n\n<p class=\"has-text-color\" style=\"color:#ee0d0d\"><strong>1er juin en continu<\/strong><\/p>\n\n\n\n<p><strong><a href=\"http:\/\/www.cafepedagogique.net\/lexpresso\/Pages\/2022\/05\/31052022Article637895768262911951.aspx\">La NUP\u00c8S pour une \u00e9cole \u00e9mancipatrice et solidaire<\/a> (Caf\u00e9 p\u00e9dagogique)<\/strong><\/p>\n\n\n\n<p><a href=\"https:\/\/www.lequotidiendumedecin.fr\/internes\/etudes-medicales\/etudiants-parisiens-recales-injustement-en-medecine-le-tribunal-leur-donne-nouveau-raison-nouvel?xtor=EPR-1-%5BNL_editionnumerique%5D-%5B20220531%5D&amp;utm_content=20220531&amp;utm_campaign=NL_editionnumerique&amp;utm_medium=newsletter&amp;utm_source=qd\">\u00c9tudiants parisiens recal\u00e9s injustement en m\u00e9decine&nbsp;:le tribunal leur donne \u00e0 nouveau raison<\/a> (Quotidien du M\u00e9decin)<\/p>\n\n\n\n<p><a href=\"https:\/\/www.humanite.fr\/en-debat\/agroalimentaire\/de-quoi-le-refus-des-diplomes-d-agroparistech-est-il-le-nom-752129?utm_source=sendinblue&amp;utm_campaign=NEWS%20EX%20ABO%20220531&amp;utm_medium=email\">De quoi le refus des dipl\u00f4mes d\u2019AgroParisTech est-il le nom&nbsp;?<\/a>L\u2019Humanit\u00e9)<\/p>\n\n\n\n<p><a href=\"http:\/\/www.cafepedagogique.net\/lexpresso\/Pages\/2022\/05\/31052022Article637895768284787791.aspx\">Trois nominations au cabinet de Pap Ndiaye<\/a>(Caf\u00e9 p\u00e9dagogique)<\/p>\n\n\n\n<p><strong>Analyse<\/strong><\/p>\n\n\n\n<p><strong><a href=\"https:\/\/theconversation.com\/a-leducation-nationale-larrivee-dun-nouveau-ministre-peut-elle-vraiment-changer-lecole-183667\">\u00c0 l\u2019\u00c9ducation nationale, l\u2019arriv\u00e9e d\u2019un nouveau-ministre peut-elle vraiment changer l\u2019\u00e9cole ?<\/a>The Conversation)<\/strong><\/p>\n","protected":false},"excerpt":{"rendered":"<p>30 Juin en continu Nouveaut\u00e9s en g\u00e9ographie sur les sites acad\u00e9mique &#8211; avril-mai-juin-2022 (G\u00e9oconfluences) Entre abstention et engagements, que veulent les jeunes( 2\/2)&nbsp;? (L\u2019Huma)&nbsp; &nbsp;Remise de dipl\u00f4mes \u00e0 Polytechnique discours d\u2019\u00e9cologie d\u2019une radicalit\u00e9 in\u00e9dite (PositivR) &nbsp;&nbsp;&nbsp;&nbsp;&nbsp;&nbsp;&nbsp;&nbsp;&nbsp;&nbsp;&nbsp;&nbsp;&nbsp;&nbsp;&nbsp;&nbsp;&nbsp;&nbsp;&nbsp;&nbsp;&nbsp;&nbsp;&nbsp;&nbsp; Alpes-de-Haute-Provence : les activit\u00e9s nautiques p\u00e2tissent du r\u00e9chauffement climatique (Info durable) Prix du livre de g\u00e9o des lyc\u00e9ens 2022 &#8230; <a title=\"Juin &#8211; Jeunesse\/\u00c9ducation\" class=\"read-more\" href=\"https:\/\/www.rdpemancipation.org\/?p=87594\" aria-label=\"En savoir plus sur Juin &#8211; Jeunesse\/\u00c9ducation\">Lire la suite<\/a><\/p>\n","protected":false},"author":1,"featured_media":0,"comment_status":"closed","ping_status":"closed","sticky":false,"template":"","format":"standard","meta":{"_lmt_disableupdate":"","_lmt_disable":"","_jetpack_memberships_contains_paid_content":false,"footnotes":""},"categories":[15],"tags":[],"class_list":["post-87594","post","type-post","status-publish","format-standard","hentry","category-jeunesse-education"],"modified_by":"ype","jetpack_featured_media_url":"","jetpack_sharing_enabled":true,"_links":{"self":[{"href":"https:\/\/www.rdpemancipation.org\/index.php?rest_route=\/wp\/v2\/posts\/87594","targetHints":{"allow":["GET"]}}],"collection":[{"href":"https:\/\/www.rdpemancipation.org\/index.php?rest_route=\/wp\/v2\/posts"}],"about":[{"href":"https:\/\/www.rdpemancipation.org\/index.php?rest_route=\/wp\/v2\/types\/post"}],"author":[{"embeddable":true,"href":"https:\/\/www.rdpemancipation.org\/index.php?rest_route=\/wp\/v2\/users\/1"}],"replies":[{"embeddable":true,"href":"https:\/\/www.rdpemancipation.org\/index.php?rest_route=%2Fwp%2Fv2%2Fcomments&post=87594"}],"version-history":[{"count":64,"href":"https:\/\/www.rdpemancipation.org\/index.php?rest_route=\/wp\/v2\/posts\/87594\/revisions"}],"predecessor-version":[{"id":90874,"href":"https:\/\/www.rdpemancipation.org\/index.php?rest_route=\/wp\/v2\/posts\/87594\/revisions\/90874"}],"wp:attachment":[{"href":"https:\/\/www.rdpemancipation.org\/index.php?rest_route=%2Fwp%2Fv2%2Fmedia&parent=87594"}],"wp:term":[{"taxonomy":"category","embeddable":true,"href":"https:\/\/www.rdpemancipation.org\/index.php?rest_route=%2Fwp%2Fv2%2Fcategories&post=87594"},{"taxonomy":"post_tag","embeddable":true,"href":"https:\/\/www.rdpemancipation.org\/index.php?rest_route=%2Fwp%2Fv2%2Ftags&post=87594"}],"curies":[{"name":"wp","href":"https:\/\/api.w.org\/{rel}","templated":true}]}}