{"id":85901,"date":"2022-04-16T12:57:56","date_gmt":"2022-04-16T10:57:56","guid":{"rendered":"https:\/\/confpeps.org\/?p=31333"},"modified":"2022-04-16T12:57:56","modified_gmt":"2022-04-16T10:57:56","slug":"presidentielle-aujourdhui-tout-commence-par-peps-et-a-l-offensive","status":"publish","type":"post","link":"https:\/\/www.rdpemancipation.org\/?p=85901","title":{"rendered":"Pr\u00e9sidentielle: Aujourd&rsquo;hui tout commence ! par PEPS et \u00e0 l&rsquo;Offensive"},"content":{"rendered":"\n<div class=\"wp-block-image\"><figure class=\"aligncenter size-full\"><img data-recalc-dims=\"1\" decoding=\"async\" src=\"https:\/\/i0.wp.com\/confpeps.org\/wp-content\/uploads\/2022\/04\/peps-offensive.png?w=1200&#038;ssl=1\" alt=\"\" class=\"wp-image-31334\"\/><\/figure><\/div>\n\n\n\n<p><strong>Trois blocs \u00e9quivalents sont maintenant en confrontation :<\/strong> le bloc des riches et des multinationales&nbsp;repr\u00e9sent\u00e9es par Macron et ses alli\u00e9s, le bloc fascisant du RN et de Zemmour, le bloc populaire et \u00e9cologiste organis\u00e9 autour de l&rsquo;Union Populaire et de son candidat Jean-Luc M\u00e9lenchon. Malgr\u00e9 un fort vote pour l&rsquo;Union populaire et son candidat dont nous nous f\u00e9licitons, la gauche est encore \u00e9limin\u00e9e d\u00e8s le premier tour. Nous ne consid\u00e9rons pas que ce bloc de r\u00e9sistance a perdu. Au contraire, il signifie que des millions de gens viennent de tracer une nouvelle voie en rompant avec la sociale d\u00e9mocratie et les partisans du capitalisme vert.&nbsp;<\/p>\n\n\n\n<p><strong>Les deux candidats restants en lice sont les deux faces d&rsquo;une politique d&rsquo;exclusion sociale, de destruction \u00e9cologique, de discriminations<\/strong>. Elles ne sont pas de m\u00eame nature. Macron, c&rsquo;est la guerre sociale assur\u00e9e, Marine Le Pen, c&rsquo;est la guerre sociale plus la guerre raciale. Si nous refusons l&rsquo;une comme l&rsquo;autre de ces politiques, nous sommes conscients du danger que repr\u00e9senterait l&rsquo;extr\u00eame droite au pouvoir.<\/p>\n\n\n\n<p>Mais ce ne sont pas les \u00e9cologistes et la gauche qui sont responsables. C&rsquo;est la politique men\u00e9e par Macron, depuis cinq ans, qui a aliment\u00e9 ce vote avec son arrogance, ses lois liberticides, sa politique de soutien aux riches et de m\u00e9pris des pauvres.&nbsp;<\/p>\n\n\n\n<p><strong>Rajouter la haine raciste de l&rsquo;extr\u00eame droite au m\u00e9pris et \u00e0 la violence du n\u00e9olib\u00e9ralisme n&rsquo;est en aucun cas une solution.<\/strong> Nous pensons en particulier au racisme d&rsquo;Etat et \u00e0 l impunit\u00e9 polici\u00e8re que subissent au quotidien nos fr\u00e8res et soeurs, et qu&rsquo;un gouvernement d&rsquo;extr\u00eame droite renforcerait encore. Pour autant nous comprenons qu&rsquo;une abstention ou un vote blanc importants seraient un message fort de d\u00e9fiance adress\u00e9 au candidat du bloc bourgeois.&nbsp; L&rsquo;Offensive et PEPS n&rsquo;ont pas \u00e0 donner de consigne de vote. \u00c0 chacun d&rsquo;agir en son \u00e2me et conscience face \u00e0 la menace fasciste.&nbsp;<\/p>\n\n\n\n<p><strong>Le troisi\u00e8me tour s&rsquo;organise d\u00e8s aujourd&rsquo;hui dans la rue, les quartiers, les lieux de travail et de vie, par une politique fond\u00e9e sur la r\u00e9sistance et la solidarit\u00e9<\/strong>.&nbsp; Sur Paris, nous serons samedi 16 avril dans la rue la rage au c\u0153ur pour participer \u00e0 l&rsquo;action d&rsquo;Extinction R\u00e9bellion : \u00ab\u00a0L&rsquo;in\u00e9vitable R\u00e9bellion &#8211; Action de blocage\/occupation dans Paris dans l&rsquo;entre deux tours\u00a0\u00bb- <a href=\"https:\/\/extinctionrebellion.fr\/campagnes\/inevitable-rebellion\/\">https:\/\/extinctionrebellion.fr\/campagnes\/inevitable-rebellion\/<\/a> &#8211;&nbsp; et dans les marches de la solidarit\u00e9 contre le racisme et le fascisme &#8211;<a href=\"https:\/\/blogs.mediapart.fr\/marche-des-solidarites\/blog\/100422\/16-avril-contre-le-racisme-et-contre-le-fascisme-\">https:\/\/blogs.mediapart.fr\/marche-des-solidarites\/blog\/100422\/16-avril-contre-le-racisme-et-contre-le-fascisme-<\/a>&nbsp;<\/p>\n\n\n\n<p>&nbsp;&nbsp;&nbsp;&nbsp;<br><strong>Aujourd&rsquo;hui commence l&rsquo;\u00e8re des mouvements sociaux \u00e9cologiques.<\/strong> La lutte seule saura faire face aux destructions massives de la Terre par l&rsquo;\u00c9tat capitaliste et \u00e0 la structuration toujours plus grande des troupes r\u00e9actionnaires.&nbsp;<br>Construisons une strat\u00e9gie d&rsquo;action du peuple par et pour lui-m\u00eame, d&rsquo;auto-organisation \u00e0 long terme dans les communes, dans les quartiers, dans les territoires, dans les facs et les entreprises.&nbsp;<br><br><strong>L&rsquo;\u00e9cologie populaire et sociale est une r\u00e9volution, elle adviendra par la rue et l&rsquo;autogestion<\/strong>&nbsp;&nbsp;&nbsp;&nbsp;&nbsp;<br><br><strong>R\u00e9sistance \u00e0 la haine envers les domin\u00e9\u2022es,&nbsp;&nbsp;&nbsp;&nbsp;&nbsp;&nbsp;&nbsp;&nbsp;&nbsp;&nbsp;&nbsp;&nbsp;&nbsp;&nbsp;<br>R\u00e9sistance au saccage social,<br>R\u00e9sistance \u00e0 l&rsquo;effondrement \u00e9cologique,<br>Inventons d\u00e8s maintenant un autre monde dans le concret de nos vies !<\/strong>&nbsp;<br><br><strong><em>Le 15 avril 2022,&nbsp;<br>PEPS, \u00e0 l&rsquo;Offensive<\/em><\/strong><\/p>\n\n\n\n<p><a href=\"https:\/\/confpeps.org\/\">https:\/\/confpeps.org\/<\/a><\/p>\n\n\n\n<p><a href=\"https:\/\/offensive.eco\/\">https:\/\/offensive.eco\/<\/a><\/p>\n","protected":false},"excerpt":{"rendered":"<p>Trois blocs \u00e9quivalents sont maintenant en confrontation : le bloc des riches et des multinationales&nbsp;repr\u00e9sent\u00e9es par Macron et ses alli\u00e9s, le bloc fascisant du RN et de Zemmour, le bloc populaire et \u00e9cologiste organis\u00e9 autour de l&rsquo;Union Populaire et de son candidat Jean-Luc M\u00e9lenchon. Malgr\u00e9 un fort vote pour l&rsquo;Union populaire et son candidat dont &#8230; <a title=\"Pr\u00e9sidentielle: Aujourd&rsquo;hui tout commence ! par PEPS et \u00e0 l&rsquo;Offensive\" class=\"read-more\" href=\"https:\/\/www.rdpemancipation.org\/?p=85901\" aria-label=\"En savoir plus sur Pr\u00e9sidentielle: Aujourd&rsquo;hui tout commence ! par PEPS et \u00e0 l&rsquo;Offensive\">Lire la suite<\/a><\/p>\n","protected":false},"author":2,"featured_media":29733,"comment_status":"open","ping_status":"open","sticky":false,"template":"","format":"standard","meta":{"_lmt_disableupdate":"","_lmt_disable":"","_jetpack_memberships_contains_paid_content":false,"footnotes":""},"categories":[6],"tags":[],"class_list":["post-85901","post","type-post","status-publish","format-standard","has-post-thumbnail","hentry","category-politique"],"modified_by":null,"jetpack_featured_media_url":"","jetpack_sharing_enabled":true,"_links":{"self":[{"href":"https:\/\/www.rdpemancipation.org\/index.php?rest_route=\/wp\/v2\/posts\/85901","targetHints":{"allow":["GET"]}}],"collection":[{"href":"https:\/\/www.rdpemancipation.org\/index.php?rest_route=\/wp\/v2\/posts"}],"about":[{"href":"https:\/\/www.rdpemancipation.org\/index.php?rest_route=\/wp\/v2\/types\/post"}],"author":[{"embeddable":true,"href":"https:\/\/www.rdpemancipation.org\/index.php?rest_route=\/wp\/v2\/users\/2"}],"replies":[{"embeddable":true,"href":"https:\/\/www.rdpemancipation.org\/index.php?rest_route=%2Fwp%2Fv2%2Fcomments&post=85901"}],"version-history":[{"count":0,"href":"https:\/\/www.rdpemancipation.org\/index.php?rest_route=\/wp\/v2\/posts\/85901\/revisions"}],"wp:featuredmedia":[{"embeddable":true,"href":"https:\/\/www.rdpemancipation.org\/index.php?rest_route=\/"}],"wp:attachment":[{"href":"https:\/\/www.rdpemancipation.org\/index.php?rest_route=%2Fwp%2Fv2%2Fmedia&parent=85901"}],"wp:term":[{"taxonomy":"category","embeddable":true,"href":"https:\/\/www.rdpemancipation.org\/index.php?rest_route=%2Fwp%2Fv2%2Fcategories&post=85901"},{"taxonomy":"post_tag","embeddable":true,"href":"https:\/\/www.rdpemancipation.org\/index.php?rest_route=%2Fwp%2Fv2%2Ftags&post=85901"}],"curies":[{"name":"wp","href":"https:\/\/api.w.org\/{rel}","templated":true}]}}