{"id":85900,"date":"2022-03-19T11:56:48","date_gmt":"2022-03-19T10:56:48","guid":{"rendered":"https:\/\/confpeps.org\/?p=31298"},"modified":"2022-03-19T11:56:48","modified_gmt":"2022-03-19T10:56:48","slug":"ledito-de-peps-corsica-ghjustizia-e-verita","status":"publish","type":"post","link":"https:\/\/www.rdpemancipation.org\/?p=85900","title":{"rendered":"L\u2019Edito de PEPS\u00a0 Corsica\u00a0: Ghjustizia \u00e8 Verit\u00e0"},"content":{"rendered":"\n<p><strong>Incarc\u00e9r\u00e9 \u00e0 la prison d\u2019Arles, Yvan Colonna, victime d\u2019une agression sauvage par un autre d\u00e9tenu, est toujours dans le coma. Depuis, le peuple corse s\u2019est soulev\u00e9.<\/strong> Plus de 10 000 personnes ont manifest\u00e9 \u00e0 Bastia. La jeunesse corse a affront\u00e9 avec d\u00e9termination la police et affirm\u00e9 ses revendications \u00e0 commencer par le rapprochement des prisonniers, la reconnaissance du peuple corse et l\u2019extension des pouvoirs de la Collectivit\u00e9 corse. Mais cette mobilisation sans pr\u00e9c\u00e9dent depuis des d\u00e9cennies a des racines beaucoup plus larges&nbsp;: la faiblesse des salaires, la sp\u00e9culation immobili\u00e8re, le ch\u00f4mage, en particulier des jeunes femmes, le m\u00e9pris des revendications sociales, d\u00e9mocratiques et culturelles du peuple corse.<\/p>\n\n\n\n<p>Voyant la situation lui \u00e9chapper, l\u2019\u00c9tat a pris la d\u00e9cision de lever le statut de DPS d\u2019Alain Ferrandi, Pierre Alessandri et Yvan Colonna. Cette d\u00e9cision a \u00e9t\u00e9 annonc\u00e9e, d\u2019abord pour Yvan Colonna clou\u00e9 sur son lit d\u2019h\u00f4pital, puis pour les deux autres condamn\u00e9s de l\u2019affaire Erignac. Mais elle a \u00e9t\u00e9 prise bien trop tard. La Corse ne peut se contenter de ces demi-mesures. En tant que D\u00e9tenu Particuli\u00e8rement Signal\u00e9 (DPS), Yvan Colonna \u00e0 qui la justice avait refus\u00e9 le rapprochement au d\u00e9triment du droit devait b\u00e9n\u00e9ficier d\u2019une surveillance accrue du personnel carc\u00e9ral. Le minist\u00e8re de la Justice, responsable de l\u2019administration p\u00e9nitentiaire a failli. L\u2019\u00c9tat et le Gouvernement portent une responsabilit\u00e9 dans l\u2019agression dont a \u00e9t\u00e9 victime Yvan Colonna. C\u2019est pourquoi il faut une enqu\u00eate qui fasse toute la lumi\u00e8re sur cette tentative d\u2019assassinat contre un prisonnier aussi contr\u00f4l\u00e9, pour pointer les responsabilit\u00e9s et prendre les mesures n\u00e9cessaires envers les coupables.<\/p>\n\n\n\n<p><strong>La r\u00e9volte corse n\u2019est pas seulement une col\u00e8re l\u00e9gitime face \u00e0 l\u2019agression contre Yvan Colonna. C\u2019est le refus obstin\u00e9 de l\u2019\u00c9tat d\u2019aller vers un nouveau statut de la Corse qui est sanctionn\u00e9<\/strong> et cette col\u00e8re ne sera pas calm\u00e9e par le simple fait de d\u00e9clarations sans lendemain. Un dialogue avec l\u2019\u00c9tat aurait d\u00fb d\u00e9couler des r\u00e9sultats successifs des \u00e9lections territoriales qui ont apport\u00e9 un soutien croissant aux id\u00e9es nationalistes, jusqu\u2019\u00e0 la majorit\u00e9 absolue de juin 2021. Macron a refus\u00e9 obstin\u00e9ment depuis 5 ans ce dialogue. Il a maintenu le Pr\u00e9fet Lelarge qui n\u2019a cess\u00e9 de provoquer les \u00e9lus et le peuple corse durant huit mois. A l\u2019Assembl\u00e9e nationale les macronistes ont rejet\u00e9 le projet de loi Molac sur l\u2019enseignement par immersion et la loi Acquaviva sur la lutte contre la sp\u00e9culation fonci\u00e8re.<\/p>\n\n\n\n<p>Aujourd\u2019hui, une situation politique nouvelle s\u2019est impos\u00e9e qui appelle \u00e0 une action d\u2019urgence. Des mesures claires doivent \u00eatre rapidement prises. A plus long terme, <strong>c\u2019est la question de l\u2019organisation de l\u2019\u00c9tat fran\u00e7ais et de l\u2019Europe qui est en cause.<\/strong><strong> La France a \u00e9t\u00e9 le plus loin soumettant \u00e0 Paris l\u2019ensemble des provinces, \u00e9crasant les langues, les cultures, les identit\u00e9s.<\/strong> Pour les \u00c9tats-nations, les fronti\u00e8res d\u00e9limitent l\u2019espace dans lequel s\u2019exerce leur souverainet\u00e9. \u00c0 l\u2019int\u00e9rieur de celles-ci, le d\u00e9veloppement du nationalisme s\u2019est souvent fait \u00e0 travers l\u2019imposition d\u2019une langue et d\u2019une culture uniques, et la n\u00e9gation souvent forc\u00e9e des diff\u00e9rentes identit\u00e9s pr\u00e9sentes au sein de cet espace.&nbsp;Nous consid\u00e9rons qu\u2019il faut en finir avec ce centralisme, afin que les Corses puissent pouvoir choisir librement leur destin. Le droit \u00e0 l\u2019auto-d\u00e9termination n\u2019est pas une page referm\u00e9e de l\u2019histoire coloniale. Il est un droit fondamental reconnu par l\u2019ONU pour tous les peuples. <strong>Comme pour la Catalogne et l\u2019Ecosse, la Corse ou le Pays basque doivent \u00eatre reconnus comme des peuples et des nations \u00e0 part enti\u00e8re dans le cadre d\u2019une Conf\u00e9d\u00e9ration D\u00e9mocratique des Peuples Europ\u00e9ens.<\/strong><\/p>\n\n\n\n<p>PEPS adresse ses pens\u00e9es \u00e0 la famille d\u2019Yvan Colonna et exprime sa solidarit\u00e9 avec les prisonniers politiques. PEPS renouvelle son soutien \u00e0 la mobilisation anticoloniale d\u00e9clench\u00e9e par la tentative d\u2019assassinat contre Yvan Colonna.&nbsp;<strong>Nous exigeons l\u2019arr\u00eat imm\u00e9diat de la r\u00e9pression, la lib\u00e9ration de tous les prisonniers politiques corses, la reconnaissance du bilinguisme et le droit \u00e0 l\u2019autod\u00e9termination et \u00e0 la souverainet\u00e9 nationale du peuple corse.<\/strong><\/p>\n\n\n\n<p><strong><em>PEPS, le 18 mars 2021<\/em><\/strong><\/p>\n","protected":false},"excerpt":{"rendered":"<p>Incarc\u00e9r\u00e9 \u00e0 la prison d\u2019Arles, Yvan Colonna, victime d\u2019une agression sauvage par un autre d\u00e9tenu, est toujours dans le coma. Depuis, le peuple corse s\u2019est soulev\u00e9. Plus de 10 000 personnes ont manifest\u00e9 \u00e0 Bastia. La jeunesse corse a affront\u00e9 avec d\u00e9termination la police et affirm\u00e9 ses revendications \u00e0 commencer par le rapprochement des prisonniers, &#8230; <a title=\"L\u2019Edito de PEPS\u00a0 Corsica\u00a0: Ghjustizia \u00e8 Verit\u00e0\" class=\"read-more\" href=\"https:\/\/www.rdpemancipation.org\/?p=85900\" aria-label=\"En savoir plus sur L\u2019Edito de PEPS\u00a0 Corsica\u00a0: Ghjustizia \u00e8 Verit\u00e0\">Lire la suite<\/a><\/p>\n","protected":false},"author":2,"featured_media":31299,"comment_status":"open","ping_status":"open","sticky":false,"template":"","format":"standard","meta":{"_lmt_disableupdate":"","_lmt_disable":"","_jetpack_memberships_contains_paid_content":false,"footnotes":""},"categories":[65],"tags":[],"class_list":["post-85900","post","type-post","status-publish","format-standard","has-post-thumbnail","hentry","category-societe"],"modified_by":"Fip","jetpack_featured_media_url":"","jetpack_sharing_enabled":true,"_links":{"self":[{"href":"https:\/\/www.rdpemancipation.org\/index.php?rest_route=\/wp\/v2\/posts\/85900","targetHints":{"allow":["GET"]}}],"collection":[{"href":"https:\/\/www.rdpemancipation.org\/index.php?rest_route=\/wp\/v2\/posts"}],"about":[{"href":"https:\/\/www.rdpemancipation.org\/index.php?rest_route=\/wp\/v2\/types\/post"}],"author":[{"embeddable":true,"href":"https:\/\/www.rdpemancipation.org\/index.php?rest_route=\/wp\/v2\/users\/2"}],"replies":[{"embeddable":true,"href":"https:\/\/www.rdpemancipation.org\/index.php?rest_route=%2Fwp%2Fv2%2Fcomments&post=85900"}],"version-history":[{"count":0,"href":"https:\/\/www.rdpemancipation.org\/index.php?rest_route=\/wp\/v2\/posts\/85900\/revisions"}],"wp:featuredmedia":[{"embeddable":true,"href":"https:\/\/www.rdpemancipation.org\/index.php?rest_route=\/"}],"wp:attachment":[{"href":"https:\/\/www.rdpemancipation.org\/index.php?rest_route=%2Fwp%2Fv2%2Fmedia&parent=85900"}],"wp:term":[{"taxonomy":"category","embeddable":true,"href":"https:\/\/www.rdpemancipation.org\/index.php?rest_route=%2Fwp%2Fv2%2Fcategories&post=85900"},{"taxonomy":"post_tag","embeddable":true,"href":"https:\/\/www.rdpemancipation.org\/index.php?rest_route=%2Fwp%2Fv2%2Ftags&post=85900"}],"curies":[{"name":"wp","href":"https:\/\/api.w.org\/{rel}","templated":true}]}}