{"id":83995,"date":"2022-05-01T09:53:31","date_gmt":"2022-05-01T07:53:31","guid":{"rendered":"https:\/\/www.rdpemancipation.org\/?p=83995"},"modified":"2022-06-01T10:32:48","modified_gmt":"2022-06-01T08:32:48","slug":"mai-asie-oceanie-2","status":"publish","type":"post","link":"https:\/\/www.rdpemancipation.org\/?p=83995","title":{"rendered":"Mai &#8211; Asie\/Oc\u00e9anie"},"content":{"rendered":"\n<p><mark style=\"background-color:rgba(0, 0, 0, 0);color:#ee1010\" class=\"has-inline-color\"><strong>10 mai en continu<\/strong><\/mark><\/p>\n\n\n\n<p><a href=\"https:\/\/info.mediapart.fr\/optiext\/optiextension.dll?ID=HdcHeVVEV4zv_D1BgAy2iWS0JIlu9WLpoQlLBVP9nAjSOQWrOP0wg2UzGe2uy3jl0XhCNO%2BTM8nnr8UmUMMiLBe1EOwbp\">Le premier ministre sri-lankais d\u00e9missionne apr\u00e8s des semaines de protestations<\/a> (MDP)<\/p>\n\n\n\n<p><a href=\"https:\/\/www.mediapart.fr\/journal\/international\/090522\/la-capitale-economique-du-sri-lanka-placee-sous-couvre-feu-apres-des-violences\">La capitale \u00e9conomique du Sri Lanka plac\u00e9e sous couvre-feu apr\u00e8s des violences<\/a> (M\u00e9diapart)<\/p>\n\n\n\n<p><strong><a href=\"https:\/\/blogs.mediapart.fr\/jean-marc-b\/blog\/090522\/climat-insurrectionnel-au-sri-lanka\">Climat insurrectionnel au Sri Lanka<\/a> -Jacques Chastaing<\/strong><\/p>\n\n\n\n<p><mark style=\"background-color:rgba(0, 0, 0, 0);color:#ee1010\" class=\"has-inline-color\"><strong>9 mai en continu<\/strong><\/mark><\/p>\n\n\n\n<p><a href=\"https:\/\/info.mediapart.fr\/optiext\/optiextension.dll?ID=y67y5S295pGCTK1EJehDkPJ718R%2B5ZZGcYOyZgV1lyGmsQROrAjRhJDDcIGEKzMap_as61IOWLLAsy7ZppdfmJuS0Q1W2\">Le combat des Afghanes&nbsp;: \u00ab Ils ne nous effaceront pas \u00bb<\/a> (MDP)<\/p>\n\n\n\n<p><a href=\"https:\/\/www.rfi.fr\/fr\/en-bref\/20220509-philippines-neuf-bless%C3%A9s-dans-une-attaque-%C3%A0-la-grenade-quelques-heures-avant-le-d%C3%A9but-du-scrutin\">Attaques \u00e0 la grenade aux Philippines&nbsp;: 9 bless\u00e9s quelques heures avant le d\u00e9but du scrutin<\/a> (RFI)<\/p>\n\n\n\n<p><a href=\"https:\/\/asialyst.us10.list-manage.com\/track\/click?u=6358bad7a9a8f9695f29495c4&amp;id=944482fca9&amp;e=ca207de57d\"><strong>\u00ab&nbsp;Z\u00e9ro Covid&nbsp;\u00bb en Chine : Xi Jinping droit dans ses bottes, sourd \u00e0 l\u2019alerte \u00e9conomique<\/strong><\/a> &#8211;<strong>Pierre-Antoine Donnet<\/strong><\/p>\n\n\n\n<p><strong>Analyse<\/strong><\/p>\n\n\n\n<p><a href=\"https:\/\/asialyst.us10.list-manage.com\/track\/click?u=6358bad7a9a8f9695f29495c4&amp;id=d02af8500b&amp;e=ca207de57d\"><strong>Chine : le Parti tiraill\u00e9 entre flatteries \u00e0 Xi Jinping et sentiment d\u2019ins\u00e9curit\u00e9<\/strong><\/a> (Asiayst)<\/p>\n\n\n\n<p><mark style=\"background-color:rgba(0, 0, 0, 0);color:#ee1010\" class=\"has-inline-color\"><strong>8 mai en continu<\/strong><\/mark><\/p>\n\n\n\n<p><strong><a href=\"https:\/\/blogs.mediapart.fr\/jean-marc-b\/blog\/080522\/sri-lanka-la-crise-revolutionnaire-sapprofondit-jacques-chastaing\">Sri Lanka: la crise r\u00e9volutionnaire s&rsquo;approfondit &#8211;<\/a>Jacques Chastaing<\/strong><\/p>\n\n\n\n<p><mark style=\"background-color:rgba(0, 0, 0, 0);color:#ee1010\" class=\"has-inline-color\"><strong>7 mai en continu<\/strong><\/mark><\/p>\n\n\n\n<p><a href=\"https:\/\/www.mediapart.fr\/journal\/international\/030522\/le-pakistan-premiere-terre-d-accueil-des-afghans\">Le Pakistan, premi\u00e8re terre d\u2019accueil des Afghans<\/a> (MDP)<\/p>\n\n\n\n<p><a href=\"https:\/\/www.mediapart.fr\/journal\/international\/050522\/manille-la-presidentielle-s-affiche-sur-les-maisons-des-gens-ordinaires\">\u00c0 Manille, la pr\u00e9sidentielle s\u2019affiche sur les maisons des gens ordinaires<\/a>(MDP)<\/p>\n\n\n\n<p><strong><a href=\"https:\/\/blogs.mediapart.fr\/jean-marc-b\/blog\/070522\/sri-lanka-greve-generale-ras-de-maree-parlement-et-presidence-assieges\">Sri Lanka: gr\u00e8ve g\u00e9n\u00e9rale ras de mar\u00e9e, parlement et pr\u00e9sidence assi\u00e9g\u00e9s<\/a> -Jacques Chastaing<\/strong><\/p>\n\n\n\n<p><mark style=\"background-color:rgba(0, 0, 0, 0);color:#ee1010\" class=\"has-inline-color\"><strong>6 mai en continu<\/strong><\/mark><\/p>\n\n\n\n<p><a href=\"https:\/\/lanticapitaliste.org\/actualite\/international\/en-inde-les-pogromistes-au-pouvoir\">En Inde, les pogromistes au pouvoir<\/a> (L\u2019Anticapitaliste)<\/p>\n\n\n\n<p><strong><a href=\"https:\/\/blogs.mediapart.fr\/jean-marc-b\/blog\/050522\/sri-lanka-soulevement-entre-organisation-du-proletariat-et-recuperation-bourgeoise\">Sri Lanka: Soul\u00e8vement entre organisation du prol\u00e9tariat et r\u00e9cuperation bourgeoise <\/a>-Jacques Chastaing<\/strong><\/p>\n\n\n\n<p><mark style=\"background-color:rgba(0, 0, 0, 0);color:#ee1010\" class=\"has-inline-color\"><strong>5 mai en continu<\/strong><\/mark><\/p>\n\n\n\n<p><strong><a href=\"https:\/\/blogs.mediapart.fr\/jean-marc-b\/blog\/050522\/sri-lanka-soulevement-entre-organisation-du-proletariat-et-recuperation-bourgeoise\">Sri Lanka: Soul\u00e8vement entre organisation du prol\u00e9tariat et r\u00e9cuperation bourgeoise<\/a>-Jacques Chastaing<\/strong><\/p>\n\n\n\n<p><mark style=\"background-color:rgba(0, 0, 0, 0);color:#ee1010\" class=\"has-inline-color\"><strong>4 mai en continu<\/strong><\/mark><\/p>\n\n\n\n<p><a href=\"https:\/\/info.mediapart.fr\/optiext\/optiextension.dll?ID=_CD_yqaZ%2BZpBkP6684GMNij44BuTUPki_MRSH_S87nMZPZ0U2SrtXNMkRnq_ZdP2u7kRhmpvR3i80p6PIvuLe58D_HwEg\">Pakistan, premi\u00e8re terre d\u2019accueil des Afghans<\/a> (MDP) <\/p>\n\n\n\n<p><a href=\"https:\/\/www.gavroche-thailande.com\/?post_type=post&amp;p=30285\">Que retenir de l\u2019actualit\u00e9 cambodgienne du 25 avril au 1er mai ?<\/a>(Gavroche)<\/p>\n\n\n\n<p><strong>Analyse<\/strong><\/p>\n\n\n\n<p><a href=\"https:\/\/www.gavroche-thailande.com\/?post_type=post&amp;p=30279\">Tableau de bord de l\u2019\u00e9conomie de l\u2019ASEAN au 30 avril<\/a> (Gavroche)<\/p>\n\n\n\n<p><a href=\"https:\/\/www.gavroche-thailande.com\/?post_type=post&amp;p=30308\">Tableau de bord de l\u2019\u00e9conomie de la Tha\u00eflande au 1 mai<\/a> (Gavroche)<\/p>\n\n\n\n<p><strong><a href=\"https:\/\/www.lemediatv.fr\/emissions\/2022\/confinements-guerre-en-ukraine-la-chine-va-t-elle-craquer-l5o_2PfiT_iFv6ZgMiDJoA\">Confinements, guerre en Ukraine: la Chine va-t-elle craquer ?<\/a> (Le M\u00e9dia)<\/strong><\/p>\n\n\n\n<p><mark style=\"background-color:rgba(0, 0, 0, 0);color:#ee1010\" class=\"has-inline-color\"><strong>3 mai en continu<\/strong><\/mark><\/p>\n\n\n\n<p><a href=\"https:\/\/info.mediapart.fr\/optiext\/optiextension.dll?ID=nVUnO5Er4QYPIx15SoIfNU_lHJU5YLbEyaem7IMERBgxkYdDfqMGBpjRLAAoKFhhfNo6d9CMcqRvm_uTQ2SiRW6yoJsLn\"><strong>Chine<\/strong>&#8211; Avant son troisi\u00e8me mandat, Xi Jinping forc\u00e9 de l\u00e2cher un peu de lest<\/a> (MDP)<\/p>\n\n\n\n<p><a href=\"https:\/\/www.gavroche-thailande.com\/?post_type=post&amp;p=30295\">Que retenir de l\u2019actualit\u00e9 <strong>birmane<\/strong> du 25 avril au 1er mai ?<\/a> (Gavroche)<\/p>\n\n\n\n<p><a href=\"https:\/\/www.gavroche-thailande.com\/?post_type=post&amp;p=30224\"><strong>Biramanie<\/strong>-L\u2019Union europ\u00e9enne d\u00e9nonce la nouvelle condamnation d\u2019Aung San Suu Kyi&nbsp;<\/a>(Gavroche) X<\/p>\n\n\n\n<p><a href=\"https:\/\/www.gavroche-thailande.com\/?post_type=post&amp;p=30288\">Tha\u00eflande- Complot contre le syst\u00e8me judiciaire<\/a> (Gavroche)<\/p>\n\n\n\n<figure class=\"wp-block-image is-resized\"><img data-recalc-dims=\"1\" loading=\"lazy\" decoding=\"async\" src=\"https:\/\/i0.wp.com\/www.gavroche-thailande.com\/wp-content\/uploads\/2022\/05\/Palais_de_Justice_Putrajaya.jpg?resize=405%2C304&#038;ssl=1\" alt=\"Palais_de_Justice_Putrajaya\" class=\"wp-image-30289\" width=\"405\" height=\"304\"\/><\/figure>\n\n\n\n<p><strong>Analyse<\/strong><\/p>\n\n\n\n<p><a href=\"https:\/\/info.mediapart.fr\/optiext\/optiextension.dll?ID=oSToTY2qotJcnEsLy8OTLdqtUY1%2B02mXNyM2PAUuYvY1ig6Eg2%2BSlGZkuERqrhrb6PC0ld%2B705b4_xg6sZAeEJtE06So8\">Dans l\u2019Extr\u00eame-Orient russe, la r\u00e9gion du fleuve Amour symbolise le rapprochement avec la <strong>Chine<\/strong><\/a> (MDP)<\/p>\n\n\n\n<p><mark style=\"background-color:rgba(0, 0, 0, 0);color:#ee1010\" class=\"has-inline-color\"><strong>2 mai en continu<\/strong><\/mark><\/p>\n\n\n\n<p><a href=\"https:\/\/www.euractiv.fr\/section\/politique\/news\/lue-veut-une-reponse-appropriee-de-pekin-quant-au-sort-dun-de-ses-employes\/\">L\u2019UE veut \u00ab une r\u00e9ponse appropri\u00e9e \u00bb de P\u00e9kin quant au sort d\u2019un de ses employ\u00e9s<\/a> (FI)<\/p>\n\n\n\n<p><a href=\"https:\/\/www.boursorama.com\/actualite-economique\/actualites\/submergee-par-le-covid-shanghai-isole-aussi-les-cas-negatifs-441f302e2dabcc57e52cddac2c6c4589\">Submerg\u00e9e par le Covid, Shanghai isole aussi les cas n\u00e9gatifs<\/a> (Boursorama)<\/p>\n\n\n\n<p><a href=\"https:\/\/www.boursorama.com\/actualite-economique\/actualites\/sri-lanka-nouvelles-penuries-de-carburant-dues-a-une-greve-des-convoyeurs-53caced08b44db150956ce88a27f9194\">Sri Lanka: nouvelles p\u00e9nuries de carburant dues \u00e0 une gr\u00e8ve des convoyeurs<\/a> (AFP)<\/p>\n\n\n\n<p><strong><a href=\"https:\/\/www.boursorama.com\/actualite-economique\/actualites\/covid-19-revers-a-shanghai-pekin-se-concentre-sur-les-tests-de-masse-09c8c5bdcc393b2f9f2ebc364611e292\">COVID-19: Revers \u00e0 Shangha\u00ef, P\u00e9kin se concentre sur les tests de masse<\/a> (Reuters)<\/strong><\/p>\n\n\n\n<p><strong>Analyse<\/strong><\/p>\n\n\n\n<p><strong><a href=\"https:\/\/asialyst.com\/fr\/2022\/04\/02\/japon-asie-dessinee-bd-bandes-dessinees-histoires-femmes-fortes\/\">BD : histoires de femmes fortes au Japon<\/a> (Asialyst)<\/strong><\/p>\n\n\n\n<figure class=\"wp-block-image is-resized\"><img data-recalc-dims=\"1\" loading=\"lazy\" decoding=\"async\" src=\"https:\/\/i0.wp.com\/asialyst.com\/fr\/wp-content\/uploads\/2022\/04\/Dames-de-Kimoto-4-header.jpg?resize=550%2C393&#038;ssl=1\" alt=\"Extrait de la bande dessin\u00e9e &quot;Les dames de Kimoto&quot;, sc\u00e9nario et dessin Cyril Bonin, 112 pages, Sarbacane. (Copyright : Sarbacane)\" width=\"550\" height=\"393\"\/><\/figure>\n\n\n\n<p><a href=\"https:\/\/asialyst.com\/fr\/2022\/04\/02\/livre-fascisme-japonais-murayama-masao-totalitarisme-sans-guide-supreme\/\">\u00ab\u00a0Le fascisme japonais\u00a0\u00bb de Murayama Masao, ou le totalitarisme sans guide supr\u00eame (<\/a>Asialyst<a href=\"https:\/\/asialyst.com\/fr\/2022\/04\/02\/livre-fascisme-japonais-murayama-masao-totalitarisme-sans-guide-supreme\/\">)<\/a><\/p>\n\n\n\n<p><a href=\"https:\/\/asialyst.com\/fr\/2022\/03\/25\/livre-dans-taniere-tigre-nicolas-idier-entre-chine-inde\/\">\u00ab\u00a0Dans la tani\u00e8re du tigre\u00a0\u00bb de Nicolas Idier, entre l&rsquo;Inde et la Chine <\/a><a href=\"https:\/\/asialyst.com\/fr\/2022\/04\/02\/livre-fascisme-japonais-murayama-masao-totalitarisme-sans-guide-supreme\/\">(<\/a>Asialyst<a href=\"https:\/\/asialyst.com\/fr\/2022\/03\/25\/livre-dans-taniere-tigre-nicolas-idier-entre-chine-inde\/\"><\/a><a href=\"https:\/\/asialyst.com\/fr\/2022\/04\/02\/livre-fascisme-japonais-murayama-masao-totalitarisme-sans-guide-supreme\/\">)<\/a><\/p>\n\n\n\n<figure class=\"wp-block-image is-resized\"><img data-recalc-dims=\"1\" loading=\"lazy\" decoding=\"async\" src=\"https:\/\/i0.wp.com\/mcusercontent.com\/10762824cc6c812ec1f389f08\/images\/90d4f2b6-b692-6a22-6321-c0a1b78b869b.png?resize=388%2C425&#038;ssl=1\" alt=\"\" width=\"388\" height=\"425\"\/><\/figure>\n\n\n\n<p><mark style=\"background-color:rgba(0, 0, 0, 0);color:#ee1010\" class=\"has-inline-color\"><strong>1 mai en continu<\/strong><\/mark><\/p>\n\n\n\n<p><a href=\"https:\/\/asialyst.us10.list-manage.com\/track\/click?u=6358bad7a9a8f9695f29495c4&amp;id=54fc1f78df&amp;e=ca207de57d\">Les \u00ab&nbsp;disparitions&nbsp;\u00bb en Chine ou comment se d\u00e9barrasser des g\u00eaneurs<\/a> -Pierre-Antoine Donnet<\/p>\n\n\n\n<p><a href=\"https:\/\/www.ritimo.org\/Kazakhstan-la-fin-d-un-cycle-politique\">Kazakhstan&nbsp;: la fin d\u2019un cycle politique<\/a> (The Conversation)<\/p>\n\n\n\n<p><a href=\"https:\/\/www.boursorama.com\/actualite-economique\/actualites\/des-dizaines-de-disparus-dans-l-effondrement-d-un-immeuble-en-chine-b2674d0bc608dfb427dc642aec587ab3\">Des dizaines de disparus dans l&rsquo;effondrement d&rsquo;un immeuble en Chine<\/a> (AFP)<\/p>\n\n\n\n<p><strong><a href=\"https:\/\/www.boursorama.com\/actualite-economique\/actualites\/chine-l-activite-manufacturiere-au-plus-bas-depuis-deux-ans-891d6d5c5e96c80f915ef966830a659c\">Chine: l&rsquo;activit\u00e9 manufacturi\u00e8re au plus bas depuis deux ans<\/a> (AFP)<\/strong><\/p>\n\n\n\n<p><strong><a href=\"https:\/\/www.francetvinfo.fr\/sante\/maladie\/coronavirus\/covid-19-en-chine-la-ville-de-pekin-annonce-un-renforcement-des-mesures-sanitaires_5111224.html\">Covid-19 en Chine : la ville de P\u00e9kin annonce un renforcement des mesures sanitaires<\/a> (FI)<\/strong><\/p>\n\n\n\n<p><strong>Analyse<\/strong><\/p>\n\n\n\n<p><a href=\"https:\/\/www.ritimo.org\/En-Indonesie-le-charbon-de-Sumatra-fait-plus-de-mal-que-de-bien\">En Indon\u00e9sie, le charbon de Sumatra fait plus de mal que de bien<\/a> (Ritimo)<\/p>\n\n\n\n<p><a href=\"https:\/\/newsletter.liberation.fr\/m\/surl\/200138\/516169\/pSijS7EXaZjEeBu1sI0KV3FKF-B12viezBEiZxMr5xU=\/link_32\/xdu5Gr5CZyzKFvZdraRVzQgqLBM45UfW8NYQseABv0XBoZgqks5I+4D1QZeZEdX5WcomtRktu4HyFcQK0YCQsCkNWwL3jkmsxUVYM1Jhn08akJlJEePi-6CXxtPU7bqFrD84weMKp21-gAHO+JTHplbnU9uLmjdUDYlyItHpXxvP9l8+oeIFJTFU5OfB-4-yK3rH0So5mK7IipzhRCYmcqLf1hEWmQUmxDB6qi2ZobYttECJPKwHmBHn98pQMEUJjsvogbIXQj0xWiKoeGrXC+5IX3UF5aKR1zHDZ8DuA3xH10Zvn10FSqY2unVl3hBoeTMRxCUsjeV8l9c4URP3BRl4zKDpb-f6nEAjvnD4olTahZA2eMBnW4ad+RaRU2+JXLVQzon2T0yPmAnGI2zXhw==\">Au Japon, des femmes nues dans le couloir de la mort&nbsp;<\/a> (Lib\u00e9)<\/p>\n\n\n\n<figure class=\"wp-block-image is-resized\"><img data-recalc-dims=\"1\" loading=\"lazy\" decoding=\"async\" src=\"https:\/\/i0.wp.com\/www.liberation.fr\/resizer\/D0B50kcRwCHtROZjL09rutTR8Q4%3D\/800x0\/filters%3Aformat%28jpg%29%3Aquality%2870%29%3Afocal%281635x1455%3A1645x1465%29\/cloudfront-eu-central-1.images.arcpublishing.com\/liberation\/D2H7BQ3FANFIBCPGYFFJHG6P2Y.jpg?resize=475%2C335&#038;ssl=1\" alt=\"\" width=\"475\" height=\"335\"\/><\/figure>\n\n\n\n<p><a href=\"https:\/\/asialyst.us10.list-manage.com\/track\/click?u=6358bad7a9a8f9695f29495c4&amp;id=3143264d1d&amp;e=ca207de57d\">Podcast de l\u2019IFRAE : \u00ab&nbsp;La Guerre en Ukraine vue d\u2019Asie : r\u00e9actions publiques et parall\u00e8les historiques&nbsp;\u00bb<\/a> (IFRAE)<\/p>\n\n\n\n<p><strong><a href=\"https:\/\/asialyst.us10.list-manage.com\/track\/click?u=6358bad7a9a8f9695f29495c4&amp;id=c55a600cd6&amp;e=ca207de57d\">Ukraine : pourquoi l\u2019Asie ne partage pas notre vision de la guerre<\/a> (Asialyst)<\/strong><\/p>\n","protected":false},"excerpt":{"rendered":"<p>10 mai en continu Le premier ministre sri-lankais d\u00e9missionne apr\u00e8s des semaines de protestations (MDP) La capitale \u00e9conomique du Sri Lanka plac\u00e9e sous couvre-feu apr\u00e8s des violences (M\u00e9diapart) Climat insurrectionnel au Sri Lanka -Jacques Chastaing 9 mai en continu Le combat des Afghanes&nbsp;: \u00ab Ils ne nous effaceront pas \u00bb (MDP) Attaques \u00e0 la grenade &#8230; <a title=\"Mai &#8211; Asie\/Oc\u00e9anie\" class=\"read-more\" href=\"https:\/\/www.rdpemancipation.org\/?p=83995\" aria-label=\"En savoir plus sur Mai &#8211; Asie\/Oc\u00e9anie\">Lire la suite<\/a><\/p>\n","protected":false},"author":1,"featured_media":0,"comment_status":"closed","ping_status":"closed","sticky":false,"template":"","format":"standard","meta":{"_lmt_disableupdate":"no","_lmt_disable":"no","_jetpack_memberships_contains_paid_content":false,"footnotes":""},"categories":[22],"tags":[],"class_list":["post-83995","post","type-post","status-publish","format-standard","hentry","category-asie-oceanie"],"modified_by":"rdpemancipation","jetpack_featured_media_url":"","jetpack_sharing_enabled":true,"_links":{"self":[{"href":"https:\/\/www.rdpemancipation.org\/index.php?rest_route=\/wp\/v2\/posts\/83995","targetHints":{"allow":["GET"]}}],"collection":[{"href":"https:\/\/www.rdpemancipation.org\/index.php?rest_route=\/wp\/v2\/posts"}],"about":[{"href":"https:\/\/www.rdpemancipation.org\/index.php?rest_route=\/wp\/v2\/types\/post"}],"author":[{"embeddable":true,"href":"https:\/\/www.rdpemancipation.org\/index.php?rest_route=\/wp\/v2\/users\/1"}],"replies":[{"embeddable":true,"href":"https:\/\/www.rdpemancipation.org\/index.php?rest_route=%2Fwp%2Fv2%2Fcomments&post=83995"}],"version-history":[{"count":24,"href":"https:\/\/www.rdpemancipation.org\/index.php?rest_route=\/wp\/v2\/posts\/83995\/revisions"}],"predecessor-version":[{"id":87637,"href":"https:\/\/www.rdpemancipation.org\/index.php?rest_route=\/wp\/v2\/posts\/83995\/revisions\/87637"}],"wp:attachment":[{"href":"https:\/\/www.rdpemancipation.org\/index.php?rest_route=%2Fwp%2Fv2%2Fmedia&parent=83995"}],"wp:term":[{"taxonomy":"category","embeddable":true,"href":"https:\/\/www.rdpemancipation.org\/index.php?rest_route=%2Fwp%2Fv2%2Fcategories&post=83995"},{"taxonomy":"post_tag","embeddable":true,"href":"https:\/\/www.rdpemancipation.org\/index.php?rest_route=%2Fwp%2Fv2%2Ftags&post=83995"}],"curies":[{"name":"wp","href":"https:\/\/api.w.org\/{rel}","templated":true}]}}