{"id":79175,"date":"2022-04-01T09:40:47","date_gmt":"2022-04-01T07:40:47","guid":{"rendered":"https:\/\/www.rdpemancipation.org\/?p=79175"},"modified":"2022-04-30T12:56:07","modified_gmt":"2022-04-30T10:56:07","slug":"avril-social-2","status":"publish","type":"post","link":"https:\/\/www.rdpemancipation.org\/?p=79175","title":{"rendered":"Avril &#8211; Social"},"content":{"rendered":"\n<p><strong><mark style=\"background-color:rgba(0, 0, 0, 0);color:#f30303\" class=\"has-inline-color\">30 avril en continu<\/mark><\/strong><\/p>\n\n\n\n<p><strong><a href=\"https:\/\/www.facebook.com\/luttesinvisibles\">Mobilisations du jour<\/a> (Luttes Invisibles)<\/strong><\/p>\n\n\n\n<p><a href=\"https:\/\/www.leparisien.fr\/economie\/salaires-les-effets-pervers-de-la-hausse-du-smic-chez-tessi-a-lyon-29-04-2022-OBQ7DMNJGZGXJI2IDAI3WPAKQQ.php\">Salaires : les effets pervers de la hausse du smic chez Tessi, \u00e0 Lyon<\/a> (Le Parisien)<\/p>\n\n\n\n<p><a href=\"https:\/\/www.miroirsocial.com\/participatif\/siderurgie-signature-dun-avenant-la-convention-nationale-pour-defendre-le-pouvoir\">Sid\u00e9rurgie : un avenant \u00e0 la convention nationale pour d\u00e9fendre le pouvoir d&rsquo;achat<\/a> (Miroir Social)<\/p>\n\n\n\n<p><strong><a href=\"https:\/\/www.miroirsocial.com\/participatif\/la-smicardisation-atteint-desormais-plus-de-700-000-agents-publics\">La smicardisation atteint d\u00e9sormais plus de 700 000 agents publics<\/a> <\/strong>(Miroir Social)<\/p>\n\n\n\n<p><a href=\"https:\/\/basta.media\/1er-mai-l-idee-que-les-revendications-ecologiques-seraient-des-preoccupations-de-riches-est-fausse-Renaud-Becot\">\u00ab&nbsp;L\u2019id\u00e9e que les revendications \u00e9cologiques seraient des pr\u00e9occupations de riches est fausse&nbsp;\u00bb<\/a> (Basta)<\/p>\n\n\n\n<figure class=\"wp-block-image is-resized\"><img data-recalc-dims=\"1\" loading=\"lazy\" decoding=\"async\" src=\"https:\/\/i0.wp.com\/basta.media\/local\/adapt-img\/960\/10x\/IMG\/logo\/retraite-lutte-sociale-e_cologie.jpg?resize=451%2C300&#038;ssl=1\" alt=\"\" width=\"451\" height=\"300\"\/><\/figure>\n\n\n\n<p><a href=\"https:\/\/www.force-ouvriere.fr\/chez-picard-coup-de-froid-sur-les-salaires\">Chez Picard, coup de froid sur les salaires<\/a> (FO)<\/p>\n\n\n\n<p><a href=\"https:\/\/www.humanite.fr\/social-eco\/1er-mai\/1er-mai-des-revendications-sociales-et-ecologiques-748483\">1er MAI Des revendications sociales et \u00e9cologiques<\/a> (L\u2019Humanit\u00e9)<\/p>\n\n\n\n<p><a href=\"https:\/\/www.humanite.fr\/social-eco\/accidents-du-travail\/en-france-un-patronat-particulierement-arrogant-et-retif-au-dialogue-social-748537\">En France&nbsp;: \u00ab&nbsp;un patronat particuli\u00e8rement arrogant et r\u00e9tif au dialogue social&nbsp;\u00bb<\/a> (L\u2019Humanit\u00e9)<\/p>\n\n\n\n<p><a href=\"https:\/\/www.humanite.fr\/social-eco\/totalenergies\/total-arrose-ses-actionnaires-et-relance-la-polemique-748550\">Total arrose ses actionnaires et relance la pol\u00e9mique<\/a> (L\u2019Humanit\u00e9)<\/p>\n\n\n\n<p><a href=\"https:\/\/www.revolutionpermanente.fr\/Ils-ont-tue-un-ouvrier\">Ils ont tu\u00e9 un ouvrier<\/a> (RP)<\/p>\n\n\n\n<p><a href=\"https:\/\/www.revolutionpermanente.fr\/Nouvelle-journee-de-greve-pour-les-salaires-face-au-mepris-de-la-direction-chez-le-sous-traitant-3A\">Nouvelle journ\u00e9e de gr\u00e8ve pour les salaires face au m\u00e9pris de la direction chez le sous-traitant 3A<\/a> (RP)<\/p>\n\n\n\n<p><a href=\"https:\/\/www.revolutionpermanente.fr\/Mecachrome-La-greve-se-poursuit-a-Toulouse\">Mecachrome. La gr\u00e8ve se poursuit \u00e0 Toulouse<\/a> (RP)<\/p>\n\n\n\n<p><a href=\"https:\/\/cherbourg.maville.com\/actu\/actudet_-normandie.-la-cfdt-et-sud-rail-appellent-a-la-greve-a-partir-de-dimanche-soir-a-la-sncf-_une-5203559_actu.Htm\">Normandie. La CFDT et Sud-rail appellent \u00e0 la gr\u00e8ve, \u00e0 partir de dimanche soir, \u00e0 la SNCF<\/a>&nbsp;(Ouest France)<\/p>\n\n\n\n<p><a href=\"https:\/\/www.leprogres.fr\/sante\/2022\/04\/29\/maison-specialisee-le-rosier-blanc-pourquoi-le-personnel-est-encore-en-greve\">Maison sp\u00e9cialis\u00e9e le Rosier Blanc : pourquoi le personnel est encore en gr\u00e8ve&nbsp;?<\/a> (Le Progr\u00e8s)<\/p>\n\n\n\n<p><a href=\"https:\/\/www.letelegramme.fr\/finistere\/brest\/a-brest-un-appel-a-la-greve-lundi-chez-norgay-it-services-29-04-2022-13006636.php\">\u00c0 Brest, un appel \u00e0 la gr\u00e8ve lundi chez Norgay IT Services<\/a> (Le T\u00e9l\u00e9gramme)<\/p>\n\n\n\n<figure class=\"wp-block-image is-resized\"><img data-recalc-dims=\"1\" loading=\"lazy\" decoding=\"async\" src=\"https:\/\/i0.wp.com\/www.infocomcgt.fr\/wp-content\/uploads\/2022\/04\/2022_InfoCom-CGT_1er-mai-cultivons-la-lutte-214x300.jpg?resize=285%2C400&#038;ssl=1\" alt=\"\" width=\"285\" height=\"400\"\/><\/figure>\n\n\n\n<figure class=\"wp-block-image size-full is-resized\"><img data-recalc-dims=\"1\" loading=\"lazy\" decoding=\"async\" src=\"https:\/\/i0.wp.com\/www.rdpemancipation.org\/wp-content\/uploads\/2022\/04\/Capture-decran-2022-04-29-a-08.17.21.png?resize=434%2C470&#038;ssl=1\" alt=\"\" class=\"wp-image-83771\" width=\"434\" height=\"470\" srcset=\"https:\/\/i0.wp.com\/www.rdpemancipation.org\/wp-content\/uploads\/2022\/04\/Capture-decran-2022-04-29-a-08.17.21.png?w=546&amp;ssl=1 546w, https:\/\/i0.wp.com\/www.rdpemancipation.org\/wp-content\/uploads\/2022\/04\/Capture-decran-2022-04-29-a-08.17.21.png?resize=277%2C300&amp;ssl=1 277w\" sizes=\"auto, (max-width: 434px) 100vw, 434px\" \/><\/figure>\n\n\n\n<p><strong>Monde<\/strong><\/p>\n\n\n\n<p><strong>Allemagne<\/strong> &#8211; <a href=\"http:\/\/alencontre.org\/ecologie\/allemagne-crise-climatique-travailleurs-et-travailleuses-nous-sommes-la-transformation-creatrice.html\">crise \u00abTravailleurs et travailleuses: nous sommes la transformation cr\u00e9atrice!\u00bb<\/a> (Alencontre)<\/p>\n\n\n\n<p><strong>Arabie Saoudite<\/strong>&nbsp;&#8211; <a href=\"https:\/\/www.lutte-ouvriere.org\/breves\/arabie-saoudite-chasse-aux-pauvres-294284.html\">Chasse aux pauvres<\/a> (LO)<\/p>\n\n\n\n<p><a href=\"https:\/\/www.msn.com\/fr-fr\/finance\/economie\/gr-c3-a8ve-en-pologne-ryanair-estime-que-les-vols-de-300000-passagers-pourraient-c3-aatre-annul-c3-a9s\/ar-AAWGBJy?ocid=BingNewsSearch\">Gr\u00e8ve en <\/a><strong>Pologne<\/strong><a href=\"https:\/\/www.msn.com\/fr-fr\/finance\/economie\/gr-c3-a8ve-en-pologne-ryanair-estime-que-les-vols-de-300000-passagers-pourraient-c3-aatre-annul-c3-a9s\/ar-AAWGBJy?ocid=BingNewsSearch\">: Ryanair estime que les vols de 300.000 passagers pourraient \u00eatre annul\u00e9s<\/a> (MSN)<\/p>\n\n\n\n<p><a href=\"https:\/\/www.wsws.org\/fr\/articles\/2022\/04\/28\/sril-a28.html\">Les enseignants de tout le <\/a><strong>Sri Lanka<\/strong><a href=\"https:\/\/www.wsws.org\/fr\/articles\/2022\/04\/28\/sril-a28.html\"> participent \u00e0 la gr\u00e8ve d\u2019un jour contre le gouvernement Rajapakse<\/a> (WSWS)<\/p>\n\n\n\n<p>USA &#8211; <a href=\"https:\/\/jacobinmag.com\/2022\/04\/frontline-workers-corporate-america-covid-19-pandemic-profits-wages-inequality\">Les \u00ab travailleurs de premi\u00e8re ligne \u00bb? L\u2019Am\u00e9rique des entreprises veut que vous oubliiez<\/a> (Jacobin)<\/p>\n\n\n\n<figure class=\"wp-block-image size-full\"><img data-recalc-dims=\"1\" loading=\"lazy\" decoding=\"async\" width=\"354\" height=\"241\" src=\"https:\/\/i0.wp.com\/www.rdpemancipation.org\/wp-content\/uploads\/2022\/04\/image-175.png?resize=354%2C241&#038;ssl=1\" alt=\"\" class=\"wp-image-83911\" srcset=\"https:\/\/i0.wp.com\/www.rdpemancipation.org\/wp-content\/uploads\/2022\/04\/image-175.png?w=354&amp;ssl=1 354w, https:\/\/i0.wp.com\/www.rdpemancipation.org\/wp-content\/uploads\/2022\/04\/image-175.png?resize=300%2C204&amp;ssl=1 300w\" sizes=\"auto, (max-width: 354px) 100vw, 354px\" \/><\/figure>\n\n\n\n<p>USA &#8211; <a href=\"https:\/\/jacobinmag.com\/2022\/04\/kshama-sawant-starbucks-amazon-strikes-class-struggle\">La gr\u00e8ve&nbsp;: outil pointu des travailleurs. Un mouvement ouvrier r\u00e9surgent doit l\u2019utiliser<\/a> (Jacobin)<\/p>\n\n\n\n<figure class=\"wp-block-image size-full\"><img data-recalc-dims=\"1\" loading=\"lazy\" decoding=\"async\" width=\"353\" height=\"237\" src=\"https:\/\/i0.wp.com\/www.rdpemancipation.org\/wp-content\/uploads\/2022\/04\/image-176.png?resize=353%2C237&#038;ssl=1\" alt=\"\" class=\"wp-image-83912\" srcset=\"https:\/\/i0.wp.com\/www.rdpemancipation.org\/wp-content\/uploads\/2022\/04\/image-176.png?w=353&amp;ssl=1 353w, https:\/\/i0.wp.com\/www.rdpemancipation.org\/wp-content\/uploads\/2022\/04\/image-176.png?resize=300%2C201&amp;ssl=1 300w\" sizes=\"auto, (max-width: 353px) 100vw, 353px\" \/><\/figure>\n\n\n\n<p>USA &#8211; <a href=\"https:\/\/jacobinmag.com\/2022\/04\/starbucks-union-howard-schultz-workplace-authoritarianism-nlrb\">Les travailleurs de Starbucks exigent que la direction cesse d\u2019agir comme des dictateurs<\/a> (Jacobin)<\/p>\n\n\n\n<p><strong>Analyse<\/strong><\/p>\n\n\n\n<p><strong><a href=\"https:\/\/www.contretemps.eu\/greves-conflictualite-travail-france-crise-economique-demobilisation-salaries\/\">Gr\u00e8ves et conflictualit\u00e9 au travail en France&nbsp;: La crise a-t-elle d\u00e9mobilis\u00e9 les salari\u00e9s ?<\/a> (Contretemps)<\/strong><\/p>\n\n\n\n<figure class=\"wp-block-image size-full\"><img data-recalc-dims=\"1\" loading=\"lazy\" decoding=\"async\" width=\"365\" height=\"188\" src=\"https:\/\/i0.wp.com\/www.rdpemancipation.org\/wp-content\/uploads\/2022\/04\/image-174.png?resize=365%2C188&#038;ssl=1\" alt=\"\" class=\"wp-image-83910\" srcset=\"https:\/\/i0.wp.com\/www.rdpemancipation.org\/wp-content\/uploads\/2022\/04\/image-174.png?w=365&amp;ssl=1 365w, https:\/\/i0.wp.com\/www.rdpemancipation.org\/wp-content\/uploads\/2022\/04\/image-174.png?resize=300%2C155&amp;ssl=1 300w\" sizes=\"auto, (max-width: 365px) 100vw, 365px\" \/><\/figure>\n\n\n\n<p><\/p>\n\n\n\n<p><a href=\"https:\/\/www.revue-ballast.fr\/leur-tradition-et-la-notre\/\">L\u2019affaire est limpide&nbsp;: la droite d\u00e9fendrait la tradition, que la gauche pi\u00e9tinerait<\/a> (Ballast)<\/p>\n\n\n\n<p><a href=\"https:\/\/bam.news\/politique\/le-monde\/alerte-vers-une-gestion-des-pandemies-coordonnee-au-niveau-mondial\">Libert\u00e9s&nbsp;: Alerte&nbsp;: vers une gestion des pand\u00e9mies coordonn\u00e9e au niveau mondial<\/a> (BAM)<\/p>\n\n\n\n<p><strong><mark style=\"background-color:rgba(0, 0, 0, 0);color:#f30303\" class=\"has-inline-color\">29 avril en continu<\/mark><\/strong><\/p>\n\n\n\n<p><a href=\"v\">Le 1er Mai, f\u00eatons la force du collectif<\/a> (Lib\u00e9ration)<\/p>\n\n\n\n<figure class=\"wp-block-image is-resized\"><img data-recalc-dims=\"1\" loading=\"lazy\" decoding=\"async\" src=\"https:\/\/i0.wp.com\/www.liberation.fr\/resizer\/JSHeURxdHW25Ma1rNGzgOxeVfn4%3D\/800x0\/filters%3Aformat%28jpg%29%3Aquality%2870%29%3Afocal%281925x1905%3A1935x1915%29\/cloudfront-eu-central-1.images.arcpublishing.com\/liberation\/76C75OLLWFFHBA676IZJLCCXBE.jpg?resize=359%2C384&#038;ssl=1\" alt=\"\" width=\"359\" height=\"384\"\/><\/figure>\n\n\n\n<p><strong><a href=\"https:\/\/www.facebook.com\/luttesinvisibles\">Mobilisations du jour<\/a> (Luttes Invisibles)<\/strong><\/p>\n\n\n\n<p><a href=\"https:\/\/www.humanite.fr\/social-eco\/travailleurs-sociaux\/educateur-de-rue-profession-en-danger-748410\">\u00c9ducateur de rue, profession en danger <\/a>(L\u2019Humanit\u00e9)<\/p>\n\n\n\n<p><a href=\"https:\/\/www.humanite.fr\/social-eco\/1er-mai\/les-illusions-de-macron-748413\">Les illusions de Macron<\/a> (L\u2019Humanit\u00e9)<\/p>\n\n\n\n<p><a href=\"https:\/\/www.force-ouvriere.fr\/fo-metaux-signe-le-plan-sectoriel-pour-reduire-les-tensions-de-15760\">FO M\u00e9taux signe le plan sectoriel pour r\u00e9duire les tensions de recrutement <\/a>(FO)<\/p>\n\n\n\n<p><a href=\"https:\/\/www.revolutionpermanente.fr\/Figeac-Aero-Apres-avoir-licencie-220-personnes-le-PDG-se-plaint-de-difficultes-a-embaucher\">Figeac A\u00e9ro. Apr\u00e8s avoir licenci\u00e9 220 personnes le PDG se plaint de difficult\u00e9s \u00e0 embaucher<\/a> (RP)<\/p>\n\n\n\n<p><a href=\"https:\/\/www.revolutionpermanente.fr\/Se-battre-pour-vivre-pas-pour-des-miettes-Greve-massive-pour-les-salaires-a-Mecachrome\">\u00ab&nbsp;Se battre pour vivre, pas pour des miettes&nbsp;!&nbsp;\u00bb Gr\u00e8ve massive pour les salaires \u00e0 Mecachrome<\/a> (RP)<\/p>\n\n\n\n<p><a href=\"https:\/\/www.revolutionpermanente.fr\/Greve-des-aiguilleurs-en-Lorraine-Un-sous-effectif-insupportable-et-dangereux-pour-les-circulations\">Gr\u00e8ve des aiguilleurs en Lorraine. Un sous-effectif insupportable et dangereux pour les circulations<\/a> (RP)<\/p>\n\n\n\n<p><a href=\"https:\/\/www.revolutionpermanente.fr\/1er-mai-Ni-dialogue-social-ni-3eme-tour-electoral-preparons-la-contre-offensive\">1er mai. Ni dialogue social, ni 3\u00e8me tour \u00e9lectoral&nbsp;: pr\u00e9parons la contre-offensive&nbsp;!<\/a> (RP)<\/p>\n\n\n\n<p><a href=\"https:\/\/www.lutte-ouvriere.org\/breves\/premieres-de-corvees-exploitees-jour-et-nuit-294283.html\">Premi\u00e8res de corv\u00e9es&nbsp;: exploit\u00e9es jour et nuit<\/a> (LO)<\/p>\n\n\n\n<figure class=\"wp-block-image size-full\"><img data-recalc-dims=\"1\" loading=\"lazy\" decoding=\"async\" width=\"351\" height=\"419\" src=\"https:\/\/i0.wp.com\/www.rdpemancipation.org\/wp-content\/uploads\/2022\/04\/image-164.png?resize=351%2C419&#038;ssl=1\" alt=\"\" class=\"wp-image-83734\" srcset=\"https:\/\/i0.wp.com\/www.rdpemancipation.org\/wp-content\/uploads\/2022\/04\/image-164.png?w=351&amp;ssl=1 351w, https:\/\/i0.wp.com\/www.rdpemancipation.org\/wp-content\/uploads\/2022\/04\/image-164.png?resize=251%2C300&amp;ssl=1 251w\" sizes=\"auto, (max-width: 351px) 100vw, 351px\" \/><\/figure>\n\n\n\n<p><a href=\"https:\/\/www.leparisien.fr\/economie\/salaires-les-effets-pervers-de-la-hausse-du-smic-chez-tessi-a-lyon-29-04-2022-OBQ7DMNJGZGXJI2IDAI3WPAKQQ.php\">Salaires : les effets pervers de la hausse du smic chez Tessi, \u00e0 Lyon<\/a> (Le Parisien)<\/p>\n\n\n\n<p><a href=\"https:\/\/www.ouest-france.fr\/bretagne\/quimper-29000\/un-ras-le-bol-general-au-credit-agricole-du-finistere-500-salaries-font-greve-a-quimper-b155ace2-c6d7-11ec-a959-908096d3998a\">Au Cr\u00e9dit Agricole du Finist\u00e8re, 500&nbsp;salari\u00e9s font gr\u00e8ve \u00e0 Quimper<\/a> (Ouest France)<\/p>\n\n\n\n<p><a href=\"https:\/\/www.lyoncapitale.fr\/actualite\/lyon-la-colere-des-agents-de-piscine-en-greve-tous-les-samedis-du-mois-de-mai\">Lyon&nbsp;: les agents de piscine en gr\u00e8ve<\/a> (Lyon Cap)<\/p>\n\n\n\n<p><a href=\"https:\/\/www.ouest-france.fr\/pays-de-la-loire\/nantes-44000\/bus-et-trams-a-nantes-un-preavis-de-greve-sans-precedent-a-la-semitan-4f9c00e4-c6d4-11ec-a959-908096d3998a\">Pr\u00e9avis de gr\u00e8ve sur le r\u00e9seau nantais de transports en commun&nbsp;: qu\u2019est-ce qui coince&nbsp;?<\/a> (Ouest France)<\/p>\n\n\n\n<figure class=\"wp-block-image is-resized\"><img data-recalc-dims=\"1\" loading=\"lazy\" decoding=\"async\" src=\"https:\/\/i0.wp.com\/static.mediapart.fr\/etmagine\/default\/files\/2022\/04\/27\/2022-04-27-18-05-29-galerie-des-dessins-charlie-hebdo.png?resize=345%2C487&#038;ssl=1\" alt=\"2022-04-27-18-05-29-galerie-des-dessins-charlie-hebdo\" width=\"345\" height=\"487\"\/><\/figure>\n\n\n\n<p><a href=\"https:\/\/radioparleur.net\/2022\/04\/27\/malaqueen-expulsion\/\">Au Malaqueen, une autre vie de quartier menac\u00e9e d\u2019expulsion<\/a> (Radio Parleur)<\/p>\n\n\n\n<p><strong>Monde<\/strong><\/p>\n\n\n\n<p><strong>Espagne<\/strong> &#8211; <a href=\"https:\/\/www.infolibre.es\/economia\/guerra-ucrania-inflacion-golpean-empleo-perdida-100-200-puestos-trabajo_1_1226421.html\">La guerre et l\u2019inflation ont frapp\u00e9&nbsp;: perte de 100 200 emplois<\/a> (Esp. \u2013 Infolibre)<\/p>\n\n\n\n<p><strong>USA<\/strong> &#8211; <a href=\"https:\/\/jacobinmag.com\/2022\/04\/workers-quitting-states-low-union-rates-jolts-job-market\">De plus en plus de travailleurs quittent leur emploi dans les \u00c9tats o\u00f9 les syndicats sont faibles<\/a> (Jacobin)<\/p>\n\n\n\n<p><strong><a href=\"https:\/\/www.nytimes.com\/2022\/04\/28\/business\/college-workers-starbucks-amazon-unions.html\">Les jeunes surdipl\u00f4m\u00e9s \u00e0 la pointe de la vague de syndicalisation aux USA<\/a> (anglais -The New York Times)<\/strong><\/p>\n\n\n\n<p><strong>Analyse<\/strong><\/p>\n\n\n\n<p><a href=\"https:\/\/www.humanite.fr\/social-eco\/conditions-de-travail\/morts-au-travail-un-scandale-francais-748305\">Morts au travail\u2009: un scandale fran\u00e7ais<\/a> (L\u2019Humanit\u00e9)<\/p>\n\n\n\n<p><a href=\"https:\/\/www.inegalites.fr\/Un-quart-des-agences-immobilieres-acceptent-de-discriminer\"><strong>Un quart des agences immobili\u00e8res acceptent de discriminer<\/strong><\/a> (Observatoire des In\u00e9galit\u00e9s)<\/p>\n\n\n\n<p><a href=\"https:\/\/www.inegalites.fr\/L-egalite-des-chances-a-l-ecole-une-hypocrisie\">L\u2019\u00e9galit\u00e9 des chances \u00e0 l\u2019\u00e9cole&nbsp;: une hypocrisie<\/a> (Observatoire des In\u00e9galit\u00e9s)<\/p>\n\n\n\n<p><a href=\"https:\/\/www.mediapart.fr\/journal\/economie\/280422\/journee-mondiale-de-la-securite-au-travail-les-accidents-du-travail-sont-invisibilises\">Journ\u00e9e mondiale de la s\u00e9curit\u00e9 au travail: \u00abLes accidents du travail sont invisibilis\u00e9s\u00bb<\/a> M\u00e9diapart)&nbsp;<\/p>\n\n\n\n<p><a href=\"https:\/\/dares.travail-emploi.gouv.fr\/publication\/demandeurs-demploi-inscrits-pole-emploi-au-1er-trimestre-2022\">3 192 800 inscrits \u00e0 P\u00f4le emploi en cat\u00e9gorie A au 1er trimestre 2022, en France<\/a> (DARES \u2013 INSEE)<\/p>\n\n\n\n<p><a href=\"https:\/\/elucid.media\/democratie\/chris-hedges-greve-generale-syndicats-sauver-classes-populaires\"><\/a><a href=\"https:\/\/elucid.media\/democratie\/chris-hedges-greve-generale-syndicats-sauver-classes-populaires\">Seules la reconstruction des syndicats pourront sauver les classes populaires<\/a> (Elucid)<\/p>\n\n\n\n<p><a href=\"https:\/\/bam.news\/desobeir-de-frederic-gros\">\u2018D\u00e9sob\u00e9ir\u2019 de Fr\u00e9d\u00e9ric Gros<\/a> (BAM)<\/p>\n\n\n\n<figure class=\"wp-block-image size-full\"><img data-recalc-dims=\"1\" loading=\"lazy\" decoding=\"async\" width=\"362\" height=\"205\" src=\"https:\/\/i0.wp.com\/www.rdpemancipation.org\/wp-content\/uploads\/2022\/04\/image-165.png?resize=362%2C205&#038;ssl=1\" alt=\"\" class=\"wp-image-83736\" srcset=\"https:\/\/i0.wp.com\/www.rdpemancipation.org\/wp-content\/uploads\/2022\/04\/image-165.png?w=362&amp;ssl=1 362w, https:\/\/i0.wp.com\/www.rdpemancipation.org\/wp-content\/uploads\/2022\/04\/image-165.png?resize=300%2C170&amp;ssl=1 300w\" sizes=\"auto, (max-width: 362px) 100vw, 362px\" \/><\/figure>\n\n\n\n<p><a href=\"https:\/\/www.contretemps.eu\/un-nouvel-eclairage-sur-le-jeune-staline\/\">Un nouvel \u00e9clairage sur le jeune Staline<\/a> (Contretemps)<\/p>\n\n\n\n<figure class=\"wp-block-image size-full\"><img data-recalc-dims=\"1\" loading=\"lazy\" decoding=\"async\" width=\"362\" height=\"191\" src=\"https:\/\/i0.wp.com\/www.rdpemancipation.org\/wp-content\/uploads\/2022\/04\/image-166.png?resize=362%2C191&#038;ssl=1\" alt=\"\" class=\"wp-image-83737\" srcset=\"https:\/\/i0.wp.com\/www.rdpemancipation.org\/wp-content\/uploads\/2022\/04\/image-166.png?w=362&amp;ssl=1 362w, https:\/\/i0.wp.com\/www.rdpemancipation.org\/wp-content\/uploads\/2022\/04\/image-166.png?resize=300%2C158&amp;ssl=1 300w\" sizes=\"auto, (max-width: 362px) 100vw, 362px\" \/><\/figure>\n\n\n\n<p><a href=\"https:\/\/www.francetvinfo.fr\/economie\/syndicats\/le-nombre-de-journees-de-greve-s-est-effondre-pendant-la-crise-sanitaire-en-2020_5108074.html\">Le nombre de journ\u00e9es de gr\u00e8ve s&rsquo;est effondr\u00e9 pendant la crise sanitaire en 2020<\/a> (FI)<\/p>\n\n\n\n<figure class=\"wp-block-image is-resized\"><img loading=\"lazy\" decoding=\"async\" src=\"https:\/\/pbs.twimg.com\/media\/FQA96xcX0AoCYW8?format=jpg&amp;name=small\" alt=\"FQA96xcX0AoCYW8?format=jpg&amp;name=small\" width=\"366\" height=\"367\"\/><\/figure>\n\n\n\n<p><strong><mark style=\"background-color:rgba(0, 0, 0, 0);color:#f30303\" class=\"has-inline-color\">28 avril en continu<\/mark><\/strong><\/p>\n\n\n\n<p><strong><a href=\"https:\/\/www.facebook.com\/luttesinvisibles\">Mobilisations du jour<\/a> (Luttes Invisibles)<\/strong><\/p>\n\n\n\n<p><a href=\"https:\/\/www.infodimanche.com\/actualites\/affaires-et-economie\/459287\/vingt-trois-employes-de-lexpedition-de-dubreton-en-greve-pour-une-duree-illimitee\">Vingt-trois employ\u00e9s de l\u2019exp\u00e9dition de duBreton en gr\u00e8ve pour une dur\u00e9e illimit\u00e9<\/a> (Infodimanche)<\/p>\n\n\n\n<figure class=\"wp-block-image size-full\"><img data-recalc-dims=\"1\" loading=\"lazy\" decoding=\"async\" width=\"353\" height=\"200\" src=\"https:\/\/i0.wp.com\/www.rdpemancipation.org\/wp-content\/uploads\/2022\/04\/image-154.png?resize=353%2C200&#038;ssl=1\" alt=\"\" class=\"wp-image-83564\" srcset=\"https:\/\/i0.wp.com\/www.rdpemancipation.org\/wp-content\/uploads\/2022\/04\/image-154.png?w=353&amp;ssl=1 353w, https:\/\/i0.wp.com\/www.rdpemancipation.org\/wp-content\/uploads\/2022\/04\/image-154.png?resize=300%2C170&amp;ssl=1 300w\" sizes=\"auto, (max-width: 353px) 100vw, 353px\" \/><\/figure>\n\n\n\n<p><a href=\"https:\/\/www.lavoixdunord.fr\/1171965\/article\/2022-04-27\/arras-au-centre-hospitalier-appel-la-greve-de-force-ouvriere-pour-denoncer-le\">Arras : au centre hospitalier, appel \u00e0 la gr\u00e8ve de FO pour d\u00e9noncer le manque de personnel<\/a> (Voix du Nord)<\/p>\n\n\n\n<p><a href=\"https:\/\/www.francebleu.fr\/infos\/economie-social\/les-travailleurs-portuaires-du-havre-en-greve-pour-24-heures-ce-mardi-1650966068\">Les travailleurs portuaires du Havre en gr\u00e8ve pour 24 heures ce mardi <\/a>(France Bleu)<\/p>\n\n\n\n<p><a href=\"https:\/\/www.letelegramme.fr\/finistere\/douarnenez\/a-douarnenez-une-greve-massive-des-enseignants-de-la-cite-scolaire-jean-marie-le-bris-contre-la-direction-26-04-2022-13002313.php\">\u00c0 Douarnenez, une gr\u00e8ve des enseignants de la cit\u00e9 scolaire Jean-Marie-Le Bris&nbsp;<\/a>(Le T\u00e9l\u00e9gramme)<\/p>\n\n\n\n<p><a href=\"https:\/\/nantes.maville.com\/actu\/actudet_-pres-de-nantes.-le-campus-d-enedis-menace-une-greve-est-en-cours-_fil-5199258_actu.Htm\">Pr\u00e8s de Nantes. Le campus d\u2019Enedis menac\u00e9, une gr\u00e8ve est en cours<\/a>&nbsp;(Maville)<\/p>\n\n\n\n<p><a href=\"https:\/\/fr.metrotime.be\/belgique\/greve-chez-ryanair-les-vols-des-vacances-dete-pourraient-egalement-etre-menaces\">Gr\u00e8ve chez Ryanair: les vols des vacances d\u2019\u00e9t\u00e9 pourraient \u00e9galement \u00eatre menac\u00e9s<\/a> (Metro)<\/p>\n\n\n\n<p><a href=\"https:\/\/www.msn.com\/fr-fr\/finance\/other\/gr-c3-a8ve-chez-volotea-voici-combien-vous-pourriez-c3-aatre-indemnis-c3-a9-en-cas-dannulation-ou-retard\/ar-AAWBTeT?ocid=BingNewsSearch\">Gr\u00e8ve chez Volotea : voici combien vous pourriez \u00eatre indemnis\u00e9 en cas d&rsquo;annulation ou retard<\/a> (MSN)<\/p>\n\n\n\n<p><a href=\"https:\/\/www.larepubliquedespyrenees.fr\/pyrenees-atlantiques\/billere-nouvelle-journee-de-greve-ce-jeudi-chez-rte-10744496.php\">Une nouvelle journ\u00e9e d\u2019action est pr\u00e9vue chez RTE, sur le site b\u00e9arnais de Bill\u00e8re.<\/a> (La R des Pyr\u00e9nn\u00e9es)<\/p>\n\n\n\n<p><a href=\"https:\/\/www.republicain-lorrain.fr\/faits-divers-justice\/2022\/04\/27\/greve-a-la-sncf-trafic-tres-perturbe-ce-jour-en-moselle\">Gr\u00e8ve \u00e0 la SNCF&nbsp;: trafic tr\u00e8s perturb\u00e9 en Moselle <\/a>(Lorrain)<\/p>\n\n\n\n<p><a href=\"https:\/\/www.rtbf.be\/article\/la-greve-se-poursuivra-jeudi-chez-agc-fleurus-les-ouvriers-continuent-d-occuper-le-site-10982693\">La gr\u00e8ve se poursuivra jeudi chez AGC Fleurus, les ouvriers continuent d&rsquo;occuper le site<\/a> (RTBF)<\/p>\n\n\n\n<p><a href=\"https:\/\/www.paris-normandie.fr\/id301307\/article\/2022-04-27\/en-greve-les-employes-de-tereos-lillebonne-demandent-etre-mieux-consideres\">En gr\u00e8ve, les employ\u00e9s de Tereos \u00e0 Lillebonne demandent \u00e0 \u00eatre mieux consid\u00e9r\u00e9s <\/a>(Paris Normandie)<\/p>\n\n\n\n<p><a href=\"https:\/\/lanticapitaliste.org\/actualite\/sante\/confrontee-au-feodalisme-greve-lehpad-du-chateau-de-neuville\">Confront\u00e9e au f\u00e9odalisme, gr\u00e8ve \u00e0 l\u2019Ehpad du ch\u00e2teau de Neuville<\/a> (L\u2019Anticapitaliste)<\/p>\n\n\n\n<p><strong><a href=\"https:\/\/lanticapitaliste.org\/actualite\/entreprises\/le-demantelement-de-renault-en-marche\">Le d\u00e9mant\u00e8lement de Renault en marche<\/a> (Auto-critique)<\/strong><\/p>\n\n\n\n<p><a href=\"https:\/\/lanticapitaliste.org\/actualite\/entreprises\/fnac-saint-lazare-des-embauches-obtenues-par-la-greve-reconductible\">Fnac Saint-Lazare\u2009: des embauches obtenues par la gr\u00e8ve reconductible<\/a> (L\u2019Anticpitaliste)<\/p>\n\n\n\n<p><strong>Monde<\/strong><\/p>\n\n\n\n<p><strong>Alg\u00e9rie<\/strong><a href=\"https:\/\/www.francetvinfo.fr\/replay-radio\/un-monde-d-avance\/algerie-face-a-l-inflation-les-fonctionnaires-lancent-un-greve-generale_5076991.html\"> : face \u00e0 l&rsquo;inflation, les fonctionnaires lancent un gr\u00e8ve g\u00e9n\u00e9rale <\/a>(France Info)<\/p>\n\n\n\n<p><a href=\"https:\/\/www.lapresse.ca\/actualites\/education\/2022-04-27\/des-cpe-de-montreal-et-laval-en-greve-des-mardi-prochain.php\"><strong>Montr\u00e9al<\/strong>&nbsp;: 60 Centres de la petite enfance en gr\u00e8ve<\/a> (La Presse)<\/p>\n\n\n\n<figure class=\"wp-block-image size-full\"><img data-recalc-dims=\"1\" loading=\"lazy\" decoding=\"async\" width=\"357\" height=\"239\" src=\"https:\/\/i0.wp.com\/www.rdpemancipation.org\/wp-content\/uploads\/2022\/04\/image-155.png?resize=357%2C239&#038;ssl=1\" alt=\"\" class=\"wp-image-83565\" srcset=\"https:\/\/i0.wp.com\/www.rdpemancipation.org\/wp-content\/uploads\/2022\/04\/image-155.png?w=357&amp;ssl=1 357w, https:\/\/i0.wp.com\/www.rdpemancipation.org\/wp-content\/uploads\/2022\/04\/image-155.png?resize=300%2C201&amp;ssl=1 300w\" sizes=\"auto, (max-width: 357px) 100vw, 357px\" \/><\/figure>\n\n\n\n<p><a href=\"https:\/\/barrikade.info\/event\/1729\">B\u00e2le <strong>Suisse<\/strong>&nbsp;: Pr\u00e9sentation du livre \u00ab&nbsp;R\u00e9bellion des petites villes&nbsp;\u00bb<\/a> (Barrikade)<\/p>\n\n\n\n<p><strong>Fleurus<\/strong><a href=\"https:\/\/www.dhnet.be\/regions\/charleroi\/fleurus-les-travailleurs-d-agc-en-greve-626919f17b50a63b45fb809f\"> : les travailleurs d&rsquo;AGC en gr\u00e8ve <\/a>(DH)<\/p>\n\n\n\n<p><strong>Analyse<\/strong><\/p>\n\n\n\n<p><strong><a href=\"https:\/\/www.agoravox.fr\/tribune-libre\/article\/3eme-tour-se-preparer-a-la-guerre-241204\">3\u00e8me tour&nbsp;: se pr\u00e9parer \u00e0 la guerre de classe<\/a> <\/strong>(Agoravox)<\/p>\n\n\n\n<p><a href=\"https:\/\/www.contretemps.eu\/dossier-gramsci\/\">Dossier : il faut lire (ou relire) Gramsci<\/a> (Contretemps)<\/p>\n\n\n\n<figure class=\"wp-block-image size-full\"><img data-recalc-dims=\"1\" loading=\"lazy\" decoding=\"async\" width=\"371\" height=\"192\" src=\"https:\/\/i0.wp.com\/www.rdpemancipation.org\/wp-content\/uploads\/2022\/04\/image-156.png?resize=371%2C192&#038;ssl=1\" alt=\"\" class=\"wp-image-83568\" srcset=\"https:\/\/i0.wp.com\/www.rdpemancipation.org\/wp-content\/uploads\/2022\/04\/image-156.png?w=371&amp;ssl=1 371w, https:\/\/i0.wp.com\/www.rdpemancipation.org\/wp-content\/uploads\/2022\/04\/image-156.png?resize=300%2C155&amp;ssl=1 300w\" sizes=\"auto, (max-width: 371px) 100vw, 371px\" \/><\/figure>\n\n\n\n<p><strong><a href=\"https:\/\/enquetecritique.org\/projets\/auto-defense-auto-education-auto-organisation\/l-experience-rock-against-police-des-lascars-s-organisent\/article\/se-rencontrer-et-se-coordonner\">Se rencontrer, se coordonner&nbsp;: l\u2019exp\u00e9rience&nbsp; Rock Against Police<\/a> (enqu\u00eate critique)<\/strong><\/p>\n\n\n\n<figure class=\"wp-block-image size-full\"><img data-recalc-dims=\"1\" loading=\"lazy\" decoding=\"async\" width=\"353\" height=\"236\" src=\"https:\/\/i0.wp.com\/www.rdpemancipation.org\/wp-content\/uploads\/2022\/04\/image-157.png?resize=353%2C236&#038;ssl=1\" alt=\"\" class=\"wp-image-83569\" srcset=\"https:\/\/i0.wp.com\/www.rdpemancipation.org\/wp-content\/uploads\/2022\/04\/image-157.png?w=353&amp;ssl=1 353w, https:\/\/i0.wp.com\/www.rdpemancipation.org\/wp-content\/uploads\/2022\/04\/image-157.png?resize=300%2C201&amp;ssl=1 300w\" sizes=\"auto, (max-width: 353px) 100vw, 353px\" \/><figcaption>Concert RAP, quartier Saint-Blaise, Paris 20e, avril 1980<\/figcaption><\/figure>\n\n\n\n<p><a href=\"https:\/\/www.monde-diplomatique.fr\/mav\/156\/BULARD\/58128\">Le r\u00eave patronal en ordonnances<\/a> (Monde Diplo)<\/p>\n\n\n\n<p><a href=\"https:\/\/www.lutte-ouvriere.org\/breves\/zone-euro-inflation-record-288790.html\">Zone euro&nbsp;: inflation record<\/a> (LO)<\/p>\n\n\n\n<p><a href=\"https:\/\/www.inegalites.fr\/Les-inegalites-mondiales-de-revenus-diminuent\">Les in\u00e9galit\u00e9s mondiales de revenus diminuent<\/a> (Observatoire des In\u00e9galit\u00e9s)<\/p>\n\n\n\n<p><a href=\"https:\/\/www.humanite.fr\/en-debat\/syndicalisme\/comment-les-syndicats-peuvent-ils-organiser-les-travailleurs-uberises-748196#xtor=RSS-1\">Comment les syndicats peuvent-ils organiser les travailleurs ub\u00e9ris\u00e9s ?<\/a> ( L\u2019Humanit\u00e9)<\/p>\n\n\n\n<figure class=\"wp-block-image\"><img decoding=\"async\" src=\"https:\/\/pbs.twimg.com\/media\/FRF5TrcWYAAo3eR?format=jpg&amp;name=small\" alt=\"Image\"\/><\/figure>\n\n\n\n<p><strong><mark style=\"background-color:rgba(0, 0, 0, 0);color:#f30303\" class=\"has-inline-color\">27 avril en continu<\/mark><\/strong><\/p>\n\n\n\n<p><strong><a href=\"https:\/\/www.facebook.com\/luttesinvisibles\">Mobilisations du jour<\/a> (Luttes Invisibles)<\/strong><\/p>\n\n\n\n<p><a href=\"https:\/\/www.cgt.fr\/actualites\/france\/interprofessionnel\/mobilisation\/premiere-condamnation-sur-luberisation-du-travail\">Premi\u00e8re condamnation sur \u00ab&nbsp;l\u2019Ub\u00e9risation&nbsp;\u00bb du travail<\/a> (CGT)<\/p>\n\n\n\n<p><a href=\"https:\/\/www.force-ouvriere.fr\/flunch-les-salaries-toujours-en-lutte-pour-les-salaires-15759\">Flunch&nbsp;: les salari\u00e9s toujours en lutte pour les salaires<\/a> (FO)<\/p>\n\n\n\n<p><a href=\"https:\/\/www.revolutionpermanente.fr\/Premiere-greve-du-quinquennat-chez-AAA-on-se-mobilise-pour-les-salaires\">Premi\u00e8re gr\u00e8ve du quinquennat&nbsp;: chez AAA, on se mobilise pour les salaires&nbsp;!<\/a> (RP)<\/p>\n\n\n\n<p><a href=\"https:\/\/www.revolutionpermanente.fr\/Se-battre-pour-vivre-pas-pour-des-miettes-Greve-massive-pour-les-salaires-a-Mecachrome\">\u00ab&nbsp;Se battre pour vivre, pas pour des miettes&nbsp;!&nbsp;\u00bb Gr\u00e8ve massive pour les salaires \u00e0 Mecachrome<\/a> (RP)<\/p>\n\n\n\n<p><a href=\"https:\/\/www.lyonmag.com\/article\/122594\/pres-de-lyon-le-site-rte-de-la-boisse-bloque-depuis-trois-semaines-par-les-grevistes\">Pr\u00e8s de Lyon : le site RTE de la Boisse bloqu\u00e9 depuis trois semaines par les gr\u00e9vistes<\/a> (LyonMag)<\/p>\n\n\n\n<p><a href=\"https:\/\/actu.fr\/ile-de-france\/saint-denis_93066\/greve-au-marche-de-saint-denis-des-commercants-prets-a-une-fermeture-longue_50509901.html\">Gr\u00e8ve au march\u00e9 de Saint-Denis : des commer\u00e7ants pr\u00eats \u00e0 une \u00ab\u00a0fermeture longue\u00a0\u00bb<\/a> (Actu 93)<\/p>\n\n\n\n<p><a href=\"https:\/\/marsactu.fr\/bref\/cinquieme-semaine-de-greve-des-agents-dentretien-de-lagence-regionale-de-sante\/\"><strong>Cinqui\u00e8me semaine de gr\u00e8ve des agents d\u2019entretien de l\u2019ARS de Marseille<\/strong><\/a> (MarsActu)<\/p>\n\n\n\n<figure class=\"wp-block-image size-full\"><img data-recalc-dims=\"1\" loading=\"lazy\" decoding=\"async\" width=\"371\" height=\"210\" src=\"https:\/\/i0.wp.com\/www.rdpemancipation.org\/wp-content\/uploads\/2022\/04\/image-147.png?resize=371%2C210&#038;ssl=1\" alt=\"\" class=\"wp-image-83350\" srcset=\"https:\/\/i0.wp.com\/www.rdpemancipation.org\/wp-content\/uploads\/2022\/04\/image-147.png?w=371&amp;ssl=1 371w, https:\/\/i0.wp.com\/www.rdpemancipation.org\/wp-content\/uploads\/2022\/04\/image-147.png?resize=300%2C170&amp;ssl=1 300w\" sizes=\"auto, (max-width: 371px) 100vw, 371px\" \/><\/figure>\n\n\n\n<p><a href=\"https:\/\/www.ouest-france.fr\/bretagne\/quimper-29000\/quimper-ras-le-bol-general-au-siege-du-credit-agricole-les-salaries-en-greve-9ae542cc-c567-11ec-bf64-3c5ed6d40b76\">Quimper. \u00ab&nbsp;Ras-le-bol g\u00e9n\u00e9ral&nbsp;\u00bb au si\u00e8ge du Cr\u00e9dit Agricole&nbsp;: les salari\u00e9s en gr\u00e8ve<\/a> (Ouest France)<\/p>\n\n\n\n<p><strong>Autres<\/strong><\/p>\n\n\n\n<p><a href=\"https:\/\/www.cgt.fr\/actualites\/france\/interprofessionnel\/salaires\/salaires-la-colere-gronde-dans-les-entreprises\">Salaires : la col\u00e8re gronde dans les entreprises<\/a> (CGT)<\/p>\n\n\n\n<p><a href=\"https:\/\/www.frustrationmagazine.fr\/entretien-ouvrier-metallo\/\">\u00ab&nbsp;Que mes coll\u00e8gues se rendent compte de la force qu\u2019on pourrait \u00eatre&nbsp;\u00bb avec Arthur<\/a> (Frustration)<\/p>\n\n\n\n<figure class=\"wp-block-image size-full\"><img data-recalc-dims=\"1\" loading=\"lazy\" decoding=\"async\" width=\"358\" height=\"226\" src=\"https:\/\/i0.wp.com\/www.rdpemancipation.org\/wp-content\/uploads\/2022\/04\/image-148.png?resize=358%2C226&#038;ssl=1\" alt=\"\" class=\"wp-image-83351\" srcset=\"https:\/\/i0.wp.com\/www.rdpemancipation.org\/wp-content\/uploads\/2022\/04\/image-148.png?w=358&amp;ssl=1 358w, https:\/\/i0.wp.com\/www.rdpemancipation.org\/wp-content\/uploads\/2022\/04\/image-148.png?resize=300%2C189&amp;ssl=1 300w\" sizes=\"auto, (max-width: 358px) 100vw, 358px\" \/><\/figure>\n\n\n\n<p><a href=\"https:\/\/www.revolutionpermanente.fr\/Guerre-sociale-Macron-engage-pleinement-la-nouvelle-bataille-des-retraites\">Guerre sociale&nbsp;: Macron engage pleinement la nouvelle bataille des retraites<\/a> (RP)<\/p>\n\n\n\n<p><strong>Monde<\/strong><\/p>\n\n\n\n<p><strong>Chili<\/strong><a href=\"https:\/\/www.revolutionpermanente.fr\/Chili-Greve-massive-contre-l-inflation-et-la-politique-du-progressiste-Gabriel-Boric\">. Gr\u00e8ve massive contre l\u2019inflation et la politique du \u00ab&nbsp;progressiste&nbsp;\u00bb Gabriel Boric<\/a> (RP)<\/p>\n\n\n\n<p><strong>Alg\u00e9rie<\/strong> &#8211; <a href=\"https:\/\/algeria-watch.org\/?p=82845\">Gr\u00e8ve des 26 et 27 avril pour le pouvoir d\u2019achat <\/a>&nbsp;(Algeria Watch)<\/p>\n\n\n\n<p><a href=\"https:\/\/jacobinmag.com\/2022\/04\/chinese-internal-labor-migrants-factories-battler-poetry-dagong\">Comment les travailleurs migrants <strong>chinois<\/strong> \u00e9crivent de la po\u00e9sie dans l\u2019atelier du monde<\/a> (Jacobin)<\/p>\n\n\n\n<p><a href=\"https:\/\/www.bfmtv.com\/economie\/entreprises\/transports\/aerien-des-milliers-de-vols-europeens-pourraient-etre-perturbes-par-une-greve-en-pologne_AN-202204260423.html\">Les aiguilleurs du ciel <strong>polonais<\/strong> seront en gr\u00e8ve \u00e0 partir du 1er mai prochain<\/a> (BFMTV)<\/p>\n\n\n\n<p><a href=\"https:\/\/www.boursorama.com\/actualite-economique\/actualites\/amazon-les-employes-d-un-second-entrepot-new-yorkais-votent-sur-un-syndicat-c72b0b344f9b49e86395216d0339d3df\">Amazon: les employ\u00e9s d&rsquo;un second entrep\u00f4t <strong>new-yorkais <\/strong>votent sur un syndicat<\/a> (AFP)<\/p>\n\n\n\n<p><strong>Analyse<\/strong><\/p>\n\n\n\n<p><strong><a href=\"https:\/\/www.frustrationmagazine.fr\/entretien-ouvrier-metallo\/\">Qu&rsquo;on se rende compte de la force qu\u2019on pourrait \u00eatre \u00bb \u2013 Entretien Arthur, m\u00e9tallo<\/a> (Frustration)<\/strong><\/p>\n\n\n\n<p><a href=\"https:\/\/www.revolutionpermanente.fr\/Prochain-quinquennat-les-directions-syndicales-misent-encore-sur-le-dialogue-social\">Prochain quinquennat&nbsp;: les directions syndicales misent (encore) sur le \u00ab\u00a0dialogue social\u00a0\u00bb<\/a> (RP)<\/p>\n\n\n\n<p><a href=\"https:\/\/blogs.mediapart.fr\/etuiorg\/blog\/260422\/ue-construire-aujourdhui-le-marche-interieur-de-demain\">UE: construire le march\u00e9 int\u00e9rieur de demain<\/a> (Institut syndical europ\u00e9en, M\u00e9diapart)<\/p>\n\n\n\n<figure class=\"wp-block-image is-resized\"><img data-recalc-dims=\"1\" loading=\"lazy\" decoding=\"async\" src=\"https:\/\/i0.wp.com\/mamot.fr\/system\/cache\/media_attachments\/files\/108\/158\/862\/955\/540\/993\/original\/3afb16c221950455.jpg?resize=519%2C281&#038;ssl=1\" alt=\"\" width=\"519\" height=\"281\"\/><\/figure>\n\n\n\n<p><strong><mark style=\"background-color:rgba(0, 0, 0, 0);color:#f30303\" class=\"has-inline-color\">26 avril en continu<\/mark><\/strong><\/p>\n\n\n\n<p><strong><a href=\"https:\/\/www.facebook.com\/luttesinvisibles\" title=\"Mobilisations du jour\">Mobilisations du jour<\/a> (Luttes Invisibles)<\/strong><\/p>\n\n\n\n<p><a href=\"https:\/\/larochesuryon.maville.com\/actu\/actudet_-des-salaries-d-iss-sous-traitant-d-airbus-en-greve-pres-de-saint-nazaire-_region-5195510_actu.Htm\">Des salari\u00e9s d\u2019ISS, sous-traitant d\u2019Airbus, en gr\u00e8ve pr\u00e8s de Saint-Nazaire <\/a>&nbsp;(Ouest France)<\/p>\n\n\n\n<p><a href=\"https:\/\/rebellyon.info\/Pour-un-1er-Mai-Rouge-et-Noir-de-combat-23920\">Pour un 1<sup>er<\/sup>&nbsp;Mai Rouge et Noir de combat social&nbsp;!<\/a> (Rebellyon)<\/p>\n\n\n\n<p><a href=\"https:\/\/www.estrepublicain.fr\/economie\/2022\/04\/25\/sortie-de-crise-et-fin-de-la-greve-chez-faurecia-siedoubs\">Sortie de crise et fin de la gr\u00e8ve chez Faurecia Siedoubs<\/a> (Est R\u00e9publicain)<\/p>\n\n\n\n<p><a href=\"https:\/\/france3-regions.francetvinfo.fr\/bourgogne-franche-comte\/yonne\/joigny-les-employes-du-magasin-lidl-en-greve-pour-soutenir-leur-directeur-licencie-2531352.html\">Joigny : les employ\u00e9s du magasin Lidl en gr\u00e8ve pour soutenir leur directeur licenci\u00e9<\/a> (France 3)<\/p>\n\n\n\n<p><a href=\"https:\/\/france3-regions.francetvinfo.fr\/grand-est\/bas-rhin\/strasbourg-0\/strasbourg-les-eboueurs-reprennent-le-travail-mais-attendent-une-revalorisation-salariale-2531376.html\">Strasbourg : les \u00e9boueurs reprennent le travail mais attendent une revalorisation salariale<\/a> (France 3)<\/p>\n\n\n\n<p><a href=\"https:\/\/www.revolutionpermanente.fr\/Appel-a-la-greve-pour-les-salaires-chez-le-sous-traitant-aeronautique-3A\">Appel \u00e0 la gr\u00e8ve pour les salaires chez le sous traitant a\u00e9ronautique 3A<\/a> (RP)<\/p>\n\n\n\n<p><strong><a href=\"https:\/\/www.letelegramme.fr\/morbihan\/lanester\/un-film-turc-projete-dans-les-docks-a-lanester-25-04-2022-13001132.php\">Un film turc&nbsp; [Grev]&nbsp; projet\u00e9 dans les Docks, \u00e0 Lanester<\/a> (Le T\u00e9l\u00e9gramme)<\/strong><\/p>\n\n\n\n<p><a href=\"https:\/\/www.ouest-france.fr\/economie\/retraites\/reforme-des-retraites-il-faudra-la-faire-estime-elisabeth-borne-737f6e86-c460-11ec-9bac-e092504fc1fc\">R\u00e9forme des retraites&nbsp;: \u00ab&nbsp;Il faudra la faire&nbsp;\u00bb, confirme&nbsp;\u00c9lisabeth Borne<\/a> (Ouest \u2013 France)<\/p>\n\n\n\n<p><a href=\"https:\/\/iaata.info\/Risque-d-expulsion-du-PUM-BAT-5281.html\">Risque d\u2019expulsion \u00e0 Toulouse du PUM BAT<\/a> (IAATA)<\/p>\n\n\n\n<figure class=\"wp-block-image size-full\"><img data-recalc-dims=\"1\" loading=\"lazy\" decoding=\"async\" width=\"355\" height=\"183\" src=\"https:\/\/i0.wp.com\/www.rdpemancipation.org\/wp-content\/uploads\/2022\/04\/image-141.png?resize=355%2C183&#038;ssl=1\" alt=\"\" class=\"wp-image-83185\" srcset=\"https:\/\/i0.wp.com\/www.rdpemancipation.org\/wp-content\/uploads\/2022\/04\/image-141.png?w=355&amp;ssl=1 355w, https:\/\/i0.wp.com\/www.rdpemancipation.org\/wp-content\/uploads\/2022\/04\/image-141.png?resize=300%2C155&amp;ssl=1 300w\" sizes=\"auto, (max-width: 355px) 100vw, 355px\" \/><\/figure>\n\n\n\n<p><a href=\"https:\/\/lepoing.net\/apres-lelection-de-macron-les-voies-dun-troisieme-tour-social-se-cherchent-a-montpellier\/\">Apr\u00e8s l\u2019\u00e9lection de Macron, les voies d\u2019un troisi\u00e8me tour social se cherchent \u00e0 Montpellier<\/a> (Le Poing)<\/p>\n\n\n\n<p><a href=\"https:\/\/lundi.am\/Les-ondes-de-France-Inter-piratees-au-moment-des-resultats-du-second-tour-de-l\">France-Inter pirat\u00e9e au moment des r\u00e9sultats du second tour Pr\u00e9sidentielles<\/a> (Lundi Matin)<\/p>\n\n\n\n<p><a href=\"https:\/\/lanticapitaliste.org\/actualite\/international\/declaration-de-la-campesina-30-ans-de-luttes-collectives-despoir-et-de\">D\u00e9claration de la Via Campesina : 30 ans de luttes collectives, d\u2019espoir et de solidarit\u00e9<\/a> (L\u2019Anticapitaliste)<\/p>\n\n\n\n<figure class=\"wp-block-image size-full\"><img data-recalc-dims=\"1\" loading=\"lazy\" decoding=\"async\" width=\"355\" height=\"125\" src=\"https:\/\/i0.wp.com\/www.rdpemancipation.org\/wp-content\/uploads\/2022\/04\/image-142.png?resize=355%2C125&#038;ssl=1\" alt=\"\" class=\"wp-image-83186\" srcset=\"https:\/\/i0.wp.com\/www.rdpemancipation.org\/wp-content\/uploads\/2022\/04\/image-142.png?w=355&amp;ssl=1 355w, https:\/\/i0.wp.com\/www.rdpemancipation.org\/wp-content\/uploads\/2022\/04\/image-142.png?resize=300%2C106&amp;ssl=1 300w\" sizes=\"auto, (max-width: 355px) 100vw, 355px\" \/><\/figure>\n\n\n\n<p><a href=\"https:\/\/lareleveetlapeste.fr\/trois-amis-protegent-20ha-de-terres-pour-creer-un-paradis-permacole\/\"><strong>Trois amis prot\u00e8gent 20ha de terres pour cr\u00e9er un paradis permacole<\/strong><\/a> (La Rel\u00e8ve et la Peste)<\/p>\n\n\n\n<p><strong>Monde<\/strong><\/p>\n\n\n\n<p><strong>Su\u00e8de<\/strong> &#8211; <a href=\"https:\/\/barrikade.info\/article\/5126\">Trois jours de militantisme ont \u00e9branl\u00e9 \u00e0 sa base la soci\u00e9t\u00e9 bourgeoise<\/a> (Barrikade)<\/p>\n\n\n\n<figure class=\"wp-block-image size-full\"><img data-recalc-dims=\"1\" loading=\"lazy\" decoding=\"async\" width=\"355\" height=\"201\" src=\"https:\/\/i0.wp.com\/www.rdpemancipation.org\/wp-content\/uploads\/2022\/04\/image-140.png?resize=355%2C201&#038;ssl=1\" alt=\"\" class=\"wp-image-83183\" srcset=\"https:\/\/i0.wp.com\/www.rdpemancipation.org\/wp-content\/uploads\/2022\/04\/image-140.png?w=355&amp;ssl=1 355w, https:\/\/i0.wp.com\/www.rdpemancipation.org\/wp-content\/uploads\/2022\/04\/image-140.png?resize=300%2C170&amp;ssl=1 300w\" sizes=\"auto, (max-width: 355px) 100vw, 355px\" \/><\/figure>\n\n\n\n<p><strong>USA<\/strong> &#8211; <a href=\"https:\/\/jacobinmag.com\/2022\/04\/amazon-union-staten-island-alu-chris-smalls-bernie-sanders-interview\">Les travailleurs derri\u00e8re le premier syndicat d\u2019Amazon expliquent comment ils l\u2019ont fait<\/a> (Jacobin)<\/p>\n\n\n\n<figure class=\"wp-block-image size-full\"><img data-recalc-dims=\"1\" loading=\"lazy\" decoding=\"async\" width=\"355\" height=\"231\" src=\"https:\/\/i0.wp.com\/www.rdpemancipation.org\/wp-content\/uploads\/2022\/04\/image-139.png?resize=355%2C231&#038;ssl=1\" alt=\"\" class=\"wp-image-83182\" srcset=\"https:\/\/i0.wp.com\/www.rdpemancipation.org\/wp-content\/uploads\/2022\/04\/image-139.png?w=355&amp;ssl=1 355w, https:\/\/i0.wp.com\/www.rdpemancipation.org\/wp-content\/uploads\/2022\/04\/image-139.png?resize=300%2C195&amp;ssl=1 300w\" sizes=\"auto, (max-width: 355px) 100vw, 355px\" \/><\/figure>\n\n\n\n<p><strong>USA<\/strong> &#8211; <a href=\"https:\/\/jacobinmag.com\/2022\/04\/alu-bernie-sanders-amazon-union-staten-island-address\">Bernie Sanders s\u2019est joint \u00e0 Jacobin pour saluer les organisateurs syndicaux d\u2019Amazon<\/a> (Jacobin)<\/p>\n\n\n\n<p><strong>Analyse<\/strong><\/p>\n\n\n\n<p><a href=\"https:\/\/paris-luttes.info\/anticiper-la-repression-judiciaire-15942\">Anticiper la r\u00e9pression apr\u00e8s les occupations des universit\u00e9s d\u2019avril 2022<\/a> (Paris-Luttes Info)<\/p>\n\n\n\n<p><a href=\"https:\/\/www.insee.fr\/fr\/statistiques\/6327641\">Pendant les confinements, une communication intense pour les 18 ans et plus<\/a> (INSEE)<\/p>\n\n\n\n<p><a href=\"https:\/\/elucid.media\/politique\/le-grand-bond-en-arriere-serge-halimi\">Le grand bond en arri\u00e8re \u2013 Serge Halimi <\/a>&nbsp;(Elucid)<\/p>\n\n\n\n<p><strong><mark style=\"background-color:rgba(0, 0, 0, 0);color:#f30303\" class=\"has-inline-color\">25 avril en continu<\/mark><\/strong><\/p>\n\n\n\n<p><strong><a href=\"https:\/\/www.facebook.com\/luttesinvisibles\" title=\"Mobilisations du jour\">Mobilisations du jour<\/a> (Luttes Invisibles)<\/strong>6<\/p>\n\n\n\n<p><a href=\"https:\/\/www.agoravox.fr\/actualites\/politique\/article\/recul-de-l-age-de-depart-a-la-241140\">Recul de l\u2019\u00e2ge de d\u00e9part \u00e0 la retraite&nbsp;: un d\u00e9bat biais\u00e9&nbsp;!<\/a> (Agoravox)<\/p>\n\n\n\n<figure class=\"wp-block-image size-full\"><img data-recalc-dims=\"1\" loading=\"lazy\" decoding=\"async\" width=\"425\" height=\"400\" src=\"https:\/\/i0.wp.com\/www.rdpemancipation.org\/wp-content\/uploads\/2022\/04\/image-134.png?resize=425%2C400&#038;ssl=1\" alt=\"\" class=\"wp-image-83025\" srcset=\"https:\/\/i0.wp.com\/www.rdpemancipation.org\/wp-content\/uploads\/2022\/04\/image-134.png?w=425&amp;ssl=1 425w, https:\/\/i0.wp.com\/www.rdpemancipation.org\/wp-content\/uploads\/2022\/04\/image-134.png?resize=300%2C282&amp;ssl=1 300w\" sizes=\"auto, (max-width: 425px) 100vw, 425px\" \/><\/figure>\n\n\n\n<p><a href=\"https:\/\/www.research.natixis.com\/Site\/en\/publication\/fCqHCDDt-Ue7bQMOWGAWKdQDiXqUXpraXAWcq1l6_pY%3D?from=email\">Le probl\u00e8me de pouvoir d\u2019achat va devenir tr\u00e8s grave<\/a> &nbsp;(Natixis)<\/p>\n\n\n\n<p><a href=\"https:\/\/www.humanite.fr\/social-eco\/fonderie-sam\/la-sam-150-jours-d-une-lutte-decisive-747520\">A la SAM, 150 jours d\u2019une lutte d\u00e9cisive<\/a> (L\u2019Humanit\u00e9)<\/p>\n\n\n\n<p><a href=\"https:\/\/www.humanite.fr\/social-eco\/sncf\/rail-la-securite-toujours-quai-747754\">Rail : la s\u00e9curit\u00e9 toujours \u00e0 quai <\/a>(L\u2019Humanit\u00e9)<\/p>\n\n\n\n<p><a href=\"https:\/\/www.humanite.fr\/social-eco\/odieuse-discrimination-raciale-747739\">Odieuse discrimination raciale<\/a> (L\u2019Humanit\u00e9)<\/p>\n\n\n\n<p><a href=\"https:\/\/www.lindependant.fr\/2022\/04\/23\/port-la-nouvelle-le-personnel-greviste-de-lafarge-ne-desarme-pas-10254687.php\">Port-la Nouvelle : le personnel gr\u00e9viste de Lafarge ne d\u00e9sarme pas<\/a>&nbsp;(L&rsquo;Ind\u00e9pendant)<\/p>\n\n\n\n<p><a href=\"https:\/\/www.ouest-france.fr\/pays-de-la-loire\/laval-53000\/a-laval-les-syndicats-de-l-hopital-appellent-au-rassemblement-devant-le-tribunal-mercredi-46aceedc-c3ad-11ec-986e-afb59ec73cac\">\u00c0 Laval, les syndicats de l\u2019h\u00f4pital appellent au rassemblement devant le tribunal mercredi<\/a>&nbsp;(Ouest France)<\/p>\n\n\n\n<p><a href=\"https:\/\/www.lecho.be\/entreprises\/transport\/greve-chez-ryanair-les-syndicats-attendent-une-reponse-de-la-direction\/10382875.html\">Gr\u00e8ve chez Ryanair: les syndicats attendent une r\u00e9ponse de la direction<\/a>&nbsp;(Lecho)<\/p>\n\n\n\n<p><a href=\"https:\/\/www.lutte-ouvriere.org\/actualite\/echos\">La Poste, RENNES (35)&nbsp;:&nbsp; Ils sont o\u00f9 les millions&nbsp;?<\/a> (LO)<\/p>\n\n\n\n<p><a href=\"https:\/\/www.lutte-ouvriere.org\/actualite\/echos\">S\u00e9curit\u00e9 sociale Rennes (35)&nbsp;:&nbsp; Cynisme et fumist<\/a>erie (LO)<\/p>\n\n\n\n<figure class=\"wp-block-image size-full\"><img data-recalc-dims=\"1\" loading=\"lazy\" decoding=\"async\" width=\"425\" height=\"320\" src=\"https:\/\/i0.wp.com\/www.rdpemancipation.org\/wp-content\/uploads\/2022\/04\/image-135.png?resize=425%2C320&#038;ssl=1\" alt=\"\" class=\"wp-image-83028\" srcset=\"https:\/\/i0.wp.com\/www.rdpemancipation.org\/wp-content\/uploads\/2022\/04\/image-135.png?w=425&amp;ssl=1 425w, https:\/\/i0.wp.com\/www.rdpemancipation.org\/wp-content\/uploads\/2022\/04\/image-135.png?resize=300%2C226&amp;ssl=1 300w\" sizes=\"auto, (max-width: 425px) 100vw, 425px\" \/><\/figure>\n\n\n\n<p><strong><a href=\"https:\/\/www.lutte-ouvriere.org\/actualite\/echos\">Continental Rennes (35)&nbsp;:&nbsp; Une famille en or<\/a> (LO)<\/strong><\/p>\n\n\n\n<p><strong>Monde<\/strong><\/p>\n\n\n\n<p><a href=\"https:\/\/www.francetvinfo.fr\/monde\/europe\/eurozapping-les-salaries-belges-en-greve-contre-la-hausse-des-prix_5097898.html\">Eurozapping : les salari\u00e9s <\/a><strong>belges<\/strong><a href=\"https:\/\/www.francetvinfo.fr\/monde\/europe\/eurozapping-les-salaries-belges-en-greve-contre-la-hausse-des-prix_5097898.html\"> en gr\u00e8ve contre la hausse des prix <\/a>(France Info)<\/p>\n\n\n\n<p><strong>Montr\u00e9al<\/strong> &#8211; <a href=\"https:\/\/lactualite.com\/actualites\/les-syndiques-de-bombardier-refusent-loffre-patronale-et-menacent-dentrer-en-greve\/\">Les syndiqu\u00e9s de Bombardier refusent l\u2019offre patronale et menacent d\u2019entrer en&nbsp;gr\u00e8ve<\/a> (L\u2019actualit\u00e9)<\/p>\n\n\n\n<p><a href=\"https:\/\/www.nouvelles-du-monde.com\/des-employes-damazon-a-new-york-accusent-lentreprise-de-licenciements-en-represailles\/\">Des employ\u00e9s d\u2019Amazon \u00e0 <\/a><strong>New York<\/strong><a href=\"https:\/\/www.nouvelles-du-monde.com\/des-employes-damazon-a-new-york-accusent-lentreprise-de-licenciements-en-represailles\/\"> accusent l\u2019entreprise de licenciements repr\u00e9sailles<\/a>&nbsp;(Nouvelles du Monde)<\/p>\n\n\n\n<p><strong>S\u00e9n\u00e9gal<\/strong><a href=\"https:\/\/www.voaafrique.com\/a\/gr%C3%A8ve-g%C3%A9n%C3%A9rale-des-agents-de-la-sant%C3%A9-au-s%C3%A9n%C3%A9gal\/6540595.html\">. Gr\u00e8ve g\u00e9n\u00e9rale des agents de la sant\u00e9 au S\u00e9n\u00e9gal<\/a>&nbsp;(VOA Afrique)<\/p>\n\n\n\n<p><strong>USA<\/strong><a href=\"https:\/\/www.nouvelles-du-monde.com\/un-juge-du-conseil-du-travail-americain-ordonne-le-vote-des-syndicats-au-studio-activision\/\">. Un juge du conseil du travail ordonne le vote des syndicats au studio Activision<\/a>&nbsp;(Nouvelles du Monde)<\/p>\n\n\n\n<p><strong>Analyse<\/strong><\/p>\n\n\n\n<p><a href=\"https:\/\/www.observationsociete.fr\/revenus\/pauvrete\/comment-mesure-t-on-la-pauvrete-en-france\/\"><strong>Comment mesure-t-on la pauvret\u00e9 en France ?<\/strong> <\/a>&nbsp;(Centre d\u2019Observation de la Soci\u00e9t\u00e9)<\/p>\n\n\n\n<p><a href=\"file:\/\/\/C:\\Users\\ut\\Desktop\\EMANCIPATION\\Retraites%20:%20six%20choses%20\u00e0%20savoir%20pour%20comprendre%20le%20d\u00e9bat\">Retraites : six choses \u00e0 savoir pour comprendre le d\u00e9bat<\/a> (Alter Eco)<\/p>\n\n\n\n<p><strong><mark style=\"background-color:rgba(0, 0, 0, 0);color:#f30303\" class=\"has-inline-color\">24 avril en continu<\/mark><\/strong><\/p>\n\n\n\n<p><strong><a href=\"https:\/\/www.facebook.com\/luttesinvisibles\" title=\"Mobilisations du jour\">Mobilisations du jour<\/a> (Luttes Invisibles)<\/strong><\/p>\n\n\n\n<p><a href=\"https:\/\/www.humanite.fr\/social-eco\/charivari\/stellantis-la-valeur-du-merite-n-plus-de-limites-746900\">Stellantis. La valeur du \u00ab\u2009\u2009m\u00e9rite\u2009\u2009\u00bb n\u2019a plus de limites<\/a> (L\u2019Humanit\u00e9)<\/p>\n\n\n\n<p><strong><a href=\"https:\/\/lareleveetlapeste.fr\/pays-basque-la-bataille-dhabitants-contre-bouygues-pour-sauver-37ha-de-terres-agricoles\/\">Pays Basque&nbsp;:<\/a> <a href=\"https:\/\/lareleveetlapeste.fr\/pays-basque-la-bataille-dhabitants-contre-bouygues-pour-sauver-37ha-de-terres-agricoles\/\">la bataille d\u2019habitants contre Bouygues pour sauver 3,7 ha de terres<\/a><\/strong><a href=\"https:\/\/lareleveetlapeste.fr\/pays-basque-la-bataille-dhabitants-contre-bouygues-pour-sauver-37ha-de-terres-agricoles\/\"> <\/a>&nbsp;(La Rel\u00e8ve et la Peste)<\/p>\n\n\n\n<p><a href=\"https:\/\/www.lamule.media\/2022\/04\/21\/le-collectif-stop-bollore-fait-un-tour-de-france-et-passe-par-montpellier\/\">Le collectif Stop Bollor\u00e9 passe par Montpellier<\/a> (la Mule)<\/p>\n\n\n\n<figure class=\"wp-block-image size-full\"><img data-recalc-dims=\"1\" loading=\"lazy\" decoding=\"async\" width=\"416\" height=\"346\" src=\"https:\/\/i0.wp.com\/www.rdpemancipation.org\/wp-content\/uploads\/2022\/04\/image-127.png?resize=416%2C346&#038;ssl=1\" alt=\"\" class=\"wp-image-82888\" srcset=\"https:\/\/i0.wp.com\/www.rdpemancipation.org\/wp-content\/uploads\/2022\/04\/image-127.png?w=416&amp;ssl=1 416w, https:\/\/i0.wp.com\/www.rdpemancipation.org\/wp-content\/uploads\/2022\/04\/image-127.png?resize=300%2C250&amp;ssl=1 300w\" sizes=\"auto, (max-width: 416px) 100vw, 416px\" \/><\/figure>\n\n\n\n<p><a href=\"https:\/\/www.lutte-ouvriere.org\/actualite\/echos\">CHU Pontchaillou (35)&nbsp;:&nbsp; De l&rsquo;argent pour la sant\u00e9<\/a> (LO)<\/p>\n\n\n\n<figure class=\"wp-block-image size-full\"><img data-recalc-dims=\"1\" loading=\"lazy\" decoding=\"async\" width=\"530\" height=\"398\" src=\"https:\/\/i0.wp.com\/www.rdpemancipation.org\/wp-content\/uploads\/2022\/04\/image-128.png?resize=530%2C398&#038;ssl=1\" alt=\"\" class=\"wp-image-82889\" srcset=\"https:\/\/i0.wp.com\/www.rdpemancipation.org\/wp-content\/uploads\/2022\/04\/image-128.png?w=530&amp;ssl=1 530w, https:\/\/i0.wp.com\/www.rdpemancipation.org\/wp-content\/uploads\/2022\/04\/image-128.png?resize=300%2C225&amp;ssl=1 300w\" sizes=\"auto, (max-width: 530px) 100vw, 530px\" \/><\/figure>\n\n\n\n<p><a href=\"https:\/\/www.lutte-ouvriere.org\/actualite\/echos\">PSA La Janais (35)&nbsp;:&nbsp; C&rsquo;est bien la moindre des choses<\/a> (LO)<\/p>\n\n\n\n<p><a href=\"https:\/\/www.lutte-ouvriere.org\/actualite\/echos\">COOPERL Lamballe (22)&nbsp;:&nbsp; Faire du fric au m\u00e9pris de la sant\u00e9<\/a> (LO)<\/p>\n\n\n\n<p><a href=\"https:\/\/www.leparisien.fr\/gironde-33\/bordeaux-en-greve-depuis-plus-de-six-mois-sos-medecins-ne-repond-plus-22-04-2022-UULN7DEQLJEY5JLGO3ZMZBLLGA.php\" target=\"_blank\" rel=\"noreferrer noopener\">Bordeaux : en gr\u00e8ve depuis plus de six mois, SOS M\u00e9decins ne r\u00e9pond plus<\/a>&nbsp;(Le Parisien)<\/p>\n\n\n\n<p><a href=\"https:\/\/www.leprogres.fr\/social\/2022\/04\/22\/les-grevistes-de-la-smad-decus-par-les-reponses-de-la-direction\" target=\"_blank\" rel=\"noreferrer noopener\">Savigny Les gr\u00e9vistes de la Smad d\u00e9\u00e7us par les r\u00e9ponses de la direction<\/a>&nbsp;(Le Progr\u00e8s)<\/p>\n\n\n\n<figure class=\"wp-block-image size-full\"><img data-recalc-dims=\"1\" loading=\"lazy\" decoding=\"async\" width=\"454\" height=\"229\" src=\"https:\/\/i0.wp.com\/www.rdpemancipation.org\/wp-content\/uploads\/2022\/04\/image-129.png?resize=454%2C229&#038;ssl=1\" alt=\"\" class=\"wp-image-82890\" srcset=\"https:\/\/i0.wp.com\/www.rdpemancipation.org\/wp-content\/uploads\/2022\/04\/image-129.png?w=454&amp;ssl=1 454w, https:\/\/i0.wp.com\/www.rdpemancipation.org\/wp-content\/uploads\/2022\/04\/image-129.png?resize=300%2C151&amp;ssl=1 300w\" sizes=\"auto, (max-width: 454px) 100vw, 454px\" \/><figcaption>Des \u00e9changes \u00ab&nbsp;vifs&nbsp;\u00bb ont eu lieu ce jeudi entre gr\u00e9vistes, direction et \u00e9lus apr\u00e8s qu\u2019une soixantaine de salari\u00e9s a d\u00e9cid\u00e9 de se rendre \u00e0 l\u2019\u00e9tage o\u00f9 avait lieu une r\u00e9union de la direction. Photo Progr\u00e8s\/ DR<\/figcaption><\/figure>\n\n\n\n<p><a href=\"https:\/\/france3-regions.francetvinfo.fr\/nouvelle-aquitaine\/gironde\/bordeaux\/chu-de-bordeaux-des-urgences-pediatriques-en-greve-et-au-bord-de-l-implosion-2529664.html\" target=\"_blank\" rel=\"noreferrer noopener\">CHU de Bordeaux : des urgences p\u00e9diatriques en gr\u00e8ve et au bord de l&rsquo;implosion<\/a>&nbsp;(France 3 R\u00e9gions)<br><br><a href=\"https:\/\/www.silicon.fr\/mouvement-social-capgemini-altran-436922.html\" target=\"_blank\" rel=\"noreferrer noopener\">Mouvement social chez Capgemini : et Altran ?<\/a>&nbsp;(Silicon)<br><br><a href=\"https:\/\/www.ledauphine.com\/social\/2022\/04\/23\/des-facteurs-en-greve-et-une-distribution-des-plis-electoraux-incertaine\" target=\"_blank\" rel=\"noreferrer noopener\">Bassin crestois. Des facteurs en gr\u00e8ve et une distribution des plis \u00e9lectoraux incertaine<\/a>&nbsp;(Le Dauphin\u00e9 Lib\u00e9r\u00e9)<br><br><a href=\"https:\/\/www.estrepublicain.fr\/social\/2022\/04\/22\/menace-sur-la-distribution-des-plis-electoraux\" target=\"_blank\" rel=\"noreferrer noopener\">Grand-Charmont. Menace sur la distribution des plis \u00e9lectoraux \u00e0 Montb\u00e9liard et alentour<\/a>&nbsp;(L&rsquo;Est R\u00e9pub.)<br><br><a href=\"https:\/\/www.charentelibre.fr\/charente\/grand-cognac\/cherves-richemont-reprise-du-travail-chez-placo-10683544.php\" target=\"_blank\" rel=\"noreferrer noopener\">Cherves-Richemont : reprise du travail chez Placo<\/a>&nbsp;(La Charente Libre)<br><br><a href=\"https:\/\/www.francebleu.fr\/infos\/sante-sciences\/une-aide-soignante-de-l-hopital-de-bourg-saint-andeol-en-greve-de-la-faim-1650645874\" target=\"_blank\" rel=\"noreferrer noopener\">Une aide-soignante de l&rsquo;h\u00f4pital de Bourg-Saint-And\u00e9ol en gr\u00e8ve de la faim<\/a>&nbsp;(France Bleu)<br><br><a href=\"https:\/\/www.ledauphine.com\/magazine-sante\/2022\/04\/23\/se-disant-accusee-a-tord-une-aide-soignante-avait-entame-une-greve-de-la-faim\" target=\"_blank\" rel=\"noreferrer noopener\">Ard\u00e8che. Se disant \u00ab accus\u00e9e \u00e0 tort \u00bb, une aide-soignante avait entam\u00e9 une gr\u00e8ve de la faim<\/a>&nbsp;(Dauph. Lib\u00e9r\u00e9)<br><br><a href=\"https:\/\/france3-regions.francetvinfo.fr\/grand-est\/bas-rhin\/strasbourg-0\/strasbourg-volotea-a-nouveau-en-greve-plusieurs-vols-annules-2530040.html\" target=\"_blank\" rel=\"noreferrer noopener\">Strasbourg : Volotea \u00e0 nouveau en gr\u00e8ve, plusieurs vols annul\u00e9s<\/a>&nbsp;(France 3 R\u00e9gions)<br><br><a href=\"https:\/\/www.revolutionpermanente.fr\/Greve-massive-des-aiguilleurs-SNCF-en-Occitanie-On-met-des-rustines-sur-une-situation-desastreuse\" target=\"_blank\" rel=\"noreferrer noopener\">Gr\u00e8ve des aiguilleurs en Occitanie : \u00ab\u00a0On met des rustines sur une situation d\u00e9sastreuse\u00a0\u00bb<\/a>&nbsp;(R\u00e9vol. Permanente)<br><br><a href=\"https:\/\/www.lavoixdunord.fr\/1170238\/article\/2022-04-23\/gravelines-vers-une-liquidation-judiciaire-de-la-conciergerie-maeliss\" target=\"_blank\" rel=\"noreferrer noopener\">Gravelines: vers une liquidation judiciaire de la conciergerie Maeliss?&nbsp;<\/a>(La Voix du Nord)<\/p>\n\n\n\n<p><strong>Monde<\/strong><\/p>\n\n\n\n<p><strong>Roumanie &#8211; <a href=\"https:\/\/jacobinmag.com\/2022\/04\/romania-four-day-workweek-ten-hour-workday\">Nous voulons des week-ends plus longs, mais pas des jours de travail plus longs<\/a><\/strong> (Jacobin)<\/p>\n\n\n\n<p><strong>Russie<\/strong> &#8211; <a href=\"http:\/\/alencontre.org\/europe\/russie\/russie-vous-avez-trahi-la-mere-patrie-des-russes-sont-licencies-pour-setre-exprimes-contre-la-guerre.html\">\u00abVous avez trahi\u00bb: des Russes licenci\u00e9s pour s\u2019\u00eatre exprim\u00e9s contre la guerre<\/a> (A L\u2019Encontre)<\/p>\n\n\n\n<figure class=\"wp-block-image size-full\"><img data-recalc-dims=\"1\" loading=\"lazy\" decoding=\"async\" width=\"412\" height=\"276\" src=\"https:\/\/i0.wp.com\/www.rdpemancipation.org\/wp-content\/uploads\/2022\/04\/image-130.png?resize=412%2C276&#038;ssl=1\" alt=\"\" class=\"wp-image-82891\" srcset=\"https:\/\/i0.wp.com\/www.rdpemancipation.org\/wp-content\/uploads\/2022\/04\/image-130.png?w=412&amp;ssl=1 412w, https:\/\/i0.wp.com\/www.rdpemancipation.org\/wp-content\/uploads\/2022\/04\/image-130.png?resize=300%2C201&amp;ssl=1 300w\" sizes=\"auto, (max-width: 412px) 100vw, 412px\" \/><\/figure>\n\n\n\n<p><strong>Analyse<\/strong><\/p>\n\n\n\n<p><a href=\"https:\/\/la-bas.org\/la-bas-magazine\/reportages\/les-elections-quelles-elections-la-jeunesse-elle-en-dit-quoi-integrale\">Les \u00e9lections&nbsp;? Quelles \u00e9lections&nbsp;? La jeunesse elle en dit quoi&nbsp;? [INT\u00c9GRALE]<\/a> (L\u00e0-bas si j\u2019y suis)<\/p>\n\n\n\n<p><a href=\"https:\/\/www.contretemps.eu\/greves-conflits-travail-france-1\/\">Gr\u00e8ves et conflictualit\u00e9 au travail en France (1)&nbsp;: Des conflits plus rares et plus violents ?<\/a> (Contretemps)<\/p>\n\n\n\n<figure class=\"wp-block-image size-full\"><img data-recalc-dims=\"1\" loading=\"lazy\" decoding=\"async\" width=\"423\" height=\"232\" src=\"https:\/\/i0.wp.com\/www.rdpemancipation.org\/wp-content\/uploads\/2022\/04\/image-131.png?resize=423%2C232&#038;ssl=1\" alt=\"\" class=\"wp-image-82892\" srcset=\"https:\/\/i0.wp.com\/www.rdpemancipation.org\/wp-content\/uploads\/2022\/04\/image-131.png?w=423&amp;ssl=1 423w, https:\/\/i0.wp.com\/www.rdpemancipation.org\/wp-content\/uploads\/2022\/04\/image-131.png?resize=300%2C165&amp;ssl=1 300w\" sizes=\"auto, (max-width: 423px) 100vw, 423px\" \/><\/figure>\n\n\n\n<p><strong><mark style=\"background-color:rgba(0, 0, 0, 0);color:#f30303\" class=\"has-inline-color\">23 avril en continu<\/mark><\/strong><\/p>\n\n\n\n<figure class=\"wp-block-image size-full\"><img data-recalc-dims=\"1\" loading=\"lazy\" decoding=\"async\" width=\"422\" height=\"283\" src=\"https:\/\/i0.wp.com\/www.rdpemancipation.org\/wp-content\/uploads\/2022\/04\/image-118.png?resize=422%2C283&#038;ssl=1\" alt=\"\" class=\"wp-image-82737\" srcset=\"https:\/\/i0.wp.com\/www.rdpemancipation.org\/wp-content\/uploads\/2022\/04\/image-118.png?w=422&amp;ssl=1 422w, https:\/\/i0.wp.com\/www.rdpemancipation.org\/wp-content\/uploads\/2022\/04\/image-118.png?resize=300%2C201&amp;ssl=1 300w\" sizes=\"auto, (max-width: 422px) 100vw, 422px\" \/><\/figure>\n\n\n\n<p><a href=\"https:\/\/48fm.org\/infos-locales\/les-salaries-darcelormitall-en-greve-depuis-trois-semaines\/\" target=\"_blank\" rel=\"noreferrer noopener\"><strong>Les salari\u00e9s d\u2019ArcelorMitall en gr\u00e8ve depuis trois semaines<\/strong><\/a>&nbsp;(48fm)<\/p>\n\n\n\n<figure class=\"wp-block-image size-full\"><img data-recalc-dims=\"1\" loading=\"lazy\" decoding=\"async\" width=\"426\" height=\"215\" src=\"https:\/\/i0.wp.com\/www.rdpemancipation.org\/wp-content\/uploads\/2022\/04\/image-119-1.png?resize=426%2C215&#038;ssl=1\" alt=\"\" class=\"wp-image-82746\" srcset=\"https:\/\/i0.wp.com\/www.rdpemancipation.org\/wp-content\/uploads\/2022\/04\/image-119-1.png?w=426&amp;ssl=1 426w, https:\/\/i0.wp.com\/www.rdpemancipation.org\/wp-content\/uploads\/2022\/04\/image-119-1.png?resize=300%2C151&amp;ssl=1 300w\" sizes=\"auto, (max-width: 426px) 100vw, 426px\" \/><\/figure>\n\n\n\n<p><a href=\"https:\/\/twitter.com\/CFDTSuezRVE\/status\/1517419351598673920\" target=\"_blank\" rel=\"noreferrer noopener\">3\u00e8me jour de greve pour les salari\u00e9s des incin\u00e9rateurs d&rsquo;Ocreal et Vedene<\/a>&nbsp;(Twitter)<br><br><a href=\"https:\/\/france3-regions.francetvinfo.fr\/occitanie\/lot\/des-salaries-de-scopelec-seront-recus-lors-de-la-visite-d-emmanuel-macron-a-figeac-2529404.html\" target=\"_blank\" rel=\"noreferrer noopener\">Des salari\u00e9s de Scopelec seront re\u00e7us lors de la visite d&rsquo;Emmanuel Macron \u00e0 Figeac<\/a>&nbsp;(France 3 R\u00e9gions)<br><br><a href=\"https:\/\/france3-regions.francetvinfo.fr\/occitanie\/haute-garonne\/toulouse\/greve-a-la-sncf-le-trafic-tres-perturbe-ce-vendredi-en-gare-de-toulouse-matabiau-2529316.html\" target=\"_blank\" rel=\"noreferrer noopener\">Gr\u00e8ve \u00e0 la SNCF : le trafic tr\u00e8s perturb\u00e9 ce vendredi en gare de Toulouse Matabiau<\/a>&nbsp;(France 3 R\u00e9gions)<br><br><a href=\"https:\/\/france3-regions.francetvinfo.fr\/grand-est\/alsace\/presidentielle-2022-greve-de-certains-facteurs-alsaciens-pour-reclamer-une-prime-de-distribution-du-courrier-electoral-2529488.html\" target=\"_blank\" rel=\"noreferrer noopener\">Gr\u00e8ve de facteurs alsaciens pour r\u00e9clamer une prime de distribution du courrier \u00e9lectoral<\/a>&nbsp;(France 3 R\u00e9gions)<br><br><a href=\"https:\/\/www.letelegramme.fr\/finistere\/brest\/la-fusion-de-la-traumatologie-et-la-rhumatologie-contestee-au-chru-de-brest-21-04-2022-12996441.php\" target=\"_blank\" rel=\"noreferrer noopener\">La fusion de la traumatologie et la rhumatologie contest\u00e9e au CHRU de Brest<\/a>&nbsp;(Le T\u00e9l\u00e9gramme)<br><br><a href=\"https:\/\/actu.fr\/bretagne\/fougeres_35115\/greve-des-agents-de-fougeres-quel-impact-dans-les-ecoles_50410730.html\" target=\"_blank\" rel=\"noreferrer noopener\">Gr\u00e8ve des agents de Foug\u00e8res : quel impact dans les \u00e9coles ?<\/a>&nbsp;(<a href=\"http:\/\/actu.fr\/\" target=\"_blank\" rel=\"noreferrer noopener\">actu.fr<\/a>)<br><br><a href=\"https:\/\/www.ledauphine.com\/social\/2022\/04\/22\/la-poste-une-greve-des-facteurs-perturbe-la-distribution-des-plis-electoraux\" target=\"_blank\" rel=\"noreferrer noopener\">Crest. La Poste : une gr\u00e8ve des facteurs perturbe la distribution des plis \u00e9lectoraux<\/a>&nbsp;(Le Dauphin\u00e9 Lib\u00e9r\u00e9)<\/p>\n\n\n\n<p><a href=\"https:\/\/www.lanouvellerepublique.fr\/chateauroux\/greve-a-la-sncf-le-trafic-ferroviaire-fortement-perturbe-dans-l-indre\" target=\"_blank\" rel=\"noreferrer noopener\">Gr\u00e8ve \u00e0 la SNCF, le trafic ferroviaire fortement perturb\u00e9 dans l&rsquo;Indre<\/a>&nbsp;(La Nouvelle R\u00e9publique)<br><br><a href=\"https:\/\/www.ouest-france.fr\/bretagne\/quimper-29000\/quimper-vers-une-sixieme-semaine-de-greve-des-maitres-nageurs-cours-perturbes-dans-les-piscines-709bb340-c236-11ec-8354-a3eae9d49420\" target=\"_blank\" rel=\"noreferrer noopener\">Quimper. Vers une sixi\u00e8me semaine de gr\u00e8ve des ma\u00eetres-nageurs<\/a>&nbsp;(Ouest France)<\/p>\n\n\n\n<p><br><a href=\"https:\/\/la1ere.francetvinfo.fr\/guadeloupe\/petit-canal-malaise-au-centre-social-1275372.html\" target=\"_blank\" rel=\"noreferrer noopener\">Guadeloupe. Petit-Canal : malaise au centre social<\/a>&nbsp;(<a href=\"http:\/\/francetvinfo.fr\/\" target=\"_blank\" rel=\"noreferrer noopener\">francetvinfo.fr<\/a>)<\/p>\n\n\n\n<p><a href=\"https:\/\/www.infolibertaire.net\/linspection-du-travail-refuse-le-troisieme-licenciement-dhella-kherief\/\" target=\"_blank\" rel=\"noreferrer noopener\">Al\u00e8s. L\u2019inspection du travail refuse le troisi\u00e8me licenciement d\u2019Hella Kherief<\/a>&nbsp;(<a href=\"http:\/\/infolibertaire.net\/\" target=\"_blank\" rel=\"noreferrer noopener\">infoLibertaire.net<\/a>)<br><br><a href=\"https:\/\/actu.fr\/societe\/aveyron-les-anciens-salaries-de-la-sam-vont-stopper-l-occupation-de-l-usine_50392118.html\" target=\"_blank\" rel=\"noreferrer noopener\">Aveyron. Les anciens salari\u00e9s de la Sam vont stopper l&rsquo;occupation de l&rsquo;usine<\/a>&nbsp;(<a href=\"http:\/\/actu.fr\/\" target=\"_blank\" rel=\"noreferrer noopener\">actu.fr<\/a>)<br><br><a href=\"https:\/\/france3-regions.francetvinfo.fr\/nouvelle-aquitaine\/gironde\/bordeaux\/chu-de-bordeaux-des-urgences-pediatriques-en-greve-et-au-bord-de-l-implosion-2529664.html\" target=\"_blank\" rel=\"noreferrer noopener\">CHU de Bordeaux : des urgences p\u00e9diatriques en gr\u00e8ve et au bord de l&rsquo;implosion<\/a>&nbsp;(France 3 R\u00e9gions)<br><br><a href=\"https:\/\/www.lesechos.fr\/pme-regions\/ile-de-france\/val-doise-plus-de-100-jours-de-greve-a-lehpad-du-chateau-de-neuville-1402439\" target=\"_blank\" rel=\"noreferrer noopener\">Val-d&rsquo;Oise : plus de 100 jours de gr\u00e8ve \u00e0 l&rsquo;Ehpad du ch\u00e2teau de Neuville<\/a>&nbsp;(Les Echos)<\/p>\n\n\n\n<p><a href=\"https:\/\/renverse.co\/infos-locales\/article\/les-soulevements-de-la-terre-programme-de-la-saison-3-3514\">Les Soul\u00e8vements de la Terre&nbsp;: programme de la saison 3<\/a> (Renvers\u00e9)<\/p>\n\n\n\n<p><a href=\"https:\/\/lanticapitaliste.org\/actualite\/entreprises\/tavares-stellantis-le-salaire-de-la-colere\">Tavares (Stellantis)\u2009: le salaire de la col\u00e8re<\/a> (L\u2019Anticapitaliste)<\/p>\n\n\n\n<figure class=\"wp-block-image size-full\"><img data-recalc-dims=\"1\" loading=\"lazy\" decoding=\"async\" width=\"422\" height=\"283\" src=\"https:\/\/i0.wp.com\/www.rdpemancipation.org\/wp-content\/uploads\/2022\/04\/image-120.png?resize=422%2C283&#038;ssl=1\" alt=\"\" class=\"wp-image-82741\" srcset=\"https:\/\/i0.wp.com\/www.rdpemancipation.org\/wp-content\/uploads\/2022\/04\/image-120.png?w=422&amp;ssl=1 422w, https:\/\/i0.wp.com\/www.rdpemancipation.org\/wp-content\/uploads\/2022\/04\/image-120.png?resize=300%2C201&amp;ssl=1 300w\" sizes=\"auto, (max-width: 422px) 100vw, 422px\" \/><\/figure>\n\n\n\n<p><a href=\"https:\/\/www.insee.fr\/fr\/statistiques\/6324185\">La consommation des m\u00e9nages en biens se redresse l\u00e9g\u00e8rement en f\u00e9vrier (+0,8&nbsp;%)<\/a> (INSEE)<\/p>\n\n\n\n<p><a href=\"https:\/\/www.insee.fr\/fr\/statistiques\/6434516\">En mars&nbsp;2022, les prix \u00e0 la consommation augmentent de 1,4&nbsp;% sur un mois et de 4,5&nbsp;% sur un an<\/a> (INSEE)<\/p>\n\n\n\n<p><strong>Monde<\/strong><\/p>\n\n\n\n<p><strong>Espagne<\/strong> &#8211; <a href=\"https:\/\/www.elsaltodiario.com\/accidentes-laborales\/705-personas-murieron-en-el-trabajo-en-2021\">705 personnes sont mortes au travail en 2021<\/a> (Esp. \u2013 El Salto)<\/p>\n\n\n\n<figure class=\"wp-block-image size-full\"><img data-recalc-dims=\"1\" loading=\"lazy\" decoding=\"async\" width=\"421\" height=\"242\" src=\"https:\/\/i0.wp.com\/www.rdpemancipation.org\/wp-content\/uploads\/2022\/04\/image-121.png?resize=421%2C242&#038;ssl=1\" alt=\"\" class=\"wp-image-82743\" srcset=\"https:\/\/i0.wp.com\/www.rdpemancipation.org\/wp-content\/uploads\/2022\/04\/image-121.png?w=421&amp;ssl=1 421w, https:\/\/i0.wp.com\/www.rdpemancipation.org\/wp-content\/uploads\/2022\/04\/image-121.png?resize=300%2C172&amp;ssl=1 300w\" sizes=\"auto, (max-width: 421px) 100vw, 421px\" \/><\/figure>\n\n\n\n<p><strong>Espagne<\/strong> &#8211; Pour l\u2019augmentation des salaires et de l\u2019aide sociale (Esp. \u2013 Rebelion)<\/p>\n\n\n\n<p><strong>Analyse<\/strong><\/p>\n\n\n\n<p><a href=\"https:\/\/bam.news\/politique\/le-monde\/inquietant-precedent-au-canada-test-sur-le-controle-numerique-de-la-population\"><strong>Inqui\u00e9tant pr\u00e9c\u00e9dent au Canada : test sur le contr\u00f4le num\u00e9rique de la population<\/strong><\/a> (BAM)<\/p>\n\n\n\n<p><strong><mark style=\"background-color:rgba(0, 0, 0, 0);color:#f30303\" class=\"has-inline-color\">22 avril en continu<\/mark><\/strong><\/p>\n\n\n\n<p><strong><a href=\"https:\/\/www.facebook.com\/luttesinvisibles\" title=\"Mobilisations du jour\">Mobilisations du jour<\/a> (Luttes Invisibles)<\/strong><\/p>\n\n\n\n<figure class=\"wp-block-image is-resized\"><img loading=\"lazy\" decoding=\"async\" src=\"https:\/\/scontent.fsti4-2.fna.fbcdn.net\/v\/t39.30808-6\/278986205_464349832132861_4841757609313988560_n.jpg?stp=dst-jpg_p526x296&amp;_nc_cat=102&amp;ccb=1-5&amp;_nc_sid=8bfeb9&amp;_nc_ohc=hBU6jsz8WrUAX_KuFHm&amp;tn=bQgm1kcwgHAF-st9&amp;_nc_ht=scontent.fsti4-2.fna&amp;oh=00_AT_MKPShpe1doFOyWLI0CRvtcAD7aCiGLzORKPfT_wxhoQ&amp;oe=6266B733\" alt=\"Peut \u00eatre une image de 2 personnes, personnes debout et texte qui dit \u2019amazon 0000 Y DOSSIER LOGISTIQUE SITES 'Amazon France touch\u00e9s par une gr\u00e8ve pour les salaires Jug\u00e9e insuffisante, une proposition de la Direction 'Amazon France dans le cadre de la n\u00e9gociation des salaires provoqu\u00e9 le m\u00e9contentement des employ\u00e9s dont plus d'un millier ont d\u00e9bray\u00e9 entre dimanche et mardi, ont indiqu\u00e9 plu- sieurs d\u00e9l\u00e9gu\u00e9s syndicaux. VAIL cgt SIEURS VISAGES. LE V\u00c3TRE. SYNDIQUEZ\u2019\" width=\"323\" height=\"478\"\/><\/figure>\n\n\n\n<p><a href=\"https:\/\/www.humanite.fr\/social-eco\/cac-40\/453-smic-c-est-le-salaire-moyen-des-patrons-du-cac-40-du-jamais-vu-747394\">453 Smic : c&rsquo;est le salaire moyen des patrons du CAC 40&#8230; Du jamais-vu <\/a>(L\u2019Humanit\u00e9)<\/p>\n\n\n\n<p><a href=\"https:\/\/www.humanite.fr\/social-eco\/transport-aerien\/ryanair-vueling-et-volotea-pourquoi-les-greves-s-enchainent-chez-les-salaries-du-low-cost-747437\">Ryanair, Vueling et Volotea&#8230; Pourquoi les gr\u00e8ves s&rsquo;encha\u00eenent chez les salari\u00e9s du low cost<\/a> (L\u2019Humanit\u00e9)<\/p>\n\n\n\n<p><a href=\"https:\/\/www.revolutionpermanente.fr\/Hecatombe-aux-urgences-du-CHU-de-Bordeaux-selon-Sud-Sante-la-moitie-du-personnel-serait-sur-le\">H\u00e9catombe aux urgences du CHU de Bordeaux&nbsp;: la moiti\u00e9 du personnel serait sur le d\u00e9part<\/a> (RP)<\/p>\n\n\n\n<p><a href=\"file:\/\/\/C:\\Users\\ut\\Desktop\\EMANCIPATION\\Eurom\u00e9tropole%20de%20Strasbourg%20:%20%20Gr\u00e8ve%20des%20\u00e9boueurs\">Eurom\u00e9tropole de Strasbourg&nbsp;:&nbsp; Gr\u00e8ve des \u00e9boueurs<\/a> (LO)<\/p>\n\n\n\n<p><a href=\"https:\/\/www.miroirsocial.com\/participatif\/panorama-des-tensions-salariales-autour-des-negociations-annuelles-obligatoires-dans\">Panorama des tensions salariales autour des NAO dans l\u2019assurance<\/a> (Miroir Social)<\/p>\n\n\n\n<p><a href=\"https:\/\/www.lutte-ouvriere.org\/breves\/deliveroo-derriere-le-verdict-le-combat-collectif-281306.html\"><strong>Deliveroo&nbsp;: derri\u00e8re le verdict, le combat collectif<\/strong><\/a> (LO)<\/p>\n\n\n\n<figure class=\"wp-block-image size-full\"><img data-recalc-dims=\"1\" loading=\"lazy\" decoding=\"async\" width=\"356\" height=\"268\" src=\"https:\/\/i0.wp.com\/www.rdpemancipation.org\/wp-content\/uploads\/2022\/04\/image-112.png?resize=356%2C268&#038;ssl=1\" alt=\"\" class=\"wp-image-82554\" srcset=\"https:\/\/i0.wp.com\/www.rdpemancipation.org\/wp-content\/uploads\/2022\/04\/image-112.png?w=356&amp;ssl=1 356w, https:\/\/i0.wp.com\/www.rdpemancipation.org\/wp-content\/uploads\/2022\/04\/image-112.png?resize=300%2C226&amp;ssl=1 300w\" sizes=\"auto, (max-width: 356px) 100vw, 356px\" \/><\/figure>\n\n\n\n<p><a href=\"https:\/\/www.miroirsocial.com\/index.php\/participatif\/mon-licenciement-discriminatoire-de-2016-nest-toujours-pas-juge-aux-prudhommes\">Mon licenciement discriminatoire de 2016 n&rsquo;est toujours pas jug\u00e9 aux prud&rsquo;hommes<\/a> (Miroir Social)<\/p>\n\n\n\n<p><strong><a href=\"https:\/\/www.inegalites.fr\/Le-travailleur-de-la-logistique-l-ouvrier-des-temps-modernes-entretien-avec-le\">\u00ab&nbsp;Le travailleur de la logistique, ouvrier des temps modernes&nbsp;\u00bb<\/a> <\/strong>(Observatoire des In\u00e9galit\u00e9s)<\/p>\n\n\n\n<figure class=\"wp-block-image size-full\"><img data-recalc-dims=\"1\" loading=\"lazy\" decoding=\"async\" width=\"361\" height=\"224\" src=\"https:\/\/i0.wp.com\/www.rdpemancipation.org\/wp-content\/uploads\/2022\/04\/image-113.png?resize=361%2C224&#038;ssl=1\" alt=\"\" class=\"wp-image-82557\" srcset=\"https:\/\/i0.wp.com\/www.rdpemancipation.org\/wp-content\/uploads\/2022\/04\/image-113.png?w=361&amp;ssl=1 361w, https:\/\/i0.wp.com\/www.rdpemancipation.org\/wp-content\/uploads\/2022\/04\/image-113.png?resize=300%2C186&amp;ssl=1 300w\" sizes=\"auto, (max-width: 361px) 100vw, 361px\" \/><\/figure>\n\n\n\n<p><a href=\"https:\/\/www.nextinpact.com\/article\/68823\/cnes-greve-contre-contrat-dobsolescence-programmee-centre-spatial\" target=\"_blank\" rel=\"noreferrer noopener\">CNES : une gr\u00e8ve contre un \u00ab Contrat d\u2019obsolescence programm\u00e9e \u00bb du centre spatial<\/a>&nbsp;(Nextinpact)<br><br><a href=\"https:\/\/www.ouest-france.fr\/pays-de-la-loire\/campbon-44750\/campbon-les-salaries-candia-degoutes-devant-les-negociations-qui-n-avancent-pas-13ae19d8-c0d9-11ec-87ac-63a42ceb492e\" target=\"_blank\" rel=\"noreferrer noopener\">Campbon. Les salari\u00e9s Candia \u00ab d\u00e9go\u00fbt\u00e9s \u00bb devant les n\u00e9gociations qui n\u2019avancent pas<\/a>&nbsp;(Ouest France)<br><br><a href=\"https:\/\/www.infos-dijon.com\/news\/vie-locale\/vie-locale\/dijon-greve-a-la-clinique-des-rosiers.html\" target=\"_blank\" rel=\"noreferrer noopener\">Dijon : Gr\u00e8ve \u00e0 la clinique des Rosiers<\/a>&nbsp;(Infos Dijon)<br><br><a href=\"https:\/\/www.midilibre.fr\/2022\/04\/21\/les-facteurs-de-florac-et-des-cevennes-en-greve-illimitee-il-y-a-enormement-de-detresse-10248555.php\" target=\"_blank\" rel=\"noreferrer noopener\">Les facteurs de Florac et des C\u00e9vennes en gr\u00e8ve illimit\u00e9e : \u00ab\u00a0Il y a \u00e9norm\u00e9ment de d\u00e9tresse\u00a0\u00bb<\/a>&nbsp;(Midi Libre)<br><br><a href=\"https:\/\/www.laprovence.com\/actu\/en-direct\/6737311\/greve-des-agents-de-surete-a-laeroport-marseille-provence-demain.html\" target=\"_blank\" rel=\"noreferrer noopener\">Gr\u00e8ve des agents de s\u00fbret\u00e9 \u00e0 l&rsquo;a\u00e9roport Marseille-Provence demain<\/a>&nbsp;(La Provence)<br><br><a href=\"https:\/\/actu.fr\/normandie\/digulleville_50163\/la-hague-les-salaries-de-l-entreprise-acpp-signent-des-accords-a-contrecoeur_50368566.html\" target=\"_blank\" rel=\"noreferrer noopener\">La Hague : les salari\u00e9s de l&rsquo;entreprise ACPP signent des accords \u00e0 contrec\u0153ur<\/a>&nbsp;(<a href=\"http:\/\/actu.fr\/\" target=\"_blank\" rel=\"noreferrer noopener\">actu.fr<\/a>)<br><br><a href=\"https:\/\/actu.fr\/normandie\/digulleville_50163\/la-hague-les-salaries-de-l-entreprise-acpp-signent-des-accords-a-contrecoeur_50368566.html\" target=\"_blank\" rel=\"noreferrer noopener\">La Hague : les salari\u00e9s de l&rsquo;entreprise ACPP signent des accords \u00e0 contrec\u0153ur<\/a>&nbsp;(<a href=\"http:\/\/actu.fr\/\" target=\"_blank\" rel=\"noreferrer noopener\">actu.fr<\/a>)<br><br><a href=\"https:\/\/www.bfmtv.com\/economie\/entreprises\/transports\/volotea-nouvelle-greve-ce-week-end-nouveau-cauchemar-pour-les-clients_AN-202204210339.html\" target=\"_blank\" rel=\"noreferrer noopener\">Volotea: nouvelle gr\u00e8ve ce week-end, nouveau cauchemar pour les clients?<\/a>&nbsp;(BFMTV)<br><br><a href=\"https:\/\/www.tahiti-infos.com\/%E2%80%8BAu-moins-2-d-augmentation-du-Smig_a208695.html\" target=\"_blank\" rel=\"noreferrer noopener\">Tahiti. Au moins 2% d&rsquo;augmentation du Smig<\/a>&nbsp;(Tahiti Infos)<br><br><a href=\"https:\/\/www.francebleu.fr\/infos\/economie-social\/des-grevistes-remplaces-par-des-non-grevistes-la-compagnie-volotea-assignee-devant-le-tribunal-de-1650530478\" target=\"_blank\" rel=\"noreferrer noopener\">Des gr\u00e9vistes remplac\u00e9s par des non gr\u00e9vistes ? Volotea assign\u00e9e devant le tribunal de Nantes<\/a>&nbsp;(France Bleu)<br><br><a href=\"https:\/\/www.lavoixdunord.fr\/1169452\/article\/2022-04-21\/nouveau-mouvement-de-greve-chez-lear-feignies-les-salaires-en-ligne-de-mire\" target=\"_blank\" rel=\"noreferrer noopener\">Nouveau mouvement de gr\u00e8ve chez Lear Feignies, les salaires en ligne de mire<\/a>&nbsp;(La Voix du Nord)<br><br><a href=\"https:\/\/www.tourmag.com\/Corsair-apres-les-tensions-sociales-le-preavis-de-greve--%F0%9F%94%91_a113558.html\" target=\"_blank\" rel=\"noreferrer noopener\">Corsair : apr\u00e8s les tensions sociales, le pr\u00e9avis de gr\u00e8ve !<\/a>&nbsp;(TourMaG)<br><br><a href=\"https:\/\/www.sudouest.fr\/economie\/la-compagnie-aerienne-volotea-accusee-de-remplacer-des-salaries-grevistes-10674107.php\" target=\"_blank\" rel=\"noreferrer noopener\">La compagnie a\u00e9rienne Volotea accus\u00e9e de remplacer des salari\u00e9s gr\u00e9vistes<\/a>&nbsp;(Sud Ouest)<\/p>\n\n\n\n<figure class=\"wp-block-image size-full\"><img data-recalc-dims=\"1\" loading=\"lazy\" decoding=\"async\" width=\"364\" height=\"244\" src=\"https:\/\/i0.wp.com\/www.rdpemancipation.org\/wp-content\/uploads\/2022\/04\/image-115.png?resize=364%2C244&#038;ssl=1\" alt=\"\" class=\"wp-image-82568\" srcset=\"https:\/\/i0.wp.com\/www.rdpemancipation.org\/wp-content\/uploads\/2022\/04\/image-115.png?w=364&amp;ssl=1 364w, https:\/\/i0.wp.com\/www.rdpemancipation.org\/wp-content\/uploads\/2022\/04\/image-115.png?resize=300%2C201&amp;ssl=1 300w\" sizes=\"auto, (max-width: 364px) 100vw, 364px\" \/><figcaption>La direction espagnole de Volotea soup\u00e7onn\u00e9e d&rsquo;entrave au droit de gr\u00e8ve<\/figcaption><\/figure>\n\n\n\n<p><a href=\"https:\/\/www.lesoir.be\/437405\/article\/2022-04-21\/greve-de-trois-jours-chez-ryanair-quarante-vols-annules\" target=\"_blank\" rel=\"noreferrer noopener\">Gr\u00e8ve de trois jours chez Ryanair: quarante vols annul\u00e9s<\/a>&nbsp;(Le Soir)<br><br><a href=\"https:\/\/www.ledauphine.com\/social\/2022\/04\/21\/greve-au-centre-de-distribution-de-la-poste-l-entreprise-repond\" target=\"_blank\" rel=\"noreferrer noopener\">Maurienne. Gr\u00e8ve au centre de distribution de La Poste : l\u2019entreprise r\u00e9pond<\/a>&nbsp;(Le Dauphin\u00e9 Lib\u00e9r\u00e9)<br><br><a href=\"https:\/\/www.ouest-france.fr\/pays-de-la-loire\/nantes-44000\/greve-a-volotea-les-miserables-de-l-aerien-au-tribunal-7808fb56-c173-11ec-8a48-02f9bba22954\" target=\"_blank\" rel=\"noreferrer noopener\">Volotea. \u00ab Les mis\u00e9rables de l\u2019a\u00e9rien \u00bb au tribunal, pour entrave au droit de gr\u00e8ve<\/a>&nbsp;(Ouest France)<br><br><a href=\"https:\/\/www.letelegramme.fr\/ille-et-vilaine\/rennes\/a-rennes-les-sous-traitants-d-orange-voient-rouge-21-04-2022-12996376.php\" target=\"_blank\" rel=\"noreferrer noopener\">\u00c0 Rennes, les sous-traitants d\u2019Orange voient rouge<\/a>&nbsp;(Le T\u00e9l\u00e9gramme)<br><br><a href=\"https:\/\/actu.fr\/occitanie\/toulouse_31555\/mouvement-de-greve-a-la-sncf-un-vendredi-tres-perturbe-en-gare-de-toulouse-matabiau_50387048.html\" target=\"_blank\" rel=\"noreferrer noopener\">Mouvement de gr\u00e8ve \u00e0 la SNCF : un vendredi tr\u00e8s perturb\u00e9 en gare de Toulouse-Matabiau<\/a>&nbsp;(<a href=\"http:\/\/actu.fr\/\" target=\"_blank\" rel=\"noreferrer noopener\">actu.fr<\/a>)<\/p>\n\n\n\n<p><a href=\"https:\/\/lareleveetlapeste.fr\/le-mardi-26-avril-nous-reprendrons-le-pouvoir-localement\/\">\u00ab&nbsp;Le mardi 26 avril, nous reprendrons le pouvoir localement&nbsp;\u00bb<\/a> (La Rel\u00e8ve et la Peste)<\/p>\n\n\n\n<figure class=\"wp-block-image size-full\"><img data-recalc-dims=\"1\" loading=\"lazy\" decoding=\"async\" width=\"357\" height=\"240\" src=\"https:\/\/i0.wp.com\/www.rdpemancipation.org\/wp-content\/uploads\/2022\/04\/image-114.png?resize=357%2C240&#038;ssl=1\" alt=\"\" class=\"wp-image-82563\" srcset=\"https:\/\/i0.wp.com\/www.rdpemancipation.org\/wp-content\/uploads\/2022\/04\/image-114.png?w=357&amp;ssl=1 357w, https:\/\/i0.wp.com\/www.rdpemancipation.org\/wp-content\/uploads\/2022\/04\/image-114.png?resize=300%2C202&amp;ssl=1 300w\" sizes=\"auto, (max-width: 357px) 100vw, 357px\" \/><\/figure>\n\n\n\n<p><strong>Monde<\/strong><\/p>\n\n\n\n<p><strong>Royaume-Uni.<\/strong><a href=\"https:\/\/www.revolutionpermanente.fr\/Royaume-Uni-500-travailleurs-lancent-une-greve-pour-les-salaires-face-au-geant-pharmaceutique-GSK\"> 500 travailleurs lancent une gr\u00e8ve pour les salaires face au g\u00e9ant pharmaceutique GSK <\/a>(RP)<\/p>\n\n\n\n<p>USA &#8211; <a href=\"https:\/\/jacobinmag.com\/2022\/04\/amazon-union-busting-corporate-subsidies-government-state-labor-law\">L\u2019antisyndicalisme d\u2019Amazon est subventionn\u00e9 par le gouvernement<\/a> (Jacobin)<\/p>\n\n\n\n<p><a href=\"https:\/\/www.revolutionpermanente.fr\/Etat-Unis-75-des-americains-soutiendrait-la-syndicalisation-des-salaries-d-Amazon\">75% des am\u00e9ricains soutiennent la syndicalisation des salari\u00e9s d\u2019Amazon selon un sondage<\/a> (RP)<\/p>\n\n\n\n<p><strong><a href=\"https:\/\/www.npr.org\/2022\/04\/21\/1093976873\/apple-retail-employees-atlanta-cumberland-mall-first-to-unionize\" title=\"D\u00e9but de syndicalisation chez Apple-USA\">D\u00e9but de syndicalisation chez Apple-USA<\/a> (anglais -NOR)<\/strong><\/p>\n\n\n\n<p><strong>Analyse<\/strong><\/p>\n\n\n\n<p><a href=\"https:\/\/la-bas.org\/la-bas-magazine\/chroniques\/nous-ne-sommes-rien-soyons-tout-c-est-le-moment-de-chanter-l-internationale\">\u00ab&nbsp;Nous ne sommes rien, soyons tout&nbsp;!&nbsp;\u00bb C\u2019est le moment de chanter l\u2019Internationale&nbsp;!<\/a> (L\u00e0-bas si j\u2019y suis)<\/p>\n\n\n\n<p><a href=\"https:\/\/www.revue-ballast.fr\/second-tour-mondedelaculture-et-lutte-des-classes\/\">Monde de la culture et lutte des classes<\/a> (Ballast)<\/p>\n\n\n\n<p><strong><mark style=\"background-color:rgba(0, 0, 0, 0);color:#f30303\" class=\"has-inline-color\">21 avril en continu<\/mark><\/strong><\/p>\n\n\n\n<p><strong><a href=\"https:\/\/www.facebook.com\/luttesinvisibles\" title=\"Mobilisations du jour\">Mobilisations du jour<\/a> (Luttes Invisibles)<\/strong><\/p>\n\n\n\n<p><a href=\"https:\/\/www.humanite.fr\/social-eco\/medias\/infopro-digital-tarit-les-salaires-746969\" target=\"_blank\" rel=\"noreferrer noopener\">Infopro Digital tarit les salaires<\/a>&nbsp;(L&rsquo;Humanit\u00e9)<\/p>\n\n\n\n<p><a href=\"https:\/\/www.lamarseillaise.fr\/social\/le-conflit-des-agents-de-la-proprete-a-l-ars-s-enlise-MA10985696\" target=\"_blank\" rel=\"noreferrer noopener\">Le conflit des agents de la propret\u00e9 \u00e0 l\u2019ARS s\u2019enlise<\/a>&nbsp;(La Marseillaise)<\/p>\n\n\n\n<p><a href=\"https:\/\/www.rue89strasbourg.com\/les-eboueurs-strasbourgeois-prets-a-une-greve-longue-pour-obtenir-une-hausse-de-leur-salaire-232479\" target=\"_blank\" rel=\"noreferrer noopener\">Les \u00e9boueurs strasbourgeois pr\u00eats \u00e0 une gr\u00e8ve longue pour obtenir une hausse de leur salaire<\/a>&nbsp;(Rue89)<\/p>\n\n\n\n<p><a href=\"https:\/\/www.midilibre.fr\/2022\/04\/19\/montpellier-la-cite-scolaire-francoise-combes-plante-son-premier-piquet-de-greve-ce-mercredi-10245264.php\" target=\"_blank\" rel=\"noreferrer noopener\">Montpellier : la cit\u00e9 scolaire Fran\u00e7oise-Combes plante son premier piquet de gr\u00e8ve ce mercredi<\/a>&nbsp;(Midi Libre)<\/p>\n\n\n\n<p><a href=\"https:\/\/www.zinfos974.com\/Le-personnel-navigant-de-Corsair-declenche-un-preavis-de-greve_a181804.html\" target=\"_blank\" rel=\"noreferrer noopener\">La R\u00e9union. Le personnel navigant de Corsair d\u00e9clenche un pr\u00e9avis de gr\u00e8ve<\/a>&nbsp;(Zinfos 974)<\/p>\n\n\n\n<p><a href=\"https:\/\/www.20minutes.fr\/societe\/3274155-20220420-saint-nazaire-appel-debrayage-chantiers-atlantique-apres-grave-accident-travail\" target=\"_blank\" rel=\"noreferrer noopener\">Saint-Nazaire : Appel au d\u00e9brayage aux chantiers de l\u2019Atlantique apr\u00e8s un grave accident du travail<\/a>&nbsp;(20 Minutes)<\/p>\n\n\n\n<p><a href=\"https:\/\/www.ledauphine.com\/elections\/2022\/04\/20\/conflit-sur-la-distribution-de-la-propagande-electorale-la-poste-est-en-greve-jusqu-a-samedi-en-maurienne\" target=\"_blank\" rel=\"noreferrer noopener\">Distribution de la propagande \u00e9lectorale : La Poste est en gr\u00e8ve jusqu\u2019\u00e0 samedi<\/a>&nbsp;(Le Dauphin\u00e9 Lib\u00e9r\u00e9)<\/p>\n\n\n\n<p><a href=\"https:\/\/www.revolutionpermanente.fr\/Premiere-greve-depuis-2008-des-travailleurs-de-Capgemini-allons-les-soutenir-ce-jeudi\" target=\"_blank\" rel=\"noreferrer noopener\">Premi\u00e8re gr\u00e8ve depuis 2008 \u00e0 Capgemini : allons les soutenir ce jeudi !<\/a>&nbsp;(R\u00e9volution Permanente)<\/p>\n\n\n\n<p><a href=\"https:\/\/france3-regions.francetvinfo.fr\/paris-ile-de-france\/seine-saint-denis\/ecole-louis-pasteur-mobilisation-devant-le-ministere-de-l-education-nationale-en-soutien-aux-six-enseignants-mutes-d-office-2528392.html\" target=\"_blank\" rel=\"noreferrer noopener\">Ecole Louis Pasteur : Mobilisation en soutien aux six enseignants mut\u00e9s d&rsquo;office<\/a>&nbsp;(France 3 R\u00e9gions)<\/p>\n\n\n\n<p><a href=\"https:\/\/www.linfo.re\/la-reunion\/politique\/150-cdd-non-reconduits-on-regrette-et-on-denonce-l-attitude-de-la-region-denonce-le-syndicat-safptr\" target=\"_blank\" rel=\"noreferrer noopener\">La R\u00e9union. 150 CDD non reconduits : une plainte au p\u00e9nal sera d\u00e9pos\u00e9e<\/a>&nbsp;(linfo.re)<\/p>\n\n\n\n<p><a href=\"https:\/\/www.nordlittoral.fr\/142358\/article\/2022-04-20\/po-la-colere-pour-l-emploi-sur-les-rives-du-detroit\" target=\"_blank\" rel=\"noreferrer noopener\">P&amp;O: la col\u00e8re pour l\u2019emploi sur les rives du D\u00e9troit<\/a>&nbsp;(Nord Littoral)<\/p>\n\n\n\n<p><a href=\"https:\/\/actu.fr\/normandie\/rouen_76540\/greves-successives-fermeture-que-se-passe-t-il-a-la-piscine-guy-boissiere-de-rouen_50334372.html\" target=\"_blank\" rel=\"noreferrer noopener\">Gr\u00e8ves successives, fermeture&#8230; Que se passe-t-il \u00e0 la piscine Guy-Boissi\u00e8re de Rouen ?<\/a>&nbsp;(<a href=\"http:\/\/actu.fr\/\" target=\"_blank\" rel=\"noreferrer noopener\">actu.fr<\/a>)<\/p>\n\n\n\n<p><a href=\"https:\/\/www.revue-ballast.fr\/un-syndicat-chez-amazon-comment-la-gauche-doit-sancrer-dans-le-monde-du-travail\/\">Un syndicat chez Amazon&nbsp;: comment la gauche doit s\u2019ancrer dans le monde du travail<\/a> (Ballast)<\/p>\n\n\n\n<p><a href=\"https:\/\/lanticapitaliste.org\/actualite\/entreprises\/tavares-stellantis-le-salaire-de-la-colere\">Tavares (Stellantis)\u2009: le salaire de la col\u00e8re<\/a> (L\u2019Anticapitaliste)<\/p>\n\n\n\n<p><strong>Monde<\/strong><\/p>\n\n\n\n<p><strong>UK<\/strong><a href=\"https:\/\/trends.levif.be\/economie\/conflit-salarial-et-greve-en-vue-au-sein-du-geant-pharmaceutique-gsk\/article-news-1550931.html?cookie_check=1650474160\" target=\"_blank\" rel=\"noreferrer noopener\">. Conflit salarial et gr\u00e8ve en vue au sein du g\u00e9ant pharmaceutique GSK<\/a>&nbsp;(Trends)<\/p>\n\n\n\n<p><strong>Espagne &#8211; <\/strong><a href=\"https:\/\/rebelion.org\/por-el-incremento-de-salarios-y-ayudas-sociales\/\">Pour l\u2019augmentation des salaires et de l\u2019aide sociale<\/a><strong> <\/strong>(Esp. &#8211; Rebelion)<\/p>\n\n\n\n<p><a href=\"https:\/\/lanticapitaliste.org\/actualite\/international\/fnac-en-suisse-souriez-vous-serez-augmentes\">Fnac en <strong>Suisse\u2009<\/strong>: souriez, vous serez augment\u00e9s\u2009!<\/a> (L\u2019Anticapitaliste)<\/p>\n\n\n\n<p><strong>USA<\/strong> &#8211; <a href=\"https:\/\/jacobinmag.com\/2022\/04\/service-workers-biggest-companies-15-wages-dollar-general-mcdonalds-starbucks\">Les travailleurs des services des plus grandes entreprises ne gagnent pas 15 $ l\u2019heure<\/a> (Jacobin)<\/p>\n\n\n\n<p><strong>Analyse<\/strong><\/p>\n\n\n\n<p><a href=\"https:\/\/rebelion.org\/las-luchas-sociales-tienen-rostro-rebelde-y-cuerpo-de-poesia\/\">Les luttes sociales ont un visage rebelle et un corps de po\u00e9sie<\/a> (Esp &#8211; Rebelion)<\/p>\n\n\n\n<p><strong><mark style=\"background-color:rgba(0, 0, 0, 0);color:#f30303\" class=\"has-inline-color\">20 avril en continu<\/mark><\/strong><\/p>\n\n\n\n<p><a href=\"https:\/\/www.humanite.fr\/social-eco\/medias\/infopro-digital-tarit-les-salaires-746969\">Infopro Digital tarit les salaires <\/a>(L\u2019Humanit\u00e9)<\/p>\n\n\n\n<p><a href=\"https:\/\/www.humanite.fr\/social-eco\/uberisation-du-travail\/just-eat-veut-laisser-un-tiers-de-ses-livreurs-sur-le-bas-cote-746718\">Just Eat veut laisser un tiers de ses livreurs sur le bas-c\u00f4t\u00e9<\/a> (L\u2019humanit\u00e9)<\/p>\n\n\n\n<p><a href=\"https:\/\/www.humanite.fr\/social-eco\/deliveroo\/jugement-historique-contre-deliveroo-746966\">Jugement historique contre Deliveroo<\/a> (L\u2019Humanit\u00e9)<\/p>\n\n\n\n<p><a href=\"https:\/\/www.revolutionpermanente.fr\/Redynamiser-le-dialogue-social-les-directions-syndicales-au-chevet-de-Macron-en-plein-entre-deux\">\u00ab&nbsp;Redynamiser le dialogue social&nbsp;\u00bb&nbsp;: les directions syndicales au chevet de Macron<\/a> (RP)<\/p>\n\n\n\n<p><a href=\"https:\/\/www.nouvelobs.com\/election-presidentielle-2022\/20220419.OBS57340\/on-veut-un-troisieme-tour-social-des-centaines-de-lyceens-bloquent-leurs-etablissements-a-paris.html\">\u00ab On veut un troisi\u00e8me tour social \u00bb : des centaines de lyc\u00e9ens bloquent leurs \u00e9tablissements \u00e0 Paris<\/a> (L\u2019Obs)<\/p>\n\n\n\n<figure class=\"wp-block-image size-full\"><img data-recalc-dims=\"1\" loading=\"lazy\" decoding=\"async\" width=\"366\" height=\"179\" src=\"https:\/\/i0.wp.com\/www.rdpemancipation.org\/wp-content\/uploads\/2022\/04\/image-102.png?resize=366%2C179&#038;ssl=1\" alt=\"\" class=\"wp-image-82253\" srcset=\"https:\/\/i0.wp.com\/www.rdpemancipation.org\/wp-content\/uploads\/2022\/04\/image-102.png?w=366&amp;ssl=1 366w, https:\/\/i0.wp.com\/www.rdpemancipation.org\/wp-content\/uploads\/2022\/04\/image-102.png?resize=300%2C147&amp;ssl=1 300w\" sizes=\"auto, (max-width: 366px) 100vw, 366px\" \/><\/figure>\n\n\n\n<p><a href=\"https:\/\/jacobinmag.com\/2022\/04\/amazon-warehouse-staten-island-ldj5-union-drive\">Amazon&nbsp;: l\u2019entreprise essaie toutes les astuces du manuel antisyndical&nbsp;<\/a>(Jacobin)<\/p>\n\n\n\n<p><a href=\"https:\/\/jacobinmag.com\/2022\/04\/amazon-workers-injury-rates-warehouse-accidents-safety\">Travailler chez Amazon est dangereux pour votre sant\u00e9<\/a> (Jacobin)<\/p>\n\n\n\n<figure class=\"wp-block-image size-full\"><img data-recalc-dims=\"1\" loading=\"lazy\" decoding=\"async\" width=\"365\" height=\"275\" src=\"https:\/\/i0.wp.com\/www.rdpemancipation.org\/wp-content\/uploads\/2022\/04\/image-103.png?resize=365%2C275&#038;ssl=1\" alt=\"\" class=\"wp-image-82255\" srcset=\"https:\/\/i0.wp.com\/www.rdpemancipation.org\/wp-content\/uploads\/2022\/04\/image-103.png?w=365&amp;ssl=1 365w, https:\/\/i0.wp.com\/www.rdpemancipation.org\/wp-content\/uploads\/2022\/04\/image-103.png?resize=300%2C226&amp;ssl=1 300w\" sizes=\"auto, (max-width: 365px) 100vw, 365px\" \/><\/figure>\n\n\n\n<p><a href=\"https:\/\/www.lutte-ouvriere.org\/breves\/mets-de-lhuile-dans-les-profits-des-speculateurs-277732.html\"><strong>Tournesol&nbsp;: Mets de l&rsquo;huile&#8230; dans les profits des sp\u00e9culateurs<\/strong><\/a> (LO)<\/p>\n\n\n\n<p><a href=\"https:\/\/larochesuryon.maville.com\/actu\/actudet_-deliveroo-condamnee-a-une-amende-de-375-000-e-pour-travail-dissimule-_54135-5187414_actu.Htm\" target=\"_blank\" rel=\"noreferrer noopener\">Deliveroo condamn\u00e9e \u00e0 une amende de 375 000 \u20ac pour travail dissimul\u00e9<\/a>&nbsp;(Larochesuryon)<\/p>\n\n\n\n<p><a href=\"https:\/\/www.estrepublicain.fr\/economie\/2022\/04\/19\/greve-chez-l-equipementier-siedoubs-la-production-a-l-arret\" target=\"_blank\" rel=\"noreferrer noopener\">Montb\u00e9liard. Gr\u00e8ve chez l\u2019\u00e9quipementier Siedoubs : la production \u00e0 l\u2019arr\u00eat<\/a>&nbsp;(L&rsquo;Est R\u00e9publicain)<br><br><a href=\"https:\/\/www.ouest-france.fr\/pays-de-la-loire\/loire-atlantique\/preavis-de-greve-chez-veolia-industrie-a-l-usine-arcelor-basse-indre-a0821f00-bfe2-11ec-8a9b-dbc446233504\" target=\"_blank\" rel=\"noreferrer noopener\">Pr\u00e9avis de gr\u00e8ve chez Veolia industrie \u00e0 l\u2019usine Arcelor Basse Indre<\/a>&nbsp;(Ouest France)<br><br><a href=\"https:\/\/www.channelnews.fr\/les-nao-se-concluent-par-un-debrayage-chez-capgemini-113791\" target=\"_blank\" rel=\"noreferrer noopener\">Les NAO se concluent par un d\u00e9brayage chez Capgemini<\/a>&nbsp;(Channelnews)<\/p>\n\n\n\n<p><a href=\"https:\/\/labaule.maville.com\/actu\/actudet_-campbon.-l-usine-candia-est-bloquee-jusqu-a-nouvel-ordre-_dep-5186943_actu.Htm\" target=\"_blank\" rel=\"noreferrer noopener\">Campbon. L\u2019usine Candia est bloqu\u00e9e \u00ab jusqu\u2019\u00e0 nouvel ordre \u00bb<\/a>&nbsp;(Labaule)<br><br><a href=\"https:\/\/www.lavoixdunord.fr\/1168551\/article\/2022-04-19\/gravelines-les-salariees-de-la-conciergerie-maeliss-en-greve-depuis-ce-mardi\" target=\"_blank\" rel=\"noreferrer noopener\">Gravelines: les salari\u00e9es de la conciergerie Maeliss en gr\u00e8ve depuis ce mardi<\/a>&nbsp;(La Voix du Nord)<br><br><a href=\"https:\/\/actu.fr\/ile-de-france\/acheres_78005\/en-greve-les-professeurs-du-lycee-louise-weiss-d-acheres-demandent-plus-d-heures_50310471.html\" target=\"_blank\" rel=\"noreferrer noopener\">En gr\u00e8ve, les professeurs du lyc\u00e9e Louise-Weiss d&rsquo;Ach\u00e8res demandent plus d&rsquo;heures<\/a>&nbsp;(<a href=\"http:\/\/actu.fr\/\" target=\"_blank\" rel=\"noreferrer noopener\">actu.fr<\/a>)<\/p>\n\n\n\n<p><a href=\"https:\/\/www.lamanchelibre.fr\/actualite-990198-vire-normandie-les-agents-de-vire-normandie-ont-cesse-leur-mouvement-de-greve\" target=\"_blank\" rel=\"noreferrer noopener\">Vire Normandie. Les agents de Vire Normandie ont arr\u00eat\u00e9 la gr\u00e8ve<\/a>&nbsp;(La Manche Libre)<br><br><strong>Monde<\/strong><\/p>\n\n\n\n<p><a href=\"https:\/\/www.sudinfo.be\/id457088\/article\/2022-04-19\/namur-des-eleves-de-liata-partent-en-greve-contre-un-reglement-vestimentaire\" target=\"_blank\" rel=\"noreferrer noopener\"><strong>Belgique<\/strong> &#8211; Namur, \u00e0 l\u2019IATA, gr\u00e8ve contre un r\u00e8glement vestimentaire plus strict<\/a>&nbsp;(<a href=\"http:\/\/sudinfo.be\/\" target=\"_blank\" rel=\"noreferrer noopener\">Sudinfo.be<\/a>)<br><br><a href=\"https:\/\/www.mondialisation.ca\/les-travailleurs-de-la-sante-grecs-entament-une-greve-de-la-faim-nous-navons-pas-besoin-dun-passeport-pour-les-vaccins-pour-etre-libres\/5667349\" target=\"_blank\" rel=\"noreferrer noopener\"><strong>Gr\u00e8ce<\/strong> &#8211; Les travailleurs de la sant\u00e9 grecs entament une gr\u00e8ve de la faim<\/a>&nbsp;(Mondialisation)<br><br><a href=\"https:\/\/www.letemps.ch\/culture\/greve-chez-un-papetier-finlandais-sanctions-typographiques-lactualite-monde-livres\" target=\"_blank\" rel=\"noreferrer noopener\"><strong>Finlande<\/strong> &#8211; Gr\u00e8ve chez un papetier , sanctions typographiques: l&rsquo;actualit\u00e9 du monde des livres<\/a>&nbsp;(Letemps)<\/p>\n\n\n\n<p><strong><a href=\"http:\/\/www.apple.fr\">La plupart employ\u00e9s grandes firmes US de distribution ont salaires insuffisants pour vivre<\/a> (ang- Guardian)<\/strong><\/p>\n\n\n\n<p><a href=\"https:\/\/www.euractiv.fr\/section\/economie\/news\/usa-amazon-responsable-de-la-moitie-des-blessures-dans-les-entrepots-en-2021-selon-les-syndicats\/\">USA : Amazon responsable de la moiti\u00e9 des blessures dans les entrep\u00f4ts en 2021 selon les syndicats<\/a> (Euractiv)<\/p>\n\n\n\n<p><strong>Analyse<\/strong><\/p>\n\n\n\n<p><a href=\"https:\/\/www.inegalites.fr\/Les-immigres-frappes-par-la-pauvrete-et-les-bas-revenus\"><strong>Les immigr\u00e9s frapp\u00e9s par la pauvret\u00e9 et les bas revenus<\/strong><\/a> (Observatoire des In\u00e9galit\u00e9s)<\/p>\n\n\n\n<figure class=\"wp-block-image size-full\"><img data-recalc-dims=\"1\" loading=\"lazy\" decoding=\"async\" width=\"378\" height=\"334\" src=\"https:\/\/i0.wp.com\/www.rdpemancipation.org\/wp-content\/uploads\/2022\/04\/image-104.png?resize=378%2C334&#038;ssl=1\" alt=\"\" class=\"wp-image-82259\" srcset=\"https:\/\/i0.wp.com\/www.rdpemancipation.org\/wp-content\/uploads\/2022\/04\/image-104.png?w=378&amp;ssl=1 378w, https:\/\/i0.wp.com\/www.rdpemancipation.org\/wp-content\/uploads\/2022\/04\/image-104.png?resize=300%2C265&amp;ssl=1 300w\" sizes=\"auto, (max-width: 378px) 100vw, 378px\" \/><\/figure>\n\n\n\n<p><a href=\"https:\/\/jacobinmag.com\/2022\/04\/us-canadian-social-housing-affordability-ownership-speculation\">Nous avons besoin de logements sociaux, pas de logements abordables<\/a> (Jacobin)<\/p>\n\n\n\n<figure class=\"wp-block-image size-full\"><img data-recalc-dims=\"1\" loading=\"lazy\" decoding=\"async\" width=\"362\" height=\"244\" src=\"https:\/\/i0.wp.com\/www.rdpemancipation.org\/wp-content\/uploads\/2022\/04\/image-105.png?resize=362%2C244&#038;ssl=1\" alt=\"\" class=\"wp-image-82260\" srcset=\"https:\/\/i0.wp.com\/www.rdpemancipation.org\/wp-content\/uploads\/2022\/04\/image-105.png?w=362&amp;ssl=1 362w, https:\/\/i0.wp.com\/www.rdpemancipation.org\/wp-content\/uploads\/2022\/04\/image-105.png?resize=300%2C202&amp;ssl=1 300w\" sizes=\"auto, (max-width: 362px) 100vw, 362px\" \/><\/figure>\n\n\n\n<p><a href=\"https:\/\/jacobinmag.com\/2022\/04\/us-unions-weak-welfare-state-universal-programs-health-care\">Les syndicats doivent lutter pour un \u00c9tat-providence universel<\/a> (Jacobin)<\/p>\n\n\n\n<figure class=\"wp-block-image size-full\"><img data-recalc-dims=\"1\" loading=\"lazy\" decoding=\"async\" width=\"359\" height=\"241\" src=\"https:\/\/i0.wp.com\/www.rdpemancipation.org\/wp-content\/uploads\/2022\/04\/image-106.png?resize=359%2C241&#038;ssl=1\" alt=\"\" class=\"wp-image-82261\" srcset=\"https:\/\/i0.wp.com\/www.rdpemancipation.org\/wp-content\/uploads\/2022\/04\/image-106.png?w=359&amp;ssl=1 359w, https:\/\/i0.wp.com\/www.rdpemancipation.org\/wp-content\/uploads\/2022\/04\/image-106.png?resize=300%2C201&amp;ssl=1 300w\" sizes=\"auto, (max-width: 359px) 100vw, 359px\" \/><\/figure>\n\n\n\n<p><a href=\"https:\/\/www.lutte-ouvriere.org\/breves\/la-liberte-toujours-plumee-277734.html\">La libert\u00e9 toujours plum\u00e9e<\/a> (LO)<\/p>\n\n\n\n<figure class=\"wp-block-image size-full\"><img data-recalc-dims=\"1\" loading=\"lazy\" decoding=\"async\" width=\"358\" height=\"203\" src=\"https:\/\/i0.wp.com\/www.rdpemancipation.org\/wp-content\/uploads\/2022\/04\/image-107.png?resize=358%2C203&#038;ssl=1\" alt=\"\" class=\"wp-image-82262\" srcset=\"https:\/\/i0.wp.com\/www.rdpemancipation.org\/wp-content\/uploads\/2022\/04\/image-107.png?w=358&amp;ssl=1 358w, https:\/\/i0.wp.com\/www.rdpemancipation.org\/wp-content\/uploads\/2022\/04\/image-107.png?resize=300%2C170&amp;ssl=1 300w\" sizes=\"auto, (max-width: 358px) 100vw, 358px\" \/><\/figure>\n\n\n\n<p><a href=\"https:\/\/www.politis.fr\/articles\/2022\/04\/les-oublies-du-droit-au-logement-tentent-de-se-faire-entendre-44322\/\">Les oubli\u00e9s du droit au logement tentent de se faire entendre<\/a> (Politis)<\/p>\n\n\n\n<p><a href=\"https:\/\/reporterre.net\/Il-y-a-urgence-un-collectif-bloque-les-routes-pour-la-renovation-energetique\">\u00ab&nbsp;Il y a urgence&nbsp;\u00bb&nbsp;: un collectif bloque les routes pour la r\u00e9novation \u00e9nerg\u00e9tique<\/a> (Reporterre)<\/p>\n\n\n\n<p><strong><mark style=\"background-color:rgba(0, 0, 0, 0);color:#f30303\" class=\"has-inline-color\">19 avril en continu<\/mark><\/strong><\/p>\n\n\n\n<p><strong><a href=\"https:\/\/www.facebook.com\/luttesinvisibles\" title=\"Mobilisations du jour\">Mobilisations du jour<\/a> (Luttes Invisibles)<\/strong><\/p>\n\n\n\n<p><a href=\"https:\/\/www.cgt.fr\/actualites\/france\/industrie\/conditions-de-travail\/securite-alimentaire-quand-manger-devient-dangereux\">S\u00e9curit\u00e9 alimentaire : quand manger devient dangereux<\/a> (CGT)<\/p>\n\n\n\n<p><a href=\"https:\/\/www.humanite.fr\/social-eco\/uberisation-du-travail\/just-eat-veut-laisser-un-tiers-de-ses-livreurs-sur-le-bas-cote-746718\">Just Eat veut laisser un tiers de ses livreurs sur le bas-c\u00f4t\u00e9<\/a> (L\u2019Humanit\u00e9)<\/p>\n\n\n\n<p><a href=\"https:\/\/www.lesechos.fr\/economie-france\/social\/decollage-reussi-pour-le-contrat-dengagement-jeune-1401252\">D\u00e9collage r\u00e9ussi pour le contrat d&rsquo;engagement jeune<\/a>. (Les Echos)<\/p>\n\n\n\n<figure class=\"wp-block-image size-full\"><img data-recalc-dims=\"1\" loading=\"lazy\" decoding=\"async\" width=\"357\" height=\"203\" src=\"https:\/\/i0.wp.com\/www.rdpemancipation.org\/wp-content\/uploads\/2022\/04\/image-99.png?resize=357%2C203&#038;ssl=1\" alt=\"\" class=\"wp-image-82084\" srcset=\"https:\/\/i0.wp.com\/www.rdpemancipation.org\/wp-content\/uploads\/2022\/04\/image-99.png?w=357&amp;ssl=1 357w, https:\/\/i0.wp.com\/www.rdpemancipation.org\/wp-content\/uploads\/2022\/04\/image-99.png?resize=300%2C171&amp;ssl=1 300w\" sizes=\"auto, (max-width: 357px) 100vw, 357px\" \/><figcaption><sub>P\u00f4le Emploi a sign\u00e9 40&nbsp;000 CEJ<\/sub><\/figcaption><\/figure>\n\n\n\n<p><a href=\"https:\/\/www.research.natixis.com\/Site\/en\/publication\/DM9FohdTqDJpyblwWBRGLYkTMhEPwIP63si9UtiWwls%3D?from=email\">France: pourra-t-on \u00e9chapper \u00e0 une hausse des imp\u00f4ts ?<\/a>. (Natixis)<\/p>\n\n\n\n<p><a href=\"https:\/\/www.francetvinfo.fr\/sciences\/espace\/greve-historique-au-cnes-des-projets-s-arretent-faute-de-financement_5082463.html\" target=\"_blank\" rel=\"noreferrer noopener\">Gr\u00e8ve historique au CNES : \u00ab\u00a0Des projets s&rsquo;arr\u00eatent faute de financement\u00a0\u00bb<\/a>&nbsp;(Franceinfo:)<\/p>\n\n\n\n<p><strong><a href=\"https:\/\/barrikade.info\/article\/5116\">Autonomie et solidarit\u00e9<\/a>.<\/strong> (All. \u2013 Barrikade)<\/p>\n\n\n\n<figure class=\"wp-block-image size-full\"><img data-recalc-dims=\"1\" loading=\"lazy\" decoding=\"async\" width=\"371\" height=\"538\" src=\"https:\/\/i0.wp.com\/www.rdpemancipation.org\/wp-content\/uploads\/2022\/04\/image-100.png?resize=371%2C538&#038;ssl=1\" alt=\"\" class=\"wp-image-82085\" srcset=\"https:\/\/i0.wp.com\/www.rdpemancipation.org\/wp-content\/uploads\/2022\/04\/image-100.png?w=371&amp;ssl=1 371w, https:\/\/i0.wp.com\/www.rdpemancipation.org\/wp-content\/uploads\/2022\/04\/image-100.png?resize=207%2C300&amp;ssl=1 207w\" sizes=\"auto, (max-width: 371px) 100vw, 371px\" \/><\/figure>\n\n\n\n<p><a href=\"https:\/\/www.tahiti-infos.com\/Smig-point-d-indice-retraites-La-CSTP-FO-satisfaite_a208622.html\" target=\"_blank\" rel=\"noreferrer noopener\">Tahiti. Smig, point d&rsquo;indice, retraites : La CSTP-FO satisfaite<\/a>&nbsp;(Tahiti Infos)<br><br><a href=\"https:\/\/www.nice-premium.com\/actualite,42\/local,5\/la-cgt-cheminots-de-la-cote-d-azur-appelle-a-la-greve-le-vendredi-22-avril,33155.html?lang=fr\" target=\"_blank\" rel=\"noreferrer noopener\">La CGT cheminots de la C\u00f4te d\u2019Azur appelle \u00e0 la gr\u00e8ve le vendredi 22 avril<\/a>&nbsp;(Nice-premium)<br><br><a href=\"https:\/\/www.lutte-ouvriere.org\/en-regions\/occitanie\/breves\/les-personnels-des-urgences-mobilisent-lhopital-271249.html\" target=\"_blank\" rel=\"noreferrer noopener\">Al\u00e8s (Gard) Les personnels des urgences mobilisent l&rsquo;h\u00f4pital<\/a>&nbsp;(LO)<br><br><a href=\"https:\/\/www.air-journal.fr\/2022-04-18-ryanair-les-pnc-en-greve-le-weekend-prochain-en-belgique-5235193.html\" target=\"_blank\" rel=\"noreferrer noopener\">Ryanair : les PNC en gr\u00e8ve le weekend prochain en Belgique<\/a>&nbsp;(Air-journal)<br><br><a href=\"https:\/\/www.leparisien.fr\/societe\/toulouse-le-cnes-en-greve-massive-craint-de-devenir-une-simple-agence-de-financement-18-04-2022-G6U7XZX3YJAD3F3XDFIYRJJUZI.php\" target=\"_blank\" rel=\"noreferrer noopener\">Toulouse : le Cnes, en gr\u00e8ve massive, craint de \u00abdevenir une simple agence de financement\u00bb<\/a>&nbsp;(Le Parisien)<\/p>\n\n\n\n<p><a href=\"https:\/\/www.ladepeche.fr\/2022\/04\/18\/toulouse-les-salaries-du-cnes-en-greve-temporaire-pour-contester-le-manque-de-moyen-10243561.php\" target=\"_blank\" rel=\"noreferrer noopener\">Toulouse : les salari\u00e9s du Cnes en gr\u00e8ve temporaire pour contester le manque de moyen<\/a>&nbsp;(La D\u00e9peche)<br><br><a href=\"https:\/\/www.ouest-france.fr\/pays-de-la-loire\/nantes-44000\/video-a-nantes-une-greve-des-pilotes-hotesses-de-l-air-et-stewards-de-volotea-compagnie-aerienne-low-cost-e95cdc3b-d912-3db5-993c-5620331ca0cd\" target=\"_blank\" rel=\"noreferrer noopener\">\u00c0 Nantes, gr\u00e8ve des pilotes, h\u00f4tesses de l&rsquo;air et stewards de Volotea, compagnie low cost<\/a>&nbsp;(Ouest France)<\/p>\n\n\n\n<p><a href=\"https:\/\/www.agoravox.tv\/tribune-libre\/article\/francois-begaudeau-le-rap-les-93630\"><strong>Fran\u00e7ois B\u00e9gaudeau&nbsp;: \u00ab&nbsp;Macron a fait le boulot de fond\u00e9 de pouvoir de la bourgeoisie&nbsp;\u00bb<\/strong><\/a>. (Agoravox)<\/p>\n\n\n\n<p><a href=\"https:\/\/www.ledauphine.com\/culture-loisirs\/2022\/04\/18\/les-plis-electoraux-seront-ils-distribues\" target=\"_blank\" rel=\"noreferrer noopener\">Savoie. Les plis \u00e9lectoraux seront-ils distribu\u00e9s \u00e0 Albertville ?<\/a>&nbsp;(Le Dauphin\u00e9 Lib\u00e9r\u00e9)<br><br><a href=\"https:\/\/expansive.info\/Reunion-debat-l-exploitation-salariale-dans-le-milieu-du-handicap-Samedi-7-Mai-3252\" target=\"_blank\" rel=\"noreferrer noopener\">Rennes. R\u00e9union-d\u00e9bat \u00ab\u00a0l\u2019exploitation salariale dans le milieu du handicap\u00a0\u00bb<\/a>&nbsp;(Expansive)<br><br><a href=\"https:\/\/www.nicematin.com\/info-trafic\/travaux-et-preavis-de-greve-sncf-pour-le-vendredi-22-avril-prochain-un-week-end-difficile-sannonce-761290\" target=\"_blank\" rel=\"noreferrer noopener\">Travaux et pr\u00e9avis de gr\u00e8ve SNCF pour le 22 avril prochain: un week-end difficile s&rsquo;annonce<\/a>&nbsp;(Nice Matin)<br><br><a href=\"https:\/\/www.lunion.fr\/id362612\/article\/2022-04-18\/nouvelle-greve-dans-les-transports-de-reims-lundi-25-avril\" target=\"_blank\" rel=\"noreferrer noopener\">Nouvelle gr\u00e8ve dans les transports de Reims lundi 25 avril<\/a>&nbsp;(L&rsquo;Union)<\/p>\n\n\n\n<p><a href=\"https:\/\/www.lefigaro.fr\/actualite-france\/en-guadeloupe-une-jeunesse-sans-avenir-20220417\">En Guadeloupe, une jeunesse sans avenir<\/a> (Le Figaro)<\/p>\n\n\n\n<p><a href=\"https:\/\/www.lefigaro.fr\/actualite-france\/mouvement-dans-les-universites-derriere-les-mots-d-ordre-les-revendications-floues-des-manifestants-20220415\">Mouvement dans les universit\u00e9s: derri\u00e8re les mots d\u2019ordre, les revendications des manifestants<\/a> (Le Figaro)<\/p>\n\n\n\n<p><strong>Monde<\/strong><\/p>\n\n\n\n<p><strong>Sri Lanka<\/strong><a href=\"https:\/\/rapportsdeforce.fr\/linternationale\/lactu-des-oublie-e-s-ce-nest-pas-ceux-qui-ont-cree-le-chaos-qui-vont-le-resoudre-041913416\"> : ce n\u2019est pas ceux qui ont cr\u00e9\u00e9 le chaos qui vont le r\u00e9soudre<\/a> Audio (Rapports de Force)<\/p>\n\n\n\n<p><strong>Br\u00e9sil <\/strong>&#8211; <a href=\"https:\/\/rebelion.org\/718294-2\/\">Des milliers d\u2019indig\u00e8nes se mobilisent contre l\u2019exploitation mini\u00e8re<\/a>. (Rebelion)<\/p>\n\n\n\n<figure class=\"wp-block-image size-full\"><img data-recalc-dims=\"1\" loading=\"lazy\" decoding=\"async\" width=\"359\" height=\"236\" src=\"https:\/\/i0.wp.com\/www.rdpemancipation.org\/wp-content\/uploads\/2022\/04\/image-98.png?resize=359%2C236&#038;ssl=1\" alt=\"\" class=\"wp-image-82082\" srcset=\"https:\/\/i0.wp.com\/www.rdpemancipation.org\/wp-content\/uploads\/2022\/04\/image-98.png?w=359&amp;ssl=1 359w, https:\/\/i0.wp.com\/www.rdpemancipation.org\/wp-content\/uploads\/2022\/04\/image-98.png?resize=300%2C197&amp;ssl=1 300w\" sizes=\"auto, (max-width: 359px) 100vw, 359px\" \/><\/figure>\n\n\n\n<p><strong><a href=\"https:\/\/www.boursorama.com\/actualite-economique\/actualites\/des-salaries-d-un-magasin-apple-de-new-york-tentent-d-y-creer-un-syndicat-a01caed6891d67405236847e9c4ffe46\">Des salari\u00e9s d&rsquo;un magasin Apple de New York tentent d&rsquo;y cr\u00e9er un syndicat<\/a> (AFP)<\/strong><\/p>\n\n\n\n<p><strong>USA <\/strong>&#8211; <a href=\"http:\/\/alencontre.org\/ameriques\/americnord\/usa\/debat-la-western-mass-labor-federation-afl-cio-a-adopte-une-resolution-contre-linvasion-de-lukraine-par-la-russie.html\">\u00abWestern Mass Labor Fed AFL-CIO adopte une r\u00e9solution contre l\u2019invasion de l\u2019Ukraine\u00bb<\/a>. (A L\u2019Encontre)<\/p>\n\n\n\n<p><strong><mark style=\"background-color:rgba(0, 0, 0, 0);color:#f30303\" class=\"has-inline-color\">18 avril en continu<\/mark><\/strong><\/p>\n\n\n\n<p><strong><a href=\"https:\/\/www.facebook.com\/luttesinvisibles\" title=\"Mobilisations du jour\">Mobilisations du jour<\/a> (Luttes Invisibles)<\/strong><\/p>\n\n\n\n<p><a href=\"https:\/\/www.liberation.fr\/economie\/linflation-carburant-a-inegalites-20220417_RE5CMAX7WFFLXMDNKM3WTDJSUY\/\">L\u2019inflation, carburant \u00e0 in\u00e9galit\u00e9s<\/a> (Lib\u00e9ration)<\/p>\n\n\n\n<p><a href=\"https:\/\/www.lutte-ouvriere.org\/en-regions\/ile-de-france\/breves\/toujours-en-lutte-273270.html\">Travailleurs sans papier &#8211; \u00cele de France. Toujours en lutte !<\/a>&nbsp;(LO)<\/p>\n\n\n\n<p><a href=\"https:\/\/www.midilibre.fr\/2022\/04\/17\/greve-record-chez-la-societe-colas-a-saint-jean-de-vedas-10241295.php\">Gr\u00e8ve record chez la soci\u00e9t\u00e9 Colas \u00e0 Saint-Jean-de-V\u00e9das<\/a>&nbsp;(Midi Libre)<\/p>\n\n\n\n<p><a href=\"https:\/\/www.lesechos.fr\/economie-france\/social\/salaires-le-smic-net-mensuel-va-augmenter-de-34-euros-le-1er-mai-1400977\">Salaires&nbsp;: le SMIC net mensuel va augmenter de 34&nbsp;euros le 1er&nbsp;mai<\/a> (Les Echos)<\/p>\n\n\n\n<p><a href=\"https:\/\/renverse.co\/infos-locales\/article\/occupation-de-terre-pour-la-journee-internationale-des-luttes-paysannes-3509\"><strong>Occupation de terre pour la journ\u00e9e internationale des luttes paysannes<\/strong><\/a> (Renvers\u00e9)<\/p>\n\n\n\n<p><a href=\"https:\/\/www.liberation.fr\/idees-et-debats\/partout-les-femmes-veulent-de-profonds-changements-etat-et-partis-politiques-sont-a-cote-de-la-plaque-20220417_QHHIDUXXWBAYRCEADDBMLKMCJQ\/\">F\u00e9minisme&nbsp;: \u00abPartout, Etat et partis politiques sont \u00e0 c\u00f4t\u00e9 de la plaque\u00bb<\/a> (Lib\u00e9)<\/p>\n\n\n\n<p><a href=\"https:\/\/www.agoravox.tv\/tribune-libre\/article\/francois-begaudeau-le-rap-les-93630\">Fran\u00e7ois B\u00e9gaudeau&nbsp;: \u00ab&nbsp;Macron a fait le boulot de fond\u00e9 de pouvoir de la bourgeoisie&nbsp;\u00bb<\/a> (Agoravox)<\/p>\n\n\n\n<p><a href=\"https:\/\/www.politis.fr\/articles\/2022\/04\/tisseurs-de-lien-6-7-la-douceur-de-vivre-jusquau-bout-44309\/\">Tisseurs de lien&nbsp;: La douceur de vivre\u2026 jusqu\u2019au bout<\/a> (Politis)<\/p>\n\n\n\n<p><strong>Monde<\/strong><\/p>\n\n\n\n<p><strong>Br\u00e9sil <\/strong>&#8211; <a href=\"http:\/\/alencontre.org\/ameriques\/amelat\/bresil\/bresil-une-etude-recente-sur-le-travail-des-enfants-en-fait-56-millions-sont-mis-au-travail.html\">Une \u00e9tude sur le travail des enfants. En fait, 5,6 millions sont \u00abmis au travail\u00bb<\/a> (A L\u2019Encontre)<\/p>\n\n\n\n<figure class=\"wp-block-image size-full\"><img data-recalc-dims=\"1\" loading=\"lazy\" decoding=\"async\" width=\"361\" height=\"217\" src=\"https:\/\/i0.wp.com\/www.rdpemancipation.org\/wp-content\/uploads\/2022\/04\/image-92.png?resize=361%2C217&#038;ssl=1\" alt=\"\" class=\"wp-image-81945\" srcset=\"https:\/\/i0.wp.com\/www.rdpemancipation.org\/wp-content\/uploads\/2022\/04\/image-92.png?w=361&amp;ssl=1 361w, https:\/\/i0.wp.com\/www.rdpemancipation.org\/wp-content\/uploads\/2022\/04\/image-92.png?resize=300%2C180&amp;ssl=1 300w\" sizes=\"auto, (max-width: 361px) 100vw, 361px\" \/><\/figure>\n\n\n\n<p><strong>USA<\/strong> &#8211; <a href=\"https:\/\/jacobinmag.com\/2022\/04\/ga-cohen-why-not-socialism-book\">G. A. Cohen a montr\u00e9 pourquoi nous devrions tous \u00eatre socialistes<\/a> (Jacobin)<\/p>\n\n\n\n<figure class=\"wp-block-image size-full\"><img data-recalc-dims=\"1\" loading=\"lazy\" decoding=\"async\" width=\"355\" height=\"217\" src=\"https:\/\/i0.wp.com\/www.rdpemancipation.org\/wp-content\/uploads\/2022\/04\/image-93.png?resize=355%2C217&#038;ssl=1\" alt=\"\" class=\"wp-image-81946\" srcset=\"https:\/\/i0.wp.com\/www.rdpemancipation.org\/wp-content\/uploads\/2022\/04\/image-93.png?w=355&amp;ssl=1 355w, https:\/\/i0.wp.com\/www.rdpemancipation.org\/wp-content\/uploads\/2022\/04\/image-93.png?resize=300%2C183&amp;ssl=1 300w\" sizes=\"auto, (max-width: 355px) 100vw, 355px\" \/><\/figure>\n\n\n\n<p><strong>Alg\u00e9rie<\/strong><a href=\"https:\/\/www.tsa-algerie.com\/fonction-publique-les-syndicats-appellent-a-une-greve-de-2-jours\/\">. Fonction publique : les syndicats appellent \u00e0 une gr\u00e8ve de 2 jours<\/a>&nbsp;(Tsa-algerie)<\/p>\n\n\n\n<p><strong>Analyse<\/strong><\/p>\n\n\n\n<p><a href=\"https:\/\/bakchich.info\/il-est-maintenant-temps-de-rejoindre-le-mouvement-syndical-et-de-changer-le-monde\/\">Il est maintenant temps de rejoindre le mouvement syndical et de changer le monde<\/a>&nbsp;(Bakchich)<\/p>\n\n\n\n<p><strong>Emploi dans l\u2019industrie manufacturi\u00e8re en France<\/strong>&nbsp;(en millions d\u2019\u00e9quivalents temps plein)&nbsp;<\/p>\n\n\n\n<figure class=\"wp-block-image size-full is-style-default\"><img data-recalc-dims=\"1\" loading=\"lazy\" decoding=\"async\" width=\"459\" height=\"433\" src=\"https:\/\/i0.wp.com\/www.rdpemancipation.org\/wp-content\/uploads\/2022\/04\/Capture-decran-2022-04-17-a-15.36.46.png?resize=459%2C433&#038;ssl=1\" alt=\"\" class=\"wp-image-81886\" srcset=\"https:\/\/i0.wp.com\/www.rdpemancipation.org\/wp-content\/uploads\/2022\/04\/Capture-decran-2022-04-17-a-15.36.46.png?w=459&amp;ssl=1 459w, https:\/\/i0.wp.com\/www.rdpemancipation.org\/wp-content\/uploads\/2022\/04\/Capture-decran-2022-04-17-a-15.36.46.png?resize=300%2C283&amp;ssl=1 300w\" sizes=\"auto, (max-width: 459px) 100vw, 459px\" \/><\/figure>\n\n\n\n<p><strong><mark style=\"background-color:rgba(0, 0, 0, 0);color:#bc0b0b\" class=\"has-inline-color\">17 avril en continu<\/mark><\/strong><\/p>\n\n\n\n<p><strong><a href=\"https:\/\/la-bas.org\/la-bas-magazine\/chroniques\/ni-l-extreme-droite-ni-l-extreme-riche\">La jeunesse \u00e9tudiante bouge \u00e0 la Sorbonne \u00e0 Paris&nbsp;<\/a>(L\u00e0-bas si j\u2019y suis)<\/strong><\/p>\n\n\n\n<p><a href=\"https:\/\/lanticapitaliste.org\/actualite\/entreprises\/salaires-victoire-de-la-lutte-des-dassault\">Salaires : victoire de la lutte des Dassault\u2009!<\/a> (L\u2019anticapitaliste)<\/p>\n\n\n\n<figure class=\"wp-block-image size-full\"><img data-recalc-dims=\"1\" loading=\"lazy\" decoding=\"async\" width=\"357\" height=\"203\" src=\"https:\/\/i0.wp.com\/www.rdpemancipation.org\/wp-content\/uploads\/2022\/04\/image-83.png?resize=357%2C203&#038;ssl=1\" alt=\"\" class=\"wp-image-81797\" srcset=\"https:\/\/i0.wp.com\/www.rdpemancipation.org\/wp-content\/uploads\/2022\/04\/image-83.png?w=357&amp;ssl=1 357w, https:\/\/i0.wp.com\/www.rdpemancipation.org\/wp-content\/uploads\/2022\/04\/image-83.png?resize=300%2C171&amp;ssl=1 300w\" sizes=\"auto, (max-width: 357px) 100vw, 357px\" \/><\/figure>\n\n\n\n<p><a href=\"https:\/\/www.lanouvellerepublique.fr\/bressuire\/pres-de-bressuire-chez-galliance-bataille-engagee-autour-des-salaires\" target=\"_blank\" rel=\"noreferrer noopener\">Pr\u00e8s de Bressuire, chez Galliance,\u200b bataille engag\u00e9e autour des salaires<\/a>&nbsp;(La Nouvelle R\u00e9publique)<br><br><a href=\"https:\/\/www.bfmtv.com\/marseille\/replay-emissions\/bonsoir-marseille\/greve-sncf-seulement-un-ter-sur-deux-circulaient-dans-les-bouches-du-rhone-ce-vendredi_VN-202204150591.html\" target=\"_blank\" rel=\"noreferrer noopener\">Gr\u00e8ve SNCF: seulement un TER sur deux circulaient dans les Bouches-du-Rh\u00f4ne ce vendredi<\/a>&nbsp;(BFMTV)<br><br><a href=\"https:\/\/www.lavoixdunord.fr\/1167526\/article\/2022-04-15\/greve-chez-heinz-benedicta-seclin-contre-l-inflation-la-direction-ne-va-pas\" target=\"_blank\" rel=\"noreferrer noopener\">Gr\u00e8ve chez Heinz-B\u00e9n\u00e9dicta Seclin: \u00abContre l\u2019inflation, la direction ne va pas assez loin\u00bb&nbsp;<\/a>(Voix du Nord)<br><br><a href=\"https:\/\/www.letelegramme.fr\/cotes-darmor\/loudeac\/association-hospitaliere-de-bretagne-les-salaries-en-greve-depuis-le-8-avril-15-04-2022-12988815.php?redirect=true\" target=\"_blank\" rel=\"noreferrer noopener\">Association hospitali\u00e8re de Bretagne : les salari\u00e9s en gr\u00e8ve depuis le 8 avril<\/a>&nbsp;(Le T\u00e9l\u00e9gramme)<br><br><a href=\"https:\/\/www.letelegramme.fr\/finistere\/brest\/manifestation-lundi-contre-la-fusion-de-trois-services-a-l-hopital-morvan-de-brest-15-04-2022-12988809.php?redirect=true\" target=\"_blank\" rel=\"noreferrer noopener\">Manifestation les 25 et 26 avril contre la fusion de 3 services \u00e0 l\u2019h\u00f4pital Morvan de Brest<\/a>&nbsp;(Le T\u00e9l\u00e9gramme)<br><br><a href=\"https:\/\/www.francebleu.fr\/infos\/societe\/les-soignants-des-ehpad-d-issoudun-a-nouveau-en-greve-pour-demander-plus-de-moyens-1650045147\" target=\"_blank\" rel=\"noreferrer noopener\">Les soignants des EHPAD d&rsquo;Issoudun \u00e0 nouveau en gr\u00e8ve pour demander plus de moyens<\/a>&nbsp;(France Bleu)<\/p>\n\n\n\n<figure class=\"wp-block-image size-full\"><img data-recalc-dims=\"1\" loading=\"lazy\" decoding=\"async\" width=\"357\" height=\"202\" src=\"https:\/\/i0.wp.com\/www.rdpemancipation.org\/wp-content\/uploads\/2022\/04\/image-84.png?resize=357%2C202&#038;ssl=1\" alt=\"\" class=\"wp-image-81799\" srcset=\"https:\/\/i0.wp.com\/www.rdpemancipation.org\/wp-content\/uploads\/2022\/04\/image-84.png?w=357&amp;ssl=1 357w, https:\/\/i0.wp.com\/www.rdpemancipation.org\/wp-content\/uploads\/2022\/04\/image-84.png?resize=300%2C170&amp;ssl=1 300w\" sizes=\"auto, (max-width: 357px) 100vw, 357px\" \/><\/figure>\n\n\n\n<p><a href=\"https:\/\/lepharedunkerquois.nordlittoral.fr\/141954\/article\/2022-04-15\/grande-synthe-les-salaries-d-arcelormittal-continuent-la-greve#popin-newsletters-form\" target=\"_blank\" rel=\"noreferrer noopener\">\u00c0 Grande-Synthe, les salari\u00e9s d\u2019ArcelorMittal continuent la gr\u00e8ve<\/a>&nbsp;(Le Phare Dunkerquois)<br><br><a href=\"https:\/\/www.francebleu.fr\/infos\/transports\/info-france-bleu-apres-les-travaux-un-mouvement-de-greve-a-la-sncf-lance-par-la-cgt-la-semaine-1650007935\" target=\"_blank\" rel=\"noreferrer noopener\">Alpes Maritimes. Apr\u00e8s les travaux, un mouvement de gr\u00e8ve \u00e0 la SNCF lanc\u00e9 par la CGT <\/a>&nbsp;(France Bleu)<br><br><a href=\"https:\/\/www.leparisien.fr\/seine-saint-denis-93\/saint-denis-les-six-professeurs-des-ecoles-mutes-de-force-et-leurs-soutiens-en-appellent-au-ministre-15-04-2022-2IFL6SBRKNGATNSNIAAG3FHXPM.php\" target=\"_blank\" rel=\"noreferrer noopener\">Saint-Denis : les 6 professeurs des \u00e9coles mut\u00e9s&nbsp; et leurs soutiens en appellent au ministre<\/a>&nbsp;(Le Parisien)<br><br><a href=\"https:\/\/www.leprogres.fr\/social\/2022\/04\/16\/greve-a-la-smad-la-revalorisation-des-salaires-en-cause\" target=\"_blank\" rel=\"noreferrer noopener\">Savigny. Gr\u00e8ve \u00e0 la Smad : la revalorisation des salaires en cause<\/a>&nbsp;(Le Progr\u00e8s)<\/p>\n\n\n\n<p><a href=\"https:\/\/femmemag.clicanoo.re\/rubriques\/societe\/2022\/04\/16\/les-salaries-de-soliha-en-plein-debrayage\" target=\"_blank\" rel=\"noreferrer noopener\">La R\u00e9union. Les salari\u00e9s de Soliha en plein d\u00e9brayage<\/a>&nbsp;(Femmemag)<br><br><a href=\"https:\/\/www.lequotidien.re\/actualites\/sante\/le-tampon-greve-de-sages-femmes-de-la-clinique-durieux\/\" target=\"_blank\" rel=\"noreferrer noopener\">La R\u00e9union. Le Tampon : gr\u00e8ve de sages femmes de la clinique Durieux<\/a>&nbsp;(Lequotidien)<br><br><strong>Monde<\/strong><\/p>\n\n\n\n<p><strong>Br\u00e9sil <\/strong>&#8211; <a href=\"https:\/\/rebelion.org\/abril-indigena-ocupa-brasilia\/\">Avril indig\u00e8ne occupe Brasilia<\/a> (Rebeli\u03ccn)<\/p>\n\n\n\n<figure class=\"wp-block-image size-full\"><img data-recalc-dims=\"1\" loading=\"lazy\" decoding=\"async\" width=\"357\" height=\"239\" src=\"https:\/\/i0.wp.com\/www.rdpemancipation.org\/wp-content\/uploads\/2022\/04\/image-85.png?resize=357%2C239&#038;ssl=1\" alt=\"\" class=\"wp-image-81802\" srcset=\"https:\/\/i0.wp.com\/www.rdpemancipation.org\/wp-content\/uploads\/2022\/04\/image-85.png?w=357&amp;ssl=1 357w, https:\/\/i0.wp.com\/www.rdpemancipation.org\/wp-content\/uploads\/2022\/04\/image-85.png?resize=300%2C201&amp;ssl=1 300w\" sizes=\"auto, (max-width: 357px) 100vw, 357px\" \/><\/figure>\n\n\n\n<p><strong>Espagne <\/strong>&#8211; <a href=\"https:\/\/www.infolibre.es\/economia\/ceoe-propone-sindicatos-subida-salarial-8-2022-2024_1_1224915.html\">La CEOE propose une hausse salariale de 8% entre 2022 et 2024<\/a> (Esp. \u2013 Infolibre)<\/p>\n\n\n\n<p><strong>Salvador<\/strong> &#8211; <a href=\"https:\/\/rebelion.org\/zonas-de-pobreza-en-el-salvador-el-terror-de-las-maras-y-del-regimen\/\">Zones de pauvret\u00e9 au Salvador : la terreur des maras et du r\u00e9gime<\/a> (Rebeli\u03ccn)<\/p>\n\n\n\n<p><strong>USA &#8211; <a href=\"https:\/\/jacobinmag.com\/2022\/04\/starbucks-board-chair-mellody-hobson-profit-union-pension-retirement-funds\">Le pr\u00e9sident de Starbucks gagne des millions avec les fonds de pension syndicaux<\/a><\/strong> (Jacobin)<\/p>\n\n\n\n<figure class=\"wp-block-image size-full\"><img data-recalc-dims=\"1\" loading=\"lazy\" decoding=\"async\" width=\"357\" height=\"240\" src=\"https:\/\/i0.wp.com\/www.rdpemancipation.org\/wp-content\/uploads\/2022\/04\/image-86.png?resize=357%2C240&#038;ssl=1\" alt=\"\" class=\"wp-image-81803\" srcset=\"https:\/\/i0.wp.com\/www.rdpemancipation.org\/wp-content\/uploads\/2022\/04\/image-86.png?w=357&amp;ssl=1 357w, https:\/\/i0.wp.com\/www.rdpemancipation.org\/wp-content\/uploads\/2022\/04\/image-86.png?resize=300%2C202&amp;ssl=1 300w\" sizes=\"auto, (max-width: 357px) 100vw, 357px\" \/><\/figure>\n\n\n\n<p><strong>Analyse<\/strong><\/p>\n\n\n\n<p>Cuba : <a href=\"https:\/\/rebelion.org\/la-hora-en-que-todo-el-pueblo-asumio-la-defensa-armada-de-su-pais-y-su-revolucion\/\">L\u2019heure o\u00f9 tout le peuple a assum\u00e9 la d\u00e9fense arm\u00e9e de son pays et sa r\u00e9volution<\/a> (Rebeli\u03ccn)<\/p>\n\n\n\n<p><a href=\"https:\/\/www.humanite.fr\/histoire\/greves\/avril-1982-la-revolte-des-os-pour-la-dignite-746128#xtor=RSS-1\">Avril 1982, la r\u00e9volte des OS pour la dignit\u00e9<\/a> (L\u2019Humanit\u00e9)<\/p>\n\n\n\n<p><strong><mark style=\"background-color:rgba(0, 0, 0, 0);color:#bc0b0b\" class=\"has-inline-color\">16 avril en continu<\/mark><\/strong><\/p>\n\n\n\n<p><a href=\"https:\/\/www.humanite.fr\/social-eco\/entreprises\/la-triche-massive-des-petites-entreprises-sur-leur-effectif-746125\">La triche massive des petites entreprises sur leur effectif <\/a>(L\u2019Humanit\u00e9)<\/p>\n\n\n\n<p><a href=\"https:\/\/www.unsa.org\/Le-Segur-socio-educatif-des-questions-demeurent.html\">Le S\u00e9gur socio-\u00e9ducatif : des questions demeurent.<\/a>&nbsp;(UNSA)<\/p>\n\n\n\n<p><a href=\"https:\/\/www.liberation.fr\/economie\/transport-aerien-volotea-un-modele-low-cost-a-tout-prix-en-accusation-20220415_FZM3W3NI7BCCBFFTL3TFWUCTEI\/\">Transport a\u00e9rien: Volotea, un mod\u00e8le low-cost \u00e0 tout prix en accusation<\/a>&nbsp;(Lib\u00e9ration)<\/p>\n\n\n\n<p><a href=\"https:\/\/www.paris-normandie.fr\/id297769\/article\/2022-04-15\/le-syndicat-des-travailleurs-portuaires-du-havre-sexplique-sur-le-mouvement\">Le syndicat des travailleurs portuaires du Havre s\u2019explique sur le mouvement social<\/a>&nbsp;(Paris Normandie)<\/p>\n\n\n\n<p><a href=\"https:\/\/www.lefigaro.fr\/flash-eco\/debrayage-pour-les-salaires-chez-capgemini-france-20220414\">D\u00e9brayage pour les salaires chez Capgemini France<\/a>&nbsp;(Le Figaro)<\/p>\n\n\n\n<p><a href=\"https:\/\/outremers360.com\/bassin-atlantique-appli\/guyane-mouvement-de-greve-au-sein-du-cnes\">Guyane : De Toulouse \u00e0 Kourou, mouvement de gr\u00e8ve au sein du CNES<\/a>&nbsp;(Outremers360)<\/p>\n\n\n\n<p><a href=\"https:\/\/www.bfmtv.com\/marseille\/bouches-du-rhone-preavis-de-greve-des-cheminots-la-cgt-annonce-90-de-grevistes_AV-202204150210.html\">Bouches-du-Rh\u00f4ne: pr\u00e9avis de gr\u00e8ve des cheminots, la CGT annonce \u00ab\u00a090% de gr\u00e9vistes\u00a0\u00bb<\/a>&nbsp;(BFMTV)<\/p>\n\n\n\n<p><a href=\"https:\/\/www.latribune.fr\/entreprises-finance\/services\/greve-chez-capgemini-pour-une-hausse-des-salaires-sur-fond-de-grande-demission-914039.html\">Gr\u00e8ve chez Capgemini pour une hausse des salaires, sur fond de grande d\u00e9mission<\/a>&nbsp;(La Tribune)<\/p>\n\n\n\n<p><a href=\"https:\/\/www.ladepeche.fr\/2022\/04\/15\/entre-salaires-primes-et-temps-partiel-la-greve-sinvite-chez-colas-10237525.php\">Carcassonne. Entre salaires, primes et temps partiel, la gr\u00e8ve s\u2019invite chez Colas<\/a>&nbsp;(La D\u00e9peche)<\/p>\n\n\n\n<p><a href=\"https:\/\/www.huffingtonpost.fr\/entry\/apres-une-greve-le-journal-20-minutes-ne-parait-pas-ce-vendredi_fr_625895c0e4b06c2ea328f858\">Apr\u00e8s une gr\u00e8ve, le journal \u00ab\u00a020 Minutes\u00a0\u00bb ne para\u00eet pas ce vendredi<\/a>&nbsp;(Huffingtonpost)<\/p>\n\n\n\n<p><a href=\"https:\/\/www.estrepublicain.fr\/economie\/2022\/04\/14\/salaires-heures-sup-la-cgt-appelle-a-la-greve-chez-peugeot-motocycles\">Mandeure. Salaires, heures sup : la CGT appelle \u00e0 la gr\u00e8ve chez Peugeot Motocycles<\/a>&nbsp;(L&rsquo;Est R\u00e9publicain)<\/p>\n\n\n\n<p><a href=\"https:\/\/www.midilibre.fr\/2022\/04\/14\/le-college-croix-dargent-de-montpellier-a-ferme-ce-jeudi-apres-midi-par-manque-de-personnels-10236148.php\">Le coll\u00e8ge Croix-d&rsquo;Argent de Montpellier a ferm\u00e9 ce jeudi apr\u00e8s-midi par manque de personnels<\/a>&nbsp;(Midi Libre)<\/p>\n\n\n\n<p><a href=\"https:\/\/www.ouest-france.fr\/pays-de-la-loire\/nantes-44000\/a-nantes-le-piquet-de-greve-tient-depuis-huit-semaines-a-rte-mais-pour-combien-de-temps-encore-f300d478-bc0a-11ec-9cbd-7cd96fda03a3\">Le piquet de gr\u00e8ve tient depuis huit semaines \u00e0 RTE, mais pour combien de temps encore ?<\/a>&nbsp;(Ouest France)<\/p>\n\n\n\n<p><a href=\"https:\/\/viaatv.tv\/greve-a-brasserie-lorraine-les-salaries-grevistes-condamnes-a-liberer-les-acces-de-la-societe\/\">Martinique. Gr\u00e8ve \u00e0 Brasserie Lorraine : les gr\u00e9vistes condamn\u00e9s \u00e0 lib\u00e9rer les acc\u00e8s de la soci\u00e9t\u00e9<\/a>&nbsp;(Viaatv)<\/p>\n\n\n\n<p><a href=\"https:\/\/www.francebleu.fr\/infos\/economie-social\/nouveau-blocage-au-site-amazon-de-boves-pres-d-amiens-1649932289\">Nouveau blocage au site Amazon de Boves pr\u00e8s d&rsquo;Amiens<\/a>&nbsp;(France Bleu)<\/p>\n\n\n\n<p><a href=\"https:\/\/france3-regions.francetvinfo.fr\/occitanie\/haute-garonne\/toulouse\/la-grogne-des-salaries-du-cnes-qui-denoncent-l-abandon-d-une-partie-de-la-politique-spatiale-au-prive-2525024.html\">Des salari\u00e9s du CNES d\u00e9noncent l&rsquo;abandon d&rsquo;une partie de la politique spatiale au priv\u00e9<\/a>&nbsp;(France 3 R\u00e9gions)<\/p>\n\n\n\n<p><a href=\"https:\/\/www.ouest-france.fr\/normandie\/douvres-la-delivrande-14440\/douvres-la-delivrande-un-accord-a-ete-trouve-fin-de-la-greve-chez-batimetal-14de3c2a-bc1a-11ec-a45e-c7c889f915a9\">Douvres-la-D\u00e9livrande. Un accord a \u00e9t\u00e9 trouv\u00e9 : fin de la gr\u00e8ve chez Batim\u00e9tal<\/a>&nbsp;(Ouest France)<a href=\"https:\/\/www.frustrationmagazine.fr\/vivre-au-rsa\/\"><\/a><\/p>\n\n\n\n<p><strong><a href=\"https:\/\/www.frustrationmagazine.fr\/vivre-au-rsa\/\">La torture institutionnelle v\u00e9cue par les allocataires du RSA <\/a>&nbsp;<\/strong>(Frustration)<\/p>\n\n\n\n<p><a href=\"https:\/\/jacobinmag.com\/2022\/04\/gen-z-join-labor-movement-change-the-world-union-organizing\">G\u00e9n\u00e9ration Z: Il est maintenant temps de rejoindre le mouvement ouvrier et de changer le monde<\/a> (Jacobin)<\/p>\n\n\n\n<figure class=\"wp-block-image size-full\"><img data-recalc-dims=\"1\" loading=\"lazy\" decoding=\"async\" width=\"357\" height=\"240\" src=\"https:\/\/i0.wp.com\/www.rdpemancipation.org\/wp-content\/uploads\/2022\/04\/image-80.png?resize=357%2C240&#038;ssl=1\" alt=\"\" class=\"wp-image-81669\" srcset=\"https:\/\/i0.wp.com\/www.rdpemancipation.org\/wp-content\/uploads\/2022\/04\/image-80.png?w=357&amp;ssl=1 357w, https:\/\/i0.wp.com\/www.rdpemancipation.org\/wp-content\/uploads\/2022\/04\/image-80.png?resize=300%2C202&amp;ssl=1 300w\" sizes=\"auto, (max-width: 357px) 100vw, 357px\" \/><\/figure>\n\n\n\n<p><a href=\"https:\/\/lareleveetlapeste.fr\/ni-macron-ni-le-pen-les-etudiants-parisiens-bloquent-les-universites\/\"><strong>\u00ab Ni Macron, ni Le Pen ! \u00bb : les \u00e9tudiants parisiens bloquent les universit\u00e9s<\/strong><\/a> (La Rel\u00e8ve et la Peste)<\/p>\n\n\n\n<figure class=\"wp-block-image size-full\"><img data-recalc-dims=\"1\" loading=\"lazy\" decoding=\"async\" width=\"357\" height=\"240\" src=\"https:\/\/i0.wp.com\/www.rdpemancipation.org\/wp-content\/uploads\/2022\/04\/image-81.png?resize=357%2C240&#038;ssl=1\" alt=\"\" class=\"wp-image-81670\" srcset=\"https:\/\/i0.wp.com\/www.rdpemancipation.org\/wp-content\/uploads\/2022\/04\/image-81.png?w=357&amp;ssl=1 357w, https:\/\/i0.wp.com\/www.rdpemancipation.org\/wp-content\/uploads\/2022\/04\/image-81.png?resize=300%2C202&amp;ssl=1 300w\" sizes=\"auto, (max-width: 357px) 100vw, 357px\" \/><figcaption>Sous le slogan \u00ab Ni Macron, ni Le Pen ! \u00bb, les \u00e9tudiants organisent la lutte<\/figcaption><\/figure>\n\n\n\n<p><a href=\"https:\/\/www.lutte-ouvriere.org\/breves\/la-democratie-du-cause-toujours-268057.html\">La d\u00e9mocratie du cause toujours<\/a> (LO)<\/p>\n\n\n\n<p><a href=\"https:\/\/www.inegalites.fr\/L-agent-fait-il-le-bonheur\">L\u2019argent fait-il le bonheur&nbsp;?<\/a> (Observatoire des In\u00e9galit\u00e9s)<\/p>\n\n\n\n<p><a href=\"https:\/\/www.insee.fr\/fr\/statistiques\/6434516\">En mars&nbsp;2022, les prix \u00e0 la consommation augmentent de 1,4&nbsp;% sur un mois et de 4,5&nbsp;% sur un an<\/a> (INSEE)<\/p>\n\n\n\n<p><a href=\"https:\/\/www.insee.fr\/fr\/statistiques\/6327279\">Au premier trimestre 2022, l\u2019indice de r\u00e9f\u00e9rence des loyers augmente de 2,48&nbsp;% sur un an<\/a> (INSEE)<\/p>\n\n\n\n<figure class=\"wp-block-image is-resized is-style-default\"><img data-recalc-dims=\"1\" loading=\"lazy\" decoding=\"async\" src=\"https:\/\/i0.wp.com\/www.infocomcgt.fr\/wp-content\/uploads\/2021\/11\/20-POUR_LA_SOLIDARITE.jpg?resize=353%2C494&#038;ssl=1\" alt=\"20---POUR_LA_SOLIDARIT\u00c9\" width=\"353\" height=\"494\"\/><\/figure>\n\n\n\n<p><strong>Monde<\/strong><\/p>\n\n\n\n<p><strong>Belgique<\/strong><a href=\"https:\/\/fr.metrotime.be\/mobilite\/le-personnel-de-cabine-de-ryanair-sera-en-greve-zaventem-et-charleroi-du-22-au-24-avril\">. Le personnel de Ryanair sera en gr\u00e8ve \u00e0 Zaventem et Charleroi du 22 au 24 avril<\/a>&nbsp;(Metrotime.be)<\/p>\n\n\n\n<p><strong>Espagne<\/strong> \u2013 <a href=\"https:\/\/www.infolibre.es\/politica\/datos-desigualdad-espana-prueban-peso-herencias-aplasta-merito_1_1223850.html\">Comment l\u2019h\u00e9ritage aggrave-t-il les in\u00e9galit\u00e9s&nbsp;?<\/a> (Esp. \u2013 Infolibre)<\/p>\n\n\n\n<p><strong>Analyse<\/strong><\/p>\n\n\n\n<p><a href=\"https:\/\/www.la-croix.com\/Economie\/Hausse-salaires-linflation-bouscule-negociations-entre-salaries-employeurs-2022-04-15-1201210544\">Hausse des salaires\u2009: l\u2019inflation bouscule les n\u00e9gociations entre salari\u00e9s et employeurs<\/a>&nbsp;(La Croix)<\/p>\n\n\n\n<p><strong><mark style=\"background-color:rgba(0, 0, 0, 0);color:#bc0b0b\" class=\"has-inline-color\">15 avril en continu<\/mark><\/strong><\/p>\n\n\n\n<p><a href=\"https:\/\/rapportsdeforce.fr\/classes-en-lutte\/presidentielle-greves-partout-candidats-nulle-part-041513384\">Pr\u00e9sidentielle : gr\u00e8ves partout, candidats nulle part <\/a>(Rapports de Force)<\/p>\n\n\n\n<p><a href=\"https:\/\/www.humanite.fr\/social-eco\/tms\/sommet-de-souffrance-chez-cnh-industrial-746543\">Sommet de souffrance chez CNH Industrial<\/a> (L\u2019Humanit\u00e9)<\/p>\n\n\n\n<p><strong><a href=\"file:\/\/\/C:\\Users\\ut\\Desktop\\EMANCIPATION\\L\u2019\u00e9cologie%20sans%20lutte%20sociale%20n\u2019est%20que%20du%20jardinage\">L\u2019\u00e9cologie sans lutte sociale n\u2019est que du jardinage<\/a> (Esp. &#8211; Rebeli\u03ccn)<\/strong><\/p>\n\n\n\n<p><a href=\"https:\/\/www.revue-ballast.fr\/ecologie-construire-des-coalitions-revolutionnaires\/\">\u00c9cologie&nbsp;: construire des coalitions r\u00e9volutionnaires<\/a> (ballast)<\/p>\n\n\n\n<p><a href=\"https:\/\/lepoing.net\/presidentielles-le-retour-du-midi-rouge2\/\"><strong>Pr\u00e9sidentielles : Le retour du Midi rouge ?<\/strong><\/a> (Le Poing)<\/p>\n\n\n\n<p><a href=\"https:\/\/www.lutte-ouvriere.org\/actualite\/echos\">RTM Marseille&nbsp;:&nbsp; Achet\u00e9s sur catalogue ?<\/a> (LO)<\/p>\n\n\n\n<p><a href=\"https:\/\/www.miroirsocial.com\/focus\/environnement-quels-liens-entre-les-actions-individuelles-des-salaries-et-la-transformation\">Environnement : quels liens entre les actions des salari\u00e9s et la transformation des entreprises ?<\/a> (Miroir social)<\/p>\n\n\n\n<figure class=\"wp-block-image size-full\"><img data-recalc-dims=\"1\" loading=\"lazy\" decoding=\"async\" width=\"362\" height=\"205\" src=\"https:\/\/i0.wp.com\/www.rdpemancipation.org\/wp-content\/uploads\/2022\/04\/image-75.png?resize=362%2C205&#038;ssl=1\" alt=\"\" class=\"wp-image-81510\" srcset=\"https:\/\/i0.wp.com\/www.rdpemancipation.org\/wp-content\/uploads\/2022\/04\/image-75.png?w=362&amp;ssl=1 362w, https:\/\/i0.wp.com\/www.rdpemancipation.org\/wp-content\/uploads\/2022\/04\/image-75.png?resize=300%2C170&amp;ssl=1 300w\" sizes=\"auto, (max-width: 362px) 100vw, 362px\" \/><\/figure>\n\n\n\n<p><a href=\"https:\/\/paris-luttes.info\/contre-macron-et-le-pen-prenons-la-15898\">Mobilisations, en \u00cele-de-France, contre les perspectives de la pr\u00e9sidentielle <\/a>&nbsp;(Paris-Luttes Info)<\/p>\n\n\n\n<p><a href=\"https:\/\/www.lutte-ouvriere.org\/actualite\/echos\">Haribo Marseille&nbsp;:&nbsp; Ce qui est dit. Ce qui n&rsquo;est pas dit.<\/a> (LO)<\/p>\n\n\n\n<p><a href=\"https:\/\/www.courrier-picard.fr\/id297327\/article\/2022-04-14\/les-salaries-damazon-boves-mettent-la-pression-durant-la-reunion-de-negociations\" target=\"_blank\" rel=\"noreferrer noopener\">Les salari\u00e9s d\u2019Amazon Boves mettent la pression durant la r\u00e9union de n\u00e9go \u00e0 Paris<\/a>&nbsp;(Le Courrier Picard)<br><br><a href=\"https:\/\/www.leparisien.fr\/val-d-oise-95\/salaires-amputes-moins-de-securite-malaise-dans-une-entreprise-de-btp-de-bezons-14-04-2022-D6FT6UM33FEGROGXQQSMBWNMO4.php\" target=\"_blank\" rel=\"noreferrer noopener\">Salaires amput\u00e9s, \u00abmoins de s\u00e9curit\u00e9\u00bb&#8230; Malaise dans une entreprise de BTP de Bezons<\/a>&nbsp;(Le Parisien)<br><br><a href=\"https:\/\/www.ouest-france.fr\/pays-de-la-loire\/nantes-44000\/nantes-l-intersyndicale-de-capgemini-se-mobilise-pour-le-pouvoir-d-achat-cb49c0f2-bbdd-11ec-a45e-c7c889f915a9\" target=\"_blank\" rel=\"noreferrer noopener\">Nantes. L\u2019intersyndicale de Capgemini se mobilise pour le pouvoir d\u2019achat<\/a>&nbsp;(Ouest France)<br><br><a href=\"https:\/\/www.lamanchelibre.fr\/actualite-989840-vire-fin-de-la-greve-et-reprise-de-la-collecte-des-dechets\" target=\"_blank\" rel=\"noreferrer noopener\">Vire. Fin de la gr\u00e8ve et reprise de la collecte des d\u00e9chets<\/a>&nbsp;(La Manche Libre)<br><br><a href=\"https:\/\/www.lobservateur.fr\/douaisis\/2022\/04\/14\/lauwin-planque-une-greve-chez-amazon-pour-reclamer-5-daugmentation\/\" target=\"_blank\" rel=\"noreferrer noopener\">Lauwin-Planque : Une gr\u00e8ve chez Amazon pour r\u00e9clamer 5% d\u2019augmentation<\/a>&nbsp;(L&rsquo;Observateur)<br><br><a href=\"https:\/\/www.france24.com\/fr\/info-en-continu\/20220414-amazon-france-les-syndicats-jugent-inadmissible-une-proposition-de-3-5-d-augmentation\" target=\"_blank\" rel=\"noreferrer noopener\">Amazon France: les syndicats jugent \u00ab\u00a0inadmissible\u00a0\u00bb une proposition de 3,5% d&rsquo;augmentation<\/a>&nbsp;(France 24)<br><br><a href=\"https:\/\/www.leprogres.fr\/social\/2022\/04\/14\/fin-de-la-greve-a-tessi-victoire-clament-les-syndicats\" target=\"_blank\" rel=\"noreferrer noopener\">Lyon. Fin de la Gr\u00e8ve \u00e0 Tessi : \u00ab Victoire \u00bb, clament les syndicats<\/a>&nbsp;(Le Progr\u00e8s)<br><br><a href=\"https:\/\/www.sudouest.fr\/gironde\/le-haillan\/le-haillan-des-salaries-de-tessi-documents-services-en-greve-10598796.php\" target=\"_blank\" rel=\"noreferrer noopener\">Le Haillan : des salari\u00e9s de Tessi documents services en gr\u00e8ve<\/a>&nbsp;(Sud Ouest)<br><br><a href=\"https:\/\/www.nicematin.com\/social\/un-protocole-de-sortie-de-greve-signe-a-la-clinique-oxford-a-cannes-760376\" target=\"_blank\" rel=\"noreferrer noopener\">Un protocole de sortie de gr\u00e8ve sign\u00e9 \u00e0 la clinique Oxford \u00e0 Canne<\/a>&nbsp;(Nice Matin)<br><br><a href=\"https:\/\/abonne.lunion.fr\/id361496\/article\/2022-04-14\/smurfit-kappa-en-greve-epernay\" target=\"_blank\" rel=\"noreferrer noopener\">Smurfit Kappa en gr\u00e8ve \u00e0 \u00c9pernay<\/a>&nbsp;(L&rsquo;Union)<\/p>\n\n\n\n<p><a href=\"https:\/\/actu.fr\/societe\/seine-et-marne-les-agences-bancaires-societe-generale-se-mettent-en-greve_50214918.html\" target=\"_blank\" rel=\"noreferrer noopener\">Seine-et-Marne : les agences bancaires Soci\u00e9t\u00e9 g\u00e9n\u00e9rale se mettent en gr\u00e8ve<\/a>&nbsp;(<a href=\"http:\/\/actu.fr\/\" target=\"_blank\" rel=\"noreferrer noopener\">actu.fr<\/a>)<br><br><a href=\"https:\/\/www.le-republicain.fr\/a-la-une\/essonne-nouvelle-greve-au-lycee-tesla-de-dourdan\" target=\"_blank\" rel=\"noreferrer noopener\">Essonne : nouvelle gr\u00e8ve au lyc\u00e9e Tesla de Dourdan<\/a>&nbsp;(Le-republicain)<br><br><a href=\"https:\/\/www.notretemps.com\/depeches\/salaires-chez-amazon-france-la-pression-syndicale-s-accentue-avant-la-fin-des-negociations-49687\" target=\"_blank\" rel=\"noreferrer noopener\">Salaires chez Amazon France: la pression syndicale s&rsquo;accentue avant la fin des n\u00e9gociations<\/a>&nbsp;(Notre Temps)<br><br><a href=\"https:\/\/www.francebleu.fr\/infos\/societe\/arles-les-eboueurs-en-greve-des-rues-couvertes-de-dechets-avant-la-feria-1649880042\" target=\"_blank\" rel=\"noreferrer noopener\">Arles : les \u00e9boueurs en gr\u00e8ve, des rues couvertes de d\u00e9chets avant la f\u00e9ria<\/a>&nbsp;(France Bleu)<br><br><a href=\"https:\/\/www.lindependant.fr\/2022\/04\/13\/port-la-nouvelle-mouvement-social-a-lafarge-10234530.php\" target=\"_blank\" rel=\"noreferrer noopener\">Port-La Nouvelle : mouvement social \u00e0 Lafarge<\/a>&nbsp;(L&rsquo;Ind\u00e9pendant)<br><br><a href=\"https:\/\/www.leprogres.fr\/social\/2022\/04\/13\/la-greve-continue-sur-le-site-tessi-gerland\" target=\"_blank\" rel=\"noreferrer noopener\">Lyon 7e La gr\u00e8ve continue sur le site Tessi Gerland<\/a>&nbsp;(Le Progr\u00e8s)<br><br><a href=\"https:\/\/www.lechorepublicain.fr\/coudray-28630\/actualites\/la-greve-des-soignants-se-durcit-aux-hopitaux-de-chartres_14115245\/\" target=\"_blank\" rel=\"noreferrer noopener\">La gr\u00e8ve des soignants se durcit aux H\u00f4pitaux de Chartres<\/a>&nbsp;(L&rsquo;Echo R\u00e9publicain)<br><br><a href=\"https:\/\/www.humanite.fr\/social-eco\/donges-le-conflit-dure-746269\" target=\"_blank\" rel=\"noreferrer noopener\">\u00c0 Donges, le conflit dure<\/a>&nbsp;(L&rsquo;Humanit\u00e9)<br><br><a href=\"https:\/\/www.francebleu.fr\/infos\/transports\/po-les-salaries-appeles-a-se-mobiliser-a-calais-et-en-angleterre-1649868481\" target=\"_blank\" rel=\"noreferrer noopener\">P&amp;O : un navire bloqu\u00e9, les salari\u00e9s appel\u00e9s \u00e0 se mobiliser \u00e0 Calais et en Angleterre<\/a>&nbsp;(France Bleu)<\/p>\n\n\n\n<p><a href=\"https:\/\/www.lutte-ouvriere.org\/actualite\/echos\" title=\"\">RTM Marseille&nbsp;:&nbsp; Rien \u00e0 comprendre<\/a> (LO)<\/p>\n\n\n\n<p><a href=\"https:\/\/reporterre.net\/En-Guadeloupe-Melenchon-avait-compris-notre-detresse?utm_source=actus_lilo\">En Guadeloupe, M\u00e9lenchon avait compris notre d\u00e9tresse<\/a> (Reporterre)<\/p>\n\n\n\n<p><strong>Monde<\/strong><\/p>\n\n\n\n<p><strong>Royaume-Uni<\/strong> &#8211; <a href=\"https:\/\/lareleveetlapeste.fr\/des-centaines-de-manifestants-ont-bloque-10-terminaux-petroliers-et-provoque-des-penuries-au-royaume-uni\/\">Des centaines de manifestants ont bloqu\u00e9 10 terminaux p\u00e9troliers <\/a>&nbsp;(La Rel\u00e8ve et la Peste)<\/p>\n\n\n\n<figure class=\"wp-block-image size-full\"><img data-recalc-dims=\"1\" loading=\"lazy\" decoding=\"async\" width=\"353\" height=\"237\" src=\"https:\/\/i0.wp.com\/www.rdpemancipation.org\/wp-content\/uploads\/2022\/04\/image-76.png?resize=353%2C237&#038;ssl=1\" alt=\"\" class=\"wp-image-81512\" srcset=\"https:\/\/i0.wp.com\/www.rdpemancipation.org\/wp-content\/uploads\/2022\/04\/image-76.png?w=353&amp;ssl=1 353w, https:\/\/i0.wp.com\/www.rdpemancipation.org\/wp-content\/uploads\/2022\/04\/image-76.png?resize=300%2C201&amp;ssl=1 300w\" sizes=\"auto, (max-width: 353px) 100vw, 353px\" \/><\/figure>\n\n\n\n<p><strong>Analyse<\/strong><\/p>\n\n\n\n<p><a href=\"https:\/\/la-bas.org\/la-bas-magazine\/reportages\/nous-avons-perdu-toutes-les-batailles-mais-c-est-nous-qui-avions-les-plus\">\u00ab&nbsp;c\u2019est nous qui avions les plus belles chansons&nbsp;\u00bb. Une autre histoire de l\u2019Internationale<\/a> (L\u00e0-bas si j\u2019y suis)<\/p>\n\n\n\n<figure class=\"wp-block-image size-full\"><img data-recalc-dims=\"1\" loading=\"lazy\" decoding=\"async\" width=\"353\" height=\"204\" src=\"https:\/\/i0.wp.com\/www.rdpemancipation.org\/wp-content\/uploads\/2022\/04\/image-77.png?resize=353%2C204&#038;ssl=1\" alt=\"\" class=\"wp-image-81513\" srcset=\"https:\/\/i0.wp.com\/www.rdpemancipation.org\/wp-content\/uploads\/2022\/04\/image-77.png?w=353&amp;ssl=1 353w, https:\/\/i0.wp.com\/www.rdpemancipation.org\/wp-content\/uploads\/2022\/04\/image-77.png?resize=300%2C173&amp;ssl=1 300w\" sizes=\"auto, (max-width: 353px) 100vw, 353px\" \/><\/figure>\n\n\n\n<p> <strong><mark style=\"background-color:rgba(0, 0, 0, 0);color:#c40303\" class=\"has-inline-color\">14 avril en continu<\/mark><\/strong><\/p>\n\n\n\n<p><a href=\"https:\/\/www.facebook.com\/luttesinvisibles\" title=\"Mobilisations du jour\">Mobilisations du jour<\/a> (Luttes Invisibles)<\/p>\n\n\n\n<p><a href=\"https:\/\/www.lemonde.fr\/idees\/article\/2022\/04\/14\/stellantis-les-remunerations-indecentes-sapent-le-contrat-social_6122109_3232.html\">Stellantis&nbsp;: les r\u00e9mun\u00e9rations ind\u00e9centes sapent le contrat social<\/a> (Le Monde)<\/p>\n\n\n\n<p><a href=\"https:\/\/www.humanite.fr\/social-eco\/renault\/le-vrai-bilan-social-du-groupe-renault-746266\">Le vrai bilan social du groupe Renault<\/a> (L\u2019Humanit\u00e9)<\/p>\n\n\n\n<figure class=\"wp-block-image is-resized\"><img data-recalc-dims=\"1\" loading=\"lazy\" decoding=\"async\" src=\"https:\/\/i0.wp.com\/www.humanite.fr\/sites\/default\/files\/styles\/1200x675_full\/public\/images\/297668.HR.jpg?resize=423%2C237&#038;ssl=1\" alt=\"\" width=\"423\" height=\"237\"\/><\/figure>\n\n\n\n<p><a href=\"https:\/\/www.humanite.fr\/social-eco\/industrie\/stellantis-180-000-eu-par-jour-pour-tavares-40-eu-de-plus-par-mois-pour-les-salaries-746338\">Stellantis : 180\u2009000&nbsp;\u20ac par jour pour Tavares, 40 \u20ac de plus par mois pour les salari\u00e9s&#8230;<\/a> (L\u2019Humanit\u00e9)<\/p>\n\n\n\n<p><a href=\"https:\/\/www.force-ouvriere.fr\/picard-refroidit-ses-salaries\">Picard refroidit ses salari\u00e9s<\/a> (FO)<\/p>\n\n\n\n<p><a href=\"https:\/\/basta.media\/droit-au-logement-prioritaire-Dalo-mal-loges-campement-DAL-prix-immobilier-habitat-insalubre\">\u00ab&nbsp;J\u2019habite un logement insalubre &#8230;\u00bb&nbsp;: mal-log\u00e9s, victimes des propri\u00e9taires, oubli\u00e9s par l\u2019\u00c9tat<\/a> (Basta)<\/p>\n\n\n\n<pre class=\"wp-block-preformatted\">Depuis plus d\u2019un mois, l\u2019association Droit au logement a install\u00e9 un campement en plein Paris pour exiger le relogement des 200 personnes. Des familles menac\u00e9es d\u2019expulsion ou log\u00e9es dans un logement insalubre, pourtant reconnues comme prioritaires Dalo.<\/pre>\n\n\n\n<p><a href=\"https:\/\/www.acrimed.org\/Les-greves-se-multiplient-dans-les-redactions\">Les gr\u00e8ves se multiplient dans les r\u00e9dactions<\/a>&nbsp;(Acrimed)<\/p>\n\n\n\n<p><a href=\"https:\/\/www.leparisien.fr\/val-d-oise-95\/une-question-de-dignite-centieme-jour-de-greve-pour-les-soignantes-de-lehpad-de-neuville-sur-oise-13-04-2022-XLBX2GYNLRFGZOPIVWNSKEQ5YY.php\">Centi\u00e8me jour de gr\u00e8ve pour les soignantes de l\u2019Ehpad de Neuville-sur-Oise<\/a>&nbsp;(Le Parisien)<\/p>\n\n\n\n<p><a href=\"https:\/\/www.infolibertaire.net\/la-poste-six-mois-de-lutte-des-travailleurs-sans-papiers-de-dpd\/\">La Poste : six mois de lutte des travailleurs sans-papiers de DPD<\/a>&nbsp;(infoLibertaire.net)<\/p>\n\n\n\n<p><a href=\"https:\/\/www.cgt-culture.fr\/greve-pour-les-salaires-chez-ducasse-restauration-au-musee-du-louvre-19732\/\">Gr\u00e8ve pour les salaires chez Ducasse Restauration au mus\u00e9e du Louvre<\/a>&nbsp;(Cgt-culture)<\/p>\n\n\n\n<p><a href=\"https:\/\/www.leprogres.fr\/social\/2022\/04\/12\/grogne-sociale-sur-le-site-tessi-lyon-a-gerland\">Lyon. Grogne sociale sur le site Tessi Lyon \u00e0 Gerland<\/a>&nbsp;(Le Progr\u00e8s)<\/p>\n\n\n\n<p><a href=\"https:\/\/caen.maville.com\/actu\/actudet_-douvres-la-delivrande.-chez-batimetal-la-greve-pour-les-salaires-s-eternise-_fil-5176956_actu.Htm\">Douvres-la-D\u00e9livrande. Chez Batim\u00e9tal, la gr\u00e8ve pour les salaires s\u2019\u00e9ternise<\/a>&nbsp;(Caen)<\/p>\n\n\n\n<p><a href=\"https:\/\/www.ouest-france.fr\/pays-de-la-loire\/donges-44480\/donges-la-raffinerie-toujours-en-greve-pour-la-troisieme-semaine-377a234c-ba36-11ec-8d7b-eadffabda386\">Donges. La raffinerie toujours en gr\u00e8ve pour la troisi\u00e8me semaine<\/a>&nbsp;(Ouest France)<\/p>\n\n\n\n<p><a href=\"https:\/\/www.nordlittoral.fr\/141726\/article\/2022-04-12\/calais-une-trentaine-de-salaries-font-greve-xpo-logistics-un-accord-trouve\">Calais : une trentaine de salari\u00e9s font gr\u00e8ve \u00e0 XPO Logistics, un accord trouv\u00e9<\/a>&nbsp;(Nord Littoral)<\/p>\n\n\n\n<p><a href=\"https:\/\/www.rci.fm\/martinique\/infos\/Social\/Nouvelle-operation-coup-de-poing-des-salaries-de-Carrefour-Market#\">Martinique. Nouvelle op\u00e9ration coup de poing des salari\u00e9s de Carrefour Market<\/a>&nbsp;(RCI)<\/p>\n\n\n\n<p><a href=\"https:\/\/www.fo-metaux.org\/articles\/lear-revaloriser-les-salaires\">Lear : revaloriser les salaires<\/a>&nbsp;(Fo-metaux)<\/p>\n\n\n\n<p><a href=\"https:\/\/www.revolutionpermanente.fr\/Saint-Denis-500-personnes-rassemblees-contre-la-repression-des-enseignants-de-Pasteur\">500 personnes rassembl\u00e9es contre la r\u00e9pression des enseignants de Pasteur<\/a>&nbsp;(R\u00e9volution Permanente)<\/p>\n\n\n\n<p><a href=\"https:\/\/lareleveetlapeste.fr\/la-decroissance-implique-dinstaurer-un-salaire-maximum-acceptable\/\"><strong>\u00ab La d\u00e9croissance implique d\u2019instaurer un salaire maximum acceptable <\/strong>\u00bb<\/a> (La rel\u00e8ve et la Peste)<\/p>\n\n\n\n<p><a href=\"https:\/\/www.miroirsocial.com\/participatif\/vers-une-benevolisation-de-laction-publique\">Vers une b\u00e9n\u00e9volisation de l\u2019action publique ?<\/a> (Miroir Social)<\/p>\n\n\n\n<p><a href=\"https:\/\/www.miroirsocial.com\/participatif\/quand-la-deloyaute-de-lemployeur-est-acceptee-par-la-justice\">Quand la d\u00e9loyaut\u00e9 de l\u2019employeur est accept\u00e9e par la justice<\/a> (Miroir Social)<\/p>\n\n\n\n<p><strong><a href=\"file:\/\/\/C:\\Users\\ut\\Desktop\\EMANCIPATION\\v\">Les maladies professionnelles touchent les moins qualifi\u00e9s<\/a> <\/strong>(Observatoire des In\u00e9galit\u00e9s)<\/p>\n\n\n\n<p><a href=\"https:\/\/barrikade.info\/article\/5117\">Journ\u00e9es internationales d\u2019action contre l\u2019expropriation capitaliste<\/a> (All. \u2013 Barrikade)<\/p>\n\n\n\n<figure class=\"wp-block-image size-full\"><img data-recalc-dims=\"1\" loading=\"lazy\" decoding=\"async\" width=\"360\" height=\"204\" src=\"https:\/\/i0.wp.com\/www.rdpemancipation.org\/wp-content\/uploads\/2022\/04\/image-72.png?resize=360%2C204&#038;ssl=1\" alt=\"\" class=\"wp-image-81356\" srcset=\"https:\/\/i0.wp.com\/www.rdpemancipation.org\/wp-content\/uploads\/2022\/04\/image-72.png?w=360&amp;ssl=1 360w, https:\/\/i0.wp.com\/www.rdpemancipation.org\/wp-content\/uploads\/2022\/04\/image-72.png?resize=300%2C170&amp;ssl=1 300w\" sizes=\"auto, (max-width: 360px) 100vw, 360px\" \/><\/figure>\n\n\n\n<p><a href=\"https:\/\/lanticapitaliste.org\/actualite\/entreprises\/le-demantelement-du-groupe-renault-est-en-preparation\">Le d\u00e9mant\u00e8lement du groupe Renault est en pr\u00e9paration<\/a> (Auto-critique)<\/p>\n\n\n\n<p><strong>Monde<\/strong><\/p>\n\n\n\n<p><a href=\"https:\/\/rebelion.org\/la-rebelion-de-una-generacion-de-trabajadores-esta-en-marcha\/\"><strong>USA <\/strong>&#8211; La r\u00e9bellion d\u2019une g\u00e9n\u00e9ration de travailleurs est en cours<\/a><strong> <\/strong>(Esp&nbsp;; &#8211; Rebeli\u03ccn)<\/p>\n\n\n\n<p><a href=\"https:\/\/www.euractiv.fr\/section\/economie\/news\/usa-amazon-responsable-de-la-moitie-des-blessures-dans-les-entrepots-en-2021-selon-les-syndicats\/\"><strong>USA<\/strong> &#8211; Amazon responsable de la moiti\u00e9 des blessures dans les entrep\u00f4ts en 2021 selon les syndicats<\/a> (Euractiv)<\/p>\n\n\n\n<p><strong>Analyse<\/strong><\/p>\n\n\n\n<p><a href=\"https:\/\/www.alternatives-economiques.fr\/faut-croire-aux-relocalisations\/00102997\">Faut-il croire aux relocalisations&nbsp;?<\/a> (Alternatives Economiques)<\/p>\n\n\n\n<p><a href=\"https:\/\/www.politis.fr\/articles\/2022\/04\/letat-nouveau-drh-du-capitalisme-mondial-44310\/\">L\u2019\u00c9tat, nouveau DRH du capitalisme mondial <\/a>&nbsp;(Politis)<\/p>\n\n\n\n<p><a href=\"https:\/\/www.arretsurimages.net\/emissions\/arret-sur-images\/climat-les-francais-les-plus-precaires-remplissent-deja-leur-part-du-contrat\">Climat&nbsp;: \u00ab&nbsp;Les fran\u00e7ais les plus pr\u00e9caires remplissent d\u00e9j\u00e0 leur part du contrat&nbsp;\u00bb&nbsp;<\/a>(Arr\u00eat sur Images)<\/p>\n\n\n\n<p><a href=\"https:\/\/www.contretemps.eu\/1906-clemenceau-manifestations-police-repression\/\">1906 : Clemenceau et l\u2019interdiction des manifestations<\/a> (Contretemps)<\/p>\n\n\n\n<figure class=\"wp-block-image size-full\"><img data-recalc-dims=\"1\" loading=\"lazy\" decoding=\"async\" width=\"365\" height=\"223\" src=\"https:\/\/i0.wp.com\/www.rdpemancipation.org\/wp-content\/uploads\/2022\/04\/image-73.png?resize=365%2C223&#038;ssl=1\" alt=\"\" class=\"wp-image-81357\" srcset=\"https:\/\/i0.wp.com\/www.rdpemancipation.org\/wp-content\/uploads\/2022\/04\/image-73.png?w=365&amp;ssl=1 365w, https:\/\/i0.wp.com\/www.rdpemancipation.org\/wp-content\/uploads\/2022\/04\/image-73.png?resize=300%2C183&amp;ssl=1 300w\" sizes=\"auto, (max-width: 365px) 100vw, 365px\" \/><\/figure>\n\n\n\n<p><a href=\"https:\/\/www.franceinter.fr\/emissions\/affaires-sensibles\/affaires-sensibles-du-mardi-12-octobre-2021\">La gr\u00e8ve oubli\u00e9e de 1947 <\/a>(Affaires Sensibles)<\/p>\n\n\n\n<p><a href=\"https:\/\/jacobinmag.com\/2022\/04\/esping-andersen-welfare-state-social-democracy-benefits\">Plus l\u2019\u00c9tat-providence est d\u00e9velopp\u00e9, plus le peuple est libre <\/a>&nbsp;(jacobin)<\/p>\n\n\n\n<figure class=\"wp-block-image size-full\"><img data-recalc-dims=\"1\" loading=\"lazy\" decoding=\"async\" width=\"360\" height=\"275\" src=\"https:\/\/i0.wp.com\/www.rdpemancipation.org\/wp-content\/uploads\/2022\/04\/image-74.png?resize=360%2C275&#038;ssl=1\" alt=\"\" class=\"wp-image-81360\" srcset=\"https:\/\/i0.wp.com\/www.rdpemancipation.org\/wp-content\/uploads\/2022\/04\/image-74.png?w=360&amp;ssl=1 360w, https:\/\/i0.wp.com\/www.rdpemancipation.org\/wp-content\/uploads\/2022\/04\/image-74.png?resize=300%2C229&amp;ssl=1 300w\" sizes=\"auto, (max-width: 360px) 100vw, 360px\" \/><figcaption>        Une manifestation du premier mai \u00e0 Sundsvall, en Su\u00e8de, en 1890. (Wikimedia Commons)<\/figcaption><\/figure>\n\n\n\n<p> <strong><mark style=\"background-color:rgba(0, 0, 0, 0);color:#c40303\" class=\"has-inline-color\">13 avril en continu<\/mark><\/strong><\/p>\n\n\n\n<p><a href=\"https:\/\/linsoumission.fr\/2022\/04\/13\/logement-dal-repression-policiere\/\"><strong>Scandale : des militants du droit au logement (DAL) violemment r\u00e9prim\u00e9s<\/strong><\/a> <strong>(L&rsquo;Insoumission)<\/strong><\/p>\n\n\n\n<p><strong><a href=\"https:\/\/lanticapitaliste.org\/actualite\/entreprises\/la-sam-entre-menace-devacuation-et-garantie-dun-maintien-des-machines\">La SAM entre menace d\u2019\u00e9vacuation et garantie d\u2019un maintien des machines<\/a> (Auto-critique)<\/strong><\/p>\n\n\n\n<p><strong><a href=\"https:\/\/lanticapitaliste.org\/actualite\/entreprises\/greve-amazon-veut-vivre-de-notre-travail\">Gr\u00e8ve \u00e0 Amazon\u2009: \u00ab\u2009On veut vivre de notre travail\u2009\u00bb<\/a> (L\u2019Anticapitaliste)<\/strong><\/p>\n\n\n\n<p><strong><a href=\"https:\/\/lanticapitaliste.org\/actualite\/entreprises\/salaires-victoire-de-la-lutte-des-dassault\">Salaires : victoire de la lutte des Dassault\u2009!<\/a> (L\u2019Anticapitaliste)<\/strong><\/p>\n\n\n\n<p><a href=\"https:\/\/www.humanite.fr\/social-eco\/contrats-aides\/nouveau-coup-contre-les-contrats-aides-746084\">Nouveau coup contre les contrats aid\u00e9s<\/a> (L\u2019Humanit\u00e9)<\/p>\n\n\n\n<pre class=\"wp-block-preformatted has-small-font-size\">Associations Une circulaire limite la prise en charge et le renouvellement des parcours emploi formation.<\/pre>\n\n\n\n<p><strong><a href=\"https:\/\/www.lutte-ouvriere.org\/actualite\/echos\">PSA Metz-Borny&nbsp;:&nbsp; 180 821 \u20ac par jour pour Tavares !<\/a> <\/strong>(LO)<\/p>\n\n\n\n<figure class=\"wp-block-image size-full\"><img data-recalc-dims=\"1\" loading=\"lazy\" decoding=\"async\" width=\"360\" height=\"275\" src=\"https:\/\/i0.wp.com\/www.rdpemancipation.org\/wp-content\/uploads\/2022\/04\/image-68.png?resize=360%2C275&#038;ssl=1\" alt=\"\" class=\"wp-image-81171\" srcset=\"https:\/\/i0.wp.com\/www.rdpemancipation.org\/wp-content\/uploads\/2022\/04\/image-68.png?w=360&amp;ssl=1 360w, https:\/\/i0.wp.com\/www.rdpemancipation.org\/wp-content\/uploads\/2022\/04\/image-68.png?resize=300%2C229&amp;ssl=1 300w\" sizes=\"auto, (max-width: 360px) 100vw, 360px\" \/><\/figure>\n\n\n\n<p><strong><a href=\"https:\/\/www.facebook.com\/luttesinvisibles\" title=\"Mobilisations du jour\">Mobilisations du jour<\/a> (Luttes Invisibles)<\/strong><\/p>\n\n\n\n<p><a href=\"https:\/\/reporterre.net\/Pauvrete-racisme-climat-les-luttes-font-front-uni-dans-la-rue\">Pauvret\u00e9, racisme, climat&nbsp;: les luttes font front uni dans la rue<\/a> (Reporterre)<\/p>\n\n\n\n<p><a href=\"https:\/\/www.lemonde.fr\/societe\/article\/2022\/04\/11\/a-saint-denis-emotion-autour-de-la-mutation-sanction-de-six-enseignants_6121729_3224.html\" target=\"_blank\" rel=\"noreferrer noopener\">A Saint-Denis, \u00e9motion autour de la \u00ab mutation-sanction \u00bb de six enseignants<\/a>&nbsp;(Le Monde)<br><br><a href=\"https:\/\/www.lavoixdunord.fr\/1165540\/article\/2022-04-11\/lille-200-pompiers-exigent-une-prime-d-iat-plus-elevee-et-plus-juste\" target=\"_blank\" rel=\"noreferrer noopener\">Lille: 200 pompiers exigent une prime d\u2019IAT \u00abplus \u00e9lev\u00e9e et plus juste\u00bb<\/a>&nbsp;(La Voix du Nord)<br><br><a href=\"https:\/\/france3-regions.francetvinfo.fr\/hauts-de-france\/nord-0\/lille\/video-les-sapeurs-pompiers-manifestent-a-lille-contre-des-embauches-a-moindre-cout-2523588.html\" target=\"_blank\" rel=\"noreferrer noopener\">Video. Les sapeurs-pompiers manifestent \u00e0 Lille contre des embauches \u00ab\u00a0\u00e0 moindre co\u00fbt\u00a0\u00bb<\/a>&nbsp;(France 3 R\u00e9gions)<br><br><a href=\"https:\/\/fdgpierrebe.over-blog.com\/2022\/04\/lutte-pour-l-emploi-dans-le-groupe-boehringer-ingelheim.html\" target=\"_blank\" rel=\"noreferrer noopener\">Lutte pour l&#8217;emploi dans le groupe BOEHRINGER-INGELHEIM.<\/a>&nbsp;(Fdgpierrebe)<br><br><a href=\"https:\/\/www.usinenouvelle.com\/article\/les-syndicats-d-amazon-en-france-unis-pour-reclamer-des-hausses-de-salaires.N1992537\" target=\"_blank\" rel=\"noreferrer noopener\">Les syndicats d&rsquo;Amazon en France unis pour r\u00e9clamer des hausses de salaires<\/a>&nbsp;(L&rsquo;Usine Nouvelle)<br><br><a href=\"https:\/\/www.ledauphine.com\/sante\/2022\/04\/12\/isere-bourgoin-jallieu-nouvel-appel-a-la-greve-a-l-hopital-pierre-oudot\" target=\"_blank\" rel=\"noreferrer noopener\">Is\u00e8re. Bourgoin-Jallieu : nouvel appel \u00e0 la gr\u00e8ve \u00e0 l\u2019h\u00f4pital Pierre-Oudot<\/a>&nbsp;(Le Dauphin\u00e9 Lib\u00e9r\u00e9)<br><br><a href=\"https:\/\/www.bfmtv.com\/cote-d-azur\/replay-emissions\/bonsoir-cote-d-azur\/cote-d-azur-les-pilotes-de-canadairs-en-greve-en-juillet_VN-202204120099.html\" target=\"_blank\" rel=\"noreferrer noopener\">C\u00f4te d&rsquo;Azur: les pilotes de Canadairs en gr\u00e8ve en juillet?<\/a>&nbsp;(BFMTV)<br><br><a href=\"https:\/\/www.ledauphine.com\/social\/2022\/04\/11\/a-reseau-de-transport-d-electricite-les-salaries-en-greve\" target=\"_blank\" rel=\"noreferrer noopener\">Ch\u00e2teauneuf-du-Rh\u00f4ne. \u00c0 R\u00e9seau de transport d\u2019\u00e9lectricit\u00e9 , les salari\u00e9s en gr\u00e8ve<\/a>&nbsp;(Le Dauphin\u00e9 Lib\u00e9r\u00e9)<br><br><a href=\"https:\/\/www.clicanoo.re\/rubriques\/societe\/2022\/04\/12\/les-syndicats-dassistants-familiaux-dans-la-rue\" target=\"_blank\" rel=\"noreferrer noopener\">La R\u00e9union. Les syndicats d&rsquo;assistants familiaux dans la rue<\/a>&nbsp;(<a href=\"http:\/\/clicanoo.re\/\" target=\"_blank\" rel=\"noreferrer noopener\">Clicanoo.re<\/a>)<br><br><a href=\"https:\/\/www.lepetitjournal.net\/66-pyrenees-orientales\/2022\/04\/12\/fin-du-conflit-des-facteurs-des-alberes\/#gsc.tab=0\" target=\"_blank\" rel=\"noreferrer noopener\">Pyr\u00e9n\u00e9es-orientales. Fin du conflit des facteurs des Alb\u00e8res<\/a>&nbsp;(Le Petit Journal)<br><br><a href=\"https:\/\/www.lepetitjournal.net\/82-tarn-et-garonne\/2022\/04\/12\/les-surveillants-de-prison-en-greve\/#gsc.tab=0\" target=\"_blank\" rel=\"noreferrer noopener\">Montauban. Les surveillants de prison en gr\u00e8ve&nbsp;<\/a>(Le Petit Journal)<\/p>\n\n\n\n<p><a href=\"https:\/\/www.miroirsocial.com\/participatif\/la-mediation-dans-les-entreprises-9-raisons-pour-y-avoir-recours-en-2022\">La m\u00e9diation dans les entreprises : 9 raisons pour y avoir recours en 2022<\/a> (Miroir social)<\/p>\n\n\n\n<p><a href=\"https:\/\/www.miroirsocial.com\/participatif\/nao-2022-chez-securitas-encore-un-accord-au-rabais\">NAO 2022 chez Securitas : encore un accord au rabais<\/a> (Miroir social)<\/p>\n\n\n\n<p><a href=\"https:\/\/www.miroirsocial.com\/participatif\/le-31-mars-2022-des-millions-de-salaries-auraient-du-voir-leur-cpf-abonde-de-3-000-eu\">Le 31 mars, des millions de salari\u00e9s auraient d\u00fb voir leur CPF abond\u00e9 de 3 000 \u20ac<\/a> (Miroir social)<\/p>\n\n\n\n<p><a href=\"https:\/\/npa67strasbourg.wordpress.com\/2022\/04\/11\/amazon-les-grevistes-maintiennent-la-pression\/\" target=\"_blank\" rel=\"noreferrer noopener\">Amazon : les gr\u00e9vistes \u00ab maintiennent la pression \u00bb<\/a>&nbsp;(Npa67strasbourg)<\/p>\n\n\n\n<p><strong>Monde<\/strong><\/p>\n\n\n\n<p><strong>Mexique<\/strong> \u2013 <a href=\"https:\/\/lundi.am\/Mexique-Une-caravane-pour-l-eau-pour-la-vie-et-contre-le-pillage-capitaliste\">Une caravane \u00ab&nbsp;pour l\u2019eau, contre le pillage capitaliste&nbsp;\u00bb sillonne le pays et ses luttes<\/a> (Lundi-am)<\/p>\n\n\n\n<p><strong>Analyse<\/strong><\/p>\n\n\n\n<p><a href=\"http:\/\/www.blog-illusio.com\/2022\/04\/derriere-l-exces-mondial-d-epargne-les-inegalites-de-richesse.html\">Derri\u00e8re l\u2019exc\u00e8s mondial d\u2019\u00e9pargne, les in\u00e9galit\u00e9s de richesse<\/a> (D\u2019un champ l\u2019autre)<\/p>\n\n\n\n<figure class=\"wp-block-image size-full\"><img data-recalc-dims=\"1\" loading=\"lazy\" decoding=\"async\" width=\"360\" height=\"226\" src=\"https:\/\/i0.wp.com\/www.rdpemancipation.org\/wp-content\/uploads\/2022\/04\/image-69.png?resize=360%2C226&#038;ssl=1\" alt=\"\" class=\"wp-image-81172\" srcset=\"https:\/\/i0.wp.com\/www.rdpemancipation.org\/wp-content\/uploads\/2022\/04\/image-69.png?w=360&amp;ssl=1 360w, https:\/\/i0.wp.com\/www.rdpemancipation.org\/wp-content\/uploads\/2022\/04\/image-69.png?resize=300%2C188&amp;ssl=1 300w\" sizes=\"auto, (max-width: 360px) 100vw, 360px\" \/><\/figure>\n\n\n\n<p><br><strong><mark style=\"background-color:rgba(0, 0, 0, 0);color:#c40303\" class=\"has-inline-color\">12 avril en continu<\/mark><\/strong><\/p>\n\n\n\n<p><a href=\"https:\/\/www.humanite.fr\/social-eco\/sfr\/greve-chez-sfr-pour-des-salaires-plus-hauts-que-le-smic-745983\">Gr\u00e8ve chez SFR pour des salaires plus hauts que le Smic<\/a> (L\u2019Humanit\u00e9)<\/p>\n\n\n\n<p><a href=\"https:\/\/www.revolutionpermanente.fr\/Les-aiguilleurs-de-la-region-toulousaine-en-greve-massive-pour-les-salaires-et-des-embauches\">Les aiguilleurs de la r\u00e9gion toulousaine en gr\u00e8ve massive pour les salaires et des embauches<\/a> (RP)<\/p>\n\n\n\n<p><strong><a href=\"https:\/\/reporterre.net\/Amazon-les-grevistes-maintiennent-la-pression\">Amazon&nbsp;: les gr\u00e9vistes \u00ab&nbsp;maintiennent la pression&nbsp;\u00bb<\/a>. (Reporterre)<\/strong><\/p>\n\n\n\n<figure class=\"wp-block-image size-full\"><img data-recalc-dims=\"1\" loading=\"lazy\" decoding=\"async\" width=\"350\" height=\"234\" src=\"https:\/\/i0.wp.com\/www.rdpemancipation.org\/wp-content\/uploads\/2022\/04\/image-61.png?resize=350%2C234&#038;ssl=1\" alt=\"\" class=\"wp-image-80991\" srcset=\"https:\/\/i0.wp.com\/www.rdpemancipation.org\/wp-content\/uploads\/2022\/04\/image-61.png?w=350&amp;ssl=1 350w, https:\/\/i0.wp.com\/www.rdpemancipation.org\/wp-content\/uploads\/2022\/04\/image-61.png?resize=300%2C201&amp;ssl=1 300w\" sizes=\"auto, (max-width: 350px) 100vw, 350px\" \/><\/figure>\n\n\n\n<p><a href=\"https:\/\/www.unioncommunistelibertaire.org\/?Dans-les-entrepots-Amazon-mobilisation-inedite-pour-les-salaires\">Dans les entrep\u00f4ts Amazon, mobilisation in\u00e9dite pour les salaires<\/a>. (UCL)<\/p>\n\n\n\n<p><a href=\"https:\/\/lundi.am\/Lacrymogene-mon-amour\">Nos col\u00e8res, on les avale comme des comprim\u00e9s. Lacrymog\u00e8ne mon amour.<\/a>(Lundi-am)<\/p>\n\n\n\n<p><a href=\"https:\/\/npa67strasbourg.wordpress.com\/2022\/04\/11\/amazon-les-grevistes-maintiennent-la-pression\/\" target=\"_blank\" rel=\"noreferrer noopener\">Amazon : les gr\u00e9vistes \u00ab maintiennent la pression \u00bb<\/a>&nbsp;(Npa67strasbourg)<\/p>\n\n\n\n<p><a href=\"https:\/\/intensite.net\/2009\/actu2022\/chartres-le-service-de-gerontologie-en-greve-340401\" target=\"_blank\" rel=\"noreferrer noopener\">Chartres. Le service de g\u00e9rontologie en gr\u00e8ve<\/a>&nbsp;(Radio Intensit\u00e9)<br><\/p>\n\n\n\n<p><a href=\"https:\/\/www.ouest-france.fr\/normandie\/vire-normandie-14500\/greve-des-agents-territoriaux-a-vire-les-services-publics-fortement-perturbes-c378cc4e-b721-11ec-91b4-4cb12076d3f2\" target=\"_blank\" rel=\"noreferrer noopener\">Gr\u00e8ve des agents territoriaux \u00e0 Vire : les services publics fortement perturb\u00e9s<\/a>&nbsp;(Ouest France)<\/p>\n\n\n\n<p><a href=\"https:\/\/actu.fr\/normandie\/douvres-la-delivrande_14228\/batimetal-a-douvres-la-delivrande-les-salaries-sont-en-greve_50139932.html\" target=\"_blank\" rel=\"noreferrer noopener\">Batim\u00e9tal \u00e0 Douvres-la-D\u00e9livrande : les salari\u00e9s sont en gr\u00e8ve&nbsp;<\/a>(<a href=\"http:\/\/actu.fr\/\" target=\"_blank\" rel=\"noreferrer noopener\">actu.fr<\/a>)<br><br><a href=\"https:\/\/www.lindependant.fr\/2022\/04\/11\/narbonne-les-agents-de-securite-de-lusine-orano-malvesi-en-greve-10229038.php\" target=\"_blank\" rel=\"noreferrer noopener\">Narbonne : les agents de s\u00e9curit\u00e9 de l&rsquo;usine Orano Malv\u00e9si en gr\u00e8ve<\/a>&nbsp;(L&rsquo;Ind\u00e9pendant)<br><br><a href=\"https:\/\/www.ouest-france.fr\/pays-de-la-loire\/donges-44480\/donges-raffinerie-totalenergies-on-entre-dans-la-3e-semaine-de-greve-250e62da-b992-11ec-857e-054a15b86122\" target=\"_blank\" rel=\"noreferrer noopener\">Donges. Raffinerie TotalEnergies : on entre dans la 3e semaine de gr\u00e8ve<\/a>&nbsp;(Ouest France)<br><br><a href=\"https:\/\/www.sudouest.fr\/landes\/landes-la-direction-du-sdis-cherche-a-eteindre-l-incendie-qui-couve-chez-les-pompiers-professionnels-10525522.php\" target=\"_blank\" rel=\"noreferrer noopener\">Landes : la direction du Sdis cherche \u00e0 \u00e9teindre l\u2019incendie qui couve chez les pompiers pros<\/a>&nbsp;(Sud Ouest)<br><br><a href=\"https:\/\/www.newsassurancespro.com\/ag2r-la-mondiale-les-organisations-syndicales-appellent-a-la-greve\/01691494669\" target=\"_blank\" rel=\"noreferrer noopener\">AG2R La Mondiale : Les organisations syndicales appellent \u00e0 la gr\u00e8ve<\/a>&nbsp;(Newsassurancespro)<br><br><a href=\"https:\/\/www.ouest-france.fr\/normandie\/pont-leveque-14130\/video-soignants-uses-une-greve-a-lehpad-de-pont-leveque-b925b765-d4cd-4a95-aa67-ef9c48c0be27\" target=\"_blank\" rel=\"noreferrer noopener\">Video. \u00ab Soignants us\u00e9s \u00bb : une gr\u00e8ve \u00e0 l\u2019Ehpad de Pont-l\u2019Eveque<\/a>&nbsp;(Ouest France)<br><br><a href=\"https:\/\/www.lavoixdunord.fr\/1165277\/article\/2022-04-11\/marck-greve-chez-xpo-logistics-contre-la-baisse-du-pouvoir-d-achat\" target=\"_blank\" rel=\"noreferrer noopener\">Calais. Marck: gr\u00e8ve chez XPO Logistics contre la baisse du pouvoir d\u2019achat<\/a>&nbsp;(La Voix du Nord)<br><br><a href=\"https:\/\/www.lavoixdunord.fr\/1165300\/article\/2022-04-11\/dunkerque-les-militants-cgt-d-arcelormittal-en-greve-depuis-jeudi\" target=\"_blank\" rel=\"noreferrer noopener\">Dunkerque: les militants CGT d\u2019ArcelorMittal en gr\u00e8ve depuis jeudi<\/a>&nbsp;(La Voix du Nord)<br><br><a href=\"https:\/\/www.legeneraliste.fr\/actu-pro\/politique-de-sante\/decu-de-la-campagne-presidentielle-lufml-s-appelle-la-greve\" target=\"_blank\" rel=\"noreferrer noopener\">D\u00e9\u00e7u de la campagne pr\u00e9sidentielle, l&rsquo;UFML-S appelle \u00e0 la gr\u00e8ve<\/a>&nbsp;(Legeneraliste)<\/p>\n\n\n\n<p><strong>Monde<\/strong><\/p>\n\n\n\n<p><strong>Ukraine &#8211; <a href=\"https:\/\/lanticapitaliste.org\/actualite\/international\/ukraine-les-patrons-utilisent-lurgence-de-la-guerre-pour-attaquer-les\">Les patrons utilisent l&rsquo;urgence de la guerre pour attaquer les travailleurs<\/a><\/strong> (L\u2019Antica)<\/p>\n\n\n\n<figure class=\"wp-block-image size-full\"><img data-recalc-dims=\"1\" loading=\"lazy\" decoding=\"async\" width=\"360\" height=\"271\" src=\"https:\/\/i0.wp.com\/www.rdpemancipation.org\/wp-content\/uploads\/2022\/04\/image-62.png?resize=360%2C271&#038;ssl=1\" alt=\"\" class=\"wp-image-80994\" srcset=\"https:\/\/i0.wp.com\/www.rdpemancipation.org\/wp-content\/uploads\/2022\/04\/image-62.png?w=360&amp;ssl=1 360w, https:\/\/i0.wp.com\/www.rdpemancipation.org\/wp-content\/uploads\/2022\/04\/image-62.png?resize=300%2C226&amp;ssl=1 300w\" sizes=\"auto, (max-width: 360px) 100vw, 360px\" \/><\/figure>\n\n\n\n<p><strong>Analyse<\/strong><\/p>\n\n\n\n<p><a href=\"https:\/\/theconversation.com\/les-heritiers-ce-que-bourdieu-et-passeron-nous-ont-appris-de-linegalite-des-chances-177185\">\u00ab&nbsp;Les H\u00e9ritiers&nbsp;\u00bb&nbsp;: Bourdieu et Passeron et l\u2019in\u00e9galit\u00e9 des&nbsp;chances<\/a>.<strong>(Ang. \u2013 The Conversation)<\/strong><\/p>\n\n\n\n<p><a href=\"https:\/\/www.revue-ballast.fr\/labecedaire-de-jose-carlos-mariategui\/\">L\u2019ab\u00e9c\u00e9daire de Jos\u00e9 Carlos Mari\u00e1tegui<\/a>. (Ballast)<\/p>\n\n\n\n<figure class=\"wp-block-image size-full\"><img data-recalc-dims=\"1\" loading=\"lazy\" decoding=\"async\" width=\"360\" height=\"360\" src=\"https:\/\/i0.wp.com\/www.rdpemancipation.org\/wp-content\/uploads\/2022\/04\/image-63.png?resize=360%2C360&#038;ssl=1\" alt=\"\" class=\"wp-image-80997\" srcset=\"https:\/\/i0.wp.com\/www.rdpemancipation.org\/wp-content\/uploads\/2022\/04\/image-63.png?w=360&amp;ssl=1 360w, https:\/\/i0.wp.com\/www.rdpemancipation.org\/wp-content\/uploads\/2022\/04\/image-63.png?resize=300%2C300&amp;ssl=1 300w, https:\/\/i0.wp.com\/www.rdpemancipation.org\/wp-content\/uploads\/2022\/04\/image-63.png?resize=150%2C150&amp;ssl=1 150w\" sizes=\"auto, (max-width: 360px) 100vw, 360px\" \/><\/figure>\n\n\n\n<p><a href=\"https:\/\/www.alternatives-economiques.fr\/francois-dubet\/merite-aux-enseignants\/00102882\">Ce que le m\u00e9rite fait aux enseignants<\/a>. (Alter Eco)<\/p>\n\n\n\n<p><strong><mark style=\"background-color:rgba(0, 0, 0, 0);color:#c40303\" class=\"has-inline-color\">11 avril en continu<\/mark><\/strong><\/p>\n\n\n\n<p><strong><a href=\"https:\/\/www.facebook.com\/luttesinvisibles\" title=\"Mobilisations du jour\">Mobilisations du jour<\/a> (Luttes Invisibles)<\/strong><\/p>\n\n\n\n<p><a href=\"https:\/\/www.lutte-ouvriere.org\/breves\/sante-malade-du-capitalisme-257530.html\">Sant\u00e9 : malade du capitalisme<\/a> (LO)<\/p>\n\n\n\n<figure class=\"wp-block-image size-full\"><img data-recalc-dims=\"1\" loading=\"lazy\" decoding=\"async\" width=\"358\" height=\"270\" src=\"https:\/\/i0.wp.com\/www.rdpemancipation.org\/wp-content\/uploads\/2022\/04\/image-56.png?resize=358%2C270&#038;ssl=1\" alt=\"\" class=\"wp-image-80861\" srcset=\"https:\/\/i0.wp.com\/www.rdpemancipation.org\/wp-content\/uploads\/2022\/04\/image-56.png?w=358&amp;ssl=1 358w, https:\/\/i0.wp.com\/www.rdpemancipation.org\/wp-content\/uploads\/2022\/04\/image-56.png?resize=300%2C226&amp;ssl=1 300w\" sizes=\"auto, (max-width: 358px) 100vw, 358px\" \/><\/figure>\n\n\n\n<p><a href=\"https:\/\/www.frustrationmagazine.fr\/rsa-temoignages\/\">Forcer les allocataires du RSA \u00e0 travailler pour un salaire de mis\u00e8re nous a mis la rage<\/a><strong> (Frustration)<\/strong><\/p>\n\n\n\n<p><a href=\"https:\/\/lareleveetlapeste.fr\/marche-pour-le-futur-seule-la-resistance-citoyenne-entrainera-les-changements-politiques-necessaires\/\">Marche pour le futur : seule la r\u00e9sistance citoyenne entra\u00eenera les changements politiques<\/a> (La Rel\u00e8ve et la Peste)<\/p>\n\n\n\n<p><a href=\"https:\/\/www.liberation.fr\/politique\/elections\/prime-macron-a-6-000-euros-la-grossiere-promesse-dun-candidat-de-droite-20220404_PHWXM7KMVNAFJNQC344BGEWQXA\/\">\u00abPrime Macron\u00bb \u00e0 6&nbsp;000&nbsp;euros: la grossi\u00e8re promesse d\u2019un candidat de droite<\/a> (Lib\u00e9)<\/p>\n\n\n\n<p><a href=\"https:\/\/www.marianne.net\/societe\/le-long-de-la-vologne-un-cas-decole-de-la-desindustrialisation-a-la-francaise\">Le long de la Vologne\u2009: un cas d&rsquo;\u00e9cole de la d\u00e9sindustrialisation \u00e0 la fran\u00e7aise<\/a> (Marianne)<\/p>\n\n\n\n<p><a href=\"https:\/\/aplutsoc.org\/2022\/04\/09\/deux-faits-de-la-lutte-des-classes-en-france\/\" target=\"_blank\" rel=\"noreferrer noopener\">Deux faits de la lutte des classes en France.<\/a>&nbsp;(Aplutsoc)<\/p>\n\n\n\n<p><a href=\"https:\/\/www.ladepeche.fr\/2022\/04\/08\/greve-a-la-sncf-des-perturbations-importantes-a-toulouse-et-dans-la-region-10223551.php\" target=\"_blank\" rel=\"noreferrer noopener\">Gr\u00e8ve \u00e0 la SNCF : des perturbations importantes \u00e0 Toulouse et dans la r\u00e9gion<\/a>&nbsp;(La D\u00e9peche)<br><br><a href=\"https:\/\/www.lamarseillaise.fr\/social\/la-cgt-remporte-les-elections-a-la-clinique-bonnefon-d-ales-BI10907710\" target=\"_blank\" rel=\"noreferrer noopener\">La CGT remporte les \u00e9lections \u00e0 la clinique Bonnefon d\u2019Al\u00e8s<\/a>&nbsp;(La Marseillaise)<br><br><a href=\"https:\/\/www.herault-tribune.com\/articles\/occitanie-une-journee-de-greve-annoncee-lundi-le-trafic-des-trains-tres-perturbe\/\" target=\"_blank\" rel=\"noreferrer noopener\">Occitanie : une journ\u00e9e de gr\u00e8ve annonc\u00e9e lundi, le trafic des trains tr\u00e8s perturb\u00e9<\/a>&nbsp;(Herault-tribune)<br><br><a href=\"https:\/\/www.midilibre.fr\/2022\/04\/10\/les-facteurs-de-beziers-clemenceau-ont-fait-greve-10225913.php\" target=\"_blank\" rel=\"noreferrer noopener\">Les facteurs de B\u00e9ziers Clemenceau ont fait gr\u00e8ve<\/a>&nbsp;(Midi Libre)<br><br><a href=\"https:\/\/www.lindependant.fr\/2022\/04\/10\/audepyrenees-orientales-un-mouvement-de-greve-va-impacter-le-trafic-sncf-jusqua-mardi-matin-10226708.php\" target=\"_blank\" rel=\"noreferrer noopener\">Aude\/Pyr\u00e9n\u00e9es-Orientales : une gr\u00e8ve va impacter le trafic SNCF jusqu&rsquo;\u00e0 mardi matin<\/a>&nbsp;(L&rsquo;Ind\u00e9pendant)<br><br><a href=\"https:\/\/la1ere.francetvinfo.fr\/guadeloupe\/les-usagers-du-nord-grande-terre-prives-des-professions-de-foi-des-candidats-en-raison-de-la-greve-des-facteurs-du-secteur-1271244.html\" target=\"_blank\" rel=\"noreferrer noopener\">Guadeloupe. Le Nord Grande Terre priv\u00e9s des professions de foi en raison de la gr\u00e8ve <\/a>&nbsp;(<a href=\"http:\/\/francetvinfo.fr\/\" target=\"_blank\" rel=\"noreferrer noopener\">francetvinfo.fr<\/a>)<\/p>\n\n\n\n<p><a href=\"https:\/\/www.leprogres.fr\/social\/2022\/04\/09\/greve-au-centre-hospitalier-depuis-le-29-mars\" target=\"_blank\" rel=\"noreferrer noopener\">Saint-Cyr-au-Mont-d\u2019Or. Gr\u00e8ve au centre hospitalier depuis le 29 mars<\/a>&nbsp;(Le Progr\u00e8s)<br><br><a href=\"https:\/\/mediaaquitaine40.blogspot.com\/2022\/04\/transports-les-negociations-sur-les.html\" target=\"_blank\" rel=\"noreferrer noopener\">Transports : les n\u00e9go sur les salaires vont-elles \u00e9chouer \u00e0 la RRTL et \u00e0 Trans-Landes ?<\/a>&nbsp;(Mediaaquitaine40)<\/p>\n\n\n\n<p><a href=\"https:\/\/www.sudeducalsace.info\/spip.php?article1785\" target=\"_blank\" rel=\"noreferrer noopener\">Soutien aux coll\u00e8gues de l\u2019\u00e9cole Pasteur (Saint-Denis, 93) !&nbsp;<\/a>(Sudeducalsace)<br><br><a href=\"https:\/\/www.laprovence.com\/article\/societe\/6722640\/marseille-fin-de-conflit-a-la-gare-concernant-la-proprete.html\" target=\"_blank\" rel=\"noreferrer noopener\">Marseille : fin de conflit \u00e0 la gare concernant la propret\u00e9<\/a>&nbsp;(La Provence)<br><\/p>\n\n\n\n<p><a href=\"https:\/\/mediaaquitaine40.blogspot.com\/2022\/04\/transports-les-negociations-sur-les.html\">Transports : les n\u00e9gociations vont-elles \u00e9chouer \u00e0 la RRTL et \u00e0 Trans-Landes<\/a>&nbsp;(Mediaaquitaine40)<\/p>\n\n\n\n<p><strong>Monde<\/strong><\/p>\n\n\n\n<p><strong><a href=\"https:\/\/www.contretemps.eu\/syndicat-victoire-amazon-staten-island-exploitation\/\">Comment la syndicalisation a r\u00e9ussi chez Amazon USA <\/a>(Contretemps, origine Jacobin)<\/strong><\/p>\n\n\n\n<p><a href=\"https:\/\/www.nytimes.com\/2022\/04\/08\/business\/economy\/starbucks-union-new-york-vote.html\">Progr\u00e8s de la syndicalisation chez Starbucks aux USA<\/a> (anglais -The New York Times)<\/p>\n\n\n\n<pre class=\"wp-block-preformatted has-small-font-size\">La r\u00e9forme de la CAF, qui a \u00e9t\u00e9 pilot\u00e9e par le cabinet McKinsey pour un co\u00fbt de 4 millions d\u2019euros d\u2019argent public, et qui \u00e9tait cens\u00e9e simplifier les d\u00e9marches a eu l\u2019effet contraire : entr\u00e9e en vigueur il y a un an, le d\u00e9lai de traitement des dossiers s\u2019est encore allong\u00e9 (<a href=\"https:\/\/rmc.bfmtv.com\/actualites\/economie\/conso\/caf-comment-la-reforme-des-apl-pilotee-par-mc-kinsey-a-conduit-a-des-retards-de-versements_AV-202204070099.html\">source<\/a>)<\/pre>\n\n\n\n<p><strong>S\u00e9n\u00e9gal<\/strong><a href=\"https:\/\/actusen.sn\/paralysie-du-secteur-de-la-sante-abdoulaye-diouf-sarr-brandit-le-baton-et-procede-a-une-ponction-salariale-des-agents-grevistes\/\">. Sant\u00e9 : Abdoulaye Diouf Sarr proc\u00e8de \u00e0 une ponction salariale des gr\u00e9vistes<\/a>&nbsp;(Actusen)<\/p>\n\n\n\n<p><strong>Analyse<\/strong><\/p>\n\n\n\n<p><a href=\"https:\/\/www.marianne.net\/societe\/de-lindustrie-a-la-consommation-la-france-se-condamne-a-la-depression-ou-a-la-secession\">De l&rsquo;industrie \u00e0 la consommation\u2009: la France se condamne \u00e0 la d\u00e9pression ou \u00e0 la s\u00e9cession<\/a> (Marianne)<\/p>\n\n\n\n<p><strong><mark style=\"background-color:rgba(0, 0, 0, 0);color:#c40303\" class=\"has-inline-color\">10 avril en continu<\/mark><\/strong><\/p>\n\n\n\n<p><strong><a href=\"https:\/\/www.facebook.com\/luttesinvisibles\" title=\"Mobilisations du jour\">Mobilisations du jour<\/a> (Luttes Invisibles)<\/strong><\/p>\n\n\n\n<figure class=\"wp-block-image is-resized is-style-default\"><img loading=\"lazy\" decoding=\"async\" src=\"https:\/\/scontent-frx5-1.xx.fbcdn.net\/v\/t39.30808-6\/277300649_1145767906253400_3493780262443802966_n.jpg?_nc_cat=110&amp;ccb=1-5&amp;_nc_sid=730e14&amp;_nc_ohc=gdrbsvrvvVIAX8Xpk9a&amp;_nc_ht=scontent-frx5-1.xx&amp;oh=00_AT_RCwmYQAcbiqfN2VdjFSLfstSSfsgkazRHQZipfFb7Rw&amp;oe=62549991\" alt=\"Peut \u00eatre une image de debout et texte qui dit \u2019BFM BUSESS EMMANUEL MACRON: &quot;LES PRESTATAIRES DU RSA DEVRONT FAIRE 15\u00c0 20 HEURES PAR SEMAINE&quot; ZalAani LE RETOUR DU TRAVAIL FORCE FLASH Emmanuel #Macron veut instaurer une obligation de 15 \u00e0 20 heures d'activit\u00e9 par semaine pour les b\u00e9n\u00e9ficiaires du #RSA. (conf\u00e9rence de presse). Il reinvente donc le temps partiel moins pay\u00e9 que le SMIC et sans cotiser pour la retraite en plus Magnifique arnaque! Une sorte d'esclavage moderne\u2019\" width=\"278\" height=\"423\"\/><\/figure>\n\n\n\n<p><a href=\"https:\/\/www.francetvinfo.fr\/economie\/emploi\/carriere\/vie-professionnelle\/retraite\/retraite-avec-l-augmentation-de-leurs-pensions-des-retraites-gagnent-moins_5068393.html#xtor=EPR-502\">Avec l\u2019augmentation de leurs pensions, des retrait\u00e9s gagnent moins&nbsp;!<\/a> Francetvinfo)<\/p>\n\n\n\n<p><a href=\"https:\/\/www.agoravox.fr\/actualites\/economie\/article\/l-effarante-invisibilisation-du-240795\">L\u2019effarante invisibilisation du ch\u00f4mage de masse<\/a> (Agoravox)<\/p>\n\n\n\n<figure class=\"wp-block-image size-full\"><img data-recalc-dims=\"1\" loading=\"lazy\" decoding=\"async\" width=\"368\" height=\"271\" src=\"https:\/\/i0.wp.com\/www.rdpemancipation.org\/wp-content\/uploads\/2022\/04\/image-46.png?resize=368%2C271&#038;ssl=1\" alt=\"\" class=\"wp-image-80729\" srcset=\"https:\/\/i0.wp.com\/www.rdpemancipation.org\/wp-content\/uploads\/2022\/04\/image-46.png?w=368&amp;ssl=1 368w, https:\/\/i0.wp.com\/www.rdpemancipation.org\/wp-content\/uploads\/2022\/04\/image-46.png?resize=300%2C221&amp;ssl=1 300w\" sizes=\"auto, (max-width: 368px) 100vw, 368px\" \/><\/figure>\n\n\n\n<p><a href=\"https:\/\/rebellyon.info\/Pour-un-1er-tour-de-chauffe-23878\">Pour un 1<sup>er<\/sup>&nbsp;tour de chauffe, rendez vous dimanche 10&nbsp;avril<\/a> (Rebellyon)<\/p>\n\n\n\n<p><a href=\"https:\/\/www.frustrationmagazine.fr\/rsa-temoignages\/\">RSA&nbsp;: \u201cUne obligation de travailler aurait juste \u00e9t\u00e9 une mise \u00e0 mort\u201d &nbsp;(Frustration)<\/a><\/p>\n\n\n\n<p><a href=\"https:\/\/www.insee.fr\/fr\/statistiques\/6327776\">L\u2019indice du co\u00fbt horaire du travail r\u00e9vis\u00e9 &#8211; Tous salari\u00e9s<\/a> (INSEE)<\/p>\n\n\n\n<p><a href=\"https:\/\/jacobinmag.com\/2022\/04\/automation-capitalism-technology-glassblowers-craftsmen-workers\"><strong>Les travailleurs luttent contre l\u2019automatisation depuis le d\u00e9but du capitalisme<\/strong><\/a> (Jacobin)<\/p>\n\n\n\n<figure class=\"wp-block-image size-full\"><img data-recalc-dims=\"1\" loading=\"lazy\" decoding=\"async\" width=\"359\" height=\"235\" src=\"https:\/\/i0.wp.com\/www.rdpemancipation.org\/wp-content\/uploads\/2022\/04\/image-47.png?resize=359%2C235&#038;ssl=1\" alt=\"\" class=\"wp-image-80730\" srcset=\"https:\/\/i0.wp.com\/www.rdpemancipation.org\/wp-content\/uploads\/2022\/04\/image-47.png?w=359&amp;ssl=1 359w, https:\/\/i0.wp.com\/www.rdpemancipation.org\/wp-content\/uploads\/2022\/04\/image-47.png?resize=300%2C196&amp;ssl=1 300w\" sizes=\"auto, (max-width: 359px) 100vw, 359px\" \/><\/figure>\n\n\n\n<p><a href=\"https:\/\/www.lutte-ouvriere.org\/actualite\/echos\">Facteurs d&rsquo;Ingr\u00e9 et Fleury (Loiret)&nbsp;:&nbsp; Du ras-le-bol \u00e0 la gr\u00e8ve<\/a> (LO)<\/p>\n\n\n\n<figure class=\"wp-block-image size-full\"><img data-recalc-dims=\"1\" loading=\"lazy\" decoding=\"async\" width=\"356\" height=\"268\" src=\"https:\/\/i0.wp.com\/www.rdpemancipation.org\/wp-content\/uploads\/2022\/04\/image-48.png?resize=356%2C268&#038;ssl=1\" alt=\"\" class=\"wp-image-80731\" srcset=\"https:\/\/i0.wp.com\/www.rdpemancipation.org\/wp-content\/uploads\/2022\/04\/image-48.png?w=356&amp;ssl=1 356w, https:\/\/i0.wp.com\/www.rdpemancipation.org\/wp-content\/uploads\/2022\/04\/image-48.png?resize=300%2C226&amp;ssl=1 300w\" sizes=\"auto, (max-width: 356px) 100vw, 356px\" \/><\/figure>\n\n\n\n<p><\/p>\n\n\n\n<p>Gilets Jaunes : toujours mobilis\u00e9s<\/p>\n\n\n\n<figure class=\"wp-block-image size-full\"><img data-recalc-dims=\"1\" loading=\"lazy\" decoding=\"async\" width=\"357\" height=\"269\" src=\"https:\/\/i0.wp.com\/www.rdpemancipation.org\/wp-content\/uploads\/2022\/04\/image-52.png?resize=357%2C269&#038;ssl=1\" alt=\"\" class=\"wp-image-80742\" srcset=\"https:\/\/i0.wp.com\/www.rdpemancipation.org\/wp-content\/uploads\/2022\/04\/image-52.png?w=357&amp;ssl=1 357w, https:\/\/i0.wp.com\/www.rdpemancipation.org\/wp-content\/uploads\/2022\/04\/image-52.png?resize=300%2C226&amp;ssl=1 300w\" sizes=\"auto, (max-width: 357px) 100vw, 357px\" \/><figcaption>Occupation du Rond-Point Charles Fabres par un groupe de Gilets Jaunes de Toulouse, toujours mobilis\u00e9s , hier samedi 9 avril<\/figcaption><\/figure>\n\n\n\n<p><a href=\"https:\/\/www.ledauphine.com\/education\/2022\/04\/08\/isere-bourgoin-jallieu-provoques-menaces-les-professeurs-du-college-salvador-allende-font-greve\" target=\"_blank\" rel=\"noreferrer noopener\">Is\u00e8re. Provoqu\u00e9s, menac\u00e9s, les professeurs d&rsquo;un coll\u00e8ge de Bourgoin font gr\u00e8ve<\/a>&nbsp;(Le Dauphin\u00e9 Lib\u00e9r\u00e9)<br><br><a href=\"https:\/\/premium.courrier-picard.fr\/id295654\/article\/2022-04-08\/greve-des-bus-beauvais-dernier-jour-de-perturbations-ce-samedi\" target=\"_blank\" rel=\"noreferrer noopener\">Gr\u00e8ve des bus \u00e0 Beauvais : dernier jour de perturbations ce samedi<\/a>&nbsp;(Le Courrier Picard)<br><br><a href=\"https:\/\/www.sudouest.fr\/economie\/social\/infirmieres-en-arret-medecins-en-greve-les-urgences-craquent-a-orleans-10532229.php\" target=\"_blank\" rel=\"noreferrer noopener\">Infirmi\u00e8res en arr\u00eat, m\u00e9decins en gr\u00e8ve : les urgences craquent \u00e0 Orl\u00e9ans<\/a>&nbsp;(Sud Ouest)<br><br><a href=\"https:\/\/www.challenges.fr\/entreprise\/sante-et-pharmacie\/greve-historique-a-l-hopital-d-orleans-pour-denoncer-les-conditions-de-travail_808520\" target=\"_blank\" rel=\"noreferrer noopener\">Gr\u00e8ve historique \u00e0 l&rsquo;h\u00f4pital d&rsquo;Orl\u00e9ans pour d\u00e9noncer les conditions de travail<\/a>&nbsp;(Challenges)<\/p>\n\n\n\n<p><a href=\"https:\/\/www.force-ouvriere.fr\/emploi-greve-massive-a-la-raffinerie-de-donges\" target=\"_blank\" rel=\"noreferrer noopener\">Emploi : gr\u00e8ve massive \u00e0 la raffinerie de Donges<\/a>&nbsp;(Force Ouvri\u00e8re)<br><\/p>\n\n\n\n<figure class=\"wp-block-image size-full\"><img data-recalc-dims=\"1\" loading=\"lazy\" decoding=\"async\" width=\"356\" height=\"268\" src=\"https:\/\/i0.wp.com\/www.rdpemancipation.org\/wp-content\/uploads\/2022\/04\/image-49.png?resize=356%2C268&#038;ssl=1\" alt=\"\" class=\"wp-image-80732\" srcset=\"https:\/\/i0.wp.com\/www.rdpemancipation.org\/wp-content\/uploads\/2022\/04\/image-49.png?w=356&amp;ssl=1 356w, https:\/\/i0.wp.com\/www.rdpemancipation.org\/wp-content\/uploads\/2022\/04\/image-49.png?resize=300%2C226&amp;ssl=1 300w\" sizes=\"auto, (max-width: 356px) 100vw, 356px\" \/><\/figure>\n\n\n\n<p><a href=\"https:\/\/www.courrier-picard.fr\/id295609\/article\/2022-04-08\/la-greve-est-finie-chez-corolis-beauvais\" target=\"_blank\" rel=\"noreferrer noopener\">La gr\u00e8ve est finie chez Corolis \u00e0 Beauvais<\/a>&nbsp;(Le Courrier Picard)<br><br><a href=\"https:\/\/paris-luttes.info\/tous-ensemble-defendons-le-service-15883\" target=\"_blank\" rel=\"noreferrer noopener\">Tous ensemble d\u00e9fendons le service public de la BnF !<\/a>&nbsp;(<a href=\"http:\/\/paris-luttes.info\/\" target=\"_blank\" rel=\"noreferrer noopener\">Paris-luttes.info<\/a>)<br><br><a href=\"https:\/\/saint-brieuc.maville.com\/actu\/actudet_-plouha.-asad-du-goelo-les-aides-a-domicile-ont-manifeste-_une-5170824_actu.Htm\" target=\"_blank\" rel=\"noreferrer noopener\">Plouha. Asad du Go\u00eblo : les aides \u00e0 domicile ont manifest\u00e9<\/a>&nbsp;(Saint-brieuc)<br><br><a href=\"https:\/\/www.ouest-france.fr\/bretagne\/quimper-29000\/a-quimper-les-salaries-de-mediapost-suspendent-la-greve-7c5aff00-b756-11ec-9f5c-06caf7725d83\" target=\"_blank\" rel=\"noreferrer noopener\">\u00c0 Quimper, les salari\u00e9s de Mediapost suspendent la gr\u00e8ve<\/a>&nbsp;(Ouest France)<\/p>\n\n\n\n<p><a href=\"https:\/\/www.inegalites.fr\/discrimination-femmes-hommes-embauche\"><strong>Les femmes ne sont pas plus discrimin\u00e9es \u00e0 l\u2019embauche que les hommes<\/strong><\/a> (Observatoire des In\u00e9galit\u00e9s)<\/p>\n\n\n\n<p><br><strong>Monde<\/strong><\/p>\n\n\n\n<p><a href=\"https:\/\/www.lejournaldejoliette.ca\/actualites\/societe\/457586\/une-hausse-des-salaires-des-conducteurtrices-de-vehicules-scolaire-est-reclamee-durgence\" target=\"_blank\" rel=\"noreferrer noopener\"><strong>Canad<\/strong>a. Une hausse des salaires des chauffeurs scolaires est r\u00e9clam\u00e9e d&rsquo;urgence<\/a>&nbsp;(Le Journal de Joliette)<\/p>\n\n\n\n<figure class=\"wp-block-image size-full\"><img data-recalc-dims=\"1\" loading=\"lazy\" decoding=\"async\" width=\"367\" height=\"208\" src=\"https:\/\/i0.wp.com\/www.rdpemancipation.org\/wp-content\/uploads\/2022\/04\/image-50.png?resize=367%2C208&#038;ssl=1\" alt=\"\" class=\"wp-image-80733\" srcset=\"https:\/\/i0.wp.com\/www.rdpemancipation.org\/wp-content\/uploads\/2022\/04\/image-50.png?w=367&amp;ssl=1 367w, https:\/\/i0.wp.com\/www.rdpemancipation.org\/wp-content\/uploads\/2022\/04\/image-50.png?resize=300%2C170&amp;ssl=1 300w\" sizes=\"auto, (max-width: 367px) 100vw, 367px\" \/><\/figure>\n\n\n\n<p><a href=\"https:\/\/www.adiac-congo.com\/content\/guinee-bissau-greve-de-six-jours-des-medias-publics-136743\" target=\"_blank\" rel=\"noreferrer noopener\"><strong>Guin\u00e9e-Bissau<\/strong> : gr\u00e8ve de six jours des m\u00e9dias publics<\/a>&nbsp;(Adiac-congo)<\/p>\n\n\n\n<p><a href=\"https:\/\/croissanceafrique.com\/en-guinee-bissau-le-secteur-des-medias-paralyse-par-une-greve-gigatesque\/\" target=\"_blank\" rel=\"noreferrer noopener\"><strong>Guin\u00e9e Bissau<\/strong>, le secteur des m\u00e9dias paralys\u00e9 par une gr\u00e8ve gigatesque<\/a>&nbsp;(Croissanceafrique)<\/p>\n\n\n\n<p><a href=\"https:\/\/www.meguetaninfos.com\/archives\/118189\" target=\"_blank\" rel=\"noreferrer noopener\"><strong>Mali.<\/strong> Gr\u00e8ve de 72 heures reconductible des stations-services&nbsp;; 10 pompistes bless\u00e9s<\/a>&nbsp;(Meguetaninfos)<br><br><a href=\"https:\/\/www.arcinfo.ch\/suisse\/mobilisation-travailler-moins-pour-vivre-mieux-et-proteger-le-climat-la-solution-de-la-greve-pour-lavenir-1172940\" target=\"_blank\" rel=\"noreferrer noopener\"><strong>Suisse<\/strong> -Travailler moins pour vivre mieux&nbsp;; la solution de la Gr\u00e8ve pour l\u2019Avenir<\/a>&nbsp;(<a href=\"http:\/\/arcinfo.ch\/\" target=\"_blank\" rel=\"noreferrer noopener\">Arcinfo.ch<\/a>)<br><br><a href=\"https:\/\/www.laliberte.ch\/news\/suisse\/vers-une-convergence-des-luttes-642399\" target=\"_blank\" rel=\"noreferrer noopener\"><strong>Suisse<\/strong> &#8211; Vers une convergence des luttes<\/a>&nbsp;(Laliberte)<br><br><a href=\"https:\/\/bakchich.info\/sur-le-soutien-a-la-syndicalisation-damazon-laboiement-de-joe-biden-a-jusqua-present-ete-plus-gros-que-sa-morsure\/\" target=\"_blank\" rel=\"noreferrer noopener\"><strong>USA<\/strong> &#8211; Sur la syndicalisation d\u2019Amazon, l\u2019aboiement de Joe Biden plus gros que sa morsure<\/a>&nbsp;(Bakchich)<\/p>\n\n\n\n<p><strong>USA<\/strong> &#8211; <a href=\"https:\/\/www.boursorama.com\/actualite-economique\/actualites\/le-premier-syndicat-americain-d-amazon-veut-aider-d-autres-entrepots-a-se-mobiliser-22fd058d3c2f863d9235ff1baab1aa08\">Le premier syndicat am\u00e9ricain d&rsquo;Amazon veut aider d&rsquo;autres entrep\u00f4ts \u00e0 se mobiliser<\/a> (AFP)<\/p>\n\n\n\n<p><strong>Analyse<\/strong><\/p>\n\n\n\n<p><a href=\"https:\/\/rebelion.org\/frente-a-la-inflacion-y-la-deflacion-autonomia-y-racionamiento\/\">Face \u00e0 l\u2019inflation et \u00e0 la d\u00e9flation, \u00e0 l\u2019autonomie et au rationnement<\/a> (Esp. \u2013 Rebelion<\/p>\n\n\n\n<figure class=\"wp-block-image size-full\"><img data-recalc-dims=\"1\" loading=\"lazy\" decoding=\"async\" width=\"357\" height=\"256\" src=\"https:\/\/i0.wp.com\/www.rdpemancipation.org\/wp-content\/uploads\/2022\/04\/image-51.png?resize=357%2C256&#038;ssl=1\" alt=\"\" class=\"wp-image-80738\" srcset=\"https:\/\/i0.wp.com\/www.rdpemancipation.org\/wp-content\/uploads\/2022\/04\/image-51.png?w=357&amp;ssl=1 357w, https:\/\/i0.wp.com\/www.rdpemancipation.org\/wp-content\/uploads\/2022\/04\/image-51.png?resize=300%2C215&amp;ssl=1 300w\" sizes=\"auto, (max-width: 357px) 100vw, 357px\" \/><\/figure>\n\n\n\n<p><a href=\"https:\/\/mailchi.mp\/10bdcb017854\/lhorreur-lhorreur?e=277caa83f3\">L\u2019horreur, l\u2019horreur. L\u2019interr\u00e8gne ne se refermera pas<\/a> (Le Grand Continent)<\/p>\n\n\n\n<figure class=\"wp-block-image size-full is-resized is-style-default\"><img data-recalc-dims=\"1\" loading=\"lazy\" decoding=\"async\" src=\"https:\/\/i0.wp.com\/www.rdpemancipation.org\/wp-content\/uploads\/2022\/04\/Capture-decran-2022-04-10-a-11.43.49.png?resize=544%2C323&#038;ssl=1\" alt=\"\" class=\"wp-image-80781\" width=\"544\" height=\"323\" srcset=\"https:\/\/i0.wp.com\/www.rdpemancipation.org\/wp-content\/uploads\/2022\/04\/Capture-decran-2022-04-10-a-11.43.49.png?w=816&amp;ssl=1 816w, https:\/\/i0.wp.com\/www.rdpemancipation.org\/wp-content\/uploads\/2022\/04\/Capture-decran-2022-04-10-a-11.43.49.png?resize=300%2C178&amp;ssl=1 300w, https:\/\/i0.wp.com\/www.rdpemancipation.org\/wp-content\/uploads\/2022\/04\/Capture-decran-2022-04-10-a-11.43.49.png?resize=768%2C456&amp;ssl=1 768w\" sizes=\"auto, (max-width: 544px) 100vw, 544px\" \/><\/figure>\n\n\n\n<p><\/p>\n\n\n\n<p><strong><mark style=\"background-color:rgba(0, 0, 0, 0);color:#c40303\" class=\"has-inline-color\">9 avril en continu<\/mark><\/strong><\/p>\n\n\n\n<p><strong><a href=\"https:\/\/www.facebook.com\/luttesinvisibles\" title=\"Mobilisations du jour\">Mobilisations du jour<\/a> (Luttes Invisibles)<\/strong><\/p>\n\n\n\n<p><strong><a href=\"https:\/\/www.lutte-ouvriere.org\/breves\/orpea-lomerta-patronale-et-gouvernementale-mise-mal-252232.html\">ORPEA : l&rsquo;omerta patronale et gouvernementale mise \u00e0 mal<\/a> <\/strong>(LO)<\/p>\n\n\n\n<figure class=\"wp-block-image is-resized\"><img data-recalc-dims=\"1\" loading=\"lazy\" decoding=\"async\" src=\"https:\/\/i0.wp.com\/www.alternatives-economiques.fr\/sites\/default\/files\/public\/field\/image\/macron_6.jpg?resize=479%2C271&#038;ssl=1\" alt=\"\" width=\"479\" height=\"271\"\/><\/figure>\n\n\n\n<p><a href=\"https:\/\/www.lutte-ouvriere.org\/breves\/inflation-le-cout-du-logement-aussi-253745.html\">Inflation : le co\u00fbt du logement aussi<\/a> (LO)<\/p>\n\n\n\n<p><a href=\"https:\/\/www.lutte-ouvriere.org\/breves\/alimentation-les-capitalistes-et-leurs-profits-hors-de-tout-controle-253747.html\">Alimentation : les capitalistes et leurs profits hors de tout contr\u00f4le<\/a> (LO)<\/p>\n\n\n\n<p><a href=\"https:\/\/www.francebleu.fr\/infos\/economie-social\/a-gagne-les-salaries-de-dassault-a-merignac-et-martignas-obtiennent-des-augmentations-de-salaire-1649344170\">\u00ab\u00a0On a gagn\u00e9\u00a0\u00bb : les salari\u00e9s de Dassault  obtiennent des augmentations de salaire<\/a>&nbsp;(France Bleu)<\/p>\n\n\n\n<p><a href=\"https:\/\/www.placegrenet.fr\/2022\/04\/08\/mouvement-de-greve-sur-les-sites-radiall-de-voreppe-et-de-lisle-dabeau-jeudi-7-avril\/565616\">Mouvement de gr\u00e8ve sur les sites Radiall de Voreppe et de L\u2019Isle-d\u2019Abeau jeudi 7 avril<\/a>&nbsp;(Place Gre&rsquo;Net)<\/p>\n\n\n\n<p><a href=\"https:\/\/france3-regions.francetvinfo.fr\/nouvelle-aquitaine\/gironde\/bordeaux\/fin-du-conflit-social-chez-dassault-les-salaries-obtiennent-des-augmentations-de-salaire-consequentes-2521304.html\">Fin du conflit social chez Dassault, les salari\u00e9s obtiennent des augmentations de salaire <\/a>&nbsp;(France 3 R\u00e9gions)<\/p>\n\n\n\n<p><a href=\"https:\/\/actu.fr\/occitanie\/toulouse_31555\/chaine-humaine-et-deambulation-jusqu-au-capitole-une-marche-pour-le-futur-organisee-a-toulouse_49981713.html\">Cha\u00eene humaine et d\u00e9ambulation jusqu&rsquo;au Capitole : une marche pour le futur \u00e0 Toulouse<\/a> (Actu Toulouse)<\/p>\n\n\n\n<p><a href=\"https:\/\/www.humanite.fr\/social-eco\/amazon\/huit-mega-entrepots-bloques-la-grande-bataille-pour-les-salaires-des-amazon-france-745484\">Huit m\u00e9ga-entrep\u00f4ts bloqu\u00e9s : la grande bataille pour les salaires des Amazon\u2009France<\/a> (L\u2019Humanit\u00e9)<\/p>\n\n\n\n<p><a href=\"https:\/\/www.humanite.fr\/social-eco\/maison-des-potes\/37-entreprises-visees-pour-discrimination-745539\">37 entreprises vis\u00e9es pour discrimination <\/a>(L\u2019Humanit\u00e9)<\/p>\n\n\n\n<p><a href=\"https:\/\/www.force-ouvriere.fr\/la-priorite-les-183-euros-pour-tous-et-l-augmentation-des\">La priorit\u00e9&nbsp;: les 183 euros pour tous et l\u2019augmentation des salaires&nbsp;!<\/a> (FO)<\/p>\n\n\n\n<p><a href=\"https:\/\/www.force-ouvriere.fr\/c-a-encore-condamnee\">C&amp;A encore condamn\u00e9e <\/a>(FO)<\/p>\n\n\n\n<p><a href=\"https:\/\/www.force-ouvriere.fr\/emploi-greve-massive-a-la-raffinerie-de-donges\">Emploi&nbsp;: gr\u00e8ve massive \u00e0 la raffinerie de Donges<\/a> (FO)<\/p>\n\n\n\n<p><a href=\"https:\/\/www.lamanchelibre.fr\/actualite-988674-sud-manche-une-greve-historique-a-l-acome\">Sud-Manche. Une gr\u00e8ve historique \u00e0 l&rsquo;Acome<\/a>&nbsp;(La Manche Libre)<\/p>\n\n\n\n<p><a href=\"https:\/\/www.ouest-france.fr\/pays-de-la-loire\/saumur-49400\/saumur-apres-le-demantelement-du-piquet-de-greve-le-conflit-continue-chez-rte-1d8c5a08-b735-11ec-91b4-4cb12076d3f2\">Saumur. Apr\u00e8s le d\u00e9mant\u00e8lement du piquet de gr\u00e8ve, le conflit continue chez RTE<\/a>&nbsp;(Ouest France)<\/p>\n\n\n\n<p><a href=\"https:\/\/www.lanouvellerepublique.fr\/indre-et-loire\/commune\/chateau-renault\/chateau-renault-greve-pour-les-salaires-a-l-entreprise-radiall\">Ch\u00e2teau-Renault : gr\u00e8ve pour les salaires \u00e0 l&rsquo;entreprise Radiall<\/a>&nbsp;(La Nouvelle R\u00e9publique)<\/p>\n\n\n\n<p><a href=\"https:\/\/www.larep.fr\/orleans-45000\/actualites\/greve-illimitee-aux-urgences-de-l-hopital-d-orleans-ce-que-proposent-les-medecins-pour-sortir-de-la-crise_14112227\/\">Gr\u00e8ve illimit\u00e9e aux urgences de l&rsquo;h\u00f4pital d&rsquo;Orl\u00e9ans<\/a>&nbsp;(La R\u00e9publique du Centre)<\/p>\n\n\n\n<p><a href=\"https:\/\/www.ledauphine.com\/social\/2022\/04\/07\/les-salaries-de-thales-votent-pour-la-fin-du-conflit\">Valence. Les salari\u00e9s de Thales votent pour la fin du conflit<\/a>&nbsp;(Le Dauphin\u00e9 Lib\u00e9r\u00e9)<\/p>\n\n\n\n<p><a href=\"https:\/\/www.lefigaro.fr\/flash-eco\/mouvement-de-greve-a-boehringer-ingelheim-contre-des-suppressions-de-poste-20220407\">Lyon. Mouvement de gr\u00e8ve \u00e0 Boehringer Ingelheim contre des suppressions de poste<\/a>&nbsp;(Le Figaro)<\/p>\n\n\n\n<p><a href=\"https:\/\/www.mediapart.fr\/journal\/economie\/070422\/france-travail-guichet-unique-questions-multiples?utm_source=20220407&amp;utm_medium=email&amp;utm_campaign=QUOTIDIENNE&amp;utm_content=&amp;utm_term=&amp;xtor=EREC-83-%5bQUOTIDIENNE%5d-20220407&amp;M_BT=2691799753699\">France Travail&nbsp;:guichet unique, questions multiples<\/a> (M\u00e9diapart)<\/p>\n\n\n\n<p><a href=\"https:\/\/actu.fr\/occitanie\/toulouse_31555\/chaine-humaine-et-deambulation-jusqu-au-capitole-une-marche-pour-le-futur-organisee-a-toulouse_49981713.html\">Cha\u00eene humaine et d\u00e9ambulation jusqu&rsquo;au Capitole : une marche pour le futur \u00e0 Toulouse<\/a> (Actu Toulouse)<\/p>\n\n\n\n<figure class=\"wp-block-image size-full is-resized\"><img data-recalc-dims=\"1\" loading=\"lazy\" decoding=\"async\" src=\"https:\/\/i0.wp.com\/www.rdpemancipation.org\/wp-content\/uploads\/2022\/04\/image-43.png?resize=479%2C359&#038;ssl=1\" alt=\"\" class=\"wp-image-80572\" width=\"479\" height=\"359\" srcset=\"https:\/\/i0.wp.com\/www.rdpemancipation.org\/wp-content\/uploads\/2022\/04\/image-43.png?w=367&amp;ssl=1 367w, https:\/\/i0.wp.com\/www.rdpemancipation.org\/wp-content\/uploads\/2022\/04\/image-43.png?resize=300%2C225&amp;ssl=1 300w\" sizes=\"auto, (max-width: 479px) 100vw, 479px\" \/><\/figure>\n\n\n\n<p><strong>Monde<\/strong><\/p>\n\n\n\n<p><strong>USA<\/strong><a href=\"https:\/\/pressfrom.info\/fr\/actualite\/monde\/-1392662-biden-profondement-trouble-par-les-travailleurs-de-kellogg-pour-remplacer-les-membres-de-l-union-frappantes.html\">. Biden \u00abprofond\u00e9ment troubl\u00e9\u00bb par les travailleurs de Kellogg <\/a>&nbsp;(Pressfrom)<\/p>\n\n\n\n<p><strong>P\u00e9rou<\/strong> &#8211; <a href=\"https:\/\/rebelion.org\/levantamientos-populares-contra-el-ajuste-de-castillo\/\">Soul\u00e8vements populaires contre l\u2019ajustement de Castillo<\/a> (Esp. &#8211; Rebelion)<\/p>\n\n\n\n<p><a href=\"https:\/\/www.lutte-ouvriere.org\/breves\/perou-revolte-contre-la-flambee-des-prix-253744.html\"><strong>P\u00e9rou<\/strong> : <strong>r\u00e9volte contre la flamb\u00e9e des prix<\/strong><\/a> (LO)<\/p>\n\n\n\n<figure class=\"wp-block-image size-full is-resized\"><img data-recalc-dims=\"1\" loading=\"lazy\" decoding=\"async\" src=\"https:\/\/i0.wp.com\/www.rdpemancipation.org\/wp-content\/uploads\/2022\/04\/image-44.png?resize=536%2C305&#038;ssl=1\" alt=\"\" class=\"wp-image-80573\" width=\"536\" height=\"305\" srcset=\"https:\/\/i0.wp.com\/www.rdpemancipation.org\/wp-content\/uploads\/2022\/04\/image-44.png?w=367&amp;ssl=1 367w, https:\/\/i0.wp.com\/www.rdpemancipation.org\/wp-content\/uploads\/2022\/04\/image-44.png?resize=300%2C171&amp;ssl=1 300w\" sizes=\"auto, (max-width: 536px) 100vw, 536px\" \/><\/figure>\n\n\n\n<p><strong>Analyse<\/strong><\/p>\n\n\n\n<p><a href=\"https:\/\/www.lesechos.fr\/industrie-services\/tourisme-transport\/les-compagnies-aeriennes-low-cost-face-a-la-fronde-de-leurs-salaries-1399352\">Les compagnies a\u00e9riennes low-cost face \u00e0 la fronde de leurs salari\u00e9s<\/a>&nbsp;(Les Echos)<\/p>\n\n\n\n<p><a href=\"https:\/\/www.miroirsocial.com\/participatif\/autoroutes-la-mobilite-ne-doit-pas-se-faire-au-detriment-des-classes-populaires\">Autoroutes : la mobilit\u00e9 ne doit pas se faire au d\u00e9triment des classes populaires<\/a> (Miroir Social)<\/p>\n\n\n\n<pre class=\"wp-block-preformatted has-small-font-size\">Plut\u00f4t que d\u2019augmenter le smic, Macron promet une <em>\u00abprime allant jusqu\u2019\u00e0 6 000 euros, sans charges ni imp\u00f4ts<\/em>\u00bb. En r\u00e9alit\u00e9, il s\u2019agit d\u2019une nouvelle version de la \u00ab <em>prime Macron<\/em> \u00bb (<a href=\"https:\/\/www.liberation.fr\/politique\/elections\/prime-macron-a-6-000-euros-la-grossiere-promesse-dun-candidat-de-droite-20220404_PHWXM7KMVNAFJNQC344BGEWQXA\/\">source<\/a>). Pour esp\u00e9rer la toucher, il faudra travailler pour une entreprise disposant d\u2019un accord d\u2019int\u00e9ressement, et que l\u2019employeur ait envie de d\u00e9bourser cette somme (<a href=\"https:\/\/www.liberation.fr\/politique\/elections\/prime-macron-a-6-000-euros-la-grossiere-promesse-dun-candidat-de-droite-20220404_PHWXM7KMVNAFJNQC344BGEWQXA\/\">source<\/a>). La pr\u00e9c\u00e9dente \u00ab <em>prime Macron<\/em> \u00bb n\u2019a \u00e9t\u00e9 vers\u00e9e qu\u2019\u00e0 un salari\u00e9 du priv\u00e9 sur cinq ; et pour ces rares personnes qui en ont b\u00e9n\u00e9fici\u00e9, le montant a \u00e9t\u00e9 deux fois moindre que le plafond (<a href=\"https:\/\/www.liberation.fr\/politique\/elections\/prime-macron-a-6-000-euros-la-grossiere-promesse-dun-candidat-de-droite-20220404_PHWXM7KMVNAFJNQC344BGEWQXA\/\">source<\/a>). Par ailleurs,  ces primes ne donnent pas de droit \u00e0 la retraite ou au ch\u00f4mage, et contribuent de fait au d\u00e9financement de la s\u00e9curit\u00e9 sociale (<a href=\"https:\/\/twitter.com\/Le_Figaro\/status\/1510271995920928769\">source<\/a>).<\/pre>\n\n\n\n<p><strong><mark style=\"background-color:rgba(0, 0, 0, 0);color:#ee0707\" class=\"has-inline-color\">8 avril en continu<\/mark><\/strong><\/p>\n\n\n\n<p><strong><a href=\"https:\/\/www.facebook.com\/luttesinvisibles\" title=\"Mobilisations du jour\">Mobilisations du jour<\/a> (Luttes Invisibles)<\/strong><\/p>\n\n\n\n<p><strong><a href=\"https:\/\/www.lsa-conso.fr\/greves-en-cours-sur-tous-les-sites-logistiques-d-amazon-en-france,408311\" target=\"_blank\" rel=\"noreferrer noopener\">Gr\u00e8ves en cours sur tous les sites logistiques d\u2019Amazon en France<\/a>&nbsp;(lsa-conso)<\/strong><\/p>\n\n\n\n<p><a href=\"https:\/\/www.inegalites.fr\/Quelles-sont-les-dix-plus-grandes-fortunes-de-France\">Quelles sont les dix plus grandes fortunes de France&nbsp;?<\/a> (Observatoire des In\u00e9galit\u00e9s)<\/p>\n\n\n\n<p><a href=\"https:\/\/www.ladepeche.fr\/2022\/04\/07\/chalabre-et-sainte-colombe-vvent-de-fronde-a-la-creche-10219876.php\" target=\"_blank\" rel=\"noreferrer noopener\">Chalabre et Sainte-Colombe : vent de fronde \u00e0 la cr\u00e8che<\/a>&nbsp;(La D\u00e9peche)<\/p>\n\n\n\n<p><a href=\"https:\/\/www.autoactu.com\/actualites\/fonderie-du-poitou-alu-vers-une-fermeture-le-30-juin-selon-les-syndicats\" target=\"_blank\" rel=\"noreferrer noopener\">Fonderie du Poitou Alu : vers une fermeture le 30 juin, selon les syndicats<\/a>&nbsp;(autoactu)<\/p>\n\n\n\n<p><a href=\"https:\/\/www.lanouvellerepublique.fr\/vienne\/commune\/ingrandes-86\/fonderie-alu-manifestation-a-chatellerault\" target=\"_blank\" rel=\"noreferrer noopener\">Fonderie alu : manifestation \u00e0 Ch\u00e2tellerault<\/a>&nbsp;(La Nouvelle R\u00e9publique)<\/p>\n\n\n\n<figure class=\"wp-block-image size-full\"><img data-recalc-dims=\"1\" loading=\"lazy\" decoding=\"async\" width=\"365\" height=\"207\" src=\"https:\/\/i0.wp.com\/www.rdpemancipation.org\/wp-content\/uploads\/2022\/04\/image-37.png?resize=365%2C207&#038;ssl=1\" alt=\"\" class=\"wp-image-80363\" srcset=\"https:\/\/i0.wp.com\/www.rdpemancipation.org\/wp-content\/uploads\/2022\/04\/image-37.png?w=365&amp;ssl=1 365w, https:\/\/i0.wp.com\/www.rdpemancipation.org\/wp-content\/uploads\/2022\/04\/image-37.png?resize=300%2C170&amp;ssl=1 300w\" sizes=\"auto, (max-width: 365px) 100vw, 365px\" \/><figcaption>Les manifestants de la fonderie alu d&rsquo;Ingrandes, menac\u00e9s de licenciement, ont remis une motion \u00e0 la sous-pr\u00e9fecture de Ch\u00e2tellerault ce jeudi 7 avril. <em>\u00a9 Denys Fr\u00e9tier<\/em><\/figcaption><\/figure>\n\n\n\n<p><a href=\"https:\/\/www.lanouvellerepublique.fr\/chatellerault\/greve-des-bus-tac-keolis-la-direction-reagit\" target=\"_blank\" rel=\"noreferrer noopener\">Ch\u00e2tellerault. Gr\u00e8ve des bus Tac-Keolis : la direction r\u00e9agit<\/a>&nbsp;(La Nouvelle R\u00e9publique)<br><br><a href=\"https:\/\/www.estrepublicain.fr\/sante\/2022\/04\/06\/sos-medecins-sans-accord-la-greve-durera\" target=\"_blank\" rel=\"noreferrer noopener\">Vand\u0153uvre-l\u00e8s-Nancy. SOS M\u00e9decins : \u00ab Sans accord, la gr\u00e8ve durera \u00bb<\/a>&nbsp;(L&rsquo;Est R\u00e9publicain)<br><br><a href=\"https:\/\/www.sudouest.fr\/pyrenees-atlantiques\/oloron-sainte-marie\/haut-bearn-la-cgt-craint-un-projet-de-delocalisation-chez-safran-landing-systems-a-bidos-10485081.php\" target=\"_blank\" rel=\"noreferrer noopener\">Haut B\u00e9arn : la CGT craint \u00ab un projet de d\u00e9localisation \u00bb chez Safran Landing Systems Bidos<\/a>&nbsp;(Sud Ouest)<br><br><a href=\"https:\/\/www.usinenouvelle.com\/editorial\/sans-repreneur-la-fonderie-alvance-aluminium-poitou-pourrait-fermer-des-juin-2022.N1991232\" target=\"_blank\" rel=\"noreferrer noopener\">Sans repreneur, la fonderie Alvance Aluminium Poitou pourrait fermer d\u00e8s juin 2022<\/a>&nbsp;(L&rsquo;Usine Nouvelle)<br><br><a href=\"https:\/\/www.lavoixdunord.fr\/1163206\/article\/2022-04-06\/fin-de-la-greve-pour-les-eboueurs-de-flandre-interieure-et-flandre-lys\" target=\"_blank\" rel=\"noreferrer noopener\">Fin de la gr\u00e8ve pour les \u00e9boueurs de Flandre int\u00e9rieure et Flandre Lys<\/a>&nbsp;(La Voix du Nord)<br><br><a href=\"https:\/\/www.francebleu.fr\/infos\/economie-social\/greve-chez-dassault-a-martignas-ne-veut-plus-des-miettes-veut-notre-part-du-gateau-1649154124\" target=\"_blank\" rel=\"noreferrer noopener\">Gr\u00e8ve chez Dassault \u00e0 Martignas : \u00ab\u00a0On ne veut plus des miettes, on veut notre part du g\u00e2teau\u00a0\u00bb<\/a>&nbsp;(France Bleu)<br><br><a href=\"https:\/\/www.activradio.com\/sncf-un-appel-a-la-greve-des-cheminots-vendredi-dans-la-loire\/\" target=\"_blank\" rel=\"noreferrer noopener\">SNCF : un appel \u00e0 la gr\u00e8ve des cheminots vendredi dans la loire<\/a>&nbsp;(activradio)<\/p>\n\n\n\n<p><a href=\"https:\/\/www.miroirsocial.com\/participatif\/un-agent-public-sur-cinq-est-contractuel-une-part-qui-continue-daugmenter\">Un agent public sur cinq est contractuel, une part qui continue d\u2019augmenter<\/a> (Miroir Social)<\/p>\n\n\n\n<figure class=\"wp-block-image is-style-default\"><img decoding=\"async\" src=\"https:\/\/tse2.mm.bing.net\/th?id=OIP.PnnuWTZiLhWrvGlOxpWGewHaDf&amp;pid=Api\" alt=\"th?id=OIP.PnnuWTZiLhWrvGlOxpWGewHaDf&amp;pid=Api\" title=\"La plupart des emplois cr\u00e9\u00e9s depuis 5 ans en France sont ...\"\/><\/figure>\n\n\n\n<p><strong>Monde<\/strong><\/p>\n\n\n\n<p><a href=\"http:\/\/alencontre.org\/ameriques\/americnord\/usa\/etats-unis-la-revolte-dune-generation-de-salarie%c2%b7e%c2%b7s-est-en-marche.html\"><strong>Etats-Unis<\/strong> &#8211; \u00abLa r\u00e9volte d\u2019une g\u00e9n\u00e9ration de salari\u00e9\u00b7e\u00b7s est en marche\u00bb<\/a> <\/p>\n\n\n\n<figure class=\"wp-block-image size-full\"><img data-recalc-dims=\"1\" loading=\"lazy\" decoding=\"async\" width=\"359\" height=\"232\" src=\"https:\/\/i0.wp.com\/www.rdpemancipation.org\/wp-content\/uploads\/2022\/04\/image-39.png?resize=359%2C232&#038;ssl=1\" alt=\"\" class=\"wp-image-80369\" srcset=\"https:\/\/i0.wp.com\/www.rdpemancipation.org\/wp-content\/uploads\/2022\/04\/image-39.png?w=359&amp;ssl=1 359w, https:\/\/i0.wp.com\/www.rdpemancipation.org\/wp-content\/uploads\/2022\/04\/image-39.png?resize=300%2C194&amp;ssl=1 300w\" sizes=\"auto, (max-width: 359px) 100vw, 359px\" \/><\/figure>\n\n\n\n<p><a href=\"https:\/\/www.revuesilence.net\/numeros\/510-Resister-a-la-militarisation\/en-islande-le-passage-a-la-semaine-de-quatre-jours-est-plebiscite\">En <strong>Islande<\/strong>, le passage \u00e0 la semaine de quatre jours est pl\u00e9biscit\u00e9<\/a> (Revue Silence)<\/p>\n\n\n\n<p><strong><a href=\"https:\/\/blogs.mediapart.fr\/jean-marc-b\/blog\/070422\/un-convoi-intersyndical-pour-l-ukraine\">Un convoi intersyndical pour l\u2019Ukraine <\/a>-Collectif<\/strong><\/p>\n\n\n\n<p>Analyse<\/p>\n\n\n\n<p><a href=\"https:\/\/lanticapitaliste.org\/actualite\/social\/une-hausse-en-trompe-loeil-des-prestations-sociales\">Une hausse en trompe-l\u2019\u0153il des prestations sociales<\/a> (L\u2019Anticapitaliste)<\/p>\n\n\n\n<figure class=\"wp-block-image is-resized is-style-default\"><img data-recalc-dims=\"1\" loading=\"lazy\" decoding=\"async\" src=\"https:\/\/i0.wp.com\/static.mediapart.fr\/etmagine\/default\/files\/2022\/04\/07\/de-droite-et-en-meme-temps-de-droite-1024x768.jpg?resize=461%2C346&#038;ssl=1\" alt=\"de-droite-et-en-meme-temps-de-droite-1024x768\" width=\"461\" height=\"346\"\/><\/figure>\n\n\n\n<p><strong><mark style=\"background-color:rgba(0, 0, 0, 0);color:#ee0707\" class=\"has-inline-color\">7 avril en continu<\/mark><\/strong><\/p>\n\n\n\n<p><a href=\"https:\/\/www.youtube.com\/watch?v=oPiNAXyAtdg\">Alerte: Macron va trahir les soignants<\/a> (osons causer)<\/p>\n\n\n\n<p><a href=\"https:\/\/www.humanite.fr\/social-eco\/droit-du-travail\/ordonnances-macron-syndicats-1-gouvernement-0-745303\">\u00ab\u2009Ordonnances Macron\u2009\u00bb\u2009: syndicats, 1, gouvernement, 0<\/a> (L\u2019Humanit\u00e9)<\/p>\n\n\n\n<p><a href=\"https:\/\/www.revolutionpermanente.fr\/On-n-a-jamais-vu-ca-les-travailleurs-d-Amazon-France-menent-une-greve-inedite-pour-les-salaires\">\u00ab\u00a0On n\u2019a jamais vu \u00e7a !\u00a0\u00bb : les travailleurs d\u2019Amazon France m\u00e8nent une gr\u00e8ve in\u00e9dite pour les salaires<\/a>&nbsp;(RP))<\/p>\n\n\n\n<p><a href=\"https:\/\/www.lutte-ouvriere.org\/breves\/aides-domicile-se-ruiner-pour-travailler-cest-non-250231.html\"><strong>Aides \u00e0 domicile : se ruiner pour travailler, c\u2019est non !<\/strong><\/a> (LO)<\/p>\n\n\n\n<figure class=\"wp-block-image size-full\"><img data-recalc-dims=\"1\" loading=\"lazy\" decoding=\"async\" width=\"360\" height=\"242\" src=\"https:\/\/i0.wp.com\/www.rdpemancipation.org\/wp-content\/uploads\/2022\/04\/image-35.png?resize=360%2C242&#038;ssl=1\" alt=\"\" class=\"wp-image-80212\" srcset=\"https:\/\/i0.wp.com\/www.rdpemancipation.org\/wp-content\/uploads\/2022\/04\/image-35.png?w=360&amp;ssl=1 360w, https:\/\/i0.wp.com\/www.rdpemancipation.org\/wp-content\/uploads\/2022\/04\/image-35.png?resize=300%2C202&amp;ssl=1 300w\" sizes=\"auto, (max-width: 360px) 100vw, 360px\" \/><\/figure>\n\n\n\n<p><a href=\"https:\/\/radioparleur.net\/2022\/04\/06\/luttes-climat-une-diversite-des-tactiques-face-au-blocage-politique\/\">Luttes climat&nbsp;: une diversit\u00e9 des tactiques face au blocage politique<\/a> (Radio Parleur)<\/p>\n\n\n\n<p><a href=\"https:\/\/lareleveetlapeste.fr\/face-a-linertie-des-pouvoirs-publics-les-scientifiques-lancent-une-rebellion-mondiale\/\">Face \u00e0 l\u2019inertie des pouvoirs publics, les scientifiques lancent une r\u00e9bellion mondiale<\/a> (La Rel\u00e8ve et la Peste)<\/p>\n\n\n\n<p><a href=\"https:\/\/www.lutte-ouvriere.org\/actualite\/echos\">Centre Hospitalier R\u00e9gional d&rsquo;Orl\u00e9ans (Loiret)&nbsp;:&nbsp; L\u2019h\u00f4pital est malade du capitalisme<\/a> (LO)<\/p>\n\n\n\n<p><a href=\"https:\/\/www.lutte-ouvriere.org\/actualite\/echos\">Ville de Grenoble&nbsp;:&nbsp; Une municipalit\u00e9 de gauche de combat contre les travailleuses des \u00e9coles<\/a> (LO)<\/p>\n\n\n\n<p><a href=\"https:\/\/www.youtube.com\/watch?v=ew5akhImUNE\">Retraite: le mensonge de Macron<\/a> (Osons causer)<\/p>\n\n\n\n<p><a href=\"https:\/\/www.youtube.com\/watch?v=1G4gVPzxQ2Y\">Macron r\u00e9\u00e9lu? Retraites: la bombe nucl\u00e9aire<\/a> (Le M\u00e9dia)<\/p>\n\n\n\n<p><a href=\"https:\/\/jacobinmag.com\/2022\/04\/ukraine-sanctions-russian-oligarchs-art-world-superrich\">Le monde de l\u2019art est un paradis pour les super-riches<\/a> (Jacobin)<\/p>\n\n\n\n<p><a href=\"https:\/\/www.revolutionpermanente.fr\/On-n-a-jamais-vu-ca-les-travailleurs-d-Amazon-France-menent-une-greve-inedite-pour-les-salaires\">\u00ab\u00a0On n\u2019a jamais vu \u00e7a !\u00a0\u00bb : les travailleurs d\u2019Amazon France m\u00e8nent une gr\u00e8ve in\u00e9dite pour les salaires<\/a>&nbsp;(RP))<\/p>\n\n\n\n<p><a href=\"https:\/\/www.lamarseillaise.fr\/social\/chez-laser-la-greve-reconduite-pourrait-s-etendre-CO10878912\">Chez Laser, la gr\u00e8ve reconduite pourrait s\u2019\u00e9tendre<\/a>&nbsp;(La Marseillaise)<\/p>\n\n\n\n<p><a href=\"https:\/\/www.sudouest.fr\/landes\/landes-les-pompiers-a-l-oree-d-un-mouvement-social-de-grande-ampleur-10470509.php\">Landes : les pompiers \u00e0 l\u2019or\u00e9e d\u2019un mouvement social de grande ampleur<\/a>&nbsp;(Sud Ouest)<\/p>\n\n\n\n<p><a href=\"https:\/\/www.centrepresseaveyron.fr\/2022\/04\/05\/aveyron-encore-2-500-personnes-en-soutien-aux-sam-de-viviez-10216910.php\">Aveyron : encore 2 500 personnes en soutien aux Sam de Viviez<\/a>&nbsp;(Centre Presse Aveyron)<\/p>\n\n\n\n<p><a href=\"https:\/\/www.bfmtv.com\/economie\/entreprises\/transports\/appels-a-la-greve-chez-ryanair-et-volotea_AN-202204060375.html\">Appels \u00e0 la gr\u00e8ve chez Ryanair et Volotea<\/a>&nbsp;(BFMTV)<\/p>\n\n\n\n<p><a href=\"https:\/\/www.lanouvellerepublique.fr\/chatellerault\/la-fonderie-alu-d-ingrandes-appelle-a-manifester-ce-jeudi-7-avril-a-chatellerault?obOrigUrl=true\">La Fonderie alu d&rsquo;Ingrandes appelle \u00e0 manifester ce jeudi 7 avril \u00e0 Ch\u00e2tellerault<\/a>&nbsp;(La Nouvelle R\u00e9publique)<\/p>\n\n\n\n<p><strong>Monde<\/strong><\/p>\n\n\n\n<p><a href=\"https:\/\/www.revolutionpermanente.fr\/Malgre-la-repression-le-Perou-s-embrase-contre-l-inflation-et-le-gouvernement-Castillo\">Malgr\u00e9 la r\u00e9pression, le <\/a>P\u00e9rou<a href=\"https:\/\/www.revolutionpermanente.fr\/Malgre-la-repression-le-Perou-s-embrase-contre-l-inflation-et-le-gouvernement-Castillo\"> s\u2019embrase contre l\u2019inflation et le gouvernement Castillo<\/a> (RP)<\/p>\n\n\n\n<p>Gr\u00e8ce<a href=\"https:\/\/www.zonebourse.com\/actualite-bourse\/Les-travailleurs-grecs-font-greve-a-cause-de-la-flambee-des-prix-et-des-bas-salaires--39976029\/\">. Les travailleurs grecs font gr\u00e8ve \u00e0 cause de la flamb\u00e9e des prix et des bas salaires<\/a>&nbsp;(Zone Bourse)<\/p>\n\n\n\n<p class=\"has-contrast-color has-text-color\">Suisse<a href=\"http:\/\/evenement.ch\/articles\/unis-pour-diminuer-le-temps-de-travail\">. Unis pour diminuer le temps de travail!<\/a>&nbsp;(L&rsquo;Ev\u00e9nement syndical)<\/p>\n\n\n\n<p><a href=\"https:\/\/barrikade.info\/article\/5097\"><strong>La plus grande source de CO2 occup\u00e9e en Suisse<\/strong><\/a> (All. \u2013 Barrikade)<\/p>\n\n\n\n<figure class=\"wp-block-image size-full\"><img data-recalc-dims=\"1\" loading=\"lazy\" decoding=\"async\" width=\"363\" height=\"206\" src=\"https:\/\/i0.wp.com\/www.rdpemancipation.org\/wp-content\/uploads\/2022\/04\/image-36.png?resize=363%2C206&#038;ssl=1\" alt=\"\" class=\"wp-image-80213\" srcset=\"https:\/\/i0.wp.com\/www.rdpemancipation.org\/wp-content\/uploads\/2022\/04\/image-36.png?w=363&amp;ssl=1 363w, https:\/\/i0.wp.com\/www.rdpemancipation.org\/wp-content\/uploads\/2022\/04\/image-36.png?resize=300%2C170&amp;ssl=1 300w\" sizes=\"auto, (max-width: 363px) 100vw, 363px\" \/><\/figure>\n\n\n\n<p><strong><mark style=\"background-color:rgba(0, 0, 0, 0);color:#ee0707\" class=\"has-inline-color\">6 avril en continu<\/mark><\/strong><\/p>\n\n\n\n<p><strong><a href=\"https:\/\/www.facebook.com\/luttesinvisibles\" title=\"Mobilisations du jour\">Mobilisations du jour<\/a> (Luttes Invisibles)<\/strong><\/p>\n\n\n\n<p><a href=\"https:\/\/www.sudouest.fr\/economie\/amazon-france-tensions-autour-des-salaires-l-unite-syndicale-se-cristallise-10471787.php\">Amazon France : tensions autour des salaires, l\u2019unit\u00e9 syndicale se cristallise<\/a>&nbsp;(Sud Ouest)<\/p>\n\n\n\n<p><a href=\"https:\/\/www.ladepeche.fr\/2022\/04\/04\/aveyron-manifestation-devant-la-fonderie-sam-de-viviez-ce-mardi-5-avril-a-17-h-30-10213815.php\">Aveyron : manifestation devant la fonderie SAM de Viviez ce mardi 5 avril \u00e0 17 h 30<\/a>&nbsp;(La D\u00e9peche)<br><br><a href=\"https:\/\/www.maritima.info\/depeches\/education\/martigues\/82208\/greve-au-college-gerard-philipe-a-martigues-parents-et-personnels-mobilises-ce-mardi-5-avril.html\">Gr\u00e8ve au coll\u00e8ge G\u00e9rard Philipe, \u00e0 Martigues. Parents et personnels mobilis\u00e9s, ce 5 avril<\/a>&nbsp;(Maritima.info)<br><br><a href=\"https:\/\/actu.fr\/ile-de-france\/corbeil-essonnes_91174\/essonne-au-chsf-une-nouvelle-minute-de-silence-contre-la-mort-de-l-hopital-public_49923163.html\">Essonne : au CHSF, une nouvelle minute de silence \u00ab contre la mort de l\u2019h\u00f4pital public \u00bb<\/a>&nbsp;(actu.fr)<br><br><a href=\"https:\/\/www.maritima.info\/actualites\/live\/martigues\/14161\/a-la-une-du-jt-mobilisation-des-transporteurs-routiers-contre-la-hausse-du-gazole.html\">Mobilisation des transporteurs routiers contre la hausse du gazole<\/a>&nbsp;(Maritima.info)<br><br><a href=\"https:\/\/www.letelegramme.fr\/finistere\/brest\/les-accompagnants-d-enfants-handicapes-manifestent-a-quimper-04-04-2022-12973302.php\">Les accompagnants d\u2019enfants handicap\u00e9s manifestent \u00e0 Quimpe<\/a>&nbsp;(Le T\u00e9l\u00e9gramme)<br><br><a href=\"https:\/\/www.lindependant.fr\/2022\/04\/04\/pyrenees-orientales-greve-a-la-poste-la-bataille-des-plis-electoraux-a-debute-10214288.php\">Pyr\u00e9n\u00e9es-Orientales &#8211; Gr\u00e8ve \u00e0 La Poste : la bataille des plis \u00e9lectoraux a d\u00e9but\u00e9<\/a>&nbsp;(L&rsquo;Ind\u00e9pendant)<br><br><a href=\"https:\/\/www.ladepeche.fr\/2022\/04\/04\/hopital-du-travail-a-la-chaine-au-detriment-des-soins-au-chiva-en-ariege-10214422.php\">H\u00f4pital\u2005: du travail \u00e0 la cha\u00eene au d\u00e9triment des soins au Chiva en Ari\u00e8ge<\/a>&nbsp;(La D\u00e9peche)<br><br><a href=\"https:\/\/www.lavoixdunord.fr\/1162194\/article\/2022-04-04\/distribution-des-plis-electoraux-des-syndicats-mettent-la-pression\">Distribution des plis \u00e9lectoraux : des syndicats de La Poste mettent la pression<\/a>&nbsp;(La Voix du Nord)<br><br><a href=\"https:\/\/www.larep.fr\/orleans-45000\/actualites\/les-medecins-du-service-des-urgences-du-chr-d-orleans-seront-en-greve-a-partir-du-vendredi-8-avril_14110423\/\">Les m\u00e9decins des urgences du CHR d&rsquo;Orl\u00e9ans seront en gr\u00e8ve \u00e0 partir du&nbsp; 8 avril<\/a>&nbsp;(La R\u00e9publique du Centre)<br><br><a href=\"https:\/\/france3-regions.francetvinfo.fr\/pays-de-la-loire\/loire-atlantique\/saint-nazaire\/raffinerie-total-de-donges-la-greve-continue-pour-le-recrutement-de-personnels-cdd-2518116.html\">Raffinerie Total de Donges : la gr\u00e8ve continue pour le recrutement de personnels CDD<\/a>&nbsp;(France 3 R\u00e9gions)<br><br><a href=\"https:\/\/premium.courrier-picard.fr\/id294252\/article\/2022-04-04\/un-bus-sur-deux-en-circulation-dans-le-beauvaisis-la-greve-se-poursuit-chez\">Un bus sur deux en circulation dans le Beauvaisis: la gr\u00e8ve se poursuit chez Corolis<\/a>&nbsp;(Le Courrier Picard)<\/p>\n\n\n\n<p><strong>Monde<\/strong><\/p>\n\n\n\n<p><strong>Espagne \u2013 <\/strong><a href=\"https:\/\/www.infolibre.es\/economia\/alza-precios-alimentacion-tendria-sobrecoste-500-euros-hogar_1_1224451.html\">L\u2019inflation alimentaire aurait un surco\u00fbt de plus de 500 euros par m\u00e9nage<\/a> (Esp. \u2013 Infolibre)<\/p>\n\n\n\n<p>USA &#8211; <a href=\"https:\/\/www.lutte-ouvriere.org\/breves\/amazon-aux-etats-unis-un-syndicat-pour-les-travailleurs-248325.html\">Amazon aux \u00c9tats-Unis&nbsp;: un syndicat pour les travailleurs<\/a> (LO)<\/p>\n\n\n\n<p>Analyse<\/p>\n\n\n\n<p><a href=\"https:\/\/www.lagazettedescommunes.com\/798601\/rsa%25E2%2580%2589-creons-lactivite-avant-de-limposer%25E2%2580%2589\/\"><strong>\u00ab&nbsp;RSA\u2009: cr\u00e9ons l\u2019activit\u00e9 avant de&nbsp;l\u2019imposer\u2009!&nbsp;<\/strong><\/a><strong>\u00bb&nbsp; (Gazette des communes)<\/strong><\/p>\n\n\n\n<figure class=\"wp-block-image is-resized is-style-default\"><img data-recalc-dims=\"1\" loading=\"lazy\" decoding=\"async\" src=\"https:\/\/i0.wp.com\/mamot.fr\/system\/media_attachments\/files\/108\/005\/568\/024\/560\/295\/original\/b89b4eaa7d20c340.png?resize=349%2C341&#038;ssl=1\" alt=\"\" width=\"349\" height=\"341\"\/><\/figure>\n\n\n\n<p>&nbsp;<a href=\"https:\/\/lundi.am\/Les-soulevements-de-la-terre-Saison-3\">Les soul\u00e8vements de la Terre , saison 3<\/a> (Lundi Matin)<\/p>\n\n\n\n<p><a href=\"https:\/\/www.miroirsocial.com\/participatif\/situation-alarmante-dans-les-organismes-de-securite-sociale\">Situation alarmante dans les organismes de S\u00e9curite sociale<\/a> (Miroir Social)<\/p>\n\n\n\n<p><a href=\"https:\/\/www.lexpress.fr\/actualite\/plus-d-emplois-inegalites-persistantes-la-situation-des-jeunes-cadres-en-demi-teinte_2171046.html\">Plus d&#8217;emplois, in\u00e9galit\u00e9s persistantes. La situation des jeunes cadres en demi-teinte<\/a> (L\u2019Express)&nbsp;<\/p>\n\n\n\n<p><a href=\"https:\/\/www.inegalites.fr\/Que-faire-pour-reduire-les-inegalites\">Louis Maurin&nbsp;: Que faire pour r\u00e9duire les in\u00e9galit\u00e9s&nbsp;?<\/a> (Observatoire des In\u00e9galit\u00e9s)<\/p>\n\n\n\n<p><a href=\"https:\/\/www.lutte-ouvriere.org\/breves\/sante-publique-les-experts-ce-sont-les-travailleurs-247554.html\">Sant\u00e9 publique : les experts, ce sont les travailleurs<\/a> (LO)<\/p>\n\n\n\n<p><a href=\"https:\/\/www.lamule.media\/2022\/04\/04\/28-000-manifestant%25c2%25b7es-blesse%25c2%25b7es-lautre-bilan-du-quinquennat-macron\/\"><strong>28&nbsp;000 manifestants bless\u00e9s&nbsp;; L\u2019autre bilan du quinquennat Macron<\/strong><\/a><strong> (La Mule)<\/strong><\/p>\n\n\n\n<figure class=\"wp-block-image size-full is-resized is-style-default\"><img data-recalc-dims=\"1\" loading=\"lazy\" decoding=\"async\" src=\"https:\/\/i0.wp.com\/www.rdpemancipation.org\/wp-content\/uploads\/2022\/04\/image-33.png?resize=444%2C295&#038;ssl=1\" alt=\"\" class=\"wp-image-80097\" width=\"444\" height=\"295\"\/><\/figure>\n\n\n\n<p><strong><mark style=\"background-color:rgba(0, 0, 0, 0);color:#ee0707\" class=\"has-inline-color\">5 avril en continu<\/mark><\/strong><\/p>\n\n\n\n<p><strong><a href=\"https:\/\/www.facebook.com\/luttesinvisibles\" title=\"Mobilisations du jour\">Mobilisations du jour<\/a> (Luttes Invisibles)<\/strong><\/p>\n\n\n\n<p><a href=\"https:\/\/www.liberation.fr\/societe\/dex-salaries-de-buitoni-temoignent-ils-ont-sacrifie-les-regles-dhygiene-pour-produire-produire-produire-20220405_FF2AH7DGHFBIJOR6GUJ6IRYV7M\/\">D\u2019ex-salari\u00e9s de Buitoni t\u00e9moignent: \u00abIls ont sacrifi\u00e9 les r\u00e8gles d\u2019hygi\u00e8ne pour produire, produire,\u00bb <\/a>(Lib\u00e9ration)<\/p>\n\n\n\n<p><a href=\"https:\/\/lvsl.fr\/baisse-du-chomage-la-fausse-victoire-demmanuel-macron\/\">Baisse du ch\u00f4mage : la fausse victoire d\u2019Emmanuel Macron <\/a>(LVSL)<\/p>\n\n\n\n<p><a href=\"https:\/\/www.convergencesrevolutionnaires.org\/Dassault-Safran-Thales-Profiteurs-de-guerre-et-mauvais-payeurs?navthem=1\">Dassault, Safran, Thales\u2026 Profiteurs de guerre et mauvais payeurs&nbsp;!<\/a> (Convergences R\u00e9volutionnaires)<\/p>\n\n\n\n<p><a href=\"https:\/\/www.revolutionpermanente.fr\/Greve-majoritaire-pour-les-embauches-la-raffinerie-Total-de-Donges-toujours-a-l-arret\">Gr\u00e8ve majoritaire pour les embauches&nbsp;: la raffinerie Total de Donges toujours \u00e0 l\u2019arr\u00eat<\/a> (RP)<\/p>\n\n\n\n<p><a href=\"http:\/\/www.sudptt.org\/Greve-de-nos-camarades-sans-papiers-les-pouvoirs-publics-continuent-de-soutenir\"><strong>Gr\u00e8ve des sans-papiers&nbsp;: les pouvoirs publics continuent de soutenir les exploiteurs&nbsp;!<\/strong><\/a> (SUD PTT)<\/p>\n\n\n\n<figure class=\"wp-block-image size-full\"><img data-recalc-dims=\"1\" loading=\"lazy\" decoding=\"async\" width=\"365\" height=\"365\" src=\"https:\/\/i0.wp.com\/www.rdpemancipation.org\/wp-content\/uploads\/2022\/04\/image-28.png?resize=365%2C365&#038;ssl=1\" alt=\"\" class=\"wp-image-79939\" srcset=\"https:\/\/i0.wp.com\/www.rdpemancipation.org\/wp-content\/uploads\/2022\/04\/image-28.png?w=365&amp;ssl=1 365w, https:\/\/i0.wp.com\/www.rdpemancipation.org\/wp-content\/uploads\/2022\/04\/image-28.png?resize=300%2C300&amp;ssl=1 300w, https:\/\/i0.wp.com\/www.rdpemancipation.org\/wp-content\/uploads\/2022\/04\/image-28.png?resize=150%2C150&amp;ssl=1 150w\" sizes=\"auto, (max-width: 365px) 100vw, 365px\" \/><\/figure>\n\n\n\n<p>&nbsp;<\/p>\n\n\n\n<p><a href=\"https:\/\/www.ouest-france.fr\/elections\/presidentielle\/temoignages-je-ne-vole-pas-mon-rsa-ces-allocataires-redoutent-la-reforme-du-candidat-macron-61827d0c-b19d-11ec-9a7f-742a0ff31324\">T\u00c9MOIGNAGES. \u00ab&nbsp;Je ne vole pas mon RSA&nbsp;\u00bb&nbsp;: ces allocataires redoutent la r\u00e9forme Macron<\/a>&#8211; (Ouest Fr)<\/p>\n\n\n\n<p><a href=\"https:\/\/www.ouest-france.fr\/elections\/presidentielle\/croissance-pouvoir-d-achat-chomage-est-ce-que-ca-va-mieux-qu-en-2017-ef2a1916-ae65-11ec-835a-3d4944813049\">Croissance, pouvoir d\u2019achat, ch\u00f4mage&nbsp;: est-ce que \u00e7a va mieux qu\u2019en 2017&nbsp;?<\/a> &#8211; (Ouest France)<\/p>\n\n\n\n<p><a href=\"https:\/\/www.miroirsocial.com\/participatif\/situation-alarmante-dans-les-organismes-de-securite-sociale\">Situation alarmante dans les organismes de S\u00e9curite sociale<\/a> (Miroir Social)<\/p>\n\n\n\n<p><a href=\"https:\/\/www.ledauphine.com\/economie\/2022\/04\/03\/hautes-alpes-a-pra-loup-clap-de-fin-et-preavis-de-greve\" target=\"_blank\" rel=\"noreferrer noopener\">Alpes-de-Haute-Provence. \u00c0 Pra Loup, clap de fin et pr\u00e9avis de gr\u00e8ve<\/a>&nbsp;(Le Dauphin\u00e9 Lib\u00e9r\u00e9)<br><br><a href=\"https:\/\/www.laprovence.com\/actu\/en-direct\/6716041\/pra-loup-une-fermeture-anticipee-qui-passe-mal-au-sein-du-personnel.html\" target=\"_blank\" rel=\"noreferrer noopener\">Pra Loup : une fermeture anticip\u00e9e qui passe mal au sein du personnel<\/a>&nbsp;(La Provence)<\/p>\n\n\n\n<p><a href=\"https:\/\/www.lyoncapitale.fr\/actualite\/une-greve-annoncee-pour-mardi-prochain-a-la-maternite-lyon-sud\" target=\"_blank\" rel=\"noreferrer noopener\">Une gr\u00e8ve annonc\u00e9e pour mardi prochain \u00e0 la maternit\u00e9 Lyon-Sud<\/a>&nbsp;(Lyon Capitale)<br><br><a href=\"https:\/\/www.nordlittoral.fr\/140897\/article\/2022-04-03\/huby-saint-leu-l-intersyndical-reclameune-hausse-des-salaires\" target=\"_blank\" rel=\"noreferrer noopener\">Huby-Saint-Leu : l\u2019intersyndical r\u00e9clameune hausse des salaires<\/a>&nbsp;(Nord Littoral)<br><br><a href=\"https:\/\/www.letelegramme.fr\/cotes-darmor\/plougonver\/autour-de-plougonver-les-aides-a-domicile-a-bout-de-souffle-03-04-2022-12971919.php\" target=\"_blank\" rel=\"noreferrer noopener\">Autour de Plougonver, les aides \u00e0 domicile \u00ab \u00e0 bout de souffle \u00bb<\/a>&nbsp;(Le T\u00e9l\u00e9gramme)<br><br><a href=\"https:\/\/www.letelegramme.fr\/finistere\/carhaix\/la-cgt-appelle-a-un-debrayage-devant-l-ehpad-de-persivien-a-carhaix-mardi-5-avril-03-04-2022-12971893.php\" target=\"_blank\" rel=\"noreferrer noopener\">La CGT appelle \u00e0 un d\u00e9brayage devant l\u2019Ehpad de Persivien \u00e0 Carhaix mardi 5 avril<\/a>&nbsp;(Le T\u00e9l\u00e9gramme)<br><br><a href=\"https:\/\/www.letelegramme.fr\/finistere\/morlaix\/le-comite-de-defense-du-chpm-appelle-a-une-mobilisation-a-l-ehpad-belizal-mardi-5-avril-03-04-2022-12971690.php\" target=\"_blank\" rel=\"noreferrer noopener\">Le comit\u00e9 de d\u00e9fense du CHPM appelle \u00e0 une mobilisation \u00e0 l\u2019Ehpad B\u00e9lizal mardi 5 avril<\/a>&nbsp;(Le T\u00e9l\u00e9gramme)<br><br><a href=\"https:\/\/www.ladepeche.fr\/2022\/04\/04\/preavis-de-greve-a-la-fontaine-salee-10213163.php\" target=\"_blank\" rel=\"noreferrer noopener\">Salies-du-Salat. Pr\u00e9avis de gr\u00e8ve \u00e0 la Fontaine sal\u00e9e<\/a>&nbsp;(La D\u00e9peche)<br><br><a href=\"https:\/\/www.fo44.org\/2022\/04\/raffinerie-de-donges-greve-de-90-des.html\" target=\"_blank\" rel=\"noreferrer noopener\">Raffinerie de Donges : gr\u00e8ve de 90% des agents de production \u00e0 l\u2019appel de FO et CGT<\/a>&nbsp;(Fo44)<br><br><a href=\"http:\/\/www.frontsyndical-classe.org\/2022\/04\/rassemblement-pour-la-sam-mardi-5-avril.html\" target=\"_blank\" rel=\"noreferrer noopener\">Rassemblement pour la SAM mardi 5 avril !<\/a>&nbsp;(Front Syndical de Classe)<br><br><a href=\"https:\/\/actu.fr\/politique\/la-majorite-valide-la-tva-sociale-a-1-l-opposition-gronde_49906449.html\" target=\"_blank\" rel=\"noreferrer noopener\">Polyn\u00e9sie. La majorit\u00e9 valide la TVA sociale \u00e0 1%, l\u2019opposition gronde<\/a>&nbsp;(<a href=\"http:\/\/actu.fr\/\" target=\"_blank\" rel=\"noreferrer noopener\">actu.fr<\/a>)<br><br><a href=\"https:\/\/www.lamarseillaise.fr\/social\/greve-du-nettoyage-chez-atalian-a-airbus-GM10859249\" target=\"_blank\" rel=\"noreferrer noopener\">Gr\u00e8ve du nettoyage chez Atalian \u00e0 Airbus<\/a>&nbsp;(La Marseillaise)<\/p>\n\n\n\n<p><a href=\"https:\/\/www.lyoncapitale.fr\/actualite\/une-greve-annoncee-pour-mardi-prochain-a-la-maternite-lyon-sud\" target=\"_blank\" rel=\"noreferrer noopener\">Une gr\u00e8ve annonc\u00e9e pour mardi prochain \u00e0 la maternit\u00e9 Lyon-Sud<\/a>&nbsp;(Lyon Capitale)<br><br><a href=\"https:\/\/www.nordlittoral.fr\/140897\/article\/2022-04-03\/huby-saint-leu-l-intersyndical-reclameune-hausse-des-salaires\" target=\"_blank\" rel=\"noreferrer noopener\">Huby-Saint-Leu : l\u2019intersyndical r\u00e9clameune hausse des salaires<\/a>&nbsp;(Nord Littoral)<br><br><a href=\"https:\/\/www.letelegramme.fr\/cotes-darmor\/plougonver\/autour-de-plougonver-les-aides-a-domicile-a-bout-de-souffle-03-04-2022-12971919.php\" target=\"_blank\" rel=\"noreferrer noopener\">Autour de Plougonver, les aides \u00e0 domicile \u00ab \u00e0 bout de souffle \u00bb<\/a>&nbsp;(Le T\u00e9l\u00e9gramme)<br><br><a href=\"https:\/\/www.letelegramme.fr\/finistere\/carhaix\/la-cgt-appelle-a-un-debrayage-devant-l-ehpad-de-persivien-a-carhaix-mardi-5-avril-03-04-2022-12971893.php\" target=\"_blank\" rel=\"noreferrer noopener\">La CGT appelle \u00e0 un d\u00e9brayage devant l\u2019Ehpad de Persivien \u00e0 Carhaix mardi 5 avril<\/a>&nbsp;(Le T\u00e9l\u00e9gramme)<br><br><a href=\"https:\/\/www.letelegramme.fr\/finistere\/morlaix\/le-comite-de-defense-du-chpm-appelle-a-une-mobilisation-a-l-ehpad-belizal-mardi-5-avril-03-04-2022-12971690.php\" target=\"_blank\" rel=\"noreferrer noopener\">Le comit\u00e9 de d\u00e9fense du CHPM appelle \u00e0 une mobilisation \u00e0 l\u2019Ehpad B\u00e9lizal mardi 5 avril<\/a>&nbsp;(Le T\u00e9l\u00e9gramme)<br><br><a href=\"https:\/\/www.ladepeche.fr\/2022\/04\/04\/preavis-de-greve-a-la-fontaine-salee-10213163.php\" target=\"_blank\" rel=\"noreferrer noopener\">Salies-du-Salat. Pr\u00e9avis de gr\u00e8ve \u00e0 la Fontaine sal\u00e9e<\/a>&nbsp;(La D\u00e9peche)<br><br><a href=\"https:\/\/www.fo44.org\/2022\/04\/raffinerie-de-donges-greve-de-90-des.html\" target=\"_blank\" rel=\"noreferrer noopener\">Raffinerie de Donges : gr\u00e8ve de 90% des agents de production \u00e0 l\u2019appel de FO et CGT<\/a>&nbsp;(Fo44)<br><br><a href=\"http:\/\/www.frontsyndical-classe.org\/2022\/04\/rassemblement-pour-la-sam-mardi-5-avril.html\" target=\"_blank\" rel=\"noreferrer noopener\">Rassemblement pour la SAM mardi 5 avril !<\/a>&nbsp;(Front Syndical de Classe)<br><br><a href=\"https:\/\/actu.fr\/politique\/la-majorite-valide-la-tva-sociale-a-1-l-opposition-gronde_49906449.html\" target=\"_blank\" rel=\"noreferrer noopener\">Polyn\u00e9sie. La majorit\u00e9 valide la TVA sociale \u00e0 1%, l\u2019opposition gronde<\/a>&nbsp;(<a href=\"http:\/\/actu.fr\/\" target=\"_blank\" rel=\"noreferrer noopener\">actu.fr<\/a>)<br><br><a href=\"https:\/\/www.lamarseillaise.fr\/social\/greve-du-nettoyage-chez-atalian-a-airbus-GM10859249\" target=\"_blank\" rel=\"noreferrer noopener\">Gr\u00e8ve du nettoyage chez Atalian \u00e0 Airbus<\/a>&nbsp;(La Marseillaise)<\/p>\n\n\n\n<p><a href=\"https:\/\/www.lamarseillaise.fr\/social\/ars-les-agents-du-menage-negocient-AM10859229\" target=\"_blank\" rel=\"noreferrer noopener\">ARS : les agents du m\u00e9nage n\u00e9gocient<\/a>&nbsp;(La Marseillaise)<br><br><strong>Monde<\/strong><\/p>\n\n\n\n<p><strong>Espagne<\/strong> &#8211; <a href=\"https:\/\/www.infolibre.es\/economia\/contratos-indefinidos-triplican-enero-suponen-tercio-firmados-marzo_1_1224428.html\">Les CDD triplent et repr\u00e9sentent plus de 30 % du total en mars<\/a>&#8211; (Esp. \u2013 Infolibre)<\/p>\n\n\n\n<figure class=\"wp-block-image size-full\"><img data-recalc-dims=\"1\" loading=\"lazy\" decoding=\"async\" width=\"365\" height=\"207\" src=\"https:\/\/i0.wp.com\/www.rdpemancipation.org\/wp-content\/uploads\/2022\/04\/image-29.png?resize=365%2C207&#038;ssl=1\" alt=\"\" class=\"wp-image-79942\" srcset=\"https:\/\/i0.wp.com\/www.rdpemancipation.org\/wp-content\/uploads\/2022\/04\/image-29.png?w=365&amp;ssl=1 365w, https:\/\/i0.wp.com\/www.rdpemancipation.org\/wp-content\/uploads\/2022\/04\/image-29.png?resize=300%2C170&amp;ssl=1 300w\" sizes=\"auto, (max-width: 365px) 100vw, 365px\" \/><\/figure>\n\n\n\n<p><strong>Russie &#8211; <a href=\"http:\/\/alencontre.org\/europe\/russie\/russie-arrestations-massives-brutalites-policieres-censure-autre-facette-de-loperation-speciale.html\">Arrestations massives, brutalit\u00e9s : autre facette de l\u2019\u00abop\u00e9ration sp\u00e9ciale\u00bb<\/a>&#8211;<\/strong> (A L\u2019encontre)<\/p>\n\n\n\n<p><strong>Analyse<\/strong><\/p>\n\n\n\n<p><a href=\"https:\/\/www.lemonde.fr\/podcasts\/article\/2022\/04\/05\/les-retraites-sujet-brulant-pour-les-gouvernements_6120609_5463015.html\">Les retraites, sujet br\u00fblant pour les gouvernements<\/a> &#8211; podcast &#8211; (Le Monde)<\/p>\n\n\n\n<p><a href=\"https:\/\/www.alternatives-economiques.fr\/manque-une-volonte-politique-mettre-un-terme-aux-discriminations\/00102847\">\u00ab&nbsp;Il manque une volont\u00e9 politique pour mettre un terme aux discriminations&nbsp;\u00bb<\/a>&#8211; (Alter Eco)<\/p>\n\n\n\n<p><a href=\"https:\/\/lareleveetlapeste.fr\/a-besancon-une-ama-pirates-a-ete-creee-pour-sauver-les-jardins-des-vaites-de-la-betonisation\/\">A Besan\u00e7on, une AMA-Pirates cr\u00e9\u00e9e pour sauver les Jardins des Va\u00eetes du b\u00e9ton<\/a>&#8211; (La Rel\u00e8ve et la Peste)<\/p>\n\n\n\n<p><a href=\"https:\/\/lundi.am\/L-intolerable-du-present-l-urgence-de-la-revolution-minorites-et-classes\">M. Lazzarato&nbsp;: L\u2019intol\u00e9rable du pr\u00e9sent, urgence de la r\u00e9volution \u2013 Minorit\u00e9s et classes<\/a> (Lundi Matin)<\/p>\n\n\n\n<p><strong><mark style=\"background-color:rgba(0, 0, 0, 0);color:#ee0707\" class=\"has-inline-color\">4 avril en continu<\/mark><\/strong><\/p>\n\n\n\n<p><strong><a href=\"https:\/\/www.facebook.com\/luttesinvisibles\" title=\"Mobilisations du jour\">Mobilisations du jour<\/a> (Luttes Invisibles)<\/strong><\/p>\n\n\n\n<p><a href=\"https:\/\/www.humanite.fr\/social-eco\/economie-numerique\/les-usagers-sont-mis-en-concurrence-744624\">\u00ab\u2009Les usagers sont mis en concurrence\u2009\u00bb <\/a>(L\u2019Humanit\u00e9)<\/p>\n\n\n\n<p><a href=\"https:\/\/www.leprogres.fr\/education\/2022\/04\/03\/incidents-degradations-la-dure-semaine-des-enseignants-du-lycee-marcel-sembat\">V\u00e9nissieux. Incidents, d\u00e9gradations: la dure semaine des enseignants du Lyc\u00e9e Marcel-Sembat<\/a>&nbsp;(Le Progr\u00e8s)<\/p>\n\n\n\n<p><a href=\"https:\/\/www.ouest-france.fr\/bretagne\/finistere\/la-poste-la-cgt-fapt-appelle-a-la-greve-avant-la-distribution-des-plis-electoraux-f6e61896-b34f-11ec-8c56-75c2205719dc\">La Poste : la CGT-FAPT appelle \u00e0 la gr\u00e8ve avant la distribution des plis \u00e9lectoraux<\/a>&nbsp;(Ouest France)<\/p>\n\n\n\n<p><a href=\"https:\/\/www.revolutionpermanente.fr\/Salaires-impayes-et-sanctions-disciplinaires-Transdev-veut-epurer-les-effectifs-apres-la-greve\">Salaires impay\u00e9s et sanctions disciplinaires : \u00ab\u00a0Transdev veut \u00e9purer les effectifs apr\u00e8s la gr\u00e8ve !\u00a0\u00bb<\/a>&nbsp;(RP)<\/p>\n\n\n\n<p><a href=\"https:\/\/www.rci.fm\/martinique\/infos\/Social\/La-direction-de-Brasserie-Lorraine-deboutee-par-le-tribunal#\">Martinique. La direction de Brasserie Lorraine d\u00e9bout\u00e9e par le tribunal<\/a>&nbsp;(RCI)<a href=\"https:\/\/www.liberation.fr\/societe\/corse-limaginaire-de-lepoque-mythique-des-annees-70-et-80-se-transmet-de-generation-en-generation-20220403_DBUUMIOHPVGHDM2XN6V3HV3NTM\/\"><\/a><\/p>\n\n\n\n<p><a href=\"https:\/\/www.liberation.fr\/societe\/corse-limaginaire-de-lepoque-mythique-des-annees-70-et-80-se-transmet-de-generation-en-generation-20220403_DBUUMIOHPVGHDM2XN6V3HV3NTM\/\">Corse: \u00abL\u2019imaginaire de l\u2019\u00e9poque des ann\u00e9es 70 et 80 de g\u00e9n\u00e9ration en g\u00e9n\u00e9ration\u00bb<\/a><\/p>\n\n\n\n<p><a href=\"https:\/\/www.unioncommunistelibertaire.org\/?Au-taf-les-syndicalistes-autogestionnaires-et-libertaires\">\u00ab&nbsp;Au taf&nbsp;\u00bb les syndicalistes autogestionnaires et libertaires&nbsp;!<\/a> (UCL)<\/p>\n\n\n\n<p><a href=\"https:\/\/www.alternatives-economiques.fr\/profits-echappent-de-plus-plus-a-limpot-4-autres-infographies-a\/00102694?utm_source=emailing&amp;utm_medium=email&amp;utm_campaign=hebdo&amp;utm_content=03042022\"><strong>Les profits \u00e9chappent de plus en plus \u00e0 l\u2019imp\u00f4t<\/strong><\/a> (Alter Eco)<\/p>\n\n\n\n<p><strong>Monde<\/strong><\/p>\n\n\n\n<p><strong>Argentine <\/strong>&#8211; <a href=\"https:\/\/rebelion.org\/mas-de-la-mitad-de-los-ninos-argentinos-son-pobres-las-cifras-oficiales-y-la-realidad\/\">Plus de 50 % des enfants argentins sont pauvres&nbsp;: chiffres et r\u00e9alit\u00e9<\/a>(Esp. &#8211; Rebelion)<\/p>\n\n\n\n<p><strong>Rojava <\/strong>&#8211; <a href=\"https:\/\/barrikade.info\/article\/5096\">10 ans de la r\u00e9volution du Rojava<\/a> (Barrikade)<\/p>\n\n\n\n<figure class=\"wp-block-image size-full\"><img data-recalc-dims=\"1\" loading=\"lazy\" decoding=\"async\" width=\"368\" height=\"208\" src=\"https:\/\/i0.wp.com\/www.rdpemancipation.org\/wp-content\/uploads\/2022\/04\/image-22.png?resize=368%2C208&#038;ssl=1\" alt=\"\" class=\"wp-image-79793\" srcset=\"https:\/\/i0.wp.com\/www.rdpemancipation.org\/wp-content\/uploads\/2022\/04\/image-22.png?w=368&amp;ssl=1 368w, https:\/\/i0.wp.com\/www.rdpemancipation.org\/wp-content\/uploads\/2022\/04\/image-22.png?resize=300%2C170&amp;ssl=1 300w\" sizes=\"auto, (max-width: 368px) 100vw, 368px\" \/><\/figure>\n\n\n\n<p><strong>USA <\/strong>&#8211; <a href=\"https:\/\/jacobinmag.com\/2022\/04\/artists-union-museums-art-worker-organizing\">Les artistes peuvent construire le pouvoir en tant que travailleurs<\/a> (Jacobin)<\/p>\n\n\n\n<figure class=\"wp-block-image size-full\"><img data-recalc-dims=\"1\" loading=\"lazy\" decoding=\"async\" width=\"357\" height=\"240\" src=\"https:\/\/i0.wp.com\/www.rdpemancipation.org\/wp-content\/uploads\/2022\/04\/image-23.png?resize=357%2C240&#038;ssl=1\" alt=\"\" class=\"wp-image-79794\" srcset=\"https:\/\/i0.wp.com\/www.rdpemancipation.org\/wp-content\/uploads\/2022\/04\/image-23.png?w=357&amp;ssl=1 357w, https:\/\/i0.wp.com\/www.rdpemancipation.org\/wp-content\/uploads\/2022\/04\/image-23.png?resize=300%2C202&amp;ssl=1 300w\" sizes=\"auto, (max-width: 357px) 100vw, 357px\" \/><\/figure>\n\n\n\n<p><strong>USA<\/strong> &#8211; <a href=\"https:\/\/jacobinmag.com\/2022\/04\/amazon-labor-union-alu-staten-island-organizing\">Voici comment nous battons Amazon<\/a> (Jacobin)<\/p>\n\n\n\n<p><strong>USA &#8211;&nbsp; <a href=\"https:\/\/rebelion.org\/se-aprueba-al-fin-una-legislacion-contra-los-linchamientos-en-estados-unidos\/\">Une l\u00e9gislation f\u00e9d\u00e9rale contre les lynchages est enfin adopt\u00e9e aux \u00c9tats-Unis<\/a><\/strong> (Esp. &#8211; Rebelion)<\/p>\n\n\n\n<p><strong>Analyse<\/strong><\/p>\n\n\n\n<p><a href=\"https:\/\/my-angers.info\/04\/03\/nestle-en-pleine-tempete-buitoni-analyse-de-la-crise\/104514\">Nestl\u00e9 en pleine temp\u00eate Buitoni : Analyse de la crise<\/a>&nbsp;(My-angers)<\/p>\n\n\n\n<figure class=\"wp-block-image size-full is-resized is-style-default\"><img data-recalc-dims=\"1\" loading=\"lazy\" decoding=\"async\" src=\"https:\/\/i0.wp.com\/www.rdpemancipation.org\/wp-content\/uploads\/2022\/04\/image-18.png?resize=481%2C442&#038;ssl=1\" alt=\"\" class=\"wp-image-79706\" width=\"481\" height=\"442\" srcset=\"https:\/\/i0.wp.com\/www.rdpemancipation.org\/wp-content\/uploads\/2022\/04\/image-18.png?w=367&amp;ssl=1 367w, https:\/\/i0.wp.com\/www.rdpemancipation.org\/wp-content\/uploads\/2022\/04\/image-18.png?resize=300%2C275&amp;ssl=1 300w\" sizes=\"auto, (max-width: 481px) 100vw, 481px\" \/><\/figure>\n\n\n\n<figure class=\"wp-block-image is-resized is-style-default\"><img data-recalc-dims=\"1\" loading=\"lazy\" decoding=\"async\" src=\"https:\/\/i0.wp.com\/mamot.fr\/system\/media_attachments\/files\/108\/016\/900\/339\/299\/086\/original\/18b02ed93cdb46ae.png?resize=316%2C421&#038;ssl=1\" alt=\"\" width=\"316\" height=\"421\"\/><\/figure>\n\n\n\n<p><strong><mark style=\"background-color:rgba(0, 0, 0, 0);color:#ee0707\" class=\"has-inline-color\">3 avril en continu<\/mark><\/strong><\/p>\n\n\n\n<p><strong><a href=\"https:\/\/www.facebook.com\/luttesinvisibles\" title=\"Mobilisations du jour\">Mobilisations du jour<\/a> (Luttes Invisibles)<\/strong><\/p>\n\n\n\n<p><a href=\"https:\/\/www.revolutionpermanente.fr\/Salaires-impayes-et-sanctions-disciplinaires-Transdev-veut-epurer-les-effectifs-apres-la-greve\">Salaires impay\u00e9s et sanctions disciplinaires&nbsp;: \u00ab\u00a0Transdev veut \u00e9purer les effectifs apr\u00e8s la gr\u00e8ve&nbsp;!\u00a0\u00bb<\/a> (RP)<\/p>\n\n\n\n<p><a href=\"https:\/\/www.lutte-ouvriere.org\/actualite\/echos\">S\u00e9curit\u00e9 Sociale, Rennes&nbsp;:&nbsp; Ils en r\u00eavent !<\/a> (LO)<\/p>\n\n\n\n<p><a href=\"https:\/\/www.agoravox.fr\/actualites\/politique\/article\/la-machine-a-diviser-et-a-exclure-240593\">La machine \u00e0 diviser et \u00e0 exclure est en marche<\/a> (Agoravox)<\/p>\n\n\n\n<p><a href=\"https:\/\/www.contretemps.eu\/syndicats-rapport-force-classes\/\"><strong>Les syndicats au c\u0153ur du rapport de force entre les classes<\/strong><\/a> (Contretemps)<\/p>\n\n\n\n<figure class=\"wp-block-image size-full\"><img data-recalc-dims=\"1\" loading=\"lazy\" decoding=\"async\" width=\"351\" height=\"176\" src=\"https:\/\/i0.wp.com\/www.rdpemancipation.org\/wp-content\/uploads\/2022\/04\/image-14.png?resize=351%2C176&#038;ssl=1\" alt=\"\" class=\"wp-image-79650\" srcset=\"https:\/\/i0.wp.com\/www.rdpemancipation.org\/wp-content\/uploads\/2022\/04\/image-14.png?w=351&amp;ssl=1 351w, https:\/\/i0.wp.com\/www.rdpemancipation.org\/wp-content\/uploads\/2022\/04\/image-14.png?resize=300%2C150&amp;ssl=1 300w\" sizes=\"auto, (max-width: 351px) 100vw, 351px\" \/><\/figure>\n\n\n\n<p><a href=\"https:\/\/universiteouverte.org\/2022\/03\/31\/precarite-nous-ne-pouvons-plus-continuer-ainsi-%ef%bf%bc\/\">Pr\u00e9carit\u00e9 Universit\u00e9 : \u00ab&nbsp;Nous ne pouvons plus continuer ainsi !&nbsp;\u00bb<\/a> (U. Ouverte)<\/p>\n\n\n\n<p><a href=\"https:\/\/zcomm.org\/zmagazine\/your-privileges-are-not-universal\/\">Vos privil\u00e8ges ne sont pas universels<\/a> (Zcomm)<\/p>\n\n\n\n<figure class=\"wp-block-image size-full\"><img data-recalc-dims=\"1\" loading=\"lazy\" decoding=\"async\" width=\"351\" height=\"236\" src=\"https:\/\/i0.wp.com\/www.rdpemancipation.org\/wp-content\/uploads\/2022\/04\/image-15.png?resize=351%2C236&#038;ssl=1\" alt=\"\" class=\"wp-image-79651\" srcset=\"https:\/\/i0.wp.com\/www.rdpemancipation.org\/wp-content\/uploads\/2022\/04\/image-15.png?w=351&amp;ssl=1 351w, https:\/\/i0.wp.com\/www.rdpemancipation.org\/wp-content\/uploads\/2022\/04\/image-15.png?resize=300%2C202&amp;ssl=1 300w\" sizes=\"auto, (max-width: 351px) 100vw, 351px\" \/><\/figure>\n\n\n\n<p><a href=\"https:\/\/www.lutte-ouvriere.org\/actualite\/echos\">Naval Group, Lorient&nbsp;:&nbsp; L&rsquo;ami de la France<\/a> (LO)<\/p>\n\n\n\n<p><strong><a href=\"https:\/\/www.lamarseillaise.fr\/social\/avec-toute-la-cgt-la-centrale-contre-attaque-EN10842767\" target=\"_blank\" rel=\"noreferrer noopener\">A Gardanne, la centrale contre-attaque avec toute la CGT<\/a><\/strong>&nbsp;(La Marseillaise)<br><\/p>\n\n\n\n<figure class=\"wp-block-image is-resized is-style-default\"><img data-recalc-dims=\"1\" loading=\"lazy\" decoding=\"async\" src=\"https:\/\/i0.wp.com\/static.cnews.fr\/sites\/default\/files\/the_week_1404.png?resize=381%2C250&#038;ssl=1\" alt=\"Un an \u00e0 l'\u00c9lys\u00e9e : Macron vu par la presse \u00e9trang\u00e8re | CNEWS\" width=\"381\" height=\"250\"\/><figcaption><sub>Macron pr\u00e9pare la saison deux<\/sub> <\/figcaption><\/figure>\n\n\n\n<p><a href=\"https:\/\/www.bfmtv.com\/lyon\/lyon-apres-des-semaines-de-bras-de-fer-la-ville-trouve-un-accord-avec-deux-syndicats-de-la-police-municipale_AN-202204010613.html\" target=\"_blank\" rel=\"noreferrer noopener\">Lyon: la ville trouve un accord avec deux syndicats de la police municipale<\/a>&nbsp;(BFMTV)<\/p>\n\n\n\n<p><a href=\"https:\/\/www.nordeclair.fr\/1161074\/article\/2022-04-01\/reseau-ilevia-la-greve-des-agents-de-securite-abk-suspendue\" target=\"_blank\" rel=\"noreferrer noopener\">R\u00e9seau Il\u00e9via: la gr\u00e8ve des agents de s\u00e9curit\u00e9 ABK suspendue<\/a>&nbsp;(Nord Eclair)<br><br><a href=\"https:\/\/www.leprogres.fr\/economie\/2022\/04\/01\/la-greve-des-salaries-de-sag-france-s-est-poursuivie-devant-l-usine-renault-trucks\" target=\"_blank\" rel=\"noreferrer noopener\">Bourg-en-Bresse. La gr\u00e8ve des salari\u00e9s de SAG France s\u2019est poursuivie devant Renault Trucks<\/a>&nbsp;(Le Progr\u00e8s)<br><br><a href=\"https:\/\/www.zinfos974.com\/Fin-de-la-greve-a-la-Semittel-Quand-les-parties-decident-de-negocier-on-y-arrive_a181116.html\" target=\"_blank\" rel=\"noreferrer noopener\">La R\u00e9union. Fin de la gr\u00e8ve \u00e0 la Semittel : \u00ab\u00a0Quand les parties d\u00e9cident de n\u00e9gocier, on y arrive\u00a0\u00bb<\/a>&nbsp;(Zinfos 974)<br><br><a href=\"https:\/\/angers.maville.com\/actu\/actudet_-chateaubriant.-a-l-hopital-la-situation-est-catastrophique-un-appel-a-la-greve-lance-lundi-_dep-5158417_actu.Htm\" target=\"_blank\" rel=\"noreferrer noopener\">Ch\u00e2teaubriant. \u00c0 l\u2019h\u00f4pital, \u00ab la situation est catastrophique \u00bb : un appel \u00e0 la gr\u00e8ve lanc\u00e9 lundi&nbsp;<\/a>(Angers)<br><br><a href=\"https:\/\/actu.fr\/occitanie\/toulouse_31555\/toulouse-la-greve-se-poursuit-dans-les-ecoles-du-personnel-manifeste-bruyamment-devant-le-capitole_49865331.html\" target=\"_blank\" rel=\"noreferrer noopener\">Toulouse. La gr\u00e8ve se poursuit dans les \u00e9coles : du personnel<strong> manifeste devant le <\/strong>Capitole<\/a>&nbsp;(<a href=\"http:\/\/actu.fr\/\" target=\"_blank\" rel=\"noreferrer noopener\">actu.fr<\/a>)<br><br><a href=\"https:\/\/www.bienpublic.com\/education\/2022\/04\/01\/un-mouvement-de-greve-au-college-ce-vendredi\" target=\"_blank\" rel=\"noreferrer noopener\">Nuits-Saint-Georges. Un mouvement de gr\u00e8ve au coll\u00e8ge ce vendredi<\/a>&nbsp;(Le Bien Public)<br><br><a href=\"https:\/\/www.sudouest.fr\/pyrenees-atlantiques\/pau\/agglomeration-de-pau-le-reseau-de-bus-perturbe-le-4-avril-par-une-greve-chez-idelis-10420205.php\" target=\"_blank\" rel=\"noreferrer noopener\">Agglom\u00e9ration de Pau : le r\u00e9seau de bus perturb\u00e9 le 4 avril par une gr\u00e8ve chez Idelis<\/a>&nbsp;(Sud Ouest)<br><br><a href=\"https:\/\/www.lamarseillaise.fr\/social\/la-distribution-des-plis-electoraux-perturbee-AN10846600\" target=\"_blank\" rel=\"noreferrer noopener\">La distribution des plis \u00e9lectoraux perturb\u00e9e ?<\/a>&nbsp;(La Marseillaise)<br><br><a href=\"https:\/\/www.objectifgard.com\/2022\/04\/01\/ales-centre-hospitalier-une-centaine-dagents-manifestent-contre-les-outils-de-flicage-de-la-direction\/\" target=\"_blank\" rel=\"noreferrer noopener\">Al\u00e8s. Centre hospitalier : une centaine d\u2019agents manifestent contre \u00ab les outils de flicage \u00bb <\/a>&nbsp;(Objectif Gard)<br><br><strong>Monde<\/strong><\/p>\n\n\n\n<p>Br\u00e9sil &#8211; <a href=\"http:\/\/alencontre.org\/ameriques\/amelat\/bresil\/bresil-face-a-la-hausse-du-cout-de-la-vie-soutenir-les-greves-et-construire-la-journee-du-9-avril.html\">\u00abFace \u00e0 la hausse des prix, soutenir les gr\u00e8ves et construire la journ\u00e9e du 9&nbsp;avril\u00bb<\/a> (A L\u2019Encontre)<\/p>\n\n\n\n<figure class=\"wp-block-image size-full\"><img data-recalc-dims=\"1\" loading=\"lazy\" decoding=\"async\" width=\"472\" height=\"248\" src=\"https:\/\/i0.wp.com\/www.rdpemancipation.org\/wp-content\/uploads\/2022\/04\/image-16.png?resize=472%2C248&#038;ssl=1\" alt=\"\" class=\"wp-image-79652\" srcset=\"https:\/\/i0.wp.com\/www.rdpemancipation.org\/wp-content\/uploads\/2022\/04\/image-16.png?w=472&amp;ssl=1 472w, https:\/\/i0.wp.com\/www.rdpemancipation.org\/wp-content\/uploads\/2022\/04\/image-16.png?resize=300%2C158&amp;ssl=1 300w\" sizes=\"auto, (max-width: 472px) 100vw, 472px\" \/><\/figure>\n\n\n\n<p><strong>USA &#8211; <a href=\"https:\/\/jacobinmag.com\/2022\/04\/strike-grocery-stores-supermarkets-southern-california-albertsons-kroger\">Une gr\u00e8ve majeure se profile \u00e0 l\u2019horizon dans les \u00e9piceries du sud de la Californie<\/a><\/strong> (Jacobin)<\/p>\n\n\n\n<p><strong><mark style=\"background-color:rgba(0, 0, 0, 0);color:#f20f0f\" class=\"has-inline-color\">2 avril en continu<\/mark><\/strong><\/p>\n\n\n\n<p><a href=\"https:\/\/www.ledauphine.com\/social\/2022\/04\/02\/nouveau-mouvement-de-greve-des-agents-territoriaux-et-contractuels\">Grenoble. Nouveau mouvement de gr\u00e8ve des agents territoriaux et contractuels<\/a>&nbsp;(Le Dauphin\u00e9 Lib\u00e9r\u00e9)<\/p>\n\n\n\n<p><a href=\"https:\/\/www.leparisien.fr\/val-d-oise-95\/bezons-les-salaries-de-ppg-contestent-le-projet-de-plan-social-26-03-2021-8429978.php\">Bezons : les salari\u00e9s de PPG contestent le projet de plan social<\/a>&nbsp;(Le Parisien)<\/p>\n\n\n\n<p><a href=\"https:\/\/www.ladepeche.fr\/2022\/04\/02\/les-salaries-du-foyer-logement-leontine-naves-en-greve-demain-10209605.php\">Le Fousseret. Les salari\u00e9s du foyer logement L\u00e9ontine Naves en gr\u00e8ve demain<\/a>&nbsp;(La D\u00e9peche)<\/p>\n\n\n\n<p><a href=\"https:\/\/www.leprogres.fr\/economie\/2022\/04\/01\/la-greve-des-salaries-de-sag-france-s-est-poursuivie-devant-l-usine-renault-trucks\">La gr\u00e8ve des salari\u00e9s de SAG France s\u2019est poursuivie devant l\u2019usine Renault Trucks<\/a>&nbsp;(Le Progr\u00e8s)<\/p>\n\n\n\n<p><a href=\"https:\/\/www.lamarseillaise.fr\/social\/avec-toute-la-cgt-la-centrale-contre-attaque-EN10842767\">A Gardanne, la centrale contre-attaque avec toute la CGT<\/a>&nbsp;(La Marseillaise)<\/p>\n\n\n\n<p><a href=\"https:\/\/www.facebook.com\/luttesinvisibles\" title=\"Mobilisations du jour\">Mobilisations du jour<\/a><strong> <\/strong>(Luttes Invisibles)<\/p>\n\n\n\n<p><a href=\"https:\/\/www.lutte-ouvriere.org\/actualite\/echos\">S\u00e9curit\u00e9 Sociale, Rennes&nbsp;:&nbsp; Ils en r\u00eavent !<\/a> (LO)<\/p>\n\n\n\n<p><a href=\"https:\/\/www.lutte-ouvriere.org\/actualite\/echos\">Continental, Rennes&nbsp;:&nbsp; On y perd<\/a> (LO)<\/p>\n\n\n\n<p><a href=\"https:\/\/www.miroirsocial.com\/participatif\/thales-lorsque-lego-tue-les-negos\">Thales : lorsque l\u2019ego tue les n\u00e9gos<\/a> (Miroir Social)<\/p>\n\n\n\n<p><a href=\"https:\/\/www.lutte-ouvriere.org\/actualite\/echos\">Hutchinson Saint-Brieuc&nbsp;:&nbsp; Ils ont d\u00e9j\u00e0 la r\u00e9ponse <\/a>&nbsp;(LO)<\/p>\n\n\n\n<figure class=\"wp-block-image size-full\"><img data-recalc-dims=\"1\" loading=\"lazy\" decoding=\"async\" width=\"352\" height=\"199\" src=\"https:\/\/i0.wp.com\/www.rdpemancipation.org\/wp-content\/uploads\/2022\/04\/image-7.png?resize=352%2C199&#038;ssl=1\" alt=\"\" class=\"wp-image-79454\" srcset=\"https:\/\/i0.wp.com\/www.rdpemancipation.org\/wp-content\/uploads\/2022\/04\/image-7.png?w=352&amp;ssl=1 352w, https:\/\/i0.wp.com\/www.rdpemancipation.org\/wp-content\/uploads\/2022\/04\/image-7.png?resize=300%2C170&amp;ssl=1 300w\" sizes=\"auto, (max-width: 352px) 100vw, 352px\" \/><\/figure>\n\n\n\n<p>&nbsp;<a href=\"https:\/\/drees2-sgsocialgouv.opendatasoft.com\/explore\/dataset\/305_les-comptes-de-la-protection-sociale\/information\/\"><strong>D\u00e9penses de protection sociale et financements<\/strong><\/a> (INSEE, DREES)<\/p>\n\n\n\n<p><a href=\"https:\/\/lanticapitaliste.org\/actualite\/logement\/logement-pour-toutes-quelques-mesures-durgence\">Logement pour touTEs\u2009: quelques mesures d\u2019urgence<\/a> (L\u2019Antica)<\/p>\n\n\n\n<p><a href=\"https:\/\/www.humanite.fr\/politique\/rsa\/le-nouveau-rsa-contraire-aux-droits-humains-744515\">Le nouveau RSA contraire aux droits humains<\/a> (L\u2019Humanit\u00e9)<\/p>\n\n\n\n<p><a href=\"https:\/\/www.humanite.fr\/politique\/presidentielle-2022\/les-classes-populaires-peuvent-bousculer-le-scenario-744518\">Les classes populaires peuvent bousculer le sc\u00e9nario<\/a>&nbsp;(L\u2019Humanit\u00e9)<\/p>\n\n\n\n<p><strong>Monde<\/strong><\/p>\n\n\n\n<p>P\u00e9rou<a href=\"https:\/\/www.infobae.com\/fr\/2022\/04\/02\/huancayo-isolee-routes-bloquees-et-acces-restreint-a-la-ville-le-sixieme-jour-de-la-greve\/\">. Huancayo isol\u00e9e : routes bloqu\u00e9es et acc\u00e8s restreint \u00e0 la ville le sixi\u00e8me jour de la gr\u00e8ve<\/a>&nbsp;(Infobae)<\/p>\n\n\n\n<p><strong><a href=\"https:\/\/www.boursorama.com\/actualite-economique\/actualites\/victoire-historique-pour-le-premier-syndicat-chez-amazon-aux-etats-unis-3f6d912f99c8f204799a338fe1cf4d13\">Victoire historique pour le premier syndicat chez Amazon aux Etats-Unis<\/a> (AFP)<\/strong><\/p>\n\n\n\n<p><strong>Canada &#8211; <a href=\"https:\/\/jacobinmag.com\/2022\/03\/amazon-yeg1-warehouse-teamsters-alberta-canada-union\">Comment Amazon a battu les syndicats en Alberta<\/a><\/strong> (Jacobin)<\/p>\n\n\n\n<p><strong>Espagne<\/strong> &#8211; <a href=\"https:\/\/www.infolibre.es\/politica\/heroes-tirar-alzan-voz-anos-vida-agradecidos-pagados_1_1224095.html\">Des h\u00e9ros jetables \u00e9l\u00e8vent la voix sur le licenciement des contrats covid<\/a> (Esp. \u2013 Infolibre)<\/p>\n\n\n\n<figure class=\"wp-block-image size-full\"><img data-recalc-dims=\"1\" loading=\"lazy\" decoding=\"async\" width=\"359\" height=\"204\" src=\"https:\/\/i0.wp.com\/www.rdpemancipation.org\/wp-content\/uploads\/2022\/04\/image-8.png?resize=359%2C204&#038;ssl=1\" alt=\"\" class=\"wp-image-79457\" srcset=\"https:\/\/i0.wp.com\/www.rdpemancipation.org\/wp-content\/uploads\/2022\/04\/image-8.png?w=359&amp;ssl=1 359w, https:\/\/i0.wp.com\/www.rdpemancipation.org\/wp-content\/uploads\/2022\/04\/image-8.png?resize=300%2C170&amp;ssl=1 300w\" sizes=\"auto, (max-width: 359px) 100vw, 359px\" \/><\/figure>\n\n\n\n<p><strong><a href=\"https:\/\/blog.mondediplo.net\/leur-societe-et-la-notre\">Mc K, La firme des animaux&nbsp;: Leur soci\u00e9t\u00e9 et la n\u00f4tre<\/a> (Monde Diplo)<\/strong><\/p>\n\n\n\n<figure class=\"wp-block-image size-full\"><img data-recalc-dims=\"1\" loading=\"lazy\" decoding=\"async\" width=\"359\" height=\"280\" src=\"https:\/\/i0.wp.com\/www.rdpemancipation.org\/wp-content\/uploads\/2022\/04\/image-9.png?resize=359%2C280&#038;ssl=1\" alt=\"\" class=\"wp-image-79458\" srcset=\"https:\/\/i0.wp.com\/www.rdpemancipation.org\/wp-content\/uploads\/2022\/04\/image-9.png?w=359&amp;ssl=1 359w, https:\/\/i0.wp.com\/www.rdpemancipation.org\/wp-content\/uploads\/2022\/04\/image-9.png?resize=300%2C234&amp;ssl=1 300w\" sizes=\"auto, (max-width: 359px) 100vw, 359px\" \/><\/figure>\n\n\n\n<p><strong>Analyse<\/strong><\/p>\n\n\n\n<p><a href=\"https:\/\/radioparleur.net\/2022\/04\/01\/zone-a-diffuser-zad-creation\/\">Zone \u00e0 diffuser &#8211;&nbsp; Une cr\u00e9ation pour raconter la ZAD<\/a> (Radioparleur)<\/p>\n\n\n\n<p><a href=\"https:\/\/rapportsdeforce.fr\/pouvoir-et-contre-pouvoir\/ordonnances-macron-le-bareme-des-indemnites-de-licenciement-suspendu-a-la-decision-de-la-cour-de-cassation-033113215\">Ordonnances Macron : le bar\u00e8me des indemnit\u00e9s de licenciement suspendu \u00e0 la d\u00e9cision de la Cour de cassation<\/a>&nbsp;(Rapports de force)<\/p>\n\n\n\n<p class=\"has-text-color\" style=\"color:#f70707\"><strong>1er avril en continu<\/strong><\/p>\n\n\n\n<figure class=\"wp-block-image is-resized is-style-default\"><img loading=\"lazy\" decoding=\"async\" src=\"https:\/\/scontent.fhex4-1.fna.fbcdn.net\/v\/t39.30808-6\/277532720_1416898855399245_7823974363901404376_n.png?stp=dst-png_p180x540&amp;_nc_cat=105&amp;ccb=1-5&amp;_nc_sid=730e14&amp;_nc_ohc=wLJvr04naTQAX9BlE6Z&amp;_nc_ht=scontent.fhex4-1.fna&amp;oh=00_AT8B1oSUrpi5FQrnK7F1D4nWP64t6ur9FdmAgPPhvJXNow&amp;oe=624C7689\" alt=\"Peut \u00eatre une image de texte\" width=\"385\" height=\"289\"\/><\/figure>\n\n\n\n<p><strong><a href=\"https:\/\/www.google.com\/url?rct=j&amp;sa=t&amp;url=https:\/\/lanticapitaliste.org\/actualite\/entreprises\/contre-la-decision-de-justice-ordonnant-son-evacuation-soutenir-la-sam&amp;ct=ga&amp;cd=CAEYBSoTODE4NzM2MjUzNjU4MjQ1NDA0NTIaNzljZmU0ZDA2ZmQ3YjljMjpjb206ZnI6VVM&amp;usg=AFQjCNHfRpK_rmZyamUkEfPeNrEiQubllw\" target=\"_blank\" rel=\"noreferrer noopener\">Contre la d\u00e9cision de justice ordonnant son \u00e9vacuation, soutenir la SAM toujours occup\u00e9e<\/a><a> (<\/a>L&rsquo;Anticapitaliste)<\/strong><\/p>\n\n\n\n<p><strong><a href=\"https:\/\/www.facebook.com\/luttesinvisibles\" title=\"Mobilisations du jour\">Mobilisations du jour<\/a> <\/strong>(Luttes Invisibles)<\/p>\n\n\n\n<p><a href=\"https:\/\/basta.media\/cooperative-Scop-Fralib-the-1336-Unilever-reprise-de-l-usine-alternative\">\u00ab&nbsp;La coop\u00e9rative, \u00e7a change tout&nbsp;!&nbsp;\u00bb&nbsp;: Chez les Fralib, sept ans apr\u00e8s la reprise de l\u2019usine<\/a> (Basta)<\/p>\n\n\n\n<p><a href=\"https:\/\/www.cgt.fr\/actualites\/france\/interprofessionnel\/conditions-de-travail\/sante-au-travail-la-responsabilite-des-employeurs-transferee-aux-salaries\">Sant\u00e9 au travail : la responsabilit\u00e9 des employeurs transf\u00e9r\u00e9s aux salari\u00e9s<\/a> (CGT)<\/p>\n\n\n\n<p><a href=\"https:\/\/www.cgt.fr\/actualites\/france\/vers-une-baisse-du-prix-de-lessence\">Vers une baisse du prix de l\u2019essence ? <\/a>(CGT)<\/p>\n\n\n\n<p><a href=\"https:\/\/www.humanite.fr\/social-eco\/centres-d-appels\/debrayage-chez-webhelp-744438\">D\u00e9brayage chez Webhelp<\/a> (L\u2019Humanit\u00e9)<\/p>\n\n\n\n<p><a href=\"https:\/\/www.larep.fr\/ingre-45140\/actualites\/en-greve-ce-mercredi-a-ingre-les-salaries-de-rte-evacues-par-les-crs_14107635\/\">En gr\u00e8ve ce mercredi \u00e0 Ingr\u00e9, les salari\u00e9s de RTE \u00e9vacu\u00e9s par la police<\/a>&nbsp;(La R\u00e9publique du Centre)<\/p>\n\n\n\n<p><a href=\"https:\/\/www.leprogres.fr\/social\/2022\/03\/30\/greve-des-eboueurs-apres-saint-etienne-le-mouvement-s-etend-a-la-couronne-l-ondaine-et-le-gier\">Gr\u00e8ve \u00e9boueurs : apr\u00e8s Saint-Etienne, le mouvement s\u2019\u00e9tend \u00e0 la couronne, l\u2019Ondaine et le Gier<\/a>&nbsp;(Le Progr\u00e8s)<\/p>\n\n\n\n<p><a href=\"https:\/\/www.lessor42.fr\/lhorme-menacee-de-fermeture-sag-france-en-greve-106247.html\">L&rsquo;Horme : Menac\u00e9e de fermeture, SAG France en gr\u00e8ve<\/a>&nbsp;(L&rsquo;Essor Loire)<\/p>\n\n\n\n<p><a href=\"https:\/\/www.lanouvellerepublique.fr\/chateauroux\/a-chateauroux-les-salaries-de-ksb-en-greve-pour-un-meilleur-salaire\">\u00c0 Ch\u00e2teauroux, les salari\u00e9s de KSB en gr\u00e8ve pour un meilleur salaire<\/a>&nbsp;(La Nouvelle R\u00e9publique)<\/p>\n\n\n\n<p><a href=\"https:\/\/actu.fr\/occitanie\/montpellier_34172\/medias-greve-collective-y-aura-t-il-midi-libre-dans-les-kiosques-le-1er-avril_49825273.html\">M\u00e9dias. Gr\u00e8ve collective : y aura t-il Midi Libre dans les kiosques le 1er avril ?<\/a>&nbsp;(actu<a href=\"http:\/\/actu.fr\/\">.<\/a>fr)<\/p>\n\n\n\n<p><a href=\"https:\/\/www.lamarseillaise.fr\/social\/salaires-temps-de-travail-les-territoriaux-dans-la-rue-NL10829712\">Salaires, temps de travail : les territoriaux dans la rue<\/a>&nbsp;(La Marseillaise)<\/p>\n\n\n\n<p><a href=\"https:\/\/tribunedelyon.fr\/2022\/03\/31\/nouvel-appel-a-la-greve-de-la-police-municipale-de-lyon-en-avril\/\">Nouvel appel \u00e0 la gr\u00e8ve de la police municipale de Lyon en avril<\/a>&nbsp;(Tribune de Lyon)<\/p>\n\n\n\n<p><a href=\"https:\/\/www.infolibertaire.net\/mouvement-de-greve-chez-les-gandous\/\">Saint Etienne. Mouvement de gr\u00e8ve chez les gandous<\/a>&nbsp;(infoLibertaire.net)<\/p>\n\n\n\n<figure class=\"wp-block-image is-resized is-style-default\"><img loading=\"lazy\" decoding=\"async\" src=\"https:\/\/scontent-frx5-2.xx.fbcdn.net\/v\/t39.30808-6\/277110397_962477084452606_28894442646196619_n.jpg?_nc_cat=109&amp;ccb=1-5&amp;_nc_sid=8bfeb9&amp;_nc_ohc=CVUAgY86D6cAX-UEcwC&amp;tn=vQRVvfwBgk3VJH6K&amp;_nc_ht=scontent-frx5-2.xx&amp;oh=00_AT_eqWcTgcvDpxQp4wzjK5NzzYj-B0_JIG-FVR3Pz6JKLQ&amp;oe=624BF7B7\" alt=\"Peut \u00eatre une image de 1 personne, monument et texte qui dit \u2019de 'Je ne suis pas, Messieurs, de ceux qui croient qu'on peut supprimer la souffrance en ce monde, mais je suis ceux qui pensent et qui affirment qu'on peut d\u00e9truire la mis\u00e8re. Remarquez-le bien, Messieurs, je ne dis pas diminuer, amoindrir, limiter, circonscrire, je dis d\u00e9truire.&quot; Victor Hugo, 9 juillet 1849 Discours \u00e0 l'Assembl\u00e9e nationale l\u00e9gislative\u2019\" width=\"299\" height=\"299\"\/><\/figure>\n\n\n\n<p><strong>Monde<\/strong><\/p>\n\n\n\n<p class=\"has-contrast-color has-text-color\"><a href=\"https:\/\/lactualite.com\/actualites\/augmentations-de-24-sur-cinq-ans-pour-les-metallos-a-la-fonderie-bradken\/\">Canada. Augmentations de 24 % sur cinq ans pour les M\u00e9tallos \u00e0 la fonderie Bradken<\/a>&nbsp;(Lactualite)<\/p>\n\n\n\n<p><strong>Analyse<\/strong><\/p>\n\n\n\n<p><strong><a href=\"https:\/\/www.facebook.com\/watch\/?v=364026122130340&amp;aggr_v_ids%5B0%5D=364026122130340&amp;notif_id=1648731356336423&amp;notif_t=watch_follower_video&amp;ref=notif\">Treize ann\u00e9es de lutte chacun : \u00e9change Charles Piaget (LIP) et Philippe Poutou (Ford)<\/a> -vid\u00e9o<\/strong><\/p>\n\n\n\n<p><a href=\"https:\/\/www.force-ouvriere.fr\/cadre-et-syndicaliste-une-double-casquette-pas-facile-a-porter\">Cadre et syndicaliste&nbsp;: une double casquette pas facile \u00e0 porter<\/a> (FO)<\/p>\n\n\n\n<p><a href=\"https:\/\/cgt-justice.fr\/macron-attaque\/\">Macron attaque !<\/a>&nbsp;(Cgt-justice)<\/p>\n\n\n\n<p><a href=\"https:\/\/www.force-ouvriere.fr\/minima-salariaux-dans-la-branche-prestataires-de-services-force-15615\">Minima salariaux dans la branche prestataires de services : Force Ouvri\u00e8re ne l\u00e2che rien<\/a>&nbsp;(Force Ouvri\u00e8re)<\/p>\n\n\n\n<figure class=\"wp-block-image size-full is-resized is-style-default\"><img data-recalc-dims=\"1\" loading=\"lazy\" decoding=\"async\" src=\"https:\/\/i0.wp.com\/www.rdpemancipation.org\/wp-content\/uploads\/2022\/04\/aj8.jpg?resize=383%2C369&#038;ssl=1\" alt=\"\" class=\"wp-image-79299\" width=\"383\" height=\"369\" srcset=\"https:\/\/i0.wp.com\/www.rdpemancipation.org\/wp-content\/uploads\/2022\/04\/aj8.jpg?w=680&amp;ssl=1 680w, https:\/\/i0.wp.com\/www.rdpemancipation.org\/wp-content\/uploads\/2022\/04\/aj8.jpg?resize=300%2C289&amp;ssl=1 300w\" sizes=\"auto, (max-width: 383px) 100vw, 383px\" \/><\/figure>\n","protected":false},"excerpt":{"rendered":"<p>30 avril en continu Mobilisations du jour (Luttes Invisibles) Salaires : les effets pervers de la hausse du smic chez Tessi, \u00e0 Lyon (Le Parisien) Sid\u00e9rurgie : un avenant \u00e0 la convention nationale pour d\u00e9fendre le pouvoir d&rsquo;achat (Miroir Social) La smicardisation atteint d\u00e9sormais plus de 700 000 agents publics (Miroir Social) \u00ab&nbsp;L\u2019id\u00e9e que les &#8230; <a title=\"Avril &#8211; Social\" class=\"read-more\" href=\"https:\/\/www.rdpemancipation.org\/?p=79175\" aria-label=\"En savoir plus sur Avril &#8211; Social\">Lire la suite<\/a><\/p>\n","protected":false},"author":1,"featured_media":0,"comment_status":"closed","ping_status":"closed","sticky":false,"template":"","format":"standard","meta":{"_lmt_disableupdate":"no","_lmt_disable":"no","_jetpack_memberships_contains_paid_content":false,"footnotes":""},"categories":[8],"tags":[],"class_list":["post-79175","post","type-post","status-publish","format-standard","hentry","category-social"],"modified_by":"jmb","jetpack_featured_media_url":"","jetpack_sharing_enabled":true,"_links":{"self":[{"href":"https:\/\/www.rdpemancipation.org\/index.php?rest_route=\/wp\/v2\/posts\/79175","targetHints":{"allow":["GET"]}}],"collection":[{"href":"https:\/\/www.rdpemancipation.org\/index.php?rest_route=\/wp\/v2\/posts"}],"about":[{"href":"https:\/\/www.rdpemancipation.org\/index.php?rest_route=\/wp\/v2\/types\/post"}],"author":[{"embeddable":true,"href":"https:\/\/www.rdpemancipation.org\/index.php?rest_route=\/wp\/v2\/users\/1"}],"replies":[{"embeddable":true,"href":"https:\/\/www.rdpemancipation.org\/index.php?rest_route=%2Fwp%2Fv2%2Fcomments&post=79175"}],"version-history":[{"count":339,"href":"https:\/\/www.rdpemancipation.org\/index.php?rest_route=\/wp\/v2\/posts\/79175\/revisions"}],"predecessor-version":[{"id":83946,"href":"https:\/\/www.rdpemancipation.org\/index.php?rest_route=\/wp\/v2\/posts\/79175\/revisions\/83946"}],"wp:attachment":[{"href":"https:\/\/www.rdpemancipation.org\/index.php?rest_route=%2Fwp%2Fv2%2Fmedia&parent=79175"}],"wp:term":[{"taxonomy":"category","embeddable":true,"href":"https:\/\/www.rdpemancipation.org\/index.php?rest_route=%2Fwp%2Fv2%2Fcategories&post=79175"},{"taxonomy":"post_tag","embeddable":true,"href":"https:\/\/www.rdpemancipation.org\/index.php?rest_route=%2Fwp%2Fv2%2Ftags&post=79175"}],"curies":[{"name":"wp","href":"https:\/\/api.w.org\/{rel}","templated":true}]}}