{"id":79171,"date":"2022-04-01T09:39:03","date_gmt":"2022-04-01T07:39:03","guid":{"rendered":"https:\/\/www.rdpemancipation.org\/?p=79171"},"modified":"2022-04-30T11:53:55","modified_gmt":"2022-04-30T09:53:55","slug":"avril-economie-2","status":"publish","type":"post","link":"https:\/\/www.rdpemancipation.org\/?p=79171","title":{"rendered":"Avril &#8211; \u00c9conomie"},"content":{"rendered":"\n<p><strong><mark style=\"background-color:rgba(0, 0, 0, 0);color:#f20303\" class=\"has-inline-color\">30 avril en continu<\/mark><\/strong><\/p>\n\n\n\n<p><a href=\"https:\/\/blogs.mediapart.fr\/gabriel-gaspard\/blog\/290422\/avec-le-budget-2023-le-gouvernement-sera-t-il-au-pied-du-mur\" target=\"_blank\" rel=\"noreferrer noopener\">Avec le budget 2023, le gouvernement sera-t-il \u00ab\u00a0au pied du mur\u00a0\u00bb ?<\/a> (Blog Gabriel Gaspard)<\/p>\n\n\n\n<p><a href=\"https:\/\/reporterre.net\/La-compositions-des-aliments-modifiee-sans-que-le-consommateur-en-soit-informe?utm_source=newsletter&amp;utm_medium=email&amp;utm_campaign=nl_quotidienne\" target=\"_blank\" rel=\"noreferrer noopener\">La composition des aliments modifi\u00e9e sans que le consommateur en soit inform\u00e9<\/a> (Reporterre)<\/p>\n\n\n\n<figure class=\"wp-block-image is-resized\"><img loading=\"lazy\" decoding=\"async\" src=\"https:\/\/lh6.googleusercontent.com\/ctx0iCmY26UkRsrc7mlWn7zAtNGAFRC5DzaX-zeC26NTG2H5lEesCciTnqC7UDmU_p0gjX5FvwleRbu4vY4B7V717zXEevGwXsBnuFylxomyXLheqng1ON9MNH_FYHD1M849wBOS0FJA51wJOA\" alt=\"\" width=\"541\" height=\"304\"\/><\/figure>\n\n\n\n<p><strong>Monde<\/strong><\/p>\n\n\n\n<p><a href=\"https:\/\/redirection.b2b.infopro-digital.com\/lnk\/AV8AABt5y2AAAcXEIIwAAHnKuI0AAABZQTkAANzxAAwsSQBia439qZmsPNU9Rji6de9IU1OHaQAMCy8\/9\/NwFx-KC7cwxErAbxSVGSPQ\/aHR0cHM6Ly93d3cudXNpbmUtZGlnaXRhbGUuZnIvZWRpdG9yaWFsL2wtdW5pb24tZXVyb3BlZW5uZS12YS1vdXZyaXItdW5lLWJhc2UtYXZhbmNlZS1kYW5zLWxhLXNpbGljb24tdmFsbGV5Lk4xOTk5Mjc3I3h0b3I9RVBSLTQmZW1haWw9bi5jaGV2aWxsYXJkQG5vb3MuZnI#xtor=EPR-4&amp;email=n.chevillard@noos.fr\" target=\"_blank\" rel=\"noreferrer noopener\">L&rsquo;UE va ouvrir une base avanc\u00e9e dans la Silicon Valley<\/a> (Usine Digitale)<\/p>\n\n\n\n<p><a href=\"https:\/\/reporterre.net\/L-arret-des-exportations-d-huile-de-palme-par-l-Indonesie-va-affecter-l-Inde-le-Pakistan\" target=\"_blank\" rel=\"noreferrer noopener\">L\u2019arr\u00eat des exportations d\u2019huile de palme par l\u2019Indon\u00e9sie va affecter l\u2019Inde, le Pakistan et le Bangladesh<\/a> (Reporterre)<\/p>\n\n\n\n<p><a href=\"https:\/\/www.courrierinternational.com\/article\/croissance-apres-une-annee-2021-exceptionnelle-l-economie-americaine-se-contracte?utm_medium=Social&amp;utm_source=Twitter&amp;Echobox=1651157988-1\">Baisse du PIB aux USA au 1er trimestre 2022<\/a> (Courrier International)<\/p>\n\n\n\n<p><a href=\"http:\/\/www.npa-auto-critique.org\/2022\/04\/en-pleine-pandemie-la-rentabilite-de-l-industrie-automobile-mondiale-a-atteint-un-niveau-record.html?utm_source=_ob_email&amp;utm_medium=_ob_notification&amp;utm_campaign=_ob_pushmail\">En pleine pand\u00e9mie, la rentabilit\u00e9 de l&rsquo;industrie automobile mondiale a atteint un niveau record<\/a> (Auto Critique)<\/p>\n\n\n\n<p><strong>Analyse<\/strong><\/p>\n\n\n\n<figure class=\"wp-block-image is-resized\"><img data-recalc-dims=\"1\" loading=\"lazy\" decoding=\"async\" src=\"https:\/\/i0.wp.com\/mamot.fr\/system\/media_attachments\/files\/108\/165\/882\/161\/772\/914\/original\/04e1c99d15ad0c53.png?resize=544%2C354&#038;ssl=1\" alt=\"\" width=\"544\" height=\"354\"\/><\/figure>\n\n\n\n<p><strong><mark style=\"background-color:rgba(0, 0, 0, 0);color:#f20303\" class=\"has-inline-color\">29 avril en continu<\/mark><\/strong><\/p>\n\n\n\n<p><strong>France<\/strong><\/p>\n\n\n\n<p><a href=\"https:\/\/common.indigo-net.com\/lib\/cookie_log\/redirector.asp?mail=n.chevillard@noos.fr&amp;ID=468965&amp;DOCIID=109703480&amp;ENAIID=723874&amp;RETOUR=SIMPLE&amp;link=https:\/\/www.lalettrea.fr\/entreprises_energie-et-environnement\/2022\/04\/29\/nucleaire--edf-s-apprete-a-racheter-efinor,109781435-eve?utm_source=LLA&amp;utm_medium=email&amp;utm_campaign=PROS_EDIT_ART\" target=\"_blank\" rel=\"noreferrer noopener\">Nucl\u00e9aire : EDF s&rsquo;appr\u00eate \u00e0 racheter Efinor<\/a> (La Lettre A)<\/p>\n\n\n\n<p><a href=\"https:\/\/www.boursorama.com\/actualite-economique\/actualites\/dans-les-rayons-des-supermarches-l-inflation-est-deja-bien-presente-9387fd5d594846a95d1de90dd152c86d\">Dans les rayons des supermarch\u00e9s, l&rsquo;inflation est d\u00e9j\u00e0 bien pr\u00e9sente<\/a> (AFP)<\/p>\n\n\n\n<p><a href=\"https:\/\/www.boursorama.com\/actualite-economique\/actualites\/inflation-envolee-des-prix-agricoles-a-la-production-en-mars-179178eab0084a048a774a41d7e03662\">Inflation : envol\u00e9e des prix agricoles \u00e0 la production en mars<\/a> (AFP)<\/p>\n\n\n\n<p><a href=\"https:\/\/www.boursorama.com\/actualite-economique\/actualites\/france-a-4-8-sur-un-an-l-inflation-au-plus-haut-en-pres-de-37-ans-b83d4e1b8701d50efcb53e500fb37e9f\">France : \u00e0 4,8% sur un an, l&rsquo;inflation au plus haut en pr\u00e8s de 37 ans<\/a> (AFP)<\/p>\n\n\n\n<p><a href=\"https:\/\/www.boursorama.com\/actualite-economique\/actualites\/stagnation-du-pib-au-t1-inflation-record-en-avril-364f722fe5b56daeb86b55251ae12d53\">Stagnation du PIB au T1, inflation record en avril<\/a> (Reuters)<\/p>\n\n\n\n<p><a href=\"https:\/\/www.boursorama.com\/actualite-economique\/actualites\/france-nette-baisse-de-la-consommation-des-menages-en-mars-c30fa8dffb4255ea2d99fa62baee90e2\">France : nette baisse de la consommation des m\u00e9nages en mars<\/a> (AFP)<\/p>\n\n\n\n<p><a href=\"https:\/\/www.boursorama.com\/videos\/actualites\/y-a-t-il-trop-de-dettes-en-france-0a9a5b052efe488722111978cb5e0820\">Y a-t-il trop de dettes en France ?<\/a> (Ecorama)<\/p>\n\n\n\n<p><a href=\"https:\/\/www.boursorama.com\/actualite-economique\/actualites\/la-ratp-retire-des-bus-electriques-bollore-de-la-circulation-apres-deux-incendies-a-paris-5afbc9780174b72b7b6ba283798eef0f\">La RATP retire des bus \u00e9lectriques Bollor\u00e9 de la circulation apr\u00e8s deux incendies \u00e0 Paris<\/a> (AFP)<\/p>\n\n\n\n<p><a href=\"https:\/\/www.mediapart.fr\/journal\/economie\/290422\/privatisation-numerique-la-start-nation-bouscule-les-services-publics\">Privatisation num\u00e9rique&nbsp;: la \u00ab&nbsp;start-up nation&nbsp;\u00bb bouscule les services publics<\/a> (M\u00e9diapart)<\/p>\n\n\n\n<p><a href=\"https:\/\/www.mediapart.fr\/journal\/economie\/270422\/de-mckinsey-viktor-orban-le-pedigree-sulfureux-du-repreneur-d-euronews\">De McKinsey \u00e0 Viktor Orb\u00e1n, le pedigree sulfureux du repreneur d\u2019Euronews<\/a> (M\u00e9diapart)<\/p>\n\n\n\n<p><a href=\"https:\/\/redirection.b2b.infopro-digital.com\/lnk\/AU4AAFe34TAAAcXEIHYAAHnKuI0AAABZQUUAANzvAAwsSQBiatRh0B5ZhjxPTlehcaRBSSMUiQAMCy8\/11\/RpxExqcvHAP-cisO9urm-g\/aHR0cHM6Ly93d3cudXNpbmVub3V2ZWxsZS5jb20vYXJ0aWNsZS9sLWFtZXJpY2Fpbi1ra3ItdmV1dC1yYWNoZXRlci1hbGJpb21hLXByb2R1Y3RldXItZnJhbmNhaXMtZC1lbmVyZ2llcy1yZW5vdXZlbGFibGVzLk4xOTk5MTM3I3h0b3I9RVBSLTE2OSZlbWFpbD1uLmNoZXZpbGxhcmRAbm9vcy5mcg#xtor=EPR-169&amp;email=n.chevillard@noos.fr\" target=\"_blank\" rel=\"noreferrer noopener\">L&rsquo;am\u00e9ricain KKR veut racheter Albioma, producteur fran\u00e7ais d&rsquo;\u00e9nergies renouvelables<\/a> (Usine Nouvelle)<\/p>\n\n\n\n<p><strong>Monde<\/strong><\/p>\n\n\n\n<p><a href=\"https:\/\/www.connaissancedesenergies.org\/afp\/enrichis-par-la-flambee-du-brut-les-petroliers-americains-ne-dopent-pas-leur-production-220429\">Enrichis par la flamb\u00e9e du brut, les p\u00e9troliers am\u00e9ricains ne dopent pas leur production<\/a> (AFP)<\/p>\n\n\n\n<p><a href=\"https:\/\/www.boursorama.com\/actualite-economique\/actualites\/zone-euro-l-inflation-monte-encore-et-s-etend-au-dela-de-l-energie-d42227aa1b45814190bbf48216e6e94a\">Zone euro : L&rsquo;inflation monte encore et s&rsquo;\u00e9tend au-del\u00e0 de l&rsquo;\u00e9nergie<\/a> (Reuters)<\/p>\n\n\n\n<p><a href=\"https:\/\/www.boursorama.com\/actualite-economique\/actualites\/la-croissance-de-la-zone-euro-a-ralenti-a-0-2-au-1er-trimestre-6e41a60509e35747eeea20aeef8ef8f1\">La croissance de la zone euro a ralenti \u00e0 0,2% au 1er trimestre<\/a> (Reuters)<\/p>\n\n\n\n<p><a href=\"https:\/\/www.boursorama.com\/actualite-economique\/actualites\/allemagne-croissance-du-pib-estimee-a-0-2-au-1er-trimestre-e06198fd8f6b077a1949149d1efce047\">Allemagne : Croissance du PIB estim\u00e9e \u00e0 0,2% au 1er trimestre<\/a> (Reuters)<\/p>\n\n\n\n<p><a href=\"https:\/\/multinationales.org\/Sante-numerique-les-inquietants-projets-d-Emmanuel-Macron-et-de-l-UE\" target=\"_blank\" rel=\"noreferrer noopener\">Sant\u00e9 num\u00e9rique&nbsp;: les inqui\u00e9tants projets d\u2019Emmanuel Macron et de l\u2019UE<\/a> (Observatoire des multinationales)<\/p>\n\n\n\n<p><a href=\"https:\/\/www.boursorama.com\/videos\/actualites\/recul-du-pib-aux-usa-en-route-vers-la-recession-37a90bb091c11994fe9f86908327e3c9\">Recul du PIB aux USA : en route vers la r\u00e9cession ?<\/a> (Ecorama)<\/p>\n\n\n\n<p><a href=\"https:\/\/medor.coop\/nos-questions\/openpharma-sante-transparence-financement-betransparent\/episodes\/cheres-unifs-chaire-pharmas-universites-kuleuven-sponsoring\/\" target=\"_blank\" rel=\"noreferrer noopener\">L&rsquo;argent du m\u00e9dicament dans nos universit\u00e9s belges<\/a>&nbsp; (M\u00e9dor)<\/p>\n\n\n\n<p><a href=\"https:\/\/www.terrestres.org\/2022\/04\/29\/de-lemprise-du-gaz-russe-en-europe-et-en-france\/\" target=\"_blank\" rel=\"noreferrer noopener\">De l&#8217;emprise du gaz russe en Europe et en France&nbsp;<\/a> (Terrestres)<\/p>\n\n\n\n<p><strong>Analyse<\/strong><\/p>\n\n\n\n<p><a href=\"https:\/\/info.alternatives-economiques.fr\/optiext\/optiextension.dll?ID=mUVmOLHP_e%2BqsKoCDUCV2b6OT1txBRKCBAj0iLcdlp_6Egu8fPvebVjAzEavW3EtKZnN7%2BOp5oYtBUti2dePo%2BkpoCdS7\" target=\"_blank\" rel=\"noreferrer noopener\">Les grands fonds d&rsquo;investissement, rois du greenwashing<\/a> (Alter \u00e9co)<\/p>\n\n\n\n<p><a href=\"https:\/\/theconversation.com\/la-mondialisation-est-elle-bonne-pour-la-sante-181906\" target=\"_blank\" rel=\"noreferrer noopener\">La mondialisation est-elle bonne pour la sant\u00e9 ?<\/a>&nbsp; (The Conversation)<\/p>\n\n\n\n<p><a href=\"https:\/\/theconversation.com\/debat-le-prix-du-carbone-pas-uniquement-guide-par-le-court-terme-178070\" target=\"_blank\" rel=\"noreferrer noopener\">D\u00e9bat : Le prix du carbone, pas uniquement guid\u00e9 par le court terme<\/a>&nbsp; (The Conversation)<\/p>\n\n\n\n<p><strong><mark style=\"background-color:rgba(0, 0, 0, 0);color:#f20303\" class=\"has-inline-color\">28 avril en continu<\/mark><\/strong><\/p>\n\n\n\n<p><strong>France<\/strong><\/p>\n\n\n\n<p><a href=\"https:\/\/www.connaissancedesenergies.org\/afp\/axa-interpelle-au-sujet-de-son-soutien-au-petrole-et-au-gaz-lors-de-son-assemblee-generale-220428\">Axa interpell\u00e9 au sujet de son soutien au p\u00e9trole et au gaz lors de son assembl\u00e9e g\u00e9n\u00e9rale<\/a> (AFP)<\/p>\n\n\n\n<p><a href=\"https:\/\/www.connaissancedesenergies.org\/afp\/guyane-la-justice-annule-nouveau-le-projet-controverse-de-centrale-electrique-dedf-220428\">Guyane : la justice \u00ab\u00a0annule\u00a0\u00bb \u00e0 nouveau le projet controvers\u00e9 de centrale \u00e9lectrique d&rsquo;EDF<\/a> (AFP)<\/p>\n\n\n\n<p><a href=\"https:\/\/www.connaissancedesenergies.org\/afp\/totalenergies-benefice-pres-de-5-milliards-de-dollars-malgre-la-russie-220428\">TotalEnergies : b\u00e9n\u00e9fice \u00e0 pr\u00e8s de 5 milliards $, malgr\u00e9 la Russie<\/a> (AFP)<\/p>\n\n\n\n<p><a href=\"https:\/\/www.connaissancedesenergies.org\/afp\/le-conseil-dadministration-de-totalenergies-refuse-une-resolution-dactionnaires-lappelant-respecter-laccord-de-paris-220427\">Le CA de TotalEnergies refuse une r\u00e9solution d&rsquo;actionnaires l&rsquo;appelant \u00e0 respecter l&rsquo;accord de Paris<\/a> (AFP)<\/p>\n\n\n\n<p><a href=\"https:\/\/redirection.b2b.infopro-digital.com\/lnk\/AMEAAMcYlvEAAcXEIEAAAHnKuI0AAABZQUUAIBL0AAwsSQBiaqTqCXhL0P4xR5GZ2CO3h0ZAFAAMCy8\/5\/AdZ-UXano5SUxjbTged0Ug\/aHR0cHM6Ly93d3cudXNpbmVub3V2ZWxsZS5jb20vYXJ0aWNsZS9sZS1nb3V2ZXJuZW1lbnQtcnVzc2UtcG91c3NlLXQtaWwtcmVuYXVsdC1hLXJlbmRyZS1sZXMtY2xlcy1kLWF2dG92YXouTjE5OTc4OTI\" target=\"_blank\" rel=\"noreferrer noopener\">Renault&nbsp;devrait se r\u00e9soudre, en Russie, \u00e0 se s\u00e9parer d\u2019Avtovaz<\/a> (Usine Nouvelle)<\/p>\n\n\n\n<p><a href=\"https:\/\/redirection.b2b.infopro-digital.com\/lnk\/AMEAAMcYlvEAAcXEIEAAAHnKuI0AAABZQUUAIBL0AAwsSQBiaqTqCXhL0P4xR5GZ2CO3h0ZAFAAMCy8\/6\/pdEzgEi8JH4dUNRJFsOoeA\/aHR0cHM6Ly93d3cudXNpbmVub3V2ZWxsZS5jb20vYXJ0aWNsZS9zY2huZWlkZXItZWxlY3RyaWMtdmEtY2VkZXItc2VzLWFjdGl2aXRlcy1lbi1ydXNzaWUuTjE5OTgwMDI\" target=\"_blank\" rel=\"noreferrer noopener\">Schneider Electric&nbsp;c\u00e8de sa filiale russe \u00e0 ses dirigeants dans le pays<\/a> (Usine Nouvelle)<\/p>\n\n\n\n<p><a href=\"https:\/\/redirection.b2b.infopro-digital.com\/lnk\/AMEAAMcYlvEAAcXEIEAAAHnKuI0AAABZQUUAIBL0AAwsSQBiaqTqCXhL0P4xR5GZ2CO3h0ZAFAAMCy8\/8\/TPAJYK69NmMB5X7-aPQsoA\/aHR0cHM6Ly93d3cudXNpbmVub3V2ZWxsZS5jb20vYXJ0aWNsZS9sZXMtZGVwZW5zZXMtbWlsaXRhaXJlcy1tb25kaWFsZXMtb250LWRlcGFzc2UtbGVzLTItMDAwLW1pbGxpYXJkcy1kZS1kb2xsYXJzLWVuLTIwMjEuTjE5OTY4Nzc\" target=\"_blank\" rel=\"noreferrer noopener\">La France est pass\u00e9e au sixi\u00e8me rang des pays en terme de d\u00e9penses militaires<\/a> (Sipri)<\/p>\n\n\n\n<p><strong>Monde<\/strong><\/p>\n\n\n\n<p><a href=\"https:\/\/www.boursorama.com\/actualite-economique\/actualites\/biden-veut-allouer-33-milliards-de-dollars-pour-aider-l-ukraine-a-se-defendre-fde531a51613fbc056825de04dd0bbbc\">Biden veut allouer 33 mds $ \u00ab\u00a0pour aider l&rsquo;Ukraine \u00e0 se d\u00e9fendre\u00a0\u00bb<\/a> (AFP)<\/p>\n\n\n\n<p><a href=\"https:\/\/www.boursorama.com\/actualite-economique\/actualites\/etats-unis-contraction-du-pib-de-1-4-au-1er-trimestre-47ee1bcaa889f525e64d1e34097b1fa4\">\u00c9tats-Unis : Contraction du PIB de 1,4% au 1er trimestre<\/a> (Reuters)<\/p>\n\n\n\n<p><a href=\"https:\/\/www.boursorama.com\/actualite-economique\/actualites\/la-directrice-de-l-omc-met-en-garde-contre-un-repli-du-commerce-mondial-e54a087c3fccc5c80fa77e26b350c0d6\">La directrice de l&rsquo;OMC met en garde contre un repli du commerce mondial<\/a> (Reuters)<\/p>\n\n\n\n<p><a href=\"https:\/\/www.connaissancedesenergies.org\/afp\/gazprom-degage-un-benefice-net-record-en-2021-220428\">Gazprom d\u00e9gage un b\u00e9n\u00e9fice net record en 2021<\/a> (AFP)<\/p>\n\n\n\n<p><a href=\"https:\/\/www.connaissancedesenergies.org\/afp\/climat-la-chine-supprime-les-droits-de-douane-sur-ses-importations-de-charbon-220428\">La Chine supprime les droits de douane sur ses importations de charbon<\/a> (AFP)<\/p>\n\n\n\n<p><a href=\"https:\/\/www.connaissancedesenergies.org\/ce-que-les-livraisons-de-combustibles-fossiles-rapportent-la-russie-220428\">Ce que les livraisons de combustibles fossiles rapportent \u00e0 la Russie&#8230;<\/a> (Connaissance des \u00e9nergies)<\/p>\n\n\n\n<p><a href=\"https:\/\/www.oecd.org\/coronavirus\/policy-responses\/evaluation-de-l-impact-environnemental-des-mesures-de-la-base-de-donnees-de-l-ocde-sur-la-relance-verte-526488c8\/\">\u00c9valuation de l\u2019impact environnemental des mesures de l\u2019OCDE sur la relance verte<\/a> (OCDE)<\/p>\n\n\n\n<p><a href=\"https:\/\/redirection.b2b.infopro-digital.com\/lnk\/AUoAAFBMVEMAAcXEH3gAAHnKuI0AAABZQUUAANzvAAwsSQBiaYGogewWEn3zQOe11DKDsmSRdAAMCy8\/4\/J8zE7rtbng_SKoFtsg3VWg\/aHR0cHM6Ly93d3cudXNpbmVub3V2ZWxsZS5jb20vYXJ0aWNsZS9jb21tZW50LWwtZXVyb3BlLXJlc2lzdGUtYXV4LXRlbnRhdGl2ZXMtZGUtZGl2aXNpb24tZGUtbGEtcnVzc2llLXN1ci1sZS1nYXouTjE5OTgxNzcjeHRvcj1FUFItMTY5JmVtYWlsPW4uY2hldmlsbGFyZEBub29zLmZy#xtor=EPR-169&amp;email=n.chevillard@noos.fr\" target=\"_blank\" rel=\"noreferrer noopener\">Comment l&rsquo;Europe r\u00e9siste aux tentatives de division de la Russie sur le gaz<\/a> (Usine Nouvelle)<\/p>\n\n\n\n<p><a href=\"https:\/\/www.euractiv.fr\/section\/l-europe-dans-le-monde\/news\/ukraine-la-suspension-des-droits-de-douane-de-lue-soutiendra-lactivite-economique-au-maximum\/\">Ukraine : la suspension des droits de douane de l\u2019UE \u00ab soutiendra l\u2019activit\u00e9 \u00e9conomique au maximum \u00bb<\/a> (Euractiv)<\/p>\n\n\n\n<p><a href=\"https:\/\/www.theguardian.com\/business\/2022\/apr\/27\/inflation-corporate-america-increased-prices-profits?CMP=Share_iOSApp_Other\">Le taux de profit des grandes soci\u00e9t\u00e9s US au plus haut niveau depuis 1950 <\/a>(anglais -The Guardian)<\/p>\n\n\n\n<p><strong>Analyse<\/strong><\/p>\n\n\n\n<p><a href=\"https:\/\/info.alternatives-economiques.fr\/optiext\/optiextension.dll?ID=sWXsZu5E0WIGAN7mrqzjapMd_UE7MOog6UqgBq5WtG4D77VcAhVx6B2KS2MLDVx66Qy1THeew0F845%2BMmDTYzpMrVA6kG\" target=\"_blank\" rel=\"noreferrer noopener\">Les risques du t\u00e9l\u00e9travail pour les femmes<\/a> (Alter \u00e9co)<\/p>\n\n\n\n<p><a href=\"https:\/\/info.alternatives-economiques.fr\/optiext\/optiextension.dll?ID=sWXsY9VjDeMRI82YT9NhH01V1TbZI2Er6z5v24lZ%2Bi6pZ5YIA7QD9uAcni_Etdw1o28z%2BagN_0pWFuwk4%2BGiOFzTAvRAn\" target=\"_blank\" rel=\"noreferrer noopener\">L&rsquo;industrie fran\u00e7aise \u00e0 court d&rsquo;approvisionnements et quatre autres infographies \u00e0 ne pas rater<\/a><strong><a href=\"https:\/\/info.alternatives-economiques.fr\/optiext\/optiextension.dll?ID=sWXsY9VjDeMRI82YT9NhH01V1TbZI2Er6z5v24lZ%2Bi6pZ5YIA7QD9uAcni_Etdw1o28z%2BagN_0pWFuwk4%2BGiOFzTAvRAn\" target=\"_blank\" rel=\"noreferrer noopener\"> <\/a><\/strong>&nbsp;(Alter \u00e9co)<\/p>\n\n\n\n<p><a href=\"https:\/\/www.ritimo.org\/Table-ronde-Finance-et-communs-Pour-une-reappropriation-collective-de-la\">Table-ronde \u00ab\u00a0Finance et communs. Pour une r\u00e9appropriation collective de la finance\u00a0\u00bb le 28 avril<\/a> (Ritimo)<\/p>\n\n\n\n<p><strong><a href=\"https:\/\/lanticapitaliste.org\/actualite\/economie\/leconomie-mondiale-nouveau-dans-le-brouillard\">L\u2019\u00e9conomie mondiale \u00e0 nouveau dans le brouillard<\/a> -Henri Wilno<\/strong><\/p>\n\n\n\n<figure class=\"wp-block-image is-resized\"><img data-recalc-dims=\"1\" loading=\"lazy\" decoding=\"async\" src=\"https:\/\/i0.wp.com\/semaphores.info\/wp-content\/uploads\/2015\/07\/march%C3%A9-et-trouduc.jpg?resize=334%2C437&#038;ssl=1\" alt=\"http:\/\/semaphores.info\/wp-content\/uploads\/2015\/07\/march%C3%A9-et-trouduc.jpg\" width=\"334\" height=\"437\"\/><\/figure>\n\n\n\n<p><strong><mark style=\"background-color:rgba(0, 0, 0, 0);color:#f20303\" class=\"has-inline-color\">27 avril en continu<\/mark><\/strong><\/p>\n\n\n\n<p><strong>France<\/strong><\/p>\n\n\n\n<p><a href=\"https:\/\/www.boursorama.com\/actualite-economique\/actualites\/le-quoi-qu-il-en-coute-plus-limite-en-france-qu-ailleurs-en-europe-381c75bb1c6c1c3f94c342e6588bc2af\">Le \u2018quoi qu\u2019il en co\u00fbte\u2019 plus limit\u00e9 en France qu\u2019ailleurs en Europe<\/a> &nbsp;(Le Point)<\/p>\n\n\n\n<p><a href=\"https:\/\/www.boursorama.com\/actualite-economique\/actualites\/la-banque-de-france-demande-aux-entreprises-de-publier-leurs-donnees-environnementales-7efd431a850070fdaabf1ae1a10be228\">La Banque de France demande aux entreprises de publier leurs donn\u00e9es environnementales<\/a> &nbsp;(AFP)<\/p>\n\n\n\n<p><a href=\"https:\/\/www.politis.fr\/articles\/2022\/04\/un-proces-en-plein-air-contre-les-fermes-usines-bretonnes-44359\/\" target=\"_blank\" rel=\"noreferrer noopener\">Un proc\u00e8s en plein air contre les fermes-usines bretonnes <\/a>&nbsp;(Politis)<\/p>\n\n\n\n<p><a href=\"https:\/\/link.newsletter.franceculture.fr\/m\/surl\/7429\/724940\/1RRiR647xLtyKQ4gxhvko29C5lXTLJmivm821gAfcU8=\/link_49\/1LLBh0ybqyaZVe0S9yAuo-gH44W5UIicYqqg7TAgPR5Y9mHpJYcETNKbDHMmcIPOTXCVVLbcdLDrYc60v95SiBJA4Tj2tWz4JQqy9NujfTEN7nbJ3VuhAk5xVjqXos8ROnR8DMYbd-WzQrbfo7pH-9QrQtqOlZneD6AbverG1w0gDmbYXu7LHDKNztW7R4c6dxMH8yXaj6l6AIplnYjX63vMZDxau4F0Vttbb61J5k1GrnlXw5O6wgmeCiMooPr4DTJZeTuU6W5qWmuAh6IpHAs2q6XDW7WfeOpY46Pg0poldqsiJUUnD39k-X6yxoPnqDsLEPo5yNb5tWbthTBIkg==\" target=\"_blank\" rel=\"noreferrer noopener\">France : le premier champ d&rsquo;\u00e9oliennes offshore est lanc\u00e9<\/a> (France Culture)<\/p>\n\n\n\n<p><a href=\"https:\/\/www.connaissancedesenergies.org\/afp\/air-liquide-annonce-un-chiffre-daffaires-record-au-1er-trimestre-du-la-flambee-des-prix-de-lenergie-220427\">Air Liquide annonce un CA record au 1<sup>er<\/sup> trimestre, d\u00fb aux prix de l&rsquo;\u00e9nergie<\/a> (AFP)<\/p>\n\n\n\n<p><a href=\"https:\/\/lvsl.fr\/intelligence-economique-et-strategies-industrielles-le-vrai-bilan-demmanuel-macron\/?utm_source=sendinblue&amp;utm_campaign=Newsletter_Derniers_Articles&amp;utm_medium=email\">Souverainet\u00e9 industrielle&nbsp;: au-del\u00e0 des mots, le vrai bilan d\u2019Emmanuel Macron<\/a> (LVSL)<\/p>\n\n\n\n<p><a href=\"https:\/\/common.indigo-net.com\/lib\/cookie_log\/redirector.asp?mail=n.chevillard@noos.fr&amp;ID=468383&amp;DOCIID=109703480&amp;ENAIID=723303&amp;RETOUR=SIMPLE&amp;link=https:\/\/www.africaintelligence.fr\/afrique-du-nord_business\/2022\/04\/26\/cevital-veut-surfer-sur-la-penurie-d-huile-de-tournesol-en-france,109779555-art?cxt=PUB&amp;utm_source=AIF&amp;utm_medium=email&amp;utm_campaign=AUTO_EDIT_SOM\" target=\"_blank\" rel=\"noreferrer noopener\">Cevital veut surfer sur la p\u00e9nurie d&rsquo;huile de tournesol en France<\/a> (Africa Intelligence)<\/p>\n\n\n\n<p><a href=\"https:\/\/www.humanite.fr\/social-eco\/fonderie-sam\/la-sam-150-jours-apres-la-fin-d-une-lutte-decisive-747520#xtor=RSS-1\" target=\"_blank\" rel=\"noreferrer noopener\">\u00c0 la SAM, 150 jours apr\u00e8s : la fin d\u2019une lutte d\u00e9cisive<\/a> &nbsp;(L\u2019Humanit\u00e9)<\/p>\n\n\n\n<p><a href=\"https:\/\/common.indigo-net.com\/lib\/cookie_log\/redirector.asp?mail=n.chevillard@noos.fr&amp;ID=468206&amp;DOCIID=109703480&amp;ENAIID=723127&amp;RETOUR=SIMPLE&amp;link=https:\/\/www.lalettrea.fr\/medias_plateformes\/2022\/04\/25\/les-revenus-publicitaires-d-amazon-explosent-en-france-mais-pas-ses-impots,109780147-art?cxt=PUB&amp;utm_source=LLA&amp;utm_medium=email&amp;utm_campaign=AUTO_EDIT_SOM\" target=\"_blank\" rel=\"noreferrer noopener\">Les revenus publicitaires d&rsquo;Amazon explosent en France mais pas ses imp\u00f4ts<\/a> (La Lettre A)<\/p>\n\n\n\n<figure class=\"wp-block-image is-resized\"><img data-recalc-dims=\"1\" loading=\"lazy\" decoding=\"async\" src=\"https:\/\/i0.wp.com\/mamot.fr\/system\/media_attachments\/files\/108\/152\/235\/999\/848\/805\/original\/61b0847530783bbb.png?resize=455%2C410&#038;ssl=1\" alt=\"\" width=\"455\" height=\"410\"\/><\/figure>\n\n\n\n<p><strong>Monde<\/strong><\/p>\n\n\n\n<p><a href=\"https:\/\/www.boursorama.com\/actualite-economique\/actualites\/un-embargo-sur-l-energie-russe-plongerait-l-allemagne-en-recession-dit-berlin-68ed22f5000dd26d44c2eed167549c96\">Un embargo sur l&rsquo;\u00e9nergie russe plongerait l&rsquo;Allemagne en r\u00e9cession, dit Berlin<\/a> &nbsp;(Reuters)<\/p>\n\n\n\n<p><a href=\"https:\/\/www.boursorama.com\/actualite-economique\/actualites\/ukraine-l-ue-propose-de-suspendre-tous-les-droits-sur-les-importations-4326b1525b65023c3ea6026d631413fb\">Ukraine : L&rsquo;UE propose de suspendre tous les droits sur les importations<\/a> &nbsp;(Reuters)<\/p>\n\n\n\n<p><a href=\"https:\/\/www.boursorama.com\/actualite-economique\/actualites\/la-justice-europeenne-contraint-airbnb-a-informer-le-fisc-sur-ses-locations-6df13d374af4e90bece0c786acf7075e\">La justice europ\u00e9enne contraint Airbnb \u00e0 informer le fisc sur ses locations<\/a> (AFP)<\/p>\n\n\n\n<p><a href=\"https:\/\/www.boursorama.com\/actualite-economique\/actualites\/russie-la-baisse-du-pib-de-pourrait-atteindre-12-4-cette-annee-selon-un-ministere-9a05a05b08eda34ac3b7c3423de7b5ae\">Russie : La baisse du PIB de pourrait atteindre 12,4% cette ann\u00e9e<\/a> &nbsp;(Reuters)<\/p>\n\n\n\n<p><a href=\"https:\/\/www.connaissancedesenergies.org\/afp\/suspension-du-gaz-russe-la-bulgarie-et-la-pologne-approvisionnees-par-leurs-voisins-de-lue-220427\">Suspension du gaz russe : Bulgarie et Pologne approvisionn\u00e9es par leurs voisins<\/a> (AFP)<\/p>\n\n\n\n<p><a href=\"https:\/\/common.indigo-net.com\/lib\/cookie_log\/redirector.asp?mail=n.chevillard@noos.fr&amp;ID=468572&amp;DOCIID=109703480&amp;ENAIID=723492&amp;RETOUR=SIMPLE&amp;link=https:\/\/www.intelligenceonline.fr\/renseignement-d-affaires\/2022\/04\/27\/les-regions-offshores-russes-profitent-de-la-traque-des-oligarques-en-occident,109780123-eve?cxt=PUB&amp;utm_source=LMR&amp;utm_medium=email&amp;utm_campaign=AUTO_EDIT_SOM\" target=\"_blank\" rel=\"noreferrer noopener\">Les r\u00e9gions \u00ab\u00a0offshores\u00a0\u00bb russes profitent de la traque des oligarques en Occident<\/a> (Intelligence Online)<\/p>\n\n\n\n<p><a href=\"https:\/\/link.newsletter.franceculture.fr\/m\/surl\/7429\/725139\/y_tIjSzoXHd6CUm-doFeXm9C5lXTLJmivm821gAfcU8=\/link_37\/dORID9V69ibIPvho63SfxAwsTzqhOVNUixjeWSy4BSBJNkyivKrSBowzkRhurtkBYJ0Qquz9r9A-AGPuLKFOulxAWA-7Bx0hJBoC+QdxjdX76-L0U7JKSw5995tDUeMRq9yfKiCfZd6olz0p60m0OaaMSGKZHz-ADoF1MN9hddRjM6VAWrcpfjpI8vBNSs0szfk6j5ZA9Hk0LynOr1N2ryidCStF56You3QN0r3btiRfVyUGRipVBFyjj0R1xWoufhnNV9kMjERyfQfjlf0w45gl5SCeJQhjktuBB15k4in9OLzfkeZ4YNYPKcmyAvv71hUiEtPJ0PQ+XDIDEi3Z2BUXCCW9kyHy21R6r3tQ0ac=\" target=\"_blank\" rel=\"noreferrer noopener\">Aide \u00e0 l\u2019Afrique : le n\u00e9o-colonialisme vert<\/a> (France Culture)<\/p>\n\n\n\n<p><a href=\"https:\/\/info.alternatives-economiques.fr\/optiext\/optiextension.dll?ID=dHGdM9MixLV5oyJBTN6i8knfVbOyT5icIyFyyhfQYqX6ydmZlMZdBTbX14o9Xgw%2B4oNdLn%2BQny8ll68fXuLSIRBOR1LZZ\" target=\"_blank\" rel=\"noreferrer noopener\">La nouvelle arme anti-Gafa de Bruxelles est-elle \u00e0 la hauteur&nbsp;? <\/a>&nbsp;(Alter \u00e9co)<\/p>\n\n\n\n<p><a href=\"https:\/\/link.newsletter.franceculture.fr\/m\/surl\/7429\/724940\/1RRiR647xLtyKQ4gxhvko29C5lXTLJmivm821gAfcU8=\/link_31\/+EtlDRjgwvFVfQpbRU9ycAPK20X2QUgt8LxBmIyV+g480swifarhSR547z1ki-QyXyfeLWwwMlEXKe6u2gwFataFsiDoV9CIj-jop8WB2fHKxzzvaFBrirjBsHJGOa4FOBCbyE+EtpfIWEVhP94J+jLtbMRTmudCvRXsfh-bDi48M+-oJpaN3VCoWZ6ybUoehJBzz1QwOE-lXV0AT7-i22Z1ICvB-u6gsjsdSSDvdtSeyZ6buyk8a+h5VeLkXb6oG8duDpzps-ONIPhlO+LS20EOENd-76wAuXpOgZqNaq2dy6V7jGnTCXAD3UQcYFnWo7Lgj+4q1KGvl9UIeUnB6ctJX8JaPdQl+V++r54knAg=\" target=\"_blank\" rel=\"noreferrer noopener\">Guerre en Ukraine : le dilemme \u00e9nerg\u00e9tique de l&rsquo;UE<\/a> (France Culture)<\/p>\n\n\n\n<p><a href=\"https:\/\/redirection.b2b.infopro-digital.com\/lnk\/AV4AACXdaccAAcXEHtgAAHnKuI0AAABZQTkAANzxAAwsSQBiaOqdSm_ODeJVTjewGbMr3kbIGwAMCy8\/13\/MX8N1Bm7fpZ95kJTp1TDtw\/aHR0cHM6Ly93d3cudXNpbmUtZGlnaXRhbGUuZnIvYXJ0aWNsZS90d2l0dGVyLXZhdXQtaWwtdnJhaW1lbnQtNDQtbWlsbGlhcmRzLWRlLWRvbGxhcnMuTjE5OTczMzIjeHRvcj1FUFItNCZlbWFpbD1uLmNoZXZpbGxhcmRAbm9vcy5mcg#xtor=EPR-4&amp;email=n.chevillard@noos.fr\" target=\"_blank\" rel=\"noreferrer noopener\">Twitter vaut-il vraiment 44 milliards de dollars ?<\/a> (Usine Digitale)<\/p>\n\n\n\n<p><a href=\"https:\/\/www.novethic.fr\/actualite\/economie\/isr-rse\/rachat-de-twitter-la-vision-d-elon-musk-sur-la-liberte-d-expression-risque-de-se-confronter-a-la-nouvelle-reglementation-europeenne-150742.html\" target=\"_blank\" rel=\"noreferrer noopener\">Elon Musk rach\u00e8te Twitter au nom de la libert\u00e9 d&rsquo;expression mais pourrait se heurter \u00e0 un mur<\/a> (Novethic)<\/p>\n\n\n\n<p><a href=\"https:\/\/www.novethic.fr\/actualite\/economie\/isr-rse\/medicaments-les-profits-de-la-penurie-le-documentaire-choc-qui-denonce-le-modele-de-l-industrie-pharmaceutique-150741.html\" target=\"_blank\" rel=\"noreferrer noopener\">Arte : le documentaire choc qui d\u00e9nonce le mod\u00e8le de l\u2019industrie pharmaceutique<\/a> (Novethic)<\/p>\n\n\n\n<p><a href=\"http:\/\/alencontre.org\/ameriques\/americnord\/usa\/etats-unis-russie-le-dollar-us-pourrait-il-etre-la-prochaine-victime-de-la-guerre-en-ukraine.html\">USA-Russie. \u00abLe dollar US pourrait-il \u00eatre la prochaine victime de la guerre en Ukraine?\u00bb <\/a>(Jacobin)<\/p>\n\n\n\n<p><a href=\"https:\/\/cadtm.org\/Sushovan-Dhar-Quel-est-le-montant-de-la\">Pourquoi annuler la dette de l\u2019Ukraine ?<\/a> (CADTM)<\/p>\n\n\n\n<p><strong>Analyse<\/strong><\/p>\n\n\n\n<p><a href=\"https:\/\/www.euractiv.fr\/section\/economie\/news\/la-cryptofinance-ce-chateau-de-cartes-qui-pourrait-secrouler\/\">La cryptofinance, ce ch\u00e2teau de cartes qui pourrait s\u2019\u00e9crouler<\/a> (Euractiv)<\/p>\n\n\n\n<p><a href=\"https:\/\/www.connaissancedesenergies.org\/tribune-actualite-energies\/comment-ont-evolue-emissions-de-ges-et-empreinte-carbone-durant-le-1er-quinquennat-demmanuel-macron\">Comment ont \u00e9volu\u00e9 \u00e9missions de GES et empreinte carbone durant le 1<sup>er<\/sup> quinquennat d\u2019Emmanuel Macron ?<\/a> (Connaissance des \u00e9nergies)<\/p>\n\n\n\n<p><a href=\"https:\/\/theconversation.com\/la-russie-et-la-chine-instrumentalisent-elles-la-reglementation-phytosanitaire-a-des-fins-geopolitiques-181455\" target=\"_blank\" rel=\"noreferrer noopener\">La&nbsp;Russie et la&nbsp;Chine instrumentalisent-elles la&nbsp;r\u00e9glementation phytosanitaire \u00e0 des&nbsp;fins g\u00e9opolitiques&nbsp;?<\/a> &nbsp;(The Conversation)<\/p>\n\n\n\n<p><a href=\"https:\/\/info.alternatives-economiques.fr\/optiext\/optiextension.dll?ID=E89E73qdkl5UH4sGinjTju_TGWoixQXpykMxjGyRbUG1aO_owj7sDXNNNV4vQGM9vdzxs3EXLG9%2B3gjlqUB5Cmra_lDob\" target=\"_blank\" rel=\"noreferrer noopener\">D\u00e9forestation : la face cach\u00e9e de notre consommation <\/a>&nbsp;(Alter \u00e9co)<\/p>\n\n\n\n<p><a href=\"https:\/\/info.alternatives-economiques.fr\/optiext\/optiextension.dll?ID=dHGdMoC0enKV4YAK6ag9X9Tix0tCqqD6n239JjK4ifJuQc2Zk4IHzCms_3NKWCrfFk5LLH0zsGJxQiFyVALWAJOOWr8dd\" target=\"_blank\" rel=\"noreferrer noopener\">Macron&nbsp;2&nbsp;: les conditions d&rsquo;une planification \u00e9cologique r\u00e9ussie <\/a>&nbsp;(Alter \u00e9co)<\/p>\n\n\n\n<figure class=\"wp-block-image is-resized\"><img data-recalc-dims=\"1\" loading=\"lazy\" decoding=\"async\" src=\"https:\/\/i0.wp.com\/mamot.fr\/system\/media_attachments\/files\/108\/169\/900\/155\/237\/115\/original\/41674e74dff26981.png?resize=546%2C333&#038;ssl=1\" alt=\"\" width=\"546\" height=\"333\"\/><\/figure>\n\n\n\n<p><strong><mark style=\"background-color:rgba(0, 0, 0, 0);color:#f20303\" class=\"has-inline-color\">26 avril en continu<\/mark><\/strong><\/p>\n\n\n\n<p><strong>France<\/strong><\/p>\n\n\n\n<p><a href=\"https:\/\/www.boursorama.com\/actualite-economique\/actualites\/france-martinez-cgt-met-en-garde-contre-un-passage-en-force-sur-les-retraites-540c1f634b0515afe76d0a35b729bfae\">Martinez (CGT) met en garde contre un passage en force sur les retraites<\/a> (Reuters)<\/p>\n\n\n\n<p><a href=\"https:\/\/www.boursorama.com\/actualite-economique\/actualites\/49-3-sur-les-retraites-le-maire-provoque-l-indignation-dans-l-opposition-935fdea74d4c155a1e1556c9f8c51be5\">49-3 sur les retraites ? Le Maire provoque l&rsquo;indignation dans l&rsquo;opposition<\/a> (AFP)<\/p>\n\n\n\n<p><a href=\"https:\/\/info.alternatives-economiques.fr\/optiext\/optiextension.dll?ID=lPOlSTCdcJUP6pFRggpK4hsyC3WgTtBNIAXKwM028xLIAFL7dnlDYhTWA5mVQY64Hlof1lsH5EBqI9zgnTIGf964ctxRv\" target=\"_blank\" rel=\"noreferrer noopener\">Les quatre dossiers explosifs du nouveau quinquennat<\/a> (Alter \u00e9co)<\/p>\n\n\n\n<p><a href=\"https:\/\/redirection.b2b.infopro-digital.com\/lnk\/AU4AAFdUjg0AAcXEHh4AAHnKuI0AAABZQUUAANzvAAwsSQBiZtzq78cC5b7tSCypb33MegODeQAMCy8\/4\/jcB2fXkjGgdUKt9f2jJn2A\/aHR0cHM6Ly93d3cudXNpbmVub3V2ZWxsZS5jb20vZWRpdG9yaWFsL2xlcy1kZWZpcy1kdS1zZWNvbmQtcXVpbnF1ZW5uYXQtZC1lbW1hbnVlbC1tYWNyb24uTjE5OTY4MjIjeHRvcj1FUFItMTY5JmVtYWlsPW4uY2hldmlsbGFyZEBub29zLmZy#xtor=EPR-169&amp;email=n.chevillard@noos.fr\" target=\"_blank\" rel=\"noreferrer noopener\">Les d\u00e9fis du second quinquennat d\u2019Emmanuel Macron<\/a> (Usine Nouvelle)<\/p>\n\n\n\n<p><a href=\"https:\/\/redirection.b2b.infopro-digital.com\/lnk\/AU4AAFdUjg0AAcXEHh4AAHnKuI0AAABZQUUAANzvAAwsSQBiZtzq78cC5b7tSCypb33MegODeQAMCy8\/7\/xo79wzl6_FT0NnJVGc8DhA\/aHR0cHM6Ly93d3cudXNpbmVub3V2ZWxsZS5jb20vYXJ0aWNsZS9wYXMtZGUtcGxhbmlmaWNhdGlvbi1lY29sb2dpcXVlLWVmZmljYWNlLXNhbnMtaW5jbHVyZS1sLWFncmljdWx0dXJlLk4xOTk2MDU3I3h0b3I9RVBSLTE2OSZlbWFpbD1uLmNoZXZpbGxhcmRAbm9vcy5mcg#xtor=EPR-169&amp;email=n.chevillard@noos.fr\" target=\"_blank\" rel=\"noreferrer noopener\">Pas de planification \u00e9cologique efficace sans l\u2019agriculture<\/a> (Usine Nouvelle)<\/p>\n\n\n\n<p><strong>Monde<\/strong><\/p>\n\n\n\n<p>&nbsp;<a href=\"https:\/\/www.boursorama.com\/videos\/actualites\/twitter-va-devenir-un-endroit-effroyable-91adb0d2a743212a65a2f7d7ac8997b8\">\u00ab\u00a0Twitter va devenir un endroit effroyable\u00a0\u00bb<\/a> (France 24)<\/p>\n\n\n\n<p>&nbsp;<a href=\"https:\/\/www.boursorama.com\/videos\/actualites\/elon-musk-rachete-twitter-pour-44-milliards-de-dollars-a036b9a569b802e88b9dbe1022de5a9d\">Elon Musk rach\u00e8te Twitter pour 44 milliards de dollars<\/a> (France 24)<\/p>\n\n\n\n<p><a href=\"https:\/\/www.boursorama.com\/actualite-economique\/actualites\/climat-encore-des-projets-de-nouvelles-centrales-a-charbon-dans-34-pays-dont-la-chine-ee6d203ca4d81d3807cde30a4d9ce8b2\">Encore des projets de nouvelles centrales \u00e0 charbon dans 34 pays, dont la Chine<\/a> (AFP)<\/p>\n\n\n\n<p><a href=\"https:\/\/www.boursorama.com\/actualite-economique\/actualites\/la-banque-populaire-de-chine-va-reduire-le-taux-de-reserves-de-changes-des-banques-c89587b67a73968d47ef6ae5fd5ea0e7\">La Banque populaire de Chine va r\u00e9duire le taux de r\u00e9serves des banques<\/a> (Reuters)<\/p>\n\n\n\n<p><a href=\"https:\/\/www.boursorama.com\/actualite-economique\/actualites\/sanctions-le-groupe-aerien-russe-aeroflot-a-perdu-20-de-passagers-en-mars-acc599ab7c76881c41bb76b956d36d72\">Le groupe a\u00e9rien russe Aeroflot a perdu 20% de passagers en mars<\/a> (AFP)<\/p>\n\n\n\n<p><a href=\"https:\/\/www.boursorama.com\/actualite-economique\/actualites\/energies-vertes-manque-de-metaux-a-prevoir-dans-l-ue-alerte-un-rapport-aa9ad5598e7bc7d5b3786a998cf07a1a\">\u00c9nergies vertes : manque de m\u00e9taux \u00e0 pr\u00e9voir dans l&rsquo;UE, alerte un rapport<\/a> (AFP)<\/p>\n\n\n\n<p><a href=\"https:\/\/redirection.b2b.infopro-digital.com\/lnk\/AU4AAFdUjg0AAcXEHh4AAHnKuI0AAABZQUUAANzvAAwsSQBiZtzq78cC5b7tSCypb33MegODeQAMCy8\/14\/4AC1KoxgEvjqDNDKnWVLxg\/aHR0cHM6Ly93d3cudXNpbmVub3V2ZWxsZS5jb20vYXJ0aWNsZS9sZXMtZGVwZW5zZXMtbWlsaXRhaXJlcy1tb25kaWFsZXMtb250LWRlcGFzc2UtbGVzLTItMDAwLW1pbGxpYXJkcy1kZS1kb2xsYXJzLWVuLTIwMjEuTjE5OTY4NzcjeHRvcj1FUFItMTY5JmVtYWlsPW4uY2hldmlsbGFyZEBub29zLmZy#xtor=EPR-169&amp;email=n.chevillard@noos.fr\" target=\"_blank\" rel=\"noreferrer noopener\">Les d\u00e9penses militaires mondiales ont d\u00e9pass\u00e9 les 2 000 mds $ en 2021<\/a> (Usine Nouvelle)<\/p>\n\n\n\n<p><strong><a href=\"https:\/\/lecourrierdesstrateges.fr\/2022\/04\/25\/le-zero-covid-a-shanghai-lautre-nom-du-krach-mondial\/\">Le z\u00e9ro covid \u00e0 Shanghai, l\u2019autre nom du krach mondial <\/a>&nbsp;(Courrier des Strat\u00e8ges)<\/strong><\/p>\n\n\n\n<figure class=\"wp-block-image size-full\"><img data-recalc-dims=\"1\" loading=\"lazy\" decoding=\"async\" width=\"430\" height=\"342\" src=\"https:\/\/i0.wp.com\/www.rdpemancipation.org\/wp-content\/uploads\/2022\/04\/image-138.png?resize=430%2C342&#038;ssl=1\" alt=\"\" class=\"wp-image-83162\" srcset=\"https:\/\/i0.wp.com\/www.rdpemancipation.org\/wp-content\/uploads\/2022\/04\/image-138.png?w=430&amp;ssl=1 430w, https:\/\/i0.wp.com\/www.rdpemancipation.org\/wp-content\/uploads\/2022\/04\/image-138.png?resize=300%2C239&amp;ssl=1 300w\" sizes=\"auto, (max-width: 430px) 100vw, 430px\" \/><\/figure>\n\n\n\n<p><a href=\"https:\/\/www.theguardian.com\/technology\/2022\/apr\/25\/twitter-elon-musk-buy-takeover-deal-tesla?CMP=Share_iOSApp_Other\">Elon Musk rach\u00e8te Twitter<\/a> (anglais -The Guardian)<\/p>\n\n\n\n<p><strong>Analyse<\/strong><\/p>\n\n\n\n<p>&nbsp;<a href=\"https:\/\/www.boursorama.com\/videos\/actualites\/patrick-artus-natixis-le-potentiel-d-inflation-est-tres-eleve-0465a02860fcfa513c6a954b1d4ddb70\">Patrick Artus (Natixis) : \u00ab\u00a0Le potentiel d&rsquo;inflation est tr\u00e8s \u00e9lev\u00e9 !\u00a0\u00bb<\/a> (Ecorama)<\/p>\n\n\n\n<p><a href=\"https:\/\/info.alternatives-economiques.fr\/optiext\/optiextension.dll?ID=lPOlUmzKQJ6Fa%2BO7vCTMJ2hGCSjO1jCbXAtOtTjWL74AjQg7cobMFIJaM%2Bi6KWYzOvv7s5HHa4jyCS5BFmugeFPu4BuBr\" target=\"_blank\" rel=\"noreferrer noopener\">La bulle de la tech explosera-t-elle cette ann\u00e9e ?<\/a> (Alter \u00e9co)<\/p>\n\n\n\n<figure class=\"wp-block-image is-resized\"><img data-recalc-dims=\"1\" loading=\"lazy\" decoding=\"async\" src=\"https:\/\/i0.wp.com\/static.mediapart.fr\/etmagine\/default\/files\/imageperso\/60705823c3b7a.jpg?resize=354%2C442&#038;ssl=1\" alt=\"\" width=\"354\" height=\"442\"\/><\/figure>\n\n\n\n<p><strong><mark style=\"background-color:rgba(0, 0, 0, 0);color:#f20303\" class=\"has-inline-color\">25 avril en continu<\/mark><\/strong><\/p>\n\n\n\n<p><strong>France<\/strong><\/p>\n\n\n\n<p><a href=\"https:\/\/www.connaissancedesenergies.org\/afp\/le-chiffre-daffaires-de-bollore-bondi-de-33-au-1er-trimestre-notamment-grace-lactivite-logistique-petroliere-220425\">Le CA de Bollor\u00e9 a bondi de 33% au 1er trimestre, gr\u00e2ce \u00e0 l&rsquo;activit\u00e9 logistique p\u00e9troli\u00e8re<\/a> (AFP)<\/p>\n\n\n\n<p><a href=\"https:\/\/www.boursorama.com\/actualite-economique\/actualites\/reforme-de-la-retraite-il-faut-des-concertations-avec-les-organisations-patronales-et-syndicales-estime-elisabeth-borne-e399f14aa8b231f322a3122f3761f7d7\">Retraites : &lsquo;il faut des concertations avec les organisations patronales et syndicales&rsquo;, estime \u00c9lisabeth Borne<\/a> (Boursorama)<\/p>\n\n\n\n<p><a href=\"https:\/\/www.boursorama.com\/actualite-economique\/actualites\/essence-le-maire-evoque-le-remplacement-de-la-remise-de-18-centimes-par-un-mecanisme-cible-52228e5bea6c7f85fe01cab7877b0d82\">Essence : Le Maire \u00e9voque le remplacement de la remise de 18 cents par un m\u00e9canisme cibl\u00e9<\/a> (Reuters)<\/p>\n\n\n\n<p>&nbsp;<a href=\"https:\/\/www.boursorama.com\/videos\/actualites\/les-priorites-economiques-du-president-reelu-0bbf9aa5740e4dfaf411724dccc4ee50\">Les priorit\u00e9s \u00e9conomiques du pr\u00e9sident r\u00e9\u00e9lu<\/a> (France 24)<\/p>\n\n\n\n<p><strong>Monde<\/strong><\/p>\n\n\n\n<p><a href=\"https:\/\/www.boursorama.com\/actualite-economique\/actualites\/l-union-europeenne-et-l-inde-vont-renforcer-leurs-liens-sur-fond-de-guerre-en-ukraine-e4a40861ffc4f21fc02d345a0d1c3880\">L&rsquo;UE et l&rsquo;Inde vont renforcer leurs liens sur fond de guerre en Ukraine<\/a> (Reuters)<\/p>\n\n\n\n<p><a href=\"https:\/\/www.boursorama.com\/actualite-economique\/actualites\/une-ong-met-en-garde-les-dirigeants-de-shell-sur-les-emissions-de-gaz-a-effet-de-serre-8d9f7bbc6a775d814f35d9af9fa5d2c0\">Une ONG met en garde les dirigeants de Shell sur les \u00e9missions de gaz \u00e0 effet de serre<\/a> (Reuters)<\/p>\n\n\n\n<p><a href=\"https:\/\/www.boursorama.com\/actualite-economique\/actualites\/allemagne-legere-amelioration-du-climat-des-affaires-en-avril-f3dbadae6a802275cae19a3911e9098b\">Allemagne : L\u00e9g\u00e8re am\u00e9lioration du climat des affaires en avril<\/a> (Reuters)<\/p>\n\n\n\n<p><strong>Analyse<\/strong><\/p>\n\n\n\n<figure class=\"wp-block-image size-full\"><img data-recalc-dims=\"1\" loading=\"lazy\" decoding=\"async\" width=\"622\" height=\"503\" src=\"https:\/\/i0.wp.com\/www.rdpemancipation.org\/wp-content\/uploads\/2022\/04\/Capture-decran-2022-04-24-a-13.30.17.png?resize=622%2C503&#038;ssl=1\" alt=\"\" class=\"wp-image-82942\" srcset=\"https:\/\/i0.wp.com\/www.rdpemancipation.org\/wp-content\/uploads\/2022\/04\/Capture-decran-2022-04-24-a-13.30.17.png?w=622&amp;ssl=1 622w, https:\/\/i0.wp.com\/www.rdpemancipation.org\/wp-content\/uploads\/2022\/04\/Capture-decran-2022-04-24-a-13.30.17.png?resize=300%2C243&amp;ssl=1 300w\" sizes=\"auto, (max-width: 622px) 100vw, 622px\" \/><\/figure>\n\n\n\n<p><strong><mark style=\"background-color:rgba(0, 0, 0, 0);color:#f20303\" class=\"has-inline-color\">24 avril en continu<\/mark><\/strong><\/p>\n\n\n\n<p><strong>France<\/strong><\/p>\n\n\n\n<p><a href=\"https:\/\/www.connaissancedesenergies.org\/le-programme-energetique-de-marine-le-pen-tout-pour-les-energies-fossiles-rien-pour-le-climat-220422\">Le programme de Marine Le Pen : tout pour les \u00e9nergies fossiles, rien pour le climat<\/a> (Connaissance des \u00e9nergies)<\/p>\n\n\n\n<p><a href=\"https:\/\/www.boursorama.com\/actualite-economique\/actualites\/inflation-de-plus-en-plus-de-loyers-impayes-en-france-32452542bb5c97688415a0ed3d3e789f\">Inflation : de plus en plus de loyers impay\u00e9s en France ?<\/a> &nbsp;(Le Point)<\/p>\n\n\n\n<p><a href=\"https:\/\/redirection.b2b.infopro-digital.com\/lnk\/AWAAAB-cBGQAAcXEHWYAAHnKuI0AAABZQTkAANzrAAwsSQBiY_gz4oNQh8x4RDqHwTWzeughcgAMCy8\/17\/EsPMmyALGP6vVezbBC89Ig\/aHR0cHM6Ly93d3cudXNpbmUtZGlnaXRhbGUuZnIvYXJ0aWNsZS9zdWl0ZS1hLXVuZS1mdWl0ZS1tYXNzaXZlLWRlLWRvbm5lZXMtbWVkaWNhbGVzLWxhLWNuaWwtaW5mbGlnZS11bmUtYW1lbmRlLWRlLTEtNS1taWxsaW9uLWQtZXVyb3MuTjE5OTU3NTcjeHRvcj1FUFItNiZlbWFpbD1uLmNoZXZpbGxhcmRAbm9vcy5mcg#xtor=EPR-6&amp;email=n.chevillard@noos.fr\" target=\"_blank\" rel=\"noreferrer noopener\">Fuite massive de donn\u00e9es m\u00e9dicales : la Cnil inflige une amende de 1,5 mn \u20ac \u00e0 Dedalus<\/a> (Usine Digitale)<\/p>\n\n\n\n<p><a href=\"https:\/\/www.connaissancedesenergies.org\/afp\/nucleaire-la-filiere-francaise-se-dit-peu-exposee-la-russie-220422\">Nucl\u00e9aire : la fili\u00e8re fran\u00e7aise se dit peu expos\u00e9e \u00e0 la Russie<\/a> (AFP)<\/p>\n\n\n\n<p><strong><a href=\"https:\/\/view.mail1.alternatif-bien-etre.info\/?qs=c3bc15e8ea877d359bdd7141af5549071a1d3a2efbe5bc4bcf44b8554ea05f5be74db4b1baf167ab324e69cad3492fb2226e0955ff81f1eb3507dd05e38af9836b61e1a66a5088bb4649ffbfaea2522f\">O\u00f9 va l\u2019argent du Minist\u00e8re de la sant\u00e9&nbsp;?<\/a>&nbsp;<\/strong>(Alternatif Bien-\u00eatre)<\/p>\n\n\n\n<p><a href=\"https:\/\/www.sudouest.fr\/pyrenees-atlantiques\/bearn\/aeronautique-en-bearn-safran-landing-systems-soutiendra-le-projet-de-perennisation-de-la-production-sur-le-site-eaton-10673394.php?utm_source=newsletter&amp;utm_medium=email&amp;utm_campaign=MaNewsletterPau&amp;utm_term=20220423\">Safran-Landing-Systems soutiendra projet p\u00e9rennisation production sur site Eaton<\/a> (Sud-Ouest)<\/p>\n\n\n\n<p><a href=\"https:\/\/www.20minutes.fr\/politique\/3276043-20220422-presidentielle-2022-selon-emmanuel-macron-isf-faisait-fuir-riches-jamais-prouve?xtor=EPR-212\">Selon Macron, l\u2019ISF faisait fuir les riches mais \u00e7a n \u2018a jamais \u00e9t\u00e9 prouv\u00e9<\/a> (20Minutes)<\/p>\n\n\n\n<p><a href=\"https:\/\/www.francetvinfo.fr\/economie\/emploi\/carriere\/vie-professionnelle\/retraite\/desintox-non-le-deficit-des-retraites-ne-va-pas-augmenter-ces-prochaines-annees_5095705.html#xtor=EPR-502\">Non, le d\u00e9ficit des retraites ne va pas augmenter ces prochaines ann\u00e9es<\/a> (Francetvinfo)Vid\u00e9o<\/p>\n\n\n\n<p><strong>Monde<\/strong><\/p>\n\n\n\n<p><a href=\"https:\/\/www.connaissancedesenergies.org\/les-etats-unis-prevoient-de-devenir-le-premier-exportateur-mondial-de-gnl-en-2022-220421\">Les USA pr\u00e9voient de devenir le premier exportateur mondial de GNL en 2022<\/a> (Connaissance des \u00e9nergies)<\/p>\n\n\n\n<p><a href=\"https:\/\/www.lemonde.fr\/economie\/article\/2022\/04\/19\/les-salaries-d-apple-veulent-beneficier-des-profits-faramineux-de-la-plus-riche-des-compagnies-mondiales_6122750_3234.html\">\u00ab&nbsp;Salari\u00e9s d\u2019Apple veulent b\u00e9n\u00e9ficier des profits faramineux de plus riche des compagnies\u00bb<\/a> (Le Monde)<\/p>\n\n\n\n<p><a href=\"https:\/\/www.lemonde.fr\/economie\/article\/2022\/04\/22\/berlin-promet-de-mettre-fin-a-ses-importations-de-petrole-russe-a-la-fin-de-l-annee_6123237_3234.html\">L\u2019Allemagne promet de mettre fin \u00e0 ses importations de p\u00e9trole russe \u00e0 la fin de l\u2019ann\u00e9e<\/a> (Le Monde)<\/p>\n\n\n\n<p><a href=\"https:\/\/www.humanite.fr\/social-eco\/twitter\/elon-musk-veut-twitter-la-resistance-s-organise-747464\">Elon Musk veut Twitter, la r\u00e9sistance s\u2019organise<\/a> (L\u2019Humanit\u00e9)<\/p>\n\n\n\n<p><a href=\"https:\/\/redirection.b2b.infopro-digital.com\/lnk\/AWAAAB-cBGQAAcXEHWYAAHnKuI0AAABZQTkAANzrAAwsSQBiY_gz4oNQh8x4RDqHwTWzeughcgAMCy8\/78\/KrguTfQ7T589Jpy6pBRgMQ\/aHR0cHM6Ly93d3cudXNpbmUtZGlnaXRhbGUuZnIvZWRpdG9yaWFsL2FtYXpvbi1uZS1wYWllLXRvdWpvdXJzLXBhcy1sLWltcG90LXN1ci1sZXMtc29jaWV0ZXMtZW4tZXVyb3BlLk4xOTk2MjUyI3h0b3I9RVBSLTYmZW1haWw9bi5jaGV2aWxsYXJkQG5vb3MuZnI#xtor=EPR-6&amp;email=n.chevillard@noos.fr\" target=\"_blank\" rel=\"noreferrer noopener\">Amazon ne paie toujours pas l&rsquo;imp\u00f4t sur les soci\u00e9t\u00e9s en Europe<\/a> (Usine Digitale)<\/p>\n\n\n\n<p><strong>Analyse<\/strong><\/p>\n\n\n\n<p><strong><a href=\"https:\/\/blogs.mediapart.fr\/jmharribey\/blog\/240422\/leffondrement-de-lecologie-de-marche\">L&rsquo;effondrement de l&rsquo;\u00e9cologie de march\u00e9 <\/a>&nbsp;(Blog jmharribey)<\/strong><\/p>\n\n\n\n<p><a href=\"https:\/\/www.novethic.fr\/actualite\/social\/droits-humains\/isr-rse\/catherine-dauriac-presidente-de-fashion-revolution-notre-civilisation-a-une-addiction-a-la-mode-pire-encore-que-celle-du-sucre-150736.html\" target=\"_blank\" rel=\"noreferrer noopener\">Fashion R\u00e9volution : \u00ab\u00a0Notre civilisation est addict \u00e0 la mode, encore plus qu&rsquo;au sucre\u00a0\u00bb<\/a> (Novethic)<\/p>\n\n\n\n<p><strong><mark style=\"background-color:rgba(0, 0, 0, 0);color:#f20303\" class=\"has-inline-color\">23 avril en continu<\/mark><\/strong><\/p>\n\n\n\n<p><a href=\"https:\/\/www.novethic.fr\/actualite\/economie\/isr-rse\/((L\u2019indice-du-bonheur-de-l\u2019ONU%20prend%20de%20l\u2019ampleur%20alors%20que%20le%20PIB%20d\u00e9cline\">L\u2019indice du bonheur de l\u2019ONU prend de l\u2019ampleur alors que le PIB d\u00e9cline<\/a> (Novethic)<\/p>\n\n\n\n<p><a href=\"https:\/\/www.20minutes.fr\/economie\/3275391-20220421-presidentielle-2022-fait-C\u2019est%20quoi%20la%20banque%20de%20la%20d\u00e9mocratie%20evoquee%20par%20Marine%20Le%20Pen?\">C\u2019est quoi la banque de la d\u00e9mocratie \u00e9voqu\u00e9e par Marine Le Pen?<\/a> (20Minutes)<\/p>\n\n\n\n<p><strong>Analyse<\/strong><\/p>\n\n\n\n<p><a href=\"https:\/\/info.alternatives-economiques.fr\/optiext\/optiextension.dll?ID=%2BDC%2BEfVpnmaJzNECr2qnJKRCsx%2BOZ3pfvmuMSdhkNiuY5k_V2z0%2ByCEo3rORoXKDabCGHADUhtnrACZ1ElbRNbuE1AdNN\" target=\"_blank\" rel=\"noreferrer noopener\">Le Made in France a-t-il un avenir ? <\/a>&nbsp;(Alter \u00e9co)<\/p>\n\n\n\n<p><strong><mark style=\"background-color:rgba(0, 0, 0, 0);color:#f20303\" class=\"has-inline-color\">22 avril en continu<\/mark><\/strong><\/p>\n\n\n\n<p><strong>France<\/strong><\/p>\n\n\n\n<p><a href=\"https:\/\/www.mediapart.fr\/journal\/international\/200422\/le-financier-de-la-campagne-2017-de-marine-le-pen-est-lie-aux-autorites-russes\">Le financier de la campagne Le Pen 2017 li\u00e9 aux autorit\u00e9s russes<\/a>&nbsp;(M\u00e9diapart)<\/p>\n\n\n\n<p><a href=\"https:\/\/www.mediapart.fr\/journal\/economie\/210422\/le-teletravail-sous-haute-surveillance\">Le t\u00e9l\u00e9travail sous haute surveillance<\/a> &nbsp;(M\u00e9diapart)<\/p>\n\n\n\n<p><a href=\"https:\/\/blogs.mediapart.fr\/geographies-en-mouvement\/blog\/210422\/relocaliser-oui-mais-comment\">Relocaliser, oui mais comment&nbsp;?<\/a>&nbsp;(G\u00e9ographies en mouvement)<\/p>\n\n\n\n<p><a href=\"https:\/\/www.mediapart.fr\/journal\/france\/180422\/le-parquet-europeen-enquete-sur-les-fraudes-aux-aides-agricoles-en-corse\">Le Parquet europ\u00e9en enqu\u00eate sur les fraudes aux aides agricoles en Corse<\/a>&nbsp;(M\u00e9diapart)<\/p>\n\n\n\n<p><a href=\"https:\/\/blogs.mediapart.fr\/ugictcgt\/blog\/200422\/retraites-la-double-imposture-de-le-pen\">Retraites : la double imposture de Le Pen<\/a>&nbsp;(Blog ugictcgt)<\/p>\n\n\n\n<p><a href=\"https:\/\/rapportsdeforce.fr\/pouvoir-et-contre-pouvoir\/le-logement-encore-trop-absent-des-presidentielles-042213455\" target=\"_blank\" rel=\"noreferrer noopener\">Le logement, encore trop absent des pr\u00e9sidentielles<\/a>&nbsp;(Rapports de Force)<\/p>\n\n\n\n<p><a href=\"https:\/\/www.humanite.fr\/social-eco\/cac-40\/les-patrons-du-cac-40-ont-touche-453-smic-annuels-747394#xtor=RSS-1\" target=\"_blank\" rel=\"noreferrer noopener\">Les patrons du CAC 40 ont touch\u00e9 453 Smic annuels<\/a>&nbsp;(L\u2019Humanit\u00e9)<\/p>\n\n\n\n<p><a href=\"https:\/\/basta.media\/enercoop-cooperative-electricite-renouvelable-hausse-des-prix-de-l-energie-recours-au-nucleaire\" target=\"_blank\" rel=\"noreferrer noopener\">Enercoop : la coop\u00e9rative de l&rsquo;\u00e9lectricit\u00e9 verte face \u00e0 la hausse des prix de l&rsquo;\u00e9nergie<\/a>&nbsp;(Basta!)<\/p>\n\n\n\n<p><a href=\"https:\/\/basta.media\/proces-deliveroo-amende-maximale-victoire-historique-pour-les-livreurs-face-a-l-uberisation\" target=\"_blank\" rel=\"noreferrer noopener\">Proc\u00e8s Deliveroo, une victoire historique pour les livreurs face \u00e0 l&rsquo;ub\u00e9risation<\/a>&nbsp;(Basta!)<\/p>\n\n\n\n<p><a href=\"https:\/\/www.ouest-france.fr\/economie\/entreprises\/psa\/entreprises-carlos-tavares-n-est-pas-le-seul-dirigeant-dont-le-salaire-fait-polemique-e47a0346-bfef-11ec-8a9b-dbc446233504\" target=\"_blank\" rel=\"noreferrer noopener\">Carlos Tavares, le patron de Stellantis, n\u2019est pas le seul dirigeant dont le salaire fait pol\u00e9mique<\/a> (Ouest France)<\/p>\n\n\n\n<p>U<a href=\"https:\/\/link.newsletter.franceculture.fr\/m\/surl\/7429\/723948\/YcTEw3P2JENBnsU9LiJ1g29C5lXTLJmivm821gAfcU8=\/link_4\/qo0QjGnmmYK2rb6WZibDit+8SVgsYB51+JPIeYMAYR8tHgQ+gLamkPR9+kLyTVj5+G3NLvJGAHkPltgiTmoX-bftuEHsOG0f5DRE8Bqg7KlD+cc0KYd-44ggy85LCl40DNKk5mkDmKJ5TGU7XnYnIkiwZ8DciQOHXM5a5tDc68p7WHFgmgReQ2JWR1KGnTzid+d9Nyd96e1Vz73o+ibzihydTmnOryYeqJbT75oN69WKIFf+DzVQhu7TZQuSKNLeIrTGErbP0lMz-oBvP5RtNnEvD621V0tW3uNgQ7sL7-YscXt94jFpz+GY-5ijrBZhtYwFX23D9RlnCk5dU6acvGwqdxOYJNsK2UJIKBQ3rR4=\" target=\"_blank\" rel=\"noreferrer noopener\">n management public sous influence du priv\u00e9<\/a>&nbsp;(France Culture)<\/p>\n\n\n\n<p><a href=\"https:\/\/info.mediapart.fr\/optiext\/optiextension.dll?ID=oSToOCud8JGrIjo0oDiXpr1tGE6r%2BakJZG4l%2Bsq57ybTSeKEg8giTDV8hH00n6eDF04N46EQRkFQoR8Wvp%2BNwCxv2wtUO\">Analyse du premier tour de la pr\u00e9sidentielle : trois blocs, deux perspectives<\/a>&#8211; Economistes Parlement UP<\/p>\n\n\n\n<p><a href=\"https:\/\/blogs.mediapart.fr\/annie-peguin\/blog\/200422\/les-affaires-franco-russes-dans-le-domaine-du-nucleaire-echappent-aux-sanctions\">Les affaires franco-russes dans le domaine du nucl\u00e9aire \u00e9chappent aux sanctions !<\/a> (Blog Mdp)<\/p>\n\n\n\n<p><a href=\"https:\/\/www.capital.fr\/votre-retraite\/retraites-letat-pourrait-tres-facilement-gommer-le-deficit-une-bonne-fois-pour-toute-1434048\">Retraites : \u201cl\u2019Etat pourrait tr\u00e8s facilement gommer le d\u00e9ficit une bonne fois pour toute\u201d <\/a>(Capital)<\/p>\n\n\n\n<p><a href=\"https:\/\/www.msn.com\/fr-fr\/finance\/economie\/le-moral-des-patrons-chute-un-indicateur-de-plus-de-l-%C3%A9conomie-fran%C3%A7aise-qui-flanche\/ar-AAWrTYW?ocid=winp1taskbar&amp;cvid=8dfa1270dec94c3cb63a6dae424d30f8\">Le moral des patrons chute : un indicateur de plus de l&rsquo;\u00e9conomie fran\u00e7aise qui flanche <\/a>(La Tribune)<\/p>\n\n\n\n<p><a href=\"https:\/\/www.youtube.com\/watch?v=4JWvNqjpKE4\">Ces deux milliardaires vont essayer de vous manipuler<\/a> (Draw my economy)Vid\u00e9o<\/p>\n\n\n\n<p><strong>Monde<\/strong><\/p>\n\n\n\n<p><a href=\"https:\/\/www.capital.fr\/entreprises-marches\/amazon-na-pas-paye-dimpots-en-europe-en-2021-malgre-des-milliards-deuros-de-ventes-1434364\" target=\"_blank\" rel=\"noreferrer noopener\">Amazon Europe n&rsquo;a pas pay\u00e9 d&rsquo;imp\u00f4ts en 2021 malgr\u00e9 des milliards d&rsquo;euros de ventes<\/a> &nbsp;(Capital)<\/p>\n\n\n\n<p><a href=\"http:\/\/cadtm.org\/Sushovan-Dhar-Quel-est-le-montant-de-la\" target=\"_blank\" rel=\"noreferrer noopener\">Pourquoi annuler la dette de l&rsquo;Ukraine ?<\/a>&nbsp;(CADTM)<\/p>\n\n\n\n<p><a href=\"https:\/\/www.boursorama.com\/actualite-economique\/actualites\/la-chine-lance-un-plan-de-retraite-par-capitalisation-face-au-vieillissement-de-sa-population-6a5b0e43d6083d9c87593d69f9fd92a4\">La Chine lance un plan de retraite par capitalisation face au vieillissement de sa population<\/a> (Reuters)<\/p>\n\n\n\n<p><strong>Analyse<\/strong><\/p>\n\n\n\n<p><a href=\"https:\/\/www.contretemps.eu\/ukraine-russie-dependance-energies-fossiles\/\" target=\"_blank\" rel=\"noreferrer noopener\">Mettre fin \u00e0 la d\u00e9pendance aux combustibles fossiles pour soutenir la r\u00e9sistance ukrainienne<\/a>&nbsp;&nbsp;(Contretemps)<\/p>\n\n\n\n<p><strong><mark style=\"background-color:rgba(0, 0, 0, 0);color:#f20303\" class=\"has-inline-color\">21 avril en continu<\/mark><\/strong><\/p>\n\n\n\n<p><strong>France<\/strong><\/p>\n\n\n\n<p><a href=\"https:\/\/www.connaissancedesenergies.org\/afp\/pouvoir-dachat-macron-parle-bouclier-et-cheque-le-pen-baisse-de-tva-220420\">Pouvoir d&rsquo;achat : Macron parle \u00ab\u00a0bouclier\u00a0\u00bb et \u00ab\u00a0ch\u00e8que\u00a0\u00bb, Le Pen baisse de TVA<\/a>&nbsp;(AFP)<\/p>\n\n\n\n<p><a href=\"https:\/\/redirection.b2b.infopro-digital.com\/lnk\/AMAAAME8djsAAcXEG74AAHnKuI0AAABZQUUAANzvAAwsSQBiYEagtyoE5LV8Tcq9NIdNsUlc8QAMCy8\/4\/8LR9dwykeNYbXdWT529yZA\/aHR0cHM6Ly93d3cudXNpbmVub3V2ZWxsZS5jb20vZWRpdG9yaWFsL2wtaW5kdXN0cmllLW4tYS1wYXMtZW5mbGFtbWUtbGEtY2FtcGFnbmUuTjE5OTUzOTcjeHRvcj1FUFItMTY5JmVtYWlsPW4uY2hldmlsbGFyZEBub29zLmZy#xtor=EPR-169&amp;email=n.chevillard@noos.fr\" target=\"_blank\" rel=\"noreferrer noopener\">Entre Macron et Le Pen, quelques consensus et de grosses divergences sur l&rsquo;industrie<\/a>&nbsp;(Usine Nouvelle)<\/p>\n\n\n\n<p><a href=\"https:\/\/redirection.b2b.infopro-digital.com\/lnk\/AMAAAME8djsAAcXEG74AAHnKuI0AAABZQUUAANzvAAwsSQBiYEagtyoE5LV8Tcq9NIdNsUlc8QAMCy8\/7\/_mvpfUCxIBQUvyxFW3v5yw\/aHR0cHM6Ly93d3cudXNpbmVub3V2ZWxsZS5jb20vZWRpdG9yaWFsL3ByZXNpZGVudGllbGxlLWxlLWNoaWZmcmFnZS1kZXMtcHJvZ3JhbW1lcy1tYWlsbG9uLWZhaWJsZS1kLWVtbWFudWVsLW1hY3Jvbi1ldC1kZS1tYXJpbmUtbGUtcGVuLk4xOTk1MTIyI3h0b3I9RVBSLTE2OSZlbWFpbD1uLmNoZXZpbGxhcmRAbm9vcy5mcg#xtor=EPR-169&amp;email=n.chevillard@noos.fr\" target=\"_blank\" rel=\"noreferrer noopener\">Le chiffrage des programmes, maillon faible d&rsquo;Emmanuel Macron et de Marine Le Pen<\/a>&nbsp;(Usine Nouvelle)<\/p>\n\n\n\n<p><a href=\"https:\/\/redirection.b2b.infopro-digital.com\/lnk\/AMAAAME8djsAAcXEG74AAHnKuI0AAABZQUUAANzvAAwsSQBiYEagtyoE5LV8Tcq9NIdNsUlc8QAMCy8\/11\/H61CsFq_xfjMgh19RJNq7Q\/aHR0cHM6Ly93d3cudXNpbmVub3V2ZWxsZS5jb20vYXJ0aWNsZS9wcmVzaWRlbnRpZWxsZS1udWNsZWFpcmUtcmVub3V2ZWxhYmxlcy1wbGFuaWZpY2F0aW9uLWNlLXF1ZS1wcmV2b2l0LWVtbWFudWVsLW1hY3Jvbi1lbi1tYXRpZXJlLWQtZWNvbG9naWUuTjE5OTUyMDcjeHRvcj1FUFItMTY5JmVtYWlsPW4uY2hldmlsbGFyZEBub29zLmZy#xtor=EPR-169&amp;email=n.chevillard@noos.fr\" target=\"_blank\" rel=\"noreferrer noopener\">Comment Emmanuel Macron a verdi son programme \u00e9conomique<\/a>&nbsp;(Usine Nouvelle)<\/p>\n\n\n\n<p><a href=\"https:\/\/www.youtube.com\/watch?v=f1-KJyCTE9g\">Thomas Porcher&nbsp;: Deux imposteurs au second tour<\/a> (Le M\u00e9dia)Vid\u00e9o<\/p>\n\n\n\n<p><a href=\"https:\/\/common.indigo-net.com\/lib\/cookie_log\/redirector.asp?mail=n.chevillard@noos.fr&amp;ID=467540&amp;DOCIID=109703480&amp;ENAIID=722461&amp;RETOUR=SIMPLE&amp;link=https:\/\/www.lalettrea.fr\/entreprises_transports\/2022\/04\/21\/la-sncf-affute-sa-contre-attaque-sur-les-terres-de-trenitalia,109779590-art?cxt=PUB&amp;utm_source=LLA&amp;utm_medium=email&amp;utm_campaign=AUTO_EDIT_SOM\" target=\"_blank\" rel=\"noreferrer noopener\">La SNCF aff\u00fbte sa contre-attaque sur les terres de Trenitalia<\/a>&nbsp;(La Lettre A)<\/p>\n\n\n\n<p><a href=\"https:\/\/redirection.b2b.infopro-digital.com\/lnk\/AMAAAME8djsAAcXEG74AAHnKuI0AAABZQUUAANzvAAwsSQBiYEagtyoE5LV8Tcq9NIdNsUlc8QAMCy8\/17\/a_-HT58WnFJQVWgSd5U7Zg\/aHR0cHM6Ly93d3cudXNpbmVub3V2ZWxsZS5jb20vYXJ0aWNsZS9lZGYtcmVwZXJlLWRlLXBvc3NpYmxlcy1zaWduZXMtZGUtY29ycm9zaW9uLXN1ci1xdWF0cmUtbm91dmVhdXgtcmVhY3RldXJzLW51Y2xlYWlyZXMtZW4tZnJhbmNlLk4xOTk1MjYyI3h0b3I9RVBSLTE2OSZlbWFpbD1uLmNoZXZpbGxhcmRAbm9vcy5mcg#xtor=EPR-169&amp;email=n.chevillard@noos.fr\" target=\"_blank\" rel=\"noreferrer noopener\">EDF rep\u00e8re de possibles signes de corrosion sur quatre nouveaux r\u00e9acteurs nucl\u00e9aires<\/a>&nbsp;(Usine Nouvelle)<\/p>\n\n\n\n<p><a href=\"https:\/\/lanticapitaliste.org\/actualite\/entreprises\/tavares-stellantis-le-salaire-de-la-colere\" target=\"_blank\" rel=\"noreferrer noopener\">Tavares (Stellantis)\u2009: le salaire de la col\u00e8re<\/a> (l\u2019anticapitaliste)<\/p>\n\n\n\n<p><a href=\"https:\/\/www.boursorama.com\/actualite-economique\/actualites\/proces-wendel-ernest-antoine-seilliere-condamne-pour-fraude-fiscale-b7b2330e00527e3bd6cc47a0369d0a4c\">Proc\u00e8s Wendel : Ernest-Antoine Seilli\u00e8re condamn\u00e9 pour fraude fiscale<\/a>&nbsp;(AFP)<\/p>\n\n\n\n<p><a href=\"https:\/\/redirection.b2b.infopro-digital.com\/lnk\/AL4AAMOP5ZUAAcXEG9wAAHnKuI0AAABZQTkAANzxAAwsSQBiYQB0hG0tkZRHT2qbcOJqa3oFWAAMCy8\/9\/Llx2KGs9I3Tb_hwMKobltQ\/aHR0cHM6Ly93d3cudXNpbmUtZGlnaXRhbGUuZnIvYXJ0aWNsZS9lbW1hbnVlbC1tYWNyb24tcHJvbWV0LXVuZS1wcmltZS1hdS1yZXRvdXItcG91ci1yZWN5Y2xlci1zZXMtdmlldXgtc21hcnRwaG9uZXMuTjE5OTUzNTIjeHRvcj1FUFItNCZlbWFpbD1uLmNoZXZpbGxhcmRAbm9vcy5mcg#xtor=EPR-4&amp;email=n.chevillard@noos.fr\" target=\"_blank\" rel=\"noreferrer noopener\">Macron promet une \u00ab\u00a0prime au retour\u00a0\u00bb pour recycler ses vieux smartphones<\/a>&nbsp;(Usine Digitale)<\/p>\n\n\n\n<p><strong>Monde<\/strong><\/p>\n\n\n\n<p><a href=\"https:\/\/www.boursorama.com\/boursoramag\/actualites\/wall-street-netflix-plonge-de-presque-40-a-l-ouverture-apres-avoir-perdu-des-abonnes-9e2391d58215b0b71200fe76a480d041\">Wall Street : Netflix plonge de presque 40% \u00e0 l&rsquo;ouverture apr\u00e8s avoir perdu des abonn\u00e9s<\/a> (AFP)<\/p>\n\n\n\n<p><a href=\"https:\/\/blogs.mediapart.fr\/lucarne\/blog\/200422\/speculation-deregulation-des-marches-des-cereales-le-point-sur\" target=\"_blank\" rel=\"noreferrer noopener\">Sp\u00e9culation, d\u00e9r\u00e9gulation des march\u00e9s des c\u00e9r\u00e9ales : le point sur.<\/a> (Blog M\u00e9diapart)<\/p>\n\n\n\n<p><a href=\"https:\/\/www.novethic.fr\/actualite\/economie\/isr-rse\/bouchons-impressionnants-de-navires-signe-que-le-monde-n-est-toujours-pas-sorti-de-la-crise-150727.html\" target=\"_blank\" rel=\"noreferrer noopener\">Ports bloqu\u00e9s, embouteillages de navires&#8230; le monde n&rsquo;est toujours pas sorti de la crise du Covid-19<\/a> (Novethic)<\/p>\n\n\n\n<p><strong><mark style=\"background-color:rgba(0, 0, 0, 0);color:#f20303\" class=\"has-inline-color\">20 avril en continu<\/mark><\/strong><\/p>\n\n\n\n<p><strong>France<\/strong><\/p>\n\n\n\n<p><a href=\"https:\/\/www.boursorama.com\/actualite-economique\/actualites\/salaires-le-gouvernement-releve-le-minimum-de-traitement-des-agents-publics-f4065a61ad703e4200ee6216d3ed6525\">Salaires : le gouvernement rel\u00e8ve le minimum de traitement des agents publics<\/a>&nbsp;(AFP)<\/p>\n\n\n\n<p><a href=\"https:\/\/www.connaissancedesenergies.org\/afp\/planification-climatique-planification-industrielle-meme-combat-220420\">Planification climatique, planification industrielle, m\u00eame combat<\/a>&nbsp;(AFP)<\/p>\n\n\n\n<p><a href=\"https:\/\/lvsl.fr\/eliane-assassi-Le%20recours%20aux%20cabinets%20priv\u00e9s%20est%20devenu%20un%20r\u00e9flexe\">Le recours aux cabinets priv\u00e9s est devenu un r\u00e9flexe<\/a>&nbsp;(Eliane Assassi, LVSL)<\/p>\n\n\n\n<p><a href=\"https:\/\/redirection.b2b.infopro-digital.com\/lnk\/AUsAAFKXbj4AAcXEGwYAAHnKuI0AAABZQTkAANzxAAwsSQBiX6vknAm0-IL1TBuNCa_c1Ea4rgAMCy8\/26\/aI7YP3ACskMphVJ_GEQ6_Q\/aHR0cHM6Ly93d3cudXNpbmUtZGlnaXRhbGUuZnIvYXJ0aWNsZS9qdW5pLXVuZS1uZW9iYW5xdWUtcG91ci1sZXMtZS1jb21tZXJjYW50cy1zZS1sYW5jZS1lbi1mcmFuY2UuTjE5OTQ5MTIjeHRvcj1FUFItNCZlbWFpbD1uLmNoZXZpbGxhcmRAbm9vcy5mcg#xtor=EPR-4&amp;email=n.chevillard@noos.fr\" target=\"_blank\" rel=\"noreferrer noopener\">Juni, une n\u00e9obanque pour les e-commer\u00e7ants, se lance en France<\/a>&nbsp;(Usine Digitale)<\/p>\n\n\n\n<p><a href=\"https:\/\/common.indigo-net.com\/lib\/cookie_log\/redirector.asp?mail=n.chevillard@noos.fr&amp;ID=467378&amp;DOCIID=109703480&amp;ENAIID=722301&amp;RETOUR=SIMPLE&amp;link=https:\/\/www.lalettrea.fr\/entreprises_luxe-et-conso\/2022\/04\/20\/les-banquiers-d-affaires-s-agitent-autour-de-lactalis-et-danone,109779264-eve?cxt=PUB&amp;utm_source=LLA&amp;utm_medium=email&amp;utm_campaign=AUTO_EDIT_SOM\" target=\"_blank\" rel=\"noreferrer noopener\">Les banquiers d&rsquo;affaires s&rsquo;agitent autour de Lactalis et Danone<\/a>&nbsp;(La Lettre A)<\/p>\n\n\n\n<p><a href=\"https:\/\/redirection.b2b.infopro-digital.com\/lnk\/AMAAAMEgBVIAAcXEGu4AAHnKuI0AAABZQUUAANzvAAwsSQBiXvWEXxzCuz9MTw2dAj7BiR7SzQAMCy8\/4\/7oH43Wv9jnb4kUAw4ts9YQ\/aHR0cHM6Ly93d3cudXNpbmVub3V2ZWxsZS5jb20vYXJ0aWNsZS9jZS1xdS1hdHRlbmQtbC1pbmR1c3RyaWUtZGUtbC1lbHlzZWUuTjE3OTcwODIjeHRvcj1FUFItMTY5JmVtYWlsPW4uY2hldmlsbGFyZEBub29zLmZy#xtor=EPR-169&amp;email=n.chevillard@noos.fr\" target=\"_blank\" rel=\"noreferrer noopener\">Ce qu\u2019attend l&rsquo;industrie de l\u2019\u00c9lys\u00e9e<\/a>&nbsp;(Usine Nouvelle)<\/p>\n\n\n\n<p><a href=\"https:\/\/redirection.b2b.infopro-digital.com\/lnk\/AMAAAMEgBVIAAcXEGu4AAHnKuI0AAABZQUUAANzvAAwsSQBiXvWEXxzCuz9MTw2dAj7BiR7SzQAMCy8\/7\/6F21M3_vVQSOOPOr2kgXzQ\/aHR0cHM6Ly93d3cudXNpbmVub3V2ZWxsZS5jb20vYXJ0aWNsZS9wcmVzaWRlbnRpZWxsZS12dS1kZXMtcmVnaW9ucy1lbi1hcmRlY2hlLWxlcy11c2luZXMtcnVyYWxlcy1mb250LWRlLWxhLXJlc2lzdGFuY2UuTjE3OTc5MDcjeHRvcj1FUFItMTY5JmVtYWlsPW4uY2hldmlsbGFyZEBub29zLmZy#xtor=EPR-169&amp;email=n.chevillard@noos.fr\" target=\"_blank\" rel=\"noreferrer noopener\">En Ard\u00e8che, les usines rurales font de la r\u00e9sistance<\/a>&nbsp;(Usine Nouvelle)<\/p>\n\n\n\n<p><a href=\"https:\/\/redirection.b2b.infopro-digital.com\/lnk\/AM0AAMVHtLAAAcXEGq4AAHnKuI0AAABZQUUAIBNRAAwsSQBiXsazxVMVEvzBSJW2LDRU4aOZ8QAMCy8\/10\/J0EzAeW4xX_D0nFMKtKWAw\/aHR0cHM6Ly93d3cudXNpbmVub3V2ZWxsZS5jb20vYXJ0aWNsZS9jZXR0ZS11c2luZS1mcmFuY2Fpc2UtZGUtdGVjaG5pcC1lbmVyZ2llcy1wcm9maXRlLWEtZm9uZC1kdS1kZXZlbG9wcGVtZW50LWR1LWdubC5OMTgwMDA3Nw\" target=\"_blank\" rel=\"noreferrer noopener\">L\u2019usine de Technic Energie de Sens, premi\u00e8re \u00e0 produire des bras de chargement pour le CO2 liqu\u00e9fi\u00e9e<\/a>&nbsp;(Usine Nouvelle)<\/p>\n\n\n\n<p><strong>Monde<\/strong><\/p>\n\n\n\n<p><a href=\"https:\/\/blogs.mediapart.fr\/lucarne\/blog\/200422\/speculation-deregulation-des-marches-des-cereales-le-point-sur\">Sp\u00e9culation sur les c\u00e9r\u00e9ales<\/a> (Global chance)<\/p>\n\n\n\n<p><a href=\"https:\/\/www.boursorama.com\/actualite-economique\/actualites\/la-chine-ratifie-les-conventions-internationales-sur-le-travail-force-38a8c64ddd1ab827ebb7a33e30ce7c52\">La Chine ratifie les conventions internationales sur le travail forc\u00e9<\/a>&nbsp;&nbsp;(AFP)<\/p>\n\n\n\n<p><a href=\"https:\/\/www.boursorama.com\/actualite-economique\/actualites\/penuries-ukraine-l-industrie-automobile-fortement-ralentie-au-premier-trimestre-eb452f909a27c8aea3167d04f46d15d3\">&nbsp;l&rsquo;industrie automobile fortement ralentie dans l\u2019UE au premier trimestre<\/a>&nbsp;&nbsp;(AFP)<\/p>\n\n\n\n<p><a href=\"https:\/\/www.boursorama.com\/actualite-economique\/actualites\/la-chine-devrait-atteindre-son-objectif-de-croissance-malgre-le-covid-19-selon-les-economistes-9d857ca3fd29aa42e9cf3cdb91b0b35d\">La Chine devrait atteindre son objectif de croissance malgr\u00e9 le COVID-19<\/a>&nbsp;&nbsp;(Reuters)<\/p>\n\n\n\n<p><a href=\"https:\/\/www.boursorama.com\/actualite-economique\/actualites\/zone-euro-la-production-industrielle-rebondit-comme-prevu-en-fevrier-41650354e3e8e666bb6229af4bc3b53a\">Zone euro: La production industrielle rebondit comme pr\u00e9vu en f\u00e9vrier<\/a>&nbsp;&nbsp;(Reuters)<\/p>\n\n\n\n<p><a href=\"https:\/\/www.boursorama.com\/actualite-economique\/actualites\/energies-les-prix-du-petrole-chutent-apres-l-abaissement-des-perspectives-de-croissance-mondiale-par-le-fmi-a73c9fbde407a68309671bb0cc712257\">Les prix du p\u00e9trole chutent, apr\u00e8s l&rsquo;abaissement des perspectives de croissance<\/a><strong>&nbsp;<\/strong>(Boursorama)<\/p>\n\n\n\n<p><a href=\"https:\/\/www.lemonde.fr\/economie\/article\/2022\/04\/19\/guerre-en-ukraine-la-panique-financiere-russe-des-premiers-jours-de-conflit-est-enrayee_6122803_3234.html\">La panique financi\u00e8re russe des premiers jours de la guerre en Ukraine est enray\u00e9e<\/a>&nbsp;(Le Monde)<\/p>\n\n\n\n<p><a href=\"https:\/\/link.newsletter.franceculture.fr\/m\/surl\/7429\/723738\/vx9okMTOYLwsf0Ejr5JTPW9C5lXTLJmivm821gAfcU8=\/link_43\/UyhDjku3BlDCIU5nZXZSegtfH82E24Alq3w8-2vMJ-gR70Gd9g3MKfH7Sw29vVuYJ92HnDj3H-k1XQao6Gf3Idf5rH3+gn42kn1i4VVMROxnH-hIbJqDSM5frV0-DXpWQxg8reusFhlNKeFT4EqLgxxWhs+gi2rYK5P6phw2eBYue1CAbb1Efmc6Aw-Tf4RDhD3MnzeLpDd1U+X-ckM0yDDfCeM2jKB4RFfGHgoDn9y8aTSLnsdGyAWtTLSD20S-4j2pY7JcK+FK0OGVexL1JsYJwNx+QskTs6WJQFpjJv1FQgmvSpRef-Rcnqc1R3tBAdJfr-9KEtc81dIBnO7cmpbQwlq9frtwEspohDNpeYs=\" target=\"_blank\" rel=\"noreferrer noopener\">\u00ab\u00a0On risque une d\u00e9gradation rapide et totale de la science en Russie\u00a0\u00bb<\/a>&nbsp;(France Culture)<\/p>\n\n\n\n<p><strong>Analyse<\/strong><\/p>\n\n\n\n<p><a href=\"https:\/\/www.connaissancedesenergies.org\/les-capacites-electriques-renouvelables-dans-le-monde-statistiques-2022-220419\">Les capacit\u00e9s \u00e9lectriques renouvelables dans le monde : statistiques 2022<\/a>&nbsp;(Connaissance des \u00e9nergies)<\/p>\n\n\n\n<p><a href=\"https:\/\/brill.com\/view\/journals\/puan\/4\/1\/article-p51_003.xml?language=en\">Fondation &nbsp;Gates et lutte contre le CV19 : financiarisation de la philanthropie<\/a> (ang-Public Anthropologistes)<\/p>\n\n\n\n<p><strong><mark style=\"background-color:rgba(0, 0, 0, 0);color:#f20303\" class=\"has-inline-color\">19 avril en continu<\/mark><\/strong><\/p>\n\n\n\n<p><strong>France<\/strong><\/p>\n\n\n\n<p><a href=\"https:\/\/info.alternatives-economiques.fr\/optiext\/optiextension.dll?ID=NfeNfLMDkc3LraD0tnfYT9WOTyMjq0XsrWKJ%2BoKvWYDReW13Ud_ZaNlkEMvr7EcImZU%2B5JQXFdh%2BXyXMVpwbepxCKQOVD\" target=\"_blank\" rel=\"noreferrer noopener\">Les trois mensonges \u00e9conomiques de Marine Le&nbsp;Pen<\/a> (Alter \u00e9co)<\/p>\n\n\n\n<p><a href=\"https:\/\/www.capital.fr\/economie-politique\/les-economies-considerables-que-letat-va-faire-grace-aux-energies-renouvelables-1433746\">Les \u00e9conomies consid\u00e9rables que l\u2019\u00c9tat va faire gr\u00e2ce aux \u00e9nergies renouvelables<\/a> (Capital)<\/p>\n\n\n\n<p><a href=\"https:\/\/www.boursorama.com\/actualite-economique\/actualites\/la-justice-inflige-une-amende-record-a-la-plateforme-deliveroo-pour-travail-dissimule-01be4dad311cf74cbc6b7a33bfb326ce\">La justice inflige une amende record \u00e0 la plateforme Deliveroo pour \u00ab\u00a0travail dissimul\u00e9\u00a0\u00bb<\/a> <strong>&nbsp;<\/strong>(AFP)<\/p>\n\n\n\n<p><a href=\"https:\/\/www.boursorama.com\/actualite-economique\/actualites\/la-france-espere-un-embargo-de-l-union-europeenne-sur-le-petrole-russe-dans-les-semaines-qui-viennent-dit-le-maire-c09bfe613460c8af5402187730794b0a\">La France esp\u00e8re un embargo de l&rsquo;UE sur le p\u00e9trole russe \u00ab\u00a0dans les semaines qui viennent\u00a0\u00bb<\/a> &nbsp;(Reuters)<\/p>\n\n\n\n<p><a href=\"https:\/\/www.boursorama.com\/actualite-economique\/actualites\/stellantis-suspend-sa-production-en-russie-4af7efec91126c424bb99e261bb4d0e4\">Stellantis suspend sa production en Russie<\/a> <strong>&nbsp;<\/strong>(Reuters)<\/p>\n\n\n\n<figure class=\"wp-block-image size-full\"><img data-recalc-dims=\"1\" loading=\"lazy\" decoding=\"async\" width=\"408\" height=\"592\" src=\"https:\/\/i0.wp.com\/www.rdpemancipation.org\/wp-content\/uploads\/2022\/04\/image-97.png?resize=408%2C592&#038;ssl=1\" alt=\"\" class=\"wp-image-82033\" srcset=\"https:\/\/i0.wp.com\/www.rdpemancipation.org\/wp-content\/uploads\/2022\/04\/image-97.png?w=408&amp;ssl=1 408w, https:\/\/i0.wp.com\/www.rdpemancipation.org\/wp-content\/uploads\/2022\/04\/image-97.png?resize=207%2C300&amp;ssl=1 207w\" sizes=\"auto, (max-width: 408px) 100vw, 408px\" \/><\/figure>\n\n\n\n<p><strong>Monde<\/strong><\/p>\n\n\n\n<p><a href=\"https:\/\/info.alternatives-economiques.fr\/optiext\/optiextension.dll?ID=NfeNa7FGX7qnisvSUkpry1pUPcE8JfLlGmirW0COm845iWa3VWiikmwgNT9wgQ0lw8cNg_zWm_3Q%2BKeVCK_XzQnunYgNB\" target=\"_blank\" rel=\"noreferrer noopener\">L\u2019Europe ne veut plus \u00eatre l\u2019idiote utile de la mondialisation<\/a> (Alter \u00e9co)<\/p>\n\n\n\n<p><a href=\"https:\/\/www.boursorama.com\/actualite-economique\/actualites\/la-guerre-en-ukraine-met-a-l-epreuve-le-systeme-financier-mondial-selon-le-fmi-b6464b819d60b1dab91407ea1a6f9c0e\">La guerre en Ukraine met \u00e0 l&rsquo;\u00e9preuve le syst\u00e8me financier mondial, selon le FMI<\/a> <strong>&nbsp;<\/strong>(Reuters)<\/p>\n\n\n\n<p><a href=\"https:\/\/www.boursorama.com\/actualite-economique\/actualites\/les-start-ups-africaines-ont-draine-un-record-de-5-2-milliards-de-dollars-en-capital-risque-en-2021-selon-un-rapport-d-avca-54f7369ebdf19f8bb819756dd5834559\">Les start-ups africaines ont drain\u00e9 un record de 5,2 milliards $ en capital risque en 2021<\/a> <strong>&nbsp;<\/strong>(Reuters)<\/p>\n\n\n\n<p><a href=\"https:\/\/www.boursorama.com\/actualite-economique\/actualites\/un-petrolier-russe-saisi-en-grece-dans-le-cadre-des-sanctions-de-l-union-europeenne-84cd12105d64e54b57c9961ffb3d73fc\">Un p\u00e9trolier russe saisi en Gr\u00e8ce dans le cadre des sanctions de l&rsquo;UE<\/a> <strong>&nbsp;<\/strong>(Reuters)<\/p>\n\n\n\n<p><a href=\"https:\/\/www.boursorama.com\/actualite-economique\/actualites\/les-craintes-liees-a-la-croissance-font-reculer-les-marches-en-europe-et-en-chine-7f2dd748b8d2e6db22ea2146f285ee28\">Les craintes li\u00e9es \u00e0 la croissance font reculer les march\u00e9s en Europe et en Chine<\/a> <strong>&nbsp;<\/strong>&nbsp;(AFP)<\/p>\n\n\n\n<p><a href=\"https:\/\/www.boursorama.com\/actualite-economique\/actualites\/le-covid-la-guerre-et-le-commerce-mondial-f16efd226965fa6b67748ceb8c2685d2\">Le Covid, la guerre et le commerce mondial<\/a> <strong>&nbsp;<\/strong>&nbsp;(Le Cercle des \u00e9conomistes)<\/p>\n\n\n\n<p><a href=\"https:\/\/www.boursorama.com\/actualite-economique\/actualites\/les-100-plus-gros-patrons-americains-ont-gagne-20-millions-de-dollars-en-moyenne-en-2021-leur-salaire-en-hausse-35fa33a9b3336b7ddd0a0065cf54af32\">Les 100 plus gros patrons am\u00e9ricains ont gagn\u00e9 20 mns $ en moyenne en 2021, en hausse<\/a> <strong>&nbsp;<\/strong>(Boursorama)<\/p>\n\n\n\n<p><a href=\"https:\/\/www.boursorama.com\/actualite-economique\/actualites\/des-economistes-dont-piketty-et-stiglitz-veulent-cibler-l-argent-cache-des-riches-russes-97ddd694e08349867ac2a6a34f8d29ab\">Des \u00e9conomistes, dont Piketty et Stiglitz, veulent cibler l&rsquo;argent cach\u00e9 des riches Russes<\/a> &nbsp;(AFP)<\/p>\n\n\n\n<p><strong>Analyse<\/strong><\/p>\n\n\n\n<p><a href=\"https:\/\/info.alternatives-economiques.fr\/optiext\/optiextension.dll?ID=NfeNbBkHk%2BYP0pPYCql2lgAkMfdD9HTtJhYQaIVkAes7NldxUh3XCX4HjLYkIRx5MJev7gSyW7b3eKACKk16AJoqxKDVx\" target=\"_blank\" rel=\"noreferrer noopener\">Savoir \u00eatre keyn\u00e9sien&nbsp;: \u00e0 la m\u00e9moire de Jean-Paul Fitoussi<\/a> (Alter \u00e9co)<\/p>\n\n\n\n<p><a href=\"https:\/\/www.latribune.fr\/entreprises-finance\/industrie\/energie-environnement\/la-crise-de-l-energie-offre-un-modele-economique-a-l-eolien-914276.html\">La crise de l\u2019\u00e9nergie offre un mod\u00e8le \u00e9conomique \u00e0 l\u2019\u00e9olien<\/a> (La Tribune)<\/p>\n\n\n\n<p><strong><a href=\"https:\/\/www.ritimo.org\/Dette-Le-jeu-dangereux-mais-tres-lucratif-des-banques-francaises\" target=\"_blank\" rel=\"noreferrer noopener\">Dette. Le jeu dangereux (mais tr\u00e8s lucratif) des banques fran\u00e7aises<\/a><\/strong> (Ritimo)<\/p>\n\n\n\n<p><strong><a href=\"https:\/\/www.lesechos.fr\/monde\/enjeux-internationaux\/faible-croissance-et-inflation-le-cocktail-explosif-prevu-cette-annee-par-le-fmi-1401491\" title=\"Faible croissance et inflation: le cocktail explosif pr\u00e9vu par le FMI\">Faible croissance et inflation: le cocktail explosif pr\u00e9vu par le FMI<\/a> <\/strong>(Les Echos)<\/p>\n\n\n\n<figure class=\"wp-block-image size-full is-resized\"><img data-recalc-dims=\"1\" loading=\"lazy\" decoding=\"async\" src=\"https:\/\/i0.wp.com\/www.rdpemancipation.org\/wp-content\/uploads\/2022\/04\/Capture-decran-2022-04-19-a-12.28.29.png?resize=504%2C455&#038;ssl=1\" alt=\"\" class=\"wp-image-82130\" width=\"504\" height=\"455\" srcset=\"https:\/\/i0.wp.com\/www.rdpemancipation.org\/wp-content\/uploads\/2022\/04\/Capture-decran-2022-04-19-a-12.28.29.png?w=620&amp;ssl=1 620w, https:\/\/i0.wp.com\/www.rdpemancipation.org\/wp-content\/uploads\/2022\/04\/Capture-decran-2022-04-19-a-12.28.29.png?resize=300%2C271&amp;ssl=1 300w\" sizes=\"auto, (max-width: 504px) 100vw, 504px\" \/><\/figure>\n\n\n\n<p><strong><mark style=\"background-color:rgba(0, 0, 0, 0);color:#f20303\" class=\"has-inline-color\">18 avril en continu<\/mark><\/strong><\/p>\n\n\n\n<p><strong>France<\/strong><\/p>\n\n\n\n<p><a href=\"https:\/\/www.lemonde.fr\/election-presidentielle-2022\/article\/2022\/04\/18\/presidentielle-2022-les-risques-et-les-incoherences-du-programme-economique-de-marine-le-pen_6122590_6059010.html?xtor=EPR-32280629-%5ba-la-une%5d-20220418-%5bzone_edito_1_titre_1%5d&amp;M_BT=60125486888240\">Risques et incoh\u00e9rences du programme \u00e9conomique de marine Le Pen<\/a> (Le Monde)<\/p>\n\n\n\n<p><a href=\"https:\/\/www.boursorama.com\/actualite-economique\/actualites\/fraude-fiscale-jugement-mercredi-pour-les-anciens-dirigeants-et-cadres-de-wendel-8021c27f85849c739c3fbcb37b1b8581\">Fraude fiscale: jugement mercredi pour les anciens dirigeants et cadres de Wendel<\/a> &nbsp;(AFP)<\/p>\n\n\n\n<p><strong><a href=\"https:\/\/blogs.mediapart.fr\/jean-marc-b\/blog\/170422\/marche-carbone-le-ministere-de-l-agriculture-au-service-du-secteur-prive\">March\u00e9 carbone : le minist\u00e8re de l\u2019agriculture au service du secteur priv\u00e9 <\/a><\/strong>(Elucid)<\/p>\n\n\n\n<p><strong>Monde<\/strong><\/p>\n\n\n\n<p><a href=\"https:\/\/www.boursorama.com\/actualite-economique\/actualites\/la-banque-mondiale-abaisse-ses-previsions-de-croissance-b4df2d5d33f0ff36d79947b665a3d9df\">La Banque mondiale abaisse ses pr\u00e9visions de croissance<\/a> <strong>&nbsp;<\/strong>(Reuters)<\/p>\n\n\n\n<p><a href=\"https:\/\/www.connaissancedesenergies.org\/afp\/libyepetrole-arret-des-operations-dans-un-important-terminal-sites-fermes-220418-0\">Libye\/p\u00e9trole: arr\u00eat des op\u00e9rations dans un important terminal, sites ferm\u00e9s<\/a> (AFP)<\/p>\n\n\n\n<p><a href=\"https:\/\/www.boursorama.com\/videos\/actualites\/gig-economy-en-inde-echapper-au-chomage-pour-tomber-dans-la-precarite-8868dfd40db14207e2d2d2484507658b\">\u00ab\u00a0Gig economy\u00a0\u00bb en Inde : \u00e9chapper au ch\u00f4mage pour tomber dans la pr\u00e9carit\u00e9<\/a> &nbsp;(France 24)<\/p>\n\n\n\n<p><a href=\"https:\/\/www.boursorama.com\/actualite-economique\/actualites\/chine-croissance-de-l-economie-superieure-aux-attentes-au-1er-trimestre-b0802ff084f918d7b5597a29643d715e\">Chine: Croissance de l&rsquo;\u00e9conomie sup\u00e9rieure aux attentes au 1er trimestre<\/a> <strong>&nbsp;<\/strong>(Reuters)<\/p>\n\n\n\n<p><a href=\"https:\/\/www.boursorama.com\/videos\/actualites\/des-centaines-de-sri-lankais-manifestent-devant-le-bureau-du-president-face-a-la-crise-economique-6ddff5c844145324a138c03b256a5463\">Des centaines de Sri-Lankais manifestent face \u00e0 la crise \u00e9conomique<\/a> &nbsp;(AFP vid\u00e9o)<\/p>\n\n\n\n<p><a href=\"https:\/\/www.boursorama.com\/actualite-economique\/actualites\/russie-200-000-emplois-menaces-par-les-sanctions-a-moscou-selon-le-maire-1c628299ca75a085b91642a8d9f20370\">Russie: 200.000 emplois menac\u00e9s par les sanctions \u00e0 Moscou, selon le maire<\/a> &nbsp;(AFP)<\/p>\n\n\n\n<p><a href=\"https:\/\/www.boursorama.com\/actualite-economique\/actualites\/mexique-les-deputes-rejettent-la-reforme-du-marche-de-l-electricite-contestee-par-les-etats-unis-32fb5b7b2644a4709e7a59e341deef03\">Mexique : les d\u00e9put\u00e9s rejettent la r\u00e9forme du march\u00e9 de l&rsquo;\u00e9lectricit\u00e9 contest\u00e9e par les USA<\/a> &nbsp;(AFP)<\/p>\n\n\n\n<p><strong>Analyse<\/strong><\/p>\n\n\n\n<p><a href=\"https:\/\/www.liberation.fr\/economie\/jean-paul-fitoussi-un-economiste-keynesien-a-la-stature-internationale-20220415_CEDETO37WRE6VLIH2GWURQJWEQ\/\">Mort de Jean-Paul Fitoussi, un \u00e9conomiste keyn\u00e9sien \u00e0 la stature internationale<\/a> (Lib\u00e9)<\/p>\n\n\n\n<p><strong><mark style=\"background-color:rgba(0, 0, 0, 0);color:#f20303\" class=\"has-inline-color\">17 avril en continu<\/mark><\/strong><\/p>\n\n\n\n<p><strong>France<\/strong><\/p>\n\n\n\n<p><a href=\"https:\/\/www.boursorama.com\/actualite-economique\/actualites\/presidentielle-le-prix-nobel-jean-tirole-denonce-le-programme-economique-de-marine-le-pen-104dccbbaba060db08bb366998d7eeec\">Le Nobel Jean Tirole d\u00e9nonce le programme \u00e9conomique de Marine Le Pen<\/a> &nbsp;(AFP)<\/p>\n\n\n\n<p><a href=\"https:\/\/info.alternatives-economiques.fr\/optiext\/optiextension.dll?ID=bJIbID6AThAOWjvahIJVfJICgo3eyYdl0dvMBzwxj6zp9O4rjSHMcc0GRatmiwHLEMz%2B53C8B1O9y0lV7Yvhyi0SmzbPi\" target=\"_blank\" rel=\"noreferrer noopener\">Stefano Palombarini&nbsp;: \u00ab&nbsp;Voter Macron, \u00e0 condition qu\u2019il abandonne trois mesures&nbsp;<\/a><strong><a href=\"https:\/\/info.alternatives-economiques.fr\/optiext\/optiextension.dll?ID=bJIbID6AThAOWjvahIJVfJICgo3eyYdl0dvMBzwxj6zp9O4rjSHMcc0GRatmiwHLEMz%2B53C8B1O9y0lV7Yvhyi0SmzbPi\" target=\"_blank\" rel=\"noreferrer noopener\">\u00bb<\/a><\/strong> (Alter \u00e9co)<\/p>\n\n\n\n<p><a href=\"https:\/\/www.lemonde.fr\/economie\/article\/2022\/04\/16\/les-refugies-et-les-demandeurs-d-asile-en-renfort-pour-la-cueillette-du-muguet_6122454_3234.html\">Les r\u00e9fugi\u00e9s et les demandeurs d\u2019asile en renfort pour la cueillette du muguet<\/a> (Le Monde)<\/p>\n\n\n\n<p><a href=\"https:\/\/basta.media\/Presidentielle-Entre-instinct-de-survie-et-espoir-pourquoi-les-quartiers-populaires-ont-massivement-vote-Melenchon\" target=\"_blank\" rel=\"noreferrer noopener\">Entre instinct de survie et espoir, pourquoi les quartiers populaires ont massivement vot\u00e9 M\u00e9lenchon&nbsp;<\/a>(Basta!)<\/p>\n\n\n\n<p><a href=\"https:\/\/guitinews.fr\/cest-leur-histoire\/avec-300-000-personnes-sans-domicile-la-question-du-logement-peine-toujours-a-simposer-dans-le-debat-public\/\" target=\"_blank\" rel=\"noreferrer noopener\">Avec 300 000 personnes sans-domicile, la question du logement peine toujours \u00e0 s\u2019imposer<\/a> (Guiti News)<\/p>\n\n\n\n<p><strong>Monde<\/strong><\/p>\n\n\n\n<p><a href=\"https:\/\/www.boursorama.com\/actualite-economique\/actualites\/ue-les-nouvelles-sanctions-contre-la-russie-viseront-sberbank-dit-von-der-leyen-15f39bd64f0b1c8c2a9a66b85be07076\">UE : Les nouvelles sanctions contre la Russie viseront Sberbank, dit Von der Leyen<\/a> &nbsp;(Reuters)<\/p>\n\n\n\n<p><a href=\"https:\/\/www.boursorama.com\/actualite-economique\/actualites\/gazprom-dit-poursuivre-ses-exportations-de-gaz-vers-l-europe-via-l-ukraine-6d599daeca4c5bf30d0afd80be4ed7af\">Gazprom dit poursuivre ses exportations de gaz vers l&rsquo;Europe via l&rsquo;Ukraine<\/a> (Reuters)<\/p>\n\n\n\n<p><a href=\"https:\/\/jacobinmag.com\/2022\/04\/starbucks-board-chair-mellody-hobson-profit-union-pension-retirement-funds\">Le pr\u00e9sident de Starbucks gagne des millions avec les fonds de pension syndicaux<\/a> (Jacobin)<a href=\"https:\/\/www.lemonde.fr\/economie\/article\/2022\/04\/14\/etats-unis-il-ne-manquait-plus-que-le-principal-propagateur-de-la-hausse-des-prix-amazon_6122110_3234.html\"><\/a><\/p>\n\n\n\n<p><a href=\"https:\/\/www.lemonde.fr\/economie\/article\/2022\/04\/14\/etats-unis-il-ne-manquait-plus-que-le-principal-propagateur-de-la-hausse-des-prix-amazon_6122110_3234.html\">USA&nbsp;: \u00ab&nbsp;Il ne manquait plus que le principal propagateur de la hausse des prix, Amazon&nbsp;\u00bb<\/a> (Le Monde)<\/p>\n\n\n\n<p><a href=\"https:\/\/www.lemonde.fr\/economie\/article\/2022\/04\/15\/l-allemagne-se-decouvre-mal-preparee-a-un-arret-des-livraisons-de-gaz-russe_6122239_3234.html\">L\u2019Allemagne mal pr\u00e9par\u00e9e \u00e0 la vie sans gaz et p\u00e9trole russes<\/a> (Le Monde)<\/p>\n\n\n\n<p><a href=\"https:\/\/www.lemonde.fr\/economie\/article\/2022\/04\/14\/la-bce-prise-en-etau-entre-l-inflation-et-le-risque-de-recession_6122206_3234.html\">La BCE prise en \u00e9tau entre l\u2019inflation et le risque de r\u00e9cession<\/a> (Le Monde)<\/p>\n\n\n\n<p><a href=\"https:\/\/www.lemonde.fr\/economie\/article\/2022\/04\/17\/le-confinement-de-shanghai-de-plus-en-plus-couteux-pour-la-chine_6122531_3234.html\">Le confinement de Shangha\u00ef de plus en plus co\u00fbteux pour la Chine<\/a> (Le Monde)<\/p>\n\n\n\n<p><strong>Analyse<\/strong><\/p>\n\n\n\n<p><a href=\"https:\/\/www.lemonde.fr\/idees\/article\/2022\/04\/16\/patrick-artus-le-retour-a-l-economie-d-autrefois-pourrait-etre-violent_6122421_3232.html\">Patrick Artus&nbsp;: \u00ab&nbsp;Le retour \u00e0 l\u2019\u00e9conomie d\u2019autrefois pourrait \u00eatre violent&nbsp;\u00bb<\/a> (Le Monde)<\/p>\n\n\n\n<p><strong><mark style=\"background-color:rgba(0, 0, 0, 0);color:#f20303\" class=\"has-inline-color\">16 avril en continu<\/mark><\/strong><\/p>\n\n\n\n<p><strong>France<\/strong><\/p>\n\n\n\n<p><a href=\"https:\/\/fr.finance.yahoo.com\/actualites\/croissance-fran%C3%A7aise-revue-%C3%A0-baisse-190951844.html\">La croissance fran\u00e7aise revue \u00e0 la baisse au premier trimestre<\/a>&nbsp; (Yahoo\/Capital)<\/p>\n\n\n\n<p><a href=\"http:\/\/www.economiematin.fr\/news-rationnement-achats-alimentation-france-allemagne-lidl\">P\u00e9nuries : le rationnement commence-t-il en France ?<\/a>&nbsp; (\u00e9conomie matin)<\/p>\n\n\n\n<p><a href=\"https:\/\/www.maddyness.com\/2022\/04\/08\/industrie-annee-record-france\/\">Production industrielle : une ann\u00e9e record pour la France selon Trendeo<\/a>&nbsp; (maddyness)<\/p>\n\n\n\n<p><strong>Monde<\/strong><\/p>\n\n\n\n<p><a href=\"https:\/\/redirection.b2b.infopro-digital.com\/lnk\/AVoAACOOgPgAAcXEGSQAAHnKuI0AAABZQUUAANzvAAwsSQBiWGJFicMu5QgbTpaORYvDR1gB_gAMCy8\/7\/XBDzVVHZvu5P1Mwogw1Jaw\/aHR0cHM6Ly93d3cudXNpbmVub3V2ZWxsZS5jb20vZWRpdG9yaWFsL3NjaWVuY2UtZnJpY3Rpb24tYXV4LWV0YXRzLXVuaXMtbGUtcHJlbWllci1zeW5kaWNhdC1jcmVlLWNoZXotYW1hem9uLW4tZXN0LXBhcy1xdS11bi1zeW1ib2xlLk4xOTkzMzc3I3h0b3I9RVBSLTE2OSZlbWFpbD1uLmNoZXZpbGxhcmRAbm9vcy5mcg#xtor=EPR-169&amp;email=n.chevillard@noos.fr\" target=\"_blank\" rel=\"noreferrer noopener\">Aux Etats-Unis, le premier syndicat cr\u00e9\u00e9 chez Amazon n\u2019est pas qu\u2019un symbole<\/a> (Usine Nouvelle)<\/p>\n\n\n\n<p><a href=\"https:\/\/redirection.b2b.infopro-digital.com\/lnk\/AVoAACOOgPgAAcXEGSQAAHnKuI0AAABZQUUAANzvAAwsSQBiWGJFicMu5QgbTpaORYvDR1gB_gAMCy8\/4\/LJpYTIsKkMoLepRO3i6RhQ\/aHR0cHM6Ly93d3cudXNpbmVub3V2ZWxsZS5jb20vZWRpdG9yaWFsL2wtaW5zdGFudC10ZWNoLWF1LWRlbGEtZGUtY2xpbWV3b3Jrcy1sZXMtdGVjaG9sb2dpZXMtZGUtY2FwdGFnZS1kZS1jbzItZGFucy1sLWFpci1zZS1tdWx0aXBsaWVudC5OMTk5MzQyMiN4dG9yPUVQUi0xNjkmZW1haWw9bi5jaGV2aWxsYXJkQG5vb3MuZnI#xtor=EPR-169&amp;email=n.chevillard@noos.fr\" target=\"_blank\" rel=\"noreferrer noopener\">Au-del\u00e0 de Climeworks, les techologies de captage de CO2 dans l\u2019air se multiplient<\/a> (Usine Nouvelle)<\/p>\n\n\n\n<p><a href=\"https:\/\/insolentiae.com\/la-banque-centrale-russe-cesse-ses-achats-dor-a-prix-fixes-ledito-de-charles-sannat\/\">Russie. La banque centrale russe cesse ses achats d\u2019or (\u00e0 prix fixes)<\/a>&nbsp; (Insolentiae)<\/p>\n\n\n\n<p><a href=\"https:\/\/or-argent.eu\/les-banques-centrales-ont-vendu-6-tonnes-dor-en-fevrier\/\">Les banques centrales ont vendu 6 tonnes d\u2019or en f\u00e9vrier<\/a>&nbsp; (or-argent)<\/p>\n\n\n\n<p><a href=\"https:\/\/www.francetvinfo.fr\/monde\/europe\/manifestations-en-ukraine\/enquete-comment-l-oligarque-russe-suleyman-kerimov-a-mis-ses-milliards-a-l-abri-des-autorites-fiscales_5083879.html\">Comment l&rsquo;oligarque russe Suleyman Kerimov a mis ses milliards \u00e0 l&rsquo;abri des autorit\u00e9s fiscales<\/a> (FI)<\/p>\n\n\n\n<p><strong><a href=\"https:\/\/www.phenomenalworld.org\/analysis\/economic-war-and-the-commodity-shock\/\">Impact des sanctions occidentales contre Russie sur prix des mati\u00e8res premi\u00e8res <\/a>(ang-Phenomenal World)<\/strong><\/p>\n\n\n\n<p><strong>Analyse<\/strong><\/p>\n\n\n\n<p><a href=\"https:\/\/www.xerficanal.com\/strategie-management\/emission\/Benoit-Heilbrunn-Nous-vivons-le-tournant-anarchiste-du-capitalisme_3750369.html\">Nous vivons le tournant anarchiste du capitalisme<\/a>&nbsp; (Xerfi Canal)<\/p>\n\n\n\n<p><a href=\"https:\/\/la-chronique-agora.com\/faut-il-craindre-retour-risque-systemique\/?bsft_aaid=8d7bfbb2-9574-4a5c-ad3d-53faf0fc196f&amp;bsft_eid=f9676536-0409-9cbc-25f8-baa9c3996619&amp;utm_campaign=edito-220411-lca-newsletter&amp;utm_source=blueshift&amp;utm_medium=email&amp;utm_content=edito-220411-lca-newsletter&amp;bsft_clkid=e2e58584-2e5f-4ae1-954f-9f332942e476&amp;bsft_uid=1f1b3850-38cc-4a83-86fb-401a40390f75&amp;bsft_mid=5ee9505d-dd1b-4950-bf8d-8104f5efabac&amp;bsft_utid=1f1b3850-38cc-4a83-86fb-401a40390f75-LCA&amp;bsft_mime_type=html&amp;bsft_ek=2022-04-11T10%3A00%3A41Z&amp;bsft_lx=4&amp;bsft_tv=4\">Faut-il craindre le retour du risque syst\u00e9mique ? (1\/2)<\/a>&nbsp; (Chronique agora)<\/p>\n\n\n\n<p><a href=\"https:\/\/tendanceclaire.org\/breve.php?id=41144\">L\u2019\u00e9conomiste keyn\u00e9sien Jean-Paul Fitoussi est mort<\/a> (TC)<\/p>\n\n\n\n<figure class=\"wp-block-image is-resized is-style-default\"><img data-recalc-dims=\"1\" loading=\"lazy\" decoding=\"async\" src=\"https:\/\/i0.wp.com\/static.mediapart.fr\/etmagine\/default\/files\/2022\/04\/15\/2022-04-15-11-18-49-window.png?resize=305%2C300&#038;ssl=1\" alt=\"2022-04-15-11-18-49-window\" width=\"305\" height=\"300\"\/><\/figure>\n\n\n\n<p><strong><mark style=\"background-color:rgba(0, 0, 0, 0);color:#f20303\" class=\"has-inline-color\">15 avril en continu<\/mark><\/strong><\/p>\n\n\n\n<p><strong>France<\/strong><\/p>\n\n\n\n<p><a href=\"https:\/\/www.boursorama.com\/actualite-economique\/actualites\/hausse-de-2-65-du-smic-au-1er-mai-pas-de-coup-de-pouce-790a914c65b37af7cd9f4884dcd8f0e3\">Hausse de 2,65% du smic au 1er mai, pas de \u00ab\u00a0coup de pouce\u00a0\u00bb<\/a> (Reuters)<\/p>\n\n\n\n<p><a href=\"https:\/\/www.boursorama.com\/actualite-economique\/actualites\/livret-a-la-cgt-demande-un-relevement-du-taux-des-le-1er-mai-83070ee15d842bdbb6d2d348e3e855df\">Livret A : la CGT demande un rel\u00e8vement du taux d\u00e8s le 1er mai<\/a> (AFP)<\/p>\n\n\n\n<p><a href=\"https:\/\/www.boursorama.com\/actualite-economique\/actualites\/france-l-acceleration-de-l-inflation-a-4-5-en-mars-confirmee-par-l-insee-9f684a5cde29ba579e0d3f4f6ccfbde5\">L\u2019acc\u00e9l\u00e9ration de l&rsquo;inflation \u00e0 4,5% en mars confirm\u00e9e par l&rsquo;Insee<\/a> (AFP)<\/p>\n\n\n\n<p><a href=\"https:\/\/info.alternatives-economiques.fr\/optiext\/optiextension.dll?ID=KghKeR7mTLGLaImI%2BFB0ciX_SOLk1FU1tGzC%2BPMe_Z6cDP8uTBPE2wJrJKXu78sG5PNfzSzWAVi09HJv9tiIDe0DuGQ0u\" target=\"_blank\" rel=\"noreferrer noopener\">A Vitry-le-Fran\u00e7ois, se r\u00e9inventer dans une ville en d\u00e9croissance<\/a> (Alter \u00e9co)<\/p>\n\n\n\n<p><a href=\"https:\/\/adherez.attac.org\/civicrm\/mailing\/url?u=21122&amp;qid=19639010\" target=\"_blank\" rel=\"noreferrer noopener\">Un d\u00e9cryptage des programmes de l\u2019extr\u00eame droite<\/a> (Les \u00c9conomistes atterr\u00e9s)<\/p>\n\n\n\n<p><a href=\"https:\/\/common.indigo-net.com\/lib\/cookie_log\/redirector.asp?mail=n.chevillard@noos.fr&amp;ID=466613&amp;DOCIID=109703480&amp;ENAIID=721539&amp;RETOUR=SIMPLE&amp;link=https:\/\/www.lalettrea.fr\/entreprises_transports\/2022\/04\/15\/stellantis--pourquoi-la-remuneration-de-carlos-tavares-echappe-aux-contraintes-de-la-loi-francaise,109768371-bre?utm_source=LLA&amp;utm_medium=email&amp;utm_campaign=PROS_EDIT_ART\" target=\"_blank\" rel=\"noreferrer noopener\">Stellantis : pourquoi la r\u00e9mun\u00e9ration de Carlos Tavares \u00e9chappe \u00e0 la loi fran\u00e7aise<\/a> (La lettre A)<\/p>\n\n\n\n<p><a href=\"https:\/\/www.mediapart.fr\/journal\/france\/140422\/l-eolien-au-coeur-des-contradictions-ecologiques-d-emmanuel-macron\">L\u2019\u00e9olien, au c\u0153ur des contradictions \u00e9cologiques d\u2019Emmanuel Macron<\/a> (M\u00e9diapart)<\/p>\n\n\n\n<p><a href=\"https:\/\/blogs.mediapart.fr\/francois-desriaux\/blog\/150422\/retraites-encore-un-effort-emmanuel-macron\">Retraites : encore un effort Emmanuel Macron !<\/a> (Blog&nbsp;Fran\u00e7ois Desriaux)<\/p>\n\n\n\n<p><strong>Monde<\/strong><\/p>\n\n\n\n<p><a href=\"https:\/\/www.connaissancedesenergies.org\/afp\/le-ministre-allemand-de-leconomie-exhorte-la-population-faire-des-economies-denergie-pour-enerver-poutine-220415\">Le ministre allemand de l&rsquo;\u00c9conomie exhorte aux \u00e9conomies d&rsquo;\u00e9nergie pour \u2018\u00e9nerver Poutine\u2019<\/a> (AFP)<\/p>\n\n\n\n<p><a href=\"https:\/\/www.boursorama.com\/actualite-economique\/actualites\/la-chine-reduit-le-taux-de-reserves-obligatoires-des-banques-face-au-ralentissement-economique-598a6b08ca90d0aae042ef2d93bffcfa\">La Chine r\u00e9duit le taux de r\u00e9serves obligatoires des banques face au ralentissement \u00e9conomique<\/a> (Reuters)<\/p>\n\n\n\n<p><a href=\"https:\/\/www.boursorama.com\/actualite-economique\/actualites\/la-russie-sera-en-defaut-de-paiement-si-elle-ne-paie-pas-en-dollars-avant-le-4-mai-selon-moody-s-2785d28bea431cd078980fbebfa05416\">La Russie sera en d\u00e9faut de paiement si elle ne paie pas en $ avant le 4 mai, selon Moody&rsquo;s<\/a> (Boursorama)<\/p>\n\n\n\n<p><a href=\"https:\/\/www.connaissancedesenergies.org\/afp\/venezuela-un-groupe-de-la-societe-civile-demande-joe-biden-le-retour-des-compagnies-petrolieres-220414\">Venezuela : un groupe de la soci\u00e9t\u00e9 civile demande \u00e0 Joe Biden le retour des compagnies p\u00e9troli\u00e8res<\/a> (AFP)<\/p>\n\n\n\n<p><a href=\"https:\/\/www.connaissancedesenergies.org\/afp\/premiere-aux-etats-unis-les-eoliennes-eclipsent-brievement-le-nucleaire-et-le-charbon-220414\">Premi\u00e8re aux USA : les \u00e9oliennes \u00e9clipsent bri\u00e8vement le nucl\u00e9aire et le charbon<\/a> (AFP)<\/p>\n\n\n\n<p><a href=\"https:\/\/redirection.b2b.infopro-digital.com\/lnk\/AU4AAFZcTsoAAcXEGZQAAHnKuI0AAABZQTkAANz-AAwsSQBiWXvXppJvVTPWQx2uF_bqSXBOAgAMCy8\/8\/QsQDhXzULK8h0IPTNYWsgA\/aHR0cHM6Ly93d3cudXNpbmUtZGlnaXRhbGUuZnIvYXJ0aWNsZS9kb2l0LW9uLWV0LXBldXQtb24tcmVlbGxlbWVudC1kZW1hbnRlbGVyLWxlcy1nYWZhbS1jb21tZS1sZS1wcmVjb25pc2UtZW1tYW51ZWwtbWFjcm9uLk4xOTk0MTkyI3h0b3I9RVBSLTkmZW1haWw9bi5jaGV2aWxsYXJkQG5vb3MuZnI#xtor=EPR-9&amp;email=n.chevillard@noos.fr\" target=\"_blank\" rel=\"noreferrer noopener\">Doit-on et peut-on r\u00e9ellement \u00ab\u00a0d\u00e9manteler les Gafam\u00a0\u00bb ?<\/a> (Usine Digitale)<\/p>\n\n\n\n<p><a href=\"https:\/\/lvsl.fr\/guerre-en-ukraine-vers-une-crise-alimentaire-mondiale\/\">Guerre en Ukraine : vers une crise alimentaire mondiale ?<\/a> (Le Vent Se L\u00e8ve)<\/p>\n\n\n\n<figure class=\"wp-block-image is-resized is-style-default\"><img data-recalc-dims=\"1\" loading=\"lazy\" decoding=\"async\" src=\"https:\/\/i0.wp.com\/lvsl.fr\/wp-content\/uploads\/2022\/04\/darla-hueske-fqoq39Jj5us-unsplash-591x422.jpg?resize=419%2C299&#038;ssl=1\" alt=\"\" width=\"419\" height=\"299\"\/><\/figure>\n\n\n\n<p><strong>Analyse<\/strong><\/p>\n\n\n\n<p><a href=\"https:\/\/info.alternatives-economiques.fr\/optiext\/optiextension.dll?ID=JbaJbflxQttPvw9akCeIo2vI9p_xNpzBQINdQG000VCgRl0ZQuFn4RQauDdLg7Smd71MZLQOuWIHGIrUSRsSsSNjqAHlO\" target=\"_blank\" rel=\"noreferrer noopener\">2022 : La France dans tous ses \u00e9tat<\/a>s (Alter \u00e9co)<\/p>\n\n\n\n<p><a href=\"https:\/\/info.alternatives-economiques.fr\/optiext\/optiextension.dll?ID=KghKbnjXrgMDL4%2BUEgHKp8d_iHzNuUfMGgHlUz_bKki4Pd10TlrTFGSz_QVLik7iKhxXLqVRDW%2BpPi1QViFh9DHXE1Nek\" target=\"_blank\" rel=\"noreferrer noopener\">L\u2019Ukraine et le nouvel ordre mondial des \u00e9mergents<\/a> (Alter \u00e9co)<\/p>\n\n\n\n<p><a href=\"https:\/\/adherez.attac.org\/civicrm\/mailing\/url?u=21118&amp;qid=19639010\" target=\"_blank\" rel=\"noreferrer noopener\">Culture ou barbarie&nbsp;: le commerce n\u2019a pas tenu ses promesses de m\u0153urs douces<\/a> (Les Possibles)<\/p>\n\n\n\n<p><a href=\"https:\/\/www.mediapart.fr\/journal\/economie\/140422\/russie-ukraine-la-finance-comme-arme\">Russie-Ukraine : la finance comme arme<\/a> (M\u00e9diapart)<\/p>\n\n\n\n<figure class=\"wp-block-image is-resized is-style-default\"><img data-recalc-dims=\"1\" loading=\"lazy\" decoding=\"async\" src=\"https:\/\/i0.wp.com\/mamot.fr\/system\/cache\/media_attachments\/files\/108\/079\/153\/401\/251\/963\/original\/053f7853bda53b2b.png?resize=436%2C436&#038;ssl=1\" alt=\"\" width=\"436\" height=\"436\"\/><\/figure>\n\n\n\n<p><strong><mark style=\"background-color:rgba(0, 0, 0, 0);color:#f20303\" class=\"has-inline-color\">14 avril en continu<\/mark><\/strong><\/p>\n\n\n\n<p><strong>France<\/strong><\/p>\n\n\n\n<p><a href=\"https:\/\/www.boursorama.com\/actualite-economique\/actualites\/la-filiere-renouvelable-met-en-garde-contre-une-election-de-le-pen-e18f49a84ce09bca8e7289198da338c6\">La fili\u00e8re renouvelable met en garde contre une \u00e9lection de Le Pen<\/a> (Reuters)<\/p>\n\n\n\n<p><a href=\"https:\/\/www.mediapart.fr\/journal\/economie\/140422\/grippe-aviaire-la-fronde-dans-les-elevages-de-plein-air-s-amplifie\">Grippe aviaire&nbsp;: la fronde dans les \u00e9levages de plein air s\u2019amplifie<\/a> (M\u00e9diapart)<\/p>\n\n\n\n<p><a href=\"https:\/\/blogs.mediapart.fr\/editionsducommun\/blog\/140422\/pourquoi-lopa-de-bollore-nous-concerne-tous-et-toutes-0\">Pourquoi l&rsquo;OPA de Bollor\u00e9 nous concerne tous et toutes<\/a> (editionsducommun)<\/p>\n\n\n\n<p><a href=\"https:\/\/info.alternatives-economiques.fr\/optiext\/optiextension.dll?ID=C_%2BC_dzbZgml1NCpGDQ9r%2Br07pbcuyP_yaTnXOQovJXqcY3muMFrVQ0K_fwN3C23MzPb%2BhH2KnQMqzBkF24rRTWrXjK8y\" target=\"_blank\" rel=\"noreferrer noopener\">Ces retrait\u00e9s qui ne touchent pas leurs droits et 4 autres infographies \u00e0 ne pas rater<\/a> (Alter \u00e9co)<\/p>\n\n\n\n<p><a href=\"https:\/\/info.alternatives-economiques.fr\/optiext\/optiextension.dll?ID=C_%2BC_hRAS_LbBxnQXl9kRO703Jo2WBGsSSunadcPcb_8bKwmu3ucfYKeqLUgR9wEq%2BdK5U2o8NmldO%2BbziYgEvWWKwmKW\" target=\"_blank\" rel=\"noreferrer noopener\">Faut-il croire aux relocalisations&nbsp;?<\/a> (Alter \u00e9co)<\/p>\n\n\n\n<p><a href=\"https:\/\/www.connaissancedesenergies.org\/afp\/totalenergies-dautres-actionnaires-reclament-une-meilleure-information-sur-la-strategie-climatique-220414\">TotalEnergies : des actionnaires r\u00e9clament une meilleure information sur la strat\u00e9gie climatique<\/a> (AFP)<\/p>\n\n\n\n<p><a href=\"https:\/\/redirection.b2b.infopro-digital.com\/lnk\/AMcAAHk7w2EAAcXEGDQAAHnKuI0AAABZQUUAANzvAAwsSQBiVxXc1HesJcE1SAmI7N0_ZE6tWQAMCy8\/4\/VGA_6vFammLi6-4yNHEhfA\/aHR0cHM6Ly93d3cudXNpbmVub3V2ZWxsZS5jb20vZWRpdG9yaWFsL2xlcy1hY3Rpb25uYWlyZXMtZGUtc3RlbGxhbnRpcy1pbmZsaWdlbnQtdW4tdm90ZS1zYW5jdGlvbi1hLWNhcmxvcy10YXZhcmVzLk4xOTkzNDUyI3h0b3I9RVBSLTE2OSZlbWFpbD1uLmNoZXZpbGxhcmRAbm9vcy5mcg#xtor=EPR-169&amp;email=n.chevillard@noos.fr\" target=\"_blank\" rel=\"noreferrer noopener\">Les actionnaires de Stellantis infligent un vote sanction \u00e0 Carlos Tavares<\/a> (Usine Nouvelle)<\/p>\n\n\n\n<p><a href=\"https:\/\/redirection.b2b.infopro-digital.com\/lnk\/AMcAAHk7w2EAAcXEGDQAAHnKuI0AAABZQUUAANzvAAwsSQBiVxXc1HesJcE1SAmI7N0_ZE6tWQAMCy8\/7\/ArZbJo3JZDGO_B5UhGX2bA\/aHR0cHM6Ly93d3cudXNpbmVub3V2ZWxsZS5jb20vYXJ0aWNsZS9lZGYtZGVnYWluZS11bi1wbGFuLWh5ZHJvZ2VuZS1hdXNzaS1hbWJpdGlldXgtcXUtZXRyaXF1ZS5OMTk5MzMyNyN4dG9yPUVQUi0xNjkmZW1haWw9bi5jaGV2aWxsYXJkQG5vb3MuZnI#xtor=EPR-169&amp;email=n.chevillard@noos.fr\" target=\"_blank\" rel=\"noreferrer noopener\">EDF d\u00e9gaine un plan hydrog\u00e8ne aussi ambitieux qu&rsquo;\u00e9triqu\u00e9<\/a> (Usine Nouvelle)<\/p>\n\n\n\n<p><a href=\"https:\/\/lvsl.fr\/politique-agricole-commune-une-absence-de-vision-strategique-agricole-de-long-terme\/?utm_source=sendinblue&amp;utm_campaign=Newsletter_Derniers_Articles&amp;utm_medium=email\">PAC en France : une absence de vision strat\u00e9gique agricole de long terme<\/a> (LVSL)<\/p>\n\n\n\n<p><a href=\"https:\/\/lvsl.fr\/taxation-de-lheritage-le-retour-dun-clivage-de-classes\/?utm_source=sendinblue&amp;utm_campaign=Newsletter_Derniers_Articles&amp;utm_medium=email\">Taxation de l\u2019h\u00e9ritage&nbsp;: le retour d\u2019un clivage de classe<\/a> (LVSL)<\/p>\n\n\n\n<p><strong>Monde<\/strong><\/p>\n\n\n\n<p><a href=\"https:\/\/www.connaissancedesenergies.org\/afp\/poutine-veut-reorienter-les-exportations-energetiques-russes-de-leurope-vers-lasie-220414-0\">Poutine veut r\u00e9orienter les exportations \u00e9nerg\u00e9tiques russes de l&rsquo;Europe vers l&rsquo;Asie<\/a> (AFP)<\/p>\n\n\n\n<p><a href=\"https:\/\/www.boursorama.com\/actualite-economique\/actualites\/appel-a-des-objectifs-contraignants-d-energies-renouvelables-3db86d65302e13e4ef400f8b65cf4360\">Appel \u00e0 des objectifs contraignants d&rsquo;\u00e9nergies renouvelables<\/a> (AFP)<\/p>\n\n\n\n<p><a href=\"https:\/\/common.indigo-net.com\/lib\/cookie_log\/redirector.asp?mail=n.chevillard@noos.fr&amp;ID=466408&amp;DOCIID=109703480&amp;ENAIID=721334&amp;RETOUR=SIMPLE&amp;link=https:\/\/www.intelligenceonline.fr\/grands-contrats\/2022\/04\/14\/l-industrie-de-defense-us-lance-la-ruee-vers-les-contrats-berlinois,109767706-art?cxt=PUB&amp;utm_source=LMR&amp;utm_medium=email&amp;utm_campaign=AUTO_EDIT_SOM\" target=\"_blank\" rel=\"noreferrer noopener\">L&rsquo;industrie de d\u00e9fense US lance la ru\u00e9e vers les contrats berlinois<\/a> (Intelligence Online)<\/p>\n\n\n\n<p><a href=\"https:\/\/redirection.b2b.infopro-digital.com\/lnk\/AMcAAHk7w2EAAcXEGDQAAHnKuI0AAABZQUUAANzvAAwsSQBiVxXc1HesJcE1SAmI7N0_ZE6tWQAMCy8\/20\/2VKyOuhKCAgd9jz2FgcWcA\/aHR0cHM6Ly93d3cudXNpbmVub3V2ZWxsZS5jb20vYXJ0aWNsZS9wb3VycXVvaS1sZS1udWNsZWFpcmUtcnVzc2Utbi1lc3QtcGFzLXZpc2UtcGFyLWxlcy1zYW5jdGlvbnMtb2NjaWRlbnRhbGVzLk4xOTkyOTk3I3h0b3I9RVBSLTE2OSZlbWFpbD1uLmNoZXZpbGxhcmRAbm9vcy5mcg#xtor=EPR-169&amp;email=n.chevillard@noos.fr\" target=\"_blank\" rel=\"noreferrer noopener\">Pourquoi le nucl\u00e9aire russe n\u2019est pas vis\u00e9 par les sanctions occidentales<\/a> (Usine Nouvelle)<\/p>\n\n\n\n<p><a href=\"https:\/\/redirection.b2b.infopro-digital.com\/lnk\/AWMAACLQViQAAcXEGEoAAHnKuI0AAABZQTkAANzxAAwsSQBiV8axPk1mKD9OTc660epWMST-VgAMCy8\/22\/oi-he53i6BPKIR5HVnwzfw\/aHR0cHM6Ly93d3cudXNpbmUtZGlnaXRhbGUuZnIvYXJ0aWNsZS9lbG9uLW11c2stdmlzZS1wYXItdW4tcmVjb3Vycy1jb2xsZWN0aWYtcG91ci1zYS1wcmlzZS1kZS1wYXJ0aWNpcGF0aW9uLWRhbnMtdHdpdHRlci5OMTk5MzQwNyN4dG9yPUVQUi00JmVtYWlsPW4uY2hldmlsbGFyZEBub29zLmZy#xtor=EPR-4&amp;email=n.chevillard@noos.fr\" target=\"_blank\" rel=\"noreferrer noopener\">Elon Musk vis\u00e9 par un recours collectif pour sa prise de participation dans Twitter<\/a> (Usine Digitale)<\/p>\n\n\n\n<p><a href=\"https:\/\/redirection.b2b.infopro-digital.com\/lnk\/AL8AAMV7RzEAAcXEGPIAAHnKuI0AAABZQUUAIBL0AAwsSQBiWC4wf-Cr5xHhSXacGi9KMVWYAgAMCy8\/4\/bGo6wdusKoSzy7IOjwap1Q\/aHR0cHM6Ly93d3cudXNpbmVub3V2ZWxsZS5jb20vZWRpdG9yaWFsL2wtaW5kdXN0cmllLXJ1c3NlLXNvdXMtc2FuY3Rpb25zLXBhc3NlLWVuLWVjb25vbWllLWRlLWd1ZXJyZS5OMTk5MzQwMg\" target=\"_blank\" rel=\"noreferrer noopener\">L\u2019industrie russe commence \u00e0 ressentir s\u00e9rieusement l&rsquo;impact des sanctions et de l&rsquo;isolement <\/a>&nbsp;(Usine Nouvelle)<\/p>\n\n\n\n<p><a href=\"https:\/\/theconversation.com\/gaz-un-embargo-couterait-trois-fois-plus-a-la-russie-qua-lue-181092\">Gaz : un embargo co\u00fbterait trois fois plus \u00e0 la Russie qu\u2019\u00e0 l\u2019UE<\/a> (The Conversation)&nbsp;<\/p>\n\n\n\n<p><a href=\"https:\/\/www.theguardian.com\/us-news\/2022\/apr\/13\/wealthiest-americans-tax-income-propublica-investigation?CMP=Share_iOSApp_Other\">Entre 2014 et 2018, les 25 \u00c9tats-uniens les plus riches ont pay\u00e9 3,4% d\u2019imp\u00f4t sur le revenu<\/a> (ang-The Guardian)<\/p>\n\n\n\n<p><strong>Analyse<\/strong><\/p>\n\n\n\n<p><a href=\"https:\/\/info.alternatives-economiques.fr\/optiext\/optiextension.dll?ID=qYZq1E5PpH1keyj4TnjdfrrFG3R8G9jusARhD2EO6zpZUEsazENWbcRs1HPk397_d1ouRu2_t2rbjTDo02W4d0Jkksk4f\" target=\"_blank\" rel=\"noreferrer noopener\">Economies d\u2019\u00e9nergie&nbsp;: les le\u00e7ons du choc p\u00e9trolier de 1973<\/a> (Alter \u00e9co)<\/p>\n\n\n\n<p><strong><mark style=\"background-color:rgba(0, 0, 0, 0);color:#f20303\" class=\"has-inline-color\">13 avril en continu<\/mark><\/strong><\/p>\n\n\n\n<p><strong>France<\/strong><\/p>\n\n\n\n<p><a href=\"https:\/\/www.boursorama.com\/actualite-economique\/actualites\/macron-le-pen-le-match-des-propositions-economiques-d2e3676583d9888550685a98ef865ccf\">Macron, Le Pen : le match des propositions \u00e9conomiques<\/a> (AFP)<\/p>\n\n\n\n<p><a href=\"https:\/\/www.frustrationmagazine.fr\/programme-le-pen\/\" target=\"_blank\" rel=\"noreferrer noopener\">Comment Le Pen compte nous faire morfler en 4 points et 8 minutes<\/a>&nbsp; (Frustration)<\/p>\n\n\n\n<p><a href=\"https:\/\/www.boursorama.com\/actualite-economique\/actualites\/france-les-defaillances-d-entreprises-en-hausse-de-6-3-en-mars-08a49740bdfa8fdbdee51fe63ff2ad5a\">Les d\u00e9faillances d&rsquo;entreprises en hausse de 6,3% en mars<\/a> (AFP)<\/p>\n\n\n\n<p><a href=\"https:\/\/www.boursorama.com\/actualite-economique\/actualites\/avoirs-criminels-ouverture-a-rennes-d-une-antenne-de-gestion-des-biens-saisis-ebe264da3e57acfb19358ee29a624c64\">Avoirs criminels : ouverture \u00e0 Rennes d&rsquo;une antenne de gestion des biens saisis<\/a> (AFP)<\/p>\n\n\n\n<p><a href=\"https:\/\/www.boursorama.com\/actualite-economique\/actualites\/trop-de-recettes-mal-utilisees-la-chambre-regionale-des-comptes-tance-les-hauts-de-seine-0f6da27593b456f803ff348422af15da\">Trop de recettes, mal utilis\u00e9es : la chambre r\u00e9gionale des comptes tance les Hauts-de-Seine<\/a> (AFP)<\/p>\n\n\n\n<p><a href=\"https:\/\/www.boursorama.com\/videos\/actualites\/nicolas-baverez-si-marine-le-pen-est-elue-il-y-a-un-risque-de-choc-financier-ca4f2151a987af3da44c96108891e539\">Nicolas Baverez : \u00ab\u00a0Si Marine Le Pen est \u00e9lue, il y a un risque de choc financier !\u00a0\u00bb<\/a> (Ecorama)<\/p>\n\n\n\n<p><a href=\"https:\/\/www.boursorama.com\/videos\/actualites\/a-quoi-ressemblerait-l-impot-sur-la-fortune-financiere-de-marine-le-pen-7151502bb9dacb163ad6cd696dc5b060\">A quoi ressemblerait l&rsquo;imp\u00f4t sur la fortune financi\u00e8re de Marine Le Pen ?<\/a>(Ecorama)<\/p>\n\n\n\n<p><a href=\"https:\/\/www.boursorama.com\/actualite-economique\/actualites\/guerre-en-ukraine-la-france-a-immobilise-23-7-milliards-d-euros-d-actifs-russes-5a37703b5f31a0b15b39f793fcdfdc61\">La France a immobilis\u00e9 23,7 milliards d&rsquo;euros d&rsquo;actifs russes<\/a> (Boursorama)<\/p>\n\n\n\n<p><a href=\"https:\/\/www.boursorama.com\/actualite-economique\/actualites\/la-cgt-renvoie-macron-et-le-pen-dos-a-dos-sur-les-retraites-ae43dda5515076168652e58433c9c790\">La CGT renvoie Macron et Le Pen dos \u00e0 dos sur les retraites<\/a> (AFP)<\/p>\n\n\n\n<p><a href=\"https:\/\/www.boursorama.com\/actualite-economique\/actualites\/royaume-uni-l-inflation-atteint-7-0-en-mars-au-plus-haut-depuis-30-ans-bde5e3e2cb78baded19aa963cda38b26\">Royaume-Uni : L&rsquo;inflation atteint 7,0% en mars, au plus haut depuis 30 ans<\/a> (Reuters)<\/p>\n\n\n\n<p><a href=\"https:\/\/www.boursorama.com\/actualite-economique\/actualites\/amazon-responsable-de-la-moitie-des-blessures-dans-les-entrepots-americains-en-2021-7cacc5ce171167196dc357dfd4627a3f\">Amazon responsable de la moiti\u00e9 des blessures dans les entrep\u00f4ts am\u00e9ricains en 2021<\/a> (AFP)<strong><a href=\"https:\/\/basta.media\/entreprises-francaises-en-Russie-Total-Auchan-Leroy-Merlin-Decathlon-Societe-general-oligarques-sanctions-gaz-russee\" target=\"_blank\" rel=\"noreferrer noopener\"><\/a><\/strong><\/p>\n\n\n\n<p><a href=\"https:\/\/basta.media\/entreprises-francaises-en-Russie-Total-Auchan-Leroy-Merlin-Decathlon-Societe-general-oligarques-sanctions-gaz-russee\" target=\"_blank\" rel=\"noreferrer noopener\">Ces entreprises fran\u00e7aises en Russie qui cherchent \u00e0 maintenir leurs profits malgr\u00e9 les massacres<\/a> (Basta!)<\/p>\n\n\n\n<p><a href=\"https:\/\/www.bondyblog.fr\/societe\/maprimerenov-escroqueries-en-pagaille-dans-les-quartiers\/\" target=\"_blank\" rel=\"noreferrer noopener\">MaPrimeR\u00e9nov\u2019 : escroqueries en pagaille dans les quartiers<\/a>&nbsp; (Le Bondy Blog)<\/p>\n\n\n\n<figure class=\"wp-block-image is-resized is-style-default\"><img data-recalc-dims=\"1\" loading=\"lazy\" decoding=\"async\" src=\"https:\/\/i0.wp.com\/static.mediapart.fr\/etmagine\/default\/files\/2018\/11\/17\/theorie-du-ruissellement.jpg?resize=366%2C738&#038;ssl=1\" alt=\"theorie-du-ruissellement\" width=\"366\" height=\"738\"\/><\/figure>\n\n\n\n<p><strong>Monde<\/strong><\/p>\n\n\n\n<p><a href=\"https:\/\/www.boursorama.com\/actualite-economique\/actualites\/la-chine-evoque-des-mesures-de-relance-en-temps-voulu-a8db52c27c88a636b28b6b07269f18f8\">La Chine \u00e9voque des mesures de relance en temps voulu<\/a> (Reuters)<\/p>\n\n\n\n<p><a href=\"https:\/\/www.boursorama.com\/actualite-economique\/actualites\/chine-le-covid-entraine-un-repli-des-importations-inedit-depuis-2020-9272105fde71d7657aa8aed02c22027f\">Chine : le Covid entra\u00eene un repli des importations in\u00e9dit depuis 2020<\/a> (AFP)<\/p>\n\n\n\n<p><a href=\"https:\/\/www.boursorama.com\/actualite-economique\/actualites\/le-yen-chute-a-son-plus-bas-niveau-face-au-dollar-depuis-20-ans-22d348cee43f9154f92d87977df964dc\">Le yen chute \u00e0 son plus bas niveau face au dollar depuis 20 ans<\/a> (AFP)<\/p>\n\n\n\n<p><a href=\"https:\/\/www.boursorama.com\/actualite-economique\/actualites\/l-allemagne-risque-une-forte-recession-en-cas-d-embargo-sur-le-gaz-russe-d184c8daccf6cd55d59f26367629316f\">L&rsquo;Allemagne risque une forte r\u00e9cession en cas d&#8217;embargo sur le gaz russe<\/a> (Reuters)<\/p>\n\n\n\n<p><a href=\"https:\/\/www.boursorama.com\/actualite-economique\/actualites\/les-anticipations-d-inflation-en-zone-euro-continuent-de-monter-c55102845d36820ef580402a804c1c71\">Les anticipations d&rsquo;inflation en zone euro continuent de monter<\/a> (Reuters)<\/p>\n\n\n\n<p><a href=\"https:\/\/www.oxfamfrance.org\/communiques-de-presse\/perspective-terrifiante-plus-de-260-millions-de-personnes-pourraient-basculer-dans-la-pauvrete-extreme-cette-annee\/\">Plus de 260 millions de personnes pourraient basculer dans la pauvret\u00e9 extr\u00eame cette ann\u00e9e<\/a> (Oxfam France)<\/p>\n\n\n\n<p><a href=\"https:\/\/www.oxfamfrance.org\/communiques-de-presse\/chiffres-de-locde-2021-sur-laide-internationale-reaction-doxfam-france\/\">Chiffres de l\u2019OCDE 2021 sur l\u2019aide internationale : R\u00e9action<\/a> (Oxfam France)<\/p>\n\n\n\n<p><a href=\"https:\/\/www.contretemps.eu\/syndicat-victoire-amazon-staten-island-exploitation\/\" target=\"_blank\" rel=\"noreferrer noopener\">Voici comment nous avons battu Amazon !<\/a>&nbsp; (Contretemps)<\/p>\n\n\n\n<p><a href=\"https:\/\/www.humanite.fr\/en-debat\/alimentation\/le-monde-va-t-il-bientot-connaitre-des-emeutes-de-la-faim-745891#xtor=RSS-1\" target=\"_blank\" rel=\"noreferrer noopener\">Le monde va-t-il bient\u00f4t conna\u00eetre des \u00e9meutes de la faim ?<\/a>&nbsp; (L\u2019Humanit\u00e9)<\/p>\n\n\n\n<p><a href=\"https:\/\/www.nytimes.com\/live\/2022\/04\/12\/business\/cpi-inflation-report?smid=tw-nytimes&amp;smtyp=cur#consumer-prices-energy\">L\u2019inflation atteint 8,5% par an aux USA<\/a> (ang-The New York Times)<\/p>\n\n\n\n<p><strong><mark style=\"background-color:rgba(0, 0, 0, 0);color:#f20303\" class=\"has-inline-color\">12 avril en continu<\/mark><\/strong><\/p>\n\n\n\n<p><strong>France<\/strong><\/p>\n\n\n\n<p><a href=\"https:\/\/www.mediapart.fr\/journal\/economie\/110422\/une-pluie-d-or-ruisselle-sur-les-pdg-du-cac-40\">Une pluie d\u2019or ruisselle sur les PDG du CAC 40<\/a> (M\u00e9diapart)<\/p>\n\n\n\n<p><a href=\"https:\/\/www.mediapart.fr\/journal\/economie\/120422\/soixante-six-millions-d-euros-la-remuneration-stratospherique-du-pdg-carlos-tavares\">66 millions \u20ac, la r\u00e9mun\u00e9ration stratosph\u00e9rique du PDG Carlos Tavares<\/a> (M\u00e9diapart)<\/p>\n\n\n\n<p><a href=\"https:\/\/www.boursorama.com\/actualite-economique\/actualites\/commerce-en-france-un-recul-du-deficit-en-fevrier-a-9-4-milliards-d-euros-selon-les-douanes-2bd096c0ae569965fe0b9ce3c6eb99cd\">Recul du d\u00e9ficit commercial en f\u00e9vrier \u00e0 9,4 mds \u20ac, selon les Douanes<\/a> &nbsp;(Boursorama)<\/p>\n\n\n\n<p><a href=\"https:\/\/www.boursorama.com\/actualite-economique\/actualites\/solaire-et-eolien-contribuent-en-milliards-aux-finances-de-l-etat-selon-la-filiere-3770b5a72e915bdda916c822eec2bc66\">Solaire et \u00e9olien contribuent en milliards aux finances de l&rsquo;\u00c9tat, selon la fili\u00e8re<\/a> (AFP)<\/p>\n\n\n\n<p><a href=\"https:\/\/info.alternatives-economiques.fr\/optiext\/optiextension.dll?ID=VnmVmAZWIXblP66faadsm0YfTAle%2Bk6qOFPVBRHVybeklZh%2BN_CsxYdyWkZ772n9wYkZuJ11faVPwG6xSEA8CYwBmuONt\" target=\"_blank\" rel=\"noreferrer noopener\">Imp\u00f4ts de production&nbsp;: une baisse qui pose question<\/a> (Alter \u00e9co)<\/p>\n\n\n\n<p><a href=\"https:\/\/common.indigo-net.com\/lib\/cookie_log\/redirector.asp?mail=n.chevillard@noos.fr&amp;ID=466064&amp;DOCIID=109703480&amp;ENAIID=720992&amp;RETOUR=SIMPLE&amp;link=https:\/\/www.lalettrea.fr\/medias_audiovisuel\/2022\/04\/12\/comment-la-droite-a-inflechi-le-rapport-du-senat-sur-la-concentration-des-medias,109767433-art?cxt=PUB&amp;utm_source=LLA&amp;utm_medium=email&amp;utm_campaign=AUTO_EDIT_SOM\" target=\"_blank\" rel=\"noreferrer noopener\">Comment la droite a infl\u00e9chi le rapport du S\u00e9nat sur la concentration des m\u00e9dias<\/a> (La Lettre A)<\/p>\n\n\n\n<p><a href=\"https:\/\/common.indigo-net.com\/lib\/cookie_log\/redirector.asp?mail=n.chevillard@noos.fr&amp;ID=466064&amp;DOCIID=109703480&amp;ENAIID=720992&amp;RETOUR=SIMPLE&amp;link=https:\/\/www.lalettrea.fr\/medias_presse-ecrite\/2022\/04\/12\/les-cinq-groupes-qui-ont-touche-le-plus-d-aides-a-la-presse-en-2020,109767434-bre?cxt=PUB&amp;utm_source=LLA&amp;utm_medium=email&amp;utm_campaign=AUTO_EDIT_SOM\" target=\"_blank\" rel=\"noreferrer noopener\">Les cinq groupes qui ont touch\u00e9 le plus d&rsquo;aides \u00e0 la presse en 2020<\/a> (La Lettre A)<\/p>\n\n\n\n<p><a href=\"https:\/\/redirection.b2b.infopro-digital.com\/lnk\/AVkAACM16psAAcXEFtgAAHnKuI0AAABZQUUAANzvAAwsSQBiVHQLO_8PXWsSQnaq526ZWehIEgAMCy8\/11\/IWUgMNgi7At0ps-tD5uFxg\/aHR0cHM6Ly93d3cudXNpbmVub3V2ZWxsZS5jb20vYXJ0aWNsZS9jbGltYXRvLWV0aGlxdWUtY2UtcXUtaWwtbWFucXVlLWVuLXBsdXMtZHUtbnVjbGVhaXJlLWF1eC1wcm9ncmFtbWVzLWRlLW1hY3Jvbi1ldC1sZS1wZW4tcG91ci1sZS1jbGltYXQuTjE5OTI0MDcjeHRvcj1FUFItMTY5JmVtYWlsPW4uY2hldmlsbGFyZEBub29zLmZy#xtor=EPR-169&amp;email=n.chevillard@noos.fr\" target=\"_blank\" rel=\"noreferrer noopener\">Ce qu\u2019il manque aux programmes de Macron et Le Pen pour r\u00e9pondre \u00e0 l\u2019enjeu climatique<\/a> (Usine Nouvelle)<\/p>\n\n\n\n<p><a href=\"https:\/\/redirection.b2b.infopro-digital.com\/lnk\/AVkAACM16psAAcXEFtgAAHnKuI0AAABZQUUAANzvAAwsSQBiVHQLO_8PXWsSQnaq526ZWehIEgAMCy8\/20\/P6tMfh_LyRe3ak1ImbT4oQ\/aHR0cHM6Ly93d3cudXNpbmVub3V2ZWxsZS5jb20vYXJ0aWNsZS9lbi1xdWV0ZS1kLWF1dHJlcy1zb3VyY2VzLWQtZW5lcmdpZS10b3RhbGVuZXJnaWVzLXByZXZvaXQtbC1leHRlbnNpb24tZC11bi1wcm9qZXQtZGUtZ25sLWF1eC1ldGF0cy11bmlzLk4xOTkyNDc3I3h0b3I9RVBSLTE2OSZlbWFpbD1uLmNoZXZpbGxhcmRAbm9vcy5mcg#xtor=EPR-169&amp;email=n.chevillard@noos.fr\" target=\"_blank\" rel=\"noreferrer noopener\">TotalEnergies pr\u00e9voit l&rsquo;extension d&rsquo;un projet de GNL aux Etats-Unis<\/a> (Usine Nouvelle)<\/p>\n\n\n\n<p><a href=\"https:\/\/redirection.b2b.infopro-digital.com\/lnk\/AVkAACM16psAAcXEFtgAAHnKuI0AAABZQUUAANzvAAwsSQBiVHQLO_8PXWsSQnaq526ZWehIEgAMCy8\/23\/u4w79dwaSQ5Tf23R8xOCKQ\/aHR0cHM6Ly93d3cudXNpbmVub3V2ZWxsZS5jb20vZWRpdG9yaWFsL2xhLXNuY2YtdmV1dC12b3lhZ2VyLWxlZ2VyLXBvdXItYXR0aXJlci1wbHVzLWRlLXZveWFnZXVycy5OMTk5MjI3NyN4dG9yPUVQUi0xNjkmZW1haWw9bi5jaGV2aWxsYXJkQG5vb3MuZnI#xtor=EPR-169&amp;email=n.chevillard@noos.fr\" target=\"_blank\" rel=\"noreferrer noopener\">La SNCF veut voyager l\u00e9ger pour attirer plus de voyageurs<\/a> (Usine Nouvelle)<\/p>\n\n\n\n<p><strong>Monde<\/strong><\/p>\n\n\n\n<p><a href=\"https:\/\/www.connaissancedesenergies.org\/afp\/leurope-centrale-divisee-sur-le-scenario-de-reduction-de-la-dependance-lenergie-russe-220412\">\u00c9nergie russe : l&rsquo;Europe centrale divis\u00e9e sur la r\u00e9duction de sa d\u00e9pendance<\/a> (AFP)<\/p>\n\n\n\n<p><a href=\"https:\/\/www.connaissancedesenergies.org\/afp\/etats-unis-85-dinflation-sur-un-en-mars-au-plus-haut-depuis-decembre-1981-220412\">USA : 8,5% d&rsquo;inflation sur un an en mars, au plus haut depuis d\u00e9cembre 1981<\/a> (AFP)<\/p>\n\n\n\n<p><a href=\"https:\/\/www.boursorama.com\/actualite-economique\/actualites\/la-banque-mondiale-prepare-un-programme-d-aide-de-1-5-milliard-de-dollars-pour-l-ukraine-3f85ad3d8d14ad1df15774f9d6556275\">La Banque mondiale pr\u00e9pare un programme d&rsquo;aide de 1,5 md $ pour l&rsquo;Ukraine<\/a> (Reuters)<\/p>\n\n\n\n<p><a href=\"https:\/\/www.boursorama.com\/actualite-economique\/actualites\/l-omc-abaisse-sa-prevision-de-croissance-du-commerce-mondial-46d395affaeefcb13fb2c09cfaf9ad41\">L&rsquo;OMC abaisse sa pr\u00e9vision de croissance du commerce mondial<\/a> (Reuters)<\/p>\n\n\n\n<p><a href=\"https:\/\/www.boursorama.com\/actualite-economique\/actualites\/petrole-l-opep-revise-a-la-baisse-la-croissance-de-la-demande-30db5ca6216ec4a088a983d7c05100e3\">P\u00e9trole : l&rsquo;Opep r\u00e9vise \u00e0 la baisse la croissance de la demande<\/a> (AFP)<\/p>\n\n\n\n<p><a href=\"https:\/\/www.boursorama.com\/actualite-economique\/actualites\/la-grece-s-apprete-a-accelerer-l-exploration-gaziere-f74d26d2bc5ece20b46d53e91165ac98\">La Gr\u00e8ce s&rsquo;appr\u00eate \u00e0 acc\u00e9l\u00e9rer l&rsquo;exploration gazi\u00e8re<\/a> (AFP)<\/p>\n\n\n\n<p><a href=\"https:\/\/common.indigo-net.com\/lib\/cookie_log\/redirector.asp?mail=n.chevillard@noos.fr&amp;ID=466070&amp;DOCIID=109703480&amp;ENAIID=720998&amp;RETOUR=SIMPLE&amp;link=https:\/\/www.intelligenceonline.fr\/grands-contrats\/2022\/04\/12\/comment-kiev-tire-parti-des-reseaux-de-ses-magnats-financiers-miniers-et-mediatiques,109767196-eve?cxt=PUB&amp;utm_source=LMR&amp;utm_medium=email&amp;utm_campaign=AUTO_EDIT_SOM\" target=\"_blank\" rel=\"noreferrer noopener\">Kiev tire parti des r\u00e9seaux de ses magnats financiers, miniers et m\u00e9diatiques<\/a> (Intelligence Online)<\/p>\n\n\n\n<p>&nbsp;<a href=\"https:\/\/redirection.b2b.infopro-digital.com\/lnk\/AVkAACNObCwAAcXEF2YAAHnKuI0AAABZQUUAIBNRAAwsSQBiVZw5MlYwgnvPSJKyxR8yXuQDtAAMCy8\/24\/Vj9HK15k0jOIVJFe-iQX8A\/aHR0cHM6Ly93d3cudXNpbmVub3V2ZWxsZS5jb20vYXJ0aWNsZS9sLWFlcm8tcG9zdC1sZS1iaWxsZXQtZC1hdmlvbi1wYXMtY2hlci11bmUtZXJlLXJldm9sdWUuTjE4MDQ1NDI\" target=\"_blank\" rel=\"noreferrer noopener\">L\u2019\u00e8re du billet d\u2019avion pas cher est r\u00e9volue<\/a> (Usine Nouvelle)<\/p>\n\n\n\n<p><a href=\"https:\/\/redirection.b2b.infopro-digital.com\/lnk\/AMMAAMH1NgsAAcXEFvQAAHnKuI0AAABZQTkAANzxAAwsSQBiVSF4apcydcjXRw6uKQBcAaNc6gAMCy8\/13\/UyIEjOJIupegyxROTzFuEQ\/aHR0cHM6Ly93d3cudXNpbmUtZGlnaXRhbGUuZnIvYXJ0aWNsZS9jcmFzaHMtZGUtZHJvbmVzLWRlcGFydHMtcHJvYmxlbWVzLWRlLXNlY3VyaXRlLWxhLWdhbGVyZS1kLWFtYXpvbi1wcmltZS1haXIuTjE5OTI1ODIjeHRvcj1FUFItNCZlbWFpbD1uLmNoZXZpbGxhcmRAbm9vcy5mcg#xtor=EPR-4&amp;email=n.chevillard@noos.fr\" target=\"_blank\" rel=\"noreferrer noopener\">Crashs de drones, probl\u00e8mes de s\u00e9curit\u00e9&#8230; La gal\u00e8re d&rsquo;Amazon Prime Air<\/a> (Usine digitale)<\/p>\n\n\n\n<p><a href=\"https:\/\/www.boursorama.com\/actualite-economique\/actualites\/l-economie-ukrainienne-devrait-se-contracter-de-45-avec-la-guerre-selon-la-banque-mondiale-1024ee277c2344c8a1081f207ed8308c\">L&rsquo;\u00e9conomie ukrainienne devrait se contracter de 45% avec la guerre, selon la Banque mondiale<\/a> (Reuters)&nbsp;<\/p>\n\n\n\n<p><strong>Analyse<\/strong><\/p>\n\n\n\n<p><a href=\"https:\/\/lundi.am\/Contre-le-collectif-mortifere-du-nationalisme-La-guerre-et-le-capitalisme\" target=\"_blank\" rel=\"noreferrer noopener\">Contre le collectif mortif\u00e8re du nationalisme. La guerre et le capitalisme<\/a> (Lundimatin)<\/p>\n\n\n\n<p><a href=\"https:\/\/www.connaissancedesenergies.org\/captage-direct-de-co2-dans-lair-un-elan-necessaire-vers-la-neutralite-carbone-220412\">Captage direct de CO<sub>2<\/sub>&nbsp;dans l\u2019air : un \u00ab \u00e9lan \u00bb n\u00e9cessaire ?<\/a> (AIE avec Connaissance des \u00e9nergies)<\/p>\n\n\n\n<p><strong><mark style=\"background-color:rgba(0, 0, 0, 0);color:#f20303\" class=\"has-inline-color\">11 avril en continu<\/mark><\/strong><\/p>\n\n\n\n<p><strong>France<\/strong><\/p>\n\n\n\n<p><a href=\"https:\/\/info.alternatives-economiques.fr\/optiext\/optiextension.dll?ID=nVUnUi9vKe3rSp2l5tgHAM3BN8BomslS5XFKgzvrcbuHfeb9fHjhnsabveUSo7J3tXDeOkP72wR3g6NGVFrLu0tzZ1cnM\" target=\"_blank\" rel=\"noreferrer noopener\">Pr\u00e9sidentielle : le retour de b\u00e2ton<\/a> &#8211; Christian Chavagneux (Alter \u00e9co)<\/p>\n\n\n\n<p><a href=\"https:\/\/www.boursorama.com\/actualite-economique\/actualites\/presidentielle-pour-le-medef-le-programme-de-macron-est-le-plus-favorable-pour-l-economie-93c3adde13f21028c0b63855af0e2894\">Pour le Medef, le programme de Macron est \u00ab\u00a0le plus favorable\u00a0\u00bb <\/a>&nbsp;(AFP)<\/p>\n\n\n\n<p><a href=\"https:\/\/www.boursorama.com\/actualite-economique\/actualites\/la-sncf-ressuscite-le-corail-en-lancant-des-ouigo-lents-23461399639369b6945e69d0aa4cd877\">La SNCF ressuscite le Corail en lan\u00e7ant des Ouigo lents<\/a> (AFP)<\/p>\n\n\n\n<p><a href=\"https:\/\/www.boursorama.com\/actualite-economique\/actualites\/retraites-les-deficits-a-venir-peseront-sur-la-secu-pas-sur-les-autres-regimes-36f78cd06b46917f14174158478d0f63\">Retraites : les d\u00e9ficits \u00e0 venir p\u00e8seront sur la S\u00e9cu, pas sur les autres r\u00e9gimes<\/a> (AFP)<\/p>\n\n\n\n<p><a href=\"https:\/\/common.indigo-net.com\/lib\/cookie_log\/redirector.asp?mail=n.chevillard@noos.fr&amp;ID=465891&amp;DOCIID=109703480&amp;ENAIID=720821&amp;RETOUR=SIMPLE&amp;link=https:\/\/www.lalettrea.fr\/medias_presse-ecrite\/2022\/04\/11\/comment-la-crise-du-papier-frappe-la-presse-au-portefeuille,109766827-ge0?cxt=PUB&amp;utm_source=LLA&amp;utm_medium=email&amp;utm_campaign=AUTO_EDIT_SOM\" target=\"_blank\" rel=\"noreferrer noopener\">Comment la crise du papier frappe la presse au portefeuille<\/a> (La Lettre A)<\/p>\n\n\n\n<p><a href=\"https:\/\/www.youtube.com\/watch?v=D6Vl0t89bm0\">\u00ab Apr\u00e8s McKinsey \u00e0 1 milliard, le scandale Cov\u00e9a \u00e0 9 milliards ? \u00bb<\/a> (Sud Radio)<\/p>\n\n\n\n<p><strong>Monde<\/strong><\/p>\n\n\n\n<p><a href=\"https:\/\/www.boursorama.com\/actualite-economique\/actualites\/guerre-en-ukraine-la-croissance-du-commerce-mondial-pourrait-etre-divisee-par-deux-selon-l-omc-337e242aef56ce6c5dc045838fe73be8\">La croissance du commerce mondial pourrait \u00eatre divis\u00e9e par deux, selon l&rsquo;OMC<\/a> (AFP)<\/p>\n\n\n\n<p><a href=\"https:\/\/www.boursorama.com\/actualite-economique\/actualites\/energie-les-bonnes-affaires-des-entreprises-russes-en-allemagne-5390df05dd543be8c9a915ac30625084\">Energie : les bonnes affaires des entreprises russes en Allemagne<\/a> (AFP)<\/p>\n\n\n\n<p><a href=\"https:\/\/www.boursorama.com\/actualite-economique\/actualites\/le-petrole-russe-de-l-amitie-encombrant-heritage-d-une-raffinerie-allemande-0377b5e82c957d228c9089e69f621893\">Le p\u00e9trole russe de \u00ab\u00a0l&rsquo;amiti\u00e9\u00a0\u00bb, encombrant h\u00e9ritage d&rsquo;une raffinerie allemande<\/a> (AFP)<\/p>\n\n\n\n<p><a href=\"https:\/\/www.boursorama.com\/actualite-economique\/actualites\/cartel-des-poids-lourds-scania-conteste-l-amende-de-la-justice-de-l-ue-13e3cb37974d511718089b8c026a5435\">Cartel des poids lourds : Scania conteste l&rsquo;amende de la justice de l&rsquo;UE<\/a> (AFP)<\/p>\n\n\n\n<p><a href=\"https:\/\/www.boursorama.com\/actualite-economique\/actualites\/ericsson-suspend-ses-activites-en-russie-pour-une-duree-indeterminee-12861604c51c21b16a73f06c0ef63070\">Ericsson suspend ses activit\u00e9s en Russie pour une dur\u00e9e ind\u00e9termin\u00e9e<\/a> (AFP)<\/p>\n\n\n\n<p><a href=\"https:\/\/www.boursorama.com\/actualite-economique\/actualites\/la-fed-va-resserrer-rapidement-sa-politique-dans-les-mois-a-venir-92332411c9d133915f155792aaaf3abb\">La Fed va resserrer rapidement sa politique dans les mois \u00e0 venir<\/a> (Reuters)<\/p>\n\n\n\n<p><a href=\"https:\/\/www.boursorama.com\/actualite-economique\/actualites\/inflation-la-bce-attendue-sur-sa-politique-monetaire-en-pleine-flambee-des-prix-0422ed585343390bdcf284f3ef76dc1c\">La BCE attendue sur sa politique mon\u00e9taire en pleine flamb\u00e9e des prix<\/a> (Boursorama)<\/p>\n\n\n\n<p><a href=\"https:\/\/www.connaissancedesenergies.org\/afp\/les-capacites-renouvelables-ont-cru-de-9-en-2021-dabord-en-asie-irena-220411\">Les capacit\u00e9s renouvelables ont cr\u00fb de 9% en 2021, d&rsquo;abord en Asie (Irena)<\/a> (AFP)<\/p>\n\n\n\n<p><a href=\"https:\/\/redirection.b2b.infopro-digital.com\/lnk\/AUsAAFG1134AAcXEFjQAAHnKuI0AAABZQTkAANzxAAwsSQBiU8628QScTa7cRwWHBSZXKKZeowAMCy8\/17\/kMTMqKjaebe2WV0Hh4TxXw\/aHR0cHM6Ly93d3cudXNpbmUtZGlnaXRhbGUuZnIvYXJ0aWNsZS91bi1jb2RlLWVzcGlvbi1hc3BpcmFpdC1sZXMtZG9ubmVlcy1wZXJzb25uZWxsZXMtZGFucy1kZXMtYXBwbGljYXRpb25zLWR1LWdvb2dsZS1wbGF5LXN0b3JlLk4xOTkyMDM3I3h0b3I9RVBSLTQmZW1haWw9bi5jaGV2aWxsYXJkQG5vb3MuZnI#xtor=EPR-4&amp;email=n.chevillard@noos.fr\" target=\"_blank\" rel=\"noreferrer noopener\">Le gouvernement US aspirait les donn\u00e9es personnelles du Google Play Store<\/a> (Usine Digitale)<\/p>\n\n\n\n<p><a href=\"https:\/\/redirection.b2b.infopro-digital.com\/lnk\/AUsAAFG1134AAcXEFjQAAHnKuI0AAABZQTkAANzxAAwsSQBiU8628QScTa7cRwWHBSZXKKZeowAMCy8\/22\/RlBFYx1aQ9Wy5Cgd7nPmyw\/aHR0cHM6Ly93d3cudXNpbmUtZGlnaXRhbGUuZnIvYXJ0aWNsZS9ndWVycmUtZW4tdWtyYWluZS1sYS10ZWNoLWNoaW5vaXNlLWNvbnRpbnVlLWRlLWZhaXJlLWRlcy1hZmZhaXJlcy1lbi1ydXNzaWUuTjE5OTIyMTcjeHRvcj1FUFItNCZlbWFpbD1uLmNoZXZpbGxhcmRAbm9vcy5mcg#xtor=EPR-4&amp;email=n.chevillard@noos.fr\" target=\"_blank\" rel=\"noreferrer noopener\">Guerre en Ukraine : la tech chinoise continue de faire des affaires en Russie<\/a> (Usine Digitale)<\/p>\n\n\n\n<p><strong>Analyse<\/strong><\/p>\n\n\n\n<p><a href=\"https:\/\/www.connaissancedesenergies.org\/tribune-actualite-energies\/gnl-americain-une-tres-mauvaise-idee-pour-le-climat\">GNL am\u00e9ricain : une tr\u00e8s mauvaise id\u00e9e pour le climat<\/a> (Connaissance des \u00e9nergies)<\/p>\n\n\n\n<p><strong><mark style=\"background-color:rgba(0, 0, 0, 0);color:#f20303\" class=\"has-inline-color\">10 avril en continu<\/mark><\/strong><\/p>\n\n\n\n<p><strong>France<\/strong><\/p>\n\n\n\n<p><a href=\"https:\/\/www.lemonde.fr\/election-presidentielle-2022\/article\/2022\/04\/07\/presidentielle-2022-comment-le-lobby-des-grandes-entreprises-a-influence-les-programmes-des-candidats_6121017_6059010.html\"><strong>Comment le lobby des grandes entreprises a influenc\u00e9 les programmes des candidats<\/strong> <\/a>(Le Monde)<\/p>\n\n\n\n<p><a href=\"https:\/\/www.lemonde.fr\/politique\/article\/2022\/04\/09\/la-dette-grande-oubliee-de-la-campagne-presidentielle-2022_6121355_823448.html\">La dette, grande oubli\u00e9e de la campagne<\/a> (Le Monde)<\/p>\n\n\n\n<p><a href=\"https:\/\/www.lemonde.fr\/economie\/article\/2022\/04\/10\/une-sncf-sous-contrainte-cherche-a-relancer-son-trafic-voyageurs_6121468_3234.html\">Une SNCF sous contrainte cherche \u00e0 relancer son trafic voyageur<\/a> (Le Monde)<\/p>\n\n\n\n<p><a href=\"https:\/\/www.humanite.fr\/social-eco\/amazon\/huit-mega-entrepots-bloques-la-grande-bataille-pour-les-salaires-des-amazon-france-745484#xtor=RSS-1\" target=\"_blank\" rel=\"noreferrer noopener\">Huit m\u00e9ga-entrep\u00f4ts bloqu\u00e9s : la grande bataille pour les salaires des Amazon\u2009France<\/a>&nbsp;&nbsp;(L\u2019Humanit\u00e9)<\/p>\n\n\n\n<p><a href=\"https:\/\/www.terrestres.org\/2022\/04\/08\/l-independance-energetique-de-la-france-avec-luranium-du-sahara\/?utm_source=rss&amp;utm_medium=rss&amp;utm_campaign=l-independance-energetique-de-la-france-avec-luranium-du-sahara\" target=\"_blank\" rel=\"noreferrer noopener\">\u2018Ind\u00e9pendance\u2019 \u00e9nerg\u00e9tique de la France&#8230; avec l\u2019uranium du Sahara<\/a>&nbsp;(Terrestres)<\/p>\n\n\n\n<p><a href=\"https:\/\/redirection.b2b.infopro-digital.com\/lnk\/AU4AAFXS-R4AAcXEFigAAHnKuI0AAABZQTkAANzrAAwsSQBiUsKyvzvBH7X6SVuN2UumlLLrCwAMCy8\/9\/va_W8qcX6TAP9lc-ptLv6Q\/aHR0cHM6Ly93d3cudXNpbmUtZGlnaXRhbGUuZnIvYXJ0aWNsZS9sYS1mcmFuY2UtbmUtdmV1dC1wYXMtYmxvcXVlci1sLXV0aWxpc2F0aW9uLWRlLWwtaWEtcGFyLWxlcy1mb3JjZXMtZGUtbC1vcmRyZS5OMTk5MTIyNyN4dG9yPUVQUi02JmVtYWlsPW4uY2hldmlsbGFyZEBub29zLmZy#xtor=EPR-6&amp;email=n.chevillard@noos.fr\" target=\"_blank\" rel=\"noreferrer noopener\">La France ne veut pas bloquer l&rsquo;utilisation de l&rsquo;IA par les forces de l&rsquo;ordre<\/a> (Usine Digitale)<\/p>\n\n\n\n<p><a href=\"http:\/\/www.economiematin.fr\/news-hausse-taxu-credit-immobilier-france-risque-marche-tension-sannat\">Les taux de cr\u00e9dit immobilier augmentent de 25% en un mois<\/a>&nbsp; (\u00e9conomie matin)<\/p>\n\n\n\n<p><a href=\"https:\/\/www.frustrationmagazine.fr\/cabinet-de-conseil-temoignage\/\" target=\"_blank\" rel=\"noreferrer noopener\">T\u00e9moignage : Ce qu\u2019un cabinet de conseil a fait de mon service public<\/a>&nbsp; (Frustration)<\/p>\n\n\n\n<figure class=\"wp-block-image is-resized is-style-default\"><img loading=\"lazy\" decoding=\"async\" src=\"https:\/\/scontent-frt3-2.xx.fbcdn.net\/v\/t39.30808-6\/277803607_4964609660324432_7766819682588680944_n.jpg?_nc_cat=101&amp;ccb=1-5&amp;_nc_sid=8bfeb9&amp;_nc_ohc=QtQNJgJu1wcAX84cpv8&amp;_nc_ht=scontent-frt3-2.xx&amp;oh=00_AT8rzHa2YADy1_cdnSy5oQiI7ppUlw6HXqzQ00IT5rTtag&amp;oe=62568D0D\" alt=\"Peut \u00eatre un dessin anim\u00e9\" width=\"348\" height=\"415\"\/><\/figure>\n\n\n\n<p><a href=\"https:\/\/www.francetvinfo.fr\/economie\/emploi\/carriere\/vie-professionnelle\/retraite\/retraite-avec-l-augmentation-de-leurs-pensions-des-retraites-gagnent-moins_5068393.html#xtor=EPR-502\">Avec l\u2019augmentation de leurs pensions, des retrait\u00e9s gagnent moins&nbsp;!<\/a> (Francetvinfo)<\/p>\n\n\n\n<p><a href=\"https:\/\/www.20minutes.fr\/societe\/3267943-20220408-impots-revenu-acces-ligne-declaration-suspendu-apres-erreurs-pre-remplissage?xtor=EPR-212\"><strong>Imp\u00f4ts sur revenu&nbsp;: acc\u00e8s en ligne pour d\u00e9claration suspendu apr\u00e8s erreurs de pr\u00e9-remplissage\u2026<\/strong><\/a>(20 mn)<\/p>\n\n\n\n<p><strong>Monde<\/strong><\/p>\n\n\n\n<p><a href=\"https:\/\/www.lemonde.fr\/economie\/article\/2022\/04\/10\/les-economies-d-europe-de-l-est-fragilisees-par-la-guerre-en-ukraine_6121408_3234.html\">Les \u00e9conomies d\u2019Europe de l\u2019Est fragilis\u00e9es par la guerre en Ukraine<\/a> (Le Monde)<\/p>\n\n\n\n<p><a href=\"http:\/\/obs-justice-fiscale.attac.org\/actualites\/article\/capital-et-travail-50-ans-de-basculement-des-systemes-fiscaux\" target=\"_blank\" rel=\"noreferrer noopener\">Capital et travail : 50 ans de basculement des syst\u00e8mes fiscaux<\/a>&nbsp; (Observatoire de la justice fiscale)<\/p>\n\n\n\n<p><a href=\"https:\/\/obs-justice-fiscale.attac.org\/actualites\/article\/pour-la-bifurcation-ecologique-en-finir-avec-les-paradis-fiscaux\">Pour la bifurcation \u00e9cologique, en finir avec les paradis fiscaux<\/a> (Observatoire de la justice fiscale)<\/p>\n\n\n\n<p><a href=\"https:\/\/lvsl.fr\/fuite-des-capitaux-dette-bras-de-fer-avec-la-finance-comment-resister\/\" target=\"_blank\" rel=\"noreferrer noopener\">Fuite des capitaux, dette, bras de fer avec la finance\u2026 Comment r\u00e9sister ?<\/a>&nbsp; (Le Vent Se L\u00e8ve)<\/p>\n\n\n\n<p><a href=\"https:\/\/theconversation.com\/pourquoi-les-exportations-darmes-francaises-et-europeennes-vers-la-russie-nont-pas-cesse-apres-lembargo-de-2014-180839\" target=\"_blank\" rel=\"noreferrer noopener\">Pourquoi les exportations d\u2019armes fran\u00e7aises et europ\u00e9ennes vers la Russie n\u2019ont pas cess\u00e9 apr\u00e8s l\u2019embargo de 2014<\/a>&nbsp; (The Conversation)<\/p>\n\n\n\n<p><a href=\"https:\/\/or.fr\/actualites\/or-grand-gagnant-devaluation-monetaire-actuelle-2699\">L\u2019or, grand gagnant de la d\u00e9valuation mon\u00e9taire actuelle ?<\/a>&nbsp; (or.fr)<\/p>\n\n\n\n<p><a href=\"https:\/\/la-chronique-agora.com\/plus-grand-geant-finance\/?bsft_aaid=8d7bfbb2-9574-4a5c-ad3d-53faf0fc196f&amp;bsft_eid=bbfcd81d-534b-47db-b402-8eb15f5d52fe&amp;utm_campaign=edito-220407-lca-newsletter&amp;utm_source=blueshift&amp;utm_medium=email&amp;utm_content=edito-220407-lca-newsletter&amp;bsft_clkid=3b6c280a-bf56-44b2-adeb-3a82837411ac&amp;bsft_uid=1f1b3850-38cc-4a83-86fb-401a40390f75&amp;bsft_mid=2c401cc4-2264-4189-a659-924eab02a0bf&amp;bsft_utid=1f1b3850-38cc-4a83-86fb-401a40390f75-LCA&amp;bsft_mime_type=html&amp;bsft_ek=2022-04-07T10%3A00%3A42Z&amp;bsft_lx=2&amp;bsft_tv=6\">Le plus grand g\u00e9ant de la finance&nbsp;<\/a> (Chronique agora)<\/p>\n\n\n\n<p><a href=\"https:\/\/www.letemps.ch\/economie\/rouble-retour-niveau-davant-guerre?utm_source=Newsletters&amp;utm_campaign=e8649e67c5-newsletter_eco&amp;utm_medium=email&amp;utm_term=0_56c41a402e-e8649e67c5-110294673\">Russie.&nbsp;Le rouble de retour \u00e0 son niveau d\u2019avant la guerre<\/a>&nbsp; (Le Temps)<\/p>\n\n\n\n<p><a href=\"https:\/\/www.cepremap.fr\/depot\/2022\/04\/2022-01-ObsMacro_Embargo_v1-2.pdf\" title=\"Le co\u00fbt d\u2019un embargo sur les \u00e9nergies russes pour les \u00e9conomies europ\u00e9ennes\">Le co\u00fbt d\u2019un embargo sur les \u00e9nergies russes pour les \u00e9conomies europ\u00e9ennes<\/a> <a href=\"https:\/\/www.cepremap.fr\/depot\/2022\/04\/2022-01-ObsMacro_Embargo_v1-2.pdf\">(<\/a>CEPREMAP<a href=\"https:\/\/www.cepremap.fr\/depot\/2022\/04\/2022-01-ObsMacro_Embargo_v1-2.pdf\">)<\/a><\/p>\n\n\n\n<figure class=\"wp-block-image size-full is-resized is-style-default\"><img data-recalc-dims=\"1\" loading=\"lazy\" decoding=\"async\" src=\"https:\/\/i0.wp.com\/www.rdpemancipation.org\/wp-content\/uploads\/2022\/04\/Capture-decran-2022-04-10-a-11.25.03.png?resize=507%2C403&#038;ssl=1\" alt=\"\" class=\"wp-image-80773\" width=\"507\" height=\"403\" srcset=\"https:\/\/i0.wp.com\/www.rdpemancipation.org\/wp-content\/uploads\/2022\/04\/Capture-decran-2022-04-10-a-11.25.03.png?w=865&amp;ssl=1 865w, https:\/\/i0.wp.com\/www.rdpemancipation.org\/wp-content\/uploads\/2022\/04\/Capture-decran-2022-04-10-a-11.25.03.png?resize=300%2C238&amp;ssl=1 300w, https:\/\/i0.wp.com\/www.rdpemancipation.org\/wp-content\/uploads\/2022\/04\/Capture-decran-2022-04-10-a-11.25.03.png?resize=768%2C610&amp;ssl=1 768w\" sizes=\"auto, (max-width: 507px) 100vw, 507px\" \/><\/figure>\n\n\n\n<p><strong>Analyse<\/strong><\/p>\n\n\n\n<p><a href=\"https:\/\/www.xerficanal.com\/fog\/emission\/Christophe-Deshayes-Vers-un-4eme-capitalisme_3750480.html?utm_source=sendinblue&amp;utm_campaign=FG090422&amp;utm_medium=email\">Vers un 4\u00e8me capitalisme : la fin du capitalisme financier ?<\/a>&nbsp; (Xerfi Canal)&nbsp;<a href=\"https:\/\/www.lemonde.fr\/idees\/article\/2022\/04\/10\/guerre-en-ukraine-les-systemes-energetiques-les-plus-rapides-et-les-moins-chers-a-construire-dans-l-urgence-sont-l-eolien-terrestre-et-le-solaire_6121462_3232.html\"><\/a><\/p>\n\n\n\n<p><a href=\"https:\/\/www.lemonde.fr\/idees\/article\/2022\/04\/10\/guerre-en-ukraine-les-systemes-energetiques-les-plus-rapides-et-les-moins-chers-a-construire-dans-l-urgence-sont-l-eolien-terrestre-et-le-solaire_6121462_3232.html\">\u00ab&nbsp;Les syst\u00e8mes \u00e9nerg\u00e9tiques les plus rapides et les moins chers \u00e0 construire dans l\u2019urgence sont l\u2019\u00e9olien terrestre et le solaire&nbsp;\u00bb <\/a>&nbsp;(Le Monde)<\/p>\n\n\n\n<p><a href=\"https:\/\/www.lemonde.fr\/idees\/article\/2022\/04\/08\/dennis-meadows-il-faut-mettre-fin-a-la-croissance-incontrolee-le-cancer-de-la-societe_6121114_3232.html\">Dennis Meadows&nbsp;: \u00ab&nbsp;Il faut mettre fin \u00e0 la croissance incontr\u00f4l\u00e9e, le cancer de la soci\u00e9t\u00e9&nbsp;\u00bb<\/a> (Le Monde)<\/p>\n\n\n\n<p><strong><mark style=\"background-color:rgba(0, 0, 0, 0);color:#f20303\" class=\"has-inline-color\">9 avril en continu<\/mark><\/strong><\/p>\n\n\n\n<p><strong>France<\/strong><\/p>\n\n\n\n<p><a href=\"https:\/\/info.alternatives-economiques.fr\/optiext\/optiextension.dll?ID=PlkPp6ovJJ99aCpy5r5mOM0Xk%2BDV0bDzNsLZ17Zw8Wg0yZk5Ha_xvL6zI5kbI91%2BxsSONrqEChzTxcf4VN2h7LF9LmYrm\" target=\"_blank\" rel=\"noreferrer noopener\">Marine Le Pen, championne du grand \u00e9cart \u00e9conomique <\/a>&nbsp;(Alter \u00e9co)<\/p>\n\n\n\n<p><a href=\"https:\/\/info.alternatives-economiques.fr\/optiext\/optiextension.dll?ID=PlkPm66kAp5j%2Bwo5dhUvubSugiuIxtVyNxPkGcS3MPWNctQzHr9EjKSbG6_EKKDMnQKnL4yqUjhI6fnpqSur5vuGuXPPA\" target=\"_blank\" rel=\"noreferrer noopener\">Oui, la France peut se passer des hydrocarbures russes <\/a>&nbsp;(Alter \u00e9co)<\/p>\n\n\n\n<p><a href=\"https:\/\/www.connaissancedesenergies.org\/afp\/la-france-se-prepare-face-un-possible-manque-de-gaz-russe-220408\">La France se pr\u00e9pare face \u00e0 un possible manque de gaz russe<\/a> (AFP)<\/p>\n\n\n\n<p><a href=\"https:\/\/www.mediapart.fr\/journal\/france\/090422\/derriere-l-idee-de-souverainete-energetique-des-candidats-clives\">Derri\u00e8re l\u2019id\u00e9e de souverainet\u00e9 \u00e9nerg\u00e9tique, des candidats cliv\u00e9s <\/a>&nbsp;(M\u00e9diapart)<\/p>\n\n\n\n<p><a href=\"https:\/\/www.blast-info.fr\/articles\/2022\/exclusif-affaire-mckinsey-en-marche-rattrape-par-ses-consultants-XujV4OLJQXqXFm11r-Y_Lw\">Exclusif Affaire McKinsey : En Marche rattrap\u00e9 par ses consultants<\/a> (Blast)<\/p>\n\n\n\n<p><a href=\"http:\/\/www.regards.fr\/la-midinale\/article\/pour-macron-l-etat-est-un-outil-de-sa-politique-liberale-au-service-des-plus\">\u00ab Pour Macron, l&rsquo;Etat est un outil de sa politique lib\u00e9rale au service des plus riches \u00bb<\/a> (Regards)<\/p>\n\n\n\n<p><a href=\"http:\/\/newsletter.anticor.org\/nl2\/1ys3\/5nzil.html\">R\u00e9sister \u00e0 la corruption<\/a> (Anticor)<\/p>\n\n\n\n<pre class=\"wp-block-preformatted has-small-font-size\">La mesure Macron visant \u00e0 permettre aux conjoints en union libre de d\u00e9clarer ensemble leurs revenus pourrait co\u00fbter 800&nbsp;millions d\u2019euros par an \u00e0 l\u2019\u00c9tat, et profiterait d\u2019abord aux m\u00e9nages les plus riches. (<a href=\"https:\/\/www.marianne.net\/economie\/economie-francaise\/quotient-conjugal-le-coup-de-pouce-fiscal-de-macron-profiterait-dabord-aux-couples-aises\">source<\/a>). Ce m\u00e9canisme actuellement appliqu\u00e9 pour les conjoints pacs\u00e9s ou mari\u00e9s, ampute d\u00e9j\u00e0 de 11,1&nbsp;mrds \u20ac les recettes de l\u2019\u00c9tat (deux fois le budget de la justice) au profit des m\u00e9nages les plus riches (chiffres 2017) (<a href=\"https:\/\/www.marianne.net\/economie\/economie-francaise\/quotient-conjugal-le-coup-de-pouce-fiscal-de-macron-profiterait-dabord-aux-couples-aises\">source<\/a>) (<a href=\"https:\/\/www.insee.fr\/fr\/statistiques\/5430839?sommaire=5432539\">source<\/a>)<\/pre>\n\n\n\n<p><strong>Monde<\/strong><\/p>\n\n\n\n<p><a href=\"https:\/\/www.boursorama.com\/actualite-economique\/actualites\/la-conference-des-donateurs-de-varsovie-promet-9-1-milliards-d-euros-pour-l-ukraine-63efa35a2ff41c4a17a4066ee77326dc\">La conf\u00e9rence des donateurs de Varsovie promet 9,1 mds \u20acpour l&rsquo;Ukraine<\/a> &nbsp;(Reuters)<\/p>\n\n\n\n<p><a href=\"https:\/\/www.boursorama.com\/actualite-economique\/actualites\/le-premier-syndicat-americain-d-amazon-veut-aider-d-autres-entrepots-a-se-mobiliser-22fd058d3c2f863d9235ff1baab1aa08\">Le premier syndicat am\u00e9ricain d&rsquo;Amazon veut aider d&rsquo;autres entrep\u00f4ts \u00e0 se mobiliser<\/a> &nbsp;(AFP)<\/p>\n\n\n\n<p><a href=\"https:\/\/www.boursorama.com\/actualite-economique\/actualites\/russie-la-banque-centrale-reautorise-la-vente-des-devises-etrangeres-a-partir-du-18-avril-a47ee63e82e73a0238e22bb464069198\">Russie : la Banque centrale r\u00e9autorise la vente des devises \u00e9trang\u00e8res \u00e0 partir du 18 avril<\/a> &nbsp;(AFP)<\/p>\n\n\n\n<p><a href=\"https:\/\/www.connaissancedesenergies.org\/afp\/effet-ukraine-la-banque-ditalie-prevoit-un-recul-du-pib-de-07-au-1er-trimestre-220408\">Effet Ukraine : la Banque d&rsquo;Italie pr\u00e9voit un recul du PIB de 0,7% au 1er trimestre<\/a> (AFP)<\/p>\n\n\n\n<p><a href=\"https:\/\/www.connaissancedesenergies.org\/eolien-dans-le-monde-les-nouvelles-installations-en-2021-en-infographies-220408\">\u00c9olien dans le monde&nbsp;: les nouvelles installations 2021 en infographies<\/a> (Connaissance des \u00e9nergies)<\/p>\n\n\n\n<p><a href=\"https:\/\/www.francetvinfo.fr\/monde\/europe\/manifestations-en-ukraine\/direct-guerre-en-ukraine-le-president-ukrainien-volodymyr-zelensky-demande-une-reponse-mondiale-ferme-apres-le-massacre-de-kramatorsk_5071486.html\">La Russie proche du d\u00e9faut de paiements en devises, annonce l&rsquo;agence de notation S&amp;P<\/a> (France Info)<\/p>\n\n\n\n<p><strong>Analyse<\/strong><\/p>\n\n\n\n<p><a href=\"https:\/\/www.les-crises.fr\/non-l-inflation-ne-justifie-pas-les-reductions-de-salaires-ou-des-mesures-d-austerite\/\" target=\"_blank\" rel=\"noreferrer noopener\">Non, l\u2019inflation ne justifie pas r\u00e9ductions de salaires ou mesures d\u2019aust\u00e9rit\u00e9<\/a> (les Crises)<\/p>\n\n\n\n<p><a href=\"https:\/\/www.laselectiondujour.com\/patrimoine-demmanuel-macron-ou-est-passe-largent-n1554\/\">Patrimoine de Macron&nbsp;: o\u00f9 est pass\u00e9 l\u2019argent&nbsp;?<\/a> (LSDJ)<\/p>\n\n\n\n<p><a href=\"https:\/\/aoc.media\/opinion\/2022\/04\/07\/la-societe-des-scelerats\/\"><strong>La soci\u00e9t\u00e9 <\/strong>d<strong>es sc\u00e9l\u00e9rats <\/strong><\/a>&nbsp;(AOC M\u00e9dia)<\/p>\n\n\n\n<p><strong><mark style=\"background-color:rgba(0, 0, 0, 0);color:#f20303\" class=\"has-inline-color\">8 avril en continu<\/mark><\/strong><\/p>\n\n\n\n<p><strong>France<\/strong><\/p>\n\n\n\n<p><a href=\"https:\/\/www.connaissancedesenergies.org\/afp\/gaz-russe-la-france-va-pouvoir-proceder-des-coupures-ciblees-220408\">Gaz russe : la France va pouvoir proc\u00e9der \u00e0 des coupures cibl\u00e9es<\/a> (AFP)<\/p>\n\n\n\n<p><a href=\"https:\/\/redirection.b2b.infopro-digital.com\/lnk\/AUsAAFFszBEAAcXEFPgAAHnKuI0AAABZQUUAIBL0AAwsSQBiTv0cS4ca8fWPRjGzsagbiBQNAwAMCy8\/9\/gEHky92ctjT8bxmtf7cRqg\/aHR0cHM6Ly93d3cudXNpbmVub3V2ZWxsZS5jb20vYXJ0aWNsZS9zYW5zLWxhLXJ1c3NpZS1xdWVsLWF2ZW5pci1wb3VyLXJlbmF1bHQuTjE4MDQ1MTc\" target=\"_blank\" rel=\"noreferrer noopener\">Renault, le plus expos\u00e9 des constructeurs auto en Russie, revoit sa strat\u00e9gie<\/a> (Usine Nouvelle)<\/p>\n\n\n\n<p><a href=\"https:\/\/redirection.b2b.infopro-digital.com\/lnk\/AUsAAFFszBEAAcXEFPgAAHnKuI0AAABZQUUAIBL0AAwsSQBiTv0cS4ca8fWPRjGzsagbiBQNAwAMCy8\/13\/KIYPSHYMzpIFPTBWC1E26A\/aHR0cHM6Ly93d3cudXNpbmVub3V2ZWxsZS5jb20vYXJ0aWNsZS9wb3VycXVvaS1hbHN0b20tcy1hbGxpZS1hLWVuZ2llLXBvdXItZGV2ZWxvcHBlci1sZS1mcmV0LWZlcnJvdmlhaXJlLWh5ZHJvZ2VuZS1lbi1ldXJvcGUuTjE4MDQzMzc\" target=\"_blank\" rel=\"noreferrer noopener\">Projet de fret ferroviaire \u00e0 hydrog\u00e8ne d&rsquo;Alstom et Engie<\/a> (Usine Nouvelle)<\/p>\n\n\n\n<p><a href=\"https:\/\/www.connaissancedesenergies.org\/afp\/des-peniches-parisiennes-vont-se-convertir-lelectrique-220408\">Des p\u00e9niches parisiennes vont se convertir \u00e0 l&rsquo;\u00e9lectrique<\/a> (AFP)<\/p>\n\n\n\n<p><a href=\"https:\/\/redirection.b2b.infopro-digital.com\/lnk\/ANAAAMUXr_IAAcXEFEQAAHnKuI0AAABZQTkAANzxAAwsSQBiTo1n6tjoj_L4QhWROdyHTcR3BQAMCy8\/9\/1Z4Auw76kjSBzpUJujDaCg\/aHR0cHM6Ly93d3cudXNpbmUtZGlnaXRhbGUuZnIvYXJ0aWNsZS9tb2JpbGlzYXRpb24tc29jaWFsZS1zYW5zLXByZWNlZGVudC1hdXRvdXItZGVzLXNhbGFpcmVzLWNoZXotYW1hem9uLWZyYW5jZS1sb2dpc3RpcXVlLk4xODY1NDU3I3h0b3I9RVBSLTQmZW1haWw9bi5jaGV2aWxsYXJkQG5vb3MuZnI#xtor=EPR-4&amp;email=n.chevillard@noos.fr\" target=\"_blank\" rel=\"noreferrer noopener\">Mobilisation sociale sans pr\u00e9c\u00e9dent chez Amazon France Logistique<\/a> (Usine Digitale)<\/p>\n\n\n\n<p><a href=\"https:\/\/common.indigo-net.com\/lib\/cookie_log\/redirector.asp?mail=n.chevillard@noos.fr&amp;ID=465218&amp;DOCIID=109703480&amp;ENAIID=720149&amp;RETOUR=SIMPLE&amp;link=https:\/\/www.lalettrea.fr\/entreprises_luxe-et-conso\/2022\/04\/07\/apres-le-mariage-avec-invivo-les-plans-du-spac-de-zouari-niel-et-pigasse,109766322-eve?cxt=PUB&amp;utm_source=LLA&amp;utm_medium=email&amp;utm_campaign=AUTO_EDIT_SOM\" target=\"_blank\" rel=\"noreferrer noopener\"><strong>L<\/strong>es plans du Spac de Zouari, Niel et Pigasse<\/a> (La Lettre A)<\/p>\n\n\n\n<p><strong>Monde<\/strong><\/p>\n\n\n\n<p><a href=\"https:\/\/www.boursorama.com\/actualite-economique\/actualites\/petrobras-navire-amiral-de-l-industrie-du-bresil-en-pleine-turbulence-4fff6fdf70bb4bf2124eee2f05e08bc9\">Petrobras, navire amiral de l&rsquo;industrie du Br\u00e9sil en pleine turbulence<\/a>&nbsp;(AFP)<\/p>\n\n\n\n<p><a href=\"https:\/\/www.boursorama.com\/actualite-economique\/actualites\/la-banque-centrale-de-russie-abaisse-par-surprise-son-taux-directeur-a-17-9f15189ec83ce3824455aeec1061ea18\">La banque centrale de Russie abaisse par surprise son taux directeur \u00e0 17%<\/a><strong>&nbsp;<\/strong>(Reuters)<\/p>\n\n\n\n<p><a href=\"https:\/\/www.boursorama.com\/videos\/actualites\/ukraine-l-ue-a-gele-pres-de-30-milliards-d-euros-d-avoirs-russes-et-belarusses-41f63daa14d6f9fd5966261962824e45\">l&rsquo;UE a gel\u00e9 \u00ab\u00a0pr\u00e8s de 30 milliards \u20ac\u00a0\u00bb d&rsquo;avoirs russes et b\u00e9larusses<\/a>&nbsp;(AFP vid\u00e9o)<\/p>\n\n\n\n<p><a href=\"https:\/\/www.boursorama.com\/actualite-economique\/actualites\/berlin-prepare-un-plan-d-aide-de-plus-de-100-milliards-d-euros-pour-les-entreprises-c3d4f2c6b91f914daf6be8bd31c3ca1f\">Berlin pr\u00e9pare un plan d&rsquo;aide de plus de 100 mds \u20ac pour les entreprises<\/a>&nbsp;(Reuters)<\/p>\n\n\n\n<p><a href=\"https:\/\/www.boursorama.com\/actualite-economique\/actualites\/le-confinement-a-shanghai-menace-d-agiter-l-economie-mondiale-f19b0b4d119b40b02ca65a9928e27bed\">Le confinement \u00e0 Shanghai menace d&rsquo;agiter l&rsquo;\u00e9conomie mondiale<\/a><strong>&nbsp;<\/strong>(AFP)<\/p>\n\n\n\n<p><a href=\"https:\/\/www.boursorama.com\/actualite-economique\/actualites\/la-baisse-du-pib-italien-pourrait-depasser-0-5-au-premier-trimestre-dit-la-banque-d-italie-30913dbdcfa8b5822379d3a6b9532205\">La baisse du PIB italien pourrait d\u00e9passer 0,5% au premier trimestre<\/a><strong>&nbsp;<\/strong>(Reuters)<\/p>\n\n\n\n<p><a href=\"https:\/\/www.boursorama.com\/actualite-economique\/actualites\/guerre-en-ukraine-les-prix-alimentaires-mondiaux-a-un-niveau-jamais-enregistre-de1be0105bd98d6b03e4333668e762c7\">Les prix alimentaires mondiaux \u00e0 un niveau jamais enregistr\u00e9<\/a>&nbsp;(AFP)<\/p>\n\n\n\n<p><a href=\"https:\/\/www.boursorama.com\/actualite-economique\/actualites\/le-fmi-annonce-un-accord-de-principe-avec-le-liban-en-crise-4838a9aa3df1358866dca47227b28f0e\">Le FMI annonce un accord de principe avec le Liban en crise<\/a><strong>&nbsp;<\/strong>(AFP)<\/p>\n\n\n\n<p><a href=\"https:\/\/redirection.b2b.infopro-digital.com\/lnk\/AWAAAB4bid4AAcXEFR4AAHnKuI0AAABZQUUAANzvAAwsSQBiTyO9DMrZzvIdQC-mRtlZQGzOcwAMCy8\/4\/TBtW9A5VXgK_hhpynuIv_g\/aHR0cHM6Ly93d3cudXNpbmVub3V2ZWxsZS5jb20vZWRpdG9yaWFsL3BvdXJxdW9pLWxlcy1ldXJvcGVlbnMtcy1hcHByZXRlbnQtYS1zZS1wYXNzZXItZHUtY2hhcmJvbi1ydXNzZS5OMTk5MTQwNyN4dG9yPUVQUi0xNjkmZW1haWw9bi5jaGV2aWxsYXJkQG5vb3MuZnI#xtor=EPR-169&amp;email=n.chevillard@noos.fr\" target=\"_blank\" rel=\"noreferrer noopener\">Les Europ\u00e9ens s&rsquo;appr\u00eatent \u00e0 se passer du charbon russe<\/a> (Usine Nouvelle)<\/p>\n\n\n\n<p><strong>Analyse<\/strong><\/p>\n\n\n\n<p><a href=\"https:\/\/info.alternatives-economiques.fr\/optiext\/optiextension.dll?ID=iQRiQh_WdnOoevAoDpGG4oj0mC5KCuMC7GEif3BtvZb3ooX4bTNPR9qsYJtIJOtKz_mHZ4La_ZoQWwpB25CRoMSipOq4N\" target=\"_blank\" rel=\"noreferrer noopener\">Vers un monde \u00e0 + 3\u00b0 C et 4 autres infographies \u00e0 ne pas rater<\/a> (Alter \u00e9co)<\/p>\n\n\n\n<p><a href=\"https:\/\/www.connaissancedesenergies.org\/tribune-actualite-energies\/rapport-du-giec-diviser-les-emissions-de-gaz-effet-de-serre-par-deux-dici-2030-cest-possible\">Rapport du GIEC&nbsp;: diviser les&nbsp;\u00e9missions de gaz \u00e0&nbsp;effet de serre par deux d\u2019ici \u00e0 2030, c\u2019est&nbsp;possible<\/a> (Connaissance des \u00e9nergies)<\/p>\n\n\n\n<p><a href=\"https:\/\/www.connaissancedesenergies.org\/la-transition-energetique-europeenne-acceleree-par-la-guerre-en-ukraine-220406\">La transition \u00e9nerg\u00e9tique europ\u00e9enne \u00ab acc\u00e9l\u00e9r\u00e9e \u00bb par la guerre en Ukraine ?<\/a> (Connaissance des \u00e9nergies)<\/p>\n\n\n\n<p><a href=\"http:\/\/www.global-chance.org\/Risques-de-penurie-alimentaire-les-propositions-incoherentes-de-la-France-et-du-G7\">Risques de p\u00e9nurie alimentaire : les propositions incoh\u00e9rentes de la France et du G7<\/a> (Global Chance)&nbsp;<\/p>\n\n\n\n<figure class=\"wp-block-image is-style-default\"><img data-recalc-dims=\"1\" decoding=\"async\" src=\"https:\/\/i0.wp.com\/i.skyrock.net\/9423\/83939423\/pics\/3260155400_1_3_5aweaNa9.jpg?w=1200&#038;ssl=1\" alt=\"3260155400_1_3_5aweaNa9.jpg\"\/><\/figure>\n\n\n\n<p><strong><mark style=\"background-color:rgba(0, 0, 0, 0);color:#f20303\" class=\"has-inline-color\">7 avril en continu<\/mark><\/strong><\/p>\n\n\n\n<p><strong>France<\/strong><\/p>\n\n\n\n<p><a href=\"https:\/\/www.mediapart.fr\/journal\/economie\/070422\/france-travail-guichet-unique-questions-multiples\">France Travail&nbsp;: guichet unique, questions multiples<\/a> (M\u00e9diapart)<\/p>\n\n\n\n<p><a href=\"https:\/\/www.mediapart.fr\/journal\/economie\/060422\/que-pourrait-faire-la-gauche-au-pouvoir-dans-les-cent-premiers-jours\">Que pourrait faire la gauche au pouvoir dans les cent premiers jours&nbsp;?<\/a> (M\u00e9diapart)<\/p>\n\n\n\n<p><a href=\"https:\/\/blogs.mediapart.fr\/henri-sterdyniak\/blog\/070422\/reflexions-sur-les-programmes-fiscaux-des-candidats-l-election-presidentielle\">R\u00e9flexions sur les programmes fiscaux des candidats \u00e0 l\u2019\u00e9lection pr\u00e9sidentielle<\/a> &nbsp;(Blog Henri Sterdyniak)<\/p>\n\n\n\n<p><a href=\"https:\/\/blogs.mediapart.fr\/gabas\/blog\/060422\/bernard-arnault-laurent-fabius-mckinsey-et-la-creation-de-lvmh\" target=\"_blank\" rel=\"noreferrer noopener\">Bernard Arnault, Laurent Fabius, McKinsey et la cr\u00e9ation de LVMH<\/a> (Blog de Gabas)<\/p>\n\n\n\n<p><a href=\"https:\/\/www.boursorama.com\/actualite-economique\/actualites\/france-amende-de-150-millions-d-euros-contre-google-confirmee-en-appel-c85fc844f47d9c3673a6d12fa224a967\">Amende de 150 millions \u20ac contre Google confirm\u00e9e en appel<\/a> &nbsp;(Reuters)<\/p>\n\n\n\n<p><a href=\"https:\/\/www.boursorama.com\/actualite-economique\/actualites\/aides-aux-entreprises-le-pret-garanti-par-l-etat-renforce-un-peu-plus-que-prevu-7e662f7aa8f8d7baf2b0da1d0a782000\">Aides aux entreprises: le pr\u00eat garanti par l&rsquo;Etat renforc\u00e9 un peu plus que pr\u00e9vu<\/a> &nbsp;(AFP)<\/p>\n\n\n\n<p><a href=\"https:\/\/www.boursorama.com\/actualite-economique\/actualites\/macron-veut-indexer-les-retraites-des-cet-ete-et-les-reformer-a-l-automne-d3ed43a13fabc5ee45bd34f9ef38a804\">Macron veut indexer les retraites \u00ab\u00a0d\u00e8s cet \u00e9t\u00e9\u00a0\u00bb et les r\u00e9former \u00e0 l&rsquo;automne<\/a> &nbsp;(AFP)<\/p>\n\n\n\n<p><strong>Monde<\/strong><\/p>\n\n\n\n<p><a href=\"https:\/\/www.novethic.fr\/actualite\/economie\/isr-rse\/alertes-sur-les-catastrophes-climatiques-au-cout-toujours-plus-eleve-et-si-mal-assure-150699.html\" target=\"_blank\" rel=\"noreferrer noopener\">Alerte sur les catastrophes climatiques au co\u00fbt toujours plus \u00e9lev\u00e9 et si mal assur\u00e9<\/a> (Novethic)<\/p>\n\n\n\n<p><a href=\"https:\/\/www.boursorama.com\/actualite-economique\/actualites\/ukraine-le-parlement-europeen-reclame-un-embargo-immediat-sur-gaz-petrole-et-charbon-russes-b860322c866ef74c481e7576991b170b\">Le Parlement europ\u00e9en r\u00e9clame un embargo \u00ab\u00a0imm\u00e9diat\u00a0\u00bb sur gaz, p\u00e9trole et charbon russes<\/a> &nbsp;(AFP)<\/p>\n\n\n\n<p><a href=\"https:\/\/www.boursorama.com\/actualite-economique\/actualites\/zone-euro-les-ventes-au-detail-augmentent-plus-que-prevu-sur-un-an-en-fevrier-ebdda57ae2266042664a7e1d0684ad92\">Zone euro: Les ventes au d\u00e9tail augmentent plus que pr\u00e9vu sur un an en f\u00e9vrier<\/a> &nbsp;(Reuters)<\/p>\n\n\n\n<p><a href=\"https:\/\/www.boursorama.com\/actualite-economique\/actualites\/gaz-naturel-liquefie-les-methaniers-vont-deferler-sur-l-europe-en-avril-la-france-prepare-son-scenario-sans-russie-a833f78badbeca22be1c2380543eecbe\">GNL : les m\u00e9thaniers vont d\u00e9ferler sur l&rsquo;Europe, la France pr\u00e9pare sc\u00e9nario sans Russie<\/a> &nbsp;(Boursorama)<\/p>\n\n\n\n<p><a href=\"https:\/\/www.boursorama.com\/actualite-economique\/actualites\/meta-planche-a-nouveau-sur-les-monnaies-virtuelles-83ae2e48a09d767f5050bf447ca446b4\">Meta planche \u00e0 nouveau sur les monnaies virtuelles<\/a> &nbsp;(AFP)<\/p>\n\n\n\n<p><a href=\"https:\/\/www.boursorama.com\/actualite-economique\/actualites\/allemagne-legere-hausse-de-la-production-industrielle-en-fevrier-b33edc0781b71f8297f7836815e8bb80\">Allemagne: L\u00e9g\u00e8re hausse de la production industrielle en f\u00e9vrier<\/a> &nbsp;(Reuters)<\/p>\n\n\n\n<p><a href=\"https:\/\/www.boursorama.com\/actualite-economique\/actualites\/shell-prevoit-jusqu-a-5-milliards-de-dollars-de-depreciations-et-charges-liees-a-la-russie-17d588ecbd51f13ef7a4cdde55903965\">Shell pr\u00e9voit jusqu&rsquo;\u00e0 5 milliards $ de d\u00e9pr\u00e9ciations et charges li\u00e9es \u00e0 la Russie<\/a> &nbsp;(AFP)<\/p>\n\n\n\n<p><a href=\"https:\/\/www.boursorama.com\/actualite-economique\/actualites\/l-economie-russe-commence-a-se-fissurer-sous-le-poids-des-sanctions-3c24302ded01e20b66ae9e10be0ee95e\">L&rsquo;\u00e9conomie russe commence \u00e0 se fissurer sous le poids des sanctions<\/a> &nbsp;(AFP)<\/p>\n\n\n\n<p><a href=\"https:\/\/prospect.org\/world\/developing-countries-strained-rich-world-monetary-tightening\/\">Hausse taux d\u2019int\u00e9r\u00eat aux USA pourrait causer fuite capitaux des PVD<\/a> (ang-The American Prospect)<\/p>\n\n\n\n<p><strong>Analyse<\/strong><\/p>\n\n\n\n<p><strong><a href=\"https:\/\/lanticapitaliste.org\/opinions\/culture\/banque-mondiale-une-histoire-critique-deric-toussaint\">Banque mondiale\u2009: une histoire critique, d\u2019\u00c9ric Toussaint<\/a> &#8211;<\/strong>Henri Wilno<\/p>\n\n\n\n<figure class=\"wp-block-image is-resized is-style-default\"><img data-recalc-dims=\"1\" loading=\"lazy\" decoding=\"async\" src=\"https:\/\/i0.wp.com\/lanticapitaliste.org\/sites\/default\/files\/styles\/largeur_content_hauteur_complet\/public\/une-banque-mondiale.jpeg?resize=291%2C437&#038;ssl=1\" alt=\"\" width=\"291\" height=\"437\"\/><\/figure>\n\n\n\n<p><a href=\"https:\/\/lanticapitaliste.org\/actualite\/ecologie\/capitalisme-vert-les-banquiers-mentent-sur-le-financement-des-combustibles\">\u00ab\u2009Capitalisme vert\u2009\u00bb : les banquiers mentent sur le financement des combustibles fossiles<\/a> -Ian Angus<\/p>\n\n\n\n<figure class=\"wp-block-image is-style-default\"><img decoding=\"async\" src=\"https:\/\/tse2.mm.bing.net\/th?id=OIP.wL39DmlMkS465eRyiOhW1wHaDe&amp;pid=Api\" alt=\"th?id=OIP.wL39DmlMkS465eRyiOhW1wHaDe&amp;pid=Api\" title=\"Aldous Huxley | Citation honnetet\u00e9, Citation, Phrase citation\"\/><\/figure>\n\n\n\n<p><strong><mark style=\"background-color:rgba(0, 0, 0, 0);color:#f20303\" class=\"has-inline-color\">6 avril en continu<\/mark><\/strong><\/p>\n\n\n\n<p><strong>France<\/strong><\/p>\n\n\n\n<p><a href=\"https:\/\/www.boursorama.com\/actualite-economique\/actualites\/mckinsey-la-justice-ouvre-une-enquete-sur-le-volet-fiscal-eeeecd48862b9ff032bef6f44c1b53c5\">McKinsey : la justice ouvre une enqu\u00eate sur le volet fiscal<\/a> &nbsp;(AFP)<\/p>\n\n\n\n<p><a href=\"https:\/\/info.alternatives-economiques.fr\/optiext\/optiextension.dll?ID=tXWtZ%2B3XK2FxHtEnoTkEOK5p5T9qhsmyRPF3PB27sXsXQU0dBeb7ZlYatttKHkkNSgrR_gPXAveMyh3fiE95t6DuXJaBN\" target=\"_blank\" rel=\"noreferrer noopener\">Cinq questions sur la r\u00e9mun\u00e9ration du banquier Emmanuel Macron<\/a>&nbsp;(Alter \u00e9co)<\/p>\n\n\n\n<p><a href=\"https:\/\/redirection.b2b.infopro-digital.com\/lnk\/AVMAAFJ--sgAAcXEEsoAAHnKuI0AAABZQTkAANzxAAwsSQBiS-c1VeES6OOhQe6QqOLn-JttAQAMCy8\/13\/6Qdl3j8q0WYB_w4ZaIvk3w\/aHR0cHM6Ly93d3cudXNpbmUtZGlnaXRhbGUuZnIvYXJ0aWNsZS90cmVzLWhhdXQtZGViaXQtcG91ci10b3VzLW1hY3Jvbi1hLXQtaWwtdGVudS1zZXMtcHJvbWVzc2VzLk4xODA0MDEyI3h0b3I9RVBSLTQmZW1haWw9bi5jaGV2aWxsYXJkQG5vb3MuZnI#xtor=EPR-4&amp;email=n.chevillard@noos.fr\" target=\"_blank\" rel=\"noreferrer noopener\">Tr\u00e8s haut d\u00e9bit pour tous : Macron a-t-il tenu ses promesses ?<\/a> (Usine digitale)<\/p>\n\n\n\n<p><a href=\"https:\/\/lvsl.frIl%20y%20a%20une%20strat\u00e9gie%20de%20mise%20en%20d\u00e9ficit%20du%20r\u00e9gime%20des%20retraites\">Il y a une strat\u00e9gie de mise en d\u00e9ficit du r\u00e9gime des retraites<\/a> (LVSL)<\/p>\n\n\n\n<p><a href=\"https:\/\/lvsl.fr\/Mckinsey%20gate&nbsp;:%20Vers%20la%20fin%20de%20la%20fonction%20publique&nbsp;?\">McKinseygate&nbsp;: Vers la fin de la fonction publique&nbsp;?<\/a> (LVSL)<\/p>\n\n\n\n<p><a href=\"https:\/\/info.alternatives-economiques.fr\/optiext\/optiextension.dll?ID=tXWtYHlo%2B5Rm2lDytF6x%2BFgCGwxDlxl1vmi2JZvLfR0yFGfJB7R1P_5rKEX5sgLDvjIvvdYpbUPRa0Amo4tuXJ1WdfudT\" target=\"_blank\" rel=\"noreferrer noopener\">Le textile fran\u00e7ais retisse sa toile<\/a>&nbsp;(Alter \u00e9co)<\/p>\n\n\n\n<p><a href=\"https:\/\/www.connaissancedesenergies.org\/afp\/alstom-et-engie-signent-un-partenariat-pour-developper-le-fret-ferroviaire-propulse-lhydrogene-220406\">Alstom et Engie signent un partenariat pour le fret ferroviaire \u00e0 l&rsquo;hydrog\u00e8ne<\/a>&nbsp;(AFP)<\/p>\n\n\n\n<p><a href=\"https:\/\/www.connaissancedesenergies.org\/afp\/edf-boucle-son-augmentation-de-capital-de-plus-de-31-milliards-deuros-220405\">EDF a boucl\u00e9 son augmentation de capital de plus de 3,1 mds \u20ac<\/a>&nbsp;(AFP)<\/p>\n\n\n\n<p><a href=\"https:\/\/common.indigo-net.com\/lib\/cookie_log\/redirector.asp?mail=n.chevillard@noos.fr&amp;ID=464882&amp;DOCIID=109703480&amp;ENAIID=719816&amp;RETOUR=SIMPLE&amp;link=https:\/\/www.lalettrea.fr\/entreprises_conseil-et-services\/2022\/04\/05\/amazon-confronte-a-une-vaste-fronde-sur-les-salaires,109765795-art?cxt=PUB&amp;utm_source=LLA&amp;utm_medium=email&amp;utm_campaign=AUTO_EDIT_SOM\" target=\"_blank\" rel=\"noreferrer noopener\">Amazon confront\u00e9 \u00e0 une vaste fronde sur les salaires<\/a> (La Lettre A)<\/p>\n\n\n\n<p><a href=\"https:\/\/redirection.b2b.infopro-digital.com\/lnk\/AMQAAMJfZRoAAcXEEqgAAHnKuI0AAABZQUUAANzvAAwsSQBiSy76rKAySQAnRK2IwFNTGtWtKwAMCy8\/4\/7Z-CvBidU9wiLhUaGiM6ew\/aHR0cHM6Ly93d3cudXNpbmVub3V2ZWxsZS5jb20vYXJ0aWNsZS9hbHRyYWQtb2ZmaWNpYWxpc2UtbGUtcmFjaGF0LWQtZW5kZWwtYS1lbmdpZS5OMTgwMzU1MiN4dG9yPUVQUi0xNjkmZW1haWw9bi5jaGV2aWxsYXJkQG5vb3MuZnI#xtor=EPR-169&amp;email=n.chevillard@noos.fr\" target=\"_blank\" rel=\"noreferrer noopener\">Engie&nbsp;: Altrad officialise le rachat d&rsquo;Endel<\/a> (Usine Nouvelle)<\/p>\n\n\n\n<p><a href=\"https:\/\/redirection.b2b.infopro-digital.com\/lnk\/AMQAAMJfZRoAAcXEEqgAAHnKuI0AAABZQUUAANzvAAwsSQBiSy76rKAySQAnRK2IwFNTGtWtKwAMCy8\/7\/9kmT_U7FdJkqKU0V-llFqA\/aHR0cHM6Ly93d3cudXNpbmVub3V2ZWxsZS5jb20vZWRpdG9yaWFsL2wtZW1wbG9pLWRlcy1jYWRyZXMtc2UtcmVsZXZlLXNhdWYtZGFucy1sLWluZHVzdHJpZS5OMTgwMzYyMiN4dG9yPUVQUi0xNjkmZW1haWw9bi5jaGV2aWxsYXJkQG5vb3MuZnI#xtor=EPR-169&amp;email=n.chevillard@noos.fr\" target=\"_blank\" rel=\"noreferrer noopener\">L\u2019emploi des cadres se rel\u00e8ve&#8230; sauf dans l\u2019industrie<\/a> (Usine Nouvelle)<\/p>\n\n\n\n<p><strong>Monde<\/strong><\/p>\n\n\n\n<p><a href=\"https:\/\/www.connaissancedesenergies.org\/afp\/londres-va-renationaliser-en-partie-la-gestion-de-son-reseau-electrique-220406\">Londres va renationaliser en partie la gestion de son r\u00e9seau \u00e9lectrique<\/a> (AFP)<\/p>\n\n\n\n<p><a href=\"https:\/\/info.alternatives-economiques.fr\/optiext\/optiextension.dll?ID=tXWt0D6cs%2BJmpSFO7CFIahcJY58J2NAwQ_CzYjYpvLfXLmWdB2h0FFiZWgOWdyEjJIsjim4jBKTvsr9qpEktVhg5FfzJ3\" target=\"_blank\" rel=\"noreferrer noopener\">L\u2019est de l\u2019Allemagne se r\u00e9industrialise <\/a>&nbsp;(Alter \u00e9co)<\/p>\n\n\n\n<p><a href=\"https:\/\/redirection.b2b.infopro-digital.com\/lnk\/AUgAAFJoOugAAcXEE2IAAHnKuI0AAABZQUUAANzvAAwsSQBiTHqviCfTXwLPT4CrgEJtgX_CvQAMCy8\/4\/ymOLJxxA4BJyeKhvyVnVkw\/aHR0cHM6Ly93d3cudXNpbmVub3V2ZWxsZS5jb20vYXJ0aWNsZS9hcmlhbmVzcGFjZS1kZWNyb2NoZS11bi1jb250cmF0LWhpc3RvcmlxdWUtYXZlYy1hbWF6b24uTjE4MDQzNjcjeHRvcj1FUFItMTY5JmVtYWlsPW4uY2hldmlsbGFyZEBub29zLmZy#xtor=EPR-169&amp;email=n.chevillard@noos.fr\" target=\"_blank\" rel=\"noreferrer noopener\">Arianespace d\u00e9croche un contrat historique avec Amazon<\/a> (Usine Nouvelle)<\/p>\n\n\n\n<p><a href=\"https:\/\/www.connaissancedesenergies.org\/afp\/climat-des-fortunes-liees-aux-hydrocarbures-risquent-de-partir-en-fumee-actifs-echoues-220405\">Des fortunes li\u00e9es aux hydrocarbures risquent de partir en fum\u00e9e (actifs \u00e9chou\u00e9s)<\/a>&nbsp;(AFP)<\/p>\n\n\n\n<p><a href=\"https:\/\/redirection.b2b.infopro-digital.com\/lnk\/AVMAAFJ--sgAAcXEEsoAAHnKuI0AAABZQTkAANzxAAwsSQBiS-c1VeES6OOhQe6QqOLn-JttAQAMCy8\/26\/mJYvvb__iMDTU-kDlCc-Bg\/aHR0cHM6Ly93d3cudXNpbmUtZGlnaXRhbGUuZnIvZWRpdG9yaWFsL3BvdXJ0YW50LXRyZXMtY3JpdGlxdWUtZW52ZXJzLWxlLXJlc2VhdS1zb2NpYWwtZWxvbi1tdXNrLWVudHJlLWF1LWNhcGl0YWwtZGUtdHdpdHRlci5OMTgwNDAyMiN4dG9yPUVQUi00JmVtYWlsPW4uY2hldmlsbGFyZEBub29zLmZy#xtor=EPR-4&amp;email=n.chevillard@noos.fr\" target=\"_blank\" rel=\"noreferrer noopener\">Elon Musk entre au capital de Twitter<\/a> (Usine digitale)<\/p>\n\n\n\n<p><a href=\"https:\/\/tracking.connaissancedesenergies.org\/tracking\/click?d=uYZg635eAghS8aa3e0DMdy6Bvj2M-z7sOYJu7bONHcVXotCazEvErRShN04oPIyM_suOKWKPlAhuK3la2qslXreYoP5--u9KDBc56baPwOstmaFUGhqsDbTyXUGCPuhO4gY7pkNcaPxzL1J5rJtc9v7KhA9wxoZnGMlGCcHD0FBgGcXM1kiEOcBfrkTEjMzVYHTZPRFQuAIHhLdYARzIOrM8kT8Nk6p52QO5wtgumaEKcVI5ASA_mtj5OeOIpWTflgdQeq4wmF5VqwweZzQJmipkheF6QqZ-vfhkeWv0wuv3vaxjN_utZJUo38XBXtBvkQ2\" target=\"_blank\" rel=\"noreferrer noopener\">D\u00e9pendance aux \u00e9nergies fossiles russes : commentaires<\/a> (Acad\u00e9mie des technologies)<\/p>\n\n\n\n<p><a href=\"https:\/\/redirection.b2b.infopro-digital.com\/lnk\/AVMAAFJ--sgAAcXEEsoAAHnKuI0AAABZQTkAANzxAAwsSQBiS-c1VeES6OOhQe6QqOLn-JttAQAMCy8\/9\/hbMZ6VUHbkR914r0YeIzPQ\/aHR0cHM6Ly93d3cudXNpbmUtZGlnaXRhbGUuZnIvZWRpdG9yaWFsL2wtYWN0aXZpdGUtY2xvdWQtZGUtbWljcm9zb2Z0LWRhbnMtbGUtdmlzZXVyLWRlLWJydXhlbGxlcy5OMTgwMzU2MiN4dG9yPUVQUi00JmVtYWlsPW4uY2hldmlsbGFyZEBub29zLmZy#xtor=EPR-4&amp;email=n.chevillard@noos.fr\" target=\"_blank\" rel=\"noreferrer noopener\">L&rsquo;activit\u00e9 cloud de Microsoft dans le viseur de Bruxelles<\/a> (Usine digitale)<\/p>\n\n\n\n<figure class=\"wp-block-image is-resized is-style-default\"><img data-recalc-dims=\"1\" loading=\"lazy\" decoding=\"async\" src=\"https:\/\/i0.wp.com\/itsamoneything.com\/money\/wp-content\/uploads\/Homeless-Bitcoin-Not-Accepted-e1429997932950.jpg?resize=425%2C264&#038;ssl=1\" alt=\"Homeless-Bitcoin-Not-Accepted-e1429997932950.jpg\" width=\"425\" height=\"264\"\/><\/figure>\n\n\n\n<p><strong>Analyse<\/strong><\/p>\n\n\n\n<p><a href=\"https:\/\/www.connaissancedesenergies.org\/afp\/il-faudra-extraire-beaucoup-de-co2-de-lair-et-de-leau-selon-lonu-220406\">Il faudra extraire beaucoup de CO2 de l&rsquo;air et de l&rsquo;eau, selon l&rsquo;ONU<\/a>&nbsp;(AFP)<\/p>\n\n\n\n<p><a href=\"https:\/\/info.alternatives-economiques.fr\/optiext\/optiextension.dll?ID=tXWt1D1hDNg9X_RLh7swOVxOnV1z5LaCXzqNEBBixRqqoTGdA%2BSHF3EliS8dItrID5wJprMgun38FZ3nxACc9N5xIbvt_\" target=\"_blank\" rel=\"noreferrer noopener\">Retraites : recul de l&rsquo;\u00e2ge et des id\u00e9es<\/a>&nbsp;(Alter \u00e9co)<\/p>\n\n\n\n<p><a href=\"https:\/\/redirection.b2b.infopro-digital.com\/lnk\/AMQAAMJfZRoAAcXEEqgAAHnKuI0AAABZQUUAANzvAAwsSQBiSy76rKAySQAnRK2IwFNTGtWtKwAMCy8\/24\/dfXOOl-IC806dc5c-4H9wg\/aHR0cHM6Ly93d3cudXNpbmVub3V2ZWxsZS5jb20vYXJ0aWNsZS9jbGltYXRvLWV0aGlxdWUtcG91ci1sZS1jbGltYXQtY29tbWUtcG91ci1sZS1wb3V2b2lyLWQtYWNoYXQtcmVkdWlyZS1sYS12aXRlc3NlLWVzdC1wbHVzLWVmZmljYWNlLXF1LXVuZS1yZW1pc2UtYS1sYS1wb21wZS5OMTgwMzI0NyN4dG9yPUVQUi0xNjkmZW1haWw9bi5jaGV2aWxsYXJkQG5vb3MuZnI#xtor=EPR-169&amp;email=n.chevillard@noos.fr\" target=\"_blank\" rel=\"noreferrer noopener\">Climat, pouvoir d&rsquo;achat&#8230; R\u00e9duire la vitesse plus efficace qu\u2019une remise \u00e0 la pompe<\/a> (Usine Nouvelle)<\/p>\n\n\n\n<figure class=\"wp-block-image is-style-default\"><img decoding=\"async\" src=\"https:\/\/tse3.mm.bing.net\/th?id=OIP.5EjPAJ9EPlC8X7vmTJRf5QAAAA&amp;pid=Api\" alt=\"th?id=OIP.5EjPAJ9EPlC8X7vmTJRf5QAAAA&amp;pid=Api\" title=\"Evasion fiscale dans l'Union Europ\u00e9enne : Rien de neuf ...\"\/><\/figure>\n\n\n\n<p><strong><mark style=\"background-color:rgba(0, 0, 0, 0);color:#c10707\" class=\"has-inline-color\">5 avril en continu<\/mark><\/strong><\/p>\n\n\n\n<p><a href=\"https:\/\/www.marianne.net\/economie\/economie-francaise\/fisc-inspecteurs-dars-numerique-ces-economies-absurdes-sur-lembauche-de-fonctionnaires\">Fisc, inspecteurs d&rsquo;ARS, num\u00e9rique\u2009: ces \u00e9conomies absurdes sur l&#8217;embauche de fonctionnaires<\/a> (Marianne)<\/p>\n\n\n\n<figure class=\"wp-block-image size-full is-resized\"><img data-recalc-dims=\"1\" loading=\"lazy\" decoding=\"async\" src=\"https:\/\/i0.wp.com\/www.rdpemancipation.org\/wp-content\/uploads\/2022\/04\/image-25.png?resize=314%2C426&#038;ssl=1\" alt=\"\" class=\"wp-image-79867\" width=\"314\" height=\"426\" srcset=\"https:\/\/i0.wp.com\/www.rdpemancipation.org\/wp-content\/uploads\/2022\/04\/image-25.png?w=387&amp;ssl=1 387w, https:\/\/i0.wp.com\/www.rdpemancipation.org\/wp-content\/uploads\/2022\/04\/image-25.png?resize=221%2C300&amp;ssl=1 221w\" sizes=\"auto, (max-width: 314px) 100vw, 314px\" \/><\/figure>\n\n\n\n<p><a href=\"https:\/\/www.youtube.com\/watch?v=1Xube5nVSL0\">Matthieu Aron&nbsp;: McKinsey, un pognon de dingue<\/a> (QG) Vid\u00e9o<\/p>\n\n\n\n<p><strong><a href=\"https:\/\/basta.media\/controle-aux-frontieres-migrants-exiles-Calais-Briancon-couts-de-la-repression-bunkerisation-militarisation-Darmanin?utm_source=Base+de+donn%C3%A9es+Basta+%21&amp;utm_campaign=354d70f132-EMAIL_CAMPAIGN_2019_03_14_01_18_COPY_01&amp;utm_medium=email&amp;utm_term=0_d3aba6cc82-354d70f132-388805199\">L\u2019\u00c9tat d\u00e9pense un demi-milliard \u20ac d\u2019argent public par an pour harceler quelques milliers d\u2019exil\u00e9s<\/a> <\/strong>(Basta&nbsp;!)<\/p>\n\n\n\n<p><a href=\"https:\/\/www.mediapart.fr\/journal\/economie\/040422\/retraites-derriere-les-chiffres-se-cachent-des-incertitudes-tres-politiques?utm_source=20220404&amp;utm_medium=email&amp;utm_campaign=QUOTIDIENNE&amp;utm_content=&amp;utm_term=&amp;xtor=EREC-83-%5bQUOTIDIENNE%5d-20220404&amp;M_BT=2691799753699\">Retraites&nbsp;: derri\u00e8re les chiffres se cachent des incertitudes tr\u00e8s politiques<\/a> (MDP)<\/p>\n\n\n\n<p><strong>Monde<\/strong><\/p>\n\n\n\n<p><strong><a href=\"https:\/\/www.novethic.fr\/actualite\/energie\/transition-energetique\/isr-rse\/cinq-entreprises-de-l-energie-reclament-pres-de-quatre-milliards-d-euros-a-des-etats-europeens-en-raison-de-leurs-politiques-climatiques-150691.html\">5 entreprises de l\u2019\u00e9nergie r\u00e9clament pr\u00e8s 4 mrds \u20ac \u00e0 \u00c9tats europ\u00e9ens pour politiques climatiques<\/a> (<\/strong>Novethic)<\/p>\n\n\n\n<p><a href=\"https:\/\/www.fdiintelligence.com\/article\/80679\">Le flux d\u2019investissements \u00e9trangers s\u2019effondre en Chine<\/a> (ang- FDI Intelligence)<\/p>\n\n\n\n<figure class=\"wp-block-image size-full is-resized is-style-default\"><img data-recalc-dims=\"1\" loading=\"lazy\" decoding=\"async\" src=\"https:\/\/i0.wp.com\/www.rdpemancipation.org\/wp-content\/uploads\/2022\/04\/Capture-decran-2022-04-04-a-19.59.12.png?resize=462%2C415&#038;ssl=1\" alt=\"\" class=\"wp-image-79878\" width=\"462\" height=\"415\" srcset=\"https:\/\/i0.wp.com\/www.rdpemancipation.org\/wp-content\/uploads\/2022\/04\/Capture-decran-2022-04-04-a-19.59.12.png?w=653&amp;ssl=1 653w, https:\/\/i0.wp.com\/www.rdpemancipation.org\/wp-content\/uploads\/2022\/04\/Capture-decran-2022-04-04-a-19.59.12.png?resize=300%2C269&amp;ssl=1 300w\" sizes=\"auto, (max-width: 462px) 100vw, 462px\" \/><\/figure>\n\n\n\n<p><a href=\"https:\/\/www.franceculture.fr\/emissions\/la-question-du-jour\/hydrocarburesPourquoi%20la%20Russie%20veut-elle%20imposer%20un%20paiement%20en%20roubles\">Pourquoi la Russie veut-elle imposer un paiement en roubles<\/a> (France-culture)<\/p>\n\n\n\n<figure class=\"wp-block-image is-resized is-style-default\"><img data-recalc-dims=\"1\" loading=\"lazy\" decoding=\"async\" src=\"https:\/\/i0.wp.com\/lundi.am\/IMG\/arton4727-resp320.jpg?resize=378%2C253&#038;ssl=1\" alt=\"\" width=\"378\" height=\"253\"\/><\/figure>\n\n\n\n<p><a href=\"http:\/\/cadtm.org\/Nos-vies-valent-plus-que-leurs-credits-Face-aux-dettes-des-reponses-feministes\">Nos vies valent plus que leurs cr\u00e9dits &#8211; Face aux dettes, des r\u00e9ponses f\u00e9ministes<\/a> (CADTM)<\/p>\n\n\n\n<figure class=\"wp-block-image is-resized is-style-default\"><img data-recalc-dims=\"1\" loading=\"lazy\" decoding=\"async\" src=\"https:\/\/i0.wp.com\/cadtm.org\/local\/cache-vignettes\/L350xH467\/arton20707-5c885.jpg?resize=288%2C384\" alt=\"\" width=\"288\" height=\"384\"\/><\/figure>\n\n\n\n<p><strong>Analyse<\/strong><\/p>\n\n\n\n<p><a href=\"https:\/\/www.socialter.fr\/article\/trop-c-est-trop-en-finir-avec-la-surconsommation\" target=\"_blank\" rel=\"noreferrer noopener\">Trop, c\u2019est trop&nbsp;! En finir avec la surconsommation <\/a>(Sans Transition Magazine)<\/p>\n\n\n\n<p><strong><mark style=\"background-color:rgba(0, 0, 0, 0);color:#ee0707\" class=\"has-inline-color\">4 avril en continu<\/mark><\/strong><\/p>\n\n\n\n<p><strong>France<\/strong><\/p>\n\n\n\n<p><a href=\"https:\/\/info.alternatives-economiques.fr\/optiext\/optiextension.dll?ID=y67y_oHku7IP1RZ68BDorcfOknOBD0aQCbyXA1FPIle3IJOOqR0Wdt3D0vo4LkeV_qFZf3cH3iED8OsSsYKjDMfT6Dzqx\" target=\"_blank\" rel=\"noreferrer noopener\">En \u00e9conomie, Yannick Jadot fait la synth\u00e8se des \u00e9colos <\/a>&nbsp;(Alter \u00e9co)<\/p>\n\n\n\n<p><a href=\"https:\/\/blogs.mediapart.fr\/ruffin-francois\/blog\/040422\/3600-emplois-monsieur-macron-allez-vous-tuer-scopelec\" target=\"_blank\" rel=\"noreferrer noopener\">3600 emplois : Monsieur Macron, allez-vous tuer Scopelec ?<\/a> (Blog Fran\u00e7ois Ruffin)<\/p>\n\n\n\n<p><a href=\"https:\/\/blogs.mediapart.fr\/economistes-parlement-union-populaire\/blog\/040422\/credit-d-impot-recherche-en-finir-avec-la-reforme-de-2008\" target=\"_blank\" rel=\"noreferrer noopener\">Cr\u00e9dit d\u2019imp\u00f4t recherche : en finir avec la r\u00e9forme de 2008<\/a> (Evens Salies)<\/p>\n\n\n\n<p><a href=\"https:\/\/www.boursorama.com\/actualite-economique\/actualites\/salaires-le-grand-boom-des-augmentations-n-a-pas-eu-lieu-d7c0c6f9d019fe1c27048d08c9ad16e7\">Salaires : le grand boom des augmentations n&rsquo;a pas eu lieu<\/a> &nbsp;(Boursorama)<\/p>\n\n\n\n<p><a href=\"https:\/\/common.indigo-net.com\/lib\/cookie_log\/redirector.asp?mail=n.chevillard@noos.fr&amp;ID=464711&amp;DOCIID=109703480&amp;ENAIID=719646&amp;RETOUR=SIMPLE&amp;link=https:\/\/www.lalettrea.fr\/entreprises_tech-et-telecoms\/2022\/04\/04\/orange--les-chausse-trappes-qui-attendent-christel-heydemann,109765285-ge0?cxt=PUB&amp;utm_source=LLA&amp;utm_medium=email&amp;utm_campaign=AUTO_EDIT_SOM\" target=\"_blank\" rel=\"noreferrer noopener\">Orange : les chausse-trappes qui attendent Christel Heydemann<\/a> (La Lettre A)<\/p>\n\n\n\n<p><a href=\"https:\/\/blogs.mediapart.fr\/jean-marc-b\/blog\/020422\/alstom-la-france-vendre-video\">Alstom, la France \u00e0 vendre ? <\/a>(vid\u00e9o Off<a href=\"https:\/\/blogs.mediapart.fr\/jean-marc-b\/blog\/020422\/alstom-la-france-vendre-video\">&nbsp;<\/a>Investigation)<\/p>\n\n\n\n<p><strong>Monde<\/strong><\/p>\n\n\n\n<p><a href=\"https:\/\/www.boursorama.com\/actualite-economique\/actualites\/la-russie-et-le-belarus-prives-d-acces-aux-fonds-de-la-berd-faa10efa233fc0244995722aa07b7d7e\">La Russie et le B\u00e9larus priv\u00e9s d&rsquo;acc\u00e8s aux fonds de la Berd<\/a> &nbsp;(AFP)<\/p>\n\n\n\n<p><a href=\"https:\/\/www.boursorama.com\/actualite-economique\/actualites\/guerre-en-ukraine-et-taux-d-interet-l-inflation-turque-s-envole-a-61-14-en-mars-f07e1b98ddb1f0b7afaa79ac47ee0243\">L\u2019inflation turque s&rsquo;envole \u00e0 61,14% en mars<\/a> &nbsp;(AFP)<\/p>\n\n\n\n<p><a href=\"https:\/\/www.connaissancedesenergies.org\/afp\/berlin-prend-le-controle-temporaire-de-la-filiale-allemande-de-gazprom-pour-garantir-lapprovisionnement-220404\">Berlin prend le contr\u00f4le temporaire de la filiale allemande de Gazprom<\/a> (AFP)<\/p>\n\n\n\n<p><a href=\"https:\/\/info.alternatives-economiques.fr\/optiext\/optiextension.dll?ID=y67y4%2B_UJeaJgRoSYFvDHZ6YzKpvaNk%2Bjqeof6b11tcMVOzOrc6lZBBa6qyLhgYR0IwxTC5ij8ITF2AkiOj4GhvVWp5O5\" target=\"_blank\" rel=\"noreferrer noopener\">Face \u00e0 la crise \u00e9nerg\u00e9tique, Boris Johnson fait feu de tout bois <\/a>&nbsp;(Alter \u00e9co)<\/p>\n\n\n\n<p><a href=\"https:\/\/lundi.am\/London-Metal-Exchange\" target=\"_blank\" rel=\"noreferrer noopener\">London Metal Exchange<\/a> &nbsp;(Lundi Matin)<\/p>\n\n\n\n<p><a href=\"https:\/\/redirection.b2b.infopro-digital.com\/lnk\/AV8AABkENc0AAcXEEfgAAHnKuI0AAABZQTkAANzxAAwsSQBiSpSJzSyEYS18TMW6Hq7EH_zVRQAMCy8\/17\/0qwwiQ0m8RNoIn5qnNASJg\/aHR0cHM6Ly93d3cudXNpbmUtZGlnaXRhbGUuZnIvYXJ0aWNsZS91bmUtaW50ZWxsaWdlbmNlLWFydGlmaWNpZWxsZS1iYXQtcG91ci1sYS1wcmVtaWVyZS1mb2lzLWRlcy1jaGFtcGlvbnMtZHUtbW9uZGUtZGUtYnJpZGdlLk4xODAzMjAyI3h0b3I9RVBSLTQmZW1haWw9bi5jaGV2aWxsYXJkQG5vb3MuZnI#xtor=EPR-4&amp;email=n.chevillard@noos.fr\" target=\"_blank\" rel=\"noreferrer noopener\">Une intelligence artificielle bat pour la premi\u00e8re fois des champions du monde de bridge<\/a> (Usine Digiltale)<\/p>\n\n\n\n<figure class=\"wp-block-image size-full is-resized is-style-default\"><img data-recalc-dims=\"1\" loading=\"lazy\" decoding=\"async\" src=\"https:\/\/i0.wp.com\/www.rdpemancipation.org\/wp-content\/uploads\/2022\/04\/Capture-decran-2022-04-03-a-18.43.06.png?resize=555%2C412&#038;ssl=1\" alt=\"\" class=\"wp-image-79704\" width=\"555\" height=\"412\" srcset=\"https:\/\/i0.wp.com\/www.rdpemancipation.org\/wp-content\/uploads\/2022\/04\/Capture-decran-2022-04-03-a-18.43.06.png?w=771&amp;ssl=1 771w, https:\/\/i0.wp.com\/www.rdpemancipation.org\/wp-content\/uploads\/2022\/04\/Capture-decran-2022-04-03-a-18.43.06.png?resize=300%2C223&amp;ssl=1 300w, https:\/\/i0.wp.com\/www.rdpemancipation.org\/wp-content\/uploads\/2022\/04\/Capture-decran-2022-04-03-a-18.43.06.png?resize=768%2C570&amp;ssl=1 768w\" sizes=\"auto, (max-width: 555px) 100vw, 555px\" \/><\/figure>\n\n\n\n<p><strong>Analyse<\/strong><\/p>\n\n\n\n<p><a href=\"https:\/\/blogs.mediapart.fr\/dimitri-de-boissieu\/blog\/020422\/contre-le-pouvoir-d-achat-le-pouvoir-de-vivre\" target=\"_blank\" rel=\"noreferrer noopener\">Contre le pouvoir d\u2019achat, le pouvoir de vivre<\/a> (Blog Dimitri de Boissieu)<\/p>\n\n\n\n<p><a href=\"https:\/\/info.alternatives-economiques.fr\/optiext\/optiextension.dll?ID=y67y6888k92kpqmORPEmPj58G3_98jeHq6NMw4rIJomjZINOqYotQJjmPDbNFgmAHDf4PLpNp93PAJnZMsvooCMV5EF4g\" target=\"_blank\" rel=\"noreferrer noopener\">Inflation : les gagnants et les perdants <\/a>&nbsp;(Alter \u00e9co)<\/p>\n\n\n\n<p><strong><mark style=\"background-color:rgba(0, 0, 0, 0);color:#eb0808\" class=\"has-inline-color\">3 avril en continu<\/mark><\/strong><\/p>\n\n\n\n<p><strong>France<\/strong><\/p>\n\n\n\n<p><a href=\"https:\/\/www.lemonde.fr\/economie\/article\/2022\/04\/02\/l-inflation-et-les-incertitudes-economiques-pesent-sur-le-marche-immobilier_6120247_3234.html\">L\u2019inflation et les incertitudes \u00e9conomiques p\u00e8sent sur le march\u00e9 immobilier<\/a> (Le Monde)<\/p>\n\n\n\n<p><a href=\"https:\/\/www.lemonde.fr\/economie\/article\/2022\/04\/02\/que-valent-les-projets-de-trains-legers-et-ultralegers-lances-par-la-sncf_6120241_3234.html\">Que valent les projets de trains l\u00e9gers et ultral\u00e9gers lanc\u00e9s par la SNCF&nbsp;?<\/a> (Le Monde)<\/p>\n\n\n\n<p><a href=\"https:\/\/www.lemonde.fr\/m-le-mag\/article\/2022\/04\/01\/gares-de-proximite-la-bataille-du-rail_6120191_4500055.html\">Gares de proximit\u00e9&nbsp;: la bataille du rail<\/a> (Le Monde)<\/p>\n\n\n\n<p><a href=\"https:\/\/www.youtube.com\/watch?v=V0xwB3ctfHo\" target=\"_blank\" rel=\"noreferrer noopener\">Pouvoir d&rsquo;achat : ce que nous allons faire &#8211; Clip officiel de M\u00e9lenchon #6<\/a>&nbsp;(LFI)<\/p>\n\n\n\n<p><a href=\"https:\/\/www.lemonde.fr\/idees\/article\/2022\/04\/02\/jezabel-couppey-soubeyran-la-puissance-publique-n-est-plus-en-retrait-de-la-finance-mais-a-son-chevet_6120232_3232.html\">\u00ab&nbsp;La puissance publique n\u2019est plus en retrait de la finance, mais \u00e0 son chevet \u00bb<\/a> (Le Monde)<\/p>\n\n\n\n<p><a href=\"https:\/\/www.lemonde.fr\/politique\/article\/2022\/03\/31\/le-conflit-s-apaise-entre-solidarnosc-et-les-syndicats-francais_6119954_823448.html\">Le conflit s\u2019apaise entre Solidarnosc et les syndicats fran\u00e7ais<\/a> (Le Monde)<\/p>\n\n\n\n<p><a href=\"https:\/\/insolentiae.com\/officiel-insee-inflation-a-5-1-en-france-sur-un-an\/\">Officiel INSEE, inflation \u00e0 5.1 % en France sur un an&nbsp;<\/a> (Insolentiae)<\/p>\n\n\n\n<p><a href=\"https:\/\/www.xerficanal.com\/economie\/emission\/Alexandre-Mirlicourtois-Le-deficit-de-construction-de-logement-ne-cesse-d-augmenter-voila-pourquoi_3750558.html?utm_source=sendinblue&amp;utm_campaign=XC310322&amp;utm_medium=email\">Le d\u00e9ficit de construction de logement ne cesse d&rsquo;augmenter : voil\u00e0 pourquoi<\/a>&nbsp; (Xerfi Canal)<\/p>\n\n\n\n<p><a href=\"https:\/\/www.youtube.com\/watch?v=Xr8z_EQVhas\">Affaire McKinsey&nbsp;: scandale, mensonges et \u00e9vasion fiscale<\/a>&nbsp; (Le M\u00e9dia)<\/p>\n\n\n\n<p><a href=\"https:\/\/putsch.media\/20220330\/interviews\/interviews-societe\/video-regis-de-castelnau-mckinsey-est-lembleme-de-ce-scandale-detat\/\">R\u00e9gis de Castelnau&nbsp;: McKinsey est l\u2019embl\u00e8me de ce scandale d\u2018\u00c9tat<\/a> (Putsch M\u00e9dia) Vid\u00e9o<\/p>\n\n\n\n<figure class=\"wp-block-image is-resized is-style-default\"><img loading=\"lazy\" decoding=\"async\" src=\"https:\/\/pbs.twimg.com\/media\/FPLEh5WWQA0FWGO?format=jpg&amp;name=small\" alt=\"Image\" width=\"419\" height=\"419\"\/><\/figure>\n\n\n\n<p><strong><a href=\"https:\/\/europe-solidaire.us8.list-manage.com\/track\/click?u=5c732dd5ee65845cf20fd724a&amp;id=a26dc7b3d1&amp;e=5df9c98670\">France 2030 : 34 milliards \u20ac pour qui et pour quoi ? &#8211; Macron et le secteur priv\u00e9<\/a> &#8211; <\/strong>Didier Epsztajn<\/p>\n\n\n\n<p><strong>Monde<\/strong><\/p>\n\n\n\n<p><a href=\"https:\/\/www.connaissancedesenergies.org\/afp\/le-royaume-uni-pourrait-construire-jusqua-sept-centrales-nucleaires-dici-2050-ministre-220403\">Le Royaume-Uni pourrait construire jusqu&rsquo;\u00e0 sept centrales nucl\u00e9aires d&rsquo;ici 2050<\/a> (AFP)<\/p>\n\n\n\n<p><a href=\"https:\/\/www.connaissancedesenergies.org\/afp\/les-etats-baltes-ont-cesse-dimporter-du-gaz-russe-220403\">Les Etats baltes ont cess\u00e9 d&rsquo;importer du gaz russe<\/a> (AFP)<\/p>\n\n\n\n<p><a href=\"https:\/\/www.boursorama.com\/actualite-economique\/actualites\/la-guerre-en-ukraine-une-manne-a-retardement-pour-les-marchands-d-armes-americains-114fc4e5d41df3038be58dea38e35f04\">La guerre en Ukraine, une manne \u00e0 retardement pour les marchands d&rsquo;armes am\u00e9ricains<\/a> (AFP)<\/p>\n\n\n\n<p><a href=\"https:\/\/www.lemonde.fr\/economie\/article\/2022\/04\/01\/guerre-en-ukraine-la-finance-renoue-avec-l-industrie-de-l-armement_6120106_3234.html\">La finance renoue avec l\u2019industrie de l\u2019armement<\/a> (Le Monde)<\/p>\n\n\n\n<p><a href=\"https:\/\/www.boursorama.com\/actualite-economique\/actualites\/la-guerre-en-ukraine-pourrait-couter-jusqu-a-un-point-et-demi-de-croissance-a-l-europe-ed6438eeb87b7c666343221fe6c862d5\">La guerre en Ukraine pourrait co\u00fbter jusqu&rsquo;\u00e0 un point et demi de croissance \u00e0 l&rsquo;UE<\/a> (AFP)<\/p>\n\n\n\n<p><a href=\"https:\/\/www.mediapart.fr\/journal\/international\/010422\/face-la-frenesie-miniere-la-revolte-gronde-en-serbie\">Face \u00e0 la fr\u00e9n\u00e9sie mini\u00e8re, la r\u00e9volte gronde en Serbie<\/a> (M\u00e9diapart)<\/p>\n\n\n\n<p><a href=\"https:\/\/www.lemonde.fr\/economie\/article\/2022\/04\/01\/les-matieres-premieres-dernier-bastion-du-capitalisme-sauvage_6120154_3234.html\">Les mati\u00e8res premi\u00e8res, \u00ab&nbsp;dernier bastion du capitalisme sauvage&nbsp;\u00bb<\/a> (Le Monde)<\/p>\n\n\n\n<p><a href=\"https:\/\/www.lemonde.fr\/podcasts\/article\/2022\/04\/01\/comment-les-chocs-petroliers-ont-change-nos-economies_6120049_5463015.html\">Comment les chocs p\u00e9troliers ont chang\u00e9 nos \u00e9conomies<\/a> (Le Monde)<\/p>\n\n\n\n<p><a href=\"https:\/\/www.allnews.ch\/content\/points-de-vue\/allemagne-au-bord-de-la-r%C3%A9cession?utm_source=All+contacts&amp;utm_campaign=79ad958592-EMAIL_CAMPAIGN_2022_04_01_06_38&amp;utm_medium=email&amp;utm_term=0_d35111d3a6-79ad958592-25543805\">Allemagne : au bord de la r\u00e9cession<\/a>&nbsp; (allnews)<\/p>\n\n\n\n<p><a href=\"https:\/\/www.letemps.ch\/economie\/fin-mondialisation-prix-casse?utm_source=Newsletters&amp;utm_campaign=b86b51613a-newsletter_briefing&amp;utm_medium=email&amp;utm_term=0_56c41a402e-b86b51613a-110294673\">La fin de la mondialisation \u00e0 prix cass\u00e9<\/a>&nbsp;(Le Temps)<\/p>\n\n\n\n<p><a href=\"http:\/\/www.apple.fr\">Le march\u00e9 mondial du conseil priv\u00e9 aux administrations publiques<\/a> (anglais -Public Administration)<\/p>\n\n\n\n<figure class=\"wp-block-image is-resized is-style-default\"><img data-recalc-dims=\"1\" loading=\"lazy\" decoding=\"async\" src=\"https:\/\/i0.wp.com\/static.mediapart.fr\/etmagine\/default\/files\/2022\/04\/03\/shell.jpg?resize=438%2C438&#038;ssl=1\" alt=\"shell\" width=\"438\" height=\"438\"\/><\/figure>\n\n\n\n<p><strong>Analyse<\/strong><\/p>\n\n\n\n<p><a href=\"https:\/\/www.lemonde.fr\/economie\/article\/2022\/03\/31\/taxation-des-carburants-l-executif-n-a-pas-reussi-a-concilier-fin-du-mois-et-fin-du-monde_6119945_3234.html\">Carburants&nbsp;: \u00ab&nbsp;L\u2019ex\u00e9cutif n\u2019a pas r\u00e9ussi \u00e0 concilier fin du mois et fin du monde&nbsp;\u00bb<\/a> (Le Monde)<\/p>\n\n\n\n<p><a href=\"https:\/\/www.lemonde.fr\/planete\/article\/2022\/03\/30\/l-ambitieux-plan-de-bruxelles-pour-une-economie-circulaire-a-l-echelle-europeenne_6119856_3244.html\">Plan de Bruxelles pour une \u00e9conomie circulaire \u00e0 l\u2019\u00e9chelle europ\u00e9enne<\/a> (Le Monde)<\/p>\n\n\n\n<p><strong><mark style=\"background-color:rgba(0, 0, 0, 0);color:#eb0808\" class=\"has-inline-color\">2 avril en continu<\/mark><\/strong><\/p>\n\n\n\n<p><strong>France<\/strong><\/p>\n\n\n\n<p><a href=\"https:\/\/www.boursorama.com\/actualite-economique\/actualites\/france-rte-craint-une-situation-tendue-sur-le-reseau-electrique-lundi-df7e970b7b8a2d845b0fbf7038d9c144\">RTE craint une situation \u00ab\u00a0tendue\u00a0\u00bb sur le r\u00e9seau \u00e9lectrique lundi<\/a> (Reuters)<\/p>\n\n\n\n<p><a href=\"https:\/\/redirection.b2b.infopro-digital.com\/lnk\/AMcAAHgsIXEAAcXEEdYAAHnKuI0AAABZQTkAANzrAAwsSQBiSCplWRD1x6fyT7CSCrm5xy-BiAAMCy8\/66\/BPAlTGWPFm3DIEo6TI9jow\/aHR0cHM6Ly93d3cudXNpbmUtZGlnaXRhbGUuZnIvYXJ0aWNsZS9sYS1zbmNmLWxhbmNlLWZsZXh5LXVuLXZlaGljdWxlLXF1aS1wZXV0LXBhc3Nlci1kZS1sYS1yb3V0ZS1hdXgtcmFpbHMuTjE4MDI3NTcjeHRvcj1FUFItNiZlbWFpbD1uLmNoZXZpbGxhcmRAbm9vcy5mcg#xtor=EPR-6&amp;email=n.chevillard@noos.fr\" target=\"_blank\" rel=\"noreferrer noopener\">La SNCF lance Flexy, un v\u00e9hicule qui peut passer de la route aux rails<\/a> (Usine Digitale)<\/p>\n\n\n\n<p><a href=\"https:\/\/www.connaissancedesenergies.org\/afp\/cafes-bars-restaurants-les-terrasses-chauffees-ou-climatisees-desormais-interdites-220401\">Caf\u00e9s, bars, restaurants : les terrasses chauff\u00e9es ou climatis\u00e9es d\u00e9sormais interdites<\/a> (AFP)<\/p>\n\n\n\n<p><a href=\"https:\/\/info.alternatives-economiques.fr\/optiext\/optiextension.dll?ID=B54B%2BAENsGD22L9YkPRu_Z_FgTEqzMhiKgYyLjTnqGExoKIRtZtXyrpo3gWIU8xUtxgtjvIyGZMVwig5l1ycr10DmnrJM\" target=\"_blank\" rel=\"noreferrer noopener\">A Toulouse, l\u2019\u00e9talement urbain n\u2019en finit pas<\/a> (Alter \u00e9co)<\/p>\n\n\n\n<p><a href=\"https:\/\/info.alternatives-economiques.fr\/optiext\/optiextension.dll?ID=B54B59ncXK5G4U6CEC5oQ%2BNQatY07syZ0pPsKSUmAmMvZEnlswEzDBI3yXuyTiZHnydgTAYqYI%2BShd7I4Cmob0ZSHE2Zi\" target=\"_blank\" rel=\"noreferrer noopener\">Les profits \u00e9chappent de plus en plus \u00e0 l\u2019imp\u00f4t et 4 autres infographies \u00e0 ne pas rater<\/a> (Alter \u00e9co)<\/p>\n\n\n\n<p><a href=\"https:\/\/rue89bordeaux.com\/2022\/03\/railcoop-reporte-encore-le-lancement-de-la-ligne-ferroviaire-bordeaux-lyon\/\" target=\"_blank\" rel=\"noreferrer noopener\">Railcoop reporte encore le lancement de la ligne ferroviaire Bordeaux-Lyon<\/a>&nbsp; (Rue89 Bordeaux)<\/p>\n\n\n\n<p><a href=\"https:\/\/reporterre.net\/EDF-les-enjeux-d-une-nationalisation\" target=\"_blank\" rel=\"noreferrer noopener\">EDF&nbsp;: les enjeux d&rsquo;une nationalisation<\/a>&nbsp; (Reporterre)<\/p>\n\n\n\n<p><a href=\"https:\/\/www.agenceecofin.com\/investissement\/3103-96272-le-groupe-bollore-conclut-un-accord-avec-le-groupe-msc-pour-la-cession-de-bollore-africa-logistics\">Bollor\u00e9 conclut un accord avec MSC pour la cession de Bollor\u00e9 Africa Logistics<\/a> (Ecofin)<\/p>\n\n\n\n<figure class=\"wp-block-image size-full is-resized is-style-default\"><img data-recalc-dims=\"1\" loading=\"lazy\" decoding=\"async\" src=\"https:\/\/i0.wp.com\/www.rdpemancipation.org\/wp-content\/uploads\/2022\/04\/Capture-decran-2022-04-01-a-18.36.30.png?resize=396%2C429&#038;ssl=1\" alt=\"\" class=\"wp-image-79433\" width=\"396\" height=\"429\" srcset=\"https:\/\/i0.wp.com\/www.rdpemancipation.org\/wp-content\/uploads\/2022\/04\/Capture-decran-2022-04-01-a-18.36.30.png?w=497&amp;ssl=1 497w, https:\/\/i0.wp.com\/www.rdpemancipation.org\/wp-content\/uploads\/2022\/04\/Capture-decran-2022-04-01-a-18.36.30.png?resize=277%2C300&amp;ssl=1 277w\" sizes=\"auto, (max-width: 396px) 100vw, 396px\" \/><\/figure>\n\n\n\n<figure class=\"wp-block-image is-resized is-style-default\"><img data-recalc-dims=\"1\" loading=\"lazy\" decoding=\"async\" src=\"https:\/\/i0.wp.com\/static.mediapart.fr\/etmagine\/default\/files\/2019\/05\/09\/dessin-balkany-2.gif?resize=569%2C340&#038;ssl=1\" alt=\"Les Balkany nous ont re\u00e7us en leur principaut\u00e9 | Mediapart\" width=\"569\" height=\"340\"\/><\/figure>\n\n\n\n<p><strong>Monde<\/strong><\/p>\n\n\n\n<p><a href=\"https:\/\/www.boursorama.com\/videos\/actualites\/etats-unis-le-premier-syndicat-chez-amazon-dans-le-pays-cree-a-new-york-529986060b81a9bd37bd6517bc5a0b4a\">Etats-Unis : le premier syndicat chez Amazon dans le pays cr\u00e9\u00e9 \u00e0 New-York<\/a> (AFP vid\u00e9o)<\/p>\n\n\n\n<p><a href=\"https:\/\/www.boursorama.com\/actualite-economique\/actualites\/la-bce-prevoit-de-relever-ses-taux-apres-avoir-arrete-ses-achats-au-troisieme-trimestre-dit-schnabel-3f707646aad4bff28daa3dfb4960ce9a\">La BCE pr\u00e9voit de relever ses taux apr\u00e8s avoir arr\u00eat\u00e9 ses achats au troisi\u00e8me trimestre <\/a>&nbsp;(Reuters)<\/p>\n\n\n\n<p>&nbsp;<a href=\"https:\/\/www.boursorama.com\/videos\/actualites\/petrole-biden-assure-que-plus-de-30-pays-vont-egalement-puiser-dans-leurs-reserves-strategiques-e2aa274fa7c269a95eeaed04a932a53a\">P\u00e9trole : Biden assure que plus de 30 pays vont puiser dans leurs r\u00e9serves strat\u00e9giques<\/a> (AFP vid\u00e9o)<\/p>\n\n\n\n<p><a href=\"https:\/\/www.boursorama.com\/actualite-economique\/actualites\/l-union-europeenne-prepare-de-nouvelles-sanctions-contre-la-russie-hors-energie-dit-gentiloni-431add31214cd60ce994707cf0636877\">L&rsquo;UE pr\u00e9pare de nouvelles sanctions contre la Russie, hors \u00e9nergie<\/a> (Reuters)<\/p>\n\n\n\n<p><a href=\"https:\/\/www.connaissancedesenergies.org\/afp\/irak-les-exportations-de-petrole-en-mars-battent-un-record-vieux-de-50-ans-220402\">Irak : les exportations de p\u00e9trole en mars battent un record vieux de 50 ans<\/a> (AFP)<\/p>\n\n\n\n<p><a href=\"https:\/\/www.boursorama.com\/actualite-economique\/actualites\/s-p-classe-entierement-la-dette-turque-en-investissement-tres-speculatif-a-cause-de-la-guerre-en-ukraine-ab3307ea6a7233974abb959798dd6e90\">S&amp;P classe enti\u00e8rement la dette turque en investissement \u00ab\u00a0tr\u00e8s sp\u00e9culatif\u00a0\u00bb <\/a>&nbsp;(AFP)<\/p>\n\n\n\n<p><a href=\"https:\/\/www.boursorama.com\/actualite-economique\/actualites\/ukraine-l-ue-previent-pekin-qu-un-soutien-a-moscou-nuira-a-leurs-liens-economiques-54c10af44af8f02982a3248762f39638\">L\u2019UE pr\u00e9vient P\u00e9kin qu&rsquo;un soutien \u00e0 Moscou nuira \u00e0 leurs liens \u00e9conomiques<\/a> (AFP)<\/p>\n\n\n\n<p><a href=\"https:\/\/redirection.b2b.infopro-digital.com\/lnk\/AMcAAHgsIXEAAcXEEdYAAHnKuI0AAABZQTkAANzrAAwsSQBiSCplWRD1x6fyT7CSCrm5xy-BiAAMCy8\/17\/qHiQ6urrMmWNtSZhWOONwA\/aHR0cHM6Ly93d3cudXNpbmUtZGlnaXRhbGUuZnIvYXJ0aWNsZS9jcnlwdG9tb25uYWllcy1icnV4ZWxsZXMtdmV1dC1tZXR0cmUtZmluLWEtbC1hbm9ueW1hdC1kZXMtdHJhbnNhY3Rpb25zLk4xODAzMzA3I3h0b3I9RVBSLTYmZW1haWw9bi5jaGV2aWxsYXJkQG5vb3MuZnI#xtor=EPR-6&amp;email=n.chevillard@noos.fr\" target=\"_blank\" rel=\"noreferrer noopener\">Cryptomonnaies : Bruxelles veut mettre fin \u00e0 l&rsquo;anonymat des transactions<\/a> (Usine Digitale)<\/p>\n\n\n\n<p><a href=\"https:\/\/www.20minutes.fr\/sport\/football\/3263879-20220401-covid-19-bundesliga-annonce-pertes-plus-milliard-euros-deux-ans\">Bundesliga annonce des pertes de plus d\u20191 milliard d\u2019euros en deux ans de pand\u00e9mie<\/a> (20Minutes)<\/p>\n\n\n\n<p><strong>Analyse<\/strong><\/p>\n\n\n\n<p><a href=\"https:\/\/info.alternatives-economiques.fr\/optiext\/optiextension.dll?ID=aIJaMSBQZOoY2oV9h6h2muGCeHz0j2ER6fBOkBMdXkilJI3WiVp9Xh3UmPoldJ3IAKQcdyNEpROm12S2OFlhnaL4Rkraa\" target=\"_blank\" rel=\"noreferrer noopener\">Les sanctions financi\u00e8res contre la Russie ne sont pas sans risque pour l\u2019Occident<\/a><strong><a href=\"https:\/\/info.alternatives-economiques.fr\/optiext\/optiextension.dll?ID=aIJaMSBQZOoY2oV9h6h2muGCeHz0j2ER6fBOkBMdXkilJI3WiVp9Xh3UmPoldJ3IAKQcdyNEpROm12S2OFlhnaL4Rkraa\" target=\"_blank\" rel=\"noreferrer noopener\">&nbsp;<\/a><\/strong> (Alter \u00e9co)<\/p>\n\n\n\n<p><strong><mark style=\"background-color:rgba(0, 0, 0, 0);color:#ee0606\" class=\"has-inline-color\">1er avril en continu<\/mark><\/strong><\/p>\n\n\n\n<p><strong>France<\/strong><\/p>\n\n\n\n<p><a href=\"https:\/\/www.boursorama.com\/actualite-economique\/actualites\/france-nouveau-recul-du-marche-auto-les-modeles-electrifies-dominent-59689a15746082c364fa6111a095e0e7\">Nouveau recul du march\u00e9 auto, les mod\u00e8les \u00e9lectrifi\u00e9s dominent<\/a> (Reuters)<\/p>\n\n\n\n<p><a href=\"https:\/\/www.boursorama.com\/actualite-economique\/actualites\/paiement-en-roubles-la-france-n-anticipe-pas-de-rupture-de-livraison-de-gaz-russe-b4c8d217307ba5870b985f1fd2c8bb68\">Paiement en roubles : la France n&rsquo;anticipe pas de rupture de livraison de gaz russe<\/a> (AFP)<\/p>\n\n\n\n<p><a href=\"https:\/\/www.boursorama.com\/actualite-economique\/actualites\/greenpeace-s-invite-sur-le-chantier-de-l-epr-pour-denoncer-les-candidats-pro-nucleaires-4dbf6afaa8dc74c12d123fc0ac63b6ea\">Greenpeace s&rsquo;invite sur le chantier de l&rsquo;EPR <\/a>&nbsp;(AFP)<\/p>\n\n\n\n<p><a href=\"https:\/\/www.boursorama.com\/actualite-economique\/actualites\/inflation-oblige-le-smic-va-atteindre-les-1-300-euros-net-en-mai-fc7a1c64e0ce32535fa807554445e438\">Inflation oblige, le Smic va atteindre les 1.300 euros net en mai<\/a> (AFP)<\/p>\n\n\n\n<p><a href=\"https:\/\/basta.media\/cooperative-Scop-Fralib-the-1336-Unilever-reprise-de-l-usine-alternative\" target=\"_blank\" rel=\"noreferrer noopener\">\u00ab La coop\u00e9rative, \u00e7a change tout ! \u00bb : Chez les Fralib, sept ans apr\u00e8s la reprise de l\u2019usine<\/a> (Basta)<\/p>\n\n\n\n<p><a href=\"https:\/\/vert.eco\/articles\/les-banques-francaises-accelerent-le-chaos-climatique\" target=\"_blank\" rel=\"noreferrer noopener\">Les banques fran\u00e7aises acc\u00e9l\u00e8rent le chaos climatique<\/a> (Vert.eco)<\/p>\n\n\n\n<p><strong>Monde<\/strong><\/p>\n\n\n\n<p><a href=\"https:\/\/www.boursorama.com\/actualite-economique\/actualites\/petrole-reunion-extraordinaire-de-l-aie-9d4fdd72792660a97a05fd690afc0ede\">P\u00e9trole : r\u00e9union extraordinaire de l&rsquo;AIE<\/a> (AFP)<\/p>\n\n\n\n<p><a href=\"https:\/\/www.boursorama.com\/actualite-economique\/actualites\/nouveau-record-de-l-inflation-en-zone-euro-le-pire-est-a-venir-c616ad289ef3d3ee03a19a85b7620270\">Nouveau record de l&rsquo;inflation en zone euro, le pire est \u00e0 venir<\/a> (Reuters)<\/p>\n\n\n\n<p><a href=\"https:\/\/www.boursorama.com\/videos\/actualites\/gaz-russe-le-trouble-jeu-de-vladimir-poutine-1e99e7c9491c13fc57f3c8be73dac576\">Gaz russe : le trouble jeu de Vladimir Poutine<\/a> (France 24)<\/p>\n\n\n\n<p><a href=\"https:\/\/www.boursorama.com\/actualite-economique\/actualites\/guerre-en-ukraine-la-recolte-de-cereales-risque-d-etre-divisee-de-moitie-craintes-pour-l-alimentation-mondiale-9ec9f612b67519e2fbbaaead0eb8e1f2\">&nbsp;Ukraine : la r\u00e9colte de c\u00e9r\u00e9ales risque d&rsquo;\u00eatre divis\u00e9e de moiti\u00e9<\/a> (Boursorama)<\/p>\n\n\n\n<p><a href=\"https:\/\/www.boursorama.com\/actualite-economique\/actualites\/flambee-du-brut-washington-puise-dans-ses-reserves-et-biden-s-en-prend-aux-industriels-69d7e4db3153289610e610dbed236a15\">Flamb\u00e9e du brut\u202f: Biden s&rsquo;en prend aux industriels<\/a> (AFP)<\/p>\n\n\n\n<p>&nbsp;<a href=\"https:\/\/www.boursorama.com\/videos\/actualites\/gaz-russe-berlin-et-paris-se-preparent-a-un-arret-eventuel-des-livraisons-a23769778a89b74f2384dc2c71e526f4\">Gaz russe : Berlin et Paris se \u00ab\u00a0pr\u00e9parent\u00a0\u00bb \u00e0 un arr\u00eat \u00e9ventuel des livraisons<\/a> (France 24)<\/p>\n\n\n\n<p><a href=\"https:\/\/www.boursorama.com\/actualite-economique\/actualites\/petrole-statu-quo-de-l-opep-imperturbable-malgre-la-pression-095d3337fd0d19839125eb1776d6694a\">P\u00e9trole\u202f: statu quo de l&rsquo;Opep+, imperturbable malgr\u00e9 la pression<\/a> (AFP)<\/p>\n\n\n\n<p><a href=\"http:\/\/www.apple.fr\">L\u2019impact \u00e9conomique de la guerre en Ukraine<\/a> (anglais-The Economist)<\/p>\n\n\n\n<p><a href=\"https:\/\/www.boursorama.com\/bourse\/actualites\/chine-l-activite-manufacturiere-se-contracte-en-mars-a43a718dae6bf8a6c0f0911b5cd2464d\">Chine : L&rsquo;activit\u00e9 manufacturi\u00e8re se contracte en mars<\/a> (Reuters)<\/p>\n\n\n\n<p><strong>Analyse<\/strong><\/p>\n\n\n\n<p><a href=\"https:\/\/info.alternatives-economiques.fr\/optiext\/optiextension.dll?ID=PlkPldSCqMnolGTWp0DBfjVd4d1SdH9gk%2BMUa%2Bo7e7sIfEo5HP1HdEOh6bmJHIfAcr3fQ9L5WV5yToRYhuCT7_YHPvBXX\" target=\"_blank\" rel=\"noreferrer noopener\">Pr\u00e9sidentielle : le retour du clivage droite-gauche<\/a> (Alter \u00e9co)<\/p>\n\n\n\n<p><a href=\"https:\/\/www.connaissancedesenergies.org\/tribune-actualite-energies\/sobriete-energetique-mieux-consommer-moins-consommer-changer-de-modele-energetique\">Sobri\u00e9t\u00e9 \u00e9nerg\u00e9tique : mieux consommer, moins consommer, changer de mod\u00e8le ?<\/a> (Connaissance des \u00e9nergies)<\/p>\n\n\n\n<p><a href=\"https:\/\/adamtooze.substack.com\/p\/chartbook-106-the-new-buttresses?r=94f0a&amp;utm_campaign=post&amp;utm_source=Chartbook%20%23106:%20The%20new%20buttresses%20of%20the%20dollar%20system.%20&amp;utm_medium=ios\">Les sanctions contre la Russie vont-elles renforcer le dollar ?<\/a> (Anglais -Adam Tooze Chartbook)<\/p>\n\n\n\n<figure class=\"wp-block-image size-full is-resized is-style-default\"><img data-recalc-dims=\"1\" loading=\"lazy\" decoding=\"async\" src=\"https:\/\/i0.wp.com\/www.rdpemancipation.org\/wp-content\/uploads\/2022\/04\/Capture-decran-2022-04-01-a-06.19.18.png?resize=540%2C296&#038;ssl=1\" alt=\"\" class=\"wp-image-79232\" width=\"540\" height=\"296\" srcset=\"https:\/\/i0.wp.com\/www.rdpemancipation.org\/wp-content\/uploads\/2022\/04\/Capture-decran-2022-04-01-a-06.19.18.png?w=715&amp;ssl=1 715w, https:\/\/i0.wp.com\/www.rdpemancipation.org\/wp-content\/uploads\/2022\/04\/Capture-decran-2022-04-01-a-06.19.18.png?resize=300%2C164&amp;ssl=1 300w\" sizes=\"auto, (max-width: 540px) 100vw, 540px\" \/><\/figure>\n","protected":false},"excerpt":{"rendered":"<p>30 avril en continu Avec le budget 2023, le gouvernement sera-t-il \u00ab\u00a0au pied du mur\u00a0\u00bb ? (Blog Gabriel Gaspard) La composition des aliments modifi\u00e9e sans que le consommateur en soit inform\u00e9 (Reporterre) Monde L&rsquo;UE va ouvrir une base avanc\u00e9e dans la Silicon Valley (Usine Digitale) L\u2019arr\u00eat des exportations d\u2019huile de palme par l\u2019Indon\u00e9sie va affecter &#8230; <a title=\"Avril &#8211; \u00c9conomie\" class=\"read-more\" href=\"https:\/\/www.rdpemancipation.org\/?p=79171\" aria-label=\"En savoir plus sur Avril &#8211; \u00c9conomie\">Lire la suite<\/a><\/p>\n","protected":false},"author":1,"featured_media":0,"comment_status":"closed","ping_status":"closed","sticky":false,"template":"","format":"standard","meta":{"_lmt_disableupdate":"no","_lmt_disable":"no","_jetpack_memberships_contains_paid_content":false,"footnotes":""},"categories":[11],"tags":[],"class_list":["post-79171","post","type-post","status-publish","format-standard","hentry","category-economie"],"modified_by":"nch","jetpack_featured_media_url":"","jetpack_sharing_enabled":true,"_links":{"self":[{"href":"https:\/\/www.rdpemancipation.org\/index.php?rest_route=\/wp\/v2\/posts\/79171","targetHints":{"allow":["GET"]}}],"collection":[{"href":"https:\/\/www.rdpemancipation.org\/index.php?rest_route=\/wp\/v2\/posts"}],"about":[{"href":"https:\/\/www.rdpemancipation.org\/index.php?rest_route=\/wp\/v2\/types\/post"}],"author":[{"embeddable":true,"href":"https:\/\/www.rdpemancipation.org\/index.php?rest_route=\/wp\/v2\/users\/1"}],"replies":[{"embeddable":true,"href":"https:\/\/www.rdpemancipation.org\/index.php?rest_route=%2Fwp%2Fv2%2Fcomments&post=79171"}],"version-history":[{"count":143,"href":"https:\/\/www.rdpemancipation.org\/index.php?rest_route=\/wp\/v2\/posts\/79171\/revisions"}],"predecessor-version":[{"id":83935,"href":"https:\/\/www.rdpemancipation.org\/index.php?rest_route=\/wp\/v2\/posts\/79171\/revisions\/83935"}],"wp:attachment":[{"href":"https:\/\/www.rdpemancipation.org\/index.php?rest_route=%2Fwp%2Fv2%2Fmedia&parent=79171"}],"wp:term":[{"taxonomy":"category","embeddable":true,"href":"https:\/\/www.rdpemancipation.org\/index.php?rest_route=%2Fwp%2Fv2%2Fcategories&post=79171"},{"taxonomy":"post_tag","embeddable":true,"href":"https:\/\/www.rdpemancipation.org\/index.php?rest_route=%2Fwp%2Fv2%2Ftags&post=79171"}],"curies":[{"name":"wp","href":"https:\/\/api.w.org\/{rel}","templated":true}]}}