{"id":68949,"date":"2022-02-01T09:31:14","date_gmt":"2022-02-01T08:31:14","guid":{"rendered":"https:\/\/www.rdpemancipation.org\/?p=68949"},"modified":"2022-03-01T09:10:31","modified_gmt":"2022-03-01T08:10:31","slug":"fevrier-social-2","status":"publish","type":"post","link":"https:\/\/www.rdpemancipation.org\/?p=68949","title":{"rendered":"F\u00e9vrier &#8211; Social"},"content":{"rendered":"\n<p><mark style=\"background-color:rgba(0, 0, 0, 0);color:#a30004\" class=\"has-inline-color\"><strong>1er mars en continu<\/strong><\/mark><\/p>\n\n\n\n<p><a href=\"https:\/\/rapportsdeforce.fr\/breves\/proprete-cantines-voirie-les-agents-municipaux-du-mans-en-lutte-pour-leurs-salaires-022812910\">Propret\u00e9, cantines, voirie : les agents municipaux du Mans en lutte pour leurs salaires<\/a> (Rapports de force)<\/p>\n\n\n\n<p><a href=\"https:\/\/www.force-ouvriere.fr\/social-et-medico-social-fo-fermement-oppose-a-une-convention\">Social et m\u00e9dico-social\u00a0: FO refuse des dispositions au rabais <\/a>(FO)<\/p>\n\n\n\n<p><a href=\"https:\/\/www.ouest-france.fr\/pays-de-la-loire\/le-mans-72000\/le-mans-la-greve-des-agents-territoriaux-reconduite-d-autres-services-rejoignent-le-mouvement-29ae45d0-9872-11ec-a75b-cdf6b18c39a8\" target=\"_blank\" rel=\"noreferrer noopener\">Le Mans. Gr\u00e8ve des agents territoriaux reconduite, d\u2019autres les rejoignent <\/a>&nbsp;(Ouest France)<\/p>\n\n\n\n<p><a href=\"https:\/\/www.corsenetinfos.corsica\/La-qualite-de-vie-au-travail-un-facteur-trop-souvent-neglige_a63163.html\" target=\"_blank\" rel=\"noreferrer noopener\">La qualit\u00e9 de vie au travail : un facteur trop souvent n\u00e9glig\u00e9<\/a>\u00a0(Corse net infos)<\/p>\n\n\n\n<p><a href=\"https:\/\/www.bfmtv.com\/lyon\/lyon-pourquoi-les-policiers-municipaux-prevoient-de-faire-greve-ce-mardi_AV-202202280269.html\" target=\"_blank\" rel=\"noreferrer noopener\">Lyon: pourquoi les policiers municipaux pr\u00e9voient de faire gr\u00e8ve ce mardi?<\/a>&nbsp;(BFMTV)<\/p>\n\n\n\n<p><a href=\"https:\/\/www.larep.fr\/orleans-45000\/actualites\/les-facteurs-du-centre-de-l-avenue-des-droits-de-l-homme-a-orleans-sont-en-greve_14091930\/\" target=\"_blank\" rel=\"noreferrer noopener\">Les facteurs du centre \u00e0 Orl\u00e9ans sont en gr\u00e8ve<\/a>&nbsp;(La R\u00e9publique du Centre)<\/p>\n\n\n\n<figure class=\"wp-block-image size-full\"><img data-recalc-dims=\"1\" loading=\"lazy\" decoding=\"async\" width=\"288\" height=\"217\" src=\"https:\/\/i0.wp.com\/www.rdpemancipation.org\/wp-content\/uploads\/2022\/03\/image-2.png?resize=288%2C217&#038;ssl=1\" alt=\"\" class=\"wp-image-73652\"\/><figcaption>  Piquet de gr\u00e8ve des facteurs ce lundi 28 f\u00e9vrier, avenue des droits de l\u2019homme, Orl\u00e9ans<\/figcaption><\/figure>\n\n\n\n<p><a href=\"https:\/\/www.lavoixdunord.fr\/1145677\/article\/2022-02-26\/alstom-crespin-entre-direction-et-syndicats-toujours-pas-d-entente-sur-les\" target=\"_blank\" rel=\"noreferrer noopener\"><br>Alstom-Crespin: direction et syndicats, toujours pas d\u2019entente sur les salaires<\/a>&nbsp;(Voix du Nord)<\/p>\n\n\n\n<p><a href=\"https:\/\/www.leprogres.fr\/social\/2022\/02\/27\/mouvement-social-a-biomerieux-alain-merieux-n-a-pas-recu-les-grevistes\" target=\"_blank\" rel=\"noreferrer noopener\">Mouvement social \u00e0 bioM\u00e9rieux : Alain M\u00e9rieux n\u2019a pas re\u00e7u les gr\u00e9vistes<\/a>&nbsp;(Le Progr\u00e8s)<br><br><a href=\"https:\/\/www.charentelibre.fr\/charente\/grand-cognac\/verallia-les-futurs-fours-electriques-conditionnes-a-la-fin-de-la-greve-a-chateaubernard-9404557.php\" target=\"_blank\" rel=\"noreferrer noopener\">Verallia: les futurs fours \u00e9lectriques conditionn\u00e9s \u00e0 la fin de la gr\u00e8ve<\/a>&nbsp;(La Charente Libre)<\/p>\n\n\n\n<p><a href=\"https:\/\/www.peopleactmagazine.fr\/lidl-dans-la-tourmente-une-plainte-deposee\/\" target=\"_blank\" rel=\"noreferrer noopener\"><strong>Lidl dans la tourmente, une plainte d\u00e9pos\u00e9e !<\/strong><\/a>&nbsp;(<a href=\"http:\/\/peopleactmagazine.fr\/\" target=\"_blank\" rel=\"noreferrer noopener\">peopleactmagazine.fr<\/a>)<br><br><\/p>\n\n\n\n<p><strong>Monde<\/strong><\/p>\n\n\n\n<p><strong>Birmanie<\/strong> &#8211; <a href=\"https:\/\/lanticapitaliste.org\/actualite\/international\/en-birmanie-les-syndicats-reclament-davantage-de-sanctions-contre-la-junte\">Les syndicats r\u00e9clament davantage de sanctions contre la junte<\/a> (L\u2019Anticapitaliste)<\/p>\n\n\n\n<figure class=\"wp-block-image size-full\"><img data-recalc-dims=\"1\" loading=\"lazy\" decoding=\"async\" width=\"309\" height=\"176\" src=\"https:\/\/i0.wp.com\/www.rdpemancipation.org\/wp-content\/uploads\/2022\/03\/image-1.png?resize=309%2C176&#038;ssl=1\" alt=\"\" class=\"wp-image-73649\" srcset=\"https:\/\/i0.wp.com\/www.rdpemancipation.org\/wp-content\/uploads\/2022\/03\/image-1.png?w=309&amp;ssl=1 309w, https:\/\/i0.wp.com\/www.rdpemancipation.org\/wp-content\/uploads\/2022\/03\/image-1.png?resize=300%2C171&amp;ssl=1 300w\" sizes=\"auto, (max-width: 309px) 100vw, 309px\" \/><\/figure>\n\n\n\n<p><a href=\"https:\/\/www.caractere.net\/item\/la-greve-se-prolonge-chez-le-papetier-upm\" target=\"_blank\" rel=\"noreferrer noopener\"><strong>Finlande &#8211;<\/strong> La gr\u00e8ve se prolonge chez le papetier UPM<\/a>&nbsp;(<a href=\"http:\/\/caractere.net\/\" target=\"_blank\" rel=\"noreferrer noopener\">caractere.net<\/a>)<\/p>\n\n\n\n<p><a href=\"https:\/\/news-24.fr\/greve-du-metro-a-londres-en-direct-le-chaos-des-voyages-demain-et-les-navetteurs-doivent-travailler-a-domicile-alors-que-10-000-travailleurs-du-metro-sortent\/\" target=\"_blank\" rel=\"noreferrer noopener\"><strong>Royaume &#8211; Uni<\/strong> Gr\u00e8ve du m\u00e9tro \u00e0 Londres<\/a>&nbsp;(<a href=\"http:\/\/news-24.fr\/\" target=\"_blank\" rel=\"noreferrer noopener\">news-24.fr<\/a>)<br><br><a href=\"http:\/\/www.walf-groupe.com\/enseignants-divises-levee-dordre-de-greve\/\" target=\"_blank\" rel=\"noreferrer noopener\"><strong>S\u00e9n\u00e9gal<\/strong> &#8211; Les enseignants divis\u00e9s sur la lev\u00e9e du mot d\u2019ordre de gr\u00e8ve<\/a>&nbsp;(<a href=\"http:\/\/walf-groupe.com\/\" target=\"_blank\" rel=\"noreferrer noopener\">walf-groupe.com<\/a>)<\/p>\n\n\n\n<p><a href=\"https:\/\/www.unioncommunistelibertaire.org\/?Ukraine-Contre-le-militarisme-et-la-guerre-pour-la-lutte-auto-organisee-et-la\"><strong>Ukraine&nbsp;&#8211; Contre le militarisme et la guerre&nbsp;: pour la lutte auto-organis\u00e9e et la r\u00e9volution sociale&nbsp;!<\/strong><\/a> (UCL)<\/p>\n\n\n\n<p><a href=\"https:\/\/www.unioncommunistelibertaire.org\/?Ukraine-Contre-le-militarisme-et-la-guerre-pour-la-lutte-auto-organisee-et-la\"><strong>Ukraine<\/strong><\/a><strong> &#8211; <\/strong><a href=\"http:\/\/alencontre.org\/ameriques\/americnord\/usa\/ukraine-declarations-de-diverses-structures-syndicales.html\">D\u00e9clarations de diverses structures syndicales<\/a><strong> <\/strong>(A L\u2019Encontre)<\/p>\n\n\n\n<p><strong>Analyse<\/strong><\/p>\n\n\n\n<p><a href=\"https:\/\/radioparleur.net\/2022\/02\/24\/hexagone-marseille-segregation-sociale-transports-ecologie\/\">Hexagone \u00e0 Marseille : s\u00e9gr\u00e9gation sociale, le mal des transports<\/a> (Radio Parleur)<\/p>\n\n\n\n<p><a href=\"https:\/\/www.miroirsocial.com\/participatif\/attaquer-la-solidarite-mutualiste-cest-attaquer-la-solidarite-nationale\">Attaquer la solidarit\u00e9 mutualiste, c\u2019est attaquer la solidarit\u00e9 nationale<\/a> (Miroir Social)<\/p>\n\n\n\n<p><a href=\"https:\/\/www.revue-ballast.fr\/cartouches-73\/\"><strong>Citro\u00ebn 1938&nbsp;: Rose Zehner est une militante chevronn\u00e9e<\/strong><\/a><strong>&nbsp; (Ballast)<\/strong><\/p>\n\n\n\n<figure class=\"wp-block-image size-full\"><img data-recalc-dims=\"1\" loading=\"lazy\" decoding=\"async\" width=\"301\" height=\"152\" src=\"https:\/\/i0.wp.com\/www.rdpemancipation.org\/wp-content\/uploads\/2022\/03\/image-3.png?resize=301%2C152&#038;ssl=1\" alt=\"\" class=\"wp-image-73653\"\/><\/figure>\n\n\n\n<p><mark style=\"background-color:rgba(0, 0, 0, 0);color:#a30004\" class=\"has-inline-color\"><strong>28 F\u00e9vrier en continu<\/strong><\/mark><\/p>\n\n\n\n<p><\/p>\n\n\n\n<p><a href=\"https:\/\/lundi.am\/La-peste-noire-du-genre-urbain\"><strong>L<\/strong><\/a><strong><a href=\"https:\/\/lundi.am\/La-peste-noire-du-genre-urbain\">a peste noire du genre urbain&nbsp;: la production comportementale de Facebook<\/a> <\/strong>(Lundi Matin)<\/p>\n\n\n\n<p><a href=\"https:\/\/lanticapitaliste.org\/actualite\/feminisme\/coordination-nationale-feministe-reconstruire-un-mouvement-feministe-auto\">Coordination f\u00e9ministe : reconstruire un mouvement f\u00e9ministe auto-organis\u00e9, radical et massif<\/a> (L\u2019Anticap.)<\/p>\n\n\n\n<figure class=\"wp-block-image size-full\"><img data-recalc-dims=\"1\" loading=\"lazy\" decoding=\"async\" width=\"295\" height=\"198\" src=\"https:\/\/i0.wp.com\/www.rdpemancipation.org\/wp-content\/uploads\/2022\/02\/image-131.png?resize=295%2C198&#038;ssl=1\" alt=\"\" class=\"wp-image-73500\"\/><\/figure>\n\n\n\n<p><a href=\"https:\/\/www.alternatives-economiques.fr\/plus-de-salaries-produire-autant-letrange-dynamique-de-lemploi\/00102410?utm_source=emailing&amp;utm_medium=email&amp;utm_campaign=hebdo&amp;utm_content=27022022\"><strong>Ch\u00f4mage&nbsp;: Plus de salari\u00e9s pour produire autant&nbsp;: l\u2019\u00e9trange dynamique de l\u2019emploi<\/strong><\/a> (Alter Eco)<\/p>\n\n\n\n<p><\/p>\n\n\n\n<p><a href=\"https:\/\/www.humanite.fr\/social-eco\/orpea\/les-salariees-dorpea-brisees-mais-batailleuses-739846\">Les salari\u00e9es d\u2019Orpea, bris\u00e9es mais batailleuses<\/a> (L\u2019Humanit\u00e9)<\/p>\n\n\n\n<p><a href=\"https:\/\/www.humanite.fr\/social-eco\/associations\/david-cluzeau-les-associations-ont-ete-assez-solides-pour-affronter-la-crise\">David Cluzeau : \u00ab\u2009Les associations ont \u00e9t\u00e9 assez solides pour affronter la crise\u2009\u00bb <\/a>(L\u2019Humanit\u00e9)<\/p>\n\n\n\n<p><a href=\"https:\/\/www.force-ouvriere.fr\/nestle-france-pas-de-vraies-hausses-de-salaires-mais-toujours-15468\">Nestl\u00e9 France&nbsp;: pas de vraies hausses de salaires mais toujours plus de dividendes vers\u00e9s aux actionnaires<\/a> (FO)<\/p>\n\n\n\n<p><a href=\"https:\/\/www.charentelibre.fr\/charente\/grand-cognac\/verallia-les-futurs-fours-electriques-conditionnes-a-la-fin-de-la-greve-a-chateaubernard-9404557.php\">Verallia: les futurs fours \u00e9lectriques conditionn\u00e9s \u00e0 la fin de la gr\u00e8ve \u00e0 Ch\u00e2teaubernard<\/a>&nbsp;(La Charente Libre)<\/p>\n\n\n\n<p><a href=\"https:\/\/www.leprogres.fr\/social\/2022\/02\/27\/mouvement-social-a-biomerieux-alain-merieux-n-a-pas-recu-les-grevistes\">Mouvement social \u00e0 bioM\u00e9rieux : Alain M\u00e9rieux n\u2019a pas re\u00e7u les gr\u00e9vistes<\/a>&nbsp;(Le Progr\u00e8s)<\/p>\n\n\n\n<p><a href=\"https:\/\/www.lavoixdunord.fr\/1145677\/article\/2022-02-26\/alstom-crespin-entre-direction-et-syndicats-toujours-pas-d-entente-sur-les\">Alstom-Crespin: entre direction et syndicats, toujours pas d\u2019entente sur les salaires<\/a>&nbsp;(La Voix du Nord)<\/p>\n\n\n\n<p><a href=\"https:\/\/france3-regions.francetvinfo.fr\/bretagne\/ille-et-vilaine\/rennes\/agroalimentaire-les-employes-du-secteur-demandent-de-meilleurs-salaires-2476660.html\">Agroalimentaire : les employ\u00e9s du secteur demandent de meilleurs salaires<\/a>&nbsp;(France 3 R\u00e9gions)<\/p>\n\n\n\n<p><a href=\"https:\/\/www.midilibre.fr\/2022\/02\/27\/ales-le-volet-social-a-peine-cloture-place-au-debat-judiciaire-a-la-clinique-bonnefon-10137130.php\">Al\u00e8s : le volet social \u00e0 peine cl\u00f4tur\u00e9, place au d\u00e9bat judiciaire \u00e0 la clinique Bonnefon<\/a>&nbsp;(Midi Libre)<\/p>\n\n\n\n<p><strong>Monde<\/strong><\/p>\n\n\n\n<p><a href=\"https:\/\/www.7sur7.be\/economie\/les-gilets-jaunes-manifestent-contre-le-capitalisme-a-charleroi-nous-avons-la-corde-au-cou~a003271d\/?referrer=https%3A%2F%2Fnews.google.com%2F\"><strong>Belgique<\/strong>. Les gilets jaunes manifestent contre le capitalisme \u00e0 Charleroi: <\/a>&nbsp;(7sur7.be)<\/p>\n\n\n\n<p>Espagne &#8211; <a href=\"https:\/\/www.infolibre.es\/economia\/trabajadores-afectados-despidos-colectivos-disparan-72-3-2021_1_1220621.html\">Les travailleurs touch\u00e9s par les licenciements collectifs&nbsp;: + 72,3 % en 2021<\/a> (Esp. &#8211; Infolibre)<\/p>\n\n\n\n<p>Etats \u2013 Unis &#8211; <a href=\"https:\/\/jacobinmag.com\/2022\/02\/uber-gig-worker-portable-benefits-flexible-ontario-doug-ford\">La proposition d\u2019Uber pour des avantages portables est une pilule empoisonn\u00e9e<\/a> (Jacobin)<\/p>\n\n\n\n<figure class=\"wp-block-image size-full\"><img data-recalc-dims=\"1\" loading=\"lazy\" decoding=\"async\" width=\"296\" height=\"205\" src=\"https:\/\/i0.wp.com\/www.rdpemancipation.org\/wp-content\/uploads\/2022\/02\/image-132.png?resize=296%2C205&#038;ssl=1\" alt=\"\" class=\"wp-image-73502\"\/><\/figure>\n\n\n\n<p>Royaume \u2013 Uni &#8211; <a href=\"https:\/\/jacobinmag.com\/2022\/02\/1972-coal-miners-strike-fiftieth-anniversary-ncb-num\">En 1972, les mineurs britanniques ont montr\u00e9 le pouvoir de la classe ouvri\u00e8re<\/a> (Jacobin)<\/p>\n\n\n\n<p><a href=\"https:\/\/blogs.mediapart.fr\/guillaume-goutte\/blog\/260222\/declaration-commune-de-syndicats-ukrainiens\">D\u00e9claration commune de syndicats <strong>ukrainiens<\/strong><\/a> (Club de Mediapart)<\/p>\n\n\n\n<p><a href=\"https:\/\/www.euractiv.fr\/section\/energie\/news\/ukraine-lespagne-demande-des-%e2%80%89solutions-structurelles%e2%80%89-alors-que-les-prix-de-lenergie-senvolent\/\">Ukraine : <strong>l\u2019Espagne<\/strong> demande des \u00ab\u2009solutions structurelles\u2009\u00bb alors que les prix de l\u2019\u00e9nergie s\u2019envolent <\/a>(Euractiv)<\/p>\n\n\n\n<p><a href=\"https:\/\/www.perspectivesmed.com\/greve-dans-le-transport-routier-dossier-brulant-pour-m-abdeljalil\/\"><strong>Maroc<\/strong>. Gr\u00e8ve dans le transport routier<\/a>&nbsp;(perspectivesmed.com)<\/p>\n\n\n\n<p><a href=\"https:\/\/www.7sur7.be\/economie\/les-gilets-jaunes-manifestent-contre-le-capitalisme-a-charleroi-nous-avons-la-corde-au-cou~a003271d\/?referrer=https%3A%2F%2Fnews.google.com%2F\"><strong>Belgique<\/strong>. Les gilets jaunes manifestent contre le capitalisme \u00e0 Charleroi: <\/a>&nbsp;(7sur7.be)<\/p>\n\n\n\n<p><mark style=\"background-color:rgba(0, 0, 0, 0);color:#a30004\" class=\"has-inline-color\"><strong>26 F\u00e9vrier en continu<\/strong><\/mark><\/p>\n\n\n\n<p><a href=\"https:\/\/rebellyon.info\/La-guille-etat-des-lieux-des-23738\">La guille&nbsp;! \u00e9tat des lieux des transformations urbaines, retour sur les luttes<\/a> (Rebellyon)<\/p>\n\n\n\n<figure class=\"wp-block-image size-full\"><img data-recalc-dims=\"1\" loading=\"lazy\" decoding=\"async\" width=\"239\" height=\"130\" src=\"https:\/\/i0.wp.com\/www.rdpemancipation.org\/wp-content\/uploads\/2022\/02\/image-123.png?resize=239%2C130&#038;ssl=1\" alt=\"\" class=\"wp-image-73312\"\/><\/figure>\n\n\n\n<p><a href=\"https:\/\/rebellyon.info\/Greve-rassemblement-et-manif-feministes-23729\">Gr\u00e8ve, rassemblement et manif f\u00e9ministes le 8&nbsp;mars 2022&nbsp;!<\/a> (Rebellyon)<\/p>\n\n\n\n<p><strong><a href=\"https:\/\/rebellyon.info\/Derives-securitaires-controle-social-et-23720\">D\u00e9rives s\u00e9curitaires, contr\u00f4le social et techno-police<\/a> <\/strong>(Rebellyon)<\/p>\n\n\n\n<figure class=\"wp-block-image size-full\"><img data-recalc-dims=\"1\" loading=\"lazy\" decoding=\"async\" width=\"247\" height=\"245\" src=\"https:\/\/i0.wp.com\/www.rdpemancipation.org\/wp-content\/uploads\/2022\/02\/image-124.png?resize=247%2C245&#038;ssl=1\" alt=\"\" class=\"wp-image-73313\" srcset=\"https:\/\/i0.wp.com\/www.rdpemancipation.org\/wp-content\/uploads\/2022\/02\/image-124.png?w=247&amp;ssl=1 247w, https:\/\/i0.wp.com\/www.rdpemancipation.org\/wp-content\/uploads\/2022\/02\/image-124.png?resize=150%2C150&amp;ssl=1 150w\" sizes=\"auto, (max-width: 247px) 100vw, 247px\" \/><\/figure>\n\n\n\n<p><a href=\"http:\/\/www.sudptt.org\/Benefices-de-La-Poste-2-milliards-qui-ruissellent-vers-le-haut\"><strong>B\u00e9n\u00e9fices de La Poste&nbsp;: 2 milliards qui ruissellent vers le haut<\/strong><\/a> (SUD PTT)<\/p>\n\n\n\n<p><a href=\"https:\/\/www.placegrenet.fr\/2022\/02\/25\/fo-denonce-labsence-de-dialogue-social-au-rectorat-de-grenoble-la-direction-et-deux-syndicats-dementent\/561254\">Force ouvri\u00e8re d\u00e9nonce s\u00e9v\u00e8rement les conditions de travail au sein du rectorat de Grenoble<\/a>&nbsp; (Placegrenet)<\/p>\n\n\n\n<p><a href=\"https:\/\/www.lardennais.fr\/id345563\/article\/2022-02-25\/fin-de-greve-la-societe-ardennaise-de-menuiserie-charleville-mezieres\" target=\"_blank\" rel=\"noreferrer noopener\">Fin de gr\u00e8ve \u00e0 la soci\u00e9t\u00e9 ardennaise de menuiserie \u00e0 Charleville-M\u00e9zi\u00e8res<\/a>&nbsp;(L&rsquo;Ardennais)<\/p>\n\n\n\n<p><a href=\"https:\/\/abonne.lunion.fr\/id345536\/article\/2022-02-25\/un-pedopsychiatre-depernay-explique-pourquoi-il-soutient-le-camsp-en-greve\" target=\"_blank\" rel=\"noreferrer noopener\">Un p\u00e9dopsychiatre d\u2019Epernay explique pourquoi il soutient le Camsp en gr\u00e8ve<\/a>&nbsp;(L&rsquo;Union)<\/p>\n\n\n\n<p><a href=\"https:\/\/www.martinique.franceantilles.fr\/actualite\/social\/les-bhns-roulent-a-nouveau-ce-vendredi-a-la-faveur-d-un-accord-trouve-a-la-regie-des-transports-601055.php\" target=\"_blank\" rel=\"noreferrer noopener\">Les BHNS roulent \u00e0 nouveau&nbsp;: un accord trouv\u00e9, \u00e0 la R\u00e9gie des transports<\/a>&nbsp;(France Antilles Martinique)<\/p>\n\n\n\n<p><a href=\"https:\/\/www.ladepeche.fr\/2022\/02\/26\/bus-sortie-de-crise-entre-force-ouvriere-et-keolis-10135790.php\" target=\"_blank\" rel=\"noreferrer noopener\">Bus \u00e0 Auch : sortie de crise entre Force Ouvri\u00e8re et Keolis<\/a>&nbsp;(La D\u00e9p\u00eache)<\/p>\n\n\n\n<p><a href=\"https:\/\/la1ere.francetvinfo.fr\/nouvellecaledonie\/retour-a-la-normale-sur-le-reseau-taneo-dans-le-grand-noumea-1240951.html\" target=\"_blank\" rel=\"noreferrer noopener\">Retour \u00e0 la normale sur le r\u00e9seau Tan\u00e9o dans le Grand Noum\u00e9a<\/a>&nbsp;(<a href=\"http:\/\/francetvinfo.fr\/\" target=\"_blank\" rel=\"noreferrer noopener\">francetvinfo.fr<\/a>)<\/p>\n\n\n\n<p><a href=\"https:\/\/www.lavoixdunord.fr\/1145223\/article\/2022-02-25\/metallurgie-les-negociations-salariales-commencent-pour-le-hainaut\" target=\"_blank\" rel=\"noreferrer noopener\">M\u00e9tallurgie: les n\u00e9gociations salariales commencent pour le Hainaut<\/a>&nbsp;(La Voix du Nord)<\/p>\n\n\n\n<p><a href=\"https:\/\/www.francebleu.fr\/infos\/societe\/nantes-une-cinquantaine-de-policiers-municipaux-rassembles-devant-l-hotel-de-ville-1645800094\" target=\"_blank\" rel=\"noreferrer noopener\">Nantes : une cinquantaine de policiers municipaux rassembl\u00e9s devant l&rsquo;h\u00f4tel de ville<\/a>&nbsp;(France Bleu)<\/p>\n\n\n\n<p><a href=\"https:\/\/www.francebleu.fr\/infos\/sante-sciences\/ehpad-en-greve-dans-le-calvados-1645866805\" target=\"_blank\" rel=\"noreferrer noopener\">EHPAD en gr\u00e8ve : le personnel r\u00e9clame plus de moyens \u00e0 Grainville-sur-Odon<\/a>&nbsp;(France Bleu)<\/p>\n\n\n\n<p><a href=\"https:\/\/fsu.fr\/elections-2022-le-manifeste-de-la-fsu\/\" target=\"_blank\" rel=\"noreferrer noopener\">Elections 2022 \u2013 le manifeste de la FSU<\/a>&nbsp;(FSU)<\/p>\n\n\n\n<p><a href=\"https:\/\/www.revolutionpermanente.fr\/Appel-le-8-mars-a-la-greve-chez-Orpea-on-veut-briser-l-omerta-et-montrer-la-colere\" target=\"_blank\" rel=\"noreferrer noopener\">8 mars&nbsp;: &nbsp;gr\u00e8ve chez Orp\u00e9a : \u00ab on veut briser l\u2019omerta et montrer la col\u00e8re \u00bb<\/a>&nbsp;(R\u00e9volution Permanente)<\/p>\n\n\n\n<p><a href=\"https:\/\/www.larep.fr\/gidy-45520\/actualites\/greve-chez-servier-pres-de-150-emplois-menaces-a-gidy-et-orleans_14090951\/\" target=\"_blank\" rel=\"noreferrer noopener\">Gr\u00e8ve chez Servier : pr\u00e8s de 150 emplois menac\u00e9s \u00e0 Gidy et Orl\u00e9ans<\/a>&nbsp;(La R\u00e9publique du Centre)<\/p>\n\n\n\n<p>Monde<\/p>\n\n\n\n<p>Etats-Unis &#8211; <a href=\"https:\/\/jacobinmag.com\/2022\/02\/wa-uber-teamster-union-deal-collective-bargaining\">Les syndicats devraient-ils s\u2019entendre avec Uber pour renoncer au statut de salari\u00e9&nbsp;?<\/a> (Jacobin)<\/p>\n\n\n\n<p>Analyse<\/p>\n\n\n\n<p><a href=\"https:\/\/www.temoignages.re\/politique\/edito\/martha-desrumaux-a-quand-une-ouvriere-au-pantheon,103548\" target=\"_blank\" rel=\"noreferrer noopener\">Martha Desrumaux : \u00e0 quand une ouvri\u00e8re au Panth\u00e9on<\/a>&nbsp;(Temoignages)<\/p>\n\n\n\n<p> <mark style=\"background-color:rgba(0, 0, 0, 0);color:#a30004\" class=\"has-inline-color\"><strong>26 F\u00e9vrier en continu<\/strong><\/mark><\/p>\n\n\n\n<p><a href=\"https:\/\/www.force-ouvriere.fr\/banques-l-austerite-salariale-malgre-des-benefices-records-15467\">Banques&nbsp;: l\u2019aust\u00e9rit\u00e9 salariale malgr\u00e9 des b\u00e9n\u00e9fices records<\/a> (FO)<\/p>\n\n\n\n<p><a href=\"https:\/\/www.force-ouvriere.fr\/banques-l-austerite-salariale-malgre-des-benefices-records-15467\">Banques&nbsp;: l\u2019aust\u00e9rit\u00e9 salariale malgr\u00e9 des b\u00e9n\u00e9fices records<\/a><\/p>\n\n\n\n<p><a href=\"https:\/\/www.cgt.fr\/actualites\/services-publics\/mobilisation\/mobilisation-pour-lacces-aux-services-publics-pour-tous\">Mobilisation pour l\u2019acc\u00e8s aux services publics pour tous<\/a> (CGT)<\/p>\n\n\n\n<figure class=\"wp-block-image is-resized\"><img data-recalc-dims=\"1\" loading=\"lazy\" decoding=\"async\" src=\"https:\/\/i0.wp.com\/www.cgt.fr\/sites\/default\/files\/styles\/blank_img_stle\/public\/2022-02\/service%20public.jpg?resize=456%2C266&#038;ssl=1\" alt=\"service public\" width=\"456\" height=\"266\"\/><\/figure>\n\n\n\n<p><a href=\"https:\/\/www.francebleu.fr\/infos\/economie-social\/greve-des-eboueurs-impossible-de-suivre-les-revendications-des-syndicats-1645800344\">Gr\u00e8ve des \u00e9boueurs au Mans : \u00ab\u00a0impossible\u00a0\u00bb de suivre les revendications pour la mairie<\/a>&nbsp;(France Bleu)<\/p>\n\n\n\n<p><a href=\"https:\/\/www.lefigaro.fr\/actualite-france\/a-bordeaux-les-policiers-essouffles-par-la-greve-de-sos-medecins-20220225\">\u00c0 Bordeaux, les policiers essouffl\u00e9s par la gr\u00e8ve de SOS M\u00e9decins<\/a>&nbsp;(Le Figaro)<\/p>\n\n\n\n<p><a href=\"https:\/\/www.francebleu.fr\/infos\/education\/sarlat-greve-enseignants-dordogne-1645796059\">Les enseignants du lyc\u00e9e Pr\u00e9 de Cordy \u00e0 Sarlat appel\u00e9s \u00e0 se mettre en gr\u00e8ve le jour de la rentr\u00e9e<\/a>&nbsp;(France Bleu)<\/p>\n\n\n\n<p><a href=\"https:\/\/www.ouest-france.fr\/bretagne\/mellac-29300\/mellac-le-personnel-communal-en-greve-ce-vendredi-25-fevrier-ab61b9b8-962e-11ec-89cc-acfb8a06361b\">Finistere. Mellac. Le personnel communal en gr\u00e8ve, ce vendredi 25 f\u00e9vrier<\/a>&nbsp;(Ouest France)<\/p>\n\n\n\n<p><a href=\"https:\/\/www.letelegramme.fr\/finistere\/brest\/preavis-de-greve-a-eco-chaleur-de-brest-24-02-2022-12928073.php\">Pr\u00e9avis de gr\u00e8ve \u00e0 \u00c9co chaleur de Brest<\/a>&nbsp;(Le T\u00e9l\u00e9gramme)<\/p>\n\n\n\n<p><a href=\"https:\/\/www.ouest-france.fr\/bretagne\/brest-29200\/eco-chaleur-de-brest-depose-un-preavis-de-greve-pour-le-jeudi-3-mars-8dd0262a-9627-11ec-9502-5ed989acc404\">Eco chaleur de Brest d\u00e9pose un pr\u00e9avis de gr\u00e8ve pour le jeudi 3 mars<\/a>&nbsp;(Ouest France)<\/p>\n\n\n\n<p><a href=\"https:\/\/www.oisehebdo.fr\/2022\/02\/25\/nouvelle-greve-a-lentrepot-de-case-new-holland-du-plessis-belleville\/\">Nouvelle gr\u00e8ve \u00e0 l\u2019entrep\u00f4t de Case New Holland du Plessis-Belleville<\/a>&nbsp;(Oise Hebdo)<\/p>\n\n\n\n<p><a href=\"https:\/\/militant.cheminotcgt.fr\/wp-content\/uploads\/2022\/02\/20220222_Appel_-a_manifestation_31.03.2022.pdf\">Manifestation nationale des cheminots le 31 mars.<\/a>&nbsp;(cheminotcgt.fr)<\/p>\n\n\n\n<p><a href=\"https:\/\/radioparleur.net\/2021\/02\/09\/mcdonalds-l-apres-m-marseille-saint-barthelemy-solidaire-aide-alimentaire-2\/\"><strong>A Marseille, un ancien Mc Do se r\u00eave en fast-food social<\/strong><\/a> (Radio Parleur)<\/p>\n\n\n\n<p><a href=\"https:\/\/www.contretemps.eu\/greve-stages-femmes-feminisme-salaire-etudiant\/\">Gr\u00e8ve des stages, gr\u00e8ve des femmes<\/a> (Contretemps)<\/p>\n\n\n\n<figure class=\"wp-block-image size-full\"><img data-recalc-dims=\"1\" loading=\"lazy\" decoding=\"async\" width=\"322\" height=\"167\" src=\"https:\/\/i0.wp.com\/www.rdpemancipation.org\/wp-content\/uploads\/2022\/02\/image-120.png?resize=322%2C167&#038;ssl=1\" alt=\"\" class=\"wp-image-73174\" srcset=\"https:\/\/i0.wp.com\/www.rdpemancipation.org\/wp-content\/uploads\/2022\/02\/image-120.png?w=322&amp;ssl=1 322w, https:\/\/i0.wp.com\/www.rdpemancipation.org\/wp-content\/uploads\/2022\/02\/image-120.png?resize=300%2C156&amp;ssl=1 300w\" sizes=\"auto, (max-width: 322px) 100vw, 322px\" \/><\/figure>\n\n\n\n<p><a href=\"https:\/\/www.insee.fr\/fr\/statistiques\/6206228\">Le pouvoir d\u2019achat du revenu des m\u00e9nages augmente de 1,9 % cette ann\u00e9e<\/a> (INSEE)<\/p>\n\n\n\n<p><strong>Monde<\/strong><\/p>\n\n\n\n<p><a href=\"https:\/\/vantbefinfo.com\/haiti-economie-erick-jean-baptiste-propose-de-preference-un-salaire-unique\/\"><strong>Ha\u00efti<\/strong>. Eric Jean Baptiste propose de pr\u00e9f\u00e9rence un salaire unique<\/a>&nbsp;(vantbefinfo.com)<\/p>\n\n\n\n<p><a href=\"https:\/\/fr.hespress.com\/250217-technologie-lensam-casablanca-lance-les-6e-journees-dacquisition-de-linformation.html\"><strong>Maroc<\/strong>. Sant\u00e9 : Le syndicat des infirmiers rejette l&rsquo;accord sign\u00e9 avec le gouvernement<\/a>&nbsp;(hespress.com)<\/p>\n\n\n\n<p><a href=\"https:\/\/www.lesoleil.com\/2022\/02\/25\/des-hausses-de-salaire-de-35--pour-les-employes-dolymel-princeville-368731aa568c696ef929b313f869ffc9\"><strong>Canada<\/strong>. Des hausses de salaire de 35 % pour les employ\u00e9s d\u2019Olymel Princeville<\/a>&nbsp;(lesoleil.com)<\/p>\n\n\n\n<p><a href=\"https:\/\/lanticapitaliste.org\/actualite\/international\/canada-les-locataires-menacees-par-la-financiarisation-du-logement\"><strong>Canada<\/strong> &#8211; les locataires menac\u00e9s par la financiarisation du logement<\/a> (L\u2019Anticapitaliste)<\/p>\n\n\n\n<p><strong>Analyse<\/strong><\/p>\n\n\n\n<p><a href=\"https:\/\/jacobinmag.com\/2022\/02\/charity-neoliberalism-uk-bus-company-public-service\">La charit\u00e9 ne peut pas r\u00e9parer ce que le n\u00e9olib\u00e9ralisme a bris\u00e9<\/a> (Jacobin)<\/p>\n\n\n\n<p><a href=\"https:\/\/jacobinmag.com\/2022\/02\/price-controls-supply-chain-economic-policy-free-market-inflation\">Le contr\u00f4le des prix peut fonctionner, d\u00e9sol\u00e9 si cela offense<\/a> (Jacobin)<\/p>\n\n\n\n<figure class=\"wp-block-image size-full\"><img data-recalc-dims=\"1\" loading=\"lazy\" decoding=\"async\" width=\"321\" height=\"215\" src=\"https:\/\/i0.wp.com\/www.rdpemancipation.org\/wp-content\/uploads\/2022\/02\/image-121.png?resize=321%2C215&#038;ssl=1\" alt=\"\" class=\"wp-image-73177\" srcset=\"https:\/\/i0.wp.com\/www.rdpemancipation.org\/wp-content\/uploads\/2022\/02\/image-121.png?w=321&amp;ssl=1 321w, https:\/\/i0.wp.com\/www.rdpemancipation.org\/wp-content\/uploads\/2022\/02\/image-121.png?resize=300%2C201&amp;ssl=1 300w\" sizes=\"auto, (max-width: 321px) 100vw, 321px\" \/><\/figure>\n\n\n\n<p><a href=\"https:\/\/www.monde-diplomatique.fr\/2022\/03\/HALIMI\/64410\"><strong>\u00ab&nbsp;Maltraitance institutionnelle&nbsp;\u00bb&nbsp;: la num\u00e9risation de l\u2019acc\u00e8s aux services publics<\/strong><\/a> (Monde Diplo)<\/p>\n\n\n\n<p><a href=\"https:\/\/www.miroirsocial.com\/participatif\/mutuelle-nationale-des-hospitaliers-entre-tensions-psychologiques-et-physiques-les\">Mutuelle des hospitaliers : les soignants ont un besoin d\u2019accompagnement<\/a> (Miroir Social)<\/p>\n\n\n\n<p><a href=\"https:\/\/www.inegalites.fr\/Niveau-de-vie-et-niveau-de-diplome-selon-la-categorie-sociale\">Niveau de vie et niveau de dipl\u00f4me selon la cat\u00e9gorie sociale<\/a> (Observatoire des In\u00e9galit\u00e9s)<\/p>\n\n\n\n<p> <\/p>\n\n\n\n<p> <mark style=\"background-color:rgba(0, 0, 0, 0);color:#a30004\" class=\"has-inline-color\"><strong>25 F\u00e9vrier en continu<\/strong><\/mark><\/p>\n\n\n\n<p><a href=\"https:\/\/www.humanite.fr\/social-eco\/industrie\/debrayage-pour-de-meilleurs-salaires-chez-seppic-739741\">D\u00e9brayage pour de meilleurs salaires chez Seppic <\/a>(L\u2019Humanit\u00e9)<\/p>\n\n\n\n<p><a href=\"https:\/\/rapportsdeforce.fr\/classes-en-lutte\/greve-chez-biomerieux-16-jours-de-lutte-dans-la-fabrique-des-tests-covid-022412880\">Gr\u00e8ve chez Biom\u00e9rieux : 16 jours de lutte dans la fabrique des tests Covid<\/a> (Rapports de Force)<\/p>\n\n\n\n<p><a href=\"https:\/\/www.cgt.fr\/actualites\/europe\/salaires\/le-24-fevrier-mobilisation-bruxelles-sur-le-smic-europeen\">Le 24 f\u00e9vrier, mobilisation \u00e0 Bruxelles sur le SMIC europ\u00e9en <\/a>(CGT)<\/p>\n\n\n\n<p><a href=\"https:\/\/www.revolutionpermanente.fr\/Stellantis-apres-avoir-realise-13-4-milliards-de-profit-la-direction-veut-supprimer-2600-emplois\">Stellantis&nbsp;: apr\u00e8s avoir r\u00e9alis\u00e9 13.4 milliards de profit, la direction veut supprimer 2600 emplois<\/a> (RP)<\/p>\n\n\n\n<p><a href=\"https:\/\/www.miroirsocial.com\/participatif\/salaires-et-inflation-la-colere-sinstalle-dans-le-pays\"><strong>S<\/strong>alaires et inflation : la col\u00e8re s\u2019installe dans le pays<\/a> (Miroir Social)<\/p>\n\n\n\n<p><a href=\"https:\/\/www.inegalites.fr\/evolution-part-top-1-revenus\">Comment \u00e9volue la part des revenus capt\u00e9e par les riches&nbsp;?<\/a> (Observatoire des In\u00e9galit\u00e9s)<\/p>\n\n\n\n<p><a href=\"https:\/\/www.politis.fr\/articles\/2022\/02\/maintien-de-lordre-le-savoir-faire-francais-sexporte-44131\/\">Maintien de l\u2019ordre&nbsp;: le savoir-faire fran\u00e7ais s\u2019exporte<\/a> (Politis)<\/p>\n\n\n\n<figure class=\"wp-block-image size-full\"><img data-recalc-dims=\"1\" loading=\"lazy\" decoding=\"async\" width=\"291\" height=\"164\" src=\"https:\/\/i0.wp.com\/www.rdpemancipation.org\/wp-content\/uploads\/2022\/02\/image-115.png?resize=291%2C164&#038;ssl=1\" alt=\"\" class=\"wp-image-73025\"\/><\/figure>\n\n\n\n<p><a href=\"https:\/\/www.leprogres.fr\/social\/2022\/02\/24\/conflit-social-chez-biomerieux-une-nouvelle-mobilisation-annoncee\" target=\"_blank\" rel=\"noreferrer noopener\">Conflit social chez Biom\u00e9rieux : une nouvelle mobilisation annonc\u00e9e<\/a>&nbsp;(Le Progr\u00e8s)<\/p>\n\n\n\n<p><a href=\"https:\/\/www.sudouest.fr\/economie\/social\/dordogne-des-licenciements-dans-un-ehpad-qui-passent-mal-9379758.php\" target=\"_blank\" rel=\"noreferrer noopener\">Dordogne : des licenciements dans un Ehpad qui passent mal<\/a>&nbsp;(Sud Ouest)<\/p>\n\n\n\n<p><a href=\"https:\/\/www.ouest-france.fr\/pays-de-la-loire\/cholet-49300\/cholet-l-idee-d-un-blocage-pur-et-simple-du-site-thales-n-est-plus-taboue-17708f68-9570-11ec-a598-cbc0ff532848\" target=\"_blank\" rel=\"noreferrer noopener\">Cholet. L\u2019id\u00e9e d\u2019un blocage pur et simple du site Thales n\u2019est plus taboue<\/a>&nbsp;(Ouest France)<\/p>\n\n\n\n<figure class=\"wp-block-image size-full\"><img data-recalc-dims=\"1\" loading=\"lazy\" decoding=\"async\" width=\"312\" height=\"235\" src=\"https:\/\/i0.wp.com\/www.rdpemancipation.org\/wp-content\/uploads\/2022\/02\/image-116.png?resize=312%2C235&#038;ssl=1\" alt=\"\" class=\"wp-image-73027\" srcset=\"https:\/\/i0.wp.com\/www.rdpemancipation.org\/wp-content\/uploads\/2022\/02\/image-116.png?w=312&amp;ssl=1 312w, https:\/\/i0.wp.com\/www.rdpemancipation.org\/wp-content\/uploads\/2022\/02\/image-116.png?resize=300%2C226&amp;ssl=1 300w\" sizes=\"auto, (max-width: 312px) 100vw, 312px\" \/><figcaption>  Ce jeudi 24 f\u00e9vrier, tous les DS Thal\u00e8s ont pris la parole<\/figcaption><\/figure>\n\n\n\n<p><a href=\"https:\/\/lemans.maville.com\/actu\/actudet_-ordures-menageres-des-agents-de-le-mans-metropole-en-greve-_fil-5093729_actu.Htm\" target=\"_blank\" rel=\"noreferrer noopener\">Au Mans et m\u00e9tropole, gr\u00e8ve des agents&nbsp;: pas de collecte des ordures m\u00e9nag\u00e8res <\/a>&nbsp;(<a href=\"http:\/\/maville.com\/\" target=\"_blank\" rel=\"noreferrer noopener\">maville.com<\/a>)<\/p>\n\n\n\n<p><a href=\"https:\/\/www.facebook.com\/CGTVolvic\/?hc_ref=ARRFrJyHPO0UnwsdZxgkJQi4kwijYeHGYITJRf8jA9JXsh2hdjk-nkNAr7Q6Vzz6Y1I&amp;ref=nf_target&amp;__xts__%5b0%5d=68.ARDryKVAsZpqF-9p678-vJtneA1Ttn48YU1sF59D1aw9mmCyezLY4Sm2mAag-LgIks16gdlB05B9D8SOaSA9Hg4BEkWG7Qwz6tKk92pw0OQFf0nHCLGrp-tgusE9kLkoc_PobYZyG5nOKzJNUwUnJyieurUuC_LuHn5r3Y9eP_kXap1USZRMP1diAc611NGJ0YlW8N_dKhSK2BQ6a1Dt8BiZkf0UwOYPZUGfKDw2ZjdWU4HI68PRl1HVV8Q4ugd_560kjVpyeMrvNC0Xkua7HsSMfJiO4Sk6YlglvRc0EGvRimIjQUxc7IDZXhtYZWYwx6eSfqGi6QAVOUoeY3QAEtTHqWy3xbNYaDU83F1xWgKBl1u8VaA-S5xWrENHZTICviOb0kV4zCKAqGQm7r7pY5Dja_ml2spDKW81\" target=\"_blank\" rel=\"noreferrer noopener\">Eaux de Volvic en gr\u00e8ve.<\/a>&nbsp;(CGT)<\/p>\n\n\n\n<p><a href=\"https:\/\/www.agefi.fr\/emploi\/actualites\/hebdo\/20220224\/salaires-dans-banque-leurre-dans-epinards-337942\" target=\"_blank\" rel=\"noreferrer noopener\">Salaires dans la banque, du leurre dans les \u00e9pinards<\/a>&nbsp;(L&rsquo;Agefi)<\/p>\n\n\n\n<p><a href=\"https:\/\/www.lamarseillaise.fr\/social\/panne-chez-les-techniciens-informatiques-des-colleges-EF10514990\" target=\"_blank\" rel=\"noreferrer noopener\">Panne chez les techniciens informatiques des coll\u00e8ges<\/a>&nbsp;(La Marseillaise)<\/p>\n\n\n\n<p><a href=\"https:\/\/www.bfmtv.com\/paris\/replay-emissions\/bonjour-paris\/haut-de-seine-le-personnel-d-un-ehpad-orpea-en-greve-a-suresnes_VN-202202240088.html\" target=\"_blank\" rel=\"noreferrer noopener\">Hauts-de-Seine: le personnel d&rsquo;un ehpad Orp\u00e9a en gr\u00e8ve \u00e0 Suresnes<\/a>&nbsp;(bfmtv)<\/p>\n\n\n\n<p><a href=\"https:\/\/www.lavoixdunord.fr\/1144504\/article\/2022-02-24\/caudry-entame-mercredi-le-mouvement-de-greve-l-usine-buitoni-se-poursuit\" target=\"_blank\" rel=\"noreferrer noopener\">Caudry: entam\u00e9 mercredi, le mouvement de gr\u00e8ve \u00e0 l\u2019usine Buitoni se poursuit<\/a>&nbsp;(La Voix du Nord)<\/p>\n\n\n\n<p><a href=\"https:\/\/solidaires.org\/spip.php?page=voir_multimedia&amp;id_article=26551\" target=\"_blank\" rel=\"noreferrer noopener\">En mars, le vent se l\u00e8ve<\/a>&nbsp;(Solidaires)<\/p>\n\n\n\n<p><a href=\"https:\/\/www.lesechos.fr\/idees-debats\/cercle\/opinion-le-retour-des-conflits-sociaux-dans-les-entreprises-repondre-a-lensemble-des-attentes-des-salaries-1388499\" target=\"_blank\" rel=\"noreferrer noopener\">Le retour des conflits sociaux ou comment r\u00e9pondre \u00e0 l\u2019ensemble des attentes des salari\u00e9s<\/a>&nbsp;(Les Echos)<\/p>\n\n\n\n<p><a href=\"https:\/\/www.facebook.com\/luttesinvisibles\" title=\"Chronique du jour des mobilisations\">Mobilisations du jour<\/a> (Luttes Invisibles)<\/p>\n\n\n\n<p><strong>Monde<\/strong><\/p>\n\n\n\n<p><a href=\"http:\/\/alencontre.org\/ameriques\/americnord\/usa\/etats-unis-plus-de-100-etablissements-starbucks-en-voie-de-syndicalisation-une-vraie-bataille.html\">Etats-Unis. Plus de 100 \u00e9tablissements Starbucks en voie de syndicalisation. Une bataille&nbsp;<\/a> (Alencontre)<\/p>\n\n\n\n<figure class=\"wp-block-image size-full is-resized is-style-default\"><img data-recalc-dims=\"1\" loading=\"lazy\" decoding=\"async\" src=\"https:\/\/i0.wp.com\/www.rdpemancipation.org\/wp-content\/uploads\/2022\/02\/StartucksSyndicat.jpg?resize=476%2C265&#038;ssl=1\" alt=\"\" class=\"wp-image-72954\" width=\"476\" height=\"265\" srcset=\"https:\/\/i0.wp.com\/www.rdpemancipation.org\/wp-content\/uploads\/2022\/02\/StartucksSyndicat.jpg?w=900&amp;ssl=1 900w, https:\/\/i0.wp.com\/www.rdpemancipation.org\/wp-content\/uploads\/2022\/02\/StartucksSyndicat.jpg?resize=300%2C167&amp;ssl=1 300w, https:\/\/i0.wp.com\/www.rdpemancipation.org\/wp-content\/uploads\/2022\/02\/StartucksSyndicat.jpg?resize=768%2C428&amp;ssl=1 768w\" sizes=\"auto, (max-width: 476px) 100vw, 476px\" \/><\/figure>\n\n\n\n<p><strong>Analyse<\/strong><\/p>\n\n\n\n<p><a href=\"https:\/\/www.alternatives-economiques.fr\/plus-de-salaries-produire-autant-letrange-dynamique-de-lemploi\/00102410\">Plus de salari\u00e9s pour produire autant&nbsp;: l\u2019\u00e9trange dynamique de l\u2019emploi <\/a>(Alternatives Economiques)<\/p>\n\n\n\n<p><a href=\"https:\/\/www.franceinter.fr\/emissions\/affaires-sensibles\/affaires-sensibles-23-juillet-2020\">Les Conti : le prix humain de la crise <\/a>(Affaires Sensibles)<\/p>\n\n\n\n<p><a href=\"https:\/\/rebelion.org\/michal-kalecki-y-la-politica-del-pleno-empleo\/\">Michal Kalecki et la politique de plein &#8211; emploi<\/a> (Esp. \u2013 Rebelion)<\/p>\n\n\n\n<figure class=\"wp-block-image size-full\"><img data-recalc-dims=\"1\" loading=\"lazy\" decoding=\"async\" width=\"302\" height=\"264\" src=\"https:\/\/i0.wp.com\/www.rdpemancipation.org\/wp-content\/uploads\/2022\/02\/image-117.png?resize=302%2C264&#038;ssl=1\" alt=\"\" class=\"wp-image-73030\" srcset=\"https:\/\/i0.wp.com\/www.rdpemancipation.org\/wp-content\/uploads\/2022\/02\/image-117.png?w=302&amp;ssl=1 302w, https:\/\/i0.wp.com\/www.rdpemancipation.org\/wp-content\/uploads\/2022\/02\/image-117.png?resize=300%2C262&amp;ssl=1 300w\" sizes=\"auto, (max-width: 302px) 100vw, 302px\" \/><\/figure>\n\n\n\n<p>  <mark style=\"background-color:rgba(0, 0, 0, 0);color:#a30004\" class=\"has-inline-color\"><strong>24 F\u00e9vrier en continu<\/strong><\/mark><\/p>\n\n\n\n<p><a href=\"https:\/\/www.lechorepublicain.fr\/dreux-28100\/actualites\/une-greve-chez-norgine-pharma-a-dreux-pour-des-meilleures-remunerations_14089405\/\" target=\"_blank\" rel=\"noreferrer noopener\">Une gr\u00e8ve chez Norgine Pharma \u00e0 Dreux pour des meilleures r\u00e9mun\u00e9rations<\/a>&nbsp;(L&rsquo;Echo R\u00e9publicain)<\/p>\n\n\n\n<p><a href=\"https:\/\/www.lamarseillaise.fr\/social\/la-colere-fusionne-chez-technicatome-EE10503007\" target=\"_blank\" rel=\"noreferrer noopener\">Aix Les Milles. La col\u00e8re fusionne chez TechnicAtome<\/a>&nbsp;(La Marseillaise)<\/p>\n\n\n\n<p><a href=\"https:\/\/www.lamarseillaise.fr\/social\/lafarge-betonne-par-des-greves-EE10502987\" target=\"_blank\" rel=\"noreferrer noopener\">Lafarge : b\u00e9tonn\u00e9 par des gr\u00e8ves<\/a>&nbsp;(La Marseillaise)<\/p>\n\n\n\n<p><a href=\"https:\/\/www.corsematin.com\/articles\/preavis-de-greve-depose-par-fo-a-la-police-municipale-de-bastia-123721\" target=\"_blank\" rel=\"noreferrer noopener\">Pr\u00e9avis de gr\u00e8ve d\u00e9pos\u00e9 par FO \u00e0 la police municipale de Bastia<\/a>&nbsp;(Corse Matin)<\/p>\n\n\n\n<p><a href=\"https:\/\/www.leprogres.fr\/economie\/2022\/02\/22\/des-salaries-de-verallia-en-greve-depuis-plus-d-un-mois\" target=\"_blank\" rel=\"noreferrer noopener\">Saint-Romain-le-Puy. Des salari\u00e9s de Verallia en gr\u00e8ve depuis plus d\u2019un mois<\/a>&nbsp;(Le Progr\u00e8s)<\/p>\n\n\n\n<p><a href=\"https:\/\/radioparleur.net\/2022\/02\/16\/luttes-climat-une-diversite-des-tactiques-face-au-blocage-politique\/\">Au restaurant Wepler, la gr\u00e8ve au menu apr\u00e8s les salaires \u00ab&nbsp;oubli\u00e9s&nbsp;\u00bb<\/a> (Radio Parleur)<\/p>\n\n\n\n<figure class=\"wp-block-image size-full\"><img data-recalc-dims=\"1\" loading=\"lazy\" decoding=\"async\" width=\"266\" height=\"148\" src=\"https:\/\/i0.wp.com\/www.rdpemancipation.org\/wp-content\/uploads\/2022\/02\/image-106.png?resize=266%2C148&#038;ssl=1\" alt=\"\" class=\"wp-image-72855\"\/><\/figure>\n\n\n\n<p><a href=\"https:\/\/www.frustrationmagazine.fr\/doit-on-vraiment-se-rejouir-de-la-baisse-du-chomage\/\"><strong>Doit-on vraiment se r\u00e9jouir de la baisse du ch\u00f4mage&nbsp;?<\/strong><\/a> (Frustration)<\/p>\n\n\n\n<figure class=\"wp-block-image size-full\"><img data-recalc-dims=\"1\" loading=\"lazy\" decoding=\"async\" width=\"265\" height=\"161\" src=\"https:\/\/i0.wp.com\/www.rdpemancipation.org\/wp-content\/uploads\/2022\/02\/image-107.png?resize=265%2C161&#038;ssl=1\" alt=\"\" class=\"wp-image-72857\"\/><\/figure>\n\n\n\n<p><a href=\"https:\/\/lareleveetlapeste.fr\/presidentielle-la-jeunesse-debute-un-periple-de-3000km-pour-recentrer-les-debats-sur-lecologie-et-la-justice-sociale\/\">Un p\u00e9riple de 3000 km pour recentrer les d\u00e9bats sur l\u2019\u00e9cologie et la justice sociale<\/a> (La rel\u00e8ve et la Peste)<\/p>\n\n\n\n<p><a href=\"https:\/\/www.lutte-ouvriere.org\/actualite\/echos\">Alstom-General Electric Belfort&nbsp;:&nbsp; Notre ennemi, c\u2019est le Patron<\/a> (LO)<\/p>\n\n\n\n<p><a href=\"https:\/\/www.lutte-ouvriere.org\/actualite\/echos\">Hutchinson &#8211; Ch\u00e2lette-sur-Loing (Loiret)&nbsp;:&nbsp; Les travailleurs ont relev\u00e9 la t\u00eate<\/a> (LO)<\/p>\n\n\n\n<p><a href=\"https:\/\/www.miroirsocial.com\/participatif\/accord-salarial-la-banque-postale\">Accord salarial \u00e0 la Banque Postale<\/a> (Miroir Social)<\/p>\n\n\n\n<p><a href=\"https:\/\/www.cgt.fr\/actualites\/interprofessionnel\/egalite-femmehomme\/le-8-mars-15h40-en-greve-pour-dire-stop-aux-inegalites-salariales\">Le 8 mars, \u00e0 14es 5h40 en gr\u00e8ve pour dire stop aux in\u00e9galit\u00e9s salariales<\/a> (CGT)<\/p>\n\n\n\n<figure class=\"wp-block-image is-resized\"><img data-recalc-dims=\"1\" loading=\"lazy\" decoding=\"async\" src=\"https:\/\/i0.wp.com\/www.cgt.fr\/sites\/default\/files\/styles\/blank_img_stle\/public\/2021-10\/Site_2000.jpg?resize=495%2C253&#038;ssl=1\" alt=\"Enqu\u00eate m\u00e9tiers du lien et du soin\" width=\"495\" height=\"253\"\/><\/figure>\n\n\n\n<p><a href=\"http:\/\/cgt-ales.over-blog.com\/2022\/02\/clinique-bonnefon-des-salarie-e-s-en-souffrance-mais-la-direction-elsan-tape-et-joue-le-pourrissement.html\" target=\"_blank\" rel=\"noreferrer noopener\">Al\u00e8s. Clinique Bonnefon :  la direction Elsan tape et joue le pourrissement<\/a>&nbsp;(cgt-ales)<\/p>\n\n\n\n<p><a href=\"http:\/\/www.cgt-unilever-hpc-france.com\/\" target=\"_blank\" rel=\"noreferrer noopener\">Gr\u00e8ve nationale pour les salaires \u00e0 Lafarge<\/a>&nbsp;(cgt-unilever-hpc-france<\/p>\n\n\n\n<p><a href=\"http:\/\/www.sante.cgt.fr\/Preavis-de-greve-specifique-ambulanciers-du-10-mars-2022\" target=\"_blank\" rel=\"noreferrer noopener\">Pr\u00e9avis de gr\u00e8ve sp\u00e9cifique ambulanciers du 10 mars 2022<\/a>&nbsp;(CGT)<\/p>\n\n\n\n<p><a href=\"https:\/\/la1ere.francetvinfo.fr\/nouvellecaledonie\/province-sud\/noumea\/operation-escargot-et-blocage-au-onzieme-jour-de-greve-le-conflit-karuia-bus-change-de-methode-1239016.html\" target=\"_blank\" rel=\"noreferrer noopener\">Noumea : au onzi\u00e8me jour de gr\u00e8ve, le conflit Karu\u00efa bus change d&rsquo;aspect<\/a>&nbsp;(la1ere)<\/p>\n\n\n\n<p><a href=\"https:\/\/la1ere.francetvinfo.fr\/guadeloupe\/11-jours-depuis-le-debut-de-la-greve-de-la-faim-de-denis-deloumaux-1238809.html\" target=\"_blank\" rel=\"noreferrer noopener\">11 jours depuis le d\u00e9but de la gr\u00e8ve de la faim de Denis Deloumaux<\/a>&nbsp;(la1ere)<\/p>\n\n\n\n<p><a href=\"http:\/\/vonews.fr\/2022\/02\/22\/dassault-en-greve-depuis-un-an-les-salaries-maintiennent-la-pression\/\" target=\"_blank\" rel=\"noreferrer noopener\">Dassault : en gr\u00e8ve depuis un an, les salari\u00e9s maintiennent la pression<\/a>&nbsp;(vonews fr)<\/p>\n\n\n\n<p><a href=\"https:\/\/objectifaquitaine.latribune.fr\/politique\/2022-02-23\/magna-powertrain-bordeaux-l-intersyndicale-appelle-a-la-greve-a-partir-de-ce-soir-904682.html\" target=\"_blank\" rel=\"noreferrer noopener\">Magna Powertrain Bordeaux : l&rsquo;intersyndicale appelle \u00e0 la gr\u00e8ve \u00e0 partir de ce soir<\/a>&nbsp;(Objectif Aquitaine)<\/p>\n\n\n\n<p><a href=\"https:\/\/abonne.lunion.fr\/id344792\/article\/2022-02-23\/la-greve-se-poursuit-toujours-au-centre-medico-social-precoce-depernay\" target=\"_blank\" rel=\"noreferrer noopener\">La gr\u00e8ve se poursuit toujours au centre m\u00e9dico-social pr\u00e9coce d\u2019\u00c9pernay<\/a>&nbsp;(L&rsquo;Union)<\/p>\n\n\n\n<p><a href=\"https:\/\/www.estrepublicain.fr\/social\/2022\/02\/23\/70-des-employes-en-greve-chez-sofidel\" target=\"_blank\" rel=\"noreferrer noopener\">Frouard. 70 % des employ\u00e9s en gr\u00e8ve chez Sofidel<\/a>&nbsp;(L&rsquo;Est R\u00e9publicain)<\/p>\n\n\n\n<p><a href=\"https:\/\/www.letelegramme.fr\/morbihan\/lorient\/a-lorient-les-maitres-nageurs-ne-veulent-pas-perdre-pied-23-02-2022-12927591.php?utm_source=rss_telegramme&amp;utm_medium=rss&amp;utm_campaign=rss&amp;xtor=RSS-21\" target=\"_blank\" rel=\"noreferrer noopener\">\u00c0 Lorient, les ma\u00eetres-nageurs ne veulent pas perdre pied<\/a>&nbsp;(Le T\u00e9l\u00e9gramme)<\/p>\n\n\n\n<p><a href=\"https:\/\/www.facebook.com\/luttesinvisibles\" title=\"Chronique du jour des mobilisations\">Mobilisations du jour<\/a> (Luttes Invisibles)<\/p>\n\n\n\n<p>Monde<\/p>\n\n\n\n<p><a href=\"https:\/\/www.nouvelles-du-monde.com\/chandigarh-fait-face-a-une-panne-de-courant-majeure-alors-que-les-employes-du-service-de-lelectricite-entament-une-greve-de-72-heures\/\" target=\"_blank\" rel=\"noreferrer noopener\">Inde. Chandigarh : les employ\u00e9s du service de l\u2019\u00e9lectricit\u00e9 en gr\u00e8ve de 72 heures<\/a>&nbsp;(Nouvelles du Monde)<\/p>\n\n\n\n<p><a href=\"https:\/\/www.rfi.fr\/fr\/podcasts\/journal-d-ha%C3%AFti-et-des-am%C3%A9riques\/20220222-hausse-du-salaire-minimum-en-ha%C3%AFti-de-nouveaux-appels-%C3%A0-manifester\" target=\"_blank\" rel=\"noreferrer noopener\">Hausse du salaire minimum en <strong>Ha\u00efti<\/strong> : de nouveaux appels \u00e0 manifester<\/a>&nbsp;(RFI)<\/p>\n\n\n\n<p><strong>Etats-Unis <\/strong>&#8211; <a href=\"https:\/\/jacobinmag.com\/2022\/02\/labor-strikes-militancy-unions-statistics-history\"><strong>Les non syndiqu\u00e9s ont repr\u00e9sent\u00e9 une part surprenante des gr\u00e9vistes en 2021<\/strong><\/a> (Jacobin)<\/p>\n\n\n\n<p><a href=\"https:\/\/fr.le360.ma\/societe\/les-enseignants-des-aref-en-greve-nationale-du-28-fevrier-au-6-mars-2022-255464\" target=\"_blank\" rel=\"noreferrer noopener\"><strong>Maroc<\/strong>. Les enseignants des AREF en gr\u00e8ve nationale du 28 f\u00e9vrier au 6 mars 2022<\/a>&nbsp;(Le 360 ma)<\/p>\n\n\n\n<p><strong>Myanmar<\/strong> &#8211; <a href=\"http:\/\/alencontre.org\/asie\/birmanie\/myanmar-les-syndicats-reclament-davantage-de-sanctions-contre-la-junte.html\">Les syndicats r\u00e9clament davantage de sanctions contre la junte<\/a> (A L\u2019Encontre)<\/p>\n\n\n\n<figure class=\"wp-block-image size-full\"><img data-recalc-dims=\"1\" loading=\"lazy\" decoding=\"async\" width=\"267\" height=\"179\" src=\"https:\/\/i0.wp.com\/www.rdpemancipation.org\/wp-content\/uploads\/2022\/02\/image-108.png?resize=267%2C179&#038;ssl=1\" alt=\"\" class=\"wp-image-72860\"\/><\/figure>\n\n\n\n<p><\/p>\n\n\n\n<p><a href=\"https:\/\/togobreakingnews.info\/togo-un-decret-encadre-le-syndicalisme-et-le-droit-de-greve\/\" target=\"_blank\" rel=\"noreferrer noopener\"><strong>Togo<\/strong>. Un d\u00e9cret encadre le syndicalisme et le droit de gr\u00e8ve<\/a>&nbsp;(togobreakingnews<\/p>\n\n\n\n<p><a href=\"https:\/\/trends.levif.be\/economie\/politique-economique\/inflation-record-et-greves-en-cascade-la-turquie-vit-un-printemps-ouvrier-inedit-en-images\/article-normal-1528965.html?cookie_check=1645629095\" target=\"_blank\" rel=\"noreferrer noopener\"><strong>Turquie<\/strong>. Inflation record et gr\u00e8ves en cascade: la Turquie vit \u00ab\u00a0un printemps ouvrier\u00a0\u00bb in\u00e9dit<\/a>&nbsp;(Le vif)<\/p>\n\n\n\n<p><\/p>\n\n\n\n<p><a href=\"https:\/\/lanticapitaliste.org\/actualite\/international\/quel-est-lavenir-du-syndicat-des-teamsters-aux-etats-unis-sous-une-nouvelle\">Quel est l\u2019avenir du syndicat des Teamsters aux <strong>\u00c9tats-Unis<\/strong> sous une nouvelle direction\u2009?<\/a> -Dan La Botz<\/p>\n\n\n\n<p>Analyse<\/p>\n\n\n\n<p><a href=\"https:\/\/renverse.co\/infos-locales\/article\/cafe-decroissance-la-bataille-de-l-eau-noire-3437\"><strong><em>La bataille de l\u2019eau noire<\/em>&nbsp; Ou comment j\u2019ai appris \u00e0 ne plus m\u2019en faire et \u00e0 aimer la dynamite<\/strong><\/a><strong> (Renvers\u00e9)<\/strong><\/p>\n\n\n\n<p><a href=\"https:\/\/www.franceinter.fr\/emissions\/affaires-sensibles\/affaires-sensibles-08-juin-2020\">Les bidonvilles de Nanterre <\/a>(Affaires Sensibles)<br><\/p>\n\n\n\n<p>  <mark style=\"background-color:rgba(0, 0, 0, 0);color:#a30004\" class=\"has-inline-color\"><strong>23 F\u00e9vrier en continu<\/strong><\/mark><\/p>\n\n\n\n<p><a href=\"https:\/\/jacobinmag.com\/2022\/02\/universal-welfare-state-benefits-household-income-composition\"><strong>Pourquoi nous avons besoin de l\u2019\u00c9tat-providence<\/strong><\/a> (Jacobin)<\/p>\n\n\n\n<p><a href=\"https:\/\/lareleveetlapeste.fr\/actions-individuelles-et-pression-sociale-comment-changer-le-monde\/\">Actions individuelles et pression sociale : comment changer le monde<\/a> (La Rel\u00e8ve et la Peste)<\/p>\n\n\n\n<p><a href=\"https:\/\/lareleveetlapeste.fr\/le-gouvernement-fait-appel-pour-maintenir-la-surveillance-ideologique-de-la-cellule-demeter\/\">Le gouvernement fait appel pour &nbsp;la \u00ab&nbsp;surveillance id\u00e9ologique&nbsp;\u00bb de la cellule Demeter<\/a> (La Rel\u00e8ve et la Peste)<\/p>\n\n\n\n<p><a href=\"https:\/\/la-bas.org\/la-bas-magazine\/reportages\/je-suis-vieille-et-je-vous-encule-attention-les-vieux-vont-se-revolter\">Je suis vieille \u2026 attention, les vieux vont se r\u00e9volter&nbsp;!<\/a> (L\u00e0-bas si j\u2019y suis)<\/p>\n\n\n\n<figure class=\"wp-block-image size-full\"><img data-recalc-dims=\"1\" loading=\"lazy\" decoding=\"async\" width=\"301\" height=\"171\" src=\"https:\/\/i0.wp.com\/www.rdpemancipation.org\/wp-content\/uploads\/2022\/02\/image-113.png?resize=301%2C171&#038;ssl=1\" alt=\"\" class=\"wp-image-72937\"\/><\/figure>\n\n\n\n<p><a href=\"https:\/\/www.lamule.media\/2022\/02\/21\/sur-le-chantier-du-lien-des-militant%c2%b7es-de-xr-bloquent-un-concasseur\/\">Sur le chantier du lien (Montpellier), des militants XR bloquent un concasseur<\/a> (La Mule)<\/p>\n\n\n\n<figure class=\"wp-block-image size-full\"><img data-recalc-dims=\"1\" loading=\"lazy\" decoding=\"async\" width=\"301\" height=\"202\" src=\"https:\/\/i0.wp.com\/www.rdpemancipation.org\/wp-content\/uploads\/2022\/02\/image-114.png?resize=301%2C202&#038;ssl=1\" alt=\"\" class=\"wp-image-72939\"\/><\/figure>\n\n\n\n<p><a href=\"https:\/\/www.lutte-ouvriere.org\/actualite\/echos\">Sainte-Savine (Aube)&nbsp;:&nbsp; Gr\u00e8ve pour les salaires \u00e0 Assa Abloy<\/a> (LO)<\/p>\n\n\n\n<p><a href=\"https:\/\/actu.fr\/ile-de-france\/paris_75056\/video-pourquoi-la-gare-d-austerlitz-a-paris-etait-si-sale-ce-matin_48876912.html\" target=\"_blank\" rel=\"noreferrer noopener\">Une gr\u00e8ve des agents d\u2019entretien de la gare d\u2019Austerlitz \u00e0 Paris<\/a>&nbsp;(<a href=\"http:\/\/actu.fr\/\" target=\"_blank\" rel=\"noreferrer noopener\">actu.fr<\/a>)<\/p>\n\n\n\n<p><\/p>\n\n\n\n<p><a href=\"https:\/\/www.miroirsocial.com\/index.php\/\">Rectorat de Grenoble : le personnel en danger<\/a> (Miroir social)<\/p>\n\n\n\n<p><a href=\"http:\/\/www.sudptt.org\/Quality-monitoring-Les-grandes-oreilles-de-LBP\">\u00ab\u00a0Quality monitoring\u00a0\u00bb &#8211; Les grandes oreilles de LBP<\/a>&nbsp; (Sud PTT)<\/p>\n\n\n\n<p><a href=\"https:\/\/solidaires.org\/Fonction-publique-Preavis-de-greve-intersyndical-pour-la-journee-de-greve-du-17\" target=\"_blank\" rel=\"noreferrer noopener\">(Fonction publique) Pr\u00e9avis de gr\u00e8ve intersyndical pour la journ\u00e9e de gr\u00e8ve du 17 mars<\/a>&nbsp;(solidaires)<\/p>\n\n\n\n<p><\/p>\n\n\n\n<p><a href=\"https:\/\/www.facebook.com\/luttesinvisibles\" title=\"Chronique du jour des mobilisations\">Mobilisations du jour<\/a> (Luttes Invisibles)<\/p>\n\n\n\n<figure class=\"wp-block-image is-resized is-style-default\"><img data-recalc-dims=\"1\" loading=\"lazy\" decoding=\"async\" src=\"https:\/\/i0.wp.com\/mamot.fr\/system\/cache\/media_attachments\/files\/107\/819\/227\/522\/643\/385\/original\/677f025af9c3f4c0.png?resize=363%2C305&#038;ssl=1\" alt=\"\" width=\"363\" height=\"305\"\/><\/figure>\n\n\n\n<p>  <mark style=\"background-color:rgba(0, 0, 0, 0);color:#a30004\" class=\"has-inline-color\"><strong>22 F\u00e9vrier en continu<\/strong><\/mark><\/p>\n\n\n\n<p><a href=\"https:\/\/www.challenges.fr\/emploi\/la-discrimination-a-l-embauche-touche-tous-les-metiers_801247\"><strong>France: La discrimination \u00e0 l&#8217;embauche touche tous les m\u00e9tiers<\/strong><\/a> (Challenges)<\/p>\n\n\n\n<p><a href=\"https:\/\/enquetecritique.org\/projets\/domination-policiere\/article\/la-domination-policiere-edition-augmentee\">Face \u00e0 la f\u00e9rocit\u00e9 polici\u00e8re&nbsp;: luttes et r\u00e9sistances<\/a> (Enqu\u00eate critique)<\/p>\n\n\n\n<p><a href=\"https:\/\/www.francebleu.fr\/infos\/economie-social\/face-a-la-greve-la-clinique-bonnefon-contrainte-de-transferer-ses-17-patients-hospitalises-1645458736\" target=\"_blank\" rel=\"noreferrer noopener\">Al\u00e8s. Face \u00e0 la gr\u00e8ve, la clinique Bonnefon transf\u00e9re ses 17 patients hospitalis\u00e9s<\/a>&nbsp;(France Bleu)<\/p>\n\n\n\n<p><a href=\"https:\/\/france3-regions.francetvinfo.fr\/auvergne-rhone-alpes\/rhone\/lyon\/lyon-les-salaries-de-biomerieux-en-greve-depuis-13-jours-pour-l-augmentation-des-salaires-2470090.html\" target=\"_blank\" rel=\"noreferrer noopener\">Lyon : Les salari\u00e9s de BioM\u00e9rieux en gr\u00e8ve depuis 13 jours pour l\u2019augmentation des salaires.<\/a>&nbsp;(France 3 R\u00e9gions)<\/p>\n\n\n\n<p><a href=\"https:\/\/actu.fr\/ile-de-france\/paris_75056\/transports-en-ile-de-france-la-greve-a-la-ratp-pourrait-reprendre-a-la-rentree_48867179.html\" target=\"_blank\" rel=\"noreferrer noopener\">Transports en Ile-de-France : la gr\u00e8ve \u00e0 la RATP pourrait reprendre \u00e0 la rentr\u00e9e<\/a>&nbsp;(Actu)<\/p>\n\n\n\n<p><a href=\"https:\/\/www.ouest-france.fr\/bretagne\/brest-29200\/a-brest-des-infirmieres-en-greve-pour-rester-a-temps-partiel-8bb86dca-9302-11ec-8cb6-fa932bdd1d48\" target=\"_blank\" rel=\"noreferrer noopener\">\u00c0 Brest, des infirmi\u00e8res en gr\u00e8ve pour rester \u00e0 temps partiel<\/a>&nbsp;(Ouest France)<\/p>\n\n\n\n<p><a href=\"https:\/\/www.francebleu.fr\/infos\/economie-social\/industrie-les-salaries-de-valeo-de-sable-sur-sarthe-font-greve-pour-les-salaires-1645456485\" target=\"_blank\" rel=\"noreferrer noopener\">Industrie : les salari\u00e9s de Val\u00e9o de Sabl\u00e9-sur-Sarthe font gr\u00e8ve pour les salaires<\/a>&nbsp;(France Bleu)<\/p>\n\n\n\n<p><a href=\"https:\/\/www.ouest-france.fr\/bretagne\/beignon-56380\/beignon-en-greve-des-employes-de-fenetrea-denoncent-le-cout-de-la-vie-devenu-insupportable-07c1811a-933d-11ec-9824-4c203c1cfb27\" target=\"_blank\" rel=\"noreferrer noopener\">Beignon. Gr\u00e8ve&nbsp;: des employ\u00e9s de Fen\u00eatr\u00e9A d\u00e9noncent \u00ab le co\u00fbt de la vie insupportable\u00bb<\/a>&nbsp;(Ouest France)<\/p>\n\n\n\n<p><a href=\"https:\/\/solidaires.org\/Les-luttes-sur-les-salaires-continuent-et-doivent-s-amplifier-En-greve-le-17\" target=\"_blank\" rel=\"noreferrer noopener\">Les luttes sur les salaires continuent et doivent s\u2019amplifier &#8211; En gr\u00e8ve le 17 mars<\/a>&nbsp;(Solidaires)<\/p>\n\n\n\n<p><a href=\"https:\/\/premium.courrier-picard.fr\/id280701\/article\/2022-02-20\/appel-la-greve-pour-les-salaires-chez-assoy-abloy-oust-marest\" target=\"_blank\" rel=\"noreferrer noopener\">Appel \u00e0 la gr\u00e8ve pour les salaires chez Assoy Abloy, \u00e0 Oust-Marest<\/a>&nbsp;(Courrier Picard)<\/p>\n\n\n\n<p><a href=\"https:\/\/www.mlyon.fr\/202378-les-sage-femmes-de-l-hopital-lyon-sud-appeles-a-faire-greve-a-compter-de-ce-lundi.html\" target=\"_blank\" rel=\"noreferrer noopener\">Les sage-femmes de l&rsquo;h\u00f4pital Lyon-Sud appel\u00e9s \u00e0 faire gr\u00e8ve \u00e0 compter de ce lundi<\/a>&nbsp;(mlyon)<\/p>\n\n\n\n<p><a href=\"https:\/\/www.ouest-france.fr\/pays-de-la-loire\/angers-49000\/angers-greve-dans-les-ecoles-les-parents-vont-trinquer-des-la-rentree-59e3cf10-926c-11ec-9cda-3882612f8110\" target=\"_blank\" rel=\"noreferrer noopener\">Angers. Gr\u00e8ve dans les \u00e9coles : les parents vont trinquer d\u00e8s la rentr\u00e9e<\/a>&nbsp;(Ouest France)<\/p>\n\n\n\n<p><a href=\"https:\/\/www.cgt.fr\/comm-de-presse\/face-la-precarite-energetique-exigeons-dautres-mesures\">Face \u00e0 la pr\u00e9carit\u00e9 \u00e9nerg\u00e9tique, exigeons d\u2019autres mesures !<\/a> (CGT)<\/p>\n\n\n\n<figure class=\"wp-block-image is-resized is-style-default\"><img data-recalc-dims=\"1\" loading=\"lazy\" decoding=\"async\" src=\"https:\/\/i0.wp.com\/mamot.fr\/system\/media_attachments\/files\/107\/807\/749\/937\/343\/921\/original\/46d557dc9caee804.png?resize=424%2C430&#038;ssl=1\" alt=\"\" width=\"424\" height=\"430\"\/><\/figure>\n\n\n\n<p>Monde<\/p>\n\n\n\n<p><a href=\"https:\/\/fr.yna.co.kr\/view\/AFR20220221001700884\" target=\"_blank\" rel=\"noreferrer noopener\"><strong>Cor\u00e9e<\/strong> &#8211; L&rsquo;union des livreurs hausse le ton pour un dialogue avec CJ Korea Express<\/a>&nbsp;(Yonhap)<\/p>\n\n\n\n<p><a href=\"https:\/\/www.lebrief.ma\/15343-hausse-des-prix-des-manifestations-eclatent-dans-plusieurs-villes-du-maroc\" target=\"_blank\" rel=\"noreferrer noopener\"><strong>Maroc &#8211;<\/strong> Hausse de prix : des manifestations \u00e9clatent dans plusieurs villes<\/a>&nbsp;(Le Brief)<\/p>\n\n\n\n<p><a href=\"https:\/\/www.newswire.ca\/fr\/news-releases\/mouvement-de-greve-historique-plus-de-1400-organismes-communautaires-en-action-cette-semaine-880614305.html\" target=\"_blank\" rel=\"noreferrer noopener\"><strong>Qu\u00e9bec <\/strong>&#8211; Gr\u00e8ve historique &#8211; Plus de 1400 organismes en action cette semaine<\/a>&nbsp;(Newswire)<\/p>\n\n\n\n<p>Analyse<\/p>\n\n\n\n<p><a href=\"https:\/\/jacobinmag.com\/2022\/02\/communist-manifesto-anniversary-history-revolutions-marx-engels\"><strong>Le Manifeste communiste&nbsp;Montre pourquoi le capitalisme ne durera pas \u00e9ternellement<\/strong><\/a> (Jacobin)<\/p>\n\n\n\n<figure class=\"wp-block-image size-full is-resized is-style-default\"><img data-recalc-dims=\"1\" loading=\"lazy\" decoding=\"async\" src=\"https:\/\/i0.wp.com\/www.rdpemancipation.org\/wp-content\/uploads\/2022\/02\/image-91.png?resize=437%2C227&#038;ssl=1\" alt=\"\" class=\"wp-image-72480\" width=\"437\" height=\"227\"\/><\/figure>\n\n\n\n<p><a href=\"https:\/\/jacobinmag.com\/2022\/02\/us-imperialism-third-world-movement-vietnam-global-south-foreign-policy-intervention\">La d\u00e9faite des progressistes dans les pays du Sud a rendu possible l\u2019h\u00e9g\u00e9monie am\u00e9ricaine<\/a> (Jacobin)<\/p>\n\n\n\n<figure class=\"wp-block-image size-full\"><img data-recalc-dims=\"1\" loading=\"lazy\" decoding=\"async\" width=\"293\" height=\"197\" src=\"https:\/\/i0.wp.com\/www.rdpemancipation.org\/wp-content\/uploads\/2022\/02\/image-92.png?resize=293%2C197&#038;ssl=1\" alt=\"\" class=\"wp-image-72481\"\/><\/figure>\n\n\n\n<p><a href=\"https:\/\/blogs.mediapart.fr\/jean-marc-b\/blog\/210222\/le-blues-parle-du-syndicat-francois-beranger\">Le blues parl\u00e9 du syndicat <\/a>&#8211; Fran\u00e7ois B\u00e9ranger<\/p>\n\n\n\n<p><mark style=\"background-color:rgba(0, 0, 0, 0);color:#a30004\" class=\"has-inline-color\"><strong>21 F\u00e9vrier en continu<\/strong><\/mark><\/p>\n\n\n\n<p><a href=\"https:\/\/www.ouest-france.fr\/pays-de-la-loire\/saint-nazaire-44600\/saint-nazaire-gros-malaise-au-centre-communal-d-action-sociale-32a7309a-8f33-11ec-91ef-c5100846ffb2\" target=\"_blank\" rel=\"noreferrer noopener\">Saint-Nazaire. Gros malaise au Centre communal d\u2019action sociale<\/a>(ouest-france)<\/p>\n\n\n\n<p><a href=\"https:\/\/www.lamontagne.fr\/cusset-03300\/actualites\/la-carriere-des-malavaux-de-cusset-a-larret_14088203\/\" target=\"_blank\" rel=\"noreferrer noopener\">La carri\u00e8re des Malavaux de Cusset \u00e0 l\u2019arr\u00eat<\/a> (lamontagne)<\/p>\n\n\n\n<p><a href=\"https:\/\/libertehebdo.fr\/entreprises\/article\/gaziers-la-lutte-continue\" target=\"_blank\" rel=\"noreferrer noopener\">Roubaix gaziers : la lutte continue<\/a> (libertehebdo)<\/p>\n\n\n\n<p><a href=\"https:\/\/www.ouest-france.fr\/normandie\/caen-14000\/chu-de-caen-une-greve-illimitee-aux-urgences-pour-denoncer-un-manque-de-personnel-ea99a0a8-90a4-11ec-8643-d1f725129785\" target=\"_blank\" rel=\"noreferrer noopener\">CHU de Caen : une gr\u00e8ve illimit\u00e9e aux urgences pour d\u00e9noncer un manque de personnel<\/a> (ouest-france)<\/p>\n\n\n\n<p><a href=\"https:\/\/www.alterpresse68.info\/2022\/02\/18\/mouvement-de-greve-intersyndical-dans-les-societes-de-securite-a-mulhouse-et-en-region\/\" target=\"_blank\" rel=\"noreferrer noopener\">Mouvement de gr\u00e8ve intersyndical chez les agents de s\u00e9curit\u00e9 \u00e0 Colmar et en r\u00e9gion<\/a>(alterpresse68)<\/p>\n\n\n\n<p><a href=\"https:\/\/www.lindependant.fr\/2022\/02\/18\/pyrenees-orientales-les-carrieristes-de-lafarge-mobilises-pour-leurs-salaires-10119195.php\" target=\"_blank\" rel=\"noreferrer noopener\">Pyr\u00e9n\u00e9es-Orientales : les carri\u00e9ristes de Lafarge mobilis\u00e9s pour leurs salaires<\/a>(lindependant)<\/p>\n\n\n\n<p><a href=\"https:\/\/france3-regions.francetvinfo.fr\/auvergne-rhone-alpes\/loire\/la-production-de-trois-sites-lustucru-dans-le-rhone-et-la-loire-a-repris-apres-10-jours-de-greve-pour-les-salaires-2467579.html\">La production de 3 sites Lustucru a repris apr\u00e8s 10 jours de gr\u00e8ve pour les salaires<\/a> (France 3))<\/p>\n\n\n\n<p><a href=\"https:\/\/www.humanite.fr\/social-eco\/fonderie-sam\/mh-industries-va-t-il-racheter-la-sam-739064\">MH Industries va-t-il racheter la SAM\u2009?<\/a> (L\u2019Humanit\u00e9)<\/p>\n\n\n\n<p><a href=\"https:\/\/www.force-ouvriere.fr\/quand-la-cour-des-comptes-pointe-les-carences-du-plan-jeunes\">Quand la Cour des comptes pointe les carences du \u00ab&nbsp;plan jeunes&nbsp;\u00bb<\/a> (FO)<\/p>\n\n\n\n<p>x<a href=\"https:\/\/www.revolutionpermanente.fr\/Greve-a-la-SNCF-pour-les-salaires-et-des-embauches-aucun-TER-au-depart-et-a-l-arrivee-de-Bordeaux\">Gr\u00e8ve \u00e0 la SNCF pour les salaires et des embauches&nbsp;: aucun TER au d\u00e9part et \u00e0 l\u2019arriv\u00e9e de Bordeaux <\/a>(RP)<\/p>\n\n\n\n<p><a href=\"https:\/\/www.lamontagne.fr\/cusset-03300\/actualites\/mouvement-de-greve-a-la-carriere-des-malavaux-a-cusset-allier_14088203\/\" target=\"_blank\" rel=\"noreferrer noopener\">Mouvement de gr\u00e8ve \u00e0 la carri\u00e8re des Malavaux, \u00e0 Cusset (Allier)<\/a>&nbsp;(La Montagne)<\/p>\n\n\n\n<p><a href=\"https:\/\/www.alternatives-economiques.fr\/penuries-de-main-doeuvre-rarement-grimper-salaires\/00102282?utm_source=emailing&amp;utm_medium=email&amp;utm_campaign=hebdo&amp;utm_content=20022022\">RECRUTEMENT.&nbsp;Les p\u00e9nuries de main-d\u2019\u0153uvre font rarement grimper les salaires<\/a> (Alter Eco)<\/p>\n\n\n\n<p><a href=\"http:\/\/nbh-pour-un-nouveau-bloc-historique.over-blog.com\/2022\/02\/greve-a-la-ratp-un-bon-signal.html\" target=\"_blank\" rel=\"noreferrer noopener\"><strong>Gr\u00e8ve \u00e0 la RATP : un bon signal<\/strong><\/a>&nbsp;(NBH-pour-un-nouveau-bloc-historique)<\/p>\n\n\n\n<p><a href=\"https:\/\/cgtmairienanterre.blogspot.com\/2022\/02\/le-8-mars-greve-feministe-pour-legalite.html\" target=\"_blank\" rel=\"noreferrer noopener\">Le 8 mars 2022 : Gr\u00e8ve f\u00e9ministe pour l&rsquo;\u00e9galit\u00e9 professionnelle<\/a>&nbsp;(CGT Mairie Nanterre)<\/p>\n\n\n\n<p><a href=\"https:\/\/www.macommune.info\/manifestation-environ-400-personnes-mobilisees-ce-samedi-a-besancon\/\" target=\"_blank\" rel=\"noreferrer noopener\">Manifestation libert\u00e9s : environ 400 personnes mobilis\u00e9es ce samedi \u00e0 Besan\u00e7on<\/a>&nbsp;(Ma Commune)<\/p>\n\n\n\n<figure class=\"wp-block-image size-full\"><img data-recalc-dims=\"1\" loading=\"lazy\" decoding=\"async\" width=\"271\" height=\"174\" src=\"https:\/\/i0.wp.com\/www.rdpemancipation.org\/wp-content\/uploads\/2022\/02\/image-86.png?resize=271%2C174&#038;ssl=1\" alt=\"\" class=\"wp-image-72301\"\/><figcaption>Besan\u00e7on, Place de la r\u00e9volution, ce samedi 19 f\u00e9vrier<\/figcaption><\/figure>\n\n\n\n<p><a href=\"https:\/\/www.lavoixdunord.fr\/1142786\/article\/2022-02-19\/metropole-lilloise-fortes-perturbations-sur-le-reseau-tramway-lundi\" target=\"_blank\" rel=\"noreferrer noopener\">M\u00e9tropole lilloise : fortes perturbations sur le r\u00e9seau tramway lundi<\/a>&nbsp;(La Voix du Nord)<\/p>\n\n\n\n<p><a href=\"https:\/\/www.rci.fm\/martinique\/infos\/Social\/Le-nouveau-president-du-SMTVD-signe-un-premier-accord-avec-lUSAM\" target=\"_blank\" rel=\"noreferrer noopener\">Martinique. Le nouveau pr\u00e9sident du SMTVD signe un premier accord avec l&rsquo;USAM<\/a>&nbsp;(RCI)<\/p>\n\n\n\n<p><a href=\"https:\/\/rci.fm\/guadeloupe\/infos\/Social\/Le-Collectif-des-organisations-defile-au-Lamentin\" target=\"_blank\" rel=\"noreferrer noopener\">Guadeloupe. Le Collectif des organisations d\u00e9file au Lamentin<\/a>&nbsp;(RCI)<\/p>\n\n\n\n<p><a href=\"https:\/\/www.alternatives-economiques.fr\/chomeurs-ne-boudent-offres-demploi-4-autres-infographies-a-ne\/00102234?utm_source=emailing&amp;utm_medium=email&amp;utm_campaign=hebdo&amp;utm_content=20022022\">GRAPHORAMA. Les ch\u00f4meurs ne boudent pas les offres d\u2019emploi<\/a> (Alter Eco)<\/p>\n\n\n\n<p><a href=\"https:\/\/radioparleur.net\/2022\/02\/16\/luttes-climat-une-diversite-des-tactiques-face-au-blocage-politique\/\">Luttes climat&nbsp;: diversit\u00e9 des tactiques face au blocage politique<\/a> (Radioparleur)<\/p>\n\n\n\n<figure class=\"wp-block-image size-full\"><img data-recalc-dims=\"1\" loading=\"lazy\" decoding=\"async\" width=\"265\" height=\"154\" src=\"https:\/\/i0.wp.com\/www.rdpemancipation.org\/wp-content\/uploads\/2022\/02\/image-87.png?resize=265%2C154&#038;ssl=1\" alt=\"\" class=\"wp-image-72302\"\/><\/figure>\n\n\n\n<p><a href=\"https:\/\/barrikade.info\/article\/5020\">Se battre en vaut la peine &#8211; d\u00e9fendre les r\u00e9alisations contre les attaques r\u00e9actionnaires<\/a> (All. &#8211; Barrikade)<\/p>\n\n\n\n<p><a href=\"https:\/\/jacobinmag.com\/2022\/02\/gig-prop-22-flexibility-contractors-anti-racism-social-justice-lyft-uber-instacart\">Les employeurs de salari\u00e9s ub\u00e9ris\u00e9s d\u00e9guisent l\u2019exploitation en justice sociale<\/a> (Jacobin)<\/p>\n\n\n\n<p>Monde<\/p>\n\n\n\n<p><a href=\"https:\/\/agpgabon.ga\/sogatra-la-greve-se-poursuit\/\"><strong>Gabon<\/strong> : SOGATRA : la gr\u00e8ve se poursuit<\/a> (AGP)<\/p>\n\n\n\n<p><a href=\"https:\/\/www.liberte-algerie.com\/est\/les-travailleurs-en-greve-depuis-une-semaine-373600\" target=\"_blank\" rel=\"noreferrer noopener\"><strong>Alg\u00e9rie<\/strong> &#8211; Annaba Les travailleurs en gr\u00e8ve depuis une semaine<\/a>&nbsp;(liberte-Algerie)<\/p>\n\n\n\n<p><a href=\"https:\/\/maliactu.net\/la-synergie-des-syndicats-des-telecommunications-en-greve-du-21-au-25-fevrier-vers-une-paralysie-des-reseaux-orange-mali-et-moov-africa-malitel\/\" target=\"_blank\" rel=\"noreferrer noopener\"><strong>Mali<\/strong> &#8211; Gr\u00e8ve des syndicats des t\u00e9l\u00e9com le 21 : Vers une paralysie des r\u00e9seaux.<\/a>&nbsp;?&nbsp;(maliactu)<\/p>\n\n\n\n<p><a href=\"https:\/\/www.seneweb.com\/news\/Education\/greve-des-enseignants-l-rsquo-etat-casqu_n_371893.html\" target=\"_blank\" rel=\"noreferrer noopener\"><strong>S\u00e9n\u00e9gal<\/strong> &#8211; Gr\u00e8ve des enseignants : L\u2019\u00c9tat casque pr\u00e8s de 80 milliards Fcfa, <\/a>&nbsp;(Seneweb)<\/p>\n\n\n\n<p>Analyse<\/p>\n\n\n\n<p><a href=\"https:\/\/renverse.co\/infos-locales\/article\/sarcem-une-improbable-occupation-3431\"><strong>Une occupation d\u2019usine \u00e0 Gen\u00e8ve&nbsp;? Pas possible. Mais si, c\u2019\u00e9tait en 1976 \u00e0 Meyrin<\/strong><\/a> (Renvers\u00e9)<\/p>\n\n\n\n<figure class=\"wp-block-image size-full\"><img data-recalc-dims=\"1\" loading=\"lazy\" decoding=\"async\" width=\"269\" height=\"159\" src=\"https:\/\/i0.wp.com\/www.rdpemancipation.org\/wp-content\/uploads\/2022\/02\/image-88.png?resize=269%2C159&#038;ssl=1\" alt=\"\" class=\"wp-image-72305\"\/><\/figure>\n\n\n\n<p><mark style=\"background-color:rgba(0, 0, 0, 0);color:#a30004\" class=\"has-inline-color\"><strong>20 F\u00e9vrier en continu<\/strong><\/mark><\/p>\n\n\n\n<p><a href=\"https:\/\/www.laprovence.com\/article\/economie\/6664653\/daubagne-a-la-ciotat-les-salaries-de-thales-en-greve.html\" target=\"_blank\" rel=\"noreferrer noopener\">D&rsquo;Aubagne \u00e0 La Ciotat : les salari\u00e9s de Thales en gr\u00e8ve<\/a>&nbsp;(La Provence)<\/p>\n\n\n\n<p><a href=\"https:\/\/www.evasionfm.com\/actualite-74321-l-usine-de-safran-a-reau-a-ete-le-theatre-d-une-importante-manifestation.html\" target=\"_blank\" rel=\"noreferrer noopener\"><strong>L&rsquo;usine de Safran \u00e0 R\u00e9au a \u00e9t\u00e9 le th\u00e9\u00e2tre d&rsquo;une importante manifestation<\/strong><\/a>&nbsp;(Evasionfm)<\/p>\n\n\n\n<p><a href=\"https:\/\/www.larep.fr\/montargis-45200\/actualites\/greve-la-direction-d-hutchinson-fait-appel-a-la-justice-afin-de-faire-cesser-le-blocage-de-l-usine-a-chalette-sur-loing_14087883\/\" target=\"_blank\" rel=\"noreferrer noopener\">Hutchinson appelle \u00e0 la justice pour faire cesser le blocage \u00e0 Ch\u00e2lette-sur-Loing<\/a> (La Republique)<\/p>\n\n\n\n<figure class=\"wp-block-image size-full\"><img data-recalc-dims=\"1\" loading=\"lazy\" decoding=\"async\" width=\"306\" height=\"206\" src=\"https:\/\/i0.wp.com\/www.rdpemancipation.org\/wp-content\/uploads\/2022\/02\/image-83.png?resize=306%2C206&#038;ssl=1\" alt=\"\" class=\"wp-image-72165\" srcset=\"https:\/\/i0.wp.com\/www.rdpemancipation.org\/wp-content\/uploads\/2022\/02\/image-83.png?w=306&amp;ssl=1 306w, https:\/\/i0.wp.com\/www.rdpemancipation.org\/wp-content\/uploads\/2022\/02\/image-83.png?resize=300%2C202&amp;ssl=1 300w\" sizes=\"auto, (max-width: 306px) 100vw, 306px\" \/><\/figure>\n\n\n\n<p><a href=\"https:\/\/www.lindependant.fr\/2022\/02\/18\/pyrenees-orientales-les-carrieristes-de-lafarge-mobilises-pour-leurs-salaires-10119195.php\" target=\"_blank\" rel=\"noreferrer noopener\">Pyr\u00e9n\u00e9es-Orientales : les carri\u00e9ristes de Lafarge mobilis\u00e9s pour leurs salaires<\/a> (L\u2019Independant)<\/p>\n\n\n\n<p><a href=\"https:\/\/www.ledauphine.com\/sante\/2022\/02\/18\/guilherand-granges-les-sages-femmes-de-la-clinique-pasteur-ont-repris-le-travail-mais\" target=\"_blank\" rel=\"noreferrer noopener\">Guilherand-Granges : les sages-femmes de la clinique Pasteur ont repris le travail mais\u2026<\/a> (Le Dauphin\u00e9)<\/p>\n\n\n\n<p><a href=\"https:\/\/www.ledauphine.com\/social\/2022\/02\/17\/la-greve-se-poursuit-a-lafarge-granulats\" target=\"_blank\" rel=\"noreferrer noopener\">Ch\u00e2teauneuf-du-Rh\u00f4ne : la gr\u00e8ve se poursuit \u00e0 Lafarge granulats<\/a> (Le Dauphin\u00e9)<\/p>\n\n\n\n<p><a href=\"https:\/\/npa45.org\/2022\/02\/18\/greve-a-hutchinson-de-chalette-sur-loing-de-vrais-salaires-pas-des-miettes-greves-partout-chez-hutchinson\/\" target=\"_blank\" rel=\"noreferrer noopener\">De vrais salaires pas des \u00ab miettes \u00bb ! Gr\u00e8ves partout chez HUTCHINSON !<\/a> (NPA 45)<\/p>\n\n\n\n<p><a href=\"https:\/\/www.sudouest.fr\/economie\/transports\/circulation-en-gironde\/greve-des-aiguilleurs-aucun-ter-ne-circule-dans-le-bordelais-9090277.php\" target=\"_blank\" rel=\"noreferrer noopener\">Gr\u00e8ve des aiguilleurs : aucun TER ne circule dans le Bordelais<\/a> (Sud Ouest)<\/p>\n\n\n\n<p><strong><a href=\"https:\/\/www.facebook.com\/luttesinvisibles\" title=\"Chronique du jour des mobilisations\">Mobilisations du jour<\/a> (Luttes Invisibles<\/strong>)<\/p>\n\n\n\n<figure class=\"wp-block-image size-full is-resized\"><img data-recalc-dims=\"1\" loading=\"lazy\" decoding=\"async\" src=\"https:\/\/i0.wp.com\/www.rdpemancipation.org\/wp-content\/uploads\/2022\/02\/image-85.png?resize=457%2C239&#038;ssl=1\" alt=\"\" class=\"wp-image-72244\" width=\"457\" height=\"239\" srcset=\"https:\/\/i0.wp.com\/www.rdpemancipation.org\/wp-content\/uploads\/2022\/02\/image-85.png?w=473&amp;ssl=1 473w, https:\/\/i0.wp.com\/www.rdpemancipation.org\/wp-content\/uploads\/2022\/02\/image-85.png?resize=300%2C157&amp;ssl=1 300w\" sizes=\"auto, (max-width: 457px) 100vw, 457px\" \/><\/figure>\n\n\n\n<p><strong>Monde<\/strong><\/p>\n\n\n\n<p><a href=\"https:\/\/www.lexpressiondz.com\/nationale\/les-travailleurs-reclament-leurs-salaires-353721\" target=\"_blank\" rel=\"noreferrer noopener\"><strong>Alg\u00e9rie <\/strong>&#8211; Tension \u00e0 l&rsquo;entreprise Estep d&rsquo;Annaba Les travailleurs r\u00e9clament leurs salaires<\/a>&nbsp;(L\u2019expression)<\/p>\n\n\n\n<p><a href=\"https:\/\/lenational.org\/post_article.php?pol=1940\" target=\"_blank\" rel=\"noreferrer noopener\"><strong>Haiti<\/strong> &#8211; <strong>4e journ\u00e9e de manifestation des ouvriers<\/strong><\/a>&nbsp;(Le National)<\/p>\n\n\n\n<figure class=\"wp-block-image size-full is-resized\"><img data-recalc-dims=\"1\" loading=\"lazy\" decoding=\"async\" src=\"https:\/\/i0.wp.com\/www.rdpemancipation.org\/wp-content\/uploads\/2022\/02\/image-84.png?resize=560%2C318&#038;ssl=1\" alt=\"\" class=\"wp-image-72166\" width=\"560\" height=\"318\" srcset=\"https:\/\/i0.wp.com\/www.rdpemancipation.org\/wp-content\/uploads\/2022\/02\/image-84.png?w=315&amp;ssl=1 315w, https:\/\/i0.wp.com\/www.rdpemancipation.org\/wp-content\/uploads\/2022\/02\/image-84.png?resize=300%2C170&amp;ssl=1 300w\" sizes=\"auto, (max-width: 560px) 100vw, 560px\" \/><\/figure>\n\n\n\n<p><\/p>\n\n\n\n<p><a href=\"https:\/\/blogs.mediapart.fr\/jean-marc-b\/blog\/190222\/le-reveil-de-la-classe-ouvriere-turque\"><strong>Le r\u00e9veil de la classe ouvri\u00e8re turque <\/strong><\/a><strong>(In defense of marxism)<\/strong><\/p>\n\n\n\n<p>Analyse<\/p>\n\n\n\n<p><strong><a href=\"https:\/\/blogs.mediapart.fr\/jean-marc-b\/blog\/200222\/les-luttes-sociales-sont-en-train-denvahir-la-periode-electorale-j-chastaing\">Les luttes sociales sont en train d&rsquo;envahir la p\u00e9riode \u00e9lectorale <\/a>&#8211; J. Chastaing<\/strong><\/p>\n\n\n\n<p><a href=\"https:\/\/www.nonfiction.fr\/article-11199-ecologisme-et-lutte-des-classes.htm\">\u00c9cologisme et lutte des classes<\/a> (Non fiction)<\/p>\n\n\n\n<p><a href=\"https:\/\/www.politis.fr\/articles\/2022\/02\/communisme-et-mepris-de-classe-44090\/\">\u00ab\u2009Communisme\u2009\u00bb et m\u00e9pris de classe <\/a>&nbsp;(Politis)<\/p>\n\n\n\n<p><a href=\"http:\/\/www.sudptt.org\/33-665-salarie-es-d-Orange-soit-46-2-ont\">Orange&nbsp;: d\u00e9gradation g\u00e9n\u00e9ralis\u00e9e des conditions de travail <\/a>&nbsp;(Sud PTT)<\/p>\n\n\n\n<p><a href=\"https:\/\/elucid.media\/economie\/explosion-chomage-frederic-farah-coupable-precarite-emploi\/\">Explosion du ch\u00f4mage&nbsp;: Qui est coupable&nbsp;?<\/a> (Elucid)<\/p>\n\n\n\n<p><a href=\"https:\/\/www.lutte-ouvriere.org\/breves\/cour-des-comptes-ceux-qui-encaissent-et-ceux-qui-payent-211296.html\">Cour des comptes : ceux qui encaissent et ceux qui payent<\/a> (LO)<\/p>\n\n\n\n<p><a href=\"https:\/\/www.inegalites.fr\/Les-inegalites-creent-des-tensions-majeures-Entretien-avec-Louis-Maurin\">\u00ab&nbsp;Les in\u00e9galit\u00e9s cr\u00e9ent des tensions majeures&nbsp;\u00bb. Entretien avec Louis Maurin<\/a> (Observatoire des In\u00e9galit\u00e9s)<\/p>\n\n\n\n<p><mark style=\"background-color:rgba(0, 0, 0, 0);color:#a30004\" class=\"has-inline-color\"><strong>19 F\u00e9vrier en continu<\/strong><\/mark><\/p>\n\n\n\n<p><a href=\"https:\/\/www.monde-diplomatique.fr\/2021\/06\/BAQUE\/63177\">GIFI&nbsp;: Inflation et mouvement social bousculent le roi de la pacotille<\/a> (Monde Diplo.)<\/p>\n\n\n\n<p><a href=\"https:\/\/www.convergencesrevolutionnaires.org\/Nettoyage-les-sous-traitants-de-la-SNCF-en-greve-pour-leurs-emplois-a-Marseille?navthem=1\">Nettoyage&nbsp;: les sous-traitants de la SNCF en gr\u00e8ve pour l\u2019emploi \u00e0 Marseille et Aix-en-Provence<\/a> (Conv. R\u00e9vol.)<\/p>\n\n\n\n<figure class=\"wp-block-image size-full is-resized\"><img data-recalc-dims=\"1\" loading=\"lazy\" decoding=\"async\" src=\"https:\/\/i0.wp.com\/www.rdpemancipation.org\/wp-content\/uploads\/2022\/02\/image-82.png?resize=512%2C291&#038;ssl=1\" alt=\"\" class=\"wp-image-72030\" width=\"512\" height=\"291\" srcset=\"https:\/\/i0.wp.com\/www.rdpemancipation.org\/wp-content\/uploads\/2022\/02\/image-82.png?w=310&amp;ssl=1 310w, https:\/\/i0.wp.com\/www.rdpemancipation.org\/wp-content\/uploads\/2022\/02\/image-82.png?resize=300%2C170&amp;ssl=1 300w\" sizes=\"auto, (max-width: 512px) 100vw, 512px\" \/><\/figure>\n\n\n\n<p><a href=\"https:\/\/fdgpierrebe.over-blog.com\/2022\/02\/iris-bus-annonay-les-salaries-avec-la-cgt-en-greve-illimitee-depuis-le-10-fevrier-pour-les-salaires.html\" target=\"_blank\" rel=\"noreferrer noopener\">Iris Bus Annonay les salari\u00e9s en gr\u00e8ve illimit\u00e9e depuis le 10 f\u00e9vrier pour les salaires<\/a> (FDG pierrebe)<\/p>\n\n\n\n<p><a href=\"http:\/\/cgt-ales.over-blog.com\/2022\/02\/lutte-des-salarie-e-de-bonnefon-la-sante-n-est-pas-une-marchandise.html\" target=\"_blank\" rel=\"noreferrer noopener\">Gard. Lutte des salari\u00e9(e)s de Bonnefon.<\/a> (CGT-Ales)<\/p>\n\n\n\n<p><a href=\"https:\/\/www.ladepeche.fr\/2022\/02\/16\/toulouse-les-salaries-du-transporteur-ups-en-greve-10115153.php\" target=\"_blank\" rel=\"noreferrer noopener\">Toulouse. UPS en gr\u00e8ve.<\/a> (La D\u00e9p\u00eache)<\/p>\n\n\n\n<p><a href=\"https:\/\/www.ledauphine.com\/social\/2022\/02\/17\/valence-manifestation-des-agents-devant-le-centre-penitentiaire\" target=\"_blank\" rel=\"noreferrer noopener\">Valence : manifestation des agents devant le centre p\u00e9nitentiaire<\/a> (Le Dauphin\u00e9)<\/p>\n\n\n\n<p><a href=\"https:\/\/www.ledauphine.com\/social\/2022\/02\/17\/le-personnel-penitentiaire-de-bonneville-manifeste-pour-demander-une-hausse-des-salaires\" target=\"_blank\" rel=\"noreferrer noopener\">Prison de Bonneville : la p\u00e9nitentiaire manifeste pour demander une hausse des salaires<\/a> (Le Dauphin\u00e9)<\/p>\n\n\n\n<p><a href=\"https:\/\/www.lyonmag.com\/article\/121155\/lyon-et-sa-region-greve-des-surveillants-de-prison-ce-jeudi\" target=\"_blank\" rel=\"noreferrer noopener\">Lyon et sa r\u00e9gion : gr\u00e8ve des surveillants de prison<\/a> ( Lyonmag)<\/p>\n\n\n\n<p><a href=\"https:\/\/www.letelegramme.fr\/morbihan\/vannes\/le-mecontentement-des-surveillants-s-exprime-devant-la-maison-d-arret-de-vannes-17-02-2022-12923879.php\" target=\"_blank\" rel=\"noreferrer noopener\">Le m\u00e9contentement des surveillants s\u2019exprime devant la maison d\u2019arr\u00eat de Vannes<\/a> (Le Telegramme)<\/p>\n\n\n\n<p><a href=\"https:\/\/jacobinmag.com\/2022\/02\/higher-wages-workers-inflation-income-inequality\">Les travailleurs devraient exiger des salaires plus \u00e9lev\u00e9s d\u00e8s maintenant<\/a> (Jacobin)<\/p>\n\n\n\n<p><a href=\"https:\/\/www.leprogres.fr\/sante\/2022\/02\/18\/travailleurs-sociaux-en-greve-ils-veulent-etre-mieux-reconnus\" target=\"_blank\" rel=\"noreferrer noopener\">Travailleurs sociaux en gr\u00e8ve: ils veulent \u00eatre mieux reconnus<\/a> (Le Progr\u00e8s)<\/p>\n\n\n\n<p><a href=\"https:\/\/www.sudouest.fr\/charente-maritime\/perigny\/perigny-greve-pour-les-salaires-dans-les-ateliers-de-dufour-yachts-9016551.php\" target=\"_blank\" rel=\"noreferrer noopener\">P\u00e9rigny : gr\u00e8ve pour les salaires dans les ateliers de Dufour Yachts<\/a> (Sud &#8211; Ouest)<\/p>\n\n\n\n<p><a href=\"https:\/\/www.lessor42.fr\/lorette-la-greve-s-arrete-au-10eme-jour-chez-lustucru-frais-94929.html\" target=\"_blank\" rel=\"noreferrer noopener\">Lorette : La gr\u00e8ve s\u2019arr\u00eate au 10\u00e8me jour chez Lustucru Frais<\/a> (L\u2019essor 42)<\/p>\n\n\n\n<p><a href=\"https:\/\/www.ladepeche.fr\/2022\/02\/18\/greve-inedite-dune-cinquantaine-dagents-a-loffice-public-de-lhabitat-10118197.php\" target=\"_blank\" rel=\"noreferrer noopener\">Castres. Gr\u00e8ve in\u00e9dite d\u2019une cinquantaine d\u2019agents \u00e0 l\u2019Office public de l\u2019habitat<\/a> (La D\u00e9p\u00eache)<\/p>\n\n\n\n<p><strong><a href=\"https:\/\/www.facebook.com\/luttesinvisibles\" title=\"Chronique du jour des mobilisations\">Mobilisations du jour<\/a> (Luttes Invisibles<\/strong>)<\/p>\n\n\n\n<figure class=\"wp-block-image is-resized is-style-default\"><img loading=\"lazy\" decoding=\"async\" src=\"https:\/\/scontent.fhex4-2.fna.fbcdn.net\/v\/t39.30808-6\/273936619_640640710484653_250055929412682325_n.jpg?_nc_cat=108&amp;ccb=1-5&amp;_nc_sid=8bfeb9&amp;_nc_ohc=FzWpCQlmd6IAX-JHZUH&amp;_nc_ht=scontent.fhex4-2.fna&amp;oh=00_AT_1i3CcAmNCycAdgrad9S1MS5xuXERgBf_ML1Dtz6hyMQ&amp;oe=6215929C\" alt=\"Peut \u00eatre une image de argent et texte qui dit \u2019F\u00c9D\u00c9MATION cgi SUAE ILEST ILESTL'OR! L'OR D'AUGMENTER LES SALAIRES l'argent ily en a, dans es poches des actionnaires\u2019\" width=\"354\" height=\"501\"\/><\/figure>\n\n\n\n<p><strong>Monde<\/strong><\/p>\n\n\n\n<p><a href=\"https:\/\/www.courrierdesbalkans.fr\/Albanie-le-combat-des-syndicats-contre-le-travail-des-enfants\"><strong>Albanie<\/strong> : les syndicats d&rsquo;enseignants en lutte contre le travail des enfants<\/a> (Le Courrier des Balkans)<\/p>\n\n\n\n<p><strong>Allemagne<\/strong> &#8211; <a href=\"http:\/\/alencontre.org\/europe\/allemagne-record-des-exportations-et-hausse-du-travail-precaire.html\">Record des exportations et hausse du travail pr\u00e9caire<\/a> (A l\u2019Encontre)<\/p>\n\n\n\n<p><strong>Iran<\/strong> &#8211; <a href=\"https:\/\/www.convergencesrevolutionnaires.org\/En-Iran-la-colere-des-enseignants-s-exprime-dans-un-puissant-mouvement?navthem=1\">La col\u00e8re des enseignants s\u2019exprime dans un puissant mouvement<\/a> (Conv. R\u00e9vol.)<\/p>\n\n\n\n<p><strong><a href=\"https:\/\/blogs.mediapart.fr\/jean-marc-b\/blog\/180222\/porto-rico-les-greves-arrachent-des-augmentations-de-salaire-historiques\">Porto Rico: Les gr\u00e8ves arrachent des augmentations de salaire historiques <\/a>(Luttes Invisibles)<\/strong><\/p>\n\n\n\n<figure class=\"wp-block-image is-resized is-style-default\"><img loading=\"lazy\" decoding=\"async\" src=\"https:\/\/scontent.fhex4-2.fna.fbcdn.net\/v\/t39.30808-6\/273805970_1388729614882836_3271714628748314258_n.png?_nc_cat=109&amp;ccb=1-5&amp;_nc_sid=730e14&amp;_nc_ohc=7ZVOwZ4t07AAX-oO0z2&amp;_nc_ht=scontent.fhex4-2.fna&amp;oh=00_AT8B1OawAczT9uZEmbWuYOqzhtbFtcpWlCfzNUXSCfy-cA&amp;oe=62150CA0\" alt=\"\" width=\"518\" height=\"345\"\/><\/figure>\n\n\n\n<p><a href=\"http:\/\/www.aps.sn\/spip.php?article1447&amp;lang=fr\" target=\"_blank\" rel=\"noreferrer noopener\">Senegal. Gr\u00e8ve dans la sant\u00e9.<\/a> (S\u00e9n\u00e9gal presse)<\/p>\n\n\n\n<p><strong>Analyse<\/strong><\/p>\n\n\n\n<p><a href=\"https:\/\/www.inegalites.fr\/Activites-sportives-des-pratiques-inegales\">Activit\u00e9s sportives&nbsp;: des pratiques in\u00e9gales<\/a> (Observatoire des in\u00e9galit\u00e9s)<\/p>\n\n\n\n<figure class=\"wp-block-image size-full is-resized\"><img data-recalc-dims=\"1\" loading=\"lazy\" decoding=\"async\" src=\"https:\/\/i0.wp.com\/www.rdpemancipation.org\/wp-content\/uploads\/2022\/02\/image-80.png?resize=509%2C343&#038;ssl=1\" alt=\"\" class=\"wp-image-72027\" width=\"509\" height=\"343\"\/><\/figure>\n\n\n\n<p><a href=\"https:\/\/macron.watch\/2022\/02\/18\/le-recap-du-18-02-2022\/\"><strong>Avec Macron, la justice indemnise moins bien les salari\u00e9s apr\u00e8s un licenciement abusif<\/strong><\/a> (Macron Watch)<\/p>\n\n\n\n<p><a href=\"https:\/\/lareleveetlapeste.fr\/la-sedentarite-ruine-la-sante-de-95-des-francais\/\"><strong>La s\u00e9dentarit\u00e9 ruine la sant\u00e9 de 95&nbsp;% des Fran\u00e7ais<\/strong><\/a> (La Rel\u00e8ve et la Peste)<\/p>\n\n\n\n<figure class=\"wp-block-image size-full is-resized\"><img data-recalc-dims=\"1\" loading=\"lazy\" decoding=\"async\" src=\"https:\/\/i0.wp.com\/www.rdpemancipation.org\/wp-content\/uploads\/2022\/02\/image-81.png?resize=502%2C337&#038;ssl=1\" alt=\"\" class=\"wp-image-72029\" width=\"502\" height=\"337\" srcset=\"https:\/\/i0.wp.com\/www.rdpemancipation.org\/wp-content\/uploads\/2022\/02\/image-81.png?w=310&amp;ssl=1 310w, https:\/\/i0.wp.com\/www.rdpemancipation.org\/wp-content\/uploads\/2022\/02\/image-81.png?resize=300%2C201&amp;ssl=1 300w\" sizes=\"auto, (max-width: 502px) 100vw, 502px\" \/><\/figure>\n\n\n\n<p><a href=\"https:\/\/www.insee.fr\/fr\/statistiques\/6051365\"><strong>La satisfaction g\u00e9n\u00e9rale dans la vie \u00e0 son plus bas niveau d\u00e9but 2021<\/strong><\/a> (INSEE)<\/p>\n\n\n\n<p><mark style=\"background-color:rgba(0, 0, 0, 0);color:#a30004\" class=\"has-inline-color\"><strong>18 F\u00e9vrier en continu<\/strong><\/mark><\/p>\n\n\n\n<p><a href=\"https:\/\/www.francebleu.fr\/infos\/economie-social\/chateauneuf-du-rhone-greve-chez-lafarge-granulats-pour-les-salaires-1645083277\" target=\"_blank\" rel=\"noreferrer noopener\">Ch\u00e2teauneuf-du-Rh\u00f4ne : gr\u00e8ve chez Lafarge granulats pour les salaires<\/a>&nbsp;(Francebleu)<\/p>\n\n\n\n<p><a href=\"https:\/\/www.lutte-ouvriere.org\/actualite\/echos\"><strong>Agglom\u00e9ration de Grenoble&nbsp;:&nbsp; Caterpillar: cherche d\u00e9sesp\u00e9r\u00e9ment travailleurs \u00e0 exploiter<\/strong><\/a> (LO)<\/p>\n\n\n\n<p><a href=\"https:\/\/www.lutte-ouvriere.org\/actualite\/echos\"><strong>Michelin&nbsp;:&nbsp; Les actionnaires sont gav\u00e9s<\/strong><\/a> (LO)<\/p>\n\n\n\n<p><a href=\"https:\/\/www.lutte-ouvriere.org\/actualite\/echos\">Leroy-Somer &#8211; Saint-Jean-de-Braye (Loiret)&nbsp;:&nbsp; Deuxi\u00e8me jour de gr\u00e8ve pour les salaires<\/a> (LO)<\/p>\n\n\n\n<p><a href=\"https:\/\/www.letelegramme.fr\/finistere\/brest\/a-brest-un-piquet-de-greve-a-vendre-devant-renault-retail-group-route-de-paris-16-02-2022-12923386.php\" target=\"_blank\" rel=\"noreferrer noopener\">\u00c0 Brest, un piquet de gr\u00e8ve \u00ab&nbsp;\u00c0 vendre&nbsp;\u00bb devant Renault Retail Group<\/a>&nbsp;(le telegramme)<\/p>\n\n\n\n<figure class=\"wp-block-image size-full is-resized\"><img data-recalc-dims=\"1\" loading=\"lazy\" decoding=\"async\" src=\"https:\/\/i0.wp.com\/www.rdpemancipation.org\/wp-content\/uploads\/2022\/02\/image-78.png?resize=488%2C275&#038;ssl=1\" alt=\"\" class=\"wp-image-71913\" width=\"488\" height=\"275\" srcset=\"https:\/\/i0.wp.com\/www.rdpemancipation.org\/wp-content\/uploads\/2022\/02\/image-78.png?w=309&amp;ssl=1 309w, https:\/\/i0.wp.com\/www.rdpemancipation.org\/wp-content\/uploads\/2022\/02\/image-78.png?resize=300%2C169&amp;ssl=1 300w\" sizes=\"auto, (max-width: 488px) 100vw, 488px\" \/><\/figure>\n\n\n\n<p><a href=\"https:\/\/www.lejournaldici.com\/actualite\/a-la-une\/preavis-de-greve-historique-loffice-public-de-lhabitat\" target=\"_blank\" rel=\"noreferrer noopener\">Castres. Gr\u00e8ve historique \u00e0 l&rsquo;Office public de l&rsquo;habitat<\/a>&nbsp;(lejournaldici)<\/p>\n\n\n\n<p><a href=\"https:\/\/dijoncter.info\/17-mars-appel-intersyndical-a-la-greve-3455\" target=\"_blank\" rel=\"noreferrer noopener\">17&nbsp;mars&nbsp;: Appel intersyndical \u00e0 la gr\u00e8ve<\/a>&nbsp;(dijoncter)<br><br><a href=\"https:\/\/www.estrepublicain.fr\/economie\/2022\/02\/16\/negociations-salariales-chez-aperam-une-greve-pour-faire-pression-sur-la-direction\" target=\"_blank\" rel=\"noreferrer noopener\">Doubs. N\u00e9gociations salariales chez Aperam&nbsp;: une gr\u00e8ve pour faire pression<\/a>&nbsp;(estrepublicain)<\/p>\n\n\n\n<p><a href=\"https:\/\/www.ledauphine.com\/economie\/2022\/02\/16\/annonay-les-salaries-d-iveco-bus-poursuivent-leur-debrayage\" target=\"_blank\" rel=\"noreferrer noopener\">Annonay : la gr\u00e8ve continue \u00e0 Iveco Bus<\/a>&nbsp;(ledauphine)<br><br><a href=\"https:\/\/perpignan\/%20Police%20Municipale%20:%20la%20gr%C3%A8ve%20est%20finie%20!\" target=\"_blank\" rel=\"noreferrer noopener\"><strong>Perpignan\/ Police Municipale : la gr\u00e8ve est finie !<\/strong><\/a><strong>&nbsp;(ouillade)<\/strong><\/p>\n\n\n\n<p><a href=\"https:\/\/www.radio8fm.com\/infos\/article\/17639-Ardennes_poursuite_du_bras_de_fer_entre_la_CGT_et_la_direction_d_Enedis\" target=\"_blank\" rel=\"noreferrer noopener\"><strong>Ardennes : poursuite du bras de fer entre la CGT et la direction d&rsquo; Enedis<\/strong><\/a><strong>&nbsp;(radio8fm)<br><br><\/strong><a href=\"https:\/\/www.letelegramme.fr\/cotes-darmor\/lannion\/a-lannion-pourquoi-les-pompiers-font-ils-greve-16-02-2022-12923572.php\" target=\"_blank\" rel=\"noreferrer noopener\">\u00c0 Lannion, pourquoi les pompiers font-ils gr\u00e8ve&nbsp;?<\/a>&nbsp;(le telegramme)<br><br><a href=\"https:\/\/www.letelegramme.fr\/cotes-darmor\/guingamp\/hopital-de-guingamp-preavis-de-greve-et-rassemblement-de-soutien-mardi-22-fevrier-16-02-2022-12923373.php\" target=\"_blank\" rel=\"noreferrer noopener\">H\u00f4pital de Guingamp&nbsp;: pr\u00e9avis de gr\u00e8ve<\/a>&nbsp;(le telegramme)<\/p>\n\n\n\n<p><a href=\"https:\/\/www.humanite.fr\/social-eco\/fonderie-sam\/un-nouveau-pas-vers-la-reprise-de-la-sam-738725\" target=\"_blank\" rel=\"noreferrer noopener\">Toulouse.&nbsp;Un nouveau pas vers la reprise de la SAM<\/a>&nbsp;(Humanit\u00e9)<br><br><a href=\"https:\/\/toutelaculture.com\/actu\/la-greve-au-centquatre-paris-est-levee\/\" target=\"_blank\" rel=\"noreferrer noopener\">La gr\u00e8ve au CentQuatre-Paris est lev\u00e9e<\/a>&nbsp;(toute la culture)<\/p>\n\n\n\n<p><a href=\"https:\/\/www.pleinair.net\/actualites\/item\/3284-social-et-medico-social-rassemblement-devant-la-prefecture-de-dijon\" target=\"_blank\" rel=\"noreferrer noopener\">Social et m\u00e9dico-social : Rassemblement devant la pr\u00e9fecture de Dijon<\/a> (plein air)<\/p>\n\n\n\n<p><a href=\"https:\/\/www.macommune.info\/besancon-la-cgt-veut-sensibiliser-les-livreurs-a-velo-a-leurs-droits\/\" target=\"_blank\" rel=\"noreferrer noopener\">Besan\u00e7on : la CGT veut sensibiliser les livreurs \u00e0 v\u00e9lo \u00e0 leurs droits<\/a>&nbsp;(macommune)<br><br><a href=\"https:\/\/www.la-croix.com\/France\/Huit-lignes-metro-fermees-18-fevrier-raison-dune-greve-RATP-2022-02-16-1201200693\" target=\"_blank\" rel=\"noreferrer noopener\">Huit lignes de m\u00e9tro ferm\u00e9es le 18&nbsp;f\u00e9vrier en raison d\u2019une gr\u00e8ve de la RATP<\/a>&nbsp;(la croix)<br><br><a href=\"https:\/\/www.midilibre.fr\/2022\/02\/17\/salaire-primes-lusine-kp1-en-greve-a-bedarieux-10115664.php\" target=\"_blank\" rel=\"noreferrer noopener\"><strong>Salaire, primes&#8230; : l\u2019usine KP1 en gr\u00e8ve \u00e0 B\u00e9darieux<\/strong><\/a><strong>&nbsp;(Midi libre)<br><br><\/strong><a href=\"https:\/\/www.francebleu.fr\/infos\/transports\/greve-sncf-pas-de-tgv-en-nouvelle-aquitaine-vendredi-matin-le-trafic-des-ter-tres-perturbe-1645027064\" target=\"_blank\" rel=\"noreferrer noopener\">Gr\u00e8ve SNCF : pas de TGV en Nouvelle-AquitaineGr\u00e8ve SNCF<\/a>&nbsp;(francebleu)<\/p>\n\n\n\n<p><a href=\"http:\/\/www.frontsyndical-classe.org\/2022\/02\/greve-massive-pour-les-salaires-trois-usines-lustucru-a-l-arret.html\" target=\"_blank\" rel=\"noreferrer noopener\">Gr\u00e8ve massive pour les salaires : trois usines Lustucru \u00e0 l\u2019arr\u00eat<\/a>&nbsp;(frontsyndical)<\/p>\n\n\n\n<p><a href=\"https:\/\/journal.lutte-ouvriere.org\/2022\/02\/16\/dassault-il-faut-200-euros-net-pour-tous_209356.html\" target=\"_blank\" rel=\"noreferrer noopener\">Dassault :&nbsp;il faut 200 euros net pour tous !&nbsp;<\/a>&nbsp;(LO)<\/p>\n\n\n\n<p><a href=\"https:\/\/www.midilibre.fr\/2022\/02\/16\/manifestations-dagriculteurs-la-circulation-est-coupee-sur-la54-dans-les-deux-sens-entre-nimes-et-arles-10114864.php\" target=\"_blank\" rel=\"noreferrer noopener\">Manifestations d\u2019agriculteurs : r\u00e9ouverture de l&rsquo;A54 entre N\u00eemes et Arles<\/a>&nbsp;(Midi Libre)<br><br><a href=\"https:\/\/france3-regions.francetvinfo.fr\/occitanie\/haute-garonne\/toulouse\/nouveau-mouvement-de-greve-des-aiguilleurs-de-nouvelle-aquitaine-trafic-sncf-perturbe-a-toulouse-de-jeudi-a-samedi-2464780.html\" target=\"_blank\" rel=\"noreferrer noopener\">Nouveau mouvement de gr\u00e8ve des aiguilleurs de Nouvelle-Aquitaine<\/a>&nbsp;(FR3)<br><br><a href=\"https:\/\/www.estrepublicain.fr\/social\/2022\/02\/16\/fin-de-greve-chez-bonduelle-3-d-augmentation-pour-les-salaries\" target=\"_blank\" rel=\"noreferrer noopener\">Fin de gr\u00e8ve chez Bonduelle, 3&nbsp;% d\u2019augmentation<\/a>&nbsp;(Est republicain)<br><br><a href=\"https:\/\/lemarin.ouest-france.fr\/secteurs-activites\/shipping\/42552-gardanne-la-cgt-marseillaise-appelle-la-greve-ce-jeudi\" target=\"_blank\" rel=\"noreferrer noopener\">Gardanne&nbsp;: la CGT marseillaise appelle \u00e0 la gr\u00e8ve le jeudi&nbsp;17&nbsp;f\u00e9vrier<\/a>&nbsp;(Le marin)<\/p>\n\n\n\n<p>Monde<\/p>\n\n\n\n<p><a href=\"https:\/\/www.infolibre.es\/politica\/jornada-laboral-cuatro-dias-belga-reabre-debate-espana_1_1219564.html\">La journ\u00e9e de travail de quatre jours \u00ab&nbsp;\u00e0 la belge&nbsp;\u00bb rouvre le d\u00e9bat en <strong>Espagne<\/strong><\/a> (Esp. \u2013 Infolibre)<\/p>\n\n\n\n<p><strong>Suisse <\/strong>&#8211; <a href=\"https:\/\/lanticapitaliste.org\/actualite\/international\/suisse-defendre-les-retraites-contre-avs21\">D\u00e9fendre les retraites contre AVS21<\/a> (L\u2019Anticapitaliste)<\/p>\n\n\n\n<figure class=\"wp-block-image size-full is-resized\"><img data-recalc-dims=\"1\" loading=\"lazy\" decoding=\"async\" src=\"https:\/\/i0.wp.com\/www.rdpemancipation.org\/wp-content\/uploads\/2022\/02\/image-79.png?resize=506%2C506&#038;ssl=1\" alt=\"\" class=\"wp-image-71916\" width=\"506\" height=\"506\" srcset=\"https:\/\/i0.wp.com\/www.rdpemancipation.org\/wp-content\/uploads\/2022\/02\/image-79.png?w=248&amp;ssl=1 248w, https:\/\/i0.wp.com\/www.rdpemancipation.org\/wp-content\/uploads\/2022\/02\/image-79.png?resize=150%2C150&amp;ssl=1 150w\" sizes=\"auto, (max-width: 506px) 100vw, 506px\" \/><\/figure>\n\n\n\n<p><a href=\"https:\/\/www.tunisienumerique.com\/vers-lorganisation-dune-greve-generale-regionale-a-sfax\/\" target=\"_blank\" rel=\"noreferrer noopener\"><strong>Tunisie.<\/strong> Vers une gr\u00e8ve g\u00e9n\u00e9rale r\u00e9gionale \u00e0 Sfax<\/a>&nbsp;(Tunisienumerique)<\/p>\n\n\n\n<p><strong>USA<\/strong> &#8211; <a href=\"https:\/\/jacobinmag.com\/2022\/02\/food-service-fast-food-labor-class-organizing\">Pourquoi la campagne syndicale starbucks est importante pour tous les travailleurs<\/a> (Jacobin)<\/p>\n\n\n\n<p><strong>USA <\/strong>&#8211; <a href=\"https:\/\/jacobinmag.com\/2022\/02\/class-dealignment-biden-democratic-party-working-class\">Les d\u00e9mocrates abandonnent la classe, et cela leur co\u00fbte des \u00e9lecteurs de la classe ouvri\u00e8re<\/a> (Jacobin)<\/p>\n\n\n\n<p>Analyse<\/p>\n\n\n\n<p><a href=\"https:\/\/elucid.media\/economie\/pouvoir-achat-election-presidentielle-campagne-emmanuel-macron-heure-comptes\/\">Le pouvoir d\u2019achat apr\u00e8s Macron&nbsp;: l\u2019heure des comptes<\/a><strong> (Elucid)<\/strong><\/p>\n\n\n\n<figure class=\"wp-block-image size-full is-resized is-style-default\"><img data-recalc-dims=\"1\" loading=\"lazy\" decoding=\"async\" src=\"https:\/\/i0.wp.com\/www.rdpemancipation.org\/wp-content\/uploads\/2022\/02\/Capture-decran-2022-02-18-a-07.50.32.png?resize=344%2C318&#038;ssl=1\" alt=\"\" class=\"wp-image-71949\" width=\"344\" height=\"318\" srcset=\"https:\/\/i0.wp.com\/www.rdpemancipation.org\/wp-content\/uploads\/2022\/02\/Capture-decran-2022-02-18-a-07.50.32.png?w=632&amp;ssl=1 632w, https:\/\/i0.wp.com\/www.rdpemancipation.org\/wp-content\/uploads\/2022\/02\/Capture-decran-2022-02-18-a-07.50.32.png?resize=300%2C278&amp;ssl=1 300w\" sizes=\"auto, (max-width: 344px) 100vw, 344px\" \/><\/figure>\n\n\n\n<p><mark style=\"background-color:rgba(0, 0, 0, 0);color:#a30004\" class=\"has-inline-color\"><strong>17 F\u00e9vrier en continu<\/strong><\/mark><\/p>\n\n\n\n<p><a href=\"https:\/\/www.leprogres.fr\/faits-divers-justice\/2022\/02\/16\/les-surveillants-bloquent-les-prisons-mais-pas-l-extraction-de-lelandais\">Les surveillants bloquent les prisons, mais pas l\u2019extraction de Lelandais <\/a>(Le Progr\u00e8s)<\/p>\n\n\n\n<p><a href=\"https:\/\/lemarin.ouest-france.fr\/secteurs-activites\/shipping\/42552-gardanne-la-cgt-marseillaise-appelle-la-greve-ce-jeudi\">Gardanne&nbsp;: la CGT marseillaise appelle \u00e0 la gr\u00e8ve le jeudi&nbsp;17&nbsp;f\u00e9vrier<\/a> (Le Marin)<\/p>\n\n\n\n<p><a href=\"https:\/\/france3-regions.francetvinfo.fr\/occitanie\/haute-garonne\/toulouse\/nouveau-mouvement-de-greve-des-aiguilleurs-de-nouvelle-aquitaine-trafic-sncf-perturbe-a-toulouse-de-jeudi-a-samedi-2464780.html\">Nouveau mouvement de gr\u00e8ve des aiguilleurs de Nouvelle-Aquitaine<\/a> (France 3)<\/p>\n\n\n\n<p><a href=\"http:\/\/www.frontsyndical-classe.org\/2022\/02\/greve-massive-pour-les-salaires-trois-usines-lustucru-a-l-arret.html\">Gr\u00e8ve massive pour les salaires : trois usines Lustucru \u00e0 l\u2019arr\u00eat <\/a>(Front syndical de classe)<\/p>\n\n\n\n<p><a href=\"https:\/\/fdgpierrebe.over-blog.com\/2022\/02\/bio-merieux-craponne-la-greve-se-poursuit.solidarite.html\">Bio M\u00e9rieux Craponne la gr\u00e8ve se poursuit. Solidarit\u00e9 !<\/a> (Front de gauche &#8211; Pierre B\u00e9nite)<\/p>\n\n\n\n<p><a href=\"https:\/\/www.revolutionpermanente.fr\/On-meurt-a-petit-feu-au-college-Dora-Maar-93-les-personnels-en-greve-pour-des-moyens\">Au coll\u00e8ge Dora Maar (93), les personnels en gr\u00e8ve pour des moyens <\/a>(RP)<\/p>\n\n\n\n<p><a href=\"https:\/\/www.lyoncapitale.fr\/actualite\/le-personnel-de-la-maternite-de-lhopital-lyon-sud-en-greve-le-21-fevrier\">Le personnel de la maternit\u00e9 de l\u2019h\u00f4pital Lyon-Sud en gr\u00e8ve illimit\u00e9e \u00e0 partir du 21 f\u00e9vrier <\/a>(Lyon Capitale)<\/p>\n\n\n\n<p><a href=\"https:\/\/www.estrepublicain.fr\/social\/2022\/02\/15\/les-salaries-de-lidl-en-greve-a-gerardmer\">Les salari\u00e9s de Lidl en gr\u00e8ve \u00e0 G\u00e9rardmer<\/a> (L\u2019Est R\u00e9publicain)<\/p>\n\n\n\n<p><a href=\"https:\/\/www.ouest-france.fr\/normandie\/carpiquet-14650\/les-salaries-d-initial-en-greve-a-carpiquet-67780dc2-8e88-11ec-8a83-ae2c7ddc0ed1\">Les salari\u00e9s d\u2019Initial en gr\u00e8ve \u00e0 Carpiquet<\/a> (Ouest-France)<\/p>\n\n\n\n<p><a href=\"https:\/\/www.revolutionpermanente.fr\/Pour-l-honneur-des-travailleurs-Les-travailleurs-de-Tipiak-obtiennent-70-euros-d-augmentation-par\">Les travailleurs de Tipiak obtiennent 70 euros d\u2019augmentation par la gr\u00e8ve<\/a> (RP)<\/p>\n\n\n\n<p><a href=\"https:\/\/lemag.ales.fr\/actualites\/les-grevistes-de-bonnefon-entendus-par-le-conseil-municipal-dales\/\">Les gr\u00e9vistes de Bonnefon entendus par le conseil municipal d\u2019Al\u00e8s <\/a>(Le mag &#8211; Al\u00e8s)<\/p>\n\n\n\n<p><a href=\"https:\/\/www.leparisien.fr\/info-paris-ile-de-france-oise\/transports\/greve-a-la-ratp-forte-mobilisation-en-vue-vendredi-sur-les-reseaux-de-metro-rer-et-bus-15-02-2022-I5GE7QIZEZCJJCMQYFDJMBICOU.php\">Gr\u00e8ve \u00e0 la RATP : \u00ab forte mobilisation \u00bb en vue vendredi sur les r\u00e9seaux de m\u00e9tro, RER et bus<\/a> (Le Parisien)<\/p>\n\n\n\n<p><a href=\"https:\/\/www.revolutionpermanente.fr\/SNCF-Contre-la-privatisation-et-les-suppressions-de-postes-les-cheminots-manifestent-devant-IDFM\">SNCF. Contre la privatisation et les suppressions de postes, les cheminots manifestent devant IDFM <\/a>(RP)<\/p>\n\n\n\n<p><a href=\"https:\/\/www.lamontagne.fr\/moulins-03000\/actualites\/les-salaries-des-grues-potain-a-avermes-allier-en-greve_14086412\/\">Les salari\u00e9s des grues Potain \u00e0 Avermes (Allier) en gr\u00e8ve<\/a> (La Montagne)<\/p>\n\n\n\n<figure class=\"wp-block-image size-full\"><img data-recalc-dims=\"1\" loading=\"lazy\" decoding=\"async\" width=\"294\" height=\"198\" src=\"https:\/\/i0.wp.com\/www.rdpemancipation.org\/wp-content\/uploads\/2022\/02\/image-73.png?resize=294%2C198&#038;ssl=1\" alt=\"\" class=\"wp-image-71741\"\/><\/figure>\n\n\n\n<p><\/p>\n\n\n\n<p><a href=\"https:\/\/journal.lutte-ouvriere.org\/2022\/02\/16\/emploi-la-legende-des-postes-non-pourvus_209357.html\"><strong>Emploi :&nbsp;la l\u00e9gende des postes non pourvus<\/strong><\/a> (LO)<\/p>\n\n\n\n<p><a href=\"https:\/\/www.ladepeche.fr\/2022\/02\/16\/greve-reconduite-dans-les-laboratoires-cerballiance-10113753.php\">Gr\u00e8ve reconduite dans les laboratoires Cerballiance<\/a> (La D\u00e9p\u00eache)<\/p>\n\n\n\n<p><a href=\"https:\/\/abonne.lardennais.fr\/id342021\/article\/2022-02-14\/les-grevistes-denedis-victorieux-au-tribunal-de-charleville-mezieres\">Les gr\u00e9vistes d\u2019Enedis victorieux au tribunal de Charleville-M\u00e9zi\u00e8res<\/a> (L\u2019Ardennais)<\/p>\n\n\n\n<p><a href=\"https:\/\/www.laprovence.com\/article\/sante\/6662515\/marseille-vague-de-protestation-a-lhopital-edouard-toulouse.html\">Marseille : vague de protestation \u00e0 l&rsquo;h\u00f4pital Edouard-Toulouse<\/a> (La Provence)<\/p>\n\n\n\n<p><a href=\"https:\/\/www.arretsurimages.net\/articles\/classement-des-pires-patrons-capital-epargne-bollore\"><strong>Classement des pires patrons&nbsp;: \u00ab&nbsp;Capital&nbsp;\u00bb \u00e9pargne Bollor\u00e9<\/strong><\/a> (Arr\u00eat sur images)<\/p>\n\n\n\n<p><a href=\"https:\/\/www.revue-ballast.fr\/au-croisement-des-luttes-environnementales-et-sociales-rencontre-avec-lhistorien-renaud-becot\/\">Au croisement des luttes environnementales et sociales&nbsp;: avec l\u2019historien Renaud B\u00e9cot<\/a> (Ballast)<\/p>\n\n\n\n<p><a href=\"https:\/\/www.contretemps.eu\/reformation-classe-ouvriere-crise-capitalisme-pandemie\/\">Crise du capitalisme mondial et (re)formation de la classe travailleuse<\/a> (Contretemps)<\/p>\n\n\n\n<figure class=\"wp-block-image size-full\"><img data-recalc-dims=\"1\" loading=\"lazy\" decoding=\"async\" width=\"318\" height=\"177\" src=\"https:\/\/i0.wp.com\/www.rdpemancipation.org\/wp-content\/uploads\/2022\/02\/image-74.png?resize=318%2C177&#038;ssl=1\" alt=\"\" class=\"wp-image-71742\" srcset=\"https:\/\/i0.wp.com\/www.rdpemancipation.org\/wp-content\/uploads\/2022\/02\/image-74.png?w=318&amp;ssl=1 318w, https:\/\/i0.wp.com\/www.rdpemancipation.org\/wp-content\/uploads\/2022\/02\/image-74.png?resize=300%2C167&amp;ssl=1 300w\" sizes=\"auto, (max-width: 318px) 100vw, 318px\" \/><\/figure>\n\n\n\n<p><a href=\"https:\/\/www.oisehebdo.fr\/2022\/02\/15\/pont-sainte-maxence-les-salaries-de-lentreprise-de-traitement-de-linge-initial-en-greve\/\">Pont-Sainte-Maxence : Les salari\u00e9s de l\u2019entreprise de traitement de linge Initial en gr\u00e8ve<\/a> (Oise Hebdo)<\/p>\n\n\n\n<p><a href=\"https:\/\/lanticapitaliste.org\/actualite\/logement\/seine-saint-denis-mobilisees-face-aux-hausses-de-loyers\">Seine-Saint-Denis : mobilis\u00e9Es face aux hausses de loyers<\/a> (L\u2019Anticapitaliste)<\/p>\n\n\n\n<p><strong>Monde<\/strong><\/p>\n\n\n\n<p><a href=\"https:\/\/www.lefigaro.fr\/flash-eco\/greve-en-vue-chez-airbus-au-royaume-uni-sur-les-salaires-20220215\">Gr\u00e8ve en vue chez Airbus au Royaume-Uni sur les salaires <\/a>(Le Figaro)<\/p>\n\n\n\n<p><a href=\"https:\/\/api-esp.piano.io\/-c\/480\/10028\/153412\/12185966\/347052\/f6a8e2a620c83838e228c54a4766f071\/-1\/-1?attrs=0&amp;order=0\">SEAT risque de licencier 8000&nbsp;personnes \u00e0 cause des voitures \u00e9lectriques<\/a> (ang-Euractiv)<\/p>\n\n\n\n<p><a href=\"https:\/\/lareleveetlapeste.fr\/historique-les-autochtones-obtiennent-un-droit-de-veto-sur-les-projets-petroliers-et-miniers-en-equateur\/\">Les autochtones obtiennent un droit de veto sur les projets p\u00e9troliers et miniers en \u00c9quateur <\/a>&nbsp;(Rel\u00e8ve et la Peste)<\/p>\n\n\n\n<p><strong>Analyse<\/strong><\/p>\n\n\n\n<p><a href=\"https:\/\/www.frustrationmagazine.fr\/apprentissage-entretien\/\"><strong>Derri\u00e8re le boom de l\u2019apprentissage, une fo<\/strong><\/a><strong><a href=\"https:\/\/www.frustrationmagazine.fr\/apprentissage-entretien\/\">rmation au rabais qui pla\u00eet au patronat<\/a> <\/strong>(Frustration)<\/p>\n\n\n\n<p><mark style=\"background-color:rgba(0, 0, 0, 0);color:#a30004\" class=\"has-inline-color\"><strong>16 F\u00e9vrier en continu<\/strong><\/mark><\/p>\n\n\n\n<p><a href=\"https:\/\/www.facebook.com\/luttesinvisibles\" title=\"Chronique du jour des mobilisations\"><strong><\/strong><\/a><strong><a href=\"https:\/\/www.facebook.com\/luttesinvisibles\" title=\"Chronique du jour des mobilisations\">Chronique du jour des mobilisations<\/a> (Luttes Invisibles)<\/strong><\/p>\n\n\n\n<p><a href=\"https:\/\/lenumerozero.info\/Une-societe-autoritaire-ca-ne-passe-pas-5559\" title=\"Contre l\u2019autoritarismeet la r\u00e9cup\u00e9ration de l\u2019extr\u00eame-droite, soyons la r\u00e9ponse populaire le 19 f\u00e9vrier !\">Contre l\u2019autoritarisme et la r\u00e9cup\u00e9ration de l\u2019extr\u00eame-droit manif  le 19 f\u00e9vrier !<\/a>(lenumerozero)<\/p>\n\n\n\n<p><a href=\"https:\/\/rebellyon.info\/Greve-pour-une-convention-collective-23707\"><strong>intersyndicale Rh\u00f4ne:le 17 gr\u00e8ve dans le m\u00e9dical:pour une convention collective unique<\/strong><\/a>(Rebellyon)<\/p>\n\n\n\n<p><a href=\"https:\/\/lepoing.net\/les-urgences-du-centre-hospitalier-de-perpignan-entrent-en-greve\/\">Les urgences du Centre Hospitalier de Perpignan entrent en gr\u00e8ve<\/a> (Le Poing)<\/p>\n\n\n\n<p><a href=\"https:\/\/www.20minutes.fr\/marseille\/3235423-20220214-marseille-agents-nettoyage-greve-gare-saint-charles\">Marseille&nbsp;: Les agents du nettoyage en gr\u00e8ve \u00e0 la gare Saint-Charles<\/a> (20 mn)<\/p>\n\n\n\n<p><a href=\"https:\/\/lanticapitaliste.org\/actualite\/entreprises\/biomerieux-en-greve-reconductible-pour-les-salaires\">BioM\u00e9rieux : en gr\u00e8ve reconductible pour les salaires !<\/a> (L\u2019Anticapitaliste)<\/p>\n\n\n\n<p><a href=\"https:\/\/www.midilibre.fr\/2022\/02\/14\/greve-des-agents-de-la-communaute-de-communes-10108671.php\">Gr\u00e8ve des agents de la communaut\u00e9 de communes du Minervois<\/a> (Midi Libre)<\/p>\n\n\n\n<figure class=\"wp-block-image size-full\"><img data-recalc-dims=\"1\" loading=\"lazy\" decoding=\"async\" width=\"321\" height=\"241\" src=\"https:\/\/i0.wp.com\/www.rdpemancipation.org\/wp-content\/uploads\/2022\/02\/image-70.png?resize=321%2C241&#038;ssl=1\" alt=\"\" class=\"wp-image-71532\" srcset=\"https:\/\/i0.wp.com\/www.rdpemancipation.org\/wp-content\/uploads\/2022\/02\/image-70.png?w=321&amp;ssl=1 321w, https:\/\/i0.wp.com\/www.rdpemancipation.org\/wp-content\/uploads\/2022\/02\/image-70.png?resize=300%2C225&amp;ssl=1 300w\" sizes=\"auto, (max-width: 321px) 100vw, 321px\" \/><\/figure>\n\n\n\n<p><a href=\"https:\/\/lanticapitaliste.org\/actualite\/entreprises\/transports-en-commun-lyonnais-tcl-plus-de-mille-grevistes-un-coup-dur-pour\">Transports en commun lyonnais (TCL) : plus de mille gr\u00e9vistes, coup dur pour Sytral et K\u00e9olis<\/a> (L\u2019Anticapitaliste)<\/p>\n\n\n\n<p><strong>Monde<\/strong><\/p>\n\n\n\n<p><strong>USA<\/strong>&#8211; <a href=\"https:\/\/www.theguardian.com\/technology\/2022\/feb\/15\/amazon-union-vote-workers-prepare?CMP=Share_iOSApp_Other\">R\u00e9f\u00e9rendum sur la syndicalisation d\u2019un entrep\u00f4t Amazon en Alabama<\/a> (anglais -The Guardian)<\/p>\n\n\n\n<p><strong>Royaume \u2013 Uni<\/strong> &#8211; <a href=\"https:\/\/www.liberation.fr\/international\/europe\/geler-les-prix-pas-les-pauvres-les-britanniques-aussi-marchent-contre-la-vie-chere-20220212_DGIDOUICD5GF5LZU6SAML2W2IQ\/\"><strong>\u00abGeler les prix, pas les pauvres\u00bb: des marches contre la vie ch\u00e8re<\/strong><\/a> (Lib\u00e9)<\/p>\n\n\n\n<p><strong>Analyse<\/strong><\/p>\n\n\n\n<p><a href=\"https:\/\/www.marianne.net\/societe\/sante\/pourquoi-les-routiers-francais-nont-pas-rejoint-le-convoi-de-la-liberte\"><strong>Pourquoi les routiers fran\u00e7ais n&rsquo;ont pas rejoint le \u00ab\u00a0convoi de la libert\u00e9\u00a0\u00bb<\/strong><\/a> (Marianne)<\/p>\n\n\n\n<p><mark style=\"background-color:rgba(0, 0, 0, 0);color:#a30004\" class=\"has-inline-color\"><strong>15 F\u00e9vrier en continu<\/strong><\/mark><\/p>\n\n\n\n<p><strong><a href=\"https:\/\/www.humanite.fr\/social-eco\/travailleurs-sans-papiers\/chantage-et-racket-contre-des-eboueurs-sans-papiers-nos\" title=\"Chantage et racket contre des \u00e9boueurs sans-papiers, nos documents\">Chantage et racket contre des \u00e9boueurs sans-papiers, nos documents<\/a><\/strong>(L&rsquo;huma)<\/p>\n\n\n\n<p><a href=\"https:\/\/mediacoop.fr\/28\/01\/2022\/huit-heures-de-proces-pour-faire-la-lumiere-sur-le-suicide-dune-salariee-de-carrefour\/\">Huit heures de proc\u00e8s pour faire la lumi\u00e8re sur le suicide d\u2019une salari\u00e9e de Carrefour<\/a>(Mediacoop)<\/p>\n\n\n\n<p><a href=\"https:\/\/www.convergencesrevolutionnaires.org\/Salaires-2022-alignes-sur-les-profits-des-grands-groupes?navthem=1\"><strong>Salai<\/strong><\/a><strong><a href=\"https:\/\/www.convergencesrevolutionnaires.org\/Salaires-2022-alignes-sur-les-profits-des-grands-groupes?navthem=1\">res 2022&nbsp;: align\u00e9s sur les profits des grands groupes&nbsp;!<\/a> <\/strong>(Converg. R\u00e9vol.)<\/p>\n\n\n\n<p><a href=\"https:\/\/lepoing.net\/montpellier-12-fevrier-la-rue-na-pas-dit-son-dernier-mot-reportage-photo\/\">Montpellier, 12 f\u00e9vrier : la rue n\u2019a pas dit son dernier mot<\/a> (Le Poing)<\/p>\n\n\n\n<p><a href=\"https:\/\/lanticapitaliste.org\/actualite\/entreprises\/transports-en-commun-lyonnais-tcl-plus-de-mille-grevistes-un-coup-dur-pour\">Transport lyonnais (TCL) : plus de mille gr\u00e9vistes, un coup dur pour Sytral et K\u00e9olis<\/a> (L\u2019Anticapitaliste)<\/p>\n\n\n\n<p><a href=\"https:\/\/www.lefigaro.fr\/flash-eco\/ratp-constat-de-desaccord-a-quatre-jours-d-une-greve-sur-les-salaires-20220214\">RATP: constat de \u00abd\u00e9saccord\u00bb \u00e0 quatre jours d&rsquo;une gr\u00e8ve sur les salaires<\/a> (Le Figaro)<\/p>\n\n\n\n<p><a href=\"https:\/\/lepoing.net\/montpellier-revival-gilet-jaunesque-en-soutien-au-convoi-de-la-liberte\/\">Montpellier : revival gilet-jaunesque en soutien au convoi de la libert\u00e9<\/a> (Le Poing)<\/p>\n\n\n\n<figure class=\"wp-block-image size-full\"><img data-recalc-dims=\"1\" loading=\"lazy\" decoding=\"async\" width=\"327\" height=\"246\" src=\"https:\/\/i0.wp.com\/www.rdpemancipation.org\/wp-content\/uploads\/2022\/02\/image-65.png?resize=327%2C246&#038;ssl=1\" alt=\"\" class=\"wp-image-71372\" srcset=\"https:\/\/i0.wp.com\/www.rdpemancipation.org\/wp-content\/uploads\/2022\/02\/image-65.png?w=327&amp;ssl=1 327w, https:\/\/i0.wp.com\/www.rdpemancipation.org\/wp-content\/uploads\/2022\/02\/image-65.png?resize=300%2C226&amp;ssl=1 300w\" sizes=\"auto, (max-width: 327px) 100vw, 327px\" \/><\/figure>\n\n\n\n<p><a href=\"https:\/\/elucid.media\/societe\/infirmieres-puericultrices-oubliees-gouvernement-enfin-ecoutees\/\">Infirmi\u00e8res pu\u00e9ricultrices&nbsp;: les oubli\u00e9es du gouvernement en fin \u00e9cout\u00e9es&nbsp;?<\/a> (Elucid)<\/p>\n\n\n\n<figure class=\"wp-block-image size-full\"><img data-recalc-dims=\"1\" loading=\"lazy\" decoding=\"async\" width=\"326\" height=\"185\" src=\"https:\/\/i0.wp.com\/www.rdpemancipation.org\/wp-content\/uploads\/2022\/02\/image-66.png?resize=326%2C185&#038;ssl=1\" alt=\"\" class=\"wp-image-71373\" srcset=\"https:\/\/i0.wp.com\/www.rdpemancipation.org\/wp-content\/uploads\/2022\/02\/image-66.png?w=326&amp;ssl=1 326w, https:\/\/i0.wp.com\/www.rdpemancipation.org\/wp-content\/uploads\/2022\/02\/image-66.png?resize=300%2C170&amp;ssl=1 300w\" sizes=\"auto, (max-width: 326px) 100vw, 326px\" \/><\/figure>\n\n\n\n<p>Monde<\/p>\n\n\n\n<p><strong>Canada<\/strong> &#8211; <a href=\"https:\/\/www.lefigaro.fr\/flash-actu\/contestation-au-canada-abandon-du-passeport-sanitaire-en-ontario-20220214\"><strong>Contestation au Canada: abandon du passeport sanitaire en Ontario<\/strong><\/a> (Le Figaro)<strong>&nbsp;<\/strong><\/p>\n\n\n\n<p>Analyse<\/p>\n\n\n\n<p><a href=\"https:\/\/www.frustrationmagazine.fr\/roussel\/\">Pourquoi la bourgeoisie adore-t-elle Fabien Roussel&nbsp;?<\/a> (Frustration Mag)<\/p>\n\n\n\n<figure class=\"wp-block-image size-full\"><img data-recalc-dims=\"1\" loading=\"lazy\" decoding=\"async\" width=\"327\" height=\"206\" src=\"https:\/\/i0.wp.com\/www.rdpemancipation.org\/wp-content\/uploads\/2022\/02\/image-67.png?resize=327%2C206&#038;ssl=1\" alt=\"\" class=\"wp-image-71374\" srcset=\"https:\/\/i0.wp.com\/www.rdpemancipation.org\/wp-content\/uploads\/2022\/02\/image-67.png?w=327&amp;ssl=1 327w, https:\/\/i0.wp.com\/www.rdpemancipation.org\/wp-content\/uploads\/2022\/02\/image-67.png?resize=300%2C189&amp;ssl=1 300w\" sizes=\"auto, (max-width: 327px) 100vw, 327px\" \/><\/figure>\n\n\n\n<p><mark style=\"background-color:rgba(0, 0, 0, 0);color:#a30004\" class=\"has-inline-color\"><strong>14 F\u00e9vrier en continu<\/strong><\/mark><\/p>\n\n\n\n<p><a href=\"https:\/\/www.agoravox.fr\/actualites\/politique\/article\/convois-de-la-liberte-macron-nous-239359\">Convois de la libert\u00e9&nbsp;: \u00ab&nbsp;Macron, nous aussi on t\u2019emmerde&nbsp;\u00bb<\/a> (Agoravox)<\/p>\n\n\n\n<p><a href=\"https:\/\/lanticapitaliste.org\/opinions\/politique\/les-capitalistes-ont-de-plus-en-plus-de-mal-cacher-le-fait-quils-nous-volent\">\u00ab\u2009Les capitalistes ont de plus en plus de mal \u00e0 cacher le fait qu\u2019ils nous volent\u2009\u00bb<\/a> (L\u2019Anticapitaliste)<\/p>\n\n\n\n<p><a href=\"http:\/\/www.sudptt.org\/la-police-intervient-mitraillette-en-main-pour-evacuer-un-facteur-d-une-salle\">La police intervient mitraillette en main pour sortir un facteur d\u2019une salle de pause&nbsp;!<\/a> (Sud PTT)<\/p>\n\n\n\n<p><a href=\"https:\/\/www.campusfm.net\/wp\/category\/les-actus\/\">Salaire, pouvoir d\u2019achat\u2026 Un appel \u00e0 la gr\u00e8ve et \u00e0 la manifestation lanc\u00e9e pour le 17&nbsp;mars<\/a> (Ouest- France)<\/p>\n\n\n\n<p><a href=\"https:\/\/www.facebook.com\/luttesinvisibles\" title=\"Chronique du jour des mobilisations\">Chronique du jour des mobilisations<\/a> (Luttes Invisibles)<\/p>\n\n\n\n<p>Monde<\/p>\n\n\n\n<p>Espagne &#8211; <a href=\"https:\/\/www.eldiario.es\/euskadi\/80-dias-huelga-convenio-justo-galletas-artiach_1_8735744.html\">Plus de 80 jours de gr\u00e8ve pour \u00ab\u00a0un accord \u00e9quitable\u00a0\u00bb \u00e0 Galletas Artiach<\/a> (Esp. \u2013 El Diario)<\/p>\n\n\n\n<p><a href=\"https:\/\/jacobinmag.com\/2022\/02\/working-america-canvassing-us-working-class-voters-polarization\">Aller au-del\u00e0 de la polarisation politique gr\u00e2ce \u00e0 un programme \u00e9conomique de la classe ouvri\u00e8re<\/a> (Jacobin)<\/p>\n\n\n\n<figure class=\"wp-block-image size-full\"><img data-recalc-dims=\"1\" loading=\"lazy\" decoding=\"async\" width=\"351\" height=\"236\" src=\"https:\/\/i0.wp.com\/www.rdpemancipation.org\/wp-content\/uploads\/2022\/02\/image-60.png?resize=351%2C236&#038;ssl=1\" alt=\"\" class=\"wp-image-71214\" srcset=\"https:\/\/i0.wp.com\/www.rdpemancipation.org\/wp-content\/uploads\/2022\/02\/image-60.png?w=351&amp;ssl=1 351w, https:\/\/i0.wp.com\/www.rdpemancipation.org\/wp-content\/uploads\/2022\/02\/image-60.png?resize=300%2C202&amp;ssl=1 300w\" sizes=\"auto, (max-width: 351px) 100vw, 351px\" \/><\/figure>\n\n\n\n<p><mark style=\"background-color:rgba(0, 0, 0, 0);color:#a30004\" class=\"has-inline-color\"><strong>13 F\u00e9vrier en continu<\/strong><\/mark><\/p>\n\n\n\n<p><a href=\"https:\/\/rebellyon.info\/Greve-pour-une-convention-collective-23707\"><strong>Gr\u00e8ve pour une convention collective pour les cat\u00e9gories du sanitaire, m\u00e9dico-social<\/strong><\/a> (Rebellyon)<\/p>\n\n\n\n<p><a href=\"https:\/\/www.lutte-ouvriere.org\/actualite\/echos\">Hutchinson&nbsp;&#8211; Ch\u00e2lette-sur-Loing (Loiret)&nbsp;:&nbsp; Les travailleurs veulent leur part<\/a> (LO)<\/p>\n\n\n\n<p><a href=\"https:\/\/www.mediacites.fr\/sante\/toulouse\/2022\/02\/11\/a-lhopital-des-enfants-de-toulouse-des-employes-non-grevistes-subissent-des-retenues-de-salaire-infondees\/\">H\u00f4pital des Enfants de Toulouse, des non-gr\u00e9vistes subissent des retenues de salaire<\/a> (M\u00e9diacit\u00e9s)<\/p>\n\n\n\n<p><\/p>\n\n\n\n<p><\/p>\n\n\n\n<p><a href=\"https:\/\/bam.news\/articles\/le-convoi-pour-la-liberte-arrive-a-bruxelles\/\">Le Convoi pour la libert\u00e9 arrive \u00e0 Bruxelles<\/a> (BAM)<\/p>\n\n\n\n<p><a href=\"https:\/\/jacobinmag.com\/2022\/02\/ue-dsa-ewoc-covid-19-new-organizing-labor\">Comment les syndicalistes ont construit un nouveau mod\u00e8le de travail pendant la pand\u00e9mie<\/a> (Jacobin)<\/p>\n\n\n\n<figure class=\"wp-block-image size-full\"><img data-recalc-dims=\"1\" loading=\"lazy\" decoding=\"async\" width=\"336\" height=\"178\" src=\"https:\/\/i0.wp.com\/www.rdpemancipation.org\/wp-content\/uploads\/2022\/02\/image-57.png?resize=336%2C178&#038;ssl=1\" alt=\"\" class=\"wp-image-71072\" srcset=\"https:\/\/i0.wp.com\/www.rdpemancipation.org\/wp-content\/uploads\/2022\/02\/image-57.png?w=336&amp;ssl=1 336w, https:\/\/i0.wp.com\/www.rdpemancipation.org\/wp-content\/uploads\/2022\/02\/image-57.png?resize=300%2C159&amp;ssl=1 300w\" sizes=\"auto, (max-width: 336px) 100vw, 336px\" \/><\/figure>\n\n\n\n<p><\/p>\n\n\n\n<p><a href=\"https:\/\/solidaires.org\/SUD-Rail-2022-Ile-de-France-N-PECRESSE-et-la-Direction-SNCF-ferment-133-gares\">PECRESSE et la Direction SNCF ferment 133 gares<\/a> (Solidaires)<\/p>\n\n\n\n<p><strong><a href=\"https:\/\/www.facebook.com\/luttesinvisibles\">Chronique du jour des mobilisations<\/a> (Luttes Invisibles)<\/strong><\/p>\n\n\n\n<p><\/p>\n\n\n\n<pre class=\"wp-block-preformatted\">Les pr\u00e9tendues nombreuses offres d\u2019emploi non pourvues sont en r\u00e9alit\u00e9 un ph\u00e9nom\u00e8ne \u00ab&nbsp;<em>marginal&nbsp;<\/em>\u00bb, comme le d\u00e9montre une nouvelle \u00e9tude de P\u00f4le Emploi : seuls 6&nbsp;% des recrutements ont \u00e9t\u00e9 abandonn\u00e9s faute de candidats ad\u00e9quats (<a href=\"https:\/\/www.lemonde.fr\/economie\/article\/2022\/02\/11\/selon-une-etude-les-offres-d-emploi-non-pourvues-restent-un-phenomene-marginal_6113263_3234.html\">source<\/a>)<\/pre>\n\n\n\n<p>Monde<\/p>\n\n\n\n<p><strong>Etats-Unis &#8211; <\/strong><a href=\"https:\/\/jacobinmag.com\/2022\/02\/starbucks-workers-union-fired-rei-amazon-strike\">Les travailleurs de Starbucks ont besoin d\u2019une Journ\u00e9e nationale de protestation <\/a><strong>&nbsp;&nbsp;(Jacobin)<\/strong><\/p>\n\n\n\n<p><a href=\"http:\/\/frances.prensa-latina.cu\/index.php?option=com_content&amp;view=article&amp;id=888436:new-york-licenciera-des-milliers-de-travailleurs-refusant-de-se-faire-vacciner&amp;opcion=pl-ver-noticia&amp;catid=193&amp;Itemid=101\"><strong>New York <\/strong>licenciera des milliers de travailleurs refusant de se faire vacciner<\/a> (Prensa Latina)<\/p>\n\n\n\n<figure class=\"wp-block-image size-full is-resized is-style-default\"><img data-recalc-dims=\"1\" loading=\"lazy\" decoding=\"async\" src=\"https:\/\/i0.wp.com\/www.rdpemancipation.org\/wp-content\/uploads\/2022\/02\/ny-vacunacion-covid.jpg?resize=485%2C323&#038;ssl=1\" alt=\"\" class=\"wp-image-70986\" width=\"485\" height=\"323\" srcset=\"https:\/\/i0.wp.com\/www.rdpemancipation.org\/wp-content\/uploads\/2022\/02\/ny-vacunacion-covid.jpg?w=350&amp;ssl=1 350w, https:\/\/i0.wp.com\/www.rdpemancipation.org\/wp-content\/uploads\/2022\/02\/ny-vacunacion-covid.jpg?resize=300%2C200&amp;ssl=1 300w\" sizes=\"auto, (max-width: 485px) 100vw, 485px\" \/><\/figure>\n\n\n\n<p>Analyse<\/p>\n\n\n\n<p><a href=\"https:\/\/www.inegalites.fr\/L-impot-sur-l-heritage-est-il-vraiment-aussi-impopulaire-qu-on-le-dit\"><strong>L\u2019imp\u00f4t sur l\u2019h\u00e9ritage est-il vraiment aussi impopulaire qu\u2019on le dit&nbsp;?<\/strong><\/a> (Observatoire des In\u00e9galit\u00e9s)<\/p>\n\n\n\n<p><a href=\"https:\/\/lvsl.fr\/le-mythe-mobilisateur\/\">Red\u00e9couvrir Georges Sorel et le mythe mobilisateur<\/a> (LVSL)<\/p>\n\n\n\n<p><mark style=\"background-color:rgba(0, 0, 0, 0);color:#a30004\" class=\"has-inline-color\"><strong>12 F\u00e9vrier en continu<\/strong><\/mark><\/p>\n\n\n\n<p><strong><a href=\"https:\/\/www.facebook.com\/luttesinvisibles\">Chronique du jour des mobilisations<\/a> (Luttes Invisibles)<\/strong><\/p>\n\n\n\n<p><a href=\"https:\/\/www.convergencesrevolutionnaires.org\/Plus-de-mille-grevistes-le-B12-est-touche-pas-encore-coule?navthem=1\">Plus de mille gr\u00e9vistes, le B12 (*) est touch\u00e9, pas encore coul\u00e9&nbsp;!<\/a> (CR)<\/p>\n\n\n\n<p><a href=\"https:\/\/www.revolutionpermanente.fr\/Greve-massive-pour-les-salaires-trois-usines-Lustucru-a-l-arret\">Gr\u00e8ve massive pour les salaires&nbsp;: trois usines Lustucru \u00e0 l\u2019arr\u00eat<\/a> (RP)<\/p>\n\n\n\n<p><a href=\"https:\/\/macron.watch\/2022\/02\/11\/le-recap-du-11-02-2022\/\">Pole Emploi&nbsp;: Le nombre de personnes radi\u00e9es \u00e0 lui augment\u00e9 de 45% en un an<\/a> (Macron Watch)<\/p>\n\n\n\n<p><a href=\"https:\/\/www.miroirsocial.com\/participatif\/nouveau-projet-merlot-de-prise-de-controle-de-carrefour-par-auchan-les-salaries-ne\">Projet \u00ab Merlot \u00bb de prise de contr\u00f4le de Carrefour par Auchan : les salari\u00e9s ne veulent pas trinquer<\/a> (Miroir social)<\/p>\n\n\n\n<p><a href=\"https:\/\/www.youtube.com\/watch?v=pOzFYudbyio\">Des Convois de la libert\u00e9 convergent vers Orl\u00e9ans avant de rejoindre Paris<\/a> (RT France \u2013 YT)<\/p>\n\n\n\n<figure class=\"wp-block-image size-full\"><img data-recalc-dims=\"1\" loading=\"lazy\" decoding=\"async\" width=\"299\" height=\"185\" src=\"https:\/\/i0.wp.com\/www.rdpemancipation.org\/wp-content\/uploads\/2022\/02\/image-53.png?resize=299%2C185&#038;ssl=1\" alt=\"\" class=\"wp-image-70922\"\/><\/figure>\n\n\n\n<p><a href=\"https:\/\/lanticapitaliste.org\/actualite\/services-publics\/retour-sur-la-greve-pole-emploi-le-1er-fevrier\">Retour sur la gr\u00e8ve \u00e0 P\u00f4le emploi le 1er f\u00e9vrier<\/a> (L\u2019Anticapitaliste)<\/p>\n\n\n\n<p><a href=\"https:\/\/www.lutte-ouvriere.org\/breves\/cac-40-largement-de-quoi-augmenter-les-salaires-205389.html\">CAC 40 : largement de quoi augmenter les salaires<\/a> (LO)<\/p>\n\n\n\n<p><a href=\"https:\/\/basta.media\/victoire-juridique-pour-la-preservation-des-jardins-ouvriers-d-aubervilliers-Jeux-Olympiques-2024\">Victoire juridique pour la pr\u00e9servation des jardins ouvriers d&rsquo;Aubervilliers<\/a> (Basta!)<\/p>\n\n\n\n<figure class=\"wp-block-image is-resized is-style-default\"><img data-recalc-dims=\"1\" loading=\"lazy\" decoding=\"async\" src=\"https:\/\/i0.wp.com\/static.mediapart.fr\/etmagine\/default\/files\/2022\/02\/11\/ehpad-petits-profits-1024x749.jpg?resize=490%2C358&#038;ssl=1\" alt=\"ehpad-petits-profits-1024x749\" width=\"490\" height=\"358\"\/><\/figure>\n\n\n\n<figure class=\"wp-block-image is-resized is-style-default\"><img loading=\"lazy\" decoding=\"async\" src=\"https:\/\/scontent-frx5-1.xx.fbcdn.net\/v\/t39.30808-6\/272982943_4800823700036363_5791967191832673309_n.jpg?_nc_cat=111&amp;ccb=1-5&amp;_nc_sid=8bfeb9&amp;_nc_ohc=HfinM4InqA4AX9Ka1mp&amp;_nc_ht=scontent-frx5-1.xx&amp;oh=00_AT-HuQai9vOFdVsr3huLgP18AMk3f36gux6wA6sCU9wehg&amp;oe=620A3BA9\" alt=\"Peut \u00eatre un dessin anim\u00e9 de texte qui dit \u2019INDUSTRIE Macron, le boomerang General Electric 2022IN 2337412,50\u20ac |www.humanite.fr l'Humanit\u00e9 JEAN JAURES Gkos 20 EHPAD LES PROFITEURS DE L'OR GRIS Le grand \u00e2ge est un march\u00e9 juteux pour Orpea Korian, les leaders mondiaux priv\u00e9s, cot\u00e9s en Bourse, et cofinanc\u00e9s par 'argent public. Un mod\u00e8le revoir fond en comble.P.2\u2019\" width=\"366\" height=\"470\"\/><\/figure>\n\n\n\n<pre class=\"wp-block-preformatted\">Seulement 23% des ch\u00f4meurs sortis des chiffres de P\u00f4le Emploi ont retrouv\u00e9 un emploi. Le nombre de personnes radi\u00e9es \u00e0 lui augment\u00e9 de 45% en un an (<a href=\"https:\/\/www.humanite.fr\/social-eco\/chomage\/chiffres-du-chomage-les-4-verites-dont-le-gouvernement-se-garde-bien-de-parler\">source<\/a>)<\/pre>\n\n\n\n<p>Monde<\/p>\n\n\n\n<p><strong>Bolivie<\/strong> &#8211; <a href=\"https:\/\/www.contretemps.eu\/bolivie-fragments-revolution\/\">Fragments d\u2019une r\u00e9volution<\/a> (Contretemps)<\/p>\n\n\n\n<figure class=\"wp-block-image size-full\"><img data-recalc-dims=\"1\" loading=\"lazy\" decoding=\"async\" width=\"270\" height=\"178\" src=\"https:\/\/i0.wp.com\/www.rdpemancipation.org\/wp-content\/uploads\/2022\/02\/image-54.png?resize=270%2C178&#038;ssl=1\" alt=\"\" class=\"wp-image-70927\"\/><\/figure>\n\n\n\n<p><strong>Chine<\/strong> &#8211; <a href=\"https:\/\/www.lutte-ouvriere.org\/breves\/mourir-du-travail-205388.html\">Mourir du travail<\/a> (LO)<\/p>\n\n\n\n<p>Analyse<\/p>\n\n\n\n<p><a href=\"https:\/\/www.miroirsocial.com\/participatif\/penser-le-social-les-questions-se-poser\">Penser le social : les questions \u00e0 se poser&#8230;<\/a> (Miroir social)<\/p>\n\n\n\n<p><a href=\"https:\/\/jacobinmag.com\/2022\/02\/ancient-greece-freedom-an-unruly-history-book-review-annelien-de-dijn\">Depuis la Gr\u00e8ce antique, les gens se sont battus pour une v\u00e9ritable libert\u00e9 contre les riches<\/a> (Jacobin)<\/p>\n\n\n\n<figure class=\"wp-block-image size-full\"><img data-recalc-dims=\"1\" loading=\"lazy\" decoding=\"async\" width=\"270\" height=\"189\" src=\"https:\/\/i0.wp.com\/www.rdpemancipation.org\/wp-content\/uploads\/2022\/02\/image-55.png?resize=270%2C189&#038;ssl=1\" alt=\"\" class=\"wp-image-70929\"\/><\/figure>\n\n\n\n<p><mark style=\"background-color:rgba(0, 0, 0, 0);color:#a30004\" class=\"has-inline-color\"><strong>11 F\u00e9vrier en continu<\/strong><\/mark><\/p>\n\n\n\n<p><strong><a href=\"https:\/\/www.mediapart.fr\/journal\/economie\/100222\/le-chomage-prends-ma-place-passe-une-journee-avec-couche-toi-avec\">Ch\u00f4mage&nbsp;: &nbsp;prends ma place, passe une journ\u00e9e avec et couche toi avec<\/a> (M\u00e9diapart)<\/strong><\/p>\n\n\n\n<p><strong><a href=\"https:\/\/www.facebook.com\/luttesinvisibles\" title=\"Chronique du jour des mobilisations\">Chronique du jour des mobilisations<\/a> (Luttes Invisibles)<\/strong><\/p>\n\n\n\n<figure class=\"wp-block-image is-resized is-style-default\"><img loading=\"lazy\" decoding=\"async\" src=\"https:\/\/scontent.fhex4-1.fna.fbcdn.net\/v\/t39.30808-6\/273271924_1383955285360269_5576465111961147245_n.png?_nc_cat=100&amp;ccb=1-5&amp;_nc_sid=730e14&amp;_nc_ohc=XdODVpclcrQAX-GWatC&amp;_nc_ht=scontent.fhex4-1.fna&amp;oh=00_AT83eafOTZLGeUBaWdfQXNXrHFDstBdknF2P5RtJwZ4PiQ&amp;oe=620A9FA6\" alt=\"Peut \u00eatre une image de texte qui dit \u201912.13\/02 Convoi libert\u00e9, 15\/02 Gr\u00e8ve Energie, 17\/02 Gr\u00e8ve S\u00e9cu, 18\/02 gr\u00e8ve Ratp + travail social TOUS ENSEMBLE\u2019\" width=\"492\" height=\"285\"\/><\/figure>\n\n\n\n<p><a href=\"file:\/\/\/C:\\Users\\ut\\Desktop\\EMANCIPATION\\En%20Loir-et-Cher,%20les%20classes%20ferment%20et%20les%20profs%20l\u2019ouvrent\">En Loir-et-Cher, les classes ferment et les profs l\u2019ouvrent<\/a> (L\u2019Anticapitaliste)<\/p>\n\n\n\n<figure class=\"wp-block-image size-full\"><img data-recalc-dims=\"1\" loading=\"lazy\" decoding=\"async\" width=\"341\" height=\"178\" src=\"https:\/\/i0.wp.com\/www.rdpemancipation.org\/wp-content\/uploads\/2022\/02\/image-48.png?resize=341%2C178&#038;ssl=1\" alt=\"\" class=\"wp-image-70764\" srcset=\"https:\/\/i0.wp.com\/www.rdpemancipation.org\/wp-content\/uploads\/2022\/02\/image-48.png?w=341&amp;ssl=1 341w, https:\/\/i0.wp.com\/www.rdpemancipation.org\/wp-content\/uploads\/2022\/02\/image-48.png?resize=300%2C157&amp;ssl=1 300w\" sizes=\"auto, (max-width: 341px) 100vw, 341px\" \/><\/figure>\n\n\n\n<p><a href=\"https:\/\/journal.lutte-ouvriere.org\/2022\/02\/09\/hausse-des-prix-les-salaires-et-les-pensions-doivent-suivre_204573.html\"><strong>Hausse des prix :&nbsp;les salaires et les pensions doivent suivre !<\/strong><\/a> (LO)<\/p>\n\n\n\n<p><strong><a href=\"https:\/\/lareleveetlapeste.fr\/14-milliards-de-benefices-pour-50-millions-daide-aux-consommateurs-lenfumage-de-totalenergies\/\">14 mrds de b\u00e9n\u00e9fices et 50 mns d\u2019aide aux consommateurs&nbsp;: l\u2019enfumage de Tota<\/a><\/strong>l (La Rel\u00e8ve et la Peste)<\/p>\n\n\n\n<p><a href=\"https:\/\/bellaciao.org\/Lyon-les-ecologistes-jouent-la-carte-de-la-concurrence-dans-les-transports-les\">Lyon&nbsp;: Les \u00e9cologistes jouent la concurrence dans les transports&nbsp;; syndicats en lutte<\/a> (Bellaciao)<\/p>\n\n\n\n<figure class=\"wp-block-image size-full\"><img data-recalc-dims=\"1\" loading=\"lazy\" decoding=\"async\" width=\"330\" height=\"221\" src=\"https:\/\/i0.wp.com\/www.rdpemancipation.org\/wp-content\/uploads\/2022\/02\/image-49.png?resize=330%2C221&#038;ssl=1\" alt=\"\" class=\"wp-image-70766\" srcset=\"https:\/\/i0.wp.com\/www.rdpemancipation.org\/wp-content\/uploads\/2022\/02\/image-49.png?w=330&amp;ssl=1 330w, https:\/\/i0.wp.com\/www.rdpemancipation.org\/wp-content\/uploads\/2022\/02\/image-49.png?resize=300%2C201&amp;ssl=1 300w\" sizes=\"auto, (max-width: 330px) 100vw, 330px\" \/><\/figure>\n\n\n\n<p><\/p>\n\n\n\n<p><a href=\"https:\/\/www.revolutionpermanente.fr\/Greve-chez-Louis-Vuitton-5-maroquineries-se-mobilisent-pour-exiger-une-augmentation-des-salaires\">Gr\u00e8ve chez Louis Vuitton. 5 maroquineries se mobilisent pour exiger une augmentation des salaires <\/a>(RP)<\/p>\n\n\n\n<p><a href=\"https:\/\/www.capital.fr\/economie-politique\/les-familles-et-les-menages-modestes-grands-oublies-danne-hidalgo-a-paris-1428118\">Les familles et les m\u00e9nages modestes, grands oubli\u00e9s d&rsquo;Anne Hidalgo \u00e0 Paris<\/a> (Capital)<\/p>\n\n\n\n<p><a href=\"https:\/\/www.20minutes.fr\/societe\/3232427-20220209-convoi-liberte-manifestants-roulent-cocktail-desarroi-colere-vers-paris\">Convoi de la libert\u00e9: manifestants roulent avec leur cocktail de d\u00e9sarroi et de col\u00e8re vers Paris<\/a> (20Mn)<\/p>\n\n\n\n<p><a href=\"https:\/\/lanticapitaliste.org\/actualite\/social\/7-decembre-1er-fevrier-le-mouvement-du-secteur-social-et-medico-social-continue\">7 d\u00e9cembre, 1er f\u00e9vrier\u2026\u2002Le mouvement du secteur social et m\u00e9dico-social continue\u2009!<\/a> (L\u2019Anticapitaliste)<\/p>\n\n\n\n<p><a href=\"https:\/\/info.mediapart.fr\/optiext\/optiextension.dll?ID=0wx0utpDIobvl6TBIJsvplWwJ4B_TYcY6oGw10b3rmkqEElK9uYcqc1XM9C4m51ks3KrMy20haqAKKg4G3XOFaS%2BUTa0j\">Bas salaires : les maroquini\u00e8res de Louis Vuitton d\u00e9brayent<\/a> (MDP)<\/p>\n\n\n\n<p><a href=\"https:\/\/www.humanite.fr\/social-eco\/chomage\/chiffres-du-chomage-les-4-verites-dont-le-gouvernement-se-garde-bien-de-parler\"><strong>Chiffres du ch\u00f4mage&nbsp;: les 4 v\u00e9rit\u00e9s dont le gouvernement se garde bien de parler<\/strong><\/a><strong> (L\u2019Humanit\u00e9)<\/strong><\/p>\n\n\n\n<p>Monde<\/p>\n\n\n\n<p><strong>Espagne<\/strong> &#8211; <a href=\"https:\/\/www.infolibre.es\/economia\/salario-minimo-crece-52-6-convierte-septimo-alto-union-europea_1_1218959.html\">Le salaire minimum en hausse de 52,6% depuis 2016 et devient le septi\u00e8me plus \u00e9lev\u00e9 de l\u2019UE<\/a> (Esp &#8211; Infolibre)<\/p>\n\n\n\n<p><strong>Etats \u2013 Unis <\/strong>&#8211; &nbsp;<a href=\"https:\/\/jacobinmag.com\/2022\/02\/philadelphia-gas-works-public-utility-renewable-energy-climate-action\">\u00c0 Philadelphie, la propri\u00e9t\u00e9 des services publics ne suffit pas<\/a> (Jacobin)<\/p>\n\n\n\n<p><a href=\"https:\/\/www.theguardian.com\/us-news\/2022\/feb\/10\/target-directs-managers-prevent-workers-from-unionizing?CMP=Share_iOSApp_Other\">Les magasins US Target entra\u00eenent leurs g\u00e9rants \u00e0 s\u2019opposer \u00e0 la syndicalisation<\/a> (anglais -The Guardian)<\/p>\n\n\n\n<p>Analyse<\/p>\n\n\n\n<p><a href=\"https:\/\/lvsl.fr\/a-lassaut-du-ciel-lassociation-internationale-des-travailleurs-et-la-commune-de-paris\/\">A l\u2019assaut du ciel&nbsp;: l\u2019AIT et la Commune de Paris<\/a> (Le Vent se L\u00e8ve)<\/p>\n\n\n\n<figure class=\"wp-block-image size-full\"><img data-recalc-dims=\"1\" loading=\"lazy\" decoding=\"async\" width=\"337\" height=\"219\" src=\"https:\/\/i0.wp.com\/www.rdpemancipation.org\/wp-content\/uploads\/2022\/02\/image-50.png?resize=337%2C219&#038;ssl=1\" alt=\"\" class=\"wp-image-70767\" srcset=\"https:\/\/i0.wp.com\/www.rdpemancipation.org\/wp-content\/uploads\/2022\/02\/image-50.png?w=337&amp;ssl=1 337w, https:\/\/i0.wp.com\/www.rdpemancipation.org\/wp-content\/uploads\/2022\/02\/image-50.png?resize=300%2C195&amp;ssl=1 300w\" sizes=\"auto, (max-width: 337px) 100vw, 337px\" \/><\/figure>\n\n\n\n<p><a href=\"https:\/\/www.franceinter.fr\/emissions\/affaires-sensibles\/affaires-sensibles-22-janvier-2020\">France t\u00e9l\u00e9com : chronique d\u2019une trag\u00e9die sociale <\/a>(Affaires Sensibles)<\/p>\n\n\n\n<p><a href=\"https:\/\/lanticapitaliste.org\/actualite\/services-publics\/retour-sur-la-greve-pole-emploi-le-1er-fevrier\">Retour sur la gr\u00e8ve \u00e0 P\u00f4le emploi le 1er f\u00e9vrier<\/a> (L\u2019Anticapitaliste)<\/p>\n\n\n\n<p><mark style=\"background-color:rgba(0, 0, 0, 0);color:#a30004\" class=\"has-inline-color\"><strong>10 F\u00e9vrier en continu<\/strong><\/mark><\/p>\n\n\n\n<p><strong><a href=\"https:\/\/www.facebook.com\/luttesinvisibles\" title=\"Chronique du jour des mobilisations\">Chronique du jour des mobilisations<\/a> (Luttes Invisibles)<\/strong><\/p>\n\n\n\n<figure class=\"wp-block-image is-resized is-style-default\"><img loading=\"lazy\" decoding=\"async\" src=\"https:\/\/scontent.fhex4-1.fna.fbcdn.net\/v\/t39.30808-6\/273032551_2466542266809725_4118457871704545226_n.png?stp=dst-png_p552x414&amp;_nc_cat=104&amp;ccb=1-5&amp;_nc_sid=9267fe&amp;_nc_ohc=zu2gNZt1kGMAX9B2HrR&amp;_nc_oc=AQlMknD-ame8tsjqEpTDUPqavIOCqr1eE4NtnUJNtHXzPmFwhSdDxfPbV1wFODpXa3E&amp;_nc_ht=scontent.fhex4-1.fna&amp;oh=00_AT9A-djEepLoQcN6ZFhhe2avp682HoTECTkgef0_-xNuEw&amp;oe=620A2FFF\" alt=\"Peut \u00eatre une image de texte qui dit \u201912 milliards d'euros de versements aux actionnaires de l'Or\u00e9al en 2021, c'est autant que le budget annuel d\u00e9di\u00e9 au RSA cgt\u2019\" width=\"450\" height=\"415\"\/><\/figure>\n\n\n\n<p><a href=\"https:\/\/www.frustrationmagazine.fr\/profits-salaires-2021\/\">Les salaires stagnent, les profits explosent&nbsp;: Comment tout changer<\/a> (Frustration Mag)<\/p>\n\n\n\n<figure class=\"wp-block-image size-full is-resized\"><img data-recalc-dims=\"1\" loading=\"lazy\" decoding=\"async\" src=\"https:\/\/i0.wp.com\/www.rdpemancipation.org\/wp-content\/uploads\/2022\/02\/image-44.png?resize=552%2C347&#038;ssl=1\" alt=\"\" class=\"wp-image-70579\" width=\"552\" height=\"347\" srcset=\"https:\/\/i0.wp.com\/www.rdpemancipation.org\/wp-content\/uploads\/2022\/02\/image-44.png?w=356&amp;ssl=1 356w, https:\/\/i0.wp.com\/www.rdpemancipation.org\/wp-content\/uploads\/2022\/02\/image-44.png?resize=300%2C189&amp;ssl=1 300w\" sizes=\"auto, (max-width: 552px) 100vw, 552px\" \/><\/figure>\n\n\n\n<p>Monde<\/p>\n\n\n\n<p><strong>Espagne<\/strong> &#8211; <a href=\"https:\/\/www.infolibre.es\/economia\/gobierno-firma-nuevo-sindicatos-ceoe-subida-smi-1-000-euros-1-enero_1_1218903.html\">Le gouvernement signe avec les syndicats la mont\u00e9e en puissance du SMIC : 1 000 euros \u00e0 partir du 1er janvier<\/a> (Esp. &#8211; Infolibre)<\/p>\n\n\n\n<p><strong>Etats-Unis<\/strong> &#8211; <a href=\"http:\/\/alencontre.org\/ameriques\/americnord\/usa\/etats-unis-les-rapports-de-force-entre-capital-et-travail-et-la-supercherie-de-la-spirale-salaires-prix.html\">Les rapports de force entre capital et travail et la supercherie de la \u00abspirale salaires-prix\u00bb<\/a> (A l\u2019Encontre)<\/p>\n\n\n\n<p><strong>Etats-Unis<\/strong> &#8211; <a href=\"https:\/\/jacobinmag.com\/2022\/02\/k12-transporation-worker-shortage-pay-hours-covid\">Les chauffeurs d\u2019autobus scolaires rendent l\u2019\u00e9cole possible. Ils m\u00e9ritent mieux<\/a> (Jacobin)<\/p>\n\n\n\n<p><strong>Mexique <\/strong>\u2013 <a href=\"https:\/\/www.counterpunch.org\/2022\/02\/09\/after-years-of-living-in-fear-gm-workers-in-mexico-are-flexing-their-power\/\">Apr\u00e8s des ann\u00e9es de peur, les travailleurs de GM montrent leur pouvoir<\/a> (Ang. &#8211; Counter Punch)<\/p>\n\n\n\n<p>Analyse<\/p>\n\n\n\n<p><a href=\"https:\/\/www.insee.fr\/fr\/statistiques\/6043792\">Vivre en \u00cele-de-France a un effet n\u00e9gatif sur la satisfaction dans la vie<\/a> (INSEE)<\/p>\n\n\n\n<p><a href=\"https:\/\/www.miroirsocial.com\/focus\/aider-les-salaries-se-loger-qui-pour-le-faire\">Aider les salari\u00e9s \u00e0 se loger : qui pour le faire ?<\/a> (Miroir social)<\/p>\n\n\n\n<p><a href=\"https:\/\/rebelion.org\/tecnofeudalismo-etapa-superior-del-capitalismo-por\/\">Le techno-f\u00e9odalisme, le stade le plus \u00e9lev\u00e9 du capitalisme<\/a> (Esp. &#8211; Rebeli\u03ccn)<\/p>\n\n\n\n<figure class=\"wp-block-image size-full is-resized\"><img data-recalc-dims=\"1\" loading=\"lazy\" decoding=\"async\" src=\"https:\/\/i0.wp.com\/www.rdpemancipation.org\/wp-content\/uploads\/2022\/02\/image-45.png?resize=413%2C260&#038;ssl=1\" alt=\"\" class=\"wp-image-70581\" width=\"413\" height=\"260\" srcset=\"https:\/\/i0.wp.com\/www.rdpemancipation.org\/wp-content\/uploads\/2022\/02\/image-45.png?w=340&amp;ssl=1 340w, https:\/\/i0.wp.com\/www.rdpemancipation.org\/wp-content\/uploads\/2022\/02\/image-45.png?resize=300%2C189&amp;ssl=1 300w\" sizes=\"auto, (max-width: 413px) 100vw, 413px\" \/><\/figure>\n\n\n\n<p><mark style=\"background-color:rgba(0, 0, 0, 0);color:#a30004\" class=\"has-inline-color\"><strong> 9 F\u00e9vrier en continu<\/strong><\/mark><\/p>\n\n\n\n<p><a href=\"https:\/\/www.facebook.com\/luttesinvisibles\" title=\"Chronique du jour des mobilisations\">Chronique du jour des mobilisations<\/a> (Luttes Invisibles)<\/p>\n\n\n\n<figure class=\"wp-block-image is-resized is-style-default\"><img loading=\"lazy\" decoding=\"async\" src=\"https:\/\/scontent.fhex4-2.fna.fbcdn.net\/v\/t39.30808-6\/s720x720\/273026840_4837338869720952_5085147007486516735_n.jpg?_nc_cat=109&amp;ccb=1-5&amp;_nc_sid=730e14&amp;_nc_ohc=Cgrolc-wKRsAX_SCmz5&amp;_nc_ht=scontent.fhex4-2.fna&amp;oh=00_AT9r7KsxSGGltqQcTXriwPn99RwKkcGRt9XZpjpUUP5qrg&amp;oe=62083C3B\" alt=\"Peut \u00eatre une image de texte qui dit \u2019Contre id\u00e9es les qui puent Tutte Parfum de Efficace x\u00e9nophobie, thomophobie,l'antis\u00e9mitisme, l'antis\u00e9mitisme, la misogynie, contre le racisme, la l'homophobie, le nationalisme, etc.\u2019\" width=\"380\" height=\"538\"\/><\/figure>\n\n\n\n<figure class=\"wp-block-image is-resized is-style-default\"><img loading=\"lazy\" decoding=\"async\" src=\"https:\/\/scontent.fhex4-1.fna.fbcdn.net\/v\/t39.30808-6\/s600x600\/273036678_1382736318815499_4397699647416174993_n.png?_nc_cat=104&amp;ccb=1-5&amp;_nc_sid=730e14&amp;_nc_ohc=Iqks06G1ahgAX9iq9GK&amp;_nc_ht=scontent.fhex4-1.fna&amp;oh=00_AT9ATN80e0jlQDWk57Bjssl_cj6T9Mbz2qBTDlML2mcfZQ&amp;oe=6209B2A7\" alt=\"Peut \u00eatre une image de 2 personnes et texte qui dit \u20193h Olivier Besancenot @ol... Des policiers \u00e0 la Poste qui viennent chercher des syndicalistes jusqu'en salle de pause pour les emp\u00eacher de discuter avec des coll\u00e8gues!! 15h Ga\u00ebl Quirante @Gael... Qu'est-ce qui peut justifier que des policiers mitrailleuses en mains aillent jusqu'en salle de pause chercher des syndicalistes de @GroupeLaPoste qui sont venus discuter avec des coll\u00e8gues Ces patrons se croient tout permis, mais cette entrave syndicale devra \u00eatre sanctionn\u00e9!\u2019\" width=\"299\" height=\"344\"\/><\/figure>\n\n\n\n<p><a href=\"https:\/\/enquetecritique.org\/projets\/auto-defense-auto-education-auto-organisation\/article\/observatoire-de-l-etat-d-urgence-sanitaire\">Observatoire de l\u2019\u00e9tat d\u2019urgence sanitaire \u2013 Rapport N\u00b0 1<\/a> (Enqu\u00eate Critique)<\/p>\n\n\n\n<figure class=\"wp-block-image size-full\"><img data-recalc-dims=\"1\" loading=\"lazy\" decoding=\"async\" width=\"343\" height=\"230\" src=\"https:\/\/i0.wp.com\/www.rdpemancipation.org\/wp-content\/uploads\/2022\/02\/image-37.png?resize=343%2C230&#038;ssl=1\" alt=\"\" class=\"wp-image-70423\" srcset=\"https:\/\/i0.wp.com\/www.rdpemancipation.org\/wp-content\/uploads\/2022\/02\/image-37.png?w=343&amp;ssl=1 343w, https:\/\/i0.wp.com\/www.rdpemancipation.org\/wp-content\/uploads\/2022\/02\/image-37.png?resize=300%2C201&amp;ssl=1 300w\" sizes=\"auto, (max-width: 343px) 100vw, 343px\" \/><\/figure>\n\n\n\n<p><a href=\"https:\/\/www.miroirsocial.com\/participatif\/le-dialogue-social-2022-commence-mal-dans-la-branche-des-assurances\">Le dialogue social 2022 commence mal&nbsp;dans la branche des assurances<\/a> (Miroir social)<\/p>\n\n\n\n<figure class=\"wp-block-image is-resized is-style-default\"><img data-recalc-dims=\"1\" loading=\"lazy\" decoding=\"async\" src=\"https:\/\/i0.wp.com\/mamot.fr\/system\/media_attachments\/files\/107\/740\/461\/151\/098\/995\/original\/b0746b4f9bc69142.png?resize=408%2C493&#038;ssl=1\" alt=\"\" width=\"408\" height=\"493\"\/><figcaption><br>Monde<br><br>Espagne \u2013 <a href=\"http:\/\/vozobrera.org\/periodico\/que-no-te-enganen-la-nueva-reforma-laboral-es-una-claudicacion-ante-la-patronal\/\">La r\u00e9forme du travail est une capitulation devant les patrons <\/a>&nbsp;(Esp. \u2013 Voz Obrera)<br><br>Etats-Unis &#8211; <a href=\"https:\/\/jacobinmag.com\/2022\/02\/west-coast-port-truckers-xpo-logistics-nlrb-union-election-teamsters\">Des centaines de camionneurs de la c\u00f4te Ouest se battent pour un syndicat<\/a> (Jacobin<br><br><a href=\"https:\/\/www.lemonde.fr\/international\/article\/2022\/02\/09\/aux-etats-unis-starbucks-accuse-de-licencier-des-salaries-qui-voulaient-se-syndiquer_6112894_3210.html\">Etats-Unis  &#8211; Starbucks licencie des employ\u00e9s qui veulent se syndiquer (<\/a>Le Monde<a href=\"https:\/\/www.lemonde.fr\/international\/article\/2022\/02\/09\/aux-etats-unis-starbucks-accuse-de-licencier-des-salaries-qui-voulaient-se-syndiquer_6112894_3210.html\">)<\/a><br><br>Analyse<br> <br><a href=\"https:\/\/www.miroirsocial.com\/participatif\/une-hausse-importante-des-ruptures-conventionnelles-dans-la-fonction-publique\">Une hausse importante des ruptures conventionnelles dans la fonction publique<\/a> (Miroir social<\/figcaption><\/figure>\n\n\n\n<p><a href=\"https:\/\/rebelion.org\/las-palabras-clave-de-insurgencia-y-convergencia\/\">Les mots-cl\u00e9<strong>s de l\u2019insurrection et de la convergence<\/strong><\/a> (Esp. \u2013 Rebelion)<\/p>\n\n\n\n<p><a href=\"https:\/\/www.contretemps.eu\/racisme-classe-ouvriere-angleterre-antiracisme-gauche\/\"><strong>Racisme et antiracisme dans la formation de la classe ouvri\u00e8re brita<\/strong><\/a><strong><a href=\"https:\/\/www.contretemps.eu\/racisme-classe-ouvriere-angleterre-antiracisme-gauche\/\">nnique<\/a> <\/strong>(Contretemps)<\/p>\n\n\n\n<p><mark style=\"background-color:rgba(0, 0, 0, 0);color:#a30004\" class=\"has-inline-color\"><strong> 8 F\u00e9vrier en continu<\/strong><\/mark><\/p>\n\n\n\n<p><\/p>\n\n\n\n<p><a href=\"https:\/\/lundi.am\/Greve-au-menu-du-Wepler\">Gr\u00e8ve au menu du Wepler<\/a> (Lundi matin)<\/p>\n\n\n\n<figure class=\"wp-block-image size-full\"><img data-recalc-dims=\"1\" loading=\"lazy\" decoding=\"async\" width=\"344\" height=\"182\" src=\"https:\/\/i0.wp.com\/www.rdpemancipation.org\/wp-content\/uploads\/2022\/02\/image-34.png?resize=344%2C182&#038;ssl=1\" alt=\"\" class=\"wp-image-70266\" srcset=\"https:\/\/i0.wp.com\/www.rdpemancipation.org\/wp-content\/uploads\/2022\/02\/image-34.png?w=344&amp;ssl=1 344w, https:\/\/i0.wp.com\/www.rdpemancipation.org\/wp-content\/uploads\/2022\/02\/image-34.png?resize=300%2C159&amp;ssl=1 300w\" sizes=\"auto, (max-width: 344px) 100vw, 344px\" \/><\/figure>\n\n\n\n<p><a href=\"https:\/\/www.convergencesrevolutionnaires.org\/Une-societe-qui-craque-imposons-l-urgence-anticapitaliste?navthem=1\"><strong>Une soci\u00e9t\u00e9 qui craque&nbsp;: imposons l\u2019urgence anticapitaliste<\/strong><\/a> (Convergences r\u00e9volutionnaires)<\/p>\n\n\n\n<p><a href=\"https:\/\/www.ouest-france.fr\/pays-de-la-loire\/segre-en-anjou-bleu-49500\/segre-semaine-de-greve-a-hutchinson-paulstra-5eb91b78-882e-11ec-937e-83af349e51ad\">Segr\u00e9. Semaine de gr\u00e8ve \u00e0 Hutchinson-Paulstra<\/a> (Ouest-France)<\/p>\n\n\n\n<p><\/p>\n\n\n\n<p><\/p>\n\n\n\n<figure class=\"wp-block-image is-resized is-style-default\"><img data-recalc-dims=\"1\" loading=\"lazy\" decoding=\"async\" src=\"https:\/\/i0.wp.com\/static.mediapart.fr\/etmagine\/default\/files\/2022\/02\/07\/gabriel-attal-fait-le-job-974x1024.jpg?resize=389%2C409&#038;ssl=1\" alt=\"gabriel-attal-fait-le-job-974x1024\" width=\"389\" height=\"409\"\/><\/figure>\n\n\n\n<p><strong><a href=\"https:\/\/www.facebook.com\/luttesinvisibles\">Chronique du jour des mobilisations<\/a> (Luttes Invisibles)<\/strong><\/p>\n\n\n\n<figure class=\"wp-block-image is-resized is-style-default\"><img loading=\"lazy\" decoding=\"async\" src=\"https:\/\/scontent-frx5-1.xx.fbcdn.net\/v\/t39.30808-6\/s960x960\/273383855_246740137624301_8602706682620885794_n.jpg?_nc_cat=1&amp;ccb=1-5&amp;_nc_sid=730e14&amp;_nc_ohc=Z2mZlcL1IFYAX_nEjVa&amp;_nc_ht=scontent-frx5-1.xx&amp;oh=00_AT8to1YijWnT7N8MB4ilHcYTfcJaY9-PQCy8BGFMein7bA&amp;oe=6205FE15\" alt=\"Peut \u00eatre une image de texte qui dit \u2019La station service c'est le seul endroit o\u00f9 tu tiens le pistolet, mais c'est toi qui te fais braquer\u2019\" width=\"351\" height=\"291\"\/><\/figure>\n\n\n\n<p>Monde<\/p>\n\n\n\n<p><strong>Espagne<\/strong> \u2013 <a href=\"http:\/\/vozobrera.org\/periodico\/que-no-te-enganen-la-nueva-reforma-laboral-es-una-claudicacion-ante-la-patronal\/\">La r\u00e9forme du travail est une capitulation devant les patrons <\/a>&nbsp;(Esp. \u2013 Voz Obrera)<\/p>\n\n\n\n<p><a href=\"https:\/\/www.equaltimes.org\/comment-le-mouvement-syndical-a?lang=en\"><strong>Inde et Indon\u00e9sie<\/strong>: mouvement syndical a contribu\u00e9 \u00e0 bloquer l\u00e9gislation pro-business <\/a>(Equal Times)<\/p>\n\n\n\n<p><a href=\"https:\/\/www.theguardian.com\/us-news\/2022\/feb\/07\/biden-union-labor-white-house-organizing?CMP=Share_iOSApp_Other\">Commission pr\u00e9sid\u00e9e par Kamala Harris propose mesures pour faciliter syndicalisation<\/a> (ang-The Guardian)<\/p>\n\n\n\n<figure class=\"wp-block-image is-resized is-style-default\"><img data-recalc-dims=\"1\" loading=\"lazy\" decoding=\"async\" src=\"https:\/\/i0.wp.com\/static.mediapart.fr\/etmagine\/default\/files\/2016\/10\/26\/travail.jpg?resize=372%2C375&#038;ssl=1\" alt=\"travail\" width=\"372\" height=\"375\"\/><\/figure>\n\n\n\n<p>Analyse<\/p>\n\n\n\n<p><a href=\"https:\/\/www.monde-diplomatique.fr\/2022\/02\/FOISNEAU\/64343\">L\u2019autre nom de l\u2019internement des nomades<\/a> (Monde Diplo)<\/p>\n\n\n\n<p><a href=\"https:\/\/jacobinmag.com\/2022\/02\/capitalism-collective-fun-wordle-game-nytimes\"><strong>Le capitalisme d\u00e9teste le plaisir collectif<\/strong><\/a> (Jacobin)<br><a href=\"https:\/\/www.franceinter.fr\/emissions\/affaires-sensibles\/affaires-sensibles-08-janvier-2020\">Whirlpool, chez les vaincus de la mondialisation. <\/a>(Affaires Sensibles) <\/p>\n\n\n\n<figure class=\"wp-block-image is-resized is-style-default\"><img data-recalc-dims=\"1\" loading=\"lazy\" decoding=\"async\" src=\"https:\/\/i0.wp.com\/cdn.radiofrance.fr\/s3\/cruiser-production\/2019\/12\/563f625d-b787-4299-8be1-cb539fc925e2\/1136_photo_choisie.jpg?resize=338%2C507&#038;ssl=1\" alt=\"Le candidat \u00e0 l'\u00e9lection pr\u00e9sidentielle fran\u00e7aise Emmanuel Macron rencontre les employ\u00e9s de gr\u00e8ve de Whirlpool le 26 avril 2017 \u00e0 Amiens\" width=\"338\" height=\"507\"\/><\/figure>\n\n\n\n<p><mark style=\"background-color:rgba(0, 0, 0, 0);color:#a30004\" class=\"has-inline-color\"><strong> 7 F\u00e9vrier en continu<\/strong><\/mark><\/p>\n\n\n\n<p><a href=\"https:\/\/www.lemonde.fr\/culture\/article\/2022\/02\/05\/au-centquatre-le-personnel-fait-greve-contre-le-surregime_6112460_3246.html\">Au Centquatre, le personnel fait gr\u00e8ve contre le surr\u00e9gime<\/a> (Le Monde)<\/p>\n\n\n\n<p><a href=\"https:\/\/www.leparisien.fr\/societe\/sante\/une-nuit-a-lhopital-aux-cotes-des-infirmieres-en-pediatrie-on-se-debrouille-seules-il-ny-a-pas-de-medecin-06-02-2022-2KDVHRTMHNGXBA62BADRDAOKNU.php\"><strong>Aux c\u00f4t\u00e9s des infirmi\u00e8res en p\u00e9diatrie&nbsp;: \u00ab&nbsp;On se d\u00e9brouille seules, il n\u2019y a pas de m\u00e9decin&nbsp;\u00bb<\/strong><\/a> (Le Parisien)<\/p>\n\n\n\n<p><a href=\"https:\/\/www.ledauphine.com\/social\/2022\/02\/05\/vers-une-greve-dans-les-remontees-mecaniques\">Val d&rsquo;Is\u00e8re : vers une gr\u00e8ve dans les remont\u00e9es m\u00e9caniques<\/a> (Le Dauphin\u00e9)<\/p>\n\n\n\n<figure class=\"wp-block-image size-full\"><img data-recalc-dims=\"1\" loading=\"lazy\" decoding=\"async\" width=\"326\" height=\"165\" src=\"https:\/\/i0.wp.com\/www.rdpemancipation.org\/wp-content\/uploads\/2022\/02\/image-28.png?resize=326%2C165&#038;ssl=1\" alt=\"\" class=\"wp-image-70086\" srcset=\"https:\/\/i0.wp.com\/www.rdpemancipation.org\/wp-content\/uploads\/2022\/02\/image-28.png?w=326&amp;ssl=1 326w, https:\/\/i0.wp.com\/www.rdpemancipation.org\/wp-content\/uploads\/2022\/02\/image-28.png?resize=300%2C152&amp;ssl=1 300w\" sizes=\"auto, (max-width: 326px) 100vw, 326px\" \/><figcaption>Le vote validant le d\u00e9p\u00f4t d\u2019un pr\u00e9avis de gr\u00e8ve \u00e0 Val d\u2019Is\u00e8re.<\/figcaption><\/figure>\n\n\n\n<p><a href=\"https:\/\/www.monde-diplomatique.fr\/2019\/03\/BAQUE\/59611\"><strong>Vieillesse en d\u00e9tresse dans les Ehpad<\/strong><\/a> (Monde Diplo)<\/p>\n\n\n\n<p><a href=\"https:\/\/www.marianne.net\/politique\/propositions-sur-lheritage-et-presidentielle-2022-les-candidats-du-plus-aristo-au-plus-egalitaire\">Propositions sur l&rsquo;h\u00e9ritage et pr\u00e9sidentielle 2022 : les candidats, du plus aristo au plus \u00e9galitaire<\/a> (Marianne)<\/p>\n\n\n\n<p><a href=\"https:\/\/anticapitalisme-et-revolution.blogspot.com\/2020\/11\/notre-orientation-face-la-vague-de.html\">Notre orientation face \u00e0 la vague de licenciements et de suppressions d\u2019emplois<\/a> (A&amp;R)<\/p>\n\n\n\n<figure class=\"wp-block-image is-resized is-style-default\"><img loading=\"lazy\" decoding=\"async\" src=\"https:\/\/pbs.twimg.com\/media\/FK2bmixXEAIR0ht?format=jpg&amp;name=small\" alt=\"\" width=\"363\" height=\"363\"\/><\/figure>\n\n\n\n<p>Monde<\/p>\n\n\n\n<p><a href=\"https:\/\/jacobinmag.com\/2022\/02\/canada-freedom-convoy-conservative-right-wing-anti-worker-anti-vaccine\">Le \u00ab convoi de la libert\u00e9 \u00bb du <strong>Canada<\/strong> est un front de droite pour un programme anti-travailleurs<\/a> (Jacobin)<\/p>\n\n\n\n<figure class=\"wp-block-image size-full\"><img data-recalc-dims=\"1\" loading=\"lazy\" decoding=\"async\" width=\"342\" height=\"229\" src=\"https:\/\/i0.wp.com\/www.rdpemancipation.org\/wp-content\/uploads\/2022\/02\/image-29.png?resize=342%2C229&#038;ssl=1\" alt=\"\" class=\"wp-image-70089\" srcset=\"https:\/\/i0.wp.com\/www.rdpemancipation.org\/wp-content\/uploads\/2022\/02\/image-29.png?w=342&amp;ssl=1 342w, https:\/\/i0.wp.com\/www.rdpemancipation.org\/wp-content\/uploads\/2022\/02\/image-29.png?resize=300%2C201&amp;ssl=1 300w\" sizes=\"auto, (max-width: 342px) 100vw, 342px\" \/><\/figure>\n\n\n\n<p><a href=\"https:\/\/truthout.org\/articles\/workers-at-three-amazon-warehouses-are-now-waging-unionization-battles\/\">Malgr\u00e9 obstruction, tentatives de syndicalisation reprennent chez Amazon USA<\/a> (angl-Truthout)<\/p>\n\n\n\n<p>Analyse<\/p>\n\n\n\n<p><a href=\"https:\/\/jacobinmag.com\/2022\/02\/german-revolution-november-weimar-republic-luxemburg-nazis\">La contre-r\u00e9volution allemande a ouvert la voie \u00e0 la mont\u00e9e du nazisme<\/a> (Jacobin)<\/p>\n\n\n\n<p><a href=\"https:\/\/www.franceinter.fr\/emissions\/affaires-sensibles\/affaires-sensibles-17-decembre-2019\">Les grandes gr\u00e8ves de l&rsquo;automne 1995 <\/a>(Affaires Sensibles)<\/p>\n\n\n\n<figure class=\"wp-block-image size-full is-resized is-style-default\"><img data-recalc-dims=\"1\" loading=\"lazy\" decoding=\"async\" src=\"https:\/\/i0.wp.com\/www.rdpemancipation.org\/wp-content\/uploads\/2022\/02\/Capture-decran-2022-02-06-a-15.44.19.png?resize=642%2C595&#038;ssl=1\" alt=\"\" class=\"wp-image-69984\" width=\"642\" height=\"595\" srcset=\"https:\/\/i0.wp.com\/www.rdpemancipation.org\/wp-content\/uploads\/2022\/02\/Capture-decran-2022-02-06-a-15.44.19.png?w=734&amp;ssl=1 734w, https:\/\/i0.wp.com\/www.rdpemancipation.org\/wp-content\/uploads\/2022\/02\/Capture-decran-2022-02-06-a-15.44.19.png?resize=300%2C278&amp;ssl=1 300w\" sizes=\"auto, (max-width: 642px) 100vw, 642px\" \/><\/figure>\n\n\n\n<p><mark style=\"background-color:rgba(0, 0, 0, 0);color:#a30004\" class=\"has-inline-color\"><strong> 6 F\u00e9vrier en continu<\/strong><\/mark><\/p>\n\n\n\n<p><strong><a href=\"https:\/\/www.facebook.com\/luttesinvisibles\">Chronique du jour des mobilisations<\/a> (Luttes Invisibles)<\/strong><\/p>\n\n\n\n<p><a href=\"https:\/\/www.convergencesrevolutionnaires.org\/EDF-3-journees-de-greve-bien-suivies-dans-une-boite-sous-tension?navthem=1\">EDF&nbsp;: 3 journ\u00e9es de gr\u00e8ve bien suivies dans une bo\u00eete sous tension<\/a> (CR)<\/p>\n\n\n\n<figure class=\"wp-block-image size-full\"><img data-recalc-dims=\"1\" loading=\"lazy\" decoding=\"async\" width=\"432\" height=\"325\" src=\"https:\/\/i0.wp.com\/www.rdpemancipation.org\/wp-content\/uploads\/2022\/02\/image-25.png?resize=432%2C325&#038;ssl=1\" alt=\"\" class=\"wp-image-69904\" srcset=\"https:\/\/i0.wp.com\/www.rdpemancipation.org\/wp-content\/uploads\/2022\/02\/image-25.png?w=432&amp;ssl=1 432w, https:\/\/i0.wp.com\/www.rdpemancipation.org\/wp-content\/uploads\/2022\/02\/image-25.png?resize=300%2C226&amp;ssl=1 300w\" sizes=\"auto, (max-width: 432px) 100vw, 432px\" \/><figcaption>Mobilisation des <strong>Gilets Jaunes<\/strong>, ce samedi, Toulouse Sesqui\u00e8res.<\/figcaption><\/figure>\n\n\n\n<p><a href=\"https:\/\/www.humanite.fr\/social-eco\/politique-industrielle\/social-ces-industries-que-macron-abandonnees-736682\">Ces industries que Macron a abandonn\u00e9es<\/a> (L\u2019Humanit\u00e9)<\/p>\n\n\n\n<p>&nbsp;<a href=\"https:\/\/rebelion.org\/708797-2\/\"><strong>Y. Varoufakis \u00ab&nbsp;Lorsque&nbsp;le bitcoin&nbsp;est int\u00e9gr\u00e9 dans un syst\u00e8me d\u2019exploitation, cet ordre devient f\u00e9odal&nbsp;\u00bb<\/strong><\/a> (Esp. \u2013 Rebelion)<\/p>\n\n\n\n<figure class=\"wp-block-image size-full\"><img data-recalc-dims=\"1\" loading=\"lazy\" decoding=\"async\" width=\"302\" height=\"202\" src=\"https:\/\/i0.wp.com\/www.rdpemancipation.org\/wp-content\/uploads\/2022\/02\/image-23.png?resize=302%2C202&#038;ssl=1\" alt=\"\" class=\"wp-image-69896\" srcset=\"https:\/\/i0.wp.com\/www.rdpemancipation.org\/wp-content\/uploads\/2022\/02\/image-23.png?w=302&amp;ssl=1 302w, https:\/\/i0.wp.com\/www.rdpemancipation.org\/wp-content\/uploads\/2022\/02\/image-23.png?resize=300%2C201&amp;ssl=1 300w\" sizes=\"auto, (max-width: 302px) 100vw, 302px\" \/><\/figure>\n\n\n\n<p><a href=\"https:\/\/jacobinmag.com\/2022\/02\/starbucks-union-drive-movement-workers-united-seiu\">Syndicalisme&nbsp;: Le Starbucks Union Drive se propage \u00e0 une vitesse impressionnante<\/a> (Jacobin)<\/p>\n\n\n\n<p><a href=\"https:\/\/drees.solidarites-sante.gouv.fr\/publications-communique-de-presse\/etudes-et-resultats\/aide-alimentaire-une-frequentation-accrue-des\"><strong>Hausse de la fr\u00e9quentation des centres de distribution dans les villes les plus expos\u00e9es \u00e0 la pauvret\u00e9<\/strong><\/a><strong> (DREES)<\/strong><\/p>\n\n\n\n<p><a href=\"https:\/\/www.miroirsocial.com\/participatif\/la-mgen-signe-un-nouvel-accord-sur-le-teletravail\">La MGEN signe un nouvel accord sur le t\u00e9l\u00e9travail<\/a> (Miroir Social)<\/p>\n\n\n\n<p><a href=\"https:\/\/www.francetvinfo.fr\/economie\/pouvoir-achat\/temoignages-comment-vit-on-avec-1300-2800-ou-7000euros-de-revenus-mensuels-trois-familles-se-confient-sans-tabou-sur-leur-pouvoir-d-achat_4933993.html\">Comment vit on avec 1300, 2800, ou 7000 euros de revenus mensuels&nbsp;?<\/a> (Francetvinfo)<\/p>\n\n\n\n<p><a href=\"https:\/\/lecourrierdesstrateges.fr\/2022\/02\/04\/les-mauvaises-surprises-de-lemploi-et-du-chomage-en-france\/\">Les mauvaises surprises de l\u2019emploi et du ch\u00f4mage en France<\/a> (Le Courrier des Strat\u00e8ges)<\/p>\n\n\n\n<p>Analyse<\/p>\n\n\n\n<p><a href=\"https:\/\/www.inegalites.fr\/Plus-de-quatre-millions-de-mal-loges-de-quoi-parle-t-on\">Plus de quatre millions de mal-log\u00e9s&nbsp;: de quoi parle-t-on&nbsp;?<\/a> (Observatoire des In\u00e9galit\u00e9s)<\/p>\n\n\n\n<figure class=\"wp-block-image size-full\"><img data-recalc-dims=\"1\" loading=\"lazy\" decoding=\"async\" width=\"310\" height=\"167\" src=\"https:\/\/i0.wp.com\/www.rdpemancipation.org\/wp-content\/uploads\/2022\/02\/image-24.png?resize=310%2C167&#038;ssl=1\" alt=\"\" class=\"wp-image-69898\" srcset=\"https:\/\/i0.wp.com\/www.rdpemancipation.org\/wp-content\/uploads\/2022\/02\/image-24.png?w=310&amp;ssl=1 310w, https:\/\/i0.wp.com\/www.rdpemancipation.org\/wp-content\/uploads\/2022\/02\/image-24.png?resize=300%2C162&amp;ssl=1 300w\" sizes=\"auto, (max-width: 310px) 100vw, 310px\" \/><\/figure>\n\n\n\n<p><a href=\"file:\/\/\/C:\\Users\\ut\\Desktop\\EMANCIPATION\\Les%20personnes%20d\u2019origine%20maghr\u00e9bine%20nettement%20discrimin\u00e9es%20\u00e0%20l\u2019embauche\">Les personnes d\u2019origine maghr\u00e9bine nettement discrimin\u00e9es \u00e0 l\u2019embauche<\/a> (Observatoire des In\u00e9galit\u00e9s)<\/p>\n\n\n\n<p><a href=\"https:\/\/www.franceinter.fr\/emissions\/affaires-sensibles\/affaires-sensibles-07-octobre-2019\">Gr\u00e8ve des mineurs 1963 &#8211; Le baroud d\u2019honneur des Gueules Noires <\/a>(Affaires Sensibles)<\/p>\n\n\n\n<figure class=\"wp-block-image is-resized is-style-default\"><img data-recalc-dims=\"1\" loading=\"lazy\" decoding=\"async\" src=\"https:\/\/i0.wp.com\/cdn.radiofrance.fr\/s3\/cruiser-production\/2019\/10\/d2f2fef1-76f6-4a3d-967a-7dba7f5823b8\/1136_000_arp1397659.jpg?resize=544%2C400&#038;ssl=1\" alt=\"Dix-mille mineurs de charbon et de fer lorrains, manifestent le 05 mars 1963 \u00e0 Forbach pour emp\u00eacher la fermeture des mines et r\u00e9clamer l'implantation de nouvelles industries dans la r\u00e9gion\" width=\"544\" height=\"400\"\/><figcaption><br><em><sub>Dix-mille mineurs de charbon et de fer lorrains, manifestent le 05 mars 1963 \u00e0 Forbach pour <\/sub><\/em><br><em><sub>emp\u00eacher la fermeture des mines et r\u00e9clamer l&rsquo;implantation de nouvelles industries dans la r\u00e9gion<\/sub><\/em><\/figcaption><\/figure>\n\n\n\n<p>Monde<\/p>\n\n\n\n<p><a href=\"http:\/\/alencontre.org\/asie\/birmanie\/myanmar-la-junte-proprietaire-du-pays-poursuit-la-repression-une-greve-silencieuse-massive-exprime-la-resistance.html\"><strong>Myanmar<\/strong> &#8211; Une gr\u00e8ve silencieuse massive exprime la r\u00e9sistance<\/a> (A L\u2019Encontre)<\/p>\n\n\n\n<p><mark style=\"background-color:rgba(0, 0, 0, 0);color:#a30004\" class=\"has-inline-color\"><strong> 5 F\u00e9vrier en continu<\/strong><\/mark><\/p>\n\n\n\n<p><a href=\"https:\/\/solidaires.org\/Evacuation-du-piquet-des-travailleurs-sans-papiers-de-la-plateforme-DPD-du\" title=\"\u00c9vacuation du piquet des travailleurs sans-papiers de la plateforme DPD\">\u00c9vacuation du piquet des travailleurs sans-papiers de la plateforme DPD<\/a>(solidaires)<\/p>\n\n\n\n<p><a href=\"https:\/\/www.cgt.fr\/documents\/votre-facture-delectricite-explose-vous-explique-pourquoi\" title=\"Votre facture d'\u00e9lectricit\u00e9 explose, on vous explique pourquoi !\">Votre facture d&rsquo;\u00e9lectricit\u00e9 explose, on vous explique pourquoi !<\/a>(CGT)<\/p>\n\n\n\n<p><a href=\"https:\/\/bellaciao.org\/L-unification-du-syndicalisme-de-lutte-trotte-dans-la-tete-de-certains\"><strong>L\u2019unification du syndicalisme de lutte dans la t\u00eate de certains responsables syndicaux<\/strong><\/a> (Bellaciao)<\/p>\n\n\n\n<p><a href=\"https:\/\/www.convergencesrevolutionnaires.org\/EDF-3-journees-de-greve-bien-suivies-dans-une-boite-sous-tension?navthem=1\">EDF&nbsp;: 3 journ\u00e9es de gr\u00e8ve bien suivies dans une bo\u00eete sous tension<\/a> (Convergences R\u00e9volutionnaires)<\/p>\n\n\n\n<p><a href=\"https:\/\/www.convergencesrevolutionnaires.org\/Pour-leur-salaire-les-voix-de-la-SNCF-se-font-entendre?navthem=1\">Lyon&nbsp;: Pour leur salaire, les voix de la SNCF se font entendre<\/a> (Convergences R\u00e9volutionnaires)<\/p>\n\n\n\n<p><a href=\"https:\/\/jacobinmag.com\/2022\/02\/seattle-city-council-coffee-workers-united-class-struggle\">Kshama Sawant: Les travailleurs de Starbucks ont une opportunit\u00e9 en or<\/a> (Jacobin)<\/p>\n\n\n\n<figure class=\"wp-block-image size-full\"><img data-recalc-dims=\"1\" loading=\"lazy\" decoding=\"async\" width=\"384\" height=\"257\" src=\"https:\/\/i0.wp.com\/www.rdpemancipation.org\/wp-content\/uploads\/2022\/02\/image-19.png?resize=384%2C257&#038;ssl=1\" alt=\"\" class=\"wp-image-69686\" srcset=\"https:\/\/i0.wp.com\/www.rdpemancipation.org\/wp-content\/uploads\/2022\/02\/image-19.png?w=384&amp;ssl=1 384w, https:\/\/i0.wp.com\/www.rdpemancipation.org\/wp-content\/uploads\/2022\/02\/image-19.png?resize=300%2C201&amp;ssl=1 300w\" sizes=\"auto, (max-width: 384px) 100vw, 384px\" \/><figcaption>Kshama Sawant, membre socialiste du conseil municipal de Seattle<\/figcaption><\/figure>\n\n\n\n<p><strong><a href=\"https:\/\/www.facebook.com\/luttesinvisibles\" title=\"Chronique du jour des mobilisations\">Chronique du jour des mobilisations<\/a> (Luttes Invisibles)<\/strong><\/p>\n\n\n\n<figure class=\"wp-block-image is-resized is-style-default\"><img data-recalc-dims=\"1\" loading=\"lazy\" decoding=\"async\" src=\"https:\/\/i0.wp.com\/static.mediapart.fr\/etmagine\/default\/files\/2022\/02\/04\/bbbbbbbbbb.jpg?resize=333%2C262&#038;ssl=1\" alt=\"bbbbbbbbbb\" width=\"333\" height=\"262\"\/><\/figure>\n\n\n\n<pre class=\"wp-block-preformatted\">Selon un rapport officiel de la DREES, \u00ab <em>au printemps 2021, une majorit\u00e9 des centres de distribution d\u2019aide alimentaire d\u00e9clarent une augmentation de leur fr\u00e9quentation par rapport \u00e0 la situation d\u2019avant-crise sanitaire<\/em> \u00bb (<a href=\"https:\/\/drees.solidarites-sante.gouv.fr\/publications-communique-de-presse\/etudes-et-resultats\/aide-alimentaire-une-frequentation-accrue-des\">source<\/a>)<\/pre>\n\n\n\n<p>Analyse<\/p>\n\n\n\n<p><a href=\"file:\/\/\/C:\\Users\\ut\\Downloads\\IR34_FlashEmp%20(1).pdf\">Au quatri\u00e8me trimestre 2021, l\u2019emploi salari\u00e9 priv\u00e9 augmente de nouveau de 0,5&nbsp;%<\/a> (INSEE)<\/p>\n\n\n\n<p><a href=\"https:\/\/www.miroirsocial.com\/participatif\/nao-le-piege-de-lindividualisation-des-salaires\">NAO : le pi\u00e8ge de l&rsquo;individualisation des salaires<\/a> (Miroir Social)<\/p>\n\n\n\n<p><a href=\"https:\/\/jacobinmag.com\/2022\/02\/a-hero-film-review-asghar-farhadi-iran\"><strong><em>Un h\u00e9ros<\/em>&nbsp;remet les luttes de la classe ouvri\u00e8re sur grand \u00e9cran<\/strong><\/a> (Jacobin)<\/p>\n\n\n\n<figure class=\"wp-block-image size-full\"><img data-recalc-dims=\"1\" loading=\"lazy\" decoding=\"async\" width=\"382\" height=\"217\" src=\"https:\/\/i0.wp.com\/www.rdpemancipation.org\/wp-content\/uploads\/2022\/02\/image-20.png?resize=382%2C217&#038;ssl=1\" alt=\"\" class=\"wp-image-69689\" srcset=\"https:\/\/i0.wp.com\/www.rdpemancipation.org\/wp-content\/uploads\/2022\/02\/image-20.png?w=382&amp;ssl=1 382w, https:\/\/i0.wp.com\/www.rdpemancipation.org\/wp-content\/uploads\/2022\/02\/image-20.png?resize=300%2C170&amp;ssl=1 300w\" sizes=\"auto, (max-width: 382px) 100vw, 382px\" \/><\/figure>\n\n\n\n<p>Monde<\/p>\n\n\n\n<p><a href=\"https:\/\/jacobinmag.com\/2022\/02\/ufcw-representation-collective-bargaining-independent-contractors-gig-drivers\">Uber a conclu un accord avec l\u2019un des plus grands syndicats du Canada<\/a> (Jacobin)<\/p>\n\n\n\n<p><a href=\"https:\/\/www.les-crises.fr\/amazon-forces-a-travailler-pendant-une-tornade-des-salaries-decedent\/\">USA<\/a><strong><a href=\"https:\/\/www.les-crises.fr\/amazon-forces-a-travailler-pendant-une-tornade-des-salaries-decedent\/\">&#8211; Amazon : Forc\u00e9s \u00e0 travailler pendant une tornade, des salari\u00e9s d\u00e9c\u00e8dent<\/a> (Les Crises)<\/strong><\/p>\n\n\n\n<p><mark style=\"background-color:rgba(0, 0, 0, 0);color:#a30004\" class=\"has-inline-color\"><strong>4 F\u00e9vrier en continu<\/strong><\/mark><\/p>\n\n\n\n<p><strong><a href=\"https:\/\/www.facebook.com\/luttesinvisibles\" title=\"Chronique du jour des mobilisations\">Chronique du jour des mobilisations<\/a> (Luttes Invisibles)<\/strong><\/p>\n\n\n\n<p><a href=\"https:\/\/www.humanite.fr\/social-eco\/transport-ferroviaire\/bourgogne-franche-comte-lache-la-sncf-737099\">Bourgogne-Franche-Comt\u00e9 l\u00e2che la SNCF<\/a> (L\u2019Humanit\u00e9)<\/p>\n\n\n\n<p><a href=\"https:\/\/www.humanite.fr\/social-eco\/greves\/chez-kem-one-lintimidation-nentame-pas-la-greve-737102\">Chez Kem One, l\u2019intimidation n\u2019entame pas la gr\u00e8ve<\/a> (L\u2019Humanit\u00e9)<\/p>\n\n\n\n<p><a href=\"https:\/\/jacobinmag.com\/2022\/02\/work-from-home-covid-labor-organizing-collective-workpalce\">L\u2019expansion du travail \u00e0 distance ne responsabilisera pas intrins\u00e8quement les travailleurs<\/a> (Jacobin)<\/p>\n\n\n\n<p><a href=\"https:\/\/lareleveetlapeste.fr\/quand-le-cout-de-la-vie-augmente-les-profits-des-ultra-riches-explosent\/\">Quand le co\u00fbt de la vie augmente, les profits des ultra-riches explosent <\/a>&nbsp;(La Rel\u00e8ve et la Peste)<\/p>\n\n\n\n<figure class=\"wp-block-image size-full is-resized\"><img data-recalc-dims=\"1\" loading=\"lazy\" decoding=\"async\" src=\"https:\/\/i0.wp.com\/www.rdpemancipation.org\/wp-content\/uploads\/2022\/02\/image-15.png?resize=465%2C312&#038;ssl=1\" alt=\"\" class=\"wp-image-69518\" width=\"465\" height=\"312\" srcset=\"https:\/\/i0.wp.com\/www.rdpemancipation.org\/wp-content\/uploads\/2022\/02\/image-15.png?w=320&amp;ssl=1 320w, https:\/\/i0.wp.com\/www.rdpemancipation.org\/wp-content\/uploads\/2022\/02\/image-15.png?resize=300%2C202&amp;ssl=1 300w\" sizes=\"auto, (max-width: 465px) 100vw, 465px\" \/><\/figure>\n\n\n\n<p><\/p>\n\n\n\n<p><a href=\"https:\/\/www.ouest-france.fr\/pays-de-la-loire\/nantes-44000\/pres-de-nantes-les-ouvriers-de-tipiak-epicerie-maintiennent-la-greve-depuis-une-semaine-22b7b73e-84e0-11ec-ad35-c502922df1e0\">Nantes. Les ouvriers de Tipiak \u00e9picerie maintiennent la gr\u00e8ve depuis une semaine<\/a> (Ouest \u2013 France)<\/p>\n\n\n\n<p><strong><a href=\"https:\/\/blogs.mediapart.fr\/jean-marc-b\/blog\/030222\/des-greves-partout-dans-toutes-les-professions-contre-la-dictature-du-capital\">Des gr\u00e8ves partout, dans toutes les professions, contre la dictature du capital&nbsp;<\/a> (Luttes Invisibles)<\/strong><\/p>\n\n\n\n<p><a href=\"https:\/\/www.mediapart.fr\/journal\/france\/030222\/devant-la-fondation-abbe-pierre-le-grand-oral-des-candidats-sur-le-logement\">Devant la Fondation Abb\u00e9-Pierre, le grand oral des candidats sur le logement<\/a> (M\u00e9diapart)<\/p>\n\n\n\n<p><a href=\"https:\/\/tendanceclaire.org\/breve.php?id=40636\">M\u00e9lenchon &#8211; Logement : mon plan pour z\u00e9ro sans-abri<\/a> (vid\u00e9o)<\/p>\n\n\n\n<p><strong><a href=\"https:\/\/youtu.be\/5w2YPK3slUM\">Comment l\u2019Insee vous ment sur l\u2019inflation<\/a> (Draw my economy)<\/strong><\/p>\n\n\n\n<p><a href=\"https:\/\/aoc.media\/analyse\/2022\/02\/02\/abandon-des-territoires-et-politisation-du-ressentiment\/\">Abandon des territoires et politisation du ressentiment<\/a> (AOC)<\/p>\n\n\n\n<p>Analyse<\/p>\n\n\n\n<p><a href=\"https:\/\/www.miroirsocial.com\/participatif\/pass-vaccinal-quels-sont-les-droits-et-devoirs-des-salaries-et-des-entreprises\">Pass vaccinal : quels sont les droits et devoirs des salari\u00e9s et des entreprises ?<\/a> (Miroir Social)<\/p>\n\n\n\n<p><a href=\"https:\/\/tendanceclaire.org\/breve.php?id=40618\">Les parcours professionnels en France (1968-2018)<\/a> (TC)<\/p>\n\n\n\n<p>Monde<\/p>\n\n\n\n<p><strong>Chine &#8211; <a href=\"https:\/\/rebelion.org\/china-superada-la-extrema-pobreza-masiva-el-pais-se-sumerge-en-las-desigualdades\/\">L\u2019extr\u00eame pauvret\u00e9 de masse surmont\u00e9e, le pays plonge dans les in\u00e9galit\u00e9s<\/a><\/strong><a href=\"https:\/\/rebelion.org\/china-superada-la-extrema-pobreza-masiva-el-pais-se-sumerge-en-las-desigualdades\/\"> <\/a>&nbsp;(Esp. \u2013 Rebelion)<\/p>\n\n\n\n<p>Etats \u2013 Unis &#8211; <a href=\"https:\/\/jacobinmag.com\/2022\/02\/upstairs-downstairs-chicago-white-collar-restaurant-workers-ceo\">Le si\u00e8ge social de McDo est un symbole parfait de la division des classes<\/a> (ang-Jacobin)<\/p>\n\n\n\n<p><mark style=\"background-color:rgba(0, 0, 0, 0);color:#a30004\" class=\"has-inline-color\"><strong>3 F\u00e9vrier en continu<\/strong><\/mark><\/p>\n\n\n\n<figure class=\"wp-block-image is-resized is-style-default\"><img loading=\"lazy\" decoding=\"async\" src=\"https:\/\/scontent.fhex4-1.fna.fbcdn.net\/v\/t39.30808-6\/s720x720\/273026722_1378787289210402_7565694225046290066_n.png?_nc_cat=101&amp;ccb=1-5&amp;_nc_sid=730e14&amp;_nc_eui2=AeGm9efSHX5_EQigJ6-VEmXE0l5KAGrr1R7SXkoAauvVHo7Z_T4hJzvNaP6_xdgTGLg&amp;_nc_ohc=oHpiOWHNcxsAX8Qd4pZ&amp;tn=aG1erXujvrTcHyrO&amp;_nc_ht=scontent.fhex4-1.fna&amp;oh=00_AT9E3FaK8LnfinKK6Ojus9f_IdBWyW9OCokRY3UWHNrhxg&amp;oe=62010D42\" alt=\"Peut \u00eatre une image de une personne ou plus et texte qui dit \u2019Tous ensemble, mobilisons-nous pour droit travail salaire d\u00e9cent! survivre les trost Ces Lest n\u00e9cessaire permettent obtenu unifions te \u00e0s niser fe pora Tous en gr\u00e8ve le 9 f\u00e9vrier SALAIRES POUR L'AUGMENTATION DES Le gouvernement Macron \u00e9pargne sur son passage. auqmentent loyers, alimentation, ha- billement, tout sauf salaires Les prix explosent, les salaires Services d\u00e9cide d'appeler STAGNENT journee greve MERCREDI 9 F\u00c9VRIER \u00c0 PARIS Rendez devant t'H\u00f4tel Ville, parti 1oh30. POUR NOS SALAIRES, dans arrondissoment Paris. D'ACHAT BATTONS-NOUS! H\u00f4tel-de-Ville laisserons manifestation l'Assembl\u00e9e Nationale. Moins argent pour actionnaires, plus argent pour es travailleurs, cr\u00e9ateurs richesse. \u1798 Ensemble gagnons 'augmentation des salaires!\u2019\" width=\"426\" height=\"603\"\/><\/figure>\n\n\n\n<p><strong><a href=\"file:\/\/\/C:\\Users\\ut\\Desktop\\EMANCIPATION\\Hausse%20des%20prix%20:%20imposer%20l\u2019augmentation%20g\u00e9n\u00e9rale%20des%20salaires%20!\">Hausse des prix :&nbsp;imposer l\u2019augmentation g\u00e9n\u00e9rale des salaires !<\/a> <\/strong>(LO)<\/p>\n\n\n\n<p><a href=\"https:\/\/lareleveetlapeste.fr\/tarn-le-combat-des-habitants-contre-terra-2-une-mega-plateforme-logistique-de-70-000-m2\/\">Tarn&nbsp;: le combat des habitants contre TERRA 2, une plateforme logistique de 70&nbsp;000 m2<\/a> (La Rel\u00e8ve et la Peste)<\/p>\n\n\n\n<figure class=\"wp-block-image size-full\"><img data-recalc-dims=\"1\" loading=\"lazy\" decoding=\"async\" width=\"336\" height=\"226\" src=\"https:\/\/i0.wp.com\/www.rdpemancipation.org\/wp-content\/uploads\/2022\/02\/image-10.png?resize=336%2C226&#038;ssl=1\" alt=\"\" class=\"wp-image-69363\" srcset=\"https:\/\/i0.wp.com\/www.rdpemancipation.org\/wp-content\/uploads\/2022\/02\/image-10.png?w=336&amp;ssl=1 336w, https:\/\/i0.wp.com\/www.rdpemancipation.org\/wp-content\/uploads\/2022\/02\/image-10.png?resize=300%2C202&amp;ssl=1 300w\" sizes=\"auto, (max-width: 336px) 100vw, 336px\" \/><\/figure>\n\n\n\n<p><a href=\"https:\/\/lareleveetlapeste.fr\/les-jardiniers-daubervilliers-se-sont-enchaines-sur-le-chantier-de-la-piscine-olympique-pour-sopposer-au-tout-beton\/\">Tout-b\u00e9ton&nbsp;: Les Jardiniers d\u2019Aubervilliers encha\u00een\u00e9s sur le chantier de la piscine olympique<\/a> (La Rel\u00e8ve et la Peste)<\/p>\n\n\n\n<figure class=\"wp-block-image size-full\"><img data-recalc-dims=\"1\" loading=\"lazy\" decoding=\"async\" width=\"337\" height=\"226\" src=\"https:\/\/i0.wp.com\/www.rdpemancipation.org\/wp-content\/uploads\/2022\/02\/image-11.png?resize=337%2C226&#038;ssl=1\" alt=\"\" class=\"wp-image-69364\" srcset=\"https:\/\/i0.wp.com\/www.rdpemancipation.org\/wp-content\/uploads\/2022\/02\/image-11.png?w=337&amp;ssl=1 337w, https:\/\/i0.wp.com\/www.rdpemancipation.org\/wp-content\/uploads\/2022\/02\/image-11.png?resize=300%2C201&amp;ssl=1 300w\" sizes=\"auto, (max-width: 337px) 100vw, 337px\" \/><figcaption>Des militants \u00e9vacu\u00e9s de l&rsquo;usine \u00e0 b\u00e9ton d&rsquo;Aubervilliers.<\/figcaption><\/figure>\n\n\n\n<p><a href=\"https:\/\/www.humanite.fr\/social-eco\/stellantis\/jean-pierre-mercier-stellantis-est-une-catastrophe-sociale-736668#xtor=RSS-1\">Jean-Pierre Mercier : \u00ab Stellantis est une catastrophe sociale \u00bb<\/a> (L\u2019Humanit\u00e9)<\/p>\n\n\n\n<p><strong><a href=\"https:\/\/www.francetvinfo.fr\/economie\/immobilier\/immobilier-indigne\/baisse-des-aides-regulation-tres-timide-sur-le-logement-la-fondation-abbe-pierre-dresse-un-bilan-critique-du-quinquennat-macron_4933973.html#xtor=EPR-51\">Fondation Abb\u00e9 Pierre dresse bilan critique du quinquennat Macron<\/a> (Francetvinfo)<\/strong><\/p>\n\n\n\n<p><strong><a href=\"https:\/\/lanticapitaliste.org\/actualite\/entreprises\/salaires-16-ouvriers-de-iss-font-plier-psa-et-leur-patron\">Salaires\u2009: 16 ouvriers de ISS font plier PSA et leur patron\u2009!<\/a> (L\u2019Anticapitaliste)<\/strong><\/p>\n\n\n\n<figure class=\"wp-block-image is-style-default\"><img data-recalc-dims=\"1\" decoding=\"async\" src=\"https:\/\/i0.wp.com\/www.gifimili.com\/gif\/2018\/03\/la-manif-avec-charlot.gif?w=1200&#038;ssl=1\" alt=\"La manif avec Charlot - image anim\u00e9e GIF\"\/><\/figure>\n\n\n\n<p><a href=\"https:\/\/info.mediapart.fr\/optiext\/optiextension.dll?ID=kOPkRjBlKVAKr2yHryrRKp56vPODegL1f1fe4DVktr6ZUHBAd0dKsgwkzBJRDzD8nzJ4a6fxJ96ngxSwHgAxMzY9I7wsT\">Ehpad : que le groupe Orpea, vraiment ?<\/a> (IsaIsa)<\/p>\n\n\n\n<p>Monde<\/p>\n\n\n\n<p><a href=\"https:\/\/www.equaltimes.org\/attention-travailleurs-des\">\u00ab Attention, travailleurs des plateformes, la France est pr\u00e9sidente du Conseil de l&rsquo;UE ! \u00bb<\/a> (Equal Times)<\/p>\n\n\n\n<p><a href=\"https:\/\/lanticapitaliste.org\/actualite\/international\/allemagne-le-personnel-hospitalier-de-rhenanie-du-nord-westphalie-est-pret\">Personnel hospitalier de <strong>Rh\u00e9nanie-du-Nord-Westphalie<\/strong> est pr\u00eat \u00e0 faire gr\u00e8ve<\/a> (L\u2019Anticapitaliste)<\/p>\n\n\n\n<figure class=\"wp-block-image is-resized is-style-default\"><img data-recalc-dims=\"1\" loading=\"lazy\" decoding=\"async\" src=\"https:\/\/i0.wp.com\/lanticapitaliste.org\/sites\/default\/files\/styles\/largeur_content_hauteur_complet\/public\/allemagne-credits-sur-la-photo.jpeg?resize=490%2C326&#038;ssl=1\" alt=\"\" width=\"490\" height=\"326\"\/><\/figure>\n\n\n\n<p><strong>Soudan<\/strong> &#8211; <a href=\"http:\/\/alencontre.org\/afrique\/soudan\/soudan-une-generation-determinee-a-poursuivre-sa-lutte.html\"><strong>Une g\u00e9n\u00e9ration d\u00e9termin\u00e9e \u00e0 poursuivre sa lutte<\/strong><\/a> (A l\u2019Encontre)<\/p>\n\n\n\n<p>Analyse<\/p>\n\n\n\n<p><a href=\"https:\/\/www.inegalites.fr\/bilan-quinquennat-inegalites\">2017-2022&nbsp;: les mesures fiscales et sociales ont surtout b\u00e9n\u00e9fici\u00e9 aux tr\u00e8s riches<\/a> (Observatoire des In\u00e9galit\u00e9s)<\/p>\n\n\n\n<p><a href=\"https:\/\/la-bas.org\/la-bas-magazine\/chroniques\/La-revolution-allemande-1918-1923-4\/l-Octobre-allemand-n-aura-pas-lieu\">La r\u00e9volution allemande, 1918-1923: l\u2019\u00ab&nbsp;Octobre&nbsp;\u00bb allemand n\u2019aura pas lieu<\/a> (L\u00e0-bas si j\u2019y suis)<\/p>\n\n\n\n<figure class=\"wp-block-image size-full\"><img data-recalc-dims=\"1\" loading=\"lazy\" decoding=\"async\" width=\"371\" height=\"201\" src=\"https:\/\/i0.wp.com\/www.rdpemancipation.org\/wp-content\/uploads\/2022\/02\/image-13.png?resize=371%2C201&#038;ssl=1\" alt=\"\" class=\"wp-image-69367\" srcset=\"https:\/\/i0.wp.com\/www.rdpemancipation.org\/wp-content\/uploads\/2022\/02\/image-13.png?w=371&amp;ssl=1 371w, https:\/\/i0.wp.com\/www.rdpemancipation.org\/wp-content\/uploads\/2022\/02\/image-13.png?resize=300%2C163&amp;ssl=1 300w\" sizes=\"auto, (max-width: 371px) 100vw, 371px\" \/><\/figure>\n\n\n\n<p><a href=\"https:\/\/lanticapitaliste.org\/actualite\/societe\/scandale-des-ehpad-pour-un-service-public-du-grand-age-finance-par-la-securite\">Scandale des EHPAD : pour un service public du grand \u00e2ge, financ\u00e9 par la S\u00e9curit\u00e9 sociale<\/a> (L\u2019Anticapitaliste)<\/p>\n\n\n\n<figure class=\"wp-block-image is-resized is-style-default\"><img data-recalc-dims=\"1\" loading=\"lazy\" decoding=\"async\" src=\"https:\/\/i0.wp.com\/lanticapitaliste.org\/sites\/default\/files\/maison_retraite.jpg?resize=456%2C304&#038;ssl=1\" alt=\"\" width=\"456\" height=\"304\"\/><\/figure>\n\n\n\n<p><a href=\"https:\/\/info.mediapart.fr\/optiext\/optiextension.dll?ID=kOPkOiOx1ozFEiLxRNKlFe8YrdsT1Da915hTYK45AftOOLB6dVbmP3tUCOmiCsqYNq0gfbCQwC6Dcue8NMrTgpjzPW9IY\">Pourquoi les Ehpad sont consid\u00e9r\u00e9s comme maltraitants<\/a> (Belinda Infray)<\/p>\n\n\n\n<p><a href=\"https:\/\/lanticapitaliste.org\/arguments\/jeunesse\/le-calvaire-pour-trouver-un-boulot-sous-covid\">Le calvaire pour trouver un boulot sous covid<\/a> (NPA jeunes)<\/p>\n\n\n\n<p><a href=\"https:\/\/lanticapitaliste.org\/actualite\/entreprises\/travail-de-nuit-un-probleme-social-et-environnemental-mettre-au-coeur-de-nos\">Travail de nuit\u2002: probl\u00e8me social et environnemental au c\u0153ur de nos luttes<\/a> (CNE NPA)<\/p>\n\n\n\n<figure class=\"wp-block-image is-resized is-style-default\"><img loading=\"lazy\" decoding=\"async\" src=\"https:\/\/scontent.fhex4-2.fna.fbcdn.net\/v\/t39.30808-6\/p526x296\/272883511_1378818455873952_3103476638968111164_n.png?_nc_cat=103&amp;ccb=1-5&amp;_nc_sid=730e14&amp;_nc_eui2=AeHmW9vRWiB-h2VNDDvvz7u-YMIWKngBUn5gwhYqeAFSfiriDxjamHzJnBL8nxXJbUw&amp;_nc_ohc=XyT4MOPO1hwAX-aecG5&amp;_nc_ht=scontent.fhex4-2.fna&amp;oh=00_AT_V0Pmq4SxHWfaHhpIGvu7ea2S9GKyyRl8Kg4mSXWBcjg&amp;oe=620063B8\" alt=\"Peut \u00eatre une image de texte\" width=\"358\" height=\"358\"\/><\/figure>\n\n\n\n<p><mark style=\"background-color:rgba(0, 0, 0, 0);color:#a30004\" class=\"has-inline-color\"><strong>2 F\u00e9vrier en continu<\/strong><\/mark><\/p>\n\n\n\n<p><a href=\"https:\/\/blogs.mediapart.fr\/georges-andre\/blog\/020222\/militant-pas-delinquant-non-la-criminalisation-de-laction-syndicale-et-sociale\" target=\"_blank\" rel=\"noreferrer noopener\">Militant, pas d\u00e9linquant&nbsp;: non \u00e0 la criminalisation de l&rsquo;action syndicale et sociale<\/a> -Georges Andr\u00e9<\/p>\n\n\n\n<p><a href=\"https:\/\/www.cgt.fr\/actualites\/rapport-oxfam-2022-une-explosion-historique-des-inegalites\">Rapport Oxfam 2022 : une explosion historique des in\u00e9galit\u00e9s<\/a> (CGT)<\/p>\n\n\n\n<p><a href=\"https:\/\/www.force-ouvriere.fr\/minima-de-branche-face-a-l-attitude-du-patronat-dans-la-coiffure\">Face \u00e0 l\u2019attitude du patronat dans la coiffure, la FGTA-FO arr\u00eate les n\u00e9gociations<\/a> (FO)<\/p>\n\n\n\n<p><a href=\"https:\/\/www.revolutionpermanente.fr\/Pas-de-renovation-sans-relogement-les-habitant-es-de-la-cite-Air-Bel-font-reculer-les-pouvoirs\">\u00ab&nbsp;Pas de r\u00e9novation sans relogement&nbsp;\u00bb<\/a> (R\u00e9volution Permanente)<\/p>\n\n\n\n<p><a href=\"https:\/\/www.liberation.fr\/societe\/affaire-orpea-le-principal-syndicat-des-ehpad-prives-appelle-a-plus-de-controles-inopines-20220131_CCU5GCWVQVGGJO64TFAYCXG7BU\/\">Affaire Orpea: le principal syndicat des Ehpad priv\u00e9s appelle \u00e0 plus de contr\u00f4les inopin\u00e9s<\/a> (lib\u00e9)<\/p>\n\n\n\n<p><a href=\"https:\/\/www.contretemps.eu\/contre-gentrification-production-espace\/\"><strong>Contre la gentrification, reprendre la main sur la production de l\u2019espace<\/strong><\/a> (Contretemps)<\/p>\n\n\n\n<p><a href=\"https:\/\/bam.news\/articles\/dernieres-nouvelles-des-camionneurs-canadiens-1er-fevrier-2022\/\">Derni\u00e8res nouvelles des camionneurs canadiens (1er f\u00e9vrier 2022)<\/a> (BAM)<\/p>\n\n\n\n<p><a href=\"https:\/\/www.lutte-ouvriere.org\/actualite\/echos\">Cooperl, Lamballe&nbsp;:&nbsp; On n\u2019a pas envie d\u2019\u00eatre enfum\u00e9 !<\/a> (LO)<\/p>\n\n\n\n<p><a href=\"https:\/\/www.lutte-ouvriere.org\/actualite\/echos\">Hutchinson, Saint-Brieuc&nbsp;:&nbsp; Nostalgie ?<\/a> (LO)<\/p>\n\n\n\n<figure class=\"wp-block-image size-full\"><img data-recalc-dims=\"1\" loading=\"lazy\" decoding=\"async\" width=\"335\" height=\"199\" src=\"https:\/\/i0.wp.com\/www.rdpemancipation.org\/wp-content\/uploads\/2022\/02\/image-3.png?resize=335%2C199&#038;ssl=1\" alt=\"\" class=\"wp-image-69160\" srcset=\"https:\/\/i0.wp.com\/www.rdpemancipation.org\/wp-content\/uploads\/2022\/02\/image-3.png?w=335&amp;ssl=1 335w, https:\/\/i0.wp.com\/www.rdpemancipation.org\/wp-content\/uploads\/2022\/02\/image-3.png?resize=300%2C178&amp;ssl=1 300w\" sizes=\"auto, (max-width: 335px) 100vw, 335px\" \/><\/figure>\n\n\n\n<p><a href=\"https:\/\/lanticapitaliste.org\/actualite\/politique\/avec-macron-le-debat-se-fera-dans-la-rue\"><strong>Avec Macron, le d\u00e9bat se fera dans la rue<\/strong><\/a> (L\u2019Anticapitaliste)<\/p>\n\n\n\n<figure class=\"wp-block-image is-resized is-style-default\"><img data-recalc-dims=\"1\" loading=\"lazy\" decoding=\"async\" src=\"https:\/\/i0.wp.com\/mamot.fr\/system\/cache\/media_attachments\/files\/107\/687\/289\/296\/882\/362\/original\/77285426a83db320.png?resize=449%2C414&#038;ssl=1\" alt=\"\" width=\"449\" height=\"414\"\/><\/figure>\n\n\n\n<p>Analyse<\/p>\n\n\n\n<p><a href=\"https:\/\/www.revue-ballast.fr\/cartouches-72\/\">Livre&nbsp;: Ceux qui ne sont rien<em>, de Taha Bouhafs<\/em><\/a> (Ballast)<\/p>\n\n\n\n<p><strong><a href=\"https:\/\/lvsl.fr\/1848-ou-le-divorce-entre-le-proletariat-et-la-bourgeoisie\/\">1848 ou le divorce entre le prol\u00e9tariat et la bourgeoisie<\/a> (Le Vent se L\u00e8ve)<\/strong><\/p>\n\n\n\n<p>Monde<\/p>\n\n\n\n<p><a href=\"https:\/\/www.boursorama.com\/actualite-economique\/actualites\/des-employes-de-plus-de-50-cafes-starbucks-aux-etats-unis-cherchent-a-se-syndiquer-9126b189e075c7ce1138ed72c127c0ba\">Des employ\u00e9s de plus de 50 caf\u00e9s Starbucks aux Etats-Unis cherchent \u00e0 se syndiquer<\/a> (AFP)<\/p>\n\n\n\n<p><a href=\"https:\/\/mensuel.lutte-ouvriere.org\/2022\/01\/23\/kazakhstan-la-classe-ouvriere-face-aux-bureaucrates-poutine-et-aux-puissances-imperialistes_196803.html\">Kazakhstan &#8211;&nbsp;la classe ouvri\u00e8re face aux bureaucrates, \u00e0 Poutine et aux puissances imp\u00e9rialistes<\/a> (Lutte de Classe \u2013 LO)<\/p>\n\n\n\n<p>Royaume-Uni&nbsp;&#8211; <a href=\"https:\/\/www.convergencesrevolutionnaires.org\/Royaume-Uni-les-coursiers-de-Stuart-en-greve-contre-les-pertes-de-remuneration?navthem=1\">les coursiers de Stuart en gr\u00e8ve contre les pertes de r\u00e9mun\u00e9ration<\/a> (Convergences R\u00e9volutionnaires)<\/p>\n\n\n\n<figure class=\"wp-block-image size-full\"><img data-recalc-dims=\"1\" loading=\"lazy\" decoding=\"async\" width=\"311\" height=\"154\" src=\"https:\/\/i0.wp.com\/www.rdpemancipation.org\/wp-content\/uploads\/2022\/02\/image-4.png?resize=311%2C154&#038;ssl=1\" alt=\"\" class=\"wp-image-69163\" srcset=\"https:\/\/i0.wp.com\/www.rdpemancipation.org\/wp-content\/uploads\/2022\/02\/image-4.png?w=311&amp;ssl=1 311w, https:\/\/i0.wp.com\/www.rdpemancipation.org\/wp-content\/uploads\/2022\/02\/image-4.png?resize=300%2C149&amp;ssl=1 300w\" sizes=\"auto, (max-width: 311px) 100vw, 311px\" \/><\/figure>\n\n\n\n<p><mark style=\"background-color:rgba(0, 0, 0, 0);color:#a30004\" class=\"has-inline-color\"><strong>1er F\u00e9vrier en continu<\/strong><\/mark><\/p>\n\n\n\n<p><strong><a href=\"https:\/\/blogs.mediapart.fr\/jean-marc-b\/blog\/010222\/greves-fevrier-demarre-en-trombe\">Gr\u00e8ves: F\u00e9vrier d\u00e9marre en trombe<\/a> (Luttes Invisibles)<\/strong><\/p>\n\n\n\n<p><strong><a href=\"https:\/\/blogs.mediapart.fr\/jean-marc-b\/blog\/310122\/quand-jusqua-la-cftc-appelle-la-greve-signe-des-temps-vers-le-tous-ensemble\">Quand jusqu&rsquo;\u00e0 la CFTC appelle \u00e0 la gr\u00e8ve: signe des temps vers le tous ensemble <\/a>(Luttes Invisibles)<\/strong><\/p>\n\n\n\n<figure class=\"wp-block-image is-resized is-style-default\"><img data-recalc-dims=\"1\" loading=\"lazy\" decoding=\"async\" src=\"https:\/\/i0.wp.com\/mamot.fr\/system\/media_attachments\/files\/107\/688\/055\/983\/976\/328\/original\/25e8641bd140e542.png?resize=372%2C382&#038;ssl=1\" alt=\"\" width=\"372\" height=\"382\"\/><\/figure>\n","protected":false},"excerpt":{"rendered":"<p>1er mars en continu Propret\u00e9, cantines, voirie : les agents municipaux du Mans en lutte pour leurs salaires (Rapports de force) Social et m\u00e9dico-social\u00a0: FO refuse des dispositions au rabais (FO) Le Mans. Gr\u00e8ve des agents territoriaux reconduite, d\u2019autres les rejoignent &nbsp;(Ouest France) La qualit\u00e9 de vie au travail : un facteur trop souvent n\u00e9glig\u00e9\u00a0(Corse &#8230; <a title=\"F\u00e9vrier &#8211; Social\" class=\"read-more\" href=\"https:\/\/www.rdpemancipation.org\/?p=68949\" aria-label=\"En savoir plus sur F\u00e9vrier &#8211; Social\">Lire la suite<\/a><\/p>\n","protected":false},"author":1,"featured_media":0,"comment_status":"closed","ping_status":"closed","sticky":false,"template":"","format":"standard","meta":{"_lmt_disableupdate":"no","_lmt_disable":"no","_jetpack_memberships_contains_paid_content":false,"footnotes":""},"categories":[8],"tags":[],"class_list":["post-68949","post","type-post","status-publish","format-standard","hentry","category-social"],"modified_by":"man","jetpack_featured_media_url":"","jetpack_sharing_enabled":true,"_links":{"self":[{"href":"https:\/\/www.rdpemancipation.org\/index.php?rest_route=\/wp\/v2\/posts\/68949","targetHints":{"allow":["GET"]}}],"collection":[{"href":"https:\/\/www.rdpemancipation.org\/index.php?rest_route=\/wp\/v2\/posts"}],"about":[{"href":"https:\/\/www.rdpemancipation.org\/index.php?rest_route=\/wp\/v2\/types\/post"}],"author":[{"embeddable":true,"href":"https:\/\/www.rdpemancipation.org\/index.php?rest_route=\/wp\/v2\/users\/1"}],"replies":[{"embeddable":true,"href":"https:\/\/www.rdpemancipation.org\/index.php?rest_route=%2Fwp%2Fv2%2Fcomments&post=68949"}],"version-history":[{"count":255,"href":"https:\/\/www.rdpemancipation.org\/index.php?rest_route=\/wp\/v2\/posts\/68949\/revisions"}],"predecessor-version":[{"id":73659,"href":"https:\/\/www.rdpemancipation.org\/index.php?rest_route=\/wp\/v2\/posts\/68949\/revisions\/73659"}],"wp:attachment":[{"href":"https:\/\/www.rdpemancipation.org\/index.php?rest_route=%2Fwp%2Fv2%2Fmedia&parent=68949"}],"wp:term":[{"taxonomy":"category","embeddable":true,"href":"https:\/\/www.rdpemancipation.org\/index.php?rest_route=%2Fwp%2Fv2%2Fcategories&post=68949"},{"taxonomy":"post_tag","embeddable":true,"href":"https:\/\/www.rdpemancipation.org\/index.php?rest_route=%2Fwp%2Fv2%2Ftags&post=68949"}],"curies":[{"name":"wp","href":"https:\/\/api.w.org\/{rel}","templated":true}]}}