{"id":68947,"date":"2022-02-01T09:30:38","date_gmt":"2022-02-01T08:30:38","guid":{"rendered":"https:\/\/www.rdpemancipation.org\/?p=68947"},"modified":"2022-03-01T11:36:29","modified_gmt":"2022-03-01T10:36:29","slug":"fevrier-politique-2","status":"publish","type":"post","link":"https:\/\/www.rdpemancipation.org\/?p=68947","title":{"rendered":"F\u00e9vrier &#8211; Politique"},"content":{"rendered":"\n<p><strong><mark style=\"background-color:rgba(0, 0, 0, 0);color:#ee0909\" class=\"has-inline-color\">28 F\u00e9vrier en continu<\/mark><\/strong><\/p>\n\n\n\n<p><a href=\"https:\/\/blogs.mediapart.fr\/georges-andre\/blog\/270222\/non-la-guerre-de-poutine-souverainete-de-lukraine\">Compte rendu d\u00e9taill\u00e9 rassemblement contre la guerre Clermont Ferrand <\/a>-Georges-Andr\u00e9<\/p>\n\n\n\n<p><a href=\"https:\/\/rue89bordeaux.com\/2022\/02\/anne-hidalgo-en-quete-dune-remontada-depuis-bordeaux-en-passant-par-lukraine\/\">Anne Hidalgo en qu\u00eate d\u2019une remontada depuis Bordeaux, en passant par l\u2019Ukraine<\/a> (Rue89 Bordeaux)<\/p>\n\n\n\n<p><a href=\"https:\/\/cric-grenoble.info\/infos-locales\/article\/retour-sur-le-contre-rassemblement-contre-reconquete-a-domene-2357\">Retour sur le rassemblement contre Reconqu\u00eate \u00e0 Dom\u00e8ne<\/a> (CRIC)<\/p>\n\n\n\n<p><a href=\"https:\/\/www.ladepeche.fr\/2022\/02\/21\/presidentielle-les-francais-jugent-severement-le-bilan-demmanuel-macron-selon-notre-sondage-10125621.php\">Pr\u00e9sidentielle : les Fran\u00e7ais jugent s\u00e9v\u00e8rement le bilan de Macron selon notre sondage<\/a> (La D\u00e9p\u00eache)<\/p>\n\n\n\n<figure class=\"wp-block-image is-resized is-style-default\"><img loading=\"lazy\" decoding=\"async\" src=\"https:\/\/scontent.fhex5-1.fna.fbcdn.net\/v\/t39.30808-6\/274702279_1395268374228960_4282693588235398036_n.jpg?stp=dst-jpg_s640x640&amp;_nc_cat=100&amp;ccb=1-5&amp;_nc_sid=730e14&amp;_nc_ohc=Kiw6IN2hcpsAX88RgGV&amp;_nc_ht=scontent.fhex5-1.fna&amp;oh=00_AT9VSzOh7ZJ7NMxLmwRIFEccHpFvrPVuPSzk6-rKW-7kuA&amp;oe=62215AC4\" alt=\"Peut \u00eatre une image de 1 personne et mur de briques\" width=\"359\" height=\"448\"\/><figcaption><sub>Tableau d Jaeraymie affich\u00e9 dans Amiens, ville natale de Macron.<\/sub><br><sub> L&rsquo;artiste a pr\u00e9vu d&rsquo;en sortir d&rsquo;autres prochainement.<\/sub><\/figcaption><\/figure>\n\n\n\n<p>Analyse<\/p>\n\n\n\n<p><strong><a href=\"https:\/\/www.youtube.com\/watch?v=N_DE1I6Cj-Q\">Le bal des faux-culs&nbsp;: Bourlanges et Corb\u00e9, la honte&nbsp;!<\/a> (Cemil choses)<\/strong><\/p>\n\n\n\n<figure class=\"wp-block-image size-full is-resized\"><img data-recalc-dims=\"1\" loading=\"lazy\" decoding=\"async\" src=\"https:\/\/i0.wp.com\/www.rdpemancipation.org\/wp-content\/uploads\/2022\/02\/image-130.png?resize=574%2C326&#038;ssl=1\" alt=\"\" class=\"wp-image-73422\" width=\"574\" height=\"326\" srcset=\"https:\/\/i0.wp.com\/www.rdpemancipation.org\/wp-content\/uploads\/2022\/02\/image-130.png?w=669&amp;ssl=1 669w, https:\/\/i0.wp.com\/www.rdpemancipation.org\/wp-content\/uploads\/2022\/02\/image-130.png?resize=300%2C170&amp;ssl=1 300w\" sizes=\"auto, (max-width: 574px) 100vw, 574px\" \/><\/figure>\n\n\n\n<p><\/p>\n\n\n\n<p><a href=\"https:\/\/youtu.be\/avfUoBqJo6M\">Au secours, Macron nous drague<\/a> (JSPC)Vid\u00e9o<\/p>\n\n\n\n<p><a href=\"https:\/\/www.contretemps.eu\/gauche-poutine-ukraine-russie\/\">C<\/a><strong><a href=\"https:\/\/www.contretemps.eu\/gauche-poutine-ukraine-russie\/\">essez de pr\u00e9tendre que la gauche serait du c\u00f4t\u00e9 de Poutine<\/a> (Contretemps)<\/strong><\/p>\n\n\n\n<p><strong><a href=\"https:\/\/www.youtube.com\/watch?v=j07V-P7-MBo\">Du t\u00e9l\u00e9graphe \u00e0 Internet: L\u2019incroyable histoire des c\u00e2bles sous-marins<\/a> (Les Echos)<\/strong> Vid\u00e9o<\/p>\n\n\n\n<p><strong><a href=\"https:\/\/www.latribune.fr\/economie\/international\/une-coupure-d-internet-par-la-russie-le-cauchemar-de-l-europe-904912.html?utm_source=sfmc&amp;utm_medium=email&amp;utm_campaign=20220227_ukraine&amp;isBat=false&amp;d=STEFR_VDEF_Full_Base&amp;sk=eXBlbGxvdEBsYXBvc3RlLm5ldA==&amp;e=a912bea9dcb0f089389bc9c1d011ac3c57479e2e2bfa32d440f34a5efe55c08e&amp;j=848735&amp;l=144&amp;b=18011&amp;sid=1710438&amp;senddate=2022-02-28\">Une coupure d\u2019internet par la Russie&nbsp;:le cauchemar de l\u2019Europe<\/a> (La Tribune)<\/strong><\/p>\n\n\n\n<p><a href=\"https:\/\/www.nonfiction.fr\/article-11203-entretien-avec-c-carbonnier-et-b-palier-la-qualite-pour-tous.htm\">Entretien avec C. Carbonnier et B. Palier : la qualit\u00e9 pour tous !<\/a> (Nonfiction)<\/p>\n\n\n\n<p><a href=\"https:\/\/www.arretsurimages.net\/chroniques\/clic-gauche\/le-world-wide-z-un-reve-de-zemmouriens\">Le World Wide Z, un r\u00eave de zemmouriens<\/a> (Arr\u00eat sur images)&nbsp;<\/p>\n\n\n\n<p><a href=\"https:\/\/www.humanite.fr\/monde\/union-europeenne\/la-campagne-du-pcf-vue-deurope-739482#xtor=RSS-1\">La campagne du PCF vue d\u2019Europe<\/a> (L\u2019Humanit\u00e9)&nbsp;<\/p>\n\n\n\n<p><a href=\"https:\/\/www.franceinter.fr\/emissions\/affaires-sensibles\/affaires-sensibles-13-avril-2020\">Al\u00e9ria, quand les Corses ont pris les armes <\/a>(Affaires Sensibles)<\/p>\n\n\n\n<p><strong><mark style=\"background-color:rgba(0, 0, 0, 0);color:#bb0808\" class=\"has-inline-color\">27 f\u00e9vrier en continu<\/mark><\/strong><\/p>\n\n\n\n<p><strong><a href=\"https:\/\/www.francetvinfo.fr\/monde\/europe\/manifestations-en-ukraine\/guerre-en-ukraine-emmanuel-macron-annonce-des-renforcements-militaires-de-la-france-au-sein-de-l-otan_4981713.html\">Emmanuel Macron annonce des \u00ab\u00a0renforcements militaires\u00a0\u00bb de la France au sein de l&rsquo;Otan<\/a> (France Info)<\/strong><\/p>\n\n\n\n<figure class=\"wp-block-image size-full\"><img data-recalc-dims=\"1\" loading=\"lazy\" decoding=\"async\" width=\"405\" height=\"470\" src=\"https:\/\/i0.wp.com\/www.rdpemancipation.org\/wp-content\/uploads\/2022\/02\/image-122.png?resize=405%2C470&#038;ssl=1\" alt=\"\" class=\"wp-image-73294\" srcset=\"https:\/\/i0.wp.com\/www.rdpemancipation.org\/wp-content\/uploads\/2022\/02\/image-122.png?w=405&amp;ssl=1 405w, https:\/\/i0.wp.com\/www.rdpemancipation.org\/wp-content\/uploads\/2022\/02\/image-122.png?resize=259%2C300&amp;ssl=1 259w\" sizes=\"auto, (max-width: 405px) 100vw, 405px\" \/><figcaption><strong><sup>Duverdier (Sud-Ouest)<\/sup><\/strong><\/figcaption><\/figure>\n\n\n\n<p><a href=\"https:\/\/info.mediapart.fr\/optiext\/optiextension.dll?ID=B54B%2Bel2xwQN7mJbZLDCBKaaFpepCjmCpKhg6oyH_FK6Hv4ltN%2B5U0YWtiFCFlbFD8ec27rz4ORk31OZvMv1ek6YZtwdG\">Ukraine : M\u00e9lenchon aux prises avec son pass\u00e9<\/a> (MDP)<\/p>\n\n\n\n<p><a href=\"https:\/\/tendanceclaire.org\/breve.php?id=40808\">M\u00e9lenchon dans l\u2019\u00e9mission sp\u00e9ciale de France 2 sur l\u2019Ukraine<\/a> -vid\u00e9o<\/p>\n\n\n\n<p><a href=\"https:\/\/welfarm.fr\/RecoursEnJusticePoulesPondeuses\">Recours en justice contre le d\u00e9cret sur poules pondeuses<\/a>&nbsp; (Welfarm)<\/p>\n\n\n\n<p><a href=\"https:\/\/welfarm.fr\/legislation-europeenne-bien-etre-animal\">L\u00e9gislation europ\u00e9enne et bien-\u00eatre animal<\/a> (Welfarm)<strong><\/strong><\/p>\n\n\n\n<p><a href=\"https:\/\/tendanceclaire.org\/breve.php?id=40817\">Besancenot sur LCI<\/a> -vid\u00e9o<\/p>\n\n\n\n<p><a href=\"https:\/\/tendanceclaire.org\/breve.php?id=40816\">M\u00e9lenchon sur France info ce vendredi matin<\/a> -vid\u00e9o<\/p>\n\n\n\n<figure class=\"wp-block-image is-resized is-style-default\"><img loading=\"lazy\" decoding=\"async\" src=\"https:\/\/pbs.twimg.com\/media\/FMgp7E8WQAEWATZ?format=jpg&amp;name=small\" alt=\"Image\" width=\"307\" height=\"275\"\/><\/figure>\n\n\n\n<p>Analyse<\/p>\n\n\n\n<p><a href=\"https:\/\/mailchi.mp\/e89f30a01760\/poutine-est-encore-dresde?e=277caa83f3\">Poutine est encore \u00e0 Dresde?<\/a>( Le Grand Continent)<\/p>\n\n\n\n<p><strong><a href=\"https:\/\/www.youtube.com\/watch?v=NU9-1VZ2TBs\">Macron ou la g\u00e9opolitique du d\u00e9sastre<\/a> (Blast)<\/strong><\/p>\n\n\n\n<p><a href=\"https:\/\/tendanceclaire.org\/breve.php?id=40807\">Ukraine &#8211; l\u2019\u00e9chec de Macron<\/a> (Blast)<\/p>\n\n\n\n<p><a href=\"https:\/\/rapportsdeforce.fr\/pouvoir-et-contre-pouvoir\/mathieu-rigouste-produire-du-savoir-critique-depuis-les-mondes-opprimes-022612866\">Mathieu Rigouste : produire du savoir critique \u00ab depuis les mondes opprim\u00e9s \u00bb<\/a> (Rapports de Force)<\/p>\n\n\n\n<p><a href=\"https:\/\/tendanceclaire.org\/breve.php?id=40814\">Le travail, une valeur ?<\/a> -Jacques Freyssinet<\/p>\n\n\n\n<p><a href=\"https:\/\/www.franceinter.fr\/emissions\/affaires-sensibles\/affaires-sensibles-29-juin-2020\">Elf 1\u00e8re partie : Pillage \u00e0 la t\u00eate d&rsquo;une entreprise d&rsquo;\u00e9tat <\/a>(Affaires Sensibles)<\/p>\n\n\n\n<p><a href=\"https:\/\/www.franceinter.fr\/emissions\/affaires-sensibles\/affaires-sensibles-30-juin-2020\">Elf 2\u00e8me partie: quand l\u2019instruction \u00e9clabousse la classe politique <\/a>(Affaires Sensibles)<\/p>\n\n\n\n<p><strong><mark style=\"background-color:rgba(0, 0, 0, 0);color:#bb0808\" class=\"has-inline-color\">26 f\u00e9vrier en continu<\/mark><\/strong><\/p>\n\n\n\n<p><a href=\"https:\/\/www.francetvinfo.fr\/societe\/justice\/le-directeur-de-l-institut-montaigne-en-garde-a-vue-soupconne-d-avoir-drogue-une-collaboratrice-a-son-insu_4981602.html\">Directeur de l&rsquo;Institut Montaigne en garde \u00e0 vue, soup\u00e7onn\u00e9 d&rsquo;avoir drogu\u00e9 une collaboratrice <\/a>(France Info)<\/p>\n\n\n\n<p><a href=\"https:\/\/info.mediapart.fr\/optiext\/optiextension.dll?ID=NfeNf8szVmwaBqP50%2BJe16v0TjNJjzAjlebn3ANAWdWAZoz3UO1dS4AZXR0wi%2BqQhXAT6RaFL2jZWQ9KPq4hN_fJWXCNC\">Sous la pression, Fran\u00e7ois Fillon finit par d\u00e9missionner de ses mandats russes<\/a> (MDP)<\/p>\n\n\n\n<p><a href=\"https:\/\/info.mediapart.fr\/optiext\/optiextension.dll?ID=NfeNec9LVnfxIwu7OG4Ap%2B4b9iIXVdn3zeMk6UGoJq_VFohxU9hbsqrg0%2BXEhLHtjAIgK6wIQSMqcqb46CjIXKgwaLRFf\">Emploi fant\u00f4me : l\u2019enregistrement qui trahit Fabien Roussel<\/a> (MDP)<\/p>\n\n\n\n<p><a href=\"https:\/\/www.rue89strasbourg.com\/croix-gammees-consulat-russie-strasbourg-228289\">Des croix gamm\u00e9es tagu\u00e9es sur le consulat de Russie \u00e0 Strasbourg<\/a> (Rue89 Strasbourg)<\/p>\n\n\n\n<p><a href=\"https:\/\/lepoing.net\/a-montpellier-le-reflexe-pacifiste-face-a-linvasion-de-lukraine\/\">A Montpellier, le r\u00e9flexe pacifiste face \u00e0 l\u2019invasion de l\u2019Ukraine<\/a> (Le Poing)<\/p>\n\n\n\n<p><strong><a href=\"https:\/\/www.saphirnews.com\/La-dissolution-de-collectifs-pro-palestiniens-annoncee-a-l-heure-du-diner-du-CRIF_a28660.html\">La dissolution de collectifs pro-palestiniens annonc\u00e9e \u00e0 l&rsquo;heure du diner du CRIF<\/a> (SaphirNews)<\/strong><\/p>\n\n\n\n<p><a href=\"https:\/\/megazine.fr\/aurore-berge-plus-de-lits-dhopital-cest-plus-de-personnes-intubees-de-morts\/\">Aurore Berg\u00e9 30 d\u00e9cembre 2021: \u00ab&nbsp;Plus de lits d\u2019h\u00f4pital, c\u2019est plus de personnes intub\u00e9es, plus de morts&nbsp;\u00bb<\/a>&nbsp;(Megazine)<\/p>\n\n\n\n<figure class=\"wp-block-image size-full is-resized\"><img data-recalc-dims=\"1\" loading=\"lazy\" decoding=\"async\" src=\"https:\/\/i0.wp.com\/www.rdpemancipation.org\/wp-content\/uploads\/2022\/02\/image-119.png?resize=409%2C272&#038;ssl=1\" alt=\"\" class=\"wp-image-73148\" width=\"409\" height=\"272\"\/><\/figure>\n\n\n\n<pre class=\"wp-block-preformatted\">Suite au rapport sur l'apartheid en Israel, la d\u00e9put\u00e9 LREM Aurore Berg\u00e9 sugg\u00e8re  de \u00ab <em>d\u00e9manteler<\/em> \u00bb l\u2019association Amnesty International (<a href=\"https:\/\/twitter.com\/i24NEWS_FR\/status\/1496922013302247428\">source<\/a>)!<\/pre>\n\n\n\n<figure class=\"wp-block-image size-full is-resized is-style-default\"><img data-recalc-dims=\"1\" loading=\"lazy\" decoding=\"async\" src=\"https:\/\/i0.wp.com\/www.rdpemancipation.org\/wp-content\/uploads\/2022\/02\/Capture-decran-2022-02-25-a-16.15.56.png?resize=397%2C346&#038;ssl=1\" alt=\"\" class=\"wp-image-73081\" width=\"397\" height=\"346\" srcset=\"https:\/\/i0.wp.com\/www.rdpemancipation.org\/wp-content\/uploads\/2022\/02\/Capture-decran-2022-02-25-a-16.15.56.png?w=675&amp;ssl=1 675w, https:\/\/i0.wp.com\/www.rdpemancipation.org\/wp-content\/uploads\/2022\/02\/Capture-decran-2022-02-25-a-16.15.56.png?resize=300%2C262&amp;ssl=1 300w\" sizes=\"auto, (max-width: 397px) 100vw, 397px\" \/><\/figure>\n\n\n\n<p>Analyse<\/p>\n\n\n\n<p><a href=\"https:\/\/www.youtube.com\/watch?v=ei2qTdOYW8Q\">Russie-Ukraine: Analyse de la situation<\/a> (Idriss Aberkane)<\/p>\n\n\n\n<figure class=\"wp-block-image is-resized is-style-default\"><img data-recalc-dims=\"1\" loading=\"lazy\" decoding=\"async\" src=\"https:\/\/i0.wp.com\/static.mediapart.fr\/etmagine\/default\/files\/2022\/02\/25\/conseillers-speciaux-1024x983.jpg?resize=401%2C385&#038;ssl=1\" alt=\"conseillers-speciaux-1024x983\" width=\"401\" height=\"385\"\/><\/figure>\n\n\n\n<p><a href=\"https:\/\/info.mediapart.fr\/optiext\/optiextension.dll?ID=NfeNbDncq1cxQBi0tIE5YgmEcyw8ebyllDfztT4LAC2%2BVEq3U2oAf4Qt1_w4onLrmBsj7Hz7k65HrB6Zw2JfEh7o6N2pt\">Les parrainages d\u2019\u00c9ric Zemmour refl\u00e8tent la cartographie du vote d\u2019extr\u00eame droite, sauf dans le Sud-Est<\/a> (MDP)<\/p>\n\n\n\n<p><a href=\"https:\/\/inkyfada.com\/fr\/2022\/02\/25\/csm-provisoire-composition-independance-justice-tunisie\/\">Quels changements dans la composition du Conseil sup\u00e9rieur de la magistrature ?<\/a> (Inkyfada)&nbsp;<\/p>\n\n\n\n<p><a href=\"https:\/\/dieses.fr\/comment-les-minorites-transforment-nos-societes\">Comment les minorit\u00e9s transforment nos soci\u00e9t\u00e9s<\/a> (Di\u00e8ses)<\/p>\n\n\n\n<p><a href=\"https:\/\/www.legrandsoir.info\/10-avril-2022-voter-melenchon-sans-l-epouser-ou-s-appreter-a-cracher-du-sang.html\">10 avril 2022&nbsp;: voter M\u00e9lenchon (sans l\u2019\u00e9pouser) ou s\u2019appr\u00eater \u00e0 cracher du sang<\/a> (Le Grand Soir)<\/p>\n\n\n\n<p><strong><a href=\"https:\/\/www.youtube.com\/watch?v=IoTcIbOZ-vA\">Crise Sanitaire&nbsp;: L\u2019histoire qu\u2019\u2019ils voudraient nous faire oublier&nbsp;!<\/a> (Mathilde Panot)<\/strong><\/p>\n\n\n\n<p><a href=\"https:\/\/lecourrierdesstrateges.fr\/2022\/02\/24\/ukraine-la-pathetique-impuissance-demmanuel-macron\/?utm_source=mailpoet&amp;utm_medium=email&amp;utm_campaign=les-derniers-articles-du-courrier-des-strateges_164\">Ukraine&nbsp;: la path\u00e9tique impuissance de Macron<\/a> (Courrier des Strat\u00e8ges)<\/p>\n\n\n\n<figure class=\"wp-block-image is-resized is-style-default\"><img data-recalc-dims=\"1\" loading=\"lazy\" decoding=\"async\" src=\"https:\/\/i0.wp.com\/static.mediapart.fr\/etmagine\/default\/files\/2022\/02\/25\/la-diagonale-du-fou-1013x1024.jpg?resize=355%2C359&#038;ssl=1\" alt=\"la-diagonale-du-fou-1013x1024\" width=\"355\" height=\"359\"\/><\/figure>\n\n\n\n<p><a href=\"https:\/\/www.franceinter.fr\/emissions\/affaires-sensibles\/affaires-sensibles-12-juin-2020\">Le G\u00e9n\u00e9ral et l\u2019OTAN <\/a>(Affaires Sensibles)<\/p>\n\n\n\n<p><mark style=\"background-color:rgba(0, 0, 0, 0);color:#a30004\" class=\"has-inline-color\"><strong><mark style=\"background-color:rgba(0, 0, 0, 0)\" class=\"has-inline-color\"><strong style=\"color: rgb(163, 0, 4); background-color: rgba(0, 0, 0, 0);\">25 F\u00e9vrier en continu<\/strong><\/mark> <\/strong><\/mark><\/p>\n\n\n\n<p><strong><a href=\"https:\/\/blogs.mediapart.fr\/jean-marc-b\/blog\/250222\/poutine-biden-macron-dehors-jacques-chastaing\">Poutine, Biden, Macron dehors ! &#8211;<\/a>Jacques Chastaing<\/strong> <\/p>\n\n\n\n<p><strong><a href=\"https:\/\/palestinevaincra.com\/2022\/02\/gerald-darmanin-annonce-vouloir-dissoudre-le-collectif-palestine-vaincra\/\">Darmanin annonce vouloir dissoudre le Collectif Palestine Vaincra<\/a> (Palestine vaincra)<\/strong><\/p>\n\n\n\n<p><strong><a href=\"https:\/\/blogs.mediapart.fr\/jean-marc-b\/blog\/240222\/bas-les-guerres-imperialistes-solidarite-avec-les-populations-ukrainiennes\">\u00c0 bas les guerres imp\u00e9rialistes ! Solidarit\u00e9 avec les populations ukrainiennes !<\/a> -Philippe Poutou<\/strong><\/p>\n\n\n\n<p><strong><a href=\"https:\/\/tendanceclaire.org\/breve.php?id=40805\">M\u00e9lenchon, l\u2019\u00e9chapp\u00e9e confirm\u00e9e<\/a> (vid\u00e9o Le Media)<\/strong><\/p>\n\n\n\n<figure class=\"wp-block-image is-resized is-style-default\"><img data-recalc-dims=\"1\" loading=\"lazy\" decoding=\"async\" src=\"https:\/\/i0.wp.com\/vl-media.fr\/wp-content\/uploads\/2018\/04\/gif-champagne.gif?resize=322%2C322&#038;ssl=1\" alt=\"gif champagne - VL M\u00e9dia\" width=\"322\" height=\"322\"\/><\/figure>\n\n\n\n<p><a href=\"https:\/\/tendanceclaire.org\/breve.php?id=40798\">M\u00e9lenchon: \u00ab\u00a0Je condamne la guerre de la Russie en Ukraine\u00a0\u00bb<\/a> -vid\u00e9o<\/p>\n\n\n\n<p><a href=\"https:\/\/www.francetvinfo.fr\/politique\/parti-communiste-francais\/enquete-fabien-roussel-accuse-d-emploi-fictif-sa-defense-mise-a-mal-par-des-syndicalistes_4977744.html#xtor=CS2-765-%5Btwitter%5D-\">Roussel accus\u00e9 d\u2019emploi fictif : sa d\u00e9fense mise \u00e0 mal par des syndicalistes<\/a> (France Info)<\/p>\n\n\n\n<p><a href=\"https:\/\/info.mediapart.fr\/optiext\/optiextension.dll?ID=5VZ5s16SlNRffyTEXix0sFedNbdsG4wpszGY_nR5k%2BhNXFi3du5GRZQUEBrUOvINc4MeZTebputIZ8udeSNRAC358DC55J\">L\u2019\u00e9quipe d\u2019\u00c9ric Ciotti derri\u00e8re l\u2019adh\u00e9sion de Clovis, le chien \u00ab&nbsp;militant&nbsp;\u00bb des LR<\/a> (MDP)<\/p>\n\n\n\n<p><a href=\"https:\/\/blogs.mediapart.fr\/jean-marc-b\/blog\/240222\/melenchon-saute-sur-le-mali-pour-raccoler-tres-droite\">M\u00e9lenchon saute sur le Mali pour racoler tr\u00e8s \u00e0 droite <\/a>-vid\u00e9os<\/p>\n\n\n\n<p><a href=\"https:\/\/www.force-ouvriere.fr\/fo-condamne-l-agression-militaire-en-ukraine\">Force Ouvri\u00e8re condamne l&rsquo;agression militaire en Ukraine<\/a> (Force Ouvri\u00e8re)<\/p>\n\n\n\n<p><a href=\"https:\/\/www.fidh.org\/fr\/regions\/europe-asie-centrale\/ukraine\/la-fidh-et-le-ccl-condamnent-l-attaque-armee-de-la-russie-et-l\">La FIDH et le CCL condamnent l&rsquo;attaque de la Russie et occupation de l&rsquo;Ukraine et appellent \u00e0 l&rsquo;action<\/a> (FIDH)<\/p>\n\n\n\n<p><a href=\"https:\/\/www.ldh-france.org\/solidarite-avec-le-peuple-ukrainien\/\">Solidarit\u00e9 avec le peuple ukrainien<\/a> (Ligue des droits de l\u2019Homme)<\/p>\n\n\n\n<p><a href=\"http:\/\/www.regards.fr\/actu\/article\/guerre-en-ukraine-les-reactions-de-la-gauche-francaise\">Guerre en Ukraine : les r\u00e9actions de la gauche fran\u00e7aise<\/a> (Regards)<\/p>\n\n\n\n<p><a href=\"https:\/\/basta.media\/Ukraine-guerre-offensive-russe-Poutine-reaction-candidats-de-gauche-risque-nucleaire\">Gauche fran\u00e7aise condamne l&rsquo;invasion russe de l\u2019Ukraine, mais reste partag\u00e9e sur la r\u00e9ponse \u00e0 apporter<\/a> (Basta!)<\/p>\n\n\n\n<p><a href=\"https:\/\/solidaires.org\/Zemmour-n-est-pas-le-bienvenu-dans-les-deux-Savoie\">Zemmour n&rsquo;est pas le bienvenu dans les deux Savoie !<\/a> (Solidaires)<\/p>\n\n\n\n<figure class=\"wp-block-image size-full is-resized is-style-default\"><img data-recalc-dims=\"1\" loading=\"lazy\" decoding=\"async\" src=\"https:\/\/i0.wp.com\/www.rdpemancipation.org\/wp-content\/uploads\/2022\/02\/Capture-decran-2022-02-24-a-16.35.02.png?resize=384%2C369&#038;ssl=1\" alt=\"\" class=\"wp-image-72951\" width=\"384\" height=\"369\" srcset=\"https:\/\/i0.wp.com\/www.rdpemancipation.org\/wp-content\/uploads\/2022\/02\/Capture-decran-2022-02-24-a-16.35.02.png?w=534&amp;ssl=1 534w, https:\/\/i0.wp.com\/www.rdpemancipation.org\/wp-content\/uploads\/2022\/02\/Capture-decran-2022-02-24-a-16.35.02.png?resize=300%2C288&amp;ssl=1 300w\" sizes=\"auto, (max-width: 384px) 100vw, 384px\" \/><\/figure>\n\n\n\n<p>Analyse<\/p>\n\n\n\n<p><a href=\"https:\/\/www.monde-diplomatique.fr\/2017\/02\/DENORD\/57100\">De qui Fran\u00e7ois Fillon est-il le pr\u00eate-nom ?<\/a> (Le Monde diplomatique)&nbsp;<\/p>\n\n\n\n<p><strong><a href=\"https:\/\/blogs.mediapart.fr\/jean-marc-b\/blog\/240222\/des-ultrariches-alertent-sur-la-maladie-senile-du-capitalisme\">Des ultrariches alertent sur la maladie s\u00e9nile du capitalisme<\/a> (Les Crises)<\/strong><\/p>\n\n\n\n<p><a href=\"https:\/\/www.humanite.fr\/culture-et-savoirs\/presidentielle-2022\/les-francais-sont-ils-lasses-du-presidentialisme-739687#xtor=RSS-1\">Les Fran\u00e7ais sont-ils lass\u00e9s du pr\u00e9sidentialisme ?<\/a> (L\u2019Humanit\u00e9)&nbsp;<\/p>\n\n\n\n<p><a href=\"https:\/\/info.mediapart.fr\/optiext\/optiextension.dll?ID=5VZixShgwH4tHSnzLpkJX_hA4LV0O571gmkODK4ohOHwukS39bsevZGIa4lVuLDvFOeLRl84eHbHabzXmB%2BL%2B29dSSC55F\">Violences sexuelles dans l\u2019\u00c9glise&nbsp;: l\u2019indemnisation des victimes encore floue<\/a> (MDP)<\/p>\n\n\n\n<p><a href=\"https:\/\/blogs.mediapart.fr\/jean-marc-b\/blog\/240222\/en-mars-le-vent-se-leve\">En mars, le vent se l\u00e8ve <\/a>(Solidaires)<\/p>\n\n\n\n<p><a href=\"https:\/\/blogs.mediapart.fr\/jean-marc-b\/blog\/240222\/revelations-largent-sale-qui-sauve-marine-le-pen\">R\u00e9v\u00e9lations : l&rsquo;argent sale qui a sauv\u00e9 Marine Le Pen <\/a>(vid\u00e9o Le M\u00e9dia)<\/p>\n\n\n\n<p><a href=\"https:\/\/info.mediapart.fr\/optiext\/optiextension.dll?ID=5VZhhiSzPYLvlwfVoO1d8_34MfjSuKG%2BVJcKXLfQOFAaGPS2wsHnQQuM9PVUQvklCyvh3tpjqcUe254mMNzXqHBUygo55q\">Les illusions perdues d\u2019Emmanuel Macron avec Vladimir Poutine<\/a> (MDP)<\/p>\n\n\n\n<p><a href=\"https:\/\/info.mediapart.fr\/optiext\/optiextension.dll?ID=5VZMHJkLPKQ80L9gpDGF%2B_QsZTS5h6hddiw6g24%2BwtmfXSiZC_kiEHiZNyULchhrjLX60mb9%2BEQKaqaGAh3kfkxJtPZ55d\">Dans la communaut\u00e9 ukrainienne de Toulouse, la crainte d&rsquo;un sc\u00e9nario tch\u00e9tch\u00e8ne<\/a> (MDP)<\/p>\n\n\n\n<p><a href=\"https:\/\/info.mediapart.fr\/optiext\/optiextension.dll?ID=5VZibp4FRrjGUVNSrt5g81fBzTR66WjK8ZDao45TnPNVxgBBUVzVByMzhMwxlzhCgIeQ3qCtDtFCSg6kUBwv59kUzoZ55Z\">L\u2019extr\u00eame droite fran\u00e7aise embarrass\u00e9e sur le front de l\u2019Est<\/a> (MDP)<\/p>\n\n\n\n<p><a href=\"https:\/\/info.mediapart.fr\/optiext\/optiextension.dll?ID=5VZii938KjiR1goZzIMnNc964eu%2BFue7tKmXF1%2BFVkyab1Q6gDhAvcF5jgXJOVQ4lv8rmj1xLVdXWFDwLz4ZOSUxZL7C5c\">IA et r\u00e9forme de l&rsquo;\u00c9tat : vers des bureaucraties sans humains ?<\/a>&#8211; F\u00e9lix Tr\u00e9guer<\/p>\n\n\n\n<p><a href=\"https:\/\/www.courrierinternational.com\/article\/vu-despagne-nouvelle-claque-diplomatique-pour-macron-le-facilitateur\">Nouvelle claque diplomatique pour Macron le \u00ab facilitateur \u00bb<\/a> (La Vanguardia)<\/p>\n\n\n\n<p><a href=\"https:\/\/expansive.info\/Anarchistes-et-guerre-Perspectives-anti-autoritaires-en-Ukraine-3160\">Anarchistes et guerre : Perspectives anti-autoritaires en Ukraine<\/a> (Expansive)<\/p>\n\n\n\n<p><mark style=\"background-color:rgba(0, 0, 0, 0);color:#a30004\" class=\"has-inline-color\"><strong><mark style=\"background-color:rgba(0, 0, 0, 0)\" class=\"has-inline-color\"><strong style=\"color: rgb(163, 0, 4); background-color: rgba(0, 0, 0, 0);\">24 F\u00e9vrier en continu<\/strong><\/mark> <\/strong><\/mark><\/p>\n\n\n\n<p><a href=\"https:\/\/www.francetvinfo.fr\/politique\/jean-castex\/gouvernement-de-jean-castex\/info-franceinfo-parrainages-l-association-des-maires-de-france-ne-participera-pas-a-la-reunion-sur-le-sujet-prevue-jeudi-a-matignon_4977192.html\">Parrainages pour la pr\u00e9sidentielle : r\u00e9union avec \u00e9lus locaux voulue par Premier ministre est annul\u00e9e<\/a> (France Info)<\/p>\n\n\n\n<p><a href=\"https:\/\/linsoumission.fr\/2022\/02\/22\/sondage-melenchon-loin-gauche\/\">Sondage d\u2019adh\u00e9sion : M\u00e9lenchon loin devant \u00e0 gauche<\/a> (L\u2019Insoumission)<\/p>\n\n\n\n<p><a href=\"https:\/\/lanticapitaliste.org\/actualite\/entreprises\/rennes-puma-sponsorise-lassociation-israelienne-de-foot-boycottons-puma\">Rennes :\u2002Puma sponsorise l\u2019association isra\u00e9lienne de foot, boycottons Puma<\/a> (L\u2019Anticapitaliste<\/p>\n\n\n\n<p><a href=\"https:\/\/theconversation.com\/quand-les-nouvelles-femmes-de-droite-sinvitent-dans-la-campagne-177293\">Quand les \u00ab nouvelles femmes de droite \u00bb s\u2019invitent dans la campagne<\/a> (The Conversation)&nbsp;<\/p>\n\n\n\n<p><a href=\"https:\/\/kaizen-magazine.com\/article\/un-isf-climatique-pour-lutter-contrer-lempreinte-carbone-des-milliardaires\/\">Un ISF climatique pour lutter contrer l\u2019empreinte carbone des milliardaires ?<\/a> (Kaizen)&nbsp;<\/p>\n\n\n\n<p><a href=\"https:\/\/blogs.mediapart.fr\/jean-marc-b\/blog\/230222\/anasse-kazib-candidat-malgre-les-grands-medias-video-le-media\">Anasse Kazib: candidat malgr\u00e9 les grands m\u00e9dias -vid\u00e9o<\/a> (Le M\u00e9dia)<\/p>\n\n\n\n<p><strong><a href=\"https:\/\/www.laselectiondujour.com\/index.php?143477&amp;lsdj=335691\">Ces cabinets de conseil implant\u00e9s aux commandes de l\u2019\u00c9tat<\/a> (LSDJ)<\/strong><\/p>\n\n\n\n<figure class=\"wp-block-image is-resized is-style-default\"><img loading=\"lazy\" decoding=\"async\" src=\"https:\/\/tse4.mm.bing.net\/th?id=OIP.gabZx7LjPg9Ed8JJbm1awQHaHa&amp;pid=Api\" alt=\"th?id=OIP.gabZx7LjPg9Ed8JJbm1awQHaHa&amp;pid=Api\" width=\"242\" height=\"242\" title=\"Citation - Coluche - ListSpirit.com - Leading Inspiration ...\"\/><\/figure>\n\n\n\n<p><a href=\"https:\/\/info.mediapart.fr\/optiext\/optiextension.dll?ID=qYZq13DwVFbX6tk8uYb%2BqcjANWHI0uuBskH9Be5HZ_E5btLGyQI6ZsUMb3GtgE4ofUq%2BZl7n3f9rqNeCw15DXBRMB4QGx\">Candidature de Val\u00e9rie P\u00e9cresse&nbsp;: la primaire \u00e9tait pip\u00e9e<\/a> (MDP)<\/p>\n\n\n\n<figure class=\"wp-block-image is-resized is-style-default\"><img loading=\"lazy\" decoding=\"async\" src=\"https:\/\/pbs.twimg.com\/media\/FMHYBqhXoAYAaIA?format=jpg&amp;name=small\" alt=\"Image\" width=\"464\" height=\"508\"\/><\/figure>\n\n\n\n<figure class=\"wp-block-image is-style-default\"><img data-recalc-dims=\"1\" decoding=\"async\" src=\"https:\/\/i0.wp.com\/pbs.twimg.com\/media\/CwBAdDsWEAAQaE3.jpg?w=1200&#038;ssl=1\" alt=\"Toussaint Alain on Twitter: &quot;Oui, Ouattara veut imposer l'#ADO-mocratie: le  vote des moutons. Non, pas de r\u00e9f\u00e9rendum #Kongstitution-nel! #FrontDuRefus  #LePouvoirAuPeuple https:\/\/t.co\/0EjwsGRYQr&quot; \/ Twitter\"\/><figcaption><sub>On est pas des chiens, protestent les \u00e9lecteurs de P\u00e9cresse<\/sub><\/figcaption><\/figure>\n\n\n\n<p>Analyse<\/p>\n\n\n\n<p><a href=\"https:\/\/comptoir.org\/2022\/02\/22\/comites-syndicalistes-revolutionnaires-nous-voulons-un-socialisme-qui-soit-lemanation-de-la-vie-quotidienne\/\">\u00ab\u00a0Nous voulons un socialisme qui soit l\u2019\u00e9manation de la vie quotidienne\u00a0\u00bb<\/a> (Le Comptoir)<\/p>\n\n\n\n<figure class=\"wp-block-image size-full is-resized is-style-default\"><img data-recalc-dims=\"1\" loading=\"lazy\" decoding=\"async\" src=\"https:\/\/i0.wp.com\/www.rdpemancipation.org\/wp-content\/uploads\/2022\/02\/csr-2.png.webp?resize=306%2C459&#038;ssl=1\" alt=\"\" class=\"wp-image-72885\" width=\"306\" height=\"459\" srcset=\"https:\/\/i0.wp.com\/www.rdpemancipation.org\/wp-content\/uploads\/2022\/02\/csr-2.png.webp?w=280&amp;ssl=1 280w, https:\/\/i0.wp.com\/www.rdpemancipation.org\/wp-content\/uploads\/2022\/02\/csr-2.png.webp?resize=200%2C300&amp;ssl=1 200w\" sizes=\"auto, (max-width: 306px) 100vw, 306px\" \/><\/figure>\n\n\n\n<p><a href=\"https:\/\/linsoumission.fr\/2022\/02\/21\/macron-francais-de-letranger\/\">Macron et les Fran\u00e7ais de l\u2019\u00e9tranger&nbsp;: le vrai bilan<\/a> (L\u2019Insoumission)<\/p>\n\n\n\n<p><a href=\"https:\/\/blogs.mediapart.fr\/geographies-en-mouvement\/blog\/230222\/les-lecons-geopolitiques-de-la-crise-ukrainienne\">Les le\u00e7ons g\u00e9opolitiques de la crise ukrainienne<\/a> (G\u00e9ographies en mouvement)<\/p>\n\n\n\n<p><a href=\"https:\/\/www.marianne.net\/agora\/tribunes-libres\/face-a-la-crise-ukrainienne-lotanexit-de-la-france-est-une-urgence-absolue\">OtanExit, urgence absolue<\/a> (Marianne)<\/p>\n\n\n\n<p><a href=\"https:\/\/www.leshumanites.org\/post\/afp-d%C3%A9sinformation-et-fascisme\">AFP, d\u00e9sinformation et fascisme<\/a> (les Humanit\u00e9s)<\/p>\n\n\n\n<p><a href=\"https:\/\/blogs.mediapart.fr\/tools\/print\/1012738\">Jaur\u00e8s en Ukraine<\/a> (Blog D.Fasfalis)<\/p>\n\n\n\n<p><a href=\"https:\/\/capiremov.org\/fr\/analyse\/lanticapitalisme-pour-demanteler-le-pouvoir-des-entreprises\/\">Anticapitalisme pour d\u00e9manteler pouvoir des entreprises, la pr\u00e9carit\u00e9 de l\u2019emploi et le march\u00e9 num\u00e9rique<\/a> (Capire)<\/p>\n\n\n\n<p><a href=\"https:\/\/info.mediapart.fr\/optiext\/optiextension.dll?ID=KghKc7v6zNIUHvrNJE1uMBzyANDOFWTL89Ufp%2Bi6Vj_J06L0TuLci5ujG1bckzZnLdQSPQ3Zzn_IGU7etw17_aLo2Qz0O\">\u00ab Terre et capital \u00bb de Paul Guillibert, rencontre \u00e0 la librairie Terra Nova<\/a> (Tv Bruits)<\/p>\n\n\n\n<p><a href=\"https:\/\/info.mediapart.fr\/optiext\/optiextension.dll?ID=KghKf8yhNZSXH1klyS4iHJtIg1jZtZPBKZ6szbcjR%2BbckjLuTxKGtiUERi3ANoBSlEGDaYtuVZOCGGj_Hk_j9jjGUQxu5\">Macron, M\u00e9lenchon, Jadot, Le Pen et le travail<\/a> &#8211; Thomas Coutrot<\/p>\n\n\n\n<p><a href=\"http:\/\/www.regards.fr\/actu\/article\/anasse-kazib\">Anasse Kazib : \u00ab On ne peut pas r\u00e9pondre \u00e0 des gens qui disent \u00ab\u00a0On a faim !\u00a0\u00bb avec des tirs de LBD \u00bb<\/a> (Regards)<\/p>\n\n\n\n<p><a href=\"https:\/\/info.mediapart.fr\/optiext\/optiextension.dll?ID=qYZq3mfQJHho6KOcJppH_7keXjhjVZTXq2y2JS4pVzYrmdpazLw3rXskDNiB008Fr2cKy61NhGkSq3036N45kELbz4kqw\">C\u00e9cile Alduy&nbsp;:&nbsp;\u00ab&nbsp;La langue de Zemmour n\u2019est pas d\u00e9mocratique&nbsp;\u00bb<\/a> (MDP)<\/p>\n\n\n\n<p><a href=\"https:\/\/info.mediapart.fr\/optiext\/optiextension.dll?ID=qYZqWTcYoVSLDuwyNIB4lhVuk7aH4ae75IgJfQGdeO_FtrFayWr6upRPVb9TYYAy7WAeUjaeGB3hG4hBzpXRdjC2qn%2BqI\">Emma Goldman, la libert\u00e9 ou rien&nbsp;!<\/a> -Christophe PATILLON<\/p>\n\n\n\n<p><a href=\"https:\/\/blogs.mediapart.fr\/jean-marc-b\/blog\/230222\/les-milliardaires-francais-font-flamber-la-planeteet-letat-regarde-ailleurs\">Les milliardaires fran\u00e7ais font flamber la plan\u00e8te&#8230;et l&rsquo;Etat regarde ailleurs <\/a>-Jean-Marc B<\/p>\n\n\n\n<p><a href=\"http:\/\/www.fakirpresse.info\/les-chateaux-de-nos-seigneurs\">Les ch\u00e2teaux de nos seigneurs<\/a> &#8211; Fran\u00e7ois Ruffin (Fakir)&nbsp;<\/p>\n\n\n\n<figure class=\"wp-block-image is-resized is-style-default\"><img data-recalc-dims=\"1\" loading=\"lazy\" decoding=\"async\" src=\"https:\/\/i0.wp.com\/www.meletout.net\/dubus\/wp-content\/uploads\/2017\/07\/18839472_10211833013154740_6634725945370583801_o-768x601.jpg?resize=359%2C281&#038;ssl=1\" alt=\"18839472_10211833013154740_6634725945370583801_o-768x601.jpg\" width=\"359\" height=\"281\"\/><\/figure>\n\n\n\n<p><a href=\"https:\/\/www.alterpresse68.info\/2022\/02\/23\/et-si-le-social-sinvitait-dans-les-urnes-faute-de-mieux\/\">Et si le social s\u2019invitait dans les urnes\u2026 faute de mieux ?<\/a> (L\u2019Alterpresse68)&nbsp;<\/p>\n\n\n\n<p><a href=\"https:\/\/theconversation.com\/moi-president-e-regle-n-11-garder-le-secret-177186\">\u00ab Moi, pr\u00e9sident\u00b7e \u00bb : R\u00e8gle n\u00b011, garder le secret<\/a> (The Conversation)&nbsp;<\/p>\n\n\n\n<figure class=\"wp-block-image is-resized is-style-default\"><img data-recalc-dims=\"1\" loading=\"lazy\" decoding=\"async\" src=\"https:\/\/i0.wp.com\/static.mediapart.fr\/etmagine\/default\/files\/2022\/02\/23\/quand-est-ce-qu-on-voit-le-convoi-de-la-fraternite-1024x512.jpg?resize=425%2C213&#038;ssl=1\" alt=\"quand-est-ce-qu-on-voit-le-convoi-de-la-fraternite-1024x512\" width=\"425\" height=\"213\"\/><\/figure>\n\n\n\n<p><a href=\"https:\/\/www.arretsurimages.net\/chroniques\/le-matinaute\/parrainages-urgence-inventer\">Parrainages : urgence, inventer !<\/a> (Arr\u00eat sur images)&nbsp;<\/p>\n\n\n\n<p><a href=\"https:\/\/www.lemediatv.fr\/emissions\/2022\/et-si-les-francais-netaient-pas-vraiment-reacs-contre-matinale-98-4AQl7PGDSHy5Q6GE2EFAoQ\">Et si les Fran\u00e7ais n\u2019\u00e9taient pas vraiment r\u00e9acs ? | Contre-Matinale #98<\/a> (Le M\u00e9dia)<\/p>\n\n\n\n<figure class=\"wp-block-image is-resized is-style-default\"><img data-recalc-dims=\"1\" loading=\"lazy\" decoding=\"async\" src=\"https:\/\/i0.wp.com\/static.mediapart.fr\/etmagine\/default\/files\/2022\/02\/23\/cours-camarade-753x1024.jpg?resize=378%2C514&#038;ssl=1\" alt=\"cours-camarade-753x1024\" width=\"378\" height=\"514\"\/><\/figure>\n\n\n\n<p><a href=\"https:\/\/solidaires.org\/Campagne-intersyndicale-education-contre-l-extreme-droite\">Campagne intersyndicale \u00e9ducation contre l&rsquo;extr\u00eame droite<\/a> (Solidaires)&nbsp;<\/p>\n\n\n\n<p><a href=\"https:\/\/reporterre.net\/Ecologie-a-droite-le-grand-vide\">\u00c9cologie \u00e0 droite&nbsp;: le grand vide<\/a> (Reporterre)<\/p>\n\n\n\n<p><mark><strong><mark><strong>23 F\u00e9vrier en continu<\/strong><\/mark><\/strong><\/mark><\/p>\n\n\n\n<p><strong><a href=\"https:\/\/youtu.be\/p8SbpEFTgFY\">Di Vizio&nbsp;: Je d\u00e9pose plainte contre McKinsey<\/a> (Divizionair)<\/strong><\/p>\n\n\n\n<p><a href=\"https:\/\/linsoumission.fr\/2022\/02\/22\/melenchon-ukraine-risque-guerre\/\">M\u00e9lenchon propose une conf\u00e9rence des fronti\u00e8res Ukraine-Russie<\/a> (L\u2019Insoumission)<\/p>\n\n\n\n<p><a href=\"https:\/\/www.euractiv.fr\/section\/election-presidentielle-2022\/news\/les-candidats-a-lelection-presidentielle-francaise-face-a-la-crise-russo-ukrainienne\/\"><strong><\/strong><\/a><strong><a href=\"https:\/\/www.euractiv.fr\/section\/election-presidentielle-2022\/news\/les-candidats-a-lelection-presidentielle-francaise-face-a-la-crise-russo-ukrainienne\/\">Les candidats \u00e0 l\u2019\u00e9lection pr\u00e9sidentielle fran\u00e7aise face \u00e0 la crise russo-ukrainienne<\/a> (Euractiv)<\/strong><\/p>\n\n\n\n<p><a href=\"https:\/\/www.francetvinfo.fr\/elections\/presidentielle\/candidats\/parrainages-pour-la-presidentielle-2022-decouvrez-ou-en-sont-les-candidats-dans-la-course-aux-500-signatures_4935879.html\">O\u00f9 en sont les candidats dans la course aux 500&nbsp;signatures<\/a> (France Info)<\/p>\n\n\n\n<p><a href=\"https:\/\/youtu.be\/bKp5otuBiSc\">Parrainages, la r\u00e8gle anti-d\u00e9mocratique<\/a> (Blast) Vid\u00e9o<\/p>\n\n\n\n<figure class=\"wp-block-image size-full is-resized is-style-default\"><img data-recalc-dims=\"1\" loading=\"lazy\" decoding=\"async\" src=\"https:\/\/i0.wp.com\/www.rdpemancipation.org\/wp-content\/uploads\/2022\/02\/Capture-decran-2022-02-23-a-10.57.10.png?resize=387%2C410&#038;ssl=1\" alt=\"\" class=\"wp-image-72721\" width=\"387\" height=\"410\" srcset=\"https:\/\/i0.wp.com\/www.rdpemancipation.org\/wp-content\/uploads\/2022\/02\/Capture-decran-2022-02-23-a-10.57.10.png?w=569&amp;ssl=1 569w, https:\/\/i0.wp.com\/www.rdpemancipation.org\/wp-content\/uploads\/2022\/02\/Capture-decran-2022-02-23-a-10.57.10.png?resize=283%2C300&amp;ssl=1 283w\" sizes=\"auto, (max-width: 387px) 100vw, 387px\" \/><\/figure>\n\n\n\n<p><a href=\"https:\/\/www.linternaute.com\/actualite\/depeches\/2607003-l-immigration-un-debat-brulant-devenu-star-de-la-campagne-presidentielle\/?utm_campaign=Actualite_2022-02-22&amp;utm_medium=email&amp;seen=2&amp;utm_source=MagNews&amp;een=a29a0f53a20b592c6c7a7f02f456bac2\">L\u2019immigration&nbsp;: un d\u00e9bat br\u00fblant devenu star de la campagne pr\u00e9sidentielle<\/a> (L\u2019Internaute)<\/p>\n\n\n\n<p><a href=\"https:\/\/www.francetvinfo.fr\/elections\/presidentielle-castex-presse-les-elus-d-apporter-leurs-parrainages-aux-candidats_4975653.html\">Castex presse les \u00e9lus d'\u00a0\u00bbapporter leurs parrainages\u00a0\u00bb aux candidats<\/a> (France Info)<\/p>\n\n\n\n<figure class=\"wp-block-image is-resized is-style-default\"><img data-recalc-dims=\"1\" loading=\"lazy\" decoding=\"async\" src=\"https:\/\/i0.wp.com\/reporterre.net\/local\/cache-vignettes\/L720xH480\/arton24622-9ac29.jpg?resize=397%2C265&#038;ssl=1\" alt=\"Macron en campagne\" width=\"397\" height=\"265\"\/><\/figure>\n\n\n\n<p><a href=\"https:\/\/www.revolutionpermanente.fr\/Rassemblement-unitaire-au-Mirail-face-aux-attaques-du-gouvernement-et-de-l-extreme-droite\">Rassemblement unitaire au Mirail face aux attaques du gouvernement et de l\u2019extr\u00eame-droite&nbsp;!<\/a> (RP)<\/p>\n\n\n\n<p><a href=\"https:\/\/www.revolutionpermanente.fr\/Gaetan-Gracia-porte-parole-d-Anasse-Kazib-en-debat-avec-Bompard-FI-et-Thevenot-LREM-a-Science-Po\">Ga\u00ebtan Gracia (RP), en d\u00e9bat avec Bompard (FI) et Th\u00e9venot (LREM) \u00e0 Science Po Toulouse<\/a>&nbsp; (RP)<\/p>\n\n\n\n<p><a href=\"https:\/\/lemondeencommun.info\/sortie-du-livret-espace-de-lavenir-en-commun\/\">Sortie du livret \u00ab Espace \u00bb de l\u2019Avenir en commun !<\/a> (MC)<\/p>\n\n\n\n<p><a href=\"https:\/\/vert.eco\/articles\/la-semaine-de-quatre-jours-se-fraie-un-chemin-dans-la-presidentielle\">La semaine de quatre jours se fraie un chemin dans la pr\u00e9sidentielle<\/a> (Vert)<\/p>\n\n\n\n<p><a href=\"https:\/\/www.blast-info.fr\/articles\/2022\/pecresse-alstom-la-justice-saisie-gsTkv85JQVKILxbt1EsC_g\">P\u00e9cresse\/Alstom : La justice saisie | Blast, Le souffle de l\u2019info <\/a>(Blast)<\/p>\n\n\n\n<figure class=\"wp-block-image is-resized is-style-default\"><img data-recalc-dims=\"1\" loading=\"lazy\" decoding=\"async\" src=\"https:\/\/i0.wp.com\/mamot.fr\/system\/cache\/media_attachments\/files\/107\/801\/661\/613\/020\/355\/original\/603085257d731494.png?resize=523%2C292&#038;ssl=1\" alt=\"\" width=\"523\" height=\"292\"\/><\/figure>\n\n\n\n<p><a href=\"https:\/\/www.streetpress.com\/sujet\/1645201649-alain-soral-parrain-complotistes-anti-vaccins-covid-conspirationnisme-extreme-droite\">Alain Soral, parrain des complotistes anti-vaccins<\/a> (StreetPress)<\/p>\n\n\n\n<figure class=\"wp-block-image size-full is-resized is-style-default\"><img data-recalc-dims=\"1\" loading=\"lazy\" decoding=\"async\" src=\"https:\/\/i0.wp.com\/www.rdpemancipation.org\/wp-content\/uploads\/2022\/02\/Capture-decran-2022-02-22-a-10.58.25.png?resize=498%2C440&#038;ssl=1\" alt=\"\" class=\"wp-image-72548\" width=\"498\" height=\"440\" srcset=\"https:\/\/i0.wp.com\/www.rdpemancipation.org\/wp-content\/uploads\/2022\/02\/Capture-decran-2022-02-22-a-10.58.25.png?w=677&amp;ssl=1 677w, https:\/\/i0.wp.com\/www.rdpemancipation.org\/wp-content\/uploads\/2022\/02\/Capture-decran-2022-02-22-a-10.58.25.png?resize=300%2C265&amp;ssl=1 300w\" sizes=\"auto, (max-width: 498px) 100vw, 498px\" \/><\/figure>\n\n\n\n<p>Analyse<\/p>\n\n\n\n<p><a href=\"http:\/\/www.regards.fr\/la-midinale\/article\/gerard-filoche-pour-la-premiere-fois-depuis-un-siecle-il-est-possible-qu-il-n-y\">Filoche : \u00ab Pour la premi\u00e8re fois depuis un si\u00e8cle, il est possible qu&rsquo;il n&rsquo;y ait pas de d\u00e9put\u00e9 de gauche \u00bb<\/a> (Regards)<\/p>\n\n\n\n<figure class=\"wp-block-image is-resized is-style-default\"><img data-recalc-dims=\"1\" loading=\"lazy\" decoding=\"async\" src=\"https:\/\/i0.wp.com\/static.mediapart.fr\/etmagine\/default\/files\/2022\/02\/22\/paris-si-la-monnaie-985x1024.jpg?resize=442%2C459&#038;ssl=1\" alt=\"paris-si-la-monnaie-985x1024\" width=\"442\" height=\"459\"\/><\/figure>\n\n\n\n<p><strong><a href=\"https:\/\/blogs.mediapart.fr\/jean-marc-b\/blog\/220222\/dukraine-au-mali-le-capitalisme-c-est-la-guerre-la-revolution-c-est-urgent\">D&rsquo;Ukraine au Mali: le capitalisme, c\u2019est la guerre ! La r\u00e9volution, c\u2019est urgent ! <\/a>(A &amp; R)<\/strong><\/p>\n\n\n\n<p><a href=\"https:\/\/paris-luttes.info\/tout-ce-qui-bouge-n-est-pas-jaune-15732\">Tout ce qui bouge n&rsquo;est pas jaune \u2013 A propos du \u00ab convoi des libert\u00e9s \u00bb<\/a> (Paris Luttes)<\/p>\n\n\n\n<p><a href=\"https:\/\/www.mediapart.fr\/journal\/france\/220222\/ce-que-cache-la-fondation-fantome-de-claude-gueant\">Ce que cache la fondation fant\u00f4me de Claude Gu\u00e9ant<\/a> (M\u00e9diapart)<\/p>\n\n\n\n<p><a href=\"https:\/\/basta.media\/Parlement-europeen-presidentielle2022-gauche-unie-extreme-droite-anti-sociale-macronistes\">Parlement UE: gauche unie, extr\u00eame droite anti-sociale et macronistes un peu moins n\u00e9olib\u00e9raux<\/a> (Basta!)<\/p>\n\n\n\n<p><strong><a href=\"https:\/\/info.mediapart.fr\/optiext\/optiextension.dll?ID=KghKc%2BV%2Bf8DSvQF_JeLl9Ntf197JoWobO41Oh007eoKnNhKuTA4LriPDJdWh4ehBYsuBsZ3dsBm0s6OW%2BxesPnTXlfRC2\">Au pays du Parlement fantoche, d\u00e9finitivement ?<\/a>&#8211; Sebastien Nadot<\/strong><\/p>\n\n\n\n<p><a href=\"https:\/\/www.revolutionpermanente.fr\/De-quoi-le-Convoi-de-la-liberte-a-t-il-ete-l-expression\">De quoi le \u00ab&nbsp;Convoi de la libert\u00e9&nbsp;\u00bb a-t-il \u00e9t\u00e9 l\u2019expression&nbsp;?<\/a> (RP)<\/p>\n\n\n\n<p><a href=\"https:\/\/www.contretemps.eu\/soutanes-hommes-masculinite-pretres-eglise-catholique\/\">Troubles de genre dans l\u2019\u00c9glise<\/a> (Contretemps)<\/p>\n\n\n\n<div class=\"wp-block-image is-style-default\"><figure class=\"aligncenter is-resized\"><img data-recalc-dims=\"1\" loading=\"lazy\" decoding=\"async\" src=\"https:\/\/i0.wp.com\/www.contretemps.eu\/wp-content\/uploads\/soutanes.jpg?resize=333%2C528&#038;ssl=1\" alt=\"\" class=\"wp-image-32151\" width=\"333\" height=\"528\"\/><\/figure><\/div>\n\n\n\n<p><\/p>\n\n\n\n<p><a href=\"https:\/\/lecourrierdesstrateges.fr\/2022\/02\/21\/en-affamant-ses-opposants-trudeau-inaugure-la-mise-en-place-du-credit-social-version-wef-dans-les-democraties-occidentales\/\">Affamant ses opposants, Trudeau inaugure mise en place cr\u00e9dit social version d\u00e9mocraties occidentales<\/a> (Courrier des Strat\u00e8ges)<\/p>\n\n\n\n<p><a href=\"https:\/\/youtu.be\/G-pEgJMbeg4\">R\u00e9f\u00e9rendum d\u2019initiative citoyenne: Clara Egger<\/a> (JSPC)<\/p>\n\n\n\n<p><mark style=\"background-color:rgba(0, 0, 0, 0);color:#a30004\" class=\"has-inline-color\"><strong><mark style=\"background-color:rgba(0, 0, 0, 0)\" class=\"has-inline-color\"><strong style=\"color: rgb(163, 0, 4); background-color: rgba(0, 0, 0, 0);\">22 F\u00e9vrier en continu<\/strong><\/mark> <\/strong><\/mark><\/p>\n\n\n\n<p><a href=\"https:\/\/newsletter.liberation.fr\/m\/surl\/200138\/514821\/X1uo2I3ZWkFJ2oUABCo6y3FKF-B12viezBEiZxMr5xU=\/link_20\/Tr7hGGivLdLna2Jb01DY3heQaiu2FG7Hmmv-4JI3FDuqksBO-22V6fFzqMX3kVdyOzQQrxmWKUpcNDx6xuOaIs5wmWXMfFqB5j7dhXEQUZkYWhAYqj3AXQryEusdr5YbdvqDkzzranMWhBNJMFSDIPD9dSbuMd53ilcekM1km74rhv3OK0DfQsLbnAKCqBXbWil6HRHtRP1VksFFFrg5ttItQ4RmwiZ5bMH0lbLozZfjJt9ir+EhzmMrs3fMiT7OjkRSFyTbl1F1akf9BCvO8tTJu78IiP8ylKbeFQsE93h+LNHzm41umMwF0Tm0ZKcn5sG9-uguUZxzuILomBFOrJKkCbfTSapob4Wfx5s06ukOlcRKwMIh5uBI4yHPLD1e4LtEUU-uBNpf2Bv-6Ng+zSiT9YtX1PXXwo1Bep+NSI4LZIseUvZ7jsj0jy6+lhNJjdz39qIfGiIwMJW1PlMqUQ==\" target=\"_blank\" rel=\"noreferrer noopener\">Un d\u00e9fil\u00e9 de candidats pas trop conflictuels sur le podium du Medef<\/a> (Lib\u00e9ration)\u00a8<\/p>\n\n\n\n<p><a href=\"https:\/\/blogs.mediapart.fr\/ceinna-coll\/blog\/200222\/gj-acte171-paris-19022022-contrelepassvaccinal\">GJ Acte171-Paris-19\/02\/2022-ContreLePassVaccinal<\/a> -Ceinna Coll<\/p>\n\n\n\n<figure class=\"wp-block-image is-resized is-style-default\"><img loading=\"lazy\" decoding=\"async\" src=\"https:\/\/pbs.twimg.com\/media\/FLo6sdoWYAQ4QYR?format=jpg&amp;name=900x900\" alt=\"\" width=\"483\" height=\"302\"\/><\/figure>\n\n\n\n<p><a href=\"https:\/\/tendanceclaire.org\/breve.php?id=40775\">Record audience pour \u00ab\u00a0Dimanche en politique\u00a0\u00bbFrance 3 avec M\u00e9lenchon, bide Cnews avec Zemmour<\/a> (TC)<\/p>\n\n\n\n<p><a href=\"https:\/\/www.francetvinfo.fr\/elections\/presidentielle\/presidentielle-environ-80-elus-ont-integre-la-reserve-de-parrainages-proposee-par-francois-bayrou_4973826.html\">Election pr\u00e9sidentielle : environ 80 \u00e9lus ont int\u00e9gr\u00e9 la \u00ab\u00a0r\u00e9serve\u00a0\u00bb de parrainages propos\u00e9e par Bayrou<\/a> (France Info)<\/p>\n\n\n\n<p><a href=\"https:\/\/www.lemonde.fr\/politique\/article\/2022\/02\/21\/fabien-roussel-dement-avoir-occupe-un-emploi-fantome-d-assistant-parlementaire-de-2009-a-2014-apres-les-revelations-de-mediapart_6114604_823448.html\">Roussel d\u00e9ment avoir occup\u00e9 un emploi \u00ab\u00a0fant\u00f4me\u00a0\u00bb d\u2019assistant parlementaire<\/a> (Le Monde)<\/p>\n\n\n\n<p><strong><a href=\"https:\/\/www.convergencesrevolutionnaires.org\/Apres-la-greve-de-la-RATP-la-necessite-d-un-mouvement-d-ensemble-pour-les?navthem=1\">Apr\u00e8s RATP, la n\u00e9cessit\u00e9 d\u2019un mouvement d\u2019ensemble pour les salaires<\/a> (Convergenes R\u00e9vol.)<\/strong> <\/p>\n\n\n\n<p><a href=\"https:\/\/www.humanite.fr\/politique\/presidentielle-2022\/droit-de-suite-la-macronie-debauche-encore-au-ps-739058#xtor=RSS-1\">Droit de suite. La Macronie d\u00e9bauche encore au PS<\/a> (L\u2019Humanit\u00e9)&nbsp;<\/p>\n\n\n\n<p><a href=\"https:\/\/manif-est.info\/Une-premiere-assemblee-antifasciste-reussie-a-Nancy-vivement-la-deuxieme-1997.html\">Une premi\u00e8re assembl\u00e9e antifasciste r\u00e9ussie \u00e0 Nancy&nbsp;: vivement la deuxi\u00e8me&nbsp;!<\/a> (Manif Est)&nbsp;<\/p>\n\n\n\n<p><a href=\"https:\/\/www.blast-info.fr\/articles\/2022\/pecresse-alstom-la-justice-saisie-gsTkv85JQVKILxbt1EsC_g\">P\u00e9cresse\/Alstom : La justice saisie<\/a> (Blast)<\/p>\n\n\n\n<p><a href=\"https:\/\/vert.eco\/articles\/accident-mortel-dans-le-cantal-que-proposent-les-principaux-candidats-sur-la-chasse\">Accident mortel dans le Cantal : que proposent les principaux candidats sur la chasse <\/a>  (Vert)<\/p>\n\n\n\n<figure class=\"wp-block-image is-resized is-style-default\"><img data-recalc-dims=\"1\" loading=\"lazy\" decoding=\"async\" src=\"https:\/\/i0.wp.com\/mamot.fr\/system\/cache\/media_attachments\/files\/107\/812\/946\/510\/417\/465\/original\/5aa3ad5ff7772f5a.png?resize=507%2C283&#038;ssl=1\" alt=\"\" width=\"507\" height=\"283\"\/><\/figure>\n\n\n\n<p>&nbsp;<\/p>\n\n\n\n<p>Analyse<\/p>\n\n\n\n<p><a href=\"http:\/\/www.regards.fr\/actu\/article\/melenchon-roussel-aujourd-hui-prepare-demain\">M\u00e9lenchon-Roussel : aujourd&rsquo;hui pr\u00e9pare demain<\/a> -Roger Martelli (Regards)<\/p>\n\n\n\n<p><a href=\"https:\/\/www.lemediatv.fr\/emissions\/2022\/macron-candidat-sous-marin-pecresse-piegee-sondages-a-gogo-thomas-porcher-decrypte-les-manipulations-lrfphb1lTPu77hseMzHbGA\">Macron candidat sous-marin, P\u00e9cresse pi\u00e9g\u00e9e, sondages \u00e0 gogo : Porcher d\u00e9crypte les manipulations<\/a> (Le M\u00e9dia)<\/p>\n\n\n\n<p><a href=\"https:\/\/info.mediapart.fr\/optiext\/optiextension.dll?ID=F98F99rhlMXbTN0O1EP_JI2YTE2v7hfO4JL_yDLoNZsenW0VxcBkLUhJrGqIb_UkHfBSrRDK3IyJ36amjyUnUaU4GEqV2\">Usul. Les meetings sont-ils encore des \u00ab&nbsp;d\u00e9monstrations de force&nbsp;\u00bb&nbsp;?<\/a> -Usul et Ostpolitik<\/p>\n\n\n\n<p><a href=\"http:\/\/www.regards.fr\/la-midinale\/article\/cecile-alduy-zemmour-utilise-tout-un-outillage-de-procedes-pour-nous-empecher\">C\u00e9cile Alduy : \u00ab Zemmour utilise tout un outillage de proc\u00e9d\u00e9s pour nous emp\u00eacher de penser \u00bb<\/a> (Regards)<\/p>\n\n\n\n<figure class=\"wp-block-image is-resized is-style-default\"><img data-recalc-dims=\"1\" loading=\"lazy\" decoding=\"async\" src=\"https:\/\/i0.wp.com\/static.mediapart.fr\/etmagine\/default\/files\/2022\/02\/21\/2022-02-21-15-27-43-zemmour-son-truc-cest-limmigration-na-dessinateur.png?resize=448%2C459&#038;ssl=1\" alt=\"2022-02-21-15-27-43-zemmour-son-truc-cest-limmigration-na-dessinateur\" width=\"448\" height=\"459\"\/><\/figure>\n\n\n\n<p><strong><a href=\"https:\/\/info.mediapart.fr\/optiext\/optiextension.dll?ID=F98F9d56oYv%2Bf1e%2BXei3GWn60NlQPcmZ80JoZksXBj6VGoLpwLVc5K_n_R6Ft%2Bu7IDxe4C0IVL1cjUvY5mPbIVqSiRT%2BQ\">Emmanuel Macron&nbsp;: le triomphe de l\u2019histoire en miettes<\/a>&#8211; O. Le Cour Grandmaison<\/strong><\/p>\n\n\n\n<p><a href=\"https:\/\/info.mediapart.fr\/optiext\/optiextension.dll?ID=F98F_A5jgp3xrCsCkR303n3ZMUjyWXzuvXiUGr0fkvem8SWpxuijQTMMabM3u7bHrdC0L17rObsQER0UuclMjS0wiOeF4\">La sant\u00e9&nbsp;: priorit\u00e9 n\u00b01 des citoyens. Et pour les candidats et les m\u00e9dias&nbsp;?<\/a>&#8211; M\u00e9r\u00f4me Jardin<\/p>\n\n\n\n<p><a href=\"https:\/\/lareleveetlapeste.fr\/actions-individuelles-et-pression-sociale-comment-changer-le-monde\/\">Actions individuelles et pression sociale : comment changer le monde<\/a> (La Rel\u00e8ve et La Peste)<\/p>\n\n\n\n<p><a href=\"https:\/\/www.lemediatv.fr\/emissions\/2022\/les-verites-dun-macroniste-repenti-contre-matinale-96-SkGs40o_QzuCHkwtkA4eaA\">Les v\u00e9rit\u00e9s d&rsquo;un macroniste repenti | contre-matinale #96<\/a> (Le M\u00e9dia)&nbsp;<\/p>\n\n\n\n<p><a href=\"https:\/\/www.equaltimes.org\/le-kaleidoscope-antillais?lang=en\">Le kal\u00e9idoscope antillais <\/a>(Monde Diplo)<\/p>\n\n\n\n<p><a href=\"http:\/\/annotations.blog.free.fr\/index.php?post\/2022\/02\/20\/Marx\">Ce que Marx pensait des in\u00e9galit\u00e9s de revenu dans le syst\u00e8me capitaliste<\/a> (Annotations)<\/p>\n\n\n\n<p><a href=\"https:\/\/blogs.mediapart.fr\/jean-marc-b\/blog\/210222\/percee-ecologique-4-000-voitures-de-luxe-en-feu\">Perc\u00e9e \u00e9cologique: 4&nbsp;000 voitures de luxe en feu <\/a>(Vert)<\/p>\n\n\n\n<p><a href=\"https:\/\/lundi.am\/Retour-du-Convoi-de-la-liberte\">Retour du Convoi de la libert\u00e9<\/a> (Lundi matin)<\/p>\n\n\n\n<p><a href=\"https:\/\/blogs.mediapart.fr\/jean-marc-b\/blog\/210222\/les-mobilisation-des-enseignantes-devenues-determinantes-dans-la-lutte-des-classes\">Les mobilisation des enseignant.e.s devenues d\u00e9terminantes dans la lutte des classes <\/a>-Beverly J. Silver<\/p>\n\n\n\n<p><a href=\"https:\/\/www.francetvinfo.fr\/elections\/le-comparateur-du-20h-les-propositions-des-candidats-sur-la-question-du-temps-de-travail_4974387.html\">Pr\u00e9sidentielle 2022 : que proposent les candidats sur le temps de travail ?<\/a>(France Info)<\/p>\n\n\n\n<p><a href=\"https:\/\/reporterre.net\/Cette-solidarite-elle-compte-ce-que-disent-les-convois-de-la-liberte\">\u00ab&nbsp;Cette solidarit\u00e9, elle compte&nbsp;\u00bb&nbsp;: ce que disent les \u00ab&nbsp;convois de la libert\u00e9&nbsp;\u00bb<\/a> (Reporterre)<\/p>\n\n\n\n<p><a href=\"https:\/\/www.humanite.fr\/politique\/gilets-jaunes\/convois-de-la-liberte-entre-complotisme-et-question-sociale-738175\">\u00ab&nbsp;Convois de la libert\u00e9&nbsp;\u00bb, entre complotisme et question sociale<\/a> (Huma)<\/p>\n\n\n\n<p><a href=\"https:\/\/rapportsdeforce.fr\/classes-en-lutte\/convoi-de-la-liberte-des-gilets-jaunes-des-antivax-et-facebook-021512759\">\u00ab&nbsp;Convoi de la libert\u00e9&nbsp;\u00bb&nbsp;: des gilets jaunes, des antivax et Facebook<\/a> (Rapports de force)<\/p>\n\n\n\n<p><a href=\"https:\/\/www.developpez.com\/actu\/331165\/France-l-Assemblee-nationale-adopte-une-loi-de-retrait-en-1-h-des-contenus-terroristes-et-ranime-le-debat-sur-les-menaces-a-la-liberte-d-expression-evoquees-par-les-defenseurs-des-droits-de-l-Homme\/\">L\u2019Assembl\u00e9e nationale adopte une loi de retrait en 1 h des contenus terroristes<\/a> (Developpez)<\/p>\n\n\n\n<p><a href=\"https:\/\/litci.org\/fr\/que-sont-les-partis-communistes-aujourdhui\/\">Que sont les partis communistes aujourd\u2019hui ?<\/a> (LIT-QI)<\/p>\n\n\n\n<p><a href=\"https:\/\/lundi.am\/D-un-soulevement-l-autre-jaillit\">D\u2019un soul\u00e8vement, l\u2019autre jaillit<\/a> -Retour sur Les soul\u00e8vements de la mer (Lundi matin)<\/p>\n\n\n\n<p><mark style=\"background-color:rgba(0, 0, 0, 0);color:#a30004\" class=\"has-inline-color\"><strong><mark style=\"background-color:rgba(0, 0, 0, 0)\" class=\"has-inline-color\"><strong style=\"color: rgb(163, 0, 4); background-color: rgba(0, 0, 0, 0);\">21 F\u00e9vrier en continu<\/strong><\/mark> <\/strong><\/mark><\/p>\n\n\n\n<p><strong><a href=\"https:\/\/info.mediapart.fr\/optiext\/optiextension.dll?ID=7zy7D3u_A5XAQnm8Y3ZEaYfSrI7kLFVZU5x4zePM56FhhHuRZGZcPqMoHOg6Lze39thr88YefU1U7dc0MK7hstHd%2BOidK\">\u00c0 l\u2019Assembl\u00e9e, un assistant parlementaire fant\u00f4me nomm\u00e9 Fabien Roussel<\/a> (MDP)<\/strong><\/p>\n\n\n\n<figure class=\"wp-block-image is-resized is-style-default\"><img data-recalc-dims=\"1\" loading=\"lazy\" decoding=\"async\" src=\"https:\/\/i0.wp.com\/static.mediapart.fr\/etmagine\/default\/files\/2022\/02\/21\/roussel-mediapart-battre-la-campagne-witko.jpg?resize=383%2C362&#038;ssl=1\" alt=\"\" width=\"383\" height=\"362\"\/><\/figure>\n\n\n\n<p><strong><a href=\"https:\/\/info.mediapart.fr\/optiext\/optiextension.dll?ID=7zy7CQYt5PM6en6fGxW1VNhARcW%2BnSVtRbTqZ9y7pdKHikplZuMTs3lt_ad6_WD0JlQUMhp4Lt7Crq7wjRcthVKlrgbJt\">Le candidat Anasse Kazib convoqu\u00e9 par la police<\/a> (MDP)<\/strong><\/p>\n\n\n\n<p><a href=\"https:\/\/info.mediapart.fr\/optiext\/optiextension.dll?ID=7zy7ENkXJIpGGcC6DA3hPY3mcgQ2aYPdWsPjazRDw7MZ1MBRZrfUB75ZXSvLpwuuNlDVcSd%2BoodSmsgJSZRkeRoy454lL\">Sur France 2, tapis rouge aux affabulations de Dupond-Moretti<\/a> (MDP)<\/p>\n\n\n\n<p><a href=\"http:\/\/www.opex360.com\/2022\/02\/16\/un-rapport-parlementaire-defend-lidee-de-porter-le-budget-de-la-defense-a-25-du-pib\/\">Un rapport parlementaire \u00e9voque l\u2019id\u00e9e de porter le budget de la D\u00e9fense \u00e0 2,5% du PIB<\/a> (Opex 360)<\/p>\n\n\n\n<p><a href=\"https:\/\/www.francetvinfo.fr\/politique\/emmanuel-macron\/info-franceinfo-presidentielle-emmanuel-macron-ne-se-declarera-pas-candidat-avant-la-semaine-du-28-fevrier_4972272.html\">Emmanuel Macron ne se d\u00e9clarera pas candidat avant la semaine du 28 f\u00e9vrier<\/a> (France Info)<\/p>\n\n\n\n<figure class=\"wp-block-image is-resized is-style-default\"><img loading=\"lazy\" decoding=\"async\" src=\"https:\/\/pbs.twimg.com\/media\/FMDv5S3XoAIPddm?format=jpg&amp;name=large\" alt=\"Image\" width=\"364\" height=\"264\"\/><\/figure>\n\n\n\n<p>Analyse<\/p>\n\n\n\n<p><a href=\"http:\/\/www.regards.fr\/videos\/article\/melenchon-roussel-les-dynamiques-a-la-gauche-de-gauche-ledebrief\">#D\u00e9brief. M\u00e9lenchon-Roussel : les dynamiques \u00e0 la gauche de gauche<\/a> (Regards)&nbsp;<\/p>\n\n\n\n<p><a href=\"https:\/\/blogs.mediapart.fr\/jean-marc-b\/blog\/200222\/les-luttes-sociales-sont-en-train-denvahir-la-periode-electorale-j-chastaing\">L<\/a><strong><a href=\"https:\/\/blogs.mediapart.fr\/jean-marc-b\/blog\/200222\/les-luttes-sociales-sont-en-train-denvahir-la-periode-electorale-j-chastaing\">es luttes sociales sont en train d&rsquo;envahir la p\u00e9riode \u00e9lectorale <\/a>&#8211; J. Chastaing<a href=\"https:\/\/blogs.mediapart.fr\/jean-marc-b\/blog\/200222\/les-luttes-sociales-sont-en-train-denvahir-la-periode-electorale-j-chastaing\">&nbsp;<\/a><\/strong><\/p>\n\n\n\n<figure class=\"wp-block-image is-style-default\"><img decoding=\"async\" src=\"https:\/\/scontent.fhex4-2.fna.fbcdn.net\/v\/t31.18172-8\/22829297_575578162779561_7998980444602538113_o.jpg?_nc_cat=108&amp;ccb=1-5&amp;_nc_sid=e3f864&amp;_nc_ohc=EeAQt4P24R0AX9sMPW3&amp;_nc_ht=scontent.fhex4-2.fna&amp;oh=00_AT_IRJZ1wo4bhru1snlXu44IFdDnLqcufaZEeDNxy2KmIg&amp;oe=6239F1BA\" alt=\"Aucune description de photo disponible.\"\/><\/figure>\n\n\n\n<p><a href=\"https:\/\/info.mediapart.fr\/optiext\/optiextension.dll?ID=7zy7BqE0D79w54deAKPLdsdrb2wUiIsxMhTSLzL3z8LuwwrlZxiwrTaUP9cY_ozHVp80pAkeulaVFRAomcFCERwCHA1Zp\">\u00ab&nbsp;La vie du footballeur et r\u00e9sistant Rino Della Negra s\u2019inscrit dans l\u2019histoire des domin\u00e9s&nbsp;\u00bb<\/a> (MDP)<\/p>\n\n\n\n<p><strong><a href=\"https:\/\/blogs.mediapart.fr\/jean-marc-b\/blog\/200222\/le-spectre-dune-nouvelle-guerre-mondiale-interimperialiste\">Le spectre d&rsquo;une nouvelle guerre mondiale interimp\u00e9rialiste <\/a>-Daniel Tanuro<\/strong><\/p>\n\n\n\n<p><a href=\"https:\/\/info.mediapart.fr\/optiext\/optiextension.dll?ID=7zy7zwSStyyq1AFn9ute0l%2Bkxf7WJZLLDSch_evGGwM9CN8RYOgM49SjVWbavaFYQMT8q33cAYF9_fVCUKSu0fw0qJet6\">Politique \u00e9trang\u00e8re&nbsp;:&nbsp;M\u00e9lenchon r\u00eave d\u2019un autre monde<\/a> (MDP)<\/p>\n\n\n\n<p><a href=\"https:\/\/www.counterpunch.org\/2022\/01\/24\/nato-as-religion\/\" title=\"L'Otan comme religion\">L&rsquo;Otan comme religion<\/a> (ang- Counterpunch)<\/p>\n\n\n\n<figure class=\"wp-block-image is-resized is-style-default\"><img loading=\"lazy\" decoding=\"async\" src=\"https:\/\/pbs.twimg.com\/media\/FL9VTuaXMAE_PX5?format=jpg&amp;name=small\" alt=\"\" width=\"365\" height=\"512\"\/><\/figure>\n\n\n\n<p><a href=\"https:\/\/julienrilzel.wordpress.com\/2022\/02\/12\/lensauvagement-du-capital-ludivine-bantigny\/\">L\u2019ensauvagement du Capital<\/a> -Julien Rilzel<\/p>\n\n\n\n<p><a href=\"https:\/\/reflets.info\/radios\/dessous-choc\/au-coeur-des-nouveaux-mouvements-sectaires\">Au coeur des nouveaux mouvements sectaires<\/a> (Reflets.info)<\/p>\n\n\n\n<p><a href=\"https:\/\/video.blast-info.fr\/w\/wmqSba3zT5YpRC6CRXYy2P\">5 ann\u00e9es de r\u00e9sistance face \u00e0 la guerre sociale de Macron<\/a> (vid\u00e9o Blast)<\/p>\n\n\n\n<figure class=\"wp-block-image is-resized is-style-default\"><img data-recalc-dims=\"1\" loading=\"lazy\" decoding=\"async\" src=\"https:\/\/i0.wp.com\/static.mediapart.fr\/etmagine\/default\/files\/2022\/02\/20\/1-a-aa-affiche-campagne-zemmour-ds.jpg?resize=317%2C453&#038;ssl=1\" alt=\"1-a-aa-affiche-campagne-zemmour-ds\" width=\"317\" height=\"453\"\/><\/figure>\n\n\n\n<p><a href=\"https:\/\/www.lemediatv.fr\/emissions\/2022\/qui-sont-vraiment-les-anti-passe-cemil22-ep-02-q1EFpfjIQC2Dg4UTBNx_nA\">Qui sont vraiment les anti-passe ? | Cemil22 Ep.02<\/a> (Le M\u00e9dia)&nbsp;<\/p>\n\n\n\n<p><a href=\"https:\/\/expansive.info\/La-galaxie-rennaise-de-groupuscules-autour-du-Z-3144\">La galaxie rennaise de groupuscules autour du \u00ab Z \u00bb<\/a> (Expansive)<\/p>\n\n\n\n<p><a href=\"https:\/\/www.rue89strasbourg.com\/manif-anti-passe-agregat-coleres-227846\">\u00c0 la manif anti-passe, l\u2019agr\u00e9gat des col\u00e8res contre Emmanuel Macron<\/a> (Rue89 Strasbourg)&nbsp;<\/p>\n\n\n\n<p><a href=\"https:\/\/www.franceinter.fr\/emissions\/affaires-sensibles\/affaires-sensibles-12-mars-2020\">Arnaques, suicide et scandale politique : L&rsquo;Affaire Stavisky <\/a>(Affaires Sensibles)<\/p>\n\n\n\n<p><mark style=\"background-color:rgba(0, 0, 0, 0);color:#a30004\" class=\"has-inline-color\"><strong><mark style=\"background-color:rgba(0, 0, 0, 0)\" class=\"has-inline-color\"><strong style=\"color: rgb(163, 0, 4); background-color: rgba(0, 0, 0, 0);\">20 F\u00e9vrier en continu<\/strong><\/mark> <\/strong><\/mark><\/p>\n\n\n\n<p><strong><a href=\"https:\/\/www.facebook.com\/watch\/?v=1910140775843685&amp;aggr_v_ids[0]=1910140775843685&amp;notif_id=1645356723884456&amp;notif_t=watch_follower_video&amp;ref=notif\" title=\"Anasse Kazib convoqu\u00e9 au commisariat pour la conf\u00e9rence Sorbonne\">Anasse Kazib convoqu\u00e9 au commisariat pour la conf\u00e9rence Sorbonne<\/a> -vid\u00e9o<\/strong><\/p>\n\n\n\n<p><strong><a href=\"https:\/\/blogs.mediapart.fr\/jean-marc-b\/blog\/200222\/les-luttes-sociales-sont-en-train-denvahir-la-periode-electorale-j-chastaing\">Les luttes sociales sont en train d&rsquo;envahir la p\u00e9riode \u00e9lectorale <\/a>&#8211; J. Chastaing<\/strong><\/p>\n\n\n\n<figure class=\"wp-block-image is-resized is-style-default\"><img loading=\"lazy\" decoding=\"async\" src=\"https:\/\/scontent-mrs2-1.xx.fbcdn.net\/v\/t1.6435-9\/s600x600\/47463306_2218312068387392_7329010521212977152_n.jpg?_nc_cat=111&amp;ccb=1-5&amp;_nc_sid=730e14&amp;_nc_ohc=lgB2K4PwjJQAX9xc5Vr&amp;_nc_ht=scontent-mrs2-1.xx&amp;oh=00_AT-lesXq-THvgPtmpF7B1oLSOVsgy0u2rOOPQU6x2GLuxA&amp;oe=6235594D\" alt=\"Aucune description de photo disponible.\" width=\"539\" height=\"458\"\/><\/figure>\n\n\n\n<p><strong><a href=\"https:\/\/linsoumission.fr\/2022\/02\/17\/pouvoir-dachat-melenchon-presente-ses-mesures\/\">Pouvoir d\u2019achat : M\u00e9lenchon pr\u00e9sente ses mesures d\u2019urgence face aux Fran\u00e7ais<\/a> (L\u2019Insoumission)<\/strong><\/p>\n\n\n\n<p><a href=\"http:\/\/t.nl.francetvinfo.fr\/r\/?id=h2e4b90ea,67a6809a,5f395be8\">Pr\u00e9sidentielle 2022 : l&rsquo;ex-ministre socialiste Marisol Touraine soutient Emmanuel Macron<\/a> (France Info)<\/p>\n\n\n\n<p><a href=\"https:\/\/www.boursorama.com\/actualite-economique\/actualites\/au-pied-du-mont-saint-michel-zemmour-presente-sa-nouvelle-recrue-et-exalte-la-puissance-de-la-france-e6e49d5da2dbb9728a30444d7c079585\">Au pied du mont St-Michel, Zemmour pr\u00e9sente sa nouvelle recrue et exalte la \u00ab\u00a0puissance\u00a0\u00bb de la France<\/a> (AFP)<\/p>\n\n\n\n<p><a href=\"https:\/\/blogs.mediapart.fr\/marche-des-solidarites\/blog\/190222\/19-mars-le-grand-soulevement\">19 mars : le Grand Soul\u00e8vement !<\/a> -Marche des Solidarit\u00e9s<\/p>\n\n\n\n<p><a href=\"https:\/\/www.arretsurimages.net\/articles\/mediapart-et-hanouna-les-dessous-dune-interview-avortee\">\u00ab\u00a0Mediapart\u00a0\u00bb et Hanouna : les dessous d&rsquo;une interview avort\u00e9e<\/a> (Arr\u00eat sur images)<\/p>\n\n\n\n<p><a href=\"https:\/\/www.humanite.fr\/social-eco\/livreurs-velo\/nos-patrons-ont-besoin-de-nous-mais-avons-nous-besoin-deux-738590#xtor=RSS-1\">Nos patrons ont besoin de nous\u2026 mais avons-nous besoin d\u2019eux ?<\/a> (L\u2019Huma)<\/p>\n\n\n\n<p><a href=\"https:\/\/www.boursorama.com\/actualite-economique\/actualites\/au-pied-du-mont-saint-michel-zemmour-presente-sa-nouvelle-recrue-et-exalte-la-puissance-de-la-france-e6e49d5da2dbb9728a30444d7c079585\">Au pied du mont Saint-Michel, Zemmour pr\u00e9sente sa nouvelle recrue et exalte la \u00ab\u00a0puissance\u00a0\u00bb de la France<\/a> (AFP)<\/p>\n\n\n\n<p><a href=\"https:\/\/www.francetvinfo.fr\/culture\/spectacles\/humour\/votez-guillaume-meurice-pour-son-nouveau-spectacle-meurice-2022-l-humoriste-se-transforme-en-candidat-farfelu-a-l-election-presidentielle_4966767.html\">Pour son nouveau spectacle \u00ab\u00a0Meurice 2022\u00a0\u00bb, l&rsquo;humoriste se transforme en candidat <\/a> (France Info)<\/p>\n\n\n\n<figure class=\"wp-block-image is-resized is-style-default\"><img data-recalc-dims=\"1\" loading=\"lazy\" decoding=\"async\" src=\"https:\/\/i0.wp.com\/www.francetvinfo.fr\/pictures\/2zm_3XNiXPULMvxSfjFbYkogQzw\/752x423\/2022\/02\/17\/phpZqkHjJ.jpg?resize=532%2C299&#038;ssl=1\" alt=\"Guillaume Meurice lors de son spectacle, &quot;Meurice 2022&quot;.\u00a0 (Magali R)\" width=\"532\" height=\"299\"\/><\/figure>\n\n\n\n<p><a href=\"https:\/\/linsoumission.fr\/2022\/02\/17\/pouvoir-dachat-melenchon-presente-ses-mesures\/\">Pouvoir d\u2019achat : M\u00e9lenchon pr\u00e9sente ses mesures d\u2019urgence face aux Fran\u00e7ais<\/a> (L\u2019Insoumission)<\/p>\n\n\n\n<p><a href=\"https:\/\/blogs.mediapart.fr\/marche-des-solidarites\/blog\/190222\/19-mars-le-grand-soulevement\">19 mars : le Grand Soul\u00e8vement !<\/a> -Marche des Solidarit\u00e9s<\/p>\n\n\n\n<p>Analyse<\/p>\n\n\n\n<p><a href=\"https:\/\/www.lemediatv.fr\/emissions\/2022\/ultimes-revelations-sur-les-reseaux-troubles-de-macron-marc-endeweld-isDkQMmyR_mBfWzxeH5CKg\">Ultimes r\u00e9v\u00e9lations sur les r\u00e9seaux troubles de Macron &#8211; Marc Endeweld<\/a> (Le M\u00e9dia)&nbsp;<\/p>\n\n\n\n<p>&nbsp;<a href=\"https:\/\/info.mediapart.fr\/optiext\/optiextension.dll?ID=GcdGdMYX_unmQHyKGDzJDCc_iXsZhxNUMYqogGekJS4JYWmqOL6Ettszv8STri7c64a3bUNGLkut269sji47rGn4mZ6i9\">Nominations au Conseil constitutionnel : o\u00f9 est la limite ?<\/a> (MDP)<\/p>\n\n\n\n<p><a href=\"https:\/\/www.humanite.fr\/social-eco\/livreurs-velo\/nos-patrons-ont-besoin-de-nous-mais-avons-nous-besoin-deux-738590#xtor=RSS-1\">Nos patrons ont besoin de nous\u2026 mais avons-nous besoin d\u2019eux ?<\/a> (L\u2019Huma)<\/p>\n\n\n\n<p><strong><a href=\"https:\/\/www.lemediatv.fr\/emissions\/2022\/ultimes-revelations-sur-les-reseaux-troubles-de-macron-marc-endeweld-isDkQMmyR_mBfWzxeH5CKg\">Ultimes r\u00e9v\u00e9lations sur les r\u00e9seaux troubles de Macron &#8211; Marc Endeweld<\/a> (Le M\u00e9dia)&nbsp;<\/strong><\/p>\n\n\n\n<p><a href=\"https:\/\/lesjours.fr\/obsessions\/alerte-secheresse-saison-2\/ep22-macron-saison-2\/\">Macron 2022 : plut\u00f4t Poutine que Poutou<\/a> (Les Jours)<\/p>\n\n\n\n<p><a href=\"https:\/\/blogs.mediapart.fr\/jean-marc-b\/blog\/190222\/une-analyse-critique-tres-detaillee-du-programme-de-melenchon\">U<\/a><strong><a href=\"https:\/\/blogs.mediapart.fr\/jean-marc-b\/blog\/190222\/une-analyse-critique-tres-detaillee-du-programme-de-melenchon\">ne analyse critique tr\u00e8s d\u00e9taill\u00e9e du programme de M\u00e9lenchon <\/a>(TC)<\/strong><\/p>\n\n\n\n<p><a href=\"https:\/\/linsoumission.fr\/2022\/02\/17\/ecologie-27-espace-mediatique\/\">Scandale : l\u2019\u00e9cologie n\u2019occupe que 2,7% de l\u2019espace m\u00e9diatique<\/a> (L\u2019Insoumission)<\/p>\n\n\n\n<p><a href=\"https:\/\/www.contretemps.eu\/abstention-enjeu-gauche-classes-populaires-jeunesse\/\">L\u2019abstention : un enjeu central pour la gauche de rupture<\/a> (Contretemps)&nbsp;<\/p>\n\n\n\n<p><a href=\"https:\/\/reporterre.net\/Les-mal-inscrits-sans-le-vouloir-favorisent-la-droite?utm_source=actus_lilo\">Les mal inscrits, sans le vouloir, favorisent la droite<\/a> (Reporterre)<\/p>\n\n\n\n<p><a href=\"https:\/\/youtu.be\/BtDIUx3_UPg\">Michel Onfray&nbsp;: Je ne crois pas trop aux sondages donnant 24% \u00e0 Macron<\/a> (Europe1) Vid\u00e9o<\/p>\n\n\n\n<p><a href=\"https:\/\/www.liberation.fr\/politique\/elections\/melenchon-au-deuxieme-tour-plus-quune-hypothese-une-possibilite-20220216_LBDJRAUYGNA43DHDXANLUNB7T4\/\">M\u00e9lenchon au deuxi\u00e8me tour, plus qu\u2019une hypoth\u00e8se, une possibilit\u00e9<\/a> (Lib\u00e9ration) Vid\u00e9o<\/p>\n\n\n\n<p><a href=\"https:\/\/comptoir.org\/2022\/02\/17\/harold-bernat-nous-devons-briser-collectivement-la-trajectoire-contre-revolutionnaire-du-macronisme\/\">\u00ab\u00a0Nous devons briser la trajectoire contre-r\u00e9volutionnaire du macronisme\u00a0\u00bb<\/a> (Le Comptoir)<\/p>\n\n\n\n<p><a href=\"https:\/\/info.mediapart.fr\/optiext\/optiextension.dll?ID=GcdGgiGWz4Vew3bLTmvoTqtKMiWLcwvESwnwzy4f9WRrYp7WPjWk5ChYxLfxHcwcGcXF3xJVHvhbxRE8pdpl4JSfvl1qw\">Yannick Jadot : les raisons d\u2019une campagne atone<\/a> (MDP)<\/p>\n\n\n\n<p><mark style=\"background-color:rgba(0, 0, 0, 0);color:#a30004\" class=\"has-inline-color\"><strong><mark style=\"background-color:rgba(0, 0, 0, 0);color:#a30004\" class=\"has-inline-color\"><strong>1<\/strong><\/mark><mark style=\"background-color:rgba(0, 0, 0, 0)\" class=\"has-inline-color\"><strong style=\"color: rgb(163, 0, 4); background-color: rgba(0, 0, 0, 0);\">9 F\u00e9vrier en continu<\/strong><\/mark> <\/strong><\/mark><\/p>\n\n\n\n<p><strong><a href=\"https:\/\/info.mediapart.fr\/optiext\/optiextension.dll?ID=IabIbHkbHjdOM%2BUuzoP0WEk6ZffJdHQtKoMuMuel8XJI%2BHMsQuVhRVxQlhu8ZTkUcOCZJ0TOwo3tH7zSfRJ0mevWh4BsB\">Gr\u00e8ve \u00e0 la RATP&nbsp;: un \u00ab&nbsp;premier coup de semonce&nbsp;\u00bb&nbsp;sur les salaires<\/a> (MDP)<\/strong><\/p>\n\n\n\n<p><a href=\"https:\/\/www.placegrenet.fr\/2022\/02\/18\/appel-a-des-rassemblements-contre-les-meetings-rn-et-reconquete-en-isere-les-18-et-21-fevrier\/560753\">Appel \u00e0 des rassemblements contre les meetings RN et Reconqu\u00eate en Is\u00e8re, les 18 et 21 f\u00e9vrier<\/a> (Place Gre\u2019net)<\/p>\n\n\n\n<p><a href=\"https:\/\/lareleveetlapeste.fr\/le-conseil-constitutionnel-donne-raison-aux-associations-en-lutte-contre-le-projet-montagne-dor\/\">Le Conseil Constitutionnel donne raison aux associations contre le projet Montagne d\u2019Or<\/a> (La Rel\u00e8ve et La Peste)&nbsp;<\/p>\n\n\n\n<p><a href=\"https:\/\/www.francetvinfo.fr\/elections\/presidentielle\/presidentielle-florian-philippot-figure-des-antipass-renonce-a-sa-candidature-faute-de-parrainages_4968939.html\">Pr\u00e9sidentielle : Florian Philippot, figure des anti-pass, renonce \u00e0 sa candidature faute de parrainages<\/a> (France Info)<\/p>\n\n\n\n<p><a href=\"https:\/\/info.mediapart.fr\/optiext\/optiextension.dll?ID=IabIbuZBD6e2HAEyFTHeFFaYJ7JmruRFm_24cRgznaFX6h7YQ6ntm0tol4nbFxvdGFn_lcADmV8ZQWaEXPAfush5ZTZIO\">Retraites : Macron veut rempiler pour r\u00e9former au pas de charge<\/a> (MDP)<\/p>\n\n\n\n<p><a href=\"https:\/\/info.mediapart.fr\/optiext\/optiextension.dll?ID=IabIdSmJoWlM3jsKl%2BoT578SIb2uRRYE4vqAL9Wfg9M6yrWsQhX6Bzz_Xv6aqXzTVsbxokHXzZZDkqlzJy7Pm9_DB0Mst\">La retraite \u00e0 60 ans : pi\u00e8ce ma\u00eetresse du puzzle m\u00e9lenchonien<\/a> (MDP)<\/p>\n\n\n\n<p><a href=\"https:\/\/info.mediapart.fr\/optiext\/optiextension.dll?ID=IabIfUzuUo1aA_B03QuWGTHYC6hwyOjgKDR9KuQpjg_zlJrYRwxnC9nPjocixAub%2By23HoV5iZ493N_qCUOc57EtEYO6S\">Marine Le Pen r\u00e9trop\u00e9dale sur la retraite \u00e0 60 ans<\/a> (MDP)<\/p>\n\n\n\n<p><a href=\"https:\/\/info.mediapart.fr\/optiext\/optiextension.dll?ID=IabIg6WBe0zztUgPUbnkVRW9ezRAzNM%2BiYasjVL_qo3BIOgsRAE%2BtyJmUFL9%2B7GRxIk8LTf3Rs0duDJKsjZzSZ5gnXS6x\">La Cour des comptes est impuissante \u00e0 contr\u00f4ler les Ehpad priv\u00e9s<\/a> (MDP)<\/p>\n\n\n\n<pre class=\"wp-block-preformatted\">Le fonctionnement de la majorit\u00e9 parlementaire est critiqu\u00e9e par le vice-pr\u00e9sident LREM de l\u2019Assembl\u00e9e Nationale, Hugues Renson lui-m\u00eame, qui d\u00e9plore que le Parlement soit devenu \u00ab <em>une chambre d\u2019enregistrement de d\u00e9cisions \u00e9labor\u00e9es ailleurs<\/em> \u00bb, et annonce ne pas se repr\u00e9senter \u00e0 la d\u00e9putation (<a href=\"https:\/\/www.lemonde.fr\/politique\/article\/2022\/02\/17\/legislatives-hugues-renson-figure-lrm-de-l-assemblee-ne-se-represente-pas-mettant-en-avant-ses-doutes_6114046_823448.html\">source<\/a>)<\/pre>\n\n\n\n<p><strong><a href=\"https:\/\/blogs.mediapart.fr\/jean-marc-b\/blog\/180222\/ultimes-rapines-de-la-ripoublique-macron\">Ultimes rapines de la Ripoublique Macron <\/a>(Macron Watch)<\/strong><\/p>\n\n\n\n<p>Analyse<\/p>\n\n\n\n<p><a href=\"https:\/\/www.laquadrature.net\/2022\/02\/18\/ia-et-reforme-de-letat-vers-des-bureaucraties-sans-humains\/\">IA et r\u00e9forme de l\u2019\u00c9tat : vers des bureaucraties sans humains ?<\/a> (La Quadrature du Net)<\/p>\n\n\n\n<p><a href=\"http:\/\/cadtm.org\/Melenchon-sur-la-dette-sur-les-tribunaux-d-arbitrage-sur-le-G7-et-le-G20\">M\u00e9lenchon sur la dette, sur les tribunaux d&rsquo;arbitrage, sur le G7 et le G20<\/a> (CADTM)<\/p>\n\n\n\n<p><a href=\"https:\/\/reflets.info\/articles\/comment-faire-si-l-on-ne-peut-plus-utiliser-google-analytics-a-cause-de-la-cnil\">Comment faire si l&rsquo;on ne peut plus utiliser Google Analytics \u00e0 cause de la CNIL ?<\/a> (Reflets)<\/p>\n\n\n\n<p><a href=\"https:\/\/theconversation.com\/vers-un-universalisme-postcolonial-176814\">Vers un universalisme postcolonial ?<\/a> (The Conversation)&nbsp;<\/p>\n\n\n\n<p><a href=\"https:\/\/orientxxi.info\/lu-vu-entendu\/la-pensee-decoloniale-manque-souvent-de-radicalite,5382\">\u00ab La pens\u00e9e d\u00e9coloniale manque souvent de radicalit\u00e9 \u00bb<\/a> (Orient XXI)&nbsp;<\/p>\n\n\n\n<p><a href=\"https:\/\/www.contretemps.eu\/rocky-backlash-reactionnaire-race-boxe\/\">Rocky, l\u2019expression d\u2019un backlash r\u00e9actionnaire ?<\/a> (Contretemps)<\/p>\n\n\n\n<p><a href=\"https:\/\/www.franceinter.fr\/emissions\/affaires-sensibles\/affaires-sensibles-28-janvier-2020\">\u00ab\u00a0Les Malgr\u00e9-Nous\u00a0\u00bb de la seconde Guerre Mondiale <\/a>(Affaires Sensibles)<\/p>\n\n\n\n<p><mark style=\"background-color:rgba(0, 0, 0, 0);color:#a30004\" class=\"has-inline-color\"><strong><mark style=\"background-color:rgba(0, 0, 0, 0);color:#a30004\" class=\"has-inline-color\"><strong>1<\/strong><\/mark><mark style=\"background-color:rgba(0, 0, 0, 0)\" class=\"has-inline-color\"><strong style=\"color: rgb(163, 0, 4); background-color: rgba(0, 0, 0, 0);\">8 F\u00e9vrier en continu<\/strong><\/mark> <\/strong><\/mark><\/p>\n\n\n\n<p><strong><a href=\"https:\/\/www.streetpress.com\/sujet\/1645028981-journaliste-infiltre-campagne-candidat-election-presidentielle-eric-zemmour-temoignage\">Un journaliste infiltre la campagne d&rsquo;\u00c9ric Zemmour<\/a> (StreetPress<\/strong>)<\/p>\n\n\n\n<p><a href=\"https:\/\/www.acrimed.org\/Tuer-Bourdieu-trois-fois-quand-Nathalie-Heinich\">Tuer Bourdieu trois fois : quand Nathalie Heinich r\u00e8gle ses comptes dans L&rsquo;Express<\/a> (Acrimed)&nbsp;<\/p>\n\n\n\n<p><a href=\"https:\/\/info.mediapart.fr\/optiext\/optiextension.dll?ID=y67y7GI60u6%2BZV1KawwCIvbBZ0p1BzHY6WGDamDtNkO7%2BONirCIMf1MBQY155tw72zeqG0B_CY%2B%2BMLtVUAvfdlC8o9e4j\">Meyer Habib, l\u2019ombre encombrante de la campagne P\u00e9cresse<\/a> (MDP)<\/p>\n\n\n\n<p><strong><a href=\"https:\/\/info.mediapart.fr\/optiext\/optiextension.dll?ID=y67y9mrcdB9zvlJ86JlwHUif4YgzgWUsiy%2BsAzkObXPaChmiqTpR7j87VdyIs7IBb_spbZQz2cYtSwsbA%2BRWGmOaFrzaV\">Marine Le Pen r\u00e9trop\u00e9dale sur la retraite \u00e0 60 ans<\/a> (MDP)<\/strong><\/p>\n\n\n\n<p><a href=\"https:\/\/reporterre.net\/Macron-en-campagne\">Macron en campagne<\/a> (Reporterre)<\/p>\n\n\n\n<p><a href=\"https:\/\/lareleveetlapeste.fr\/plus-de-120-personnalites-exigent-plus-de-climat-dans-les-debats-de-lelection-presidentielle\/\">Plus de 120 personnalit\u00e9s exigent plus de climat dans d\u00e9bats de l\u2019\u00e9lection pr\u00e9sidentielle<\/a> (La Rel\u00e8ve et La Peste)<\/p>\n\n\n\n<p><a href=\"https:\/\/dijoncter.info\/article3467-3467\">D\u00e9montage d&rsquo;une m\u00e9ga-bassine : le port-parole national de la Conf&rsquo; convoqu\u00e9 \u00e0 la gendarmerie<\/a> (Dijoncter)&nbsp;<\/p>\n\n\n\n<p><a href=\"https:\/\/vert.eco\/articles\/un-debat-du-siecle-pour-tenter-de-mettre-un-peu-decologie-dans-la-campagne-presidentielle\">Un \u00ab d\u00e9bat du si\u00e8cle \u00bb pour tenter de mettre un peu d\u2019\u00e9cologie dans la campagne pr\u00e9sidentielle<\/a> (vert.eco)<\/p>\n\n\n\n<p>Analyse&nbsp;<\/p>\n\n\n\n<p><a href=\"https:\/\/mouvements.info\/les-ennemis-imaginaires-de-la-republique\/\">Les ennemis imaginaires de la R\u00e9publique.<\/a> (Mouvements)<\/p>\n\n\n\n<p><a href=\"https:\/\/www.humanite.fr\/en-debat\/salaires-et-pouvoir-dachat\/est-la-veille-dune-revolte-pour-les-salaires-738817#xtor=RSS-1\">Est-on \u00e0 la veille d\u2019une r\u00e9volte pour les salaires ?<\/a>(L\u2019Humanit\u00e9)&nbsp;<\/p>\n\n\n\n<p><a href=\"https:\/\/basta.media\/bilan-du-quinquennat-macron-libertes-publiques-surenchere-securitaire-etat-d-urgence-sanitaire\">Bilan du quinquennat : la grande surench\u00e8re s\u00e9curitaire d&rsquo;Emmanuel Macron<\/a> ( Basta!)<\/p>\n\n\n\n<p><a href=\"https:\/\/basta.media\/Zemmour-Le-Pen-presidentielle-regime-autoritaire-restriction-des-libertes-loi-separatisme-etat-d-urgence\">Zemmour ou Le Pen  \u00e9lus : \u00ab Toute mesure de restriction des libert\u00e9s peut se retourner contre nous \u00bb <\/a>(Basta!)<\/p>\n\n\n\n<p><a href=\"https:\/\/basta.media\/etat-d-urgence-lois-securite-globale-separatisme-anti-casseurs-libertes-publiques-bilan-du-quinquennat\">\u00c9tats d&rsquo;urgence, lois s\u00e9curit\u00e9 globale ou \u00ab s\u00e9paratisme \u00bb : cinq ann\u00e9es qui ont rogn\u00e9 nos libert\u00e9s<\/a> (Basta!)&nbsp;<\/p>\n\n\n\n<p><a href=\"https:\/\/blogs.mediapart.fr\/jean-marc-b\/blog\/170222\/reveil-anticolonial-africain-et-retour-des-argumentaires-coloniaux-en-france\">R\u00e9veil anticolonial africain et retour des argumentaires coloniaux en France <\/a>-Sa\u00efd Bouamama<\/p>\n\n\n\n<pre class=\"wp-block-preformatted\">\u00ab&nbsp;La d\u00e9pr\u00e9ciation du monde des hommes augmente en raison directe de la mise en valeur du monde des choses&nbsp;\u00bb -K.Marx, <em>Manuscrits de 1844<\/em><\/pre>\n\n\n\n<p><mark style=\"background-color:rgba(0, 0, 0, 0);color:#a30004\" class=\"has-inline-color\"><strong><mark style=\"background-color:rgba(0, 0, 0, 0);color:#a30004\" class=\"has-inline-color\"><strong>1<\/strong><\/mark><mark style=\"background-color:rgba(0, 0, 0, 0)\" class=\"has-inline-color\"><strong style=\"color: rgb(163, 0, 4); background-color: rgba(0, 0, 0, 0);\">7 F\u00e9vrier en continu<\/strong><\/mark> <\/strong><\/mark><\/p>\n\n\n\n<p><a href=\"https:\/\/www.lemediatv.fr\/emissions\/2022\/macron-fait-un-nouveau-coup-pecresse-en-roue-libre-lactu-du-jour-contre-matinale-94-5tOnUasAT2KkVBeOElNUag\">Macron fait un nouveau \u00ab coup \u00bb, P\u00e9cresse en roue libre, l\u2019actu du jour\u2026| Contre-Matinale #94<\/a> (Le M\u00e9dia)<\/p>\n\n\n\n<figure class=\"wp-block-image is-resized is-style-default\"><img data-recalc-dims=\"1\" loading=\"lazy\" decoding=\"async\" src=\"https:\/\/i0.wp.com\/static.mediapart.fr\/etmagine\/default\/files\/2022\/02\/15\/2022-02-15-09-36-06-window.png?resize=532%2C191&#038;ssl=1\" alt=\"2022-02-15-09-36-06-window\" width=\"532\" height=\"191\"\/><\/figure>\n\n\n\n<p><a href=\"https:\/\/www.francetvinfo.fr\/politique\/le-parlement-adopte-une-proposition-de-loi-renforcant-la-protection-des-lanceurs-d-alerte_4965201.html\">Le Parlement adopte une proposition de loi renfor\u00e7ant la protection des lanceurs d&rsquo;alerte<\/a> (France Info)<\/p>\n\n\n\n<p><a href=\"https:\/\/lanticapitaliste.org\/actualite\/ecologie\/manifestation-pour-larret-des-mega-bassines-poitiers\">Le 19 f\u00e9vrier, manifestation pour l\u2019arr\u00eat des m\u00e9ga-bassines \u00e0 Poitiers<\/a> (L\u2019Anticapitaliste)<\/p>\n\n\n\n<p><strong><a href=\"https:\/\/info.mediapart.fr\/optiext\/optiextension.dll?ID=tXWtWnhcQ5b%2B0FgOtsJ0I0unExfL5tTnahhNBDrbOwHQAqTJA3PVMV3ubMLE710Mp_cCgPMUdjESburSl89w88_dTivJf\">Depuis 2017, le RN a perdu plus de la moiti\u00e9 de ses cadres f\u00e9d\u00e9raux<\/a> (MDP)<\/strong><\/p>\n\n\n\n<figure class=\"wp-block-image size-full is-resized is-style-default\"><img data-recalc-dims=\"1\" loading=\"lazy\" decoding=\"async\" src=\"https:\/\/i0.wp.com\/www.rdpemancipation.org\/wp-content\/uploads\/2022\/02\/Capture-decran-2022-02-17-a-07.36.03.png?resize=371%2C334&#038;ssl=1\" alt=\"\" class=\"wp-image-71808\" width=\"371\" height=\"334\" srcset=\"https:\/\/i0.wp.com\/www.rdpemancipation.org\/wp-content\/uploads\/2022\/02\/Capture-decran-2022-02-17-a-07.36.03.png?w=587&amp;ssl=1 587w, https:\/\/i0.wp.com\/www.rdpemancipation.org\/wp-content\/uploads\/2022\/02\/Capture-decran-2022-02-17-a-07.36.03.png?resize=300%2C270&amp;ssl=1 300w\" sizes=\"auto, (max-width: 371px) 100vw, 371px\" \/><\/figure>\n\n\n\n<p>Analyse<\/p>\n\n\n\n<p><strong><a href=\"https:\/\/blogs.mediapart.fr\/jean-marc-b\/blog\/160222\/les-50-plus-belles-victoires-de-l-annee-2021\">Les 50 plus belles victoires de l\u2019ann\u00e9e 2021 <\/a>(CADTM)<\/strong><\/p>\n\n\n\n<p><a href=\"https:\/\/www.youtube.com\/watch?v=sT6qeNbmHB8\" target=\"_blank\" rel=\"noreferrer noopener\">Conf\u00e9rence de Jean-Luc M\u00e9lenchon \u00e0 la Sorbonne &#8211; #MelenchonSorbonne<\/a>&nbsp;(LFI)<\/p>\n\n\n\n<p><a href=\"https:\/\/lanticapitaliste.org\/actualite\/politique\/extremes-droites-grandes-manoeuvres-et-avis-de-vent-mauvais\">Extr\u00eames droites : grandes man\u0153uvres et avis de vent mauvais<\/a> (Commission nationale antifasciste NPA)<\/p>\n\n\n\n<p><a href=\"https:\/\/www.contretemps.eu\/vote-classes-populaires-sociologie-focale\/\">Comment votent les classes populaires<\/a> (Contretemps)<\/p>\n\n\n\n<figure class=\"wp-block-image is-resized is-style-default\"><img loading=\"lazy\" decoding=\"async\" src=\"https:\/\/pbs.twimg.com\/media\/FLvJYlFXIAI83uy?format=jpg&amp;name=small\" alt=\"\" width=\"367\" height=\"367\"\/><\/figure>\n\n\n\n<p><a href=\"https:\/\/theconversation.com\/pourquoi-parti-politique-est-devenu-une-insulte-177005\">Pourquoi \u00ab parti politique \u00bb est devenu une insulte ?<\/a> (The Conversation)<\/p>\n\n\n\n<figure class=\"wp-block-image is-resized is-style-default\"><img data-recalc-dims=\"1\" loading=\"lazy\" decoding=\"async\" src=\"https:\/\/i0.wp.com\/static.mediapart.fr\/etmagine\/default\/files\/2022\/02\/16\/2022-02-16-14-45-09-journal-satirique-laique-dessins-de-presse-charlie-hebdo.png?resize=395%2C445&#038;ssl=1\" alt=\"2022-02-16-14-45-09-journal-satirique-laique-dessins-de-presse-charlie-hebdo\" width=\"395\" height=\"445\"\/><\/figure>\n\n\n\n<p>&nbsp;<\/p>\n\n\n\n<p><a href=\"https:\/\/lesjours.fr\/obsessions\/vie-jours\/ep110-oreille-des-politiques-livre\/\">Nos enqu\u00eates dans les coulisses du pouvoir enfin en BD<\/a> (Les Jours)<\/p>\n\n\n\n<p><a href=\"https:\/\/www.contretemps.eu\/reformation-classe-ouvriere-crise-capitalisme-pandemie\/\">Crise du capitalisme mondial et (re)formation de la classe travailleuse<\/a> ( Contretemps)&nbsp;<\/p>\n\n\n\n<figure class=\"wp-block-image is-resized is-style-default\"><img data-recalc-dims=\"1\" loading=\"lazy\" decoding=\"async\" src=\"https:\/\/i0.wp.com\/i.pinimg.com\/originals\/85\/9f\/da\/859fda6e0239d0a6054473f8a114bafc.jpg?resize=439%2C437&#038;ssl=1\" alt=\"859fda6e0239d0a6054473f8a114bafc.jpg\" width=\"439\" height=\"437\"\/><\/figure>\n\n\n\n<p><mark style=\"background-color:rgba(0, 0, 0, 0);color:#a30004\" class=\"has-inline-color\"><strong>1<\/strong><\/mark><mark style=\"background-color:rgba(0, 0, 0, 0)\" class=\"has-inline-color\"><strong style=\"color: rgb(163, 0, 4); background-color: rgba(0, 0, 0, 0);\">6 F\u00e9vrier en continu<\/strong><\/mark> <\/p>\n\n\n\n<p><strong><a href=\"https:\/\/lanticapitaliste.org\/actualite\/politique\/le-pouvoir-redoute-une-explosion-sociale-pendant-la-campagne\">Le pouvoir redoute une explosion sociale pendant la campagne<\/a> -Julien Salingue<\/strong><\/p>\n\n\n\n<figure class=\"wp-block-image is-resized is-style-default\"><img data-recalc-dims=\"1\" loading=\"lazy\" decoding=\"async\" src=\"https:\/\/i0.wp.com\/lanticapitaliste.org\/sites\/default\/files\/styles\/largeur_content_hauteur_complet\/public\/une-phototheque-rougemartin-nodahans-lucas_3.jpg?resize=509%2C339&#038;ssl=1\" alt=\"\" width=\"509\" height=\"339\"\/><\/figure>\n\n\n\n<p><a href=\"https:\/\/www.francetvinfo.fr\/politique\/la-republique-en-marche\/les-comptes-du-ps-dans-le-rouge-le-rn-plombe-par-sa-dette-la-commission-des-comptes-a-rendu-son-rapport-sur-l-etat-des-finances-des-principaux-partis_4963371.html\">La Commission des comptes a rendu son rapport sur l&rsquo;\u00e9tat des finances des principaux partis<\/a> (France Info)<\/p>\n\n\n\n<p><a href=\"https:\/\/www.lemediatv.fr\/emissions\/2022\/repression-contre-le-convoi-de-la-liberte-roussel-meilleur-ami-de-la-droite-bac-pro-precaire-lactu-du-jour-contre-matinale-93-enob1x6RTWuFs2MK2Fs3TQ\">R\u00e9pression contre le convoi de la libert\u00e9, Roussel meilleur ami de la droite, BAC pro pr\u00e9caire &#8230; <\/a> (Le M\u00e9dia)<\/p>\n\n\n\n<figure class=\"wp-block-image is-resized is-style-default\"><img data-recalc-dims=\"1\" loading=\"lazy\" decoding=\"async\" src=\"https:\/\/i0.wp.com\/reporterre.net\/local\/cache-vignettes\/L720xH479\/arton24586-ec122.jpg?resize=357%2C238&#038;ssl=1\" alt=\"Soutenus par La France insoumise et des \u00e9cologistes, les \u00ab<small class=&quot;fine d-inline&quot;&gt;\u00a0<\/small&gt;convois de la libert\u00e9<small class=&quot;fine d-inline&quot;&gt;\u00a0<\/small&gt;\u00bb arrivent \u00e0 Paris\" width=\"357\" height=\"238\"\/><\/figure>\n\n\n\n<p><a href=\"https:\/\/www.francetvinfo.fr\/elections\/presidentielle\/candidats\/parrainages-pour-la-presidentielle-2022-decouvrez-ou-en-sont-les-candidats-dans-la-course-aux-500-signatures_4935879.html\">O\u00f9 en sont les candidats dans la course aux signatures ? D\u00e9couvrez le dernier d\u00e9compte<\/a> (France Info)<\/p>\n\n\n\n<figure class=\"wp-block-image size-full is-resized is-style-default\"><img data-recalc-dims=\"1\" loading=\"lazy\" decoding=\"async\" src=\"https:\/\/i0.wp.com\/www.rdpemancipation.org\/wp-content\/uploads\/2022\/02\/Capture-decran-2022-02-15-a-19.25.56.png?resize=513%2C404&#038;ssl=1\" alt=\"\" class=\"wp-image-71463\" width=\"513\" height=\"404\" srcset=\"https:\/\/i0.wp.com\/www.rdpemancipation.org\/wp-content\/uploads\/2022\/02\/Capture-decran-2022-02-15-a-19.25.56.png?w=753&amp;ssl=1 753w, https:\/\/i0.wp.com\/www.rdpemancipation.org\/wp-content\/uploads\/2022\/02\/Capture-decran-2022-02-15-a-19.25.56.png?resize=300%2C236&amp;ssl=1 300w\" sizes=\"auto, (max-width: 513px) 100vw, 513px\" \/><\/figure>\n\n\n\n<p><a href=\"https:\/\/www.mediapart.fr\/journal\/france\/150222\/taubira-la-campagne-prend-l-eau-de-toute-part\">Taubira: la campagne prend l\u2019eau de toute part<\/a> (M\u00e9diapart)<\/p>\n\n\n\n<p><a href=\"https:\/\/www.youtube.com\/watch?v=fGvWnu2e6RQ\">Concours Hidalgo\/P\u00e9cresse<\/a> (JSPC)Vid\u00e9o<\/p>\n\n\n\n<p><a href=\"https:\/\/www.mediapart.fr\/journal\/france\/150222\/emmanuel-macron-faconne-un-conseil-constitutionnel-sa-main\">Emmanuel Macron fa\u00e7onne un Conseil constitutionnel \u00e0 sa main<\/a>&nbsp;(M\u00e9diapart)&nbsp;<\/p>\n\n\n\n<figure class=\"wp-block-image is-resized is-style-default\"><img data-recalc-dims=\"1\" loading=\"lazy\" decoding=\"async\" src=\"https:\/\/i0.wp.com\/p6.storage.canalblog.com\/68\/77\/284195\/116729258.jpg?resize=338%2C286&#038;ssl=1\" alt=\"116729258.jpg\" width=\"338\" height=\"286\"\/><\/figure>\n\n\n\n<p>Analyse<\/p>\n\n\n\n<p><a href=\"https:\/\/www.contretemps.eu\/fascisme-vieux-demons-nouveaux-monstres-podcast-traverso-palheta\/\">Fascisme : vieux d\u00e9mons et nouveaux monstres [Podcast]<\/a> (Contretemps)<\/p>\n\n\n\n<p><a href=\"http:\/\/www.regards.fr\/la-midinale\/article\/michael-foessel-dans-le-projet-egalitaire-de-la-gauche-il-y-a-aussi-une\">Micha\u00ebl Foessel : \u00ab Dans le projet \u00e9galitaire de la gauche, il y a aussi une promesse sensuelle \u00bb<\/a> (Regards)&nbsp;<\/p>\n\n\n\n<p><a href=\"https:\/\/www.streetpress.com\/sujet\/1644858921-extreme-droite-tentation-milicienne-trois-pourcents-paramilitaire-autodefense\">Extr\u00eame droite : la tentation milicienne<\/a> (StreetPress)<\/p>\n\n\n\n<p><a href=\"https:\/\/www.contretemps.eu\/elections-france-2022-gauche-luttes-hegemonie\/\">La gauche d\u2019alternative et les \u00e9lections de 2022. Quelques r\u00e9flexions intempestives<\/a> (Contretemps)<\/p>\n\n\n\n<p><a href=\"https:\/\/info.mediapart.fr\/optiext\/optiextension.dll?ID=bJIbJV2OZED90TKK6wmYqv5XO0Dj3_FcKAjL_Ooc9BoMJlArii6wzE4vEkTwbHv5gbRPL5%2Bhem0T0pmMEDkmUiX_ySPH0\">Prolo y es-tu&nbsp;?<\/a> &#8211; Ma\u010dko Dr\u00e0g\u00e0n<\/p>\n\n\n\n<p><a href=\"https:\/\/rapportsdeforce.fr\/classes-en-lutte\/convoi-de-la-liberte-des-gilets-jaunes-des-antivax-et-facebook-021512759\">\u00ab Convoi de la libert\u00e9 \u00bb : des gilets jaunes, des antivax et Facebook<\/a> (Rapports de&nbsp;force)<\/p>\n\n\n\n<p><strong><\/strong><a href=\"https:\/\/www.boursorama.com\/actualite-economique\/actualites\/la-pollution-plastique-et-chimique-a-depasse-les-limites-de-la-planete-d1d32db55d5c2647b784e4a7b7343bee\"><strong>La pollution plastique et chimique a d\u00e9pass\u00e9 les \u00ab\u00a0limites\u00a0\u00bb de la plan\u00e8te<\/strong><\/a> (AFP)<\/p>\n\n\n\n<p><a href=\"https:\/\/blogs.mediapart.fr\/gabas\/blog\/130222\/nous-sommes-en-guerre\">\u00ab Nous sommes en guerre \u00bb&#8230; <\/a>-Gabas<\/p>\n\n\n\n<p><a href=\"https:\/\/info.mediapart.fr\/optiext\/optiextension.dll?ID=bJIbLNXLJFwzaFALyosspETT5GRmXqryA431BppTDrutxPXrjlYy0CuzSJHvToBZ8nZlrF7t%2BpxDzRP3S766uzBx3xKPe\">Pour une r\u00e9volution \u00e9nerg\u00e9tique sans gaz et sans nucl\u00e9aire<\/a> (Carta Academica)<\/p>\n\n\n\n<p><\/p>\n\n\n\n<p><mark style=\"background-color:rgba(0, 0, 0, 0);color:#a30004\" class=\"has-inline-color\"><strong>1<\/strong><\/mark><mark style=\"background-color:rgba(0, 0, 0, 0)\" class=\"has-inline-color\"><strong style=\"color: rgb(163, 0, 4); background-color: rgba(0, 0, 0, 0);\">5 F\u00e9vrier en continu<\/strong><\/mark><\/p>\n\n\n\n<p><a href=\"https:\/\/www.humanite.fr\/politique\/editorial-la-faute-de-valerie-pecresse-738246#xtor=RSS-1\">La faute de Val\u00e9rie P\u00e9cresse<\/a> (L\u2019Humanit\u00e9)&nbsp;<\/p>\n\n\n\n<figure class=\"wp-block-image is-resized is-style-default\"><img data-recalc-dims=\"1\" loading=\"lazy\" decoding=\"async\" src=\"https:\/\/i0.wp.com\/static.mediapart.fr\/etmagine\/default\/files\/2022\/02\/13\/52340-valerie-pecresse-politique-humour-fun.gif?resize=466%2C262&#038;ssl=1\" alt=\"52340-valerie-pecresse-politique-humour-fun\" width=\"466\" height=\"262\"\/><\/figure>\n\n\n\n<p><a href=\"https:\/\/lundi.am\/Rencontre-internationale-anti-Olympique\">Rencontre internationale anti-Olympique<\/a> (Lundi matin)<\/p>\n\n\n\n<p><strong><a href=\"https:\/\/tendanceclaire.org\/breve.php?id=40706\">Meeting de Nathalie Arthaud (LO) \u00e0 la Mutualit\u00e9: 1600 participants<\/a> (vid\u00e9o)<\/strong><\/p>\n\n\n\n<p><strong><a href=\"https:\/\/www.francetvinfo.fr\/politique\/christiane-taubira\/presidentielle-le-parti-radical-de-gauche-se-met-en-retrait-de-la-campagne-de-christiane-taubira_4961142.html\">Parti radical de gauche se met \u00ab\u00a0en retrait\u00a0\u00bb de la campagne de Christiane Taubira<\/a> (France Info)<\/strong><\/p>\n\n\n\n<p><a href=\"https:\/\/www.mediapart.fr\/journal\/france\/130222\/un-apres-la-mort-de-guillaume-le-pcf-accuse-d-inaction\">Un an apr\u00e8s la mort de Guillaume, le PCF accus\u00e9 d\u2019inaction<\/a> (M\u00e9diapart)<\/p>\n\n\n\n<p><a href=\"https:\/\/www.lemediatv.fr\/emissions\/2022\/pecresse-copie-zemmour-melenchon-tacle-les-riches-convoi-de-la-liberte-a-paris-contre-matinale-92-BbwIkg1JSP6LgvZ_amCYyQ\">P\u00e9cresse copie Zemmour, M\u00e9lenchon tacle les riches, convoi libert\u00e9 \u00e0 Paris | Contre-Matinale #92<\/a> (Le M\u00e9dia)<\/p>\n\n\n\n<figure class=\"wp-block-image is-resized is-style-default\"><img data-recalc-dims=\"1\" loading=\"lazy\" decoding=\"async\" src=\"https:\/\/i0.wp.com\/mamot.fr\/system\/media_attachments\/files\/107\/755\/769\/653\/151\/988\/original\/dff37a22b8e2644e.png?resize=353%2C353&#038;ssl=1\" alt=\"\" width=\"353\" height=\"353\"\/><\/figure>\n\n\n\n<p>Analyse<\/p>\n\n\n\n<p><a href=\"https:\/\/theconversation.com\/le-rassemblement-national-fin-de-partie-176907\">Le Rassemblement national : fin de partie ?<\/a> (The Conversation)&nbsp;<\/p>\n\n\n\n<p><a href=\"https:\/\/theconversation.com\/huit-ans-apres-le-bilan-mitige-de-la-loi-florange-176564\">Huit ans apr\u00e8s, le bilan mitig\u00e9 de la loi Florange<\/a> (The Conversation)<\/p>\n\n\n\n<p><a href=\"https:\/\/lepoing.net\/montpellier-12-fevrier-la-rue-na-pas-dit-son-dernier-mot-reportage-photo\/\">Montpellier, 12 f\u00e9vrier : la rue n\u2019a pas dit son dernier mot | Reportage photo<\/a> (Le Poing)<\/p>\n\n\n\n<p><a href=\"https:\/\/www.frustrationmagazine.fr\/roussel\/\">Pourquoi la bourgeoisie adore-t-elle le \u00ab communiste \u00bb Fabien Roussel ?<\/a> ( Frustration )<\/p>\n\n\n\n<p><a href=\"https:\/\/lundi.am\/Programme-2022\">Programme 2022<\/a> (BD Alessandro Pignocchi)<\/p>\n\n\n\n<figure class=\"wp-block-image is-resized is-style-default\"><img data-recalc-dims=\"1\" loading=\"lazy\" decoding=\"async\" src=\"https:\/\/i0.wp.com\/mamot.fr\/system\/media_attachments\/files\/107\/756\/379\/399\/071\/163\/original\/edaf0e68778bc629.png?resize=280%2C280&#038;ssl=1\" alt=\"\" width=\"280\" height=\"280\"\/><\/figure>\n\n\n\n<p><a href=\"https:\/\/basta.media\/claire-hedon-defenseure-des-droits-l-intersectionnalite-n-est-pas-un-gros-mot-antidiscriminations-passe-vaccinal-acces-services-publics\">Claire H\u00e9don, D\u00e9fenseure des droits&nbsp;: \u00ab&nbsp;L\u2019intersectionnalit\u00e9 n\u2019est pas un gros mot&nbsp;\u00bb<\/a> (Basta)<\/p>\n\n\n\n<p><a href=\"https:\/\/www.lepoint.fr\/societe\/en-2021-la-france-est-restee-une-democratie-defaillante-10-02-2022-2464209_23.php\">En 2021, la France est rest\u00e9e une d\u00e9mocratie \u00ab&nbsp;d\u00e9faillante&nbsp;\u00bb<\/a> (Le Point)<\/p>\n\n\n\n<figure class=\"wp-block-image is-resized is-style-default\"><img data-recalc-dims=\"1\" loading=\"lazy\" decoding=\"async\" src=\"https:\/\/i0.wp.com\/mamot.fr\/system\/media_attachments\/files\/107\/768\/445\/398\/599\/073\/original\/1192c81af7c61c31.jpeg?resize=467%2C607&#038;ssl=1\" alt=\"\" width=\"467\" height=\"607\"\/><\/figure>\n\n\n\n<p><a href=\"https:\/\/www.mediapart.fr\/journal\/culture-idees\/130222\/le-manifeste-pour-une-mondialite-apaisee-de-mireille-delmas-marty\">Le \u00abManifeste pour une mondialit\u00e9 apais\u00e9e\u00bb de Mireille Delmas-Marty<\/a> (M\u00e9diapart)&nbsp;<\/p>\n\n\n\n<p><a href=\"https:\/\/tendanceclaire.org\/breve.php?id=40712\">Retour sur le d\u00e9bat M\u00e9lenchon \u2014 Roux de B\u00e9zieux<\/a> (UP)<\/p>\n\n\n\n<p><a href=\"https:\/\/lundi.am\/Petit-Manuel-a-l-usage-des-conspirant-es\">Petit Manuel \u00e0 l\u2019usage des conspirant.es<\/a> (Lundi matin)<\/p>\n\n\n\n<p><a href=\"https:\/\/lundi.am\/Au-coeur-du-complotisme-le-clivage\">Au coeur du complotisme&nbsp;: le clivage<\/a> (Lundi Matin)<\/p>\n\n\n\n<figure class=\"wp-block-image is-resized is-style-default\"><img data-recalc-dims=\"1\" loading=\"lazy\" decoding=\"async\" src=\"https:\/\/i0.wp.com\/lundi.am\/IMG\/arton4628-resp320.png?resize=546%2C425&#038;ssl=1\" alt=\"\" width=\"546\" height=\"425\"\/><\/figure>\n\n\n\n<p><a href=\"https:\/\/lundi.am\/De-la-democratie-a-la-liberte\">De la democratie \u00e0 la liberte<\/a> (CrimethInc.)<\/p>\n\n\n\n<p><a href=\"https:\/\/www.lemediatv.fr\/emissions\/2022\/socialistes-a-la-derive-grands-patrons-du-cac40-mais-a-quoi-servent-ces-gens-s82eucznRzGdWFRHJYFXmw\">\u00ab\u00a0Socialistes\u00a0\u00bb \u00e0 la d\u00e9rive, grands patrons du Cac40&#8230; Mais \u00e0 quoi servent ces gens ?<\/a> (Le M\u00e9dia)&nbsp;<\/p>\n\n\n\n<figure class=\"wp-block-image size-full is-resized is-style-default\"><img data-recalc-dims=\"1\" loading=\"lazy\" decoding=\"async\" src=\"https:\/\/i0.wp.com\/www.rdpemancipation.org\/wp-content\/uploads\/2022\/02\/Capture-decran-2022-02-14-a-18.04.16.png?resize=367%2C324&#038;ssl=1\" alt=\"\" class=\"wp-image-71271\" width=\"367\" height=\"324\" srcset=\"https:\/\/i0.wp.com\/www.rdpemancipation.org\/wp-content\/uploads\/2022\/02\/Capture-decran-2022-02-14-a-18.04.16.png?w=566&amp;ssl=1 566w, https:\/\/i0.wp.com\/www.rdpemancipation.org\/wp-content\/uploads\/2022\/02\/Capture-decran-2022-02-14-a-18.04.16.png?resize=300%2C264&amp;ssl=1 300w\" sizes=\"auto, (max-width: 367px) 100vw, 367px\" \/><\/figure>\n\n\n\n<p><a href=\"https:\/\/lundi.am\/Flux-Comment-la-pensee-logistique-gouverne-le-monde\">Flux. Comment la pens\u00e9e logistique gouverne le monde<\/a> (Lundi matin)<\/p>\n\n\n\n<p><a href=\"https:\/\/reporterre.net\/Cette-solidarite-elle-compte-ce-que-disent-les-convois-de-la-liberte\">\u00ab&nbsp;Cette solidarit\u00e9, elle compte&nbsp;\u00bb&nbsp;: ce que disent les \u00ab&nbsp;convois de la libert\u00e9&nbsp;\u00bb<\/a> ( Reporterre)<\/p>\n\n\n\n<p><a href=\"https:\/\/basta.media\/Eric-Vuillard-interview-La-concentration-du-pouvoir-et-des-richesses-atteint-des-sommets\">On n&rsquo;entend pas bruits de bottes, mais concentration du pouvoir et richesses atteint des sommets \u00bb<\/a> (Basta!)<\/p>\n\n\n\n<figure class=\"wp-block-image is-resized is-style-default\"><img data-recalc-dims=\"1\" loading=\"lazy\" decoding=\"async\" src=\"https:\/\/i0.wp.com\/www.chappatte.com\/prod\/wp-content\/uploads\/2018\/04\/Sp180422c-small-1-950x716.jpg?resize=433%2C326&#038;ssl=1\" alt=\"Macron, one year on | Chappatte.com\" width=\"433\" height=\"326\"\/><\/figure>\n\n\n\n<p>&nbsp;<\/p>\n\n\n\n<p><a href=\"https:\/\/linsoumission.fr\/2022\/02\/10\/castex-jets-prives-foutage-de-gueule\/\">Castex&nbsp;: jets priv\u00e9s, foutage de gueule<\/a>&nbsp; (L\u2019insoumission)<\/p>\n\n\n\n<figure class=\"wp-block-image is-resized is-style-default\"><img data-recalc-dims=\"1\" loading=\"lazy\" decoding=\"async\" src=\"https:\/\/i0.wp.com\/mamot.fr\/system\/media_attachments\/files\/107\/767\/162\/931\/601\/041\/original\/2128455a84d8ef8a.png?resize=406%2C406&#038;ssl=1\" alt=\"\" width=\"406\" height=\"406\"\/><\/figure>\n\n\n\n<p><a href=\"https:\/\/www.youtube.com\/watch?v=P1d82YOa_lw\">Macron Vs Dieu, Taubira Vs Loose et Joffrin Vs Dignit\u00e9<\/a> (JSPC) Vid\u00e9o<\/p>\n\n\n\n<figure class=\"wp-block-image size-full is-resized is-style-default\"><img data-recalc-dims=\"1\" loading=\"lazy\" decoding=\"async\" src=\"https:\/\/i0.wp.com\/www.rdpemancipation.org\/wp-content\/uploads\/2022\/02\/Capture-decran-2022-02-15-a-06.39.44.png?resize=369%2C328&#038;ssl=1\" alt=\"\" class=\"wp-image-71408\" width=\"369\" height=\"328\" srcset=\"https:\/\/i0.wp.com\/www.rdpemancipation.org\/wp-content\/uploads\/2022\/02\/Capture-decran-2022-02-15-a-06.39.44.png?w=686&amp;ssl=1 686w, https:\/\/i0.wp.com\/www.rdpemancipation.org\/wp-content\/uploads\/2022\/02\/Capture-decran-2022-02-15-a-06.39.44.png?resize=300%2C266&amp;ssl=1 300w\" sizes=\"auto, (max-width: 369px) 100vw, 369px\" \/><\/figure>\n\n\n\n<p><a href=\"https:\/\/www.youtube.com\/watch?v=0znLEPOO6hk\">Le convoi de la libert\u00e9 fera-t-il d\u00e9railler Macron&nbsp;?<\/a> (QG TV) Vid\u00e9o<\/p>\n\n\n\n<p><a href=\"https:\/\/reporterre.net\/Jeux-olympiques-arretons-le-saccage\">Jeux olympiques&nbsp;: arr\u00eatons le saccage<\/a> ( Reporterre)<\/p>\n\n\n\n<figure class=\"wp-block-image is-resized is-style-default\"><img data-recalc-dims=\"1\" loading=\"lazy\" decoding=\"async\" src=\"https:\/\/i0.wp.com\/reporterre.net\/local\/cache-vignettes\/L720xH480\/arton24568-3587a.jpg?resize=424%2C283&#038;ssl=1\" alt=\"Jeux olympiques\u00a0: arr\u00eatons le saccage\" width=\"424\" height=\"283\"\/><\/figure>\n\n\n\n<p><a href=\"https:\/\/www.franceinter.fr\/emissions\/affaires-sensibles\/affaires-sensibles-07-janvier-2020\">1961. Qui a tu\u00e9&nbsp; H, Dag Hammarskj\u00f6ld, Secr\u00e9taire G\u00e9n\u00e9ral de l\u2019ONU ? <\/a>(Affaires Sensibles)<\/p>\n\n\n\n<p><mark style=\"background-color:rgba(0, 0, 0, 0);color:#a30004\" class=\"has-inline-color\"><strong>1<\/strong><\/mark><mark style=\"background-color:rgba(0, 0, 0, 0)\" class=\"has-inline-color\"><strong style=\"color: rgb(163, 0, 4); background-color: rgba(0, 0, 0, 0);\">4 F\u00e9vrier en continu<\/strong><\/mark><\/p>\n\n\n\n<p><a href=\"https:\/\/www.facebook.com\/lafamillejerome\/videos\/956411105004818\" title=\"J\u00e9rome Rodrigues lance un appel \u00e0 l'union\">J\u00e9rome Rodrigues lance un appel \u00e0 l&rsquo;union<\/a> -vid\u00e9o<\/p>\n\n\n\n<p><strong><a href=\"https:\/\/blogs.mediapart.fr\/ceinna-coll\/blog\/130222\/gj-acte170-paris-12022022-convoidelaliberte\">GJ Acte170-Paris-12\/02\/2022-ConvoiDeLaLibert\u00e9&#8230;.<\/a>-Ceinna Coll<\/strong><\/p>\n\n\n\n<p><strong><a href=\"https:\/\/www.facebook.com\/Juliooo.Lopezovitch\/videos\/332428175565577\" title=\"J\u00e9rome Rodrigues :&quot;on veut m'abattre... je suis un prisonnier politique...&quot;!\">J\u00e9rome Rodrigues :\u00a0\u00bbon veut m&rsquo;abattre&#8230; je suis un prisonnier politique&#8230;\u00a0\u00bb!<\/a> -vid\u00e9o<\/strong><\/p>\n\n\n\n<figure class=\"wp-block-image is-resized is-style-default\"><img loading=\"lazy\" decoding=\"async\" src=\"https:\/\/scontent.fhex4-1.fna.fbcdn.net\/v\/t39.30808-6\/p526x296\/273483540_1385921615163636_8949534880283129556_n.jpg?_nc_cat=106&amp;ccb=1-5&amp;_nc_sid=730e14&amp;_nc_ohc=Ouy5CiyVh8oAX9dsQLX&amp;_nc_ht=scontent.fhex4-1.fna&amp;oh=00_AT9VTf52tg84mjuXHdYHDPNBYn5jalD9GhsoTnjbw5sOfw&amp;oe=6210209B\" alt=\"Peut \u00eatre une image de texte qui dit \u2019APPEL \u00c0 REPRENDRE LES \u00c0 PARTIR DU 19 \u00db-PN F\u00c9VRIER Contre le pass sanitaire, le co\u00fbt de la vie, le prix de l'essence, le prix de l'\u00e9lectricit\u00e9, pour l'augmentation des salaires et plus globalement pour la libert\u00e9. Organisons-nous partout en France, faites les choses avant que les autres le fasse \u00e0 votre place, occupons jusqu'\u00e0 la fin du mandat de Macron. \u00c0 partir du 19 f\u00e9vrier, on reprend les ronds-points, on occupe et on construit, on organise et on s'entraide. LE PEUPLE NE DOIT FAIRE QU'UN, SOYONS UNIS POUR NOS LIBERT\u00c9S!\u2019\" width=\"325\" height=\"502\"\/><\/figure>\n\n\n\n<p><a href=\"https:\/\/info.mediapart.fr\/optiext\/optiextension.dll?ID=NfeNfxoYjxE0ylLZcjyaBe4ZDrzW_zZKzdGP3N7LYUodf_yxUtmU1SOWWRmH1Nd6Au0jyc3Dp_hcj3gEt0gvxeURu8V3F\">P\u00e9cresse au Z\u00e9nith&nbsp;: un meeting rat\u00e9 et des emprunts \u00e0 l&rsquo;extr\u00eame droite<\/a> (MDP)<\/p>\n\n\n\n<figure class=\"wp-block-image is-resized is-style-default\"><img data-recalc-dims=\"1\" loading=\"lazy\" decoding=\"async\" src=\"https:\/\/i0.wp.com\/static.mediapart.fr\/etmagine\/default\/files\/2022\/02\/14\/2022-02-14-12-13-45-window.png?resize=447%2C471&#038;ssl=1\" alt=\"2022-02-14-12-13-45-window\" width=\"447\" height=\"471\"\/><\/figure>\n\n\n\n<p><a href=\"https:\/\/info.mediapart.fr\/optiext\/optiextension.dll?ID=NfeNcN_BDV8JriHm1Be4U%2BJLsA23kpL49cpgpRRCi2yIQEnxUwS02TD5NnVHqTTpPEqeB7fwEzhBMDA%2B%2BTGJf0nuT_AhM\">Le \u00ab Manifeste pour une mondialit\u00e9 apais\u00e9e&nbsp;\u00bb de Mireille Delmas-Marty<\/a> (MDP)<\/p>\n\n\n\n<p><a href=\"https:\/\/lepoing.net\/montpellier-revival-gilet-jaunesque-en-soutien-au-convoi-de-la-liberte\/\">Montpellier : revival gilet-jaunesque en soutien au convoi de la libert\u00e9<\/a> (Le Poing)<\/p>\n\n\n\n<p>Analyse<\/p>\n\n\n\n<p><a href=\"https:\/\/www.franceinter.fr\/emissions\/affaires-sensibles\/affaires-sensibles-06-fevrier-2020\">Mitterrand \/ Rocard : une rivalit\u00e9 \u00e0 l\u2019\u00e9preuve du pouvoir <\/a>(Affaires Sensibles) (vid\u00e9o Blast)<\/p>\n\n\n\n<p><a href=\"https:\/\/lvsl.fr\/france-relance-derriere-les-milliards-la-mort-de-letat-planificateur\/\">France Relance : derri\u00e8re les milliards, la mort de l\u2019\u00c9tat planificateur<\/a> (Le vent se l\u00e8ve)<\/p>\n\n\n\n<p><a href=\"https:\/\/positions-revue.fr\/il-faut-prendre-conscience-que-dans-tous-les-cas-le-combat-nest-pas-de-quelques-semaines-entretien-avec-stefano-palombarini\/\">L\u2019h\u00e9g\u00e9monie n\u00e9olib\u00e9rale ne se d\u00e9fait pas dans l\u2019espace d\u2019une \u00e9lection<\/a> (Position revue)<\/p>\n\n\n\n<p><a href=\"https:\/\/www.laquadrature.net\/2022\/02\/03\/emmanuel-macron-cinq-annees-de-surveillance-et-de-censure\/\">Emmanuel Macron, cinq ann\u00e9es de surveillance et de censure<\/a> (La quadrature du net)<\/p>\n\n\n\n<p><a href=\"https:\/\/www.youtube.com\/watch?v=qifPvO64V_E\">Conf\u00e9rence \u00ab\u00a0De la crise \u00e0 la chute\u00a0\u00bb<\/a> (vid\u00e9o- Aur\u00e9lien Barrau)<\/p>\n\n\n\n<p><a href=\"https:\/\/www.litteralutte.com\/contester-les-infrastructures\/\">Contester les infrastructures devenues communs n\u00e9gatifs&nbsp;<\/a> (Litt\u00e9ralutte)<\/p>\n\n\n\n<figure class=\"wp-block-image is-resized is-style-default\"><img data-recalc-dims=\"1\" loading=\"lazy\" decoding=\"async\" src=\"https:\/\/i0.wp.com\/static.mediapart.fr\/etmagine\/default\/files\/2022\/02\/14\/ces-cons-de-l-enfer-1024x617.jpg?resize=460%2C460&#038;ssl=1\" alt=\"ces-cons-de-l-enfer-1024x617\" width=\"460\" height=\"460\"\/><\/figure>\n\n\n\n<p><mark style=\"background-color:rgba(0, 0, 0, 0);color:#a30004\" class=\"has-inline-color\"><strong>1<\/strong><\/mark><mark style=\"background-color:rgba(0, 0, 0, 0)\" class=\"has-inline-color\"><strong style=\"color: rgb(163, 0, 4); background-color: rgba(0, 0, 0, 0);\">3 F\u00e9vrier en continu<\/strong><\/mark><\/p>\n\n\n\n<p><a href=\"https:\/\/www.youtube.com\/watch?v=Xu3Y4ecnp9I\">L\u2019affaire qui peut faire tomber Macron (et P\u00e9cresse\u2026)<\/a> (Tatiana Vent\u00f4se) Vid\u00e9o<\/p>\n\n\n\n<p><strong><a href=\"https:\/\/youtu.be\/4HFzy8mpuzc\" title=\"Direct meeting M\u00e9lenchon \u00e0 Montpellier\">Direct meeting M\u00e9lenchon \u00e0 Montpellier<\/a> (v<\/strong>id\u00e9o UP)<\/p>\n\n\n\n<p><a href=\"https:\/\/www.egaliteetreconciliation.fr\/Mozinor-Entretien-d-embuches-67237.html\">Entretien d\u2019 emb\u00fbches (parodie)<\/a> (Mozinor)<\/p>\n\n\n\n<p><a href=\"https:\/\/www.facebook.com\/269850326833621\/videos\/759909515398362\" title=\"Sur les Champs Elys\u00e9es hier soir les manifestants scandent : &quot;Macron d\u00e9mission&quot;\">Sur les Champs Elys\u00e9es hier soir les manifestants scandent : \u00ab\u00a0Macron d\u00e9mission\u00a0\u00bb<\/a> -vid\u00e9o<\/p>\n\n\n\n<figure class=\"wp-block-image is-resized is-style-default\"><img loading=\"lazy\" decoding=\"async\" src=\"https:\/\/scontent.fhex4-1.fna.fbcdn.net\/v\/t39.30808-6\/p526x296\/273584977_1385560561866408_6275981671864986786_n.jpg?_nc_cat=104&amp;ccb=1-5&amp;_nc_sid=730e14&amp;_nc_ohc=W5mz7SzBtrwAX8j2UPS&amp;_nc_ht=scontent.fhex4-1.fna&amp;oh=00_AT_Tl-fW9GLMpJrYK4E1ttA_ZKIjAnGImLzkGJTtgA3rxw&amp;oe=620D531E\" alt=\"Peut \u00eatre une image de 2 personnes, personnes debout, plein air et texte qui dit \u2019MCD tlds Pompiers, 9\u00e9so4portht 9\u00e9sol4 Carburants soigants Faure pi\u00e9tin\u00e9s r\u00e9voltants Pass \u00c9nergie hors de prix Libert\u00e9s sanitaire Politiques contr\u00f4l\u00e9es d\u00e9l\u00e9t\u00e8re H oppressions \u2026 oniriques aux\u2019\" width=\"401\" height=\"534\"\/><\/figure>\n\n\n\n<p><strong><a href=\"https:\/\/tendanceclaire.org\/breve.php?id=40699\">Tous les convois de la libert\u00e9 \u00e0 voir sur Youtube<\/a> (Anti-K)<\/strong><\/p>\n\n\n\n<figure class=\"wp-block-image size-full is-resized is-style-default\"><img data-recalc-dims=\"1\" loading=\"lazy\" decoding=\"async\" src=\"https:\/\/i0.wp.com\/www.rdpemancipation.org\/wp-content\/uploads\/2022\/02\/Capture-decran-2022-02-12-a-17.46.20.png?resize=411%2C493&#038;ssl=1\" alt=\"\" class=\"wp-image-70990\" width=\"411\" height=\"493\" srcset=\"https:\/\/i0.wp.com\/www.rdpemancipation.org\/wp-content\/uploads\/2022\/02\/Capture-decran-2022-02-12-a-17.46.20.png?w=584&amp;ssl=1 584w, https:\/\/i0.wp.com\/www.rdpemancipation.org\/wp-content\/uploads\/2022\/02\/Capture-decran-2022-02-12-a-17.46.20.png?resize=250%2C300&amp;ssl=1 250w\" sizes=\"auto, (max-width: 411px) 100vw, 411px\" \/><figcaption><a href=\"https:\/\/www.facebook.com\/rjmedia7\/videos\/326133419459970\/?__cft__[0]=AZUIuSidC0Ag9_jSxgjaDogDS80yugrUPSVKG6app1aM73Yt-RNiK_c43VeONYUIWIBOwRphB0gdTyT4sij5JwfqbG4RcjUYdTcXr7p6HD-SmSgz4ks2t-I3_EjvhpLyT7-1YNK5-IAkHl4Ux9YebOqEek5FPHevoTKmWLSacAjVWA&amp;__tn__=-UK-R\"><sub>https:\/\/www.facebook.com\/rjmedia7\/videos\/326133419459970<\/sub><\/a><\/figcaption><\/figure>\n\n\n\n<p><a href=\"https:\/\/www.mediapart.fr\/journal\/france\/120222\/dans-la-ville-du-premier-ministre-les-services-publics-s-etiolent\">Dans la ville du premier ministre, les services publics s\u2019\u00e9tiolent<\/a> par (M\u00e9diapart)<\/p>\n\n\n\n<p><a href=\"https:\/\/info.mediapart.fr\/optiext\/optiextension.dll?ID=TpoTkRIShz9kbxXy7hGDkaZqyOLjyZRyTkd%2BDJaUQkqTUzlDKJ0EE0GMteVIYlb74IEOsBwVqNsuWREQ0DUqzpYs5eCDR\">Hebdo #117 : roman national et vandalisme m\u00e9moriel &#8211; mener la bataille de l\u2019histoire<\/a> -Livia Garrigue<\/p>\n\n\n\n<p><a href=\"https:\/\/linsoumission.fr\/2022\/02\/09\/melenchon-candidat-pouvoir-dachat\/\">Sondage : M\u00e9lenchon, candidat du pouvoir d\u2019achat pour 46% des Fran\u00e7ais<\/a> (L\u2019Insoumission)<\/p>\n\n\n\n<p><a href=\"https:\/\/blogs.mediapart.fr\/jean-marc-b\/blog\/120222\/philippe-poutou-foutre-la-pagaille-dans-ces-elections-video-bfm\">Philippe Poutou: \u00ab\u00a0foutre la pagaille dans ces \u00e9lections\u00a0\u00bb &#8211;<\/a>vid\u00e9o BFM&nbsp;<\/p>\n\n\n\n<p><a href=\"https:\/\/rapportsdeforce.fr\/breves\/17-mars-quatre-syndicats-appellent-a-une-nouvelle-greve-nationale-sur-les-salaires-021012744\">17 mars: quatre syndicats appellent \u00e0 une nouvelle journ\u00e9e d\u2019action sur les salaires<\/a> (Rapports de force)<\/p>\n\n\n\n<p><a href=\"https:\/\/www.francetvinfo.fr\/elections\/presidentielle\/candidats\/convoi-de-la-liberte-cette-contestation-sociale-est-salutaire-selon-nathalie-arthaud-candidate-lutte-ouvriere-a-la-presidentielle_4957392.html\">Convoi de la libert\u00e9: \u00ab\u00a0contestation sociale salutaire\u00a0\u00bb, selon Nathalie Arthaud, candidate<\/a> (France Info)<\/p>\n\n\n\n<p><a href=\"https:\/\/www.francetvinfo.fr\/sante\/maladie\/coronavirus\/convoi-de-la-liberte\/convois-de-la-liberte-jerome-rodriguez-interpelle-pres-de-l-elysee_4957785.html\">\u00ab\u00a0Convois de la libert\u00e9\u00a0\u00bb : J\u00e9r\u00f4me Rodrigues interpell\u00e9 pr\u00e8s de l&rsquo;Elys\u00e9e<\/a> (France Info)<\/p>\n\n\n\n<p><a href=\"https:\/\/www.rue89strasbourg.com\/ligue-droits-homme-alerte-pratiques-prefecture-bas-rhin-incompatibles-democratie-227259\">LDH alerte sur pratiques \u00ab incompatibles avec la d\u00e9mocratie \u00bb de pr\u00e9fecture Bas-Rhin<\/a> (Rue89 Strasbourg)<\/p>\n\n\n\n<p><a href=\"https:\/\/boutique.4revues.fr\/album-macron-sous-enquetes\">Album&nbsp;: La pr\u00e9sidence Macron sous enqu\u00eates<\/a> (La revue dessin\u00e9e\/M\u00e9diapart))<\/p>\n\n\n\n<p><strong>Analyse<\/strong><\/p>\n\n\n\n<p><strong><a href=\"https:\/\/blogs.mediapart.fr\/jean-marc-b\/blog\/130222\/fevrier-mars-avril-2022-tout-est-possible-jacques-chastaing\">F\u00e9vrier, mars, avril 2022 : tout est possible ! <\/a>-Jacques Chastaing<\/strong><\/p>\n\n\n\n<p><a href=\"https:\/\/www.youtube.com\/watch?v=HJbFLTXj82c\">Interview de Macron censur\u00e9e<\/a> (Le M\u00e9dia Vid\u00e9o)<\/p>\n\n\n\n<p><strong><a href=\"https:\/\/aplutsoc.org\/2022\/02\/12\/edito-monter-sur-lelysee-mais-oui\/\">Edito : monter sur l\u2019\u00c9lys\u00e9e, mais oui&nbsp;!<\/a> (Aplutsoc)<\/strong><\/p>\n\n\n\n<p><a href=\"https:\/\/reporterre.net\/Nucleaire-le-naufrage-de-la-classe-dirigeante-francaise\">Nucl\u00e9aire : le naufrage de la classe dirigeante fran\u00e7aise<\/a> (Reporterre)<\/p>\n\n\n\n<p><a href=\"https:\/\/dijoncter.info\/autodefense-intellectuelle-valerie-pecresse-la-reine-des-voleurs-3438\">Autod\u00e9fense intellectuelle : Val\u00e9rie P\u00e9cresse, la reine des voleurs<\/a> (Dijoncter)<\/p>\n\n\n\n<p><a href=\"https:\/\/www.francetvinfo.fr\/sante\/maladie\/coronavirus\/pass-sanitaire\/abstentionniste-de-classe-moyenne-et-anti-macron-un-historien-dresse-le-portrait-robot-des-participants-au-convoi-de-la-liberte_4957707.html\">Un historien dresse le portrait-robot des participants au \u00ab\u00a0convoi de la libert\u00e9\u00a0\u00bb<\/a> (France Info)<\/p>\n\n\n\n<p><strong><a href=\"https:\/\/blogs.mediapart.fr\/jean-marc-b\/blog\/110222\/jacques-ranciere-sur-les-trente-inglorieuses\">Jacques Ranci\u00e8re sur les \u00abTrente inglorieuses\u00bb <\/a>(vid\u00e9o Interdit d\u2019interdire)<\/strong><\/p>\n\n\n\n<p><a href=\"https:\/\/tendanceclaire.org\/breve.php?id=40688\">Et si Sarkozy roulait pour Macron ?<\/a> (Le M\u00e9dia)<\/p>\n\n\n\n<p><a href=\"https:\/\/blogs.mediapart.fr\/jean-marc-b\/blog\/110222\/sortir-du-nucleaire-en-10-ans-cest-possible\">Sortir du nucl\u00e9aire en 10 ans, c&rsquo;est possible <\/a>(NPA)<\/p>\n\n\n\n<p><a href=\"https:\/\/www.franceinter.fr\/emissions\/affaires-sensibles\/affaires-sensibles-21-fevrier-2020\">L\u00e9on Blum &amp; Philippe P\u00e9tain : La France en deux <\/a>(2) (Affaires Sensibles)<\/p>\n\n\n\n<p><a href=\"https:\/\/www.franceinter.fr\/emissions\/affaires-sensibles\/affaires-sensibles-20-fevrier-2020\">L\u00e9on Blum &amp; Philippe P\u00e9tain : La France en deux <\/a>(1) (Affaires Sensibles)<\/p>\n\n\n\n<p><a href=\"https:\/\/www.laselectiondujour.com\/index.php?143477&amp;lsdj=335610\">Macron au Kremlin&nbsp;: Un coq dans la tani\u00e8re d\u2019un ours<\/a> (LSDJ)<\/p>\n\n\n\n<p><a href=\"https:\/\/blogs.mediapart.fr\/jean-marc-b\/blog\/110222\/macron-aurait-il-plus-peur-de-poutou-que-de-poutine\">Macron aurait-il plus peur de Poutou que de Poutine ?&nbsp;<\/a> -vid\u00e9o<\/p>\n\n\n\n<p><mark style=\"background-color:rgba(0, 0, 0, 0);color:#a30004\" class=\"has-inline-color\"><strong>1<\/strong><\/mark><mark style=\"background-color:rgba(0, 0, 0, 0)\" class=\"has-inline-color\"><strong style=\"color: rgb(163, 0, 4); background-color: rgba(0, 0, 0, 0);\">2 F\u00e9vrier en continu<\/strong><\/mark><\/p>\n\n\n\n<p><strong><a href=\"https:\/\/blogs.mediapart.fr\/jean-marc-b\/blog\/120222\/marchons-ensemble-pour-que-toutes-les-vies-comptent\">Marchons ensemble pour que toutes les vies comptent<\/a> -Collectif<\/strong><\/p>\n\n\n\n<p><a href=\"https:\/\/www.humanite.fr\/politique\/presidentielle-2022\/convoi-de-la-liberte-du-cote-des-politiques-entre-soutiens-et-silences#xtor=RSS-1\">Convoi de la libert\u00e9. Du c\u00f4t\u00e9 des politiques, entre soutiens et silences prudents<\/a> (L\u2019Humanit\u00e9)<\/p>\n\n\n\n<figure class=\"wp-block-image size-full is-resized is-style-default\"><img data-recalc-dims=\"1\" loading=\"lazy\" decoding=\"async\" src=\"https:\/\/i0.wp.com\/www.rdpemancipation.org\/wp-content\/uploads\/2022\/02\/Capture-decran-2022-02-12-a-12.21.02.png?resize=446%2C400&#038;ssl=1\" alt=\"\" class=\"wp-image-70963\" width=\"446\" height=\"400\" srcset=\"https:\/\/i0.wp.com\/www.rdpemancipation.org\/wp-content\/uploads\/2022\/02\/Capture-decran-2022-02-12-a-12.21.02.png?w=680&amp;ssl=1 680w, https:\/\/i0.wp.com\/www.rdpemancipation.org\/wp-content\/uploads\/2022\/02\/Capture-decran-2022-02-12-a-12.21.02.png?resize=300%2C269&amp;ssl=1 300w\" sizes=\"auto, (max-width: 446px) 100vw, 446px\" \/><\/figure>\n\n\n\n<p><strong><a href=\"https:\/\/www.revolutionpermanente.fr\/Blindes-camions-a-eau-Macron-met-Paris-en-etat-de-siege-pour-reprimer-le-convoi-de-la-liberte\">Blind\u00e9s, camions \u00e0 eau&#8230; Macron met Paris en \u00e9tat de si\u00e8ge pour r\u00e9primer le \u00ab&nbsp;convoi de la libert\u00e9&nbsp;\u00bb<\/a> (RP)<\/strong><\/p>\n\n\n\n<figure class=\"wp-block-image is-resized is-style-default\"><img loading=\"lazy\" decoding=\"async\" src=\"https:\/\/scontent.fhex4-1.fna.fbcdn.net\/v\/t39.30808-6\/273715768_10226223458882541_710671175765357903_n.jpg?_nc_cat=102&amp;ccb=1-5&amp;_nc_sid=5cd70e&amp;_nc_ohc=y7HNU7L93SYAX_sBhDi&amp;tn=aG1erXujvrTcHyrO&amp;_nc_ht=scontent.fhex4-1.fna&amp;oh=00_AT-SomkhLgCXnZ85xJeqTCw5-SGJSbMH7NWpiQdmZEe1MA&amp;oe=620C10F0\" alt=\"Peut \u00eatre une image de texte\" width=\"397\" height=\"309\"\/><\/figure>\n\n\n\n<p><a href=\"https:\/\/www.blast-info.fr\/articles\/2022\/on-ne-peut-pas-emmerder-les-francais-et-les-prendre-pour-des-cons-jean-christophe-lagarde-wrCNvAq-TCOAodIf6BcE_A\">\u00ab\u00a0On ne peut pas emmerder les fran\u00e7ais et les prendre pour des cons\u00a0\u00bb Jean Christophe Lagarde<\/a> (Blast)<\/p>\n\n\n\n<pre class=\"wp-block-preformatted has-small-font-size\">\u00ab&nbsp;Le monde n\u2019est qu\u2019une branloire p\u00e9renne. Toutes choses y branlent sans cesse&nbsp;: la terre, les rochers du Caucase, les pyramides d\u2019\u00c9gypte... La constance m\u00eame n\u2019est autre chose qu\u2019un branle plus languissant.&nbsp;\u00bb -Montaigne,&nbsp;<em>Essais<\/em>, III, 2, 1588<\/pre>\n\n\n\n<p><a href=\"https:\/\/www.mediapart.fr\/journal\/france\/110222\/les-verts-la-gauche-et-la-primaire-populaire-des-pressions-et-150-000-euros-sur-la-table\">Les Verts, la gauche et la Primaire populaire: des pressions et 150 000 euros sur la table<\/a> (M\u00e9diapart)<\/p>\n\n\n\n<p><a href=\"https:\/\/marsactu.fr\/la-guerre-entre-stephane-ravier-et-le-rn-deboussole-lextreme-droite-marseillaise\/\">La guerre entre St\u00e9phane Ravier et le RN d\u00e9boussole l\u2019extr\u00eame-droite marseillaise<\/a> (Marsactu)<\/p>\n\n\n\n<p><strong><a href=\"https:\/\/www.revolutionpermanente.fr\/500-personnes-au-Pantheon-pour-Anasse-Kazib-une-demonstration-face-a-l-extreme-droite\">500 personnes au Panth\u00e9on pour Anasse Kazib&nbsp;: une d\u00e9monstration face \u00e0 l\u2019extr\u00eame-droite<\/a> (RP)<\/strong><\/p>\n\n\n\n<p><a href=\"https:\/\/lecourrier.ch\/2022\/02\/11\/le-conseil-detat-favorable-a-linitiative-des-verts-pour-le-climat\/\">Le Conseil d\u2019Etat favorable \u00e0 l\u2019initiative des Verts pour le climat<\/a> (Le Courrier)&nbsp;<\/p>\n\n\n\n<pre class=\"wp-block-preformatted has-small-font-size\">L\u2019ancien n\u00ba2 de LREM Pierre Person a \u00e9t\u00e9 en contact avec des partenaires potentiels pour fonder une start-up dans le domaine des crypto-monnaies. Or c\u2019est un sujet sur lequel il a beaucoup travaill\u00e9 en tant que l\u00e9gislateur : il avait notamment d\u00e9pos\u00e9 et fait adopter des amendements pour en rendre la fiscalit\u00e9 plus avantageuse (<a href=\"https:\/\/pro.politico.eu\/news\/145894\">source<\/a>) (<a href=\"https:\/\/www.lesechos.fr\/finance-marches\/marches-financiers\/pierre-person-le-depute-crypto-de-lassemblee-nationale-961458\">source<\/a>) (<a href=\"https:\/\/www.lefigaro.fr\/secteur\/high-tech\/les-deputes-francais-veulent-faire-evoluer-la-fiscalite-sur-les-cryptoactifs-20211011\">source<\/a>) (<a href=\"https:\/\/www.lesechos.fr\/economie-france\/budget-fiscalite\/les-deputes-veulent-lever-les-freins-a-lessor-des-crypto-actifs-1353681\">source<\/a>) (<a href=\"https:\/\/www.liberation.fr\/economie\/economie-numerique\/nft-des-escrocs-a-la-recherche-de-pigeons-20220106_W7453KJK2NEDPAQLNBAZEUMTZY\/?redirected=1\">source<\/a>)<\/pre>\n\n\n\n<p>Analyse<\/p>\n\n\n\n<p><a href=\"https:\/\/anticapitalisme-et-revolution.blogspot.com\/2022\/02\/contre-les-zemmour-et-les-le-pen-notre.html\">Contre les Zemmour et les Le Pen : notre unit\u00e9 et notre solidarit\u00e9 de classe<\/a> (A&amp;R)<\/p>\n\n\n\n<figure class=\"wp-block-image is-style-default\"><img decoding=\"async\" src=\"https:\/\/external-frt3-2.xx.fbcdn.net\/safe_image.php?d=AQG7CPGStmZ55A7o&amp;w=500&amp;h=261&amp;url=https%3A%2F%2Fwww.cinematheque.fr%2Fmedia%2Fprogrammation%2Ffilms%2Fnosferatu-le-vampire.jpg&amp;cfs=1&amp;sx=0&amp;sy=13&amp;sw=960&amp;sh=501&amp;ext=jpg&amp;_nc_oe=6f8eb&amp;_nc_sid=632586&amp;ccb=3-5&amp;gt=1&amp;_nc_hash=AQEetplCJ9em6dKW\" alt=\"Nosferatu le vampire + cin\u00e9mix - Samedi 12 f\u00e9vrier 2022, 20h30 - La Cin\u00e9math\u00e8que fran\u00e7aise\"\/><\/figure>\n\n\n\n<p><a href=\"https:\/\/www.les-crises.fr\/valerie-pecresse-ses-declarations-de-peu-d-interets-blast\/\"><\/a><\/p>\n\n\n\n<p><a href=\"https:\/\/solidaires.org\/Relance-du-nucleaire-sans-debat-democratique-Macron-assoit-son-reve-de-grandeur\">Macron assoit son \u00ab\u00a0r\u00eave de grandeur\u00a0\u00bb sur une montagne de d\u00e9chets radioactifs<\/a> (Solidaires)<\/p>\n\n\n\n<figure class=\"wp-block-image is-style-default\"><img decoding=\"async\" src=\"https:\/\/tse3.mm.bing.net\/th?id=OIP.CMNhVfc_2cqBcmynrMTCFQHaE2&amp;pid=Api\" alt=\"th?id=OIP.CMNhVfc_2cqBcmynrMTCFQHaE2&amp;pid=Api\" title=\"Citation Patti Smith pouvoir : Le peuple a le pouvoir de ...\"\/><\/figure>\n\n\n\n<p><a href=\"https:\/\/vert.eco\/articles\/de-jean-luc-melenchon-a-eric-zemmour-que-disent-les-principaux-candidats-sur-le-nucleaire\">De Jean-Luc M\u00e9lenchon \u00e0 Eric Zemmour, que disent les principaux candidats sur le nucl\u00e9aire ? <\/a>(vert.eco)&nbsp;<\/p>\n\n\n\n<p><a href=\"https:\/\/lvsl.fr\/le-mythe-mobilisateur\/\">Red\u00e9couvrir Sorel et le mythe mobilisateur<\/a> (Le Vent Se L\u00e8ve)&nbsp;<\/p>\n\n\n\n<p><a href=\"https:\/\/www.humanite.fr\/politique\/presidentielle-2022\/retraites-le-pen-retour-aux-fondamentaux-ultra-liberaux-738082#xtor=RSS-1\">Retraites. Le Pen retour aux fondamentaux&#8230;ultra-lib\u00e9raux<\/a> par Julia Hamlaoui (L\u2019Humanit\u00e9)&nbsp;<\/p>\n\n\n\n<p><a href=\"https:\/\/www.mediapart.fr\/journal\/france\/070222\/usul-successions-faut-il-desheriter-les-heritiers\">Usul. Successions&nbsp;: faut-il d\u00e9sh\u00e9riter les h\u00e9ritiers&nbsp;?<\/a> (MDP)<\/p>\n\n\n\n<p><a href=\"http:\/\/www.regards.fr\/actu\/article\/la-persecution-francaise-des-nomades-entre-1939-et-1946\">La pers\u00e9cution fran\u00e7aise des nomades entre 1939 et 1946<\/a> (Regards) <\/p>\n\n\n\n<p><a href=\"https:\/\/www.les-crises.fr\/valerie-pecresse-ses-declarations-de-peu-d-interets-blast\/\">Les actions pass\u00e9es et cach\u00e9es de Val\u00e9rie P\u00e9cresse (B<\/a>last)<\/p>\n\n\n\n<figure class=\"wp-block-image is-resized is-style-default\"><img data-recalc-dims=\"1\" loading=\"lazy\" decoding=\"async\" src=\"https:\/\/i0.wp.com\/static.mediapart.fr\/etmagine\/default\/files\/2022\/02\/11\/2022-02-11-15-01-02-window.png?resize=429%2C453&#038;ssl=1\" alt=\"2022-02-11-15-01-02-window\" width=\"429\" height=\"453\"\/><\/figure>\n\n\n\n<p><a href=\"https:\/\/www.franceinter.fr\/emissions\/affaires-sensibles\/affaires-sensibles-30-octobre-2019\">Les Irlandais de Vincennes : l&rsquo;esbroufe des mousquetaires de l&rsquo;\u00c9lys\u00e9e <\/a>(Affaires Sensibles)<\/p>\n\n\n\n<pre class=\"wp-block-preformatted\">Selon une \u00e9tude de The Economist, la France n\u2019est plus une \u00ab&nbsp;<em>d\u00e9mocratie compl\u00e8te<\/em>&nbsp;\u00bb depuis 2020 et est class\u00e9e comme une \u00ab&nbsp;<em>d\u00e9mocratie d\u00e9faillante<\/em>&nbsp;\u00bb pour la deuxi\u00e8me ann\u00e9e cons\u00e9cutive (<a href=\"https:\/\/www.lepoint.fr\/societe\/en-2021-la-france-est-restee-une-democratie-defaillante-10-02-2022-2464209_23.php\" target=\"_blank\" rel=\"noreferrer noopener\">source<\/a>)<\/pre>\n\n\n\n<p><mark style=\"background-color:rgba(0, 0, 0, 0);color:#a30004\" class=\"has-inline-color\"><strong>1<\/strong><\/mark><mark style=\"background-color:rgba(0, 0, 0, 0)\" class=\"has-inline-color\"><strong style=\"color: rgb(163, 0, 4); background-color: rgba(0, 0, 0, 0);\">1 F\u00e9vrier en continu<\/strong><\/mark><\/p>\n\n\n\n<p><strong><a href=\"https:\/\/blogs.mediapart.fr\/jean-marc-b\/blog\/100222\/avalanche-dactions-pour-la-liberte-et-les-salaires-petoche-lelysee\">Avalanche d&rsquo;actions pour la libert\u00e9 et les salaires, p\u00e9toche \u00e0 l&rsquo;Elys\u00e9e <\/a>(Luttes Invisibles)<\/strong><\/p>\n\n\n\n<figure class=\"wp-block-image is-resized is-style-default\"><img loading=\"lazy\" decoding=\"async\" src=\"https:\/\/scontent.fhex4-2.fna.fbcdn.net\/v\/t39.30808-6\/273565716_1383936102028854_212057101712699291_n.png?_nc_cat=109&amp;ccb=1-5&amp;_nc_sid=730e14&amp;_nc_ohc=_kZMrF4ZwqQAX94swEd&amp;_nc_ht=scontent.fhex4-2.fna&amp;oh=00_AT_5Ps8ruidQAjlcnYTLaOkjv6f0KEWEwD9WGPWtsn2kGQ&amp;oe=620AFE14\" alt=\"Peut \u00eatre une image de texte qui dit \u2019Jamais vu autant de gr\u00e8ves partout. Et puis le convoi de la libert\u00e9. Courage, \u00e7a va finir par p\u00e9ter. GREVE GENERALE!\u2019\" width=\"356\" height=\"246\"\/><\/figure>\n\n\n\n<p><strong><a href=\"https:\/\/www.mediapart.fr\/journal\/france\/100222\/une-conference-d-anasse-kazib-se-transforme-en-front-antifasciste\">Une conf\u00e9rence d\u2019Anasse Kazib se transforme en front antifasciste<\/a> (M\u00e9diapart)<\/strong>&nbsp;<\/p>\n\n\n\n<p><a href=\"https:\/\/lemondeencommun.info\/melenchon-macron-a-ete-piege-a-moscou\/\">M\u00e9lenchon : \u00ab&nbsp;Macron a \u00e9t\u00e9 pi\u00e9g\u00e9 \u00e0 Moscou&nbsp;\u00bb<\/a> (MC)<\/p>\n\n\n\n<p><a href=\"https:\/\/www.mediacites.fr\/enquete\/nantes\/2022\/02\/10\/grande-purge-dans-letat-major-deric-zemmour-en-loire-atlantique\/\">Grande purge dans l\u2019\u00e9tat-major d\u2019\u00c9ric Zemmour en Loire-Atlantique<\/a> (Mediacit\u00e9s)<\/p>\n\n\n\n<p><a href=\"https:\/\/www.humanite.fr\/politique\/presidentielle-2022\/presidentielle-2022-des-candidats-pleins-didees-contre-la-precarite#xtor=RSS-1\">Pr\u00e9sidentielle 2022. Des candidats pleins d\u2019id\u00e9es contre la pr\u00e9carit\u00e9 des jeunes<\/a> (L\u2019Humanit\u00e9)&nbsp;<\/p>\n\n\n\n<p><a href=\"https:\/\/reporterre.net\/Verts-pro-nucleaires\">Chez les Verts, l&rsquo;essor discret des pronucl\u00e9aires<\/a> (Reporterre)<\/p>\n\n\n\n<p><a href=\"https:\/\/vert.eco\/articles\/taxer-les-riches-selon-leur-empreinte-carbone-quest-ce-que-l-isf-climatique-propose-par-plusieurs-candidats-a-lelysee\">Taxer les riches selon empreinte carbone :  l\u2019\u00ab ISF climatique \u00bb, propos\u00e9 par plusieurs candidats <\/a>(vert.eco)<\/p>\n\n\n\n<p><a href=\"https:\/\/info.mediapart.fr\/optiext\/optiextension.dll?ID=0wx0wGeKQl3i%2Bi5aWiY9CtAWIG_i5hd%2BAmh1DEvybsNPIyCK9CDMVxpPXPnsvZ0vgy5t1d9PKXB8PX9LNH54J%2BvC%2BTPm9\">La fleur au fusil, Emmanuel Macron annonce \u00ab&nbsp;la renaissance du nucl\u00e9aire fran\u00e7ais&nbsp;\u00bb<\/a> (MDP)<\/p>\n\n\n\n<figure class=\"wp-block-image is-resized is-style-default\"><img loading=\"lazy\" decoding=\"async\" src=\"https:\/\/tse3.mm.bing.net\/th?id=OIP.Z7l3OiTmu7Y4iv9dlDog9gFNC7&amp;pid=Api\" alt=\"th?id=OIP.Z7l3OiTmu7Y4iv9dlDog9gFNC7&amp;pid=Api\" width=\"530\" height=\"297\" title=\"\u00ab Emmanuel Macron, c'est le grand flou ! \u00bb Jean d'Ormesson ...\"\/><\/figure>\n\n\n\n<p><a href=\"https:\/\/info.mediapart.fr\/optiext\/optiextension.dll?ID=0wx0wdZxN2bn8ISdl7qC474gks13JDSIMzeVDgO95rdV50oK9H6VpETSgg4QAiq968PRmspyuzWZQBxghhxgEdcWonACS\">Val\u00e9rie P\u00e9cresse cherche son second souffle<\/a> (MDP)<\/p>\n\n\n\n<figure class=\"wp-block-image is-resized is-style-default\"><img data-recalc-dims=\"1\" loading=\"lazy\" decoding=\"async\" src=\"https:\/\/i0.wp.com\/static.mediapart.fr\/etmagine\/default\/files\/2022\/02\/10\/1-a-aa-woerth-ds.jpg?resize=383%2C383&#038;ssl=1\" alt=\"1-a-aa-woerth-ds\" width=\"383\" height=\"383\"\/><\/figure>\n\n\n\n<figure class=\"wp-block-image size-full is-resized is-style-default\"><img data-recalc-dims=\"1\" loading=\"lazy\" decoding=\"async\" src=\"https:\/\/i0.wp.com\/www.rdpemancipation.org\/wp-content\/uploads\/2022\/02\/Capture-decran-2022-02-11-a-10.19.10.png?resize=397%2C342&#038;ssl=1\" alt=\"\" class=\"wp-image-70813\" width=\"397\" height=\"342\" srcset=\"https:\/\/i0.wp.com\/www.rdpemancipation.org\/wp-content\/uploads\/2022\/02\/Capture-decran-2022-02-11-a-10.19.10.png?w=674&amp;ssl=1 674w, https:\/\/i0.wp.com\/www.rdpemancipation.org\/wp-content\/uploads\/2022\/02\/Capture-decran-2022-02-11-a-10.19.10.png?resize=300%2C259&amp;ssl=1 300w\" sizes=\"auto, (max-width: 397px) 100vw, 397px\" \/><\/figure>\n\n\n\n<p>Analyse<\/p>\n\n\n\n<p><a href=\"https:\/\/www.lemediatv.fr\/emissions\/2022\/les-fachos-ont-ils-gagne-la-bataille-culturelle-contre-matinale-90-ECRtOJ3-SgiHjvFNtng1aA\">Les fachos ont-ils gagn\u00e9 la bataille culturelle ? | Contre-Matinale #90<\/a> (Le M\u00e9dia)<\/p>\n\n\n\n<p><a href=\"https:\/\/basta.media\/France-2030-Campagne-electorale-Macron-argent-public-CAC40-AlloBercy-avion-vert-hydrogene-nucleaire\">France 2030 : 34 mrds pour booster la campagne Macron et le complexe techno-industriel <\/a>(Basta!)&nbsp;<\/p>\n\n\n\n<p><a href=\"https:\/\/multinationales.org\/France-2030-34-milliards-d-euros-pour-qui-et-pour-quoi\">France 2030 : 34 milliards d&rsquo;euros pour qui et pour quoi ?<\/a> (Observatoire des multinationales)<\/p>\n\n\n\n<p><a href=\"https:\/\/www.contretemps.eu\/front-national-algerie-colonialisme-le-pen\/\">Qui cr\u00e9a le Front national ? Deuxi\u00e8me partie : les nostalgiques de l\u2019Alg\u00e9rie fran\u00e7aise<\/a> (Contretemps)&nbsp;<\/p>\n\n\n\n<p><a href=\"https:\/\/lemondeencommun.info\/melenchon-il-faut-etre-non-aligne\/\">M\u00e9lenchon : \u00ab&nbsp;Il faut \u00eatre non-align\u00e9&nbsp;\u00bb<\/a>(MC)<\/p>\n\n\n\n<p><a href=\"https:\/\/lemondeencommun.info\/publication-du-livret-paix-de-lavenir-en-commun\/\">Le livret \u00ab&nbsp;Paix&nbsp;\u00bb de l\u2019Avenir en commun est sorti !<\/a> (MC)<\/p>\n\n\n\n<p><a href=\"https:\/\/www.francetvinfo.fr\/elections\/presidentielle\/presidentielle-2022-ce-que-proposent-les-candidats-sur-le-nucleaire-et-l-avenir-des-centrales-francaises_4953255.html\">Ce que proposent les candidats sur le nucl\u00e9aire et l&rsquo;avenir des centrales fran\u00e7aises<\/a> (France Info)<\/p>\n\n\n\n<p><a href=\"https:\/\/blogs.mediapart.fr\/jean-marc-b\/blog\/100222\/crime-d-etat-jean-casanova\">Crime d\u2019\u00c9tat &#8211; <\/a>Jean Casanova<\/p>\n\n\n\n<p><a href=\"https:\/\/www.tandfonline.com\/doi\/full\/10.1080\/07393148.2022.2031024\">Nouvelles approches US de la violence politique<\/a> (anglais -New Political Science)<\/p>\n\n\n\n<p><a href=\"https:\/\/www.franceinter.fr\/emissions\/affaires-sensibles\/affaires-sensibles-16-decembre-2020\">D\u00e9colonisations fran\u00e7aises (3) : 1962, l&rsquo;Alg\u00e9rie <\/a>(Affaires Sensibles)<\/p>\n\n\n\n<p><a href=\"https:\/\/lecourrierdesstrateges.fr\/2022\/02\/08\/gerald-darmanin-et-damien-abad-en-competition-pour-le-prix-de-la-meilleure-brosse-a-reluire\/\">Darmanin et Abad en comp\u00e9tition pour le prix de la meilleure brosse \u00e0 reluire<\/a>&nbsp;(Le Courrier des Strat\u00e8ges)<\/p>\n\n\n\n<figure class=\"wp-block-image is-resized is-style-default\"><img loading=\"lazy\" decoding=\"async\" src=\"https:\/\/scontent.fhex4-2.fna.fbcdn.net\/v\/t39.30808-6\/p180x540\/273535849_1383272742095190_7849507496699923697_n.png?_nc_cat=109&amp;ccb=1-5&amp;_nc_sid=730e14&amp;_nc_ohc=W02YSn6gmLcAX8xpwmW&amp;_nc_ht=scontent.fhex4-2.fna&amp;oh=00_AT8skTt4ZCpaTq0xY9yQCy_dRgJVQX1_gbzc4kH_fvT4ag&amp;oe=6209F647\" alt=\"Peut \u00eatre une image de 2 personnes et texte qui dit \u2019PourlasaiValentn Pour la saint Valentin il pensait offrir un bracelet \u00e0 sa femme bonne ou mauvaise id\u00e9e chabrerie\u2019\" width=\"462\" height=\"260\"\/><\/figure>\n\n\n\n<figure class=\"wp-block-image is-resized is-style-default\"><img loading=\"lazy\" decoding=\"async\" src=\"https:\/\/pbs.twimg.com\/media\/FLKoe27XsAMZi0n?format=jpg&amp;name=small\" alt=\"\" width=\"345\" height=\"282\"\/><\/figure>\n\n\n\n<p><mark style=\"background-color:rgba(0, 0, 0, 0);color:#a30004\" class=\"has-inline-color\"><strong>10<\/strong><\/mark><mark style=\"background-color:rgba(0, 0, 0, 0)\" class=\"has-inline-color\"><strong style=\"color: rgb(163, 0, 4); background-color: rgba(0, 0, 0, 0);\"> F\u00e9vrier en continu<\/strong><\/mark><\/p>\n\n\n\n<p><strong><a href=\"https:\/\/blogs.mediapart.fr\/jean-marc-b\/blog\/100222\/convoi-de-la-liberte-le-mouvement-qui-veut-emmerder-macron\">Convoi de la libert\u00e9 : le mouvement qui veut emmerder Macron <\/a>(Nantes R\u00e9volt\u00e9e)<\/strong><\/p>\n\n\n\n<p><strong><a href=\"https:\/\/tendanceclaire.org\/breve.php?id=40681\">Poutine a bel et bien humili\u00e9 Macron <\/a>(vid\u00e9o Le M\u00e9dia)<\/strong><\/p>\n\n\n\n<figure class=\"wp-block-image is-resized is-style-default\"><img data-recalc-dims=\"1\" loading=\"lazy\" decoding=\"async\" src=\"https:\/\/i0.wp.com\/static.mediapart.fr\/etmagine\/default\/files\/2022\/02\/09\/le-choc-des-mots-le-poids-des-blindes-1024x672.jpg?resize=531%2C349&#038;ssl=1\" alt=\"le-choc-des-mots-le-poids-des-blindes-1024x672\" width=\"531\" height=\"349\"\/><\/figure>\n\n\n\n<p><a href=\"https:\/\/www.humanite.fr\/politique\/massacre-de-charonne\/charonne-le-bref-communique-demmanuel-macron-ne-satisfait-pas-737750#xtor=RSS-1\">Charonne. Le bref communiqu\u00e9 d\u2019Emmanuel Macron ne satisfait pas<\/a> (L\u2019Humanit\u00e9)&nbsp;<\/p>\n\n\n\n<p><a href=\"http:\/\/www.regards.fr\/videos\/article\/convoi-de-la-liberte-attention-chaussee-glissante-le-asap-de-catherine-tricot\">Convoi de la libert\u00e9 : attention, chauss\u00e9e glissante. Le #ASAP de Catherine Tricot<\/a> (Regards)&nbsp;<\/p>\n\n\n\n<p><a href=\"https:\/\/lanticapitaliste.org\/actualite\/politique\/eric-zemmour-netait-pas-le-bienvenu-lille\">\u00c9ric Zemmour n\u2019\u00e9tait pas le bienvenu \u00e0 Lille\u2009!<\/a> (L\u2019Anticapitaliste)<\/p>\n\n\n\n<figure class=\"wp-block-image is-resized is-style-default\"><img loading=\"lazy\" decoding=\"async\" src=\"https:\/\/encrypted-tbn0.gstatic.com\/images?q=tbn:ANd9GcRHloIOoieBRkm_rCidf6V7BH9itm_ApISm-g&amp;usqp=CAU\" alt=\"Charbonnier Fran\u00e7ois (@fnice06) \/ Twitter\" width=\"299\" height=\"372\"\/><\/figure>\n\n\n\n<p><a href=\"https:\/\/info.mediapart.fr\/optiext\/optiextension.dll?ID=WstWvnAJ8SSSVEaf4MsvCEgdyXA1dfqrcVbG3ejKInuq0Oma51FFChMnlJagO48cq4FLppRZ1vaKlaN9UsqnTM8bg91y6\">L\u2019ex-adjoint \u00e0 l\u2019urbanisme d\u2019Hidalgo vis\u00e9 par une enqu\u00eate du parquet national financier<\/a> (MDP)<\/p>\n\n\n\n<p><a href=\"http:\/\/t.nl.francetvinfo.fr\/r\/?id=h2a86d90b,679604d1,5f372080\">Eric Woerth va soutenir Emmanuel Macron et se met \u00ab\u00a0en cong\u00e9\u00a0\u00bb des R\u00e9publicains<\/a> (France Info)<\/p>\n\n\n\n<p><a href=\"https:\/\/www.google.com\/url?rct=j&amp;sa=t&amp;url=https:\/\/actu.fr\/nouvelle-aquitaine\/bordeaux_33063\/emmanuel-macron-pas-pret-a-se-faire-mitrailler-par-philippe-poutou-selon-liberation_48537053.html&amp;ct=ga&amp;cd=CAEYASoUMTA0MDkyNTY3MzY0ODYzMjg4MTQyGjc5Y2ZlNGQwNmZkN2I5YzI6Y29tOmZyOlVT&amp;usg=AFQjCNHg1Osm3HdRGC4VqhPhkK3bxpkaTw\">Macron, pas pr\u00eat \u00e0 se faire \u00ab\u00a0mitrailler\u00a0\u00bb par Philippe Poutou, selon Lib\u00e9ration &#8211; <\/a>Actu.fr<\/p>\n\n\n\n<p><a href=\"https:\/\/www.lemediatv.fr\/emissions\/2022\/darmanin-derape-mafia-des-parrainages-lactu-du-jour-contre-matinale-89-INaehwMZT2azMdxkRdjhsg\">Darmanin d\u00e9rape, mafia des parrainages\u2026 l\u2019actu du jour | Contre-matinale #89<\/a> (Le M\u00e9dia)<\/p>\n\n\n\n<figure class=\"wp-block-image is-resized is-style-default\"><img data-recalc-dims=\"1\" loading=\"lazy\" decoding=\"async\" src=\"https:\/\/i0.wp.com\/static.mediapart.fr\/etmagine\/default\/files\/2022\/02\/09\/2022-02-09-10-21-22-window.png?resize=431%2C518&#038;ssl=1\" alt=\"2022-02-09-10-21-22-window\" width=\"431\" height=\"518\"\/><\/figure>\n\n\n\n<p>Analyse<\/p>\n\n\n\n<p><strong><a href=\"https:\/\/www.contretemps.eu\/jeune-marx-podcast-garo-lowy\/\">Le jeune Marx, ou comment Marx est devenu r\u00e9volutionnaire [Podcast]<\/a> ( Contretemps)<\/strong><\/p>\n\n\n\n<figure class=\"wp-block-image is-resized is-style-default\"><img data-recalc-dims=\"1\" loading=\"lazy\" decoding=\"async\" src=\"https:\/\/i0.wp.com\/www.contretemps.eu\/wp-content\/uploads\/2022-02-09-11.47.07.jpg?resize=510%2C278&#038;ssl=1\" alt=\"\" width=\"510\" height=\"278\"\/><\/figure>\n\n\n\n<p><a href=\"https:\/\/la-bas.org\/6650\">Quand George Orwell prenait les armes contre Franco<\/a> (L\u00e0-bas si j\u2019y suis)<\/p>\n\n\n\n<p><a href=\"https:\/\/blogs.mediapart.fr\/jean-marc-b\/blog\/090222\/philippe-poutou-une-voix-singuliere-lelection-presidentielle-de-2022\">Philippe Poutou, une voix singuli\u00e8re \u00e0 l&rsquo;\u00e9lection pr\u00e9sidentielle de 2022 <\/a>-vid\u00e9o<\/p>\n\n\n\n<p><a href=\"https:\/\/info.mediapart.fr\/optiext\/optiextension.dll?ID=WstWwwlsNmuagGAgPMgThB0ZaoJwujNfZLTRT2HAX%2BcgAUQa5G7ePTiG8drns7_uZp%2Be7F5Uk1hBHJnvnOn93JM2lTUqi\">Mon rond-point dans ta gueule<\/a> &#8211; Sofiene Boumaza<\/p>\n\n\n\n<p><a href=\"http:\/\/t.nl.francetvinfo.fr\/r\/?id=h2a86d90b,679604d1,5f37207e\">Oppos\u00e9s au pass mais \u00ab\u00a0pas antivax\u00a0\u00bb&#8230;Ils font route vers Paris <\/a> (France Info)<\/p>\n\n\n\n<p><a href=\"https:\/\/theconversationfrance.cmail20.com\/t\/r-l-truiuhjy-bljhhjjkyu-x\/\">Sur Twitter, une nouvelle forme de mobilisation politique ?<\/a> (The Conversation)<\/p>\n\n\n\n<p><a href=\"https:\/\/info.mediapart.fr\/optiext\/optiextension.dll?ID=WstWq9lSUD5nttkXIT8ANjqIEiGRpkZKUrJMYi6bOGjudoka5lvwEigCRa_opnpkzLm2CAZNRIjpm2uLwIAXTyzLpnm4j\">Continuer la lutte anti-militariste avec l&rsquo;inspiration d&rsquo;Andr\u00e9e Michel<\/a> -Jules Falquet<\/p>\n\n\n\n<p><a href=\"https:\/\/theconversationfrance.cmail20.com\/t\/r-l-truiuhjy-bljhhjjkyu-z\/\">Comment l\u2019\u00ab alt-right \u00bb fran\u00e7aise s\u2019approprie les codes TikTok, Instagram ou YouTube<\/a> (The Conversation)<\/p>\n\n\n\n<figure class=\"wp-block-image is-resized is-style-default\"><img data-recalc-dims=\"1\" loading=\"lazy\" decoding=\"async\" src=\"https:\/\/i0.wp.com\/static.mediapart.fr\/etmagine\/default\/files\/2022\/02\/09\/2022-02-09-10-21-13-window.png?resize=370%2C427&#038;ssl=1\" alt=\"2022-02-09-10-21-13-window\" width=\"370\" height=\"427\"\/><\/figure>\n\n\n\n<p><a href=\"https:\/\/theconversationfrance.cmail20.com\/t\/r-l-truiuhjy-bljhhjjkyu-e\/\">Derri\u00e8re les chiffres, qui sont les sondeurs ?<\/a> (The Conversation)<\/p>\n\n\n\n<p><a href=\"https:\/\/theconversationfrance.cmail20.com\/t\/r-l-truiuhjy-bljhhjjkyu-g\/\">En graphiques&nbsp;: comment les&nbsp;Fran\u00e7ais s\u2019informent-ils en&nbsp;ligne&nbsp;?<\/a> (The Conversation)<\/p>\n\n\n\n<p><a href=\"https:\/\/lanticapitaliste.org\/opinions\/politique\/les-capitalistes-ont-de-plus-en-plus-de-mal-cacher-le-fait-quils-nous-volent\">\u00ab\u2009Les capitalistes ont de plus en plus de mal \u00e0 cacher le fait qu\u2019ils nous volent\u2009\u00bb<\/a> -Olivier Mateu<\/p>\n\n\n\n<p><strong><a href=\"https:\/\/lanticapitaliste.org\/actualite\/politique\/philippe-poutou-plein-de-choses-dire-emmanuel-macron\">Philippe Poutou a \u00abplein de choses \u00e0 dire\u00bb \u00e0 Emmanuel Macron<\/a> (Lib\u00e9ration)<\/strong><\/p>\n\n\n\n<figure class=\"wp-block-image is-resized is-style-default\"><img loading=\"lazy\" decoding=\"async\" src=\"https:\/\/scontent.fhex4-2.fna.fbcdn.net\/v\/t39.30808-6\/p526x296\/273237231_1082854812279130_4642068354449594246_n.jpg?_nc_cat=111&amp;ccb=1-5&amp;_nc_sid=8bfeb9&amp;_nc_ohc=kOTKbXlO40YAX-ZHwCX&amp;_nc_ht=scontent.fhex4-2.fna&amp;oh=00_AT97u0P_zi6svnW4ZAZVd3jycgfyr9V2Syn965wy6vwyqA&amp;oe=620A1A32\" alt=\"Peut \u00eatre une image de 2 personnes et personnes debout\" width=\"315\" height=\"467\"\/><\/figure>\n\n\n\n<p><a href=\"https:\/\/theconversationfrance.cmail20.com\/t\/r-l-truiuhjy-bljhhjjkyu-a\/\">Le Post-it, le pr\u00e9sident, les m\u00e8mes et nous<\/a> (The Conversation)<\/p>\n\n\n\n<figure class=\"wp-block-image is-resized is-style-default\"><img data-recalc-dims=\"1\" loading=\"lazy\" decoding=\"async\" src=\"https:\/\/i0.wp.com\/static.mediapart.fr\/etmagine\/default\/files\/2022\/02\/09\/2022-02-09-13-06-58-lhistoire-dun-mec-le-club.png?resize=418%2C323&#038;ssl=1\" alt=\"2022-02-09-13-06-58-lhistoire-dun-mec-le-club\" width=\"418\" height=\"323\"\/><\/figure>\n\n\n\n<p><a href=\"http:\/\/www.regards.fr\/actu\/article\/zemmour-peut-creer-un-accident-la-victoire-de-le-pen\">\u00ab Zemmour peut cr\u00e9er un accident : la victoire de Le Pen \u00bb <\/a>(Regards)<\/p>\n\n\n\n<p><a href=\"https:\/\/vert.eco\/articles\/que-peut-on-esperer-du-sommet-one-ocean\">Que peut-on esp\u00e9rer du sommet \u00ab One Ocean \u00bb ?<\/a>&nbsp; (vert.eco)&nbsp;<\/p>\n\n\n\n<p><a href=\"https:\/\/reporterre.net\/Les-six-enjeux-et-oublis-du-One-Ocean-Summit\">Les six enjeux (et oublis) du One Ocean Summit<\/a> (Reporterre)<\/p>\n\n\n\n<p><a href=\"http:\/\/www.regards.fr\/actu\/article\/et-maintenant-de-quoi-le-communisme-pourrait-il-etre-le-nom\">Et maintenant, de quoi le communisme pourrait-il \u00eatre le nom ?<\/a> (Regards)&nbsp;<\/p>\n\n\n\n<p><a href=\"https:\/\/lanticapitaliste.org\/opinions\/culture\/quoi-quil-en-coute-ou-la-fuite-en-avant-du-capitalisme-de-tom-thomas\">\u00ab\u2009Quoi qu\u2019il en co\u00fbte\u2009\u00bb ou la fuite en avant du capitalisme, de Tom Thomas<\/a>&#8211; Daniel Minvielle<\/p>\n\n\n\n<p><a href=\"https:\/\/info.mediapart.fr\/optiext\/optiextension.dll?ID=WstWrWY3c2pqhinHx9Uukv2fUdbLgPXClTCh4dKkDcMkevrG5A9lTFMDrXVDupPRjNC6KG1VOj_43oCshleZ_tS5d0uWK\">Comme \u00e0 la prunelle de mes yeux<\/a>&nbsp; -Dominique Vidal<\/p>\n\n\n\n<p><a href=\"https:\/\/tendanceclaire.org\/breve.php?id=40680\">\u00ab\u00a0L\u2019\u00e9mission populaire\u00a0\u00bb avec Claire Lejeune, Arnaud Viviant, Thomas Portes, H\u00e9l\u00e8ne Boussel<\/a> (UP)<\/p>\n\n\n\n<figure class=\"wp-block-image is-resized is-style-default\"><img data-recalc-dims=\"1\" loading=\"lazy\" decoding=\"async\" src=\"https:\/\/i0.wp.com\/static.mediapart.fr\/etmagine\/default\/files\/2022\/02\/09\/2022-02-09-10-20-37-window.png?resize=337%2C401&#038;ssl=1\" alt=\"2022-02-09-10-20-37-window\" width=\"337\" height=\"401\"\/><\/figure>\n\n\n\n<p><a href=\"https:\/\/www.franceinter.fr\/emissions\/affaires-sensibles\/affaires-sensibles-15-decembre-2020\">D\u00e9colonisations fran\u00e7aises (2) : l&rsquo;Afrique <\/a>(Affaires Sensibles)<\/p>\n\n\n\n<figure class=\"wp-block-image is-resized is-style-default\"><img data-recalc-dims=\"1\" loading=\"lazy\" decoding=\"async\" src=\"https:\/\/i0.wp.com\/cdn.radiofrance.fr\/s3\/cruiser-production\/2020\/12\/17bc6fed-c914-43b6-8198-bccbe72b2604\/1136_decolonisation_afrique.jpg?resize=449%2C317&#038;ssl=1\" alt=\"26 ao\u00fbt 1958,  Abidjan, le pr\u00e9sident fran\u00e7ais Charles de Gaulle, debout dans une voiture d\u00e9capotable, salue la foule lors de sa visite officielle en C\u00f4te d'Ivoire, deux ans avant l'accession de la colonie \u00e0 l'ind\u00e9pendance\" width=\"449\" height=\"317\"\/><figcaption><sub>26 ao\u00fbt 1958, Abidjan, de Gaulle, salue la foule en C\u00f4te d&rsquo;Ivoire, deux ans avant <\/sub><br><sub>l&rsquo;accession de la colonie \u00e0 l&rsquo;ind\u00e9pendance \u00a9 AFP \/ cr\u00e9dit AFP<\/sub><\/figcaption><\/figure>\n\n\n\n<p><mark style=\"background-color:rgba(0, 0, 0, 0);color:#a30004\" class=\"has-inline-color\"><strong>9 F\u00e9vrier en continu<\/strong><\/mark><\/p>\n\n\n\n<p><strong><a href=\"https:\/\/www.facebook.com\/lafamillejerome\/videos\/526974801954506\" title=\"Appel J\u00e9r\u00f4me Rodriguez: Tous avec les convois pour les libert\u00e9s, contre le pass vaccinal et la hausse des prix\">Appel J\u00e9r\u00f4me Rodriguez: Tous avec les convois pour les libert\u00e9s, contre le pass et la hausse des prix<\/a> -vid\u00e9o<\/strong><\/p>\n\n\n\n<p><a href=\"https:\/\/www.mediapart.fr\/journal\/france\/080222\/jean-castex-une-passion-immoderee-pour-les-jets-de-la-republique\">Jean Castex: une passion immod\u00e9r\u00e9e pour les jets de la R\u00e9publique<\/a> (M\u00e9diapart)&nbsp;<\/p>\n\n\n\n<p><strong><a href=\"https:\/\/www.contretemps.eu\/roussel-pcf-communisme-elections-strategie-melenchon-gauche\/\">Fabien Roussel, Don Quichotte d\u2019un communisme introuvable<\/a> (Contretemps)<\/strong><\/p>\n\n\n\n<p><a href=\"http:\/\/www.regards.fr\/actu\/article\/debat-roussel-medef-on-refait-le-match\">D\u00e9bat Roussel-Medef : on refait le match<\/a>&nbsp; (Regards)&nbsp;<\/p>\n\n\n\n<p><a href=\"https:\/\/vert.eco\/articles\/sur-lecologie-le-communiste-fabien-roussel-fait-campagne-a-droite\">Sur l\u2019\u00e9cologie, le communiste Fabien Roussel fait campagne \u00e0 droite<\/a> (vert.eco)&nbsp;<\/p>\n\n\n\n<p><a href=\"https:\/\/www.blast-info.fr\/articles\/2022\/valerie-pecresse-ses-declarations-de-peu-dinterets-o6V9CXJ3TVm3r7OyJblP3Q\">Val\u00e9rie P\u00e9cresse, ses d\u00e9clarations de peu d\u2019int\u00e9r\u00eats<\/a> (Blast<\/p>\n\n\n\n<p><a href=\"https:\/\/www.humanite.fr\/politique\/montreuil\/montreuil-est-un-antidote-aux-idees-deric-zemmour-737462#xtor=RSS-1\">Montreuil est un antidote aux id\u00e9es d\u2019Eric Zemmour \u00bb<\/a> (L\u2019Humanit\u00e9)<\/p>\n\n\n\n<p><a href=\"https:\/\/www.streetpress.com\/sujet\/1644251816-rempart-groupe-militaire-bastons-fascistes-colle-zemmour-neonazis\">Rempart, ce groupe amateur de bastons et de goodies fascistes qui colle pour Zemmour<\/a> (StreetPress)<\/p>\n\n\n\n<p><a href=\"https:\/\/www.francetvinfo.fr\/monde\/afrique\/algerie\/manifestation-au-metro-charonne-en-1962-emmanuel-macron-rend-hommage-aux-victimes-une-premiere-pour-un-president-de-la-republique_4949886.html\">Macron rend hommage aux victimes de Charonne, premi\u00e8re pour un pr\u00e9sident de la R\u00e9publique<\/a> (France Info)<\/p>\n\n\n\n<figure class=\"wp-block-image is-style-default\"><img decoding=\"async\" src=\"https:\/\/scontent.fhex4-1.fna.fbcdn.net\/v\/t39.30808-6\/273383488_1382222915533506_6848424204420093479_n.png?_nc_cat=100&amp;ccb=1-5&amp;_nc_sid=730e14&amp;_nc_ohc=k2hYAeSOlgAAX-o4fbz&amp;_nc_ht=scontent.fhex4-1.fna&amp;oh=00_AT_QDeZJjl2LTWIq5BBfowo4vX7iDet_Gz1A_wxArZQXDA&amp;oe=62085252\" alt=\"Peut \u00eatre une image de texte\"\/><\/figure>\n\n\n\n<p>Analyse<\/p>\n\n\n\n<p><strong><a href=\"https:\/\/info.mediapart.fr\/optiext\/optiextension.dll?ID=ZrqZxYyJVu2xJ_xrVFNxpbvabf8k0zGyeb6aQhQWa7YWG3md6mo1yl%2BO_JCu3b9tfIZ%2BoGEGeCYrF1YzDKZksGKHgZoBK\">Macron, on fait le bilan<\/a> (Attac France)<\/strong><\/p>\n\n\n\n<figure class=\"wp-block-image is-resized is-style-default\"><img loading=\"lazy\" decoding=\"async\" src=\"https:\/\/tse3.mm.bing.net\/th?id=OIP.Z7l3OiTmu7Y4iv9dlDog9gFNC7&amp;pid=Api\" alt=\"th?id=OIP.Z7l3OiTmu7Y4iv9dlDog9gFNC7&amp;pid=Api\" width=\"534\" height=\"300\" title=\"\u00ab Emmanuel Macron, c'est le grand flou ! \u00bb Jean d'Ormesson ...\"\/><\/figure>\n\n\n\n<p><strong><a href=\"https:\/\/lanticapitaliste.org\/actualite\/politique\/debat-presidentiel-de-quoi-macron-t-il-peur\">D\u00e9bat pr\u00e9sidentiel : de quoi Macron a-t-il peur\u2009?<\/a> (L\u2019Anticapitaliste)<\/strong><\/p>\n\n\n\n<figure class=\"wp-block-image is-resized is-style-default\"><img data-recalc-dims=\"1\" loading=\"lazy\" decoding=\"async\" src=\"https:\/\/i0.wp.com\/static.mediapart.fr\/etmagine\/default\/files\/2022\/02\/07\/le-candidat-malgre-lui-1-1024x699.jpg?resize=409%2C279&#038;ssl=1\" alt=\"le-candidat-malgre-lui-1-1024x699\" width=\"409\" height=\"279\"\/><\/figure>\n\n\n\n<p><a href=\"https:\/\/linsoumission.fr\/2022\/02\/01\/melenchon-aussi-proche-second-tour\/\">M\u00e9lenchon jamais aussi proche du second tour<\/a> (L\u2019Insoumission)<\/p>\n\n\n\n<p><a href=\"https:\/\/www.streetpress.com\/sujet\/1644254144-valek-precurseur-nouvelle-vague-fachosphere-antisemite\">Valek, pr\u00e9curseur de la nouvelle vague de la fachosph\u00e8re<\/a> (StreetPress)<\/p>\n\n\n\n<p><a href=\"https:\/\/rue89bordeaux.com\/2022\/02\/pourquoi-la-gauche-radicale-bordelaise-a-implose-et-avance-divisee-au-conseil-municipal\/\">Pourquoi la gauche radicale bordelaise a implos\u00e9 et avance divis\u00e9e au conseil municipal<\/a> (Rue89 Bordeaux)<\/p>\n\n\n\n<figure class=\"wp-block-image size-full is-resized is-style-default\"><img data-recalc-dims=\"1\" loading=\"lazy\" decoding=\"async\" src=\"https:\/\/i0.wp.com\/www.rdpemancipation.org\/wp-content\/uploads\/2022\/02\/Capture-decran-2022-02-09-a-07.27.52.png?resize=339%2C336&#038;ssl=1\" alt=\"\" class=\"wp-image-70443\" width=\"339\" height=\"336\" srcset=\"https:\/\/i0.wp.com\/www.rdpemancipation.org\/wp-content\/uploads\/2022\/02\/Capture-decran-2022-02-09-a-07.27.52.png?w=540&amp;ssl=1 540w, https:\/\/i0.wp.com\/www.rdpemancipation.org\/wp-content\/uploads\/2022\/02\/Capture-decran-2022-02-09-a-07.27.52.png?resize=300%2C297&amp;ssl=1 300w, https:\/\/i0.wp.com\/www.rdpemancipation.org\/wp-content\/uploads\/2022\/02\/Capture-decran-2022-02-09-a-07.27.52.png?resize=150%2C150&amp;ssl=1 150w\" sizes=\"auto, (max-width: 339px) 100vw, 339px\" \/><\/figure>\n\n\n\n<p><a href=\"https:\/\/lesjours.fr\/obsessions\/idees-fixes-saison-2\/ep2-grand-remplacement\/\">Le grand n\u2019importe quoi du \u00ab grand remplacement \u00bb<\/a> (Les Jours)<\/p>\n\n\n\n<p><a href=\"https:\/\/lundi.am\/Marathon-de-la-confusion-retour-sur-le-Congres-Franco-Italien-de-la-resistance\">Marathon de la confusion&nbsp;: retour sur le \u00ab&nbsp;Congr\u00e8s Franco-Italien de la r\u00e9sistance&nbsp;\u00bb<\/a> (Lundi Matin)<\/p>\n\n\n\n<p>&nbsp;<a href=\"https:\/\/lundi.am\/L-Empire-qui-ne-veut-pas-mourir-Une-histoire-de-la-Francafrique\">L\u2019Empire qui ne veut pas mourir. Une histoire de la Fran\u00e7afrique<\/a> -Note de lecture (Lundi Matin<\/p>\n\n\n\n<p><a href=\"https:\/\/www.franceinter.fr\/emissions\/affaires-sensibles\/affaires-sensibles-14-decembre-2020\">D\u00e9colonisations fran\u00e7aises (1) : l&rsquo;Orient et la fin de l&rsquo;Indochine fran\u00e7aise <\/a>(Affaires Sensibles)<\/p>\n\n\n\n<p><a href=\"https:\/\/www.bondyblog.fr\/politique\/presidentielle-2022\/que-propose-la-france-insoumise-aux-quartiers-populaires\/\">Que propose La France Insoumise aux quartiers populaires ?<\/a> (Le Bondy Blog)&nbsp;<\/p>\n\n\n\n<figure class=\"wp-block-image is-resized is-style-default\"><img data-recalc-dims=\"1\" loading=\"lazy\" decoding=\"async\" src=\"https:\/\/i0.wp.com\/lanticapitaliste.org\/sites\/default\/files\/styles\/largeur_content_hauteur_complet\/public\/ukraine_1.jpg?resize=409%2C272&#038;ssl=1\" alt=\"\" width=\"409\" height=\"272\"\/><\/figure>\n\n\n\n<p><mark style=\"background-color:rgba(0, 0, 0, 0);color:#a30004\" class=\"has-inline-color\"><strong>8 F\u00e9vrier en continu<\/strong><\/mark><\/p>\n\n\n\n<p><strong><a href=\"https:\/\/www.marianne.net\/agora\/les-signatures-de-marianne\/julian-assange-lhonneur-perdu-de-lassemblee-nationale\">Julian Assange : l\u2019honneur perdu de l\u2019Assembl\u00e9e nationale<\/a> (Marianne)<\/strong><\/p>\n\n\n\n<p><a href=\"https:\/\/www.revolutionpermanente.fr\/Presidentielle-Generation-Identitaire-veut-empecher-Anasse-Kazib-de-parler-a-la-Sorbonne-faisons\">G\u00e9n\u00e9ration Identitaire veut emp\u00eacher Anasse Kazib de parler \u00e0 la Sorbonne, faisons front&nbsp;!<\/a> (RP)<\/p>\n\n\n\n<p><a href=\"https:\/\/info.mediapart.fr\/optiext\/optiextension.dll?ID=UmnUoRW5zU9XxsP9pdr7hIAgGYR8pnZN9u7sgz4eQmqrfU4_N_PWKV6DRMjddkJ4fJVtE6G2RKSsXdyyhBgfl15XoOBwe\">Patrick Balkany retourne en prison, Claude Gu\u00e9ant va en sortir<\/a> (MDP)<\/p>\n\n\n\n<figure class=\"wp-block-image is-resized is-style-default\"><img data-recalc-dims=\"1\" loading=\"lazy\" decoding=\"async\" src=\"https:\/\/i0.wp.com\/static.mediapart.fr\/etmagine\/default\/files\/2022\/02\/07\/tentative-de-sous-cide-1022x1024.jpg?resize=447%2C448&#038;ssl=1\" alt=\"tentative-de-sous-cide-1022x1024\" width=\"447\" height=\"448\"\/><\/figure>\n\n\n\n<p><a href=\"https:\/\/reporterre.net\/En-Bretagne-ils-s-unissent-contre-le-lobby-agroalimentaire\">En Bretagne, ils s\u2019unissent contre le lobby agroalimentaire<\/a> (Reporterre)<\/p>\n\n\n\n<p><a href=\"https:\/\/www.humanite.fr\/politique\/presidentielle-2022\/marseille-fabien-roussel-donne-un-horizon-aux-jours-heureux-737280#xtor=RSS-1\">\u00c0 Marseille, Fabien Roussel donne un horizon aux jours heureux<\/a> (L\u2019Humanit\u00e9)<\/p>\n\n\n\n<p><a href=\"https:\/\/www.mediapart.fr\/journal\/france\/070222\/publication-debut-de-semaine-une-societe-offshore-et-des-especes-le-mystere-de-la-maserati-du-ministre-de\">Une soci\u00e9t\u00e9 offshore et des esp\u00e8ces: le myst\u00e8re de la Maserati du ministre de la justice<\/a> (M\u00e9diapart)<\/p>\n\n\n\n<p><strong><a href=\"https:\/\/www.youtube.com\/watch?v=vxKTm0WMpl0\">Le face \u00e0 face avec Edwy Plenel<\/a> -vid\u00e9o<\/strong><\/p>\n\n\n\n<p><a href=\"https:\/\/www.youtube.com\/watch?v=Ey9yXP5SXIk\">Juan Branco : \u00ab\u00a0Agn\u00e8s Buzyn a monnay\u00e9 son silence !\u00a0\u00bb<\/a> (Les Incorrectibles)<\/p>\n\n\n\n<p><a href=\"https:\/\/www.lemediatv.fr\/emissions\/2022\/melenchon-sur-tf1-roussel-a-marseille-zemmour-a-lille-le-week-end-politique-contre-matinale-87-tc8-DectQmOfFhsX18CEKQ\">M\u00e9lenchon sur TF1, Roussel \u00e0 Marseille, Zemmour \u00e0 Lille&#8230;Contre-Matinale #87<\/a> (Le M\u00e9dia)<\/p>\n\n\n\n<figure class=\"wp-block-image is-resized is-style-default\"><img data-recalc-dims=\"1\" loading=\"lazy\" decoding=\"async\" src=\"https:\/\/i0.wp.com\/mamot.fr\/system\/cache\/media_attachments\/files\/107\/722\/354\/819\/411\/449\/original\/094598858645d0a0.jpg?resize=381%2C381&#038;ssl=1\" alt=\"\" width=\"381\" height=\"381\"\/><\/figure>\n\n\n\n<p><a href=\"https:\/\/www.francetvinfo.fr\/replay-radio\/entre-les-lignes\/eric-zemmour-devant-les-policiers-guerre-civile-et-repression_4924223.html\">Zemmour devant les policiers : guerre civile et r\u00e9pression<\/a> (France Info)<\/p>\n\n\n\n<p>&nbsp;<a href=\"https:\/\/www.frustrationmagazine.fr\/profits-salaires-2021\/\">Les salaires stagnent, les profits explosent : comment l\u2019expliquer, comment tout changer<\/a> (Frustration)<\/p>\n\n\n\n<p><a href=\"https:\/\/reporterre.net\/La-mobilisation-decolle-contre-l-extension-de-l-aeroport-de-Lille\">La mobilisation d\u00e9colle contre l&rsquo;extension de l&rsquo;a\u00e9roport de Lille<\/a> (Reporterre)&nbsp;<\/p>\n\n\n\n<p><a href=\"https:\/\/reporterre.net\/A-Brest-un-ilot-de-resistance-contre-la-surexploitation-des-oceans\">\u00c0 Brest, un \u00eelot de r\u00e9sistance contre la surexploitation des oc\u00e9ans<\/a> (Reporterre)<\/p>\n\n\n\n<p><a href=\"https:\/\/rue89bordeaux.com\/2022\/02\/myriam-eckert-militante-chevronnee-nouvelle-elue-municipale-a-bordeaux-dune-autre-gauche-radicale\/\">Myriam Eckert, militante chevronn\u00e9e et \u00e9lue municipale d&rsquo;une autre gauche radicale <\/a>(Rue89 Bordeaux)&nbsp;<\/p>\n\n\n\n<p><a href=\"https:\/\/www.revolutionpermanente.fr\/Selon-le-Canard-enchaine-Zemmour-aurait-declare-8-fois-moins-que-le-montant-reel-de-ses-revenus\">Selon le Canard encha\u00een\u00e9, Zemmour aurait d\u00e9clar\u00e9 8 fois moins que le montant r\u00e9el de ses revenus<\/a> (RP)<\/p>\n\n\n\n<figure class=\"wp-block-image is-resized is-style-default\"><img data-recalc-dims=\"1\" loading=\"lazy\" decoding=\"async\" src=\"https:\/\/i0.wp.com\/static.mediapart.fr\/etmagine\/default\/files\/2022\/02\/07\/jean-marie-le-pen-victime-d-un-avc-1024x1024.jpg?resize=397%2C397&#038;ssl=1\" alt=\"jean-marie-le-pen-victime-d-un-avc-1024x1024\" width=\"397\" height=\"397\"\/><\/figure>\n\n\n\n<p>Analyse<\/p>\n\n\n\n<p><strong><a href=\"https:\/\/blogs.mediapart.fr\/jean-marc-b\/blog\/070222\/ecosocialisme-et-decroissance-parlons-en\">\u00c9cosocialisme et d\u00e9croissance : parlons-en <\/a>-Lorenzo Velotti<\/strong><\/p>\n\n\n\n<p>F<a href=\"https:\/\/www.youtube.com\/watch?v=0O6tJAp1sdA\" title=\"rancis Cousin : Critique de l'actualit\u00e9 et des temps pr\u00e9sents&nbsp;\">rancis Cousin : Critique de l&rsquo;actualit\u00e9 et des temps pr\u00e9sents&nbsp;<\/a>(Guerre de classe)<\/p>\n\n\n\n<p><a href=\"https:\/\/www.frustrationmagazine.fr\/profits-salaires-2021\/\">Les salaires stagnent, les profits explosent : comment l\u2019expliquer, comment tout changer<\/a> (Frustration)<\/p>\n\n\n\n<p><a href=\"https:\/\/blogs.mediapart.fr\/franc-serres\/blog\/070222\/analyse-de-la-situation-sociale-et-economique-actuelle\">Analyse de la situation sociale et \u00e9conomique actuelle<\/a>-Franc Serres<\/p>\n\n\n\n<p><a href=\"https:\/\/www.marxiste.org\/index.php?option=com_content&amp;view=article&amp;id=3013:critique-marxiste-du-programme-de-la-france-insoumise&amp;catid=19:politique-francaise\">Critique marxiste du programme de la France insoumise<\/a> (TMI)<\/p>\n\n\n\n<figure class=\"wp-block-image is-resized is-style-default\"><img data-recalc-dims=\"1\" loading=\"lazy\" decoding=\"async\" src=\"https:\/\/i0.wp.com\/static.mediapart.fr\/etmagine\/default\/files\/2022\/02\/07\/nous-sommes-tous-condamnes-a-la-peine-capital-1024x1024.jpg?resize=427%2C427&#038;ssl=1\" alt=\"nous-sommes-tous-condamnes-a-la-peine-capital-1024x1024\" width=\"427\" height=\"427\"\/><\/figure>\n\n\n\n<p><a href=\"https:\/\/www.lignes-de-cretes.org\/rioufol-lantisemitisme-lislamophobie-ou-l-histoire-dun-manque-dhygienisme-antiraciste\/\">Rioufol, l\u2019antis\u00e9mitisme, l\u2019islamophobie ou l\u2019histoire d\u2019un manque d\u2019hygi\u00e9nisme antiraciste.<\/a> (Lignes de cr\u00eates)&nbsp;<\/p>\n\n\n\n<p><a href=\"https:\/\/lenumerozero.info\/Retour-sur-la-manifestation-antifasciste-du-Puy-en-Velay-5548\">Retour sur la manifestation antifasciste du Puy-en-Velay<\/a> (N\u00b0 Z\u00e9ro)<\/p>\n\n\n\n<p><a href=\"http:\/\/www.observatoire-des-sondages.org\/eric-zemmour-le-sous-evalue\">Eric Zemmour&nbsp;: le sous-\u00e9valu\u00e9&nbsp;?<\/a> (Observatoire des sondages)<\/p>\n\n\n\n<figure class=\"wp-block-image is-resized is-style-default\"><img data-recalc-dims=\"1\" loading=\"lazy\" decoding=\"async\" src=\"https:\/\/i0.wp.com\/france3-regions.francetvinfo.fr\/image\/DiV7xWZZaws85gUip9IyACLdVc0\/600x400\/regions\/2022\/02\/05\/61fe7f9aeed63_img-8538.jpg?resize=433%2C289&#038;ssl=1\" alt=\"300 personnes ont manifest\u00e9 \u00e0 Lille, samedi 5 f\u00e9vrier pour dire &quot;non au racisme&quot; avant un meeting d'Eric Zemmour\" width=\"433\" height=\"289\"\/><\/figure>\n\n\n\n<p><a href=\"https:\/\/www.revolutionpermanente.fr\/VIDEO-Echanges-autour-de-l-actualite-et-la-crise-de-l-imperialisme-francais\">VIDEO. Actualit\u00e9 et crise de l\u2019imp\u00e9rialisme fran\u00e7ais<\/a> (RP)<\/p>\n\n\n\n<p><a href=\"https:\/\/basta.media\/rino-della-negra-histoire-footballeur-antifasciste-Red-Star-supporteurs\">Rino Della Negra, histoire d&rsquo;un jeune footballeur antifasciste<\/a> (Basta!)&nbsp;<\/p>\n\n\n\n<p><a href=\"https:\/\/basta.media\/la-France-doit-participer-traite-interdiction-des-armes-nucleaires-ONU\">La France doit participer \u00e0 la premi\u00e8re conf\u00e9rence du Trait\u00e9 sur l&rsquo;interdiction des armes nucl\u00e9aires <\/a> (Basta!)&nbsp;<\/p>\n\n\n\n<p><a href=\"https:\/\/www.francetvinfo.fr\/elections\/presidentielle\/candidats\/presidentielle-ils-ne-veulent-pas-rester-dans-le-titanic-hidalgo-ces-elus-socialistes-qui-rejoignent-la-majorite_4948107.html\">Ces \u00e9lus socialistes qui \u00ab\u00a0ne veulent pas rester dans le &lsquo;Titanic&rsquo; Hidalgo\u00a0\u00bb et rejoignent la majorit\u00e9<\/a> (France Info)<\/p>\n\n\n\n<p><a href=\"http:\/\/www.observatoire-des-sondages.org\/zemmour-un-nouvel-envol-signe-bollore-la-preuve\">Zemmour, un nouvel envol sign\u00e9 Bollor\u00e9&nbsp;: la preuve<\/a> (Observatoire des sondages)<\/p>\n\n\n\n<p><a href=\"https:\/\/info.mediapart.fr\/optiext\/optiextension.dll?ID=UmnUpxZX2E4wuJK%2BmJtqBYE2VW4KbMZNUSEQJwIwxYTpQMl_N0sqI27_Op7pmJiF_QRLdxdRwGO6ZvGKsqIghGsY9G22G\">Punir un lanceur d&rsquo;alerte pour avoir t\u00e9moign\u00e9 devant l&rsquo;Assembl\u00e9e est inacceptable<\/a>(Maison Lanceurs d\u2019Alerte)<\/p>\n\n\n\n<p><a href=\"https:\/\/info.mediapart.fr\/optiext\/optiextension.dll?ID=UmnUj8bi_uK1nK%2BcUZq0LEOzpeXzsrfdxOS5Q670kQnqxCN_MynqJ1Fz8jVJlWBgMGAul9On4KqHWlN1lZw8GwtI6kKgJ\">Macron-Orpea : m\u00eame combat !<\/a> -Ruffin Fran\u00e7ois<\/p>\n\n\n\n<figure class=\"wp-block-image is-resized is-style-default\"><img data-recalc-dims=\"1\" loading=\"lazy\" decoding=\"async\" src=\"https:\/\/i0.wp.com\/static.mediapart.fr\/etmagine\/default\/files\/2022\/02\/07\/combien-de-doses-pour-avoir-son-pass-768x500.jpg?resize=574%2C373&#038;ssl=1\" alt=\"combien-de-doses-pour-avoir-son-pass-768x500\" width=\"574\" height=\"373\"\/><\/figure>\n\n\n\n<p><a href=\"https:\/\/info.mediapart.fr\/optiext\/optiextension.dll?ID=UmnUioAh0smWHx1tFwzxq883k3dnoaa3r5w8knhwlcqLbFU_Nc0eFt7Wa2Nj_itBpE9aUkvvtkhfRfDbGLCphYrS3EGU0\">Usul. Successions&nbsp;: faut-il d\u00e9sh\u00e9riter les h\u00e9ritiers&nbsp;?<\/a> -Usul et Ostpolitik<\/p>\n\n\n\n<p><a href=\"https:\/\/www.huffingtonpost.fr\/entry\/eelv-pcf-et-insoumis-satomisent-sur-le-nucleaire_fr_61fa5e9de4b02136b6eddad1\">EELV, PCF et Insoumis s\u2019atomisent sur le nucl\u00e9aire<\/a> (huffingtonpost)<\/p>\n\n\n\n<p><a href=\"https:\/\/www.marxiste.org\/index.php?option=com_content&amp;view=article&amp;id=3013:critique-marxiste-du-programme-de-la-france-insoumise&amp;catid=19:politique-francaise\">Critique marxiste du programme de la France insoumise<\/a> (TMI)<\/p>\n\n\n\n<p><a href=\"https:\/\/www.lignes-de-cretes.org\/rioufol-lantisemitisme-lislamophobie-ou-l-histoire-dun-manque-dhygienisme-antiraciste\/\">Rioufol, l\u2019antis\u00e9mitisme, l\u2019islamophobie ou l\u2019histoire d\u2019un manque d\u2019hygi\u00e9nisme antiraciste.<\/a> (Lignes de cr\u00eates)&nbsp;<\/p>\n\n\n\n<p><a href=\"https:\/\/lenumerozero.info\/Retour-sur-la-manifestation-antifasciste-du-Puy-en-Velay-5548\">Retour sur la manifestation antifasciste du Puy-en-Velay<\/a> (N\u00b0 Z\u00e9ro)<\/p>\n\n\n\n<p><a href=\"https:\/\/info.mediapart.fr\/optiext\/optiextension.dll?ID=UmnUo41C2qlpjF6oPkZjFIhjFtnjGD3izm%2BJONf0R3aV%2B9UENvDHf1e3Oz3GY3zEYia5z9ErdnbbFxwNdue2x4flOg0og\">\u00c0 Limoges, mon voisin l\u2019antis\u00e9mite<\/a> (MDP)<\/p>\n\n\n\n<p><a href=\"https:\/\/www.hacking-social.com\/2022\/01\/31\/comment-manipuler-les-elections-laffaire-cambridge-analytica\/\">Comment manipuler les \u00e9lections&nbsp;? L\u2019affaire Cambridge Analytica<\/a> (hacking-social)<\/p>\n\n\n\n<figure class=\"wp-block-image is-resized is-style-default\"><img data-recalc-dims=\"1\" loading=\"lazy\" decoding=\"async\" src=\"https:\/\/i0.wp.com\/static.mediapart.fr\/etmagine\/default\/files\/2022\/02\/07\/le-candidat-malgre-lui-1-1024x699.jpg?resize=407%2C278&#038;ssl=1\" alt=\"le-candidat-malgre-lui-1-1024x699\" width=\"407\" height=\"278\"\/><\/figure>\n\n\n\n<p><a href=\"https:\/\/www.franceinter.fr\/emissions\/affaires-sensibles\/affaires-sensibles-31-octobre-2019\">Dans les bas-fonds de la R\u00e9publique <\/a>(Affaires Sensibles)<\/p>\n\n\n\n<figure class=\"wp-block-image is-resized is-style-default\"><img loading=\"lazy\" decoding=\"async\" src=\"https:\/\/scontent.fhex4-1.fna.fbcdn.net\/v\/t39.30808-6\/273276291_2988425651411695_4592081217434027554_n.jpg?_nc_cat=102&amp;ccb=1-5&amp;_nc_sid=730e14&amp;_nc_ohc=-71H1pNFjuYAX-uXG-g&amp;_nc_ht=scontent.fhex4-1.fna&amp;oh=00_AT8C1-w3ntcSz6qACLXrNPVECRqQaN7EAGbUV4ckqFFI8g&amp;oe=62068215\" alt=\"Peut \u00eatre une image de 9 personnes et texte qui dit \u2019< La pire offense que l'on peut faire aux victimes, c'est l'oubli Pierre Paraf* Daniel Fery Anne-Claude Godeau Fanny Dewerpe Suzanne Martorell Le tevrier 196 9 travailleun syndiq de la CGT dont 8 \u00e9taient membres du Parti Communiste Fran\u00e7ais ont \u00e9t\u00e9 sauva- gement assassin\u00e9s par des brigades sp\u00e9ciales de poli ce sur l'ordre de Maurice apon, alors Pr\u00e9fet de police de Paris et de Roger Frey, Ministre de l'Int\u00e9rieu du Gouvernement de l'\u00e9poque. Edouard Lemarchand Jean- jerre Bernard Citation Maurice Raymond Podard Wintgens de I'ntroduction au livre de David Diamant Nathan Hyppolite Pina Charonne\u2019\" width=\"549\" height=\"370\"\/><\/figure>\n\n\n\n<p><mark style=\"background-color:rgba(0, 0, 0, 0);color:#a30004\" class=\"has-inline-color\"><strong>7 F\u00e9vrier en continu<\/strong><\/mark><\/p>\n\n\n\n<p><strong><a href=\"https:\/\/www.youtube.com\/watch?app=desktop&amp;v=zqKTV8F2O48&amp;utm_source=sfmc&amp;utm_medium=email&amp;utm_campaign\">Soignants suspendus en souffrance&nbsp;: ignoble<\/a> (Nexus)<\/strong><\/p>\n\n\n\n<p><a href=\"https:\/\/blogs.mediapart.fr\/ceinna-coll\/blog\/060222\/gj-acte169-paris-05022022-contrepassvaccinal\">GJ Acte169-Paris-05\/02\/2022-ContrePassVaccina<\/a>&#8211; <a href=\"https:\/\/blogs.mediapart.fr\/ceinna-coll\">Ceinna Coll<\/a><\/p>\n\n\n\n<p><a href=\"https:\/\/blogs.mediapart.fr\/jean-marc-b\/blog\/060222\/la-marche-de-la-revolution-est-la-sous-nos-yeux-jacques-chastaing\"><strong>La marche de la r\u00e9volution est l\u00e0, sous nos yeux -Jacques Chastaing&nbsp;<\/strong><\/a><\/p>\n\n\n\n<p><a href=\"https:\/\/www.francetvinfo.fr\/societe\/nucleaire\/ardeche-intervention-des-pompiers-ce-dimanche-pour-eteindre-un-depart-de-feu-a-la-centrale-nucleaire-de-cruas-meysse_4946445.html\">Intervention pompiers ce jour pour \u00e9teindre d\u00e9part de feu centrale nucl\u00e9aire Cruas-Meysse<\/a> (France info)<\/p>\n\n\n\n<p><a href=\"https:\/\/www.saphirnews.com\/Le-FORIF-un-nouveau-modele-de-dialogue-avec-l-islam-de-France-sous-les-feux-de-la-rampe_a28618.html\">Le FORIF, un nouveau mod\u00e8le de dialogue avec l\u2019islam de France sous les feux de la rampe<\/a> (SaphirNews)&nbsp;<\/p>\n\n\n\n<p><strong><a href=\"https:\/\/info.mediapart.fr\/optiext\/optiextension.dll?ID=bJIbGxMiWJCUbiCvxDRi4gYAChIslhVgtjuU5HBxpvvqXsPrjJqB1RoLdP61x5qmsEiBU80uM%2BKGbMnEky77P56Hrr8bG\">M\u00e9dias et politiques&nbsp;: ce que r\u00e9v\u00e8lent les \u00e9coutes Bollor\u00e9<\/a> (MDP)<\/strong><\/p>\n\n\n\n<p><a href=\"https:\/\/info.mediapart.fr\/optiext\/optiextension.dll?ID=bJIbHG5kzX0vYpa27XfCrLnNlwsRcnOj59iyl59%2ByIKdQNnriFLHJeYX8yhaucHtw3axPKdpRe5s9kcwvoewj1VHaXTrZ\">Parrainages&nbsp;: la grande fatigue des maires<\/a> (MDP)<\/p>\n\n\n\n<figure class=\"wp-block-image is-resized is-style-default\"><img data-recalc-dims=\"1\" loading=\"lazy\" decoding=\"async\" src=\"https:\/\/i0.wp.com\/www.bdfugue.com\/media\/catalog\/product\/cache\/1\/image\/400x\/17f82f742ffe127f42dca9de82fb58b1\/9\/7\/9782723499972_1_75.jpg?resize=354%2C408&#038;ssl=1\" alt=\"la petite philo de mafalda - \u00e0 la soupe ! - BDfugue.com\" width=\"354\" height=\"408\"\/><\/figure>\n\n\n\n<p><a href=\"https:\/\/info.mediapart.fr\/optiext\/optiextension.dll?ID=bJIbGY%2BI9TNzcoxEVOZEqg8DkDNRmroaOwAPGWVs8Q7Fa6tXjo51N7O2Sc2L17n4P%2BNEjCIZ5aMreemHMEMoc2NphSZ5n\">\u00c0 Reims, les sympathisants du RN entre fid\u00e9lit\u00e9 et doute<\/a> (MDP)<\/p>\n\n\n\n<figure class=\"wp-block-image size-full is-resized is-style-default\"><img data-recalc-dims=\"1\" loading=\"lazy\" decoding=\"async\" src=\"https:\/\/i0.wp.com\/www.rdpemancipation.org\/wp-content\/uploads\/2022\/02\/Capture-decran-2022-02-07-a-07.52.12.png?resize=423%2C390&#038;ssl=1\" alt=\"\" class=\"wp-image-70106\" width=\"423\" height=\"390\" srcset=\"https:\/\/i0.wp.com\/www.rdpemancipation.org\/wp-content\/uploads\/2022\/02\/Capture-decran-2022-02-07-a-07.52.12.png?w=674&amp;ssl=1 674w, https:\/\/i0.wp.com\/www.rdpemancipation.org\/wp-content\/uploads\/2022\/02\/Capture-decran-2022-02-07-a-07.52.12.png?resize=300%2C277&amp;ssl=1 300w\" sizes=\"auto, (max-width: 423px) 100vw, 423px\" \/><\/figure>\n\n\n\n<p><a href=\"https:\/\/www.youtube.com\/watch?v=NnCJambY6D0\" target=\"_blank\" rel=\"noreferrer noopener\">LREM contre la r\u00e9vocabilit\u00e9 des \u00e9lus !<\/a>&nbsp;(LCI)<\/p>\n\n\n\n<p><a href=\"https:\/\/www.youtube.com\/watch?v=BKt_SDNwZlk\" target=\"_blank\" rel=\"noreferrer noopener\">Les riches s\u2019enrichissent parce qu\u2019ils piquent l\u2019argent \u00e0 la soci\u00e9t\u00e9 &#8211; &nbsp;P. Poutou<\/a>&nbsp;(France 2)<\/p>\n\n\n\n<p><a href=\"https:\/\/www.youtube.com\/watch?v=bHNJO-LLxtA\" target=\"_blank\" rel=\"noreferrer noopener\">Allo M\u00e9lenchon #4 : Face \u00e0 Baba, , police, SMIC, Mali, , parrainages, handicap, EHPAD<\/a>&nbsp; (LFI)<\/p>\n\n\n\n<p><a href=\"https:\/\/www.youtube.com\/watch?v=WxduGqsmdqw\" target=\"_blank\" rel=\"noreferrer noopener\">De Villiers un r\u00e9actionnaire pas si fou<\/a>&nbsp;(Blast)<\/p>\n\n\n\n<p><a href=\"https:\/\/www.youtube.com\/watch?v=Y5O9XNovVJQ\" target=\"_blank\" rel=\"noreferrer noopener\">Marc Endeweld : \u00ab Et si Zemmour \u00e9tait l\u2019idiot utile d\u2019un deal entre Bollor\u00e9 et l\u2019Elys\u00e9e ? \u00bb<\/a>&nbsp;(Marianne)<\/p>\n\n\n\n<figure class=\"wp-block-image is-resized is-style-default\"><img data-recalc-dims=\"1\" loading=\"lazy\" decoding=\"async\" src=\"https:\/\/i0.wp.com\/static.mediapart.fr\/etmagine\/default\/files\/2022\/02\/06\/1-a-aa-aah-croyance-zemmour-ds.jpg?resize=451%2C538&#038;ssl=1\" alt=\"1-a-aa-aah-croyance-zemmour-ds\" width=\"451\" height=\"538\"\/><\/figure>\n\n\n\n<p><a href=\"https:\/\/www.youtube.com\/watch?v=AtWWi8VcOBs\" target=\"_blank\" rel=\"noreferrer noopener\">Avec Jean-Luc #M\u00e9lenchon, nous r\u00e9formerons la police de la cave au grenier | Ugo Bernalicis<\/a>&nbsp;(BFMTV)<\/p>\n\n\n\n<figure class=\"wp-block-image size-full is-style-default\"><img data-recalc-dims=\"1\" loading=\"lazy\" decoding=\"async\" width=\"438\" height=\"573\" src=\"https:\/\/i0.wp.com\/www.rdpemancipation.org\/wp-content\/uploads\/2022\/02\/Capture-decran-2022-02-06-a-16.40.25.png?resize=438%2C573&#038;ssl=1\" alt=\"\" class=\"wp-image-70002\" srcset=\"https:\/\/i0.wp.com\/www.rdpemancipation.org\/wp-content\/uploads\/2022\/02\/Capture-decran-2022-02-06-a-16.40.25.png?w=438&amp;ssl=1 438w, https:\/\/i0.wp.com\/www.rdpemancipation.org\/wp-content\/uploads\/2022\/02\/Capture-decran-2022-02-06-a-16.40.25.png?resize=229%2C300&amp;ssl=1 229w\" sizes=\"auto, (max-width: 438px) 100vw, 438px\" \/><figcaption><em><strong><sub>Wpros<\/sub><\/strong><sub><strong>t<\/strong><\/sub><\/em><strong><sub>&nbsp;(<\/sub><\/strong><em><sub><strong>\u00ab&nbsp;Direct&nbsp;\u00bb)&nbsp;<\/strong><\/sub><\/em><strong><sub>hebdo polonais lib\u00e9ral- conservateur <\/sub><\/strong><\/figcaption><\/figure>\n\n\n\n<p>Analyse<\/p>\n\n\n\n<p><strong><a href=\"https:\/\/info.mediapart.fr\/optiext\/optiextension.dll?ID=cGHcJQ92ZJoxvAR_hShlFQx4cAPXJgg1VzahKVWeDAeSaf%2BskAPZOqoTzComaswQF_f6jnNaQDEZGUi5s4fkh_Uz3t%2B68\">Pour la constitution d&rsquo;un front anti-autoritaire et altermondialiste<\/a> -Collectif<\/strong><\/p>\n\n\n\n<p><a href=\"https:\/\/www.blast-info.fr\/articles\/2022\/res-publica-un-bilan-critique-des-cinq-ans-de-la-presidence-macron-en-bd-xcmRtT2tQUGt98FHiojp0A\">\u201cRes Publica\u201d : un bilan critique des cinq ans de la pr\u00e9sidence Macron en BD<\/a> ( Blast)<\/p>\n\n\n\n<figure class=\"wp-block-image is-resized is-style-default\"><img data-recalc-dims=\"1\" loading=\"lazy\" decoding=\"async\" src=\"https:\/\/i0.wp.com\/static.blast-info.fr\/attachments\/stories\/2022\/xcmRtT2tQUGt98FHiojp0A\/attachment--lDXyWYERHKSBoZ7pIhsDQ.jpeg?resize=331%2C437&#038;ssl=1\" alt=\"\" width=\"331\" height=\"437\"\/><\/figure>\n\n\n\n<p><a href=\"https:\/\/info.mediapart.fr\/optiext\/optiextension.dll?ID=bJIbI3rdYzujgc21u7NpZTZ11i%2B9Yyx6Jy9uvqTJnBaO5S2Xj%2BvoSD5dhy%2B9dF748A4kVQanwT6Ve3nIz6UXuEbztfmzT\">Z. ou le spectre du pass\u00e9<\/a> -CVU<\/p>\n\n\n\n<figure class=\"wp-block-image is-resized is-style-default\"><img data-recalc-dims=\"1\" loading=\"lazy\" decoding=\"async\" src=\"https:\/\/i0.wp.com\/static.mediapart.fr\/etmagine\/default\/files\/2022\/01\/15\/60605719c1fdd.jpg?resize=340%2C606&#038;ssl=1\" alt=\"60605719c1fdd\" width=\"340\" height=\"606\"\/><\/figure>\n\n\n\n<p><a href=\"https:\/\/theconversation.com\/election-presidentielle-deux-idees-fausses-a-propos-des-reseaux-sociaux-175534\">\u00c9lection pr\u00e9sidentielle&nbsp;: deux id\u00e9es fausses \u00e0 propos des r\u00e9seaux sociaux<\/a> (The Conversation)<\/p>\n\n\n\n<p><a href=\"https:\/\/theconversation.com\/dou-vient-lobsession-identitaire-de-la-politique-francaise-175540\">D\u2019o\u00f9 vient l\u2019obsession identitaire de la politique fran\u00e7aise&nbsp;?<\/a> (The Conversation)<\/p>\n\n\n\n<p><a href=\"https:\/\/www.youtube.com\/watch?v=0yAnggORKsk\" target=\"_blank\" rel=\"noreferrer noopener\">D\u00e9fense nationale : mon programme, c&rsquo;est l&rsquo;ind\u00e9pendance de la France<\/a>&nbsp;(LFI)<\/p>\n\n\n\n<p><a href=\"https:\/\/aplutsoc.org\/2022\/02\/03\/poi-le-naufrage-du-lambertisme-par-robert-duguet\/\" target=\"_blank\" rel=\"noreferrer noopener\">POI, le naufrage du lambertisme. par Robert Duguet.<\/a>&nbsp;(Aplutsoc)<\/p>\n\n\n\n<p><a href=\"https:\/\/www.connaissancedesenergies.org\/afp\/la-transition-energetique-est-trop-lente-un-serieux-avertissement-pour-le-monde-211013\">Transition \u00e9nerg\u00e9tique \u00ab trop lente \u00bb, \u00ab s\u00e9rieux avertissement \u00bb<\/a> (<a href=\"https:\/\/www.connaissancedesenergies.org\/afp\/la-transition-energetique-est-trop-lente-un-serieux-avertissement-pour-le-monde-211013\">Connaissance des \u00e9nergies<\/a>)<\/p>\n\n\n\n<p><a href=\"https:\/\/info.mediapart.fr\/optiext\/optiextension.dll?ID=bJIbLht6iTfoG6HCNLeswHIwe%2BO4gAV7zXs8F4AHt7uYQ5iXi%2B2fWjqCnl9boyiN3JKQNNitEINxev4LYfUytOqz9e_Hq\">Pourquoi l\u2019\u00e9lection pr\u00e9sidentielle en France est-elle si singuli\u00e8re<\/a> &#8211; Paul Alli\u00e8s<\/p>\n\n\n\n<figure class=\"wp-block-image size-full is-style-default\"><img data-recalc-dims=\"1\" loading=\"lazy\" decoding=\"async\" width=\"555\" height=\"416\" src=\"https:\/\/i0.wp.com\/www.rdpemancipation.org\/wp-content\/uploads\/2022\/02\/image-27.png?resize=555%2C416&#038;ssl=1\" alt=\"\" class=\"wp-image-69995\" srcset=\"https:\/\/i0.wp.com\/www.rdpemancipation.org\/wp-content\/uploads\/2022\/02\/image-27.png?w=555&amp;ssl=1 555w, https:\/\/i0.wp.com\/www.rdpemancipation.org\/wp-content\/uploads\/2022\/02\/image-27.png?resize=300%2C225&amp;ssl=1 300w\" sizes=\"auto, (max-width: 555px) 100vw, 555px\" \/><figcaption><sub>Photographi\u00e9 Bd des Pyr\u00e9n\u00e9es \u00e0 Pau le 5 F\u00e9vrier 2022<\/sub><\/figcaption><\/figure>\n\n\n\n<p><a href=\"https:\/\/www.franceinter.fr\/emissions\/affaires-sensibles\/affaires-sensibles-01-novembre-2019\">Les micros du Canard <\/a>(Affaires Sensibles)<\/p>\n\n\n\n<p><mark style=\"background-color:rgba(0, 0, 0, 0);color:#a30004\" class=\"has-inline-color\"><strong>6 F\u00e9vrier en continu<\/strong><\/mark><\/p>\n\n\n\n<p><a href=\"https:\/\/info.mediapart.fr\/optiext\/optiextension.dll?ID=HdcHeJtVzpQknArMWn7uO6yAJqps59jSZIkJOCMakt7UjIgXPEAZ8Hk2Si8BRbevj9n9csvu0NAY7n3CX5BAHxZlugoX4\">Pr\u00e9sidentielle : l&rsquo;Appel de 565 militants la\u00efques<\/a> &#8211; jean-marc schiappa<\/p>\n\n\n\n<p><a href=\"https:\/\/linsoumission.fr\/2022\/02\/04\/melenchon-le-plus-populaire-jeunes\/\">Sondage : M\u00e9lenchon, candidat le plus populaire chez les 16-25 ans<\/a> (L\u2019Insoumission)<\/p>\n\n\n\n<p><strong><a href=\"https:\/\/www.contretemps.eu\/minuit-siecle-palheta-podcast-antifascisme\/\">\u00ab Minuit dans le si\u00e8cle \u00bb (\u00e9pisode 1) : pourquoi un podcast antifasciste ?<\/a> ( Contretemps)<\/strong><\/p>\n\n\n\n<p><a href=\"https:\/\/info.mediapart.fr\/optiext\/optiextension.dll?ID=aIJaGdphTZ9ygG66GhdHbWv6KsmMotC1uv1WGngaWeX3gzyWiuW21spDG%2BvUnnVWGd0g31Ij0ymZdOK1J%2BNTc3Q6HzH4V\">Zemmour-Le Pen : la guerre des extr\u00eames droites a commenc\u00e9<\/a> (MDP)<\/p>\n\n\n\n<figure class=\"wp-block-image is-resized is-style-default\"><img data-recalc-dims=\"1\" loading=\"lazy\" decoding=\"async\" src=\"https:\/\/i0.wp.com\/mamot.fr\/system\/cache\/media_attachments\/files\/107\/699\/663\/105\/115\/112\/original\/1ae1207163da719f.jpg?resize=495%2C307&#038;ssl=1\" alt=\"\" width=\"495\" height=\"307\"\/><\/figure>\n\n\n\n<p><strong><a href=\"https:\/\/www.youtube.com\/watch?v=Y5O9XNovVJQ\">Marc Endeweld: Petits copinages au plus haut niveau<\/a>(Marianne)<\/strong><\/p>\n\n\n\n<p><a href=\"https:\/\/www.youtube.com\/watch?v=RJ6xLA0LQqk\">&nbsp;Pierre Gentillet&nbsp;: Y a-t-il encore un \u00c9tat de Droit en France?<\/a> (J\u2019suis pas content)<\/p>\n\n\n\n<p><strong><a href=\"https:\/\/www.lemediatv.fr\/emissions\/2022\/taubira-la-poesie-du-vide-2yCYqwooTH2Xh6_p50fGIA\">Le Stagirite&nbsp;: Taubira, la po\u00e9sie du vide<\/a> (Le M\u00e9dia)<\/strong><\/p>\n\n\n\n<p>Analyse<\/p>\n\n\n\n<p><a href=\"http:\/\/t.nl.francetvinfo.fr\/r\/?id=h29266823,678f2207,5f3640d7\" target=\"_blank\" rel=\"noreferrer noopener\">La pr\u00e9sidentielle est-elle menac\u00e9e par l&rsquo;abstention record qui touche les autres \u00e9lections ?<\/a> (France Info)<\/p>\n\n\n\n<figure class=\"wp-block-image size-full is-resized is-style-default\"><img data-recalc-dims=\"1\" loading=\"lazy\" decoding=\"async\" src=\"https:\/\/i0.wp.com\/www.rdpemancipation.org\/wp-content\/uploads\/2022\/02\/Capture-decran-2022-02-06-a-05.44.05.png?resize=660%2C503&#038;ssl=1\" alt=\"\" class=\"wp-image-69959\" width=\"660\" height=\"503\" srcset=\"https:\/\/i0.wp.com\/www.rdpemancipation.org\/wp-content\/uploads\/2022\/02\/Capture-decran-2022-02-06-a-05.44.05.png?w=721&amp;ssl=1 721w, https:\/\/i0.wp.com\/www.rdpemancipation.org\/wp-content\/uploads\/2022\/02\/Capture-decran-2022-02-06-a-05.44.05.png?resize=300%2C228&amp;ssl=1 300w\" sizes=\"auto, (max-width: 660px) 100vw, 660px\" \/><\/figure>\n\n\n\n<p><a href=\"https:\/\/info.mediapart.fr\/optiext\/optiextension.dll?ID=aIJaNcQJZjXiCPUXY7HbkG%2BhzSSwk4TONjXiOYBo8iUAGHGqinOk2rJO1IjQRjxV1AZfkYzczjC1n2O07fQxdDGr0JvWv\">Dans l&rsquo;antre<\/a> &#8211; mellin gorecki<\/p>\n\n\n\n<p><a href=\"https:\/\/info.mediapart.fr\/optiext\/optiextension.dll?ID=aIJaNYgeLRagOGwumHzT403i54jpu_kcLKyeQ2jDxVVieOvqidNB6z9awpnPF0mQo3S0YPpGdrdEGmT%2Bf80tIH6nmJMWc\">Les honneurs de la R\u00e9publique<\/a> -Patrick Bougeard<\/p>\n\n\n\n<p><a href=\"https:\/\/blogs.mediapart.fr\/davignon-arles-des-autoroutes-et-des-rocades\/blog\/050222\/le-titanic-est-en-route-jusqu-ici-tout-va-bien\">Le Titanic est en route. \u00ab Jusqu\u2019ici tout va bien ! \u00bb<\/a> (Blog Mdp)<\/p>\n\n\n\n<p><a href=\"https:\/\/lesjours.fr\/obsessions\/alerte-secheresse-saison-2\/ep20-gauche-canard\/\">La gauche canard<\/a> (Les Jours)<\/p>\n\n\n\n<p><a href=\"https:\/\/info.mediapart.fr\/optiext\/optiextension.dll?ID=HdcHgLL5DbxxB68nk9mTbM%2BivIhPEho8Y72_NF0P4CV1HfUXP4T23GRB0Wwc5uCf6RoFwTCmnWAmCGsoYp5n3N0wpCFXn\">Comment le parlement de l\u2019Union populaire dynamise la campagne de M\u00e9lenchon<\/a> (MDP)<\/p>\n\n\n\n<p><a href=\"https:\/\/blogs.mediapart.fr\/dominique-vidal\/blog\/040222\/negationnisme-lettre-ouverte-eric-dupond-moretti\">N\u00e9gationnisme : lettre ouverte \u00e0 \u00c9ric Dupond-Moretti<\/a>&nbsp; (Blog D.Vidal)<\/p>\n\n\n\n<p><a href=\"https:\/\/www.lemediatv.fr\/emissions\/2022\/de-de-gaulle-a-macron-securite-sociale-histoire-dun-sabotage-KLlNfHmBQVqUm4mlFkIYfQ\">De De Gaulle \u00e0 Macron. S\u00e9curit\u00e9 sociale : histoire d&rsquo;un sabotage<\/a> (Le M\u00e9dia)<\/p>\n\n\n\n<p><a href=\"https:\/\/www.franceinter.fr\/emissions\/affaires-sensibles\/affaires-sensibles-du-mardi-04-janvier-2022\">Baker : osez Jos\u00e9phine ! <\/a>(Affaires Sensibles)<\/p>\n\n\n\n<p><mark style=\"background-color:rgba(0, 0, 0, 0);color:#a30004\" class=\"has-inline-color\"><strong>5 F\u00e9vrier en continu<\/strong><\/mark><\/p>\n\n\n\n<p><strong>L<a href=\"https:\/\/www.liberation.fr\/politique\/lassemblee-nationale-dit-non-a-lasile-politique-pour-julian-assange-20220205_W5GAZG5E7JG7LJLUCFYTL77JRA\/?xtor=EREC-25-%5BNL_samedi_matin_2022-02-05%5D-&amp;actId=ebwp0YMB8s1_OGEGSsDRkNUcvuQDVN7a57ET3fWtrS85SHZNAXZVxdh4rQpZCLOp&amp;actCampaignType=CAMPAIGN_MAIL&amp;actSource=514563\" title=\"\u2019Assembl\u00e9e nationale dit non \u00e0 l\u2019asile politique pour Julian Assange\">\u2019Assembl\u00e9e nationale dit non \u00e0 l\u2019asile politique pour Julian Assange<\/a><\/strong>(Lib\u00e9)<\/p>\n\n\n\n<p><strong><a href=\"https:\/\/blogs.mediapart.fr\/jean-marc-b\/blog\/040222\/macron-1er-coeur-de-pierre\">Macron 1er Coeur de pierre <\/a>(Macron Watch)<\/strong><\/p>\n\n\n\n<figure class=\"wp-block-image is-resized is-style-default\"><img loading=\"lazy\" decoding=\"async\" src=\"https:\/\/tse1.explicit.bing.net\/th?id=OIP.9IElacLg6K8XBep-CQoquwHaGr&amp;pid=Api\" alt=\"th?id=OIP.9IElacLg6K8XBep-CQoquwHaGr&amp;pid=Api\" width=\"301\" height=\"271\" title=\"Faut pas prendre les enfants du bon dieu pour des canards ...\"\/><\/figure>\n\n\n\n<pre class=\"wp-block-preformatted\">Le site de la campagne Macron pr\u00e9sente des t\u00e9moignages comme \u00e9tant \u00ab <em>ni ceux de politiques, ni de militants<\/em> \u00bb. En fait certains \u00e9crits par membres d\u2019En Marche, et autres mensongers (exemple en faisant passer pour h\u00f4pital public un h\u00f4pital priv\u00e9) (<a href=\"https:\/\/avecvous2022.fr\/publications\/sandrine-jai-contribue-a-lepanouissement-de-futurs-citoyens\">source<\/a>) (<a href=\"https:\/\/dpt.en-marche.fr\/moselle-57\/equipe\">source<\/a>) (<a href=\"https:\/\/avecvous2022.fr\/publications\/lona-letat-a-gere-la-crise-mais-nous-lavons-geree-aussi-a-notre-echelle\">source<\/a>) (<a href=\"http:\/\/www.mspb.com\/qui-sommes-nous-presentation\/\">source<\/a>)<\/pre>\n\n\n\n<p><a href=\"https:\/\/www.lemediatv.fr\/emissions\/2022\/quand-le-systeme-fabrique-un-nouveau-zemmour-nVNxZpwlQxedQsggSCjNkQ\">Quand le syst\u00e8me fabrique un nouveau Zemmour<\/a> (vid\u00e9o Le M\u00e9dia)<\/p>\n\n\n\n<figure class=\"wp-block-image is-resized is-style-default\"><img data-recalc-dims=\"1\" loading=\"lazy\" decoding=\"async\" src=\"https:\/\/i0.wp.com\/static.mediapart.fr\/etmagine\/default\/files\/2022\/02\/04\/2022-02-04-10-13-47-galerie-des-dessins-charlie-hebdo.png?resize=375%2C483&#038;ssl=1\" alt=\"2022-02-04-10-13-47-galerie-des-dessins-charlie-hebdo\" width=\"375\" height=\"483\"\/><\/figure>\n\n\n\n<p><a href=\"https:\/\/www.rue89lyon.fr\/2022\/02\/04\/extreme-droite-lyon-mairie-dissolution-associations-remparts\/\">Le maire de Lyon demande la dissolution de plusieurs associations d\u2019extr\u00eame droite<\/a> (Rue89Lyon)&nbsp;<\/p>\n\n\n\n<p><a href=\"https:\/\/www.saphirnews.com\/Des-quartiers-ou-les-islamistes-ont-pris-le-pouvoir-en-France-Lea-Salame-recadree_a28615.html\">\u00ab Des quartiers o\u00f9 les islamistes ont pris le pouvoir en France \u00bb : L\u00e9a Salam\u00e9 recadr\u00e9e<\/a> (SaphirNews)&nbsp;<\/p>\n\n\n\n<p><a href=\"https:\/\/www.mediapart.fr\/journal\/france\/040222\/les-affaires-privees-du-president-du-tribunal-supreme-de-monaco\">Les affaires priv\u00e9es du pr\u00e9sident du Tribunal supr\u00eame de Monaco<\/a> (M\u00e9diapart)&nbsp;<\/p>\n\n\n\n<p><a href=\"https:\/\/www.revolutionpermanente.fr\/0-radio-et-0-tele-en-quatre-mois-les-medias-invisibilisent-la-candidature-d-Anasse-Kazib\">\u00ab&nbsp;0 radio et 0 t\u00e9l\u00e9 en quatre mois&nbsp;\u00bb&nbsp;: les m\u00e9dias invisibilisent la candidature d\u2019Anasse Kazib<\/a> (RP)<\/p>\n\n\n\n<p><a href=\"https:\/\/www.revolutionpermanente.fr\/Le-media-QG-censure-par-YouTube-soutien-face-a-l-invisibilisation-des-contenus\">Le m\u00e9dia QG censur\u00e9 par YouTube&nbsp;: soutien face \u00e0 l\u2019invisibilisation des contenus&nbsp;!<\/a> (RP)<\/p>\n\n\n\n<p><a href=\"https:\/\/marsactu.fr\/lecole-de-design-daix-annule-in-extremis-lexposition-photo-dun-cercle-dextreme-droite\/\">L\u2019\u00e9cole de design d\u2019Aix annule in extremis l\u2019exposition photo d\u2019un cercle d\u2019extr\u00eame droite<\/a> (Marsactu)&nbsp;<\/p>\n\n\n\n<p><a href=\"https:\/\/www.mediapart.fr\/journal\/france\/040222\/les-fondations-fantomes-et-l-argent-reve-de-claude-gueant\">Les fondations fant\u00f4mes et l\u2019argent r\u00eav\u00e9 de Claude Gu\u00e9ant<\/a> (M\u00e9diapart)&nbsp;<\/p>\n\n\n\n<p><a href=\"https:\/\/reporterre.net\/Dans-le-Tarn-des-ecologistes-s-opposent-a-Terra-2-un-projet-de-plateforme-logistique\">Dans le Tarn, des \u00e9cologistes s&rsquo;opposent \u00e0 Terra 2, un projet de plateforme logistique<\/a> (Reporterre)<\/p>\n\n\n\n<figure class=\"wp-block-image is-resized is-style-default\"><img loading=\"lazy\" decoding=\"async\" src=\"https:\/\/scontent.fhex4-2.fna.fbcdn.net\/v\/t39.30808-6\/p526x296\/273032661_1380185352403929_2357523819670271445_n.jpg?_nc_cat=111&amp;ccb=1-5&amp;_nc_sid=730e14&amp;_nc_ohc=OUO98dWYKvEAX_9uHpb&amp;_nc_ht=scontent.fhex4-2.fna&amp;oh=00_AT9OmGstHnXRP9d3vMMAew0FVdM4POVqvQ0sUl-Nq5KhgA&amp;oe=62034529\" alt=\"Peut \u00eatre une illustration de une personne ou plus et personnes debout\" width=\"410\" height=\"410\"\/><\/figure>\n\n\n\n<p>Analyse<\/p>\n\n\n\n<p><a href=\"https:\/\/blogs.mediapart.fr\/jean-marc-b\/blog\/040222\/comment-le-ps-engagea-la-france-dans-la-voie-neoliberale\">Comment le PS engagea la France dans la voie n\u00e9olib\u00e9rale <\/a>(Contretemps<\/p>\n\n\n\n<figure class=\"wp-block-image is-resized is-style-default\"><img data-recalc-dims=\"1\" loading=\"lazy\" decoding=\"async\" src=\"https:\/\/i0.wp.com\/static.mediapart.fr\/etmagine\/default\/files\/2022\/02\/04\/2022-02-04-10-14-06-galerie-des-dessins-charlie-hebdo.png?resize=352%2C466&#038;ssl=1\" alt=\"2022-02-04-10-14-06-galerie-des-dessins-charlie-hebdo\" width=\"352\" height=\"466\"\/><\/figure>\n\n\n\n<p><a href=\"https:\/\/la-bas.org\/6649\">Chez les P\u00e9cresse, la femme est l&rsquo;avenir de l&rsquo;homme<\/a> (L\u00e0-bas si j\u2019y suis)<\/p>\n\n\n\n<p><a href=\"https:\/\/mouvements.info\/edouard-taube-dit-mody-revolutionnaire-paradoxal-1939-2021\/\">Edouard Taub\u00e9, dit Mody, r\u00e9volutionnaire paradoxal (1939-2021)<\/a> (Mouvements)<\/p>\n\n\n\n<figure class=\"wp-block-image is-resized is-style-default\"><img loading=\"lazy\" decoding=\"async\" src=\"https:\/\/scontent-frt3-1.xx.fbcdn.net\/v\/t39.30808-6\/s640x640\/272932761_615039622926479_7541560204210302988_n.jpg?_nc_cat=108&amp;ccb=1-5&amp;_nc_sid=5cd70e&amp;_nc_ohc=SgKi4XGp4mAAX8SCgaT&amp;_nc_ht=scontent-frt3-1.xx&amp;oh=00_AT_E3JEntyfodDVLq3a9GqBIbSCsn9kctlq8qE_VjDT0mw&amp;oe=6200E65F\" alt=\"Peut \u00eatre une image de 1 personne et texte qui dit \u2019Il faut reb\u00e2tir compl\u00e8tement une soci\u00e9t\u00e9 humaine o\u00f9 la comp\u00e9tition sera finalement \u00e9limin\u00e9e. Je n'ai pas a \u00eatre plus fort que l'autre, j'ai \u00e0 \u00eatre plus fort que moi gr\u00e2ce \u00e0 l'autre. Albert Jacquard\u2019\" width=\"371\" height=\"452\"\/><\/figure>\n\n\n\n<p><mark style=\"background-color:rgba(0, 0, 0, 0);color:#a30004\" class=\"has-inline-color\"><strong>4 F\u00e9vrier en continu<\/strong><\/mark><\/p>\n\n\n\n<p><a href=\"https:\/\/info.mediapart.fr\/optiext\/optiextension.dll?ID=B6iZNKP5B_HHaaUBC248GKPUWET1OTh0WCzghCaFOsghoyZM3vrhVI922sytZS9J%2BuQHlMMzWzCMpyH%2BNh7GY3AjbeQBB7\">\u00c0 Marseille, le \u00ab&nbsp;syst\u00e8me FO&nbsp;\u00bb coule sous les ordures<\/a> (MDP)<\/p>\n\n\n\n<p><a href=\"https:\/\/www.francetvinfo.fr\/politique\/jean-marie-le-pen\/jean-marie-le-pen-hospitalise-mercredi-soir-apres-un-avc-mais-ses-jours-ne-sont-pas-en-danger_4940589.html\">Jean-Marie Le Pen hospitalis\u00e9 mercredi soir apr\u00e8s un AVC mais ses jours ne sont pas en danger<\/a> (France Info)<\/p>\n\n\n\n<p><a href=\"https:\/\/www.boursorama.com\/actualite-economique\/actualites\/le-depute-thierry-solere-mis-en-examen-pour-cinq-nouvelles-infractions-2713d297faf43ffe72254c5e813ec936\">Le d\u00e9put\u00e9 Thierry Sol\u00e8re mis en examen pour cinq nouvelles infractions<\/a>&nbsp; (AFP)<\/p>\n\n\n\n<p><strong><a href=\"https:\/\/www.boursorama.com\/videos\/actualites\/campagne-presidentielle-valerie-pecresse-critiquee-jusque-dans-propre-camp-eb39c0789b1c475fb7d43574c757cd48\">Campagne pr\u00e9sidentielle : Val\u00e9rie P\u00e9cresse critiqu\u00e9e jusque dans propre camp<\/a> (France 24)<\/strong><\/p>\n\n\n\n<p><a href=\"https:\/\/www.boursorama.com\/actualite-economique\/actualites\/presidentielle-rachida-dati-etrille-la-campagne-technocratique-de-valerie-pecresse-1f9f5791467cf02c69ce65d1b8ab0125\">Pr\u00e9sidentielle : Rachida Dati \u00e9trille la campagne \u00ab\u00a0technocratique\u00a0\u00bb de Val\u00e9rie P\u00e9cresse<\/a> (Boursorama)<\/p>\n\n\n\n<p><a href=\"http:\/\/www.regards.fr\/videos\/article\/comme-zemmour-on-defend-la-peine-de-mort-chez-hanouna-le-asap-de-pierre\">Comme Zemmour, on d\u00e9fend la peine de mort chez Hanouna. Le #ASAP de Pierre Jacquemain<\/a> (Regards)<\/p>\n\n\n\n<figure class=\"wp-block-image is-resized is-style-default\"><img data-recalc-dims=\"1\" loading=\"lazy\" decoding=\"async\" src=\"https:\/\/i0.wp.com\/mamot.fr\/system\/media_attachments\/files\/107\/712\/856\/407\/515\/981\/original\/d6b1d3a9dd489167.png?resize=380%2C507&#038;ssl=1\" alt=\"\" width=\"380\" height=\"507\"\/><\/figure>\n\n\n\n<p><a href=\"https:\/\/www.anticor.org\/2022\/02\/02\/les-15-propositions-danticor-pour-une-presidence-ethique\/\">Les 15 propositions d\u2019Anticor pour une pr\u00e9sidence \u00e9thique !<\/a> (Anticor)<\/p>\n\n\n\n<p><a href=\"https:\/\/www.mediapart.fr\/journal\/france\/030222\/elyze-deux-entrepreneurs-du-vote-se-prennent-les-pieds-dans-l-appli\">Elyze: deux entrepreneurs du vote se prennent les pieds dans l\u2019appli<\/a> (M\u00e9diapart)<\/p>\n\n\n\n<p>Analyse<\/p>\n\n\n\n<p><a href=\"https:\/\/tendanceclaire.org\/breve.php?id=40635\">La r\u00e9pression, \u00abune demande de la classe dominante\u00bb d\u2019apr\u00e8s Nicolas Framont<\/a> (vid\u00e9o)<\/p>\n\n\n\n<p><a href=\"https:\/\/www.saphirnews.com\/Philippe-Gaudin-L-emploi-du-terme-separatisme-aujourd-hui-est-tout-a-fait-inadapte_a28610.html\">Philippe Gaudin : \u00ab L\u2019emploi du terme s\u00e9paratisme aujourd\u2019hui est tout \u00e0 fait inadapt\u00e9 \u00bb<\/a> (SaphirNews)&nbsp;<\/p>\n\n\n\n<p><a href=\"https:\/\/www.saphirnews.com\/Les-mots-pieges-du-debat-republicain-a-l-assaut-du-mot-separatisme_a28609.html\">Les mots pi\u00e9g\u00e9s du d\u00e9bat r\u00e9publicain : \u00e0 l\u2019assaut du mot \u00ab s\u00e9paratisme \u00bb<\/a> (SaphirNews) <\/p>\n\n\n\n<p><a href=\"https:\/\/www.saphirnews.com\/Philippe-Gaudin-Les-religions-se-sont-transformees-en-opinions-personnelles-en-France_a28610.html\">Philippe Gaudin : \u00ab Les religions se sont transform\u00e9es en opinions personnelles en France \u00bb<\/a> (SaphirNews)&nbsp;<\/p>\n\n\n\n<p><a href=\"https:\/\/www.lemediatv.fr\/emissions\/2022\/la-france-vers-un-etat-policier-contre-matinale-85-azWi2avFTQWjgs7YFK2eNw\">La France vers un Etat policier | Contre-Matinale #85<\/a> (Le M\u00e9dia)&nbsp;<\/p>\n\n\n\n<figure class=\"wp-block-image is-resized is-style-default\"><img data-recalc-dims=\"1\" loading=\"lazy\" decoding=\"async\" src=\"https:\/\/i0.wp.com\/static.mediapart.fr\/etmagine\/default\/files\/2022\/02\/04\/bernardblier-copie.jpg?resize=326%2C384&#038;ssl=1\" alt=\"bernardblier-copie\" width=\"326\" height=\"384\"\/><\/figure>\n\n\n\n<figure class=\"wp-block-image is-resized is-style-default\"><img data-recalc-dims=\"1\" loading=\"lazy\" decoding=\"async\" src=\"https:\/\/i0.wp.com\/static.mediapart.fr\/etmagine\/default\/files\/2022\/02\/03\/img-3017.jpg?resize=323%2C242&#038;ssl=1\" alt=\"img-3017\" width=\"323\" height=\"242\"\/><\/figure>\n\n\n\n<p><a href=\"https:\/\/www.jefklak.org\/face-a-la-pandemie-le-camp-des-luttes-doit-sortir-du-deni\/\">Face \u00e0 la pand\u00e9mie, le camp des luttes doit sortir du d\u00e9ni.<\/a> -Collectif Cabrioles<\/p>\n\n\n\n<p><a href=\"https:\/\/www.revue-ballast.fr\/le-monde-des-laborieux\/\">Le monde des laborieux<\/a> (Ballast)<\/p>\n\n\n\n<p><a href=\"https:\/\/www.novethic.fr\/actualite\/environnement\/climat\/isr-rse\/changement-climatique-travail-des-enfants-mariages-precoces-inegalites-femmes-hommes-voici-les-dix-crises-les-moins-mediatisees-en-2021-150524.html\">Ces 10 crises qui menacent des millions de personnes dans l&rsquo;indiff\u00e9rence g\u00e9n\u00e9rale<\/a> &nbsp;(Novethic)<\/p>\n\n\n\n<p><mark style=\"background-color:rgba(0, 0, 0, 0);color:#a30004\" class=\"has-inline-color\"><strong>3 F\u00e9vrier en continu<\/strong><\/mark><\/p>\n\n\n\n<p><a href=\"https:\/\/info.mediapart.fr\/optiext\/optiextension.dll?ID=kOPkSgMKTP4IRL1VBbRH_yz_quvEyvxv644KZLbv4CYh2S46c7s5g8sKgz19kXNGQLD95PA%2B05THtQ8pSGBksZl3bAPQb\">Pr\u00e9sidentielle: Amnesty International France demande des engagements forts<\/a> (Amnesty International)&nbsp;<\/p>\n\n\n\n<p><a href=\"https:\/\/info.mediapart.fr\/optiext\/optiextension.dll?ID=kOPkU8DuBskPr5pC8pHrTBNvktAAVqQ9G402CkarGgj2vij6cNJom2bvJAHiaWXEkavucjXs5K2UjgiNSHJcGFni2pGI1\">Programme de Jadot&nbsp;: stopper l\u2019effondrement, avec mod\u00e9ration<\/a> (MDP)<\/p>\n\n\n\n<p><a href=\"https:\/\/www.ldh-france.org\/les-lanceurs-dalerte-ne-seront-plus-seuls\/\">Les lanceurs d\u2019alerte ne seront plus seuls<\/a> (Ligue des droits de l\u2019Homme)<\/p>\n\n\n\n<p><a href=\"https:\/\/www.mediacites.fr\/reportage\/nantes\/2022\/02\/01\/trente-ans-apres-une-exposition-pionniere-nantes-revisite-son-passe-negrier\/\">Trente ans apr\u00e8s une exposition pionni\u00e8re, Nantes revisite son pass\u00e9 n\u00e9grier<\/a> (Mediacit\u00e9s)<\/p>\n\n\n\n<p><a href=\"https:\/\/www.mediapart.fr\/journal\/france\/020222\/des-proches-du-prince-font-leurs-affaires-dans-l-ombre-monaco\">Des proches du prince font leurs affaires dans l\u2019ombre \u00e0 Monaco<\/a> (M\u00e9diapart)&nbsp;<\/p>\n\n\n\n<p><a href=\"https:\/\/www.humanite.fr\/politique\/wokisme\/lobsession-sur-le-wokisme-gagne-le-senat-736576#xtor=RSS-1\">L\u2019obsession sur le \u00ab wokisme \u00bb gagne le S\u00e9nat<\/a> (L\u2019Humanit\u00e9)<\/p>\n\n\n\n<p><a href=\"https:\/\/lagedefaire-lejournal.fr\/le-capitalisme-est-responsable-des-dereglements-environnementaux\/\">Le capitalisme est responsable des d\u00e9r\u00e8glements environnementaux<\/a> (L\u2019\u00e2ge de faire)&nbsp;<\/p>\n\n\n\n<p><a href=\"https:\/\/basta.media\/Jardins-ouvriers-Jeux-Olympiques-betonisation-Aubervilliers-Occupation\">Le b\u00e9ton s\u2019appr\u00eate \u00e0 ensevelir les Jardins ouvriers d\u2019Aubervilliers, la mobilisation se poursuit <\/a>(Basta!)<\/p>\n\n\n\n<p><a href=\"https:\/\/info.mediapart.fr\/optiext\/optiextension.dll?ID=kOPkSe7iCSautjv6an0ppVvxgzJn0lOSjjmFQbBraMmidBfAduTnPnIdJeIdRymg0NdcRsj9oybGf8eML_ZjiipI1LcI0\">Marine Le Pen d\u00e9croche un pr\u00eat hongrois pour financer sa campagne<\/a> (MDP)<\/p>\n\n\n\n<figure class=\"wp-block-image is-resized is-style-default\"><img data-recalc-dims=\"1\" loading=\"lazy\" decoding=\"async\" src=\"https:\/\/i0.wp.com\/mamot.fr\/system\/media_attachments\/files\/107\/712\/856\/407\/515\/981\/original\/d6b1d3a9dd489167.png?resize=389%2C519&#038;ssl=1\" alt=\"\" width=\"389\" height=\"519\"\/><\/figure>\n\n\n\n<p>Analyse<\/p>\n\n\n\n<p><a href=\"https:\/\/www.contretemps.eu\/critique-politique-anthropocene-justice-climatique-pandemie\/\">Pour une critique politique de l\u2019Anthropoc\u00e8ne<\/a> (Contretemps)&nbsp;<\/p>\n\n\n\n<p><a href=\"https:\/\/blogs.mediapart.fr\/histoire-coloniale-et-postcoloniale\/blog\/010222\/macron-s-est-adresse-aux-rapatries-d-algerie-en-eludant-les-crimes-de-l-oas?utm_source=global&amp;utm_medium=social&amp;utm_campaign=SharingApp&amp;xtor=CS3-5\">Macron s\u2019est adress\u00e9 aux rapatri\u00e9s d\u2019Alg\u00e9rie en \u00e9ludant les crimes de l\u2019OAS<\/a> (Hist coloniale et post-coloniale)<\/p>\n\n\n\n<p><a href=\"https:\/\/reporterre.net\/Du-XIXe-siecle-a-Zemmour-l-ecofascisme-contamine-le-debat-politique\">Du XIXe si\u00e8cle \u00e0 Zemmour, l&rsquo;\u00e9cofascisme contamine le d\u00e9bat politique<\/a> (Reporterre)&nbsp;<\/p>\n\n\n\n<p><a href=\"http:\/\/www.regards.fr\/actu\/article\/exclu-regards-macron-candidat-a-sa-succession\">Exclu Regards. Macron candidat \u00e0 sa succession<\/a> (Regards)<\/p>\n\n\n\n<figure class=\"wp-block-image is-resized is-style-default\"><img data-recalc-dims=\"1\" loading=\"lazy\" decoding=\"async\" src=\"https:\/\/i0.wp.com\/mamot.fr\/system\/media_attachments\/files\/107\/685\/018\/962\/536\/978\/original\/d05c5d40c6951eeb.png?resize=485%2C426&#038;ssl=1\" alt=\"\" width=\"485\" height=\"426\"\/><\/figure>\n\n\n\n<p><a href=\"https:\/\/lanticapitaliste.org\/actualite\/entreprises\/election-presidentielle-le-programme-des-patrons\">\u00c9lection pr\u00e9sidentielle : le programme des patrons<\/a> &#8211; Henri Wilno<\/p>\n\n\n\n<figure class=\"wp-block-image is-resized is-style-default\"><img data-recalc-dims=\"1\" loading=\"lazy\" decoding=\"async\" src=\"https:\/\/i0.wp.com\/mamot.fr\/system\/media_attachments\/files\/107\/710\/265\/026\/602\/911\/original\/128b258463cc80c0.jpg?resize=440%2C549&#038;ssl=1\" alt=\"\" width=\"440\" height=\"549\"\/><\/figure>\n\n\n\n<p><a href=\"https:\/\/www.mediapart.fr\/journal\/france\/020222\/les-lecons-de-l-affaire-jean-michel-baylet\">Les le\u00e7ons de l\u2019affaire Jean-Michel Baylet <\/a>(M\u00e9diapart)&nbsp;<\/p>\n\n\n\n<p><a href=\"https:\/\/www.mediapart.fr\/journal\/france\/010222\/crise-de-l-accueil-que-disent-les-gauches\">Crise de l\u2019accueil : que disent les gauches ?<\/a> (Mediapart)<\/p>\n\n\n\n<p><a href=\"https:\/\/lecourrierdesstrateges.fr\/2022\/01\/26\/jean-luc-melenchon-rien-ne-sert-de-courir-il-faut-partir-a-point-et-jai-deja-epuise-quelques-lievres\/\">JLM&nbsp;:rien ne sert de courir, il faut partir \u00e0 point et j\u2019ai d\u00e9j\u00e0 \u00e9puis\u00e9 quelques li\u00e8vres<\/a> (Courrier des Strat\u00e8ges)<\/p>\n\n\n\n<p><a href=\"https:\/\/www.lamontagne.fr\/gueret-23000\/actualites\/que-sont-devenus-les-cahiers-de-doleances-de-la-creuse-lances-suite-a-la-crise-des-gilets-jaunes_14074331\">Que sont devenus les cahiers de dol\u00e9ances lanc\u00e9s suite \u00e0 la crise des Gilets jaunes&nbsp;?_<\/a> (La Montagne)<\/p>\n\n\n\n<p><a href=\"http:\/\/courrier.lacimade.org\/nl2\/hw6g\/mk4x7.html?m=AGYAAJ0AkCkAAcpXkSoAALIMUUwAARpeaNwAIchSAAfWFQBh-QBILF5jzLBCRiqObnLzLeOCXwAHT7k&amp;b=6290ab4e&amp;e=ab18f350&amp;x=uI4BYTszjZxzVk-c-iJrmQaDg0Hg56tee0lycOaHiuM\">Politiques migratoires europ\u00e9ennes pour Europe protectrice et solidaire<\/a> (La Cimade)<\/p>\n\n\n\n<p><mark style=\"background-color:rgba(0, 0, 0, 0);color:#a30004\" class=\"has-inline-color\"><strong>2 F\u00e9vrier en continu<\/strong><\/mark><\/p>\n\n\n\n<p><a href=\"https:\/\/www.lemediatv.fr\/emissions\/2022\/gilets-jaunes-revelations-sur-la-strategie-du-pire-de-macron-dwFnONaQSQ-yVqCMWPQlGg\">Gilets jaunes : r\u00e9v\u00e9lations sur la strat\u00e9gie du pire de Macron<\/a> (Le M\u00e9dia)<\/p>\n\n\n\n<p><a href=\"https:\/\/info.mediapart.fr\/optiext\/optiextension.dll?ID=6yz6A5jfHod%2BTpLC6RnHhv04QSYk5EHJRS_GP3EeCupUV2qkZCEk12Hpee6CLP_ComJgqRyRRTZ%2BfdhzR85mDv9Oodb6h\">L\u2019expertise toujours balbutiante du Rassemblement national<\/a> (MDP)<\/p>\n\n\n\n<p><a href=\"https:\/\/www.anticor.org\/2022\/01\/25\/ceremonie-2022-des-prix-ethiques-et-des-casseroles-anticor\/\">C\u00e9r\u00e9monie 2022 des Prix \u00e9thiques et des Casseroles Anticor<\/a> (Anticor)<\/p>\n\n\n\n<figure class=\"wp-block-image is-resized is-style-default\"><img data-recalc-dims=\"1\" loading=\"lazy\" decoding=\"async\" src=\"https:\/\/i0.wp.com\/img.huffingtonpost.com\/asset\/61f6660c250000f80c2b0c22.jpeg?resize=510%2C340&#038;ssl=1\" alt=\"61f6660c250000f80c2b0c22.jpeg?ops=scalefit_630_noupscale\" width=\"510\" height=\"340\"\/><figcaption><sub>Finies les talonnettes, c&rsquo;est chat perch\u00e9<\/sub><\/figcaption><\/figure>\n\n\n\n<p><a href=\"https:\/\/www.francetvinfo.fr\/elections\/presidentielle\/candidats\/parrainages-pour-la-presidentielle-2022-decouvrez-ou-en-sont-les-candidats-dans-la-course-aux-500-signatures_4935879.html\">Parrainages: Macron fait la course en t\u00eate devant Hidalgo et P\u00e9cresse&#8230;<\/a> (France Info)<\/p>\n\n\n\n<figure class=\"wp-block-image size-full is-style-default\"><img data-recalc-dims=\"1\" loading=\"lazy\" decoding=\"async\" width=\"829\" height=\"534\" src=\"https:\/\/i0.wp.com\/www.rdpemancipation.org\/wp-content\/uploads\/2022\/02\/Capture-decran-2022-02-01-a-18.22.03.png?resize=829%2C534&#038;ssl=1\" alt=\"\" class=\"wp-image-69078\" srcset=\"https:\/\/i0.wp.com\/www.rdpemancipation.org\/wp-content\/uploads\/2022\/02\/Capture-decran-2022-02-01-a-18.22.03.png?w=829&amp;ssl=1 829w, https:\/\/i0.wp.com\/www.rdpemancipation.org\/wp-content\/uploads\/2022\/02\/Capture-decran-2022-02-01-a-18.22.03.png?resize=300%2C193&amp;ssl=1 300w, https:\/\/i0.wp.com\/www.rdpemancipation.org\/wp-content\/uploads\/2022\/02\/Capture-decran-2022-02-01-a-18.22.03.png?resize=768%2C495&amp;ssl=1 768w\" sizes=\"auto, (max-width: 829px) 100vw, 829px\" \/><\/figure>\n\n\n\n<p><a href=\"https:\/\/www.youtube.com\/watch?v=EKfqdv0n1kI\">Macron Pr\u00e9sident tarde \u00e0 \u00eatre candidat<\/a> (RT France)<\/p>\n\n\n\n<p><a href=\"https:\/\/www.francetvinfo.fr\/elections\/essentiel-election-presidentielle-2022\/presidentielle-la-periode-de-recueil-des-parrainages-debutera-officiellement-jeudi-et-durera-plus-de-cinq-semaines_4930385.html\">Pr\u00e9sidentielle 2022 : la p\u00e9riode de recueil des parrainages durera jusqu&rsquo;au 4 mars<\/a> (France Info)<\/p>\n\n\n\n<figure class=\"wp-block-image is-resized is-style-default\"><img data-recalc-dims=\"1\" loading=\"lazy\" decoding=\"async\" src=\"https:\/\/i0.wp.com\/static.mediapart.fr\/etmagine\/default\/files\/2022\/01\/31\/l-empereur-du-nord-1024x739.jpg?resize=520%2C375&#038;ssl=1\" alt=\"l-empereur-du-nord-1024x739\" width=\"520\" height=\"375\"\/><\/figure>\n\n\n\n<figure class=\"wp-block-image is-resized is-style-default\"><img data-recalc-dims=\"1\" loading=\"lazy\" decoding=\"async\" src=\"https:\/\/i0.wp.com\/static.mediapart.fr\/etmagine\/default\/files\/2022\/02\/01\/la-reine-des-neiges-1024x739.jpg?resize=520%2C375&#038;ssl=1\" alt=\"la-reine-des-neiges-1024x739\" width=\"520\" height=\"375\"\/><\/figure>\n\n\n\n<p><a href=\"https:\/\/www.streetpress.com\/sujet\/1643626109-revue-presse-extreme-droite-collaboration-rivarol-breizh-info-furia-papacito\">Dans la presse d\u2019extr\u00eame droite, on est toujours nostalgique de la collaboration<\/a> (StreetPress)<\/p>\n\n\n\n<figure class=\"wp-block-image is-resized is-style-default\"><img data-recalc-dims=\"1\" loading=\"lazy\" decoding=\"async\" src=\"https:\/\/i0.wp.com\/static.mediapart.fr\/etmagine\/default\/files\/2022\/01\/31\/la-vache-qui-va-rire-1024x957.jpg?resize=458%2C428&#038;ssl=1\" alt=\"la-vache-qui-va-rire-1024x957\" width=\"458\" height=\"428\"\/><\/figure>\n\n\n\n<p><a href=\"https:\/\/www.mediacites.fr\/la-fabrique\/national\/2022\/02\/01\/appel-a-garantir-la-protection-des-lanceurs-dalerte\/\">Appel \u00e0 garantir la protection des lanceurs d\u2019alerte<\/a> (Mediacit\u00e9s)&nbsp;<\/p>\n\n\n\n<p><strong><a href=\"https:\/\/vert.eco\/articles\/1-400-scientifiques-veulent-faire-entrer-les-crises-ecologiques-dans-la-campagne-presidentielle\">1 400 scientifiques veulent faire entrer les crises \u00e9cologiques dans la campagne pr\u00e9sidentielle<\/a> (vert.eco)<\/strong><\/p>\n\n\n\n<p><a href=\"https:\/\/www.mediapart.fr\/journal\/france\/010222\/marseille-une-affaire-de-favoritisme-rattrape-le-senateur-rn-stephane-ravier\">\u00c0 Marseille, une affaire de favoritisme rattrape le s\u00e9nateur RN St\u00e9phane Ravier<\/a> (Marsactu)<\/p>\n\n\n\n<figure class=\"wp-block-image is-resized is-style-default\"><img data-recalc-dims=\"1\" loading=\"lazy\" decoding=\"async\" src=\"https:\/\/i0.wp.com\/static.mediapart.fr\/etmagine\/default\/files\/2022\/01\/31\/grosse-pen-768x875.jpg?resize=462%2C526&#038;ssl=1\" alt=\"grosse-pen-768x875\" width=\"462\" height=\"526\"\/><\/figure>\n\n\n\n<p>Analyse<\/p>\n\n\n\n<p><strong><a href=\"https:\/\/blogs.mediapart.fr\/jean-marc-b\/blog\/010222\/pour-nos-salaires-et-nos-emplois-pas-de-sauveur-supreme\">Pour nos salaires et nos emplois, pas de sauveur supr\u00eame&#8230; <\/a>(A &amp; R)<\/strong><\/p>\n\n\n\n<p><a href=\"https:\/\/reporterre.net\/Enquete-sur-l-ecofascisme-comment-l-extreme-droite-veut-recuperer-l-ecologie\">Enqu\u00eate sur l&rsquo;\u00e9cofascisme&nbsp;: comment l&rsquo;extr\u00eame droite veut r\u00e9cup\u00e9rer l&rsquo;\u00e9cologie<\/a> (Reporterre)<\/p>\n\n\n\n<p><a href=\"https:\/\/www.revue-ballast.fr\/cartouches-72\/\">Cartouches (72)<\/a> (Ballast)<\/p>\n\n\n\n<p><a href=\"https:\/\/lvsl.fr\/souverainete-numerique-les-enjeux-geopolitiques\/\">Souverainet\u00e9 num\u00e9rique : les enjeux g\u00e9opolitiques<\/a> (Le Vent Se L\u00e8ve)<\/p>\n\n\n\n<p><a href=\"http:\/\/www.regards.fr\/la-midinale\/article\/pierre-khalfa-il-n-y-aura-pas-de-gauche-ou-d-ecologie-politique-qui-ne-soit-pas\">Pierre Khalfa : \u00ab Il n&rsquo;y aura pas de gauche ou d&rsquo;\u00e9cologie politique qui ne soit pas pluraliste \u00bb<\/a> (Regards)&nbsp;<\/p>\n\n\n\n<p><a href=\"https:\/\/maisouvaleweb.fr\/le-mythe-de-lhumain-augmente-pourquoi-le-transhumanisme-progressiste-nexiste-pas\/\">\u00ab&nbsp;Le mythe de l\u2019humain augment\u00e9&nbsp;\u00bb&nbsp;: le transhumanisme progressiste n\u2019existe pas<\/a> (Maisouvaleweb)<\/p>\n\n\n\n<figure class=\"wp-block-image is-resized is-style-default\"><img loading=\"lazy\" decoding=\"async\" src=\"https:\/\/scontent-frx5-2.xx.fbcdn.net\/v\/t39.30808-6\/s960x960\/272927347_3153815788273004_3364811451975517825_n.jpg?_nc_cat=109&amp;ccb=1-5&amp;_nc_sid=8bfeb9&amp;_nc_ohc=xh4q2i1yW2sAX9yEAlr&amp;_nc_ht=scontent-frx5-2.xx&amp;oh=00_AT_AvkramriYYUO91l_rnVXRA3etLE6qxvmk-mYX8h0T3g&amp;oe=61FE48B4\" alt=\"Peut \u00eatre une image de nature, arbre, \u00e9tendue d\u2019eau et texte qui dit \u2019IG: jeffwalkergallery\u2019\" width=\"503\" height=\"601\"\/><figcaption><sub>R\u00e9sistance<\/sub> <\/figcaption><\/figure>\n\n\n\n<p><a href=\"https:\/\/reporterre.net\/Uranium-la-face-cachee-du-nucleaire-francais\">Uranium&nbsp;: la face cach\u00e9e du nucl\u00e9aire fran\u00e7ais<\/a> (Reporterre)<\/p>\n\n\n\n<p><a href=\"https:\/\/orientxxi.info\/va-comprendre\/ou-va-la-francophonie,5341\">O\u00f9 va la francophonie&nbsp;?<\/a> (Orient XXI)&nbsp;<\/p>\n\n\n\n<p><a href=\"https:\/\/orientxxi.info\/magazine\/une-diplomatie-sans-diplomates-la-reforme-contestee-du-quai-d-orsay,5322\">Une diplomatie sans diplomates ? La r\u00e9forme contest\u00e9e du Quai d&rsquo;Orsay<\/a> (Orient XXI)<\/p>\n\n\n\n<p><strong><a href=\"https:\/\/www.contretemps.eu\/extermination-colonialisme-esclavage-racisme-documentaire-peck\/\">Exterminez toutes ces brutes. Entretien avec Raoul Peck <\/a>(Contretemps)<\/strong><\/p>\n\n\n\n<p><a href=\"https:\/\/aplutsoc.org\/2022\/01\/29\/peut-on-etre-de-gauche-et-favorable-au-nucleaire-par-alain-dubois\/\">Peut-on \u00eatre \u00ab de gauche \u00bb et favorable au nucl\u00e9aire ?<\/a> -Alain&nbsp;Dubois<\/p>\n\n\n\n<p><a href=\"https:\/\/www.revolutionpermanente.fr\/Marxisme-strategie-et-art-de-la-guerre\">Marxisme, strat\u00e9gie et art de la guerre<\/a> (RP)<\/p>\n\n\n\n<p><a href=\"https:\/\/www.marxiste.org\/actualite-francaise\/politique-francaise\/3013-critique-marxiste-du-programme-de-la-france-insoumise\">Critique marxiste du programme de la France insoumise<\/a> (R\u00e9volution)<\/p>\n\n\n\n<p><a href=\"https:\/\/tendanceclaire.org\/breve.php?id=40617\">Interdit d\u2019interdire &#8211; Que demandent les peuples ? <\/a>(vid\u00e9o RT)<\/p>\n\n\n\n<p><a href=\"https:\/\/www.contretemps.eu\/contre-gentrification-production-espace\/\">Contre la gentrification, reprendre la main sur la production de l\u2019espace<\/a> ( Contretemps)<\/p>\n\n\n\n<p><mark style=\"background-color:rgba(0, 0, 0, 0);color:#a30004\" class=\"has-inline-color\"><strong>1er F\u00e9vrier en continu<\/strong><\/mark><\/p>\n\n\n\n<p><strong><a href=\"https:\/\/blogs.mediapart.fr\/jean-marc-b\/blog\/310122\/quand-jusqua-la-cftc-appelle-la-greve-signe-des-temps-vers-le-tous-ensemble\">Quand jusqu&rsquo;\u00e0 la CFTC appelle \u00e0 la gr\u00e8ve: signe des temps vers le tous ensemble <\/a>(Luttes Invisibles)<\/strong><\/p>\n\n\n\n<p><strong><a href=\"https:\/\/aplutsoc.org\/2022\/01\/31\/climat-social-du-rechauffement-au-debordement-par-laurent-degousee\/\">Climat social : du r\u00e9chauffement au d\u00e9bordement ? &#8211;<\/a>Laurent&nbsp;Degous\u00e9e<\/strong><\/p>\n\n\n\n<figure class=\"wp-block-image is-resized is-style-default\"><img data-recalc-dims=\"1\" loading=\"lazy\" decoding=\"async\" src=\"https:\/\/i0.wp.com\/mamot.fr\/system\/media_attachments\/files\/107\/604\/512\/585\/144\/591\/original\/b3297291fbe0a8c8.jpg?resize=302%2C398&#038;ssl=1\" alt=\"\" width=\"302\" height=\"398\"\/><\/figure>\n\n\n\n<p><a href=\"https:\/\/www.revolutionpermanente.fr\/Greve-du-27-janvier-Une-journee-en-deca-de-la-colere-latente-quelles-perspectives\">Gr\u00e8ve du 27 janvier. Une journ\u00e9e en de\u00e7\u00e0 de la col\u00e8re latente, quelles perspectives&nbsp;?<\/a> (RP)<\/p>\n\n\n\n<p><a href=\"https:\/\/reporterre.net\/Christiane-Taubira-8e-candidature-de-gauche?utm_source=newsletter&amp;utm_medium=email&amp;utm_campaign=nl_quotidienne\">Christiane Taubira, 8<sup>e<\/sup> candidature \u201cde gauche\u201d<\/a> (Reporterre)<\/p>\n\n\n\n<figure class=\"wp-block-image size-full is-resized is-style-default\"><img data-recalc-dims=\"1\" loading=\"lazy\" decoding=\"async\" src=\"https:\/\/i0.wp.com\/www.rdpemancipation.org\/wp-content\/uploads\/2022\/02\/Capture-decran-2022-02-01-a-08.02.46.png?resize=362%2C360&#038;ssl=1\" alt=\"\" class=\"wp-image-69032\" width=\"362\" height=\"360\" srcset=\"https:\/\/i0.wp.com\/www.rdpemancipation.org\/wp-content\/uploads\/2022\/02\/Capture-decran-2022-02-01-a-08.02.46.png?w=470&amp;ssl=1 470w, https:\/\/i0.wp.com\/www.rdpemancipation.org\/wp-content\/uploads\/2022\/02\/Capture-decran-2022-02-01-a-08.02.46.png?resize=300%2C298&amp;ssl=1 300w, https:\/\/i0.wp.com\/www.rdpemancipation.org\/wp-content\/uploads\/2022\/02\/Capture-decran-2022-02-01-a-08.02.46.png?resize=150%2C150&amp;ssl=1 150w\" sizes=\"auto, (max-width: 362px) 100vw, 362px\" \/><\/figure>\n\n\n\n<p><a href=\"https:\/\/blogs.mediapart.fr\/jean-marc-b\/blog\/310122\/phillipe-poutou-ils-sont-de-gauche-dans-lopposition-et-de-droite-au-pouvoir\">Phillipe Poutou: \u00ab\u00a0Ils sont de gauche dans l&rsquo;opposition, et de droite au pouvoir\u00a0\u00bb <\/a>-vid\u00e9o France Inter<\/p>\n\n\n\n<p><a href=\"https:\/\/info.mediapart.fr\/optiext\/optiextension.dll?ID=JbaJc_wAR3ai7HudGMtddkCFMlC5mtB2y%2BSQoPyvlPbWX_mZRAlkZaEgNzUXZaZ9Xb1TR5vutk7dMKvSOdp2t6PbE2pJW\">Primaire populaire&nbsp;: tout \u00e7a pour quoi&nbsp;?<\/a> -(MDP)<\/p>\n\n\n\n<figure class=\"wp-block-image is-resized is-style-default\"><img data-recalc-dims=\"1\" loading=\"lazy\" decoding=\"async\" src=\"https:\/\/i0.wp.com\/mamot.fr\/system\/media_attachments\/files\/107\/678\/337\/641\/687\/826\/original\/44ffa5a6b282efc4.png?resize=488%2C650&#038;ssl=1\" alt=\"\" width=\"488\" height=\"650\"\/><\/figure>\n\n\n\n<p><a href=\"https:\/\/www.novethic.fr\/actualite\/politique\/isr-rse\/edito-primaire-populaire-nouvel-episode-de-la-pire-campagne-presidentielle-francaise-150533.html?utm_source=AlertesThematique&amp;utm_campaign=31-01-2022&amp;utm_medium=email\">Primaire Populaire : nouvel \u00e9pisode de la pire campagne pr\u00e9sidentielle fran\u00e7aise ! <\/a>(Novethic)<\/p>\n\n\n\n<figure class=\"wp-block-image is-resized is-style-default\"><img data-recalc-dims=\"1\" loading=\"lazy\" decoding=\"async\" src=\"https:\/\/i0.wp.com\/static.mediapart.fr\/etmagine\/default\/files\/2022\/01\/31\/2022-01-31-10-12-29-window.png?resize=441%2C444&#038;ssl=1\" alt=\"2022-01-31-10-12-29-window\" width=\"441\" height=\"444\"\/><\/figure>\n\n\n\n<p><a href=\"https:\/\/www.lemediatv.fr\/emissions\/2022\/primaire-populaire-macron-roi-du-chaos-lactu-du-jour-contre-matinale-82-XpEUJRrGSGud3QY4gDTmuQ\">Primaire Populaire, Macron roi du chaos : L&rsquo;actu du jour | Contre-Matinale #82<\/a> ( Le M\u00e9dia)<\/p>\n\n\n\n<p><a href=\"http:\/\/www.regards.fr\/videos\/article\/ledebrief-primaire-populaire-fin-du-suspens-melenchon-face-a-baba-zemmour\">#D\u00e9brief. Primaire populaire : fin du suspens ; M\u00e9lenchon face \u00e0 Baba ; Zemmour siphonne Le Pen<\/a>  (Regards)<\/p>\n\n\n\n<p><a href=\"https:\/\/www.francetvinfo.fr\/politique\/marine-le-pen\/presidentielle-2022-marine-le-pen-refuse-de-participer-a-des-debats-avant-le-premier-tour-sans-emmanuel-macron_4936005.html\">Marine Le Pen refuse de participer \u00e0 des d\u00e9bats avant le premier tour sans Emmanuel Macron<\/a> (France Info)<\/p>\n\n\n\n<p><a href=\"https:\/\/www.mediapart.fr\/journal\/france\/310122\/l-incroyable-conflit-d-interets-de-la-prefete-de-la-region-centre\">L\u2019incroyable conflit d\u2019int\u00e9r\u00eats de la pr\u00e9f\u00e8te de la r\u00e9gion Centre<\/a> (M\u00e9diapart)&nbsp;<\/p>\n\n\n\n<p><a href=\"https:\/\/www.mediapart.fr\/journal\/france\/310122\/la-senatrice-lr-garriaud-maylam-condamnee-pour-harcelement-moral\">La s\u00e9natrice LR Garriaud-Maylam condamn\u00e9e pour harc\u00e8lement moral<\/a> (M\u00e9diapart)&nbsp;<\/p>\n\n\n\n<p><a href=\"https:\/\/www.infogm.org\/commission-mixte-paritaire-protection-des-lanceurs-d-alerte-en-ligne\">Commission mixte paritaire : \u00ab Protection des lanceurs d&rsquo;alerte \u00bb (en ligne)<\/a> (Inf\u2019OGM)<\/p>\n\n\n\n<p><a href=\"https:\/\/www.mediapart.fr\/journal\/france\/310122\/l-impasse-de-la-gauche-ete-coproduite-par-la-primaire-populaire-et-les-partis\">\u00abL\u2019impasse de la gauche a \u00e9t\u00e9 coproduite par la Primaire populaire et les partis\u00bb<\/a> (M\u00e9diapart)<\/p>\n\n\n\n<p><strong><a href=\"https:\/\/blogs.mediapart.fr\/jean-marc-b\/blog\/310122\/macron-une-autoroute-vers-le-fascisme\">Macron: une autoroute vers le fascisme <\/a>-Khrys presso<\/strong><\/p>\n\n\n\n<figure class=\"wp-block-image is-resized is-style-default\"><img data-recalc-dims=\"1\" loading=\"lazy\" decoding=\"async\" src=\"https:\/\/i0.wp.com\/mamot.fr\/system\/media_attachments\/files\/107\/689\/193\/743\/872\/160\/original\/5ebb5a99bc379a59.png?resize=387%2C352&#038;ssl=1\" alt=\"\" width=\"387\" height=\"352\"\/><\/figure>\n\n\n\n<p><a href=\"https:\/\/info.mediapart.fr\/optiext\/optiextension.dll?ID=JbaJdnBXNYrLcXZMKhlUmR3kZXWXXbCP9bmmmQlT6XDDM%2BotRiDgJqioBT0610b4kEdeey2fcqB4mQEs3NUHPDGUfIiJh\">Hella Kherief&nbsp;:&nbsp;une lanceuse d\u2019alerte debout malgr\u00e9 les coups et les blessures<\/a>(MDP)<\/p>\n\n\n\n<p><a href=\"https:\/\/blogs.mediapart.fr\/la-sdj-de-mediapart\/blog\/310122\/protection-des-lanceurs-dalerte-et-liberte-de-la-presse-un-couple-indissociable?utm_source=global&amp;utm_medium=social&amp;utm_campaign=SharingApp&amp;xtor=CS3-5\">Protection des lanceurs d&rsquo;alerte et libert\u00e9 de la presse : un couple indissociable<\/a> (SDJ M\u00e9diapart)<\/p>\n\n\n\n<p><a href=\"https:\/\/blogs.mediapart.fr\/jean-ganzhorn\/blog\/230122\/la-ruine-du-service-public-de-l-electricite-ou-le-choix-du-noir-et-de-laccident?utm_source=global&amp;utm_medium=social&amp;utm_campaign=SharingApp&amp;xtor=CS3-5\">La ruine du service public de l\u2019\u00e9lectricit\u00e9 ou le choix du noir et de l&rsquo;accident<\/a> (Blog J.Glanzhorn)<\/p>\n\n\n\n<figure class=\"wp-block-image is-resized is-style-default\"><img data-recalc-dims=\"1\" loading=\"lazy\" decoding=\"async\" src=\"https:\/\/i0.wp.com\/mamot.fr\/system\/media_attachments\/files\/107\/704\/904\/670\/629\/220\/original\/4699e7ea5053c3a3.png?resize=432%2C594&#038;ssl=1\" alt=\"\" width=\"432\" height=\"594\"\/><\/figure>\n\n\n\n<p>Analyse<\/p>\n\n\n\n<p><strong><a href=\"https:\/\/skeptikon.fr\/videos\/watch\/8d85d9b0-89ff-4ab4-a715-2df10f32a8af\">L\u2019\u00e9lection pr\u00e9sidentielle en France des origines \u00e0 nos jours \u2013 Veni Vidi Sensi<\/a> (Skeptikon)<\/strong><\/p>\n\n\n\n<p><a href=\"https:\/\/www.youtube.com\/watch?v=SjL3ANyNhJc\">Zemmour n&rsquo;est qu&rsquo;un d\u00e9but. Le projet Bollor\u00e9<\/a> (Osons Causer)<\/p>\n\n\n\n<figure class=\"wp-block-image is-resized is-style-default\"><img data-recalc-dims=\"1\" loading=\"lazy\" decoding=\"async\" src=\"https:\/\/i0.wp.com\/mamot.fr\/system\/media_attachments\/files\/107\/699\/010\/984\/212\/100\/original\/800552d2b75a372a.png?resize=333%2C457&#038;ssl=1\" alt=\"\" width=\"333\" height=\"457\"\/><\/figure>\n\n\n\n<p><a href=\"https:\/\/rapportsdeforce.fr\/linternationale\/lactu-des-oublie-e-s-fleurir-dans-la-noirceur-012412537\">L\u2019actu des Oubli\u00e9.e.s&nbsp;: fleurir dans la noirceur<\/a> (Rapports de force)<\/p>\n\n\n\n<p><a href=\"https:\/\/ricochets.cc\/De-la-greve-pour-les-salaires-a-la-greve-generale-Du-mouvement-social-a-l-insurrection.html\">De la gr\u00e8ve pour les salaires \u00e0 la gr\u00e8ve g\u00e9n\u00e9rale&nbsp;? Du mouvement social \u00e0 l\u2019insurrection&nbsp;?<\/a> (Ricochets)<\/p>\n\n\n\n<p><strong><a href=\"https:\/\/la-bas.org\/6645\">Taha Bouhafs, les gens qui ne sont rien seront tout<\/a> (L\u00e0-bas si j\u2019y suis)&nbsp;<\/strong><\/p>\n\n\n\n<p><a href=\"https:\/\/blogs.mediapart.fr\/lucile-chesnais\/blog\/310122\/mediapart-affiche-son-parti-pris\"><\/a><strong><a href=\"https:\/\/info.mediapart.fr\/optiext\/optiextension.dll?ID=JbaJdO0ExUZmhFsB8GS0j_Jb0yCVdsFKZk0G0mpdzTPN3ZLtRQkhBSR%2Bi7Xd6%2BkmOVNqd_ZiwBa_Ei2g_WcaeX1K4t9du\">La\u00efcit\u00e9 et \u00ab wokisme \u00bb : les m\u00e9tamorphoses d\u2019Emmanuel Macron<\/a> (MDP)<\/strong><\/p>\n\n\n\n<p><a href=\"https:\/\/lundi.am\/Des-fourmis-et-des-hommes\">Des fourmis et des hommes<\/a>&nbsp; (Lundi matin)<\/p>\n\n\n\n<figure class=\"wp-block-image is-resized is-style-default\"><img data-recalc-dims=\"1\" loading=\"lazy\" decoding=\"async\" src=\"https:\/\/i0.wp.com\/lundi.am\/IMG\/arton4599-resp320.jpg?resize=463%2C295&#038;ssl=1\" alt=\"\" width=\"463\" height=\"295\"\/><\/figure>\n\n\n\n<p><a href=\"https:\/\/lundi.am\/Anthropologie-litterature-et-bouts-du-monde\">Anthropologie, litt\u00e9rature et bouts du monde<\/a> (Lundi matin)<\/p>\n\n\n\n<p><a href=\"https:\/\/lundi.am\/La-justice-s-entete-dans-l-affaire-du-8-decembre\">La justice s\u2019ent\u00eate dans l\u2019affaire du 8&nbsp;d\u00e9cembre<\/a>&nbsp; (Lundi matin)<\/p>\n\n\n\n<p><a href=\"https:\/\/lundi.am\/Les-rhinolophes-la-batwoman-et-son-parti\">Les rhinolophes, la batwoman et son parti<\/a> (Elevages industriels&nbsp;r\u00e9acteurs infectieux)<\/p>\n\n\n\n<p><a href=\"https:\/\/lundi.am\/Un-reequilibrage-du-national-et-du-global-dans-le-jeu-des-puissances\">Un r\u00e9\u00e9quilibrage du national et du global dans le jeu des puissances<\/a> (Temps Critiques)<\/p>\n\n\n\n<figure class=\"wp-block-image is-resized is-style-default\"><img data-recalc-dims=\"1\" loading=\"lazy\" decoding=\"async\" src=\"https:\/\/i0.wp.com\/lundi.am\/IMG\/arton4604-resp320.jpg?resize=479%2C287&#038;ssl=1\" alt=\"\" width=\"479\" height=\"287\"\/><\/figure>\n\n\n\n<p><a href=\"https:\/\/lundi.am\/Amplifier-les-ecologies-de-ruptures\">Amplifier les \u00e9cologies de ruptures<\/a> (D\u00e9sob\u00e9issance \u00c9colo Paris)<\/p>\n\n\n\n<p><a href=\"https:\/\/lagedefaire-lejournal.fr\/cbd-les-francais-prives-de-tarpe\/\">CBD : les Fran\u00e7ais priv\u00e9s de tarp\u00e9 ?<\/a> (L\u2019\u00e2ge de faire)<\/p>\n\n\n\n<figure class=\"wp-block-image is-resized is-style-default\"><img data-recalc-dims=\"1\" loading=\"lazy\" decoding=\"async\" src=\"https:\/\/i0.wp.com\/lagedefaire-lejournal.fr\/wp-content\/uploads\/2022\/01\/cbd.jpg?resize=488%2C302&#038;ssl=1\" alt=\"\" width=\"488\" height=\"302\" title=\"cbd\"\/><\/figure>\n","protected":false},"excerpt":{"rendered":"<p>28 F\u00e9vrier en continu Compte rendu d\u00e9taill\u00e9 rassemblement contre la guerre Clermont Ferrand -Georges-Andr\u00e9 Anne Hidalgo en qu\u00eate d\u2019une remontada depuis Bordeaux, en passant par l\u2019Ukraine (Rue89 Bordeaux) Retour sur le rassemblement contre Reconqu\u00eate \u00e0 Dom\u00e8ne (CRIC) Pr\u00e9sidentielle : les Fran\u00e7ais jugent s\u00e9v\u00e8rement le bilan de Macron selon notre sondage (La D\u00e9p\u00eache) Analyse Le bal &#8230; <a title=\"F\u00e9vrier &#8211; Politique\" class=\"read-more\" href=\"https:\/\/www.rdpemancipation.org\/?p=68947\" aria-label=\"En savoir plus sur F\u00e9vrier &#8211; Politique\">Lire la suite<\/a><\/p>\n","protected":false},"author":1,"featured_media":0,"comment_status":"closed","ping_status":"closed","sticky":false,"template":"","format":"standard","meta":{"_lmt_disableupdate":"no","_lmt_disable":"no","_jetpack_memberships_contains_paid_content":false,"footnotes":""},"categories":[6],"tags":[],"class_list":["post-68947","post","type-post","status-publish","format-standard","hentry","category-politique"],"modified_by":"jmb","jetpack_featured_media_url":"","jetpack_sharing_enabled":true,"_links":{"self":[{"href":"https:\/\/www.rdpemancipation.org\/index.php?rest_route=\/wp\/v2\/posts\/68947","targetHints":{"allow":["GET"]}}],"collection":[{"href":"https:\/\/www.rdpemancipation.org\/index.php?rest_route=\/wp\/v2\/posts"}],"about":[{"href":"https:\/\/www.rdpemancipation.org\/index.php?rest_route=\/wp\/v2\/types\/post"}],"author":[{"embeddable":true,"href":"https:\/\/www.rdpemancipation.org\/index.php?rest_route=\/wp\/v2\/users\/1"}],"replies":[{"embeddable":true,"href":"https:\/\/www.rdpemancipation.org\/index.php?rest_route=%2Fwp%2Fv2%2Fcomments&post=68947"}],"version-history":[{"count":305,"href":"https:\/\/www.rdpemancipation.org\/index.php?rest_route=\/wp\/v2\/posts\/68947\/revisions"}],"predecessor-version":[{"id":73725,"href":"https:\/\/www.rdpemancipation.org\/index.php?rest_route=\/wp\/v2\/posts\/68947\/revisions\/73725"}],"wp:attachment":[{"href":"https:\/\/www.rdpemancipation.org\/index.php?rest_route=%2Fwp%2Fv2%2Fmedia&parent=68947"}],"wp:term":[{"taxonomy":"category","embeddable":true,"href":"https:\/\/www.rdpemancipation.org\/index.php?rest_route=%2Fwp%2Fv2%2Fcategories&post=68947"},{"taxonomy":"post_tag","embeddable":true,"href":"https:\/\/www.rdpemancipation.org\/index.php?rest_route=%2Fwp%2Fv2%2Ftags&post=68947"}],"curies":[{"name":"wp","href":"https:\/\/api.w.org\/{rel}","templated":true}]}}