{"id":68945,"date":"2022-02-01T09:29:46","date_gmt":"2022-02-01T08:29:46","guid":{"rendered":"https:\/\/www.rdpemancipation.org\/?p=68945"},"modified":"2022-03-01T01:03:27","modified_gmt":"2022-03-01T00:03:27","slug":"fevrier-economie-2","status":"publish","type":"post","link":"https:\/\/www.rdpemancipation.org\/?p=68945","title":{"rendered":"F\u00e9vrier &#8211; Economie"},"content":{"rendered":"\n<p><strong><mark style=\"background-color:rgba(0, 0, 0, 0);color:#b41111\" class=\"has-inline-color\">1er Mars en continu<\/mark><\/strong><\/p>\n\n\n\n<p><a href=\"https:\/\/charliehebdo.fr\/2022\/02\/international\/etats-unis-union-europeenne-frappent-poutine-plein-portefeuille\/?utm_source=sendinblue&amp;utm_campaign=QUOTIDIENNE%2028022022%20-%20ABONNES&amp;utm_medium=email\">\u00c9tats-Unis et Union europ\u00e9enne frappent Poutine en plein portefeuille<\/a> (Charlie Hebdo)<\/p>\n\n\n\n<p><a href=\"https:\/\/juste-milieu.fr\/paris-2024-la-verite-sur-le-business-de-la-flamme-olympique\/\">Paris-2024\u00a0: la v\u00e9rit\u00e9 sur le business de la flamme olympique<\/a> (Juste Milieu)<\/p>\n\n\n\n<p><strong><mark style=\"background-color:rgba(0, 0, 0, 0);color:#ba0e0e\" class=\"has-inline-color\">28 F\u00e9vrier en continu<\/mark><\/strong><\/p>\n\n\n\n<p><strong>France<\/strong><\/p>\n\n\n\n<p><a href=\"https:\/\/www.boursorama.com\/actualite-economique\/actualites\/ehpad-la-cour-des-comptes-preconise-au-moins-1-3-milliard-en-plus-pour-ameliorer-les-soins-82a18b3632a86e7106f9fdade6cc0493\">Ehpad : la Cour des comptes pr\u00e9conise au moins 1,3 milliard en plus pour am\u00e9liorer les soins<\/a> (AFP)<\/p>\n\n\n\n<p><a href=\"https:\/\/www.boursorama.com\/actualite-economique\/actualites\/nouvelle-ligne-provence-cote-d-azur-le-protocole-de-financement-signe-d97a0fc20498765dc26164e03aba8677\">Nouvelle ligne Provence-C\u00f4te d&rsquo;Azur : le protocole de financement sign\u00e9<\/a> (AFP)<\/p>\n\n\n\n<p><a href=\"https:\/\/www.boursorama.com\/actualite-economique\/actualites\/la-france-se-prepare-a-geler-davantage-d-avoirs-russes-565bda5fda960fd97b5d527e73be35bf\">La France se pr\u00e9pare \u00e0 geler davantage d&rsquo;avoirs russes<\/a> (AFP)<\/p>\n\n\n\n<p><a href=\"https:\/\/www.boursorama.com\/actualite-economique\/actualites\/bnp-dit-avoir-une-exposition-residuelle-d-environ-500-millions-d-euros-a-la-russie-et-l-ukraine-a907744450a5a174ec4f9e025993fa8a\">BNP dit avoir une exposition r\u00e9siduelle d&rsquo;environ 500 millions \u20ac \u00e0 la Russie et l&rsquo;Ukraine<\/a> (Reuters)<\/p>\n\n\n\n<p><a href=\"https:\/\/www.mediapart.fr\/journal\/international\/270222\/plukon-un-rapace-sur-le-marche-de-la-volaille\">Plukon, un rapace sur le march\u00e9 de la volaille<\/a> (M\u00e9diapart)<\/p>\n\n\n\n<p><a href=\"https:\/\/www.mediapart.fr\/journal\/france\/270222\/le-veritable-cout-du-poulet\">Le v\u00e9ritable co\u00fbt du poulet<\/a> (M\u00e9diapart)<\/p>\n\n\n\n<p><strong>Monde<\/strong><\/p>\n\n\n\n<p><a href=\"https:\/\/www.boursorama.com\/actualite-economique\/actualites\/apres-bp-shell-quitte-la-russie-e3eec44f89ba884b8b6abdacdce7b051\">Apr\u00e8s BP, Shell quitte la Russie<\/a> (Reuters)<\/p>\n\n\n\n<p><a href=\"https:\/\/www.boursorama.com\/actualite-economique\/actualites\/ukraine-monaco-prend-a-son-tour-des-sanctions-economiques-38cdc969d768f5b594288210e56a17c5\">Ukraine : Monaco prend \u00e0 son tour des sanctions \u00e9conomiques<\/a> (Reuters)<\/p>\n\n\n\n<p><a href=\"https:\/\/www.boursorama.com\/actualite-economique\/actualites\/la-commission-europeenne-va-proposer-une-taxe-sur-les-benefices-exceptionnels-du-secteur-de-l-energie-selon-une-source-88caedf6618022ea1f419d7e9f5894f2\">La Commission europ\u00e9enne pourrait proposer une taxe sur les b\u00e9n\u00e9fices exceptionnels du secteur de l&rsquo;\u00e9nergie <\/a>&nbsp;(Reuters)<\/p>\n\n\n\n<p><a href=\"https:\/\/www.boursorama.com\/actualite-economique\/actualites\/cotation-a-l-arret-a-wall-street-pour-les-compagnies-russes-639ae12f138b18f9037238e3604ec521\">Cotation \u00e0 l&rsquo;arr\u00eat \u00e0 Wall Street pour les compagnies russes<\/a> (AFP)<\/p>\n\n\n\n<p><a href=\"https:\/\/www.boursorama.com\/actualite-economique\/actualites\/devant-les-locaux-de-sberbank-en-europe-des-clients-desempares-b81b0e7d3a5d99eeb124c90ac3163271\">Devant les locaux de Sberbank en Europe, des clients d\u00e9sempar\u00e9s<\/a> (AFP)<\/p>\n\n\n\n<p><a href=\"https:\/\/www.boursorama.com\/actualite-economique\/actualites\/les-etats-unis-veulent-reduire-la-banque-centrale-russe-a-l-impuissance-73a9ea14195fd82ec5157d7f85163f44\">Les Etats-Unis veulent r\u00e9duire la banque centrale russe \u00e0 l&rsquo;impuissance<\/a> (AFP)<\/p>\n\n\n\n<p><a href=\"https:\/\/www.boursorama.com\/videos\/actualites\/guerre-en-ukraine-la-crise-economique-le-prix-a-payer-selon-certains-moscovites-f97d374ca2162abc6b2146babe7b3e11\">Guerre en Ukraine : la crise \u00e9conomique, \u00ab\u00a0le prix \u00e0 payer\u00a0\u00bb selon certains Moscovites<\/a> (France 24)<\/p>\n\n\n\n<p><a href=\"https:\/\/www.boursorama.com\/videos\/actualites\/guerre-en-ukraine-quel-est-l-arsenal-nucleaire-de-la-russie-65eaa5ab5670b16c6ff0b971942b5113\">Guerre en Ukraine : quel est l&rsquo;arsenal nucl\u00e9aire de la Russie ?<\/a> (France 24)<\/p>\n\n\n\n<p><a href=\"https:\/\/www.boursorama.com\/actualite-economique\/actualites\/guerre-en-ukraine-ces-oligarques-russes-qui-elevent-la-voix-contre-validimir-poutine-8523b4032ad16307b816e14ae60707e9\">Guerre en Ukraine : ces oligarques russes qui \u00e9l\u00e8vent la voix contre Validimir Poutine<\/a> (Boursorama)<\/p>\n\n\n\n<p><a href=\"https:\/\/www.boursorama.com\/actualite-economique\/actualites\/la-banque-centrale-russe-augmente-son-taux-directeur-de-10-5-points-a-20-e939f4a803add1189cf7bcae982b0643\">La banque centrale russe augmente son taux directeur de 10,5 points, \u00e0 20%<\/a> (AFP)<\/p>\n\n\n\n<p><a href=\"https:\/\/www.boursorama.com\/actualite-economique\/actualites\/la-bce-estime-que-les-filiales-europeennes-de-la-banque-russe-sberbank-sont-en-faillite-22e46e7f98c76f1ef26d96692ebc145f\">La BCE estime que les filiales europ\u00e9ennes de la banque russe Sberbank sont en faillite<\/a> (Reuters)<\/p>\n\n\n\n<p><strong><mark style=\"background-color:rgba(0, 0, 0, 0);color:#f20823\" class=\"has-inline-color\">27 f\u00e9vrier en continu<\/mark><\/strong><\/p>\n\n\n\n<p><strong>France<\/strong><\/p>\n\n\n\n<p><a href=\"https:\/\/www.boursorama.com\/actualite-economique\/actualites\/guerre-en-ukraine-la-france-intercepte-un-bateau-de-commerce-russe-dans-la-manche-6efa910e25990a6f91e039eee08e6d05\">Guerre en Ukraine : la France intercepte un bateau de commerce russe dans la Manche<\/a> (AFP)<\/p>\n\n\n\n<p><a href=\"https:\/\/www.boursorama.com\/actualite-economique\/actualites\/le-retour-du-salon-de-l-agriculture-bouscule-par-la-crise-ukrainienne-cd0d95c025effe27bf5f61ddbf31ac92\">Le retour du Salon de l&rsquo;agriculture bouscul\u00e9 par la crise ukrainienne<\/a> (AFP)<\/p>\n\n\n\n<p><a href=\"https:\/\/www.boursorama.com\/actualite-economique\/actualites\/finistere-600-personnes-contre-une-exploitation-de-lithium-a-treguennec-d3e63ea7b7232d3d237ae898e95b07cf\">Finist\u00e8re : 600 personnes contre une exploitation de lithium \u00e0 Tr\u00e9guennec<\/a> (AFP)<\/p>\n\n\n\n<p><a href=\"http:\/\/www.sudptt.org\/Benefices-de-La-Poste-2-milliards-qui-ruissellent-vers-le-haut\">B\u00e9n\u00e9fices de La Poste&nbsp;: 2 milliards qui ruissellent vers le haut<\/a>&nbsp;(SUD PTT)<\/p>\n\n\n\n<p><a href=\"https:\/\/rapportsdeforce.fr\/classes-en-lutte\/greve-chez-biomerieux-16-jours-de-lutte-dans-la-fabrique-des-tests-covid-022412880\" target=\"_blank\" rel=\"noreferrer noopener\">Gr\u00e8ve chez Biom\u00e9rieux : 16 jours de lutte dans la fabrique des tests Covid<\/a>&nbsp; (Rapports de Force)<\/p>\n\n\n\n<p><a href=\"https:\/\/www.lemediatv.fr\/articles\/2022\/revelations-cet-argent-sale-qui-a-sauve-marine-le-pen-k5Cg4sTuSp6-qOAeU04i7A\" target=\"_blank\" rel=\"noreferrer noopener\">R\u00e9v\u00e9lations : cet argent sale qui a sauv\u00e9 Marine Le Pen<\/a>&nbsp; (Le M\u00e9dia)<\/p>\n\n\n\n<p><a href=\"https:\/\/www.politis.fr\/articles\/2022\/02\/mobilisation-generale-pour-les-services-publics-44121\/\" target=\"_blank\" rel=\"noreferrer noopener\">Mobilisation g\u00e9n\u00e9rale pour les services publics&nbsp;<\/a> (Politis)<\/p>\n\n\n\n<p><a href=\"https:\/\/www.humanite.fr\/social-eco\/energie\/edf-au-pied-dun-mur-dinvestissements-739446#xtor=RSS-1\" target=\"_blank\" rel=\"noreferrer noopener\">EDF au pied d\u2019un mur d\u2019investissements<\/a>&nbsp; (L\u2019Humanit\u00e9)<\/p>\n\n\n\n<p><a href=\"https:\/\/redirection.b2b.infopro-digital.com\/lnk\/AUwAAEnhmV4AAcXD-5AAAHnKuI0AAABZQUUAIBL0AAwsSQBiF6KjHAdZUOxWTzm7_0vSJ4nUBgAMCy8\/8\/AsQ28xwrOWTARl2h2kKdww\/aHR0cHM6Ly93d3cudXNpbmVub3V2ZWxsZS5jb20vYXJ0aWNsZS9sLWludmFzaW9uLWRlLWwtdWtyYWluZS12YS1lbnJheWVyLWRlcy1yZWxhdGlvbnMtZWNvbm9taXF1ZXMtc291dGVudWVzLWVudHJlLWxhLWZyYW5jZS1ldC1sYS1ydXNzaWUuTjE3ODc2ODc\" target=\"_blank\" rel=\"noreferrer noopener\">Plus de 500 entreprises fran\u00e7aises sont pr\u00e9sentes en Russie<\/a> (Usine Nouvelle)<\/p>\n\n\n\n<figure class=\"wp-block-image is-resized is-style-default\"><img data-recalc-dims=\"1\" loading=\"lazy\" decoding=\"async\" src=\"https:\/\/i0.wp.com\/mamot.fr\/system\/cache\/media_attachments\/files\/107\/797\/592\/515\/162\/258\/original\/cf72cf34ff82ef5f.png?resize=641%2C251&#038;ssl=1\" alt=\"\" width=\"641\" height=\"251\"\/><\/figure>\n\n\n\n<p><strong>Monde<\/strong><\/p>\n\n\n\n<p><a href=\"https:\/\/www.boursorama.com\/actualite-economique\/actualites\/l-allemagne-va-accroitre-fortement-ses-depenses-militaires-5416ddce9c398f20afee031f13ade016\">L&rsquo;Allemagne va accro\u00eetre fortement ses d\u00e9penses militaires<\/a> (Reuters)<\/p>\n\n\n\n<p><a href=\"http:\/\/t.nl.francetvinfo.fr\/r\/?id=h30daf39b,67b768a7,5f3acbed\">Occidentaux vont exclure plusieurs banques russes de la plateforme Swift<\/a>&nbsp;(France Info)<\/p>\n\n\n\n<p><a href=\"https:\/\/www.boursorama.com\/actualite-economique\/actualites\/swift-dit-se-preparer-a-se-conformer-aux-restrictions-imposees-aux-banques-russes-0beaccc90b9fbeac9170f177becc1d5c\">SWIFT dit se pr\u00e9parer \u00e0 se conformer aux restrictions impos\u00e9es aux banques russes<\/a> (Reuters)<\/p>\n\n\n\n<p><a href=\"https:\/\/reflets.info\/articles\/ukraine-russie-le-grand-public-redecouvre-swift\" target=\"_blank\" rel=\"noreferrer noopener\">Ukraine\/Russie : le grand public red\u00e9couvre SWIFT<\/a>&nbsp; (Reflets.info)<\/p>\n\n\n\n<p><a href=\"https:\/\/www.boursorama.com\/actualite-economique\/actualites\/la-crise-russo-ukrainienne-complique-la-tache-de-la-fed-pour-ralentir-l-inflation-6dfeed85a22a12e9e5ef1c75c5676f6e\">La crise russo-ukrainienne complique la t\u00e2che de la Fed pour ralentir l&rsquo;inflation<\/a> (AFP)<\/p>\n\n\n\n<p><a href=\"https:\/\/www.boursorama.com\/actualite-economique\/actualites\/l-allemagne-brise-un-tabou-en-livrant-des-armes-a-l-ukraine-42a6b824707e9d21d2f33d8d39ffab10\">L&rsquo;Allemagne brise un tabou en livrant des armes \u00e0 l&rsquo;Ukraine<\/a> (AFP)<\/p>\n\n\n\n<p><a href=\"https:\/\/www.humanite.fr\/culture-et-savoirs\/fonds-dinvestissement\/ces-fonds-dinvestissement-qui-font-valser-les-milliards#xtor=RSS-1\" target=\"_blank\" rel=\"noreferrer noopener\">Ces fonds d\u2019investissement qui font valser les milliards<\/a>&nbsp; (L\u2019Humanit\u00e9)<\/p>\n\n\n\n<p><a href=\"https:\/\/redirection.b2b.infopro-digital.com\/lnk\/AM0AAL_MzIYAAcXD_JgAAHnKuI0AAABZQTkAANzrAAwsSQBiGhstGsAG2Y8rTgmdpbUbleOvnwAMCy8\/57\/BJJbfDDdEqSABwDgL8xgaQ\/aHR0cHM6Ly93d3cudXNpbmUtZGlnaXRhbGUuZnIvZWRpdG9yaWFsL2JydXhlbGxlcy12ZXV0LWV4cGxvaXRlci1sZS1wb3RlbnRpZWwtZGUtY3JvaXNzYW5jZS1nZW5lcmUtcGFyLWxlLXBhcnRhZ2UtZGVzLWRvbm5lZXMtaW5kdXN0cmllbGxlcy5OMTc4NzM1MiN4dG9yPUVQUi02JmVtYWlsPW4uY2hldmlsbGFyZEBub29zLmZy#xtor=EPR-6&amp;email=n.chevillard@noos.fr\" target=\"_blank\" rel=\"noreferrer noopener\">Bruxelles veut exploiter le potentiel de croissance des donn\u00e9es industrielles<\/a> (Usine Digitale)<\/p>\n\n\n\n<p><a href=\"https:\/\/redirection.b2b.infopro-digital.com\/lnk\/AUwAAEnhmV4AAcXD-5AAAHnKuI0AAABZQUUAIBL0AAwsSQBiF6KjHAdZUOxWTzm7_0vSJ4nUBgAMCy8\/3\/WQedOioQMsRXZBShXPplZw\/aHR0cHM6Ly93d3cudXNpbmVub3V2ZWxsZS5jb20vYXJ0aWNsZS9haXJidXMtbGFuY2UtYXZlYy1nZW5lcmFsLWVsZWN0cmljLWV0LXNhZnJhbi11bi1kZW1vbnN0cmF0ZXVyLWQtYXZpb24tYS1oeWRyb2dlbmUuTjE3ODcwMDcjeHRvcj1FUFItNDQ5JmVtYWlsPXN5bHZhaW4uYXJudWxmQGluZm9wcm8tZGlnaXRhbC5jb20#xtor=EPR-449&amp;email=sylvain.arnulf@infopro-digital.com\" target=\"_blank\" rel=\"noreferrer noopener\">L\u2019A380 sera le support d&rsquo;un avion \u00e0 hydrog\u00e8ne d\u00e9velopp\u00e9 par Airbus et CFM<\/a> (Usine Nouvelle)<\/p>\n\n\n\n<p><a href=\"https:\/\/www.francetvinfo.fr\/monde\/europe\/manifestations-en-ukraine\/infographies-guerre-en-ukraine-laffolement-des-marches-et-la-flambee-des-matieres-premieres-en-trois-graphiques_4981203.html\">L&rsquo;affolement des march\u00e9s et la flamb\u00e9e des mati\u00e8res premi\u00e8res en trois graphiques<\/a> (France Info)<\/p>\n\n\n\n<figure class=\"wp-block-image is-resized is-style-default\"><img data-recalc-dims=\"1\" loading=\"lazy\" decoding=\"async\" src=\"https:\/\/i0.wp.com\/www.francetvinfo.fr\/docs\/desk3\/franceinfographies\/220225_brent.png?resize=421%2C323&#038;ssl=1\" alt=\"\" width=\"421\" height=\"323\" title=\"\"\/><\/figure>\n\n\n\n<p><strong>Analyse<\/strong><\/p>\n\n\n\n<p><a href=\"https:\/\/theconversation.com\/ukraine-comment-linvasion-russe-pourrait-faire-derailler-une-economie-mondiale-fragile-177993\" target=\"_blank\" rel=\"noreferrer noopener\">Ukraine : comment l\u2019invasion russe pourrait faire d\u00e9railler une \u00e9conomie mondiale fragile<\/a>&nbsp; (The Conversation)<\/p>\n\n\n\n<p><a href=\"https:\/\/dijoncter.info\/terre-et-capital-pour-un-communisme-du-vivant-paul-guillibert-3463\" target=\"_blank\" rel=\"noreferrer noopener\">\u00ab Terre et capital, pour un communisme du vivant \u00bb de Paul Guillibert<\/a>&nbsp; (Mutu)<\/p>\n\n\n\n<p><strong><mark style=\"background-color:rgba(0, 0, 0, 0);color:#f20823\" class=\"has-inline-color\">26 f\u00e9vrier en continu<\/mark><\/strong><\/p>\n\n\n\n<p><strong>France<\/strong><\/p>\n\n\n\n<p><a href=\"https:\/\/info.alternatives-economiques.fr\/optiext\/optiextension.dll?ID=4AB4DxEICmAhoy70%2Bcg8mOxTH5uq03U9p3IGAy8IbFab_3POX4QDNJ5LDwG32YNapQaTdP2DCZs8FV8%2BHArSYYrsOBeON\" target=\"_blank\" rel=\"noreferrer noopener\">\u00ab&nbsp;L\u2019\u00e9tat d\u2019urgence est devenu un nouveau mode de gouvernement&nbsp;\u00bb<\/a> (Alter eco)<\/p>\n\n\n\n<p><a href=\"https:\/\/www.connaissancedesenergies.org\/afp\/ukraine-francois-fillon-demissionne-de-ses-mandats-russes-220225-0\">Ukraine : Fran\u00e7ois Fillon d\u00e9missionne de ses mandats russes<\/a> (AFP)<\/p>\n\n\n\n<p><a href=\"https:\/\/redirection.b2b.infopro-digital.com\/lnk\/AL8AAMA_oJAAAcXD-7AAAHnKuI0AAABZQUUAANzvAAwsSQBiF8ThXxclXwtGTuCsHYj3C3_-4AAMCy8\/4\/ExCSWX60lPERFTcBJelvaQ\/aHR0cHM6Ly93d3cudXNpbmVub3V2ZWxsZS5jb20vYXJ0aWNsZS9sLWludmFzaW9uLWRlLWwtdWtyYWluZS12YS1lbnJheWVyLWRlcy1yZWxhdGlvbnMtZWNvbm9taXF1ZXMtc291dGVudWVzLWVudHJlLWxhLWZyYW5jZS1ldC1sYS1ydXNzaWUuTjE3ODc2ODcjeHRvcj1FUFItMTY5JmVtYWlsPW4uY2hldmlsbGFyZEBub29zLmZy#xtor=EPR-169&amp;email=n.chevillard@noos.fr\" target=\"_blank\" rel=\"noreferrer noopener\">L\u2019invasion de l\u2019Ukraine va enrayer des relations \u00e9conomiques soutenues entre la France et la Russie<\/a> (Usine Nouvelle)<\/p>\n\n\n\n<p><a href=\"https:\/\/redirection.b2b.infopro-digital.com\/lnk\/AL8AAMA_oJAAAcXD-7AAAHnKuI0AAABZQUUAANzvAAwsSQBiF8ThXxclXwtGTuCsHYj3C3_-4AAMCy8\/7\/fH9LxTgRH5PREVavUkC2-g\/aHR0cHM6Ly93d3cudXNpbmVub3V2ZWxsZS5jb20vYXJ0aWNsZS9wb3VycXVvaS1yZW5hdWx0LXJpc3F1ZS1ncm9zLWRhbnMtbGEtZ3VlcnJlLWVudHJlLWxhLXJ1c3NpZS1ldC1sLXVrcmFpbmUuTjE3ODc3NTIjeHRvcj1FUFItMTY5JmVtYWlsPW4uY2hldmlsbGFyZEBub29zLmZy#xtor=EPR-169&amp;email=n.chevillard@noos.fr\" target=\"_blank\" rel=\"noreferrer noopener\">Pourquoi Renault risque gros dans la guerre entre la Russie et l\u2019Ukraine<\/a> (Usine Nouvelle)<\/p>\n\n\n\n<p><a href=\"https:\/\/redirection.b2b.infopro-digital.com\/lnk\/AL8AAMA_oJAAAcXD-7AAAHnKuI0AAABZQUUAANzvAAwsSQBiF8ThXxclXwtGTuCsHYj3C3_-4AAMCy8\/29\/NLkrRaQhggbW-BRY68B3DQ\/aHR0cHM6Ly93d3cudXNpbmVub3V2ZWxsZS5jb20vZWRpdG9yaWFsL2JpbGFuLWR1LXF1aW5xdWVubmF0LWxlLXJldG91ci1kZS1sLWV0YXQtc3RyYXRlZ2UtZGFucy1sLWluZHVzdHJpZS5OMTc4MjAxMiN4dG9yPUVQUi0xNjkmZW1haWw9bi5jaGV2aWxsYXJkQG5vb3MuZnI#xtor=EPR-169&amp;email=n.chevillard@noos.fr\" target=\"_blank\" rel=\"noreferrer noopener\">Bilan du quinquennat] Le retour de l&rsquo;\u00c9tat strat\u00e8ge dans l&rsquo;industrie<\/a> (Usine Nouvelle)<\/p>\n\n\n\n<p><a href=\"https:\/\/info.alternatives-economiques.fr\/optiext\/optiextension.dll?ID=MefMfmvdM2I9QVNLF%2B_sDXCupDIgMYyeO6d3qUoy8ypJrtqwVuRZOJMBWJIVHd%2BvYurOm4uZXXYHK9ixMeKN8_cuYmi_L\" target=\"_blank\" rel=\"noreferrer noopener\">Agriculture : vite, changeons de mod\u00e8le !<\/a> (Alter \u00e9co)<\/p>\n\n\n\n<p><a href=\"https:\/\/info.alternatives-economiques.fr\/optiext\/optiextension.dll?ID=MefMhXkvQpscfWmQVu4psl3nfEMGVqGZnGlvrdttnu0P_NewV4HhSsSj7ULIImUMDtk5J2dTm8VeQm9bNzZGd%2BX4ydhoD\" target=\"_blank\" rel=\"noreferrer noopener\">Comprendre la crise de notre syst\u00e8me de production alimentaire<\/a> (Alter \u00e9co)<\/p>\n\n\n\n<p><a href=\"https:\/\/info.alternatives-economiques.fr\/optiext\/optiextension.dll?ID=MefMg4pnu68Qnl2Ds%2BWu9VpXn17JV3u89ooWRXM3SOTsDPp2UYkzAXuDNQf91hFC_aZd3p4tWop_tZ4Zy6NX%2BNRaVIWE3\" target=\"_blank\" rel=\"noreferrer noopener\">Faire ferme commune pour changer l\u2019agriculture<\/a> (Alter \u00e9co)<\/p>\n\n\n\n<pre class=\"wp-block-preformatted\">Le gouvernement a d\u00e9pens\u00e9 1,8 millions d\u2019euros d\u2019argent public \u00e0 un cabinet de conseil uniquement pour qu\u2019il s\u00e9lectionne les personnalit\u00e9s \u00e0 inviter pour r\u00e9fl\u00e9chir \u00e0 la \u00ab <em>fracture d\u00e9mocratique<\/em> \u00bb apr\u00e8s les Gilets Jaunes (<a href=\"https:\/\/www.nouvelobs.com\/politique\/20220214.OBS54458\/les-infiltres-revelations-sur-l-emprise-des-cabinets-de-conseil-sur-l-etat.html\">source<\/a>)<\/pre>\n\n\n\n<figure class=\"wp-block-image is-resized is-style-default\"><img data-recalc-dims=\"1\" loading=\"lazy\" decoding=\"async\" src=\"https:\/\/i0.wp.com\/static.mediapart.fr\/etmagine\/default\/files\/2022\/02\/25\/le-grand-veneur-1024x703.jpg?resize=457%2C314&#038;ssl=1\" alt=\"le-grand-veneur-1024x703\" width=\"457\" height=\"314\"\/><\/figure>\n\n\n\n<p><strong>Monde<\/strong><\/p>\n\n\n\n<p><a href=\"https:\/\/www.connaissancedesenergies.org\/afp\/etats-unis-six-lots-deoliennes-en-mer-attribues-pour-437-milliards-de-dollars-220225\">Etats-Unis : six lots d&rsquo;\u00e9oliennes en mer attribu\u00e9s pour 4,37 milliards $<\/a> (AFP)<\/p>\n\n\n\n<p><a href=\"https:\/\/reporterre.net\/Guerre-en-Ukraine-la-Russie-met-la-main-sur-le-grenier-a-ble-de-l-Europe\" target=\"_blank\" rel=\"noreferrer noopener\">Guerre en Ukraine : la Russie met la main sur le \u00ab grenier \u00e0 bl\u00e9 \u00bb de l\u2019Europe<\/a> (Reporterre)<\/p>\n\n\n\n<p><a href=\"https:\/\/www.scmp.com\/economy\/china-economy\/article\/3168278\/ukraine-crisis-deepens-china-lifts-all-wheat-import\">Dans contexte repr\u00e9sailles \u00e9conomiques US, RPC l\u00e8ve toutes barri\u00e8res \u00e0 importation c\u00e9r\u00e9ales russes<\/a> (ang-SCMP)<\/p>\n\n\n\n<p><strong><mark style=\"background-color:rgba(0, 0, 0, 0);color:#f20823\" class=\"has-inline-color\">25 f\u00e9vrier en continu<\/mark><\/strong><\/p>\n\n\n\n<p><a href=\"https:\/\/multinationales.org\/Regulation-du-numerique-la-France-cultive-l-entre-soi-avec-les-industriels\">R\u00e9gulation du num\u00e9rique : la France cultive l&rsquo;entre-soi avec les industriels <\/a>(Observatoire des multinationales)&nbsp;<\/p>\n\n\n\n<p><strong>Monde<\/strong><\/p>\n\n\n\n<p><a href=\"https:\/\/www.alternatives-economiques.fr\/leurope-accro-gaz-russe-4-autres-infographies-a-ne-rater-cette-semai\/00102290\">L&rsquo;Europe accro au gaz russe et 4 autres infographies \u00e0 ne pas rater cette semaine<\/a> (Alternatives Economiques)<\/p>\n\n\n\n<figure class=\"wp-block-image size-full is-style-default\"><img data-recalc-dims=\"1\" loading=\"lazy\" decoding=\"async\" width=\"661\" height=\"659\" src=\"https:\/\/i0.wp.com\/www.rdpemancipation.org\/wp-content\/uploads\/2022\/02\/Capture-decran-2022-02-24-a-19.05.00.png?resize=661%2C659&#038;ssl=1\" alt=\"\" class=\"wp-image-72969\" srcset=\"https:\/\/i0.wp.com\/www.rdpemancipation.org\/wp-content\/uploads\/2022\/02\/Capture-decran-2022-02-24-a-19.05.00.png?w=661&amp;ssl=1 661w, https:\/\/i0.wp.com\/www.rdpemancipation.org\/wp-content\/uploads\/2022\/02\/Capture-decran-2022-02-24-a-19.05.00.png?resize=300%2C300&amp;ssl=1 300w, https:\/\/i0.wp.com\/www.rdpemancipation.org\/wp-content\/uploads\/2022\/02\/Capture-decran-2022-02-24-a-19.05.00.png?resize=150%2C150&amp;ssl=1 150w\" sizes=\"auto, (max-width: 661px) 100vw, 661px\" \/><\/figure>\n\n\n\n<p>&nbsp;<a href=\"https:\/\/info.mediapart.fr\/optiext\/optiextension.dll?ID=5VZiyWCg8nJ6iBjRECpPkHM%2BRNA_S79Uffb6vmAzvD3BRAi23G9UQ0F5jlOE5UbaL7tBWa9fUNKlNEJAA1fwXHrxko555Q\">L\u2019\u00e9conomie malade de l\u2019Ukraine<\/a> (M\u00e9diapart)<\/p>\n\n\n\n<p><a href=\"http:\/\/go.latribune.fr\/lnk\/AUwAAEncZbUAAAAuvC4AAAYfogIAAABKeq0AAAAAAArFSwBiF3TQoGvQJ0mNTH2z64XEmu7afAAKruA\/16\/WyzwXRdwu6Cd0OqfubRXoQ\/aHR0cHM6Ly9yZWRpci5vd25wYWdlLmZyL25ld3NsZXR0ZXIvY2I5Yjg1ZjI4NzM1NDQ0MTgzYWU3NmYyNzJhOTlkNzEvZXlKeklqb2lObVpoWkRJek1HUWlMQ0poY2lJNkltMWhiblZoYkY4NUlpd2lkU0k2SWpJeU5UQTFZMkU1WWpWbU5EWm1OelEyWldGak9XSXhNbVkzTjJRNFpEaGxJaXdpZFhJaU9pSm9kSFJ3Y3pvdkwzZDNkeTVzWVhSeWFXSjFibVV1Wm5JdlpXTnZibTl0YVdVdmFXNTBaWEp1WVhScGIyNWhiQzlzTFdsdWRtRnphVzl1TFdSbExXd3RkV3R5WVdsdVpTMXdZWEl0YkdFdGNuVnpjMmxsTFdaaGFYUXRabXhoYldKbGNpMXNaWE10YldGeVkyaGxjeTFrWlhNdGJXRjBhV1Z5WlhNdGNISmxiV2xsY21WekxUa3dORGM0TUM1b2RHMXNQM2gwYjNJOVJWQlNMVEl0VzJ3dFlXTjBkUzFrZFMxcWIzVnlYUzB5TURJeU1ESXlOQ1pmYjNCbFBXVjVTbTVrVjJ4clNXcHZhVTFxU1RGTlJGWnFXVlJzYVU1WFdUQk9iVmt6VGtSYWJGbFhUVFZaYWtWNVdtcGpNMXBFYUd0UFIxVnBabEVsTTBRbE0wUWlMQ0puSWpvaU1UZzRNVEl4SWl3aWNDSTZJakUySW4wPT91dG1fY2FtcGFpZ249JnV0bV9tZWRpdW09ZW1haWwmdXRtX3NvdXJjZT1NYWlsamV0\">L&rsquo;invasion de l&rsquo;Ukraine par la Russie fait flamber les march\u00e9s des mati\u00e8res premi\u00e8res <\/a>(France Info)<\/p>\n\n\n\n<p><strong><mark style=\"background-color:rgba(0, 0, 0, 0);color:#f20823\" class=\"has-inline-color\">24 f\u00e9vrier en continu<\/mark><\/strong><\/p>\n\n\n\n<p><strong>France<\/strong><\/p>\n\n\n\n<p><a href=\"https:\/\/www.connaissancedesenergies.org\/afp\/nucleaire-lasn-demande-des-analyses-supplementaires-edf-sur-les-problemes-de-corrosion-220224\">Nucl\u00e9aire : l&rsquo;ASN demande plus d&rsquo;analyses \u00e0 EDF sur les probl\u00e8mes de corrosion<\/a> (AFP)<\/p>\n\n\n\n<p><a href=\"https:\/\/www.boursorama.com\/actualite-economique\/actualites\/l-unedic-prevoit-un-excedent-de-2-2-mds-d-euros-en-2022-revu-a-la-hausse-c89369b15679c7fe7f94a03fba3ddfbf\">L&rsquo;Un\u00e9dic pr\u00e9voit un exc\u00e9dent de 2,2 mds d&rsquo;euros en 2022, revu \u00e0 la hausse<\/a> (AFP)<\/p>\n\n\n\n<p><a href=\"https:\/\/www.boursorama.com\/actualite-economique\/actualites\/la-bourse-de-paris-ebranlee-3-83-par-l-invasion-russe-en-ukraine-3c94586e52b97c16acdfd1cc2e328d07\">La Bourse de Paris \u00e9branl\u00e9e (-3,83%) par l&rsquo;invasion russe en Ukraine<\/a> (AFP)<\/p>\n\n\n\n<p><a href=\"https:\/\/www.boursorama.com\/actualite-economique\/actualites\/salaire-augmentations-en-vue-dans-les-tpe-et-pme-en-2022-3bc7370942771794573737ba1c39d771\">Salaire : augmentations en vue dans les TPE et PME en 2022<\/a> &nbsp;(Boursorama)<\/p>\n\n\n\n<p><a href=\"https:\/\/www.boursorama.com\/actualite-economique\/actualites\/france-le-moral-des-menages-baisse-legerement-en-fevrier-insee-c23d1b6a8e52db80b2ee5544e18bcc1b\">France : le moral des m\u00e9nages baisse l\u00e9g\u00e8rement en f\u00e9vrier (Insee)<\/a> (AFP)<\/p>\n\n\n\n<p><a href=\"https:\/\/linsoumission.fr\/2022\/02\/21\/desindustrialisation-bilan-noir-macron\/\">D\u00e9sindustrialisation : le bilan noir de Macron<\/a> (L\u2019Insoumission)<\/p>\n\n\n\n<p><a href=\"https:\/\/lanticapitaliste.org\/arguments\/pour-un-autre-modele-agricole\">Dossier: Pour un autre mod\u00e8le agricole\u2009!<\/a> (Commission nationale \u00e9cologie NPA)<\/p>\n\n\n\n<p><a href=\"https:\/\/lanticapitaliste.org\/actualite\/economie\/linflation-galope-les-actionnaires-se-protegent-il-faut-augmenter-les-salaires\">L\u2019inflation galope, les actionnaires se prot\u00e8gent\u2009: il faut augmenter les salaires<\/a> -Henri Wilno<\/p>\n\n\n\n<figure class=\"wp-block-image is-resized is-style-default\"><img data-recalc-dims=\"1\" loading=\"lazy\" decoding=\"async\" src=\"https:\/\/i0.wp.com\/lanticapitaliste.org\/sites\/default\/files\/styles\/largeur_content_hauteur_complet\/public\/pouvoir_achat.jpg?resize=380%2C266&#038;ssl=1\" alt=\"\" width=\"380\" height=\"266\"\/><\/figure>\n\n\n\n<p><strong>Monde<\/strong><\/p>\n\n\n\n<p><a href=\"https:\/\/www.connaissancedesenergies.org\/afp\/wintershall-dea-financier-de-nord-stream-2-veut-un-dedommagement-220224\">Wintershall Dea, financier de Nord Stream 2, veut un d\u00e9dommagement<\/a> (AFP)<\/p>\n\n\n\n<p><a href=\"https:\/\/www.boursorama.com\/actualite-economique\/actualites\/l-euro-fond-le-rouble-s-ecroule-et-l-or-grimpe-apres-l-invasion-de-l-ukraine-993ec4fb38d6d6c735056412c72e0508\">L&rsquo;euro fond, le rouble s&rsquo;\u00e9croule et l&rsquo;or grimpe apr\u00e8s l&rsquo;invasion de l&rsquo;Ukraine<\/a> (AFP)<\/p>\n\n\n\n<p><a href=\"https:\/\/www.boursorama.com\/actualite-economique\/actualites\/wall-street-en-nette-baisse-sous-le-choc-de-l-invasion-de-l-ukraine-89554a8777d53a38ec8f868c98ca0072\">Wall Street en nette baisse, sous le choc de l&rsquo;invasion de l&rsquo;Ukraine<\/a> (AFP)<\/p>\n\n\n\n<p><a href=\"https:\/\/www.boursorama.com\/actualite-economique\/actualites\/alibaba-le-benefice-net-plonge-de-74-au-3t-sur-fond-d-environnement-volatil-a020f17099b129704c155301d9ab6c31\">Alibaba : le b\u00e9n\u00e9fice net plonge de 74% au 3T sur fond d&rsquo;environnement \u00ab\u00a0volatil\u00a0\u00bb<\/a> (AFP)<\/p>\n\n\n\n<p><a href=\"https:\/\/www.boursorama.com\/actualite-economique\/actualites\/le-gaz-russe-pas-remplacable-en-europe-dans-l-immediat-selon-le-pdg-de-totalenergies-fdacfad7e2ef75c2ef5a7e04a5d563c5\">Le gaz russe pas rempla\u00e7able en Europe dans l&rsquo;imm\u00e9diat, selon le PDG de Total<\/a> (AFP)<\/p>\n\n\n\n<p><a href=\"https:\/\/www.boursorama.com\/actualite-economique\/actualites\/l-union-europeenne-peu-susceptible-de-bloquer-l-acces-de-la-russie-a-swift-dans-l-immediat-sources-6c7d73e421b0128db0e26b29c8de9010\">L&rsquo;UE peu susceptible de bloquer l&rsquo;acc\u00e8s de la Russie \u00e0 SWIFT dans l&rsquo;imm\u00e9diat-sources<\/a> (Reuters)<\/p>\n\n\n\n<p><a href=\"https:\/\/www.boursorama.com\/videos\/actualites\/invasion-russe-de-l-ukraine-les-bourses-plongent-le-petrole-au-dessus-de-100-dollars-a0d76daecef0d8a88148b851f1fda93d\">Invasion Ukraine : les Bourses plongent, le p\u00e9trole au-dessus de 100 dollars<\/a> (France 24)<\/p>\n\n\n\n<p><a href=\"https:\/\/www.boursorama.com\/actualite-economique\/actualites\/la-banque-centrale-de-russie-intervient-sur-le-marche-des-changes-pour-stabiliser-la-situation-291722da64d7b883693a925e73cd527e\">La Banque centrale de Russie intervient sur le march\u00e9 des changes pour \u00ab\u00a0stabiliser la situation\u00a0\u00bb<\/a> (AFP)<\/p>\n\n\n\n<p><a href=\"https:\/\/www.boursorama.com\/actualite-economique\/actualites\/invasion-de-l-ukraine-les-prix-des-cereales-atteignent-des-niveaux-record-sur-le-marche-europeen-b861b6f9075c09327581497274a275b1\">Invasion Ukraine : les prix des c\u00e9r\u00e9ales atteignent des niveaux record sur le march\u00e9 europ\u00e9en<\/a> (Boursorama)<\/p>\n\n\n\n<p><a href=\"https:\/\/www.connaissancedesenergies.org\/afp\/leurope-lorgne-sur-le-gaz-et-le-petrole-du-golfe-pour-saffranchir-de-moscou-220224\">L&rsquo;Europe lorgne sur le gaz et le p\u00e9trole du Golfe pour s&rsquo;affranchir de Moscou<\/a> (AFP)<\/p>\n\n\n\n<p><a href=\"https:\/\/www.agenceecofin.com\/trade\/2302-95313-en-2021-le-commerce-mondial-de-gnl-s-est-accru-de-6-par-rapport-a-2020\">En 2021, le commerce mondial de GNL s\u2019est accru de 6&nbsp;% par rapport \u00e0 2020<\/a> (Ecofin)<\/p>\n\n\n\n<p><strong>Analyse<\/strong><\/p>\n\n\n\n<p><a href=\"https:\/\/info.alternatives-economiques.fr\/optiext\/optiextension.dll?ID=9FE9yd9T%2BZ9Xbrw9MvFKU4FfhDVaGmR4i1KzR99lz7KUnrPT1AXQ_b3t8vU7C0jvkGrmT2bd5iYNY9GuMH7Ug2iZafNvE\" target=\"_blank\" rel=\"noreferrer noopener\">Sanctions \u00e9conomiques contre la Russie&nbsp;: une arme \u00e0 port\u00e9e limit\u00e9e<\/a> (Alter \u00e9co)<\/p>\n\n\n\n<p><strong><mark style=\"background-color:rgba(0, 0, 0, 0);color:#f20823\" class=\"has-inline-color\">23 f\u00e9vrier en continu<\/mark><\/strong><\/p>\n\n\n\n<p><strong>France<\/strong><\/p>\n\n\n\n<p><a href=\"https:\/\/lareleveetlapeste.fr\/france-largent-de-63-milliardaires-pollue-plus-que-la-moitie-de-la-population-francaise\/\" target=\"_blank\" rel=\"noreferrer noopener\">L\u2019argent de 63 milliardaires pollue plus que la moiti\u00e9 de la population fran\u00e7aise<\/a>&nbsp; (La Rel\u00e8ve et La Peste)<\/p>\n\n\n\n<p><a href=\"https:\/\/www.mediapart.fr\/journal\/france\/230222\/les-milliardaires-francais-brulent-la-planete\" target=\"_blank\" rel=\"noreferrer noopener\">Les milliardaires fran\u00e7ais br\u00fblent la plan\u00e8te<\/a>&nbsp; (M\u00e9diapart)<\/p>\n\n\n\n<p><a href=\"https:\/\/redirection.b2b.infopro-digital.com\/lnk\/AUUAAEyaCjIAAcXD-qYAAHnKuI0AAABZQUUAANzvAAwsSQBiFnM4wBUgIhvKQaK7S-prMHMTXAAMCy8\/4\/TV9kleG8ZK1c49u0DdNR0A\/aHR0cHM6Ly93d3cudXNpbmVub3V2ZWxsZS5jb20vYXJ0aWNsZS9zdGVsbGFudGlzLXRpZW50LXNhLXByb21lc3NlLWRlLW1hcmdlcy1hdmVjLWRlcy1wcmVtaWVycy1yZXN1bHRhdHMtcmVjb3JkLWVuLXRlbXBzLWRlLWNyaXNlLk4xNzg3MTc3I3h0b3I9RVBSLTE2OSZlbWFpbD1uLmNoZXZpbGxhcmRAbm9vcy5mcg#xtor=EPR-169&amp;email=n.chevillard@noos.fr\" target=\"_blank\" rel=\"noreferrer noopener\">Stellantis cl\u00f4t sa premi\u00e8re ann\u00e9e d&rsquo;existence avec des b\u00e9n\u00e9fices au plus haut<\/a> (Usine Nouvelle)<\/p>\n\n\n\n<p><a href=\"https:\/\/www.humanite.fr\/social-eco\/medef\/devant-le-medef-droite-et-extreme-droite-font-couler-largent-magique-flots-739204#xtor=RSS-1\" target=\"_blank\" rel=\"noreferrer noopener\">Devant le Medef, droite et extr\u00eame droite font couler l&rsquo;argent magique \u00e0 flots<\/a>&nbsp; (L\u2019Humanit\u00e9)<\/p>\n\n\n\n<p><a href=\"https:\/\/www.blast-info.fr\/articles\/2022\/pecresse-alstom-la-justice-saisie-gsTkv85JQVKILxbt1EsC_g\" target=\"_blank\" rel=\"noreferrer noopener\">P\u00e9cresse\/Alstom : La justice saisie <\/a>&nbsp;(Blast)<\/p>\n\n\n\n<p><a href=\"https:\/\/info.alternatives-economiques.fr\/optiext\/optiextension.dll?ID=v32v2OAj5F7Fc9fjCkJHSWCE_ihKIv%2Bq8RAC5EHeqwrqI2_fCp4tCt4Snm3nV3chpt9KltNqOykeUCtQTBUp_SrN7vw9k\" target=\"_blank\" rel=\"noreferrer noopener\">La recapitalisation d\u2019EDF va-t-elle r\u00e9gler la crise&nbsp;?<\/a> (Alter \u00e9co)<\/p>\n\n\n\n<figure class=\"wp-block-image is-resized is-style-default\"><img data-recalc-dims=\"1\" loading=\"lazy\" decoding=\"async\" src=\"https:\/\/i0.wp.com\/mamot.fr\/system\/cache\/media_attachments\/files\/107\/807\/237\/095\/395\/931\/original\/ce452dc4920fd633.png?resize=584%2C326&#038;ssl=1\" alt=\"\" width=\"584\" height=\"326\"\/><\/figure>\n\n\n\n<p><a href=\"https:\/\/www.boursorama.com\/actualite-economique\/actualites\/ouverture-en-normandie-d-une-des-seules-filatures-de-lin-en-france-3996e66be300e6004950290d56fe2c30\">Ouverture en Normandie d&rsquo;une des seules filatures de lin en France<\/a> (AFP)<\/p>\n\n\n\n<p><a href=\"https:\/\/reporterre.net\/Une-ferme-usine-de-saumons-menace-les-eaux-bretonnes\" target=\"_blank\" rel=\"noreferrer noopener\">Une ferme-usine de saumons menace les eaux bretonnes<\/a>&nbsp;(Reporterre)<\/p>\n\n\n\n<p><a href=\"https:\/\/reporterre.net\/Demeter-le-gouvernement-defend-la-surveillance-des-opposants-a-l-agro-industrie\" target=\"_blank\" rel=\"noreferrer noopener\">D\u00e9m\u00e9ter&nbsp;: le gouvernement d\u00e9fend la surveillance des opposants \u00e0 l&rsquo;agro-industrie<\/a>&nbsp; (Reporterre)<\/p>\n\n\n\n<p><a href=\"https:\/\/basta.media\/agriculture-industrielle-agrobusiness-PAC-pesticides-bien-etre-animal-parlement-europeen-extreme-droite-macronie\" target=\"_blank\" rel=\"noreferrer noopener\">Soutien \u00e0 l\u2019agriculture industrielle et polluante&nbsp;: consensus de l\u2019extr\u00eame droite \u00e0 la Macronie&nbsp;<\/a> (Basta!)<\/p>\n\n\n\n<p><a href=\"https:\/\/www.euractiv.fr\/section\/agriculture-alimentation\/news\/la-france-va-interdire-limportation-de-viande-issue-delevages-utilisant-des-antibiotiques-de-croissance\/\">La France va interdire l\u2019importation de viande issue d\u2019\u00e9levages utilisant des antibiotiques de croissance<\/a> (Euractiv)<\/p>\n\n\n\n<figure class=\"wp-block-image is-resized is-style-default\"><img data-recalc-dims=\"1\" loading=\"lazy\" decoding=\"async\" src=\"https:\/\/i0.wp.com\/www.euractiv.fr\/wp-content\/uploads\/sites\/3\/2022\/02\/shutterstock_1903089874-800x450.jpg?resize=510%2C287&#038;ssl=1\" alt=\"\" width=\"510\" height=\"287\"\/><\/figure>\n\n\n\n<p><strong>Monde<\/strong><\/p>\n\n\n\n<p><a href=\"https:\/\/www.boursorama.com\/actualite-economique\/actualites\/climat-les-emissions-de-methane-largement-sous-estimees-alerte-l-aie-3e03e274e169d1425b449c5a67ff9b80\">Climat : les \u00e9missions de m\u00e9thane largement sous-estim\u00e9es, alerte l&rsquo;AIE<\/a> (AFP)<\/p>\n\n\n\n<p><a href=\"https:\/\/www.connaissancedesenergies.org\/afp\/le-petrole-repart-avec-la-promesse-russe-dune-riposte-aux-sanctions-220223\">Le p\u00e9trole repart avec la promesse russe d&rsquo;une riposte aux sanctions<\/a> (AFP)<\/p>\n\n\n\n<p><a href=\"https:\/\/www.boursorama.com\/videos\/actualites\/sanctions-apres-l-intervention-russe-en-ukraine-le-reseau-interbancaire-swift-une-arme-efficace-41602ef8408dae9f537cfaafd70a2721\">Sanctions contre la Russie : le r\u00e9seau interbancaire Swift, une arme efficace ?<\/a> (France 24)<\/p>\n\n\n\n<p>&nbsp;<a href=\"https:\/\/www.boursorama.com\/videos\/actualites\/crise-ukraine-russie-pourquoi-le-bitcoin-n-est-pas-une-valeur-refuge-7262074d3b8be1027ea2df53c4c65a8e\">Crise Ukraine\/Russie : pourquoi le bitcoin n&rsquo;est pas une valeur refuge<\/a> (Ecorama)<\/p>\n\n\n\n<p>&nbsp;<a href=\"https:\/\/www.boursorama.com\/videos\/actualites\/l-europe-peut-elle-faire-sans-le-gaz-russe-a87ab1c67db181ccd886d47dd0827aed\">L&rsquo;Europe peut-elle faire sans le gaz russe ?<\/a> (Ecorama)<\/p>\n\n\n\n<p><a href=\"https:\/\/www.connaissancedesenergies.org\/afp\/lallemagne-peut-se-passer-du-gaz-russe-si-necessaire-selon-berlin-220223\">L&rsquo;Allemagne \u00ab peut se passer \u00bb du gaz russe si n\u00e9cessaire selon Berlin<\/a> (AFP)<\/p>\n\n\n\n<p><a href=\"https:\/\/www.boursorama.com\/actualite-economique\/actualites\/les-sanctions-de-l-ue-contre-la-russie-appliquees-des-mercredi-4245266009bee034dcd3c059bcd5c98b\">Les sanctions de l&rsquo;UE contre la Russie appliqu\u00e9es d\u00e8s mercredi<\/a> (Reuters)<\/p>\n\n\n\n<p><a href=\"https:\/\/www.boursorama.com\/actualite-economique\/actualites\/ukraine-biden-annonce-des-sanctions-contre-des-banques-et-elites-russes-c8f8367da9d8101f7450d31ca179d1cf\">Ukraine : Biden annonce des sanctions contre des banques et \u00e9lites russes<\/a> (Reuters)<\/p>\n\n\n\n<p><strong><a href=\"https:\/\/www.boursorama.com\/actualite-economique\/actualites\/zone-euro-l-inflation-confirmee-a-5-1-sur-un-an-un-record-89e897650a2cc33f25e4eaff96355367\">Zone euro : L&rsquo;inflation confirm\u00e9e \u00e0 5,1% sur un an, un record<\/a><\/strong> (Reuters)<\/p>\n\n\n\n<p><strong>Analyse<\/strong><\/p>\n\n\n\n<p><strong><a href=\"https:\/\/lvsl.fr\/Le%20droit%20am\u00e9ricain&nbsp;:%20une%20arme%20de%20guerre%20\u00e9conomique&nbsp;?\">Le droit am\u00e9ricain&nbsp;: une arme de guerre \u00e9conomique&nbsp;?<\/a> <\/strong>&nbsp;(LVSL)<\/p>\n\n\n\n<p><a href=\"https:\/\/info.alternatives-economiques.fr\/optiext\/optiextension.dll?ID=v32vW30ZQou1cMVTnwNcAdOUD8Lqo4kkk7PQe5p1RYYQDJHfC2v9Oe4dLPeDEdh20rbExRjpGz3AeIhKu6hPRLByNmK9W\" target=\"_blank\" rel=\"noreferrer noopener\">Racisme, in\u00e9galit\u00e9s et politique mon\u00e9taire<\/a> &#8211; Eric Monnet (Alter \u00e9co)<\/p>\n\n\n\n<p><a href=\"https:\/\/redirection.b2b.infopro-digital.com\/lnk\/AUUAAEyaCjIAAcXD-qYAAHnKuI0AAABZQUUAANzvAAwsSQBiFnM4wBUgIhvKQaK7S-prMHMTXAAMCy8\/17\/Zw_JWR4Y_CPKuFdEz99oKQ\/aHR0cHM6Ly93d3cudXNpbmVub3V2ZWxsZS5jb20vYXJ0aWNsZS9ub3JkLXN0cmVhbS0yLXVuLWNoYW50aWVyLXRpdGFuZXNxdWUtYXV4LW11bHRpcGxlcy1yZWJvbmRpc3NlbWVudHMuTjE3ODcyMDIjeHRvcj1FUFItMTY5JmVtYWlsPW4uY2hldmlsbGFyZEBub29zLmZy#xtor=EPR-169&amp;email=n.chevillard@noos.fr\" target=\"_blank\" rel=\"noreferrer noopener\">Nord Stream 2, un chantier titanesque aux multiples rebondissements<\/a> (Usine Nouvelle)<\/p>\n\n\n\n<p><a href=\"https:\/\/www.euractiv.fr\/section\/energie\/news\/leak-les-prix-de-lenergie-resteront-eleves-et-volatils-jusquen-2023-selon-la-commission-europeenne\/\">Les prix de l\u2019\u00e9nergie resteront \u00e9lev\u00e9s et volatils jusqu\u2019en 2023, selon la Commission europ\u00e9enne<\/a> (Euractiv)<\/p>\n\n\n\n<p><a href=\"https:\/\/www.euractiv.fr\/section\/commerce-industrie\/news\/le-declin-de-lomc\/\">Le d\u00e9clin de l\u2019OMC<\/a> (Euractiv)<\/p>\n\n\n\n<p><a href=\"https:\/\/www.monde-diplomatique.fr\/2017\/02\/DURAND\/57130\">Les rem\u00e8des toxiques \u00e0 la crise financi\u00e8re<\/a> &#8211; C\u00e9dric Durand (Le Monde diplomatique)<\/p>\n\n\n\n<p><a href=\"https:\/\/charliehebdo.fr\/2022\/02\/economie\/russie-devenue-puissance-economique-troisieme-zone\/?utm_source=sendinblue&amp;utm_campaign=QUOTIDIENNE%2022022022%20-%20ABONNES&amp;utm_medium=email\">La Russie est devenue une puissance \u00e9conomique de troisi\u00e8me zone<\/a> (Charlie Hebdo)<\/p>\n\n\n\n<p><strong><mark style=\"background-color:rgba(0, 0, 0, 0);color:#f20823\" class=\"has-inline-color\">22 f\u00e9vrier en continu<\/mark><\/strong><\/p>\n\n\n\n<p><strong>France<\/strong><\/p>\n\n\n\n<p><a href=\"https:\/\/common.indigo-net.com\/lib\/cookie_log\/redirector.asp?mail=n.chevillard@noos.fr&amp;ID=457932&amp;DOCIID=109703480&amp;ENAIID=712890&amp;RETOUR=SIMPLE&amp;link=https:\/\/www.lalettrea.fr\/entreprises_defense-et-aeronautique\/2022\/02\/22\/dassault-aviation--les-greves-creent-des-tensions-sur-les-stocks,109735754-art?utm_source=LLA&amp;utm_medium=email&amp;utm_campaign=PROS_EDIT_ART\" target=\"_blank\" rel=\"noreferrer noopener\">Dassault Aviation : les gr\u00e8ves cr\u00e9ent des tensions sur les stocks<\/a> (La Lettre A)<\/p>\n\n\n\n<p><a href=\"https:\/\/www.mediapart.fr\/journal\/france\/220222\/kering-employe-la-patronne-d-yves-saint-laurent-sous-contrat-suisse\">Kering a employ\u00e9 la patronne d\u2019Yves Saint Laurent sous contrat suisse<\/a> (M\u00e9diapart)<\/p>\n\n\n\n<p><a href=\"https:\/\/www.mediapart.fr\/journal\/economie\/210222\/bollore-la-marche-vers-un-empire-mediatique\">Bollor\u00e9&nbsp;: la marche vers un empire m\u00e9diatique<\/a> (M\u00e9diapart)<\/p>\n\n\n\n<p><a href=\"https:\/\/www.mediapart.fr\/journal\/economie\/220222\/les-impots-de-production-nouveau-recit-au-service-du-capital\">Les imp\u00f4ts de production, nouveau r\u00e9cit au service du capital<\/a> (M\u00e9diapart)<\/p>\n\n\n\n<p><a href=\"https:\/\/www.boursorama.com\/actualite-economique\/actualites\/abus-de-position-dominante-l-autorite-de-la-concurrence-inflige-a-edf-une-amende-de-300-millions-d-euros-59ef87306426238cf571be7c2ffdbd7e\">L\u2019Autorit\u00e9 de la concurrence inflige \u00e0 EDF une amende de 300 millions \u20ac<\/a> (Boursorama)<\/p>\n\n\n\n<p><a href=\"https:\/\/www.boursorama.com\/actualite-economique\/actualites\/intermarche-sanctionne-pour-defaut-de-tracabilite-avec-ses-fournisseurs-d8784aa970f929b2a83b835573b3af01\">Intermarch\u00e9 sanctionn\u00e9 pour d\u00e9faut de \u00ab\u00a0tra\u00e7abilit\u00e9\u00a0\u00bb avec ses fournisseurs<\/a> (AFP)<\/p>\n\n\n\n<p><a href=\"https:\/\/www.boursorama.com\/videos\/actualites\/ukraine-jusqu-ou-le-cac-40-peut-il-chuter-4053dc44462e432d803ebcc29b82562b\">Ukraine : jusqu&rsquo;o\u00f9 le CAC 40 peut-il chuter ?<\/a> (Ecorama)<\/p>\n\n\n\n<p><a href=\"https:\/\/www.boursorama.com\/actualite-economique\/actualites\/nouveau-sursis-pour-caddie-jusqu-au-1er-mars-a1e8d2dde7a8aec1afb46d14e51f0fc1\">Nouveau sursis pour Caddie, jusqu&rsquo;au 1er mars<\/a> (AFP)<\/p>\n\n\n\n<p>&nbsp;<a href=\"https:\/\/www.boursorama.com\/videos\/actualites\/la-reindustrialisation-de-la-france-un-chemin-long-et-difficile-9a355cdb6aa2b69d90180b7d9dd3ca0f\">La r\u00e9industrialisation de la France, un chemin long et difficile<\/a> (France 24)<\/p>\n\n\n\n<p><a href=\"https:\/\/www.mediapart.fr\/journal\/france\/170222\/evasion-fiscale-la-france-fait-une-fleur-la-famille-pinault\">\u00c9vasion fiscale&nbsp;: la France a fait une fleur \u00e0 la famille Pinault<\/a> (M\u00e9diapart)<\/p>\n\n\n\n<p><strong><a href=\"https:\/\/newsletter.liberation.fr\/m\/surl\/200138\/514821\/X1uo2I3ZWkFJ2oUABCo6y3FKF-B12viezBEiZxMr5xU=\/link_20\/Tr7hGGivLdLna2Jb01DY3heQaiu2FG7Hmmv-4JI3FDuqksBO-22V6fFzqMX3kVdyOzQQrxmWKUpcNDx6xuOaIs5wmWXMfFqB5j7dhXEQUZkYWhAYqj3AXQryEusdr5YbdvqDkzzranMWhBNJMFSDIPD9dSbuMd53ilcekM1km74rhv3OK0DfQsLbnAKCqBXbWil6HRHtRP1VksFFFrg5ttItQ4RmwiZ5bMH0lbLozZfjJt9ir+EhzmMrs3fMiT7OjkRSFyTbl1F1akf9BCvO8tTJu78IiP8ylKbeFQsE93h+LNHzm41umMwF0Tm0ZKcn5sG9-uguUZxzuILomBFOrJKkCbfTSapob4Wfx5s06ukOlcRKwMIh5uBI4yHPLD1e4LtEUU-uBNpf2Bv-6Ng+zSiT9YtX1PXXwo1Bep+NSI4LZIseUvZ7jsj0jy6+lhNJjdz39qIfGiIwMJW1PlMqUQ==\" target=\"_blank\" rel=\"noreferrer noopener\">Patronat.&nbsp;Un d\u00e9fil\u00e9 de candidats pas trop conflictuels sur le podium du Medef<\/a> (<\/strong>Lib\u00e9ration)<\/p>\n\n\n\n<p><strong>Monde<\/strong><a href=\"https:\/\/www.lemonde.fr\/les-decodeurs\/article\/2022\/02\/22\/credit-suisse-de-l-egypte-au-pakistan-la-banque-des-espions_6114700_4355770.html\"><\/a><a href=\"https:\/\/www.lemonde.fr\/les-decodeurs\/article\/2022\/02\/22\/credit-suisse-de-l-egypte-au-pakistan-la-banque-des-espions_6114700_4355770.html\">&nbsp;<\/a><\/p>\n\n\n\n<p><a href=\"https:\/\/www.boursorama.com\/actualite-economique\/actualites\/ukraine-sanctions-contre-moscou-apres-la-reconnaissance-des-separatistes-6c8ab558acf2af4a7c22f50630b6e768\">Ukraine : sanctions contre Moscou apr\u00e8s la reconnaissance des s\u00e9paratistes<\/a> (AFP)<\/p>\n\n\n\n<p><a href=\"https:\/\/www.connaissancedesenergies.org\/afp\/crise-en-ukraine-la-finlande-va-reevaluer-un-projet-de-reacteur-nucleaire-russe-220222\">Ukraine : la Finlande va r\u00e9\u00e9valuer un projet de r\u00e9acteur nucl\u00e9aire russe<\/a> (AFP)<\/p>\n\n\n\n<p><a href=\"https:\/\/www.boursorama.com\/actualite-economique\/actualites\/ukraine-l-allemagne-suspend-nord-stream-2-et-menace-d-autres-sanctions-54ec65ce8306d4aeaad2490544197a74\">Ukraine : l&rsquo;Allemagne suspend Nord Stream 2 et menace \u00ab\u00a0d&rsquo;autres sanctions\u00a0\u00bb<\/a> (AFP)<\/p>\n\n\n\n<p><a href=\"https:\/\/www.boursorama.com\/videos\/actualites\/sanctions-contre-la-russie-l-europe-veut-viser-les-banques-russes-46b04ee144bf5b25b32fa958d375ce9b\">Sanctions contre la Russie : l&rsquo;Europe veut viser les banques russes<\/a> (France 24)<\/p>\n\n\n\n<p><a href=\"https:\/\/www.boursorama.com\/actualite-economique\/actualites\/les-emirats-investissent-pour-peser-dans-la-nouvelle-guerre-teleguidee-34953ae589936ecdfb06311e9207e90c\">Les Emirats investissent pour peser dans la nouvelle guerre t\u00e9l\u00e9guid\u00e9e<\/a> (AFP)<\/p>\n\n\n\n<p><a href=\"https:\/\/www.boursorama.com\/videos\/actualites\/la-crise-ukrainienne-cause-une-flambee-des-prix-du-petrole-a5b92b14f8f86f47e8f57042f5230f9e\">La crise ukrainienne cause une flamb\u00e9e des prix du p\u00e9trole<\/a> (France 24)<\/p>\n\n\n\n<p><a href=\"https:\/\/www.boursorama.com\/actualite-economique\/actualites\/sommet-du-gaz-les-producteurs-previennent-etre-limites-dans-l-augmentation-des-volumes-0591e52845f0aea85431b2d7db945560\">Les producteurs de gaz limit\u00e9s dans l&rsquo;augmentation des volumes<\/a> (AFP)<\/p>\n\n\n\n<p><a href=\"https:\/\/www.boursorama.com\/actualite-economique\/actualites\/plastique-moins-de-10-recycle-l-ocde-veut-une-reponse-mondiale-coordonnee-869ef5c318af078aa8c6d8011c59c85b\">Plastique : moins de 10% recycl\u00e9, l&rsquo;OCDE veut une r\u00e9ponse \u00ab\u00a0mondiale coordonn\u00e9e\u00a0\u00bb<\/a> (AFP)<\/p>\n\n\n\n<p><a href=\"https:\/\/www.boursorama.com\/actualite-economique\/actualites\/changement-climatique-l-europe-du-rail-demande-un-effort-important-pour-le-reseaux-ferroviaire-8877f91dea22e98d0655002e59958c2b\">Climat : l&rsquo;Europe du rail demande \u00ab\u00a0un effort important\u00a0\u00bb pour le ferroviaire<\/a> (Boursorama)<\/p>\n\n\n\n<p><a href=\"https:\/\/www.boursorama.com\/actualite-economique\/actualites\/allemagne-le-climat-des-affaires-continue-de-s-ameliorer-ifo-85b9b9a9c4e95f3d31f09ebf01f7dc79\">Allemagne&nbsp;: Le climat des affaires continue de s&rsquo;am\u00e9liorer-Ifo<\/a> (Reuters)<\/p>\n\n\n\n<p><a href=\"https:\/\/www.lemonde.fr\/les-decodeurs\/article\/2022\/02\/22\/credit-suisse-de-l-egypte-au-pakistan-la-banque-des-espions_6114700_4355770.html\">Cr\u00e9dit Suisse&nbsp;: de l\u2019Egypte au Pakistan, la banque des espions<\/a> (Le Monde)<\/p>\n\n\n\n<p><a href=\"https:\/\/www.lemonde.fr\/les-decodeurs\/article\/2022\/02\/22\/credit-suisse-quand-la-banque-abritait-l-argent-d-un-cartel-de-la-drogue-serbe_6114755_4355770.html\">Cr\u00e9dit Suisse&nbsp;: quand la banque abritait l\u2019argent d\u2019un cartel de la drogue serbe<\/a> (Le Monde)<\/p>\n\n\n\n<p><a href=\"http:\/\/cadtm.org\/Sommet-UA-UE-l-annulation-de-la-dette-ne-peut-etre-balayee-d-un-revers-de-main\">Sommet UA-UE : l&rsquo;annulation de la dette ne peut \u00eatre balay\u00e9e d&rsquo;un revers de main<\/a> (CADTM)<\/p>\n\n\n\n<p><a href=\"https:\/\/www.hrw.org\/381205%20at%20https%3A\/www.hrw.org\">UE : Interdire le commerce avec les colonies de peuplement ill\u00e9gales<\/a> (Human Rights Watch)<\/p>\n\n\n\n<p><strong>Analyse<\/strong><\/p>\n\n\n\n<p><a href=\"https:\/\/www.boursorama.com\/videos\/actualites\/suisse-secrets-l-origine-des-fonds-heberges-par-le-credit-suisse-seme-le-trouble-2320d3d426644aebd98097131f657245\">\u00ab\u00a0Suisse secrets\u00a0\u00bb : l&rsquo;origine des fonds h\u00e9berg\u00e9s par le Cr\u00e9dit Suisse s\u00e8me le trouble<\/a> (France 24)<\/p>\n\n\n\n<p><a href=\"https:\/\/blogs.mediapart.fr\/louis-albert-serrut\/blog\/220222\/la-musique-discrete-de-l-insee\">La musique discr\u00e8te de l\u2019Insee<\/a> (Blog&nbsp;Louis Albert SERRUT)<\/p>\n\n\n\n<p><a href=\"https:\/\/www.developpez.com\/actu\/331141\/Les-cryptomonnaies-sont-pires-que-des-schemas-de-ponzi-d-apres-la-banque-centrale-de-l-Inde-dont-l-avis-en-la-matiere-rejoint-celui-de-la-reserve-federale-americaine-et-de-plusieurs-analystes\/\">Les cryptomonnaies sont pires que des sch\u00e9mas de ponzi<\/a> (Developpez)<\/p>\n\n\n\n<p><a href=\"https:\/\/rapportsdeforce.fr\/linternationale\/lactu-des-oublie-e-s-mythe-de-la-catastrophe-et-diktat-de-la-dette-022112808\">L\u2019actu des Oubli\u00e9.e.s : mythe de la catastrophe et diktat de la dette<\/a> (Rapports de Force)<\/p>\n\n\n\n<p><strong><mark style=\"background-color:rgba(0, 0, 0, 0);color:#f20823\" class=\"has-inline-color\">21 f\u00e9vrier en continu<\/mark><\/strong><\/p>\n\n\n\n<p><strong>France<\/strong><\/p>\n\n\n\n<p><a href=\"https:\/\/redirection.b2b.infopro-digital.com\/lnk\/AMUAAL6RnewAAcXD-RgAAHnKuI0AAABZQUUAANzvAAwsSQBiE8-fDWR6iSibSiemaDvSyO5yDwAMCy8\/14\/zf06Y7FKimYCpkFcDrBJgw\/aHR0cHM6Ly93d3cudXNpbmVub3V2ZWxsZS5jb20vYXJ0aWNsZS9sZS1jb25zZWlsLWNvbnN0aXR1dGlvbm5lbC1yZWxhbmNlLWxhLWJhdGFpbGxlLWp1cmlkaXF1ZS1hdXRvdXItZGUtbW9udGFnbmUtZC1vci1lbi1ndXlhbmUuTjE3ODYyODIjeHRvcj1FUFItMTY5JmVtYWlsPW4uY2hldmlsbGFyZEBub29zLmZy#xtor=EPR-169&amp;email=n.chevillard@noos.fr\" target=\"_blank\" rel=\"noreferrer noopener\">Le Conseil constitutionnel ferme la porte \u00e0 Montagne d&rsquo;Or en Guyane<\/a> (Usine Nouvelle)<\/p>\n\n\n\n<p><a href=\"https:\/\/redirection.b2b.infopro-digital.com\/lnk\/AMUAAL6RnewAAcXD-RgAAHnKuI0AAABZQUUAANzvAAwsSQBiE8-fDWR6iSibSiemaDvSyO5yDwAMCy8\/17\/6CLUSJwh4B_4cdch3Zwt6Q\/aHR0cHM6Ly93d3cudXNpbmVub3V2ZWxsZS5jb20vYXJ0aWNsZS9jbGltYXRvLWV0aGlxdWUtY29tYmllbi1jb3V0ZXJvbnQtcGV1dC1ldHJlLWxlcy1zaXgtcHJlbWllcnMtZXByMi1kLWVkZi5OMTc4NjM3NyN4dG9yPUVQUi0xNjkmZW1haWw9bi5jaGV2aWxsYXJkQG5vb3MuZnI#xtor=EPR-169&amp;email=n.chevillard@noos.fr\" target=\"_blank\" rel=\"noreferrer noopener\">Combien co\u00fbteront (peut-\u00eatre) les six premiers EPR2<\/a> (Usine Nouvelle)<\/p>\n\n\n\n<p><a href=\"https:\/\/info.alternatives-economiques.fr\/optiext\/optiextension.dll?ID=7zy7FjuWWK5jfz6PB8mR4zdP0OLngsp0MtGmXPVTaNsVtOsRYX%2B%2BV5op4b%2BLTt9fEutj2f4%2BReh%2BWxoWngioqbyc1bolQ\" target=\"_blank\" rel=\"noreferrer noopener\">La facture toujours plus sal\u00e9e de l\u2019\u00e9lectricit\u00e9 nucl\u00e9aire<\/a> (Alter \u00e9co)<\/p>\n\n\n\n<p><a href=\"https:\/\/redirection.b2b.infopro-digital.com\/lnk\/AMUAAL6RnewAAcXD-RgAAHnKuI0AAABZQUUAANzvAAwsSQBiE8-fDWR6iSibSiemaDvSyO5yDwAMCy8\/20\/RWZLsO6bcNw2Cptif0A1yg\/aHR0cHM6Ly93d3cudXNpbmVub3V2ZWxsZS5jb20vYXJ0aWNsZS9sYS1zZWluZS1ldC1tYXJuZS1wb3Vzc2Utc2EtZmlsaWVyZS1kZS1wcm9kdWN0aW9uLWRlLWJpb21ldGhhbmUuTjE3ODAyNTIjeHRvcj1FUFItMTY5JmVtYWlsPW4uY2hldmlsbGFyZEBub29zLmZy#xtor=EPR-169&amp;email=n.chevillard@noos.fr\" target=\"_blank\" rel=\"noreferrer noopener\">La Seine-et-Marne pousse sa fili\u00e8re de production de biom\u00e9thane<\/a> (Usine Nouvelle)<\/p>\n\n\n\n<p><a href=\"https:\/\/www.agenceecofin.com\/transports\/2102-95266-bollore-railways-se-reengage-a-investir-davantage-dans-le-secteur-ferroviaire-africain\" target=\"_blank\" rel=\"noreferrer noopener\">Bollor\u00e9 Railways se r\u00e9engage \u00e0 investir davantage dans le secteur ferroviaire africain<\/a> (\u00c9cofin)<\/p>\n\n\n\n<p><a href=\"https:\/\/common.indigo-net.com\/lib\/cookie_log\/redirector.asp?mail=n.chevillard@noos.fr&amp;ID=457740&amp;DOCIID=109703480&amp;ENAIID=712700&amp;RETOUR=SIMPLE&amp;link=https:\/\/www.lalettrea.fr\/action-publique_partis-et-elections\/2022\/02\/21\/les-patrons-pro-pecresse-gardent-l-anonymat-pour-critiquer-macron,109735348-art?utm_source=LLA&amp;utm_medium=email&amp;utm_campaign=PROS_EDIT_RUB\" target=\"_blank\" rel=\"noreferrer noopener\">Les patrons pro-P\u00e9cresse gardent l&rsquo;anonymat pour critiquer Macron<\/a> (La Lettre A)<\/p>\n\n\n\n<p><a href=\"https:\/\/www.connaissancedesenergies.org\/afp\/edf-renfloue-par-letat-pour-faire-face-aux-difficultes-de-2022-220219-0\">EDF renflou\u00e9 par l&rsquo;Etat pour faire face aux \u00ab\u00a0difficult\u00e9s\u00a0\u00bb de 2022<\/a> (AFP)<\/p>\n\n\n\n<p><a href=\"https:\/\/www.connaissancedesenergies.org\/afp\/nucleaire-le-programme-pour-de-nouveaux-epr-en-france-se-precise-220218\">Nucl\u00e9aire : le programme pour de nouveaux EPR en France se pr\u00e9cise<\/a> (AFP)<\/p>\n\n\n\n<p><a href=\"https:\/\/redirection.b2b.infopro-digital.com\/lnk\/AVMAAE2U36gAAcXD91wAAHnKuI0AAABZQUUAANzvAAwsSQBiDooQvD_ZA40aTZq82Ho1-Wj02wAMCy8\/7\/81D0w14B90oDSoHKqBismQ\/aHR0cHM6Ly93d3cudXNpbmVub3V2ZWxsZS5jb20vYXJ0aWNsZS9jb21tZW50LWV4cGxpcXVlci1sZS1iZW5lZmljZS1oaXN0b3JpcXVlLWQtYWlyYnVzLW1hbGdyZS1sYS1jcmlzZS5OMTc4NTYzMiN4dG9yPUVQUi0xNjkmZW1haWw9bi5jaGV2aWxsYXJkQG5vb3MuZnI#xtor=EPR-169&amp;email=n.chevillard@noos.fr\" target=\"_blank\" rel=\"noreferrer noopener\">Comment expliquer le b\u00e9n\u00e9fice historique d\u2019Airbus malgr\u00e9 la crise ?<\/a> (Usine Nouvelle)<\/p>\n\n\n\n<p><a href=\"https:\/\/redirection.b2b.infopro-digital.com\/lnk\/AVEAAEtApu0AAcXD-IAAAHnKuI0AAABZQTkAANzrAAwsSQBiENSBURLf9hDpQ8Kp8Irp6icV2QAMCy8\/12\/Ed2kkV5RLToV1brBz9o03w\/aHR0cHM6Ly93d3cudXNpbmUtZGlnaXRhbGUuZnIvYXJ0aWNsZS9sYS1kZWZlbnNldXJlLWRlcy1kcm9pdHMtZGVwbG9yZS11bmUtbnVtZXJpc2F0aW9uLWRlcy1zZXJ2aWNlcy1wdWJsaWNzLWluYWRhcHRlZS1hdXgtdXNhZ2Vycy5OMTc4NTQ2NyN4dG9yPUVQUi02JmVtYWlsPW4uY2hldmlsbGFyZEBub29zLmZy#xtor=EPR-6&amp;email=n.chevillard@noos.fr\" target=\"_blank\" rel=\"noreferrer noopener\">La D\u00e9fenseure des droits d\u00e9plore une num\u00e9risation des services publics inadapt\u00e9e aux usagers<\/a> (Usine Digitale)<\/p>\n\n\n\n<p><a href=\"https:\/\/info.alternatives-economiques.fr\/optiext\/optiextension.dll?ID=7zy7CYrGpTySbm2iSGVc5guUCjHwURChtkOVsLr6GA484V%2BlYm9fPZ4ccQsyC%2ByNGn2UWQtWJ5ljkuMxuNW6aeRRHtRtZ\" target=\"_blank\" rel=\"noreferrer noopener\">Pr\u00e9sidentielle&nbsp;: ce que veulent les patrons<\/a> (Alter \u00e9co)<\/p>\n\n\n\n<figure class=\"wp-block-image is-resized is-style-default\"><img data-recalc-dims=\"1\" loading=\"lazy\" decoding=\"async\" src=\"https:\/\/i0.wp.com\/static.mediapart.fr\/etmagine\/default\/files\/2022\/02\/15\/1-a-aa-achat-croissance-ds.jpg?resize=464%2C336&#038;ssl=1\" alt=\"1-a-aa-achat-croissance-ds\" width=\"464\" height=\"336\"\/><\/figure>\n\n\n\n<p><strong>Monde<\/strong><\/p>\n\n\n\n<p><strong><a href=\"https:\/\/www.lemonde.fr\/les-decodeurs\/article\/2022\/02\/20\/suisse-secrets-revelations-sur-l-argent-sale-cache-chez-credit-suisse_6114526_4355770.html\">\u00ab Suisse Secrets \u00bb, r\u00e9v\u00e9lations sur l\u2019argent sale cach\u00e9 au Cr\u00e9dit Suisse<\/a> <\/strong>(Le Monde)<\/p>\n\n\n\n<p><a href=\"https:\/\/redirection.b2b.infopro-digital.com\/lnk\/AMUAAL6RnewAAcXD-RgAAHnKuI0AAABZQUUAANzvAAwsSQBiE8-fDWR6iSibSiemaDvSyO5yDwAMCy8\/26\/XlgHiwr56kj93VeV2NifZQ\/aHR0cHM6Ly93d3cudXNpbmVub3V2ZWxsZS5jb20vZWRpdG9yaWFsL2VuLWNoaW5lLWxhLXN0cmF0ZWdpZS16ZXJvLWNvdmlkLXZpcmUtYXUtY2Fzc2UtdGV0ZS1wb3VyLWxlcy1maWxpYWxlcy1ldHJhbmdlcmVzLk4xNzg0MTU3I3h0b3I9RVBSLTE2OSZlbWFpbD1uLmNoZXZpbGxhcmRAbm9vcy5mcg#xtor=EPR-169&amp;email=n.chevillard@noos.fr\" target=\"_blank\" rel=\"noreferrer noopener\">En Chine, la strat\u00e9gie z\u00e9ro Covid vire au casse-t\u00eate pour les filiales \u00e9trang\u00e8res<\/a> (Usine Nouvelle)<\/p>\n\n\n\n<p><a href=\"https:\/\/www.connaissancedesenergies.org\/afp\/les-energies-renouvelables-ont-deja-gagne-estime-le-directeur-general-de-voltalia-220221\">\u00ab Les \u00e9nergies renouvelables ont d\u00e9j\u00e0 gagn\u00e9 \u00bb, estime le directeur g\u00e9n\u00e9ral de Voltalia<\/a> (AFP)<\/p>\n\n\n\n<p><a href=\"https:\/\/www.connaissancedesenergies.org\/afp\/gaz-le-forum-des-pays-exportateurs-reuni-doha-sur-fond-de-crise-entre-russie-et-ukraine-220220\">Le Forum des pays exportateurs de gaz r\u00e9uni \u00e0 Doha sur fond de crise entre Russie et Ukraine<\/a> (AFP)<\/p>\n\n\n\n<p><a href=\"https:\/\/www.agenceecofin.com\/trade\/1602-95151-l-ue-veut-augmenter-son-approvisionnement-en-gnl-nigerian\">L\u2019UE veut augmenter son approvisionnement en GNL nig\u00e9rian<\/a> (\u00c9cofin)<\/p>\n\n\n\n<p><a href=\"https:\/\/info.alternatives-economiques.fr\/optiext\/optiextension.dll?ID=C_%2BC_bQj%2Bfmlk5pWitMC_lbwcIUQHhRHUiyxFKiNrutAP7ySu1n%2Bg4ODwX1tyfZXdt7TMrwqIDbHyA0hlYpHdlWDufbm9\" target=\"_blank\" rel=\"noreferrer noopener\">L&rsquo;ind\u00e9pendance de la BCE doit faire l&rsquo;objet d&rsquo;un d\u00e9bat d\u00e9mocratique<\/a> &nbsp;Eric Monnet (Alter \u00e9co)<\/p>\n\n\n\n<p><a href=\"https:\/\/redirection.b2b.infopro-digital.com\/lnk\/AVEAAEtApu0AAcXD-IAAAHnKuI0AAABZQTkAANzrAAwsSQBiENSBURLf9hDpQ8Kp8Irp6icV2QAMCy8\/29\/KZZT2w8uifEaQ53aGq4H9w\/aHR0cHM6Ly93d3cudXNpbmUtZGlnaXRhbGUuZnIvYXJ0aWNsZS82LW1pbGxpYXJkcy1kLWV1cm9zLXBvdXItcXVlLWwtdW5pb24tZXVyb3BlZW5uZS1haXQtc29uLXByb3ByZS1zZXJ2aWNlLWQtaW50ZXJuZXQtcGFyLXNhdGVsbGl0ZS5OMTc4NTA0MiN4dG9yPUVQUi02JmVtYWlsPW4uY2hldmlsbGFyZEBub29zLmZy#xtor=EPR-6&amp;email=n.chevillard@noos.fr\" target=\"_blank\" rel=\"noreferrer noopener\">6 milliards \u20ac pour que l&rsquo;UE ait son propre service d&rsquo;Internet par satellite<\/a> (Usine Digitale)<\/p>\n\n\n\n<p><a href=\"http:\/\/www.apple.fr\">Est-ce que les \u00e9conomies de l\u2019OCDE sont vraiment diff\u00e9rentes depuis la crise de la Covid ?<\/a> (Patrick Artus)<\/p>\n\n\n\n<p><strong>Analyse<\/strong><\/p>\n\n\n\n<p><a href=\"https:\/\/info.alternatives-economiques.fr\/optiext\/optiextension.dll?ID=7zy7DtZxLeeHJrF2r5BUS7Q5hMJwdAB0ExNFZA1SRMhsEXQlYn6E3p5sP9Lv4mF9iJVWaXX6F6yYh_VihxI9EBN2bYHJS\" target=\"_blank\" rel=\"noreferrer noopener\">Cinq v\u00e9rit\u00e9s sur les imp\u00f4ts de production<\/a> Christian Chavagneux (Alter \u00e9co)<\/p>\n\n\n\n<p><a href=\"https:\/\/theconversation.com\/droit-de-la-concurrence-larret-intel-marque-t-il-une-rupture-177086\">Droit de la concurrence&nbsp;: l\u2019arr\u00eat Intel marque-t-il une rupture&nbsp;?<\/a> (The Conversation)<\/p>\n\n\n\n<p><strong><mark style=\"background-color:rgba(0, 0, 0, 0);color:#f20823\" class=\"has-inline-color\">20 f\u00e9vrier en continu<\/mark><\/strong><\/p>\n\n\n\n<p><strong><a href=\"https:\/\/blogs.mediapart.fr\/economistes-parlement-union-populaire\/blog\/190222\/defendre-le-pouvoir-d-achat-par-la-baisse-des-cotisations-sociales-une-im\">D\u00e9fendre le pouvoir d\u2019achat par baisse des cotisations sociales&nbsp;? Une imposture<\/a> -Economistes Parlement UP<\/strong><\/p>\n\n\n\n<figure class=\"wp-block-image size-full is-resized is-style-default\"><img data-recalc-dims=\"1\" loading=\"lazy\" decoding=\"async\" src=\"https:\/\/i0.wp.com\/www.rdpemancipation.org\/wp-content\/uploads\/2022\/02\/Capture-decran-2022-02-19-a-19.36.50.png?resize=563%2C376&#038;ssl=1\" alt=\"\" class=\"wp-image-72093\" width=\"563\" height=\"376\" srcset=\"https:\/\/i0.wp.com\/www.rdpemancipation.org\/wp-content\/uploads\/2022\/02\/Capture-decran-2022-02-19-a-19.36.50.png?w=476&amp;ssl=1 476w, https:\/\/i0.wp.com\/www.rdpemancipation.org\/wp-content\/uploads\/2022\/02\/Capture-decran-2022-02-19-a-19.36.50.png?resize=300%2C200&amp;ssl=1 300w\" sizes=\"auto, (max-width: 563px) 100vw, 563px\" \/><\/figure>\n\n\n\n<p><a href=\"http:\/\/t.newsletter-lesechos.lesechos.fr\/r\/?id=h88054eef,a4b5676,a4b574a\">Pouvoir d\u2019achat : les promesses des candidats d\u00e9crypt\u00e9es<\/a> (Les Echos)<\/p>\n\n\n\n<p><a href=\"https:\/\/blogs.mediapart.fr\/nasr-lakhsassi\/blog\/190222\/le-travail-des-mineurs-en-france-ou-le-permis-d-exploiter\">Le travail des mineurs en France ou le permis d\u2019exploiter<\/a> -Nasr Lakhsassi<\/p>\n\n\n\n<p><strong>Monde<\/strong><\/p>\n\n\n\n<p><a href=\"https:\/\/www.boursorama.com\/actualite-economique\/actualites\/la-russie-ne-devrait-pas-etre-exclue-de-swift-dans-un-premier-temps-9afe7d4773303a192ccc5db0fdf3fbab\">La <strong>Russie<\/strong> ne devrait pas \u00eatre exclue de SWIFT dans un premier temps<\/a> (Reuters)<\/p>\n\n\n\n<p><a href=\"http:\/\/t.newsletter-lesechos.lesechos.fr\/r\/?id=h88054eef,a4b5676,a4b5740\">En pleine <strong>Sib\u00e9rie<\/strong>, le cuivre promet d&rsquo;\u00eatre le \u00ab&nbsp;nouveau p\u00e9trole&nbsp;\u00bb russe<\/a> (Les Echos)<\/p>\n\n\n\n<figure class=\"wp-block-image is-resized is-style-default\"><img data-recalc-dims=\"1\" loading=\"lazy\" decoding=\"async\" src=\"https:\/\/i0.wp.com\/media.lesechos.com\/api\/v1\/images\/view\/620cb53fd286c203b44ceaf5\/1280x720\/070929499113-web-tete.jpg?resize=480%2C270&#038;ssl=1\" alt=\"La Sib\u00e9rie orientale abrite plus de 26\u00a0millions de tonnes de minerai de cuivre.\" width=\"480\" height=\"270\"\/><\/figure>\n\n\n\n<p><a href=\"http:\/\/t.newsletter-lesechos.lesechos.fr\/r\/?id=h88054eef,a4b5676,a4b5748\">Le&nbsp;<strong>Caire<\/strong> bis, la folie \u00e0 58 milliards de Sissi<\/a> (Les Echos)<\/p>\n\n\n\n<p><strong><mark style=\"background-color:rgba(0, 0, 0, 0);color:#f20823\" class=\"has-inline-color\">19 f\u00e9vrier en continu<\/mark><\/strong><\/p>\n\n\n\n<p><a href=\"https:\/\/www.humanite.fr\/social-eco\/edf\/edf-un-soutien-rikiki-de-letat-738965#xtor=RSS-1\">EDF : un soutien rikiki de l\u2019\u00c9tat <\/a>(L\u2019Humanit\u00e9)<\/p>\n\n\n\n<p><a href=\"https:\/\/www.francetvinfo.fr\/societe\/nucleaire\/nucleaire-le-cout-de-la-construction-de-six-reacteurs-de-nouvelle-generation-est-estime-a-51-7-milliards-d-euros_4968768.html\">Nucl\u00e9aire : co\u00fbt construction de 6 r\u00e9acteurs nouvelle g\u00e9n\u00e9ration en France estim\u00e9 \u00e0 51,7 milliards \u20ac<\/a> (France Info)<\/p>\n\n\n\n<p><a href=\"https:\/\/www.confederationpaysanne.fr\/rp_article.php?id=12254\">Indicateurs co\u00fbts de production : Conf\u00e9d\u00e9ration paysanne saisit institut technique pour obtenir publication<\/a> (Conf)&nbsp;<\/p>\n\n\n\n<p><strong><a href=\"https:\/\/reporterre.net\/Barbara-Pompili-souhaite-extraire-du-lithium-en-France\">Barbara Pompili souhaite extraire du lithium en France<\/a> (Reporterre)<\/strong><\/p>\n\n\n\n<p><a href=\"http:\/\/t.newsletter-lesechos.lesechos.fr\/r\/?id=h88054eef,a4b5676,a4b573c\">Cyrille Bollor\u00e9, un h\u00e9ritier tr\u00e8s discret<\/a> (Les Echos)<\/p>\n\n\n\n<figure class=\"wp-block-image size-large is-resized is-style-default\"><img data-recalc-dims=\"1\" loading=\"lazy\" decoding=\"async\" src=\"https:\/\/i0.wp.com\/www.rdpemancipation.org\/wp-content\/uploads\/2022\/02\/070954205993-web-tete.webp?resize=508%2C285&#038;ssl=1\" alt=\"\" class=\"wp-image-71986\" width=\"508\" height=\"285\" srcset=\"https:\/\/i0.wp.com\/www.rdpemancipation.org\/wp-content\/uploads\/2022\/02\/070954205993-web-tete.webp?resize=1024%2C576&amp;ssl=1 1024w, https:\/\/i0.wp.com\/www.rdpemancipation.org\/wp-content\/uploads\/2022\/02\/070954205993-web-tete.webp?resize=300%2C169&amp;ssl=1 300w, https:\/\/i0.wp.com\/www.rdpemancipation.org\/wp-content\/uploads\/2022\/02\/070954205993-web-tete.webp?resize=768%2C432&amp;ssl=1 768w, https:\/\/i0.wp.com\/www.rdpemancipation.org\/wp-content\/uploads\/2022\/02\/070954205993-web-tete.webp?w=1280&amp;ssl=1 1280w\" sizes=\"auto, (max-width: 508px) 100vw, 508px\" \/><\/figure>\n\n\n\n<p><a href=\"http:\/\/t.newsletter-lesechos.lesechos.fr\/r\/?id=h88054eef,a4b5676,a4b574a\">Pouvoir d\u2019achat : les promesses des candidats d\u00e9crypt\u00e9es<\/a> (Les Echos)<\/p>\n\n\n\n<p><a href=\"https:\/\/www.boursorama.com\/bourse\/actualites\/renault-renoue-avec-les-benefices-en-2021-marge-plus-forte-que-prevu-c1bcb577f89ecdb6f0a398c119adfddc\">Renault renoue avec les b\u00e9n\u00e9fices en 2021, marge plus forte que pr\u00e9vu<\/a> (Reuters)<\/p>\n\n\n\n<p>Monde<\/p>\n\n\n\n<p><a href=\"http:\/\/t.newsletter-lesechos.lesechos.fr\/r\/?id=h88054eef,a4b5676,a4b5679\">Duopole Airbus-Boeing&nbsp;: le d\u00e9but de la fin&nbsp;?<\/a>(Les Echos)<\/p>\n\n\n\n<p><a href=\"http:\/\/t.newsletter-lesechos.lesechos.fr\/r\/?id=h88054eef,a4b5676,a4b5740\">En pleine Sib\u00e9rie, le cuivre promet d&rsquo;\u00eatre le \u00ab&nbsp;nouveau p\u00e9trole&nbsp;\u00bb russe<\/a> (Les Echos)<\/p>\n\n\n\n<p><a href=\"https:\/\/blogs.mediapart.fr\/jean-marc-b\/blog\/180222\/chaque-annee-1800-milliards-de-dollars-de-subventions-publiques-detruisent-la-nature\">Chaque ann\u00e9e 1800 milliards de dollars de subventions publiques d\u00e9truisent la nature <\/a>(The Guardian)<\/p>\n\n\n\n<p>Analyse<\/p>\n\n\n\n<p><a href=\"https:\/\/lvsl.fr\/le-droit-americain-une-arme-de-guerre-economique\/\">Le droit am\u00e9ricain, une arme de guerre \u00e9conomique ?<\/a> (Le Vent Se L\u00e8ve)&nbsp;<\/p>\n\n\n\n<p><a href=\"https:\/\/vert.eco\/articles\/plaidoyer-pour-une-economie-a-nous\">Plaidoyer pour \u00ab Une \u00e9conomie \u00e0 nous \u00bb<\/a> (Vert)<\/p>\n\n\n\n<figure class=\"wp-block-image is-resized is-style-default\"><img data-recalc-dims=\"1\" loading=\"lazy\" decoding=\"async\" src=\"https:\/\/i0.wp.com\/vert.eco\/wp-content\/uploads\/2022\/02\/9782330160302-1024x694.jpg?resize=664%2C450&#038;ssl=1\" alt=\"\" class=\"wp-image-6478\" width=\"664\" height=\"450\"\/><\/figure>\n\n\n\n<p><strong><mark style=\"background-color:rgba(0, 0, 0, 0);color:#f20823\" class=\"has-inline-color\">18 f\u00e9vrier en continu<\/mark><\/strong><\/p>\n\n\n\n<p><a href=\"https:\/\/76835.r.ag.d.sendibm3.com\/mk\/cl\/f\/LVXN1a4feWPLovrmlpvF98nDeHiLR64OJ6Vl0k-6ahwMstG_Ye9Vh04U5M5lhDItWwXwInt2blBMXji1E25Tw7uROX7m3v6mqdHnpH1iAPglofbveu9H9u8vKDN0L1psZ224aIz3Fv0ntZMZ_SZIEPN0ikimte2yDrbgKeh80pK9rdqDgG1dO4gbWoS5uLnvjlcR1fgkgmz7Dp04ZrPjrLPCGq_vUplY2VHdeWp9YHeCbRG74WTFrXCoPeBMYh90e_LKeMwlYQ-hEqUSlyLIOhEUupIL9rzDGf_wDulMp0D9S6Hj_kZlzw\">Le pouvoir d\u2019achat apr\u00e8s Macron : l\u2019heure des comptes<\/a> (Elucid)<\/p>\n\n\n\n<figure class=\"wp-block-image is-resized is-style-default\"><img data-recalc-dims=\"1\" loading=\"lazy\" decoding=\"async\" src=\"https:\/\/i0.wp.com\/mamot.fr\/system\/cache\/media_attachments\/files\/107\/756\/646\/981\/051\/332\/original\/a0d8ea22a364cbf8.png?resize=378%2C542&#038;ssl=1\" alt=\"\" width=\"378\" height=\"542\"\/><\/figure>\n\n\n\n<p><strong>Monde<\/strong><\/p>\n\n\n\n<p><a href=\"https:\/\/multinationales.org\/Fonds-europeen-de-garantie-l-aide-de-25-milliards-d-euros-au-secteur-financier\">Fonds <strong>europ\u00e9en<\/strong> de garantie : 25 mrds \u20ac au secteur financier <\/a> (Observatoire des multinationales)<\/p>\n\n\n\n<p><a href=\"https:\/\/www.fdiintelligence.com\/article\/80679?xnpe_tifc=buoJbuQLbI1Zhkb74DxdxypsafeWaeiWhFW5afPJVuELEfQ1bdi_hMQsaG8chMnchkiSbuhsxkh_huQNxkbXhIE.xnTT&amp;utm_source=exponea&amp;utm_campaign=fDi%20Digest%2018.02.22&amp;utm_medium=email\" title=\"Depuis 10 ans, les USA attirent plus d'investissements directs \u00e9trangers que la Chine\">Depuis 10 ans, les USA attirent plus d&rsquo;investissements directs \u00e9trangers que la Chine<\/a> (FDI Intelligence)<\/p>\n\n\n\n<figure class=\"wp-block-image size-full is-resized is-style-default\"><img data-recalc-dims=\"1\" loading=\"lazy\" decoding=\"async\" src=\"https:\/\/i0.wp.com\/www.rdpemancipation.org\/wp-content\/uploads\/2022\/02\/Capture-decran-2022-02-18-a-11.55.18.png?resize=439%2C399&#038;ssl=1\" alt=\"\" class=\"wp-image-71952\" width=\"439\" height=\"399\" srcset=\"https:\/\/i0.wp.com\/www.rdpemancipation.org\/wp-content\/uploads\/2022\/02\/Capture-decran-2022-02-18-a-11.55.18.png?w=654&amp;ssl=1 654w, https:\/\/i0.wp.com\/www.rdpemancipation.org\/wp-content\/uploads\/2022\/02\/Capture-decran-2022-02-18-a-11.55.18.png?resize=300%2C272&amp;ssl=1 300w\" sizes=\"auto, (max-width: 439px) 100vw, 439px\" \/><\/figure>\n\n\n\n<p><strong>Analyse<\/strong><\/p>\n\n\n\n<p><a href=\"https:\/\/prospect.org\/world\/ukraine-crisis-another-chapter-in-russian-american-carbon-rivalry\/\">La crise ukrainienne : effet de la rivalit\u00e9 USA-Russie dans les hydrocarbures <\/a>(anglais -The American Prospect)<\/p>\n\n\n\n<p><strong><mark style=\"background-color:rgba(0, 0, 0, 0);color:#f20823\" class=\"has-inline-color\">17 f\u00e9vrier en continu<\/mark><\/strong><\/p>\n\n\n\n<p><strong>France<\/strong><\/p>\n\n\n\n<p><strong><a href=\"https:\/\/multinationales.org\/Comites-France-2030-la-normalisation-de-l-entre-soi-et-du-conflit-d-interets\" target=\"_blank\" rel=\"noreferrer noopener\">Comit\u00e9s France 2030&nbsp;: la normalisation de l\u2019entre-soi et du conflit d\u2019int\u00e9r\u00eats<\/a><\/strong> (Observatoire des multinationales)<\/p>\n\n\n\n<p><a href=\"https:\/\/info.alternatives-economiques.fr\/optiext\/optiextension.dll?ID=MefMgXtnK_3mtC%2BKmYIZP_rbmCdomp0T7faBybUIHEy0Y84wVGv5HN1LTTrzmrTF4YUEXhYlvcyELDmqNqmmmp8pT5MgU\" target=\"_blank\" rel=\"noreferrer noopener\">Les ch\u00f4meurs ne boudent pas les offres d&#8217;emploi <\/a>&nbsp;(Alter \u00e9co)<\/p>\n\n\n\n<p><a href=\"https:\/\/www.boursorama.com\/actualite-economique\/actualites\/ouverture-a-la-concurrence-des-bus-ratp-les-modalites-approuvees-par-ile-de-france-mobilites-7676a6562a6db74628a1842b9130328c\">Ouverture \u00e0 la concurrence des bus RATP : les modalit\u00e9s d\u2019\u00cele-de-France Mobilit\u00e9s<\/a> (Boursorama)<\/p>\n\n\n\n<p><a href=\"https:\/\/www.boursorama.com\/actualite-economique\/actualites\/le-pen-reserve-la-retraite-a-60-ans-a-ceux-entres-tot-dans-la-vie-active-b0e983846c0b845f8bdc4629930eb008\">Le Pen r\u00e9serve la retraite \u00e0 60 ans \u00e0 ceux entr\u00e9s t\u00f4t dans la vie active<\/a> (AFP)<\/p>\n\n\n\n<p><a href=\"https:\/\/www.boursorama.com\/actualite-economique\/actualites\/la-cour-des-comptes-pointe-les-faiblesses-structurelles-des-ehpad-90a9111e60f0b8e059917924d70a0724\">La Cour des comptes pointe les \u00ab\u00a0faiblesses structurelles des Ehpad\u00a0\u00bb<\/a> (AFP)<\/p>\n\n\n\n<p><a href=\"https:\/\/www.boursorama.com\/actualite-economique\/actualites\/les-salaires-sont-trop-bas-par-rapport-aux-revenus-du-capital-denonce-le-patron-de-la-caisse-des-depots-5da564c77a07019586d411ecdd3fbfe8\">Les salaires sont trop bas par rapport aux revenus du capital, d\u00e9nonce le patron de la Caisse des d\u00e9p\u00f4ts<\/a> (AFP)<\/p>\n\n\n\n<p><a href=\"https:\/\/www.tresor.economie.gouv.fr\/Articles\/2022\/02\/17\/l-emploi-des-seniors-en-france\" target=\"_blank\" rel=\"noreferrer noopener\">L&#8217;emploi des seniors en France<\/a> (Tr\u00e9sor-Eco)<\/p>\n\n\n\n<p><a href=\"https:\/\/la-bas.org\/la-bas-magazine\/entretiens\/Main-basse%20sur%20les%20terres%20agricoles\">Main-basse sur les terres agricoles<\/a> (L\u00e0-bas magazine)<\/p>\n\n\n\n<p><a href=\"https:\/\/www.lemonde.fr\/economie\/article\/2022\/02\/17\/relocalisations-bercy-annonce-100-000-emplois-industriels-crees-ou-confortes_6114030_3234.html\">Le gouvernement annonce 100&nbsp;000 emplois industriels&nbsp;cr\u00e9\u00e9s ou \u2018confort\u00e9s\u2019 par relocalisations<\/a> (Le Monde)<\/p>\n\n\n\n<p><a href=\"https:\/\/www.boursorama.com\/actualite-economique\/actualites\/air-france-klm-reduit-ses-pertes-mais-a-encore-besoin-d-argent-frais-ed8eb1cef360d9872e91636e2c26af27\">Air France-KLM r\u00e9duit ses pertes mais a encore besoin d&rsquo;argent frais<\/a> (AFP)<\/p>\n\n\n\n<p><a href=\"https:\/\/www.capital.fr\/entreprises-marches\/en-2021-airbus-a-enregistre-le-benefice-net-le-plus-important-de-son-histoire-1428719\">En 2021, Airbus a enregistr\u00e9 le b\u00e9n\u00e9fice net le plus important de son histoire<\/a> (Capital)<\/p>\n\n\n\n<p><a href=\"https:\/\/www.lemonde.fr\/idees\/article\/2022\/02\/14\/les-services-publics-sont-notre-avenir-leur-reinvention-est-primordiale-le-plaidoyer-de-400-citoyens_6113535_3232.html\">\u00ab&nbsp;Les services publics sont notre avenir, leur r\u00e9invention est primordiale&nbsp;\u00bb&nbsp;: le plaidoyer de 400&nbsp;citoyens<\/a> (Le Monde)<\/p>\n\n\n\n<p><a href=\"https:\/\/redirection.b2b.infopro-digital.com\/lnk\/AWMAABzmDGAAAcXD90oAAHnKuI0AAABZQUUAIBL0AAwsSQBiDmrcj7l86yS3Sg-ac0cnyg-nnAAMCy8\/9\/1YX7QZPCb4-Ytq6cgHL68A\/aHR0cHM6Ly93d3cudXNpbmVub3V2ZWxsZS5jb20vYXJ0aWNsZS9tb2JpbC1pZGVlcy1sLWF1dG8tY29udGludWUtZGUtcGVzZXItbG91cmQtZGFucy1sZS1kZWZpY2l0LWRlLWxhLWJhbGFuY2UtY29tbWVyY2lhbGUtZnJhbmNhaXNlLk4xNzg0MzYy\" target=\"_blank\" rel=\"noreferrer noopener\">La relocalisation de la production de v\u00e9hicules en France reste un voeu pieux<\/a> (Usine Nouvelle)<\/p>\n\n\n\n<p><a href=\"https:\/\/www.mediapart.fr\/journal\/economie\/160222\/le-faux-depart-de-vincent-bollore\">Le faux d\u00e9part de Vincent Bollor\u00e9<\/a> (M\u00e9diapart)&nbsp;<\/p>\n\n\n\n<p><a href=\"https:\/\/reflets.info\/articles\/christine-albanel-un-peu-trop-proche-de-la-directrice-de-korian\">Christine Albanel, un peu trop proche de la directrice de Korian ?<\/a> (Reflets)<\/p>\n\n\n\n<p><a href=\"https:\/\/www.humanite.fr\/social-eco\/edf\/edf-ce-que-pourrait-etre-une-nationalisation-version-macron-738483#xtor=RSS-1\">EDF : ce que pourrait \u00eatre une \u00ab nationalisation \u00bb version Macron<\/a> (L\u2019Humanit\u00e9)<\/p>\n\n\n\n<figure class=\"wp-block-image is-resized is-style-default\"><img data-recalc-dims=\"1\" loading=\"lazy\" decoding=\"async\" src=\"https:\/\/i0.wp.com\/static.mediapart.fr\/etmagine\/default\/files\/2022\/02\/16\/capture-decran-2022-02-10-a-165730.png?resize=321%2C445&#038;ssl=1\" alt=\"capture-decran-2022-02-10-a-165730\" width=\"321\" height=\"445\"\/><\/figure>\n\n\n\n<p><strong>Monde<\/strong><a href=\"https:\/\/multinationales.org\/Fonds-europeen-de-garantie-l-aide-de-25-milliards-d-euros-au-secteur-financier\" target=\"_blank\" rel=\"noreferrer noopener\"><\/a><\/p>\n\n\n\n<p><strong><a href=\"https:\/\/multinationales.org\/Fonds-europeen-de-garantie-l-aide-de-25-milliards-d-euros-au-secteur-financier\" target=\"_blank\" rel=\"noreferrer noopener\">Fonds europ\u00e9en de garantie&nbsp;: l\u2019aide de 25 mds \u20ac au secteur financier dont vous n\u2019avez pas entendu parler<\/a><\/strong> (Basta&nbsp;!)<\/p>\n\n\n\n<p><a href=\"https:\/\/www.connaissancedesenergies.org\/afp\/1800-milliards-de-dollars-de-subventions-annuelles-contribuent-la-destruction-de-la-planete-etude-220217-0\">1.800 milliards $ de subventions annuelles contribuent \u00e0 la destruction de la plan\u00e8te <\/a>&nbsp;(AFP)<\/p>\n\n\n\n<p><a href=\"https:\/\/www.boursorama.com\/videos\/actualites\/la-fin-du-qe-de-la-bce-avance-1169a44bf1e6a935879621d1f7853428\">La fin du QE de la BCE avanc\u00e9 ?<\/a> (Ecorama)<\/p>\n\n\n\n<p><a href=\"https:\/\/www.boursorama.com\/actualite-economique\/actualites\/cma-cgm-obtient-la-concession-du-terminal-a-conteneurs-de-beyrouth-bff858ea03f366a8f465c362956c3257\">CMA CGM obtient la concession du terminal \u00e0 conteneurs de Beyrouth<\/a> (Reuters)<\/p>\n\n\n\n<p><a href=\"https:\/\/www.boursorama.com\/actualite-economique\/actualites\/le-g20-finances-inquiet-de-voir-la-reprise-menacee-par-un-conflit-en-ukraine-3f166fc4cc107cf8ff98d8f7fb003245\">Le G20 Finances inquiet de voir la reprise menac\u00e9e par un conflit en Ukraine<\/a> (AFP)<\/p>\n\n\n\n<p><a href=\"https:\/\/www.boursorama.com\/actualite-economique\/actualites\/la-forte-inflation-aux-etats-unis-n-est-pas-tolerable-dit-janet-yellen-a-l-afp-f14808bfdd8c2adc51cdeaee9afcdb01\">La forte inflation aux Etats-Unis n&rsquo;est \u00ab\u00a0pas tol\u00e9rable\u00a0\u00bb, dit Janet Yellen<\/a> (AFP)<\/p>\n\n\n\n<p><a href=\"https:\/\/www.boursorama.com\/actualite-economique\/actualites\/l-europe-mobilise-30-milliards-d-euros-pour-l-afrique-subsaharienne-aca3a26ae2fd458820e1dfe89bee7a62\">L&rsquo;Europe mobilise 30 milliards \u20ac pour l&rsquo;Afrique subsaharienne<\/a> (AFP)<\/p>\n\n\n\n<p><a href=\"https:\/\/redirection.b2b.infopro-digital.com\/lnk\/AMEAAL96GVsAAcXD9poAAHnKuI0AAABZQTkAANzxAAwsSQBiDf2xlgjIffXvS5SjexLe0fj5CAAMCy8\/9\/S86KUgN7EbS_7L3UJRsRzg\/aHR0cHM6Ly93d3cudXNpbmUtZGlnaXRhbGUuZnIvYXJ0aWNsZS82LW1pbGxpYXJkcy1kLWV1cm9zLXBvdXItcXVlLWwtdW5pb24tZXVyb3BlZW5uZS1haXQtc29uLXByb3ByZS1zZXJ2aWNlLWQtaW50ZXJuZXQtcGFyLXNhdGVsbGl0ZS5OMTc4NTA0MiN4dG9yPUVQUi00JmVtYWlsPW4uY2hldmlsbGFyZEBub29zLmZy#xtor=EPR-4&amp;email=n.chevillard@noos.fr\" target=\"_blank\" rel=\"noreferrer noopener\">6 milliards \u20ac pour que l&rsquo;UE ait son propre service d&rsquo;Internet par satellite<\/a> (Usine Digitale)<\/p>\n\n\n\n<p>&nbsp;<a href=\"https:\/\/www.tresor.economie.gouv.fr\/Articles\/2022\/02\/15\/les-economies-emergentes-dans-les-chaines-de-valeur-mondiales\" target=\"_blank\" rel=\"noreferrer noopener\">Les \u00e9conomies \u00e9mergentes dans les cha\u00eenes de valeur mondiales<\/a> (Tr\u00e9sor-Eco)<\/p>\n\n\n\n<p><a href=\"https:\/\/www.investir.ch\/article\/inflation-et-divergence-des-politiques-monetaires-americaine-et-chinoise\/\">Inflation et divergence des politiques mon\u00e9taires am\u00e9ricaine et chinoise<\/a>&nbsp;(Investir.ch)<\/p>\n\n\n\n<p><strong>Analyse<\/strong><\/p>\n\n\n\n<p><a href=\"https:\/\/info.alternatives-economiques.fr\/optiext\/optiextension.dll?ID=MefMethbiIBrwCpdoQngHwUGjHOU46TAYD8L_s3UxCim7QX2VqHxOrPhAqcH6tW4OPkFaIEGicqqgM8%2BJf0c7EhtKFdEh\" target=\"_blank\" rel=\"noreferrer noopener\">Les p\u00e9nuries de main-d&rsquo;\u0153uvre font rarement grimper les salaires<\/a> (Alter \u00e9co)<\/p>\n\n\n\n<p><a href=\"https:\/\/la-chronique-agora.com\/politique-monetaire-pieds-nickeles\/?bsft_aaid=8d7bfbb2-9574-4a5c-ad3d-53faf0fc196f&amp;bsft_eid=5e5ecb29-6436-e875-27a7-b995081eefd4&amp;utm_campaign=edito-220216-lca-newsletter&amp;utm_source=blueshift&amp;utm_medium=email&amp;utm_content=edito-220216-lca-newsletter&amp;bsft_clkid=b51e8549-f007-4e60-86be-10b977301768&amp;bsft_uid=ad9fd23f-4e7a-48f4-baf7-fd8089cf0e95&amp;bsft_mid=b4a90c60-c5df-466b-af7c-b62819b24580&amp;bsft_utid=ad9fd23f-4e7a-48f4-baf7-fd8089cf0e95-LCA&amp;bsft_mime_type=html&amp;bsft_ek=2022-02-16T11%3A00%3A40Z&amp;bsft_lx=2&amp;bsft_tv=5\">La politique mon\u00e9taire des pieds nickel\u00e9s<\/a> -Bruno Bertez<\/p>\n\n\n\n<p><strong><mark style=\"background-color:rgba(0, 0, 0, 0);color:#f20823\" class=\"has-inline-color\">16 f\u00e9vrier en continu<\/mark><\/strong><\/p>\n\n\n\n<p><strong>France<\/strong><\/p>\n\n\n\n<p><a href=\"https:\/\/info.alternatives-economiques.fr\/optiext\/optiextension.dll?ID=JbaJbOvn_yXeQwIi8mvdK7JGhU6rzKqSJvolMCk8X54mYZQZR0iX%2BzdFV8ifJ55A45H8BP0kCS26QWXwtk4Kzvdv5SXlm\" target=\"_blank\" rel=\"noreferrer noopener\">Faut-il s&rsquo;inqui\u00e9ter du d\u00e9ficit commercial fran\u00e7ais ?<\/a> (Alter \u00e9co)<\/p>\n\n\n\n<p><a href=\"https:\/\/www.mediapart.fr\/journal\/economie\/160222\/le-faux-depart-de-vincent-bollore\">Le faux d\u00e9part de Vincent Bollor\u00e9<\/a> (M\u00e9diapart)<\/p>\n\n\n\n<p><a href=\"https:\/\/www.mediapart.fr\/journal\/economie\/160222\/economiste-multi-casquettes-natacha-valla-navigue-entre-le-public-et-le-cac-40\">\u00c9conomiste multi-casquettes, Natacha Valla navigue entre le public et le CAC 40<\/a> (M\u00e9diapart)<\/p>\n\n\n\n<p><a href=\"https:\/\/www.mediapart.fr\/journal\/economie\/150222\/dix-ans-apres-uber-les-chauffeurs-du-93-s-unissent-pour-l-independance\">Des chauffeurs du 93 s\u2019affranchissent d\u2019Uber<\/a>&nbsp;&#8211; R\u00e9mi Barbet (Le Bondy Blog)<\/p>\n\n\n\n<p><a href=\"https:\/\/www.connaissancedesenergies.org\/afp\/nucleaire-un-sentiment-que-les-decisions-sont-deja-prises-pour-la-commission-nationale-du-debat-public-220216\">Nucl\u00e9aire : \u2018sentiment que les d\u00e9cisions sont d\u00e9j\u00e0 prises\u2019\u2019 pour la Commission nationale du d\u00e9bat public<\/a> (AFP)<\/p>\n\n\n\n<p><a href=\"https:\/\/www.boursorama.com\/actualite-economique\/actualites\/le-groupe-francais-atos-presente-son-nouveau-supercalculateur-9cf77210ccd2c5ddf8a079fde6bec5ca\">Le groupe fran\u00e7ais Atos pr\u00e9sente son nouveau supercalculateur<\/a> (AFP)<\/p>\n\n\n\n<p><a href=\"https:\/\/www.boursorama.com\/actualite-economique\/actualites\/hausse-des-prix-du-gaz-le-gouvernement-annonce-une-aide-pour-l-habitat-collectif-ce49c4c10005a51fb3bf979e41f777c3\">Prix du gaz : le gouvernement annonce une aide pour l&rsquo;habitat collectif<\/a> (AFP)<\/p>\n\n\n\n<p><a href=\"https:\/\/www.boursorama.com\/videos\/actualites\/bitcoin-ether-pourquoi-les-francais-achetent-ils-des-cryptoactifs-d8c031534c65f9090d78f51da9323a5a\">Bitcoin, Ether : pourquoi les Fran\u00e7ais ach\u00e8tent-ils des cryptoactifs ?<\/a> (Ecorama)<\/p>\n\n\n\n<p><a href=\"https:\/\/redirection.b2b.infopro-digital.com\/lnk\/AVEAAEr5pv0AAcXD9mwAAHnKuI0AAABZQUUAANzvAAwsSQBiDTibCqaiCJZaT1G2Yjye2ZmFTAAMCy8\/14\/qRL4rVWRW0rk4mGwhxcvZg\/aHR0cHM6Ly93d3cudXNpbmVub3V2ZWxsZS5jb20vZWRpdG9yaWFsL2wtaW5kdXN0cmllLWZyYW5jYWlzZS1wb3Vyc3VpdC1zb24tZGVjcm9jaGFnZS1hdS1zZWluLWRlLWwtZXVyb3BlLk4xNzg0ODU3I3h0b3I9RVBSLTE2OSZlbWFpbD1uLmNoZXZpbGxhcmRAbm9vcy5mcg#xtor=EPR-169&amp;email=n.chevillard@noos.fr\" target=\"_blank\" rel=\"noreferrer noopener\">L&rsquo;industrie fran\u00e7aise poursuit son d\u00e9crochage au sein de l\u2019Europe<\/a> (Usine Nouvelle)<\/p>\n\n\n\n<p><a href=\"https:\/\/redirection.b2b.infopro-digital.com\/lnk\/AMsAAMDqiJcAAcXD9fwAAHnKuI0AAABZQTkAANzxAAwsSQBiDKxM9kiGwtZwSx2e6OCYBgofOgAMCy8\/9\/mPVo083LssPX6TvYT2OR-g\/aHR0cHM6Ly93d3cudXNpbmUtZGlnaXRhbGUuZnIvYXJ0aWNsZS9sZS1wcml2YWN5LWJ5LWRlc2lnbi1kb2l0LWV0cmUtYXUtY29ldXItZGUtbC1lLWV1cm8tZC1hcHJlcy1sYS1jbmlsLk4xNzg0NzU3I3h0b3I9RVBSLTQmZW1haWw9bi5jaGV2aWxsYXJkQG5vb3MuZnI#xtor=EPR-4&amp;email=n.chevillard@noos.fr\" target=\"_blank\" rel=\"noreferrer noopener\">Le \u00ab\u00a0privacy by design\u00a0\u00bb doit \u00eatre au coeur de l&rsquo;e-euro, d&rsquo;apr\u00e8s la Cnil<\/a> (Usine Digitale)<\/p>\n\n\n\n<p><strong>Monde<\/strong><\/p>\n\n\n\n<p><a href=\"https:\/\/www.boursorama.com\/actualite-economique\/actualites\/le-g20-doit-s-attaquer-sans-delai-a-la-dette-des-pays-pauvres-28914e92fe4d5a2ef891d87965a8fc91\">Le G20 doit s&rsquo;attaquer sans d\u00e9lai \u00e0 la dette des pays pauvres<\/a> (AFP)<\/p>\n\n\n\n<p><a href=\"https:\/\/redirection.b2b.infopro-digital.com\/lnk\/AVEAAEr5pv0AAcXD9mwAAHnKuI0AAABZQUUAANzvAAwsSQBiDTibCqaiCJZaT1G2Yjye2ZmFTAAMCy8\/4\/bmCBUm6jwoaBQG10B8LrBg\/aHR0cHM6Ly93d3cudXNpbmVub3V2ZWxsZS5jb20vYXJ0aWNsZS9sLWV1cm9wZS1zZS1kb3RlLWRlLXNvbi1wcm9wcmUtcHJvamV0LWRlLWNvbnN0ZWxsYXRpb24tc3BhdGlhbGUuTjE3ODUwOTcjeHRvcj1FUFItMTY5JmVtYWlsPW4uY2hldmlsbGFyZEBub29zLmZy#xtor=EPR-169&amp;email=n.chevillard@noos.fr\" target=\"_blank\" rel=\"noreferrer noopener\">L\u2019Europe lance son projet de constellation spatiale souveraine<\/a> (Usine Nouvelle)<\/p>\n\n\n\n<p><a href=\"https:\/\/www.boursorama.com\/actualite-economique\/actualites\/etats-unis-rebond-plus-fort-que-prevu-des-ventes-au-detail-en-janvier-970ee8b7333c26cbccc17a4e5ae5501f\">Etats-Unis : Rebond plus fort que pr\u00e9vu des ventes au d\u00e9tail en janvier<\/a> (Reuters)<\/p>\n\n\n\n<p><a href=\"https:\/\/www.boursorama.com\/videos\/actualites\/etat-de-droit-un-mecanisme-europeen-pour-frapper-les-pays-au-portefeuille-5d1c32ea668e9488b49b1c1ca4eb78d0\">Etat de droit : un m\u00e9canisme europ\u00e9en pour frapper les pays au portefeuille<\/a> (France 24)<\/p>\n\n\n\n<p><a href=\"https:\/\/www.boursorama.com\/actualite-economique\/actualites\/la-bce-met-en-garde-contre-la-fragilite-du-marche-immobilier-en-zone-euro-edfe419d7e3f4e1195a5cc53e2efc5e4\">La BCE met en garde contre la fragilit\u00e9 du march\u00e9 immobilier en zone euro<\/a> (Reuters)<\/p>\n\n\n\n<p><a href=\"https:\/\/www.boursorama.com\/actualite-economique\/actualites\/zone-euro-la-production-industrielle-progresse-plus-que-prevu-en-decembre-d7124c04783e861037d424c55f57a900\">Zone euro : La production industrielle progresse plus que pr\u00e9vu en d\u00e9cembre<\/a> (Reuters)<\/p>\n\n\n\n<p><a href=\"https:\/\/www.connaissancedesenergies.org\/afp\/glencore-se-voit-refuser-en-australie-une-extension-miniere-sur-un-site-aborigene-sacre-220216\">Glencore se voit refuser en Australie une extension mini\u00e8re sur un site aborig\u00e8ne sacr\u00e9<\/a> (AFP)<\/p>\n\n\n\n<p><a href=\"https:\/\/www.connaissancedesenergies.org\/afp\/linflation-monte-55-au-royaume-uni-en-janvier-plus-haut-en-30-ans-220216-0\">L&rsquo;inflation monte \u00e0 5,5% au Royaume-Uni en janvier, plus haut en 30 ans<\/a> (AFP)<\/p>\n\n\n\n<p><a href=\"https:\/\/www.connaissancedesenergies.org\/afp\/apres-des-penuries-delectricite-la-chine-va-augmenter-sa-consommation-de-charbon-cette-annee-220216\">La Chine va augmenter sa consommation de charbon cette ann\u00e9e<\/a> (AFP)<\/p>\n\n\n\n<p><a href=\"https:\/\/www.theguardian.com\/environment\/2022\/feb\/15\/us-private-equity-firms-funding-dirty-energy-projects?CMP=Share_iOSApp_Other\">Les banques d\u2019affaires US investissent largement dans les \u00e9nergies polluantes<\/a> (anglais -The Guardian)<\/p>\n\n\n\n<p><a href=\"https:\/\/www.boursorama.com\/actualite-economique\/actualites\/penurie-d-essence-au-nigeria-premier-producteur-de-petrole-d-afrique-b05cccf91cbeaf2e9b71c10dfb009e3c\">P\u00e9nurie d&rsquo;essence au Nigeria, premier producteur de p\u00e9trole d&rsquo;Afrique<\/a> (AFP)<\/p>\n\n\n\n<p><strong>Analyse<\/strong><\/p>\n\n\n\n<p><a href=\"https:\/\/info.alternatives-economiques.fr\/optiext\/optiextension.dll?ID=JbaJcX84kkB6CDX4Jfe7I_TfzmSHxB8reFHbU39N1_QodyiZRzmY7vdh9Dq76lLDQ1N8rlvSOTtqBMHCO7xb949Fcfalm\" target=\"_blank\" rel=\"noreferrer noopener\">Une autre \u00e9conomie, pour une autre Europe&nbsp;?<\/a> &#8211; Timoth\u00e9e Duverger (Alter \u00e9co)<\/p>\n\n\n\n<p><a href=\"https:\/\/info.alternatives-economiques.fr\/optiext\/optiextension.dll?ID=aIJaLCr2nPJ3cxMDB5qc%2BTi7nTQv7r8EpC9s78fLob0vuzPqjY0i%2BTkkVEL_i_8AKuYrLEUCk53PknUOJwmr%2BpY9yBUG1\" target=\"_blank\" rel=\"noreferrer noopener\">Tourner le dos aux \u00e9nergies fossiles, un d\u00e9fi pour les banques<\/a> (Alter \u00e9co)<\/p>\n\n\n\n<p><a href=\"https:\/\/reporterre.net\/Les-banques-versent-des-milliards-au-charbon\">Les banques versent des milliards au charbon<\/a> (Reporterre)<\/p>\n\n\n\n<p><a href=\"https:\/\/www.connaissancedesenergies.org\/tribune-actualite-energies\/energies-renouvelables-jusquou-lautonomie-energetique-des-territoires\">\u00c9nergies renouvelables : jusqu\u2019o\u00f9 l\u2019autonomie \u00e9nerg\u00e9tique des territoires&nbsp;?<\/a> (Connaissance des \u00e9nergies)<\/p>\n\n\n\n<p><a href=\"https:\/\/info.mediapart.fr\/optiext\/optiextension.dll?ID=bJIbNW509a%2BGzNN%2B4J2LJa2DOFYmdDGXGpyjt3zMiKRlOkkrjZMrI6OqXmPKWRkTI3TU8vgnx%2BBYT7V3ZCHciWBmVQv5q\">Croissance ou d\u00e9croissance : peut-on sortir de l\u2019alternative ?<\/a> &#8211; collectif Chronik<\/p>\n\n\n\n<p><a href=\"https:\/\/www.tandfonline.com\/doi\/full\/10.1080\/24694452.2021.1994849\">Comment Goldman Sachs fait son march\u00e9 juridique<\/a> (anglais -Annales de G\u00e9ographie US)<\/p>\n\n\n\n<p><strong><mark style=\"background-color:rgba(0, 0, 0, 0);color:#f20823\" class=\"has-inline-color\">15 f\u00e9vrier en continu<\/mark><\/strong><\/p>\n\n\n\n<p><strong>France<\/strong><\/p>\n\n\n\n<p><a href=\"https:\/\/www.boursorama.com\/actualite-economique\/actualites\/edf-aucune-option-ne-doit-etre-ecartee-dit-le-maire-sur-une-nationalisation-2195a94f05c1fee41726034e7b521851\">EDF : Aucune option ne doit \u00eatre \u00e9cart\u00e9e, dit Le Maire sur une nationalisation<\/a> (Reuters)<\/p>\n\n\n\n<p><a href=\"https:\/\/redirection.b2b.infopro-digital.com\/lnk\/AL8AAL9IEJQAAcXD9OgAAHnKuI0AAABZQUUAANzvAAwsSQBiCpVwzHfkPYLaTna_0J7FDSTy7AAMCy8\/4\/IXTawFKfwnOzcOOZIayI3Q\/aHR0cHM6Ly93d3cudXNpbmVub3V2ZWxsZS5jb20vYXJ0aWNsZS8yMDIyLXMtYW5ub25jZS1kZS1wbHVzLWVuLXBsdXMtY29tcGxpcXVlLXBvdXItZWRmLWRhbnMtbGUtbnVjbGVhaXJlLk4xNzgyNDMyI3h0b3I9RVBSLTE2OSZlbWFpbD1uLmNoZXZpbGxhcmRAbm9vcy5mcg#xtor=EPR-169&amp;email=n.chevillard@noos.fr\" target=\"_blank\" rel=\"noreferrer noopener\">2023 aussi s&rsquo;annonce tr\u00e8s compliqu\u00e9e pour EDF<\/a> (Usine Nouvelle)<\/p>\n\n\n\n<p><a href=\"https:\/\/www.boursorama.com\/actualite-economique\/actualites\/a-nice-la-justice-enquete-sur-la-gestion-de-la-chambre-de-commerce-et-d-industrie-373d1d24c0d17c63079969ff9029c6c2\">A Nice, la justice enqu\u00eate sur la gestion de la Chambre de commerce et d&rsquo;industrie<\/a> (AFP)<\/p>\n\n\n\n<p><a href=\"https:\/\/common.indigo-net.com\/lib\/cookie_log\/redirector.asp?mail=n.chevillard@noos.fr&amp;ID=456662&amp;DOCIID=109703480&amp;ENAIID=711622&amp;RETOUR=SIMPLE&amp;link=https:\/\/www.lalettrea.fr\/action-publique_partis-et-elections\/2022\/02\/15\/la-campagne-d-alain-minc-pour-valerie-pecresse-patine-aupres-du-cac-40,109734265-art?cxt=PUB&amp;utm_source=LLA&amp;utm_medium=email&amp;utm_campaign=AUTO_EDIT_SOM\" target=\"_blank\" rel=\"noreferrer noopener\">La campagne d&rsquo;Alain Minc pour Val\u00e9rie P\u00e9cresse patine aupr\u00e8s du CAC 40<\/a> (La Lettre A)<\/p>\n\n\n\n<p><a href=\"https:\/\/common.indigo-net.com\/lib\/cookie_log\/redirector.asp?mail=n.chevillard@noos.fr&amp;ID=456662&amp;DOCIID=109703480&amp;ENAIID=711622&amp;RETOUR=SIMPLE&amp;link=https:\/\/www.lalettrea.fr\/entreprises_defense-et-aeronautique\/2022\/02\/15\/thales--patrice-caine-fait-le-dos-rond-face-au-mouvement-social,109734252-bre?cxt=PUB&amp;utm_source=LLA&amp;utm_medium=email&amp;utm_campaign=AUTO_EDIT_SOM\" target=\"_blank\" rel=\"noreferrer noopener\">Thales : Patrice Caine fait le dos rond face au mouvement social<\/a> (La Lettre A)<\/p>\n\n\n\n<p><a href=\"https:\/\/redirection.b2b.infopro-digital.com\/lnk\/AVoAAB1HhQQAAcXD9RwAAHnKuI0AAABZQTkAANzxAAwsSQBiC1qUYFQwUjIPRBCR1FNZl9ZNtgAMCy8\/9\/gsMnVoBel-nvbGUZyOtVbA\/aHR0cHM6Ly93d3cudXNpbmUtZGlnaXRhbGUuZnIvYXJ0aWNsZS9sZS1jYW1wdXMtY3liZXItbGlldS10b3RlbS1kZS1sYS1jeWJlcnNlY3VyaXRlLWZyYW5jYWlzZS1vdXZyZS1lbmZpbi1zZXMtcG9ydGVzLk4xNzg0NDQyI3h0b3I9RVBSLTQmZW1haWw9bi5jaGV2aWxsYXJkQG5vb3MuZnI#xtor=EPR-4&amp;email=n.chevillard@noos.fr\" target=\"_blank\" rel=\"noreferrer noopener\">Le Campus Cyber, \u00ab\u00a0lieu totem\u00a0\u00bb de la cybers\u00e9curit\u00e9 fran\u00e7aise, ouvre ses portes<\/a> (Usine Digitale)<\/p>\n\n\n\n<p><a href=\"https:\/\/redirection.b2b.infopro-digital.com\/lnk\/AL8AAL9IEJQAAcXD9OgAAHnKuI0AAABZQUUAANzvAAwsSQBiCpVwzHfkPYLaTna_0J7FDSTy7AAMCy8\/7\/ab3qENTwcHjTi3rqG0BYZg\/aHR0cHM6Ly93d3cudXNpbmVub3V2ZWxsZS5jb20vYXJ0aWNsZS9sYS1tZXRyb3BvbGUtZGUtcm91ZW4tcHJlZW1wdGUtbGUtc2l0ZS1lbWJsZW1hdGlxdWUtZGUtY2hhcGVsbGUtZGFyYmxheS5OMTc4NDQyNyN4dG9yPUVQUi0xNjkmZW1haWw9bi5jaGV2aWxsYXJkQG5vb3MuZnI#xtor=EPR-169&amp;email=n.chevillard@noos.fr\" target=\"_blank\" rel=\"noreferrer noopener\">La M\u00e9tropole de Rouen pr\u00e9empte le site embl\u00e9matique de Chapelle Darblay<\/a> (Usine Nouvelle)<\/p>\n\n\n\n<p><a href=\"https:\/\/redirection.b2b.infopro-digital.com\/lnk\/AL8AAL9IEJQAAcXD9OgAAHnKuI0AAABZQUUAANzvAAwsSQBiCpVwzHfkPYLaTna_0J7FDSTy7AAMCy8\/11\/iMDwJMTCWpIzr2MyQLFjzw\/aHR0cHM6Ly93d3cudXNpbmVub3V2ZWxsZS5jb20vZWRpdG9yaWFsL2VsZWN0aW9uLXByZXNpZGVudGllbGxlLTIwMjItZGVjb3V2cmV6LWxlcy1wcm9wb3NpdGlvbnMtZWNvbm9taXF1ZXMtZGVzLWNhbmRpZGF0cy5OMTc4MzA3NyN4dG9yPUVQUi0xNjkmZW1haWw9bi5jaGV2aWxsYXJkQG5vb3MuZnI#xtor=EPR-169&amp;email=n.chevillard@noos.fr\" target=\"_blank\" rel=\"noreferrer noopener\">Election pr\u00e9sidentielle : les propositions \u00e9conomiques des candidats<\/a> (Usine Nouvelle)<\/p>\n\n\n\n<p><a href=\"https:\/\/redirection.b2b.infopro-digital.com\/lnk\/AL8AAL9IEJQAAcXD9OgAAHnKuI0AAABZQUUAANzvAAwsSQBiCpVwzHfkPYLaTna_0J7FDSTy7AAMCy8\/20\/zR77sG0aPiNL5jEeaD5PKg\/aHR0cHM6Ly93d3cudXNpbmVub3V2ZWxsZS5jb20vZWRpdG9yaWFsL2Nocm9uaXF1ZS1yaC1wb3VycXVvaS1sZS1kaXNjb3Vycy1zdXItbGVzLWRpZmZpY3VsdGVzLWRlLXJlY3J1dGVtZW50LW1lcml0ZS1kLWV0cmUtbnVhbmNlLk4xNzg0MjMyI3h0b3I9RVBSLTE2OSZlbWFpbD1uLmNoZXZpbGxhcmRAbm9vcy5mcg#xtor=EPR-169&amp;email=n.chevillard@noos.fr\" target=\"_blank\" rel=\"noreferrer noopener\">Pourquoi le discours sur les difficult\u00e9s de recrutement m\u00e9rite d\u2019\u00eatre nuanc\u00e9<\/a> (Usine Nouvelle)<\/p>\n\n\n\n<p><a href=\"https:\/\/redirection.b2b.infopro-digital.com\/lnk\/AL8AAL9IEJQAAcXD9OgAAHnKuI0AAABZQUUAANzvAAwsSQBiCpVwzHfkPYLaTna_0J7FDSTy7AAMCy8\/29\/cSeiT9RK0rdU0ggIqpTcPw\/aHR0cHM6Ly93d3cudXNpbmVub3V2ZWxsZS5jb20vcG9kY2FzdC9jb21tZW50LWFtYXpvbi1lc3QtZGV2ZW51LXVuLXBhcnRlbmFpcmUtaW5jb250b3VybmFibGUtcG91ci1sZXMtaW5kdXN0cmllbHMtZnJhbmNhaXMsMTc4MjkzNyN4dG9yPUVQUi0xNjkmZW1haWw9bi5jaGV2aWxsYXJkQG5vb3MuZnI#xtor=EPR-169&amp;email=n.chevillard@noos.fr\" target=\"_blank\" rel=\"noreferrer noopener\">Amazon et les industriels fran\u00e7ais<\/a> (Podcast La Fabrique)<\/p>\n\n\n\n<p><strong><a href=\"https:\/\/tendanceclaire.org\/breve.php?id=40712\">Retour sur le d\u00e9bat M\u00e9lenchon \u2014 Roux de B\u00e9zieux<\/a> <\/strong>(\u00e9conomistes UP)<\/p>\n\n\n\n<figure class=\"wp-block-image size-full is-resized is-style-default\"><img data-recalc-dims=\"1\" loading=\"lazy\" decoding=\"async\" src=\"https:\/\/i0.wp.com\/www.rdpemancipation.org\/wp-content\/uploads\/2022\/02\/Capture-decran-2022-02-14-a-18.29.04.png?resize=597%2C419&#038;ssl=1\" alt=\"\" class=\"wp-image-71286\" width=\"597\" height=\"419\" srcset=\"https:\/\/i0.wp.com\/www.rdpemancipation.org\/wp-content\/uploads\/2022\/02\/Capture-decran-2022-02-14-a-18.29.04.png?w=580&amp;ssl=1 580w, https:\/\/i0.wp.com\/www.rdpemancipation.org\/wp-content\/uploads\/2022\/02\/Capture-decran-2022-02-14-a-18.29.04.png?resize=300%2C211&amp;ssl=1 300w\" sizes=\"auto, (max-width: 597px) 100vw, 597px\" \/><\/figure>\n\n\n\n<p><a href=\"https:\/\/aoc.media\/analyse\/2022\/02\/14\/la-tragedie-industrielle\/\">La trag\u00e9die industrielle<\/a> (AOC M\u00e9dia)<\/p>\n\n\n\n<p><a href=\"https:\/\/youtu.be\/Olivier%20Delamarche%20met%20Macron%20et%20Le%20Maire%20en%20PLS\">Olivier Delamarche met Macron et Le Maire en PLS<\/a> (TVL)<strong><\/strong><\/p>\n\n\n\n<p><a href=\"https:\/\/linsoumission.fr\/2022\/02\/10\/cac-40-lfi-gavage-en-marche\/\">Cac 40, gavage en marche<\/a> (L\u2019insoumission)<\/p>\n\n\n\n<p><\/p>\n\n\n\n<p><strong>Monde<\/strong><\/p>\n\n\n\n<p><a href=\"https:\/\/www.boursorama.com\/videos\/actualites\/petrole-la-crise-ukrainienne-fait-flamber-le-prix-du-baril-ab548078d8f11fe78afbb4c61278a5ca\">P\u00e9trole : la crise ukrainienne fait flamber le prix du baril<\/a> (France 24)<\/p>\n\n\n\n<p><a href=\"https:\/\/www.boursorama.com\/actualite-economique\/actualites\/japon-l-economie-a-rebondi-au-t4-portee-par-la-consommation-9ffe15d9e6c96b31320a6ce06795aa02\">Japon : L&rsquo;\u00e9conomie a rebondi au T4, port\u00e9e par la consommation<\/a> (Reuters)<\/p>\n\n\n\n<p><a href=\"https:\/\/www.boursorama.com\/actualite-economique\/actualites\/jeunes-modestes-quel-est-le-profil-des-amateurs-de-cryptomonnaies-f3edd85032ca03a617399cf2677efa28\">Jeunes, modestes\u2026 Quel est le profil des amateurs de cryptomonnaies ?<\/a> (Le Point)<\/p>\n\n\n\n<p><a href=\"https:\/\/redirection.b2b.infopro-digital.com\/lnk\/AVoAAB1HhQQAAcXD9RwAAHnKuI0AAABZQTkAANzxAAwsSQBiC1qUYFQwUjIPRBCR1FNZl9ZNtgAMCy8\/29\/steKMlq9xHbwQp4YXPxBpg\/aHR0cHM6Ly93d3cudXNpbmUtZGlnaXRhbGUuZnIvZWRpdG9yaWFsL2xlLWNvbnNlaWwtZXVyb3BlZW4tZGVzLWVkaXRldXJzLXBvdXJzdWl0LWdvb2dsZS1wb3VyLXNhLW1haW5taXNlLXN1ci1sZS1zZWN0ZXVyLXB1YmxpY2l0YWlyZS5OMTc4NDI1MiN4dG9yPUVQUi00JmVtYWlsPW4uY2hldmlsbGFyZEBub29zLmZy#xtor=EPR-4&amp;email=n.chevillard@noos.fr\" target=\"_blank\" rel=\"noreferrer noopener\">Le Conseil europ\u00e9en des \u00e9diteurs poursuit Google pour mainmise sur la publicit\u00e9<\/a> (Usine Digitale)<\/p>\n\n\n\n<p><a href=\"https:\/\/www.boursorama.com\/actualite-economique\/actualites\/la-pollution-plastique-et-chimique-a-depasse-les-limites-de-la-planete-d1d32db55d5c2647b784e4a7b7343bee\">La pollution plastique et chimique a d\u00e9pass\u00e9 les \u00ab\u00a0limites\u00a0\u00bb de la plan\u00e8te<\/a> (AFP)<\/p>\n\n\n\n<p><a href=\"https:\/\/lundi.am\/La-vie-en-plastique\" target=\"_blank\" rel=\"noreferrer noopener\">&nbsp;\u00ab La vie en plastique \u00bb<\/a> (Podcast Lundi Matin)<\/p>\n\n\n\n<p><a href=\"https:\/\/www.liberation.fr\/economie\/economie-numerique\/acquisitions-a-tout-va-lappetit-insatiable-des-geants-de-la-big-tech-20220202_DKKMRCMZ4ZBN7NANYTEMRJHVUU\/\">Acquisitions \u00e0 tout-va&nbsp;: l\u2019app\u00e9tit insatiable des g\u00e9ants de la big tech<\/a> (Lib\u00e9ration)<\/p>\n\n\n\n<p><a href=\"https:\/\/www.lexpress.fr\/actualites\/1\/actualite\/pfizer-veut-vendre-54-milliards-de-dollars-de-vaccins-et-pilules-anti-covid-en-2022_2167686.html\">Pfizer veut vendre 54 milliards $ de vaccins et pilules anti-Covid en 2022<\/a> (L\u2019Express)<\/p>\n\n\n\n<p><strong>Analyse<\/strong><\/p>\n\n\n\n<p><a href=\"https:\/\/lundi.am\/Soulever-le-suaire\">\u00c9crits d\u2019Artistes sur l\u2019\u00c9conomie, Une Anthologie&nbsp;<\/a> (Lundi Matin)<\/p>\n\n\n\n<figure class=\"wp-block-image size-full is-style-default\"><img data-recalc-dims=\"1\" loading=\"lazy\" decoding=\"async\" width=\"420\" height=\"638\" src=\"https:\/\/i0.wp.com\/www.rdpemancipation.org\/wp-content\/uploads\/2022\/02\/Capture-decran-2022-02-14-a-18.31.21.png?resize=420%2C638&#038;ssl=1\" alt=\"\" class=\"wp-image-71288\" srcset=\"https:\/\/i0.wp.com\/www.rdpemancipation.org\/wp-content\/uploads\/2022\/02\/Capture-decran-2022-02-14-a-18.31.21.png?w=420&amp;ssl=1 420w, https:\/\/i0.wp.com\/www.rdpemancipation.org\/wp-content\/uploads\/2022\/02\/Capture-decran-2022-02-14-a-18.31.21.png?resize=197%2C300&amp;ssl=1 197w\" sizes=\"auto, (max-width: 420px) 100vw, 420px\" \/><\/figure>\n\n\n\n<p><strong><mark style=\"background-color:rgba(0, 0, 0, 0);color:#f20823\" class=\"has-inline-color\">14 f\u00e9vrier en continu<\/mark><\/strong><\/p>\n\n\n\n<p><strong>France<\/strong><\/p>\n\n\n\n<p><a href=\"https:\/\/info.alternatives-economiques.fr\/optiext\/optiextension.dll?ID=aIJaKp7RLDgESWsOgSmt2jU3_%2BoUPD_p9Sv40sgI3mVCWx5Wig34qCBtVaAianHZYEXkH0A%2BoZCHPvMh%2BBuoeDO7C1xO4\" target=\"_blank\" rel=\"noreferrer noopener\">Aux trois sources du d\u00e9ficit commercial<\/a> &#8211; Christian Chavagneux (Alter \u00e9co)<\/p>\n\n\n\n<p><a href=\"https:\/\/www.boursorama.com\/actualite-economique\/actualites\/les-185-rafale-promis-a-l-armee-de-l-air-un-strict-minimum-selon-le-chef-d-etat-major-4c9ef387f9688f363297397c81322f92\">185 Rafale promis \u00e0 l&rsquo;arm\u00e9e de l&rsquo;Air, un \u2018strict minimum\u2019\u2019 selon le chef d&rsquo;\u00e9tat-major<\/a> (AFP)<\/p>\n\n\n\n<p><a href=\"https:\/\/www.boursorama.com\/actualite-economique\/actualites\/edf-annonce-le-recrutement-de-15-500-personnes-ba0f0245c29774899c2ca55ef46c1a19\">EDF annonce le recrutement de 15.500 personnes<\/a> (Reuters)<\/p>\n\n\n\n<p><a href=\"https:\/\/www.connaissancedesenergies.org\/energies-renouvelables-le-ser-presente-son-programme-pour-le-prochain-quinquennat-220210-0\">Renouvelables : le SER pr\u00e9sente son \u2018programme\u2019 pour le prochain quinquennat<\/a> (Connaissance des \u00e9nergies)<\/p>\n\n\n\n<p><a href=\"https:\/\/multinationales.org\/France-2030-34-milliards-d-euros-pour-qui-et-pour-quoi\" target=\"_blank\" rel=\"noreferrer noopener\">France 2030&nbsp;: 34 milliards d\u2019euros pour qui et pour quoi&nbsp;?<\/a> (Basta!)<\/p>\n\n\n\n<figure class=\"wp-block-image is-resized is-style-default\"><img data-recalc-dims=\"1\" loading=\"lazy\" decoding=\"async\" src=\"https:\/\/i0.wp.com\/static.mediapart.fr\/etmagine\/default\/files\/2022\/02\/11\/pays-a-vendre.jpg?resize=420%2C570&#038;ssl=1\" alt=\"https:\/\/static.mediapart.fr\/etmagine\/default\/files\/2022\/02\/11\/pays-a-vendre.jpg?width=474&amp;height=643&amp;width_format=pixel&amp;height_format=pixel\" width=\"420\" height=\"570\"\/><\/figure>\n\n\n\n<p><strong>Monde<\/strong><\/p>\n\n\n\n<p><a href=\"https:\/\/lundi.am\/Bayer-Monsanto-Oraison-funebre\" target=\"_blank\" rel=\"noreferrer noopener\">Loos&nbsp;: L\u2019oraison fun\u00e8bre de Bayer-Monsanto<\/a> (Les soul\u00e8vements de la terre \u2013 Lundi Matin)<\/p>\n\n\n\n<p><a href=\"https:\/\/www.boursorama.com\/actualite-economique\/actualites\/la-politique-de-la-bce-evoluera-de-facon-progressive-repete-lagarde-d3194a09e43087ee063812837cd92afc\">La politique de la BCE \u00e9voluera de fa\u00e7on progressive, r\u00e9p\u00e8te Lagarde<\/a> (Reuters)<\/p>\n\n\n\n<p>&nbsp;<a href=\"https:\/\/www.boursorama.com\/videos\/actualites\/le-plan-a-50-milliards-d-euros-pour-developper-la-filiere-des-semi-conducteurs-en-europe-7fc28a87c35b03c27e7c7dd97d1f005a\">Le plan \u00e0 50 milliards \u20ac pour d\u00e9velopper la fili\u00e8re des semi-conducteurs en Europe<\/a> (France 24)<\/p>\n\n\n\n<p><a href=\"https:\/\/www.boursorama.com\/actualite-economique\/actualites\/la-grece-finira-de-rembourser-le-fmi-d-ici-fin-mars-dit-son-ministre-des-finances-2e43861a0c8a7df9c880d7efb93a14b8\">La Gr\u00e8ce finira de rembourser le FMI d&rsquo;ici fin mars <\/a>&nbsp;(Reuters)<\/p>\n\n\n\n<p><a href=\"https:\/\/www.connaissancedesenergies.org\/afp\/les-banques-europeennes-continuent-financer-largement-le-developpement-du-petrole-et-du-gaz-selon-une-ong-220214-0\">Les banques europ\u00e9ennes continuent \u00e0 financer largement le d\u00e9veloppement du p\u00e9trole et du gaz<\/a> &nbsp;(AFP)<\/p>\n\n\n\n<p><a href=\"https:\/\/www.connaissancedesenergies.org\/afp\/les-cours-du-petrole-reprennent-leur-hausse-dopes-par-la-crise-en-ukraine-220214\">Les cours du p\u00e9trole reprennent leur hausse, dop\u00e9s par la crise en Ukraine<\/a> (AFP)<\/p>\n\n\n\n<p><a href=\"https:\/\/www.connaissancedesenergies.org\/afp\/nucleaire-le-debut-de-la-production-delectricite-de-lepr-finlandais-reportee-mars-220212\">Nucl\u00e9aire : le d\u00e9but de la production d&rsquo;\u00e9lectricit\u00e9 de l&rsquo;EPR finlandais report\u00e9e \u00e0 mars<\/a> (AFP)<\/p>\n\n\n\n<p><strong>Analyse<\/strong><\/p>\n\n\n\n<p><a href=\"https:\/\/www.boursorama.com\/actualite-economique\/actualites\/d-ou-vient-la-these-complotiste-du-grand-remplacement-501bad883a7f2d0c65424c8be3bb6974\">D&rsquo;o\u00f9 vient la th\u00e8se complotiste du \u00ab\u00a0grand remplacement\u00a0\u00bb ?<\/a> (Boursorama)<\/p>\n\n\n\n<p><a href=\"https:\/\/www.humanite.fr\/social-eco\/dette-publique\/benjamin-lemoine-la-dette-est-un-revolver-sur-la-tempe-des-populations\">Benjamin Lemoine : \u00ab\u2009La dette est un revolver sur la tempe des populations\u2009\u00bb<\/a> (L\u2019Humanit\u00e9)<\/p>\n\n\n\n<p><a href=\"https:\/\/reporterre.net\/Le-sommet-sur-les-oceans-a-donne-le-feu-vert-au-capitalisme-bleu?utm_source=newsletter&amp;utm_medium=email&amp;utm_campaign=nl_quotidienne\">Le sommet sur les oc\u00e9ans a donn\u00e9 le feu vert au capitalisme bleu<\/a>&nbsp;(Reporterre)<\/p>\n\n\n\n<figure class=\"wp-block-image is-resized is-style-default\"><img data-recalc-dims=\"1\" loading=\"lazy\" decoding=\"async\" src=\"https:\/\/i0.wp.com\/reporterre.net\/local\/cache-vignettes\/L720xH480\/arton24585-44d36.jpg?resize=446%2C297&#038;ssl=1\" alt=\"Le sommet sur les oc\u00e9ans a donn\u00e9 le feu vert au capitalisme bleu\" width=\"446\" height=\"297\"\/><\/figure>\n\n\n\n<p><a href=\"https:\/\/paperjam.lu\/article\/comment-interpreter-forte-corr\">Comment interpr\u00e9ter la forte correction des march\u00e9s actions?<\/a>&nbsp;(Paperjam)<\/p>\n\n\n\n<p><a href=\"https:\/\/www.levif.be\/actualite\/international\/flambee-des-prix-de-l-energie-pourquoi-on-ne-pourra-pas-se-passer-sitot-de-petrole-analyse\/article-normal-1523555.html\" target=\"_blank\" rel=\"noreferrer noopener\">Flamb\u00e9e des prix de l&rsquo;\u00e9nergie : pourquoi on ne pourra pas se passer sit\u00f4t de p\u00e9trole <\/a>&nbsp;(Le Vif)<\/p>\n\n\n\n<p><strong><mark style=\"background-color:rgba(0, 0, 0, 0);color:#f20823\" class=\"has-inline-color\">13 f\u00e9vrier en continu<\/mark><\/strong><\/p>\n\n\n\n<p><strong>France<\/strong><\/p>\n\n\n\n<p><a href=\"https:\/\/www.off-investigation.fr\/ep-04-hopital-la-republique-en-panne\/\">Macron Ep.04 | H\u00f4pital&nbsp;: la r\u00e9publique en panne<\/a> &nbsp;(Documentaire Off Investigation)<\/p>\n\n\n\n<p><a href=\"https:\/\/info.alternatives-economiques.fr\/optiext\/optiextension.dll?ID=GcdGcf_ZmfqHI4V6aG3z5Ue37rqiIGJBIznJBkt5zpdPU8WqO9m003zm55iOu8iN4Z2l%2B7XDHCyZUZW47%2Be%2BDgYI207y_\" target=\"_blank\" rel=\"noreferrer noopener\">Nucl\u00e9aire ou 100% renouvelables : la France \u00e0 l&rsquo;heure du choix<\/a> (Alter \u00e9co)<\/p>\n\n\n\n<p><a href=\"https:\/\/info.alternatives-economiques.fr\/optiext\/optiextension.dll?ID=GcdGfu2M2fgXLB_be2BVWUNQl_6dqdZ%2Bj8gy2go0jK0sQoxWO5eQdhasAijZzB2L6aFgOXSOH4mZfmtbSvcKGpafzuWqf\" target=\"_blank\" rel=\"noreferrer noopener\">Les \u00e9nergies fossiles biberonn\u00e9es aux aides publiques<\/a> (Alter \u00e9co)<\/p>\n\n\n\n<p><a href=\"https:\/\/redirection.b2b.infopro-digital.com\/lnk\/AUkAAEziyI4AAcXD9EIAAHnKuI0AAABZQTkAANzrAAwsSQBiB6KaELq0JYJ5Qg6rNE5gtgPyVQAMCy8\/32\/y9Z-F_ZFXLeOEE9mM5pFMQ\/aHR0cHM6Ly93d3cudXNpbmUtZGlnaXRhbGUuZnIvYXJ0aWNsZS9sYS1jbmlsLWRpdC1ub24tYS1sLXV0aWxpc2F0aW9uLWRlLWdvb2dsZS1hbmFseXRpY3MuTjE3ODM2ODcjeHRvcj1FUFItNiZlbWFpbD1uLmNoZXZpbGxhcmRAbm9vcy5mcg#xtor=EPR-6&amp;email=n.chevillard@noos.fr\" target=\"_blank\" rel=\"noreferrer noopener\">La Cnil dit non \u00e0 l&rsquo;utilisation de Google Analytics<\/a> (Usine Digitale)<\/p>\n\n\n\n<p><a href=\"https:\/\/redirection.b2b.infopro-digital.com\/lnk\/AMcAAHLBpjkAAcXD81QAAHnKuI0AAABZQUUAANzvAAwsSQBiBVQW5lTpo6d7T7qKyU6xTV9Y7QAMCy8\/14\/ABmKEJ65WeDCe_G-ELrCnA\/aHR0cHM6Ly93d3cudXNpbmVub3V2ZWxsZS5jb20vYXJ0aWNsZS9hbm5lZS0yMDIxLWNoYW1wYWduZS1wb3VyLWwtb3JlYWwuTjE3ODM0NjcjeHRvcj1FUFItMTY5JmVtYWlsPW4uY2hldmlsbGFyZEBub29zLmZy#xtor=EPR-169&amp;email=n.chevillard@noos.fr\" target=\"_blank\" rel=\"noreferrer noopener\">Ann\u00e9e record pour L\u2019Or\u00e9al en 2021<\/a> (Usine Nouvelle)<\/p>\n\n\n\n<p><a href=\"https:\/\/www.humanite.fr\/social-eco\/industrie-la-bataille-des-programmes-est-lancee-737978\" target=\"_blank\" rel=\"noreferrer noopener\">Industrie : la bataille des programmes est lanc\u00e9e<\/a>&nbsp; (L&rsquo;Humanit\u00e9)<\/p>\n\n\n\n<p><a href=\"http:\/\/www.economiematin.fr\/news-economie-analyse-chiffres-croissance-chomage-martineau\">Des annonces incompl\u00e8tes et des chiffres \u00e0 prendre avec des \u2018pincettes\u2019\u2019&#8230;<\/a>&nbsp; (Economie matin)<\/p>\n\n\n\n<p><a href=\"https:\/\/brunobertez.com\/2022\/02\/12\/labsurde-logique-de-la-mise-en-danger-d-edf\/\">L\u2019absurde logique de la mise en danger d\u2019EDF&nbsp;<\/a> (Bruno Bertez)<\/p>\n\n\n\n<p><a href=\"http:\/\/andreboyer.over-blog.com\/2022\/02\/edf-ampute-au-nom-du-principe-de-concurrence.html?utm_source=_ob_email&amp;utm_medium=_ob_notification&amp;utm_campaign=_ob_pushmail\">EDF amput\u00e9 au nom du principe de concurrence<\/a>&nbsp; (Andr\u00e9 Boyer)<\/p>\n\n\n\n<p><a href=\"https:\/\/www.lemediatv.fr\/emissions\/2022\/zemmour-et-le-pouvoir-dachat-on-vous-explique-larnaque-Ep7Q2QHKSzSkJd1-4q38bw\">Zemmour et le pouvoir d&rsquo;achat : on vous explique l&rsquo;arnaque<\/a> (Le M\u00e9dia)<\/p>\n\n\n\n<p><a href=\"https:\/\/www.mediapart.fr\/journal\/france\/120222\/la-vente-chaotique-de-la-provence-attise-le-soupcon\">La vente chaotique de \u00abLa Provence\u00bb attise le soup\u00e7on<\/a> (M\u00e9diapart)<\/p>\n\n\n\n<figure class=\"wp-block-image size-full is-resized is-style-default\"><img data-recalc-dims=\"1\" loading=\"lazy\" decoding=\"async\" src=\"https:\/\/i0.wp.com\/www.rdpemancipation.org\/wp-content\/uploads\/2022\/02\/Capture-decran-2022-02-13-a-14.04.37.png?resize=519%2C374&#038;ssl=1\" alt=\"\" class=\"wp-image-71114\" width=\"519\" height=\"374\" srcset=\"https:\/\/i0.wp.com\/www.rdpemancipation.org\/wp-content\/uploads\/2022\/02\/Capture-decran-2022-02-13-a-14.04.37.png?w=969&amp;ssl=1 969w, https:\/\/i0.wp.com\/www.rdpemancipation.org\/wp-content\/uploads\/2022\/02\/Capture-decran-2022-02-13-a-14.04.37.png?resize=300%2C216&amp;ssl=1 300w, https:\/\/i0.wp.com\/www.rdpemancipation.org\/wp-content\/uploads\/2022\/02\/Capture-decran-2022-02-13-a-14.04.37.png?resize=768%2C553&amp;ssl=1 768w\" sizes=\"auto, (max-width: 519px) 100vw, 519px\" \/><\/figure>\n\n\n\n<p><strong>Monde&nbsp;<\/strong><\/p>\n\n\n\n<p><a href=\"https:\/\/www.boursorama.com\/actualite-economique\/actualites\/accord-imminent-sur-une-usine-de-batteries-de-stellantis-en-italie-dit-rome-bf972b556fd02f3ced93b88fd1d724c3\">Accord imminent sur une usine de batteries de Stellantis en Italie<\/a> (Reuters)<\/p>\n\n\n\n<p><a href=\"https:\/\/www.boursorama.com\/actualite-economique\/actualites\/racisme-et-discriminations-l-envers-du-decor-de-l-usine-californienne-de-tesla-d59787760f7d77bad1a2c48d4e6cdfed\">Racisme et discriminations : l&rsquo;envers du d\u00e9cor de l&rsquo;usine californienne de Tesla<\/a> (AFP)<\/p>\n\n\n\n<p><a href=\"https:\/\/la-chronique-agora.com\/assurances-fed-suffisent-elles-encore\/?bsft_aaid=8d7bfbb2-9574-4a5c-ad3d-53faf0fc196f&amp;bsft_eid=5b057581-02b8-b203-ebb6-775eea8b6446&amp;utm_campaign=edito-220211-lca-newsletter&amp;utm_source=blueshift&amp;utm_medium=email&amp;utm_content=edito-220211-lca-newsletter&amp;bsft_clkid=df014df6-de6e-4b0d-82ba-a21c9cc07795&amp;bsft_uid=1f1b3850-38cc-4a83-86fb-401a40390f75&amp;bsft_mid=4f78518e-27d0-44ed-b6fa-5b91df93a5d1&amp;bsft_utid=1f1b3850-38cc-4a83-86fb-401a40390f75-LCA&amp;bsft_mime_type=html&amp;bsft_ek=2022-02-11T11%3A00%3A38Z&amp;bsft_lx=2&amp;bsft_tv=4\">USA.&nbsp;Les assurances de la Fed suffisent-elles encore ?<\/a>&nbsp; (Chronique agora)<\/p>\n\n\n\n<p><a href=\"https:\/\/redirection.b2b.infopro-digital.com\/lnk\/AUkAAEziyI4AAcXD9EIAAHnKuI0AAABZQTkAANzrAAwsSQBiB6KaELq0JYJ5Qg6rNE5gtgPyVQAMCy8\/40\/jUjZkapK50WiAJ2CDlJfVQ\/aHR0cHM6Ly93d3cudXNpbmUtZGlnaXRhbGUuZnIvYXJ0aWNsZS9sYS1iYW5xdWUtY2VudHJhbGUtZXVyb3BlZW5uZS1hbGVydGUtc3VyLWxlcy1yaXNxdWVzLWRlLWN5YmVyYXR0YXF1ZXMtbWVuZWVzLXBhci1sYS1ydXNzaWUuTjE3ODMxMjIjeHRvcj1FUFItNiZlbWFpbD1uLmNoZXZpbGxhcmRAbm9vcy5mcg#xtor=EPR-6&amp;email=n.chevillard@noos.fr\" target=\"_blank\" rel=\"noreferrer noopener\">La BCE alerte sur les risques de cyberattaques men\u00e9es par la Russie<\/a> (Usine Digitale)<\/p>\n\n\n\n<p><a href=\"https:\/\/redirection.b2b.infopro-digital.com\/lnk\/AUkAAEziyI4AAcXD9EIAAHnKuI0AAABZQTkAANzrAAwsSQBiB6KaELq0JYJ5Qg6rNE5gtgPyVQAMCy8\/44\/nrYpt3qrltm7Ik5bqNLULw\/aHR0cHM6Ly93d3cudXNpbmUtZGlnaXRhbGUuZnIvYXJ0aWNsZS92aXNlcy1wYXItdW5lLWN5YmVyYXR0YXF1ZS1kZXMtc2l0ZXMtcG9ydHVhaXJlcy1ldXJvcGVlbnMtc29udC1hdS1yYWxlbnRpLk4xNzgxNDAyI3h0b3I9RVBSLTYmZW1haWw9bi5jaGV2aWxsYXJkQG5vb3MuZnI#xtor=EPR-6&amp;email=n.chevillard@noos.fr\" target=\"_blank\" rel=\"noreferrer noopener\">Vis\u00e9s par une cyberattaque, des sites portuaires europ\u00e9ens sont au ralenti<\/a> (Usine Digitale)<\/p>\n\n\n\n<p><a href=\"https:\/\/redirection.b2b.infopro-digital.com\/lnk\/AUkAAEziyI4AAcXD9EIAAHnKuI0AAABZQTkAANzrAAwsSQBiB6KaELq0JYJ5Qg6rNE5gtgPyVQAMCy8\/52\/qMHLSAKHh6g8NHR6AbMcog\/aHR0cHM6Ly93d3cudXNpbmUtZGlnaXRhbGUuZnIvZWRpdG9yaWFsL3RlY2gtbGVhZGVycy1sZS1uYXNkYXEtZXVyb3BlZW4tdmVycmEtbGUtam91ci1hdS0yZS10cmltZXN0cmUuTjE3ODI5MzIjeHRvcj1FUFItNiZlbWFpbD1uLmNoZXZpbGxhcmRAbm9vcy5mcg#xtor=EPR-6&amp;email=n.chevillard@noos.fr\" target=\"_blank\" rel=\"noreferrer noopener\">\u00ab\u00a0Tech Leaders\u00a0\u00bb, le Nasdaq europ\u00e9en, verra le jour au 2e trimestre<\/a> (Usine Digitale)<\/p>\n\n\n\n<p><strong><a href=\"https:\/\/www.lefigaro.fr\/flash-eco\/usa-l-inflation-s-accelere-encore-en-janvier-a-7-5-sur-un-an-20220210\">USA : l\u2019inflation s\u2019acc\u00e9l\u00e8re encore en janvier, \u00e0 7,5% sur un an<\/a> (Le Figaro)<\/strong><\/p>\n\n\n\n<p><strong>Analyse<\/strong><\/p>\n\n\n\n<p><a href=\"https:\/\/www.humanite.fr\/social-eco\/economie\/un-terrible-parfum-de-krach-737645#xtor=RSS-1\">Un terrible parfum de krach<\/a> (L\u2019Humanit\u00e9)<\/p>\n\n\n\n<p><a href=\"https:\/\/reporterre.net\/Une-affaire-d-argent-les-derives-de-l-aide-alimentaire\">\u00ab\u00a0Une affaire d\u2019argent\u00a0\u00bb : les d\u00e9rives de l\u2019aide alimentaire<\/a> (Reporterre)<\/p>\n\n\n\n<p><strong><mark style=\"background-color:rgba(0, 0, 0, 0);color:#f20823\" class=\"has-inline-color\">12 f\u00e9vrier en continu<\/mark><\/strong><\/p>\n\n\n\n<p><a href=\"https:\/\/www.mediapart.fr\/journal\/economie\/110222\/dix-annees-de-desindustrialisation-la-sauce-macron\">Dix ans de d\u00e9sindustrialisation<\/a> &#8211; Martine Orange (M\u00e9diapart)<\/p>\n\n\n\n<p><a href=\"https:\/\/www.mediapart.fr\/journal\/economie\/110222\/la-desindustrialisation-un-phenomene-global-qui-frappe-durement-la-france\">Un ph\u00e9nom\u00e8ne global qui frappe durement la France<\/a> (M\u00e9diapart)<\/p>\n\n\n\n<p><a href=\"https:\/\/www.mediapart.fr\/journal\/economie\/100222\/bas-salaires-les-maroquinieres-de-louis-vuitton-debrayent\">Bas salaires : les maroquini\u00e8res de Louis Vuitton d\u00e9brayent<\/a> (M\u00e9diapart)<\/p>\n\n\n\n<p><a href=\"https:\/\/www.mediapart.fr\/journal\/economie\/090222\/cdd-irreguliers-chez-orpea-des-aides-soignantes-ont-depose-plainte\">CDD irr\u00e9guliers chez Orpea&nbsp;: des aides-soignantes ont d\u00e9pos\u00e9 plainte<\/a> (M\u00e9diapart)<\/p>\n\n\n\n<p><a href=\"https:\/\/www.humanite.fr\/politique\/presidentielle-2022\/retraites-le-pen-retour-aux-fondamentaux-ultra-liberaux-738082#xtor=RSS-1\" target=\"_blank\" rel=\"noreferrer noopener\">Retraites. Le Pen retour aux fondamentaux&#8230;ultra-lib\u00e9raux<\/a>&nbsp; (L\u2019Humanit\u00e9)<\/p>\n\n\n\n<p><a href=\"https:\/\/basta.media\/Macron-energies-renouvelables-bilan-du-quinquennat-France-en-retard-objectifs-climat-solaire-eolien-hydraulique\" target=\"_blank\" rel=\"noreferrer noopener\">A la tra\u00eene sur les \u00e9nergies renouvelables, malgr\u00e9 les engagements du candidat Macron<\/a>&nbsp; (Basta!)<\/p>\n\n\n\n<p><a href=\"https:\/\/www.mediapart.fr\/journal\/france\/100222\/castex-et-ses-jets\" target=\"_blank\" rel=\"noreferrer noopener\">Castex et ses jets<\/a>&nbsp; &#8211; La Revue dessin\u00e9e (M\u00e9diapart)<\/p>\n\n\n\n<p><a href=\"https:\/\/www.les-crises.fr\/conflit-d-interets-les-auteurs-d-un-rapport-sur-les-ventes-d-armes-dans-le-golfe-s-averent-lies-avec-l-industrie-de-la-defense\/\">Auteurs d\u2019un rapport sur la vente d\u2019armes dans le Golfe se r\u00e9v\u00e8lent li\u00e9s \u00e0 l\u2019industrie de la d\u00e9fense<\/a> (Les Crises)<\/p>\n\n\n\n<p><strong>Monde<\/strong><\/p>\n\n\n\n<p><a href=\"https:\/\/www.lemonde.fr\/economie\/article\/2022\/02\/12\/les-britanniques-font-face-a-un-fort-recul-de-leur-pouvoir-d-achat_6113383_3234.html\">Les Britanniques font face \u00e0 un fort recul de leur pouvoir d\u2019achat<\/a> (Le Monde)<\/p>\n\n\n\n<p>&nbsp;<a href=\"https:\/\/www.tresor.economie.gouv.fr\/Articles\/2022\/02\/10\/la-nouvelle-relation-commerciale-de-l-union-europeenne-avec-le-royaume-uni\" target=\"_blank\" rel=\"noreferrer noopener\">La nouvelle relation commerciale de l&rsquo;Union europ\u00e9enne avec le Royaume-Uni<\/a>&nbsp; (Tr\u00e9sor-Eco)<\/p>\n\n\n\n<p><a href=\"https:\/\/www.lemonde.fr\/economie\/article\/2022\/02\/12\/matieres-premieres-prix-premium-pour-l-aluminium_6113405_3234.html\">Mati\u00e8res premi\u00e8res&nbsp;: \u00ab&nbsp;Prix premium pour l\u2019aluminium&nbsp;\u00bb<\/a> (Le Monde)<\/p>\n\n\n\n<p><a href=\"https:\/\/www.lemonde.fr\/economie\/article\/2022\/02\/12\/wall-street-devisse-devant-la-menace-d-une-invasion-imminente-de-l-ukraine_6113344_3234.html\">Wall Street d\u00e9visse devant la menace d\u2019une invasion imminente de l\u2019Ukraine<\/a> (Le Monde)<\/p>\n\n\n\n<p><a href=\"http:\/\/alencontre.org\/societe\/pfizer-modern-position-monopolistique-brevets-et-profits.html\">Pfizer, Moderna: position monopolistique, brevets et profits <\/a>(Alencontre)<\/p>\n\n\n\n<p><a href=\"https:\/\/fr.myeurop.info\/2022\/02\/11\/prix-des-carburants-hausse-de-24-en-europe\/\">Prix des carburants : hausse de 24% en Europe<\/a> (Myeurop.info)&nbsp;<\/p>\n\n\n\n<p><a href=\"https:\/\/lecourrier.ch\/2022\/02\/11\/credit-suisse-la-descente-aux-enfers\/\">Credit Suisse, la descente aux enfers<\/a> (Le Courrier)<\/p>\n\n\n\n<pre class=\"wp-block-preformatted\">On l\u2019annon\u00e7ait la <a href=\"https:\/\/macron.watch\/2022\/02\/04\/le-recap-du-04-02-2022\/\">semaine derni\u00e8re<\/a>, Macron a act\u00e9 le rachat par EDF des turbines Alstom qu\u2019il avait lui-m\u00eame contribu\u00e9 \u00e0 vendre au g\u00e9ant am\u00e9ricain General Electric : l\u2019op\u00e9ration de rachat coute 1,2 milliard d\u2019euros, plus du double de la somme obtenue \u00e0 la vente en 2014 (<a href=\"https:\/\/www.mediapart.fr\/journal\/economie\/100222\/filiere-nucleaire-macron-tente-d-effacer-son-passif\">source<\/a>) (<a href=\"https:\/\/www.marianne.net\/economie\/economie-francaise\/rachat-de-lactivite-nucleaire-de-ge-par-edf-tout-a-ete-fait-a-lenvers-dans-les-negociations?utm_medium=Social&amp;utm_source=Twitter&amp;Echobox=1644492828#xtor=CS2-5\">source<\/a>)<\/pre>\n\n\n\n<p><a href=\"https:\/\/reporterre.net\/Les-industriels-se-jettent-sur-les-terres-agricoles\">Les industriels se jettent sur les terres agricoles<\/a> (Reporterre)<\/p>\n\n\n\n<p><strong>Analyse<\/strong><\/p>\n\n\n\n<p><a href=\"https:\/\/www.franceculture.fr\/emissions\/entendez-vous-l-eco\/quand-le-salaire-s-affranchit-du-marche\">Quand le salaire s\u2019affranchit du march\u00e9<\/a> (France Culture)<\/p>\n\n\n\n<p><a href=\"http:\/\/alencontre.org\/ameriques\/amelat\/argentine\/sous-la-maree-noire-le-pouvoir-des-transnationales-des-combustibles-fossiles-et-la-resistance-naissante-dun-mouvement-transnational.html\">Sous la mar\u00e9e noire : pouvoir des transnationales et r\u00e9sistance d&rsquo;un mouvement transnational <\/a>(Alencontre)<\/p>\n\n\n\n<figure class=\"wp-block-image is-style-default\"><img data-recalc-dims=\"1\" decoding=\"async\" src=\"https:\/\/i0.wp.com\/static.mediapart.fr\/etmagine\/default\/files\/2018\/04\/22\/macron-contestaction-banksters-e-volution-du-parasite-copie.jpg?w=1200&#038;ssl=1\" alt=\"SAUVEZ LE MONDE ! MANGEZ UN FINANCIER ! \u00a9 INCONNU\"\/><\/figure>\n\n\n\n<p><strong><mark style=\"background-color:rgba(0, 0, 0, 0);color:#f20823\" class=\"has-inline-color\">11 f\u00e9vrier en continu<\/mark><\/strong><\/p>\n\n\n\n<p><strong>France<\/strong><\/p>\n\n\n\n<p><a href=\"https:\/\/www.connaissancedesenergies.org\/afp\/le-poids-et-les-enjeux-de-la-filiere-nucleaire-en-france-220211\">Le poids et les enjeux de la fili\u00e8re nucl\u00e9aire en France<\/a> (AFP)<\/p>\n\n\n\n<p><a href=\"https:\/\/www.mediapart.fr\/journal\/france\/110222\/nucleaire-le-gouvernement-repousse-la-diffusion-d-un-rapport-officiel-contredisant-emmanuel-macron\">Nucl\u00e9aire&nbsp;: le gouvernement a repouss\u00e9 la diffusion d\u2019un rapport contredisant Macron<\/a> (M\u00e9diapart)<\/p>\n\n\n\n<p><a href=\"https:\/\/www.mediapart.fr\/journal\/economie\/100222\/filiere-nucleaire-macron-tente-d-effacer-son-passif\">Saccage de la fili\u00e8re&nbsp;: Macron tente d\u2019effacer son passif<\/a> (M\u00e9diapart)<\/p>\n\n\n\n<p><a href=\"https:\/\/www.boursorama.com\/actualite-economique\/actualites\/relance-du-nucleaire-la-cgt-se-mefie-des-annonces-de-macron-e1a83ee1179a1a9744c48d0ebf0d5958\">Relance du nucl\u00e9aire : la CGT se m\u00e9fie des annonces de Macron<\/a> (Boursorama)<\/p>\n\n\n\n<p><a href=\"https:\/\/www.mediapart.fr\/journal\/economie\/100222\/amundi-ce-premier-actionnaire-de-total-qui-menace-le-climat\">Amundi, ce premier actionnaire de Total qui menace le climat<\/a> (M\u00e9diapart)<\/p>\n\n\n\n<p><a href=\"https:\/\/www.boursorama.com\/actualite-economique\/actualites\/non-recours-au-rsa-un-foyer-eligible-sur-trois-ne-percevait-pas-la-prestation-en-2018-c7b4724ef6478a0be7b7bc044ed11bfd\">RSA : un foyer \u00e9ligible sur trois ne percevait pas la prestation en 2018<\/a> (Boursorama)<\/p>\n\n\n\n<p><a href=\"https:\/\/www.boursorama.com\/actualite-economique\/actualites\/face-a-l-inflation-castex-appelle-les-entreprises-a-relever-les-salaires-dda822a3013d1d0fbd9498d1a09453db\">Face \u00e0 l&rsquo;inflation, Castex appelle les entreprises \u00e0 relever les salaires<\/a> (Reuters)<\/p>\n\n\n\n<p><a href=\"https:\/\/www.boursorama.com\/videos\/actualites\/benefices-records-une-nouvelle-ere-pour-les-banques-francaises-bde87c2880d3a0cffc97885bcfa870f9\">B\u00e9n\u00e9fices records : une nouvelle \u00e8re pour les banques fran\u00e7aises ?<\/a> (Ecorama)<\/p>\n\n\n\n<p><a href=\"https:\/\/www.boursorama.com\/actualite-economique\/actualites\/edf-abaisse-son-estimation-de-production-nucleaire-pour-2023-aa63c92c8640dc4c9e7f353d55d8a800\">EDF abaisse son estimation de production nucl\u00e9aire pour 2023<\/a> (Reuters)<\/p>\n\n\n\n<p><a href=\"https:\/\/www.boursorama.com\/actualite-economique\/actualites\/edf-va-recruter-plus-de-3-000-personnes-cette-annee-156d901fb1c62cc9edfdc13ce7f4826d\">EDF va recruter plus de 3.000 personnes cette ann\u00e9e<\/a> (Reuters)<\/p>\n\n\n\n<p><strong>Monde<\/strong><\/p>\n\n\n\n<p><a href=\"https:\/\/www.connaissancedesenergies.org\/afp\/petrole-laie-met-en-garde-sur-lincapacite-chronique-de-lopep-tenir-ses-promesses-de-production-220211\">AIE met en garde sur l&rsquo;incapacit\u00e9 chronique de l&rsquo;OPEP \u00e0 tenir ses promesses<\/a> (AFP)<\/p>\n\n\n\n<p><a href=\"https:\/\/www.connaissancedesenergies.org\/afp\/le-geant-petrolier-russe-rosneft-annonce-un-benefice-net-multiplie-par-six-en-2021-220211\">Le g\u00e9ant p\u00e9trolier Rosneft annonce un b\u00e9n\u00e9fice net multipli\u00e9 par six en 2021<\/a> (AFP)<\/p>\n\n\n\n<p><a href=\"https:\/\/www.boursorama.com\/actualite-economique\/actualites\/les-etats-unis-prennent-le-controle-de-7-milliards-de-dollars-d-actifs-de-l-afghanistan-f0ccfd8f863d2cceab7996415e3e497d\">Les USA prennent le contr\u00f4le de 7 milliards $ d&rsquo;actifs de l&rsquo;Afghanistan<\/a>(AFP)<\/p>\n\n\n\n<p><a href=\"https:\/\/www.boursorama.com\/actualite-economique\/actualites\/grande-bretagne-le-pib-s-est-moins-contracte-que-prevu-en-decembre-9b89214150688f321553d468eb690d24\">Grande-Bretagne : Le PIB s&rsquo;est moins contract\u00e9 que pr\u00e9vu en d\u00e9cembre<\/a> (Reuters)<\/p>\n\n\n\n<p><a href=\"https:\/\/www.boursorama.com\/actualite-economique\/actualites\/allemagne-l-inflation-ipch-confirmee-a-5-1-sur-un-an-21030daef67dfbd56c3a29cc4101ad15\">Allemagne : L&rsquo;inflation IPCH confirm\u00e9e \u00e0 5,1% sur un an<\/a> (Reuters)<\/p>\n\n\n\n<p><a href=\"https:\/\/76835.r.ag.d.sendibm3.com\/mk\/cl\/f\/BbtD8ubJp3FXu73Q3QpPBs-nNuqVllLAlS5u_LRp-KdS0FpHy8PptGivGaT4ceiVd1BZmw04Q0uREBhP3S4OtRGxratLlrbLa8ZEDdmy-iKlKaWkOS66eN9nd4aQOkoJi45lKP7DMJERyON7o2UW8_mAYDs4Sa0S9uIIahmBgM0-R7WFL4ugokGY0lfn5MbU6skOe4RGgdAsp7NcpiuJMJjSvXNV90JE0OtMrt-_DapTSrINpncNQzkozRf096shpWT3YyHjfGmyQNqTtOxU7-QslLzzk2xl\">Target 2 : La hausse continue des soldes menace la zone Euro de dislocation<\/a> (Elucid)<\/p>\n\n\n\n<figure class=\"wp-block-image size-full is-resized is-style-default\"><img data-recalc-dims=\"1\" loading=\"lazy\" decoding=\"async\" src=\"https:\/\/i0.wp.com\/www.rdpemancipation.org\/wp-content\/uploads\/2022\/02\/Capture-decran-2022-02-10-a-19.12.41.png?resize=712%2C403&#038;ssl=1\" alt=\"\" class=\"wp-image-70714\" width=\"712\" height=\"403\" srcset=\"https:\/\/i0.wp.com\/www.rdpemancipation.org\/wp-content\/uploads\/2022\/02\/Capture-decran-2022-02-10-a-19.12.41.png?w=779&amp;ssl=1 779w, https:\/\/i0.wp.com\/www.rdpemancipation.org\/wp-content\/uploads\/2022\/02\/Capture-decran-2022-02-10-a-19.12.41.png?resize=300%2C170&amp;ssl=1 300w, https:\/\/i0.wp.com\/www.rdpemancipation.org\/wp-content\/uploads\/2022\/02\/Capture-decran-2022-02-10-a-19.12.41.png?resize=768%2C435&amp;ssl=1 768w\" sizes=\"auto, (max-width: 712px) 100vw, 712px\" \/><\/figure>\n\n\n\n<p><strong>Analyse<\/strong><\/p>\n\n\n\n<p><a href=\"https:\/\/info.alternatives-economiques.fr\/optiext\/optiextension.dll?ID=0wx0qAAbfFYJypDtd6WJrhKT4nBE5XVlPrFXAQHDR4ZvgVoK9RqSFD%2BpuQmDbzixeaBwjFFRulXEUMZcLNs7vJ9pzY8ut\" target=\"_blank\" rel=\"noreferrer noopener\">Pr\u00e9sidentielle : toutes les promesses de hausses de salaires ne se valent pas<\/a> (Alter \u00e9co)<\/p>\n\n\n\n<p><a href=\"https:\/\/info.alternatives-economiques.fr\/optiext\/optiextension.dll?ID=lPOlUFF1Y0hiRgrA3WNl%2B324ySdbOyIgIsOihZXDLaUUSXk7d_qYyBBlBwuGKtdpaqjBkaGfSfEGE3IXyTb3_DI2COz7q\" target=\"_blank\" rel=\"noreferrer noopener\">Assurance ch\u00f4mage&nbsp;: le\u00e7ons d\u2019une d\u00e9faite<\/a> (Alter \u00e9co)<\/p>\n\n\n\n<p><strong><mark style=\"background-color:rgba(0, 0, 0, 0);color:#f20823\" class=\"has-inline-color\">10 f\u00e9vrier en continu<\/mark><\/strong><\/p>\n\n\n\n<p><strong>France<\/strong><a href=\"https:\/\/multinationales.org\/France-2030-tout-ce-que-vous-avez-besoin-de-savoir-sur-le-nouveau-plan-d\" target=\"_blank\" rel=\"noreferrer noopener\"><\/a><\/p>\n\n\n\n<p id=\"allo-bercy-tout-ce-que-vous-avez-besoin-de-savoir-sur-le-nouveau-plan-d-investissement-annonce-par-macron\"><a href=\"https:\/\/multinationales.org\/France-2030-tout-ce-que-vous-avez-besoin-de-savoir-sur-le-nouveau-plan-d\" target=\"_blank\" rel=\"noreferrer noopener\"><time datetime=\"2022-02-10T06:00:00Z\"><strong>Allo Bercy&nbsp;: tout ce que vous avez besoin de savoir sur le nouveau plan d\u2019investissement annonc\u00e9 par Macron<\/strong><\/time><\/a> (Observatoire des multinationales)<\/p>\n\n\n\n<p><a href=\"https:\/\/common.indigo-net.com\/lib\/cookie_log\/redirector.asp?mail=n.chevillard@noos.fr&amp;ID=455822&amp;DOCIID=109703480&amp;ENAIID=710785&amp;RETOUR=SIMPLE&amp;link=https:\/\/www.lalettrea.fr\/action-publique\/2022\/02\/10\/l-autorite-de-la-statistique-publique-tacle-severement-les-armees,109733237-art?cxt=PUB&amp;utm_source=LLA&amp;utm_medium=email&amp;utm_campaign=AUTO_EDIT_SOM\" target=\"_blank\" rel=\"noreferrer noopener\">L&rsquo;Autorit\u00e9 de la statistique publique tacle s\u00e9v\u00e8rement les Arm\u00e9es<\/a> (La Lettre A)<\/p>\n\n\n\n<p id=\"totalenergies-engrange-un-benefice-gigantesque-avec-la-hausse-des-cours\"><a href=\"https:\/\/www.connaissancedesenergies.org\/afp\/totalenergies-engrange-un-benefice-gigantesque-avec-la-hausse-des-cours-220210\">TotalEnergies engrange un b\u00e9n\u00e9fice gigantesque avec la hausse des cours<\/a> (AFP)<\/p>\n\n\n\n<p id=\"a-bruxelles-le-lobbying-en-zone-grise-des-grandes-entreprises-francaises\"><a href=\"https:\/\/www.mediapart.fr\/journal\/international\/090222\/bruxelles-le-lobbying-en-zone-grise-des-grandes-entreprises-francaises\">\u00c0 Bruxelles, le lobbying en zone grise des grandes entreprises fran\u00e7aises<\/a> (M\u00e9diapart)<\/p>\n\n\n\n<p><a href=\"https:\/\/www.connaissancedesenergies.org\/afp\/edf-confirme-le-projet-de-rachat-dune-partie-des-activites-nucleaires-de-ge-steam-power-220210-0\">EDF confirme le projet de rachat d&rsquo;une partie des activit\u00e9s nucl\u00e9aires de GE Steam Power<\/a> (AFP)<\/p>\n\n\n\n<p><a href=\"https:\/\/www.boursorama.com\/actualite-economique\/actualites\/batiment-et-industrie-les-chefs-d-entreprise-anticipent-des-difficultes-persistantes-d-approvisionnement-d67b2fb2b4653a9752e593140e8d6952\">B\u00e2timent et industrie : difficult\u00e9s persistantes d&rsquo;approvisionnement<\/a> &nbsp;(AFP)<\/p>\n\n\n\n<p><a href=\"https:\/\/www.boursorama.com\/actualite-economique\/actualites\/l-indonesie-commande-42-rafale-et-renforce-son-partenariat-militaire-avec-la-france-44f87a589e8c3556fe94408da6c1e232\">L&rsquo;Indon\u00e9sie commande 42 Rafale et renforce son partenariat militaire avec la France<\/a> &nbsp;(AFP)<\/p>\n\n\n\n<p><a href=\"https:\/\/www.boursorama.com\/actualite-economique\/actualites\/orpea-les-defaillances-du-controle-des-ehpad-devant-le-parlement-329682a5bf4709564cec62d814f14dcf\">Orpea : les d\u00e9faillances du contr\u00f4le des Ehpad devant le Parlement<\/a> &nbsp;(AFP)<\/p>\n\n\n\n<p><a href=\"https:\/\/www.boursorama.com\/actualite-economique\/actualites\/l-oreal-rebondit-apres-la-pandemie-et-marque-une-annee-2021-historique-49bac99e1ba03c4c19a874e0bff74b48\">L&rsquo;Or\u00e9al rebondit et marque une ann\u00e9e 2021 \u00ab\u00a0historique\u00a0\u00bb<\/a> &nbsp;(AFP)<\/p>\n\n\n\n<p><a href=\"https:\/\/www.boursorama.com\/actualite-economique\/actualites\/le-parlement-donne-un-coup-de-jeune-au-budget-de-la-secu-534364a6cac202283bca149f1f9bf6d0\">Le Parlement donne un coup de jeune au budget de la s\u00e9cu<\/a>&nbsp;(AFP)<\/p>\n\n\n\n<p><a href=\"https:\/\/www.boursorama.com\/actualite-economique\/actualites\/fiscalite-les-francais-consentent-bien-mieux-a-l-impot-mais-96c6346484af13f01aa6ae65eb620493\">Fiscalit\u00e9 : les Fran\u00e7ais consentent bien mieux \u00e0 l&rsquo;imp\u00f4t, mais&#8230;<\/a>&nbsp;(Boursorama)<\/p>\n\n\n\n<p><a href=\"https:\/\/www.boursorama.com\/actualite-economique\/actualites\/aucune-ambition-industrielle-et-malthusianisme-ferroviaire-le-contrat-de-performance-de-sncf-reseau-sous-le-feu-des-critiques-05256884aa49692b8c63585009680ac9\">le contrat de performance de SNCF R\u00e9seau sous le feu des critiques<\/a>&nbsp;(Boursorama)<\/p>\n\n\n\n<p><a href=\"https:\/\/www.boursorama.com\/actualite-economique\/actualites\/credit-impot-recherche-le-conseil-des-prelevements-obligatoires-preconise-de-revoir-ce-dispositif-couteux-8d08413ec42d9684bd9f67e75239f645\">Cr\u00e9dit imp\u00f4t recherche: le Conseil des pr\u00e9l\u00e8vements pr\u00e9conise de revoir ce dispositif <\/a>&nbsp;(AFP)<\/p>\n\n\n\n<p><a href=\"https:\/\/redirection.b2b.infopro-digital.com\/lnk\/AMYAAHPju-EAAcXD8m4AAHnKuI0AAABZQUUAANzvAAwsSQBiA_-gXHPqQvyySZaNXwMgGAW93gAMCy8\/11\/3Ziu2zryQtpHbvqV_3Iimw\/aHR0cHM6Ly93d3cudXNpbmVub3V2ZWxsZS5jb20vYXJ0aWNsZS9jb21tZW50LWwtaW5kdXN0cmllLWR1LXZlbG8tcG91cnJhaXQtY3JlZXItZGVzLW1pbGxpZXJzLWQtZW1wbG9pcy1lbi1mcmFuY2UuTjE3ODI4ODcjeHRvcj1FUFItMTY5JmVtYWlsPW4uY2hldmlsbGFyZEBub29zLmZy#xtor=EPR-169&amp;email=n.chevillard@noos.fr\" target=\"_blank\" rel=\"noreferrer noopener\"><strong>Comment l\u2019industrie du v\u00e9lo pourrait cr\u00e9er des milliers d\u2019emplois en France<\/strong><\/a> (Usine Nouvelle)<\/p>\n\n\n\n<p><a href=\"https:\/\/lanticapitaliste.org\/arguments\/ecologie\/qui-decide-de-ce-que-nous-mangeons\">Qui d\u00e9cide de ce que nous mangeons\u2009?<\/a> (Commission nationale \u00e9cologie NPA)<\/p>\n\n\n\n<figure class=\"wp-block-image is-resized is-style-default\"><img data-recalc-dims=\"1\" loading=\"lazy\" decoding=\"async\" src=\"https:\/\/i0.wp.com\/lanticapitaliste.org\/sites\/default\/files\/styles\/largeur_content_hauteur_complet\/public\/instant_ramen_supermarket.jpg?resize=515%2C386&#038;ssl=1\" alt=\"\" width=\"515\" height=\"386\"\/><\/figure>\n\n\n\n<p><a href=\"https:\/\/lanticapitaliste.org\/arguments\/ecologie\/le-capitalisme-la-source-des-desequilibres-agricoles-et-alimentaires\">Le capitalisme, \u00e0 la source des d\u00e9s\u00e9quilibres agricoles et alimentaires<\/a> (Commission nationale \u00e9cologie NPA)<\/p>\n\n\n\n<p><a href=\"https:\/\/lanticapitaliste.org\/arguments\/ecologie\/developpement-de-la-filiere-alimentation\">D\u00e9veloppement de la fili\u00e8re \u00ab alimentation \u00bb<\/a> (Commission nationale \u00e9cologie NPA)<\/p>\n\n\n\n<p><a href=\"https:\/\/lanticapitaliste.org\/arguments\/ecologie\/une-perspective-globale-de-la-gestion-de-lalimentation\">Une perspective globale de la gestion de l&rsquo;alimentation<\/a> (Commission nationale \u00e9cologie NPA)<\/p>\n\n\n\n<p><a href=\"https:\/\/lanticapitaliste.org\/arguments\/la-securite-sociale-de-lalimentation-un-systeme-universel-pour-sortir-de-lagriculture\">\u00ab\u2009S\u00e9curit\u00e9 sociale de l\u2019alimentation\u2009\u00bb\u2009: un syst\u00e8me pour sortir de l\u2019agriculture productiviste<\/a> (L\u2019Anticapitaliste)<\/p>\n\n\n\n<p><a href=\"http:\/\/link.newsletters.20minutes.fr\/m\/surl\/200151\/511735\/jfpjKLqxdyWBqQSi0tlufKrIf5iEZ3FzAeHqqDXIA5o=\/link_15\/VYp60Ii5kSlHXZQK7ssqId+isSX7tZY364L4eXMtntS1j7sRn-4G+rTYMRd2IEEg0JrUrNM95e4QXEdlKH+ucHdm6FSbY7-UA2QMmbCyW5A+xuOrP5Py5OmifA6wk9UIil+xK+UEs3JY+doPF+7+uANadSpE1jGd5KLhqYtglxEyK3JfqrtDlKfBmZWEil9tzf0FvZf-CTUsLvfUd0PmVWubqsD3rd+5beFF6nDFQt-8IXs3tVSH-zrX1ydS7xmmwPImaKIEMiv6w+sYtrUw5CcN6lG0LErUGPac7h92LTQ6zjvaeY782H-fP90xXkaaRr4kWDILncpF++sFj-fwGW-roK-6SPsptJaq7ONj5kgXI6b856DVKS8q-OoLjdAEbRWFRMqzu0Wt9mEt-klSvUFdDdE6yInwCPsD4CVNZSU7O4f2fYJgWdC4m-2GNbKHMDMZkiUuKVaAe1ROJI6y9hb+ZDDkCasGYig-0sghOxaf1fqwj8P8oWSVx+13TcKYP1a9AZYq478NO7jgoTxHbMAhKHAKUdlze38SLAjN87hVuHF7xOKOCOlgDHFBpj2kBQpT3KFOJXdFoqKnGZgpW4EAuZ7dz-YJp7vMH-SHI8vWj1tTI7FqFMZnXb5ITbdttxVPVlbgSsQL+ctJRCOg24vnyFpoqX5pFr4J+QNtxttpNpN07YRnl-UvTTgqbpl-PccRt7JukUaBWV3fxZEUwVQCbYDlNvXTsTDpquZy3sPkfuyVYClnLq5WWoOR0SUFDsp6kr5EietgocENaJuYoNQXzYtWl7sYvROUEzYXg8V7erPXaX665mn3GP4siGqKvAjZdDK6y7OkIJ0fzRhw3TFEV2UXE31vT3vafe6YTyhKgFO4i-qLgAhK5WLdv5WNQAUESZxd5IYAYxzYB9uU1vNsPYc0L--79xo9p9+StT-L1PeyRTLY-D1SwacSLfD9GTOrlqGMmBeQSq24oDlnX9IvigFLIFbL0AvkWk9l-tK86BW4xAGERd8BdoJj6uu2o4qDbex1BaiapUmkisjQNQ==\">La TVA factur\u00e9e deux fois par La Poste lors de certaines commandes en ligne<\/a> (20 mn)<\/p>\n\n\n\n<figure class=\"wp-block-image is-resized is-style-default\"><img data-recalc-dims=\"1\" loading=\"lazy\" decoding=\"async\" src=\"https:\/\/i0.wp.com\/reporterre.net\/local\/cache-vignettes\/L720xH481\/arton24482-826a9.jpg?resize=467%2C313&#038;ssl=1\" alt=\"Une id\u00e9e nouvelle\u00a0: \u00ab<small class=&quot;fine d-inline&quot;&gt;\u00a0<\/small&gt;R\u00e9ussir la transition \u00e9cologique en subventionnant l'emploi<small class=&quot;fine d-inline&quot;&gt;\u00a0<\/small&gt;\u00bb\" width=\"467\" height=\"313\"\/><\/figure>\n\n\n\n<p><strong>Monde<\/strong><\/p>\n\n\n\n<p><a href=\"https:\/\/redirection.b2b.infopro-digital.com\/lnk\/AU0AAEq0rkAAAcXD8pQAAHnKuI0AAABZQTkAANzxAAwsSQBiBMM7GTQf72wPQ-GC7POXVpDvmAAMCy8\/25\/oRyYHUJyAjCo2Z8L50BJeQ\/aHR0cHM6Ly93d3cudXNpbmUtZGlnaXRhbGUuZnIvYXJ0aWNsZS9uYWlzc2FuY2UtZC11bi1mb25kcy1kLWludmVzdGlzc2VtZW50LWV1cm9wZWVuLXBvdXItbGUtamV1LXZpZGVvLk4xNzgyNzAyI3h0b3I9RVBSLTQmZW1haWw9bi5jaGV2aWxsYXJkQG5vb3MuZnI#xtor=EPR-4&amp;email=n.chevillard@noos.fr\" target=\"_blank\" rel=\"noreferrer noopener\">Naissance d&rsquo;un fonds d&rsquo;investissement europ\u00e9en pour le jeu vid\u00e9o<\/a>&nbsp;(Usine Digitale)<\/p>\n\n\n\n<p><a href=\"https:\/\/redirection.b2b.infopro-digital.com\/lnk\/AU0AAEq0rkAAAcXD8pQAAHnKuI0AAABZQTkAANzxAAwsSQBiBMM7GTQf72wPQ-GC7POXVpDvmAAMCy8\/9\/rYbm8_lpDDNoJqS4h6WZVw\/aHR0cHM6Ly93d3cudXNpbmUtZGlnaXRhbGUuZnIvZWRpdG9yaWFsL3RlY2gtbGVhZGVycy1sZS1uYXNkYXEtZXVyb3BlZW4tdmVycmEtbGUtam91ci1hdS0yZS10cmltZXN0cmUuTjE3ODI5MzIjeHRvcj1FUFItNCZlbWFpbD1uLmNoZXZpbGxhcmRAbm9vcy5mcg#xtor=EPR-4&amp;email=n.chevillard@noos.fr\" target=\"_blank\" rel=\"noreferrer noopener\">\u00ab\u00a0Tech Leaders\u00a0\u00bb, le Nasdaq europ\u00e9en, verra le jour au 2e trimestre<\/a>&nbsp;(Usine Digitale)<\/p>\n\n\n\n<p><a href=\"https:\/\/common.indigo-net.com\/lib\/cookie_log\/redirector.asp?mail=n.chevillard@noos.fr&amp;ID=455822&amp;DOCIID=109703480&amp;ENAIID=710785&amp;RETOUR=SIMPLE&amp;link=https:\/\/www.lalettrea.fr\/medias_plateformes\/2022\/02\/10\/facebook-va-s-appuyer-sur-l-afp-pour-lancer-facebook-news-en-france,109733248-eve?cxt=PUB&amp;utm_source=LLA&amp;utm_medium=email&amp;utm_campaign=AUTO_EDIT_SOM\" target=\"_blank\" rel=\"noreferrer noopener\">Facebook va s&rsquo;appuyer sur l&rsquo;AFP pour lancer Facebook News en France<\/a>&nbsp;(La Lettre A)<\/p>\n\n\n\n<p><a href=\"https:\/\/www.boursorama.com\/actualite-economique\/actualites\/commerce-la-chine-se-defend-de-ne-pas-appliquer-l-accord-avec-les-usa-e67a660bc0158a18d41a13635e943064\">Commerce: la Chine se d\u00e9fend de ne pas appliquer l&rsquo;accord avec les USA<\/a>&nbsp;(AFP)<\/p>\n\n\n\n<p><a href=\"https:\/\/www.boursorama.com\/actualite-economique\/actualites\/la-commission-europeenne-abaisse-sa-prevision-de-croissance-pour-2022-2c0a584427b422a74df1bf56f5a1a4d0\">La Commission europ\u00e9enne abaisse sa pr\u00e9vision de croissance pour 2022<\/a>&nbsp;(Reuters)<\/p>\n\n\n\n<p><a href=\"https:\/\/www.boursorama.com\/actualite-economique\/actualites\/fusion-nucleaire-records-de-production-et-annonces-prometteuses-au-royaume-uni-fe2e5a7cd9aa7d77a2ed56371c1bbcfe\">Fusion nucl\u00e9aire : records de production et annonces au Royaume-Uni<\/a>&nbsp;(Boursorama)<\/p>\n\n\n\n<p><a href=\"https:\/\/www.boursorama.com\/videos\/actualites\/taux-d-interet-cette-tension-palpable-sur-le-marche-de-la-dette-2db2c68899a959d38c3d56d45c7830b1\">Taux d&rsquo;int\u00e9r\u00eat : cette tension palpable sur le march\u00e9 de la dette<\/a>&nbsp;(Ecorama)<\/p>\n\n\n\n<p><a href=\"https:\/\/www.boursorama.com\/videos\/actualites\/argentine-mobilisation-contre-l-accord-avec-le-fmi-b6bf0fe85d663672cc3b524b246f0a1d\">Argentine : mobilisation contre l&rsquo;accord avec le FMI<\/a>&nbsp;(France 24)<\/p>\n\n\n\n<p><a href=\"https:\/\/www.boursorama.com\/actualite-economique\/actualites\/brexit-un-an-apres-quels-effets-sur-les-entreprises-britanniques-7c6bf10703c53b012ad4d9f2b33d54bd\">Brexit : un an apr\u00e8s, quels effets sur les entreprises britanniques ?<\/a>&nbsp;(Boursorama)<\/p>\n\n\n\n<p><a href=\"https:\/\/www.boursorama.com\/actualite-economique\/actualites\/allemagne-hausse-inattendue-des-exportations-en-decembre-681055cd0c8f0d6d1f9459c7f60c5282\">Allemagne: Hausse inattendue des exportations en d\u00e9cembre<\/a>&nbsp;(Reuters)<\/p>\n\n\n\n<p><a href=\"https:\/\/lecourrier.ch\/2022\/02\/09\/le-vaccin-double-le-benefice-de-pfizer\/\">Le vaccin double le b\u00e9n\u00e9fice de Pfizer<\/a>  (Le Courrier)<\/p>\n\n\n\n<p><a href=\"https:\/\/info.mediapart.fr\/optiext\/optiextension.dll?ID=WstWvjiuOXUDzVoapjWi0Fn4Ac7nfNyCbGBSThlN4izgusma5GUEh4JiEgzxdYh1WQIV9XY18EJ97o1R%2Bx2pu6WlWG5Wi\">Les profits records Total r\u00e9sultat d&rsquo;un d\u00e9sastre n\u00e9o-colonial en Ouganda et en Tanzanie<\/a> (Fridays for Future)<\/p>\n\n\n\n<p><strong>Analyse<\/strong><\/p>\n\n\n\n<p id=\"existe-t-il-un-lien-entre-la-banque-centrale-et-l-etat-providence\"><a href=\"https:\/\/blogs.mediapart.fr\/eric-monnet\/blog\/100222\/existe-t-il-un-lien-entre-la-banque-centrale-et-letat-providence\">Existe-t-il un lien entre la banque centrale et l&rsquo;\u00c9tat-providence ?<\/a>&nbsp;(Blog de Eric Monnet)<\/p>\n\n\n\n<p id=\"la-recession-de-1920-un-dangereux-modele-pour-combattre-l-inflation\"><a href=\"https:\/\/www.mediapart.fr\/journal\/economie\/090222\/la-recession-de-1920-un-dangereux-modele-pour-combattre-l-inflation\">La r\u00e9cession de 1920, un dangereux mod\u00e8le pour combattre l\u2019inflation<\/a>&nbsp;(M\u00e9diapart)<\/p>\n\n\n\n<p id=\"faut-il-construire-de-nouveaux-reacteurs-nucleaires\"><a href=\"https:\/\/info.alternatives-economiques.fr\/optiext\/optiextension.dll?ID=bJIbKRLHxD_ImfWxA5Lxc4JJwX%2B0UzbIArZka5xN9Y8hl0OricyWhMh%2BuC6hcr0pzOOkqLQFAoZDHGQzqKzsbMBMV7_Ps\" target=\"_blank\" rel=\"noreferrer noopener\">Faut-il construire de nouveaux r\u00e9acteurs nucl\u00e9aires&nbsp;?<\/a>&nbsp;(Alter \u00e9co)<\/p>\n\n\n\n<p id=\"faut-il-nationaliser-les-ehpad\"><a href=\"https:\/\/info.alternatives-economiques.fr\/optiext\/optiextension.dll?ID=bJIbKpV_hEDsrMdiD%2BQPUmZlqxXFzmtbz_3nVH1zx81k_e5riLhdeObeaqCErUCoKlL67%2BXL3prFKF%2Bb4Pyb8w6chkSH0\" target=\"_blank\" rel=\"noreferrer noopener\">Faut-il nationaliser les Ehpad&nbsp;?<\/a>&nbsp;(Alter \u00e9co)<\/p>\n\n\n\n<p><a href=\"https:\/\/www.connaissancedesenergies.org\/les-dernieres-donnees-de-landra-sur-les-stocks-de-dechets-radioactifs-en-france-220209\">Les derni\u00e8res donn\u00e9es de l\u2019Andra sur les stocks de d\u00e9chets radioactifs en France<\/a>&nbsp;(Connaissance des \u00e9nergies)<\/p>\n\n\n\n<p><a href=\"https:\/\/reporterre.net\/L-industrie-miniere-prepare-le-pillage-des-fonds-marins\">L&rsquo;industrie mini\u00e8re pr\u00e9pare le pillage des fonds marins<\/a> (Reporterre)<\/p>\n\n\n\n<figure class=\"wp-block-image is-resized is-style-default\"><img data-recalc-dims=\"1\" loading=\"lazy\" decoding=\"async\" src=\"https:\/\/i0.wp.com\/reporterre.net\/local\/cache-vignettes\/L720xH480\/arton24555-a1607.jpg?resize=421%2C281&#038;ssl=1\" alt=\"L'industrie mini\u00e8re pr\u00e9pare le pillage des fonds marins\" width=\"421\" height=\"281\"\/><\/figure>\n\n\n\n<p>&nbsp;<a href=\"http:\/\/cadtm.org\/De-la-necessite-de-s-extirper-des-griffes-des-creanciers\">De la n\u00e9cessit\u00e9 de s&rsquo;extirper des griffes des cr\u00e9anciers<\/a> (CADTM)<\/p>\n\n\n\n<p><a href=\"https:\/\/www.euractiv.fr\/section\/economie\/news\/une-hausse-des-taux-dinteret-ne-changera-pas-les-prix-de-lenergie-selon-christine-lagarde\/\">Une hausse des taux d\u2019int\u00e9r\u00eat ne changera pas les prix de l\u2019\u00e9nergie, selon Christine Lagarde<\/a> (Euractiv)<\/p>\n\n\n\n<p><strong><mark style=\"background-color:rgba(0, 0, 0, 0);color:#f20823\" class=\"has-inline-color\">9 f\u00e9vrier en continu<\/mark><\/strong><\/p>\n\n\n\n<p><strong>France<\/strong><\/p>\n\n\n\n<p><a href=\"https:\/\/common.indigo-net.com\/lib\/cookie_log\/redirector.asp?mail=n.chevillard@noos.fr&amp;ID=455654&amp;DOCIID=109703480&amp;ENAIID=710617&amp;RETOUR=SIMPLE&amp;link=https:\/\/www.lalettrea.fr\/entreprises_luxe-et-conso\/2022\/02\/09\/un-debrayage-eclair-se-prepare-dans-les-ateliers-de-louis-vuitton,109732909-bre?cxt=PUB&amp;utm_source=LLA&amp;utm_medium=email&amp;utm_campaign=AUTO_EDIT_SOM\" target=\"_blank\" rel=\"noreferrer noopener\">Un d\u00e9brayage \u00e9clair se pr\u00e9pare dans les ateliers de Louis Vuitton<\/a> (La Lettre A)<\/p>\n\n\n\n<p><a href=\"https:\/\/www.connaissancedesenergies.org\/afp\/totalenergies-va-offrir-une-remise-la-pompe-en-zone-rurale-220209-0\">TotalEnergies va offrir une remise \u00e0 la pompe en zone rurale<\/a>&nbsp;(AFP)<\/p>\n\n\n\n<p id=\"nucleaire-trois-nouveaux-reacteurs-a-l-arret-pour-suspicion-de-corrosion\"><a href=\"https:\/\/www.connaissancedesenergies.org\/afp\/nucleaire-trois-nouveaux-reacteurs-larret-pour-suspicion-de-corrosion-220208-0\">Nucl\u00e9aire: trois nouveaux r\u00e9acteurs \u00e0 l&rsquo;arr\u00eat pour suspicion de corrosion<\/a>&nbsp;(AFP)<\/p>\n\n\n\n<p id=\"general-electric-edf-un-rachat-necessaire-mais-pas-suffisant-pour-le-maire-de-belfort\"><a href=\"https:\/\/www.connaissancedesenergies.org\/afp\/general-electricedf-un-rachat-necessaire-mais-pas-suffisant-pour-le-maire-de-belfort-220208\">General Electric\/EDF : un rachat \u00ab n\u00e9cessaire, mais pas suffisant \u00bb pour le maire de Belfort<\/a>&nbsp;(AFP)<\/p>\n\n\n\n<p><a href=\"https:\/\/redirection.b2b.infopro-digital.com\/lnk\/AU8AAEv-VR8AAcXD8ZIAAHnKuI0AAABZQUUAANzvAAwsSQBiAq1VfR_dcQjwRwyNF1Euhmd6VQAMCy8\/4\/LK89Jzl4W4ftJxqT9DmOjQ\/aHR0cHM6Ly93d3cudXNpbmVub3V2ZWxsZS5jb20vZWRpdG9yaWFsL3BvdXJxdW9pLWlsLWZhdXQtcy1pbnF1aWV0ZXItZHUtZGVmaWNpdC1jb21tZXJjaWFsLXJlY29yZC5OMTc4MTg0NyN4dG9yPUVQUi0xNjkmZW1haWw9bi5jaGV2aWxsYXJkQG5vb3MuZnI#xtor=EPR-169&amp;email=n.chevillard@noos.fr\" target=\"_blank\" rel=\"noreferrer noopener\">Pourquoi il faut s&rsquo;inqui\u00e9ter du d\u00e9ficit commercial record pour la France en 2021<\/a> (Usine Nouvelle)<\/p>\n\n\n\n<p><a href=\"https:\/\/redirection.b2b.infopro-digital.com\/lnk\/AU8AAEv-VR8AAcXD8ZIAAHnKuI0AAABZQUUAANzvAAwsSQBiAq1VfR_dcQjwRwyNF1Euhmd6VQAMCy8\/14\/bycIT6512emksBHgJgt6Kg\/aHR0cHM6Ly93d3cudXNpbmVub3V2ZWxsZS5jb20vYXJ0aWNsZS9lZGYtYWJhaXNzZS1hLW5vdXZlYXUtc29uLWVzdGltYXRpb24tZGUtcHJvZHVjdGlvbi1udWNsZWFpcmUtcG91ci0yMDIyLk4xNzgxNzAyI3h0b3I9RVBSLTE2OSZlbWFpbD1uLmNoZXZpbGxhcmRAbm9vcy5mcg#xtor=EPR-169&amp;email=n.chevillard@noos.fr\" target=\"_blank\" rel=\"noreferrer noopener\">EDF abaisse \u00e0 nouveau son estimation de production nucl\u00e9aire pour 2022<\/a> (Usine Nouvelle)<\/p>\n\n\n\n<p><a href=\"https:\/\/redirection.b2b.infopro-digital.com\/lnk\/AU8AAEv-VR8AAcXD8ZIAAHnKuI0AAABZQUUAANzvAAwsSQBiAq1VfR_dcQjwRwyNF1Euhmd6VQAMCy8\/20\/kWEL5ak_qBXgu5GGkdyiFQ\/aHR0cHM6Ly93d3cudXNpbmVub3V2ZWxsZS5jb20vZWRpdG9yaWFsL2wtaW5zdGFudC10ZWNoLWNvbW1lbnQtZXJhbWV0LWEtZXh0cmFpdC1wbHVzaWV1cnMta2lsb3MtZGUtbGl0aGl1bS1kZS1xdWFsaXRlLWJhdHRlcmllLWR1LXNvdXMtc29sLWFsc2FjaWVuLk4xNzgxNjU3I3h0b3I9RVBSLTE2OSZlbWFpbD1uLmNoZXZpbGxhcmRAbm9vcy5mcg#xtor=EPR-169&amp;email=n.chevillard@noos.fr\" target=\"_blank\" rel=\"noreferrer noopener\">Comment Eramet a produit le premier lithium d\u2019origine g\u00e9othermale en Alsace<\/a> (Usine Nouvelle)<\/p>\n\n\n\n<p><a href=\"https:\/\/common.indigo-net.com\/lib\/cookie_log\/redirector.asp?mail=n.chevillard@noos.fr&amp;ID=455479&amp;DOCIID=109703480&amp;ENAIID=710444&amp;RETOUR=SIMPLE&amp;link=https:\/\/www.lalettrea.fr\/entreprises_defense-et-aeronautique\/2022\/02\/08\/dassault-et-thales--la-fronde-sociale-continue,109732577-art?cxt=PUB&amp;utm_source=LLA&amp;utm_medium=email&amp;utm_campaign=AUTO_EDIT_SOM\" target=\"_blank\" rel=\"noreferrer noopener\">Dassault et Thales : la fronde sociale continue<\/a> (La Lettre A)<\/p>\n\n\n\n<p><a href=\"https:\/\/common.indigo-net.com\/lib\/cookie_log\/redirector.asp?mail=n.chevillard@noos.fr&amp;ID=455507&amp;DOCIID=109703480&amp;ENAIID=710472&amp;RETOUR=SIMPLE&amp;link=https:\/\/www.intelligenceonline.fr\/grands-contrats\/2022\/02\/08\/ofac-et-mat--total-au-coeur-des-tractations-franco-americaines-face-a-la-russie,109731899-eve?cxt=PUB&amp;utm_source=LMR&amp;utm_medium=email&amp;utm_campaign=AUTO_EDIT_SOM\" target=\"_blank\" rel=\"noreferrer noopener\">Total, au c\u0153ur des tractations franco-am\u00e9ricaines face \u00e0 la Russie<\/a> (Intelligence Online)<\/p>\n\n\n\n<p><a href=\"https:\/\/redirection.b2b.infopro-digital.com\/lnk\/AUgAAExE8uAAAcXD8MgAAHnKuI0AAABZQUUAANzvAAwsSQBiAVwsLNEeq9RfR8-mxZ0fTrJ4vwAMCy8\/14\/AAfb5-BjRbruaFd-q3XRmQ\/aHR0cHM6Ly93d3cudXNpbmVub3V2ZWxsZS5jb20vZWRpdG9yaWFsL2xlcy1lbnRyZXByaXNlcy1kZS1sYS1tZXRhbGx1cmdpZS1vbnQtZGV1eC1hbnMtcG91ci1tZXR0cmUtZW4tb2V1dnJlLWxhLW5vdXZlbGxlLWNvbnZlbnRpb24tY29sbGVjdGl2ZS5OMTc4MTQ4NyN4dG9yPUVQUi0xNjkmZW1haWw9bi5jaGV2aWxsYXJkQG5vb3MuZnI#xtor=EPR-169&amp;email=n.chevillard@noos.fr\" target=\"_blank\" rel=\"noreferrer noopener\">Ce que contient la nouvelle convention collective unique de la m\u00e9tallurgie<\/a> (Usine Nouvelle)<\/p>\n\n\n\n<p><a href=\"https:\/\/redirection.b2b.infopro-digital.com\/lnk\/AVwAABj0XnEAAcXD8YIAAHnKuI0AAABZQUUAIBNRAAwsSQBiAovtfO35lpx4RyGBLzTkmTM_JQAMCy8\/23\/4XIkKXf-RNFc3IlNl8VxfA\/aHR0cHM6Ly93d3cudXNpbmVub3V2ZWxsZS5jb20vYXJ0aWNsZS9wb2x5YmlvbS1pbmR1c3RyaWFsaXNlLWxhLWZhYnJpY2F0aW9uLWRlLXNvbi1iaW9wbGFzdGlxdWUtaW5ub3ZhbnQuTjE3Nzk3MDI\" target=\"_blank\" rel=\"noreferrer noopener\">Polybiom&nbsp;: une production industrielle de plastiques 100 % biosourc\u00e9s<\/a> (Usine Nouvelle)<\/p>\n\n\n\n<figure class=\"wp-block-image is-resized is-style-default\"><img data-recalc-dims=\"1\" loading=\"lazy\" decoding=\"async\" src=\"https:\/\/i0.wp.com\/mamot.fr\/system\/cache\/media_attachments\/files\/107\/735\/541\/676\/215\/589\/original\/8e63006955576134.jpg?resize=362%2C606&#038;ssl=1\" alt=\"\" width=\"362\" height=\"606\"\/><\/figure>\n\n\n\n<p><strong>Monde<\/strong><\/p>\n\n\n\n<p id=\"paperasse-tva-et-manque-de-bras-la-galere-post-brexit\"><a href=\"https:\/\/info.alternatives-economiques.fr\/optiext\/optiextension.dll?ID=aIJaIT87Jt9jmRO6rCkV3Q_IboY4PhCdcIyarS3OrC1VaBAqiM5AJtlNd0oYdR1gUu21vrb9NtKpil9UyffvRn9vcQ1Wu\" target=\"_blank\" rel=\"noreferrer noopener\">Paperasse, TVA et manque de bras : la gal\u00e8re post-Brexit<\/a> &nbsp;(Alter \u00e9co)<\/p>\n\n\n\n<p id=\"deni-et-delai-au-congres-americain-les-groupes-petroliers-fustiges-par-des-experts\"><a href=\"https:\/\/www.connaissancedesenergies.org\/afp\/deni-et-delai-au-congres-americain-les-groupes-petroliers-fustiges-par-des-experts-220208\">\u00ab\u00a0D\u00e9ni\u00a0\u00bb et \u00ab\u00a0d\u00e9lai\u00a0\u00bb: au Congr\u00e8s am\u00e9ricain, les groupes p\u00e9troliers fustig\u00e9s par des experts<\/a>&nbsp;(AFP)<\/p>\n\n\n\n<p><a href=\"https:\/\/redirection.b2b.infopro-digital.com\/lnk\/AL8AAL7HkckAAcXD8dIAAHnKuI0AAABZQTkAANzxAAwsSQBiA3TrRFB-5Gq4TF2XGywwWWAblQAMCy8\/13\/C_qcWTCI5LRgqcI6fbbAqw\/aHR0cHM6Ly93d3cudXNpbmUtZGlnaXRhbGUuZnIvYXJ0aWNsZS9zZW1pLWNvbmR1Y3RldXJzLWwtZXVyb3BlLXByZXNlbnRlLXNvbi1wbGFuLWEtNDMtbWlsbGlhcmRzLWQtZXVyb3MtcG91ci1yZWdhZ25lci1lbi1hdXRvbm9taWUuTjE3ODI1NjcjeHRvcj1FUFItNCZlbWFpbD1uLmNoZXZpbGxhcmRAbm9vcy5mcg#xtor=EPR-4&amp;email=n.chevillard@noos.fr\" target=\"_blank\" rel=\"noreferrer noopener\">Semi-conducteurs : l&rsquo;Europe pr\u00e9sente son plan pour regagner en autonomie<\/a> (Usine Digitale)<\/p>\n\n\n\n<p><a href=\"https:\/\/redirection.b2b.infopro-digital.com\/lnk\/AU8AAEv-VR8AAcXD8ZIAAHnKuI0AAABZQUUAANzvAAwsSQBiAq1VfR_dcQjwRwyNF1Euhmd6VQAMCy8\/7\/vr3J3SdaRjZq-q2Q3YAaEw\/aHR0cHM6Ly93d3cudXNpbmVub3V2ZWxsZS5jb20vYXJ0aWNsZS9tYWxncmUtbGVzLXBlbnVyaWVzLWxlLXNlY3RldXItYXV0b21vYmlsZS1ldXJvcGVlbi12ZXV0LWNyb2lyZS1hLXVuZS1yZXByaXNlLWVuLTIwMjIuTjE3ODI1NTcjeHRvcj1FUFItMTY5JmVtYWlsPW4uY2hldmlsbGFyZEBub29zLmZy#xtor=EPR-169&amp;email=n.chevillard@noos.fr\" target=\"_blank\" rel=\"noreferrer noopener\">Malgr\u00e9 les p\u00e9nuries, le secteur automobile europ\u00e9en veut croire \u00e0 une reprise en 2022<\/a> (Usine Nouvelle)<\/p>\n\n\n\n<p><a href=\"https:\/\/www.francetvinfo.fr\/sante\/maladie\/coronavirus\/vaccin\/covid-19-pfizer-veut-vendre-47-milliards-d-euros-de-vaccins-et-pilules-contre-le-coronavirus-en-2022_4949997.html\">Pfizer esp\u00e8re vendre pour pr\u00e8s de 50 mrds \u20ac vaccins et pilules contre le coronavirus en 2022<\/a> (France Info)<\/p>\n\n\n\n<p><a href=\"https:\/\/www.theguardian.com\/environment\/2022\/feb\/08\/rightwing-lobby-alec-blacklist-companies-boycott-oil-industry?CMP=Share_iOSApp_Other\">USA-Propositions r\u00e9publicaines interdire march\u00e9s publics soci\u00e9t\u00e9s boycottent p\u00e9troli\u00e8res<\/a> (ang-Guardian)<\/p>\n\n\n\n<p><strong>Analyse<\/strong><\/p>\n\n\n\n<p>\u00a0\u00bb<a href=\"https:\/\/adherez.attac.org\/civicrm\/mailing\/url?u=20353&amp;qid=18834463\" target=\"_blank\" rel=\"noreferrer noopener\">Pour la justice climatique, strat\u00e9gies en mouvement<\/a>\u00a0\u00bb (Nouveau livre d\u2019Attac)<\/p>\n\n\n\n<p><a href=\"https:\/\/reflets.info\/articles\/economie-le-retour-du-retour-de-la-crise-globale\">\u00c9conomie : le retour du retour de la crise globale\u2026<\/a> (Reflets.info)<\/p>\n\n\n\n<p><strong><mark style=\"background-color:rgba(0, 0, 0, 0);color:#f20823\" class=\"has-inline-color\">8 f\u00e9vrier en continu<\/mark><\/strong><\/p>\n\n\n\n<p><strong>France<\/strong><\/p>\n\n\n\n<p><a href=\"https:\/\/www.boursorama.com\/actualite-economique\/actualites\/l-inflation-devrait-depasser-les-3-en-france-au-premier-semestre-estime-l-insee-1989fe3c2b32be51765021dd807d91b6\">L&rsquo;inflation devrait d\u00e9passer les 3% en France au premier semestre, estime l&rsquo;Insee<\/a> <strong>&nbsp;<\/strong>(AFP)<\/p>\n\n\n\n<p><a href=\"https:\/\/www.boursorama.com\/actualite-economique\/actualites\/transports-apres-les-promesses-de-2017-un-quinquennat-macron-en-demi-teinte-ced6a17d6c6ea95339367d1a3dfe0276\">Transports : apr\u00e8s les promesses de 2017, un quinquennat Macron en demi-teinte<\/a> <strong>&nbsp;<\/strong>(Boursorama)<\/p>\n\n\n\n<p><a href=\"https:\/\/www.boursorama.com\/actualite-economique\/actualites\/la-france-subit-un-deficit-commercial-record-en-2021-sur-fond-de-reprise-economique-7c3ddf62a1621653897225b3cb9d3f9c\">La France subit un d\u00e9ficit commercial record en 2021 sur fond de reprise \u00e9conomique<\/a> <strong>&nbsp;<\/strong>(AFP)<\/p>\n\n\n\n<p><a href=\"https:\/\/www.boursorama.com\/actualite-economique\/actualites\/edf-abaisse-son-objectif-de-production-nucleaire-2022-le-titre-recule-0785e4bb56a0799ccf9e0aa486e50421\">EDF abaisse son objectif de production nucl\u00e9aire 2022, le titre recule<\/a> <strong>&nbsp;<\/strong>(Reuters)<\/p>\n\n\n\n<p><a href=\"https:\/\/www.youtube.com\/watch?v=fFBhO5e5FZ0\">Alstom o\u00f9 sont pass\u00e9es les actions de Val\u00e9rie P\u00e9cresse ?<\/a>&nbsp; (Le M\u00e9dia)<\/p>\n\n\n\n<p><a href=\"https:\/\/www.maddyness.com\/2022\/02\/03\/bpifrance-50-milliards-deuros-2021\/\">Bpifrance a inject\u00e9 50 milliards d\u2019euros dans l\u2019\u00e9conomie fran\u00e7aise en 2021<\/a> (maddyness)<\/p>\n\n\n\n<p><a href=\"https:\/\/video.blast-info.fr\/w\/eTse8Fppuz6ipRqkWisEL7\">Cabinets de conseil&nbsp;: un scandale \u00e0 140 millions d\u2019euros&nbsp;?<\/a> (video blast)<\/p>\n\n\n\n<p><a href=\"https:\/\/labogue.info\/spip.php?article1204\">Railcoop, une entreprise priv\u00e9e ferroviaire comme les autres<\/a> (la bogue)<\/p>\n\n\n\n<p><a href=\"https:\/\/www.mediacites.fr\/interview\/national\/2022\/02\/07\/grandes-entreprises-le-resultat-financier-devient-clairement-plus-important-que-le-travail-produit\/\">Grandes entreprises : \u00ab Le r\u00e9sultat financier clairement plus important que le travail produit \u00bb<\/a> (Mediacit\u00e9s)<\/p>\n\n\n\n<p><a href=\"https:\/\/www.humanite.fr\/social-eco\/cac-40\/dividendes-jean-louis-peyren-chez-sanofi-ca-ruisselle-vers-le-haut-737226#xtor=RSS-1\">Dividendes. Jean-Louis Peyren : \u00ab Chez Sanofi, \u00e7a ruisselle vers le haut \u00bb<\/a> (L\u2019Humanit\u00e9)<\/p>\n\n\n\n<figure class=\"wp-block-image is-resized is-style-default\"><img data-recalc-dims=\"1\" loading=\"lazy\" decoding=\"async\" src=\"https:\/\/i0.wp.com\/static.mediapart.fr\/etmagine\/default\/files\/2022\/02\/07\/communication-de-crise-1024x634.jpg?resize=556%2C344&#038;ssl=1\" alt=\"communication-de-crise-1024x634\" width=\"556\" height=\"344\"\/><\/figure>\n\n\n\n<p><strong>Monde<\/strong><\/p>\n\n\n\n<p><a href=\"https:\/\/www.boursorama.com\/actualite-economique\/actualites\/voitures-electriques-volvo-investit-1-milliard-d-euros-pour-convertir-son-usine-historique-b99912fc610a69298f6c4b1290423aed\">Voitures \u00e9lectriques : Volvo investit 1 milliard \u20ac pour convertir son usine historique<\/a> <strong>&nbsp;<\/strong>(Boursorama)<\/p>\n\n\n\n<p><a href=\"https:\/\/www.letemps.ch\/dossiers\/credit-suisse-une-banque-perdu-controle?utm_source=Newsletters&amp;utm_campaign=f4b59eb360-newsletter_eco&amp;utm_medium=email&amp;utm_term=0_56c41a402e-f4b59eb360-110294673\">Credit Suisse: comment une banque a perdu le contr\u00f4le<\/a> (Le Temps)<\/p>\n\n\n\n<p><a href=\"https:\/\/blogs.mediapart.fr\/Desktop\/A%20qui%20profite%20les%20restructurations%20de%20dettes%20souveraines%C2%A0%3F\">A qui profite les restructurations de dettes souveraines&nbsp;?<\/a> &nbsp;(CADTM)<\/p>\n\n\n\n<p><a href=\"https:\/\/www.surf-finance.com\/marches-financiers-difficulte-janvier.html\">Les march\u00e9s financiers en difficult\u00e9 en janvier<\/a> (surf finance)<\/p>\n\n\n\n<p><a href=\"https:\/\/www.latribune.fr\/economie\/union-europeenne\/taux-pour-la-banque-centrale-europeenne-il-est-urgent-d-attendre-903338.html\">Remont\u00e9e des taux&nbsp;: pour la BCE, il est urgent d&rsquo;attendre<\/a> (la Tribune)<\/p>\n\n\n\n<p><a href=\"https:\/\/www.allnews.ch\/content\/points-de-vue\/la-bce-les-salaires-et-le-gaz?utm_source=All+contacts&amp;utm_campaign=114f685aa9-EMAIL_CAMPAIGN_2022_02_04_07_21&amp;utm_medium=email&amp;utm_term=0_d35111d3a6-114f685aa9-25543805\">La BCE, les salaires et le gaz<\/a> (allnews)<\/p>\n\n\n\n<p><strong>Analyse<\/strong><\/p>\n\n\n\n<p><a href=\"https:\/\/www.liberation.fr\/checknews\/est-il-vrai-que-pfizer-beneficie-dune-clause-de-non-responsabilite-en-cas-deffets-secondaires-apres-vaccination-20220205_FHU353LMIZDFRCT2Y2GZOTFBBE\/\">Est-il vrai que Pfizer b\u00e9n\u00e9ficie d\u2019une clause de non-responsabilit\u00e9 en cas d\u2019effets secondaires ?<\/a> (Lib\u00e9ration)<\/p>\n\n\n\n<p><a href=\"https:\/\/blogs.mediapart.fr\/jean-marc-b\/blog\/070222\/ecosocialisme-et-decroissance-parlons-en\">\u00c9cosocialisme et d\u00e9croissance : parlons-en <\/a>-Lorenzo Velotti (Inprecor)<\/p>\n\n\n\n<p><a href=\"https:\/\/www.francetvinfo.fr\/economie\/medias\/culture-medias-edition-vincent-bollore-le-super-influenceur-qui-ne-cesse-d-agrandir-son-reseau_4941174.html#xtor=EPR-51\">Vincent Bollor\u00e9, le super-influenceur qui ne cesse d\u2019agrandir son r\u00e9seau<\/a> (Francetvinfo)<\/p>\n\n\n\n<p><strong><mark style=\"background-color:rgba(0, 0, 0, 0);color:#f20823\" class=\"has-inline-color\">7 f\u00e9vrier en continu<\/mark><\/strong><\/p>\n\n\n\n<p><strong>France<\/strong><\/p>\n\n\n\n<p id=\"usul-successions-faut-il-desheriter-les-heritiers\"><a href=\"https:\/\/www.mediapart.fr\/journal\/france\/070222\/usul-successions-faut-il-desheriter-les-heritiers\">Usul. Successions&nbsp;: faut-il d\u00e9sh\u00e9riter les h\u00e9ritiers&nbsp;?<\/a>&nbsp;(M\u00e9diapart)<\/p>\n\n\n\n<p><a href=\"https:\/\/www.boursorama.com\/actualite-economique\/actualites\/nucleaire-edf-s-apprete-a-valider-le-rachat-des-turbines-de-ge-9ca0eff090194d4f7a153782b03fb852\">Nucl\u00e9aire : EDF s&rsquo;appr\u00eate \u00e0 valider le rachat des turbines de GE<\/a> <strong>&nbsp;<\/strong>(AFP)<\/p>\n\n\n\n<p><a href=\"https:\/\/www.boursorama.com\/actualite-economique\/actualites\/agriculture-qu-est-ce-que-le-label-bas-carbone-e44b719db87fd3c28e02a4807a914955\">Agriculture : qu&rsquo;est-ce que le Label bas-carbone ?<\/a> <strong>&nbsp;<\/strong>(Boursorama)<\/p>\n\n\n\n<p><a href=\"https:\/\/www.boursorama.com\/actualite-economique\/actualites\/le-surendettement-touche-toujours-davantage-les-femmes-selon-la-banque-de-france-14d32e1e7d82dfaf57c91417965d9e10\">Le surendettement touche toujours davantage les femmes, selon la Banque de France<\/a> &nbsp;(AFP)<\/p>\n\n\n\n<p><a href=\"https:\/\/www.boursorama.com\/actualite-economique\/actualites\/commerce-exterieur-ou-en-est-la-france-face-a-ses-principaux-partenaires-d48d547c8d05c62e59693444e5ed5a4c\">Commerce ext\u00e9rieur : o\u00f9 en est la France face \u00e0 ses principaux partenaires ?<\/a> <strong>&nbsp;<\/strong>(Boursorama)<\/p>\n\n\n\n<p><a href=\"https:\/\/common.indigo-net.com\/lib\/cookie_log\/redirector.asp?mail=n.chevillard@noos.fr&amp;ID=455339&amp;DOCIID=109703480&amp;ENAIID=710304&amp;RETOUR=SIMPLE&amp;link=https:\/\/www.intelligenceonline.fr\/renseignement-d-affaires\/2022\/02\/07\/l-ofnrs-relais-pro-chinois-de-la-cellule-diplomatique-d-eric-zemmour,109731673-art?cxt=PUB&amp;utm_source=LMR&amp;utm_medium=email&amp;utm_campaign=AUTO_EDIT_SOM\" target=\"_blank\" rel=\"noreferrer noopener\">L&rsquo;OFNRS, relais pro-chinois de la cellule diplomatique d&rsquo;Eric Zemmour<\/a> (Intelligence Online)<\/p>\n\n\n\n<p><a href=\"https:\/\/common.indigo-net.com\/lib\/cookie_log\/redirector.asp?mail=n.chevillard@noos.fr&amp;ID=455339&amp;DOCIID=109703480&amp;ENAIID=710304&amp;RETOUR=SIMPLE&amp;link=https:\/\/www.intelligenceonline.fr\/surveillance--interception\/2022\/02\/07\/thales-discret-partenaire-du-nouveau-navire-du-renseignement-turc,109731714-art?cxt=PUB&amp;utm_source=LMR&amp;utm_medium=email&amp;utm_campaign=AUTO_EDIT_SOM\" target=\"_blank\" rel=\"noreferrer noopener\">Thales, discret partenaire du nouveau navire du renseignement turc<\/a> (Intelligence Online)<\/p>\n\n\n\n<p><a href=\"https:\/\/common.indigo-net.com\/lib\/cookie_log\/redirector.asp?mail=n.chevillard@noos.fr&amp;ID=455311&amp;DOCIID=109703480&amp;ENAIID=710276&amp;RETOUR=SIMPLE&amp;link=https:\/\/www.lalettrea.fr\/action-publique_lobbying\/2022\/02\/07\/l-eolien-en-mer-pousse-ses-propositions-dans-les-qg-de-campagne,109732008-art?cxt=PUB&amp;utm_source=LLA&amp;utm_medium=email&amp;utm_campaign=AUTO_EDIT_SOM\" target=\"_blank\" rel=\"noreferrer noopener\">L&rsquo;\u00e9olien en mer pousse ses propositions dans les QG de campagne<\/a> (La Lettre A)<\/p>\n\n\n\n<p><a href=\"https:\/\/www.humanite.fr\/societe\/covid-19\/covid-le-business-en-or-des-tests-736751#xtor=RSS-1\">Covid. Le business en or des tests<\/a> (L\u2019Humanit\u00e9)&nbsp;<\/p>\n\n\n\n<p>L<a href=\"https:\/\/www.banque-france.fr\/sites\/default\/files\/medias\/documents\/821418_bdf239-2_augmentation_web.pdf\">\u2019augmentation de la masse mon\u00e9taire pendant la crise Covid&nbsp;: analyse et implications <\/a>(Banque de France)<\/p>\n\n\n\n<p><a href=\"https:\/\/www.alternatives-economiques.fr\/marie-duru-bellat\/gratuite-etudes-superieures-quoi\/00102142\">Gratuit\u00e9 des \u00e9tudes sup\u00e9rieures&nbsp;: pour qui et pour quoi&nbsp;?<\/a> -Marie Duru-Bellat<\/p>\n\n\n\n<p><a href=\"https:\/\/www.humanite.fr\/societe\/covid-19\/covid-le-business-en-or-des-tests-736751#xtor=RSS-1\">Covid. Le business en or des tests<\/a> (L\u2019Humanit\u00e9)<\/p>\n\n\n\n<p><strong>Monde <\/strong><\/p>\n\n\n\n<p id=\"le-football-nouveau-terrain-de-jeu-des-cryptomonnaies\"><a href=\"https:\/\/info.alternatives-economiques.fr\/optiext\/optiextension.dll?ID=IabIci9WnxSkp7HFncfR5zr%2BSuoFZdIDRB0Dhkf9ix89vqTsQ%2B1FqReTDAzKTY9bsaKMfowZNYpVE3iQC6C5gcv19gb66\" target=\"_blank\" rel=\"noreferrer noopener\">Le football, nouveau terrain de jeu des cryptomonnaies<\/a>&nbsp;(Alter \u00e9co)<\/p>\n\n\n\n<p><a href=\"https:\/\/www.boursorama.com\/actualite-economique\/actualites\/l-embargo-americain-contre-cuba-60-ans-et-de-beaux-jours-devant-lui-0d1efc2d2c449fd827bba37f82010f61\">L&#8217;embargo am\u00e9ricain contre Cuba, 60 ans et de beaux jours devant lui<\/a> <strong>&nbsp;<\/strong>(AFP)<\/p>\n\n\n\n<p><a href=\"https:\/\/www.boursorama.com\/videos\/actualites\/shell-en-afrique-du-sud-des-activistes-pro-environnement-gagnent-un-proces-5c931a554783ebc6c6899ac2862d5189\">Shell en Afrique du Sud : des activistes pro-environnement gagnent un proc\u00e8s<\/a>&nbsp;(France 24)<\/p>\n\n\n\n<p><a href=\"https:\/\/www.boursorama.com\/actualite-economique\/actualites\/ue-vers-des-regles-budgetaires-adaptees-aux-contraintes-specifiques-de-chaque-etat-membre-cfc1c4e2f3319c658b8f87f9f950a5d0\">UE : r\u00e8gles budg\u00e9taires adapt\u00e9es aux contraintes &lsquo;sp\u00e9cifiques&rsquo; de chaque Etat membre ?<\/a>&nbsp;(Boursorama)<\/p>\n\n\n\n<p><a href=\"https:\/\/www.boursorama.com\/actualite-economique\/actualites\/nissan-va-cesser-presque-totalement-le-developpement-de-nouveaux-moteurs-essence-13b6ef88accb2417485d108b830ee022\">Nissan va cesser presque totalement de d\u00e9velopper de nouveaux moteurs essence<\/a>&nbsp;(Reuters)<\/p>\n\n\n\n<p><a href=\"https:\/\/www.boursorama.com\/actualite-economique\/actualites\/allemagne-baisse-de-la-production-industrielle-en-decembre-52331444114c78d756206b13bbb59438\">Allemagne : Baisse de la production industrielle en d\u00e9cembre<\/a><strong>&nbsp;<\/strong>(Reuters)<\/p>\n\n\n\n<p><a href=\"https:\/\/www.boursorama.com\/actualite-economique\/actualites\/le-comparateur-de-prix-pricerunner-poursuit-google-pour-2-1-milliards-d-euros-e848ad440a58e1acbccfe67b82973511\">Le comparateur de prix PriceRunner poursuit Google pour 2,1 milliards \u20ac<\/a> <strong>&nbsp;<\/strong>(AFP)<\/p>\n\n\n\n<p><a href=\"https:\/\/www.boursorama.com\/actualite-economique\/actualites\/toshiba-prevoit-de-se-scinder-en-deux-et-non-plus-en-trois-24b008f6f63df087a231b0de9c0079e8\">Toshiba pr\u00e9voit de se scinder en deux et non plus en trois<\/a><strong>&nbsp;&nbsp;<\/strong>(AFP)<\/p>\n\n\n\n<p><a href=\"https:\/\/www.boursorama.com\/actualite-economique\/actualites\/le-nord-industriel-de-l-angleterre-se-sent-porte-par-le-vent-f33bc8b342bec35b5aa536ea6fc303e0\">Le nord industriel de l&rsquo;Angleterre se sent port\u00e9 par le vent<\/a><strong>&nbsp;<\/strong>(AFP)<\/p>\n\n\n\n<p><a href=\"https:\/\/common.indigo-net.com\/lib\/cookie_log\/redirector.asp?mail=n.chevillard@noos.fr&amp;ID=455339&amp;DOCIID=109703480&amp;ENAIID=710304&amp;RETOUR=SIMPLE&amp;link=https:\/\/www.intelligenceonline.fr\/grands-contrats\/2022\/02\/07\/comment-le-taiwanais-tsmc-tire-parti-de-la-guerre-sino-americaine-des-semi-conducteurs,109731657-art?cxt=PUB&amp;utm_source=LMR&amp;utm_medium=email&amp;utm_campaign=AUTO_EDIT_SOM\" target=\"_blank\" rel=\"noreferrer noopener\">Le ta\u00efwanais TSMC tire parti de la guerre sino-am\u00e9ricaine des semi-conducteurs<\/a>&nbsp;(Intelligence Online)<\/p>\n\n\n\n<p><a href=\"https:\/\/76835.r.ag.d.sendibm3.com\/mk\/cl\/f\/R_6zKAELfLn9D9YWzmK6nHZYDM5llx9qFgUQV0XlnzNC3BKjkmGvjTJKymmIh7sGKRcdOwsO0kmjmUVUH7SH-cRRNMOXAZPTJoUYXpHh8-MFn-AJOCtHfX9Hc-M_hZ399Pud4EwSxVU8ygPI8Xg2M2P7M5wf5tTPYOA1cC4SPUmkoaFt_l-zvX6ZVbqG0J39Vou63yv_l7N34II4r1_Yn6lIVt4gnZMY3-aRZh8fWIiVeI44NoOteySiz8g1Z-cmD_omljWkb7u8kNJMef5bt63OlOmOJNLKlb1OPCDOEYedv2sKvhrDC-Pbt3yEg5yqWw_80t_h\">Michel Camdessus : \u00ab La poursuite du business as usual est une pure folie. \u00bb<\/a> (Elucid)<\/p>\n\n\n\n<p><a href=\"https:\/\/www.franceinter.fr\/emissions\/affaires-sensibles\/affaires-sensibles-du-mardi-21-decembre-2021\">L&rsquo;escroquerie du si\u00e8cle ou le scandale Madoff <\/a>(Affaires Sensibles)<\/p>\n\n\n\n<p><strong>Analyse<\/strong><\/p>\n\n\n\n<p id=\"rosa-luxembourg-et-la-dette-comme-instrument-de-l-imperialisme\"><a href=\"https:\/\/blogs.mediapart.fr\/cadtm\/blog\/070222\/rosa-luxembourg-et-la-dette-comme-instrument-de-l-imperialisme\">Rosa Luxembourg et la dette comme instrument de l\u2019imp\u00e9rialisme<\/a>&nbsp;(Cadtm)<\/p>\n\n\n\n<p id=\"il-y-a-un-probleme-structurel-de-pouvoir-d-achat\"><a href=\"https:\/\/info.alternatives-economiques.fr\/optiext\/optiextension.dll?ID=JbaJh4TBRm6TErQ94bKKPTkEz0zJtV_%2Bqb26XTzelogptmLtQZsO2NWISG_tDvZS_FqDmEoAKBvNmY40JDg10KQJZpZt_\" target=\"_blank\" rel=\"noreferrer noopener\">Il y a un probl\u00e8me structurel de pouvoir d\u2019achat<\/a>&nbsp;(Alter \u00e9co)<\/p>\n\n\n\n<p><a href=\"https:\/\/www.imf.org\/fr\/News\/Articles\/2022\/01\/28\/blogs012822-low-real-interest-rates-support-asset-prices-but-risks-are-rising\">Les taux d\u2019int\u00e9r\u00eat r\u00e9els bas soutiennent les prix des actifs mais les risques augmentent<\/a> (FMI)<\/p>\n\n\n\n<figure class=\"wp-block-image size-full is-resized is-style-default\"><img data-recalc-dims=\"1\" loading=\"lazy\" decoding=\"async\" src=\"https:\/\/i0.wp.com\/www.rdpemancipation.org\/wp-content\/uploads\/2022\/02\/Capture-decran-2022-02-06-a-15.39.05-1.png?resize=611%2C442&#038;ssl=1\" alt=\"\" class=\"wp-image-69999\" width=\"611\" height=\"442\" srcset=\"https:\/\/i0.wp.com\/www.rdpemancipation.org\/wp-content\/uploads\/2022\/02\/Capture-decran-2022-02-06-a-15.39.05-1.png?w=732&amp;ssl=1 732w, https:\/\/i0.wp.com\/www.rdpemancipation.org\/wp-content\/uploads\/2022\/02\/Capture-decran-2022-02-06-a-15.39.05-1.png?resize=300%2C217&amp;ssl=1 300w\" sizes=\"auto, (max-width: 611px) 100vw, 611px\" \/><\/figure>\n\n\n\n<p><strong><mark style=\"background-color:rgba(0, 0, 0, 0);color:#f20823\" class=\"has-inline-color\">6 f\u00e9vrier en continu<\/mark><\/strong><\/p>\n\n\n\n<p><strong>France<\/strong><\/p>\n\n\n\n<p><a href=\"https:\/\/info.alternatives-economiques.fr\/optiext\/optiextension.dll?ID=JbaJhy0Op7e25uykQphZhkcVk0cRoqYUyEeZj0vBlxUIS%2ByZQkkIqG8CcFHLN49CuXdRYiSjrq90MQvDRgVK6ZnXcz_ZK\" target=\"_blank\" rel=\"noreferrer noopener\">La dur\u00e9e de la retraite ne s&rsquo;allonge pas <\/a>&nbsp;(Alter \u00e9co)<\/p>\n\n\n\n<p><a href=\"https:\/\/info.alternatives-economiques.fr\/optiext\/optiextension.dll?ID=JbaJaM2j4S5kfQY334io3TuG%2BvUQcTD0_nzIZyD8nCwLOGItRdS%2BMCDBIxzsqAUwtWdvFTfoIyNaWJo4hCBcFMaimCq7h\" target=\"_blank\" rel=\"noreferrer noopener\">Le spectre de la dette publique&nbsp;plane sur la campagne<\/a> (Alter \u00e9co)<\/p>\n\n\n\n<p><a href=\"https:\/\/redirection.b2b.infopro-digital.com\/lnk\/AMEAAL52OGUAAcXD8AoAAHnKuI0AAABZQTkAANzrAAwsSQBh_-nUpNkpFlnbTbK76EhAw7egMgAMCy8\/76\/sDd3t84gDHya6y9SN8B-ZQ\/aHR0cHM6Ly93d3cudXNpbmUtZGlnaXRhbGUuZnIvYXJ0aWNsZS9hcmNlbG9ybWl0dGFsLW91dnJlLWRldXgtZGlnaXRhbC1sYWJzLXBvdXItZGV2ZWxvcHBlci1sYS1zaWRlcnVyZ2llLTQtMC5OMTc4MTE3NyN4dG9yPUVQUi02JmVtYWlsPW4uY2hldmlsbGFyZEBub29zLmZy#xtor=EPR-6&amp;email=n.chevillard@noos.fr\" target=\"_blank\" rel=\"noreferrer noopener\">ArcelorMittal ouvre deux digital labs pour d\u00e9velopper la sid\u00e9rurgie 4.0<\/a> (Usine Digitale)<\/p>\n\n\n\n<p><a href=\"https:\/\/redirection.b2b.infopro-digital.com\/lnk\/AVcAAErTO48AAcXD7zYAAHnKuI0AAABZQTkAANzxAAwsSQBh_NlAd-7lHz-kT-C6Z45Kz6IkYAAMCy8\/9\/53Fg7qsR4ZUucLkyxqcbzA\/aHR0cHM6Ly93d3cudXNpbmUtZGlnaXRhbGUuZnIvZWRpdG9yaWFsL2wtZS1jb21tZXJjZS1lbi1jcm9pc3NhbmNlLWRlLTE1LTEtZW4tZnJhbmNlLXN1ci1sLWFubmVlLTIwMjEuTjE3ODA4MzcjeHRvcj1FUFItNCZlbWFpbD1uLmNoZXZpbGxhcmRAbm9vcy5mcg#xtor=EPR-4&amp;email=n.chevillard@noos.fr\" target=\"_blank\" rel=\"noreferrer noopener\">L&rsquo;e-commerce en croissance de 15,1% en France sur l&rsquo;ann\u00e9e 2021<\/a> (Usine Digitale)<\/p>\n\n\n\n<p><a href=\"https:\/\/common.indigo-net.com\/lib\/cookie_log\/redirector.asp?mail=n.chevillard@noos.fr&amp;ID=454820&amp;DOCIID=109703480&amp;ENAIID=709789&amp;RETOUR=SIMPLE&amp;link=https:\/\/www.lalettrea.fr\/entreprises_transports\/2022\/02\/04\/le-billard-a-trois-bandes-des-regions-autour-de-railcoop-alternative-a-la-sncf,109731754-art?cxt=PUB&amp;utm_source=LLA&amp;utm_medium=email&amp;utm_campaign=AUTO_EDIT_SOM\" target=\"_blank\" rel=\"noreferrer noopener\">Le billard \u00e0 trois bandes des r\u00e9gions autour de Railcoop, alternative \u00e0 la SNCF<\/a> (La Lettre A)<\/p>\n\n\n\n<p><a href=\"https:\/\/redirection.b2b.infopro-digital.com\/lnk\/AWAAABd33w8AAcXD7uwAAHnKuI0AAABZQUUAIBL0AAwsSQBh-_FEo-0YilcjSAKH3DV7NU3kfQAMCy8\/5\/37T4JGnhhCD41TuTsAh0ww\/aHR0cHM6Ly93d3cudXNpbmVub3V2ZWxsZS5jb20vYXJ0aWNsZS9hLWRvdWFpLXJlbmF1bHQtZXQtZW52aXNpb24tcG9zZW50LWxlcy1iYXNlcy1kLXVuZS12YWxsZWUtZXVyb3BlZW5uZS1kZS1sYS1iYXR0ZXJpZS5OMTExNDQ5OQ\" target=\"_blank\" rel=\"noreferrer noopener\">Dunkerque, Douai, et la \u2018vall\u00e9e europ\u00e9enne de la batterie\u2019<\/a> (Usine nouvelle)<\/p>\n\n\n\n<p><a href=\"https:\/\/lvsl.fr\/france-relance-derriere-les-milliards-la-mort-de-letat-planificateur\/\">France Relance : derri\u00e8re les milliards, la mort de l\u2019\u00c9tat planificateur<\/a> (Le Vent Se L\u00e8ve)<\/p>\n\n\n\n<p><a href=\"https:\/\/linsoumission.fr\/2022\/02\/05\/ephad-assez-profit-sur-grand-age\/\">EHPAD : M\u00e9lenchon propose d\u2019interdire les profits sur le grand \u00e2ge<\/a> (L\u2019Insoumission)<\/p>\n\n\n\n<p><a href=\"https:\/\/linsoumission.fr\/2022\/02\/03\/total-se-gave-sur-votre-dos\/\">Pourquoi le prix \u00e0 la pompe explose en France ? Car Total se gave sur votre dos<\/a> (L\u2019Insoumission)<\/p>\n\n\n\n<p class=\"has-contrast-color has-text-color\"><a href=\"https:\/\/lecourrierdesstrateges.fr\/2022\/02\/04\/les-mauvaises-surprises-de-lemploi-et-du-chomage-en-france\/\">Les mauvaises surprises de l\u2019emploi et du ch\u00f4mage en France<\/a> (Le Courrier des Strat\u00e8ges)<\/p>\n\n\n\n<figure class=\"wp-block-image is-resized is-style-default\"><img data-recalc-dims=\"1\" loading=\"lazy\" decoding=\"async\" src=\"https:\/\/i0.wp.com\/mamot.fr\/system\/cache\/media_attachments\/files\/107\/699\/813\/023\/544\/107\/original\/3cbd3592f8968a47.png?resize=452%2C252&#038;ssl=1\" alt=\"\" width=\"452\" height=\"252\"\/><\/figure>\n\n\n\n<p><strong>Monde<\/strong><\/p>\n\n\n\n<p><a href=\"https:\/\/redirection.b2b.infopro-digital.com\/lnk\/AMEAAL52OGUAAcXD8AoAAHnKuI0AAABZQTkAANzrAAwsSQBh_-nUpNkpFlnbTbK76EhAw7egMgAMCy8\/48\/AniWC7YY3S6ntQp1rtgWYw\/aHR0cHM6Ly93d3cudXNpbmUtZGlnaXRhbGUuZnIvYXJ0aWNsZS9hbWF6b24tZG91YmxlLXNlcy1wcm9maXRzLWdyYWNlLWF1LWNsb3VkLk4xNzgxMDQ3I3h0b3I9RVBSLTYmZW1haWw9bi5jaGV2aWxsYXJkQG5vb3MuZnI#xtor=EPR-6&amp;email=n.chevillard@noos.fr\" target=\"_blank\" rel=\"noreferrer noopener\">Amazon double ses profits gr\u00e2ce au cloud<\/a> (Usine Digitale)<\/p>\n\n\n\n<p><a href=\"https:\/\/redirection.b2b.infopro-digital.com\/lnk\/AWAAABd33w8AAcXD7uwAAHnKuI0AAABZQUUAIBL0AAwsSQBh-_FEo-0YilcjSAKH3DV7NU3kfQAMCy8\/21\/TouK8yhMIRt8zhN8Lsj5Iw\/aHR0cHM6Ly93d3cudXNpbmVub3V2ZWxsZS5jb20vZWRpdG9yaWFsL2wtaW5zdGFudC10ZWNoLWwtZXVyb3BlLXBldXQtcmVib25kaXItZGFucy1sZS1waG90b3ZvbHRhaXF1ZS1hdmVjLWxlcy1jZWxsdWxlcy10YW5kZW0tanVnZS1sZS1jaGltaXN0ZS1kYW5pZWwtbGluY290LWF1LWNvbGxlZ2UtZGUtZnJhbmNlLk4xNzc5NDc3\" target=\"_blank\" rel=\"noreferrer noopener\">UE&nbsp;: les \u00ab\u00a0cellules tandem\u00a0\u00bb pour revenir dans la course \u00e0 l&rsquo;innovation du photovolta\u00efque<\/a> (Usine nouvelle)<\/p>\n\n\n\n<p><a href=\"https:\/\/www.agenceecofin.com\/marches\/0302-94861-l-annee-2022-commence-sur-une-nouvelle-hausse-des-prix-alimentaires-mondiaux\">L\u2019ann\u00e9e 2022 commence sur une nouvelle hausse des prix alimentaires mondiaux<\/a> (Ecofin)<\/p>\n\n\n\n<p><a href=\"https:\/\/lecourrierdesstrateges.fr\/2022\/02\/05\/rien-ne-va-plus-chez-facebook-meta-perd-pres-de-200-milliards-de-dollars-en-bourse\/\">Rien ne va plus&nbsp;: Meta perd pr\u00e8s de 200 milliards de dollars en bourse<\/a> (Le Courrier des Strat\u00e8ges)<\/p>\n\n\n\n<p><strong>Analyse<\/strong><\/p>\n\n\n\n<p><a href=\"https:\/\/info.alternatives-economiques.fr\/optiext\/optiextension.dll?ID=JbaJgz1JKJzk1fLSDtO_NJsq%2ByO5jqjZqVjUgohj22y81uitR4BC9RlJ00bQTc6Gg4nuLStQS%2BjjwP1wlKgCsEuhrjItA\" target=\"_blank\" rel=\"noreferrer noopener\">Comment g\u00e9rer les \u00e9nergies renouvelables quand il n\u2019y a ni vent ni soleil ? <\/a>&nbsp;(Alter \u00e9co)<\/p>\n\n\n\n<p><a href=\"https:\/\/www.franceinter.fr\/emissions\/affaires-sensibles\/affaires-sensibles-11-aout-2020\">L&rsquo;affaire Kerviel <\/a>(Affaires Sensibles)<\/p>\n\n\n\n<p><a href=\"https:\/\/blogs.mediapart.fr\/marie-nivet\/blog\/291020\/democratie-feodale-donjons-et-dragons-fief-et-gafam\" title=\"D\u00e9mocratie F\u00e9odale: donjons et Dragons, Fief et Gafam\">D\u00e9mocratie F\u00e9odale : donjons et Dragons, Fief et Gafam<\/a> (blog M\u00e9diapart)<\/p>\n\n\n\n<figure class=\"wp-block-image is-style-default\"><img data-recalc-dims=\"1\" decoding=\"async\" src=\"https:\/\/i0.wp.com\/mamot.fr\/system\/cache\/media_attachments\/files\/107\/711\/384\/078\/366\/291\/original\/dad2ef929dd22a8a.jpg?w=1200&#038;ssl=1\" alt=\"\"\/><\/figure>\n\n\n\n<p><strong><mark style=\"background-color:rgba(0, 0, 0, 0);color:#f20823\" class=\"has-inline-color\">5 f\u00e9vrier en continu<\/mark><\/strong><\/p>\n\n\n\n<p><strong>France<\/strong><\/p>\n\n\n\n<p><a href=\"https:\/\/www.humanite.fr\/vie-quotidienne\/cooperatives\/quand-les-entrepreneurs-la-jouent-collectif-736727#xtor=RSS-1\" target=\"_blank\" rel=\"noreferrer noopener\">Quand les entrepreneurs la jouent collectif<\/a>&nbsp; (L\u2019Humanit\u00e9)<\/p>\n\n\n\n<p><a href=\"https:\/\/www.humanite.fr\/social-eco\/politique-industrielle\/ces-industries-que-macron-abandonnees-736682#xtor=RSS-1\" target=\"_blank\" rel=\"noreferrer noopener\">Ces industries que Macron a abandonn\u00e9es<\/a>&nbsp; (L\u2019Humanit\u00e9)<\/p>\n\n\n\n<p><a href=\"https:\/\/dijoncter.info\/yonne-non-au-poulailler-industriel-a-neuvy-sautour-3425\" target=\"_blank\" rel=\"noreferrer noopener\">[Yonne] Non au poulailler industriel \u00e0 Neuvy-Sautour !<\/a>&nbsp; (Mutu)<\/p>\n\n\n\n<p><a href=\"https:\/\/labogue.info\/spip.php?article1204\" target=\"_blank\" rel=\"noreferrer noopener\">Railcoop, une entreprise priv\u00e9e ferroviaire comme les autres<\/a>&nbsp; (Mutu)<\/p>\n\n\n\n<p><a href=\"https:\/\/www.humanite.fr\/social-eco\/sncf\/revelation-la-sncf-prete-lacher-15-milliard-pour-un-transporteur-routier-americain#xtor=RSS-1\" target=\"_blank\" rel=\"noreferrer noopener\">La SNCF pr\u00eate \u00e0 l\u00e2cher 1,5 milliard pour un transporteur routier am\u00e9ricain<\/a>&nbsp; (L\u2019Humanit\u00e9)<\/p>\n\n\n\n<p><a href=\"https:\/\/www.humanite.fr\/monde\/mexique\/silao-les-salaries-marquent-un-point-contre-general-motors-737154#xtor=RSS-1\" target=\"_blank\" rel=\"noreferrer noopener\">\u00c0 Silao, les salari\u00e9s marquent un point contre General Motors<\/a>&nbsp; (L\u2019Humanit\u00e9)<\/p>\n\n\n\n<p><a href=\"https:\/\/lareleveetlapeste.fr\/quand-le-cout-de-la-vie-augmente-les-profits-des-ultra-riches-explosent\/\" target=\"_blank\" rel=\"noreferrer noopener\">Quand le co\u00fbt de la vie augmente, les profits des ultra-riches explosent<\/a>&nbsp; (La Rel\u00e8ve et La Peste)<\/p>\n\n\n\n<p><a href=\"https:\/\/basta.media\/controle-aux-frontieres-migrants-exiles-Calais-Briancon-couts-de-la-repression-bunkerisation-militarisation-Darmanin\" target=\"_blank\" rel=\"noreferrer noopener\">L&rsquo;\u00c9tat d\u00e9pense un demi-milliard \u20ac d&rsquo;argent public par an pour harceler quelques milliers d&rsquo;exil\u00e9s<\/a>&nbsp; (Basta!)<\/p>\n\n\n\n<p><a href=\"https:\/\/www.lemediatv.fr\/emissions\/2022\/de-de-gaulle-a-macron-securite-sociale-histoire-dun-sabotage-KLlNfHmBQVqUm4mlFkIYfQ\" target=\"_blank\" rel=\"noreferrer noopener\">De De Gaulle \u00e0 Macron. S\u00e9curit\u00e9 sociale : histoire d&rsquo;un sabotage<\/a>&nbsp; (Le M\u00e9dia)<\/p>\n\n\n\n<p><a href=\"https:\/\/www.letemps.ch\/monde\/naufrage-ehpad-cauchemar-francais?utm_source=Newsletters&amp;utm_campaign=04416a2fe2-newsletter_briefing&amp;utm_medium=email&amp;utm_term=0_56c41a402e-04416a2fe2-110294673\">Le naufrage des Ehpad, ce cauchemar fran\u00e7ais<\/a>&nbsp; (Le Temps)<\/p>\n\n\n\n<p><a href=\"https:\/\/www.youtube.com\/watch?v=CqlxpMPCnfY&amp;t=2s\">9,64% le v\u00e9ritable taux d&rsquo;inflation que l&rsquo;on vous cache<\/a>&nbsp; (le grenier de l\u2019\u00e9co)<\/p>\n\n\n\n<p><a href=\"https:\/\/www.xerficanal.com\/economie\/emission\/Alexandre-Mirlicourtois-L-inflation-sous-estimee-Comprendre-l-indice-des-prix_3750363.html?utm_source=sendinblue&amp;utm_campaign=XC010222&amp;utm_medium=email\">L&rsquo;inflation sous-estim\u00e9e ? Comprendre l&rsquo;indice des prix<\/a>&nbsp;(Xerfi Canal)<\/p>\n\n\n\n<p><a href=\"https:\/\/siecledigital.fr\/2022\/02\/01\/carrefour-achete-un-terrain-virtuel-dans-le-metavers-de-sandbox\/?utm_source=Newsletter+Siecle+Digital&amp;utm_campaign=92c52057b9-newsletter_quotidienne&amp;utm_medium=email&amp;utm_term=0_3b73bad11a-92c52057b9-259745794\">Carrefour ach\u00e8te un terrain virtuel dans le m\u00e9tavers de Sandbox<\/a>&nbsp; (si\u00e8cle digital)<\/p>\n\n\n\n<p><a href=\"https:\/\/www.novethic.fr\/actualite\/gouvernance-dentreprise\/entreprises-controversees\/isr-rse\/les-sombres-dessous-d-orpea-ont-echappe-aux-filets-de-la-notation-rse-150534.html?utm_source=actus_lilo\">Les sombres dessous d\u2019Orpea ont \u00e9chapp\u00e9 aux filets de la notation RSE<\/a>&nbsp; (Novethic)<\/p>\n\n\n\n<figure class=\"wp-block-image is-resized is-style-default\"><img data-recalc-dims=\"1\" loading=\"lazy\" decoding=\"async\" src=\"https:\/\/i0.wp.com\/static.mediapart.fr\/etmagine\/default\/files\/2022\/02\/04\/2022-02-04-17-19-17-window.png?resize=353%2C347&#038;ssl=1\" alt=\"2022-02-04-17-19-17-window\" width=\"353\" height=\"347\"\/><\/figure>\n\n\n\n<pre class=\"wp-block-preformatted\">Les tarifs autoroutiers vont augmenter de 2% en moyenne. Pour rappel, c\u2019est Macron qui avait sign\u00e9 en 2015 l\u2019accord secret avec les soci\u00e9t\u00e9s d\u2019autoroutes pour leur permettre une hausse de leurs tarifs index\u00e9e sur l\u2019inflation jusqu\u2019en 2023 (<a href=\"https:\/\/www.lemonde.fr\/economie\/article\/2022\/01\/30\/les-tarifs-des-autoroutes-augmenteront-d-environ-2-le-1er-fevrier_6111585_3234.html\">source<\/a>) (<a href=\"https:\/\/www.leparisien.fr\/economie\/document-hausse-des-peages-si-l-etat-savait-03-12-2015-5335647.php\">source<\/a>) (<a href=\"https:\/\/blog.francetvinfo.fr\/oeil-20h\/2017\/09\/11\/laccord-secret-entre-letat-et-les-societes-dautoroutes.html\">source<\/a>)<\/pre>\n\n\n\n<p><strong>Monde<\/strong><\/p>\n\n\n\n<p><a href=\"https:\/\/info.alternatives-economiques.fr\/optiext\/optiextension.dll?ID=aIJaJbNFdVVuFnPikFgKpZLow3L1tXySvKMJ15fJdmxDsIOqimiuDVYcaBPz1xyDIB9lnHdAjS0dc%2BunpT_0f_A9SMKGj\" target=\"_blank\" rel=\"noreferrer noopener\">Pourquoi (presque) plus personne ne veut des Jeux olympiques<\/a> (Alter \u00e9co)<\/p>\n\n\n\n<p><a href=\"https:\/\/reporterre.net\/Petroliers-et-gaziers-laissent-fuir-des-quantites-enormes-de-methane\" target=\"_blank\" rel=\"noreferrer noopener\">P\u00e9troliers et gaziers laissent fuir des quantit\u00e9s \u00e9normes de m\u00e9thane<\/a>&nbsp; (Reporterre)<\/p>\n\n\n\n<p><a href=\"https:\/\/la-chronique-agora.com\/capitalisme-ne-peut-plus-passer-bourse\/?bsft_aaid=8d7bfbb2-9574-4a5c-ad3d-53faf0fc196f&amp;bsft_eid=8d3b8323-fe93-552b-db7f-3ec241baef83&amp;utm_campaign=edito-220201-lca-newsletter&amp;utm_source=blueshift&amp;utm_medium=email&amp;utm_content=edito-220201-lca-newsletter&amp;bsft_clkid=72c6e350-eefd-4f93-aa39-aedc9f52f94b&amp;bsft_uid=1f1b3850-38cc-4a83-86fb-401a40390f75&amp;bsft_mid=7e04c720-c5c2-4823-be82-984356043e0c&amp;bsft_utid=1f1b3850-38cc-4a83-86fb-401a40390f75-LCA&amp;bsft_mime_type=html&amp;bsft_ek=2022-02-01T11%3A00%3A39Z&amp;bsft_lx=2&amp;bsft_tv=6\">Le capitalisme ne peut plus se passer de la Bourse<\/a>&nbsp; (chronique agora)<\/p>\n\n\n\n<p><a href=\"https:\/\/www.lemonde.fr\/idees\/article\/2022\/01\/30\/patrick-artus-les-banques-centrales-peuvent-etre-confrontees-a-de-violents-conflits-d-objectifs_6111568_3232.html\">Patrick Artus&nbsp;: \u00ab&nbsp;<\/a><a href=\"https:\/\/www.lemonde.fr\/idees\/article\/2022\/01\/30\/patrick-artus-les-banques-centrales-peuvent-etre-confrontees-a-de-violents-conflits-d-objectifs_6111568_3232.html\"><em>Les banques centrales peuvent \u00eatre confront\u00e9es \u00e0 de violents conflits d\u2019objectifs<\/em><\/a><a href=\"https:\/\/www.lemonde.fr\/idees\/article\/2022\/01\/30\/patrick-artus-les-banques-centrales-peuvent-etre-confrontees-a-de-violents-conflits-d-objectifs_6111568_3232.html\">&nbsp;\u00bb<\/a>&nbsp; (Le Monde)<\/p>\n\n\n\n<p><a href=\"https:\/\/www.allnews.ch\/content\/points-de-vue\/cryptomonnaies-et-risque-de-blanchiment?utm_source=All+contacts&amp;utm_campaign=07cc7c5e06-EMAIL_CAMPAIGN_2022_01_31_07_24&amp;utm_medium=email&amp;utm_term=0_d35111d3a6-07cc7c5e06-25543805\">Cryptomonnaies et risque de blanchiment<\/a>&nbsp; (allnews)<\/p>\n\n\n\n<p><a href=\"https:\/\/la-chronique-agora.com\/tortue-a-rattrape-lievre\/?bsft_aaid=8d7bfbb2-9574-4a5c-ad3d-53faf0fc196f&amp;bsft_eid=7c5884fc-e533-1cf0-e71f-deaf7b6615cb&amp;utm_campaign=edito-220202-lca-newsletter&amp;utm_source=blueshift&amp;utm_medium=email&amp;utm_content=edito-220202-lca-newsletter&amp;bsft_clkid=ad87431a-7a88-4144-9a6a-49430b9d02a1&amp;bsft_uid=1f1b3850-38cc-4a83-86fb-401a40390f75&amp;bsft_mid=f5b7214f-dc79-40c9-a02a-d1f04b671c23&amp;bsft_utid=1f1b3850-38cc-4a83-86fb-401a40390f75-LCA&amp;bsft_mime_type=html&amp;bsft_ek=2022-02-02T11%3A00%3A39Z&amp;bsft_lx=3&amp;bsft_tv=5\">La tortue a rattrap\u00e9 le li\u00e8vre<\/a>&nbsp; (chronique agora)<\/p>\n\n\n\n<p><a href=\"https:\/\/paperjam.lu\/article\/marches-emergents-sous-tension\">Des march\u00e9s \u00e9mergents sous tension<\/a>&nbsp; (Paperjam)<\/p>\n\n\n\n<p><a href=\"https:\/\/www.allnews.ch\/content\/interviews\/cap-sur-la-nouvelle-%C3%A9conomie-chinoise?utm_source=All+contacts&amp;utm_campaign=fea3722fb5-EMAIL_CAMPAIGN_2022_02_01_07_32&amp;utm_medium=email&amp;utm_term=0_d35111d3a6-fea3722fb5-25543805\">Chine. Cap sur la nouvelle \u00e9conomie chinoise<\/a>&nbsp;(allnews)<\/p>\n\n\n\n<p><a href=\"https:\/\/siecledigital.fr\/2022\/01\/28\/vladimir-poutine-ninterdira-pas-les-cryptomonnaies-en-russie\/?utm_source=Newsletter+Siecle+Digital&amp;utm_campaign=e440413ff6-newsletter_quotidienne&amp;utm_medium=email&amp;utm_term=0_3b73bad11a-e440413ff6-259745794\">Russie. Vladimir Poutine n\u2019interdira pas les cryptomonnaies en Russie<\/a>&nbsp; (si\u00e8cle digital)<\/p>\n\n\n\n<p><strong>Analyse<\/strong><\/p>\n\n\n\n<p><a href=\"https:\/\/www.mediapart.fr\/journal\/economie\/050222\/la-concurrence-faux-remede-miracle-pour-le-capitalisme\">La concurrence, faux rem\u00e8de miracle pour le capitalisme<\/a> (M\u00e9diapart)<\/p>\n\n\n\n<p><a href=\"https:\/\/reporterre.net\/Des-financiers-veulent-creer-un-marche-des-baleines\" target=\"_blank\" rel=\"noreferrer noopener\">Des financiers veulent cr\u00e9er un march\u00e9 des baleines<\/a>&nbsp;(Reporterre)<\/p>\n\n\n\n<p><a href=\"https:\/\/info.alternatives-economiques.fr\/optiext\/optiextension.dll?ID=eMNeHteOJU4LPRjfi66PGhnuxo7GS1Lgl5K45jbVpYAe44%2B0ny1fw3OPQbpPeHf2SjI1c1BcSrYc%2BC9ECgeOEABOipAuJ\" target=\"_blank\" rel=\"noreferrer noopener\">Le march\u00e9 ne sauvera pas la plan\u00e8te<\/a> (Alter \u00e9co)<\/p>\n\n\n\n<p><a href=\"https:\/\/www.les-crises.fr\/jacques-sapir-les-risques-geopolitiques-et-les-marches-en-2022-russeurope-en-exil\/\">Jacques Sapir : Les risques g\u00e9opolitiques et les march\u00e9s en 2022 <\/a>(Les Crises)<\/p>\n\n\n\n<p><a href=\"http:\/\/cadtm.org\/Banque-mondiale-une-histoire-critique\">Banque mondiale, une histoire critique<\/a> -Eric Toussaint (CADTM)<\/p>\n\n\n\n<figure class=\"wp-block-image is-style-default\"><img data-recalc-dims=\"1\" decoding=\"async\" src=\"https:\/\/i0.wp.com\/cadtm.org\/local\/cache-vignettes\/L350xH525\/arton20531-cf1b5.jpg?w=1200\" alt=\"\"\/><\/figure>\n\n\n\n<p><a href=\"https:\/\/www.les-crises.fr\/jacques-sapir-l-inflation-est-elle-en-train-de-devenir-un-probleme-mondial-russeurope-en-exil\/\">Jacques Sapir : L\u2019inflation est-elle en train de devenir un probl\u00e8me mondial ? <\/a>(Les Crises)<\/p>\n\n\n\n<figure class=\"wp-block-image is-resized is-style-default\"><img data-recalc-dims=\"1\" loading=\"lazy\" decoding=\"async\" src=\"https:\/\/i0.wp.com\/www.les-crises.fr\/wp-content\/uploads\/2022\/01\/00-00-00-00-0a-0-infla-G2-1-scaled.jpg?resize=770%2C471&#038;ssl=1\" alt=\"\" class=\"wp-image-270447\" width=\"770\" height=\"471\"\/><\/figure>\n\n\n\n<p><strong><mark style=\"background-color:rgba(0, 0, 0, 0);color:#f20823\" class=\"has-inline-color\">4 f\u00e9vrier en continu<\/mark><\/strong><\/p>\n\n\n\n<p><strong>France<\/strong><\/p>\n\n\n\n<p><a href=\"https:\/\/www.marianne.net\/economie\/economie-francaise\/macron-bientot-a-belfort-pour-acter-le-rachat-a-general-electric-par-edf-des-turbines-arabelle\" target=\"_blank\" rel=\"noreferrer noopener\">Macron le 10 f\u00e9vrier \u00e0 Belfort pour acter le rachat \u00e0 GE, par EDF, des turbines Arabelle<\/a> (Marianne)<\/p>\n\n\n\n<p><a href=\"https:\/\/www.marianne.net\/politique\/macron\/comment-alexis-kohler-le-bras-arme-de-macron-a-brade-le-patrimoine-industriel-francais\" target=\"_blank\" rel=\"noreferrer noopener\">Rappel&nbsp;: Comment Alexis Kohler, le bras arm\u00e9 de Macron, a brad\u00e9 le patrimoine industriel fran\u00e7ais<\/a> (Marianne)<\/p>\n\n\n\n<p><a href=\"https:\/\/www.boursorama.com\/actualite-economique\/actualites\/france-la-production-industrielle-diminue-de-0-2-en-decembre-sur-un-mois-insee-f4b13e6ab09db01a81005b405277f6db\">France : la production industrielle diminue de 0,2% en d\u00e9cembre (Insee)<\/a> (AFP)<\/p>\n\n\n\n<p><a href=\"https:\/\/www.boursorama.com\/actualite-economique\/actualites\/matignon-annonce-5-6-milliards-d-euros-pour-decarboner-l-industrie-54383102e95a50dc3689ad1e6eb47650\">Matignon annonce 5,6 milliards \u20ac pour d\u00e9carboner l&rsquo;industrie<\/a> (AFP)<\/p>\n\n\n\n<p><a href=\"https:\/\/www.boursorama.com\/actualite-economique\/actualites\/chantier-du-rer-e-la-facture-monte-entre-4-7-et-5-4-milliards-d-euros-d7a875f0a4880d280e72987642fcb0a6\">Chantier du RER E : la facture monte entre 4,7 et 5,4 milliards \u20ac<\/a> (AFP)<\/p>\n\n\n\n<p><a href=\"https:\/\/www.boursorama.com\/actualite-economique\/actualites\/france-la-consommation-de-gaz-a-augmente-de-6-en-2021-020de97deb32cd794a9a1bfb9e5f3509\">France : La consommation de gaz a augment\u00e9 de 6% en 2021<\/a> (Reuters)<\/p>\n\n\n\n<p><a href=\"https:\/\/www.boursorama.com\/actualite-economique\/actualites\/shell-releve-le-dividende-et-les-rachats-d-actions-apres-un-solide-4e-trimestre-a6ec52f466fe915bbc23ed494245b1e3\">Shell rel\u00e8ve le dividende et les rachats d&rsquo;actions apr\u00e8s un solide 4e T<\/a> (Reuters)<\/p>\n\n\n\n<p><strong><a href=\"https:\/\/blogs.mediapart.fr\/attac-france\/blog\/030222\/propositions-fiscales-la-folle-surenchere-neoliberale\">Propositions fiscales&nbsp;: la folle surench\u00e8re n\u00e9olib\u00e9rale<\/a><\/strong> (Attac)<\/p>\n\n\n\n<p><a href=\"https:\/\/www.mediapart.fr\/journal\/france\/020222\/manuel-domergue-fondation-abbe-pierre-il-manque-15-million-de-logements-sociaux\">Manuel Domergue (Abb\u00e9 Pierre) : \u00ab Il manque 1,5 million de logements sociaux \u00bb<\/a> (\u00c0 l\u2019air libre, MDP)<\/p>\n\n\n\n<p><a href=\"https:\/\/blogs.mediapart.fr\/hanscova\/blog\/030222\/les-contradictions-du-fmi-quand-les-preconisations-heurtent-le-contexte-economique\">Les contradictions du FMI : quand les pr\u00e9conisations heurtent le contexte \u00e9conomique<\/a> &nbsp;(Blog&nbsp;Hans.Cova)<\/p>\n\n\n\n<figure class=\"wp-block-image is-resized is-style-default\"><img data-recalc-dims=\"1\" loading=\"lazy\" decoding=\"async\" src=\"https:\/\/i0.wp.com\/mamot.fr\/system\/media_attachments\/files\/107\/694\/162\/380\/456\/060\/original\/521117d13de47263.png?resize=338%2C338&#038;ssl=1\" alt=\"\" width=\"338\" height=\"338\"\/><\/figure>\n\n\n\n<p><a href=\"https:\/\/youtu.be\/5w2YPK3slUM\">Comment l\u2019Insee vous ment sur l\u2019inflation<\/a> (Draw my economy)<\/p>\n\n\n\n<p><strong>Monde<\/strong><\/p>\n\n\n\n<p><a href=\"https:\/\/www.liberation.fr\/politique\/elections\/franc-cfa-jean-luc-melenchon-veut-que-les-pays-africains-de-la-zone-deviennent-les-seuls-maitres-de-leur-monnaie-20220202_2SLPPNA5XRF6HNASUPRJAXQAOU\/\" target=\"_blank\" rel=\"noreferrer noopener\">Franc CFA : M\u00e9lenchon veut que les Africains deviennent les \u2018seuls ma\u00eetres\u2019 de leur monnaie<\/a> (Lib\u00e9ration)<\/p>\n\n\n\n<p><a href=\"https:\/\/www.mediapart.fr\/journal\/france\/040222\/les-affaires-privees-du-president-du-tribunal-supreme-de-monaco\">Les affaires priv\u00e9es du pr\u00e9sident du Tribunal supr\u00eame de Monaco<\/a> (M\u00e9diapart)<\/p>\n\n\n\n<p><a href=\"https:\/\/www.boursorama.com\/actualite-economique\/actualites\/amazon-double-ses-profits-en-fin-d-annee-malgre-le-manque-de-main-d-oeuvre-570f20a258039ef9a6830748a4b63286\">Amazon double ses profits en fin d&rsquo;ann\u00e9e malgr\u00e9 le manque de main-d&rsquo;\u0153uvre<\/a> (AFP)<\/p>\n\n\n\n<p><a href=\"https:\/\/www.boursorama.com\/actualite-economique\/actualites\/coup-de-froid-a-wall-street-facebook-meta-perd-un-quart-de-sa-valeur-en-bourse-bc50d08ba568244ecfec1e4d727ae3ec\">Facebook (Meta) perd un quart de sa valeur en Bourse<\/a> (AFP)<\/p>\n\n\n\n<p><a href=\"https:\/\/www.boursorama.com\/actualite-economique\/actualites\/wall-street-trebuche-le-nasdaq-perd-pres-de-4-entraine-par-meta-facebook-102c5864a0bd467c87f3a2cf1bc463a8\">Wall Street tr\u00e9buche, le Nasdaq perd pr\u00e8s de 4%, entra\u00een\u00e9 par Meta <\/a>&nbsp;(AFP)<\/p>\n\n\n\n<p><a href=\"https:\/\/www.boursorama.com\/actualite-economique\/actualites\/covid-une-biotech-annonce-avoir-produit-le-premier-vaccin-a-arn-messager-en-afrique-7163e9e41484e20b341c5e13c2ba7ca5\">Une biotech annonce avoir produit le premier vaccin \u00e0 ARN messager en Afrique<\/a> (AFP)<\/p>\n\n\n\n<p><a href=\"https:\/\/www.boursorama.com\/actualite-economique\/actualites\/faillite-de-carillion-plainte-a-1-3-milliard-de-livres-contre-kpmg-da846ed1a805953bccf275950579dcd5\">Faillite de Carillion: plainte \u00e0 1,3 milliard de livres contre KPMG<\/a> (AFP)<\/p>\n\n\n\n<p><a href=\"https:\/\/www.boursorama.com\/actualite-economique\/actualites\/italie-accord-entre-stellantis-et-les-syndicats-sur-plus-de-700-departs-volontaires-9bdb7a89331f2f459c34b89814254a19\">Italie : Accord entre Stellantis et les syndicats sur plus de 700 d\u00e9parts <\/a>&nbsp;(Reuters)<\/p>\n\n\n\n<p><a href=\"https:\/\/www.boursorama.com\/actualite-economique\/actualites\/inquiete-pour-l-inflation-la-bce-entrouvre-la-porte-a-un-relevement-des-taux-cette-annee-37a96d7583ba929db72bc35b9be2117f\">La BCE entrouvre la porte \u00e0 un rel\u00e8vement des taux cette ann\u00e9e<\/a> (AFP)<\/p>\n\n\n\n<p><a href=\"https:\/\/www.boursorama.com\/actualite-economique\/actualites\/dette-les-taux-d-emprunt-bondissent-apres-le-changement-de-ton-de-la-bce-5e2a1fe250932d14222bae5369a1779a\">Dette : les taux d&#8217;emprunt bondissent apr\u00e8s le changement de ton de la BCE<\/a> (AFP)<\/p>\n\n\n\n<p><a href=\"https:\/\/www.mediapart.fr\/journal\/international\/020222\/liberalisme-autoritaire-et-bitcoin-la-recette-du-president-du-salvador\">Lib\u00e9ralisme autoritaire et bitcoin, la recette du pr\u00e9sident du Salvador<\/a> (M\u00e9diapart)<\/p>\n\n\n\n<p><a href=\"https:\/\/www.boursorama.com\/actualite-economique\/actualites\/lisa-cook-specialiste-des-dommages-economiques-de-la-discrimination-nommee-a-la-fed-8997ff32de8f1ae92e59329bdd359bbb\">Lisa Cook, sp\u00e9cialiste des dommages \u00e9conomiques de la discrimination, nomm\u00e9e \u00e0 la Fed<\/a> (AFP)<\/p>\n\n\n\n<figure class=\"wp-block-image size-full is-resized is-style-default\"><img data-recalc-dims=\"1\" loading=\"lazy\" decoding=\"async\" src=\"https:\/\/i0.wp.com\/www.rdpemancipation.org\/wp-content\/uploads\/2022\/02\/dec82e76b73cc20e1be6fc5daaae7c4c-760x507-1.webp?resize=414%2C276&#038;ssl=1\" alt=\"\" class=\"wp-image-69420\" width=\"414\" height=\"276\" srcset=\"https:\/\/i0.wp.com\/www.rdpemancipation.org\/wp-content\/uploads\/2022\/02\/dec82e76b73cc20e1be6fc5daaae7c4c-760x507-1.webp?w=760&amp;ssl=1 760w, https:\/\/i0.wp.com\/www.rdpemancipation.org\/wp-content\/uploads\/2022\/02\/dec82e76b73cc20e1be6fc5daaae7c4c-760x507-1.webp?resize=300%2C200&amp;ssl=1 300w\" sizes=\"auto, (max-width: 414px) 100vw, 414px\" \/><\/figure>\n\n\n\n<p><strong>Analyse<\/strong><\/p>\n\n\n\n<p><a href=\"https:\/\/76835.r.ag.d.sendibm3.com\/mk\/cl\/f\/A3FoCThlBe89Mf22JJnjrMluc1X7QbkEEnbi3LHBZjaKIMPwPbelHt065PO-BCT-mQATH1xGTCipQUNM11YgvIBWrZMGLNcFOOa0ugLLW_zYb-wVHM-9RVIeMDtEtqrg1BGliT04LriYrPY4Vhscmr9bDyl_gU9s92PbMD64MkqqAq2n3ef0FQLDXBd-LBIzYjIOneqCphRJr97oSHsKl7TORadSQ0k97UwsOqhVvXquEP6y0H5rlPbgAzqnDb_Q-XnDqc0xPQc94Y5x\">Le R\u00e8gne du Dollar am\u00e9ricain : le d\u00e9but de la fin ?<\/a> (Elucid)<\/p>\n\n\n\n<p><strong><mark style=\"background-color:rgba(0, 0, 0, 0);color:#f20823\" class=\"has-inline-color\">3 f\u00e9vrier en continu<\/mark><\/strong><\/p>\n\n\n\n<p><a href=\"https:\/\/info.alternatives-economiques.fr\/optiext\/optiextension.dll?ID=lPOlOo6zb1gWqRjKDgBY6LZb_9GobzJY%2BtJzXTg6lP0MFNGBcXwQqTtlsTkPk5SlOW18Gmb8xl86u0AY%2BtolqBRVVbyde\" target=\"_blank\" rel=\"noreferrer noopener\">Logement : le choc d&rsquo;offre n&rsquo;a pas eu lieu<\/a> (Alter \u00e9co)<\/p>\n\n\n\n<p><a href=\"https:\/\/common.indigo-net.com\/lib\/cookie_log\/redirector.asp?mail=n.chevillard@noos.fr&amp;ID=454650&amp;DOCIID=109703480&amp;ENAIID=709617&amp;RETOUR=SIMPLE&amp;link=https:\/\/www.lalettrea.fr\/medias_presse-ecrite\/2022\/02\/03\/droits-voisins--comment-les-avocats-de-la-presse-sont-pousses-a-se-retirer-face-a-google,109731427-eve?cxt=PUB&amp;utm_source=LLA&amp;utm_medium=email&amp;utm_campaign=AUTO_EDIT_SOM\" target=\"_blank\" rel=\"noreferrer noopener\">Droits voisins : les avocats de la presse pouss\u00e9s \u00e0 se retirer face \u00e0 Google<\/a> (La Lettre A)<\/p>\n\n\n\n<p><a href=\"https:\/\/redirection.b2b.infopro-digital.com\/lnk\/AWIAABk9rJAAAcXD7iAAAHnKuI0AAABZQUUAANzvAAwsSQBh-sO5wUs95DtET-aRIbsJ_Hh0kgAMCy8\/17\/EeJ40SuP5Fj0W_EewmZadg\/aHR0cHM6Ly93d3cudXNpbmVub3V2ZWxsZS5jb20vYXJ0aWNsZS90b3RhbGVuZXJnaWVzLXMtYXR0YXF1ZS1hdS1iaW9nYXotZGUtZGVjaGFyZ2UtYXZlYy12ZW9saWEuTjE3Nzk5MzcjeHRvcj1FUFItMTY5JmVtYWlsPW4uY2hldmlsbGFyZEBub29zLmZy#xtor=EPR-169&amp;email=n.chevillard@noos.fr\" target=\"_blank\" rel=\"noreferrer noopener\">TotalEnergies s\u2019attaque au biogaz de d\u00e9charge avec Veolia<\/a> (Usine Nouvelle)<\/p>\n\n\n\n<p><a href=\"https:\/\/redirection.b2b.infopro-digital.com\/lnk\/AVwAABhXaYMAAcXD7YIAAHnKuI0AAABZQTkAANzxAAwsSQBh-jbM-HIa7eaURQ-LIlSkOt32-QAMCy8\/9\/qjFyWWmEjtP_ith6Tz2lxQ\/aHR0cHM6Ly93d3cudXNpbmUtZGlnaXRhbGUuZnIvYXJ0aWNsZS92b2ljaS1sZXMtbm91dmVsbGVzLXBlcGl0ZXMtZGVzLW5leHQ0MC1ldC1mcmVuY2gtdGVjaC0xMjAuTjE3Nzk2NTcjeHRvcj1FUFItNCZlbWFpbD1uLmNoZXZpbGxhcmRAbm9vcy5mcg#xtor=EPR-4&amp;email=n.chevillard@noos.fr\" target=\"_blank\" rel=\"noreferrer noopener\">Les nouvelles p\u00e9pites des Next40 et French Tech 120<\/a> (Usine Digitale)<\/p>\n\n\n\n<p><a href=\"https:\/\/redirection.b2b.infopro-digital.com\/lnk\/AVwAABhXaYMAAcXD7YIAAHnKuI0AAABZQTkAANzxAAwsSQBh-jbM-HIa7eaURQ-LIlSkOt32-QAMCy8\/21\/A5cFQyGapZJ0F0Lb1H99zA\/aHR0cHM6Ly93d3cudXNpbmUtZGlnaXRhbGUuZnIvYXJ0aWNsZS9ib3Vyc29yYW1hLXNldWwtZW4tbGljZS1wb3VyLXJlcHJlbmRyZS1sZXMtY2xpZW50cy1kZS1sYS1iYW5xdWUtaW5nLk4xNzc5ODAyI3h0b3I9RVBSLTQmZW1haWw9bi5jaGV2aWxsYXJkQG5vb3MuZnI#xtor=EPR-4&amp;email=n.chevillard@noos.fr\" target=\"_blank\" rel=\"noreferrer noopener\">Boursorama seul en lice pour reprendre les clients de la banque ING<\/a> (Usine Digitale)<\/p>\n\n\n\n<p><a href=\"https:\/\/redirection.b2b.infopro-digital.com\/lnk\/AVUAAEZgdeIAAcXD7WIAAHnKuI0AAABZQUUAANzvAAwsSQBh-XSJ8MPNDmLaTrKHHO1wVbnFVQAMCy8\/4\/b0OYQCUhHJdN-FwlMdaw7w\/aHR0cHM6Ly93d3cudXNpbmVub3V2ZWxsZS5jb20vYXJ0aWNsZS9zb2RpYWFsLXByZXZvaXQtZGUtZmVybWVyLWRldXgtdXNpbmVzLWVuLWZyYW5jZS5OMTc3OTgwNyN4dG9yPUVQUi0xNjkmZW1haWw9bi5jaGV2aWxsYXJkQG5vb3MuZnI#xtor=EPR-169&amp;email=n.chevillard@noos.fr\" target=\"_blank\" rel=\"noreferrer noopener\">La coop\u00e9rative laiti\u00e8re Sodiaal va fermer deux usines en France<\/a> (Usine Nouvelle)<\/p>\n\n\n\n<p><a href=\"http:\/\/t.nl.france3.fr\/r\/?id=h27e55ea2,67877586,5f358c7b&amp;p1=726375-1613287517-668363dc\" target=\"_blank\" rel=\"noreferrer noopener\">Les salari\u00e9s d&rsquo;Euroserum sonn\u00e9s par la fermeture du site de Saint-Martin-Belle-Roche<\/a> (France 3)<\/p>\n\n\n\n<p><a href=\"https:\/\/info.alternatives-economiques.fr\/optiext\/optiextension.dll?ID=w01w03s24HL%2BzyWM2ssws2EceI9tBistdeOCM_0QfNXgtKjMEP0M5E4K0WyfUZwfXYxDEPnDOrLzhNjndgl48dzaoAu2u\" target=\"_blank\" rel=\"noreferrer noopener\">Le spectre de la dette publique&nbsp;plane sur la campagne<\/a> (Alter \u00e9co)<\/p>\n\n\n\n<p><a href=\"https:\/\/lanticapitaliste.org\/actualite\/economie\/croissance-cest-reparti-comme-en-14\">Croissance\u2009: c\u2019est reparti\u2026 comme en 14<\/a> (L\u2019Anticapitaliste)<\/p>\n\n\n\n<p><a href=\"https:\/\/reporterre.net\/Eau-le-gouvernement-ouvre-les-vannes-pour-l-agriculture-intensive\">Eau&nbsp;: le gouvernement ouvre les vannes pour l&rsquo;agriculture intensive<\/a> (Reporterre)<\/p>\n\n\n\n<p><strong>Monde<\/strong><\/p>\n\n\n\n<p><a href=\"https:\/\/www.connaissancedesenergies.org\/afp\/varsovie-et-prague-signent-un-accord-sur-une-mine-de-charbon-geante-controversee-220203\">Varsovie et Prague signent un accord sur une mine de charbon controvers\u00e9e<\/a> (AFP)<\/p>\n\n\n\n<p><a href=\"https:\/\/www.connaissancedesenergies.org\/afp\/cout-de-la-vie-le-gouvernement-britannique-annonce-9-milliards-de-livres-daides-220203\">Le gouvernement britannique annonce 9 milliards de livres d&rsquo;aides<\/a> (AFP)<\/p>\n\n\n\n<p><a href=\"https:\/\/www.connaissancedesenergies.org\/afp\/cyberattaque-des-sites-portuaires-vises-en-allemagne-pays-bas-et-belgique-220203\">Cyberattaque des sites portuaires vis\u00e9s en Allemagne, Pays-Bas et Belgique<\/a> (AFP)<\/p>\n\n\n\n<p><a href=\"https:\/\/www.connaissancedesenergies.org\/afp\/le-petrole-stable-apres-la-decision-sans-surprise-de-lopep-et-les-stocks-americains-220202\">Le p\u00e9trole stable apr\u00e8s la d\u00e9cision sans surprise de l&rsquo;Opep+ et les stocks am\u00e9ricains<\/a> (AFP)<\/p>\n\n\n\n<p><a href=\"https:\/\/www.connaissancedesenergies.org\/afp\/nucleaire-le-point-sur-les-limites-du-label-vert-europeen-220202\">Nucl\u00e9aire : le point sur les limites du \u00ab label vert \u00bb europ\u00e9en<\/a> (AFP)<\/p>\n\n\n\n<p><a href=\"https:\/\/www.connaissancedesenergies.org\/prix-du-gaz-naturel-en-2021-un-rappel-brutal-le-charbon-la-fete-220202\">Prix du gaz naturel en 2021 : un \u00ab&nbsp;rappel brutal&nbsp;\u00bb, le charbon \u00e0 la f\u00eate<\/a> (Connaissance des \u00e9nergies)<\/p>\n\n\n\n<p><a href=\"https:\/\/redirection.b2b.infopro-digital.com\/lnk\/AMcAAHICYQcAAcXD7koAAHnKuI0AAABZQTkAANzxAAwsSQBh-4j1kJwqNzmESp2TQSOjzyeczgAMCy8\/13\/s2_XZ0Vq2iIAyA5zgVm7Fw\/aHR0cHM6Ly93d3cudXNpbmUtZGlnaXRhbGUuZnIvYXJ0aWNsZS9nb29nbGUtdG91am91cnMtYXVzc2ktZGVwZW5kYW50LWRlLWxhLXB1YmxpY2l0ZS1yZWFsaXNlLWRlcy1wcm9maXRzLXJlY29yZC5OMTc4MDEyNyN4dG9yPUVQUi00JmVtYWlsPW4uY2hldmlsbGFyZEBub29zLmZy#xtor=EPR-4&amp;email=n.chevillard@noos.fr\" target=\"_blank\" rel=\"noreferrer noopener\">Google, toujours aussi d\u00e9pendant de la publicit\u00e9, r\u00e9alise des profits record<\/a> (Usine Digitale)<\/p>\n\n\n\n<p><a href=\"https:\/\/redirection.b2b.infopro-digital.com\/lnk\/AVUAAEZgdeIAAcXD7WIAAHnKuI0AAABZQUUAANzvAAwsSQBh-XSJ8MPNDmLaTrKHHO1wVbnFVQAMCy8\/7\/Rdeaco7G46Pfp-wSIcG8ag\/aHR0cHM6Ly93d3cudXNpbmVub3V2ZWxsZS5jb20vYXJ0aWNsZS9lbi1mcm9pZC1hdmVjLWFpcmJ1cy1xYXRhci1haXJ3YXlzLWNvbW1hbmRlLTM0LWF2aW9ucy1jYXJnby03Nzd4LWEtYm9laW5nLk4xNzc5NzQyI3h0b3I9RVBSLTE2OSZlbWFpbD1uLmNoZXZpbGxhcmRAbm9vcy5mcg#xtor=EPR-169&amp;email=n.chevillard@noos.fr\" target=\"_blank\" rel=\"noreferrer noopener\">En froid avec Airbus, Qatar Airways commande 34 avions-cargo 777X \u00e0 Boeing<\/a> (Usine Nouvelle)<\/p>\n\n\n\n<p><strong><a href=\"https:\/\/info.mediapart.fr\/optiext\/optiextension.dll?ID=kOPkRrR3s2I24o%2Bpzrq3DdJeu_JGZehghfJRPnra0DABKh%2BAcI5gIGRmIaE%2BRtnooV63sgIGQyTWndKlhECcxuIjg6fsR\">Le vaccin de Pfizer, une machine \u00e0 profits d\u00e9mesur\u00e9s<\/a> <\/strong>(MDP)<\/p>\n\n\n\n<p><a href=\"https:\/\/info.mediapart.fr\/optiext\/optiextension.dll?ID=kOPkS0_kAG3IuOeAz7pYpBSSXkESjTb7jhLRuNN1KjWRSNN6cj0km0wlOsJvDO7QswzOIitkBrm_WYXKtLd9DsIPjVWcW\">Malgr\u00e9 les pressions, Pr\u00e9sidente Commission toujours aussi opaque sur ses n\u00e9gociations avec labos<\/a> (MDP)<\/p>\n\n\n\n<p><a href=\"https:\/\/76835.r.ag.d.sendibm3.com\/mk\/cl\/f\/t97cXMej-vodl2vk6UMt_A2iBGhCgUglwvDH02jNypeyMXLI_59SskE2VmlnQjdFw8-jFU_HIO12bH18kZ88T6nectF72Pd-rcJQ8GfvLDnCBq15c84L6Dckwaz4B8dwF1UZzDf-suHHPMRJgK7iyrGGhLf5TVh3AUDt4zjCsVAi96Lsy1pQNd8jDkC9PLLA-Q8LXWMbschbv5OEYgjKEJZ1ftZUZy52NSFw8hLOzPX-Hy-aanhvZNrT1nOGWpviS5hIy6GImxQZhsOUxvW5lHZpiAmZjA\">P<\/a><strong><a href=\"https:\/\/76835.r.ag.d.sendibm3.com\/mk\/cl\/f\/t97cXMej-vodl2vk6UMt_A2iBGhCgUglwvDH02jNypeyMXLI_59SskE2VmlnQjdFw8-jFU_HIO12bH18kZ88T6nectF72Pd-rcJQ8GfvLDnCBq15c84L6Dckwaz4B8dwF1UZzDf-suHHPMRJgK7iyrGGhLf5TVh3AUDt4zjCsVAi96Lsy1pQNd8jDkC9PLLA-Q8LXWMbschbv5OEYgjKEJZ1ftZUZy52NSFw8hLOzPX-Hy-aanhvZNrT1nOGWpviS5hIy6GImxQZhsOUxvW5lHZpiAmZjA\">rix de l\u2019\u00e9lectricit\u00e9 : EDF et l\u2019\u00e9chec de la lib\u00e9ralisation du march\u00e9 europ\u00e9en<\/a> (Elucid)<\/strong><\/p>\n\n\n\n<p><strong>Analyse<\/strong><\/p>\n\n\n\n<p><a href=\"https:\/\/info.alternatives-economiques.fr\/optiext\/optiextension.dll?ID=lPOlU10w%2BpbQtS9xi9jPliyUcRYoaZe4kHTUGrTnzkQFy5X7cxzAUZ7nKPLWhBZXy6pDqQOasFi3OzwKVIJWTl35bKOdr\" target=\"_blank\" rel=\"noreferrer noopener\">La bataille de l\u2019emploi est-elle vraiment gagn\u00e9e&nbsp;?<\/a> (Alter \u00e9co)<\/p>\n\n\n\n<p><a href=\"https:\/\/info.alternatives-economiques.fr\/optiext\/optiextension.dll?ID=lPOlU6bAWc3SOJO3zKmXlb5iDnSfjaJH2h3wCYNjbmaORvC7cdB4w3uwvwfCmB8_DEe%2BI77AX65taBSpkaNjXI58u5tlr\" target=\"_blank\" rel=\"noreferrer noopener\">A mort les droits de succession, vive l\u2019imp\u00f4t sur le revenu lors des successions&nbsp;?<\/a> (Alter \u00e9co)<\/p>\n\n\n\n<p><a href=\"https:\/\/info.alternatives-economiques.fr\/optiext\/optiextension.dll?ID=w01w17yY23xERS1BvXfUbi23BKQqmzAg3atIHF15N_SfMjggE7Q5Mrh9CaVFjHZyniKuzIHyGDMkHBbxv1VDNOEwK%2Blgt\" target=\"_blank\" rel=\"noreferrer noopener\">Immigration&nbsp;: Ia politique publique la plus co\u00fbt-inefficace&nbsp;?<\/a> (Alter \u00e9co)<\/p>\n\n\n\n<p><a href=\"https:\/\/reporterre.net\/Petrole-gaz-charbon-les-energies-fossiles-en-plein-boom\">P\u00e9trole, gaz, charbon&nbsp;: les \u00e9nergies fossiles en plein boom<\/a> (Reporterre)<\/p>\n\n\n\n<p><a href=\"https:\/\/la-chronique-agora.com\/ratio-roi-bourse\/?bsft_aaid=8d7bfbb2-9574-4a5c-ad3d-53faf0fc196f&amp;bsft_eid=7c5884fc-e533-1cf0-e71f-deaf7b6615cb&amp;utm_campaign=edito-220202-lca-newsletter&amp;utm_source=blueshift&amp;utm_medium=email&amp;utm_content=edito-220202-lca-newsletter&amp;bsft_clkid=fed83ee1-f5b0-4aa1-a055-35a598cd16c0&amp;bsft_uid=ad9fd23f-4e7a-48f4-baf7-fd8089cf0e95&amp;bsft_mid=f2f353e7-21d5-4614-950b-d9b7be117995&amp;bsft_utid=ad9fd23f-4e7a-48f4-baf7-fd8089cf0e95-LCA&amp;bsft_mime_type=html&amp;bsft_ek=2022-02-02T11%3A00%3A39Z&amp;bsft_lx=2&amp;bsft_tv=5\">Le ratio roi de la&nbsp; Bourse<\/a> -Bruno Bertez<\/p>\n\n\n\n<div class=\"wp-block-image is-style-default\"><figure class=\"aligncenter is-resized\"><img data-recalc-dims=\"1\" loading=\"lazy\" decoding=\"async\" src=\"https:\/\/i0.wp.com\/la-chronique-agora.com\/wp-content\/uploads\/2022\/02\/220201-LCA-2-1.png?resize=531%2C345&#038;ssl=1\" alt=\"\" class=\"wp-image-65698\" width=\"531\" height=\"345\"\/><\/figure><\/div>\n\n\n\n<p><strong><mark style=\"background-color:rgba(0, 0, 0, 0);color:#f20823\" class=\"has-inline-color\">2 f\u00e9vrier en continu<\/mark><\/strong><\/p>\n\n\n\n<p><strong>France<\/strong><\/p>\n\n\n\n<p><a href=\"https:\/\/www.boursorama.com\/actualite-economique\/actualites\/proces-wendel-prison-ferme-requise-contre-l-ex-patron-des-patrons-ernest-antoine-seilliere-4f63aec3bfa2b972be28136f367f6e6e\">Proc\u00e8s Wendel : prison ferme requise contre l&rsquo;ex-patron des patrons Ernest-Antoine Seilli\u00e8re<\/a> (AFP)<\/p>\n\n\n\n<p><a href=\"https:\/\/www.boursorama.com\/videos\/actualites\/orpea-maltraitance-en-ehpad-le-gouvernement-lance-deux-enquetes-sur-le-groupe-5e5229a7954639489fc69456cfd085ad\">Orpea : maltraitance en Ehpad ? Le gouvernement lance deux enqu\u00eates sur le groupe<\/a> (France 24)<\/p>\n\n\n\n<p><a href=\"https:\/\/www.boursorama.com\/actualite-economique\/actualites\/chomage-retraites-les-independants-veulent-les-memes-droits-que-les-salaries-etude-5bc687a770d0697672621a83a43c18a1\">Ch\u00f4mage, retraites : les ind\u00e9pendants veulent les m\u00eames droits que les salari\u00e9s <\/a>&nbsp;(AFP)<\/p>\n\n\n\n<p><a href=\"https:\/\/www.boursorama.com\/actualite-economique\/actualites\/amiens-l-ex-repreneur-de-whirlpool-condamne-a-du-sursis-0def1b3830015cace1badd5a828a33fa\">Amiens : l&rsquo;ex-repreneur de Whirlpool condamn\u00e9 \u00e0 du sursis<\/a> (AFP)<\/p>\n\n\n\n<p><a href=\"https:\/\/www.boursorama.com\/actualite-economique\/actualites\/ouganda-totalenergies-et-cnooc-ont-conclu-un-megaprojet-d-investissement-de-10-milliards-de-dollars-200eaf33da12d8437d9baea6b6c33cf6\">Ouganda : TotalEnergies et CNOOC ont conclu un m\u00e9gaprojet de 10 milliards $<\/a> &nbsp;(AFP)<\/p>\n\n\n\n<p><a href=\"https:\/\/lareleveetlapeste.fr\/fevrier-sans-supermarche-veut-sauver-les-petits-commerces-independants\/\">\u00ab F\u00e9vrier sans supermarch\u00e9 \u00bb veut sauver les petits commerces ind\u00e9pendants<\/a> (La Rel\u00e8ve et La Peste)<\/p>\n\n\n\n<figure class=\"wp-block-image is-resized is-style-default\"><img data-recalc-dims=\"1\" loading=\"lazy\" decoding=\"async\" src=\"https:\/\/i0.wp.com\/static.mediapart.fr\/etmagine\/default\/files\/2022\/01\/31\/scandale-ehpad-orpea-l-heure-des-regrets-1024x1002.jpg?resize=366%2C358&#038;ssl=1\" alt=\"scandale-ehpad-orpea-l-heure-des-regrets-1024x1002\" width=\"366\" height=\"358\"\/><\/figure>\n\n\n\n<p><strong>Monde<\/strong><\/p>\n\n\n\n<p><a href=\"https:\/\/www.boursorama.com\/actualite-economique\/actualites\/l-opep-ne-devrait-pas-accelerer-la-hausse-de-sa-production-d1d9c333caa250eee5c1e870671ca0ec\">L&rsquo;Opep+ ne devrait pas acc\u00e9l\u00e9rer la hausse de sa production<\/a> (Reuters)<\/p>\n\n\n\n<p><a href=\"https:\/\/www.boursorama.com\/actualite-economique\/actualites\/zone-euro-nouveau-record-pour-l-inflation-en-janvier-a-5-1-sur-un-an-b671bd20915dac86e35b8acdefb26056\">Zone euro : Nouveau record pour l&rsquo;inflation en janvier, \u00e0 5,1% sur un an<\/a> (Reuters)<\/p>\n\n\n\n<p><a href=\"https:\/\/www.boursorama.com\/actualite-economique\/actualites\/energie-durables-bruxelles-adoube-le-nucleaire-et-le-gaz-malgre-les-protestations-77be730e75fe0822b93d4207df1d2fe9\">\u00ab\u00a0\u00c9nergie durables\u00a0\u00bb : Bruxelles adoube le nucl\u00e9aire et le gaz, malgr\u00e9 les protestations<\/a> (Boursorama)<\/p>\n\n\n\n<p><a href=\"https:\/\/www.boursorama.com\/actualite-economique\/actualites\/nouvel-arret-des-flux-de-gaz-vers-l-allemagne-via-le-gazoduc-yamal-europe-bf42a5ece8f9f05d54b86fed666ac57f\">Nouvel arr\u00eat des flux de gaz vers l&rsquo;Allemagne via le gazoduc Yamal-Europe<\/a> (Reuters)<\/p>\n\n\n\n<p><a href=\"https:\/\/www.boursorama.com\/actualite-economique\/actualites\/automobile-les-ventes-d-hybrides-ont-egale-le-diesel-en-europe-en-2021-21ea04d0e330f37517488b0fe592ed55\">Automobile : les ventes d&rsquo;hybrides ont \u00e9gal\u00e9 le diesel en Europe en 2021<\/a> (AFP)<\/p>\n\n\n\n<p><a href=\"https:\/\/www.boursorama.com\/actualite-economique\/actualites\/60-ans-d-embargo-americain-contre-cuba-cinq-choses-a-savoir-0475a65169be9a412e68f398ede9ca28\">60 ans d&#8217;embargo am\u00e9ricain contre Cuba : cinq choses \u00e0 savoir<\/a> (AFP)<\/p>\n\n\n\n<p><a href=\"https:\/\/www.boursorama.com\/videos\/actualites\/turquie-l-inflation-galopante-met-a-mal-le-pouvoir-d-achat-4b6bdaa961ca769d513b4dcb65ac0e0b\">Turquie : l&rsquo;inflation galopante met \u00e0 mal le pouvoir d&rsquo;achat<\/a> (France 24)<\/p>\n\n\n\n<p><a href=\"https:\/\/www.boursorama.com\/actualite-economique\/actualites\/zone-euro-le-taux-de-chomage-au-plus-bas-depuis-1998-f72ef035e1f2c7217386c6fa9a320d80\">Zone euro : Le taux de ch\u00f4mage au plus bas depuis 1998<\/a> (Reuters)<\/p>\n\n\n\n<p><a href=\"https:\/\/76835.r.ag.d.sendibm3.com\/mk\/cl\/f\/k1v6sj7dAz-bbQLwvEKj3_EsMCBTEGkPcx2EPtXvoBiyriUUBrjE7XS6QPdm-NXg6lIb4asS1FPWtnxWQ1vXD887JgQi9oAOkEbHtJfhVweLr7H2l-Eocynesl0vipxjwfMEafbSNNGn6EDAo5a9BNeOQWGEcrc8b_9fJEEQhjyYa9h2Z5e2zxm96y1D4HMOwHcrsKLw3mYl80w90VbWHS0GgwFRw0uzHM5b2sUDO3lpzekWivKI9_KFjtMviSyUJtGn6jVZA7c5_IqPHkg0c2NR\">En Espagne et en Italie, la dette publique au plus haut<\/a> (Elucid)<\/p>\n\n\n\n<p><a href=\"https:\/\/www.boursorama.com\/actualite-economique\/actualites\/google-a-quasiment-double-ses-profits-annuels-mais-les-accusations-de-monopole-s-amoncellent-789836bb4bdc84b5dea826405b30885f\">Google a doubl\u00e9 ses profits annuels, mais les accusations de monopole s&rsquo;amoncellent<\/a> (AFP)<\/p>\n\n\n\n<p><strong>Analyse<\/strong><\/p>\n\n\n\n<p><a href=\"https:\/\/www.euractiv.fr\/section\/commerce-industrie\/news\/metaux-pour-les-batteries-leurope-mise-sur-leconomie-circulaire-et-des-accords-commerciaux\/\">Pour les batteries, l\u2019Europe mise sur l\u2019\u00e9conomie circulaire et des accords commerciaux<\/a> (ang-Euractiv)<\/p>\n\n\n\n<p><a href=\"http:\/\/cadtm.org\/La-Banque-mondiale-et-le-FMI-reconnaissent-que-l-ecart-se-creuse-de-plus-en\">BM et le FMI reconnaissent que l&rsquo;\u00e9cart se creuse de plus en plus entre le Nord et le Sud<\/a> (CADTM)<\/p>\n\n\n\n<p><a href=\"http:\/\/cadtm.org\/A-qui-profite-les-restructurations-de-dettes-souveraines\">A qui profite les restructurations de dettes souveraines ?<\/a> (CADTM)<\/p>\n\n\n\n<p><strong><span style=\"color:#f20823\" class=\"has-inline-color\">1er f\u00e9vrier en continu<\/span><\/strong><\/p>\n\n\n\n<p><strong>France<\/strong><\/p>\n\n\n\n<p><a href=\"https:\/\/www.connaissancedesenergies.org\/afp\/electricite-des-batteries-de-voitures-electriques-pourront-aider-equilibrer-le-reseau-220201\">Electricit\u00e9 : des batteries de voitures \u00e9lectriques pour aider \u00e0 \u00e9quilibrer le r\u00e9seau<\/a> (AFP)<\/p>\n\n\n\n<p><a href=\"https:\/\/common.indigo-net.com\/lib\/cookie_log\/redirector.asp?mail=n.chevillard@noos.fr&amp;ID=454330&amp;DOCIID=109703480&amp;ENAIID=709300&amp;RETOUR=SIMPLE&amp;link=https:\/\/www.intelligenceonline.fr\/grands-contrats\/2022\/02\/01\/tout-comme-kazimi-les-contrats-irakiens-du-cac-desormais-sur-la-sellette,109730202-evg?cxt=PUB&amp;utm_source=LMR&amp;utm_medium=email&amp;utm_campaign=AUTO_EDIT_SOM\" target=\"_blank\" rel=\"noreferrer noopener\">\u2018Initiative Macron\u2019 \u00e0 Bagdad&nbsp;: les contrats irakiens du CAC d\u00e9sormais sur la sellette<\/a> (Intelligence Online)<\/p>\n\n\n\n<p><a href=\"https:\/\/common.indigo-net.com\/lib\/cookie_log\/redirector.asp?mail=n.chevillard@noos.fr&amp;ID=454130&amp;DOCIID=109703480&amp;ENAIID=709101&amp;RETOUR=SIMPLE&amp;link=https:\/\/www.lalettrea.fr\/action-publique_executif\/2022\/01\/31\/comment-jean-luc-tavernier-protege-l-insee-des-mauvais-coups-de-la-campagne-electorale,109730338-ge0?cxt=PUB&amp;utm_source=LLA&amp;utm_medium=email&amp;utm_campaign=AUTO_EDIT_SOM\" target=\"_blank\" rel=\"noreferrer noopener\">Prot\u00e9ger l&rsquo;Insee des mauvais coups de la campagne \u00e9lectorale<\/a> (La lettre A)<\/p>\n\n\n\n<p><a href=\"https:\/\/redirection.b2b.infopro-digital.com\/lnk\/AVoAABvkf_EAAcXD7HoAAHnKuI0AAABZQUUAANzvAAwsSQBh-CE-blDxQEwkSPyUaZ09vyZi3QAMCy8\/20\/eYQSHUvr_UYa1F-gPmjSnQ\/aHR0cHM6Ly93d3cudXNpbmVub3V2ZWxsZS5jb20vYXJ0aWNsZS9jb21tZW50LXBlbmx5LWV0LWxhLW5vcm1hbmRpZS1zZS1wcmVwYXJlbnQtYS1sLWFycml2ZWUtZGUtZGV1eC1lcHItbm91dmVsbGUtZ2VuZXJhdGlvbi5OMTc3Nzg5MiN4dG9yPUVQUi0xNjkmZW1haWw9bi5jaGV2aWxsYXJkQG5vb3MuZnI#xtor=EPR-169&amp;email=n.chevillard@noos.fr\" target=\"_blank\" rel=\"noreferrer noopener\">Comment Penly et la Normandie se pr\u00e9parent \u00e0 l\u2019arriv\u00e9e de deux EPR nouvelle g\u00e9n\u00e9ration<\/a> (Usine Nouvelle)<\/p>\n\n\n\n<p><a href=\"https:\/\/www.novethic.fr\/actualite\/energie\/transition-energetique\/isr-rse\/hausse-des-prix-des-carburants-la-transition-ecologique-reste-la-grande-oubliee-du-gouvernement-150529.html?utm_source=AlertesThematique&amp;utm_campaign=31-01-2022&amp;utm_medium=email\" target=\"_blank\" rel=\"noreferrer noopener\">Carburants : la transition \u00e9cologique reste la grande oubli\u00e9e du gouvernement<\/a> (Novethic)<\/p>\n\n\n\n<p><a href=\"https:\/\/blogs.mediapart.fr\/gasparotto-jean-philippe\/blog\/300122\/livret-1-merci-du-cadeau?utm_source=global&amp;utm_medium=social&amp;utm_campaign=SharingApp&amp;xtor=CS3-5\" target=\"_blank\" rel=\"noreferrer noopener\">Livret A \u00e0 1%. Merci du cadeau !<\/a> (Blog J.P. Gasparotto)<\/p>\n\n\n\n<p><a href=\"https:\/\/redirection.b2b.infopro-digital.com\/lnk\/AM4AAL8R6bQAAcXD7MYAAHnKuI0AAABZQTkAANzxAAwsSQBh-OTlZbAjOZZwTR-NmgDwPb-x0wAMCy8\/9\/cbqo-p8dh1JhPyKEvAbcrg\/aHR0cHM6Ly93d3cudXNpbmUtZGlnaXRhbGUuZnIvYXJ0aWNsZS9jb21tZW50LXNlLXByZW11bmlyLWNvbnRyZS1sYS1tZW5hY2UtcXVhbnRpcXVlLXN1ci1sYS1jb25maWRlbnRpYWxpdGUtZGVzLWRvbm5lZXMtbC1hbnNzaS1yZXBvbmQuTjE3NzkzODcjeHRvcj1FUFItNCZlbWFpbD1uLmNoZXZpbGxhcmRAbm9vcy5mcg#xtor=EPR-4&amp;email=n.chevillard@noos.fr\" target=\"_blank\" rel=\"noreferrer noopener\">Cybers\u00e9curit\u00e9 : l&rsquo;Anssi anticipe la menace quantique et adaptera ses visas<\/a> (Usine Digitale)<\/p>\n\n\n\n<p><a href=\"https:\/\/redirection.b2b.infopro-digital.com\/lnk\/AM4AAL8R6bQAAcXD7MYAAHnKuI0AAABZQTkAANzxAAwsSQBh-OTlZbAjOZZwTR-NmgDwPb-x0wAMCy8\/13\/3eoNFsmxIh6PMmw3lA9p6Q\/aHR0cHM6Ly93d3cudXNpbmUtZGlnaXRhbGUuZnIvZWRpdG9yaWFsL2xlLWNvbnNlaWwtZC1ldGF0LXZhbGlkZS1sLWFtZW5kZS1pbmZsaWdlZS1hLWdvb2dsZS1wb3VyLWRlcy12aW9sYXRpb25zLWxpZWVzLWF1eC1jb29raWVzLXB1YmxpY2l0YWlyZXMuTjE3NzkyMTIjeHRvcj1FUFItNCZlbWFpbD1uLmNoZXZpbGxhcmRAbm9vcy5mcg#xtor=EPR-4&amp;email=n.chevillard@noos.fr\" target=\"_blank\" rel=\"noreferrer noopener\">Le Conseil d&rsquo;Etat valide l&rsquo;amende inflig\u00e9e \u00e0 Google (cookies publicitaires)<\/a> (Usine Digitale)<\/p>\n\n\n\n<p><a href=\"https:\/\/redirection.b2b.infopro-digital.com\/lnk\/AV4AAB0bK94AAcXD7AIAAHnKuI0AAABZQTkAANzxAAwsSQBh95VGWqdIaa51QjmR8AHxBguPYgAMCy8\/9\/7E821vQdVBeTbvZcuJigmA\/aHR0cHM6Ly93d3cudXNpbmUtZGlnaXRhbGUuZnIvYXJ0aWNsZS9sZS1taW5pc3RlcmUtZGUtbGEtanVzdGljZS12aWN0aW1lLWQtdW4tcmFuc29td2FyZS5OMTc3ODczNyN4dG9yPUVQUi00JmVtYWlsPW4uY2hldmlsbGFyZEBub29zLmZy#xtor=EPR-4&amp;email=n.chevillard@noos.fr\" target=\"_blank\" rel=\"noreferrer noopener\">Le minist\u00e8re de la Justice victime d&rsquo;un ransomware ?<\/a> (Usine Digitale)<\/p>\n\n\n\n<p><strong><a href=\"http:\/\/www.regards.fr\/actu\/economie\/mad-marx\/article\/le-medef-presente-le-programme-commun-des-droites\">Le Medef pr\u00e9sente : le programme commun des droites<\/a>&nbsp; -Bernard Marx (Regards)<\/strong><\/p>\n\n\n\n<figure class=\"wp-block-image is-resized is-style-default\"><img data-recalc-dims=\"1\" loading=\"lazy\" decoding=\"async\" src=\"https:\/\/i0.wp.com\/mamot.fr\/system\/media_attachments\/files\/107\/688\/014\/821\/207\/869\/original\/b21d5a6f3121577c.png?resize=370%2C437&#038;ssl=1\" alt=\"\" width=\"370\" height=\"437\"\/><\/figure>\n\n\n\n<p><strong>Monde<\/strong><\/p>\n\n\n\n<p><a href=\"https:\/\/www.connaissancedesenergies.org\/afp\/leurope-des-batteries-risque-de-patiner-lallumage-faute-de-metaux-220201\">L&rsquo;Europe des batteries risque de patiner \u00e0 l&rsquo;allumage, faute de m\u00e9taux<\/a> (AFP)<\/p>\n\n\n\n<p><a href=\"https:\/\/www.connaissancedesenergies.org\/afp\/le-gouvernement-biden-va-reimposer-aux-centrales-des-limites-au-rejet-de-mercure-220201\">USA&nbsp;: Biden va r\u00e9imposer aux centrales des limites au rejet de mercure<\/a> (AFP)<\/p>\n\n\n\n<p><a href=\"https:\/\/common.indigo-net.com\/lib\/cookie_log\/redirector.asp?mail=n.chevillard@noos.fr&amp;ID=454309&amp;DOCIID=109703480&amp;ENAIID=709279&amp;RETOUR=SIMPLE&amp;link=https:\/\/www.africaintelligence.fr\/petrole-et-gaz_strategies-entreprise\/2022\/02\/01\/le-sacre-du-developpement-de-tilenga-par-totalenergies-attendu-pour-aujourd-hui,109730605-bre?cxt=PUB&amp;utm_source=AIF&amp;utm_medium=email&amp;utm_campaign=AUTO_EDIT_SOM\" target=\"_blank\" rel=\"noreferrer noopener\">Ouganda&nbsp;: le sacre du d\u00e9veloppement de Tilenga par TotalEnergies aujourd&rsquo;hui<\/a> (African Intelligence)<\/p>\n\n\n\n<p><a href=\"https:\/\/common.indigo-net.com\/lib\/cookie_log\/redirector.asp?mail=n.chevillard@noos.fr&amp;ID=454330&amp;DOCIID=109703480&amp;ENAIID=709300&amp;RETOUR=SIMPLE&amp;link=https:\/\/www.intelligenceonline.fr\/renseignement-d-etat\/2022\/02\/01\/varsovie-embarrassee-par-la-publication-de-son-inventaire-militaire,109730221-art?cxt=PUB&amp;utm_source=LMR&amp;utm_medium=email&amp;utm_campaign=AUTO_EDIT_SOM\" target=\"_blank\" rel=\"noreferrer noopener\">Varsovie embarrass\u00e9e par la publication de son inventaire militaire<\/a> (Intelligence Online)<\/p>\n\n\n\n<p><a href=\"https:\/\/info.alternatives-economiques.fr\/optiext\/optiextension.dll?ID=pTSpTAosnkWZyAlfCHroYKtrLyPnngdkKU6%2BX%2BkK_vOnXogFhw536NbpJLAwpu3eVWtZo8_HXdmmQpb_DNTxrLx7F%2B5N3\" target=\"_blank\" rel=\"noreferrer noopener\">Le rock\u2019n\u2019roll, un placement en platine<\/a> (Alter \u00e9co)<\/p>\n\n\n\n<p>F<a href=\"https:\/\/adamtooze.substack.com\/p\/chartbook-76-strategy-of-tension?r=94f0a&amp;utm_campaign=post&amp;utm_medium=email\">orces \u00e9conomiques respectives participants \u00e0 strat\u00e9gie tension en Ukraine <\/a>(ang-Adam Tooze Chartbook)<\/p>\n\n\n\n<p><strong>Analyse<\/strong><\/p>\n\n\n\n<p><a href=\"https:\/\/info.alternatives-economiques.fr\/optiext\/optiextension.dll?ID=pTSpUDAjzqa%2BzokzccquGk6rYUWNRDIDmUACJHDq04rwYq0%2BheK9S0RwnCy7P7C6lW7TwGbw8rCjFxQ6k58LkYcNN753G\" target=\"_blank\" rel=\"noreferrer noopener\">Six exp\u00e9rimentations solidaires pour lutter contre la pauvret\u00e9<\/a> (Alter \u00e9co)<\/p>\n\n\n\n<p><a href=\"https:\/\/76835.r.ag.d.sendibm3.com\/mk\/cl\/f\/UPzvJ1eVKwExTB6R-5B230H52Ch6JVtqnMII8b0rRm4mHL2O-wCUXOjJBt3kRo5H1OVdYcvVie0NHUIccuhmbB4LePOW8AnMXNYGHtyJTEvGzSG_S2Tpxlg0DWI5tHUkI1ZJy-pvRqEf4MPYPe0MdGED4vFTZ0JtIiLelhe662jQ6SdtN_OXk_F1nL9KgAd4muuvBPsfO-0UXRuDqE_hG8280t1FUuYguYgjJId7B-1kQ0iyEm9shwom7O9rRuU2QKZddNd5DkCCXbKrpC7d-Yt-2emwtGp-6ArWf3rTAH7iEUo\">Michel Camdessus : \u00ab La finance r\u00e9duit l\u2019Homme \u00e0 une avidit\u00e9 irrationnelle \u00bb<\/a> (Elucid)<\/p>\n\n\n\n<p> <a href=\"https:\/\/video.liberta.vip\/w\/tpX5vsfgriRpWXc2VgApJD\">La critique de la valeur \u2013 <\/a>Anselm Jappe, trois parties (video.liberta.vip)<\/p>\n","protected":false},"excerpt":{"rendered":"<p>1er Mars en continu \u00c9tats-Unis et Union europ\u00e9enne frappent Poutine en plein portefeuille (Charlie Hebdo) Paris-2024\u00a0: la v\u00e9rit\u00e9 sur le business de la flamme olympique (Juste Milieu) 28 F\u00e9vrier en continu France Ehpad : la Cour des comptes pr\u00e9conise au moins 1,3 milliard en plus pour am\u00e9liorer les soins (AFP) Nouvelle ligne Provence-C\u00f4te d&rsquo;Azur : &#8230; <a title=\"F\u00e9vrier &#8211; Economie\" class=\"read-more\" href=\"https:\/\/www.rdpemancipation.org\/?p=68945\" aria-label=\"En savoir plus sur F\u00e9vrier &#8211; Economie\">Lire la suite<\/a><\/p>\n","protected":false},"author":1,"featured_media":0,"comment_status":"closed","ping_status":"closed","sticky":false,"template":"","format":"standard","meta":{"_lmt_disableupdate":"no","_lmt_disable":"no","_jetpack_memberships_contains_paid_content":false,"footnotes":""},"categories":[11],"tags":[],"class_list":["post-68945","post","type-post","status-publish","format-standard","hentry","category-economie"],"modified_by":"ype","jetpack_featured_media_url":"","jetpack_sharing_enabled":true,"_links":{"self":[{"href":"https:\/\/www.rdpemancipation.org\/index.php?rest_route=\/wp\/v2\/posts\/68945","targetHints":{"allow":["GET"]}}],"collection":[{"href":"https:\/\/www.rdpemancipation.org\/index.php?rest_route=\/wp\/v2\/posts"}],"about":[{"href":"https:\/\/www.rdpemancipation.org\/index.php?rest_route=\/wp\/v2\/types\/post"}],"author":[{"embeddable":true,"href":"https:\/\/www.rdpemancipation.org\/index.php?rest_route=\/wp\/v2\/users\/1"}],"replies":[{"embeddable":true,"href":"https:\/\/www.rdpemancipation.org\/index.php?rest_route=%2Fwp%2Fv2%2Fcomments&post=68945"}],"version-history":[{"count":129,"href":"https:\/\/www.rdpemancipation.org\/index.php?rest_route=\/wp\/v2\/posts\/68945\/revisions"}],"predecessor-version":[{"id":73622,"href":"https:\/\/www.rdpemancipation.org\/index.php?rest_route=\/wp\/v2\/posts\/68945\/revisions\/73622"}],"wp:attachment":[{"href":"https:\/\/www.rdpemancipation.org\/index.php?rest_route=%2Fwp%2Fv2%2Fmedia&parent=68945"}],"wp:term":[{"taxonomy":"category","embeddable":true,"href":"https:\/\/www.rdpemancipation.org\/index.php?rest_route=%2Fwp%2Fv2%2Fcategories&post=68945"},{"taxonomy":"post_tag","embeddable":true,"href":"https:\/\/www.rdpemancipation.org\/index.php?rest_route=%2Fwp%2Fv2%2Ftags&post=68945"}],"curies":[{"name":"wp","href":"https:\/\/api.w.org\/{rel}","templated":true}]}}