{"id":68943,"date":"2022-02-01T09:29:14","date_gmt":"2022-02-01T08:29:14","guid":{"rendered":"https:\/\/www.rdpemancipation.org\/?p=68943"},"modified":"2022-02-28T22:38:10","modified_gmt":"2022-02-28T21:38:10","slug":"fevrier-leur-etat-2","status":"publish","type":"post","link":"https:\/\/www.rdpemancipation.org\/?p=68943","title":{"rendered":"F\u00e9vrier &#8211; Leur Etat"},"content":{"rendered":"\n<p><\/p>\n\n\n\n<p><mark style=\"background-color:rgba(0, 0, 0, 0);color:#a30003\" class=\"has-inline-color\"><strong> 26 F\u00e9vrier en continu<\/strong><\/mark><\/p>\n\n\n\n<p><a href=\"https:\/\/www.youtube.com\/watch?v=xFj7t-S4xAU\">L&rsquo;Afrique, le fric et les politiques fran\u00e7ais<\/a> (Le Media)<\/p>\n\n\n\n<p><a href=\"https:\/\/www.youtube.com\/watch?v=kfDL4uQ00sQ\">Ukraine, mon message \u00e0 Macron<\/a> (canard r\u00e9fractaire)<\/p>\n\n\n\n<p><a href=\"https:\/\/www.youtube.com\/watch?v=vq5XouasROM\">Police partout, Poutou nulle part<\/a> (Blast)<\/p>\n\n\n\n<p><a href=\"https:\/\/inkyfada.com\/fr\/2022\/02\/25\/csm-provisoire-composition-independance-justice-tunisie\/\">Quels changements dans la composition du Conseil sup\u00e9rieur de la magistrature ?<\/a> (Inkyfada)<\/p>\n\n\n\n<p><mark style=\"background-color:rgba(0, 0, 0, 0);color:#a30003\" class=\"has-inline-color\"><strong> 25 F\u00e9vrier en continu<\/strong><\/mark><\/p>\n\n\n\n<p><a href=\"https:\/\/lareleveetlapeste.fr\/espionnage-du-journal-fakir-lvmh-a-paye-10-millions-deuros-a-letat-pour-eviter-un-proces\/\">Espionnage du journal Fakir : LVMH a pay\u00e9 10 mns d\u2019euros \u00e0 l\u2019\u00c9tat pour \u00e9viter un proc\u00e8s<\/a> (La Rel\u00e8ve et La Peste)&nbsp;<\/p>\n\n\n\n<p><a href=\"https:\/\/info.mediapart.fr\/optiext\/optiextension.dll?ID=5VZ5XwTw_XO6RAODB_UWY6PbXdLz0_ZCGF7OPg%2BU_IKzQkSGGBpYCTuo%2BYyOrha%2BZDWP72OSILIZoikpqxrZN9XDe1bC5u\">Rapport d\u2019observation \u00ab&nbsp;\u00c9tranger\u2219e\u2219s en prison : surveiller, punir et expulser&nbsp;\u00bb<\/a> (La Cimade)<\/p>\n\n\n\n<p><mark style=\"background-color:rgba(0, 0, 0, 0);color:#a30003\" class=\"has-inline-color\"><strong> 24 F\u00e9vrier en continu<\/strong><\/mark><\/p>\n\n\n\n<p><a href=\"https:\/\/www.monde-diplomatique.fr\/cartes\/incarceration\">L&rsquo;incarc\u00e9ration dans le monde<\/a> (Le Monde diplomatique)&nbsp;<\/p>\n\n\n\n<p><a href=\"https:\/\/www.politis.fr\/articles\/2022\/02\/police-indulgence-avec-arme-44120\/\">Police : Indulgence avec arme &#8211; Nadia Sweeny<\/a> (Politis)&nbsp;<\/p>\n\n\n\n<p><a href=\"https:\/\/www.franceinter.fr\/emissions\/affaires-sensibles\/affaires-sensibles-du-jeudi-02-septembre-2021\">Omar Raddad : un coupable d\u00e9sign\u00e9 <\/a>(Affaires Sensibles)<\/p>\n\n\n\n<p><strong><a href=\"https:\/\/www.politis.fr\/articles\/2022\/02\/maintien-de-lordre-le-savoir-faire-francais-sexporte-44131\/\">Maintien de l\u2019ordre&nbsp;: le savoir-faire fran\u00e7ais s\u2019exporte<\/a> (Politis)<\/strong><\/p>\n\n\n\n<p><mark style=\"background-color:rgba(0, 0, 0, 0);color:#a30003\" class=\"has-inline-color\"><strong> 23 F\u00e9vrier en continu<\/strong><\/mark><\/p>\n\n\n\n<p><a href=\"https:\/\/www.youtube.com\/watch?v=1IAj7jxZNYI\">Eric Dupont-Moretti: ministre de l&rsquo;injustice<\/a> (Blast)<\/p>\n\n\n\n<p><a href=\"https:\/\/info.mediapart.fr\/optiext\/optiextension.dll?ID=KghKcGA37j7zWi2EGakma9IhirjRJsJ4BtnwDivg65_4VJo0SlVJ6b3ms6iOE9qB6XmfJNJ7ZHhF6VQYLABsbw1MIcDeU\">Les services de contre-espionnage face \u00e0 une plainte pour harc\u00e8lement moral<\/a> (MDP)<\/p>\n\n\n\n<p><strong><a href=\"https:\/\/reporterre.net\/Et-si-on-vivait-sans-police\">Et si on vivait sans police&nbsp;?<\/a> (Reporterre)<\/strong><\/p>\n\n\n\n<figure class=\"wp-block-image is-resized is-style-default\"><img data-recalc-dims=\"1\" loading=\"lazy\" decoding=\"async\" src=\"https:\/\/i0.wp.com\/reporterre.net\/local\/cache-vignettes\/L720xH480\/arton24633-85196.jpg?resize=432%2C288&#038;ssl=1\" alt=\"Et si on vivait sans police<small class=&quot;fine d-inline&quot;&gt;\u00a0<\/small&gt;?\" width=\"432\" height=\"288\"\/><\/figure>\n\n\n\n<p><a href=\"https:\/\/www.mediapart.fr\/journal\/france\/220222\/nice-l-audition-cauchemardesque-d-une-jeune-plaignante-pour-viol\">\u00c0 Nice, l\u2019audition cauchemardesque d\u2019une jeune plaignante pour viol<\/a> (M\u00e9diapart)<\/p>\n\n\n\n<p><a href=\"https:\/\/lecourrierdesstrateges.fr\/2022\/02\/21\/en-affamant-ses-opposants-trudeau-inaugure-la-mise-en-place-du-credit-social-version-wef-dans-les-democraties-occidentales\/\">Affamant ses opposants, Trudeau inaugure mise en place cr\u00e9dit social version d\u00e9mocraties occidentales<\/a> (Courrier des Strat\u00e8ges)<\/p>\n\n\n\n<p><strong><a href=\"https:\/\/lecourrierdesstrateges.fr\/2022\/02\/21\/le-canada-est-il-devenu-une-dictature\/\">Le Canada est-il devenu une dictature&nbsp;?<\/a> (Le Courrier des Strat\u00e8ges)<\/strong><\/p>\n\n\n\n<figure class=\"wp-block-image size-full\"><img data-recalc-dims=\"1\" loading=\"lazy\" decoding=\"async\" width=\"330\" height=\"328\" src=\"https:\/\/i0.wp.com\/www.rdpemancipation.org\/wp-content\/uploads\/2022\/02\/image-98.png?resize=330%2C328&#038;ssl=1\" alt=\"\" class=\"wp-image-72646\" srcset=\"https:\/\/i0.wp.com\/www.rdpemancipation.org\/wp-content\/uploads\/2022\/02\/image-98.png?w=330&amp;ssl=1 330w, https:\/\/i0.wp.com\/www.rdpemancipation.org\/wp-content\/uploads\/2022\/02\/image-98.png?resize=300%2C298&amp;ssl=1 300w, https:\/\/i0.wp.com\/www.rdpemancipation.org\/wp-content\/uploads\/2022\/02\/image-98.png?resize=150%2C150&amp;ssl=1 150w\" sizes=\"auto, (max-width: 330px) 100vw, 330px\" \/><\/figure>\n\n\n\n<p><mark style=\"background-color:rgba(0, 0, 0, 0);color:#a30003\" class=\"has-inline-color\"><strong> 22 F\u00e9vrier en continu<\/strong><\/mark><\/p>\n\n\n\n<p><a href=\"https:\/\/www.youtube.com\/watch?v=rcYEVgyu6EQ\">Ultimes r\u00e9v\u00e9lations sur les r\u00e9seaux troubles de Macron<\/a> (Le Media)<\/p>\n\n\n\n<p><a href=\"https:\/\/www.ldh-france.org\/apres-une-victoire-judiciaire-le-prefet-de-mayotte-coupe-dans-son-elan\/\">Apr\u00e8s une victoire judiciaire, le pr\u00e9fet de Mayotte coup\u00e9 dans son Elan<\/a> (Ligue des droits de l\u2019Homme )<\/p>\n\n\n\n<p><a href=\"https:\/\/www.ldh-france.org\/refere-liberte-de-la-ldh-contre-linterdiction-de-manifestation-du-prefet-de-police-de-paris-opposee-aux-hijabeuses\/\">R\u00e9f\u00e9r\u00e9-libert\u00e9 contre l\u2019interdiction de manifestation du pr\u00e9fet de police de Paris oppos\u00e9e aux hijabeuses<\/a> (LDH)<\/p>\n\n\n\n<p><a href=\"https:\/\/laviedesidees.fr\/La-France-un-pays-de-flics.html\">La France, un pays de flics&nbsp;?<\/a> (La vie des id\u00e9es)<\/p>\n\n\n\n<p><a href=\"https:\/\/desarmons.net\/\">D\u00e9sarmons-les<\/a> (D\u00e9sarmons)<\/p>\n\n\n\n<figure class=\"wp-block-image is-resized is-style-default\"><img data-recalc-dims=\"1\" loading=\"lazy\" decoding=\"async\" src=\"https:\/\/i0.wp.com\/desarmons.net\/wp-content\/uploads\/2017\/12\/banner1_logo-1.png?resize=507%2C150&#038;ssl=1\" alt=\"\" class=\"wp-image-5270\" width=\"507\" height=\"150\" title=\"\"\/><\/figure>\n\n\n\n<p><mark style=\"background-color:rgba(0, 0, 0, 0);color:#a30003\" class=\"has-inline-color\"><strong> 20 F\u00e9vrier en continu<\/strong><\/mark><\/p>\n\n\n\n<p><a href=\"https:\/\/www.youtube.com\/watch?v=EveWWX3fB2M\">Un journaliste brise l&rsquo;omerta sur la mafia d&rsquo;\u00e9tat en France<\/a> (Blast)<\/p>\n\n\n\n<p><strong><a href=\"https:\/\/www.facebook.com\/watch\/?v=1910140775843685&amp;aggr_v_ids[0]=1910140775843685&amp;notif_id=1645356723884456&amp;notif_t=watch_follower_video&amp;ref=notif\" title=\"Anasse Kazib convoqu\u00e9 au commisariat pour la conf\u00e9rence Sorbonne\">Anasse Kazib convoqu\u00e9 au commisariat pour la conf\u00e9rence Sorbonne<\/a> -vid\u00e9o<\/strong><\/p>\n\n\n\n<p><a href=\"https:\/\/rapportsdeforce.fr\/breves\/a-nantes-le-collectif-de-collages-feministes-sur-le-banc-des-accuses-021912754\">\u00c0 Nantes, le collectif de collages f\u00e9ministes sur le banc des accus\u00e9s<\/a> (Rapports de Force)<\/p>\n\n\n\n<p><a href=\"https:\/\/info.mediapart.fr\/optiext\/optiextension.dll?ID=GcdGd0tePjKnOrm2gQRBh6nR8CTd3zoToSED48cQMQTvIfxqO1uyE4IFuTRiPneOr7kKboOX521a0BTMtTbyOHbDPW_GD\">Crise sanitaire&nbsp;: comment r\u00e9sister au&nbsp;\u00ab&nbsp;solutionnisme techno-s\u00e9curitaire&nbsp;\u00bb<\/a> (MDP)<\/p>\n\n\n\n<p><a href=\"https:\/\/www.franceinter.fr\/emissions\/affaires-sensibles\/affaires-sensibles-12-mars-2021\">La triple \u00e9vasion de Fontevraud ou la traque de juin 1955 <\/a>(Affaires Sensibles)<\/p>\n\n\n\n<p><mark style=\"background-color:rgba(0, 0, 0, 0);color:#a30003\" class=\"has-inline-color\"><strong> 19 F\u00e9vrier en continu<\/strong><\/mark><\/p>\n\n\n\n<p><a href=\"https:\/\/www.francetvinfo.fr\/societe\/feminicides\/feminicide-a-paris-ce-que-l-on-sait-du-policier-recherche-pour-le-meurtre-de-sa-compagne-et-de-sa-cavale_4968504.html\">Ce que l&rsquo;on sait du policier recherch\u00e9 pour le meurtre de sa compagne et de sa cavale<\/a> (France Info)<\/p>\n\n\n\n<p><a href=\"https:\/\/renverse.co\/analyses\/article\/la-prison-comme-outil-de-controle-social-et-racial-3405\">La prison comme outil de contr\u00f4le social et racial<\/a> (Renvers\u00e9)<\/p>\n\n\n\n<p><strong><a href=\"https:\/\/info.mediapart.fr\/optiext\/optiextension.dll?ID=IabIgO2M_uE2ReC9jld_P3BVB4wWFOkEsNywG%2B9%2BfhJH6tBYQ2EvLN5tcSt7cROKn5jzopxsJujjJypGN1d2_N6pCfEQt\">La police est sexiste&nbsp;:&nbsp;sortons du d\u00e9ni, traitons le probl\u00e8me<\/a>&#8211; Collectif<\/strong><\/p>\n\n\n\n<p><a href=\"https:\/\/mars-infos.org\/12-engins-sabotes-contre-la-zac-6205\">12 Engins sabot\u00e9s contre la ZAC des Hauts Banquets<\/a> (Mars Info)<\/p>\n\n\n\n<p><strong><a href=\"https:\/\/dijoncter.info\/comment-la-police-interroge-et-comment-s-en-defendre-3459\">Comment la police interroge &#8211; et comment s&rsquo;en d\u00e9fendre<\/a> (Dijoncter)<\/strong><\/p>\n\n\n\n<p><a href=\"http:\/\/cqfd-journal.org\/Dissoudre-Darmanin-dans-l-acide\">Dissoudre Darmanin dans l&rsquo;acide<\/a> (CQFD)<\/p>\n\n\n\n<p><a href=\"https:\/\/info.mediapart.fr\/optiext\/optiextension.dll?ID=IabIbS%2BaMhXYBHpwvCfybN6_qy192u3kQUuX9BoFHlD5NtfYQq1wcVki71n8dQ0f5AswjiBEUF5wyMbv3v6IDDfccKG6P\">La police du Var au bord de l\u2019implosion<\/a> (MDP)<\/p>\n\n\n\n<p><a href=\"https:\/\/info.mediapart.fr\/optiext\/optiextension.dll?ID=IabIdRF766pyUmJnUfxIJsWuTWIF_lX_t6lNlz8kO%2BozB8oYRPevQOLiOLAiUmfHmKXHR2DxsR5FupZxVuiW_HKilDacX\">\u00ab&nbsp;Grosse pute&nbsp;\u00bb&nbsp;: G\u00e9rald Darmanin joue les gros bras<\/a> (MDP)<\/p>\n\n\n\n<figure class=\"wp-block-image is-resized is-style-default\"><img data-recalc-dims=\"1\" loading=\"lazy\" decoding=\"async\" src=\"https:\/\/i0.wp.com\/static.mediapart.fr\/etmagine\/default\/files\/2022\/02\/18\/20-07-09-dupont-moretti-darmanin.jpg?resize=477%2C348&#038;ssl=1\" alt=\"20-07-09-dupont-moretti-darmanin\" width=\"477\" height=\"348\"\/><\/figure>\n\n\n\n<p><mark style=\"background-color:rgba(0, 0, 0, 0);color:#a30003\" class=\"has-inline-color\"><strong> 18 F\u00e9vrier en continu<\/strong><\/mark><\/p>\n\n\n\n<p><a href=\"https:\/\/www.cobp.resist.ca\/fr\/documentation\/la-violence-conjugale-plus-r-pandue-chez-les-policiers\" title=\"Canada- Epid\u00e9mie de violences conjugales chez les policiers\">Canada- Epid\u00e9mie de violences conjugales chez les policiers<\/a> (COBP)<\/p>\n\n\n\n<p><mark style=\"background-color:rgba(0, 0, 0, 0);color:#a30003\" class=\"has-inline-color\"><strong> 17 F\u00e9vrier en continu<\/strong><\/mark><\/p>\n\n\n\n<p><strong><a href=\"https:\/\/lanticapitaliste.org\/actualite\/sante\/mon-espace-sante-debranchons-nos-donnees\">\u00ab\u2009Mon espace sant\u00e9\u2009\u00bb : d\u00e9branchons nos donn\u00e9es\u2009!<\/a> -Frank Prouhet<\/strong><\/p>\n\n\n\n<p><a href=\"https:\/\/rue89bordeaux.com\/2022\/02\/a-toulouse-des-amendes-de-300-a-500-e-requises-contre-les-decrocheurs-girondins\/\">A Toulouse, des amendes de 300 \u00e0 500 \u20ac requises contre les d\u00e9crocheurs girondins<\/a> (Rue89 Bordeaux)<\/p>\n\n\n\n<figure class=\"wp-block-image is-resized is-style-default\"><img data-recalc-dims=\"1\" loading=\"lazy\" decoding=\"async\" src=\"https:\/\/i0.wp.com\/ekladata.com\/6l40PFI5YNqRXfUbTjmJ5B2vhk4.jpg?resize=525%2C393&#038;ssl=1\" alt=\"dessin de JERC affiche de Michel-ange Flori vendredi 5 juin 2020 caricature  la police nous protege Police partout Justice nulle part  www.facebook.com\/jercdessin https:\/\/twitter.com\/dessingraffjerc -  D\u00e9corations, Fresques et R\u00e9alisations de JERC :\" width=\"525\" height=\"393\"\/><\/figure>\n\n\n\n<p><a href=\"https:\/\/www.franceinter.fr\/emissions\/affaires-sensibles\/affaires-sensibles-28-juillet-2020\">1972 : les mutins de Nancy, des barricades dans nos prisons <\/a>(Affaires Sensibles)<\/p>\n\n\n\n<figure class=\"wp-block-image is-resized is-style-default\"><img data-recalc-dims=\"1\" loading=\"lazy\" decoding=\"async\" src=\"https:\/\/i0.wp.com\/cdn.radiofrance.fr\/s3\/cruiser-production\/2020\/07\/66e25096-06ce-40d8-8f28-bbe37612ed68\/1136_prison_charles_iii000_par2004030113517.jpg?resize=544%2C371&#038;ssl=1\" alt=\"Des d\u00e9tenus de la centrale Charles III de Nancy occupent le toit de la prison, le 15 janvier 1972 lors d'une mutinerie. L'un des mutins s'est empar\u00e9 d'une capote de gardien et d'une paire de menottes. \" width=\"544\" height=\"371\"\/><figcaption><em><sub>D\u00e9tenus de centrale Charles III de Nancy occupent le toit de la prison, le 15 janvier 1972. <\/sub><\/em><br><em><sub>L&rsquo;un des mutins s&rsquo;est empar\u00e9 d&rsquo;une capote de gardien et d&rsquo;une paire de menottes. \u00a9 AFP <\/sub><\/em><\/figcaption><\/figure>\n\n\n\n<p><mark style=\"background-color:rgba(0, 0, 0, 0);color:#a30003\" class=\"has-inline-color\"><strong> 16 F\u00e9vrier en continu<\/strong><\/mark><\/p>\n\n\n\n<p><a href=\"https:\/\/www.youtube.com\/watch?v=BXlHKldewgs\">Avant la pr\u00e9sidentielle&nbsp;: Les derni\u00e8res combines de la Macronie<\/a> (Le M\u00e9dia)<\/p>\n\n\n\n<p><a href=\"https:\/\/resistons.lautre.net\/spip.php?article619\" title=\"Parole de flic, R\u00e9sistons Ensemble n\u00b0&nbsp;202\">Parole de flic, R\u00e9sistons Ensemble n\u00b0&nbsp;202<\/a>(pdf-R\u00e9sistonsensemble)<\/p>\n\n\n\n<p><strong><a href=\"https:\/\/info.mediapart.fr\/optiext\/optiextension.dll?ID=bJIbLGfFE6ZO_jDbwd4eSFPcGMZUrP0aNjUs9591iS24lqMrjDj8pT%2BxxYMeVoUHVcWh9yKo07Y1UoN20PxDI7TEKecj7\">\u00ab&nbsp;Grosse pute&nbsp;\u00bb&nbsp;: l\u2019insulte d\u2019un policier \u00e0 propos d\u2019une plaignante pour agression sexuelle<\/a> (MDP)<\/strong><\/p>\n\n\n\n<p><a href=\"https:\/\/www.lesnouvellesnews.fr\/police-et-violences-sexistes-reactions-variables\/\">Police et violences sexistes, r\u00e9actions variables<\/a> (Les Nouvelles News)<\/p>\n\n\n\n<p><a href=\"https:\/\/www.mediacites.fr\/breve\/lyon\/2022\/02\/15\/les-premiers-pas-inquietants-du-nouveau-president-dinterpol\/\">Les premiers pas inqui\u00e9tants du nouveau pr\u00e9sident d\u2019Interpol<\/a> (Mediacit\u00e9s)&nbsp;<\/p>\n\n\n\n<p><a href=\"https:\/\/www.streetpress.com\/sujet\/1644938700-comment-devenu-sniper-armee-eviter-prison-angleterre-londres-rixes-temoignage\">Comment je suis devenu sniper pour \u00e9viter la prison<\/a> (StreetPress)<\/p>\n\n\n\n<figure class=\"wp-block-image is-resized is-style-default\"><img loading=\"lazy\" decoding=\"async\" src=\"https:\/\/scontent.fhex4-1.fna.fbcdn.net\/v\/t39.30808-6\/s640x640\/273534600_1386573521765112_9096416477243927656_n.png?_nc_cat=102&amp;ccb=1-5&amp;_nc_sid=730e14&amp;_nc_ohc=iA9VG5NWgd4AX8SdxIR&amp;tn=aG1erXujvrTcHyrO&amp;_nc_ht=scontent.fhex4-1.fna&amp;oh=00_AT9v5KLmqFBsNFMYK6n7l4SDG3czLNz0pn3n_ikEBG3ixw&amp;oe=62107019\" alt=\"Peut \u00eatre une image de 1 personne et texte qui dit \u2019Un SDF, 2 mois fermes pour vol de p\u00e2tes Vanessa, caissi\u00e8re, vir\u00e9e pour une erreur de 5,35 Christine Lagarde, 31000\u20ac\/n mois, ne paie pas d'imp\u00f4t, d\u00e9clar\u00e9e coupable pour 400M\u20ac donn\u00e9s \u00e0 Tapie, mais dispens\u00e9e de peine ET VOUS EMMERDE\u2019\" width=\"326\" height=\"408\"\/><\/figure>\n\n\n\n<p><mark style=\"background-color:rgba(0, 0, 0, 0);color:#a30003\" class=\"has-inline-color\"><strong> <\/strong><\/mark><\/p>\n\n\n\n<p><a href=\"https:\/\/lecourrierdesstrateges.fr\/2022\/02\/14\/une-responsable-de-rester-libre-verbalisee-pour-son-soutien-aux-camionneurs\/\">Une responsable de \u00ab&nbsp;Rester libre&nbsp;\u00bb verbalis\u00e9e pour son soutien aux camionneurs<\/a> (Le Courrier des Strat\u00e8ges)<\/p>\n\n\n\n<p><mark style=\"background-color:rgba(0, 0, 0, 0);color:#a30003\" class=\"has-inline-color\"><strong>15 F\u00e9vrier en continu<\/strong><\/mark><\/p>\n\n\n\n<p><strong><a href=\"https:\/\/www.ccomptes.fr\/fr\/publications\/le-plan-de-videoprotection-de-la-prefecture-de-police-de-paris\">Le plan de vid\u00e9oprotection de la pr\u00e9fecture de police de Paris<\/a> (C comptes)<\/strong><\/p>\n\n\n\n<figure class=\"wp-block-image is-resized is-style-default\"><img data-recalc-dims=\"1\" loading=\"lazy\" decoding=\"async\" src=\"https:\/\/i0.wp.com\/mamot.fr\/system\/cache\/media_attachments\/files\/107\/781\/085\/269\/008\/905\/original\/49e1ce6135003b0f.jpg?resize=440%2C311&#038;ssl=1\" alt=\"\" width=\"440\" height=\"311\"\/><\/figure>\n\n\n\n<p><a href=\"https:\/\/www.nextinpact.com\/article\/49805\/la-cour-comptes-deplore-encore-derives-videosurveillance-a-paris\">La Cour des comptes d\u00e9plore (encore) les d\u00e9rives de la vid\u00e9osurveillance (\u00e0 Paris)<\/a> (Next INpact)<\/p>\n\n\n\n<p><a href=\"https:\/\/www.francetvinfo.fr\/faits-divers\/info-franceinfo-paris-un-policier-en-retard-a-une-reunion-prend-tous-les-risques-et-percute-une-ambulance-du-samu_4957782.html\">Policier, en retard \u00e0 une r\u00e9union, prend tous les risques et percute une ambulance du Samu<\/a> (france info)<\/p>\n\n\n\n<p><a href=\"https:\/\/france3-regions.francetvinfo.fr\/bourgogne-franche-comte\/yonne\/sens\/au-tribunal-de-sens-la-directrice-des-greffes-soupconnee-d-espionner-ses-collegues-grace-aux-cameras-de-surveillance-2454970.html\">Sens: directrice des greffes soup\u00e7onn\u00e9e espionner coll\u00e8gues avec cam\u00e9ras de surveillance<\/a> (France info)<\/p>\n\n\n\n<p><a href=\"http:\/\/www.regards.fr\/actu\/article\/deux-juristes-dans-un-monde-incertain\">Deux juristes dans un monde incertain<\/a> (Regards)<\/p>\n\n\n\n<p><strong><a href=\"https:\/\/www.streetpress.com\/sujet\/1644838364-champs-sur-marne-quatre-ans-apres-mort-gaye-camara-tue-police-violences-policieres\">Champs-sur-Marne se l\u00e8ve, 4 ans apr\u00e8s mort de Gaye Camara, tu\u00e9 par police <\/a>(StreetPress)<\/strong><\/p>\n\n\n\n<figure class=\"wp-block-image is-resized is-style-default\"><img loading=\"lazy\" decoding=\"async\" src=\"https:\/\/pbs.twimg.com\/media\/FLYpKd-XsAMsujT?format=jpg&amp;name=small\" alt=\"Image\" width=\"428\" height=\"470\"\/><\/figure>\n\n\n\n<p><a href=\"https:\/\/www.nextinpact.com\/article\/49817\/retrait-en-heure-contenus-terroristes-doutes-constitutionnels-chez-plusieurs-deputes\">Retrait en une heure des contenus terroristes : doutes constitutionnels chez plusieurs d\u00e9put\u00e9s<\/a> (Next INpact)&nbsp;<\/p>\n\n\n\n<p><strong><a href=\"https:\/\/lundi.am\/Ma-maison-est-en-feu-entretien-avec-Kromah\">\u00ab&nbsp;Ma maison est en feu&nbsp;\u00bb entretien avec Kromah<\/a> (Lundi matin)<\/strong><\/p>\n\n\n\n<figure class=\"wp-block-image is-style-default\"><img data-recalc-dims=\"1\" decoding=\"async\" src=\"https:\/\/i0.wp.com\/lundi.am\/IMG\/arton4631-resp320.jpg?w=1200&#038;ssl=1\" alt=\"\"\/><\/figure>\n\n\n\n<p><a href=\"https:\/\/lepoing.net\/convoi-de-la-liberte-trois-manifestants-en-prison-apres-lappel-national-de-montpellier\/\">Convoi de la libert\u00e9 : trois manifestants en prison apr\u00e8s l\u2019appel national de Montpellier<\/a> (Le Poing)<\/p>\n\n\n\n<p><a href=\"https:\/\/www.europe1.fr\/societe\/heures-supplementaires-pourquoi-33-policiers-deposent-un-recours-devant-le-conseil-detat-4093767?utm_source=actus_lilo\">Heures supp&nbsp;: pourquoi 33 policiers d\u00e9posent un recours devant le conseil d\u2019\u00c9tat<\/a> (Europe 1)<\/p>\n\n\n\n<p><mark style=\"background-color:rgba(0, 0, 0, 0);color:#a30003\" class=\"has-inline-color\"><strong> 14 F\u00e9vrier en continu<\/strong><\/mark><\/p>\n\n\n\n<p>U<a href=\"https:\/\/www.mediapart.fr\/journal\/france\/130222\/un-apres-la-mort-de-guillaume-le-pcf-accuse-d-inaction\" title=\"n an apr\u00e8s la mort de Guillaume,\">n an apr\u00e8s la mort de Guillaume,<\/a><a href=\"https:\/\/www.mediapart.fr\/journal\/france\/130222\/un-apres-la-mort-de-guillaume-le-pcf-accuse-d-inaction\" title=\"e, le PCF accus\u00e9 d\u2019inaction\"> le PCF accus\u00e9 d\u2019inaction<\/a>(MDP)<\/p>\n\n\n\n<p>\u00ab<a href=\"https:\/\/www.mediapart.fr\/journal\/france\/120222\/notre-parole-ne-sera-pas-muselee-l-appel-du-comite-adama\" title=\"&nbsp;Notre parole ne sera pas musel\u00e9e&nbsp;\u00bb&nbsp;:&nbsp;\">&nbsp;Notre parole ne sera pas musel\u00e9e&nbsp;\u00bb&nbsp;:&nbsp;<\/a><a href=\"https:\/\/www.mediapart.fr\/journal\/france\/120222\/notre-parole-ne-sera-pas-muselee-l-appel-du-comite-adama\" title=\"\u00e9e&nbsp;\u00bb&nbsp;:&nbsp;l\u2019appel du Comit\u00e9 Adama\">l\u2019appel du Comit\u00e9 Adama<\/a>(MDP)<\/p>\n\n\n\n<p><strong><a href=\"https:\/\/www.20minutes.fr\/societe\/3234659-20220213-Convoi-liberte-jerome-rodrigues-garde-vue-depuis-samedi-estime-etre-prisonnier-politique?xtor=EPR-212\">Convoi libert\u00e9&nbsp;: J\u00e9r\u00f4me Rodrigues, gard\u00e9 \u00e0 vue depuis samedi, estime \u00eatre prisonnier politique<\/a> (20Minutes)<\/strong><\/p>\n\n\n\n<p><strong><a href=\"https:\/\/www.youtube.com\/watch?v=G_mrt94LAWI\">Tous surveill\u00e9s et punis, nos libert\u00e9s en danger<\/a> (Blast)<\/strong><\/p>\n\n\n\n<p><a href=\"https:\/\/www.franceinter.fr\/emissions\/affaires-sensibles\/affaires-sensibles-15-janvier-2020\">Malik Oussekine, fauch\u00e9 dans la nuit <\/a>(Affaires Sensibles)<\/p>\n\n\n\n<p><mark style=\"background-color:rgba(0, 0, 0, 0);color:#a30003\" class=\"has-inline-color\"><strong> 13 F\u00e9vrier en continu<\/strong><\/mark><\/p>\n\n\n\n<p><a href=\"https:\/\/reporterre.net\/Le-passe-vaccinal-comme-outil-de-controle-politique\">Le passe vaccinal comme outil de contr\u00f4le politique<\/a> (Reporterre)<\/p>\n\n\n\n<figure class=\"wp-block-image is-resized is-style-default\"><img data-recalc-dims=\"1\" loading=\"lazy\" decoding=\"async\" src=\"https:\/\/i0.wp.com\/static.mediapart.fr\/etmagine\/default\/files\/2022\/01\/16\/photo-de-famille-du-xxie-siecle.jpg?resize=376%2C342&#038;ssl=1\" alt=\"photo-de-famille-du-xxie-siecle\" width=\"376\" height=\"342\"\/><\/figure>\n\n\n\n<p><a href=\"https:\/\/www.francetvinfo.fr\/sante\/maladie\/coronavirus\/convoi-de-la-liberte\/convoi-de-la-liberte-que-risquent-les-participants-et-pour-quels-motifs-sont-ils-verbalises-par-les-forces-de-l-ordre_4957401.html\">\u00ab\u00a0Convoi de la libert\u00e9\u00a0\u00bb : que risquent les participants et pour quels motifs sont-ils verbalis\u00e9s <\/a>(France Info)<\/p>\n\n\n\n<p><a href=\"https:\/\/www.mediapart.fr\/journal\/france\/110222\/le-raid-calais-une-disproportion-la-hauteur-de-notre-inaction\">Le RAID \u00e0 Calais: une disproportion \u00e0 la hauteur de notre inaction<\/a> (M\u00e9diapart)<\/p>\n\n\n\n<pre class=\"wp-block-preformatted has-small-font-size\">L\u2019IGPN et la Justice couvrent des policiers ayant tu\u00e9 un jeune homme de 19 ans : enqu\u00eate IGPN b\u00e2cl\u00e9e (vid\u00e9os de surveillance non mises sous scell\u00e9s, disparitions de preuves, t\u00e9moins non entendus, audition tardive du policier ). Le procureur adjoint Andr\u00e9 Ribes a class\u00e9 sans suite l\u2019enqu\u00eate (depuis r\u00e9ouverte) malgr\u00e9 ces \u00e9l\u00e9ments (<a href=\"https:\/\/www.mediapart.fr\/journal\/france\/090222\/deces-de-souheil-lors-d-un-controle-de-police-la-famille-porte-plainte-contre-l-igpn\">source<\/a>)<\/pre>\n\n\n\n<p><mark style=\"background-color:rgba(0, 0, 0, 0);color:#a30003\" class=\"has-inline-color\"><strong> 12 F\u00e9vrier en continu<\/strong><\/mark><\/p>\n\n\n\n<p><a href=\"https:\/\/www.revolutionpermanente.fr\/Ce-samedi-manifestons-contre-le-racisme-d-Etat-et-les-violences-policieres-a-l-appel-du-Comite\">Ce samedi, manifestons contre le racisme d\u2019Etat et les violences polici\u00e8res \u00e0 l\u2019appel du Comit\u00e9 Adama<\/a> (RP)<\/p>\n\n\n\n<p><a href=\"https:\/\/www.francetvinfo.fr\/faits-divers\/justice-proces\/gilet-jaune-matraque-a-besancon-en-2019-le-policier-a-ete-reconnu-coupable_4955685.html\">\u00ab\u00a0Gilet jaune\u00a0\u00bb matraqu\u00e9 \u00e0 Besan\u00e7on en 2019&nbsp;: le policier a \u00e9t\u00e9 reconnu coupable<\/a> (France Info)<\/p>\n\n\n\n<p><a href=\"https:\/\/www.lepoulpe.info\/la-justice-epingle-la-prefecture-du-calvados-sur-son-refus-de-regulariser-un-mineur-etranger-isole\/\">La justice \u00e9pingle la pr\u00e9fecture du Calvados sur son refus de r\u00e9gulariser un mineur \u00e9tranger isol\u00e9<\/a> (Le Poulpe)<\/p>\n\n\n\n<pre class=\"wp-block-preformatted\">Le policier qui avait r\u00e9v\u00e9l\u00e9 des centaines de cas de maltraitance et de racisme, a \u00e9t\u00e9 sanctionn\u00e9 une seconde fois par sa hi\u00e9rarchie pour avoir t\u00e9moign\u00e9 \u00e0 l\u2019Assembl\u00e9e Nationale. Sa hi\u00e9rarchie a aussi ouvert une troisi\u00e8me proc\u00e9dure \u00e0 son encontre (<a href=\"https:\/\/www.streetpress.com\/sujet\/1643974193-policier-lanceur-alerte-benmohamed-sanctionne-temoigne-assemblee-racisme-violences-policieres\">source<\/a>)<\/pre>\n\n\n\n<p><mark style=\"background-color:rgba(0, 0, 0, 0);color:#a30003\" class=\"has-inline-color\"><strong> 11 F\u00e9vrier en continu<\/strong><\/mark><\/p>\n\n\n\n<p><a href=\"https:\/\/info.mediapart.fr\/optiext\/optiextension.dll?ID=0wx0ryF5ZBQ4xQFnkgAxaW5mnrel5OxR3CJv3G%2B8zdTs_kHe9m1uS82X8HyG9IrQT%2Ba%2BkTPuXU1TdI9Pd47cPmxgVsUCs\">Silence, on signalise<\/a>&#8211; Andrea Fichot<\/p>\n\n\n\n<p><strong><a href=\"https:\/\/www.francetvinfo.fr\/faits-divers\/adama-traore\/info-franceinfo-affaire-adama-traore-le-conseil-des-droits-de-l-homme-de-l-onu-se-dit-preoccupe-par-la-lenteur-de-l-instruction_4954068.html\">Affaire Traor\u00e9 : Conseil droits de l&rsquo;homme ONU d\u00e9nonce manque de transparence de proc\u00e9dure<\/a>(France Info)<\/strong><\/p>\n\n\n\n<p><strong><a href=\"https:\/\/www.20minutes.fr\/societe\/3233063-20220210-pass-vaccinal-prefecture-police-interdit-manifestation-convoi-liberte-paris?xtor=EPR-212\">Passe vaccinal: Pr\u00e9fecture police interdit manifestation du convoi des libert\u00e9s \u00e0 Paris<\/a> (20Minutes)<\/strong><\/p>\n\n\n\n<p><strong><a href=\"https:\/\/www.youtube.com\/watch?v=bxhZpT5-AzI\">Distribution de nourriture et d\u2019eau \u00e0 Calais<\/a> (France Inter)<\/strong>Vid\u00e9o<\/p>\n\n\n\n<p><a href=\"https:\/\/www.humanite.fr\/societe\/police\/au-vitriol-le-prefet-lallement-dit-oui-aux-fachos-et-non-aux-profs-735921\">Le pr\u00e9fet Lallement dit oui aux fachos et non aux profs<\/a> (L\u2019Huma)<\/p>\n\n\n\n<p><mark style=\"background-color:rgba(0, 0, 0, 0);color:#a30003\" class=\"has-inline-color\"><strong> 10 F\u00e9vrier en continu<\/strong><\/mark><\/p>\n\n\n\n<p><strong><a href=\"https:\/\/info.mediapart.fr\/optiext\/optiextension.dll?ID=WstWu0_a0xP1XNO4_od6Ajphj3CGkIbzrp%2BtGSLjCcey8cIa4D3sgLkt5EJmr25O7uKqFgzlFcESgiGRVduigMy5Q_SyH\">Police&nbsp;: contre la surench\u00e8re s\u00e9curitaire<\/a> (MDP)<\/strong><\/p>\n\n\n\n<p><strong><a href=\"https:\/\/info.mediapart.fr\/optiext\/optiextension.dll?ID=WstWq9lSUD5nttkXIT8ANjqIEiGRpkZKUrJMYi6bOGjudoka5lvwEigCRa_opnpkzLm2CAZNRIjpm2uLwIAXTyzLpnm4j\">Continuer la lutte anti-militariste avec l&rsquo;inspiration d&rsquo;Andr\u00e9e Michel<\/a> -Jules Falquet<\/strong><\/p>\n\n\n\n<p><a href=\"https:\/\/info.mediapart.fr\/optiext\/optiextension.dll?ID=WstWqgSLwnHugOJCUCgwoNiUeUPclYm_SdHD6rxAuVBAjusG4SH4B1utcdarzlNnJSrnXVs7WFfq1AsAB%2Bc6N8f_tdpWY\">D\u00e9c\u00e8s de Souheil lors d\u2019un contr\u00f4le de police : la famille porte plainte contre l\u2019IGPN<\/a> (MDP)<\/p>\n\n\n\n<p><a href=\"https:\/\/info.mediapart.fr\/optiext\/optiextension.dll?ID=WstWs0crzP3iX%2BZn%2BOCPINVDjcydleAZCJ0UzVuut1Tg%2BAbG5PPD_aXa6tumJw99QgGJMJ9m2878rBDUMSsd6rLns3saJ\"><strong>La pr\u00e9fecture de Paris prive les Hijabeuses d\u2019un match devant l\u2019Assembl\u00e9e<\/strong><\/a><strong> (MDP)<\/strong><\/p>\n\n\n\n<p><a href=\"https:\/\/www.streetpress.com\/sujet\/1644320967-prison-tire-rixe-frere-adama-camara-livre-justice\">Emprisonn\u00e9 pour avoir tent\u00e9 de venger fr\u00e8re assassin\u00e9, Adama Camara raconte dans un livre<\/a> (StreetPress)<\/p>\n\n\n\n<p><mark style=\"background-color:rgba(0, 0, 0, 0);color:#a30003\" class=\"has-inline-color\"><strong> 9 F\u00e9vrier en continu<\/strong><\/mark><\/p>\n\n\n\n<p><a href=\"https:\/\/r.mail.reporterre.net\/mk\/cl\/f\/JLJR8xDe_4W0LgVysi-UFeeR382ToWgToOHs-l3YU73NqaDSbIRNto6mWSVHWnNgIyTvmEF8As0VHCYemUEH21thMBDeNpxjzfUPxdJi3_UkaAsPIX0GC6i3XkVx1qW3ZBGDRoRd4NL72oybXuTLWb9b3vQJe3qWmnf_gXQoRAsIkipbMHjCLm_OGHJjOu7AyA9Uel6Oe-9JgwJR83_6MHp2q6Me1megZMGDcPDpukkGMt9F-Pr_Em98qC72-qXaGk40SK_mDRQjCZTJZLg9SVWY0R4cUy_RjeSH6BkQepCCCtfvj4Dbm-jNcqjrXZYMfdfBH7SZN5c3DAy_no4UgoqBdYyPCLyLMRleR16S5hCsvH6oQNjMEcBitVxd0ng\">\u00ab Soci\u00e9t\u00e9 de vigilance \u00bb : quand les voisins font la police<\/a> (Reporterre)<\/p>\n\n\n\n<p><a href=\"https:\/\/renverse.co\/analyses\/article\/les-quatre-fonctions-de-la-prison-3404\">Les quatre fonctions de la prison !<\/a> (Renvers\u00e9)<\/p>\n\n\n\n<p><a href=\"https:\/\/www.francetvinfo.fr\/faits-divers\/evasions\/evasion-de-redoine-faid\/lille-un-gardien-de-prison-syndicaliste-condamne-pour-avoir-diffame-le-braqueur-redoine-faid_4949952.html\">Lille : un gardien de prison syndicaliste condamn\u00e9 pour avoir diffam\u00e9 le braqueur Redoine Fa\u00efd<\/a> (France Info)<\/p>\n\n\n\n<figure class=\"wp-block-image is-resized is-style-default\"><img loading=\"lazy\" decoding=\"async\" src=\"https:\/\/scontent.fhex4-1.fna.fbcdn.net\/v\/t39.30808-6\/s640x640\/273332075_1382730205482777_1629680723056225460_n.png?_nc_cat=100&amp;ccb=1-5&amp;_nc_sid=730e14&amp;_nc_ohc=AYHHyZUe8_UAX-4te0t&amp;tn=aG1erXujvrTcHyrO&amp;_nc_ht=scontent.fhex4-1.fna&amp;oh=00_AT9PvZnEPjFL6KprDkiI4TtdcbgG6sFRchrmc9nUrQriGA&amp;oe=62083BA0\" alt=\"Peut \u00eatre une capture d\u2019\u00e9cran de Twitter de monument et texte qui dit \u2019AFP Agence France-Presse @afpfr Un policier, ex-chef de la Bac de Douai, a \u00e9t\u00e9 condamn\u00e9 \u00e0 deux ans de prison, dont un ferme, et \u00e0 une interdiction d\u00e9finitive d'exercer, pour avoir volontairement renvers\u00e9 un mineur avant de rouler sur ses jambes lors d'une intervention en septembre 2021 #AFP\u2019\" width=\"332\" height=\"264\"\/><\/figure>\n\n\n\n<p><mark style=\"background-color:rgba(0, 0, 0, 0);color:#a30003\" class=\"has-inline-color\"><strong> 8 F\u00e9vrier en continu<\/strong><\/mark><\/p>\n\n\n\n<p><a href=\"https:\/\/www.francetvinfo.fr\/monde\/afrique\/maroc\/enquete-pegasus-le-telephone-darnaud-montebourg-lui-aussi-infecte_4948293.html\">Pegasus : le t\u00e9l\u00e9phone d\u2019Arnaud Montebourg lui aussi infect\u00e9<\/a> (France Info)<\/p>\n\n\n\n<p><a href=\"https:\/\/solidaires.org\/Surexploitation-des-Sans-papiers-par-les-entreprises-Mais-que-fait-la-police\">Surexploitation des Sans-papiers par les entreprises. Mais que fait la police ? <\/a> (Solidaires)&nbsp;<\/p>\n\n\n\n<p><strong><a href=\"https:\/\/www.liberation.fr\/checknews\/feminicide-a-paris-pourquoi-aucune-photo-du-policier-suspect-na-t-elle-ete-diffusee-par-les-autorites-20220202_HKTOQHG4OBFA3FYEYRK75PAYMQ\/\">Aucune photo du policier suspect\u00e9 du meurtre de sa compagne n\u2019a \u00e9t\u00e9 diffus\u00e9e par les autorit\u00e9s&nbsp;<\/a>(Lib\u00e9)<\/strong><\/p>\n\n\n\n<p><strong><a href=\"https:\/\/nantes-revoltee.com\/zemmour-a-lille-la-police-service-dordre-de-lextreme-droite\/\">Zemmour \u00e0 Lille: la police, service d\u2019ordre de l\u2019extr\u00eame-droite <\/a>(Nantes R\u00e9volt\u00e9e)<\/strong><\/p>\n\n\n\n<p><a href=\"https:\/\/lundi.am\/Deserter-la-justice\">Lire en ligne \u00ab D\u00e9serter la justice \u00bb<\/a> (Lundi soir)<\/p>\n\n\n\n<p><strong><a href=\"https:\/\/info.mediapart.fr\/optiext\/optiextension.dll?ID=bJIbJCdoEjx5uvwSGRVEp4%2BTG745lAAh7Y5oEpKV0_CkWhyXjMfQ9weO%2BNa7VfH6AiTxxhIA98ZNKwmj9lPckt5Rmm85p\">Emmanuel Macron, cinq ann\u00e9es de surveillance et de censure<\/a> (La Quadrature du net)<\/strong><\/p>\n\n\n\n<p><a href=\"https:\/\/www.revolutionpermanente.fr\/Victoire-du-Senegal-a-la-CAN-la-police-gaze-et-reprime-les-manifestations-de-joie-a-Paris\">Victoire du S\u00e9n\u00e9gal \u00e0 la CAN&nbsp;: la police gaze et r\u00e9prime les manifestations de joie \u00e0 Paris<\/a> (RP)<\/p>\n\n\n\n<p><mark style=\"background-color:rgba(0, 0, 0, 0);color:#a30003\" class=\"has-inline-color\"><strong> 7 F\u00e9vrier en continu<\/strong><\/mark><\/p>\n\n\n\n<figure class=\"wp-block-image is-resized is-style-default\"><img data-recalc-dims=\"1\" loading=\"lazy\" decoding=\"async\" src=\"https:\/\/i0.wp.com\/static.mediapart.fr\/etmagine\/default\/files\/2022\/02\/03\/1-a-aaa-agrobiz-demeter-ds.jpg?resize=437%2C313&#038;ssl=1\" alt=\"1-a-aaa-agrobiz-demeter-ds\" width=\"437\" height=\"313\"\/><\/figure>\n\n\n\n<p><mark style=\"background-color:rgba(0, 0, 0, 0);color:#a30003\" class=\"has-inline-color\"><strong> 6 F\u00e9vrier en continu<\/strong><\/mark><\/p>\n\n\n\n<p><strong><a href=\"http:\/\/www.bondyblog.fr\/politique\/presidentielle-2022\/prison-le-bilan-en-trompe-loeil-de-macron-face-a-la-surpopulation\/\">Prison : le bilan en trompe l\u2019\u0153il de Macron face \u00e0 la surpopulation <\/a>-(Bondy Blog)<\/strong><\/p>\n\n\n\n<pre class=\"wp-block-preformatted has-small-font-size\">Dardmanin condamn\u00e9 par la Justice \u00e0 cesser, au sein de sa cellule \u00ab <em>D\u00e9m\u00e9ter <\/em>\u00bb, les activit\u00e9s qui visaient \u00e0 surveiller les d\u00e9fenseurs de l\u2019environnement ou les militants de la cause animale pour des <em>\u00ab&nbsp;actions de nature id\u00e9ologique&nbsp;\u00bb<\/em> (<a href=\"https:\/\/reporterre.net\/Le-ministere-de-l-Interieur-va-devoir-reduire-les-activites-de-la-cellule-Demeter\">source<\/a>) (<a href=\"https:\/\/reporterre.net\/Justice-la-cellule-Demeter-ne-pourra-plus-reprimer-les-actes-de-nature-ideologique\">source<\/a>) (<a href=\"https:\/\/www.lemonde.fr\/planete\/article\/2022\/02\/02\/la-cellule-demeter-surveillant-les-atteintes-au-monde-agricole-est-en-partie-dans-l-illegalite-selon-la-justice-administrative_6111988_3244.html\">source<\/a>)La cellule n\u2019\u00e9tant pour autant pas dissoute, il ne sera pas possible de contr\u00f4ler que la d\u00e9cision de justice est bien appliqu\u00e9e (<a href=\"https:\/\/reporterre.net\/Le-ministere-de-l-Interieur-va-devoir-reduire-les-activites-de-la-cellule-Demeter\">source<\/a>). R\u00e9publique benalli\u00e8re...<\/pre>\n\n\n\n<p><a href=\"https:\/\/solidaires.org\/Darmanin-deteste-la-liberte-de-la-presse-Soutien-a-Nantes-Revoltee\">Darmanin d\u00e9teste la libert\u00e9 de la presse. Soutien \u00e0 Nantes R\u00e9volt\u00e9e<\/a> (Solidaires)<\/p>\n\n\n\n<p><mark style=\"background-color:rgba(0, 0, 0, 0);color:#a30003\" class=\"has-inline-color\"><strong> 5 F\u00e9vrier en continu<\/strong><\/mark><\/p>\n\n\n\n<p><a href=\"https:\/\/www.mediapart.fr\/journal\/france\/040222\/le-chercheur-julien-talpin-toute-forme-de-mobilisation-des-musulmans-apparait-suspecte\" title=\"Toute forme de mobilisation des musulmans appara\u00eet suspecte \">Toute forme de mobilisation des musulmans appara\u00eet suspecte <\/a>(Mdp)<\/p>\n\n\n\n<p><a href=\"https:\/\/www.mediapart.fr\/journal\/france\/040222\/discrimination-et-harcelement-moral-une-filiale-d-euronext-condamnee-en-recidive\">Discrimination et harc\u00e8lement moral: une filiale d\u2019Euronext condamn\u00e9e en r\u00e9cidive<\/a> (M\u00e9diapart)<\/p>\n\n\n\n<p><strong><a href=\"https:\/\/www.laquadrature.net\/2022\/02\/03\/emmanuel-macron-cinq-annees-de-surveillance-et-de-censure\/\">Emmanuel Macron, cinq ann\u00e9es de surveillance et de censure <\/a>(La Quadrature du Net)<\/strong><\/p>\n\n\n\n<p><a href=\"https:\/\/vert.eco\/articles\/la-justice-met-fin-aux-activites-de-la-cellule-demeter-contre-lagribashing\">La justice met fin aux activit\u00e9s de la cellule Demeter contre \u00ab l\u2019agribashing \u00bb<\/a> (vert.eco)<\/p>\n\n\n\n<p><a href=\"https:\/\/www.humanite.fr\/societe\/associations\/au-nom-de-la-lutte-contre-le-terrorisme-des-associations-dissoutes-au-mepris-du#xtor=RSS-1\">Au nom de la lutte contre le terrorisme, des associations dissoutes au m\u00e9pris du droit<\/a>&nbsp; (L\u2019Humanit\u00e9)&nbsp;<\/p>\n\n\n\n<p><a href=\"https:\/\/www.lemediatv.fr\/emissions\/2022\/un-rapport-accable-darmanin-et-la-police-le-nouveau-zemmour-lactu-du-jour-contre-matinale-86-cBpQ1w2OT-6ZG5eMPzRTLg\">Rapport accable Darmanin et police ; \u00ab\u00a0nouveau Zemmour\u00a0\u00bb : Contre-Matinale #86<\/a> (Le M\u00e9dia)<\/p>\n\n\n\n<p><a href=\"https:\/\/www.streetpress.com\/sujet\/1643974193-policier-lanceur-alerte-benmohamed-sanctionne-temoigne-assemblee-racisme-violences-policieres\">Le policier lanceur d\u2019alerte Benmohamed sanctionn\u00e9 pour avoir t\u00e9moign\u00e9 \u00e0 l&rsquo;Assembl\u00e9e<\/a> (StreetPress)<\/p>\n\n\n\n<p><a href=\"http:\/\/cqfd-journal.org\/Dernieres-nouvelles-du-President\">Derni\u00e8res nouvelles du Pr\u00e9sident des flics<\/a> (CQFD)&nbsp;<\/p>\n\n\n\n<p><a href=\"https:\/\/www.mediapart.fr\/journal\/france\/040222\/dans-l-allier-la-justice-accusee-d-avoir-la-main-lourde-contre-des-gilets-jaunes\">Dans l\u2019Allier, la justice accus\u00e9e d\u2019avoir la main lourde contre des gilets jaunes<\/a> (M\u00e9diapart)<\/p>\n\n\n\n<p><a href=\"https:\/\/www.zelium.info\/9603-2\/\">\u00ab Nantes r\u00e9volt\u00e9e \u00bb, et nous avec elle<\/a> (Z\u00e9lium)<\/p>\n\n\n\n<p><a href=\"https:\/\/reporterre.net\/Des-decrocheurs-de-portraits-de-M-Macron-condamnes-mais-dispenses-de-peine\">Des d\u00e9crocheurs de portraits de M.&nbsp;Macron condamn\u00e9s, mais dispens\u00e9s de peine<\/a> (Reporterre)<\/p>\n\n\n\n<figure class=\"wp-block-image is-resized is-style-default\"><img data-recalc-dims=\"1\" loading=\"lazy\" decoding=\"async\" src=\"https:\/\/i0.wp.com\/static.mediapart.fr\/etmagine\/default\/files\/2022\/02\/04\/2022-02-04-10-13-32-galerie-des-dessins-charlie-hebdo.png?resize=390%2C503&#038;ssl=1\" alt=\"2022-02-04-10-13-32-galerie-des-dessins-charlie-hebdo\" width=\"390\" height=\"503\"\/><\/figure>\n\n\n\n<p><mark style=\"background-color:rgba(0, 0, 0, 0);color:#a30003\" class=\"has-inline-color\"><strong>2 F\u00e9vrier en continu<\/strong><\/mark><\/p>\n\n\n\n<p><strong><a href=\"https:\/\/www.francetvinfo.fr\/economie\/emploi\/metiers\/agriculture\/delinquance-dans-le-monde-agricole-la-cellule-de-gendarmerie-demeter-doit-disparaitre-d-ici-deux-mois-a-decide-la-justice_4937299.html\">Demeter: tribunal ordonne \u00e0 l&rsquo;Int\u00e9rieur de respecter la libert\u00e9 d&rsquo;expression<\/a> (France Info)<\/strong><\/p>\n\n\n\n<p><a href=\"https:\/\/solidaires.org\/Darmanin-deteste-la-liberte-de-la-presse-Soutien-a-Nantes-Revoltee\">Darmanin d\u00e9teste la libert\u00e9 de la presse ! Soutien \u00e0 Nantes R\u00e9volt\u00e9e<\/a> (Solidaires)<\/p>\n\n\n\n<p><a href=\"https:\/\/paris-luttes.info\/tentative-de-censure-de-la-part-du-15655\">Tentative de censure de la part du minist\u00e8re du logement<\/a> (Paris-luttes)<\/p>\n\n\n\n<figure class=\"wp-block-image size-full is-resized is-style-default\"><img data-recalc-dims=\"1\" loading=\"lazy\" decoding=\"async\" src=\"https:\/\/i0.wp.com\/www.rdpemancipation.org\/wp-content\/uploads\/2022\/02\/Capture-decran-2022-02-02-a-10.46.39.png?resize=411%2C336&#038;ssl=1\" alt=\"\" class=\"wp-image-69223\" width=\"411\" height=\"336\" srcset=\"https:\/\/i0.wp.com\/www.rdpemancipation.org\/wp-content\/uploads\/2022\/02\/Capture-decran-2022-02-02-a-10.46.39.png?w=660&amp;ssl=1 660w, https:\/\/i0.wp.com\/www.rdpemancipation.org\/wp-content\/uploads\/2022\/02\/Capture-decran-2022-02-02-a-10.46.39.png?resize=300%2C245&amp;ssl=1 300w\" sizes=\"auto, (max-width: 411px) 100vw, 411px\" \/><\/figure>\n\n\n\n<p><mark style=\"background-color:rgba(0, 0, 0, 0);color:#a30003\" class=\"has-inline-color\"><strong>1er F\u00e9vier en continu<\/strong><\/mark><\/p>\n\n\n\n<p><strong><a href=\"https:\/\/www.revolutionpermanente.fr\/Scandale-Le-procureure-de-Versailles-couvre-des-violences-policiere\">Scandale. Une m\u00e8re condamn\u00e9e pour avoir film\u00e9 les policiers qui tabassaient son fils<\/a> (RP)<\/strong><\/p>\n\n\n\n<p><a href=\"https:\/\/www.liberation.fr\/societe\/police-justice\/ligpn-saisi-apres-le-feminicide-presume-daurelie-langelin-a-douai-20220125_HR3S4SXF3ZGSVA7O4TNZYYWZDA\/\">L\u2019IGPN saisi apr\u00e8s le f\u00e9minicide d\u2019Aur\u00e9lie Langelin \u00e0 Douai<\/a> (Lib\u00e9)<\/p>\n\n\n\n<p><a href=\"https:\/\/www.liberation.fr\/societe\/police-justice\/la-procureure-de-versailles-accusee-davoir-couvert-des-violences-policieres-20220127_BUOGGSKWVREHND7MJYC4T36VHY\/\">La procureure de Versailles accus\u00e9e d\u2019avoir couvert des violences polici\u00e8res<\/a> (Lib\u00e9)<\/p>\n","protected":false},"excerpt":{"rendered":"<p>26 F\u00e9vrier en continu L&rsquo;Afrique, le fric et les politiques fran\u00e7ais (Le Media) Ukraine, mon message \u00e0 Macron (canard r\u00e9fractaire) Police partout, Poutou nulle part (Blast) Quels changements dans la composition du Conseil sup\u00e9rieur de la magistrature ? (Inkyfada) 25 F\u00e9vrier en continu Espionnage du journal Fakir : LVMH a pay\u00e9 10 mns d\u2019euros \u00e0 &#8230; <a title=\"F\u00e9vrier &#8211; Leur Etat\" class=\"read-more\" href=\"https:\/\/www.rdpemancipation.org\/?p=68943\" aria-label=\"En savoir plus sur F\u00e9vrier &#8211; Leur Etat\">Lire la suite<\/a><\/p>\n","protected":false},"author":1,"featured_media":0,"comment_status":"closed","ping_status":"closed","sticky":false,"template":"","format":"standard","meta":{"_lmt_disableupdate":"no","_lmt_disable":"no","_jetpack_memberships_contains_paid_content":false,"footnotes":""},"categories":[5],"tags":[],"class_list":["post-68943","post","type-post","status-publish","format-standard","hentry","category-leur-etat"],"modified_by":"jls","jetpack_featured_media_url":"","jetpack_sharing_enabled":true,"_links":{"self":[{"href":"https:\/\/www.rdpemancipation.org\/index.php?rest_route=\/wp\/v2\/posts\/68943","targetHints":{"allow":["GET"]}}],"collection":[{"href":"https:\/\/www.rdpemancipation.org\/index.php?rest_route=\/wp\/v2\/posts"}],"about":[{"href":"https:\/\/www.rdpemancipation.org\/index.php?rest_route=\/wp\/v2\/types\/post"}],"author":[{"embeddable":true,"href":"https:\/\/www.rdpemancipation.org\/index.php?rest_route=\/wp\/v2\/users\/1"}],"replies":[{"embeddable":true,"href":"https:\/\/www.rdpemancipation.org\/index.php?rest_route=%2Fwp%2Fv2%2Fcomments&post=68943"}],"version-history":[{"count":65,"href":"https:\/\/www.rdpemancipation.org\/index.php?rest_route=\/wp\/v2\/posts\/68943\/revisions"}],"predecessor-version":[{"id":73584,"href":"https:\/\/www.rdpemancipation.org\/index.php?rest_route=\/wp\/v2\/posts\/68943\/revisions\/73584"}],"wp:attachment":[{"href":"https:\/\/www.rdpemancipation.org\/index.php?rest_route=%2Fwp%2Fv2%2Fmedia&parent=68943"}],"wp:term":[{"taxonomy":"category","embeddable":true,"href":"https:\/\/www.rdpemancipation.org\/index.php?rest_route=%2Fwp%2Fv2%2Fcategories&post=68943"},{"taxonomy":"post_tag","embeddable":true,"href":"https:\/\/www.rdpemancipation.org\/index.php?rest_route=%2Fwp%2Fv2%2Ftags&post=68943"}],"curies":[{"name":"wp","href":"https:\/\/api.w.org\/{rel}","templated":true}]}}