{"id":68938,"date":"2022-02-01T09:27:46","date_gmt":"2022-02-01T08:27:46","guid":{"rendered":"https:\/\/www.rdpemancipation.org\/?p=68938"},"modified":"2022-03-01T10:34:12","modified_gmt":"2022-03-01T09:34:12","slug":"fevrier-ecologie-2","status":"publish","type":"post","link":"https:\/\/www.rdpemancipation.org\/?p=68938","title":{"rendered":"F\u00e9vrier &#8211; \u00c9cologie"},"content":{"rendered":"\n<p><strong><mark style=\"background-color:rgba(0, 0, 0, 0);color:#e51111\" class=\"has-inline-color\">28 f\u00e9vrier en continu<\/mark><\/strong><\/p>\n\n\n\n<p><a href=\"https:\/\/www.mediapart.fr\/journal\/international\/280222\/suttsu-au-japon-se-revolte-contre-le-stockage-de-dechets-nucleaires\">Suttsu, au Japon, se r\u00e9volte contre le stockage de d\u00e9chets nucl\u00e9aires <\/a>(Mediapart)<\/p>\n\n\n\n<p><a href=\"https:\/\/www.mediapart.fr\/journal\/international\/280222\/climat-le-rapport-du-giec-est-un-terrible-avertissement-sur-les-consequences-de-l-inaction\">Climat : le rapport du Giec est \u00ab\u00a0un terrible avertissement sur les cons\u00e9quences de l\u2019inaction\u00a0\u00bb<\/a> (Mediapart)<\/p>\n\n\n\n<p><a href=\"https:\/\/reporterre.net\/Infographie-que-proposent-les-candidats-pour-le-climat?utm_source=newsletter&amp;utm_medium=email&amp;utm_campaign=nl_quotidienne\">Pr\u00e9sidentielle&nbsp;: que proposent les candidats pour le climat?<\/a> (Reporterre)<\/p>\n\n\n\n<p><a href=\"https:\/\/www.novethic.fr\/actualite\/environnement\/agriculture\/isr-rse\/concentration-financiarisation-artificialisation-ces-menaces-qui-pesent-sur-nos-terres-agricoles-150617.html?utm_source=AlertesThematique&amp;utm_campaign=28-02-2022&amp;utm_medium=email\">Concentration, financiarisation, artificialisation\u2026 ces menaces qui p\u00e8sent sur nos terres agricoles<\/a> (Novethic)<\/p>\n\n\n\n<div class=\"wp-block-image\"><figure class=\"aligncenter size-large is-resized\"><img data-recalc-dims=\"1\" loading=\"lazy\" decoding=\"async\" src=\"https:\/\/i0.wp.com\/static.mediapart.fr\/etmagine\/default\/files\/2022\/02\/22\/1-a-aa-aah-lithium-ds.jpg?resize=544%2C391&#038;ssl=1\" alt=\"\" width=\"544\" height=\"391\"\/><\/figure><\/div>\n\n\n\n<p><a href=\"https:\/\/m.actu-environnement.com\/actualites\/agriculture-enjeux-environnementaux-societes-greenflex-39170.html#xtor=ES-6\" target=\"_blank\" rel=\"noreferrer noopener\">\u00ab\u00a0L&rsquo;agriculture est au c\u0153ur des enjeux environnementaux et soci\u00e9taux de demain\u00a0\u00bb<\/a> (Actu Environnement)<\/p>\n\n\n\n<p><a href=\"https:\/\/vert.eco\/articles\/les-principales-lecons-du-nouveau-rapport-du-giec-sur-les-impacts-de-la-crise-climatique\">La moiti\u00e9 de l\u2019humanit\u00e9 fortement vuln\u00e9rable \u00e0 la crise climatique&nbsp;: les principales alertes du dernier rapport du Giec<\/a> (Vert \u00e9co)<\/p>\n\n\n\n<p><a href=\"https:\/\/www.banquedesterritoires.fr\/terra-nova-comment-concilier-transition-ecologique-et-souverainete-alimentaire?pk_campaign=newsletter_quotidienne&amp;pk_kwd=2022-02-25&amp;pk_source=Actualit\u00e9s_Localtis&amp;pk_medium=newsletter_quotidienne\">Terra Nova : comment concilier transition \u00e9cologique et souverainet\u00e9 alimentaire<\/a> (Localtis)<\/p>\n\n\n\n<p><a href=\"https:\/\/reporterre.net\/Remarques-ecologistes-sur-la-guerre-en-Ukraine?utm_source=newsletter&amp;utm_medium=email&amp;utm_campaign=nl_quotidienne\" target=\"_blank\" rel=\"noreferrer noopener\">Remarques \u00e9cologistes sur la guerre en Ukraine<\/a> (Reporterre)<\/p>\n\n\n\n<p><a href=\"https:\/\/vert.eco\/articles\/la-france-nanticipe-pas-assez-les-risques-climatiques\" target=\"_blank\" rel=\"noreferrer noopener\">La France n\u2019anticipe pas assez les risques climatiques<\/a> (Vert \u00e9co)<\/p>\n\n\n\n<p><a href=\"https:\/\/bonpote.com\/33-milliards-detres-humains-exposes-au-changement-climatique-le-nouveau-rapport-du-giec-est-sans-appel\/\">3,3 milliards d\u2019humains expos\u00e9s au changement climatique : le nouveau rapport du GIEC est sans appel<\/a> (Bon Pote)<\/p>\n\n\n\n<p><a href=\"https:\/\/linfoauquotidien.com\/climat-greenpeace-et-oxfam-denoncent-lempreinte-carbone-disproportionnee-des-milliardaires-francais\">Greenpeace et Oxfam d\u00e9noncent empreinte carbone disproportionn\u00e9e des milliardaires fran\u00e7ais<\/a> (L\u2019Info au Quotidien)<\/p>\n\n\n\n<p><a href=\"https:\/\/welfarm.fr\/RecoursEnJusticePoulesPondeuses\">Recours en justice contre le d\u00e9cret sur poules pondeuses<\/a>&nbsp; (Welfarm)<\/p>\n\n\n\n<p><a href=\"https:\/\/welfarm.fr\/legislation-europeenne-bien-etre-animal\">L\u00e9gislation europ\u00e9enne et bien-\u00eatre animal<\/a> (Welfarm)<\/p>\n\n\n\n<p><strong><mark style=\"background-color:rgba(0, 0, 0, 0);color:#c30d0d\" class=\"has-inline-color\">27 f\u00e9vrier<\/mark><\/strong><\/p>\n\n\n\n<p><a href=\"https:\/\/reporterre.net\/Agriculture-le-bilan-desastreux-du-quinquennat-de-M-Macron\">Agriculture : le bilan d\u00e9sastreux du quinquennat de M. Macron<\/a> (Reporterre)<\/p>\n\n\n\n<p><a href=\"https:\/\/lareleveetlapeste.fr\/linky-les-electrosensibles-gagnent-leur-proces-contre-enedis-condamne-a-depolluer-lelectricite\/\">Linky : les \u00e9lectrosensibles gagnent leur proc\u00e8s contre Enedis condamn\u00e9 \u00e0 \u201cd\u00e9polluer l\u2019\u00e9lectricit\u00e9\u201d<\/a> (La rel\u00e8ve et la peste)<\/p>\n\n\n\n<p><a href=\"https:\/\/lareleveetlapeste.fr\/en-france-des-multinationales-accaparent-des-milliers-dhectares-de-terres-agricoles\/\">En France, des multinationales accaparent des milliers d\u2019hectares de terres agricoles<\/a> (La rel\u00e8ve et la peste))<\/p>\n\n\n\n<p><a href=\"https:\/\/www.lemonde.fr\/afrique\/article\/2022\/02\/27\/un-enjeu-pour-l-afrique-ne-pas-devenir-la-poubelle-du-monde-des-dechets-plastiques_6115424_3212.html\">Un enjeu pour l\u2019Afrique : ne pas devenir \u00ab la poubelle du monde \u00bb des d\u00e9chets plastiques<\/a> (Le Monde)<\/p>\n\n\n\n<p><a href=\"https:\/\/reporterre.net\/La-Normandie-va-etre-bousculee-par-le-rechauffement-climatique\">La Normandie va \u00eatre bouscul\u00e9e par le r\u00e9chauffement climatique<\/a> (Reporterre)<\/p>\n\n\n\n<p><a href=\"https:\/\/korii.slate.fr\/tech\/guerre-ukraine-tchernobyl-donbass-desastre-environnemental-permanent-mines-centrales-nucleaires-dechets-toxiques-radioactifs\">Tchernobyl, Donbass: vers un d\u00e9sastre environnemental permanent en Ukraine?<\/a> (Korii)<\/p>\n\n\n\n<p><a href=\"https:\/\/www.generations-futures.fr\/actualites\/statistiques-agricoles-ue\/\">Statistiques agricoles: nous demandons des r\u00e9sultats et des actions ambitieuses<\/a> (G\u00e9n\u00e9rations Futures)<\/p>\n\n\n\n<p><a href=\"https:\/\/www.mediapart.fr\/journal\/france\/270222\/autour-de-l-yonne-le-plan-industriel-de-duc-et-ses-80-nouveaux-megapoulaillers\" target=\"_blank\" rel=\"noreferrer noopener\">Autour de l\u2019Yonne, le plan industriel de Duc et ses 80 nouveaux m\u00e9gapoulaillers<\/a> (Mediapart)<\/p>\n\n\n\n<p><a href=\"https:\/\/www.mediapart.fr\/journal\/international\/260222\/tchernobyl-une-inquietude-diffuse-et-des-questions\">\u00c0 Tchernobyl, une inqui\u00e9tude diffuse et des questions<\/a> (Mediapart)<\/p>\n\n\n\n<p><a href=\"https:\/\/www.20minutes.fr\/societe\/3241879-20220225-bretagne-l214-cible-elevage-cochons-denonce-scandale-algues-vertes?xtor=EPR-212\">Bretagne&nbsp;: L214 cible l\u2019\u00e9levage des cochons et d\u00e9nonce scandale algues vertes<\/a> (20Minutes)<\/p>\n\n\n\n<p class=\"has-text-color\" style=\"color:#960808\"><strong>26 f\u00e9vrier<\/strong><\/p>\n\n\n\n<p><a href=\"https:\/\/www.youtube.com\/watch?v=NY8F_iCyCbM\">il faut faire payer les milliardaires fran\u00e7ais qui br\u00fblent la plan\u00e8te<\/a> (Blast)<\/p>\n\n\n\n<p><a href=\"https:\/\/revuegerminal.fr\/2022\/02\/24\/lintervention-politique-est-indispensable-a-la-reforme-de-nos-modes-de-production-et-de-consommation-alimentaires-entretien-avec-damien-conare-marie-walser-nicolas-bricas-et-catherine\/\" target=\"_blank\" rel=\"noreferrer noopener\">\u00ab&nbsp;L\u2019intervention politique indispensable \u00e0 la r\u00e9forme de nos modes de production et de consommation.&nbsp;\u00bb<\/a> (Germinal)<\/p>\n\n\n\n<p><a href=\"https:\/\/contrepoints.media\/fr\/posts\/defend-the-atlanta-forest-reflexions-sur-la-lutte-dune-ville-foret\">Defend the Atlanta Forest : R\u00e9flexions sur la lutte d&rsquo;une ville-for\u00eat<\/a> (Contrepoints)<\/p>\n\n\n\n<p><a href=\"https:\/\/basta.media\/Artificialisation-des-sols-betonisation-terres-agricoles-espaces-naturels-habitat-voitures\">L\u2019artificialisation des sols et la b\u00e9tonisation se poursuivent \u00e0 \u00ab&nbsp;un rythme soutenu&nbsp;\u00bb en France<\/a> (Basta)<\/p>\n\n\n\n<p><a href=\"https:\/\/www.gaucheanticapitaliste.org\/lecofeminisme-une-politique-de-classe-pour-les-99\/\">L\u2019\u00e9cof\u00e9minisme : une politique de classe pour les 99%<\/a> (Gauche anticapitaliste)<\/p>\n\n\n\n<p><a href=\"https:\/\/theconversation.com\/les-six-chantiers-prioritaires-pour-lavenir-de-lagriculture-francaise-175198?utm_medium=email&amp;utm_campaign=La%20lettre%20de%20The%20Conversation%20France%20du%2024%20fvrier%202022%20-%202214921981&amp;utm_content=La%20lettre%20de%20The%20Conversation%20France%20du%2024%20fvrier%202022%20-%202214921981+CID_808bd2e359c25f2959c3fc87a9f75bbc&amp;utm_source=campaign_monitor_fr&amp;utm_term=Les%20six%20chantiers%20prioritaires%20pour%20lavenir%20de%20lagriculture%20franaise\">Les six chantiers prioritaires pour l\u2019avenir de l\u2019agriculture fran\u00e7aise<\/a> (The Conversation)<\/p>\n\n\n\n<p><a href=\"http:\/\/balises.criirad.org\/pdf\/Guerre_Ukraine_2022\/2022-02-25_Communique_CRIIRAD_Guerre-en-Ukraine_fortes_inquietudes.pdf\">Conflit en Ukraine : fortes inqui\u00e9tudes en mati\u00e8re de contamination radioactive et de s\u00fbret\u00e9 nucl\u00e9aire<\/a> (CRIIRAD)<\/p>\n\n\n\n<p><a href=\"https:\/\/vert.eco\/articles\/le-changement-climatique-augmente-le-nombre-durgences-psychiatriques\" target=\"_blank\" rel=\"noreferrer noopener\">Le changement climatique augmente le nombre d\u2019urgences psychiatriques<\/a> (Vert \u00e9co)<\/p>\n\n\n\n<p class=\"has-text-color\" style=\"color:#9e2e2e\"><strong>25 f\u00e9vrier <\/strong><\/p>\n\n\n\n<p><a href=\"https:\/\/reporterre.net\/Guerre-en-Ukraine-la-Russie-met-la-main-sur-le-grenier-a-ble-de-l-Europe?utm_source=newsletter&amp;utm_medium=email&amp;utm_campaign=nl_quotidienne\">Guerre en Ukraine&nbsp;: la Russie met la main sur le \u00abgrenier \u00e0 bl\u00e9\u00bb de l\u2019Europe<\/a> (Reporterre)<\/p>\n\n\n\n<p><a href=\"https:\/\/www.ouest-france.fr\/environnement\/nucleaire\/nucleaire-la-menace-d-un-nouveau-surcout-pour-l-epr-de-flamanville-7bb39412-95a6-11ec-a598-cbc0ff532848\" target=\"_blank\" rel=\"noreferrer noopener\">Nucl\u00e9aire. La menace d\u2019un nouveau surco\u00fbt pour l\u2019EPR de Flamanville<\/a> (Ouest France)<\/p>\n\n\n\n<p><strong><mark style=\"background-color:rgba(0, 0, 0, 0);color:#b30e0e\" class=\"has-inline-color\">24 f\u00e9vrier<\/mark><\/strong><\/p>\n\n\n\n<p><a href=\"https:\/\/blogs.mediapart.fr\/semcheddine\/blog\/240222\/apres-6o-ans-dindependance-plaidoyer-pour-une-economie-verte\">Alg\u00e9rie, apr\u00e8s 6O ans d&rsquo;ind\u00e9pendance : Plaidoyer pour une \u00e9conomie verte<\/a> (Mediapart blog Semcheddine)<\/p>\n\n\n\n<p><a href=\"https:\/\/www.latribune.fr\/entreprises-finance\/industrie\/energie-environnement\/a-la-hague-edf-au-pied-d-un-encombrant-mur-de-dechets-904814.html\">A la Hague, EDF au pied d\u2019un encombrant mur de d\u00e9chets<\/a>&nbsp; (la Tribune)<\/p>\n\n\n\n<p><a href=\"https:\/\/www.lefigaro.fr\/flash-actu\/nucleaire-l-asn-demande-plus-d-analyses-a-edf-sur-les-problemes-de-corrosion-20220224\">Nucl\u00e9aire : l&rsquo;ASN demande plus d&rsquo;analyses \u00e0 EDF sur les probl\u00e8mes de corrosion<\/a> (le Figaro)<\/p>\n\n\n\n<p><a href=\"https:\/\/www.socialter.fr\/article\/wangari-maathai-la-femme-qui-plantait-des-arbres\">Wangari Maathai, la femme qui plantait des arbres<\/a> (Socialter)<\/p>\n\n\n\n<p><a href=\"https:\/\/vert.eco\/articles\/l214-leve-le-voile-sur-le-chalutage-industriel\">L214 l\u00e8ve le voile sur le chalutage industriel<\/a> (Vert \u00e9co)<\/p>\n\n\n\n<p><a href=\"https:\/\/metropolitiques.eu\/Amenagement-et-climat-une-genealogie-de-l-adaptation.html\">Am\u00e9nagement et climat&nbsp;: une g\u00e9n\u00e9alogie de l\u2019adaptation<\/a> (M\u00e9tropolitiques)<\/p>\n\n\n\n<p><a href=\"https:\/\/www.banquedesterritoires.fr\/nature-en-ville-des-deputees-appellent-sappuyer-davantage-sur-les-benefices-des-ecosystemes?pk_campaign=newsletter_quotidienne&amp;pk_kwd=2022-02-23&amp;pk_source=Actualit\u00e9s_Localtis&amp;pk_medium=newsletter_quotidienne\">Nature en ville : s&rsquo;appuyer davantage sur les b\u00e9n\u00e9fices des \u00e9cosyst\u00e8mes <\/a>(Localtis)<\/p>\n\n\n\n<p><a href=\"https:\/\/reporterre.net\/Pluie-gel-saisons-Moi-paysan-j-accepte-les-contraintes-du-vivant?utm_source=newsletter&amp;utm_medium=email&amp;utm_campaign=nl_quotidienne\">Pluie, gel, saisons\u2026 Moi, paysan, j\u2019accepte les contraintes du vivant<\/a> (Reporterre)<\/p>\n\n\n\n<p><a href=\"https:\/\/bonpote.com\/faut-il-arreter-de-faire-des-enfants-pour-sauver-la-planete\/\">Faut-il arr\u00eater de faire des enfants pour sauver la plan\u00e8te ?<\/a> (Bon Pote)<\/p>\n\n\n\n<p><a href=\"https:\/\/www.mediacites.fr\/veracites-2022\/on-aide-tres-peu-les-paysans-bio\/?mc_cid=b3509e1b10&amp;mc_eid=aa8e6fa941\">Jadot : \u00ab On aide tr\u00e8s peu les paysans bio \u00bb <\/a>(Mediacit\u00e9s)<\/p>\n\n\n\n<p><a href=\"https:\/\/www.banquedesterritoires.fr\/le-photovoltaique-en-zone-littorale-patience-et-longueur-de-temps?pk_campaign=newsletter_quotidienne&amp;pk_kwd=2022-02-23&amp;pk_source=Actualit\u00e9s_Localtis&amp;pk_medium=newsletter_quotidienne\">Le photovolta\u00efque en zone littorale&nbsp;: patience et longueur de temps <\/a>(Localtis)<\/p>\n\n\n\n<p><a href=\"https:\/\/charliehebdo.fr\/2022\/02\/international\/indonesie-jakarta-est-fini\/?utm_source=sendinblue&amp;utm_campaign=QUOTIDIENNE_23022022_-_ABONNES&amp;utm_medium=email\">Indon\u00e9sie&nbsp;: Jakarta, c\u2019est-fini<\/a> (Charlie Hebdo)<\/p>\n\n\n\n<p class=\"has-text-color\" style=\"color:#9e0c0c\"><strong>23 f\u00e9vrier<\/strong><\/p>\n\n\n\n<p><a href=\"https:\/\/reporterre.net\/Nous-allons-continuer-a-appeler-au-boycott-de-la-5G\">\u00ab Nous allons continuer \u00e0 appeler au boycott de la 5G \u00bb<\/a>&nbsp; (Reporterre)<\/p>\n\n\n\n<p><a href=\"https:\/\/revue-progressistes.org\/2022\/02\/23\/agir-pour-la-survie-des-arbres-au-xxie-siecle-gerard-le-puill\/\">Agir pour la survie des arbres au XXIe&nbsp;si\u00e8cle, G\u00e9rard Le&nbsp;Puill<\/a> (Entre les lignes)<\/p>\n\n\n\n<p><a href=\"https:\/\/www.novethic.fr\/actualite\/environnement\/climat\/isr-rse\/en-abusant-de-la-formule-neutralite-carbone-les-entreprises-s-exposent-a-l-effet-boomerang-150603.html\">En abusant de la formule \u00ab\u00a0neutralit\u00e9 carbone\u00a0\u00bb, les entreprises s&rsquo;exposent \u00e0 \u00ab\u00a0&lsquo;l&rsquo;effet boomerang\u00a0\u00bb<\/a> (Novethic)<\/p>\n\n\n\n<p><a href=\"https:\/\/www.novethic.fr\/actualite\/environnement\/climat\/isr-rse\/l-empreinte-carbone-colossale-des-milliardaires-francais-en-une-infographie-150607.html\">L\u2019empreinte carbone colossale des milliardaires fran\u00e7ais en une infographie<\/a> (Novethic)<\/p>\n\n\n\n<p><a href=\"https:\/\/reporterre.net\/Une-ferme-usine-de-saumons-menace-les-eaux-bretonnes\">Une ferme-usine de saumons menace les eaux bretonnes<\/a> (Reporterre)<\/p>\n\n\n\n<p><a href=\"https:\/\/environmentalpaper.org\/wp-content\/uploads\/2022\/02\/Albioma-blog-article-for-EPN-FR.pdf\">Le greenwashing d&rsquo;une entreprise fran\u00e7aise d\u00e9voil\u00e9 : les centrales \u00e9nerg\u00e9tiques<\/a> <a href=\"https:\/\/environmentalpaper.org\/wp-content\/uploads\/2022\/02\/Albioma-blog-article-for-EPN-FR.pdf\">converties d\u00e9pendent du bois et non de la canne \u00e0 sucre<\/a> (Environmental Paper Network)<\/p>\n\n\n\n<p><a href=\"https:\/\/france3-regions.francetvinfo.fr\/nouvelle-aquitaine\/vienne\/centrale-nucleaire-de-civaux-l-ampleur-des-degats-2471134.html\">Centrale nucl\u00e9aire de Civaux dans la Vienne : l&rsquo;ampleur des d\u00e9g\u00e2ts<\/a> (Francetvinfo)<\/p>\n\n\n\n<p><a href=\"https:\/\/vert.eco\/articles\/et-si-le-prochain-president-donnait-de-vrais-droits-au-vivant\" target=\"_blank\" rel=\"noreferrer noopener\">Et si le prochain pr\u00e9sident donnait de vrais droits au vivant&nbsp;?<\/a> (Vert \u00e9co)<\/p>\n\n\n\n<p><a href=\"https:\/\/www.mediapart.fr\/journal\/economie\/230222\/les-milliardaires-francais-brulent-la-planete\">Les milliardaires fran\u00e7ais br\u00fblent la plan\u00e8te<\/a> (Mediapart)<\/p>\n\n\n\n<p><a href=\"https:\/\/blogs.mediapart.fr\/tv-bruits\/blog\/220222\/terre-et-capital-de-paul-guillibert-rencontre-la-librairie-terra-nova\">\u00ab Terre et capital \u00bb de Paul Guillibert, rencontre \u00e0 la librairie Terra Nova<\/a> (Mediapart blog Tv Bruits)<\/p>\n\n\n\n<p><a href=\"https:\/\/theconversation.com\/debat-retrouver-le-chemin-vers-les-petits-pays-renouvelables-176335?utm_medium=email&amp;utm_campaign=La%20lettre%20de%20The%20Conversation%20France%20du%2022%20fvrier%202022%20-%202212421950&amp;utm_content=La%20lettre%20de%20The%20Conversation%20France%20du%2022%20fvrier%202022%20-%202212421950+CID_ce1a8f8cb0ab7e7c1d5e516b3237220d&amp;utm_source=campaign_monitor_fr&amp;utm_term=Dbat%20%20Retrouver%20le%20chemin%20vers%20les%20%20petits%20pays%20renouvelables\" target=\"_blank\" rel=\"noreferrer noopener\">D\u00e9bat&nbsp;: Retrouver le&nbsp;chemin vers les&nbsp;\u00ab&nbsp;petits pays renouvelables&nbsp;\u00bb<\/a> (The Conversation)<\/p>\n\n\n\n<p><a href=\"https:\/\/www.novethic.fr\/actualite\/environnement\/agriculture\/isr-rse\/conflit-en-ukraine-derriere-la-crise-energetique-le-ble-arme-geopolitique-d-influence-150605.html?utm_source=AlertesThematique&amp;utm_campaign=23-02-2022&amp;utm_medium=email\" target=\"_blank\" rel=\"noreferrer noopener\">Conflit en Ukraine : Derri\u00e8re la crise \u00e9nerg\u00e9tique, le bl\u00e9, arme g\u00e9opolitique d&rsquo;influence<\/a> (Novethic)<\/p>\n\n\n\n<p><a href=\"https:\/\/up-magazine.lt.acemlnb.com\/Prod\/link-tracker?redirectUrl=aHR0cHMlM0ElMkYlMkZ1cC1tYWdhemluZS5pbmZvJTJGcGxhbmV0ZSUyRmNsaW1hdCUyRjk5OTMwLXF1YW5kLWxhLW5hdHVyZS1yZXByZW5kLXNlcy1kcm9pdHMlMkYlM0Z1dG1fc291cmNlJTNEQWN0aXZlQ2FtcGFpZ24lMjZ1dG1fbWVkaXVtJTNEZW1haWwlMjZ1dG1fY29udGVudCUzRExlJTJCQ292aWQlMkJhJTJCcmFkaWNhbGVtZW50JTJCY2hhbmclMjVDMyUyNUE5JTJCbCUyQmF2ZW5pciUyQmRlJTJCbGElMkJtJTI1QzMlMjVBOWRlY2luZSUyNnV0bV9jYW1wYWlnbiUzREFDVElPTiUyNTIxJTJCUXVvdGlkaWVubmUlMkJtZS0yMyUyNTJGMDIlMjUyRjIy&amp;sig=5kU28iuRbY5L6AitFhFGX3QsJ8P85smbt51XyeG9T9JA&amp;iat=1645597977&amp;a=%7C%7C252447529%7C%7C&amp;account=up-magazine%2Eactivehosted%2Ecom&amp;email=hYTuCOgkI70Fg1VNPKltCI1dx8m6jGUdGbVCvZel7ZA%3D&amp;s=0f6d0b96b14c6fbd26674c52c11f03fa&amp;i=517A545A7A35969\">Quand la Nature reprend ses droits<\/a> (UP Magazine)<\/p>\n\n\n\n<p><a href=\"https:\/\/bonpote.com\/le-digital-nomad-un-cauchemar-pour-le-climat\/\">Le digital nomad : un cauchemar pour le climat ?<\/a> (Bon Pote)<\/p>\n\n\n\n<p><a href=\"https:\/\/www.banquedesterritoires.fr\/pesticides-un-rapport-de-generations-futures-pointe-nouveau-linsuffisance-des-distances-de-securite?pk_campaign=newsletter_quotidienne&amp;pk_kwd=2022-02-22&amp;pk_source=Actualit\u00e9s_Localtis&amp;pk_medium=newsletter_quotidienne\" target=\"_blank\" rel=\"noreferrer noopener\">Pesticides : un rapport de G\u00e9n\u00e9rations futures pointe \u00e0 nouveau l\u2019insuffisance des distances de s\u00e9curit\u00e9 pr\u00e8s des habitations<\/a> (Localtis)<\/p>\n\n\n\n<p><a href=\"https:\/\/www.banquedesterritoires.fr\/face-des-terres-agricoles-mal-protegees-et-mal-partagees-terre-de-liens-plaide-pour-une-grande-loi?pk_campaign=newsletter_quotidienne&amp;pk_kwd=2022-02-22&amp;pk_source=Actualit\u00e9s_Localtis&amp;pk_medium=newsletter_quotidienne\" target=\"_blank\" rel=\"noreferrer noopener\">Face \u00e0 des terres agricoles mal prot\u00e9g\u00e9es et mal partag\u00e9es, Terre de Liens plaide pour une grande loi fonci\u00e8re<\/a> (Localtis)<\/p>\n\n\n\n<p><a href=\"https:\/\/m.actu-environnement.com\/actualites\/plastiques-monde-economie-circulaire-ocde-rapport-39149.html#xtor=ES-6\">La diffusion massive de plastique dans le monde illustre les limites de l&rsquo;\u00e9conomie circulaire<\/a> (Actu Environnement)<\/p>\n\n\n\n<div class=\"wp-block-image\"><figure class=\"aligncenter size-large is-resized\"><img data-recalc-dims=\"1\" loading=\"lazy\" decoding=\"async\" src=\"https:\/\/i0.wp.com\/www.actu-environnement.com\/images\/illustrations\/news\/39149_encart_zoom.jpg?resize=624%2C395&#038;ssl=1\" alt=\"\" width=\"624\" height=\"395\"\/><figcaption><sup>Seulement 33 millions de tonnes, soit 9&nbsp;% des d\u00e9chets plastiques, ont \u00e9t\u00e9 recycl\u00e9s en 2019.<\/sup><\/figcaption><\/figure><\/div>\n\n\n\n<p><a href=\"https:\/\/basta.media\/agriculture-industrielle-agrobusiness-PAC-pesticides-bien-etre-animal-parlement-europeen-extreme-droite-macronie\" target=\"_blank\" rel=\"noreferrer noopener\">Quand le soutien \u00e0 l\u2019agriculture industrielle et polluante fait consensus de l\u2019extr\u00eame droite \u00e0 la Macronie<\/a> (Basta)<\/p>\n\n\n\n<p class=\"has-text-color\" style=\"color:#a51b1b\"><strong>22 f\u00e9vrier <\/strong><\/p>\n\n\n\n<p><a href=\"https:\/\/fne.asso.fr\/actualite\/strategie-nationale-pour-la-biodiversite-lettre-ouverte-de-13-associations-au-president\" target=\"_blank\" rel=\"noreferrer noopener\">Strat\u00e9gie nationale pour la biodiversit\u00e9 :  lettre ouverte de 13 associations au pr\u00e9sident<\/a> (FNE)<\/p>\n\n\n\n<p><a href=\"https:\/\/m.actu-environnement.com\/actualites\/nucleaire-gouvernement-estimation-cout-EPR2-39140.html#xtor=ES-6\">Nucl\u00e9aire&nbsp;: le gouvernement estime le co\u00fbt des six EPR annonc\u00e9s<\/a> (Actu Environnement)<\/p>\n\n\n\n<p><a href=\"https:\/\/m.actu-environnement.com\/actualites\/terres-agricoles-disparition-modele-conventionnel-39141.html#xtor=ES-6\">Quand les terres agricoles disparaissent, le mod\u00e8le conventionnel gagne du terrain<\/a> (Actu Environnement)<\/p>\n\n\n\n<p><a href=\"https:\/\/reporterre.net\/De-moins-en-moins-de-terres-pour-les-jeunes-paysans\">De moins en moins de terres pour les jeunes paysans<\/a> (Reporterre)<\/p>\n\n\n\n<p><a href=\"https:\/\/up-magazine.lt.acemlnb.com\/Prod\/link-tracker?redirectUrl=aHR0cHMlM0ElMkYlMkZ1cC1tYWdhemluZS5pbmZvJTJGcGxhbmV0ZSUyRmNsaW1hdCUyRjk5ODkxLWxhLXJlZ2lvbi1tZWRpdGVycmFuZWVubmUtc2UtdHJhbnNmb3JtZS1lbi1kZXNlcnQtcGx1cy12aXRlLXF1YWlsbGV1cnMlMkYlM0Z1dG1fc291cmNlJTNEQWN0aXZlQ2FtcGFpZ24lMjZ1dG1fbWVkaXVtJTNEZW1haWwlMjZ1dG1fY29udGVudCUzRFJTUyUyNTNBSVRFTSUyNTNBVElUTEUlMjZ1dG1fY2FtcGFpZ24lM0RBQ1RJT04lMjUyMSUyQlF1b3RpZGllbm5lJTJCbWEtMjIlMjUyRjAyJTI1MkYyMg==&amp;sig=6d7qPPXERpNciDmL31JwZTyujxqsjfTm6GpmySv1z3Rf&amp;iat=1645511568&amp;a=%7C%7C252447529%7C%7C&amp;account=up-magazine%2Eactivehosted%2Ecom&amp;email=hYTuCOgkI70Fg1VNPKltCI1dx8m6jGUdGbVCvZel7ZA%3D&amp;s=0f6d0b96b14c6fbd26674c52c11f03fa&amp;i=516A544A7A35904\">La r\u00e9gion m\u00e9diterran\u00e9enne se transforme en d\u00e9sert plus vite qu\u2019ailleurs<\/a> (UP Magazine)<\/p>\n\n\n\n<p><a href=\"https:\/\/up-magazine.lt.acemlnb.com\/Prod\/link-tracker?redirectUrl=aHR0cHMlM0ElMkYlMkZ1cC1tYWdhemluZS5pbmZvJTJGcGxhbmV0ZSUyRmNsaW1hdCUyRjk5ODg4LWZhdXQtaWwtc291bWV0dHJlLWxhY3Rpb24tcHVibGlxdWUtYS11bi1wYXNzZS1jbGltYXRpcXVlJTJGJTNGdXRtX3NvdXJjZSUzREFjdGl2ZUNhbXBhaWduJTI2dXRtX21lZGl1bSUzRGVtYWlsJTI2dXRtX2NvbnRlbnQlM0RSU1MlMjUzQUlURU0lMjUzQVRJVExFJTI2dXRtX2NhbXBhaWduJTNEQUNUSU9OJTI1MjElMkJRdW90aWRpZW5uZSUyQm1hLTIyJTI1MkYwMiUyNTJGMjI=&amp;sig=CVff42MhSccBZevRpZDC7wVHfNYtegDM5E68oqHSenKV&amp;iat=1645511568&amp;a=%7C%7C252447529%7C%7C&amp;account=up-magazine%2Eactivehosted%2Ecom&amp;email=hYTuCOgkI70Fg1VNPKltCI1dx8m6jGUdGbVCvZel7ZA%3D&amp;s=0f6d0b96b14c6fbd26674c52c11f03fa&amp;i=516A544A7A35906\">Faut-il soumettre l\u2019action publique \u00e0 un \u00ab passe climatique \u00bb ?<\/a>&nbsp; (UP Magazine)<\/p>\n\n\n\n<p><a href=\"https:\/\/www.novethic.fr\/actualite\/environnement\/agriculture\/isr-rse\/sarah-cohen-nous-avons-besoin-d-une-adhesion-populaire-pour-mettre-en-place-la-securite-sociale-alimentaire-150602.html?utm_source=AlertesThematique&amp;utm_campaign=22-02-2022&amp;utm_medium=email\" target=\"_blank\" rel=\"noreferrer noopener\">Sarah Cohen : \u00ab\u00a0Nous avons besoin d\u2019une adh\u00e9sion populaire pour mettre en place une s\u00e9curit\u00e9 sociale alimentaire \u00ab\u00a0<\/a> (Novethic)<\/p>\n\n\n\n<p><a href=\"https:\/\/basta.media\/Macron-energies-renouvelables-bilan-du-quinquennat-France-en-retard-objectifs-climat-solaire-eolien-hydraulique\">\u00c9nergies renouvelables, bilan quinquennat&nbsp;:France en retard sur solaire \u00e9olien, hydraulique<\/a> (Basta)<\/p>\n\n\n\n<p><a href=\"https:\/\/www.nationalgeographic.fr\/animaux\/les-lamantins-disparaissent-a-un-rythme-alarmant\">Animaux: les lamantins disparaissent \u00e0 un rythme alarmant<\/a> (National g\u00e9ographic)<\/p>\n\n\n\n<p><a href=\"https:\/\/www.msn.com\/fr-fr\/divertissement\/celebrites\/brigitte-bardot-furax-contre-eric-zemmour-elle-lui-retire-son-soutien-il-ne-peut-sauver-la-france-ni-en-%C3%AAtre-pr%C3%A9sident\/ar-AAU7Ww8?cvid=a574f8a28e0a4d508714aeffcd720bca&amp;ocid=winp1taskbar\">Brigitte Bardot furax contre &nbsp;Zemmour, elle lui retire son soutien : il \u00ab\u00a0ne peut sauver la France, ni en \u00eatre Pr\u00e9sident\u00a0\u00bb ! <\/a>(MSN)<\/p>\n\n\n\n<p class=\"has-text-color\" style=\"color:#a32222\"><strong>21 f\u00e9vrier <\/strong><\/p>\n\n\n\n<p><a href=\"https:\/\/theconversationfrance.cmail20.com\/t\/r-l-tylyadl-ohktrjlidk-m\/\">Pourquoi la for\u00eat fran\u00e7aise a&nbsp;besoin d\u2019un traitement de&nbsp;fond<\/a> (The Conversation)<\/p>\n\n\n\n<p><a href=\"https:\/\/www.greenpeace.fr\/ecologie-et-climat-le-bilan-catastrophe-de-macron\/\" target=\"_blank\" rel=\"noreferrer noopener\">Ecologie et climat : le bilan catastrophe d&rsquo;Emmanuel&nbsp;Macron<\/a> (Greenpeace)<\/p>\n\n\n\n<p><a href=\"https:\/\/www.afrik21.africa\/cameroun-tres-controverse-le-projet-de-palmerai-de-campo-exonere-dimpots\/\">CAMEROUN : tr\u00e8s controvers\u00e9, le projet de palmeraie de Campo exon\u00e9r\u00e9 d\u2019imp\u00f4ts <\/a>(Afrik21)<\/p>\n\n\n\n<p><a href=\"https:\/\/vert.eco\/articles\/dans-le-val-doise-on-plante-une-immense-foret-contre-letalement-urbain-et-le-changement-climatique\">Dans le Val d\u2019Oise, une immense for\u00eat contre l\u2019\u00e9talement urbain et le changement climatique<\/a> (Vert \u00e9co)<\/p>\n\n\n\n<p><a href=\"https:\/\/m.actu-environnement.com\/actualites\/code-minier-conseil-constitutionnel-censure-prolongation-concession-39129.html#xtor=ES-6\" target=\"_blank\" rel=\"noreferrer noopener\">Code minier&nbsp;: le Conseil constitutionnel censure la prolongation automatique des concessions<\/a> (Actu Environnement)<\/p>\n\n\n\n<p><a href=\"https:\/\/www.banquedesterritoires.fr\/lutte-contre-lartificialisation-des-sols-les-prefets-appeles-accompagner-les-elus?pk_campaign=newsletter_quotidienne&amp;pk_kwd=2022-02-18&amp;pk_source=Actualit\u00e9s_Localtis&amp;pk_medium=newsletter_quotidienne\" target=\"_blank\" rel=\"noreferrer noopener\">Lutte contre l&rsquo;artificialisation des sols : les pr\u00e9fets appel\u00e9s \u00e0 accompagner les \u00e9lus<\/a> (Localtis)<\/p>\n\n\n\n<p><a href=\"https:\/\/bonpote.com\/tout-comprendre-ou-presque-sur-le-climat\/\" target=\"_blank\" rel=\"noreferrer noopener\">Tout comprendre (ou presque) sur le climat<\/a> (Bon Pote)<\/p>\n\n\n\n<p><a href=\"https:\/\/www.mediapart.fr\/journal\/international\/200222\/les-jo-d-hiver-de-pekin-symbole-de-la-civilisation-ecologique-chinoise-et-de-ses-limites\">Les JO d\u2019hiver de P\u00e9kin, symbole de la \u00ab&nbsp;civilisation \u00e9cologique&nbsp;\u00bb chinoise et de ses limites<\/a> (Mediapart)<\/p>\n\n\n\n<p><a href=\"https:\/\/reporterre.net\/Autoroutes-entrepots-dans-le-Centre-des-terres-agricoles-coulees-sous-le-beton\">Autoroutes, entrep\u00f4ts&nbsp;: dans le Centre, des terres agricoles coul\u00e9es sous le b\u00e9ton <\/a>(Reporterre)<\/p>\n\n\n\n<div class=\"wp-block-image\"><figure class=\"aligncenter size-large is-resized\"><img data-recalc-dims=\"1\" loading=\"lazy\" decoding=\"async\" src=\"https:\/\/i0.wp.com\/reporterre.net\/local\/cache-vignettes\/L720xH478\/arton24644-d0174.jpg?resize=546%2C362&#038;ssl=1\" alt=\"\" width=\"546\" height=\"362\"\/><figcaption><sup>Dimanche 20 f\u00e9vrier, \u00e0 Mer (Loir-et-Cher).&nbsp;<em>&#8211; \u00a9 Emmanuel Cl\u00e9venot\/Reporterre<\/em><\/sup><\/figcaption><\/figure><\/div>\n\n\n\n<p><strong><mark style=\"background-color:rgba(0, 0, 0, 0);color:#bd0a0a\" class=\"has-inline-color\">20 f\u00e9vrier <\/mark><\/strong><\/p>\n\n\n\n<p><a href=\"https:\/\/alencontre.org\/ameriques\/amelat\/argentine\/sous-la-maree-noire-le-pouvoir-des-transnationales-des-combustibles-fossiles-et-la-resistance-naissante-dun-mouvement-transnational.html\">Mar\u00e9e noire: pouvoir des transnationales des combustibles fossiles, et r\u00e9sistance naissante d\u2019un mouvement transnational<\/a> (\u00c0 l&rsquo;Encontre)<\/p>\n\n\n\n<p><a href=\"https:\/\/www.revue-ballast.fr\/au-croisement-des-luttes-environnementales-et-sociales-rencontre-avec-lhistorien-renaud-becot\/\">Au croisement des luttes environnementales et sociales&nbsp;: rencontre avec l\u2019historien Renaud B\u00e9cot<\/a> (Ballast)<\/p>\n\n\n\n<p><a href=\"https:\/\/revuegerminal.fr\/2022\/02\/18\/les-communs-reconduisent-a-penser-lecologie-dans-sa-dimension-politique-entretien-avec-edouard-jourdain\/\">&nbsp;Les communs reconduisent \u00e0 penser l\u2019\u00e9cologie dans sa dimension politique&nbsp;\u00bb Entretien avec Edouard Jourdain <\/a> (Germinal)<\/p>\n\n\n\n<p id=\"le-19-fevrier-manifestation-pour-l-arret-des-mega-bassines-a-poitiers\"><a href=\"https:\/\/lanticapitaliste.org\/actualite\/ecologie\/manifestation-pour-larret-des-mega-bassines-poitiers\">Le 19 f\u00e9vrier, manifestation pour l\u2019arr\u00eat des m\u00e9ga-bassines \u00e0 Poitiers<\/a> (l&rsquo;Anticapitaliste)<\/p>\n\n\n\n<p id=\"le-19-fevrier-manifestation-pour-l-arret-des-mega-bassines-a-poitiers\"><a href=\"http:\/\/www.eauxglacees.com\/Irrigation-pour-un-printemps\">irrigation : pour un printemps mara\u00eechin contre les \u00ab\u00a0m\u00e9ga-bassines\u00a0\u00bb <\/a>(Les eaux glac\u00e9es)<\/p>\n\n\n\n<p><a href=\"https:\/\/blogs.mediapart.fr\/l-brossard\/blog\/200222\/la-bio-pour-tous\">La bio pour tous!<\/a> (Mediapart blog L. Brossard)<\/p>\n\n\n\n<p><a href=\"https:\/\/paris-luttes.info\/alors-extinction-rebellion-15617\">Alors, Extinction Rebellion?<\/a> (Paris-Luttes)<\/p>\n\n\n\n<p><a href=\"https:\/\/positivr.fr\/quest-ce-que-le-skischam-la-honte-de-faire-du-ski\/?utm_source=POSITIVR&amp;utm_campaign=75a65dcc91-newsletter_quotidienne&amp;utm_medium=email&amp;utm_term=0_6404d9f752-75a65dcc91-406547531&amp;mc_cid=75a65dcc91&amp;mc_eid=951f09c263\">Qu\u2019est-ce que le \u00ab&nbsp;skischam&nbsp;\u00bb, la honte de faire du ski ? <\/a>(PositivR)<\/p>\n\n\n\n<p><a href=\"https:\/\/www.youtube.com\/watch?app=desktop&amp;v=sKw6WSl1MrM&amp;feature=youtu.be\">Les super-pouvoirs des zones humides<\/a> (Animal Cross)<\/p>\n\n\n\n<p><a href=\"https:\/\/france3-regions.francetvinfo.fr\/nouvelle-aquitaine\/charente-maritime\/la-rochelle\/erosion-du-littoral-une-quinzaine-de-communes-identifiees-en-charente-maritime-2467669.html#xtor=EPR-521\">\u00c9rosion du littoral&nbsp;: une quinzaine de communes identifi\u00e9es en Charente-Maritime<\/a> (France3R\u00e9gions)<\/p>\n\n\n\n<p><a href=\"https:\/\/france3-regions.francetvinfo.fr\/nouvelle-aquitaine\/landes\/erosion-du-littoral-barbara-pompili-en-visite-dans-les-landes-pour-presenter-ses-mesures-2467507.html#xtor=EPR-521\">\u00c9rosion du littoral&nbsp;: Barbara Pompili en visite dans les Landes pour pr\u00e9senter ses mesures<\/a> (France3R\u00e9gions)<\/p>\n\n\n\n<p class=\"has-text-color\" style=\"color:#a51515\"><strong>19 f\u00e9vrier <\/strong><\/p>\n\n\n\n<p><a href=\"https:\/\/www.revuepolitique.be\/lecosocialisme-a-la-preuve-des-luttes\/\">L\u2019\u00e9cosocialisme \u00e0 la preuve des luttes<\/a> (Politique)<\/p>\n\n\n\n<p><a href=\"https:\/\/vert.eco\/articles\/et-si-on-ecoutait-mieux-la-nature\">Et si l\u2019on \u00e9coutait mieux la nature ?<\/a> (Vert \u00e9co)<\/p>\n\n\n\n<p><a href=\"https:\/\/www.socialter.fr\/article\/forcage-genetique-risquee-biodiversite\">Le for\u00e7age g\u00e9n\u00e9tique, une exp\u00e9rience risqu\u00e9e pour la biodiversit\u00e9<\/a> (Socialter)<\/p>\n\n\n\n<p><a href=\"https:\/\/entreleslignesentrelesmots.blog\/2022\/02\/17\/haiti-le-mouvement-paysan-de-papaye-combattre-conjointement-la-deforestation-et-la-crise-climatique-autre-texte\/\">Ha\u00efti. Le Mouvement paysan de Papaye&nbsp;: combattre conjointement la d\u00e9forestation et la crise climatique<\/a> (Entre les lignes)<\/p>\n\n\n\n<p><a href=\"https:\/\/vert.eco\/articles\/chaque-annee-environ-1800-milliards-de-dollars-de-subventions-detruisent-la-nature\" target=\"_blank\" rel=\"noreferrer noopener\">Chaque ann\u00e9e, les Etats accordent 1&nbsp;800 milliards de dollars de subventions qui nuisent au vivant<\/a> (Vert \u00e9co)<\/p>\n\n\n\n<p><a href=\"https:\/\/reporterre.net\/Barbara-Pompili-souhaite-extraire-du-lithium-en-France?utm_source=newsletter&amp;utm_medium=email&amp;utm_campaign=nl_quotidienne\">Barbara Pompili souhaite extraire du lithium en France <\/a>(Reporterre)<\/p>\n\n\n\n<p> <a href=\"http:\/\/entreleslignesentrelesmots.blog\/2022\/02\/19\/one-ocean-summit-lettre-ouverte-au-president-de-la-republique\/\" target=\"_blank\" rel=\"noreferrer noopener\">One Ocean Summit&nbsp;: lettre ouverte au Pr\u00e9sident de la&nbsp;R\u00e9publique<\/a> (Entre les lignes)<\/p>\n\n\n\n<p><a href=\"https:\/\/www.novethic.fr\/actualite\/environnement\/climat\/isr-rse\/presidentielle-la-jeunesse-francaise-prend-les-renes-de-son-avenir-150596.html?utm_source=AlertesThematique&amp;utm_campaign=19-02-2022&amp;utm_medium=email\" target=\"_blank\" rel=\"noreferrer noopener\">Pr\u00e9sidentielle : La jeunesse entame un Tour de France pour recentrer les d\u00e9bats sur la justice sociale et climatique<\/a> (Novethic)<\/p>\n\n\n\n<p><a href=\"http:\/\/www.lejournaltoulousain.fr\/occitanie\/tarn\/actualites-tarn\/tarn-le-projet-terra-2-bloque-par-le-tribunal-administratif-de-toulouse-156082\/?fbclid=IwAR2L0mnfwmegtBeupHAA4y81JRkhzppjn4f9xMceFuwhEG-WqqFhey_e1Ws\">Tarn. Le projet Terra 2 bloqu\u00e9 par le tribunal administratif de Toulouse<\/a> (le Journal Toulousain)<\/p>\n\n\n\n<p><a href=\"https:\/\/blogs.mediapart.fr\/pierre-khalfa\/blog\/180222\/propos-du-livre-de-jacques-bidet-l-ecologie-politique-du-commun-du-peuple\">\u00c0 propos du livre de Jacques Bidet, \u00ab\u00a0L\u2019\u00e9cologie politique du commun du peuple\u00a0\u00bb<\/a> (Mediapart blog Pierre Khalfa)<\/p>\n\n\n\n<p><strong><mark style=\"background-color:rgba(0, 0, 0, 0);color:#ea1212\" class=\"has-inline-color\">18 f\u00e9vrier <\/mark><\/strong><\/p>\n\n\n\n<p id=\"docTitle\"><a href=\"https:\/\/journals.openedition.org\/lectures\/54424\">Les verts-bruns, L&rsquo;\u00e9cologie de l&rsquo;extr\u00eame droite fran\u00e7aise<\/a> (St\u00e9phane Fran\u00e7ois)<\/p>\n\n\n\n<p><a href=\"https:\/\/theconversation.com\/comprendre-la-notion-de-limites-planetaires-145227?utm_medium=email&amp;utm_campaign=La%20lettre%20de%20The%20Conversation%20France%20du%2017%20fvrier%202022%20-%202208121903&amp;utm_content=La%20lettre%20de%20The%20Conversation%20France%20du%2017%20fvrier%202022%20-%202208121903+CID_94bad9a127bad10087b49e417c47d263&amp;utm_source=campaign_monitor_fr&amp;utm_term=Comprendre%20la%20notion%20de%20%20limites%20plantaires\" target=\"_blank\" rel=\"noreferrer noopener\">Comprendre la notion de \u00ab limites plan\u00e9taires&nbsp;\u00bb<\/a> (The Conversation)<\/p>\n\n\n\n<p><a href=\"https:\/\/entreleslignesentrelesmots.blog\/2022\/02\/18\/petrole-bientot-la-fin\/\">P\u00e9trole, bient\u00f4t la fin&nbsp;?<\/a> (Entre les lignes)<\/p>\n\n\n\n<p><a href=\"https:\/\/vert.eco\/articles\/baisser-le-volume-des-oceans-pour-restaurer-rapidement-les-ecosystemes-marins\" target=\"_blank\" rel=\"noreferrer noopener\">Baisser le volume des oc\u00e9ans pour restaurer rapidement les \u00e9cosyst\u00e8mes marins<\/a> (Vert \u00e9co)<\/p>\n\n\n\n<p><a href=\"https:\/\/reporterre.net\/Du-cyanure-pour-extraire-de-l-or-en-Guyane-une-usine-preoccupante?utm_source=newsletter&amp;utm_medium=email&amp;utm_campaign=nl_quotidienne\">Du cyanure pour extraire de l\u2019or&nbsp;: en Guyane, une usine \u00abpr\u00e9occupante\u00bb<\/a> (Reporterre)<\/p>\n\n\n\n<p><a href=\"https:\/\/reporterre.net\/Agriculture-la-bataille-contre-l-accaparement-de-l-eau-s-intensifie?utm_source=newsletter&amp;utm_medium=email&amp;utm_campaign=nl_quotidienne\">Agriculture&nbsp;: la bataille contre l\u2019accaparement de l\u2019eau s\u2019intensifie<\/a> (Reporterre)<\/p>\n\n\n\n<p><a href=\"https:\/\/vert.eco\/articles\/la-pollution-des-rivieres-aux-medicaments-un-phenomene-mondial?utm_source=actus_lilo\">La pollution des rivi\u00e8res aux m\u00e9dicaments, un ph\u00e9nom\u00e8ne mondial<\/a> (Vert \u00e9co)<\/p>\n\n\n\n<div class=\"wp-block-image is-style-default\"><figure class=\"aligncenter is-resized\"><img data-recalc-dims=\"1\" loading=\"lazy\" decoding=\"async\" src=\"https:\/\/i0.wp.com\/mamot.fr\/system\/media_attachments\/files\/107\/779\/434\/344\/244\/070\/original\/145480f45f7dd0e2.jpeg?resize=402%2C397&#038;ssl=1\" alt=\"\" width=\"402\" height=\"397\"\/><\/figure><\/div>\n\n\n\n<p class=\"has-text-color\" style=\"color:#950505\"><strong>17 f\u00e9vrier en continu<\/strong><\/p>\n\n\n\n<p><a href=\"https:\/\/blogs.mediapart.fr\/edmond-kober\/blog\/170222\/le-rechauffement-climatique-nexiste-pas\">Le r\u00e9chauffement climatique n&rsquo;existe pas !<\/a> (Mediapart blog Edmond Kober)<\/p>\n\n\n\n<p><a href=\"https:\/\/bonpote.com\/surete-nucleaire-et-changement-climatique-etat-des-lieux-et-reflexions-2-2\/\">S\u00fbret\u00e9 nucl\u00e9aire et changement climatique : \u00c9tat des lieux et r\u00e9flexions (2\/2) <\/a>(Bon Pote)<\/p>\n\n\n\n<p><a href=\"https:\/\/reporterre.net\/L-Etat-meprise-le-debat-public-sur-le-nucleaire-selon-une-commission-independante?utm_source=newsletter&amp;utm_medium=email&amp;utm_campaign=nl_quotidienne\">L\u2019\u00c9tat m\u00e9prise le d\u00e9bat public sur le nucl\u00e9aire, selon une commission ind\u00e9pendante<\/a> (Reporterre)<\/p>\n\n\n\n<p><a href=\"https:\/\/transitionsenergies.us20.list-manage.com\/track\/click?u=0d7778c915d508a7b72b6dc13&amp;id=ef2b93820b&amp;e=5a68fb0c53\" target=\"_blank\" rel=\"noreferrer noopener\">L\u2019industrie nucl\u00e9aire fran\u00e7aise n\u2019est plus ce qu\u2019elle \u00e9tait<\/a> (Transition &amp; \u00c9nergies)<\/p>\n\n\n\n<p><a href=\"https:\/\/reporterre.net\/Energie-RTE-presente-son-scenario-de-sobriete-Macron-n-est-pas-interesse?utm_source=newsletter&amp;utm_medium=email&amp;utm_campaign=nl_quotidienne\">\u00c9nergie&nbsp;:&nbsp;RTE&nbsp;pr\u00e9sente son sc\u00e9nario de sobri\u00e9t\u00e9, Macron n\u2019est pas int\u00e9ress\u00e9<\/a> (Reporterre)<\/p>\n\n\n\n<p><a href=\"https:\/\/mediapart.emsecure.net\/optiext\/optiextension.dll?ID=kTPsKGoHq2O4lH1lyYQyj1qTDCVyr2XT54ykAdzGXjGBIjcJnJSvT6ng95bfNV4Ciu3gKLQ%2BanOs0%2Bz3YPZuY50Urf&amp;utm_source=20220216&amp;utm_medium=&amp;utm_campaign=&amp;utm_content=&amp;utm_term=&amp;xtor=EREC-83-[ECOLOGIE]-20220216&amp;M_BT=33012036964\">Oc\u00e9ans, nucl\u00e9aire : mettre sous le tapis le d\u00e9bat public<\/a> (Mediapart)<\/p>\n\n\n\n<p><a href=\"https:\/\/theconversationfrance.cmail19.com\/t\/r-l-tylltltl-ohktrjlidk-m\/\">Quel est le poids exact de la France dans la \u00ab&nbsp;d\u00e9forestation import\u00e9e&nbsp;\u00bb qui touche l\u2019Amazonie&nbsp;?<\/a> (The Conversation)<\/p>\n\n\n\n<p><a href=\"https:\/\/redir.ownpage.fr\/newsletter\/c413dbb8273c43f6\/eyJzIjoiNWVjNDZjZWEiLCJhciI6IjYyMGM5YThiNDdiMmY1MDAwN2FhZWE4NSIsInUiOiIxMzc2NjRjNDJkMDNkYjYwNzIyOWNkMGM5YTI5NmVjYyIsInVyIjoiaHR0cDovL3d3dy5zbGF0ZS5mci9zdG9yeS8yMjM1NDIvcHJvbWVzc2VzLWplYW4tbHVjLW1lbGVuY2hvbi1lbmVyZ2llLXNvcnRpZS1udWNsZWFpcmUtZW5lcmdpZXMtcmVub3V2ZWxhYmxlcy1uYXRpb25hbGlzYXRpb24tZWRmLWVsZWN0aW9uLTIwMjI_dXRtX3NvdXJjZT1vd25wYWdlJnV0bV9tZWRpdW09bmV3c2xldHRlciZ1dG1fY2FtcGFpZ249ZGFpbHlfMjAyMjAyMTcmX29wZT1leUpuZFdsa0lqb2lNVE0zTmpZMFl6UXlaREF6WkdJMk1EY3lNamxqWkRCak9XRXlPVFpsWTJNaWZRJTNEJTNEIiwiZyI6IjE4Njg5OCIsInAiOiI2In0=\" target=\"_blank\" rel=\"noreferrer noopener\">Les promesses de Jean-Luc M\u00e9lenchon sur l&rsquo;\u00e9nergie sont-elles r\u00e9alisables?<\/a> (Slate)<\/p>\n\n\n\n<p><a href=\"https:\/\/m.actu-environnement.com\/actualites\/nouveau-nucleaire-RTE-chiffre-pari-energetique-macron-39113.html#xtor=ES-6\">Nouveau nucl\u00e9aire&nbsp;: RTE chiffre le pari \u00e9nerg\u00e9tique d&rsquo;Emmanuel Macron <\/a>(Actu Environnement)<\/p>\n\n\n\n<p><a href=\"https:\/\/basta.media\/Bruno-Latour-nouvelle-lutte-des-classes-ecologie-climat-anticapitalisme-alternatives\" target=\"_blank\" rel=\"noreferrer noopener\">Bruno Latour&nbsp;: \u00ab&nbsp;Tout le monde se sent trahi, on comprend bien que ce mod\u00e8le n\u2019est plus possible&nbsp;\u00bb<\/a> (Basta)<\/p>\n\n\n\n<p><strong><mark style=\"background-color:rgba(0, 0, 0, 0);color:#c01818\" class=\"has-inline-color\">16 f\u00e9vrier <\/mark><\/strong><\/p>\n\n\n\n<p><a href=\"https:\/\/www.novethic.fr\/actualite\/environnement\/pollution\/isr-rse\/la-contamination-plastique-des-oceans-est-irreversible-les-principaux-chiffres-en-une-infographie-150585.html?utm_source=AlertesThematique&amp;utm_campaign=16-02-2022&amp;utm_medium=email\" target=\"_blank\" rel=\"noreferrer noopener\">La contamination plastique des oc\u00e9ans est irr\u00e9versible : les principaux chiffres en une infographie<\/a> (Novethic)<\/p>\n\n\n\n<p><a href=\"https:\/\/vert.eco\/articles\/le-double-jeu-du-gouvernement-sur-les-oceans-entre-protection-de-la-biodiversite-et-exploitation-des-ressources\" target=\"_blank\" rel=\"noreferrer noopener\">Le double jeu du gouvernement sur les oc\u00e9ans, entre protection de la biodiversit\u00e9 et exploitation des ressources<\/a> (Vert \u00e9co)<\/p>\n\n\n\n<p><a href=\"https:\/\/reporterre.net\/Le-reve-francais-de-la-maison-avec-jardin-detruit-les-terres-agricoles?utm_source=newsletter&amp;utm_medium=email&amp;utm_campaign=nl_quotidienne\">Le r\u00eave fran\u00e7ais de la \u00abmaison avec jardin\u00bb d\u00e9truit les terres agricoles<\/a> (Reporterre)<\/p>\n\n\n\n<p><a href=\"https:\/\/up-magazine.lt.acemlnb.com\/Prod\/link-tracker?redirectUrl=aHR0cHMlM0ElMkYlMkZ1cC1tYWdhemluZS5pbmZvJTJGZWNvbm9taWUtZGUtbGlubm92YXRpb24tNCUyRjk5NjI1LWJhbnF1ZXMtbGVzLWp1bmtpZXMtZHUtcGV0cm9sZSUyRiUzRnV0bV9zb3VyY2UlM0RBY3RpdmVDYW1wYWlnbiUyNnV0bV9tZWRpdW0lM0RlbWFpbCUyNnV0bV9jb250ZW50JTNEUlNTJTI1M0FJVEVNJTI1M0FUSVRMRSUyNnV0bV9jYW1wYWlnbiUzREFDVElPTiUyNTIxJTJCUXVvdGlkaWVubmUlMkJtZS0xNiUyNTJGMDIlMjUyRjIy&amp;sig=2CpffKYSyYmkxi6t9zbsrNXHBtgZqA7kCjtGhcjFdRQx&amp;iat=1644993688&amp;a=%7C%7C252447529%7C%7C&amp;account=up-magazine%2Eactivehosted%2Ecom&amp;email=hYTuCOgkI70Fg1VNPKltCI1dx8m6jGUdGbVCvZel7ZA%3D&amp;s=0f6d0b96b14c6fbd26674c52c11f03fa&amp;i=513A541A7A35594\" target=\"_blank\" rel=\"noreferrer noopener\">Banques, les junkies du p\u00e9trole<\/a> (UP Magazine)<\/p>\n\n\n\n<p><a href=\"https:\/\/www.novethic.fr\/actualite\/environnement\/climat\/isr-rse\/faire-payer-les-livraisons-une-proposition-pour-reduire-les-emissions-et-preserver-les-emplois-150587.html?utm_source=AlertesThematique&amp;utm_campaign=16-02-2022&amp;utm_medium=email\" target=\"_blank\" rel=\"noreferrer noopener\">Interdire les livraisons gratuites, une solution pour la plan\u00e8te et l&#8217;emploi<\/a> (Novethic)<\/p>\n\n\n\n<p><a href=\"https:\/\/entreleslignesentrelesmots.blog\/2022\/02\/16\/declaration-de-la-coordination-pour-une-agriculture-paysanne-sociale-et-environnementale-en-bretagne\/\">D\u00e9claration de la Coordination pour une agriculture&nbsp;paysanne sociale et environnementale en&nbsp;Bretagne<\/a> (Entre les Lignes)<\/p>\n\n\n\n<p><a href=\"https:\/\/theconversation.com\/changement-climatique-biodiversite-le-role-essentiel-des-forets-de-montagne-175366\">Changement climatique, biodiversit\u00e9&nbsp;: le&nbsp;r\u00f4le essentiel des for\u00eats&nbsp;de&nbsp;montagne<\/a> (The Conversation)<\/p>\n\n\n\n<p><a href=\"https:\/\/www.cadtm.org\/Les-50-plus-belles-victoires-de-l-annee-2021-Ecologie-democratie-droits-sociaux\" target=\"_blank\" rel=\"noreferrer noopener\">Les 50 plus belles victoires de l\u2019ann\u00e9e 2021 (Ecologie, d\u00e9mocratie, droits sociaux, migrations, f\u00e9minisme &#8230; )<\/a> (CADTM)<\/p>\n\n\n\n<p><a href=\"https:\/\/www.infogm.org\/7276-suisse-moratoire-sur-tous-les-ogm-bientot-prolonge\" title=\"Suisse - Le moratoire sur tous les OGM bien\">Suisse &#8211; Le moratoire sur tous les OGM bien<\/a><a href=\"https:\/\/www.infogm.org\/7276-suisse-moratoire-sur-tous-les-ogm-bientot-prolonge\" title=\"uisse - Le moratoire sur tous les OGM bient\u00f4t prolong\u00e9&nbsp;?\">t\u00f4t prolong\u00e9&nbsp;?<\/a>(infosg)<\/p>\n\n\n\n<p><a href=\"https:\/\/www.theguardian.com\/environment\/2022\/feb\/15\/us-private-equity-firms-funding-dirty-energy-projects?CMP=Share_iOSApp_Other\">Les banques d\u2019affaires US investissent largement dans les \u00e9nergies polluantes<\/a> (anglais -The Guardian)<\/p>\n\n\n\n<p><a href=\"http:\/\/alencontre.org\/ecologie\/la-montee-en-fleche-des-niveaux-de-methane-indiquerait-que-la-boucle-de-retroaction-climatique-est-a-loeuvre.html\">Mont\u00e9e des niveaux de m\u00e9thane indiquerait que boucle r\u00e9troaction climatique est \u00e0 l\u2019\u0153uvre <\/a>(Common Dreams)<\/p>\n\n\n\n<div class=\"wp-block-image is-style-default\"><figure class=\"aligncenter size-full is-resized\"><img data-recalc-dims=\"1\" loading=\"lazy\" decoding=\"async\" src=\"https:\/\/i0.wp.com\/www.rdpemancipation.org\/wp-content\/uploads\/2022\/02\/Pergelisol-1024x576-1.jpg?resize=517%2C291&#038;ssl=1\" alt=\"\" class=\"wp-image-71471\" width=\"517\" height=\"291\" srcset=\"https:\/\/i0.wp.com\/www.rdpemancipation.org\/wp-content\/uploads\/2022\/02\/Pergelisol-1024x576-1.jpg?w=1024&amp;ssl=1 1024w, https:\/\/i0.wp.com\/www.rdpemancipation.org\/wp-content\/uploads\/2022\/02\/Pergelisol-1024x576-1.jpg?resize=300%2C169&amp;ssl=1 300w, https:\/\/i0.wp.com\/www.rdpemancipation.org\/wp-content\/uploads\/2022\/02\/Pergelisol-1024x576-1.jpg?resize=768%2C432&amp;ssl=1 768w\" sizes=\"auto, (max-width: 517px) 100vw, 517px\" \/><\/figure><\/div>\n\n\n\n<p><a href=\"https:\/\/charliehebdo.fr\/2022\/02\/ecologie\/chasse-les-petits-arrangements-entre-amis-sentent-le-soufre\/?utm_source=sendinblue&amp;utm_campaign=QUOTIDIENNE_15022022_-_ABONNES&amp;utm_medium=email\">Chasse: les petits arrangements entre amis sentent le soufre<\/a> (Charlie Hebdo)<\/p>\n\n\n\n<p><a href=\"https:\/\/3yh06.r.ag.d.sendibm3.com\/mk\/mr\/wM_UQfyjSBGsShXGn2DymK6ZNb4f67vqQVY2l36i1nJp-t9UI7CJK4_lKrsqYnQZgfVp6DIImK8DExAAHhs3iVg9hhsnm2HEtZDPWLFOPJK4a-OBKznJzkv3_tnzLkjW_e4cVg8faQ\">Poules \u00e9lev\u00e9es en cages: D\u00e9crets inacceptables, nous attaquons le gouvernement en justice<\/a> (OABA)<\/p>\n\n\n\n<p><strong><mark style=\"background-color:rgba(0, 0, 0, 0);color:#c01818\" class=\"has-inline-color\">15 f\u00e9vrier <\/mark><\/strong><\/p>\n\n\n\n<p><a href=\"https:\/\/www.terrestres.org\/2022\/02\/16\/nucleaire-une-fausse-solution-pour-le-climat\/\" target=\"_blank\" rel=\"noreferrer noopener\">Nucl\u00e9aire&nbsp;: une fausse solution pour le climat&nbsp;?<\/a> (Terrestres)<\/p>\n\n\n\n<p><a href=\"https:\/\/www.bfmtv.com\/economie\/entreprises\/energie\/j-ai-ecoute-ce-que-disaient-les-experts-barbara-pompili-justifie-sa-volte-face-sur-le-nucleaire_AV-202202110170.html\">\u00ab\u00a0J&rsquo;ai \u00e9cout\u00e9 ce que disaient les experts\u00a0\u00bb: Barbara Pompili justifie sa volte-face sur le nucl\u00e9aire <\/a>(BFM TV)<\/p>\n\n\n\n<p><a href=\"https:\/\/www.transitionsenergies.com\/monde-consomme-plus-petrole-experts-pensaient\/\">Le monde consomme bien plus de p\u00e9trole que les experts le pensaient<\/a> (Transition &amp; \u00c9nergies)<\/p>\n\n\n\n<p><a href=\"https:\/\/bonpote.com\/les-centrales-nucleaires-vont-elles-resister-au-changement-climatique-1-2\/\">Les centrales nucl\u00e9aires vont-elles r\u00e9sister au changement climatique ? (1\/2)<\/a> (Bon Pote)<\/p>\n\n\n\n<p><a href=\"https:\/\/reporterre.net\/En-Loire-Atlantique-les-carrieres-de-sable-favorisent-l-etalement-urbain?utm_source=newsletter&amp;utm_medium=email&amp;utm_campaign=nl_quotidienne\">En Loire-Atlantique, les carri\u00e8res de sable favorisent l\u2019\u00e9talement urbain<\/a> (Reporterre)<\/p>\n\n\n\n<p><a href=\"https:\/\/vert.eco\/articles\/sur-quoi-planche-le-giec-dans-le-deuxieme-volume-de-son-rapport-sur-le-point-de-paraitre\">Sur quoi planche le Giec dans le deuxi\u00e8me volume de son rapport&nbsp;?<\/a> (Vert \u00e9co)<\/p>\n\n\n\n<p><a href=\"https:\/\/vert.eco\/articles\/jean-luc-melenchon-le-candidat-qui-tend-son-vert-aux-classes-populaires\">Jean-Luc M\u00e9lenchon&nbsp;: le candidat qui tend son vert aux classes populaires<\/a> (Vert \u00e9co)<\/p>\n\n\n\n<p><a href=\"https:\/\/lundi.am\/La-vie-en-plastique\" target=\"_blank\" rel=\"noreferrer noopener\">La vie en plastique, une anthropologie des d\u00e9chets avec Mika\u00ebla Le Meur <\/a>(Lundi Matin)<\/p>\n\n\n\n<p><a href=\"https:\/\/theconversation.com\/energies-renouvelables-jusquou-lautonomie-energetique-des-territoires-175894?utm_medium=email&amp;utm_campaign=La%20lettre%20de%20The%20Conversation%20France%20du%2014%20fvrier%202022%20-%202201621832&amp;utm_content=La%20lettre%20de%20The%20Conversation%20France%20du%2014%20fvrier%202022%20-%202201621832+CID_c40547b20a11be06d940949b42a466fd&amp;utm_source=campaign_monitor_fr&amp;utm_term=nergies%20renouvelables%20%20jusquo%20lautonomie%20nergtique%20des%20territoires\">\u00c9nergies renouvelables : jusqu\u2019o\u00f9 l\u2019autonomie \u00e9nerg\u00e9tique des territoires&nbsp;?<\/a> (The Conversation)<\/p>\n\n\n\n<p><a href=\"https:\/\/www.slate.fr\/story\/223497\/relance-nucleaire-tournant-edf-emmanuel-macron-fessenheim-flamanville?utm_source=ownpage&amp;utm_medium=newsletter&amp;utm_campaign=daily_20220215&amp;_ope=eyJndWlkIjoiMTM3NjY0YzQyZDAzZGI2MDcyMjljZDBjOWEyOTZlY2MifQ%3D%3D\">Le grand tournant du nucl\u00e9aire intervient \u00e0 la p\u00e9riode la plus incertaine<\/a> (Slate)<\/p>\n\n\n\n<p><a href=\"https:\/\/www.novethic.fr\/actualite\/environnement\/climat\/isr-rse\/c-est-demoralisant-je-suis-devenue-fataliste-pourquoi-les-actions-individuelles-sont-delaissees-150578.html?utm_source=AlertesThematique&amp;utm_campaign=15-02-2022&amp;utm_medium=email\" target=\"_blank\" rel=\"noreferrer noopener\">face \u00e0 l&rsquo;inaction des \u00c9tats, ces citoyens qui abandonnent les \u00e9co-gestes<\/a> (Novethic)<\/p>\n\n\n\n<p><a href=\"https:\/\/positivr.fr\/nouvelle-filiere-recyclage-articles-sport\/?utm_source=actus_lilo\">Nouvelle fili\u00e8re recyclage d\u2019articles de sport<\/a> (PositivR)<\/p>\n\n\n\n<p><a href=\"https:\/\/charliehebdo.fr\/2022\/02\/ecologie\/jean-louis-etienne-a-occasion-du-one-ocean-summit-soyez-des-explorateurs-engagez-vous\/?utm_source=sendinblue&amp;utm_campaign=QUOTIDIENNE+08022022+-+ABONNES&amp;utm_medium=email\">Jean-Louis Etienne \u00e0 l\u2019occasion du One Ocean Summit&nbsp;: Soyez des explorateurs<\/a> (Charlie Hebdo)<\/p>\n\n\n\n<p><a href=\"https:\/\/reporterre.net\/Jeux-olympiques-arretons-le-saccage?utm_source=actus_lilo\">Jeux Olympiques&nbsp;: arr\u00eatons le saccage<\/a> (Reporterre)<\/p>\n\n\n\n<p><a href=\"https:\/\/linsoumission.fr\/2022\/02\/09\/souffrance-animale-violence-kurt-zouma\/\">Souffrance animale violence Kurt Zouma<\/a> (L\u2019Insoumission)<\/p>\n\n\n\n<p><a href=\"https:\/\/positivr.fr\/bordeaux-dit-stop-salons-chiot-ou-chaton\/?utm_source=actus_lilo\">Bordeaux dit stop aux salons du chiot ou chaton<\/a> (PositivR)<\/p>\n\n\n\n<div class=\"wp-block-image is-style-default\"><figure class=\"aligncenter is-resized\"><img data-recalc-dims=\"1\" loading=\"lazy\" decoding=\"async\" src=\"https:\/\/i0.wp.com\/mamot.fr\/system\/cache\/media_attachments\/files\/107\/754\/615\/576\/711\/202\/original\/a70aa9ac33fc7e75.jpg?resize=391%2C409&#038;ssl=1\" alt=\"\" width=\"391\" height=\"409\"\/><\/figure><\/div>\n\n\n\n<p class=\"has-text-color\" style=\"color:#880101\"><strong>14 f\u00e9vrier <\/strong><\/p>\n\n\n\n<p><a href=\"https:\/\/www.mediapart.fr\/journal\/france\/140222\/rouen-l-eau-est-contaminee-par-des-polluants-eternels\">\u00c0 Rouen, l\u2019eau est contamin\u00e9e par des polluants \u00e9ternels<\/a> (Mediapart)<\/p>\n\n\n\n<p><a href=\"https:\/\/journals.openedition.org\/assr\/65219\">Arno&nbsp;M\u00fcnster,&nbsp;<em>Le marxisme \u00ab&nbsp;ouvert&nbsp;\u00bb de Michael L\u00f6wy. Hommage \u00e0 un intellectuel \u00ab&nbsp;nomade&nbsp;\u00bb<\/em><\/a> (Archives Sciences sociales des Religions)<\/p>\n\n\n\n<p><a href=\"https:\/\/lundi.am\/SoulevementsDeLaTerre-Carbon-Bee-on-venait-te-chercher-chez-toi\" target=\"_blank\" rel=\"noreferrer noopener\">#Soul\u00e8vementsDeLaTerre&nbsp;: Carbon Bee, on venait te chercher chez toi<\/a> (Lundi Matin)<\/p>\n\n\n\n<p><a href=\"https:\/\/vert.eco\">La Californie \u00e9touffe sous une canicule hivernale, signe du bouleversement du climat<\/a> (Vert \u00e9co)<\/p>\n\n\n\n<p><a href=\"https:\/\/www.actu-environnement.com\/ae\/news\/aires-protegees-macron-objectif-classement-espace-maritime-terrestre-39090.php4#xtor=ES-6\">Aires prot\u00e9g\u00e9es&nbsp;: volontaire \u00e0 l&rsquo;international, la France ne convainc pas chez elle <\/a>(Actu Environnement)<\/p>\n\n\n\n<p><a href=\"https:\/\/revue-progressistes.org\/2022\/02\/14\/ce-quon-a-pense-du-discours-de-macron-sur-le-nucleaire\/\">Ce qu\u2019on a pens\u00e9 du discours de Macron sur le nucl\u00e9aire <\/a>(Progressistes)<\/p>\n\n\n\n<p><a href=\"https:\/\/www.novethic.fr\/actualite\/environnement\/climat\/isr-rse\/canicule-hivernale-en-californie-secheresse-exceptionnelle-en-espagne-et-au-portugal-faible-enneigement-en-france-150577.html?utm_source=AlertesThematique&amp;utm_campaign=14-02-2022&amp;utm_medium=email\" target=\"_blank\" rel=\"noreferrer noopener\">Canicule, s\u00e9cheresse, faible enneigement&#8230; le changement climatique \u00e0 l&rsquo;\u0153uvre cet hiver<\/a> (Novethic)<\/p>\n\n\n\n<p><a href=\"https:\/\/reporterre.net\/M-Macron-manipule-les-expertises-pour-faire-avaler-le-nucleaire?utm_source=newsletter&amp;utm_medium=email&amp;utm_campaign=nl_quotidienne\">Macron manipule les expertises pour faire avaler le nucl\u00e9aire<\/a> (Reporterre)<\/p>\n\n\n\n<p><a href=\"https:\/\/theconversation.com\/nucleaire-retour-sur-le-debat-autour-de-la-nouvelle-taxonomie-europeenne-176733?utm_medium=email&amp;utm_campaign=La%20lettre%20de%20The%20Conversation%20France%20du%2013%20fvrier%202022%20-%202201021824&amp;utm_content=La%20lettre%20de%20The%20Conversation%20France%20du%2013%20fvrier%202022%20-%202201021824+CID_d3ad13165115451085683bbed6610543&amp;utm_source=campaign_monitor_fr&amp;utm_term=Nuclaire%20%20retour%20sur%20le%20dbat%20autour%20de%20la%20nouvelle%20taxonomie%20europenne\" target=\"_blank\" rel=\"noreferrer noopener\">Nucl\u00e9aire&nbsp;: retour sur&nbsp;le&nbsp;d\u00e9bat autour de&nbsp;la&nbsp;nouvelle taxonomie europ\u00e9enne<\/a> (The Conversation)<\/p>\n\n\n\n<p class=\"has-text-color\" style=\"color:#a80303\"><strong>13 f\u00e9vrier <\/strong><\/p>\n\n\n\n<p><a href=\"https:\/\/blogs.mediapart.fr\/inmediasres\/blog\/130222\/le-lithium-guerre-ou-paix\">Les enjeux de l\u2019industrialisation du lithium bolivien <\/a>(Mediapart blog inmediares)<\/p>\n\n\n\n<p><a href=\"https:\/\/www.mediapart.fr\/journal\/economie\/100222\/amundi-ce-premier-actionnaire-de-total-qui-menace-le-climat\">Amundi, ce premier actionnaire de Total qui menace le climat <\/a> (Mediapart)<\/p>\n\n\n\n<p><a href=\"https:\/\/blogs.mediapart.fr\/mouais-le-journal-dubitatif\/blog\/120222\/aubervilliers-un-jardin-dans-la-ville\">Aubervilliers : victoire juridique pour un jardin dans la ville<\/a> (Mediapart blog Mouais)<\/p>\n\n\n\n<p><a href=\"https:\/\/blogs.mediapart.fr\/albin-wagener\/blog\/120222\/ce-que-la-cause-animale-dit-de-nous\">Ce que la cause animale dit de nous <\/a>(Mediapart blog Albin Wagener)<\/p>\n\n\n\n<p><a href=\"https:\/\/nouveaupartianticapitaliste.org\/communique\/avec-philippe-poutou-larret-du-nucleaire-en-10-ans\">Avec Philippe Poutou&nbsp;: l\u2019arr\u00eat du nucl\u00e9aire en 10 ans<\/a> (l&rsquo;anticapitaliste)<\/p>\n\n\n\n<p><a href=\"https:\/\/www.novethic.fr\/actualite\/environnement\/agriculture\/isr-rse\/pourquoi-les-circuits-courts-decrochent-et-ce-n-est-vraiment-pas-une-bonne-nouvelle-150536.html?utm_source=AlertesThematique&amp;utm_campaign=13-02-2022&amp;utm_medium=email\" target=\"_blank\" rel=\"noreferrer noopener\">Pourquoi les circuits-courts d\u00e9crochent apr\u00e8s un boom pendant la pand\u00e9mie<\/a> (Novethic)<\/p>\n\n\n\n<p class=\"has-text-color\" style=\"color:#a11313\"><strong>12 f\u00e9vrier <\/strong><\/p>\n\n\n\n<p><a href=\"https:\/\/www.mediapart.fr\/journal\/international\/120222\/au-senegal-la-petite-cote-meurt-sans-bruit\">Au S\u00e9n\u00e9gal, la \u00ab&nbsp;Petite C\u00f4te&nbsp;\u00bb meurt sans bruit<\/a> (Mediapart)<\/p>\n\n\n\n<p><a href=\"https:\/\/blogs.mediapart.fr\/hch-13\/blog\/120222\/le-nucleaire-camoufle-en-energie-verte\">Le nucl\u00e9aire camoufl\u00e9 en \u00e9nergie \u00ab&nbsp;verte&nbsp;\u00bb <\/a>(Mediapart blog HCH-13)<\/p>\n\n\n\n<p><a href=\"http:\/\/www.alexandreanizy.com\/2022\/02\/nucleaire-francais-le-desastre-qui-vient.html\">Nucl\u00e9aire fran\u00e7ais : le d\u00e9sastre qui vient <\/a>(Alexandre Anizy)<\/p>\n\n\n\n<p><a href=\"https:\/\/reporterre.net\/Il-neigeait-des-cendres-le-debat-sur-l-ecobuage-s-enflamme-en-Lozere?utm_source=newsletter&amp;utm_medium=email&amp;utm_campaign=nl_quotidienne\">\u00abIl neigeait des cendres\u00bb&nbsp;: le d\u00e9bat sur l\u2019\u00e9cobuage s\u2019enflamme en Loz\u00e8re <\/a>(Reporterre)<\/p>\n\n\n\n<p><a href=\"https:\/\/reporterre.net\/Le-sommet-sur-les-oceans-a-donne-le-feu-vert-au-capitalisme-bleu?utm_source=newsletter&amp;utm_medium=email&amp;utm_campaign=nl_quotidienne\">Le sommet sur les oc\u00e9ans a donn\u00e9 le feu vert au capitalisme bleu<\/a> (Reporterre)<\/p>\n\n\n\n<p><a href=\"https:\/\/orientxxi.info\/magazine\/les-pays-du-golfe-se-branchent-sur-l-electricite-renouvelable,5362\" target=\"_blank\" rel=\"noreferrer noopener\">Les pays du Golfe se branchent sur l\u2019\u00e9lectricit\u00e9 renouvelable<\/a> (Orient XXI)<\/p>\n\n\n\n<p><a href=\"https:\/\/reporterre.net\/Les-industriels-se-jettent-sur-les-terres-agricoles?utm_source=newsletter&amp;utm_medium=email&amp;utm_campaign=nl_quotidienne\">Les industriels se jettent sur les terres agricoles<\/a> (Reporterre)<\/p>\n\n\n\n<p><a href=\"https:\/\/reporterre.net\/570-luttes-ecologistes-en-Grande-Bretagne-sur-une-seule-carte?utm_source=newsletter&amp;utm_medium=email&amp;utm_campaign=nl_quotidienne\">570 luttes \u00e9cologistes en Grande-Bretagne sur une seule carte <\/a>(Reporterre)<\/p>\n\n\n\n<p><a href=\"https:\/\/vert.eco\/articles\/de-jean-luc-melenchon-a-eric-zemmour-que-disent-les-principaux-candidats-sur-le-nucleaire\">De Jean-Luc M\u00e9lenchon \u00e0 Eric Zemmour, que disent les principaux candidats sur le nucl\u00e9aire&nbsp;?&nbsp;<\/a>(Vert \u00e9co)<\/p>\n\n\n\n<p><a href=\"https:\/\/lepressoir-info.org\/spip.php?article1910\">Pas de victoire de la lutte \u00e9cologiste sans lutte des classes&nbsp;!<\/a> (Le Pressoir)<\/p>\n\n\n\n<div class=\"wp-block-image is-style-default\"><figure class=\"aligncenter is-resized\"><img data-recalc-dims=\"1\" loading=\"lazy\" decoding=\"async\" src=\"https:\/\/i0.wp.com\/static.mediapart.fr\/etmagine\/default\/files\/2022\/02\/11\/2022-02-11-15-00-29-window.png?resize=413%2C413&#038;ssl=1\" alt=\"2022-02-11-15-00-29-window\" width=\"413\" height=\"413\"\/><\/figure><\/div>\n\n\n\n<p class=\"has-text-color\" style=\"color:#830303\"><strong>11 f\u00e9vrier<\/strong><\/p>\n\n\n\n<p><a href=\"https:\/\/www.mediapart.fr\/journal\/france\/110222\/nucleaire-le-gouvernement-repousse-la-diffusion-d-un-rapport-officiel-contredisant-emmanuel-macron?utm_source=20220211&amp;utm_medium=email&amp;utm_campaign=QUOTIDIENNE&amp;utm_content=&amp;utm_term=&amp;xtor=EREC-83-[QUOTIDIENNE]-20220211&amp;M_BT=33012036964\">Nucl\u00e9aire&nbsp;: le gouvernement a repouss\u00e9 la diffusion d\u2019un rapport officiel contredisant Emmanuel Macron<\/a> (Mediapart)<\/p>\n\n\n\n<p><a href=\"https:\/\/blogs.mediapart.fr\/clientearth\/blog\/100222\/hecatombe-de-poissons-la-france-contre-courant-de-la-protection-des-oceans-0\">H\u00e9catombe de poissons : la France \u00e0 contre-courant de la protection des oc\u00e9ans <\/a>(Mediapart blog ClientEarth)<\/p>\n\n\n\n<p><a href=\"https:\/\/blogs.mediapart.fr\/association-pleine-mer\/blog\/010222\/organisons-nous-contre-le-one-ocean-summit-vitrine-du-neoliberalisme-bleu\">Organisons-nous contre le \u00ab One Ocean Summit \u00bb, vitrine du n\u00e9olib\u00e9ralisme bleu<\/a> (Mediapart blog association pleine mer)<\/p>\n\n\n\n<p><a href=\"https:\/\/www.mediapart.fr\/journal\/international\/110222\/one-ocean-summit-face-l-urgence-climatique-un-imaginaire-technocentre?utm_source=20220211&amp;utm_medium=email&amp;utm_campaign=QUOTIDIENNE&amp;utm_content=&amp;utm_term=&amp;xtor=EREC-83-[QUOTIDIENNE]-20220211&amp;M_BT=33012036964\">One Ocean Summit&nbsp;: face \u00e0 l\u2019urgence climatique, \u00ab&nbsp;un imaginaire technocentr\u00e9&nbsp;\u00bb<\/a> (Mediapart)<\/p>\n\n\n\n<p><a href=\"https:\/\/www.socialter.fr\/article\/les-10-familles-de-l-ecologie-politique-l-ecologie-sociale\">Les 10 familles de l&rsquo;\u00e9cologie politique : L&rsquo;\u00c9cologie sociale <\/a>(Socialter)<\/p>\n\n\n\n<p><a href=\"https:\/\/www.novethic.fr\/actualite\/environnement\/biodiversite\/isr-rse\/les-six-engagements-a-retenir-du-one-ocean-summit-de-brest-150573.html?utm_source=AlertesThematique&amp;utm_campaign=11-02-2022&amp;utm_medium=email\" target=\"_blank\" rel=\"noreferrer noopener\">P\u00eache ill\u00e9gale, pollution plastique&#8230; Les six engagements \u00e0 retenir du One Ocean Summit de Brest<\/a> (Novethic)<\/p>\n\n\n\n<p><a href=\"https:\/\/vert.eco\/articles\/julien-vidal-les-utopies-vivantes-sont-une-facon-de-ne-plus-admettre-la-folie-de-notre-monde-actuel-et-dentrer-en-resistance\" target=\"_blank\" rel=\"noreferrer noopener\">Julien Vidal : \u00ab Les utopies vivantes sont une fa\u00e7on de ne plus admettre la folie de notre monde actuel et d\u2019entrer en r\u00e9sistance \u00bb<\/a> (Vert \u00e9co)<\/p>\n\n\n\n<p><a href=\"https:\/\/www.afrik21.africa\/kenya-le-manque-de-financement-empeche-lexploitation-de-laquifere-de-lotikipi\/\">KENYA : le manque de financement emp\u00eache l\u2019exploitation de l\u2019aquif\u00e8re de Lotikipi<\/a> (Afrik21)<\/p>\n\n\n\n<p><a href=\"https:\/\/transitionsenergies.us20.list-manage.com\/track\/click?u=0d7778c915d508a7b72b6dc13&amp;id=f09ceeb7e5&amp;e=5a68fb0c53\" target=\"_blank\" rel=\"noreferrer noopener\">\u00abLe Monde de demain sera plus \u00e9lectrique\u00bb<\/a> ( Transition &amp; \u00c9nergies)<\/p>\n\n\n\n<p><a href=\"https:\/\/reporterre.net\/Nouvelle-victoire-judiciaire-pour-les-Jardins-d-Aubervilliers?utm_source=newsletter&amp;utm_medium=email&amp;utm_campaign=nl_quotidienne\">Nouvelle victoire judiciaire pour les Jardins d\u2019Aubervilliers<\/a> (Reporterre)<\/p>\n\n\n\n<p><a href=\"https:\/\/reporterre.net\/Nucleaire-le-naufrage-de-la-classe-dirigeante-francaise?utm_source=newsletter&amp;utm_medium=email&amp;utm_campaign=nl_quotidienne\">Nucl\u00e9aire&nbsp;: le naufrage de la classe dirigeante fran\u00e7aise<\/a> (Reporterre)<\/p>\n\n\n\n<p><a href=\"https:\/\/basta.media\/France-2030-Campagne-electorale-Macron-argent-public-CAC40-AlloBercy-avion-vert-hydrogene-nucleaire\">France 2030&nbsp;: le plan \u00e0 34 milliards de Macron pour booster sa campagne et le complexe techno-industriel<\/a> (Basta)<\/p>\n\n\n\n<p><a href=\"https:\/\/novethic.us11.list-manage.com\/track\/click?u=184470434942ddd8ba233699d&amp;id=0a13dc7fa7&amp;e=e6a437a058\">\u00ab\u00a0CO2 ou PIB, il faut choisir\u00a0\u00bb : En France et en Allemagne, la perc\u00e9e des nouveaux indicateurs environnementaux et sociaux&nbsp;<\/a>(Novethic)<\/p>\n\n\n\n<p><a href=\"https:\/\/redir.ownpage.fr\/newsletter\/c413dbb8273c43f6\/eyJzIjoiYTk5YTY1MDMiLCJhciI6IjYyMDRiYWYxNDdiMmY1MDAwN2E5Mzg0ZiIsInUiOiIxMzc2NjRjNDJkMDNkYjYwNzIyOWNkMGM5YTI5NmVjYyIsInVyIjoiaHR0cDovL3d3dy5zbGF0ZS5mci9zdG9yeS8yMjI2MjAvYnJ1bGVyLWdyYW51bGVzLWJvaXMtcmllbi1lY29sb2dpcXVlLWJpb21hc3NlLXBhcy1uZXV0cmUtY2FyYm9uZS1iaW9lbmVyZ2llLXJlbm91dmVsYWJsZS1wb2xlbWlxdWUtZ2F6LWVmZmV0LXNlcnJlP3V0bV9zb3VyY2U9b3ducGFnZSZ1dG1fbWVkaXVtPW5ld3NsZXR0ZXImdXRtX2NhbXBhaWduPWRhaWx5XzIwMjIwMjExJl9vcGU9ZXlKbmRXbGtJam9pTVRNM05qWTBZelF5WkRBelpHSTJNRGN5TWpsalpEQmpPV0V5T1RabFkyTWlmUSUzRCUzRCIsImciOiIxODU5MjYiLCJwIjoiNiJ9\" target=\"_blank\" rel=\"noreferrer noopener\">Br\u00fbler des granul\u00e9s de bois n&rsquo;a rien d&rsquo;\u00e9cologique<\/a> (Slate)<\/p>\n\n\n\n<p class=\"has-text-color\" style=\"color:#9b0707\"><strong>10 f\u00e9vrier<\/strong><\/p>\n\n\n\n<p><a href=\"https:\/\/transitionsenergies.us20.list-manage.com\/track\/click?u=0d7778c915d508a7b72b6dc13&amp;id=b166c4a17e&amp;e=5a68fb0c53\" target=\"_blank\" rel=\"noreferrer noopener\">Comprendre la pr\u00e9carit\u00e9 \u00e9nerg\u00e9tique en&nbsp;France<\/a> (Transition &amp; \u00c9nergies)<\/p>\n\n\n\n<p><a href=\"https:\/\/entreleslignesentrelesmots.blog\/2022\/02\/10\/quels-systemes-alimentaires-demain\/\">Quels syst\u00e8mes alimentaires\u2026 demain&nbsp;?<\/a> (Etre les lignes)<\/p>\n\n\n\n<p><a href=\"https:\/\/www.banquedesterritoires.fr\/emploi-quand-le-batiment-et-les-transports-se-mettent-au-vert?pk_campaign=newsletter_quotidienne&amp;pk_kwd=2022-02-09&amp;pk_source=Actualit\u00e9s_Localtis&amp;pk_medium=newsletter_quotidienne\">Emploi : quand le b\u00e2timent et les transports se mettent au vert <\/a>(Localtis) <\/p>\n\n\n\n<p><a href=\"https:\/\/up-magazine.lt.acemlnb.com\/Prod\/link-tracker?redirectUrl=aHR0cHMlM0ElMkYlMkZ1cC1tYWdhemluZS5pbmZvJTJGcGxhbmV0ZSUyRmNsaW1hdCUyRjg1MjI2LXN1ci1sZXMtcGxhZ2VzLWRlLWxhdGxhbnRpcXVlLWxlcm9zaW9uLWNvdGllcmUtcmV2ZWxlLWxlcy1sYWN1bmVzLWp1cmlkaXF1ZXMtZnJhbmNhaXNlcyUyRiUzRnV0bV9zb3VyY2UlM0RBY3RpdmVDYW1wYWlnbiUyNnV0bV9tZWRpdW0lM0RlbWFpbCUyNnV0bV9jb250ZW50JTNEUlNTJTI1M0FJVEVNJTI1M0FUSVRMRSUyNnV0bV9jYW1wYWlnbiUzREFDVElPTiUyNTIxJTJCUXVvdGlkaWVubmUlMkJqZS0xMCUyNTJGMDIlMjUyRjIy&amp;sig=CmvBebbiEdMtkdhP6CtsLF59YHhZ7RTiu6j75yx1pLGZ&amp;iat=1644474797&amp;a=%7C%7C252447529%7C%7C&amp;account=up-magazine%2Eactivehosted%2Ecom&amp;email=hYTuCOgkI70Fg1VNPKltCI1dx8m6jGUdGbVCvZel7ZA%3D&amp;s=0f6d0b96b14c6fbd26674c52c11f03fa&amp;i=511A539A7A35468\" target=\"_blank\" rel=\"noreferrer noopener\">Sur les plages de l\u2019Atlantique, l\u2019\u00e9rosion c\u00f4ti\u00e8re r\u00e9v\u00e8le les lacunes juridiques fran\u00e7aises<\/a> (UP Magazine)<\/p>\n\n\n\n<p><a href=\"https:\/\/www.banquedesterritoires.fr\/projet-de-decret-sur-les-zones-de-protection-forte-les-associations-delus-y-voient-un-passage-en?pk_campaign=newsletter_quotidienne&amp;pk_kwd=2022-02-09&amp;pk_source=Actualit\u00e9s_Localtis&amp;pk_medium=newsletter_quotidienne\">Projet de d\u00e9cret sur les zones de protection forte : les associations d&rsquo;\u00e9lus y voient \u00ab\u00a0un passage en force du gouvernement\u00a0\u00bb<\/a> (Localtis)<\/p>\n\n\n\n<p><a href=\"https:\/\/theconversation.com\/au-senegal-la-grande-caravane-de-lagroecologie-reprend-la-route-176575?utm_medium=email&amp;utm_campaign=La%20lettre%20de%20The%20Conversation%20France%20du%209%20fvrier%202022%20-%202197321787&amp;utm_content=La%20lettre%20de%20The%20Conversation%20France%20du%209%20fvrier%202022%20-%202197321787+CID_c92444d666cec0c753325f28a47de2c7&amp;utm_source=campaign_monitor_fr&amp;utm_term=Au%20Sngal%20la%20grande%20caravane%20de%20lagrocologie%20reprend%20la%20route\">Au S\u00e9n\u00e9gal, la&nbsp;grande caravane de l\u2019agro\u00e9cologie reprend&nbsp;la&nbsp;route&nbsp;!<\/a> (The Conversation)<\/p>\n\n\n\n<p><a href=\"https:\/\/reporterre.net\/Verts-pro-nucleaires?utm_source=newsletter&amp;utm_medium=email&amp;utm_campaign=nl_quotidienne\">Chez les Verts, l\u2019essor discret des pronucl\u00e9aires<\/a> (Reporterre)<\/p>\n\n\n\n<p><a href=\"https:\/\/vert.eco\/articles\/taxer-les-riches-selon-leur-empreinte-carbone-quest-ce-que-l-isf-climatique-propose-par-plusieurs-candidats-a-lelysee\">Qu\u2019est-ce que l\u2019\u00ab&nbsp;ISF climatique&nbsp;\u00bb, propos\u00e9 par plusieurs candidats \u00e0 l\u2019\u00c9lys\u00e9e&nbsp;?<\/a> (Vert \u00e9co)<\/p>\n\n\n\n<div class=\"wp-block-image\"><figure class=\"aligncenter size-large is-resized\"><img data-recalc-dims=\"1\" loading=\"lazy\" decoding=\"async\" src=\"https:\/\/i0.wp.com\/vert.eco\/wp-content\/uploads\/2022\/02\/1BM7MP-preview.jpg?resize=555%2C369&#038;ssl=1\" alt=\"\" width=\"555\" height=\"369\"\/><\/figure><\/div>\n\n\n\n<p><a href=\"https:\/\/reporterre.net\/Deux-associations-portent-plainte-contre-le-projet-eolien-en-baie-de-Saint-Brieuc?utm_source=newsletter&amp;utm_medium=email&amp;utm_campaign=nl_quotidienne\">Deux associations portent plainte contre le projet \u00e9olien en baie de Saint-Brieuc<\/a> (Reporterre)<\/p>\n\n\n\n<p><a href=\"https:\/\/www.les-crises.fr\/pollution-chimique-la-limite-acceptable-pour-l-humanite-a-ete-largement-franchie\/\">Pollution chimique : La limite acceptable pour l\u2019humanit\u00e9 a \u00e9t\u00e9 largement franchie<\/a> (les Crises)<\/p>\n\n\n\n<p><a href=\"https:\/\/www.anti-k.org\/?nltr=NzQ4OzEzMTc7aHR0cHM6Ly93d3cuYW50aS1rLm9yZy8yMDIyLzAyLzA5L3Byb2Nlcy1kZS1saW5hY3Rpb24tY2xpbWF0aXF1ZS1jb25mZWRlcmF0aW9uLW5hdGlvbmFsZS1kdS10cmF2YWlsLzs7OWEzZDE2MDg5YTAyZGExOWUwMGE1MjlhMTU4NDMxYzU%3D\" target=\"_blank\" rel=\"noreferrer noopener\">Proc\u00e8s de l\u2019inaction climatique &#8211; Conf\u00e9d\u00e9ration nationale du travail<\/a> (CNT)<\/p>\n\n\n\n<p><a href=\"https:\/\/vert.eco\/articles\/le-plan-du-shift-pour-mettre-la-france-au-regime-bas-carbone\">Le Shift Project a un plan pour mettre la France au r\u00e9gime bas-carbone <\/a>(Vert \u00e9co)<\/p>\n\n\n\n<p><a href=\"https:\/\/bonpote.com\/les-actions-individuelles-comptent-elles-vraiment-pour-25-des-emissions\/\">Les actions individuelles comptent-elles vraiment pour 25% des \u00e9missions ? <\/a>(Bon Pote)<\/p>\n\n\n\n<p class=\"has-text-color\" style=\"color:#a10808\"><strong>9 f\u00e9vrier<\/strong><\/p>\n\n\n\n<p><a href=\"https:\/\/reporterre.net\/Les-six-enjeux-et-oublis-du-One-Ocean-Summit?utm_source=newsletter&amp;utm_medium=email&amp;utm_campaign=nl_quotidienne\">Les six enjeux (et oublis) du One Ocean Summit<\/a> (Reporterre)<\/p>\n\n\n\n<p><a href=\"https:\/\/reporterre.net\/L-industrie-miniere-prepare-le-pillage-des-fonds-marins?utm_source=newsletter&amp;utm_medium=email&amp;utm_campaign=nl_quotidienne\">L\u2019industrie mini\u00e8re pr\u00e9pare le pillage des fonds marins<\/a> (Reporterre)<\/p>\n\n\n\n<p><a href=\"https:\/\/www.la-croix.com\/Economie\/protection-oceans-recherche-dun-souffle-politique-2022-02-09-1201199315?utm_source=newsletterp&amp;utm_medium=email&amp;utm_campaign=welcome_media&amp;utm_content=20220209\">La protection des oc\u00e9ans \u00e0 la recherche d\u2019un souffle politique<\/a> (La Croix)<\/p>\n\n\n\n<p><a href=\"https:\/\/www.lpo.fr\/qui-sommes-nous\/toutes-nos-actualites\/articles\/actus-2022\/vous-etes-plutot-nature-ou-biodiversite\">Vous \u00eates plut\u00f4t Nature ou Biodiversit\u00e9 ? <\/a>(LPO)<\/p>\n\n\n\n<p><a href=\"https:\/\/www.novethic.fr\/actualite\/environnement\/ressources-naturelles\/isr-rse\/apres-l-allemagne-la-france-pourrait-completer-le-pib-par-de-nouveaux-indicateurs-pour-piloter-ses-politiques-publiques-150561.html?utm_source=AlertesThematique&amp;utm_campaign=09-02-2022&amp;utm_medium=email\" target=\"_blank\" rel=\"noreferrer noopener\">\u00ab\u00a0CO2 ou PIB, il faut choisir\u00a0\u00bb : En France et en Allemagne, la perc\u00e9e des nouveaux indicateurs environnementaux et sociaux<\/a> (Novethic)<\/p>\n\n\n\n<p><a href=\"https:\/\/www.afrik21.africa\/rdc-le-parc-marin-des-mangroves-menace-par-le-port-en-eau-profonde-de-banana\/\">RDC : le parc marin des Mangroves, menac\u00e9 par le port en eau profonde de Banana <\/a>(Afrik21)<\/p>\n\n\n\n<p><a href=\"https:\/\/www.france24.com\/fr\/france\/20220209-r\u00e9chauffement-climatique-10-chiffres-pour-comprendre-pourquoi-les-oc\u00e9ans-sont-sous-tension\" target=\"_blank\" rel=\"noreferrer noopener\">R\u00e9chauffement climatique : 10 chiffres pour comprendre pourquoi les oc\u00e9ans sont sous tension<\/a> (France 24)<\/p>\n\n\n\n<p><a href=\"https:\/\/www.vie-publique.fr\/parole-dexpert\/283638-quel-developpement-des-eoliennes-debat-paul-neau-et-gregoire-souchay\">Faut-il interrompre le d\u00e9veloppement des \u00e9oliennes ? <\/a>(Vie Publique)<\/p>\n\n\n\n<p><a href=\"https:\/\/fne.asso.fr\/actualite\/condamnation-exemplaire-de-methaniseurs-dans-le-cantal-200-000eu-d-amende-pour-pollution\">M\u00e9thaniseurs dans le Cantal : 200 000\u20ac d&rsquo;amende pour pollution <\/a>(FNE)<\/p>\n\n\n\n<p><a href=\"https:\/\/aoc.media\/opinion\/2022\/02\/08\/biens-publics-ou-biens-communs-mondiaux\/\">Biens publics ou biens communs mondiaux&nbsp;?<\/a> (AOC)<\/p>\n\n\n\n<p><a href=\"https:\/\/up-magazine.info\/decryptages\/analyses\/45981-le-paradoxe-de-babel-penser-une-societe-ecologique-anti-crise\/?utm_source=ActiveCampaign&amp;utm_medium=email&amp;utm_content=RSS%3AITEM%3ATITLE&amp;utm_campaign=ACTION%21+Quotidienne+me-09%2F02%2F22\">Le paradoxe de Babel : Penser une soci\u00e9t\u00e9 \u00e9cologique anti-crise<\/a> (UP Magazine)<\/p>\n\n\n\n<p id=\"huitres-et-algues-partenaires-pour-le-meilleur-et-pour-le-pire-dans-un-ocean-en-mutation\"><a href=\"https:\/\/theconversationfrance.cmail19.com\/t\/r-l-truihyuy-ohktrjlidk-x\/\">Hu\u00eetres et algues&nbsp;: partenaires pour le&nbsp;meilleur et&nbsp;pour le&nbsp;pire dans un&nbsp;oc\u00e9an en&nbsp;mutation<\/a> (The Conversation)<\/p>\n\n\n\n<p class=\"has-text-color\" style=\"color:#ca0404\"><strong>8 f\u00e9vrier <\/strong><\/p>\n\n\n\n<p><a href=\"http:\/\/www.inprecor.fr\/article-\u00c9cosocialisme-et-d\u00e9croissance---parlons-en?id=2515\" target=\"_blank\" rel=\"noreferrer noopener\">\u00c9cosocialisme et d\u00e9croissance : parlons-en<\/a> (Inprecor)<\/p>\n\n\n\n<p><a href=\"https:\/\/basta.media\/ocean-summit-Brest-Macron-aire-marine-protegee-Office-francais-biodiversite-Soulevements-de-la-mer-dont-look-down\" target=\"_blank\" rel=\"noreferrer noopener\">Ocean Summit&nbsp;: \u00ab&nbsp;Construire une aire marine prot\u00e9g\u00e9e n\u2019est pas qu\u2019un simple coup de stylo ou une annonce&nbsp;\u00bb<\/a> (Basta)<\/p>\n\n\n\n<p><a href=\"https:\/\/lanticapitaliste.org\/actualite\/ecologie\/grand-projets-inutiles-dans-le-tarn-mobilisees-contre-le-projet-terra-2\">Grand projets inutiles : dans le Tarn, mobilis\u00e9Es contre le projet Terra 2 <\/a>(l&rsquo;Anticapitaliste)<\/p>\n\n\n\n<div class=\"wp-block-image\"><figure class=\"aligncenter size-large is-resized\"><img data-recalc-dims=\"1\" loading=\"lazy\" decoding=\"async\" src=\"https:\/\/i0.wp.com\/lanticapitaliste.org\/sites\/default\/files\/styles\/largeur_content_hauteur_complet\/public\/zactarn-credits-npa.jpg?resize=495%2C343&#038;ssl=1\" alt=\"\" width=\"495\" height=\"343\"\/><\/figure><\/div>\n\n\n\n<p><a href=\"https:\/\/basta.media\/Jardins-ouvriers-Jeux-Olympiques-betonisation-Aubervilliers-Occupation?fbclid=IwAR3WS2ULzJLPiLCP2Ay__DhwQ_MjLTKhr7GWr-patQTKvEkeZK0Lg0aG9LU\">Alors que le b\u00e9ton s\u2019appr\u00eate \u00e0 ensevelir les Jardins ouvriers d\u2019Aubervilliers, la mobilisation se poursuit<\/a> (Basta)<\/p>\n\n\n\n<p><a href=\"https:\/\/www.contretemps.eu\/critique-politique-anthropocene-justice-climatique-pandemie\/\">Pour une critique politique de l\u2019Anthropoc\u00e8ne<\/a> (Contretemps)<\/p>\n\n\n\n<p><a href=\"https:\/\/revuegerminal.fr\/2022\/02\/02\/face-a-la-crise-du-vivant-quelle-juste-place-pour-les-etats\/\">Face \u00e0 la crise du vivant, quelle juste place pour les \u00c9tats ?<\/a> (Germinal)<\/p>\n\n\n\n<p><a href=\"https:\/\/reporterre.net\/Au-fond-des-oceans-une-biodiversite-riche-et-inconnue?utm_source=newsletter&amp;utm_medium=email&amp;utm_campaign=nl_quotidienne\">Au fond des oc\u00e9ans, une biodiversit\u00e9 riche et inconnue<\/a> (Reporterre)<\/p>\n\n\n\n<p><a href=\"https:\/\/vert.eco\/articles\/le-plan-du-shift-pour-mettre-la-france-au-regime-bas-carbone\">Le Shift project a un plan pour mettre la France au r\u00e9gime bas-carbone<\/a> (Vert \u00e9co)<\/p>\n\n\n\n<p><a href=\"https:\/\/www.novethic.fr\/actualite\/environnement\/climat\/isr-rse\/ikea-amazon-carrefour-les-promesses-de-neutralite-carbone-des-grandes-entreprises-sont-un-veritable-echec-150560.html?utm_source=AlertesThematique&amp;utm_campaign=08-02-2022&amp;utm_medium=email\" target=\"_blank\" rel=\"noreferrer noopener\">Ikea, Amazon, Carrefour\u2026 les promesses de neutralit\u00e9 carbone des grandes entreprises sont un v\u00e9ritable \u00e9chec<\/a> (Novethic)<\/p>\n\n\n\n<p><a href=\"https:\/\/reporterre.net\/Une-idee-nouvelle-Reussir-la-transition-ecologique-en-subventionnant-l-emploi\">Une id\u00e9e nouvelle&nbsp;: \u00abR\u00e9ussir la transition \u00e9cologique en subventionnant l\u2019emploi\u00bb<\/a> (Reporterre)<\/p>\n\n\n\n<p><a href=\"https:\/\/reporterre.net\/Dechets-a-Paris-Une-pollution-record-aux-dioxines?utm_source=newsletter&amp;utm_medium=email&amp;utm_campaign=nl_quotidienne\">Autour de l\u2019incin\u00e9rateur d\u2019Ivry, \u00abdes concentrations de dioxines exceptionnellement \u00e9lev\u00e9es\u00bb<\/a> (Reporterre)<\/p>\n\n\n\n<p><a href=\"https:\/\/www.google.com\/url?rct=j&amp;sa=t&amp;url=https:\/\/www.oxfamfrance.org\/climat-et-energie\/les-evenements-climatiques-extremes-quand-la-planete-semballe\/&amp;ct=ga&amp;cd=CAEYCCoTMTM3NzY3NTE4MzU5NjQ4ODcwNjIaMjFiYjRiNjA0OWM5NTUyNTpjb206ZnI6VVM&amp;usg=AFQjCNF9QYeOtfv-PdycfRFxzEmT5PFS_A\" target=\"_blank\" rel=\"noreferrer noopener\">Les \u00e9v\u00e9nements climatiques extr\u00eames : quand la plan\u00e8te s&#8217;emballe <\/a>(Oxfam France)<\/p>\n\n\n\n<div class=\"wp-block-image is-style-default\"><figure class=\"aligncenter is-resized\"><img data-recalc-dims=\"1\" loading=\"lazy\" decoding=\"async\" src=\"https:\/\/i0.wp.com\/mamot.fr\/system\/cache\/media_attachments\/files\/107\/728\/833\/932\/325\/904\/original\/cbf61bc4ddc17969.jpg?resize=433%2C395&#038;ssl=1\" alt=\"\" width=\"433\" height=\"395\"\/><\/figure><\/div>\n\n\n\n<p class=\"has-text-color\" style=\"color:#ca0404\"><strong>7 f\u00e9vrier <\/strong><\/p>\n\n\n\n<p id=\"vincent-liegey-la-decroissance-invite-a-sortir-democratiquement-de-l-impasse-ecologique\"><a href=\"https:\/\/www.marianne.net\/agora\/entretiens-et-debats\/vincent-liegey-la-decroissance-invite-a-sortir-democratiquement-de-limpasse-ecologique\">Vincent Liegey : \u00ab\u00a0La d\u00e9croissance invite \u00e0 sortir d\u00e9mocratiquement de l&rsquo;impasse \u00e9cologique\u00a0\u00bb <\/a>(Marianne)<\/p>\n\n\n\n<p><a href=\"https:\/\/theconversation.com\/peche-pollution-rechauffement-comment-les-sciences-marines-peuvent-nous-aider-a-sauvegarder-locean-175532?utm_medium=email&amp;utm_campaign=La%20lettre%20de%20The%20Conversation%20France%20du%206%20fvrier%202022%20-%202194021751&amp;utm_content=La%20lettre%20de%20The%20Conversation%20France%20du%206%20fvrier%202022%20-%202194021751+CID_bc3ccd238cb8ea277aa0e235e082d838&amp;utm_source=campaign_monitor_fr&amp;utm_term=Pche%20pollution%20rchauffement%20%20comment%20les%20sciences%20marines%20peuvent%20nous%20aider%20%20sauvegarder%20locan\" target=\"_blank\" rel=\"noreferrer noopener\">P\u00eache, pollution, r\u00e9chauffement&nbsp;: comment les&nbsp;sciences marines peuvent nous aider \u00e0 sauvegarder&nbsp;l\u2019oc\u00e9an<\/a> (The Conversation)<\/p>\n\n\n\n<p><a href=\"https:\/\/www.banquedesterritoires.fr\/biodiversite-huit-nouveaux-plans-daction-pour-la-preservation-despeces-menacees?pk_campaign=newsletter_quotidienne&amp;pk_kwd=2022-02-04&amp;pk_source=Actualit\u00e9s_Localtis&amp;pk_medium=newsletter_quotidienne\">Biodiversit\u00e9 : huit nouveaux plans d&rsquo;action pour la pr\u00e9servation d&rsquo;esp\u00e8ces menac\u00e9es<\/a> (Localtis)<\/p>\n\n\n\n<p><a href=\"https:\/\/reporterre.net\/La-France-ce-pays-qui-resiste-au-regime-vegetarien\">La France, ce pays qui r\u00e9siste au r\u00e9gime v\u00e9g\u00e9tarien<\/a> (Reporterre)<\/p>\n\n\n\n<p><a href=\"https:\/\/reporterre.net\/La-mobilisation-decolle-contre-l-extension-de-l-aeroport-de-Lille?utm_source=newsletter&amp;utm_medium=email&amp;utm_campaign=nl_quotidienne\">La mobilisation d\u00e9colle contre l\u2019extension de l\u2019a\u00e9roport de Lille<\/a> (Reporterre)<\/p>\n\n\n\n<div class=\"wp-block-image is-style-default\"><figure class=\"aligncenter is-resized\"><img data-recalc-dims=\"1\" loading=\"lazy\" decoding=\"async\" src=\"https:\/\/i0.wp.com\/static.mediapart.fr\/etmagine\/default\/files\/2022\/02\/03\/1-a-aa-aaah-vrais-ecolos-ds.jpg?resize=352%2C289&#038;ssl=1\" alt=\"1-a-aa-aaah-vrais-ecolos-ds\" width=\"352\" height=\"289\"\/><\/figure><\/div>\n\n\n\n<p class=\"has-text-color\" style=\"color:#ce1b1b\"><strong>6 f\u00e9vrier<\/strong> <\/p>\n\n\n\n<p><a href=\"https:\/\/hal.archives-ouvertes.fr\/hal-03528897\/document\" target=\"_blank\" rel=\"noreferrer noopener\">Terre<\/a> (Christophe Bonneuil)<\/p>\n\n\n\n<p><a href=\"https:\/\/www.novethic.fr\/actualite\/environnement\/economie-circulaire\/isr-rse\/numerique-quand-les-fabricants-de-pc-surfent-encore-trop-sur-la-vague-verte-150537.html?utm_source=AlertesThematique&amp;utm_campaign=06-02-2022&amp;utm_medium=email\">Face \u00e0 la pression citoyenne et r\u00e9glementaire, les fabricants d&rsquo;ordinateurs doivent changer de logiciel<\/a> (Novethic)<\/p>\n\n\n\n<p><a href=\"https:\/\/fr.timesofisrael.com\/un-trafic-de-dechets-empoisonne-litteralement-les-palestiniens-et-les-israeliens\/\" title=\"Un trafic de d\u00e9chets empoisonne \u2013 litt\u00e9ralement \u2013 les Palestiniens et les Isra\u00e9liens\">Un trafic de d\u00e9chets empoisonne  les Palestiniens et les Isra\u00e9liens<\/a>(The Times of Israel)<\/p>\n\n\n\n<p><a href=\"https:\/\/greekreporter.com\/2022\/01\/27\/eastmed-us-congress\/\">Us abandonnent le projet de gazoduc EastMed<\/a>(GreekReporter)<\/p>\n\n\n\n<p><a href=\"https:\/\/www.courrierinternational.com\/revue-de-presse\/energie-les-etats-unis-torpillent-le-gazoduc-eastmed-et-inquietent-la-grece\" title=\"Les \u00c9tats-Unis torpillent le gazoduc EastMed et inqui\u00e8tent la Gr\u00e8ce\">Les \u00c9tats-Unis torpillent le gazoduc EastMed et inqui\u00e8tent la Gr\u00e8ce<\/a>(Courrier int)<\/p>\n\n\n\n<p><a href=\"https:\/\/www.investigate-europe.eu\/en\/2022\/the-climate-hypocrisy-behind-the-eastmed-pipeline\/\">L\u2019hypocrisie derri\u00e8re le projet de gazoduc en M\u00e9diterran\u00e9e<\/a>(anglais, Investigate)<\/p>\n\n\n\n<p><a href=\"https:\/\/reporterre.net\/Les-oceans-commencent-a-manquer-d-oxygene?utm_source=actus_lilo\">Les oc\u00e9ans commencent-ils \u00e0 manquer d\u2019oxyg\u00e8ne?<\/a> (Reporterre)<\/p>\n\n\n\n<p><a href=\"https:\/\/www.france24.com\/fr\/plan%C3%A8te\/20220204-h%C3%A9catombe-de-poissons-dans-l-atlantique-sea-shepherd-pointe-le-laxisme-de-la-france?utm_source=actus_lilo\">H\u00e9catombe de poissons dans l\u2019Atlantique, Sea-Shepherd pointe le laxisme de la France<\/a> (France24)<\/p>\n\n\n\n<p><a href=\"https:\/\/blogs.mediapart.fr\/marie-nivet\/blog\/140521\/peut-etre-est-il-temps-de-parler-du-projet-eastmed\" title=\"Peut \u00eatre est-il temps de parler du Projet EastMed\">Peut \u00eatre est-il temps de parler du Projet EastMed<\/a>(M.Nivet)<\/p>\n\n\n\n<p class=\"has-text-color\" style=\"color:#a10505\"><strong><mark style=\"background-color:rgba(0, 0, 0, 0);color:#e4082c\" class=\"has-inline-color\">5 f\u00e9vrier en continu<\/mark><\/strong><\/p>\n\n\n\n<p id=\"les-odeurs-sont-indescriptibles-pres-de-marseille-les-voisins-d-une-cimenterie-suffoquent-reporterre\"><a href=\"https:\/\/reporterre.net\/Les-odeurs-sont-indescriptibles-pres-de-Marseille-les-voisins-d-une-cimenterie-suffoquent\">\u00ab Les odeurs sont indescriptibles \u00bb : pr\u00e8s de Marseille, les voisins d\u2019une cimenterie suffoquent<\/a> (Reporterre)<\/p>\n\n\n\n<p id=\"moins-vite-moins-haut-moins-loin-le-secteur-de-l-aviation-doit-atterrir-reporterre\"><a href=\"https:\/\/reporterre.net\/Moins-vite-moins-haut-moins-loin-le-secteur-de-l-aviation-doit-atterrir\">Moins vite, moins haut, moins loin : le secteur de l\u2019aviation doit atterrir<\/a> (Reporterre)<\/p>\n\n\n\n<p id=\"des-fuites-colossales-de-methane-d-origine-industriel-detectees-depuis-l-espace-futura-sciences\"><a href=\"https:\/\/www.futura-sciences.com\/planete\/actualites\/environnement-fuites-colossales-methane-origine-industriel-detectees-depuis-espace-96573\/\">Des fuites colossales de m\u00e9thane d&rsquo;origine industriel d\u00e9tect\u00e9es depuis l\u2019espace<\/a> (Futura sciences)<\/p>\n\n\n\n<p><a href=\"https:\/\/www.novethic.fr\/actualite\/environnement\/pollution\/isr-rse\/en-thailande-au-perou-au-nigeria-une-serie-noire-de-catastrophes-petrolieres-en-cours-150556.html?utm_source=AlertesThematique&amp;utm_campaign=05-02-2022&amp;utm_medium=email\">En Tha\u00cflande, au P\u00e9rou, au Nig\u00e9ria, une ser de catastrophes p\u00e9troli\u00e8res d\u00e9truisent l\u2019environnement  <\/a>(Novethic)<\/p>\n\n\n\n<p><a href=\"https:\/\/vert.eco\/articles\/ecologie-la-chine-ne-fait-pas-les-choses-a-moitie-pour-le-meilleur-comme-pour-le-pire\" target=\"_blank\" rel=\"noreferrer noopener\">\u00c9cologie : la Chine ne fait pas les choses \u00e0 moiti\u00e9, pour le meilleur comme pour le pire<\/a> (Vert \u00e9co)<\/p>\n\n\n\n<p><a href=\"https:\/\/www.revolutionpermanente.fr\/Debrayage-chez-Safran-Ils-pronent-l-ecologie-et-l-humain-mais-c-est-toujours-l-argent-qui-tranche\">D\u00e9brayage chez Safran&nbsp;: \u00ab&nbsp;Ils pr\u00f4nent l\u2019\u00e9cologie et l\u2019humain mais c\u2019est toujours l\u2019argent qui tranche&nbsp;\u00bb<\/a> (R\u00e9volution Permanente)<\/p>\n\n\n\n<p><a href=\"https:\/\/reporterre.net\/En-Bretagne-ils-s-unissent-contre-le-lobby-agroalimentaire?utm_source=newsletter&amp;utm_medium=email&amp;utm_campaign=nl_quotidienne\">En Bretagne, ils s\u2019unissent contre le lobby agroalimentaire<\/a> (Reporterre)<\/p>\n\n\n\n<p><a href=\"https:\/\/reporterre.net\/Des-financiers-veulent-creer-un-marche-des-baleines?utm_source=newsletter&amp;utm_medium=email&amp;utm_campaign=nl_quotidienne\" target=\"_blank\" rel=\"noreferrer noopener\">Des financiers veulent cr\u00e9er un march\u00e9 des baleines<\/a> (Reporterre)<\/p>\n\n\n\n<p><a href=\"https:\/\/revue-progressistes.org\/2022\/02\/05\/va-t-on-manquer-de-metaux-pour-la-transition-energetique\/\">Va-t-on manquer de m\u00e9taux pour la transition \u00e9nerg\u00e9tique?<\/a> (Progressistes)<\/p>\n\n\n\n<p><a href=\"https:\/\/fne.asso.fr\/actualite\/le-2-fevrier-ce-n-est-pas-que-la-chandeleur\">En f\u00e9vrier ce n&rsquo;est pas que la Chandeleur! C&rsquo;est aussi le mois de la protection des zones humides<\/a>(FNE)<\/p>\n\n\n\n<p><a href=\"https:\/\/fne.asso.fr\/publications\/lettre-eau-ndeg85-l-eau-dans-les-outre-mer\" title=\"L'eau dans les outre-mers,plaquette brochure FNE\">L&rsquo;eau dans les outre-mers,plaquette brochure FNE<\/a><\/p>\n\n\n\n<p class=\"has-text-color\" style=\"color:#d62020\"><strong> 4 f\u00e9vrier en continu<\/strong><\/p>\n\n\n\n<p><a href=\"https:\/\/up-magazine.lt.acemlnb.com\/Prod\/link-tracker?redirectUrl=aHR0cHMlM0ElMkYlMkZ1cC1tYWdhemluZS5pbmZvJTJGcGxhbmV0ZSUyRnBvbGx1dGlvbnMlMkY5OTE3MC11bi1kZWx1Z2UtZGUtbWVyZGUlMkYlM0Z1dG1fc291cmNlJTNEQWN0aXZlQ2FtcGFpZ24lMjZ1dG1fbWVkaXVtJTNEZW1haWwlMjZ1dG1fY29udGVudCUzRFJTUyUyNTNBSVRFTSUyNTNBVElUTEUlMjZ1dG1fY2FtcGFpZ24lM0RQQU5PUkFNQSUyQi0lMkIwNCUyNTJGMDIlMjUyRjIwMjIlMkJBYw==&amp;sig=38rYmr8qdVks2erR6AZmTodA93ETSNZnUFRavyBgDCnt&amp;iat=1643956411&amp;a=%7C%7C252447529%7C%7C&amp;account=up-magazine%2Eactivehosted%2Ecom&amp;email=hYTuCOgkI70Fg1VNPKltCI1dx8m6jGUdGbVCvZel7ZA%3D&amp;s=0f6d0b96b14c6fbd26674c52c11f03fa&amp;i=508A536A7A35017\" target=\"_blank\" rel=\"noreferrer noopener\">Un d\u00e9luge de merde<\/a> (UP Magazine)<\/p>\n\n\n\n<p><a href=\"https:\/\/www.actu-environnement.com\/newsletters\/redirect.php?data=cXVvdGlkaWVubmV8Mjk4MnxuZXdzfDM5MDM4&amp;user=NjM1MTQ5\" target=\"_blank\" rel=\"noreferrer noopener\">N\u00e9cessaire ou scandaleuse, la taxonomie europ\u00e9enne d\u00e9cha\u00eene les passions<\/a> (Actu Environnement)<\/p>\n\n\n\n<p><a href=\"https:\/\/up-magazine.lt.acemlnb.com\/Prod\/link-tracker?redirectUrl=aHR0cHMlM0ElMkYlMkZ1cC1tYWdhemluZS5pbmZvJTJGcGxhbmV0ZSUyRnBvbGx1dGlvbnMlMkY5OTE0OS1hbWF6b25pZS1tYXVkaXRlJTJGJTNGdXRtX3NvdXJjZSUzREFjdGl2ZUNhbXBhaWduJTI2dXRtX21lZGl1bSUzRGVtYWlsJTI2dXRtX2NvbnRlbnQlM0RSU1MlMjUzQUlURU0lMjUzQVRJVExFJTI2dXRtX2NhbXBhaWduJTNEUEFOT1JBTUElMkItJTJCMDQlMjUyRjAyJTI1MkYyMDIyJTJCQWM=&amp;sig=5rraZNU7TsVN81Vwn8mhri6KfpVQHxnevUhYQoA2qHAB&amp;iat=1643956411&amp;a=%7C%7C252447529%7C%7C&amp;account=up-magazine%2Eactivehosted%2Ecom&amp;email=hYTuCOgkI70Fg1VNPKltCI1dx8m6jGUdGbVCvZel7ZA%3D&amp;s=0f6d0b96b14c6fbd26674c52c11f03fa&amp;i=508A536A7A35019\" target=\"_blank\" rel=\"noreferrer noopener\">Amazonie maudite<\/a> (UP Magazine)<\/p>\n\n\n\n<p><a href=\"https:\/\/revue-progressistes.org\/2022\/02\/03\/dechets-radioactifs-comment-preserver-notre-environnement-et-celui-des-generations-futures\/\">D\u00e9chets radioactifs&nbsp;: comment pr\u00e9server notre environnement et celui des g\u00e9n\u00e9rations futures&nbsp;?<\/a> (Progressistes)<\/p>\n\n\n\n<p><a href=\"https:\/\/reporterre.net\/JO-d-hiver-faute-de-neige-la-fin-des-Jeux?utm_source=newsletter&amp;utm_medium=email&amp;utm_campaign=nl_quotidienne\">Faute de neige, y aura-t-il encore des&nbsp;JO&nbsp;d\u2019hiver? <\/a>(Reporterre)<\/p>\n\n\n\n<p><a href=\"https:\/\/lecourrier.ch\/2022\/02\/03\/escale-en-terres-ecologistes\/\">Escale en terres \u00e9cologistes (et libertaires) <\/a>(le Courrier)<\/p>\n\n\n\n<p><a href=\"https:\/\/vert.eco\/articles\/avec-ses-centaines-de-fuites-de-methane-souvent-volontaires-lindustrie-fossile-accelere-le-chaos-climatique\">Avec ses centaines de fuites de m\u00e9thane, souvent volontaires, l\u2019industrie fossile acc\u00e9l\u00e8re le chaos climatique <\/a>(Vert \u00e9co)<\/p>\n\n\n\n<p><a href=\"https:\/\/vert.eco\/articles\/plusieurs-dizaines-de-milliers-de-cadavres-de-poissons-largues-dans-le-golfe-de-gascogne\">Plusieurs dizaines de milliers de cadavres de poissons largu\u00e9s dans le golfe de Gascogne<\/a> (Vert \u00e9co)<\/p>\n\n\n\n<p><a href=\"https:\/\/www.novethic.fr\/actualite\/environnement\/climat\/isr-rse\/la-france-fait-sa-declaration-de-toulouse-pour-atteindre-la-neutralite-carbone-dans-l-aerien-en-europe-150553.html?utm_source=AlertesThematique&amp;utm_campaign=04-02-2022&amp;utm_medium=email\" target=\"_blank\" rel=\"noreferrer noopener\">Aviation : l&rsquo;Europe embarque le monde vers la d\u00e9carbonation en misant sur la tech<\/a> (Novethic)<\/p>\n\n\n\n<p><a href=\"https:\/\/www.notre-planete.info\/actualites\/4899-extinction-biodiversite-eau-douce-Homme\">L&rsquo;extinction massive de la biodiversit\u00e9 d&rsquo;eau douce s&rsquo;acc\u00e9l\u00e8re <\/a>(Notre plan\u00e8te Info)<\/p>\n\n\n\n<p><a href=\"https:\/\/blogs.mediapart.fr\/jean-marc-b\/blog\/040222\/jeux-de-pekin-meute-de-criminels-contre-le-climat\" target=\"_blank\" rel=\"noreferrer noopener\">Jeux de P\u00e9kin: une meute de criminels contre le climat<\/a> (Mediapart Jean-Marc B)<\/p>\n\n\n\n<p><a href=\"https:\/\/theconversation.com\/lanimal-nest-pas-un-objet-mais-un-agent-moral-174315?utm_medium=email&amp;utm_campaign=La%20lettre%20de%20The%20Conversation%20France%20du%202%20fvrier%202022%20-%202190621710&amp;utm_content=La%20lettre%20de%20The%20Conversation%20France%20du%202%20fvrier%202022%20-%202190621710+CID_b7afd6172d59cd8e49f81cb418238e12&amp;utm_source=campaign_monitor_fr&amp;utm_term=Lanimal%20nest%20pas%20un%20objet%20mais%20un%20agent%20moral\">L\u2019animal n\u2019est pas un objet mais un agent moral<\/a> (The Conversation)<\/p>\n\n\n\n<p class=\"has-text-color\" style=\"color:#db0f0f\"><strong>3 f\u00e9vrier <\/strong><\/p>\n\n\n\n<p><a href=\"https:\/\/korii.slate.fr\/tech\/environnement-quest-shell-usine-avaler-co2-emet-plus-que-capture-methane-hydrogene-alberta\" target=\"_blank\" rel=\"noreferrer noopener\">Oups, l&rsquo;usine g\u00e9ante \u00e0 avaler le CO2 de Shell \u00e9met plus qu&rsquo;elle ne capture<\/a> (Korii)<\/p>\n\n\n\n<p id=\"projet-d-autoroute-a-rouen-que-vont-brouter-nos-vaches-de-la-poussiere-reporterre\"><a href=\"https:\/\/reporterre.net\/Projet-d-autoroute-a-Rouen-Que-vont-brouter-nos-vaches-De-la-poussiere?utm_source=newsletter&amp;utm_medium=email&amp;utm_campaign=nl_quotidienne\" target=\"_blank\" rel=\"noreferrer noopener\">Projet d\u2019autoroute \u00e0 Rouen : \u00ab Que vont brouter nos vaches ? De la poussi\u00e8re ? \u00bb<\/a> &nbsp;(Reporterre)<\/p>\n\n\n\n<p><a href=\"https:\/\/news.un.org\/fr\/story\/2022\/02\/1113472\">Les zones humides : h\u00e9ro\u00efnes m\u00e9connues de la plan\u00e8te<\/a> (ONU Info)<\/p>\n\n\n\n<p><a href=\"https:\/\/www.socialter.fr\/article\/les-10-familles-de-l-ecologie-politique-la-decroissance\">Les 10 familles de l&rsquo;\u00e9cologie politique : La d\u00e9croissance <\/a>(Socialter)<\/p>\n\n\n\n<p><a href=\"https:\/\/socialter.us16.list-manage.com\/track\/click?u=6a4a840dbdd0d8e1777d22806&amp;id=cf2b660e34&amp;e=22c38396fe\" target=\"_blank\" rel=\"noreferrer noopener\">P\u00eache industrielle : une baleine dans ma bo\u00eete de thon<\/a> (Socialter)<\/p>\n\n\n\n<p><a href=\"https:\/\/vert.eco\/articles\/a-bagnolet-lavenir-de-lechangeur-routier-est-un-sac-de-noeuds\">\u00c0 Bagnolet, l\u2019avenir de l\u2019\u00e9changeur routier est un sac de n\u0153uds <\/a>(Vert \u00e9co)<\/p>\n\n\n\n<p><a href=\"https:\/\/www.revue-ballast.fr\/guerre-de-leau-et-des-memoires-au-kurdistan-nord\/\">Guerre de l\u2019eau et des m\u00e9moires au Kurdistan Nord <\/a>(Ballast)<\/p>\n\n\n\n<p><a href=\"https:\/\/www.francebleu.fr\/infos\/transports\/sommet-de-l-aviation-favorables-a-la-decroissance-du-trafic-aerien-ils-manifesteront-1643872920\">favorables \u00e0 la d\u00e9croissance du trafic a\u00e9rien, ils manifesteront devant l&rsquo;a\u00e9roport<\/a> (France Bleu)<\/p>\n\n\n\n<p><a href=\"https:\/\/reporterre.net\/L-Union-europeenne-limite-l-usage-des-antibiotiques-en-elevage?utm_source=actus_lilo\">L\u2019Union europ\u00e9enne limite l\u2019usage des antibiotiques en \u00e9levage<\/a> (Reporterre)<\/p>\n\n\n\n<p class=\"has-text-color\" style=\"color:#9c1414\"><strong>2 f\u00e9vrier <\/strong><\/p>\n\n\n\n<p id=\"taxonomie-le-gaz-et-le-nucleaire-obtiennent-le-label-vert-europeen\"><a href=\"https:\/\/www.linfodurable.fr\/investir-durable\/en-bref\/bruxelles-accorde-label-vert-au-gaz-et-au-nucleaire-30727\">Taxonomie: le gaz et le nucl\u00e9aire obtiennent le label \u00ab\u00a0vert\u00a0\u00bb europ\u00e9en<\/a> (Info Durable)<\/p>\n\n\n\n<p><a href=\"https:\/\/www.novethic.fr\/actualite\/environnement\/climat\/isr-rse\/une-partie-du-glacier-de-l-apocalypse-en-antarctique-pourrait-se-desintegrer-d-ici-cinq-ans-entrainant-une-hausse-du-niveau-de-la-mer-150530.html?utm_source=AlertesThematique&amp;utm_campaign=30-01-2022&amp;utm_medium=email\">Une partie du glacier \u00ab\u00a0de l\u2019Apocalypse\u00a0\u00bb en Antarctique pourrait se d\u00e9sint\u00e9grer d\u2019ici cinq ans<\/a> (Novethic)<\/p>\n\n\n\n<p><a href=\"https:\/\/basta.media\/Jardins-ouvriers-Jeux-Olympiques-betonisation-Aubervilliers-Occupation\">Alors que le b\u00e9ton s\u2019appr\u00eate \u00e0 ensevelir les Jardins ouvriers d\u2019Aubervilliers, la mobilisation se poursuit<\/a> (Basta)<\/p>\n\n\n\n<p id=\"les-espaces-maritimes-francais-dont-un-tiers-est-cense-etre-protege-demeurent-en-peril-faute-de-moyens-basta\"><a href=\"https:\/\/basta.media\/One-Ocean-Summit-Brest-Macron-aires-marines-protegees-soulevement-de-la-mer-office-francais-de-la-biodiversite\">Les espaces maritimes fran\u00e7ais, dont un tiers est cens\u00e9 \u00eatre \u00ab prot\u00e9g\u00e9 \u00bb, demeurent en p\u00e9ril faute de moyens<\/a> (Basta)<\/p>\n\n\n\n<p id=\"petrole-gaz-charbon-les-energies-fossiles-en-plein-boom-reporterre\"><a href=\"https:\/\/reporterre.net\/Petrole-gaz-charbon-les-energies-fossiles-en-plein-boom\">P\u00e9trole, gaz, charbon : les \u00e9nergies fossiles en plein boom<\/a> (Reporterre)<\/p>\n\n\n\n<p id=\"eau-le-gouvernement-ouvre-les-vannes-pour-l-agriculture-intensive-reporterre\"><a href=\"https:\/\/reporterre.net\/Eau-le-gouvernement-ouvre-les-vannes-pour-l-agriculture-intensive\">Eau : le gouvernement ouvre les vannes pour l\u2019agriculture intensive<\/a> (Reporterre)<\/p>\n\n\n\n<p id=\"le-ministere-de-l-interieur-va-devoir-reduire-les-activites-de-la-cellule-demeter-reporterre\"><a href=\"https:\/\/reporterre.net\/Le-ministere-de-l-Interieur-va-devoir-reduire-les-activites-de-la-cellule-Demeter\">Le minist\u00e8re de l\u2019Int\u00e9rieur va devoir r\u00e9duire les activit\u00e9s de la cellule D\u00e9m\u00e9ter<\/a> (Reporterre)<\/p>\n\n\n\n<p><a href=\"https:\/\/vert.eco\/articles\/presque-invisibles-mais-tres-nocives-les-particules-ultrafines-sont-enfin-sous-surveillance\">Invisibles mais tr\u00e8s nocives, les particules ultrafines sont enfin sous surveillance<\/a> (Vert \u00e9co)<\/p>\n\n\n\n<p><a href=\"https:\/\/reporterre.net\/Petrole-gaz-charbon-les-energies-fossiles-en-plein-boom?utm_source=newsletter&amp;utm_medium=email&amp;utm_campaign=nl_quotidienne\">P\u00e9trole, gaz, charbon&nbsp;: les \u00e9nergies fossiles en plein boom<\/a> (Reporterre)<\/p>\n\n\n\n<p><a href=\"https:\/\/reporterre.net\/Du-XIXe-siecle-a-Zemmour-l-ecofascisme-contamine-le-debat-politique?utm_source=newsletter&amp;utm_medium=email&amp;utm_campaign=nl_quotidienne\">Du&nbsp;XIX<sup>e<\/sup>&nbsp;si\u00e8cle \u00e0 Zemmour, l\u2019\u00e9cofascisme contamine le d\u00e9bat politique <\/a>(Reporterre)<\/p>\n\n\n\n<p><a href=\"https:\/\/theconversation.com\/portrait-s-de-france-s-prix-de-lenergie-defi-climatique-relance-nucleaire-la-france-a-lheure-des-choix-energetiques-176263\">Prix de l\u2019\u00e9nergie, d\u00e9fi climatique, relance nucl\u00e9aire : la France \u00e0 l\u2019heure des choix \u00e9nerg\u00e9tiques <\/a>(The Conversation)<\/p>\n\n\n\n<p><a href=\"https:\/\/vert.eco\/articles\/la-justice-met-fin-aux-activites-de-la-cellule-demeter-contre-lagribashing\">La justice met fin aux activit\u00e9s de la cellule Demeter contre \u00ab&nbsp;l\u2019agribashing&nbsp;\u00bb<\/a> (Vert \u00e9co)<\/p>\n\n\n\n<p><a href=\"https:\/\/bonpote.com\/10-erreurs-de-communication-sur-le-climat-a-rectifier-durgence\/\">10 erreurs de communication sur le climat \u00e0 rectifier d\u2019urgence <\/a>(Bon Pote)<\/p>\n\n\n\n<div class=\"wp-block-image\"><figure class=\"aligncenter size-large is-resized\"><img data-recalc-dims=\"1\" loading=\"lazy\" decoding=\"async\" src=\"https:\/\/i0.wp.com\/bonpote.com\/wp-content\/uploads\/2022\/02\/1.png?resize=552%2C310&#038;ssl=1\" alt=\"\" width=\"552\" height=\"310\"\/><\/figure><\/div>\n\n\n\n<p><a href=\"https:\/\/lemondedelenergie.us14.list-manage.com\/track\/click?u=c62f5d77ebac491b8595ed215&amp;id=177e31e249&amp;e=0651d8edf5\" target=\"_blank\" rel=\"noreferrer noopener\">Chantal Jouanno : \u00ab&nbsp;hormis certains pro-nucl\u00e9aires, rares sont ceux qui nient le r\u00f4le de l\u2019\u00e9olien offshore&nbsp;\u00bb<\/a>  (le Monde de l&rsquo;\u00c9nergie)<\/p>\n\n\n\n<p><a href=\"https:\/\/lemondedelenergie.us14.list-manage.com\/track\/click?u=c62f5d77ebac491b8595ed215&amp;id=8348f537aa&amp;e=0651d8edf5\" target=\"_blank\" rel=\"noreferrer noopener\">Une crise \u00e9nerg\u00e9tique sans pr\u00e9c\u00e9dent depuis le choc p\u00e9trolier<\/a> (le Monde de l&rsquo;\u00c9nergie)<\/p>\n\n\n\n<p><a href=\"https:\/\/www.novethic.fr\/actualite\/environnement\/climat\/isr-rse\/changement-climatique-travail-des-enfants-mariages-precoces-inegalites-femmes-hommes-voici-les-dix-crises-les-moins-mediatisees-en-2021-150524.html?utm_source=AlertesThematique&amp;utm_campaign=02-02-2022&amp;utm_medium=email\" target=\"_blank\" rel=\"noreferrer noopener\">Ces 10 crises qui menacent des millions de personnes dans l&rsquo;indiff\u00e9rence g\u00e9n\u00e9rale<\/a> (Novethic)<\/p>\n\n\n\n<p class=\"has-text-color\" style=\"color:#9e0101\"><strong>1\u00b0 f\u00e9vrier <\/strong><\/p>\n\n\n\n<p><a href=\"https:\/\/blogs.mediapart.fr\/arbuste\/blog\/010222\/les-projets-des-regions-paca-et-aura-pour-les-alpes-un-crime-decocide\">Les projets des r\u00e9gions PACA et AuRA pour les alpes. Un crime d&rsquo;\u00e9cocide?<\/a> (Mediapart blog arbuste)<\/p>\n\n\n\n<p><a href=\"https:\/\/vert.eco\/articles\/30-dobjets-en-moins-60-despace-en-plus-quand-lademe-fait-le-tri-dans-nos-maisons\" target=\"_blank\" rel=\"noreferrer noopener\">30% d\u2019objets en moins, 60% d\u2019espace en plus : quand l\u2019Ademe fait le tri dans nos maisons<\/a> (Vert \u00e9co)<\/p>\n\n\n\n<p><a href=\"https:\/\/reporterre.net\/Enquete-sur-l-ecofascisme-comment-l-extreme-droite-veut-recuperer-l-ecologie?utm_source=newsletter&amp;utm_medium=email&amp;utm_campaign=nl_quotidienne\" target=\"_blank\" rel=\"noreferrer noopener\">Enqu\u00eate sur l\u2019\u00e9cofascisme : comment l\u2019extr\u00eame droite veut r\u00e9cup\u00e9rer l\u2019\u00e9cologie<\/a> (Reporterre)<\/p>\n\n\n\n<p><a href=\"https:\/\/transitionsenergies.us20.list-manage.com\/track\/click?u=0d7778c915d508a7b72b6dc13&amp;id=bc83204c73&amp;e=5a68fb0c53\" target=\"_blank\" rel=\"noreferrer noopener\">Ce que le d\u00e9veloppement du commerce international d\u2019hydrog\u00e8ne vert va changer dans le monde<\/a> (Transition &amp; \u00c9nergies)<\/p>\n\n\n\n<p><a href=\"https:\/\/www.francetvinfo.fr\/monde\/environnement\/crise-climatique\/tribune-crises-environnementales-1-400-scientifiques-appellent-les-candidats-a-la-presidentielle-et-les-medias-a-sortir-des-discours-de-l-inaction_4930099.html\" target=\"_blank\" rel=\"noreferrer noopener\">Crises environnementales : 1 400 scientifiques appellent les candidats \u00e0 la pr\u00e9sidentielle et les m\u00e9dias \u00e0 sortir \u00ab\u00a0des discours de l&rsquo;inaction\u00a0\u00bb<\/a> (France Info)<\/p>\n\n\n\n<p id=\"gaz-le-qatar-pourrait-etre-le-grand-gagnant-de-la-crise-ukrainienne\"><a href=\"https:\/\/transitionsenergies.us20.list-manage.com\/track\/click?u=0d7778c915d508a7b72b6dc13&amp;id=421b404440&amp;e=5a68fb0c53\" target=\"_blank\" rel=\"noreferrer noopener\">Gaz: le Qatar pourrait \u00eatre le grand gagnant de la crise ukrainienne<\/a> (Transition &amp; \u00c9nergies)<\/p>\n\n\n\n<p><a href=\"https:\/\/vert.eco\/articles\/les-emissions-de-co2-par-personne-et-par-pays-en-un-graphique\" target=\"_blank\" rel=\"noreferrer noopener\">Les \u00e9missions de CO2 par personne et par pays en un graphique <\/a>(Vert \u00e9co)<\/p>\n\n\n\n<p><a href=\"https:\/\/www.la-croix.com\/Sciences-et-ethique\/Manifeste-debat-politique-numerique-lecologie-2022-02-01-1201197920?utm_source=newsletterp&amp;utm_medium=email&amp;utm_campaign=welcome_media_test&amp;utm_content=20220201\">Manifeste pour un d\u00e9bat politique sur le num\u00e9rique et l\u2019\u00e9cologie<\/a> (la Croix)<\/p>\n\n\n\n<p><a href=\"https:\/\/www.latribune.fr\/entreprises-finance\/industrie\/energie-environnement\/defaut-de-corrosion-edf-devra-controler-tout-le-parc-nucleaire-903081.html\" target=\"_blank\" rel=\"noreferrer noopener\">D\u00e9faut de corrosion : EDF devra contr\u00f4ler tout le parc nucl\u00e9aire<\/a> (La Tribune)<\/p>\n","protected":false},"excerpt":{"rendered":"<p>28 f\u00e9vrier en continu Suttsu, au Japon, se r\u00e9volte contre le stockage de d\u00e9chets nucl\u00e9aires (Mediapart) Climat : le rapport du Giec est \u00ab\u00a0un terrible avertissement sur les cons\u00e9quences de l\u2019inaction\u00a0\u00bb (Mediapart) Pr\u00e9sidentielle&nbsp;: que proposent les candidats pour le climat? (Reporterre) Concentration, financiarisation, artificialisation\u2026 ces menaces qui p\u00e8sent sur nos terres agricoles (Novethic) \u00ab\u00a0L&rsquo;agriculture est &#8230; <a title=\"F\u00e9vrier &#8211; \u00c9cologie\" class=\"read-more\" href=\"https:\/\/www.rdpemancipation.org\/?p=68938\" aria-label=\"En savoir plus sur F\u00e9vrier &#8211; \u00c9cologie\">Lire la suite<\/a><\/p>\n","protected":false},"author":1,"featured_media":0,"comment_status":"closed","ping_status":"closed","sticky":false,"template":"","format":"standard","meta":{"_lmt_disableupdate":"no","_lmt_disable":"no","_jetpack_memberships_contains_paid_content":false,"footnotes":""},"categories":[9],"tags":[],"class_list":["post-68938","post","type-post","status-publish","format-standard","hentry","category-ecologie"],"modified_by":"dbo","jetpack_featured_media_url":"","jetpack_sharing_enabled":true,"_links":{"self":[{"href":"https:\/\/www.rdpemancipation.org\/index.php?rest_route=\/wp\/v2\/posts\/68938","targetHints":{"allow":["GET"]}}],"collection":[{"href":"https:\/\/www.rdpemancipation.org\/index.php?rest_route=\/wp\/v2\/posts"}],"about":[{"href":"https:\/\/www.rdpemancipation.org\/index.php?rest_route=\/wp\/v2\/types\/post"}],"author":[{"embeddable":true,"href":"https:\/\/www.rdpemancipation.org\/index.php?rest_route=\/wp\/v2\/users\/1"}],"replies":[{"embeddable":true,"href":"https:\/\/www.rdpemancipation.org\/index.php?rest_route=%2Fwp%2Fv2%2Fcomments&post=68938"}],"version-history":[{"count":291,"href":"https:\/\/www.rdpemancipation.org\/index.php?rest_route=\/wp\/v2\/posts\/68938\/revisions"}],"predecessor-version":[{"id":73712,"href":"https:\/\/www.rdpemancipation.org\/index.php?rest_route=\/wp\/v2\/posts\/68938\/revisions\/73712"}],"wp:attachment":[{"href":"https:\/\/www.rdpemancipation.org\/index.php?rest_route=%2Fwp%2Fv2%2Fmedia&parent=68938"}],"wp:term":[{"taxonomy":"category","embeddable":true,"href":"https:\/\/www.rdpemancipation.org\/index.php?rest_route=%2Fwp%2Fv2%2Fcategories&post=68938"},{"taxonomy":"post_tag","embeddable":true,"href":"https:\/\/www.rdpemancipation.org\/index.php?rest_route=%2Fwp%2Fv2%2Ftags&post=68938"}],"curies":[{"name":"wp","href":"https:\/\/api.w.org\/{rel}","templated":true}]}}