{"id":68936,"date":"2022-02-01T09:27:07","date_gmt":"2022-02-01T08:27:07","guid":{"rendered":"https:\/\/www.rdpemancipation.org\/?p=68936"},"modified":"2022-02-28T03:29:58","modified_gmt":"2022-02-28T02:29:58","slug":"fevrier-feminisme-lgbt-2","status":"publish","type":"post","link":"https:\/\/www.rdpemancipation.org\/?p=68936","title":{"rendered":"F\u00e9vrier &#8211; F\u00e9minisme \/ LGBT+"},"content":{"rendered":"\n<p><mark style=\"background-color:rgba(0, 0, 0, 0);color:#a30004\" class=\"has-inline-color\"><strong><strong><mark style=\"background-color:rgba(0, 0, 0, 0);color:#f20509\" class=\"has-inline-color\">28 F\u00e9vrier en continu<\/mark><\/strong><\/strong><\/mark><\/p>\n\n\n\n<p><a href=\"https:\/\/newsletter.liberation.fr\/m\/surl\/200138\/514907\/WmwCBSV1Kwejt2eRpibs-nFKF-B12viezBEiZxMr5xU=\/link_10\/3d+WpPNXNey6LnCqs2QRGmfxXrWPgNsWFaxR+SXf+bcF6zN4nyXzntS4WhG2eWETv-VBthY6N+gCBDttQznmf2Xi8JcRKBLr2DK2zkf43ln9Na2bH0X7WUvBVrqnMNWVhk0FTVeTPcE6QkVgPS1yVoBOHEfXJGrk6We32g1Ladd8x9Z+N+coCBqUr4k+FKUYnWT2FCho6EOWS0ZNYbwaIpBupMNnTmtvN+DZTqATluB3U1tYDCN1uxVeH41Hb9NhqufluJCJL7aYL6D0nNJc5WvVCNHVMGSfFLVMdKkayOZmBjVZQNlM1zHSeA077iqWjTccnPNsS1e-iQ3wgaDDV5kDxe6gAokRS7ZAbsfomZ46tpGQqxqhfuMWXjuWGCsHYCH-hMFtKhSIotoMUQAZLQ==\">Sexisme dans les m\u00e9dias: et bim dans ta face! <\/a>(Lib\u00e9ration)<\/p>\n\n\n\n<p><a href=\"https:\/\/email.mg2.substack.com\/c\/eJw9kU2OwyAMhU9TdokgkL8Fi9nMNSICJqVNIDJOZ3L7Ia000pMly3561mdrCJaEp95TJnaVic4ddISfvAIRIDsy4BScFqoX_ThK5rRyYmgHFvLkEWAzYdWEB7D9mNdgDYUUL0cjx45zdtdOOe4AvLdGgZkHD8ClN3wYB99J3n6CzeECRAsaXoBnisBWfSfa801-3ZrvImv2gLClV51wKb3HUuB3B3wbc-nmNVmzQGVTJIRqhWrH9ACqthADYOVMJPNMGMouC7rhzaVeCM5VWzd1I7q-530vnfT9IEX9CujF3omb4tvS1PmYMxn7rG3aGOrHNh-4lMvL2CYHBGsdgWqXLhhTWdqOGOicIJp5BffhRB_cb3LTAhGwvMFNhrToVDu2Y9eqTg0fLAWkGmXHGzmwku5ScUX9j8KjidaE_AflHJyN\">Blocage contre le projet minier d\u2019AntaKori : Les femmes et les communaut\u00e9s p\u00e9ruviennes en r\u00e9sistance<\/a> (Capire)<\/p>\n\n\n\n<p><a href=\"https:\/\/email.mg2.substack.com\/c\/eJw9kU0OnDAMhU8z2YHyB4FFFt30GigkhkkLCXIcqrl9Q0eqZFm27Kcnf_aOYM_4sVcuxJ600OcCm-BPOYAIkNUCuMRghTbCzLNiweogpmFisSwbApwuHpawArvqekTvKOb0KKSaR87Z285mE0o5Iza5ziAGoTgoz4Wf_KzHyXyNXQ0RkgcLN-AnJ2CHfRNd5aV-vOTPFt5dEeHMd59xb_2GLUEihLtCK0-H9HYd5gJpBdy7Azqfz9VRd-WKTxswR-pcd7g7I8HZ1E3IopVcPmGE4FwPveylGI3hxqigNjMp0d8RN3GN4qX5ucu-1LWQ87_75sDQ_jrXinu7oY19DkBw9AmoD_nBsrSls6ZInwWSWw8IX2L0Bf-P4bJDAmwPCYsjK0Y9zMM8DnrU0xdQQ6pnNXKpJtbcQ26qZP9D2dAl72L5CwzQno4\">Argentine : \u00ab Le combat pour le droit \u00e0 l\u2019avortement ne s\u2019est pas arr\u00eat\u00e9 avec l\u2019adoption de la loi \u00bb<\/a> (Capire)<\/p>\n\n\n\n<p><a href=\"https:\/\/email.mg2.substack.com\/c\/eJw9kUuO5CAMhk9T7BLxSEJYsOhNXyMi4KToTgAZqJncfkiVNMKysOzftj5bU2CPeOkUcyG3W8qVQAf4kw8oBZDUDLh4p9kgmVRKEKcHx-ZxJj4vGwKcxh-6YAWS6np4a4qP4VZwoSZKyVOL2Sg30tG6ldv7SUXFyF1LM7XO8jPYVOchWNDwArxiAHLoZykpP8TXg383syZ5hDO--oh7izdsDv4mwLcwt-gZg6toctcqTPD5vUy3welbUKCD0qWY6mFao_ar2NmnCTtgV0OXzJW7EyoW9HclBHczaG2J15zy2yRjlA5jz3vOJimplMKJTc6C9S-PG0sTewz03Hmf65qLsb-9jSdB_XOute1UXUvb2BrD0QcovYs3t6UVnTX4ci0QzHqA-yAtn8u8IS87BMB2MbeYotk0jGpU0zhMw_wh2JgPSkyUi5m06S42VdD_qW1ogjU-_wPF6qwD\">Honduras : organisation f\u00e9ministe et populaire pour changer un pays meurtri et endett\u00e9<\/a> (Capire)<\/p>\n\n\n\n<p>Analyse<\/p>\n\n\n\n<p><a href=\"https:\/\/newsletter.liberation.fr\/m\/surl\/200138\/514907\/WmwCBSV1Kwejt2eRpibs-nFKF-B12viezBEiZxMr5xU=\/link_13\/zNMYoddfBrxUFhD+MM+AeIX2rCYgFfi1QtEZmjxsZMEbi9xGRkYXmgLUI1UzFMAqvQTce82oAzAbIaVqZQKxn6I9Q69Xakg9nDwU2ayDX5L3QapHF8Hbo1EIUI56CVBivXXikgrtm704loqhsgdkpiyb2CUViUvRPi93o0XivT9wGcFvc7D6MveU7CV2z1ChZbe7vkg97Z7lTrVXmObqX8jKkO89CnKOIoXtseVfITaW2NHtczs3xYJs-7pud40OHQJgJ+d1KXTqyvz7CSlS+mb8axY9USLdycUUVBixouysjHovx7Q31RHG0K3iGMsa+dhgAAadpSzkLWOL60IZwy9SsG3hj1hWgHPx8tEC1Vvw1kOqcEUx5CaEluS4C4tb0cnuYS5spgdQxtRfwm-auw==\">Les femmes politiques scrut\u00e9es sous toutes les coutures <\/a>(Lib\u00e9ration)<\/p>\n\n\n\n<p><a href=\"https:\/\/email.mg2.substack.com\/c\/eJw9kcluxCAMhp9muCUKW0gOHHrpa0QOOBlalgjIVHn7Mo1UybKMvPF_NlBxT_nSRyqVvN1SrwN1xJ_isVbM5CyYF2c1FYqqeebEamHpJCfiyrJlxADO65pPJMe5emeguhTfHYzP4zCQp1aMG8sEH6VEmKiUINlkEFbJqQAh78VwWofRoMYX5itFJF4_az3Kg3882GczA4fLGNKrT3lv7y03BxH8VbBFbGCsOyN2ECNiZ9G44l7YZbDtV941IZ3HbsPgoisBu5ohli3lcCfWjMX5Nog4_Z7VTFE6DEL2rGd0VGpQilu-qYnT_uXyRo-RPsQQdtaXcy0VzHdvUiBZf4X1zHuT1NImWazo-4i1t-lNaWlF4YyuXgtGWD3aG2C97_CHdNkxYm73sQtUTUchZzmPUoxiunk1wmLm48D4RNp2m1pX1P-MtibOgCu_T9Ojfg\">2022, une ann\u00e9e d\u00e9cisive : radicaliser le f\u00e9minisme, transformer le Br\u00e9sil<\/a> (Capire)<\/p>\n\n\n\n<p><mark style=\"background-color:rgba(0, 0, 0, 0);color:#a30004\" class=\"has-inline-color\"><strong><strong><mark style=\"background-color:rgba(0, 0, 0, 0);color:#f20509\" class=\"has-inline-color\">27 F\u00e9vrier en continu<\/mark><\/strong><\/strong><\/mark><\/p>\n\n\n\n<p><strong><a href=\"https:\/\/coordfeministe.wordpress.com\/\">Appel \u00e0 la gr\u00e8ve nationale f\u00e9ministe du 8 mars<\/a> (Coordination f\u00e9ministe)<\/strong><\/p>\n\n\n\n<p><a href=\"http:\/\/r.newsletter.50-50magazine.fr\/mk\/cl\/f\/HOATyDdPcMXkFGKLiw3_mBF8mpXgPUpOK1Qhsd70q_C7q6RFDkHzKLKFSEs3d6QLfYxafZmhpgoK-uXftN0iSskJ10umJZFz5BaVM-4O9o65B1ruh-osgiLmfXEDPlcwLloYP3Q-wxKENIz1DN5d7m-g_JG_qSsVq1dBFhCMockExxZx9QDwQpt9cOLZbKaYrtVXaW0GlKyyqLY0w1wzjoqhBLo6UyOnwiudmw2IuVkamlo9cNiEya4z-LlUteavnPj__83Y2GL5DBJ9k2nhas7_6LRI8gkO65Jog_yRo1fh6KQxKS8t7VAIEDTooCgukxeCkmGLdC_71RjwHf9Oeqdng30\">La Fondation des Femmes est ravie de vous inviter \u00e0 visiter le Train pour l\u2019\u00c9galit\u00e9 !<\/a> (Fondation des femmes)<\/p>\n\n\n\n<div class=\"wp-block-image is-style-default\"><figure class=\"aligncenter\"><img decoding=\"async\" src=\"https:\/\/i0.wp.com\/www.50-50magazine.fr\/_19\/wp-content\/uploads\/2022\/02\/mail.jpg?resize=473%2C175&amp;ssl=1\" alt=\"TRAIN\" class=\"wp-image-52555\"\/><\/figure><\/div>\n\n\n\n<p>Analyse<\/p>\n\n\n\n<p><a href=\"https:\/\/blogs.mediapart.fr\/jules-falquet\/blog\/240222\/pourquoi-denoncer-les-violences-sexuelles-retour-sur-laffaire-strauss-kahn\">Pourquoi d\u00e9noncer les violences sexuelles ? Retour sur l&rsquo;affaire Strauss-Kahn<\/a> (M\u00e9diapart)<\/p>\n\n\n\n<p><a href=\"http:\/\/r.newsletter.50-50magazine.fr\/mk\/cl\/f\/cww49978MTCcKwOi8L9QPcQ4_0yjlgKUlKw5h2-Kr5KNLxc7G_mRkeLmElrwJPuYLeZ1G0QbCi4--TG0xnY5DYqmTGwzNSnsZcQ0FLFiskXc4gz1YB8Qut_XIjtKxhDqbucMf4il3v5cGrdTz3Fv9OJzpNk1ohkElLUTzt-AnMDAbd6ZDkmdh2FkOd-5rYVccqB6CzOZ3p-RKSp6zsU991GjBMNMkdXgmEKdTVetW29b3JfbVSz8-zSJmfYHyXnADtRm_RFj115JBQhyTWrqzHgf2dLEAnMLX4_MiW2dty6JgHgafYUACdOzcFKw7faEkkfc2y_G0VH0\">Le sexisme au travail : une arme de destruction massive contre les femmes<\/a> (50\/50)<\/p>\n\n\n\n<p><a href=\"http:\/\/r.newsletter.50-50magazine.fr\/mk\/cl\/f\/egDT_WQRhXTqwL3Q_7G44nL_TNfBaMPWESXJ4cYu68wFyCtB9UvQyc9x9HiSqHTEGB_zE14KiROKtNugYhbcCG0PcmKM8gT11EqyZYHubuN6YlQl69D9Sm9oCGUTgynWrMCuK-S_Y8DTouVdqF3gUGe0W0CXhGkBIcwxpsXemFjbd0bM6ex0g25GZtSvqnZCvuZcsGqBvYxEELF4Qh0ymcDY2cIjWgE89_9vpcVXo7fl_FaOazYp2xpvxNFJN0VT51LDuQISmRRMHnrcN2NBkcL6ZhwnHk3uTC6WP_PFqFJs7-CmLIlLARK-_w56uPZc\">Lib\u00e9rer la parole des femmes ne suffit pas, il faut les \u00e9couter !<\/a> (50\/50)<\/p>\n\n\n\n<p><a href=\"https:\/\/newsletter.liberation.fr\/m\/surl\/200138\/514907\/WmwCBSV1Kwejt2eRpibs-nFKF-B12viezBEiZxMr5xU=\/link_7\/hDUGwZDKInIp-asFa0eEVjaGa2KSVk5hSLh6YJVGTacovzaWblt53ZSlq6vTjdTPqBD-hRrYhFK+lBfpNYoGX-U+SiK+UZkNSGSAVECX1EULPFxk2aZKIYvAQe4KXPYAFbVgo25gTUIAvQpx99jjtPgYBakWR0UvSOxT+iiMX6RXBrvtrYB7TLPQPifKDwWSZh50imJYxTj-Qh9re3akubBGNEy4UJVn7zMvHl39nVRV4-EBgckAIEEAHgKrAapPjy4GrzbLxCPhgvRcn0T3qBuLUgx6F9HgfsLEzoVh2rRUzEQnGMbQtvmVggZiwNwC5pFuhiyrRuKy-ugqxIO9zbTk33BmsvW85PXpIZ+a9ozy0ifJY1ji0YyZ0UMvktSWKBmmUXiV7dlhdLF6Grb2VYduNROSVhZIC8Eh9JRo77DGNmFa6EEmbSnCgMr8oos+\">Emmanuel Todd et Alain Finkielkraut: les paniques identitaires du masculin&nbsp;<\/a> (Lib\u00e9ration)<\/p>\n\n\n\n<p><mark style=\"background-color:rgba(0, 0, 0, 0);color:#a30004\" class=\"has-inline-color\"><strong><strong><mark style=\"background-color:rgba(0, 0, 0, 0);color:#f20509\" class=\"has-inline-color\">26 F\u00e9vrier en continu<\/mark><\/strong><\/strong><\/mark><\/p>\n\n\n\n<p><a href=\"https:\/\/www.francetvinfo.fr\/societe\/justice\/le-directeur-de-l-institut-montaigne-en-garde-a-vue-soupconne-d-avoir-drogue-une-collaboratrice-a-son-insu_4981602.html\">Directeur de l&rsquo;Institut Montaigne en garde \u00e0 vue, soup\u00e7onn\u00e9 d&rsquo;avoir drogu\u00e9 une collaboratrice <\/a>(France Info)<\/p>\n\n\n\n<p><a href=\"https:\/\/blogs.mediapart.fr\/jean-marc-b\/blog\/250222\/ensemble-en-greve-feministe-appel\"><strong>Ensemble, en gr\u00e8ve f\u00e9ministe ! -Appel&nbsp;<\/strong><\/a><\/p>\n\n\n\n<p><a href=\"https:\/\/www.contretemps.eu\/greve-stages-femmes-feminisme-salaire-etudiant\/\">Gr\u00e8ve des stages, gr\u00e8ve des femmes<\/a> (Contretemps)<\/p>\n\n\n\n<p><a href=\"http:\/\/r.newsletter.50-50magazine.fr\/mk\/cl\/f\/tj8HTQ6NHrhrNFPoH4TlVcpyIeWv-ZSYPqpvK0HuKhbr13WDVvUeAKvowGVaetwp0-lb7Muq5LUmHK0dyeIBDrrrlw_Lz7xe9fT3g70VsJ3cOKpmLEjvrvTiRSxNdFMJMoMW7beASmBFYRBEpijoOiDmWGbbD1PoEd6dP1JB0OaLHqXshVq_CC70FRGz510xTNUSokTCt0rHhIb51MfHR9kQPiSXU-a27aQkBSskbSgRgSauT0I9mwIogLdMhs6aRIE8XV2xMXCmXuB7RVqHK-BAsNn3TCIjniwBkV39ybcv\">Victoire historique pour le droit \u00e0 l\u2019avortement ! <\/a>(Planning familial)<\/p>\n\n\n\n<p><strong>Monde<\/strong><\/p>\n\n\n\n<p><a href=\"http:\/\/r.newsletter.50-50magazine.fr\/mk\/cl\/f\/MGbAsrL2_OGd5Y7qJf8S-IqffkN-BPD9LravJjna_QmOhtiggy3mbkvNkIAYzvAJccKTbUuy9_h4HVSlXEZ0tIUuuT91hSYABCWzklQLJonnKSuCURt9J1DOY2_-k-4evqoVA_iBfWjFLUY91qvxsqwAkmZ1rn3MdaL5SiVIFJCW8lgVY2IJTo6H1YF9IcM6_xigqflb1DGe4QARQCpKz0BDG00haSxhttJ4n8RyHquFpUFopQdX9DE-8c5kC1Uu9DkDyxRDwqRCqVU90phZio1LOmIT6NDQKgxt5aRTjMedXUy92-duWGon_ieVpf6Hzu4xQkL5vQIDTHndW1RH_lWFORzLTwDSi4E1_WFXLtUTdAez362nm01FrfqtLee2xm8_PL0dHpMwjnAbw507cps7BHqIFw\">Medfeminiswiya, r\u00e9seau f\u00e9ministe qui rassemble des femmes journalistes de la M\u00e9diterran\u00e9e<\/a> (50\/50)<\/p>\n\n\n\n<figure class=\"wp-block-image is-resized is-style-default\"><img loading=\"lazy\" decoding=\"async\" src=\"https:\/\/i2.wp.com\/www.50-50magazine.fr\/_19\/wp-content\/uploads\/2022\/02\/med.png?fit=650%2C365&amp;ssl=1\" alt=\"MED\" width=\"481\" height=\"270\"\/><\/figure>\n\n\n\n<p><strong><a href=\"https:\/\/www.boursorama.com\/actualite-economique\/actualites\/des-salvadoriennes-denoncent-l-injustice-de-leur-detention-pour-fausse-couche-c5d4b0c327c3dd092d91843652e955a1\">Des Salvadoriennes d\u00e9noncent \u00ab\u00a0l&rsquo;injustice\u00a0\u00bb de leur d\u00e9tention pour fausse couche<\/a> (AFP)<\/strong><\/p>\n\n\n\n<p>Analyse<\/p>\n\n\n\n<p><a href=\"https:\/\/blogs.mediapart.fr\/jean-marc-b\/blog\/250222\/le-grand-remplacement-vite\">Le grand remplacement, vite !&nbsp;<\/a> (50\/50)<\/p>\n\n\n\n<p><a href=\"http:\/\/r.newsletter.50-50magazine.fr\/mk\/cl\/f\/AAjeEqE-tovtyCcp1la-Onkiq7Pz6HfF2udZ1bXSzZsF3GPbAZEqdkBY42dhvhhJDhDv9rCvSNKo40i4596yV3XMJJ6Feg4uK-fj6xWmJwhMaybFnL0LoGrsbpIN2Sr1rBUcNWkxiZ5iMLChKgfiTNYGNyl2NilqvxSg7IHn_6OmruzLp9hEZlwb17ZGQGbFUr2hD2wCjhUJ5el7tzbDPLPrppaLSsBx2l32lP5fqgcASQOYoXJ6Gm0Hr_cmeNpHZ2yQpZuImV_xapabwyIwOmQhXcuih37iMIUBtqr9wSIg_6aJUmD2OTdBVuHTWmljvB3kPz7JGg\">Corinne Hirsch : \u00ab J\u2019ai v\u00e9cu les in\u00e9galit\u00e9s professionnelles de l\u2019int\u00e9rieur \u00bb<\/a> (50\/50)<\/p>\n\n\n\n<p><strong><a href=\"https:\/\/blogs.mediapart.fr\/jean-marc-b\/blog\/250222\/la-sororite-arme-politique-les-colleureuses\">La sororit\u00e9, arme politique \u2013 Les colleureuses&nbsp;<\/a>&#8211; vid\u00e9o<\/strong><\/p>\n\n\n\n<p><strong><a href=\"https:\/\/www.francetvinfo.fr\/economie\/emploi\/carriere\/compagnons-du-devoir-l-excellence-au-feminin_4977747.html#xtor=EPR-502\">Compagnons du devoir l\u2019excellence au f\u00e9minin<\/a> (Francetvinfo)<\/strong><\/p>\n\n\n\n<p><a href=\"https:\/\/www.librairies-nouvelleaquitaine.com\/livre\/9782709668507-defaire-le-discours-sexiste-dans-les-medias-rose-lamy-preparez-vous-pour-la-bagarre\">D\u00e9faire le discours&nbsp;sexiste dans les m\u00e9dias <\/a>&nbsp;(Librairies Nouvelle Aquitaine)<\/p>\n\n\n\n<p><mark style=\"background-color:rgba(0, 0, 0, 0);color:#a30004\" class=\"has-inline-color\"><strong><strong><mark style=\"background-color:rgba(0, 0, 0, 0);color:#f20509\" class=\"has-inline-color\">25 F\u00e9vrier en continu<\/mark><\/strong><\/strong><\/mark><\/p>\n\n\n\n<p><a href=\"https:\/\/solidaires.org\/8-Mars-2022-Sous-Macron-les-seniores-discriminees-meprisees-stigmatisees\">8 Mars 2022 &#8211; Sous Macron : les s\u00e9niores discrimin\u00e9es, m\u00e9pris\u00e9es, stigmatis\u00e9es<\/a> (Solidaires)&nbsp;<\/p>\n\n\n\n<p><strong><a href=\"https:\/\/solidaires.org\/Solidaires-et-Egales-Special-8-mars-2022\">Solidaires et Egales : Sp\u00e9cial 8 mars<\/a> (Solidaires)<\/strong><\/p>\n\n\n\n<p><strong>Monde<\/strong><\/p>\n\n\n\n<p><a href=\"https:\/\/www.opendemocracy.net\/en\/5050\/des-femmes-en-c%C3%B4te-divoire-cibl%C3%A9es-par-de-la-d%C3%A9sinformation-%C3%A9manant-dun-centre-anti-avortement-li%C3%A9-aux-etats-unis\/\">Femmes en C\u00f4te d\u2019Ivoire cibl\u00e9es par intox \u00e9manant d\u2019un centre anti-avortement li\u00e9 aux USA<\/a> (Open Democracy)<\/p>\n\n\n\n<p><strong>Analyse<\/strong><\/p>\n\n\n\n<p><a href=\"https:\/\/www.franceinter.fr\/emissions\/affaires-sensibles\/affaires-sensibles-27-novembre-2019\">Paulette, Morgane, Leila\u2026 Histoires de femmes, victimes de violences conjugales <\/a>(Affaires Sensibles) <\/p>\n\n\n\n<figure class=\"wp-block-image is-resized is-style-default\"><img data-recalc-dims=\"1\" loading=\"lazy\" decoding=\"async\" src=\"https:\/\/i0.wp.com\/cdn.radiofrance.fr\/s3\/cruiser-production\/2019\/11\/358d84c4-79df-4c21-b44a-d0968df5551b\/1136_gettyimages-641951684.jpg?resize=341%2C227&#038;ssl=1\" alt=\" &quot;stop&quot; aux violences conjugales \" width=\"341\" height=\"227\"\/><\/figure>\n\n\n\n<p><mark style=\"background-color:rgba(0, 0, 0, 0);color:#a30004\" class=\"has-inline-color\"><strong><strong><mark style=\"background-color:rgba(0, 0, 0, 0);color:#f20509\" class=\"has-inline-color\">24 F\u00e9vrier en continu<\/mark><\/strong><\/strong><\/mark><\/p>\n\n\n\n<p><a href=\"https:\/\/www.francetvinfo.fr\/elections\/presidentielle\/candidats\/accusation-de-viols-contre-le-conseiller-d-eric-zemmour-olivier-ubeda-la-plainte-est-classee-sans-suite_4977702.html\">Accusation de viols contre le conseiller de Zemmour Olivier Ub\u00e9da : plainte est class\u00e9e sans suite<\/a> (France Info)<\/p>\n\n\n\n<p><a href=\"https:\/\/www.francetvinfo.fr\/societe\/violences-faites-aux-femmes\/nice-un-homme-mis-en-examen-apres-une-tentative-de-feminicide_4977612.html\">Nice : un homme mis en examen apr\u00e8s une tentative de f\u00e9minicide<\/a> (France Info)<\/p>\n\n\n\n<p><a href=\"https:\/\/www.francetvinfo.fr\/societe\/feminicides\/feminicide-a-amneville-le-conjoint-mis-en-examen-pour-meurtre-aggrave_4977183.html\">F\u00e9minicide \u00e0 Amn\u00e9ville : le conjoint mis en examen pour \u00ab\u00a0meurtre aggrav\u00e9\u00a0\u00bb<\/a>(France Info)<\/p>\n\n\n\n<p><strong><a href=\"https:\/\/lanticapitaliste.org\/actualite\/feminisme\/coordination-nationale-feministe-reconstruire-un-mouvement-feministe-auto\">Coordination nationale f\u00e9ministe : reconstruire mouvement auto-organis\u00e9, unitaire, radical, massif<\/a> -Collectif<\/strong><\/p>\n\n\n\n<p><a href=\"https:\/\/basta.media\/extreme-droite-parlement-europeen-violences-faites-aux-femmes-lutte-contre-le-racisme-droit-contraception-liberte-de-la-presse\">Extr\u00eame droite refuse toujours de condamner \u00ab toutes les formes de violences \u00e0 l\u2019\u00e9gard des femmes \u00bb <\/a>(Basta!)<\/p>\n\n\n\n<p><strong><a href=\"https:\/\/basta.media\/greve-feministe-du-8-mars-ne-nous-liberez-pas-on-s-en-charge\">Gr\u00e8ve f\u00e9ministe du 8 mars : \u00ab Ne nous lib\u00e9rez pas, on s&rsquo;en charge ! \u00bb<\/a> (Basta!)<\/strong><\/p>\n\n\n\n<p><strong><a href=\"https:\/\/info.mediapart.fr\/optiext\/optiextension.dll?ID=qYZqXYE92ipvE130nbLR1Bc_GhjbE5C3WMEf462TNpD1gMhGy_c63UKQurFtuCXdJa%2B7vGeGHM6RrgAFII0zta%2BcNu4i3\">IVG&nbsp;: la loi portant le d\u00e9lai l\u00e9gal \u00e0 14&nbsp;semaines est d\u00e9finitivement adopt\u00e9e<\/a> (MDP)<\/strong><\/p>\n\n\n\n<p><a href=\"https:\/\/www.humanite.fr\/social-eco\/syndicalisme\/plainte-pour-viol-contre-un-membre-de-la-commission-executive-de-la-cgt#xtor=RSS-1\">Plainte pour viol contre un membre de la commission ex\u00e9cutive de la CGT<\/a> (L\u2019Humanit\u00e9)<\/p>\n\n\n\n<figure class=\"wp-block-image is-resized is-style-default\"><img loading=\"lazy\" decoding=\"async\" src=\"https:\/\/scontent.fhex4-1.fna.fbcdn.net\/v\/t39.30808-6\/274127444_1392449967844134_8713887129742621853_n.jpg?stp=dst-jpg_s640x640&amp;_nc_cat=105&amp;ccb=1-5&amp;_nc_sid=730e14&amp;_nc_ohc=NbYzjbL6wZMAX-8LUBB&amp;_nc_ht=scontent.fhex4-1.fna&amp;oh=00_AT-LbQSnAx6fJtzS-jHQwZB1b9hy179qxLOUOI8-PfD3Gw&amp;oe=621C7C8B\" alt=\"Peut \u00eatre une image de 1 personne et texte qui dit \u2019\u3051 Les footballeuses de l'\u00e9quipe nationale am\u00e9ricaine vont toucher le m\u00eame salaire que l'\u00e9quipe masculine.\u2019\" width=\"400\" height=\"500\"\/><figcaption><sub>il reste encore toutes les autres professions. Gr\u00e8ve f\u00e9ministe le 8 mars !<\/sub><\/figcaption><\/figure>\n\n\n\n<p>Analyse<\/p>\n\n\n\n<p><a href=\"https:\/\/www.francetvinfo.fr\/societe\/ivg\/infographies-statut-juridique-delais-conditions-on-a-dresse-un-etat-des-lieux-de-l-acces-a-l-ivg-en-europe_4876173.html\">Statut juridique, d\u00e9lais, conditions&#8230; Etat des lieux de l&rsquo;acc\u00e8s des femmes \u00e0 l&rsquo;IVG en Europe<\/a> (France Info)<\/p>\n\n\n\n<p><a href=\"https:\/\/lanticapitaliste.org\/actualite\/feminisme\/greve-feministe-la-deferlante-pour-legalite\">Gr\u00e8ve f\u00e9ministe, la d\u00e9ferlante pour l\u2019\u00e9galit\u00e9<\/a> -Josette Trat<\/p>\n\n\n\n<p><a href=\"https:\/\/www.francetvinfo.fr\/societe\/ivg\/allongement-du-delai-de-l-ivg-un-moment-historique-salue-la-co-presidente-du-planning-familial_4977594.html\">Allongement du d\u00e9lai de l&rsquo;IVG : \u00ab\u00a0Un moment historique\u00a0\u00bb, salue la co-pr\u00e9sidente du Planning familial<\/a> (France Info)<\/p>\n\n\n\n<p><a href=\"https:\/\/entreleslignesentrelesmots.blog\/2022\/02\/11\/annees-folles-annees-de-liberation-des-femmes\/\">Ann\u00e9es folles, ann\u00e9es de lib\u00e9ration des&nbsp;femmes<\/a> (Entre les mots)<\/p>\n\n\n\n<p><a href=\"https:\/\/entreleslignesentrelesmots.blog\/2022\/02\/03\/comment-la-distinction-entre-la-notion-de-sexe-biologique-et-celle-de-genre-est-effacee-par-les-discours-des-militant-es-transactivistes\/\">Distinction entre notion de sexe&nbsp;biologique et celle de genre effac\u00e9e par discours transactivistes<\/a> (Entre les mots)<\/p>\n\n\n\n<p><a href=\"https:\/\/entreleslignesentrelesmots.blog\/2022\/02\/11\/annees-folles-annees-de-liberation-des-femmes\/\">Ann\u00e9es folles, ann\u00e9es de lib\u00e9ration des&nbsp;femmes<\/a> (Entre les mots)<\/p>\n\n\n\n<p><a href=\"https:\/\/entreleslignesentrelesmots.blog\/2022\/02\/03\/comment-la-distinction-entre-la-notion-de-sexe-biologique-et-celle-de-genre-est-effacee-par-les-discours-des-militant-es-transactivistes\/\">Distinction entre notion de sexe&nbsp;biologique et celle de genre effac\u00e9e par discours transactivistes<\/a> (Entre les mots)<\/p>\n\n\n\n<p><a href=\"https:\/\/www.revue-salariat.fr\/index.php\/2021\/03\/26\/aux-masques-citoyennes-melange-des-genres-productifs-en-regime-d-exception\/\">Aux masques citoyennes&nbsp;! M\u00e9lange des genres productifs en r\u00e9gimes d\u2019&nbsp;\u00abexception\u00bb<\/a> (Salariat) X<\/p>\n\n\n\n<p><a href=\"https:\/\/www.franceinter.fr\/emissions\/affaires-sensibles\/affaires-sensibles-23-decembre-2019\">Simone de Beauvoir : l&rsquo;Amour en Deux <\/a>(Affaires Sensibles)<\/p>\n\n\n\n<p><mark style=\"background-color:rgba(0, 0, 0, 0);color:#a30004\" class=\"has-inline-color\"><strong><strong><mark style=\"background-color:rgba(0, 0, 0, 0);color:#f20509\" class=\"has-inline-color\">23 F\u00e9vrier en continu<\/mark><\/strong><\/strong><\/mark><\/p>\n\n\n\n<p><strong><a href=\"https:\/\/solidaires.org\/Pour-que-ce-8-mars-soit-une-grande-deferlante-Greve-feministe-26534\">Pour que ce 8 mars soit une grande d\u00e9ferlante ! Gr\u00e8ve f\u00e9ministe !<\/a> (Solidaires)<\/strong><\/p>\n\n\n\n<p><a href=\"https:\/\/info.mediapart.fr\/optiext\/optiextension.dll?ID=KghKcK5%2BA9GTezsNGbUkfsaoWZ_fdq0SHiihrYiBDa1kRueuTVMqkSdJ0d9bjXNi2ISaz25E1CJKgEM4z37XkJyEgZYmV\">\u00c0 Nice, l\u2019audition cauchemardesque d\u2019une jeune plaignante pour viol<\/a> (MDP)<\/p>\n\n\n\n<p><a href=\"https:\/\/france3-regions.francetvinfo.fr\/bretagne\/pres-d-une-centaine-de-collectifs-participe-a-une-rencontre-nationale-feministe-a-rennes-2430364.html\">Pr\u00e8s d&rsquo;une centaine de collectifs participe \u00e0 une rencontre nationale f\u00e9ministe \u00e0 Rennes<\/a>  (France 3)<\/p>\n\n\n\n<figure class=\"wp-block-image is-resized is-style-default\"><img data-recalc-dims=\"1\" loading=\"lazy\" decoding=\"async\" src=\"https:\/\/i0.wp.com\/mamot.fr\/system\/cache\/media_attachments\/files\/107\/807\/567\/012\/822\/190\/original\/6aed3c9452fa02b5.jpg?resize=460%2C477&#038;ssl=1\" alt=\"\" width=\"460\" height=\"477\"\/><\/figure>\n\n\n\n<p>Monde<\/p>\n\n\n\n<p><a href=\"https:\/\/capiremov.org\/fr\/experiences\/honduras-organisation-feministe-et-populaire-pour-changer-un-pays-meurtri-et-endette\/\">Honduras : organisation f\u00e9ministe et populaire pour changer un pays meurtri et endett\u00e9<\/a> (Capire)<\/p>\n\n\n\n<p><a href=\"https:\/\/capiremov.org\/fr\/entrevue\/sultana-khaya-malgre-les-persecutions-les-femmes-sahraouies-nont-pas-cesse-de-reclamer-la-liberte-et-lindependance\">Sultana Khaya : Les femmes sahraouies n&rsquo;ont pas cess\u00e9 de r\u00e9clamer la libert\u00e9 et l&rsquo;ind\u00e9pendance<\/a> (Capire)<\/p>\n\n\n\n<p><a href=\"https:\/\/www.futura-sciences.com\/planete\/actualites\/rechauffement-climatique-inegalites-hommes-femmes-impactent-planete-96032\">R\u00e9chauffement climatique&nbsp;: Les in\u00e9galit\u00e9s hommes-femmes impactent la plan\u00e8te<\/a> (Futura-Sciences)<\/p>\n\n\n\n<p><a href=\"https:\/\/www.courrierinternational.com\/article\/lgbtqi-deux-hommes-executes-en-iran-pour-homosexualite\">Deux hommes execut\u00e9s en Iran pour homosexualit\u00e9<\/a> (Courrier international)<\/p>\n\n\n\n<p>Analyse<\/p>\n\n\n\n<p><a href=\"https:\/\/www.humanite.fr\/culture-et-savoirs\/photographie-limage-redoree-des-femmes-artistes-739239#xtor=RSS-1\">Photographie. L\u2019image redor\u00e9e des femmes artistes<\/a> (L\u2019Humanit\u00e9)<\/p>\n\n\n\n<p><a href=\"https:\/\/entreleslignesentrelesmots.blog\/2022\/02\/16\/deviriliser-le-monde-une-urgence\/\">D\u00e9viriliser le monde, une&nbsp;urgence<\/a> (Entre les mots)<\/p>\n\n\n\n<p><a href=\"https:\/\/www.lemonde.fr\/societe\/article\/2022\/01\/17\/je-vais-vous-raconter-ma-vie-de-pede-le-temoignage-de-l-un-des-derniers-francais-condamnes-pour-homosexualite_6109746_3224.html\">T\u00e9moignage de l\u2019\u2019un des derniers Fran\u00e7ais condamn\u00e9s pour homosexualit\u00e9<\/a> (Le Monde)<\/p>\n\n\n\n<p><a href=\"https:\/\/www.humanite.fr\/medias\/television\/epouses-dagriculteurs-une-vie-de-luttes-739252#xtor=RSS-1\">\u00c9pouses d\u2019agriculteurs, une vie de luttes<\/a> (L\u2019Humanit\u00e9)<\/p>\n\n\n\n<p><a href=\"https:\/\/entreleslignesentrelesmots.blog\/2022\/02\/19\/lechec-de-la-justice-francaise-face-aux-enfants-victimes-de-violences-sexuelles\/\">L\u2019\u00e9chec de la justice fran\u00e7aise face aux enfants victimes de violences&nbsp;sexuelles<\/a> (Entre les mots)<\/p>\n\n\n\n<p><a href=\"https:\/\/info.mediapart.fr\/optiext\/optiextension.dll?ID=KghKcu7w6rnuUdOL_WjzNdH9zbuBK0T_Fff9x8CQc_00PxNuTgchVDdxgvuTUi88Uy6oEkSvhZBla6HSr4lC9EoJdBX8j\">Le combat pour l&rsquo;avortement : Marie-Claire Chevalier et le proc\u00e8s de Bobigny (1)<\/a> -Sylvia Duverger<\/p>\n\n\n\n<p><a href=\"https:\/\/rapportsdeforce.fr\/classes-en-lutte\/racisme-et-sexisme-au-travail-des-luttes-qui-simposent-dans-les-conflits-sociaux-022212816\">Racisme et sexisme au travail : des luttes qui s\u2019imposent dans les conflits sociaux <\/a>(Rapports de Force)<\/p>\n\n\n\n<p><a href=\"https:\/\/info.mediapart.fr\/optiext\/optiextension.dll?ID=KghKawG4fLY6y7L8yMXdF50I2i96rA0CnNK0FI1Mbng3oXe0SPx1zEgcG%2BdPTD5b7yUshSQdl0CYiRsM0bUT%2BUOYgdjSY\">Repenser #MeToo au prisme du langage<\/a> (Di\u00e8ses)<\/p>\n\n\n\n<p><mark style=\"background-color:rgba(0, 0, 0, 0);color:#a30004\" class=\"has-inline-color\"><strong><strong><mark style=\"background-color:rgba(0, 0, 0, 0);color:#f20509\" class=\"has-inline-color\">22 F\u00e9vrier en continu<\/mark><\/strong><\/strong><\/mark><\/p>\n\n\n\n<p><strong><a href=\"https:\/\/www.instagram.com\/p\/CaPZl9OA8Pa\/?utm_medium=copy_link\">Appel \u00e0 la marche de nuit le 7 mars 2022 \u00e0 Paris Op\u00e9ra \u2013 18h<\/a> (Coordination f\u00e9ministe)<\/strong><\/p>\n\n\n\n<p><strong><a href=\"http:\/\/www.supap-fsu.org\/2022\/02\/communique-des-unions-regionales-cgt\/fsu\/solidaires-le-8-mars-toutes-et-tous-en-greve-et-en-manifestation-rdv-a-13h30-a-gare-du-nord\">8 mars, toutes et tous en gr\u00e8ve et en manifestation ! RDV \u00e0 13h30 \u00e0 Gare du Nord<\/a> -(CGT-FSU- Solidaires)<\/strong><\/p>\n\n\n\n<p><strong><a href=\"https:\/\/75.snuipp.fr\/?Ensemble-en-greve-feministe-le-8\">Ensemble, en gr\u00e8ve f\u00e9ministe le 8 mars&nbsp;!<\/a> SNUipp-FSU Paris<\/strong><\/p>\n\n\n\n<p><a href=\"https:\/\/lecourrier.ch\/2022\/02\/20\/viol-un-petit-pas-en-faveur-des-victimes\/\">Viol: un petit pas en faveur des victimes<\/a> (Le Courrier)&nbsp;<\/p>\n\n\n\n<p><a href=\"https:\/\/www.humanite.fr\/societe\/violences-faites-aux-femmes\/nantes-proces-des-colleuses-elles-denoncent-les-violences-faites#xtor=RSS-1\">Nantes. Elles d\u00e9noncent les violences faites aux femmes et se retrouvent sur le banc des accus\u00e9s<\/a> (L\u2019Huma)&nbsp;<\/p>\n\n\n\n<p><a href=\"https:\/\/info.mediapart.fr\/optiext\/optiextension.dll?ID=F98F45pxXLS20AGd22ohmDl53nSWNT8GTy0ZcbFSTW8NlGDpwDTruRNwVXNKAaCuAAOgAWug3dK35f5k8NwwhYl97pG%2B4\">Le #MeTooPolitique accentue sa pression sur les partis<\/a> (MDP)<\/p>\n\n\n\n<p><a href=\"https:\/\/solidairesparis.org\/IMG\/pdf\/8-mars-2022.pdf\">Pour que ce 8 mars soit une grande d\u00e9ferlante&nbsp;! Gr\u00e8ve f\u00e9ministe&nbsp;!<\/a> Solidaire<\/p>\n\n\n\n<p><a href=\"https:\/\/www.humanite.fr\/monde\/philippines\/la-femme-du-jour-maria-natividad-castro-739019#xtor=RSS-1\">La femme du jour. Maria Natividad Castro<\/a> (L\u2019Humanit\u00e9)&nbsp;<\/p>\n\n\n\n<p><a href=\"https:\/\/capiremov.org\/fr\/analyse\/2022-une-annee-decisive-radicaliser-le-feminisme-transformer-le-bresil\/\">2022, une ann\u00e9e d\u00e9cisive : radicaliser le f\u00e9minisme, transformer le Br\u00e9sil<\/a>, Nalu Faria (Capire)<\/p>\n\n\n\n<p>Analyse<\/p>\n\n\n\n<p><a href=\"https:\/\/www.lesnouvellesnews.fr\/table-de-de-dirigeants-la-photo-qui-ne-passe-plus\/\">Table de dirigeants : la photo qui ne passe plus<\/a> (Les Nouvelles News)<\/p>\n\n\n\n<p><a href=\"https:\/\/www.huffingtonpost.fr\/entry\/violences-conjugales-ont-touche-plus-dun-quart-des-femmes_fr_620e1660e4b0685128b24124\">Les violences conjugales ont touch\u00e9 plus d\u2019un quart des femmes<\/a> (Huffingtonpost)<\/p>\n\n\n\n<p><a href=\"https:\/\/europe-solidaire.us8.list-manage.com\/track\/click?u=5c732dd5ee65845cf20fd724a&amp;id=3458af7891&amp;e=5df9c98670\">Services publics : un enjeu pour l&rsquo;\u00e9galit\u00e9 entre les femmes et les hommes<\/a>&nbsp; -Attac France (commission Genre)<\/p>\n\n\n\n<p><a href=\"https:\/\/www.huffingtonpost.fr\/entry\/femmes-et-gaming-il-est-temps-den-finir-avec-les-stereotypes-degradants_fr_620be2ede4b04af87f43d7b0\">Femmes et gaming&nbsp;: il est temps d\u2019en finir avec les st\u00e9r\u00e9otypes d\u00e9gradants<\/a> (Huffingtonpost)<\/p>\n\n\n\n<p><a href=\"https:\/\/www.numerama.com\/politique\/857967-podcast-les-reseaux-sociaux-sont-ils-lennemi-du-feminisme.html\">Les r\u00e9seaux sociaux sont-ils l\u2019ennemi du f\u00e9minisme&nbsp;?<\/a> (Numerama)<\/p>\n\n\n\n<p><a href=\"https:\/\/www.reseau-salariat.info\/podcasts\/voix_femmes\/\">Les femmes ont de la voix (\u00e9pisode 22)&nbsp;: La R\u00e9volution par le salaire&nbsp;? Paroles de militantes&nbsp;!<\/a> (R\u00e9seau salariat)<\/p>\n\n\n\n<p><a href=\"https:\/\/www.humanite.fr\/medias\/television\/une-femme-honnete-na-pas-de-plaisir-738109\">\u00ab&nbsp;Une femme honn\u00eate n\u2019a pas de plaisir&nbsp;\u00bb<\/a>-s\u00e9rie documentaire (Huma)<\/p>\n\n\n\n<p><a href=\"https:\/\/www.lesnouvellesnews.fr\/contre-la-drogue-du-violeur-cibler-les-victimes-ou-les-violeurs\/\">Contre la \u00ab drogue du violeur \u00bb : cibler les victimes ou les violeurs ?<\/a> (Les Nouvelles News)<\/p>\n\n\n\n<p><a href=\"https:\/\/lecourrier.ch\/2022\/02\/21\/chattologie-dedramatise-les-menstruations\/\">Chattologie d\u00e9dramatise les menstruations<\/a>(Le Courrier)<\/p>\n\n\n\n<p><a href=\"http:\/\/editionslibertalia.com\/blog\/entretien-avec-elsa-dorlin-mouvement-220217\">Les \u00e9ditions Libertalia : Entretien avec Elsa Dorlin dans Mouvement<\/a> (Centre International de Culture Populaire)&nbsp;<\/p>\n\n\n\n<p><a href=\"https:\/\/positivr.fr\/victoria-secrets-associe-mannequin-grande-taille-remi-bader-diversifie-catalogue\/\">Victoria secrets associe la mannequin grande taille Remi Baderet diversifie son catalogue<\/a> (PositivR)<\/p>\n\n\n\n<p><mark style=\"background-color:rgba(0, 0, 0, 0);color:#a30004\" class=\"has-inline-color\"><strong><strong><mark style=\"background-color:rgba(0, 0, 0, 0);color:#f20509\" class=\"has-inline-color\">21 F\u00e9vrier en continu<\/mark><\/strong><\/strong><\/mark><\/p>\n\n\n\n<p><a href=\"https:\/\/www.francetvinfo.fr\/replay-radio\/le-monde-est-a-nous\/le-lent-acces-des-femmes-au-travail-en-arabie-saoudite-28000-candidates-ont-postule-pour-30-postes-de-conductrices-de-train_4941828.html\" title=\"Le lent acc\u00e8s des femmes au travail en Arabie Saoudite\">Le lent acc\u00e8s des femmes au travail en Arabie Saoudite<\/a> (F.I)<\/p>\n\n\n\n<p>\u00ad<a href=\"https:\/\/entreleslignesentrelesmots.blog\/2022\/02\/10\/nous-sommes-ici-pour-dire-assez-nous-ne-devons-plus-accepter-la-violence-et-limpunite\/\">Nous sommes ici pour dire \u00ab&nbsp;Assez&nbsp;! Nous ne devons plus accepter la violence et l\u2019impunit\u00e9 !&nbsp;\u00bb<\/a> (Entre les mots)<\/p>\n\n\n\n<p><a href=\"https:\/\/entreleslignesentrelesmots.blog\/2022\/02\/20\/blocage-contre-le-projet-minier-dantakori-les-femmes-et-les-communautes-peruviennes-en-resistance\/\">Blocage contre le projet minier d\u2019AntaKori&nbsp;: femmes et communaut\u00e9s <strong>p\u00e9ruviennes<\/strong> en&nbsp;r\u00e9sistance<\/a> (Entre les mots)<\/p>\n\n\n\n<p>Analyse<\/p>\n\n\n\n<p><a href=\"https:\/\/labogue.info\/spip.php?article1225\">A propos de la culture du viol en ultragauchie<\/a> (La Bogue) <\/p>\n\n\n\n<p><a href=\"https:\/\/www.telos-eu.com\/fr\/societe\/les-femmes-sont-elles-lavenir-de-lhomme.html\">Les femmes sont-elles l\u2019avenir de l\u2019homme?<\/a> (T\u00e9los)<\/p>\n\n\n\n<p><a href=\"http:\/\/www.slate.fr\/story\/223512\/contraception-testiculaire-masculine-temoignages-anneau-slip-chauffant-vasectomie-pilule-hormones-injections\">La contraception masculine racont\u00e9e par ceux qui la pratiquent<\/a> (Slate)<\/p>\n\n\n\n<p><a href=\"https:\/\/entreleslignesentrelesmots.blog\/2022\/02\/09\/andree-michel-cent-un-ans-de-resistance-et-une-mort\/\">Andr\u00e9e Michel&nbsp;: cent-un ans de r\u00e9sistance et une&nbsp;mort<\/a> (Entre les mots)<\/p>\n\n\n\n<p><a href=\"http:\/\/www.slate.fr\/story\/223554\/bonnes-feuilles-mozart-etait-une-femme-aliette-de-laleu-stock-compositrice-musique?utm_source=ownpage&amp;utm_medium=newsletter&amp;utm_campaign=hebdo_20220220&amp;_ope=eyJndWlkIjoiOThhZjk5NzYyMzEyNGEyZDhhYjg2NDk3NTJhYjNhMTYifQ%3D%3D\">Dans l&rsquo;ombre de Mozart, sa s\u0153ur Maria Anna, compositrice emp\u00each\u00e9e<\/a>, (Slate)<\/p>\n\n\n\n<p><mark style=\"background-color:rgba(0, 0, 0, 0);color:#a30004\" class=\"has-inline-color\"><strong><strong><mark style=\"background-color:rgba(0, 0, 0, 0);color:#f20509\" class=\"has-inline-color\">20 F\u00e9vrier en continu<\/mark><\/strong><\/strong><\/mark><\/p>\n\n\n\n<p><a href=\"https:\/\/newsletter.liberation.fr\/m\/surl\/200138\/514770\/059gP45AnYTIvyRassWglnFKF-B12viezBEiZxMr5xU=\/link_4\/YHmliuBm+3OAZcT3gOtpaneAMD8EGJHnQ3woY6jh+peaViDZeyhOvqcIb0DZ+mJK7v6yfvB7Ojxtugmi3IGToIPIhkArc1rBWw6gcJU77MyRgGMlgX0MwMwDqJuzZ4Wje0ksEmuC+KpUKY-y2QyzKQt5d2Q+Mx1Ss-fj2Mgrzj6OjclWKyhcelLqsMTpRtU7On1lYzkEWyxocd1+NsgDICnYRiKSpzRnfiF1fVpbCmpAP9FhBAhSwf2qgQ3ol73uGU6aoppEP3GKYXYtT+6XsPvJysrjCuxJZDrGH9x07+jLKelFkaNdhqycb-RBzpUfCr48qJKp8yUcydv0g5cG8XFksuCAB5Fmq7fFwrHe37foo8eKSQYnSWdHpE2wGnCGiW8xPWclwlvPpD2IbkQCJ3Hw5rXqgTr5w5fys4sJKtDtDxhzLSH912KHKjfwnBZklQ7KkCQLeHJTTPI7Qk5Xhg==\">Apr\u00e8s le Z\u00e9nith surjou\u00e9 de P\u00e9cresse, les femmes politiques caricatur\u00e9es en mauvaises oratrices<\/a> (Lib\u00e9)<\/p>\n\n\n\n<p><a href=\"https:\/\/newsletter.liberation.fr\/m\/surl\/200138\/514770\/059gP45AnYTIvyRassWglnFKF-B12viezBEiZxMr5xU=\/link_16\/Mb9PBh-cw0ZqQc-b6LuuVBZqA0Wc+0J8Rgc+3Hm-KWfmQUs7h8VUn-xGETE8pIfzezI4Pm0s3AD09HXgZG3C84TZsg-WR4Z5YsZ3bA4-j-Uzqx8yhQGiLLyCu11EnvCmiWGbW4hRmPFUfsXRftKU+QrixUNs-zsEWpp9IoVqyBLZJ1-pIcKhK6liuyCRsa+I8Pyq6hD1maekrjvTuiQSg+ohLmZyGh8Yl7J6v+-o8Z8k2i5f8uvGUI8I5uM1KPeW2ZwaQs4TgFKMPXMCCxOIEclOpLa2YVwRivl1DYZ4QF6cHnp-GfNs0a741+lwXge4IwGOHOvgNzyuV5jeH8Ef+XQ5B2kTzD3mIf5qoAt-XbZCFW2wAZ5JB3QZeGw1Z0JCKJZq8T99nishbSVIcb8VgGCuIL3AlgGg45MqNqcmh7jwiUmr8XeWopKGhEOp5WddmTm-3hF0RzFn7dhoKvYaKA==\">Proc\u00e8s en appel du f\u00e9minicide d&rsquo;A\u00efssatou Sow: \u00abJe ne comprends pas pourquoi on doit encore \u00eatre ici\u00bb <\/a>(Lib\u00e9)<\/p>\n\n\n\n<p><a href=\"https:\/\/www.francetvinfo.fr\/monde\/usa\/affaire-jeffrey-epstein\/affaire-epstein-l-ancien-agent-de-mannequins-francais-jean-luc-brunel-mis-en-examen-pour-viols-sur-mineurs-retrouve-mort-dans-sa-cellule_4970463.html\">Ancien agent mannequins Brunel, mis en examen pour \u00ab\u00a0viols sur mineures\u00a0\u00bb, trouv\u00e9 mort en prison<\/a> (France Info)<\/p>\n\n\n\n<p><a href=\"https:\/\/www.francetvinfo.fr\/societe\/feminicides\/feminicide-a-paris-un-appel-a-temoin-lance-pour-retrouver-le-policier-soupconne_4954230.html\">F\u00e9minicide \u00e0 Paris : nouvel appel \u00e0 t\u00e9moin lanc\u00e9, avec de nouvelles photos, pour retrouver le policier <\/a>(France Info)<\/p>\n\n\n\n<p><a href=\"https:\/\/rapportsdeforce.fr\/breves\/a-nantes-le-collectif-de-collages-feministes-sur-le-banc-des-accuses-021912754\">\u00c0 Nantes, le collectif de collages f\u00e9ministes sur le banc des accus\u00e9s<\/a> (Rapports de Force)<\/p>\n\n\n\n<p><a href=\"https:\/\/email.mg2.substack.com\/c\/eJw9kUuO5CAMhk9T7BIBIWmyYDGbuUbkgJOiJwGGR0_n9u1USSNZFjb-beuzhYp7zJdJsVR2u6VeCU3Af-XAWjGzVjAv3hmhPsTHPA_MGeWEHjXzZdky4gn-MDU3ZKmth7dQfQy3Qg7zxDl7GimAu4HPHPg6qY2yFmGd9boqoaV078HQnMdg0eAX5isGZId51prKY_j1kL_JLCSf8Yxffcw7xVsmh98J80tYKHrG4FqG0lEFBF9ey3Qbnp6Cih3WLsXUDqBG9Gq5s08IO-auhS7BVboTW67Z35UY3M2A2jJvJJdkQgs1TlL1sh_5pLmGEa1FqVfbn-g_c-R_H4qfu-xLW0sF-6e38WTZfJ5ro52ao28bqTEefcDau3hzW6jobMHXa8EA64HujbS-L_OCvOwYMNPF3ALViEmNYp6EnkYxvAkSc6VnrcZBM5ruIqmC-U9tyxAs-PIDELCtpA\"><strong>Honduras<\/strong> : organisation f\u00e9ministe et populaire pour changer un pays meurtri et endett\u00e9<\/a> (Capire)<\/p>\n\n\n\n<p><strong><a href=\"https:\/\/www.franceameriquelatine.org\/equateur-deputes-adoptent-texte-avortement-viol-temps-afp\/\">En \u00c9quateur, les d\u00e9put\u00e9s adoptent un texte sur l\u2019avortement en cas de viol <\/a>(Le Temps \/ AFP)<\/strong><\/p>\n\n\n\n<p><a href=\"https:\/\/newsletter.liberation.fr\/m\/surl\/200138\/514770\/059gP45AnYTIvyRassWglnFKF-B12viezBEiZxMr5xU=\/link_7\/l5u0M3lDL55fEY1h5SHqPHRhK+ocLztI3O-2yT2XwX7yb2f9N+w9oJ4WNJOkI0F4Hm9fDWY+xHki70gGvwmSk5ceHxxx4FxsSz+-AC+HdLLL6RhZKsaCvV-3ozeWGI924t-qs-cw0nEIuY6AKGWMZr67uQf+bnyiJk9C-nrYjmA-nKJVGk0-DDU7DyF3JJQp9jwEzhePrGXUT2bEf93DdAS8U9jbyxPFxS1CjZlaJ+G7xiNKBAnGK330o9N-kvlgF0sedSVShgxntzwiELJLX1lnLbwE7Bm56qz6Sb4P2G50V127fQttjUg0CvYFLGGluzKiPj50mEZCmIQKZRtCuKm7T6ROo8w3hBI3oO7vH1C8tghjLlletm-4BsquQK+DnOZT0guRgXAEzvn9DjZg9S7RFlf8aTNPU9AKBt6USXt-v207JuzaaC7M2cP5daKmOflduOh+t8Q3An+pwOK6o5nbfDlfDDsfkKfx3N6fI2E=\"><strong>Etats-Unis<\/strong>: le S\u00e9nat adopte une loi pour faciliter les plaintes pour harc\u00e8lement sexuel au travail <\/a>(Lib\u00e9)<\/p>\n\n\n\n<p>Analyse&nbsp;<\/p>\n\n\n\n<p><a href=\"https:\/\/newsletter.liberation.fr\/m\/surl\/200138\/514770\/059gP45AnYTIvyRassWglnFKF-B12viezBEiZxMr5xU=\/link_20\/VPn1WBOVh59UzTxbPMaeyqQ+ThjpuReC+zLZ2YYEkNlED1IXyhKyy-ZUybIf-uY0WhDJtMhTMV5nf3uv0mTj1GA46Oqif-YzTH27mUd8WovnPBaCX44CPH2HwKomZtWD7j5cI7PL+WWCn51-Pzvs0GJ+3Q2k0pnhwPiEGkpJNBL1EFnXOkNjNZIsetrHahWMYHfdPFFckOmrtwZZm2BWHihflXk7K5JZed4+IeqM-j-3ajugFSYQE3vX4WG-Ml4AEajIlKWeLD9FzOjju94BzP6emnp93RnmjTmmcPZj2Gph0Fb6ZdZqoVu6zc0PmExhoBJRA5V2M3MP1WQmGK6uZXG-KaJUri89wM+wcZun15nE+AgvV+C9wk-ji5xw2cXP\">Laure de Chantal, d\u00e9esse soit lou\u00e9e <\/a>(Lib\u00e9)<\/p>\n\n\n\n<p><a href=\"https:\/\/newsletter.liberation.fr\/m\/surl\/200138\/514770\/059gP45AnYTIvyRassWglnFKF-B12viezBEiZxMr5xU=\/link_27\/28eD9OTGYWjgpH6+lkiDlOyQhZwkkRyDTbtTYu3oKgNEqlEs9n1-e0r303XkN7gkx1VFBoC5EPSY52PVApTJWxZ0KvnSEKFCpf8+MWllb499UZgEXDTa-TuXbCQh0ShYRR6rgHQ4Fk8gYV-d8cjfk5+YBBoyfJNe5oPjVgda793LvzBAYXQ9jY2yxhV5Nzpyj4KbqtI6TliSPr2CC9M-S6bfIVfax7ZnN52fMq15uFMPmO+OK-d-MglmqY1243D5BTovcpn2m+oM+qqK7Tdc4NfntGlq3VOQckS6OVAeDseSM4r+JvfOz6hP1X9qNF1VUNYOwT6JRWeinqQu5TYFW7me6D2U9nJ2Vuva-uExe5WZreZyxndsmO2CCncNyCEA\">Jamais seul dans son lit <\/a>(Lib\u00e9)<\/p>\n\n\n\n<p><a href=\"https:\/\/youtu.be\/gPBeezeJFz0\">Emmanuel Todd&nbsp;: La lutte des sexes aura-t-elle lieu&nbsp;?<\/a> (Sud Radio)Vid\u00e9o<\/p>\n\n\n\n<p><mark style=\"background-color:rgba(0, 0, 0, 0);color:#a30004\" class=\"has-inline-color\"><strong><strong><mark style=\"background-color:rgba(0, 0, 0, 0);color:#f20509\" class=\"has-inline-color\">19 F\u00e9vrier en continu<\/mark><\/strong><\/strong><\/mark><\/p>\n\n\n\n<p><a href=\"https:\/\/www.mediacites.fr\/enquete\/lille\/2022\/02\/18\/harcelement-sexuel-le-silence-de-linstitution-saint-jude-darmentieres-face-a-lalerte-dune-famille\/\">Harc\u00e8lement sexuel : le silence de l\u2019institution Saint-Jude d\u2019Armenti\u00e8res face \u00e0 l\u2019alerte d\u2019une famille<\/a> (Mediacit\u00e9s)&nbsp;<\/p>\n\n\n\n<p><a href=\"https:\/\/www.francetvinfo.fr\/societe\/feminicides\/feminicide-a-paris-ce-que-l-on-sait-du-policier-recherche-pour-le-meurtre-de-sa-compagne-et-de-sa-cavale_4968504.html\">Ce que l&rsquo;on sait du policier recherch\u00e9 pour le meurtre de sa compagne et de sa cavale<\/a> (France Info)<\/p>\n\n\n\n<p><a href=\"https:\/\/lecourrier.ch\/2022\/02\/18\/les-victimes-de-viol-seront-mieux-reconnues\/\"><strong>Suisse<\/strong>: Les victimes de viol seront mieux reconnues<\/a> (Le Courrier)&nbsp;<\/p>\n\n\n\n<figure class=\"wp-block-image is-style-default\"><img data-recalc-dims=\"1\" decoding=\"async\" src=\"https:\/\/i0.wp.com\/cqfd-journal.org\/local\/cache-vignettes\/L672xH448\/zzzrecadre1200soulcie_resultat-0637b.jpg?w=1200\" alt=\"\"\/><\/figure>\n\n\n\n<p>Analyse<\/p>\n\n\n\n<p><a href=\"https:\/\/dieses.fr\/a-gauche-le-sexisme-sexprime-de-maniere-detournee-entretien-avec-maud-le-rest\">\u00ab&nbsp;\u00c0 gauche, le sexisme s\u2019exprime de mani\u00e8re d\u00e9tourn\u00e9e&nbsp;\u00bb : entretien avec Maud Le Rest<\/a> (di\u00e8ses)<\/p>\n\n\n\n<figure class=\"wp-block-image is-resized is-style-default\"><img loading=\"lazy\" decoding=\"async\" src=\"https:\/\/encrypted-tbn0.gstatic.com\/images?q=tbn:ANd9GcTJoRZtlEJ9rwDNmQbvMhJFK9E4ZQqvTdvcUB3rMmevhtCOd9GgC0B-mESMJHsWEP3PYKU&amp;usqp=CAU\" alt=\"Humour\" width=\"434\" height=\"399\"\/><\/figure>\n\n\n\n<p>&nbsp;<\/p>\n\n\n\n<p><a href=\"http:\/\/r.newsletter.50-50magazine.fr\/mk\/cl\/f\/AQnjBoTyVkIAWc_RduBGq1m0W5rxrnbNhtKALabkGnnBLlJlxdC-UDzv-h1wr6eFDMX5ibNmtA4Awwxm_Xg6xtip1yXhGgA0zvfMwaB1Au6ADV3xUeU81I8Oin7nEsWkEppu1l4vWQSpR9hoydQp9yO26xLjynwyvhsTLZMS_lnw0UViw19pQEveZEfEdhZcYioeKMN2rTnxwjZppmzCdDgitTg1QrB1CHTGO-DoZQz52Olo22ZfAJYIFP7tMCVKhRPuM91D9onQFyKTgDPO4h-SWHoCOGCK\">L\u2019\u00e9rotisme dans l\u2019art. Hommage aux V\u00e9nus de l\u2019histoire&nbsp;<\/a> (50\/50)<\/p>\n\n\n\n<p><a href=\"https:\/\/www.humanite.fr\/culture-et-savoirs\/berlinale\/la-femme-du-jour-carla-simon-738859#xtor=RSS-1\">La femme du jour. Carla Simon<\/a> (L\u2019Humanit\u00e9)<\/p>\n\n\n\n<p><a href=\"http:\/\/r.newsletter.50-50magazine.fr\/mk\/cl\/f\/YpjPOo8vVQYVEfHdQxdvSV3NgVK4nDi_eVHeNM3MhAKdRFtkPQkCbd-7DReJxAwwmsZuaoXInT8IrQv7BLm8OjliYTFtRE9VPgYFO2uamN8CGPrFJM0WPZ5RVz4YqYF8z9AXbpJdvY0cEoRp5u4JNDsLq2A4P3pgNiUYLBotlX-r_fLYmt4GgKvo5gI2FSOsUVJzUSZBseD9ittWYfwxn6CkTTUtomhZORUmChypmI9IVYykKlLcN6570UI37uwOebmEuWpvVZOQ0OsMCcWFIcCWaEPMHot0\">Chronique l\u2019aire du psy : A propos de Luce Vigo<\/a> (50\/50)<\/p>\n\n\n\n<figure class=\"wp-block-image is-resized is-style-default\"><img loading=\"lazy\" decoding=\"async\" src=\"https:\/\/i1.wp.com\/www.50-50magazine.fr\/_19\/wp-content\/uploads\/2021\/11\/Portrait-Daniel-Novembre-2021-scaled.jpg?fit=650%2C497&amp;ssl=1\" alt=\"\" width=\"488\" height=\"373\"\/><\/figure>\n\n\n\n<p><a href=\"http:\/\/r.newsletter.50-50magazine.fr\/mk\/cl\/f\/FJaTw5M7M-JllzbLRtPnWeiXykSgPf6ob4ZP6rY6pKHi68Nf7mUb4LWnaS16ATDDcoGcSR-rLej6ULcFeyF82z1smfagSp-ODW6iXd8fPM03nnhoAH41P1YyTYAb3ARvPWtxSF5JS-I2ce_4UJzV_1SYxEE_skQft4b7OCQ2cQXmPkiugjrt_m9vJEGq9qMDpOac5-gtkWg9Ifd5CJkHyEKe8MV8FofkzoSNQSs7XsBvZSQUhav3BpFJzW0K5BSuuHxw-9tNztdVz5en7dkMTAxlqZxxgvEL2VH_6gGRaO1ick6j2e96U9-zbMC7_fjVrwCiO-iy\">Enqu\u00eate violences sexistes et sexuelles dans les \u00e9tudes de pharmacie<\/a> (50\/50)<\/p>\n\n\n\n<figure class=\"wp-block-image is-resized is-style-default\"><img loading=\"lazy\" decoding=\"async\" src=\"https:\/\/i0.wp.com\/www.50-50magazine.fr\/_19\/wp-content\/uploads\/2022\/02\/272882788_5294118960620726_575527279040746346_n.jpg?fit=650%2C366&amp;ssl=1\" alt=\"\" width=\"661\" height=\"372\"\/><\/figure>\n\n\n\n<p><a href=\"http:\/\/www.agirensemblecontrelechomage.org\/spip.php?article2614\">Mais qui a peur de l&rsquo;autonomie des femmes ?&nbsp;<\/a> (Agir ensemble contre le ch\u00f4mage)<\/p>\n\n\n\n<p><a href=\"https:\/\/www.francetvinfo.fr\/economie\/emploi\/chomage\/baisse-du-chomage-le-phenomene-vraiment-spectaculaire-concerne-les-jeunes-femmes-constate-un-economiste-du-cnrs_4968582.html\">Baisse du ch\u00f4mage : Le ph\u00e9nom\u00e8ne vraiment spectaculaire concerne les jeunes femmes<\/a> (France Info)<\/p>\n\n\n\n<p><mark style=\"background-color:rgba(0, 0, 0, 0);color:#a30004\" class=\"has-inline-color\"><strong><strong><mark style=\"background-color:rgba(0, 0, 0, 0);color:#f20509\" class=\"has-inline-color\">18 F\u00e9vrier en continu<\/mark><\/strong><\/strong><\/mark><\/p>\n\n\n\n<p><strong><a href=\"https:\/\/redir.ownpage.fr\/newsletter\/c413dbb8273c43f6\/eyJzIjoiNTUxNDhiM2IiLCJhciI6Im1hbnVhbF8xIiwidSI6IjIyNTA1Y2E5YjVmNDZmNzQ2ZWFjOWIxMmY3N2Q4ZDhlIiwidXIiOiJodHRwczovL3d3dy5zbGF0ZS5mci9hdWRpby9tYW5zcGxhaW5pbmcvZ2VyYWxkLWRhcm1hbmluLWNhLXZhLWJpZW4tc2UtcGFzc2VyLW1pc29neW5pZS1tYXNjdWxpbmlzdGVzLTgyP3V0bV9zb3VyY2U9b3ducGFnZSZ1dG1fbWVkaXVtPW5ld3NsZXR0ZXImdXRtX2NhbXBhaWduPWRhaWx5XzIwMjIwMjE3Jl9vcGU9ZXlKbmRXbGtJam9pTWpJMU1EVmpZVGxpTldZME5tWTNORFpsWVdNNVlqRXlaamMzWkRoa09HVWlmUSUzRCUzRCIsImciOiIxODY4OTciLCJwIjoiMTgifQ==\">Mansplaining &#8211; Non, G\u00e9rald Darmanin, \u00e7a ne va pas \u00abbien se passer\u00bb<\/a> (Slate)<\/strong><\/p>\n\n\n\n<p><a href=\"https:\/\/www.lesnouvellesnews.fr\/les-realisatrices-triomphent-au-festival-de-berlin\/\">Les r\u00e9alisatrices triomphent au festival de Berlin<\/a> (Les Nouvelles News)<\/p>\n\n\n\n<p>Analyse&nbsp;<\/p>\n\n\n\n<p><a href=\"https:\/\/entreleslignesentrelesmots.blog\/2022\/02\/16\/deviriliser-le-monde-une-urgence\/\">D\u00e9viriliser le monde, une&nbsp;urgence<\/a> (Entre les lignes)<\/p>\n\n\n\n<p><a href=\"https:\/\/info.mediapart.fr\/optiext\/optiextension.dll?ID=y67y_FvaNv6cfVK9nc_d56vJEXZaFMUjFSpBG%2BiKKonmWkROrcvhM%2BgysQTgmLkxXPBDJeV9t7TgV80c33nprBt5NkJan\">\u00ab Nous voulons des roses aussi&nbsp;\u00bb&nbsp;: trois r\u00e9cits intimes du f\u00e9minisme<\/a> (T\u00ebnk &amp; Mediapart)<\/p>\n\n\n\n<figure class=\"wp-block-image is-resized is-style-default\"><img data-recalc-dims=\"1\" loading=\"lazy\" decoding=\"async\" src=\"https:\/\/i0.wp.com\/mamot.fr\/system\/cache\/media_attachments\/files\/107\/763\/822\/607\/202\/858\/original\/92891c63e1735594.jpg?resize=420%2C323&#038;ssl=1\" alt=\"\" width=\"420\" height=\"323\"\/><\/figure>\n\n\n\n<p><a href=\"https:\/\/www.humanite.fr\/politique\/extreme-droite\/derriere-le-feminisme-dextreme-droite-entretien-avec-magali-della-sudda#xtor=RSS-1\">Derri\u00e8re le \u00ab f\u00e9minisme \u00bb d\u2019extr\u00eame droite : entretien avec Magali Della Sudda<\/a> (L\u2019Humanit\u00e9)<\/p>\n\n\n\n<p><a href=\"https:\/\/www.franceinter.fr\/emissions\/affaires-sensibles\/affaires-sensibles-02-novembre-2020\">L&rsquo;anarchiste Germaine Berton devenue meurtri\u00e8re pour venger Jaur\u00e8s <\/a>(Affaires Sensibles)<\/p>\n\n\n\n<figure class=\"wp-block-image is-resized is-style-default\"><img data-recalc-dims=\"1\" loading=\"lazy\" decoding=\"async\" src=\"https:\/\/i0.wp.com\/cdn.radiofrance.fr\/s3\/cruiser-production\/2020\/10\/0b806749-682e-49f9-8467-97cec91fd5ca\/1136_germaine_berton01011920_keystone_francegamma_rapho.jpg?resize=432%2C351&#038;ssl=1\" alt=\"1er janvier 1920, Germaine Berton\" width=\"432\" height=\"351\"\/><figcaption><em><sub>1er janvier 1920, Germaine Berton \u00a9 Getty \/ KEYSTONE FRANCE<\/sub><\/em><\/figcaption><\/figure>\n\n\n\n<p><mark style=\"background-color:rgba(0, 0, 0, 0);color:#a30004\" class=\"has-inline-color\"><strong><strong><mark style=\"background-color:rgba(0, 0, 0, 0);color:#f20509\" class=\"has-inline-color\">17 F\u00e9vrier en continu<\/mark><\/strong><\/strong><\/mark><\/p>\n\n\n\n<p><strong><a href=\"https:\/\/solidaires.org\/Pour-que-ce-8-mars-soit-une-grande-deferlante-Greve-feministe\">Pour que ce 8 mars soit une grande d\u00e9ferlante ! Gr\u00e8ve f\u00e9ministe !<\/a> (Solidaires)<\/strong><\/p>\n\n\n\n<p><a href=\"https:\/\/www.lesnouvellesnews.fr\/lequipe-de-campagne-demmanuel-macron-pas-tres-grande-cause\/\">L\u2019\u00e9quipe de campagne d\u2019Emmanuel Macron, pas tr\u00e8s \u00ab grande cause \u00bb<\/a>&nbsp;(Les Nouvelles News)<\/p>\n\n\n\n<p><a href=\"https:\/\/info.mediapart.fr\/optiext\/optiextension.dll?ID=tXWtWw8QHHMD7J1h2Xc7MAHO4KyMVOP68EHQhcnrNh3cvSqJBOwpSyEY4iT2NfaRqmkwh7%2B39u25aDF3hGlhbH5VEteBj\">Un magistrat jug\u00e9 pour avoir propos\u00e9 \u00e0 des inconnus de violer sa fille<\/a> (MDP)<\/p>\n\n\n\n<p>Analyse<\/p>\n\n\n\n<p><a href=\"https:\/\/solidaires.org\/Services-publics-un-enjeu-pour-l-egalite-entre-les-femmes-et-les-homme\">Services publics, un enjeu pour l&rsquo;\u00e9galit\u00e9 entre les femmes et les homme<\/a>s ( Solidaires)<\/p>\n\n\n\n<p><a href=\"https:\/\/www.euractiv.fr\/section\/non-discrimination\/news\/la-rhetorique-anti-lgbti-en-hausse-dans-toute-leurope\/\">La rh\u00e9torique anti-LGBTI en hausse dans toute l\u2019Europe<\/a> (Euractiv)<\/p>\n\n\n\n<p><a href=\"http:\/\/www.fakirpresse.info\/pas-de-presidentielle-sans-les-essentielles\">Pas de pr\u00e9sidentielle sans les essentielles !<\/a> (Fakir)<\/p>\n\n\n\n<p><a href=\"https:\/\/www.humanite.fr\/culture-et-savoirs\/cinema-japonais\/kinuyo-tanaka-la-cause-des-femmes-nipponnes-738441#xtor=RSS-1\">Kinuyo Tanaka, la cause des femmes nipponnes<\/a> (L&rsquo;Huma)<\/p>\n\n\n\n<figure class=\"wp-block-image is-resized is-style-default\"><img data-recalc-dims=\"1\" loading=\"lazy\" decoding=\"async\" src=\"https:\/\/i0.wp.com\/www.humanite.fr\/sites\/default\/files\/styles\/1200x675_full\/public\/images\/295567.HR.jpg?resize=586%2C329&#038;ssl=1\" alt=\"Maternit\u00e9 \u00e9ternelle, Fumiko s\u2019affranchit de son mari infid\u00e8le, auquel elle s\u2019est mari\u00e9e par convention. Carlotta Films\" width=\"586\" height=\"329\" title=\"\"\/><\/figure>\n\n\n\n<p><a href=\"https:\/\/www.euractiv.fr\/section\/sante-modes-de-vie\/news\/75-des-soins-en-europe-sont-effectues-par-des-femmes-non-remunerees\/\">75 % des soins en Europe sont effectu\u00e9s par des femmes non r\u00e9mun\u00e9r\u00e9es<\/a> (Euractiv)<\/p>\n\n\n\n<p><mark style=\"background-color:rgba(0, 0, 0, 0);color:#a30004\" class=\"has-inline-color\"><strong><strong><mark style=\"background-color:rgba(0, 0, 0, 0);color:#f20509\" class=\"has-inline-color\">16 F\u00e9vrier en continu<\/mark><\/strong><\/strong><\/mark><\/p>\n\n\n\n<p><a href=\"https:\/\/mediacoop.fr\/15\/02\/2022\/femmage-public-au-jardin-lecoq\/\" title=\"Clermond-Femmage public au jardin Lecoq\">Clermond-Femmage public au jardin Lecoq<\/a>(Medicoop)<\/p>\n\n\n\n<p><a href=\"https:\/\/info.mediapart.fr\/optiext\/optiextension.dll?ID=bJIbLGfFE6ZO_jDbwd4eSFPcGMZUrP0aNjUs9591iS24lqMrjDj8pT%2BxxYMeVoUHVcWh9yKo07Y1UoN20PxDI7TEKecj7\">\u00ab&nbsp;Grosse pute&nbsp;\u00bb&nbsp;: l\u2019insulte d\u2019un policier \u00e0 propos d\u2019une plaignante pour agression sexuelle<\/a> (MDP)<\/p>\n\n\n\n<p><a href=\"https:\/\/www.francetvinfo.fr\/monde\/usa\/affaire-jeffrey-epstein\/affaire-epstein-le-prince-andrew-trouve-un-accord-a-l-amiable-avec-virginia-giuffre-qui-l-accuse-d-agressions-sexuelles_4963317.html\">Le prince Andrew trouve accord avec Virginia Giuffre, qui l&rsquo;accuse d&rsquo;agressions sexuelles<\/a> (France Info)<\/p>\n\n\n\n<p><a href=\"https:\/\/www.mediapart.fr\/journal\/france\/150222\/chez-les-militantes-de-droite-ou-d-extreme-droite-il-y-un-usage-strategique-de-metoo\">Chez les militantes de droite ou d\u2019extr\u00eame droite, \u00abil y a un usage strat\u00e9gique de #Metoo\u00bb<\/a> (M\u00e9diapart)&nbsp;<\/p>\n\n\n\n<p><a href=\"https:\/\/www.lesnouvellesnews.fr\/genderswap-inverse-le-jeu-des-cliches-sexistes\/\">#GenderSwap inverse le jeu des clich\u00e9s sexistes<\/a> (Les Nouvelles News)&nbsp;<\/p>\n\n\n\n<p><a href=\"https:\/\/www.lesnouvellesnews.fr\/police-et-violences-sexistes-reactions-variables\/\">Police et violences sexistes, r\u00e9actions variables<\/a> (Les Nouvelles News)<\/p>\n\n\n\n<p><strong><a href=\"https:\/\/blogs.mediapart.fr\/jean-marc-b\/blog\/150222\/non-gerald-darmanin-ca-ne-va-pas-bien-se-passer\">Non G\u00e9rald Darmanin, \u00e7a ne va pas bien se passer <\/a>(L\u2019Anticapitaliste)<\/strong><\/p>\n\n\n\n<p><strong><a href=\"https:\/\/blogs.mediapart.fr\/georges-andre\/blog\/150222\/femmage-aux-assassinees-en-cinq-ans-de-quinquennat-macron\/commentaires#comment-11111059\">\u00ab&nbsp;Femmage&nbsp;\u00bb aux assassin\u00e9es en cinq ans de quinquennat Macron<\/a> (Georges-Andr\u00e9)<\/strong><\/p>\n\n\n\n<p>&nbsp;<a href=\"https:\/\/email.mg2.substack.com\/c\/eJw9kc2OpSAQhZ_mstPwd1UWLHozr2EQjjYzCA7g7fbth9smk5AKlaKqON-xpmJL-dJHKpW8w1yvAzriqwTUikzOgjx7p5kc2aiUIE5Lx6bnRHyZ1wzsxgdd8wlynEvw1lSf4ruDCzVQSj61AqXP0fFppNRQYSgVVoCtVFmKhfF7sTmdR7TQeCFfKYIE_VnrUR7i48F_tWPN4TP29OpT3lq-5hZMNOEqaDdOOe_OiM7ECHQO1hf_QpeNa78KvgnpAroVu4--7OhqNrGsKe93YckoPrRBxOv3LMrZkz3pxHjPe7lSM0lnnYCQixH93yMNQcXvh6T7xvtyLqUa-6e3aSdZ_96XM29NUivb5FAR-ojau_SmNLdH-xl9vWZEswS4G2C9ffhBOm-IyM0fN5uq2SClEuOg5DCpm1cjLKeJ_ljRtrvUuqL-z2ht4qzx5R8e76TV\">2022, une ann\u00e9e d\u00e9cisive : radicaliser le f\u00e9minisme, transformer le Br\u00e9sil<\/a> (Capire)<\/p>\n\n\n\n<figure class=\"wp-block-image is-resized is-style-default\"><img data-recalc-dims=\"1\" loading=\"lazy\" decoding=\"async\" src=\"https:\/\/i0.wp.com\/capiremov.org\/wp-content\/uploads\/2022\/02\/mmm.png?resize=426%2C284&#038;ssl=1\" alt=\"\" width=\"426\" height=\"284\"\/><\/figure>\n\n\n\n<p><mark style=\"background-color:rgba(0, 0, 0, 0);color:#a30004\" class=\"has-inline-color\"><strong><strong><mark style=\"background-color:rgba(0, 0, 0, 0);color:#f20509\" class=\"has-inline-color\">15 F\u00e9vrier en continu<\/mark><\/strong><\/strong><\/mark><\/p>\n\n\n\n<p><a href=\"https:\/\/mediacoop.fr\/11\/02\/2022\/paye-ton-cycle-sattaque-aux-injonctions-faites-aux-femmes\/\">#Paye ton cycle s\u2019attaque aux injonctions faites aux femmes<\/a> (mediacoop)<\/p>\n\n\n\n<p><a href=\"https:\/\/www.liberation.fr\/societe\/droits-des-femmes\/fiscalite-pensions-alimentaires-conge-paternite-cinq-propositions-pour-deviriliser-le-monde-20220212_VXV2BNK7IBEBNOE5A2CL6UKX3U\/\">Fiscalit\u00e9, pensions alimentaires, cong\u00e9 paternit\u00e9\u2026Cinq propositions pour \u00ab&nbsp;d\u00e9viriliser le monde&nbsp;\u00bb<\/a> (Lib\u00e9ration)<\/p>\n\n\n\n<p><strong><a href=\"https:\/\/video.blast-info.fr\/w\/iQwsuYPXHZqnjRR9M1zP63\">Co\u00fbt de la virilit\u00e9&nbsp;: comment les hommes ruinent la soci\u00e9t\u00e9<\/a> (video Blast)<\/strong><\/p>\n\n\n\n<p><a href=\"https:\/\/www.unioncommunistelibertaire.org\/?Entretien-Avorter-c-est-la-premiere-fois-que-tu-decides-pour-toi\">Entretien- \u00ab&nbsp;Avorter, c\u2019est la premi\u00e8re fois que tu d\u00e9cides pour toi&nbsp;\u00bb<\/a> (UCL)<\/p>\n\n\n\n<p><a href=\"https:\/\/www.humanite.fr\/politique\/sexisme\/bonne-saint-valentin-saint-valentin-un-sexisme-ordinaire-737480\">Saint-Valentin&nbsp;: un sexisme ordinaire&nbsp;?<\/a> (<a href=\"http:\/\/humanite.fr\">humanite.fr<\/a>)<\/p>\n\n\n\n<p><a href=\"https:\/\/www.liberation.fr\/societe\/sante\/endometriose-un-test-salivaire-pour-enfin-accelerer-le-diagnostic-20220212_P4Z3MOCJMVFLPN6HODQOHOMIEE\/\">Endom\u00e9triose&nbsp;: un test salivaire pour (enfin) acc\u00e9l\u00e9rer le diagnostic<\/a> (Lib\u00e9ration)<\/p>\n\n\n\n<p><a href=\"https:\/\/info.mediapart.fr\/optiext\/optiextension.dll?ID=z76z%2BNFQ3k582okgw0U6UOMSz39Y2PmTK5k0HEJvkO_XNsVjqXiWR57IIOIP8MG2L5BacFHZ_h_kaqMEJHnafhMRN3Ubh\">Jean-Jacques Bourdin, la face sombre de la star de RMC<\/a> (MDP)<\/p>\n\n\n\n<p><a href=\"https:\/\/www.lacledesondes.fr\/article\/elles-sont-mon-univers\">Elles sont mon univers<\/a> (La Cl\u00e9 des Ondes)<\/p>\n\n\n\n<p><a href=\"https:\/\/solidaires.org\/Sexime-au-travail-diffusez-les-tracts-de-SUD-Solidaires-54\">Sexisme au travail : diffusez les tracts de SUD-Solidaires 54<\/a> (Solidaires)<\/p>\n\n\n\n<p><mark style=\"background-color:rgba(0, 0, 0, 0);color:#a30004\" class=\"has-inline-color\"><strong><strong><mark style=\"background-color:rgba(0, 0, 0, 0);color:#f20509\" class=\"has-inline-color\">14 F\u00e9vrier en continu<\/mark><\/strong><\/strong><\/mark><\/p>\n\n\n\n<p><a href=\"https:\/\/www.euractiv.fr\/section\/sante-modes-de-vie\/news\/differences-entre-leurope-de-lest-et-de-louest-en-matiere-de-contraception\/\">Diff\u00e9rences entre <strong>l\u2019Europe<\/strong> de l\u2019Est et de l\u2019Ouest en mati\u00e8re de contraception<\/a> (Euractiv)<\/p>\n\n\n\n<p><a href=\"https:\/\/newsletter.liberation.fr\/m\/surl\/200138\/514678\/nA9HtCDrduNfyAmJba5FDXFKF-B12viezBEiZxMr5xU=\/link_4\/aKH-pee0hMC58pioNqtW9frOUTMAz+0kYF-oJjQsJenSnxBHo0RNMI9-I43INnF3nNmciWBVVRKnS4nbckI9kQHfrObfHErxJjiTSjx0rTM0jIx5I2yjyzh1pjupx+QhYU94FkkKrZEsMj5ZxYwJZVfnxP4h1sdeeBMhARqe6ekRIfK2Sa4IppWLfD3fk5FUIvPvbNY1B0F7P+lP2KMcL5n9vENMu3-HZ-TNj82vFCX0h1bMmOh35J4eyrLKj1FpJ4lbXfHffY0la1dOsQcad0ck-aorFktubkz+oAlwu5rZE5y-xzoZOrUxInJyrgwseXVTUCiO69YkK7wiAlgOiDMfgNJEb7R22XT638fnWEuGUL-6-95QHEf3i6W5gA2PLCb5DXqkf5ukmlKEzEaZlmqoj8feqotDEKwOEmY57MaDBtF90fKhQBtj7IovWsY6\">Victoire pour Claire, premi\u00e8re femme transgenre reconnue comme m\u00e8re par la justice<\/a> (Lib\u00e9)<\/p>\n\n\n\n<p><a href=\"https:\/\/newsletter.liberation.fr\/m\/surl\/200138\/514678\/nA9HtCDrduNfyAmJba5FDXFKF-B12viezBEiZxMr5xU=\/link_7\/nOM9mX0IlZ6u8qrO1OJkcj87bLMShU8Z1FZtwglk30U6-mJIeH2I9CkfOyJIH4lIH1p0lxj0NaAd7PaOIrPvErbmEndZOcheEaR4mdxvuOygpjaZFqLx1tHyqn37UpbpWRcMi8AGzouUzFQtiJxib+nnqjyReZDEega9pFRh3+9n4BVZ-IR57f7MN1FwmxiRdq65OXUBqp4MusIrv+xzyccBqJzYrFzaatwASEyzKoH56Dw7Cx5setiiVIMpZKEPCe7YY4rmiDV4hKVQRlCzEA7kwGlOrZ44bLTq07m5UlKQYf2CtPRmd79A2GBtTKMGE7CV+MLjb4cN5wOlpPbZIsCZyo9tYi2Xnl80Mc01nS5s8jRKIYdAvRrWhGMpj4XvPBXgic0+w-mjaApfPb1Wmw==\">Avec \u00abMy Body\u00bb, Emily Ratajkowski a voix au chapitre <\/a>(Lib\u00e9)<\/p>\n\n\n\n<figure class=\"wp-block-image is-resized is-style-default\"><img data-recalc-dims=\"1\" loading=\"lazy\" decoding=\"async\" src=\"https:\/\/i0.wp.com\/i.pinimg.com\/originals\/57\/10\/57\/571057bcfea0dbcbcdaf5438f0995bc3.jpg?resize=331%2C268&#038;ssl=1\" alt=\"571057bcfea0dbcbcdaf5438f0995bc3.jpg\" width=\"331\" height=\"268\"\/><\/figure>\n\n\n\n<p>Analyse<\/p>\n\n\n\n<p><a href=\"https:\/\/www.francetvinfo.fr\/monde\/usa\/grand-entretien-etats-unis-l-annee-2022-peut-elle-voir-le-droit-a-l-avortement-demantele-par-la-cour-supreme_4921225.html\"><strong>Etats-Unis<\/strong> : ann\u00e9e 2022 peut-elle voir le droit \u00e0 l&rsquo;avortement d\u00e9mantel\u00e9 par Cour supr\u00eame ?<\/a> (France Info)<\/p>\n\n\n\n<p><a href=\"https:\/\/video.blast-info.fr\/w\/e6YNnBNqYTcj7hBkp6wi4m\">Bienvenue chez les \u00e9veill\u00e9s (wokes), le\u00e7on d\u2019intersectionalit\u00e9<\/a> (vid\u00e9o Blast)<\/p>\n\n\n\n<p><a href=\"http:\/\/r.newsletter.50-50magazine.fr\/mk\/cl\/f\/nV1ImNqzNv-XUcDzET7AQkdI3VaYGheiKmoa0dYgstApEsLNk0Oxeu9Vzl3sdVX8V53g9TesejB63GJcptw6urs_O9ZoHxTJx4TMVWJEY-jKflhUMkngG1Plpk9-G4__0WCAfOksqsupoH9aiNMndsBt_5DF4_MAqiO7v9NnxlIyD5spV54Zcq92qbiO7-q70GDWouSvCF4HOl9LMS7rpKi12VnIqnA61E0w5tDVlh3cNt54tW5BOn8Zw1Q2YTBwbM_59cW5a7dp8An7v7vtPwzy1wKW\">Grenelle des violences conjugales<\/a> (50\/50)<\/p>\n\n\n\n<p><a href=\"https:\/\/www.franceinter.fr\/emissions\/affaires-sensibles\/affaires-sensibles-12-fevrier-2020\">Marthe Richard et la fermeture des maisons closes <\/a>(Affaires Sensibles)<\/p>\n\n\n\n<figure class=\"wp-block-image is-resized is-style-default\"><img data-recalc-dims=\"1\" loading=\"lazy\" decoding=\"async\" src=\"https:\/\/i0.wp.com\/cdn.radiofrance.fr\/s3\/cruiser-production\/2020\/02\/cbaf0102-5d06-45b0-b45a-9f4e3a57df59\/1136_gettyimages-104408266.jpg?resize=580%2C425&#038;ssl=1\" alt=\"A l'int\u00e9rieur d'une maison close \u00e0 Paris, circa 1930\" width=\"580\" height=\"425\"\/><figcaption><em><sub>A l&rsquo;int\u00e9rieur d&rsquo;une maison close \u00e0 Paris, circa 1930 \u00a9 Getty \/ Keystone-France<\/sub><\/em><\/figcaption><\/figure>\n\n\n\n<p><a href=\"https:\/\/newsletter.liberation.fr\/m\/surl\/200138\/514678\/nA9HtCDrduNfyAmJba5FDXFKF-B12viezBEiZxMr5xU=\/link_16\/gGZmeWsn2EOh-2tGxYf7kRE4pNOR2jgZ25FknpuLsVXAMReSXIWSJn7viwQenpzmkRpdy+OJvJCjo0-Gzn3MO79MiP-BMFUtEVh5SRoeHOMyLdRrRjj7WbnBeQMeMynIBUpljFIeh7+-2JUlM34+BYo9GoEYm+M9Zhx8XQ4Rgy0KrGAc992Ie08lBrh9J1PTsJHnwdtbTb4HGaMe0Yu-CKqXFc9VAgdAfQlaoNCIqbd9rpV+kr0ikbN5yTJAF4csOjOW1CfPk+VidCjrjzzRuaQqcDeagSOGzp5az5xWFQ78VwMREZs3oVrnwyXH4hVCFzlsUVFXYEbRfBJM1qZbrmFnWYm78zuz-i12BEnNbPDLq2dt2+S0-UnGstA7+ycr\">Dorothy Allison, \u00abTrash\u00bb sa route&nbsp;<\/a> (Lib\u00e9)<\/p>\n\n\n\n<p><mark style=\"background-color:rgba(0, 0, 0, 0);color:#a30004\" class=\"has-inline-color\"><strong><strong><mark style=\"background-color:rgba(0, 0, 0, 0);color:#f20509\" class=\"has-inline-color\">13 F\u00e9vrier en continu<\/mark><\/strong><\/strong><\/mark><\/p>\n\n\n\n<p><a href=\"https:\/\/www.francetvinfo.fr\/societe\/feminicides\/info-franceinfo-feminicide-a-paris-le-policier-fugitif-n-avait-plus-le-droit-de-ramener-son-arme-a-la-maison_4957488.html\">F\u00e9minicide \u00e0 Paris : le policier fugitif n&rsquo;avait plus le droit de ramener son arme \u00e0 la maison<\/a> (France Info<\/p>\n\n\n\n<p><a href=\"https:\/\/newsletter.liberation.fr\/m\/surl\/200138\/514678\/nA9HtCDrduNfyAmJba5FDXFKF-B12viezBEiZxMr5xU=\/link_13\/ITfvFu9z8ODJeeJUWbkQbDsfYksFPjJQhwEspTOKp4c+EwQ3j-ym4Fb+egFM0aRDwWi4H6C1IewS7a3iisuDjgBToPo1N-nRZtwTh845RoJ14my43UlJlC7PBsj-0DgeLMSGQUlVKKijo4krUfnkXJhzNDTdLx-oR19ffdSV2uLlGjxOmpAcX8SwNb8ai5uYutfa95O11o-D2iEE8b+uuMq0G4Qdw-5fLA+jlfhZRwZYBmyQfHhpwck6tS71dKGk4lQ2vRcvZZMc7xFfToKObRr7qAfxz4k9pCzLiO7PAkC3XqZBNwYyzfwaAayfocOJw6bUdIRuyvPva+2SumxikZCiazgj7GUqgxhbNXRcIsgWI+SB3QBdmulTSLcVro56QTW9U6ljnt5X-dyv4+5RQB5+SbnRBEou2Whzl+laFLRdtRoCgLSK2m8sPqIWTtw57C+UY7WM9Kn6WvBy1w+Mqw==\">Pr\u00e9sidentielle : sept associations f\u00e9ministes appellent \u00e0 \u00abun plan d&rsquo;urgence pour l&rsquo;\u00e9galit\u00e9\u00bb <\/a>(Lib\u00e9)<\/p>\n\n\n\n<p>Analyse<\/p>\n\n\n\n<p><a href=\"https:\/\/linsoumission.fr\/2022\/02\/10\/violences-sexistes-sexuelles-rapport\/\">Violences sexistes et sexuelles : le rapport pour en finir avec la crise de l\u2019accueil<\/a> (L\u2019Insoumission)<\/p>\n\n\n\n<p><a href=\"https:\/\/info.mediapart.fr\/optiext\/optiextension.dll?ID=dHGdMJ%2BC6_flMN80ZQhwv622O9FDy6PHKXzhSLVrBUIEYGUtkVbhMkwm4FxoRY5X83ZZIBfvlQ7_dqfid1UOAA8ZusfR2\">De quoi M\u00e9d\u00e9e est-elle le nom&nbsp;?<\/a> &#8211; Nina Innana<\/p>\n\n\n\n<p><a href=\"https:\/\/newsletter.liberation.fr\/m\/surl\/200138\/514678\/nA9HtCDrduNfyAmJba5FDXFKF-B12viezBEiZxMr5xU=\/link_10\/MUB0o63fGjTZK+aGU44G8+O7qRNoY0OK+eGXjnulcU-xAZ4n+7dTPmCs9bWXKlrMMLjOgAm6ej9PwTyWkyozkpsiYNKkxr7il3BVxDxSZHrrs6rj9n094zE3bBJbbpqxHzoUx95bWygAKAAAMVOCLHcfn-ANJV8jsW7L9x23MfhJy8jio+cn-GBQIQQNMK8ak+gKq93izAdF+XMe39WkWnhaYMZwWheWWZfKhVgsidwfEvMW8LZHg11OZWPPNO8qrcOI7KfyKYijztCV4Eo-KZUuAtPCfAugn2pQgAD6zftWzcSgr4oAN12+V8Xir+u12lbGaXmX+G6oRccHkB+Tpio12-fR8L30yJssApM9IDQRWrqFN6uPr86bgm6GeWn05w-TJhIdjx5g3UdhLqtnNMdaWLsWP-uPlxCCw8EjVLe8ogu6TjfUgRU19kMLOBWbW5SdCl2ugGOA6d4G9UpEgQ==\">H\u00e9bergement des femmes victimes de violences : \u00e0 gauche, l&rsquo;heure de la prise de conscience <\/a>(Lib\u00e9)<\/p>\n\n\n\n<p><a href=\"http:\/\/r.newsletter.50-50magazine.fr\/mk\/cl\/f\/Q6g3gnecl-rOOAvgNO7qTMOneln_PwyKTje6RZKle12hvaQXnIC3N7_jh7mbJroYcBO2u1DUay6wUxO9seOFidj5lxzVhcbdMoL1-gvEW_JoHGU6OVzzpYPrYiZxpHwoFUQRm2poxJLh5M34kuo6AsK8kVjfxyD5hLj4Cv1BV-J9qR0ZBPtPsrGTvBTckIrqIfzKhreg-dwDc-H_voUVZNpK_Jb7QfZvv78mtShWDR3Y5rXsS440kUWxOmmcUFNz9T_17PRDBmfdTNF1ghrHKVsp5WhMFeHjK3h-RMWsjyKcnQ69Yl8dEml9AO0KpsYkQWctGf7kkPF8HKROA1fvGiWml9qgroFZaDFM\">Comment obtenir la parit\u00e9 au sein des communes et des intercommunalit\u00e9s : freins et leviers<\/a> (50\/50)<\/p>\n\n\n\n<p><strong><a href=\"https:\/\/info.mediapart.fr\/optiext\/optiextension.dll?ID=TpoTmP4CvkwQSUJ9F3TZ65urvGrkk0mSRlerRF8b1D6Ync79LMubiTbS8ZOz0SWzS%2BnXDIxyEr3XYlWPVS_xsx42MiPDV\">Nous voulons des roses aussi&nbsp;\u00bb&nbsp;: trois r\u00e9cits intimes du f\u00e9minisme<\/a> (T\u00ebnk &amp; Mediapart)<\/strong><\/p>\n\n\n\n<p><mark style=\"background-color:rgba(0, 0, 0, 0);color:#a30004\" class=\"has-inline-color\"><strong><strong><mark style=\"background-color:rgba(0, 0, 0, 0);color:#f20509\" class=\"has-inline-color\">12 F\u00e9vrier en continu<\/mark><\/strong><\/strong><\/mark><\/p>\n\n\n\n<p><a href=\"https:\/\/www.ldh-france.org\/cp-sur-filiation-maternelle-pour-une-femme-trans-accorde-par-la-ca-de-toulouse\/\">Filiation maternelle pour une femme trans : une victoire judiciaire historique<\/a> ( Ligue des droits de l\u2019Homme)<\/p>\n\n\n\n<p><a href=\"https:\/\/www.revolutionpermanente.fr\/Bon-vent-et-bonne-grossesse-une-salariee-licenciee-car-enceinte-a-la-fondation-de-Paris-Dauphine\">\u00ab&nbsp;Bon vent et bonne grossesse&nbsp;\u00bb&nbsp;: une salari\u00e9e licenci\u00e9e car enceinte \u00e0 la fondation de Paris-Dauphine<\/a> (RP)<\/p>\n\n\n\n<p><a href=\"https:\/\/www.francetvinfo.fr\/culture\/musique\/rap\/a-quelques-jours-de-sa-prestation-au-super-bowl-le-rappeur-snoop-dogg-accuse-de-viol-a-los-angeles_4955487.html\">\u00c0 quelques jours de sa prestation au Super Bowl, Snoop Dogg accus\u00e9 de viol \u00e0 Los Angeles<\/a> (France Info)<\/p>\n\n\n\n<pre class=\"wp-block-preformatted has-small-font-size\">La secr\u00e9taire d\u2019\u00c9tat charg\u00e9e de la Jeunesse Sarah El Ha\u00efry se f\u00e9licite \u00ab <em>d\u2019interdire l\u2019\u00e9criture inclusive<\/em> \u00bb dont le r\u00f4le est de chercher \u00e0 \u00e9viter toute discrimination sexiste, et se f\u00e9licite \u00e9galement de s\u2019attaquer aux mouvements de prise de conscience et de d\u00e9nonciation des in\u00e9galit\u00e9s subies par les diff\u00e9rentes minorit\u00e9s (en d\u00e9clarant s\u2019attaquer aux \u00ab <em>menaces du wokisme<\/em> \u00bb (sic) \u2013 qui ne d\u00e9signe pas autre chose) (<a href=\"https:\/\/twitter.com\/jrbaudot\/status\/1490226849632378880\">source<\/a>)<\/pre>\n\n\n\n<p><a href=\"http:\/\/r.newsletter.50-50magazine.fr\/mk\/cl\/f\/Ihu8M07dX-Iw9g6jkgMnR6U66ZyUXelk-xbLkvbAj5K0OlcneVEZdZqO4OvM8K7dnFxQE2xJyly9DnXuA36rHNEzCIIbV6uiZ_c35CZg5EYBVDtnOhmlvUJsuxXJC1PnHPkbKeVuKecS93rvCxJGrhcgBA06VhWV8aJHBo9uwxrD7pX1k-mXIiYw4qupgjK24LrShW81Mu-zqT6LB7kWSmx-uostoJ8fSgq4R50ZJQbr8J9MpojGHXXz02fhnGZyhDykQvY1hjNbLw6AsnbzDtwx7SSqJEeF2l2ch_x89v2SDdzPzxuwgG0_vwcfGTJPNuqNDDSFZJkluJg0tRF_kg\">Daliborka Nikolic : \u00ab depuis 2016 Nova \u017dena a sa propre \u00e9quipe de football f\u00e9minine \u00bb<\/a> (50\/50) <\/p>\n\n\n\n<figure class=\"wp-block-image is-resized is-style-default\"><img loading=\"lazy\" decoding=\"async\" src=\"https:\/\/i0.wp.com\/www.50-50magazine.fr\/_19\/wp-content\/uploads\/2022\/02\/TEAM-NOVA-ZENA.jpg?fit=650%2C484&amp;ssl=1\" alt=\"\" width=\"520\" height=\"388\"\/><\/figure>\n\n\n\n<p>Analyse<\/p>\n\n\n\n<p><a href=\"http:\/\/r.newsletter.50-50magazine.fr\/mk\/cl\/f\/1pr-1HkAyU5kM2luhHeq8fA3ipcEKgulxjWOGheVsLS2L3BXH7Ci0WF2ooWlXf0s17CwWooP6XgF73O9CkLmuOoWSXRE67eDKxN_htIhUps4V5-cg6jivf53M1C-0VPthFqb1xkv5sW56DAIHIqS5UMODjN9V98-PmHMNn68MF6xvUZBmkwHzZoxFs3aDhsRT8KK7Ho4_97z_egNSqFuSA9zo268bVr8lO3hBsryDpyafJBDpoHQH7Mgm6HQ3S4-RGAjwK00WEA6AxJ7tzXLirV6kpTG2NBE6kgue4vOUUF3PmxSWlHHyzzzDgG9_M_uAM3QtvI2lDDEWcaqf8FKXcoHeC0IhV0Cr-w\">En 1992 la FNSF cr\u00e9e ligne d\u2019\u00e9coute violences conjugales femmes qui deviendra le 3919 en 2007<\/a> (50\/50)<\/p>\n\n\n\n<p><mark style=\"background-color:rgba(0, 0, 0, 0);color:#a30004\" class=\"has-inline-color\"><strong><strong><mark style=\"background-color:rgba(0, 0, 0, 0);color:#f20509\" class=\"has-inline-color\">11 F\u00e9vrier en continu<\/mark><\/strong><\/strong><\/mark><\/p>\n\n\n\n<p><strong><a href=\"https:\/\/info.mediapart.fr\/optiext\/optiextension.dll?ID=0wx0wvrUv4GgVGPkI0Z86pO9eVcgBWjbZVQEqQi0M6NBdgDK9PsVdEGBeXUXbZ6W4YFdc7eFbHc671_hgcEkrlQYWDT0H\">IVG&nbsp;: l\u2019Assembl\u00e9e nationale maintient la clause de conscience des soignants<\/a> (MDP)<\/strong><\/p>\n\n\n\n<p><a href=\"https:\/\/www.lemediatv.fr\/emissions\/2022\/au-dela-de-loutrage-sexiste-pourquoi-darmanin-a-perdu-ses-nerfs-sur-bfm-cqLjx4lRS9qVQLdUhxCLyQ\">Au-del\u00e0 de l&rsquo;outrage sexiste : pourquoi Darmanin a perdu ses nerfs sur BFM<\/a> (Le M\u00e9dia)<\/p>\n\n\n\n<pre class=\"wp-block-preformatted\">Darmanin s\u2019est d\u00e9j\u00e0 distingu\u00e9 pour avoir \u00e9t\u00e9 vis\u00e9 par une plainte pour viol. Il s\u2019est cette fois illustr\u00e9&nbsp;<a href=\"https:\/\/info.mediapart.fr\/optiext\/optiextension.dll?ID=w01wYVyHkMdIgC_eN5CU_igdAl_edDtmjERWNkyQq5iBMnugEIyjIZehCd4PAOSmcGNFTudtEJIvYs%2BOdICesRP1kwQgS\" target=\"_blank\" rel=\"noreferrer noopener\">pour le sexisme de sa repartie<\/a>&nbsp;face \u00e0 la journaliste de BFM TV Apolline de Malherbe.&nbsp;<em>\u00ab \u00c7a va bien se passer, madame \u00bb<\/em>, a notamment lanc\u00e9 le ministre, tr\u00e8s agac\u00e9 par les questions.<\/pre>\n\n\n\n<p><a href=\"https:\/\/www.francetvinfo.fr\/societe\/harcelement-sexuel\/viols-dans-le-milieu-du-porno-trois-hommes-places-en-garde-a-vue_4954197.html\">Viols dans le milieu du porno : trois hommes plac\u00e9s en garde \u00e0 vue<\/a> (France Info)<\/p>\n\n\n\n<p><a href=\"https:\/\/www.francetvinfo.fr\/societe\/feminicides\/feminicide-a-paris-un-appel-a-temoin-lance-pour-retrouver-le-policier-soupconne_4954230.html\">F\u00e9minicide \u00e0 Paris : un appel \u00e0 t\u00e9moin lanc\u00e9 pour retrouver le policier soup\u00e7onn\u00e9<\/a> (France Info)<\/p>\n\n\n\n<p><a href=\"https:\/\/blogs.mediapart.fr\/jean-marc-b\/blog\/100222\/changement-prenom-pour-les-etudiant-e-s-trans-maintenant-simplifie-nanterre-0\">Changement pr\u00e9nom pour les \u00e9tudiant-e-s trans maintenant simplifi\u00e9 \u00e0 Nanterre !<\/a> (Unef Tacle)<\/p>\n\n\n\n<p>Analyse<\/p>\n\n\n\n<p><a href=\"https:\/\/entreleslignesentrelesmots.blog\/2022\/02\/09\/andree-michel-cent-un-ans-de-resistance-et-une-mort\/\">Andr\u00e9e Michel&nbsp;: cent-un ans de r\u00e9sistance et une&nbsp;mort<\/a> (Entre les mots)<\/p>\n\n\n\n<p><a href=\"https:\/\/entreleslignesentrelesmots.blog\/2022\/02\/08\/une-survivante-raconte-lhorreur-de-la-prostitution\/\">Une survivante raconte l\u2019horreur de la&nbsp;prostitution<\/a> (Entre les mots)<\/p>\n\n\n\n<p><mark style=\"background-color:rgba(0, 0, 0, 0);color:#a30004\" class=\"has-inline-color\"><strong><strong><mark style=\"background-color:rgba(0, 0, 0, 0);color:#f20509\" class=\"has-inline-color\">10 F\u00e9vrier en continu<\/mark><\/strong><\/strong><\/mark><\/p>\n\n\n\n<p><a href=\"https:\/\/www.laselectiondujour.com\/index.php?143477&amp;lsdj=335604\"><strong>La f\u00e9minisation des \u00e9lites occidentales et ses cons\u00e9quences<\/strong><\/a><strong> (LSDJ)<\/strong><\/p>\n\n\n\n<p><strong><a href=\"https:\/\/info.mediapart.fr\/optiext\/optiextension.dll?ID=WstWqeD%2BUx8BvtjO0MraKVr70T_q9tW6ghgAp4Zp_OaP4d_G43YebGqtD0hsnFK3YxhUMPSIT7J4rVJvNXO3fOmYNDsyR\">Maryam Pougetoux de l\u2019Unef&nbsp;: \u00ab&nbsp;Je veux juste pouvoir porter mon voile&nbsp;\u00bb<\/a> (MDP)<\/strong><\/p>\n\n\n\n<p><a href=\"https:\/\/www.francetvinfo.fr\/societe\/justice\/pour-la-premiere-fois-en-france-un-tribunal-autorise-une-femme-transgenre-a-etre-reconnue-comme-la-mere-de-son-enfant_4951419.html\">Premi\u00e8re fois, tribunal autorise femme transgenre \u00e0 \u00eatre reconnue comme m\u00e8re de son enfant<\/a> (France Info)<\/p>\n\n\n\n<p><a href=\"https:\/\/www.francetvinfo.fr\/monde\/iran\/iran-une-femme-decapitee-en-pleine-rue-par-son-mari-violent-la-video-du-feminicide-bouleverse-le-pays_4951545.html\">Iran :femme d\u00e9capit\u00e9e en pleine rue par son mari, la vid\u00e9o du f\u00e9minicide bouleverse le pays<\/a> (France Info)<\/p>\n\n\n\n<p>Analyse<\/p>\n\n\n\n<p><a href=\"https:\/\/basta.media\/claire-hedon-defenseure-des-droits-l-intersectionnalite-n-est-pas-un-gros-mot-antidiscriminations-passe-vaccinal-acces-services-publics\">Claire H\u00e9don, D\u00e9fenseure des droits : \u00ab L&rsquo;intersectionnalit\u00e9 n&rsquo;est pas un gros mot \u00bb <\/a>(Basta!)<\/p>\n\n\n\n<p><a href=\"https:\/\/www.rue89lyon.fr\/2022\/02\/09\/urgence-climatique-et-haine-des-femmes-quels-liens-une-comedie-au-tng\/\">Urgence climatique et haine des femmes, quels liens ? Une com\u00e9die au TNG<\/a> ( Rue89Lyon)<\/p>\n\n\n\n<p><a href=\"http:\/\/cadtm.org\/Se-tenir-debout-avec-les-infirmieres-est-un-projet-feministe\">Se tenir debout avec les infirmi\u00e8res est un projet f\u00e9ministe<\/a> (CADTM)<\/p>\n\n\n\n<p><a href=\"https:\/\/www.ldh-france.org\/telechargez-le-guide\/\">Guide pratique pour les femmes \u00e9trang\u00e8res victimes de violence<\/a> (Ligue des droits de l\u2019Homme)<\/p>\n\n\n\n<p><a href=\"https:\/\/solidaires.org\/8-mars-greve-feministe-Deferlante-pour-l-egalite\">8 mars gr\u00e8ve f\u00e9ministe ! D\u00e9ferlante pour l&rsquo;\u00e9galit\u00e9 !<\/a> (Solidaires)<\/p>\n\n\n\n<p><a href=\"http:\/\/cadtm.org\/Se-tenir-debout-avec-les-infirmieres-est-un-projet-feministe\">Se tenir debout avec les infirmi\u00e8res est un projet f\u00e9ministe<\/a> (CADTM)<\/p>\n\n\n\n<p><mark style=\"background-color:rgba(0, 0, 0, 0);color:#a30004\" class=\"has-inline-color\"><strong><strong><mark style=\"background-color:rgba(0, 0, 0, 0);color:#f20509\" class=\"has-inline-color\">9 F\u00e9vrier en continu<\/mark><\/strong><\/strong><\/mark><\/p>\n\n\n\n<p><strong><a href=\"https:\/\/www.lesnouvellesnews.fr\/nouvelle-sortie-sexiste-de-gerald-darmanin\/\">Nouvelle sortie sexiste de G\u00e9rald Darmanin<\/a> (Les Nouvelles News)<\/strong>&nbsp;<\/p>\n\n\n\n<p><a href=\"https:\/\/www.youtube.com\/watch?v=y4gsk9oJg3A\">Expliquons pourquoi Darmanin a perdu ses nerfs sur BFM<\/a> (Le M\u00e9dia) Vid\u00e9o<\/p>\n\n\n\n<p><a href=\"https:\/\/www.lesnouvellesnews.fr\/violences-conjugales-davantage-dargent-pour-prendre-en-charge-les-agresseurs-mais\/\">Violences conjugales : davantage d\u2019argent pour prendre en charge les agresseurs mais\u2026<\/a> (Nouvelles News)<\/p>\n\n\n\n<p>Analyse&nbsp;<\/p>\n\n\n\n<p><a href=\"https:\/\/info.mediapart.fr\/optiext\/optiextension.dll?ID=ZrqZsT02npRbMB_ZaN9X66lJI4gWV9rwdYK69h5Xau7NJiDd7W901nL9E6it6tRrK1pyy8aUq4uHivYMRu88YPqR1gUBE\">L&rsquo;\u00e9criture ou la mort<\/a> &#8211; Mina Bendada<\/p>\n\n\n\n<p><a href=\"https:\/\/lesglorieuses.fr\/la-vie-est-trop-courte-pour-quon-se-fasse-petites\/?utm_medium=email&amp;utm_campaign=LesPetitesGlo%20%20Saison%206%20pisode%2011&amp;utm_content=LesPetitesGlo%20%20Saison%206%20pisode%2011+CID_e205feb1f5555b31fb4f8dd6c20b6b01&amp;utm_source=Email%20marketing%20software&amp;utm_term=Lire%20la%20mme%20chose%20en%20ligne\">La vie est trop courte pour qu\u2019on se fasse petites<\/a> (Les Glorieuses)<\/p>\n\n\n\n<p><a href=\"https:\/\/www.slate.fr\/story\/222875\/papiers-carte-identite-mention-sexe-genre-passeport-stereotypes-binarite\">Homme, femme, autre: et si le sexe disparaissait de nos papiers d&rsquo;identit\u00e9?<\/a> (Slate)<\/p>\n\n\n\n<p><a href=\"https:\/\/radioparleur.net\/2022\/02\/08\/klou-bagarre-erotique-bd-prostitution\/\">\u00ab La prostitution m\u2019a lib\u00e9r\u00e9e du patriarcat \u00bb, avec Klou<\/a> (Radioparleur)<\/p>\n\n\n\n<p><mark style=\"background-color:rgba(0, 0, 0, 0);color:#a30004\" class=\"has-inline-color\"><strong><strong><mark style=\"background-color:rgba(0, 0, 0, 0);color:#f20509\" class=\"has-inline-color\">8 F\u00e9vrier en continu<\/mark><\/strong><\/strong><\/mark><\/p>\n\n\n\n<p><a href=\"https:\/\/www.francetvinfo.fr\/economie\/les-francais-en-situation-de-surendettement-sont-moins-nombreux-les-femmes-toujours-plus-concernees-que-les-hommes_4948200.html\">Fran\u00e7ais en situation surendettement moins nombreux, femmes toujours plus que les hommes<\/a> (France Info)<\/p>\n\n\n\n<p><a href=\"https:\/\/www.ldh-france.org\/reconnaissance-des-prenoms-des-personnes-trans-faire-reculer-la-transphobie\/\">Reconnaissance des pr\u00e9noms des personnes trans : faire reculer la transphobie<\/a> ( LDH)<\/p>\n\n\n\n<p><a href=\"https:\/\/www.huffingtonpost.fr\/entry\/aux-recruteurs-qui-pensent-que-les-trous-dans-les-cv-des-femmes-ca-ne-vaut-rien-blog_fr_61f93764e4b067cbfa2233d2\">Aux recruteurs qui pensent que les trous dans les CV des femmes, \u00e7a ne vaut rien<\/a> (huffingtonpost)<\/p>\n\n\n\n<p><a href=\"https:\/\/www.humanite.fr\/sports\/jo-dhiver-pekin-2022\/pekin-2022-les-feminines-toujours-interdites-de-combine-nordique-737268#xtor=RSS-1\">P\u00e9kin 2022 : les f\u00e9minines toujours interdites de combin\u00e9 nordique<\/a>&nbsp; (L\u2019Humanit\u00e9)<\/p>\n\n\n\n<p><a href=\"https:\/\/www.humanite.fr\/planete\/ecologie\/la-femme-du-jour-ace-737259#xtor=RSS-1\">La femme du jour. Ace<\/a>&nbsp;(L&rsquo;Huma)<\/p>\n\n\n\n<p><a href=\"https:\/\/www.lesnouvellesnews.fr\/ski-tennis-sport-letalon-mec\/\">Pas mal pour une fille : \u00ab l\u2019\u00e9talon mec \u00bb dans le sport<\/a> (Les Nouvelles News)<\/p>\n\n\n\n<p>Analyse<\/p>\n\n\n\n<p><a href=\"https:\/\/www.huffingtonpost.fr\/entry\/4-ans-apres-metoo-les-stereotypes-sur-les-violences-sexuelles-commencent-enfin-a-reculer_fr_61f7bc37e4b0061af261551e\">4 ans apr\u00e8s #MeToo, st\u00e9r\u00e9otypes sur les violences sexuelles commencent enfin \u00e0 reculer<\/a> (huffingtonpost)<\/p>\n\n\n\n<p><strong><a href=\"https:\/\/truthout.org\/articles\/angela-davis-gina-dent-erica-meiners-and-beth-richie-talk-abolition-feminism\/\">Un livre collectif sur le f\u00e9minisme co-\u00e9crit par Angela Davis<\/a> (anglais -Truthout)<\/strong><\/p>\n\n\n\n<figure class=\"wp-block-image is-resized is-style-default\"><img data-recalc-dims=\"1\" loading=\"lazy\" decoding=\"async\" src=\"https:\/\/i0.wp.com\/truthout.org\/wp-content\/uploads\/2022\/02\/2022_0207-abolition-b-1200x706.jpg?resize=548%2C322&#038;ssl=1\" alt=\"From left: Angela Y. Davis, Erica R. Meiners, Beth E. Richie and Gina Dent.\" width=\"548\" height=\"322\"\/><\/figure>\n\n\n\n<p><a href=\"https:\/\/blogs.mediapart.fr\/lenaig-bredoux\/blog\/020222\/une-newsletter-consacree-aux-questions-de-genre\">Une newsletter consacr\u00e9e aux questions de genre<\/a> (MDP)<\/p>\n\n\n\n<p><mark style=\"background-color:rgba(0, 0, 0, 0);color:#a30004\" class=\"has-inline-color\"><strong><strong><mark style=\"background-color:rgba(0, 0, 0, 0);color:#f20509\" class=\"has-inline-color\">7 F\u00e9vrier en continu<\/mark><\/strong><\/strong><\/mark><\/p>\n\n\n\n<p><strong><a href=\"https:\/\/www.youtube.com\/watch?app=desktop&amp;v=zqKTV8F2O48&amp;utm_source=sfmc&amp;utm_medium=email&amp;utm_campaign\">Soignants suspendus en souffrance&nbsp;: ignoble<\/a>&nbsp;(Nexus)<\/strong><\/p>\n\n\n\n<p><a href=\"https:\/\/www.humanite.fr\/societe\/violences-faites-aux-femmes\/violences-sexuelles-le-prof-passe-derriere-moi-et-se-frotte-les#xtor=RSS-1\">Violences sexuelles. \u00ab Le prof passe derri\u00e8re moi et se frotte&#8230; \u00bb <\/a>(L\u2019Humanit\u00e9)&nbsp;<\/p>\n\n\n\n<p><a href=\"https:\/\/info.mediapart.fr\/optiext\/optiextension.dll?ID=bJIbH9z9sDLpxwUxfwsJ6l93w2k4U85VYf3EMHVuYj_v5WrXiGjsesHqakLFeK%2Br4lNlp6NtzjbeAmxPal35zCJO9bUzo\">Perturbation des r\u00e8gles et vaccin&nbsp;: la sant\u00e9 des femmes tarde \u00e0 mobiliser<\/a> (MDP)<\/p>\n\n\n\n<p><a href=\"https:\/\/email.mg2.substack.com\/c\/eJw9UcFu7CAM_JrltlFCICEHDu_yfiMiYLK0CUTGbLX9-pKmrWSBB2yPZmwNwZrwpY-UiZ3HTK8DdISPvAERICsZcA5Od2LsxmnqmdPCdUoqFvLsEWA3YdOEBdhRli1YQyHFs4P309C27KG54dxNSi7SKuHM4qz3i1JykF4Kb81FbIoLEC1oeAK-UgS26QfRkW_9vxv_X8OaIyDs6dkkXCv2eD6WjQrC_Rs4yHcP-16v94InAovhCZHuRyp4d-Ahulq9QUWbiWv5yX_HAF24SsdAqfLVsSxo3vIa7dB1bStkwxvn2qqgHxWfRqmsbMTn2nHxeLuJdl95k8uSydj3xqadoX7bl4Jr1Vi_bXJAsDURqHHptG2uRXuJgV4zRLNs4C5H6VrMt8fzChGwLszNhnQ3CNEJyaUa5XQZWC0XivfjMEhW2V2qXVH_mebRRGtC_gIpHKxG\">Des femmes kurdes \u00e9crivent pour d\u00e9fendre leur langue, leur culture et leur territoire<\/a> (Capire)<\/p>\n\n\n\n<p><a href=\"https:\/\/email.mg2.substack.com\/c\/eJw9kU2O5CAMhU9T7BIBgZAsWPRmrhHx46SoTiAyTk9Xn36oLmmkJ0uW_fSsz8ERbAWf9iyV2Kss9DzBZvhbdyACZFcFXFK0Qhlh5nlg0aooJj2xVJcVAQ6Xdkt4ATsvv6fgKJX8cshhHjlnd8u9DDLoISipBu_FZMwaHbhZrV6aqN7B7ooJcgALX4DPkoHt9k501tvwcZN_moI7E8JRvvqCW-tXbAW-T8BfY22d30twG3ShZELoduhOLA-g7kg5AXbRZXKfBVPbZclKLpv4KATnSveyj5FPehzMJGejp6B79bMJqe6Pm-LHJvt6-UoufPahHAzt4_AXbu3yNg4lAsHeZ6A-lheMpS0dV070XCA7v0N8c6I37l9yywYZsL0hLo6sGJUSSks9GT2_sTSQapKDGUfNWnoszZXtfxQruhxcqv8AvdWbsQ\">Blocage contre le projet minier d\u2019AntaKori : femmes et communaut\u00e9s p\u00e9ruviennes en r\u00e9sistance<\/a>(Capire)<\/p>\n\n\n\n<p>Analyse<\/p>\n\n\n\n<p><a href=\"https:\/\/www.rue89strasbourg.com\/anne-thevenot-psychologue-aucune-discipline-seule-ne-pourra-reduire-les-violences-conjugales-et-intrafamiliales-226844\">A.Thevenot: Aucune discipline seule ne peut r\u00e9duire violences conjugales et intrafamiliales<\/a> (Rue89 Strasourg)&nbsp;<\/p>\n\n\n\n<p><a href=\"https:\/\/info.mediapart.fr\/optiext\/optiextension.dll?ID=bJIbH9z9sDLpxwUxfwsJ6l93w2k4U85VYf3EMHVuYj_v5WrXiGjsesHqakLFeK%2Br4lNlp6NtzjbeAmxPal35zCJO9bUzo\">Perturbation des r\u00e8gles et vaccin&nbsp;: la sant\u00e9 des femmes tarde \u00e0 mobiliser<\/a> (MDP)<\/p>\n\n\n\n<p><a href=\"https:\/\/www.franceinter.fr\/emissions\/affaires-sensibles\/affaires-sensibles-06-mars-2020\">Le MLF : Chronique d\u2019une lutte f\u00e9ministe <\/a>(Affaires Sensibles)<\/p>\n\n\n\n<figure class=\"wp-block-image is-resized is-style-default\"><img data-recalc-dims=\"1\" loading=\"lazy\" decoding=\"async\" src=\"https:\/\/i0.wp.com\/cdn.radiofrance.fr\/s3\/cruiser-production\/2020\/03\/8f3a5c32-d5e3-4c2d-aba6-a68bb2f413e9\/1136_079_img0800068133.jpg?resize=607%2C404&#038;ssl=1\" alt=\"Le MLF : Chronique d\u2019une lutte f\u00e9ministe. Ici une photo montrant une manifestation de femmes \u00e0 Paris \u00e0 l'appel du MLF\" width=\"607\" height=\"404\"\/><\/figure>\n\n\n\n<p><mark style=\"background-color:rgba(0, 0, 0, 0);color:#a30004\" class=\"has-inline-color\"><strong><strong><mark style=\"background-color:rgba(0, 0, 0, 0);color:#f20509\" class=\"has-inline-color\">6 F\u00e9vrier en continu<\/mark><\/strong><\/strong><\/mark><\/p>\n\n\n\n<p><a href=\"https:\/\/www.mediapart.fr\/journal\/international\/050222\/plutot-mourir-que-de-me-taire-en-afghanistan-le-combat-de-rokhshana-rezai\" title=\"\u00ab Plut\u00f4t mourir que de me taire&nbsp;\u00bb&nbsp;\">\u00ab Plut\u00f4t mourir que de me taire&nbsp;\u00bb&nbsp;<\/a><a href=\"https:\/\/www.mediapart.fr\/journal\/international\/050222\/plutot-mourir-que-de-me-taire-en-afghanistan-le-combat-de-rokhshana-rezai\" title=\"&nbsp;: en Afghanistan, le combat de Rokhshana Reza\u00ef\">: en Afghanistan, le combat de Rokhshana Reza\u00ef<\/a>(MDP)<\/p>\n\n\n\n<p><a href=\"https:\/\/entreleslignesentrelesmots.blog\/2022\/02\/05\/martha-rosenberg-le-combat-pour-le-droit-a-lavortement-ne-sest-pas-arrete-avec-ladoption-de-la-loi\/\">Le combat pour l\u2019avortement n\u2019est pas termin\u00e9 en Argentine<\/a>(entreleslignes)<\/p>\n\n\n\n<p><a href=\"http:\/\/r.newsletter.50-50magazine.fr\/mk\/cl\/f\/3M-ypHUVImxho1TG-wpyWxLuSYnI-zbwQxoU-xFu4PkaZMv5bV4QeP5cTPjPGZyOLxx-LH5Io-ixVmJWkbBTHKls3XmHE-Opgo6OTWTsjmogjUXXKAVPSFvjjqVN6fI8sE2y6eGu5dnXJDdC1OmoPNsHTVPLII9DI5qVnd_IDoOtQS7NbW5jDTUFlUmpz4c47ptQL5h0gHkAOSqtqzu_CjxqF4UkmmcDIHS-HqAgs_LifZKFKCP-8x1x8ZkkroI_FYyRv10OU49O_0ecLNU2vw\">Rapport national du GMMP 2020 : Les femmes toujours invisibles<\/a> (50\/50)<\/p>\n\n\n\n<p><a href=\"http:\/\/r.newsletter.50-50magazine.fr\/mk\/cl\/f\/i-0N1xXZXoyTF7ZjU_LK_pP0Gc-BsWCCs-LUE9p3Qz2_Rl0EPmL4StcJ3U-1uEkgKH1mlo23XFKcUYPmyMwdnET7ohOZDbiZWByTkeZg04Ij4sBhqz2hjtWbev2qQvlLElFahsqY5Fm53lGI0UNWaH4uJwiOVkSCeUTxm6yePPcGifyu0exLHSg_3QrIwPv2SQ5ZtaveK7EV0FmW_ItY9D3goCxdDA0g9mXn32sUcuLuzzn-wL_MtiaaP54IPmdzUHCIU9tRCmQjLA3jlwR54nTZFPnbhQT7wV2eLdqWbBxpBsHIkzfxhaXkLbpNZK0NBbm8QrijdIE8LSQ0\">Avec R\u00eav\u2019elles Solen s\u2019est d\u00e9couverte des qualit\u00e9s qu\u2019elle ne soup\u00e7onnait pas<\/a>&nbsp; (50\/50)<\/p>\n\n\n\n<figure class=\"wp-block-image is-resized is-style-default\"><img loading=\"lazy\" decoding=\"async\" src=\"https:\/\/i2.wp.com\/www.50-50magazine.fr\/_19\/wp-content\/uploads\/2022\/01\/Celebration-avril-2019-credit-Chloe-Vollmer-LO-scaled.jpg?fit=650%2C434&amp;ssl=1\" alt=\"\" width=\"418\" height=\"279\"\/><\/figure>\n\n\n\n<p><a href=\"http:\/\/r.newsletter.50-50magazine.fr\/mk\/cl\/f\/g4eZ4aVJbZs2N7CLCmtv1JrdHqAtH2xPaba6a82hvppDU2vkqjOURgap-GW8iUCPaV63GEBQ3pSRI0-sXjCEwpTcKW0C-BAwUv885am_d3j7-q6Tko-Cnffx-4G2XdJDJdBVEk1TScfH4DdkVvbH46zWiiVMcHlhwjSEBu57oVPCawsv2sP1YSqoq_tyYRcFSlrkDFfLglLe_mNbuMJIn4JAhGgsKWnamcPMUPYpulsDRNxc39HzwI9PGrTcPP_frvyqGwqOuS-gJH80WJEoc4jNMAehamLwt59gsqo8qLfjNOH2Cs9ofXu6v7XllRpvAlagulRmCxwgFK98\">D\u00e9lib\u00e9r\u00e9 honteux rendu par la cour d\u2019appel de Versailles: justice pour Julie ! <\/a>-Sophie Sept, militante Femen<\/p>\n\n\n\n<p><a href=\"http:\/\/r.newsletter.50-50magazine.fr\/mk\/cl\/f\/NplLALfGVd1EW_MBIJ6SGU8MScjOUdkdjdFBVNQCvKUXkpxS63I6601elcxFk8IH1qkQckzoyssrxX2yZgLYs4dKFw8xFM0ZKiU8Yg9Izy33FrDd0tdWabEgfYJ0o_Ey5W9L-DpF8ubXi3FvLQctAL1Vcfm5sTpGTGYnYbfdA-5JkWZQm4X2OW-QEDR6zeElebp3ZgqK85ryOvbKCId2NnB99LjJ7vD-slkArKt9URmVmWhaa6540xJDl7L-I90Y_VEw6nZ48-Mzvw--AyeLPea7J2a5MwM-t6euJnq3mM4VUinoixZsqxE6Lg-blP8jYFlgJYepIl8fWYpyM-rihj_tlFjWTegHSUhH9gARt82zUN3c93HZjldQ3m48duRLu3JWtUN8J5v3HGuBP37RDsTJZxDCbjxoOlODXa3C2BISUu0cPJKpw1Cz5w\">Cyberviolence et cyberharc\u00e8lement: r\u00e9sultats de l\u2019enqu\u00eate IPSOS<\/a>(Osez le f\u00e9minisme !)<\/p>\n\n\n\n<p>Analyse<\/p>\n\n\n\n<p><a href=\"http:\/\/r.newsletter.50-50magazine.fr\/mk\/cl\/f\/TrcDyTUBeuwPY7ZNZpSi8vqqUzjwq1Gu6FdyQaKQLH0KfRpOvAG0zDJYrf1DDn1YM63t72lg9QxnS1Nevn8p-_4Tx1kIe-i2kYadeFTK62va7pN54pu_S4IBz0onAqfylZLAUjvdHIPjmYPl_Uf3jbL3P0LV5-AnmVz65CTH97A_7n3h9qpSNw-w0gxGTmryh9NSZHuqNiftQr-dbTrby4W-uBtrQm8CPaKNk0g3bctl6tdRTet-aPuRAjMfkLH4MbE\">Nous Pr\u00e9sidentes\u2026..<\/a>(Osez le f\u00e9minisme !)<\/p>\n\n\n\n<p><a href=\"https:\/\/entreleslignesentrelesmots.blog\/2022\/01\/24\/survivre-a-la-violence-sexuelle-une-perspective-philosophique\/\">&nbsp;Survivre \u00e0 la violence sexuelle&nbsp;: une perspective philosophique&nbsp;\u00bb<\/a> (Entre les mots)<\/p>\n\n\n\n<p><a href=\"https:\/\/entreleslignesentrelesmots.blog\/2022\/01\/23\/critique-feministe-des-principes-de-verone\/\">Critique feministe des principes de&nbsp;V\u00e9rone<\/a> (Entre les mots)<\/p>\n\n\n\n<p><a href=\"https:\/\/info.mediapart.fr\/optiext\/optiextension.dll?ID=HdcHctcaCde89DWCrCAiN99OmTUnWohbMnu3ei9YVkM7ksZrPNDbRZJNTZc5M2orf3qa_FogT_9tJRX1OZX45TFYbV5rg\">Un cancer \u00e0 soi&nbsp;? Parler de sa maladie, un geste politique et f\u00e9ministe<\/a> &#8211; Flaminia Paddeu<\/p>\n\n\n\n<p><a href=\"https:\/\/info.mediapart.fr\/optiext\/optiextension.dll?ID=IabIcdhxPjEJdtT3SEjYqFqoldPjzAXzussOn6UcVVRFMWwYRaOTqQI7FYhyUhLyLF9H51nRtTk1XomtFJnQ6msWPehI8\">L\u2019\u00e9cof\u00e9minisme, combien de r\u00e9cup\u00e9rations&nbsp;?<\/a> (MDP)<\/p>\n\n\n\n<p><a href=\"https:\/\/oxi90.com\/IPCRWSF67\/869AD8DE4EE3461A977830D619455621.php\">\u00ab&nbsp;Rena\u00eetre de ses cendres, R\u00e9cits de Femmes&nbsp;\u00bb<\/a> -Compagnie les petits Gros mots<\/p>\n\n\n\n<p><a href=\"https:\/\/www.franceinter.fr\/emissions\/affaires-sensibles\/affaires-sensibles-14-janvier-2020\">Justin Fashanu, footballeur et homosexuel <\/a>(Affaires Sensibles)<\/p>\n\n\n\n<p><a href=\"http:\/\/r.newsletter.50-50magazine.fr\/mk\/cl\/f\/KJcX9JN84S__KPXWxLsN3jfODfWLOh2vtw-eo1X1bZYBBMoXu3vXPqI60RO4xfHiz_xFTO98EWdKcy1UIIlE5Kbzx1011o5bYUE6oHy-i8_1NZegRj2ycbcP1R5qDi5635qfKsZqB9pOKa-C0n4DufL96KvVzipf2WEdrqaJHBoQODhbjhtT2Ar4qEi8FbeED7tKgaumxxOLFZ3TCXX-BZSp4KhqmWWEJ7vW50sllaYLDeoMlVp_QVfpWWgLS8PP_ftlFLqrISMxYoKGNesgeXoWjFXkIoCZSX7l\">Peut-on porter le voile et \u00eatre f\u00e9ministe?<\/a> (Regards de femme)<\/p>\n\n\n\n<p><mark style=\"background-color:rgba(0, 0, 0, 0);color:#a30004\" class=\"has-inline-color\"><strong><strong><mark style=\"background-color:rgba(0, 0, 0, 0);color:#f20509\" class=\"has-inline-color\">5 F\u00e9vrier en continu<\/mark><\/strong><\/strong><\/mark><\/p>\n\n\n\n<p><a href=\"https:\/\/lecourrier.ch\/2022\/02\/04\/larrestation-de-militantes-feministes-inquiete-lonu\/\">Afghanistan- L\u2019arrestation de militantes f\u00e9ministes inqui\u00e8te l\u2019ONU<\/a> (Le Courrier)<\/p>\n\n\n\n<p><a href=\"http:\/\/www.slate.fr\/story\/222524\/mms-nouveaux-personnages-plus-inclusifs\">M&amp;M&rsquo;s veut que ses personnages soient \u00abplus inclusifs\u00bb<\/a> (Slate)<\/p>\n\n\n\n<p><strong><a href=\"http:\/\/lesglorieuses.fr\/travail-du-sexe-espagne\/?utm_medium=email&amp;utm_campaign=IMPACT%20saison%202%20episode%20I&amp;utm_content=IMPACT%20saison%202%20episode%20I+CID_e75f787e35a1deafe0da99f21363b658&amp;utm_source=Email%20marketing%20software&amp;utm_term=Lire%20la%20mme%20chose%20en%20ligne\">L\u2019Espagne abolira-t-elle le travail du sexe ?<\/a> (Les glorieuses)<\/strong><\/p>\n\n\n\n<p><a href=\"https:\/\/entreleslignesentrelesmots.blog\/2022\/01\/29\/%ef%bf%bcfibromyalgie-quand-lhistoire-essentialiste-de-la-douleur-revele-lagnotologie-de-genre-de-la-medecine\/\">Fibromyalgie: histoire essentialiste de la douleur r\u00e9v\u00e8le agnotologie de genre de la&nbsp;m\u00e9decine<\/a> (Entre les mots)<\/p>\n\n\n\n<p><a href=\"http:\/\/r.newsletter.50-50magazine.fr\/mk\/cl\/f\/0c7ZbTIg2sb5RZKS1QqMdiu-aSPexLpjBuI9txuazInlvMsRCsTkDjRkhWaHx_UWqmiRVfqWvDBliMpTQnXaxVyVvIf9p2FJPEK7vHi1aBZobJPoscdjHqCYZpXBRSG5qDkll3ijEmig6rpMtbL6YJ-9zNE8hJBWQPzOrnGvOoBtaxVZt0oGEUIWQf7CdXDvzOcgnErrt1YPay-TRZqKUlm_Z_98ghrUzJUrRB4iFNl7a0qOWxtzoKpXOKoAoze-s-lqi1S8aV2-QerAkKWfULZa-MMw1Vn7uaHPv5iGUHxSdMqq8tp6kXCfAzJuV59AQL2uX9CdBJNehFhcBQHzcgWidQlzgb_HZDyNGMZqqEFxv2u7oBwQ8hYptQHjXjc\">Faut-il sauver Otom ? F\u00e9micide pr\u00e9sum\u00e9 et soutien officiel au f\u00e9minicidaire<\/a> (50\/50)<\/p>\n\n\n\n<p>Analyse<\/p>\n\n\n\n<p><a href=\"http:\/\/r.newsletter.50-50magazine.fr\/mk\/cl\/f\/7J5ngoouZOziA4koMAMZvIBV2uhCP7lv1DxLmX9m7an6weZ7dnVffYlDhWh-Gh_wNVTcrMXsF2Iqf94KB5bAU6vbnWEEp9trx980AC5dGJOw1kyR2IWdo9KuHZIprnJWcPsbczC8-2yqXqVXeRrYKSKjJiBJ3_P29V75idwydFzSqyD8js2WyYc1d8UFVca3ciDFpFlKe5cxg_zQ7CYHP7-_lZ-QjplKjodGTTq1qFUtsc8T_L18ylcBdfAAQ3L5naUbrUMPAUMqeg_jFoEV0dtVJjRbqMFx3w\">La d\u00e9pression post-partum, un sujet tabou<\/a> (50\/50)<\/p>\n\n\n\n<p><a href=\"https:\/\/lecourrier.ch\/2022\/02\/04\/lexcision-est-aussi-une-realite-en-suisse\/\">L\u2019excision est aussi une r\u00e9alit\u00e9 en Suisse<\/a> (Le Courrier)<\/p>\n\n\n\n<p>&nbsp;<a href=\"https:\/\/www.huffpost.com\/entry\/parenting-double-standards_l_61f03176e4b0061af2569c00\">Comment sont vus papa et maman&nbsp;<\/a> (huffpost.com)<\/p>\n\n\n\n<p><a href=\"https:\/\/entreleslignesentrelesmots.blog\/2022\/01\/30\/labolitionnisme-contre-lordre-masculin\/\">L\u2019abolitionnisme contre l\u2019ordre&nbsp;masculin<\/a> (Entre les mots)<\/p>\n\n\n\n<p><a href=\"http:\/\/www.slate.fr\/story\/222716\/harry-potter-saga-sexiste-stereotypes-genre-j-k-rowling\">\u00abHarry Potter\u00bb est-elle une saga&nbsp;sexiste?<\/a> (Slate)<\/p>\n\n\n\n<p><a href=\"http:\/\/www.regards.fr\/la-midinale\/article\/virginie-martin-les-femmes-sont-les-proletaires-d-un-monde-patriarcal\">Virginie Martin : \u00ab Les femmes sont les prol\u00e9taires d&rsquo;un monde patriarcal \u00bb<\/a> (Regards)&nbsp;<\/p>\n\n\n\n<p><a href=\"https:\/\/aoc.media\/entretien\/2022\/02\/04\/veronica-gago-la-greve-feministe-suscite-le-desir-dun-programme-politique\">Veronica Gago&nbsp;: la gr\u00e8ve f\u00e9ministe suscite le d\u00e9sir d\u2019un programme politique<\/a> (AOC M\u00e9dia)<\/p>\n\n\n\n<p><a href=\"https:\/\/lecourrier.ch\/2022\/02\/03\/moliere-feministe\/\">Moli\u00e8re, f\u00e9ministe?<\/a> (Le Courrier)&nbsp;<\/p>\n\n\n\n<p class=\"has-text-color\" style=\"color:#f40c0c\"><strong><mark style=\"background-color:rgba(0, 0, 0, 0);color:#f20509\" class=\"has-inline-color\">4 F\u00e9vrier en continu<\/mark><\/strong><\/p>\n\n\n\n<p><a href=\"https:\/\/news.un.org\/fr\/story\/2022\/02\/1113602?utm_source=UN+News+-+French&amp;utm_campaign=705c72a68c-EMAIL_CAMPAIGN_2022_02_04_01_00&amp;utm_medium=email&amp;utm_term=0_0264da9d8f-705c72a68c-108038934\" title=\"La pand\u00e9mie de Covid-19 menace la lutte contre les mutilations g\u00e9nitales f\u00e9minines\">La pand\u00e9mie de Covid-19 menace la lutte contre les mutilations g\u00e9nitales f\u00e9minines<\/a>(ONUinfos)<\/p>\n\n\n\n<p><a href=\"https:\/\/www.lesnouvellesnews.fr\/106-hommes-sur-120-grands-decideurs-dans-la-french-tech\/\">1<\/a><strong><a href=\"https:\/\/www.lesnouvellesnews.fr\/106-hommes-sur-120-grands-decideurs-dans-la-french-tech\/\">06 hommes sur 120 grands d\u00e9cideurs dans la French Tech<\/a> (Les Nouvelles News)<\/strong><\/p>\n\n\n\n<p><a href=\"https:\/\/info.mediapart.fr\/optiext\/optiextension.dll?ID=B6iZMBuhi7DounlyITeSCtHn8HLqMfAhnZFemufWHI3jhP5MPBtufkegM4oyBfFSZLBZDvNS_fu6V5iU9sVPtYvO2oQBBq\">Les femmes s\u2019imposent et l\u2019op\u00e9ra de Mozart devient \u00ab&nbsp;Les Noces de Suzanne&nbsp;\u00bb<\/a>(MDP)<\/p>\n\n\n\n<p><a href=\"https:\/\/www.ouest-france.fr\/culture\/livres\/lire-magazine\/Moli\u00e8re%20\u00e9tait-il-feministe?\">Moli\u00e8re \u00e9tait-il f\u00e9ministe?<\/a> &nbsp;(Ouest-France)<\/p>\n\n\n\n<p><a href=\"https:\/\/www.boursorama.com\/boursoramag\/actualites\/gerard-depardieu-conteste-sa-mise-en-examen-pour-viols-decision-le-10-mars-6749b899ad8263bcdf27f849826a91c3\">G\u00e9rard Depardieu conteste sa mise en examen pour \u00ab\u00a0viols\u00a0\u00bb : d\u00e9cision le 10 mars<\/a>&nbsp; (AFP)<\/p>\n\n\n\n<p><a href=\"https:\/\/www.washingtonpost.com\/lifestyle\/2022\/02\/01\/same-sex-income-gap-research\/\">Les couples lesbiens gagnent 30 000 $ de moins que les couples gays<\/a> (ang- The Washington Post)<\/p>\n\n\n\n<p><a href=\"http:\/\/www.slate.fr\/story\/222875\/papiers-carte-identite-mention-sexe-genre-passeport-stereotypes-binarite\">Homme, femme, autre: et si le sexe disparaissait de nos papiers d&rsquo;identit\u00e9?<\/a> (Slate)<\/p>\n\n\n\n<p><a href=\"https:\/\/entreleslignesentrelesmots.blog\/2022\/02\/01\/tandis-que-les-manifestations-du-naqab-sintensifient-les-femmes-bedouines-prennent-la-tete-du-mouvement-autres-textes\/\">Manifestations du Naqab, femmes b\u00e9douines prennent t\u00eate du mouvement + autres&nbsp;textes<\/a> (Entre les mots)<\/p>\n\n\n\n<p><a href=\"https:\/\/www.boursorama.com\/actualite-economique\/actualites\/lisa-cook-specialiste-des-dommages-economiques-de-la-discrimination-nommee-a-la-fed-8997ff32de8f1ae92e59329bdd359bbb\">Lisa Cook, sp\u00e9cialiste des dommages \u00e9conomiques de la discrimination, nomm\u00e9e \u00e0 la Fed<\/a> (AFP)<\/p>\n\n\n\n<figure class=\"wp-block-image size-full is-resized is-style-default\"><img data-recalc-dims=\"1\" loading=\"lazy\" decoding=\"async\" src=\"https:\/\/i0.wp.com\/www.rdpemancipation.org\/wp-content\/uploads\/2022\/02\/dec82e76b73cc20e1be6fc5daaae7c4c-760x507-1.webp?resize=414%2C276&#038;ssl=1\" alt=\"\" class=\"wp-image-69420\" width=\"414\" height=\"276\" srcset=\"https:\/\/i0.wp.com\/www.rdpemancipation.org\/wp-content\/uploads\/2022\/02\/dec82e76b73cc20e1be6fc5daaae7c4c-760x507-1.webp?w=760&amp;ssl=1 760w, https:\/\/i0.wp.com\/www.rdpemancipation.org\/wp-content\/uploads\/2022\/02\/dec82e76b73cc20e1be6fc5daaae7c4c-760x507-1.webp?resize=300%2C200&amp;ssl=1 300w\" sizes=\"auto, (max-width: 414px) 100vw, 414px\" \/><\/figure>\n\n\n\n<p>Analyse<\/p>\n\n\n\n<p><a href=\"https:\/\/lesglorieuses.fr\/xaviere-gauthier-rencontre\/?utm_medium=email&amp;utm_campaign=Les%20Glorieuses%20-%20Saison%20VII%20-%20numro%2016&amp;utm_content=Les%20Glorieuses%20-%20Saison%20VII%20-%20numro%2016+CID_c0a8fe3932956117283474018619f54e&amp;utm_source=Email%20marketing%20software&amp;utm_term=Lire%20la%20mme%20chose%20en%20ligne\">Quel est le lien entre Louise Michel, Marguerite Duras et les sorci\u00e8res ? Xavi\u00e8re Gauthier<\/a> (Les Glorieuses)<\/p>\n\n\n\n<p><a href=\"https:\/\/www.axellemag.be\/penser-lamour-et-la-sexualite-en-sorcieres\/\">Penser l\u2019amour et la sexualit\u00e9 en sorci\u00e8res<\/a> (Axelle Magazine)&nbsp;<\/p>\n\n\n\n<p><a href=\"https:\/\/www.axellemag.be\/six-revolutionnaires-de-l-amour\/\">Six femmes qui ont r\u00e9volutionn\u00e9 l&rsquo;amour <\/a>(Axelle Magazine)<\/p>\n\n\n\n<p><strong><a href=\"https:\/\/www.revue-ballast.fr\/paule-minck-le-socialisme-aux-femmes\/\">Paule Minck : le socialisme aux femmes<\/a> (Ballast)<\/strong><\/p>\n\n\n\n<figure class=\"wp-block-image size-full is-resized is-style-default\"><img data-recalc-dims=\"1\" loading=\"lazy\" decoding=\"async\" src=\"https:\/\/i0.wp.com\/www.rdpemancipation.org\/wp-content\/uploads\/2022\/02\/paumi-1.jpg?resize=377%2C377&#038;ssl=1\" alt=\"\" class=\"wp-image-69427\" width=\"377\" height=\"377\" srcset=\"https:\/\/i0.wp.com\/www.rdpemancipation.org\/wp-content\/uploads\/2022\/02\/paumi-1.jpg?w=300&amp;ssl=1 300w, https:\/\/i0.wp.com\/www.rdpemancipation.org\/wp-content\/uploads\/2022\/02\/paumi-1.jpg?resize=150%2C150&amp;ssl=1 150w\" sizes=\"auto, (max-width: 377px) 100vw, 377px\" \/><\/figure>\n\n\n\n<p><a href=\"https:\/\/scontent-frx5-2.xx.fbcdn.net\/v\/t39.30808-6\/s960x960\/272927347_3153815788273004_3364811451975517825_n.jpg?_nc_cat=109&amp;ccb=1-5&amp;_nc_sid=8bfeb9&amp;_nc_ohc=xh4q2i1yW2sAX9yEAlr&amp;_nc_ht=scontent-frx5-2.xx&amp;oh=00_AT_AvkramriYYUO91l_rnVXRA3etLE6qxvmk-mYX8h0T3g&amp;oe=61FE48B4\">Double standard dans la parent\u00e9<\/a> (ang- Huff Post)<\/p>\n\n\n\n<p><a href=\"https:\/\/entreleslignesentrelesmots.blog\/2022\/01\/31\/romani-herstory-reinscrire-les-femmes-roms-dans-lhistoire\/\">Romani Herstory&nbsp;: r\u00e9inscrire les femmes roms dans&nbsp;l\u2019Histoire<\/a> (Entre les mots)<\/p>\n\n\n\n<p><strong><mark style=\"background-color:rgba(0, 0, 0, 0);color:#f20509\" class=\"has-inline-color\">3 F\u00e9vrier en continu<\/mark><\/strong><\/p>\n\n\n\n<p><a href=\"https:\/\/mobile.france.tv\/france-2\/infrarouge\/2137721-femmes-de-la-rue-a-l-abri.html\">Infrarouge&nbsp;: Femmes de la rue \u00e0 l\u2019abri<\/a> (France2)<\/p>\n\n\n\n<p><a href=\"https:\/\/lanticapitaliste.org\/actualite\/feminisme\/violences-faites-aux-femmes-darmanin-est-ne-avant-la-honte\">Violences faites aux femmes : Darmanin est n\u00e9 avant la honte<\/a> (L\u2019Anticapitaliste)<\/p>\n\n\n\n<p><a href=\"https:\/\/www.axellemag.be\/tradwives-des-influenceuses-cathos-tissent-leur-toile\/\">\u201cTradwives\u201d : des influenceuses cathos tissent leur toile<\/a> (Axelle Magazine)&nbsp;<\/p>\n\n\n\n<p><a href=\"https:\/\/www.la-croix.com\/France\/violences-sexuelles-augmentent-33-2021-2022-01-27-1201197107?utm_source=newsletterp&amp;utm_medium=email&amp;utm_campaign=welcome_media_test&amp;utm_content=20220127\">Les violences sexuelles augmentent de 33&nbsp;% en 2021<\/a> (La Croix)<\/p>\n\n\n\n<p>Analyse<\/p>\n\n\n\n<p><a href=\"http:\/\/www.regards.fr\/actu\/article\/infographies-testosterometre-2021-rien-de-tel-qu-un-homme-de-droite-pour-passer\">Infographies. Testost\u00e9rom\u00e8tre 2021 : rien de tel qu&rsquo;un homme de droite pour passer \u00e0 la t\u00e9l\u00e9 !<\/a> (Regards)<\/p>\n\n\n\n<p>&nbsp;<\/p>\n\n\n\n<figure class=\"wp-block-image size-full is-resized is-style-default\"><img data-recalc-dims=\"1\" loading=\"lazy\" decoding=\"async\" src=\"https:\/\/i0.wp.com\/www.rdpemancipation.org\/wp-content\/uploads\/2022\/02\/Capture-decran-2022-02-02-a-21.41.52-1.png?resize=537%2C659&#038;ssl=1\" alt=\"\" class=\"wp-image-69339\" width=\"537\" height=\"659\" srcset=\"https:\/\/i0.wp.com\/www.rdpemancipation.org\/wp-content\/uploads\/2022\/02\/Capture-decran-2022-02-02-a-21.41.52-1.png?w=468&amp;ssl=1 468w, https:\/\/i0.wp.com\/www.rdpemancipation.org\/wp-content\/uploads\/2022\/02\/Capture-decran-2022-02-02-a-21.41.52-1.png?resize=245%2C300&amp;ssl=1 245w\" sizes=\"auto, (max-width: 537px) 100vw, 537px\" \/><\/figure>\n\n\n\n<p><a href=\"https:\/\/www.humanite.fr\/societe\/egalite-hommes-femmes\/pourquoi-les-femmes-ont-ete-astreintes-au-piano-et-autres-eclairages#xtor=RSS-1\">Pourquoi les femmes astreintes au piano, histoire sexiste de la musique classique<\/a> (L\u2019Humanit\u00e9)&nbsp;<\/p>\n\n\n\n<p><a href=\"https:\/\/www.humanite.fr\/en-debat\/afghanistan\/comment-aider-les-femmes-afghanes-736837#xtor=RSS-1\">Comment aider les femmes afghanes ?<\/a>&nbsp; (L\u2019Humanit\u00e9)<\/p>\n\n\n\n<p><strong><a href=\"https:\/\/basta.media\/Feminicides-lutte-contre-les-violences-sexuelles-MeToo-bilan-du-quinquennat-Macron-presidentielle-2022\">Ce quinquennat a rat\u00e9 #MeToo : face aux violences, beaucoup de com\u2019 et peu d\u2019actions <\/a>( Basta!)<\/strong><\/p>\n\n\n\n<p><strong><a href=\"https:\/\/blogs.mediapart.fr\/jean-marc-b\/blog\/020222\/chantons-sans-peur-cancion-sin-miedo\">Chantons sans peur ! Cancion sin miedo ! <\/a>-vid\u00e9os<\/strong><\/p>\n\n\n\n<p><a href=\"https:\/\/www.axellemag.be\/les-femmes-en-couple-hetero-heureuses-sous-le-socialisme\/\">Les femmes en couple h\u00e9t\u00e9ro, heureuses sous le socialisme ?<\/a> (Axelle Magazine)&nbsp;<\/p>\n\n\n\n<p><a href=\"https:\/\/email.mg2.substack.com\/c\/eJw9Ud1uhiAMfZqPO40CyucFF7vZa5gK1bEhOH5cfPvVfckS0nJKT084NVBwi-nSR8yF3WEu14E64E_2WAomVjOm2VndS9WraRLMamn75_BkLs9rQtzBeV1SRXbUxTsDxcVwM7iYxq5jHxqN6fnUG1B24GocCS98GfsnjKO1Bl_CUK3DYFDjiemKAZnXH6Uc-SHeHvydjoHDJdzj2ca0EV4TBQjgr4x0O13094AGGo8bJNtYzM2K-04pxJoJnzHkxkNj4r5AKQmpduMFMjZYmiPWROz8V8g0lDnNO867XnSUlRAtb4UUkwIlh67jkuPafn2vafs8w0N2-8bbXJdcwHy1pMKS_tyXmjb6Hj2baLGgbwOW1sbbsZma9hpcuWYMsHi0LzPLayd_9s4bBky0KztD0f0oxaCkHAbaycs7cluqaeBSSUbqNhIr6H-_1gTBgMu_5d-p5A\">Violence \u00e0 l\u2019\u00e9gard des femmes : nous devons la combattre de la base et pour les bases<\/a> (Capire)<\/p>\n\n\n\n<p><a href=\"https:\/\/marcelle.media\/inceste-combat-continue\/?utm_source=rss&amp;utm_medium=rss&amp;utm_campaign=inceste-combat-continue\">Inceste, le combat continue<\/a> (Marcelle)<\/p>\n\n\n\n<p><a href=\"https:\/\/youtu.be\/XBNUr_wjO2w\">La langue fran\u00e7aise est-elle misogyne?<\/a> (QG)<\/p>\n\n\n\n<p><mark style=\"background-color:rgba(0, 0, 0, 0);color:#a30004\" class=\"has-inline-color\"><strong><strong><mark style=\"background-color:rgba(0, 0, 0, 0);color:#f20509\" class=\"has-inline-color\">2 F\u00e9vrier en continu<\/mark><\/strong><\/strong><\/mark><\/p>\n\n\n\n<p><a href=\"https:\/\/www.francetvinfo.fr\/societe\/harcelement-sexuel\/balance-ton-bar-une-enquete-ouverte-pour-viol-a-nancy-apres-un-temoignage-anonyme_4937267.html\">\u00ab\u00a0Balance ton bar\u00a0\u00bb : une enqu\u00eate ouverte pour viol \u00e0 Nancy apr\u00e8s un t\u00e9moignage anonyme<\/a> (France Info)<\/p>\n\n\n\n<p><strong><a href=\"https:\/\/solidaires.org\/Pour-une-reconnaissance-effective-des-motifs-d-asile-propres-aux-femmes-aux\">Pour reconnaissance motifs d&rsquo;asile propres aux femmes, filles et personnes LGBTIQA+<\/a> (Solidaires)<\/strong><\/p>\n\n\n\n<figure class=\"wp-block-image is-resized is-style-default\"><img data-recalc-dims=\"1\" loading=\"lazy\" decoding=\"async\" src=\"https:\/\/i0.wp.com\/static.mediapart.fr\/etmagine\/default\/files\/2022\/02\/02\/le-tricheur-a-las-de-carreau-georges-de-la-tour-vers-1635.jpg?resize=438%2C300&#038;ssl=1\" alt=\"le-tricheur-a-las-de-carreau-georges-de-la-tour-vers-1635\" width=\"438\" height=\"300\"\/><\/figure>\n\n\n\n<p><a href=\"https:\/\/lempaille.fr\/nous-navons-pas-dautre-choix-que-detre-solidaires-entre-femmes\">\u00ab Nous n\u2019avons pas d\u2019autres choix que d\u2019\u00eatre solidaires entre femmes \u00bb<\/a> ( L\u2019Empaill\u00e9)<\/p>\n\n\n\n<figure class=\"wp-block-image is-resized is-style-default\"><img data-recalc-dims=\"1\" loading=\"lazy\" decoding=\"async\" src=\"https:\/\/i0.wp.com\/lempaille.fr\/wp-content\/uploads\/2022\/01\/Capture-de%CC%81cran-2022-01-20-a%CC%80-13.56.04.png?resize=439%2C476&#038;ssl=1\" alt=\"\" class=\"wp-image-918\" width=\"439\" height=\"476\"\/><\/figure>\n\n\n\n<p><a href=\"http:\/\/euractiv.fr\/section\/economie\/news\/economie-des-plateformes-des-mesures-doivent-etre-prises-pour-remedier-aux-inegalites-hommes-femmes-selon-un-rapport\/\">\u00c9conomie des plateformes&nbsp;: mesures doivent \u00eatre prises pour rem\u00e9dier in\u00e9galit\u00e9s H\/F<\/a>&nbsp; (Euractiv)<\/p>\n\n\n\n<p><a href=\"https:\/\/mobile.france.tv\/france-2\/infrarouge\/2932271-alcool-au-feminin.html\">Infrarouge&nbsp;: alcool au f\u00e9minin<\/a> (France2)<\/p>\n\n\n\n<p><a href=\"https:\/\/europe-solidaire.us8.list-manage.com\/track\/click?u=5c732dd5ee65845cf20fd724a&amp;id=1da16c95cc&amp;e=5df9c98670\">Homosexualit\u00e9, infid\u00e9lit\u00e9 : un film arabe sur Netflix d\u00e9clenche un toll\u00e9 en \u00c9gypte<\/a> (ESSF)<\/p>\n\n\n\n<p>Analyse<\/p>\n\n\n\n<p><a href=\"https:\/\/www.ldh-france.org\/dl-196-debout-les-femmes-un-film-de-gilles-perret-et-francois-ruffin\/\">Debout les femmes ! Un film de Gilles Perret et Fran\u00e7ois Ruffin.<\/a> (Ligue des droits de l\u2019Homme)<\/p>\n\n\n\n<p><a href=\"https:\/\/www.francetvinfo.fr\/societe\/violences-faites-aux-femmes\/delinquance-a-paris-les-vols-et-violences-en-baisse-mais-les-violences-faites-aux-femmes-en-hausse-en-2021_4937147.html\">Paris : les vols et violences en baisse, mais les violences faites aux femmes en hausse en 2021<\/a> (France Info)<\/p>\n\n\n\n<p><a href=\"https:\/\/email.mg2.substack.com\/c\/eJw9kUFuxCAMRU8z7BIRIMNkwaKbXiNywKS0BFJDpsrtSzpSJfQBGePvZwsV10yn2XOp7JK5njuahD8lYq1I7ChIc3BmUHrQ0ySZM8oNj_HBQpk9IW4Qoql0INuPJQYLNeR0ZQg53TlnH8Y6FFaDX0Ah93IRWmoNyj3uwo0Lx1dhOFzAZNHgE-nMCVk0H7Xu5SbfbuK9LQt7INzys8-0trunJpAgngWv04YUvg_sYrOQsMPaWSAIC5auWExAIXeEa7MH8Yo69KE07SpBKj7T9ue9fcWCEVwIPkjedi1lL3qp5KRBq5FzoQT6_uvb0_r5TDfFt1X05VhKBfvV27wxMp_bctDammphmx1WjH3C2rt8cZrbo-1IoZ5zM7ZEdC-E9TWJP6jzigmpTcjNUM1wV3LUSo1jm8SLWGOs9DQKpRVr1V1uWcn8U_KtKwuh_ALl1qch\">Am\u00e9rique latine et Cara\u00efbes : sc\u00e9nario r\u00e9gional et d\u00e9fis de transformation<\/a> (Capire)<\/p>\n\n\n\n<p>&nbsp;<a href=\"https:\/\/email.mg2.substack.com\/c\/eJw9Uctu5CAQ_JrhhoUB2-MDh1z2N6w2tB0SHl5oT-S_D96RVkLdvIqiqiwQ7rlc5siV2F0Wug40CX9qQCIs7KxYFu9Mr6d-mmfFnNGufw5P5uuyFcQIPhgqJ7LjXIO3QD6nGyHVPArBPs2s3QjDc7Lj3B4YRD88R5BqcGJdrdzgTQyn85gsGnxhuXJCFswn0VEf6uMh_7Rh4fAFY351uextvZVWIEG4KrZZwMo3jPFuORHfwCIH3nQAcSQO573vIGIiCL5G5AdQ8VAsBH7ks_DYNBfkm083EPjL53D_iWPiPrmbhXkjhZSiV6L1SalOdkqreYJJD0JILXHrvv9uZf96pYcWcZddPddKYL87myMr5iuuZ9mb3nZss0PC0CWkzuXbwqVdimfydC2YYA3o3u7SO6R_fi87JiwtPLcAmX7Uapi0HoYW0tvMZr-e5kHqSbPG7nJDJfPfwK1AsuDrL33Zr14\">Les femmes font face \u00e0 l\u2019\u00c9tat et au fondamentalisme patriarcal pour mettre fin \u00e0 la violence en Inde<\/a> (Capire)<\/p>\n\n\n\n<p><strong><mark style=\"background-color:rgba(0, 0, 0, 0);color:#f20509\" class=\"has-inline-color\">1er F\u00e9vrier en continu<\/mark><\/strong><\/p>\n\n\n\n<p><strong><a href=\"https:\/\/truthout.org\/articles\/46-senators-wage-campaign-to-end-global-gag-rule-restricting-abortion-access\/\">46 s\u00e9nateurs US pour supprimer interdiction avortement dans programmes aide d\u00e9veloppement<\/a> (ang-Truthout)<\/strong><\/p>\n\n\n\n<p><a href=\"https:\/\/www.francetvinfo.fr\/societe\/feminicides\/feminicide-a-paris-ce-que-l-on-sait-du-meurtre-d-une-jeune-femme-et-du-policier-suspecte-toujours-recherche_4935511.html\">F\u00e9minicide Paris : ce que l&rsquo;on sait du meurtre d&rsquo;une jeune femme et du policier suspect\u00e9 recherch\u00e9<\/a> (France Info)<\/p>\n\n\n\n<p><a href=\"https:\/\/www.francetvinfo.fr\/societe\/harcelement-sexuel\/video-agressions-sexuelles-trois-victimes-d-anciens-dirigeants-du-refuge-temoignent_4935729.html\">Vid\u00e9o. Agressions sexuelles : trois victimes d&rsquo;anciens dirigeants du Refuge t\u00e9moignent<\/a> (France Info)<\/p>\n\n\n\n<p><a href=\"https:\/\/www.numerama.com\/politique\/830021-les-pubs-ciblees-en-fonction-de-lorientation-sexuelle-ou-de-la-religion-vont-etre-interdites-en-europe.html\">Les pubs cibl\u00e9es en fonction de l\u2019orientation sexuelle ou de la religion vont \u00eatre interdites en Europe<\/a> (Numerama)<\/p>\n\n\n\n<p><a href=\"https:\/\/www.mediapart.fr\/journal\/france\/310122\/climat-sexualise-un-avocat-influent-sanctionne-en-appel\">\u00abClimat sexualis\u00e9\u00bb: un avocat influent sanctionn\u00e9 en appel<\/a> (M\u00e9diapart)<\/p>\n\n\n\n<p>Analyse<\/p>\n\n\n\n<p><a href=\"https:\/\/info.mediapart.fr\/optiext\/optiextension.dll?ID=JbaJfeDM8sgX54IrK0LJ1cAFdbRd6yxYQOJRpi87KpmOPH4ZRhn7Qz85021xZgHT637pG34IgD7F_u5LYh0oAUaUNrTlB\">Inceste maternel&nbsp;:&nbsp;18 ans d&rsquo;amn\u00e9sie, 10 ans pour retrouver la m\u00e9moire<\/a> -MarineL.abo<\/p>\n\n\n\n<p><strong><a href=\"https:\/\/mouvements.info\/lutopie-feministe-en-2021-juste-la-paix-dans-le-monde-comme-miss-france-ou-une-radicalite-nouvelle\/\">Utopie f\u00e9ministe 2021: La paix dans le monde, comme Miss France ou radicalit\u00e9 nouvelle ?<\/a> (Mouvements)<\/strong><\/p>\n\n\n\n<p><a href=\"https:\/\/expansive.info\/S-occuper-de-son-sperme-et-etre-contacepte-e-3082\">S\u2019occuper de son sperme et \u00eatre contracept\u00e9\u00b7e<\/a> (Expansive)<\/p>\n\n\n\n<figure class=\"wp-block-image is-resized is-style-default\"><img loading=\"lazy\" decoding=\"async\" src=\"https:\/\/scontent.fhex4-1.fna.fbcdn.net\/v\/t39.30808-6\/273155150_2770353409925285_8876158379913406292_n.jpg?_nc_cat=102&amp;ccb=1-5&amp;_nc_sid=a26aad&amp;_nc_eui2=AeGaiEU7hbVFdxfQADV1JQqj4hoDymwdHhDiGgPKbB0eEC865Pg2tXyfp8YsTdyZWkI&amp;_nc_ohc=GPXVuAGTS4MAX8NjC-B&amp;_nc_ht=scontent.fhex4-1.fna&amp;oh=00_AT_1vXJ9_ZwAp25fv1GRgD92Kk781_T8dpxsib48FDDNVA&amp;oe=61FE7FC4\" alt=\"Peut \u00eatre une image de plein air\" width=\"599\" height=\"448\"\/><figcaption><sub>Un des hommes de main de la pr\u00e9sidence de Nanterre qui bousculent, harc\u00e8lent, insultent \u00e9lu.e.s \u00e9tudiant.e.s\u2026 <\/sub><br><sub>et se permettent propos ultra-sexistes ! La vid\u00e9o des propos : <a href=\"https:\/\/fb.watch\/aUIjmKFMnW\/?fbclid=IwAR38qvgIofMKW0hIqheGrFsDmpmYlu1ncrVzmRaZpyBgO7xWLi6PTADkQeA\" rel=\"noreferrer noopener\" target=\"_blank\">https:\/\/fb.watch\/aUIjmKFMnW\/<\/a><\/sub><\/figcaption><\/figure>\n","protected":false},"excerpt":{"rendered":"<p>28 F\u00e9vrier en continu Sexisme dans les m\u00e9dias: et bim dans ta face! (Lib\u00e9ration) Blocage contre le projet minier d\u2019AntaKori : Les femmes et les communaut\u00e9s p\u00e9ruviennes en r\u00e9sistance (Capire) Argentine : \u00ab Le combat pour le droit \u00e0 l\u2019avortement ne s\u2019est pas arr\u00eat\u00e9 avec l\u2019adoption de la loi \u00bb (Capire) Honduras : organisation f\u00e9ministe &#8230; <a title=\"F\u00e9vrier &#8211; F\u00e9minisme \/ LGBT+\" class=\"read-more\" href=\"https:\/\/www.rdpemancipation.org\/?p=68936\" aria-label=\"En savoir plus sur F\u00e9vrier &#8211; F\u00e9minisme \/ LGBT+\">Lire la suite<\/a><\/p>\n","protected":false},"author":1,"featured_media":0,"comment_status":"closed","ping_status":"closed","sticky":false,"template":"","format":"standard","meta":{"_lmt_disableupdate":"no","_lmt_disable":"no","_jetpack_memberships_contains_paid_content":false,"footnotes":""},"categories":[12],"tags":[],"class_list":["post-68936","post","type-post","status-publish","format-standard","hentry","category-feminisme"],"modified_by":"jmb","jetpack_featured_media_url":"","jetpack_sharing_enabled":true,"_links":{"self":[{"href":"https:\/\/www.rdpemancipation.org\/index.php?rest_route=\/wp\/v2\/posts\/68936","targetHints":{"allow":["GET"]}}],"collection":[{"href":"https:\/\/www.rdpemancipation.org\/index.php?rest_route=\/wp\/v2\/posts"}],"about":[{"href":"https:\/\/www.rdpemancipation.org\/index.php?rest_route=\/wp\/v2\/types\/post"}],"author":[{"embeddable":true,"href":"https:\/\/www.rdpemancipation.org\/index.php?rest_route=\/wp\/v2\/users\/1"}],"replies":[{"embeddable":true,"href":"https:\/\/www.rdpemancipation.org\/index.php?rest_route=%2Fwp%2Fv2%2Fcomments&post=68936"}],"version-history":[{"count":81,"href":"https:\/\/www.rdpemancipation.org\/index.php?rest_route=\/wp\/v2\/posts\/68936\/revisions"}],"predecessor-version":[{"id":73598,"href":"https:\/\/www.rdpemancipation.org\/index.php?rest_route=\/wp\/v2\/posts\/68936\/revisions\/73598"}],"wp:attachment":[{"href":"https:\/\/www.rdpemancipation.org\/index.php?rest_route=%2Fwp%2Fv2%2Fmedia&parent=68936"}],"wp:term":[{"taxonomy":"category","embeddable":true,"href":"https:\/\/www.rdpemancipation.org\/index.php?rest_route=%2Fwp%2Fv2%2Fcategories&post=68936"},{"taxonomy":"post_tag","embeddable":true,"href":"https:\/\/www.rdpemancipation.org\/index.php?rest_route=%2Fwp%2Fv2%2Ftags&post=68936"}],"curies":[{"name":"wp","href":"https:\/\/api.w.org\/{rel}","templated":true}]}}