{"id":68934,"date":"2022-02-01T09:26:20","date_gmt":"2022-02-01T08:26:20","guid":{"rendered":"https:\/\/www.rdpemancipation.org\/?p=68934"},"modified":"2022-03-01T00:25:39","modified_gmt":"2022-02-28T23:25:39","slug":"fevrier-antiracisme","status":"publish","type":"post","link":"https:\/\/www.rdpemancipation.org\/?p=68934","title":{"rendered":"F\u00e9vrier &#8211; Antiracisme"},"content":{"rendered":"\n<p><strong><mark style=\"background-color:rgba(0, 0, 0, 0);color:#ae1212\" class=\"has-inline-color\">1er Mars en continu<\/mark><\/strong><\/p>\n\n\n\n<p><strong><a href=\"https:\/\/www.youtube.com\/watch?v=N_DE1I6Cj-Q\">Le bal des faux-culs\u00a0: Bourlanges et Corb\u00e9, la honte\u00a0!<\/a> (Cemil choses)<\/strong><\/p>\n\n\n\n<p><strong><mark style=\"background-color:rgba(0, 0, 0, 0);color:#bf1c1c\" class=\"has-inline-color\">27 F\u00e9vrier en continu<\/mark><\/strong><\/p>\n\n\n\n<p><a href=\"https:\/\/lahorde.samizdat.net\/Violence-d-extreme-droite-au-sein-de-l-universite-reagissons?fbclid=IwAR0LvMqKNmkhi_15hlfIbzqD5n2YYifgTt1g6m9M42qhsOQNzEITTlxn5E4\" title=\"Communiqu\u00e9 Sud \u00c9ducation Recherche 86 en r\u00e9action aux agressions fascistes \u00e0 la fac cette semaine\">Communiqu\u00e9 Sud \u00c9ducation Recherche 86 en r\u00e9action aux agressions fascistes \u00e0 la fac cette semaine<\/a> LaHordre)<\/p>\n\n\n\n<p><strong><mark style=\"background-color:rgba(0, 0, 0, 0);color:#bf1c1c\" class=\"has-inline-color\">25 F\u00e9vrier en continu<\/mark><\/strong><\/p>\n\n\n\n<p><a href=\"https:\/\/www.saphirnews.com\/Les-mots-pieges-du-debat-republicain-a-l-assaut-du-mot-islamophobie_a28655.html\">Les mots pi\u00e9g\u00e9s du d\u00e9bat r\u00e9publicain : \u00e0 l\u2019assaut du mot \u00ab islamophobie \u00bb<\/a> (SaphirNews)&nbsp;<\/p>\n\n\n\n<p><a href=\"https:\/\/www.streetpress.com\/sujet\/1645634876-hopital-americain-neuilly-seine-infirmiere-victime-racisme-harcelement-moral\">\u00c0 l\u2019h\u00f4pital Am\u00e9ricain, une infirmi\u00e8re victime de racisme tente de se suicider<\/a> (StreetPress)<\/p>\n\n\n\n<p><strong><mark style=\"background-color:rgba(0, 0, 0, 0);color:#bf1c1c\" class=\"has-inline-color\">23 F\u00e9vrier en continu<\/mark><\/strong><\/p>\n\n\n\n<p><a href=\"https:\/\/dijoncter.info\/auxerre-rassemblement-contre-le-racisme-et-et-la-xenophobie-samedi-19-mars-2022-3456\">[Auxerre] Rassemblement contre le racisme et la x\u00e9nophobie le 19&nbsp;mars 2022<\/a> (Dijoncter)<\/p>\n\n\n\n<p><a href=\"https:\/\/orientxxi.info\/magazine\/grand-remplacement-et-ethnodifferentialisme-les-nouveaux-masques-du-racisme,5392\">\u00ab&nbsp;Grand remplacement&nbsp;\u00bb et ethnodiff\u00e9rentialisme, les nouveaux masques du racisme<\/a>&nbsp; (Orient XXI)<\/p>\n\n\n\n<figure class=\"wp-block-image is-resized is-style-default\"><img data-recalc-dims=\"1\" loading=\"lazy\" decoding=\"async\" src=\"https:\/\/i0.wp.com\/mamot.fr\/system\/media_attachments\/files\/107\/795\/618\/647\/428\/640\/original\/11cc0853fa7f15ac.png?resize=402%2C402&#038;ssl=1\" alt=\"\" width=\"402\" height=\"402\"\/><\/figure>\n\n\n\n<p><a href=\"https:\/\/rapportsdeforce.fr\/classes-en-lutte\/racisme-et-sexisme-au-travail-des-luttes-qui-simposent-dans-les-conflits-sociaux-022212816\">Racisme et sexisme au travail : des luttes qui s\u2019imposent dans les conflits sociaux <\/a>(Rapports de Force)<\/p>\n\n\n\n<p><strong><mark style=\"background-color:rgba(0, 0, 0, 0);color:#bf1c1c\" class=\"has-inline-color\">22 F\u00e9vrier en continu<\/mark><\/strong><\/p>\n\n\n\n<p><a href=\"https:\/\/lundi.am\/Accuse-de-terrorisme-le-peche-du-musulman-militant\">Accus\u00e9 de terrorisme&nbsp;: le p\u00e9ch\u00e9 du musulman militant<\/a> -Nordine Sa\u00efdi<\/p>\n\n\n\n<p><a href=\"https:\/\/www.francetvinfo.fr\/sports\/handball\/handball-des-insultes-racistes-proferees-samedi-lors-du-match-beaune-belfort-en-nationale-1_4972245.html\">Handball : des insultes racistes prof\u00e9r\u00e9es samedi lors du match Beaune-Belfort en Nationale 1<\/a> (France Info)<\/p>\n\n\n\n<p><strong><mark style=\"background-color:rgba(0, 0, 0, 0);color:#bf1c1c\" class=\"has-inline-color\">17 F\u00e9vrier en continu<\/mark><\/strong><\/p>\n\n\n\n<p><a href=\"https:\/\/www.theguardian.com\/us-news\/2022\/feb\/15\/new-york-facial-recognition-stop-and-frisk-nypd?CMP=Share_iOSApp_Other\">Ville de New York concentre la reconnaissance faciale dans les quartiers de minorit\u00e9s<\/a> (anglais -The Guardian)<\/p>\n\n\n\n<p><a href=\"https:\/\/www.arretsurimages.net\/chroniques\/le-matinaute\/contre-bollore-la-haine\">Contre Bollor\u00e9-la-haine<\/a> (Arr\u00eat sur images)<\/p>\n\n\n\n<p><a href=\"https:\/\/www.equaltimes.org\/racisme-harcelement-le-geant-rio\">Racisme, harc\u00e8lement\u2026 le g\u00e9ant Rio Tinto min\u00e9 par sa culture d&rsquo;entreprise<\/a> ( Equal Times)<\/p>\n\n\n\n<p><a href=\"https:\/\/www.humanite.fr\/politique\/valerie-pecresse\/grand-remplacement-aux-origines-dune-theorie-raciste-738474#xtor=RSS-1\">\u00ab Grand remplacement \u00bb, aux origines d&rsquo;une th\u00e9orie raciste<\/a> (L\u2019Humanit\u00e9)<\/p>\n\n\n\n<figure class=\"wp-block-image is-resized is-style-default\"><img data-recalc-dims=\"1\" loading=\"lazy\" decoding=\"async\" src=\"https:\/\/i0.wp.com\/static.mediapart.fr\/etmagine\/default\/files\/2022\/02\/16\/2022-02-16-14-49-53-galerie-des-dessins-charlie-hebdo.png?resize=337%2C398&#038;ssl=1\" alt=\"2022-02-16-14-49-53-galerie-des-dessins-charlie-hebdo\" width=\"337\" height=\"398\"\/><\/figure>\n\n\n\n<p><strong><mark style=\"background-color:rgba(0, 0, 0, 0);color:#bf1c1c\" class=\"has-inline-color\">15 F\u00e9vrier en continu<\/mark><\/strong><\/p>\n\n\n\n<p><a href=\"https:\/\/info.mediapart.fr\/optiext\/optiextension.dll?ID=z76z65P3RPJR_vijN7nKHb0xNwH36wQ3Y8ivA7SaucF69ZFjrrV0mDdRvuZ7ZT4N6eYuOOB9n4m1qxSR0A8bvKrqKzCzp\">Le racisme d\u00e8s la maternit\u00e9 : Parents, votre t\u00e9moignage nous int\u00e9resse !<\/a>&#8211; Lou Syrah<\/p>\n\n\n\n<p><a href=\"https:\/\/www.streetpress.com\/sujet\/1644836299-cris-singe-insultes-accuse-general-racisme-ministere-interieur-discriminations\">Cris de singe et insultes, Fatiha accuse un g\u00e9n\u00e9ral de racisme<\/a> (StreetPress)&nbsp;<\/p>\n\n\n\n<p><a href=\"https:\/\/info.mediapart.fr\/optiext\/optiextension.dll?ID=z76z803tZ50Wt%2BTWuA7VygsfuvQ%2By48%2B2tsSlb9EkOyvyXDjrSi3IyDQoXiqY5UB3w0W7NssN0J_7x7uOcP3vE8KB0krw\">Mosqu\u00e9e de Bayonne&nbsp;: l\u2019attentat que les autorit\u00e9s n\u2019ont pas voulu voir<\/a> (MDP)<\/p>\n\n\n\n<p><strong><a href=\"https:\/\/www.humanite.fr\/social-eco\/travailleurs-sans-papiers\/chantage-et-racket-contre-des-eboueurs-sans-papiers-nos\">Chantage et racket contre des \u00e9boueurs sans-papiers<\/a> (L\u2019Humanit\u00e9)<\/strong><\/p>\n\n\n\n<p><strong><strong><strong><strong><a href=\"https:\/\/blogs.mediapart.fr\/jean-marc-b\/blog\/011221\/economie-mondiale-la-pression-sur-le-travail-et-la-nature-va-s-accentuer\"><mark style=\"background-color:rgba(0, 0, 0, 0);color:#f25f0d\" class=\"has-inline-color\"> 13 F\u00e9vrier en continu <\/mark><\/a><\/strong><\/strong><\/strong><\/strong><\/p>\n\n\n\n<p><strong><a href=\"https:\/\/info.mediapart.fr\/optiext\/optiextension.dll?ID=TpoTm5p7XeetJghwGfA5WAiBr%2BjmOgRQyqYtIj%2BryLOXPxs9Kz1Q__BXna0D_dXQLXG%2BvEvxn%2Bg6O5ffymyJ__uSZFgfW\">\u00ab&nbsp;Notre parole ne sera pas musel\u00e9e&nbsp;\u00bb&nbsp;:&nbsp;l&rsquo;appel du Comit\u00e9 Adama<\/a> (MDP)<\/strong><\/p>\n\n\n\n<p><a href=\"https:\/\/www.lemediatv.fr\/emissions\/2022\/la-question-raciale-est-une-question-explosive-en-france-D22cUM_PQpic9uPLqZu2cg\">\u00ab\u00a0La question raciale est une question explosive en France\u00a0\u00bb<\/a> (Le M\u00e9dia)<\/p>\n\n\n\n<p><strong><strong><strong><strong><a href=\"https:\/\/blogs.mediapart.fr\/jean-marc-b\/blog\/011221\/economie-mondiale-la-pression-sur-le-travail-et-la-nature-va-s-accentuer\"><mark style=\"background-color:rgba(0, 0, 0, 0);color:#f25f0d\" class=\"has-inline-color\"> 12 F\u00e9vrier en continu <\/mark><\/a><\/strong><\/strong><\/strong><\/strong><\/p>\n\n\n\n<p><strong><a href=\"https:\/\/blogs.mediapart.fr\/jean-marc-b\/blog\/120222\/marchons-ensemble-pour-que-toutes-les-vies-comptent\">Marchons ensemble pour que toutes les vies comptent<\/a> -Collectif<\/strong><\/p>\n\n\n\n<figure class=\"wp-block-image is-resized is-style-default\"><img data-recalc-dims=\"1\" loading=\"lazy\" decoding=\"async\" src=\"https:\/\/i0.wp.com\/nouveaupartianticapitaliste.org\/sites\/default\/files\/styles\/largeur_content_hauteur_complet\/public\/03_-_france_-_ally_for_justice_for_adama_traore_and_georges_floyds_-_img_7202-modifier-modifier_11.jpg?resize=503%2C335&#038;ssl=1\" alt=\"\" width=\"503\" height=\"335\"\/><\/figure>\n\n\n\n<p><a href=\"https:\/\/www.placegrenet.fr\/2022\/02\/11\/cinq-mois-de-prison-ferme-pour-lauteur-de-degradations-dans-des-lieux-de-priere-musulman-de-domene-et-la-mure\/560139\">5 mois prison pour auteur d\u00e9gradations dans lieux de pri\u00e8re musulman Dom\u00e8ne et La Mure<\/a> (Place Grenet)<\/p>\n\n\n\n<p><strong><strong><strong><strong><a href=\"https:\/\/blogs.mediapart.fr\/jean-marc-b\/blog\/011221\/economie-mondiale-la-pression-sur-le-travail-et-la-nature-va-s-accentuer\"><mark style=\"background-color:rgba(0, 0, 0, 0);color:#f25f0d\" class=\"has-inline-color\"> 11 F\u00e9vrier en continu <\/mark><\/a><\/strong><\/strong><\/strong><\/strong><\/p>\n\n\n\n<figure class=\"wp-block-image is-resized is-style-default\"><img loading=\"lazy\" decoding=\"async\" src=\"https:\/\/scontent.fhex4-2.fna.fbcdn.net\/v\/t39.30808-6\/p526x296\/273532578_2777419859218640_2922400781807941423_n.jpg?_nc_cat=109&amp;ccb=1-5&amp;_nc_sid=8bfeb9&amp;_nc_ohc=QIsEJA6zLxoAX971hk7&amp;_nc_ht=scontent.fhex4-2.fna&amp;oh=00_AT8XRuFTEwgbUh-8ngyxfVRFJkZhV-jFGiMttld1jnQvzA&amp;oe=620B9231\" alt=\"Peut \u00eatre une image de 1 personne et texte qui dit \u2019LES SANS-FACS SANS ET LEUR SOUTIENS REJOIGNENT ET POUR LA JUSTICE COT RACISME DU ADAMA SOCIALE MANIFESTATION SAMEDI 12FEVRIER PLACE DE LA R\u00c9PUBLIQUE RDV 13H- -EN FACE DU BUFFALO GRILL\u2019\" width=\"400\" height=\"400\"\/><\/figure>\n\n\n\n<p><a href=\"https:\/\/www.saphirnews.com\/Les-mots-pieges-du-debat-republicain-a-l-assaut-du-mot-racisme_a28627.html\">Les mots pi\u00e9g\u00e9s du d\u00e9bat r\u00e9publicain : \u00e0 l\u2019assaut du mot \u00ab racisme \u00bb<\/a> (SaphirNews)<\/p>\n\n\n\n<p><a href=\"http:\/\/www.slate.fr\/story\/223299\/etats-unis-discrimination-positive-universites-americaines-bientot-disparaitre-cour-supreme\">La Cour Supr\u00eame va-t-elle supprimer la discrimination positive dans les facs <strong>US<\/strong>?<\/a> (Slate)<\/p>\n\n\n\n<p><strong><strong><strong><strong><a href=\"https:\/\/blogs.mediapart.fr\/jean-marc-b\/blog\/011221\/economie-mondiale-la-pression-sur-le-travail-et-la-nature-va-s-accentuer\"><mark style=\"background-color:rgba(0, 0, 0, 0);color:#f25f0d\" class=\"has-inline-color\"> 10 F\u00e9vrier en continu <\/mark><\/a><\/strong><\/strong><\/strong><\/strong><\/p>\n\n\n\n<p><a href=\"https:\/\/info.mediapart.fr\/optiext\/optiextension.dll?ID=WstWqeD%2BUx8BvtjO0MraKVr70T_q9tW6ghgAp4Zp_OaP4d_G43YebGqtD0hsnFK3YxhUMPSIT7J4rVJvNXO3fOmYNDsyR\">Maryam Pougetoux de l\u2019Unef&nbsp;: \u00ab&nbsp;Je veux juste pouvoir porter mon voile&nbsp;\u00bb<\/a> (MDP)<\/p>\n\n\n\n<p><a href=\"https:\/\/www.theguardian.com\/world\/2022\/feb\/09\/white-supremacist-group-patriot-front-one-in-five-applicants-tied-to-us-military?CMP=Share_iOSApp_Other\" title=\"20% de militaires parmi les militants de la \u00ab supr\u00e9matie des Blancs \u00bb aux USA\">20% de militaires parmi les militants de la \u00ab supr\u00e9matie des Blancs \u00bb aux USA<\/a> (anglais -The Guardian)<\/p>\n\n\n\n<p><a href=\"https:\/\/www.francetvinfo.fr\/economie\/emploi\/metiers\/droit-et-justice\/14-000-appels-en-un-an-la-plateforme-anti-discriminations-tire-un-premier-bilan_4950330.html\">Avec 14 000 appels en un an, la plateforme anti-discriminations tire un premier bilan<\/a> (France Info)<\/p>\n\n\n\n<figure class=\"wp-block-image is-resized is-style-default\"><img data-recalc-dims=\"1\" loading=\"lazy\" decoding=\"async\" src=\"https:\/\/i0.wp.com\/static.mediapart.fr\/etmagine\/default\/files\/2022\/02\/09\/2022-02-09-13-06-31-ventre-saint-gris-le-club.png?resize=435%2C309&#038;ssl=1\" alt=\"2022-02-09-13-06-31-ventre-saint-gris-le-club\" width=\"435\" height=\"309\"\/><\/figure>\n\n\n\n<p><strong><strong><strong><strong><a href=\"https:\/\/blogs.mediapart.fr\/jean-marc-b\/blog\/011221\/economie-mondiale-la-pression-sur-le-travail-et-la-nature-va-s-accentuer\"><mark style=\"background-color:rgba(0, 0, 0, 0);color:#f25f0d\" class=\"has-inline-color\"> 9 F\u00e9vrier en continu <\/mark><\/a><\/strong><\/strong><\/strong><\/strong><\/p>\n\n\n\n<p><a href=\"https:\/\/info.mediapart.fr\/optiext\/optiextension.dll?ID=ZrqZttEuh84J1gQjJSuIq1Ap0NWyR9mVaigu7iM6SFvCid4d6Ej7aW4yEpzmkanRjJNkwnq1zxN5_eELgmaD7C_3iBjdE\">Luttes antiracistes, 40 ans pour rien ?<\/a> (MDP)<\/p>\n\n\n\n<p><a href=\"https:\/\/info.mediapart.fr\/optiext\/optiextension.dll?ID=ZrqZvVqPlIKRaxf0MvqcKlCXDvH_0GFIvG6DSP7%2BCUuyYDBJ7Sgidxa6drhCjmanpEyZFXw%2BqL567kmHjPj5DHxQA79l9\">Je suis noir<\/a> ( di\u00e8ses)<\/p>\n\n\n\n<p><a href=\"https:\/\/www.contretemps.eu\/racisme-classe-ouvriere-angleterre-antiracisme-gauche\/\">Racisme et antiracisme dans la formation de la classe ouvri\u00e8re britannique <\/a>(Contretemps)<\/p>\n\n\n\n<p><strong><strong><strong><strong><a href=\"https:\/\/blogs.mediapart.fr\/jean-marc-b\/blog\/011221\/economie-mondiale-la-pression-sur-le-travail-et-la-nature-va-s-accentuer\"><mark style=\"background-color:rgba(0, 0, 0, 0);color:#f25f0d\" class=\"has-inline-color\"> 8 F\u00e9vrier en continu <\/mark><\/a><\/strong><\/strong><\/strong><\/strong><\/p>\n\n\n\n<figure class=\"wp-block-image is-style-default\"><img data-recalc-dims=\"1\" decoding=\"async\" src=\"https:\/\/i0.wp.com\/c.tenor.com\/tw0PscbY-aoAAAAC\/kaamelott-franck-pitiot.gif?w=1200&#038;ssl=1\" alt=\"Kaamelott Franck Pitiot GIF - Kaamelott Franck Pitiot Perceval - Discover &amp;  Share GIFs\"\/><\/figure>\n\n\n\n<p><strong><strong><strong><strong><a href=\"https:\/\/blogs.mediapart.fr\/jean-marc-b\/blog\/011221\/economie-mondiale-la-pression-sur-le-travail-et-la-nature-va-s-accentuer\"><mark style=\"background-color:rgba(0, 0, 0, 0);color:#f25f0d\" class=\"has-inline-color\"> 6 F\u00e9vrier en continu <\/mark><\/a><\/strong><\/strong><\/strong><\/strong><\/p>\n\n\n\n<p><a href=\"https:\/\/www.palestine-solidarite.fr\/le-convoi-de-la-liberte-dextreme-droite-assiege-le-parlement-canadien-un-tournant-dans-leffondrement-de-la-democratie-canadienne\/\" title=\"Le \u00abconvoi de la libert\u00e9\u00bb d\u2019extr\u00eame droite assi\u00e8ge le parlement canadien\">Le \u00abconvoi de la libert\u00e9\u00bb d\u2019extr\u00eame droite assi\u00e8ge le parlement canadien<\/a>(Palestine-solidarit\u00e9)<\/p>\n\n\n\n<p><a href=\"https:\/\/lanticapitaliste.org\/actualite\/international\/ce-qui-sest-passe-avec-moise-porte-un-nom-barbarie\"><strong>Br\u00e9sil<\/strong>&#8211; Ce qui s\u2019est pass\u00e9 avec Mo\u00efse porte un nom : barbarie<\/a> (L\u2019Anticapitaliste)<\/p>\n\n\n\n<p><a href=\"https:\/\/www.francetvinfo.fr\/faits-divers\/sculpture-de-l-emir-abdelkader-vandalisee-a-amboise-un-acte-lache-et-scandaleux-selon-le-president-du-conseil-departemental-d-indre-et-loire_4944651.html\">Sculpture de l&rsquo;\u00e9mir Abdelkader vandalis\u00e9e \u00e0 Amboise&nbsp;: un acte \u00ab\u00a0l\u00e2che et scandaleux\u00a0\u00bb<\/a> (France Info)<\/p>\n\n\n\n<p><a href=\"https:\/\/linsoumission.fr\/2022\/02\/04\/ivan-rioufol-revisionnisme-cnews\/\">Ghetto de <strong>Varsovie<\/strong> : Ivan Rioufol, le r\u00e9visionnisme en direct sur CNews<\/a> (L\u2019Insoumission)<\/p>\n\n\n\n<p><strong><a href=\"https:\/\/linsoumission.fr\/2022\/02\/03\/bardella-ridiculise-par-un-insoumis\/\">Jordan Bardella (RN) ridiculis\u00e9 par le maire de Trappes sur C8<\/a> (L\u2019Insoumission)<\/strong><\/p>\n\n\n\n<p><strong><strong><strong><strong><a href=\"https:\/\/blogs.mediapart.fr\/jean-marc-b\/blog\/011221\/economie-mondiale-la-pression-sur-le-travail-et-la-nature-va-s-accentuer\"><mark style=\"background-color:rgba(0, 0, 0, 0);color:#f25f0d\" class=\"has-inline-color\"> 5 F\u00e9vrier en continu <\/mark><\/a><\/strong><\/strong><\/strong><\/strong><\/p>\n\n\n\n<figure class=\"wp-block-image\"><img data-recalc-dims=\"1\" decoding=\"async\" src=\"https:\/\/i0.wp.com\/solidaires.org\/IMG\/jpg\/capture-8.jpg?w=1200&#038;ssl=1\" alt=\"https:\/\/solidaires.org\/IMG\/jpg\/capture-8.jpg\"\/><\/figure>\n\n\n\n<figure class=\"wp-block-image is-resized is-style-default\"><img data-recalc-dims=\"1\" loading=\"lazy\" decoding=\"async\" src=\"https:\/\/i0.wp.com\/static.mediapart.fr\/etmagine\/default\/files\/2022\/02\/04\/quelle-enfance-pour-le-bebe-de-marion-marechal-1024x687.jpg?resize=447%2C300&#038;ssl=1\" alt=\"quelle-enfance-pour-le-bebe-de-marion-marechal-1024x687\" width=\"447\" height=\"300\"\/><\/figure>\n\n\n\n<p><strong><strong><strong><strong><a href=\"https:\/\/blogs.mediapart.fr\/jean-marc-b\/blog\/011221\/economie-mondiale-la-pression-sur-le-travail-et-la-nature-va-s-accentuer\"><mark style=\"background-color:rgba(0, 0, 0, 0);color:#f25f0d\" class=\"has-inline-color\"> 4 F\u00e9vrier en continu <\/mark><\/a><\/strong><\/strong><\/strong><\/strong><\/p>\n\n\n\n<p><a href=\"https:\/\/info.mediapart.fr\/optiext\/optiextension.dll?ID=kOPkU7YdsY39qooCnc6JA3LOC4G5ZTob%2B179u4dGz4iJZxQAcuF1KDRtI43UUdRCsPl59_nJyTIHRvXQeLdC617LxfQY0\">Sport et inclusivit\u00e9 religieuse, faut-il choisir ?<\/a>&#8211; Aby Gaye<\/p>\n\n\n\n<p><a href=\"https:\/\/www.terrestres.org\/2022\/02\/02\/a-mes-ami%c2%b7es-blanc%c2%b7hes\/?utm_source=rss&amp;utm_medium=rss&amp;utm_campaign=a-mes-ami%25c2%25b7es-blanc%25c2%25b7hes\">\u00c0 mes ami\u00b7es blanc\u00b7hes<\/a> -B\u00e1y\u00f2 Ak\u00f3mol\u00e1f\u00e9 (Terrestres)<\/p>\n\n\n\n<p><strong><strong><strong><strong><a href=\"https:\/\/blogs.mediapart.fr\/jean-marc-b\/blog\/011221\/economie-mondiale-la-pression-sur-le-travail-et-la-nature-va-s-accentuer\"><mark style=\"background-color:rgba(0, 0, 0, 0);color:#f25f0d\" class=\"has-inline-color\">3 F\u00e9vrier en continu <\/mark><\/a><\/strong><\/strong><\/strong><\/strong><\/p>\n\n\n\n<p><a href=\"http:\/\/courrier.lacimade.org\/nl2\/hw6g\/mk4x7.html?m=AGYAAJ0AkCkAAcpXkSoAALIMUUwAARpeaNwAIchSAAfWFQBh-QBILF5jzLBCRiqObnLzLeOCXwAHT7k&amp;b=6290ab4e&amp;e=ab18f350&amp;x=uI4BYTszjZxzVk-c-iJrmQaDg0Hg56tee0lycOaHiuM\">Politiques migratoires europ\u00e9ennes pour Europe protectrice et solidaire<\/a> (La Cimade)<\/p>\n\n\n\n<p><strong><strong><a href=\"https:\/\/blogs.mediapart.fr\/jean-marc-b\/blog\/011221\/economie-mondiale-la-pression-sur-le-travail-et-la-nature-va-s-accentuer\"><mark style=\"background-color:rgba(0, 0, 0, 0);color:#f25f0d\" class=\"has-inline-color\">2 F\u00e9vrier en continu <\/mark><\/a><\/strong><\/strong><\/p>\n\n\n\n<p><strong><a href=\"https:\/\/www.axios.com\/black-history-month-critical-race-theory-2e021dfb-8604-4d23-8a11-36069c93dde9.html?utm_campaign=organic&amp;utm_medium=socialshare&amp;utm_source=twitter\">35 Etats US limitent l\u2019enseignement de l\u2019histoire des Noirs et des peuples autochtones <\/a>(ang-Axios)<\/strong><\/p>\n\n\n\n<p><strong><strong><strong><a href=\"https:\/\/blogs.mediapart.fr\/jean-marc-b\/blog\/011221\/economie-mondiale-la-pression-sur-le-travail-et-la-nature-va-s-accentuer\"><mark style=\"background-color:rgba(0, 0, 0, 0);color:#f25f0d\" class=\"has-inline-color\">1er  F\u00e9vrier en continu<\/mark><\/a><\/strong><\/strong><\/strong><\/p>\n\n\n\n<p><a href=\"https:\/\/www.saphirnews.com\/Une-boucherie-halal-detruite-par-un-incendie-d-origine-criminelle_a28602.html\">Une boucherie halal d\u00e9truite par un incendie d&rsquo;origine criminelle<\/a>  (SaphirNews)<\/p>\n\n\n\n<figure class=\"wp-block-image is-resized is-style-default\"><img data-recalc-dims=\"1\" loading=\"lazy\" decoding=\"async\" src=\"https:\/\/i0.wp.com\/static.mediapart.fr\/etmagine\/default\/files\/2022\/01\/31\/badman-le-super-zero-1024x1024.jpg?resize=422%2C422&#038;ssl=1\" alt=\"badman-le-super-zero-1024x1024\" width=\"422\" height=\"422\"\/><\/figure>\n","protected":false},"excerpt":{"rendered":"<p>1er Mars en continu Le bal des faux-culs\u00a0: Bourlanges et Corb\u00e9, la honte\u00a0! (Cemil choses) 27 F\u00e9vrier en continu Communiqu\u00e9 Sud \u00c9ducation Recherche 86 en r\u00e9action aux agressions fascistes \u00e0 la fac cette semaine LaHordre) 25 F\u00e9vrier en continu Les mots pi\u00e9g\u00e9s du d\u00e9bat r\u00e9publicain : \u00e0 l\u2019assaut du mot \u00ab islamophobie \u00bb (SaphirNews)&nbsp; \u00c0 &#8230; <a title=\"F\u00e9vrier &#8211; Antiracisme\" class=\"read-more\" href=\"https:\/\/www.rdpemancipation.org\/?p=68934\" aria-label=\"En savoir plus sur F\u00e9vrier &#8211; Antiracisme\">Lire la suite<\/a><\/p>\n","protected":false},"author":1,"featured_media":0,"comment_status":"closed","ping_status":"closed","sticky":false,"template":"","format":"standard","meta":{"_lmt_disableupdate":"no","_lmt_disable":"no","_jetpack_memberships_contains_paid_content":false,"footnotes":""},"categories":[13],"tags":[],"class_list":["post-68934","post","type-post","status-publish","format-standard","hentry","category-antiracisme"],"modified_by":"ype","jetpack_featured_media_url":"","jetpack_sharing_enabled":true,"_links":{"self":[{"href":"https:\/\/www.rdpemancipation.org\/index.php?rest_route=\/wp\/v2\/posts\/68934","targetHints":{"allow":["GET"]}}],"collection":[{"href":"https:\/\/www.rdpemancipation.org\/index.php?rest_route=\/wp\/v2\/posts"}],"about":[{"href":"https:\/\/www.rdpemancipation.org\/index.php?rest_route=\/wp\/v2\/types\/post"}],"author":[{"embeddable":true,"href":"https:\/\/www.rdpemancipation.org\/index.php?rest_route=\/wp\/v2\/users\/1"}],"replies":[{"embeddable":true,"href":"https:\/\/www.rdpemancipation.org\/index.php?rest_route=%2Fwp%2Fv2%2Fcomments&post=68934"}],"version-history":[{"count":33,"href":"https:\/\/www.rdpemancipation.org\/index.php?rest_route=\/wp\/v2\/posts\/68934\/revisions"}],"predecessor-version":[{"id":73606,"href":"https:\/\/www.rdpemancipation.org\/index.php?rest_route=\/wp\/v2\/posts\/68934\/revisions\/73606"}],"wp:attachment":[{"href":"https:\/\/www.rdpemancipation.org\/index.php?rest_route=%2Fwp%2Fv2%2Fmedia&parent=68934"}],"wp:term":[{"taxonomy":"category","embeddable":true,"href":"https:\/\/www.rdpemancipation.org\/index.php?rest_route=%2Fwp%2Fv2%2Fcategories&post=68934"},{"taxonomy":"post_tag","embeddable":true,"href":"https:\/\/www.rdpemancipation.org\/index.php?rest_route=%2Fwp%2Fv2%2Ftags&post=68934"}],"curies":[{"name":"wp","href":"https:\/\/api.w.org\/{rel}","templated":true}]}}