{"id":68908,"date":"2022-02-01T09:11:23","date_gmt":"2022-02-01T08:11:23","guid":{"rendered":"https:\/\/www.rdpemancipation.org\/?p=68908"},"modified":"2022-02-28T13:07:26","modified_gmt":"2022-02-28T12:07:26","slug":"fevrier-amerique-latine-caraibes-2","status":"publish","type":"post","link":"https:\/\/www.rdpemancipation.org\/?p=68908","title":{"rendered":"F\u00e9vrier &#8211; Am\u00e9rique latine &#038; Cara\u00efbes"},"content":{"rendered":"\n<p><mark style=\"background-color:rgba(0, 0, 0, 0);color:#a30004\" class=\"has-inline-color\"><strong>28 F\u00e9vrier en continu<\/strong><\/mark><\/p>\n\n\n\n<p><a href=\"https:\/\/email.mg2.substack.com\/c\/eJw9kU2OwyAMhU9TdokgkL8Fi9nMNSICJqVNIDJOZ3L7Ia000pMly3561mdrCJaEp95TJnaVic4ddISfvAIRIDsy4BScFqoX_ThK5rRyYmgHFvLkEWAzYdWEB7D9mNdgDYUUL0cjx45zdtdOOe4AvLdGgZkHD8ClN3wYB99J3n6CzeECRAsaXoBnisBWfSfa801-3ZrvImv2gLClV51wKb3HUuB3B3wbc-nmNVmzQGVTJIRqhWrH9ACqthADYOVMJPNMGMouC7rhzaVeCM5VWzd1I7q-530vnfT9IEX9CujF3omb4tvS1PmYMxn7rG3aGOrHNh-4lMvL2CYHBGsdgWqXLhhTWdqOGOicIJp5BffhRB_cb3LTAhGwvMFNhrToVDu2Y9eqTg0fLAWkGmXHGzmwku5ScUX9j8KjidaE_AflHJyN\">Blocage contre le projet minier d\u2019AntaKori : Les femmes et les communaut\u00e9s <strong>p\u00e9ruviennes<\/strong> en r\u00e9sistance<\/a> (Capire)<\/p>\n\n\n\n<p><a href=\"https:\/\/email.mg2.substack.com\/c\/eJw9kU0OnDAMhU8z2YHyB4FFFt30GigkhkkLCXIcqrl9Q0eqZFm27Kcnf_aOYM_4sVcuxJ600OcCm-BPOYAIkNUCuMRghTbCzLNiweogpmFisSwbApwuHpawArvqekTvKOb0KKSaR87Z285mE0o5Iza5ziAGoTgoz4Wf_KzHyXyNXQ0RkgcLN-AnJ2CHfRNd5aV-vOTPFt5dEeHMd59xb_2GLUEihLtCK0-H9HYd5gJpBdy7Azqfz9VRd-WKTxswR-pcd7g7I8HZ1E3IopVcPmGE4FwPveylGI3hxqigNjMp0d8RN3GN4qX5ucu-1LWQ87_75sDQ_jrXinu7oY19DkBw9AmoD_nBsrSls6ZInwWSWw8IX2L0Bf-P4bJDAmwPCYsjK0Y9zMM8DnrU0xdQQ6pnNXKpJtbcQ26qZP9D2dAl72L5CwzQno4\"><strong>Argentine<\/strong>: \u00ab Le combat pour le droit \u00e0 l\u2019avortement ne s\u2019est pas arr\u00eat\u00e9 avec l\u2019adoption de la loi \u00bb<\/a> (Capire)<\/p>\n\n\n\n<p><a href=\"https:\/\/www.alterpresse.org\/spip.php?article28040\">Syndicalistes et ouvri\u00e8res d\u00e9plorent conditions des femmes dans usines de sous-traitance en <strong>Ha\u00efti<\/strong><\/a> (Alterpresse) <\/p>\n\n\n\n<p>Analyse<\/p>\n\n\n\n<p><a href=\"https:\/\/email.mg2.substack.com\/c\/eJw9kcluxCAMhp9muCUKW0gOHHrpa0QOOBlalgjIVHn7Mo1UybKMvPF_NlBxT_nSRyqVvN1SrwN1xJ_isVbM5CyYF2c1FYqqeebEamHpJCfiyrJlxADO65pPJMe5emeguhTfHYzP4zCQp1aMG8sEH6VEmKiUINlkEFbJqQAh78VwWofRoMYX5itFJF4_az3Kg3882GczA4fLGNKrT3lv7y03BxH8VbBFbGCsOyN2ECNiZ9G44l7YZbDtV941IZ3HbsPgoisBu5ohli3lcCfWjMX5Nog4_Z7VTFE6DEL2rGd0VGpQilu-qYnT_uXyRo-RPsQQdtaXcy0VzHdvUiBZf4X1zHuT1NImWazo-4i1t-lNaWlF4YyuXgtGWD3aG2C97_CHdNkxYm73sQtUTUchZzmPUoxiunk1wmLm48D4RNp2m1pX1P-MtibOgCu_T9Ojfg\">2022, une ann\u00e9e d\u00e9cisive : radicaliser le f\u00e9minisme, transformer le <strong>Br\u00e9sil<\/strong><\/a> (Capire)<\/p>\n\n\n\n<p><a href=\"https:\/\/email.mg2.substack.com\/c\/eJw9kUuO5CAMhk9T7BLxSEJYsOhNXyMi4KToTgAZqJncfkiVNMKysOzftj5bU2CPeOkUcyG3W8qVQAf4kw8oBZDUDLh4p9kgmVRKEKcHx-ZxJj4vGwKcxh-6YAWS6np4a4qP4VZwoSZKyVOL2Sg30tG6ldv7SUXFyF1LM7XO8jPYVOchWNDwArxiAHLoZykpP8TXg383syZ5hDO--oh7izdsDv4mwLcwt-gZg6toctcqTPD5vUy3welbUKCD0qWY6mFao_ar2NmnCTtgV0OXzJW7EyoW9HclBHczaG2J15zy2yRjlA5jz3vOJimplMKJTc6C9S-PG0sTewz03Hmf65qLsb-9jSdB_XOute1UXUvb2BrD0QcovYs3t6UVnTX4ci0QzHqA-yAtn8u8IS87BMB2MbeYotk0jGpU0zhMw_wh2JgPSkyUi5m06S42VdD_qW1ogjU-_wPF6qwD\"><strong>Honduras<\/strong> : organisation f\u00e9ministe et populaire pour changer un pays meurtri et endett\u00e9<\/a> (Capire)<\/p>\n\n\n\n<p><a href=\"https:\/\/www.contretemps.eu\/memoire-luttes-argentine-cedinci-entretien-horacio-tarcus\/\">D\u00e9fendre la m\u00e9moire des luttes en <strong>Argentine<\/strong><\/a> (Contretemps)<\/p>\n\n\n\n<p><mark style=\"background-color:rgba(0, 0, 0, 0);color:#a30004\" class=\"has-inline-color\"><strong>27 F\u00e9vrier en continu<\/strong><\/mark><\/p>\n\n\n\n<p><a href=\"https:\/\/observatoiredemocratiebresil.org\/Le-Credit-Agricole-etait-le-principal-bailleur-de-fonds-des-societes-minieres\">Cr\u00e9dit Agricole principal financier soci\u00e9t\u00e9s mini\u00e8res dans Territoires Autochtones Amazonie<\/a> (<a href=\"https:\/\/observatoiredemocratiebresil.org\/Amazon-Watch\">Amazon Watch<\/a>)<\/p>\n\n\n\n<p><a href=\"https:\/\/www.alterpresse.org\/spip.php?article27993\">Plaidoyer du parti politique En Avant pour la parit\u00e9 hommes-femmes en Ha\u00efti<\/a> (En Avant)<\/p>\n\n\n\n<figure class=\"wp-block-image is-resized is-style-default\"><img data-recalc-dims=\"1\" loading=\"lazy\" decoding=\"async\" src=\"https:\/\/i0.wp.com\/www.alterpresse.org\/IMG\/rubon53.jpg?resize=313%2C265&#038;ssl=1\" alt=\"\" width=\"313\" height=\"265\"\/><\/figure>\n\n\n\n<p><mark style=\"background-color:rgba(0, 0, 0, 0);color:#a30004\" class=\"has-inline-color\"><strong>26 F\u00e9vrier en continu<\/strong><\/mark><\/p>\n\n\n\n<p><strong><a href=\"https:\/\/www.boursorama.com\/actualite-economique\/actualites\/des-salvadoriennes-denoncent-l-injustice-de-leur-detention-pour-fausse-couche-c5d4b0c327c3dd092d91843652e955a1\">Des Salvadoriennes d\u00e9noncent \u00ab\u00a0l&rsquo;injustice\u00a0\u00bb de leur d\u00e9tention pour fausse couche<\/a> (AFP)<\/strong><\/p>\n\n\n\n<p><a href=\"http:\/\/frances.prensa-latina.cu\/index.php?option=com_content&amp;view=article&amp;id=888540:cuba-a-fait-don-de-vaccins-anti-covid-19-a-la-republique-arabe-sahraouie&amp;opcion=pl-ver-noticia&amp;catid=99&amp;Itemid=101\">Cuba a fait don de vaccins anti-Covid-19 \u00e0 la R\u00e9publique arabe sahraouie<\/a> (Prensa Latina)<\/p>\n\n\n\n<p><a href=\"http:\/\/frances.prensa-latina.cu\/index.php?option=com_content&amp;view=article&amp;id=888536:le-blocus-a-accru-les-obstacles-aux-operations-bancaires-cubaines&amp;opcion=pl-ver-noticia&amp;catid=59&amp;Itemid=101\">Le blocus a accru les obstacles aux op\u00e9rations bancaires cubaines<\/a> (Prensa Latina)<\/p>\n\n\n\n<p>Analyse<\/p>\n\n\n\n<p><a href=\"https:\/\/www.franceameriquelatine.org\/amerique-latine-guerre-ukraine-tribune-christophe-ventura-iris\/\">L\u2019Am\u00e9rique latine et la guerre en Ukraine -Christophe Ventura ( IRIS)<\/a><\/p>\n\n\n\n<p><a href=\"https:\/\/www.franceameriquelatine.org\/printemps-chilien-recits-photos-sabine-greppo\/\">Printemps <strong>chilien<\/strong> : r\u00e9cits et photos de Sabine Greppo<\/a> (FAL)<\/p>\n\n\n\n<p><a href=\"https:\/\/www.franceameriquelatine.org\/biden-mieux-trump-frontiere-sud-bernard-duterme-cetri-le-soir\/\"><strong>Biden<\/strong> fait-il mieux que Trump \u00e0 sa fronti\u00e8re Sud? -Bernard Duterme (<\/a>Le Soir)<\/p>\n\n\n\n<p><a href=\"https:\/\/www.franceameriquelatine.org\/divisions-profondes-bolivie-post-evo-morales-tristan-waag-le-vent-se-leve\/\">Les divisions profondes de la Bolivie post-Evo Morales (<\/a>Le Vent se L\u00e8ve<a href=\"https:\/\/www.franceameriquelatine.org\/divisions-profondes-bolivie-post-evo-morales-tristan-waag-le-vent-se-leve\/\">)<\/a> <\/p>\n\n\n\n<p><mark style=\"background-color:rgba(0, 0, 0, 0);color:#a30004\" class=\"has-inline-color\"><strong>25 F\u00e9vrier en continu<\/strong><\/mark><\/p>\n\n\n\n<p><a href=\"https:\/\/www.boursorama.com\/actualite-economique\/actualites\/haiti-la-police-ouvre-le-feu-sur-des-manifestants-un-journaliste-tue-211de88373138125925e490cd32518e1\"><strong>Ha\u00efti<\/strong>: La police ouvre le feu sur des manifestants, un journaliste tu\u00e9<\/a> (Reuters)<\/p>\n\n\n\n<p><a href=\"https:\/\/www.boursorama.com\/actualite-economique\/actualites\/la-republique-domincaine-laisse-passer-la-date-de-peremption-de-350-000-vaccins-f3dcd10c786dae319f48eeb912d154a7\">La <strong>R\u00e9publique domincaine<\/strong> laisse passer la date de p\u00e9remption de 350.000 vaccins<\/a> (AFP)<\/p>\n\n\n\n<p><a href=\"https:\/\/reporterre.net\/Au-Mexique-un-defenseur-de-l-eau-assassine\">Au <strong>Mexique<\/strong>, un d\u00e9fenseur de l&rsquo;eau assassin\u00e9<\/a> (Reporterre)<\/p>\n\n\n\n<p>Analyse<\/p>\n\n\n\n<p><a href=\"https:\/\/www.fidh.org\/fr\/themes\/mondialisation-droits-humains\/bresil-un-rapport-revele-les-violations-des-droits-humains-commises\">Fer <strong>br\u00e9silien<\/strong> : rapport FIDH r\u00e9v\u00e9lant les abus dans la cha\u00eene d&rsquo;approvisionnement<\/a> (FIDH)<\/p>\n\n\n\n<p><a href=\"https:\/\/lvsl.fr\/chili-presidentielvictoire-boric\/\">Victoire de Boric : le <strong>Chili<\/strong> va-t-il \u00ab enterrer le n\u00e9olib\u00e9ralisme \u00bb ?<\/a> (Le Vent Se L\u00e8ve)<\/p>\n\n\n\n<p><a href=\"https:\/\/www.boursorama.com\/actualite-economique\/actualites\/a-ciudad-bolivar-en-colombie-le-douloureux-quotidien-de-la-faim-59cd841a4394d002bf23e6c8c9f25b06\">A Ciudad Bolivar, en <strong>Colombie<\/strong>, le douloureux quotidien de la faim<\/a> (AFP)<\/p>\n\n\n\n<p><a href=\"https:\/\/repeatingislands.com\/2022\/02\/23\/book-launch-how-britain-underdeveloped-the-caribbean\/\">Comment la Grande Bretagne a sous d\u00e9velopp\u00e9 la <strong>Cara\u00efbe<\/strong><\/a> (ang- Repeating Islands)<\/p>\n\n\n\n<p><mark style=\"background-color:rgba(0, 0, 0, 0);color:#a30004\" class=\"has-inline-color\"><strong>24 F\u00e9vrier en continu<\/strong><\/mark><\/p>\n\n\n\n<p><a href=\"https:\/\/www.aa.com.tr\/fr\/monde\/v%C3%A9n%C3%A9zu%C3%A9la-maduro-exprime-son-soutien-%C3%A0-poutine\/2510780\" target=\"_blank\" rel=\"noreferrer noopener\"><strong>V\u00e9n\u00e9zu\u00e9la<\/strong> : Maduro exprime son soutien \u00e0 Poutine<\/a>&nbsp;(Anadolu)<\/p>\n\n\n\n<p><a href=\"https:\/\/www.tdg.ch\/leln-menace-de-bloquer-pendant-trois-jours-la-colombie-399845097242\"><strong>Colombie<\/strong> \u2013 L\u2019ELN menace de bloquer pendant trois jours la Colombie<\/a>&nbsp;(La Tribune de Gen\u00e8ve)<\/p>\n\n\n\n<p><a href=\"https:\/\/www.lapresse.ca\/international\/caraibes\/2022-02-20\/la-republique-dominicaine-construit-un-mur-frontiere-avec-haiti.php\" target=\"_blank\" rel=\"noreferrer noopener\">La <strong>R\u00e9publique dominicaine<\/strong> construit un mur-fronti\u00e8re avec Ha\u00efti<\/a>&nbsp;(La Presse)<\/p>\n\n\n\n<p><a href=\"https:\/\/www.rfi.fr\/fr\/am%C3%A9riques\/20220221-ha%C3%AFti-la-col%C3%A8re-des-ouvriers-des-industries-exportatrices-ne-faiblit-pas\" target=\"_blank\" rel=\"noreferrer noopener\"><strong>Ha\u00efti<\/strong>: la col\u00e8re des ouvriers des industries exportatrices ne faiblit pas<\/a>&nbsp;(RFI)<\/p>\n\n\n\n<p><a href=\"https:\/\/www.rfi.fr\/fr\/am%C3%A9riques\/20220222-panama-le-parquet-ouvre-une-enqu%C3%AAte-sur-la-st%C3%A9rilisation-forc%C3%A9e-de-femmes-indig%C3%A8nes\" target=\"_blank\" rel=\"noreferrer noopener\"><strong>Panama<\/strong>: le parquet ouvre une enqu\u00eate sur la st\u00e9rilisation forc\u00e9e de femmes indig\u00e8nes<\/a>&nbsp;&#8211; RFI<\/p>\n\n\n\n<p><a href=\"https:\/\/www.boursorama.com\/videos\/actualites\/gigantesques-incendies-le-nord-est-de-l-argentine-e1ea829cb993bc9ba36f6b9a23148cdf\">Gigantesques incendies le nord-est de <strong>l&rsquo;Argentine<\/strong><\/a> (AFP)<\/p>\n\n\n\n<p><a href=\"https:\/\/www.boursorama.com\/actualite-economique\/actualites\/otero-alcantara-l-artiste-cubain-dont-washington-exige-la-liberation-b2d75bc456c1456d096f1d101f2990ea\">Otero Alcantara, l&rsquo;artiste <strong>cubain<\/strong> dont Washington exige la lib\u00e9ration<\/a> (AFP)<\/p>\n\n\n\n<p><a href=\"https:\/\/info.mediapart.fr\/optiext\/optiextension.dll?ID=qYZqZ460cpqzkOo44pP56K_qGEfjIAYWZCFlSqB5yZQxv4sazhz4IxSJRRzN0oQ%2BK%2BRY%2BEZ8VT3KKrpG0KsSDnbK3h0it\">L\u2019avortement, d\u00e9p\u00e9nalis\u00e9 en <strong>Colombie<\/strong> (et remis en cause)<\/a> &#8211; Olga L. Gonzalez<\/p>\n\n\n\n<p>Analyse<\/p>\n\n\n\n<p><a href=\"https:\/\/blogs.mediapart.fr\/jean-marc-b\/blog\/230222\/nicaragua-histoire-d-une-trahison\"><strong>Nicaragua<\/strong>. Histoire d\u2019une trahison <\/a>-Eric Nepomuceno (Alencontre)<\/p>\n\n\n\n<p><a href=\"https:\/\/www.ritimo.org\/Pourquoi-n-y-a-t-il-pas-de-mouvement-anti-vaccin-a-Cuba\">Pourquoi n&rsquo;y a-t-il pas de mouvement anti-vaccin \u00e0 <strong>Cuba<\/strong> ?<\/a> (Ritimo)<\/p>\n\n\n\n<p><mark style=\"background-color:rgba(0, 0, 0, 0);color:#a30004\" class=\"has-inline-color\"><strong>23 F\u00e9vrier en continu<\/strong><\/mark><\/p>\n\n\n\n<p><strong><a href=\"https:\/\/info.mediapart.fr\/optiext\/optiextension.dll?ID=KghKhoikREk1BBIV0iUapK9%2Bm_faoiHuxHW7rc7FmOo9H6YuSjYV36bvcpKHhswptXXFKhUUNNrP%2BpM9932SCF5wxxZuC\">La Colombie d\u00e9p\u00e9nalise l\u2019avortement<\/a> (MDP)<\/strong><\/p>\n\n\n\n<p><a href=\"https:\/\/lemondeencommun.info\/le-chili-prend-a-bras-le-corps-la-lutte-contre-le-changement-climatique\/\">Le <strong>Chili<\/strong> prend \u00e0 bras le corps la lutte contre le changement climatique<\/a> (MC)<\/p>\n\n\n\n<p><a href=\"https:\/\/lemondeencommun.info\/creation-prochaine-dune-entreprise-alimentaire-nationale\/\"><strong>Argentine<\/strong>: Cr\u00e9ation prochaine d\u2019une entreprise alimentaire nationale<\/a> (MC)<\/p>\n\n\n\n<p><a href=\"https:\/\/www.humanite.fr\/monde\/bresil\/bresil-apres-les-inondations-la-corruption-remonte-la-surface-739213#xtor=RSS-1\"><strong>Br\u00e9sil<\/strong>. Apr\u00e8s les inondations, la corruption remonte \u00e0 la surface<\/a> (L\u2019Humanit\u00e9)&nbsp;<\/p>\n\n\n\n<p><a href=\"https:\/\/www.alainet.org\/fr\/articulo\/214932\">Le <strong>Br\u00e9sil<\/strong> dans la ligne de mire de l&rsquo;ONU<\/a> (ALAI)<\/p>\n\n\n\n<p><a href=\"https:\/\/www.franceinter.fr\/emissions\/affaires-sensibles\/affaires-sensibles-du-jeudi-16-septembre-2021\"><strong>Ha\u00efti<\/strong>, 12 janvier 2010 : Et la terre trembla\u2026 <\/a>(Affaires Sensibles)<\/p>\n\n\n\n<p><mark style=\"background-color:rgba(0, 0, 0, 0);color:#a30004\" class=\"has-inline-color\"><strong>22 F\u00e9vrier en continu<\/strong><\/mark><\/p>\n\n\n\n<p><a href=\"https:\/\/europe-solidaire.us8.list-manage.com\/track\/click?u=5c732dd5ee65845cf20fd724a&amp;id=dcb4c14059&amp;e=5df9c98670\">Victoire des peuples indig\u00e8nes <strong>d&rsquo;\u00c9quateur<\/strong> : \u201cles Sinangoe sont des h\u00e9ros pour le monde entier\u201d<\/a> (COICA)<\/p>\n\n\n\n<p><a href=\"https:\/\/europe-solidaire.us8.list-manage.com\/track\/click?u=5c732dd5ee65845cf20fd724a&amp;id=45adbc1657&amp;e=5df9c98670\"><strong>Colombie<\/strong> : violations des droits humains alors que les \u00e9lections approchent<\/a> (Consortium Ensemble pour la Paix)<\/p>\n\n\n\n<p><a href=\"https:\/\/theconversation.com\/en-amerique-latine-les-avortements-mais-aussi-les-fausses-couches-sont-passibles-dune-peine-de-prison-174428\">Pays d<strong>\u2019Am\u00e9rique centrale<\/strong> ont des lois sur l\u2019avortement parmi les plus strictes au monde.<\/a> (The Conversation)<\/p>\n\n\n\n<p><a href=\"https:\/\/www.boursorama.com\/actualite-economique\/actualites\/mort-du-medecin-et-anthropologue-americain-paul-farmer-af408967586a94c1119567f292808892\">Mort du m\u00e9decin et anthropologue am\u00e9ricain Paul Farmer<\/a> (AFP)<\/p>\n\n\n\n<p><a href=\"https:\/\/alencontre.org\/ameriques\/amelat\/nicaragua\/nicaragua-les-proces-de-managua-et-les-purges-staliniennes.html\"><strong>Nicaragua<\/strong>. Les proc\u00e8s de Managua et les purges staliniennes <\/a>-Sergio Ram\u00edrez (Alencontre)<\/p>\n\n\n\n<p><a href=\"https:\/\/www.boursorama.com\/actualite-economique\/actualites\/bresil-le-bilan-des-pluies-a-petropolis-monte-a-165-morts-4f6c1ef74e97b93eef5925dad1daf0d9\"><strong>Br\u00e9sil<\/strong>: le bilan des pluies \u00e0 Petropolis monte \u00e0 165 morts<\/a> (AFP)<\/p>\n\n\n\n<p><a href=\"http:\/\/frances.prensa-latina.cu\/index.php?option=com_content&amp;view=article&amp;id=888498:lue-reitere-son-rejet-de-la-loi-helms-burton-contre-cuba&amp;opcion=pl-ver-noticia&amp;catid=39&amp;Itemid=101\">L\u2019UE r\u00e9it\u00e8re son rejet de la loi Helms-Burton contre <strong>Cuba<\/strong><\/a> (Prensa Latina)<\/p>\n\n\n\n<p><a href=\"https:\/\/www.contretemps.eu\/memoire-luttes-argentine-cedinci-entretien-horacio-tarcus\/\">D\u00e9fendre la m\u00e9moire des luttes en <strong>Argentine<\/strong>. Entretien avec Horacio Tarcus<\/a> (Contretemps)<\/p>\n\n\n\n<p>Analyse<\/p>\n\n\n\n<p><a href=\"https:\/\/litci.org\/fr\/ou-va-cuba\/\">O\u00f9 va Cuba ?<\/a> (LIT-QI)<\/p>\n\n\n\n<p><a href=\"http:\/\/frances.prensa-latina.cu\/index.php?option=com_content&amp;view=article&amp;id=888470:lettre-ouverte-a-emmanuel-macron&amp;opcion=pl-ver-noticia&amp;catid=69&amp;Itemid=101\">Lettre ouverte \u00e0 Emmanuel Macron<\/a> (Prensa Latina)<\/p>\n\n\n\n<p><a href=\"https:\/\/info.mediapart.fr\/optiext\/optiextension.dll?ID=F98F%2BoJQ1RsrPo0t3ZA0X_7Ww91AS5ZASnMMrwuLnAFQ6V_VwJOnptzB9xzvIgMEoWMNzs4prCC1DxyC4j0CCuPZ%2Bgs3E\">Pour un portrait-robot du bandit en <strong>Ha\u00efti<\/strong><\/a>&#8211; La\u00ebnnec Hurbon<\/p>\n\n\n\n<p><mark style=\"background-color:rgba(0, 0, 0, 0);color:#a30004\" class=\"has-inline-color\"><strong>21 F\u00e9vrier en continu<\/strong><\/mark><\/p>\n\n\n\n<p><a href=\"https:\/\/www.lapresse.ca\/international\/amerique-latine\/2022-02-17\/venezuela\/deux-ex-deputes-et-un-maire-arretes-pour-trafic-de-drogue.php\" target=\"_blank\" rel=\"noreferrer noopener\"><strong>Venezuela<\/strong>&#8211; Deux ex-d\u00e9put\u00e9s et un maire arr\u00eat\u00e9s pour trafic de drogue<\/a>&nbsp;(La Presse)<\/p>\n\n\n\n<p><a href=\"https:\/\/www.iris-france.org\/164703-costa-rica-sur-le-thermometre-electoral-latino-americain\/\" target=\"_blank\" rel=\"noreferrer noopener\"><strong>Costa Rica<\/strong> : sur le thermom\u00e8tre \u00e9lectoral latino-am\u00e9ricain<\/a>&nbsp; (Iris)<\/p>\n\n\n\n<p><a href=\"https:\/\/www.rfi.fr\/fr\/am%C3%A9riques\/20220216-cadavres-pendus-le-long-d-un-pont-en-%C3%A9quateur-la-violence-atteint-des-niveaux-record\" target=\"_blank\" rel=\"noreferrer noopener\">Cadavres pendus le long d&rsquo;un pont: en <strong>\u00c9quateur<\/strong>, la violence atteint des niveaux record<\/a>&nbsp;&nbsp;(Le Temps)<\/p>\n\n\n\n<p><a href=\"https:\/\/www.lemonde.fr\/international\/article\/2022\/02\/18\/le-guatemala-accentue-la-repression-contre-les-magistrats-anticorruption_6114295_3210.html\" target=\"_blank\" rel=\"noreferrer noopener\">Le <strong>Guatemala<\/strong> accentue la r\u00e9pression contre les magistrats anticorruption<\/a>&nbsp;(Le Monde)<\/p>\n\n\n\n<p><a href=\"https:\/\/ici.radio-canada.ca\/nouvelle\/1862859\/argent-soutien-communaute-internationale-tremblement-terre\" target=\"_blank\" rel=\"noreferrer noopener\"><strong>Ha\u00efti<\/strong> : 600 millions de dollars d\u2019aide internationale, dont 19,5 millions du Canada<\/a>&nbsp;(Radio Canada)<\/p>\n\n\n\n<p><a href=\"https:\/\/www.francetvinfo.fr\/monde\/bresil\/bresil-le-bilan-des-inondations-grimpe-a-122-morts-a-petropolis-alors-que-de-fortes-pluies-sont-a-nouveau-redoutees_4969374.html\"><strong>Br\u00e9sil<\/strong> : le bilan des inondations et glissements de terrain s&rsquo;\u00e9l\u00e8ve \u00e0 152&nbsp;morts \u00e0 Petropolis<\/a> (France Info)<\/p>\n\n\n\n<p><a href=\"http:\/\/frances.prensa-latina.cu\/index.php?option=com_content&amp;view=article&amp;id=888499:presentation-du-plan-de-souverainete-alimentaire-au-corps-diplomatique-accredite-a-cuba&amp;opcion=pl-ver-noticia&amp;catid=89&amp;Itemid=101\">Pr\u00e9sentation du plan de souverainet\u00e9 alimentaire au corps diplomatique accr\u00e9dit\u00e9 \u00e0 <strong>Cuba<\/strong><\/a> (Prensa Latina)<\/p>\n\n\n\n<p><a href=\"http:\/\/frances.prensa-latina.cu\/index.php?option=com_content&amp;view=article&amp;id=888494:un-film-allemand-portant-sur-la-prison-de-guantanamo-engrange-des-prix-au-festival-de-berlin&amp;opcion=pl-ver-noticia&amp;catid=185&amp;Itemid=101\">Un film allemand portant sur la prison de <strong>Guant\u00e1namo<\/strong> engrange des prix au Festival de Berlin<\/a> (Prensa Latina)<\/p>\n\n\n\n<p>Analyse<\/p>\n\n\n\n<p><a href=\"http:\/\/www.apple.fr\">Quel est le poids exact de la France dans la \u00ab\u00a0d\u00e9forestation import\u00e9e\u00a0\u00bb qui touche <strong>l\u2019Amazonie<\/strong>&nbsp;?<\/a> (The Conversation)<\/p>\n\n\n\n<p><mark style=\"background-color:rgba(0, 0, 0, 0);color:#a30004\" class=\"has-inline-color\"><strong>20 F\u00e9vrier en continu<\/strong><\/mark><\/p>\n\n\n\n<p><a href=\"https:\/\/www.franceameriquelatine.org\/cordillere-reves-chilien-patricio-guzman-goya-meilleur-film-ibero-americain-espaces-latinos\/\">\u201cLa Cordill\u00e8re des r\u00eaves \u00bb de P. Guzm\u00e1n obtient \u00ab Le Goya \u00bb pour meilleur film ib\u00e9ro-am\u00e9ricain <\/a>(Espaces Latinos)<\/p>\n\n\n\n<p><a href=\"https:\/\/www.boursorama.com\/actualite-economique\/actualites\/bolivie-des-manifestants-empechent-l-hospitalisation-de-l-ex-presidente-en-greve-de-la-faim-aed1409de43dfb57f882480368fe0d6d\"><strong>Bolivie<\/strong>: des manifestants emp\u00eachent l&rsquo;hospitalisation de l&rsquo;ex-pr\u00e9sidente en gr\u00e8ve de la faim<\/a> (AFP)<\/p>\n\n\n\n<p><a href=\"https:\/\/www.franceameriquelatine.org\/equateur-deputes-adoptent-texte-avortement-viol-temps-afp\/\">E<\/a><strong><a href=\"https:\/\/www.franceameriquelatine.org\/equateur-deputes-adoptent-texte-avortement-viol-temps-afp\/\">n \u00c9quateur, les d\u00e9put\u00e9s adoptent un texte sur l\u2019avortement en cas de viol <\/a>(Le Temps \/ AFP)<\/strong><\/p>\n\n\n\n<p><a href=\"https:\/\/www.franceameriquelatine.org\/chili-derniere-locutrice-yagan-a-disparu\/\">Chili : la derni\u00e8re locutrice de la langue autochtone yag\u00e1n a disparu<\/a> (FAL)<\/p>\n\n\n\n<figure class=\"wp-block-image is-resized is-style-default\"><img data-recalc-dims=\"1\" loading=\"lazy\" decoding=\"async\" src=\"https:\/\/i0.wp.com\/www.franceameriquelatine.org\/wp-content\/uploads\/2022\/02\/4fe88a7df80c2136d198f6abfc3e8f2dbea114154af488159e5f6774e959e1cf.jpg?resize=492%2C277&#038;ssl=1\" alt=\"\" class=\"wp-image-91459\" width=\"492\" height=\"277\"\/><\/figure>\n\n\n\n<p><a href=\"https:\/\/eye.sbc29.com\/c?p=wAbNA2HDxBAqRNC66tCt0I1LTNCo0NfQzGJqbRDQmsQQ0LHQ0tCNffg3S9Co0JEo0Mo6eHh6ItlzaHR0cHM6Ly93d3cuZXNwYWNlcy1sYXRpbm9zLm9yZy9hcmNoaXZlcy8xMDQxMTc_dXRtX3NvdXJjZT1TYXJiYWNhbmUmdXRtX21lZGl1bT1lbWFpbCZ1dG1fY2FtcGFpZ249MTggRsOpdnJpZXIgMjAyMrg1Y2UwMjczNGI5NWNlZTcxYzBkY2Y1MmK4NjBmNTg0OWM5NjliMGY0MzNlY2E3Zjg0wLZYV09sQ1dTU1RCV1pDanpSZkVPcklnrWV5ZS5zYmMyOS5jb23EFPNwSdDb0JN8PgT_0Ihx0KA_0J0x0NfQgxXQlu8\">Crise politique au <strong>P\u00e9rou<\/strong> : un cabinet&nbsp;minist\u00e9riel&nbsp;renouvel\u00e9 pour la quatri\u00e8me fois en six mois<\/a> (NEL)<\/p>\n\n\n\n<p>Analyse<\/p>\n\n\n\n<p><strong><a href=\"https:\/\/eye.sbc29.com\/c?p=wAbNA2HDxBAqRNC66tCt0I1LTNCo0NfQzGJqbRDQmsQQTgvQw3xb0NtKIdCcG9DMP9CCCnkQ2XNodHRwczovL3d3dy5lc3BhY2VzLWxhdGlub3Mub3JnL2FyY2hpdmVzLzEwNDExNT91dG1fc291cmNlPVNhcmJhY2FuZSZ1dG1fbWVkaXVtPWVtYWlsJnV0bV9jYW1wYWlnbj0xOCBGw6l2cmllciAyMDIyuDVjZTAyNzM0Yjk1Y2VlNzFjMGRjZjUyYrg2MGY1ODQ5Yzk2OWIwZjQzM2VjYTdmODTAtlhXT2xDV1NTVEJXWkNqelJmRU9ySWetZXllLnNiYzI5LmNvbcQU83BJ0NvQk3w-BP_QiHHQoD_QnTHQ19CDFdCW7w\">Le Mexique&nbsp;: Entre la faucille russe et le marteau am\u00e9ricain<\/a> (NEL)<\/strong><\/p>\n\n\n\n<p><mark style=\"background-color:rgba(0, 0, 0, 0);color:#a30004\" class=\"has-inline-color\"><strong>19 F\u00e9vrier en continu<\/strong><\/mark><\/p>\n\n\n\n<p><strong><a href=\"https:\/\/blogs.mediapart.fr\/jean-marc-b\/blog\/180222\/porto-rico-les-greves-arrachent-des-augmentations-de-salaire-historiques\">Porto Rico: Les gr\u00e8ves arrachent des augmentations de salaire historiques <\/a>(Luttes Invisibles)<\/strong><\/p>\n\n\n\n<figure class=\"wp-block-image is-resized is-style-default\"><img loading=\"lazy\" decoding=\"async\" src=\"https:\/\/scontent.fhex4-2.fna.fbcdn.net\/v\/t39.30808-6\/273805970_1388729614882836_3271714628748314258_n.png?_nc_cat=109&amp;ccb=1-5&amp;_nc_sid=730e14&amp;_nc_ohc=7ZVOwZ4t07AAX-oO0z2&amp;_nc_ht=scontent.fhex4-2.fna&amp;oh=00_AT8B1OawAczT9uZEmbWuYOqzhtbFtcpWlCfzNUXSCfy-cA&amp;oe=62150CA0\" alt=\"\" width=\"518\" height=\"345\"\/><\/figure>\n\n\n\n<p><a href=\"https:\/\/reporterre.net\/A-peine-decouvert-un-peuple-est-menace-d-extinction-en-Amazonie\">\u00c0 peine d\u00e9couvert, un peuple est menac\u00e9 d&rsquo;extinction en <strong>Amazonie<\/strong><\/a> (Reporterre)<\/p>\n\n\n\n<p><a href=\"https:\/\/www.boursorama.com\/actualite-economique\/actualites\/bresil-122-morts-a-petropolis-nouvelles-alertes-de-fortes-pluies-de7185f1468b3d08f4668550152d78e5\"><strong>Br\u00e9sil<\/strong>: 122 morts \u00e0 Petropolis, nouvelles alertes de fortes pluies<\/a> (AFP)<\/p>\n\n\n\n<p><a href=\"http:\/\/frances.prensa-latina.cu\/index.php?option=com_content&amp;view=article&amp;id=888475:la-russie-soutient-linclusion-du-bresil-dans-le-conseil-de-securite-de-lonu&amp;opcion=pl-ver-noticia&amp;catid=39&amp;Itemid=101\">La Russie soutient l\u2019inclusion du <strong>Br\u00e9sil<\/strong> dans le Conseil de S\u00e9curit\u00e9 de l\u2019ONU<\/a> (Prensa Latina)<\/p>\n\n\n\n<p><a href=\"http:\/\/frances.prensa-latina.cu\/index.php?option=com_content&amp;view=article&amp;id=888480:des-accords-de-collaboration-entre-cuba-et-les-emirats-arabes-unis&amp;opcion=pl-ver-noticia&amp;catid=59&amp;Itemid=101\">Des accords de collaboration entre <strong>Cuba<\/strong> et les \u00c9mirats arabes unis<\/a> (Prensa Latina)<\/p>\n\n\n\n<p><a href=\"https:\/\/lvsl.fr\/les-divisions-profondes-de-la-bolivie-post-evo-morales\/\">Les divisions profondes de la <strong>Bolivie<\/strong> post-Evo Morales<\/a> (Le Vent Se L\u00e8ve)<\/p>\n\n\n\n<p>Analyse<br><br><a href=\"https:\/\/lecourrier.ch\/2022\/02\/17\/firmes-suisses-toutes-puissantes-en-colombie\/\">Firmes suisses toutes-puissantes en <strong>Colombie<\/strong> <\/a>(Le Courrier)&nbsp;<\/p>\n\n\n\n<p><a href=\"https:\/\/blogs.mediapart.fr\/jean-marc-b\/blog\/180222\/dessalines-le-vainqueur-de-napoleon-bonaparte-nouveau-film-d-arnold-antonin\">Dessalines, le vainqueur de Napol\u00e9on Bonaparte&nbsp;: nouveau film d\u2019Arnold Antonin <\/a>(Alterpresse)<\/p>\n\n\n\n<p><a href=\"https:\/\/www.youtube.com\/watch?v=R134iJ-XmXY&amp;feature=emb_imp_woyt\"><strong>Argentine<\/strong>: une croissance manqu\u00e9e ?&nbsp;<\/a> (Dessous des cartes- Arte)<\/p>\n\n\n\n<p><mark style=\"background-color:rgba(0, 0, 0, 0);color:#a30004\" class=\"has-inline-color\"><strong>18 F\u00e9vrier en continu<\/strong><\/mark><\/p>\n\n\n\n<p><a href=\"https:\/\/www.alterpresse.org\/spip.php?article28008\" title=\"nt\"><strong>Ha\u00efti<\/strong>&#8211; Nouvelle journ\u00e9e manifestation ouvri\u00e8re exigeant 1,500 G comme salaire minimum journalier<\/a> (Alterpresse)<\/p>\n\n\n\n<p><a href=\"https:\/\/entreleslignesentrelesmots.blog\/2022\/02\/17\/haiti-le-mouvement-paysan-de-papaye-combattre-conjointement-la-deforestation-et-la-crise-climatique-autre-texte\/\"><strong>Ha\u00efti<\/strong>. Mouvement paysan de Papaye&nbsp;: combattre d\u00e9forestation et crise climatique (+ autre&nbsp;texte)<\/a> (Alencontre)<\/p>\n\n\n\n<p><a href=\"https:\/\/www.boursorama.com\/actualite-economique\/actualites\/bresil-le-nombre-de-morts-depasse-la-centaine-a-petropolis-6451ea50cd7f7adb0439ec804b12cd70\"><strong>Br\u00e9sil<\/strong>: le nombre de morts d\u00e9passe la centaine \u00e0 Petropolis<\/a> (AFP)<\/p>\n\n\n\n<p><strong><a href=\"https:\/\/www.franceameriquelatine.org\/tout-commence-chili-video-conference-gaudichaud-universite-populaire-toulouse-amd-fal-31\/\">Tout commence au Chili ! <\/a>-Vid\u00e9o onf\u00e9rence-d\u00e9bat Franck Gaudichaud<\/strong><\/p>\n\n\n\n<p><a href=\"https:\/\/www.franceameriquelatine.org\/honduras-ex-president-detention-provisoire-revue-presse\/\"><strong>Honduras<\/strong>: l\u2019ex-pr\u00e9sident Juan Orlando Hern\u00e1ndez arr\u00eat\u00e9 et en d\u00e9tention provisoire <\/a>(revue de presse)<\/p>\n\n\n\n<p><a href=\"http:\/\/frances.prensa-latina.cu\/index.php?option=com_content&amp;view=article&amp;id=888470:lettre-ouverte-a-emmanuel-macron&amp;opcion=pl-ver-noticia&amp;catid=69&amp;Itemid=101\">Lettre ouverte \u00e0 Emmanuel Macron<\/a> (Prensa Latina)<\/p>\n\n\n\n<p><a href=\"http:\/\/frances.prensa-latina.cu\/index.php?option=com_content&amp;view=article&amp;id=888471:visite-du-vice-premier-ministre-russe-au-venezuela-au-nicaragua-et-a-cuba&amp;opcion=pl-ver-noticia&amp;catid=29&amp;Itemid=101\">Visite du vice-premier ministre russe au <strong>Venezuela<\/strong>, au <strong>Nicaragua<\/strong> et \u00e0 <strong>Cuba<\/strong><\/a> (Prensa Latina)<\/p>\n\n\n\n<p><mark style=\"background-color:rgba(0, 0, 0, 0);color:#a30004\" class=\"has-inline-color\"><strong>17 F\u00e9vrier en continu<\/strong><\/mark><\/p>\n\n\n\n<p><a href=\"https:\/\/www.boursorama.com\/actualite-economique\/actualites\/bresil-des-chauffeurs-vtc-sous-payes-creent-leur-propre-application-3741389ea70b83bf4fb74e741e0be027\"><strong>Br\u00e9sil<\/strong>: des chauffeurs VTC sous-pay\u00e9s cr\u00e9ent leur propre application<\/a> (AFP)<\/p>\n\n\n\n<p><a href=\"https:\/\/courrierdeuropecentrale.fr\/bolsonaro-premier-president-du-bresil-a-se-rendre-en-hongrie\/\"><strong>Bolsonaro<\/strong>, premier pr\u00e9sident du Br\u00e9sil \u00e0 se rendre en Hongrie<\/a> (Le Courrier d\u2019Europe centrale)<\/p>\n\n\n\n<p><a href=\"https:\/\/lanticapitaliste.org\/actualite\/international\/nicaragua-la-dictature-frappe-de-plus-en-plus-fort\"><strong>Nicaragua<\/strong> : la dictature frappe de plus en plus fort<\/a> (Collectif solidarit\u00e9 avec peuple du Nicaragua)<\/p>\n\n\n\n<p>Analyse<\/p>\n\n\n\n<p><a href=\"http:\/\/alencontre.org\/ameriques\/amelat\/venezuela\/venezuela-il-faudrait-entre-32-et-40-ans-pour-retrouver-le-pib-de-2013-si-nous-avons-de-la-chance.html\"><strong>Venezuela<\/strong>. \u00abIl faudrait entre 32 et 40 ans pour retrouver PIB de 2013\u2026si nous avons de la chance\u00bb <\/a>(Alencontre)<\/p>\n\n\n\n<p><a href=\"http:\/\/cadtm.org\/La-dette-de-l-independance-a-plombe-le-decollage-economique-d-Haiti\">La dette de l&rsquo;ind\u00e9pendance a plomb\u00e9 le d\u00e9collage \u00e9conomique <strong>d&rsquo;Ha\u00efti<\/strong><\/a> (CADTM)<\/p>\n\n\n\n<p><mark style=\"background-color:rgba(0, 0, 0, 0);color:#a30004\" class=\"has-inline-color\"><strong>16 F\u00e9vrier en continu<\/strong><\/mark><\/p>\n\n\n\n<p><a href=\"https:\/\/email.mg2.substack.com\/c\/eJw9kc2OpSAQhZ_mstPwd1UWLHozr2EQjjYzCA7g7fbth9smk5AKlaKqON-xpmJL-dJHKpW8w1yvAzriqwTUikzOgjx7p5kc2aiUIE5Lx6bnRHyZ1wzsxgdd8wlynEvw1lSf4ruDCzVQSj61AqXP0fFppNRQYSgVVoCtVFmKhfF7sTmdR7TQeCFfKYIE_VnrUR7i48F_tWPN4TP29OpT3lq-5hZMNOEqaDdOOe_OiM7ECHQO1hf_QpeNa78KvgnpAroVu4--7OhqNrGsKe93YckoPrRBxOv3LMrZkz3pxHjPe7lSM0lnnYCQixH93yMNQcXvh6T7xvtyLqUa-6e3aSdZ_96XM29NUivb5FAR-ojau_SmNLdH-xl9vWZEswS4G2C9ffhBOm-IyM0fN5uq2SClEuOg5DCpm1cjLKeJ_ljRtrvUuqL-z2ht4qzx5R8e76TV\">2022, une ann\u00e9e d\u00e9cisive : radicaliser le f\u00e9minisme, transformer le Br\u00e9sil<\/a> (Capire) <\/p>\n\n\n\n<figure class=\"wp-block-image is-resized is-style-default\"><img data-recalc-dims=\"1\" loading=\"lazy\" decoding=\"async\" src=\"https:\/\/i0.wp.com\/capiremov.org\/wp-content\/uploads\/2022\/02\/mmm.png?resize=510%2C340&#038;ssl=1\" alt=\"\" width=\"510\" height=\"340\"\/><\/figure>\n\n\n\n<p><a href=\"http:\/\/cadtm.org\/Argentine-Non-a-l-accord-avec-le-FMI-Journee-de-mobilisation-de-la-8F\"><strong>Argentine<\/strong> : Non \u00e0 l&rsquo;accord avec le FMI : Journ\u00e9e de mobilisation de la 8F<\/a> (CADTM)&nbsp;<\/p>\n\n\n\n<p><a href=\"https:\/\/www.autresbresils.net\/Appel-a-film-Bresil-en-Mouvements-2022\">Appel \u00e0 film &#8211; <strong>Br\u00e9sil<\/strong> en Mouvements 2022<\/a> (Centre International de Culture Populaire)<\/p>\n\n\n\n<p><a href=\"https:\/\/www.franceameriquelatine.org\/nicaragua-mourir-en-prison-hasta-siempre-hugo-torres-communique-collectif\/\"><strong>Nicaragua<\/strong>. Mourir en prison. Hasta siempre, Hugo Torres ! (<\/a>Communiqu\u00e9 collectif)<\/p>\n\n\n\n<p><a href=\"https:\/\/www.franceameriquelatine.org\/bolivie-proces-jeanine-anez-coup-etat-revue-presse\/\"><strong>Bolivie<\/strong> : proc\u00e8s de Jeanine A\u00f1ez, jug\u00e9e pour coup d\u2019Etat (revue de presse)<\/a><\/p>\n\n\n\n<p><strong><a href=\"https:\/\/www.franceameriquelatine.org\/victoire-peuples-indigenes-equateur-sinangoe-heros-coica\/\">Victoire des peuples indig\u00e8nes d\u2019\u00c9quateur : \u201cles Sinangoe sont des h\u00e9ros pour le monde entier.\u201d <\/a>(COICA)<\/strong><\/p>\n\n\n\n<p><mark style=\"background-color:rgba(0, 0, 0, 0);color:#a30004\" class=\"has-inline-color\"><strong>15 F\u00e9vrier en continu<\/strong><\/mark><\/p>\n\n\n\n<p><a href=\"https:\/\/www.franceameriquelatine.org\/haiti-honte-international-frederic-thomas-cetri-france-24\/\"><strong>Ha\u00efti<\/strong> : la honte de l\u2019international <mark style=\"background-color:rgba(0, 0, 0, 0)\" class=\"has-inline-color has-contrast-color\">-Fr\u00e9d\u00e9ric Thomas (France 24<\/mark><\/a><a href=\"https:\/\/www.alterpresse.org\/spip.php?rubrique13\"><mark style=\"background-color:rgba(0, 0, 0, 0)\" class=\"has-inline-color has-contrast-color\">)<\/mark><\/a><\/p>\n\n\n\n<p><a href=\"https:\/\/www.alterpresse.org\/spip.php?article27990\"><strong>Ha\u00efti<\/strong>-Salaire minimum&nbsp;: Extorsion des ouvri\u00e8res et ouvriers de la sous-traitance<\/a> (Alterpresse)<\/p>\n\n\n\n<p>Analyse<\/p>\n\n\n\n<p><a href=\"https:\/\/www.boursorama.com\/actualite-economique\/actualites\/au-bresil-une-cite-balneaire-disparait-sous-la-mer-da0786b12d4614cb958d980053e35b93\">Au <strong>Br\u00e9sil<\/strong>, une cit\u00e9 baln\u00e9aire dispara\u00eet sous la mer<\/a> (AFP)<\/p>\n\n\n\n<p><a href=\"https:\/\/www.franceinter.fr\/emissions\/affaires-sensibles\/affaires-sensibles-du-mercredi-22-septembre-2021\">On a tir\u00e9 sur Bob Marley <\/a>(Affaires Sensibles)<\/p>\n\n\n\n<p><mark style=\"background-color:rgba(0, 0, 0, 0);color:#a30004\" class=\"has-inline-color\"><strong>14 F\u00e9vrier en continu<\/strong><\/mark><\/p>\n\n\n\n<p><a href=\"https:\/\/www.boursorama.com\/actualite-economique\/actualites\/venezuela-demonstration-de-force-du-pouvoir-6b81c86240fe4d6eacd2697ea0d92733\"><strong>Venezuela<\/strong>: d\u00e9monstration de force du pouvoir<\/a> (AFP)<\/p>\n\n\n\n<p><a href=\"https:\/\/www.franceameriquelatine.org\/colombie-graves-violations-droits-humains-elections-legislatives-presidentielles-approchent-communique-reseau-france-colombie\/\"><strong>Colombie<\/strong> : graves violations droits humains avant \u00e9lections l\u00e9gislatives\/pr\u00e9sidentielles (France Colombie)<\/a><\/p>\n\n\n\n<p><a href=\"https:\/\/www.franceameriquelatine.org\/argentine-mobilisation-contre-accord-fmi-revue-presse\/\"><strong>Argentine<\/strong> : mobilisation contre l\u2019accord avec le FMI (revue de presse)<\/a><\/p>\n\n\n\n<figure class=\"wp-block-image is-resized is-style-default\"><img data-recalc-dims=\"1\" loading=\"lazy\" decoding=\"async\" src=\"https:\/\/i0.wp.com\/www.franceameriquelatine.org\/wp-content\/uploads\/2022\/02\/62039a816f7ccc7fc0583e8d.jpg?resize=522%2C293&#038;ssl=1\" alt=\"\" class=\"wp-image-91364\" width=\"522\" height=\"293\"\/><\/figure>\n\n\n\n<p><a href=\"https:\/\/www.franceameriquelatine.org\/dans-le-nord-est-de-la-colombie-lengrenage-de-la-violence-le-monde-afp\/\">Dans le nord-est de la <strong>Colombie<\/strong>, l\u2019engrenage de la violence <\/a>(Le Monde )<\/p>\n\n\n\n<p><a href=\"https:\/\/www.franceameriquelatine.org\/nicaragua-mort-detention-hugo-torres-opposant-ortega-revue-de-presse-fr-esp\/\"><strong>Nicaragua<\/strong> : mort en d\u00e9tention d\u2019Hugo Torres, opposant au gouvernement Ortega <\/a>(revue de presse fr-esp)<\/p>\n\n\n\n<p><a href=\"https:\/\/www.rfi.fr\/fr\/en-bref\/20220212-nicaragua-trois-opposants-ont-%C3%A9t%C3%A9-condamn%C3%A9s-pour-atteinte-%C3%A0-l-int%C3%A9grit%C3%A9-nationale\" target=\"_blank\" rel=\"noreferrer noopener\"><strong>Nicaragua<\/strong>: trois opposants ont \u00e9t\u00e9 condamn\u00e9s pour \u00abatteinte \u00e0 l&rsquo;int\u00e9grit\u00e9 nationale\u00bb&nbsp;<\/a>&nbsp;&#8211; RFI<\/p>\n\n\n\n<p>Analyse<\/p>\n\n\n\n<p><a href=\"https:\/\/theconversation.com\/bresil-que-deviendra-le-bolsonarisme-apres-la-disparition-de-lideologue-de-lextreme-droite-176166\"><strong>Br\u00e9sil<\/strong>&nbsp;: que deviendra le bolsonarisme apr\u00e8s disparition id\u00e9ologue de l\u2019extr\u00eame droite&nbsp;?<\/a> (The Conversation)<\/p>\n\n\n\n<p><mark style=\"background-color:rgba(0, 0, 0, 0);color:#a30004\" class=\"has-inline-color\"><strong>13 F\u00e9vrier en continu<\/strong><\/mark><\/p>\n\n\n\n<p><a href=\"https:\/\/lenouvelliste.com\/article\/234195\/montana-et-primature-saccordent-sur-le-principe-de-negocier-rapporte-le-bsa\"><strong>Ha\u00efti<\/strong>-Montana et Primature s\u2019accordent sur le principe de n\u00e9gocier<\/a> (Le Nouvelliste)<\/p>\n\n\n\n<p><a href=\"https:\/\/www.boursorama.com\/actualite-economique\/actualites\/nicaragua-mort-en-detention-d-hugo-torres-opposant-a-daniel-ortega-f5ab18e40c28121c52d0d4ffbf6fe2ce\"><strong>Nicaragua<\/strong> : Mort en d\u00e9tention d&rsquo;Hugo Torres, h\u00e9ro sandiniste opposant \u00e0 Daniel Ortega<\/a> (AFP)<\/p>\n\n\n\n<figure class=\"wp-block-image size-full is-resized is-style-default\"><img data-recalc-dims=\"1\" loading=\"lazy\" decoding=\"async\" src=\"https:\/\/i0.wp.com\/www.rdpemancipation.org\/wp-content\/uploads\/2022\/02\/79564becd3e6c635bde09a0cd83de1ef-760x568-1.webp?resize=467%2C349&#038;ssl=1\" alt=\"\" class=\"wp-image-71035\" width=\"467\" height=\"349\" srcset=\"https:\/\/i0.wp.com\/www.rdpemancipation.org\/wp-content\/uploads\/2022\/02\/79564becd3e6c635bde09a0cd83de1ef-760x568-1.webp?w=760&amp;ssl=1 760w, https:\/\/i0.wp.com\/www.rdpemancipation.org\/wp-content\/uploads\/2022\/02\/79564becd3e6c635bde09a0cd83de1ef-760x568-1.webp?resize=300%2C224&amp;ssl=1 300w\" sizes=\"auto, (max-width: 467px) 100vw, 467px\" \/><\/figure>\n\n\n\n<p><a href=\"https:\/\/www.les2rives.info\/ex_president_du_paraguay_soupconne_de_blanchiment_d_argent?e=e5fb6f55b46ebf7e491bd7f4c8cb3ccc&amp;utm_source=les2rives&amp;utm_medium=email&amp;utm_campaign=newsletter_32&amp;n=18\">L&rsquo;ex pr\u00e9sident du <strong>Paraguay<\/strong> soup\u00e7onn\u00e9 de blanchiment d&rsquo;argent<\/a> (L2R)<\/p>\n\n\n\n<p><a href=\"http:\/\/frances.prensa-latina.cu\/index.php?option=com_content&amp;view=article&amp;id=888443:le-chili-interdit-la-distribution-de-matieres-plastiques-a-usage-unique&amp;opcion=pl-ver-noticia&amp;catid=99&amp;Itemid=101\">Le <strong>Chili<\/strong> interdit la distribution de mati\u00e8res plastiques \u00e0 usage unique<\/a> (Prensa Latina)<\/p>\n\n\n\n<p><a href=\"http:\/\/frances.prensa-latina.cu\/index.php?option=com_content&amp;view=article&amp;id=888445:le-proces-de-lancienne-presidente-de-facto-suspendu-en-bolivie&amp;opcion=pl-ver-noticia&amp;catid=29&amp;Itemid=101\">Le proc\u00e8s de l\u2019ancienne pr\u00e9sidente de facto suspendu en <strong>Bolivie<\/strong><\/a> (Prensa Latina)<\/p>\n\n\n\n<p><mark style=\"background-color:rgba(0, 0, 0, 0);color:#a30004\" class=\"has-inline-color\"><strong>12 F\u00e9vrier en continu<\/strong><\/mark><\/p>\n\n\n\n<p><a href=\"https:\/\/blogs.mediapart.fr\/jean-marc-b\/blog\/110222\/les-medecins-cubains-une-armee-de-la-paix\"><strong>Les m\u00e9decins cubains: une arm\u00e9e de la paix <\/strong><\/a><strong>(L2R)<\/strong><\/p>\n\n\n\n<p><a href=\"https:\/\/www.boursorama.com\/actualite-economique\/actualites\/a-bogota-un-campement-indigene-en-spectre-de-la-guerre-81e5ec70fd4e59af7ca989451788a95d\">A <strong>Bogota<\/strong>, un campement indig\u00e8ne en spectre de la guerre<\/a>&nbsp; (AFP)<a href=\"https:\/\/www.les-crises.fr\/salvador-30-ans-apres-la-sanglante-guerre-civile-la-democratie-est-a-nouveau-menacee\/\"><\/a><\/p>\n\n\n\n<p><a href=\"https:\/\/www.les-crises.fr\/salvador-30-ans-apres-la-sanglante-guerre-civile-la-democratie-est-a-nouveau-menacee\/\"><strong>Salvador<\/strong> : 30 ans apr\u00e8s la sanglante guerre civile, la d\u00e9mocratie est \u00e0 nouveau menac\u00e9e<\/a> (Les Crises)<\/p>\n\n\n\n<p><a href=\"https:\/\/www.boursorama.com\/boursoramag\/actualites\/en-uruguay-le-defile-des-llamadas-ou-l-heritage-bien-vivant-de-l-afrique-a39b997273a202ff199812e35bd4bfed\">En <strong>Uruguay<\/strong>, le d\u00e9fil\u00e9 des \u00ab\u00a0Llamadas\u00a0\u00bb ou l&rsquo;h\u00e9ritage bien vivant de l&rsquo;Afrique<\/a>&nbsp; (AFP)<\/p>\n\n\n\n<p><a href=\"https:\/\/www.les2rives.info\/r_sultats_de_la_pr_sidentielle_au_costa_rica?e=e5fb6f55b46ebf7e491bd7f4c8cb3ccc&amp;utm_source=les2rives&amp;utm_medium=email&amp;utm_campaign=newsletter_32&amp;n=16\">R\u00e9sultats de la pr\u00e9sidentielle au <strong>Costa Rica<\/strong><\/a> (L2R)<\/p>\n\n\n\n<p><a href=\"https:\/\/www.les2rives.info\/un_syndicaliste_la_tete_du_frente_amplio_en_uruguay?e=e5fb6f55b46ebf7e491bd7f4c8cb3ccc&amp;utm_source=les2rives&amp;utm_medium=email&amp;utm_campaign=newsletter_32&amp;n=17\">Un syndicaliste \u00e0 la t\u00eate du Frente Amplio en <strong>Uruguay<\/strong><\/a> (L2R)<\/p>\n\n\n\n<p>Analyse<\/p>\n\n\n\n<p><a href=\"https:\/\/www.contretemps.eu\/bolivie-fragments-revolution\/\"><strong>Bolivie<\/strong>. Fragments d\u2019une r\u00e9volution<\/a> (Contretemps)<\/p>\n\n\n\n<figure class=\"wp-block-image size-full is-resized is-style-default\"><img data-recalc-dims=\"1\" loading=\"lazy\" decoding=\"async\" src=\"https:\/\/i0.wp.com\/www.rdpemancipation.org\/wp-content\/uploads\/2022\/02\/Jaquette_Altiplano_E2021-346x512-1.jpg?resize=407%2C602&#038;ssl=1\" alt=\"\" class=\"wp-image-70888\" width=\"407\" height=\"602\" srcset=\"https:\/\/i0.wp.com\/www.rdpemancipation.org\/wp-content\/uploads\/2022\/02\/Jaquette_Altiplano_E2021-346x512-1.jpg?w=346&amp;ssl=1 346w, https:\/\/i0.wp.com\/www.rdpemancipation.org\/wp-content\/uploads\/2022\/02\/Jaquette_Altiplano_E2021-346x512-1.jpg?resize=203%2C300&amp;ssl=1 203w\" sizes=\"auto, (max-width: 407px) 100vw, 407px\" \/><\/figure>\n\n\n\n<p><mark style=\"background-color:rgba(0, 0, 0, 0);color:#a30004\" class=\"has-inline-color\"><strong>11 F\u00e9vrier en continu<\/strong><\/mark><\/p>\n\n\n\n<p><a href=\"https:\/\/observatoiredemocratiebresil.org\/Nous-sommes-ici-pour-dire-Assez-Nous-ne-devons-plus-accepter-la-violence-et-l\">&nbsp;Assez&nbsp;! Nous ne devons plus accepter violence et impunit\u00e9 !&nbsp;<\/a> (Observatoire d\u00e9mocratique du <strong>Br\u00e9sil<\/strong>)<\/p>\n\n\n\n<figure class=\"wp-block-image is-resized is-style-default\"><img data-recalc-dims=\"1\" loading=\"lazy\" decoding=\"async\" src=\"https:\/\/i0.wp.com\/observatoiredemocratiebresil.org\/local\/cache-vignettes\/L640xH491\/chacina_goias-785dc.png?resize=440%2C338&#038;ssl=1\" alt=\"\" width=\"440\" height=\"338\"\/><\/figure>\n\n\n\n<p><a href=\"https:\/\/www.boursorama.com\/actualite-economique\/actualites\/bresil-les-deputes-approuvent-une-loi-controversee-sur-les-pesticides-d9640c000cd3858463d93f0f7a84d54e\"><strong>Br\u00e9sil<\/strong>: les d\u00e9put\u00e9s approuvent une loi controvers\u00e9e sur les pesticides<\/a> (AFP)<\/p>\n\n\n\n<p><a href=\"https:\/\/www.mediapart.fr\/journal\/international\/100222\/au-venezuela-il-faut-proteger-les-personnes-qui-empruntent-les-chemins-de-la-migration\">Au <strong>Venezuela<\/strong>, \u00abil faut prot\u00e9ger les personnes qui empruntent les chemins de la migration\u00bb<\/a> (M\u00e9diapart)&nbsp;<\/p>\n\n\n\n<p><strong><a href=\"http:\/\/frances.prensa-latina.cu\/index.php?option=com_content&amp;view=article&amp;id=888425:la-france-qualifie-de-cruel-et-injuste-le-blocus-etasunien-contre-cuba&amp;opcion=pl-ver-noticia&amp;catid=39&amp;Itemid=101\">L&rsquo;ancienne pr\u00e9sidente de facto bolivienne condamn\u00e9e \u00e0 12 ans de prison<\/a> (Prensa Latina)<\/strong><\/p>\n\n\n\n<p>Analyse<\/p>\n\n\n\n<p><a href=\"https:\/\/www.humanite.fr\/monde\/chili\/chili-lavenir-des-prisonniers-politiques-en-suspens-737775#xtor=RSS-1\"><strong>Chili<\/strong>. L\u2019avenir des prisonniers politiques en suspens<\/a> (L\u2019Humanit\u00e9)<\/p>\n\n\n\n<p><a href=\"https:\/\/info.mediapart.fr\/optiext\/optiextension.dll?ID=0wx0xd3OyB8rT5iyY_K%2BV7qrePmPsVfPrjDMCg2xW%2BkCmAVe9qGDtYGXI%2BQ7I2Ad1%2BDdOrs5lOZ80ZprywbVB9EDSS6uS\">Migrants <strong>v\u00e9n\u00e9zu\u00e9liens<\/strong>&nbsp;: \u00ab&nbsp;Une crise aussi s\u00e9rieuse que celle de la Syrie&nbsp;\u00bb<\/a> (MDP)<\/p>\n\n\n\n<p><a href=\"http:\/\/frances.prensa-latina.cu\/index.php?option=com_content&amp;view=article&amp;id=888435:le-code-des-familles-sert-a-renforcer-la-lutte-contre-la-violence-a-cuba&amp;opcion=pl-ver-noticia&amp;catid=29&amp;Itemid=101\">Le Code des Familles sert \u00e0 renforcer la lutte contre la violence \u00e0 <strong>Cuba<\/strong><\/a> (Prensa Latina)<\/p>\n\n\n\n<p><mark style=\"background-color:rgba(0, 0, 0, 0);color:#a30004\" class=\"has-inline-color\"><strong>10 F\u00e9vrier en continu<\/strong><\/mark><\/p>\n\n\n\n<p><a href=\"http:\/\/frances.prensa-latina.cu\/index.php?option=com_content&amp;view=article&amp;id=888406:le-president-du-perou-refuse-la-campagne-mediatique-et-inculpe-des-tentatives-de-coup-detat&amp;opcion=pl-ver-noticia&amp;catid=39&amp;Itemid=101\">Pr\u00e9sident du P\u00e9rou condamne des tentatives putschistes<\/a> (Prensa Latina)<\/p>\n\n\n\n<p><a href=\"http:\/\/frances.prensa-latina.cu\/index.php?option=com_content&amp;view=article&amp;id=888410:des-gisements-de-lithium-dans-18-etats-mexicains&amp;opcion=pl-ver-noticia&amp;catid=59&amp;Itemid=101\">Des gisements de lithium dans 18 \u00c9tats mexicains<\/a> (Prensa Latina)<\/p>\n\n\n\n<p><mark style=\"background-color:rgba(0, 0, 0, 0);color:#a30004\" class=\"has-inline-color\"><strong>9 F\u00e9vrier en continu<\/strong><\/mark><\/p>\n\n\n\n<p><a href=\"https:\/\/www.franceameriquelatine.org\/colombie-feux-amazonie-alerte-environnementale-le-monde-afp\/\"><strong>Colombie<\/strong> : des feux en Amazonie mettent la capitale sous \u00ab alerte environnementale \u00bb (Le Monde)<\/a> <\/p>\n\n\n\n<figure class=\"wp-block-image is-resized is-style-default\"><img data-recalc-dims=\"1\" loading=\"lazy\" decoding=\"async\" src=\"https:\/\/i0.wp.com\/www.franceameriquelatine.org\/wp-content\/uploads\/2022\/02\/0fa2888_5463904-01-06.jpg?resize=441%2C300&#038;ssl=1\" alt=\"\" class=\"wp-image-91312\" width=\"441\" height=\"300\"\/><\/figure>\n\n\n\n<p><a href=\"https:\/\/www.franceameriquelatine.org\/cocaine-frelatee-argentine-sentiment-injustice-dans-quartier-villa-puerta-8-jean-louis-buchet-rfi\/\">Coca\u00efne frelat\u00e9e en <strong>Argentine<\/strong>: sentiment d\u2019injustice dans le quartier de Villa Puerta 8 (<\/a>RFI<a href=\"https:\/\/www.franceameriquelatine.org\/cocaine-frelatee-argentine-sentiment-injustice-dans-quartier-villa-puerta-8-jean-louis-buchet-rfi\/\">)<\/a><\/p>\n\n\n\n<p><a href=\"https:\/\/www.franceameriquelatine.org\/perou-nouveau-premier-ministre-contraint-demission-accusations-violences-domestiques-le-omonde-afp\/\"><strong>P\u00e9rou<\/strong>&#8211; Nouveau premier ministre contraint \u00e0 la d\u00e9mission apr\u00e8s accusations violences domestiques ( AFP)<\/a><\/p>\n\n\n\n<p><a href=\"https:\/\/www.franceameriquelatine.org\/proces-figures-opposition-nicaragua-revue-presse\/\">Proc\u00e8s de figures de l\u2019opposition au <strong>Nicaragua<\/strong> (r<\/a>evue de presse<a href=\"https:\/\/www.franceameriquelatine.org\/proces-figures-opposition-nicaragua-revue-presse\/\">)<\/a><\/p>\n\n\n\n<p><a href=\"https:\/\/www.franceameriquelatine.org\/costa-rica-lex-president-de-centre-gauche-jose-maria-figueres-en-tete-du-premier-tour-pilar-fuentes-les-humanites\/\"><strong>Costa Rica<\/strong> : ex-pr\u00e9sident centre-gauche Jos\u00e9 Mar\u00eda Figueres en t\u00eate premier tour (L<\/a>es Humanit\u00e9s<a href=\"https:\/\/www.franceameriquelatine.org\/costa-rica-lex-president-de-centre-gauche-jose-maria-figueres-en-tete-du-premier-tour-pilar-fuentes-les-humanites\/\">)<\/a><\/p>\n\n\n\n<p><a href=\"http:\/\/frances.prensa-latina.cu\/index.php?option=com_content&amp;view=article&amp;id=888408:la-persecution-condamnee-des-navires-visant-a-priver-cuba-de-carburant&amp;opcion=pl-ver-noticia&amp;catid=19&amp;Itemid=101\">La pers\u00e9cution des navires vise \u00e0 priver <strong>Cuba<\/strong> de carburant<\/a> (Prensa Latina)<\/p>\n\n\n\n<p><a href=\"http:\/\/frances.prensa-latina.cu\/index.php?option=com_content&amp;view=article&amp;id=888404:la-crise-politique-au-sein-du-congres-national-hondurien-touche-sa-fin&amp;opcion=pl-ver-noticia&amp;catid=99&amp;Itemid=101\">La crise politique au sein du Congr\u00e8s national <strong>hondurien<\/strong> a touch\u00e9 \u00e0 sa fin<\/a> (Prensa Latina)<\/p>\n\n\n\n<p><mark style=\"background-color:rgba(0, 0, 0, 0);color:#a30004\" class=\"has-inline-color\"><strong>8 F\u00e9vrier en continu<\/strong><\/mark><\/p>\n\n\n\n<p><a href=\"https:\/\/lenouvelliste.com\/article\/234094\/choisir-les-autres-membres-du-conseil-presidentiel-prochaine-etape-de-laccord-de-montana\">Ha\u00efti- Choisir autres membres du conseil pr\u00e9sidentiel, prochaine \u00e9tape de l\u2019accord de Montana&nbsp;<\/a>(Nouvelliste)<\/p>\n\n\n\n<p><a href=\"https:\/\/blogs.mediapart.fr\/jean-marc-b\/blog\/070222\/les-proces-des-manifestants-du-11-juillet-2021-cuba\">Les proc\u00e8s des manifestants du 11 juillet 2021, \u00e0 <strong>Cuba<\/strong> <\/a>(Comunistas)<\/p>\n\n\n\n<p><a href=\"https:\/\/blogs.mediapart.fr\/jean-marc-b\/blog\/070222\/au-nicaragua-la-dictature-frappe-de-plus-en-plus-fort-cspn\">Au <strong>Nicaragua<\/strong>, la dictature frappe de plus en plus&nbsp;fort (<\/a>CSPN)<\/p>\n\n\n\n<p><a href=\"https:\/\/www.boursorama.com\/actualite-economique\/actualites\/presidentielle-au-costa-rica-le-candidat-de-centre-gauche-en-ballotage-favorable-b07f2a81d3d48f4597ab396d81558fc6\">Pr\u00e9sidentielle au <strong>Costa Rica<\/strong>: le candidat de centre gauche en ballotage favorable<\/a> (AFP)<\/p>\n\n\n\n<p><a href=\"https:\/\/www.liberation.fr\/environnement\/biodiversite\/amazonie-la-fuite-dun-oleoduc-met-en-danger-un-parc-naturel-et-une-riviere-20220131_NN3ADBVMOJBVLGYYSCMHEDDEE4\/\"><strong>Amazonie<\/strong>&nbsp;: la fuite d\u2019un ol\u00e9oduc met en danger un parc naturel et une rivi\u00e8re<\/a> (Lib\u00e9ration)<\/p>\n\n\n\n<p>Analyse<\/p>\n\n\n\n<p><a href=\"https:\/\/www.alterpresse.org\/spip.php?article27970\">Aucune avanc\u00e9e r\u00e9elle, 36 ans apr\u00e8s la chute des Duvalier en <strong>Ha\u00efti<\/strong><\/a> (Alterpresse)<\/p>\n\n\n\n<p><a href=\"https:\/\/www.huffingtonpost.fr\/entry\/syndrome-de-la-havane-serait-du-a-des-ondes-electromagnetiques_fr_61fba37ee4b0f8a1b83fae65\">Le syndrome de La <strong>Havane<\/strong> serait d\u00fb \u00e0 des ondes \u00e9lectromagn\u00e9tiques<\/a> (huffingtonpost)<\/p>\n\n\n\n<p><mark style=\"background-color:rgba(0, 0, 0, 0);color:#a30004\" class=\"has-inline-color\"><strong>7 F\u00e9vrier en continu<\/strong><\/mark><\/p>\n\n\n\n<p><a href=\"https:\/\/www.lemonde.fr\/planete\/article\/2022\/02\/06\/colombie-des-feux-en-amazonie-mettent-la-capitale-sous-alerte-environnementale_6112500_3244.html\" target=\"_blank\" rel=\"noreferrer noopener\"><strong>Colombie<\/strong> : des feux en Amazonie mettent la capitale sous \u00ab alerte environnementale \u00bb&nbsp;<\/a>(Le Monde<a href=\"https:\/\/www.lemonde.fr\/planete\/article\/2022\/02\/06\/colombie-des-feux-en-amazonie-mettent-la-capitale-sous-alerte-environnementale_6112500_3244.html\" target=\"_blank\" rel=\"noreferrer noopener\">)<\/a><\/p>\n\n\n\n<p><a href=\"https:\/\/www.rfi.fr\/fr\/en-bref\/20220206-l-argentine-rejoint-les-nouvelles-routes-de-la-soie-de-p%C3%A9kin\" target=\"_blank\" rel=\"noreferrer noopener\"><strong>L&rsquo;Argentine<\/strong> rejoint les \u00abnouvelles routes de la soie\u00bb de P\u00e9kin<\/a>&nbsp;(RFI)<\/p>\n\n\n\n<p><a href=\"https:\/\/www.lemonde.fr\/international\/article\/2022\/02\/06\/au-honduras-la-presidente-amnistie-des-fonctionnaires-du-gouvernement-de-son-mari_6112503_3210.html\" target=\"_blank\" rel=\"noreferrer noopener\"><strong>Honduras<\/strong>, la pr\u00e9sidente amnistie des fonctionnaires du gouvernement de son mari<\/a>&nbsp;(Le Monde)<\/p>\n\n\n\n<p><a href=\"https:\/\/www.rfi.fr\/fr\/am%C3%A9riques\/20220204-au-nicaragua-les-proc%C3%A8s-d-opposants-%C3%A0-daniel-ortega-continuent\" target=\"_blank\" rel=\"noreferrer noopener\"><strong>Nicaragua<\/strong>, les proc\u00e8s d\u2019opposants \u00e0 Daniel Ortega continuent<\/a>&nbsp;(RFI)<\/p>\n\n\n\n<p><a href=\"https:\/\/info.mediapart.fr\/optiext\/optiextension.dll?ID=bJIbNTzi8AuMfom0YulgTUyFkmh1RBjQ3ru9YarY%2B61dZ8KXial_HfBLo9A7bEEsX6vlniOqDW_cznwvuKiB_x9_TCmb0\">Stanislas Cazelles, envoy\u00e9 \u00ab&nbsp;sp\u00e9cial&nbsp;\u00bb de Macron en <strong>Martinique<\/strong><\/a> (MDP)<\/p>\n\n\n\n<p><a href=\"https:\/\/www.humanite.fr\/monde\/mexique\/mexique-silao-les-salaries-marquent-un-point-contre-general-motors-737154#xtor=RSS-1\"><strong>Mexique<\/strong>. \u00c0 Silao, les salari\u00e9s marquent un point contre General Motors<\/a> (L\u2019Humanit\u00e9)&nbsp;<\/p>\n\n\n\n<p>Analyse<\/p>\n\n\n\n<p><a href=\"https:\/\/www.les-crises.fr\/cuba-montre-l-exemple-en-matiere-de-changement-climatique\/\"><strong>Cuba<\/strong> \u00e0 la pointe de la lutte contre le changement climatique<\/a> (Jacobin, traduction Les Crises)<\/p>\n\n\n\n<p><strong><a href=\"https:\/\/blogs.mediapart.fr\/jean-marc-b\/blog\/060222\/boric-president-du-chili-de-la-lutte-pour-le-socialisme-la-justice-fiscale\">Boric pr\u00e9sident du Chili: de la lutte pour le socialisme \u00e0 la justice fiscale <\/a>-Viriato (Alerce)<\/strong><\/p>\n\n\n\n<figure class=\"wp-block-image is-resized is-style-default\"><img data-recalc-dims=\"1\" loading=\"lazy\" decoding=\"async\" src=\"https:\/\/i0.wp.com\/static.mediapart.fr\/etmagine\/default\/files\/2022\/02\/06\/unknown.jpg?resize=421%2C227&#038;ssl=1\" alt=\"\" width=\"421\" height=\"227\"\/><\/figure>\n\n\n\n<p><mark style=\"background-color:rgba(0, 0, 0, 0);color:#a30004\" class=\"has-inline-color\"><strong>6 F\u00e9vrier en continu<\/strong><\/mark><\/p>\n\n\n\n<p><a href=\"https:\/\/www.chroniquepalestine.com\/ce-que-la-victoire-de-gabriel-boric-au-chili-signifie-pour-la-palestine\/\" title=\"Ce\">Ce<\/a> <a href=\"https:\/\/www.chroniquepalestine.com\/ce-que-la-victoire-de-gabriel-boric-au-chili-signifie-pour-la-palestine\/\" title=\"que la victoire de Gabriel Boric au Chili signifie pour la Palestine\">que la victoire de Gabriel Boric au Chili signifie pour la Palestine<\/a> (PC)<\/p>\n\n\n\n<p><a href=\"https:\/\/info.mediapart.fr\/optiext\/optiextension.dll?ID=HdcHfcKeIsOxaNuDwuiPlDMjv7OunV9zrTaGVs22uQyjWgvrPvYrqKXPWBwZWtrbewG0DoAYRaHdBAZ%2Bf0qdJT43eimbV\">Au <strong>P\u00e9rou<\/strong>, le virage \u00e0 droite du pr\u00e9sident Castillo provoque une crise politique<\/a> (MDP)<\/p>\n\n\n\n<p><a href=\"https:\/\/www.boursorama.com\/actualite-economique\/actualites\/assassinat-du-president-haitien-le-colombien-inculpe-aux-etats-unis-plaide-non-coupable-avocat-3fda66b1498e8b75ec7ede726e347745\">Assassinat du pr\u00e9sident <strong>ha\u00eftien<\/strong>: le Colombien inculp\u00e9 aux Etats-Unis plaide non-coupable (avocat)<\/a> (AFP)<\/p>\n\n\n\n<p><a href=\"https:\/\/www.boursorama.com\/actualite-economique\/actualites\/a-cuba-pleurs-et-tension-au-proces-des-33-manifestants-du-11-juillet-84140b0a704255417951b7457faba181\">A <strong>Cuba<\/strong>, pleurs et tension au proc\u00e8s des 33 manifestants du 11 juillet<\/a> (AFP)<\/p>\n\n\n\n<p><a href=\"https:\/\/www.boursorama.com\/actualite-economique\/actualites\/record-de-chaleur-et-feux-de-forets-en-amazonie-colombienne-963381e434d29eed43f2c9f254cc5bcc\">Record de chaleur et feux de for\u00eats en <strong>Amazonie colombienne<\/strong><\/a> (AFP)<\/p>\n\n\n\n<p><a href=\"http:\/\/frances.prensa-latina.cu\/index.php?option=com_content&amp;view=article&amp;id=888389:le-trafic-illegal-darmes-des-etats-unis-vers-le-mexique-se-poursuit-sans-relache&amp;opcion=pl-ver-noticia&amp;catid=29&amp;Itemid=101\">Le trafic ill\u00e9gal d&rsquo;armes des \u00c9tats-Unis vers le <strong>Mexique<\/strong> se poursuit sans rel\u00e2che<\/a> (Prensa Latina)<\/p>\n\n\n\n<p>Analyse<\/p>\n\n\n\n<p><a href=\"http:\/\/alencontre.org\/ameriques\/amelat\/amerique-latine-et-caraibes-lextreme-pauvrete-en-hausse.html\">Am\u00e9rique latine et Cara\u00efbes. L\u2019extr\u00eame pauvret\u00e9 en hausse <\/a>(IPS)<\/p>\n\n\n\n<p><mark style=\"background-color:rgba(0, 0, 0, 0);color:#a30004\" class=\"has-inline-color\"><strong>5 F\u00e9vrier en continu<\/strong><\/mark><\/p>\n\n\n\n<p><a href=\"http:\/\/cadtm.org\/Argentine-Le-gouvernement-d-Alberto-Fernandez-a-conclu-un-accord-avec-le-FMI\"><strong>Argentine<\/strong> &#8211; Le gouvernement d&rsquo;Alberto Fern\u00e1ndez a conclu un accord avec le FMI<\/a> (CADTM)<\/p>\n\n\n\n<p><a href=\"https:\/\/www.boursorama.com\/actualite-economique\/actualites\/cocaine-meurtriere-en-argentine-le-bilan-grimpe-a-22-morts-situation-stabilisee-af713be530f3d14954aa4d7db342f1ec\">Coca\u00efne meurtri\u00e8re en <strong>Argentine<\/strong>: le bilan grimpe \u00e0 22 morts, situation \u00ab\u00a0stabilis\u00e9e\u00a0\u00bb<\/a> (AFP)<\/p>\n\n\n\n<p><a href=\"https:\/\/lanticapitaliste.org\/actualite\/international\/ce-qui-sest-passe-avec-moise-porte-un-nom-barbarie\"><strong>Br\u00e9sil<\/strong>&#8211; Ce qui s\u2019est pass\u00e9 avec Mo\u00efse porte un nom : barbarie<\/a> (L\u2019Anticapitaliste)<\/p>\n\n\n\n<p><a href=\"https:\/\/www.boursorama.com\/actualite-economique\/actualites\/perou-repsol-promet-de-finir-en-mars-le-nettoyage-des-cotes-souillees-de-petrole-159a7aae1a1645e23dabc1b0cf8738c4\"><strong>P\u00e9rou<\/strong>: Repsol promet de finir en mars le nettoyage des c\u00f4tes souill\u00e9es de p\u00e9trole<\/a> (AFP)<\/p>\n\n\n\n<p>Analyse<\/p>\n\n\n\n<p><a href=\"https:\/\/www.boursorama.com\/actualite-economique\/actualites\/venezuela-il-y-a-30-ans-chavez-ratait-son-coup-mais-devenait-celebre-f18c6e1de56b6fb1d766b61e4ff3fa73\"><strong>Venezuela<\/strong>: il y a 30 ans, Chavez ratait son coup mais devenait c\u00e9l\u00e8bre<\/a> (AFP)<\/p>\n\n\n\n<p><a href=\"https:\/\/lecourrier.ch\/2022\/02\/03\/cuba-a-la-recherche-dun-second-souffle\/\"><strong>Cuba<\/strong>: \u00e0 la recherche d\u2019un second souffle<\/a> (Le Courrier)<\/p>\n\n\n\n<p><a href=\"https:\/\/www.revue-ballast.fr\/mailys-khider-enquete-sur-le-systeme-de-sante-cubain\/\">Ma\u00eflys Khider : enqu\u00eate sur le syst\u00e8me de sant\u00e9 <strong>cubain<\/strong><\/a> (Ballast)<\/p>\n\n\n\n<p><mark style=\"background-color:rgba(0, 0, 0, 0);color:#a30004\" class=\"has-inline-color\"><strong>4 F\u00e9vrier en continu<\/strong><\/mark><\/p>\n\n\n\n<p><a href=\"https:\/\/www.boursorama.com\/videos\/actualites\/le-bresil-s-indigne-apres-le-meurtre-d-un-congolais-a-rio-240ae76daa98fba149a2e3b09a5f24b4\">Le <strong>Br\u00e9sil<\/strong> s&rsquo;indigne apr\u00e8s le meurtre d&rsquo;un Congolais \u00e0 Rio<\/a> (France 24)<\/p>\n\n\n\n<p><a href=\"https:\/\/www.autresbresils.net\/Festival-Filmer-le-travail\">Autres <strong>Br\u00e9sils<\/strong> : Festival \u00ab Filmer le travail \u00bb<\/a> (CICP)<\/p>\n\n\n\n<p><a href=\"https:\/\/www.franceameriquelatine.org\/perou-remaniement-ministeriel-revue-presse\/\"><strong>P\u00e9rou<\/strong> : nouveau remaniement minist\u00e9riel <\/a>(revue de presse)<\/p>\n\n\n\n<p><a href=\"https:\/\/www.franceameriquelatine.org\/equateur-fuite-petrole-amazonie-revue-presse\/\"><strong>\u00c9quateur<\/strong> : fuite de p\u00e9trole en Amazonie (<\/a>revue de presse<a href=\"https:\/\/www.franceameriquelatine.org\/equateur-fuite-petrole-amazonie-revue-presse\/\">)<\/a><\/p>\n\n\n\n<figure class=\"wp-block-image is-resized is-style-default\"><img data-recalc-dims=\"1\" loading=\"lazy\" decoding=\"async\" src=\"https:\/\/i0.wp.com\/www.franceameriquelatine.org\/wp-content\/uploads\/2022\/02\/WhatsApp-Image-2022-01-31-at-5.28.00-PM-1.jpeg?resize=501%2C251&#038;ssl=1\" alt=\"\" class=\"wp-image-91201\" width=\"501\" height=\"251\"\/><\/figure>\n\n\n\n<p><a href=\"https:\/\/www.franceameriquelatine.org\/colombie-ouverture-campagne-presidentielle-marie-eve-detoeuf-najet-benrabaa-rfi\/\"><strong>Colombie<\/strong>: ouverture officielle de la campagne pr\u00e9sidentielle <\/a>(RFI) <\/p>\n\n\n\n<p>Analyse<\/p>\n\n\n\n<p><a href=\"https:\/\/www.humanite.fr\/histoire\/histoire\/cuba-soixante-ans-du-blocus-le-plus-long-et-le-plus-injuste-737022#xtor=RSS-1\"><strong>Cuba<\/strong>. Soixante ans du blocus le plus long et le plus injuste<\/a> (L\u2019Humanit\u00e9)<\/p>\n\n\n\n<p><a href=\"https:\/\/www.franceameriquelatine.org\/gauche-pouvoir-amerique-latine-vague-fond-ximena-sampson-radio-canada\/\">La gauche au pouvoir en Am\u00e9rique latine : une vague de fond ? (Radio Canada)<\/a><\/p>\n\n\n\n<p><a href=\"https:\/\/alainet.org\/fr\/articulo\/214850\">L\u2019Age d\u2019or et la fin de cycle ne sont plus ce qu\u2019ils \u00e9taient !<\/a><a href=\"https:\/\/alainet.org\/es\/autores\/maurice-lemoine\">&#8211;<\/a>Maurice Lemoine<\/p>\n\n\n\n<figure class=\"wp-block-image size-full is-resized is-style-default\"><img data-recalc-dims=\"1\" loading=\"lazy\" decoding=\"async\" src=\"https:\/\/i0.wp.com\/www.rdpemancipation.org\/wp-content\/uploads\/2022\/02\/chavez-kirchner-y-lula.jpg?resize=531%2C399&#038;ssl=1\" alt=\"\" class=\"wp-image-69460\" width=\"531\" height=\"399\" srcset=\"https:\/\/i0.wp.com\/www.rdpemancipation.org\/wp-content\/uploads\/2022\/02\/chavez-kirchner-y-lula.jpg?w=500&amp;ssl=1 500w, https:\/\/i0.wp.com\/www.rdpemancipation.org\/wp-content\/uploads\/2022\/02\/chavez-kirchner-y-lula.jpg?resize=300%2C226&amp;ssl=1 300w\" sizes=\"auto, (max-width: 531px) 100vw, 531px\" \/><figcaption><sub>Chavez- Kirchner-Lula<\/sub><\/figcaption><\/figure>\n\n\n\n<p><mark style=\"background-color:rgba(0, 0, 0, 0);color:#a30004\" class=\"has-inline-color\"><strong>3 F\u00e9vrier en continu<\/strong><\/mark><\/p>\n\n\n\n<p><a href=\"https:\/\/www.courrierinternational.com\/article\/catastrophe-apres-la-maree-noire-le-perou-bloque-les-activites-de-repsol?xtor=EREC-20-%5Bnl_quotidienne%5D-20220201-%5Bcatastrophe_apres_la_maree_noire_le_perou_bloque_les_activites_de_repsol%5D\">Apr\u00e8s la mar\u00e9e noire, le <strong>P\u00e9rou<\/strong> bloque les activit\u00e9s de Repsol<\/a>&nbsp;(Courrier international)<\/p>\n\n\n\n<figure class=\"wp-block-image is-resized is-style-default\"><img data-recalc-dims=\"1\" loading=\"lazy\" decoding=\"async\" src=\"https:\/\/i0.wp.com\/www.courrierinternational.com\/sites\/ci_master\/files\/styles\/image_original_765\/public\/assets\/images\/rts4yxs1.jpeg?resize=465%2C314&#038;ssl=1\" alt=\"Le 29 janvier 2022, sur une plage pr\u00e8s de la capitale, Lima. PHOTO \/ ANGELA PONCE \/ REUTERS.\" width=\"465\" height=\"314\"\/><\/figure>\n\n\n\n<p><a href=\"https:\/\/info.mediapart.fr\/optiext\/optiextension.dll?ID=kOPkVD2ApNjGbNN_CDWMlqXmz9qelL6CQuAnmGr1G4QPPWy6cSExcAMG34j0F50l5ETCKweDBwnuh3F7JlAaGmLjkNrss\">Lib\u00e9ralisme autoritaire et bitcoin, la recette du pr\u00e9sident du <strong>Salvador<\/strong><\/a> &#8211;<a href=\"https:\/\/info.mediapart.fr\/optiext\/optiextension.dll?ID=kOPkOSKqIXYlQiXzYxBE34rHEQdpei_WLrS5ZPBZA2upfV36cFU5q5PQ2o11%2BOd5MLLeVAM6bivDHqrHSfXILdJuFoR68\">Romaric Godin<\/a> (MDP)<\/p>\n\n\n\n<p><a href=\"https:\/\/www.francetvinfo.fr\/monde\/ameriques\/amazonie\/bresil-une-deforestation-record-en-amazonie-pour-un-mois-de-janvier_4938852.html\"><strong>Br\u00e9sil<\/strong> : une d\u00e9forestation record en Amazonie pour un mois de janvier<\/a> (France Info)<\/p>\n\n\n\n<p><a href=\"https:\/\/www.boursorama.com\/actualite-economique\/actualites\/fuite-de-petrole-en-amazonie-equatorienne-l-equivalent-de-6-300-barils-deverses-dans-une-reserve-8cf5c0e6a777ffb1bc895748150041d5\">Fuite de p\u00e9trole en <strong>Amazonie \u00e9quatorienne<\/strong>: l&rsquo;\u00e9quivalent de 6.300 barils d\u00e9vers\u00e9s dans une r\u00e9serve<\/a> (AFP)<\/p>\n\n\n\n<p><a href=\"https:\/\/www.boursorama.com\/actualite-economique\/actualites\/colombie-contre-leur-eglise-l-enquete-de-deux-fideles-sur-un-reseau-pedophile-c919c8edb223dde2b8616adde7c2fddb\"><strong>Colombie<\/strong>: contre leur Eglise, l&rsquo;enqu\u00eate de deux fid\u00e8les sur un r\u00e9seau p\u00e9dophile<\/a> (AFP)<\/p>\n\n\n\n<p>Analyse<\/p>\n\n\n\n<p><a href=\"https:\/\/www.courrierinternational.com\/revue-de-presse\/reportage-el-paraiso-verde-une-communaute-de-negationnistes-du-covid-installee-au?xtor=EREC-20-%5Bnl_quotidienne%5D-20220131-%5Breportage_el_paraiso_verde_une_communaute_de_negationnistes_du_covid_installee_au%5D\">El Para\u00edso Verde, une communaut\u00e9 de n\u00e9gationnistes du Covid install\u00e9e au&nbsp;<strong>Paraguay<\/strong><\/a>&nbsp;(The Guardian)<\/p>\n\n\n\n<p><a href=\"https:\/\/nsarchive.gwu.edu\/briefing-book\/cuba\/2022-02-02\/cuba-embargoed-us-trade-sanctions-turn-sixty\">Histoire : 60 ans d\u2019embargo US contre Cuba<\/a> (anglais -National Security Archive)<\/p>\n\n\n\n<p><mark style=\"background-color:rgba(0, 0, 0, 0);color:#a30004\" class=\"has-inline-color\"><strong>2 F\u00e9vrier en continu<\/strong><\/mark><\/p>\n\n\n\n<p><a href=\"http:\/\/alencontre.org\/ameriques\/amelat\/argentine\/argentine-le-funeste-retour-du-fmi-i.html\"><strong>Argentine<\/strong>. Le funeste retour du FMI (I) <\/a>-Claudio Katz<\/p>\n\n\n\n<p><a href=\"https:\/\/www.autresbresils.net\/Bresil-un-ministre-de-Bolsonaro-poursuivi-pour-homophobie\"><strong>Br\u00e9sil<\/strong> : un ministre de Bolsonaro poursuivi pour homophobie<\/a> (CICP)<\/p>\n\n\n\n<p><a href=\"https:\/\/www.boursorama.com\/bourse\/actualites\/edf-comerc-et-eneva-envisagent-des-offres-pour-le-bresilien-ceee-g-selon-des-sources-9cbd386f176d2242bccdc47875210b2e\">EDF, Comerc et Eneva envisagent des offres pour le <strong>br\u00e9silien<\/strong> CEEE-G, selon des sources<\/a> (Reuters)&nbsp;<\/p>\n\n\n\n<p><a href=\"https:\/\/www.boursorama.com\/videos\/actualites\/fuite-de-petrole-en-amazonie-equatorienne-un-parc-naturel-et-une-riviere-pollues-df5d702346c695e32aee6325fa331f2a\">Fuite de p\u00e9trole en <strong>Amazonie \u00e9quatorienne<\/strong>: un parc naturel et une rivi\u00e8re pollu\u00e9s<\/a> (AFP)<\/p>\n\n\n\n<p><strong><a href=\"https:\/\/www.boursorama.com\/videos\/actualites\/des-centaines-de-boliviennes-marchent-contre-les-violences-sexuelles-133c55dbc93b2c3dd657a777c63c06e0\">Des centaines de Boliviennes marchent contre les violences sexuelles<\/a> (AFP)<\/strong><\/p>\n\n\n\n<p><a href=\"https:\/\/lenouvelliste.com\/article\/233938\/les-femmes-haitiennes-enceintes-nouvelles-cibles-de-choix-de-limmigration-dominicaine\">Les femmes <strong>ha\u00eftiennes<\/strong> enceintes, nouvelles cibles de choix de l\u2019immigration dominicaine<\/a> (Le Nouvelliste)<\/p>\n\n\n\n<p>Analyse<\/p>\n\n\n\n<p><a href=\"https:\/\/www.boursorama.com\/videos\/actualites\/le-costa-rica-se-penche-sur-l-energie-verte-de-l-hydrogene-8663e72c25abd6e0c9dc6e91c718b129\">Le <strong>Costa Rica<\/strong> se penche sur l&rsquo;\u00e9nergie verte de l&rsquo;hydrog\u00e8ne<\/a> (AFP)<\/p>\n\n\n\n<p><a href=\"https:\/\/www.humanite.fr\/en-debat\/blocus-de-cuba\/cuba-le-blocus-de-la-honte-736536#xtor=RSS-1\"><strong>Cuba<\/strong>: le blocus de la honte<\/a> (L\u2019Humanit\u00e9)<\/p>\n\n\n\n<p><mark style=\"background-color:rgba(0, 0, 0, 0);color:#a30004\" class=\"has-inline-color\"><strong>1er F\u00e9vrier en continu<\/strong><\/mark><\/p>\n\n\n\n<p><a href=\"https:\/\/www.francetvinfo.fr\/monde\/environnement\/amazonie-equatorienne-un-parc-naturel-et-une-riviere-ont-ete-touches-par-une-fuite-de-petrole_4936099.html\">Amazonie <strong>\u00e9quatorienne<\/strong> : un parc naturel et une rivi\u00e8re ont \u00e9t\u00e9 touch\u00e9s par une fuite de p\u00e9trole<\/a> (France Info)<\/p>\n\n\n\n<p><a href=\"https:\/\/www.mediapart.fr\/journal\/france\/310122\/guyane-les-services-de-l-etat-la-peine-apres-la-reforme-macron\"><strong>Guyane<\/strong>: les services de l\u2019\u00c9tat \u00e0 la peine apr\u00e8s la r\u00e9forme Macron<\/a> (Guyaweb)<\/p>\n\n\n\n<p><a href=\"https:\/\/theconversation.com\/la-guadeloupe-est-en-crise-et-cela-va-bien-au-dela-de-la-situation-sanitaire-174925\">La <strong>Guadeloupe<\/strong> est en crise et cela va bien au-del\u00e0 de la situation sanitaire<\/a> (The conversation)<\/p>\n\n\n\n<p><a href=\"https:\/\/www.boursorama.com\/videos\/actualites\/chili-manifestation-anti-migrants-rendus-responsables-de-la-criminalite-d95353df2ca5194666efaed6e7e7bdaa\"><strong>Chili<\/strong>: manifestation anti-migrants rendus responsables de la criminalit\u00e9<\/a> (AFP)<\/p>\n\n\n\n<p><a href=\"https:\/\/lenouvelliste.com\/article\/233932\/danciens-ministres-de-jovenel-moise-reclament-le-depart-dariel-henry-le-7-fevrier-2022\"><strong>Ha\u00efti<\/strong>&#8211; Anciens ministres de Jovenel Moise r\u00e9clament le d\u00e9part d\u2019Ariel Henry le 7 f\u00e9vrier 2022<\/a> (Le Nouvelliste)<\/p>\n\n\n\n<p>Analyse<\/p>\n\n\n\n<p><a href=\"https:\/\/www.lesnouvellesnews.fr\/chili-le-feminisme-au-pouvoir\/\"><strong>Chili<\/strong>&nbsp;: le f\u00e9minisme au pouvoir<\/a> (Nouvelles news)<\/p>\n\n\n\n<figure class=\"wp-block-image size-full is-resized is-style-default\"><img data-recalc-dims=\"1\" loading=\"lazy\" decoding=\"async\" src=\"https:\/\/i0.wp.com\/www.rdpemancipation.org\/wp-content\/uploads\/2022\/02\/Capture-decran-2022-02-01-a-07.25.07.png?resize=543%2C234&#038;ssl=1\" alt=\"\" class=\"wp-image-69012\" width=\"543\" height=\"234\" srcset=\"https:\/\/i0.wp.com\/www.rdpemancipation.org\/wp-content\/uploads\/2022\/02\/Capture-decran-2022-02-01-a-07.25.07.png?w=754&amp;ssl=1 754w, https:\/\/i0.wp.com\/www.rdpemancipation.org\/wp-content\/uploads\/2022\/02\/Capture-decran-2022-02-01-a-07.25.07.png?resize=300%2C129&amp;ssl=1 300w\" sizes=\"auto, (max-width: 543px) 100vw, 543px\" \/><\/figure>\n\n\n\n<p><a href=\"https:\/\/lundi.am\/Et-nous-allions-nous-ennuyer-dans-des-cafes\">Et nous allions nous ennuyer dans des caf\u00e9s<\/a><em> &#8211;<\/em>de Patricia Farazzi (Bonnes feuilles)<\/p>\n","protected":false},"excerpt":{"rendered":"<p>28 F\u00e9vrier en continu Blocage contre le projet minier d\u2019AntaKori : Les femmes et les communaut\u00e9s p\u00e9ruviennes en r\u00e9sistance (Capire) Argentine: \u00ab Le combat pour le droit \u00e0 l\u2019avortement ne s\u2019est pas arr\u00eat\u00e9 avec l\u2019adoption de la loi \u00bb (Capire) Syndicalistes et ouvri\u00e8res d\u00e9plorent conditions des femmes dans usines de sous-traitance en Ha\u00efti (Alterpresse) Analyse &#8230; <a title=\"F\u00e9vrier &#8211; Am\u00e9rique latine &#038; Cara\u00efbes\" class=\"read-more\" href=\"https:\/\/www.rdpemancipation.org\/?p=68908\" aria-label=\"En savoir plus sur F\u00e9vrier &#8211; Am\u00e9rique latine &#038; Cara\u00efbes\">Lire la suite<\/a><\/p>\n","protected":false},"author":1,"featured_media":0,"comment_status":"closed","ping_status":"closed","sticky":false,"template":"","format":"standard","meta":{"_lmt_disableupdate":"no","_lmt_disable":"no","_jetpack_memberships_contains_paid_content":false,"footnotes":""},"categories":[21],"tags":[],"class_list":["post-68908","post","type-post","status-publish","format-standard","hentry","category-amerique-latine-caraibes"],"modified_by":"jmb","jetpack_featured_media_url":"","jetpack_sharing_enabled":true,"_links":{"self":[{"href":"https:\/\/www.rdpemancipation.org\/index.php?rest_route=\/wp\/v2\/posts\/68908","targetHints":{"allow":["GET"]}}],"collection":[{"href":"https:\/\/www.rdpemancipation.org\/index.php?rest_route=\/wp\/v2\/posts"}],"about":[{"href":"https:\/\/www.rdpemancipation.org\/index.php?rest_route=\/wp\/v2\/types\/post"}],"author":[{"embeddable":true,"href":"https:\/\/www.rdpemancipation.org\/index.php?rest_route=\/wp\/v2\/users\/1"}],"replies":[{"embeddable":true,"href":"https:\/\/www.rdpemancipation.org\/index.php?rest_route=%2Fwp%2Fv2%2Fcomments&post=68908"}],"version-history":[{"count":44,"href":"https:\/\/www.rdpemancipation.org\/index.php?rest_route=\/wp\/v2\/posts\/68908\/revisions"}],"predecessor-version":[{"id":73537,"href":"https:\/\/www.rdpemancipation.org\/index.php?rest_route=\/wp\/v2\/posts\/68908\/revisions\/73537"}],"wp:attachment":[{"href":"https:\/\/www.rdpemancipation.org\/index.php?rest_route=%2Fwp%2Fv2%2Fmedia&parent=68908"}],"wp:term":[{"taxonomy":"category","embeddable":true,"href":"https:\/\/www.rdpemancipation.org\/index.php?rest_route=%2Fwp%2Fv2%2Fcategories&post=68908"},{"taxonomy":"post_tag","embeddable":true,"href":"https:\/\/www.rdpemancipation.org\/index.php?rest_route=%2Fwp%2Fv2%2Ftags&post=68908"}],"curies":[{"name":"wp","href":"https:\/\/api.w.org\/{rel}","templated":true}]}}