{"id":64178,"date":"2022-01-01T12:58:29","date_gmt":"2022-01-01T11:58:29","guid":{"rendered":"https:\/\/www.rdpemancipation.org\/?p=64178"},"modified":"2022-01-31T19:44:31","modified_gmt":"2022-01-31T18:44:31","slug":"janvier-afrique-subsaharienne-2","status":"publish","type":"post","link":"https:\/\/www.rdpemancipation.org\/?p=64178","title":{"rendered":"Janvier &#8211; Afrique subsaharienne"},"content":{"rendered":"\n<p> <strong><span style=\"color:#f00e19\" class=\"has-inline-color\">31 janvier en continu<\/span><\/strong>  <\/p>\n\n\n\n<p><a href=\"http:\/\/www.infomigrants.net\/fr\/post\/38161\/un-trafic-de-migrants-entre-lafrique-de-louest-et-leurope-demantele-au-niger\" target=\"_blank\" rel=\"noreferrer noopener\">Un trafic de migrants entre l\u2019Afrique de l\u2019ouest et l\u2019Europe d\u00e9mantel\u00e9 au Niger<\/a>\u00a0(Info Migrants)<\/p>\n\n\n\n<p><a href=\"https:\/\/www.journaldebangui.com\/afrique-la-bad-au-secours-de-lindustrie-pharmaceutique\/\">Afrique : la Bad au secours de l&rsquo;industrie pharmaceutique<\/a> (Journal de Bangui)<\/p>\n\n\n\n<p><strong>Pays<\/strong>&nbsp;<\/p>\n\n\n\n<p><a href=\"http:\/\/www.walf-groupe.com\/lunion-africaine-suspend-burkina-jusqua-retour-a-lordre-constitutionnel\/\"><strong>Burkina Faso<\/strong>&nbsp;: Suspendu par l\u2019Union africaine<\/a> (WalfNet)<\/p>\n\n\n\n<p><a href=\"https:\/\/www.alwihdainfo.com\/Burkina-Faso-une-soixantaine-de-terroristes-neutralises-dans-une-operation-conjointe-avec-Barkhane_a110932.html\"><strong>Burkina Faso<\/strong> : une soixantaine de terroristes neutralis\u00e9s<\/a> (Alwihdainfo) <\/p>\n\n\n\n<figure class=\"wp-block-image is-resized\"><img data-recalc-dims=\"1\" loading=\"lazy\" decoding=\"async\" src=\"https:\/\/i0.wp.com\/www.alwihdainfo.com\/photo\/art\/default\/61977782-45048654.jpg?resize=424%2C222&#038;ssl=1\" alt=\"\u00a9 DR\" width=\"424\" height=\"222\"\/><\/figure>\n\n\n\n<p><a href=\"https:\/\/burkina-faso.direct.news\/news=7338192\"><strong>Burkina Faso<\/strong>&nbsp;: Ouattara pour un accompagnement contre le terrorisme<\/a> (Afrique55)<\/p>\n\n\n\n<p><a href=\"https:\/\/www.afrique-sur7.ci\/484402-cote-divoire-niger-diplomate-coups-detat\"><strong>C\u00f4te d\u2019Ivoire et Niger<\/strong>&nbsp;: Fortes probabilit\u00e9s de coup d\u2019\u00c9tat<\/a> (Afriquesur7)<\/p>\n\n\n\n<p><a href=\"https:\/\/lanouvelletribune.info\/2022\/01\/ethiopie-les-rebelles-du-tigre-veulent-negocier-face-a-abiy-ahmed\/\"><strong>\u00c9thiopie <\/strong>: les rebelles du Tigr\u00e9 veulent n\u00e9gocier<\/a> (La Nouvelle Tribune)<\/p>\n\n\n\n<p><a href=\"https:\/\/lequotidien.sn\/gambie-accrochage-avec-le-mfdc-les-jambaars-dans-un-guet-apens-une-operation-rebelle-bien-planifiee\/\"><strong>Gambie<\/strong>&nbsp;: Accrochage avec le Mfdc : un Guet-Apens<\/a> (Le Quotidien) <\/p>\n\n\n\n<p><a href=\"https:\/\/www.voaafrique.com\/a\/le-nouveau-pouvoir-%C3%A0-conakry-d%C3%A9couvre-4500-fonctionnaires-fant%C3%B4mes\/6414792.html\"><strong>Guin\u00e9e<\/strong>\u00a0: Le nouveau pouvoir d\u00e9couvre 4500 fonctionnaires fant\u00f4mes<\/a> (Voaafrique)<\/p>\n\n\n\n<p><strong><a href=\"https:\/\/www.boursorama.com\/actualite-economique\/actualites\/le-mali-demande-a-l-ambassadeur-de-france-de-quitter-le-pays-sous-72h-2a603d674c8a02f24a5d4cd32acec245\">Mali\u00a0:<\/a><\/strong><a href=\"https:\/\/www.boursorama.com\/actualite-economique\/actualites\/le-mali-demande-a-l-ambassadeur-de-france-de-quitter-le-pays-sous-72h-2a603d674c8a02f24a5d4cd32acec245\"> l&rsquo;ambassadeur de France somm\u00e9 de quitter le pays sous 72h<\/a> (Reuters)<\/p>\n\n\n\n<p><strong><a href=\"https:\/\/mondafrique.com\/mali-les-fragiles-bases-legales-de-lintervention-francaise\/\">Mali, <\/a><\/strong><a href=\"https:\/\/mondafrique.com\/mali-les-fragiles-bases-legales-de-lintervention-francaise\/\">les fragiles bases l\u00e9gales de l\u2019intervention fran\u00e7aise<\/a> &nbsp;(Mondafrique)<\/p>\n\n\n\n<figure class=\"wp-block-image is-resized\"><img data-recalc-dims=\"1\" loading=\"lazy\" decoding=\"async\" src=\"https:\/\/i0.wp.com\/mondafrique.com\/wp-content\/uploads\/2022\/01\/unnamed-4.jpg?resize=421%2C280&#038;ssl=1\" alt=\"\" width=\"421\" height=\"280\"\/><\/figure>\n\n\n\n<p><a href=\"https:\/\/mondafrique.com\/rien-ne-va-plus-entre-la-france-et-le-mali\/\">Rien ne va plus entre la France et le<strong> Mali<\/strong><\/a> (Mondafrique)<\/p>\n\n\n\n<p><a href=\"http:\/\/www.walf-groupe.com\/mali-a-touche-aux-interets-de-france-selon-ministre-malien-affaires-etrangeres\/\"><strong>Mali<\/strong>&nbsp;: Le Mali a \u00ab\u00a0touch\u00e9\u00a0\u00bb aux int\u00e9r\u00eats de la France<\/a> (WalfNet)<\/p>\n\n\n\n<p><a href=\"https:\/\/bamada.net\/choguel-k-maiga-a-kita-il-faut-quon-nous-respecte\"><strong>Mali<\/strong>\u00a0: Choguel K Ma\u00efga \u00e0 Kita : \u00ab il faut qu\u2019on nous respecte ! \u00bb<\/a> (Bamada)<\/p>\n\n\n\n<p><a href=\"https:\/\/www.connaissancedesenergies.org\/afp\/le-pdg-de-totalenergies-au-mozambique-pour-relancer-son-projet-gazier-220131-0\"><strong>Mozambique<\/strong>\u00a0: le PDG de TotalEnergies relance son projet gazier<\/a> (AFP)<\/p>\n\n\n\n<p><a href=\"https:\/\/mondafrique.com\/coups-detat-le-niger-echappe-pour-linstant-a-la-contagion\/\"><strong>Niger<\/strong>&nbsp;: Il \u00e9chappe pour l\u2019instant \u00e0 la contagion des coups d\u2019Etat<\/a> (Mondafrique)<\/p>\n\n\n\n<p><a href=\"https:\/\/tchadinfos.com\/afrique\/niger-une-dizaine-de-terroristes-tues-armee\/\"><strong>Niger<\/strong> : une dizaine de terroristes tu\u00e9s (arm\u00e9e)<\/a> (Tchadinfos) <\/p>\n\n\n\n<figure class=\"wp-block-image is-resized\"><img data-recalc-dims=\"1\" loading=\"lazy\" decoding=\"async\" src=\"https:\/\/i0.wp.com\/tchadinfos.com\/wp-content\/uploads\/2016\/06\/640px-Niger_Army_322nd_Parachute_Regiment.jpg?resize=406%2C290&#038;ssl=1\" alt=\"\" width=\"406\" height=\"290\"\/><\/figure>\n\n\n\n<p><a href=\"https:\/\/afrique55.com\/rdc-expulsion-de-kabund-ou-le-temps-de-lingratitude\/\"><strong>RDC<\/strong> : Expulsion de Kabund ou le temps de l\u2019ingratitude<\/a> (Afrique55)<\/p>\n\n\n\n<p><a href=\"https:\/\/www.therwandan.com\/fr\/rwanda-ouganda-la-reouverture-de-la-frontiere-enchante-tout-le-monde\/\"><strong>Rwanda-Ouganda<\/strong> : La r\u00e9ouverture de la fronti\u00e8re enchante tout le monde!<\/a> (Le Rwandais)<\/p>\n\n\n\n<p><a href=\"https:\/\/www.seneplus.com\/opinions\/la-revolution-yaw\"><strong>S\u00e9n\u00e9gal<\/strong>&nbsp;: \u00c9lections&nbsp;: La r\u00e9volution YAW<\/a> (Seneplus)<\/p>\n\n\n\n<p><a href=\"https:\/\/www.seneweb.com\/news\/Politique\/ousmane-sonko-une-ascension-en-3-points_n_370357.html\"><strong>S\u00e9n\u00e9gal<\/strong>\u00a0: \u00a0Ousmane Sonko : Une ascension en 3 points<\/a> (Seneweb)<\/p>\n\n\n\n<p><a href=\"https:\/\/www.boursorama.com\/videos\/actualites\/soudan-un-manifestant-tue-dans-de-nouveaux-defiles-anti-putsch-4837bb8533251bd8694c08bdec29126e\"><strong>Soudan<\/strong> : un manifestant tu\u00e9 dans de nouveaux d\u00e9fil\u00e9s anti-putsch<\/a> (France 24)<\/p>\n\n\n\n<p><strong><a href=\"https:\/\/mondafrique.com\/zimbabwe-le-documentaire-magistral-sur-le-bourrage-des-urnes-en-2018\/\">Zimbabwe, <\/a><\/strong><a href=\"https:\/\/mondafrique.com\/zimbabwe-le-documentaire-magistral-sur-le-bourrage-des-urnes-en-2018\/\">le documentaire magistral sur le bourrage des urnes&nbsp;en 2018<\/a> (Mondafrique)<\/p>\n\n\n\n<p><strong><span style=\"color:#f00e19\" class=\"has-inline-color\">30 janvier en continu<\/span><\/strong> <\/p>\n\n\n\n<p><strong>S\u00e9rie. Bollor\u00e9, un empire fran\u00e7africain<\/strong><br><a href=\"https:\/\/afriquexxi.us20.list-manage.com\/track\/click?u=f9f8627cbcbbdcb07c28f3cdf&amp;id=201c5eb2b6&amp;e=58ff83d693\" target=\"_blank\" rel=\"noreferrer noopener\">\u00c9pisode 1. Le \u00ab\u00a0flibustier\u00a0\u00bb, les tr\u00e9sors cach\u00e9s et les nuages judiciaires<\/a> (Afrique XXI)<\/p>\n\n\n\n<figure class=\"wp-block-image size-full is-resized\"><img data-recalc-dims=\"1\" loading=\"lazy\" decoding=\"async\" src=\"https:\/\/i0.wp.com\/www.rdpemancipation.org\/wp-content\/uploads\/2022\/01\/image-154.png?resize=599%2C423&#038;ssl=1\" alt=\"\" class=\"wp-image-68717\" width=\"599\" height=\"423\" srcset=\"https:\/\/i0.wp.com\/www.rdpemancipation.org\/wp-content\/uploads\/2022\/01\/image-154.png?w=783&amp;ssl=1 783w, https:\/\/i0.wp.com\/www.rdpemancipation.org\/wp-content\/uploads\/2022\/01\/image-154.png?resize=300%2C212&amp;ssl=1 300w, https:\/\/i0.wp.com\/www.rdpemancipation.org\/wp-content\/uploads\/2022\/01\/image-154.png?resize=768%2C542&amp;ssl=1 768w\" sizes=\"auto, (max-width: 599px) 100vw, 599px\" \/><\/figure>\n\n\n\n<p><a href=\"https:\/\/afriquexxi.us20.list-manage.com\/track\/click?u=f9f8627cbcbbdcb07c28f3cdf&amp;id=247315925f&amp;e=58ff83d693\" target=\"_blank\" rel=\"noreferrer noopener\">Doc. Jerry Rawlings : \u00ab\u00a0Comment peut-on vouloir tuer quelqu&rsquo;un comme Sankara ?\u00a0\u00bb<\/a> (Afrique XXI)<\/p>\n\n\n\n<p><a href=\"https:\/\/www.agenceecofin.com\/interview\/2101-94558-raymond-gilpin-pnud-les-agences-de-notation-ne-connaissent-pas-lafrique-aussi-bien-quelles-le-devraient\">PNUD&nbsp;: \u00ab&nbsp;Les agences de notation ne connaissent pas l&rsquo;Afrique aussi bien qu&rsquo;elles le devraient&nbsp;\u00bb<\/a> (Ecofin)<\/p>\n\n\n\n<p><strong>Pays<\/strong><\/p>\n\n\n\n<p><a href=\"https:\/\/www.boursorama.com\/videos\/actualites\/coup-d-etat-au-burkina-faso-la-cedeao-n-est-pas-la-bienvenue-au-burkina-0f1e9224508c6b1f1b03e710ed3bb64c\"><strong>Burkina Faso<\/strong> : \u00ab\u00a0La C\u00e9d\u00e9ao n&rsquo;est pas la bienvenue au Burkina\u00a0\u00bb<\/a> (France 24)<\/p>\n\n\n\n<p><a href=\"https:\/\/www.boursorama.com\/videos\/actualites\/coup-d-etat-au-burkina-faso-pres-de-40-de-la-population-sous-le-seuil-de-pauvrete-3d4b2913716a54af92f03384f5228e38\">Burkina Faso : Pr\u00e8s de 40% de la population sous le seuil de pauvret\u00e9<\/a> (France 24)<\/p>\n\n\n\n<p><a href=\"https:\/\/www.boursorama.com\/actualite-economique\/actualites\/burkina-a-la-carriere-de-pissy-les-forcats-du-granit-entre-poussiere-et-fumees-toxiques-b5aa42829160dda1bb16960baa25c615\">Burkina : \u00e0 la carri\u00e8re de Pissy, les for\u00e7ats du granit entre poussi\u00e8re et fum\u00e9es toxiques<\/a> (AFP)<\/p>\n\n\n\n<p><a href=\"https:\/\/www.boursorama.com\/actualite-economique\/actualites\/condamnations-a-mort-pour-le-meurtre-de-deux-experts-de-l-onu-en-rdc-14ca1d29636e2b88b84d58d76e62a603\"><strong>RDC<\/strong>&nbsp;: Condamnations \u00e0 mort pour le meurtre de deux experts de l&rsquo;Onu <\/a>&nbsp;(Reuters)<\/p>\n\n\n\n<p><a href=\"https:\/\/www.boursorama.com\/actualite-economique\/actualites\/dans-l-est-dechire-de-la-rdc-un-nouveau-front-ouvert-par-d-anciens-rebelles-eef46b23e90836218c31c2479712be12\">RDC&nbsp;: un nouveau front ouvert \u00e0 l\u2019est par d&rsquo;anciens rebelles<\/a> (AFP)<\/p>\n\n\n\n<p><strong><span style=\"color:#f00e19\" class=\"has-inline-color\">29 janvier en continu<\/span><\/strong> <a href=\"https:\/\/www.lemonde.fr\/international\/article\/2022\/01\/28\/dans-les-arcanes-de-la-lutte-informationnelle-russe-en-afrique_6111448_3210.html\"><\/a><\/p>\n\n\n\n<p><a href=\"https:\/\/www.lemonde.fr\/international\/article\/2022\/01\/28\/dans-les-arcanes-de-la-lutte-informationnelle-russe-en-afrique_6111448_3210.html\">Dans les arcanes de la lutte informationnelle russe en Afrique<\/a> (Le Monde)<\/p>\n\n\n\n<p><a href=\"https:\/\/www.lemonde.fr\/afrique\/article\/2022\/01\/28\/mali-libye-soudan-centrafrique-mozambique-recit-de-cinq-ans-d-avancee-russe-en-afrique_6111413_3212.html\">Du Soudan au Mali, comment la Russie place ses pions en Afrique<\/a> (Le Monde)<\/p>\n\n\n\n<p><a href=\"https:\/\/common.indigo-net.com\/lib\/cookie_log\/redirector.asp?mail=n.chevillard@noos.fr&amp;ID=453375&amp;DOCIID=109703480&amp;ENAIID=708341&amp;RETOUR=SIMPLE&amp;link=https:\/\/www.africaintelligence.fr\/industrie-miniere_politique\/2022\/01\/25\/fraude-dans-l-or--l-ocde-veut-pousser-les-banques-a-l-action,109718067-art?utm_source=AIF&amp;utm_medium=email&amp;utm_campaign=PROS_EDIT_RUB\" target=\"_blank\" rel=\"noreferrer noopener\">Fraude dans l&rsquo;or en Afrique de l\u2019Ouest : l&rsquo;OCDE veut pousser les banques \u00e0 l&rsquo;action<\/a><a> (Africa Intelligence)<\/a><\/p>\n\n\n\n<p><strong>Pays<\/strong><\/p>\n\n\n\n<p><a href=\"https:\/\/www.lemonde.fr\/afrique\/article\/2022\/01\/28\/au-burkina-faso-les-etudiants-trahis-par-les-elites-politiques-placent-leurs-espoirs-dans-la-junte_6111439_3212.html\"><strong>Burkina<\/strong>&nbsp;: les \u00e9tudiants, \u00ab&nbsp;trahis&nbsp;\u00bb par les \u00e9lites politiques, placent leurs espoirs dans la junte<\/a> (Le Monde)<\/p>\n\n\n\n<figure class=\"wp-block-image size-full is-resized\"><img data-recalc-dims=\"1\" loading=\"lazy\" decoding=\"async\" src=\"https:\/\/i0.wp.com\/www.rdpemancipation.org\/wp-content\/uploads\/2022\/01\/image-152.png?resize=441%2C310&#038;ssl=1\" alt=\"\" class=\"wp-image-68581\" width=\"441\" height=\"310\" srcset=\"https:\/\/i0.wp.com\/www.rdpemancipation.org\/wp-content\/uploads\/2022\/01\/image-152.png?w=566&amp;ssl=1 566w, https:\/\/i0.wp.com\/www.rdpemancipation.org\/wp-content\/uploads\/2022\/01\/image-152.png?resize=300%2C211&amp;ssl=1 300w\" sizes=\"auto, (max-width: 441px) 100vw, 441px\" \/><\/figure>\n\n\n\n<p><a href=\"https:\/\/www.lemonde.fr\/culture\/article\/2022\/01\/27\/erythree-nation-esclave-sur-arte-voyage-au-bout-de-l-enfer_6111236_3246.html\">\u00ab<strong>&nbsp;Erythr\u00e9e<\/strong>, nation esclave&nbsp;\u00bb, sur Arte&nbsp;: voyage au bout de l\u2019enfer<\/a> (Le Monde)<\/p>\n\n\n\n<p><a href=\"https:\/\/common.indigo-net.com\/lib\/cookie_log\/redirector.asp?mail=n.chevillard@noos.fr&amp;ID=453642&amp;DOCIID=109703480&amp;ENAIID=708613&amp;RETOUR=SIMPLE&amp;link=https:\/\/www.africaintelligence.fr\/afrique-est-et-australe_politique\/2022\/01\/28\/pourquoi-les-forces-tigreennes-se-retournent-contre-les-afars,109729841-art?cxt=PUB&amp;utm_source=AIF&amp;utm_medium=email&amp;utm_campaign=AUTO_EDIT_SOM\" target=\"_blank\" rel=\"noreferrer noopener\">Pourquoi les forces tigr\u00e9ennes se retournent contre les Afars<\/a> (Africa Intelligence)<\/p>\n\n\n\n<p><a href=\"https:\/\/www.lemonde.fr\/afrique\/article\/2022\/01\/27\/gisement-de-fer-de-simandou-les-autorites-guineennes-pressent-les-futurs-operateurs_6111275_3212.html\"><strong>Guin\u00e9e<\/strong>&nbsp;: gisement de fer de Simandou&nbsp;: les autorit\u00e9s pressent les futurs op\u00e9rateurs<\/a> (Le Monde)<\/p>\n\n\n\n<p><a href=\"https:\/\/common.indigo-net.com\/lib\/cookie_log\/redirector.asp?mail=n.chevillard@noos.fr&amp;ID=453642&amp;DOCIID=109703480&amp;ENAIID=708613&amp;RETOUR=SIMPLE&amp;link=https:\/\/www.africaintelligence.fr\/industrie-miniere_politique\/2022\/01\/28\/doumbouya-renforce-la-traque-aux-exportations-d-or-pour-renflouer-ses-caisses,109729178-art?cxt=PUB&amp;utm_source=AIF&amp;utm_medium=email&amp;utm_campaign=AUTO_EDIT_SOM\" target=\"_blank\" rel=\"noreferrer noopener\">Doumbouya renforce la traque aux exportations d&rsquo;or pour renflouer ses caisses<\/a> (Africa Intelligence)<\/p>\n\n\n\n<p><a href=\"https:\/\/www.lemonde.fr\/afrique\/article\/2022\/01\/27\/mali-le-danemark-va-rapatrier-ses-soldats-face-aux-exigences-de-la-junte_6111269_3212.html\"><strong>Mali<\/strong>&nbsp;: le Danemark va rapatrier ses soldats face aux exigences de la junte<\/a> (Le Monde)<\/p>\n\n\n\n<p><a href=\"https:\/\/theconversation.com\/quels-sont-les-accords-qui-encadrent-les-interventions-militaires-au-mali-175869\" target=\"_blank\" rel=\"noreferrer noopener\">Quels sont les accords qui encadrent les interventions militaires au <strong>Mali <\/strong>?<\/a>&nbsp; (The Conversation)<\/p>\n\n\n\n<p><a href=\"https:\/\/common.indigo-net.com\/lib\/cookie_log\/redirector.asp?mail=n.chevillard@noos.fr&amp;ID=453642&amp;DOCIID=109703480&amp;ENAIID=708613&amp;RETOUR=SIMPLE&amp;link=https:\/\/www.africaintelligence.fr\/afrique-est-et-australe_diplomatie\/2022\/01\/28\/l-union-europeenne-s-apprete-a-assouplir-ses-sanctions-contre-des-cadres-du-regime,109729684-art?cxt=PUB&amp;utm_source=AIF&amp;utm_medium=email&amp;utm_campaign=AUTO_EDIT_SOM\" target=\"_blank\" rel=\"noreferrer noopener\"><strong>Zimbabwe&nbsp;<\/strong>: UE s&rsquo;appr\u00eate \u00e0 assouplir ses sanctions contre des cadres du r\u00e9gime<\/a> (Africa Intelligence)<\/p>\n\n\n\n<p><strong><span style=\"color:#f00e19\" class=\"has-inline-color\">28 janvier en continu<\/span><\/strong> <a href=\"https:\/\/www.rfi.fr\/fr\/podcasts\/invit%C3%A9-international\/20220128-crise-entre-paris-et-bamako-d-un-c%C3%B4t%C3%A9-comme-de-l-autre-on-ne-travaille-pas-%C3%A0-la-d%C3%A9sescalade\"><\/a><\/p>\n\n\n\n<p><a href=\"https:\/\/www.rfi.fr\/fr\/podcasts\/invit%C3%A9-international\/20220128-crise-entre-paris-et-bamako-d-un-c%C3%B4t%C3%A9-comme-de-l-autre-on-ne-travaille-pas-%C3%A0-la-d%C3%A9sescalade\">Crise entre Paris et Bamako : \u00ab d&rsquo;un c\u00f4t\u00e9 comme de l&rsquo;autre, on ne travaille pas \u00e0 la d\u00e9sescalade \u00bb<\/a> (RFI)<\/p>\n\n\n\n<p><a href=\"https:\/\/www.boursorama.com\/videos\/actualites\/coup-d-etat-militaire-au-burkina-faso-un-echec-pour-barkhane-5c4e4ab33c72978b347630230e5dfa41\">Coup d&rsquo;Etat militaire au Burkina Faso, un \u00e9chec pour Barkhane<\/a> (France 24)<\/p>\n\n\n\n<p><a href=\"https:\/\/fr.africanews.com\/2022\/01\/28\/la-cedeao-determinee-a-faire-echouer-les-coups-d-etat-militaires\/\">La CEDEAO \u00ab\u00a0d\u00e9termin\u00e9e\u00a0\u00bb \u00e0 faire \u00e9chouer les coups d&rsquo;\u00c9tat militaires<\/a>&nbsp;(Africanews)<\/p>\n\n\n\n<p><strong>Pays<\/strong><\/p>\n\n\n\n<p><a href=\"https:\/\/fr.africanews.com\/2022\/01\/28\/afrique-du-sud-le-sentiment-d-impunite-fait-monter-la-criminalite\/\"><strong>Afrique du Sud<\/strong> : le sentiment d&rsquo;impunit\u00e9 fait monter la criminalit\u00e9<\/a> (Africanews)<\/p>\n\n\n\n<p><a href=\"https:\/\/www.boursorama.com\/videos\/actualites\/afrique-du-sud-les-violences-faites-aux-femmes-une-pandemie-parallele-16736aa079cc2acc01c0b9d466926969\">Afrique du Sud : les violences faites aux femmes, une \u00ab\u00a0pand\u00e9mie parall\u00e8le\u00a0\u00bb<\/a> (AFP vid\u00e9o)<\/p>\n\n\n\n<p><a href=\"https:\/\/fr.africanews.com\/2022\/01\/28\/burkina-faso-les-attentes-des-syndicats-apres-le-coup-d-etat\/\"><strong>Burkina Faso<\/strong> : les attentes des syndicats apr\u00e8s le coup d&rsquo;\u00c9tat<\/a> (Africanews)<\/p>\n\n\n\n<p><a href=\"https:\/\/www.boursorama.com\/videos\/actualites\/la-cedeao-annonce-suspendre-le-burkina-faso-apres-le-putsch-militaire-6a4de88ef59ec4f3b3701924829c4df5\">La C\u00e9d\u00e9ao annonce suspendre le Burkina apr\u00e8s le putsch militaire<\/a> (France 24)<\/p>\n\n\n\n<p><a href=\"https:\/\/common.indigo-net.com\/lib\/cookie_log\/redirector.asp?mail=n.chevillard@noos.fr&amp;ID=453300&amp;DOCIID=109703480&amp;ENAIID=708271&amp;RETOUR=SIMPLE&amp;link=https:\/\/www.africaintelligence.fr\/industrie-miniere_politique\/2022\/01\/26\/les-putschistes-epargnent-les-mines-mais-affolent-les-marches,109729309-eve?cxt=PUB&amp;utm_source=AIF&amp;utm_medium=email&amp;utm_campaign=AUTO_EDIT_SOM\" target=\"_blank\" rel=\"noreferrer noopener\">Burkina&nbsp;: Les putschistes \u00e9pargnent les mines, mais affolent les march\u00e9s<\/a> (Africa Intelligence)<\/p>\n\n\n\n<p><a href=\"https:\/\/mondafrique.com\/burkina-le-livre-du-colonel-damiba-patron-de-la-junte-sur-le-djihadisme\/\">Le livre du colonel Damiba, nouveau patron de la junte au Burkina<\/a> (Mondafrique)<\/p>\n\n\n\n<figure class=\"wp-block-image is-resized\"><img data-recalc-dims=\"1\" loading=\"lazy\" decoding=\"async\" src=\"https:\/\/i0.wp.com\/mondafrique.com\/wp-content\/uploads\/2022\/01\/Burkina-1.jpg?resize=397%2C448&#038;ssl=1\" alt=\"\" width=\"397\" height=\"448\"\/><\/figure>\n\n\n\n<p><a href=\"https:\/\/fr.africanews.com\/2022\/01\/28\/le-kenya-lance-son-premier-bus-electrique\/\"><strong>Kenya<\/strong>&nbsp;: lancement du premier bus \u00e9lectrique<\/a> (Africanews)<\/p>\n\n\n\n<p><a href=\"https:\/\/www.rfi.fr\/fr\/en-bref\/20220128-forces-fran%C3%A7aises-et-europ%C3%A9ennes-ne-peuvent-pas-rester-comme-cela-au-mali-dit-le-drian-sur-rtl\"><strong>Mali <\/strong>: les forces fran\u00e7aises et europ\u00e9ennes ne peuvent \u00ab pas rester comme cela \u00bb<\/a> (RFI)<\/p>\n\n\n\n<p><a href=\"https:\/\/www.boursorama.com\/videos\/actualites\/mali-le-danemark-va-retirer-ses-troupes-apres-une-nouvelle-demande-de-la-junte-9471020ef98f3eb3395ba2d830d7e586\">Mali : le Danemark va retirer ses troupes apr\u00e8s une nouvelle demande de la junte<\/a> (France 24)<\/p>\n\n\n\n<p><a href=\"https:\/\/fr.africanews.com\/2022\/01\/28\/le-rwanda-va-rouvrir-sa-frontiere-terrestre-avec-l-ouganda\/\"><strong>Rwanda<\/strong>&nbsp;: r\u00e9ouverture de sa fronti\u00e8re terrestre avec l&rsquo;Ouganda<\/a> (Africanews)<\/p>\n\n\n\n<p><a href=\"https:\/\/fr.africanews.com\/2022\/01\/28\/soudan-protestation-a-khartoum-apres-la-mort-de-manifestants\/\"><strong>Soudan <\/strong>: protestation \u00e0 Khartoum apr\u00e8s la mort de manifestants<\/a> (Africanews)<\/p>\n\n\n\n<p><a href=\"https:\/\/www.rfi.fr\/fr\/afrique\/20220128-tchad-le-dialogue-national-du-15-f%C3%A9vrier-est-repouss%C3%A9-de-trois-mois\"><strong>Tchad : <\/strong>le dialogue national du 15 f\u00e9vrier est repouss\u00e9 de trois mois<\/a> (RFI)<\/p>\n\n\n\n<p><a href=\"https:\/\/www.rfi.fr\/fr\/afrique\/20220128-tchad-%C3%A0-ab%C3%A9ch%C3%A9-un-bilan-des-manifestations-qui-ne-cesse-de-s-alourdir\">Tchad, \u00e0 Ab\u00e9ch\u00e9, un bilan des manifestations qui ne cesse de s&rsquo;alourdir<\/a> (RFI)<\/p>\n\n\n\n<p><a href=\"https:\/\/mondafrique.com\/le-putchiste-tchadien-mahamad-deby-denonce-es-coups-detat\/\">Le putchiste tchadien Mahamad D\u00e9by d\u00e9nonce les coups d\u2019\u00e9tat<\/a> (Mondafrique)<\/p>\n\n\n\n<figure class=\"wp-block-image size-full is-resized\"><img data-recalc-dims=\"1\" loading=\"lazy\" decoding=\"async\" src=\"https:\/\/i0.wp.com\/www.rdpemancipation.org\/wp-content\/uploads\/2022\/01\/image-145.png?resize=432%2C306&#038;ssl=1\" alt=\"\" class=\"wp-image-68465\" width=\"432\" height=\"306\" srcset=\"https:\/\/i0.wp.com\/www.rdpemancipation.org\/wp-content\/uploads\/2022\/01\/image-145.png?w=570&amp;ssl=1 570w, https:\/\/i0.wp.com\/www.rdpemancipation.org\/wp-content\/uploads\/2022\/01\/image-145.png?resize=300%2C212&amp;ssl=1 300w\" sizes=\"auto, (max-width: 432px) 100vw, 432px\" \/><\/figure>\n\n\n\n<p><strong><span style=\"color:#f00e19\" class=\"has-inline-color\">27 janvier en continu<\/span><\/strong> <\/p>\n\n\n\n<p><a href=\"https:\/\/www.27avril.com\/blog\/actualites\/ailleurs-en-afrique\/coups-detat-en-afrique-de-louest-a-qui-le-tour\">Coups d\u2019Etat en Afrique de l\u2019Ouest : A qui le tour ?<\/a> (27avril) <\/p>\n\n\n\n<figure class=\"wp-block-image size-full is-resized\"><img data-recalc-dims=\"1\" loading=\"lazy\" decoding=\"async\" src=\"https:\/\/i0.wp.com\/www.rdpemancipation.org\/wp-content\/uploads\/2022\/01\/image-139.png?resize=507%2C380&#038;ssl=1\" alt=\"\" class=\"wp-image-68323\" width=\"507\" height=\"380\" srcset=\"https:\/\/i0.wp.com\/www.rdpemancipation.org\/wp-content\/uploads\/2022\/01\/image-139.png?w=559&amp;ssl=1 559w, https:\/\/i0.wp.com\/www.rdpemancipation.org\/wp-content\/uploads\/2022\/01\/image-139.png?resize=300%2C225&amp;ssl=1 300w\" sizes=\"auto, (max-width: 507px) 100vw, 507px\" \/><\/figure>\n\n\n\n<p><strong>Pays&nbsp;<\/strong><\/p>\n\n\n\n<p><a href=\"http:\/\/lefaso.net\/spip.php?article110769\"><strong>Burkina Faso<\/strong> : L&rsquo;ex parti au pouvoir exige la lib\u00e9ration de Roch Kabor\u00e9<\/a> (Le Faso)<\/p>\n\n\n\n<p><a href=\"https:\/\/lepays.bf\/les-militaires-au-pouvoir-au-burkina-faso-les-urgences-nattendent-pas\/\"><strong>Burkina Faso<\/strong>&nbsp;: Militaires au pouvoir : Les urgences n\u2019attendent pas<\/a> (Le Pays)<\/p>\n\n\n\n<p><a href=\"https:\/\/www.afrique-sur7.ci\/484306-piratage-en-mer-navire-cote-divoire\"><strong>C\u00f4te d\u2019Ivoire<\/strong>&nbsp;: Un navire pirat\u00e9 entre la C\u00f4te d&rsquo;Ivoire et le Ghana<\/a> (Afriquesur7)<\/p>\n\n\n\n<p><a href=\"https:\/\/www.journaldebrazza.com\/congo-des-morts-dans-un-deraillement-du-train-a-mfilou\/\"><strong>Congo<\/strong> : des morts dans un d\u00e9raillement du train \u00e0 Mfilou<\/a> (Journal de Brazza) <\/p>\n\n\n\n<p><a href=\"https:\/\/www.connectionivoirienne.net\/2022\/01\/26\/inflation-lunion-federale-des-consommateurs-de-cote-divoire-ufc-ci-redoute-une-flambee-prochaine-des-prix\/\"><strong>C\u00f4te d\u2019Ivoire<\/strong>&nbsp;: Inflation \u2013 L\u2019UFC-CI redoute une flamb\u00e9e des prix<\/a> (Connection Ivoirienne) <\/p>\n\n\n\n<figure class=\"wp-block-image is-resized\"><img data-recalc-dims=\"1\" loading=\"lazy\" decoding=\"async\" src=\"https:\/\/i0.wp.com\/www.connectionivoirienne.net\/wp-content\/uploads\/2022\/01\/2018_12_31_10_18_38_1464014065.jpg?resize=480%2C256&#038;ssl=1\" alt=\"\" width=\"480\" height=\"256\"\/><\/figure>\n\n\n\n<p><a href=\"https:\/\/www.gabonreview.com\/corruption-le-gabon-atteint-un-niveau-endemique\/\"><strong>Gabon<\/strong>&nbsp;: Corruption : Le Gabon atteint un niveau end\u00e9mique<\/a> (Gabon Review)<\/p>\n\n\n\n<p><a href=\"https:\/\/www.voaafrique.com\/a\/lancement-d-une-cour-de-r%C3%A9pression-des-crimes-financiers-en-guin%C3%A9e\/6411441.html\"><strong>Guin\u00e9e<\/strong>&nbsp;: Lancement d&rsquo;une Cour de r\u00e9pression des crimes financiers<\/a> (Voaafrique)<\/p>\n\n\n\n<p><a href=\"https:\/\/www.burkina24.com\/2022\/01\/26\/mali-la-cedeao-note-que-le-cps-rejette-avec-fermete-le-calendrier-soumis-par-la-transition\/\"><strong>Mali<\/strong> : La CEDEAO note que le CPS rejette le calendrier de la Transition<\/a> (Burkina34)<\/p>\n\n\n\n<p><a href=\"https:\/\/lanouvelletribune.info\/2022\/01\/militaires-etrangers-le-mali-persiste-et-avertit-les-occidentaux\/\"><strong>Mali<\/strong>&nbsp;: Militaires \u00e9trangers : le Mali persiste et avertit les occidentaux<\/a> (La Nouvelle Tribune)<\/p>\n\n\n\n<p><a href=\"https:\/\/www.voaafrique.com\/a\/sanctions-de-la-c%C3%A9d%C3%A9ao-la-soci%C3%A9t%C3%A9-civile-nig%C3%A9rienne-soutient-le-mali-\/6413148.html\"><strong>Niger<\/strong> : La soci\u00e9t\u00e9 civile nig\u00e9rienne soutient le Mali contre la CEDEAO<\/a> (Voaafrique)<\/p>\n\n\n\n<p><a href=\"https:\/\/www.congoindependant.com\/26-janvier-2001-le-mystere-joseph-kabila\/\"><strong>RDC<\/strong>&nbsp;: 26 janvier 2001 : Le myst\u00e8re \u00ab&nbsp;Joseph Kabila&nbsp;\u00bb!<\/a> (Congo Ind\u00e9pendant) <\/p>\n\n\n\n<figure class=\"wp-block-image size-full is-resized\"><img data-recalc-dims=\"1\" loading=\"lazy\" decoding=\"async\" src=\"https:\/\/i0.wp.com\/www.rdpemancipation.org\/wp-content\/uploads\/2022\/01\/image-140.png?resize=478%2C256&#038;ssl=1\" alt=\"\" class=\"wp-image-68328\" width=\"478\" height=\"256\" srcset=\"https:\/\/i0.wp.com\/www.rdpemancipation.org\/wp-content\/uploads\/2022\/01\/image-140.png?w=696&amp;ssl=1 696w, https:\/\/i0.wp.com\/www.rdpemancipation.org\/wp-content\/uploads\/2022\/01\/image-140.png?resize=300%2C161&amp;ssl=1 300w\" sizes=\"auto, (max-width: 478px) 100vw, 478px\" \/><\/figure>\n\n\n\n<p><a href=\"https:\/\/www.afriquesenlutte.org\/afrique-centrale\/rwanda\/article\/a-hauteur-d-enfants-le-genocide-des-tutsi\"><strong>Rwanda<\/strong>&nbsp;: \u00c0 hauteur d\u2019enfants, le g\u00e9nocide des Tutsi<\/a> (Afriques en lutte)<\/p>\n\n\n\n<p><a href=\"https:\/\/www.seneplus.com\/opinions\/lecons-dun-tsunami-electoral\"><strong>S\u00e9n\u00e9gal<\/strong>&nbsp;: Le\u00e7ons d\u2019un tsunami \u00e9lectoral<\/a> (Seneplus)<\/p>\n\n\n\n<p><a href=\"https:\/\/www.seneweb.com\/news\/Politique\/conseil-des-ministres-macky-sall-somme-l_n_370063.html\"><strong>S\u00e9n\u00e9gal<\/strong>&nbsp;: Macky Sall&nbsp;: Remaniement imminent au sein du gouvernement<\/a> (Seneweb)<\/p>\n\n\n\n<p><a href=\"https:\/\/lanticapitaliste.org\/actualite\/international\/soudan-une-diplomatie-internationale-complice-de-la-junte\"><strong>Soudan<\/strong> : une diplomatie internationale complice de la junte<\/a> -Paul Martial<\/p>\n\n\n\n<figure class=\"wp-block-image is-resized is-style-default\"><img data-recalc-dims=\"1\" loading=\"lazy\" decoding=\"async\" src=\"https:\/\/i0.wp.com\/lanticapitaliste.org\/sites\/default\/files\/styles\/largeur_content_hauteur_complet\/public\/soudan.-le-general-abdel-fattah-al-burhan.-dr.jpeg?resize=401%2C226&#038;ssl=1\" alt=\"\" width=\"401\" height=\"226\"\/><\/figure>\n\n\n\n<p><a href=\"https:\/\/www.letchadanthropus-tribune.com\/tchad-sahel-quel-avenir-pour-barkhane\/\"><strong>Tchad<\/strong>&nbsp;: Sahel&nbsp;: Quel avenir pour Barkhane ?<\/a> (Le Tchadanthropus)<\/p>\n\n\n\n<p><a href=\"https:\/\/www.letchadanthropus-tribune.com\/tchad-gouvernance-un-remaniement-discute-mais-une-bonne-frange-sy-oppose\/\"><strong>Tchad<\/strong>&nbsp;: Un remaniement discut\u00e9, mais une bonne frange s\u2019y oppose<\/a> (Le Tchadanthropus)<\/p>\n\n\n\n<p><strong><span style=\"color:#f00e19\" class=\"has-inline-color\">26 janvier en continu<\/span><\/strong> <\/p>\n\n\n\n<p><a href=\"https:\/\/www.letemps.ch\/monde\/burkinafaso-mali-francafrique-implose-2022?utm_source=Newsletters&amp;utm_campaign=ca6138cbb2-newsletter_briefing&amp;utm_medium=email&amp;utm_term=0_56c41a402e-ca6138cbb2-110294673\">Burkina-Faso, Mali\u2026 la Fran\u00e7afrique implose en 2022<\/a>&nbsp; (Le Temps)<\/p>\n\n\n\n<p><a href=\"https:\/\/www.boursorama.com\/videos\/actualites\/rassemblement-de-joie-et-discours-anti-france-a-ouagadougou-7780e9d9229df08707254a23ce58fb63\">Rassemblement de joie et discours anti-France \u00e0 Ouagadougou<\/a> (France 24)<\/p>\n\n\n\n<p><a href=\"https:\/\/bamada.net\/lafrique-de-louest-dans-la-spirale-des-putschs-militaires\">L\u2019Afrique de l\u2019Ouest dans la spirale des putschs militaires<\/a> (Bamada)<\/p>\n\n\n\n<p><strong>Pays&nbsp;<\/strong><\/p>\n\n\n\n<p><strong><a href=\"https:\/\/www.rfi.fr\/fr\/afrique\/20220126-coup-d-%C3%A9tat-au-burkina-faso-qui-sont-les-autres-dirigeants-aux-mains-de-la-junte\">Coup d\u2019\u00c9tat au Burkina : <\/a><\/strong><a href=\"https:\/\/www.rfi.fr\/fr\/afrique\/20220126-coup-d-%C3%A9tat-au-burkina-faso-qui-sont-les-autres-dirigeants-aux-mains-de-la-junte\">qui sont les autres dirigeants aux mains de la junte ?<\/a><strong> (<\/strong>RFI)<\/p>\n\n\n\n<figure class=\"wp-block-image size-full is-resized\"><img data-recalc-dims=\"1\" loading=\"lazy\" decoding=\"async\" src=\"https:\/\/i0.wp.com\/www.rdpemancipation.org\/wp-content\/uploads\/2022\/01\/image-132.png?resize=516%2C290&#038;ssl=1\" alt=\"\" class=\"wp-image-68168\" width=\"516\" height=\"290\" srcset=\"https:\/\/i0.wp.com\/www.rdpemancipation.org\/wp-content\/uploads\/2022\/01\/image-132.png?w=684&amp;ssl=1 684w, https:\/\/i0.wp.com\/www.rdpemancipation.org\/wp-content\/uploads\/2022\/01\/image-132.png?resize=300%2C168&amp;ssl=1 300w\" sizes=\"auto, (max-width: 516px) 100vw, 516px\" \/><figcaption><sup>Le Premier ministre de Kabor\u00e9 Lassina Zerbo, entour\u00e9 des membres de son nouveau gouvernement, <\/sup><br><sup>\u00e0 l&rsquo;issue du premier Conseil des ministres, le 15 d\u00e9cembre 2021 .&nbsp;AFP &#8211; OLYMPIA DE MAISMONT<\/sup><\/figcaption><\/figure>\n\n\n\n<p><a href=\"http:\/\/lefaso.net\/spip.php?article110730\"><strong>Burkina Faso<\/strong> : Coup d\u2019\u00e9tat&nbsp;: Des acteurs de la soci\u00e9t\u00e9 civile r\u00e9agissent<\/a> (Le Faso)<\/p>\n\n\n\n<p><a href=\"http:\/\/www.walf-groupe.com\/cedeao-annonce-sommet-burkina\/\">Burkina Faso&nbsp;: coup d\u2019\u00e9tat&nbsp;: La CEDEAO annonce un sommet<\/a> (WalfNet)<\/p>\n\n\n\n<p><a href=\"https:\/\/www.alwihdainfo.com\/Burkina-Faso-l-ONU-demande-la-liberation-de-Kabore-et-le-retour-a-l-ordre-constitutionnel_a110778.html\">Burkina Faso : l\u2019ONU demande lib\u00e9ration Kabor\u00e9 et retour ordre constitutionnel<\/a> (Alwihdainfo)<\/p>\n\n\n\n<p><a href=\"http:\/\/abidjantv.net\/societe\/burkina-faso-8-coup-detat-depuis-son-independance\/?utm_source=rss&amp;utm_medium=rss&amp;utm_campaign=burkina-faso-8-coup-detat-depuis-son-independance\">Burkina Faso : 8 coup d\u2019Etat depuis son ind\u00e9pendance<\/a> (AbidjanTV)<\/p>\n\n\n\n<p><a href=\"https:\/\/www.alwihdainfo.com\/Cameroun-une-commission-d-enquete-suite-au-deces-de-supporters-dans-un-stade_a110782.html\"><strong>Cameroun<\/strong> : Enqu\u00eate suite au d\u00e9c\u00e8s de supporters dans un stade<\/a> (Alwihdainfo)<\/p>\n\n\n\n<p><a href=\"https:\/\/www.journaldugabon.com\/cote-divoire-la-fao-veut-davantage-accompagner-les-mareyeuses\/\"><strong>C\u00f4te d&rsquo;Ivoire<\/strong> : la FAO veut davantage accompagner les mareyeuses<\/a> (Journal du Gabon)<\/p>\n\n\n\n<p><a href=\"https:\/\/www.boursorama.com\/actualite-economique\/actualites\/ethiopie-les-rebelles-tigreens-annoncent-reprendre-les-combats-en-region-afar-920175ec32e6d829856f3f1700d68ec3\"><strong>Ethiopie<\/strong> : les rebelles tigr\u00e9ens annoncent reprendre les combats en r\u00e9gion Afar<\/a> (AFP)<\/p>\n\n\n\n<p><a href=\"https:\/\/www.gabonreview.com\/gabon-accuse-de-pedophilie-serge-mombo-arrete-a-laeroport\/\"><strong>Gabon<\/strong> : accus\u00e9 de p\u00e9dophilie, Serge Mombo arr\u00eat\u00e9 \u00e0 l&rsquo;a\u00e9roport<\/a> (Gabonreview)<\/p>\n\n\n\n<p><a href=\"https:\/\/www.journaldebrazza.com\/malawi-dissolution-du-gouvernement-sur-fond-de-corruption\/\"><strong>Malawi<\/strong> : dissolution du gouvernement sur fond de corruption<\/a> (Journal de Brazza)<\/p>\n\n\n\n<p><a href=\"https:\/\/www.togoactualite.com\/les-casques-bleus-togolais-victimes-dune-nouvelle-attaque-au-mali\/\"><strong>Mali&nbsp;<\/strong>: Casques bleus togolais victimes d\u2019une nouvelle attaque<\/a> (Togo Actualit\u00e9) <\/p>\n\n\n\n<figure class=\"wp-block-image size-full is-resized\"><img data-recalc-dims=\"1\" loading=\"lazy\" decoding=\"async\" src=\"https:\/\/i0.wp.com\/www.rdpemancipation.org\/wp-content\/uploads\/2022\/01\/image-133.png?resize=473%2C316&#038;ssl=1\" alt=\"\" class=\"wp-image-68170\" width=\"473\" height=\"316\" srcset=\"https:\/\/i0.wp.com\/www.rdpemancipation.org\/wp-content\/uploads\/2022\/01\/image-133.png?w=548&amp;ssl=1 548w, https:\/\/i0.wp.com\/www.rdpemancipation.org\/wp-content\/uploads\/2022\/01\/image-133.png?resize=300%2C200&amp;ssl=1 300w\" sizes=\"auto, (max-width: 473px) 100vw, 473px\" \/><\/figure>\n\n\n\n<p><a href=\"https:\/\/www.boursorama.com\/videos\/actualites\/mali-quel-avenir-pour-la-task-force-takuba-5379431bdeb293a461a51e8e9505cd36\"><strong>Mali <\/strong>: quel avenir pour la \u00ab\u00a0Task Force Takuba\u00a0\u00bb ?<\/a> (France 24)<\/p>\n\n\n\n<p><a href=\"https:\/\/bamada.net\/demande-de-revision-des-accords-de-defense-et-de-cooperation-militaire-avec-paris-bamako-attend-une-reponse-claire\">Mali&nbsp;: R\u00e9vision des Accords de D\u00e9fense avec Paris : Bamako attend une r\u00e9ponse<\/a> (Bamada)<\/p>\n\n\n\n<p><a href=\"https:\/\/afrique55.com\/lunion-africaine-veut-relancer-le-dialogue-entre-le-mali-et-la-cedeao\/\">Mali&nbsp;:L\u2019Union africaine veut relancer le dialogue Mali-C\u00e9d\u00e9ao<\/a> (Afrique55)<\/p>\n\n\n\n<p><a href=\"https:\/\/www.boursorama.com\/actualite-economique\/actualites\/le-nigeria-renonce-a-la-suppression-des-subventions-des-carburants-57f6d2b75cfd1043d3da6915c56d9c00\"><strong>Nigeria<\/strong>&nbsp;: il renonce \u00e0 la suppression des subventions des carburants<\/a> (AFP)<\/p>\n\n\n\n<p><a href=\"https:\/\/lvsl.fr\/rwanda-destabiliser-le-congo-pour-mieux-le-piller\/?utm_source=sendinblue&amp;utm_campaign=Newsletter_Derniers_Articles&amp;utm_medium=email\"><strong>Rwanda<\/strong>&nbsp;: D\u00e9stabiliser le Congo pour mieux le piller<\/a> (LVSL)<\/p>\n\n\n\n<p><a href=\"https:\/\/www.seneplus.com\/politique\/neuf-soldats-senegalais-portes-disparus-en-gambie\"><strong>S\u00e9n\u00e9gal<\/strong>&nbsp;: 9 soldats port\u00e9s disparus en Gambie<\/a> (Seneplus) <\/p>\n\n\n\n<figure class=\"wp-block-image size-full is-resized\"><img data-recalc-dims=\"1\" loading=\"lazy\" decoding=\"async\" src=\"https:\/\/i0.wp.com\/www.rdpemancipation.org\/wp-content\/uploads\/2022\/01\/image-134.png?resize=434%2C247&#038;ssl=1\" alt=\"\" class=\"wp-image-68172\" width=\"434\" height=\"247\" srcset=\"https:\/\/i0.wp.com\/www.rdpemancipation.org\/wp-content\/uploads\/2022\/01\/image-134.png?w=583&amp;ssl=1 583w, https:\/\/i0.wp.com\/www.rdpemancipation.org\/wp-content\/uploads\/2022\/01\/image-134.png?resize=300%2C171&amp;ssl=1 300w\" sizes=\"auto, (max-width: 434px) 100vw, 434px\" \/><\/figure>\n\n\n\n<p><a href=\"https:\/\/www.seneplus.com\/politique\/dakar-guediawaye-sangalkam-la-berezina-electorale-de-benno-dans\">S\u00e9n\u00e9gal&nbsp;: La B\u00e9r\u00e9zina \u00e9lectorale de Macky Sall \u00e0 Dakar<\/a> (Seneplus)<\/p>\n\n\n\n<p><a href=\"https:\/\/afrique55.com\/tchad-incidents-lors-dune-manifestation-a-abeche-principale-ville-de-lest\/\"><strong>Tchad<\/strong> : incidents lors d&rsquo;une manifestation \u00e0 Ab\u00e9ch\u00e9<\/a> (Afrique55)<\/p>\n\n\n\n<p><strong><span style=\"color:#f00e19\" class=\"has-inline-color\">25 janvier en continu<\/span><\/strong><\/p>\n\n\n\n<p>  <strong>A la Une :  Coup d&rsquo;Etat au Burkina<\/strong> <\/p>\n\n\n\n<p><a href=\"http:\/\/lefaso.net\/spip.php?article110704\">Burkina Faso : Qui est Paul-Henri Sandaogo DAMIBA, le nouvel homme fort ?<\/a> (Le Faso)<\/p>\n\n\n\n<p><a href=\"http:\/\/lefaso.net\/spip.php?article110703\">Burkina Faso : \u00ab La peur de Roch a fini par le bouffer \u00bb<\/a> (Le Faso)<\/p>\n\n\n\n<p><a href=\"http:\/\/lefaso.net\/spip.php?article110692\">Burkina Faso : La CEDEAO invite les militaires \u00e0 retourner dans les casernes<\/a> (Le Faso)<\/p>\n\n\n\n<p><a href=\"http:\/\/lefaso.net\/spip.php?article110698\">Burkina Faso : L&rsquo;Union Africaine appelle l&rsquo;arm\u00e9e \u00e0 respecter la r\u00e9publique<\/a> (Le Faso)<\/p>\n\n\n\n<p><a href=\"http:\/\/levenementprecis.com\/2022\/01\/25\/apres-le-coup-detat-roch-christian-marc-kabore-demissionne\/\">Burkina Faso&nbsp;: Apr\u00e8s le coup d\u2019\u00c9tat, Roch Kabor\u00e9 d\u00e9missionne<\/a> (L\u2019\u00c9v\u00e9nement pr\u00e9cis)<\/p>\n\n\n\n<p><a href=\"https:\/\/www.boursorama.com\/videos\/actualites\/retour-en-images-sur-le-coup-d-etat-au-burkina-faso-96b9d8dbc8a8db8f3213913644a6fed9\">Retour en IMAGES sur le Coup d&rsquo;\u00c9tat au Burkina Faso<\/a> (France 24)<\/p>\n\n\n\n<p><a href=\"https:\/\/common.indigo-net.com\/lib\/cookie_log\/redirector.asp?mail=n.chevillard@noos.fr&amp;ID=453124&amp;DOCIID=109703480&amp;ENAIID=708095&amp;RETOUR=SIMPLE&amp;link=https:\/\/www.africaintelligence.fr\/afrique-ouest-et-centrale_diplomatie\/2022\/01\/25\/comment-paris-se-preparait-au-coup-d-etat,109719007-eve?cxt=PUB&amp;utm_source=AIF&amp;utm_medium=email&amp;utm_campaign=AUTO_EDIT_SOM\" target=\"_blank\" rel=\"noreferrer noopener\">Burkina&nbsp;: Comment Paris se pr\u00e9parait au coup d&rsquo;Etat<\/a> (Africa Intelligence)<\/p>\n\n\n\n<figure class=\"wp-block-image is-resized\"><img loading=\"lazy\" decoding=\"async\" src=\"https:\/\/www.africaintelligence.fr\/utils\/imageresize?x=800&amp;web=1&amp;file64=V29ya2Zsb3dcQUlGXzE1ODk1LkpQRw==\" alt=\"Le pr\u00e9sident fran\u00e7ais Emmanuel Macron et Roch Marc Christian Kabor\u00e9 \u00e0 Ouagadougou, en novembre 2017.\" width=\"461\" height=\"307\"\/><\/figure>\n\n\n\n<p><a href=\"https:\/\/www.voaafrique.com\/a\/en-afrique-de-l-ouest-et-au-sahel-la-loi-des-colonels-\/6410449.html\">En Afrique de l&rsquo;Ouest et au Sahel, la loi des colonels<\/a> (Voaafrique)<\/p>\n\n\n\n<p><a href=\"https:\/\/lepays.bf\/retour-des-coups-detat-en-afrique-de-louest-faut-il-sen-inquieter\/\">Retour des coups d\u2019\u00e9tat en Afrique de l\u2019Ouest : Faut-il s\u2019en inqui\u00e9ter&nbsp;?<\/a> (Le Pays)<\/p>\n\n\n\n<p><a href=\"https:\/\/www.togoactualite.com\/togo-lafrique-francophone-ne-peut-pas-sortir-facilement-du-joug-francais-ce-serait-tres-difficile-christian-spieker\/\">Afrique francophone&nbsp;: comment sortir du joug fran\u00e7ais&nbsp;?<\/a> (Togo Actualit\u00e9)<\/p>\n\n\n\n<p><a href=\"https:\/\/afriquexxi.info\/article4916.html\" target=\"_blank\" rel=\"noreferrer noopener\">Bollor\u00e9, un empire fran\u00e7africain<\/a>&nbsp; (Afrique XXI)<\/p>\n\n\n\n<p><a href=\"https:\/\/common.indigo-net.com\/lib\/cookie_log\/redirector.asp?mail=n.chevillard@noos.fr&amp;ID=453124&amp;DOCIID=109703480&amp;ENAIID=708095&amp;RETOUR=SIMPLE&amp;link=https:\/\/www.africaintelligence.fr\/afrique-ouest-et-centrale_business\/2022\/01\/24\/cession-des-actifs-bollore--nicolas-sarkozy-et-cyrille-bollore-en-mission-d-explication-a-abidjan,109719022-art?cxt=PUB&amp;utm_source=AIF&amp;utm_medium=email&amp;utm_campaign=AUTO_EDIT_SOM\" target=\"_blank\" rel=\"noreferrer noopener\">Cession des actifs Bollor\u00e9 : Nicolas Sarkozy et Cyrille Bollor\u00e9 en mission \u00e0 Abidjan<\/a> (Africa Intelligence)<\/p>\n\n\n\n<p><a href=\"https:\/\/www.tresor.economie.gouv.fr\/Articles\/2022\/01\/25\/l-endettement-de-l-afrique-subsaharienne\" target=\"_blank\" rel=\"noreferrer noopener\">L&rsquo;endettement de l&rsquo;Afrique subsaharienne<\/a> (Tr\u00e9sor \u00e9co)<\/p>\n\n\n\n<p><strong>Pays&nbsp;<\/strong><\/p>\n\n\n\n<p><a href=\"https:\/\/lesafriques.com\/2022\/01\/lafrique-du-sud-a-t-elle-ete-ignoree-apres-la-presentation-de-preuves-sur-lomicron\/\"><strong>Afrique du Sud<\/strong>&nbsp;: Ce qu&rsquo;il y a \u00e0 savoir sur l&rsquo;Omicron<\/a> (Les Afrtiques) <\/p>\n\n\n\n<figure class=\"wp-block-image is-resized\"><img data-recalc-dims=\"1\" loading=\"lazy\" decoding=\"async\" src=\"https:\/\/i0.wp.com\/lesafriques.com\/wp-content\/uploads\/2022\/01\/covid-19-g6621749ca_1280-800x445.jpeg?resize=390%2C216&#038;ssl=1\" alt=\"La variante Omicron en Afrique du Sud\" width=\"390\" height=\"216\"\/><\/figure>\n\n\n\n<p><a href=\"https:\/\/lanouvelletribune.info\/2022\/01\/armee-au-benin-les-patriotes-devraient-sengager-selon-leandre-houngbedji\/\"><strong>B\u00e9nin<\/strong> : les patriotes \u00ab devraient s\u2019engager dans l\u2019arm\u00e9e&nbsp;\u00bb<\/a> (La Nouvelle Tribune)<\/p>\n\n\n\n<p><a href=\"https:\/\/www.hrw.org\/fr\/news\/2022\/01\/24\/burundi-enqueter-sur-les-deces-dans-lincendie-de-la-prison-de-gitega\"><strong>Burundi <\/strong>: Enqu\u00eater sur les d\u00e9c\u00e8s dans l\u2019incendie de la prison de Gitega<\/a> (HRW)<\/p>\n\n\n\n<p><a href=\"https:\/\/www.voaafrique.com\/a\/au-moins-six-morts-dans-une-bousculade-au-stade-olembe-de-yaound%c3%a9\/6411245.html\"><strong>Cameroun<\/strong>&nbsp;: Au moins six morts dans une bousculade au stade de Yaound\u00e9<\/a> (Voaafrique)<\/p>\n\n\n\n<p><a href=\"https:\/\/afrique55.com\/dr-denis-mukwege-nous-reclamons-un-tribunal-penal-international-pour-le-congo\/\"><strong>Congo<\/strong>&nbsp;: le Dr. Denis Mukwege&nbsp; r\u00e9clame un TPI pour le Congo<\/a> (Afrique55)<\/p>\n\n\n\n<p><a href=\"https:\/\/afrique55.com\/cote-divoire-dans-le-nord-la-cohesion-sociale-victime-du-terrorisme\/\"><strong>C\u00f4te d\u2019Ivoire<\/strong> : La coh\u00e9sion sociale victime du terrorisme<\/a> (Afrique55) <\/p>\n\n\n\n<figure class=\"wp-block-image is-resized\"><img data-recalc-dims=\"1\" loading=\"lazy\" decoding=\"async\" src=\"https:\/\/i0.wp.com\/afrique55.com\/wp-content\/uploads\/2022\/01\/cote-divoire-dans-le-nord-la-cohesion-sociale-victime-du-terrorisme_61ee02ed3a765-800x500.jpeg?resize=411%2C257&#038;ssl=1\" alt=\"c\u00f4te d\u2019ivoire: dans le nord, la coh\u00e9sion sociale victime du terrorisme 61ee02ed71854.jpeg\" width=\"411\" height=\"257\"\/><\/figure>\n\n\n\n<p><a href=\"https:\/\/aminata.com\/actualite-guineenne-resume-de-la-journee-du-lundi-24-janvier-2022\/\"><strong>Guin\u00e9e<\/strong>&nbsp;:&nbsp; r\u00e9sum\u00e9 de la journ\u00e9e du lundi, 24 janvier 2022<\/a> (Aminata)<\/p>\n\n\n\n<p><a href=\"https:\/\/www.voaafrique.com\/a\/les-autorit%c3%a9s-maliennes-exigent-le-d%c3%a9part-des-troupes-danoises-\/6410673.html\"><strong>Mali<\/strong>&nbsp;: Les autorit\u00e9s exigent le d\u00e9part des troupes danoises<\/a> (Voaafrique)<\/p>\n\n\n\n<p><a href=\"https:\/\/maliactu.net\/mali-renforcement-de-la-cooperation-bilaterale-avec-la-turquie-a-lordre-du-jour\/\"><strong>Mali<\/strong> : Renforcement de la Coop\u00e9ration Bilat\u00e9rale avec la Turquie&nbsp;?<\/a> (Maliactu)<\/p>\n\n\n\n<p><a href=\"https:\/\/afrique55.com\/rdc-trois-ans-apres-avoir-cede-le-pouvoir-que-devient-joseph-kabila\/\"><strong>RDC<\/strong> : Trois ans apr\u00e8s avoir c\u00e9d\u00e9 le pouvoir, que devient Joseph Kabila ?<\/a> (Afrique55)<\/p>\n\n\n\n<p><a href=\"https:\/\/lequotidien.sn\/analyse-sur-la-defaite-de-benno-deroutantes-ambiguites\/\"><strong>S\u00e9n\u00e9gal<\/strong>&nbsp;: D\u00e9faite \u00e9lectorale du parti de Macky Sall, d\u00e9routantes ambigu\u00eft\u00e9s<\/a> (Le Quotidien) <\/p>\n\n\n\n<figure class=\"wp-block-image size-full is-resized\"><img data-recalc-dims=\"1\" loading=\"lazy\" decoding=\"async\" src=\"https:\/\/i0.wp.com\/www.rdpemancipation.org\/wp-content\/uploads\/2022\/01\/Capture-Benny.png?resize=486%2C351&#038;ssl=1\" alt=\"\" class=\"wp-image-67983\" width=\"486\" height=\"351\" srcset=\"https:\/\/i0.wp.com\/www.rdpemancipation.org\/wp-content\/uploads\/2022\/01\/Capture-Benny.png?w=613&amp;ssl=1 613w, https:\/\/i0.wp.com\/www.rdpemancipation.org\/wp-content\/uploads\/2022\/01\/Capture-Benny.png?resize=300%2C217&amp;ssl=1 300w\" sizes=\"auto, (max-width: 486px) 100vw, 486px\" \/><\/figure>\n\n\n\n<p><a href=\"https:\/\/www.dakaractu.com\/Saint-Louis-%C2%A0L-une-des-verites-est-que-ce-parti-est-termine-il-n-y-aura-pas-de-3e-mandat%C2%A0-Abba-Mbaye-Yewwi-Askan-Wi_a214113.html\"><strong>S\u00e9n\u00e9gal<\/strong> : \u00ab&nbsp;Ce parti est termin\u00e9, il n\u2019y aura pas de 3e mandat de Macky Sall&nbsp;\u00bb<\/a> (Dakaractu)<\/p>\n\n\n\n<p><strong><span style=\"color:#f00e19\" class=\"has-inline-color\">24 janvier en continu<\/span><\/strong>   <\/p>\n\n\n\n<p><strong>A la Une :  Coup d&rsquo;Etat au Burkina<\/strong><\/p>\n\n\n\n<p><a href=\"https:\/\/mondafrique.com\/le-coup-detat-au-burkina-un-nouvel-echec-pour-emmanuel-macron\/\"><strong>Le coup d\u2019Etat au Burkina, un nouvel \u00e9chec pour Emmanuel Macron<\/strong><\/a> (Mondafrique)<\/p>\n\n\n\n<p><a href=\"https:\/\/mondafrique.com\/burkina-le-tombeur-de-kabore-paul-henri-sandaogo-damiba\/\">Burkina, le tombeur de Kabor\u00e9, Paul-Henri Sandaogo DAMIBA<\/a> (Mondafrique)<\/p>\n\n\n\n<p><a href=\"https:\/\/www.boursorama.com\/videos\/actualites\/burkina-faso-situation-complexe-a-ouagadougou-le-president-appelle-au-calme-sur-twitter-c10d719da9bc65ccf13eca7387fc911c\">Burkina : situation complexe \u00e0 Ouagadougou, le pr\u00e9sident appelle au calme sur Twitter<\/a> (France 24)<\/p>\n\n\n\n<p>&nbsp;<a href=\"https:\/\/www.boursorama.com\/videos\/actualites\/burkina-manifestation-a-ouagadougou-en-soutien-aux-mutins-96239299887d0356d2c19ae2876a3465\">Burkina : manifestation \u00e0 Ouagadougou en soutien aux mutins<\/a> (AFP Vid\u00e9o)<\/p>\n\n\n\n<p>&nbsp;<a href=\"https:\/\/www.boursorama.com\/videos\/actualites\/burkina-faso-un-reel-besoin-de-securite-dans-le-pays-face-a-la-menace-jihadiste-1d48631236699f1a25a6f8ff5806bff4\">Burkina : un r\u00e9el besoin de s\u00e9curit\u00e9 dans le pays face \u00e0 la menace jihadiste<\/a> (France 24)<\/p>\n\n\n\n<p>&nbsp;<a href=\"https:\/\/www.boursorama.com\/videos\/actualites\/burkina-faso-le-voisin-malien-sur-le-qui-vive-sur-fond-de-rejet-de-la-presence-francaise-au-sahel-3d114d2de15c332d692533bb9b2a2b97\">Burkina : le Mali sur le qui-vive sur fond de rejet de la pr\u00e9sence fran\u00e7aise au Sahel<\/a> (France 24)<\/p>\n\n\n\n<p><a href=\"https:\/\/www.seneplus.com\/international\/le-president-burkinabe-arrete\"><strong>Burkina Faso<\/strong>&nbsp;: <strong>Le pr\u00e9sident burkinab\u00e8 arr\u00eat\u00e9<\/strong><\/a> (Seneplus)<\/p>\n\n\n\n<p><strong><a href=\"https:\/\/www.afrique-sur7.ci\/484270-burkina-faso-paul-henri-sandaogo-damiba-roche-kabore\">Burkina Faso : Paul-Henri Sandaogo DAMIBA \u00e9vince Roch Kabor\u00e9 !<\/a> <\/strong>(Afrique-sur-7) <\/p>\n\n\n\n<figure class=\"wp-block-image size-full\"><img data-recalc-dims=\"1\" loading=\"lazy\" decoding=\"async\" width=\"627\" height=\"418\" src=\"https:\/\/i0.wp.com\/www.rdpemancipation.org\/wp-content\/uploads\/2022\/01\/image-123.png?resize=627%2C418&#038;ssl=1\" alt=\"\" class=\"wp-image-67805\" srcset=\"https:\/\/i0.wp.com\/www.rdpemancipation.org\/wp-content\/uploads\/2022\/01\/image-123.png?w=627&amp;ssl=1 627w, https:\/\/i0.wp.com\/www.rdpemancipation.org\/wp-content\/uploads\/2022\/01\/image-123.png?resize=300%2C200&amp;ssl=1 300w\" sizes=\"auto, (max-width: 627px) 100vw, 627px\" \/><figcaption><sup>Paul Henri Damiba prend le pouvoir au Burkina Faso<\/sup><\/figcaption><\/figure>\n\n\n\n<p><a href=\"https:\/\/blogs.mediapart.fr\/histoire-coloniale-et-postcoloniale\/blog\/240122\/une-somme-incontournable-sur-la-francafrique\">Une somme incontournable sur la Fran\u00e7afrique<\/a> &#8211; Fran\u00e7ois G\u00e8ze&nbsp;(Histoire coloniale et postcoloniale)<\/p>\n\n\n\n<p><a href=\"https:\/\/www.connaissancedesenergies.org\/le-solaire-decentralise-lassaut-des-villes-africaines-220119\">Le solaire d\u00e9centralis\u00e9 \u00e0 l&rsquo;assaut des villes africaines<\/a> (Connaissance des \u00e9nergies)<\/p>\n\n\n\n<p><a href=\"https:\/\/common.indigo-net.com\/lib\/cookie_log\/redirector.asp?mail=n.chevillard@noos.fr&amp;ID=452946&amp;DOCIID=109703480&amp;ENAIID=707918&amp;RETOUR=SIMPLE&amp;link=https:\/\/www.africaintelligence.fr\/petrole-et-gaz_strategies-entreprise\/2022\/01\/24\/des-champs-offshore-aux-champs-de-coton--dans-les-coulisses-du-plan-biocarburants-d-eni,109718414-art?cxt=PUB&amp;utm_source=AIF&amp;utm_medium=email&amp;utm_campaign=AUTO_EDIT_SOM\" target=\"_blank\" rel=\"noreferrer noopener\">Des champs offshore aux champs de coton : le plan biocarburants d&rsquo;ENI<\/a> (Africa Intelligence)<\/p>\n\n\n\n<p><a href=\"https:\/\/www.27avril.com\/blog\/opinion\/fenetre-sur-lafrique-du-22-janvier-2022-mobilisation-en-soutien-au-peuple-malien\">Mobilisation de mouvements panafricains en soutien au peuple Malien<\/a> (27avril)<\/p>\n\n\n\n<p><strong>Pays<\/strong><\/p>\n\n\n\n<p><a href=\"https:\/\/common.indigo-net.com\/lib\/cookie_log\/redirector.asp?mail=n.chevillard@noos.fr&amp;ID=452946&amp;DOCIID=109703480&amp;ENAIID=707918&amp;RETOUR=SIMPLE&amp;link=https:\/\/www.africaintelligence.fr\/afrique-est-et-australe_politique\/2022\/01\/24\/blanchiment-d-argent--dans-l-espoir-de-seduire-le-gafi-gaborone-prete-a-devoiler-les-beneficiaires-ultimes-des-entreprises,109718269-art?cxt=PUB&amp;utm_source=AIF&amp;utm_medium=email&amp;utm_campaign=AUTO_EDIT_SOM\" target=\"_blank\" rel=\"noreferrer noopener\"><strong>Botswana<\/strong>&nbsp;: Gaborone pr\u00eate \u00e0 d\u00e9voiler les b\u00e9n\u00e9ficiaires ultimes des entreprises<\/a> (Africa Intelligence)<\/p>\n\n\n\n<p><a href=\"https:\/\/common.indigo-net.com\/lib\/cookie_log\/redirector.asp?mail=n.chevillard@noos.fr&amp;ID=452946&amp;DOCIID=109703480&amp;ENAIID=707918&amp;RETOUR=SIMPLE&amp;link=https:\/\/www.africaintelligence.fr\/afrique-ouest-et-centrale_business\/2022\/01\/24\/le-bras-de-fer-a-200-millions-dollars-qui-menace-l-axe-brazzaville-ankara,109718187-art?cxt=PUB&amp;utm_source=AIF&amp;utm_medium=email&amp;utm_campaign=AUTO_EDIT_SOM\" target=\"_blank\" rel=\"noreferrer noopener\"><strong>Congo<\/strong>&nbsp;: Le bras de fer \u00e0 200 millions $ qui menace l&rsquo;axe Brazzaville-Ankara<\/a> (Africa Intelligence)<\/p>\n\n\n\n<p><a href=\"https:\/\/www.gabonmediatime.com\/gabon-privee-demplois-la-jeunesse-mise-sur-les-paris-sportifs\/\"><strong>Gabon<\/strong> : priv\u00e9e d&#8217;emplois, la jeunesse mise sur les paris sportifs<\/a> (Gabon Media Time)<\/p>\n\n\n\n<p><a href=\"https:\/\/www.boursorama.com\/videos\/actualites\/ghana-accusees-de-sorcellerie-plusieurs-centaines-de-femmes-vivent-recluses-dans-des-camps-219cd287231feddd71b33a77844f37ad\"><strong>Ghana<\/strong> : accus\u00e9es de sorcellerie, des centaines de femmes vivent recluses dans des camps<\/a> (France 24)<\/p>\n\n\n\n<p><a href=\"https:\/\/common.indigo-net.com\/lib\/cookie_log\/redirector.asp?mail=n.chevillard@noos.fr&amp;ID=452946&amp;DOCIID=109703480&amp;ENAIID=707918&amp;RETOUR=SIMPLE&amp;link=https:\/\/www.africaintelligence.fr\/petrole-et-gaz_exploration-production\/2022\/01\/24\/cabo-delgado--le-yalta-diplomatico-petrolier-de-patrick-pouyanne-et-paul-kagame,109718057-art?cxt=PUB&amp;utm_source=AIF&amp;utm_medium=email&amp;utm_campaign=AUTO_EDIT_SOM\" target=\"_blank\" rel=\"noreferrer noopener\"><strong>Mozambique&nbsp;<\/strong>: Cabo Delgado : le \u2018Yalta\u2019 de Patrick Pouyann\u00e9 et Paul Kagame<\/a> (Africa Intelligence)<\/p>\n\n\n\n<p><a href=\"https:\/\/common.indigo-net.com\/lib\/cookie_log\/redirector.asp?mail=n.chevillard@noos.fr&amp;ID=452946&amp;DOCIID=109703480&amp;ENAIID=707918&amp;RETOUR=SIMPLE&amp;link=https:\/\/www.africaintelligence.fr\/industrie-miniere_exploration-production\/2022\/01\/24\/klaus-eckhof-revient-sur-la-pointe-des-pieds-dans-le-lithium-de-manono,109718037-art?cxt=PUB&amp;utm_source=AIF&amp;utm_medium=email&amp;utm_campaign=AUTO_EDIT_SOM\" target=\"_blank\" rel=\"noreferrer noopener\"><strong>RDC<\/strong>&nbsp;: Klaus Eckhof revient sur la pointe des pieds dans le lithium de Manono<\/a> (Africa Intelligence)<\/p>\n\n\n\n<p><a href=\"https:\/\/lequotidien.sn\/locales-tendances-favorables-a-yaw-la-vague-verte\/\"><strong>S\u00e9n\u00e9gal<\/strong>&nbsp;:<strong> \u00c9lections locales : La victoire de Sonko et la vague verte<\/strong><\/a> (Le Quotidien)<\/p>\n\n\n\n<p><a href=\"https:\/\/www.seneweb.com\/news\/Politique\/elections-locales-la-longue-liste-des-mi_n_369782.html\">S\u00e9n\u00e9gal : \u00c9lections&nbsp;: Les ministres et Dg de Macky Sall lamin\u00e9s chez eux<\/a> (Seneweb)<\/p>\n\n\n\n<p><a href=\"https:\/\/www.journaldugabon.com\/decryptage-ce-scrutin-local-est-un-barometre-pour-les-prochaines-echeances-politiques-au-senegal\/\">S\u00e9n\u00e9gal : Ce scrutin est un barom\u00e8tre pour les prochaines \u00e9ch\u00e9ances politiques<\/a> (Journal du Gabon)<\/p>\n\n\n\n<p><a href=\"https:\/\/orientxxi.info\/magazine\/soudan-les-putschistes-et-le-peuple-un-face-a-face-inegal,5313\" target=\"_blank\" rel=\"noreferrer noopener\"><strong>Soudan<\/strong>. Les putschistes et le peuple, un face-\u00e0-face in\u00e9gal<\/a>&nbsp; &#8211; Gwena\u00eblle Lenoir (Orient XXI)<\/p>\n\n\n\n<p><strong><span style=\"color:#f00e19\" class=\"has-inline-color\">22 janvier en continu<\/span><\/strong>  <\/p>\n\n\n\n<p><a href=\"http:\/\/news.alome.com\/h\/138070.html\">Sahel : plus de 2,5 millions de d\u00e9plac\u00e9s en une d\u00e9cennie<\/a> (aLome)<\/p>\n\n\n\n<p><a href=\"https:\/\/blogs.mediapart.fr\/jean-marc-b\/blog\/210122\/l-operation-barkhane-ou-l-impuissance-destructrice-au-sahel-paul-martial\"><strong>L\u2019op\u00e9ration Barkhane ou l\u2019impuissance destructrice au Sahel <\/strong><\/a><strong>(<\/strong>Blog Paul Martial)<\/p>\n\n\n\n<figure class=\"wp-block-image is-resized is-style-default\"><img data-recalc-dims=\"1\" loading=\"lazy\" decoding=\"async\" src=\"https:\/\/i0.wp.com\/www.contretemps.eu\/wp-content\/uploads\/Af_Ner_125_-_Fort_de_Madama.jpg?resize=509%2C281&#038;ssl=1\" alt=\"\" width=\"509\" height=\"281\"\/><\/figure>\n\n\n\n<p><strong>Pays&nbsp;<\/strong><\/p>\n\n\n\n<p><a href=\"https:\/\/www.voaafrique.com\/a\/les-%c3%a9tudiants-sud-africains-contre-l-obligation-vaccinale\/6405200.html\"><strong>Afrique du Sud<\/strong>&nbsp;: R\u00e9bellion estudiantine contre l&rsquo;obligation vaccinale<\/a> (Voaafrique)<\/p>\n\n\n\n<p><a href=\"https:\/\/www.burkina24.com\/2022\/01\/21\/restrictions-des-libertes-le-balai-citoyen-prevoit-un-meeting-le-19-fevrier-2022\/\"><strong>Burkina Faso<\/strong>&nbsp;: Meeting du Balai Citoyen sur les libert\u00e9s le 19 f\u00e9vrier 2022<\/a> (Burkina24)<\/p>\n\n\n\n<p><a href=\"https:\/\/dailynewscameroon.com\/la-dgi-ordonne-le-blocage-des-comptes-bancaires-du-port-de-douala\/\"><strong>Cameroun<\/strong>&nbsp;: Blocage des comptes bancaires du Port de Douala<\/a> (Daily News Cameroon)<\/p>\n\n\n\n<p><a href=\"https:\/\/www.voaafrique.com\/a\/centrafrique-premi%C3%A8res-%C3%A9lections-municipales-en-33-ans\/6406598.html\"><strong>Centrafrique<\/strong>: premi\u00e8res \u00e9lections municipales en 33 ans<\/a> (Voaafrique)<\/p>\n\n\n\n<p><a href=\"https:\/\/www.voaafrique.com\/a\/le-dialogue-politique-ivoirien-remis-sur-les-rails\/6407153.html\"><strong>C\u00f4te d\u2019Ivoire<\/strong>&nbsp;: Le dialogue politique remis sur les rails<\/a> (Voaafrique)<\/p>\n\n\n\n<p><strong><a href=\"https:\/\/www.mediapart.fr\/journal\/international\/210122\/ethiopie-de-la-guerre-civile-au-nettoyage-ethnique\">\u00c9thiopie&nbsp;: <\/a><\/strong><a href=\"https:\/\/www.mediapart.fr\/journal\/international\/210122\/ethiopie-de-la-guerre-civile-au-nettoyage-ethnique\">de la guerre civile au nettoyage ethnique<\/a> (M\u00e9diapart)<\/p>\n\n\n\n<p><a href=\"https:\/\/www.gabonmediatime.com\/gabon-ali-bongo-absent-a-son-proces-devant-la-cour-de-cassation\/\"><strong>Gabon<\/strong>: Ali Bongo absent \u00e0 son proc\u00e8s en cassation<\/a> (Gabon Media Time)<\/p>\n\n\n\n<p><a href=\"https:\/\/guineematin.com\/2022\/01\/21\/transition-en-guinee-ce-qui-sest-reellement-passe-a-linstallation-de-la-crief\/\"><strong>Guin\u00e9e<\/strong>&nbsp;: Transition : Installation de la CRIEF<\/a> (Guineematin)<\/p>\n\n\n\n<p><a href=\"https:\/\/www.connectionivoirienne.net\/2022\/01\/21\/peut-on-affirmer-que-le-franc-cfa-maintient-leconomie-du-mali-a-flot-malgre-les-sanctions-de-la-cedeao\/\"><strong>Mali<\/strong>&nbsp;: Le franc CFA, l\u2019\u00e9conomie et les sanctions de la CEDEAO<\/a> (Connection Ivoirienne) <\/p>\n\n\n\n<figure class=\"wp-block-image is-resized\"><img data-recalc-dims=\"1\" loading=\"lazy\" decoding=\"async\" src=\"https:\/\/i0.wp.com\/www.connectionivoirienne.net\/wp-content\/uploads\/2022\/01\/image-14-668x334.png?resize=457%2C229&#038;ssl=1\" alt=\"\" width=\"457\" height=\"229\"\/><\/figure>\n\n\n\n<p><a href=\"https:\/\/www.voaafrique.com\/a\/dernier-hommage-%c3%a0-ibk-au-mali\/6407222.html\"><strong>Mali<\/strong>&nbsp;: Dernier hommage \u00e0 IBK<\/a> (Voaafrique)<\/p>\n\n\n\n<p><a href=\"https:\/\/bamada.net\/les-sanctions-contre-le-mali-et-la-naissance-dun-ideal-panafricain-2\">Mali&nbsp;: Les sanctions et la naissance d\u2019un id\u00e9al panafricain<\/a> (Bamada)<\/p>\n\n\n\n<p><a href=\"https:\/\/www.radiookapi.net\/2022\/01\/22\/actualite\/securite\/ituri-10-miliciens-tues-dans-une-operation-denvergure-lancee-par-la\"><strong>RDC<\/strong> : 10 miliciens tu\u00e9s dans une op\u00e9ration de la MONUSCO<\/a> (Radio Okapi)<\/p>\n\n\n\n<p><a href=\"https:\/\/www.mediapart.fr\/journal\/international\/220122\/au-senegal-un-vent-de-fraicheur-sur-la-campagne-des-municipales\" target=\"_blank\" rel=\"noreferrer noopener\"><strong>S\u00e9n\u00e9gal&nbsp;:<\/strong> un vent de fra\u00eecheur sur la campagne des municipales <\/a>&nbsp;&nbsp;(M\u00e9diapart)<\/p>\n\n\n\n<p><a href=\"https:\/\/www.seneplus.com\/politique\/scrutin-test-apres-les-emeutes\">S\u00e9n\u00e9gal&nbsp;: Scrutin test apr\u00e8s les \u00e9meutes<\/a> (Seneplus) <\/p>\n\n\n\n<figure class=\"wp-block-image is-resized\"><img data-recalc-dims=\"1\" loading=\"lazy\" decoding=\"async\" src=\"https:\/\/i0.wp.com\/www.seneplus.com\/sites\/default\/files\/styles\/section_hero\/public\/raw_photos\/d072c9f28336e736501d90af1644233c5415b259.jpeg?resize=434%2C289&#038;ssl=1\" alt=\"\" width=\"434\" height=\"289\"\/><\/figure>\n\n\n\n<p><a href=\"https:\/\/www.senenews.com\/actualites\/sanctions-contre-le-mali-89-des-senegalais-sont-contre-la-decision-de-la-cedeao-les-raisons-dun-desaveu_383406.html\"><strong>S\u00e9n\u00e9gal<\/strong>&nbsp;: 89 % des S\u00e9n\u00e9galais contre les sanctions impos\u00e9es au Mali<\/a> (Senenews)<\/p>\n\n\n\n<p><a href=\"https:\/\/www.alwihdainfo.com\/Tchad-aucun-pays-ne-peut-acceder-au-developpement-sans-l-education_a110655.html\"><strong>Tchad<\/strong> : \u00ab&nbsp;Pas de d\u00e9veloppement sans l\u2019\u00e9ducation&nbsp;\u00bb<\/a> (Alwihdainfo)<\/p>\n\n\n\n<p><strong><span style=\"color:#f00e19\" class=\"has-inline-color\">21 janvier en continu<\/span><\/strong>  <\/p>\n\n\n\n<p><a href=\"http:\/\/x967h.mjt.lu\/lnk\/AMcAAHC-e58AAAADuUYAAARknTwAAAAAl-gAAKWcABiRDwBh6Y_Nu6e_V4DaQAqV60_ETtIJIwAX-Ys\/16\/0n82dM1oZRD6n2Uxl2maNg\/aHR0cHM6Ly93d3cuZ2Vvc3RyYXRlZ2lhLmZyL3NhaGVsLWJhc2N1bGVtZW50LWFwcmVzLWJhcmtoYW5lP3V0bV9zb3VyY2U9bmV3c2xldHRlciZ1dG1fbWVkaXVtPWVtYWlsJnV0bV9jYW1wYWlnbj1qYW52KzIwMjImdXRtX2lkPTg\" target=\"_blank\" rel=\"noreferrer noopener\">Sahel : le basculement dans l\u2019apr\u00e8s-Barkhane<\/a> (G\u00e9ostrat\u00e9gia)<\/p>\n\n\n\n<p><a href=\"https:\/\/afriquexxi.info\/article4913.html\">Partis travailler dans les pays du Golfe, pour le meilleur et pour le pire<\/a> (Afrique XXI)<\/p>\n\n\n\n<p><a href=\"https:\/\/afriquexxi.info\/article4912.html\">Le mythe (\u00e9corn\u00e9) de l\u2019\u00ab&nbsp;homme bleu&nbsp;\u00bb<\/a> (Afrique XXI)<\/p>\n\n\n\n<p><a href=\"https:\/\/www.dakaractu.com\/Corruption-en-Afrique-Revelations-sur-les-contours-du-protocole-Bollore-au-Togo-et-en-Guinee_a213742.html\">Corruption en Afrique : Le protocole Bollor\u00e9 au Togo et en Guin\u00e9e<\/a> (Dakaractu)<\/p>\n\n\n\n<p><strong>Pays&nbsp;<\/strong><\/p>\n\n\n\n<p><a href=\"https:\/\/lefaso.net\/spip.php?article110612\"><strong>Burkina Faso<\/strong> : Le PDP\/PS demande la d\u00e9mission du pr\u00e9sident Roch Kabor\u00e9<\/a> (Le Faso)<\/p>\n\n\n\n<p><a href=\"https:\/\/lepays.bf\/exclusion-de-simone-gbagbo-du-dialogue-politique-en-rci-attention-a-ne-pas-laisser-de-la-braise-sous-les-cendres\/\"><strong>C\u00f4te d\u2019Ivoire<\/strong>&nbsp;: Simone Gbagbo exclue du dialogue politique<\/a> (Le Pays)<\/p>\n\n\n\n<p><a href=\"https:\/\/afrique55.com\/le-president-gambien-adama-barrow-a-prete-serment-pour-son-deuxieme-mandat\/\"><strong>Gambie<\/strong>&nbsp;: Adama Barrow a pr\u00eat\u00e9 serment pour son deuxi\u00e8me mandat<\/a> (Afrique55)<\/p>\n\n\n\n<p><a href=\"https:\/\/afriquexxi.info\/article4881.html\">Gambie, surp\u00eache et pollutions nourrissent l\u2019aquaculture mondiale<\/a> (Afrique XXI)<\/p>\n\n\n\n<p><a href=\"https:\/\/www.afrikibaria.com\/au-ghana-laccident-dun-camion-dexplosifs-fait-de-nombreux-morts\/\"><strong>Ghana<\/strong>&nbsp;: l&rsquo;accident d&rsquo;un camion d&rsquo;explosifs fait de nombreux morts<\/a> (Afrikibaria) <\/p>\n\n\n\n<figure class=\"wp-block-image is-resized\"><img data-recalc-dims=\"1\" loading=\"lazy\" decoding=\"async\" src=\"https:\/\/i0.wp.com\/www.afrikibaria.com\/wp-content\/uploads\/2022\/01\/au-ghana-laccident-dun-camion-dexplosifs-fait-de-nombreux-morts-750x375.jpg?resize=498%2C249&#038;ssl=1\" alt=\"Au Ghana, l\u2019accident d\u2019un camion d\u2019explosifs fait de nombreux morts\" width=\"498\" height=\"249\"\/><\/figure>\n\n\n\n<p><a href=\"https:\/\/www.africaguinee.com\/articles\/2022\/01\/21\/enquete-sur-les-crimes-commis-sous-alpha-conde-la-justice-passe-la-vitesse\"><strong>Guin\u00e9e<\/strong>&nbsp;: Crimes commis sous Alpha Cond\u00e9 : la justice acc\u00e9l\u00e8re<\/a> (Africaguinee)<\/p>\n\n\n\n<p><a href=\"https:\/\/afriquexxi.info\/article4908.html\">Guin\u00e9e, la junte r\u00e9veille les fant\u00f4mes du pass\u00e9<\/a> (Afrique XXI)<\/p>\n\n\n\n<p><a href=\"https:\/\/aminata.com\/actualite-guineenne-resume-de-la-journee-du-jeudi-20-janvier-2022\/\">Guin\u00e9e&nbsp;: R\u00e9sum\u00e9 de la journ\u00e9e du Jeudi 20 janvier 2022<\/a> (Aminata)<\/p>\n\n\n\n<p><a href=\"https:\/\/www.27avril.com\/blog\/actualites\/ailleurs-en-afrique\/liberia-au-moins-29-morts-dans-une-bousculade-dans-un-stade-a-monrovia\"><strong>Liberia<\/strong> : 29 morts dans une bousculade dans un stade \u00e0 Monrovia<\/a> (27 avril) <\/p>\n\n\n\n<figure class=\"wp-block-image size-full is-resized\"><img data-recalc-dims=\"1\" loading=\"lazy\" decoding=\"async\" src=\"https:\/\/i0.wp.com\/www.rdpemancipation.org\/wp-content\/uploads\/2022\/01\/image-113.png?resize=390%2C261&#038;ssl=1\" alt=\"\" class=\"wp-image-67405\" width=\"390\" height=\"261\" srcset=\"https:\/\/i0.wp.com\/www.rdpemancipation.org\/wp-content\/uploads\/2022\/01\/image-113.png?w=618&amp;ssl=1 618w, https:\/\/i0.wp.com\/www.rdpemancipation.org\/wp-content\/uploads\/2022\/01\/image-113.png?resize=300%2C200&amp;ssl=1 300w\" sizes=\"auto, (max-width: 390px) 100vw, 390px\" \/><\/figure>\n\n\n\n<p><a href=\"https:\/\/www.seneplus.com\/international\/le-mali-fait-pression-sur-les-banques-sur-son-territoire\"><strong>Mali&nbsp;<\/strong>: Embargo&nbsp;: Le gouvernement fait pression sur les banques<\/a> (Seneplus)<\/p>\n\n\n\n<p><a href=\"https:\/\/www.maliweb.net\/armee\/assimi-goita-president-de-la-transition-a-loccasion-de-la-fete-de-larmee-nous-assistons-a-une-reelle-montee-en-puissance-des-forces-armees-maliennes-2961299.html\">Mali&nbsp;: Mont\u00e9e en puissance des Forces arm\u00e9es maliennes (Assimi Go\u00efta)<\/a> (Maliweb)<\/p>\n\n\n\n<p><a href=\"https:\/\/bamada.net\/sanctions-contre-le-mali-luntm-apporte-son-soutien-au-gouvernement\">Mali&nbsp;: Sanctions : l\u2019UNTM apporte son soutien au gouvernement<\/a> (Bamada)<\/p>\n\n\n\n<p><a href=\"https:\/\/nigerinter.com\/2022\/01\/20\/conference-debat-lactualite-de-frantz-fanon\/\"><strong>Niger<\/strong>&nbsp;: Conf\u00e9rence d\u00e9bat&nbsp;:&nbsp; \u2018\u2019L\u2019actualit\u00e9 de Frantz Fanon\u2019\u2019<\/a> (Nigerinter)<\/p>\n\n\n\n<p><a href=\"https:\/\/afriquexxi.info\/article4909.html\"><strong>RDC<\/strong>&nbsp;: l\u2019h\u00e9ritage belge des \u00ab&nbsp;territoires ethniques&nbsp;\u00bb<\/a> (Afrique XXI)<\/p>\n\n\n\n<p><a href=\"https:\/\/common.indigo-net.com\/lib\/cookie_log\/redirector.asp?mail=n.chevillard@noos.fr&amp;ID=452443&amp;DOCIID=109703480&amp;ENAIID=707417&amp;RETOUR=SIMPLE&amp;link=https:\/\/www.africaintelligence.fr\/industrie-miniere_justice-et-conseil\/2022\/01\/21\/travail-des-enfants-dans-le-cobalt--la-procedure-d-appel-lancee-aux-etats-unis,109717548-bre?cxt=PUB&amp;utm_source=AIF&amp;utm_medium=email&amp;utm_campaign=AUTO_EDIT_SOM\" target=\"_blank\" rel=\"noreferrer noopener\">RDC&nbsp;: travail des enfants dans le cobalt : proc\u00e9dure d&rsquo;appel lanc\u00e9e aux USA<\/a> (Africa Intelligence)<\/p>\n\n\n\n<p><a href=\"https:\/\/www.afrikibaria.com\/rdc-la-justice-ouvre-un-dossier-contre-sud-oil-et-egal-apres-lenquete-congo-hold-up\/\">RDC : la justice ouvre un dossier apr\u00e8s l&rsquo;enqu\u00eate Congo Hold-up<\/a> (Afrikibaria) <\/p>\n\n\n\n<figure class=\"wp-block-image is-resized\"><img data-recalc-dims=\"1\" loading=\"lazy\" decoding=\"async\" src=\"https:\/\/i0.wp.com\/www.afrikibaria.com\/wp-content\/uploads\/2022\/01\/rdc-la-justice-ouvre-un-dossier-contre-sud-oil-et-egal-apres-lenquete-congo-hold-up-750x375.jpg?resize=403%2C201&#038;ssl=1\" alt=\"RDC: la justice ouvre un dossier contre Sud-Oil et Egal apr\u00e8s l\u2019enqu\u00eate Congo Hold-up\" width=\"403\" height=\"201\"\/><\/figure>\n\n\n\n<p><a href=\"http:\/\/www.walf-groupe.com\/senegal-se-lance-production-de-biere-deux-micro-brasseries-installees\/\"><strong>S\u00e9n\u00e9gal<\/strong>&nbsp;: Production de bi\u00e8re : Deux micro-brasseries install\u00e9es<\/a> (WalfNet)<\/p>\n\n\n\n<p><a href=\"https:\/\/www.senenews.com\/actualites\/campagne-violences-scrutin-antoine-diome-fait-le-point-a-deux-jours-des-elections_383369.html\">S\u00e9n\u00e9gal&nbsp;: Campagne, violences : le point \u00e0 deux jours des \u00e9lections<\/a> (Senenews)<\/p>\n\n\n\n<p><a href=\"https:\/\/www.tchadpages.com\/la-france-soutient-les-pme-tchadiennes\/\"><strong>Tchad<\/strong>&nbsp;: La France soutient les PME tchadiennes<\/a> (Tchad Convergence)<\/p>\n\n\n\n<p><a href=\"https:\/\/afriquexxi.info\/article4910.html\">Tchad<strong>.<\/strong> Un dialogue, mais pour quoi faire&nbsp;?<\/a> (Afrique XXI)<\/p>\n\n\n\n<p><strong><span style=\"color:#f00e19\" class=\"has-inline-color\">20 janvier en continu<\/span><\/strong> <a href=\"https:\/\/www.lemonde.fr\/afrique\/article\/2022\/01\/19\/entre-paris-et-bamako-une-escalade-sans-issue_6110144_3212.html\"><\/a><\/p>\n\n\n\n<p><a href=\"https:\/\/www.lemonde.fr\/afrique\/article\/2022\/01\/19\/entre-paris-et-bamako-une-escalade-sans-issue_6110144_3212.html\">Analyse&nbsp;: Entre Paris et Bamako, une escalade sans issue<\/a> (Le Monde)<\/p>\n\n\n\n<p><a href=\"http:\/\/tracking.connaissancedesenergies.org\/tracking\/click?d=quJNFjFfjQUGwyKLxwinx3ysN9mqbRhUmUU3OJGkeYxXjFmrZeutEGmnadm7ckmo733x8k6Za2Hg-UI5YB5jjicBm6G6KxbbroahuTda6k-S1VxI4480ok-X3Cs7qkEyufOIFRK5_0--cKyW0p_5ZeOdjl_hs04e0Y_dTdjF8akaC8uu8QHYE_vys2l_Zmk_G72dMYBkNpXAKQ91wZxvBCGsCPnKDnADi-JMxo4tz_NgnGEVjFOOSTiJKIa6tikwZbtjD7xJoic2A32EF1O3MSw1\" target=\"_blank\" rel=\"noreferrer noopener\">Le solaire d\u00e9centralis\u00e9 \u00e0 l&rsquo;assaut des villes africaines<\/a> (IFRI)<\/p>\n\n\n\n<p><strong>Pays<\/strong><\/p>\n\n\n\n<p><a href=\"https:\/\/www.voaafrique.com\/a\/afrique-du-sud-premi%c3%a8re-usine-de-vaccins-anti-covid-fabriqu%c3%a9s-sur-le-continent\/6403122.html\"><strong>Afrique du Sud<\/strong> : premi\u00e8re usine de vaccins anti-Covid sur le continent<\/a> (Voaafrique) <\/p>\n\n\n\n<figure class=\"wp-block-image is-resized\"><img data-recalc-dims=\"1\" loading=\"lazy\" decoding=\"async\" src=\"https:\/\/i0.wp.com\/gdb.voanews.com\/AB88A417-F799-4BE9-B6E7-C1B44ED2B207_w1023_r1_s.jpg?resize=441%2C246&#038;ssl=1\" alt=\"Le pr\u00e9sident sud-africain Cyril Ramaphosa et le fondateur de NantWorks Dr Patrick Soon-Shiong ont coup\u00e9 le ruban lors du lancement de NantSA, le futur campus de fabrication de vaccins \u00e0 Brackengate, Cape Town, le 19 janvier 2022.\" width=\"441\" height=\"246\"\/><figcaption>&nbsp;<sup>Cyril Ramaphosa et le fondateur de NantWorks Dr Patrick Soon-Shiong <\/sup><br><sup>lors du lancement de NantSA, futur campus de fabrication de vaccins \u00e0 Brackengate<\/sup><\/figcaption><\/figure>\n\n\n\n<p><a href=\"https:\/\/burkina24.com\/2022\/01\/05\/jerry-john-rawlings-la-relation-entre-blaise-et-sankara-sest-degradee-a-cause-de-leurs-divergences-politiques\/\"><strong>Burkina Faso<\/strong>&nbsp;: Les divergences politiques entre Compaor\u00e9 et Sankara<\/a> (Burkina24)<\/p>\n\n\n\n<p><a href=\"https:\/\/dailynewscameroon.com\/cameroun-chicha-tueur-a-petit-feu\/\"><strong>Cameroun<\/strong>&nbsp;: Chicha : \u00ab\u00a0tueur \u00e0 petit feu\u00a0\u00bb<\/a> (Daily News Cameroon)<\/p>\n\n\n\n<p><a href=\"https:\/\/ifex.org\/fr\/cameroun-2000-jours-de-detention-arbitraire-et-90-renvois-pour-amadou-vamoulke\/\">Cameroun : Amadou Vamoulk\u00e9&nbsp;: 2000 jours de d\u00e9tention arbitraire et 90 renvois<\/a> (IFEX)<\/p>\n\n\n\n<p><a href=\"https:\/\/www.jeuneafrique.com\/1297550\/politique\/cameroun-le-vent-tourne-pour-amougou-belinga-homme-daffaires-du-systeme-biya\/\" target=\"_blank\" rel=\"noreferrer noopener\">Cameroun : le vent tourne pour Amougou Belinga, homme d\u2019affaires du syst\u00e8me Biya&nbsp;<\/a>&nbsp;(Jeune Afrique)<\/p>\n\n\n\n<p><a href=\"https:\/\/www.lemonde.fr\/afrique\/article\/2022\/01\/20\/en-cote-d-ivoire-simone-gbagbo-veut-etre-invitee-au-dialogue-entre-pouvoir-et-opposition_6110211_3212.html\"><strong>C\u00f4te d\u2019Ivoire<\/strong>&nbsp;: Simone Gbagbo veut \u00eatre invit\u00e9e au dialogue entre pouvoir et opposition<\/a> (Le Monde)<\/p>\n\n\n\n<p><a href=\"https:\/\/afrikipresse.fr\/lutte-contre-le-travail-des-enfants-pourquoi-sengager-aux-cotes-de-dominique-ouattara-bakayoko-adama\/\">C\u00f4te d\u2019Ivoire&nbsp;: Lutte contre le Travail des Enfants<\/a> (Afrikipresse)<\/p>\n\n\n\n<p><a href=\"https:\/\/www.gabonreview.com\/ali-bongo-au-tribunal-demain-le-jugement-de-lhistoire\/\"><strong>Gabon<\/strong>&nbsp;: Ali Bongo au tribunal demain : Le jugement de l\u2019Histoire<\/a> (Gabon Review)<\/p>\n\n\n\n<p><a href=\"https:\/\/www.boursorama.com\/videos\/actualites\/le-ghana-confronte-au-fleau-de-la-pollution-textile-7574c0fb713cc53577abc0305f0cdc06\"><strong>Ghana<\/strong>&nbsp;: confront\u00e9 au fl\u00e9au de la pollution textile<\/a> (France 24)<\/p>\n\n\n\n<p><a href=\"https:\/\/www.boursorama.com\/videos\/actualites\/madagascar-les-habitants-d-antananarivo-demunis-face-aux-inondations-5ac1d996f2d732b50be8bec2f05fe515\"><strong>Madagascar<\/strong> : les habitants d&rsquo;Antananarivo d\u00e9munis face aux inondations<\/a> (AFP vid\u00e9o)<\/p>\n\n\n\n<p><a href=\"https:\/\/www.seneplus.com\/international\/paris-pourrait-etre-contraint-quitter-le-mali\"><strong>Mali<\/strong>&nbsp;: Paris pourrait \u00eatre contraint de quitter le Mali<\/a> (Seneplus) <\/p>\n\n\n\n<figure class=\"wp-block-image is-resized\"><img data-recalc-dims=\"1\" loading=\"lazy\" decoding=\"async\" src=\"https:\/\/i0.wp.com\/www.seneplus.com\/sites\/default\/files\/styles\/section_hero\/public\/raw_photos\/capture_decran_2022-01-19_a_23.04.03.png?resize=468%2C299&#038;ssl=1\" alt=\"\" width=\"468\" height=\"299\"\/><\/figure>\n\n\n\n<p><a href=\"https:\/\/bamada.net\/mali-combien-de-temps-la-junte-peut-elle-tenir-sous-les-sanctions-de-la-cedeao\"><strong>Mali<\/strong> : Combien de temps la junte peut-elle tenir sous les sanctions<\/a> (Bamada)<\/p>\n\n\n\n<p><a href=\"https:\/\/www.maliweb.net\/cedeao\/face-aux-sanctions-de-la-cedeao-contre-le-mali-luntm-la-cafo-le-cnj-le-cnj-mali-le-foscao-font-bloc-derriere-les-autorites-de-la-transition-2961142.html\">Mali&nbsp;: L&rsquo;Untm, la Cafo, le Cnj, le CNJ-Mali, le Foscao font bloc face aux sanctions<\/a> (Maliweb)<\/p>\n\n\n\n<p><a href=\"https:\/\/www.youtube.com\/watch?v=YpcIhL_H4jg\">Mali&nbsp;: Bient\u00f4t une guerre franco &#8211; russe ?<\/a>&nbsp; (Le M\u00e9dia)<\/p>\n\n\n\n<p><a href=\"https:\/\/www.boursorama.com\/videos\/actualites\/nous-sommes-contre-la-politique-francaise-au-mali-la-montee-du-sentiment-anti-francais-a-bamako-f31b2f3b15bbf8fbb052fb922ce192f3\">Mali : la mont\u00e9e du sentiment anti-fran\u00e7ais \u00e0 Bamako<\/a> (France 24)<\/p>\n\n\n\n<p><a href=\"https:\/\/www.therwandan.com\/fr\/rwanda-mozambique-lintervention-militaire-rwandaise-au-mozambique-continue-de-semer-le-scepticisme\/\"><strong>Mozambique<\/strong> : L\u2019intervention rwandaise continue de semer le scepticisme<\/a> (Le Rwandais) <\/p>\n\n\n\n<figure class=\"wp-block-image is-resized\"><img data-recalc-dims=\"1\" loading=\"lazy\" decoding=\"async\" src=\"https:\/\/i0.wp.com\/www.therwandan.com\/fr\/wp-content\/uploads\/sites\/2\/2021\/09\/E765BF26-636E-4D43-A3EC-475106306B23-696x661.png?resize=352%2C334&#038;ssl=1\" alt=\"\" width=\"352\" height=\"334\"\/><\/figure>\n\n\n\n<p><a href=\"https:\/\/lanouvelletribune.info\/2022\/01\/meurtre-d-un-ex-ambassadeur-italien-arrestation-de-plusieurs-suspects-en-rdc\/\"><strong>RDC<\/strong>&nbsp;: Meurtre d\u2019un ex-ambassadeur : arrestation de plusieurs suspects<\/a> (La Nouvelle Tribune)<\/p>\n\n\n\n<p><a href=\"https:\/\/www.boursorama.com\/actualite-economique\/actualites\/au-rwanda-kivuwatt-transforme-le-gaz-du-lac-tueur-en-electricite-3d6316b8edbbce6da040028bef050262\"><strong>Rwanda<\/strong>&nbsp;: KivuWatt transforme le gaz du \u00ab\u00a0lac tueur\u00a0\u00bb en \u00e9lectricit\u00e9<\/a> (AFP)<\/p>\n\n\n\n<p><a href=\"https:\/\/www.senenews.com\/actualites\/locales-2022-les-ambitions-xxl-de-sonko-pour-la-casamance_383260.html\"><strong>S\u00e9n\u00e9gal&nbsp;<\/strong>: Les ambitions \u00e9lectorales XXL de Sonko en Casamance<\/a> (Senenews)<\/p>\n\n\n\n<p><a href=\"https:\/\/www.lemonde.fr\/afrique\/article\/2022\/01\/20\/un-nouveau-manifestant-tue-au-soudan-ou-des-emissaires-americains-tentent-le-dialogue_6110226_3212.html\"><strong>Soudan<\/strong>&nbsp;: un nouveau manifestant tu\u00e9&nbsp;; des \u00e9missaires am\u00e9ricains tentent le dialogue<\/a> (Le Monde)<\/p>\n\n\n\n<p><a href=\"https:\/\/www.letchadanthropus-tribune.com\/tchad-economie-tchad-tableau-economique-catastrophique-depeint-la-faillite-tel-lors-du-dernier-crash-petrolier-nest-pas-loin\/\"><strong>Tchad<\/strong>&nbsp;: Tableau \u00e9conomique catastrophique<\/a> (Le Tchadanthropus)<\/p>\n\n\n\n<p><a href=\"https:\/\/www.togoactualite.com\/togo-on-encense-les-ivraies-et-lon-condamne-les-bons\/\"><strong>Togo<\/strong>&nbsp;: On encense les ivraies et l\u2019on condamne les bons<\/a> (Togo Actualit\u00e9)<\/p>\n\n\n\n<p><a href=\"https:\/\/www.boursorama.com\/videos\/actualites\/zimbabwe-une-economie-exsangue-apres-20-ans-de-sanctions-internationales-9aa481f5e940aef18af88eb99518dae2\"><strong>Zimbabwe<\/strong> : une \u00e9conomie exsangue apr\u00e8s 20 ans de sanctions internationales<\/a> (AFP vid\u00e9o)<\/p>\n\n\n\n<p><strong><span style=\"color:#f00e19\" class=\"has-inline-color\">19 janvier en continu<\/span><\/strong>  <\/p>\n\n\n\n<p><strong><a href=\"https:\/\/www.mediapart.fr\/journal\/international\/190122\/corruption-en-afrique-le-protocole-bollore\">Corruption en Afrique&nbsp;: le protocole Bollor\u00e9<\/a><\/strong> (M\u00e9diapart)<\/p>\n\n\n\n<p><a href=\"https:\/\/maliactu.net\/la-cooperation-militaire-avec-la-russie-est-une-alternative-pour-les-etats-africains\/\">La coop\u00e9ration militaire avec la Russie&nbsp;: une alternative pour l\u2019Afrique<\/a> (Maliactu)<\/p>\n\n\n\n<p><strong>Pays&nbsp;<\/strong><\/p>\n\n\n\n<p><a href=\"https:\/\/www.burkina24.com\/2022\/01\/19\/ouahigouya-quatre-soldats-francais-blesses-dans-lexplosion-dun-ied\/\"><strong>Burkina Faso<\/strong>&nbsp;: Quatre soldats fran\u00e7ais bless\u00e9s dans une explosion<\/a> (Burkina24) <\/p>\n\n\n\n<figure class=\"wp-block-image is-resized\"><img data-recalc-dims=\"1\" loading=\"lazy\" decoding=\"async\" src=\"https:\/\/i0.wp.com\/www.burkina24.com\/wp-content\/uploads\/2021\/11\/257764666_970830663647641_5650270925044150614_n-scaled.jpg?resize=403%2C227&#038;ssl=1\" alt=\"Arm\u00e9e fran\u00e7aise convoi fran\u00e7ais Kaya Burkina Faso France\" width=\"403\" height=\"227\"\/><\/figure>\n\n\n\n<p><a href=\"https:\/\/www.voaafrique.com\/a\/enl%C3%A8vement-de-travailleurs-en-zone-anglophone-camerounaise\/6402087.html\"><strong>Cameroun<\/strong>&nbsp;: Enl\u00e8vement de travailleurs en zone anglophone<\/a> (Voaafrique)<\/p>\n\n\n\n<p><a href=\"https:\/\/www.voaafrique.com\/a\/conflits-meurtriers-entre-%c3%a9leveurs-et-agriculteurs-en-rca\/6401958.html\"><strong>Centrafrique<\/strong>&nbsp;: Conflits meurtriers entre \u00e9leveurs et agriculteurs<\/a> (Voaafrique)<\/p>\n\n\n\n<p><a href=\"https:\/\/www.journaldebrazza.com\/congo-le-chemin-de-fer-sous-la-menace-de-lerosion\/\"><strong>Congo<\/strong> : le chemin de fer sous la menace de l\u2019\u00e9rosion<\/a> (Journal de Brazza) <\/p>\n\n\n\n<figure class=\"wp-block-image is-resized\"><img data-recalc-dims=\"1\" loading=\"lazy\" decoding=\"async\" src=\"https:\/\/i0.wp.com\/www.journaldebrazza.com\/wp-content\/uploads\/2022\/01\/Erosion-780x440.jpg?resize=398%2C226&#038;ssl=1\" alt=\"journaldebrazza.com\" width=\"398\" height=\"226\"\/><\/figure>\n\n\n\n<p><a href=\"https:\/\/common.indigo-net.com\/lib\/cookie_log\/redirector.asp?mail=n.chevillard@noos.fr&amp;ID=452097&amp;DOCIID=109703480&amp;ENAIID=707072&amp;RETOUR=SIMPLE&amp;link=https:\/\/www.africaintelligence.fr\/afrique-ouest-et-centrale_diplomatie\/2022\/01\/19\/comment-paris-a-repris-langue-avec-le-palais-du-bord-de-mer,109717454-eve?cxt=PUB&amp;utm_source=AIF&amp;utm_medium=email&amp;utm_campaign=AUTO_EDIT_SOM\" target=\"_blank\" rel=\"noreferrer noopener\"><strong>Gabon<\/strong>&nbsp;: Comment Paris a repris langue avec le Palais du bord de mer<\/a> (Africa Intelligence)<\/p>\n\n\n\n<p><a href=\"https:\/\/www.africaguinee.com\/articles\/2022\/01\/19\/sort-d-alpha-conde-quand-le-colonel-mamadi-doumbouya-tient-parole\"><strong>Guin\u00e9e&nbsp;<\/strong>: Sort d\u2019Alpha Cond\u00e9 : Le Colonel Doumbouya tient parole<\/a> (Africaguinee)<\/p>\n\n\n\n<p><a href=\"https:\/\/www.seneplus.com\/international\/la-junte-manoeuvre-pour-obtenir-deux-ans\"><strong>Mali<\/strong>&nbsp;: La junte \u00e0 la man\u0153uvre pour obtenir 2 ans de transition<\/a> (Seneplus)<\/p>\n\n\n\n<p><a href=\"https:\/\/bamada.net\/mali-le-silence-remarque-demmanuel-macron\">Mali : le silence remarqu\u00e9 d\u2019Emmanuel Macron<\/a> (Bamada)<\/p>\n\n\n\n<p><a href=\"https:\/\/maliactu.net\/les-maliens-sont-sortis-dans-la-rue-pour-soutenir-la-russie\/\">Mali&nbsp;: la population dans la rue pour soutenir la Russie<\/a> (Maliactu) <\/p>\n\n\n\n<figure class=\"wp-block-image is-resized\"><img data-recalc-dims=\"1\" loading=\"lazy\" decoding=\"async\" src=\"https:\/\/i0.wp.com\/maliactu.net\/wp-content\/uploads\/2022\/01\/russie-1-600x340.jpg?resize=519%2C294&#038;ssl=1\" alt=\"russie-1\" width=\"519\" height=\"294\"\/><\/figure>\n\n\n\n<p><a href=\"https:\/\/common.indigo-net.com\/lib\/cookie_log\/redirector.asp?mail=n.chevillard@noos.fr&amp;ID=452097&amp;DOCIID=109703480&amp;ENAIID=707072&amp;RETOUR=SIMPLE&amp;link=https:\/\/www.africaintelligence.fr\/afrique-ouest-et-centrale_politique\/2022\/01\/19\/l-ex-president-mahamane-ousmane-joue-son-va-tout-devant-la-cour-de-la-cedeao,109716876-art?cxt=PUB&amp;utm_source=AIF&amp;utm_medium=email&amp;utm_campaign=AUTO_EDIT_SOM\" target=\"_blank\" rel=\"noreferrer noopener\"><strong>Niger<\/strong>&nbsp;: l&rsquo;ex-pr\u00e9sident M. Ousmane joue son va-tout devant la cour de la Cedeao<\/a> (Africa Intelligence)<\/p>\n\n\n\n<p><a href=\"https:\/\/7sur7.cd\/index.php\/2022\/01\/19\/proces-chebeya-la-haute-cour-rejette-la-demande-de-comparution-de-joseph-kabila\"><strong>RDC<\/strong>&nbsp;: Proc\u00e8s Chebeya&nbsp;: Rejet de la demande de comparution de kabila<\/a> (7sur7)<\/p>\n\n\n\n<p><a href=\"http:\/\/www.walf-groupe.com\/amadou-ba-apres-sortie-dousmane-sonko-regime-tremble\/\"><strong>S\u00e9n\u00e9gal<\/strong>&nbsp;: Apr\u00e8s chaque sortie de Sonko, tout un r\u00e9gime tremble<\/a> (WalfNet)<\/p>\n\n\n\n<p><a href=\"https:\/\/www.seneweb.com\/news\/Societe\/munitions-de-guerre-saisies-au-port-les-_n_369317.html\">S\u00e9n\u00e9gal&nbsp;: Munitions de guerre saisies au Port<\/a> (Seneweb)<\/p>\n\n\n\n<p><a href=\"https:\/\/www.27avril.com\/blog\/actualites\/politiques\/togo-encore-une-sortie-ratee-de-faure-gnassingbe\"><strong>Togo<\/strong> : Encore une sortie rat\u00e9e de Faure Gnassingb\u00e9<\/a> (27avril)<\/p>\n\n\n\n<p><a href=\"https:\/\/www.ivoireco.com\/zambie-la-renovation-du-barrage-de-kariba-presque-terminee\/\"><strong>Zambie<\/strong> : R\u00e9novation du barrage de Kariba presque termin\u00e9e<\/a> (Ivoireco)<\/p>\n\n\n\n<p><strong><span style=\"color:#f00e19\" class=\"has-inline-color\">18 janvier en continu<\/span><\/strong> <\/p>\n\n\n\n<p><a href=\"https:\/\/mondafrique.com\/les-couleuvres-que-la-france-a-avalees-au-mali\/\">Les couleuvres que la France a aval\u00e9es au Mali<\/a> (Mondafrique)<\/p>\n\n\n\n<p><a href=\"https:\/\/common.indigo-net.com\/lib\/cookie_log\/redirector.asp?mail=n.chevillard@noos.fr&amp;ID=451929&amp;DOCIID=109703480&amp;ENAIID=706904&amp;RETOUR=SIMPLE&amp;link=https:\/\/www.africaintelligence.fr\/afrique-ouest-et-centrale_diplomatie\/2022\/01\/18\/de-la-guinee-bissau-au-mozambique-lisbonne-joue-la-carte-de-la-diplomatie-militaire,109716802-art?cxt=PUB&amp;utm_source=AIF&amp;utm_medium=email&amp;utm_campaign=AUTO_EDIT_SOM\" target=\"_blank\" rel=\"noreferrer noopener\">De la Guin\u00e9e-Bissau au Mozambique, Lisbonne joue la carte de la diplomatie militaire<\/a> (Africa Intelligence)<\/p>\n\n\n\n<p><a href=\"https:\/\/common.indigo-net.com\/lib\/cookie_log\/redirector.asp?mail=n.chevillard@noos.fr&amp;ID=451929&amp;DOCIID=109703480&amp;ENAIID=706904&amp;RETOUR=SIMPLE&amp;link=https:\/\/www.africaintelligence.fr\/afrique-ouest-et-centrale_diplomatie\/2022\/01\/18\/apres-la-cedeao-et-malgre-ses-divisions-l-union-africaine-prete-a-taper-fort-sur-la-junte,109716885-art?cxt=PUB&amp;utm_source=AIF&amp;utm_medium=email&amp;utm_campaign=AUTO_EDIT_SOM\" target=\"_blank\" rel=\"noreferrer noopener\">Apr\u00e8s la Cedeao et malgr\u00e9 ses divisions, l&rsquo;UA pr\u00eate \u00e0 taper fort sur la junte malienne<\/a> (Africa Intelligence)<\/p>\n\n\n\n<p><a href=\"https:\/\/www.afrikibaria.com\/corne-de-lafrique-la-fao-alerte-sur-lurgence-dune-aide-pour-eviter-une-crise-alimentaire\/\">Corne de l\u2019Afrique&nbsp;: la FAO alerte sur une crise alimentaire<\/a> (Afrikibaria) <\/p>\n\n\n\n<figure class=\"wp-block-image is-resized\"><img data-recalc-dims=\"1\" loading=\"lazy\" decoding=\"async\" src=\"https:\/\/i0.wp.com\/www.afrikibaria.com\/wp-content\/uploads\/2022\/01\/corne-de-lafrique-la-fao-alerte-sur-lurgence-dune-aide-pour-eviter-une-crise-alimentaire-750x375.jpg?resize=439%2C220&#038;ssl=1\" alt=\"Corne de l\u2019Afrique: la FAO alerte sur l\u2019urgence d\u2019une aide pour \u00e9viter une crise alimentaire\" width=\"439\" height=\"220\"\/><\/figure>\n\n\n\n<p><strong>Pays&nbsp;<\/strong><\/p>\n\n\n\n<p><a href=\"http:\/\/www.24haubenin.info\/?L-AFD-appuie-la-filiere-semenciere-du-Benin\"><strong>B\u00e9nin<\/strong>&nbsp;: L\u2019AFD appuie la fili\u00e8re semenci\u00e8re du B\u00e9nin<\/a> (24 Heures au B\u00e9nin)<\/p>\n\n\n\n<p><a href=\"https:\/\/lepays.bf\/attaques-terroristes-meurtrieres-a-namsiguia-le-gouvernement-nest-pas-excusable\/\"><strong>Burkina Faso<\/strong>&nbsp;: Attaques terroristes : Le gouvernement pas excusable<\/a> (Le Pays)<\/p>\n\n\n\n<p><a href=\"http:\/\/centrafrique-presse.over-blog.com\/2022\/01\/en-centrafrique-des-eleveurs-pris-en-tenaille-entre-milices-et-militaires.html\"><strong>Centrafrique<\/strong>&nbsp;: Des \u00e9leveurs pris en tenaille entre milices et militaires<\/a> (Centrafrique presse) <\/p>\n\n\n\n<figure class=\"wp-block-image is-resized\"><img data-recalc-dims=\"1\" loading=\"lazy\" decoding=\"async\" src=\"https:\/\/i0.wp.com\/image.over-blog.com\/Pm-FeJPyDtQUd9hyB-wqxrgaDKA%3D\/filters%3Ano_upscale%28%29\/image%2F0535055%2F20220117%2Fob_df5dbe_leveur-boeufs.PNG?resize=399%2C267&#038;ssl=1\" alt=\"En Centrafrique, des \u00e9leveurs pris en tenaille entre milices et militaires\" width=\"399\" height=\"267\"\/><\/figure>\n\n\n\n<p><a href=\"https:\/\/www.journaldebrazza.com\/congo-lopposition-conteste-la-modification-de-la-constitution\/\"><strong>Congo<\/strong> : l\u2019opposition conteste la modification de la constitution<\/a> (Journal de Brazza)<\/p>\n\n\n\n<p><a href=\"https:\/\/common.indigo-net.com\/lib\/cookie_log\/redirector.asp?mail=n.chevillard@noos.fr&amp;ID=451929&amp;DOCIID=109703480&amp;ENAIID=706904&amp;RETOUR=SIMPLE&amp;link=https:\/\/www.africaintelligence.fr\/afrique-ouest-et-centrale_business\/2022\/01\/18\/derriere-la-securisation-des-gisements-offshore-la-main-discrete-des-israeliens-a-accra,109716946-art?cxt=PUB&amp;utm_source=AIF&amp;utm_medium=email&amp;utm_campaign=AUTO_EDIT_SOM\" target=\"_blank\" rel=\"noreferrer noopener\"><strong>Ghana&nbsp;<\/strong>: derri\u00e8re la s\u00e9curisation des gisements offshore, des Isra\u00e9liens \u00e0 Accra<\/a> (Africa Intelligence)<\/p>\n\n\n\n<p><a href=\"https:\/\/afrique55.com\/guinee-alpha-conde-part-se-soigner-aux-emirats-arabes-unis\/\"><strong>Guin\u00e9e<\/strong> : Alpha Cond\u00e9 part se soigner aux \u00c9mirats arabes unis<\/a> (Afrique55)<\/p>\n\n\n\n<p><a href=\"https:\/\/www.seneplus.com\/opinions\/mali-un-embargo-financier-illegal-avec-une-empreinte-neocoloniale\"><strong>Mali<\/strong>&nbsp;: Embargo financier ill\u00e9gal avec une empreinte n\u00e9ocoloniale<\/a> (Fanny Pigeaud via Seneplus)<\/p>\n\n\n\n<p><a href=\"https:\/\/bamada.net\/soutien-a-la-transition-toguna-industries-met-500-camions-a-la-disposition-des-operateurs-economiques-pour-lapprovisionnement-des-maliens-via-les-ports-de-nouakchott-et-conakry\"><strong>Mali<\/strong>&nbsp;: Soutien \u00e0 la Transition : 500 camions mis \u00e0 disposition<\/a> (Bamada)<\/p>\n\n\n\n<p><a href=\"https:\/\/afrique55.com\/rdc-une-ecole-bombardee-en-ituri-un-eleve-gravement-blesse\/\"><strong>RDC<\/strong> : une \u00e9cole bombard\u00e9e, un \u00e9l\u00e8ve gravement bless\u00e9<\/a> (Afrique55) <\/p>\n\n\n\n<figure class=\"wp-block-image is-resized\"><img data-recalc-dims=\"1\" loading=\"lazy\" decoding=\"async\" src=\"https:\/\/i0.wp.com\/afrique55.com\/wp-content\/uploads\/2022\/01\/rdc-une-ecole-bombardee-en-ituri-un-eleve-gravement-blesse_61e614ac051fe.jpeg?resize=420%2C210&#038;ssl=1\" alt=\"rdc: une \u00e9cole bombard\u00e9e en ituri, un \u00e9l\u00e8ve \u00ab\u00a0gravement bless\u00e9\u00a0\u00bb 61e614ad83c79.jpeg\" width=\"420\" height=\"210\"\/><\/figure>\n\n\n\n<p><a href=\"https:\/\/afrique55.com\/rwanda-le-proces-en-appel-de-paul-rusesabagina-souvre-en-son-absence\/\"><strong>Rwanda<\/strong>: Proc\u00e8s en appel de Paul Rusesabagina en son absence<\/a> (Afrique55)<\/p>\n\n\n\n<p><a href=\"https:\/\/www.seneplus.com\/societe\/bignona-un-trafiquant-de-chanvre-arrete-des-champs-brules-par\"><strong>S\u00e9n\u00e9gal<\/strong>&nbsp;: Trafiquant de chanvre arr\u00eat\u00e9, champs brul\u00e9s par l\u2019arm\u00e9e<\/a> (Seneplus)<\/p>\n\n\n\n<p><a href=\"https:\/\/www.boursorama.com\/actualite-economique\/actualites\/repression-au-soudan-sept-nouveaux-manifestants-anti-putsch-tues-a4ea75b0da1a02e3c91d05bff7ebf4bb\"><strong>Soudan<\/strong> : sept nouveaux manifestants anti-putsch tu\u00e9s<\/a> &nbsp;(AFP)<\/p>\n\n\n\n<p><a href=\"https:\/\/www.afrikibaria.com\/soudan-plusieurs-morts-lors-dune-nouvelle-journee-de-mobilisation-anti-putsch\/\"><strong>Soudan<\/strong> : plusieurs morts lors d\u2019une nouvelle journ\u00e9e de mobilisation<\/a> (Afrikibaria) <\/p>\n\n\n\n<figure class=\"wp-block-image is-resized\"><img data-recalc-dims=\"1\" loading=\"lazy\" decoding=\"async\" src=\"https:\/\/i0.wp.com\/www.afrikibaria.com\/wp-content\/uploads\/2022\/01\/soudan-plusieurs-morts-lors-dune-nouvelle-journee-de-mobilisation-anti-putsch-750x375.jpg?resize=422%2C211&#038;ssl=1\" alt=\"Soudan: plusieurs morts lors d\u2019une nouvelle journ\u00e9e de mobilisation anti-putsch\" width=\"422\" height=\"211\"\/><\/figure>\n\n\n\n<p><a href=\"https:\/\/afrique55.com\/le-general-tchadien-adoum-togoi-abbo-est-mort-a-75-ans\/\"><strong>Tchad<\/strong>&nbsp;: Le g\u00e9n\u00e9ral Adoum Togo\u00ef Abbo est mort \u00e0 75 ans<\/a> (Afrique55)<\/p>\n\n\n\n<p><a href=\"https:\/\/www.alwihdainfo.com\/Tchad-la-CNV-craint-un-dialogue-biaise-et-folklorique_a110543.html\"><strong>Tchad<\/strong> : la CNV craint un dialogue \u00ab\u00a0biais\u00e9 et folklorique\u00a0\u00bb<\/a> (Alwihdainfo)<\/p>\n\n\n\n<p><a href=\"https:\/\/www.togoactualite.com\/togo-la-cdpa-apporte-son-soutien-au-peuple-malien\/\"><strong>Togo<\/strong>&nbsp;: La CDPA apporte son soutien au peuple malien<\/a> (Togo Actualit\u00e9)<\/p>\n\n\n\n<p><a href=\"https:\/\/www.boursorama.com\/actualite-economique\/actualites\/zimbabwe-le-cout-cache-de-20-ans-de-sanctions-economiques-ccbcbbfc62cff6434404edda17b66cf9\"><strong>Zimbabwe<\/strong> : le co\u00fbt cach\u00e9 de 20 ans de sanctions \u00e9conomiques<\/a> &nbsp;(AFP)<\/p>\n\n\n\n<p><strong><span style=\"color:#f00e19\" class=\"has-inline-color\">17 janvier en continu<\/span><\/strong>  <\/p>\n\n\n\n<p><a href=\"https:\/\/www.oxfamfrance.org\/communiques-de-presse\/le-sahel-se-trouve-aujourdhui-a-un-tournant-decisif-il-faut-un-reel-sursaut-pour-revoir-en-profondeur-une-strategie-du-tout-securitaire-qui-a-failli\/\">\u00ab&nbsp;Le <strong>Sahel <\/strong>se trouve aujourd\u2019hui \u00e0 un tournant d\u00e9cisif. Il faut un r\u00e9el sursaut pour revoir en profondeur une strat\u00e9gie du tout-s\u00e9curitaire qui a failli.&nbsp;\u00bb<\/a> (Oxfam et collectif)<\/p>\n\n\n\n<p><a href=\"https:\/\/www.agenceecofin.com\/cereales\/1301-94337-afrique-subsaharienne-le-volume-des-achats-de-farine-de-ble-a-baisse-de-40-sur-les-5-dernieres-annees\">Afrique subsaharienne&nbsp;: les achats de farine ont baiss\u00e9 de 40&nbsp;% en 5 ans<\/a> (Ecofin)<\/p>\n\n\n\n<p><a href=\"https:\/\/www.agenceecofin.com\/politique\/1401-94375-les-cinq-echeances-electorales-qui-marqueront-l-actualite-politique-africaine-en-2022\">Les cinq \u00e9ch\u00e9ances \u00e9lectorales qui marqueront l\u2019actualit\u00e9 politique africaine en 2022<\/a> (Ecofin)<\/p>\n\n\n\n<p><a href=\"https:\/\/lundi.am\/Afropessimisme-fin-du-monde-et-communisme-noir\" target=\"_blank\" rel=\"noreferrer noopener\">Afropessimisme, fin du monde et communisme noir<\/a> (Lundi Matin)<\/p>\n\n\n\n<p><strong>Pays<\/strong><\/p>\n\n\n\n<p><a href=\"http:\/\/levenementprecis.com\/2022\/01\/17\/reaction-des-autorites-beninoises-apres-les-propos-de-jean-yves-le-drian-la-justice-beninoise-nest-pas-aux-ordres\/\"><strong>B\u00e9nin<\/strong>&nbsp;: R\u00e9action des autorit\u00e9s aux propos de Jean-Yves Le Drian<\/a> (L\u2019\u00c9v\u00e9nement Pr\u00e9cis)<\/p>\n\n\n\n<p><a href=\"https:\/\/lepays.bf\/grippe-aviaire-au-burkina-une-perte-de-478-milliards-de-f-cfa-enregistree\/\"><strong>Burkina Faso<\/strong>&nbsp;: Grippe aviaire : Une perte de 4,78 milliards de F CFA<\/a> (Le Pays)<\/p>\n\n\n\n<p><a href=\"https:\/\/www.burundi-forum.org\/78451\/vers-une-poignee-de-main-entre-neva-et-kagame\/\"><strong>Burundi&nbsp;<\/strong>: Vers une poign\u00e9e de main entre Neva et Kagame ?<\/a> (Burundi Forum)<\/p>\n\n\n\n<p><a href=\"https:\/\/www.cameroononline.org\/deux-morts-dans-la-voiture-de-samuel-etoo-au-cameroun\/\"><strong>Cameroun<\/strong>&nbsp;: Deux morts dans la voiture de Samuel Eto\u2019o<\/a> (Cameroononline)<\/p>\n\n\n\n<p><a href=\"https:\/\/lesechos-congobrazza.com\/politique\/8396-le-congo-est-en-danger-l-opposant-jean-itadi\"><strong>Congo<\/strong>&nbsp;: Le Congo est en danger (l\u2019opposant Jean Itadi)<\/a> (Les \u00c9chos)<\/p>\n\n\n\n<p><a href=\"https:\/\/www.voaafrique.com\/a\/6398901.html\"><strong>\u00c9thiopie<\/strong>&nbsp;: Exportation du conflit au Tigr\u00e9 au sein de la diaspora<\/a> (Voaafrique)<\/p>\n\n\n\n<p><a href=\"https:\/\/www.gabonmediatime.com\/port-gentil-montee-inquietante-des-violences-en-milieu-scolaire\/\"><strong>Gabon<\/strong>&nbsp;: Mont\u00e9e inqui\u00e9tante des violences en milieu scolaire<\/a> (Fabon Media Time) <\/p>\n\n\n\n<figure class=\"wp-block-image is-resized\"><img loading=\"lazy\" decoding=\"async\" src=\"https:\/\/i2.wp.com\/www.gabonmediatime.com\/wp-content\/uploads\/2022\/01\/Gabon-Gabonmediatime_arme-blanche_couteau.jpg?resize=696%2C385&amp;ssl=1\" alt=\"\" width=\"448\" height=\"248\"\/><figcaption><em><sup>Une vue des objets d\u00e9couvert durant les fouilles des \u00e9l\u00e8ves \u00a9 Gabonreview<\/sup><\/em><\/figcaption><\/figure>\n\n\n\n<p><a href=\"https:\/\/guineenews.org\/hydrocarbures-trafic-du-carburant-un-fleau-qui-perdure-et-qui-fait-perdre-des-milliards-a-letat-guineen\/\"><strong>Guin\u00e9e<\/strong>&nbsp;: Trafic du carburant, un fl\u00e9au qui perdure<\/a> (Guineenews)<\/p>\n\n\n\n<p><a href=\"https:\/\/www.boursorama.com\/videos\/actualites\/traite-militaire-france-mali-bamako-demande-la-revision-de-l-accord-2792483968b5faeaf04d349891a37d21\"><strong>Mali-France<\/strong>&nbsp;: Trait\u00e9 militaire : Bamako demande la r\u00e9vision de l&rsquo;accord<\/a> (France 24)<\/p>\n\n\n\n<p><a href=\"https:\/\/lequotidien.sn\/deux-mauvaises-nouvelles-pour-le-mali-la-mauritanie-ferme-ses-frontieres-ibk-est-decede\/\"><strong>Mali<\/strong>&nbsp;: Deux mauvaises nouvelles : La Mauritanie ferme ses fronti\u00e8res<\/a> (Le Quotidien)<\/p>\n\n\n\n<p><a href=\"https:\/\/www.dakaractu.com\/IBK-une-presidence-qui-n-a-pas-stabilise-le-Mali_a213527.html\"><strong>Mali<\/strong>&nbsp;: IBK : une pr\u00e9sidence qui n\u2019a pas stabilis\u00e9 le Mali<\/a> (Dakaractu)<\/p>\n\n\n\n<p><a href=\"https:\/\/www.seneweb.com\/news\/Afrique\/ibrahim-boubacar-keita-la-triste-fin-du-_n_369122.html\"><strong>Mali<\/strong>&nbsp;: IBK : La triste fin du gaulliste-malien !<\/a> (Seneweb) <\/p>\n\n\n\n<figure class=\"wp-block-image size-full is-resized\"><img data-recalc-dims=\"1\" loading=\"lazy\" decoding=\"async\" src=\"https:\/\/i0.wp.com\/www.rdpemancipation.org\/wp-content\/uploads\/2022\/01\/image-94.png?resize=446%2C217&#038;ssl=1\" alt=\"\" class=\"wp-image-66723\" width=\"446\" height=\"217\" srcset=\"https:\/\/i0.wp.com\/www.rdpemancipation.org\/wp-content\/uploads\/2022\/01\/image-94.png?w=956&amp;ssl=1 956w, https:\/\/i0.wp.com\/www.rdpemancipation.org\/wp-content\/uploads\/2022\/01\/image-94.png?resize=300%2C146&amp;ssl=1 300w, https:\/\/i0.wp.com\/www.rdpemancipation.org\/wp-content\/uploads\/2022\/01\/image-94.png?resize=768%2C374&amp;ssl=1 768w\" sizes=\"auto, (max-width: 446px) 100vw, 446px\" \/><figcaption><sup>&nbsp;Ibrahim Boubacar Ke\u00efta<\/sup><\/figcaption><\/figure>\n\n\n\n<p><a href=\"https:\/\/www.radiookapi.net\/2022\/01\/16\/actualite\/securite\/bukavu-un-activiste-des-droits-de-lhomme-retrouve-mort\"><strong>RDC<\/strong>&nbsp;: Bukavu : un activiste des droits de l\u2019homme retrouv\u00e9 mort<\/a> (Radio Okapi)<\/p>\n\n\n\n<p><a href=\"http:\/\/www.rnanews.com\/trente-et-un-rwandais-detenus-en-ouganda-ont-ete-extrades-hier-vers-le-rwanda\/\"><strong>Rwanda<\/strong>&nbsp;: Trente et un Rwandais extrad\u00e9s d\u2019Ouganda vers le Rwanda<\/a> (RNA News)<\/p>\n\n\n\n<p><a href=\"http:\/\/www.walf-groupe.com\/parrainage-aux-legislatives-ousmane-sonko-previent-macky-sall\/\"><strong>S\u00e9n\u00e9gal<\/strong>&nbsp;: Parrainage aux l\u00e9gislatives : Sonko pr\u00e9vient Macky Sall<\/a> (WalfNet)<\/p>\n\n\n\n<p><a href=\"https:\/\/www.senenews.com\/actualites\/ce-maire_382937.html\"><strong>S\u00e9n\u00e9gal<\/strong>&nbsp;: Criminalisation de l&rsquo;homosexualit\u00e9 : Vive pol\u00e9mique<\/a> (Senenews)<\/p>\n\n\n\n<p><a href=\"https:\/\/common.indigo-net.com\/lib\/cookie_log\/redirector.asp?mail=n.chevillard@noos.fr&amp;ID=451758&amp;DOCIID=109703480&amp;ENAIID=706733&amp;RETOUR=SIMPLE&amp;link=https:\/\/www.africaintelligence.fr\/afrique-est-et-australe_politique\/2022\/01\/17\/burhan-hemeti-l-histoire-du-couple-qui-verrouille-le-pouvoir-a-khartoum,109716351-ge0?cxt=PUB&amp;utm_source=AIF&amp;utm_medium=email&amp;utm_campaign=AUTO_EDIT_SOM\" target=\"_blank\" rel=\"noreferrer noopener\"><strong>Soudan&nbsp;<\/strong>: Burhan-Hemeti, l&rsquo;histoire du couple qui verrouille le pouvoir \u00e0 Khartoum<\/a> (Africa Intelligence)<\/p>\n\n\n\n<figure class=\"wp-block-image size-full is-resized\"><img data-recalc-dims=\"1\" loading=\"lazy\" decoding=\"async\" src=\"https:\/\/i0.wp.com\/www.rdpemancipation.org\/wp-content\/uploads\/2022\/01\/image-96.png?resize=475%2C317&#038;ssl=1\" alt=\"\" class=\"wp-image-66748\" width=\"475\" height=\"317\" srcset=\"https:\/\/i0.wp.com\/www.rdpemancipation.org\/wp-content\/uploads\/2022\/01\/image-96.png?w=399&amp;ssl=1 399w, https:\/\/i0.wp.com\/www.rdpemancipation.org\/wp-content\/uploads\/2022\/01\/image-96.png?resize=300%2C200&amp;ssl=1 300w\" sizes=\"auto, (max-width: 475px) 100vw, 475px\" \/><figcaption><sup>Le g\u00e9n\u00e9ral Mohamed Hamdan Dagalo (\u00e0 gauche), dit Hemeti, et le pr\u00e9sident <\/sup><br><sup>du conseil de souverainet\u00e9, Abdel Fattah al-Burhan. \u00a9 Mahmoud Hjaj\/Anadolu Agency via AFP<\/sup><\/figcaption><\/figure>\n\n\n\n<p><a href=\"https:\/\/www.letchadanthropus-tribune.com\/tchad-dialogue-inclusif-qatar-trop-de-contre-verite-sur-le-pre-dialogue-entre-le-regime-cmt-et-politico-militaire-a-doha\/\"><strong>Tchad<\/strong>&nbsp;: Dialogue inclusif&nbsp;: Trop de contre-v\u00e9rit\u00e9 sur le pr\u00e9 dialogue<\/a> (Le Tchadanthropus)<\/p>\n\n\n\n<p><strong><span style=\"color:#f00e19\" class=\"has-inline-color\">15 janvier en continu<\/span><\/strong>   <\/p>\n\n\n\n<p><a href=\"https:\/\/www.youtube.com\/watch?v=R2WmJrnUKT4\" target=\"_blank\" rel=\"noreferrer noopener\"><strong>Fran\u00e7afrique,<\/strong> Xavier Niel, Montebourg. Le m\u00e9dia menac\u00e9 apr\u00e8s des r\u00e9v\u00e9lations<\/a>&nbsp;\u2013 (Le M\u00e9dia)<\/p>\n\n\n\n<p><a href=\"https:\/\/www.tresor.economie.gouv.fr\/Articles\/2021\/11\/08\/china-s-position-among-lenders-in-sub-saharan-africa\" target=\"_blank\" rel=\"noreferrer noopener\">China&rsquo;s Position Among Lenders in Sub-Saharan Africa<\/a> (Tr\u00e9sor-\u00e9co)<\/p>\n\n\n\n<p><a href=\"https:\/\/www.journaldugabon.com\/sahel-une-decennie-marquee-par-une-hausse-des-refugies\/\">Sahel : une d\u00e9cennie marqu\u00e9e par une hausse des r\u00e9fugi\u00e9s<\/a> (Journal du Gabon)<\/p>\n\n\n\n<p><a href=\"https:\/\/bamada.net\/confidences-dun-ex-trafiquant-de-drogue-nigerien\">Confidences d\u2019un ex-trafiquant de drogue nig\u00e9rien<\/a> (Bamada)<\/p>\n\n\n\n<p><a href=\"https:\/\/www.journaldebrazza.com\/afrique-loms-entend-donner-coup-daccelerateur-a-la-vaccination\/\">Afrique : l\u2019OMS veut acc\u00e9l\u00e9rer \u00e0 la vaccination<\/a> (Journal de Brazza)<\/p>\n\n\n\n<p><strong>A la Une&nbsp;: Mali&nbsp;<\/strong><\/p>\n\n\n\n<p><a href=\"http:\/\/www.walf-groupe.com\/manifestations-grandes-villes-maliens-decides-a-resister\/\"><strong>Mali<\/strong>&nbsp;: Manifestations, les Maliens d\u00e9cid\u00e9s \u00e0 r\u00e9sister<\/a> (WalfNet) <\/p>\n\n\n\n<figure class=\"wp-block-image size-full is-resized\"><img data-recalc-dims=\"1\" loading=\"lazy\" decoding=\"async\" src=\"https:\/\/i0.wp.com\/www.rdpemancipation.org\/wp-content\/uploads\/2022\/01\/image-77.png?resize=460%2C259&#038;ssl=1\" alt=\"\" class=\"wp-image-66456\" width=\"460\" height=\"259\" srcset=\"https:\/\/i0.wp.com\/www.rdpemancipation.org\/wp-content\/uploads\/2022\/01\/image-77.png?w=740&amp;ssl=1 740w, https:\/\/i0.wp.com\/www.rdpemancipation.org\/wp-content\/uploads\/2022\/01\/image-77.png?resize=300%2C169&amp;ssl=1 300w\" sizes=\"auto, (max-width: 460px) 100vw, 460px\" \/><\/figure>\n\n\n\n<p><a href=\"https:\/\/www.seneplus.com\/opinions\/assimi-goita-le-jour-de-glore\"><strong>Mali<\/strong>&nbsp;: Assimi Go\u00efta, le jour de gloire<\/a> (Seneplus)<\/p>\n\n\n\n<p><a href=\"https:\/\/www.ndarinfo.com\/Imam-Dicko-s-adresse-aux-Maliens-C-est-le-moment-de-montrer-que-nous-sommes-un-peuple-digne_a33009.html\"><strong>Mali<\/strong>&nbsp;: Imam Dicko : \u00ab&nbsp;Montrer que nous sommes un peuple digne&nbsp;\u00bb<\/a> (Ndarinfo)<\/p>\n\n\n\n<p><a href=\"https:\/\/survie.org\/billets-d-afrique\/2021\/311-octobre-2021\/article\/la-france-et-le-mali-a-couteaux-tires\"><strong>Mali<\/strong>&nbsp;: La France et le Mali \u00e0 couteaux tir\u00e9s ?<\/a> (Survie)<\/p>\n\n\n\n<p><a href=\"https:\/\/bamada.net\/mali-apres-la-demonstration-de-force-la-junte-sactive-sur-le-front-diplomatique\"><strong>Mali<\/strong> : La junte s\u2019active sur le front diplomatique<\/a> (Bamada)<\/p>\n\n\n\n<p><strong>Autres pays<\/strong>&nbsp;<\/p>\n\n\n\n<p><a href=\"https:\/\/www.rfi.fr\/fr\/afrique\/20220112-cameroun-un-s%C3%A9nateur-de-l-opposition-abattu-en-pleine-rue-%C3%A0-bamenda\" target=\"_blank\" rel=\"noreferrer noopener\"><strong>Cameroun<\/strong> : un s\u00e9nateur de l\u2019opposition abattu en pleine rue \u00e0 Bamenda<\/a>&nbsp; (RFI)<\/p>\n\n\n\n<p><a href=\"http:\/\/abidjantv.net\/societe\/cote-divoire-ouattara-et-le-dr-du-groupe-orange-parlent-du-secteur-de-la-communication\/?utm_source=rss&amp;utm_medium=rss&amp;utm_campaign=cote-divoire-ouattara-et-le-dr-du-groupe-orange-parlent-du-secteur-de-la-communication\"><strong>C\u00f4te d\u2019Ivoire<\/strong> : Ouattara et Orange parlent de la communication<\/a> (AbidjanTV)<\/p>\n\n\n\n<p><a href=\"https:\/\/lanouvelletribune.info\/2022\/01\/covid-19-la-chine-offre-un-autre-lot-de-vaccin-sinovac-au-benin\/\"><strong>B\u00e9nin<\/strong>&nbsp;: Covid-19 : la Chine offre un autre lot de vaccins Sinovac<\/a> (La Nouvelle Tribune)<\/p>\n\n\n\n<p><a href=\"http:\/\/lefaso.net\/spip.php?article110492\"><strong>Burkina Faso<\/strong>&nbsp;: Grippe aviaire : 42 foyers confirm\u00e9s<\/a> (Le Faso)<\/p>\n\n\n\n<p><a href=\"https:\/\/www.mediapart.fr\/journal\/international\/090122\/l-aide-au-burundi-ou-le-jeu-trouble-de-paris-dans-la-region-des-grands-lacs\"><strong>Burundi<\/strong> : le jeu trouble de Paris dans la r\u00e9gion des Grands Lacs<\/a> (M\u00e9diapart)<\/p>\n\n\n\n<p><a href=\"https:\/\/www.boursorama.com\/actualite-economique\/actualites\/centrafrique-des-eleveurs-pris-en-tenaille-entre-milices-et-militaires-3d15123aaada55eff5f2222d0788e2e0\"><strong>Centrafrique <\/strong>: des \u00e9leveurs pris en tenaille entre milices et militaires<\/a> (AFP)<\/p>\n\n\n\n<p><a href=\"https:\/\/www.boursorama.com\/videos\/actualites\/ethiopie-au-moins-108-morts-dans-des-frappes-aeriennes-au-tigre-onu-1c24921a3aaa3e089983040d13a31b36\"><strong>Ethiopie<\/strong> : au moins 108 morts dans des frappes a\u00e9riennes au Tigr\u00e9 (ONU)<\/a> (AFP vid\u00e9o)<\/p>\n\n\n\n<p><a href=\"https:\/\/www.boursorama.com\/actualite-economique\/actualites\/ethiopie-les-drones-arme-cle-dans-l-evolution-recente-de-la-guerre-d33fbcac8186ed2389f3d6f8f31b51ca\">Ethiopie : les drones, arme cl\u00e9 dans l&rsquo;\u00e9volution r\u00e9cente de la guerre<\/a> (AFP)<\/p>\n\n\n\n<p><a href=\"https:\/\/www.journaldebangui.com\/ethiopie-le-pam-oblige-de-suspendre-son-aide-humanitaire\/\">Ethiopie : le Pam oblig\u00e9 de suspendre son aide humanitaire<\/a> (Journal de Bangui) <\/p>\n\n\n\n<figure class=\"wp-block-image size-full is-resized\"><img data-recalc-dims=\"1\" loading=\"lazy\" decoding=\"async\" src=\"https:\/\/i0.wp.com\/www.rdpemancipation.org\/wp-content\/uploads\/2022\/01\/image-78.png?resize=448%2C253&#038;ssl=1\" alt=\"\" class=\"wp-image-66458\" width=\"448\" height=\"253\" srcset=\"https:\/\/i0.wp.com\/www.rdpemancipation.org\/wp-content\/uploads\/2022\/01\/image-78.png?w=684&amp;ssl=1 684w, https:\/\/i0.wp.com\/www.rdpemancipation.org\/wp-content\/uploads\/2022\/01\/image-78.png?resize=300%2C169&amp;ssl=1 300w\" sizes=\"auto, (max-width: 448px) 100vw, 448px\" \/><\/figure>\n\n\n\n<p><strong><a href=\"https:\/\/common.indigo-net.com\/lib\/cookie_log\/redirector.asp?mail=n.chevillard@noos.fr&amp;ID=451265&amp;DOCIID=109703480&amp;ENAIID=706240&amp;RETOUR=SIMPLE&amp;link=https:\/\/www.africaintelligence.fr\/afrique-ouest-et-centrale_politique\/2022\/01\/14\/tension-maximale-entre-ali-bongo-et-les-barons-de-son-parti,109715350-eve?cxt=PUB&amp;utm_source=AIF&amp;utm_medium=email&amp;utm_campaign=AUTO_EDIT_SOM\" target=\"_blank\" rel=\"noreferrer noopener\">Gabon&nbsp;: <\/a><\/strong><a href=\"https:\/\/common.indigo-net.com\/lib\/cookie_log\/redirector.asp?mail=n.chevillard@noos.fr&amp;ID=451265&amp;DOCIID=109703480&amp;ENAIID=706240&amp;RETOUR=SIMPLE&amp;link=https:\/\/www.africaintelligence.fr\/afrique-ouest-et-centrale_politique\/2022\/01\/14\/tension-maximale-entre-ali-bongo-et-les-barons-de-son-parti,109715350-eve?cxt=PUB&amp;utm_source=AIF&amp;utm_medium=email&amp;utm_campaign=AUTO_EDIT_SOM\" target=\"_blank\" rel=\"noreferrer noopener\">tension maximale entre Ali Bongo et les barons de son parti<\/a>&nbsp;(Africa Intelligence)<\/p>\n\n\n\n<p><a href=\"https:\/\/www.journaldebangui.com\/ghana-lancement-du-systeme-panafricain-de-paiement-et-de-reglement\/\"><strong>Ghana<\/strong> : lancement du syst\u00e8me panafricain de paiement et r\u00e8glement<\/a> (Journal de Bangui)<\/p>\n\n\n\n<p><a href=\"https:\/\/www.voaafrique.com\/a\/guin%c3%a9e-la-justice-ordonne-d-enqu%c3%aater-sur-les-crimes-sous-l-ex-pr%c3%a9sident-cond%c3%a9\/6396917.html\"><strong>Guin\u00e9e<\/strong>&nbsp;: La justice ordonne d&rsquo;enqu\u00eater sur les crimes sous Alpha Cond\u00e9<\/a> (Voaafrique)<\/p>\n\n\n\n<p><a href=\"http:\/\/www.lesahel.org\/lair-du-temps-mariages-valides-pour-divorces-en-cascades\/\"><strong>Niger<\/strong>&nbsp;: Mariages \u2018\u2019valid\u00e9s\u2019\u2019 pour divorces en cascades<\/a> (Le Sahel)<\/p>\n\n\n\n<p><a href=\"https:\/\/afrique55.com\/est-de-la-rdc-7-civils-2-soldats-et-un-policier-tues-un-hopital-incendie\/\"><strong>RDC<\/strong> : 7 civils, 2 soldats et un policier tu\u00e9s, un h\u00f4pital incendi\u00e9<\/a> (Afrique55) <\/p>\n\n\n\n<figure class=\"wp-block-image is-resized\"><img data-recalc-dims=\"1\" loading=\"lazy\" decoding=\"async\" src=\"https:\/\/i0.wp.com\/afrique55.com\/wp-content\/uploads\/2022\/01\/est-de-la-rdc-7-civils-2-soldats-et-un-policier-tues-un-hopital-incendie_61e220aea8623.jpeg?resize=450%2C226&#038;ssl=1\" alt=\"est de la\u00a0rdc: 7 civils, 2 soldats et un policier tu\u00e9s, un h\u00f4pital incendi\u00e9 61e220afbdca3.jpeg\" width=\"450\" height=\"226\"\/><\/figure>\n\n\n\n<p><a href=\"https:\/\/www.dakaractu.com\/Rassemblement-a-Dakar-contre-les-sanctions-de-la-CEDEAO-le-Senegal-invite-a-tenir-compte-du-poids-de-l-activite_a213451.html\"><strong>S\u00e9n\u00e9gal<\/strong>&nbsp;: Rassemblement \u00e0 Dakar contre les sanctions de la CEDEAO<\/a> (Dakaractu)<\/p>\n\n\n\n<p><a href=\"https:\/\/www.journaldebrazza.com\/le-senegal-continue-de-garder-la-confiance-des-creanciers\/\">S\u00e9n\u00e9gal&nbsp;: Le pays continue de garder la confiance des cr\u00e9anciers<\/a> (Journal de Brazza)<\/p>\n\n\n\n<p><a href=\"https:\/\/afrique55.com\/manifestations-au-soudan-au-moins-deux-morts-dont-un-general-de-la-police\/\"><strong>Soudan<\/strong> : Manifestations&nbsp;: au moins 2 morts, dont 1 g\u00e9n\u00e9ral de la police<\/a> (Afrique55)<\/p>\n\n\n\n<p><a href=\"https:\/\/www.togoactualite.com\/togo-54-policiers-et-gendarmes-coupable-de-vols-et-escroquerie-sanctionnes\/\"><strong>Togo<\/strong>&nbsp;: 54 policiers et gendarmes condamn\u00e9s pour vol et escroquerie<\/a> (Togo Actualit\u00e9)<\/p>\n\n\n\n<p><strong><span style=\"color:#f00e19\" class=\"has-inline-color\">14 janvier en continu<\/span><\/strong>  <\/p>\n\n\n\n<p><a href=\"https:\/\/www.boursorama.com\/actualite-economique\/actualites\/la-suede-quittera-cette-annee-la-force-takuba-au-sahel-ministre-16bc7f2a998d74a611b6688712c3be15\">La Su\u00e8de quittera cette ann\u00e9e la force Takuba au Sahel<\/a> (Reuters)<\/p>\n\n\n\n<p><a href=\"https:\/\/www.seneplus.com\/opinions\/la-cedeao-ce-machin\">La CEDEAO, ce \u00ab&nbsp;Machin&nbsp;\u00bb<\/a> (Seneplus)<\/p>\n\n\n\n<p><a href=\"https:\/\/www.connectionivoirienne.net\/2022\/01\/14\/luemoa-annonce-une-progression-de-61-de-lactivite-economique-en-2021-contre-18-en-2020\/\">L\u2019Uemoa&nbsp;:&nbsp;progr\u00e8s de l\u2019activit\u00e9 \u00e9conomique de 6,1% en 2021<\/a> (Connection Ivoirienne)<\/p>\n\n\n\n<p><a href=\"https:\/\/dailynewscameroon.com\/afrique-pourquoi-le-retour-des-coups-detat\/\">Afrique: Pourquoi le retour des coups d&rsquo;Etat ?<\/a> (Daily News Cameroon) <strong>X<\/strong><\/p>\n\n\n\n<p><strong>A la Une : Mali&nbsp;<\/strong><\/p>\n\n\n\n<p><a href=\"https:\/\/www.boursorama.com\/actualite-economique\/actualites\/les-maliens-manifestent-massivement-contre-les-sanctions-37f52a595a04b296886a01a4114d5f8f\">Les <strong>Maliens<\/strong> manifestent massivement contre les sanctions<\/a> (AFP)<\/p>\n\n\n\n<p><a href=\"https:\/\/www.boursorama.com\/actualite-economique\/actualites\/apres-les-sanctions-quelles-consequences-pour-l-economie-malienne-52000d053fab09c1e0ff43cc602ef48b\">Apr\u00e8s les sanctions, quelles cons\u00e9quences pour l&rsquo;\u00e9conomie <strong>malienne<\/strong> ?<\/a> (AFP)<\/p>\n\n\n\n<p><a href=\"https:\/\/www.dakaractu.com\/Manifestations-au-Mali-contre-les-sanctions-de-la-CEDEAO-Assimi-Goita-jauge-sa-popularite_a213421.html\"><strong>Mali<\/strong>&nbsp;: Manifestations contre les sanctions de la CEDEAO<\/a> (Dakactu)<\/p>\n\n\n\n<p><a href=\"https:\/\/www.ndarinfo.com\/La-France-n-a-pas-d-ordres-a-donner-au-Mali-_a33003.html\"><strong>Mali<\/strong>&nbsp;: \u00ab La France n\u2019a pas d\u2019ordres \u00e0 donner au Mali ! <\/a>&nbsp;(Ndarinfo)<\/p>\n\n\n\n<p><a href=\"https:\/\/www.27avril.com\/blog\/opinion\/crise-au-mali-la-cedeao-des-peuples-contre-la-cedeao-des-dictateurs\"><strong>Mali<\/strong> : La CEDEAO des Peuples contre la CEDEAO des dictateurs<\/a> (27avril)<\/p>\n\n\n\n<p><a href=\"https:\/\/matinlibre.com\/2022\/01\/14\/macron-dit-soutenir-le-mali-le-mensonge-du-siecle-2\/?utm_source=rss&amp;utm_medium=rss&amp;utm_campaign=macron-dit-soutenir-le-mali-le-mensonge-du-siecle-2\"><strong>Mali<\/strong>&nbsp;: Macron dit \u00ab&nbsp;soutenir&nbsp;\u00bb le Mali: Le mensonge du si\u00e8cle<\/a> (Matin Libre)<\/p>\n\n\n\n<p><a href=\"http:\/\/niarela.net\/crise-malienne\/tres-preoccupee-par-la-situation-au-mali-la-suede-pese-ses-options\"><strong>Mali<\/strong>&nbsp;: Tr\u00e8s pr\u00e9occup\u00e9e par la situation, la Su\u00e8de p\u00e8se ses options<\/a> (Niarela)<\/p>\n\n\n\n<p><a href=\"https:\/\/bamada.net\/au-mali-une-junte-pas-si-isolee\"><strong>Mali<\/strong>&nbsp;: Une junte pas si isol\u00e9e<\/a> (Bamada)<\/p>\n\n\n\n<p><strong>Autres pays&nbsp;<\/strong><\/p>\n\n\n\n<p><a href=\"https:\/\/www.voaafrique.com\/a\/des-militaires-accus%c3%a9s-de-pr%c3%a9parer-un-coup-d-etat-au-burkina\/6395696.html\"><strong>Burkina Faso<\/strong>&nbsp;: Des militaires accus\u00e9s de pr\u00e9parer un coup d&rsquo;Etat<\/a> (Voaafrique)<\/p>\n\n\n\n<p><a href=\"https:\/\/dailynewscameroon.com\/a-fin-2021-925-des-routes-sont-en-terre-au-cameroun\/\"><strong>Cameroun<\/strong>&nbsp;: Fin 2021, 92,5 % des routes sont encore en terre<\/a> (Daily News Cameroon) <\/p>\n\n\n\n<figure class=\"wp-block-image is-resized\"><img data-recalc-dims=\"1\" loading=\"lazy\" decoding=\"async\" src=\"https:\/\/i0.wp.com\/dailynewscameroon.com\/wp-content\/uploads\/2022\/01\/routes-730x375.jpg?resize=463%2C238&#038;ssl=1\" alt=\"route - cameroun\" width=\"463\" height=\"238\"\/><\/figure>\n\n\n\n<p><a href=\"http:\/\/www.walf-groupe.com\/plusieurs-blesses-echanges-de-tirs-louest-cameroun\/\"><strong>Cameroun<\/strong>&nbsp;: Plusieurs bless\u00e9s dans des \u00e9changes de tirs<\/a> (WalfNet)<\/p>\n\n\n\n<p><a href=\"https:\/\/www.journaldebrazza.com\/https-www-journaldebrazza-com-wp-admin-post-phppost196596actionedit\/\"><strong>Congo-CEEAC<\/strong> : les chefs d\u2019Etat attendus \u00e0 Brazzaville<\/a> (Journal de Brazza)<\/p>\n\n\n\n<p><a href=\"https:\/\/www.gabonreview.com\/gabon-gouvernance-y-a-t-il-toujours-un-pilote-dans-lavion\/\"><strong>Gabon<\/strong>&nbsp;: Gouvernance : Y a-t-il toujours un pilote dans l&rsquo;avion ?<\/a> (Gabon Review) <\/p>\n\n\n\n<figure class=\"wp-block-image is-resized\"><img data-recalc-dims=\"1\" loading=\"lazy\" decoding=\"async\" src=\"https:\/\/i0.wp.com\/www.gabonreview.com\/wp-content\/uploads\/2022\/01\/Gabon_Gouvernance.jpg?resize=398%2C266&#038;ssl=1\" alt=\"\" width=\"398\" height=\"266\"\/><\/figure>\n\n\n\n<p><a href=\"https:\/\/guineematin.com\/2022\/01\/14\/guinee-les-putschistes-saccrochent-au-pouvoir-le-monde\/\"><strong>Guin\u00e9e<\/strong> : les putschistes s\u2019accrochent au pouvoir<\/a> (Guin\u00e9e Matin)<\/p>\n\n\n\n<p><a href=\"https:\/\/www.guinee360.com\/14\/01\/2022\/sanctions-de-la-cedeao-contre-le-mali-conakry-reitere-son-soutien-a-son-voisin\/\"><strong>Guin\u00e9e<\/strong>&nbsp;: Conakry r\u00e9it\u00e8re son soutien \u00e0 Bamako<\/a> (Guin\u00e9e 360)<\/p>\n\n\n\n<p><a href=\"https:\/\/www.radiookapi.net\/2022\/01\/14\/actualite\/revue-de-presse\/eco-news-regime-tshisekedi-un-bateau-en-derive\"><strong>RDC<\/strong> : Le R\u00e9gime Tshisekedi : un bateau en d\u00e9rive<\/a> (Radio Okapi)<\/p>\n\n\n\n<p><a href=\"http:\/\/www.lesahel.org\/lautre-revers-de-la-tontine-a-niamey\/\"><strong>Niger<\/strong>&nbsp;: L\u2019autre revers de la tontine \u00e0 Niamey<\/a> (Le Sahel)<\/p>\n\n\n\n<p><a href=\"https:\/\/www.27avril.com\/blog\/actualites\/ailleurs-en-afrique\/soudan-la-mobilisation-populaire-contre-le-pouvoir-militaire-se-poursuit\"><strong>Soudan<\/strong> : La Mobilisation contre le pouvoir militaire se poursuit<\/a> (27avril) <\/p>\n\n\n\n<figure class=\"wp-block-image size-full is-resized\"><img data-recalc-dims=\"1\" loading=\"lazy\" decoding=\"async\" src=\"https:\/\/i0.wp.com\/www.rdpemancipation.org\/wp-content\/uploads\/2022\/01\/image-74.png?resize=504%2C337&#038;ssl=1\" alt=\"\" class=\"wp-image-66291\" width=\"504\" height=\"337\" srcset=\"https:\/\/i0.wp.com\/www.rdpemancipation.org\/wp-content\/uploads\/2022\/01\/image-74.png?w=721&amp;ssl=1 721w, https:\/\/i0.wp.com\/www.rdpemancipation.org\/wp-content\/uploads\/2022\/01\/image-74.png?resize=300%2C200&amp;ssl=1 300w\" sizes=\"auto, (max-width: 504px) 100vw, 504px\" \/><figcaption><em><sup>Des manifestants soudanais lors d\u2019une mobilisation le 13 janvier 2022 | Photo : AFP<\/sup><\/em><\/figcaption><\/figure>\n\n\n\n<p><a href=\"https:\/\/www.voaafrique.com\/a\/les-autorit%c3%a9s-tchadiennes-de-transition-annulent-un-d%c3%a9cret-contest%c3%a9\/6395314.html\"><strong>Tchad<\/strong>&nbsp;: Les autorit\u00e9s de transition annulent un d\u00e9cret contest\u00e9<\/a> (Voaafrique)<\/p>\n\n\n\n<p><strong><span style=\"color:#f00e19\" class=\"has-inline-color\">13 janvier en continu<\/span><\/strong> <\/p>\n\n\n\n<p><a href=\"https:\/\/common.indigo-net.com\/lib\/cookie_log\/redirector.asp?mail=n.chevillard@noos.fr&amp;ID=451091&amp;DOCIID=109703480&amp;ENAIID=706066&amp;RETOUR=SIMPLE&amp;link=https:\/\/www.africaintelligence.fr\/industrie-miniere_politique\/2022\/01\/13\/bientot-un-fonds-strategique-francais-dans-les-mines-africaines,109716046-art?cxt=PUB&amp;utm_source=AIF&amp;utm_medium=email&amp;utm_campaign=AUTO_EDIT_SOM\" target=\"_blank\" rel=\"noreferrer noopener\">Bient\u00f4t un fonds strat\u00e9gique fran\u00e7ais dans les mines africaines ?<\/a> (Africa Intelligence)<\/p>\n\n\n\n<p><strong>A la UNE&nbsp;: Mali<\/strong><\/p>\n\n\n\n<p><a href=\"https:\/\/maghrebemergent.net\/mali-colere-de-bamako-apres-la-violation-de-son-espace-aerien-par-un-avion-francais\/\">Col\u00e8re de Bamako apr\u00e8s la violation de son espace a\u00e9rien par un avion fran\u00e7ais<\/a> (Maghreb \u00e9mergent)<\/p>\n\n\n\n<p><a href=\"https:\/\/www.seneplus.com\/economie\/le-mali-et-le-senegal-tous-perdants\">Mali et S\u00e9n\u00e9gal&nbsp;: Tous perdants<\/a><strong> <\/strong>(Seneplus)<strong> <\/strong><\/p>\n\n\n\n<figure class=\"wp-block-image is-resized\"><img data-recalc-dims=\"1\" loading=\"lazy\" decoding=\"async\" src=\"https:\/\/i0.wp.com\/www.seneplus.com\/sites\/default\/files\/styles\/section_hero\/public\/raw_photos\/entrepots-maliens-au-senegalcps-13-820x394.jpeg?resize=354%2C170&#038;ssl=1\" alt=\"\" width=\"354\" height=\"170\"\/><\/figure>\n\n\n\n<p><a href=\"https:\/\/www.tsa-algerie.com\/mali-lalgerie-juge-raisonnable-une-transition-de-12-a-16-mois\/\">Mali : l\u2019Alg\u00e9rie juge raisonnable une \u00ab transition de 12 \u00e0 16 mois \u00bb<\/a> (TSA)<\/p>\n\n\n\n<p><a href=\"https:\/\/common.indigo-net.com\/lib\/cookie_log\/redirector.asp?mail=n.chevillard@noos.fr&amp;ID=450920&amp;DOCIID=109703480&amp;ENAIID=705896&amp;RETOUR=SIMPLE&amp;link=https:\/\/www.africaintelligence.fr\/afrique-ouest-et-centrale_diplomatie\/2022\/01\/12\/mis-au-ban-de-la-cedeao-le-mali-bientot-ecarte-du-g5-sahel,109715846-art?cxt=PUB&amp;utm_source=AIF&amp;utm_medium=email&amp;utm_campaign=AUTO_EDIT_SOM\" target=\"_blank\" rel=\"noreferrer noopener\">Mali&nbsp;: mis au ban de la Cedeao, et bient\u00f4t \u00e9cart\u00e9 du G5 Sahel ?<\/a> (Africa Intelligence)<\/p>\n\n\n\n<p><a href=\"https:\/\/www.togoactualite.com\/le-mali-menace-dabandonner-le-franc-cfa-et-nationaliser-les-multinationales-francaises\/\"><strong>Mali&nbsp;: Menace d\u2019abandon du franc CFA et de nationalisations<\/strong><\/a> (Togo Actualit\u00e9s)<\/p>\n\n\n\n<p><a href=\"https:\/\/bamada.net\/mali-qui-soutient-la-junte\">Mali : qui soutient la junte ?<\/a> (Bamada)<\/p>\n\n\n\n<p><a href=\"https:\/\/bamada.net\/la-cedeao-agit-le-mali-reagit\">Mali&nbsp;: &nbsp;La CEDEAO agit, le Mali r\u00e9agit !<\/a> (Bamada)<\/p>\n\n\n\n<p><a href=\"https:\/\/maliactu.net\/mali-au-moins-31-terroristes-tues-en-trois-jours-lors-des-operations-dans-le-centre-et-le-sud\/\">Mali : Au moins 31 terroristes tu\u00e9s en trois jours<\/a> (Maliactu) <\/p>\n\n\n\n<figure class=\"wp-block-image is-resized\"><img data-recalc-dims=\"1\" loading=\"lazy\" decoding=\"async\" src=\"https:\/\/i0.wp.com\/maliactu.net\/wp-content\/uploads\/2019\/03\/mali-le-debat-unites-speciales-antiterroristes-est-relance-attaque-dioura-azawad.jpg?resize=439%2C247&#038;ssl=1\" alt=\"Soldat touareg de l'arm\u00e9e malienne, le 9 f\u00e9vrier 2013 (image d'illustration). \u00a9 REUTERS\/Francois Rihouay\" class=\"wp-image-422620\" width=\"439\" height=\"247\"\/><\/figure>\n\n\n\n<p><strong>Autres pays<\/strong><\/p>\n\n\n\n<p><a href=\"https:\/\/www.voaafrique.com\/a\/afrique-du-sud-un-roi-autochtone-arr%c3%aat%c3%a9-pour-avoir-cultiv%c3%a9-du-cannabis-devant-la-pr%c3%a9sidence\/6393844.html\"><strong>Afrique du Sud <\/strong>: un roi autochtone arr\u00eat\u00e9 pour culture de cannabis<\/a> (Voaafrique) <\/p>\n\n\n\n<p><a href=\"https:\/\/www.dw.com\/fr\/le-burkina-faso-serait-il-%C3%A0-son-tour-menac%C3%A9-par-un-coup-detat\/a-60403683?maca=fra-rss-fre-all-1482-rdf\"><strong>Burkina Faso<\/strong>&nbsp;: Serait-il menac\u00e9 \u00e0 son tour par un coup d\u2032Etat ?<\/a> (DW)<\/p>\n\n\n\n<p><a href=\"https:\/\/www.cameroononline.org\/cameroon-senator-killed-in-restive-anglophone-region\/\"><strong>Cameroun<\/strong>&nbsp;: S\u00e9nateur tu\u00e9 dans la r\u00e9gion anglophone<\/a> (anglais, Cameroononline)<\/p>\n\n\n\n<p><a href=\"https:\/\/www.journaldebrazza.com\/congo-inondations-8919-menages-sinistres-dans-le-departement-de-la-cuvette\/\"><strong>Congo&nbsp;:<\/strong> Inondations : 8919 m\u00e9nages sinistr\u00e9s<\/a> (Journal de Brazza)<\/p>\n\n\n\n<p><a href=\"https:\/\/www.senenews.com\/actualites\/alaune\/laurent-gbagbo-la-seule-chose-bonne-de-la-creation-de-la-cedeao-cest-sa-creation_382521.html\"><strong>C\u00f4te d\u2019Ivoire<\/strong>&nbsp;: Laurent Gbagbo sur la CEDEAO<\/a> (Senenews)<\/p>\n\n\n\n<p><a href=\"https:\/\/common.indigo-net.com\/lib\/cookie_log\/redirector.asp?mail=n.chevillard@noos.fr&amp;ID=450920&amp;DOCIID=109703480&amp;ENAIID=705896&amp;RETOUR=SIMPLE&amp;link=https:\/\/www.africaintelligence.fr\/afrique-ouest-et-centrale_business\/2022\/01\/12\/sanctionne-a-madagascar-colas-revoit-sa-copie-au-gabon,109715719-art?cxt=PUB&amp;utm_source=AIF&amp;utm_medium=email&amp;utm_campaign=AUTO_EDIT_SOM\" target=\"_blank\" rel=\"noreferrer noopener\"><strong>Gabon<\/strong>&nbsp;: sanctionn\u00e9 \u00e0 Madagascar, Colas revoit sa copie au Gabon<\/a> (Africa Intelligence)<\/p>\n\n\n\n<p><a href=\"https:\/\/www.connaissancedesenergies.org\/afp\/le-kenya-fait-face-un-deuxieme-jour-dimportantes-coupures-delectricite-220112\"><strong>Kenya<\/strong>&nbsp;: face \u00e0 d&rsquo;importantes coupures d&rsquo;\u00e9lectricit\u00e9<\/a> (AFP)<\/p>\n\n\n\n<p><a href=\"https:\/\/afrique55.com\/rdc-lun-des-fondateurs-du-groupe-rebelle-adf-arrete-dans-le-sud-kivu\/\"><strong>RDC<\/strong> : Un fondateur du groupe rebelle ADF arr\u00eat\u00e9<\/a> (Afrique55)<\/p>\n\n\n\n<p><a href=\"https:\/\/www.voaafrique.com\/a\/goma-fait-face-%c3%a0-une-carence-accrue-de-l-eau-potable\/6393606.html\"><strong>RDC<\/strong>&nbsp;: Goma face \u00e0 une carence d&rsquo;eau potable<\/a> (Voaafrique)<\/p>\n\n\n\n<p><a href=\"https:\/\/lequotidien.sn\/mbour-problemes-de-la-peche-artisanale-une-journee-peche-morte-prevue-en-mi-fevrier\/\"><strong>S\u00e9n\u00e9gal<\/strong>&nbsp;: La p\u00eache artisanale dans la tourmente<\/a> (Le Quotidien)<\/p>\n\n\n\n<p><a href=\"https:\/\/www.xalimasn.com\/ousmane-sonko-a-pakao-si-les-candidats-de-macky-sall-gagnent-il-sera-candidat-en-2024\/\">S\u00e9n\u00e9gal&nbsp;: Sonko : \u00ab si ses candidats gagnent, Macky Sall sera candidat en 2024\u00bb<\/a> (Xalima)<\/p>\n\n\n\n<p><a href=\"https:\/\/laviesenegalaise.com\/la-violence-gagne-du-terrain-dans-la-campagne-electorale\/\">S\u00e9n\u00e9gal&nbsp;: La violence gagne du terrain dans la campagne \u00e9lectorale<\/a> (La vie s\u00e9n\u00e9galaise) <\/p>\n\n\n\n<figure class=\"wp-block-image is-resized\"><img data-recalc-dims=\"1\" loading=\"lazy\" decoding=\"async\" src=\"https:\/\/i0.wp.com\/laviesenegalaise.com\/wp-content\/uploads\/2022\/01\/violence-campagne-electorale-Senegal.jpg?resize=434%2C234&#038;ssl=1\" alt=\"\" width=\"434\" height=\"234\"\/><\/figure>\n\n\n\n<p><a href=\"https:\/\/common.indigo-net.com\/lib\/cookie_log\/redirector.asp?mail=n.chevillard@noos.fr&amp;ID=451091&amp;DOCIID=109703480&amp;ENAIID=706066&amp;RETOUR=SIMPLE&amp;link=https:\/\/www.africaintelligence.fr\/afrique-ouest-et-centrale_business\/2022\/01\/13\/tresorier-de-l-armee-gaby-peretz-met-300-millions-d-euros-sur-la-table,109715958-eve?cxt=PUB&amp;utm_source=AIF&amp;utm_medium=email&amp;utm_campaign=AUTO_EDIT_SOM\" target=\"_blank\" rel=\"noreferrer noopener\">S\u00e9n\u00e9gal<strong>&nbsp;: <\/strong>tr\u00e9sorier de l&rsquo;arm\u00e9e, l\u2019isra\u00eblien Gaby Peretz met 300 millions \u20ac sur la table<\/a> (Africa Intelligence)<\/p>\n\n\n\n<p><a href=\"https:\/\/www.boursorama.com\/actualite-economique\/actualites\/somalie-plusieurs-morts-dans-un-attentat-suicide-a-mogadiscio-f4d0a0b92d16250a2f673a01a3da2b67\"><strong>Somalie<\/strong> : plusieurs morts dans un attentat-suicide \u00e0 Mogadiscio<\/a> &nbsp;(AFP)<\/p>\n\n\n\n<p><a href=\"https:\/\/common.indigo-net.com\/lib\/cookie_log\/redirector.asp?mail=n.chevillard@noos.fr&amp;ID=451091&amp;DOCIID=109703480&amp;ENAIID=706066&amp;RETOUR=SIMPLE&amp;link=https:\/\/www.africaintelligence.fr\/afrique-est-et-australe_politique\/2022\/01\/13\/le-casse-tete-d-al-burhan-pour-regler-la-succession-de-hamdok,109716112-art?cxt=PUB&amp;utm_source=AIF&amp;utm_medium=email&amp;utm_campaign=AUTO_EDIT_SOM\" target=\"_blank\" rel=\"noreferrer noopener\"><strong>Soudan&nbsp;: <\/strong>Le casse-t\u00eate d&rsquo;al-Burhan pour r\u00e9gler la succession de Hamdok<\/a> (Africa Intelligence)<\/p>\n\n\n\n<p><a href=\"https:\/\/lanticapitaliste.org\/actualite\/international\/au-soudan-la-rue-defie-la-junte\">Au Soudan, la rue d\u00e9fie la junte<\/a> -Paul Martial<\/p>\n\n\n\n<p><a href=\"https:\/\/www.alwihdainfo.com\/Tchad-ceux-qui-revendiquent-le-federalisme-ont-raison-parce-qu-ils-sont-en-colere_a110427.html\"><strong>Tchad <\/strong>: Ceux qui revendiquent le f\u00e9d\u00e9ralisme ont raison<\/a> (Alwihdainfo)<\/p>\n\n\n\n<p><strong><span style=\"color:#f00e19\" class=\"has-inline-color\">12 janvier en continu<\/span><\/strong> <\/p>\n\n\n\n<p><a href=\"https:\/\/www.iveris.eu\/list\/notes\/540-lotan_deroule_son_agenda_dans_le_sahel\">L&rsquo;Otan d\u00e9roule son agenda au Sahel<\/a> (IVERIS)<\/p>\n\n\n\n<p><a href=\"https:\/\/www.ivoireco.com\/afrique-de-louest-linsecurite-cree-une-crise-multiforme-onu\/\">Afrique de l&rsquo;ouest : l&rsquo;ins\u00e9curit\u00e9 cr\u00e9e une crise multiforme (Onu)<\/a> (Ivoireco)<\/p>\n\n\n\n<p><strong>Pays&nbsp;<\/strong><\/p>\n\n\n\n<p><a href=\"https:\/\/www.voaafrique.com\/a\/angola-des-locaux-du-parti-au-pouvoir-incendi%C3%A9s-lors-d-une-gr%C3%A8ve\/6391977.html\"><strong>Angola <\/strong>: Locaux du parti au pouvoir incendi\u00e9s lors d&rsquo;une gr\u00e8ve<\/a> (Voa afrique)<\/p>\n\n\n\n<figure class=\"wp-block-image size-full is-resized\"><img data-recalc-dims=\"1\" loading=\"lazy\" decoding=\"async\" src=\"https:\/\/i0.wp.com\/www.rdpemancipation.org\/wp-content\/uploads\/2022\/01\/image-68.png?resize=416%2C254&#038;ssl=1\" alt=\"\" class=\"wp-image-66005\" width=\"416\" height=\"254\" srcset=\"https:\/\/i0.wp.com\/www.rdpemancipation.org\/wp-content\/uploads\/2022\/01\/image-68.png?w=470&amp;ssl=1 470w, https:\/\/i0.wp.com\/www.rdpemancipation.org\/wp-content\/uploads\/2022\/01\/image-68.png?resize=300%2C184&amp;ssl=1 300w\" sizes=\"auto, (max-width: 416px) 100vw, 416px\" \/><\/figure>\n\n\n\n<p><a href=\"https:\/\/lanouvelletribune.info\/2022\/01\/benin-nigeria-agbenonci-annonce-la-mise-en-place-dune-zone-de-libre-echange\/\"><strong>B\u00e9nin \u2013 Nigeria<\/strong> : Mise en place d\u2019une zone de libre-\u00e9change<\/a> (La Nouvelle Tribune)<\/p>\n\n\n\n<p><a href=\"http:\/\/lefaso.net\/spip.php?article110399\"><strong>Burkina Faso<\/strong> : Un lieutenant-colonel arr\u00eat\u00e9 pour tentative de coup d&rsquo;Etat<\/a> (Le Faso)<\/p>\n\n\n\n<p><a href=\"http:\/\/lefaso.net\/spip.php?article110409\"><strong>Burkina Faso<\/strong>&nbsp;: Proc\u00e8s Sankara : Premi\u00e8re pi\u00e8ce \u00e0 conviction pr\u00e9sent\u00e9e<\/a> (Le Faso)<\/p>\n\n\n\n<p><a href=\"https:\/\/www.journaldugabon.com\/bujumbura-veut-normaliser-ses-relations-avec-kigali\/\"><strong>Burundi<\/strong>&nbsp;: Bujumbura veut normaliser ses relations avec Kigali<\/a> (Journal du Gabon)<\/p>\n\n\n\n<p><a href=\"https:\/\/www.journaldebangui.com\/rca-396-incidents-affectant-les-humanitaires-en-2021\/\"><strong>Centrafrique<\/strong> : 396 incidents contre les humanitaires en 2021<\/a> (Journal de Bangui)<\/p>\n\n\n\n<p><a href=\"https:\/\/www.journaldebrazza.com\/congo-la-veuve-de-kolelas-demande-linhumation-de-son-epoux\/\"><strong>Congo<\/strong> : la veuve de Kolelas demande l\u2019inhumation de son \u00e9poux<\/a> (Journal de Brazza)<\/p>\n\n\n\n<p><a href=\"https:\/\/www.ivoireco.com\/trafic-de-bois-700-madriers-saisis-sur-la-lagune-a-abidjan\/\"><strong>C\u00f4te d\u2019Ivoire<\/strong>&nbsp;: Trafic de bois: 700 madriers saisis sur la lagune \u00e0 Abidjan<\/a> (Ivoireco) <\/p>\n\n\n\n<figure class=\"wp-block-image size-full is-resized\"><img data-recalc-dims=\"1\" loading=\"lazy\" decoding=\"async\" src=\"https:\/\/i0.wp.com\/www.rdpemancipation.org\/wp-content\/uploads\/2022\/01\/image-69.png?resize=456%2C257&#038;ssl=1\" alt=\"\" class=\"wp-image-66007\" width=\"456\" height=\"257\" srcset=\"https:\/\/i0.wp.com\/www.rdpemancipation.org\/wp-content\/uploads\/2022\/01\/image-69.png?w=691&amp;ssl=1 691w, https:\/\/i0.wp.com\/www.rdpemancipation.org\/wp-content\/uploads\/2022\/01\/image-69.png?resize=300%2C169&amp;ssl=1 300w\" sizes=\"auto, (max-width: 456px) 100vw, 456px\" \/><\/figure>\n\n\n\n<p><a href=\"https:\/\/www.connectionivoirienne.net\/2022\/01\/11\/ethiopie-des-agences-suspendent-laide-au-tigre-apres-des-frappes-aeriennes-meurtrieres\/\"><strong>\u00c9thiopie<\/strong> : suspension de l\u2019aide au Tigr\u00e9 apr\u00e8s des frappes a\u00e9riennes<\/a> (Connection Ivoirienne)<\/p>\n\n\n\n<p><a href=\"https:\/\/www.gabonmediatime.com\/gabon-le-haro-de-la-fecorefi-sur-le-discours-autosatisfaisant-dali-bongo\/\"><strong>Gabon<\/strong>: Haro sur le discours autosatisfaisant d\u2019Ali Bongo<\/a> (Gabon Media Time)<\/p>\n\n\n\n<p><a href=\"https:\/\/www.seneweb.com\/news\/International\/onu-un-texte-de-la-france-pour-appuyer-l_n_368750.html\"><strong>Mali<\/strong>&nbsp;: Embargo : Texte fran\u00e7ais bloqu\u00e9 par la Russie et la Chine \u00e0 l\u2019ONU<\/a> (Seneweb)<\/p>\n\n\n\n<p><a href=\"http:\/\/www.walf-groupe.com\/sanctions-contre-mali-on-va-aboutir-a-flambee-prix-de-viande-selon-ifra-djiba-aly-sow\/\"><strong>Mali<\/strong>&nbsp;: Les sanctions vont aboutir \u00e0 une flamb\u00e9e du prix de la viande<\/a> (WalfNet) <\/p>\n\n\n\n<figure class=\"wp-block-image size-full is-resized\"><img data-recalc-dims=\"1\" loading=\"lazy\" decoding=\"async\" src=\"https:\/\/i0.wp.com\/www.rdpemancipation.org\/wp-content\/uploads\/2022\/01\/image-70.png?resize=500%2C280&#038;ssl=1\" alt=\"\" class=\"wp-image-66008\" width=\"500\" height=\"280\" srcset=\"https:\/\/i0.wp.com\/www.rdpemancipation.org\/wp-content\/uploads\/2022\/01\/image-70.png?w=708&amp;ssl=1 708w, https:\/\/i0.wp.com\/www.rdpemancipation.org\/wp-content\/uploads\/2022\/01\/image-70.png?resize=300%2C168&amp;ssl=1 300w\" sizes=\"auto, (max-width: 500px) 100vw, 500px\" \/><\/figure>\n\n\n\n<p><a href=\"https:\/\/bamada.net\/adresse-a-la-nation-la-sortie-responsable-du-colonel-assimi-goita\"><strong>Mali<\/strong>&nbsp;: Adresse \u00e0 la nation : La sortie responsable du colonel Go\u00efta<\/a> (Bamada)<\/p>\n\n\n\n<p><a href=\"https:\/\/afrikipresse.fr\/editorial-mali-et-guinee-dommage-que-des-putschistes-deviennent-des-heros-liberateurs-pour-des-africains\/\"><strong>Mali et Guin\u00e9e<\/strong> : Quand des putschistes deviennent des h\u00e9ros lib\u00e9rateurs<\/a> (Afrikipresse)<\/p>\n\n\n\n<p><a href=\"https:\/\/lequotidien.sn\/4eme-revue-de-licpe-le-fmi-debloque-117-milliards-pour-le-senegal\/\"><strong>S\u00e9n\u00e9gal<\/strong>&nbsp;: Le Fmi d\u00e9bloque 117 milliards pour le S\u00e9n\u00e9gal<\/a> (Le Quotidien)<\/p>\n\n\n\n<p><a href=\"https:\/\/www.alwihdainfo.com\/Tchad-les-victimes-du-regime-Habre-plaident-aupres-du-CMT-pour-l-indemnisation_a110388.html\"><strong>Tchad<\/strong> : les victimes du r\u00e9gime Habr\u00e9 r\u00e9clament l&rsquo;indemnisation<\/a> (Alwihdainfo)<\/p>\n\n\n\n<p><strong><span style=\"color:#f00e19\" class=\"has-inline-color\">11 janvier en continu<\/span><\/strong> <\/p>\n\n\n\n<p><strong>A la Une<\/strong><\/p>\n\n\n\n<p><strong><a href=\"https:\/\/survie.org\/themes\/G\u00e9nocide%20des%20Tutsi%20au%20Rwanda&nbsp;:%20Paul%20Barril%20transite%20par%20Istres,%20base%20militaire%20fran\u00e7aise%20pour%20aller%20aider%20les%20g\u00e9nocidaires\">G\u00e9nocide des Tutsis au Rwanda&nbsp;: Paul Barril transite par Istres, base militaire fran\u00e7aise pour aller aider les g\u00e9nocidaires<\/a><\/strong> (Survie)<\/p>\n\n\n\n<p><strong>Pays<\/strong><\/p>\n\n\n\n<p><a href=\"https:\/\/lepays.bf\/retour-de-lopposition-au-dialogue-politique\/\"><strong>Burkina Faso<\/strong>&nbsp;: Retour de l\u2019opposition au dialogue politique<\/a> (Le Pays)<\/p>\n\n\n\n<p><a href=\"https:\/\/www.journaldebangui.com\/rca-les-mercenaires-russes-a-nouveau-accuses-de-crimes-contre-des-civils\/\"><strong>Centrafrique<\/strong> : les mercenaires russes \u00e0 nouveau accus\u00e9s de crimes<\/a> (Journal de Bangui) <\/p>\n\n\n\n<figure class=\"wp-block-image is-resized\"><img data-recalc-dims=\"1\" loading=\"lazy\" decoding=\"async\" src=\"https:\/\/i0.wp.com\/www.journaldebangui.com\/wp-content\/uploads\/2022\/01\/Mercenaires-russe-Wegner-780x440.jpg?resize=439%2C248&#038;ssl=1\" alt=\"Mercenaires russe Wegner. journaldebangui.com\" width=\"439\" height=\"248\"\/><\/figure>\n\n\n\n<p><a href=\"https:\/\/www.journaldugabon.com\/ble-goude-estime-que-sa-chaise-est-vide-au-dialogue-politique-ivoirien\/\"><strong>C\u00f4te d\u2019Ivoire<\/strong>&nbsp;: Bl\u00e9 Goud\u00e9 estime sa chaise vide au dialogue politique<\/a> (Journal du Gabon)<\/p>\n\n\n\n<p><a href=\"https:\/\/www.journaldebrazza.com\/lethiopie-exige-le-retrait-des-forces-damhara-de-wolkait\/\"><strong>\u00c9thiopie<\/strong>&nbsp;: La pays exige le retrait des forces d&rsquo;Amhara de Wolkait<\/a> (Journal de Brazza)<\/p>\n\n\n\n<p><a href=\"https:\/\/www.journaldebrazza.com\/malawi-traque-des-biens-mal-acquis\/\"><strong>Malawi<\/strong> : traque des biens mal acquis<\/a> (Journal de Brazza)<\/p>\n\n\n\n<p><a href=\"http:\/\/www.walf-groupe.com\/air-senegal-suspend-vols-vers-bamako\/\"><strong>Mali<\/strong>&nbsp;: Air S\u00e9n\u00e9gal suspend ses vols vers Bamako<\/a> (WalfNet) <\/p>\n\n\n\n<figure class=\"wp-block-image size-full is-resized\"><img data-recalc-dims=\"1\" loading=\"lazy\" decoding=\"async\" src=\"https:\/\/i0.wp.com\/www.rdpemancipation.org\/wp-content\/uploads\/2022\/01\/image-59.png?resize=392%2C220&#038;ssl=1\" alt=\"\" class=\"wp-image-65841\" width=\"392\" height=\"220\" srcset=\"https:\/\/i0.wp.com\/www.rdpemancipation.org\/wp-content\/uploads\/2022\/01\/image-59.png?w=634&amp;ssl=1 634w, https:\/\/i0.wp.com\/www.rdpemancipation.org\/wp-content\/uploads\/2022\/01\/image-59.png?resize=300%2C168&amp;ssl=1 300w\" sizes=\"auto, (max-width: 392px) 100vw, 392px\" \/><\/figure>\n\n\n\n<p><a href=\"https:\/\/www.seneplus.com\/opinions\/le-coup-daccra\"><strong>Mali&nbsp;: Le coup d\u2019Accra<\/strong><\/a> (Seneplus)<\/p>\n\n\n\n<p><a href=\"https:\/\/www.senenews.com\/actualites\/afrique\/mamady-doumbouya-apporte-son-soutien-a-assimi-goita-et-defie-la-cedeao-la-guinee-ouvre-ses-frontieres-au-mali_382256.html\"><strong>Mali<\/strong>&nbsp;: La Guin\u00e9e soutient Assimi Go\u00efta et d\u00e9fie la CEDEAO<\/a> (Senenews)<\/p>\n\n\n\n<p><a href=\"https:\/\/matinlibre.com\/2022\/01\/11\/sanctions-de-la-cedeao-une-situation-intenable-pour-leconomie-malienne\/?utm_source=rss&amp;utm_medium=rss&amp;utm_campaign=sanctions-de-la-cedeao-une-situation-intenable-pour-leconomie-malienne\"><strong>Mali<\/strong>&nbsp;: Sanctions de la C\u00e9d\u00e9ao : Situation intenable pour l\u2019\u00e9conomie malienne<\/a> (Matin Libre)<\/p>\n\n\n\n<p><a href=\"https:\/\/www.27avril.com\/blog\/opinion\/putschistes-maliens-et-cedeao-la-parfaite-arnaque-politique\"><strong>Mali<\/strong>&nbsp;: Putschistes Maliens et CEDEAO : La Parfaite Arnaque Politique !<\/a> (27avril)<\/p>\n\n\n\n<p><a href=\"http:\/\/www.walf-groupe.com\/ousmane-sonko-cette-cedeao-faudra-tot-tard-remettre-a-plat-dissoudre-simplement\/\"><strong>Mali&nbsp;<\/strong>: Au S\u00e9n\u00e9gal, SONKO veut remettre \u00e0 plat ou dissoudre la CDEAO<\/a> (WalfNet)<\/p>\n\n\n\n<p><a href=\"https:\/\/congoactu.net\/probable-report-des-elections-fayulu-active-larticle-64-de-la-constitution\"><strong>RDC<\/strong>&nbsp;: Probable report des \u00e9lections : Fayulu active l&rsquo;article 64 de la Constitution<\/a> (Congo Actu)<\/p>\n\n\n\n<p><a href=\"http:\/\/www.rnanews.com\/paul-barril-agent-trouble-au-rwanda\/\"><strong>Rwanda<\/strong>&nbsp;: Paul Barril, \u00ab agent trouble \u00bb au Rwanda en 1994<\/a> (RNA News)<\/p>\n\n\n\n<figure class=\"wp-block-image size-full is-resized\"><img data-recalc-dims=\"1\" loading=\"lazy\" decoding=\"async\" src=\"https:\/\/i0.wp.com\/www.rdpemancipation.org\/wp-content\/uploads\/2022\/01\/image-60.png?resize=382%2C283&#038;ssl=1\" alt=\"\" class=\"wp-image-65842\" width=\"382\" height=\"283\" srcset=\"https:\/\/i0.wp.com\/www.rdpemancipation.org\/wp-content\/uploads\/2022\/01\/image-60.png?w=589&amp;ssl=1 589w, https:\/\/i0.wp.com\/www.rdpemancipation.org\/wp-content\/uploads\/2022\/01\/image-60.png?resize=300%2C223&amp;ssl=1 300w\" sizes=\"auto, (max-width: 382px) 100vw, 382px\" \/><\/figure>\n\n\n\n<p><a href=\"https:\/\/www.voaafrique.com\/a\/tchad-guerre-contre-les-vendeurs-des-m%C3%A9dicaments-dans-la-rue\/6390568.html\"><strong>Tchad<\/strong> : guerre contre les vendeurs des m\u00e9dicaments dans la rue<\/a> (Voaafrique)<\/p>\n\n\n\n<p><strong><span style=\"color:#f00e19\" class=\"has-inline-color\">10 janvier en continu<\/span><\/strong>  <\/p>\n\n\n\n<p><a href=\"https:\/\/afriquexxi.info\/article4907.html\" target=\"_blank\" rel=\"noreferrer noopener\">Aux origines coloniales de l\u2019op\u00e9ration Barkhane<\/a>&nbsp; (Afrique XXI)<\/p>\n\n\n\n<p><a href=\"https:\/\/afriquexxi.info\/article4906.html\" target=\"_blank\" rel=\"noreferrer noopener\">Dans l&rsquo;arm\u00e9e fran\u00e7aise, un imaginaire colonial omnipr\u00e9sent<\/a>&nbsp; (Afrique XXI)<\/p>\n\n\n\n<p><a href=\"https:\/\/www.les-crises.fr\/l-exploitation-de-l-afrique-continue-d-alimenter-le-capitalisme-mondialise\/\">L\u2019exploitation de l\u2019Afrique continue d\u2019alimenter le capitalisme mondialis\u00e9<\/a>&nbsp; (jacobin)<\/p>\n\n\n\n<p><a href=\"https:\/\/rwandaises.com\/2022\/01\/franc-cfa-la-monnaie-de-la-discorde\/\">Franc CFA, la monnaie de la discorde<\/a> (Rwandaises)<\/p>\n\n\n\n<p><strong>Pays<\/strong><\/p>\n\n\n\n<p><a href=\"http:\/\/www.24haubenin.info\/?Une-mini-raffinerie-pour-produire-du-petrole-au-Benin\"><strong>B\u00e9nin<\/strong>&nbsp;: Une mini-raffinerie pour produire du p\u00e9trole<\/a> (24 Heures au B\u00e9nin) <\/p>\n\n\n\n<p><a href=\"http:\/\/lefaso.net\/spip.php?article110366\"><strong>Burkina Faso<\/strong> : Terrorisme&nbsp;: Un d\u00e9put\u00e9 veut n\u00e9gocier avec les radicalis\u00e9s<\/a> (Le Faso)<\/p>\n\n\n\n<p><a href=\"https:\/\/www.humanite.fr\/monde\/burkina-faso\/burkina-faso-les-lecons-des-enfants-de-sankara-733314#xtor=RSS-1\" target=\"_blank\" rel=\"noreferrer noopener\">Burkina Faso. Les le\u00e7ons des enfants de Sankara<\/a>&nbsp; (L\u2019Humanit\u00e9)<\/p>\n\n\n\n<p><a href=\"https:\/\/www.mediapart.fr\/journal\/international\/090122\/l-aide-au-burundi-ou-le-jeu-trouble-de-paris-dans-la-region-des-grands-lacs\" target=\"_blank\" rel=\"noreferrer noopener\"><strong>Burundi<\/strong>&nbsp;: le jeu trouble de Paris dans la r\u00e9gion des Grands Lacs<\/a>&nbsp; (M\u00e9diapart)<\/p>\n\n\n\n<p><a href=\"https:\/\/www.equaltimes.org\/Relocaliser-la-valeur-ajoutee-en-Afrique\"><strong>Cote d\u2019Ivoire<\/strong>&nbsp;:&nbsp;<\/a><a href=\"https:\/\/www.equaltimes.org\/Relocaliser-la-valeur-ajoutee-en-Afrique\">Relocaliser la valeur ajout\u00e9e&nbsp;: l\u2019exemple de la noix de&nbsp;<\/a><a href=\"https:\/\/www.equaltimes.org\/Relocaliser-la-valeur-ajoutee-en-Afrique\">cajou <\/a>&nbsp;(equal times)<\/p>\n\n\n\n<p><a href=\"https:\/\/www.connectionivoirienne.net\/2022\/01\/09\/crise-a-luniversite-alassane-ouattara\/\">C\u00f4te d\u2019Ivoire&nbsp;: Crise \u00e0 l\u2019Universit\u00e9 Alassane Ouattara de Bouak\u00e9<\/a> (Connection Ivoirienne)<\/p>\n\n\n\n<p><a href=\"https:\/\/www.connectionivoirienne.net\/2022\/01\/09\/gouvernement-20-ans-tiken-jah-denonce-les-peines-de-prison-politiques-de-20-ans-contre-les-opposants-en-cote-divoire\/\">C\u00f4te d\u2019Ivoire&nbsp;: Tiken Jah d\u00e9nonce les peines de prison \u00ab&nbsp;politiques&nbsp;\u00bb<\/a> (Connection Ivoirienne) <\/p>\n\n\n\n<figure class=\"wp-block-image is-resized\"><img data-recalc-dims=\"1\" loading=\"lazy\" decoding=\"async\" src=\"https:\/\/i0.wp.com\/www.connectionivoirienne.net\/wp-content\/uploads\/2022\/01\/FIpbIPjX0AYvUQw-668x334.jpg?resize=429%2C216&#038;ssl=1\" alt=\"\" width=\"429\" height=\"216\"\/><\/figure>\n\n\n\n<p><a href=\"https:\/\/www.africaguinee.com\/articles\/2022\/01\/09\/doumbouya-dans-le-viseur-de-la-cedeao-une-mission-attendue-conakry\"><strong>Guin\u00e9e<\/strong>&nbsp;: Doumbouya dans le viseur de la Cedeao, attendue \u00e0 Conakry<\/a> (Africa Guinee)<\/p>\n\n\n\n<p><a href=\"https:\/\/www.africaguinee.com\/articles\/2022\/01\/09\/scission-de-la-classe-politique-guineenne-du-pain-beni-pour-le-cnrd\">Guin\u00e9e&nbsp;: Scission de la classe politique, du \u00ab\u00a0pain b\u00e9ni\u00a0\u00bb pour le CNRD ?<\/a> (Africa Guinee)<\/p>\n\n\n\n<p><a href=\"https:\/\/www.boursorama.com\/actualite-economique\/actualites\/le-mali-rappelle-ses-ambassadeurs-en-afrique-de-l-ouest-apres-une-serie-de-sanctions-960f29959772bb105f2af1af9718f1e8\"><strong>Mali<\/strong>&nbsp;: rappel des ambassadeurs en Afrique de l&rsquo;Ouest <\/a>(AFP)<\/p>\n\n\n\n<p><a href=\"https:\/\/www.boursorama.com\/actualite-economique\/actualites\/mali-air-france-annonce-la-suspension-de-ses-vols-vers-bamako-ce04e1c2798c42650f5003779108ead9\">Mali : Air France annonce la suspension de ses vols vers Bamako<\/a> (Reuters)<\/p>\n\n\n\n<p><a href=\"https:\/\/beninwebtv.com\/2022\/01\/les-autorites-maliennes-interdisent-aux-avions-de-la-minusma-de-survoler-la-base-de-tombouctou\/\">Mali&nbsp;: Les autorit\u00e9s maliennes interdisent aux avions de la Minusma de survoler la base de Tombouctou<\/a>&nbsp; (B\u00e9nin WTV)<\/p>\n\n\n\n<p><a href=\"https:\/\/bamada.net\/apres-les-sanctions-le-mali-menace-de-quitter-la-cedeao\">Mali&nbsp;: Apres les sanctions : le Mali menace de quitter la CEDEAO<\/a> (Bamada)<\/p>\n\n\n\n<p><a href=\"http:\/\/www.walf-groupe.com\/fermeture-frontieres-gel-avoirs-pays-cedeao-place-mali-embargo\/\">Mali&nbsp;: La CEDEAO place le Mali sous embargo<\/a> (WalfNet)<\/p>\n\n\n\n<p><a href=\"https:\/\/nigerinter.com\/2022\/01\/10\/lutte-contre-linsecurite-au-niger-une-union-sacree-simpose\/\"><strong>Niger<\/strong>&nbsp;: Lutte contre l\u2019ins\u00e9curit\u00e9 : Une union sacr\u00e9e s\u2019impose !<\/a> (Nigerinter)<\/p>\n\n\n\n<figure class=\"wp-block-image size-full is-resized\"><img data-recalc-dims=\"1\" loading=\"lazy\" decoding=\"async\" src=\"https:\/\/i0.wp.com\/www.rdpemancipation.org\/wp-content\/uploads\/2022\/01\/image-57.png?resize=458%2C276&#038;ssl=1\" alt=\"\" class=\"wp-image-65678\" width=\"458\" height=\"276\" srcset=\"https:\/\/i0.wp.com\/www.rdpemancipation.org\/wp-content\/uploads\/2022\/01\/image-57.png?w=586&amp;ssl=1 586w, https:\/\/i0.wp.com\/www.rdpemancipation.org\/wp-content\/uploads\/2022\/01\/image-57.png?resize=300%2C180&amp;ssl=1 300w\" sizes=\"auto, (max-width: 458px) 100vw, 458px\" \/><\/figure>\n\n\n\n<p><a href=\"https:\/\/www.nyota.net\/persistance-de-corruption-de-misere-couloir-m-katumbi\/\"><strong>RDC<\/strong>&nbsp;: Persistance de la corruption, de la mis\u00e8re\u2026 Couloir pour M. Katumbi<\/a> (Nyota)<\/p>\n\n\n\n<p><a href=\"https:\/\/www.radiookapi.net\/2022\/01\/09\/actualite\/societe\/medias-apres-4-jours-de-disparition-le-journaliste-muhindo-samuel\">RDC<strong>&nbsp;<\/strong>: Le journaliste Muhindo Samuel retrouv\u00e9 dans un \u00e9tat critique<\/a> (Radio Okapi)<\/p>\n\n\n\n<p><a href=\"https:\/\/www.seneplus.com\/opinions\/ainsi-ne-parla-pas-le-president\"><strong>S\u00e9n\u00e9gal<\/strong>&nbsp;: Ainsi ne parla pas le Pr\u00e9sident<\/a> (Seneplus)<\/p>\n\n\n\n<p><a href=\"https:\/\/www.seneweb.com\/news\/Politique\/monnaie-locale-sonko-reprecise-son-idee-_n_368553.html\">S\u00e9n\u00e9gal&nbsp;: Monnaie locale, Sonko repr\u00e9cise son id\u00e9e<\/a> (Seneweb)<\/p>\n\n\n\n<p><a href=\"https:\/\/www.mediapart.fr\/journal\/international\/100122\/soudan-la-guerre-du-darfour-n-est-pas-finie\" target=\"_blank\" rel=\"noreferrer noopener\"><strong>Soudan<\/strong> : la guerre du Darfour n\u2019est pas finie<\/a>&nbsp; (M\u00e9diapart)<\/p>\n\n\n\n<p><a href=\"https:\/\/www.voaafrique.com\/a\/les-jeunes-tchadiens-doutent-de-la-promesse-d-emplois-du-gouvernement\/6383571.html\"><strong>Tchad<\/strong>&nbsp;: Les jeunes doutent de la promesse d&#8217;emplois du gouvernement<\/a> (Voaafrique)<\/p>\n\n\n\n<p><a href=\"https:\/\/www.27avril.com\/blog\/culture-societe\/societe\/togo-gros-bras-ces-voyous-qui-sement-la-terreur-en-toute-tranquillite\"><strong>Togo<\/strong> : Ces Voyous qui s\u00e8ment la terreur en toute tranquillit\u00e9<\/a> (27avril) <\/p>\n\n\n\n<figure class=\"wp-block-image size-full is-resized\"><img data-recalc-dims=\"1\" loading=\"lazy\" decoding=\"async\" src=\"https:\/\/i0.wp.com\/www.rdpemancipation.org\/wp-content\/uploads\/2022\/01\/image-56.png?resize=451%2C301&#038;ssl=1\" alt=\"\" class=\"wp-image-65676\" width=\"451\" height=\"301\" srcset=\"https:\/\/i0.wp.com\/www.rdpemancipation.org\/wp-content\/uploads\/2022\/01\/image-56.png?w=589&amp;ssl=1 589w, https:\/\/i0.wp.com\/www.rdpemancipation.org\/wp-content\/uploads\/2022\/01\/image-56.png?resize=300%2C200&amp;ssl=1 300w\" sizes=\"auto, (max-width: 451px) 100vw, 451px\" \/><\/figure>\n\n\n\n<p><strong><span style=\"color:#f00e19\" class=\"has-inline-color\">8 janvier en continu<\/span><\/strong>  <\/p>\n\n\n\n<p><a href=\"https:\/\/www.bbc.com\/afrique\/region-59894053?at_medium=RSS&amp;at_campaign=KARANGA\"><strong>Afrique du Sud<\/strong>&nbsp;: <strong>Jacob Zuma : scandale, intimidation et peur (rapport Zondo)<\/strong><\/a> (BBC)<\/p>\n\n\n\n<p><a href=\"https:\/\/www.lemonde.fr\/afrique\/article\/2022\/01\/06\/en-afrique-du-sud-la-commission-d-enquete-sur-la-capture-de-l-etat-devoile-ses-premiers-resultats_6108463_3212.html\"><strong>Afrique du Sud&nbsp;: <\/strong>la commission d\u2019enqu\u00eate sur la \u00ab&nbsp;capture de l\u2019Etat&nbsp;\u00bb d\u00e9voile ses premiers r\u00e9sultats<\/a> (Le Monde)<\/p>\n\n\n\n<p><a href=\"https:\/\/lanouvelletribune.info\/2022\/01\/le-benin-a-eu-une-balance-des-paiements-excedentaire-en-2020-selon-la-bceao\/\"><strong>B\u00e9nin<\/strong>&nbsp;: Balance des paiements 2020 exc\u00e9dentaire selon la BCEAO<\/a> (La Nouvelle Tribune)<\/p>\n\n\n\n<p><a href=\"https:\/\/afrique55.com\/au-burkina-faso-plus-de-3000-ecoles-sont-fermees-en-raison-de-linsecurite\/\"><strong>Burkina Faso<\/strong>&nbsp;: plus de 3000 \u00e9coles ferm\u00e9es en raison de l\u2019ins\u00e9curit\u00e9<\/a> (Afrique55) <\/p>\n\n\n\n<figure class=\"wp-block-image is-resized\"><img data-recalc-dims=\"1\" loading=\"lazy\" decoding=\"async\" src=\"https:\/\/i0.wp.com\/afrique55.com\/wp-content\/uploads\/2022\/01\/au-burkina-faso-plus-de-3000-ecoles-sont-fermees-en-raison-de-linsecurite_61d799b1087be-800x500.jpeg?resize=396%2C248&#038;ssl=1\" alt=\"au burkina faso, plus de 3000 \u00e9coles sont ferm\u00e9es en raison de l\u2019ins\u00e9curit\u00e9 61d799b117b15.jpeg\" width=\"396\" height=\"248\"\/><\/figure>\n\n\n\n<p><a href=\"https:\/\/www.dw.com\/fr\/can-football-cameroun-securite-l-autre-enjeu\/a-60363318?maca=fra-rss-fre-all-1482-rdf\"><strong>Cameroun<\/strong>&nbsp;: La s\u00e9curit\u00e9, l\u2019autre enjeu de la CAN<\/a> (DW)<\/p>\n\n\n\n<p><a href=\"https:\/\/dailynewscameroon.com\/crise-anglophone-long-international-crisis-group-preconise-un-cessez-le-feu-entre-les-belligerants-pendant-la-can-2021\/\"><strong>Cameroun<\/strong>&nbsp;: Crise anglophone : Cessez-le-feu pendant la CAN&nbsp;?<\/a> (Daily News Cameroon)<\/p>\n\n\n\n<p><a href=\"https:\/\/www.voaafrique.com\/a\/centrafrique-la-fili%c3%a8re-de-l-arachide-frein%c3%a9e-par-le-conflit-\/6386622.html\"><strong>Centrafrique<\/strong> : la fili\u00e8re de l&rsquo;arachide frein\u00e9e par le conflit<\/a> (Voaafrique) <\/p>\n\n\n\n<figure class=\"wp-block-image size-full is-resized\"><img data-recalc-dims=\"1\" loading=\"lazy\" decoding=\"async\" src=\"https:\/\/i0.wp.com\/www.rdpemancipation.org\/wp-content\/uploads\/2022\/01\/image-45.png?resize=438%2C246&#038;ssl=1\" alt=\"\" class=\"wp-image-65400\" width=\"438\" height=\"246\" srcset=\"https:\/\/i0.wp.com\/www.rdpemancipation.org\/wp-content\/uploads\/2022\/01\/image-45.png?w=697&amp;ssl=1 697w, https:\/\/i0.wp.com\/www.rdpemancipation.org\/wp-content\/uploads\/2022\/01\/image-45.png?resize=300%2C169&amp;ssl=1 300w\" sizes=\"auto, (max-width: 438px) 100vw, 438px\" \/><\/figure>\n\n\n\n<p><a href=\"https:\/\/www.voaafrique.com\/a\/quatre-policiers-et-trois-civils-%C3%A9crou%C3%A9s-pour-torture-%C3%A0-brazzaville\/6386604.html\"><strong>Congo<\/strong>&nbsp;: 4 policiers et 3 civils \u00e9crou\u00e9s pour torture \u00e0 Brazzaville<\/a> (Voaafrique)<\/p>\n\n\n\n<p><a href=\"https:\/\/www.fratmat.info\/article\/217697\/societe\/seacutecuriteacute-alimentaire\/action-caritative-des-kits-alimentaires-pour-1300-familles-demunies-a-abidjan\"><strong>C\u00f4te d\u2019Ivoire<\/strong>&nbsp;: Des kits alimentaires pour 1300 familles d\u00e9munies<\/a> (FratMat)<\/p>\n\n\n\n<p><a href=\"https:\/\/aminata.com\/actualite-guineenne-resume-de-la-journee-du-vendredi-07-janvier-2022\/\"><strong>Guin\u00e9e<\/strong>&nbsp;: r\u00e9sum\u00e9 de la journ\u00e9e du 07 janvier 2022<\/a> (Aminata)<\/p>\n\n\n\n<p><a href=\"https:\/\/maliactu.net\/wagner-au-mali-le-silence-des-autorites-de-transition\/\"><strong>Mali<\/strong>&nbsp;: Pr\u00e9sence de Wagner : le silence des autorit\u00e9s de transition<\/a> (Maliactu) <\/p>\n\n\n\n<figure class=\"wp-block-image is-resized\"><img data-recalc-dims=\"1\" loading=\"lazy\" decoding=\"async\" src=\"https:\/\/i0.wp.com\/maliactu.net\/wp-content\/uploads\/2022\/01\/wagner-au-mali-le-silence-des-autorite%CC%81s-de-transition-copie.jpg?resize=452%2C254&#038;ssl=1\" alt=\"Le colonel Assimi Goita, pr\u00e9sident de la transition malien, en juin 2021 \u00e0 Bamako. \u00a9 REUTERS - AMADOU KEITA\" width=\"452\" height=\"254\"\/><figcaption><sup>Le colonel Assimi Goita, pr\u00e9sident de la transition<\/sup><\/figcaption><\/figure>\n\n\n\n<p><a href=\"https:\/\/maliactu.net\/mali-des-soldats-russes-de-plus-en-plus-nombreux-dans-la-region-de-tombouctou\/\"><strong>Mali<\/strong> : des soldats russes de plus en plus nombreux \u00e0 Tombouctou<\/a> (Maliactu)<\/p>\n\n\n\n<p><a href=\"https:\/\/bamada.net\/trois-gendarmes-tues-dans-lexplosion-dune-mine-au-niger\"><strong>Niger<\/strong>&nbsp;: Trois gendarmes tu\u00e9s dans l\u2019explosion d\u2019une mine<\/a> (Bamada)<\/p>\n\n\n\n<p><a href=\"https:\/\/www.radiookapi.net\/2022\/01\/07\/actualite\/securite\/nord-kivu-deplacement-massif-des-populations-la-suite-de-la-reprise\"><strong>RDC<\/strong>&nbsp;: D\u00e9placement massif des populations apr\u00e8s la reprise des combats<\/a> (Radio Okapi)<\/p>\n\n\n\n<p><a href=\"https:\/\/www.lemonde.fr\/afrique\/article\/2022\/01\/05\/le-mystere-des-gendarmes-francais-assassines-a-kigali_6108223_3212.html\"><strong>Rwanda&nbsp;: le myst\u00e8re des gendarmes fran\u00e7ais assassin\u00e9s \u00e0 Kigali (1\/2)<\/strong><\/a><\/p>\n\n\n\n<p><a href=\"https:\/\/www.lemonde.fr\/afrique\/article\/2022\/01\/06\/a-kigali-quatre-morts-et-vingt-sept-ans-de-doutes_6108341_3212.html\"><strong>A Kigali, quatre morts et vingt-sept ans de doutes (2\/2) <\/strong><\/a>&nbsp;(Le Monde)<\/p>\n\n\n\n<p><a href=\"https:\/\/lequotidien.sn\/lutte-contre-lhomosexualite-la-fatwa-de-serigne-mountakha-le-marabout-denonce-la-promotion-de-ce-crime-contre-lhumanite\/\"><strong>S\u00e9n\u00e9gal<\/strong>&nbsp;: Lutte contre l\u2019homosexualit\u00e9 &#8211; La Fatwa d\u2019un marabout<\/a> (Le Quotidien)<\/p>\n\n\n\n<p><a href=\"https:\/\/www.seneplus.com\/politique\/casamance-la-societe-civile-se-mobilise-pour-des-elections\"><strong>S\u00e9n\u00e9gal<\/strong>&nbsp;: Casamance : mobilisation pour des \u00e9lections apais\u00e9es<\/a> (Seneplus)<\/p>\n\n\n\n<p><a href=\"https:\/\/www.letchadanthropus-tribune.com\/tchad-opinion-libre-je-suis-de-hissein-habre-saleh-goukouni\/\"><strong>Tchad<\/strong> : Je suis de Hissein Habr\u00e9. (Saleh Goukouni)<\/a> (Le Tchadanthropus)<\/p>\n\n\n\n<p><a href=\"https:\/\/www.alwihdainfo.com\/Tchad-4-morts-dans-des-conflits-intercommunautaires-au-Mandoul_a110285.html\"><strong>Tchad<\/strong> : 4 morts dans des conflits intercommunautaires au Mandoul<\/a> (Alwihdainfo) <\/p>\n\n\n\n<figure class=\"wp-block-image is-resized\"><img data-recalc-dims=\"1\" loading=\"lazy\" decoding=\"async\" src=\"https:\/\/i0.wp.com\/www.alwihdainfo.com\/photo\/art\/default\/61464815-44796525.jpg?resize=397%2C236&#038;ssl=1\" alt=\"Tchad : 4 morts dans des conflits intercommunautaires au Mandoul\" width=\"397\" height=\"236\"\/><\/figure>\n\n\n\n<p><a href=\"https:\/\/www.27avril.com\/blog\/actualites\/politiques\/togo-drole-de-conception-de-la-democratie-a-rpt-unir\"><strong>Togo<\/strong> : Dr\u00f4le de conception de la d\u00e9mocratie \u00e0 RPT-UNIR<\/a> (27avril)<\/p>\n\n\n\n<p><strong><span style=\"color:#f00e19\" class=\"has-inline-color\">7 janvier en continu<\/span><\/strong> <\/p>\n\n\n\n<p><a href=\"https:\/\/www.seneplus.com\/culture\/presence-africaine-bien-plus-quune-revue\">Pr\u00e9sence africaine, bien plus qu&rsquo;une revue<\/a> (Seneplus)<\/p>\n\n\n\n<p><a href=\"https:\/\/common.indigo-net.com\/lib\/cookie_log\/redirector.asp?mail=n.chevillard@noos.fr&amp;ID=449750&amp;DOCIID=109703480&amp;ENAIID=704729&amp;RETOUR=SIMPLE&amp;link=https:\/\/www.africaintelligence.fr\/afrique-ouest-et-centrale_business\/2022\/01\/05\/apres-les-telecoms-le-groupe-franco-malgache-axian-developpe-des-centrales-au-senegal-et-au-mali,109714358-art?cxt=PUB&amp;utm_source=AIF&amp;utm_medium=email&amp;utm_campaign=AUTO_EDIT_SOM\" target=\"_blank\" rel=\"noreferrer noopener\">Le groupe franco-malgache Axian d\u00e9veloppe des centrales au S\u00e9n\u00e9gal et au Mali<\/a> (Africa Intelligence)<\/p>\n\n\n\n<p><strong>Pays&nbsp;<\/strong><\/p>\n\n\n\n<p><a href=\"https:\/\/www.agenceecofin.com\/exploration\/2812-94165-afrique-du-sud-un-tribunal-bloque-une-campagne-sismique-de-shell\"><strong>Afrique du Sud<\/strong>&nbsp;: un tribunal bloque une campagne sismique de Shell<\/a> (Ecofin)<\/p>\n\n\n\n<p><a href=\"https:\/\/lanouvelletribune.info\/2022\/01\/le-benin-vise-un-taux-de-croissance-a-2-chiffres-a-lhorizon-2026\/\"><strong>B\u00e9nin<\/strong>&nbsp;: Un taux de croissance \u00e0 2 chiffres \u00e0 l\u2019horizon 2026<\/a> (La Nouvelle Tribune)<\/p>\n\n\n\n<p><a href=\"http:\/\/lefaso.net\/spip.php?article110318\"><strong>Burkina Faso<\/strong>&nbsp;: \u00c9tude sur les conflits communautaires<\/a> (Le Faso) <\/p>\n\n\n\n<figure class=\"wp-block-image is-resized\"><img data-recalc-dims=\"1\" loading=\"lazy\" decoding=\"async\" src=\"https:\/\/i0.wp.com\/lefaso.net\/IMG\/arton110318.jpg?resize=464%2C260\" alt=\"Conflits communautaires au Burkina\u00a0: Les Hauts-Bassins, le Centre-nord et la Boucle du Mouhoun en t\u00eate de liste\" width=\"464\" height=\"260\"\/><\/figure>\n\n\n\n<p><a href=\"https:\/\/www.voaafrique.com\/a\/a-brazzaville-pol%C3%A9mique-autour-d-un-projet-de-r%C3%A9vision-de-la-constitution\/6384990.html\"><strong>Congo<\/strong>&nbsp;: Pol\u00e9mique autour d&rsquo;un projet de r\u00e9vision de la Constitution<\/a> (Voaafrique)<\/p>\n\n\n\n<p><a href=\"https:\/\/www.connectionivoirienne.net\/2022\/01\/07\/le-jeu-de-ping-pong-entre-parti-au-pouvoir-et-opposition-reprend-en-cote-divoire\/\"><strong>C\u00f4te d\u2019Ivoire<\/strong>&nbsp;: Jeu de ping-pong entre parti au pouvoir et opposition<\/a> (Connection Ivoirienne)<\/p>\n\n\n\n<p><a href=\"http:\/\/lefaso.net\/spip.php?article110308\"><strong>Burkina Faso<\/strong>&nbsp;: Lutte contre le terrorisme : Mettre fin \u00e0 la servitude<\/a> (Le Faso)<\/p>\n\n\n\n<p><a href=\"https:\/\/www.journaldebangui.com\/ethiopie-decouverte-de-fossiles-danimaux-vieux-de-23-millions-dannees\/\"><strong>Ethiopie<\/strong> : Des fossiles d&rsquo;animaux vieux de 2,3 millions d&rsquo;ann\u00e9es<\/a> (Journal de Bangui) <\/p>\n\n\n\n<figure class=\"wp-block-image is-resized\"><img data-recalc-dims=\"1\" loading=\"lazy\" decoding=\"async\" src=\"https:\/\/i0.wp.com\/www.journaldebangui.com\/wp-content\/uploads\/2022\/01\/16414858949078-780x440.jpg?resize=379%2C214&#038;ssl=1\" alt=\"\" width=\"379\" height=\"214\"\/><\/figure>\n\n\n\n<p><a href=\"https:\/\/lanouvelletribune.info\/2022\/01\/guinee-doumbouya-autorise-conde-a-se-faire-soigner-a-letranger\/\"><strong>Guin\u00e9e<\/strong> : Doumbouya autorise Cond\u00e9 \u00e0 se faire soigner \u00e0 l\u2019\u00e9tranger<\/a> (La Nouvelle Tribune)<\/p>\n\n\n\n<p><a href=\"https:\/\/maliactu.net\/la-famille-du-seul-otage-francais-dans-le-monde-denonce-un-silence-insupportable\/\"><strong>Mali<\/strong>&nbsp;: Silence insupportable autour du seul otage fran\u00e7ais dans le monde<\/a> (Maliactu)<\/p>\n\n\n\n<p><a href=\"https:\/\/bamada.net\/transition-au-mali-la-junte-lavait-promise-mais-ce-ne-sera-pas-pour-tout-de-suite\"><strong>Mali<\/strong>&nbsp;: La transition promise par la junte ne sera pas pour tout de suite<\/a> (Bamada)<\/p>\n\n\n\n<p><a href=\"https:\/\/www.tsa-algerie.com\/tebboune-lalgerie-disponible-a-accompagner-le-mali-a-retablir-la-securite\/\"><strong>Mali <\/strong>: l\u2019Alg\u00e9rie disponible \u00e0 accompagner le Mali \u00e0 \u00ab r\u00e9tablir la s\u00e9curit\u00e9 \u00bb<\/a> (TSA)<\/p>\n\n\n\n<p><a href=\"https:\/\/www.afriquesenlutte.org\/afrique-australe\/mozambique\/article\/mozambique-des-centaines-de-femmes-et-de-filles-ont-ete-enlevees\"><strong>Mozambique<\/strong> : Des centaines de femmes et de filles ont \u00e9t\u00e9 enlev\u00e9es<\/a> (Afriques en Lutte)<\/p>\n\n\n\n<p><a href=\"https:\/\/ifex.org\/fr\/niger-deux-journalistes-denoncent-la-corruption-et-ecopent-dune-peine-de-prison-avec-sursis\/\"><strong>Niger<\/strong> : deux journalistes condamn\u00e9s pour avoir d\u00e9nonc\u00e9 la corruption<\/a> (IFEX)<\/p>\n\n\n\n<p><a href=\"https:\/\/common.indigo-net.com\/lib\/cookie_log\/redirector.asp?mail=n.chevillard@noos.fr&amp;ID=449919&amp;DOCIID=109703480&amp;ENAIID=704898&amp;RETOUR=SIMPLE&amp;link=https:\/\/www.africaintelligence.fr\/afrique-ouest-et-centrale_diplomatie\/2022\/01\/06\/l-administration-biden-conforte-mohamed-bazoum,109714204-art?cxt=PUB&amp;utm_source=AIF&amp;utm_medium=email&amp;utm_campaign=AUTO_EDIT_SOM\" target=\"_blank\" rel=\"noreferrer noopener\"><strong>Niger&nbsp;<\/strong>: l&rsquo;administration Biden conforte Mohamed Bazoum<\/a> (Africa Intelligence)<\/p>\n\n\n\n<p><a href=\"https:\/\/common.indigo-net.com\/lib\/cookie_log\/redirector.asp?mail=n.chevillard@noos.fr&amp;ID=449750&amp;DOCIID=109703480&amp;ENAIID=704729&amp;RETOUR=SIMPLE&amp;link=https:\/\/www.africaintelligence.fr\/afrique-ouest-et-centrale_business\/2022\/01\/05\/bazoum-relance-la-construction-de-la-route-du-petrole,109713875-bre?cxt=PUB&amp;utm_source=AIF&amp;utm_medium=email&amp;utm_campaign=AUTO_EDIT_SOM\" target=\"_blank\" rel=\"noreferrer noopener\">Bazoum relance la construction de la \u00ab\u00a0route du p\u00e9trole\u00a0\u00bb<\/a> (Africa Intelligence)<\/p>\n\n\n\n<p><a href=\"https:\/\/www.boursorama.com\/videos\/actualites\/la-police-nigeriane-sauve-pres-de-100-victimes-d-enlevement-6cadb0a2ba0e6bf9fbb23bfaf4a1ade2\"><strong>Nig\u00e9ria<\/strong>&nbsp;: La police nig\u00e9riane sauve pr\u00e8s de 100 victimes d&rsquo;enl\u00e8vement<\/a> (AFP Vid\u00e9o)<\/p>\n\n\n\n<p><a href=\"https:\/\/www.dw.com\/fr\/report-relique-lumumba-juin2022\/a-60351950?maca=fra-rss-fre-all-1482-rdf\"><strong>RDC<\/strong> : \u00e0 quand la restitution de la relique de Lumumba ?<\/a> (DW) <\/p>\n\n\n\n<figure class=\"wp-block-image is-resized\"><img data-recalc-dims=\"1\" loading=\"lazy\" decoding=\"async\" src=\"https:\/\/i0.wp.com\/static.dw.com\/image\/56268745_303.jpg?resize=438%2C247&#038;ssl=1\" alt=\"Statue \u00e0 Patrice Lumumba\" width=\"438\" height=\"247\"\/><\/figure>\n\n\n\n<p><a href=\"https:\/\/common.indigo-net.com\/lib\/cookie_log\/redirector.asp?mail=n.chevillard@noos.fr&amp;ID=449750&amp;DOCIID=109703480&amp;ENAIID=704729&amp;RETOUR=SIMPLE&amp;link=https:\/\/www.africaintelligence.fr\/industrie-miniere_exploration-production\/2022\/01\/05\/le-clan-kabila-au-plus-pres-de-l-explorateur-de-cuivre-central-copper-resources,109713733-art?cxt=PUB&amp;utm_source=AIF&amp;utm_medium=email&amp;utm_campaign=AUTO_EDIT_SOM\" target=\"_blank\" rel=\"noreferrer noopener\"><strong>RDC<\/strong>&nbsp;: le clan Kabila au plus pr\u00e8s de Central Copper Resources<\/a> (Africa Intelligence)<\/p>\n\n\n\n<p><a href=\"https:\/\/lequotidien.sn\/gestion-de-leau-au-senegal-mignane-diouf-coule-suez-cette-societe-est-venue-non-pour-soulager-les-senegalais-mais-pour-se-refaire-financierement\/\"><strong>S\u00e9n\u00e9gal<\/strong>&nbsp;: Gestion de l\u2019eau&nbsp;: Suez n\u2019est venue que pour se refaire financi\u00e8rement<\/a> (Le Quotidien)<\/p>\n\n\n\n<p><a href=\"https:\/\/www.seneplus.com\/opinions\/2021-annus-horribilis-annee-horrible-pour-le-senegal\"><strong>S\u00e9n\u00e9gal<\/strong>&nbsp;: 2021, annus horribilis pour le S\u00e9n\u00e9gal<\/a> (Seneplus)<\/p>\n\n\n\n<p><strong><a href=\"https:\/\/www.middleeasteye.net\/fr\/topics\/soudan\">Soudan<\/a><\/strong>&nbsp;: <a href=\"https:\/\/www.middleeasteye.net\/fr\/reportages\/soudan-hamdok-demission-armee-sanctions-pression-crise-politique\">entre les mains de l\u2019arm\u00e9e, des sanctions pourraient suivre<\/a> &nbsp;(MEE)<\/p>\n\n\n\n<p><strong><a href=\"http:\/\/alencontre.org\/debats\/soudan-debat-quelle-dynamique-apres-le-coup-detat-du-25-octobre-2021-et-la-demission-de-hamdok-du-2-janvier-2022.html\">Soudan : Dynamique apr\u00e8s coup d\u2019Etat du 25&nbsp;oct 2021 et d\u00e9mission Hamdok du 2&nbsp;janv 2022 <\/a>(MEE)<\/strong><\/p>\n\n\n\n<p><strong><span style=\"color:#f00e19\" class=\"has-inline-color\">6 janvier en continu<\/span><\/strong> <\/p>\n\n\n\n<p><a href=\"https:\/\/www.seneplus.com\/opinions\/les-transitions-sans-fin\">Les transitions sans fin<\/a> (Seneplus)<\/p>\n\n\n\n<p><a href=\"https:\/\/info.alternatives-economiques.fr\/optiext\/optiextension.dll?ID=x10x10_B7BolGWIi4XWbUfnruamv3UNlt9NkaytxZ4l4rw_hFsT%2BpBSM4N_onmtjPZ1yVDpeFWyfSCZaQ6EIYtIVCBUNx\" target=\"_blank\" rel=\"noreferrer noopener\">La France peut-elle contrer les jihadistes au Sahel&nbsp;?<\/a> &nbsp;(Alter \u00e9co)<\/p>\n\n\n\n<p><a href=\"https:\/\/info.alternatives-economiques.fr\/optiext\/optiextension.dll?ID=x10xXbuA6%2B8Y54FKvawwVNtcMVB%2Bx5a6lQiRbYCxKdnNNj6NFahtsVUFeDKY9ETiirnKfi3GaVXKhQhXx9esflnNC%2BSFH\" target=\"_blank\" rel=\"noreferrer noopener\">Cin\u00e9ma&nbsp;: Qui Mali danse<\/a> (Alter \u00e9co)<\/p>\n\n\n\n<figure class=\"wp-block-image size-full is-resized\"><img data-recalc-dims=\"1\" loading=\"lazy\" decoding=\"async\" src=\"https:\/\/i0.wp.com\/www.rdpemancipation.org\/wp-content\/uploads\/2022\/01\/image-32.png?resize=498%2C280&#038;ssl=1\" alt=\"\" class=\"wp-image-65071\" width=\"498\" height=\"280\" srcset=\"https:\/\/i0.wp.com\/www.rdpemancipation.org\/wp-content\/uploads\/2022\/01\/image-32.png?w=744&amp;ssl=1 744w, https:\/\/i0.wp.com\/www.rdpemancipation.org\/wp-content\/uploads\/2022\/01\/image-32.png?resize=300%2C169&amp;ssl=1 300w\" sizes=\"auto, (max-width: 498px) 100vw, 498px\" \/><figcaption><sup>Alice Da Luz et St\u00e9phane Back, acteurs de Twist \u00e0 Bamako de Robert Gu\u00e9diguian<\/sup><\/figcaption><\/figure>\n\n\n\n<p><strong>Pays&nbsp;<\/strong><\/p>\n\n\n\n<p><a href=\"https:\/\/www.journaldugabon.com\/afrique-du-sud-une-loi-pour-proteger-les-lanceurs-dalerte\/\"><strong>Afrique du Sud<\/strong> : une loi pour prot\u00e9ger les lanceurs d&rsquo;alerte<\/a> (Journal du Gabon)<\/p>\n\n\n\n<p><a href=\"https:\/\/afrique55.com\/proces-de-lassassinat-de-sankara-la-deposition-de-lex-president-ghaneen-jerry-rawlings\/\"><strong>Burkina Faso<\/strong>&nbsp;: Proc\u00e8s Sankara: D\u00e9position de l&rsquo;ex-pr\u00e9sident ghan\u00e9en<\/a> (Afrique55)<\/p>\n\n\n\n<p><a href=\"https:\/\/lanticapitaliste.org\/actualite\/international\/cameroun-lurgence-du-changement\"><strong>Cameroun<\/strong> : l\u2019urgence du changement<\/a> (L\u2019Anticapitaliste)<\/p>\n\n\n\n<p><a href=\"http:\/\/www.dac-presse.com\/focus-et-verite-sur-les-forces-armees-congolaises-et-ses-generaux-en-pacotille\/\"><strong>Congo<\/strong>&nbsp;: La v\u00e9rit\u00e9 sur les Forces arm\u00e9es et ses g\u00e9n\u00e9raux de pacotille<\/a> (Dac-presse)<\/p>\n\n\n\n<p><a href=\"https:\/\/www.connectionivoirienne.net\/2022\/01\/06\/lecole-publique-ivoirienne-forme-de-futurs-fonctionnaires-vereux-selon-venance-konan\/\"><strong>C\u00f4te d\u2019Ivoire<\/strong>&nbsp;: L\u2019\u00e9cole publique forme de futurs fonctionnaires v\u00e9reux<\/a> (Connection Ivoirienne)<\/p>\n\n\n\n<p><a href=\"https:\/\/afrique55.com\/larabie-saoudite-accusee-davoir-deporte-des-milliers-de-tigreens-vers-lethiopie\/\"><strong>\u00c9thiopie<\/strong>&nbsp;: L&rsquo;Arabie saoudite aurait d\u00e9port\u00e9 des milliers de Tigr\u00e9ens vers l&rsquo;\u00c9thiopie<\/a> (Afrique55) <\/p>\n\n\n\n<figure class=\"wp-block-image is-resized\"><img data-recalc-dims=\"1\" loading=\"lazy\" decoding=\"async\" src=\"https:\/\/i0.wp.com\/afrique55.com\/wp-content\/uploads\/2022\/01\/larabie-saoudite-accusee-davoir-deporte-des-milliers-de-tigreens-vers-lethiopie_61d647b047068-800x500.png?resize=410%2C256&#038;ssl=1\" alt=\"l\u2019arabie saoudite accus\u00e9e d\u2019avoir d\u00e9port\u00e9 des milliers de tigr\u00e9ens vers l\u2019\u00c9thiopie 61d647b06be26.png\" width=\"410\" height=\"256\"\/><\/figure>\n\n\n\n<p><a href=\"https:\/\/www.africaguinee.com\/articles\/2022\/01\/06\/2022-quelle-transition-politique-pour-la-guinee\"><strong>Guin\u00e9e<\/strong>&nbsp;: 2022 : Quelle Transition politique pour le pays ?<\/a> (Africa Guinee)<\/p>\n\n\n\n<p><a href=\"https:\/\/afrique55.com\/accrochage-entre-jihadistes-et-fama-dans-le-centre-du-mali-le-groupe-wagner-implique\/\"><strong>Mali<\/strong>&nbsp;: Accrochage entre jihadistes et Fama : le groupe Wagner impliqu\u00e9 ?<\/a> (Afrique55)<\/p>\n\n\n\n<p><a href=\"https:\/\/lesafriques.com\/2022\/01\/mali-face-aux-elites-decadentes-lindispensable-retour-de-la-moralite-politique\/\"><strong>Mali<\/strong> : face aux \u00e9lites d\u00e9cadentes, l&rsquo;indispensable retour de la moralit\u00e9 politique<\/a> (Les Afgriques)<\/p>\n\n\n\n<p><a href=\"https:\/\/afrique55.com\/des-militaires-burundais-signales-dans-lest-de-la-rd-congo\/\"><strong>RDC<\/strong>&nbsp;: Des militaires burundais signal\u00e9s dans l\u2019Est du pays<\/a> (Afrique55)<\/p>\n\n\n\n<p><a href=\"http:\/\/www.walf-groupe.com\/malformations-chez-2-000-a-4-000-enfants-sanofi-juge-responsable\/\"><strong>S\u00e9n\u00e9gal<\/strong>&nbsp;: Malformations chez 2 000 \u00e0 4 000 enfants, Sanofi jug\u00e9 responsable<\/a> (WalfNet) <\/p>\n\n\n\n<figure class=\"wp-block-image size-full is-resized\"><img data-recalc-dims=\"1\" loading=\"lazy\" decoding=\"async\" src=\"https:\/\/i0.wp.com\/www.rdpemancipation.org\/wp-content\/uploads\/2022\/01\/image-33.png?resize=419%2C236&#038;ssl=1\" alt=\"\" class=\"wp-image-65073\" width=\"419\" height=\"236\" srcset=\"https:\/\/i0.wp.com\/www.rdpemancipation.org\/wp-content\/uploads\/2022\/01\/image-33.png?w=648&amp;ssl=1 648w, https:\/\/i0.wp.com\/www.rdpemancipation.org\/wp-content\/uploads\/2022\/01\/image-33.png?resize=300%2C169&amp;ssl=1 300w\" sizes=\"auto, (max-width: 419px) 100vw, 419px\" \/><\/figure>\n\n\n\n<p><a href=\"http:\/\/www.walf-groupe.com\/assemblee-nationale-proposition-de-loi-portant-criminalisation-de-lhomosexualite-declaree-irrecevable\/\"><strong>S\u00e9n\u00e9gal<\/strong>&nbsp;: Assembl\u00e9e&nbsp;nationale : pas de loi criminalisant l\u2019homosexualit\u00e9<\/a> (WalfNet)<\/p>\n\n\n\n<p><a href=\"http:\/\/www.lepaystchad.com\/20365\/\"><strong>Tchad<\/strong>&nbsp;: Les syndicats des magistrats exigent l\u2019arrestation du colonel Sebit Djouma<\/a> (Le Pays)<\/p>\n\n\n\n<p><a href=\"https:\/\/ifex.org\/fr\/togo-le-controle-judiciaire-impose-aux-deux-journalistes-liberes-est-une-aberration\/\"><strong>Togo<\/strong> : Contr\u00f4le judiciaire aberrant impos\u00e9 aux deux journalistes lib\u00e9r\u00e9s<\/a> (IFEX) <\/p>\n\n\n\n<figure class=\"wp-block-image is-resized\"><img data-recalc-dims=\"1\" loading=\"lazy\" decoding=\"async\" src=\"https:\/\/i0.wp.com\/ifex.org\/wp-content\/uploads\/2022\/01\/togo-lome-journalists-arrested-released-protest-security-forces-getty.jpg?resize=431%2C287&#038;ssl=1\" alt=\"\" width=\"431\" height=\"287\"\/><\/figure>\n\n\n\n<p><strong><span style=\"color:#f00e19\" class=\"has-inline-color\">5 janvier en continu<\/span><\/strong>   <\/p>\n\n\n\n<p><a href=\"https:\/\/www.seneplus.com\/opinions\/tirailleurs-senegalais-quils-soient-declares-morts-pour-la-france\"><strong>Tirailleurs s\u00e9n\u00e9galais, qu&rsquo;ils soient d\u00e9clar\u00e9s morts pour la France<\/strong><\/a> (Seneplus) <\/p>\n\n\n\n<figure class=\"wp-block-image is-resized\"><img data-recalc-dims=\"1\" loading=\"lazy\" decoding=\"async\" src=\"https:\/\/i0.wp.com\/www.seneplus.com\/sites\/default\/files\/styles\/section_hero\/public\/raw_photos\/jad20220103-tribune-tirailleurs_senegalais2-592x296-1641227543.jpeg?resize=494%2C248&#038;ssl=1\" alt=\"\" width=\"494\" height=\"248\"\/><\/figure>\n\n\n\n<p><a href=\"https:\/\/maliactu.net\/les-etats-unis-excluent-lethiopie-le-mali-et-la-guinee-de-laccord-commercial-agoa\/\">\u00c9tats-Unis&nbsp;: l\u2019\u00c9thiopie, le Mali et la Guin\u00e9e exclus de l\u2019accord Agoa<\/a> (Maliactu)<\/p>\n\n\n\n<p><a href=\"https:\/\/rwandaises.com\/2022\/01\/afrique-et-democratie-un-debat-ouvert\/\">Afrique et D\u00e9mocratie : un d\u00e9bat ouvert<\/a> (Rwandaises)<\/p>\n\n\n\n<p><strong>Pays&nbsp;<\/strong><\/p>\n\n\n\n<p><a href=\"https:\/\/www.voaafrique.com\/a\/incendie-au-parlement-sud-africain-l-accus%C3%A9-devant-un-tribunal\/6382518.html\"><strong>Afrique du Sud<\/strong>&nbsp;: Incendie au Parlement&nbsp;: l&rsquo;accus\u00e9 devant un tribunal<\/a> (Voaafrique)<\/p>\n\n\n\n<p><a href=\"http:\/\/lefaso.net\/spip.php?article110278\"><strong>Burkina Faso<\/strong>&nbsp;: Le coup d&rsquo;\u00c9tat du 15 octobre 1987 n&rsquo;\u00e9tait pas spontan\u00e9<\/a> (Le Faso)<\/p>\n\n\n\n<p><a href=\"https:\/\/www.journaldebangui.com\/rca-plusieurs-casques-bleus-meurent-dans-une-explosion-de-mine\/\"><strong>Centrafrique<\/strong> : Casques bleus tu\u00e9s dans une explosion de mine<\/a> (Journal de Bangui) <\/p>\n\n\n\n<figure class=\"wp-block-image is-resized\"><img data-recalc-dims=\"1\" loading=\"lazy\" decoding=\"async\" src=\"https:\/\/i0.wp.com\/www.journaldebangui.com\/wp-content\/uploads\/2022\/01\/Casques-bleus-morts-780x440.jpg?resize=468%2C263&#038;ssl=1\" alt=\"Plusieurs Casques bleus victimes d\u2019une explosion de mine en Centrafrique. journaldebangui.com\" width=\"468\" height=\"263\"\/><\/figure>\n\n\n\n<p><a href=\"https:\/\/www.voaafrique.com\/a\/corruptions-et-crise-anglophone-dans-le-viseur-du-pr%c3%a9sident-camerounais\/6381154.html\"><strong>Cameroun<\/strong>&nbsp;: Corruption et crise anglophone dans le viseur du pr\u00e9sident<\/a> (Voaafrique)<\/p>\n\n\n\n<p><a href=\"https:\/\/www.voaafrique.com\/a\/vers-l-int%C3%A9gration-des-%C3%A9coles-islamiques-au-syst%C3%A8me-scolaire-ivoirien\/6382525.html\"><strong>C\u00f4te d\u2019Ivoire<\/strong>&nbsp;:Vers l&rsquo;int\u00e9gration des \u00e9coles islamiques au syst\u00e8me scolaire<\/a> (Voaafrique)<\/p>\n\n\n\n<p><a href=\"https:\/\/mediaguinee.org\/alpha-conde-autorise-a-voyager-cest-un-grand-ouf-de-soulagement-pour-nous-coordinateur-regional-du-rpg-a-kankan\/\"><strong>Guin\u00e9e<\/strong>&nbsp;: Alpha Cond\u00e9 autoris\u00e9 \u00e0 voyager<\/a> (Mediaguinee)<\/p>\n\n\n\n<p><a href=\"https:\/\/guineematin.com\/2022\/01\/04\/duree-de-la-transition-en-guinee-la-dynamique-dappui-citoyen-a-la-transition-propose-24-mois\/\"><strong>Guin\u00e9e<\/strong>&nbsp;: Dur\u00e9e de la Transition propos\u00e9e&nbsp;: 24 mois<\/a> (Guineematin)<\/p>\n\n\n\n<p><a href=\"https:\/\/bamada.net\/proposition-de-05-ans-pour-la-prolongation-de-la-transition-alassane-ouattara-se-met-en-colere-goodluck-jonathan-attendu-a-bamako-aujourdhui\"><strong>Mali<\/strong>&nbsp;: 5 ans de plus pour la transition: Ouattara en col\u00e8re<\/a> (Bamada)<\/p>\n\n\n\n<p><a href=\"https:\/\/bamada.net\/securite-le-centre-se-ghettoise\"><strong>Mali<\/strong>&nbsp;: S\u00e9curit\u00e9: Le centre se ghetto\u00efse<\/a> (Bamada)<\/p>\n\n\n\n<p><a href=\"https:\/\/www.radiookapi.net\/2022\/01\/05\/actualite\/securite\/ituri-les-fardc-lancent-des-offensives-contre-des-rebelles-de-la\"><strong>RDC<\/strong> : les FARDC lancent des offensives contre des rebelles FPIC et CODECO<\/a> (Radio Okapi)<\/p>\n\n\n\n<p><a href=\"https:\/\/lequotidien.sn\/president-de-lua-des-fevrier-prochain-macky-sall-attendu-sur-le-dossier-habre\/\"><strong>S\u00e9n\u00e9gal<\/strong>&nbsp;: Pr\u00e9sident de l\u2019UA, Macky Sall attendu sur le dossier Habr\u00e9<\/a> (Le Quotidien)<\/p>\n\n\n\n<p><a href=\"http:\/\/www.walf-groupe.com\/mamadou-lamine-diallo-dette-ter-senegal-va-rembourser-plus-de-50-milliards-an\/\"><strong>S\u00e9n\u00e9gal&nbsp;<\/strong>: Dette du TER : Rembourser plus de 50 milliards par an<\/a> (WalfNet) <\/p>\n\n\n\n<figure class=\"wp-block-image size-full is-resized\"><img data-recalc-dims=\"1\" loading=\"lazy\" decoding=\"async\" src=\"https:\/\/i0.wp.com\/www.rdpemancipation.org\/wp-content\/uploads\/2022\/01\/image-20.png?resize=476%2C269&#038;ssl=1\" alt=\"\" class=\"wp-image-64890\" width=\"476\" height=\"269\" srcset=\"https:\/\/i0.wp.com\/www.rdpemancipation.org\/wp-content\/uploads\/2022\/01\/image-20.png?w=669&amp;ssl=1 669w, https:\/\/i0.wp.com\/www.rdpemancipation.org\/wp-content\/uploads\/2022\/01\/image-20.png?resize=300%2C169&amp;ssl=1 300w\" sizes=\"auto, (max-width: 476px) 100vw, 476px\" \/><\/figure>\n\n\n\n<p><a href=\"https:\/\/www.journaldebrazza.com\/senegal-lancement-des-travaux-du-port-de-ndayane\/\"><strong>S\u00e9n\u00e9gal<\/strong> : lancement des travaux du port de Ndayane<\/a> (Journal de Brazza)<\/p>\n\n\n\n<p><a href=\"https:\/\/www.voaafrique.com\/a\/retour-sur-une-journ%c3%a9e-mouvement%c3%a9e-au-soudan\/6382760.html\"><strong>Soudan<\/strong>&nbsp;: Retour sur une journ\u00e9e mouvement\u00e9e<\/a> (Voaafrique)<\/p>\n\n\n\n<p><a href=\"https:\/\/www.27avril.com\/blog\/actualites\/politiques\/togo-le-pouvoir-pour-le-pouvoir-le-pouvoir-pour-toujours\"><strong>Togo<\/strong> : Le pouvoir pour le pouvoir, le pouvoir pour toujours<\/a> (27avril)<\/p>\n\n\n\n<p><strong><span style=\"color:#f00e19\" class=\"has-inline-color\">4 janvier en continu<\/span><\/strong>  <\/p>\n\n\n\n<p>&nbsp;<a href=\"https:\/\/www.boursorama.com\/videos\/actualites\/l-afrique-retourne-t-elle-inexorablement-a-la-case-coups-d-etat-militaires-19c013ca577f4655eee4fd879b81dcd2\">\u00ab\u00a0L&rsquo;Afrique retourne-t-elle inexorablement \u00e0 la case coups d&rsquo;\u00e9tat militaires ?\u00a0\u00bb<\/a> (France 24)<\/p>\n\n\n\n<p><a href=\"https:\/\/www.seneplus.com\/opinions\/france-ce-colonialisme-qui-ne-veut-pas-mourir\"><strong>France, ce colonialisme qui ne veut pas mourir<\/strong><\/a> (Seneplus)<\/p>\n\n\n\n<p><a href=\"https:\/\/common.indigo-net.com\/lib\/cookie_log\/redirector.asp?mail=n.chevillard@noos.fr&amp;ID=449492&amp;DOCIID=109703480&amp;ENAIID=704469&amp;RETOUR=SIMPLE&amp;link=https:\/\/www.africaintelligence.fr\/afrique-ouest-et-centrale_diplomatie\/2022\/01\/03\/piegee-par-ses-circuits-logistiques-l-armee-francaise-cherche-une-porte-de-sortie,109713374-ge0?utm_source=AIF&amp;utm_medium=email&amp;utm_campaign=PROS_EDIT_FEU\" target=\"_blank\" rel=\"noreferrer noopener\">Pi\u00e9g\u00e9e par ses circuits logistiques, <strong>l&rsquo;arm\u00e9e fran\u00e7aise<\/strong> cherche une porte de sortie <\/a>&nbsp;(Africa Intelligence)<\/p>\n\n\n\n<p><a href=\"https:\/\/common.indigo-net.com\/lib\/cookie_log\/redirector.asp?mail=n.chevillard@noos.fr&amp;ID=449356&amp;DOCIID=109703480&amp;ENAIID=704335&amp;RETOUR=SIMPLE&amp;link=https:\/\/www.africaintelligence.fr\/afrique-ouest-et-centrale_business\/2022\/01\/03\/deja-menace-a-madagascar-castel-perd-le-partenariat-avec-la-can,109714098-art?cxt=PUB&amp;utm_source=AIF&amp;utm_medium=email&amp;utm_campaign=AUTO_EDIT_SOM\" target=\"_blank\" rel=\"noreferrer noopener\">D\u00e9j\u00e0 menac\u00e9 \u00e0<strong> Madagascar, <\/strong>Castel perd le partenariat avec<strong> la CAN<\/strong><\/a> (Africa Intelligence)<\/p>\n\n\n\n<p><a href=\"https:\/\/common.indigo-net.com\/lib\/cookie_log\/redirector.asp?mail=n.chevillard@noos.fr&amp;ID=449582&amp;DOCIID=109703480&amp;ENAIID=704559&amp;RETOUR=SIMPLE&amp;link=https:\/\/www.africaintelligence.fr\/afrique-ouest-et-centrale_diplomatie\/2022\/01\/04\/les-tombeurs-de-netanyahou-relancent-la-diplomatie-africaine-de-tel-aviv,109713956-eve?cxt=PUB&amp;utm_source=AIF&amp;utm_medium=email&amp;utm_campaign=AUTO_EDIT_SOM\" target=\"_blank\" rel=\"noreferrer noopener\">Les tombeurs de Netanyahou relancent la diplomatie <strong>africaine<\/strong> de <strong>Tel Aviv<\/strong><\/a> (Africa Intelligence)<\/p>\n\n\n\n<p><strong>Pays<\/strong>&nbsp;<\/p>\n\n\n\n<p><strong><a href=\"https:\/\/common.indigo-net.com\/lib\/cookie_log\/redirector.asp?mail=n.chevillard@noos.fr&amp;ID=449582&amp;DOCIID=109703480&amp;ENAIID=704559&amp;RETOUR=SIMPLE&amp;link=https:\/\/www.africaintelligence.fr\/petrole-et-gaz_strategies-etat\/2022\/01\/04\/menace-de-tomber-sous-le-million-de-barils_jour-luanda-joue-son-va-tout-avec-totalenergies-et-eni,109713814-art?cxt=PUB&amp;utm_source=AIF&amp;utm_medium=email&amp;utm_campaign=AUTO_EDIT_SOM\" target=\"_blank\" rel=\"noreferrer noopener\">Angola&nbsp;: <\/a><\/strong><a href=\"https:\/\/common.indigo-net.com\/lib\/cookie_log\/redirector.asp?mail=n.chevillard@noos.fr&amp;ID=449582&amp;DOCIID=109703480&amp;ENAIID=704559&amp;RETOUR=SIMPLE&amp;link=https:\/\/www.africaintelligence.fr\/petrole-et-gaz_strategies-etat\/2022\/01\/04\/menace-de-tomber-sous-le-million-de-barils_jour-luanda-joue-son-va-tout-avec-totalenergies-et-eni,109713814-art?cxt=PUB&amp;utm_source=AIF&amp;utm_medium=email&amp;utm_campaign=AUTO_EDIT_SOM\" target=\"_blank\" rel=\"noreferrer noopener\">menac\u00e9 de tomber sous le million de barils\/jour, Luanda joue son va-tout avec TotalEnergies et ENI<\/a> (Africa Intelligence)<\/p>\n\n\n\n<p><span class=\"has-inline-color has-accent-color\"><strong><u><span style=\"text-decoration: underline;\">Burkina Faso<\/span><\/u><\/strong> : Une centaine de terroristes neutralis\u00e9s en une semaine<\/span> &nbsp;(Le Faso) <\/p>\n\n\n\n<p><a href=\"https:\/\/dailynewscameroon.com\/cameroun-programme-de-bonne-gouvernance-paul-biya-repond-a-maurice-kamto\/\"><strong>Cameroun<\/strong> : Bonne gouvernance &#8211; Paul Biya r\u00e9pond \u00e0 Maurice Kamto<\/a> (Daily News Cameroon)<\/p>\n\n\n\n<p><a href=\"https:\/\/afrique55.com\/centrafrique-a-paoua-le-fleau-des-morsures-de-serpents\/\"><strong>Centrafrique<\/strong> : \u00e0 Paoua, le fl\u00e9au des morsures de serpents<\/a> (Afrique55) <\/p>\n\n\n\n<figure class=\"wp-block-image is-resized\"><img data-recalc-dims=\"1\" loading=\"lazy\" decoding=\"async\" src=\"https:\/\/i0.wp.com\/afrique55.com\/wp-content\/uploads\/2022\/01\/centrafrique-a-paoua-le-fleau-des-morsures-de-serpents_61d256ace029f-800x500.jpeg?resize=411%2C257&#038;ssl=1\" alt=\"centrafrique: \u00e0 paoua, le fl\u00e9au des morsures de serpents 61d256ad694ec.jpeg\" width=\"411\" height=\"257\"\/><\/figure>\n\n\n\n<p><a href=\"https:\/\/www.gabonmediatime.com\/gabon-des-voeux-a-la-nation-dali-bongo-loin-de-la-realite\/\"><strong>Gabon<\/strong> : des voeux \u00e0 la Nation d\u2019Ali Bongo loin de la r\u00e9alit\u00e9<\/a> (Gabon Media Time)<\/p>\n\n\n\n<p><a href=\"https:\/\/www.ivoireco.com\/guinee-naissance-dune-nouvelle-plateforme-politique\/\"><strong>Guin\u00e9e <\/strong>: naissance d&rsquo;une nouvelle plateforme politique<\/a> (Ivoireco)<\/p>\n\n\n\n<p><a href=\"https:\/\/www.dw.com\/fr\/mali-transition-dur%C3%A9e-c%C3%A9d%C3%A9ao\/a-60320095?maca=fra-rss-fre-all-1482-rdf\"><strong>Mali<\/strong> : les autorit\u00e9s pr\u00e9conisent de prolonger la transition de 5 ans<\/a> (DW)<\/p>\n\n\n\n<p><a href=\"https:\/\/bamada.net\/gao-braquage-et-enlevement-a-sossokoira\"><strong>Mali<\/strong>&nbsp;: Gao : braquage et enl\u00e8vement \u00e0 Sossokoira<\/a> (Bamada)<\/p>\n\n\n\n<p><strong><a href=\"https:\/\/www.afriquesenlutte.org\/afrique-de-l-ouest\/mali\/article\/mali-declaration-sur-la-detention-arbitraire-du-president-du-parti-sadi-dr\">Mali&nbsp;: <\/a><\/strong><a href=\"https:\/\/www.afriquesenlutte.org\/afrique-de-l-ouest\/mali\/article\/mali-declaration-sur-la-detention-arbitraire-du-president-du-parti-sadi-dr\">D\u00e9claration sur la d\u00e9tention arbitraire du Pr\u00e9sident du SADI, Dr Oumar Mariko<\/a> (Afriques en Luttes)<\/p>\n\n\n\n<p><strong><a href=\"https:\/\/www.afriquesenlutte.org\/afrique-de-l-ouest\/nigeria\/article\/nigeria-luka-binniyat-entendu-par-un-juge-apres-2-mois-de-detention-arbitraire\">Nigeria&nbsp;: <\/a><\/strong><a href=\"https:\/\/www.afriquesenlutte.org\/afrique-de-l-ouest\/nigeria\/article\/nigeria-luka-binniyat-entendu-par-un-juge-apres-2-mois-de-detention-arbitraire\">Luka Binniyat entendu par un juge apr\u00e8s 2 mois de d\u00e9tention arbitraire&nbsp;!<\/a> (Afriques en Luttes)<\/p>\n\n\n\n<p><a href=\"https:\/\/www.afrique-sur7.ci\/483918-rdc-civils-massacres-reglement-beni\"><strong>RDC <\/strong>: 8 civils massacr\u00e9s dans un r\u00e8glement de compte<\/a> (Afriquesur7)<\/p>\n\n\n\n<p><a href=\"https:\/\/afrique55.com\/rdc-une-intense-activite-du-volcan-nyiragongo-observee\/\"><strong>RDC<\/strong> : une \u00ab&nbsp;intense activit\u00e9&nbsp;\u00bb du volcan Nyiragongo observ\u00e9e<\/a> (Afrique55) <\/p>\n\n\n\n<figure class=\"wp-block-image is-resized\"><img data-recalc-dims=\"1\" loading=\"lazy\" decoding=\"async\" src=\"https:\/\/i0.wp.com\/afrique55.com\/wp-content\/uploads\/2022\/01\/rdc-une-intense-activite-du-volcan-nyiragongo-observee_61d39ff3878eb-800x471.jpeg?resize=403%2C238&#038;ssl=1\" alt=\"rdc: une \u00ab\u00a0intense activit\u00e9\u00a0\u00bb du volcan nyiragongo observ\u00e9e 61d39ff49eebf.jpeg\" width=\"403\" height=\"238\"\/><\/figure>\n\n\n\n<p><a href=\"https:\/\/lequotidien.sn\/projet-de-monnaie-locale-en-casamance-seydou-sane-devalue-sonko-les-objectifs-de-sonko-sont-fractionnistes\/\"><strong>S\u00e9n\u00e9gal<\/strong>&nbsp;: Projet de monnaie locale en Casamance<\/a> (Le Quotidien)<\/p>\n\n\n\n<p><a href=\"http:\/\/www.walf-groupe.com\/transport-a-dakar-gouverneur-lance-traque-aux-jakartas\/\"><strong>S\u00e9n\u00e9gal<\/strong>&nbsp;: Transport : le gouverneur lance la traque aux \u00ab Jakartas \u00bb<\/a> (WalfNet)<\/p>\n\n\n\n<p><a href=\"https:\/\/www.humanite.fr\/monde\/soudan\/au-soudan-des-milliers-de-manifestants-reclament-le-pouvoir-au-peuple-732933#xtor=RSS-1\" target=\"_blank\" rel=\"noreferrer noopener\"><strong>Soudan&nbsp;<\/strong>: des milliers de manifestants r\u00e9clament \u00ab le pouvoir au peuple \u00bb<\/a>&nbsp; (L\u2019Humanit\u00e9)<\/p>\n\n\n\n<p><a href=\"https:\/\/www.alwihdainfo.com\/Le-Tchad-prepare-le-terrain-pour-le-dialogue-du-Qatar-avec-les-politico-militaires_a110185.html\"><strong>Tchad<\/strong>&nbsp;: Dialogue du Qatar avec les politico-militaires<\/a> (Alwihdainfo)<\/p>\n\n\n\n<p><strong><span style=\"color:#f00e19\" class=\"has-inline-color\">3 janvier en continu<\/span><\/strong> <\/p>\n\n\n\n<p><strong>A la Une Soudan<\/strong><\/p>\n\n\n\n<p><strong><a href=\"https:\/\/fr.africanews.com\/2022\/01\/03\/soudan-la-population-sous-le-choc-de-la-demission-d-abdallah-hamdok\/\">La population sous le choc de la d\u00e9mission d&rsquo;Abdallah Hamdok <\/a><\/strong>&nbsp;(Africanews)<\/p>\n\n\n\n<p><strong><a href=\"https:\/\/fr.africanews.com\/2022\/01\/03\/soudan-au-moins-3-morts-dans-une-manifestation-a-khartoum\/\">Au moins 3 morts dans une manifestation \u00e0 Khartoum <\/a><\/strong>&nbsp;(Africanews)<\/p>\n\n\n\n<p><a href=\"https:\/\/www.boursorama.com\/videos\/actualites\/soudan-abdallah-hamdock-de-l-espoir-de-la-transition-civile-a-la-demission-00eca3428c11f02af57b416ed8267f2f\">Abdallah Hamdock, de l&rsquo;espoir de la transition civile \u00e0 la d\u00e9mission<\/a>  (France 24)<\/p>\n\n\n\n<p><strong><a href=\"https:\/\/fr.africanews.com\/2022\/01\/03\/soudan-le-premier-ministre-abdallah-hamdok-demissionne\/\">Le Premier ministre Abdallah Hamdok d\u00e9missionne <\/a><\/strong>&nbsp;(Africanews)<\/p>\n\n\n\n<p><strong><a href=\"https:\/\/blogs.mediapart.fr\/jean-marc-b\/blog\/030122\/soudan-le-1er-ministre-demissionne-sous-la-pression-du-soulevement-populaire\">Le 1er ministre d\u00e9missionne sous la pression du soul\u00e8vement populaire<\/a>&nbsp;<\/strong>(Luttes Invisibles)<\/p>\n\n\n\n<figure class=\"wp-block-image is-resized is-style-default\"><img loading=\"lazy\" decoding=\"async\" src=\"https:\/\/scontent.fhex4-2.fna.fbcdn.net\/v\/t39.30808-6\/p526x296\/271186468_1358968677858930_8917755468941580896_n.png?_nc_cat=107&amp;ccb=1-5&amp;_nc_sid=730e14&amp;_nc_eui2=AeH3BJ4mmFrsOGa6hH1D_FLKxw-f_fRX34rHD5_99Fffis2y_BxP6gO9OlWT_VqAByE&amp;_nc_ohc=HzPZOTkR3hEAX98ghZo&amp;_nc_ht=scontent.fhex4-2.fna&amp;oh=00_AT_xvtbU6z00gzXZeJN9eJADH5PeeFF6pg5oIP59_VrFoA&amp;oe=61D89F19\" alt=\"Peut \u00eatre une image de \u200eune personne ou plus et \u200etexte qui dit \u2019\u200e\u0645\u0644\u064a\u0648\u0646\u064a\u0629 4 \u064a\u0646\u0627\u064a\u0631 \u062b\u0648\u0631\u0629 \u062f\u064a\u0633\u0645\u0628\u0631 \u0627\u0645\u0628\u062f\u0629\u200e\u2019\u200e\u200e\" width=\"393\" height=\"433\"\/><\/figure>\n\n\n\n<p><strong>Autres pays<\/strong><\/p>\n\n\n\n<p><a href=\"https:\/\/www.boursorama.com\/videos\/actualites\/afrique-du-sud-reprise-de-l-incendie-dans-le-parlement-apres-une-accalmie-68f411f8eddf1e289fc2fc8ca94b722b\"><strong>Afrique du Sud<\/strong> : reprise de l&rsquo;incendie dans le Parlement apr\u00e8s une accalmie<\/a> (France 24)<\/p>\n\n\n\n<p><a href=\"https:\/\/fr.africanews.com\/2022\/01\/03\/afrique-du-sud-l-incendie-du-parlement-maitrise-1-suspect-arrete\/\">Afrique du Sud<\/a><strong><a href=\"https:\/\/fr.africanews.com\/2022\/01\/03\/afrique-du-sud-l-incendie-du-parlement-maitrise-1-suspect-arrete\/\"> : <\/a><\/strong><a href=\"https:\/\/fr.africanews.com\/2022\/01\/03\/afrique-du-sud-l-incendie-du-parlement-maitrise-1-suspect-arrete\/\">l&rsquo;incendie du Parlement ma\u00eetris\u00e9, 1 suspect arr\u00eat\u00e9<\/a><strong><a href=\"https:\/\/fr.africanews.com\/2022\/01\/03\/afrique-du-sud-l-incendie-du-parlement-maitrise-1-suspect-arrete\/\"> <\/a><\/strong>&nbsp;(Africanews)<\/p>\n\n\n\n<p><a href=\"https:\/\/www.rfi.fr\/fr\/afrique\/20220102-burkina-faso-l-arm%C3%A9e-contre-une-attaque-terroriste-du-gsim-%C3%A0-gomboro\"><strong>Burkina Faso<\/strong> : l&rsquo;arm\u00e9e contre une attaque terroriste du GSIM \u00e0 Gomboro<\/a> (RFI)<\/p>\n\n\n\n<p><a href=\"https:\/\/afriquexxi.info\/article4903.html\" target=\"_blank\" rel=\"noreferrer noopener\"><strong>\u00ab Proc\u00e8s Sankara \u00bb. Le long combat des justiciers de l\u2019ombre<\/strong><\/a> &nbsp;par R\u00e9mi Carayol (Afrique XXI)<\/p>\n\n\n\n<p><a href=\"http:\/\/www.africain.info\/news=7239283\"><strong>Cote d\u2019Ivoire&nbsp;: <\/strong>Soro s\u2019interroge sur la r\u00e9conciliation qu\u2019on lui propose<\/a> &nbsp;(Ivoireco)<\/p>\n\n\n\n<p><strong><a href=\"https:\/\/fr.africanews.com\/2022\/01\/03\/kenya-au-moins-6-morts-dans-une-attaque-presumee-de-shebab-somaliens\/\">Kenya : <\/a><\/strong><a href=\"https:\/\/fr.africanews.com\/2022\/01\/03\/kenya-au-moins-6-morts-dans-une-attaque-presumee-de-shebab-somaliens\/\">au moins 6 morts dans une attaque pr\u00e9sum\u00e9e de shebab somaliens<\/a><strong><a href=\"https:\/\/fr.africanews.com\/2022\/01\/03\/kenya-au-moins-6-morts-dans-une-attaque-presumee-de-shebab-somaliens\/\"> <\/a><\/strong>&nbsp;(Africanews)<\/p>\n\n\n\n<p><a href=\"https:\/\/www.rfi.fr\/fr\/afrique\/20220102-kenya-mort-du-c%C3%A9l%C3%A8bre-pal%C3%A9ontologue-richard-leakey-le-p%C3%A8re-du-gar%C3%A7on-de-turkana\">Kenya : mort du c\u00e9l\u00e8bre pal\u00e9ontologue Richard Leakey<\/a> (RFI)<\/p>\n\n\n\n<p><strong><a href=\"https:\/\/www.mediapart.fr\/journal\/international\/030122\/operation-eclipse-au-mali-les-soldats-maliens-tuent-des-civils-l-armee-francaise-se-tait\">Mali&nbsp;: Op\u00e9ration \u2018Eclipse\u2019&nbsp;les soldats maliens tuent des civils, l\u2019arm\u00e9e fran\u00e7aise se tait <\/a><\/strong>&nbsp;(M\u00e9diapart)<\/p>\n\n\n\n<p><a href=\"https:\/\/www.rfi.fr\/fr\/afrique\/20220103-mali-le-d%C3%A9tail-de-la-transition-propos%C3%A9-%C3%A0-la-c%C3%A9d%C3%A9ao-par-les-autorit%C3%A9s\">Mali : le d\u00e9tail de la transition propos\u00e9 \u00e0 la C\u00e9d\u00e9ao par les autorit\u00e9s<\/a> (RFI)<\/p>\n\n\n\n<p><a href=\"https:\/\/www.boursorama.com\/videos\/actualites\/nigeria-le-groupe-terroriste-ansaru-prete-allegeance-a-al-quaeda-199d4a61ec34503859ff6052344c5bd1\"><strong>Nig\u00e9ria<\/strong> : le groupe terroriste Ansaru pr\u00eate all\u00e9geance \u00e0 Al-Quaeda<\/a> &nbsp;(France 24)<\/p>\n\n\n\n<p><a href=\"http:\/\/www.africain.info\/news=7239330\"><strong>S\u00e9n\u00e9gal&nbsp;: <\/strong>un \u00e9conomiste pr\u00e9conise des sanctions contre les d\u00e9tournements de deniers publics<\/a> &nbsp;(La Vie S\u00e9n\u00e9galaise)<\/p>\n\n\n\n<p><strong><span style=\"color:#f00e19\" class=\"has-inline-color\">2 janvier en continu<\/span><\/strong> <\/p>\n\n\n\n<p><a href=\"https:\/\/blogs.mediapart.fr\/francois-fabregat\/blog\/301221\/afrique-pour-en-finir-avec-la-francafrique-le-militarisme-l-imperialisme-francais\">Pour en finir avec la <strong>Fran\u00e7afrique<\/strong>, le militarisme, l\u2019imp\u00e9rialisme fran\u00e7ais<\/a> &nbsp;(blog de&nbsp;Fran\u00e7ois Fabregat)<\/p>\n\n\n\n<p><a href=\"https:\/\/www.rfi.fr\/fr\/am%C3%A9riques\/20220102-les-%C3%A9tats-unis-excluent-%C3%A9thiopie-mali-et-guin%C3%A9e-de-l-accord-commercial-agoa\">Les <strong>USA<\/strong> excluent <strong>\u00c9thiopie, Mali<\/strong> et <strong>Guin\u00e9e<\/strong> de l&rsquo;accord commercial Agoa<\/a> (RFI)<\/p>\n\n\n\n<p><strong>Pays<\/strong><\/p>\n\n\n\n<p><a href=\"https:\/\/fr.africanews.com\/2022\/01\/02\/afrique-du-sud-les-divergences-entre-desmond-tutu-et-nelson-mandela\/\"><strong>Afrique du Sud<\/strong> : les divergences entre Desmond Tutu et Nelson Mandela<\/a>&nbsp;(Africanews)<\/p>\n\n\n\n<figure class=\"wp-block-image is-resized\"><img data-recalc-dims=\"1\" loading=\"lazy\" decoding=\"async\" src=\"https:\/\/i0.wp.com\/static.euronews.com\/articles\/stories\/06\/33\/46\/60\/400x225_cmsv2_11db62d3-6a67-5617-94a9-dba713b20938-6334660.jpg?resize=472%2C266&#038;ssl=1\" alt=\"Afrique du Sud : les divergences entre Desmond Tutu et Nelson Mandela\" width=\"472\" height=\"266\"\/><\/figure>\n\n\n\n<p><a href=\"https:\/\/fr.africanews.com\/2022\/01\/02\/un-incendie-au-parlement-sud-africain\/\">Un incendie au Parlement <strong>sud-africain<\/strong><\/a> &nbsp;(Africanews)<\/p>\n\n\n\n<p><a href=\"https:\/\/www.rfi.fr\/fr\/afrique\/20220101-burkina-faso-le-rapport-2019-2020-sur-les-droits-humains-rel%C3%A8ve-une-situation-pr%C3%A9occupante\"><strong>Burkina Faso<\/strong> : le rapport 2019\/2020 sur les droits humains rel\u00e8ve une situation pr\u00e9occupante<\/a> (RFI)<\/p>\n\n\n\n<p><a href=\"https:\/\/www.rfi.fr\/fr\/afrique\/20220102-c%C3%B4te-d-ivoire-%C3%A0-tiassal%C3%A9-un-poivre-bio-et-d-exception-issu-de-l-agro-foresterie\"><strong>C\u00f4te d&rsquo;Ivoire<\/strong> : \u00e0 Tiassal\u00e9, un poivre bio d&rsquo;exception issu de l&rsquo;agro-foresterie <\/a>&nbsp;(RFI)<\/p>\n\n\n\n<p><a href=\"https:\/\/www.rfi.fr\/fr\/afrique\/20220101-nouvelle-loi-fonci%C3%A8re-la-catastrophe-annonc%C3%A9e-pour-le-paysannat-malgache\"><strong>Madagascar<\/strong>&nbsp;: nouvelle loi fonci\u00e8re, catastrophe pour la paysannerie <\/a>&nbsp;(RFI)<\/p>\n\n\n\n<p><a href=\"https:\/\/www.rfi.fr\/fr\/afrique\/20220101-mozambique-des-attaques-jihadistes-provoquent-une-nouvelle-vague-de-d%C3%A9plac%C3%A9s\"><strong>Mozambique<\/strong> : des attaques jihadistes provoquent une nouvelle vague de d\u00e9plac\u00e9s<\/a>(RFI)<\/p>\n\n\n\n<p><a href=\"https:\/\/www.rfi.fr\/fr\/podcasts\/reportage-afrique\/20220101-nigeria-la-fermeture-des-camps-de-r%C3%A9fugi%C3%A9s-de-maiduguri-d%C3%A9cri%C3%A9e-par-les-ong\"><strong>Nigeria<\/strong> : la fermeture des camps de r\u00e9fugi\u00e9s de Maiduguri d\u00e9cri\u00e9e par les ONG<\/a> (RFI)<\/p>\n\n\n\n<p><a href=\"https:\/\/www.afriquesenlutte.org\/afrique-de-l-ouest\/senegal\/article\/jo-diop-ou-l-eternelle-jeunesse-de-l-engagement-militant\"><strong>S\u00e9n\u00e9gal<\/strong>&nbsp;: Jo Diop ou l\u2019\u00e9ternelle jeunesse de l\u2019engagement militant&nbsp;!<\/a> &nbsp;(Afriques en lutte)<\/p>\n\n\n\n<p><a href=\"https:\/\/www.rfi.fr\/fr\/afrique\/20220102-soudan-nouvelle-journ%C3%A9e-de-mobilisation-en-m%C3%A9moire-des-martyrs\"><strong>Soudan<\/strong> : deux morts lors d&rsquo;une nouvelle journ\u00e9e de mobilisation contre le putsch <\/a>&nbsp;(RFI)<\/p>\n\n\n\n<figure class=\"wp-block-image size-full is-resized\"><img data-recalc-dims=\"1\" loading=\"lazy\" decoding=\"async\" src=\"https:\/\/i0.wp.com\/www.rdpemancipation.org\/wp-content\/uploads\/2022\/01\/Capture-soudan.png?resize=553%2C254&#038;ssl=1\" alt=\"\" class=\"wp-image-64419\" width=\"553\" height=\"254\" srcset=\"https:\/\/i0.wp.com\/www.rdpemancipation.org\/wp-content\/uploads\/2022\/01\/Capture-soudan.png?w=963&amp;ssl=1 963w, https:\/\/i0.wp.com\/www.rdpemancipation.org\/wp-content\/uploads\/2022\/01\/Capture-soudan.png?resize=300%2C138&amp;ssl=1 300w, https:\/\/i0.wp.com\/www.rdpemancipation.org\/wp-content\/uploads\/2022\/01\/Capture-soudan.png?resize=768%2C353&amp;ssl=1 768w\" sizes=\"auto, (max-width: 553px) 100vw, 553px\" \/><\/figure>\n\n\n\n<p><strong><span style=\"color:#f00e19\" class=\"has-inline-color\">1er janvier en continu<\/span><\/strong><\/p>\n\n\n\n<p><a href=\"https:\/\/www.rfi.fr\/fr\/afrique\/20220101-dans-quels-pays-votera-t-on-en-afrique-en-2022\">Dans quels pays votera-t-on en <strong>Afrique<\/strong> en 2022 ?<\/a> (RFI)<a href=\"https:\/\/www.lemonde.fr\/idees\/article\/2021\/12\/31\/eugene-berg-la-percee-chinoise-en-afrique-a-des-effets-deleteres_6107775_3232.html\"><\/a><\/p>\n\n\n\n<p><a href=\"https:\/\/www.lemonde.fr\/idees\/article\/2021\/12\/31\/eugene-berg-la-percee-chinoise-en-afrique-a-des-effets-deleteres_6107775_3232.html\">Eug\u00e8ne Berg&nbsp;: \u00ab&nbsp;La perc\u00e9e chinoise en <strong>Afrique <\/strong>a des effets d\u00e9l\u00e9t\u00e8res&nbsp;\u00bb<\/a> (Le Monde)<\/p>\n\n\n\n<p><strong>Pays<\/strong><\/p>\n\n\n\n<p><a href=\"https:\/\/fr.africanews.com\/2022\/01\/01\/afrique-du-sud-le-droit-de-mourir-dernier-combat-de-desmond-tutu\/\"><strong>Afrique du Sud<\/strong> : le droit de mourir, dernier combat de Desmond Tutu<\/a> (Africanews)<a href=\"https:\/\/www.rfi.fr\/fr\/afrique\/20220101-cameroun-quatre-activistes-condamn%C3%A9s-%C3%A0-seize-mois-de-prison-pour-insurrection\"><\/a><\/p>\n\n\n\n<p><strong><u><a href=\"https:\/\/www.rfi.fr\/fr\/afrique\/20220101-cameroun-quatre-activistes-condamn%C3%A9s-%C3%A0-seize-mois-de-prison-pour-insurrection\">Cameroun : <\/a><\/u><\/strong><u><a href=\"https:\/\/www.rfi.fr\/fr\/afrique\/20220101-cameroun-quatre-activistes-condamn%C3%A9s-%C3%A0-seize-mois-de-prison-pour-insurrection\">quatre activistes condamn\u00e9s \u00e0 seize mois de prison pour \u00abinsurrection\u00bb<\/a><\/u> (RFI)<\/p>\n\n\n\n<p><a href=\"https:\/\/www.lemonde.fr\/afrique\/article\/2021\/12\/31\/au-cameroun-une-nouvelle-vague-repressive-frappe-les-opposants_6107814_3212.html\"><strong>Cameroun<\/strong>, une nouvelle vague r\u00e9pressive frappe les opposants<\/a> (Le Monde)<\/p>\n\n\n\n<p><a href=\"https:\/\/www.rfi.fr\/fr\/afrique\/20211231-mali-le-d%C3%A9ploiement-de-soldats-russes-voire-de-wagner-a-t-il-commenc%C3%A9\"><strong>Mali <\/strong>: le d\u00e9ploiement de soldats russes, voire de Wagner, a-t-il commenc\u00e9 ?<\/a> (RFI)<a href=\"https:\/\/www.lemonde.fr\/afrique\/article\/2021\/12\/31\/au-mali-les-assises-nationales-recommandent-de-prolonger-la-transition-jusqu-a-cinq-ans_6107785_3212.html\"><\/a><\/p>\n\n\n\n<p><strong><u><a href=\"https:\/\/www.lemonde.fr\/afrique\/article\/2021\/12\/31\/au-mali-les-assises-nationales-recommandent-de-prolonger-la-transition-jusqu-a-cinq-ans_6107785_3212.html\">Mali, <\/a><\/u><\/strong><u><a href=\"https:\/\/www.lemonde.fr\/afrique\/article\/2021\/12\/31\/au-mali-les-assises-nationales-recommandent-de-prolonger-la-transition-jusqu-a-cinq-ans_6107785_3212.html\">les Assises nationales recommandent une transition jusqu\u2019\u00e0 5 ans<\/a><\/u> (Le Monde)<a href=\"https:\/\/www.lemonde.fr\/afrique\/article\/2021\/12\/30\/au-nigeria-la-fermeture-des-camps-de-deplaces-jette-des-milliers-de-personnes-sur-les-routes_6107655_3212.html\"><\/a><\/p>\n\n\n\n<p><strong><u><a href=\"https:\/\/www.lemonde.fr\/afrique\/article\/2021\/12\/30\/au-nigeria-la-fermeture-des-camps-de-deplaces-jette-des-milliers-de-personnes-sur-les-routes_6107655_3212.html\">Le Nigeria <\/a><\/u><\/strong><u><a href=\"https:\/\/www.lemonde.fr\/afrique\/article\/2021\/12\/30\/au-nigeria-la-fermeture-des-camps-de-deplaces-jette-des-milliers-de-personnes-sur-les-routes_6107655_3212.html\">vide les camps de d\u00e9plac\u00e9s de Maiduguri<\/a><\/u> (Le Monde)<\/p>\n\n\n\n<p><a href=\"https:\/\/www.rfi.fr\/fr\/afrique\/20211231-soudan-nouvelle-mobilisation-%C3%A0-khartoum-malgr%C3%A9-la-r%C3%A9pression-violente\"><strong>Soudan<\/strong> : nouvelle mobilisation \u00e0 Khartoum malgr\u00e9 la r\u00e9pression violente<\/a> (RFI)<\/p>\n\n\n\n<p><a href=\"https:\/\/fr.africanews.com\/2021\/12\/31\/soudan-la-television-al-arabiya-attaquee-par-des-militaires\/\"><strong>Soudan<\/strong> : la t\u00e9l\u00e9vision Al-Arabiya attaqu\u00e9e par des militaires<\/a> (Africanews)<\/p>\n\n\n\n<p><a href=\"https:\/\/www.rfi.fr\/fr\/afrique\/20220101-tchad-la-fin-du-processus-de-transition-peu-probable-en-2022\"><strong>Tchad<\/strong> : la fin du processus de transition peu probable en 2022 ?<\/a> (RFI)<\/p>\n\n\n\n<p><a href=\"https:\/\/www.rfi.fr\/fr\/afrique\/20220101-togo-les-deux-journalistes-arr%C3%AAt%C3%A9s-d%C3%A9but-d%C3%A9cembre-remis-en-libert%C3%A9-provisoire\"><strong>Togo <\/strong>: les deux journalistes arr\u00eat\u00e9s d\u00e9but d\u00e9cembre remis en libert\u00e9 provisoire<\/a> (RFI)<\/p>\n","protected":false},"excerpt":{"rendered":"<p>31 janvier en continu Un trafic de migrants entre l\u2019Afrique de l\u2019ouest et l\u2019Europe d\u00e9mantel\u00e9 au Niger\u00a0(Info Migrants) Afrique : la Bad au secours de l&rsquo;industrie pharmaceutique (Journal de Bangui) Pays&nbsp; Burkina Faso&nbsp;: Suspendu par l\u2019Union africaine (WalfNet) Burkina Faso : une soixantaine de terroristes neutralis\u00e9s (Alwihdainfo) Burkina Faso&nbsp;: Ouattara pour un accompagnement contre le &#8230; <a title=\"Janvier &#8211; Afrique subsaharienne\" class=\"read-more\" href=\"https:\/\/www.rdpemancipation.org\/?p=64178\" aria-label=\"En savoir plus sur Janvier &#8211; Afrique subsaharienne\">Lire la suite<\/a><\/p>\n","protected":false},"author":1,"featured_media":0,"comment_status":"closed","ping_status":"closed","sticky":false,"template":"","format":"standard","meta":{"_lmt_disableupdate":"no","_lmt_disable":"no","_jetpack_memberships_contains_paid_content":false,"footnotes":""},"categories":[19],"tags":[],"class_list":["post-64178","post","type-post","status-publish","format-standard","hentry","category-afrique-subsaharienne"],"modified_by":"nch","jetpack_featured_media_url":"","jetpack_sharing_enabled":true,"_links":{"self":[{"href":"https:\/\/www.rdpemancipation.org\/index.php?rest_route=\/wp\/v2\/posts\/64178","targetHints":{"allow":["GET"]}}],"collection":[{"href":"https:\/\/www.rdpemancipation.org\/index.php?rest_route=\/wp\/v2\/posts"}],"about":[{"href":"https:\/\/www.rdpemancipation.org\/index.php?rest_route=\/wp\/v2\/types\/post"}],"author":[{"embeddable":true,"href":"https:\/\/www.rdpemancipation.org\/index.php?rest_route=\/wp\/v2\/users\/1"}],"replies":[{"embeddable":true,"href":"https:\/\/www.rdpemancipation.org\/index.php?rest_route=%2Fwp%2Fv2%2Fcomments&post=64178"}],"version-history":[{"count":113,"href":"https:\/\/www.rdpemancipation.org\/index.php?rest_route=\/wp\/v2\/posts\/64178\/revisions"}],"predecessor-version":[{"id":68871,"href":"https:\/\/www.rdpemancipation.org\/index.php?rest_route=\/wp\/v2\/posts\/64178\/revisions\/68871"}],"wp:attachment":[{"href":"https:\/\/www.rdpemancipation.org\/index.php?rest_route=%2Fwp%2Fv2%2Fmedia&parent=64178"}],"wp:term":[{"taxonomy":"category","embeddable":true,"href":"https:\/\/www.rdpemancipation.org\/index.php?rest_route=%2Fwp%2Fv2%2Fcategories&post=64178"},{"taxonomy":"post_tag","embeddable":true,"href":"https:\/\/www.rdpemancipation.org\/index.php?rest_route=%2Fwp%2Fv2%2Ftags&post=64178"}],"curies":[{"name":"wp","href":"https:\/\/api.w.org\/{rel}","templated":true}]}}