{"id":59835,"date":"2021-12-01T10:28:14","date_gmt":"2021-12-01T09:28:14","guid":{"rendered":"https:\/\/www.rdpemancipation.org\/?p=59835"},"modified":"2021-12-31T23:52:51","modified_gmt":"2021-12-31T22:52:51","slug":"decembre-politique-2","status":"publish","type":"post","link":"https:\/\/www.rdpemancipation.org\/?p=59835","title":{"rendered":"D\u00e9cembre &#8211; Politique"},"content":{"rendered":"\n<p><strong><span style=\"color:#c21129\" class=\"has-inline-color\">31 d\u00e9cembre en continu<\/span><\/strong><\/p>\n\n\n\n<p><a href=\"https:\/\/www.google.com\/url?sa=t&amp;rct=j&amp;q=&amp;esrc=s&amp;source=newssearch&amp;cd=&amp;cad=rja&amp;uact=8&amp;ved=2ahUKEwjjqvn_j4_1AhUBZN8KHd3PC2AQxfQBKAB6BAgCEAI&amp;url=https%3A%2F%2Fwww.lci.fr%2Fpolitique%2Fvoeux-aux-francais-d-emmanuel-macron-du-vent-les-reactions-politiques-de-jean-luc-melenchon-a-marine-le-pen-2205998.html&amp;usg=AOvVaw1koWJ6U-j4xRt4HpRu4bWp\">\u00ab\u00a0Du vent \u00e0 vendre\u00a0\u00bb, \u00ab\u00a0d\u00e9connect\u00e9 des r\u00e9alit\u00e9s\u00a0\u00bb&#8230; les r\u00e9actions politiques aux v\u0153ux d&rsquo;Emmanuel Macron<\/a>&nbsp;(LCI)<\/p>\n\n\n\n<p><a href=\"https:\/\/www.google.com\/url?sa=t&amp;rct=j&amp;q=&amp;esrc=s&amp;source=newssearch&amp;cd=&amp;cad=rja&amp;uact=8&amp;ved=2ahUKEwjOjtT3jY_1AhVLmeAKHR9ZB0g4ChDF9AEoAHoECAUQAg&amp;url=https%3A%2F%2Fwww.leprogres.fr%2Fpolitique%2F2021%2F12%2F31%2Fpresidentielle-2022-sante-pouvoir-d-achat-et-securite-enjeux-principaux-de-la-campagne&amp;usg=AOvVaw0XSA2LPc1LKvewfUpt8r0-\">\u00ab\u00a0Ann\u00e9e cruciale\u00a0\u00bb, \u00ab\u00a0adieu Macron\u00a0\u00bb : les candidats devancent le Pr\u00e9sident avec leurs voeux<\/a> -Le Progr\u00e8s<\/p>\n\n\n\n<p><a href=\"https:\/\/www.google.com\/url?sa=t&amp;rct=j&amp;q=&amp;esrc=s&amp;source=newssearch&amp;cd=&amp;cad=rja&amp;uact=8&amp;ved=2ahUKEwiK49-FjY_1AhWETN8KHc2HBKQQxfQBKAB6BAgEEAI&amp;url=https%3A%2F%2Fwww.lepoint.fr%2Fpolitique%2Fles-voeux-anti-houellebecquiens-d-emmanuel-macron-31-12-2021-2458769_20.php&amp;usg=AOvVaw1K5KpS5SGUAO0ZG-3T1Z5j\">Les v\u0153ux anti-houellebecquiens d\u2019Emmanuel Macron<\/a> -Le Point<\/p>\n\n\n\n<p><a href=\"https:\/\/news.google.com\/articles\/CBMilgFodHRwczovL3d3dy5zdWRvdWVzdC5mci9wb2xpdGlxdWUvZW1tYW51ZWwtbWFjcm9uL2RlY29ubmV4aW9uLWNhbmRpZGF0LWxlcy1wcmVtaWVyZXMtcmVhY3Rpb25zLXBvbGl0aXF1ZXMtYXV4LXZvZXV4LWF1eC1mcmFuY2Fpcy1kZS1tYWNyb24tNzQ5MjIwOS5waHDSAZsBaHR0cHM6Ly93d3cuc3Vkb3Vlc3QuZnIvcG9saXRpcXVlL2VtbWFudWVsLW1hY3Jvbi9kZWNvbm5leGlvbi1jYW5kaWRhdC1sZXMtcHJlbWllcmVzLXJlYWN0aW9ucy1wb2xpdGlxdWVzLWF1eC12b2V1eC1hdXgtZnJhbmNhaXMtZGUtbWFjcm9uLTc0OTIyMDkuYW1wLmh0bWw?hl=fr&amp;gl=FR&amp;ceid=FR%3Afr\">D\u00e9connexion \u00bb, \u00ab candidat \u00bb, les premi\u00e8res r\u00e9actions politiques aux v\u0153ux aux Fran\u00e7ais de Macron<\/a> (Sud Ouest)<\/p>\n\n\n\n<p><a href=\"https:\/\/aplutsoc.org\/2021\/12\/31\/une-annee-triplement-placee-sous-le-signe-du-deux-oblige-a-formuler-deux-voeux\/\">Que vivent les gr\u00e8ves, que l\u2019abstention l\u2019emporte<\/a> (Aplutsoc)<\/p>\n\n\n\n<p><a href=\"https:\/\/news.google.com\/articles\/CCAiC0RTRlZoSEU1eUdRmAEB?hl=fr&amp;gl=FR&amp;ceid=FR%3Afr\">Dans leurs v\u0153ux pour 2022, les candidats ont tous leur mani\u00e8re de dire au revoir \u00e0 Macron<\/a> (Huff Post)<\/p>\n\n\n\n<p><strong><a href=\"https:\/\/blogs.mediapart.fr\/jean-marc-b\/blog\/311221\/manifestations-de-colere-en-guadeloupe-font-liberer-elie-domota\">Manifestations de col\u00e8re en Guadeloupe font liberer Elie Domota <\/a>-Jean-Marc B<\/strong><\/p>\n\n\n\n<p><strong><a href=\"https:\/\/blogs.mediapart.fr\/jean-marc-b\/blog\/301221\/liberez-elie-domota-stop-la-repression\">Lib\u00e9rez Elie Domota, stop \u00e0 la r\u00e9pression !<\/a> (NPA)<\/strong><\/p>\n\n\n\n<p><a href=\"https:\/\/aplutsoc.org\/2021\/12\/31\/hep-macron-on-ne-touche-pas-a-elie-domota\/\">Hep Macron : on ne touche pas \u00e0 Elie&nbsp;Domota.<\/a> (Aplutsoc)<\/p>\n\n\n\n<p><a href=\"https:\/\/blogs.mediapart.fr\/jean-marc-b\/blog\/301221\/avalanche-de-greves-en-cours-et-de-preavis-pour-janvier\"><strong>Av<\/strong><\/a><strong><a href=\"https:\/\/blogs.mediapart.fr\/jean-marc-b\/blog\/301221\/avalanche-de-greves-en-cours-et-de-preavis-pour-janvier\">alanche de gr\u00e8ves en cours et de pr\u00e9avis pour Janvier ! <\/a>(Luttes Invisibles)<\/strong><\/p>\n\n\n\n<p><a href=\"https:\/\/solidaires.org\/Pour-nos-salaires-passons-a-l-offensive-en-greve-le-27-janvier\">Pour nos salaires, passons \u00e0 l&rsquo;offensive : en gr\u00e8ve le 27 janvier<\/a> (Solidaires)<\/p>\n\n\n\n<p><a href=\"https:\/\/info.mediapart.fr\/optiext\/optiextension.dll?ID=u23u1%2B2c8vXehr7N9u58q8BKfmjkrr0aojOUrhc_sO%2BJeMIKCm1lCLPbAD6lkYG4TC4h1l_ON_1kVuFNdbGK6islISGmW\">Face au \u00ab&nbsp;raz-de-mar\u00e9e&nbsp;\u00bb Omicron, l\u2019ex\u00e9cutif bat le rappel dans la confusion<\/a> (MDP)<\/p>\n\n\n\n<p><a href=\"https:\/\/blogs.mediapart.fr\/jean-marc-b\/blog\/301221\/la-cagnotte-et-la-fete-nanterre\">La cagnotte et la F\u00eate \u00e0 Nanterre ! <\/a>-Jean-Marc B<\/p>\n\n\n\n<p><a href=\"https:\/\/www.francetvinfo.fr\/sante\/maladie\/coronavirus\/pass-sanitaire\/climat-de-plus-en-plus-tendu-autour-du-debat-sur-le-pass-vaccinal-des-deputes-de-la-majorite-racontent-les-violences-et-menaces-qu-ils-subissent_4898759.html\">Projet de loi pass vaccinal : d\u00e9put\u00e9s de la majorit\u00e9 racontent violences et menaces qu&rsquo;ils subissent<\/a> (France Info)<\/p>\n\n\n\n<figure class=\"wp-block-image is-resized is-style-default\"><img data-recalc-dims=\"1\" loading=\"lazy\" decoding=\"async\" src=\"https:\/\/i0.wp.com\/static.mediapart.fr\/etmagine\/default\/files\/2021\/12\/28\/transports-2.jpg?resize=366%2C398&#038;ssl=1\" alt=\"transports-2\" width=\"366\" height=\"398\"\/><\/figure>\n\n\n\n<p>Analyse<\/p>\n\n\n\n<p><a href=\"https:\/\/linuxfr.org\/users\/magsoft\/journaux\/compter-automatiquement-les-mots-prononces-sur-les-chaines-d-information-continue\">Comment sont trait\u00e9s les candidats sur 4 chaines d\u2019infos<\/a> (Magsoft)<\/p>\n\n\n\n<p><a href=\"https:\/\/news.google.com\/articles\/CBMilgFodHRwczovL3d3dy5zdWRvdWVzdC5mci9wb2xpdGlxdWUvZW1tYW51ZWwtbWFjcm9uL2RlY29ubmV4aW9uLWNhbmRpZGF0LWxlcy1wcmVtaWVyZXMtcmVhY3Rpb25zLXBvbGl0aXF1ZXMtYXV4LXZvZXV4LWF1eC1mcmFuY2Fpcy1kZS1tYWNyb24tNzQ5MjIwOS5waHDSAZsBaHR0cHM6Ly93d3cuc3Vkb3Vlc3QuZnIvcG9saXRpcXVlL2VtbWFudWVsLW1hY3Jvbi9kZWNvbm5leGlvbi1jYW5kaWRhdC1sZXMtcHJlbWllcmVzLXJlYWN0aW9ucy1wb2xpdGlxdWVzLWF1eC12b2V1eC1hdXgtZnJhbmNhaXMtZGUtbWFjcm9uLTc0OTIyMDkuYW1wLmh0bWw?hl=fr&amp;gl=FR&amp;ceid=FR%3Afr\">D\u00e9connexion \u00bb, \u00ab candidat \u00bb, les premi\u00e8res r\u00e9actions politiques aux v\u0153ux aux Fran\u00e7ais de Macron<\/a> (Sud Ouest)<\/p>\n\n\n\n<p><a href=\"https:\/\/blogs.mediapart.fr\/edition\/lhebdo-du-club\/article\/301221\/hebdo-113-ce-que-le-travail-des-eboueurs-nous-dit-du-capitalisme-entretien-avec-jeann?utm_source=20211230&amp;utm_medium=email&amp;utm_campaign=LETTRECLUB&amp;utm_content=&amp;utm_term=&amp;xtor=EREC-83\">Ce que le travail des \u00e9boueurs nous dit du capitalisme-entretien-avec-Jeanne Guien<\/a> (Livia Garrigue)<\/p>\n\n\n\n<p><a href=\"https:\/\/www.lemediatv.fr\/emissions\/2021\/la-guerre-des-grands-medias-contre-les-mouvements-sociaux-gu2Muxr4SB6MIAkSvklTsQ\">La guerre des grands m\u00e9dias contre les mouvements sociaux<\/a> (Le M\u00e9dia)<\/p>\n\n\n\n<p><a href=\"https:\/\/www.contretemps.eu\/dont-look-up-netflix-capitalisme-technologie\/\">\u00ab Don\u2019t Look Up \u00bb : regarder Netflix en attendant la fin du monde ?<\/a> (Contretemps)<\/p>\n\n\n\n<p><a href=\"https:\/\/www.contretemps.eu\/sociologie-entretien-burawoy-marchandisation-marx-polanyi\/\">\u00c0 quoi bon la sociologie si elle n\u2019est pas engag\u00e9e ? Entretien avec Michael Burawoy<\/a> (Contretemps)&nbsp;<\/p>\n\n\n\n<figure class=\"wp-block-image is-resized is-style-default\"><img data-recalc-dims=\"1\" loading=\"lazy\" decoding=\"async\" src=\"https:\/\/i0.wp.com\/www.acrimed.org\/IMG\/jpg\/colloghan3-2.jpg?resize=389%2C340&#038;ssl=1\" alt=\"\" width=\"389\" height=\"340\"\/><\/figure>\n\n\n\n<p><a href=\"https:\/\/lenumerozero.info\/Connaitre-l-extreme-droite-pour-mieux-la-combattre-5-Generation-identitaire-5486\">Conna\u00eetre l&rsquo;extr\u00eame-droite pour mieux la combattre #5. G\u00e9n\u00e9ration identitaire<\/a> (N\u00b0 Z\u00e9ro)<\/p>\n\n\n\n<p><a href=\"https:\/\/info.mediapart.fr\/optiext\/optiextension.dll?ID=u23uXtsSi23a0f7oNeOcylehCOiuhw9LiCjuGwK204guwHzeCDVU2xGJeqe6oZ%2BBt1g17Nsx1MF%2BnxDPIMRS2uL0ucuKJ\">Revisiter le Moyen \u00c2ge, pour l\u2019arracher aux mythes nationaux<\/a> (MDP)<\/p>\n\n\n\n<p><a href=\"http:\/\/cqfd-journal.org\/Pour-une-politique-des\">Pour une politique des soul\u00e8vements terrestres<\/a> (CQFD)<\/p>\n\n\n\n<p><a href=\"https:\/\/www.lefigaro.fr\/vox\/politique\/mathieu-slama-un-etat-d-exception-qui-dure-depuis-deux-ans-n-est-plus-un-etat-d-exception-20211228\">Un \u00e9tat d&rsquo;exception qui dure depuis deux ans n&rsquo;est plus un \u00e9tat d&rsquo;exception<\/a> (Figaro Vox)<\/p>\n\n\n\n<p><a href=\"https:\/\/www.contretemps.eu\/sociologie-entretien-burawoy-marchandisation-marx-polanyi\/\">\u00c0 quoi bon la sociologie si elle n\u2019est pas engag\u00e9e ? Entretien avec Michael Burawoy<\/a> (Contretemps)&nbsp;<\/p>\n\n\n\n<p><a href=\"https:\/\/blogs.mediapart.fr\/jean-marc-b\/blog\/301221\/2021-sous-macron-la-guerre-aux-proletaires-le-pactole-aux-actionnaires\">2021 sous Macron : la guerre aux prol\u00e9taires, le pactole aux actionnaires ! <\/a>(A &amp; R)<\/p>\n\n\n\n<p><\/p>\n\n\n\n<p><a href=\"https:\/\/info.mediapart.fr\/optiext\/optiextension.dll?ID=u23uW6AbJD8fTEOUO4yt29P4UryMmFzw37GOSVfRpIQLLIqKCoD%2BQeeDHnXs_FkIs6nbE7hI5vCYuG5Nou1DGX9uoEo01\">Dans le Bas-Rhin, l&rsquo;adieu discret \u00e0 la politique<\/a> (MDP<\/p>\n\n\n\n<p><strong><span style=\"color:#c21129\" class=\"has-inline-color\">30 d\u00e9cembre en continu<\/span><\/strong><\/p>\n\n\n\n<p><a href=\"https:\/\/info.mediapart.fr\/optiext\/optiextension.dll?ID=C_%2BC8zp06vB8t1TgZXdeL8KWEy8NbqYjxNNwseKCO9l7g7pmvqyxayfks8Q9LsL6G%2BdF591Z9zGNfXEuQpFek3syKo20K\">Omicron : pourquoi les demi-mesures du gouvernement sont risqu\u00e9es<\/a> (MDP)<\/p>\n\n\n\n<p><a href=\"https:\/\/info.mediapart.fr\/optiext\/optiextension.dll?ID=C_%2BC_6ZvcXnEE0T%2BC8xigfw5QsH7Kocs5PKGa%2BwOFJ_YcdBSuWlYCzk5FnUAWz6QF0BShlD3ElXO9ismkglYJICVhEWKQ\">Face \u00e0 Omicron, le gouvernement serre la vis pour faire peser la \u00ab&nbsp;contrainte sur les non-vaccin\u00e9s&nbsp;\u00bb<\/a> (MDP)<\/p>\n\n\n\n<p><a href=\"https:\/\/www.francetvinfo.fr\/politique\/la-france-insoumise\/videos-simulant-des-tirs-sur-macron-et-des-insoumis-deux-hommes-juges-en-comparution-immediate_4897733.html\">Vid\u00e9os simulant tirs sur Macron et des Insoumis : deux hommes jug\u00e9s en comparution imm\u00e9diate<\/a> (France Info)<\/p>\n\n\n\n<p><strong><a href=\"https:\/\/www.mediapart.fr\/journal\/france\/291221\/en-bretagne-l-etrange-business-bio-de-l-ex-patron-du-gign\">En Bretagne, l\u2019\u00e9trange business \u00abbio\u00bb de l\u2019ex-patron du GIGN<\/a> (M\u00e9diapart)<\/strong><\/p>\n\n\n\n<p><a href=\"https:\/\/www.humanite.fr\/politique\/sebastien-jumel\/passe-vaccinal-sebastien-jumel-sans-strategie-sanitaire-le-gouvernement#xtor=RSS-1\">Passe vaccinal. S\u00e9bastien Jumel : \u00ab Sans strat\u00e9gie sanitaire, le gouvernement choisit l\u2019autorit\u00e9 \u00bb<\/a> (L\u2019Humanit\u00e9)&nbsp;<\/p>\n\n\n\n<p><a href=\"https:\/\/info.mediapart.fr\/optiext\/optiextension.dll?ID=C_%2BC68rUrrRWX0ZhNEXq7vQlnfBEND1uXYzW_4CMEjR8ZGfmvpH9J1WcdLba_ddWNpiL35bYi_9Yj0k36YlBkaXus3r0m\">Complot politique \u00e0 Toulouse&nbsp;: l\u2019ex-procureur adjoint est plac\u00e9 sous le statut de t\u00e9moin assist\u00e9<\/a> (MDP)<\/p>\n\n\n\n<p><a href=\"https:\/\/info.mediapart.fr\/optiext\/optiextension.dll?ID=C_%2BC5FkLKtT_qkgd2iRZa4tk5PoMJPIcLPj2IHFQ9aGYc4uSuUMLOPcsWypgQkELmSJLdLSbmXRf%2B5WO3ousqbYHVWECU\">Les nouveaux faits d\u2019armes du d\u00e9put\u00e9 Simian, toujours prot\u00e9g\u00e9 par l\u2019Assembl\u00e9e nationale<\/a> (MDP)<\/p>\n\n\n\n<figure class=\"wp-block-image is-resized is-style-default\"><img data-recalc-dims=\"1\" loading=\"lazy\" decoding=\"async\" src=\"https:\/\/i0.wp.com\/mamot.fr\/system\/cache\/media_attachments\/files\/107\/501\/780\/170\/275\/376\/original\/7f82a87911cb0b9c.jpeg?resize=465%2C465&#038;ssl=1\" alt=\"\" width=\"465\" height=\"465\"\/><\/figure>\n\n\n\n<p>Analyse<\/p>\n\n\n\n<p><a href=\"https:\/\/info.mediapart.fr\/optiext\/optiextension.dll?ID=C_%2BC6XWjw%2B5XoLyqe1L9aB_FcXqJUCCBO6N7BfBwaUOgca4mvtWfzgvsV7oslXN27X59J8s2YJ85TVPFp0WIWPMTfc58I\">Ce que la haine des juges dit de la France qui vient<\/a> (MDP)<\/p>\n\n\n\n<p><a href=\"https:\/\/lenumerozero.info\/Connaitre-l-extreme-droite-pour-mieux-la-combattre-4-Le-Rassemblement-national-5485\">Conna\u00eetre l&rsquo;extr\u00eame-droite pour mieux la combattre #4. Le Rassemblement national<\/a>&nbsp; (N\u00b0 Z\u00e9ro)<\/p>\n\n\n\n<figure class=\"wp-block-image is-resized is-style-default\"><img data-recalc-dims=\"1\" loading=\"lazy\" decoding=\"async\" src=\"https:\/\/i0.wp.com\/mamot.fr\/system\/media_attachments\/files\/107\/489\/793\/578\/087\/777\/original\/0b9603644a3cc6bc.png?resize=365%2C343&#038;ssl=1\" alt=\"\" width=\"365\" height=\"343\"\/><\/figure>\n\n\n\n<p><a href=\"https:\/\/vert.eco\/articles\/2021-bonnes-nouvelles-ou-presque-en-2021\">2021 bonnes nouvelles (ou presque) en 2021<\/a> (vert eco)&nbsp;<\/p>\n\n\n\n<p><a href=\"https:\/\/www.contretemps.eu\/crise-ecologie-climat-syndicalisme\/\">Construire l\u2019\u00e9co-syndicalisme<\/a> (Contretemps)&nbsp;<\/p>\n\n\n\n<p><a href=\"https:\/\/lecourrierdesstrateges.fr\/2021\/12\/28\/la-diplomatie-francaise-vue-par-le-media-britannique-spiked-cest-mechant-et-en-plein-dans-la-cible\/?utm_source=mailpoet&amp;utm_medium=email&amp;utm_campaign=les-derniers-articles-du-courrier-des-strateges_164\">Diplomatie fran\u00e7aise vue par m\u00e9dia britannique SPIKED&nbsp;: m\u00e9chant et plein dans la cible<\/a> (Courrier des Strat\u00e8ges)<\/p>\n\n\n\n<p><a href=\"https:\/\/youtu.be\/0B7noCznZ2A\">Bilan g\u00e9opolitique 2021 <\/a>&nbsp;(Pascal Boniface)<\/p>\n\n\n\n<p><a href=\"https:\/\/la-bas.org\/la-bas-magazine\/entretiens\/serge-klarsfeld-eric-zemmour-promeut-des-theses-bestiales-comme-les-nazis\">Serge Klarsfeld&nbsp;: \u00ab&nbsp;Zemmour promeut des th\u00e8ses bestiales, comme les nazis&nbsp;\u00bb<\/a>&nbsp; (L\u2019Humanit\u00e9)<\/p>\n\n\n\n<figure class=\"wp-block-image is-resized is-style-default\"><img loading=\"lazy\" decoding=\"async\" src=\"https:\/\/scontent-frt3-1.xx.fbcdn.net\/v\/t39.30808-6\/270249285_4646363382149063_5800051737485545372_n.jpg?_nc_cat=104&amp;ccb=1-5&amp;_nc_sid=8bfeb9&amp;_nc_ohc=2IPXyjsusZQAX-kqlEA&amp;_nc_ht=scontent-frt3-1.xx&amp;oh=00_AT9K8xs5R96MymIKU2fB-f5PqFs4dURQ1FZSHn5k-dzb2Q&amp;oe=61D26F27\" alt=\"Peut \u00eatre une image de 1 personne, lunettes et texte\" width=\"344\" height=\"402\"\/><\/figure>\n\n\n\n<p><strong><a href=\"https:\/\/info.mediapart.fr\/optiext\/optiextension.dll?ID=C_%2BC5JRLuNa%2BOwPGAlQ3f9QIgr54bnWBTYaR5WtNHWqvWR0muHiYSNd38_Kzu5amaSpq41CA8lXs8S5O2z6hTzKszJJ0T\">Karl Liebknecht contre les marchands d&rsquo;armes. Et aujourd&rsquo;hui&nbsp;?<\/a>&#8211; Villaeys-Poirr\u00e9 (MDP)<\/strong><\/p>\n\n\n\n<p><span style=\"color:#bb1125\" class=\"has-inline-color\">29 d\u00e9cembre en continu<\/span><\/p>\n\n\n\n<p><a href=\"https:\/\/blogs.mediapart.fr\/pascale-fourier\/blog\/291221\/rentree-2022-lettre-aux-parents-deleves\" target=\"_blank\" rel=\"noreferrer noopener\">Rentr\u00e9e 2022 : lettre aux parents d&rsquo;\u00e9l\u00e8ves<\/a>&nbsp;(M\u00e9diapart)<\/p>\n\n\n\n<p><strong><a href=\"https:\/\/blogs.mediapart.fr\/jean-marc-b\/blog\/281221\/mieux-que-le-cirque-zavatta-le-gouvernement-macron\">Mieux que le cirque Zavatta, le gouvernement Macron ! <\/a>(Luttes Invisibles)<\/strong><\/p>\n\n\n\n<figure class=\"wp-block-image is-resized is-style-default\"><img data-recalc-dims=\"1\" loading=\"lazy\" decoding=\"async\" src=\"https:\/\/i0.wp.com\/i.pinimg.com\/originals\/ae\/ce\/e3\/aecee362c8b774b59ec35e38a6a52c6a.gif?resize=444%2C334&#038;ssl=1\" alt=\"14 id\u00e9es de G I F | image anim\u00e9e, gif anim\u00e9, fond d'\u00e9cran t\u00e9l\u00e9phone\" width=\"444\" height=\"334\"\/><\/figure>\n\n\n\n<p><a href=\"http:\/\/t.nl.francetvinfo.fr\/r\/?id=h1da791c6,6751c817,5f2e3dd8\">Nouvelles restrictions contre le Covid-19 : l&rsquo;opposition d\u00e9nonce des \u00ab\u00a0mesures punitives\u00a0\u00bb<\/a> (France Info)<\/p>\n\n\n\n<figure class=\"wp-block-image is-resized is-style-default\"><img data-recalc-dims=\"1\" loading=\"lazy\" decoding=\"async\" src=\"https:\/\/i0.wp.com\/mamot.fr\/system\/media_attachments\/files\/107\/497\/126\/517\/767\/314\/original\/d11e812f15b387da.png?resize=431%2C359&#038;ssl=1\" alt=\"\" width=\"431\" height=\"359\"\/><\/figure>\n\n\n\n<p><a href=\"https:\/\/www.francetvinfo.fr\/sante\/maladie\/coronavirus\/covid-19-le-medef-s-inquiete-des-gros-effets-perturbateurs-du-teletravail_4896423.html\">Covid-19 : le Medef s&rsquo;inqui\u00e8te des \u00ab\u00a0gros effets perturbateurs\u00a0\u00bb du t\u00e9l\u00e9travail<\/a> (France Info)<\/p>\n\n\n\n<p><a href=\"https:\/\/www.liberation.fr\/checknews\/alexis-corbiere-et-raquel-garrido-habitent-ils-dans-un-hlm-comme-la-affirme-zemmour-20211227_ELPG3B3RDVA57GVYUC5FPTEYN4\/\">Zemmour a (encore) menti sur l\u2019occupation depuis 20 ans d\u2019un HLM par Corbi\u00e8re<\/a> (Lib\u00e9)<\/p>\n\n\n\n<figure class=\"wp-block-image is-resized is-style-default\"><img data-recalc-dims=\"1\" loading=\"lazy\" decoding=\"async\" src=\"https:\/\/i0.wp.com\/mamot.fr\/system\/media_attachments\/files\/107\/491\/724\/399\/020\/579\/original\/d591142e8222b6d9.png?resize=425%2C425&#038;ssl=1\" alt=\"\" width=\"425\" height=\"425\"\/><\/figure>\n\n\n\n<p><a href=\"https:\/\/www.revolutionpermanente.fr\/Omicron-Malgre-l-urgence-sanitaire-Macron-derriere-le-MEDEF-quoi-qu-il-en-coute\">Omicron. Malgr\u00e9 l\u2019urgence sanitaire, Macron derri\u00e8re le MEDEF \u00ab&nbsp;quoi qu\u2019il en co\u00fbte&nbsp;\u00bb<\/a>(RP)<\/p>\n\n\n\n<p><a href=\"https:\/\/www.mediapart.fr\/journal\/france\/281221\/les-nouveaux-faits-d-armes-du-depute-simian-toujours-protege-par-l-assemblee-nationale\">Les nouveaux faits d\u2019armes du d\u00e9put\u00e9 Simian, toujours prot\u00e9g\u00e9 par l\u2019Assembl\u00e9e nationale<\/a> (M\u00e9diapart)<\/p>\n\n\n\n<figure class=\"wp-block-image is-resized is-style-default\"><img loading=\"lazy\" decoding=\"async\" src=\"https:\/\/scontent.fhex4-1.fna.fbcdn.net\/v\/t39.30808-6\/p526x296\/270102192_328361392623404_1776478296181640563_n.jpg?_nc_cat=102&amp;ccb=1-5&amp;_nc_sid=8bfeb9&amp;_nc_eui2=AeEDgNpM41-g5TDN9Qma792MN8ibSosFZZs3yJtKiwVlm0FDXFc-DJCZ4a8Mn1QieA0&amp;_nc_ohc=DJyWt48xOyoAX_ZI_tq&amp;_nc_ht=scontent.fhex4-1.fna&amp;oh=00_AT8lPJOOQio82WObk9WoYwRxaNSpIb5vqKaogqE3TvJcog&amp;oe=61D1134B\" alt=\"Peut \u00eatre une image de texte\" width=\"431\" height=\"555\"\/><\/figure>\n\n\n\n<p>&nbsp;Analyse<\/p>\n\n\n\n<p><a href=\"https:\/\/www.monde-diplomatique.fr\/2022\/01\/BREVILLE\/64204\" target=\"_blank\" rel=\"noreferrer noopener\">Pourquoi la gauche perd<\/a>&nbsp;(Le Monde Diplomatique)&nbsp;<\/p>\n\n\n\n<p><a href=\"https:\/\/www.lefigaro.fr\/vox\/societe\/muriel-fabre-magnan-l-etat-de-droit-est-il-malade-du-covid-19-20211221\" target=\"_blank\" rel=\"noreferrer noopener\">L&rsquo;\u00c9tat de droit malade du Covid<\/a>&nbsp;(Figaro Vox)&nbsp;&nbsp;<\/p>\n\n\n\n<p><a href=\"https:\/\/la-bas.org\/6613\">Bakou, 1920 : l&rsquo;Internationale communiste invitait peuples colonis\u00e9s du mondeen Azerba\u00efdjan<\/a> (L\u00e0-bas si j\u2019y suis)<\/p>\n\n\n\n<p><a href=\"https:\/\/lenumerozero.info\/Epilogue-sur-le-mouvement-anti-mondialisation-5490\">Epilogue sur le mouvement anti-mondialisation<\/a> (Dijoncter)<\/p>\n\n\n\n<p><strong><a href=\"https:\/\/tendanceclaire.org\/breve.php?id=40315\">Charles Piaget: le doux r\u00eave de l\u2019autogestion politique<\/a> (vid\u00e9o Blast)<\/strong><\/p>\n\n\n\n<p><a href=\"https:\/\/lenumerozero.info\/Connaitre-l-extreme-droite-pour-mieux-la-combattre-3-Zemmour-candidat-de-la-5482\">Conna\u00eetre l&rsquo;extr\u00eame-droite pour mieux la combattre #3. Z, candidat de la bourgeoisie r\u00e9actionnaire<\/a> (N\u00b0 Z\u00e9ro)<\/p>\n\n\n\n<p><a href=\"https:\/\/info.mediapart.fr\/optiext\/optiextension.dll?ID=lPOlTYpkJ9OP8HFnXhOzeCWzZDcqN4PXe3wguYI6YqUGBmCBcx3lFLkd7gbXN1jzGl1UIyP29VlaiLsSN93vqW6uyWSB3\">Michel Desmars (1942-2021), militant de Mai<\/a> &#8211; Th\u00e9o Roumier<\/p>\n\n\n\n<p><span style=\"color:#bb1125\" class=\"has-inline-color\">28 d\u00e9cembre en continu<\/span><\/p>\n\n\n\n<p><a href=\"https:\/\/www.liberation.fr\/politique\/les-promesses-democratiques-non-tenues-demmanuel-macron-20211225_V5C7XFA3CBESBJZAF7LLBB57E4\/?xtor=EREC-25-%5BNL_quot_matin_27-12-2021%5D-&amp;actId=ebwp0YMB8s1_OGEGSsDRkNUcvuQDVN7a57ET3fWtrS-BZTnJXEpmvD3FHevHTtg-&amp;actCampaignType=CAMPAIGN_MAIL&amp;actSource=513841\">Les promesses d\u00e9mocratiques non tenues d\u2019Emmanuel Macron<\/a> (Lib\u00e9ration)<\/p>\n\n\n\n<figure class=\"wp-block-image is-resized is-style-default\"><img data-recalc-dims=\"1\" loading=\"lazy\" decoding=\"async\" src=\"https:\/\/i0.wp.com\/static.mediapart.fr\/etmagine\/default\/files\/2021\/12\/13\/milliardaires-medias.jpg?resize=254%2C158&#038;ssl=1\" alt=\"milliardaires-medias\" width=\"254\" height=\"158\"\/><\/figure>\n\n\n\n<p><a href=\"https:\/\/blogs.mediapart.fr\/jean-marc-b\/blog\/271221\/formidable-victoire-de-la-greve-generale-walllis-et-futuna\">Formidable victoire de la gr\u00e8ve g\u00e9n\u00e9rale \u00e0 Walllis et Futuna <\/a>(Luttes Invisibles)<\/p>\n\n\n\n<p><a href=\"https:\/\/www.mediapart.fr\/journal\/france\/271221\/saint-fons-pres-de-lyon-se-sentir-francais-mais-sans-plus\">\u00c0 Saint-Fons, pr\u00e8s de Lyon: se sentir fran\u00e7ais, mais \u00absans plus\u00bb<\/a> (M\u00e9diapart)&nbsp;<\/p>\n\n\n\n<figure class=\"wp-block-image is-resized is-style-default\"><img data-recalc-dims=\"1\" loading=\"lazy\" decoding=\"async\" src=\"https:\/\/i0.wp.com\/mamot.fr\/system\/media_attachments\/files\/107\/484\/469\/217\/221\/287\/original\/9c06264c102c3e5f.png?resize=409%2C357&#038;ssl=1\" alt=\"\" width=\"409\" height=\"357\"\/><\/figure>\n\n\n\n<p>Analyse<\/p>\n\n\n\n<p><a href=\"https:\/\/lvsl.fr\/les-etats-jouent-le-role-de-mecenes-du-capital-entretien-avec-paolo-gerbaudo\/\">\u00ab Les \u00c9tats jouent le r\u00f4le de m\u00e9c\u00e8nes du capital \u00bb \u2013 Entretien avec Paolo Gerbaudo<\/a> (Le Vent Se L\u00e8ve)&nbsp;<\/p>\n\n\n\n<p><a href=\"https:\/\/lvsl.fr\/nallez-plus-seulement-voter-entretien-avec-clement-pairot\/\">\u00ab N\u2019allez plus seulement voter \u00bb \u2013 Entretien avec Cl\u00e9ment Pairot<\/a> (Le Vent Se L\u00e8ve)<\/p>\n\n\n\n<figure class=\"wp-block-image is-resized is-style-default\"><img data-recalc-dims=\"1\" loading=\"lazy\" decoding=\"async\" src=\"https:\/\/i0.wp.com\/static.mediapart.fr\/etmagine\/default\/files\/2021\/12\/28\/bonne-conduite-1024x705.jpg?resize=454%2C313&#038;ssl=1\" alt=\"bonne-conduite-1024x705\" width=\"454\" height=\"313\"\/><\/figure>\n\n\n\n<p><a href=\"https:\/\/invidious.fdn.fr\/watch?v=4N0OS2f4xVg\">Les derniers maitres de la Martinique<\/a> (Invidious)<\/p>\n\n\n\n<p><a href=\"https:\/\/lenumerozero.info\/Connaitre-l-extreme-droite-pour-mieux-la-combattre-2-Zemmour-n-est-pas-que-5481\">Conna\u00eetre l&rsquo;extr\u00eame-droite pour mieux la combattre #2. Zemmour n&rsquo;est pas que raciste<\/a> (N\u00b0 Z\u00e9ro)&nbsp;<\/p>\n\n\n\n<p><a href=\"https:\/\/mars-infos.org\/notes-sur-le-mouvement-contre-la-6095\">Notes sur le mouvement contre la r\u00e9forme des retraites \u2013 Hiver 2019-2020<\/a> (Mars Info)<\/p>\n\n\n\n<p><a href=\"https:\/\/france.attac.org\/nos-publications\/lignes-d-attac\/article\/emmanuel-macron-s-installe-deliberement-sur-le-terrain-de-la-fascisation\">\u00ab&nbsp;Emmanuel Macron s\u2019installe d\u00e9lib\u00e9r\u00e9ment sur le terrain de la fascisation&nbsp;\u00bb<\/a> (Attac)<\/p>\n\n\n\n<p><a href=\"https:\/\/lvsl.fr\/jerome-sainte-marie-il-y-a-un-choc-de-depolitisation\/\">J\u00e9r\u00f4me Sainte-Marie : \u00ab Il y a un choc de d\u00e9politisation \u00bb<\/a> (Le Vent Se L\u00e8ve)<\/p>\n\n\n\n<p><strong><a href=\"https:\/\/blogs.mediapart.fr\/jean-marc-b\/blog\/271221\/et-vive-la-politique-les-guignols\">Et vive la politique ! (<\/a>Les<a href=\"https:\/\/blogs.mediapart.fr\/jean-marc-b\/blog\/271221\/et-vive-la-politique-les-guignols\"> <\/a>Guignols)<\/strong><\/p>\n\n\n\n<p><a href=\"https:\/\/www.marxiste.org\/theorie\/philosophie\/928-les-idees-de-karl-marx\">Les id\u00e9es de Karl Marx<\/a> -Alan Woods<\/p>\n\n\n\n<p><span style=\"color:#a30000\" class=\"has-inline-color\">27 d\u00e9cembre en continu<\/span> <\/p>\n\n\n\n<p><strong><a href=\"https:\/\/blogs.mediapart.fr\/ceinna-coll\/blog\/251221\/gj-acte163-paris-25122021-contretyranniesanitaire\">GJ Acte163-Paris-25\/12\/2021-ContreTyrannieSanitaire.<\/a> -Ceinna Coll<\/strong><\/p>\n\n\n\n<figure class=\"wp-block-image is-resized is-style-default\"><img loading=\"lazy\" decoding=\"async\" src=\"https:\/\/tse2.mm.bing.net\/th?id=OIP.cJoTMTdG4bPKI0p4ZR16hgHaEK&amp;pid=Api\" alt=\"th?id=OIP.cJoTMTdG4bPKI0p4ZR16hgHaEK&amp;pid=Api\" width=\"532\" height=\"299\" title=\"Les dessins de la semaine - Egalite et R\u00e9conciliation\"\/><\/figure>\n\n\n\n<p><strong><a href=\"https:\/\/blogs.mediapart.fr\/jean-marc-b\/blog\/261221\/les-greves-noel-annoncent-un-debut-2022-encore-plus-chaud\">Les gr\u00e8ves \u00e0 No\u00ebl annoncent un debut 2022 encore plus chaud <\/a>-Luttes Invisibles<\/strong><\/p>\n\n\n\n<p><a href=\"https:\/\/www.marxiste.org\/actualite-francaise\/luttes-mouvement-syndical\/2990-agressions-fascistes-en-europe-quelle-reponse-du-mouvement-ouvrier\">Agressions fascistes en Europe&nbsp;: quelle r\u00e9ponse du mouvement ouvrier&nbsp;?<\/a> (R\u00e9volution)<\/p>\n\n\n\n<p><a href=\"https:\/\/theconversation.com\/ce-que-lanalyse-des-sondages-nous-dit-de-la-candidature-avortee-de-xavier-bertrand-173917\">Ce que l\u2019analyse des sondages nous dit de la candidature avort\u00e9e de Xavier Bertrand<\/a> (The Conversation)&nbsp;<\/p>\n\n\n\n<p><a href=\"https:\/\/www.francetvinfo.fr\/monde\/europe\/union-europeenne\/les-francais-plus-mefiants-vis-a-vis-de-leurope-que-les-allemands-et-les-italiens-selon-une-etude_4894399.html\">Les Fran\u00e7ais plus m\u00e9fiants vis-\u00e0-vis de l\u2019Europe que les Allemands et les Italiens, selon une \u00e9tude<\/a> (France Info)<\/p>\n\n\n\n<p>Analyse<\/p>\n\n\n\n<p><a href=\"https:\/\/theconversation.com\/la-gauche-francaise-vit-elle-son-tournant-americain-174065\">La gauche fran\u00e7aise vit-elle son tournant am\u00e9ricain&nbsp;?<\/a> (The Conversation)<\/p>\n\n\n\n<figure class=\"wp-block-image is-resized is-style-default\"><img data-recalc-dims=\"1\" loading=\"lazy\" decoding=\"async\" src=\"https:\/\/i0.wp.com\/static.mediapart.fr\/etmagine\/default\/files\/2021\/12\/20\/ah-taubira-taubira-taubira-les-listes-de-gauche-a-la-lanterne-768x830.jpg?resize=401%2C433&#038;ssl=1\" alt=\"ah-taubira-taubira-taubira-les-listes-de-gauche-a-la-lanterne-768x830\" width=\"401\" height=\"433\"\/><\/figure>\n\n\n\n<p><a href=\"https:\/\/www.alternatives-economiques.fr\/\/alerte-rouge-services-publics\/00101568?utm_source=emailing&amp;utm_medium=email&amp;utm_campaign=hebdo_abo&amp;utm_content=26122021\">Alerte rouge sur les services publics<\/a> (Alternatives Economiques)<\/p>\n\n\n\n<p><strong><a href=\"https:\/\/blogs.mediapart.fr\/jean-marc-b\/blog\/261221\/le-boycott-deconstituant-une-revolution-copernicienne-par-alain-dubois\">Le boycott d\u00e9constituant, une r\u00e9volution copernicienne <\/a>-Alain Dubois<\/strong><\/p>\n\n\n\n<figure class=\"wp-block-image is-resized is-style-default\"><img data-recalc-dims=\"1\" loading=\"lazy\" decoding=\"async\" src=\"https:\/\/i0.wp.com\/static.mediapart.fr\/etmagine\/default\/files\/2021\/12\/22\/2021-12-22-18-08-39-window.png?resize=337%2C454&#038;ssl=1\" alt=\"2021-12-22-18-08-39-window\" width=\"337\" height=\"454\"\/><\/figure>\n\n\n\n<p><a href=\"https:\/\/lenumerozero.info\/De-Firminy-a-Saint-Etienne-la-grande-route-de-l-emeute-1910-1911\">De Firminy \u00e0 Saint \u00c9tienne : la grande route de l\u2019\u00e9meute (1910-1911)<\/a> (N\u00b0 Z\u00e9ro)<\/p>\n\n\n\n<p><span style=\"color:#a30000\" class=\"has-inline-color\">26 d\u00e9cembre en continu<\/span><\/p>\n\n\n\n<p><strong><a href=\"https:\/\/www.mediapart.fr\/journal\/france\/261221\/nucleaire-importante-fuite-radioactive-la-centrale-du-tricastin\">Importante fuite radioactive \u00e0 la centrale du Tricastin<\/a> (MDP)<\/strong><\/p>\n\n\n\n<figure class=\"wp-block-image is-resized is-style-default\"><img data-recalc-dims=\"1\" loading=\"lazy\" decoding=\"async\" src=\"https:\/\/i0.wp.com\/reporterre.net\/local\/cache-vignettes\/L720xH480\/arton24189-a94ce.jpg?resize=443%2C295&#038;ssl=1\" alt=\"Corrosion et fissures\u00a0: les quatre plus gros r\u00e9acteurs nucl\u00e9aires fran\u00e7ais \u00e0 l'arr\u00eat\" width=\"443\" height=\"295\"\/><figcaption><sub> 4 r\u00e9acteurs ont \u00e9t\u00e9 mis \u00e0 l\u2019arr\u00eat, \u00e0 Civaux et \u00e0 Chooz, en raison d\u2019une d\u00e9faillance sur une pi\u00e8ce <\/sub><br><sub>essentielle. De nombreuses incertitudes persistent sur les cons\u00e9quences de cette d\u00e9couverte.<\/sub><\/figcaption><\/figure>\n\n\n\n<p><strong><a href=\"https:\/\/www.ldh-france.org\/15-decembre-2021-tribune-250-professionnels-de-la-presse-de-la-television-et-de-la-radio-alertent-lhyperconcentration-des-medias-est-un-fleau-mediatique-social-et-democratique\/\" target=\"_blank\" rel=\"noreferrer noopener\">L\u2019hyperconcentration des m\u00e9dias est un fl\u00e9au m\u00e9diatique, social et d\u00e9mocratique<\/a>&nbsp;(LDH)<\/strong><\/p>\n\n\n\n<p><strong><a href=\"https:\/\/blogs.mediapart.fr\/marcuss\/blog\/231221\/christiane-taubira-une-candidature-sociale-liberale\">Christiane Taubira, une candidature sociale-lib\u00e9rale<\/a>&nbsp;&nbsp; (M\u00e9diapart)<\/strong><\/p>\n\n\n\n<p><a href=\"https:\/\/lanticapitaliste.org\/actualite\/politique\/la-campagne-roussel-un-tournant-droite-pour-le-pcf\"><strong>Pr<\/strong><\/a><strong><a href=\"https:\/\/lanticapitaliste.org\/actualite\/politique\/la-campagne-roussel-un-tournant-droite-pour-le-pcf\">\u00e9sidentielle (France) \u2014 La campagne Roussel : un tournant \u00e0 droite pour le PCF<\/a> -Laurent Ripart<\/strong><\/p>\n\n\n\n<p><a href=\"http:\/\/n0jz.mjt.lu\/lnk\/AM8AALjzZNcAAcpVqTIAAJthy60AATvgfqIAHmewAAmDVABhxuB9TB7NTksCRYukZG_2OalisgAJA84\/3\/ZKIDw7Bgm_rWjQNapwbdrg\/aHR0cHM6Ly93d3cubGVtZWRpYXR2LmZyL2VtaXNzaW9ucy8yMDIxLzIwMjEtYmlsYW4tZHVuZS1hbm5lZS1kZS1jcmlzZXMtZXQtZGUtY29tYmF0cy1jb250cmUtbWF0aW5hbGUtNjItMDJSSS1MTTNRdEdrVS1zWGZCUnlYdw\">2021 : Bilan d&rsquo;une ann\u00e9e de crises et de combats <\/a>(Contre-Matinale #62)<\/p>\n\n\n\n<figure class=\"wp-block-image is-resized is-style-default\"><img loading=\"lazy\" decoding=\"async\" src=\"https:\/\/scontent.fhex4-1.fna.fbcdn.net\/v\/t39.30808-6\/269876314_618234919420766_8105943767928501284_n.jpg?_nc_cat=101&amp;_nc_rgb565=1&amp;ccb=1-5&amp;_nc_sid=730e14&amp;_nc_ohc=Q03UqqqUT1EAX9btObV&amp;tn=aG1erXujvrTcHyrO&amp;_nc_ht=scontent.fhex4-1.fna&amp;oh=00_AT-Vx4NredIRPIIqVCijOmFmhW5tnECfHKY4NbMpWJCaMw&amp;oe=61CBADCB\" alt=\"Peut \u00eatre une image de 3 personnes et texte qui dit \u2019Emmanuelle Gave #montchalin SOUTIEN \u00c0 AMELIE DE MONTCHALIN Il est inadmissible qu'une ministre soit emp\u00each\u00e9e de voyager dans un avion de ligne au motif qu'elle ne peut pr\u00e9senter son pass sanitaire, s'en estimant \u00e0 juste titre dispens\u00e9e de par son rang. Ce traitement humiliant devrait \u00eatre r\u00e9serv\u00e9 au peuple.\u2019\" width=\"339\" height=\"499\"\/><\/figure>\n\n\n\n<p>Analyse<\/p>\n\n\n\n<p><a href=\"https:\/\/www.cadtm.org\/La-pandemie-du-coronavirus-a-renforce-le-fosse-entre-Nord-global-et-Sud-global\">La pand\u00e9mie du coronavirus a renforc\u00e9 le foss\u00e9 entre Nord global et Sud global<\/a> &#8211; Eric Toussaint<\/p>\n\n\n\n<p><a href=\"http:\/\/n0jz.mjt.lu\/lnk\/AM8AALjzZNcAAcpVqTIAAJthy60AATvgfqIAHmewAAmDVABhxuB9TB7NTksCRYukZG_2OalisgAJA84\/22\/DFC9DEON1HGh4V0jN3aKSQ\/aHR0cHM6Ly93d3cubGVtZWRpYXR2LmZyL2VtaXNzaW9ucy8yMDIxL2Rlcy1ncmFuZHMtcmVjaXRzLWF1eC1jb25zcGlzLWxhLWdyYW5kZS1jcmlzZS1kdS1zZW5zLUJXUUpiWk1IUmJDM2VLbTJJbzNMb3c\">Des grands r\u00e9cits aux conspis : La grande crise du sens<\/a> (vid\u00e9o Johann Chapoutot )<\/p>\n\n\n\n<p><a href=\"https:\/\/blogs.mediapart.fr\/jean-marc-b\/blog\/251221\/les-escrocs-au-pouvoir-soccupent-de-votre-sante\">Les escrocs au pouvoir s&rsquo;occupent de votre sant\u00e9 <\/a>(La rel\u00e8ve et la peste)<\/p>\n\n\n\n<p><a href=\"https:\/\/blogs.mediapart.fr\/jean-marc-b\/blog\/251221\/l-inquietude-militante-par-daniel-bensaid\">\u00ab L\u2019inqui\u00e9tude militante \u00bb &#8211;<\/a>Daniel Bensa\u00efd&nbsp;<\/p>\n\n\n\n<p><a href=\"https:\/\/info.mediapart.fr\/optiext\/optiextension.dll?ID=QijQoBnZCNM1M8z%2BQqVkLx5ibYE5N2X%2BJ_7nztUSwROHWXuAJyFWdOuG7DLTBpZoTvbkJfH%2BVqFyYvLG87h4hmh_dLhsB\">De la n\u00e9cessit\u00e9 d&rsquo;une parole antivalidiste<\/a> ( <a href=\"https:\/\/info.mediapart.fr\/optiext\/optiextension.dll?ID=RjiRlJ4tJMOa1U_dTIRLYxbXnHcnXCCMWwWDcwnw5hkYKoa7InMazpQSZa0ETt0d4EjygDdDaQwQOMGP8I0YhrE9X9fBW\">di\u00e8ses<\/a>)<\/p>\n\n\n\n<p><a href=\"https:\/\/blogs.mediapart.fr\/michael-lowy\/blog\/241221\/marxismes-et-christianismes\">Marxismes et christianismes<\/a> -Michael Lowy<\/p>\n\n\n\n<p><a href=\"https:\/\/blogs.mediapart.fr\/geographies-en-mouvement\/blog\/211221\/bruno-latour-ecologie-du-vide\">Bruno Latour, \u00e9cologie du vide<\/a> -G\u00e9ographies en mouvement<\/p>\n\n\n\n<p><a href=\"https:\/\/lenumerozero.info\/Connaitre-l-extreme-droite-pour-mieux-la-combattre-1-Generation-Z-5479\">Conna\u00eetre l\u2019extr\u00eame-droite pour mieux la combattre #1. G\u00e9n\u00e9ration (\u2026) <\/a>(N\u00b0 Z\u00e9ro)<\/p>\n\n\n\n<figure class=\"wp-block-image size-full is-resized\"><img data-recalc-dims=\"1\" loading=\"lazy\" decoding=\"async\" src=\"https:\/\/i0.wp.com\/www.rdpemancipation.org\/wp-content\/uploads\/2021\/12\/image-115.png?resize=317%2C422&#038;ssl=1\" alt=\"\" class=\"wp-image-63294\" width=\"317\" height=\"422\" srcset=\"https:\/\/i0.wp.com\/www.rdpemancipation.org\/wp-content\/uploads\/2021\/12\/image-115.png?w=392&amp;ssl=1 392w, https:\/\/i0.wp.com\/www.rdpemancipation.org\/wp-content\/uploads\/2021\/12\/image-115.png?resize=225%2C300&amp;ssl=1 225w\" sizes=\"auto, (max-width: 317px) 100vw, 317px\" \/><\/figure>\n\n\n\n<p><a href=\"https:\/\/blogs.mediapart.fr\/jean-marc-b\/blog\/261221\/faut-il-encore-laisser-les-enfants-croire-au-pere-noel-jean-casanova-0\">Faut-il encore laisser les enfants croire au P\u00e8re No\u00ebl ? <\/a>-Jean Casanova<\/p>\n\n\n\n<figure class=\"wp-block-image is-resized is-style-default\"><img data-recalc-dims=\"1\" loading=\"lazy\" decoding=\"async\" src=\"https:\/\/i0.wp.com\/i.pinimg.com\/originals\/25\/82\/73\/258273677488f98eab29db807902cd30.jpg?resize=433%2C306&#038;ssl=1\" alt=\"258273677488f98eab29db807902cd30.jpg\" width=\"433\" height=\"306\"\/><\/figure>\n\n\n\n<p><a href=\"https:\/\/lvsl.fr\/christiane-taubira-leternel-retour-de-la-gauche-liberale\/\">Les nouveaux habits branch\u00e9s de la bourgeoisie<\/a> (Le Vent Se L\u00e8ve)<\/p>\n\n\n\n<figure class=\"wp-block-image is-resized is-style-default\"><img loading=\"lazy\" decoding=\"async\" src=\"https:\/\/i1.wp.com\/www.anti-k.org\/wp-content\/uploads\/2021\/12\/noel-3.jpg?fit=580%2C580&amp;ssl=1\" alt=\"noel 3\" width=\"382\" height=\"382\"\/><\/figure>\n\n\n\n<p><span style=\"color:#a30000\" class=\"has-inline-color\">25 d\u00e9cembre en continu<\/span><\/p>\n\n\n\n<p><strong><a href=\"https:\/\/blogs.mediapart.fr\/jean-marc-b\/blog\/241221\/il-ny-jamais-eu-autant-de-luttes-noel\">Il n&rsquo;y a jamais eu autant de luttes a No\u00ebl ! <\/a>(Luttes Invisibles)<\/strong><\/p>\n\n\n\n<p><strong><a href=\"https:\/\/www.lemediatv.fr\/emissions\/2021\/francafrique-les-reseaux-macron-ont-ils-eu-la-peau-de-bollore-2LdjCEzdRZasWCuod_tPPw\">Fran\u00e7afrique : les r\u00e9seaux Macron ont-ils eu la peau de Bollor\u00e9 ?<\/a> (Le M\u00e9dia)<\/strong><\/p>\n\n\n\n<p><a href=\"https:\/\/www.mediapart.fr\/journal\/international\/241221\/bruxelles-des-francais-plus-influents-mais-toujours-eclipses-par-berlin\">\u00c0 Bruxelles, des Fran\u00e7ais plus influents, mais toujours \u00e9clips\u00e9s par Berlin<\/a> (M\u00e9diapart)<\/p>\n\n\n\n<p><a href=\"https:\/\/cqfd-journal.org\/Se-reapproprier-le-terme-de\">\u00ab Se r\u00e9approprier le terme de \u201clibert\u00e9\u201d \u00bb <\/a>(CQFD)<\/p>\n\n\n\n<p><a href=\"https:\/\/www.laselectiondujour.com\/index.php?143477&amp;lsdj=335296\">Pr\u00e9sidentielles: Pourquoi faut-il encore 500 signatures&nbsp;?<\/a> LSDJ)<\/p>\n\n\n\n<p><a href=\"https:\/\/www.youtube.com\/watch?v=z_oq8gnZE2A\">Macron (Discours), Moretti (Pognon), Hidalgo (Espoir<\/a>) &nbsp;(JSPC)<\/p>\n\n\n\n<p><a href=\"https:\/\/www.mediapart.fr\/journal\/france\/241221\/francois-fillon-rejoint-de-nouveau-un-geant-de-la-petrochimie-russe\">Fran\u00e7ois Fillon rejoint de nouveau un g\u00e9ant de la p\u00e9trochimie russe<\/a> par Agence France-Presse (M\u00e9diapart)<\/p>\n\n\n\n<p><a href=\"https:\/\/la-bas.org\/6621\">La folle semaine des R\u00e9publicains (et leurs petites casseroles)<\/a> (L\u00e0-bas si j\u2019y suis)<\/p>\n\n\n\n<p><a href=\"https:\/\/www.revolutionpermanente.fr\/Mali-L-imperialisme-francais-au-bord-d-une-humiliation\">Mali. L\u2019imp\u00e9rialisme fran\u00e7ais au bord d\u2019une humiliation<\/a> (RP)<\/p>\n\n\n\n<p>Analyse<\/p>\n\n\n\n<p><strong><a href=\"https:\/\/blogs.mediapart.fr\/jean-marc-b\/blog\/241221\/l-amour-plus-fort-que-le-capital-nicolas-framont\">L\u2019amour plus fort que le capital ? <\/a>-Nicolas Framont<\/strong><\/p>\n\n\n\n<p><a href=\"https:\/\/theconversation.com\/quel-est-le-territoire-de-vie-ideal-des-francais-quelques-reponses-aux-questions-que-tout-le-monde-se-pose-173020\">Le territoire de vie id\u00e9al des Fran\u00e7ais ? Quelques r\u00e9ponses<\/a> (The Conversation)&nbsp;<\/p>\n\n\n\n<p><a href=\"https:\/\/www.lemediatv.fr\/emissions\/2021\/2022-vers-une-bonne-grosse-guerre-7iQukRmiRbKq-kEoDuO--g\">2022 : vers une \u00ab\u00a0bonne grosse\u00a0\u00bb guerre ?<\/a> (Le M\u00e9dia)<\/p>\n\n\n\n<p><a href=\"https:\/\/info.mediapart.fr\/optiext\/optiextension.dll?ID=cGHcLvtleI0CL2fAJ75oMODWFAxWtOFtQttjRD_JkvKff0eslnivvrDKxl86%2B4Am3I8SR_%2BVJu_yfPnCtmC_GXMb222c3\">Guillaume Mazeau : \u00ab Les discours identitaires sont contraires \u00e0 la d\u00e9marche historique \u00bb<\/a> (MDP)<\/p>\n\n\n\n<p><a href=\"https:\/\/www.revolutionpermanente.fr\/Anti-raciste-Quand-Christiane-Taubira-defendait-les-tests-osseux-sur-les-personnes-migrantes\">Anti-raciste&nbsp;? Quand Christiane Taubira d\u00e9fendait les tests osseux sur les personnes migrantes<\/a> (RP)&nbsp;<\/p>\n\n\n\n<p><a href=\"https:\/\/www.monde-diplomatique.fr\/2021\/12\/BREVILLE\/64127\">Les \u00e9cologistes \u00e0 l&rsquo;\u00e9preuve du pouvoir<\/a> (Le Monde Diplomatique)<\/p>\n\n\n\n<p><span style=\"color:#a30000\" class=\"has-inline-color\">24 d\u00e9cembre en continu<\/span><\/p>\n\n\n\n<p><strong><a href=\"https:\/\/reporterre.net\/La-lutte-paye-plus-de-20-victoires-sur-le-front-ecolo\">La lutte paye&nbsp;: plus de 20 victoires sur le front \u00e9colo<\/a> (Reporterre)<\/strong>&nbsp;<\/p>\n\n\n\n<p><a href=\"https:\/\/tendanceclaire.org\/breve.php?id=40294\">Eric Coquerel sur LCI<\/a> (vid\u00e9o)<\/p>\n\n\n\n<p><strong><a href=\"https:\/\/www.facebook.com\/watch\/?v=2991131784535228&amp;aggr_v_ids%5B0%5D=2991131784535228&amp;notif_id=1640259658813646&amp;notif_t=watch_follower_video&amp;ref=notif\">Ga\u00ebl Quirante: contre un monde r\u00e9gi par le profit, on va gagner !<\/a> (vid\u00e9o NPA92)<\/strong><\/p>\n\n\n\n<p><a href=\"https:\/\/www.mediapart.fr\/journal\/france\/231221\/pour-ne-pas-froisser-bollore-les-editions-plon-renoncent-publier-une-enquete-sur-zemmour\">Pour ne pas froisser Bollor\u00e9, les \u00e9ditions Plon renoncent \u00e0 publier une enqu\u00eate sur Zemmour<\/a> (M\u00e9diapart)&nbsp;<\/p>\n\n\n\n<figure class=\"wp-block-image is-resized is-style-default\"><img data-recalc-dims=\"1\" loading=\"lazy\" decoding=\"async\" src=\"https:\/\/i0.wp.com\/static.mediapart.fr\/etmagine\/default\/files\/2021\/12\/10\/191029-eric-zemmour-large-full.jpg?resize=313%2C313&#038;ssl=1\" alt=\"191029-eric-zemmour-large-full\" width=\"313\" height=\"313\"\/><\/figure>\n\n\n\n<p><a href=\"https:\/\/tendanceclaire.org\/breve.php?id=40293\">Bordeaux en luttes en crise : placardisation, d\u00e9mission de Boudinet, Poutou somm\u00e9 de s\u2019expliquer<\/a> (TC)<\/p>\n\n\n\n<p><a href=\"https:\/\/www.google.com\/url?rct=j&amp;sa=t&amp;url=https:\/\/nouveaupartianticapitaliste.org\/videos\/poing-dactu-de-philippe-poutou-ndeg11-lunite-oui-mais-avec-qui-quel-programme-quels-combats&amp;ct=ga&amp;cd=CAEYACoTMjYxNTA0OTk5ODk2ODg3MTUzMTIaNzljZmU0ZDA2ZmQ3YjljMjpjb206ZnI6VVM&amp;usg=AFQjCNEeD0cJvqiKlqOUS_M3e2hefQs27g\">Poing d&rsquo;actu de Philippe Poutou: L&rsquo;unit\u00e9, oui ! Mais avec qui, quel programme, quels combats ? &#8211;<\/a>vid\u00e9o<\/p>\n\n\n\n<figure class=\"wp-block-image is-resized is-style-default\"><img data-recalc-dims=\"1\" loading=\"lazy\" decoding=\"async\" src=\"https:\/\/i0.wp.com\/static.mediapart.fr\/etmagine\/default\/files\/2021\/12\/21\/2021-12-21-09-17-18-window.png?resize=350%2C341&#038;ssl=1\" alt=\"2021-12-21-09-17-18-window\" width=\"350\" height=\"341\"\/><\/figure>\n\n\n\n<p>Analyse<\/p>\n\n\n\n<p><a href=\"https:\/\/lanticapitaliste.org\/actualite\/politique\/comment-financer-les-partis-politiques-episode-2\">Comment financer les partis politiques\u2009? (\u00c9pisode 2)<\/a> (L\u2019Anticapitaliste)<\/p>\n\n\n\n<p><a href=\"https:\/\/blogs.mediapart.fr\/jean-marc-b\/blog\/231221\/de-la-depossession-la-reappropriation-un-communisme-de-la-propriete-isabelle-garo\">De la d\u00e9possession \u00e0 la r\u00e9appropriation: un communisme de la propri\u00e9t\u00e9 &#8211;<\/a>Isabelle Garo<\/p>\n\n\n\n<p><a href=\"https:\/\/www.lemediatv.fr\/emissions\/2021\/pass-vaccinal-jusquou-ira-la-derive-autoritaire-MHyI9E6eQsWbKu9Od-mRgw\">Pass vaccinal : jusqu&rsquo;o\u00f9 ira la d\u00e9rive autoritaire ?<\/a> (Le M\u00e9dia)<\/p>\n\n\n\n<figure class=\"wp-block-image is-style-default\"><img data-recalc-dims=\"1\" decoding=\"async\" src=\"https:\/\/i0.wp.com\/media1.giphy.com\/media\/NexU6u18if3BQlPLxo\/giphy.gif?w=1200&#038;ssl=1\" alt=\"Jean Castex GIFs - Get the best GIF on GIPHY\"\/><\/figure>\n\n\n\n<p><a href=\"https:\/\/www.acrimed.org\/Francois-Pinault-rends-l-argent\">Fran\u00e7ois Pinault, rends l&rsquo;argent !<\/a> (Acrimed)&nbsp;<\/p>\n\n\n\n<p><a href=\"https:\/\/la-bas.org\/6619\">Fr\u00e9d\u00e9ric Lordon : \u00ab le capitalisme nous d\u00e9truit, d\u00e9truisons le capitalisme \u00bb (2\/2)<\/a> ( L\u00e0-bas si j\u2019y suis)<\/p>\n\n\n\n<p><a href=\"https:\/\/newsletter.liberation.fr\/m\/surl\/200138\/513765\/27AbVwmW4bVeYr_iPidLn3FKF-B12viezBEiZxMr5xU=\/link_27\/6nv8kkqJPtVS7DdGsyqs--NfB0LgRN-6E4oQovd0pnB7tKUdBkmikTMlFAIMo7IFzgZU+TWMiulZ6R+fJ5JpeEksecSZf8jwLdcff427RUM6bORYa5x07Bk44ofdxu-IzWFingvZoRhVGR7sgYtXrHI98+OZRruoq1nML15AJZyneoVxRNvKW8dWPBxTEnZz2u1yfbkgYLxyR3Ib3bS6SoJ+B+ii1pkPZPJbPIeehQdF9FR42VezPnuG1ZK64z-VCBt5IVBaz-ibIgmEA-JjpKmL5MpyqbAhL4PF28K4k84-1U9Z2y-xGwwSn5GPo0anz65lv6jDEavAzHDlH01XfTv-Gb5RCG5lBLy4yeU0BuMBcT3AyYBP+BXNbnGBmtp6JX5bDbw2jZbWK6JqXGrapfihD-OSiEbmrl-uXh8QnwQCjnReLeOgPC+XNq1YG52o\">Fachosph\u00e8re&nbsp; \u00abLa Furia\u00bb, nouveau magazine pour regarder les choses en faf<\/a> (Lib\u00e9)<\/p>\n\n\n\n<pre class=\"wp-block-preformatted\">Baguette et b\u00e9ret: <em>\u00ab&nbsp;\u00catre Fran\u00e7ais, c\u2019est avoir un sapin de No\u00ebl, c\u2019est manger du foie gras, c\u2019est \u00e9lire Miss France et c\u2019est le Tour de France.&nbsp;\u00bb<\/em>&nbsp;(12\/12\/2021, France 3)<strong> <\/strong>Val\u00e9rie P\u00e9cresse<\/pre>\n\n\n\n<p><a href=\"http:\/\/www.regards.fr\/la-midinale\/article\/ceux-qui-portent-la-social-ecologie-n-ont-pas-trouve-le-recit-qui-repond-aux\">\u00ab Ceux qui portent la social-\u00e9cologie n&rsquo;ont pas trouv\u00e9 le r\u00e9cit qui r\u00e9pond aux angoisses des gens \u00bb<\/a> (Regards)&nbsp;<\/p>\n\n\n\n<p><a href=\"https:\/\/lvsl.fr\/il-faut-accepter-que-lhistoire-de-lafrique-secrive-sans-la-france-entretien-avec-thomas-borrel-et-thomas-deltombe\/\">Il faut accepter que l\u2019histoire de l\u2019Afrique s\u2019\u00e9crive sans la France \u2013 Thomas Borrel et Thomas Deltombe<\/a> (LVSL)<\/p>\n\n\n\n<p>&nbsp;<span style=\"color:#a30000\" class=\"has-inline-color\">23 d\u00e9cembre en continu<\/span><\/p>\n\n\n\n<p><a href=\"https:\/\/blogs.mediapart.fr\/jean-marc-b\/blog\/221221\/des-greves-gagnantes-qui-preparent-la-generale-en-janvier\">Des gr\u00e8ves gagnantes qui pr\u00e9parent la g\u00e9n\u00e9rale en Janvier ! <\/a>(Luttes Invisibles)<\/p>\n\n\n\n<p><a href=\"https:\/\/blogs.mediapart.fr\/jean-marc-b\/blog\/221221\/poutou-ils-ne-sont-pas-riches-parce-quils-sont-malins-mais-parce-quils-volent\">Poutou : Ils ne sont pas riches parce qu&rsquo;ils sont malins, mais parce qu&rsquo;ils volent <\/a>-vid\u00e9o Bourdin Direct<\/p>\n\n\n\n<p><strong><a href=\"https:\/\/blogs.mediapart.fr\/jean-marc-b\/blog\/221221\/un-journaliste-brise-lomerta-sur-la-mafia-detat-en-france-video-blast\">Un journaliste brise l&rsquo;omerta sur la mafia d&rsquo;Etat en france &#8211;<\/a>vid\u00e9o Blast&nbsp;<\/strong><\/p>\n\n\n\n<p><strong><a href=\"https:\/\/blogs.mediapart.fr\/jean-marc-b\/blog\/221221\/la-lutte-ca-paye-en-janvier-sy-met-tous\">La lutte \u00e7a paye ! En janvier on s&rsquo;y met tous ! <\/a>(Militants CGT)<\/strong><\/p>\n\n\n\n<figure class=\"wp-block-image is-resized is-style-default\"><img loading=\"lazy\" decoding=\"async\" src=\"https:\/\/scontent.fhex4-2.fna.fbcdn.net\/v\/t39.30808-6\/p843x403\/269753302_1351319768623821_4495983287440003271_n.png?_nc_cat=103&amp;ccb=1-5&amp;_nc_sid=730e14&amp;_nc_ohc=c7nBZuESaEUAX8TMFNt&amp;_nc_ht=scontent.fhex4-2.fna&amp;oh=00_AT-veOOuaWzv7mA3NET_MZTv5RXRCaMzE16kjmytRCF_Ow&amp;oe=61C87862\" alt=\"Peut \u00eatre une image de texte\" width=\"568\" height=\"343\"\/><\/figure>\n\n\n\n<p><a href=\"https:\/\/www.mediapart.fr\/journal\/france\/221221\/regionales-et-departementales-revelations-sur-de-faux-electeurs-toulon\">R\u00e9gionales et d\u00e9partementales: r\u00e9v\u00e9lations sur de \u00abfaux \u00e9lecteurs\u00bb \u00e0 Toulon<\/a> (M\u00e9diapart)<\/p>\n\n\n\n<p><a href=\"https:\/\/tendanceclaire.org\/breve.php?id=40275\">La \u00ab\u00a0box M\u00e9lenchon\u00a0\u00bb, le cadeau insoumis pour No\u00ebl<\/a> (MSN)&nbsp;<\/p>\n\n\n\n<pre class=\"wp-block-preformatted\">Etat du PS: <em>\u00ab&nbsp;Si demain je dois choisir entre mon chien et un migrant, je choisis le migrant, jamais mon chien (m\u00eame si j\u2019adore mon chien).&nbsp;\u00bb<\/em>(18\/12\/2021, BACKSEAT) Olivier Faure<\/pre>\n\n\n\n<p>Analyse<\/p>\n\n\n\n<p><a href=\"http:\/\/www.regards.fr\/la-midinale\/article\/ulysse-rabate-une-des-seules-victoires-de-manuel-valls-c-est-sa-part-dans-l\">Une des seules victoires de Manuel Valls, c&rsquo;est sa part dans l&rsquo;extr\u00eame droitisation du champ politique \u00bb<\/a> (Regards)<\/p>\n\n\n\n<p><a href=\"https:\/\/la-bas.org\/6618\">Fr\u00e9d\u00e9ric Lordon : \u00ab le capitalisme nous d\u00e9truit, d\u00e9truisons le capitalisme \u00bb (1\/2)<\/a> (L\u00e0-bas si j\u2019y suis)<\/p>\n\n\n\n<p><a href=\"https:\/\/reflets.info\/articles\/ce-que-les-services-de-renseignement-disent-de-la-communaute-tchetchene-en-france\">Ce que les services de renseignement disent de la communaut\u00e9 tch\u00e9tch\u00e8ne en France<\/a> (Reflets)<\/p>\n\n\n\n<p><a href=\"https:\/\/lvsl.fr\/les-francais-ont-envie-de-se-reconcilier-entretien-avec-arnaud-zegierman-et-et-thierry-keller\/?utm_source=sendinblue&amp;utm_campaign=Newsletter_Derniers_Articles&amp;utm_medium=email\">La soci\u00e9t\u00e9 est atomis\u00e9e, mais pas de plus en plus individualiste-Entretien avec A. Zegierman et T. Keller<\/a> (LVSL)<\/p>\n\n\n\n<p><a href=\"https:\/\/linsoumission.fr\/2021\/12\/20\/sondage-melenchon-en-tete-chez-les-18-34-ans\/\">Sondage : M\u00e9lenchon en t\u00eate chez les 18\/34 ans<\/a> (L\u2019Insoumission)<\/p>\n\n\n\n<p><a href=\"https:\/\/info.mediapart.fr\/optiext\/optiextension.dll?ID=9FE9DQIkoiB%2BZ2uWb%2BkjzEdNGyiFqtOW_Vf%2B9BjwZI%2BT9_%2BT1WB0Q4JxwDK6tAS5A5UnbsM7QBjje3C4RH9PIWQAwIMDm\">Europe : Macron veut tenir sa droite<\/a> (MDP)<\/p>\n\n\n\n<p><a href=\"https:\/\/blogs.mediapart.fr\/les-invites-de-mediapart\/blog\/211221\/pour-en-finir-avec-la-francafrique-le-militarisme-et-l-imperialisme-francais-pour-une\">En finir avec Fran\u00e7afrique, militarisme, imp\u00e9rialisme fran\u00e7ais &#8211; Pour une campagne politique permanente &#8211;<\/a>Collectif<\/p>\n\n\n\n<p><a href=\"https:\/\/comptoir.org\/2021\/12\/21\/les-meilleurs-livres-2021-de-la-redac\/\">Le Comptoir &#8211; Les meilleurs livres 2021<\/a> (Le Comptoir)<\/p>\n\n\n\n<p><a href=\"https:\/\/lanticapitaliste.org\/actualite\/politique\/gauche-primaire-vs-gauche-anticapitaliste\">Gauche primaire vs gauche anticapitaliste<\/a> (L\u2019Anticapitaliste)X<\/p>\n\n\n\n<p><span style=\"color:#a30000\" class=\"has-inline-color\">22 d\u00e9cembre en continu<\/span><\/p>\n\n\n\n<p><strong><a href=\"https:\/\/blogs.mediapart.fr\/jean-marc-b\/blog\/221221\/des-greves-gagnantes-qui-preparent-la-generale-en-janvier\">Des gr\u00e8ves gagnantes qui pr\u00e9parent la g\u00e9n\u00e9rale en Janvier ! <\/a>(Luttes Invisibles)<\/strong><\/p>\n\n\n\n<p><strong><a href=\"https:\/\/blogs.mediapart.fr\/jean-marc-b\/blog\/211221\/nos-greves-s-invitent-dans-leur-presidentielle\">Nos gr\u00e8ves s\u2019invitent dans leur&nbsp;pr\u00e9sidentielle <\/a>(Aplutsoc)<\/strong><\/p>\n\n\n\n<figure class=\"wp-block-image is-resized is-style-default\"><img data-recalc-dims=\"1\" loading=\"lazy\" decoding=\"async\" src=\"https:\/\/i0.wp.com\/citation-inspiration.com\/image\/Jean%20Rostand-5ea8e6e5ca5e2.png?resize=323%2C431&#038;ssl=1\" alt=\"Jean Rostand - Le moins que l'on puisse dire du pouvoir, c'est que la vocation en est suspecte.\" width=\"323\" height=\"431\"\/><\/figure>\n\n\n\n<p><a href=\"https:\/\/www.revolutionpermanente.fr\/Taubira-potentielle-candidate-mais-veritable-femme-du-regime\">Taubira, potentielle candidate mais v\u00e9ritable femme du r\u00e9gime<\/a> (RP)<\/p>\n\n\n\n<figure class=\"wp-block-image is-resized is-style-default\"><img data-recalc-dims=\"1\" loading=\"lazy\" decoding=\"async\" src=\"https:\/\/i0.wp.com\/static.mediapart.fr\/etmagine\/default\/files\/2021\/12\/20\/ah-taubira-taubira-taubira-les-listes-de-gauche-a-la-lanterne-768x830.jpg?resize=358%2C387&#038;ssl=1\" alt=\"ah-taubira-taubira-taubira-les-listes-de-gauche-a-la-lanterne-768x830\" width=\"358\" height=\"387\"\/><\/figure>\n\n\n\n<p><a href=\"https:\/\/rue89bordeaux.com\/2021\/12\/sur-fond-de-crise-interne-a-bordeaux-en-luttes-antoine-boudinet-demissionne-du-conseil-municipal\/\">Sur fond de crise interne \u00e0 Bordeaux en Luttes, A. Boudinet d\u00e9missionne du conseil municipal<\/a> (Rue89 Bordeaux)<\/p>\n\n\n\n<p><a href=\"https:\/\/newsletter.liberation.fr\/m\/surl\/200138\/513726\/38rdpdCyYhXKfJ4tpaYiE3FKF-B12viezBEiZxMr5xU=\/link_32\/c1ZUrRhQLCC3XNaF9Lc-ZO-YJv5+55Enr7wv470SA0rT3nOKV9M7z6DHMvY2bPUKHlno1ULquf4pm+hynzWZpaCj6c4BDi0g0Zjd7IylwRsVXOwSXynChF0ST7aPfNgUsuD-c0SGFOkFBO+1JvIup1sxY5BB22iEIr-dy1bKcZU4+n0IALXv-Qv4LrrYt4CXD5VGA6bRp1iWYr+2ijDjAp3RJzVDn070SBTl+jykJftwK67j8OBk+NgXYwqYOlK+Iu7KRZcguQxO8zXGjGURreIAVVeUnZtEileqQZVL2qq9dEbpGK3aF8kK-VaajUM+A5j1r51Xq6e1qnDvNpwAsl38Gc6WgYQbZTmbV8Do12tqD6qEya44Wo7qRJa8-eUpAqbsyIwqBm8ZTmABGj+I3reCW6pM3BHuPhiMz6fhZ78=\">Apr\u00e8s le r\u00e9f\u00e9rendum&nbsp;&nbsp;Le retour de l&rsquo;Etat colonial en Nouvelle-Cal\u00e9donie<\/a> (Lib\u00e9)<\/p>\n\n\n\n<p>Analyse<\/p>\n\n\n\n<p><a href=\"https:\/\/la-bas.org\/la-bas-magazine\/chroniques\/histoire-d-une-chanson-el-pueblo-unido-jamas-sera-vencido?var_bonjour=oui\">Histoire d\u2019une chanson&nbsp;: \u00ab&nbsp;El pueblo unido jam\u00e1s ser\u00e1 vencido&nbsp;\u00bb par Olivier Besancenot <\/a>(L\u00e0-bas si j\u2019y suis)<\/p>\n\n\n\n<p><a href=\"https:\/\/newsletter.liberation.fr\/m\/surl\/200138\/513726\/38rdpdCyYhXKfJ4tpaYiE3FKF-B12viezBEiZxMr5xU=\/link_25\/RP7v4zSs77VtaLRH1DGWOM0BObaEOoPPYNSELIBWtdFDFLZPBz-VTjIHOhtEr4T-tbHdm7YG88oZe4zitoBnA-xLxKwWxcAHihz3p24cYZ8XNr3bP2p5bBlnAHlTnJE75GpB2Phw3BgJayyHs+u805NaG9xWZdm3zYOX46zBld58SwJrEPotcr2Ul-B4uUEs-NqI9meeXUF9PkBjenho0BzrzNKQW4e-yP6yKZRyb8tVP1HR+o9qCfGUF+xE533ySUVa9l8gSsIZ8tTnLinhwAWt7aKkONQW-2gFS5esJdJwlQkZiIovqG2nhMch6vdBqHSe2YAZEySq6+bAdShynmZixn8Ul+u4kGWeIAhKm1SbvaQZxEdoSyI3AA8Zt+e4m4bVAFzPCdBeJx7aDrPK5w==\">Exposition&nbsp;Esclavage\u200a: Nantes dans \u00abl&rsquo;Ab\u00eeme\u00bb de son histoire<\/a> (Lib\u00e9)<\/p>\n\n\n\n<figure class=\"wp-block-image is-resized is-style-default\"><img data-recalc-dims=\"1\" loading=\"lazy\" decoding=\"async\" src=\"https:\/\/i0.wp.com\/www.liberation.fr\/resizer\/Nb0D6ZxUmMPMZo3FC_GUwA8AsHA%3D\/800x0\/filters%3Aformat%28jpg%29%3Aquality%2870%29%3Afocal%281452x1745%3A1462x1755%29\/cloudfront-eu-central-1.images.arcpublishing.com\/liberation\/KVQNDNB2JFFC3IM763OBVEB3OE.jpg?resize=327%2C424&#038;ssl=1\" alt=\"\" width=\"327\" height=\"424\"\/><\/figure>\n\n\n\n<p><a href=\"https:\/\/qg.media\/2021\/12\/21\/contre-pouvoir-sur-labolition-de-la-presidence-de-la-republique-par-alphee-roche-noel\/\">Sur l\u2019abolition de la pr\u00e9sidence de la R\u00e9publique, par Alph\u00e9e Roche-No\u00ebl<\/a> (QG)<\/p>\n\n\n\n<p><strong><a href=\"https:\/\/www.streetpress.com\/sujet\/1640020605-armee-eric-zemmour-militants-extreme-droite-zouaves-generation-identitaires-nationalistes-candidat-election-presidentielle-2022\">L\u2019arm\u00e9e de l\u2019ombre d\u2019\u00c9ric Zemmour<\/a> (StreetPress) <\/strong><\/p>\n\n\n\n<figure class=\"wp-block-image is-resized is-style-default\"><img data-recalc-dims=\"1\" loading=\"lazy\" decoding=\"async\" src=\"https:\/\/i0.wp.com\/static.mediapart.fr\/etmagine\/default\/files\/2021\/12\/20\/moutons-a-ne.jpg?resize=399%2C356&#038;ssl=1\" alt=\"moutons-a-ne\" width=\"399\" height=\"356\"\/><\/figure>\n\n\n\n<p><a href=\"https:\/\/lanticapitaliste.org\/actualite\/politique\/comment-financer-les-partis-politiques-episode-1\">Comment financer les partis politiques\u2009? (\u00c9pisode 1)<\/a> (L\u2019Anticapitaliste)<\/p>\n\n\n\n<p><strong><a href=\"https:\/\/www.revue-ballast.fr\/aminata-traore-le-capitalisme-detruit-les-societes-les-economies-locales-et-les-ecosystemes\/\">Aminata Traor\u00e9 : \u00ab Le capitalisme d\u00e9truit les soci\u00e9t\u00e9s, les \u00e9conomies locales et les \u00e9cosyst\u00e8mes \u00bb<\/a> (Ballast)<\/strong>&nbsp;<\/p>\n\n\n\n<p><a href=\"https:\/\/www.lutte-ouvriere.org\/multimedia\/interventions-tv-et-radio\/interview-de-nathalie-arthaud-191936.html\">France 2 &#8211; les 4 V\u00e9rit\u00e9s&nbsp;:&nbsp; Interview de Nathalie Arthaud<\/a> -vid\u00e9o<\/p>\n\n\n\n<figure class=\"wp-block-image size-full is-resized is-style-default\"><img data-recalc-dims=\"1\" loading=\"lazy\" decoding=\"async\" src=\"https:\/\/i0.wp.com\/www.rdpemancipation.org\/wp-content\/uploads\/2021\/12\/2112_urne2.jpg?resize=487%2C244&#038;ssl=1\" alt=\"\" class=\"wp-image-62690\" width=\"487\" height=\"244\" srcset=\"https:\/\/i0.wp.com\/www.rdpemancipation.org\/wp-content\/uploads\/2021\/12\/2112_urne2.jpg?w=760&amp;ssl=1 760w, https:\/\/i0.wp.com\/www.rdpemancipation.org\/wp-content\/uploads\/2021\/12\/2112_urne2.jpg?resize=300%2C150&amp;ssl=1 300w\" sizes=\"auto, (max-width: 487px) 100vw, 487px\" \/><\/figure>\n\n\n\n<p><span style=\"color:#a30000\" class=\"has-inline-color\">21 d\u00e9cembre en continu<\/span><\/p>\n\n\n\n<p><strong><a href=\"https:\/\/blogs.mediapart.fr\/jean-marc-b\/blog\/201221\/une-liste-des-greves-de-fin-d-annee-qui-annonce-un-debut-2022-explosif\">Une liste des gr\u00e8ves de fin d\u2019ann\u00e9e qui annonce un d\u00e9but 2022 explosif <\/a>(Des militants CGT)<\/strong><\/p>\n\n\n\n<p><a href=\"https:\/\/l.facebook.com\/l.php?u=https%3A%2F%2Fla1ere.francetvinfo.fr%2Fwallisfutuna%2Fgreve-fpspwf-sace-cfdt-des-avancees-dans-les-negociations-1185133.html%3Ffbclid%3DIwAR1pVYhe87tNVRyiDPHrnkhwuWQtf0bTwLGfisPMLZehDaJFsI4NU7rf47M&amp;h=AT19JSssEYWzsUZc-vs9tIdVJroSyYFKgX-FphWe7vGFOsjL3ubxUe0mz6x_xbY5bEBlFAsORw9plZzbnegYID6w7T0_mbJGUmTRKC4c1gWMfoNfJEA01nYKgBNeM1LH5gckEW0&amp;__tn__=-UK-R&amp;c%5B0%5D=AT2O9xdZeR6d57n4zLPqziuq0YZbQEuqE2EEs_hEre9hyJbFaZHD4PeLFD6xOifJBaadHB7uTfOt_UM5tvZ8vYloKkNxAoLVmvA8c4zhDJCLJevxTQ3mM0eGb8pQLkp2zFllvZ818DbrX0n80rjXhVhrATwwt32f1-g_VnPnp3b3hI4\">Apr\u00e8s presque un mois de gr\u00e8ve a Wallis et Futuna, le gouvernement recule<\/a> (La 1\u00e8re)<\/p>\n\n\n\n<p><a href=\"https:\/\/www.mediapart.fr\/journal\/international\/201221\/union-europeenne-des-ong-critiquent-une-presidence-francaise-sous-influence\">Union europ\u00e9enne: des ONG critiquent une pr\u00e9sidence fran\u00e7aise \u00absous influence\u00bb<\/a> (M\u00e9diapart)&nbsp;<\/p>\n\n\n\n<p><a href=\"https:\/\/www.franceculture.fr\/emissions\/les-pieds-sur-terre\/l-affaire-des-sept-antifas-a-lyon\">L\u2019affaire des sept antifas \u00e0 Lyon<\/a> (france culture)<\/p>\n\n\n\n<p><a href=\"https:\/\/www.mediacites.fr\/enquete\/lyon\/2021\/12\/20\/le-patron-des-deputes-modem-soupconne-de-prise-illegale-dinterets\/\">Le patron des d\u00e9put\u00e9s MoDem soup\u00e7onn\u00e9 de prise ill\u00e9gale d\u2019int\u00e9r\u00eats<\/a> (Mediacit\u00e9s)<\/p>\n\n\n\n<p><a href=\"https:\/\/www.mediacites.fr\/enquete\/lyon\/2021\/12\/20\/le-patron-des-deputes-modem-soupconne-de-prise-illegale-dinterets\/\">Le patron des d\u00e9put\u00e9s MoDem soup\u00e7onn\u00e9 de prise ill\u00e9gale d\u2019int\u00e9r\u00eats<\/a> (Mediacit\u00e9s)<\/p>\n\n\n\n<figure class=\"wp-block-image size-full is-resized is-style-default\"><img data-recalc-dims=\"1\" loading=\"lazy\" decoding=\"async\" src=\"https:\/\/i0.wp.com\/www.rdpemancipation.org\/wp-content\/uploads\/2021\/12\/7243741463747b42c876b0d76800d8.png?resize=401%2C363&#038;ssl=1\" alt=\"\" class=\"wp-image-62524\" width=\"401\" height=\"363\" srcset=\"https:\/\/i0.wp.com\/www.rdpemancipation.org\/wp-content\/uploads\/2021\/12\/7243741463747b42c876b0d76800d8.png?w=490&amp;ssl=1 490w, https:\/\/i0.wp.com\/www.rdpemancipation.org\/wp-content\/uploads\/2021\/12\/7243741463747b42c876b0d76800d8.png?resize=300%2C272&amp;ssl=1 300w\" sizes=\"auto, (max-width: 401px) 100vw, 401px\" \/><\/figure>\n\n\n\n<p>Analyse<\/p>\n\n\n\n<p><a href=\"https:\/\/lundi.am\/Comment-l-Etat-a-contribue-a-transformer-les-Antilles-en-dynamite\">Comment l\u2019Etat a contribu\u00e9 \u00e0 transformer les Antilles en dynamite<\/a> (Lundi matin)&nbsp;<\/p>\n\n\n\n<p><a href=\"https:\/\/lundi.am\/Le-consumerisme-a-travers-ses-objets\">Le consum\u00e9risme \u00e0 travers ses objets<\/a> (Lundi matin)<\/p>\n\n\n\n<p><a href=\"https:\/\/lepoing.net\/pourquoi-de-plus-en-plus-de-luttes-ecologiques-sont-elles-victorieuses\/\">Pourquoi de plus en plus de luttes \u00e9cologiques sont-elles victorieuses ?<\/a> (Le Poing)<\/p>\n\n\n\n<p><a href=\"https:\/\/lanticapitaliste.org\/arguments\/politique\/adresse-du-npa-lassemblee-anticapitaliste-du-11-novembre-21\">Adresse du NPA \u00e0 l\u2019Assembl\u00e9e anticapitaliste du 11 novembre 21<\/a> (L\u2019Anticapitaliste)<\/p>\n\n\n\n<p><a href=\"https:\/\/lanticapitaliste.org\/opinions\/strategie\/etre-revolutionnaires-aujourdhui\">\u00catre r\u00e9volutionnaires aujourd\u2019hui<\/a> -Christine Poupin<\/p>\n\n\n\n<figure class=\"wp-block-image is-resized is-style-default\"><img data-recalc-dims=\"1\" loading=\"lazy\" decoding=\"async\" src=\"https:\/\/i0.wp.com\/mamot.fr\/system\/media_attachments\/files\/107\/474\/954\/087\/596\/705\/original\/e835690b60f5a9fa.jpeg?resize=373%2C373&#038;ssl=1\" alt=\"\" width=\"373\" height=\"373\"\/><\/figure>\n\n\n\n<p><span style=\"color:#a30000\" class=\"has-inline-color\">20 d\u00e9cembre en continu<\/span><\/p>\n\n\n\n<p><a href=\"https:\/\/blogs.mediapart.fr\/ceinna-coll\/blog\/191221\/gj-acte162-paris-18122021-contretyranniesanitaire\">GJ Acte162-Paris-18\/12\/2021-ContreTyrannieSanitaire&#8230;.<\/a>&#8211;&nbsp;Ceinna Coll<\/p>\n\n\n\n<figure class=\"wp-block-image is-resized is-style-default\"><img data-recalc-dims=\"1\" loading=\"lazy\" decoding=\"async\" src=\"https:\/\/i0.wp.com\/img.over-blog-kiwi.com\/1\/44\/95\/69\/20200305\/ob_0b4b5c_gj-avenir-enfants.jpg?resize=446%2C301&#038;ssl=1\" alt=\"\" width=\"446\" height=\"301\"\/><\/figure>\n\n\n\n<p><a href=\"https:\/\/lepoing.net\/montpellier-200-personnes-reunies-contre-les-attaques-dextreme-droite\/\">Montpellier : 200 personnes r\u00e9unies contre les attaques d\u2019extr\u00eame droite<\/a> (Le Poing)<\/p>\n\n\n\n<p><a href=\"https:\/\/www.youtube.com\/watch?v=wL2mvaUPL0Y\">Influence des cabinets de conseil sur les politiques publiques&nbsp;: probl\u00e8me d\u00e9mocratique&nbsp;?<\/a> (Public S\u00e9nat)<\/p>\n\n\n\n<p>Analyse<\/p>\n\n\n\n<p><a href=\"https:\/\/www.youtube.com\/watch?v=YTOzn7dta7k\">Mehdi Belhaj Kacem: un nouveau totalitarisme se met en place<\/a> (France Soir)<\/p>\n\n\n\n<p><strong><a href=\"https:\/\/aplutsoc.org\/2021\/12\/19\/aplutsoc-ecoutez-notre-reunion-publique-du-18-decembre-2021\/\">Podcast r\u00e9union 18 d\u00e9cembre pour un boycott constituant<\/a> (Aplutsoc)<\/strong><\/p>\n\n\n\n<p><a href=\"https:\/\/blogs.mediapart.fr\/matthieu-pincemaille\/blog\/161221\/l-utilisation-du-mot-traitre-chez-e-zemmour-revelateur-d-imaginaire-politique\">L\u2019utilisation du mot \u00ab tra\u00eetre \u00bb chez E. Zemmour : r\u00e9v\u00e9lateur d\u2019imaginaire politique<\/a> -Matthieu Pincemaille<\/p>\n\n\n\n<p><a href=\"https:\/\/blogs.mediapart.fr\/alexis-nicolai\/blog\/171221\/primaire-populaire-camarades-insoumis-il-faut-y-aller\">Primaire populaire : camarades insoumis, il faut y aller !<\/a> -Alexis Nicolai<\/p>\n\n\n\n<p><a href=\"https:\/\/www.contretemps.eu\/archives-revue-des-livres-numero-5\/\">Revue des livres : num\u00e9ro 5 \u2013 mai 2012<\/a> (Contretemps)<\/p>\n\n\n\n<p><a href=\"https:\/\/blogs.mediapart.fr\/jean-marc-b\/blog\/191221\/de-la-crise-la-revolution\"><strong>De la crise \u00e0 la r\u00e9volution ? <\/strong><\/a><strong>-H\u00e9l\u00e8ne Marra<\/strong><\/p>\n\n\n\n<figure class=\"wp-block-image is-resized is-style-default\"><img data-recalc-dims=\"1\" loading=\"lazy\" decoding=\"async\" src=\"https:\/\/i0.wp.com\/lanticapitaliste.org\/sites\/default\/files\/styles\/largeur_content_hauteur_complet\/public\/c3a-img_2771-modifier.jpg?resize=546%2C364&#038;ssl=1\" alt=\"\" width=\"546\" height=\"364\"\/><\/figure>\n\n\n\n<p><span style=\"color:#a30000\" class=\"has-inline-color\">19 d\u00e9cembre en continu<\/span><\/p>\n\n\n\n<p><a href=\"http:\/\/t.nl.francetvinfo.fr\/r\/?id=h1b93656e,6745da1a,5f2c697e\">Covid-19 : \u00ab\u00a0Le pass vaccinal est une forme d\u00e9guis\u00e9e d&rsquo;obligation vaccinale\u00a0\u00bb, assume Olivier V\u00e9ran<\/a> (France Info)<\/p>\n\n\n\n<p><a href=\"https:\/\/tendanceclaire.org\/breve.php?id=40244\">Le pass vaccinal va aggraver les tensions &#8211; <\/a>JL M\u00e9lenchon sur TF1&nbsp;<\/p>\n\n\n\n<p><a href=\"https:\/\/www.mediapart.fr\/journal\/france\/181221\/guadeloupe-face-aux-soignants-suspendus-melenchon-sur-une-ligne-de-crete\">Guadeloupe: face aux soignants \u00absuspendus\u00bb, M\u00e9lenchon sur une ligne de cr\u00eate<\/a> (M\u00e9diapart)<\/p>\n\n\n\n<p><a href=\"https:\/\/www.boursorama.com\/actualite-economique\/actualites\/robots-tueurs-pas-de-consensus-pour-lancer-une-vraie-negociation-06c9f3bdaf8991ca40f2432c7d16b6bb\">\u00ab\u00a0Robots tueurs\u00a0\u00bb: pas de consensus pour lancer une vraie n\u00e9gociation<\/a> (AFP)<\/p>\n\n\n\n<p>Analyse<\/p>\n\n\n\n<p><a href=\"https:\/\/blogs.mediapart.fr\/jean-marc-b\/blog\/191221\/la-fin-d-annee-est-chaude-le-debut-d-annee-prochaine-sera-explosif-j-chastaing\"><strong>La fin d\u2019ann\u00e9e est chaude, le d\u00e9but d\u2019ann\u00e9e prochaine sera explosif -J. Chastaing&nbsp;<\/strong><\/a><\/p>\n\n\n\n<p><strong><a href=\"https:\/\/blogs.mediapart.fr\/jean-marc-b\/blog\/181221\/l-imperialisme-francais-affaibli-mais-toujours-toxique\">L\u2019imp\u00e9rialisme fran\u00e7ais : affaibli mais toujours toxique <\/a>-L\u00e9on Cr\u00e9mieux et Christian Babel<\/strong><\/p>\n\n\n\n<figure class=\"wp-block-image is-resized is-style-default\"><img data-recalc-dims=\"1\" loading=\"lazy\" decoding=\"async\" src=\"https:\/\/i0.wp.com\/www.contretemps.eu\/wp-content\/uploads\/1280px-Op%C3%A9ration_Barkhane.jpg?resize=493%2C273&#038;ssl=1\" alt=\"\" width=\"493\" height=\"273\"\/><\/figure>\n\n\n\n<p><strong><a href=\"https:\/\/blogs.mediapart.fr\/jean-marc-b\/blog\/181221\/presse-jupiter-fait-de-la-france-une-republique-bananiere\">Presse: Jupiter a fait de la France une r\u00e9publique banani\u00e8re <\/a>&#8211; Jean-Marc B<\/strong><\/p>\n\n\n\n<p><a href=\"https:\/\/www.mediapart.fr\/journal\/france\/181221\/3ds-l-acte-manque-de-la-decentralisation-macroniste\">\u00ab3DS\u00bb: l\u2019acte manqu\u00e9 de la d\u00e9centralisation macroniste<\/a> (M\u00e9diapart)&nbsp;<\/p>\n\n\n\n<p><a href=\"https:\/\/www.mediapart.fr\/journal\/culture-idees\/181221\/la-cartographie-radicale-est-un-acte-social-et-politique\">\u00abLa cartographie radicale est un acte social et politique\u00bb<\/a> (M\u00e9diapart)&nbsp;<\/p>\n\n\n\n<figure class=\"wp-block-image size-full is-resized is-style-default\"><img data-recalc-dims=\"1\" loading=\"lazy\" decoding=\"async\" src=\"https:\/\/i0.wp.com\/www.rdpemancipation.org\/wp-content\/uploads\/2021\/12\/cartographie-radicale.jpg?resize=259%2C347&#038;ssl=1\" alt=\"\" class=\"wp-image-62283\" width=\"259\" height=\"347\" srcset=\"https:\/\/i0.wp.com\/www.rdpemancipation.org\/wp-content\/uploads\/2021\/12\/cartographie-radicale.jpg?w=661&amp;ssl=1 661w, https:\/\/i0.wp.com\/www.rdpemancipation.org\/wp-content\/uploads\/2021\/12\/cartographie-radicale.jpg?resize=224%2C300&amp;ssl=1 224w\" sizes=\"auto, (max-width: 259px) 100vw, 259px\" \/><\/figure>\n\n\n\n<p><a href=\"https:\/\/www.arretsurimages.net\/chroniques\/arrets-sur-histoire\/zemmour-revisionniste-aussi-sur-laffaire-dreyfus\">Zemmour, r\u00e9visionniste aussi sur l&rsquo;affaire Dreyfus<\/a> (Arr\u00eat sur images)<\/p>\n\n\n\n<p><a href=\"https:\/\/lanticapitaliste.org\/actualite\/societe\/eric-zemmour-assure-le-fashow\">\u00c9ric Zemmour assure le (fa)show<\/a> (Commission nationale antifasciste NPA)<\/p>\n\n\n\n<figure class=\"wp-block-image is-resized is-style-default\"><img data-recalc-dims=\"1\" loading=\"lazy\" decoding=\"async\" src=\"https:\/\/i0.wp.com\/lanticapitaliste.org\/sites\/default\/files\/styles\/largeur_content_hauteur_complet\/public\/b2a-263600675_4872961756087362_2443287636737972042_n.jpg?resize=470%2C352&#038;ssl=1\" alt=\"\" width=\"470\" height=\"352\"\/><\/figure>\n\n\n\n<p><a href=\"https:\/\/blogs.mediapart.fr\/edition\/ledition-des-stagiaires-de-troisieme\/article\/171221\/crise-sanitaire-la-colere-des-antillais-e-s\">Crise sanitaire : la col\u00e8re des Antillais\u00b7e\u00b7s<\/a> -L\u00e9a Sorel<\/p>\n\n\n\n<p><a href=\"https:\/\/rapportsdeforce.fr\/pouvoir-et-contre-pouvoir\/insecurite-un-constat-truque-par-lextreme-droite-121811995\">Ins\u00e9curit\u00e9 : un constat truqu\u00e9 par l\u2019extr\u00eame droite<\/a> (Rapports de Force)&nbsp;<\/p>\n\n\n\n<p><a href=\"https:\/\/www.humanite.fr\/culture-et-savoirs\/bande-dessinee\/bd-elise-et-les-nouveaux-partisans-une-histoire-de-la-contestation#xtor=RSS-1\">BD. \u00ab \u00c9lise et les nouveaux partisans \u00bb, une histoire de la contestation<\/a> (L\u2019Humanit\u00e9)<\/p>\n\n\n\n<figure class=\"wp-block-image is-resized is-style-default\"><img data-recalc-dims=\"1\" loading=\"lazy\" decoding=\"async\" src=\"https:\/\/i0.wp.com\/www.humanite.fr\/sites\/default\/files\/styles\/1048x350\/public\/images\/tardi_0.png?resize=605%2C259&#038;ssl=1\" alt=\"\" width=\"605\" height=\"259\" title=\"\"\/><\/figure>\n\n\n\n<p><span style=\"color:#a30000\" class=\"has-inline-color\">18 d\u00e9cembre en contin<\/span><\/p>\n\n\n\n<p><strong><a href=\"http:\/\/www.apple.fr\">Mobilisation ce jour \u00e0 Paris en soutien aux Antilles, Kanaky, Guyane<\/a> -Collectif<\/strong><\/p>\n\n\n\n<figure class=\"wp-block-image is-resized is-style-default\"><img loading=\"lazy\" decoding=\"async\" src=\"https:\/\/scontent.fhex4-2.fna.fbcdn.net\/v\/t39.30808-6\/s720x720\/267630176_5067305353282439_2037229961106872644_n.jpg?_nc_cat=109&amp;_nc_rgb565=1&amp;ccb=1-5&amp;_nc_sid=0debeb&amp;_nc_ohc=okgncG4iX14AX_-BJ97&amp;_nc_ht=scontent.fhex4-2.fna&amp;oh=00_AT_MAwrv8QRECzWCIqxScawHqdyLjqX-KTdfaTB3oaTxlA&amp;oe=61C2EDE7\" alt=\"Peut \u00eatre une image de texte qui dit \u2019Design by Laa MOBILIZASYON NEG MAWON DOUROUT 1 RER NATION-TR\u00d4NE NATION 14:00 PLACE DE LA NATION (Kiosque) Place de la Nation, 75012 Paris DRESS CODE: jaune, rouge, vert, noire Tambours, pancartes, B4apeaux ind\u00e9pendants Guadeloupe, martinique, Guyane.. NON CESTSIMPLE OBLICATION SAMEDI 18 D\u00c9CEMBRE 2021 DISPERSION 19H00 mob.neg.mawon.doubout@gmail.com\u2019\" width=\"415\" height=\"586\"\/><\/figure>\n\n\n\n<p><strong><a href=\"https:\/\/lanticapitaliste.org\/videos\/poing-dactu-de-philippe-poutou-ndeg10-ouvrez-les-frontieres-soutien-aux-migrantes\">Ouvrez les fronti\u00e8res ! Soutien aux migrant\u00b7e\u00b7s !<\/a> -vid\u00e9o Philippe Poutou<\/strong><\/p>\n\n\n\n<p><a href=\"https:\/\/blogs.mediapart.fr\/jean-marc-b\/blog\/171221\/taubira-cartes-rebattues-par-vincent-presumey\">Taubira : cartes rebattues&nbsp;? &#8211;<\/a>Vincent Presumey&nbsp;<\/p>\n\n\n\n<p><a href=\"https:\/\/www.humanite.fr\/politique\/christiane-taubira\/presidentielle-2022-christiane-taubira-annonce-quelle-se-decidera-dans#xtor=RSS-1\">Pr\u00e9sidentielle 2022. Christiane Taubira, annonce qu&rsquo;elle se d\u00e9cidera&#8230; dans un mois<\/a> (L\u2019Humanit\u00e9)&nbsp;<\/p>\n\n\n\n<p><a href=\"https:\/\/www.mediapart.fr\/journal\/france\/171221\/une-eurodeputee-lfi-accusee-de-maltraiter-ses-collaborateurs-provoque-le-malaise-au-sein-du-parti\">Une eurod\u00e9put\u00e9e LFI accus\u00e9e de maltraiter ses collaborateurs provoque le malaise au sein du parti<\/a> (M\u00e9diapart)<\/p>\n\n\n\n<pre class=\"wp-block-preformatted has-normal-font-size\">Consultation Citoyenne de l\u2019Assembl\u00e9e Nationale sur l\u2019abstention : 96% des personnes sont favorables \u00e0 la prise en compte du vote blanc. Le rapporteur LREM S. Travert balaye n\u00e9anmoins cette id\u00e9e, craignant une \u00ab&nbsp;<em>atteinte \u00e0 la l\u00e9gitimit\u00e9 des \u00e9lus<\/em>&nbsp;\u00bb (<a href=\"https:\/\/www.assemblee-nationale.fr\/dyn\/15\/rapports\/micpelec\/l15b4790_rapport-information\" target=\"_blank\" rel=\"noreferrer noopener\">source<\/a>)<\/pre>\n\n\n\n<figure class=\"wp-block-image is-resized is-style-default\"><img data-recalc-dims=\"1\" loading=\"lazy\" decoding=\"async\" src=\"https:\/\/i0.wp.com\/static.mediapart.fr\/etmagine\/default\/files\/2021\/12\/17\/ici-l-ombre-768x903.jpg?resize=345%2C406&#038;ssl=1\" alt=\"ici-l-ombre-768x903\" width=\"345\" height=\"406\"\/><\/figure>\n\n\n\n<p>Analyse<\/p>\n\n\n\n<p><strong><a href=\"https:\/\/elucid.media\/politique\/la-politique-selon-orwell-john-newsinger\/\" target=\"_blank\" rel=\"noreferrer noopener\">La politique selon Orwell par John Newsinger<\/a>&nbsp;(Elucid)<\/strong><\/p>\n\n\n\n<p>&nbsp;<strong><a href=\"https:\/\/blogs.mediapart.fr\/jean-marc-b\/blog\/171221\/abolition-de-lesclavage-la-liberte-retablit-legalite-video-jean-luc-melenchon\">Abolition de l&rsquo;esclavage : la libert\u00e9 r\u00e9tablit l&rsquo;\u00e9galit\u00e9 ! &#8211; <\/a>vid\u00e9o Jean-Luc M\u00e9lenchon <\/strong><\/p>\n\n\n\n<p><a href=\"https:\/\/blogs.mediapart.fr\/jean-marc-b\/blog\/171221\/contre-l-imperialisme-francais-droit-des-peuples-l-autodetermination\">Contre l\u2019imp\u00e9rialisme fran\u00e7ais, droit des peuples \u00e0 l\u2019autod\u00e9termination<\/a> (A &amp; R)<\/p>\n\n\n\n<p><strong><a href=\"https:\/\/blogs.mediapart.fr\/jean-marc-b\/blog\/171221\/face-la-menace-fasciste-extrait-du-livre-de-ludivine-bantigny-et-ugo-palheta\">Face \u00e0 la menace fasciste &#8211; extrait du livre de Ludivine Bantigny et Ugo Palheta<\/a> (Contretemps)<\/strong><\/p>\n\n\n\n<p><a href=\"https:\/\/www.lemediatv.fr\/emissions\/2021\/christine-taubira-la-fausse-bonne-idee-de-la-presidentielle-contre-matinale-58-YKXkCPgWRx63C1KVAoKvVA\">Christine Taubira : la fausse bonne id\u00e9e de la pr\u00e9sidentielle ? | Contre-Matinale #58<\/a> (Le M\u00e9dia)&nbsp;<\/p>\n\n\n\n<p>&nbsp;<a href=\"https:\/\/www.humanite.fr\/culture-et-savoirs\/front-national\/lumiere-sur-la-filiere-noire-film-sur-la-montee-du-front-national#xtor=RSS-1\">Lumi\u00e8re sur \u00ab\u00a0la Fili\u00e8re noire\u00a0\u00bb, film sur la mont\u00e9e du Front national censur\u00e9 depuis 36 ans<\/a> (L\u2019Humanit\u00e9)<\/p>\n\n\n\n<p><span style=\"color:#a30000\" class=\"has-inline-color\">17 d\u00e9cembre en continu<\/span><\/p>\n\n\n\n<p><a href=\"https:\/\/blogs.mediapart.fr\/jean-marc-b\/blog\/161221\/le-mouvement-interprofessionnel-de-greves-sur-les-salaires-s-etend\">Le mouvement interprofessionnel de gr\u00e8ves sur les salaires s\u2019\u00e9tend <\/a>(Luttes Invisibles)<\/p>\n\n\n\n<figure class=\"wp-block-image size-full is-resized is-style-default\"><img data-recalc-dims=\"1\" loading=\"lazy\" decoding=\"async\" src=\"https:\/\/i0.wp.com\/www.rdpemancipation.org\/wp-content\/uploads\/2021\/12\/266705501_1347519352337196_4477121423154792579_n-1.jpg?resize=472%2C265&#038;ssl=1\" alt=\"\" class=\"wp-image-62042\" width=\"472\" height=\"265\" srcset=\"https:\/\/i0.wp.com\/www.rdpemancipation.org\/wp-content\/uploads\/2021\/12\/266705501_1347519352337196_4477121423154792579_n-1.jpg?w=960&amp;ssl=1 960w, https:\/\/i0.wp.com\/www.rdpemancipation.org\/wp-content\/uploads\/2021\/12\/266705501_1347519352337196_4477121423154792579_n-1.jpg?resize=300%2C169&amp;ssl=1 300w, https:\/\/i0.wp.com\/www.rdpemancipation.org\/wp-content\/uploads\/2021\/12\/266705501_1347519352337196_4477121423154792579_n-1.jpg?resize=768%2C432&amp;ssl=1 768w\" sizes=\"auto, (max-width: 472px) 100vw, 472px\" \/><\/figure>\n\n\n\n<p><strong><a href=\"https:\/\/reporterre.net\/L-ecologie-la-grande-oubliee-de-l-interview-d-Emmanuel-Macron\">L&rsquo;\u00e9cologie, la grande oubli\u00e9e de l&rsquo;interview d&rsquo;Emmanuel Macron<\/a> (Reporterre)<\/strong><\/p>\n\n\n\n<p><a href=\"https:\/\/www.lemediatv.fr\/emissions\/2021\/direct-censure-par-tf1-interview-de-macron-un-monarque-en-pre-campagne-vTM3uY76SZGTaYXCYKVfEA\">(Direct censure par TF1) interview de Macron : un monarque en pr\u00e9-campagne<\/a> (Le M\u00e9dia)<\/p>\n\n\n\n<p><a href=\"https:\/\/www.mediapart.fr\/journal\/culture-idees\/161221\/m-macron-saisi-par-la-debauche-de-la-telerealite\">M. Macron saisi par la d\u00e9bauche de la t\u00e9l\u00e9r\u00e9alit\u00e9<\/a> (M\u00e9diapart)<\/p>\n\n\n\n<figure class=\"wp-block-image is-resized is-style-default\"><img data-recalc-dims=\"1\" loading=\"lazy\" decoding=\"async\" src=\"https:\/\/i0.wp.com\/static.mediapart.fr\/etmagine\/default\/files\/2021\/12\/16\/macrondiable05.jpg?resize=475%2C268&#038;ssl=1\" alt=\"macrondiable05\" width=\"475\" height=\"268\"\/><\/figure>\n\n\n\n<p><a href=\"https:\/\/www.saphirnews.com\/Ou-va-la-France-Ce-qu-a-dit-Macron-sur-les-musulmans-la-laicite-le-grand-remplacement_a28486.html\">\u00ab O\u00f9 va la France ? \u00bb Ce qu\u2019a dit Macron sur les musulmans, la la\u00efcit\u00e9, le \u00ab grand remplacement \u00bb<\/a> (SaphirNews)&nbsp;<\/p>\n\n\n\n<p><a href=\"https:\/\/reporterre.net\/5G-Le-sabotage-a-toujours-fait-partie-des-luttes-sociales-et-ecologiques\">5G&nbsp;: \u00ab&nbsp;Le sabotage a toujours fait partie des luttes sociales et \u00e9cologiques&nbsp;\u00bb<\/a> ( Reporterre)<\/p>\n\n\n\n<p><a href=\"https:\/\/www.mediapart.fr\/journal\/france\/161221\/en-guadeloupe-jean-luc-melenchon-fustige-la-patrie-qui-abandonne-ses-enfants\">En Guadeloupe, Jean-Luc M\u00e9lenchon fustige \u00abla patrie qui abandonne ses enfants\u00bb<\/a> (M\u00e9diapart)<\/p>\n\n\n\n<p><strong><a href=\"https:\/\/blogs.mediapart.fr\/cedric-villani\/blog\/151221\/lasile-politique-pour-julian-assange-maintenant\">L&rsquo;asile politique pour Julian Assange, maintenant&nbsp;!<\/a> -Cedric Villani<\/strong><\/p>\n\n\n\n<p>Analyse<\/p>\n\n\n\n<p><a href=\"https:\/\/rapportsdeforce.fr\/breves\/18-decembre-dou-que-lon-vienne-ou-que-lon-soit-ne%c2%b7e-notre-pays-sappelle-solidarite-121612237\">18 d\u00e9cembre : \u00ab D\u2019o\u00f9 que l\u2019on vienne, o\u00f9 que l\u2019on soit n\u00e9\u00b7e, notre pays s\u2019appelle Solidarit\u00e9 \u00bb<\/a> (Rapports de Force)&nbsp;<\/p>\n\n\n\n<p><a href=\"https:\/\/blogs.mediapart.fr\/patrick-chamoiseau\/blog\/141221\/declaration-des-poetes-considerant-la-kanaky\">D\u00e9claration des po\u00e8tes consid\u00e9rant la Kanaky<\/a> -Patrick Chamoiseau<\/p>\n\n\n\n<p><a href=\"https:\/\/blogs.mediapart.fr\/hornblower\/blog\/141221\/la-france-est-plus-moche\">La France est plus moche<\/a> -Hornblower<\/p>\n\n\n\n<p><a href=\"https:\/\/blogs.mediapart.fr\/aisdpk-kanaky\/blog\/131221\/referendum-2021-le-non-perdu-5-783-voix\">R\u00e9f\u00e9rendum 2021&nbsp;: Le \u00ab&nbsp;non&nbsp;\u00bb a perdu 5&nbsp;783 voix<\/a> -Aisdpk Kanaky<\/p>\n\n\n\n<p><a href=\"https:\/\/lvsl.fr\/yannick-jadot-une-ecologie-sans-colonne-vertebrale\/\">Yannick Jadot : une \u00e9cologie sans colonne vert\u00e9brale ?<\/a> (Le Vent Se L\u00e8ve)<\/p>\n\n\n\n<p><a href=\"https:\/\/dieses.fr\/de-la-necessite-dune-parole-antivalidiste\">De la n\u00e9cessit\u00e9 d\u2019une parole antivalidiste<\/a> (di\u00e8ses)<\/p>\n\n\n\n<p><a href=\"http:\/\/www.regards.fr\/la-midinale\/article\/en-france-on-refuse-qu-une-minorite-puisse-trouver-sa-voix-et-exprimer-son\">\u00ab En France, on refuse qu&rsquo;une minorit\u00e9 puisse trouver sa voix et exprimer son exp\u00e9rience de vie \u00bb<\/a> (Regards)&nbsp;<\/p>\n\n\n\n<p><a href=\"https:\/\/blogs.mediapart.fr\/espinosac\/blog\/141221\/securite-sociale-la-bourgeoisie-poil\">S\u00e9curit\u00e9 sociale, la bourgeoisie \u00e0 poil <\/a>-Carlos Espinosa<\/p>\n\n\n\n<p><a href=\"https:\/\/www.mediapart.fr\/journal\/france\/151221\/tout-le-monde-laisse-la-justice-deperir\">\u00ab Tout le monde a laiss\u00e9 la justice d\u00e9p\u00e9rir&nbsp;\u00bb<\/a>(vid\u00e9o MDP)<\/p>\n\n\n\n<p><strong><a href=\"https:\/\/www.mediapart.fr\/journal\/culture-idees\/031221\/greves-et-soviets-ecolos-vers-un-communisme-du-vivant\">Gr\u00e8ves et \u00ab&nbsp;soviets \u00e9colos&nbsp;\u00bb : vers un \u00ab&nbsp;communisme du vivant&nbsp;\u00bb<\/a>(vid\u00e9o MDP)<\/strong><\/p>\n\n\n\n<p><a href=\"https:\/\/www.mediapart.fr\/journal\/france\/061221\/usul-macron-t-il-tue-la-droite\">Usul. Macron a-t-il tu\u00e9 la droite&nbsp;?<\/a>(vid\u00e9o MDP)<\/p>\n\n\n\n<p><span style=\"color:#a30000\" class=\"has-inline-color\">16 d\u00e9cembre en continu<\/span><\/p>\n\n\n\n<p><a href=\"https:\/\/newsletter.liberation.fr\/m\/surl\/200138\/513661\/TkpjUbdpj3wdTsLtg1Ck3nFKF-B12viezBEiZxMr5xU=\/link_15\/LGokR21xmO6CwvtNQvaGe8huKJGnrYAHZQ28qZY-mr+UIPwYbr1vL0mEi6Jb+RJEGuVadhAuVzJyMM2sIaius+8vZy6llA-ejuryX4QEMWH1Mu3ntqZi97WBaFigBF0GSg-sUpFyB9ySi9JZVm9zWoQhuLeb7w4KMuR+MAwpw2i4bf2tsMs5NPR0HdmcfZ7DJsGG0QvWmgk+yCcbD3oIZptuutC2X7V6fmwRXrOd0S4dyfLt1vsRnrlSPMpD5Xl1OuLaO5pHqYdmYKOWtL0BuH2OEmSV5ox-ieJYIKAYXpAHjH0L5WFlVi0gSR3LyHLcCmpj7njdqfUgT6jkVKjXQK02mP0Tz4LT66qBAwyLkhIXWDpe6c27nVt1d6ykV8MggXnksYGHeAGaxzr0bpxSYo9InSIAKmIxrTqPRopQh5I=\" target=\"_blank\" rel=\"noreferrer noopener\"><strong>\u00abO\u00f9 va la France&nbsp;?\u00bb<\/strong>&nbsp;<strong>Macron sur TF1: l&rsquo;essentiel de ses d\u00e9clarations<\/strong><\/a> (Lib\u00e9)<a href=\"https:\/\/newsletter.liberation.fr\/m\/surl\/200138\/513661\/TkpjUbdpj3wdTsLtg1Ck3nFKF-B12viezBEiZxMr5xU=\/link_16\/XvopeYHRgXW6IgnGhhy1cFW+yw7h9NhuBeiqCyB3vEHRzKKnxpyAO4EA+zlq5TSCNvbtB3emibdrLeSMSzK4U8jg+sCm3fqQUUiETtvO062pm-YTW7nC0LSPabpoEbb+PNA1L8pVTyEMKBBHkOzWd2o9fUbetqoTQAz46970Vf4yMzej00yM4FpBpC+AlRuNwMPluOm6GWnaG-3SOkhEFh2XH8ss648p18XCr0gd5LiIZm0IoBMQfWtzKqji-pxwhgYuUcYz5ewt8H5jd81qHiIPev6-mVy-njHF4vQBORT6hIH2UaUVzJEtOEiLYRAX0u2oLg30ltvh2Gw6AxivFUB9XVueZZgRlj4Rk7PF8xCppPKAm7IPe9iScaiIvJRQ9Llcw1TJQRFl-5w3aj9GlbPYCJV7pJXmqNUroAPsQqg=\" target=\"_blank\" rel=\"noreferrer noopener\"><\/a><\/p>\n\n\n\n<p><a href=\"https:\/\/newsletter.liberation.fr\/m\/surl\/200138\/513661\/TkpjUbdpj3wdTsLtg1Ck3nFKF-B12viezBEiZxMr5xU=\/link_17\/9AZz51Soh6rS5cWc0EEADIELVjhaTk2cw+944PcUehnO7bhfCqdKvDtWvBp9urUT7i67IVFcA6EdD0-BC7bcn4cjcBpFtWWiicfZXm1osF1AU2s3uMRFMb1QR+D69bTiEvxls3FCRU-P-f+H5Gwnk0a8vLLZxUsY1r7SMcxmAuDeehv21ojRd1K74S4rky2MLxDFse8h3bssggl92xC85Plcv2w2z1N-nSb2iX9P-WGje6qO61RUwQf6-7Szk0h87w4LgIuHZpzBMChxNPFqz+4Sin-4oyv2nNJpPy-HJdsa7VC4AR15I-kXkZqss4rrsHYLg4UosotDnhOcaVpM-g9LTefSKAZBYxmJ6iO7Zqcpo1qG6asmb22FzyilK4xcBGJXc-6IoNN6HAOgA0xu47Ku-HMuyyxK3nsqlw1Y0TU=\" target=\"_blank\" rel=\"noreferrer noopener\"><\/a><a href=\"https:\/\/newsletter.liberation.fr\/m\/surl\/200138\/513661\/TkpjUbdpj3wdTsLtg1Ck3nFKF-B12viezBEiZxMr5xU=\/link_18\/jlJgzjo8lJPc6bzJ2bEL-piORhgoEnu9hV9LnWfJZlM3iEvlOqhRu4k4Tw+CL+WptUvl7btf+ykvsJuqDWMBwVABWn8lsr0nNguZCaB4A3XpXtYvnZx13BvbUky3I8FKg9E0-Xaxn6yn8pRL55tvsGC2O9onX-s4YFBVHE+X2GXFaI0oLbXuBEJkm5AClQDdp-uEIV26LxrSdRjJHVrw3NWMzPcr8ypX-SJ-nqqVRjZQ5Hbskv7ZOSjjvy0yDNCHtQRsqHiFaHAlyWOYHaT7rJ7SfIZxI8huYUchzqRpOgX0Pt0370Q6Td3YijzE-pXjbrBlqK+ixhW4wkl8Oa8c84DDMGSCHX0fMWKwibyEh3vneXKGpQoThJkGQubMZJyU6Qy6akFdrroUqfNe8Kg8XUGpwgRkvCotBwWMaQJCD6s=\" target=\"_blank\" rel=\"noreferrer noopener\">Le chef de l&rsquo;Etat s<\/a><\/p>\n\n\n\n<p><a href=\"https:\/\/tendanceclaire.org\/breve.php?id=40213\">Anasse Kazib face \u00e0 Mediapart<\/a> (vid\u00e9o MDP)<\/p>\n\n\n\n<p><a href=\"https:\/\/lanticapitaliste.org\/actualite\/politique\/face-lextreme-droite-ne-rien-attendre-des-manoeuvres-gauche-prendre-nos\">Ne rien attendre des man\u0153uvres \u00e0 \u00abgauche\u00bb, prendre nos affaires en main<\/a> (L\u2019Anticapitaliste)<\/p>\n\n\n\n<figure class=\"wp-block-image is-resized is-style-default\"><img data-recalc-dims=\"1\" loading=\"lazy\" decoding=\"async\" src=\"https:\/\/i0.wp.com\/lanticapitaliste.org\/sites\/default\/files\/styles\/largeur_content_hauteur_complet\/public\/une_0.jpg?resize=325%2C365&#038;ssl=1\" alt=\"\" width=\"325\" height=\"365\"\/><\/figure>\n\n\n\n<p><a href=\"https:\/\/rapportsdeforce.fr\/pouvoir-et-contre-pouvoir\/jeune-garde-notre-antifascisme-na-pas-de-feuille-de-route-preetablie-121512143\">Jeune Garde : \u00ab notre antifascisme n\u2019a pas de feuille de route pr\u00e9\u00e9tablie \u00bb<\/a> (Rapports de Force)&nbsp;<\/p>\n\n\n\n<p><a href=\"https:\/\/marsactu.fr\/lagence-francaise-anticorruption-accable-la-gestion-de-la-mairie-rn-des-13-14\/\">L\u2019agence fran\u00e7aise anticorruption accable la gestion de la mairie RN des 13\/14<\/a> (Marsactu)&nbsp;<\/p>\n\n\n\n<p><a href=\"https:\/\/www.mediapart.fr\/journal\/international\/151221\/en-armenie-zemmour-met-en-scene-sa-reconquete-contre-l-islam\">En Arm\u00e9nie, Zemmour met en sc\u00e8ne sa \u00abreconqu\u00eate\u00bb contre l\u2019islam<\/a> (M\u00e9diapart)<\/p>\n\n\n\n<pre class=\"wp-block-preformatted\">Greewashing: sur BFMTV hier, Jadot a indiqu\u00e9, que Hidalgo pourrait \u00eatre<em> \u00abPremi\u00e8re ministre\u00bb.<\/em>\u00abTravaillons \u00e0 un projet commun, \u00e0 un contrat de gouvernement, travaillons sur le fond\u00bb, a-t-il martel\u00e9.<\/pre>\n\n\n\n<p>Analyse<\/p>\n\n\n\n<p><a href=\"https:\/\/theconversation.com\/moi-president-e-regle-n-7-lart-de-linjure-171140\">\u00ab Moi, pr\u00e9sident\u00b7e \u00bb : R\u00e8gle n\u00b07, l\u2019art de l\u2019injure<\/a> (The Conversation)<\/p>\n\n\n\n<p><a href=\"https:\/\/www.humanite.fr\/politique\/extreme-droite\/lextreme-droite-au-plus-haut-comment-en-est-arrive-la-731241#xtor=RSS-1\">L\u2019extr\u00eame droite au plus haut\u2009: comment en est-on arriv\u00e9 l\u00e0\u2009? <\/a>(L\u2019Humanit\u00e9)<\/p>\n\n\n\n<figure class=\"wp-block-image is-resized is-style-default\"><img loading=\"lazy\" decoding=\"async\" src=\"https:\/\/encrypted-tbn0.gstatic.com\/images?q=tbn:ANd9GcRBvcah_lcO3DsLKSv8hntRT8dJSihtOt4h8nbFsASy8VKOuu-RapMDLbxrMz0tQ_AwIWY&amp;usqp=CAU\" alt=\"VALERIE P\u00c9CRESSE ET XAVIER BERTRAND \u2013 Le blog de Plantu\" width=\"413\" height=\"268\"\/><\/figure>\n\n\n\n<p><strong><a href=\"https:\/\/www.youtube.com\/watch?v=ICvTgXSD9fs&amp;t=15s\">Interdit d\u2019interdire &#8211; Bernard Friot &#8211; Fr\u00e9d\u00e9ric Lordon sur le communisme<\/a> (vid\u00e9o)<\/strong><\/p>\n\n\n\n<p><a href=\"https:\/\/dissidences.hypotheses.org\/14682\">Alain Badiou, Petrograd, Shanghai. Les deux r\u00e9volutions du XXe si\u00e8cle<\/a> (Dissidences)<\/p>\n\n\n\n<p><a href=\"https:\/\/aplutsoc.org\/2021\/12\/14\/merci-aux-kanaks-ils-nous-montrent-la-voie\/\">Merci aux Kanaks ! Ils nous montrent la voie !<\/a> (Aplutsoc)<\/p>\n\n\n\n<p><a href=\"https:\/\/alt-rev-com.fr\/2021\/12\/14\/propositions-pour-un-programme\/\">ARC: Propositions pour un programme<\/a> (ARC)<\/p>\n\n\n\n<p><span style=\"color:#a30000\" class=\"has-inline-color\">15 d\u00e9cembre en continu<\/span><\/p>\n\n\n\n<p><\/p>\n\n\n\n<p><a href=\"http:\/\/www.regards.fr\/actu\/article\/taubira-2022-le-spectre-d-une-candidature-sans-projet-13292\">Taubira 2022 : le spectre d&rsquo;une candidature sans projet<\/a> (Regards)<\/p>\n\n\n\n<figure class=\"wp-block-image is-resized is-style-default\"><img data-recalc-dims=\"1\" loading=\"lazy\" decoding=\"async\" src=\"https:\/\/i0.wp.com\/static.politis.fr\/medias\/articles\/2021\/12\/la-semaine-daurel-politologie-et-macron-chez-orban-43914\/image-43914.jpg?resize=303%2C420&#038;ssl=1\" alt=\"La semaine d'Aurel : Politologie et Macron chez Orban\" width=\"303\" height=\"420\"\/><\/figure>\n\n\n\n<p><a href=\"https:\/\/www.mediapart.fr\/journal\/france\/141221\/affaire-des-contrats-russes-alexandre-benalla-place-en-garde-vue\">Affaire des contrats russes: Alexandre Benalla plac\u00e9 en garde \u00e0 vue<\/a> (M\u00e9diapart)<\/p>\n\n\n\n<p><a href=\"https:\/\/lepoing.net\/montpellier-suite-a-une-attaque-fasciste-le-barricade-appelle-a-un-rassemblement-contre-lextreme-droite\/\">Montpellier : suite \u00e0 attaque faf mise en d\u00e9route, Le Barricade appelle \u00e0 rassemblement <\/a>(Le Poing)<\/p>\n\n\n\n<figure class=\"wp-block-image is-resized is-style-default\"><img data-recalc-dims=\"1\" loading=\"lazy\" decoding=\"async\" src=\"https:\/\/i0.wp.com\/mamot.fr\/system\/media_attachments\/files\/107\/402\/286\/751\/949\/314\/original\/c88386343eeda677.jpg?resize=501%2C282&#038;ssl=1\" alt=\"\" width=\"501\" height=\"282\"\/><\/figure>\n\n\n\n<p>Analyse<\/p>\n\n\n\n<p><strong><a href=\"https:\/\/blogs.mediapart.fr\/jean-marc-b\/blog\/141221\/nouvelle-caledonie-les-colons-veulent-rester-colons-quel-scoop\">Nouvelle-Cal\u00e9donie&nbsp;: les colons veulent rester colons. Quel scoop&nbsp;! <\/a>-Daniel Guerrier<\/strong><\/p>\n\n\n\n<p><strong><a href=\"https:\/\/spectremedia.org\/des-colonisations\/?episode=485&amp;playing=485\">\u00ab\u00a0La colonisation et je ne sais quoi encore\u00a0\u00bb &#8211; partie 1<\/a> (Podcast GROC<a href=\"https:\/\/spectremedia.org\/team\/historien%c2%b7nes-membres-du-groupe-de-recherche-sur-les-ordres-coloniaux\/?playing=485\">)<\/a><\/strong><\/p>\n\n\n\n<p><a href=\"https:\/\/www.franceameriquelatine.org\/rencontre-revues-monde-lutte-revoltes-chili-inde-ailleurs-visioconference\/\">Rencontre des revues #3 : Un monde en lutte, les r\u00e9voltes au Chili, en Inde, ailleurs ? <\/a>(visioconf\u00e9rence<a href=\"https:\/\/www.franceameriquelatine.org\/rencontre-revues-monde-lutte-revoltes-chili-inde-ailleurs-visioconference\/\">)<\/a><\/p>\n\n\n\n<p><a href=\"http:\/\/cadtm.org\/Capital-humain-ou-le-visage-hideux-du-capitalisme\">Capital humain, ou le visage hideux du capitalisme<\/a> (CADTM)<\/p>\n\n\n\n<figure class=\"wp-block-image is-resized is-style-default\"><img data-recalc-dims=\"1\" loading=\"lazy\" decoding=\"async\" src=\"https:\/\/i0.wp.com\/i.skyrock.net\/9957\/46549957\/pics\/3316676404_1_10_M0ZsjKVi.png?resize=715%2C265&#038;ssl=1\" alt=\"Birds de rentr\u00e9e... 1\/2 - Les Cr\u00e9ations de Marion suite\" width=\"715\" height=\"265\"\/><\/figure>\n\n\n\n<p><span style=\"color:#a30000\" class=\"has-inline-color\">14 d\u00e9cembre en continu<\/span><\/p>\n\n\n\n<p><a href=\"https:\/\/blogs.mediapart.fr\/jean-marc-b\/blog\/141221\/nouvelle-caledonie-les-colons-veulent-rester-colons-quel-scoop\">No<\/a><strong><a href=\"https:\/\/blogs.mediapart.fr\/jean-marc-b\/blog\/141221\/nouvelle-caledonie-les-colons-veulent-rester-colons-quel-scoop\">uvelle-Cal\u00e9donie&nbsp;: les colons veulent rester colons. Quel scoop&nbsp;!<\/a> -Daniel Guerrier<\/strong><\/p>\n\n\n\n<div class=\"wp-block-image is-style-default\"><figure class=\"alignleft size-full\"><img data-recalc-dims=\"1\" loading=\"lazy\" decoding=\"async\" width=\"1000\" height=\"500\" src=\"https:\/\/i0.wp.com\/www.rdpemancipation.org\/wp-content\/uploads\/2021\/12\/title-1322323636-1.jpg?resize=1000%2C500&#038;ssl=1\" alt=\"\" class=\"wp-image-61657\" srcset=\"https:\/\/i0.wp.com\/www.rdpemancipation.org\/wp-content\/uploads\/2021\/12\/title-1322323636-1.jpg?w=1000&amp;ssl=1 1000w, https:\/\/i0.wp.com\/www.rdpemancipation.org\/wp-content\/uploads\/2021\/12\/title-1322323636-1.jpg?resize=300%2C150&amp;ssl=1 300w, https:\/\/i0.wp.com\/www.rdpemancipation.org\/wp-content\/uploads\/2021\/12\/title-1322323636-1.jpg?resize=768%2C384&amp;ssl=1 768w\" sizes=\"auto, (max-width: 1000px) 100vw, 1000px\" \/><\/figure><\/div>\n\n\n\n<p><strong><a href=\"https:\/\/blogs.mediapart.fr\/jean-marc-b\/blog\/131221\/ras-le-bol-general-ca-part-dans-tous-les-coins\">Ras-le-bol g\u00e9n\u00e9ral- Ca part dans tous les coins<\/a> (Luttes Invisibles)<\/strong><\/p>\n\n\n\n<p><a href=\"https:\/\/solidaires.org\/Kanaky-Et-maintenant\">Kanaky : Et maintenant ?<\/a> (Solidaires)&nbsp;<\/p>\n\n\n\n<p><a href=\"https:\/\/europe-solidaire.us8.list-manage.com\/track\/click?u=5c732dd5ee65845cf20fd724a&amp;id=1d76d554e0&amp;e=5df9c98670\">R\u00e9f\u00e9rendum en Kanaky : Moi, fran\u00e7aise anticolonialiste, je ne suis pas fi\u00e8re ce soir<\/a> -Isabelle Leblic<\/p>\n\n\n\n<p><a href=\"http:\/\/www.regards.fr\/videos\/article\/ledebrief-gauche-s-en-quete-d-unite-melenchon-en-appelle-aux-communistes-macron\">#LeD\u00e9brief. Gauche(s) en qu\u00eate d&rsquo;unit\u00e9, M\u00e9lenchon en appelle aux communistes, vote des 18-30 ans<\/a> (Regards)&nbsp;<\/p>\n\n\n\n<p><a href=\"https:\/\/www.mediapart.fr\/journal\/france\/131221\/gerald-darmanin-engage-la-procedure-de-dissolution-du-groupuscule-neonazi-les-zouaves\">G\u00e9rald Darmanin engage la proc\u00e9dure de dissolution du groupuscule n\u00e9onazi les Zouaves<\/a> (M\u00e9diapart)<\/p>\n\n\n\n<p>Analyse <\/p>\n\n\n\n<p><a href=\"https:\/\/www.mediapart.fr\/journal\/france\/131221\/pourquoi-l-extreme-droite-peut-cracher-sur-les-tombes\">Pourquoi l\u2019extr\u00eame droite peut cracher sur les tombes<\/a> (M\u00e9diapart) <\/p>\n\n\n\n<figure class=\"wp-block-image is-resized is-style-default\"><img data-recalc-dims=\"1\" loading=\"lazy\" decoding=\"async\" src=\"https:\/\/i0.wp.com\/mamot.fr\/system\/media_attachments\/files\/107\/415\/971\/201\/323\/636\/original\/18c058f51ec5748a.png?resize=348%2C419&#038;ssl=1\" alt=\"\" width=\"348\" height=\"419\"\/><\/figure>\n\n\n\n<p><a href=\"https:\/\/www.mediapart.fr\/journal\/france\/131221\/claude-gueant-l-histoire-d-une-decheance\">Claude Gu\u00e9ant, l\u2019histoire d\u2019une d\u00e9ch\u00e9ance<\/a> (M\u00e9diapart)&nbsp;<\/p>\n\n\n\n<p><a href=\"https:\/\/reporterre.net\/Climat-les-sept-mensonges-d-Eric-Zemmour\">Climat&nbsp;: les sept mensonges d&rsquo;\u00c9ric Zemmour<\/a> (Reporterre)&nbsp;<\/p>\n\n\n\n<p><strong><a href=\"https:\/\/www.contretemps.eu\/capitalisme-technologie-travail-exploitation-jason-smith\/\">Vers un monde sans travail ? Derri\u00e8re la mythologie capitaliste, la lutte des classes<\/a> (Contretemps)<\/strong><\/p>\n\n\n\n<div class=\"wp-block-image is-style-default\"><figure class=\"aligncenter is-resized\"><img data-recalc-dims=\"1\" decoding=\"async\" src=\"https:\/\/i0.wp.com\/www.contretemps.eu\/wp-content\/uploads\/80407169bb944fabc8eaed4b74e226bf24413dfaf5129ab7ffcd312aba9289ec.jpg?w=1200&#038;ssl=1\" alt=\"\" class=\"wp-image-31350\"  \/><\/figure><\/div>\n\n\n\n<p><a href=\"https:\/\/reflets.info\/articles\/le-film-politique-en-plein-renouveau\">Le film politique en plein renouveau<\/a> (Reflets.info)&nbsp;<\/p>\n\n\n\n<p><a href=\"https:\/\/lundi.am\/L-ere-de-l-intello-indigent\">L\u2019\u00e8re de l\u2019intello indigent&nbsp;?<\/a>(Lundi matin)<\/p>\n\n\n\n<p><a href=\"https:\/\/lundi.am\/Les-servitudes-amerindiennes-un-debat-complexe\">Les servitudes am\u00e9rindiennes&nbsp;: un d\u00e9bat complexe<\/a> (Lundi matin)<\/p>\n\n\n\n<p><strong><a href=\"https:\/\/blogs.mediapart.fr\/jean-marc-b\/blog\/131221\/inegalites-mondiales-par-michael-roberts\">In\u00e9galit\u00e9s mondiales, <\/a>&#8211; Michael Roberts<a href=\"https:\/\/blogs.mediapart.fr\/jean-marc-b\/blog\/131221\/inegalites-mondiales-par-michael-roberts\">&nbsp;<\/a><\/strong><\/p>\n\n\n\n<p><a href=\"https:\/\/blogs.mediapart.fr\/jean-marc-b\/blog\/131221\/climat-inegalites-et-lutte-des-classes-un-panorama-mondial\">Climat, in\u00e9galit\u00e9s et lutte des classes \u2013 Un panorama mondial <\/a>&#8211; Daniel Tanuro<\/p>\n\n\n\n<p><a href=\"https:\/\/www.liberation.fr\/checknews\/le-patron-de-rivarol-a-ete-condamne-pour-avoir-dit-que-petain-avait-sauve-des-juifs-pourquoi-pas-zemmour-20211212_FFKHHCZM6ZEQFLNH3GP7VMWBMM\/\">\u00ab&nbsp;Rivarol&nbsp;\u00bb a \u00e9t\u00e9 condamn\u00e9 pour avoir dit que P\u00e9tain avait sauv\u00e9 des juifs, pourquoi pas Zemmour&nbsp;?<\/a> (Lib\u00e9ration) <\/p>\n\n\n\n<p><a href=\"https:\/\/www.lemediatv.fr\/emissions\/2021\/le-parti-socialiste-est-il-deja-mort-contre-matinale-54-OVNCC_cbRfacqTkVfz79cQ\">Le parti socialiste est-il d\u00e9j\u00e0 mort ? | Contre-Matinale #54<\/a> (Le M\u00e9dia)<\/p>\n\n\n\n<p><a href=\"https:\/\/theconversation.com\/derriere-les-chiffres-qui-sont-les-sondeurs-173274\">Derri\u00e8re les chiffres, qui sont les sondeurs ?<\/a> (The Conversation)<\/p>\n\n\n\n<p><span style=\"color:#a30000\" class=\"has-inline-color\">13 d\u00e9cembre en continu<\/span><\/p>\n\n\n\n<p><a href=\"https:\/\/blogs.mediapart.fr\/ceinna-coll\/blog\/121221\/gj-acte161-paris-11122021-antipassvaxxxenfantsgrenellepa\">GJ Acte161-Paris-11\/12\/2021-AntiPass\/Vaxxx\/Enfants\/GrenellePA<\/a> -Ceinna Coll<\/p>\n\n\n\n<p><a href=\"https:\/\/blogs.mediapart.fr\/les-invites-de-mediapart\/blog\/091221\/respectez-le-droit-inalienable-du-peuple-kanak-l-autodetermination\">Respectez le droit inali\u00e9nable du peuple kanak \u00e0 l\u2019autod\u00e9termination&nbsp;!<\/a> -Collectif<\/p>\n\n\n\n<p><a href=\"https:\/\/www.youtube.com\/watch?v=omn5V8bN95U\" title=\"https:\/\/www.youtube.com\/watch?v=omn5V8bN95U\">Jean-Luc M\u00e9lenchon sur la Cal\u00e9donie, son programme et la gauche<\/a> (vid\u00e9o France Inter)<\/p>\n\n\n\n<p><a href=\"https:\/\/www.francetvinfo.fr\/elections\/presidentielle\/presidentielle-2022-a-laon-yannick-jadot-erige-l-ecologie-en-seule-alternative-heureuse-aux-paniques-identitaires_4877823.html\">Jadot \u00e9rige l&rsquo;\u00e9cologie en seule \u00ab\u00a0alternative heureuse\u00a0\u00bb aux \u00ab\u00a0paniques identitaires\u00a0\u00bb<\/a> (France Info)<\/p>\n\n\n\n<p><strong><a href=\"https:\/\/www.alternatives-economiques.fr\/christian-chavagneux\/macron-pecresse-zemmour-meme-combat-leconomie\/00101397\">Macron, P\u00e9cresse, Zemmour&nbsp;: m\u00eame combat sur l\u2019\u00e9conomie<\/a> (Alter \u00e9co)<\/strong><\/p>\n\n\n\n<p><a href=\"http:\/\/www.regards.fr\/videos\/article\/des-bieres-des-chips-et-des-gauchistes-une-primaire-pour-sauver-la-gauche\">Des bi\u00e8res, des chips et des gauchistes : une primaire pour sauver la gauche ?<\/a> (Regards)<\/p>\n\n\n\n<p><a href=\"https:\/\/blogs.mediapart.fr\/jean-marc-b\/blog\/121221\/audrey-vernon-explose-tout-video-le-media\">Audrey Vernon explose tout &#8211; <\/a>vid\u00e9o Le M\u00e9dia&nbsp;<\/p>\n\n\n\n<p><a href=\"https:\/\/blogs.mediapart.fr\/jean-marc-b\/blog\/121221\/zemmour-failli-mourir-erevan\">Zemmour a failli mourir \u00e0 Erevan <\/a>-Jean-Marc B<\/p>\n\n\n\n<figure class=\"wp-block-image is-style-default\"><img data-recalc-dims=\"1\" decoding=\"async\" src=\"https:\/\/i0.wp.com\/mamot.fr\/system\/media_attachments\/files\/107\/370\/565\/503\/430\/785\/original\/825f59ac1af456e7.png?w=1200&#038;ssl=1\" alt=\"\"\/><figcaption><sub>Extrait de \u00ab\u00a0L&rsquo;Intransigeant\u00a0\u00bb le Valeurs Actuelles des ann\u00e9es 30&#8230;<\/sub> <\/figcaption><\/figure>\n\n\n\n<p>Analyse<\/p>\n\n\n\n<p><a href=\"https:\/\/blogs.mediapart.fr\/jean-marc-b\/blog\/121221\/samedi-11-decembre-vive-la-greve-generale-jacques-chastaing\"><strong>Samedi 11 d\u00e9cembre: vive la gr\u00e8ve g\u00e9n\u00e9rale&nbsp;! &#8211;<\/strong><\/a><strong>Jacques Chastaing<\/strong><\/p>\n\n\n\n<p><a href=\"https:\/\/theconversation.com\/eric-zemmour-a-travers-ses-discours-le-fils-de-personne-172322\">\u00c9ric Zemmour \u00e0 travers ses discours&nbsp;: \u00ab\u00a0le fils de personne\u00a0\u00bb&nbsp;?<\/a> (The Conversation)<\/p>\n\n\n\n<p><a href=\"https:\/\/qg.media\/2021\/12\/02\/le-pouvoir-la-ve-republique-et-la-chefferie-indienne\/\">Le pouvoir, la V\u00e8me R\u00e9publique et la \u00ab chefferie indienne \u00bb<\/a> (QG Media)<\/p>\n\n\n\n<p><a href=\"https:\/\/www.frustrationmagazine.fr\/choix-du-chomage-1\/\">\u201cAvant m\u00eame l\u2019arriv\u00e9e au pouvoir de Mitterrand, le \u201ctournant\u201d de la rigueur \u00e9tait d\u00e9j\u00e0 pr\u00e9vu.\u201d<\/a> (Frustration) X<\/p>\n\n\n\n<p><strong><a href=\"https:\/\/www.contretemps.eu\/marx-engels-commune-paris-strategie-revolution-etat\/\">Marx, Engels et la Commune de Paris [Podcast]<\/a> (Contretemps)<\/strong>&nbsp;<\/p>\n\n\n\n<p><a href=\"https:\/\/blogs.mediapart.fr\/edition\/chroniques-deurope-centrale\/article\/101221\/m-macron-la-hongrie-ou-vous-vous-rendez-est-gouvernee-par-l-extreme-droi\">\u00ab M. Macron, la Hongrie o\u00f9 vous vous rendez est gouvern\u00e9e par l\u2019extr\u00eame droite \u00bb<\/a> -Corentin L\u00e9otard<\/p>\n\n\n\n<p><a href=\"https:\/\/blogs.mediapart.fr\/samira-houari-laplatte\/blog\/101221\/archives-guerre-dalgerie-coup-de-poker-sur-fond-delection-presidentielle\">Archives guerre d&rsquo;Alg\u00e9rie : coup de poker sur fond d&rsquo;\u00e9lection pr\u00e9sidentielle ?<\/a> -Samira Houari-Laplatte<\/p>\n\n\n\n<p><span style=\"color:#a30000\" class=\"has-inline-color\">12 d\u00e9cembre en continu<\/span><\/p>\n\n\n\n<p><a href=\"https:\/\/blogs.mediapart.fr\/jean-marc-b\/blog\/121221\/referendum-en-nouvelle-caledonie-le-colonialisme-francais-decomplexe\"><strong>\u00ab&nbsp;R\u00e9f\u00e9rendum&nbsp;\u00bb en Nouvelle-Cal\u00e9donie&nbsp;: le colonialisme fran\u00e7ais d\u00e9complex\u00e9&nbsp;! <\/strong><\/a><strong>(Communiqu\u00e9 NPA)<\/strong><\/p>\n\n\n\n<p><strong><a href=\"https:\/\/www.mediapart.fr\/journal\/france\/121221\/nouvelle-caledonie-macron-se-felicite-de-resultats-qui-ne-veulent-rien-dire\">Nouvelle-Cal\u00e9donie : Macron se f\u00e9licite de r\u00e9sultats qui ne veulent rien dire<\/a> (MDP)<\/strong><\/p>\n\n\n\n<figure class=\"wp-block-image is-resized is-style-default\"><img loading=\"lazy\" decoding=\"async\" src=\"https:\/\/encrypted-tbn0.gstatic.com\/images?q=tbn:ANd9GcRSe20G1aJb9Y26d4aX0QjHHdIkM-l3WIyyKw&amp;usqp=CAU\" alt=\"A Manca | KANAKY : LE MAINTIEN DU STATU QUO COLONIAL\" width=\"628\" height=\"315\"\/><figcaption><sub>En Kanaky comme ailleurs, la fin joug colonial ne sera pas le fruit d&rsquo;un vote mais d&rsquo;un rapport de force global contre l&rsquo;occupant<\/sub><\/figcaption><\/figure>\n\n\n\n<p><a href=\"https:\/\/reporterre.net\/On-n-a-pas-la-tete-a-ca-en-Nouvelle-Caledonie-le-referendum-sur-l-independance-est\">\u00ab&nbsp;On n&rsquo;a pas la t\u00eate \u00e0 \u00e7a&nbsp;\u00bb&nbsp;: en Nouvelle-Cal\u00e9donie, le r\u00e9f\u00e9rendum sur l&rsquo;ind\u00e9pendance est contest\u00e9<\/a> (Reporterre)<\/p>\n\n\n\n<p><strong><a href=\"https:\/\/www.mediapart.fr\/journal\/france\/121221\/charles-wea-du-flnks-nous-ne-negocierons-plus-avec-ce-gouvernement\">Charles Wea, du FLNKS&nbsp;: \u00ab&nbsp;Nous ne n\u00e9gocierons plus avec ce gouvernement&nbsp;\u00bb<\/a> (MDP)<\/strong><\/p>\n\n\n\n<p>&nbsp;<\/p>\n\n\n\n<figure class=\"wp-block-image is-resized is-style-default\"><img loading=\"lazy\" decoding=\"async\" src=\"https:\/\/scontent.fhex4-1.fna.fbcdn.net\/v\/t39.30808-6\/261424156_1808415642676328_8935343084392307532_n.jpg?_nc_cat=105&amp;ccb=1-5&amp;_nc_sid=8bfeb9&amp;_nc_ohc=NbLI6taNZpYAX8cEDBe&amp;_nc_ht=scontent.fhex4-1.fna&amp;oh=00_AT9Eqa6GMgamQm8I6EdULYUuvS8yIKGBFDhQfNV6wgWOOw&amp;oe=61BAA154\" alt=\"Peut \u00eatre une image de 1 personne et plein air\" width=\"352\" height=\"352\"\/><\/figure>\n\n\n\n<p><a href=\"https:\/\/www.boursorama.com\/actualite-economique\/actualites\/peche-post-brexit-londres-accorde-23-licences-supplementaires-aux-francais-daf5a09b9087b862db6cf8d4fef3c3e0\">P\u00eache post-Brexit: Londres accorde 23 licences suppl\u00e9mentaires aux Fran\u00e7ais<\/a>&nbsp; (AFP)<\/p>\n\n\n\n<p><a href=\"https:\/\/www.mediapart.fr\/journal\/france\/111221\/assauts-multiples-contre-la-loi-protegeant-les-lanceurs-d-alerte\">Assauts multiples contre la loi prot\u00e9geant les lanceurs d\u2019alerte<\/a> (M\u00e9diapart)&nbsp;<\/p>\n\n\n\n<figure class=\"wp-block-image is-resized is-style-default\"><img data-recalc-dims=\"1\" loading=\"lazy\" decoding=\"async\" src=\"https:\/\/i0.wp.com\/mamot.fr\/system\/media_attachments\/files\/107\/383\/342\/510\/378\/613\/original\/4cf1df60a0f67411.png?resize=348%2C419&#038;ssl=1\" alt=\"\" width=\"348\" height=\"419\"\/><\/figure>\n\n\n\n<p>Analyse<\/p>\n\n\n\n<p><a href=\"https:\/\/www.boursorama.com\/boursoramag\/actualites\/comment-l-extremisme-veut-tromper-le-peuple-une-exposition-appelle-a-la-vigilance-468c36ee8dee9b66319ce2c67a65e28f\">\u00ab\u00a0Comment l&rsquo;extr\u00e9misme veut tromper le peuple\u00a0\u00bb: une exposition appelle \u00e0 la vigilance<\/a> (AFP)<\/p>\n\n\n\n<p><a href=\"https:\/\/reporterre.net\/A-Plogoff-voici-40-ans-la-lutte-antinucleaire-faisait-reculer-l-Etat\">\u00c0 Plogoff, voici 40 ans, la lutte antinucl\u00e9aire faisait reculer l&rsquo;\u00c9tat<\/a> (Reporterre)<\/p>\n\n\n\n<p><a href=\"https:\/\/www.mediapart.fr\/journal\/culture-idees\/101221\/ce-qui-relie-sunnisme-et-chiisme-ce-qui-les-delie\">Ce qui relie sunnisme et chiisme, ce qui les d\u00e9lie<\/a> (M\u00e9diapart)<\/p>\n\n\n\n<p><a href=\"https:\/\/newsletter.liberation.fr\/m\/surl\/200138\/513586\/s3cOCPHrrvVbuwnordbhEXFKF-B12viezBEiZxMr5xU=\/link_14\/fbpTjPISh2PAKVV7+H+8m9ukRsQzKoI4XkCZEUQzmVix+a+E51AxOtyA97TthL7zHCgFMNR-imuO-4P08d-ygWgG4xmG21vOAff1tiw8KofGywIRue+wh8Ffi+Z5TFojUO7K0+XTVXR1RNHdJCbE7ZHd-P5IOoEEv5SknX7paH6q4AJL7q+wnx8DOsaSCcon+9RkOawOhxKIkWhxX4atxZyVLvQ9043q8Ukt9fru8d6Xr838nkKJa14TvCQYzZiCr5ghnRrDXId8UOrlxfOQBytLMwD2F3rJsrovpdRwsk9DnXGAMQjsfhrao6dhDEsfELWRkOc7bK7LZbPqIflQ+ybIsJcHPSjOIRyBCKe99G1ro3GpL9sXgFf0j37XFpgHqGhvUqa16jx6Pzfcc1q44A==\">CheckNews&nbsp;Comment fonctionne \u00abla primaire populaire\u00bb ?<\/a> (Lib\u00e9)<\/p>\n\n\n\n<p><a href=\"https:\/\/newsletter.liberation.fr\/m\/surl\/200138\/513586\/s3cOCPHrrvVbuwnordbhEXFKF-B12viezBEiZxMr5xU=\/link_32\/suqT5iD1tNGeF0chmb2TyEdJygSv1uZzeK6LDUAZlVl381hPbfrtSA41czThFQdX9qEctciOiyjY2xl1WuC58x2JV6JIWx1ba0KlYqF9BAdInzW94JAgt1g6bHcMVusFSZprDYf9kz-wvmpGrD1O9LiyHMNcD-TJMYS2axZd2oxXpZBxh7L2-hOk7y1kU6RmD61fsjc3SZsA4ZYP7sydw-MviPIoQKNbeZfbuhTEA0XmbiCLXtj4fTda5SjSfBp4bukNMxk9lGHAiUSrJ3PyqcaCv9uR9pNTXY8tsp3t3wml01+NKfqTXzVottPoxyNrpQodPwl94tJZNwjkqMEIkinSlSPmlav1cZS6lYzC6v--rzkJwBSsg8PGod0oU+JvP3gFFkLZTv4C7GKC7ISEJgBYpJ0fg2WgNoPMzWqiRKmisoxKYk3fguvuneSczV29\">Hotte line&nbsp;Nepthys Zwer et Philippe Rekacewicz, ces cartes qui disent non<\/a> (Lib\u00e9)<\/p>\n\n\n\n<p><a href=\"https:\/\/blogs.mediapart.fr\/jean-marc-b\/blog\/101221\/l-ecologie-meconnue-de-marx-alain-bihr\">L\u2019\u00e9cologie (m\u00e9connue) de Marx &#8211;<\/a>Alain Bihr<\/p>\n\n\n\n<figure class=\"wp-block-image is-resized is-style-default\"><img data-recalc-dims=\"1\" loading=\"lazy\" decoding=\"async\" src=\"https:\/\/i0.wp.com\/alencontre.org\/wp-content\/uploads\/2021\/11\/La-nature-contre-le-capital.jpg?resize=335%2C468\" alt=\"\" width=\"335\" height=\"468\"\/><\/figure>\n\n\n\n<p><span style=\"color:#a30000\" class=\"has-inline-color\">11 d\u00e9cembre en continu<\/span><\/p>\n\n\n\n<p><a href=\"https:\/\/www.facebook.com\/watch\/?v=610224883553044&amp;aggr_v_ids[0]=610224883553044&amp;notif_id=1639219370864071&amp;notif_t=watch_follower_video&amp;ref=notif\">Intervention du MJKF au meeting de soutien au peuple kanak<\/a> -vid\u00e9o<\/p>\n\n\n\n<p><strong><a href=\"https:\/\/nouveaupartianticapitaliste.org\/communique\/pour-les-droits-democratiques-contre-lextradition-de-julian-assange\">Pour les droits d\u00e9mocratiques, contre l\u2019extradition de Julian Assange !<\/a> (Com. NPA)<\/strong><\/p>\n\n\n\n<p><strong><a href=\"https:\/\/www.contretemps.eu\/kanaky-contre-revolution-colonialisme-france-chirac-pasqua\/\">\u00c9tat d\u2019urgence et contre-insurrection en Kanaky<\/a> (Contretemps) <\/strong><\/p>\n\n\n\n<figure class=\"wp-block-image is-style-default\"><img data-recalc-dims=\"1\" decoding=\"async\" src=\"https:\/\/i0.wp.com\/www.contretemps.eu\/wp-content\/uploads\/img-4.jpg?w=1200&#038;ssl=1\" alt=\"\"\/><\/figure>\n\n\n\n<p><a href=\"https:\/\/www.humanite.fr\/en-debat\/presidentielle-2022\/presidentielle-au-second-tour-macron-prefere-zemmour-730880#xtor=RSS-1\">Pr\u00e9sidentielle : au second tour, Macron pr\u00e9f\u00e8re Zemmour<\/a> (L\u2019Humanit\u00e9)<\/p>\n\n\n\n<p><a href=\"https:\/\/reporterre.net\/Un-candidat-a-l-election-presidentielle-Jean-Marie-Matagne-oppose-au-nucleaire-militaire\">Un candidat \u00e0 l&rsquo;\u00e9lection pr\u00e9sidentielle, Jean-Marie Matagne, oppos\u00e9 au nucl\u00e9aire militaire<\/a> (Reporterre)<\/p>\n\n\n\n<pre class=\"wp-block-preformatted has-normal-font-size\">Darmanin a d\u00e9cor\u00e9 de la L\u00e9gion d\u2019honneur le Pt de la Conf\u00e9rence des \u00e9v\u00eaques qui avait affirm\u00e9 <em>\u00ab<\/em>&nbsp;<em>[le secret de la confession est] plus fort que les lois de la R\u00e9publique<\/em>&nbsp;<em>\u00bb<\/em>&nbsp;suite au scandale de p\u00e9docriminalit\u00e9 (<a href=\"https:\/\/www.ouest-france.fr\/societe\/religions\/gerald-darmanin-a-remis-la-legion-d-honneur-a-eric-de-moulins-beaufort-archeveque-de-paris-293d64f4-56c9-11ec-a00b-81ea3a07ac0a\">source<\/a>)<\/pre>\n\n\n\n<p><a href=\"https:\/\/www.legorafi.fr\/2021\/12\/02\/apres-le-loup-un-depute-socialiste-apercu-dans-les-yvelines\/\">Apr\u00e8s le loup, un d\u00e9put\u00e9 socialiste aper\u00e7u dans les Yvelines<\/a> (Le Gorafi?)<\/p>\n\n\n\n<figure class=\"wp-block-image is-resized is-style-default\"><img data-recalc-dims=\"1\" loading=\"lazy\" decoding=\"async\" src=\"https:\/\/i0.wp.com\/www.legorafi.fr\/wp-content\/uploads\/2021\/12\/binocular-g20f18e429_1920.jpg?resize=436%2C290&#038;ssl=1\" alt=\"\" width=\"436\" height=\"290\"\/><\/figure>\n\n\n\n<p><a href=\"https:\/\/www.revolutionpermanente.fr\/Soutien-aux-militants-antifascistes-agresses-a-Aix-en-Provence\">Soutien aux militants antifascistes agress\u00e9s \u00e0 Aix-en-Provence&nbsp;!<\/a> -Collectif<\/p>\n\n\n\n<p><a href=\"https:\/\/www.mediapart.fr\/journal\/international\/091221\/macron-met-deja-l-europe-son-service\">Macron met d\u00e9j\u00e0 l\u2019Europe \u00e0 son service<\/a> (M\u00e9diapart)<\/p>\n\n\n\n<figure class=\"wp-block-image is-resized is-style-default\"><img loading=\"lazy\" decoding=\"async\" src=\"https:\/\/scontent.ffjr1-6.fna.fbcdn.net\/v\/t39.30808-6\/265914679_4571061889679213_1587431405695108191_n.jpg?_nc_cat=104&amp;_nc_rgb565=1&amp;ccb=1-5&amp;_nc_sid=8bfeb9&amp;_nc_ohc=M2BjljpOD6gAX9nr58y&amp;_nc_ht=scontent.ffjr1-6.fna&amp;oh=9a788259c31a86481149673c6d7ac488&amp;oe=61B801ED\" alt=\"Peut \u00eatre un dessin anim\u00e9 de texte qui dit \u2019Non, M. Montebourg, c'est la boucherie Sanzot ici... Oui, monsieur... Nor, monsieur, on ne fait pas d'union de \/a gauche... Pas de quoi, monsieur. DIPLOM\u2019\" width=\"367\" height=\"564\"\/><\/figure>\n\n\n\n<p>Analyse<\/p>\n\n\n\n<p><a href=\"https:\/\/cqfd-journal.org\/En-Kanaky-le-variant-delta-du\">En Kanaky, le variant delta du colonialisme <\/a>(CQFD)&nbsp;<\/p>\n\n\n\n<p><a href=\"https:\/\/www.saphirnews.com\/Petit-lexique-pour-comprendre-le-soufisme-par-Clara-Murner_a28471.html\">Petit lexique pour comprendre le soufisme, par Clara Murner<\/a> (SaphirNews)&nbsp;<\/p>\n\n\n\n<p><a href=\"https:\/\/www.mediapart.fr\/journal\/france\/101221\/des-antifas-traites-de-fascistes-les-perversions-semantiques-de-l-extreme-droite-se-banalisent\">Des \u00abantifas\u00bb trait\u00e9s de fascistes: les perversions s\u00e9mantiques de l\u2019extr\u00eame droite se banalisent<\/a> (M\u00e9diapart)<\/p>\n\n\n\n<p><a href=\"https:\/\/newsletter.liberation.fr\/m\/surl\/200138\/513584\/5pGKKMLhi4-Ohrs3oyg3p3FKF-B12viezBEiZxMr5xU=\/link_38\/5zApT3NDG9lo8ZhBFTNhcstaCzi4YGIl+GuAzVcRN2qqMLMSARxAXpqZiPpjNOkC-nZLFzVNasmUKaom-fo-F8ma-JIMe4Al8ADx3268V3x+bgxymdfJr4aII-ZYQvdrDTrp-M9MMj9Bw99B2dHdfB+-4F4k2855AGjdiIgC6t8wX-ToZHx6biPINkcZXNnqtjrr5vijB9CW4R4XgZr4MSInhWQq67jj4QGR0O1AqAE--lqUMXFwd9k8RfLaLj3ZdIcwiNFgsc1soPf5ruVXe5qncgbCJkImT9hJ7y7DKQW2+J9TWNZti0C665-s1rYXUPHcWtdVR+7M5U4gJzn1mKWaJQYjzV0x7K8z6pV6MBnLCHWAPGu3Tuc8URrHjzjh+SzqTmyDCzwCH8bVe2l6nW879oDTL0zUbaeuJCkFP3E=\">Menace&nbsp;Terrorisme d&rsquo;ultradroite : la course de haine bat son plein<\/a> (Lib\u00e9)<\/p>\n\n\n\n<figure class=\"wp-block-image size-full is-resized is-style-default\"><img data-recalc-dims=\"1\" loading=\"lazy\" decoding=\"async\" src=\"https:\/\/i0.wp.com\/www.rdpemancipation.org\/wp-content\/uploads\/2021\/12\/ACWLX5BX2VAZ7CFASWJO2YNKD4.jpg?resize=525%2C403&#038;ssl=1\" alt=\"\" class=\"wp-image-61186\" width=\"525\" height=\"403\" srcset=\"https:\/\/i0.wp.com\/www.rdpemancipation.org\/wp-content\/uploads\/2021\/12\/ACWLX5BX2VAZ7CFASWJO2YNKD4.jpg?w=800&amp;ssl=1 800w, https:\/\/i0.wp.com\/www.rdpemancipation.org\/wp-content\/uploads\/2021\/12\/ACWLX5BX2VAZ7CFASWJO2YNKD4.jpg?resize=300%2C230&amp;ssl=1 300w, https:\/\/i0.wp.com\/www.rdpemancipation.org\/wp-content\/uploads\/2021\/12\/ACWLX5BX2VAZ7CFASWJO2YNKD4.jpg?resize=768%2C589&amp;ssl=1 768w\" sizes=\"auto, (max-width: 525px) 100vw, 525px\" \/><figcaption>Visuel issu du manuel accelerationniste de la personne arr\u00eat\u00e9e \u00e0 Montauban<\/figcaption><\/figure>\n\n\n\n<p><a href=\"https:\/\/blogs.mediapart.fr\/jean-marc-b\/blog\/101221\/l-ecologie-meconnue-de-marx-alain-bihr\">L\u2019\u00e9cologie (m\u00e9connue) de Marx &#8211;<\/a>Alain Bihr<\/p>\n\n\n\n<p><a href=\"https:\/\/reporterre.net\/Macron-et-l-Europe-tout-pour-la-croissance-rien-pour-le-climat\">Macron et l&rsquo;Europe&nbsp;: tout pour la croissance, rien pour le climat<\/a> (Reporterre)&nbsp;<\/p>\n\n\n\n<p><a href=\"https:\/\/orientxxi.statslive.info\/c\/6088391778\/eyJpdiI6IkFEdkZsZkloWE5qRzRtTExNU1RPR29kenRNd1RYZCtJZzd2S1Y0ZTlGaUU9IiwidmFsdWUiOiJNeFJhempJbmMxQkdZS2ZDNDBtYzBGQUZIbitPUkQ0MHFtRHdtYVd2QlhNd2k2MHdaeEJXcTRrdnlBemk2RzhrN0I3ZUNOMEVZVE04V04wY1RKVGo4QT09IiwibWFjIjoiOWRiNjUxNzNiNjlmOWI2NDgzYzI3Yjg1YmU3MjQ1NjhkMmEwYWUxOTMzYzI2YjY1MzQ2OWQ1MjZhNGQ2NzE3NiJ9\">Antis\u00e9mitisme et islamophobie, une histoire crois\u00e9e<\/a> (Orient XXI)<\/p>\n\n\n\n<p><a href=\"https:\/\/tendanceclaire.org\/breve.php?id=40172\">Mis\u00e8re de la philosophie postmoderne<\/a> (Revolution)<\/p>\n\n\n\n<p><a href=\"https:\/\/www.contretemps.eu\/marxisme-sociologie-burawoy-wright-classes\/\">Le marxisme sociologique selon Michael Burawoy et Erik Olin Wright<\/a> (Contretemps)<\/p>\n\n\n\n<p><a href=\"https:\/\/www.contretemps.eu\/kanaky-nouvelle-caledonie-referendum\/\">Kanaky: pour un oui ou pour un non<\/a> (Contretemps)<\/p>\n\n\n\n<p><a href=\"https:\/\/www.les-crises.fr\/danger-eternel-reconnaitre-le-proto-fascisme\/\">Danger \u00e9ternel : Reconnaitre le Proto-fascisme<\/a> -Umberto Eco<\/p>\n\n\n\n<p><span style=\"color:#a30000\" class=\"has-inline-color\">10 d\u00e9cembre en continu<\/span><\/p>\n\n\n\n<p><strong><a href=\"https:\/\/blogs.mediapart.fr\/jean-marc-b\/blog\/091221\/manifestations-samedi-de-soutien-la-greve-generale-aux-antilles\">Manifestations samedi de soutien \u00e0 la gr\u00e8ve g\u00e9n\u00e9rale aux Antilles <\/a>(Luttes Invisibles)<\/strong><\/p>\n\n\n\n<p><a href=\"https:\/\/www.boursorama.com\/actualite-economique\/actualites\/primaire-a-gauche-fin-de-non-recevoir-a-la-proposition-de-hidalgo-7d52ecd817f1d427a50b349704c2ffb3\">Primaire \u00e0 gauche: fin de non-recevoir \u00e0 la proposition de Hidalgo<\/a> (AFP)<\/p>\n\n\n\n<figure class=\"wp-block-image is-resized is-style-default\"><img data-recalc-dims=\"1\" loading=\"lazy\" decoding=\"async\" src=\"https:\/\/i0.wp.com\/i.imgur.com\/hyZBj1V.gif?resize=471%2C251&#038;ssl=1\" alt=\"The 21 things kids will learn the hard way! - Petit Petit Gamin\" width=\"471\" height=\"251\"\/><figcaption><sub>Remontada Montebourg-Hidalgo&#8230;<\/sub><\/figcaption><\/figure>\n\n\n\n<p><a href=\"https:\/\/reporterre.net\/Primaire-de-la-gauche-ecolos-et-insoumis-declinent-la-proposition-d-Anne-Hidalgo\">Primaire de la gauche&nbsp;: \u00e9colos et insoumis d\u00e9clinent la proposition d&rsquo;Anne Hidalgo<\/a> (Reporterre)<\/p>\n\n\n\n<figure class=\"wp-block-image is-resized is-style-default\"><img data-recalc-dims=\"1\" loading=\"lazy\" decoding=\"async\" src=\"https:\/\/i0.wp.com\/static.mediapart.fr\/etmagine\/default\/files\/2020\/09\/03\/elections-uv-qpi.png?resize=302%2C302&#038;ssl=1\" alt=\"elections-uv-qpi\" width=\"302\" height=\"302\"\/><\/figure>\n\n\n\n<p><a href=\"https:\/\/www.boursorama.com\/actualite-economique\/actualites\/macron-plaide-pour-une-europe-unie-souveraine-et-assumant-sa-puissance-fc113278c43f7ddfc24e2df0798b5a74\">Macron plaide pour une Europe unie, souveraine et assumant sa puissance<\/a>&nbsp;(Reuters)<\/p>\n\n\n\n<p><a href=\"https:\/\/www.boursorama.com\/actualite-economique\/actualites\/le-gouvernement-de-boris-johnson-n-agit-pas-de-bonne-foi-dit-macron-82422a812554061ed45e984751df34a0\">Le gouvernement de Boris Johnson n&rsquo;agit pas de bonne foi, dit Macron<\/a> (Reuters)<\/p>\n\n\n\n<p><a href=\"https:\/\/www.francetvinfo.fr\/monde\/europe\/union-europeenne\/presidence-francaise-de-l-ue-emmanuel-macron-veut-un-service-civique-europeen-de-six-mois-pour-les-moins-de-25-ans_4875329.html\">Macron veut un \u00ab\u00a0service civique europ\u00e9en\u00a0\u00bb de six mois pour les moins de 25 ans<\/a> (France Info)<\/p>\n\n\n\n<p><a href=\"https:\/\/reporterre.net\/Les-militants-ecologistes-font-annuler-le-surf-park-du-lac-du-Bourget\">Les militants \u00e9cologistes font annuler le surf park du lac du Bourget<\/a> (Reporterre)<\/p>\n\n\n\n<p>Analyse<\/p>\n\n\n\n<p><a href=\"https:\/\/reflets.info\/articles\/pas-de-confinement-pour-les-ventes-d-armes\">Pas de confinement pour les ventes d&rsquo;armes<\/a> (Reflets)<\/p>\n\n\n\n<p><a href=\"https:\/\/trc.taboola.com\/legorafi\/log\/3\/click?pi=%2F2016%2F03%2F08%2Feric-zemmour-pourquoi-la-journee-de-la-femme-on-a-deja-la-journee-des-animaux-2&amp;ri=39dcf1246469604902bf87aac4be7764&amp;sd=v2_b4be3b7efd4d527bc556b874da23d11a_e0c83d7a-c449-4b0f-83cb-035771a3b11d-tuct8a7ead2_1638819154_1638819644_CAwQkPA9GJSFjYrZLyADKAEwPDjHvwhAoooQSOH64gNQ____________AVgAYABo-8PE3pfZ-ulQcAE&amp;ui=e0c83d7a-c449-4b0f-83cb-035771a3b11d-tuct8a7ead2&amp;it=text&amp;ii=-8129994193375567811&amp;pt=text&amp;li=rbox-t2m&amp;sig=4d7f27e8809ec8cd5b558e5b1a01e7c21cf5b43ffb46&amp;url=http%3A%2F%2Fwww.legorafi.fr%2F2018%2F11%2F08%2Fmacron-il-faut-separer-le-petain-qui-a-fait-fusiller-des-mutins-du-petain-qui-a-fait-deporter-des-juifs%2F&amp;vi=1638819644052&amp;r=73&amp;lti=nxt-up-split-feed-buf-fix_var&amp;ppb=CEk&amp;cpb=Ek4yMDIxMTIwMS01X2IxLVBSLTQwNzU5LURFVi05OTg3OS1wdWItY2FyZC1zcGxpdC1mZWVkLWJ1Z3MtNTE3MjU1NmM3OWMtU05BUFNIT1QY7QkgnP__________ASoZbGEudGFib29sYXN5bmRpY2F0aW9uLmNvbTIKd2F0ZXIyMDExMTiAnNGZC0DHvwhIoooQUOH64gNY____________AWMI1xYQ1R8YI2RjCO3__________wEQ7f__________ARgTZGMI0gMQ4AYYCGRjCJYUEJkcGBhkYwjIHBDDJxgZZGMImiUQuTIYCmRjCPQUEJ4dGB9keAGAAaZviAHK4vhH\">Macron :  Il faut s\u00e9parer le P\u00e9tain qui a fait fusiller des mutins du P\u00e9tain qui a fait d\u00e9porter des Juifs<\/a> (Le Gorafi?)<\/p>\n\n\n\n<p><span style=\"color:#a30000\" class=\"has-inline-color\">9 d\u00e9cembre en continu<\/span><\/p>\n\n\n\n<figure class=\"wp-block-image is-resized is-style-default\"><img loading=\"lazy\" decoding=\"async\" src=\"https:\/\/scontent.fsti4-2.fna.fbcdn.net\/v\/t39.30808-6\/p526x296\/265935100_315222437270633_1602795590703404195_n.jpg?_nc_cat=105&amp;_nc_rgb565=1&amp;ccb=1-5&amp;_nc_sid=8bfeb9&amp;_nc_ohc=3OeCuq1HETAAX9CTPfH&amp;_nc_ht=scontent.fsti4-2.fna&amp;oh=3e93eee7169ad2ca0e2873933d8a739c&amp;oe=61B6D970\" alt=\"Peut \u00eatre une image de 2 personnes et texte qui dit \u2019GOBIERNO DE FRANCIA: .Alto a la represi\u00f3n en Martinicay Guadalupe Soluci\u00f3n a las demandas Mobilisation de militants mexicains devant l'ambassade de France \u00e0 Mexico en soutien des travailleurs et du peuple de Guadeloupe et de Martinique. 18:36 Message\u2019\" width=\"313\" height=\"559\"\/><figcaption><sub>Mexique: soutien aux guadeloup\u00e9ens et martiniquais, <\/sub><br><sub>dans l&rsquo;hexagone c&rsquo;est le silence colonial<\/sub><\/figcaption><\/figure>\n\n\n\n<p><strong><a href=\"https:\/\/www.boursorama.com\/actualite-economique\/actualites\/nouvelle-caledonie-le-conseil-d-etat-rejette-la-demande-de-report-du-referendum-00ff21a0dbbea51fd3fa7d61196bca7a\">Nouvelle-Cal\u00e9donie: le Conseil d&rsquo;Etat rejette la demande de report du r\u00e9f\u00e9rendum<\/a> (AFP)<\/strong><\/p>\n\n\n\n<p><a href=\"https:\/\/www.facebook.com\/1655263414774331\/videos\/205895935071983\">Wallis et Futuna paralys\u00e9e par 17 jour de gr\u00e8ve illimit\u00e9e de la fonction publique territoriale<\/a> -vid\u00e9o<\/p>\n\n\n\n<p><a href=\"https:\/\/lanticapitaliste.org\/videos\/poing-dactu-de-philippe-poutou-ndeg9-pour-le-report-du-referendum-en-kanaky\">Poing d&rsquo;actu de Philippe Poutou n\u00b09 : pour le report du r\u00e9f\u00e9rendum en Kanaky<\/a> (L\u2019Anticapitaliste)<\/p>\n\n\n\n<p><a href=\"https:\/\/www.francetvinfo.fr\/societe\/justice\/proces-de-georges-tron\/son-pourvoi-rejete-georges-tron-definitivement-condamne-pour-viol-et-agressions-sexuelles_4874007.html\">Ex-secd&rsquo;Etat Georges Tron d\u00e9finitivement condamn\u00e9 pour viol et agressions sexuelles <\/a> (France Info)<\/p>\n\n\n\n<p><a href=\"https:\/\/www.francetvinfo.fr\/politique\/jean-castex\/gouvernement-de-jean-castex\/emmanuel-macron-nomme-jean-baptiste-lemoyne-ministre-delegue-aux-pme-a-la-place-d-alain-griset_4874005.html\">Macron nomme Jean-Baptiste Lemoyne ministre d\u00e9l\u00e9gu\u00e9 aux PME \u00e0 la place d&rsquo;Alain Griset<\/a> (France Info)<\/p>\n\n\n\n<p><a href=\"https:\/\/www.boursorama.com\/actualite-economique\/actualites\/hidalgo-reclame-une-primaire-de-la-gauche-pour-la-presidentielle-2d0c0eefcb4f0f52e4732e89d741fd19\">Hidalgo r\u00e9clame une primaire de la gauche pour la pr\u00e9sidentielle<\/a> (Reuters)<\/p>\n\n\n\n<p><a href=\"https:\/\/www.boursorama.com\/actualite-economique\/actualites\/nouvelle-caledonie-le-conseil-d-etat-rejette-la-demande-de-report-du-referendum-00ff21a0dbbea51fd3fa7d61196bca7a\">Nouvelle-Cal\u00e9donie: le Conseil d&rsquo;Etat rejette la demande de report du r\u00e9f\u00e9rendum<\/a> (AFP)<\/p>\n\n\n\n<figure class=\"wp-block-image is-resized is-style-default\"><img data-recalc-dims=\"1\" loading=\"lazy\" decoding=\"async\" src=\"https:\/\/i0.wp.com\/www.echodumardi.com\/wp-content\/uploads\/2021\/09\/zemmour-islam-936x1024.jpg?resize=312%2C340&#038;ssl=1\" alt=\"La francisation de Zemmour vu par Wingz pour l'Echo du Mardi - Actualit\u00e9\" width=\"312\" height=\"340\"\/><\/figure>\n\n\n\n<p>Analyse<\/p>\n\n\n\n<p><a href=\"https:\/\/invidious.fdn.fr\/watch?v=hl7n0ekoaGE\"><strong>L&rsquo;histoire de la France colonisatrice &#8211; en trois parties<\/strong><\/a><strong> (film docu)<\/strong><\/p>\n\n\n\n<p><a href=\"https:\/\/theconversation.com\/comment-l-alt-right-a-la-francaise-sapproprie-les-codes-de-tiktok-instagram-ou-youtube-173112\">Comment l\u2019\u00ab Alt-Right \u00bb \u00e0 la fran\u00e7aise s\u2019approprie les codes de TikTok, Instagram ou YouTube<\/a> (The Conversation)<\/p>\n\n\n\n<p><a href=\"https:\/\/www.legorafi.fr\/2021\/09\/06\/eric-zemmour-il-y-a-plus-detrangers-en-france-qua-letranger\/\">&nbsp;\u00c9ric Zemmour : \u201cIl y a plus d\u2019\u00e9trangers en France qu\u2019\u00e0 l&rsquo;\u00e9tranger\u201d <\/a>(Le Gorafi?)<\/p>\n\n\n\n<figure class=\"wp-block-image is-resized is-style-default\"><img data-recalc-dims=\"1\" loading=\"lazy\" decoding=\"async\" src=\"https:\/\/i0.wp.com\/static.politis.fr\/medias\/articles\/2021\/12\/la-semaine-daurel-ventes-darmes-et-zemmour-43883\/1683-dessin-web.jpg?resize=357%2C328&#038;ssl=1\" alt=\"\u00a9 Politis\" width=\"357\" height=\"328\"\/><\/figure>\n\n\n\n<p><a href=\"https:\/\/theconversation.com\/le-wokisme-ou-limport-des-paniques-morales-172803\">Le \u00ab wokisme \u00bb ou l\u2019import des paniques morales<\/a> (The Conversation)<\/p>\n\n\n\n<p><a href=\"https:\/\/lanticapitaliste.org\/arguments\/augmenter-les-salaires-reduire-le-temps-de-travail-creer-des-emplois-utiles-des\">Augmenter salaires, r\u00e9duire temps de travail, cr\u00e9er emplois utiles\u2009: des n\u00e9cessit\u00e9s urgentes\u2009!<\/a> (L\u2019Anticapitaliste)<\/p>\n\n\n\n<p><a href=\"https:\/\/tendanceclaire.org\/breve.php?id=40154\">Gilbert Achcar: La strat\u00e9gie socialiste et le parti<\/a> (Inprecor)<\/p>\n\n\n\n<p><span style=\"color:#a30000\" class=\"has-inline-color\">8 d\u00e9cembre en continu<\/span><\/p>\n\n\n\n<p><a href=\"https:\/\/www.facebook.com\/plocoste96\/videos\/2158648654275028\" title=\"https:\/\/www.facebook.com\/plocoste96\/videos\/2158648654275028\">24e jour de gr\u00e8ve g\u00e9n\u00e9rale en Guadeloupe<\/a> -vid\u00e9o<\/p>\n\n\n\n<p><strong><a href=\"http:\/\/t.nl.francetvinfo.fr\/r\/?id=h1804c60e,672fa3e5,5f2a4e65\" target=\"_blank\" rel=\"noreferrer noopener\">Martinique : couvre-feu en prolong\u00e9 pour deux semaines face au regain de Covid-19<\/a> (France Info)<\/strong><\/p>\n\n\n\n<p><strong><a href=\"https:\/\/blogs.mediapart.fr\/jean-marc-b\/blog\/071221\/demain-fete-l-occup-des-sans-facs-faisons-les-gagner-non-la-selection\">Ce soir F\u00eate L\u2019OCCUP&rsquo; des sans-facs ! Faisons les gagner ! Non \u00e0 la s\u00e9lection !<\/a> &#8211;&nbsp;Jean-Marc B<\/strong><\/p>\n\n\n\n<figure class=\"wp-block-image size-full is-resized is-style-default\"><img data-recalc-dims=\"1\" loading=\"lazy\" decoding=\"async\" src=\"https:\/\/i0.wp.com\/www.rdpemancipation.org\/wp-content\/uploads\/2021\/12\/264273644_2731834030443890_1570763266828121409_n-1.jpg?resize=551%2C204&#038;ssl=1\" alt=\"\" class=\"wp-image-60813\" width=\"551\" height=\"204\" srcset=\"https:\/\/i0.wp.com\/www.rdpemancipation.org\/wp-content\/uploads\/2021\/12\/264273644_2731834030443890_1570763266828121409_n-1.jpg?w=960&amp;ssl=1 960w, https:\/\/i0.wp.com\/www.rdpemancipation.org\/wp-content\/uploads\/2021\/12\/264273644_2731834030443890_1570763266828121409_n-1.jpg?resize=300%2C111&amp;ssl=1 300w, https:\/\/i0.wp.com\/www.rdpemancipation.org\/wp-content\/uploads\/2021\/12\/264273644_2731834030443890_1570763266828121409_n-1.jpg?resize=768%2C284&amp;ssl=1 768w\" sizes=\"auto, (max-width: 551px) 100vw, 551px\" \/><\/figure>\n\n\n\n<p><a href=\"https:\/\/www.humanite.fr\/guadeloupe-le-gouvernement-joue-la-carte-de-la-repression-et-tente-de-gagner-du-temps-730291#xtor=RSS-1\">Guadeloupe. \u00ab Le gouvernement joue la carte de la r\u00e9pression et tente de gagner du temps \u00bb<\/a> (L\u2019Humanit\u00e9)<\/p>\n\n\n\n<p><strong><a href=\"https:\/\/lanticapitaliste.org\/actualite\/politique\/face-zemmour-le-pen-et-la-fascisation-construire-une-riposte-unitaire-et-des\">Face \u00e0 la fascisation: construire une riposte unitaire et d\u00e9velopper des r\u00e9ponses radicales<\/a> -J. Salingue<\/strong><\/p>\n\n\n\n<p><strong><a href=\"https:\/\/www.mediapart.fr\/journal\/france\/071221\/l-extreme-droite-et-ses-complicites-tacites\">L\u2019extr\u00eame droite et ses complicit\u00e9s tacites<\/a> (M\u00e9diapart)<\/strong><\/p>\n\n\n\n<p><a href=\"https:\/\/www.mediapart.fr\/journal\/france\/071221\/villepinte-des-antifascistes-interpelles-l-abri-des-regards\">\u00c0 Villepinte, des antifascistes interpell\u00e9s \u00ab\u00e0 l\u2019abri des regards\u00bb<\/a> (M\u00e9diapart)<\/p>\n\n\n\n<p><a href=\"https:\/\/www.lemediatv.fr\/emissions\/2021\/zemmour-le-demon-de-la-violence-contrematinale-50-hv3oyudyRjK9fYjZxlYXfw\">Zemmour : le d\u00e9mon de la violence | ContreMatinale # 50<\/a> (Le M\u00e9dia)<\/p>\n\n\n\n<p>&nbsp;<a href=\"https:\/\/www.streetpress.com\/sujet\/1638798936-nice-neonazis-tabassent-manifestants-zoulous-agression-violences-manifestation-extreme-droite\">\u00c0 Nice, des n\u00e9onazis tabassent deux manifestants<\/a> (StreetPress)<\/p>\n\n\n\n<p><a href=\"https:\/\/www.legorafi.fr\/2021\/10\/22\/anne-hidalgo-on-me-caricature-en-parisienne-qui-ne-passe-pas-le-periph-mais-jaime-aussi-les-bouseux\/\">Hidalgo : On me caricature en parisienne qui ne passe pas le p\u00e9riph&rsquo; mais j&rsquo;aime aussi les bouseux !  <\/a>(Le Gorafi?)<\/p>\n\n\n\n<p>Analyse<\/p>\n\n\n\n<p><a href=\"https:\/\/blogs.mediapart.fr\/ugo-palheta\/blog\/071221\/zemmour-le-pen-et-l-antifascisme\">Zemmour, Le Pen et l\u2019antifascisme<\/a> -Ugo Palheta<\/p>\n\n\n\n<figure class=\"wp-block-image is-resized is-style-default\"><img data-recalc-dims=\"1\" loading=\"lazy\" decoding=\"async\" src=\"https:\/\/i0.wp.com\/mamot.fr\/system\/media_attachments\/files\/107\/383\/337\/303\/067\/938\/original\/c842f3971f487979.png?resize=331%2C417&#038;ssl=1\" alt=\"\" width=\"331\" height=\"417\"\/><\/figure>\n\n\n\n<p><strong><a href=\"https:\/\/www.contretemps.eu\/friot-recension-lordon\/\">Une recension de Puissances du salariat par Fr\u00e9d\u00e9ric Lordon<\/a> (Contretemps)<\/strong><\/p>\n\n\n\n<p><a href=\"https:\/\/www.streetpress.com\/sujet\/1638791212-candidats-extreme-droite-election-presidentielle-parrainages-dupont-aignan-philippot-zemmour-lepen-asselineau-rn\">5 candidats d\u2019extr\u00eame droite \u00e0 la pr\u00e9sidentielle, c\u2019est possible<\/a> ( StreetPress)<\/p>\n\n\n\n<p><a href=\"https:\/\/blogs.mediapart.fr\/nicolasrenaud\/blog\/071221\/de-la-responsabilite-collective-du-succes-d-eric-zemmour\">De la responsabilit\u00e9 collective du succ\u00e8s d\u2019Eric Zemmour<\/a> &#8211; Nicolas Renaud<\/p>\n\n\n\n<p><a href=\"https:\/\/www.artofmanliness.com\/character\/military\/simple-sabotage-manual\/\">Manuel du sabotage produit par l&rsquo;OSS, anc\u00eatre de la CIA <\/a>(angl- AOM)<\/p>\n\n\n\n<p><a href=\"https:\/\/blogs.mediapart.fr\/florielvm\/blog\/051221\/10-profils-toxiques-qui-pourrissent-une-organisation\">10 profils toxiques qui pourrissent une organisation<\/a> &#8211; Florielvm<\/p>\n\n\n\n<p><a href=\"http:\/\/www.regards.fr\/la-midinale\/article\/rejane-senac-les-luttes-contemporaines-sont-plus-engagees-a-creer-du-commun-qu\">R\u00e9jane S\u00e9nac: Luttes contemporaines plus engag\u00e9es \u00e0 cr\u00e9er du commun qu\u2019\u00e0 faire le grand soir <\/a>(Regards)<\/p>\n\n\n\n<p><span style=\"color:#a30000\" class=\"has-inline-color\">7 d\u00e9cembre en continu<\/span><\/p>\n\n\n\n<p><a href=\"https:\/\/tendanceclaire.org\/breve.php?id=40147\">Aux Antilles, Macron et ses ministres veulent diviser et imposer le silence \u00e0 la mobilisation populaire<\/a> (Com. NPA)<\/p>\n\n\n\n<p><a href=\"https:\/\/www.facebook.com\/Canal10gp\/videos\/325053722787208\">Guadeloupe: la force et la determination de la manifestation du 5 d\u00e9cembre \u00e0 Pointe \u00e0 Pitre<\/a> -vid\u00e9o<\/p>\n\n\n\n<p><a href=\"https:\/\/blogs.mediapart.fr\/jean-marc-b\/blog\/061221\/le-visage-de-zemmour-en-plus-de-harceler-les-femmes-il-les-fait-tabasser\">Le visage de Zemmour : en plus de harceler les femmes, il les fait tabasser <\/a>-JC<\/p>\n\n\n\n<figure class=\"wp-block-image is-resized is-style-default\"><img data-recalc-dims=\"1\" loading=\"lazy\" decoding=\"async\" src=\"https:\/\/i0.wp.com\/mamot.fr\/system\/cache\/media_attachments\/files\/107\/364\/930\/375\/494\/548\/original\/699c5b3b42be3276.jpg?resize=276%2C462&#038;ssl=1\" alt=\"\" width=\"276\" height=\"462\"\/><\/figure>\n\n\n\n<p><strong><a href=\"https:\/\/www.huffingtonpost.fr\/entry\/a-villepinte-le-meeting-de-zemmour-offre-le-pire-de-lextreme-droite_fr_61acccfbe4b0ae9a42bdde9b?utm_term=Autofeed&amp;utm_medium=Social&amp;utm_source=Twitter#Echobox=1638732659\">Le meeting de Zemmour \u00e0 Villepinte offre le pire de l\u2019extr\u00eame droite<\/a> (HuffPost)<\/strong><\/p>\n\n\n\n<figure class=\"wp-block-image is-style-default\"><img data-recalc-dims=\"1\" decoding=\"async\" src=\"https:\/\/i0.wp.com\/mamot.fr\/system\/media_attachments\/files\/107\/354\/109\/079\/229\/053\/original\/26ae9ebdf0247524.png?w=1200&#038;ssl=1\" alt=\"\"\/><\/figure>\n\n\n\n<p><a href=\"https:\/\/lundi.am\/La-honte\">Reportage au meeting de Zemmour<\/a> (Lundi matin)<\/p>\n\n\n\n<figure class=\"wp-block-image is-style-default\"><img data-recalc-dims=\"1\" decoding=\"async\" src=\"https:\/\/i0.wp.com\/thumbs.gfycat.com\/EqualZealousAppaloosa-size_restricted.gif?w=1200&#038;ssl=1\" alt=\"Nosferatu GIF by alegiono | Gfycat\"\/><\/figure>\n\n\n\n<p><a href=\"https:\/\/www.nouvelobs.com\/politique\/20190215.OBS0283\/au-conseil-constitutionnel-le-retraite-juppe-cumulera-de-confortables-revenus.html\">Au Conseil constitutionnel, le retrait\u00e9 Jupp\u00e9 cumulera de confortables revenus<\/a> (nouvelobs.com)<\/p>\n\n\n\n<pre class=\"wp-block-preformatted\">Oct 2016 sur France 2: \u201cA quel \u00e2ge avez-vous pris votre retraite, monsieur Jupp\u00e9&nbsp;?\u201d R\u00e9ponse&nbsp;: \u201c\u00c0 l\u2019\u00e2ge l\u00e9gal.\u201d Lui qui pr\u00e9conisait de reporter \u00e0 65 ans a pris sa retraite \u00e0\u2026 57 ans et demi.<\/pre>\n\n\n\n<p><a href=\"http:\/\/www.regards.fr\/la-midinale\/article\/adrien-quatennens-la-france-de-monsieur-zemmour-n-existe-pas\">Adrien Quatennens : \u00ab La France de monsieur Zemmour n&rsquo;existe pas \u00bb<\/a> (Regards)<\/p>\n\n\n\n<p><a href=\"https:\/\/reporterre.net\/Delphine-Batho-devient-porte-parole-de-la-campagne-de-Yannick-Jadot\">Delphine Batho devient porte-parole de la campagne de Yannick Jadot<\/a> (Reporterre)<\/p>\n\n\n\n<p>Analyse<\/p>\n\n\n\n<p><strong><a href=\"https:\/\/blogs.mediapart.fr\/jean-marc-b\/blog\/071221\/la-dictature-du-capital-force-un-retour-aux-inegalites-du-xixeme-siecle\"> La dictature capitaliste a forc un retour aux in\u00e9galit\u00e9s du XIX\u00e8me si\u00e8cle<\/a> (Rapport In\u00e9galit\u00e9s -PNUD)<\/strong><\/p>\n\n\n\n<figure class=\"wp-block-image size-full is-resized is-style-default\"><img data-recalc-dims=\"1\" loading=\"lazy\" decoding=\"async\" src=\"https:\/\/i0.wp.com\/www.rdpemancipation.org\/wp-content\/uploads\/2021\/12\/Capture-decran-2021-12-07-a-12.07.19.png?resize=707%2C462&#038;ssl=1\" alt=\"\" class=\"wp-image-60724\" width=\"707\" height=\"462\" srcset=\"https:\/\/i0.wp.com\/www.rdpemancipation.org\/wp-content\/uploads\/2021\/12\/Capture-decran-2021-12-07-a-12.07.19.png?w=630&amp;ssl=1 630w, https:\/\/i0.wp.com\/www.rdpemancipation.org\/wp-content\/uploads\/2021\/12\/Capture-decran-2021-12-07-a-12.07.19.png?resize=300%2C196&amp;ssl=1 300w\" sizes=\"auto, (max-width: 707px) 100vw, 707px\" \/><\/figure>\n\n\n\n<p><strong><a href=\"https:\/\/blogs.mediapart.fr\/jean-marc-b\/blog\/061221\/80-rafales-un-bourreau-mirifique-ou-mirobolant-jean-casanova\">80 Rafales \u00e0 un bourreau: mirifique ou mirobolant ? <\/a>-Jean Casanova<\/strong><\/p>\n\n\n\n<p><strong><a href=\"https:\/\/l.facebook.com\/l.php?u=https%3A%2F%2Fqg.media%2F2021%2F11%2F30%2Fle-naufrage-de-la-gauche-politique-face-au-covid-par-toby-green-et-thomas-fazi%2F%3Ffbclid%3DIwAR3VH72jblA1l3Qvfk2kMhUwYcmGnFWKAj-rUASDBgknNzWdELzFtwVBvP0&amp;h=AT0eeAxBhtxRWZvtvSyjt8iJG7ncHVWQbpT4093Bq4811q097VHqhLfAJD_W9ZkCk8ZXPRwy7tRRASt_P6gyb5QQafsgCzxsBTURQVmOPLCteNNdyyl7a1wm0rpSal6bV7sqkRk&amp;__tn__=%2CmH-R&amp;c%5B0%5D=AT13ZZjwkhmPq67lGqBd2q82KBn8__nlefD3xoU0l-NQYwpdf13Ye-nRfBRc4dnpLKMU2DLMh5EFCD2dpfKrUHigcczPQ-2M-P6C3zf_wWZzr19IXBTkKAyYSTdBb1PRu3Byz6cjZoYWwa3HmZe0iuvFj2QM27QIJQH2GtVFsEtDpuc\">Le naufrage de la gauche politique face au Covid, par Toby Green et Thomas Fazi &#8211;<\/a> (QG &#8211; Le m<\/strong>\u00e9dia)<\/p>\n\n\n\n<p><a href=\"https:\/\/blogs.mediapart.fr\/georges-andre\/blog\/061221\/la-cooperation-mondiale-pour-vaincre-la-pandemie-et-en-finir-avec-letat-durgence\">La coop\u00e9ration mondiale pour vaincre la pand\u00e9mie et en finir avec l&rsquo;\u00e9tat d&rsquo;urgence<\/a> -Georges-Andr\u00e9<a href=\"http:\/\/www.legorafi.fr\/2017\/07\/24\/eric-zemmour-a-la-recherche-dun-nouveau-corps-qui-irait-avec-ses-convictions-de-male-dominant\/\"><\/a><\/p>\n\n\n\n<p><a href=\"https:\/\/www.contretemps.eu\/internationalisme-socialisme-democratie-reelle-entretien-angela-davis\/\">Conqu\u00e9rir une d\u00e9mocratie r\u00e9elle. Un entretien avec Angela Davis<\/a> (Contretemps)<\/p>\n\n\n\n<p><a href=\"https:\/\/play.acast.com\/s\/podcastine\/gave-zemmour-extremedesamour\">Gave-Zemmour, extr\u00eame d\u00e9samour<\/a> (Podcastine)<\/p>\n\n\n\n<p><a href=\"https:\/\/blog.mondediplo.net\/maintenant-il-va-falloir-le-dire\">Maintenant il va falloir le dire<\/a> -Fr\u00e9d\u00e9ric Lordon<\/p>\n\n\n\n<p><a href=\"https:\/\/www.contretemps.eu\/ventes-armes-france-dictatures-medias\/\">La vente d\u2019armes \u00e0 des dictatures&nbsp;: tradition fran\u00e7aise et mensonges d\u2019\u00c9tat<\/a> (Contretemps)<\/p>\n\n\n\n<figure class=\"wp-block-image is-resized is-style-default\"><img data-recalc-dims=\"1\" loading=\"lazy\" decoding=\"async\" src=\"https:\/\/i0.wp.com\/www.contretemps.eu\/wp-content\/uploads\/macron-sissi-armes.jpg?resize=392%2C220&#038;ssl=1\" alt=\"\" width=\"392\" height=\"220\"\/><\/figure>\n\n\n\n<p><a href=\"https:\/\/www.monde-diplomatique.fr\/2018\/11\/MALET\/59190\">Retour sur \u00ab&nbsp;Le syst\u00e8me Pierre Rabhi&nbsp;\u00bb<\/a> (monde diplo)<\/p>\n\n\n\n<p><a href=\"https:\/\/blogs.mediapart.fr\/jean-marc-b\/blog\/061221\/adrien-quetennens-nest-pas-lidiot-quil-joue\">Adrien Quetennens n&rsquo;est pas l&rsquo;idiot qu&rsquo;il joue <\/a>-Jean-Marc B<a href=\"http:\/\/www.legorafi.fr\/2017\/07\/24\/eric-zemmour-a-la-recherche-dun-nouveau-corps-qui-irait-avec-ses-convictions-de-male-dominant\/\"><\/a><\/p>\n\n\n\n<p><a href=\"https:\/\/www.revolutionpermanente.fr\/Le-stade-clinique-du-capitalisme-francais\">Le stade clinique du capitalisme fran\u00e7ais<\/a> (RP)<\/p>\n\n\n\n<p><a href=\"http:\/\/www.legorafi.fr\/2017\/07\/24\/eric-zemmour-a-la-recherche-dun-nouveau-corps-qui-irait-avec-ses-convictions-de-male-dominant\/\">Zemmour \u00e0 la recherche d\u2019un nouveau corps qui irait avec ses convictions de m\u00e2le dominant<\/a> (Le Gorafi)<\/p>\n\n\n\n<p><a href=\"https:\/\/www.revolutionpermanente.fr\/Au-sujet-de-la-campagne-Poutou-Quand-le-flou-et-l-indefinition-sont-eriges-en-strategie\">Au sujet de la campagne Poutou. Quand le flou et l\u2019ind\u00e9finition sont \u00e9rig\u00e9s en strat\u00e9gie<\/a> (RP) <\/p>\n\n\n\n<p><span style=\"color:#a30000\" class=\"has-inline-color\">6 d\u00e9cembre en continu<\/span><\/p>\n\n\n\n<p><a href=\"https:\/\/www.youtube.com\/watch?v=jAcx3B3fi0I\" title=\"https:\/\/www.youtube.com\/watch?v=jAcx3B3fi0I\">M<\/a><strong><a href=\"https:\/\/www.youtube.com\/watch?v=jAcx3B3fi0I\" title=\"https:\/\/www.youtube.com\/watch?v=jAcx3B3fi0I\">eeting Union Populaire \u00e0 Paris<\/a> <\/strong>(vid\u00e9o)<\/p>\n\n\n\n<p><a href=\"https:\/\/linsoumission.fr\/2021\/12\/05\/plus-de-5-000-personnes-au-meeting-de-melenchon-a-paris\/\">Plus de 5 000 personnes au meeting de M\u00e9lenchon \u00e0 Paris<\/a> (L\u2019Insoumission)<\/p>\n\n\n\n<p><strong><a href=\"https:\/\/newsletter.liberation.fr\/m\/surl\/200138\/513454\/upvgyXiDnjYdq_PJ9EmorHFKF-B12viezBEiZxMr5xU=\/link_19\/d17E1CpqkSu-xCQBtib4NttdrjO9ozn-rM240oZ4sLOsLhWFmVe66ssiV0DnZhpz9fNrii7TCoeIRp2rwn1TX1VpcrQckV068CV3QKr1spxN3uijwTMLl1ivhHUlPlUsLMSzIz0yxfr16lXALwDwa-jCis4IZmvnwX-H+5a4qhwz-gXJvX3uH7RkdcxTNJRm4HmGVuFVQJs9jw59jeX68lyWu6dVEUlWh+fhbfHTFZQp--jP2XRj345UzTrqdcZ3xOtWemiNG8FmUyhz8E4VjAbb6muYnm25kuWSd7z9ZkrzsmkFsgwln+rcUrXeKckJ0DNsTTp1VlfcwILUPRWTlsD4CBuiLjxJRMJKplpSWIuox8LW9V58-mypV4608DoZk+XF+IlvDiSztSRiCwrsFMo5oIaGEQicuTtJP+5x2IxLTbEtgWrb3c8E7H2OZ2KR\">Violences&nbsp;&nbsp;Meeting de Zemmour : des militants de SOS racisme violemment agress\u00e9s<\/a> (Lib\u00e9)<\/strong><\/p>\n\n\n\n<figure class=\"wp-block-image is-resized is-style-default\"><img data-recalc-dims=\"1\" loading=\"lazy\" decoding=\"async\" src=\"https:\/\/i0.wp.com\/www.liberation.fr\/resizer\/wTPbspy0nZKNJZglNCYT4zDK66w%3D\/800x0\/filters%3Aformat%28jpg%29%3Aquality%2870%29\/cloudfront-eu-central-1.images.arcpublishing.com\/liberation\/YFMHG7RDRJGDNJBSVY7IU7WI6I.JPG?resize=502%2C334&#038;ssl=1\" alt=\"\" width=\"502\" height=\"334\"\/><\/figure>\n\n\n\n<p><a href=\"https:\/\/www.francetvinfo.fr\/elections\/presidentielle\/videos-meeting-d-eric-zemmour-des-militants-antiracistes-agresses-dans-la-salle-en-tentant-de-perturber-le-discours-du-candidat_4870429.html\">Meeting Zemmour : militants antiracistes agress\u00e9s dans la salle <\/a>(France Info)<\/p>\n\n\n\n<figure class=\"wp-block-image is-resized is-style-default\"><img loading=\"lazy\" decoding=\"async\" src=\"https:\/\/scontent.fhex4-1.fna.fbcdn.net\/v\/t39.30808-6\/p526x296\/264959687_312896807503196_7393884489969639747_n.jpg?_nc_cat=1&amp;ccb=1-5&amp;_nc_sid=8bfeb9&amp;_nc_ohc=RQU0yGl2sqQAX8kXSnj&amp;_nc_ht=scontent.fhex4-1.fna&amp;oh=8a1baaa60f2aeba81c4b5506db0f69f7&amp;oe=61B23693\" alt=\"Peut \u00eatre une image de une personne ou plus et texte qui dit \u2019BLOKAJ semaine 4 Lundi 6 et Mardi 7 D\u00e9cembre 2021 Nou ka r\u00e8pran TOUT BARAJ! Nou paka lag\u00e9 a m\u00e8d ! Rond Point Mont\u00e9bello (Petit-Bourg) Rond Point Boucan (Sainte-Rose) Rond Point BeauSoleil (Baie-Mahault) (Baie- Rond Point Perrin (Abymes) Nationale Morne-\u00e0-l'eau &amp; Gosier Pr\u00e9f\u00e8-la vinn i FOUKAN, am\u00e8d po f\u00e8t sonj\u00e9 k\u00e8 polis riv\u00e9 an d\u00e9 jou!! M\u00e9 pou solisyon yo ka pran tan Menm si yo m\u00e8t <Couvre-Feu\u00bb s\u00f2ti d\u00e8 kaz-a zot ansanm nou k\u00e9 pli f\u00f2! Pon moun p\u00e9k\u00e9 pran amand, di yo sa bien #LesklavajFinn #TousEnsemble #NouPaPeYo\u2019\" width=\"344\" height=\"458\"\/><\/figure>\n\n\n\n<p>Analyse<\/p>\n\n\n\n<p><a href=\"http:\/\/www.apple.fr\">Guadeloupe : Le combat ne fait que commencer, rejoignons-le !<\/a> -vid\u00e9o<\/p>\n\n\n\n<p><strong><a href=\"https:\/\/blogs.mediapart.fr\/jean-marc-b\/blog\/051221\/la-greve-generale-est-lordre-du-jour-enjeux-historiques-de-la-situation\">La gr\u00e8ve g\u00e9n\u00e9rale est \u00e0 l&rsquo;ordre du jour- Enjeux historiques de la situation <\/a>-Jacques Chastaing<\/strong><\/p>\n\n\n\n<p><a href=\"https:\/\/tube.fede.re\/w\/qyBiLkL6zdwmrNdF7B8fmg\">Le Wokisme en 1962<\/a> (vid\u00e9o Broute)<\/p>\n\n\n\n<p><a href=\"https:\/\/aplutsoc.org\/2021\/12\/05\/quelques-reflexions-au-moment-ou-la-bataille-pour-le-boycott-de-la-presidentielle-est-engagee\/\">R\u00e9flexions au moment o\u00f9 la bataille pour le boycott de la pr\u00e9sidentielle est&nbsp;engag\u00e9e<\/a> -Vincent Pr\u00e9sumey<\/p>\n\n\n\n<p><a href=\"https:\/\/www.francetvinfo.fr\/politique\/eric-zemmour\/presidentielle-2022-conseillers-financiers-soutiens-qui-sont-les-membres-de-la-galaxie-zemmour_4865823.html\">Conseillers, financiers, soutiens&#8230; Qui sont les membres de la galaxie Zemmour ?<\/a> (France Info)<\/p>\n\n\n\n<p><a href=\"https:\/\/blogs.alternatives-economiques.fr\/roux-marius\/2021\/12\/01\/la-gauche-et-l-immigration-un-exil-sans-fin\">La gauche et l\u2019immigration&nbsp;: un exil sans fin<\/a> (Alter \u00e9co)<\/p>\n\n\n\n<p><a href=\"https:\/\/theconversation.com\/survivalistes-dextreme-droite-quand-les-theories-racistes-sancrent-dans-nos-territoires-172834\">Survivalistes d\u2019extr\u00eame droite&nbsp;: quand les th\u00e9ories racistes s\u2019ancrent dans nos territoires<\/a> (The Conversation)<\/p>\n\n\n\n<p><a href=\"https:\/\/laviedesidees.fr\/Dominique-Raynaud-Sociologie-fondamentale.html\">La sociologie, une science comme les autres&nbsp;?<\/a> (La Vie des id\u00e9es)<\/p>\n\n\n\n<p><a href=\"https:\/\/www.lemonde.fr\/les-decodeurs\/article\/2021\/11\/30\/election-presidentielle-15-questions-sur-les-regles-de-la-campagne-le-calendrier-le-mode-de-scrutin_6104190_4355770.html\">Election pr\u00e9sidentielle&nbsp;: 15 questions sur les r\u00e8gles de la campagne, le calendrier, le mode de scrutin<\/a> (Le Monde)<\/p>\n\n\n\n<p><a href=\"https:\/\/lvsl.fr\/le-neoliberalisme-a-gagne-le-sens-commun-entretien-avec-allan-popelard-et-gregory-rzepski\/\">Le n\u00e9olib\u00e9ralisme a gagn\u00e9 le sens commun \u00bb<\/a> (<a href=\"https:\/\/lvsl.fr\/le-neoliberalisme-a-gagne-le-sens-commun-entretien-avec-allan-popelard-et-gregory-rzepski\/\">Le vent se l\u00e8ve<\/a>)<\/p>\n\n\n\n<p><a href=\"https:\/\/www.amnesty.fr\/controle-des-armes\/actualites\/revelations-en-france-un-centre-de-formation-pour-des-soldats-saoudiens\">Armes : la France, terre d&rsquo;accueil<\/a>&nbsp; (<a href=\"https:\/\/www.amnesty.fr\/controle-des-armes\/actualites\/revelations-en-france-un-centre-de-formation-pour-des-soldats-saoudiens\">Amnesty International<\/a>)<\/p>\n\n\n\n<p><span style=\"color:#a30000\" class=\"has-inline-color\">5 d\u00e9cembre en continu<\/span><\/p>\n\n\n\n<figure class=\"wp-block-image size-full is-resized is-style-default\"><img data-recalc-dims=\"1\" loading=\"lazy\" decoding=\"async\" src=\"https:\/\/i0.wp.com\/www.rdpemancipation.org\/wp-content\/uploads\/2021\/12\/Capture-decran-2021-12-04-a-20.03.05.png?resize=439%2C432&#038;ssl=1\" alt=\"\" class=\"wp-image-60417\" width=\"439\" height=\"432\" srcset=\"https:\/\/i0.wp.com\/www.rdpemancipation.org\/wp-content\/uploads\/2021\/12\/Capture-decran-2021-12-04-a-20.03.05.png?w=598&amp;ssl=1 598w, https:\/\/i0.wp.com\/www.rdpemancipation.org\/wp-content\/uploads\/2021\/12\/Capture-decran-2021-12-04-a-20.03.05.png?resize=300%2C295&amp;ssl=1 300w\" sizes=\"auto, (max-width: 439px) 100vw, 439px\" \/><\/figure>\n\n\n\n<p><a href=\"https:\/\/www.boursorama.com\/videos\/actualites\/crise-aux-antilles-pas-de-retour-a-la-normale-malgre-un-debut-de-dialogue-068c8395c52591dc4809a3895b9db075\">Crise aux Antilles : pas de retour \u00e0 la normale malgr\u00e9 un d\u00e9but de dialogue<\/a> (France 24)<\/p>\n\n\n\n<p><strong><a href=\"https:\/\/www.mediapart.fr\/journal\/france\/031221\/en-guadeloupe-collectif-mobilise-elus-et-etat-campent-sur-leurs-positions\">En Guadeloupe, collectif mobilis\u00e9, \u00e9lus et \u00c9tat campent sur leurs positions<\/a> (M\u00e9diapart)<\/strong><\/p>\n\n\n\n<p><a href=\"https:\/\/www.mediapart.fr\/journal\/international\/041221\/moyen-orient-emmanuel-macron-rehabilite-le-prince-tueur\">Moyen-Orient: Emmanuel Macron r\u00e9habilite le \u00abprince tueur\u00bb<\/a> (M\u00e9diapart)<\/p>\n\n\n\n<figure class=\"wp-block-image is-resized is-style-default\"><img data-recalc-dims=\"1\" loading=\"lazy\" decoding=\"async\" src=\"https:\/\/revuedesmomentsperdus.files.wordpress.com\/2016\/05\/monbeaumiroir.gif?resize=397%2C287\" alt=\"Sizif dans le miroir \u2013 revue des moments perdus\" width=\"397\" height=\"287\"\/><\/figure>\n\n\n\n<p><a href=\"https:\/\/www.francetvinfo.fr\/elections\/presidentielle\/presidentielle-2022-le-mouvement-conservateur-affilie-a-lr-rejoint-eric-zemmour-apres-la-defaite-d-eric-ciotti_4869473.html\">Le Mouvement Conservateur, li\u00e9 \u00e0 LR, rejoint Eric Zemmour apr\u00e8s la d\u00e9faite d&rsquo;Eric Ciotti<\/a> (France Info)<\/p>\n\n\n\n<figure class=\"wp-block-image is-resized is-style-default\"><img data-recalc-dims=\"1\" loading=\"lazy\" decoding=\"async\" src=\"https:\/\/i0.wp.com\/static.mediapart.fr\/etmagine\/default\/files\/2021\/12\/03\/zemmour-desormais-candidat-1024x1000.jpg?resize=317%2C310&#038;ssl=1\" alt=\"zemmour-desormais-candidat-1024x1000\" width=\"317\" height=\"310\"\/><\/figure>\n\n\n\n<p><a href=\"https:\/\/www.francetvinfo.fr\/politique\/eric-zemmour\/presidentielle-2022-conseillers-financiers-soutiens-qui-sont-les-membres-de-la-galaxie-zemmour_4865823.html\">Conseillers, financiers, soutiens&#8230; Qui sont les membres de la galaxie Zemmour ?<\/a> (France Info)<\/p>\n\n\n\n<p><strong><a href=\"https:\/\/linsoumission.fr\/2021\/12\/03\/thomas-portes-ex-porte-parole-de-sandrine-rousseau-rejoint-la-campagne-de-jean-luc-melenchon\/\">Thomas Portes, ex-porte-parole de Sandrine Rousseau, rejoint campagne de JLM<\/a> (L\u2019Insoumission)<\/strong><\/p>\n\n\n\n<p><strong><a href=\"https:\/\/linsoumission.fr\/2021\/12\/02\/portrait-aurelie-trouve-nouveau-soutien-de-poids-de-jean-luc-melenchon\/\">Portrait \u2013 Aur\u00e9lie Trouv\u00e9, nouveau soutien de poids de Jean-Luc M\u00e9lenchon<\/a> (L\u2019Insoumission)<\/strong><\/p>\n\n\n\n<p>Analyse<\/p>\n\n\n\n<p><a href=\"https:\/\/www.mediapart.fr\/journal\/culture-idees\/041221\/chez-eric-zemmour-un-fascisme-empreint-de-neoliberalisme\">Chez \u00c9ric Zemmour, un fascisme empreint de n\u00e9olib\u00e9ralisme<\/a> (M\u00e9diapart)&nbsp;<\/p>\n\n\n\n<p><a href=\"https:\/\/www.mediapart.fr\/journal\/france\/041221\/du-local-au-global-le-mouvement-climat-assume-de-vouloir-faire-ecole\">Du local au global, le mouvement climat assume de vouloir \u00abfaire \u00e9cole\u00bb<\/a> (M\u00e9diapart)&nbsp;<\/p>\n\n\n\n<p><strong><a href=\"https:\/\/blogs.mediapart.fr\/jean-marc-b\/blog\/041221\/des-revelations-sur-macron-menacees-de-censure-video-le-media\">Des r\u00e9v\u00e9lations sur Macron menac\u00e9es de censure &#8211;<\/a>vid\u00e9o Le M\u00e9dia<\/strong>&nbsp;<\/p>\n\n\n\n<figure class=\"wp-block-image is-resized is-style-default\"><img data-recalc-dims=\"1\" loading=\"lazy\" decoding=\"async\" src=\"https:\/\/i0.wp.com\/i.pinimg.com\/736x\/e8\/57\/7d\/e8577dc54fa760c3d8d51811813d84a0.jpg?resize=328%2C442&#038;ssl=1\" alt=\"e8577dc54fa760c3d8d51811813d84a0.jpg\" width=\"328\" height=\"442\"\/><\/figure>\n\n\n\n<p><a href=\"https:\/\/blogs.mediapart.fr\/jean-marc-b\/blog\/041221\/contre-l-extreme-droite-c-est-contre-macron-et-contre-leur-presidentielle\">Contre l\u2019extr\u00eame-droite, c\u2019est contre Macron et contre leur&nbsp;pr\u00e9sidentielle <\/a>(Aplutsoc)<\/p>\n\n\n\n<p><a href=\"https:\/\/www.les-crises.fr\/climat-la-pollution-militaire-est-le-cadavre-dans-le-placard-de-l-occident\/\">Climat : La pollution militaire est le cadavre dans le placard de l\u2019Occident<\/a> (Les crises)<\/p>\n\n\n\n<p><a href=\"https:\/\/www.marxiste.org\/theorie\/se-former-au-marxisme\/2984-classe-parti-et-direction-comment-organiser-une-revolution\">Classe, parti et direction : comment organiser une r\u00e9volution<\/a> (TMI)<\/p>\n\n\n\n<p><a href=\"https:\/\/tendanceclaire.org\/breve.php?id=40125\">Conf\u00e9rence de Michael Heinrich &#8211; Marx et la naissance de la soci\u00e9t\u00e9 moderne<\/a> (Armes de la critique)<\/p>\n\n\n\n<p><a href=\"https:\/\/www.youtube.com\/watch?v=1hcHjOyFnu4&amp;t=1697s\">Cit\u00e9philo 2021 &#8211; Dialogue \u00e0 propos des conditions de possibilit\u00e9 du communisme<\/a> (vid\u00e9o Cinephilo)<\/p>\n\n\n\n<p><a href=\"https:\/\/lundi.am\/Nique-ton-maire\">Nique ton maire<\/a> (Lundi matin)<\/p>\n\n\n\n<p><a href=\"https:\/\/tube.fede.re\/videos\/watch\/5b3901cf-7b49-450a-b253-7db1b0d2b740\">La vie est plus belle dans le monde virtuel&nbsp;? <\/a>(vid\u00e9o Broute)<\/p>\n\n\n\n<p><a href=\"https:\/\/www.mediapart.fr\/journal\/france\/041221\/presidentielle-la-gauche-peut-elle-eviter-l-effacement\">Pr\u00e9sidentielle : la gauche peut-elle \u00e9viter l\u2019effacement&nbsp;?<\/a> (MDP)<\/p>\n\n\n\n<p><a href=\"https:\/\/www.revue-ballast.fr\/labecedaire-de-socialisme-ou-barbarie\/\">L\u2019ab\u00e9c\u00e9daire de Socialisme ou Barbarie<\/a> (Ballast)<\/p>\n\n\n\n<p><span style=\"color:#a30000\" class=\"has-inline-color\">4 d\u00e9cembre en continu<\/span><\/p>\n\n\n\n<p><strong><a href=\"https:\/\/www.revolutionpermanente.fr\/La-repression-coloniale-se-poursuit-en-Guadeloupe-le-couvre-feu-est-prolonge-jusqu-au-7-decembre\">La r\u00e9pression coloniale se poursuit en Guadeloupe&nbsp;: le couvre-feu est prolong\u00e9 jusqu\u2019au 7 d\u00e9cembre<\/a> (RP)<\/strong><\/p>\n\n\n\n<figure class=\"wp-block-image is-resized is-style-default\"><img loading=\"lazy\" decoding=\"async\" src=\"https:\/\/scontent.fhex4-1.fna.fbcdn.net\/v\/t39.30808-6\/p180x540\/263973313_10160352013870982_1623222111854169387_n.jpg?_nc_cat=101&amp;ccb=1-5&amp;_nc_sid=dbeb18&amp;_nc_eui2=AeG6_d4EAz0geicj2tG0_A5Cm-ILyzCC4vyb4gvLMILi_N2vIEf8P4S6w9R771_W-U0&amp;_nc_ohc=IYQ9XLl_5g0AX990kpA&amp;_nc_ht=scontent.fhex4-1.fna&amp;oh=03908ed86654374132e04ced3acb19a1&amp;oe=61AEB49F\" alt=\"Peut \u00eatre une image de plein air\" width=\"451\" height=\"338\"\/><figcaption><sub>Toulouse<\/sub><\/figcaption><\/figure>\n\n\n\n<p><a href=\"https:\/\/www.francetvinfo.fr\/elections\/presidentielle\/presidentielle-le-president-de-la-seine-saint-denis-s-oppose-au-meeting-de-zemmour-a-villepinte_4868379.html\">Pr\u00e9sidentielle&nbsp;: le pr\u00e9sident de la Seine-Saint-Denis s&rsquo;oppose au meeting de Zemmour \u00e0 Villepinte<\/a> (France Info)<\/p>\n\n\n\n<p><a href=\"https:\/\/www.revolutionpermanente.fr\/Manifestation-contre-Zemmour-et-les-idees-d-extreme-droite-tous-a-Barbes-ce-dimanche-26873\">Manifestation contre Zemmour et les id\u00e9es d\u2019extr\u00eame-droite&nbsp;: tous \u00e0 Barb\u00e8s ce dimanche&nbsp;!<\/a> (RP)<\/p>\n\n\n\n<figure class=\"wp-block-image is-resized is-style-default\"><img data-recalc-dims=\"1\" loading=\"lazy\" decoding=\"async\" src=\"https:\/\/i0.wp.com\/static.mediapart.fr\/etmagine\/default\/files\/2021\/12\/03\/vous-le-sentez-mon-gros-droit-1024x968.jpg?resize=503%2C476&#038;ssl=1\" alt=\"vous-le-sentez-mon-gros-droit-1024x968\" width=\"503\" height=\"476\"\/><\/figure>\n\n\n\n<p><a href=\"http:\/\/www.regards.fr\/la-midinale\/article\/benoit-martin-cgt-paris-nous-voulons-faire-taire-zemmour\">Beno\u00eet Martin (CGT Paris) : \u00ab Nous voulons faire taire Zemmour \u00bb<\/a> (Regards)<\/p>\n\n\n\n<p><strong><a href=\"https:\/\/www.francetvinfo.fr\/economie\/aeronautique\/rafale\/la-france-nous-fait-honte-yannick-jadot-et-philippe-poutou-critiquent-le-contrat-de-80-rafale-avec-les-emirats-arabes-unis_4868137.html\">\u00ab\u00a0La France nous fait honte\u00a0\u00bb : Jadot critique la vente de 80 Rafale aux Emirats arabes unis<\/a> (France Info)<\/strong><\/p>\n\n\n\n<p><a href=\"https:\/\/www.revolutionpermanente.fr\/Primaires-de-la-droite-Ciotti-en-tete-au-premier-tour-ou-la-radicalisation-de-la-droite-Trocadero\">Primaires de la droite&nbsp;: Ciotti en t\u00eate au premier tour ou la radicalisation de \u00ab\u00a0la droite Trocad\u00e9ro\u00a0\u00bb<\/a> (RP)<\/p>\n\n\n\n<figure class=\"wp-block-image is-resized is-style-default\"><img data-recalc-dims=\"1\" loading=\"lazy\" decoding=\"async\" src=\"https:\/\/i0.wp.com\/static.mediapart.fr\/etmagine\/default\/files\/2021\/12\/03\/plus-con-que-morano-768x827.jpg?resize=304%2C328&#038;ssl=1\" alt=\"plus-con-que-morano-768x827\" width=\"304\" height=\"328\"\/><\/figure>\n\n\n\n<p>Analyse<\/p>\n\n\n\n<p><a href=\"https:\/\/lundi.am\/Poetique-du-texte-macroniste\">Po\u00e9tique du texte macroniste<\/a> (Lundi matin)<\/p>\n\n\n\n<figure class=\"wp-block-image is-resized is-style-default\"><img data-recalc-dims=\"1\" loading=\"lazy\" decoding=\"async\" src=\"https:\/\/i0.wp.com\/lundi.am\/IMG\/arton1429-resp320.jpg?resize=388%2C259&#038;ssl=1\" alt=\"\" width=\"388\" height=\"259\"\/><\/figure>\n\n\n\n<p><a href=\"https:\/\/lanticapitaliste.org\/actualite\/histoire\/staline-livre-des-centaines-de-communistes-hitler\">Staline a livr\u00e9 des centaines de communistes \u00e0 Hitler<\/a>&#8211; Alex De Jong<\/p>\n\n\n\n<p><a href=\"https:\/\/lanticapitaliste.org\/videos\/philippe-poutou-face-une-droite-et-une-extreme-droite-aussi-decomplexees-assumer-detre\">Poutou: Face \u00e0 droite et extr\u00eame droite aussi d\u00e9complex\u00e9es, assumer d\u2019\u00eatre radical et d\u00e9complex\u00e9<\/a> (France Info)<\/p>\n\n\n\n<p><a href=\"https:\/\/disclose.ngo\/fr\/article\/la-france-a-ferme-les-yeux-sur-le-trafic-darmes-des-emirats-vers-la-libye\">La France a ferm\u00e9 les yeux sur le trafic d\u2019armes des Emirats vers la Libye<\/a> ( Disclose)<\/p>\n\n\n\n<p><strong><a href=\"https:\/\/invidious.fdn.fr\/watch?v=pDgsQ3DwLMs\">Election Macron: Un pognon de dingue [Documentaire Complet]<\/a> (vid\u00e9o Invidious<\/strong>)<\/p>\n\n\n\n<p><a href=\"https:\/\/www.persee.fr\/doc\/homso_0018-4306_1988_num_88_2_2348?pageId=T1_162\">R\u00e9former d\u2019en haut ou d\u00e9mocratiser d\u2019en bas ?<\/a> -Petr Uhl, 1988<\/p>\n\n\n\n<p><a href=\"https:\/\/www.franceinter.fr\/emissions\/capture-d-ecrans\/capture-d-ecrans-du-jeudi-25-novembre-2021\">Ungemach&nbsp;: une exp\u00e9rience gla\u00e7ante d\u2019eug\u00e9nisme \u00e0 la fran\u00e7aise<\/a> (France Inter)<\/p>\n\n\n\n<figure class=\"wp-block-image is-resized is-style-default\"><img loading=\"lazy\" decoding=\"async\" src=\"https:\/\/scontent.fhex4-2.fna.fbcdn.net\/v\/t39.30808-6\/262428122_128791566229980_3780504023429305295_n.jpg?_nc_cat=111&amp;_nc_rgb565=1&amp;ccb=1-5&amp;_nc_sid=730e14&amp;_nc_eui2=AeEmZoB8DGcj9XQJcIBtymV76_7Y0wMwS8fr_tjTAzBLx1XgFbClOwbSFRO4leMpi7o&amp;_nc_ohc=D-C9rVu8ohkAX9vHLZ4&amp;_nc_ht=scontent.fhex4-2.fna&amp;oh=2c15ec9bd3e5938ff3c33e25ef2dedfe&amp;oe=61AF1B44\" alt=\"Peut \u00eatre une image de \u200etexte qui dit \u2019\u200eMANIFESTATION IMARSEILLE \u05d9\u05d9\u05dd O\u05d9O VIEUX-PORT-14H 04 D\u00c9C. 2021 \u05dd Ton Anticovid BOYCOTT DU PASS SANITAIRE D\u00c9SOB\u00c9ISSANCE CIVILE GR\u00c8VE G\u00c9N\u00c9RALE\u200e\u2019\u200e\" width=\"321\" height=\"427\"\/><\/figure>\n\n\n\n<p><span style=\"color:#a30000\" class=\"has-inline-color\">3 d\u00e9cembre en continu<\/span><\/p>\n\n\n\n<p>Dossier colonies<\/p>\n\n\n\n<p><strong><a href=\"https:\/\/blogs.mediapart.fr\/jean-marc-b\/blog\/021221\/martinique-lintersyndicale-denonce-lubu-roi-des-cornus\">Martinique: l&rsquo;Intersyndicale d\u00e9nonce l&rsquo;Ubu roi des cornus <\/a>-Intersyndicale<\/strong><\/p>\n\n\n\n<p><a href=\"https:\/\/blogs.mediapart.fr\/jean-marc-b\/blog\/021221\/guadeloupe-une-lecon-de-democratie\">Guadeloupe : \u00a0\u00bb une le\u00e7on de d\u00e9mocratie \u00a0\u00bb <\/a>(Aplutsoc)<\/p>\n\n\n\n<p><a href=\"https:\/\/www.mediapart.fr\/journal\/france\/021221\/elie-domota-l-etat-la-volonte-manifeste-de-laisser-la-guadeloupe-dans-un-marasme\">\u00c9lie Domota: \u00abL\u2019\u00c9tat a la volont\u00e9 manifeste de laisser la Guadeloupe dans un marasme\u00bb<\/a> (M\u00e9diapart)<\/p>\n\n\n\n<p><a href=\"https:\/\/www.humanite.fr\/fabien-roussel-pour-la-levee-des-brevets-plutot-que-lobligation-vaccinale-729902#xtor=RSS-1\">Fabien Roussel pour la lev\u00e9e des brevets plut\u00f4t que l\u2019obligation vaccinale<\/a> (L\u2019Humanit\u00e9)<\/p>\n\n\n\n<pre class=\"wp-block-preformatted\"><strong>\u201c<\/strong><em>Le discours politique est destin\u00e9 \u00e0 donner aux mensonges l'accent de la v\u00e9rit\u00e9, \u00e0 rendre le meurtre respectable&nbsp;et \u00e0 donner l'apparence de la solidarit\u00e9 \u00e0 un simple courant d'air<\/em>.<strong>\u201d<\/strong>&nbsp; <strong>George Orwell<\/strong><\/pre>\n\n\n\n<p>Analyse<\/p>\n\n\n\n<p><a href=\"https:\/\/blogs.mediapart.fr\/edition\/jeunesses-et-engagement-la-releve-etc\/article\/021221\/2022-ma-premiere-fois-electorale\">2022, ma premi\u00e8re fois \u00e9lectorale<\/a> -Joseph Siraudeau<\/p>\n\n\n\n<p><a href=\"https:\/\/www.equaltimes.org\/robots-tueurs-negocier-un-nouveau\">Robots tueurs : N\u00e9gocier un nouveau trait\u00e9 pour prot\u00e9ger l&rsquo;humanit\u00e9<\/a> (Equal Times)<\/p>\n\n\n\n<p><a href=\"https:\/\/www.blast-info.fr\/articles\/2021\/guadeloupe-lile-sans-eau-sur-un-air-de-je-taime-moi-non-plus-SJSTHYT8TlaYuLzlWeidyg\">Guadeloupe, l\u2019\u00eele sans eau : sur un air de \u00ab je t\u2019aime, moi non plus \u00bb<\/a> (Blast)<\/p>\n\n\n\n<p><strong><a href=\"https:\/\/blogs.mediapart.fr\/jean-marc-b\/blog\/021221\/zemmour-le-pen-et-l-antifascisme\">Zemmour, Le Pen et l\u2019antifascisme <\/a>-Ugo Palheta<\/strong><\/p>\n\n\n\n<figure class=\"wp-block-image is-style-default\"><img data-recalc-dims=\"1\" decoding=\"async\" src=\"https:\/\/i0.wp.com\/i.imgur.com\/frK5Vnb.gif?w=1200&#038;ssl=1\" alt=\"Let's conquer the world - GIF on Imgur\"\/><\/figure>\n\n\n\n<p><a href=\"https:\/\/blogs.mediapart.fr\/bruno-le-dantec\/blog\/011221\/pour-zineb-contre-zemmour\">Pour Zineb (contre Zemmour)<\/a> -Bruno LE DANTEC<\/p>\n\n\n\n<figure class=\"wp-block-image is-resized is-style-default\"><img data-recalc-dims=\"1\" loading=\"lazy\" decoding=\"async\" src=\"https:\/\/i0.wp.com\/mamot.fr\/system\/media_attachments\/files\/107\/350\/353\/974\/116\/730\/original\/aea62659cd10d88b.png?resize=299%2C390&#038;ssl=1\" alt=\"\" width=\"299\" height=\"390\"\/><\/figure>\n\n\n\n<p><a href=\"https:\/\/guitinews.fr\/a-la-loupe\/2021\/12\/02\/ce-que-dit-lanalyse-linguistique-de-la-video-de-campagne-deric-zemmour\/\">Ce que dit l\u2019analyse linguistique de la vid\u00e9o de campagne d\u2019\u00c9ric Zemmour<\/a> (Guiti News)&nbsp;<\/p>\n\n\n\n<p><a href=\"https:\/\/invidious.fdn.fr\/watch?v=lhl2xihKsFw\">Usul. Que reste-t-il du gaullisme chez Les R\u00e9publicains&nbsp;?<\/a> (vid\u00e9o Invidious)<\/p>\n\n\n\n<p><a href=\"https:\/\/blogs.mediapart.fr\/yse-sorel\/blog\/011221\/lextreme-droite-un-boulevard-nous-deriger-des-barricades\">L&rsquo;extr\u00eame-droite a un boulevard : \u00e0 nous de monter des barricades<\/a> -Ys\u00e9 Sorel <\/p>\n\n\n\n<figure class=\"wp-block-image size-full is-style-default\"><img data-recalc-dims=\"1\" loading=\"lazy\" decoding=\"async\" width=\"608\" height=\"257\" src=\"https:\/\/i0.wp.com\/www.rdpemancipation.org\/wp-content\/uploads\/2021\/12\/Capture-decran-2021-12-02-a-18.17.54.png?resize=608%2C257&#038;ssl=1\" alt=\"\" class=\"wp-image-60097\" srcset=\"https:\/\/i0.wp.com\/www.rdpemancipation.org\/wp-content\/uploads\/2021\/12\/Capture-decran-2021-12-02-a-18.17.54.png?w=608&amp;ssl=1 608w, https:\/\/i0.wp.com\/www.rdpemancipation.org\/wp-content\/uploads\/2021\/12\/Capture-decran-2021-12-02-a-18.17.54.png?resize=300%2C127&amp;ssl=1 300w\" sizes=\"auto, (max-width: 608px) 100vw, 608px\" \/><figcaption><sub>\u00a9&nbsp;Photomontage : Philippe Quesne.<\/sub><\/figcaption><\/figure>\n\n\n\n<p><span style=\"color:#a30000\" class=\"has-inline-color\">2 d\u00e9cembre en continu<\/span><\/p>\n\n\n\n<figure class=\"wp-block-image is-resized is-style-default\"><img loading=\"lazy\" decoding=\"async\" src=\"https:\/\/scontent.fhex4-1.fna.fbcdn.net\/v\/t39.30808-6\/p180x540\/262990644_4264200967041537_5189366727630247440_n.jpg?_nc_cat=100&amp;ccb=1-5&amp;_nc_sid=730e14&amp;_nc_eui2=AeHNmerWm77vn5cqTAUtod1RYqm1QI6KqlNiqbVAjoqqU5yscKr64uN3lkNHu8gfaGg&amp;_nc_ohc=j4WI2f3QtlkAX9wjyyp&amp;_nc_ht=scontent.fhex4-1.fna&amp;oh=9011a2be3314b14203bfcf136b125ee0&amp;oe=61ADBA0E\" alt=\"Peut \u00eatre une image de 5 personnes, personnes debout, feu, plein air et texte\" width=\"492\" height=\"328\"\/><\/figure>\n\n\n\n<p>Dossier colonies<\/p>\n\n\n\n<p><strong><a href=\"https:\/\/blogs.mediapart.fr\/jean-marc-b\/blog\/021221\/guadeloupe-dans-la-republique-de-la-boucan-bastion-de-la-contestation\">Guadeloupe: dans la \u00ab\u00a0R\u00e9publique de La Boucan\u00a0\u00bb, bastion de la contestation <\/a>(AFP)<\/strong><\/p>\n\n\n\n<p><a href=\"https:\/\/www.mediapart.fr\/journal\/france\/011221\/la-visite-du-ministre-lecornu-renforce-la-colere-des-guadeloupeens\">La visite du ministre Lecornu a renforc\u00e9 la col\u00e8re des Guadeloup\u00e9ens<\/a> (MDP)<\/p>\n\n\n\n<p><a href=\"https:\/\/www.mediapart.fr\/journal\/france\/291121\/l-emancipation-de-la-guadeloupe-toujours-questionnee-loin-d-etre-adoptee\">L\u2019\u00e9mancipation de la Guadeloupe, toujours questionn\u00e9e, loin d\u2019\u00eatre adopt\u00e9e<\/a>&nbsp; (MDP)<\/p>\n\n\n\n<p><strong><a href=\"https:\/\/www.facebook.com\/...\/pcb...\/579229056474177\">Guadeloupe: rond-points repris cette nuit, milices coloniales d\u00e9bord\u00e9es ! <\/a>-vid\u00e9o<\/strong><\/p>\n\n\n\n<p><a href=\"https:\/\/www.arretsurimages.net\/articles\/guadeloupe-les-manifestants-preferent-canal-10-aux-medias-nationaux\">Guadeloupe : les manifestants pr\u00e9f\u00e8rent Canal 10 aux m\u00e9dias nationaux<\/a> (Arr\u00eat sur images)<\/p>\n\n\n\n<p><a href=\"https:\/\/basta.media\/Obligation-vaccinale-Guadeloupe-Martinique-defiance-chlordecone-neocolonialisme-mouvement-social\">En Guadeloupe : de l&rsquo;obligation vaccinale \u00e0 la crise sociale, la piq\u00fbre est devenue politique <\/a>(Basta!)<\/p>\n\n\n\n<p><a href=\"https:\/\/viaatv.tv\/greve-generale-lacces-au-port-est-toujours-bloque\/?fbclid=IwAR1Wmt1dyxHaJOwXJA8lUFyKVXRpge8bVqNQpGg8qNRUGD3HTrdwWdIBhMg\">Martinique: les dockers se mettent en gr\u00e8ve suite \u00e0 l\u2019agression des gendarmes<\/a> (viaATV)<\/p>\n\n\n\n<p><a href=\"https:\/\/www.mediapart.fr\/journal\/france\/dossier\/guadeloupe-et-martinique-de-crise-en-crise\">Dossier Guadeloupe et Martinique, de crise en crise<\/a>&nbsp; (MDP)<\/p>\n\n\n\n<p><a href=\"https:\/\/www.facebook.com\/107417741776094\/videos\/328048208792354\">GIGN, Blind\u00e9s et fusils de guerre rond-point de Montebello en Guadeloupe<\/a> -vid\u00e9o<\/p>\n\n\n\n<p><a href=\"https:\/\/www.numerama.com\/tech\/759768-quest-ce-que-gettr-le-twitter-dextreme-droite-conspirationniste-ou-eric-zemmour-est-inscrit.html\">Qu&rsquo;est-ce que Gettr, le Twitter d\u2019extr\u00eame droite conspirationniste o\u00f9 \u00c9ric Zemmour est inscrit ? <\/a>(Numerama)<\/p>\n\n\n\n<figure class=\"wp-block-image is-resized is-style-default\"><img data-recalc-dims=\"1\" loading=\"lazy\" decoding=\"async\" src=\"https:\/\/i0.wp.com\/static.mediapart.fr\/etmagine\/default\/files\/2021\/11\/29\/service-non-compris-1024x865.jpg?resize=519%2C438&#038;ssl=1\" alt=\"service-non-compris-1024x865\" width=\"519\" height=\"438\"\/><\/figure>\n\n\n\n<p><a href=\"https:\/\/www.lemediatv.fr\/emissions\/2021\/zemmour-candidat-on-fait-quoi-contre-matinale-46-C3xzFT55SNqiWf9r1oNcow\">Zemmour candidat, on fait quoi ? | Contre-matinale #46<\/a> (Le M\u00e9dia)<\/p>\n\n\n\n<figure class=\"wp-block-image is-resized is-style-default\"><img data-recalc-dims=\"1\" loading=\"lazy\" decoding=\"async\" src=\"https:\/\/i0.wp.com\/static.mediapart.fr\/etmagine\/default\/files\/2021\/11\/29\/vous-reprendrez-bien-un-doigt-de-zemmour-1024x1024.jpg?resize=360%2C360&#038;ssl=1\" alt=\"vous-reprendrez-bien-un-doigt-de-zemmour-1024x1024\" width=\"360\" height=\"360\"\/><\/figure>\n\n\n\n<p>Analyse<\/p>\n\n\n\n<p><a href=\"https:\/\/www.frustrationmagazine.fr\/begaudeau-entretien2\/\">\u00ab Le r\u00e9el est r\u00e9volutionnaire \u00bb \u2013 Fran\u00e7ois B\u00e9gaudeau X Frustration (II)<\/a> par Frustration&nbsp;<\/p>\n\n\n\n<p><a href=\"http:\/\/www.regards.fr\/tribunes\/article\/josephine-baker-au-pantheon-les-enjeux-du-jour-d-apres\">Jos\u00e9phine Baker au Panth\u00e9on : les enjeux du jour d&rsquo;apr\u00e8s<\/a> (Regards)<\/p>\n\n\n\n<p><a href=\"https:\/\/linsoumission.fr\/2021\/12\/01\/2022-pouvoir-dachat-ecologie-les-priorites-des-francais\/\"><strong>2022 \u2013 Pouvoir d\u2019achat, \u00e9cologie : les priorit\u00e9s des Fran\u00e7ais ne sont pas celles de Bollor\u00e9<\/strong><\/a><strong> (L\u2019Insoumission)<\/strong><\/p>\n\n\n\n<p><a href=\"https:\/\/floraisons.blog\/le-mythe-de-la-non-violence\/\">Le mythe de la non-violence&nbsp; <\/a>&nbsp;(Floraisons)<\/p>\n\n\n\n<p><strong><a href=\"Martinique: les dockers se mettent en gr\u00e8ve suite \u00e0 l\u2019agression des gendarmes (viaATV)&#10;&#10;&#10;&#10;GIGN, Blind\u00e9s et fusils de guerre rond-point de Montebello en Guadeloupe -vid\u00e9o\">Colonialisme et solidarit\u00e9 -Francine Mestrum<\/a><\/strong><\/p>\n\n\n\n<p><a href=\"https:\/\/blogs.mediapart.fr\/jean-marc-b\/blog\/011221\/les-avatars-du-progressisme-jean-casanova\">Les avatars du progressism<\/a>e -Jean Casanova<a href=\"https:\/\/blogs.mediapart.fr\/jean-marc-b\/blog\/011221\/les-avatars-du-progressisme-jean-casanova\">&nbsp;<\/a><\/p>\n\n\n\n<figure class=\"wp-block-image is-resized is-style-default\"><img data-recalc-dims=\"1\" loading=\"lazy\" decoding=\"async\" src=\"https:\/\/i0.wp.com\/static.mediapart.fr\/etmagine\/default\/files\/2021\/11\/30\/anus-horribilis-768x873.jpg?resize=366%2C416&#038;ssl=1\" alt=\"anus-horribilis-768x873\" width=\"366\" height=\"416\"\/><\/figure>\n\n\n\n<p><span style=\"color:#a30000\" class=\"has-inline-color\">1er d\u00e9cembre en continu<\/span><\/p>\n\n\n\n<p>Dossier colonies<\/p>\n\n\n\n<p><strong><a href=\"https:\/\/viaatv.tv\/greve-generale-lacces-au-port-est-toujours-bloque\/?fbclid=IwAR1Wmt1dyxHaJOwXJA8lUFyKVXRpge8bVqNQpGg8qNRUGD3HTrdwWdIBhMg\">Martinique: les dockers se mettent en gr\u00e8ve suite \u00e0 l\u2019agression des gendarmes<\/a> (viaATV)<\/strong><\/p>\n\n\n\n<p><a href=\"https:\/\/www.facebook.com\/107417741776094\/videos\/328048208792354\">GIGN, Blind\u00e9s et fusils de guerre rond-point de Montebello en Guadeloupe<\/a> -vid\u00e9o<\/p>\n\n\n\n<p><a href=\"https:\/\/blogs.mediapart.fr\/jean-marc-b\/blog\/301121\/la-greve-generale-ca-paye-luttes-invisibles\">Polyn\u00e9sie: La gr\u00e8ve g\u00e9n\u00e9rale, ca paye ! <\/a>(Luttes Invisibles)<\/p>\n\n\n\n<p><a href=\"http:\/\/www.apple.fr\">La col\u00e8re antillaise se propage \u00e0 <strong>Saint-Martin<\/strong><\/a> (Luttes Invisibles)<\/p>\n\n\n\n<p><a href=\"http:\/\/www.apple.fr\">Crise aux Antilles : les blocages continuent en <strong>Martinique<\/strong><\/a> (France info)<\/p>\n\n\n\n<p><a href=\"https:\/\/blogs.mediapart.fr\/jean-marc-b\/blog\/301121\/appel-du-lkp-face-au-mepris-colonialet-policier-intensifions-la-lutte\">Appel du LKP (<strong>Guadeloupe<\/strong>) : Face au m\u00e9pris colonial et policier, intensifions la lutte ! <\/a>(Luttes Invisibles)<\/p>\n\n\n\n<figure class=\"wp-block-image is-resized is-style-default\"><img loading=\"lazy\" decoding=\"async\" src=\"https:\/\/scontent.fhex4-1.fna.fbcdn.net\/v\/t39.30808-6\/p526x296\/262856469_1337736909982107_467726087028272154_n.jpg?_nc_cat=102&amp;ccb=1-5&amp;_nc_sid=730e14&amp;_nc_eui2=AeFXqcJ1mJjW5DL1LdHe8wmvMQ_5ankrE8oxD_lqeSsTyulwG5_PSgsk-q7QtpfO98U&amp;_nc_ohc=AtMwNZ1iZ1oAX-OTrKa&amp;_nc_ht=scontent.fhex4-1.fna&amp;oh=c88fe2199e3b23efc70f8046c7f41e31&amp;oe=61ACC5CC\" alt=\"Peut \u00eatre une image de personne, enfant, debout, voiture et plein air\" width=\"316\" height=\"477\"\/><\/figure>\n\n\n\n<p><a href=\"https:\/\/lanticapitaliste.org\/actualite\/international\/letat-jette-la-martinique-et-la-guadeloupe-dans-le-chaos\">L\u2019\u00c9tat jette la <strong>Martinique<\/strong> et la <strong>Guadeloupe<\/strong> dans le chaos<\/a> (L\u2019Anticapitaliste)<\/p>\n\n\n\n<p><a href=\"https:\/\/www.facebook.com\/photo?fbid=309110114548532&amp;set=a.266972618762282\">GIGN et Raid d\u00e9pass\u00e9s: le nombre de barrages se multiplie en <strong>Guadeloupe<\/strong><\/a> -vid\u00e9o<\/p>\n\n\n\n<p><a href=\"https:\/\/www.revolutionpermanente.fr\/Chomage-de-masse-la-jeunesse-en-premiere-ligne-de-la-revolte-en-Guadeloupe\">Ch\u00f4mage de masse&nbsp;: la jeunesse en premi\u00e8re ligne de la r\u00e9volte en Guadeloupe<\/a> (RP)<\/p>\n\n\n\n<p><a href=\"https:\/\/lanticapitaliste.org\/actualite\/international\/solidarite-avec-le-peuple-kanak-report-du-referendum-du-12-decembre\">Solidarit\u00e9 avec le peuple <strong>kanak<\/strong>. Report du r\u00e9f\u00e9rendum du 12 d\u00e9cembre !<\/a> (Philippe Poutou sur RFI)<\/p>\n\n\n\n<p><a href=\"https:\/\/newsletter.liberation.fr\/m\/surl\/200138\/513370\/ROqSdbNrha1z0vxv6rfgI3FKF-B12viezBEiZxMr5xU=\/link_14\/K6o93zjgc+DiD537+G-xMfojlKLHPFuJ8766oknyTjiBocLZLfXIg0hE8UFRfhcReocb5ZY6pgrh8Tvvmt1TfD8aX379XbKDf-AXf8WC+IhusWKNtLgVfoIH++8K1n808NuOxLKne6GTeiTUDkVTz5s7Q1PTjmnaiUHQtttimEpEAgYoTHvsFjTmgCObKlG97D69P-fXEho614Xd0jDNYIxq5aQh8InskH6ongVcw0O4S8-mCxEUhj0qCLUuxQnbiCtqqutExWnOslj0Y2C+KzQJ1PD2XH808YPQfHmNSTv94sminf9D90atG2pmSgydG5Jm3I9z3GDqT9Zo7LiSM0eRpEo3eB4bEHRnqEl-5jxbFSYfmJN0hEG+269YBZ79gsQlsMAsi67jgcwn09+Fv7nH4K9a7WHDd5ZmRz6bP1QF8SyW2SM2rQhxyTPr7YTV\"><strong>\u00abRecentr\u00e9e\u00bb par Zemmour, Le Pen reprend du poil de la b\u00eate immonde<\/strong><\/a> (Lib\u00e9)<\/p>\n\n\n\n<figure class=\"wp-block-image is-resized is-style-default\"><img data-recalc-dims=\"1\" loading=\"lazy\" decoding=\"async\" src=\"https:\/\/i0.wp.com\/www.liberation.fr\/resizer\/iAg3eI51l3TMrhmaIOO2FZef90s%3D\/800x0\/filters%3Aformat%28jpg%29%3Aquality%2870%29%3Afocal%283139x1917%3A3149x1927%29\/cloudfront-eu-central-1.images.arcpublishing.com\/liberation\/ZFMMHOIDQFB4HMGTCELDU6KMW4.jpg?resize=475%2C265&#038;ssl=1\" alt=\"\" width=\"475\" height=\"265\"\/><\/figure>\n\n\n\n<p><a href=\"https:\/\/lanticapitaliste.org\/communique\/zemmour-candidat-construisons-une-riposte-sociale-antifasciste-manifestons-des-dimanche\">Zemmour candidat&nbsp;: construisons une riposte sociale antifasciste, manif d\u00e8s dimanche \u00e0 Paris !<\/a> (Com. NPA)<\/p>\n\n\n\n<p><a href=\"https:\/\/linsoumission.fr\/2021\/11\/30\/zemmour-une-annonce-de-candidature-en-forme-denterrement\/\">Zemmour : une annonce de candidature en forme d\u2019enterrement<\/a> (L\u2019Insoumission)<\/p>\n\n\n\n<p><a href=\"http:\/\/link.newsletters.20minutes.fr\/m\/surl\/200151\/510057\/t_9sCNeq4wNyyv_rLh58GarIf5iEZ3FzAeHqqDXIA5o=\/link_25\/hap4jIfOW9pWbOhElDakMm4ScluCc9TG7RQTSCCzo1d7Yu1yF3yEWOqOAdpEJVHqHv0ltBKH0I3LfhTpwuXryW1aQiM122VDP+AfuxYY17lCRBMWxI0cVaEuzUPbhDqv+6eXhPjhPxdsy-UkSCIKu4T-4AxvtBZJTG-6R+y0Iz9qdk7cgLyyGXQiueZm0aeh3dprbt2XkciK0ajlMwPzxQsH5TLW+C+svWfHDNJjvqi2YQOoGDQQjvK+V2IhevK7OYcWoQd4igsmEsCkOr59IDv4BNicCyX0A0HXeU0ksRnnEcmWJVTlVB9S8Zw9P66MyQN13899I5eCsbRWcizv91BpafBZ5QPE5HpQKZxB2W8zAYG85WS2sMDArgkxJw4EWOeBDLkhOmbsJr0LayPxlA+lRls1st1WANz2h6pDALGi5VsTijwfiNSi6Ga3KdWyxsopgd6QvSL7I+A9xJFHHKUxrPh--9s5PkRnFMZNiqJmX58RonJ34Mzl72MQZtwJpaJRRjZmzsljcbAD6rkXl9dWcqWn7YKYN7uKsx3psZ3KLcD+DUrgLCBDfHL7I8Tp+uOmTp-5HAsh0I5QmZhvl2bbSwQFpIniO5KvxwO9GS0k10xJSsXtL6RwpZ+H3p39jddwOVqyQd0Yba9xHA-b92OgT0oPeqElciZAeM4MYtckMGOfhRBUiO2x5uZi6549DR8ZiyTOPAQox+gn2GqWAGHFHb-tmOKAgkQSDUhKcQMs9ZUuiv9VZhEzTHhNa+hegf1xoXPrR0ijKV-Q6JxpMwzGQpuhw99qim3hKZNiAMc+z4aK8H4uXiuPdi-NrVN2fBqynZHCwzeSFZsPGDHfSdjLlkXRpkZZm16J-io1P3hs3Aq7LnmUMZdWUDcC-J3TsI59lLLNihec4eoqh8gHskiolrk2hhM9djCHh6tDLCfHgM5zhiAAhV6S+rRTzu7WT79fJS5RW6cIvD91gSc9eo80-QDbhAjn1xEfGrjdU4PjQAh52Q8CSEeKDQpZdxNunbPjmqIrd5YZiJZ8w3ibAw==\">Les premi\u00e8res r\u00e9actions politiques \u00e0 la candidature d&rsquo;Eric Zemmour<\/a> (20 mn)<\/p>\n\n\n\n<figure class=\"wp-block-image is-resized is-style-default\"><img data-recalc-dims=\"1\" loading=\"lazy\" decoding=\"async\" src=\"https:\/\/i0.wp.com\/mamot.fr\/system\/media_attachments\/files\/107\/350\/308\/208\/336\/311\/original\/714548cb914aa726.jpeg?resize=267%2C356&#038;ssl=1\" alt=\"\" width=\"267\" height=\"356\"\/><\/figure>\n\n\n\n<p><a href=\"https:\/\/www.mediapart.fr\/journal\/france\/301121\/les-macronistes-s-offrent-un-rassemblement-de-facade\">Les macronistes s\u2019offrent un rassemblement de fa\u00e7ade<\/a>&nbsp; (M\u00e9diapart)&nbsp;<\/p>\n\n\n\n<p><a href=\"https:\/\/reporterre.net\/Primaire-populaire-jour-J-pour-les-candidats\">Primaire populaire&nbsp;: jour J pour les candidats<\/a> (Reporterre)<\/p>\n\n\n\n<p>Analyse<\/p>\n\n\n\n<p><a href=\"https:\/\/la-bas.org\/6592\">Comment les Antillais ont mis fin \u00e0 l&rsquo;esclavage : premi\u00e8re lutte d&rsquo;une longue s\u00e9rie<\/a> (L\u00e0-bas si j\u2019y suis)<\/p>\n\n\n\n<p><a href=\"https:\/\/linsoumission.fr\/2021\/11\/26\/melenchon-ses-21-principales-propositions-sur-bfm\/\">M\u00e9lenchon : ses 21 principales propositions sur BFM<\/a> (L\u2019Insoumission)<\/p>\n\n\n\n<p><a href=\"https:\/\/www.lemediatv.fr\/emissions\/2021\/pourquoi-il-faut-desobeir-contre-matinale-45-wH_1jgqGTyi65MV7c5546A\">Pourquoi il faut d\u00e9sob\u00e9ir | Contre-Matinale #45<\/a> (Le M\u00e9dia)<\/p>\n\n\n\n<p><a href=\"https:\/\/www.thenation.com\/article\/society\/john-rawls-shadow-of-justice\/\">Une biographie intellectuelle de John Rawls <\/a>(anglais -The Nation)<\/p>\n\n\n\n<p><a href=\"https:\/\/www.streetpress.com\/sujet\/1638194463-monsieur-k-sebastien-kerrero-soral-groupe-arme-militants-recolonisation-france-actions-violentes-fachosphere\">Monsieur K, l\u2019ami de Soral qui recrute pour un groupe arm\u00e9<\/a> (StreetPress)<\/p>\n\n\n\n<p><a href=\"https:\/\/lundi.am\/Reflexions-sur-Les-Mondes-de-l-esclavage-4481\">R\u00e9flexions sur \u00ab&nbsp;Les Mondes de l\u2019esclavage&nbsp;\u00bb<\/a> (Lundi matin)<\/p>\n\n\n\n<p><a href=\"https:\/\/76835.r.ag.d.sendibm3.com\/mk\/cl\/f\/oFMQ-m4-iBwFbM6IVSzjRCNKXd-d5Tt15ETm5nPlwao5FFlvXhlIXmLxVlpHJgMOw2XyaPwFxCQuuiH_YxENir4pWzy1I3h_ky9AM3hi1Kpzpq_y1nI4ZyK35DqlaV0Njw3n-eGh75Qh8hHJ2yv16472u2D76-74_gvWYCfS_boIogdP3rbQ9fYWOi1Acrp-G8s3jPquY4iDbaOvQ3p55Gwo2Zv9C-YK6BgP_O-F68hFJP1MbemRF0ZAXYzV7eg94WDRmmK8XbNFocIGmTdv2O2hEDP1\">Guerre nucl\u00e9aire : une menace du pass\u00e9 ? Entretien avec Theodore Postol<\/a> (Elucid)<\/p>\n\n\n\n<p><a href=\"https:\/\/theconversation.com\/une-france-zero-carbone-en-2050-pourquoi-le-debat-sur-la-sobriete-est-incontournable-172185\">Une France z\u00e9ro carbone en 2050 : pourquoi le d\u00e9bat sur la sobri\u00e9t\u00e9 est incontournable<\/a> (The Conversation)<\/p>\n\n\n\n<figure class=\"wp-block-image is-resized is-style-default\"><img data-recalc-dims=\"1\" loading=\"lazy\" decoding=\"async\" src=\"https:\/\/i0.wp.com\/images.theconversation.com\/files\/434447\/original\/file-20211129-13-udtk0v.jpg?resize=502%2C326&#038;ssl=1\" alt=\"\" width=\"502\" height=\"326\"\/><figcaption><sub>Nous achetons deux fois plus de v\u00eatements qu\u2019il y a quinze ans. La d\u00e9marche <\/sub><br><sub>de sobri\u00e9t\u00e9 invite \u00e0 r\u00e9interroger nos besoins.&nbsp;<a href=\"https:\/\/www.shutterstock.com\/fr\/image-photo\/young-beautiful-women-shopping-fashion-mall-320962013\">Shutterstock<\/a><\/sub><\/figcaption><\/figure>\n","protected":false},"excerpt":{"rendered":"<p>31 d\u00e9cembre en continu \u00ab\u00a0Du vent \u00e0 vendre\u00a0\u00bb, \u00ab\u00a0d\u00e9connect\u00e9 des r\u00e9alit\u00e9s\u00a0\u00bb&#8230; les r\u00e9actions politiques aux v\u0153ux d&rsquo;Emmanuel Macron&nbsp;(LCI) \u00ab\u00a0Ann\u00e9e cruciale\u00a0\u00bb, \u00ab\u00a0adieu Macron\u00a0\u00bb : les candidats devancent le Pr\u00e9sident avec leurs voeux -Le Progr\u00e8s Les v\u0153ux anti-houellebecquiens d\u2019Emmanuel Macron -Le Point D\u00e9connexion \u00bb, \u00ab candidat \u00bb, les premi\u00e8res r\u00e9actions politiques aux v\u0153ux aux Fran\u00e7ais de Macron &#8230; <a title=\"D\u00e9cembre &#8211; Politique\" class=\"read-more\" href=\"https:\/\/www.rdpemancipation.org\/?p=59835\" aria-label=\"En savoir plus sur D\u00e9cembre &#8211; Politique\">Lire la suite<\/a><\/p>\n","protected":false},"author":1,"featured_media":0,"comment_status":"closed","ping_status":"closed","sticky":false,"template":"","format":"standard","meta":{"_lmt_disableupdate":"no","_lmt_disable":"no","_jetpack_memberships_contains_paid_content":false,"footnotes":""},"categories":[6],"tags":[],"class_list":["post-59835","post","type-post","status-publish","format-standard","hentry","category-politique"],"modified_by":"jmb","jetpack_featured_media_url":"","jetpack_sharing_enabled":true,"_links":{"self":[{"href":"https:\/\/www.rdpemancipation.org\/index.php?rest_route=\/wp\/v2\/posts\/59835","targetHints":{"allow":["GET"]}}],"collection":[{"href":"https:\/\/www.rdpemancipation.org\/index.php?rest_route=\/wp\/v2\/posts"}],"about":[{"href":"https:\/\/www.rdpemancipation.org\/index.php?rest_route=\/wp\/v2\/types\/post"}],"author":[{"embeddable":true,"href":"https:\/\/www.rdpemancipation.org\/index.php?rest_route=\/wp\/v2\/users\/1"}],"replies":[{"embeddable":true,"href":"https:\/\/www.rdpemancipation.org\/index.php?rest_route=%2Fwp%2Fv2%2Fcomments&post=59835"}],"version-history":[{"count":194,"href":"https:\/\/www.rdpemancipation.org\/index.php?rest_route=\/wp\/v2\/posts\/59835\/revisions"}],"predecessor-version":[{"id":64118,"href":"https:\/\/www.rdpemancipation.org\/index.php?rest_route=\/wp\/v2\/posts\/59835\/revisions\/64118"}],"wp:attachment":[{"href":"https:\/\/www.rdpemancipation.org\/index.php?rest_route=%2Fwp%2Fv2%2Fmedia&parent=59835"}],"wp:term":[{"taxonomy":"category","embeddable":true,"href":"https:\/\/www.rdpemancipation.org\/index.php?rest_route=%2Fwp%2Fv2%2Fcategories&post=59835"},{"taxonomy":"post_tag","embeddable":true,"href":"https:\/\/www.rdpemancipation.org\/index.php?rest_route=%2Fwp%2Fv2%2Ftags&post=59835"}],"curies":[{"name":"wp","href":"https:\/\/api.w.org\/{rel}","templated":true}]}}