{"id":55227,"date":"2021-11-01T09:28:02","date_gmt":"2021-11-01T08:28:02","guid":{"rendered":"https:\/\/www.rdpemancipation.org\/?p=55227"},"modified":"2021-12-01T02:22:15","modified_gmt":"2021-12-01T01:22:15","slug":"novembre-economie","status":"publish","type":"post","link":"https:\/\/www.rdpemancipation.org\/?p=55227","title":{"rendered":"Novembre &#8211; Economie"},"content":{"rendered":"\n<p><strong>1er D\u00e9cembre <\/strong><\/p>\n\n\n\n<p> <strong><span style=\"color:#f50c17\" class=\"has-inline-color\">1er D\u00e9cembre en continu<\/span><\/strong> <\/p>\n\n\n\n<p><a href=\"https:\/\/www.youtube.com\/watch?v=ceq7tsFbCpg\">La BCE perd le contr\u00f4le de l\u2019inflation<\/a> (Draw my economy) Vid\u00e9o<\/p>\n\n\n\n<figure class=\"wp-block-image size-full\"><img data-recalc-dims=\"1\" loading=\"lazy\" decoding=\"async\" width=\"463\" height=\"444\" src=\"https:\/\/i0.wp.com\/www.rdpemancipation.org\/wp-content\/uploads\/2021\/12\/image-1.png?resize=463%2C444&#038;ssl=1\" alt=\"\" class=\"wp-image-59772\" srcset=\"https:\/\/i0.wp.com\/www.rdpemancipation.org\/wp-content\/uploads\/2021\/12\/image-1.png?w=463&amp;ssl=1 463w, https:\/\/i0.wp.com\/www.rdpemancipation.org\/wp-content\/uploads\/2021\/12\/image-1.png?resize=300%2C288&amp;ssl=1 300w\" sizes=\"auto, (max-width: 463px) 100vw, 463px\" \/><\/figure>\n\n\n\n<p><strong><span style=\"color:#f50c17\" class=\"has-inline-color\">30 novembre en continu<\/span><\/strong><\/p>\n\n\n\n<p><strong>France<\/strong><\/p>\n\n\n\n<p><strong><a href=\"https:\/\/allobercy.multinationales.orgCAC40%20:%20des%20records%20financ\u00e9s%20par%20des%20aides%20publiques17-434054143\">CAC40 : des records financ\u00e9s par des aides publiques<\/a> <\/strong>(All\u00f4 Bercy&nbsp;? &#8211; Observatoire des multinationales)<\/p>\n\n\n\n<p><a href=\"https:\/\/bastamag.us19.list-manage.com\/track\/click?u=f9d2623bc1d04ed17470af608&amp;id=e7f42436d9&amp;e=4c3a486dce\" target=\"_blank\" rel=\"noreferrer noopener\">Commission d\u2019enqu\u00eate parlementaire et citoyenne sur les aides publiques aux entreprises<\/a> (Observatoire des multinationales)<\/p>\n\n\n\n<p><a href=\"https:\/\/bastamag.us19.list-manage.com\/track\/click?u=f9d2623bc1d04ed17470af608&amp;id=5d3ce19888&amp;e=4c3a486dce\" target=\"_blank\" rel=\"noreferrer noopener\">Pas d\u2019aides publiques aux grandes entreprises sans conditions<\/a>&nbsp;(All\u00f4 Bercy&nbsp;?)<\/p>\n\n\n\n<p><a href=\"https:\/\/basta.media\/Allo-Bercy-entreprises-aides-publiques-le-cac40-rachete-ses-propres-actions\" target=\"_blank\" rel=\"noreferrer noopener\">Ne sachant plus quoi faire de son argent, le CAC40 rach\u00e8te en masse ses propres actions<\/a>&nbsp; (Basta!)<\/p>\n\n\n\n<p><a href=\"https:\/\/basta.media\/Quartiers-populaires-Paris-Sainte-Marthe-Belleville-speculation-immobiliere-petits-commerces-Anne-Hidalgo\" target=\"_blank\" rel=\"noreferrer noopener\">L\u2019un des derniers quartiers populaires de Paris sous la menace de la sp\u00e9culation<\/a> (Basta!)<\/p>\n\n\n\n<p><a href=\"https:\/\/www.frustrationmagazine.fr\/bilan-macron\/\" target=\"_blank\" rel=\"noreferrer noopener\">Le bilan \u00e9conomique et social d\u2019Emmanuel Macron en 3 points et 8 minutes&nbsp;<\/a> (Frustration)<\/p>\n\n\n\n<p><a href=\"https:\/\/www.lemediatv.fr\/emissions\/2021\/securite-sociale-alimentaire-un-test-grandeur-nature-gl1LpVViQPCMJ3evA0I5xQ\" target=\"_blank\" rel=\"noreferrer noopener\">S\u00e9curit\u00e9 sociale alimentaire : un test grandeur nature<\/a>&nbsp; (Le M\u00e9dia)<\/p>\n\n\n\n<p><a href=\"https:\/\/www.humanite.fr\/neoliberalisme-elsa-faucillon-largent-public-finance-des-plans-sociaux-729230#xtor=RSS-1\" target=\"_blank\" rel=\"noreferrer noopener\">N\u00e9olib\u00e9ralisme. Elsa Faucillon : \u00ab L\u2019argent public finance des plans sociaux ! \u00bb<\/a>&nbsp; (L\u2019Humanit\u00e9)<\/p>\n\n\n\n<p><a href=\"https:\/\/www.humanite.fr\/patrimoine-les-rentiers-font-main-basse-sur-limmobilier-729248#xtor=RSS-1\" target=\"_blank\" rel=\"noreferrer noopener\">Patrimoine. Les rentiers font main basse sur l\u2019immobilier<\/a>&nbsp;(L\u2019Humanit\u00e9)<\/p>\n\n\n\n<p><a href=\"https:\/\/www.mediacites.fr\/breve\/nantes\/2021\/11\/30\/futur-chu-de-nantes-la-chambre-regionale-des-comptes-envisage-une-nouvelle-enquete\/\" target=\"_blank\" rel=\"noreferrer noopener\">Futur CHU de Nantes : la Chambre r\u00e9gionale des comptes envisage une nouvelle enqu\u00eate<\/a>&nbsp; (Mediacit\u00e9s)<\/p>\n\n\n\n<p><a href=\"http:\/\/t.nl.france3.fr\/r\/?id=h15f283f7,67219680,5f28bd1b&amp;p1=726375-1613287517-668363dc\" target=\"_blank\" rel=\"noreferrer noopener\">Benteler (Migennes)<strong> : <\/strong>les salari\u00e9s reprennent le travail mais \u00ab\u00a0dans 5 mois, \u00e7a peut \u00eatre termin\u00e9\u00a0\u00bb<\/a> (France 3)<\/p>\n\n\n\n<p><a href=\"https:\/\/www.humanite.fr\/ils-nont-pas-honte-caviar-une-baisse-dimpot-bien-louche-728466\">D\u00e9bat inflation et l\u2019explosion des in\u00e9galit\u00e9s : une s\u00e9natrice a voulu venir en aide au\u2026 caviar.<\/a> (L&rsquo;Humanit\u00e9)<\/p>\n\n\n\n<p><a href=\"https:\/\/www.contretemps.eu\/modele-agricole-macron-agribusiness\/\">Le mod\u00e8le agricole de la Macronie, ou le triomphe annonc\u00e9 de l\u2019agribusiness<\/a> ( Contretemps )<\/p>\n\n\n\n<p><a href=\"https:\/\/www.boursorama.com\/actualite-economique\/actualites\/france-l-inflation-a-un-plus-haut-de-13-ans-en-novembre-e7c161710ac30d58246aecc3d54962e7\">France : L&rsquo;inflation \u00e0 un plus haut de 13 ans en novembre<\/a> (Reuters)<\/p>\n\n\n\n<p><strong>Monde<\/strong><\/p>\n\n\n\n<p><a href=\"https:\/\/www.boursorama.com\/actualite-economique\/actualites\/turquie-nouveau-plongeon-de-la-livre-turque-3d0bcadae8709d1bbf1a52b9e0cb8bd2\">Turquie : nouveau plongeon de la livre turque<\/a> (AFP)<\/p>\n\n\n\n<p><a href=\"https:\/\/www.boursorama.com\/actualite-economique\/actualites\/powell-fed-renonce-au-terme-transitoire-pour-decrire-l-inflation-1a28bf577e8141563c2d2806422add04\">Powell (Fed) renonce au terme \u00ab\u00a0transitoire\u00a0\u00bb pour d\u00e9crire l&rsquo;inflation<\/a> (Reuters)<\/p>\n\n\n\n<p><a href=\"https:\/\/www.boursorama.com\/actualite-economique\/actualites\/telecom-italia-convoite-par-un-fonds-americain-au-centre-de-querelles-politiques-15df355dbea1b1f63a9aab69ace589c1\">Telecom Italia, convoit\u00e9 par un fonds am\u00e9ricain, querelles politiques<\/a> (AFP)<\/p>\n\n\n\n<p>&nbsp;<a href=\"https:\/\/www.boursorama.com\/videos\/actualites\/l-appetit-croissant-des-chinois-pour-le-made-in-china-397144ef1e93edffcd677566149d3fe8\">L&rsquo;app\u00e9tit croissant des Chinois pour le \u00ab\u00a0made in China\u00a0\u00bb<\/a> (France 24)<\/p>\n\n\n\n<p>&nbsp;<a href=\"https:\/\/www.boursorama.com\/videos\/actualites\/comment-expliquer-la-flambee-historique-des-cours-du-ble-e83b892c04bc3b153745599eeeebd5d3\">Comment expliquer la flamb\u00e9e historique des cours du bl\u00e9 ?<\/a> &nbsp;(Ecorama)<\/p>\n\n\n\n<p><a href=\"https:\/\/www.boursorama.com\/actualite-economique\/actualites\/l-inflation-dans-la-zone-euro-atteint-un-plus-haut-record-49d71c67fb0eb5f8ee2733e2dbca780f\">L&rsquo;inflation dans la zone euro atteint un plus haut record<\/a> (Reuters)<\/p>\n\n\n\n<p><a href=\"https:\/\/reporterre.net\/On-nous-prive-de-nos-terres-en-Inde-des-peuples-victimes-de-la-reforestation\" target=\"_blank\" rel=\"noreferrer noopener\">\u00ab&nbsp;On nous prive de nos terres&nbsp;\u00bb&nbsp;: en Inde, peuples victimes de la reforestation<\/a>&nbsp; (Reporterre)<\/p>\n\n\n\n<p><a href=\"https:\/\/www.mediapart.fr\/journal\/international\/301121\/allemagne-les-liberaux-tiennent-les-cordons-de-la-bourse\" target=\"_blank\" rel=\"noreferrer noopener\">Allemagne : les lib\u00e9raux tiennent les cordons de la bourse<\/a>&nbsp; (M\u00e9diapart)<\/p>\n\n\n\n<p><a href=\"https:\/\/www.tandfonline.com\/doi\/full\/10.1080\/09692290.2021.2004440\">Quand firmes US ach\u00e8tent soci\u00e9t\u00e9s \u00e9tranger, revenus dirigeants augmente aussit\u00f4t<\/a> (angl -Review Int Pol Econ)<\/p>\n\n\n\n<p>\u00ab\u00a0<a href=\"https:\/\/onlinelibrary.wiley.com\/doi\/10.1111\/ehr.13117?af=R\">L\u2019histoire de la monnaie aux Etats-Unis\u00a0\u00bbde Friedman \u00ab\u00a0conforme aux faits?<\/a> (Angl-Economic History Review)<\/p>\n\n\n\n<p><strong>Analyse<\/strong><\/p>\n\n\n\n<p><a href=\"https:\/\/theconversation.com\/la-dette-publique-boulet-des-banques-centrales-dans-la-lutte-contre-linflation-172629\" target=\"_blank\" rel=\"noreferrer noopener\">La dette publique, boulet des banques centrales dans la lutte contre l\u2019inflation<\/a>&nbsp; (The Conversation)<\/p>\n\n\n\n<p><a href=\"https:\/\/www.revuesilence.net\/numeros\/505-Les-chantiers-de-l-habitat-leger\/l-age-du-capitalisme-de-surveillance-de-shoshana-zuboff\" target=\"_blank\" rel=\"noreferrer noopener\">L&rsquo;\u00c2ge du capitalisme de surveillance de Shoshana Zuboff<\/a>&nbsp; (Revue Silence)<\/p>\n\n\n\n<p><a href=\"https:\/\/theconversation.com\/pour-vraiment-taxer-les-entreprises-multinationales-une-reforme-suffit-elle-172417\">Pour vraiment taxer les entreprises multinationales, une r\u00e9forme suffit-elle ?<\/a> (The Conversation)&nbsp;<\/p>\n\n\n\n<p><a href=\"https:\/\/instituthommetotal.fr\/affranchi\/une-monnaie-communiste-entretien-avec-xavier-morin-de-reseau-salariat-272\">Une monnaie communiste ?<\/a> (Institut Homme Total)<\/p>\n\n\n\n<p> <strong><span style=\"color:#f21520\" class=\"has-inline-color\">29 novembre en continu<\/span><\/strong><\/p>\n\n\n\n<p><strong>France<\/strong><\/p>\n\n\n\n<p><a href=\"https:\/\/www.boursorama.com\/actualite-economique\/actualites\/le-budget-2022-de-la-secu-valide-sous-lourde-menace-sanitaire-be3d9f3e09f23ff3352927a4f9d9ad2a\">Le budget 2022 de la S\u00e9cu valid\u00e9, sous lourde menace sanitaire<\/a> &nbsp;(AFP)<\/p>\n\n\n\n<p><a href=\"https:\/\/www.mediapart.fr\/journal\/international\/281121\/travers-le-monde-des-armes-made-france-repriment-et-tuent\">\u00c0 travers le monde, des armes \u00ab&nbsp;made in France&nbsp;\u00bb r\u00e9priment et tuent <\/a>&nbsp;(M\u00e9diapart)<\/p>\n\n\n\n<p><a href=\"https:\/\/www.boursorama.com\/actualite-economique\/actualites\/france-le-durcissement-du-controle-des-investissements-etrangers-prolonge-d-un-an-dit-le-maire-52800df0b4aa79956990a06e7275133d\">Le durcissement du contr\u00f4le des investissements \u00e9trangers prolong\u00e9 d&rsquo;un an<\/a> &nbsp;(Reuters)<\/p>\n\n\n\n<p><a href=\"https:\/\/www.boursorama.com\/actualite-economique\/actualites\/l-equipementier-faurecia-revoit-en-baisse-ses-previsions-2021-8616414afffbb69aa1d900f077e5f72c\">L&rsquo;\u00e9quipementier Faurecia revoit en baisse ses pr\u00e9visions 2021<\/a> &nbsp;(Reuters)<\/p>\n\n\n\n<p><a href=\"https:\/\/www.mediapart.fr\/journal\/france\/291121\/le-monsieur-securite-du-groupe-lvmh-ecope-de-neuf-mises-en-examen\">Un dirigeant du groupe LVMH \u00e9cope de neuf mises en examen <\/a>&nbsp;(M\u00e9diapart)<\/p>\n\n\n\n<p><a href=\"https:\/\/common.indigo-net.com\/lib\/cookie_log\/redirector.asp?mail=n.chevillard@noos.fr&amp;ID=435143&amp;DOCIID=109703480&amp;ENAIID=690223&amp;RETOUR=SIMPLE&amp;link=https:\/\/www.intelligenceonline.fr\/grands-contrats\/2021\/11\/29\/turki-bin-salman-contre-saudi-arabian-airlines--le-proces-qui-donne-des-sueurs-froides-a-airbus,109707338-art?cxt=PUB&amp;utm_source=LMR&amp;utm_medium=email&amp;utm_campaign=AUTO_EDIT_SOM\" target=\"_blank\" rel=\"noreferrer noopener\">Saudi Arabian Airlines : le proc\u00e8s qui donne des sueurs froides \u00e0 Airbus<\/a> (Intelligence online)<\/p>\n\n\n\n<p><a href=\"https:\/\/www.xerficanal.com\/economie\/emission\/Guillaume-Duval-Comment-Macron-nous-mene-dans-le-mur_3750191.html?utm_source=sendinblue&amp;utm_campaign=XC261121&amp;utm_medium=email\">Macron nous m\u00e8ne dans le mur ?<\/a> &nbsp;(Xerfi Canal)<\/p>\n\n\n\n<p><a href=\"https:\/\/www.xerficanal.com\/economie\/emission\/Olivier-Passet-Comment-la-France-tire-le-marche-du-travail-vers-le-bas-au-detriment-du-travail-qualifie_3750175.html?utm_source=sendinblue&amp;utm_campaign=XC261121&amp;utm_medium=email\">La France tire le march\u00e9 du travail vers le bas au d\u00e9triment du travail qualifi\u00e9<\/a> (Xerfi Canal)<\/p>\n\n\n\n<p><a href=\"https:\/\/documentcloud.adobe.com\/link\/track?uri=urn:aaid:scds:US:1723ad81-22dd-4d0c-a101-d18cc93250b0\">Fiscalit\u00e9 d\u00e9gressive<\/a> -Fran\u00e7ois Lescure<\/p>\n\n\n\n<p><a href=\"https:\/\/blogs.mediapart.fr\/georges-andre\/blog\/271121\/attac-campagne-contre-levasion-et-linjustice-fiscale\">ATTAC : campagne contre l&rsquo;\u00e9vasion et l&rsquo;injustice fiscale<\/a> -Georges Andr\u00e9<\/p>\n\n\n\n<figure class=\"wp-block-image size-full is-resized is-style-default\"><img data-recalc-dims=\"1\" loading=\"lazy\" decoding=\"async\" src=\"https:\/\/i0.wp.com\/www.rdpemancipation.org\/wp-content\/uploads\/2021\/11\/Capture-decran-2021-11-28-a-18.36.32-1.png?resize=472%2C242&#038;ssl=1\" alt=\"\" class=\"wp-image-59490\" width=\"472\" height=\"242\" srcset=\"https:\/\/i0.wp.com\/www.rdpemancipation.org\/wp-content\/uploads\/2021\/11\/Capture-decran-2021-11-28-a-18.36.32-1.png?w=965&amp;ssl=1 965w, https:\/\/i0.wp.com\/www.rdpemancipation.org\/wp-content\/uploads\/2021\/11\/Capture-decran-2021-11-28-a-18.36.32-1.png?resize=300%2C154&amp;ssl=1 300w, https:\/\/i0.wp.com\/www.rdpemancipation.org\/wp-content\/uploads\/2021\/11\/Capture-decran-2021-11-28-a-18.36.32-1.png?resize=768%2C395&amp;ssl=1 768w\" sizes=\"auto, (max-width: 472px) 100vw, 472px\" \/><\/figure>\n\n\n\n<p><strong>Monde<\/strong><\/p>\n\n\n\n<p><a href=\"https:\/\/www.boursorama.com\/actualite-economique\/actualites\/allemagne-l-inflation-a-un-niveau-inedit-sur-un-an-en-novembre-bed16f5922c999c03e0218af99358cc2\"><strong>Allemagne<\/strong> : L&rsquo;inflation \u00e0 un niveau in\u00e9dit sur un an en novembre<\/a> &nbsp;(Reuters)<\/p>\n\n\n\n<p><a href=\"https:\/\/www.boursorama.com\/videos\/actualites\/une-croissance-quasi-nulle-en-zone-euro-en-cette-fin-d-annee-66777bcc1d140a776cf846609473d7b5\">Une croissance quasi-nulle en zone euro en cette fin d&rsquo;ann\u00e9e ?<\/a> &nbsp;(Ecorama)<\/p>\n\n\n\n<p><a href=\"https:\/\/www.boursorama.com\/actualite-economique\/actualites\/le-tourisme-mondial-devrait-perdre-2-000-milliards-de-dollars-en-2021-e9e7db816d91c20532f136aa7b4b0437\">Le tourisme mondial devrait perdre 2.000 milliards de dollars en 2021<\/a> &nbsp;(AFP)<\/p>\n\n\n\n<p><a href=\"https:\/\/www.boursorama.com\/actualite-economique\/actualites\/nissan-accelere-le-tempo-dans-l-electrification-de-ses-vehicules-8cbdb5ba40e699e6bfd4e9abe2c4f3f9\">Nissan acc\u00e9l\u00e8re le tempo dans l&rsquo;\u00e9lectrification de ses v\u00e9hicules<\/a> &nbsp;(AFP)<\/p>\n\n\n\n<p><a href=\"https:\/\/www.boursorama.com\/actualite-economique\/actualites\/gazprom-realise-un-t3-record-grace-a-l-envolee-des-prix-du-gaz-65df30e7b6a1acf7b02c6784f3059133\">Gazprom r\u00e9alise un T3 record gr\u00e2ce \u00e0 l&rsquo;envol\u00e9e des prix du gaz<\/a> &nbsp;(Reuters)<\/p>\n\n\n\n<p><a href=\"https:\/\/www.xerficanal.com\/economie\/emission\/Alexandre-Mirlicourtois-Ralentissement-durable-de-la-croissance-chinoise-les-pays-menaces_3750169.html?utm_source=sendinblue&amp;utm_campaign=XC261121&amp;utm_medium=email\">Ralentissement durable de la croissance chinoise : les pays menac\u00e9s<\/a> &nbsp;(Xerfi Canal)<\/p>\n\n\n\n<p><a href=\"https:\/\/www.investir.ch\/2021\/11\/chine-back-to-the-future\/\"><strong>Chine. <\/strong>Back to the future !<\/a> &nbsp;(allnews)<\/p>\n\n\n\n<p><a href=\"https:\/\/www.mediapart.fr\/journal\/international\/281121\/congo-hold-les-chinois-ont-corrompu-les-kabila-pour-un-contrat-minier-geant\">Comment les Chinois ont corrompu les Kabila <\/a>&nbsp;(RFI et M\u00e9diapart)<\/p>\n\n\n\n<p><a href=\"https:\/\/redirection.b2b.infopro-digital.com\/lnk\/AUcAAEXu_NAAAcXDzFAAAHnKuI0AAABZQTkAANzxAAwsSQBhpIhkWMxcIs-xSQmjc8lzFGgKAQAMCy8\/9\/__5m10jDRwggizl__YBZbQ\/aHR0cHM6Ly93d3cudXNpbmUtZGlnaXRhbGUuZnIvZWRpdG9yaWFsL2xlcy1ldGF0cy1tZW1icmVzLWRlLWwtdWUtcy1hY2NvcmRlbnQtc3VyLWRzYS1kbWEtcG91ci1yZWd1bGVyLWxlcy1ncmFuZGVzLWVudHJlcHJpc2VzLXRlY2hub2xvZ2lxdWVzLk4xMTYzMjc3I3h0b3I9RVBSLTQmZW1haWw9bi5jaGV2aWxsYXJkQG5vb3MuZnI#xtor=EPR-4&amp;email=n.chevillard@noos.fr\" target=\"_blank\" rel=\"noreferrer noopener\">Les Etats de l&rsquo;UE s&rsquo;accordent sur DSA\/DMA pour r\u00e9guler les entreprises technologiques<\/a> (L\u2019Usine digitale)<\/p>\n\n\n\n<p><a href=\"https:\/\/redirection.b2b.infopro-digital.com\/lnk\/AUcAAEXu_NAAAcXDzFAAAHnKuI0AAABZQTkAANzxAAwsSQBhpIhkWMxcIs-xSQmjc8lzFGgKAQAMCy8\/34\/A44ChdDvftYfumOX87763A\/aHR0cHM6Ly93d3cudXNpbmUtZGlnaXRhbGUuZnIvYXJ0aWNsZS83MC1lbnRyZXByaXNlcy1qYXBvbmFpc2VzLXZvbnQtdGVzdGVyLXVuZS1jcnlwdG9tb25uYWllLk4xMTYzNTAyI3h0b3I9RVBSLTQmZW1haWw9bi5jaGV2aWxsYXJkQG5vb3MuZnI#xtor=EPR-4&amp;email=n.chevillard@noos.fr\" target=\"_blank\" rel=\"noreferrer noopener\">70 entreprises japonaises vont tester une cryptomonnaie<\/a> (L\u2019Usine digitale)<\/p>\n\n\n\n<p><a href=\"https:\/\/redirection.b2b.infopro-digital.com\/lnk\/AUcAAEXu_NAAAcXDzFAAAHnKuI0AAABZQTkAANzxAAwsSQBhpIhkWMxcIs-xSQmjc8lzFGgKAQAMCy8\/42\/0WGLpBFc680IkGD_ephbkw\/aHR0cHM6Ly93d3cudXNpbmUtZGlnaXRhbGUuZnIvZWRpdG9yaWFsL2wtaXRhbGllLWluZmxpZ2UtZGVzLWFtZW5kZXMtZGUtMTAtbWlsbGlvbnMtZC1ldXJvcy1hLWFwcGxlLWV0LWdvb2dsZS1wb3VyLW1lc3VzYWdlLWRlcy1kb25uZWVzLk4xMTYzNDYyI3h0b3I9RVBSLTQmZW1haWw9bi5jaGV2aWxsYXJkQG5vb3MuZnI#xtor=EPR-4&amp;email=n.chevillard@noos.fr\" target=\"_blank\" rel=\"noreferrer noopener\">L&rsquo;<strong>Italie <\/strong>inflige des amendes de 10 millions \u20ac \u00e0 Apple et Google pour m\u00e9susage des donn\u00e9es<\/a> (L\u2019Usine digitale)<\/p>\n\n\n\n<p><a href=\"https:\/\/www.letemps.ch\/economie\/records-trompeloeil-nasdaq?utm_source=Newsletters&amp;utm_campaign=ba88eab384-newsletter_eco&amp;utm_medium=email&amp;utm_term=0_56c41a402e-ba88eab384-110294673\"><strong>USA<\/strong>.&nbsp;Les records en trompe-l\u2019\u0153il du Nasdaq<\/a>&nbsp;(Le Temps)<\/p>\n\n\n\n<p><a href=\"https:\/\/www.xerficanal.com\/economie\/emission\/Anais-Voy-Gillis-Les-points-forts-du-systeme-industriel-de-la-Suede_3749758.html?utm_source=sendinblue&amp;utm_campaign=XC251121&amp;utm_medium=email\"><strong>Su\u00e8de<\/strong>.&nbsp;Les points forts du syst\u00e8me industriel de la Su\u00e8de<\/a>&nbsp;(Xerfi Canal)<\/p>\n\n\n\n<p><a href=\"https:\/\/www.allnews.ch\/content\/points-de-vue\/l%E2%80%99%C3%A9conomie-suisse-persiste-et-signe?utm_source=All+contacts&amp;utm_campaign=eaf06bef42-EMAIL_CAMPAIGN_2021_11_25_07_18&amp;utm_medium=email&amp;utm_term=0_d35111d3a6-eaf06bef42-25543805\"><strong>Suisse<\/strong>.&nbsp;L\u2019\u00e9conomie suisse persiste et signe<\/a>&nbsp;(Allnews)<\/p>\n\n\n\n<p><strong>Analyse<\/strong><\/p>\n\n\n\n<p><a href=\"https:\/\/www.project-syndicate.org\/commentary\/fed-inflation-policy-framework-has-become-a-trap-by-raghuram-rajan-2021-11\/french\">Le pi\u00e8ge mon\u00e9taire et le pi\u00e8ge inflationniste<\/a>&nbsp;(Project Syndicate)<\/p>\n\n\n\n<p><strong><a href=\"https:\/\/la-chronique-agora.com\/millier-docteurs-economie-voici-resultat\/?bsft_aaid=8d7bfbb2-9574-4a5c-ad3d-53faf0fc196f&amp;bsft_eid=dda68cc8-aeb5-1f52-2a2f-d41d3861428f&amp;utm_campaign=edito-211126-lca-newsletter-recommendation&amp;utm_source=blueshift&amp;utm_medium=email&amp;utm_content=edito-211126-lca-newsletter-recommendation&amp;bsft_clkid=77e033e3-7d0a-4276-8ad0-b48bf9f591fd&amp;bsft_uid=1f1b3850-38cc-4a83-86fb-401a40390f75&amp;bsft_mid=d07f7283-e2a4-4c8d-bf5c-06736ca94789&amp;bsft_utid=1f1b3850-38cc-4a83-86fb-401a40390f75-LCA&amp;bsft_mime_type=html&amp;bsft_ek=2021-11-26T11%3A00%3A46Z&amp;bsft_lx=4&amp;bsft_tv=3\">Un millier de docteurs en \u00e9conomie, et voici le r\u00e9sultat<\/a>&nbsp;(Chronique agora)<\/strong><\/p>\n\n\n\n<p> <strong><span style=\"color:#f21520\" class=\"has-inline-color\">28 novembre en continu<\/span><\/strong><\/p>\n\n\n\n<p><strong>France<\/strong><\/p>\n\n\n\n<p><a href=\"https:\/\/www.mediapart.fr\/journal\/economie\/281121\/leroy-merlin-des-benefices-records-et-des-salaries-en-lutte-pour-80-euros\" target=\"_blank\" rel=\"noreferrer noopener\"><strong>Leroy Merlin, des b\u00e9n\u00e9fices records et des salari\u00e9s en lutte pour 80 \u20ac<\/strong><\/a>&nbsp; (M\u00e9diapart)<\/p>\n\n\n\n<p><a href=\"http:\/\/t.nl.france3.fr\/r\/?id=h156c317e,671e6eba,5f286e8b&amp;p1=726375-1613287517-668363dc\">Amazon : pourquoi les salari\u00e9s bloquent le site de Sevrey en Sa\u00f4ne-et-Loire<\/a> (France 3)<\/p>\n\n\n\n<p><a href=\"https:\/\/www.boursorama.com\/actualite-economique\/actualites\/cybersurveillance-en-egypte-la-societe-francaise-nexa-technologies-mise-en-examen-pour-complicite-de-torture-d1dcd758e8eb8cd372efb42327c4defd\">Cybersurveillance en Egypte : Nexa Technologies mise en examen pour \u00ab\u00a0complicit\u00e9 de torture\u00a0\u00bb<\/a> &nbsp;(AFP)<\/p>\n\n\n\n<p><a href=\"https:\/\/www.lemonde.fr\/economie\/article\/2021\/11\/27\/en-france-les-economistes-restent-sereins-malgre-les-incertitudes-liees-au-variant-omicron_6103848_3234.html\">Les \u00e9conomistes restent sereins malgr\u00e9 les incertitudes li\u00e9es au variant Omicron<\/a> (Le Monde)<\/p>\n\n\n\n<p><a href=\"https:\/\/www.lemonde.fr\/economie\/article\/2021\/11\/27\/le-projet-de-lgv-bordeaux-toulouse-avance-a-toute-petite-vitesse_6103852_3234.html\">Le projet de LGV Bordeaux-Toulouse avance \u00e0 toute petite vitesse<\/a> (Le Monde)<\/p>\n\n\n\n<p><strong>Monde<\/strong><\/p>\n\n\n\n<p><a href=\"https:\/\/www.boursorama.com\/actualite-economique\/actualites\/puces-le-chips-act-europeen-presente-debut-2022-avec-un-mecanisme-de-preference-europeenne-4a42a77b250618ffd837e0617e6e570c\">Puces : le \u00ab\u00a0Chips Act\u00a0\u00bb europ\u00e9en pr\u00e9sent\u00e9 d\u00e9but 2022, avec \u00ab\u00a0pr\u00e9f\u00e9rence europ\u00e9enne\u00a0\u00bb<\/a> (AFP)<\/p>\n\n\n\n<p><a href=\"https:\/\/www.boursorama.com\/actualite-economique\/actualites\/incident-nucleaire-a-l-epr-de-taishan-en-chine-la-cause-identifiee-cae9b19dedcfc8b68d751c57e8f4de08\">Incident nucl\u00e9aire \u00e0 l&rsquo;EPR de Taishan, en Chine : la cause identifi\u00e9e<\/a> (AFP)<\/p>\n\n\n\n<p><a href=\"https:\/\/www.lemonde.fr\/afrique\/article\/2021\/11\/28\/la-chine-face-au-probleme-de-dettes-africaines-insoutenables_6103914_3212.html\">La Chine face au probl\u00e8me de dettes africaines insoutenables<\/a> (Le Monde)<\/p>\n\n\n\n<p><a href=\"https:\/\/www.connaissancedesenergies.org\/afp\/gazoducs-italie-algerie-eni-cede-une-partie-de-ses-participations-211127\">Gazoducs Italie-Alg\u00e9rie : Eni c\u00e8de une partie de ses participations<\/a> (AFP)<\/p>\n\n\n\n<p><a href=\"https:\/\/events-b.mb.la-chronique-agora.com\/z\/xpa3rfwhc?uid=ad9fd23f-4e7a-48f4-baf7-fd8089cf0e95&amp;mid=da10bfdc-50f2-4ad9-a594-641f35e6876d&amp;utid=ad9fd23f-4e7a-48f4-baf7-fd8089cf0e95-LCA&amp;bsft_ek=2021-11-27T08%3A30%3A48Z&amp;bsft_mime_type=html&amp;bsft_tv=4&amp;bsft_lx=4\">La Chine est en avance\u2026 m\u00eame sur les bulles<\/a> -Bruno Bertez<\/p>\n\n\n\n<p><strong>Analyse<\/strong><\/p>\n\n\n\n<p><a href=\"http:\/\/www.editions-utopia.org\/2021\/11\/21\/2006\/\">Aur\u00e9lien Bernier sort un nouveau livre: \u00ab\u00a0L\u2019urgence de relocaliser\u00a0\u00bb<\/a> (Utopia)<\/p>\n\n\n\n<figure class=\"wp-block-image size-full is-resized is-style-default\"><img data-recalc-dims=\"1\" loading=\"lazy\" decoding=\"async\" src=\"https:\/\/i0.wp.com\/www.rdpemancipation.org\/wp-content\/uploads\/2021\/11\/Couv.-Relocaliser-179x300-1.jpeg?resize=298%2C499&#038;ssl=1\" alt=\"\" class=\"wp-image-59342\" width=\"298\" height=\"499\"\/><\/figure>\n\n\n\n<p> <strong><span style=\"color:#f21520\" class=\"has-inline-color\">27 novembre en continu<\/span><\/strong><\/p>\n\n\n\n<p><strong>France<\/strong><\/p>\n\n\n\n<p><a href=\"https:\/\/www.mediapart.fr\/journal\/france\/271121\/affaire-tapie-radiographie-d-une-escroquerie-au-coeur-de-l-etat\" target=\"_blank\" rel=\"noreferrer noopener\">Affaire Tapie : radiographie d\u2019une escroquerie au c\u0153ur de l\u2019\u00c9tat<\/a>&nbsp; (M\u00e9diapart)<\/p>\n\n\n\n<p><a href=\"https:\/\/www.mediapart.fr\/journal\/international\/271121\/congo-hold-des-entreprises-francaises-parmi-les-beneficiaires-d-un-possible-reseau-de-blanchiment\" target=\"_blank\" rel=\"noreferrer noopener\">Congo hold-up : des entreprises fran\u00e7aises b\u00e9n\u00e9ficiaires d\u2019un possible r\u00e9seau de blanchiment<\/a>&nbsp; (RFI) (M\u00e9diapart)<\/p>\n\n\n\n<p><a href=\"https:\/\/www.nextinpact.com\/article\/48992\/jungle-dans-fibre-optique-larcep-publie-son-plan-daction-et-montre-enfin-crocs\" target=\"_blank\" rel=\"noreferrer noopener\">Jungle dans la fibre optique : l\u2019Arcep publie son plan d\u2019action et montre (enfin) les crocs<\/a>&nbsp; (Next INpact)<\/p>\n\n\n\n<p><a href=\"https:\/\/redirection.b2b.infopro-digital.com\/lnk\/AV4AABZm6wUAAcXDzDYAAHnKuI0AAABZQTkAANzrAAwsSQBholmie2zfwx25S2evNTnnNYFhOQAMCy8\/44\/Qs4RGPKm5U_Z4n9msAjawg\/aHR0cHM6Ly93d3cudXNpbmUtZGlnaXRhbGUuZnIvYXJ0aWNsZS9hcmNlbG9ybWl0dGFsLWxhbmNlLWxlLXBsdXMtZ3Jvcy1yZXNlYXUtNWctaW5kdXN0cmllbC1mcmFuY2Fpcy1hdmVjLW9yYW5nZS5OMTE2MjI1NyN4dG9yPUVQUi02JmVtYWlsPW4uY2hldmlsbGFyZEBub29zLmZy#xtor=EPR-6&amp;email=n.chevillard@noos.fr\" target=\"_blank\" rel=\"noreferrer noopener\">ArcelorMittal lance le plus gros r\u00e9seau 5G industriel fran\u00e7ais avec Orange<\/a> (L\u2019Usine Digitale)<\/p>\n\n\n\n<p><a href=\"https:\/\/redirection.b2b.infopro-digital.com\/lnk\/AVoAABSm4HYAAcXDy1IAAHnKuI0AAABZQUUAANzvAAwsSQBhn9Ba_NyK1FegQWusJcFXwSEvZgAMCy8\/7\/DInGSlrPRtkwtX9B_w9vZw\/aHR0cHM6Ly93d3cudXNpbmVub3V2ZWxsZS5jb20vYXJ0aWNsZS9wb3VycXVvaS1sZXMtMTItcmFmYWxlLWQtb2NjYXNpb24tdmVuZHVzLWF1eC1jcm9hdGVzLWZvbnQtYXVzc2ktbGVzLWFmZmFpcmVzLWRlLWRhc3NhdWx0LWF2aWF0aW9uLk4xMTYzMTU3I3h0b3I9RVBSLTE2OSZlbWFpbD1uLmNoZXZpbGxhcmRAbm9vcy5mcg#xtor=EPR-169&amp;email=n.chevillard@noos.fr\" target=\"_blank\" rel=\"noreferrer noopener\">Pourquoi les 12 Rafale d\u2019occasion vendus aux Croates font aussi les affaires de Dassault Aviation<\/a> (L\u2019Usine Nouvelle)<\/p>\n\n\n\n<p><a href=\"https:\/\/redirection.b2b.infopro-digital.com\/lnk\/AVoAABSm4HYAAcXDy1IAAHnKuI0AAABZQUUAANzvAAwsSQBhn9Ba_NyK1FegQWusJcFXwSEvZgAMCy8\/17\/-jcUPsOiPsPC5Z2YWHid9Q\/aHR0cHM6Ly93d3cudXNpbmVub3V2ZWxsZS5jb20vYXJ0aWNsZS9jb21tZW50LWxhLWZpbGllcmUtYm9pcy1lc3BlcmUtb3JpZW50ZXItbGEtY29tbWFuZGUtcHVibGlxdWUtdmVycy1sZS1tYWRlLWluLWZyYW5jZS5OMTE2MjYxNyN4dG9yPUVQUi0xNjkmZW1haWw9bi5jaGV2aWxsYXJkQG5vb3MuZnI#xtor=EPR-169&amp;email=n.chevillard@noos.fr\" target=\"_blank\" rel=\"noreferrer noopener\">Comment la fili\u00e8re bois esp\u00e8re orienter la commande publique vers le made in France<\/a> (L\u2019Usine Nouvelle)<\/p>\n\n\n\n<p><a href=\"https:\/\/redirection.b2b.infopro-digital.com\/lnk\/AVoAABSm4HYAAcXDy1IAAHnKuI0AAABZQUUAANzvAAwsSQBhn9Ba_NyK1FegQWusJcFXwSEvZgAMCy8\/23\/BCH61As90Tyzbaj5OlTgow\/aHR0cHM6Ly93d3cudXNpbmVub3V2ZWxsZS5jb20vZWRpdG9yaWFsL2wtaW5zdGFudC10ZWNoLWNhbW91ZmxhZ2UtbGFzZXItYW50aWRyb25lLWxhbmNlLWEtaW5jZW5kaWUtY2lucS1pbm5vdmF0aW9ucy1hdS1wcm9maXQtZGVzLWFybWVlcy1mcmFuY2Fpc2VzLk4xMTYyNzA3I3h0b3I9RVBSLTE2OSZlbWFpbD1uLmNoZXZpbGxhcmRAbm9vcy5mcg#xtor=EPR-169&amp;email=n.chevillard@noos.fr\" target=\"_blank\" rel=\"noreferrer noopener\">Camouflage, laser antidrone, lance \u00e0 incendie&#8230; l&rsquo;innovation militaire s&rsquo;expose<\/a> (L\u2019Usine Nouvelle)<\/p>\n\n\n\n<p><a href=\"https:\/\/redirection.b2b.infopro-digital.com\/lnk\/AVoAABSm4HYAAcXDy1IAAHnKuI0AAABZQUUAANzvAAwsSQBhn9Ba_NyK1FegQWusJcFXwSEvZgAMCy8\/27\/NMEtKT7lfriZyqnRV8a2CA\/aHR0cHM6Ly93d3cudXNpbmVub3V2ZWxsZS5jb20vYXJ0aWNsZS91bmUtdXNpbmUtZW4tYXJpZWdlLXBvdXIta2lwcGl0LXNwZWNpYWxpc3RlLXRvdWxvdXNhaW4tZGUtbC1lbGVjdHJvbWVuYWdlci1kdXJhYmxlLk4xMTYyNzQyI3h0b3I9RVBSLTE2OSZlbWFpbD1uLmNoZXZpbGxhcmRAbm9vcy5mcg#xtor=EPR-169&amp;email=n.chevillard@noos.fr\" target=\"_blank\" rel=\"noreferrer noopener\">Une usine en Ari\u00e8ge pour Kippit, sp\u00e9cialiste toulousain de l&rsquo;\u00e9lectrom\u00e9nager durable<\/a> (L\u2019Usine Nouvelle)<\/p>\n\n\n\n<p><a href=\"https:\/\/www.agenceecofin.com\/operateur\/2511-93438-stephane-richard-quitte-son-poste-de-pdg-du-groupe-orange-apres-sa-condamnation-a-un-an-de-prison-avec-sursis\">St\u00e9phane Richard quitte son poste de PDG du groupe Orange apr\u00e8s sa condamnation<\/a> (Ecofin)<\/p>\n\n\n\n<p><a href=\"https:\/\/blogs.mediapart.fr\/jean-marc-b\/blog\/261121\/toujours-plus-de-misere-et-plus-de-profits\">Toujours plus de mis\u00e8re et plus de profits <\/a>(Macron Watch)<\/p>\n\n\n\n<p><strong>Monde<\/strong><\/p>\n\n\n\n<p><a href=\"https:\/\/www.equaltimes.org\/retournes-et-jetes-en-masse-le?lang=fr#.YaCzgoiMIlE.twitter\" target=\"_blank\" rel=\"noreferrer noopener\">Retourn\u00e9s et jet\u00e9s en masse : le co\u00fbt cach\u00e9 des produits du consum\u00e9risme mondial&nbsp;<\/a> (Equal Times)<\/p>\n\n\n\n<p><a href=\"https:\/\/reporterre.net\/Au-Chili-tout-pour-le-lithium-au-detriment-de-l-environnement\" target=\"_blank\" rel=\"noreferrer noopener\">Au Chili, tout pour le lithium, au d\u00e9triment de l&rsquo;environnement<\/a>&nbsp; (Reporterre)<\/p>\n\n\n\n<p><a href=\"https:\/\/www.humanite.fr\/capitalisme-augmente-facebook-nous-precipite-dans-la-matrice-728660#xtor=RSS-1\" target=\"_blank\" rel=\"noreferrer noopener\">Capitalisme augment\u00e9. Facebook nous pr\u00e9cipite dans la matrice<\/a>&nbsp; (L\u2019Humanit\u00e9)<\/p>\n\n\n\n<p><a href=\"https:\/\/www.humanite.fr\/facebook-logre-too-big-crash-728624#xtor=RSS-1\" target=\"_blank\" rel=\"noreferrer noopener\">Facebook, l\u2019ogre \u00ab too big to crash \u00bb ?<\/a>&nbsp; (L\u2019Humanit\u00e9)<\/p>\n\n\n\n<p><a href=\"https:\/\/www.humanite.fr\/metavers-lextension-du-domaine-du-capitalisme-de-surveillance-728639#xtor=RSS-1\" target=\"_blank\" rel=\"noreferrer noopener\">M\u00e9tavers, \u00ab l\u2019extension du domaine du capitalisme de surveillance \u00bb<\/a>&nbsp; (L\u2019Humanit\u00e9)<\/p>\n\n\n\n<p><a href=\"https:\/\/www.humanite.fr\/internet-le-cloud-lautre-emprise-des-gafam-sur-le-monde-728570#xtor=RSS-1\" target=\"_blank\" rel=\"noreferrer noopener\">Internet. Le Cloud, l&rsquo;autre emprise des Gafam sur le monde<\/a>&nbsp; (L\u2019Humanit\u00e9)<\/p>\n\n\n\n<p><a href=\"https:\/\/www.frustrationmagazine.fr\/biden-capitalisme\/\" target=\"_blank\" rel=\"noreferrer noopener\">Aux Etats-Unis, Capitalisme 1, Biden 0<\/a>&nbsp; (Frustration)<\/p>\n\n\n\n<p><a href=\"https:\/\/redirection.b2b.infopro-digital.com\/lnk\/AV4AABZm6wUAAcXDzDYAAHnKuI0AAABZQTkAANzrAAwsSQBholmie2zfwx25S2evNTnnNYFhOQAMCy8\/48\/Gw3CPZFpISk_w_xDXGmHhQ\/aHR0cHM6Ly93d3cudXNpbmUtZGlnaXRhbGUuZnIvYXJ0aWNsZS9sLWluZHVzdHJpZS1hbWVyaWNhaW5lLW5lLXMtZXN0LWphbWFpcy1hdXRhbnQtYXV0b21hdGlzZWUuTjExNjIwMjcjeHRvcj1FUFItNiZlbWFpbD1uLmNoZXZpbGxhcmRAbm9vcy5mcg#xtor=EPR-6&amp;email=n.chevillard@noos.fr\" target=\"_blank\" rel=\"noreferrer noopener\">L&rsquo;industrie am\u00e9ricaine ne s&rsquo;est jamais autant automatis\u00e9e<\/a> (L\u2019Usine Digitale)<\/p>\n\n\n\n<p><a href=\"https:\/\/www.boursorama.com\/bourse\/actualites\/wall-street-finit-dans-le-rouge-avec-les-inquietudes-liees-au-variant-fcbe05cd0af2e68efe08dbb6ae123c1e\">Wall Street finit dans le rouge avec les inqui\u00e9tudes li\u00e9es au variant<\/a> (Reuters)<\/p>\n\n\n\n<p> <strong><span style=\"color:#f21520\" class=\"has-inline-color\">26 novembre en continu<\/span><\/strong><\/p>\n\n\n\n<p><strong>France<\/strong><\/p>\n\n\n\n<p><a href=\"https:\/\/www.boursorama.com\/actualite-economique\/actualites\/relocalisation-des-cycles-mercier-le-pdg-depose-plainte-et-maintient-son-projet-39ede82248d6147879ee430c2de63c9d\">Relocalisation des Cycles Mercier : le PDG d\u00e9pose plainte et maintient son projet<\/a> (AFP)<\/p>\n\n\n\n<p><a href=\"https:\/\/www.boursorama.com\/videos\/actualites\/la-reconquete-du-nucleaire-civil-la-france-a-la-recherche-de-sa-grandeur-passee-e25fbee7a9b0c6754380050bd3ddc64e\">La reconqu\u00eate du nucl\u00e9aire civil : la France \u00e0 la recherche de sa grandeur pass\u00e9e<\/a> (France 24)<\/p>\n\n\n\n<p><a href=\"https:\/\/www.boursorama.com\/actualite-economique\/actualites\/fermeture-enterinee-de-la-sam-sous-traitant-de-renault-les-salaries-occupent-l-usine-4dafda9db2e1730e2621a840164fa767\">Fermeture ent\u00e9rin\u00e9e de la SAM, sous-traitant de Renault, les salari\u00e9s occupent l&rsquo;usine<\/a> (AFP)<\/p>\n\n\n\n<p><a href=\"https:\/\/www.mediapart.fr\/journal\/economie\/261121\/black-friday-amazon-tire-vers-le-bas-les-conditions-de-travail-dans-tout-le-secteur\">\u00ab&nbsp;Amazon tire vers le bas les conditions de travail dans tout le secteur&nbsp;\u00bb<\/a> (M\u00e9diapart)<\/p>\n\n\n\n<p><a href=\"https:\/\/www.mediapart.fr\/journal\/economie\/261121\/chez-amazon-l-interim-c-est-toute-l-annee\">Chez le g\u00e9ant de l\u2019e-commerce, l\u2019int\u00e9rim, c\u2019est toute l\u2019ann\u00e9e<\/a> (M\u00e9diapart)<\/p>\n\n\n\n<p><a href=\"https:\/\/www.rue89strasbourg.com\/plus-gros-beneficiaires-alsaciens-pac-221508\" target=\"_blank\" rel=\"noreferrer noopener\">Qui sont les plus gros b\u00e9n\u00e9ficiaires de la PAC en Alsace ?<\/a>&nbsp; (Rue89 Strasbourg)<\/p>\n\n\n\n<p><a href=\"https:\/\/info.alternatives-economiques.fr\/optiext\/optiextension.dll?ID=MefMhd_AeuE5KEdCOGuInSyaumkKVnKLXVYWb8PtBR4gYFR2U8RI0jD14QWWLQJqOkimEtcvLz44GMa6Xola%2BxcrMCnwY\" target=\"_blank\" rel=\"noreferrer noopener\">Grande S\u00e9cu&nbsp;: trois le\u00e7ons d\u2019une dr\u00f4le de proposition<\/a> (Alter \u00e9co)<\/p>\n\n\n\n<p><strong>Monde<\/strong><\/p>\n\n\n\n<p><a href=\"https:\/\/www.boursorama.com\/actualite-economique\/actualites\/usa-les-detaillants-optimistes-les-achats-de-fin-d-annee-ont-pris-de-l-avance-d7cf645bc06c847e1d17b10842dbb3cc\"><strong>USA<\/strong> : les d\u00e9taillants optimistes, les achats de fin d&rsquo;ann\u00e9e ont pris de l&rsquo;avance<\/a> (AFP)<\/p>\n\n\n\n<p><a href=\"https:\/\/www.boursorama.com\/actualite-economique\/actualites\/nouveau-variant-du-covid-19-les-cours-du-petrole-s-effondrent-48d66897f333be108fe7fdd86827a104\">Nouveau variant du Covid-19 : les cours du p\u00e9trole s&rsquo;effondrent<\/a> (Boursorama)<\/p>\n\n\n\n<p><a href=\"https:\/\/www.boursorama.com\/videos\/actualites\/cours-des-cereales-les-emeutes-de-la-faim-pourraient-revenir-7897ddc42c093931e6c69421c61318ce\">Cours des c\u00e9r\u00e9ales : \u00ab\u00a0Les \u00e9meutes de la faim pourraient revenir\u00a0\u00bb<\/a> (France 24)<\/p>\n\n\n\n<p><a href=\"https:\/\/www.boursorama.com\/actualite-economique\/actualites\/italie-sanction-de-20-millions-d-euros-contre-google-et-apple-498a7fb82ceaded9bb61f6b9f2c3c2d1\"><strong>Italie<\/strong> : sanction de 20 millions d&rsquo;euros contre Google et Apple<\/a> (AFP)<\/p>\n\n\n\n<p><a href=\"https:\/\/www.boursorama.com\/videos\/actualites\/geants-du-numerique-l-europe-tente-de-les-dompter-5231674cae2ecbf13eee1e0452fb5fd4\">G\u00e9ants du num\u00e9rique : l&rsquo;<strong>Europe<\/strong> tente de les dompter<\/a> (France 24)<\/p>\n\n\n\n<p><a href=\"https:\/\/www.boursorama.com\/videos\/actualites\/orcades-l-archipel-du-renouvelable-5e6f8d3283b78ab78bfacafd06a9b98b\"><strong>Orcades<\/strong> : l\u2019archipel du renouvelable<\/a> (France 24)<\/p>\n\n\n\n<p><a href=\"https:\/\/www.boursorama.com\/actualite-economique\/actualites\/fret-maritime-inflation-tension-logistique-et-benefices-records-bff703db2915e0077fb094d5910e2b5c\">Fret maritime&nbsp;: inflation, tension logistique et b\u00e9n\u00e9fices records<\/a> (Le Point)<\/p>\n\n\n\n<p><a href=\"http:\/\/french.china.org.cn\/business\/txt\/2021-11\/25\/content_77893482.htm\">La <strong>Chine<\/strong> s&rsquo;oppose fermement aux sanctions am\u00e9ricaines contre 12 entreprises chinoises<\/a> (China)<\/p>\n\n\n\n<p><a href=\"http:\/\/french.china.org.cn\/business\/txt\/2021-11\/25\/content_77892617.htm\">Les b\u00e9n\u00e9fices des entreprises d&rsquo;Etat chinoises en hausse de 47,6% de janvier \u00e0 octobre<\/a>&nbsp; (China)<\/p>\n\n\n\n<p><a href=\"https:\/\/reporterre.net\/Batteries-la-ruee-vers-le-lithium-a-commence-23992\">Batteries&nbsp;: la ru\u00e9e vers le lithium a commenc\u00e9<\/a> (Reporterre)<\/p>\n\n\n\n<figure class=\"wp-block-image size-full is-resized is-style-default\"><img data-recalc-dims=\"1\" loading=\"lazy\" decoding=\"async\" src=\"https:\/\/i0.wp.com\/www.rdpemancipation.org\/wp-content\/uploads\/2021\/11\/arton23992-f7a35.jpeg?resize=393%2C262&#038;ssl=1\" alt=\"\" class=\"wp-image-59049\" width=\"393\" height=\"262\" srcset=\"https:\/\/i0.wp.com\/www.rdpemancipation.org\/wp-content\/uploads\/2021\/11\/arton23992-f7a35.jpeg?w=720&amp;ssl=1 720w, https:\/\/i0.wp.com\/www.rdpemancipation.org\/wp-content\/uploads\/2021\/11\/arton23992-f7a35.jpeg?resize=300%2C200&amp;ssl=1 300w\" sizes=\"auto, (max-width: 393px) 100vw, 393px\" \/><\/figure>\n\n\n\n<p><strong>Analyse<\/strong><\/p>\n\n\n\n<p><a href=\"https:\/\/blogs.mediapart.fr\/mouais-le-journal-dubitatif\/blog\/261121\/le-capitalisme-est-un-utopisme-et-il-fonctionne\">Le capitalisme est un utopisme (et il fonctionne)<\/a> (Mouais, le journal dubitatif)<\/p>\n\n\n\n<p><a href=\"https:\/\/www.humanite.fr\/black-friday-le-commerce-facteur-de-rechauffement-climatique-728952#xtor=RSS-1\" target=\"_blank\" rel=\"noreferrer noopener\">Black Friday. L\u2019e-commerce, facteur de r\u00e9chauffement climatique<\/a>&nbsp; (L\u2019Humanit\u00e9)<\/p>\n\n\n\n<p><strong><span style=\"color:#f21520\" class=\"has-inline-color\">25 novembre en continu<\/span><\/strong><\/p>\n\n\n\n<p><strong>France<\/strong><\/p>\n\n\n\n<p><a href=\"https:\/\/www.boursorama.com\/actualite-economique\/actualites\/la-croatie-a-signe-le-contrat-d-achat-de-12-rafale-d-occasion-aba98feada96d53471d63c0b24c56ef9\">La Croatie a sign\u00e9 le contrat d&rsquo;achat de 12 Rafale d&rsquo;occasion<\/a> (AFP)<\/p>\n\n\n\n<p><a href=\"https:\/\/www.boursorama.com\/actualite-economique\/actualites\/nette-baisse-du-nombre-de-chomeurs-en-categorie-a-en-octobre-c40bcbec3b46fe9b51ddeb9e72471e2b\">Baisse du nombre de ch\u00f4meurs en cat\u00e9gorie A en octobre<\/a> (Boursorama)<\/p>\n\n\n\n<p><a href=\"https:\/\/www.boursorama.com\/actualite-economique\/actualites\/la-foret-est-notre-avenir-les-employes-de-l-onf-reclament-des-bras-et-une-vision-fa95a083e3364848b97a1dde39db5c44\">\u00ab\u00a0La for\u00eat est notre avenir\u00a0\u00bb: les employ\u00e9s de l&rsquo;ONF r\u00e9clament des bras et une vision<\/a> (AFP)<\/p>\n\n\n\n<p><a href=\"https:\/\/www.boursorama.com\/videos\/actualites\/la-5eme-vague-du-covid-menace-t-elle-la-reprise-economique-3bafa1bd3026feaaceb3af0dd73d2cbb\">La 5\u00e8me vague du Covid menace-t-elle la reprise \u00e9conomique ?<\/a> (Ecorama)<\/p>\n\n\n\n<p><a href=\"https:\/\/www.boursorama.com\/actualite-economique\/actualites\/faut-il-avoir-peur-de-l-inflation-7aa460557cf5da830d841ed019acbad1\">Faut-il avoir peur de l&rsquo;inflation ?<\/a> (AFP)<\/p>\n\n\n\n<p><a href=\"https:\/\/www.boursorama.com\/actualite-economique\/actualites\/contrefacon-les-deputes-votent-un-texte-pour-tenter-de-faire-face-f6e2eb7dcdfc01e1082e8243d9c87add\">Contrefa\u00e7on : les d\u00e9put\u00e9s votent un texte pour tenter de faire face<\/a> (AFP)<\/p>\n\n\n\n<p><a href=\"https:\/\/www.boursorama.com\/actualite-economique\/actualites\/en-2019-4-3-milliards-d-euros-de-produits-industriels-non-alimentaires-invendus-dedc96fc9282bb8815fec2acabdba43f\">En 2019, 4,3 milliards \u20ac de produits industriels non alimentaires invendus<\/a> (Boursorama)<\/p>\n\n\n\n<p><a href=\"https:\/\/redirection.b2b.infopro-digital.com\/lnk\/AUkAAERre-4AAcXDyzoAAHnKuI0AAABZQUUAIBL0AAwsSQBhn6hiTcvgFaFRQY2qRG0YDl4iTgAMCy8\/10\/XKCk9XU3xGip7vVZonuwCw\/aHR0cHM6Ly93d3cudXNpbmVub3V2ZWxsZS5jb20vYXJ0aWNsZS9yZW5hdWx0LXJlZnVzZS1kZS1zb3V0ZW5pci1sZS1zZXVsLXByb2pldC1kZS1yZXByaXNlLWRlLWxhLWZvbmRlcmllLWF2ZXlyb25uYWlzZS1zYW0uTjExNjI1ODc\" target=\"_blank\" rel=\"noreferrer noopener\">Renault refuse de soutenir le seul projet de reprise de SAM<\/a> (L\u2019Usine nouvelle)<\/p>\n\n\n\n<p><a href=\"https:\/\/redirection.b2b.infopro-digital.com\/lnk\/AUkAAERre-4AAcXDyzoAAHnKuI0AAABZQUUAIBL0AAwsSQBhn6hiTcvgFaFRQY2qRG0YDl4iTgAMCy8\/9\/QeheilY1NYbbsFRECO-Kog\/aHR0cHM6Ly93d3cudXNpbmVub3V2ZWxsZS5jb20vYXJ0aWNsZS92YWxsb3VyZWMtdmV1dC1jZWRlci1zYS1wcm9kdWN0aW9uLWRlLXR1YmVzLWluZHVzdHJpZWxzLWVuLWFsbGVtYWduZS1ldC1kZWxvY2FsaXNlLWxlcy10dWJlcy1wb3VyLWwtZW5lcmdpZS1hdS1icmVzaWwuTjExNjEwMjI\" target=\"_blank\" rel=\"noreferrer noopener\">Vallourec d\u00e9localise sa production de tubes d&rsquo;Allemagne au Br\u00e9sil<\/a> (L\u2019Usine nouvelle)<\/p>\n\n\n\n<p><strong><a href=\"https:\/\/linsoumission.fr\/2021\/11\/23\/scandale-lrem-lr-rn-offrent-la-pac-aux-lobbys-agro-industriels\/\">Scandale : LREM, LR &amp; RN offrent les 270 milliards de la PAC aux lobbys agro-industriels<\/a> (L\u2019Insoumission)<\/strong> <\/p>\n\n\n\n<figure class=\"wp-block-image size-full is-resized is-style-default\"><img data-recalc-dims=\"1\" loading=\"lazy\" decoding=\"async\" src=\"https:\/\/i0.wp.com\/www.rdpemancipation.org\/wp-content\/uploads\/2021\/11\/Capture-decran-2021-11-23-a-17.59.12-1024x574-1-768x431-1.png?resize=577%2C324&#038;ssl=1\" alt=\"\" class=\"wp-image-58915\" width=\"577\" height=\"324\" srcset=\"https:\/\/i0.wp.com\/www.rdpemancipation.org\/wp-content\/uploads\/2021\/11\/Capture-decran-2021-11-23-a-17.59.12-1024x574-1-768x431-1.png?w=768&amp;ssl=1 768w, https:\/\/i0.wp.com\/www.rdpemancipation.org\/wp-content\/uploads\/2021\/11\/Capture-decran-2021-11-23-a-17.59.12-1024x574-1-768x431-1.png?resize=300%2C168&amp;ssl=1 300w\" sizes=\"auto, (max-width: 577px) 100vw, 577px\" \/><\/figure>\n\n\n\n<p><a href=\"https:\/\/theconversation.com\/limmigration-un-levier-de-croissance-et-dinnovation-mal-active-en-france-172326\">L\u2019immigration, un levier de croissance et d\u2019innovation mal activ\u00e9 en France<\/a> (The Conversation)&nbsp;<\/p>\n\n\n\n<p><a href=\"https:\/\/www.capital.fr\/economie-politique\/reglementation-europeenne-ca-ne-sent-pas-bon-pour-les-huiles-essentielles-de-lavande-1410998\">R\u00e8glementation europ\u00e9enne: \u00e7a ne sent pas bon pour huiles essentielles de lavande<\/a>&nbsp;(Capitall)<\/p>\n\n\n\n<p><a href=\"https:\/\/www.xerficanal.com\/economie\/emission\/Alexandre-Mirlicourtois-Ralentissement-durable-de-la-croissance-chinoise-les-pays-menaces_3750169.html?utm_source=sendinblue&amp;utm_campaign=XC231121&amp;utm_medium=email\">Ralentissement durable de la croissance chinoise : les pays menac\u00e9s<\/a>&nbsp;(Xerfi Canal)<\/p>\n\n\n\n<p><strong>Monde <\/strong><\/p>\n\n\n\n<p><a href=\"https:\/\/www.boursorama.com\/actualite-economique\/actualites\/la-bce-doit-conserver-des-marges-de-manoeuvre-apres-decembre-selon-un-compte-rendu-7628d7766289ac4976a010816d296fb4\">La BCE doit conserver des marges de manoeuvre apr\u00e8s d\u00e9cembre<\/a> (Reuters)<\/p>\n\n\n\n<p><a href=\"https:\/\/www.boursorama.com\/actualite-economique\/actualites\/allemagne-la-croissance-du-pib-au-t3-revue-en-baisse-a-1-7-835532b4f0ad8584c1cbd91e1911d783\">Allemagne : La croissance du PIB au T3 revue en baisse \u00e0 1,7%<\/a> (Reuters)<\/p>\n\n\n\n<p><a href=\"https:\/\/www.connaissancedesenergies.org\/afp\/les-emissions-de-co2-de-la-chine-ont-recule-au-3e-trimestre-211125\">Les \u00e9missions de CO2 de la Chine ont recul\u00e9 au 3e trimestre<\/a> (AFP)<\/p>\n\n\n\n<p><a href=\"https:\/\/redirection.b2b.infopro-digital.com\/lnk\/AUkAAERre-4AAcXDyzoAAHnKuI0AAABZQUUAIBL0AAwsSQBhn6hiTcvgFaFRQY2qRG0YDl4iTgAMCy8\/6\/8Y_fsrexVWX8QMXfDPVmQg\/aHR0cHM6Ly93d3cudXNpbmVub3V2ZWxsZS5jb20vYXJ0aWNsZS9sZXMtZXRhdHMtdW5pcy1wdWlzZW50LWRhbnMtbGV1cnMtcmVzZXJ2ZXMtZGUtcGV0cm9sZS1wb3VyLWZhaXJlLXByZXNzaW9uLXN1ci1sLW9wZXAuTjExNjI0Nzc\" target=\"_blank\" rel=\"noreferrer noopener\">Comment la hausse des cours du p\u00e9trole a r\u00e9ussi \u00e0 r\u00e9concilier la Chine et les USA<\/a> (L\u2019Usine nouvelle)<\/p>\n\n\n\n<p><a href=\"https:\/\/insolentiae.com\/japon-encore-un-plan-de-relance-a-430-milliards-deuros\/\">Japon encore un plan de relance \u00e0 430 milliards d\u2019euros<\/a>&nbsp;(Insolentiae)<\/p>\n\n\n\n<p><a href=\"https:\/\/www.latribune.fr\/depeches\/reuters\/KBN2I90DR\/le-premier-ministre-japonais-confirme-l-utilisation-des-reserves-de-petrole-a-la-demande-des-etats-unis.html\">Premier ministre japonais confirme l&rsquo;utilisation des r\u00e9serves de p\u00e9trole \u00e0 la demande des \u00c9tats-Unis<\/a>&nbsp;(La tribune)<\/p>\n\n\n\n<p><a href=\"https:\/\/www.boursorama.com\/actualite-economique\/actualites\/samsung-va-construire-une-usine-de-puces-au-texas-pour-17-milliards-de-dollars-44f4179f9749a16557f9c3a6bcb4d431\">Samsung va construire une usine de puces au Texas, pour 17 milliards de dollars<\/a> (AFP)<\/p>\n\n\n\n<p><a href=\"https:\/\/www.investir.ch\/article\/la-fed-confrontee-a-une-inflation-plus-diffuse\/\">La Fed confront\u00e9e \u00e0 une inflation plus diffuse<\/a>&nbsp;(Investir)<\/p>\n\n\n\n<p><a href=\"https:\/\/lesakerfrancophone.fr\/voici-pourquoi-les-problemes-de-la-chaine-dapprovisionnement-americaine-ne-feront-que-saggraver\">Les probl\u00e8mes de la cha\u00eene d\u2019approvisionnement am\u00e9ricaine ne feront que s\u2019aggraver<\/a>&nbsp;(Saker francophone)<\/p>\n\n\n\n<p><strong>Analyse<\/strong><\/p>\n\n\n\n<p><a href=\"https:\/\/lvsl.fr\/Le%20n\u00e9olib\u00e9ralise%20a%20gagn\u00e9%20le%20sens%20commun&nbsp;;%20entretien\">Le n\u00e9olib\u00e9ralise a gagn\u00e9 le sens commun&nbsp;; entretien<\/a> (LVSL)<\/p>\n\n\n\n<p><a href=\"https:\/\/u7061146.ct.sendgrid.net\/ls\/click?upn=4tNED-2FM8iDZJQyQ53jATUSfB-2BL51ixBaP4WP8SRR3zvfGvShdX9JaKk8lEputf0W7Ro9DB7v36EOfmdzOmynkjV-2FrXERnQs0kCmYPSHuLMw-3DATHC_9lJWQoRg-2BKaa3KSkJQTCZvagMEBZxhyko68STv2neD2gYTx8FoTkEltdchO0XuhCN1oOkxe4jWgCw4hLhfRrWyuXw3iUix-2FUA302CepC3qb7Hn-2Fd4P4JZE4PpJPW6PAMsUJK3bRbhIpYYJPpjzERP953AJ4IKMNhNRoZCRC3lS-2FW7QunNUog2QsSHCmcdGgjBTet5CY9yL9aabFfBPJX5gd6I8-2FjCH4THtrXc6FOliK1ug7ksGEa9BhvvfUjk09nHjJ-2BE7tFWH-2Bf2KKvADu87QRWH-2BTPb2EX2oMwiRNFirk5P7BIyOngg5iDDFahbXZhTMKwHerl4rzPEkLHlwqYCDdXDCgjN2KVpJ0XJkmkA6c-3D\" target=\"_blank\" rel=\"noreferrer noopener\">COVID-19 et bien-\u00eatre &#8211; La vie en temps de pand\u00e9mie<\/a> &nbsp;(OCDE, rapport)<\/p>\n\n\n\n<p><a href=\"https:\/\/info.alternatives-economiques.fr\/optiext\/optiextension.dll?ID=rZYrZdEjTmYfPsLSR1ZytExUBwR7YGG6_cqSBCDAblbk7ihHzNH_qqIoI%2BHb%2BXx8%2BmDuN66wNThZbxmyRolEih5QCEWPm\" target=\"_blank\" rel=\"noreferrer noopener\">USA, le grand ras-le-bol des salari\u00e9s am\u00e9ricains<\/a> &nbsp;(Alter \u00e9co)<\/p>\n\n\n\n<p><a href=\"http:\/\/cadtm.org\/Video-Eric-Coquerel-Le-patrimoine-de-la-France-est-tellement-enorme-que-la\">Coquerel : Le patrimoine de la France tellement \u00e9norme que la dette ne mettra pas en danger le pays<\/a> (CADTM)<\/p>\n\n\n\n<p><a href=\"https:\/\/www.latribune.fr\/economie\/international\/etats-unis-l-inflation-a-un-niveau-jamais-vu-depuis-30-ans-ne-durera-pas-prophetise-janet-yellen-896995.html\">L&rsquo;inflation am\u00e9ricaine ne durera pas, proph\u00e9tise sereinement Janet Yellen<\/a>&nbsp; (La tribune)<\/p>\n\n\n\n<p><a href=\"https:\/\/tendanceclaire.org\/breve.php?id=40023\">Euro : l\u2019origine du mal<\/a> (vid\u00e9o Blast)<\/p>\n\n\n\n<p> <strong><span style=\"color:#f21520\" class=\"has-inline-color\">24 novembre en continu<\/span><\/strong> <\/p>\n\n\n\n<p><strong>France<\/strong><\/p>\n\n\n\n<p>AFFAIRE KOHLER &#8211; <a href=\"https:\/\/www.mediapart.fr\/journal\/economie\/231121\/la-note-qui-relance-l-affaire-kohler\">La note qui relance l&rsquo;enqu\u00eate<\/a><\/p>\n\n\n\n<p><a href=\"https:\/\/www.mediapart.fr\/journal\/france\/231121\/alexis-kohler-un-secretaire-general-de-l-elysee-cerne-par-deux-affaires\">Un secr\u00e9taire g\u00e9n\u00e9ral de l\u2019\u00c9lys\u00e9e cern\u00e9 par deux affaires<\/a> (M\u00e9diapart)<\/p>\n\n\n\n<p><a href=\"https:\/\/info.alternatives-economiques.fr\/optiext\/optiextension.dll?ID=z76z_f13lqyQo%2B3PVspdwTouQGqbWUHcmBn%2BLJk0XeOcnzrjqwxDiATijlagqu_7j6TpEDnyGFMbZCCv9%2BIWNIgr_QSbv\" target=\"_blank\" rel=\"noreferrer noopener\">A quoi servirait une grande S\u00e9cu&nbsp;?<\/a> (Alter \u00e9co)<\/p>\n\n\n\n<p><a href=\"https:\/\/www.boursorama.com\/actualite-economique\/actualites\/lgv-sud-ouest-a-bordeaux-le-ps-et-la-droite-s-unissent-pour-dire-oui-au-projet-0b0be8758e4705c730a830e1ab4a7a0a\">LGV Sud-Ouest : \u00e0 Bordeaux, le PS et la droite s&rsquo;unissent pour dire oui au projet<\/a> (AFP)<\/p>\n\n\n\n<p><a href=\"https:\/\/www.boursorama.com\/videos\/actualites\/pres-de-paris-une-entreprise-recycle-les-dechets-des-restaurants-30b498d06b615586d90e1c7a9c2edc25\">Pr\u00e8s de Paris, une entreprise recycle les d\u00e9chets des restaurants<\/a> (AFP vid\u00e9o)<\/p>\n\n\n\n<p><a href=\"https:\/\/www.boursorama.com\/actualite-economique\/actualites\/arbitrage-tapie-credit-lyonnais-quatre-hommes-condamnes-dont-le-patron-d-orange-0afec007bb0a4080a4f9d6cf7a9bf291\">Arbitrage Tapie\/Cr\u00e9dit Lyonnais : 4 hommes condamn\u00e9s dont le patron d&rsquo;Orange<\/a> (AFP)<\/p>\n\n\n\n<p><a href=\"https:\/\/www.mediapart.fr\/journal\/france\/241121\/affaire-tapie-l-escroquerie-enfin-reconnue\">Affaire Tapie&nbsp;: l\u2019escroquerie enfin reconnue<\/a> (M\u00e9diapart)<\/p>\n\n\n\n<p><a href=\"https:\/\/www.mediapart.fr\/journal\/economie\/241121\/bataille-de-milliardaires-autour-de-la-provence\">Bataille de milliardaires autour de \u00ab&nbsp;La Provence&nbsp;\u00bb<\/a> (M\u00e9diapart)<\/p>\n\n\n\n<p><a href=\"https:\/\/www.boursorama.com\/videos\/actualites\/quelles-sont-les-banques-les-plus-systemiques-1d7f019f43c5a6711894a55ef1ce6b54\">Quelles sont les banques les plus \u00ab syst\u00e9miques \u00bb ?<\/a> (Ecorama)<\/p>\n\n\n\n<p><a href=\"https:\/\/www.boursorama.com\/actualite-economique\/actualites\/ferroviaire-alstom-va-vendre-a-l-espagnol-caf-son-site-de-reichshoffen-b6cd476bae584ea1272bc48ce8c53222\">Ferroviaire : Alstom va vendre \u00e0 l&rsquo;espagnol CAF son site de Reichshoffen<\/a> (AFP)<\/p>\n\n\n\n<p><a href=\"https:\/\/www.boursorama.com\/actualite-economique\/actualites\/france-le-climat-des-affaires-poursuit-sa-progression-en-novembre-selon-l-insee-2e588e5aacae37d1dedcbd0be104286a\">Le climat des affaires poursuit sa progression en novembre, selon l&rsquo;Insee<\/a> (AFP)<\/p>\n\n\n\n<p><a href=\"https:\/\/www.boursorama.com\/actualite-economique\/actualites\/sideration-et-colere-des-salaries-de-la-sam-laches-par-renault-a46d5127767163aaf630dee5c9b95ec4\">Sid\u00e9ration et col\u00e8re des salari\u00e9s de la SAM l\u00e2ch\u00e9s par Renault<\/a> (AFP)<\/p>\n\n\n\n<p><a href=\"https:\/\/www.boursorama.com\/actualite-economique\/actualites\/bercy-aide-l-indien-electro-steel-a-arles-au-grand-dam-de-la-lorraine-eb66d8cb656bd299526a2d0e07b254c9\">Bercy aide l&rsquo;Indien Electro Steel \u00e0 Arles, au grand dam de la Lorraine<\/a> (AFP)<\/p>\n\n\n\n<p><strong>Monde<\/strong><\/p>\n\n\n\n<p><a href=\"https:\/\/www.connaissancedesenergies.org\/afp\/royaume-uni-volee-de-critiques-contre-le-gouvernement-apres-les-faillites-denergeticiens-211124\">Royaume-Uni : critiques contre le gouvernement apr\u00e8s les faillites d&rsquo;\u00e9nerg\u00e9ticiens<\/a> (AFP)<\/p>\n\n\n\n<p><a href=\"https:\/\/www.connaissancedesenergies.org\/afp\/le-geant-italien-enel-va-investir-170-milliards-deuros-dans-la-transition-verte-dici-2030-211124\">L\u2019italien Enel va investir 170 milliards \u20ac dans la transition \u00ab verte \u00bb d&rsquo;ici 2030<\/a> (AFP)<\/p>\n\n\n\n<p><a href=\"https:\/\/www.boursorama.com\/actualite-economique\/actualites\/etats-unis-hausse-plus-forte-que-prevu-de-la-consommation-des-menages-en-octobre-43a1d78a5ec835eee60dbaaad2e022a4\">Etats-Unis : Hausse plus forte que pr\u00e9vu de la consommation en octobre<\/a> (Reuters)<\/p>\n\n\n\n<p><a href=\"https:\/\/www.boursorama.com\/actualite-economique\/actualites\/etats-unis-la-croissance-du-3e-trimestre-revisee-a-2-1-en-rythme-annualise-1fd404865484f3dc98c803acd9235cba\">Etats-Unis : La croissance du T3 r\u00e9vis\u00e9e \u00e0 2,1% en rythme annualis\u00e9<\/a> (Reuters)<\/p>\n\n\n\n<p><a href=\"https:\/\/www.boursorama.com\/actualite-economique\/actualites\/etats-unis-recul-des-inscriptions-au-chomage-a-199-000-d3f1bef7bfb1c1ffabdf85f3be139f6d\">Etats-Unis : Recul des inscriptions au ch\u00f4mage \u00e0 199.000<\/a> (Reuters)<\/p>\n\n\n\n<p><a href=\"https:\/\/www.boursorama.com\/actualite-economique\/actualites\/la-bce-veut-empecher-la-mauvaise-inflation-de-devenir-dangereuse-aa3a99fe555e4a85155c462db215bd83\">La BCE veut emp\u00eacher la \u00ab\u00a0mauvaise\u00a0\u00bb inflation de devenir \u00ab\u00a0dangereuse\u00a0\u00bb<\/a> (AFP)<\/p>\n\n\n\n<p><a href=\"https:\/\/www.connaissancedesenergies.org\/afp\/la-russie-table-sur-un-excedent-budgetaire-en-2022-211124\">La Russie table sur un exc\u00e9dent budg\u00e9taire en 2022<\/a> (AFP)<\/p>\n\n\n\n<p><a href=\"https:\/\/www.connaissancedesenergies.org\/afp\/les-pays-africains-producteurs-de-gaz-et-de-petrole-nentendent-pas-renoncer-aux-energies-fossiles-211124\">Les pays africains producteurs d\u2019hydrocarbures n&rsquo;entendent pas y renoncer <\/a>&nbsp;(AFP)<\/p>\n\n\n\n<p><a href=\"https:\/\/www.boursorama.com\/actualite-economique\/actualites\/allemagne-le-climat-des-affaires-continue-de-se-degrader-91b4341a302223386d90ec34bcc714ad\">Allemagne : Le climat des affaires continue de se d\u00e9grader<\/a> (Reuters)<\/p>\n\n\n\n<p><a href=\"https:\/\/www.boursorama.com\/actualite-economique\/actualites\/petrole-pekin-se-joint-a-l-initiative-americaine-pour-peser-sur-les-prix-c1e2bf985e5e8d2f4d205f6b21fecd1a\">P\u00e9trole : P\u00e9kin se joint \u00e0 l&rsquo;initiative am\u00e9ricaine pour peser sur les prix<\/a> (AFP)<\/p>\n\n\n\n<p><a href=\"https:\/\/www.boursorama.com\/actualite-economique\/actualites\/samsung-va-construire-une-usine-de-puces-au-texas-pour-17-milliards-de-dollars-44f4179f9749a16557f9c3a6bcb4d431\">Samsung va construire une usine de puces au Texas<\/a> (AFP)<\/p>\n\n\n\n<p><a href=\"https:\/\/www.politis.fr\/articles\/2021\/11\/bassora-poumon-economique-de-lirak-a-lasphyxie-43838\/\" target=\"_blank\" rel=\"noreferrer noopener\">Bassora, poumon \u00e9conomique de l\u2019Irak, \u00e0 l\u2019asphyxie<\/a>&nbsp; (Politis)<\/p>\n\n\n\n<p><a href=\"https:\/\/www.mediapart.fr\/journal\/economie\/231121\/le-parlement-europeen-vote-une-pac-rebours-des-urgences-ecologiques\">Le Parlement europ\u00e9en vote une PAC \u00e0 rebours des urgences \u00e9cologiques<\/a> (M\u00e9diapart)<\/p>\n\n\n\n<p><strong><a href=\"http:\/\/cadtm.org\/Video-Pourquoi-au-niveau-historique-il-faut-annuler-les-dettes-de-l-Afrique\">[Video] Pourquoi au niveau historique il faut annuler les dettes de l&rsquo;Afrique ?<\/a> ( CADTM)<\/strong><\/p>\n\n\n\n<figure class=\"wp-block-image is-resized is-style-default\"><img data-recalc-dims=\"1\" loading=\"lazy\" decoding=\"async\" src=\"https:\/\/i0.wp.com\/cadtm.org\/local\/cache-vignettes\/L640xH413\/arton20409-f6b83.jpg?resize=529%2C341\" alt=\"\" width=\"529\" height=\"341\"\/><figcaption><sub>Maison de la signare Anna Colas, dite Maison des esclaves, \u00e0 Gor\u00e9e (S\u00e9n\u00e9gal) peinte <\/sub><br><sub>par d\u2019Hastrel de Rivedoux en 1839 (CC &#8211; Wikimedia)&nbsp;<\/sub><\/figcaption><\/figure>\n\n\n\n<p><strong>Analyse<\/strong><\/p>\n\n\n\n<p><a href=\"https:\/\/www.politis.fr\/articles\/2021\/11\/linsoutenable-question-energetique-43834\/\" target=\"_blank\" rel=\"noreferrer noopener\">L\u2019insoutenable question \u00e9nerg\u00e9tique &#8211; J\u00e9r\u00f4me Gleizes<\/a>&nbsp; (Politis)<\/p>\n\n\n\n<p><a href=\"https:\/\/www.humanite.fr\/la-chronique-economique-de-pierre-ivorra-letat-bequille-du-liberalisme-728475#xtor=RSS-1\" target=\"_blank\" rel=\"noreferrer noopener\">La chronique \u00e9conomique de Pierre Ivorra. L\u2019\u00c9tat, b\u00e9quille du lib\u00e9ralisme<\/a>&nbsp; (L\u2019Humanit\u00e9)<\/p>\n\n\n\n<p><a href=\"https:\/\/tendanceclaire.org\/breve.php?id=40014\">Jeu \u00e0 somme nulle <\/a>&#8211; C\u00e9dric Durand<\/p>\n\n\n\n<figure class=\"wp-block-image is-resized is-style-default\"><img data-recalc-dims=\"1\" loading=\"lazy\" decoding=\"async\" src=\"https:\/\/lupodessins.files.wordpress.com\/2021\/11\/illustration_sans_titre-2-copie-edited.jpg?w=560&#038;h=9999&#038;fit=560%2C9999&#038;resize=452%2C452\" alt=\"\" width=\"452\" height=\"452\" title=\"Salaires, prix et\u00a0profits\"\/><figcaption><sub>Salaires, prix et profits&#8230;<\/sub><\/figcaption><\/figure>\n\n\n\n<p> <strong><span style=\"color:#f21520\" class=\"has-inline-color\">23 novembre en continu<\/span><\/strong> <\/p>\n\n\n\n<p><strong>France<\/strong><\/p>\n\n\n\n<p><a href=\"https:\/\/www.lemediatv.fr\/emissions\/2021\/peut-on-encore-changer-la-france-contre-matinale-40-ikj55U5sRuOzEdXmAgd2TQ\" target=\"_blank\" rel=\"noreferrer noopener\">Peut-on encore changer la France | Contre-matinale #40<\/a> &nbsp;(Le M\u00e9dia)<\/p>\n\n\n\n<p><a href=\"https:\/\/rapportsdeforce.fr\/breves\/apres-transdev-de-nouveaux-depots-de-bus-en-greve-contre-louverture-a-la-concurrence-112311876\" target=\"_blank\" rel=\"noreferrer noopener\">Nouveaux d\u00e9p\u00f4ts de bus en gr\u00e8ve contre l\u2019ouverture \u00e0 la concurrence<\/a> &nbsp;(Rapports de Force)<\/p>\n\n\n\n<p><a href=\"https:\/\/www.boursorama.com\/actualite-economique\/actualites\/cultiver-du-coton-en-france-le-pari-fou-de-trois-agriculteurs-gersois-78cf20651aed80040ed9de826c773cd9\">Cultiver du coton en France ? Le pari fou de trois agriculteurs gersois<\/a> &nbsp;(AFP)<\/p>\n\n\n\n<p><a href=\"https:\/\/www.boursorama.com\/videos\/actualites\/ces-3-raisons-qui-pourraient-faire-baisser-le-cac-40-a-court-terme-651c13e6100ffff66c8199e64f425909\">Ces 3 raisons qui pourraient faire baisser le CAC 40 \u00e0 court terme&#8230;<\/a> &nbsp;(Ecorama)<\/p>\n\n\n\n<p><a href=\"https:\/\/www.boursorama.com\/actualite-economique\/actualites\/lgv-sud-ouest-la-gironde-dit-non-68ca91f05a0e3f502bad0fe272e9d814\">LGV Sud-Ouest : la Gironde dit non<\/a> &nbsp;(AFP)<\/p>\n\n\n\n<p><a href=\"https:\/\/www.humanite.fr\/uberisation-le-gouvernement-doit-cesser-de-faire-le-jeu-des-plateformes-728334#xtor=RSS-1\" target=\"_blank\" rel=\"noreferrer noopener\">Ub\u00e9risation. Le gouvernement doit cesser de faire le jeu des plateformes<\/a> (L\u2019Humanit\u00e9)<\/p>\n\n\n\n<p><a href=\"https:\/\/www.humanite.fr\/aeroport-toute-la-palette-de-laction-militante-728419#xtor=RSS-1\" target=\"_blank\" rel=\"noreferrer noopener\">A\u00e9roport. Toute la palette de l\u2019action militante<\/a> (L\u2019Humanit\u00e9)<\/p>\n\n\n\n<p><a href=\"https:\/\/www.connaissancedesenergies.org\/approvisionnement-delectricite-rte-evoque-encore-une-vigilance-particuliere-cet-hiver-211123\">Approvisionnement d&rsquo;\u00e9lectricit\u00e9 : RTE \u00e9voque une vigilance particuli\u00e8re cet hiver <\/a>&nbsp;(Connaissance des \u00e9nergies)<\/p>\n\n\n\n<p><a href=\"https:\/\/www.boursorama.com\/actualite-economique\/actualites\/france-loisirs-800-emplois-menaces-par-la-liquidation-judiciaire-323572421f4d9665d984c9ec6d7ddd5c\">France Loisirs\u202f: 800 emplois menac\u00e9s par la liquidation judiciaire<\/a> (AFP)<\/p>\n\n\n\n<p><a href=\"https:\/\/www.boursorama.com\/actualite-economique\/actualites\/sncf-pas-d-augmentation-tarifaire-sur-les-grandes-lignes-en-2022-53ce22d9f8ed79649ac5cc774757f443\">SNCF : pas d&rsquo;augmentation tarifaire sur les grandes lignes en 2022<\/a> (AFP)<\/p>\n\n\n\n<p><strong>Monde<\/strong><\/p>\n\n\n\n<p><a href=\"https:\/\/www.boursorama.com\/actualite-economique\/actualites\/lael-brainard-une-colombe-democrate-devient-numero-2-de-la-fed-0969aeee87437ea367980150bd175b15\">Lael Brainard, une \u00ab\u00a0colombe\u00a0\u00bb d\u00e9mocrate, devient num\u00e9ro 2 de la Fed<\/a> (AFP)<\/p>\n\n\n\n<p><a href=\"https:\/\/www.boursorama.com\/actualite-economique\/actualites\/biden-reconduit-jerome-powell-a-la-tete-de-la-fed-dans-une-volonte-de-consensus-fadc542b4d474bffde8b7ef0ed320ca6\">Biden reconduit Jerome Powell \u00e0 la t\u00eate de la Fed, dans une volont\u00e9 de consensus<\/a> (AFP)<\/p>\n\n\n\n<p><a href=\"https:\/\/www.boursorama.com\/actualite-economique\/actualites\/le-dollar-a-un-plus-haut-en-17-mois-avec-la-reconduction-de-powell-a-la-fed-45e42fb861661c9a3390e07a283fdf5a\">Le dollar \u00e0 un plus haut en 17 mois avec la reconduction de Powell \u00e0 la Fed<\/a> (AFP)<\/p>\n\n\n\n<p><a href=\"https:\/\/www.boursorama.com\/actualite-economique\/actualites\/le-dollar-depasse-la-barre-des-115-yens-pour-la-premiere-fois-en-plus-de-quatre-ans-428e173e13fa9b59856c220172756d39\">Le dollar d\u00e9passe la barre des 115 yens pour la premi\u00e8re fois en plus de quatre ans<\/a> (AFP)<\/p>\n\n\n\n<p><a href=\"https:\/\/www.boursorama.com\/actualite-economique\/actualites\/aucune-banque-en-zone-euro-n-atteint-les-objectifs-climat-de-la-bce-d8ad0ca0a00815a3b741983631d6c6c4\">Aucune banque en zone euro n&rsquo;atteint les objectifs climat de la BCE<\/a> (Reuters)<\/p>\n\n\n\n<p><a href=\"https:\/\/email.mg2.substack.com\/c\/eJw9kUuS3CAMhk_T7HABBj8WLGaTa7gEqD0kGBwenvHtQ6dTqUIqVNIvwScLFfeUb32mUsnLbfU-UUf8KgFrxUxawbx5p7mc-byuI3FaOr6ohfiyPTPiAT7omhuSs5ngLVSf4kshxnVijHxqQDM5Pgq1WMWdmlE-1bqyaR75ZJix78HQnMdoUeOF-U4RSdCftZ7lMX48xI9-LJw-45GuIeW9x8_cHUQId8F-w0ALhAtcytSmWDPSgNT4apOPNAA9oV0ZK9IztUwNQrOpnRRrr-uCdPh_qd8NQ7dCWyy9MfFaMME5F4JLrsQ6iGEVDO0s2LQAoBrt8L3LWOTFHpIduxhKM6WC_TXYdJCsfx6m5b1_sadtcv0RYYhYB5de1LZedLTo671hBBPQvYHW917-It52jJj7vtwGVfNpnNXK1NgpTm9-nbiUki1cCtKnu9RVUf9n9swQLfjyB3IOq5E\">El Salvador contre le bitcoin, la pauvret\u00e9 pour beaucoup et l\u2019\u00e9conomie pour quelques-uns<\/a> (Capire)<\/p>\n\n\n\n<figure class=\"wp-block-image is-resized is-style-default\"><img data-recalc-dims=\"1\" loading=\"lazy\" decoding=\"async\" src=\"https:\/\/i0.wp.com\/mamot.fr\/system\/media_attachments\/files\/107\/280\/544\/962\/191\/295\/original\/be2684269394fe30.png?resize=367%2C278&#038;ssl=1\" alt=\"\" width=\"367\" height=\"278\"\/><\/figure>\n\n\n\n<p><strong>Analyse<\/strong><\/p>\n\n\n\n<p><a href=\"https:\/\/info.alternatives-economiques.fr\/optiext\/optiextension.dll?ID=y67y6noeuS9aUhTL8ah07ZMnx1R%2BUDkYMQ6igCAWuwcVU2COqFqd0cVu0Lp_2wg9pDjwZjWABqFd7hRFuGFpK3Mwi8mGd\" target=\"_blank\" rel=\"noreferrer noopener\">L\u2019Europe tent\u00e9e par la semaine de quatre jours <\/a>&nbsp;(Alter \u00e9co)<\/p>\n\n\n\n<p><a href=\"https:\/\/info.alternatives-economiques.fr\/optiext\/optiextension.dll?ID=y67y9dyZXSqJnoRKO4E5S8HyVu8M4xd26_Aa_hP2tnkL5umiqn1hqkLqW19Av2mMDHSYkcRhh6h_YXaQwkzduUQ_krmqO\" target=\"_blank\" rel=\"noreferrer noopener\">Plan agricole 2023-2027 : la France verte sera plus grise <\/a>&nbsp;(Alter \u00e9co)<\/p>\n\n\n\n<p><a href=\"https:\/\/info.alternatives-economiques.fr\/optiext\/optiextension.dll?ID=y67y8dDdpnUZ3FbkFFaL24NaWEtM950sM8t4lqXiv9JbHZTirpD%2B2JYEi2fYpNA47CYk6LlKAP%2BpfTqsq3933KKl4aeqE\" target=\"_blank\" rel=\"noreferrer noopener\">La croissance, \u00e9nergie motrice de la crise climatique <\/a>&nbsp;(Alter \u00e9co)<\/p>\n\n\n\n<p><a href=\"https:\/\/thenextrecession.wordpress.com\/2021\/11\/19\/whither-the-global-economy\/?blogsub=confirming#subscribe-blog\">O\u00f9 va l&rsquo;\u00e9conomie mondiale ?<\/a> (angl- Micha\u00ebl Roberts)<\/p>\n\n\n\n<figure class=\"wp-block-image is-resized is-style-default\"><img data-recalc-dims=\"1\" loading=\"lazy\" decoding=\"async\" src=\"https:\/\/i0.wp.com\/mamot.fr\/system\/media_attachments\/files\/107\/297\/557\/675\/883\/152\/original\/9b296575f389fa46.png?resize=384%2C407&#038;ssl=1\" alt=\"\" width=\"384\" height=\"407\"\/><\/figure>\n\n\n\n<p> <strong><span style=\"color:#f21520\" class=\"has-inline-color\">22 novembre en continu<\/span><\/strong> <\/p>\n\n\n\n<p><strong>France<\/strong><\/p>\n\n\n\n<p><a href=\"https:\/\/www.xerficanal.com\/economie\/emission\/Olivier-Passet-Faut-il-retablir-l-Impot-sur-la-Fortune-(ISF)-_3749989.html?utm_source=sendinblue&amp;utm_campaign=XC211121&amp;utm_medium=email\">Faut-il r\u00e9tablir l&rsquo;Imp\u00f4t sur la Fortune (ISF) ?<\/a>&nbsp; (Xerfi Canal)<\/p>\n\n\n\n<p><a href=\"https:\/\/www.xerficanal.com\/economie\/emission\/Olivier-Passet-La-competitivite-et-le-pouvoir-d-achat-par-la-dette-publique-jusqu-ou-_3750151.html\">La comp\u00e9titivit\u00e9 et le pouvoir d&rsquo;achat par la dette publique : jusqu&rsquo;o\u00f9 ?<\/a>&nbsp; (Xerfi Canal)<\/p>\n\n\n\n<p><a href=\"https:\/\/siecledigital.fr\/2021\/11\/18\/google-et-lafp-sont-parvenus-a-se-mettre-daccord-sur-les-droits-voisins\/?utm_source=Newsletter+Siecle+Digital&amp;utm_campaign=e0d123ba72-newsletter_quotidienne&amp;utm_medium=email&amp;utm_term=0_3b73bad11a-e0d123ba72-259745794\">Google et l\u2019AFP sont parvenus \u00e0 se mettre d\u2019accord sur les droits voisins<\/a>&nbsp;(si\u00e8cle digital)<\/p>\n\n\n\n<p><a href=\"https:\/\/www.xerficanal.com\/economie\/emission\/Olivier-Passet-Assurance-vie-un-chef-d-oeuvre-franco-francais-en-peril_3750168.html?utm_source=sendinblue&amp;utm_campaign=XC191121&amp;utm_medium=email\">Assurance-vie : un chef d&rsquo;oeuvre franco-fran\u00e7ais en p\u00e9ril<\/a>&nbsp;&nbsp;(Xerfi Canal)<\/p>\n\n\n\n<p><a href=\"https:\/\/insolentiae.com\/comment-locde-veut-ruiner-les-francais\/\">Comment l\u2019OCDE veut ruiner les Fran\u00e7ais<\/a> (Insolentiae)<\/p>\n\n\n\n<p><a href=\"https:\/\/lvsl.fr\/leconomie-a-lepreuve-de-la-penurie\/\">L\u2019\u00e9conomie \u00e0 l\u2019\u00e9preuve de la p\u00e9nurie<\/a> (Le vent se l\u00e8ve)<\/p>\n\n\n\n<p><strong>Monde<\/strong><\/p>\n\n\n\n<p><a href=\"https:\/\/www.lesechos.fr\/finance-marches\/marches-financiers\/marches-financiers-les-dividendes-mondiaux-retrouvent-des-niveaux-records-1363653\">March\u00e9s financiers : les dividendes mondiaux retrouvent des niveaux records<\/a> (Les Echos)<\/p>\n\n\n\n<p><a href=\"https:\/\/www.investir.ch\/2021\/11\/le-rebond-de-lor-contredit-le-discours-des-banquiers-centraux\/\">Le rebond de l\u2019or contredit le discours des banquiers centraux<\/a>&nbsp; (Investir.ch)<\/p>\n\n\n\n<p><a href=\"http:\/\/www.zones-subversives.com\/2021\/10\/green-new-deal-et-croissance-verte.html?utm_source=_ob_email&amp;utm_medium=_ob_notification&amp;utm_campaign=_ob_pushmail\">Green New Deal et croissance verte<\/a>&nbsp; (chroniques critiques)<\/p>\n\n\n\n<p><a href=\"https:\/\/theconversation.com\/faut-il-redouter-une-aggravation-des-desequilibres-de-leconomie-mondiale-post-covid-171850\">Faut-il redouter une aggravation des d\u00e9s\u00e9quilibres de&nbsp;l\u2019\u00e9conomie mondiale post-Covid&nbsp;?<\/a>&nbsp; (The Conversation)<\/p>\n\n\n\n<p><a href=\"http:\/\/www.cepii.fr\/CEPII\/fr\/publications\/lettre\/abstract.asp?NoDoc=13087\">Horizon 2050 : o\u00f9 la dynamique actuelle m\u00e8ne-t-elle l\u2019\u00e9conomie mondiale ?<\/a>&nbsp;&nbsp;(Cepii)<\/p>\n\n\n\n<p><a href=\"https:\/\/korii.slate.fr\/biz\/economie-fortune-mondiale-triple-vingt-ans-mais-pas-ou-il-faut-immobilier-improductif\">La fortune mondiale a tripl\u00e9 en vingt ans (mais pas l\u00e0 o\u00f9 il faut)<\/a>&nbsp;(korii)<\/p>\n\n\n\n<p><a href=\"https:\/\/www.project-syndicate.org\/commentary\/macroeconomic-policy-fiscal-stimulus-lacks-robust-theory-by-robert-skidelsky-2021-11\/french?barrier=accesspaylog\">La macro\u00e9conomie face \u00e0 l&rsquo;incertitude<\/a>&nbsp; (Project Syndicate)<\/p>\n\n\n\n<p><a href=\"https:\/\/www.francetvinfo.fr\/economie\/crise\/crise-europeenne\/economie-les-marches-financiers-responsables-des-inegalites_4849557.html\">Les march\u00e9s financiers responsables des in\u00e9galit\u00e9s<\/a>&nbsp; (francetvinfo)<\/p>\n\n\n\n<p><a href=\"https:\/\/legrandcontinent.eu\/fr\/2021\/11\/19\/10-points-sur-la-taxation-mondiale-des-multinationales\/\">10 points sur la taxation mondiale des multinationales<\/a>&nbsp;(le grand continent)<\/p>\n\n\n\n<p><strong>Analyse<\/strong><\/p>\n\n\n\n<p><a href=\"https:\/\/la-chronique-agora.com\/pourquoi-objectif-inflation-est-si-deletere\/\">Pourquoi l\u2019objectif d\u2019inflation de 2% est si d\u00e9l\u00e9t\u00e8re (1\/2)<\/a>&nbsp;(chronique agora)<\/p>\n\n\n\n<p><a href=\"https:\/\/la-chronique-agora.com\/pourquoi-objectif-inflation-est-si-deletere-2\/?bsft_aaid=8d7bfbb2-9574-4a5c-ad3d-53faf0fc196f&amp;bsft_eid=1adda547-32ca-2fcc-78a8-28705fce766f&amp;utm_campaign=edito-211119-lca-newsletter-recommendation&amp;utm_source=blueshift&amp;utm_medium=email&amp;utm_content=edito-211119-lca-newsletter-recommendation&amp;bsft_clkid=4a2d0f91-f794-4a9a-bd93-df1b6c23aaf0&amp;bsft_uid=1f1b3850-38cc-4a83-86fb-401a40390f75&amp;bsft_mid=da0c85bf-15fa-4afe-a7d0-b7b881df70a6&amp;bsft_utid=1f1b3850-38cc-4a83-86fb-401a40390f75-LCA&amp;bsft_mime_type=html&amp;bsft_ek=2021-11-19T11%3A00%3A47Z&amp;bsft_lx=4&amp;bsft_tv=4\">Pourquoi l\u2019objectif d\u2019inflation de 2% est si d\u00e9l\u00e9t\u00e8re (2\/2)<\/a>&nbsp; (chronique agora)<\/p>\n\n\n\n<p><a href=\"https:\/\/www.youtube.com\/watch?v=U09p7n1vlXQ\">Chantage \u00e0 la dette&nbsp;: l\u2019arnaque du si\u00e8cle&nbsp;?<\/a> (Praxis)<\/p>\n\n\n\n<p><strong><span style=\"color:#f21520\" class=\"has-inline-color\">21 novembre en continu<\/span><\/strong><\/p>\n\n\n\n<p><a href=\"http:\/\/n0jz.mjt.lu\/lnk\/AUsAAEJpEXAAAcpTTi4AAJthy60AATvgfqIAHmewAAmDVABhmL4443-Mo8GsRnWBDHG_io53qQAJA84\/6\/NSDMEpRkuH64O4huDte2bA\/aHR0cHM6Ly93d3cubGVtZWRpYXR2LmZyL2VtaXNzaW9ucy8yMDIxL2NvbW1lbnQtbWFjcm9uLXZldXQtdHJhZmlxdWVyLXNvbi1iaWxhbi1HQldybktRVFJ3LUQzdk5hdGN4NHB3\">Comment Macron veut trafiquer son bilan<\/a> (vid\u00e9o Le M\u00e9dia)<\/p>\n\n\n\n<p><strong>Monde<\/strong><\/p>\n\n\n\n<p><a href=\"https:\/\/www.maddyness.com\/2021\/11\/18\/foot-professionnel-cryptomonnaies\/\">Comment le foot professionnel se met aux cryptomonnaies<\/a>&nbsp;(maddyness)<\/p>\n\n\n\n<p><a href=\"https:\/\/www.novethic.fr\/actualite\/economie\/isr-rse\/dumping-environnemental-pression-fiscale-pourquoi-shell-demenage-son-siege-social-au-royaume-uni-150315.html?utm_source=Abonn%C3%A9s+Novethic&amp;utm_campaign=a79dca48b5-EMAIL_CAMPAIGN_2021_11_18_10_01&amp;utm_medium=email&amp;utm_term=0_2876b612e6-a79dca48b5-171522865\">Dumping environnemental, pression fiscale\u2026 Pourquoi Shell d\u00e9m\u00e9nage son si\u00e8ge au Royaume-Uni<\/a>&nbsp; (novethic)<\/p>\n\n\n\n<p><a href=\"https:\/\/www.allnews.ch\/content\/interviews\/l%E2%80%99asean-grande-gagnante-de-la-4e-vague-de-croissance-en-asie?utm_source=All+contacts&amp;utm_campaign=0ed7ab5a4f-EMAIL_CAMPAIGN_2021_11_18_07_35&amp;utm_medium=email&amp;utm_term=0_d35111d3a6-0ed7ab5a4f-25543805\">L\u2019ASEAN, grande gagnante de la 4e vague de croissance en Asie<\/a>&nbsp; (allnews)<\/p>\n\n\n\n<p><a href=\"https:\/\/publications.banque-france.fr\/bulletin-economique-de-la-bce-ndeg72021\">Bulletin \u00e9conomique de la BCE n\u00b07\/2021<\/a>&nbsp; (Banque de France)<\/p>\n\n\n\n<p><a href=\"https:\/\/www.allnews.ch\/content\/points-de-vue\/la-demande-chinoise-affecte-plus-lue-que-les-usa?utm_source=All+contacts&amp;utm_campaign=5d32234ce3-EMAIL_CAMPAIGN_2021_11_19_07_28&amp;utm_medium=email&amp;utm_term=0_d35111d3a6-5d32234ce3-25543805\">La demande chinoise affecte plus l&rsquo;UE que les USA<\/a>&nbsp; (allnews)<\/p>\n\n\n\n<p><a href=\"https:\/\/www.youtube.com\/watch?v=019VvumOmTo\" target=\"_blank\" rel=\"noreferrer noopener\">L&rsquo;immigration, est-ce un sujet \u00e9conomique ?<\/a>&nbsp; (France Inter)<\/p>\n\n\n\n<p><strong>Analyse<\/strong><\/p>\n\n\n\n<p><a href=\"https:\/\/www.youtube.com\/watch?v=J51jdMooL5A\">UBS alerte contre risque de krach boursier<\/a> (Draw my economy)<\/p>\n\n\n\n<p><a href=\"https:\/\/la-chronique-agora.com\/indice-catastrophe-mise-jour-et-alerte-krach\/?utm_source=LCAhebdo&amp;utm_medium=freeletter-hebdo&amp;bsft_aaid=8d7bfbb2-9574-4a5c-ad3d-53faf0fc196f&amp;bsft_eid=a5324789-340e-0698-4201-8373424be6ec&amp;utm_campaign=edito-211120-lca-newsletter-hebdo&amp;utm_content=edito-211120-lca-newsletter-hebdo&amp;bsft_clkid=d545023d-f3ff-4e19-9157-654a0e91e752&amp;bsft_uid=ad9fd23f-4e7a-48f4-baf7-fd8089cf0e95&amp;bsft_mid=40cb0f2e-5f67-4025-8f1e-ec758c501c52&amp;bsft_utid=ad9fd23f-4e7a-48f4-baf7-fd8089cf0e95-LCA&amp;bsft_mime_type=html&amp;bsft_ek=2021-11-20T08%3A30%3A49Z&amp;bsft_lx=10&amp;bsft_tv=3\">Indice de la catastrophe : mise \u00e0 jour et alerte au krach !<\/a> (Agora) <\/p>\n\n\n\n<div class=\"wp-block-image is-style-default\"><figure class=\"aligncenter\"><img data-recalc-dims=\"1\" decoding=\"async\" src=\"https:\/\/i0.wp.com\/la-chronique-agora.com\/wp-content\/uploads\/2021\/11\/211119-LCA-2-1.png?w=1200&#038;ssl=1\" alt=\"\" class=\"wp-image-64781\"\/><\/figure><\/div>\n\n\n\n<p><a href=\"https:\/\/www.les-crises.fr\/30-glorieuses-mythe-et-si-on-arretait-de-rever-chronique-frederic-farah\/\">Les 30 Glorieuses : et si on arr\u00eatait de r\u00eaver ? \u2013 La Chronique de Farah<\/a> (Les Crises)<a href=\"https:\/\/www.les-crises.fr\/energies-fossiles-le-systeme-petrolier-s-effondre-rapidement\/\"><\/a><\/p>\n\n\n\n<p><strong><a href=\"https:\/\/www.les-crises.fr\/energies-fossiles-le-systeme-petrolier-s-effondre-rapidement\/\">\u00c9nergies fossiles : Le syst\u00e8me p\u00e9trolier s\u2019effondre rapidement<\/a> <\/strong>(Les Crises)<\/p>\n\n\n\n<p><strong><span style=\"color:#f21520\" class=\"has-inline-color\">20 novembre en continu<\/span><\/strong><\/p>\n\n\n\n<p><strong>France<\/strong><\/p>\n\n\n\n<p><a href=\"https:\/\/rue89bordeaux.com\/2021\/11\/les-arguments-des-pro-lgv-bordeaux-toulouse-tiennent-ils-la-route\/\" target=\"_blank\" rel=\"noreferrer noopener\">Les arguments des pro LGV Bordeaux-Toulouse-Dax tiennent-ils la route ?<\/a>&nbsp; (Rue89 Bordeaux)<\/p>\n\n\n\n<p><a href=\"https:\/\/www.rue89strasbourg.com\/elastic-bar-relance-employes-219398\" target=\"_blank\" rel=\"noreferrer noopener\">Comment l\u2019Elastic Bar s\u2019est relanc\u00e9 sur le dos de ses employ\u00e9s entre 2018 et 2020<\/a>&nbsp; (Rue89 Strasbourg)<\/p>\n\n\n\n<p><a href=\"https:\/\/www.humanite.fr\/delocalisation-les-salaries-dascoval-restent-sur-leurs-gardes-728244#xtor=RSS-1\" target=\"_blank\" rel=\"noreferrer noopener\">D\u00e9localisation : les salari\u00e9s d\u2019Ascoval restent sur leurs gardes<\/a>&nbsp; (L\u2019Humanit\u00e9)<\/p>\n\n\n\n<p><a href=\"https:\/\/dijoncter.info\/belfort-evasion-fiscale-averee-chez-general-electric-epf-3235\" target=\"_blank\" rel=\"noreferrer noopener\">Evasion fiscale av\u00e9r\u00e9e chez General Electric EPF<\/a>&nbsp; (Mutu)<\/p>\n\n\n\n<p><a href=\"https:\/\/www.connaissancedesenergies.org\/afp\/batteries-lyon-le-chimiste-arkema-commence-sa-revolution-electrique-211119\">Batteries : A Lyon, le chimiste Arkema commence sa r\u00e9volution \u00e9lectrique<\/a> (AFP)<\/p>\n\n\n\n<p><a href=\"https:\/\/tracking.connaissancedesenergies.org\/tracking\/click?d=akzM87yEf7TRgPWHKQgL2w2gWecslDDlVQpWnjhNoxJr4Vp4Xpi2kkBl2M4J16sSeisAPGTr6uhIRTK0CItdyUZOGaMhIeft1HF6Dv_MxMnN0ukrOBKjmUF5O_T969XnyS1fMe-eVnExyzRkcdpEMqURRQcpPfNN05MXiIUZPT2L0QWr5alc75FojRkwyEu1i2-VPVdPZq7zbfQC1B5PAbFZyrUWgty3I-iTgNVQwb8nE96wwiDxfBcGCHuc1L7Wu25tMl6samJWIa1COi1NB0B7x8g1RvaqYETm1kMaKYkkiuCMl_LBdusCLBl3EXGYWb_ICk62c5OOFgwf9HehFbI1\" target=\"_blank\" rel=\"noreferrer noopener\">Les choix de production \u00e9lectrique : anticiper et ma\u00eetriser les risques <\/a>&nbsp;(Cour des comptes)<\/p>\n\n\n\n<p><a href=\"https:\/\/www.boursorama.com\/actualite-economique\/actualites\/le-taux-de-chomage-quasi-stable-au-3e-trimestre-a-8-1-selon-l-insee-b36390a3a8a4d8518eb1d40d24dc2e57\">Le taux de ch\u00f4mage quasi stable au 3e trimestre \u00e0 8,1%, selon l&rsquo;Insee<\/a> (AFP)<a href=\"https:\/\/www.les-crises.fr\/interdit-d-interdire-pour-ou-contre-l-inflation-avec-olivier-berruyer\/\"><\/a><\/p>\n\n\n\n<p><a href=\"https:\/\/www.revolutionpermanente.fr\/Meme-les-miettes-sont-de-trop-pour-le-Senat-qui-refuse-de-voter-l-indemnite-inflation\">M\u00eame les miettes sont de trop pour le S\u00e9nat, qui refuse de voter \u00ab&nbsp;l\u2019indemnit\u00e9 inflation&nbsp;\u00bb<\/a> (RP)<\/p>\n\n\n\n<p><a href=\"https:\/\/info.alternatives-economiques.fr\/optiext\/optiextension.dll?ID=nVUnQ10TChmb070ewXaDxoJHbKZDfdYZz%2BGYOp7xZkHYnm19ejG1%2BjuK6kxMl1T5UuNawMAobPEu1DIJ30vawIBxIg0n8\" target=\"_blank\" rel=\"noreferrer noopener\">France 2030&nbsp;: beaucoup d\u2019id\u00e9es, un gros oubli<\/a> (Alter \u00e9co)<\/p>\n\n\n\n<pre class=\"wp-block-preformatted\">La France est le deuxi\u00e8me exportateur d\u2019Europe d\u2019insecticides n\u00e9onicotino\u00efdes, dits \u00ab&nbsp;<em>tueurs d\u2019abeilles<\/em>&nbsp;\u00bb, qui sont pourtant interdits sur le sol europ\u00e9en (<a href=\"https:\/\/www.lemonde.fr\/planete\/article\/2021\/11\/18\/l-europe-exporte-des-milliers-de-tonnes-de-pesticides-tueurs-d-abeilles-pourtant-interdits-sur-son-sol_6102474_3244.html\">source<\/a>)<\/pre>\n\n\n\n<figure class=\"wp-block-image is-resized is-style-default\"><img data-recalc-dims=\"1\" loading=\"lazy\" decoding=\"async\" src=\"https:\/\/i0.wp.com\/mamot.fr\/system\/media_attachments\/files\/107\/253\/411\/143\/995\/314\/original\/601dccaa157e36c4.png?resize=394%2C268&#038;ssl=1\" alt=\"\" width=\"394\" height=\"268\"\/><\/figure>\n\n\n\n<p><strong>Monde<\/strong><\/p>\n\n\n\n<p><a href=\"https:\/\/www.connaissancedesenergies.org\/afp\/ford-et-rivian-ne-developperont-pas-de-voiture-electrique-ensemble-211119\">Ford et Rivian ne d\u00e9velopperont pas de voiture \u00e9lectrique ensemble<\/a> (AFP)<\/p>\n\n\n\n<p><a href=\"https:\/\/www.connaissancedesenergies.org\/afp\/le-premier-cargo-100-electrique-et-bientot-autonome-mis-leau-en-norvege-211119\">Le premier cargo 100% \u00e9lectrique &#8211; et bient\u00f4t autonome &#8211; mis \u00e0 l&rsquo;eau en Norv\u00e8ge<\/a> (AFP)<\/p>\n\n\n\n<p><a href=\"https:\/\/www.boursorama.com\/actualite-economique\/actualites\/le-franc-suisse-retrouve-des-plus-hauts-depuis-2015-inquietant-l-industrie-suisse-7a9380e2617436eb9a99e91b83b4a59e\">Le franc suisse retrouve des plus hauts depuis 2015, inqui\u00e9tant l&rsquo;industrie suisse<\/a> (AFP)<\/p>\n\n\n\n<p><a href=\"https:\/\/www.boursorama.com\/actualite-economique\/actualites\/chine-les-risques-s-accumulent-pour-la-croissance-previent-le-fmi-b8d20f051b010780544b4e1e279325a0\">Chine : les risques \u00ab\u00a0s&rsquo;accumulent\u00a0\u00bb pour la croissance, pr\u00e9vient le FMI<\/a> (AFP)<\/p>\n\n\n\n<p><a href=\"https:\/\/www.boursorama.com\/actualite-economique\/actualites\/pour-lagarde-la-bce-ne-doit-pas-reagir-a-la-poussee-d-inflation-actuelle-a953f3ce1c3c77cd513cfe96704498c9\">Pour Lagarde, la BCE ne doit pas r\u00e9agir \u00e0 la pouss\u00e9e d&rsquo;inflation actuelle<\/a> (Reuters)<\/p>\n\n\n\n<p><a href=\"https:\/\/info.alternatives-economiques.fr\/optiext\/optiextension.dll?ID=pTSpVCIzNtWPhfwh5_cgfZg3qbP7UdUpEdJcSMK_3rRBNVEFhSETfeTUPMY9fBc9nmt5I4%2BSgIrZ8x9lf3a6_wj0u6yN6\" target=\"_blank\" rel=\"noreferrer noopener\">En finir trop vite avec les aides Covid pourrait co\u00fbter cher \u00e0 l&rsquo;Europe<\/a> (Alter \u00e9co)<\/p>\n\n\n\n<p><strong><a href=\"https:\/\/reporterre.net\/Europe-la-nouvelle-politique-agricole-commune-est-un-desastre\">Europe&nbsp;: la nouvelle politique agricole commune est un d\u00e9sastre<\/a> (Reporterre)<\/strong><\/p>\n\n\n\n<p><strong>Analyse<\/strong><\/p>\n\n\n\n<p><a href=\"https:\/\/www.frustrationmagazine.fr\/inflation\/\" target=\"_blank\" rel=\"noreferrer noopener\">Les prix augmentent, les profits aussi : tout comprendre en 3 points et 5 minutes<\/a>&nbsp; (Frustration)<\/p>\n\n\n\n<p><a href=\"https:\/\/info.alternatives-economiques.fr\/optiext\/optiextension.dll?ID=pTSpPws5nv_GIVSpt7IwS6OlFJ7OhcKbsHxdGX6io4M7AYsFg88F6uEfNHe7SF0hZGaAIxm8CaMoEcBJWeR202g3O6rNB\" target=\"_blank\" rel=\"noreferrer noopener\">Inflation, conflits et d\u00e9sorganisation<\/a> (Alter \u00e9co)<\/p>\n\n\n\n<p><a href=\"https:\/\/info.alternatives-economiques.fr\/optiext\/optiextension.dll?ID=nVUnRdCIVtEYFFusf%2BQYmWXCgpdqVoz6YP6DUqr6DU1VtTJDfj7KqtPgm57vtazJWaKbvSpHlNXOpWmCNGE%2B_oyq4%2Bq9i\" target=\"_blank\" rel=\"noreferrer noopener\">C&rsquo;est reparti pour les radiations de ch\u00f4meurs et 4 autres infographies \u00e0 ne pas rater <\/a>&nbsp;(Alter \u00e9co)<\/p>\n\n\n\n<p><a href=\"https:\/\/www.les-crises.fr\/interdit-d-interdire-pour-ou-contre-l-inflation-avec-olivier-berruyer\/\">Interdit d&rsquo;Interdire : Pour ou contre l&rsquo;inflation ? &#8211; avec Olivier Berruyer<\/a>-vid\u00e9o<\/p>\n\n\n\n<p><strong><span style=\"color:#f21520\" class=\"has-inline-color\">19 novembre en continu<\/span><\/strong><\/p>\n\n\n\n<p><strong>France<\/strong><\/p>\n\n\n\n<p><a href=\"https:\/\/tracking.connaissancedesenergies.org\/tracking\/click?d=6w2S0KpblG50anpBgdj6xESEwwMqbDZAZ5r50cGQ3EdlnPBJ3j6pG7J4uzb7_yvG7s079E-G0jATCBbp1PSYCeT4i4QgWae8Rckd5qX5pV5aS6EAYrpJu8IHLNfu0lQtbpUtDWmCnE2OHRgTsm5_yZDOU4dFMG6vqjQPsi_ISs-pzDHUkDHFleXmcLrnEfMbblwpWa0mpTFIErneg7ml2cJnP7dHLZqMaGl-xjTuzFbK_EYlmZU5wmVyYfEMMY2VHA8N4PyR4-z2SMBvZTjmaARJPDoqCe4PdNc_89Q8_FcC84dd41a_PuvmMxzldGKeTQ2\" target=\"_blank\" rel=\"noreferrer noopener\">Une centaine d&#8217;employ\u00e9s de Vallourec se rassemblent dans le Nord, avant la venue d&rsquo;Emmanuel Macron<\/a> (AFP)<\/p>\n\n\n\n<p><a href=\"https:\/\/tracking.connaissancedesenergies.org\/tracking\/click?d=Ta1QxFPIDRe7kKnkr_qwKtSZ3qcE2ktTyFJ41PriB6DMQ4EaCZ_Ak_659b8afoTpve9Pg9lkLCwiW5zQKX8UvY2eZ2jKyVVMpVwfVCM99zF3GVFkPzFIjG_sncQWVuZjU4GUXWbMo_hxDUjCAfC7OybOFO_gXptcAQNk_67ctYTMlJX04tXFDqTaHaj49JQJXoI30Nof8ANTyqgvVS_hSYcA7E8dG_QKNey8r25d9jlkyZxv7Tg07OKnK_TCDx2GbW1MeDOSUn5TGMHzbWqQlTH6cNi85vTdWN0A_kfYl0RT6Gs7I-YW2O1oNZdxK7kwrg2\" target=\"_blank\" rel=\"noreferrer noopener\">Le Conseil de Paris adopte des mesures renforc\u00e9es pour lutter contre la pr\u00e9carit\u00e9 \u00e9nerg\u00e9tique<\/a> (AFP)<\/p>\n\n\n\n<p><a href=\"https:\/\/tracking.connaissancedesenergies.org\/tracking\/click?d=LlUnP5Mbm43VFckb8a9SLONFArXCLYj-7H6slbnPabQ9_4vbfPIxu0PC1ZF6BUIt5hXU2HE2eV199l1wgF7tSOW8wCJEZfl8x9vk5JMzgilXEqDBDn6xwsbkpZaY5YWvkwqhWv9YxTkvqi0t6lI_LmNnE7pSxQC5UFhKpEB-Vo4cwsIlsZ7vKjuNNBkrmky1YM9cr2wkX8LJwGh3Y9Y3OxDR8I6yNIHe8m6fWyMT6mpAKZPhCEVvAhfxPlvptDmsQ6TSeJLRRHr3KN2D4oGkhbCRFl76dj-_374_NWLrAEH0Yv5NSW_fc4_QJOIg84AonZzGQFEAXh9GH828kHpi_k9W9Z2YI-Xf1tgxNF3UZprz0\" target=\"_blank\" rel=\"noreferrer noopener\">Ascoval : le groupe sid\u00e9rurgique allemand Saarstahl a accept\u00e9 de \u00ab renoncer \u00e0 son projet de transfert \u00bb en Allemagne, selon Bercy<\/a> (AFP)<\/p>\n\n\n\n<p><a href=\"https:\/\/www.youtube.com\/watch?v=4bV9Oadz83g\">Qui va payer les promesses \u00e9lectorales de Macron ?<\/a>&nbsp;&nbsp; (Blast)<\/p>\n\n\n\n<p><strong>Monde<a href=\"https:\/\/www.rfi.fr\/fr\/afrique\/20211119-congo-hold-up-bgfibank-la-banque-des-pr%C3%A9sidents\"><\/a><\/strong><\/p>\n\n\n\n<p><strong><a href=\"https:\/\/www.rfi.fr\/fr\/afrique\/20211119-congo-hold-up-bgfibank-la-banque-des-pr%C3%A9sidents\">Congo Hold-up : BGFIBank, la banque des pr\u00e9sidents<\/a><\/strong> (RFI)<\/p>\n\n\n\n<p><a href=\"https:\/\/www.mediapart.fr\/journal\/international\/191121\/la-bgfi-banque-de-la-francafrique-au-coeur-du-scandale\"><strong>La BGFI, banque de la Fran\u00e7afrique au c\u0153ur du scandale<\/strong><\/a> (M\u00e9diapart)<\/p>\n\n\n\n<p><a href=\"https:\/\/www.boursorama.com\/videos\/actualites\/congo-hold-up-la-plus-importante-fuite-de-documents-bancaires-d-afrique-489ef6dc5f9cbc188a1a2f381574dc65\">Congo Hold-up: la plus importante fuite de documents bancaires d\u2019Afrique<\/a> (France 24)<\/p>\n\n\n\n<p><a href=\"https:\/\/www.boursorama.com\/actualite-economique\/actualites\/le-plan-de-reformes-sociales-de-biden-passe-une-etape-cruciale-au-congres-3dd7f5a826500f9ce7cea27978349705\">Le plan de r\u00e9formes sociales de Biden passe une \u00e9tape cruciale au Congr\u00e8s<\/a> (AFP)<\/p>\n\n\n\n<p><a href=\"https:\/\/theconversationfrance.cmail20.com\/t\/r-l-trijlrtt-bljhhjjkyu-s\/\">Diaspora&nbsp;: le&nbsp;potentiel de&nbsp;d\u00e9veloppement sous-estim\u00e9 de&nbsp;l\u2019Afrique<\/a> (The Conversation)<\/p>\n\n\n\n<figure class=\"wp-block-image is-resized is-style-default\"><img data-recalc-dims=\"1\" loading=\"lazy\" decoding=\"async\" src=\"https:\/\/i0.wp.com\/images.theconversation.com\/files\/430006\/original\/file-20211103-15-15aii6.jpg?resize=499%2C333&#038;ssl=1\" alt=\"Foule richement habill\u00e9e focalis\u00e9e vers un point sur la droite.\" width=\"499\" height=\"333\"\/><\/figure>\n\n\n\n<p>\u00ad<a href=\"https:\/\/76835.r.ag.d.sendibm3.com\/mk\/cl\/f\/xuzV60m1LlLcAnb9AupzeTDNjZxX3NGlNEVpQxGXFKcqqWxwvFpWrvXtDGMWugdiylgFMT4eItoiyS24YKRKwXZz2hkqeUUdfyKk0xPGLUcnmgQbWWCIOhj8yn2pugH52ulw37Hko5AtktcwXIW3SoZiRGhPac9HH2OzhC6k3kRRYdU8tx-sVikSQoAW852VF0_3OX4Xpx_pAjR4NB7yyKSQQ5R06zlglmGoYoKnEiop_XM5Grrkr4CAuW7vA7xkVlEJU49hooCL9QbK2qAWGi0\">La R\u00e9serve f\u00e9d\u00e9rale, premi\u00e8re d\u00e9tentrice de la dette am\u00e9ricaine<\/a> (Elucid)<\/p>\n\n\n\n<p><strong>Analyse<\/strong><\/p>\n\n\n\n<p><strong><a href=\"https:\/\/blogs.mediapart.fr\/jean-marc-b\/blog\/191121\/apotheose-neoliberale-la-cop26-fonde-le-marche-mondial-de-l-incendie\">Apoth\u00e9ose n\u00e9olib\u00e9rale: la COP26 fonde le march\u00e9 mondial de l\u2019incendie&#8230;<\/a>-Daniel Tanuro<\/strong><\/p>\n\n\n\n<figure class=\"wp-block-image size-full is-resized is-style-default\"><img data-recalc-dims=\"1\" loading=\"lazy\" decoding=\"async\" src=\"https:\/\/i0.wp.com\/www.rdpemancipation.org\/wp-content\/uploads\/2021\/11\/COP-1.jpeg?resize=517%2C318&#038;ssl=1\" alt=\"\" class=\"wp-image-58152\" width=\"517\" height=\"318\" srcset=\"https:\/\/i0.wp.com\/www.rdpemancipation.org\/wp-content\/uploads\/2021\/11\/COP-1.jpeg?w=900&amp;ssl=1 900w, https:\/\/i0.wp.com\/www.rdpemancipation.org\/wp-content\/uploads\/2021\/11\/COP-1.jpeg?resize=300%2C185&amp;ssl=1 300w, https:\/\/i0.wp.com\/www.rdpemancipation.org\/wp-content\/uploads\/2021\/11\/COP-1.jpeg?resize=768%2C473&amp;ssl=1 768w\" sizes=\"auto, (max-width: 517px) 100vw, 517px\" \/><\/figure>\n\n\n\n<p><strong><a href=\"https:\/\/blogs.mediapart.fr\/jean-marc-b\/blog\/181121\/multinationales-font-tout-le-contraire-des-engagements-de-la-cop26\">Les multinationales font tout le contraire des engagements de la COP26 <\/a>-Jean-Marc B<\/strong><\/p>\n\n\n\n<figure class=\"wp-block-image is-resized is-style-default\"><img data-recalc-dims=\"1\" loading=\"lazy\" decoding=\"async\" src=\"https:\/\/i0.wp.com\/467222-1467340-raikfcquaxqncofqfm.stackpathdns.com\/wp-content\/uploads\/2015\/05\/Oil-Rigs-780x470.jpg?resize=522%2C315&#038;ssl=1\" alt=\"\" width=\"522\" height=\"315\"\/><figcaption><sub><sub>Plus d&rsquo;investissement en projet dans les \u00e9nergies fossiles que dans les \u00e9nergies renouvelables<\/sub><\/sub><\/figcaption><\/figure>\n\n\n\n<p><strong><span style=\"color:#f21520\" class=\"has-inline-color\">18 novembre en continu<\/span><\/strong><\/p>\n\n\n\n<p><strong>France<\/strong><\/p>\n\n\n\n<p><a href=\"https:\/\/www.connaissancedesenergies.org\/afp\/depollution-de-lex-raffinerie-petroplus-valgo-lamende-211118\">D\u00e9pollution de l&rsquo;ex-raffinerie P\u00e9troplus : Valgo \u00e0 l&rsquo;amende<\/a> &nbsp;(AFP)<\/p>\n\n\n\n<p><a href=\"https:\/\/www.boursorama.com\/actualite-economique\/actualites\/le-maire-s-oppose-a-la-delocalisation-de-la-production-d-ascoval-vers-l-allemagne-31dbbcd527fb793836e2386fc7406099\">Le Maire s&rsquo;oppose \u00e0 la d\u00e9localisation d&rsquo;Ascoval vers l&rsquo;Allemagne<\/a> <strong>&nbsp;<\/strong>(Reuters)<\/p>\n\n\n\n<p><a href=\"https:\/\/www.boursorama.com\/actualite-economique\/actualites\/l-ocde-plus-optimiste-sur-la-croissance-francaise-plaide-pour-de-moindres-depenses-publiques-c81cb6db5b17ce75f832eb3e5959a1dd\">L&rsquo;OCDE plus optimiste sur la croissance fran\u00e7aise<\/a> &nbsp;(AFP)<\/p>\n\n\n\n<p><a href=\"https:\/\/www.boursorama.com\/actualite-economique\/actualites\/avenir-electrique-la-cour-des-comptes-alerte-sur-les-incertitudes-autour-du-nucleaire-a4940893adf2158a519eb679ad96b498\">la Cour des comptes alerte sur les \u00ab\u00a0incertitudes\u00a0\u00bb autour du nucl\u00e9aire<\/a> &nbsp;(AFP)<\/p>\n\n\n\n<p><a href=\"https:\/\/www.boursorama.com\/actualite-economique\/actualites\/le-senat-retoque-l-indemnite-inflation-au-profit-de-mesures-mieux-ciblees-b2eaca8da52265cd55e964f4220321d0\">Le S\u00e9nat retoque \u00ab\u00a0l&rsquo;indemnit\u00e9 inflation\u00a0\u00bb, au profit de mesures \u00ab\u00a0mieux cibl\u00e9es\u00a0\u00bb<\/a> &nbsp;(AFP)<\/p>\n\n\n\n<p><a href=\"https:\/\/www.boursorama.com\/actualite-economique\/actualites\/mieux-evaluer-l-impact-de-l-eolien-sur-la-biodiversite-pour-le-reduire-00960c2c8c2e216651e34931b5b23d54\">Mieux \u00e9valuer l&rsquo;impact de l&rsquo;\u00e9olien sur la biodiversit\u00e9 pour le r\u00e9duire<\/a> &nbsp;(AFP)<\/p>\n\n\n\n<p><a href=\"https:\/\/www.boursorama.com\/actualite-economique\/actualites\/google-va-payer-l-afp-pendant-cinq-ans-pour-utiliser-ses-contenus-en-ligne-6e8e48843b48797332c1df77863d8a64\">Google va payer l&rsquo;AFP pendant cinq ans pour utiliser ses contenus en ligne<\/a> &nbsp;(AFP)<\/p>\n\n\n\n<p><a href=\"https:\/\/www.mediapart.fr\/journal\/france\/181121\/selon-le-secours-catholique-10-de-la-population-recu-des-aides-alimentaires-en-2020-du-jamais-vu-en-temps\">Pauvret\u00e9&nbsp;: 10&nbsp;% de la population doit \u00eatre aid\u00e9e pour manger, du jamais-vu <\/a>&nbsp;(M\u00e9diapart)<\/p>\n\n\n\n<p><a href=\"http:\/\/t.nl.france3.fr\/r\/?id=h12d0a3dc,670f655a,5f27003a&amp;p1=726375-1613287517-668363dc\">Pauvret\u00e9 : le Secours Catholique alerte sur la plong\u00e9e dans la pr\u00e9carit\u00e9<\/a> (France 3)<\/p>\n\n\n\n<p><a href=\"https:\/\/www.mediapart.fr\/journal\/economie\/181121\/grigny-la-liquidation-de-l-usine-bergams-met-282-salaries-sur-le-carreau\">Gr\u00e8ve \u00e0 Grigny, l\u2019usine Bergams coule, ses salari\u00e9s avec <\/a>&nbsp;(M\u00e9diapart)<\/p>\n\n\n\n<p><a href=\"http:\/\/t.nl.france3.fr\/r\/?id=h12d0a3dc,670f655a,5f27002b&amp;p1=726375-1613287517-668363dc\">Fermeture de Benteler \u00e0 Migennes annonc\u00e9e, 400 emplois menac\u00e9s<\/a> (France 3)<\/p>\n\n\n\n<p><a href=\"https:\/\/www.mediapart.fr\/journal\/france\/171121\/railcoop-la-releve-citoyenne-de-la-sncf-est-sur-les-rails\">Railcoop&nbsp;: la rel\u00e8ve citoyenne de la SNCF est sur les rails <\/a>(M\u00e9diapart)<\/p>\n\n\n\n<p><a href=\"https:\/\/www.tresor.economie.gouv.fr\/Articles\/2021\/11\/16\/discriminations-sur-le-marche-du-travail-comment-les-mesurer-quel-cout-economique\" target=\"_blank\" rel=\"noreferrer noopener\">Discriminations sur le march\u00e9 du travail : comment les mesurer, quel co\u00fbt \u00e9conomique ?<\/a> (Tr\u00e9sor-Eco)<\/p>\n\n\n\n<p><a href=\"https:\/\/www.mediapart.fr\/journal\/economie\/171121\/le-quinquennat-macron-bien-ete-celui-des-ultra-riches\">Le quinquennat Macron a bien \u00e9t\u00e9 celui des ultra-riches<\/a> par Romaric Godin (M\u00e9diapart)<\/p>\n\n\n\n<p>\u00ad<a href=\"https:\/\/76835.r.ag.d.sendibm3.com\/mk\/cl\/f\/tJLAq-wnDnuE8gsIPknnlk44WQ57NNyrzm7QXJSU-108wxkLyVOehRWytTJ30ES7aE8htVznEcooll4z-Hh4Aa4pdHEVr2Wnf30guQ1QgZumbtp1b_leluN2AZe-rEzXhhbQJsZDmDfG73lhETRfiEaz7dYsog6Cy_QOSwH-s5RGiVBQnga-XJNtkgvSbA3rU86p8nNhB3_rwihIdPbrWLkGkWgmgNUxIjj-rqvPYdZTOo94qboKclkMlKMQ6fClRP0csbUcaHiSY_5zxcPOAz_F3hqYFIYs\">Guerre \u00e9conomique : La France face \u00e0 l\u2019imp\u00e9rialisme am\u00e9ricain<\/a> (Elucid)<\/p>\n\n\n\n<p><strong>Monde<\/strong><\/p>\n\n\n\n<p><a href=\"https:\/\/www.boursorama.com\/actualite-economique\/actualites\/usa-l-indice-philly-fed-progresse-plus-qu-attendu-en-novembre-09763f0c0f1aceb9a11b4fed9db160a4\">USA : L&rsquo;indice \u00ab\u00a0Philly Fed\u00a0\u00bb progresse\u200b\u200b\u200b\u200b\u200b\u200b\u200b\u200b plus qu&rsquo;attendu en novembre\u200b\u200b\u200b\u200b\u200b<\/a> &nbsp;(Reuters)<\/p>\n\n\n\n<p><a href=\"https:\/\/www.boursorama.com\/videos\/actualites\/pourquoi-la-bce-s-inquiete-t-elle-de-l-envolee-des-prix-immobiliers-19a27f8b46a16dad695cec6d35a34263\">Pourquoi la BCE s&rsquo;inqui\u00e8te-t-elle de l&rsquo;envol\u00e9e des prix immobiliers ?<\/a> &nbsp;(Ecorama)<\/p>\n\n\n\n<p><a href=\"https:\/\/www.boursorama.com\/actualite-economique\/actualites\/automobile-le-marche-europeen-touche-le-fond-en-octobre-b7ab0840ea4a877899728016ef8ad3cc\">Automobile: le march\u00e9 europ\u00e9en touche le fond en octobre<\/a> &nbsp;(AFP)<\/p>\n\n\n\n<p><a href=\"https:\/\/u7061146.ct.sendgrid.net\/ls\/click?upn=4tNED-2FM8iDZJQyQ53jATUSfB-2BL51ixBaP4WP8SRR3zuKMHeNJh3ITB5ucoR2ooqZjccGGG6hnKYvhwyGXSHwlSJzHeviQpGh-2Fl2b5ZJfj6Y-3Db68d_9lJWQoRg-2BKaa3KSkJQTCZvagMEBZxhyko68STv2neD2gYTx8FoTkEltdchO0XuhCN1oOkxe4jWgCw4hLhfRrWyuXw3iUix-2FUA302CepC3qb7Hn-2Fd4P4JZE4PpJPW6PAMNEkt3qU3L5c5Cl1gpkdzWnC24R6hOXVHIjGlNLx7pz9eHV2u7Ho3MisDR1HGRnQc9MXJQCjsc3zaC7r6saIpFnn28vKohGVzr4OjdqRDN9tq2XDNV49mLaqgJWEB03tkPZF4CPNdzJCs-2BCnCY0mtDLjZ7laWpL7-2BFgwcuY2HGSIagS8FXh339usJnIMUDTBB9EHzT6qiX-2BgVxj5b7jXLvSDZgMdFIxju1QQCpPlK-2FaE-3D\" target=\"_blank\" rel=\"noreferrer noopener\">Les in\u00e9galit\u00e9s comptent-elles&nbsp;?<\/a> (Rapport OCDE)<\/p>\n\n\n\n<p><strong>Analyse<\/strong><\/p>\n\n\n\n<p><a href=\"https:\/\/www.connaissancedesenergies.org\/la-lutte-contre-la-precarite-energetique-plus-que-jamais-dactualite-211116\">La lutte contre la pr\u00e9carit\u00e9 \u00e9nerg\u00e9tique&nbsp;plus que jamais d\u2019actualit\u00e9 <\/a>&nbsp;(Connaissance des \u00e9nergies)<\/p>\n\n\n\n<p><a href=\"https:\/\/blogs.mediapart.fr\/christophe-patillon\/blog\/101121\/neoliberalisme-et-guerre-civile\">N\u00e9olib\u00e9ralisme et guerre civile<\/a> &nbsp;(Blog de Christophe Patillon)<\/p>\n\n\n\n<p><strong><span style=\"color:#f21520\" class=\"has-inline-color\">17 novembre en continu<\/span><\/strong><\/p>\n\n\n\n<p><strong>France<\/strong><\/p>\n\n\n\n<p><a href=\"https:\/\/www.boursorama.com\/actualite-economique\/actualites\/antoine-deltour-un-discret-comptable-francais-a-l-origine-des-luxleaks-4d19af5ec9f7eea1a89c931f92619f13\">Antoine Deltour, un discret comptable fran\u00e7ais \u00e0 l&rsquo;origine des LuxLeaks<\/a> <strong>&nbsp;<\/strong>(AFP)<\/p>\n\n\n\n<p><a href=\"https:\/\/www.boursorama.com\/videos\/actualites\/combien-les-depenses-contraintes-pesent-elles-dans-notre-budget-b78cd7a0d2a95d8660433ca836a9473f\">Combien les d\u00e9penses contraintes p\u00e8sent-elles dans notre budget&nbsp;?<\/a> <strong>&nbsp;<\/strong>(Ecorama)<\/p>\n\n\n\n<p><a href=\"https:\/\/www.boursorama.com\/videos\/actualites\/exportations-de-rafale-en-hausse-veritable-envol-ou-mirage-economique-aa9b7181cbbff690e291ece0bd5ce3f3\">Exportations de Rafale en hausse : v\u00e9ritable envol ou&#8230; mirage \u00e9conomique ?<\/a> &nbsp;(France 24)<\/p>\n\n\n\n<p><a href=\"https:\/\/www.boursorama.com\/actualite-economique\/actualites\/france-les-creations-d-entreprises-rebondissent-en-octobre-sur-un-mois-4f1c8ffcfcee8b892c0c4ff617dbcfaa\">France: les cr\u00e9ations d&rsquo;entreprises rebondissent en octobre sur un mois<\/a> &nbsp;(Boursorama)<\/p>\n\n\n\n<p><a href=\"https:\/\/www.boursorama.com\/actualite-economique\/actualites\/l-inflation-est-temporaire-appelle-des-mesures-de-protection-declare-le-maire-ee57e833368737f53311a05d25706c66\">L&rsquo;inflation est temporaire et appelle des mesures de protection<\/a> &nbsp;(Reuters)<\/p>\n\n\n\n<p><strong><a href=\"https:\/\/www.boursorama.com\/actualite-economique\/actualites\/une-etude-bat-en-breche-le-bilan-du-gouvernement-sur-le-pouvoir-d-achat-0d0d92edff0aebb0d4c97ca5c8f5978f\">Une \u00e9tude bat en br\u00e8che le bilan du gouvernement sur le pouvoir d&rsquo;achat<\/a><\/strong> <strong>&nbsp;(AFP)<\/strong><\/p>\n\n\n\n<p><strong><a href=\"https:\/\/www.alternatives-economiques.fr\/Impots&nbsp;:%20les%20tr\u00e8s%20tr\u00e8s%20riches%20sont%20les%20grands%20gagnants%20du%20quinquennat\">Imp\u00f4ts&nbsp;: les tr\u00e8s tr\u00e8s riches sont les grands gagnants du quinquennat<\/a><\/strong> (Alter \u00e9co)<\/p>\n\n\n\n<p><a href=\"https:\/\/www.alternatives-economiques.fr\/fipaddict\/isf-nostalgie-ne-suffit\/00101058?utm_source=emailing&amp;utm_medium=email&amp;utm_campaign=NL_Quotidienne&amp;utm_content=16112021\">ISF&nbsp;: La nostalgie ne suffit pas<\/a> (Alter \u00e9co)<\/p>\n\n\n\n<p><strong><a href=\"https:\/\/www.ritimo.org\/L-Aide-au-developpement-une-longue-hypocrisie-francaise\">L&rsquo;Aide au d\u00e9veloppement, une longue hypocrisie fran\u00e7aise<\/a> (Ritimo)<\/strong><\/p>\n\n\n\n<p><a href=\"https:\/\/www.francetvinfo.fr\/economie\/energie\/emmanuel-macron-annonce-un-credit-supplementaire-de-1-9-milliard-deuros-pour-la-filiere-hydrogene_4847043.html\">Macron annonce un cr\u00e9dit suppl\u00e9mentaire de 1,9 milliard \u20ac pour la fili\u00e8re hydrog\u00e8ne<\/a> (France Info)<\/p>\n\n\n\n<p><strong>Monde<\/strong><\/p>\n\n\n\n<p><a href=\"https:\/\/www.boursorama.com\/videos\/actualites\/la-bourse-n-aime-t-elle-plus-les-conglomerats-c6857f7cbd438a5d22f5029f1af0d453\">La Bourse n&rsquo;aime-t-elle plus les conglom\u00e9rats ?<\/a> &nbsp;(Ecorama)<\/p>\n\n\n\n<p><a href=\"https:\/\/www.boursorama.com\/actualite-economique\/actualites\/deforestation-l-ue-veut-verdir-ses-importations-les-ong-regrettent-des-lacunes-3422fad42c474ba235b8b9ebf325b581\">D\u00e9forestation: l&rsquo;UE veut verdir ses importations, les ONG regrettent des lacunes<\/a> &nbsp;(AFP)<\/p>\n\n\n\n<p><a href=\"https:\/\/www.boursorama.com\/actualite-economique\/actualites\/l-inflation-britannique-au-plus-haut-en-10-ans-c9464961557d64ebf101af5df3712bb4\">L&rsquo;inflation britannique au plus haut en 10 ans<\/a> <strong>&nbsp;<\/strong>(Reuters)<\/p>\n\n\n\n<p><a href=\"https:\/\/www.boursorama.com\/actualite-economique\/actualites\/vente-d-armes-grands-importateurs-les-emirats-veulent-leur-industrie-d-armement-76d2ebf463bb5dcf73f0aa14b5012f4e\">Grands importateurs, les Emirats veulent leur industrie d&rsquo;armement<\/a> <strong>&nbsp;<\/strong>(Boursorama)<\/p>\n\n\n\n<p><a href=\"https:\/\/www.boursorama.com\/actualite-economique\/actualites\/les-riches-pays-petroliers-du-golfe-misent-sur-l-intelligence-artificielle-05e9d7a1f977c716d374360e301cade3\">Les riches pays p\u00e9troliers du Golfe misent sur l&rsquo;intelligence artificielle<\/a> &nbsp;(AFP)<\/p>\n\n\n\n<p><a href=\"https:\/\/www.boursorama.com\/actualite-economique\/actualites\/biden-nommera-le-prochain-president-de-la-fed-dans-environ-quatre-jours-d24f0430febb96a6abee5462abd9903f\">Biden nommera le prochain pr\u00e9sident de la Fed dans \u00ab\u00a0environ quatre jours\u00a0\u00bb<\/a> &nbsp;(AFP)<\/p>\n\n\n\n<p><a href=\"https:\/\/www.francetvinfo.fr\/monde\/environnement\/cop26\/cop26-on-vous-explique-la-decision-sur-les-marches-carbone-derniere-pierre-de-l-accord-de-paris_4831301.html\">COP26 : on vous explique la d\u00e9cision sur les march\u00e9s carbone, derni\u00e8re pierre de l&rsquo;accord de Paris<\/a> (France Info)<\/p>\n\n\n\n<p><strong>Analyse<\/strong><\/p>\n\n\n\n<p><a href=\"https:\/\/www.connaissancedesenergies.org\/crise-des-prix-de-lenergie-une-epreuve-de-verite-pour-le-pacte-vert-europeen-211117\">Crise de l\u2019\u00e9nergie : une \u00e9preuve de v\u00e9rit\u00e9 pour le Pacte vert europ\u00e9en <\/a>&nbsp;(Ifri )<\/p>\n\n\n\n<p><a href=\"https:\/\/lvsl.fr\/Guerre%20europ\u00e9enne%20pour%20l'h\u00e9g\u00e9monie%20financi\u00e8re\">Guerre europ\u00e9enne pour l\u2019h\u00e9g\u00e9monie financi\u00e8re<\/a> (LVSL)<\/p>\n\n\n\n<p><a href=\"https:\/\/theconversationfrance.cmail20.com\/t\/r-l-trildrx-bljhhjjkyu-c\/\">R\u00e9orienter l\u2019\u00e9conomie&nbsp;: une&nbsp;derni\u00e8re chance pour sauver le&nbsp;climat<\/a> -Michel Aglietta, Isabelle Bensidoun (CEPII)<\/p>\n\n\n\n<p><strong><span style=\"color:#f21520\" class=\"has-inline-color\">16 novembre en continu<\/span><\/strong><\/p>\n\n\n\n<p><strong>France<\/strong><\/p>\n\n\n\n<p><a href=\"https:\/\/www.mediapart.fr\/journal\/france\/151121\/reforme-de-l-assurance-chomage-une-ultime-audience-au-conseil-detat-pour-presque-rien\" target=\"_blank\" rel=\"noreferrer noopener\">&nbsp;Assurance-ch\u00f4mage: une ultime audience au Conseil d&rsquo;Etat pour presque rien<\/a> &nbsp;(M\u00e9diapart)<\/p>\n\n\n\n<p><a href=\"https:\/\/rapportsdeforce.fr\/classes-en-lutte\/au-conseil-detat-les-critiques-de-la-reforme-de-lassurance-chomage-balayees-111611777\" target=\"_blank\" rel=\"noreferrer noopener\">Au Conseil d\u2019\u00c9tat, les critiques de la r\u00e9forme de l\u2019assurance ch\u00f4mage balay\u00e9es<\/a> &nbsp;(Rapports de Force)<\/p>\n\n\n\n<p><a href=\"https:\/\/www.connaissancedesenergies.org\/afp\/hydrogene-vert-engie-accelere-le-rythme-211116\">Hydrog\u00e8ne vert : Engie acc\u00e9l\u00e8re le rythme<\/a> &nbsp;(AFP)<\/p>\n\n\n\n<p><a href=\"https:\/\/www.boursorama.com\/actualite-economique\/actualites\/le-groupe-immobel-acquiert-le-site-de-tati-barbes-a-paris-eeb4b699a7373d42f2f99a744f07ffba\">Le groupe Immobel acquiert le site de Tati Barb\u00e8s \u00e0 Paris<\/a> &nbsp;(Reuters)<\/p>\n\n\n\n<p><a href=\"https:\/\/www.boursorama.com\/actualite-economique\/actualites\/croissance-le-rebond-post-covid-en-france-sera-plus-rapide-qu-apres-la-crise-de-2008-selon-une-etude-5d4efc44ce1333683799fbb5ca3e09da\">Le rebond post-covid sera plus rapide qu&rsquo;apr\u00e8s la crise de 2008<\/a> &nbsp;(Boursorama )<\/p>\n\n\n\n<p><a href=\"https:\/\/www.boursorama.com\/videos\/actualites\/de-vraies-hausses-de-salaires-debut-2022-2ceca42e4c452c08f4124e97119e219d\">De vraies hausses de salaires d\u00e9but 2022 ?<\/a> &nbsp;(Ecorama)<\/p>\n\n\n\n<p><a href=\"https:\/\/www.boursorama.com\/actualite-economique\/actualites\/largement-complete-le-budget-2022-au-vote-des-deputes-9258347ef1d648f1b30ea63e8489d20d\">Largement compl\u00e9t\u00e9, le budget 2022 au vote des d\u00e9put\u00e9s<\/a> &nbsp;(AFP)<\/p>\n\n\n\n<p><a href=\"https:\/\/www.boursorama.com\/actualite-economique\/actualites\/france-l-inflation-a-accelere-a-2-6-sur-un-an-en-octobre-1091bf678b7acbbd7721b9bdae4c9d57\">France : l&rsquo;inflation a acc\u00e9l\u00e9r\u00e9 \u00e0 +2,6% sur un an en octobre<\/a> &nbsp;(AFP)<\/p>\n\n\n\n<p><a href=\"https:\/\/www.boursorama.com\/actualite-economique\/actualites\/carburants-gazole-en-hausse-sans-plomb-en-recul-les-tarifs-restent-proches-des-records-8815a1e431019a15f1e2f87a4a922b80\">Gazole en hausse, sans-plomb en recul, mais proches des records<\/a> &nbsp;(Boursorama)<\/p>\n\n\n\n<p><a href=\"https:\/\/www.boursorama.com\/actualite-economique\/actualites\/terrasse-par-le-coronavirus-l-a380-retrouve-un-coin-de-ciel-bleu-7c9b3b0362fd99c1ad0882c3b8ee7e7c\">Terrass\u00e9 par le coronavirus, l&rsquo;A380 retrouve un coin de ciel bleu<\/a> &nbsp;(AFP)<\/p>\n\n\n\n<p><a href=\"https:\/\/www.humanite.fr\/bourse-des-records-de-versements-de-dividendes-en-2021-727573#xtor=RSS-1\">Bourse. Des records de versements de dividendes en 2021<\/a> (L\u2019Humanit\u00e9)&nbsp;<\/p>\n\n\n\n<p><strong>Monde<\/strong><\/p>\n\n\n\n<p><a href=\"https:\/\/basta.media\/COP26-bilan-accords-energies-fossiles-charbon-methane-deforestation-climat-pays-pauvres\" target=\"_blank\" rel=\"noreferrer noopener\">&nbsp;\u00ab Les pays riches ont d\u00e9lib\u00e9r\u00e9ment tourn\u00e9 le dos aux pays vuln\u00e9rables \u00bb<\/a> &nbsp;(Basta!)<\/p>\n\n\n\n<p><a href=\"https:\/\/www.connaissancedesenergies.org\/afp\/le-lancement-du-gazoduc-nord-stream-2-grippe-par-un-caillou-juridique-allemand-211116\">Le lancement du gazoduc Nord Stream 2 gripp\u00e9 par un caillou juridique allemand<\/a> &nbsp;(AFP)<\/p>\n\n\n\n<p><a href=\"https:\/\/www.connaissancedesenergies.org\/afp\/emirats-arabes-unis-la-compagnie-petroliere-adnoc-va-investir-6-milliards-deuros-dans-des-forages-de-brut-211116\">EAU : ADNOC va investir 6 milliards \u20ac dans des forages de brut<\/a> &nbsp;(AFP)<\/p>\n\n\n\n<p><a href=\"https:\/\/www.boursorama.com\/actualite-economique\/actualites\/usa-rebond-de-la-production-industrielle-en-octobre-18beb4da50dc2c111ed505e0753ca744\">USA : Rebond de la production industrielle en octobre<\/a> &nbsp;(Reuters)<\/p>\n\n\n\n<p><a href=\"https:\/\/www.boursorama.com\/actualite-economique\/actualites\/zone-euro-la-croissance-du-pib-confirmee-a-2-2-au-troisieme-trimestre-887cbb7d056573aeca5272c5536be557\">Zone euro : La croissance du PIB confirm\u00e9e \u00e0 2,2% \u00e0 T3<\/a> &nbsp;(Reuters)<\/p>\n\n\n\n<p><a href=\"https:\/\/www.boursorama.com\/actualite-economique\/actualites\/boeing-engrange-quelques-commandes-au-troisieme-jour-du-salon-de-dubai-0e729fd11af0b5ebbaf4b598164f8471\">Boeing engrange quelques commandes au salon de Duba\u00ef<\/a> &nbsp;(AFP)<\/p>\n\n\n\n<p><a href=\"https:\/\/www.boursorama.com\/actualite-economique\/actualites\/la-livre-stimulee-par-la-vigueur-de-l-emploi-britannique-608cc75c4b5ef7d6985f90dbbef1be3d\">La livre stimul\u00e9e par la vigueur de l&#8217;emploi britannique<\/a> (AFP)<\/p>\n\n\n\n<p><a href=\"https:\/\/www.boursorama.com\/videos\/actualites\/taiwan-une-economie-entre-forte-croissance-et-inquietude-face-a-la-chine-8eaf76d1be082f331b97b2b686aa3c2e\">Ta\u00efwan : une \u00e9conomie entre forte croissance et inqui\u00e9tude face \u00e0 la Chine<\/a> &nbsp;(France 24)<\/p>\n\n\n\n<p><a href=\"https:\/\/www.boursorama.com\/actualite-economique\/actualites\/faire-des-emballages-moins-polluants-un-defi-pour-le-e-commerce-6770816be302a4985fda8c1a44bb8390\">Faire des emballages moins polluants, un d\u00e9fi pour le e-commerce<\/a> &nbsp;(AFP)<\/p>\n\n\n\n<p><strong><a href=\"https:\/\/theintercept.com\/2021\/11\/11\/inflation-saudi-arabia-biden-mbs-oil\/\">Arabie restreint sa production p\u00e9troli\u00e8re pour obtenir un meilleur soutien politique US <\/a>(angl-The Intercept)<\/strong><\/p>\n\n\n\n<p><a href=\"https:\/\/www.monde-diplomatique.fr\/cartes\/boisrond\">Le bois, une ressource naturelle capt\u00e9e par P\u00e9kin<\/a> (Le Monde diplomatique)<\/p>\n\n\n\n<p><strong>Analyse<\/strong><\/p>\n\n\n\n<p><strong><a href=\"http:\/\/cadtm.org\/Rapport-sur-la-situation-economique-et-politique-internationale-presente-a-l\">Rapport sur la situation \u00e9conomique et politique internationale <\/a> (CADTM)<\/strong><\/p>\n\n\n\n<p><strong><span style=\"color:#f21520\" class=\"has-inline-color\">15 novembre en continu<\/span><\/strong><\/p>\n\n\n\n<p><strong>France<\/strong><\/p>\n\n\n\n<p><a href=\"https:\/\/www.bondyblog.fr\/societe\/migrations\/larret-des-transferts-dargent-peut-engendrer-des-drames-humains\/\" target=\"_blank\" rel=\"noreferrer noopener\">\u00ab L\u2019arr\u00eat des transferts d\u2019argent peut engendrer des drames humains \u00bb<\/a> &nbsp;(Le Bondy Blog)<\/p>\n\n\n\n<p><a href=\"https:\/\/afriquexxi.info\/article4880.html\" target=\"_blank\" rel=\"noreferrer noopener\">Dette. Le jeu dangereux (mais tr\u00e8s lucratif) des banques fran\u00e7aises<\/a> &nbsp;(Afrique XXI)<\/p>\n\n\n\n<p><a href=\"https:\/\/lecourrier.ch\/2021\/11\/15\/profits\/\" target=\"_blank\" rel=\"noreferrer noopener\">Profits<\/a> &nbsp;(Le Courrier)<\/p>\n\n\n\n<p><a href=\"https:\/\/www.mediapart.fr\/journal\/international\/151121\/total-doit-cesser-de-donner-le-moindre-dollar-la-junte-birmane\">\u00ab Total doit cesser de donner le moindre dollar \u00e0 la junte birmane \u00bb <\/a>&nbsp;(M\u00e9diapart)<\/p>\n\n\n\n<p><a href=\"https:\/\/www.boursorama.com\/actualite-economique\/actualites\/ferropem-l-une-des-deux-usines-menacees-echappe-a-la-fermeture-9d3de76168c4c065889cc3879e484677\">Ferropem : l&rsquo;une des deux usines menac\u00e9es \u00e9chappe \u00e0 la fermeture<\/a> &nbsp;(AFP)<\/p>\n\n\n\n<p><a href=\"https:\/\/www.boursorama.com\/actualite-economique\/actualites\/france-en-alsace-l-industrie-textile-relocalisee-devient-une-filiere-d-avenir-59ad48f938d0179dbba2b8038b84dd84\">En Alsace, l&rsquo;industrie textile relocalis\u00e9e devient une fili\u00e8re d&rsquo;avenir<\/a> &nbsp;(AFP)<\/p>\n\n\n\n<p><a href=\"https:\/\/www.boursorama.com\/boursoramag\/actualites\/l-etat-renonce-a-vendre-le-domaine-de-grignon-a-un-promoteur-immobilier-8eb11dfbf595e7a031827978fe24fe5f\">L&rsquo;Etat renonce \u00e0 vendre le domaine de Grignon \u00e0 un promoteur immobilier<\/a> &nbsp;(AFP)<\/p>\n\n\n\n<p><a href=\"https:\/\/www.connaissancedesenergies.org\/afp\/france-les-prix-des-carburants-des-niveaux-eleves-proches-de-leurs-records-211115\">Les prix des carburants \u00e0 des niveaux \u00e9lev\u00e9s, proches de leurs records<\/a> (AFP)<\/p>\n\n\n\n<p><a href=\"https:\/\/info.alternatives-economiques.fr\/optiext\/optiextension.dll?ID=hLKhK_vehQGQEGzRJa0IPti7V%2BuL9Ux4bbgjv%2BtwYfLR6IXxp99dcFv6XwA_YVrZ6Sm3BjI73xP7ta65M9zuL%2B6%2BB_v3y\" target=\"_blank\" rel=\"noreferrer noopener\">Relancer le nucl\u00e9aire ne co\u00fbte pas moins cher que d&rsquo;en sortir<\/a> (Alter \u00e9co)<\/p>\n\n\n\n<p><a href=\"https:\/\/lvsl.fr\/energie-contre-la-liberalisation-du-secteur-une-gestion-citoyenne-sous-legide-dun-pole-public\/\">\u00c9nergie : contre la lib\u00e9ralisation du secteur, une gestion citoyenne sous l\u2019\u00e9gide d\u2019un p\u00f4le public<\/a> (<a href=\"https:\/\/lvsl.fr\/energie-contre-la-liberalisation-du-secteur-une-gestion-citoyenne-sous-legide-dun-pole-public\/\">LVSL<\/a>)<\/p>\n\n\n\n<p><strong>Monde<\/strong><\/p>\n\n\n\n<p><a href=\"https:\/\/www.boursorama.com\/actualite-economique\/actualites\/la-livre-monte-la-boe-s-inquiete-de-l-inflation-3e36812ed357dce581a9da3bc76e5c2a\">La livre monte, la BoE s&rsquo;inqui\u00e8te de l&rsquo;inflation<\/a> &nbsp;(AFP)<\/p>\n\n\n\n<p><a href=\"https:\/\/www.boursorama.com\/actualite-economique\/actualites\/biden-dispose-de-peu-d-outils-pour-arreter-l-inflation-a-court-terme-5d29b4e8985a7516a34c5096d32d5e2e\">Biden dispose de peu d&rsquo;outils pour arr\u00eater l&rsquo;inflation \u00e0 court terme<\/a> &nbsp;(AFP)<\/p>\n\n\n\n<p><a href=\"https:\/\/www.boursorama.com\/actualite-economique\/actualites\/biden-signe-sa-grande-loi-d-infrastructures-rare-eclaircie-pour-un-president-impopulaire-6a46d6bb8fc6ee54bc3fe13a2f388f23\">Biden signe sa grande loi d&rsquo;infrastructures <\/a>&nbsp;(AFP)<\/p>\n\n\n\n<p><a href=\"https:\/\/www.connaissancedesenergies.org\/afp\/biden-veut-interdire-tout-nouveau-forage-petrolier-autour-dun-site-amerindien-du-nouveau-mexique-211115\">Biden veut interdire forage p\u00e9trolier autour d&rsquo;un site am\u00e9rindien du Nouveau-Mexique<\/a> &nbsp;(AFP)<\/p>\n\n\n\n<p><a href=\"https:\/\/www.boursorama.com\/actualite-economique\/actualites\/shell-indigne-les-pays-bas-avec-son-projet-de-transferer-son-siege-au-royaume-uni-cfdfabc41befed9978a21d6fbf411f8b\">Shell indigne les Pays-Bas avec son projet de transf\u00e9rer son si\u00e8ge au Royaume-Uni<\/a> &nbsp;(AFP)<\/p>\n\n\n\n<p><a href=\"https:\/\/www.boursorama.com\/actualite-economique\/actualites\/la-penurie-de-puces-va-durer-plusieurs-trimestres-selon-le-commissaire-europeen-thierry-breton-d1fb9f0880c35272b41679c609a97efa\">La p\u00e9nurie de puces va durer plusieurs trimestres, selon le commissaire Thierry Breton<\/a> &nbsp;(Boursorama)<\/p>\n\n\n\n<p><a href=\"https:\/\/www.boursorama.com\/videos\/actualites\/quand-la-fed-se-resoudra-t-elle-a-changer-de-discours-c85094bfbf150b7f2a93273073f3b586\">Quand la Fed se r\u00e9soudra-t-elle \u00e0 changer de discours ?<\/a> &nbsp;(Ecorama)<\/p>\n\n\n\n<p><a href=\"https:\/\/www.boursorama.com\/actualite-economique\/actualites\/l-inflation-baissera-plus-lentement-que-prevu-declare-lagarde-e4434c6024aa6996716a6e95782dca9b\">L&rsquo;inflation baissera plus lentement que pr\u00e9vu, d\u00e9clare Lagarde<\/a> &nbsp;(Reuters)<\/p>\n\n\n\n<p><a href=\"https:\/\/www.boursorama.com\/actualite-economique\/actualites\/le-luxembourg-ouvre-une-enquete-visant-le-gouverneur-de-la-banque-du-liban-b32dc4acf529553008b34e262a46b974\">Le Luxembourg ouvre une enqu\u00eate visant le gouverneur de la Banque du Liban<\/a> (Reuters)<\/p>\n\n\n\n<p><a href=\"https:\/\/www.boursorama.com\/actualite-economique\/actualites\/chine-production-industrielle-et-ventes-au-detail-superieures-aux-attentes-f23bdb1ec8927154d9928cd966e7fe32\">Chine : Production industrielle et ventes au d\u00e9tail sup\u00e9rieures aux attentes<\/a> (Reuters)<\/p>\n\n\n\n<p><a href=\"https:\/\/www.boursorama.com\/actualite-economique\/actualites\/japon-l-economie-s-est-contractee-plus-qu-attendu-au-3e-trimestre-7a547325c751b751a4670e3a9f414d28\">Japon : L&rsquo;\u00e9conomie s&rsquo;est contract\u00e9e plus qu&rsquo;attendu au 3e trimestre<\/a> (Reuters)<\/p>\n\n\n\n<p><a href=\"https:\/\/www.boursorama.com\/actualite-economique\/actualites\/la-holding-de-trump-va-ceder-le-bail-de-son-hotel-de-washington-pour-375-millions-de-dollars-presse-438e45d87c6a0ce3225a76db05ef9287\">La holding de Trump va c\u00e9der le bail de son h\u00f4tel de Washington<\/a> (AFP)<\/p>\n\n\n\n<p><a href=\"http:\/\/alencontre.org\/ameriques\/americnord\/usa\/etats-unis-debat-nous-devons-parler-de-la-veritable-raison-de-linflation.html\">USA D\u00e9bat. Nous devons parler de la v\u00e9ritable raison de l\u2019inflation <\/a>(Alencontre)<\/p>\n\n\n\n<p><strong>Analyse<\/strong><\/p>\n\n\n\n<p><a href=\"https:\/\/www.humanite.fr\/toxic-management-le-livre-qui-denonce-les-derives-patronales-727453#xtor=RSS-1\" target=\"_blank\" rel=\"noreferrer noopener\">\u00ab Toxic Management \u00bb : le livre qui d\u00e9nonce les d\u00e9rives patronales<\/a> &nbsp;(L\u2019Humanit\u00e9)<\/p>\n\n\n\n<p><a href=\"https:\/\/lundi.am\/Sur-la-valeur-travail-et-le-travail-comme-valeur\" target=\"_blank\" rel=\"noreferrer noopener\">Sur la valeur-travail et le travail comme valeur<\/a> (LundiMatin)<\/p>\n\n\n\n<figure class=\"wp-block-image size-full is-resized is-style-default\"><img data-recalc-dims=\"1\" loading=\"lazy\" decoding=\"async\" src=\"https:\/\/i0.wp.com\/www.rdpemancipation.org\/wp-content\/uploads\/2021\/11\/image-58.png?resize=618%2C425&#038;ssl=1\" alt=\"\" class=\"wp-image-57513\" width=\"618\" height=\"425\" srcset=\"https:\/\/i0.wp.com\/www.rdpemancipation.org\/wp-content\/uploads\/2021\/11\/image-58.png?w=506&amp;ssl=1 506w, https:\/\/i0.wp.com\/www.rdpemancipation.org\/wp-content\/uploads\/2021\/11\/image-58.png?resize=300%2C206&amp;ssl=1 300w\" sizes=\"auto, (max-width: 618px) 100vw, 618px\" \/><\/figure>\n\n\n\n<p><strong><span style=\"color:#f21520\" class=\"has-inline-color\">14 novembre en continu<\/span><\/strong><\/p>\n\n\n\n<p><strong>France<\/strong><\/p>\n\n\n\n<p><a href=\"https:\/\/www.boursorama.com\/actualite-economique\/actualites\/borne-confirme-qu-une-retraite-par-points-n-est-plus-envisagee-par-macron-d747e617937a6bd25d100d7b4bf3999f\"><strong>Borne confirme qu&rsquo;une retraite par points n&rsquo;est plus envisag\u00e9e par Macron<\/strong><\/a> (AFP)<\/p>\n\n\n\n<p><a href=\"https:\/\/www.humanite.fr\/projet-de-loi-de-finances-comment-financer-aujourdhui-la-securite-sociale-727440#xtor=RSS-1\" target=\"_blank\" rel=\"noreferrer noopener\">Projet de loi de finances. Comment financer aujourd\u2019hui la S\u00e9curit\u00e9 sociale ?<\/a>&nbsp; &nbsp;(L\u2019Humanit\u00e9)<\/p>\n\n\n\n<p><a href=\"https:\/\/www.lemediatv.fr\/emissions\/2021\/pole-emploi-la-machine-a-fliquer-les-chomeurs-6cLBBDUsQRqnBY0eIDUvVw\" target=\"_blank\" rel=\"noreferrer noopener\">P\u00f4le emploi : la machine \u00e0 fliquer les ch\u00f4meurs<\/a>&nbsp; (Le M\u00e9dia)<\/p>\n\n\n\n<p><a href=\"https:\/\/www.boursorama.com\/actualite-economique\/actualites\/les-compagnies-du-groupe-indigo-commandent-255-airbus-a321neo-a2dadff6c95cb62d02c1f5c6f7d67edf\">Les compagnies du groupe Indigo commandent 255 Airbus A321neo<\/a> (Reuters)<\/p>\n\n\n\n<p><a href=\"https:\/\/www.youtube.com\/watch?v=FE7XtMrtNew\">\u00c9conomie : le mauvais bilan d&rsquo;Emmanuel Macron<\/a>&nbsp;(Blast)<\/p>\n\n\n\n<p><a href=\"https:\/\/www.ifrap.org\/budget-et-fiscalite\/2021-un-deficit-public-qui-baisse-mais-un-deficit-de-letat-qui-monte\">2021&nbsp;: un d\u00e9ficit public qui baisse&#8230; mais un d\u00e9ficit de l&rsquo;Etat qui monte<\/a>&nbsp;(ifrap)<a href=\"https:\/\/www.lemonde.fr\/economie\/article\/2021\/11\/13\/avenir-energetique-de-la-france-une-consultation-citoyenne-teintee-de-sobriete_6101933_3234.html\"><\/a><\/p>\n\n\n\n<p><a href=\"https:\/\/www.lemonde.fr\/economie\/article\/2021\/11\/13\/avenir-energetique-de-la-france-une-consultation-citoyenne-teintee-de-sobriete_6101933_3234.html\">Avenir \u00e9nerg\u00e9tique de la France&nbsp;: une consultation citoyenne <\/a>&nbsp;(Le Monde)<\/p>\n\n\n\n<p><a href=\"https:\/\/www.lemonde.fr\/argent\/article\/2021\/11\/12\/les-fonds-labellises-relance-aident-ils-vraiment-les-entreprises-francaises_6101796_1657007.html?xtor=EPR-32280629-%5ba-la-une%5d-20211112-%5bzone_edito_2_titre_8%5d&amp;M_BT=60125486888240\">Les fonds labellis\u00e9s Relance aident-ils vraiment les entreprises fran\u00e7aises&nbsp;?<\/a> (Le Monde)<\/p>\n\n\n\n<p><a href=\"https:\/\/www.xerficanal.com\/economie\/emission\/Alexandre-Mirlicourtois-La-correction-des-inegalites-par-la-redistribution-fiscale-les-chiffres_3750143.html\">La correction des in\u00e9galit\u00e9s par la redistribution fiscale : les chiffres<\/a> (Xerfi Canal)<\/p>\n\n\n\n<p><a href=\"https:\/\/www.lest-eclair.fr\/id312333\/article\/2021-11-12\/sante-le-projet-dune-grande-secu-une-idee-qui-fait-debat\">Le projet d\u2019une \u00abGrande S\u00e9cu\u00bb, une id\u00e9e qui fait d\u00e9bat<\/a> (L\u2019Est Eclair)<\/p>\n\n\n\n<p><a href=\"https:\/\/europe-solidaire.us8.list-manage.com\/track\/click?u=5c732dd5ee65845cf20fd724a&amp;id=f9418718df&amp;e=5df9c98670\">Prix \u00e9lectricit\u00e9 : \u00ab s&rsquo;\u00e9manciper des prix de gros, tr\u00e8s volatils et incontr\u00f4lables \u00bb<\/a> (Tribune Le Monde)<\/p>\n\n\n\n<p><strong><a href=\"https:\/\/www.marxiste.org\/actualite-francaise\/luttes-mouvement-syndical\/2974-centrale-de-gardanne-nationalisation\">Centrale de Gardanne : nationalisation !<\/a> (TMI)<\/strong><\/p>\n\n\n\n<p><strong>Monde<\/strong><\/p>\n\n\n\n<p><a href=\"https:\/\/www.lemonde.fr\/economie\/article\/2021\/11\/13\/en-europe-la-production-industrielle-baisse-etouffee-par-les-penuries_6101934_3234.html\">La production industrielle baisse en Europe, \u00e9touff\u00e9e par les p\u00e9nuries<\/a> (Le Monde)<\/p>\n\n\n\n<p><a href=\"https:\/\/www.lemonde.fr\/economie\/article\/2021\/11\/12\/en-allemagne-les-idees-fusent-pour-contourner-le-frein-a-la-dette_6101882_3234.html\">En Allemagne, les id\u00e9es fusent pour contourner le frein \u00e0 la dette<\/a> (Le Monde)<\/p>\n\n\n\n<p><a href=\"https:\/\/live.banquemondiale.org\/transparence-de-la-dette-dans-les-economies-en-developpement\">Transparence de la dette dans les \u00e9conomies en d\u00e9veloppement<\/a> (Banque mondiale)<\/p>\n\n\n\n<p><a href=\"https:\/\/www.xerficanal.com\/economie\/emission\/Olivier-Passet-Seuls-les-fous-(et-les-economistes)-croient-a-une-croissance-sans-fin_3749963.html?utm_source=sendinblue&amp;utm_campaign=XC141121&amp;utm_medium=email\">Seuls les fous (et les \u00e9conomistes) croient \u00e0 une croissance sans fin<\/a>&nbsp; (Xerfi Canal)<\/p>\n\n\n\n<p><a href=\"https:\/\/www.letemps.ch\/economie\/vingt-ans-scandales-se-multiplies-chez-credit-suisse\" target=\"_blank\" rel=\"noreferrer noopener\">En vingt ans, les scandales se sont multipli\u00e9s chez Credit Suisse<\/a>&nbsp; (Le Temps)<\/p>\n\n\n\n<p><a href=\"https:\/\/fr.statista.com\/infographie\/26155\/classement-groupes-constructeurs-automobiles-selon-les-ventes-de-voitures-particulieres\/?utm_source=Statista+Newsletters&amp;utm_campaign=9633b779c2-All_InfographTicker_daily_FR_2021_KW45_Thu&amp;utm_medium=email&amp;utm_term=0_662f7ed75e-9633b779c2-316414913\">Les plus grands groupes automobiles<\/a>&nbsp; (Statista)<\/p>\n\n\n\n<p><a href=\"https:\/\/www.allnews.ch\/content\/points-de-vue\/le-monde-face-%C3%A0-la-surchauffe-climatique-et-%C3%A9conomique?utm_source=All+contacts&amp;utm_campaign=85782a3407-EMAIL_CAMPAIGN_2021_11_11_07_32&amp;utm_medium=email&amp;utm_term=0_d35111d3a6-85782a3407-25543805\">Le monde face \u00e0 la surchauffe climatique et \u00e9conomique<\/a> (allnews)<\/p>\n\n\n\n<p><a href=\"https:\/\/korii.slate.fr\/biz\/economie-chine-chasse-banques-corrompues-pourries-ouverte-evergrande-conflits-interet\">En Chine, la chasse aux banques corrompues est ouverte<\/a>&nbsp;(korii)<\/p>\n\n\n\n<p><a href=\"https:\/\/lvsl.fr\/guerre-europeenne-pour-lhegemonie-financiere\/\">Guerre europ\u00e9enne pour l\u2019h\u00e9g\u00e9monie financi\u00e8re<\/a> (Lvsl)<\/p>\n\n\n\n<p><strong>Analyse<\/strong><\/p>\n\n\n\n<p><a href=\"https:\/\/events-b.mb.la-chronique-agora.com\/z\/entb5gxqk?uid=ad9fd23f-4e7a-48f4-baf7-fd8089cf0e95&amp;mid=7edf99af-df4f-4ef8-9659-f2378c599e01&amp;utid=ad9fd23f-4e7a-48f4-baf7-fd8089cf0e95-LCA&amp;bsft_ek=2021-11-13T08%3A30%3A47Z&amp;bsft_mime_type=html&amp;bsft_tv=5&amp;bsft_lx=4\">D\u2019o\u00f9 vient la hausse des prix de l\u2019\u00e9nergie ? <\/a>-Phillipe B\u00e9chade<\/p>\n\n\n\n<p><strong><a href=\"https:\/\/www.contretemps.eu\/afrique-ressources-frontiere-petroliere\/\">L\u2019Afrique sera-t-elle la derni\u00e8re fronti\u00e8re p\u00e9troli\u00e8re ?<\/a> (Contretemps)<\/strong><\/p>\n\n\n\n<figure class=\"wp-block-image is-resized is-style-default\"><img data-recalc-dims=\"1\" loading=\"lazy\" decoding=\"async\" src=\"https:\/\/i0.wp.com\/www.contretemps.eu\/wp-content\/uploads\/petrole.jpg?resize=514%2C289&#038;ssl=1\" alt=\"\" width=\"514\" height=\"289\"\/><\/figure>\n\n\n\n<p><strong><span style=\"color:#f21520\" class=\"has-inline-color\">13 novembre en continu<\/span><\/strong><\/p>\n\n\n\n<p><strong>France<\/strong><\/p>\n\n\n\n<p><a href=\"https:\/\/www.boursorama.com\/actualite-economique\/actualites\/le-senat-propose-un-report-rapide-de-l-age-de-la-retraite-a-64-ans-5a2b8831770a38ae06a59fd011142b45\">Le S\u00e9nat propose un report rapide de l&rsquo;\u00e2ge de la retraite \u00e0 64 ans<\/a> (AFP)<\/p>\n\n\n\n<p><a href=\"https:\/\/blogs.mediapart.fr\/les-invites-de-mediapart\/blog\/121121\/l-indecente-indemnite-de-depart-d-un-president-demissionnaire\">L\u2019ind\u00e9cente indemnit\u00e9 de d\u00e9part d\u2019un pr\u00e9sident d\u00e9missionnaire<\/a> (Les invit\u00e9s de M\u00e9diapart)<\/p>\n\n\n\n<p><a href=\"https:\/\/www.lepostillon.org\/Banque-militante-pour-les-hauts-salaires.html\" target=\"_blank\" rel=\"noreferrer noopener\">Banque militante pour les hauts salaires<\/a>&nbsp; (Le Postillon)<\/p>\n\n\n\n<p><a href=\"https:\/\/blogs.mediapart.fr\/jean-marc-b\/blog\/121121\/une-semaine-de-choix-au-chevet-du-capitalisme-senile\">U<\/a><strong><a href=\"https:\/\/blogs.mediapart.fr\/jean-marc-b\/blog\/121121\/une-semaine-de-choix-au-chevet-du-capitalisme-senile\">ne semaine de choix au chevet du capitalisme s\u00e9nile <\/a>(Macronwatch)<\/strong><\/p>\n\n\n\n<p><a href=\"https:\/\/www.mediapart.fr\/journal\/france\/121121\/le-geant-francais-thales-introduit-une-taupe-l-onu\">Le g\u00e9ant fran\u00e7ais Thales a introduit une taupe \u00e0 l\u2019ONU<\/a> (M\u00e9diapart)&nbsp;<\/p>\n\n\n\n<p><a href=\"https:\/\/www.humanite.fr\/logement-cette-bulle-qui-amplifie-la-fracture-immobiliere-727034#xtor=RSS-1\" target=\"_blank\" rel=\"noreferrer noopener\">Logement. Cette bulle qui amplifie la fracture immobili\u00e8re<\/a>&nbsp; (L\u2019Humanit\u00e9)<\/p>\n\n\n\n<p><a href=\"https:\/\/www.humanite.fr\/qui-veut-la-peau-des-services-publics-comment-et-pourquoi-une-enquete-de-claire-lemercier-et-willy#xtor=RSS-1\" target=\"_blank\" rel=\"noreferrer noopener\">\u00ab Qui veut la peau des services publics, comment et pourquoi ? \u00bb Enqu\u00eate <\/a>&nbsp; (L\u2019Humanit\u00e9)<\/p>\n\n\n\n<p><a href=\"https:\/\/www.novethic.fr\/actualite\/economie\/isr-rse\/l-envolee-du-cac-40-ne-reflete-pas-la-situation-de-l-economie-reelle-150295.html?utm_source=Abonn%C3%A9s+Novethic&amp;utm_campaign=d06af04386-EMAIL_CAMPAIGN_2021_11_08_05_48&amp;utm_medium=email&amp;utm_term=0_2876b612e6-d06af04386-171522865\">La bonne sant\u00e9 de la finance n&rsquo;atteint pas l&rsquo;\u00e9conomie r\u00e9elle<\/a>&nbsp; (novethic)<\/p>\n\n\n\n<p><a href=\"https:\/\/www.xerficanal.com\/economie\/emission\/Olivier-Passet-La-competitivite-a-credit-306348611_3750151.html?utm_source=sendinblue&amp;utm_campaign=XC081121&amp;utm_medium=email\">La comp\u00e9titivit\u00e9 et le pouvoir d&rsquo;achat par la dette publique : jusqu&rsquo;o\u00f9 ?<\/a>&nbsp;(Xerfi Canal)<\/p>\n\n\n\n<p><strong>Monde<\/strong><\/p>\n\n\n\n<p><a href=\"https:\/\/www.connaissancedesenergies.org\/afp\/sortie-des-energies-fossiles-lepee-de-damocles-des-litiges-contre-les-etats-211113\">Sortie des \u00e9nergies fossiles : l&rsquo;\u00e9p\u00e9e de Damocl\u00e8s des litiges contre les \u00c9tats<\/a> (AFP)<\/p>\n\n\n\n<p><a href=\"https:\/\/www.connaissancedesenergies.org\/afp\/aux-etats-unis-nexans-mise-sur-leolien-en-mer-et-la-modernisation-du-reseau-electrique-211113\">Aux USA, Nexans mise sur l&rsquo;\u00e9olien en mer et la modernisation du r\u00e9seau \u00e9lectrique<\/a> (AFP)<\/p>\n\n\n\n<p><a href=\"https:\/\/www.mediapart.fr\/journal\/international\/131121\/le-juriste-martijn-nouwen-la-lutte-contre-l-evasion-fiscale-n-etait-en-general-pas-la-priorite-des\" target=\"_blank\" rel=\"noreferrer noopener\">Martijn Nouwen : \u00ab La lutte contre l\u2019\u00e9vasion fiscale n\u2019\u00e9tait en g\u00e9n\u00e9ral pas la priorit\u00e9 des ministres \u00bb<\/a>&nbsp; (M\u00e9diapart)<\/p>\n\n\n\n<p><a href=\"https:\/\/www.mediapart.fr\/journal\/international\/121121\/evasion-fiscale-revelations-sur-la-diplomatie-noire-de-l-union-europeenne\">\u00c9vasion fiscale : r\u00e9v\u00e9lations sur la diplomatie noire de l\u2019Union europ\u00e9enne<\/a> par Ludovic Lamant (M\u00e9diapart)<\/p>\n\n\n\n<p><a href=\"https:\/\/www.mediapart.fr\/journal\/international\/121121\/fiscalite-l-arme-nucleaire-que-la-commission-se-refuse-encore-degainer\">Fiscalit\u00e9 : l\u2019\u00abarme nucl\u00e9aire\u00bb que la Commission se refuse encore \u00e0 d\u00e9gainer<\/a> (M\u00e9diapart)<\/p>\n\n\n\n<p><a href=\"https:\/\/info.alternatives-economiques.fr\/optiext\/optiextension.dll?ID=A45A5ulANf7NnfQvA5o1uvzYQjZjTgkMq1L_8jZ304HT4qjktTAS5puMltDZXWq2plwBDNwaahDwmjmi%2BI1c007fwQlIs\" target=\"_blank\" rel=\"noreferrer noopener\">Climat, avions, for\u00eats : les dessous de la compensation carbone<\/a> (Alter \u00e9co)<\/p>\n\n\n\n<p><a href=\"https:\/\/la-chronique-agora.com\/ou-vient-hausse-prix-energie\/?bsft_aaid=8d7bfbb2-9574-4a5c-ad3d-53faf0fc196f&amp;bsft_eid=47e258dc-5672-e0a3-7d95-b75addcd279f&amp;utm_campaign=edito-211108-lca-newsletter-recommendation&amp;utm_source=blueshift&amp;utm_medium=email&amp;utm_content=edito-211108-lca-newsletter-recommendation&amp;bsft_clkid=40418bb0-61f1-472d-959d-553d791e5cc7&amp;bsft_uid=1f1b3850-38cc-4a83-86fb-401a40390f75&amp;bsft_mid=99dc3dc7-fdc3-48f0-a123-bca4908b4b67&amp;bsft_utid=1f1b3850-38cc-4a83-86fb-401a40390f75-LCA&amp;bsft_mime_type=html&amp;bsft_ek=2021-11-08T11%3A00%3A47Z&amp;bsft_lx=6&amp;bsft_tv=4\">D\u2019o\u00f9 vient la hausse des prix de l\u2019\u00e9nergie ?<\/a>&nbsp; (chronique agora)<\/p>\n\n\n\n<p><a href=\"https:\/\/www.xerficanal.com\/economie\/emission\/Olivier-Passet-Titrisation-ou-en-est-on--306348613_3750153.html?utm_source=sendinblue&amp;utm_campaign=XC101121&amp;utm_medium=email\">Peut-on \u00e9chapper \u00e0 une prochaine crise financi\u00e8re ?<\/a>&nbsp; (Xerfi Canal)<\/p>\n\n\n\n<p><a href=\"https:\/\/www.allnews.ch\/content\/points-de-vue\/les-banques-centrales-optent-pour-des-strat%C3%A9gies-diff%C3%A9rentes-face-%C3%A0-linflation?utm_source=All+contacts&amp;utm_campaign=685eb9ffb4-EMAIL_CAMPAIGN_2021_11_10_07_18&amp;utm_medium=email&amp;utm_term=0_d35111d3a6-685eb9ffb4-25543805\">Les banques centrales optent pour des strat\u00e9gies diff\u00e9rentes face \u00e0 l&rsquo;inflation<\/a>&nbsp; (allnews)<\/p>\n\n\n\n<p><a href=\"https:\/\/la-chronique-agora.com\/politiques-monetaires-concretisent-inflation\/?bsft_aaid=8d7bfbb2-9574-4a5c-ad3d-53faf0fc196f&amp;bsft_eid=8328388c-9fc3-8d98-54c0-a740fe515f82&amp;utm_campaign=edito-211110-lca-newsletter-recommendation&amp;utm_source=blueshift&amp;utm_medium=email&amp;utm_content=edito-211110-lca-newsletter-recommendation&amp;bsft_clkid=5eae44d9-10a0-43c8-9835-465cf31e11e7&amp;bsft_uid=1f1b3850-38cc-4a83-86fb-401a40390f75&amp;bsft_mid=a7808808-840a-475b-88c7-0ba649d73fee&amp;bsft_utid=1f1b3850-38cc-4a83-86fb-401a40390f75-LCA&amp;bsft_mime_type=html&amp;bsft_ek=2021-11-10T11%3A00%3A47Z&amp;bsft_lx=3&amp;bsft_tv=3\">Les politiques mon\u00e9taires concr\u00e9tisent l\u2019inflation<\/a>&nbsp; (chronique agora)<\/p>\n\n\n\n<p><a href=\"https:\/\/oilprice.com\/Energy\/Oil-Prices\/The-Oil-Price-Rally-Is-Far-From-Over.html\">The Oil Price Rally Is Far From Over<\/a>&nbsp; (oilprice)<\/p>\n\n\n\n<p><a href=\"https:\/\/www.letemps.ch\/grand-format\/credit-suisse-perdu-controle?utm_source=Newsletters&amp;utm_campaign=c045f427c6-newsletter_eco&amp;utm_medium=email&amp;utm_term=0_56c41a402e-c045f427c6-110294673\"><strong>Comment Credit Suisse a perdu le contr\u00f4le<\/strong><\/a> (Le Temps)<\/p>\n\n\n\n<p><strong>Analyse<\/strong><\/p>\n\n\n\n<p><a href=\"https:\/\/info.alternatives-economiques.fr\/optiext\/optiextension.dll?ID=A45A%2B_u3DPUoCV937733xxPlay1JW5MvNB7QBeOGY%2Bs10EOkshIBun1ULQFeah%2BykIYP%2B28LW2eh4SUG024hdiT9zV2YS\" target=\"_blank\" rel=\"noreferrer noopener\">Baisse des imp\u00f4ts sur les entreprises et croissance : des travaux de recherche orient\u00e9s<\/a> (Alter \u00e9co)<\/p>\n\n\n\n<p><a href=\"https:\/\/www.connaissancedesenergies.org\/tribune-actualite-energies\/comment-bien-mesurer-les-performances-climatiques-et-environnementales-des-etats\">Comment bien mesurer les performances climatiques et environnementales des \u00c9tats ?<\/a> (Connaissance des \u00e9nergies)<\/p>\n\n\n\n<p><a href=\"https:\/\/theconversation.com\/les-monnaies-numeriques-des-banques-centrales-risquent-elles-de-declencher-des-paniques-bancaires-171441\">Monnaies num\u00e9riques banques centrales risquent-elles de d\u00e9clencher paniques bancaires ?<\/a> (The Conversation)&nbsp;<\/p>\n\n\n\n<p><a href=\"https:\/\/www.mediapart.fr\/journal\/international\/121121\/la-commission-europeenne-une-conception-tres-particuliere-de-la-transparence\">\u00c0 la Commission europ\u00e9enne, une conception tr\u00e8s particuli\u00e8re de la transparence<\/a> (M\u00e9diapart)<\/p>\n\n\n\n<p><a href=\"https:\/\/laviedesidees.fr\/A-propos-de-Capital-et-Ideologie.html\">\u00c0 propos de \u00ab&nbsp;Capital et Id\u00e9ologie&nbsp;\u00bb<\/a>&nbsp; (la vie des id\u00e9es)<\/p>\n\n\n\n<p><strong><a href=\"https:\/\/www.nybooks.com\/articles\/2021\/12\/02\/tax-havens-loopholes-for-kleptocrats\/\">Les USA, champions des paradis fiscaux <\/a>(anglais -The New York Review of Books)<\/strong><\/p>\n\n\n\n<pre class=\"wp-block-preformatted\">Le Maire a trouv\u00e9 le temps d\u2019\u00e9crire 4 livres, plus que le nombre de fois o\u00f9 il a daign\u00e9 se rendre au S\u00e9nat pour la s\u00e9ance de questions au gouvernement (<a href=\"https:\/\/www.liberation.fr\/politique\/le-maire-a-le-temps-decrire-des-livres-moins-daller-au-senat-20211110_35NRC7PRSNBSXN6QTKWAN7YTFY\/?redirected=1\" target=\"_blank\" rel=\"noreferrer noopener\">source<\/a>)<\/pre>\n\n\n\n<p><strong><span style=\"color:#f21520\" class=\"has-inline-color\">12 novembre en continu<\/span><\/strong><\/p>\n\n\n\n<p><strong>France<\/strong><\/p>\n\n\n\n<p><a href=\"https:\/\/www.boursorama.com\/actualite-economique\/actualites\/l-hopital-est-dans-une-situation-catastrophique-alerte-le-president-de-la-commission-medicale-d-etablissement-de-l-ap-hp-4fe7a0d2b6afe8e773032e38c53e18b0\">L&rsquo;h\u00f4pital est dans une situation \u00ab\u00a0catastrophique\u00a0\u00bb (AP-HP<\/a>) (Boursorama)<\/p>\n\n\n\n<figure class=\"wp-block-image is-resized is-style-default\"><img data-recalc-dims=\"1\" loading=\"lazy\" decoding=\"async\" src=\"https:\/\/i0.wp.com\/static.mediapart.fr\/etmagine\/default\/files\/2021\/10\/22\/53ec92552c0c1080.jpg?resize=430%2C340&#038;ssl=1\" alt=\"53ec92552c0c1080\" width=\"430\" height=\"340\"\/><\/figure>\n\n\n\n<p><a href=\"https:\/\/www.boursorama.com\/actualite-economique\/actualites\/edf-ne-coupera-plus-la-lumiere-en-cas-d-impayes-a7ff5ef438851c56fa5086928c9ae0fa\">EDF ne coupera plus la lumi\u00e8re en cas d&rsquo;impay\u00e9s<\/a> (AFP)<\/p>\n\n\n\n<p><a href=\"https:\/\/www.boursorama.com\/actualite-economique\/actualites\/la-france-va-cesser-de-financer-a-l-etranger-des-projets-d-energies-fossiles-c893fc545019ddd1dbe68095e127580f\">La France va cesser de financer \u00e0 l&rsquo;\u00e9tranger des projets d&rsquo;\u00e9nergies fossiles<\/a> (Reuters)<\/p>\n\n\n\n<p><a href=\"https:\/\/www.boursorama.com\/actualite-economique\/actualites\/ce-nouvel-outil-des-impots-qui-risque-de-faire-flamber-votre-taxe-fonciere-601bfd171bab293d03849b5e065403e4\">Ce nouvel outil des imp\u00f4ts qui risque de faire flamber votre taxe fonci\u00e8re<\/a> (Ecorama)<\/p>\n\n\n\n<p><a href=\"https:\/\/www.boursorama.com\/videos\/actualites\/cette-depense-publique-qui-met-les-patrons-dans-l-embarras-3e5f82391b536e0e0e919f202c1bec4c\">Cette d\u00e9pense publique qui met les patrons dans l\u2019embarras\u2026<\/a> (Ecorama)<\/p>\n\n\n\n<p><a href=\"https:\/\/www.boursorama.com\/actualite-economique\/actualites\/nucleaire-un-cadre-de-tricastin-denonce-des-incidents-dissimules-et-porte-plainte-97634c1fdfb0d032e66fd8874ac6b887\">Nucl\u00e9aire : un cadre de Tricastin d\u00e9nonce des incidents \u00ab\u00a0dissimul\u00e9s\u00a0\u00bb <\/a>&nbsp;(AFP)<\/p>\n\n\n\n<p><a href=\"https:\/\/www.boursorama.com\/actualite-economique\/actualites\/le-surendettement-poursuit-sa-baisse-compare-a-2019-d-apres-la-banque-de-france-9c5940863f11373ad1108ecd61e492b1\">Le surendettement baisse, d&rsquo;apr\u00e8s la Banque de France<\/a> (AFP)<\/p>\n\n\n\n<p><a href=\"https:\/\/www.boursorama.com\/videos\/actualites\/le-fabrique-en-france-a-l-honneur-a-paris-cf021683e6a0f46326815074f774364a\">Le \u00ab\u00a0Fabriqu\u00e9 en France\u00a0\u00bb \u00e0 l&rsquo;honneur \u00e0 Paris<\/a> (France 24)<\/p>\n\n\n\n<p><a href=\"https:\/\/76835.r.ag.d.sendibm3.com\/mk\/cl\/f\/AbkJF5JvHEfWDLJvku1c-Sc55V19rmX1U0-y1CFBJQUcrydtf_WnxnAeYo-ZAHzW78tJ-Gt0OfcrJj7wCZXP8ZmhanB8Jjg_uCiJko34Pv6YGcwyGlKu1t4HtvM4kYevKFJAaln3poOyffNqH-l69RSjHZ5xYe1-hRVxvFJynzfmXFr1Qc_Z2fwACwdx8zg9RcZmWT5hcoeDioK1isz0sjQTQB7-Z-jmrx3TCzB7Z5vdLEi66CJRCArJYqBWlo-Sb4IgekPampis-ZnLoPhaoEarp9LZ8hxm_g\">Al\u00e9as climatiques : Les agriculteurs dans le viseur des assurances priv\u00e9es<\/a> (Elucid)<\/p>\n\n\n\n<p><a href=\"https:\/\/rue89bordeaux.com\/2021\/09\/monnaies-locales-bordeaux-cherche-a-faire-decoller-la-miel\/\">Monnaies&nbsp;locales&nbsp;: Bordeaux cherche \u00e0 faire d\u00e9coller la Miel<\/a> (Rue89)<\/p>\n\n\n\n<figure class=\"wp-block-image is-resized is-style-default\"><img data-recalc-dims=\"1\" loading=\"lazy\" decoding=\"async\" src=\"https:\/\/i0.wp.com\/static.mediapart.fr\/etmagine\/default\/files\/2021\/11\/11\/3-de-croissance-au-3eme-troisieme-trimestre-768x921.jpg?resize=360%2C432&#038;ssl=1\" alt=\"3-de-croissance-au-3eme-troisieme-trimestre-768x921\" width=\"360\" height=\"432\"\/><\/figure>\n\n\n\n<p><strong>Monde<\/strong><\/p>\n\n\n\n<p><a href=\"https:\/\/www.boursorama.com\/actualite-economique\/actualites\/quel-impact-des-activistes-sur-les-cours-boursiers-0a80dd59673a2cbfd549d4132c424377\">Quel impact des activistes sur les cours boursiers ?<\/a> (Ecorama)<\/p>\n\n\n\n<p><a href=\"https:\/\/www.boursorama.com\/actualite-economique\/actualites\/covid-19-lufthansa-a-rembourse-l-ensemble-des-aides-publiques-de-l-etat-allemand-55ee2510a03eaefde480783d87aa8dbe\">Lufthansa a rembours\u00e9 l&rsquo;ensemble des aides publiques de l&rsquo;Etat allemand<\/a> (AFP)<\/p>\n\n\n\n<p><a href=\"https:\/\/www.boursorama.com\/actualite-economique\/actualites\/le-geant-pharmaceutique-americain-johnson-johnson-se-scinde-en-deux-ac9f8ab56ae80f14def883f4aa9713d9\">Le g\u00e9ant pharmaceutique am\u00e9ricain Johnson &amp; Johnson se scinde en deux<\/a> (AFP)<\/p>\n\n\n\n<p><a href=\"https:\/\/www.boursorama.com\/actualite-economique\/actualites\/gaz-le-kremlin-promet-que-les-livraisons-a-l-europe-continueront-malgre-les-menaces-de-minsk-f7aa0b868c32e604c81d0e03223c52a1\">Moscou promet que les livraisons de gaz \u00e0 l&rsquo;Europe continueront, malgr\u00e9 Minsk<\/a> (Boursorama)<\/p>\n\n\n\n<p><a href=\"https:\/\/76835.r.ag.d.sendibm3.com\/mk\/cl\/f\/cbHpIwIaI_l2lkZFU7akUawWHQNFiqmWuWFpuyDsFYf4lNV3KqsjxC0BIdf0nhYRmBmckFmQx6o20Y0mGXdN9Qa7-wLSpeSV5eEvkLAKmu7wPaMmaFzANl9zm1jIq1tGSHfDZL2Arb9GqhERsu8WA3KIBzFzotrR87N_xkLW4MR8jG3DYY8IAH4bdmaia69l9bXe_80IXq4C9xlDfh7u_Oce4BSXNO0wpjSr4SkbREcAzUry8UdKA-OROxVX21iJDhzzLMibgNNbKqiQ\">\u00c9tats-Unis : la dette publique atteint un pic historique \u00e0 200 % du PIB<\/a> (Elucid)<\/p>\n\n\n\n<p><strong>Analyse<\/strong><\/p>\n\n\n\n<p><a href=\"https:\/\/theconversation.com\/quelles-sont-les-motivations-des-riches-collectionneurs-170532\">Quelles sont les motivations des riches collectionneurs ?<\/a> (The Conversation)&nbsp;<\/p>\n\n\n\n<p><a href=\"https:\/\/theconversation.com\/flambee-des-prix-de-lenergie-quelles-reponses-politiques-possibles-171609\">Flamb\u00e9e des prix de l\u2019\u00e9nergie : quelles r\u00e9ponses politiques possibles ?<\/a> (The Conversation)<\/p>\n\n\n\n<figure class=\"wp-block-image is-resized is-style-default\"><img data-recalc-dims=\"1\" loading=\"lazy\" decoding=\"async\" src=\"https:\/\/i0.wp.com\/mamot.fr\/system\/cache\/media_attachments\/files\/107\/205\/685\/792\/578\/847\/original\/49ca58d05ac72811.png?resize=365%2C424&#038;ssl=1\" alt=\"\" width=\"365\" height=\"424\"\/><\/figure>\n\n\n\n<p><strong><span style=\"color:#f20c27\" class=\"has-inline-color\">11 novembre en continu<\/span><\/strong><\/p>\n\n\n\n<p><strong>France<\/strong><\/p>\n\n\n\n<p><a href=\"https:\/\/www.boursorama.com\/videos\/actualites\/alimentation-les-penuries-se-multiplient-les-prix-flambent-0df2079f79e5cf99da7fad9744899c29\">Alimentation : les p\u00e9nuries se multiplient, les prix flambent<\/a> (France 24)<\/p>\n\n\n\n<p><a href=\"https:\/\/info.alternatives-economiques.fr\/optiext\/optiextension.dll?ID=C_%2BC66x3vseOGG%2BeNimFNaZFy50DaXc6937SI2j2NSI_GD6Su00_D0OPWv2ZgBAML9fvKT5eR%2BbPe_Hs0cf3OBxJtwHCE\" target=\"_blank\" rel=\"noreferrer noopener\">Relancer le nucl\u00e9aire est-il indispensable et moins cher ?<\/a> (Alter \u00e9co)<\/p>\n\n\n\n<p><a href=\"https:\/\/www.connaissancedesenergies.org\/afp\/energie-engie-et-credit-agricole-assurances-rachetent-eolia-renovables-en-espagne-211111\">Engie et Credit Agricole Assurances rach\u00e8tent Eolia Renovables en Espagne<\/a> (AFP)<\/p>\n\n\n\n<p><a href=\"https:\/\/www.francetvinfo.fr\/internet\/amazon\/amazon-dit-avoir-paye-600-millions-d-euros-d-impots-en-france-en-2020_4840027.html\">Amazon dit avoir pay\u00e9 600 millions d&rsquo;euros d&rsquo;imp\u00f4ts en France en 2020<\/a> (France Info)<\/p>\n\n\n\n<p><a href=\"https:\/\/juste-milieu.fr\/54-quand-les-deputes-crament-la-caisse\/\">Quand les d\u00e9put\u00e9s crament la caisse<\/a> (Juste Milieu)<\/p>\n\n\n\n<p><a href=\"https:\/\/lareleveetlapeste.fr\/la-vente-polemique-du-domaine-agricole-historique-de-grignon-ne-va-apporter-aucun-benefice-a-letat\/\">Vente du domaine agricole historique de Grignon ne va apporter aucun b\u00e9n\u00e9fice \u00e0 l\u2019Etat<\/a>&nbsp; (La Rel\u00e8ve et La Peste)<\/p>\n\n\n\n<p><a href=\"https:\/\/5ljh7.r.ag.d.sendibm3.com\/mk\/cl\/f\/0WA4Wsx3JtwqEdetVkhu88vhfq6Ai1_Xz7ZDC_D4cFCQbuW8xsYyYjbvZxvXaoBO3SVeJysimGf1HkShns6MGQBqKEFvXsJWPlXWjZfVH6WCaNc1lA53RIzII8_5cn7l3bjiNQ6PDwAaA0vRCMpvyT_WfQTAN5owUsMZBZ9WIlXF9ENkeU1V72msMWhF3Z97RhF72a3wR0FHM67f227HLNXQzWQ2keNR6XpRUFOoOGrn-CCOaGYdgmCQE7b8dUNWgzdEzD24xP2yniq4FKorwn5DBupM16FoNLxHfpVthlfLjPNu3QC9YF7U6cs3y1tvLTMUECOp8rK5wzi6rUH4IQHu1Mbp2wrA9FnGNb0\">L\u2019\u00e9conomie \u00e0 l\u2019\u00e9preuve de la p\u00e9nurie<\/a> (LVSL)<\/p>\n\n\n\n<figure class=\"wp-block-image size-full is-resized is-style-default\"><img data-recalc-dims=\"1\" loading=\"lazy\" decoding=\"async\" src=\"https:\/\/i0.wp.com\/www.rdpemancipation.org\/wp-content\/uploads\/2021\/11\/Capture-decran-2021-11-10-a-19.45.26.png?resize=661%2C416&#038;ssl=1\" alt=\"\" class=\"wp-image-56935\" width=\"661\" height=\"416\" srcset=\"https:\/\/i0.wp.com\/www.rdpemancipation.org\/wp-content\/uploads\/2021\/11\/Capture-decran-2021-11-10-a-19.45.26.png?w=651&amp;ssl=1 651w, https:\/\/i0.wp.com\/www.rdpemancipation.org\/wp-content\/uploads\/2021\/11\/Capture-decran-2021-11-10-a-19.45.26.png?resize=300%2C189&amp;ssl=1 300w\" sizes=\"auto, (max-width: 661px) 100vw, 661px\" \/><\/figure>\n\n\n\n<p><strong>Monde<\/strong><\/p>\n\n\n\n<p><a href=\"https:\/\/www.boursorama.com\/actualite-economique\/actualites\/l-economie-europeenne-garde-la-sante-malgre-la-resurgence-de-la-pandemie-ae8b97a6d9a392d486d9d9b3ae761b14\">L&rsquo;\u00e9conomie europ\u00e9enne garde la sant\u00e9 malgr\u00e9 la r\u00e9surgence de la pand\u00e9mie<\/a> (AFP)<\/p>\n\n\n\n<p><a href=\"https:\/\/www.boursorama.com\/actualite-economique\/actualites\/zone-euro-la-commission-prevoit-5-de-croissance-et-un-pic-d-inflation-a-2-4-en-2021-a6ae4f19b8ca5a0d96d0666fac3774ce\">Zone euro : la Commission pr\u00e9voit 5% de croissance et un pic d&rsquo;inflation \u00e0 2,4% en 2021<\/a> (AFP)<\/p>\n\n\n\n<p><a href=\"https:\/\/www.boursorama.com\/videos\/actualites\/pourquoi-elon-musk-va-t-il-vendre-10-de-ses-parts-dans-tesla-85f29c7540de90f9bdaff42c8ee7b60c\">Pourquoi Elon Musk va-t-il vendre 10% de ses parts dans Tesla ?<\/a> (Ecorama)<\/p>\n\n\n\n<p><a href=\"https:\/\/www.boursorama.com\/actualite-economique\/actualites\/petrole-l-opep-revise-a-la-baisse-ses-previsions-de-croissance-de-la-demande-en-2021-f964ad31f252f6d012ad9de911b0da7e\">L\u2019OPEP r\u00e9vise \u00e0 la baisse ses pr\u00e9visions de croissance de la demande en 2021<\/a> (AFP)<\/p>\n\n\n\n<p><a href=\"https:\/\/www.boursorama.com\/actualite-economique\/actualites\/le-marche-mondial-du-luxe-retrouve-ses-niveaux-d-avant-pandemie-grace-a-la-chine-et-etats-unis-etude-5669e8003eeda2bfc838bc5006d34c48\">Le march\u00e9 mondial du luxe retrouve ses niveaux d&rsquo;avant pand\u00e9mie<\/a> (AFP)<\/p>\n\n\n\n<p><a href=\"https:\/\/www.boursorama.com\/actualite-economique\/actualites\/le-groupe-chinois-evergrande-evite-un-defaut-de-paiement-3d1c4b51bf284ccb4f2ba47dc8d2007c\">Le groupe chinois Evergrande \u00e9vite un d\u00e9faut de paiement<\/a> (AFP)<\/p>\n\n\n\n<p><a href=\"https:\/\/www.connaissancedesenergies.org\/afp\/glasgow-appel-de-ministres-contre-le-classement-par-lue-du-nucleaire-comme-investissement-vert-211111\">A Glasgow, appel contre le classement par l&rsquo;UE du nucl\u00e9aire comme investissement \u00ab\u00a0vert\u00a0\u00bb<\/a> (AFP)<\/p>\n\n\n\n<p><a href=\"https:\/\/www.connaissancedesenergies.org\/afp\/migrants-le-belarus-menace-de-couper-le-gaz-leurope-en-cas-de-sanctions-211111\">Migrants : le B\u00e9larus menace de couper le gaz \u00e0 l&rsquo;Europe en cas de sanctions<\/a> (AFP)<\/p>\n\n\n\n<p><a href=\"https:\/\/www.connaissancedesenergies.org\/afp\/en-australie-le-berceau-de-lindustrie-miniere-se-prepare-tourner-la-page-211111\">En Australie, le berceau de l&rsquo;industrie mini\u00e8re se pr\u00e9pare \u00e0 tourner la page<\/a> (AFP)<\/p>\n\n\n\n<p><a href=\"https:\/\/fr.myeurop.info\/2021\/11\/10\/le-retour-de-linflation-se-confirme-en-europe\/\">Le retour de l\u2019inflation se confirme en Europe<\/a> (Myeurop) &nbsp;<\/p>\n\n\n\n<p><strong><a href=\"https:\/\/www.les-crises.fr\/les-pandora-papers-montrent-le-vrai-visage-de-la-grande-bretagne-mondialisee\/\">Les Pandora Papers montrent le vrai visage de la Grande-Bretagne mondialis\u00e9e<\/a> (Les Crises)<\/strong><\/p>\n\n\n\n<p><a href=\"https:\/\/www.boursorama.com\/actualite-economique\/actualites\/biden-piege-par-une-poussee-d-inflation-aux-etats-unis-63c2e18c76c77518576139dd630cf110\">Biden pi\u00e9g\u00e9 par une pouss\u00e9e d&rsquo;inflation aux Etats-Unis<\/a> (AFP)<\/p>\n\n\n\n<p><a href=\"https:\/\/www.washingtonpost.com\/business\/2021\/11\/10\/cpi-inflation-october\/?utm_campaign=wp_main&amp;utm_medium=social&amp;utm_source=twitter\">La plus forte hausse des prix aux USA depuis 30 ans<\/a> (anglais -The Washington Post)<\/p>\n\n\n\n<p><strong>Analyse<\/strong><\/p>\n\n\n\n<p><a href=\"https:\/\/info.alternatives-economiques.fr\/optiext\/optiextension.dll?ID=C_%2BC55ujTGQeMC50M0Dm2W7bGUUhM1WymM7DspOsvqGF5EymuA_RGOB0bky75Ui3iMiS7RvtlFmqyvujsp68wdEF0SxSR\" target=\"_blank\" rel=\"noreferrer noopener\">Pauvret\u00e9 : les bonnes et les mauvaises nouvelles<\/a> &#8211; Christian Chavagneux (Alter \u00e9co)<\/p>\n\n\n\n<p><a href=\"https:\/\/5ljh7.r.ag.d.sendibm3.com\/mk\/cl\/f\/-I7ILN8RIzpB5jUi8sEflOJtXeKy6qeME8pVgZi0N-DBDj7mRgdTzOitZhuGjlpIwBX8k5lZtMrfRLRTdj6Qang-LBUbW3fhkN3HkSC9tJyh-xh9sehlTTcPk5try693i6CSlVDscuxsCzA5BzMahqyr1fDMhPmZjjR6PhLBHkBvhy3u1YpMKleleB4YYIwMr3CJ8Lqi1RXaiJVLhE7qKLT1IoqP2AWvR4gU3XgtnMktAFtyPOJm1gS15DC-hTX0rVufprChkalGYwGHE1407TQai7EAcTxyUM0lWQi6IZ_LekPkHyrZn0TGaQCMdBPeA-3yk7IFhsgMXq-EupCiYbrTFjtCu9MTomQfEidzVLu9oZdkuk_KT_gVbxfgt1LhJC9nVzWR\">B\u00e2tir les fondations d\u2019un nouveau mod\u00e8le fran\u00e7ais<\/a> (LVSL)<\/p>\n\n\n\n<p><a href=\"https:\/\/basta.media\/Sandra-Lucbert-langue-du-capitalisme-neoliberal-demolition-services-publics-dette-publique\">Le discours \u201cLa dette publique, c\u2019est mal\u201c maquille strat\u00e9gie appauvrissement des services publics <\/a>(Basta! )<\/p>\n\n\n\n<p><strong><a href=\"https:\/\/blogs.mediapart.fr\/jean-marc-b\/blog\/101121\/le-capitalisme-crepusculaire-par-michael-roberts\">Le capitalisme cr\u00e9pusculaire &#8211;<\/a>&nbsp;Michael Roberts<\/strong><\/p>\n\n\n\n<p><strong><span style=\"color:#f20c27\" class=\"has-inline-color\">10 novembre en continu<\/span><\/strong><\/p>\n\n\n\n<p><strong>France<\/strong><\/p>\n\n\n\n<p><a href=\"https:\/\/www.boursorama.com\/actualite-economique\/actualites\/le-patronat-satisfait-des-annonces-d-emmanuel-macron-7440e950819ab3d650f0eeb2b47debff\"><strong>Le patronat satisfait des annonces d&rsquo;Emmanuel Macron<\/strong><\/a> (AFP)<\/p>\n\n\n\n<p><a href=\"https:\/\/www.boursorama.com\/actualite-economique\/actualites\/allocution-d-emmanuel-macron-56-des-francais-n-ont-pas-ete-convaincus-30eb88f5da1021fa1154f692ed483633\">Allocution d&rsquo;Emmanuel Macron : 56 % des Fran\u00e7ais n&rsquo;ont pas \u00e9t\u00e9 convaincus<\/a> (Le Point)<\/p>\n\n\n\n<p><a href=\"https:\/\/www.boursorama.com\/actualite-economique\/actualites\/reforme-des-retraites-nous-avons-echoue-admet-bruno-le-maire-0f2eae11dc57c642196b2eb077516866\">R\u00e9forme des retraites : \u00ab\u00a0Nous avons \u00e9chou\u00e9\u00a0\u00bb, admet Bruno Le Maire<\/a> (Boursorama)<\/p>\n\n\n\n<p><a href=\"https:\/\/www.boursorama.com\/actualite-economique\/actualites\/immobilier-les-logements-vacants-n-ont-jamais-ete-aussi-nombreux-en-france-a6d85fcff1a0c6b237abfdb8cae025e5\">Immobilier : les logements vacants n&rsquo;ont jamais \u00e9t\u00e9 aussi nombreux en France<\/a> (Boursorama)<\/p>\n\n\n\n<p><a href=\"https:\/\/www.connaissancedesenergies.org\/afp\/engie-releve-ses-objectifs-apres-des-resultats-en-hausse-211110\">Engie rel\u00e8ve ses objectifs apr\u00e8s des r\u00e9sultats en hausse<\/a> (AFP)<\/p>\n\n\n\n<p><a href=\"https:\/\/www.connaissancedesenergies.org\/afp\/la-bretagne-lance-une-filiere-de-transport-maritime-propulsion-par-le-vent-211110\">La Bretagne lance une fili\u00e8re de transport maritime \u00e0 propulsion par le vent<\/a> (AFP)<\/p>\n\n\n\n<p><a href=\"https:\/\/www.connaissancedesenergies.org\/afp\/nouveaux-reacteurs-nucleaires-en-france-les-syndicats-restent-prudents-211110\">Nouveaux r\u00e9acteurs nucl\u00e9aires en France : les syndicats restent prudents<\/a> (AFP)<\/p>\n\n\n\n<p><a href=\"https:\/\/www.connaissancedesenergies.org\/afp\/le-mediateur-national-de-lenergie-plaide-pour-un-droit-dacces-minimal-lelectricite-211110\">Le M\u00e9diateur de l&rsquo;\u00e9nergie plaide pour un droit d&rsquo;acc\u00e8s minimal \u00e0 l&rsquo;\u00e9lectricit\u00e9<\/a> (AFP)<\/p>\n\n\n\n<p><a href=\"https:\/\/www.connaissancedesenergies.org\/afp\/nouveaux-reacteurs-nucleaires-le-groupe-edf-se-dit-pret-beaucoup-de-questions-elucider-211110\">Nouveaux r\u00e9acteurs nucl\u00e9aires : le groupe EDF se dit pr\u00eat, beaucoup de questions \u00e0 \u00e9lucider<\/a> (AFP)<\/p>\n\n\n\n<p><a href=\"https:\/\/www.connaissancedesenergies.org\/afp\/hydrogene-alliance-de-totalenergies-et-daimler-trucks-pour-le-transport-routier-211110\">Hydrog\u00e8ne : alliance de TotalEnergies et Daimler Trucks pour le transport routier<\/a> (AFP)<\/p>\n\n\n\n<p><a href=\"https:\/\/www.connaissancedesenergies.org\/10-mesures-en-france-pour-accelerer-le-developpement-des-energies-renouvelables-citoyennes-211110\">10 mesures pour acc\u00e9l\u00e9rer le d\u00e9veloppement des \u00e9nergies renouvelables \u2018citoyennes<\/a>\u2019 (Connaissance des \u00e9nergies)<\/p>\n\n\n\n<p><a href=\"https:\/\/www.connaissancedesenergies.org\/afp\/emmanuel-macron-annonce-la-relance-dun-nouveau-programme-nucleaire-les-details-pour-plus-tard-211109\">Macron lance un nouveau programme nucl\u00e9aire, les d\u00e9tails pour plus tard<\/a> (AFP)<\/p>\n\n\n\n<p><strong>Monde<\/strong><\/p>\n\n\n\n<p><a href=\"https:\/\/www.boursorama.com\/actualite-economique\/actualites\/inverser-la-tendance-de-l-inflation-une-priorite-absolue-pour-joe-biden-63c2e18c76c77518576139dd630cf110\">Inverser la tendance de l&rsquo;inflation, une \u00ab\u00a0priorit\u00e9 absolue\u00a0\u00bb pour Joe Biden<\/a> (AFP)<\/p>\n\n\n\n<p><a href=\"https:\/\/www.connaissancedesenergies.org\/afp\/les-stocks-de-petrole-aux-etats-unis-continuent-daugmenter-211110\">Les stocks de p\u00e9trole aux Etats-Unis continuent d&rsquo;augmenter<\/a> (AFP)<\/p>\n\n\n\n<p><a href=\"https:\/\/www.boursorama.com\/actualite-economique\/actualites\/defaite-de-google-devant-la-justice-de-l-ue-qui-valide-une-amende-de-2-4-milliards-d-euros-42b9d7c2c8f0511107f6b154f20e080c\">D\u00e9faite de Google devant la justice de l&rsquo;UE qui valide une amende<\/a> (AFP)<\/p>\n\n\n\n<p><a href=\"https:\/\/www.connaissancedesenergies.org\/afp\/belgique-frictions-autour-de-la-sortie-du-nucleaire-programmee-pour-2025-211110\">Belgique : frictions autour de la sortie du nucl\u00e9aire programm\u00e9e pour 2025<\/a> (AFP)<\/p>\n\n\n\n<p><a href=\"https:\/\/www.connaissancedesenergies.org\/afp\/allemagne-linflation-confirmee-45-en-octobre-au-plus-haut-depuis-1993-211110\">Allemagne : l&rsquo;inflation confirm\u00e9e \u00e0 4,5% en octobre, au plus haut depuis 1993<\/a> (AFP)<\/p>\n\n\n\n<p><a href=\"https:\/\/www.connaissancedesenergies.org\/afp\/le-monde-sinterroge-sur-limpact-du-ralentissement-de-leconomie-chinoise-211110\">Le monde s&rsquo;interroge sur l&rsquo;impact du ralentissement de l&rsquo;\u00e9conomie chinoise<\/a> (AFP)<\/p>\n\n\n\n<p><a href=\"https:\/\/www.boursorama.com\/actualite-economique\/actualites\/general-electric-annonce-sa-scission-en-trois-entreprises-cotees-3b036cfc1c642519b03944fd7c5d4939\">General Electric annonce sa scission en trois entreprises cot\u00e9es<\/a> (Reuters)<\/p>\n\n\n\n<p><a href=\"http:\/\/alencontre.org\/laune\/le-dilemme-energetique-et-la-cause-dune-transition-ecologique-democratique.html\"><span class=\"has-inline-color has-contrast-color\"><strong>Analyse<\/strong><\/span><\/a><\/p>\n\n\n\n<p><a href=\"https:\/\/www.connaissancedesenergies.org\/nuclear-energy-net-zero-world-le-rapport-de-laiea-211109\">\u00ab Nuclear Energy for a Net Zero World \u00bb : le rapport de l&rsquo;AIEA<\/a> (Connaissance des \u00e9nergies)<\/p>\n\n\n\n<p><a href=\"https:\/\/blogs.mediapart.fr\/christophe-patillon\/blog\/041121\/ventes-darmes-morale-business-et-realpolitik\">Ventes d&rsquo;armes : morale, business et realpolitik<\/a> (Blog de Christophe Patillon)<\/p>\n\n\n\n<p><a href=\"https:\/\/www.mediapart.fr\/journal\/france\/101121\/justice-commerciale-malgre-la-reforme-les-scandales-demeurent\">Justice commerciale&nbsp;: malgr\u00e9 la r\u00e9forme, les scandales demeurent<\/a> (M\u00e9diapart)<\/p>\n\n\n\n<p><a href=\"https:\/\/reporterre.net\/Entre-pays-riches-et-pauvres-la-discussion-financiere-s-enlise\">Entre pays riches et pauvres, la discussion financi\u00e8re s&rsquo;enlise<\/a> (Reporterre)<\/p>\n\n\n\n<p><a href=\"https:\/\/blogs.mediapart.fr\/jean-marc-b\/blog\/101121\/le-capitalisme-crepusculaire-par-michael-roberts\">Le capitalisme cr\u00e9pusculaire &#8211;<\/a>Michael Roberts<\/p>\n\n\n\n<figure class=\"wp-block-image size-full is-resized is-style-default\"><img data-recalc-dims=\"1\" loading=\"lazy\" decoding=\"async\" src=\"https:\/\/i0.wp.com\/www.rdpemancipation.org\/wp-content\/uploads\/2021\/11\/tw1.jpeg?resize=370%2C538&#038;ssl=1\" alt=\"\" class=\"wp-image-56828\" width=\"370\" height=\"538\" srcset=\"https:\/\/i0.wp.com\/www.rdpemancipation.org\/wp-content\/uploads\/2021\/11\/tw1.jpeg?w=262&amp;ssl=1 262w, https:\/\/i0.wp.com\/www.rdpemancipation.org\/wp-content\/uploads\/2021\/11\/tw1.jpeg?resize=206%2C300&amp;ssl=1 206w\" sizes=\"auto, (max-width: 370px) 100vw, 370px\" \/><\/figure>\n\n\n\n<p><strong><span style=\"color:#f20c27\" class=\"has-inline-color\"> 9 novembre en continu<\/span><\/strong><\/p>\n\n\n\n<p><strong>France<\/strong><\/p>\n\n\n\n<p><a href=\"https:\/\/blogs.mediapart.fr\/atd-quart-monde\/blog\/091121\/chomage-l-embellie-est-elle-si-belle\">Ch\u00f4mage&nbsp;: l\u2019embellie est-elle si belle&nbsp;?<\/a> (Blog ATD Quart Monde)<\/p>\n\n\n\n<p><a href=\"https:\/\/www.boursorama.com\/videos\/actualites\/la-reunion-face-au-defi-du-chomage-aa32e9f4c993e7c83ad682f54ab7df2f\">La R\u00e9union face au d\u00e9fi du ch\u00f4mage<\/a> (France 24)<\/p>\n\n\n\n<p><a href=\"https:\/\/www.connaissancedesenergies.org\/afp\/electricite-nucleaire-bon-marche-le-regulateur-annonce-des-controles-renforces-des-fournisseurs-211109\">Electricit\u00e9 nucl\u00e9aire bon march\u00e9 : le r\u00e9gulateur annonce des contr\u00f4les renforc\u00e9s<\/a> (AFP)<\/p>\n\n\n\n<p><a href=\"https:\/\/www.boursorama.com\/actualite-economique\/actualites\/gafam-comment-carrefour-veut-s-inventer-un-avenir-numerique-c31fb8afacd85a14eecdf3c092b6e333\">Gafam&nbsp;: comment Carrefour veut s\u2019inventer un avenir num\u00e9rique<\/a> (Le Point)<\/p>\n\n\n\n<p><a href=\"https:\/\/www.boursorama.com\/actualite-economique\/actualites\/le-fmi-releve-sa-prevision-de-croissance-francaise-pour-2021-a-6-75-dd95513380a89772ab08c8a24f369661\">Le FMI rel\u00e8ve sa pr\u00e9vision de croissance fran\u00e7aise pour 2021 \u00e0 6,75%<\/a> (AFP)<\/p>\n\n\n\n<p><a href=\"https:\/\/www.boursorama.com\/actualite-economique\/actualites\/pour-le-fmi-la-france-devra-reprendre-l-effort-de-consolidation-budgetaire-en-2023-c988184c3374876cfd59e5ab3fb2cfc7\">Pour le FMI, la France devra reprendre la consolidation budg\u00e9taire en 2023<\/a> (Reuters)<\/p>\n\n\n\n<p><a href=\"https:\/\/www.boursorama.com\/actualite-economique\/actualites\/france-le-deficit-commercial-se-creuse-a-6-9-milliards-d-euros-en-septembre-528fba1129115236f8b8dc5fcddc7ea2\">France : le d\u00e9ficit commercial se creuse \u00e0 6,9 milliards \u20ac en septembre<\/a> (AFP)<\/p>\n\n\n\n<p><a href=\"https:\/\/reporterre.net\/Guerre-de-l-eau-La-violence-et-l-illegalite-se-situent-du-cote-de-l-agro-industrie\" target=\"_blank\" rel=\"noreferrer noopener\">Guerre de l&rsquo;eau&nbsp;: \u00ab&nbsp;La violence et l&rsquo;ill\u00e9galit\u00e9 se situent du c\u00f4t\u00e9 de l&rsquo;agro-industrie&nbsp;\u00bb<\/a>&nbsp; (Reporterre)<\/p>\n\n\n\n<p><a href=\"https:\/\/www.mediapart.fr\/journal\/international\/091121\/la-cop26-la-france-fait-le-lobbying-de-l-industrie-nucleaire\" target=\"_blank\" rel=\"noreferrer noopener\">\u00c0 la COP26, la France fait le lobbying de l\u2019industrie nucl\u00e9aire<\/a>&nbsp; (M\u00e9diapart)<\/p>\n\n\n\n<p><a href=\"https:\/\/info.alternatives-economiques.fr\/optiext\/optiextension.dll?ID=x10xYg24py0Fs9j8Gxp_5tbNvwoB4z4SxIyBrREWOHCiAYQhFVG9FzCAQkmL_1dQKnvzu8YN986cc6UfP1_rM3%2BXDZHVd\" target=\"_blank\" rel=\"noreferrer noopener\">Nucl\u00e9aire&nbsp;: \u00ab&nbsp;Exporter des petits r\u00e9acteurs serait une impasse pour la France&nbsp;\u00bb<\/a> (Alter eco)<\/p>\n\n\n\n<p><a href=\"https:\/\/info.alternatives-economiques.fr\/optiext\/optiextension.dll?ID=fNMfJL3wR37ozz1zsaR631An2HJENr_lz4m%2BrjhWNH71YGrvnCW_otwy68PCt3zaX9YbqHsJGyT5wSBm4FRnCqs5i7If_\" target=\"_blank\" rel=\"noreferrer noopener\">Mix \u00e9lectrique : les raccourcis simplistes du gouvernement<\/a> (Alter eco)<\/p>\n\n\n\n<p><a href=\"https:\/\/basta.media\/mega-bassines-manifestation-confederation-paysanne-FNSEA-nappes-phreatiques\" target=\"_blank\" rel=\"noreferrer noopener\">Passe-droit pour l\u2019agro-industrie, r\u00e9pression pour les d\u00e9fenseurs des ressources en eau&nbsp;<\/a> (Basta!)<\/p>\n\n\n\n<p><a href=\"https:\/\/europe-solidaire.us8.list-manage.com\/track\/click?u=5c732dd5ee65845cf20fd724a&amp;id=f6f3a5e2fc&amp;e=5df9c98670\">Les entreprises peuvent d\u00e9sormais afficher une neutralit\u00e9 carbone d\u00e9pourvue de toute r\u00e9alit\u00e9 <\/a>-Paul Dalmasso<\/p>\n\n\n\n<pre class=\"wp-block-preformatted has-normal-font-size\">Si pour Blanquer lever le secret m\u00e9dical n'est pas grave, on pourrait lever le secret bancaire et publier le nom des 600 nababs fran\u00e7ais qui planquent leur argent dans les paradis fiscaux...<\/pre>\n\n\n\n<p><strong>Monde<\/strong><\/p>\n\n\n\n<p><a href=\"https:\/\/www.boursorama.com\/actualite-economique\/actualites\/chine-evergrande-se-donne-de-l-air-avant-une-echeance-cruciale-e3bce7c803793c89070878dddf2a39ee\">Chine : Evergrande se donne de l&rsquo;air avant une \u00e9ch\u00e9ance cruciale<\/a> (Boursorama)<\/p>\n\n\n\n<p><a href=\"https:\/\/www.boursorama.com\/actualite-economique\/actualites\/mini-reacteurs-nucleaires-le-royaume-uni-et-rolls-royce-accelerent-sur-les-smr-44bc4db3cc6fcaf72ca7edb726139d7c\">Mini-r\u00e9acteurs nucl\u00e9aires : le Royaume-Uni et Rolls-Royce acc\u00e9l\u00e8rent <\/a>&nbsp;(Boursorama)<\/p>\n\n\n\n<p><a href=\"https:\/\/www.boursorama.com\/actualite-economique\/actualites\/le-conglomerat-general-electric-ge-se-scinde-en-trois-entites-distinctes-3448ca9bc769b4fcc98ab04e07dce832\">Le conglom\u00e9rat General Electric (GE) se scinde en trois entit\u00e9s distinctes<\/a> (AFP)<\/p>\n\n\n\n<p><a href=\"https:\/\/www.boursorama.com\/actualite-economique\/actualites\/allemagne-rebond-inattendu-du-moral-des-investisseurs-selon-l-institut-zew-0351fb1c86d372f78ce0770852beec1b\">Allemagne : Rebond inattendu du moral des investisseurs (ZEW<\/a>) (Reuters)<\/p>\n\n\n\n<p><a href=\"https:\/\/www.boursorama.com\/actualite-economique\/actualites\/allemagne-nouvelle-baisse-des-exportations-en-septembre-691645f89ca790902fdff7e8c78a4347\">Allemagne : Nouvelle baisse des exportations en septembre<\/a> (Reuters)<\/p>\n\n\n\n<p><a href=\"https:\/\/www.boursorama.com\/actualite-economique\/actualites\/les-taux-bas-penalisent-les-banques-le-probleme-va-durer-dit-enria-de3c1e49432f1d444f2ddf5b477ce599\">Les taux bas p\u00e9nalisent les banques, le probl\u00e8me va durer (BCE)<\/a> (Reuters)<\/p>\n\n\n\n<p><a href=\"https:\/\/www.boursorama.com\/videos\/actualites\/union-europeenne-la-regulation-des-geants-du-numerique-en-debat-15796d5b4be2d94713615bab5da2a67e\">UE : la r\u00e9gulation des g\u00e9ants du num\u00e9rique en d\u00e9bat<\/a> (France 24)<\/p>\n\n\n\n<p><a href=\"https:\/\/www.boursorama.com\/actualite-economique\/actualites\/virgin-galactic-a-vendu-100-tickets-pour-l-espace-a-450-000-dollars-a10a9255e7a43268b15d81e4085f84eb\">Virgin Galactic a vendu 100 tickets pour l&rsquo;espace \u00e0 450.000 $<\/a> (AFP)<\/p>\n\n\n\n<p><a href=\"https:\/\/www.mediapart.fr\/journal\/international\/081121\/volkswagen-jette-son-devolu-sur-l-ile-grecque-d-astypalea\">Volkswagen jette son d\u00e9volu sur l\u2019\u00eele grecque d\u2019Astypalea<\/a> (M\u00e9diapart)<\/p>\n\n\n\n<p><strong>Analyses<\/strong><\/p>\n\n\n\n<p><strong><a href=\"https:\/\/www.contretemps.eu\/destruction-privatisation-biens-communs-capitalisme\/\" target=\"_blank\" rel=\"noreferrer noopener\">La destruction et l\u2019accaparement des biens communs<\/a>&nbsp; &#8211; Eric Toussaint (Contretemps)<\/strong><\/p>\n\n\n\n<p><a href=\"https:\/\/info.alternatives-economiques.fr\/optiext\/optiextension.dll?ID=fNMfKDFII9HR8dM9hwwIZzl7EAmc9Ox9JxUHsB5DdXSvueovmpgoq7d%2BeVhobisZa1ddyLitxaYWQ8VCgs4UhgQGeHfTK\" target=\"_blank\" rel=\"noreferrer noopener\">Des plans de relance plus bruns que verts<\/a> (Alter eco)<\/p>\n\n\n\n<p><a href=\"http:\/\/www.eco-bretons.info\/sur-le-champ-un-film-qui-montre-quon-peut-produire-moins-mais-mieux\/\">\u00ab Sur le champ ! \u00bb, un film qui montre qu\u2019on peut produire moins mais mieux<\/a> (Eco-bretons)<\/p>\n\n\n\n<p><a href=\"http:\/\/cadtm.org\/Video-L-audit-citoyen-des-dettes-pour-identifier-et-annuler-les-dettes\">[Video] L&rsquo;audit citoyen des dettes pour identifier et annuler les dettes ill\u00e9gitimes (8 min.)<\/a> (CADTM)<\/p>\n\n\n\n<p><strong><a href=\"https:\/\/info.alternatives-economiques.fr\/optiext\/optiextension.dll?ID=x10xZnwiMd9gyAXx848_KOY%2Bnck44qaBH%2BwCQyroDkSrvCyhFktiges_IZC4mbUbzr4f0VgLRvJo6P4O0U%2Br88mw%2BfdNA\" target=\"_blank\" rel=\"noreferrer noopener\">Quoi qu\u2019il en co\u00fbte, en m\u00eame temps<\/a><\/strong> &nbsp;&#8211; Eloi Laurent (Alter eco)<\/p>\n\n\n\n<figure class=\"wp-block-image size-large is-resized is-style-default\"><img data-recalc-dims=\"1\" loading=\"lazy\" decoding=\"async\" src=\"https:\/\/i0.wp.com\/www.rdpemancipation.org\/wp-content\/uploads\/2021\/11\/image-34.png?resize=333%2C333&#038;ssl=1\" alt=\"\" class=\"wp-image-56560\" width=\"333\" height=\"333\" srcset=\"https:\/\/i0.wp.com\/www.rdpemancipation.org\/wp-content\/uploads\/2021\/11\/image-34.png?resize=1024%2C1024&amp;ssl=1 1024w, https:\/\/i0.wp.com\/www.rdpemancipation.org\/wp-content\/uploads\/2021\/11\/image-34.png?resize=300%2C300&amp;ssl=1 300w, https:\/\/i0.wp.com\/www.rdpemancipation.org\/wp-content\/uploads\/2021\/11\/image-34.png?resize=150%2C150&amp;ssl=1 150w, https:\/\/i0.wp.com\/www.rdpemancipation.org\/wp-content\/uploads\/2021\/11\/image-34.png?resize=768%2C768&amp;ssl=1 768w, https:\/\/i0.wp.com\/www.rdpemancipation.org\/wp-content\/uploads\/2021\/11\/image-34.png?w=1280&amp;ssl=1 1280w\" sizes=\"auto, (max-width: 333px) 100vw, 333px\" \/><\/figure>\n\n\n\n<p><strong><span style=\"color:#f20c27\" class=\"has-inline-color\">8 novembre en continu<\/span><\/strong><\/p>\n\n\n\n<p><strong>France<\/strong><\/p>\n\n\n\n<p><a href=\"https:\/\/blogs.mediapart.fr\/fpl\/blog\/081121\/construisons-un-outil-financier-au-service-de-lindependance-du-journalisme\">Construisons un outil financier au service de l&rsquo;ind\u00e9pendance du journalisme<\/a> (Blog FPL)<\/p>\n\n\n\n<p><a href=\"https:\/\/blogs.mediapart.fr\/partager-cest-sympa\/blog\/081121\/la-foret-francaise-est-en-danger-le-plan-de-relance-la-menace-0\">La for\u00eat fran\u00e7aise est en danger : le plan de relance la menace<\/a> (Blog Partager c\u2019est sympa)<\/p>\n\n\n\n<p><a href=\"https:\/\/blogs.mediapart.fr\/vingtras\/blog\/081121\/les-oublies-du-cac-40\">Les oubli\u00e9s du CAC 40<\/a> (Blog Vingtras)<\/p>\n\n\n\n<p><a href=\"https:\/\/www.mediapart.fr\/journal\/international\/071121\/rafale-papers-les-factures-bidon-du-systeme-dassault\">\u00ab&nbsp;Rafale Papers&nbsp;\u00bb&nbsp;: les \u00ab&nbsp;factures bidon&nbsp;\u00bb du syst\u00e8me Dassault<\/a> (M\u00e9diapart)<\/p>\n\n\n\n<p><a href=\"https:\/\/www.boursorama.com\/actualite-economique\/actualites\/plan-france-2030-l-assemblee-vote-l-amendement-le-plus-cher-de-la-ve-republique-3ccfab65f5e1135a79fab0afdd7238de\">Plan France 2030 : l&rsquo;Assembl\u00e9e vote \u00ab\u00a0l&rsquo;amendement le plus cher de la Ve R\u00e9publique\u00a0\u00bb<\/a> (AFP)<\/p>\n\n\n\n<p><a href=\"https:\/\/www.boursorama.com\/actualite-economique\/actualites\/les-prets-garantis-par-l-etat-pge-vont-etre-prolonges-jusqu-a-la-fin-juin-2022-bercy-fc5f0f7ac8503d9d33a923019a86c951\">Les pr\u00eats garantis par l&rsquo;Etat vont \u00eatre prolong\u00e9s jusqu&rsquo;\u00e0 la fin juin 2022 <\/a>&nbsp;(AFP)<\/p>\n\n\n\n<p><a href=\"https:\/\/www.boursorama.com\/actualite-economique\/actualites\/assurance-maladie-1-7-milliard-d-euros-supplementaires-en-2021-1f514224dea57afad4127bbf6708d9d5\">Assurance maladie : 1,7 milliard \u20ac suppl\u00e9mentaires en 2021<\/a> (AFP)<\/p>\n\n\n\n<p>&nbsp;<a href=\"https:\/\/www.boursorama.com\/videos\/actualites\/cac-40-a-7000-points-l-heure-de-vendre-desormais-d51e8b0c255d040fc6b3d267a46bb228\">CAC 40 \u00e0 7000 points : l&rsquo;heure de vendre d\u00e9sormais ?<\/a> (Ecorama)<\/p>\n\n\n\n<p><a href=\"https:\/\/www.boursorama.com\/actualite-economique\/actualites\/le-nucleaire-francais-est-pret-a-batir-de-nouveaux-epr-selon-edf-175a76064de253465e1f9a83236a1e5b\">Le nucl\u00e9aire fran\u00e7ais est pr\u00eat \u00e0 b\u00e2tir de nouveaux EPR, selon EDF<\/a> (Reuters)<\/p>\n\n\n\n<p><a href=\"https:\/\/www.boursorama.com\/actualite-economique\/actualites\/hopital-il-manque-au-moins-500-millions-pour-financer-le-segur-en-2021-selon-la-fhf-eb2c6f55d00722808425b5bb515dffbd\">H\u00f4pital : il manque au moins 500 millions \u00ab\u00a0pour financer le S\u00e9gur\u00a0\u00bb en 2021<\/a> (AFP)<\/p>\n\n\n\n<p><a href=\"https:\/\/www.letelegramme.fr\/debats\/edito-les-dividendes-pleuvent-comme-a-gravelotte-03-11-2021-12860759.php\">Les dividendes pleuvent comme \u00e0 Gravelotte<\/a>&nbsp; (Le T\u00e9l\u00e9gramme)<\/p>\n\n\n\n<p><a href=\"https:\/\/www.humanite.fr\/energie-bouygues-soffre-la-filiale-dengie-pour-7-milliards-726814#xtor=RSS-1\">\u00c9nergie. Bouygues s\u2019offre la filiale d\u2019Engie pour 7 milliards<\/a> (L\u2019Humanit\u00e9)<\/p>\n\n\n\n<p><strong>Monde<\/strong><\/p>\n\n\n\n<p><strong><a href=\"https:\/\/www.oecd.org\/fr\/sdd\/cn\/Growth-and-economic-well-being-oecd-11-2021-Fr.pdf\">Le revenu des m\u00e9nages a fortement baiss\u00e9 au T2 2021 malgr\u00e9 une forte hausse du PIB<\/a> <\/strong>&nbsp;(OCDE)<\/p>\n\n\n\n<p><a href=\"https:\/\/www.mediapart.fr\/journal\/culture-idees\/081121\/la-terre-n-est-pas-une-energie-renouvelable\">La face sombre de l\u2019\u00e9conomie verte<\/a> (M\u00e9diapart)<\/p>\n\n\n\n<p>&nbsp;<a href=\"https:\/\/www.boursorama.com\/videos\/actualites\/un-plan-biden-au-rabais-c823a985ecd331757f97af636859b685\">Un plan Biden au rabais ?<\/a> (Ecorama)<\/p>\n\n\n\n<p><a href=\"https:\/\/www.boursorama.com\/actualite-economique\/actualites\/le-marche-des-cryptomonnaies-depasse-3-000-milliards-de-dollars-cd0816d572ad3ef998aea6da6b3f62b4\">Le march\u00e9 des cryptomonnaies d\u00e9passe 3.000 milliards de dollars<\/a> (AFP)<\/p>\n\n\n\n<p><a href=\"https:\/\/www.boursorama.com\/actualite-economique\/actualites\/l-empire-de-sanjeev-gupta-vise-par-une-enquete-du-parquet-de-paris-selon-le-financial-times-7d7dea34b4bbe25e37b4064b73055600\">L&#8217;empire de Sanjeev Gupta vis\u00e9 par une enqu\u00eate du parquet de Paris<\/a> (Reuters)<\/p>\n\n\n\n<p><a href=\"https:\/\/www.project-syndicate.org\/commentary\/economic-policy-cycles-spending-and-austerity-by-harold-james-2021-11?utm_source=Project+Syndicate+Newsletter&amp;utm_campaign=d82b36201a-covid_newsletter_11_04_2021&amp;utm_medium=email&amp;utm_term=0_73bad5b7d8-d82b36201a-107144881&amp;mc_cid=d82b36201a&amp;mc_eid=0bf6731379\">Back to Austerity?<\/a>&nbsp; (Project Syndicate)<\/p>\n\n\n\n<p><a href=\"https:\/\/brunobertez.com\/2021\/11\/04\/croissance-reelle-comparee-des-differents-pays\/\">Croissance r\u00e9elle compar\u00e9e des diff\u00e9rents pays<\/a>&nbsp; (Bruno Bertez)<\/p>\n\n\n\n<p><a href=\"https:\/\/elucid.media\/economie\/planche-a-billets-bce-secours-epargne-plus-riches\/\">La planche \u00e0 billets de la BCE au secours de l\u2019\u00e9pargne des plus riches<\/a>&nbsp; (Elucid)<\/p>\n\n\n\n<p><a href=\"https:\/\/www.monde-diplomatique.fr\/2016\/10\/BULARD\/56415\">Les investisseurs chinois ach\u00e8tent-ils la France ?<\/a> (Le Monde diplomatique, 2016)<\/p>\n\n\n\n<p><strong>Analyse<\/strong><\/p>\n\n\n\n<p><a href=\"https:\/\/www.research.natixis.com\/Site\/en\/publication\/DxeNmbWw5iRqvaQUzMqMOSbaukXsgdqw_5gkGC0J2j0%3D?from=email\" title=\"https:\/\/www.research.natixis.com\/Site\/en\/publication\/DxeNmbWw5iRqvaQUzMqMOSbaukXsgdqw_5gkGC0J2j0%3D?from=email\">La d\u00e9sindustrialisation de la France n\u2019a rien \u00e0 voir avec la globalisation<\/a> (Patrick Artus)<\/p>\n\n\n\n<p><strong><a href=\"https:\/\/www.mediapart.fr\/journal\/economie\/071121\/reflechir-nos-besoins-pour-changer-l-economie\">R\u00e9fl\u00e9chir \u00e0 nos besoins pour changer l\u2019\u00e9conomie<\/a> (M\u00e9diapart)<\/strong>&nbsp;<\/p>\n\n\n\n<p><strong><span style=\"color:#f20c27\" class=\"has-inline-color\">7 novembre en continu<\/span><\/strong><\/p>\n\n\n\n<p><a href=\"https:\/\/www.lemonde.fr\/idees\/article\/2021\/11\/06\/les-entreprises-peuvent-desormais-afficher-une-neutralite-carbone-depourvue-de-toute-realite-physique_6101154_3232.html\">\u00ab&nbsp;Les entreprises peuvent afficher une neutralit\u00e9 carbone d\u00e9pourvue de toute r\u00e9alit\u00e9 physique&nbsp;\u00bb<\/a> (Le Monde)<\/p>\n\n\n\n<p><a href=\"https:\/\/www.lemonde.fr\/economie\/article\/2021\/11\/06\/appel-d-air-pour-les-groupes-francais-en-ouzbekistan_6101182_3234.html\">En Ouzb\u00e9kistan, les groupes fran\u00e7ais parient sur l\u2019ouverture \u00e9conomique du pays<\/a> (Le Monde)<\/p>\n\n\n\n<p><a href=\"https:\/\/www.alternatives-economiques.fr\/dominique-grange-jacques-tardi-mai-68-de-lusine\/00101019\">Dominique Grange et Jacques Tardi&nbsp;: Mai 68 vu de l\u2019usine<\/a> (Alter \u00e9co)<\/p>\n\n\n\n<p><a href=\"https:\/\/www.alternatives-economiques.fr\/mathilde-dupre\/montagne-dor-letat-francais-attaque-retire-projet\/00100904\">Montagne d\u2019or&nbsp;: l\u2019Etat fran\u00e7ais attaqu\u00e9 pour avoir retir\u00e9 le projet<\/a> (Alter \u00e9co)<\/p>\n\n\n\n<p><a href=\"https:\/\/www.alternatives-economiques.fr\/julia-cage-contre-medias-bollore-faut-reagir-vite\/00100986\">Julia Cag\u00e9&nbsp;: \u00ab&nbsp;Contre les m\u00e9dias Bollor\u00e9, il faut r\u00e9agir vite&nbsp;!&nbsp;\u00bb<\/a> (Alter \u00e9co)<\/p>\n\n\n\n<p><a href=\"http:\/\/n0jz.mjt.lu\/lnk\/AVIAAEIhiaoAAcpSmGYAAJthy60AATvgfqIAHmewAAmDVABhhklalaMshVe3T_WK2Q-iF3ByOAAJA84\/16\/dfYyV75vZ764VtZhWfd0PA\/aHR0cHM6Ly93d3cubGVtZWRpYXR2LmZyL2VtaXNzaW9ucy8yMDIxL2NhcmJ1cmFudHMtZW4tZnJhbmNlLWNvbW1lbnQtbGUtcGV1cGxlLWVzdC1yYWNrZXR0ZS1lQ2V3ci1kU1RpNnExU1BRT3FNZmJn\">Carburants en France : comment le peuple est rackett\u00e9<\/a> (Le M\u00e9dia)<\/p>\n\n\n\n<p><strong>Monde<\/strong><\/p>\n\n\n\n<p><a href=\"https:\/\/www.boursorama.com\/actualite-economique\/actualites\/les-compagnies-aeriennes-se-preparent-a-un-deferlement-de-voyageurs-aux-etats-unis-d4e75a6e15aa14534369c706272e7005\">Les compagnies a\u00e9riennes se pr\u00e9parent \u00e0 un d\u00e9ferlement de voyageurs aux USA<\/a> (AFP)<\/p>\n\n\n\n<p><a href=\"https:\/\/www.boursorama.com\/actualite-economique\/actualites\/chine-le-numerique-impose-ses-cadences-infernales-aux-livreurs-c29014eda317bcd53db54aa1defd19ae\">Chine : le num\u00e9rique impose ses cadences infernales aux livreurs<\/a> (AFP)<\/p>\n\n\n\n<p><a href=\"https:\/\/www.lemonde.fr\/idees\/article\/2021\/11\/06\/patrick-artus-comment-passer-du-pib-au-bien-etre_6101153_3232.html\">737 MAX&nbsp;: Boeing pourrait toucher une indemnit\u00e9 de&nbsp;237,5&nbsp;millions $ des administrateurs <\/a> (Le Monde) <\/p>\n\n\n\n<p><a href=\"https:\/\/www.lemonde.fr\/idees\/article\/2021\/11\/06\/patrick-artus-comment-passer-du-pib-au-bien-etre_6101153_3232.html\"> <\/a><a href=\"https:\/\/www.lemonde.fr\/economie\/article\/2021\/11\/06\/parti-en-quenouille-lors-de-la-crise-du-covid-19-le-cours-du-coton-s-emballe_6101189_3234.html\">\u00ab&nbsp;Parti en quenouille lors de la crise du Covid-19, le cours du coton s\u2019emballe&nbsp;\u00bb<\/a> (Le Monde)<\/p>\n\n\n\n<p><a href=\"https:\/\/www.lemonde.fr\/economie\/article\/2021\/11\/07\/le-ralentissement-de-la-chine-un-defi-considerable-pour-l-economie-allemande_6101250_3234.html\">Le ralentissement de la Chine, un \u00ab&nbsp;d\u00e9fi consid\u00e9rable&nbsp;\u00bb pour l\u2019\u00e9conomie allemande<\/a> (Le Monde)<\/p>\n\n\n\n<p><a href=\"https:\/\/www.lemonde.fr\/economie\/article\/2021\/11\/07\/le-spectre-d-un-ralentissement-de-la-chine-pese-sur-l-economie-mondiale_6101244_3234.html\">Le spectre d\u2019un ralentissement de la Chine p\u00e8se sur l\u2019\u00e9conomie mondiale<\/a>(Le Monde)<\/p>\n\n\n\n<p><a href=\"https:\/\/www.franceculture.fr\/emissions\/la-bulle-economique\/neutralite-carbone-une-promesse-en-vogue-vague-voire-dangereuse\">Neutralit\u00e9 carbone : une promesse en vogue, vague voire dangereuse<\/a> (France Culture)<\/p>\n\n\n\n<p><strong><a href=\"http:\/\/frances.prensa-latina.cu\/index.php?option=com_content&amp;view=article&amp;id=887710:les-prix-alimentaires-mondiaux-montent-en-fleche-depuis-2011&amp;opcion=pl-ver-noticia&amp;catid=69&amp;Itemid=101\">Les prix alimentaires mondiaux montent en fl\u00e8che depuis 2011<\/a> (Prensa Latina)<\/strong><\/p>\n\n\n\n<p><a href=\"https:\/\/www.boursorama.com\/bourse\/actualites\/usa-le-congres-adopte-le-plan-de-1-000-mds-de-biden-sur-les-infrastructures-0493bf07d43770f4ece6b988cbc87c21\">USA-Le Congr\u00e8s adopte le plan de $1.000 mds de Biden sur les infrastructures<\/a> (Reuters)<\/p>\n\n\n\n<p><strong>Analyse<\/strong><\/p>\n\n\n\n<p><strong><a href=\"https:\/\/www.cgtinsee.org\/actualite\/crise-sanitaire-covid-19\/article\/on-peut-debattre-de-tout-y-compris-des-chiffres\">On peut d\u00e9battre de tout, y compris des chiffres&nbsp;!<\/a><\/strong> (CGT de l\u2019INSEE)<\/p>\n\n\n\n<p><a href=\"http:\/\/feedproxy.google.com\/~r\/opendemocracy\/~3\/tZ26QICSZyI\/\" target=\"_blank\" rel=\"noreferrer noopener\">Why are ultra-rich allowed to gain from crises that hit poorest the worst?<\/a>&nbsp; (openDemocracy)<\/p>\n\n\n\n<p><a href=\"https:\/\/www.lemonde.fr\/idees\/article\/2021\/11\/06\/patrick-artus-comment-passer-du-pib-au-bien-etre_6101153_3232.html\">Patrick Artus&nbsp;: \u00ab&nbsp;Comment passer du PIB au bien-\u00eatre&nbsp;?&nbsp;\u00bb  <\/a>(Le Monde)<\/p>\n\n\n\n<figure class=\"wp-block-image is-resized is-style-default\"><img data-recalc-dims=\"1\" loading=\"lazy\" decoding=\"async\" src=\"https:\/\/i0.wp.com\/mamot.fr\/system\/cache\/media_attachments\/files\/107\/189\/388\/147\/295\/806\/original\/a8423e4281aa1485.jpg?resize=244%2C299&#038;ssl=1\" alt=\"\" width=\"244\" height=\"299\"\/><\/figure>\n\n\n\n<p><strong><span style=\"color:#f20c27\" class=\"has-inline-color\">6 novembre en continu<\/span><\/strong><\/p>\n\n\n\n<p><strong>France<\/strong><\/p>\n\n\n\n<p><a href=\"https:\/\/www.connaissancedesenergies.org\/afp\/energie-bouygues-va-racheter-equans-engie-pour-71-milliards-deuros-211106-0\">Energie : Bouygues va racheter Equans \u00e0 Engie pour 7,1 milliards \u20ac<\/a> (AFP)<\/p>\n\n\n\n<p><a href=\"https:\/\/www.connaissancedesenergies.org\/afp\/gel-du-prix-du-gaz-lassemblee-en-faveur-dun-dedommagement-des-fournisseurs-211106\">Gel du prix du gaz : l&rsquo;Assembl\u00e9e en faveur d&rsquo;un d\u00e9dommagement des fournisseurs<\/a> (AFP)<\/p>\n\n\n\n<p><a href=\"https:\/\/www.connaissancedesenergies.org\/afp\/le-departement-de-loire-atlantique-emet-un-avis-defavorable-sur-un-projet-de-methaniseur-geant-211105\">La Loire-Atlantique \u00e9met un \u00ab\u00a0avis d\u00e9favorable\u00a0\u00bb sur un projet de m\u00e9thaniseur g\u00e9ant<\/a> (AFP)<\/p>\n\n\n\n<p><a href=\"https:\/\/www.humanite.fr\/energie-il-faut-revenir-des-operateurs-nationalises-726311#xtor=RSS-1\" target=\"_blank\" rel=\"noreferrer noopener\">\u00c9nergie. \u00ab Il faut revenir \u00e0 des op\u00e9rateurs nationalis\u00e9s \u00bb<\/a>&nbsp; (L\u2019Humanit\u00e9)<\/p>\n\n\n\n<p><a href=\"https:\/\/www.humanite.fr\/energie-pourquoi-vous-payez-trop-726299#xtor=RSS-1\" target=\"_blank\" rel=\"noreferrer noopener\">\u00c9nergie. Pourquoi vous payez trop ?<\/a>&nbsp; (L\u2019Humanit\u00e9)<\/p>\n\n\n\n<p><a href=\"https:\/\/www.mediapart.fr\/journal\/economie\/041121\/quand-les-milliardaires-de-saint-tropez-lavent-leur-linge-sale-en-justice\">Quand les milliardaires de Saint-Tropez lavent leur linge sale en justice<\/a> (M\u00e9diapart)<\/p>\n\n\n\n<p><a href=\"https:\/\/blogs.mediapart.fr\/jean-marc-b\/blog\/051121\/macron-champion-du-gaz-fossile-dans-le-g20\">Macron champion du gaz fossile dans le G20<\/a> (Macronwatch)<\/p>\n\n\n\n<p><a href=\"http:\/\/www.rexecode.fr\/public\/Rencontres-et-debats\/Communications-exterieures\/Hausses-de-prix-en-France-diagnostic-et-perspectives\">Hausses de prix en France : diagnostic et perspectives<\/a>&nbsp; (Rexecode)<\/p>\n\n\n\n<p><a href=\"http:\/\/www.rexecode.fr\/public\/Analyses-et-previsions\/Lettre-de-Rexecode\/France-Un-choc-de-prix-durable-plutot-qu-un-processus-inflationniste\">France &#8211; Un choc de prix durable plut\u00f4t qu\u2019un processus inflationniste<\/a>&nbsp;(Rexecode)<\/p>\n\n\n\n<p><a href=\"https:\/\/multinationales.org\/CAC40-un-record-historique-finance-par-l-argent-public\">CAC40 : un record historique financ\u00e9 par l&rsquo;argent public<\/a> (Observatoire des multinationales)<\/p>\n\n\n\n<pre class=\"wp-block-preformatted has-normal-font-size\">Macron ment sur le r\u00f4le de la France dans la mise en place d\u2019un taux d\u2019imposition \u00ab&nbsp;mondial&nbsp;\u00bb des multinationales : contrairement \u00e0 ce qu\u2019il avance, la France d\u00e9fendait un taux \u00e0 12,5%, plus bas que celui obtenu (<a href=\"https:\/\/twitter.com\/EmmanuelMacron\/status\/1454506774027964427\" target=\"_blank\" rel=\"noreferrer noopener\">source<\/a>)&nbsp;(<a rel=\"noreferrer noopener\" href=\"https:\/\/www.lesechos.fr\/monde\/enjeux-internationaux\/la-france-pour-un-impot-mondial-minimum-de-125-sur-les-entreprises-1150934\" target=\"_blank\">source<\/a>)<\/pre>\n\n\n\n<p><a href=\"https:\/\/www.ritimo.org\/Le-localisme-une-alternative-solidaire\">Le localisme, une alternative solidaire&nbsp;?<\/a> (Ritimo)<\/p>\n\n\n\n<figure class=\"wp-block-image size-full is-resized\"><img data-recalc-dims=\"1\" loading=\"lazy\" decoding=\"async\" src=\"https:\/\/i0.wp.com\/www.rdpemancipation.org\/wp-content\/uploads\/2021\/11\/image-22.png?resize=477%2C318&#038;ssl=1\" alt=\"\" class=\"wp-image-56267\" width=\"477\" height=\"318\" srcset=\"https:\/\/i0.wp.com\/www.rdpemancipation.org\/wp-content\/uploads\/2021\/11\/image-22.png?w=405&amp;ssl=1 405w, https:\/\/i0.wp.com\/www.rdpemancipation.org\/wp-content\/uploads\/2021\/11\/image-22.png?resize=300%2C200&amp;ssl=1 300w\" sizes=\"auto, (max-width: 477px) 100vw, 477px\" \/><\/figure>\n\n\n\n<p><strong>Monde<\/strong><\/p>\n\n\n\n<p><a href=\"https:\/\/www.boursorama.com\/actualite-economique\/actualites\/biden-salue-l-avancee-colossale-de-ses-projets-de-reforme-0a945953bdb580ac023572a50e6d8d51\">Biden salue l&rsquo;avanc\u00e9e \u00ab\u00a0colossale\u00a0\u00bb de ses projets de r\u00e9forme<\/a> (AFP)<\/p>\n\n\n\n<p><a href=\"https:\/\/www.boursorama.com\/actualite-economique\/actualites\/espionnage-economique-un-agent-chinois-reconnu-coupable-aux-etats-unis-dce4cfbc13cfa89bff1ffec55ffb3a75\">Espionnage \u00e9conomique : un agent chinois reconnu coupable aux Etats-Unis<\/a> (AFP)<\/p>\n\n\n\n<p><a href=\"https:\/\/www.mediapart.fr\/journal\/international\/061121\/vanessa-nakate-arretez-de-financer-les-energies-fossiles\">\u00ab&nbsp;Arr\u00eatez de financer les \u00e9nergies fossiles&nbsp;\u00bb<\/a> (M\u00e9diapart)<\/p>\n\n\n\n<p><a href=\"https:\/\/www.mediapart.fr\/journal\/international\/061121\/en-pennsylvanie-des-habitants-se-mobilisent-contre-des-gazoducs\">En Pennsylvanie, des habitants se mobilisent contre des gazoducs<\/a> (M\u00e9diapart)<\/p>\n\n\n\n<p><a href=\"http:\/\/www.rexecode.fr\/public\/Analyses-et-previsions\/Points-d-actualite\/Etats-Unis-la-normalisation-monetaire-est-lancee\">\u00c9tats-Unis : la normalisation mon\u00e9taire est lanc\u00e9e<\/a>&nbsp; (Rexecode)<a href=\"https:\/\/www.connaissancedesenergies.org\/energies-fossiles-et-emissions-de-co2-le-grand-rebond-de-2021-211104\"><\/a><\/p>\n\n\n\n<p><a href=\"https:\/\/www.connaissancedesenergies.org\/energies-fossiles-et-emissions-de-co2-le-grand-rebond-de-2021-211104\">\u00c9nergies fossiles et \u00e9missions de CO<sub>2<\/sub>&nbsp;: le grand rebond de 2021<\/a> (Connaissance des \u00e9nergies)<\/p>\n\n\n\n<p>\u00ad<strong>Analyse<\/strong><\/p>\n\n\n\n<p><a href=\"https:\/\/info.alternatives-economiques.fr\/optiext\/optiextension.dll?ID=pTSpUKn275QdsIS5ZgFByGq_2cDVcub%2BPYyQMM6bkjbJ6hsFh5szCuBuOPGgJ2L1lCXktFDSlYJLv6zie9aq_9PqsebFY\" target=\"_blank\" rel=\"noreferrer noopener\">LECTURES&nbsp;Comment une usine explose<\/a> (Alter eco)<\/p>\n\n\n\n<p><a href=\"https:\/\/www.oxfamfrance.org\/communiques-de-presse\/les-emissions-de-co2-des-1-les-plus-riches-seront-30-fois-plus-elevees-en-2030-que-le-niveau-requis-pour-limiter-le-rechauffement-a-15c\/\">Les \u00e9missions de CO2 des 1 % les plus riches en 2030\u2026<\/a> (Oxfam)<\/p>\n\n\n\n<p><a href=\"https:\/\/76835.r.ag.d.sendibm3.com\/mk\/cl\/f\/T6JjkedaWPftZIzabf8oS3kJ-SNTg2gtzCg3qz7QxJQxxZY2W7N3puHkt1i7EpPies62H2Rd1jTWb1fVegadsEQEi0Ggym0hKU12cBKuA4Xxq3A8ffcPwiFFFTdfSP-RhfBlV3uQBsDQSNzigMnzG-7jcEUUqluqjbhE9UHSaQ_Dr7z3zVmFVWi4pYVEbZ_Mj1BwZd-XNKIrlAQyNfXJURjxkiDdG0EV_bRKFOYp5Bd3wCcZV28A3ZC-syZC2aADoDCV2Q6grSNEy6g\">Zone euro : La planche \u00e0 billets et le risque d\u2019hyperinflation<\/a> (Elucid)<\/p>\n\n\n\n<p><strong><a href=\"https:\/\/www.blast-info.fr\/articles\/2021\/les-carnets-de-la-cop-02-money-money-money--zhJkuF6S-GWCw1C5dInFA\">Les carnets de la COP #02 : Money, Money, Money<\/a> (Blast)<\/strong><\/p>\n\n\n\n<figure class=\"wp-block-image size-large is-resized is-style-default\"><img data-recalc-dims=\"1\" loading=\"lazy\" decoding=\"async\" src=\"https:\/\/i0.wp.com\/www.rdpemancipation.org\/wp-content\/uploads\/2021\/11\/attachment-NlMJD7EGT9i8p_Bgm_WfnQ.jpeg?resize=461%2C345&#038;ssl=1\" alt=\"\" class=\"wp-image-56148\" width=\"461\" height=\"345\" srcset=\"https:\/\/i0.wp.com\/www.rdpemancipation.org\/wp-content\/uploads\/2021\/11\/attachment-NlMJD7EGT9i8p_Bgm_WfnQ-scaled.jpeg?resize=1024%2C768&amp;ssl=1 1024w, https:\/\/i0.wp.com\/www.rdpemancipation.org\/wp-content\/uploads\/2021\/11\/attachment-NlMJD7EGT9i8p_Bgm_WfnQ-scaled.jpeg?resize=300%2C225&amp;ssl=1 300w, https:\/\/i0.wp.com\/www.rdpemancipation.org\/wp-content\/uploads\/2021\/11\/attachment-NlMJD7EGT9i8p_Bgm_WfnQ-scaled.jpeg?resize=768%2C576&amp;ssl=1 768w, https:\/\/i0.wp.com\/www.rdpemancipation.org\/wp-content\/uploads\/2021\/11\/attachment-NlMJD7EGT9i8p_Bgm_WfnQ-scaled.jpeg?resize=1536%2C1152&amp;ssl=1 1536w, https:\/\/i0.wp.com\/www.rdpemancipation.org\/wp-content\/uploads\/2021\/11\/attachment-NlMJD7EGT9i8p_Bgm_WfnQ-scaled.jpeg?resize=2048%2C1536&amp;ssl=1 2048w, https:\/\/i0.wp.com\/www.rdpemancipation.org\/wp-content\/uploads\/2021\/11\/attachment-NlMJD7EGT9i8p_Bgm_WfnQ-scaled.jpeg?w=2400&amp;ssl=1 2400w\" sizes=\"auto, (max-width: 461px) 100vw, 461px\" \/><\/figure>\n\n\n\n<p><strong><span style=\"color:#f20c27\" class=\"has-inline-color\">5 novembre en continu<\/span><\/strong> <\/p>\n\n\n\n<p><strong>France<\/strong><\/p>\n\n\n\n<p><a href=\"https:\/\/www.lemonde.fr\/planete\/article\/2021\/11\/05\/arret-du-financement-des-energies-fossiles-a-l-etranger-pourquoi-la-france-ne-fait-pas-partie-des-signataires_6100996_3244.html\">Arr\u00eat du financement des \u00e9nergies fossiles \u00e0 l\u2019\u00e9tranger&nbsp;: <strong>pourquoi la France ne fait pas partie des signataires<\/strong><\/a> (Le Monde)<\/p>\n\n\n\n<p><a href=\"https:\/\/reporterre.net\/Sortie-des-energies-fossiles-la-France-aux-abonnes-absents\" target=\"_blank\" rel=\"noreferrer noopener\">Sortie des \u00e9nergies fossiles&nbsp;: la France aux abonn\u00e9s absents<\/a>&nbsp; (Reporterre)<\/p>\n\n\n\n<p><a href=\"https:\/\/www.boursorama.com\/actualite-economique\/actualites\/entreprises-arret-du-dispositif-d-indemnisations-des-couts-fixes-des-novembre-706fdef0a06438f8392e655cc3d00a56\">Entreprises : arr\u00eat du dispositif d&rsquo;indemnisations des \u00ab\u00a0co\u00fbts fixes\u00a0\u00bb d\u00e8s novembre<\/a> (AFP)<\/p>\n\n\n\n<p><a href=\"https:\/\/www.boursorama.com\/actualite-economique\/actualites\/crise-le-soutien-de-l-etat-aux-regies-publiques-renouvele-en-2021-7b969c12fa42904e81542930e337e5dd\">Crise : le soutien de l&rsquo;Etat aux r\u00e9gies publiques renouvel\u00e9 en 2021<\/a> (AFP)<\/p>\n\n\n\n<p><a href=\"https:\/\/www.boursorama.com\/videos\/actualites\/cac-40-pourquoi-il-peut-encore-monter-28482f9c17087f9dc6fb8a19482c15e5\">CAC 40 : pourquoi il peut encore monter !<\/a> (Ecorama)<\/p>\n\n\n\n<p>&nbsp;<a href=\"https:\/\/www.boursorama.com\/videos\/actualites\/taxe-fonciere-28-en-10-ans-et-c-est-pas-fini-3742a3cf49889928865bbf0498705fc4\">Taxe fonci\u00e8re : +28% en 10 ans et c&rsquo;est pas fini !<\/a> (Ecorama)<\/p>\n\n\n\n<p><a href=\"https:\/\/www.boursorama.com\/actualite-economique\/actualites\/airbus-seulement-36-avions-livres-en-octobre-3eb2797561e2e03e269974b5db073d60\">Airbus : seulement 36 avions livr\u00e9s en octobre<\/a> (Boursorama)<\/p>\n\n\n\n<p><a href=\"https:\/\/www.boursorama.com\/actualite-economique\/actualites\/la-france-est-un-pays-a-bas-salaires-deplore-philippe-martinez-8475f2aec4ef42add0a9c0d06069bdc0\">La France est \u00ab\u00a0un pays \u00e0 bas salaires\u00a0\u00bb, d\u00e9plore Philippe Martinez<\/a> (Boursorama)<\/p>\n\n\n\n<p><a href=\"https:\/\/www.boursorama.com\/actualite-economique\/actualites\/la-marque-francaise-dim-cede-a-un-fonds-d-investissement-americain-4e85cca41f942b97388772600ec8b6c3\">La marque fran\u00e7aise DIM c\u00e9d\u00e9 \u00e0 un fonds d&rsquo;investissement am\u00e9ricain<\/a> (Boursorama)<\/p>\n\n\n\n<p><a href=\"https:\/\/www.boursorama.com\/actualite-economique\/actualites\/france-la-production-industrielle-baisse-de-1-3-en-septembre-bcb52c5bfcc1555cacca5be6c23bc5a8\">France : la production industrielle baisse de 1,3% en septembre<\/a> (AFP)<\/p>\n\n\n\n<p><a href=\"https:\/\/info.alternatives-economiques.fr\/optiext\/optiextension.dll?ID=A45A5Bc9FrGtOLxcbPXVaSTwX8f5%2BZ5R5oWHQ0GhE3CC%2BIYQtzzEcUuWKIN4al%2B5ZO9JsAC36CLcCPT34L1_DP1rvGJcH\" target=\"_blank\" rel=\"noreferrer noopener\">Emploi&nbsp;: des bassins d&#8217;emplois tr\u00e8s d\u00e9pendants des multinationales<\/a> (Alter \u00e9co)<\/p>\n\n\n\n<p><strong><a href=\"https:\/\/www.blast-info.fr\/articles\/2021\/affaire-kohler-le-scandale-qui-menace-macron-yYUEWjJ9THKUiPsbHTFl2g\" target=\"_blank\" rel=\"noreferrer noopener\">Affaire Kohler : le scandale qui menace Macron&nbsp;<\/a> (Blast)<\/strong><\/p>\n\n\n\n<p><a href=\"https:\/\/lvsl.fr\/leconomie-a-lepreuve-de-la-penurie\/\">L\u2019\u00e9conomie \u00e0 l\u2019\u00e9preuve de la p\u00e9nurie<\/a> (Le Vent Se L\u00e8ve)<\/p>\n\n\n\n<p>Monde<\/p>\n\n\n\n<p><a href=\"https:\/\/www.boursorama.com\/actualite-economique\/actualites\/l-emploi-se-redresse-aux-etats-unis-pied-de-nez-au-variant-delta-cb428a0c8d596330362eee7b1db670a3\">L&#8217;emploi se redresse aux Etats-Unis, pied de nez au variant Delta<\/a> (AFP)<\/p>\n\n\n\n<p><a href=\"https:\/\/www.boursorama.com\/videos\/actualites\/decroissance-le-yoga-de-l-economie-ef09b762ee3e330e71c466c7e174e0ed\">D\u00e9croissance : le yoga de l\u2019\u00e9conomie<\/a> (France 24)<\/p>\n\n\n\n<p><a href=\"https:\/\/www.boursorama.com\/actualite-economique\/actualites\/le-congres-americain-tranche-enfin-sur-les-gigantesques-plans-de-biden-7a5eb7776389ef037716e53a651aaab2\">Le Congr\u00e8s am\u00e9ricain tranche enfin sur les gigantesques plans de Biden<\/a> (AFP)<\/p>\n\n\n\n<p><a href=\"https:\/\/www.boursorama.com\/actualite-economique\/actualites\/usa-l-emploi-a-rebondi-en-octobre-le-taux-de-chomage-en-baisse-58204e01e29f021654a75fb32f5efd68\">USA : L&#8217;emploi a rebondi en octobre, le taux de ch\u00f4mage en baisse<\/a> (Reuters)<\/p>\n\n\n\n<p><a href=\"https:\/\/www.boursorama.com\/actualite-economique\/actualites\/zone-euro-baisse-surprise-des-ventes-au-detail-en-septembre-3827e29be67f46e096afed6d00474343\">Zone euro : Baisse surprise des ventes au d\u00e9tail en septembre<\/a> (Reuters)<\/p>\n\n\n\n<p><a href=\"https:\/\/www.boursorama.com\/actualite-economique\/actualites\/l-addiction-aux-cryptomonnaies-une-pandemie-cachee-e5462664f5616c06dc0f08ac015f3741\">L&rsquo;addiction aux cryptomonnaies : une pand\u00e9mie cach\u00e9e ?<\/a> (AFP)<\/p>\n\n\n\n<p><a href=\"https:\/\/www.boursorama.com\/actualite-economique\/actualites\/immobilier-un-promoteur-chinois-endette-suspend-sa-cotation-290238e3b7d30648d80bbe95f2375168\">Immobilier : un promoteur chinois endett\u00e9 suspend sa cotation<\/a> (AFP)<\/p>\n\n\n\n<p><a href=\"https:\/\/www.boursorama.com\/actualite-economique\/actualites\/uber-avance-vers-la-rentabilite-61de193a0ebb789146877e044a71e519\">Uber avance vers la rentabilit\u00e9<\/a> (AFP)<\/p>\n\n\n\n<p><a href=\"https:\/\/www.connaissancedesenergies.org\/afp\/le-mexique-retarde-une-reforme-de-lenergie-qui-suscite-linquietude-des-etats-unis-211105\">Le Mexique retarde une r\u00e9forme de l&rsquo;\u00e9nergie qui suscite l&rsquo;inqui\u00e9tude des USA<\/a> (AFP)<\/p>\n\n\n\n<p><a href=\"https:\/\/www.boursorama.com\/actualite-economique\/actualites\/bresil-l-appel-d-offre-de-la-5g-a-rapporte-7-3-milliards-d-euros-56231653a5e1b40911038a563b68bc1f\">Br\u00e9sil : l&rsquo;appel d&rsquo;offre de la 5G a rapport\u00e9 7,3 milliards d&rsquo;euros<\/a> (AFP)<\/p>\n\n\n\n<p><a href=\"https:\/\/www.connaissancedesenergies.org\/afp\/pres-de-95-des-producteurs-de-gaz-et-de-petrole-prevoient-detendre-leur-activite-selon-des-ong-211104\">Pr\u00e8s de 95% des producteurs d\u2019hydrocarbures pr\u00e9voient d&rsquo;\u00e9tendre leur activit\u00e9 <\/a>&nbsp;(AFP)<\/p>\n\n\n\n<p><strong>Analyse<\/strong><\/p>\n\n\n\n<p><strong><a href=\"https:\/\/www.boursorama.com\/videos\/actualites\/mers-et-oceans-terrains-de-bataille-de-la-guerre-economique-ffc834d43bb19dae0c58bf0fb71cefc1\">Mers et oc\u00e9ans, terrains de bataille de la guerre \u00e9conomique<\/a> (France 24)<\/strong><\/p>\n\n\n\n<p><a href=\"https:\/\/blogs.mediapart.fr\/leslie-kaplan\/blog\/051121\/le-stade-grotesque-la-langue-du-neoliberalisme\">Le stade grotesque (la langue du n\u00e9olib\u00e9ralisme)<\/a> (Blog de Leslie Kaplan)<\/p>\n\n\n\n<p><a href=\"https:\/\/76835.r.ag.d.sendibm3.com\/mk\/cl\/f\/JdtrF-6Wc8LvEdgTHGVbUu3GHJ9FO8Er7Qh_pvuPxPd2EixivoapXtYq4u2FfyR2hBkxytNqBKfSVfs424eQ6U7BgExM0f1kcVAwD2piaszf-n4Qu6TsojgJ01Z1uzL4tIQRVFFO-18a0YqlFN96aYZBFnqJ3mNUGcYHcehygjA8TfHuJOb-VG7qwbOZ3C48ijSJPrEOjvUGipntmNNpaqpsTguFbYYCX9yBkW8RwJrYoKN8iOnE6LCrU4szhX4_tNradtzaWEBxIDI\">Zone euro : La planche \u00e0 billets et le risque d\u2019hyperinflation<\/a> (Elucid)<\/p>\n\n\n\n<p><a href=\"https:\/\/www.francetvinfo.fr\/economie\/emploi\/metiers\/agriculture\/insecurite-alimentaire-sans-une-reponse-diplomatique-internationale-la-situation-va-empirer-alerte-l-association-ccfd-terre-solidaire_4832941.html\">Ins\u00e9curit\u00e9 alimentaire : \u00ab\u00a0sans une r\u00e9ponse diplomatique internationale, la situation va empirer\u00a0\u00bb (<\/a>CCFD<a href=\"https:\/\/www.francetvinfo.fr\/economie\/emploi\/metiers\/agriculture\/insecurite-alimentaire-sans-une-reponse-diplomatique-internationale-la-situation-va-empirer-alerte-l-association-ccfd-terre-solidaire_4832941.html\">)<\/a><\/p>\n\n\n\n<p><strong><span style=\"color:#f20c27\" class=\"has-inline-color\">4 novembre en continu<\/span><\/strong> <\/p>\n\n\n\n<p><strong>France<\/strong><\/p>\n\n\n\n<p><a href=\"https:\/\/www.boursorama.com\/actualite-economique\/actualites\/france-la-croissance-continue-de-ralentir-dans-le-secteur-prive-en-octobre-6c7427db654f86d35465bd8dae07e683\">France : la croissance continue de ralentir dans le secteur priv\u00e9 en octobre<\/a> (AFP)<\/p>\n\n\n\n<p><a href=\"https:\/\/www.mediapart.fr\/journal\/france\/031121\/face-au-methane-les-options-divergentes-des-syndicats-agricoles\" target=\"_blank\" rel=\"noreferrer noopener\">Face au m\u00e9thane, les options divergentes des syndicats agricoles&nbsp;<\/a> (M\u00e9diapart)<\/p>\n\n\n\n<p><a href=\"https:\/\/lareleveetlapeste.fr\/pour-proteger-la-biodiversite-blagnac-a-decide-deteindre-leclairage-public-nocturne\/\" target=\"_blank\" rel=\"noreferrer noopener\">Pour prot\u00e9ger la biodiversit\u00e9, Blagnac a d\u00e9cid\u00e9 d\u2019\u00e9teindre l\u2019\u00e9clairage public nocturne<\/a>&nbsp; (La Rel\u00e8ve et La Peste)<\/p>\n\n\n\n<p><a href=\"https:\/\/www.placegrenet.fr\/2021\/11\/03\/un-redemarrage-satisfaisant-pour-le-petit-train-de-la-mure\/550181\" target=\"_blank\" rel=\"noreferrer noopener\">Un red\u00e9marrage satisfaisant pour le petit train de La Mure&nbsp;<\/a> (Place Gre\u2019net)<\/p>\n\n\n\n<p><a href=\"https:\/\/www.humanite.fr\/economie-sociale-et-solidaire-le-droit-de-preemption-existe-pour-limmobilier-pourquoi-pas-pour-les#xtor=RSS-1\" target=\"_blank\" rel=\"noreferrer noopener\">&nbsp;\u00ab Le droit de pr\u00e9emption existe pour l\u2019immobilier. Pourquoi pas pour les salari\u00e9s ? \u00bb<\/a>&nbsp; (L\u2019Humanit\u00e9)<\/p>\n\n\n\n<p><a href=\"https:\/\/www.humanite.fr\/leconomie-sociale-et-solidaire-au-coeur-des-initiatives-pour-la-transition-ecologique-726292#xtor=RSS-1\" target=\"_blank\" rel=\"noreferrer noopener\">L\u2019\u00e9conomie sociale et solidaire au c\u0153ur des initiatives pour la transition \u00e9cologique<\/a>&nbsp; (L\u2019Humanit\u00e9)<\/p>\n\n\n\n<p><a href=\"https:\/\/www.humanite.fr\/comment-comprendre-la-crise-que-nous-vivons-726283#xtor=RSS-1\" target=\"_blank\" rel=\"noreferrer noopener\">Comment comprendre la crise que nous vivons ?<\/a>&nbsp; (L\u2019Humanit\u00e9)<\/p>\n\n\n\n<p><a href=\"https:\/\/www.humanite.fr\/finance-en-pleine-euphorie-le-cac-40-ne-touche-plus-terre-726236#xtor=RSS-1\" target=\"_blank\" rel=\"noreferrer noopener\">Finance. En pleine euphorie, le CAC 40 ne touche plus terre<\/a>&nbsp; (L\u2019Humanit\u00e9)<\/p>\n\n\n\n<p><a href=\"https:\/\/www.lemonde.fr\/economie\/article\/2021\/11\/03\/au-plus-haut-depuis-vingt-et-un-ans-le-cac-40-profite-du-rebond-du-luxe-et-de-l-energie_6100728_3234.html\">Le CAC 40, qui a pris 25&nbsp;% depuis janvier, est \u00e0 son plus haut niveau depuis 21&nbsp;ans<\/a> (Le Monde)<\/p>\n\n\n\n<p><a href=\"https:\/\/redirection.b2b.infopro-digital.com\/lnk\/AUgAAEHO4KEAAcXDwAQAAHnKuI0AAABZQUUAIBL0AAwsSQBhg_j56O6TM3KjQfqbfXOlhrOxtQAMCy8\/21\/JhJAgFegsrA8-4Fw13_ncQ\/aHR0cHM6Ly93d3cudXNpbmVub3V2ZWxsZS5jb20vYXJ0aWNsZS9sZS1zb2xhaXJlLW1hZGUtaW4tZnJhbmNlLWZhaXQtZGUtbGEtcmVzaXN0YW5jZS5OMTEzNTQ5OQ\" target=\"_blank\" rel=\"noreferrer noopener\">Comment les industriels tricolores du solaire font de la r\u00e9sistance<\/a> (L\u2019Usine Nouvelle)<\/p>\n\n\n\n<p><strong>Monde<\/strong><\/p>\n\n\n\n<p><a href=\"https:\/\/www.connaissancedesenergies.org\/afp\/19-pays-dont-les-etats-unis-sengagent-cesser-de-financer-les-energies-fossiles-letranger-211104-0\">19 pays, dont les USA, s&rsquo;engagent \u00e0 cesser de financer les \u00e9nergies fossiles \u00e0 l&rsquo;\u00e9tranger<\/a> (AFP)<\/p>\n\n\n\n<p><a href=\"https:\/\/www.boursorama.com\/actualite-economique\/actualites\/petrole-l-opep-delibere-sur-sa-production-de-decembre-73b25896a30374be0010feaf8d77e91f\">P\u00e9trole : l&rsquo;Opep+ d\u00e9lib\u00e8re sur sa production de d\u00e9cembre<\/a> (AFP)<\/p>\n\n\n\n<p><a href=\"https:\/\/www.boursorama.com\/videos\/actualites\/l-inde-investit-dans-l-energie-solaire-pour-se-desintoxiquer-du-charbon-ae475c16e5085d9090b12894560b1fec\">L&rsquo;Inde investit dans l&rsquo;\u00e9nergie solaire <\/a>&nbsp;(AFP vid\u00e9o)<\/p>\n\n\n\n<p><a href=\"https:\/\/www.boursorama.com\/actualite-economique\/actualites\/pour-kellogg-la-greve-des-salaries-pourrait-impacter-ses-benefices-annuels-7c8f7999c2d4cb4094be3985363a6609\">Kellogg&nbsp;: la gr\u00e8ve pourrait impacter ses b\u00e9n\u00e9fices annuels<\/a> (Reuters)<\/p>\n\n\n\n<p><a href=\"https:\/\/www.boursorama.com\/videos\/actualites\/fed-pourquoi-ce-n-est-que-le-debut-e8ec0bf0f0e15d9f8aded6af7f45148e\">Fed : pourquoi ce n&rsquo;est que le d\u00e9but&#8230;<\/a> (Ecorama)<\/p>\n\n\n\n<p><a href=\"https:\/\/www.boursorama.com\/actualite-economique\/actualites\/les-prix-alimentaires-mondiaux-au-plus-haut-depuis-juillet-2011-470eae875c9cf9bebcca208883d5422d\">Les prix alimentaires mondiaux au plus haut depuis juillet 2011<\/a> (AFP)<\/p>\n\n\n\n<p><a href=\"https:\/\/www.boursorama.com\/actualite-economique\/actualites\/la-croissance-de-l-activite-du-secteur-prive-continue-de-ralentir-7b0c7cbaf97159cb94ebe78bf2452dc2\">La croissance de l&rsquo;activit\u00e9 du secteur priv\u00e9 ralentit en zone Euro<\/a> (Reuters)<\/p>\n\n\n\n<p><a href=\"https:\/\/www.connaissancedesenergies.org\/afp\/le-chinois-sinopec-signe-un-accord-de-20-ans-pour-sapprovisionner-en-gaz-americain-211104\">Le chinois Sinopec signe un approvisionnement en gaz US pour 20 ans<\/a> (AFP)<\/p>\n\n\n\n<p><a href=\"https:\/\/www.humanite.fr\/allemagne-tournant-energetique-cruelle-imposture-726233#xtor=RSS-1\" target=\"_blank\" rel=\"noreferrer noopener\">Allemagne. \u00ab Tournant \u00e9nerg\u00e9tique \u00bb, cruelle imposture<\/a>&nbsp; (L\u2019Humanit\u00e9)<\/p>\n\n\n\n<p><a href=\"https:\/\/www.contretemps.eu\/biden-projet-loi-capital-democrates\/\" target=\"_blank\" rel=\"noreferrer noopener\">\u00ab&nbsp;Rien ne changera fondamentalement&nbsp;\u00bb. Biden, le capital et la grande reculade&nbsp;<\/a> (Contretemps)<\/p>\n\n\n\n<p><a href=\"https:\/\/www.mediapart.fr\/journal\/international\/031121\/cop26-un-premier-accord-international-contre-le-methane-au-rabais\" target=\"_blank\" rel=\"noreferrer noopener\">COP26 : un premier accord international contre le m\u00e9thane au rabais<\/a>&nbsp; (M\u00e9diapart)<\/p>\n\n\n\n<p><a href=\"https:\/\/www.agenceecofin.com\/finance\/0311-92871-cop-26-la-difficile-quete-d-un-compromis-avec-un-secteur-qui-pese-6117-milliards-sur-les-bourses-du-monde\">COP 26&nbsp;: Compromis avec un secteur qui p\u00e8se 6117 milliards&nbsp;$ sur les bourses du monde&nbsp;?<\/a> (Ecofin)<\/p>\n\n\n\n<figure class=\"wp-block-image size-full is-resized\"><img data-recalc-dims=\"1\" loading=\"lazy\" decoding=\"async\" src=\"https:\/\/i0.wp.com\/www.rdpemancipation.org\/wp-content\/uploads\/2021\/11\/image-15.png?resize=478%2C319&#038;ssl=1\" alt=\"\" class=\"wp-image-55899\" width=\"478\" height=\"319\" srcset=\"https:\/\/i0.wp.com\/www.rdpemancipation.org\/wp-content\/uploads\/2021\/11\/image-15.png?w=507&amp;ssl=1 507w, https:\/\/i0.wp.com\/www.rdpemancipation.org\/wp-content\/uploads\/2021\/11\/image-15.png?resize=300%2C200&amp;ssl=1 300w\" sizes=\"auto, (max-width: 478px) 100vw, 478px\" \/><\/figure>\n\n\n\n<p><strong>Analyse<\/strong><\/p>\n\n\n\n<p><a href=\"https:\/\/theconversation.com\/inflation-les-gouvernements-pris-a-leur-propre-piege-170835\" target=\"_blank\" rel=\"noreferrer noopener\">Inflation : les gouvernements pris \u00e0 leur propre pi\u00e8ge<\/a>&nbsp; (The Conversation)<\/p>\n\n\n\n<p><a href=\"https:\/\/theconversation.com\/les-bourses-sont-elles-vraiment-devenues-plus-respectueuses-de-lenvironnement-170665\" target=\"_blank\" rel=\"noreferrer noopener\">Les bourses sont-elles vraiment devenues plus respectueuses de l\u2019environnement ?<\/a>&nbsp; (The Conversation)<\/p>\n\n\n\n<p><strong><span style=\"color:#f20c27\" class=\"has-inline-color\">3 novembre en continu<\/span><\/strong><\/p>\n\n\n\n<p><strong>France<\/strong><\/p>\n\n\n\n<p><a href=\"https:\/\/www.boursorama.com\/actualite-economique\/actualites\/le-haut-conseil-des-finances-publiques-regrette-un-effort-de-desendettement-insuffisant-81e7db9b57ed3cc3457267fc7bd62b06\">Le Haut conseil des finances publiques regrette un d\u00e9sendettement insuffisant<\/a> (AFP)<\/p>\n\n\n\n<p><a href=\"https:\/\/www.boursorama.com\/videos\/actualites\/les-plans-de-la-sncf-pour-surmonter-la-crise-28c434e652f91115348e784876b0f3dc\">Les plans de la SNCF pour surmonter la crise<\/a> (Ecorama)<\/p>\n\n\n\n<p><a href=\"https:\/\/www.boursorama.com\/actualite-economique\/actualites\/l-assemblee-vote-la-poursuite-du-plan-de-relance-78b40b611923e9daa076d16183974b47\">L&rsquo;Assembl\u00e9e vote la poursuite du plan de relance<\/a> (Boursorama)<\/p>\n\n\n\n<p><a href=\"https:\/\/www.connaissancedesenergies.org\/afp\/entree-en-bourse-licenciements-la-vente-dequans-inquiete-les-syndicats-dengie-211103\">Entr\u00e9e en Bourse, licenciements : la vente d&rsquo;Equans inqui\u00e8te les syndicats d&rsquo;Engie<\/a> (AFP)<\/p>\n\n\n\n<p><a href=\"https:\/\/www.connaissancedesenergies.org\/afp\/le-groupe-bouygues-formalise-son-offre-pour-acheter-equans-filiale-dengie-211103\">Le groupe Bouygues formalise son offre pour acheter Equans, filiale d&rsquo;Engie<\/a> (AFP)<\/p>\n\n\n\n<p><a href=\"https:\/\/www.connaissancedesenergies.org\/afp\/le-gouvernement-veut-encourager-limplantation-de-panneaux-photovoltaiques-sur-des-friches-211103\">Le gouvernement veut encourager l&rsquo;implantation de panneaux photovolta\u00efques sur des friches<\/a> (AFP)<\/p>\n\n\n\n<p><a href=\"https:\/\/www.connaissancedesenergies.org\/afp\/en-guadeloupe-le-prix-des-produits-petroliers-fixe-par-arrete-prefectoral-explose-en-deux-jours-211103\">En Guadeloupe, le prix des produits p\u00e9troliers a explos\u00e9 en deux jours<\/a> (AFP)<\/p>\n\n\n\n<p><a href=\"https:\/\/www.connaissancedesenergies.org\/afp\/immobilier-le-nouveau-diagnostic-de-performance-energetique-est-relance-apres-correctif-211103\">Immobilier : nouveau diagnostic de performance \u00e9nerg\u00e9tique, apr\u00e8s correctif<\/a> (AFP)<\/p>\n\n\n\n<p><a href=\"https:\/\/www.boursorama.com\/actualite-economique\/actualites\/environnement-le-parlement-adopte-un-texte-pour-verdir-le-numerique-8a979f5015ccc2d832629b0d1eed9c67\">le Parlement adopte un texte pour verdir le num\u00e9rique<\/a> (AFP)<\/p>\n\n\n\n<p><a href=\"https:\/\/www.boursorama.com\/actualite-economique\/actualites\/la-dette-publique-devrait-atteindre-113-5-du-pib-en-2022-683cf43d9f27814673d80ae586c77a87\">La dette publique devrait atteindre 113,5% du PIB en 2022<\/a> (AFP)<\/p>\n\n\n\n<p><a href=\"https:\/\/www.mediapart.fr\/journal\/economie\/021121\/contrat-d-engagement-pour-les-jeunes-l-ambition-au-rabais-d-emmanuel-macron\">\u00ab&nbsp;Contrat d\u2019engagement&nbsp;\u00bb pour les jeunes&nbsp;: l\u2019ambition au rabais d\u2019Emmanuel Macron<\/a> (M\u00e9diapart)<\/p>\n\n\n\n<p><a href=\"https:\/\/info.alternatives-economiques.fr\/optiext\/optiextension.dll?ID=iQRiPwOP0M3t7mFN_eGF_%2BVoCFmbnELfCao5mxWQpUEUTGS4agv60S_grbNrYBF7uZARzwl4ymoHdQQjKnow4%2BjSdMJq4\" target=\"_blank\" rel=\"noreferrer noopener\">La parade du gouvernement pour maintenir les travailleurs ub\u00e9ris\u00e9s dans la pr\u00e9carit\u00e9<\/a> (Alter \u00e9co)<\/p>\n\n\n\n<p><a href=\"https:\/\/info.alternatives-economiques.fr\/optiext\/optiextension.dll?ID=iQRiPksZIoAQov2jSHaRDfIT6FpPGPQavFcpuoe5kLBrcN14bdDFvlFNH11Pt8mP3sJ41Z7VMHTB4VAQir5SSfAZh0rqt\" target=\"_blank\" rel=\"noreferrer noopener\">Lutter contre l\u2019ub\u00e9risation<\/a> (Alter \u00e9co)<\/p>\n\n\n\n<p><a href=\"https:\/\/lvsl.fr\/cheque-de-100-euros-la-triple-arnaque\/?utm_source=sendinblue&amp;utm_campaign=Newsletter_Derniers_Articles&amp;utm_medium=email\">Ch\u00e8que de 100 \u20ac&nbsp;: la triple arnaque<\/a> (LVSL)<\/p>\n\n\n\n<p><strong>Monde<\/strong><\/p>\n\n\n\n<p><a href=\"https:\/\/www.boursorama.com\/actualite-economique\/actualites\/moody-s-releve-ses-perspectives-pour-les-dettes-souveraines-mondiales-en-2022-a-stables-8917bc96fe15a3525628c3fd6931791d\">Moody&rsquo;s rel\u00e8ve ses perspectives pour les dettes souveraines mondiales en 2022<\/a> (AFP)<\/p>\n\n\n\n<p><a href=\"https:\/\/www.boursorama.com\/actualite-economique\/actualites\/la-fed-prete-a-reduire-son-soutien-l-inflation-dans-le-viseur-298f039aaeed0c5e084992c9837f0e8b\">La Fed pr\u00eate \u00e0 r\u00e9duire son soutien, l&rsquo;inflation dans le viseur<\/a> (AFP)<\/p>\n\n\n\n<p><a href=\"https:\/\/www.boursorama.com\/actualite-economique\/actualites\/etats-unis-record-pour-l-indice-ism-des-services-en-octobre-5894fbf0e98128b009f61e36f38f4d9a\">USA : Record pour l&rsquo;indice ISM des services en octobre<\/a> (Reuters)<\/p>\n\n\n\n<p><a href=\"https:\/\/www.boursorama.com\/actualite-economique\/actualites\/villeroy-la-bce-n-a-pas-de-raison-de-relever-les-taux-en-2022-59357710747f284575e4c856ff7dc0fc\">La BCE n&rsquo;a pas de raison de relever les taux en 2022<\/a> (Reuters)<\/p>\n\n\n\n<p><a href=\"https:\/\/www.boursorama.com\/actualite-economique\/actualites\/recul-du-chomage-dans-la-zone-euro-a-7-4-en-septembre-comme-prevu-cc8483a27cfd72c2b0028ce118937b55\">Recul du ch\u00f4mage dans la zone euro \u00e0 7,4% en septembre<\/a> (Reuters)<\/p>\n\n\n\n<p><a href=\"https:\/\/www.connaissancedesenergies.org\/afp\/aux-etats-unis-les-stocks-de-petrole-brut-augmentent-beaucoup-plus-que-prevu-211103\">Aux USA, les stocks de p\u00e9trole brut augmentent beaucoup plus que pr\u00e9vu<\/a> (AFP)<\/p>\n\n\n\n<p><a href=\"https:\/\/www.connaissancedesenergies.org\/afp\/gaz-naturel-en-mer-noire-la-compagnie-roumaine-romgaz-rachete-la-part-dexxonmobil-211103\">Mer Noire : la compagnie roumaine Romgaz rach\u00e8te la part d&rsquo;ExxonMobil<\/a> (AFP)<\/p>\n\n\n\n<p><a href=\"https:\/\/www.mediapart.fr\/journal\/economie\/021121\/cop26-l-engagement-tout-en-paroles-du-monde-financier\">COP26&nbsp;: l\u2019engagement tout en paroles du monde financier<\/a> (M\u00e9diapart)<\/p>\n\n\n\n<p><a href=\"https:\/\/www.mediapart.fr\/journal\/france\/021121\/economie-le-retour-de-la-croissance-ne-regle-pas-tout\">Le retour de la croissance en France ne r\u00e8gle pas tout<\/a> (M\u00e9diapart)<\/p>\n\n\n\n<p><a href=\"https:\/\/reflets.info\/articles\/google-et-facebook-deux-entreprises-hors-de-controle-depuis-toujours\">Google et Facebook, deux entreprises hors de contr\u00f4le depuis&#8230; toujours<\/a> (Reflets.info)<\/p>\n\n\n\n<p><a href=\"https:\/\/tendanceclaire.org\/breve.php?id=39821\">Evergrande : des squelettes de b\u00e9ton dans toute la Chine<\/a> (RFI)<\/p>\n\n\n\n<figure class=\"wp-block-image size-full is-resized is-style-default\"><img data-recalc-dims=\"1\" loading=\"lazy\" decoding=\"async\" src=\"https:\/\/i0.wp.com\/www.rdpemancipation.org\/wp-content\/uploads\/2021\/11\/w1024-p16x9-chinao%C2%BFhnyangSmog08112015.jpeg?resize=480%2C270&#038;ssl=1\" alt=\"\" class=\"wp-image-55583\" width=\"480\" height=\"270\" srcset=\"https:\/\/i0.wp.com\/www.rdpemancipation.org\/wp-content\/uploads\/2021\/11\/w1024-p16x9-chinao%C2%BFhnyangSmog08112015.jpeg?w=1024&amp;ssl=1 1024w, https:\/\/i0.wp.com\/www.rdpemancipation.org\/wp-content\/uploads\/2021\/11\/w1024-p16x9-chinao%C2%BFhnyangSmog08112015.jpeg?resize=300%2C169&amp;ssl=1 300w, https:\/\/i0.wp.com\/www.rdpemancipation.org\/wp-content\/uploads\/2021\/11\/w1024-p16x9-chinao%C2%BFhnyangSmog08112015.jpeg?resize=768%2C432&amp;ssl=1 768w\" sizes=\"auto, (max-width: 480px) 100vw, 480px\" \/><\/figure>\n\n\n\n<p><a href=\"https:\/\/www.boursorama.com\/actualite-economique\/actualites\/pfizer-prevoit-de-vendre-36-milliards-de-dollars-de-son-vaccin-anti-covid-en-2021-c872bc4b6d3c71cb379520cff8822b66\">Pfizer&nbsp;pr\u00e9voit de vendre 36 milliards de dollars de son vaccin anti-Covid en 2021<\/a>&nbsp; (AFP)<\/p>\n\n\n\n<p><a href=\"https:\/\/juste-milieu.fr\/Gouvernement-castex-le-plus-cher-de-la-veme-republique\/\">Gouvernement Castex, le plus cher de la V\u00e8me R\u00e9publique\/<\/a> (Juste Milieu)<\/p>\n\n\n\n<figure class=\"wp-block-image is-resized is-style-default\"><img data-recalc-dims=\"1\" loading=\"lazy\" decoding=\"async\" src=\"https:\/\/i0.wp.com\/static.mediapart.fr\/etmagine\/default\/files\/2021\/10\/28\/249099724-4500278273404356-1483869696457506639-n.jpg?resize=469%2C434&#038;ssl=1\" alt=\"249099724-4500278273404356-1483869696457506639-n\" width=\"469\" height=\"434\"\/><\/figure>\n\n\n\n<p><strong>Analyse<\/strong><\/p>\n\n\n\n<p><strong><a href=\"https:\/\/www.les-crises.fr\/frederic-farah-pourquoi-prix-augmentent-principe-inflation\/\">Pourquoi les prix augmentent ? Le principe de l&rsquo;inflation &#8211; <\/a>La Chronique de Farah (Les Crises)<\/strong><\/p>\n\n\n\n<figure class=\"wp-block-image is-resized is-style-default\"><img data-recalc-dims=\"1\" loading=\"lazy\" decoding=\"async\" src=\"https:\/\/i0.wp.com\/mamot.fr\/system\/media_attachments\/files\/107\/161\/429\/898\/960\/650\/original\/8eb68bdfe37391ac.png?resize=505%2C383&#038;ssl=1\" alt=\"\" width=\"505\" height=\"383\"\/><\/figure>\n\n\n\n<p><strong><span style=\"color:#f20c27\" class=\"has-inline-color\">2 novembre en continu<\/span><\/strong><\/p>\n\n\n\n<p><a href=\"https:\/\/www.boursorama.com\/actualite-economique\/actualites\/plan-france-2030-3-5-milliards-prevus-dans-le-budget-2022-ac22a93548a1f702ba7653ddd21cbaa4\">Plan France 2030 : 3,5 milliards pr\u00e9vus dans le budget 2022<\/a> (AFP)<\/p>\n\n\n\n<p><a href=\"https:\/\/www.mediapart.fr\/journal\/france\/021121\/un-rapport-d-inspection-charge-l-agence-francaise-anticorruption\">Un rapport d\u2019inspection charge l\u2019Agence fran\u00e7aise anticorruption<\/a> (M\u00e9diapart)<\/p>\n\n\n\n<p><a href=\"https:\/\/www.boursorama.com\/actualite-economique\/actualites\/trains-plus-nombreux-moins-en-retard-employes-mieux-payes-transdev-promet-des-ameliorations-pour-la-ligne-marseille-nice-798bcd369ef806fe809e384d8a65ddca\">Transdev promet des am\u00e9liorations pour la ligne Marseille-Nice<\/a> (Boursorama)<\/p>\n\n\n\n<p><a href=\"https:\/\/www.boursorama.com\/actualite-economique\/actualites\/la-sncf-n-a-pas-besoin-d-aide-de-l-etat-assure-son-pdg-131f7627a3d4336e8bb4755733a9cef7\">La SNCF n&rsquo;a pas besoin d&rsquo;aide de l&rsquo;Etat, assure son PDG<\/a> (AFP)<\/p>\n\n\n\n<p><a href=\"https:\/\/www.oxfamfrance.org\/communiques-de-presse\/reaction-doxfam-france-au-discours-demmanuel-macron-a-la-cop26\/\">R\u00e9action d\u2019Oxfam France au discours d\u2019Emmanuel Macron \u00e0 la COP26<\/a> (Oxfam)<\/p>\n\n\n\n<p><a href=\"https:\/\/www.oxfamfrance.org\/communiques-de-presse\/climat-le-gouvernement-cede-face-a-la-pression-du-lobby-bancaire\/\">Climat : le Gouvernement c\u00e8de face \u00e0 la pression du lobby bancaire<\/a> (Oxfam)<\/p>\n\n\n\n<p><a href=\"https:\/\/www.connaissancedesenergies.org\/afp\/orano-acquiert-le-transporteur-de-matieres-nucleaires-stsi-211102\">Orano acquiert le transporteur de mati\u00e8res nucl\u00e9aires STSI<\/a> (AFP)<\/p>\n\n\n\n<p><a href=\"https:\/\/www.connaissancedesenergies.org\/afp\/les-entreprises-les-plus-consommatrices-delectricite-en-france-beneficieront-dune-compensation-de-150-millions-deuros-211102\">Les entreprises les plus consommatrices d&rsquo;\u00e9lectricit\u00e9 b\u00e9n\u00e9ficieront d&rsquo;une compensation de 150 millions \u20ac<\/a> (AFP)<\/p>\n\n\n\n<p><a href=\"https:\/\/www.connaissancedesenergies.org\/afp\/installation-deoliennes-flottantes-en-mediterranee-un-report-demande-lors-du-debat-public-211031\">Installation d&rsquo;\u00e9oliennes flottantes en M\u00e9diterran\u00e9e : un report demand\u00e9 <\/a>&nbsp;(AFP)<\/p>\n\n\n\n<p><a href=\"https:\/\/www.connaissancedesenergies.org\/afp\/fimalac-sallie-au-fonds-americain-bain-capital-pour-racheter-equans-engie-211031\">Fimalac s&rsquo;allie au fonds am\u00e9ricain Bain Capital pour racheter Equans \u00e0 Engie<\/a> (AFP)<\/p>\n\n\n\n<figure class=\"wp-block-image is-resized is-style-default\"><img data-recalc-dims=\"1\" loading=\"lazy\" decoding=\"async\" src=\"https:\/\/i0.wp.com\/static.mediapart.fr\/etmagine\/default\/files\/2021\/10\/28\/dess1-2press-2021-1-frenglpeche.jpg?resize=391%2C391&#038;ssl=1\" alt=\"dess1-2press-2021-1-frenglpeche\" width=\"391\" height=\"391\"\/><\/figure>\n\n\n\n<p><a href=\"https:\/\/france.attac.org\/se-mobiliser\/justice-sociale-et-climatique\/article\/fiscalite-climat-pourquoi-s-en-prendre-a-bnp-paribas\">Fiscalit\u00e9, climat, pourquoi s\u2019en prendre \u00e0 BNP Paribas&nbsp;?<\/a> (Attac)<\/p>\n\n\n\n<p><a href=\"https:\/\/www.revolutionpermanente.fr\/L-inflation-s-etend-le-prix-de-la-biere-va-augmenter-de-5-a-10\">L\u2019inflation s\u2019\u00e9tend&nbsp;: le prix de la bi\u00e8re va augmenter de 5 \u00e0 10%<\/a> (RP)<\/p>\n\n\n\n<figure class=\"wp-block-image is-resized is-style-default\"><img data-recalc-dims=\"1\" loading=\"lazy\" decoding=\"async\" src=\"https:\/\/i0.wp.com\/static.mediapart.fr\/etmagine\/default\/files\/2021\/11\/02\/la-balance-du-pouvoir-d-achat-1024x1024.jpg?resize=376%2C376&#038;ssl=1\" alt=\"la-balance-du-pouvoir-d-achat-1024x1024\" width=\"376\" height=\"376\"\/><\/figure>\n\n\n\n<p><strong>Monde<\/strong><\/p>\n\n\n\n<p><a href=\"https:\/\/www.boursorama.com\/actualite-economique\/actualites\/l-ue-promet-1-milliard-d-euros-pour-proteger-les-forets-34675aca4d8f7493b354cb4fee95acb3\">L&rsquo;UE promet 1 milliard d&rsquo;euros pour prot\u00e9ger les for\u00eats<\/a> (Reuters)<\/p>\n\n\n\n<p><a href=\"https:\/\/www.boursorama.com\/actualite-economique\/actualites\/pour-faire-face-aux-besoins-quotidiens-et-aux-cas-d-urgence-les-chinois-appeles-a-constituer-des-reserves-de-nourriture-c7e126ae4acd9ba272ff0556758131a6\">Les Chinois appel\u00e9s \u00e0 constituer des r\u00e9serves de nourriture<\/a> (Boursorama)<\/p>\n\n\n\n<p><a href=\"https:\/\/www.oecd.org\/fr\/presse\/la-flambee-des-prix-de-l-energie-souligne-la-necessite-daccelerer-la-transition-vers-des-energies-propres-plutot-que-de-subventionner-les-combustibles-fossiles.htm\">La flamb\u00e9e des prix de l&rsquo;\u00e9nergie souligne la n\u00e9cessit\u00e9 d&rsquo;acc\u00e9l\u00e9rer la transition vers des \u00e9nergies propres <\/a>&nbsp;(OCDE et AIE)<\/p>\n\n\n\n<p><a href=\"https:\/\/www.connaissancedesenergies.org\/afp\/eni-renforce-sa-participation-au-plus-grand-champ-eolien-en-mer-au-monde-211102\">Eni renforce sa participation au plus grand champ mondial d\u2019\u00e9olien en mer <\/a>&nbsp;(AFP)<\/p>\n\n\n\n<p><a href=\"https:\/\/www.connaissancedesenergies.org\/afp\/plus-de-80-pays-sengagent-reduire-les-emissions-de-methane-de-30-dici-2030-211102\">Plus de 80 pays s&rsquo;engagent \u00e0 r\u00e9duire les \u00e9missions de m\u00e9thane de 30% d&rsquo;ici 2030<\/a> (AFP)<\/p>\n\n\n\n<p><a href=\"https:\/\/www.connaissancedesenergies.org\/afp\/en-pleine-cop-la-chine-augmente-sa-production-de-charbon-dans-un-contexte-de-penurie-delectricite-211102\">En pleine COP, la Chine augmente sa production de charbon <\/a>&nbsp;(AFP)<\/p>\n\n\n\n<p><a href=\"https:\/\/www.connaissancedesenergies.org\/afp\/petrole-augmentation-de-158-du-benefice-net-de-saudi-aramco-au-3e-trimestre-211031\">Augmentation de 158% du b\u00e9n\u00e9fice net de Saudi Aramco au 3e trimestre<\/a> (AFP)<\/p>\n\n\n\n<p><a href=\"https:\/\/www.lemonde.fr\/economie\/article\/2021\/11\/02\/comment-la-chine-tente-de-prendre-le-controle-d-entreprises-europeennes-de-semi-conducteurs_6100648_3234.html\">La Chine tente de prendre le contr\u00f4le d\u2019entreprises europ\u00e9ennes de semi-conducteurs<\/a> (Le Monde)<\/p>\n\n\n\n<p><a href=\"http:\/\/t.newsletterext.worldbank.org\/r\/?id=h14d61b58,70ed3e4,7147ff1\" target=\"_blank\" rel=\"noreferrer noopener\">La richesse augmente, les in\u00e9galit\u00e9s se creusent<\/a> (Banque mondiale)<\/p>\n\n\n\n<p><a href=\"https:\/\/www.humanite.fr\/climat-les-marches-carbone-internationaux-au-coeur-de-la-cop26-725954#xtor=RSS-1\">Climat. Les march\u00e9s carbone internationaux au c\u0153ur de la COP26<\/a> (L\u2019Humanit\u00e9)<\/p>\n\n\n\n<p><strong>Analyse<\/strong><\/p>\n\n\n\n<p><a href=\"https:\/\/www.lemonde.fr\/economie\/article\/2021\/11\/02\/le-monde-est-encore-assoiffe-d-huile-fossile_6100670_3234.html\">\u00ab&nbsp;Le monde est encore assoiff\u00e9 d\u2019huile fossile&nbsp;\u00bb<\/a> (Le Monde)<\/p>\n\n\n\n<figure class=\"wp-block-image is-resized is-style-default\"><img data-recalc-dims=\"1\" loading=\"lazy\" decoding=\"async\" src=\"https:\/\/i0.wp.com\/static.mediapart.fr\/etmagine\/default\/files\/2021\/11\/02\/6-scenarios-pour-l-electricite-de-2050-768x834.jpg?resize=356%2C387&#038;ssl=1\" alt=\"6-scenarios-pour-l-electricite-de-2050-768x834\" width=\"356\" height=\"387\"\/><\/figure>\n\n\n\n<p><strong><span style=\"color:#f20c27\" class=\"has-inline-color\">1er novembre en continu<\/span><\/strong><\/p>\n\n\n\n<p><strong>France<\/strong><\/p>\n\n\n\n<p><a href=\"https:\/\/www.boursorama.com\/actualite-economique\/actualites\/gaz-a-effet-de-serre-le-nucleaire-francais-peut-mieux-faire-534640845d96681e132a3441be2a2c2f\">Gaz \u00e0 effet de serre : le nucl\u00e9aire fran\u00e7ais peut mieux faire<\/a> (AFP)<\/p>\n\n\n\n<p><a href=\"https:\/\/www.mediapart.fr\/journal\/economie\/011121\/le-jour-ou-le-business-model-d-uber-aurait-pu-s-effondrer-en-france\" target=\"_blank\" rel=\"noreferrer noopener\">Le jour o\u00f9 le business model d\u2019Uber aurait pu s\u2019effondrer en France<\/a>&nbsp;(M\u00e9diapart)<\/p>\n\n\n\n<p><a href=\"https:\/\/rapportsdeforce.fr\/linternationale\/lactu-des-oublie-e-s-cauchemar-ecocidaire-de-total-en-ouganda-110111590\" target=\"_blank\" rel=\"noreferrer noopener\">L\u2019actu des Oubli\u00e9.e.s : cauchemar \u00e9cocidaire de Total en Ouganda<\/a>&nbsp; (Rapports de Force)<\/p>\n\n\n\n<p><a href=\"https:\/\/info.alternatives-economiques.fr\/optiext\/optiextension.dll?ID=x10xWnQc1CSqtD%2BWrR6YJRXIITpN1wJAHOrAOImQYor1RWZNE3VQkkXqHHDAFgsXBp%2BQPoV09OjtRuCTv0wNuydC5hFV9\" target=\"_blank\" rel=\"noreferrer noopener\">L&rsquo;indemnit\u00e9 inflation est-elle la bonne solution&nbsp;?<\/a> (Alter eco)<\/p>\n\n\n\n<p><a href=\"https:\/\/info.alternatives-economiques.fr\/optiext\/optiextension.dll?ID=x10xZhmLd87KkViSsL_unemT51LndAmNDdncZpWP7wnPaQPhEsxgK2uVHweIUfBMx_5GAFRR9DTBCDEyre2_b6VJGf0xD\" target=\"_blank\" rel=\"noreferrer noopener\">Fraude aux dividendes&nbsp;: 1,65&nbsp;milliard \u20ac d&rsquo;imp\u00f4ts perdus par an<\/a> (Alter eco)<\/p>\n\n\n\n<p>&nbsp;<a href=\"https:\/\/www.blast-info.fr\/articles\/2021\/free-niel-qui-peut-gagner-des-milliards-lInL7xh3Q4-YUdMWKZpblg\">Free-Niel \/ Qui peut gagner des milliards ?<\/a> (Blast)<\/p>\n\n\n\n<p><strong>Monde<\/strong><\/p>\n\n\n\n<p><a href=\"https:\/\/www.boursorama.com\/videos\/actualites\/cop26-comment-verdir-l-industrie-8f4702aff03e2db11b20acc157b8eabe\">COP26 : comment verdir l&rsquo;industrie&nbsp;?<\/a> (France 24)<\/p>\n\n\n\n<p><a href=\"https:\/\/www.boursorama.com\/actualite-economique\/actualites\/usa-ralentissement-modere-de-l-indice-ism-manufacturier-en-octobre-87f679a0679b3645762470cd6a4a0117\">USA : Ralentissement mod\u00e9r\u00e9 de l&rsquo;indice ISM manufacturier en octobre<\/a> (Reuters)<\/p>\n\n\n\n<p><a href=\"https:\/\/www.boursorama.com\/actualite-economique\/actualites\/janet-yellen-affirme-que-l-economie-americaine-n-est-pas-en-surchauffe-c62e3d66e4129addfb415567ef15b86f\">Janet Yellen affirme que l&rsquo;\u00e9conomie am\u00e9ricaine n&rsquo;est pas en surchauffe<\/a> (Reuters)<\/p>\n\n\n\n<p>&nbsp;<a href=\"https:\/\/www.boursorama.com\/videos\/actualites\/marches-a-quand-les-premieres-hausses-de-taux-d-interet-00a12418a8514fb3d6425ef01ba53fa8\">March\u00e9s : \u00e0 quand les premi\u00e8res hausses de taux d\u2019int\u00e9r\u00eat ?<\/a> (Ecorama)<\/p>\n\n\n\n<p><a href=\"https:\/\/www.boursorama.com\/actualite-economique\/actualites\/chine-acceleration-de-l-activite-manufacturiere-en-octobre-9b4c2cbff3622759d7107c74a4d549b8\">Chine : Acc\u00e9l\u00e9ration de l&rsquo;activit\u00e9 manufacturi\u00e8re en octobre<\/a> (Reuters)<\/p>\n\n\n\n<p><a href=\"https:\/\/orientxxi.info\/magazine\/les-sanctions-contre-l-iran-et-la-russie-a-l-origine-de-la-flambee-du-gaz,5146\" target=\"_blank\" rel=\"noreferrer noopener\">Les sanctions contre l&rsquo;Iran et la Russie \u00e0 l&rsquo;origine de la flamb\u00e9e du gaz<\/a>&nbsp; &#8211; Jean-Pierre Sereni (Orient XXI)<\/p>\n\n\n\n<p><a href=\"https:\/\/nymag.com\/intelligencer\/2021\/10\/bidenomics-inflation-approval-rating.html\">La relance de la demande par Biden a des effets positifs sur l\u2019\u00e9conomie <\/a>(anglais -New York Magazine)<\/p>\n\n\n\n<p><strong>Analyse<\/strong><\/p>\n\n\n\n<p><a href=\"https:\/\/lundi.am\/Un-capitalisme-de-surveillance\" target=\"_blank\" rel=\"noreferrer noopener\">Un capitalisme de surveillance&nbsp;?<\/a> (Lundimatin)<\/p>\n\n\n\n<p><a href=\"https:\/\/info.alternatives-economiques.fr\/optiext\/optiextension.dll?ID=x10x3V7APEGih1_iUZ1uL3FROnPN5c17uCQk9O1w0%2B87D5phFZvyuIPDkZCf3AEFhHqi5Flu9NixlpGOENDFFrC2cSe%2B3\" target=\"_blank\" rel=\"noreferrer noopener\">Les riches, champions du monde de la pollution et 4 autres infographies <\/a>&nbsp;(Alter eco)<\/p>\n\n\n\n<p><a href=\"https:\/\/www.blast-info.fr\/articles\/2021\/dans-lenfer-du-management-algorithmique-YefWspOOR-mwYKINNgxAuw\" target=\"_blank\" rel=\"noreferrer noopener\">Dans l&rsquo;enfer du \u00ab\u00a0management algorithmique\u00a0\u00bb<\/a>&nbsp; (Blast)<\/p>\n\n\n\n<p><a href=\"http:\/\/t.newsletter-lesechos.lesechos.fr\/r\/?id=h6a963759,7b0cdf2,7b0ce8f\">Pourquoi Tesla \u00e9crase les constructeurs traditionnels en Bourse<\/a> (Les Echos)<\/p>\n\n\n\n<p><a href=\"https:\/\/theconversation.com\/les-coupes-dans-ladministration-un-vieux-debat-qui-ne-suffit-pas-170419\">Les coupes dans l&rsquo;administration&nbsp;: un vieux d\u00e9bat qui ne suffit pas<\/a> (The Conversation)<\/p>\n\n\n\n<p><a href=\"http:\/\/annotations.blog.free.fr\/index.php?post\/2021\/10\/25\/Kornai\" title=\"http:\/\/annotations.blog.free.fr\/index.php?post\/2021\/10\/25\/Kornai\">Economie du socialisme et de la transition : la vie et l\u2019\u0153uvre de J\u00e1nos Kornai<\/a> -G\u00e9rard Roland (Annotations)<\/p>\n","protected":false},"excerpt":{"rendered":"<p>1er D\u00e9cembre 1er D\u00e9cembre en continu La BCE perd le contr\u00f4le de l\u2019inflation (Draw my economy) Vid\u00e9o 30 novembre en continu France CAC40 : des records financ\u00e9s par des aides publiques (All\u00f4 Bercy&nbsp;? &#8211; Observatoire des multinationales) Commission d\u2019enqu\u00eate parlementaire et citoyenne sur les aides publiques aux entreprises (Observatoire des multinationales) Pas d\u2019aides publiques aux &#8230; <a title=\"Novembre &#8211; Economie\" class=\"read-more\" href=\"https:\/\/www.rdpemancipation.org\/?p=55227\" aria-label=\"En savoir plus sur Novembre &#8211; Economie\">Lire la suite<\/a><\/p>\n","protected":false},"author":1,"featured_media":0,"comment_status":"closed","ping_status":"closed","sticky":false,"template":"","format":"standard","meta":{"_lmt_disableupdate":"no","_lmt_disable":"no","_jetpack_memberships_contains_paid_content":false,"footnotes":""},"categories":[11],"tags":[],"class_list":["post-55227","post","type-post","status-publish","format-standard","hentry","category-economie"],"modified_by":"ype","jetpack_featured_media_url":"","jetpack_sharing_enabled":true,"_links":{"self":[{"href":"https:\/\/www.rdpemancipation.org\/index.php?rest_route=\/wp\/v2\/posts\/55227","targetHints":{"allow":["GET"]}}],"collection":[{"href":"https:\/\/www.rdpemancipation.org\/index.php?rest_route=\/wp\/v2\/posts"}],"about":[{"href":"https:\/\/www.rdpemancipation.org\/index.php?rest_route=\/wp\/v2\/types\/post"}],"author":[{"embeddable":true,"href":"https:\/\/www.rdpemancipation.org\/index.php?rest_route=\/wp\/v2\/users\/1"}],"replies":[{"embeddable":true,"href":"https:\/\/www.rdpemancipation.org\/index.php?rest_route=%2Fwp%2Fv2%2Fcomments&post=55227"}],"version-history":[{"count":131,"href":"https:\/\/www.rdpemancipation.org\/index.php?rest_route=\/wp\/v2\/posts\/55227\/revisions"}],"predecessor-version":[{"id":59775,"href":"https:\/\/www.rdpemancipation.org\/index.php?rest_route=\/wp\/v2\/posts\/55227\/revisions\/59775"}],"wp:attachment":[{"href":"https:\/\/www.rdpemancipation.org\/index.php?rest_route=%2Fwp%2Fv2%2Fmedia&parent=55227"}],"wp:term":[{"taxonomy":"category","embeddable":true,"href":"https:\/\/www.rdpemancipation.org\/index.php?rest_route=%2Fwp%2Fv2%2Fcategories&post=55227"},{"taxonomy":"post_tag","embeddable":true,"href":"https:\/\/www.rdpemancipation.org\/index.php?rest_route=%2Fwp%2Fv2%2Ftags&post=55227"}],"curies":[{"name":"wp","href":"https:\/\/api.w.org\/{rel}","templated":true}]}}