{"id":55221,"date":"2021-11-01T09:26:21","date_gmt":"2021-11-01T08:26:21","guid":{"rendered":"https:\/\/www.rdpemancipation.org\/?p=55221"},"modified":"2021-11-30T18:33:15","modified_gmt":"2021-11-30T17:33:15","slug":"novembre-ecologie","status":"publish","type":"post","link":"https:\/\/www.rdpemancipation.org\/?p=55221","title":{"rendered":"Novembre &#8211; Ecologie"},"content":{"rendered":"\n<p class=\"has-text-color\" style=\"color:#a30000\"><strong>30 novembre <strong>en continu<\/strong><\/strong><\/p>\n\n\n\n<p><a href=\"https:\/\/www.contretemps.eu\/modele-agricole-macron-agribusiness\/\">Le mod\u00e8le agricole de la Macronie, ou le triomphe annonc\u00e9 de l\u2019agribusiness<\/a> (Contretemps)<\/p>\n\n\n\n<p><a href=\"https:\/\/vert.eco\/articles\/taxonomie-europeenne-le-vert-a-moitie-vide\">Taxonomie europ\u00e9enne : le \u00ab vert \u00bb \u00e0 moiti\u00e9 vide<\/a> (Vert \u00e9co)<\/p>\n\n\n\n<p><a href=\"https:\/\/lvsl.fr\/la-bifurcation-ecologique-nest-pas-un-diner-de-gala\/\">La bifurcation \u00e9cologique n&rsquo;est pas un d\u00eener de gala <\/a>(Le vent se l\u00e8ve)<\/p>\n\n\n\n<p><a href=\"https:\/\/www.terrestres.org\/2021\/11\/30\/pensees-du-vivant-suppots-du-capital-seminaire-devenirs-terrestres-du-8-decembre-2021\/\">Pens\u00e9es du vivant, supp\u00f4ts du capital\u00a0? \u2013 S\u00e9minaire Devenirs Terrestres du 8 d\u00e9cembre 2021 <\/a>(Terrestres)<\/p>\n\n\n\n<p><a href=\"https:\/\/alencontre.org\/ecologie\/greenwashing-lindustrie-petroliere-promeut-le-fantasme-de-la-capture-du-carbone.html\">Greenwashing: l\u2019industrie p\u00e9troli\u00e8re promeut le fantasme de la capture du carbone<\/a> (\u00c0 l&rsquo;Encontre)<\/p>\n\n\n\n<p><a href=\"https:\/\/transitionsenergies.us20.list-manage.com\/track\/click?u=0d7778c915d508a7b72b6dc13&amp;id=9b221dcaed&amp;e=5a68fb0c53\" target=\"_blank\" rel=\"noreferrer noopener\">D\u00e9carboner le ciment, une t\u00e2che hercul\u00e9enne<\/a> (Transition &amp; \u00c9nergies)<\/p>\n\n\n\n<p><a href=\"https:\/\/linfodurable.us16.list-manage.com\/track\/click?u=7c865d50c4cb896f7d830f45d&amp;id=4f03cf729b&amp;e=bb1c6a932f\" target=\"_blank\" rel=\"noreferrer noopener\">Neutralit\u00e9 carbone : quatre sc\u00e9narios sur la table, un objectif \u00ab\u00a0difficile\u00a0\u00bb pour la France<\/a> (Info Durable)<\/p>\n\n\n\n<p><a href=\"https:\/\/www.contexte.com\/environnement\/actualite\/142373.html\">L\u2019autoroute Poitiers-Limoges, ch\u00e8re au ministre des Transports, \u00ab\u00a0sera responsable d\u2019une artificialisation directe hors du commun\u00a0\u00bb<\/a> (Contexte)<\/p>\n\n\n\n<p><a href=\"https:\/\/www.greenpeace.fr\/rapport-que-cache-la-pub-pour-la-viande\/\">Rapport\u00a0: Que cache la pub pour la viande\u00a0? <\/a>(Greenpeace)<\/p>\n\n\n\n<p><a href=\"https:\/\/up-magazine.lt.acemlnb.com\/Prod\/link-tracker?redirectUrl=aHR0cHMlM0ElMkYlMkZ1cC1tYWdhemluZS5pbmZvJTJGc2VjdXJpdGUtYWxpbWVudGFpcmUtMiUyRnNlY3VyaXRlLWFsaW1lbnRhaXJlJTJGOTY2NzUtdW4tYW50aWRvdGUtcG91ci1sYWdyaWN1bHR1cmUtZXQtbGEtcmVmb3Jlc3RhdGlvbi1mYWNlLWF1LWRlcmVnbGVtZW50LWNsaW1hdGlxdWUlMkYlM0Z1dG1fc291cmNlJTNEQWN0aXZlQ2FtcGFpZ24lMjZ1dG1fbWVkaXVtJTNEZW1haWwlMjZ1dG1fY29udGVudCUzRFJTUyUyNTNBSVRFTSUyNTNBVElUTEUlMjZ1dG1fY2FtcGFpZ24lM0RBQ1RJT04lMjUyMSUyQlF1b3RpZGllbm5lJTJCbWEtMzAlMjUyRjEx&amp;sig=8xgCEPBpPwC5hLXDW1u9St9xm7CqEcGe5LHRCuSqV4fJ&amp;iat=1638254025&amp;a=%7C%7C252447529%7C%7C&amp;account=up-magazine%2Eactivehosted%2Ecom&amp;email=hYTuCOgkI70Fg1VNPKltCI1dx8m6jGUdGbVCvZel7ZA%3D&amp;s=0f6d0b96b14c6fbd26674c52c11f03fa&amp;i=479A507A7A32464\" target=\"_blank\" rel=\"noreferrer noopener\">Un antidote pour l\u2019agriculture et la reforestation, face au d\u00e9r\u00e8glement climatique<\/a> (UP Magazine)<\/p>\n\n\n\n<p><strong><strong><span style=\"color:#a30100\" class=\"has-inline-color\">29 novembre <\/span><\/strong><\/strong><\/p>\n\n\n\n<p><a href=\"https:\/\/lundi.am\/L-animal-et-la-mort\" target=\"_blank\" rel=\"noreferrer noopener\">L\u2019animal et la mort<\/a> (Lundi Matin)<\/p>\n\n\n\n<p><a href=\"https:\/\/theconversationfrance.cmail20.com\/t\/r-l-trikuhhl-ohktrjlidk-b\/\" target=\"_blank\" rel=\"noreferrer noopener\">\u00c9cof\u00e9minisme : effet de mode ou changement de paradigme ?<\/a> (The Conversation )<\/p>\n\n\n\n<p><a href=\"https:\/\/www.sudouest.fr\/economie\/rechauffement-climatique-le-capitalisme-s-adapte-a-la-contrainte-pour-continuer-de-croitre-7163450.php\">R\u00e9chauffement climatique&nbsp;: le capitalisme s\u2019adapte \u00e0 la contrainte pour \u00ab&nbsp;continuer de cro\u00eetre&nbsp;\u00bb<\/a> (Sud Ouest)<\/p>\n\n\n\n<p><a href=\"https:\/\/reporterre.net\/La-lutte-farouche-des-noirs-bresiliens-contre-le-racisme-environnemental?utm_source=newsletter&amp;utm_medium=email&amp;utm_campaign=nl_quotidienne\">La lutte farouche des noirs br\u00e9siliens contre le racisme environnemental <\/a>(Reporterre)<\/p>\n\n\n\n<p><a href=\"https:\/\/www.liberation.fr\/plus\/biodiversite-le-grand-tri-a-deja-commence-20211129_NUYD74W5VBEFJKKCTT5MY4WQSE\/?xtor=EREC-49-%5BLe_Fil_vert_29-11-2021%5D-&amp;actId=ebwp0YMB8s1_OGEGSsDRkNUcvuQDVN7a57ET3fWtrS-ejZ6qn9Uq9S21CSsuNsuC&amp;actCampaignType=CAMPAIGN_MAIL&amp;actSource=513341\" target=\"_blank\" rel=\"noreferrer noopener\">Biodiversit\u00e9&nbsp;: \u00abLe grand tri a d\u00e9j\u00e0 commenc\u00e9\u00bb <\/a>(Lib\u00e9ration)<\/p>\n\n\n\n<div class=\"wp-block-image\"><figure class=\"aligncenter size-large is-resized\"><img data-recalc-dims=\"1\" loading=\"lazy\" decoding=\"async\" src=\"https:\/\/i0.wp.com\/www.liberation.fr\/resizer\/7uzIYj1bP06MO4-gJ9vh1IadlGc%3D\/800x0\/filters%3Aformat%28jpg%29%3Aquality%2870%29\/cloudfront-eu-central-1.images.arcpublishing.com\/liberation\/GZG53O5XCBAV7KGW773J57XVV4.jpg?resize=560%2C402&#038;ssl=1\" alt=\"\" width=\"560\" height=\"402\"\/><figcaption><sup>Une truie et ses porcelets jug\u00e9s pour le meurtre d&rsquo;un enfant. L&rsquo;animal aurait \u00e9t\u00e9 reconnu coupable et ses porcelets acquitt\u00e9s.&nbsp;(domaine public)<\/sup><\/figcaption><\/figure><\/div>\n\n\n\n<p><a href=\"https:\/\/vert.eco\/articles\/le-gouvernement-va-reconnaitre-le-cancer-de-la-prostate-lie-au-chlordecone-comme-maladie-professionnelle\">Le gouvernement va reconna\u00eetre le cancer de la prostate li\u00e9 au chlord\u00e9cone comme maladie professionnelle<\/a> (Vert \u00e9co)<\/p>\n\n\n\n<p><a href=\"https:\/\/reporterre.net\/Dans-le-Bearn-les-habitants-defendent-leur-riviere-contre-une-carriere?utm_source=newsletter&amp;utm_medium=email&amp;utm_campaign=nl_quotidienne\">Dans le B\u00e9arn, les habitants d\u00e9fendent leur rivi\u00e8re contre une carri\u00e8re<\/a> (Reporterre)<\/p>\n\n\n\n<p><a href=\"https:\/\/ccaves.org\/blog\/wp-content\/uploads\/ConfederationPaysanne12_Positionnement_Centrales_photovoltaiques_2021.pdf\" target=\"_blank\" rel=\"noreferrer noopener\">Les centrales photovolta\u00efques au sol sont-elles compatibles avec l&rsquo;agriculture paysannes<\/a> (Conf12)<\/p>\n\n\n\n<p><a href=\"https:\/\/reporterre.net\/Le-lithium-l-or-blanc-de-l-economie-verte?utm_source=newsletter&amp;utm_medium=email&amp;utm_campaign=nl_quotidienne\">Le lithium, l\u2019or blanc de l\u2019\u00e9conomie \u00abverte\u00bb<\/a> (Reporterre)<\/p>\n\n\n\n<p><a href=\"https:\/\/reporterre.net\/En-Iran-le-manque-d-eau-provoque-des-manifestations?utm_source=newsletter&amp;utm_medium=email&amp;utm_campaign=nl_quotidienne\">En Iran, le manque d\u2019eau provoque des manifestations <\/a>(Reporterre)<\/p>\n\n\n\n<p><a href=\"https:\/\/www.goodplanet.info\/2021\/11\/28\/incident-nucleaire-a-lepr-de-taishan-en-chine-la-cause-identifiee\/\">Incident nucl\u00e9aire \u00e0 l\u2019EPR de Taishan, en Chine: la cause identifi\u00e9e<\/a> (GoodPlanet)<\/p>\n\n\n\n<p><a href=\"https:\/\/email.mg2.substack.com\/c\/eJw9kcFuwyAMhp-m3IiA0CQ9cNhlrxERcFI2AhmYTn37uY00ybJs2f4tf3YWYcvlaY5ckb3cjM8DTILfGgERCmsVyhy8kXqU4-3WM2-0l9N1YqHOawHYbYgGSwN2tCUGZzHk9JpQ_W0Qgt2NAzcJ7UYtrFyU1k6M6roKqfxVj6t152LbfIDkwMADyjMnYNHcEY966T8u6pPM2SMU2POjy2WjfC3k9hYx7OCD5e_8ETzkM6ytPCDEaEmVe5sqj1A5HVUCZlKq_KdBRU5VCni0WwmO5FoBrrkgBRaMEkpKqSYpheiHTnWrBpg8XBdnx8lL6JJbQ1QLXrTYN9XVtlS07rtzeWfFfO1LKxsdR2WXPSDELgF2Pr94zdS0txTwOUOySwR_osTzI2-48wYJCn3KzxaNHPpJ3EallRj7kxyx1npQ0yAlo-0-01Qy_7TWQgBsqH9OpqmF\">Surveillance dans les territoires : qu\u2019est-ce que l\u2019agriculture 4.0 ?<\/a> (Capire)<\/p>\n\n\n\n<p><a href=\"https:\/\/blogs.mediapart.fr\/jean-marc-b\/blog\/281121\/un-autre-regard-sur-le-climat-3-du-pain-sur-la-planche-emma\">Un autre regard sur le climat (3) Du pain sur la&nbsp;planche <\/a>(BD Emma)<\/p>\n\n\n\n<div class=\"wp-block-image is-style-default\"><figure class=\"aligncenter size-full is-resized\"><img data-recalc-dims=\"1\" loading=\"lazy\" decoding=\"async\" src=\"https:\/\/i0.wp.com\/www.rdpemancipation.org\/wp-content\/uploads\/2021\/11\/Capture-decran-2021-11-28-a-17.58.15.png?resize=558%2C280&#038;ssl=1\" alt=\"\" class=\"wp-image-59472\" width=\"558\" height=\"280\" srcset=\"https:\/\/i0.wp.com\/www.rdpemancipation.org\/wp-content\/uploads\/2021\/11\/Capture-decran-2021-11-28-a-17.58.15.png?w=405&amp;ssl=1 405w, https:\/\/i0.wp.com\/www.rdpemancipation.org\/wp-content\/uploads\/2021\/11\/Capture-decran-2021-11-28-a-17.58.15.png?resize=300%2C150&amp;ssl=1 300w\" sizes=\"auto, (max-width: 558px) 100vw, 558px\" \/><\/figure><\/div>\n\n\n\n<p class=\"has-text-color\" style=\"color:#aa0000\"><strong>28 novembre <\/strong><\/p>\n\n\n\n<p><a href=\"http:\/\/balises.criirad.org\/pdf\/211125_Courrier_CRIIRAD_ASN_suret\u00e9_EPR_VF.pdf\" target=\"_blank\" rel=\"noreferrer noopener\">Les incidents survenus sur l\u2019EPR Taishan 1 et leurs cons\u00e9quences<\/a> (CRIIRAD)<\/p>\n\n\n\n<p><a href=\"https:\/\/lanticapitaliste.org\/arguments\/ecologie\/du-tout-petrole-au-tout-electrique-la-totale-impasse-du-tout-auto\">Du tout-p\u00e9trole au tout-\u00e9lectrique, la totale impasse du tout-auto<\/a> (L&rsquo;Anticapitaliste)<\/p>\n\n\n\n<p><a href=\"https:\/\/www.contretemps.eu\/extractivisme-amerique-latine-poupeau-mariette-socialisme\/\" target=\"_blank\" rel=\"noreferrer noopener\">N\u00e9o-extractivismes latino-am\u00e9ricains. Une critique \u00e0 contretemps <\/a>(Contretemps)<\/p>\n\n\n\n<p><a href=\"https:\/\/revue-progressistes.org\/2021\/11\/28\/antilles-pollution-des-terres-au-chlordecone-irene-perrin-toinin\/\" target=\"_blank\" rel=\"noreferrer noopener\">Antilles&nbsp;: pollution des terres au chlord\u00e9cone, Ir\u00e8ne Perrin&nbsp;Toinin<\/a> (Revue Progressistes)<\/p>\n\n\n\n<p><a href=\"https:\/\/www.rfi.fr\/fr\/podcasts\/invit\u00e9-international\/20211127-maud-leli\u00e8vre-pr\u00e9sidente-de-l-uicn-la-protection-des-insectes-pollinisateurs-est-une-urgence\">Maud Leli\u00e8vre, pr\u00e9sidente de l&rsquo;UICN: \u00abLa protection des insectes pollinisateurs est une urgence\u00bb <\/a>(RFI)<\/p>\n\n\n\n<p><a href=\"https:\/\/www.mediapart.fr\/journal\/culture-idees\/271121\/david-wengrow-aujourd-hui-semble-ne-plus-avoir-d-imagination-sur-ce-que-pourraient-etre-les-alterna\">David Wengrow&nbsp;: Aujourd\u2019hui, on semble ne plus avoir d\u2019imagination sur ce que pourraient \u00eatre les alternatives&nbsp; <\/a>(Mediapart)<\/p>\n\n\n\n<p><a href=\"https:\/\/www.novethic.fr\/actualite\/environnement\/biodiversite\/isr-rse\/grande-barriere-de-corail-98-touchee-par-le-blanchissement-150331.html?utm_source=AlertesThematique&amp;utm_campaign=28-11-2021&amp;utm_medium=email\" target=\"_blank\" rel=\"noreferrer noopener\">La Grande barri\u00e8re de corail est touch\u00e9e \u00e0 98 % par le blanchissement<\/a> (Novethic)<\/p>\n\n\n\n<p><strong><span style=\"color:#a30011\" class=\"has-inline-color\">27 novembre <\/span><\/strong><\/p>\n\n\n\n<p><a href=\"https:\/\/www.futura-sciences.com\/planete\/actualites\/transition-energetique-energies-transition-95002\/\">Quelles \u00e9nergies pour la transition\u2009? <\/a>(Futura Plan\u00e8te)<\/p>\n\n\n\n<p><a href=\"https:\/\/www.mediapart.fr\/journal\/culture-idees\/271121\/les-critiques-de-la-chasse-sont-tres-liees-la-notion-de-civilisation\">\u00ab&nbsp;Les critiques de la chasse sont tr\u00e8s li\u00e9es \u00e0 la notion de civilisation&nbsp;\u00bb<\/a> (Mediapart)<\/p>\n\n\n\n<p><a href=\"https:\/\/www.novethic.fr\/actualite\/environnement\/biodiversite\/isr-rse\/quels-pays-pulverisent-le-plus-les-limites-planetaires-reponse-avec-cette-representation-percutante-de-la-theorie-du-donut-150342.html?utm_source=AlertesThematique&amp;utm_campaign=27-11-2021&amp;utm_medium=email\" target=\"_blank\" rel=\"noreferrer noopener\">Quel pays d\u00e9passe le moins les limites plan\u00e9taires <\/a>(Novethic)<\/p>\n\n\n\n<p><a href=\"https:\/\/journals.openedition.org\/rechercheseducations\/11527\">\u00c9duquer en Anthropoc\u00e8ne:un paradigme \u00e9ducatif \u00e0 construire pour le 21<sup>\u00e8me<\/sup>&nbsp;si\u00e8cle<\/a> (Recherches et \u00c9ducations)<\/p>\n\n\n\n<p><a href=\"https:\/\/reporterre.net\/Au-Chili-tout-pour-le-lithium-au-detriment-de-l-environnement?utm_source=newsletter&amp;utm_medium=email&amp;utm_campaign=nl_quotidienne\">Au Chili, tout pour le lithium, au d\u00e9triment de l\u2019environnement<\/a> (Reporterre)<\/p>\n\n\n\n<p><a href=\"https:\/\/reporterre.net\/Eau-vaccins-Une-loi-doit-proteger-les-biens-communs?utm_source=newsletter&amp;utm_medium=email&amp;utm_campaign=nl_quotidienne\" target=\"_blank\" rel=\"noreferrer noopener\">Eau, vaccins&#8230; Une loi doit prot\u00e9ger les biens communs<\/a> (Reporterre)<\/p>\n\n\n\n<p><a href=\"https:\/\/lareleveetlapeste.fr\/les-garde-forestiers-se-mobilisent-contre-la-marchandisation-des-forets-francaises\/\">Les garde-forestiers se mobilisent contre la marchandisation des for\u00eats fran\u00e7aises<\/a> (la Rel\u00e8ve et la Peste)<\/p>\n\n\n\n<div class=\"wp-block-image is-style-default\"><figure class=\"aligncenter is-resized\"><img data-recalc-dims=\"1\" loading=\"lazy\" decoding=\"async\" src=\"https:\/\/i0.wp.com\/lareleveetlapeste.fr\/wp-content\/uploads\/2021\/11\/Guidecouvsite.jpg?resize=525%2C350&#038;ssl=1\" alt=\"\" width=\"525\" height=\"350\"\/><\/figure><\/div>\n\n\n\n<p><a href=\"https:\/\/www.espaces-latinos.org\/archives\/103375?utm_source=Sarbacane&amp;utm_medium=email&amp;utm_campaign=25%20Novembre%202021https:\/\/www.espaces-latinos.org\/archives\/103375?utm_source=Sarbacane&amp;utm_medium=email&amp;utm_campaign=25%20Novembre%202021\">Implication des pays de l\u2019Am\u00e9rique latine \u00e0 la COP26 et d\u00e9fis pour les \u00c9tats de la r\u00e9gion<\/a> (NEL)<\/p>\n\n\n\n<pre class=\"wp-block-preformatted has-normal-font-size\">La France est le plus mauvais pays d\u2019Europe quant \u00e0 l\u2019\u00e9cart entre son objectif d\u2019\u00e9nergies renouvelables et la r\u00e9alit\u00e9. Elle se place derri\u00e8re tous les autres pays europ\u00e9ens, y compris ceux mis \u00e0 l\u2019index comme la Pologne (<a href=\"https:\/\/www.alternatives-economiques.fr\/faire-avancer-transition-lenergie-citoyenne\/00099800\">source<\/a>)<\/pre>\n\n\n\n<div class=\"wp-block-image is-style-default\"><figure class=\"aligncenter size-full\"><img data-recalc-dims=\"1\" loading=\"lazy\" decoding=\"async\" width=\"312\" height=\"312\" src=\"https:\/\/i0.wp.com\/www.rdpemancipation.org\/wp-content\/uploads\/2021\/11\/earth-global-warming.gif?resize=312%2C312&#038;ssl=1\" alt=\"\" class=\"wp-image-59230\"\/><\/figure><\/div>\n\n\n\n<p><strong><span style=\"color:#a30011\" class=\"has-inline-color\">26 novembre <\/span><\/strong><\/p>\n\n\n\n<p><a href=\"https:\/\/www.mediapart.fr\/journal\/international\/261121\/dans-les-balkans-les-luttes-ecologistes-au-fil-de-l-eau\">Dans les Balkans, les luttes \u00e9cologistes au fil de l\u2019eau<\/a> (Mediapart)<\/p>\n\n\n\n<p><a href=\"https:\/\/blogs.mediapart.fr\/geographies-en-mouvement\/blog\/251121\/l-eau-n-est-pas-une-marchandise\">L\u2019eau n\u2019est pas une marchandise&nbsp;! <\/a>(Mediapart blog G\u00e9ographies en mouvement)<\/p>\n\n\n\n<p><a href=\"https:\/\/alencontre.org\/ecologie\/lecologie-de-marx-a-la-lumiere-de-la-mega-2-i.html\">L\u2019\u00e9cologie de Marx \u00e0 la lumi\u00e8re de la MEGA 2 (I)<\/a> (\u00c0 l&rsquo;Encontre)<\/p>\n\n\n\n<p><a href=\"https:\/\/www.terrestres.org\/2021\/11\/24\/il-faut-detruire-les-infrastructures-des-energies-fossiles\/\" target=\"_blank\" rel=\"noreferrer noopener\">Il faut d\u00e9truire les infrastructures des \u00e9nergies fossiles &#8211; Andreas Malm<\/a> (Terrestres)<\/p>\n\n\n\n<p><a href=\"https:\/\/www.blast-info.fr\/articles\/2021\/guadeloupe-lile-sans-eau-la-grande-colere-FgBzMyY2TuOUz8lHBNcQrQ\">Guadeloupe, l\u2019\u00eele sans eau&nbsp;: la grande col\u00e8re <\/a>(Blast)<\/p>\n\n\n\n<p><a href=\"https:\/\/lanticapitaliste.org\/arguments\/ecologie\/pour-un-arret-du-nucleaire-et-une-socialisation-du-secteur-de-lenergie\" target=\"_blank\" rel=\"noreferrer noopener\">Pour un arr\u00eat du nucl\u00e9aire et une socialisation du secteur de l\u2019\u00e9nergie<\/a> (l&rsquo;Anticapitaliste)<\/p>\n\n\n\n<p><a href=\"https:\/\/theconversationfrance.cmail19.com\/t\/r-l-trikltg-ohktrjlidk-z\/\" target=\"_blank\" rel=\"noreferrer noopener\">Empreinte carbone&nbsp;: les&nbsp;trois thermom\u00e8tres de l\u2019action climatique<\/a> (The Conversation)<\/p>\n\n\n\n<p><a href=\"https:\/\/transitionsenergies.us20.list-manage.com\/track\/click?u=0d7778c915d508a7b72b6dc13&amp;id=2ca40b7a5d&amp;e=5a68fb0c53\" target=\"_blank\" rel=\"noreferrer noopener\">Efficacit\u00e9 \u00e9nerg\u00e9tique, le retard grandit<\/a> (Transition &amp; \u00c9nergies)<\/p>\n\n\n\n<p><a href=\"https:\/\/vert.eco\/articles\/deux-mains-dans-la-terre-la-transition-dun-agriculteur-conventionnel-vers-lagroecologie\">\u00ab Deux mains dans la terre \u00bb : la transition d\u2019un agriculteur conventionnel vers l\u2019agro\u00e9cologie<\/a> (Vert \u00e9co)<\/p>\n\n\n\n<div class=\"wp-block-image\"><figure class=\"aligncenter size-large is-resized\"><img data-recalc-dims=\"1\" loading=\"lazy\" decoding=\"async\" src=\"https:\/\/i0.wp.com\/mcusercontent.com\/b29742ead5f80e2c6091e81ba\/images\/12b12057-6aee-6e7b-ac4c-939c0163aeee.jpg?resize=614%2C414&#038;ssl=1\" alt=\"\" width=\"614\" height=\"414\"\/><figcaption><em><sup>Deux mains dans la terre, Jacques Caplat, Laetitia Rouxel, <\/sup><\/em><br><em><sup>Actes Sud BD, novembre 2021<\/sup><\/em><\/figcaption><\/figure><\/div>\n\n\n\n<p><a href=\"https:\/\/reporterre.net\/L-Etat-detruit-l-Office-national-des-forets-ses-agents-se-rebellent?utm_source=newsletter&amp;utm_medium=email&amp;utm_campaign=nl_quotidienne\">L\u2019\u00c9tat d\u00e9truit l\u2019Office national des for\u00eats, ses agents se rebellent<\/a> (Reporterre)<\/p>\n\n\n\n<p><a href=\"https:\/\/vert.eco\/articles\/enfer-social-et-ecologique-le-black-friday-est-hors-la-loi-en-france\">Enfer social et \u00e9cologique, le Black friday est hors-la-loi en France<\/a> (Vert \u00e9co)<\/p>\n\n\n\n<p><a href=\"https:\/\/blogs.mediapart.fr\/jean-marc-b\/blog\/251121\/autre-regard-sur-le-climat-2-vous-reprendez-bien-un-peu-de-cynisme-bd-emma\">A<\/a><strong><a href=\"https:\/\/blogs.mediapart.fr\/jean-marc-b\/blog\/251121\/autre-regard-sur-le-climat-2-vous-reprendez-bien-un-peu-de-cynisme-bd-emma\">utre regard sur le climat (2)- Vous reprendez bien un peu de cynisme&nbsp;? &#8211; <\/a>BD Emma<\/strong><\/p>\n\n\n\n<p><a href=\"https:\/\/www.afrik21.africa\/comment-la-geothermie-diversifie-le-mix-energetique-en-afrique-de-lest\/\" target=\"_blank\" rel=\"noreferrer noopener\">Comment la g\u00e9othermie diversifie le mix \u00e9nerg\u00e9tique en Afrique de l\u2019Est<\/a> (Afrik21)<\/p>\n\n\n\n<p class=\"has-text-color\" style=\"color:#920202\"><strong>25 novembre <\/strong><\/p>\n\n\n\n<p><a href=\"https:\/\/theconversation.com\/elevage-intensif-entre-militants-animalistes-et-industriels-qui-croire-172227?utm_medium=email&amp;utm_campaign=La%20lettre%20de%20The%20Conversation%20France%20du%2025%20novembre%202021%20-%202126721053&amp;utm_content=La%20lettre%20de%20The%20Conversation%20France%20du%2025%20novembre%202021%20-%202126721053+CID_0acc57e29f04d10a925363080b12c723&amp;utm_source=campaign_monitor_fr&amp;utm_term=levage%20intensif%20%20entre%20militants%20animalistes%20et%20industriels%20qui%20croire\">\u00c9levage intensif&nbsp;: entre militants animalistes et industriels, qui&nbsp;croire&nbsp;?<\/a> (The Conversation)<\/p>\n\n\n\n<p><a href=\"https:\/\/reporterre.net\/Batteries-la-ruee-vers-le-lithium-a-commence-23992?utm_source=newsletter&amp;utm_medium=email&amp;utm_campaign=nl_quotidienne\" target=\"_blank\" rel=\"noreferrer noopener\">Batteries&nbsp;: la ru\u00e9e vers le lithium a commenc\u00e9<\/a> (Reporterre)<\/p>\n\n\n\n<p><a href=\"https:\/\/www.journaldugeek.com\/2021\/11\/24\/lantarctique-pourrait-il-se-disloquer-en-moins-de-dix-ans\/\">L\u2019Antarctique pourrait-il se disloquer en moins de dix ans&nbsp;?<\/a> (Journal du Geek)<\/p>\n\n\n\n<p><a href=\"https:\/\/www.francetvinfo.fr\/monde\/environnement\/cop26\/climat-les-projections-de-rechauffement-de-l-onu-sont-peut-etre-trop-optimistes-selon-une-etude-parue-dans-la-revue-nature-climate-change_4854885.html\">R\u00e9chauffement climatique : les projections de l&rsquo;ONU sont peut-\u00eatre trop optimistes, selon une \u00e9tude<\/a> (France Info)<\/p>\n\n\n\n<p><a href=\"https:\/\/vert.eco\/articles\/en-allemagne-la-nouvelle-coalition-teste-leconomie-de-marche-socio-ecologique\" target=\"_blank\" rel=\"noreferrer noopener\">En Allemagne, la nouvelle coalition teste \u00ab&nbsp;l\u2019\u00e9conomie de march\u00e9 socio-\u00e9cologique&nbsp;\u00bb<\/a> (Vert \u00e9co)<\/p>\n\n\n\n<p><a href=\"https:\/\/www.novethic.fr\/actualite\/environnement\/biodiversite\/isr-rse\/partout-en-france-d-importants-projets-tombent-a-l-eau-pour-des-raisons-environnementales-150326.html?utm_source=AlertesThematique&amp;utm_campaign=22-11-2021&amp;utm_medium=email\" target=\"_blank\" rel=\"noreferrer noopener\">Partout en France, d&rsquo;importants projets tombent \u00e0 l\u2019eau pour des raisons environnementales<\/a> (Novethic)<\/p>\n\n\n\n<p><a href=\"https:\/\/www.goodplanet.info\/2021\/11\/23\/on-ne-peut-pas-sortir-du-capitalisme-car-la-nature-humaine-est-egoiste-une-idee-recue-fondatrice-de-leconomie-a-deconstruire\/\" target=\"_blank\" rel=\"noreferrer noopener\">\u00ab On ne peut pas sortir du capitalisme, la nature humaine est \u00e9go\u00efste \u00bb id\u00e9e re\u00e7ue \u00e0 <\/a><font color=\"#1e73be\"><span style=\"caret-color: rgb(30, 115, 190);\">d\u00e9construire<\/span><\/font> (Good Planet)<\/p>\n\n\n\n<p><a href=\"https:\/\/www.novethic.fr\/actualite\/environnement\/economie-circulaire\/isr-rse\/diane-scemama-du-collectif-green-friday-le-black-friday-doit-etre-interdit-en-france-150337.html?utm_source=AlertesThematique&amp;utm_campaign=24-11-2021&amp;utm_medium=email\" target=\"_blank\" rel=\"noreferrer noopener\">Diane Scemama, du collectif Green Friday : \u00ab\u00a0Le Black Friday doit \u00eatre interdit en France\u00a0\u00bb<\/a> (Novethic)<\/p>\n\n\n\n<p><a href=\"https:\/\/www.decitre.fr\/livres\/un-autre-regard-sur-le-climat-9791097160821.html\" target=\"_blank\" rel=\"noreferrer noopener\">Un autre regard sur la Climat<\/a> (Emma)<\/p>\n\n\n\n<div class=\"wp-block-image is-style-default\"><figure class=\"aligncenter is-resized\"><img data-recalc-dims=\"1\" loading=\"lazy\" decoding=\"async\" src=\"https:\/\/i0.wp.com\/static.fnac-static.com\/multimedia\/Images\/FR\/NR\/3c\/9f\/a7\/10985276\/1507-1\/tsp20190411081120\/Un-autre-regard-sur-le-climat.jpg?resize=264%2C377&#038;ssl=1\" alt=\"\" width=\"264\" height=\"377\"\/><\/figure><\/div>\n\n\n\n<p><a href=\"https:\/\/questions.assemblee-nationale.fr\/q15\/15-40780QE.htm\">Questions sur les huiles essentielles<\/a> &nbsp;(Assembl\u00e9e nationale)<\/p>\n\n\n\n<p class=\"has-text-color\" style=\"color:#920202\"><strong>24 novembre<\/strong><\/p>\n\n\n\n<p><a href=\"https:\/\/lemondedelenergie.us14.list-manage.com\/track\/click?u=c62f5d77ebac491b8595ed215&amp;id=b823dced94&amp;e=0651d8edf5\" target=\"_blank\" rel=\"noreferrer noopener\">Climat : les r\u00e9seaux \u00e9lectriques intelligents au coeur des enjeux<\/a> (le Monde de l&rsquo;\u00c9nergie)<\/p>\n\n\n\n<p><a href=\"https:\/\/africa.us17.list-manage.com\/track\/click?u=b1c1e8c33ae35db197ca6c8c3&amp;id=dd26caf1b9&amp;e=96962ccd5c\" target=\"_blank\" rel=\"noreferrer noopener\">AFRIQUE: l\u2019UE autorise la vente des pesticides tueurs de biodiversit\u00e9<\/a> (Afrik21)<\/p>\n\n\n\n<p><a href=\"https:\/\/vert.eco\/articles\/jeanne-burgart-goutal-lecofeminisme-est-une-arme-de-deconstruction-massive\">Jeanne Burgart Goutal&nbsp;: \u00ab&nbsp;L\u2019\u00e9cof\u00e9minisme est une arme de d\u00e9construction massive&nbsp;\u00bb<\/a> (Vert \u00e9co)<\/p>\n\n\n\n<p><a href=\"https:\/\/vert.eco\/articles\/definitivement-adoptee-la-nouvelle-politique-agricole-commune-prolonge-les-errements-du-passe\">D\u00e9finitivement adopt\u00e9e, la nouvelle Politique agricole commune prolonge les errements du pass\u00e9<\/a> (Vert \u00e9co) <\/p>\n\n\n\n<p><a href=\"https:\/\/reporterre.net\/Les-hommes-ces-viandards-qui-plombent-le-climat?utm_source=newsletter&amp;utm_medium=email&amp;utm_campaign=nl_quotidienne\">Les hommes, ces viandards qui plombent le climat<\/a> (Reporterre)<\/p>\n\n\n\n<p><a href=\"https:\/\/up-magazine.lt.acemlnb.com\/Prod\/link-tracker?redirectUrl=aHR0cHMlM0ElMkYlMkZ1cC1tYWdhemluZS5pbmZvJTJGcGxhbmV0ZSUyRnRyYW5zaXRpb24tZW5lcmdldGlxdWUlMkY5NjQyNC1iaWxsLWdhdGVzLWF2YW5jZS1zdXItbGEtY29uc3RydWN0aW9uLWRlLXNhLWNlbnRyYWxlLW51Y2xlYWlyZS1ub3V2ZWxsZS1nZW5lcmF0aW9uJTJGJTNGdXRtX3NvdXJjZSUzREFjdGl2ZUNhbXBhaWduJTI2dXRtX21lZGl1bSUzRGVtYWlsJTI2dXRtX2NvbnRlbnQlM0RSU1MlMjUzQUlURU0lMjUzQVRJVExFJTI2dXRtX2NhbXBhaWduJTNEQUNUSU9OJTI1MjElMkJRdW90aWRpZW5uZSUyQm1lLTI0JTI1MkYxMQ==&amp;sig=EN2ZH7TvxNfsWngikYKTHwrpvEMh9kfDoCvr3A6MN6mK&amp;iat=1637735651&amp;a=%7C%7C252447529%7C%7C&amp;account=up-magazine%2Eactivehosted%2Ecom&amp;email=hYTuCOgkI70Fg1VNPKltCI1dx8m6jGUdGbVCvZel7ZA%3D&amp;s=0f6d0b96b14c6fbd26674c52c11f03fa&amp;i=476A504A7A32240\" target=\"_blank\" rel=\"noreferrer noopener\">Bill Gates avance sur la construction de sa centrale nucl\u00e9aire nouvelle g\u00e9n\u00e9ration<\/a> (UP Magazine)<\/p>\n\n\n\n<p><a href=\"https:\/\/up-magazine.lt.acemlnb.com\/Prod\/link-tracker?redirectUrl=aHR0cHMlM0ElMkYlMkZ1cC1tYWdhemluZS5pbmZvJTJGZGVjcnlwdGFnZXMlMkZhbmFseXNlcyUyRjk2NDE4LXRyYXZhaWxsZXItcXVhdHJlLWpvdXJzLXBhci1zZW1haW5lLXVuZS1zb2x1dGlvbi1wb3VyLWxhLXBsYW5ldGUlMkYlM0Z1dG1fc291cmNlJTNEQWN0aXZlQ2FtcGFpZ24lMjZ1dG1fbWVkaXVtJTNEZW1haWwlMjZ1dG1fY29udGVudCUzRFJTUyUyNTNBSVRFTSUyNTNBVElUTEUlMjZ1dG1fY2FtcGFpZ24lM0RBQ1RJT04lMjUyMSUyQlF1b3RpZGllbm5lJTJCbWUtMjQlMjUyRjEx&amp;sig=927Cjim1WGYTSSe6j5hMscVoP2F3wAW3bkRxuLTTZeR8&amp;iat=1637735651&amp;a=%7C%7C252447529%7C%7C&amp;account=up-magazine%2Eactivehosted%2Ecom&amp;email=hYTuCOgkI70Fg1VNPKltCI1dx8m6jGUdGbVCvZel7ZA%3D&amp;s=0f6d0b96b14c6fbd26674c52c11f03fa&amp;i=476A504A7A32243\" target=\"_blank\" rel=\"noreferrer noopener\">Travailler quatre jours par semaine : une solution pour la plan\u00e8te ?<\/a> (UP Magazine)<\/p>\n\n\n\n<p><a href=\"https:\/\/www.mediapart.fr\/journal\/france\/231121\/clermont-laurent-wauquiez-promeut-l-avion-pour-faire-400-km\">\u00c0 Clermont, Laurent Wauquiez promeut l\u2019avion pour faire 400&nbsp;km<\/a> (Mediapart)<\/p>\n\n\n\n<p><span style=\"color:#e30c25\" class=\"has-inline-color\"><strong>23 novembre <\/strong><\/span> <\/p>\n\n\n\n<p><a href=\"https:\/\/bonpote.com\/lamazonie-a-t-elle-franchi-un-point-de-bascule\/\">L\u2019Amazonie a-t-elle franchi un point de bascule ?<\/a> (Bon Pote)<\/p>\n\n\n\n<p><a href=\"https:\/\/www.latribune.fr\/entreprises-finance\/industrie\/agroalimentaire-biens-de-consommation-luxe\/premier-pays-au-monde-passe-a-l-agriculture-100-bio-le-sri-lanka-fait-machine-arriere-et-reintroduit-les-pesticides-896948.html\">Premier pays au monde pass\u00e9 \u00e0 l&rsquo;agriculture 100% bio, le Sri Lanka r\u00e9introduit les pesticides<\/a> (la Tribune)<\/p>\n\n\n\n<p><a href=\"https:\/\/up-magazine.info\/planete\/biodiversite\/96329-eolien-et-biodiversite-lequation-impossible\/?utm_source=ActiveCampaign&amp;utm_medium=email&amp;utm_content=RSS%3AITEM%3ATITLE&amp;utm_campaign=ACTION%21+Quotidienne+ma-23%2F11\">\u00c9olien et biodiversit\u00e9 : l\u2019\u00e9quation impossible ? <\/a>(UP Magazine)<\/p>\n\n\n\n<p><a href=\"https:\/\/theconversationfrance.cmail19.com\/t\/r-l-triiitdt-ohktrjlidk-v\/\" target=\"_blank\" rel=\"noreferrer noopener\">Quand l\u2019open data et l\u2019open source deviennent des leviers pour acc\u00e9l\u00e9rer la transition \u00e9cologique<\/a> (The Conversation)<\/p>\n\n\n\n<p><a href=\"https:\/\/www.banquedesterritoires.fr\/le-gouvernement-lance-le-plan-national-en-faveur-des-insectes-pollinisateurs?pk_campaign=newsletter_quotidienne&amp;pk_kwd=2021-11-22&amp;pk_source=Actualit\u00e9s_Localtis&amp;pk_medium=newsletter_quotidienne\">Le gouvernement lance le plan national en faveur des insectes pollinisateurs<\/a> (Localtis)<\/p>\n\n\n\n<div class=\"wp-block-image is-style-default\"><figure class=\"aligncenter is-resized\"><img data-recalc-dims=\"1\" loading=\"lazy\" decoding=\"async\" src=\"https:\/\/i0.wp.com\/mamot.fr\/system\/media_attachments\/files\/107\/280\/202\/828\/555\/679\/original\/c3ca6e4fd583640a.png?resize=348%2C419&#038;ssl=1\" alt=\"\" width=\"348\" height=\"419\"\/><\/figure><\/div>\n\n\n\n<p> <span style=\"color:#e30c25\" class=\"has-inline-color\"> <strong>22 novembre <\/strong><\/span><\/p>\n\n\n\n<p><a href=\"https:\/\/blogs.mediapart.fr\/markkaye\/blog\/221121\/nous-devons-nous-preoccuper-de-notre-consommation-deau-virtuelle\">Nous devons nous pr\u00e9occuper de notre consommation \u00ab\u00a0d&rsquo;eau virtuelle\u00a0\u00bb<\/a> (Mediapart blog Mark Kaye)<\/p>\n\n\n\n<p><a href=\"https:\/\/www.mediapart.fr\/journal\/economie\/221121\/l-usine-ragt-de-calmont-dans-l-aveyron-les-ogm-n-en-veut-pas\">\u00c0 l\u2019usine RAGT de Calmont, dans l\u2019Aveyron&nbsp;: \u00ab&nbsp;les OGM, on n\u2019en veut pas&nbsp;\u00bb<\/a> (Mediapart)<\/p>\n\n\n\n<p><a href=\"https:\/\/lundi.am\/Nature-sans-fondement\" target=\"_blank\" rel=\"noreferrer noopener\">Nature sans fondement<\/a> (Lundi Matin)<\/p>\n\n\n\n<p><a href=\"https:\/\/vert.eco\/articles\/un-chasseur-blesse-par-une-ourse-le-debat-sur-la-cohabitation-relance\">Un chasseur bless\u00e9 par une ourse, le d\u00e9bat sur la \u00ab&nbsp;cohabitation&nbsp;\u00bb relanc\u00e9<\/a> (Vert \u00e9co)<\/p>\n\n\n\n<p><a href=\"https:\/\/reporterre.net\/Des-apiculteurs-au-secours-de-l-abeille-noire-vieille-d-un-million-d-annees?utm_source=newsletter&amp;utm_medium=email&amp;utm_campaign=nl_quotidienne\">Des apiculteurs au secours de l\u2019abeille noire, vieille d\u2019un million d\u2019ann\u00e9es<\/a> (Reporterre)<\/p>\n\n\n\n<p><a href=\"https:\/\/theconversation.com\/la-salinisation-des-sols-un-defi-majeur-pour-la-securite-alimentaire-mondiale-170347?utm_medium=email&amp;utm_campaign=La%20lettre%20de%20The%20Conversation%20France%20du%2021%20novembre%202021%20-%202122421010&amp;utm_content=La%20lettre%20de%20The%20Conversation%20France%20du%2021%20novembre%202021%20-%202122421010+CID_f05b6d31ee72c1f3636f7eb0f3123224&amp;utm_source=campaign_monitor_fr&amp;utm_term=La%20salinisation%20des%20sols%20un%20dfi%20majeur%20pour%20la%20scurit%20alimentaire%20mondiale\">La salinisation des sols, un d\u00e9fi majeur pour la s\u00e9curit\u00e9 alimentaire mondiale<\/a> (The Conversation)<\/p>\n\n\n\n<p><a href=\"https:\/\/newsletter.liberation.fr\/m\/surl\/200138\/513238\/JeOkmwpoKR4wlMjMp538PHFKF-B12viezBEiZxMr5xU=\/link_4\/Sz-MQojPyE4rUEIQGOhzcF4Xvpqgz2HuX0272nNsgwAFfnQWQfTEoMziFjuqMpevSWEd4ujJkOYBUumKkfaKEH4bW8Xw--udQ2vt8Lk7gCkFn7Mw4rY-Eoi0Q3r+J4QJHVOUSXNcieXP38P0pysS1CJA8uHnTsG8Gi1JUe5YuWhjK5qCuKnW7Dk3-C7yIhZh9S7Nq4cuHV1BdcJHtyNadtN4hG2LSnPhx9KkmcVLASZwLCcMgqEr8WPo9PULungd6M5EsL0KhS-3duuxdUt55uBKpaXj+pdgP645hLlq2UWoHMXbxImQjvZbPtyQAaeeJ4Js0XiCvoiqF4yRDOAHT+Vx-frkdPa1BzQdb9B6BHsZf1+opmBIeK-oQ8DuWsJYdyw3+XWAuHQ1CPWUAP4W4dDjeLJb83OBamOgTn6Ug3xx1zXUQ79sjz7C3X0doY0F\" target=\"_blank\" rel=\"noreferrer noopener\">En Islande, le calvaire des juments envoy\u00e9es dans les \u00abfermes \u00e0 sang\u00bb&nbsp;<\/a>(Lib\u00e9ration)<\/p>\n\n\n\n<p><a href=\"https:\/\/www.youtube.com\/watch?v=3-ndqWtcrYY\">La Nouvelle Aquitaine envoie du bois<\/a> (France3R\u00e9gions)<\/p>\n\n\n\n<p><span style=\"color:#e30c25\" class=\"has-inline-color\"> <strong>21 novembre <\/strong><\/span><\/p>\n\n\n\n<p><a href=\"https:\/\/atlantico.fr\/article\/decryptage\/energie-de-l-avenir-de-nouvelles-etudes-montrent-que-l-hydrogene-produirait-plus-d-emissions-que-prevu-philippe-charlez?utm_source=sendinblue&amp;utm_campaign=Radioscopie_des%20pulsions%20de%20dmondialisation%20:%20le%20libre%20\u00e9change%20est%20loin%20d\u2019\u00eatre%20seul%20en%20cause&amp;utm_medium=email\">\u00c9nergie de l\u2019avenir ? De nouvelles \u00e9tudes montrent que l\u2019hydrog\u00e8ne produirait plus d\u2019\u00e9missions que pr\u00e9vu<\/a> (Atlantico)<\/p>\n\n\n\n<p><a href=\"https:\/\/www.contretemps.eu\/bifurcation-ecologique-energie-transition-democratie\/\">La bifurcation \u00e9cologique n\u2019est pas un d\u00eener de gala<\/a> (Contretemps)<\/p>\n\n\n\n<p><strong><a href=\"https:\/\/blogs.mediapart.fr\/jean-marc-b\/blog\/201121\/transition-cop26\">Transition \u00e9nerg\u00e9tique cru COP26<\/a> -Anonyme<\/strong><\/p>\n\n\n\n<div class=\"wp-block-image is-style-default\"><figure class=\"aligncenter is-resized\"><img data-recalc-dims=\"1\" loading=\"lazy\" decoding=\"async\" src=\"https:\/\/i0.wp.com\/mamot.fr\/system\/media_attachments\/files\/107\/183\/616\/562\/773\/005\/original\/36ca9059b85f8007.png?resize=394%2C546&#038;ssl=1\" alt=\"\" width=\"394\" height=\"546\"\/><\/figure><\/div>\n\n\n\n<p><span style=\"color:#e30c25\" class=\"has-inline-color\"> <strong>20 novembre en continu<\/strong> <\/span><\/p>\n\n\n\n<p><a href=\"https:\/\/blogs.mediapart.fr\/eric-berr\/blog\/201121\/de-quoi-avons-nous-vraiment-besoin\">De quoi avons-nous vraiment besoin ? <\/a>(Mediapart blog \u00c9ric Berr)<\/p>\n\n\n\n<div class=\"wp-block-image\"><figure class=\"aligncenter size-large is-resized\"><img data-recalc-dims=\"1\" loading=\"lazy\" decoding=\"async\" src=\"https:\/\/i0.wp.com\/static.mediapart.fr\/etmagine\/default\/files\/2021\/11\/20\/couverture-livre-besoins.png?resize=179%2C271&#038;ssl=1\" alt=\"\" width=\"179\" height=\"271\"\/><\/figure><\/div>\n\n\n\n<p><a href=\"https:\/\/www.ledevoir.com\/opinion\/chroniques\/648465\/la-gloutonnerie?&amp;utm_medium=email&amp;utm_source=28868&amp;utm_campaign=Courrier+des+id\u00e9es+-+Week-end+du+20+novembre+2021\">La gloutonnerie<\/a> (Le Devoir)<\/p>\n\n\n\n<p><a href=\"https:\/\/www.rue89strasbourg.com\/stocamine-contourner-decision-justice-amendement-discret-hemicycle-vide-221495\">Stocamine&nbsp;: pour contourner la d\u00e9cision de justice, un amendement discret dans un h\u00e9micycle vide<\/a> (Rue89 Strasbourg)<\/p>\n\n\n\n<p><a href=\"https:\/\/lareleveetlapeste.fr\/rebellion-contre-shell-qui-veut-faire-des-detonations-sismiques-sur-la-cote-sauvage\/\" target=\"_blank\" rel=\"noreferrer noopener\">R\u00e9bellion contre Shell qui veut faire des d\u00e9tonations sismiques sur la C\u00f4te Sauvage<\/a> (La Rel\u00e8ve et la Peste)<\/p>\n\n\n\n<p><a href=\"https:\/\/www.equaltimes.org\/faute-de-legislation-federale-les?lang=en#.YZkj9C_pPK4\">Les syndicats am\u00e9ricains pr\u00e9parent le terrain pour une \u00e9conomie post-\u00e9nergie fossile<\/a> (Equal Time)<\/p>\n\n\n\n<div class=\"wp-block-image is-style-default\"><figure class=\"aligncenter is-resized\"><img data-recalc-dims=\"1\" loading=\"lazy\" decoding=\"async\" src=\"https:\/\/i0.wp.com\/mamot.fr\/system\/media_attachments\/files\/107\/264\/019\/091\/572\/182\/original\/870ae7b7999c6df4.png?resize=490%2C326&#038;ssl=1\" alt=\"\" width=\"490\" height=\"326\"\/><\/figure><\/div>\n\n\n\n<p><span style=\"color:#e30c25\" class=\"has-inline-color\"> <strong>19 novembre<\/strong> <\/span><\/p>\n\n\n\n<p><a href=\"https:\/\/vert.eco\/articles\/pour-une-justice-climatique-comment-le-mouvement-mondial-pour-le-climat-peut-remporter-la-bataille\" target=\"_blank\" rel=\"noreferrer noopener\">\u00ab&nbsp;Pour une justice climatique&nbsp;\u00bb&nbsp;: comment le mouvement mondial pour le climat peut remporter la bataille<\/a> (Vert \u00e9co)<\/p>\n\n\n\n<div class=\"wp-block-image\"><figure class=\"aligncenter size-large is-resized\"><img data-recalc-dims=\"1\" loading=\"lazy\" decoding=\"async\" src=\"https:\/\/i0.wp.com\/vert.eco\/wp-content\/uploads\/2021\/11\/attac-1.jpg?resize=590%2C416&#038;ssl=1\" alt=\"\" width=\"590\" height=\"416\"\/><\/figure><\/div>\n\n\n\n<p><a href=\"https:\/\/reporterre.net\/Europe-la-nouvelle-politique-agricole-commune-est-un-desastre?utm_source=newsletter&amp;utm_medium=email&amp;utm_campaign=nl_quotidienne\">Europe&nbsp;: la nouvelle politique agricole commune est un d\u00e9sastre<\/a> (Reporterre)<\/p>\n\n\n\n<p><a href=\"https:\/\/www.transitionsenergies.com\/pour-la-cour-des-comptes-relance-nucleaire-pas-en-catimini-debat\/\">Pour la Cour des comptes, la relance du nucl\u00e9aire ne peut pas se faire sans un d\u00e9bat \u00abmieux \u00e9clair\u00e9\u00bb<\/a> (Transition &amp; \u00c9nergies)<\/p>\n\n\n\n<p><a href=\"https:\/\/www.novethic.fr\/actualite\/environnement\/climat\/isr-rse\/climat-comment-depasser-le-catastrophisme-mediatique-et-passer-a-l-action-150323.html?utm_source=AlertesThematique&amp;utm_campaign=19-11-2021&amp;utm_medium=email\" target=\"_blank\" rel=\"noreferrer noopener\">Le catastrophisme climatique dans les m\u00e9dias, une couverture \u00e0 double tranchant<\/a> (Novethic)<\/p>\n\n\n\n<p><a href=\"https:\/\/theconversationfrance.cmail19.com\/t\/r-l-trijktdd-ohktrjlidk-m\/\" target=\"_blank\" rel=\"noreferrer noopener\">Aux origines de l\u2019\u00e9cof\u00e9minisme&nbsp;: Fran\u00e7oise d\u2019Eaubonne, les luttes chevill\u00e9es au&nbsp;corps<\/a> (The Conversation)<\/p>\n\n\n\n<p><a href=\"https:\/\/blogs.mediapart.fr\/jean-marc-b\/blog\/191121\/apotheose-neoliberale-la-cop26-fonde-le-marche-mondial-de-l-incendie\">Apoth\u00e9ose n\u00e9olib\u00e9rale: la COP26 fonde le march\u00e9 mondial de l\u2019incendie&#8230;<\/a>(Daniel Tanuro)<\/p>\n\n\n\n<div class=\"wp-block-image is-style-default\"><figure class=\"aligncenter size-full is-resized\"><img data-recalc-dims=\"1\" loading=\"lazy\" decoding=\"async\" src=\"https:\/\/i0.wp.com\/www.rdpemancipation.org\/wp-content\/uploads\/2021\/11\/COP.jpeg?resize=508%2C313&#038;ssl=1\" alt=\"\" class=\"wp-image-58150\" width=\"508\" height=\"313\" srcset=\"https:\/\/i0.wp.com\/www.rdpemancipation.org\/wp-content\/uploads\/2021\/11\/COP.jpeg?w=900&amp;ssl=1 900w, https:\/\/i0.wp.com\/www.rdpemancipation.org\/wp-content\/uploads\/2021\/11\/COP.jpeg?resize=300%2C185&amp;ssl=1 300w, https:\/\/i0.wp.com\/www.rdpemancipation.org\/wp-content\/uploads\/2021\/11\/COP.jpeg?resize=768%2C473&amp;ssl=1 768w\" sizes=\"auto, (max-width: 508px) 100vw, 508px\" \/><\/figure><\/div>\n\n\n\n<p><a href=\"https:\/\/www.la-croix.com\/Bresil-progression-record-deforestation-Amazonie-2021-11-19-1301185929?utm_source=newsletterp&amp;utm_medium=email&amp;utm_campaign=welcome_media_test&amp;utm_content=20211119\" target=\"_blank\" rel=\"noreferrer noopener\">Br\u00e9sil&nbsp;: la d\u00e9forestation en Amazonie enregistre un niveau record en quinze&nbsp;ans<\/a> (La Croix)<\/p>\n\n\n\n<p><a href=\"https:\/\/vert.eco\/articles\/les-espaces-naturels-a-ne-surtout-pas-detruire-pour-combattre-le-rechauffement\">Les espaces naturels \u00e0 ne surtout pas d\u00e9truire pour combattre le r\u00e9chauffement<\/a> (Vert \u00e9co)<\/p>\n\n\n\n<p><a href=\"https:\/\/blogs.mediapart.fr\/jean-marc-b\/blog\/181121\/multinationales-font-tout-le-contraire-des-engagements-de-la-cop26\">Les multinationales font tout le contraire des engagements de la COP26 <\/a>(Jean-Marc B)<\/p>\n\n\n\n<div class=\"wp-block-image is-style-default\"><figure class=\"aligncenter is-resized\"><img data-recalc-dims=\"1\" loading=\"lazy\" decoding=\"async\" src=\"https:\/\/i0.wp.com\/467222-1467340-raikfcquaxqncofqfm.stackpathdns.com\/wp-content\/uploads\/2015\/05\/Oil-Rigs-780x470.jpg?resize=522%2C315&#038;ssl=1\" alt=\"\" width=\"522\" height=\"315\"\/><figcaption><sub>Plus d&rsquo;investissement en projet dans les fossiles que dans les renouvelables<\/sub><\/figcaption><\/figure><\/div>\n\n\n\n<p><a href=\"https:\/\/www.20minutes.fr\/planete\/3175955-20211118-loi-maltraitance-animale-vont-devenir-animaux-sauvages-appartenant-cirques\">Loi maltraitance animale&nbsp;: Que vont devenir animaux sauvages des cirques?<\/a>&nbsp; (20Minutes)<\/p>\n\n\n\n<p><span style=\"color:#e30c25\" class=\"has-inline-color\"> <strong>18 novembre<\/strong> <\/span><\/p>\n\n\n\n<p><a href=\"https:\/\/www.actu-environnement.com\/ae\/news\/commission-europeenne-deforestation-importee-38559.php4#xtor=ES-6\">La Commission europ\u00e9enne s&rsquo;attaque \u00e0 la d\u00e9forestation import\u00e9e<\/a> (Actu Environnement)<\/p>\n\n\n\n<p><a href=\"https:\/\/www.liberation.fr\/culture\/livres\/charles-stepanoff-la-biodiversite-decline-en-meme-temps-que-la-sociodiversite-20211118_E2WZ4YMBOVHOBPGVBMYE2A34TU\/\">Chasseurs : Charles St\u00e9panoff: \u00abLa biodiversit\u00e9 d\u00e9cline en m\u00eame temps que la sociodiversit\u00e9\u00bb<\/a> (Lib\u00e9ration)<\/p>\n\n\n\n<p><a href=\"https:\/\/usbeketrica.com\/fr\/article\/la-decroissance-prospere-seul-moyen-de-rendre-le-futur-desirable\">La d\u00e9croissance prosp\u00e8re&nbsp;: seul moyen de rendre le futur d\u00e9sirable\u202f?<\/a> (Usbek et Rica)<\/p>\n\n\n\n<p><a href=\"https:\/\/aoc.media\/opinion\/2021\/11\/18\/faut-il-remunerer-la-nature-pour-son-travail\/\">Faut-il r\u00e9mun\u00e9rer la nature pour son travail&nbsp;?<\/a> (AOC)<\/p>\n\n\n\n<p><a href=\"https:\/\/www.terrestres.org\/2021\/05\/17\/infrastructures-et-metabolisme-urbain-luttes-et-enjeux-politiques\/\" target=\"_blank\" rel=\"noreferrer noopener\">Infrastructures et m\u00e9tabolisme urbain. Luttes et enjeux politiques<\/a> (Terrestres)<\/p>\n\n\n\n<p><a href=\"https:\/\/up-magazine.lt.acemlnb.com\/Prod\/link-tracker?redirectUrl=aHR0cHMlM0ElMkYlMkZ1cC1tYWdhemluZS5pbmZvJTJGc2VjdXJpdGUtYWxpbWVudGFpcmUtMiUyRnNlY3VyaXRlLWFsaW1lbnRhaXJlJTJGOTYxMjktZW4tZXNwYWduZS1pbC1ueS1hLXBsdXMtZGVhdS1wb3VyLWxpcnJpZ2F0aW9uJTJGJTNGdXRtX3NvdXJjZSUzREFjdGl2ZUNhbXBhaWduJTI2dXRtX21lZGl1bSUzRGVtYWlsJTI2dXRtX2NvbnRlbnQlM0RSU1MlMjUzQUlURU0lMjUzQVRJVExFJTI2dXRtX2NhbXBhaWduJTNEQUNUSU9OJTI1MjElMkJRdW90aWRpZW5uZSUyQmplLTE4JTI1MkYxMQ==&amp;sig=84VNkHMGPWEFgEgLx3d2w1fwjZrt1iNFJRaz6hFo45fo&amp;iat=1637217238&amp;a=%7C%7C252447529%7C%7C&amp;account=up-magazine%2Eactivehosted%2Ecom&amp;email=hYTuCOgkI70Fg1VNPKltCI1dx8m6jGUdGbVCvZel7ZA%3D&amp;s=0f6d0b96b14c6fbd26674c52c11f03fa&amp;i=472A500A7A31833\" target=\"_blank\" rel=\"noreferrer noopener\">En Espagne il n\u2019y a plus assez d\u2019eau pour l\u2019irrigation<\/a> (UP Magazine)<\/p>\n\n\n\n<p><a href=\"https:\/\/theconversation.com\/re-lisons-ecotopia-utopie-visionnaire-pour-dessiner-le-monde-dapres-171841?utm_medium=email&amp;utm_campaign=La%20lettre%20de%20The%20Conversation%20France%20du%2017%20novembre%202021%20-%202119220976&amp;utm_content=La%20lettre%20de%20The%20Conversation%20France%20du%2017%20novembre%202021%20-%202119220976+CID_69732040ad64129e696aa34674eb07e7&amp;utm_source=campaign_monitor_fr&amp;utm_term=Relisons%20%20cotopia%20%20utopie%20visionnaire%20pour%20dessiner%20le%20monde%20daprs\" target=\"_blank\" rel=\"noreferrer noopener\">(Re)lisons \u00ab&nbsp;\u00c9cotopia&nbsp;\u00bb, utopie visionnaire pour dessiner le&nbsp;monde&nbsp;d\u2019apr\u00e8s<\/a> (The Conversation)<\/p>\n\n\n\n<p><a href=\"https:\/\/reporterre.net\/Chasse-les-soigneurs-alertent-sur-une-hecatombe-de-rapaces?utm_source=newsletter&amp;utm_medium=email&amp;utm_campaign=nl_quotidienne\">Chasse&nbsp;: des soigneurs alertent sur une \u00ab<small>&nbsp;<\/small>h\u00e9catombe de rapaces<small>&nbsp;<\/small>\u00bb<\/a> (Reporterre)<\/p>\n\n\n\n<div class=\"wp-block-image\"><figure class=\"aligncenter size-large is-resized\"><img data-recalc-dims=\"1\" loading=\"lazy\" decoding=\"async\" src=\"https:\/\/i0.wp.com\/reporterre.net\/local\/cache-vignettes\/L720xH480\/arton23955-4ceb4.jpg?resize=422%2C281&#038;ssl=1\" alt=\"\" width=\"422\" height=\"281\"\/><\/figure><\/div>\n\n\n\n<p><a href=\"https:\/\/vert.eco\/articles\/dans-les-deux-sevres-les-mega-bassines-deviennent-le-symbole-a-detruire-de-lagriculture-industrielle\">Dans les Deux-S\u00e8vres, les \u00ab&nbsp;m\u00e9ga-bassines&nbsp;\u00bb deviennent le symbole \u00e0 d\u00e9truire de l\u2019agriculture industrielle<\/a> (Vert \u00e9co)<\/p>\n\n\n\n<p><a href=\"https:\/\/charliehebdo.fr\/2021\/11\/ecologie\/larche-des-veterinaires\/?utm_source=sendinblue&amp;utm_campaign=QUOTIDIENNE_16112021_-_ABONNES&amp;utm_medium=email\">L\u2019arche des v\u00e9t\u00e9rinaires<\/a> (Charlie Hebdo)<\/p>\n\n\n\n<p><a href=\"https:\/\/www.youtube.com\/watch?v=gouZXcd08q0\">Petite le\u00e7on de \u00ab r\u00e9gulation&nbsp;\u00bb ?<\/a>&nbsp; (France Inter)<\/p>\n\n\n\n<p><a href=\"https:\/\/www.humanite.fr\/loi-waserman-sophie-binet-linteret-dune-loi-cest-de-toucher-le-business-727693\">Loi Waserman: Sophie Binet&nbsp;: l\u2019int\u00e9r\u00eat d\u2019une loi, c\u2019est de toucher le business-<\/a> (L\u2019Humanit\u00e9)<\/p>\n\n\n\n<p class=\"has-text-color\" style=\"color:#9c0303\"><strong>17 novembre<\/strong><\/p>\n\n\n\n<p><a href=\"https:\/\/vert.eco\/articles\/sur-le-site-dromois-dorano-greenpeace-interrompt-lenvoi-duranium-vers-la-russie\">Sur le site dr\u00f4mois d\u2019Orano, Greenpeace interrompt l\u2019envoi d\u2019uranium vers la Russie <\/a>(Vert \u00e9co)<\/p>\n\n\n\n<p><a href=\"https:\/\/entreleslignesentrelesmots.blog\/2021\/11\/17\/cop26-pas-de-retablissement-environnemental-sans-rupture-economique-et-sociale\/\">COP26&nbsp;: pas de r\u00e9tablissement environnemental sans rupture \u00e9conomique et sociale<\/a> (Entre les lignes)<\/p>\n\n\n\n<p><a href=\"https:\/\/www.lemondedelenergie.com\/transition-energetique-choix\/2021\/11\/16\/\">La transition \u00e9nerg\u00e9tique \u00e0 l\u2019heure des choix : lesquels ?<\/a> (Le Monde de l\u2019\u00c9nergie)<\/p>\n\n\n\n<p><a href=\"https:\/\/entreleslignesentrelesmots.blog\/2021\/11\/17\/il-est-encore-temps-de-refrener-notre-chute-vers-labime\/\">Il est encore temps de r\u00e9fr\u00e9ner notre chute vers&nbsp;l\u2019ab\u00eeme <\/a>(Entre les lignes)<\/p>\n\n\n\n<div class=\"wp-block-image\"><figure class=\"aligncenter size-large is-resized\"><img data-recalc-dims=\"1\" loading=\"lazy\" decoding=\"async\" src=\"https:\/\/entreleslignesentrelesmots.files.wordpress.com\/2021\/11\/27351100129890m.jpg?resize=200%2C287\" alt=\"\" width=\"200\" height=\"287\"\/><figcaption><sup>C\u00e9cile Asanuma-Brice&nbsp;:&nbsp;<em>Fukushima dix ans apr\u00e8s<\/em><br><em>Sociologie d\u2019un d\u00e9sastre<\/em><\/sup><\/figcaption><\/figure><\/div>\n\n\n\n<p><a href=\"https:\/\/reporterre.net\/L-Etat-somme-de-limiter-les-pesticides-dans-les-zones-protegees?utm_source=newsletter&amp;utm_medium=email&amp;utm_campaign=nl_quotidienne\" target=\"_blank\" rel=\"noreferrer noopener\">L\u2019\u00c9tat somm\u00e9 de limiter les pesticides dans les zones prot\u00e9g\u00e9es<\/a> (Reporterre)<\/p>\n\n\n\n<p><a href=\"http:\/\/t.infos.banquedesterritoires.fr\/r\/?id=h279ae9b,23081b1,1ddf26\" target=\"_blank\" rel=\"noreferrer noopener\">Congr\u00e8s des maires &#8211; Transition \u00e9nerg\u00e9tique : les \u00e9lus locaux veulent que l&rsquo;\u00c9tat leur fasse confiance<\/a> (Localtis)<\/p>\n\n\n\n<p><a href=\"https:\/\/www.transitionsenergies.com\/rolls-royce-petits-reacteurs-nucleaires-modulables\/\" target=\"_blank\" rel=\"noreferrer noopener\">Les grandes ambitions de Rolls-Royce dans les petits r\u00e9acteurs nucl\u00e9aires modulables<\/a> (Transition &amp; \u00c9nergies)<\/p>\n\n\n\n<p><a href=\"https:\/\/bonpote.com\/cop26-succes-pour-les-uns-condamnation-a-mort-pour-les-autres\/\">COP26 : succ\u00e8s pour les uns, condamnation \u00e0 mort pour les autres<\/a> (Bon Pote)<\/p>\n\n\n\n<p><a href=\"https:\/\/reporterre.net\/Victoire-pour-les-ecolos-l-Etat-suspend-la-vente-du-domaine-de-Grignon\" target=\"_blank\" rel=\"noreferrer noopener\">Victoire pour les \u00e9colos&nbsp;: l\u2019\u00c9tat suspend la vente du domaine de Grignon<\/a> (Reporterre)<\/p>\n\n\n\n<div class=\"wp-block-image\"><figure class=\"aligncenter size-large is-resized\"><img data-recalc-dims=\"1\" loading=\"lazy\" decoding=\"async\" src=\"https:\/\/i0.wp.com\/reporterre.net\/local\/cache-vignettes\/L720xH481\/arton23946-00283.jpg?resize=507%2C339&#038;ssl=1\" alt=\"\" width=\"507\" height=\"339\"\/><\/figure><\/div>\n\n\n\n<p><strong><span style=\"color:#de0712\" class=\"has-inline-color\">16 novembre<\/span><\/strong><\/p>\n\n\n\n<p><a href=\"https:\/\/blogs.mediapart.fr\/eva-joly\/blog\/161121\/urgence-climatique-egoisme-vaccinal-et-aveuglement-fiscal-la-lutte-contre-les-inegalites-est-la-seule\">Urgence climatique, \u00e9go\u00efsme vaccinal, aveuglement fiscal&nbsp;: la lutte contre les in\u00e9galit\u00e9s est la seule issue<\/a> (Mediapart blog Eva Joly)<\/p>\n\n\n\n<p><a href=\"https:\/\/entreleslignesentrelesmots.blog\/2021\/11\/16\/des-palestiniennes-qui-defendent-leau-la-terre-et-la-vie-contre-loccupation-israelienne\/\" target=\"_blank\" rel=\"noreferrer noopener\">Des Palestiniennes qui d\u00e9fendent l\u2019eau, la terre et la vie contre l\u2019occupation&nbsp;isra\u00e9lienne<\/a> (Entre les lignes)<\/p>\n\n\n\n<p><a href=\"https:\/\/journals.openedition.org\/developpementdurable\/19472\">Bruno Villalba,&nbsp;<em>Les Collapsologues et leurs ennemis<\/em> <\/a>(Open Editions)<\/p>\n\n\n\n<div class=\"wp-block-image\"><figure class=\"aligncenter size-large\"><img data-recalc-dims=\"1\" decoding=\"async\" src=\"https:\/\/i0.wp.com\/journals.openedition.org\/developpementdurable\/docannexe\/image\/19472\/img-1.png?w=1200&#038;ssl=1\" alt=\"\"\/><\/figure><\/div>\n\n\n\n<p><a href=\"https:\/\/reporterre.net\/Les-ravages-ignores-de-l-activite-miniere?utm_source=newsletter&amp;utm_medium=email&amp;utm_campaign=nl_quotidienne\" target=\"_blank\" rel=\"noreferrer noopener\">Les ravages ignor\u00e9s de l\u2019activit\u00e9 mini\u00e8re <\/a>(Reporterre)<\/p>\n\n\n\n<p><a href=\"https:\/\/www.linfodurable.fr\/environnement\/pollution-plastique-quel-est-le-probleme-29582\" target=\"_blank\" rel=\"noreferrer noopener\">Pollution plastique : quel est le probl\u00e8me ? <\/a>(Info Durable)<\/p>\n\n\n\n<p><a href=\"https:\/\/reporterre.net\/Dangers-du-glyphosate-l-Europe-prefere-les-conclusions-de-l-agrochimie?utm_source=newsletter&amp;utm_medium=email&amp;utm_campaign=nl_quotidienne\">Dangers du glyphosate&nbsp;: l\u2019Europe pr\u00e9f\u00e8re les conclusions de l\u2019agrochimie<\/a> (Reporterre)<\/p>\n\n\n\n<p><a href=\"https:\/\/www.europeanscientist.com\/fr\/opinion\/la-decroissance-peut-attendre-philippe-charlez-interview\/\" target=\"_blank\" rel=\"noreferrer noopener\">\u00ab&nbsp;La d\u00e9croissance peut attendre&nbsp;\u00bb Philippe Charlez (Interview) <\/a>(European Scientist)<\/p>\n\n\n\n<p><a href=\"https:\/\/revue-progressistes.org\/2021\/11\/16\/lenergie-nucleaire-peut-se-vanter-dune-excellente-maitrise-de-son-potentiel-de-danger-tristan-kamin\/\" target=\"_blank\" rel=\"noreferrer noopener\">\u00ab&nbsp;L\u2019\u00e9nergie nucl\u00e9aire peut se vanter d\u2019une excellente ma\u00eetrise de son potentiel de danger&nbsp;\u00bb, Tristan&nbsp;Kamin<\/a> (Revue Progressistes)<\/p>\n\n\n\n<p><a href=\"https:\/\/up-magazine.lt.acemlnb.com\/Prod\/link-tracker?redirectUrl=aHR0cHMlM0ElMkYlMkZ1cC1tYWdhemluZS5pbmZvJTJGbm9uLWNsYXNzZSUyRjk1OTk1LWFkZGljdC1hdS1jaGFyYm9uLWxpbmRlLXN1ZmZvcXVlLW1haXMtZ2FjaGUtbGEtY29wJTJGJTNGdXRtX3NvdXJjZSUzREFjdGl2ZUNhbXBhaWduJTI2dXRtX21lZGl1bSUzRGVtYWlsJTI2dXRtX2NvbnRlbnQlM0RSU1MlMjUzQUlURU0lMjUzQVRJVExFJTI2dXRtX2NhbXBhaWduJTNEQUNUSU9OJTI1MjElMkJRdW90aWRpZW5uZSUyQm1hLTE2JTI1MkYxMQ==&amp;sig=7K4Yfr3H4DFYMeYJWfj7BnvuhhJQnUvhQiU9fsTM2Xiw&amp;iat=1637044450&amp;a=%7C%7C252447529%7C%7C&amp;account=up-magazine%2Eactivehosted%2Ecom&amp;email=hYTuCOgkI70Fg1VNPKltCI1dx8m6jGUdGbVCvZel7ZA%3D&amp;s=0f6d0b96b14c6fbd26674c52c11f03fa&amp;i=470A498A7A31685\" target=\"_blank\" rel=\"noreferrer noopener\">Addict au charbon, l\u2019Inde suffoque mais g\u00e2che la COP<\/a> (UP Magazine)<\/p>\n\n\n\n<p><a href=\"https:\/\/basta.media\/mega-bassines-manifestation-confederation-paysanne-FNSEA-nappes-phreatiques\" target=\"_blank\" rel=\"noreferrer noopener\">Passe-droit pour les partisans de l\u2019agro-industrie, r\u00e9pression pour les d\u00e9fenseurs des ressources en eau<\/a> (Basta)<\/p>\n\n\n\n<p><a href=\"https:\/\/www.20minutes.fr\/societe\/3172775-20211115-chasse-ligue-protection-oiseaux-inquiete-hecatombe-rapaces-victimes-tirs\">Chasse: la LPO inqui\u00e8te d\u2019h\u00e9catombes de rapaces victimes de tirs<\/a> (20Minutes)<\/p>\n\n\n\n<p><a href=\"https:\/\/www.geo.fr\/environnement\/biodiversite-lecolo-chinois-qui-met-le-feu-au-lac-207082\" target=\"_blank\" rel=\"noreferrer noopener\">Biodiversit\u00e9: l&rsquo;\u00e9colo chinois qui met le feu au lac<\/a> (GEO)<\/p>\n\n\n\n<div class=\"wp-block-image\"><figure class=\"aligncenter size-large is-resized\"><img data-recalc-dims=\"1\" loading=\"lazy\" decoding=\"async\" src=\"https:\/\/i0.wp.com\/geo.img.pmdstatic.net\/pad\/https.3A.2F.2Fi.2Epmdstatic.2Enet.2Fgeo.2F2021.2F11.2F16.2F50d89c45-5e70-447b-9fb0-416d4d6ff232.2Ejpeg\/650x432\/quality\/80\/50d89c45-5e70-447b-9fb0-416d4d6ff232-jpeg.jpeg?resize=505%2C336&#038;ssl=1\" alt=\"\" width=\"505\" height=\"336\"\/><\/figure><\/div>\n\n\n\n<p><a href=\"https:\/\/theconversationfrance.cmail20.com\/t\/r-l-trirtlky-ohktrjlidk-yd\/\" target=\"_blank\" rel=\"noreferrer noopener\">Transformer la&nbsp;mobilit\u00e9 en France&nbsp;: la&nbsp;qu\u00eate d\u2019un&nbsp;mod\u00e8le \u00e9conomique soutenable<\/a> (The Conversation)<\/p>\n\n\n\n<p><a href=\"https:\/\/www.banquedesterritoires.fr\/zero-artificialisation-nette-lamf-et-regions-de-france-demandent-un-report-des-delais-fixes-par-la?pk_campaign=newsletter_quotidienne&amp;pk_kwd=2021-11-15&amp;pk_source=Actualit\u00e9s_Localtis&amp;pk_medium=newsletter_quotidienne\">Z\u00e9ro artificialisation nette : l&rsquo;AMF et R\u00e9gions de France demandent un report des d\u00e9lais fix\u00e9s par la loi Climat<\/a> (Localtis)<\/p>\n\n\n\n<p><a href=\"https:\/\/www.20minutes.fr\/societe\/3170523-20211112-petition-reglementer-chasse-depasse-cap-100000-signatures-va-etre-examinee-senat\">P\u00e9tition&nbsp;r\u00e8glementer la chasse + de 100000 signatures va \u00eatre examin\u00e9e S\u00e9nat<\/a> (20Minutes)<\/p>\n\n\n\n<p class=\"has-text-color\" style=\"color:#a30000\"><strong>15 novembre<\/strong><\/p>\n\n\n\n<p><a href=\"https:\/\/blogs.mediapart.fr\/edition\/bordeaux-sur-garonne\/article\/081121\/ou-lon-reparle-de-la-lgv\">O\u00f9 l&rsquo;on reparle de la LGV<\/a> (Mediapart blog Patrick Rodel) <\/p>\n\n\n\n<p><a href=\"https:\/\/blogs.mediapart.fr\/front-de-meres\/blog\/151121\/lecologie-sans-lutte-pour-legalite-cest-du-jardinage\">L&rsquo;\u00e9cologie sans lutte pour l&rsquo;\u00e9galit\u00e9, c&rsquo;est du jardinage !<\/a> (Mediapart blog Front des m\u00e8res)<\/p>\n\n\n\n<p><a href=\"https:\/\/reporterre.net\/La-surpeche-aggrave-le-changement-climatique?utm_source=newsletter&amp;utm_medium=email&amp;utm_campaign=nl_quotidienne\">Les crottes de poisson, pi\u00e8ge \u00e0&nbsp;CO\u2082 sabot\u00e9 par la surp\u00eache<\/a> (Reporterre)<\/p>\n\n\n\n<p><a href=\"https:\/\/theconversation.com\/biodiversite-un-nouvel-indicateur-pour-mesurer-lecart-entre-letat-de-la-planete-et-les-objectifs-a-atteindre-169802\">Biodiversit\u00e9&nbsp;: un nouvel indicateur pour mesurer l\u2019\u00e9cart entre l\u2019\u00e9tat de&nbsp;la&nbsp;plan\u00e8te et les&nbsp;objectifs \u00e0&nbsp;atteindre<\/a> (The Conversation)<\/p>\n\n\n\n<p><a href=\"https:\/\/reporterre.net\/Avec-l-avion-nos-fraises-ont-un-arriere-gout-de-carbone?utm_source=newsletter&amp;utm_medium=email&amp;utm_campaign=nl_quotidienne\">Avec l\u2019avion, nos fraises ont un arri\u00e8re-go\u00fbt de carbone<\/a> (Reporterre)<\/p>\n\n\n\n<p><a href=\"https:\/\/www.liberation.fr\/environnement\/police-de-la-chasse-willy-schraen-se-fait-vertement-tancer-20211114_JGWL4XW6X5GJBMQOHGBHYSQSQU\/\">Police de la chasse&nbsp;: Willy Schraen se fait vertement tancer <\/a>(Lib\u00e9ration)<\/p>\n\n\n\n<p><a href=\"https:\/\/www.novethic.fr\/actualite\/environnement\/climat\/isr-rse\/le-pacte-de-glasgow-n-est-que-le-reflet-du-deni-climatique-des-pays-riches-150309.html?utm_source=AlertesThematique&amp;utm_campaign=15-11-2021&amp;utm_medium=email\" target=\"_blank\" rel=\"noreferrer noopener\">COP26 : Le pacte de Glasgow, reflet du d\u00e9ni climatique des pays riches<\/a> (Novethic)<\/p>\n\n\n\n<p><a href=\"https:\/\/www.franceculture.fr\/environnement\/andre-gorz-ecosocialiste-visionnaire\">Andr\u00e9 Gorz : \u00e9cosocialiste visionnaire <\/a>(France Culture)<\/p>\n\n\n\n<p class=\"has-text-color\" style=\"color:#a30000\"><strong>14 novembre<\/strong><\/p>\n\n\n\n<p><a href=\"https:\/\/www.mediapart.fr\/journal\/international\/141121\/cop26-le-fiasco-de-glasgow\">COP26&nbsp;: le fiasco de Glasgow <\/a>(Mediapart)<\/p>\n\n\n\n<p><strong><a href=\"http:\/\/znn6.mjt.lu\/lnk\/AVwAAA-Ad6kAAcuEZbwAAKegIXsAAAAAPA4AHcKXAAYYMABhkNEYbfzmBGUmSECHf0eehXcargAF1iE\/3\/x5RGoswNE623VRjPs0qsXw\/aHR0cHM6Ly9yZXBvcnRlcnJlLm5ldC9DT1AyNi1sZS1nYWNoaXMtZXQtbGEtZGVjZXB0aW9uLWQtdW4tYWNjb3JkLWEtbWluaW1hP3V0bV9zb3VyY2U9bmV3c2xldHRlciZ1dG1fbWVkaXVtPWVtYWlsJnV0bV9jYW1wYWlnbj1ubF9xdW90aWRpZW5uZQ\">COP26 : le g\u00e2chis et la d\u00e9ception d\u2019un accord a minima<\/a> (Reporterre)<\/strong><\/p>\n\n\n\n<p><a href=\"https:\/\/www.futura-sciences.com\/planete\/actualites\/rechauffement-climatique-fuites-hydrogene-atmosphere-pourraient-saper-avantages-climatiques-decarbonation-94724\/\">Les fuites d\u2019hydrog\u00e8ne dans l\u2019atmosph\u00e8re pourraient \u00ab saper les avantages climatiques de la d\u00e9carbonation&nbsp;\u00bb<\/a> (Futura Plan\u00e8te)<\/p>\n\n\n\n<p><strong><a href=\"https:\/\/blogs.mediapart.fr\/maxime-combes\/blog\/131121\/le-bilan-de-la-cop26-tient-en-3-mots-criminel-indecent-dilatoire\" title=\"https:\/\/blogs.mediapart.fr\/maxime-combes\/blog\/131121\/le-bilan-de-la-cop26-tient-en-3-mots-criminel-indecent-dilatoire\">Le bilan de la COP26 tient en 3 mots&nbsp;:&nbsp;criminel, ind\u00e9cent, dilatoire<\/a> -Maxime Combes<\/strong><\/p>\n\n\n\n<p><a href=\"https:\/\/blogs.mediapart.fr\/feredor\/blog\/141121\/de-lecocide-au-genocide\" target=\"_blank\" rel=\"noreferrer noopener\">De l&rsquo;\u00e9cocide au g\u00e9nocide<\/a> (Mediapart blog Feredor)<\/p>\n\n\n\n<div class=\"wp-block-image is-style-default\"><figure class=\"aligncenter is-resized\"><img data-recalc-dims=\"1\" loading=\"lazy\" decoding=\"async\" src=\"https:\/\/i0.wp.com\/mamot.fr\/system\/media_attachments\/files\/107\/226\/262\/275\/357\/489\/original\/8f0feb243fb755cf.jpg?resize=383%2C383&#038;ssl=1\" alt=\"\" width=\"383\" height=\"383\"\/><\/figure><\/div>\n\n\n\n<p><strong><span style=\"color:#a32400\" class=\"has-inline-color\">13 novembre <\/span><\/strong><\/p>\n\n\n\n<p><a href=\"https:\/\/alencontre.org\/laune\/le-dilemme-energetique-et-la-cause-dune-transition-ecologique-democratique.html\">Le dilemme \u00e9nerg\u00e9tique. (Et la voie d\u2019une transition \u00e9cologique d\u00e9mocratique)<\/a> (\u00c0 l&rsquo;Encontre)<\/p>\n\n\n\n<p><a href=\"https:\/\/www.ledevoir.com\/opinion\/editoriaux\/646632\/cop26-panne-de-resolution?&amp;utm_medium=email&amp;utm_source=28746&amp;utm_campaign=Courrier+des+id\u00e9es+-+Week-end+du+13+novembre+2021\">COP26 \u00ab&nbsp;sommet pour VIP&nbsp;\u00bb<\/a> (Le Devoir)<\/p>\n\n\n\n<p><a href=\"https:\/\/www.terrestres.org\/2021\/11\/08\/val-plumwood-lhumanite-comme-proie\/\">Val Plumwood \u2013 L\u2019humanit\u00e9 comme proie<\/a> (Terrestres)<\/p>\n\n\n\n<p><a href=\"https:\/\/reporterre.net\/En-Aveyron-des-activistes-eventrent-des-sacs-de-nouveaux-OGM?utm_source=newsletter&amp;utm_medium=email&amp;utm_campaign=nl_quotidienne\">En Aveyron, des activistes \u00e9ventrent des sacs de \u00abnouveaux&nbsp;OGM\u00bb<\/a> (Reporterre)<\/p>\n\n\n\n<p><a href=\"https:\/\/lanticapitaliste.org\/videos\/cop26-apres-le-grand-bla-bla-urgence-pour-le-climat-lanticapitaliste-lemission\">COP26 : apr\u00e8s le grand Bla-Bla, urgence pour le climat&nbsp;<\/a>(l&rsquo;Anticapitaliste)<\/p>\n\n\n\n<p><a href=\"https:\/\/www.contretemps.eu\/afrique-ressources-frontiere-petroliere\/\">L\u2019Afrique sera-t-elle la derni\u00e8re fronti\u00e8re p\u00e9troli\u00e8re ?<\/a> (Contretemps)<\/p>\n\n\n\n<pre class=\"wp-block-preformatted has-normal-font-size\">Perle: <em>\u00ab&nbsp;Le lobby du nucl\u00e9aire n\u2019existe pas.&nbsp;\u00bb<\/em> (10\/11\/2021, France Inter) -Bruno Le Maire<\/pre>\n\n\n\n<div class=\"wp-block-image is-style-default\"><figure class=\"aligncenter is-resized\"><img loading=\"lazy\" decoding=\"async\" src=\"https:\/\/i0.wp.com\/alpharococo.files.wordpress.com\/2012\/06\/dharma2011.jpg\" alt=\"dharma2011.jpg\" width=\"469\" height=\"311\"\/><\/figure><\/div>\n\n\n\n<p><strong><span style=\"color:#a32400\" class=\"has-inline-color\">12 novembre <\/span><\/strong><\/p>\n\n\n\n<p><a href=\"https:\/\/blogs.mediapart.fr\/edition\/cop26-face-lurgence-climatique-la-fin-du-blabla\/article\/111121\/derriere-le-ruban-rouge-la-criminalisation-des-activ\">Derri\u00e8re le ruban rouge, la criminalisation des activistes pour le climat <\/a>(Les invit\u00e9s de Mediapart)<\/p>\n\n\n\n<p><a href=\"https:\/\/reporterre.net\/Nitrates-l-usine-nucleaire-de-La-Hague-pollue-plus-qu-une-megaporcherie?utm_source=newsletter&amp;utm_medium=email&amp;utm_campaign=nl_quotidienne\">Nitrates&nbsp;: l\u2019usine nucl\u00e9aire de La Hague pollue plus qu\u2019une m\u00e9gaporcherie<\/a> (Reporterre)<\/p>\n\n\n\n<p><a href=\"https:\/\/vert.eco\/articles\/greenwashing-et-violations-des-droits-humains-la-compensation-carbone-star-de-la-cop26\">Greenwashing et violations des droits humains&nbsp;: la compensation carbone, star de la COP26<\/a> (Vert \u00e9co)<\/p>\n\n\n\n<div class=\"wp-block-image is-style-default\"><figure class=\"aligncenter is-resized\"><img data-recalc-dims=\"1\" loading=\"lazy\" decoding=\"async\" src=\"https:\/\/i0.wp.com\/mamot.fr\/system\/media_attachments\/files\/107\/223\/751\/673\/287\/820\/original\/4bdc3f6c115272ae.png?resize=349%2C349&#038;ssl=1\" alt=\"\" width=\"349\" height=\"349\"\/><\/figure><\/div>\n\n\n\n<p><a href=\"https:\/\/theconversationfrance.cmail20.com\/t\/r-l-trtuihhd-ohktrjlidk-q\/\" target=\"_blank\" rel=\"noreferrer noopener\">Climat : ce que r\u00e9v\u00e8le le&nbsp;sondeur atmosph\u00e9rique IASI et ses&nbsp;45&nbsp;milliards d\u2019observations<\/a> (The Conversation)<\/p>\n\n\n\n<p><a href=\"https:\/\/www.equaltimes.org\/transition-juste-de-la-prise-de?lang=fr#.YY6gMy_pPMg\">Transition juste&nbsp;: de la prise de conscience \u00e0 l\u2019action<\/a> (Equal Time)<\/p>\n\n\n\n<p><a href=\"https:\/\/radioparleur.net\/2021\/11\/10\/conte-les-bassines-paysan-nes-et-militant-es-luttent-agriculture\/\">Contre les bassines, paysan\u00b7nes et militant\u00b7es pour une autre agriculture<\/a> (Radio Parleur)<\/p>\n\n\n\n<p><a href=\"https:\/\/www.afrik21.africa\/cop26-quelles-priorites-pour-lafrique-face-au-changement-climatique%E2%80%89\/\">COP26 : quelles priorit\u00e9s pour l\u2019Afrique face au changement climatique\u2009?<\/a> (Afrik21)<\/p>\n\n\n\n<p><a href=\"https:\/\/info.alternatives-economiques.fr\/optiext\/optiextension.dll?ID=eMNeHyCjj0BGRHjohaut_x77pnAM3IzH9g_dGxlHjZOT4WQ0nLsmcmqkhWWLBL3LfsjvwJimUensB%2BlFufjEHYmtGGTCQ\" target=\"_blank\" rel=\"noreferrer noopener\">Climat, avions, for\u00eats : les dessous de la compensation carbone<\/a> (Alternatives \u00c9conomiques)<\/p>\n\n\n\n<p><a href=\"https:\/\/www.actu-environnement.com\/newsletters\/redirect.php?data=cXVvdGlkaWVubmV8MjkyM3xuZXdzfDM4NTEw&amp;user=NjM1MTQ5\" target=\"_blank\" rel=\"noreferrer noopener\">Pr\u00e9carit\u00e9 \u00e9nerg\u00e9tique&nbsp;: aller plus loin que les mesures d&rsquo;urgence<\/a> (Actu Environnement)<\/p>\n\n\n\n<p><a href=\"https:\/\/blogs.mediapart.fr\/jean-marc-b\/blog\/111121\/cop26-les-militaires-du-monde-entier-cachent-leurs-enormes-emissions-de-carbone\">COP26. Les militaires du monde entier cachent leurs \u00e9normes \u00e9missions de carbone<\/a> (\u00c0 l&rsquo;Encontre)<\/p>\n\n\n\n<div class=\"wp-block-image is-style-default\"><figure class=\"aligncenter size-full is-resized\"><img data-recalc-dims=\"1\" loading=\"lazy\" decoding=\"async\" src=\"https:\/\/i0.wp.com\/www.rdpemancipation.org\/wp-content\/uploads\/2021\/11\/MilitairesCO2.jpeg?resize=510%2C323&#038;ssl=1\" alt=\"\" class=\"wp-image-57094\" width=\"510\" height=\"323\" srcset=\"https:\/\/i0.wp.com\/www.rdpemancipation.org\/wp-content\/uploads\/2021\/11\/MilitairesCO2.jpeg?w=800&amp;ssl=1 800w, https:\/\/i0.wp.com\/www.rdpemancipation.org\/wp-content\/uploads\/2021\/11\/MilitairesCO2.jpeg?resize=300%2C190&amp;ssl=1 300w, https:\/\/i0.wp.com\/www.rdpemancipation.org\/wp-content\/uploads\/2021\/11\/MilitairesCO2.jpeg?resize=768%2C486&amp;ssl=1 768w\" sizes=\"auto, (max-width: 510px) 100vw, 510px\" \/><\/figure><\/div>\n\n\n\n<p class=\"has-text-color\" style=\"color:#a30000\"><strong>11 novembre<\/strong><\/p>\n\n\n\n<p><a href=\"https:\/\/www.linfodurable.fr\/environnement\/la-nouvelle-ruee-vers-lor-accelere-la-destruction-de-lamazonie-29513\">La nouvelle ru\u00e9e vers l&rsquo;or acc\u00e9l\u00e8re la destruction de l&rsquo;Amazonie <\/a>(Info Durable)<\/p>\n\n\n\n<p><a href=\"https:\/\/vert.eco\/articles\/nemo-guiquita-ambassadrice-de-lamazonie-a-la-cop26\">Nemo Andi Guiquita, ambassadrice de l\u2019Amazonie \u00e0 la COP26 <\/a>(Vert \u00e9co)<\/p>\n\n\n\n<div class=\"wp-block-image\"><figure class=\"aligncenter size-large is-resized\"><img data-recalc-dims=\"1\" loading=\"lazy\" decoding=\"async\" src=\"https:\/\/i0.wp.com\/vert.eco\/wp-content\/uploads\/2021\/11\/nemo2.jpg?resize=584%2C389&#038;ssl=1\" alt=\"\" width=\"584\" height=\"389\"\/><figcaption><sup>Mardi, Nemo a pris la parole dans le cadre du \u00ab&nbsp;tribunal des droits de la nature \u00bb qui s\u2019est tenu \u00e0 Glasgow,&nbsp;\u00e0 l\u2019issue duquel des scientifiques, politiques et autochtones ont demand\u00e9 que l\u2019Amazonie devienne l\u2019une des parties \u00e0 la COP&nbsp;\u00a9&nbsp;COP26 Coalition<\/sup><\/figcaption><\/figure><\/div>\n\n\n\n<p><a href=\"https:\/\/vert.eco\/articles\/cop26-un-projet-de-decision-finale-insuffisant\">COP26 : un projet de d\u00e9cision finale tr\u00e8s insuffisant <\/a>(Vert \u00e9 co)<\/p>\n\n\n\n<p><a href=\"https:\/\/blogs.mediapart.fr\/danivance\/blog\/111121\/macron-nucleaire-et-mepris-de-la-democratie-en-marche\">Macron : Nucl\u00e9aire et m\u00e9pris de la d\u00e9mocratie en marche<\/a> (Mediapart blog Danivance)<\/p>\n\n\n\n<p><a href=\"https:\/\/up-magazine.info\/planete\/climat\/95861-pouvons-nous-etre-capables-dempathie-climatique\/?utm_source=ActiveCampaign&amp;utm_medium=email&amp;utm_content=COP26+%3A+Beaucoup+de+vagues+promesses+mais+tout+reste+\u00e0+faire&amp;utm_campaign=ACTION%21+Quotidienne+je-11%2F11\">Pouvons-nous \u00eatre capables \u00ab d\u2019empathie climatique \u00bb ?<\/a> (UP Magazine)<\/p>\n\n\n\n<p><a href=\"https:\/\/up-magazine.info\/planete\/pollutions\/95792-les-feux-de-forets-declenchent-une-proliferation-sans-precedent-dalgues-dans-locean\/?utm_source=ActiveCampaign&amp;utm_medium=email&amp;utm_content=COP26+%3A+Beaucoup+de+vagues+promesses+mais+tout+reste+\u00e0+faire&amp;utm_campaign=ACTION%21+Quotidienne+je-11%2F11\">Les feux de for\u00eats d\u00e9clenchent une prolif\u00e9ration sans pr\u00e9c\u00e9dent d\u2019algues dans l\u2019oc\u00e9an<\/a> (UP Magazine)<\/p>\n\n\n\n<p><a href=\"https:\/\/www.20minutes.fr\/societe\/3169415-20211110-quimper-l214-epingle-la-societe-de-surgeles-ecomiam-son-patron-monte-au-creneau\">L 214 \u00e9pingle la soci\u00e9t\u00e9 de surgel\u00e9s Ecomiam, son patron monte au cr\u00e9neau<\/a> (20Minutes)<\/p>\n\n\n\n<p class=\"has-text-color\" style=\"color:#a30000\"><strong>10 novembre<\/strong> <\/p>\n\n\n\n<p><a href=\"https:\/\/blogs.mediapart.fr\/jean-claude-leroy\/blog\/101121\/ellul-et-charbonneau-deux-amis-precurseurs-d-une-ecologie-radicale\">Ellul et Charbonneau, deux amis pr\u00e9curseurs d\u2019une \u00e9cologie radicale<\/a> (Mediapart blog JC Leroy)<\/p>\n\n\n\n<div class=\"wp-block-image\"><figure class=\"aligncenter size-medium\"><img data-recalc-dims=\"1\" loading=\"lazy\" decoding=\"async\" width=\"186\" height=\"300\" src=\"https:\/\/i0.wp.com\/www.rdpemancipation.org\/wp-content\/uploads\/2021\/11\/image-1.jpeg?resize=186%2C300&#038;ssl=1\" alt=\"\" class=\"wp-image-56922\" srcset=\"https:\/\/i0.wp.com\/www.rdpemancipation.org\/wp-content\/uploads\/2021\/11\/image-1.jpeg?resize=186%2C300&amp;ssl=1 186w, https:\/\/i0.wp.com\/www.rdpemancipation.org\/wp-content\/uploads\/2021\/11\/image-1.jpeg?resize=634%2C1024&amp;ssl=1 634w, https:\/\/i0.wp.com\/www.rdpemancipation.org\/wp-content\/uploads\/2021\/11\/image-1.jpeg?w=661&amp;ssl=1 661w\" sizes=\"auto, (max-width: 186px) 100vw, 186px\" \/><\/figure><\/div>\n\n\n\n<p><a href=\"https:\/\/blogs.mediapart.fr\/edition\/cop26-face-lurgence-climatique-la-fin-du-blabla\/article\/091121\/cop26-les-scientifiques-doivent-renoncer-leur-neutra\">COP26, les scientifiques doivent renoncer \u00e0 leur neutralit\u00e9 <\/a>(Mediapart blog Helloat Sylvain)<\/p>\n\n\n\n<p><a href=\"https:\/\/reporterre.net\/Nucleaire-Macron-lance-la-construction-de-nouveaux-reacteurs?utm_source=newsletter&amp;utm_medium=email&amp;utm_campaign=nl_quotidienne\">Nucl\u00e9aire&nbsp;: Macron lance la construction de nouveaux r\u00e9acteurs <\/a>(Reporterre)<\/p>\n\n\n\n<p><a href=\"https:\/\/www.nationalgeographic.fr\/espace\/2021\/11\/pollution-lumineuse-doit-on-eteindre-la-lumiere\" target=\"_blank\" rel=\"noreferrer noopener\">Pollution lumineuse : doit-on \u00e9teindre la lumi\u00e8re ?<\/a> (National Geographic)<\/p>\n\n\n\n<p><a href=\"https:\/\/www.futura-sciences.com\/planete\/actualites\/rechauffement-climatique-si-revolution-hydrogene-aggravait-rechauffement-climatique-94724\/\">Et si la r\u00e9volution hydrog\u00e8ne aggravait le r\u00e9chauffement climatique ? <\/a>(Futura Plan\u00e8te)<\/p>\n\n\n\n<p><a href=\"https:\/\/vert.eco\/articles\/fanny-petitbon-la-cop-est-le-seul-forum-sur-le-climat-ou-tous-les-pays-sont-a-egalite\">Fanny Petitbon : \u00ab&nbsp;La COP est le seul forum sur le climat o\u00f9 tous les pays sont \u00e0 \u00e9galit\u00e9&nbsp;\u00bb<\/a> (Vert \u00e9co)<\/p>\n\n\n\n<p><a href=\"https:\/\/blogs.mediapart.fr\/association-pleine-mer\/blog\/091121\/pleine-mer-revele-les-pratiques-de-la-peche-industrielle\">Pleine Mer r\u00e9v\u00e8le les pratiques de la p\u00eache industrielle<\/a> (Mediapart blog association pleine mer)<\/p>\n\n\n\n<p><a href=\"https:\/\/blogs.mediapart.fr\/francois-vallet\/blog\/091121\/l-energie-nucleaire-rechauffe-la-planete-et-le-climat\" target=\"_blank\" rel=\"noreferrer noopener\">L\u2019\u00e9nergie nucl\u00e9aire r\u00e9chauffe la plan\u00e8te et le climat<\/a>  (Mediapart blog Fran\u00e7ois Vallet)<\/p>\n\n\n\n<p><a href=\"https:\/\/reporterre.net\/Guerre-de-l-eau-La-violence-et-l-illegalite-se-situent-du-cote-de-l-agro-industrie?utm_source=newsletter&amp;utm_medium=email&amp;utm_campaign=nl_quotidienne\">Guerre de l\u2019eau&nbsp;: \u00abLa violence et l\u2019ill\u00e9galit\u00e9 se situent du c\u00f4t\u00e9 de l\u2019agro-industrie\u00bb <\/a>(Reporterre)<\/p>\n\n\n\n<div class=\"wp-block-image\"><figure class=\"aligncenter size-large is-resized\"><img data-recalc-dims=\"1\" loading=\"lazy\" decoding=\"async\" src=\"https:\/\/i0.wp.com\/reporterre.net\/IMG\/jpg\/megabassines.jpg?resize=503%2C335&#038;ssl=1\" alt=\"\" width=\"503\" height=\"335\"\/><figcaption><sup>La m\u00e9gabassine de Mauz\u00e9-sur-le-Mignon a \u00e9t\u00e9 prise d\u2019assaut, le 6&nbsp;novembre 2021.&nbsp;<em>\u00a9 Corentin Fohlen\/Reporterre<\/em><\/sup><\/figcaption><\/figure><\/div>\n\n\n\n<p><a href=\"https:\/\/invidious.fdn.fr\/watch?v=HR-sZlRqpPk\">Limites physiques de la transition<\/a> (Invidious)<\/p>\n\n\n\n<p><a href=\"https:\/\/reporterre.net\/La-lutte-contre-la-precarite-energetique-une-priorite-de-l-election-presidentielle?utm_source=newsletter&amp;utm_medium=email&amp;utm_campaign=nl_quotidienne\">La lutte contre la pr\u00e9carit\u00e9 \u00e9nerg\u00e9tique, une priorit\u00e9 de l\u2019\u00e9lection pr\u00e9sidentielle <\/a>(Reporterre)<\/p>\n\n\n\n<p><a href=\"https:\/\/vert.eco\/articles\/a-la-cop26-les-liens-entre-genre-et-climat-sont-les-laisses-pour-compte-des-negociations\">\u00c0 la COP26, les liens entre genre et climat sont les laiss\u00e9s pour compte des n\u00e9gociations <\/a>(Vert \u00e9co)<\/p>\n\n\n\n<p><strong><a href=\"https:\/\/invidious.fdn.fr\/watch?v=9eT4LoVA1WE\">\u201cTout ceci est une bouffonnerie\u201d \u2013 Aurelien Barrau<\/a> (Invidious)<\/strong><\/p>\n\n\n\n<p><strong><span style=\"color:#a32400\" class=\"has-inline-color\">9 novembre en continu<\/span><\/strong><\/p>\n\n\n\n<p><a href=\"https:\/\/reporterre.net\/En-Bretagne-la-biosecurite-tue-l-elevage-paysan?utm_source=newsletter&amp;utm_medium=email&amp;utm_campaign=nl_quotidienne\">En Bretagne, la bios\u00e9curit\u00e9 tue l\u2019\u00e9levage paysan<\/a> (Reporterre)<\/p>\n\n\n\n<p><a href=\"https:\/\/transitionsenergies.us20.list-manage.com\/track\/click?u=0d7778c915d508a7b72b6dc13&amp;id=13cc840d5a&amp;e=5a68fb0c53\" target=\"_blank\" rel=\"noreferrer noopener\">La COP26 aura vu le nucl\u00e9aire redevenir fr\u00e9quentable<\/a> (Transition &amp; \u00c9nergies)<\/p>\n\n\n\n<p><a href=\"https:\/\/www.vie-publique.fr\/parole-dexpert\/282315-sauvegarde-de-la-biodiversite-quelle-gouvernance-internationale\">Sauvegarde de la biodiversit\u00e9&nbsp;: quelle gouvernance internationale&nbsp;?<\/a> (Vie Publique)<\/p>\n\n\n\n<p><a href=\"https:\/\/www.alternatives-economiques.fr\/\/nucleaire-exporter-petits-reacteurs-serait-une-impasse-fran\/00101068?utm_source=emailing&amp;utm_medium=email&amp;utm_campaign=NL_Quotidienne&amp;utm_content=09112021\" target=\"_blank\" rel=\"noreferrer noopener\">Nucl\u00e9aire&nbsp;: \u00ab&nbsp;Exporter des petits r\u00e9acteurs serait une impasse pour la France&nbsp;\u00bb<\/a> (Alternatives \u00c9conomiques)<\/p>\n\n\n\n<p><a href=\"https:\/\/hal.archives-ouvertes.fr\/hal-03413025\/document\">Justice et \u00e9cologie : panorama des principales recherches <\/a>(HAL)<\/p>\n\n\n\n<p><a href=\"https:\/\/www.mediapart.fr\/journal\/international\/091121\/la-cop26-la-france-fait-le-lobbying-de-l-industrie-nucleaire\">\u00c0 la COP26, la France fait le lobbying de l\u2019industrie nucl\u00e9aire<\/a> (Mediapart)<\/p>\n\n\n\n<p><a href=\"https:\/\/vert.eco\/articles\/farzana-faruk-jhumu-la-militante-du-bangladesh-qui-deferle-sur-glasgow\" target=\"_blank\" rel=\"noreferrer noopener\">Farzana Faruk Jhumu, l\u2019activiste du Bangladesh qui d\u00e9ferle sur Glasgow<\/a> (Vert \u00e9co)<\/p>\n\n\n\n<div class=\"wp-block-image\"><figure class=\"aligncenter size-large is-resized\"><img data-recalc-dims=\"1\" loading=\"lazy\" decoding=\"async\" src=\"https:\/\/i0.wp.com\/vert.eco\/wp-content\/uploads\/2021\/11\/index.jpg?resize=511%2C340&#038;ssl=1\" alt=\"\" width=\"511\" height=\"340\"\/><figcaption><sup>Farzana Faruk Jhumu au \u00ab sommet des peuples&nbsp;\u00bb organis\u00e9 \u00e0 Glasgow \u00e0 l\u2019occasion de la COP26. \u00a9 Loup Espargili\u00e8re \/ Vert<\/sup><\/figcaption><\/figure><\/div>\n\n\n\n<p><a href=\"https:\/\/www.contrepoints.org\/2021\/11\/09\/411184-belgique-lecocolonialisme-au-pays-du-surrealisme?utm_source=Newsletter+Contrepoints&amp;utm_campaign=4c3c955281-Newsletter_auto_Mailchimp&amp;utm_medium=email&amp;utm_term=0_865f2d37b0-4c3c955281-114024009&amp;mc_cid=4c3c955281&amp;mc_eid=f08c5a1036\">L\u2019\u00e9cocolonialisme est-il le nouveau colonialisme \u00e0 la belge&nbsp;?<\/a> (Contrepoints)<\/p>\n\n\n\n<p><a href=\"https:\/\/www.novethic.fr\/actualite\/environnement\/climat\/isr-rse\/cop26-la-creation-d-un-marche-carbone-au-c-ur-des-negociations-cette-semaine-150296.html?utm_source=AlertesThematique&amp;utm_campaign=09-11-2021&amp;utm_medium=email\" target=\"_blank\" rel=\"noreferrer noopener\">COP26 : les march\u00e9s carbone au c\u0153ur des n\u00e9gociations cette semaine<\/a> (Novethic)<\/p>\n\n\n\n<p><a href=\"https:\/\/lundi.am\/Les-penseurs-du-vivant-Lordon-et-la-question-de-la-technique\">Les penseurs du vivant, Lordon et la question de la technique <\/a>(Lundi Matin)<\/p>\n\n\n\n<p><a href=\"https:\/\/reporterre.net\/Voitures-electriques-une-mine-de-lithium-va-devaster-une-region-serbe?utm_source=newsletter&amp;utm_medium=email&amp;utm_campaign=nl_quotidienne\">Voitures \u00e9lectriques&nbsp;: une mine de lithium va d\u00e9vaster une r\u00e9gion serbe <\/a>(Reporterre)<\/p>\n\n\n\n<p><a href=\"https:\/\/blogs.mediapart.fr\/edition\/cop26-face-lurgence-climatique-la-fin-du-blabla\/article\/091121\/cop26-quelle-place-pour-les-victimes-des-changements\">COP26 : quelle place pour les victimes des changements climatiques&nbsp;?<\/a> (Mediapart blog CNCD-11.11.11)<\/p>\n\n\n\n<p><a href=\"https:\/\/www.connaissancedesenergies.org\/afp\/le-greenwashing-est-le-nouveau-deni-climatique-la-mise-en-garde-de-laurence-tubiana-la-cop26-211108\">Le \u00ab greenwashing est le nouveau d\u00e9ni climatique \u00bb : la mise en garde de Laurence Tubiana \u00e0 la COP26<\/a> (Connaissance des \u00e9nergies)<\/p>\n\n\n\n<p><a href=\"https:\/\/up-magazine.lt.acemlnb.com\/Prod\/link-tracker?redirectUrl=aHR0cHMlM0ElMkYlMkZ1cC1tYWdhemluZS5pbmZvJTJGcGxhbmV0ZSUyRnJlc3NvdXJjZXMtbmF0dXJlbGxlcyUyRjk1NzYyLWV4eG9uLXZldXQtMTAwLW1pbGxpYXJkcy1kZS1kb2xsYXJzLXBvdXItc2VxdWVzdHJlci1sZS1jYXJib25lLWV0LWNvbnRpbnVlci1hLWZvcmVyLWVuLXRvdXRlLXRyYW5xdWlsbGl0ZSUyRiUzRnV0bV9zb3VyY2UlM0RBY3RpdmVDYW1wYWlnbiUyNnV0bV9tZWRpdW0lM0RlbWFpbCUyNnV0bV9jb250ZW50JTNEUXVlJTJCZmF1dC1pbCUyQnBlbnNlciUyQmRlcyUyQnBpbHVsZXMlMkJhbnRpLUNvdmlkJTJCcXVpJTJCYXJyaXZlbnQlMkJzdXIlMkJsZSUyQm1hcmNoJTI1QzMlMjVBOSUyQiUyNTNGJTI2dXRtX2NhbXBhaWduJTNEQUNUSU9OJTI1MjElMkJRdW90aWRpZW5uZSUyQm1hLTA5JTI1MkYxMQ==&amp;sig=3QaJwwZ8HFWLJWLBJw8mmuDnH4CuGhQAs8zfKZg6zUUS&amp;iat=1636439623&amp;a=%7C%7C252447529%7C%7C&amp;account=up-magazine%2Eactivehosted%2Ecom&amp;email=hYTuCOgkI70Fg1VNPKltCI1dx8m6jGUdGbVCvZel7ZA%3D&amp;s=0f6d0b96b14c6fbd26674c52c11f03fa&amp;i=467A495A7A31529\" target=\"_blank\" rel=\"noreferrer noopener\">Exxon veut 100 milliards de dollars pour s\u00e9questrer le carbone et continuer \u00e0 forer en toute tranquillit\u00e9<\/a> (UP Magazine)<\/p>\n\n\n\n<p><a href=\"https:\/\/theconversationfrance.cmail20.com\/t\/r-l-trthjuid-ohktrjlidk-yh\/\" target=\"_blank\" rel=\"noreferrer noopener\">Politiques climatiques&nbsp;: selon les&nbsp;pays, une&nbsp;perception des consommateurs qui diff\u00e8re<\/a> (The Conversation)<\/p>\n\n\n\n<p><a href=\"https:\/\/www.banquedesterritoires.fr\/strategies-foncieres-de-preservation-de-la-biodiversite-les-departements-loffensive?pk_campaign=newsletter_quotidienne&amp;pk_kwd=2021-11-08&amp;pk_source=Actualit\u00e9s_Localtis&amp;pk_medium=newsletter_quotidienne\">Strat\u00e9gies fonci\u00e8res de pr\u00e9servation de la biodiversit\u00e9&nbsp;: les d\u00e9partements \u00e0 l\u2019offensive<\/a> (Localtis)<\/p>\n\n\n\n<div class=\"wp-block-image is-style-default\"><figure class=\"aligncenter is-resized\"><img data-recalc-dims=\"1\" loading=\"lazy\" decoding=\"async\" src=\"https:\/\/i0.wp.com\/static.mediapart.fr\/etmagine\/default\/files\/2021\/11\/08\/vati-cancan-1024x987.jpg?resize=366%2C353&#038;ssl=1\" alt=\"vati-cancan-1024x987\" width=\"366\" height=\"353\"\/><\/figure><\/div>\n\n\n\n<p class=\"has-text-color\" style=\"color:#a30000\"><strong>8 novembre<\/strong><\/p>\n\n\n\n<p><strong><a href=\"https:\/\/blogs.mediapart.fr\/jean-marc-b\/blog\/081121\/la-cop26-ne-resoudra-rien-c-est-nous-de-construire-une-alternative-ecosocialiste\" target=\"_blank\" rel=\"noreferrer noopener\">La COP26 ne r\u00e9soudra rien. C\u2019est \u00e0 nous de construire une alternative \u00e9cosocialiste <\/a>(Daniel Tanuro<\/strong>)<\/p>\n\n\n\n<p><a href=\"https:\/\/www.mediapart.fr\/journal\/international\/081121\/la-cop26-plus-de-500-lobbyistes-du-petrole-du-charbon-et-du-gaz?utm_source=20211108&amp;utm_medium=email&amp;utm_campaign=QUOTIDIENNE&amp;utm_content=&amp;utm_term=&amp;xtor=EREC-83-[QUOTIDIENNE]-20211108&amp;M_BT=33012036964\">\u00c0 la COP26, plus de 500 lobbyistes du p\u00e9trole, du charbon et du gaz <\/a>(Mediapart)<\/p>\n\n\n\n<p><a href=\"https:\/\/www.novethic.fr\/actualite\/environnement\/climat\/isr-rse\/cop-26-et-climat-qui-a-le-leadership-mondial-150294.html?utm_source=AlertesThematique&amp;utm_campaign=08-11-2021&amp;utm_medium=email\" target=\"_blank\" rel=\"noreferrer noopener\">COP 26 et climat : qui a le leadership mondial ?<\/a> (Novethic)<\/p>\n\n\n\n<p><a href=\"https:\/\/www.mediapart.fr\/journal\/international\/081121\/en-saxe-le-reve-du-lithium-gogo-pour-la-voiture-electrique\">En Saxe, le r\u00eave du lithium \u00e0 gogo pour la voiture \u00e9lectrique <\/a>(Mediapart) <\/p>\n\n\n\n<p><a href=\"https:\/\/www.linfodurable.fr\/social\/climat-menace-deffondrement-economique-pour-les-pays-pauvres-29472\">Climat : la menace de l&rsquo;effondrement \u00e9conomique pour les pays les plus pauvres <\/a>(Info Durable)<\/p>\n\n\n\n<p><a href=\"https:\/\/blogs.mediapart.fr\/partager-cest-sympa\/blog\/081121\/la-foret-francaise-est-en-danger-le-plan-de-relance-la-menace-0\">La for\u00eat fran\u00e7aise est en danger : le plan de relance la menace<\/a> (Mediapart blog partager c&rsquo;est sympa)<\/p>\n\n\n\n<p><a href=\"https:\/\/www.alternatives-economiques.fr\/\/mix-electrique-raccourcis-simplistes-gouvernement\/00101064?utm_source=emailing&amp;utm_medium=email&amp;utm_campaign=NL_Quotidienne&amp;utm_content=08112021\">Mix \u00e9lectrique : les raccourcis simplistes du gouvernement<\/a> (Alternatives \u00c9conomiques)<\/p>\n\n\n\n<p><a href=\"https:\/\/blogs.mediapart.fr\/edition\/cop26-face-lurgence-climatique-la-fin-du-blabla\/article\/081121\/amitav-ghosh-litterature-et-ecologie\">Amitav Ghosh : Litt\u00e9rature et \u00e9cologie<\/a> (Mediapart blog Christophe Prevost)<\/p>\n\n\n\n<p><a href=\"https:\/\/lundi.am\/Les-penseurs-du-vivant-Lordon-et-la-question-de-la-technique\" target=\"_blank\" rel=\"noreferrer noopener\">Les penseurs du vivant, Lordon, et la question de la technique<\/a> (Lundi Matin)<\/p>\n\n\n\n<p><a href=\"https:\/\/blogs.mediapart.fr\/florence24\/blog\/081121\/lecologie-punitive-est-en-marche-en-dordogne\">L&rsquo;\u00e9cologie punitive est en marche en Dordogne&#8230;<\/a> (Mediapart blog florence24)<\/p>\n\n\n\n<p><a href=\"https:\/\/reporterre.net\/Le-mouvement-climat-cherche-un-second-souffle?utm_source=newsletter&amp;utm_medium=email&amp;utm_campaign=nl_quotidienne\">Le mouvement climat cherche un second souffle<\/a> (Reporterre)<\/p>\n\n\n\n<p><a href=\"https:\/\/www.mediapart.fr\/journal\/culture-idees\/081121\/la-terre-n-est-pas-une-energie-renouvelable\">La Terre n\u2019est pas une \u00e9nergie renouvelable <\/a>(Mediapart)<\/p>\n\n\n\n<p><a href=\"https:\/\/www.banquedesterritoires.fr\/assises-de-la-biodiversite-transition-daccord-mais-vers-quoi?pk_campaign=newsletter_quotidienne&amp;pk_kwd=2021-11-05&amp;pk_source=Actualit\u00e9s_Localtis&amp;pk_medium=newsletter_quotidienne\">Assises de la biodiversit\u00e9 : transition d&rsquo;accord, mais vers quoi ?<\/a> (Localtis)<\/p>\n\n\n\n<p><a href=\"https:\/\/blogs.mediapart.fr\/pierreprim\/blog\/081121\/vers-une-ecole-ecologique-sociale-solidaire-emancipatrice\" target=\"_blank\" rel=\"noreferrer noopener\">Vers une \u00e9cole \u00e9cologique, sociale, solidaire, \u00e9mancipatrice <\/a>(Mediapart blog Pierre Prim)<\/p>\n\n\n\n<p class=\"has-text-color\" style=\"color:#c10505\"><strong>7 novembre<\/strong><\/p>\n\n\n\n<p><a href=\"http:\/\/www.eauxglacees.com\">Irrigation: la prise de la bassine <\/a>(Les Eaux glac\u00e9es)<\/p>\n\n\n\n<p><a href=\"https:\/\/attaque.noblogs.org\/post\/2021\/11\/06\/cranchaban-charente-maritime-contre-les-bassines-de-lagriculture-industrielle\/\">Cramchaban (Charente-Maritime) : Contre les bassines de l\u2019agriculture industrielle<\/a> (Attaque)<\/p>\n\n\n\n<p><a href=\"https:\/\/www.linfodurable.fr\/conso\/la-filiere-viande-veut-proposer-sa-definition-du-flexitarisme-29411\">La fili\u00e8re viande veut proposer sa d\u00e9finition du flexitarisme<\/a> (Info Durable)<\/p>\n\n\n\n<p><a href=\"https:\/\/www.revue-ballast.fr\/partout-la-mer-est-libre\/\">Partout la mer est&nbsp;libre<\/a> (Ballast)<\/p>\n\n\n\n<p><a href=\"https:\/\/orientxxi.info\/magazine\/afrique-du-nord-vers-une-transition-energetique-juste-ou-un-colonialisme-vert,5161\">Maghreb. Transition \u00e9nerg\u00e9tique juste ou \u00abcolonialisme vert\u00bb?<\/a> (Orient XXI)<\/p>\n\n\n\n<p class=\"has-text-color\" style=\"color:#a30000\"><strong>6 novembre<\/strong><\/p>\n\n\n\n<p><a href=\"https:\/\/www.mediapart.fr\/journal\/international\/061121\/cop26-glasgow-la-jeunesse-enrage-contre-l-inaction-climatique\">COP26&nbsp;: \u00e0 Glasgow, la jeunesse enrage contre l\u2019inaction climatique <\/a>(Mediapart)<\/p>\n\n\n\n<p><a href=\"https:\/\/alencontre.org\/ecologie\/la-neutralite-carbone-la-grande-arnaque-le-seul-zero-qui-compte-cest-a-la-source.html\">La \u00abneutralit\u00e9 carbone\u00bb: la grande arnaque. \u00abLe seul z\u00e9ro qui compte c\u2019est \u00e0 la source\u00bb <\/a>(\u00c0 l&rsquo;Encontre)<\/p>\n\n\n\n<p><a href=\"https:\/\/www.mediapart.fr\/journal\/international\/061121\/en-pennsylvanie-des-habitants-se-mobilisent-contre-des-gazoducs\">En Pennsylvanie, des habitants se mobilisent contre des gazoducs<\/a> (Mediapart)<\/p>\n\n\n\n<p><a href=\"https:\/\/reporterre.net\/La-colere-gronde-contre-la-chasse-meurtriere?utm_source=newsletter&amp;utm_medium=email&amp;utm_campaign=nl_quotidienne\">La col\u00e8re gronde contre la chasse meurtri\u00e8re<\/a> (Reporterre)<\/p>\n\n\n\n<div class=\"wp-block-image\"><figure class=\"aligncenter size-large is-resized\"><img data-recalc-dims=\"1\" loading=\"lazy\" decoding=\"async\" src=\"https:\/\/i0.wp.com\/reporterre.net\/local\/cache-vignettes\/L720xH480\/arton23868-24e43.jpg?resize=400%2C267&#038;ssl=1\" alt=\"\" width=\"400\" height=\"267\"\/><\/figure><\/div>\n\n\n\n<p><a href=\"https:\/\/bonpote.com\/organisation-minable-et-festival-de-greenwashing-a-la-cop26\/\">Organisation minable et festival de greenwashing \u00e0 la COP26<\/a> (Bon Pote)<\/p>\n\n\n\n<p><a href=\"https:\/\/www.ledevoir.com\/opinion\/libre-opinion\/645564\/libre-opinion-crise-climatique-et-decroissance-necessaire\">Crise climatique et d\u00e9croissance n\u00e9cessaire<\/a> (Le Devoir)<\/p>\n\n\n\n<p><a href=\"https:\/\/blogs.mediapart.fr\/le-vagalame\/blog\/051121\/cop-26-pourquoi-les-aides-aux-energies-fossiles-sont-si-difficiles-supprimer\">Pourquoi les aides aux \u00e9nergies fossiles sont si difficiles \u00e0 supprimer ?<\/a> (Mediapart blog vagual\u00e2me)<\/p>\n\n\n\n<p><a href=\"https:\/\/alencontre.org\/ameriques\/amelat\/bresil\/cop26-il-ny-a-pas-de-solution-a-la-crise-climatique-sans-nous-affirme-la-delegation-des-peuples-indigenes-du-bresil.html\">\u00abIl n\u2019y a pas de solution \u00e0 la crise climatique sans nous\u00bb affirme la d\u00e9l\u00e9gation des peuples indig\u00e8nes du Br\u00e9sil<\/a> (\u00c0 l&rsquo;Encontre)<\/p>\n\n\n\n<p><a href=\"https:\/\/www.gaucheanticapitaliste.org\/lenvol-des-prix-de-lenergie-plus-que-le-symbole-dune-transition-defaillante\/\" target=\"_blank\" rel=\"noreferrer noopener\">L\u2019envol des prix de l&rsquo;\u00e9nergie : plus que le symbole d&rsquo;une transition d\u00e9faillante.  <\/a>(Gauche anticapitaliste)<\/p>\n\n\n\n<p><a href=\"https:\/\/alencontre.org\/ecologie\/la-place-des-1-les-plus-riches-dans-les-emissions-de-carbone-inegalites-socio-economiques-et-crise-climatique-doivent-etre-traitees-conjointement.html\">In\u00e9galit\u00e9s socio-\u00e9conomiques et crise climatique doivent \u00eatre trait\u00e9es conjointement<\/a> (\u00c0 l&rsquo;Encontre)<\/p>\n\n\n\n<p><a href=\"https:\/\/vert.eco\/articles\/a-glasgow-fridays-for-future-redonne-de-la-voix-aux-oublies-de-la-cop26\">A Glasgow, Fridays for future redonne de la voix aux oubli\u00e9s de la COP26<\/a> (Vert \u00e9co)<\/p>\n\n\n\n<p><a href=\"https:\/\/www.courrierinternational.com\/article\/climat-pour-greta-thunberg-la-cop26-est-deja-un-echec\">Pour Greta Thunberg, la COP26 est d\u00e9j\u00e0 \u201cun \u00e9chec\u201d <\/a>(Courrier International)<\/p>\n\n\n\n<p><a href=\"https:\/\/www.terrestres.org\/2021\/11\/04\/lart-de-vendre-des-promesses\/\">L\u2019art de vendre des promesses <\/a>(Terrestres)<\/p>\n\n\n\n<p><a href=\"https:\/\/lanticapitaliste.org\/actualite\/ecologie\/encore-une-cop-pour-rien-urgence-climatique-urgence-anticapitaliste\">Encore une COP pour rien\u2005? Urgence climatique, urgence anticapitaliste <\/a>(L&rsquo;anticapitaliste)<\/p>\n\n\n\n<p><a href=\"https:\/\/positivr.fr\/climat-documentaires-netflix\/?mc_cid=41fc056b7b&amp;mc_eid=951f09c263\">Climat : 7 documentaires \u00e0 voir sur Netflix pour s\u2019informer et s\u2019engager<\/a> (PositivR))<\/p>\n\n\n\n<p><a href=\"https:\/\/theconversation.com\/ecrire-une-autre-histoire-du-dereglement-climatique-168164?utm_medium=email&amp;utm_campaign=La%20lettre%20du%20week-end%20de%20The%20Conversation%20France%20-%202107320853&amp;utm_content=La%20lettre%20du%20week-end%20de%20The%20Conversation%20France%20-%202107320853+CID_ea674a52d684a3bfae5c157e8be70295&amp;utm_source=campaign_monitor_fr&amp;utm_term=crire%20une%20autre%20histoire%20du%20drglement%20climatique\" target=\"_blank\" rel=\"noreferrer noopener\">\u00c9crire une autre histoire du d\u00e9r\u00e8glement climatique<\/a> (The Conversation)<\/p>\n\n\n\n<p><a href=\"https:\/\/www.ledevoir.com\/opinion\/idees\/644598\/idees-mediation-environnementale-et-crise-climatique?&amp;utm_medium=email&amp;utm_source=28462&amp;utm_campaign=Courrier+des+id\u00e9es+-+Week-end+du+6+novembre+2021\">M\u00e9diation environnementale et&nbsp;crise climatique<\/a> (Le Devoir)<\/p>\n\n\n\n<p><a href=\"https:\/\/www.newsecuritybeat.org\/2021\/10\/biden-harris-administration-releases-nearly-whole-of-government-response-climate-security\/\">L\u2019administration Biden publie le m\u00eame jour 4 rapports sur changement climatique <\/a>(angl -New Security Beat)<\/p>\n\n\n\n<div class=\"wp-block-image is-style-default\"><figure class=\"aligncenter is-resized\"><img data-recalc-dims=\"1\" loading=\"lazy\" decoding=\"async\" src=\"https:\/\/i0.wp.com\/mamot.fr\/system\/media_attachments\/files\/107\/184\/548\/228\/133\/868\/original\/452379668a7e0177.png?resize=469%2C246&#038;ssl=1\" alt=\"\" width=\"469\" height=\"246\"\/><\/figure><\/div>\n\n\n\n<p class=\"has-text-color\" style=\"color:#a30000\"><strong>5 novembre<\/strong><\/p>\n\n\n\n<p><a href=\"https:\/\/blogs.mediapart.fr\/edition\/cop26-face-lurgence-climatique-la-fin-du-blabla\/article\/051121\/pourquoi-les-solutions-fondees-sur-la-nature-ne-reso\" target=\"_blank\" rel=\"noreferrer noopener\">Pourquoi les Solutions fond\u00e9es sur la Nature ne r\u00e9soudront pas la crise climatique<\/a> (Mediapart blog Marie Ndenga Hagbe) <\/p>\n\n\n\n<p><a href=\"https:\/\/blogs.mediapart.fr\/les-amis-de-la-generation-thunberg\/blog\/051121\/giuseppe-longo-la-pandemie-et-le-techno-fix\" target=\"_blank\" rel=\"noreferrer noopener\">Giuseppe Longo : la pand\u00e9mie et le \u00ab techno-fix \u00bb <\/a>(Mediapart blog les amis de la g\u00e9n\u00e9ration Thunberg)<\/p>\n\n\n\n<p><strong><a href=\"https:\/\/entreleslignesentrelesmots.blog\/2021\/11\/05\/les-interets-prives-incompatibles-avec-linteret-public\/\">Les int\u00e9r\u00eats priv\u00e9s incompatibles avec l\u2019int\u00e9r\u00eat&nbsp;public<\/a> (Entre les lignes)<\/strong><\/p>\n\n\n\n<p><a href=\"https:\/\/blogs.mediapart.fr\/carta-academica\/blog\/051121\/larbitrage-des-conflits-un-defi-pour-la-politique-climatique-de-l-ue\" target=\"_blank\" rel=\"noreferrer noopener\">L&rsquo;arbitrage des conflits : un d\u00e9fi pour la politique climatique de l\u2019UE ? <\/a>(Mediapart blog Carta Academica)<\/p>\n\n\n\n<p><a href=\"https:\/\/blogs.mediapart.fr\/edition\/cop26-face-lurgence-climatique-la-fin-du-blabla\/article\/051121\/cop26-appel-pour-une-veritable-bifurcation-ecologiqu\" target=\"_blank\" rel=\"noreferrer noopener\">COP26 : appel pour une v\u00e9ritable bifurcation \u00e9cologique<\/a> (Mediapart blog D\u00e9l\u00e9gation France Insoumise \u00e0 Glasgow)<\/p>\n\n\n\n<p><a href=\"https:\/\/vert.eco\" target=\"_blank\" rel=\"noreferrer noopener\">Les march\u00e9s du carbone empoisonnent les n\u00e9gociations climatiques<\/a> (Vert \u00e9co)<\/p>\n\n\n\n<p><a href=\"http:\/\/t.infos.banquedesterritoires.fr\/r\/?id=h2728df6,21a29c5,1dcc7f\" target=\"_blank\" rel=\"noreferrer noopener\">\u00c9nergie solaire : Barbara Pompili pr\u00e9sente son plan d\u2019actions<\/a> (Localtis) <\/p>\n\n\n\n<p><a href=\"https:\/\/vert.eco\/articles\/pendant-la-cop26-glasgow-devient-la-capitale-mondiale-du-greenwashing\">Pendant la COP26, Glasgow devient la capitale mondiale du greenwashing<\/a> (Vert \u00e9co)<\/p>\n\n\n\n<div class=\"wp-block-image\"><figure class=\"aligncenter size-large is-resized\"><img data-recalc-dims=\"1\" loading=\"lazy\" decoding=\"async\" src=\"https:\/\/i0.wp.com\/vert.eco\/wp-content\/uploads\/2021\/11\/busters.jpg?resize=522%2C347&#038;ssl=1\" alt=\"\" width=\"522\" height=\"347\"\/><figcaption><sup>Tarisha (\u00e0 gauche) avec ses camarades \u00ab greenwash busters&nbsp;\u00bb <\/sup><br><sup>\u00a9 Loup Espargili\u00e8re \/ Vert<\/sup><\/figcaption><\/figure><\/div>\n\n\n\n<p><a href=\"https:\/\/reporterre.net\/Megabassines-la-guerre-de-l-eau-continue-dans-le-Marais-poitevin?utm_source=newsletter&amp;utm_medium=email&amp;utm_campaign=nl_quotidienne\" target=\"_blank\" rel=\"noreferrer noopener\">M\u00e9gabassines&nbsp;: la guerre de l\u2019eau continue dans le Marais poitevin<\/a> (Reporterre)<\/p>\n\n\n\n<p><a href=\"https:\/\/transitionsenergies.us20.list-manage.com\/track\/click?u=0d7778c915d508a7b72b6dc13&amp;id=6111a9c7e3&amp;e=5a68fb0c53\" target=\"_blank\" rel=\"noreferrer noopener\">Empreinte carbone des voitures, rien ne vaut la conservation<\/a> (Transition &amp;  \u00c9nergies)<\/p>\n\n\n\n<p><strong><a href=\"https:\/\/reporterre.net\/Sortie-des-energies-fossiles-la-France-aux-abonnes-absents?utm_source=newsletter&amp;utm_medium=email&amp;utm_campaign=nl_quotidienne\" target=\"_blank\" rel=\"noreferrer noopener\">Sortie des \u00e9nergies fossiles&nbsp;: la France aux abonn\u00e9s absents <\/a>(Reporterre)<\/strong><\/p>\n\n\n\n<p><a href=\"https:\/\/www.banquedesterritoires.fr\/pollution-lumineuse-les-collectivites-avancent-tatons?pk_campaign=newsletter_quotidienne&amp;pk_kwd=2021-11-04&amp;pk_source=Actualit\u00e9s_Localtis&amp;pk_medium=newsletter_quotidienne\">Pollution lumineuse : les collectivit\u00e9s avancent \u00e0 t\u00e2tons<\/a> (Localtis)<\/p>\n\n\n\n<p><a href=\"https:\/\/up-magazine.info\/grand-reportage\/95589-lamazonie-proche-du-point-de-bascule\/?utm_source=ActiveCampaign&amp;utm_medium=email&amp;utm_content=RSS%3AITEM%3ATITLE&amp;utm_campaign=PANORAMA+-+05%2F11%2F2021\">L\u2019Amazonie proche du point de bascule <\/a>(UP Magazine)<\/p>\n\n\n\n<p><a href=\"https:\/\/entreleslignesentrelesmots.blog\/2021\/11\/05\/le-secteur-militaire-toujours-dispense-defforts-pour-le-climat\/\">Le secteur militaire, toujours dispens\u00e9 d\u2019efforts pour le&nbsp;climat<\/a> (Entre les lignes)<\/p>\n\n\n\n<p><a href=\"https:\/\/www.google.com\/url?rct=j&amp;sa=t&amp;url=https:\/\/www.telerama.fr\/debats-reportages\/retour-a-la-terre-ecologie-et-decroissance-trois-youtubeurs-qui-en-parlent-sans-se-planter-6999856.php&amp;ct=ga&amp;cd=CAEYACoTNTIwODY4MTUxNDc3OTkxNDM5NDIaMGQxYzYwNjYxNWIwOTAwZjpjb206ZnI6VVM&amp;usg=AFQjCNEbRrTWdDgoh0diAo1u10TMk3qj7A\" target=\"_blank\" rel=\"noreferrer noopener\">Retour \u00e0 la terre, \u00e9cologie et&nbsp;d\u00e9croissance&nbsp;: trois youtubeurs qui en parlent sans se planter<\/a>(T\u00e9l\u00e9rama)<\/p>\n\n\n\n<p><a href=\"https:\/\/fne.asso.fr\/dossiers\/c-est-quoi-le-probleme-avec-la-5g\" target=\"_blank\" rel=\"noreferrer noopener\">C&rsquo;est quoi le probl\u00e8me avec la 5G ? <\/a>(FNE)<\/p>\n\n\n\n<p><a href=\"https:\/\/www.slate.fr\/story\/218475\/terre-soulever-tuer-humanite-scientifique-james-lovelock?utm_source=ownpage&amp;utm_medium=newsletter&amp;utm_campaign=daily_20211105&amp;_ope=eyJndWlkIjoiMTM3NjY0YzQyZDAzZGI2MDcyMjljZDBjOWEyOTZlY2MifQ%3D%3D\" target=\"_blank\" rel=\"noreferrer noopener\">La Terre pourrait se soulever et tuer l&rsquo;humanit\u00e9, selon&nbsp;James Lovelock<\/a> (Slate)<\/p>\n\n\n\n<p><a href=\"https:\/\/novethic.us11.list-manage.com\/track\/click?u=184470434942ddd8ba233699d&amp;id=4228ed427e&amp;e=e6a437a058\">La crise de l\u2019\u00e9nergie freine la d\u00e9carbonation des entreprises&nbsp;<\/a> (Novethic)<\/p>\n\n\n\n<p><a href=\"https:\/\/linfodurable.us16.list-manage.com\/track\/click?u=7c865d50c4cb896f7d830f45d&amp;id=47b5de8b91&amp;e=bb1c6a932f\" target=\"_blank\" rel=\"noreferrer noopener\">Climat : agriculteurs et citoyens \u00e0 l&rsquo;unisson<\/a> (Info Durable)<\/p>\n\n\n\n<p><strong><span style=\"color:#a30a00\" class=\"has-inline-color\">4 novembre <\/span><\/strong><\/p>\n\n\n\n<p><a href=\"https:\/\/blogs.mediapart.fr\/lamuledupape\/blog\/041121\/expulsion-de-la-zad-du-lien-14-activistes-en-geole-l-etat-passe-en-force\">Expulsion de la ZAD du LIEN, 14 activistes en ge\u00f4le : l\u2019\u00c9tat passe en force<\/a> (Mediapart blog lamuledupape)<\/p>\n\n\n\n<p><a href=\"https:\/\/www.francebleu.fr\/infos\/faits-divers-justice\/des-eoliennes-du-parc-regional-du-languedoc-roussillon-nefastes-pour-des-habitants-du-tarn-1635933761\" target=\"_blank\" rel=\"noreferrer noopener\">Les \u00e9oliennes peuvent \u00eatre nocives pour la sant\u00e9, un exploitant condamn\u00e9 dans le Tarn<\/a> (France Bleu)<\/p>\n\n\n\n<p><a href=\"https:\/\/books.google.fr\/books?hl=fr&amp;lr=&amp;id=EihLEAAAQBAJ&amp;oi=fnd&amp;pg=PT5&amp;ots=dq8l0HjCQd&amp;sig=g1aL98Zpg0V9Ny9cf4itRpKkJQg\">Luttes \u00e9cologiques et sociales dans le monde: Allier le vert et le rouge<\/a> (Google Scholar)<\/p>\n\n\n\n<p><a href=\"https:\/\/reporterre.net\/Les-peuples-indigenes-denoncent-l-arnaque-des-marches-carbone?utm_source=newsletter&amp;utm_medium=email&amp;utm_campaign=nl_quotidienne\" target=\"_blank\" rel=\"noreferrer noopener\">Les peuples indig\u00e8nes d\u00e9noncent l\u2019arnaque des march\u00e9s carbone <\/a>(Reporterre)<\/p>\n\n\n\n<p><a href=\"https:\/\/www.mediapart.fr\/journal\/international\/041121\/cop26-contre-le-charbon-une-coalition-en-trompe-l-oeil\">COP26&nbsp;: contre le charbon, une coalition en trompe-l\u2019\u0153il<\/a> (Mediapart)<\/p>\n\n\n\n<p><a href=\"https:\/\/vert.eco\/articles\/protection-des-forets-le-coup-de-com-des-etats-a-la-cop\">COP26 : le \u00ab vide sid\u00e9ral&nbsp;\u00bb de l\u2019accord contre la d\u00e9forestation<\/a> (Vert \u00e9co)<\/p>\n\n\n\n<div class=\"wp-block-image\"><figure class=\"aligncenter size-large is-resized\"><img data-recalc-dims=\"1\" loading=\"lazy\" decoding=\"async\" src=\"https:\/\/i0.wp.com\/static.mediapart.fr\/etmagine\/default\/files\/2021\/11\/02\/21-1-11-giec-igpn.jpg?resize=331%2C312&#038;ssl=1\" alt=\"\" width=\"331\" height=\"312\"\/><\/figure><\/div>\n\n\n\n<p><a href=\"https:\/\/reporterre.net\/La-loi-pour-verdir-le-numerique-decoit-les-ecologistes?utm_source=newsletter&amp;utm_medium=email&amp;utm_campaign=nl_quotidienne\">La loi pour verdir le num\u00e9rique d\u00e9\u00e7oit les \u00e9cologistes <\/a>(Reporterre)<\/p>\n\n\n\n<p><a href=\"https:\/\/www.linfodurable.fr\/educationcitoyennete\/les-citoyens-multiplient-les-modes-daction-pour-le-climat-27490\">Crise climatique : quand les citoyens passent \u00e0 l&rsquo;action <\/a>(Info Durable)<\/p>\n\n\n\n<p><a href=\"https:\/\/up-magazine.lt.acemlnb.com\/Prod\/link-tracker?redirectUrl=aHR0cHMlM0ElMkYlMkZ1cC1tYWdhemluZS5pbmZvJTJGcGxhbmV0ZSUyRnBvcHVsYXRpb24tbWlncmF0aW9ucyUyRjM3MzQyLXF1ZWxsZXMtc29sdXRpb25zLWZhY2UtbGF1Z21lbnRhdGlvbi1kdS1ub21icmUtZGVzLXJlZnVnaWVzLWVjb25vbWlxdWVzLWV0LWNsaW1hdGlxdWVzJTJGJTNGdXRtX3NvdXJjZSUzREFjdGl2ZUNhbXBhaWduJTI2dXRtX21lZGl1bSUzRGVtYWlsJTI2dXRtX2NvbnRlbnQlM0RNYWxkaXZlcyUyNTJDJTJCU2V5Y2hlbGxlcyUyNTJDJTJCTWF1cmljZSUyNTJDJTJCTGElMkJSJTI1QzMlMjVBOXVuaW9uJTJCJTJCRGVzJTJCcGFyYWRpcyUyQmVuJTJCZGFuZ2VyJTJCY2xpbWF0aXF1ZSUyQmltbSUyNUMzJTI1QTlkaWF0JTI2dXRtX2NhbXBhaWduJTNEQUNUSU9OJTI1MjElMkJRdW90aWRpZW5uZSUyQmplLTA0JTI1MkYxMQ==&amp;sig=3Vnq5PJvJmwiq4tDy4EPAFgm27UaCMGTSpLLAC23erVi&amp;iat=1636007611&amp;a=%7C%7C252447529%7C%7C&amp;account=up-magazine%2Eactivehosted%2Ecom&amp;email=hYTuCOgkI70Fg1VNPKltCI1dx8m6jGUdGbVCvZel7ZA%3D&amp;s=0f6d0b96b14c6fbd26674c52c11f03fa&amp;i=465A493A7A31373\" target=\"_blank\" rel=\"noreferrer noopener\">Quelles solutions face \u00e0 l\u2019augmentation du nombre des r\u00e9fugi\u00e9s \u00e9conomiques et climatiques ?<\/a> (UP Magazine)<\/p>\n\n\n\n<p><a href=\"https:\/\/up-magazine.lt.acemlnb.com\/Prod\/link-tracker?redirectUrl=aHR0cHMlM0ElMkYlMkZ1cC1tYWdhemluZS5pbmZvJTJGcGxhbmV0ZSUyRmNsaW1hdCUyRjk1NTQwLW1hbGRpdmVzLXNleWNoZWxsZXMtbWF1cmljZS1sYS1yZXVuaW9uLWRlcy1wYXJhZGlzLWVuLWRhbmdlci1jbGltYXRpcXVlLWltbWVkaWF0JTJGJTNGdXRtX3NvdXJjZSUzREFjdGl2ZUNhbXBhaWduJTI2dXRtX21lZGl1bSUzRGVtYWlsJTI2dXRtX2NvbnRlbnQlM0RNYWxkaXZlcyUyNTJDJTJCU2V5Y2hlbGxlcyUyNTJDJTJCTWF1cmljZSUyNTJDJTJCTGElMkJSJTI1QzMlMjVBOXVuaW9uJTJCJTJCRGVzJTJCcGFyYWRpcyUyQmVuJTJCZGFuZ2VyJTJCY2xpbWF0aXF1ZSUyQmltbSUyNUMzJTI1QTlkaWF0JTI2dXRtX2NhbXBhaWduJTNEQUNUSU9OJTI1MjElMkJRdW90aWRpZW5uZSUyQmplLTA0JTI1MkYxMQ==&amp;sig=F7MC815khYYdfidB5fwzaTtfmNqGUAQLEcMcBwuaL5Xo&amp;iat=1636007611&amp;a=%7C%7C252447529%7C%7C&amp;account=up-magazine%2Eactivehosted%2Ecom&amp;email=hYTuCOgkI70Fg1VNPKltCI1dx8m6jGUdGbVCvZel7ZA%3D&amp;s=0f6d0b96b14c6fbd26674c52c11f03fa&amp;i=465A493A7A31371\" target=\"_blank\" rel=\"noreferrer noopener\">Maldives, Seychelles, Maurice, La R\u00e9union\u2026 Des paradis en danger climatique imm\u00e9diat<\/a> (UP Magazine)<\/p>\n\n\n\n<p><a href=\"https:\/\/www.liberation.fr\/environnement\/climat\/environnement-les-emissions-de-co2-a-nouveau-proches-de-leurs-niveaux-records-davant-covid-20211104_MT57VLE4DFB7RFCBBNGVFPX2AM\/?xtor=EREC-49-%5BLe_Fil_vert_04-11-2021_1%5D-&amp;actId=ebwp0YMB8s1_OGEGSsDRkNUcvuQDVN7a57ET3fWtrS-ejZ6qn9Uq9S21CSsuNsuC&amp;actCampaignType=CAMPAIGN_MAIL&amp;actSource=512889\">Les \u00e9missions de CO2 \u00e0 nouveau proches de leurs niveaux records d\u2019avant Covid<\/a> (Lib\u00e9ration)<\/p>\n\n\n\n<p><a href=\"https:\/\/vert.eco\/articles\/pendant-la-cop26-glasgow-devient-la-capitale-mondiale-du-greenwashing\">Pendant la COP26, Glasgow devient la capitale mondiale du greenwashing<\/a> (Vert \u00e9co)<\/p>\n\n\n\n<p><a href=\"https:\/\/www.novethic.fr\/actualite\/environnement\/climat\/isr-rse\/cop26-les-pays-les-plus-pauvres-denoncent-l-absence-de-progres-150288.html?utm_source=AlertesThematique&amp;utm_campaign=04-11-2021&amp;utm_medium=email\" target=\"_blank\" rel=\"noreferrer noopener\">COP26 : les pays les plus pauvres d\u00e9noncent l&rsquo;absence de progr\u00e8s<\/a> (Novethic)<\/p>\n\n\n\n<div class=\"wp-block-image is-style-default\"><figure class=\"aligncenter is-resized\"><img data-recalc-dims=\"1\" loading=\"lazy\" decoding=\"async\" src=\"https:\/\/i0.wp.com\/mamot.fr\/system\/media_attachments\/files\/107\/184\/838\/796\/057\/591\/original\/5969776221f34a8d.png?resize=525%2C337&#038;ssl=1\" alt=\"\" width=\"525\" height=\"337\"\/><\/figure><\/div>\n\n\n\n<p class=\"has-text-color\" style=\"color:#a32300\"><strong>3 novembre <\/strong><\/p>\n\n\n\n<p><a href=\"https:\/\/www.mediapart.fr\/journal\/international\/031121\/cop26-un-premier-accord-international-contre-le-methane-au-rabais\">COP26&nbsp;: un premier accord international contre le m\u00e9thane au rabais<\/a> (Mediapart)<\/p>\n\n\n\n<p><a href=\"https:\/\/www.mediapart.fr\/journal\/france\/031121\/face-au-methane-les-options-divergentes-des-syndicats-agricoles\" target=\"_blank\" rel=\"noreferrer noopener\">Face au m\u00e9thane, les options divergentes des syndicats agricoles<\/a> (Mediapart)<\/p>\n\n\n\n<p><a href=\"https:\/\/www.mediapart.fr\/journal\/economie\/091021\/malgre-le-changement-climatique-le-monde-de-l-elevage-s-accroche-ses-volumes-de-production\" target=\"_blank\" rel=\"noreferrer noopener\">Malgr\u00e9 le changement climatique, le monde de l\u2019\u00e9levage s\u2019accroche \u00e0 ses volumes de production<\/a> (Mediapart)<\/p>\n\n\n\n<p><a href=\"https:\/\/up-magazine.lt.acemlnb.com\/Prod\/link-tracker?redirectUrl=aHR0cHMlM0ElMkYlMkZ1cC1tYWdhemluZS5pbmZvJTJGZGVjcnlwdGFnZXMlMkZhbmFseXNlcyUyRjk1NDY5LWxhLXZyYWllLWNhdXNlLWR1LWRlcmVnbGVtZW50LWRlLWxhLXBsYW5ldGUtbm91cy1jcmV2ZS1sZXMteWV1eCUyRiUzRnV0bV9zb3VyY2UlM0RBY3RpdmVDYW1wYWlnbiUyNnV0bV9tZWRpdW0lM0RlbWFpbCUyNnV0bV9jb250ZW50JTNEUlNTJTI1M0FJVEVNJTI1M0FUSVRMRSUyNnV0bV9jYW1wYWlnbiUzREFDVElPTiUyNTIxJTJCUXVvdGlkaWVubmUlMkJtZS0wMyUyNTJGMTE=&amp;sig=FNmhr2Z6vKfVqCTsButKnob33PifYAGqaaoQW2YWRXAt&amp;iat=1635921194&amp;a=%7C%7C252447529%7C%7C&amp;account=up-magazine%2Eactivehosted%2Ecom&amp;email=hYTuCOgkI70Fg1VNPKltCI1dx8m6jGUdGbVCvZel7ZA%3D&amp;s=0f6d0b96b14c6fbd26674c52c11f03fa&amp;i=464A492A7A31332\" target=\"_blank\" rel=\"noreferrer noopener\">La vraie cause du d\u00e9r\u00e8glement de la plan\u00e8te nous cr\u00e8ve les yeux<\/a> (UP Magazine)<\/p>\n\n\n\n<p><a href=\"https:\/\/blogs.mediapart.fr\/lamuledupape\/blog\/031121\/zad-du-lien-defendre-la-nature-defendre-la-decroissance\">ZAD du LIEN &#8211; D\u00e9fendre la nature, d\u00e9fendre la d\u00e9croissance <\/a>(Mediapart blog la mule du pape)<\/p>\n\n\n\n<div class=\"wp-block-image\"><figure class=\"aligncenter size-large is-resized\"><img data-recalc-dims=\"1\" loading=\"lazy\" decoding=\"async\" src=\"https:\/\/i0.wp.com\/static.mediapart.fr\/etmagine\/default\/files\/2021\/11\/03\/4a1a8484-1536x1024.jpg?resize=500%2C334&#038;ssl=1\" alt=\"\" width=\"500\" height=\"334\"\/><\/figure><\/div>\n\n\n\n<p><a href=\"https:\/\/theconversation.com\/le-climat-lenjeu-qui-peut-faire-basculer-la-geopolitique-mondiale-168418?utm_medium=email&amp;utm_campaign=La%20lettre%20de%20The%20Conversation%20France%20du%202%20novembre%202021%20-%202103520799&amp;utm_content=La%20lettre%20de%20The%20Conversation%20France%20du%202%20novembre%202021%20-%202103520799+CID_be2b4454842059acb205ff17cbb8c07f&amp;utm_source=campaign_monitor_fr&amp;utm_term=Le%20climat%20lenjeu%20qui%20peut%20faire%20basculer%20la%20gopolitique%20mondiale\">Le climat, l\u2019enjeu qui peut faire basculer la g\u00e9opolitique mondiale<\/a> (The Conversation)<\/p>\n\n\n\n<p><a href=\"https:\/\/blogs.mediapart.fr\/edition\/vent-de-luttes-entre-vosges-et-rhin\/article\/031121\/stopper-la-deforestation-d-ici-2030-la-promesse-impossible\" target=\"_blank\" rel=\"noreferrer noopener\">Stopper la d\u00e9forestation d\u2019ici \u00e0 2030 : la promesse impossible ! <\/a>(Mediapart \u00e9dition vent de luttes entre Vosges et Rhin)<\/p>\n\n\n\n<p><a href=\"https:\/\/blogs.mediapart.fr\/edition\/cop26-face-lurgence-climatique-la-fin-du-blabla\/article\/031121\/cop-26-le-bal-des-bourreaux\" target=\"_blank\" rel=\"noreferrer noopener\">COP 26&nbsp;:&nbsp;le bal des bourreaux <\/a>(Mediapart \u00e9dition Cop26, face \u00e0 l&rsquo;urgence climatique la fin du blabla)<\/p>\n\n\n\n<p><a href=\"https:\/\/www.arte.tv\/fr\/videos\/106453-002-A\/cop26-face-a-la-crise-climatique-croissance-verte-ou-decroissance\/\">Faut-il choisir entre croissance verte et&nbsp;d\u00e9croissance&nbsp;pour r\u00e9duire nos \u00e9missions de gaz \u00e0 effet<\/a> (Arte)<\/p>\n\n\n\n<p><a href=\"https:\/\/www.afrik21.africa\/afrique-du-sud-la-grippe-aviaire-decime-cormoran-du-cap-en-danger-dextinction\/\" target=\"_blank\" rel=\"noreferrer noopener\">AFRIQUE DU SUD : la grippe aviaire d\u00e9cime cormoran du Cap, en danger d\u2019extinction <\/a>(Afrik21)<\/p>\n\n\n\n<p><a href=\"https:\/\/www.actu-environnement.com\/newsletters\/redirect.php?data=cXVvdGlkaWVubmV8MjkxN3xuZXdzfDM4NDYz&amp;user=NjM1MTQ5\" target=\"_blank\" rel=\"noreferrer noopener\">Lubrizol&nbsp;: l&rsquo;exploitant et la pr\u00e9fecture contestent les accusations de pollution des eaux<\/a> (Actu Environnement)<\/p>\n\n\n\n<p><a href=\"https:\/\/vert.eco\/articles\/la-destruction-de-forets-tropicales-en-forte-hausse\">La destruction de for\u00eats tropicales en forte hausse <\/a>(Vert \u00e9co)<\/p>\n\n\n\n<p><a href=\"https:\/\/transitionsenergies.us20.list-manage.com\/track\/click?u=0d7778c915d508a7b72b6dc13&amp;id=ed58e84815&amp;e=5a68fb0c53\" target=\"_blank\" rel=\"noreferrer noopener\">L\u2019abandon du projet Grand EDF n\u2019est pas forc\u00e9ment une catastrophe<\/a> (Transition &amp; \u00c9nergies)<\/p>\n\n\n\n<p><a href=\"https:\/\/reporterre.net\/L-eolien-en-mer-menace-la-biodiversite?utm_source=newsletter&amp;utm_medium=email&amp;utm_campaign=nl_quotidienne\">L\u2019\u00e9olien en mer menace la biodiversit\u00e9<\/a> (Reporterre)<\/p>\n\n\n\n<p><a href=\"https:\/\/www.afrik21.africa\/afrique-quand-le-dereglement-climatique-defie-tous-les-pronostics\/\" target=\"_blank\" rel=\"noreferrer noopener\">AFRIQUE : quand le d\u00e9r\u00e8glement climatique d\u00e9fie tous les pronostics<\/a> (Afrik21)<\/p>\n\n\n\n<p><a href=\"https:\/\/vert.eco\/articles\/lucie-pinson-la-politique-est-le-champ-du-possible-les-etats-pourraient-tres-bien-agir-pour-la-regulation-des-energies-fossiles\">Lucie Pinson : \u00ab Les \u00c9tats pourraient tr\u00e8s bien agir \u00bb pour la r\u00e9gulation des \u00e9nergies fossiles<\/a> (Vert \u00e9co)<\/p>\n\n\n\n<div class=\"wp-block-image is-style-default\"><figure class=\"aligncenter is-resized\"><img loading=\"lazy\" decoding=\"async\" src=\"https:\/\/scontent.fhex4-2.fna.fbcdn.net\/v\/t1.6435-9\/s640x640\/252247334_1319472661808532_6634914232120161251_n.png?_nc_cat=103&amp;_nc_rgb565=1&amp;ccb=1-5&amp;_nc_sid=730e14&amp;_nc_eui2=AeGfEwN1-k8uSOIOyCOMlfsO_EZusKz0Mz_8Rm6wrPQzP7F9x2gYiHesgOsazOzgd-I&amp;_nc_ohc=uVhEV9NSuOQAX9iJFOp&amp;_nc_ht=scontent.fhex4-2.fna&amp;oh=f98b78185e707d83c7b9463f0e78d257&amp;oe=61A78036\" alt=\"Peut \u00eatre une image de plein air et texte qui dit \u2019COP 26 LES DIRIGEANTS SONT ARRIV\u00c9S VEEZEE\u2019\" width=\"342\" height=\"422\"\/><\/figure><\/div>\n\n\n\n<p><strong><span style=\"color:#ec0c17\" class=\"has-inline-color\">2 novembre<\/span><\/strong> <\/p>\n\n\n\n<p><a href=\"https:\/\/reporterre.net\/Le-double-jeu-d-Emmanuel-Macron-sur-le-climat?utm_source=newsletter&amp;utm_medium=email&amp;utm_campaign=nl_quotidienne\">Le double jeu d\u2019Emmanuel Macron sur le climat <\/a>(Reporterre)<\/p>\n\n\n\n<p><a href=\"https:\/\/blogs.mediapart.fr\/lucien-atencia\/blog\/011121\/la-course-aux-epr-est-lancee\">La course aux EPR est lanc\u00e9e<\/a> (Mediapart blog Lucien Atencia)<\/p>\n\n\n\n<p><a href=\"https:\/\/blogs.mediapart.fr\/edition\/vent-de-luttes-entre-vosges-et-rhin\/article\/301021\/rebellion-one-30-octobre-2021-strasbourg\">Rebellion Of One &#8211; 30 Octobre 2021 | Strasbourg<\/a> (Mediapart blog vent de luttes entre Vosges et Rhin)<\/p>\n\n\n\n<div class=\"wp-block-image\"><figure class=\"aligncenter size-large is-resized\"><img data-recalc-dims=\"1\" loading=\"lazy\" decoding=\"async\" src=\"https:\/\/i0.wp.com\/static.mediapart.fr\/etmagine\/portfolio\/files\/portfolios\/361647\/617db1c7cd350.png?resize=477%2C317&#038;ssl=1\" alt=\"\" width=\"477\" height=\"317\"\/><figcaption><sup>\u00a9 photo par Marc Meinau, Photographe<\/sup><\/figcaption><\/figure><\/div>\n\n\n\n<p><a href=\"https:\/\/up-magazine.lt.acemlnb.com\/Prod\/link-tracker?redirectUrl=aHR0cHMlM0ElMkYlMkZ1cC1tYWdhemluZS5pbmZvJTJGZGVjcnlwdGFnZXMlMkZhbmFseXNlcyUyRjg4OTUyLWVtcHJlaW50ZS1jYXJib25lLXVuLWxldXJyZS1wb3VyLW5vdXMtZGV0b3VybmVyLWRlLWxlc3NlbnRpZWwlMkYlM0Z1dG1fc291cmNlJTNEQWN0aXZlQ2FtcGFpZ24lMjZ1dG1fbWVkaXVtJTNEZW1haWwlMjZ1dG1fY29udGVudCUzRENPUDI2JTJCJTI1M0ElMkJMZXMlMkJkaXJpZ2VhbnRzJTJCZHUlMkJtb25kZSUyQnNlcm9udC1pbHMlMkIlMjVDMyUyNUEwJTJCbGElMkJoYXV0ZXVyJTJCJTI1M0YlMjZ1dG1fY2FtcGFpZ24lM0RBQ1RJT04lMjUyMSUyQlF1b3RpZGllbm5lJTJCbWEtMDIlMjUyRjEx&amp;sig=5TnaHwAojrETSnsMQ4ZHjSmcgMexRwaE9mETVqAmMtc&amp;iat=1635834796&amp;a=%7C%7C252447529%7C%7C&amp;account=up-magazine%2Eactivehosted%2Ecom&amp;email=hYTuCOgkI70Fg1VNPKltCI1dx8m6jGUdGbVCvZel7ZA%3D&amp;s=0f6d0b96b14c6fbd26674c52c11f03fa&amp;i=463A491A7A31294\" target=\"_blank\" rel=\"noreferrer noopener\">Empreinte carbone : un leurre pour nous d\u00e9tourner de l\u2019essentiel<\/a> (UP Magazine)<\/p>\n\n\n\n<p><a href=\"https:\/\/entreleslignesentrelesmots.blog\/2021\/11\/02\/lettre-ouverte-aux-medias-du-monde-entier-par-greta-thunberg-et-vanessa-nakate-plus-autre-texte\/\">Lettre ouverte aux m\u00e9dias du monde entier, par Greta Thunberg et Vanessa Nakate<\/a> (Entre les lignes)<\/p>\n\n\n\n<p><a href=\"https:\/\/www.banquedesterritoires.fr\/lutte-contre-le-changement-climatique-les-francais-prets-modifier-leurs-modes-de-vie-selon-une?pk_campaign=newsletter_quotidienne&amp;pk_kwd=2021-10-29&amp;pk_source=Actualit\u00e9s_Localtis&amp;pk_medium=newsletter_quotidienne\">Contre le changement climatique : les Fran\u00e7ais pr\u00eats \u00e0 modifier leurs modes de vie, selon l&rsquo;Ademe<\/a> (Localtis)<\/p>\n\n\n\n<p><a href=\"https:\/\/transitionsenergies.us20.list-manage.com\/track\/click?u=0d7778c915d508a7b72b6dc13&amp;id=38349cd3cb&amp;e=5a68fb0c53\" target=\"_blank\" rel=\"noreferrer noopener\">Pourquoi il est si difficile de se passer des \u00e9nergies fossiles<\/a> (Transition &amp; \u00c9nergies)<\/p>\n\n\n\n<p><a href=\"https:\/\/disclose.ngo\/fr\/investigations\/le-climat-sous-emprise-des-lobbies?utm_source=sendinblue&amp;utm_campaign=0211_COP26&amp;utm_medium=email\" target=\"_blank\" rel=\"noreferrer noopener\">Enqu\u00eate sur l\u2019offensive des lobbies contre les \u00e9nergies renouvelables<\/a> (Disclose)<\/p>\n\n\n\n<p><a href=\"https:\/\/www.huffingtonpost.fr\/entry\/le-ps-et-eelv-ferraillent-aussi-sur-le-tgv-toulousain_fr_617d1445e4b079111a6558f0\">Le PS et EELV ferraillent aussi sur le TGV toulousain <\/a>(Huffington Post)<\/p>\n\n\n\n<p><a href=\"https:\/\/vert.eco\/articles\/les-delegues-de-fridays-for-future-mapa-enfin-arrives-a-glasgow\">Les d\u00e9l\u00e9gu\u00e9s de Fridays for Future MAPA enfin arriv\u00e9s \u00e0 Glasgow<\/a> (Vert \u00e9co)<\/p>\n\n\n\n<p><a href=\"https:\/\/audioblog.arteradio.com\/blog\/157476\/podcast\/173533\/saison-ii-episode-4-ouganda-faire-face-au-cauchemar-ecocidaire-de-total\">Ouganda: Faire face au cauchemar \u00e9cocidaire de Total<\/a> (Arte radio)<\/p>\n\n\n\n<div class=\"wp-block-image is-style-default\"><figure class=\"aligncenter is-resized\"><img data-recalc-dims=\"1\" loading=\"lazy\" decoding=\"async\" src=\"https:\/\/i0.wp.com\/static.mediapart.fr\/etmagine\/default\/files\/2021\/11\/02\/les-cop-hein-d-abord-1024x925.jpg?resize=448%2C405&#038;ssl=1\" alt=\"les-cop-hein-d-abord-1024x925\" width=\"448\" height=\"405\"\/><\/figure><\/div>\n\n\n\n<p class=\"has-text-color\" style=\"color:#a30000\"><strong><span style=\"color:#ec0c17\" class=\"has-inline-color\">1er novembre<\/span><\/strong><\/p>\n\n\n\n<p><a href=\"https:\/\/media.us17.list-manage.com\/track\/click?u=a9e666741775aaca3293321e6&amp;id=b371e733af&amp;e=f97ae423d4\" target=\"_blank\" rel=\"noreferrer noopener\">Il n\u2019est pas trop tard pour construire la ville sans voiture<\/a> (AOC)<\/p>\n\n\n\n<p><a href=\"https:\/\/reporterre.net\/La-methanisation-des-questions-sur-une-usine-a-gaz-Notre-enquete?utm_source=newsletter&amp;utm_medium=email&amp;utm_campaign=nl_quotidienne\">La m\u00e9thanisation, des questions sur une usine \u00e0 gaz. Notre enqu\u00eate <\/a> (Reporterre f\u00e9vrier 2019))<\/p>\n\n\n\n<div class=\"wp-block-image\"><figure class=\"aligncenter size-large is-resized\"><img data-recalc-dims=\"1\" loading=\"lazy\" decoding=\"async\" src=\"https:\/\/i0.wp.com\/reporterre.net\/local\/cache-vignettes\/L720xH406\/arton16563-fbb8f.jpg?resize=516%2C291&#038;ssl=1\" alt=\"\" width=\"516\" height=\"291\"\/><\/figure><\/div>\n\n\n\n<p><a href=\"https:\/\/www.lemonde.fr\/planete\/article\/2021\/10\/29\/barrage-de-caussade-peines-de-prison-requises-pour-les-representants-de-la-chambre-d-agriculture-du-lot-et-garonne_6100371_3244.html\">Barrage de Caussade&nbsp;: prison requise pour les repr\u00e9sentants de la chambre d\u2019agriculture du Lot-et-Garonne<\/a> (Le Monde)<\/p>\n\n\n\n<p><a href=\"https:\/\/lundi.am\/Entretien-avec-Mohamad-Amer-Meziane-une-histoire-ecologique-et-raciale-de-la\" target=\"_blank\" rel=\"noreferrer noopener\">Une histoire \u00e9cologique et raciale de la s\u00e9cularisation<\/a> (Lundi Matin)<\/p>\n\n\n\n<p><a href=\"https:\/\/www.liberation.fr\/checknews\/les-parcs-eoliens-offshore-representent-ils-vraiment-une-menace-pour-lenvironnement-marin-20211029_FUWCUKIWGZF3PGRPR4THCH67XQ\/?xtor=EREC-21-%5BNL_CheckNews__01-11-2021%5D-&amp;actId=ebwp0YMB8s1_OGEGSsDRkNUcvuQDVN7a57ET3fWtrS-ejZ6qn9Uq9S21CSsuNsuC&amp;actCampaignType=CAMPAIGN_MAIL&amp;actSource=512810\">Les parcs \u00e9oliens offshore repr\u00e9sentent-ils vraiment une menace pour l\u2019environnement marin&nbsp;?<\/a>&nbsp;(Lib\u00e9ration)<\/p>\n\n\n\n<p><a href=\"https:\/\/www.linfodurable.fr\/projet-deoliennes-en-mediterranee-un-report-demande-lors-du-debat-public-29378\">Projet d&rsquo;\u00e9oliennes en M\u00e9diterran\u00e9e: un report demand\u00e9 lors du d\u00e9bat public <\/a>(Info Durable)<\/p>\n","protected":false},"excerpt":{"rendered":"<p>30 novembre en continu Le mod\u00e8le agricole de la Macronie, ou le triomphe annonc\u00e9 de l\u2019agribusiness (Contretemps) Taxonomie europ\u00e9enne : le \u00ab vert \u00bb \u00e0 moiti\u00e9 vide (Vert \u00e9co) La bifurcation \u00e9cologique n&rsquo;est pas un d\u00eener de gala (Le vent se l\u00e8ve) Pens\u00e9es du vivant, supp\u00f4ts du capital\u00a0? \u2013 S\u00e9minaire Devenirs Terrestres du 8 d\u00e9cembre &#8230; <a title=\"Novembre &#8211; Ecologie\" class=\"read-more\" href=\"https:\/\/www.rdpemancipation.org\/?p=55221\" aria-label=\"En savoir plus sur Novembre &#8211; Ecologie\">Lire la suite<\/a><\/p>\n","protected":false},"author":1,"featured_media":0,"comment_status":"closed","ping_status":"closed","sticky":false,"template":"","format":"standard","meta":{"_lmt_disableupdate":"no","_lmt_disable":"no","_jetpack_memberships_contains_paid_content":false,"footnotes":""},"categories":[9],"tags":[],"class_list":["post-55221","post","type-post","status-publish","format-standard","hentry","category-ecologie"],"modified_by":"dbo","jetpack_featured_media_url":"","jetpack_sharing_enabled":true,"_links":{"self":[{"href":"https:\/\/www.rdpemancipation.org\/index.php?rest_route=\/wp\/v2\/posts\/55221","targetHints":{"allow":["GET"]}}],"collection":[{"href":"https:\/\/www.rdpemancipation.org\/index.php?rest_route=\/wp\/v2\/posts"}],"about":[{"href":"https:\/\/www.rdpemancipation.org\/index.php?rest_route=\/wp\/v2\/types\/post"}],"author":[{"embeddable":true,"href":"https:\/\/www.rdpemancipation.org\/index.php?rest_route=\/wp\/v2\/users\/1"}],"replies":[{"embeddable":true,"href":"https:\/\/www.rdpemancipation.org\/index.php?rest_route=%2Fwp%2Fv2%2Fcomments&post=55221"}],"version-history":[{"count":302,"href":"https:\/\/www.rdpemancipation.org\/index.php?rest_route=\/wp\/v2\/posts\/55221\/revisions"}],"predecessor-version":[{"id":59731,"href":"https:\/\/www.rdpemancipation.org\/index.php?rest_route=\/wp\/v2\/posts\/55221\/revisions\/59731"}],"wp:attachment":[{"href":"https:\/\/www.rdpemancipation.org\/index.php?rest_route=%2Fwp%2Fv2%2Fmedia&parent=55221"}],"wp:term":[{"taxonomy":"category","embeddable":true,"href":"https:\/\/www.rdpemancipation.org\/index.php?rest_route=%2Fwp%2Fv2%2Fcategories&post=55221"},{"taxonomy":"post_tag","embeddable":true,"href":"https:\/\/www.rdpemancipation.org\/index.php?rest_route=%2Fwp%2Fv2%2Ftags&post=55221"}],"curies":[{"name":"wp","href":"https:\/\/api.w.org\/{rel}","templated":true}]}}