{"id":55219,"date":"2021-11-01T09:25:56","date_gmt":"2021-11-01T08:25:56","guid":{"rendered":"https:\/\/www.rdpemancipation.org\/?p=55219"},"modified":"2021-11-30T01:04:42","modified_gmt":"2021-11-30T00:04:42","slug":"novembre-feminisme-lgbt","status":"publish","type":"post","link":"https:\/\/www.rdpemancipation.org\/?p=55219","title":{"rendered":"Novembre &#8211; F\u00e9minisme\/LGBT+"},"content":{"rendered":"\n<p><span style=\"color:#a30500\" class=\"has-inline-color\"><strong>30 novembre en continu<\/strong><\/span><\/p>\n\n\n\n<p><a href=\"https:\/\/www.francetvinfo.fr\/societe\/ivg\/allongement-du-delai-de-l-ivg-cette-proposition-de-loi-c-est-lutter-contre-les-inegalites-assure-la-deputee-ecologiste-albane-gaillot_4863407.html\">Allongement d\u00e9lai IVG : \u00ab\u00a0c&rsquo;est lutter contre les in\u00e9galit\u00e9s\u00a0\u00bb, assure la d\u00e9put\u00e9e \u00e9cologiste Gaillot<\/a> (France Info)<\/p>\n\n\n\n<p><a href=\"https:\/\/www.huffingtonpost.fr\/entry\/macron-redit-son-hostilite-a-lallongement-du-delai-divg_fr_61a08b33e4b044a1cc13553a\">L\u2019allongement du d\u00e9lai d\u2019IVG toujours r\u00e9cus\u00e9 par Emmanuel Macron<\/a> (Huffington Post )<\/p>\n\n\n\n<p><a href=\"https:\/\/www.liberation.fr\/societe\/droits-des-femmes\/en-france-pres-de-500-femmes-ont-ete-tuees-par-leur-conjoint-ou-leur-ex-depuis-quatre-ans-20211125_PSC4VFMECBE6HO5B2ETLMSE6BQ\/\">En France, pr\u00e8s de 500 femmes ont \u00e9t\u00e9 tu\u00e9es par leur conjoint ou leur ex depuis quatre ans<\/a> (Lib\u00e9)<\/p>\n\n\n\n<p><a href=\"https:\/\/blogs.mediapart.fr\/michael-hajdenberg\/blog\/261121\/hulot-explications-sur-une-enquete-non-publiee\">Hulot : explications sur une enqu\u00eate non publi\u00e9e<\/a> -Micha\u00ebl Hajdenberg<\/p>\n\n\n\n<p><a href=\"https:\/\/www.mediapart.fr\/journal\/france\/291121\/au-tribunal-la-fff-est-accusee-de-discriminer-des-femmes\">Au tribunal la FFF (football) est accus\u00e9e de discriminer des femmes<\/a> (M\u00e9diapart)<\/p>\n\n\n\n<p>Analyse<\/p>\n\n\n\n<p><a href=\"https:\/\/blogs.mediapart.fr\/marcuss\/blog\/271121\/les-communautes-masculinistes-111\">Les communaut\u00e9s masculinistes (1\/11)<\/a> -Marcuss<\/p>\n\n\n\n<p><strong><a href=\"https:\/\/www.unioncommunistelibertaire.org\/?Violences-sexuelles-Dans-les-commissariats-c-est-la-double-peine\">Violences sexuelles&nbsp;: Dans les commissariats, c\u2019est la double peine<\/a> (UCL)<\/strong><\/p>\n\n\n\n<p><a href=\"https:\/\/rapportsdeforce.fr\/linternationale\/lactu-des-oublie-e-s-femmes-en-lutte-et-industries-neo-coloniales-112912004\">L\u2019actu des Oubli\u00e9.e.s : femmes en lutte et industries n\u00e9o-coloniales<\/a> (Rapports de Force)<\/p>\n\n\n\n<p><a href=\"https:\/\/www.bondyblog.fr\/opinions\/billet-dhumeur\/quand-jai-compris-que-jetais-une-fille-noire\/\">Quand j\u2019ai compris que j\u2019\u00e9tais une fille noire<\/a> (Le Bondy Blog)<\/p>\n\n\n\n<p><a href=\"https:\/\/theconversation.com\/pourquoi-les-inegalites-de-genre-dans-les-medias-restent-tenaces-171167\">Pourquoi les in\u00e9galit\u00e9s de genre dans les m\u00e9dias restent tenaces<\/a> (The Conversation)<\/p>\n\n\n\n<p><strong><a href=\"https:\/\/lundi.am\/Cette-fois-le-feu\">Cette fois, le feu&nbsp;! \u2013 Pour une histoire populaire des f\u00e9minismes<\/a> (lundi.am)<\/strong><\/p>\n\n\n\n<p><a href=\"https:\/\/www.huffingtonpost.fr\/entry\/violences-gynecologiques-le-point-du-mari-denonce-dans-cette-illustration_fr_619e5779e4b0f398af0dc704\">Violences gyn\u00e9cologiques&nbsp;: le point du mari d\u00e9nonc\u00e9 dans cette illustration<\/a> (huffington post)<\/p>\n\n\n\n<p><a href=\"https:\/\/theconversation.com\/ecofeminisme-effet-de-mode-changement-de-paradigme-171851\">\u00c9cof\u00e9minisme : effet de mode, changement de paradigme ?<\/a> (The Conversation)<\/p>\n\n\n\n<p><a href=\"https:\/\/lenumerozero.info\/Podcast-L-Actu-des-Oublie-e-s-Saison-II-Episode-6-Femmes-en-lutte-et-industrie-5457\">L&rsquo;Actu des Oubli\u00e9.e.s :&nbsp;:&nbsp;: Saison II &#8211; Episode 6&nbsp;: Femmes en lutte et industrie n\u00e9o-coloniale<\/a> (Numero Z\u00e9ro)<\/p>\n\n\n\n<p><a href=\"https:\/\/blogs.mediapart.fr\/mwasi\/blog\/251121\/pour-une-visibilisation-des-violences-faites-aux-femmes-et-minorites-de-genre-noires\">Pour une visibilisation des violences faites aux femmes et minorit\u00e9s de genre noires<\/a> -MWASI<\/p>\n\n\n\n<p><a href=\"https:\/\/blogs.mediapart.fr\/cetri-asbl\/blog\/261121\/effacement-et-impunite-des-violences-de-genre\">Effacement et impunit\u00e9 des violences de genre<\/a> (CETRI Asbl)<\/p>\n\n\n\n<p><a href=\"https:\/\/blogs.mediapart.fr\/collectif-avortement-en-europe-les-femmes-decident\/blog\/291121\/le-droit-lavortement-est-un-droit-fondamental\">Le droit \u00e0 l&rsquo;avortement est un droit fondamental<\/a> -Collectif Avortement en Europe, les femmes d\u00e9cident<\/p>\n\n\n\n<p><a href=\"https:\/\/entreleslignesentrelesmots.blog\/2021\/11\/23\/les-transfemmes-sont-elles-des-femmes\/\">Les transfemmes sont-elles des femmes&nbsp;?<\/a> (Entre les mots)<\/p>\n\n\n\n<p><a href=\"https:\/\/www.theguardian.com\/us-news\/2021\/nov\/29\/us-abortion-supreme-court-roe-v-wade?CMP=Share_iOSApp_Other\">\u00c0 quoi ressembleront les USA si l\u2019avortement y est de nouveau interdit ?<\/a> (Anglais -The Guardian)<\/p>\n\n\n\n<p><a href=\"http:\/\/www.slate.fr\/story\/219024\/hommes-gays-bisexuels-meilleure-sante-mentale-pays-tolerants\">Les hommes gays et bisexuels sont en meilleure sant\u00e9 mentale dans les pays les plus tol\u00e9rants<\/a>  (Slate)<\/p>\n\n\n\n<p><a href=\"http:\/\/www.slate.fr\/story\/218877\/tribune-conseil-de-leurope-hijab-voile-liberte-expression\">Le Conseil de l&rsquo;Europe, le hijab et la libert\u00e9 d&rsquo;expression<\/a> par Daniel Borillo (Slate)<\/p>\n\n\n\n<p><span style=\"color:#a30500\" class=\"has-inline-color\"><strong>29 novembre en continu<\/strong><\/span><\/p>\n\n\n\n<p><a href=\"https:\/\/www.placegrenet.fr\/2021\/11\/28\/violences-sexuelles-ce-que-balance-ton-bar-grenoble-va-changer-dans-les-cafes-clubs-et-discotheques\/552307\">Ce que \u00ab Balance ton bar Grenoble \u00bb va changer dans les caf\u00e9s, clubs et discoth\u00e8ques<\/a> (Place Gre\u2019net)&nbsp;<\/p>\n\n\n\n<p><a href=\"https:\/\/www.rue89lyon.fr\/2021\/11\/28\/contraception-masculine-un-developpement-tres-timide-a-lyon\/\">Contraception masculine : \u00ab \u00c0 Lyon, je ne connais pas d\u2019urologue int\u00e9ress\u00e9 par le sujet \u00bb<\/a> (Rue89Lyon)<\/p>\n\n\n\n<p><a href=\"https:\/\/www.50-50magazine.fr\/2021\/11\/24\/chronique-laire-du-psy-pietragalla-la-femme-qui-danse\/\">Chronique l\u2019aire du psy : \u00abPietragalla, la femme <a href=\"https:\/\/www.50-50magazine.fr\/2021\/11\/24\/chronique-laire-du-psy-pietragalla-la-femme-qui-danse\/\">qui danse\u00bb<\/a> (50\/50) <\/a><\/p>\n\n\n\n<div class=\"wp-block-image is-style-default\"><figure class=\"aligncenter\"><img decoding=\"async\" src=\"https:\/\/i0.wp.com\/www.50-50magazine.fr\/_19\/wp-content\/uploads\/2021\/11\/th-1.jpg?resize=478%2C269&amp;ssl=1\" alt=\"\" class=\"wp-image-50047\"\/><\/figure><\/div>\n\n\n\n<p>Monde<\/p>\n\n\n\n<p><a href=\"https:\/\/email.mg2.substack.com\/c\/eJw9kc2O6yAMhZ-m7BLx1zRZsJjNvEZEwEm5N0AEJp2-_bitNMiydOAcWXx2FmHL5WmOXJG92ozPA0yCR90BEQprFcocvBH6Jm7TpJg32ovxOrJQ57UARBt2g6UBO9qyB2cx5PRKSDUNnLO7WeTqvJVX5ZQdF3f1oCcYBlKTHoUUn8G2-QDJgYETyjMnYLu5Ix71or4u8pvK2SMUiPnsc9lIr4Ua_BxQ3sFK6h4qZjJ1gN0Sdps637qY2wkREnYrxJDIAp2la1uyowwLRnIp6Fy50lzxXvYweKn4oMVNAIyr7uPDbffzwS-ax032tS0VrfvfuxxZMf_i0spGP6Bnlz0g7H0C7H1-QZnJFFsK-Jwh2WUH_-GFH-xvgvMGCQqtw88WjRjUMOnboMSL4BsPAdWaay2FZDTdZ0ol84dkLTY5G-ovuySfow\"><strong>Histoire et bilan du mouvement f\u00e9ministe au Maroc (Capire)<\/strong><\/a><\/p>\n\n\n\n<p><a href=\"https:\/\/email.mg2.substack.com\/c\/eJw9kUmO5CAQRU-T7LAMxtOCRW_6GlYYwi66GSwIsuTbF-6UWkLB-PX5LwwQninf-kqF2FM2ui_UEb-LRyLMrBbMm7NaqFnM6zowq5UVy7gwV7YjIwZwXlOuyK66e2eAXIqPQg7r1PfsS0_rOioj1DHCNCm7WttLWJZxHqdhVcP4MYZqHUaDGt-Y7xSRef1FdJXX8Oslf7dh4HIZQ3p3KZ9tf-RWIIK_C7aVx8IPDOGZUiR-gEEOvOUA4kgc6nNuIWAk8K4E5BdQdpANeH6lmnlomTPyw8VHCPztkn_-xDFyF-3jwpyWvRRCyEWIvh-mTnaHQlwsjruBebECu2gO5-VOL9WHU3al7oXA_O1MCizrP2Gv-Wx527VJFgl9F5E6mx6EW3sUanR0bxhh92g_dOnTpH-8txMj5tY8uwFpMQ1Lv85SyX4ePjAbfqUmuUxCsOZuU1NF_R_gkSEacOUHgOCv2A\">Les femmes font face \u00e0 l\u2019\u00c9tat et au fondamentalisme patriarcal pour mettre fin \u00e0 la violence en Inde<\/a> (Capire)<\/p>\n\n\n\n<p><a href=\"http:\/\/www.slate.fr\/story\/219219\/quiverfull-chretiens-fondamentalistes-americains-soumission-femmes-maris-planification-familiale\">USA: Le mouvement Quiverfull, chr\u00e9tiens fondamentalistes qui pr\u00eachent la f\u00e9condit\u00e9 et soumission<\/a>  (Slate)<\/p>\n\n\n\n<p><a href=\"http:\/\/www.slate.fr\/story\/218877\/tribune-conseil-de-leurope-hijab-voile-liberte-expression\">Le Conseil de l&rsquo;Europe, le hijab et la libert\u00e9 d&rsquo;expression<\/a> (Slate)<\/p>\n\n\n\n<p>Analyse<\/p>\n\n\n\n<p><a href=\"https:\/\/www.50-50magazine.fr\/2021\/11\/25\/rejane-senac-liberte-egalite-fraternite-et-pourquoi-pas-sororite-1-1\/\">R\u00e9jane S\u00e9nac : \u00ab&nbsp;Libert\u00e9, \u00c9galit\u00e9, Fraternit\u00e9 [\u2026] et pourquoi pas Adelphit\u00e9 ou Solidarit\u00e9 ? &nbsp;\u00bb 1\/2<\/a> (50\/50)<\/p>\n\n\n\n<p><a href=\"http:\/\/www.slate.fr\/story\/219177\/prostitution-espagne-loi-penalisation-clients-modele-nordique-france-proteger-travailleuses-du-sexe-precarite-securite\">En p\u00e9nalisant les clients comme en France, l&rsquo;Espagne ne prot\u00e9gera pas les travailleuses du sexe<\/a> (Slate)<\/p>\n\n\n\n<p><strong><a href=\"https:\/\/entreleslignesentrelesmots.blog\/2021\/11\/25\/la-lutte-contre-le-wokisme-une-nouvelle-lubie-dangereuse\/\">&nbsp;La lutte contre le wokisme&nbsp;: une nouvelle lubie&nbsp;dangereuse<\/a> (Entre les mots<\/strong>)<\/p>\n\n\n\n<p><a href=\"https:\/\/entreleslignesentrelesmots.blog\/2021\/11\/23\/les-transfemmes-sont-elles-des-femmes\/\">Les transfemmes sont-elles des femmes&nbsp;?<\/a> (Entre les mots)<\/p>\n\n\n\n<p><a href=\"http:\/\/www.slate.fr\/story\/219024\/hommes-gays-bisexuels-meilleure-sante-mentale-pays-tolerants\">Les hommes gays et bisexuels sont en meilleure sant\u00e9 mentale dans les pays les plus tol\u00e9rants<\/a>  (Slate)<\/p>\n\n\n\n<p><span style=\"color:#a30500\" class=\"has-inline-color\"><strong>28 novembre en continu<\/strong><\/span><\/p>\n\n\n\n<p><strong><a href=\"https:\/\/lesglorieuses.cmail19.com\/t\/d-l-aikpn-jddrjlfjl-d\/\" title=\"https:\/\/lesglorieuses.cmail19.com\/t\/d-l-aikpn-jddrjlfjl-d\/\">L\u2019avortement au Japon, en Namibie et en Colombie; les droits LGBTQ au Mexique et en Italie<\/a> (Impact)<\/strong><\/p>\n\n\n\n<p><a href=\"https:\/\/la1ere.francetvinfo.fr\/reunion\/saint-denis\/le-premier-centre-lgbtqia-de-la-reunion-inaugure-a-saint-denis-1165927.html\">Le premier centre LGBTQIA+ inaugur\u00e9 \u00e0 La R\u00e9union<\/a> (France Info)<\/p>\n\n\n\n<p><a href=\"https:\/\/france3-regions.francetvinfo.fr\/auvergne-rhone-alpes\/rhone\/lyon\/lyon-manifestation-contre-les-violences-faites-aux-femmes-2355250.html\">Lyon : Manif contre violences faites aux femmes rassemble plusieurs milliers de personnes<\/a> (France info)<\/p>\n\n\n\n<p><a href=\"https:\/\/www.mediapart.fr\/journal\/france\/261121\/les-lecons-de-l-affaire-nicolas-hulot\">Les le\u00e7ons de l\u2019affaire Nicolas Hulot<\/a> (M\u00e9diapart)<\/p>\n\n\n\n<p>Analyse<\/p>\n\n\n\n<p><strong><a href=\"https:\/\/www.lacledesondes.fr\/article\/violences-sexistes-le-mouvement-feministe-jeune-prend-la-releve\">Violences sexistes : \u00ab\u00a0le mouvement f\u00e9ministe jeune prend la rel\u00e8ve\u00a0\u00bb<\/a> (La Cl\u00e9 des Ondes)<\/strong><\/p>\n\n\n\n<p><strong><a href=\"https:\/\/www.mediapart.fr\/journal\/france\/261121\/en-politique-l-espoir-d-une-campagne-sous-le-sceau-de-metoo\">En politique, l\u2019espoir d\u2019une campagne sous le sceau de #MeToo<\/a> (M\u00e9diapart)&nbsp;<\/strong><\/p>\n\n\n\n<p><a href=\"http:\/\/www.slate.fr\/story\/219582\/jennifer-lawrence-explique-pourquoi-leonardo-dicaprio-paye-plus-dont-look-up\">Jennifer Lawrence explique pourquoi Leonardo DiCaprio a \u00e9t\u00e9 pay\u00e9 plus qu&rsquo;elle pour \u00abDon&rsquo;t Look Up\u00bb<\/a>  (Slate)<\/p>\n\n\n\n<p><a href=\"http:\/\/www.slate.fr\/societe\/femmes-de-dessein\/jeanne-barret-premiere-circumnavigatrice-tour-du-monde-expedition-bougainville-deguisee-homme-botaniste\">Jeanne Barret, pionni\u00e8re de la biodiversit\u00e9 et premi\u00e8re circumnavigatrice<\/a> par Elodie Palasse-Leroux (Slate)<\/p>\n\n\n\n<p><a href=\"https:\/\/www.50-50magazine.fr\/2021\/11\/26\/rejane-senac-les-impensees-de-legalite-2-2\/\">R\u00e9jane S\u00e9nac : \u00ab&nbsp;Les impens\u00e9es de l\u2019\u00e9galit\u00e9&nbsp;\u00bb 2\/2<\/a> (50\/50)<\/p>\n\n\n\n<p><span style=\"color:#a30500\" class=\"has-inline-color\"><strong>27 novembre en continu<\/strong><\/span><\/p>\n\n\n\n<p><a href=\"https:\/\/www.alterpresse68.info\/2021\/11\/26\/a-mulhouse-une-marche-nocturne-contre-les-violences-sexistes-et-sexuelles\/\">A Mulhouse, une marche nocturne contre les violences sexistes et sexuelles<\/a>(L\u2019Alterpresse68)<\/p>\n\n\n\n<figure class=\"wp-block-image is-resized is-style-default\"><img data-recalc-dims=\"1\" loading=\"lazy\" decoding=\"async\" src=\"https:\/\/i0.wp.com\/www.alterpresse68.info\/wp-content\/uploads\/2021\/11\/IMG_7466r-1280x640.jpg?resize=512%2C256&#038;ssl=1\" alt=\"[Portfolio] A Mulhouse, une marche nocturne contre les violences sexistes et sexuelles\" width=\"512\" height=\"256\"\/><\/figure>\n\n\n\n<p><strong><a href=\"https:\/\/reporterre.net\/Une-enquete-pour-viol-et-agression-sexuelle-ouverte-contre-Nicolas-Hulot\">Une enqu\u00eate pour viol et agression sexuelle ouverte contre Nicolas Hulot<\/a> ( Reporterre)<\/strong><\/p>\n\n\n\n<p><a href=\"https:\/\/www.placegrenet.fr\/2021\/11\/26\/grenoble-plus-dun-millier-de-manifestants-pour-la-journee-internationale-contre-les-violences-faites-aux-femmes\/552346\">Grenoble: plus de 1000 manifestant(e)s \u00e0 Journ\u00e9e contre violences faites aux femmes<\/a> (Place Gre\u2019net)&nbsp;<\/p>\n\n\n\n<p><a href=\"https:\/\/www.rue89lyon.fr\/2021\/11\/26\/lyon-manifestation-samedi-contre-violences-sexistes-sexuelles\/\">A Lyon, une manifestation ce samedi contre les violences sexistes et sexuelles<\/a> ( Rue89Lyon)<\/p>\n\n\n\n<p><a href=\"https:\/\/lecourrier.ch\/2021\/11\/26\/mobilisations-romandes-contre-les-violences-sexistes\/\">Mobilisations romandes contre les violences sexistes<\/a> (Le Courrier)<\/p>\n\n\n\n<p>Analyse<\/p>\n\n\n\n<p><strong><a href=\"https:\/\/blogs.mediapart.fr\/jean-marc-b\/blog\/261121\/prodigue-delphine-seyrig-audio-france-inter\">Prodigue Delphine Seyrig &#8211;<\/a>Audio France Inter<\/strong><\/p>\n\n\n\n<figure class=\"wp-block-image is-resized is-style-default\"><img data-recalc-dims=\"1\" loading=\"lazy\" decoding=\"async\" src=\"https:\/\/i0.wp.com\/decine21.com\/img\/upload\/perfiles\/delphine-seyrig-15445\/delphine-seyrig-15445-c.jpg?resize=366%2C498&#038;ssl=1\" alt=\"Delphine Seyrig - Edad | Biograf\u00eda | Pel\u00edculas | Noticias | Filmograf\u00eda |  Premios - Decine21\" width=\"366\" height=\"498\"\/><\/figure>\n\n\n\n<p><a href=\"https:\/\/www.50-50magazine.fr\/2021\/11\/25\/le-3919-en-2020-une-augmentation-exponentielle-des-appels\/\">Le 3919 en 2020, une augmentation exponentielle des appels !<\/a> (50\/50)<\/p>\n\n\n\n<p><a href=\"http:\/\/www.slate.fr\/story\/219648\/femmes-violences-conjugales-plus-frequentes-espaces-prives-foyers\">La majorit\u00e9 des violences faites aux femmes ont lieu au sein des foyers<\/a> (Slate)<\/p>\n\n\n\n<p><a href=\"http:\/\/www.slate.fr\/story\/219549\/comment-se-defendre-stagiaire-victime-harcelement-sexuel-droits\">Que faire si on est victime de harc\u00e8lement sexuel pendant un stage?<\/a>  (Slate)<\/p>\n\n\n\n<p><a href=\"https:\/\/www.mediapart.fr\/journal\/france\/261121\/metoo-la-strategie-mediatique-des-personnalites-accusees\">#MeToo: la strat\u00e9gie m\u00e9diatique des personnalit\u00e9s accus\u00e9es<\/a> (M\u00e9diapart)<\/p>\n\n\n\n<p><a href=\"https:\/\/www.contretemps.eu\/transidentites-transfuge-sexe\/\">Transfuges de sexe. Extrait du livre d\u2019Emmanuel Beaubatie<\/a> (Contretemps)<\/p>\n\n\n\n<figure class=\"wp-block-image is-resized is-style-default\"><img data-recalc-dims=\"1\" loading=\"lazy\" decoding=\"async\" src=\"https:\/\/i0.wp.com\/www.contretemps.eu\/wp-content\/uploads\/Womens_March_Washington_DC_USA_7-scaled.jpeg?resize=562%2C251&#038;ssl=1\" alt=\"\" width=\"562\" height=\"251\"\/><\/figure>\n\n\n\n<p><a href=\"https:\/\/theconversation.com\/iel-itineraire-dune-polemique-172338\">\u00ab Iel \u00bb : itin\u00e9raire d\u2019une pol\u00e9mique<\/a> (The Conversation)<\/p>\n\n\n\n<p><a href=\"https:\/\/www.francetvinfo.fr\/culture\/cinema\/jane-campion-signe-avec-the-power-of-the-dog-un-western-psychologique-sur-la-masculinite-toxique_4860195.html\">Jane Campion signe avec \u00ab\u00a0The Power of the Dog\u00a0\u00bb western psychologique sur masculinit\u00e9 toxique<\/a> (France info)<\/p>\n\n\n\n<p><span style=\"color:#a30500\" class=\"has-inline-color\"><strong>26 novembre en continu<\/strong><\/span><\/p>\n\n\n\n<p><a href=\"https:\/\/www.boursorama.com\/videos\/actualites\/castex-annonce-de-nouvelles-mesures-contre-les-violences-faites-aux-femmes-d722a279c8a4a6a9488f8201afce2c1f\">Castex annonce de nouvelles mesures contre les violences faites aux femmes<\/a> (France 24)<\/p>\n\n\n\n<p><a href=\"https:\/\/www.boursorama.com\/videos\/actualites\/en-france-125-000-femmes-adultes-ont-subi-des-mutilations-sexuelles-c4eca988da836c0043bf455443b535ae\">En France, 125 000 femmes adultes ont subi des mutilations sexuelles<\/a> (France 24)<\/p>\n\n\n\n<p><strong><a href=\"https:\/\/blogs.mediapart.fr\/jean-marc-b\/blog\/251121\/mobilisons-nous-contre-les-violences-patriarcales-video-lanticapitaliste\">Mobilisons-nous contre les violences patriarcales ! &#8211;<\/a>vid\u00e9o L&rsquo;Anticapitaliste<\/strong><\/p>\n\n\n\n<p><a href=\"https:\/\/www.placegrenet.fr\/2021\/11\/25\/journee-de-lutte-contre-les-violences-faites-aux-femmes-de-nombreux-evenements-et-une-manifestation-aux-flambeaux\/552236\">Journ\u00e9e contre violences : nombreux \u00e9v\u00e9nements et manifestation aux flambeaux<\/a> (Place Gre\u2019net)<\/p>\n\n\n\n<figure class=\"wp-block-image size-full is-resized is-style-default\"><img data-recalc-dims=\"1\" loading=\"lazy\" decoding=\"async\" src=\"https:\/\/i0.wp.com\/www.rdpemancipation.org\/wp-content\/uploads\/2021\/11\/IMG_0158.jpeg?resize=402%2C302&#038;ssl=1\" alt=\"\" class=\"wp-image-59079\" width=\"402\" height=\"302\" srcset=\"https:\/\/i0.wp.com\/www.rdpemancipation.org\/wp-content\/uploads\/2021\/11\/IMG_0158.jpeg?w=640&amp;ssl=1 640w, https:\/\/i0.wp.com\/www.rdpemancipation.org\/wp-content\/uploads\/2021\/11\/IMG_0158.jpeg?resize=300%2C225&amp;ssl=1 300w\" sizes=\"auto, (max-width: 402px) 100vw, 402px\" \/><\/figure>\n\n\n\n<p><a href=\"https:\/\/www.francetvinfo.fr\/culture\/spectacles\/theatre\/violences-faites-aux-femmes-il-va-finir-par-la-tuer-des-femmes-victimes-ecrivent-et-jouent-une-piece-de-theatre-pour-se-reconstruire_4858703.html\">Violences conjugales : des femmes \u00e9crivent et jouent une pi\u00e8ce de th\u00e9\u00e2tre pour se reconstruire<\/a> (France Info)<\/p>\n\n\n\n<p><a href=\"https:\/\/www.boursorama.com\/actualite-economique\/actualites\/au-salon-moto-de-milan-les-hotesses-restent-un-argument-de-vente-malgre-les-critiques-d3e57e851bbb51bad2fae2d2cc1baaa9\">Au salon moto de Milan, les h\u00f4tesses restent un argument de vente malgr\u00e9 les critiques<\/a> (AFP)<\/p>\n\n\n\n<p><a href=\"https:\/\/www.boursorama.com\/videos\/actualites\/a-lyon-le-festival-brisons-le-silence-lutte-contre-les-violences-faites-aux-femmes-e4af7abc2486adf84157c6b6433b7437\">\u00c0 Lyon, le festival \u00ab\u00a0Brisons le silence\u00a0\u00bb lutte contre les violences faites aux femmes<\/a> (France 24)<\/p>\n\n\n\n<p><a href=\"https:\/\/www.francetvinfo.fr\/societe\/harcelement-sexuel\/info-franceinfo-affaire-ppda-florence-porcel-a-depose-une-nouvelle-plainte-pour-viol-avec-constitution-de-partie-civile_4858861.html\">Affaire PPDA : Florence Porcel a d\u00e9pos\u00e9 nouvelle plainte pour \u00ab\u00a0viol\u00a0\u00bb avec constitution partie civile<\/a> (France Info)<\/p>\n\n\n\n<p><a href=\"https:\/\/www.placegrenet.fr\/2021\/11\/25\/voiron-une-femme-violee-puis-gravement-brulee-par-deux-hommes-a-son-propre-domicile\/552228\">Voiron : Une femme viol\u00e9e puis gravement br\u00fbl\u00e9e par deux hommes \u00e0 son propre domicile<\/a> (Place Gre\u2019net)&nbsp;<\/p>\n\n\n\n<p><a href=\"https:\/\/www.mediapart.fr\/journal\/france\/251121\/le-depute-benoit-simian-renvoye-devant-le-tribunal-pour-harcelement-sur-son-epouse\">Le d\u00e9put\u00e9 Beno\u00eet Simian renvoy\u00e9 devant le tribunal pour \u00abharc\u00e8lement\u00bb sur son \u00e9pouse<\/a>(M\u00e9diapart)<\/p>\n\n\n\n<p>Monde<\/p>\n\n\n\n<p><a href=\"http:\/\/www.apple.fr\">Cour Supr\u00eame pourrait laisser Etats choisir nombre semaines avortement autoris\u00e9 <\/a>(anglais -The Conversation)<\/p>\n\n\n\n<p><a href=\"https:\/\/www.boursorama.com\/actualite-economique\/actualites\/inde-medecin-et-influenceuse-une-femme-transgenre-milite-pour-la-liberte-d-etre-soi-meme-3c044fff2df9406c934ffd8c776cac7f\">Inde: m\u00e9decin et influenceuse, une femme transgenre milite pour la libert\u00e9 d'\u00a0\u00bb\u00eatre soi-m\u00eame\u00a0\u00bb<\/a> (AFP)<\/p>\n\n\n\n<p>Analyse<\/p>\n\n\n\n<p><a href=\"https:\/\/www.lesnouvellesnews.fr\/lecon-danti-feminisme-sur-france-inter\/\">Le\u00e7on d\u2019antif\u00e9minisme sur France Inter<\/a> (Les Nouvelles News)<\/p>\n\n\n\n<p><strong><a href=\"https:\/\/blogs.mediapart.fr\/jean-marc-b\/blog\/251121\/origine-du-25-novembre-trois-soeurs-assassinees-par-une-dictature\">Origine du 25 novembre: Trois s\u0153urs assassin\u00e9es par une dictature <\/a>-Nancy Carrier<\/strong><\/p>\n\n\n\n<figure class=\"wp-block-image size-full is-resized is-style-default\"><img data-recalc-dims=\"1\" loading=\"lazy\" decoding=\"async\" src=\"https:\/\/i0.wp.com\/www.rdpemancipation.org\/wp-content\/uploads\/2021\/11\/En-el-tiempo-de-las-Mariposas-1024x522-1.jpeg?resize=558%2C284&#038;ssl=1\" alt=\"\" class=\"wp-image-59082\" width=\"558\" height=\"284\" srcset=\"https:\/\/i0.wp.com\/www.rdpemancipation.org\/wp-content\/uploads\/2021\/11\/En-el-tiempo-de-las-Mariposas-1024x522-1.jpeg?w=1024&amp;ssl=1 1024w, https:\/\/i0.wp.com\/www.rdpemancipation.org\/wp-content\/uploads\/2021\/11\/En-el-tiempo-de-las-Mariposas-1024x522-1.jpeg?resize=300%2C153&amp;ssl=1 300w, https:\/\/i0.wp.com\/www.rdpemancipation.org\/wp-content\/uploads\/2021\/11\/En-el-tiempo-de-las-Mariposas-1024x522-1.jpeg?resize=768%2C392&amp;ssl=1 768w\" sizes=\"auto, (max-width: 558px) 100vw, 558px\" \/><\/figure>\n\n\n\n<p><a href=\"https:\/\/revolutionfeministe.wordpress.com\/2021\/11\/14\/salons-de-massage-bordels-un-trafic-de-femmes-vulnerables-sur-lequel-on-ferme-les-yeux\/\">Salons de massage-bordels: trafic de femmes vuln\u00e9rables sur lequel on ferme les&nbsp;yeux<\/a> (R\u00e9volution f\u00e9ministe)<\/p>\n\n\n\n<p><a href=\"https:\/\/entreleslignesentrelesmots.blog\/2021\/11\/24\/briser-linfamant-carcan-de-la-presomption-de-consentement-qui-pese-sur-les-victimes\/\">Briser l\u2019infamant carcan de la pr\u00e9somption de consentement qui p\u00e8se sur les&nbsp;victimes<\/a> (Entre les mots)<\/p>\n\n\n\n<p><span style=\"color:#a30500\" class=\"has-inline-color\"><strong>25 novembre en continu<\/strong><\/span><\/p>\n\n\n\n<p><a href=\"https:\/\/www.lesnouvellesnews.fr\/violences-conjugales-et-annonce-de-gerald-darmanin\/\">Violences conjugales et annonce de G\u00e9rald Darmanin<\/a> (Les Nouvelles News)<\/p>\n\n\n\n<p><a href=\"https:\/\/www.francetvinfo.fr\/societe\/violences-faites-aux-femmes\/info-france-inter-gerald-darmanin-demande-aux-prefets-de-regulariser-les-femmes-en-situation-irreguliere-et-victimes-de-violences-conjugales_4856157.html\">Darmanin demande pr\u00e9fets r\u00e9gulariser femmes situation irr\u00e9guli\u00e8re victimes violences conjugales<\/a> (France Info)<\/p>\n\n\n\n<p><a href=\"https:\/\/www.axellemag.be\/faire-pression-contre-les-violences-faites-aux-femmes\/\">\u201cContinuer \u00e0 faire pression contre les violences faites aux femmes\u201d<\/a> (Axelle Magazine)<\/p>\n\n\n\n<p><a href=\"https:\/\/www.francetvinfo.fr\/societe\/violences-faites-aux-femmes\/reportage-violences-conjugales-a-la-rencontre-des-agents-protecteurs-espagnols-qui-veillent-24-heures-sur-24-sur-les-victimes_4850917.html\">Violences conjugales : les \u00ab\u00a0agents protecteurs\u00a0\u00bb espagnols qui veillent 24 h\/24 sur les victimes<\/a> (France Info)<\/p>\n\n\n\n<p>&nbsp;<a href=\"https:\/\/www.francetvinfo.fr\/societe\/harcelement-sexuel\/nicolas-hulot-quitte-definitivement-la-vie-publique-a-la-veille-d-un-numero-d-envoye-special-dans-lequel-plusieurs-femmes-l-accusent-d-agressions-sexuelles-et-de-viol_4857145.html\">Accus\u00e9 d&rsquo;agression sexuelle et viol, Nicolas Hulot quitte \u00ab\u00a0d\u00e9finitivement\u00a0\u00bb la vie publique<\/a> (France Info)<\/p>\n\n\n\n<p>Analyse<\/p>\n\n\n\n<p><strong><a href=\"https:\/\/blogs.mediapart.fr\/jean-marc-b\/blog\/251121\/origine-du-25-novembre-trois-soeurs-assassinees-par-une-dictature\">Origine du 25 novembre: Trois s\u0153urs assassin\u00e9es par une dictature<\/a> -Nancy Carrier<\/strong><\/p>\n\n\n\n<figure class=\"wp-block-image is-resized is-style-default\"><img data-recalc-dims=\"1\" loading=\"lazy\" decoding=\"async\" src=\"https:\/\/i0.wp.com\/horadelrecreo.com\/wp-content\/uploads\/2020\/02\/En-el-tiempo-de-las-Mariposas-1024x522.jpg?resize=563%2C287&#038;ssl=1\" alt=\"\" width=\"563\" height=\"287\"\/><\/figure>\n\n\n\n<p><a href=\"https:\/\/www.francetvinfo.fr\/societe\/violences-faites-aux-femmes\/violences-faites-aux-femmes-que-faire-si-une-de-vos-proches-en-est-victime_4851009.html\">Violences faites aux femmes : que faire si une de vos proches en est victime ?<\/a>(France Info)<\/p>\n\n\n\n<p><strong><a href=\"https:\/\/lanticapitaliste.org\/actualite\/feminisme\/ensemble-contre-les-violences-sexistes-et-sexuelles-dans-nos-organisations\">Ensemble, contre les violences sexistes et sexuelles dans nos organisations&nbsp;! (<\/a>tribune unitaire<a href=\"https:\/\/lanticapitaliste.org\/actualite\/feminisme\/ensemble-contre-les-violences-sexistes-et-sexuelles-dans-nos-organisations\">)<\/a><\/strong><\/p>\n\n\n\n<p><span style=\"color:#a30500\" class=\"has-inline-color\"><strong>24 novembre en continu<\/strong><\/span><\/p>\n\n\n\n<p><strong><a href=\"https:\/\/www.huffingtonpost.fr\/entry\/metoopolitique-apres-la-tribune-des-temoignages-de-femmes-emanent_fr_6193c85ae4b0ccd68d3478e8\">Sur le #Metoo politique, des t\u00e9moignages de femmes \u00e9mergent apr\u00e8s la tribune<\/a> (Huff Post)<\/strong><\/p>\n\n\n\n<p><a href=\"https:\/\/www.theguardian.com\/world\/2021\/nov\/23\/anti-abortion-local-bans-ohio?CMP=Share_iOSApp_Other\">Progr\u00e8s discret de l\u2019interdiction de l\u2019avortement au niveau local aux USA<\/a> (anglais -The Guardian)<\/p>\n\n\n\n<p>Analyse<\/p>\n\n\n\n<p><strong><a href=\"https:\/\/theconversation.com\/pourquoi-les-inegalites-de-genre-dans-les-medias-restent-tenaces-171167\">Pourquoi les in\u00e9galit\u00e9s de genre dans les m\u00e9dias restent tenaces<\/a> (The Conversation)<\/strong>&nbsp;<\/p>\n\n\n\n<p><a href=\"https:\/\/www.revue-ballast.fr\/la-voz-de-la-mujer-ni-dieu-ni-patron-ni-mari\/\">La Voz de la Mujer : ni dieu ni patron ni mari<\/a> (Ballast)<\/p>\n\n\n\n<p><a href=\"https:\/\/www.lesnouvellesnews.fr\/les-hommes-gardent-les-clefs-de-la-maison-commune\/\">Les hommes gardent les clefs de la \u00ab maison commune \u00bb<\/a> (Les Nouvelles News)<\/p>\n\n\n\n<p><a href=\"https:\/\/theconversation.com\/pourquoi-faut-il-voir-et-lire-levenement-histoire-et-actualite-de-lavortement-172002\">Pourquoi faut-il voir (et lire) \u00ab L\u2019\u00c9v\u00e9nement \u00bb ? Histoire et actualit\u00e9 de l\u2019avortement<\/a> (The Conversation)&nbsp;<\/p>\n\n\n\n<p><a href=\"https:\/\/email.mg2.substack.com\/c\/eJw9kMtuxCAMRb9m2AXxyoMFi276GxEBJ0NLIOIxnfTry0ykSpala_vK9jG6wBbTqY6YC3qluZwHqAA_2UMpkFDNkGZnFRUjHaXkyCph6dRPyOV5TQC7dl6VVAEddfHO6OJieDkYlwMh6K7MQpkAIdlEmCV6Ai7Nugi-ynGw1rJrsa7WQTCg4AHpjAGQV_dSjnzjHzf22cLowyXY4wPHtDW9ppbgeUB6G3NTHkwMubPQed352j7oWqGkt_71oNsMcooRRilljAraM4kZloyAGRkZJq2h5wY_NxGyeJCbIPvGcK5LLtp8YxN3lNTXvtS0tYtb20QLBTwOULCNLwhzG9prcOWcIejFg734lAvzm9i8QYDU8NtZF0UHPvaS9JwM43DhaACFEGSigqG23cbmCuofwZp0MNrlP4lsmMk\">Le\u00e7ons de la lutte contre la ZLEA : l\u2019unit\u00e9 continentale pour lutter contre le libre-\u00e9change<\/a> (Capire)<\/p>\n\n\n\n<figure class=\"wp-block-image is-resized is-style-default\"><img data-recalc-dims=\"1\" loading=\"lazy\" decoding=\"async\" src=\"https:\/\/i0.wp.com\/mamot.fr\/system\/media_attachments\/files\/107\/269\/290\/715\/303\/375\/original\/1c65ae6775d3e655.png?resize=522%2C450&#038;ssl=1\" alt=\"\" width=\"522\" height=\"450\"\/><\/figure>\n\n\n\n<p> <span style=\"color:#a30500\" class=\"has-inline-color\"><strong>23 novembre en continu<\/strong><\/span><\/p>\n\n\n\n<p><a href=\"http:\/\/tvbruits.org\/spip.php?article2826\">Lutte contre les fresques humiliantes et sexistes dans les internats de M\u00e9decine<\/a> (TV BRUITS)&nbsp;<\/p>\n\n\n\n<p><a href=\"https:\/\/www.courrierdesbalkans.fr\/montenegro-la-feministe-sabina-talovic-agressee-a-pljevlja\">Mont\u00e9n\u00e9gro : la f\u00e9ministe Sabina Talovi\u0107 violemment agress\u00e9e \u00e0 Pljevlja<\/a> (Le Courrier des Balkans)<\/p>\n\n\n\n<p><a href=\"https:\/\/lepoing.net\/marche-contre-les-violences-sexistes-a-montpellier-on-nest-pas-seules-on-a-du-pouvoir\/\">Marche contre les violences sexistes \u00e0 Montpellier \u201cOn n\u2019est pas seules, on a du pouvoir\u201d<\/a> (Le Poing)<\/p>\n\n\n\n<p><a href=\"https:\/\/www.liberation.fr\/societe\/balance-ton-bar-apres-les-temoignages-et-les-plaintes-une-enquete-ouverte-20211117_WHAYOXPRE5GEJFNYMVFN7CLN24\/\">\u00ab&nbsp;Balance ton bar&nbsp;\u00bb&nbsp;: apr\u00e8s les t\u00e9moignages et les plaintes, une enqu\u00eate ouverte<\/a> (Lib\u00e9)<\/p>\n\n\n\n<figure class=\"wp-block-image size-full is-resized is-style-default\"><img data-recalc-dims=\"1\" loading=\"lazy\" decoding=\"async\" src=\"https:\/\/i0.wp.com\/www.rdpemancipation.org\/wp-content\/uploads\/2021\/11\/Capture-decran-2021-11-22-a-20.24.29.png?resize=570%2C423&#038;ssl=1\" alt=\"\" class=\"wp-image-58669\" width=\"570\" height=\"423\" srcset=\"https:\/\/i0.wp.com\/www.rdpemancipation.org\/wp-content\/uploads\/2021\/11\/Capture-decran-2021-11-22-a-20.24.29.png?w=746&amp;ssl=1 746w, https:\/\/i0.wp.com\/www.rdpemancipation.org\/wp-content\/uploads\/2021\/11\/Capture-decran-2021-11-22-a-20.24.29.png?resize=300%2C223&amp;ssl=1 300w\" sizes=\"auto, (max-width: 570px) 100vw, 570px\" \/><\/figure>\n\n\n\n<p>Monde<\/p>\n\n\n\n<p><a href=\"https:\/\/www.50-50magazine.fr\/2021\/10\/15\/trente-ans-apres-la-rda-a-des-choses-a-nous-apprendre-en-matiere-degalite-femmes-homme\/\">Trente ans apr\u00e8s : la RDA a des choses \u00e0 nous apprendre en mati\u00e8re d\u2019\u00e9galit\u00e9 femmes\/hommes<\/a> (50\/50) <\/p>\n\n\n\n<figure class=\"wp-block-image size-full is-resized is-style-default\"><img data-recalc-dims=\"1\" loading=\"lazy\" decoding=\"async\" src=\"https:\/\/i0.wp.com\/www.rdpemancipation.org\/wp-content\/uploads\/2021\/11\/La-RDA-apres-la-RDA-eee.jpeg?resize=624%2C329&#038;ssl=1\" alt=\"\" class=\"wp-image-58609\" width=\"624\" height=\"329\" srcset=\"https:\/\/i0.wp.com\/www.rdpemancipation.org\/wp-content\/uploads\/2021\/11\/La-RDA-apres-la-RDA-eee.jpeg?w=734&amp;ssl=1 734w, https:\/\/i0.wp.com\/www.rdpemancipation.org\/wp-content\/uploads\/2021\/11\/La-RDA-apres-la-RDA-eee.jpeg?resize=300%2C158&amp;ssl=1 300w\" sizes=\"auto, (max-width: 624px) 100vw, 624px\" \/><\/figure>\n\n\n\n<p><a href=\"https:\/\/courrierdeuropecentrale.fr\/droits-des-femmes-la-pologne-en-marge-a-lest-du-nouveau-12\/\">Droits des femmes : la Pologne en marge ? \u00c0 l\u2019Est du nouveau #12<\/a> (Le Courrier d\u2019Europe centrale)<\/p>\n\n\n\n<p><a href=\"https:\/\/europe-solidaire.us8.list-manage.com\/track\/click?u=5c732dd5ee65845cf20fd724a&amp;id=9f069faacf&amp;e=5df9c98670\">Au Ghana, un projet de loi homophobe made in USA<\/a> (ESSF)<\/p>\n\n\n\n<p>Analyse<\/p>\n\n\n\n<p><a href=\"https:\/\/theconversation.com\/fictions-pour-la-jeunesse-les-nouvelles-hero-nes-cassent-elles-vraiment-les-stereotypes-de-genre-169681\">Fictions pour la jeunesse&nbsp;: les nouvelles h\u00e9ro\u00efnes cassent-elles les st\u00e9r\u00e9otypes de genre&nbsp;?<\/a> (The Conversation)<\/p>\n\n\n\n<figure class=\"wp-block-image is-resized is-style-default\"><img data-recalc-dims=\"1\" loading=\"lazy\" decoding=\"async\" src=\"https:\/\/i0.wp.com\/images.theconversation.com\/files\/431055\/original\/file-20211109-15-1w1ne3x.jpg?resize=484%2C324&#038;ssl=1\" alt=\"\" width=\"484\" height=\"324\"\/><\/figure>\n\n\n\n<p><a href=\"https:\/\/europe-solidaire.us8.list-manage.com\/track\/click?u=5c732dd5ee65845cf20fd724a&amp;id=7537f27ba7&amp;e=5df9c98670\">Charte des gyn\u00e9cologues (France) : beaucoup de bruit pour rien<\/a> (ESSF)<\/p>\n\n\n\n<p><a href=\"https:\/\/www.lesnouvellesnews.fr\/on-ne-tue-jamais-par-amour-et-autres-messages\/\">\u00ab On ne tue jamais par amour \u00bb et autres messages<\/a> (Les Nouvelles News)&nbsp;<\/p>\n\n\n\n<p><strong><a href=\"https:\/\/blogs.mediapart.fr\/jean-marc-b\/blog\/221121\/le-dictionnaire-et-la-chicoree\">Le dictionnaire et la chicor\u00e9e* <\/a>(L\u2019Anticapitaliste)<\/strong><\/p>\n\n\n\n<figure class=\"wp-block-image is-resized is-style-default\"><img data-recalc-dims=\"1\" loading=\"lazy\" decoding=\"async\" src=\"https:\/\/i0.wp.com\/static.mediapart.fr\/etmagine\/default\/files\/2021\/11\/22\/ecriture-inclusive-ne-boudons-pas-notre-plaisir-995x1024.jpg?resize=321%2C330&#038;ssl=1\" alt=\"ecriture-inclusive-ne-boudons-pas-notre-plaisir-995x1024\" width=\"321\" height=\"330\"\/><\/figure>\n\n\n\n<p><a href=\"https:\/\/www.franceculture.fr\/emissions\/les-pieds-sur-terre\/contraception-masculine-innovations\">Hommes contracept\u00e9s<\/a> (France Culture)<\/p>\n\n\n\n<p><a href=\"https:\/\/dijoncter.info\/ecriture-inclusive-pourquoi-et-comment-s-y-mettre-3245\">\u00c9criture inclusive&nbsp;: pourquoi et comment s\u2019y mettre<\/a> (Dijoncter)<\/p>\n\n\n\n<p><strong><a href=\"https:\/\/francoisruffin.fr\/actu\/blog\/\" title=\"https:\/\/francoisruffin.fr\/actu\/blog\/\">Debout les femmes &#8211; film de Gilles Perret et Fran\u00e7ois Ruffin <\/a>&#8211; Blog F. Ruffin<\/strong><\/p>\n\n\n\n<figure class=\"wp-block-image is-style-default\"><img data-recalc-dims=\"1\" decoding=\"async\" src=\"https:\/\/i0.wp.com\/francoisruffin.fr\/wp-content\/uploads\/2021\/08\/Affiche-BasDef-e.jpg?w=1200&#038;ssl=1\" alt=\"Affiche debout les femmes film\"\/><\/figure>\n\n\n\n<p> <span style=\"color:#a30500\" class=\"has-inline-color\"><strong>22 novembre en continu<\/strong><\/span><\/p>\n\n\n\n<p><strong><a href=\"https:\/\/blogs.mediapart.fr\/jean-marc-b\/blog\/211121\/nous-toutes-marche-contre-la-violence-faite-aux-femmes-paris-video\">\u00abNous toutes\u00bb : marche contre la violence faite aux femmes \u00e0 Paris &#8211;<\/a>vid\u00e9o RT<a href=\"https:\/\/blogs.mediapart.fr\/jean-marc-b\/blog\/211121\/nous-toutes-marche-contre-la-violence-faite-aux-femmes-paris-video\">&nbsp;<\/a><\/strong><\/p>\n\n\n\n<figure class=\"wp-block-image is-resized is-style-default\"><img loading=\"lazy\" decoding=\"async\" src=\"https:\/\/pbs.twimg.com\/media\/FEpJSQ_WUAcNfN9?format=jpg&amp;name=small\" alt=\"Image\" width=\"475\" height=\"356\"\/><\/figure>\n\n\n\n<p><a href=\"https:\/\/www.mediapart.fr\/journal\/france\/211121\/paris-un-rassemblement-pour-commemorer-les-personnes-trans-assassinees\">\u00c0 Paris, un rassemblement pour comm\u00e9morer les personnes trans assassin\u00e9es<\/a> (M\u00e9diapart)<\/p>\n\n\n\n<p><a href=\"https:\/\/www.boursorama.com\/actualite-economique\/actualites\/irak-le-mariage-d-une-fillette-de-12-ans-suscite-des-remous-4c30227b4a0471fc231d7cdf10bff830\">Irak: le mariage d&rsquo;une fillette de 12 ans suscite des remous<\/a> (AFP)<\/p>\n\n\n\n<p><strong><a href=\"https:\/\/www.mediapart.fr\/journal\/france\/201121\/le-conseil-d-etat-secoue-par-plusieurs-affaires-de-violences-sexuelles\">Le Conseil d\u2019\u00c9tat secou\u00e9 par plusieurs affaires de violences sexuelles<\/a> (M\u00e9diapart)<\/strong><\/p>\n\n\n\n<p><a href=\"https:\/\/www.humanite.fr\/saint-denis-la-maison-des-femmes-un-atelier-pour-se-reparer-apres-les-violences-727810#xtor=RSS-1\">Saint-Denis. \u00c0 la Maison des femmes, un atelier pour se r\u00e9parer apr\u00e8s les violences<\/a> (L\u2019Humanit\u00e9)<\/p>\n\n\n\n<p> <a href=\"https:\/\/solidaires.org\/Bulletin-solidaires-egales-Novembre-2021\">99 femmes tu\u00e9es par leur compagnon ou ex-compagnon en 2021<\/a> (Solidaires)<\/p>\n\n\n\n<p>Analyse<\/p>\n\n\n\n<p><a href=\"https:\/\/www.revuesilence.net\/numeros\/504-Faut-il-vraiment-planter-des-arbres\/debout-les-femmes-de-gilles-perret-et-francois-ruffin\">Debout les femmes&nbsp;! de Gilles Perret et Fran\u00e7ois Ruffin<\/a> (Revue Silence)<\/p>\n\n\n\n<p><a href=\"https:\/\/www.humanite.fr\/harcelement-sexuel-au-travail-peut-compter-sur-le-droit-728263#xtor=RSS-1\">Harc\u00e8lement sexuel au travail : peut-on compter sur le droit ?<\/a>&nbsp; (L\u2019Humanit\u00e9)&nbsp;<\/p>\n\n\n\n<p><a href=\"https:\/\/www.frustrationmagazine.fr\/ambition-intime\/\">\u201cUne ambition intime\u201d : \u201cfemmes puissantes\u201d respectacles au service d\u2019un \u201cf\u00e9minisme\u201d bourgeois<\/a> (Frustration)<\/p>\n\n\n\n<p>&nbsp;<a href=\"https:\/\/email.mg2.substack.com\/c\/eJw9kcmO5CAMhp-muCVi6ywHDn2Z14gccFLMBMiwVClv364qqRGyMPzG9mcLFfeUL3OmUtnLLPU60UR8lgNrxcxawbx4Z4QexTjPijmjnZi-JubLsmXEAP4wNTdkZ1sPb6H6FF8RUs0D5-xuBuXmcRo32KZVK8VHwBVgEHZzVmptP4mhOY_RosEH5itFZIe513qWm_q-yT-0LZw-Y0iPPuWd_C2TgQjHVZBOB3QbBh99eZfQOezo6oT2yFixaxHJiY4k2P1vvqsZKFMhFXY2xeojxtpBwExN-Eg_Mm8kl4LWF1eaK97LHgcnFR-0GAXitOk-PO1-fzz5TfOwy760tVSw_3qbAsvmb1hb3qk3erbJUSFHH7H2Lr1wLSQKLfp6LRhhPdB9SNbPQN5slx0jZhqUW6AaMahh1uOgxIvtGxyh1pprLYVklN0liormF9aWIVI_5QeFLqmb\">La f\u00e9minisation de la pauvret\u00e9, une pand\u00e9mie qui traverse le continent am\u00e9ricain<\/a> (Capire)<\/p>\n\n\n\n<p><strong><a href=\"https:\/\/www.humanite.fr\/feminisme-1971-nous-sommes-toutes-des-avortees-728147\">1971&nbsp;: nous sommes toutes des avort\u00e9es<\/a> (L\u2019Humanit\u00e9)<\/strong><\/p>\n\n\n\n<figure class=\"wp-block-image is-resized is-style-default\"><img loading=\"lazy\" decoding=\"async\" src=\"https:\/\/scontent.ffjr1-2.fna.fbcdn.net\/v\/t39.30808-6\/259476863_4509024232549646_551187711025609779_n.jpg?_nc_cat=109&amp;ccb=1-5&amp;_nc_sid=8bfeb9&amp;_nc_ohc=O5zCUjxGV-sAX_0XnjG&amp;tn=uLj-eC1eyMT_qe3J&amp;_nc_ht=scontent.ffjr1-2.fna&amp;oh=bce750ac7a5ffeee62da0999c413c59b&amp;oe=619EFC5F\" alt=\"Peut \u00eatre une image de 2 personnes et texte qui dit \u2019ETSION SI ON ESSAYAIT UNENOUVELLE POSITION? METS TOI DERRIERE LA TABLET DE REPASSAGE, VAIS \u039c' INSTALLER DANS LEFAUTEUIL!!\u2019\" width=\"349\" height=\"391\"\/><\/figure>\n\n\n\n<p><span style=\"color:#a30500\" class=\"has-inline-color\"><strong>21 novembre en continu<\/strong><\/span><\/p>\n\n\n\n<p><a href=\"https:\/\/www.francetvinfo.fr\/societe\/violences-faites-aux-femmes\/nous-toutes\/direct-contre-les-violences-sexistes-et-sexuelles-des-manifestations-attendues-a-paris-et-dans-plusieurs-villes-de-france_4852227.html\">#N<\/a><strong><a href=\"https:\/\/www.francetvinfo.fr\/societe\/violences-faites-aux-femmes\/nous-toutes\/direct-contre-les-violences-sexistes-et-sexuelles-des-manifestations-attendues-a-paris-et-dans-plusieurs-villes-de-france_4852227.html\">ousToutes : le cort\u00e8ge parisien a rassembl\u00e9 entre 18 000 et 50 000 personnes <\/a>(France Info)<\/strong><\/p>\n\n\n\n<p><a href=\"https:\/\/newsletter.liberation.fr\/m\/surl\/200138\/513169\/xZY3m8lXJ8T3VKCCHXIvVnFKF-B12viezBEiZxMr5xU=\/link_4\/ckG526NHE9ET+7tkBp3WPWygZEFo3pc-JvOR62+vF2RWJA+JaLO99uobWdgBIgwJzeKaH5aB0VDcrK+AFe5dRVCSCDncce+dsDvrvVy4Fn8whtmAfdL0HnhJIlpf31bZBLLjsj-7dj2mJ2bExpzFUb6uihz+w8XAHE-oBFRJNqmK5FjAnpT8QuDe8H88lYc8aowY6n0Wm2vL-+fHsfPRU766d4hmTv7ZyJvz0G391t2JTwQ5z8ARahRTNwJHJUeGa9tbXN6rkZ0pCR6NKNx8fTx-zmqbOSe8X34zkY4LiGxwVrqmbJrj+8UeQ67UOcYPF3BFlfW0BYlEansa7GMF3KSI3aYSkyrnkGWAIptrS1+XnraTkKK2PsjPJTXOECOVwAM9RKIFZ7R7EG93udBc36Y2YBERLEVXqmRw5hvc6gmtbxr9hYw7qQtbe+j1Trnd\">Sandrine Rousseau et #MeTooPolitique : \u00abOn est au dixi\u00e8me de ce qui doit sortir\u00bb<\/a> (Lib\u00e9)<\/p>\n\n\n\n<p><a href=\"https:\/\/newsletter.liberation.fr\/m\/surl\/200138\/513169\/xZY3m8lXJ8T3VKCCHXIvVnFKF-B12viezBEiZxMr5xU=\/link_7\/hVTezHUMAdPVUwtgKz2zT06B2EqUWR5jct4iXxp6e2yGZRHTB9owXpLtNM-T5jtCwUTh0IdbMrp93nfPbqPHf0pBKS40jF1JZhxRQXUaD+MvKdPDcV66grPUuagnXa1Sk5l+rnnKI0x4a3K1qH8nbX1sbU3gSjPudZ4b7bbDAUkjZD9d0Ctz3aet38x05Sj3Si6vp+hch4wRQQK1sijVKSWz9eEO5oW0RCvOxkyefPzsKDzTVLrzMcgFGfwM-GHQj+ESgmfMzF2ICeVVXooXHL5VwSdN+RFbQuarD3XZKk-wf1tLCrbqN64FmLJCCsg4QzUUXIVELFCEMMTVVC0z3VVYXtnqfBzPJL+o3d4Xh81ei9nY4afp-8cJLPZSUv1bx1Dz3C4NXlK8pvRG023dUWRVTYRSj4Y3wRn9GV-uVnI=\">#BalanceTonBar : un boycott pour ne plus noyer le poison <\/a>(Lib\u00e9)<\/p>\n\n\n\n<p><a href=\"https:\/\/europe-solidaire.us8.list-manage.com\/track\/click?u=5c732dd5ee65845cf20fd724a&amp;id=28f1ca57d7&amp;e=5df9c98670\">Gyn\u00e9cologie : \u00ab En justice, les violences obst\u00e9tricales et gyn\u00e9cologiques ne sont pas reconnues \u00bb<\/a> -BISCH Sonia<\/p>\n\n\n\n<p>Analyse<\/p>\n\n\n\n<p><a href=\"https:\/\/newsletter.liberation.fr\/m\/surl\/200138\/513169\/xZY3m8lXJ8T3VKCCHXIvVnFKF-B12viezBEiZxMr5xU=\/link_14\/+8sx4KQ3n6zIsLG-7TfewLq32yKfTp8Oed1yiB-a5zw-fzLr3hG9qME5E2aC4++mX4JZ9ahl2Jc+GUmG6uSQxb5nuo2dQ5O5y0vae0SFRDELRSFlFQKbnNyXSP9EX5NBuv5nMledzQVhda8eXzqv48wINzMNgQu5Z0ZmjSPJ0xt2lChma+elW7wA1EPGgjppYFVRvZrd8NsFoMzeyZFdReo94UDnJJzvIBjdhCTqp2d4FG8mqGpg9D-+HTFEPk0gLwpk9Xnk3RI0bHz0nkNFWpWCBJx256Km3FS0sz4+kkCqRGLpb3AmjIWEg1bzWnFSrQafXxWFS4icD0pGS2Z-04ofzzRpYoisly0sIkBos8sxcijCs7Ei1lgl8B3ddcqWSFYaSQOy8o-A+7709ZMnGubq+tbjBtZShcx7p0QIUZmbCiNykJges65O1ziOK3uWGbf8QyEpfJK81V9yxug+8A==\">Violences faites aux femmes : la \u00abgrande cause du quinquennat\u00bb enterr\u00e9e sous un silence poisseux <\/a>(Lib\u00e9)<\/p>\n\n\n\n<p><a href=\"http:\/\/n0jz.mjt.lu\/lnk\/AUsAAEJpEXAAAcpTTi4AAJthy60AATvgfqIAHmewAAmDVABhmL4443-Mo8GsRnWBDHG_io53qQAJA84\/21\/-y3FGgn0HoPQXSOIVnYB2A\/aHR0cHM6Ly93d3cubGVtZWRpYXR2LmZyL2VtaXNzaW9ucy8yMDIxL3R3aXRjaC1sZS1zZXhpc21lLWV0LWxlcy1ncm9zLXNvdXMteF84SFk4ZW1SaHVybWE3ZmI3SXZmdw\">Twitch, le sexisme, et les gros sous<\/a> (vid\u00e9o Le M\u00e9dia)<\/p>\n\n\n\n<p><a href=\"https:\/\/www.50-50magazine.fr\/2021\/11\/19\/decodix-le-jeu-de-societe-resolument-feministe\/\">D\u00e9codix : le jeu de soci\u00e9t\u00e9 r\u00e9solument f\u00e9ministe<\/a> (50\/50)<\/p>\n\n\n\n<p><strong><a href=\"https:\/\/email.mg2.substack.com\/c\/eJw9kcmOwyAMhp-m3BJBoFkOHOYyrxE54KTMsERAWuXtx2mlkZBlbLz8HwYqbimfek-lssvM9dxRR3wVj7ViZkfBPDurhRrEME2SWa2sGO8jc2VeM2IA53XNB7L9WLwzUF2KV0Unp55z9tCjxN4KmIQQxkww2XWRvYL1Plo59Ct-BsNhHUaDGp-YzxSRef2odS83-XXrvukY2F3GkJ5tyhvd10wGIvizIHkeS7NicNGVQO6e9sMDFZQGa3Ml_UGKSlMzxBLfa8IVtth4aAJk88AmpGgdhSn67kadqDVzuuMd7S_uXCouedu1pKmTvFdiEIjjqtrwMtvj-eI3xcPWteVYSgXz25oUWNY_YTnyRiIpbZLFir6NWFubLm4zPQpHdPWcMcLi0X6Q1s_PvCHPG0bM9GN2hqpFL_tJDb0UF-Q3QWKuFFeqEx2j6TZRVdT_1FbSbcCVP_TDrRA\">Les f\u00e9minismes populaires et les luttes transnationales de la Marche Mondiale des Femmes<\/a> (Capire)<\/strong><\/p>\n\n\n\n<p> <span style=\"color:#a30500\" class=\"has-inline-color\"><strong>20 novembre en continu<\/strong><\/span><\/p>\n\n\n\n<p>DIRECT \u2013 <a href=\"https:\/\/www.facebook.com\/brutofficiel\/videos\/293637469434464\" title=\"https:\/\/www.facebook.com\/brutofficiel\/videos\/293637469434464\">Manifestation : marche contre les violences faites aux femmes \u00e0 Paris<\/a> (vid\u00e9o Brut)<\/p>\n\n\n\n<p><a href=\"https:\/\/www.acrimed.org\/Sexisme-violences-sexuelles-dans-les-medias-Un\">Sexisme, violences sexuelles dans les m\u00e9dias. Un pas en avant, deux pas en arri\u00e8re ?<\/a> (Acrimed)&nbsp;<\/p>\n\n\n\n<p><a href=\"https:\/\/www.revolutionpermanente.fr\/VIDEO-Pinkwashing-et-discours-reactionnaires-quelles-perspectives-pour-le-mouvement-LGBTI-en-2022\">Vid\u00e9o. Pinkwashing et discours r\u00e9actionnaires&nbsp;: quelles perspectives pour le mouvement LGBTI en 2022&nbsp;?<\/a> (RP)<\/p>\n\n\n\n<p><a href=\"http:\/\/r.newsletter.50-50magazine.fr\/mk\/cl\/f\/coqD6jLh02uDp4YwPx9_a9ivSwEZVHtzck3J9fISLmkkYLzIZL-EjxrliBb1GL-OCvcjMxapUCeDqqCRFB1fuhPfcZhtGvkEdYLN_NeVYeuZKkiTPKs1dLvKrMYHhW9CyfMdRh0zkP57dHNQpfxWEopTzKJLG3Un4qjPXg515iHkLZ6uXT1T4xId6Rwc7VCffwffl7HhuoshXT8pTcrTMOn5lAePBrdAt73kMTmgMCIUGx4Bp1KBI-NSoZeH2kGHsLntTaWizYgcWI25lLclhjV3SJYyiOCZUZjfMiAxqw\">Ce que les f\u00e9ministes attendaient de la COP26<\/a> 50\/50)<\/p>\n\n\n\n<p><a href=\"https:\/\/www.50-50magazine.fr\/2021\/11\/16\/petition-feministe-europeenne\/\">P\u00e9tition f\u00e9ministe europ\u00e9enne !<\/a> (50\/50)<\/p>\n\n\n\n<p><a href=\"https:\/\/www.50-50magazine.fr\/2021\/11\/17\/%e2%80%8bplan-prostitution-des-mineur%c2%b7es-des-avancees-reelles-des-questions-en-suspens\/\">Plan prostitution des mineur\u00b7es : des avanc\u00e9es r\u00e9elles, des questions en suspens<\/a> (50\/50)<\/p>\n\n\n\n<pre class=\"wp-block-preformatted has-small-font-size\">Alors que la lutte contre les violences faites aux femmes est cens\u00e9e \u00eatre la \u00ab<em>&nbsp;grande cause du quinquennat<\/em> \u00bb, un viol d\u2019une militaire au sein m\u00eame de l\u2019enceinte de l\u2019Elys\u00e9e a \u00e9t\u00e9 gard\u00e9 dans la plus grande discr\u00e9tion et le secret, aussi bien par le parquet de Paris que par l\u2019Elys\u00e9e lui m\u00eame (<a href=\"https:\/\/www.liberation.fr\/societe\/droits-des-femmes\/violences-faites-aux-femmes-la-grande-cause-du-quinquennat-enterree-sous-un-silence-poisseux-20211115_7L3N7PRI4BEXBFMVBTTYE3YRHI\/\">source<\/a>)<\/pre>\n\n\n\n<p>Analyse<\/p>\n\n\n\n<p><strong><a href=\"https:\/\/lanticapitaliste.org\/arguments\/journee-internationale-de-lutte-contre-les-violences-faites-aux-femmes\">Dossier Journ\u00e9e internationale de lutte contre les violences faites aux femmes<\/a> (L&rsquo;Anticapitaliste)<\/strong><\/p>\n\n\n\n<figure class=\"wp-block-image is-style-default\"><a href=\"https:\/\/lanticapitaliste.org\/arguments\/journee-internationale-de-lutte-contre-les-violences-faites-aux-femmes\"><img data-recalc-dims=\"1\" decoding=\"async\" src=\"https:\/\/i0.wp.com\/lanticapitaliste.org\/sites\/default\/files\/styles\/large\/public\/dossier544_0.jpg?w=1200&#038;ssl=1\" alt=\"\"\/><\/a><\/figure>\n\n\n\n<p><a href=\"https:\/\/rapportsdeforce.fr\/classes-en-lutte\/manifestations-contre-les-violences-faites-aux-femmes-quels-enjeux-111911836\">Manifestations contre les violences faites aux femmes : quels enjeux ?<\/a>  (Rapports de Force)<\/p>\n\n\n\n<p><a href=\"http:\/\/r.newsletter.50-50magazine.fr\/mk\/cl\/f\/owyNPfqMqcamFN3mgtgM7olJHaAmBLF5REdT_EK-6NIkbrp0Ww5kQlNceDThaCU4xryK7wdcrwrunCNXPg0_JEehjOGCvKg0gWROZ1uU6v4tyFNyFUAunCovz6QVzMEaQdQEOpse6dca1N7rY6TvbWvkY-VbmHRbos8xAj0heNSp62vC3IMAH-pqaaeNfYlvJEeFoc9m9rqMcoCVpA6QgDa7JjVoad3WLJkTBuyss_2rXcObfabeykf2vMGuw_ngbkERhYo7JFiRYdc3jlejoahHfkAYZ2bYgkwCcb_hgROUMIgXE4rHSFM\">Violences au travail et violences conjugales: quels liens ?<\/a> (50\/50)<\/p>\n\n\n\n<figure class=\"wp-block-image is-resized is-style-default\"><img loading=\"lazy\" decoding=\"async\" src=\"https:\/\/i2.wp.com\/www.50-50magazine.fr\/_19\/wp-content\/uploads\/2021\/11\/young-woman-gafc7889c8_1920.jpg?fit=650%2C439&amp;ssl=1\" alt=\"violences\" width=\"370\" height=\"250\"\/><\/figure>\n\n\n\n<p><a href=\"https:\/\/www.50-50magazine.fr\/2021\/11\/17\/inceste-violences-sur-les-enfants-lautre-dimension-des-violences-conjugales\/\">Inceste, violences sur les enfants : l\u2019autre dimension des violences conjugales.<\/a> (50\/50)<br><br><a href=\"https:\/\/lanticapitaliste.org\/arguments\/lgbti\/violences-transphobes-entre-chiens-de-garde-et-revolution\">Violences transphobes\u2009: entre chiens de garde et r\u00e9volution<\/a> (Com. intervention f\u00e9ministe NPA)<\/p>\n\n\n\n<p> <span style=\"color:#a30500\" class=\"has-inline-color\"><strong>19 novembre en continu<\/strong><\/span><\/p>\n\n\n\n<p><a href=\"https:\/\/rapportsdeforce.fr\/breves\/ou-aller-manifester-contre-les-violences-faites-aux-femmes-111911847\"><strong>O\u00f9 aller manifester contre les violences fa\u00eetes aux femmes<\/strong><\/a><strong> (Rapports de force)<\/strong><\/p>\n\n\n\n<figure class=\"wp-block-image size-full is-resized is-style-default\"><img data-recalc-dims=\"1\" loading=\"lazy\" decoding=\"async\" src=\"https:\/\/i0.wp.com\/www.rdpemancipation.org\/wp-content\/uploads\/2021\/11\/IMG_1264-820x547-1.jpeg?resize=532%2C355&#038;ssl=1\" alt=\"\" class=\"wp-image-58202\" width=\"532\" height=\"355\" srcset=\"https:\/\/i0.wp.com\/www.rdpemancipation.org\/wp-content\/uploads\/2021\/11\/IMG_1264-820x547-1.jpeg?w=820&amp;ssl=1 820w, https:\/\/i0.wp.com\/www.rdpemancipation.org\/wp-content\/uploads\/2021\/11\/IMG_1264-820x547-1.jpeg?resize=300%2C200&amp;ssl=1 300w, https:\/\/i0.wp.com\/www.rdpemancipation.org\/wp-content\/uploads\/2021\/11\/IMG_1264-820x547-1.jpeg?resize=768%2C512&amp;ssl=1 768w\" sizes=\"auto, (max-width: 532px) 100vw, 532px\" \/><\/figure>\n\n\n\n<p><a href=\"https:\/\/www.50-50magazine.fr\/2021\/11\/19\/nous-marcherons-ensemble-le-20-novembre-contre-toutes-les-violences-sexistes-et-sexuelles\/\">Nous marcherons ensemble le 20 novembre contre toutes les violences sexistes et sexuelles !<\/a>&nbsp; (50\/50)<\/p>\n\n\n\n<p><a href=\"https:\/\/www.50-50magazine.fr\/2021\/11\/15\/60-organisations-appellent-a-manifester-samedi-20-novembre\/\">60 organisations appellent \u00e0 manifester samedi 20 novembre<\/a> (50\/50)<\/p>\n\n\n\n<p><strong><a href=\"https:\/\/lanticapitaliste.org\/videos\/poing-dactu-de-philippe-poutou-ndeg-6-contre-la-transphobie-toutes-mobilisees-le-20-novembre\" title=\"https:\/\/lanticapitaliste.org\/videos\/poing-dactu-de-philippe-poutou-ndeg-6-contre-la-transphobie-toutes-mobilisees-le-20-novembre\">Philippe Poutou: contre la transphobie, touTEs mobilis\u00e9Es le 20 novembre<\/a> -vid\u00e9o<\/strong><\/p>\n\n\n\n<figure class=\"wp-block-image size-full is-resized is-style-default\"><img data-recalc-dims=\"1\" loading=\"lazy\" decoding=\"async\" src=\"https:\/\/i0.wp.com\/www.rdpemancipation.org\/wp-content\/uploads\/2021\/11\/Capture-decran-2021-11-18-a-19.05.58.png?resize=586%2C324&#038;ssl=1\" alt=\"\" class=\"wp-image-58113\" width=\"586\" height=\"324\" srcset=\"https:\/\/i0.wp.com\/www.rdpemancipation.org\/wp-content\/uploads\/2021\/11\/Capture-decran-2021-11-18-a-19.05.58.png?w=698&amp;ssl=1 698w, https:\/\/i0.wp.com\/www.rdpemancipation.org\/wp-content\/uploads\/2021\/11\/Capture-decran-2021-11-18-a-19.05.58.png?resize=300%2C166&amp;ssl=1 300w\" sizes=\"auto, (max-width: 586px) 100vw, 586px\" \/><\/figure>\n\n\n\n<p>Analyse<\/p>\n\n\n\n<p><a href=\"https:\/\/rapportsdeforce.us15.list-manage.com\/track\/click?u=bd72ada2175fe46832afe1373&amp;id=1600af3b1c&amp;e=9ce1596590\"><strong>Manifestations contre les violences faites aux femmes : quels enjeux ?<\/strong><\/a><strong> (Rapports de force)<\/strong><\/p>\n\n\n\n<figure class=\"wp-block-image size-full is-resized is-style-default\"><img data-recalc-dims=\"1\" loading=\"lazy\" decoding=\"async\" src=\"https:\/\/i0.wp.com\/www.rdpemancipation.org\/wp-content\/uploads\/2021\/11\/fem900-820x547-1.png?resize=522%2C348&#038;ssl=1\" alt=\"\" class=\"wp-image-58203\" width=\"522\" height=\"348\" srcset=\"https:\/\/i0.wp.com\/www.rdpemancipation.org\/wp-content\/uploads\/2021\/11\/fem900-820x547-1.png?w=820&amp;ssl=1 820w, https:\/\/i0.wp.com\/www.rdpemancipation.org\/wp-content\/uploads\/2021\/11\/fem900-820x547-1.png?resize=300%2C200&amp;ssl=1 300w, https:\/\/i0.wp.com\/www.rdpemancipation.org\/wp-content\/uploads\/2021\/11\/fem900-820x547-1.png?resize=768%2C512&amp;ssl=1 768w\" sizes=\"auto, (max-width: 522px) 100vw, 522px\" \/><\/figure>\n\n\n\n<p><a href=\"https:\/\/www.humanite.fr\/noustoutes-sur-les-violences-faites-aux-femmes-un-retard-considerable-en-france-728116#xtor=RSS-1\">#NousToutes. \u00ab Sur les violences faites aux femmes, un retard consid\u00e9rable en France \u00bb<\/a> (L\u2019Humanit\u00e9)<\/p>\n\n\n\n<p><a href=\"https:\/\/basta.media\/Porter-plainte-pour-violences-sexistes-et-sexuelles-accueil-commissariat-gendarmerie-NousToutes\">Bien accueillir les victimes de violences sexuelles : \u00e0 quand de vraies formations pour les policiers ? <\/a>(Basta!)<\/p>\n\n\n\n<p><a href=\"https:\/\/lanticapitaliste.org\/arguments\/feminisme\/la-legitime-defense-dans-le-cadre-des-violences-conjugales\">La l\u00e9gitime d\u00e9fense dans le cadre des violences conjugales<\/a> (Com. intervention f\u00e9ministe NPA)<\/p>\n\n\n\n<p><a href=\"https:\/\/www.politis.fr\/articles\/2021\/11\/en-couple-une-femme-sappauvrit-un-homme-senrichit-43804\/\">\u00ab\u2009En couple, une femme s\u2019appauvrit, un homme s\u2019enrichit\u2009\u00bb <\/a>(Politis)<\/p>\n\n\n\n<p><strong><a href=\"https:\/\/radioparleur.net\/2021\/10\/25\/sortir-lamour-du-patriarcat-avec-mona-chollet\/\">Sortir l\u2019amour du patriarcat, avec Mona Chollet<\/a>&nbsp; (Radioparleur)<\/strong><\/p>\n\n\n\n<p><a href=\"https:\/\/www.lesnouvellesnews.fr\/dans-la-presse-ecrite-le-sexisme-se-porte-toujours-bien\/\">Dans la presse \u00e9crite, le sexisme se porte toujours bien<\/a> (Les Nouvelles News)<\/p>\n\n\n\n<p><a href=\"https:\/\/radioparleur.net\/2021\/09\/15\/eveil-juliette-mancini-feminite-injonctions\/\">Eveils : la BD qui questionne la f\u00e9minit\u00e9, les corps et leurs injonctions<\/a>&nbsp; (Radioparleur)<\/p>\n\n\n\n<p><a href=\"https:\/\/www.humanite.fr\/la-fondation-des-femmes-sengage-pour-lhebergement-durgence-728195\">La fondation des femmes s\u2019engage pour l\u2019h\u00e9bergement d\u2019urgence<\/a> (L\u2019Humanit\u00e9)<\/p>\n\n\n\n<p><a href=\"https:\/\/theconversationfrance.cmail20.com\/t\/r-l-trijlrtt-bljhhjjkyu-q\/\">Entre mode et religion, un corps \u00e0 corps riche de sens<\/a> (The Conversation)<\/p>\n\n\n\n<figure class=\"wp-block-image is-resized is-style-default\"><img data-recalc-dims=\"1\" loading=\"lazy\" decoding=\"async\" src=\"https:\/\/i0.wp.com\/images.theconversation.com\/files\/432205\/original\/file-20211116-15-9pzlup.jpg?resize=547%2C383&#038;ssl=1\" alt=\"\" width=\"547\" height=\"383\"\/><\/figure>\n\n\n\n<p><strong><a href=\"https:\/\/lanticapitaliste.org\/arguments\/feminisme\/penser-ensemble-le-genre-la-classe-et-la-race-le-cas-du-travail-reproductif\">Penser ensemble le genre, la classe et la race\u2009: le cas du travail reproductif<\/a> (Com. interv. f\u00e9ministe NPA)<\/strong><\/p>\n\n\n\n<figure class=\"wp-block-image is-resized is-style-default\"><img data-recalc-dims=\"1\" loading=\"lazy\" decoding=\"async\" src=\"https:\/\/i0.wp.com\/lanticapitaliste.org\/sites\/default\/files\/styles\/largeur_content_hauteur_complet\/public\/14_-_france_-_feminist_strike_-_img_0999-modifier.jpg?resize=546%2C363&#038;ssl=1\" alt=\"\" width=\"546\" height=\"363\"\/><\/figure>\n\n\n\n<p>  <span style=\"color:#a30500\" class=\"has-inline-color\"><strong>18 novembre en continu<\/strong><\/span>  <\/p>\n\n\n\n<p><a href=\"https:\/\/email.mg2.substack.com\/c\/eJxlkk1zmzAQhn-NuZlBHxg4cHDjpKGNSd06nuALI6S1rRgkLIk48OsrN710qllpZqV3tTv7LGcOjtqMea-tC25H7cYecgVX24JzYILBgqmlyBFNUJJlJBA5FSiN00Da-mAAOibb3JkBgn5oWsmZk1rdIjDJFlEUnHIM4KN5xqGJGIs4pYIfGGpSmqYZE-QzMRuEBMUhh3cwo1YQtPnJud7OyHKGH7xx1ksDnX4_GKY4kza0Q2Md4-eQ684Ler_FrSA1bwdfvZ0z5aQdrYNOXgbv93owM_Lg9BnUjKxg_IY43o2vuD0Xb_qjXPGPcjrH6_Eq-ddsEg9Zv78rFuVqM65XL6Tc3tuia0_C36231VRO9_HzdnO96dlrOfk_JH_cyadtMT1vq-v6rrCFKlEli0WhvrxzsnG8250q8rNvMJWHTdhWc3JZJi-77UKP-8vStD_w_nGai-Pb0yUlT-h7VFXx_peEcyBzHGHkVxohsqAoxCGNeIJEgtOoiSk90HCcDm5CVM1o1B3xPx0KTP7WNYM5-lb7Z64FOGhDBS4U-kav9qJuUNKNNSjWtCA-wbrP-fiDuj6CAuPnRtTM5WhBEpRlNCJx_JejJ08pjuIkRoHPLvSNR_4fu9-2lNmu\"><strong>Demain : Webinaire \u00ab\u00a0Luttes antisyst\u00e9miques pour vivre sans violence\u00a0\u00bb<\/strong><\/a><strong> (Capire)<\/strong><\/p>\n\n\n\n<p><a href=\"https:\/\/basta.media\/vers-une-internationale-feministe-rencontre-cantines-syriennes-Montreuil\">Vers une Internationale f\u00e9ministe, rencontres-<\/a> (Basta)<\/p>\n\n\n\n<p><strong><a href=\"https:\/\/www.francetvinfo.fr\/societe\/education\/ecriture-inclusive\/le-robert-ajoute-le-mot-iel-dans-son-edition-en-ligne-et-se-defend-d-avoir-ete-atteint-de-wokisme_4848405.html\">Le Robert ajoute le mot \u00ab\u00a0iel\u00a0\u00bb dans son \u00e9dition en ligne et se d\u00e9fend d&rsquo;avoir \u00e9t\u00e9 \u00ab\u00a0atteint de &lsquo;wokisme'\u00a0\u00bb<\/a> (France Info)<\/strong><\/p>\n\n\n\n<p><strong><a href=\"https:\/\/lanticapitaliste.org\/actualite\/lgbti\/le-20-novembre-le-tdor-la-transphobie-tue\">Le 20 novembre, le TDOR : la transphobie tue<\/a> (Commission LGBTI du NPA)<\/strong><\/p>\n\n\n\n<figure class=\"wp-block-image is-resized is-style-default\"><img data-recalc-dims=\"1\" loading=\"lazy\" decoding=\"async\" src=\"https:\/\/i0.wp.com\/lanticapitaliste.org\/sites\/default\/files\/styles\/largeur_content_hauteur_complet\/public\/transphobie-dr.jpeg?resize=420%2C315&#038;ssl=1\" alt=\"\" width=\"420\" height=\"315\"\/><\/figure>\n\n\n\n<p><a href=\"https:\/\/lanticapitaliste.org\/arguments\/feminisme\/violences-faites-aux-femmes-ca-suffit\">Violences faites aux femmes\u2009: \u00e7a suffit\u2009!<\/a> (Com. intervention f\u00e9ministe NPA)<\/p>\n\n\n\n<p><a href=\"https:\/\/www.50-50magazine.fr\/2021\/10\/27\/monique-dental-esparraguera-lhistoire-du-patriarcat-se-confond-avec-lhistoire-des-colonisations\/\">Monique Dental-Esparraguera&nbsp;: \u00abl\u2019histoire du patriarcat se confond avec l\u2019histoire des colonisations\u00bb<\/a> (50\/50)<\/p>\n\n\n\n<p><a href=\"https:\/\/www.50-50magazine.fr\/2021\/10\/26\/pour-linstauration-dun-veritable-paradigme-paritaire-et-inclusif-dans-la-fonction-publique\/\">Pour l\u2019instauration d\u2019un v\u00e9ritable paradigme paritaire et inclusif dans la fonction publique<\/a> (50\/50)<\/p>\n\n\n\n<p> <span style=\"color:#a30500\" class=\"has-inline-color\"><strong>17 novembre en continu<\/strong><\/span> <\/p>\n\n\n\n<p><strong><a href=\"https:\/\/blogs.mediapart.fr\/jean-marc-b\/blog\/161121\/contre-les-violences-sexuelles-et-sexistes-organisons-nous-pour-changer-la-societe\">Contre les violences sexuelles et sexistes, organisons-nous pour changer la soci\u00e9t\u00e9 ! <\/a>(L\u2019Anticapitaliste)<\/strong><\/p>\n\n\n\n<p><a href=\"https:\/\/www.francetvinfo.fr\/sports\/foot\/premier-league\/quatre-questions-sur-le-footballeur-francais-benjamin-mendy-accuse-de-six-viols-et-une-agression-sexuelle-en-angleterre_4846929.html\">Quatre questions sur le footballeur Benjamin Mendy, accus\u00e9 de six viols et une agression sexuelle<\/a> (France Info)<\/p>\n\n\n\n<p><a href=\"https:\/\/www.francetvinfo.fr\/societe\/violences-faites-aux-femmes\/jean-charles-alimi-le-chirurgien-qui-sauve-les-femmes-africaines-de-l-exclusion_4845635.html\">Jean-Charles Alimi, le chirurgien qui sauve les femmes africaines de l&rsquo;exclusion<\/a> (France Info)<\/p>\n\n\n\n<p><a href=\"https:\/\/www.lesnouvellesnews.fr\/metoopolitique-a-peine-lance-deja-hacke\/\">MetooPolitique : \u00e0 peine lanc\u00e9, d\u00e9j\u00e0 hack\u00e9<\/a> (Les Nouvelles News)<\/p>\n\n\n\n<p><strong><a href=\"https:\/\/theconversationfrance.cmail20.com\/t\/r-l-trildrx-bljhhjjkyu-n\/\">Handicap&nbsp;: enqu\u00eate Nlle-Aquitaine r\u00e9v\u00e8le une femme sur deux a subi violences sexuelles<\/a> (The Conversation)<\/strong><\/p>\n\n\n\n<figure class=\"wp-block-image is-resized is-style-default\"><img data-recalc-dims=\"1\" loading=\"lazy\" decoding=\"async\" src=\"https:\/\/i0.wp.com\/images.theconversation.com\/files\/430267\/original\/file-20211104-17-j8d0uo.jpeg?resize=451%2C297&#038;ssl=1\" alt=\"\" width=\"451\" height=\"297\"\/><\/figure>\n\n\n\n<p><a href=\"https:\/\/email.mg2.substack.com\/c\/eJw9kcuu4yAMhp-m7BJxO6RdsJjNvEZEwEmZ4RKBk6pvP04rDUIWtn_b8OEdwlbb2-61I7vMjO8dbIFXT4AIjR0d2hyDFXoS0-OhWLA6iPvPncU-rw0gu5gstgPYfiwpeoexlqtCqofhnD0tBzVxIQ2sfuXg5SKMDy4scnLGBGW-g90RIhQPFk5o71qAJftE3PtN_brJ37S922ODXM-xto38tZHJR8KYIUQ3fPzNJWgRrgxJST-c8XQFYUjQh0YTasFGx0ixVj63dVcqkMIN2TX_hCHXQh0TULQPK-QMnTqyaCWXgtYPV5orPsoRTJCKGy0mAXBf9ZhffnueL37TPG9y7MfS0fm_o6-ZNfsnL0fb6K2U9jUAQhoL4BjqhW8mUT5KxPcMxS0Jwpcsfj_ow3reoECjjwuzQyuMMg89GSUu1h-QhF5rrrUUktH0UKmq2P_w1uaKd7H_A715r3g\">D\u00e9couvrez dans cette galerie images et r\u00e9cits de l&rsquo;histoire de la Marche Mondiale des Femmes<\/a>&nbsp; (Capire)<\/p>\n\n\n\n<p>Analyse<\/p>\n\n\n\n<p>&nbsp;<a href=\"https:\/\/email.mg2.substack.com\/c\/eJw9kUuu4yAQRVcTZrYAEzseMHiTtw2Lz7VDNwaLTyLvvnEiNSqVVEVd3eJgVMEW0ymPmAu50lLOAzLgnT1KQSI1Iy3OSiYmNs3zQKwUlj3uD-LysiZgV87LkirIUbV3RhUXw6XgwzxSSp5yXYUWlCmuR2hD9TSPqxXrrEZqjZjE11hV6xAMJF5IZwwgXj5LOfJt-Lnx3xZGHS5hj68-pq3Va7qa1Zea0H2KHI-nU51Ft8P72OmEMyB1KtiEjNAdEdmhQ-kSXtHXa9emI05yylk7dzoIOtCe9xgtH-go2MSAxyr6_W225-tNb4LuG-9z1bko87c3cSdJ_tl1TVt7RLs20aLA9wGlt_HisrShvQZXzgVBaQ_7RVa-5D8Qlw1t1_YjdlFFsnEYZzGNA7sgfgg1pkJQITjjpLnb2FRB_qeyJhWMcvkf6dOg-g\">Sophia de Mello Breyner Andresen : Po\u00e9sie et r\u00e9volution<\/a> (Capire)<\/p>\n\n\n\n<p><a href=\"https:\/\/www.50-50magazine.fr\/2021\/10\/28\/fawzia-zouari-oui-on-peut-etre-feministe-et-musulmane-laique\/\">Fawzia Zouari : \u00ab&nbsp;oui on peut \u00eatre f\u00e9ministe et musulmane la\u00efque&nbsp;\u00bb<\/a> (50\/50)<\/p>\n\n\n\n<p><a href=\"https:\/\/theconversationfrance.cmail20.com\/t\/r-l-trildrx-bljhhjjkyu-w\/\">Diff\u00e9rences c\u00e9r\u00e9brales entre les&nbsp;sexes ne&nbsp;se&nbsp;r\u00e9duisent pas aux diff\u00e9rences de&nbsp;taille du&nbsp;corps<\/a> (The Conversation)<\/p>\n\n\n\n<p><a href=\"https:\/\/blogs.mediapart.fr\/maelissma\/blog\/141121\/l-ecriture-inclusive-ou-l-aberration-inclusive-wittig-et-la-pensee-straight\">L\u2019\u00e9criture inclusive ou l&rsquo;\u00ab&nbsp;aberration inclusive&nbsp;\u00bb&nbsp;? Wittig et La pens\u00e9e straight <\/a>-Maelissma<\/p>\n\n\n\n<p> <span style=\"color:#a30500\" class=\"has-inline-color\"><strong>16 novembre en continu<\/strong><\/span> <\/p>\n\n\n\n<p><strong><a href=\"https:\/\/www.liberation.fr\/societe\/droits-des-femmes\/violences-faites-aux-femmes-la-grande-cause-du-quinquennat-enterree-sous-un-silence-poisseux-20211115_7L3N7PRI4BEXBFMVBTTYE3YRHI\/\">Droits des femmes, la grande cause du quinquennat enterr\u00e9e sous un silence poisseux<\/a> (Lib\u00e9ration)<\/strong><\/p>\n\n\n\n<pre class=\"wp-block-preformatted has-normal-font-size\">Google manipule: lorsque nous avons cherch\u00e9 \u00ab&nbsp;avortement&nbsp;\u00bb pour Google en Pologne, tous les r\u00e9sultats portent sur les fausses couches, et jamais le sujet de l\u2019avortement n\u2019est abord\u00e9.<\/pre>\n\n\n\n<p><a href=\"https:\/\/www.50-50magazine.fr\/2021\/11\/02\/chronique-laire-du-psy-debout-les-femmes-allons-nous-suivre-cet-appel\/\">Chronique l\u2019aire du psy&nbsp;: Debout les femmes&nbsp;! Allons nous suivre cet appel&nbsp;?<\/a> (50\/50)<\/p>\n\n\n\n<p>Analyse<\/p>\n\n\n\n<p><a href=\"https:\/\/www.50-50magazine.fr\/2021\/10\/29\/radicales-et-fluides-les-mobilisations-contemporaines-contre-les-injustices\/\">Radicales et fluides : Les mobilisations contemporaines contre les injustices<\/a> (50\/50)<\/p>\n\n\n\n<p><a href=\"http:\/\/www.regards.fr\/politique\/societe\/article\/violences-sexistes-et-sexuelles-le-monde-politique-est-encore-celui-qui-se\">Violences sexistes et sexuelles : Le monde politique est encore celui qui se croit le plus intouchable <\/a>(Regards)<\/p>\n\n\n\n<p><a href=\"https:\/\/www.revue-farouest.fr\/articles\/nouveaux-cycles-lever-les-tabous-sur-la-sante-feminine\/\">Nouveaux cycles : lever les tabous sur la sant\u00e9 f\u00e9minine<\/a> (Far Ouest)<\/p>\n\n\n\n<p><a href=\"https:\/\/email.mg2.substack.com\/c\/eJw9kUmO5CAQRU-T7LCY7LQXLGrT17AwBE66GSwGZ_v2hSulQigEMfCJF1pV2FO-5JFKRbdZ63WAjPAuHmqFjFqBvDojqXjS57JwZKQwdB5n5MpqM0BQzsuaG6Cjbd5pVV2KdwXjy0QIekkBgi3WinGcN0Ws5WRbKCzjCMJqQuaPsGrGQdQg4YR8pQjIy1etR3nwrwf707dWh8sQ0jmkvPe7zd1ArBnOBv3ooquuy5-Aj9Qy9gofyv3HFkIPlQq3p0DzgEvy7f4n7lrdrxoOzruqsisBMJSKzYVDJ5ABWxf748hJRhjtayRcEE4GNsBkGCeToE8KMFsxhLfeX-ebPAQJOxtK20pV-t-gU0BZ_g1by3vvs4d1MlDBDxHqYNKNbu1JofUWrhWi2jyYD9X6Gc4P53WHCLkPzayqSjrxaRHPidOb8w_Ejl0IIgSjDHV1k3pVlL_gbFZRK1e-AaYJre4\">Initiative pour la paix f\u00e9ministe: La seule solution verte au militarisme est d\u2019y mettre fin <\/a>-Kitzia Esteva- Martinez<\/p>\n\n\n\n<p><a href=\"https:\/\/email.mg2.substack.com\/c\/eJw9kcvO4yAMhZ-m7BJxa5osWPybeY2IwEnKDIEMl1Z5-yGtNAhZNuBj_Nnogi2mUx0xF3KZuZwHVMA7e5SCRGpGmp1VTD7YY5oEsUpaNt5H4vK8JmDXzquSKshRF--MLi6GK4OLaaCUPJVho8Eg9MLvlk9igV4MnZgYRzpOi5Hfwrpah2Cg8EI6YwDx6lnKkW_i58Z_tW304RL2-Opj2lq8pmZ00P7MaJ5F7g7tkYsLTSm08G91ncWKYBFK56Fr53XX2kroUC7_5dCZGEo78NGYeny-37mcNPxHpSkTpzjlrK07FZIK2vMeg-WCDpI9GDCust_fZnu-3vQm6b7xPtclF23-9CbuJKnf-1LT1nps1yZaFPg-oPQ2Xtjm9mivwZVzRtCLh_0SLd_BfBjPGwJSG5iddVFsEMMkH4NgF-MPwIZcSiolZ5y06ja2rKD-Q1uTDka7_A-z0qxR\">Des Palestiniennes qui d\u00e9fendent l\u2019eau, la terre et la vie contre l\u2019occupation isra\u00e9lienne<\/a> (Capire)<\/p>\n\n\n\n<p>&nbsp;<a href=\"https:\/\/www.liberation.fr\/societe\/sante\/balancetonbar-la-soumission-chimique-emprises-en-substances-20211113_TQAHJUL2GFHXJOVSWXPBXVLNCU\/\">#BalanceTonBar&nbsp;: la soumission chimique, emprises en substances<\/a> (Lib\u00e9)<\/p>\n\n\n\n<p><strong><a href=\"https:\/\/theconversation.com\/inegalites-femmes-hommes-tout-ce-que-les-chiffres-ne-nous-disent-pas-171040\">In\u00e9galit\u00e9s femmes-hommes&nbsp;: tout ce que les chiffres ne nous disent pas<\/a> (The Conversat<\/strong>ion)<\/p>\n\n\n\n<p><span style=\"color:#a30500\" class=\"has-inline-color\"><strong>15 novembre en continu<\/strong><\/span><\/p>\n\n\n\n<p><a href=\"https:\/\/www.theguardian.com\/us-news\/2021\/nov\/14\/ghislaine-maxwell-goes-on-trial-after-15-months-jeffrey-epstein?CMP=Share_iOSApp_Other\">Ouverture du proc\u00e8s de Ghislaine Maxwell<\/a> (anglais -The Guardian)<\/p>\n\n\n\n<p><a href=\"https:\/\/www.50-50magazine.fr\/2021\/11\/12\/christian-merlin-le-philharmonique-de-vienne-fonde-en-1842-a-titularise-sa-premiere-musicienne-en-1997\/\">Le Philharmonique de Vienne, fond\u00e9 en 1842, a titularis\u00e9 sa premi\u00e8re musicienne en\u2026 1997 !<\/a> (50\/50)<\/p>\n\n\n\n<p>Analyse<\/p>\n\n\n\n<p><a href=\"https:\/\/www.50-50magazine.fr\/2021\/11\/10\/maternite-paternite-parite\/\">Maternit\u00e9, Paternit\u00e9, Parit\u00e9<\/a> (50\/50)<\/p>\n\n\n\n<pre class=\"wp-block-preformatted has-normal-font-size\">\u00ab&nbsp;Si une femme mari\u00e9e attend un enfant, que le mari veut le garder mais elle non, elle a le dernier mot&nbsp;: \u00e7a, \u00e7a veut dire que le patriarcat n\u2019existe plus.&nbsp;\u00bb (15\/09\/2021, France Inter) -Alain Finkielkraut<\/pre>\n\n\n\n<p><a href=\"https:\/\/www.50-50magazine.fr\/2021\/11\/08\/les-oubliees-des-manuels-dhistoire-2-2\/\">Les oubli\u00e9es des manuels d\u2019histoire 2\/2<\/a> (50\/50)<\/p>\n\n\n\n<figure class=\"wp-block-image is-resized is-style-default\"><img loading=\"lazy\" decoding=\"async\" src=\"https:\/\/i1.wp.com\/www.50-50magazine.fr\/_19\/wp-content\/uploads\/2021\/10\/Theroigne_de_Mericourt_whipped_by_a_group_of_Parisian_Jacobin_women_16th_May_1793.jpg?fit=650%2C574&amp;ssl=1\" alt=\"\" width=\"419\" height=\"370\"\/><\/figure>\n\n\n\n<p><strong><a href=\"https:\/\/www.50-50magazine.fr\/2021\/11\/04\/genre-et-climat\/\">Genre et Climat<\/a> (50\/50)<\/strong><\/p>\n\n\n\n<p><span style=\"color:#a30500\" class=\"has-inline-color\"><strong>14 novembre en continu<\/strong><\/span><\/p>\n\n\n\n<p><a href=\"https:\/\/www.francetvinfo.fr\/societe\/violences-faites-aux-femmes\/balance-ton-bar-un-rassemblement-a-bruxelles-pour-denoncer-les-violences-sexuelles-dans-le-monde-de-la-nuit_4843623.html\">\u00ab\u00a0Balance ton bar\u00a0\u00bb: rassemblement Bruxelles pour d\u00e9noncer violences sexuelles dans monde nuit<\/a> (France Info)<\/p>\n\n\n\n<p><a href=\"https:\/\/www.francetvinfo.fr\/societe\/justice\/affaire-outreau\/franck-lavier-acquitte-dans-l-affaire-d-outreau-est-renvoye-devant-les-assises-pour-viol_4842729.html\">Franck Lavier, acquitt\u00e9 dans l&rsquo;affaire d&rsquo;Outreau, est renvoy\u00e9 devant les assises pour viol<\/a> (France Info)<\/p>\n\n\n\n<p><strong><a href=\"https:\/\/www.50-50magazine.fr\/2021\/10\/25\/rapport-sur-les-violences-vecues-par-les-femmes-et-par-les-hommes-en-idf\/\">Rapport sur les violences v\u00e9cues par les femmes et par les hommes en IDF<\/a> (50\/50<\/strong>)<\/p>\n\n\n\n<p><a href=\"https:\/\/www.50-50magazine.fr\/2021\/10\/20\/exigeons-la-suspension-du-professeur-darai\/\">Exigeons la suspension du professeur Dara\u00ef !<\/a> (50\/50)<\/p>\n\n\n\n<figure class=\"wp-block-image is-resized is-style-default\"><img loading=\"lazy\" decoding=\"async\" src=\"https:\/\/i0.wp.com\/www.50-50magazine.fr\/_19\/wp-content\/uploads\/2021\/10\/Hopital-Tenon-gyneco-333.jpg?fit=650%2C478&amp;ssl=1\" alt=\"\" width=\"403\" height=\"296\"\/><\/figure>\n\n\n\n<p><a href=\"https:\/\/www.francetvinfo.fr\/sports\/foot\/football-l-arabie-saoudite-va-lancer-un-championnat-feminin_4843683.html\">Football : l&rsquo;Arabie saoudite va lancer un championnat f\u00e9minin<\/a> (France Info)<\/p>\n\n\n\n<p>Analyse<\/p>\n\n\n\n<p><a href=\"https:\/\/www.boursorama.com\/videos\/actualites\/sur-les-traces-des-signares-du-senegal-femmes-puissantes-du-temps-des-comptoirs-e4aa3d5b8af9950003dc0a27ba234c60\">Sur les traces des signares du S\u00e9n\u00e9gal, femmes puissantes du temps des comptoirs<\/a> (AFP vid\u00e9o)<\/p>\n\n\n\n<p><strong><a href=\"https:\/\/www.50-50magazine.fr\/2021\/10\/20\/quest-ce-quetre-un-homme-en-2021\/\">Qu\u2019est ce qu\u2019\u00eatre un homme en 2021 ?<\/a> (50\/50)<\/strong><\/p>\n\n\n\n<p><a href=\"https:\/\/www.frustrationmagazine.fr\/ambition-intime\/\">\u201cUne ambition intime\u201d : \u201cfemmes puissantes\u201d respectacles au service d\u2019un \u201cf\u00e9minisme\u201d bourgeois<\/a> (Frustration)<\/p>\n\n\n\n<p><span style=\"color:#a30500\" class=\"has-inline-color\"><strong>13 novembre en continu<\/strong><\/span><\/p>\n\n\n\n<p><a href=\"https:\/\/www.francetvinfo.fr\/culture\/cinema\/luc-besson\/accusations-de-viol-contre-luc-besson-l-actrice-sand-van-roy-a-ete-effacee-du-film-anna-apres-avoir-porte-plainte_4842489.html\">Accusations contre Besson : actrice Sand Van Roy effac\u00e9e du film \u00ab\u00a0Anna\u00a0\u00bb apr\u00e8s avoir port\u00e9 plainte<\/a> (France Info)<\/p>\n\n\n\n<figure class=\"wp-block-image is-resized is-style-default\"><img data-recalc-dims=\"1\" loading=\"lazy\" decoding=\"async\" src=\"https:\/\/i0.wp.com\/www.francetvinfo.fr\/pictures\/k2KdwumX7Kza1itfjFOyEzCsV60\/752x423\/2021\/11\/12\/phpXToE4Z.jpg?resize=508%2C286&#038;ssl=1\" alt=\"L'actrice belgo-n\u00e9erlandaise, Sand Van Roy, pose au festival de Cannes, le 19 mai 2019, avec un tatouage o\u00f9 l'on peut lire &quot;Stop aux violences contre les femmes&quot;. (CHRISTOPHE SIMON \/ AFP)\" width=\"508\" height=\"286\"\/><\/figure>\n\n\n\n<p><a href=\"https:\/\/www.francetvinfo.fr\/societe\/justice\/affaire-outreau\/franck-lavier-acquitte-dans-l-affaire-d-outreau-est-renvoye-devant-les-assises-pour-viol_4842729.html\">Franck Lavier, acquitt\u00e9 dans l&rsquo;affaire d&rsquo;Outreau, est renvoy\u00e9 devant les assises pour viol<\/a> (France Info)<\/p>\n\n\n\n<p><a href=\"https:\/\/www.frustrationmagazine.fr\/ambition-intime\/\">\u201cUne ambition intime\u201d : \u201cfemmes puissantes\u201d respectacles au service d\u2019un \u201cf\u00e9minisme\u201d bourgeois<\/a> (Frustration)<\/p>\n\n\n\n<p><strong><a href=\"https:\/\/www.boursorama.com\/videos\/actualites\/sur-les-traces-des-signares-du-senegal-femmes-puissantes-du-temps-des-comptoirs-e4aa3d5b8af9950003dc0a27ba234c60\">Sur les traces des signares du S\u00e9n\u00e9gal, femmes puissantes du temps des comptoirs<\/a> (AFP vid\u00e9o)<\/strong><\/p>\n\n\n\n<p><a href=\"https:\/\/www.50-50magazine.fr\/2021\/11\/02\/chronique-laire-du-psy-debout-les-femmes-allons-nous-suivre-cet-appel\/\">Chronique l\u2019aire du psy&nbsp;: Debout les femmes&nbsp;! Allons nous suivre cet appel&nbsp;?<\/a> (50\/50)<\/p>\n\n\n\n<p><a href=\"https:\/\/www.50-50magazine.fr\/2021\/10\/29\/radicales-et-fluides-les-mobilisations-contemporaines-contre-les-injustices\/\">Radicales et fluides : Les mobilisations contemporaines contre les injustices<\/a> (50\/50)<\/p>\n\n\n\n<p><strong><a href=\"https:\/\/www.50-50magazine.fr\/2021\/11\/03\/crips-comment-eduquer-les-jeunes-a-la-sexualite\/\">CRIPS : Comment \u00e9duquer les jeunes \u00e0 la sexualit\u00e9 ?<\/a> (50\/50)<\/strong><\/p>\n\n\n\n<figure class=\"wp-block-image is-resized is-style-default\"><img data-recalc-dims=\"1\" loading=\"lazy\" decoding=\"async\" src=\"https:\/\/i0.wp.com\/i.pinimg.com\/originals\/73\/9f\/90\/739f900240ddac9da7b9f072528a1826.jpg?resize=276%2C368&#038;ssl=1\" alt=\"739f900240ddac9da7b9f072528a1826.jpg\" width=\"276\" height=\"368\"\/><\/figure>\n\n\n\n<p><span style=\"color:#a30500\" class=\"has-inline-color\"><strong>12 novembre en continu<\/strong><\/span><\/p>\n\n\n\n<p><strong><a href=\"http:\/\/cadtm.org\/Feminist-Asylum-pour-la-reconnaissance-effective-des-motifs-d-asile-specifiques\">Pour la reconnaissance des motifs d&rsquo;asile sp\u00e9cifiques aux femmes, filles et personnes LGBTQI+<\/a> (CADTM)<\/strong><\/p>\n\n\n\n<figure class=\"wp-block-image is-resized is-style-default\"><img data-recalc-dims=\"1\" loading=\"lazy\" decoding=\"async\" src=\"https:\/\/i0.wp.com\/cadtm.org\/local\/cache-vignettes\/L640xH384\/arton20377-d7605.jpg?resize=363%2C218\" alt=\"\" width=\"363\" height=\"218\"\/><\/figure>\n\n\n\n<p><a href=\"https:\/\/www.francetvinfo.fr\/societe\/violences-faites-aux-femmes\/video-qui-sont-les-douze-femmes-qui-accusent-roman-polanski-de-viol-ou-dagression-sexuelle_4839701.html\">Qui sont les douze femmes qui accusent Roman Polanski de viol ou d\u2019agression sexuelle ?<\/a>( vid\u00e9o France Info)<\/p>\n\n\n\n<p><strong><a href=\"https:\/\/renverse.co\/infos-d-ailleurs\/article\/appel-a-la-manif-contre-les-violences-patriarcales-partout-dans-le-monde-3302\">Contre les violences patriarcales, partout dans le monde<\/a> (Renvers\u00e9)<\/strong><\/p>\n\n\n\n<p><a href=\"https:\/\/renverse.co\/infos-locales\/article\/demeler-le-sexe-le-genre-et-le-colonialisme-discussion-sur-l-activisme-3301\">Discussion sur l&rsquo;activisme d\u00e9colonial queer et f\u00e9ministe en Palestine avec AlQaws et Tali&rsquo;at<\/a> (Renvers\u00e9)<\/p>\n\n\n\n<p><a href=\"https:\/\/www.justiceinfo.net\/fr\/83784-abus-sexuels-eglise-justice-francaise-pied-du-mur.html?mc_cid=79943daa4a&amp;mc_eid=ff15e04da5\">Abus sexuels dans l\u2019\u00c9glise : la justice fran\u00e7aise au pied du mur<\/a> (Justice Info)<\/p>\n\n\n\n<p><span style=\"color:#a30500\" class=\"has-inline-color\"><strong>11 novembre en continu<\/strong><\/span><\/p>\n\n\n\n<p><strong><a href=\"https:\/\/www.lesnouvellesnews.fr\/ppda-accuse-metoomedias-le-4eme-pouvoir-mis-en-cause\/\">PPDA accus\u00e9, #MeTooMedias : le 4\u00e8me pouvoir mis en cause<\/a> (Les Nouvelles News)<\/strong><\/p>\n\n\n\n<p><strong><a href=\"https:\/\/www.liberation.fr\/societe\/police-justice\/harcelement-agressions-sexuelles-viols-les-temoignages-contre-ppda-20211108_DEFI7AY2PBBEJMJH6WS4QIZQAI\/&amp;xtor=CS7-51-\/?fbclid=IwAR2JLGMqWKMEzOosyC69gyU9HxnUGMAPvaeuc3i7C9eRwDhU0kILYw0HsTE\" title=\"https:\/\/www.liberation.fr\/societe\/police-justice\/harcelement-agressions-sexuelles-viols-les-temoignages-contre-ppda-20211108_DEFI7AY2PBBEJMJH6WS4QIZQAI\/&amp;xtor=CS7-51-\/?fbclid=IwAR2JLGMqWKMEzOosyC69gyU9HxnUGMAPvaeuc3i7C9eRwDhU0kILYw0HsTE\">Harc\u00e8lement, agressions sexuelles, viols&nbsp;: les t\u00e9moignages contre PPDA<\/a> (Lib\u00e9ration)<\/strong><\/p>\n\n\n\n<figure class=\"wp-block-image is-resized is-style-default\"><img data-recalc-dims=\"1\" loading=\"lazy\" decoding=\"async\" src=\"https:\/\/i0.wp.com\/www.liberation.fr\/resizer\/7EdYcIBNrEQI2qRlXIFTuKk0VQI%3D\/800x0\/filters%3Aformat%28jpg%29%3Aquality%2870%29\/cloudfront-eu-central-1.images.arcpublishing.com\/liberation\/6XEPCCUGEJG2LFZWSHMGN5DKUE.jpg?resize=560%2C315&#038;ssl=1\" alt=\"\" width=\"560\" height=\"315\"\/><figcaption><sub>Montage Lib\u00e9ration<\/sub><\/figcaption><\/figure>\n\n\n\n<p><a href=\"https:\/\/www.axellemag.be\/bart-de-pauw-harceleur-en-serie\/\">Bart De Pauw, harceleur en s\u00e9rie<\/a> (Axelle Magazine)<\/p>\n\n\n\n<figure class=\"wp-block-image is-resized is-style-default\"><img data-recalc-dims=\"1\" loading=\"lazy\" decoding=\"async\" src=\"https:\/\/i0.wp.com\/www.axellemag.be\/wp-content\/uploads\/2021\/11\/Screenshot-2021-10-25-at-12-31-07-He%CC%81ro%E2%80%A2i%CC%88nes-95-heroines95-%E2%80%A2-Photos-et-vide%CC%81os-Instagram.png?resize=470%2C269&#038;ssl=1\" alt=\"\" width=\"470\" height=\"269\"\/><\/figure>\n\n\n\n<p><a href=\"https:\/\/reporterre.net\/A-la-COP26-les-hommes-monopolisent-la-parole\">\u00c0 la COP26, les hommes monopolisent la parole<\/a> par Alexandre-Reza Kokabi (Reporterre)<\/p>\n\n\n\n<p><a href=\"https:\/\/www.francetvinfo.fr\/societe\/pma\/l-espagne-restaure-la-pma-gratuite-pour-celibataires-et-lesbiennes-et-l-etend-aux-transgenres_4839999.html\">L&rsquo;Espagne restaure la PMA gratuite pour c\u00e9libataires et lesbiennes et l&rsquo;\u00e9tend aux transgenres<\/a> (France Info)<\/p>\n\n\n\n<p>Analyse<\/p>\n\n\n\n<p><a href=\"https:\/\/europe-solidaire.us8.list-manage.com\/track\/click?u=5c732dd5ee65845cf20fd724a&amp;id=4256b3e19a&amp;e=5df9c98670\">Strat\u00e9gies des femmes philippines contre la violence, les ex\u00e9cutions et les expulsions<\/a> (ESSF)<\/p>\n\n\n\n<p><a href=\"https:\/\/tradfem.wordpress.com\/2021\/11\/06\/pourquoi-je-ne-suis-pas-a-la-hauteur\/\">Pourquoi je ne suis pas \u00e0 la hauteur&nbsp;?<\/a>  (Tradfem)<\/p>\n\n\n\n<p><a href=\"https:\/\/entreleslignesentrelesmots.blog\/2021\/11\/02\/jusqua-ce-que-la-vie-vaille-la-peine-detre-vecue\/\">Jusqu\u2019\u00e0 ce que la vie vaille la peine d\u2019\u00eatre&nbsp;v\u00e9cue<\/a> (Entre les mots)<\/p>\n\n\n\n<figure class=\"wp-block-image size-full is-resized is-style-default\"><img data-recalc-dims=\"1\" loading=\"lazy\" decoding=\"async\" src=\"https:\/\/i0.wp.com\/www.rdpemancipation.org\/wp-content\/uploads\/2021\/11\/une-violences-de-genre-et-resistances.jpeg?resize=339%2C508&#038;ssl=1\" alt=\"\" class=\"wp-image-56949\" width=\"339\" height=\"508\" srcset=\"https:\/\/i0.wp.com\/www.rdpemancipation.org\/wp-content\/uploads\/2021\/11\/une-violences-de-genre-et-resistances.jpeg?w=291&amp;ssl=1 291w, https:\/\/i0.wp.com\/www.rdpemancipation.org\/wp-content\/uploads\/2021\/11\/une-violences-de-genre-et-resistances.jpeg?resize=200%2C300&amp;ssl=1 200w\" sizes=\"auto, (max-width: 339px) 100vw, 339px\" \/><\/figure>\n\n\n\n<p><a href=\"https:\/\/www.google.com\/url?rct=j&amp;sa=t&amp;url=https:\/\/www.youtube.com\/watch?v=YR_-R0KpqOM&amp;ct=ga&amp;cd=CAEYBCoUMTEwMzE1MDc3NzUyODE0MTU3MDkyGjcxNWU2Zjc2ODUyM2IxNDA6Y29tOmZyOlVT&amp;usg=AFQjCNEceR1ryAhGES4nfnYglgoFA-pndQ\">Que peut la justice face aux r\u00e9v\u00e9lations #MeToo ?<\/a>&nbsp; &#8211; vid\u00e9o MDP<\/p>\n\n\n\n<figure class=\"wp-block-image is-resized is-style-default\"><img data-recalc-dims=\"1\" loading=\"lazy\" decoding=\"async\" src=\"https:\/\/i0.wp.com\/www.francetvinfo.fr\/pictures\/59VvtRVkAxwcw7Ii6cNSXG_ULy4\/752x423\/2021\/11\/10\/phpdKzvak.png?resize=540%2C304&#038;ssl=1\" alt=\"Martha Graham (BARBARA MORGAN)\" width=\"540\" height=\"304\"\/><figcaption><sub>Martha Graham&nbsp;. Photo Barbara Morgan<\/sub><\/figcaption><\/figure>\n\n\n\n<p><span style=\"color:#a30500\" class=\"has-inline-color\"><strong>10 novembre en continu<\/strong><\/span><\/p>\n\n\n\n<p><strong><a href=\"https:\/\/basta.media\/vers-une-internationale-feministe-rencontre-cantines-syriennes-Montreuil\">Vers une internationale f\u00e9ministe: rencontre pour un futur plus \u00e9galitaire pour toutes et tous<\/a> (Basta)<\/strong><\/p>\n\n\n\n<p><a href=\"https:\/\/www.revolutionpermanente.fr\/Reunion-debat-le-14-novembre-quelles-perspectives-pour-les-luttes-LGBTI-en-2022\">R\u00e9union-d\u00e9bat le 14 novembre&nbsp;: quelles perspectives pour les luttes LGBTI en 2022&nbsp;?<\/a> (RP)<\/p>\n\n\n\n<p><a href=\"https:\/\/www.mediapart.fr\/journal\/france\/091121\/violences-sexuelles-lourdes-les-eveques-lachent-enfin-du-lest\">Violences sexuelles: \u00e0 Lourdes, les \u00e9v\u00eaques l\u00e2chent enfin du lest<\/a> (We Report)<\/p>\n\n\n\n<p><strong>Analyse<\/strong><\/p>\n\n\n\n<p><a href=\"https:\/\/www.agriculturepaysanne.org\/Femmes-et-installation-en-Agriculture-paysanne\">Femmes et installation en Agriculture paysanne<\/a> (Agriculture paysanne)<\/p>\n\n\n\n<p><a href=\"https:\/\/europe-solidaire.us8.list-manage.com\/track\/click?u=5c732dd5ee65845cf20fd724a&amp;id=9b00923fa5&amp;e=5df9c98670\">Vie et lutte des victimes survivantes de la prostitution aux Philippines<\/a> (Capire)<\/p>\n\n\n\n<p><a href=\"https:\/\/www.lesnouvellesnews.fr\/referent-es-egalite-fantome-dans-les-lycees\/\">Dans les lyc\u00e9es, r\u00e9f\u00e9rent.es \u00e9galit\u00e9 fant\u00f4mes<\/a>  (Les Nouvelles News)<\/p>\n\n\n\n<p><a href=\"https:\/\/theconversation.com\/existe-t-il-un-remede-au-bovarysme-du-xxi-siecle-170125\">Existe-t-il un rem\u00e8de au bovarysme du XXI\u1d49 si\u00e8cle ?<\/a> (The Conversation)<\/p>\n\n\n\n<p><a href=\"https:\/\/theconversation.com\/abus-sexuels-anorexie-derriere-la-magie-des-podiums-le-mal-etre-bien-reel-des-mannequins-171054\">Abus sexuels, anorexie\u2026 Derri\u00e8re la magie des podiums, mal-\u00eatre bien r\u00e9el des mannequins<\/a> (The Conversation)<\/p>\n\n\n\n<p><a href=\"https:\/\/www.lesnouvellesnews.fr\/au-travail-ils-demandent-des-delais-elles-stressent\/\">Au travail, ils demandent des d\u00e9lais, elles stressent<\/a>  (Les Nouvelles News)&nbsp;<\/p>\n\n\n\n<figure class=\"wp-block-image is-resized is-style-default\"><img data-recalc-dims=\"1\" loading=\"lazy\" decoding=\"async\" src=\"https:\/\/i0.wp.com\/charliehebdo.fr\/wp-content\/uploads\/2021\/11\/salch-zemmour-mysoginie.png?resize=284%2C399&#038;ssl=1\" alt=\"\" class=\"wp-image-175677\" width=\"284\" height=\"399\"\/><\/figure>\n\n\n\n<p><span style=\"color:#a30500\" class=\"has-inline-color\"><strong>8 novembre en continu<\/strong><\/span><\/p>\n\n\n\n<p><a href=\"https:\/\/www.lesnouvellesnews.fr\/les-joueuses-de-las-bayonne-en-greve-le-courage-ne-suffit-plus\/\">Les joueuses de l\u2019AS Bayonne en gr\u00e8ve : \u00ab le courage ne suffit plus \u00bb<\/a> (Les Nouvelles News)<\/p>\n\n\n\n<p><a href=\"https:\/\/www.lesnouvellesnews.fr\/apres-angela-merkel-parite-a-la-peine-en-europe\/\">Apr\u00e8s Angela Merkel, parit\u00e9 \u00e0 la peine en Europe<\/a> (Les Nouvelles News)<\/p>\n\n\n\n<p><a href=\"https:\/\/www.sudeducation69.org\/la-lesbophobie-na-pas-sa-place-dans-les-ecoles-ni-dans-les-universites-ni-ailleurs\/\">La lesbophobie n\u2019a pas sa place dans les \u00e9coles, ni dans les universit\u00e9s ni ailleurs<\/a> (Sud \u00e9ducation 69)<\/p>\n\n\n\n<figure class=\"wp-block-image is-resized is-style-default\"><img data-recalc-dims=\"1\" loading=\"lazy\" decoding=\"async\" src=\"https:\/\/i0.wp.com\/dijoncter.info\/local\/cache-vignettes\/L756xH700\/arton3195-84298.jpg?resize=355%2C329&#038;ssl=1\" alt=\"\" width=\"355\" height=\"329\"\/><\/figure>\n\n\n\n<p><a href=\"https:\/\/www.lesnouvellesnews.fr\/thomas-sotto-journaliste-sacrificiel\/\">Thomas Sotto, journaliste sacrificiel<\/a> (Les Nouvelles News)<\/p>\n\n\n\n<p><a href=\"https:\/\/entreleslignesentrelesmots.blog\/2021\/11\/05\/stop-aux-violences-sexistes-et-sexuelles\/\">S<\/a><strong><a href=\"https:\/\/entreleslignesentrelesmots.blog\/2021\/11\/05\/stop-aux-violences-sexistes-et-sexuelles\/\">TOP aux violences sexistes et sexuelles&nbsp;! Communiqu\u00e9 CGT, FSU, Solidaires<\/a> (Entre les mots)<\/strong><\/p>\n\n\n\n<p><strong>Analyse<\/strong><\/p>\n\n\n\n<p>&nbsp;<a href=\"https:\/\/dijoncter.info\/pourquoi-le-feminisme-doit-s-emparer-de-la-grossophobie-3195\">Pourquoi le f\u00e9minisme doit s&#8217;emparer de la grossophobie ?<\/a> (Dijoncter)<\/p>\n\n\n\n<p><strong><a href=\"http:\/\/www.slate.fr\/story\/218406\/femmes-sont-elles-moins-competitives-hommes-plafond-verre\">Les femmes sont-elles vraiment moins comp\u00e9titives que les hommes?<\/a>  (Slate)<\/strong><\/p>\n\n\n\n<p><a href=\"http:\/\/www.slate.fr\/story\/218370\/demander-report-deadline-beaucoup-plus-stressant-femmes-hommes\">Demander un report de deadline est beaucoup plus stressant pour les femmes que pour les hommes<\/a> (Slate)<\/p>\n\n\n\n<p><a href=\"https:\/\/radioparleur.net\/2021\/11\/08\/contraceptes-contraception-masculine\/\">Les Contracept\u00e9s : ces hommes qui \u00ab portent leurs couilles \u00bb<\/a> (Radioparleur)<\/p>\n\n\n\n<p><span style=\"color:#a30500\" class=\"has-inline-color\"><strong>7 novembre en continu<\/strong><\/span><\/p>\n\n\n\n<p><a href=\"https:\/\/www.lemonde.fr\/les-decodeurs\/article\/2021\/11\/03\/3novembre9h22-l-inegalite-salariale-entre-femmes-et-hommes-repart-a-la-hausse_6100822_4355770.html\" title=\"https:\/\/www.lemonde.fr\/les-decodeurs\/article\/2021\/11\/03\/3novembre9h22-l-inegalite-salariale-entre-femmes-et-hommes-repart-a-la-hausse_6100822_4355770.html\">#3novembre9h22&nbsp;: l\u2019in\u00e9galit\u00e9 salariale entre femmes et hommes repart \u00e0 la hausse<\/a> (Le Monde)<\/p>\n\n\n\n<p><a href=\"https:\/\/entreleslignesentrelesmots.blog\/2021\/11\/06\/affaire-jacquie-et-michel-4-acteurs-mis-en-examen-pour-viol-la-fin-de-limpunite\/\">Affaire Jacquie et Michel&nbsp;: 4&nbsp;\u00ab&nbsp;acteurs&nbsp;\u00bb mis en examen pour viol, la fin de l\u2019impunit\u00e9&nbsp;!<\/a> (Entre les mots)<\/p>\n\n\n\n<p><a href=\"https:\/\/www.mediapart.fr\/journal\/international\/071121\/l-effet-metoo-atteint-le-parti-communiste-chinois\">L\u2019effet #MeToo atteint le Parti communiste chinois<\/a> (M\u00e9diapart)<\/p>\n\n\n\n<p><a href=\"https:\/\/www.boursorama.com\/videos\/actualites\/l-us-navy-baptise-un-navire-harvey-milk-en-hommage-au-militant-gay-assassine-39e34f32bc3d1c30cd48b50656065e42\">L&rsquo;US Navy baptise un navire \u00ab\u00a0Harvey Milk\u00a0\u00bb, en hommage au militant gay assassin\u00e9<\/a> (vid\u00e9o AFP)<\/p>\n\n\n\n<p><a href=\"https:\/\/www.boursorama.com\/actualite-economique\/actualites\/avortement-des-dizaines-de-milliers-de-polonais-dans-la-rue-apres-la-mort-d-une-femme-enceinte-ffccd0a84c38d4e3c10816484a341ca1\">Avortement : des dizaines de milliers de Polonais dans la rue apr\u00e8s la mort d&rsquo;une femme enceinte<\/a> (AFP)<\/p>\n\n\n\n<p><a href=\"http:\/\/www.slate.fr\/story\/218376\/equipe-norvege-beach-handball-victoire-contre-bikini-sexisme\">L&rsquo;\u00e9quipe norv\u00e9gienne de beach handball remporte son combat contre les bikinis<\/a>  (Slate)<\/p>\n\n\n\n<p><a href=\"https:\/\/www.placegrenet.fr\/2021\/11\/06\/le-mois-de-larmenie-organise-a-grenoble-et-vienne-met-a-lhonneur-les-femmes-armeniennes\/550340\">Le mois de l\u2019Arm\u00e9nie organis\u00e9 \u00e0 Grenoble et Vienne met \u00e0 l\u2019honneur les femmes arm\u00e9niennes<\/a> (Place Gre\u2019net)<\/p>\n\n\n\n<p><strong>Analyse<\/strong><\/p>\n\n\n\n<p><a href=\"https:\/\/theconversation.com\/inegalites-femmes-hommes-tout-ce-que-les-chiffres-ne-nous-disent-pas-171040\">In\u00e9galit\u00e9s femmes-hommes : tout ce que les chiffres ne nous disent pas<\/a>&nbsp; (The Conversation)<\/p>\n\n\n\n<p><a href=\"https:\/\/mailchi.mp\/cece3da1d9ae\/bd_queer?e=8a998e3ed5\">Sortir les lesbiennes de leur cape d&rsquo;invisibilit\u00e9<\/a> (Sorocit\u00e9)<\/p>\n\n\n\n<p><strong><a href=\"https:\/\/mailchi.mp\/revueladeferlante\/evenements-la-deferlante-rentree-5954144?e=53ffa9d8fa\">Cachez cette vulve que je ne saurais voir<\/a> (La D\u00e9ferlante)<\/strong><\/p>\n\n\n\n<figure class=\"wp-block-image is-resized is-style-default\"><img data-recalc-dims=\"1\" loading=\"lazy\" decoding=\"async\" src=\"https:\/\/i0.wp.com\/mcusercontent.com\/924d90f99ddbed07f95341c8b\/_compresseds\/cab38338-9b16-1b6c-99bc-764e4983fc2f.jpg?resize=363%2C479&#038;ssl=1\" alt=\"\" width=\"363\" height=\"479\"\/><\/figure>\n\n\n\n<p><span style=\"color:#a30500\" class=\"has-inline-color\"><strong>6 novembre en continu<\/strong><\/span><\/p>\n\n\n\n<p><a href=\"https:\/\/lecridespeuples.fr\/2020\/11\/22\/comment-la-descolarisation-a-sauve-une-fille-de-12-ans-de-la-folie-transgenre\/\">Comment la d\u00e9scolarisation a sauv\u00e9 une fille de 12 ans de la folie&nbsp;transgenre<\/a> (Le Cri des Peuples)<\/p>\n\n\n\n<p><a href=\"https:\/\/www.francetvinfo.fr\/societe\/harcelement-sexuel\/info-franceinfo-gynecologue-parisien-accuse-de-viol-trois-nouvelles-plaintes-deposees-contre-le-professeur-emile-darai_4834053.html\">Gyn\u00e9cologue parisien accus\u00e9 de viol : 3 nouvelles plaintes d\u00e9pos\u00e9es contre \u00c9mile Dara\u00ef<\/a> (France info)<\/p>\n\n\n\n<p><a href=\"http:\/\/r.newsletter.50-50magazine.fr\/mk\/cl\/f\/sHewrx4Q84ltOHO5g81eqztyxRgQ9Ut4qwmuwhPV2Yq8BFtaqr2W9RCZ6kHRL3wPD8WSVgjfoVemkBZ_bhMv5Xf3sVcsvyBF6if8dNTtYh357-ITyaviof-tbRRQfXAgP_N35xZETqRCcmto7pOl9LYU8403pw4SCgwGnJu0TjKaQNat88Qmuy0gLHZSgRJT2VNJQcVuNLiYYPbij_jYM4ztrKL3CkrfNMUaO52Ojae2Sah1Gn7Bs4XRgpFYvwxF6il8hi306xmezncG4FEReOiVjP_Kufbb_IdjkOP1asYhZQD7DMzL8PROxvaWxDSUfw5cCuk_\">Chronique l\u2019aire du psy : Debout les femmes ! Allons nous suivre cet appel ?<\/a> (50\/50)<\/p>\n\n\n\n<p><a href=\"http:\/\/r.newsletter.50-50magazine.fr\/mk\/cl\/f\/v-ozJ9qIbMPEhbVv5YkDaOXIg8kK70Fuqew0eihwX3YDs3bzwVTFJ9HFTu0ciqHsi5O0Qvj9gNwp9uoRqU5uUlonGqzmNUPOVwXhzf9N2Go8b-QZlYO3VpXXHmipeX1oSqlPZogAhbzy1pNPxR_lXsjo8XMJPNrCI8pE2-2CYRjkiw3PYEbZPX6BcnBKUn89JiBup7E75ygHaLo6UB9i6phW6YQjvtz__qIPnjou4VTErohYhyk8UWZ9dJyhneMh06ghfkvE_UbjOzq-EiSIrf_3XOR3Zqa6qqo1HdvDnNib67Sox_kxaLz0PdNxUvxkozSQug9qq2Bz4qmj\">Revalorisation des m\u00e9tiers f\u00e9minis\u00e9s: consultation \u00ab mon travail le vaut bien \u00bb<\/a> (Collectif Femmes Mixit\u00e9s)<\/p>\n\n\n\n<p><a href=\"https:\/\/www.theguardian.com\/us-news\/2021\/nov\/05\/childcare-us-women-workforce?CMP=Share_iOSApp_Other\">USA, les jardins d\u2019enfants sont si co\u00fbteux que de jeunes m\u00e8res renoncent \u00e0 travailler<\/a> (Anglais -The Guardian)<\/p>\n\n\n\n<p><a href=\"https:\/\/www.hrw.org\/380263%20at%20https%3A\/www.hrw.org\">Davantage de femmes juges devraient si\u00e9ger \u00e0 la Cour internationale de justice<\/a> (Human Rights Watch)<\/p>\n\n\n\n<p><strong>Analyse<\/strong><\/p>\n\n\n\n<p><a href=\"http:\/\/r.newsletter.50-50magazine.fr\/mk\/cl\/f\/9kKGEC219llo-8DPERqYjv20QLIpBfMA3KUM13KUIHCz00rcvVmbrbArHUSflJqmthM3jhOcZYvCRrjNcwBwdVqNs9QeolFYvhBYHgktux0H6_lrAUiT-YriJI7wpcf3p9as5zbQHhPQKnurfPsowJa6pOcwVS8OTLe7dQ9UhJyeVK_tcGdkt15rOg8HGXwfXhXtUs9Ev0yvNmuqxAiRiPA0VJVY5J3U0Tqt9kotz2jHy-G-byYhLGYz0Wo3ApcV3OlKOJJmAuK46YYEfMEKzFKbVYk6ShFvjmyL9f2Pvn0\">CRIPS : Comment \u00e9duquer les jeunes \u00e0 la sexualit\u00e9 ?<\/a> (50\/50)<\/p>\n\n\n\n<p><a href=\"https:\/\/www.youtube.com\/watch?v=XPpsI8mWKmg\"><strong>In<\/strong><\/a><strong><a href=\"https:\/\/www.youtube.com\/watch?v=XPpsI8mWKmg\">side Amy Schumer &#8211; Last F**kable Day<\/a> (angl, court m\u00e9trage sous titr\u00e9)<\/strong><\/p>\n\n\n\n<p><a href=\"http:\/\/r.newsletter.50-50magazine.fr\/mk\/cl\/f\/x9EfQ4rNd512JdRGd3wrJLz72YCgQM2K65NYHpAJsLMMqSsD0V3uGIES4NvJNwKTxU_2OyZhNw11loSLPJjpCcuUg9o32ogZanN2Xi6OL3wqZYB9v4jVyT2EqKlFh0FvdR_OOJhoyBcNIvATAM2nY8ORsrtLErMIbI_pW77MVKieJT5oQ2WvAOKS7CYd-C4j-keftxvOH3H8RihIYHmh47YBNcI6C7wl7EQwwZYw0KqJWXKbhDLTfESIirqF1ALg\">Genre et Climat<\/a> (50\/50)<\/p>\n\n\n\n<p><a href=\"http:\/\/r.newsletter.50-50magazine.fr\/mk\/cl\/f\/PH7xQ5mj3pJVq89o2ewy7sTTCcqzuly1aM3D3PS_jD_vl_jUvFq2SDlNsjUwoQfqRKXg-d6Z1zEFxqAbsrQFHe4gmE9V1eHcX2bXBEb-LqI2HW-BMPqQ_pOKQg5ekBg1XFBIVkRIrvoE4xdWslm4zbXequXi6dkeog2Y1tDwK5j1PF50X9e5cC_RTD-xjCygiKHIjfKcaRmUEjvdy8koEN9B1hPGMj7_cvrNcT_7RbeN9iPgktXgeGZKqE-FpYxpk2GF5XEOoaU\">Nos enfants, nous-m\u00eames<\/a> (Collectif) <\/p>\n\n\n\n<figure class=\"wp-block-image size-full is-resized is-style-default\"><img data-recalc-dims=\"1\" loading=\"lazy\" decoding=\"async\" src=\"https:\/\/i0.wp.com\/www.rdpemancipation.org\/wp-content\/uploads\/2021\/11\/unnamed.jpeg?resize=310%2C405&#038;ssl=1\" alt=\"\" class=\"wp-image-56168\" width=\"310\" height=\"405\" srcset=\"https:\/\/i0.wp.com\/www.rdpemancipation.org\/wp-content\/uploads\/2021\/11\/unnamed.jpeg?w=283&amp;ssl=1 283w, https:\/\/i0.wp.com\/www.rdpemancipation.org\/wp-content\/uploads\/2021\/11\/unnamed.jpeg?resize=229%2C300&amp;ssl=1 229w\" sizes=\"auto, (max-width: 310px) 100vw, 310px\" \/><\/figure>\n\n\n\n<p><span style=\"color:#a30500\" class=\"has-inline-color\"><strong>5 novembre en continu<\/strong><\/span><\/p>\n\n\n\n<p><a href=\"https:\/\/www.francetvinfo.fr\/sante\/hopital\/video-dans-un-hopital-parisien-un-gynecologue-accuse-de-viols-continue-d-exercer_4832595.html\">Dans un h\u00f4pital parisien, un gyn\u00e9cologue accus\u00e9 de viols continue d&rsquo;exercer<\/a> (France Info)<\/p>\n\n\n\n<p><a href=\"https:\/\/www.francetvinfo.fr\/politique\/eric-zemmour\/video-l-une-des-femmes-qui-accusent-eric-zemmour-d-agression-sexuelle-temoigne-dans-complement-d-enquete_4831477.html\">Une des femmes qui accusent Zemmour d&rsquo;agression sexuelle dans \u00ab\u00a0Compl\u00e9ment d&rsquo;enqu\u00eate\u00a0\u00bb<\/a>(France Info)<\/p>\n\n\n\n<p><a href=\"https:\/\/www.lesnouvellesnews.fr\/du-bikini-au-short-court-et-serre-pour-les-beach-handballeuses\/\">Du bikini au \u00ab short court et serr\u00e9 \u00bb pour les beach handballeuses<\/a>  (Les Nouvelles News)<\/p>\n\n\n\n<figure class=\"wp-block-image size-full is-resized is-style-default\"><img data-recalc-dims=\"1\" loading=\"lazy\" decoding=\"async\" src=\"https:\/\/i0.wp.com\/www.rdpemancipation.org\/wp-content\/uploads\/2021\/11\/beach-hand-norvege.jpeg?resize=546%2C473&#038;ssl=1\" alt=\"\" class=\"wp-image-55978\" width=\"546\" height=\"473\"\/><\/figure>\n\n\n\n<p><a href=\"https:\/\/www.humanite.fr\/les-droits-des-femmes-la-grande-cause-nationale-que-macron-oubliee-726200#xtor=RSS-1\">Les droits des femmes, la \u00ab grande cause nationale \u00bb que Macron a oubli\u00e9e<\/a> (L\u2019Humanit\u00e9)<\/p>\n\n\n\n<p><strong><a href=\"https:\/\/valleesenlutte.org\/spip.php?article116\">Violences domestiques et genr\u00e9es 5\/6 &#8211; Pas de recette miracle. Perspectives extra-judiciaires&nbsp;<\/a> (Vall\u00e9es en lutte)<\/strong><\/p>\n\n\n\n<p><strong>Analyse<\/strong><\/p>\n\n\n\n<p><a href=\"https:\/\/lesglorieuses.fr\/kristen-ghodsee\/?utm_medium=email&amp;utm_campaign=La%20newsletter%20des%20newsletters%20Octobre2021&amp;utm_content=La%20newsletter%20des%20newsletters%20Octobre2021+CID_a8b82736d13aa2f0f9bd56f8abf5db2b&amp;utm_source=Email%20marketing%20software&amp;utm_term=Lire%20la%20newsletter\">Femmes sont vues comme ut\u00e9rus ambulants: conversation sur \u00e9galit\u00e9 salariale, Kollonta\u00ef et l\u2019amour<\/a> (Lesglorieuses)<\/p>\n\n\n\n<p><a href=\"https:\/\/lecourrier.ch\/2021\/11\/04\/comedies-dramatiques-au-feminin\/\">Com\u00e9dies dramatiques au f\u00e9minin<\/a> (Le Courrier)<\/p>\n\n\n\n<p><a href=\"https:\/\/www.humanite.fr\/zemmour-et-le-rn-la-reaction-contre-un-feminisme-loffensive-726194#xtor=RSS-1\">Zemmour et le RN : la r\u00e9action contre un f\u00e9minisme \u00e0 l\u2019offensive<\/a> (L\u2019Humanit\u00e9)<\/p>\n\n\n\n<p><a href=\"https:\/\/www.ldh-france.org\/aah-stop-a-la-dependance-financiere-dans-le-couple-3\/\">AAH : Stop \u00e0 la d\u00e9pendance financi\u00e8re dans le couple<\/a> (Ligue des droits de l\u2019Homme)<\/p>\n\n\n\n<p><span style=\"color:#a30500\" class=\"has-inline-color\"><strong>4 novembre<\/strong><\/span><\/p>\n\n\n\n<p><a href=\"https:\/\/www.francetvinfo.fr\/societe\/harcelement-sexuel\/soupcons-de-viols-sur-mineures-le-chanteur-jean-luc-lahaye-sa-fille-et-deux-autres-femmes-en-garde-a-vue_4831531.html\">Soup\u00e7ons viols sur mineures&nbsp;: chanteur Jean-Luc Lahaye, sa fille et deux autres femmes en <\/a>GAV (France Info)<\/p>\n\n\n\n<p><a href=\"https:\/\/lanticapitaliste.org\/actualite\/sante\/charte-des-gynecologues-beaucoup-de-bruit-pour-rien\">Charte des gyn\u00e9cologues\u2009: beaucoup de bruit pour rien<\/a> (L\u2019Anticapitaliste)<\/p>\n\n\n\n<figure class=\"wp-block-image is-resized is-style-default\"><img data-recalc-dims=\"1\" loading=\"lazy\" decoding=\"async\" src=\"https:\/\/i0.wp.com\/lanticapitaliste.org\/sites\/default\/files\/styles\/largeur_content_hauteur_complet\/public\/violencesgynecos.jpeg?resize=479%2C335&#038;ssl=1\" alt=\"\" width=\"479\" height=\"335\"\/><\/figure>\n\n\n\n<p><a href=\"https:\/\/www.revuesilence.net\/numeros\/505-Les-chantiers-de-l-habitat-leger\/islande-un-parlement-a-majorite-de-femmes\">Islande&nbsp;: un parlement \u00e0 majorit\u00e9 de femmes<\/a> (Revue Silence)<\/p>\n\n\n\n<p><a href=\"https:\/\/lanticapitaliste.org\/actualite\/international\/le-senat-italien-fait-couler-la-loi-contre-lhomophobie\">Le S\u00e9nat italien fait couler la loi contre l\u2019homophobie<\/a> (L\u2019Anticapitaliste)<\/p>\n\n\n\n<p><strong>Analyse<\/strong><\/p>\n\n\n\n<p><strong><a href=\"https:\/\/www.anti-k.org\/2021\/11\/03\/inegalites-salariales-a-partir-de-ce-3-novembre-les-femmes-travaillent-gratuitement\/\">In\u00e9galit\u00e9s salariales: \u00c0 partir de ce 3 novembre, les femmes travaillent gratuitement <\/a>(Anti-K)<\/strong><\/p>\n\n\n\n<figure class=\"wp-block-image is-resized is-style-default\"><img loading=\"lazy\" decoding=\"async\" src=\"https:\/\/i0.wp.com\/www.anti-k.org\/wp-content\/uploads\/2021\/11\/femme.webp?resize=678%2C381&amp;ssl=1\" alt=\"\" width=\"477\" height=\"268\" title=\"femme\"\/><\/figure>\n\n\n\n<p><a href=\"https:\/\/lesglorieuses.fr\/post-partum\/?utm_medium=email&amp;utm_campaign=La%20newsletter%20des%20newsletters%20Octobre2021&amp;utm_content=La%20newsletter%20des%20newsletters%20Octobre2021+CID_a8b82736d13aa2f0f9bd56f8abf5db2b&amp;utm_source=Email%20marketing%20software&amp;utm_term=Lire%20la%20newsletter\">Le prix lourd du manque de prise en charge post partum<\/a> (Les glorieuses)<\/p>\n\n\n\n<p><a href=\"https:\/\/www.lesnouvellesnews.fr\/travail-gratuit-des-femmes-changements-structurels-attendus\/\">Travail gratuit des femmes : changements structurels attendus !<\/a> (Les Nouvelles News)<\/p>\n\n\n\n<p><span style=\"color:#a30500\" class=\"has-inline-color\"><strong>3 novembre<\/strong><\/span><\/p>\n\n\n\n<p>&nbsp;<a href=\"https:\/\/www.franceculture.fr\/emissions\/les-pieds-sur-terre\/religieuses-abusees-il-disait-etre-le-petit-instrument-de-jesus\">Religieuses abus\u00e9es&nbsp;: \u201cil disait \u00eatre le petit instrument de J\u00e9sus\u201d<\/a> (france culture)<\/p>\n\n\n\n<figure class=\"wp-block-image is-style-default\"><img data-recalc-dims=\"1\" decoding=\"async\" src=\"https:\/\/i0.wp.com\/cdn.radiofrance.fr\/s3\/cruiser-production\/2021\/10\/d3879665-d508-4956-aba6-151912bb7748\/838_michele-france-1.jpg?w=1200&#038;ssl=1\" alt=\"Mich\u00e8le France \u00e0 21 ans.\"\/><\/figure>\n\n\n\n<p><strong>Analyse<\/strong><\/p>\n\n\n\n<p><a href=\"https:\/\/blogs.mediapart.fr\/elise-thiebaut\/blog\/150421\/sur-la-mere-comme-au-ciel\">Sur la m\u00e8re comme au ciel <\/a>-Elise Thiebaut<\/p>\n\n\n\n<p><a href=\"https:\/\/www.jaipiscineavecsimone.com\/menopause-merci-de-cesser-de-nous-definir-par-notre-biologie\/\">M\u00e9nopause : merci de cesser de nous d\u00e9finir par notre biologie !<\/a>  (j\u2019ai piscine avec Simone)<\/p>\n\n\n\n<p><a href=\"https:\/\/www.jaipiscineavecsimone.com\/comment-les-maternites-tardives-dynamitent-linvisibilisation-des-femmes-apres-50-ans\/\">Les maternit\u00e9s tardives dynamitent l\u2019invisibilisation des femmes apr\u00e8s 50 ans<\/a> (j\u2019ai piscine avec Simone)<\/p>\n\n\n\n<p><a href=\"http:\/\/www.slate.fr\/story\/217596\/mot-femme-controverse-etats-unis-personne-qui-a-ses-regles-trans-inclusif\">Remplacer le mot \u00abfemme\u00bb par \u00abpersonne qui a ses r\u00e8gles\u00bb est-il vraiment inclusif?<\/a>  (Slate)<\/p>\n\n\n\n<p><a href=\"http:\/\/www.slate.fr\/story\/217656\/candidates-tele-realite-cyberharcelement-trolls\">Les candidates de t\u00e9l\u00e9-r\u00e9alit\u00e9 subissent plus de cyberharc\u00e8lement que leurs homologues masculins<\/a>  (Slate)<\/p>\n\n\n\n<p><a href=\"http:\/\/www.slate.fr\/story\/218220\/civiise-violences-sexuelles-inceste-enfants-sous-revelation-syndrome-alienation-parentale-fumeux\"><strong>Violences sexuelles faites aux enfants: pour en finir avec le pseudo-syndrome d&rsquo;ali\u00e9nation parentale<\/strong><\/a> (Slate)<\/p>\n\n\n\n<p><a href=\"https:\/\/www.humanite.fr\/droits-des-femmes-il-faut-des-politiques-publiques-pour-garantir-legalite-salariale-726127\">Droits des femmes&nbsp;: &nbsp;il faut des politiques publiques pour garantir l\u2019\u00e9galit\u00e9 salariale-<\/a>(L\u2019Humanit\u00e9)<\/p>\n\n\n\n<p><span style=\"color:#a30000\" class=\"has-inline-color\"><strong>2<\/strong><\/span><strong><span style=\"color:#a32900\" class=\"has-inline-color\"> novembre en continu<\/span><\/strong><\/p>\n\n\n\n<p><a href=\"https:\/\/www.lemonde.fr\/societe\/article\/2021\/10\/28\/quatre-acteurs-pornographiques-mis-en-examen-pour-viol-une-premiere-en-france_6100245_3224.html\">Quatre acteurs pornographiques mis en examen pour viol, une premi\u00e8re en France<\/a> (lemonde.fr)<\/p>\n\n\n\n<p><a href=\"https:\/\/lecourrier.ch\/2021\/11\/01\/vingt-trois-revendications-feministes\/\">Vingt-trois revendications f\u00e9ministes<\/a> (Le Courrier)<\/p>\n\n\n\n<figure class=\"wp-block-image is-resized is-style-default\"><img data-recalc-dims=\"1\" loading=\"lazy\" decoding=\"async\" src=\"https:\/\/i0.wp.com\/mamot.fr\/system\/cache\/media_attachments\/files\/107\/192\/199\/263\/937\/380\/original\/62ce6a265f4e9316.jpg?resize=424%2C390&#038;ssl=1\" alt=\"\" width=\"424\" height=\"390\"\/><\/figure>\n\n\n\n<p><a href=\"http:\/\/feedproxy.google.com\/~r\/Rue89Strasbourg\/~3\/R0fJlME9JEk\/suicide-de-dinah-lacademie-de-strasbourg-demunie-face-a-lhomophobie-219795\">Suicide de Dinah : l\u2019Acad\u00e9mie de Strasbourg d\u00e9munie face \u00e0 l\u2019homophobie<\/a> (Rue89 Strasbourg)<\/p>\n\n\n\n<p><a href=\"https:\/\/lesglorieuses.createsend1.com\/t\/ViewEmail\/d\/D4CB3882A978BDDD2540EF23F30FEDED\">#3NOVEMBRE 9H22: In\u00e9galit\u00e9s salariales entre femmes et hommes se creusent davantage en 2021 <\/a>(P\u00e9tition)<\/p>\n\n\n\n<p><a href=\"https:\/\/lesglorieuses.fr\/actualites-feministes1\/?utm_medium=email&amp;utm_campaign=La%20newsletter%20des%20newsletters%20Octobre2021&amp;utm_content=La%20newsletter%20des%20newsletters%20Octobre2021+CID_a8b82736d13aa2f0f9bd56f8abf5db2b&amp;utm_source=Email%20marketing%20software&amp;utm_term=lisez%20le%20premier%20Bulletin%20ds%20maintenant\">Bulletin d\u2019Actualit\u00e9s F\u00e9ministes<\/a> (Impact \u2013 Les glorieuses)<\/p>\n\n\n\n<p><a href=\"https:\/\/www.jaipiscineavecsimone.com\/sexisme-politique-michel-barnier-decomplexe-compare-zemmour-a-gretha-thunberg-et-sandrine-rousseau\/\">Barnier d\u00e9complex\u00e9 compare zemmour \u00e0 gretha thunberg et sandrine rousseau<\/a>  (J\u2019ai piscine avec Simone)<\/p>\n\n\n\n<p><a href=\"http:\/\/www.slate.fr\/story\/217812\/invisibilisation-femmes-plus-50-ans-misogynie-societe-corps-fertilite\">L&rsquo;invisibilisation des femmes de plus de 50 ans, signe \u00e9clatant de misogynie de notre soci\u00e9t\u00e9<\/a> (Slate)<\/p>\n\n\n\n<p><strong><a href=\"https:\/\/www.jaipiscineavecsimone.com\/pourquoi-linvisibilisation-des-sages-femmes-impacte-la-sante-de-toutes-les-femmes\/\">L\u2019invisibilisation des sages-femmes impacte la sant\u00e9 de toutes les femmes<\/a> (J\u2019ai piscine avec Simone)<\/strong><\/p>\n\n\n\n<p><strong>Analyse<\/strong><\/p>\n\n\n\n<p><a href=\"https:\/\/www.internetactu.net\/a-lire-ailleurs\/applications-contre-les-violences-sexuelles-pourquoi-ca-marche-pas\/\">Applications contre les violences sexuelles&nbsp;? Pourquoi \u00e7a marche pas&nbsp;!<\/a> (internetactu.net)<\/p>\n\n\n\n<p><strong><a href=\"http:\/\/www.slate.fr\/story\/217791\/rire-femmes-danger-transgression-subversif-ordre-social-sexualite\">Jusqu&rsquo;au si\u00e8cle dernier, les femmes qui riaient \u00e9taient dangereuses<\/a> (Slate)<\/strong><\/p>\n\n\n\n<figure class=\"wp-block-image is-resized is-style-default\"><img data-recalc-dims=\"1\" loading=\"lazy\" decoding=\"async\" src=\"https:\/\/i0.wp.com\/www.slate.fr\/sites\/default\/files\/styles\/1060x523\/public\/elisabeth-louise_vigee-le_brun_-_madame_vigee-le_brun_et_sa_fille_1786.jpg?resize=578%2C285&#038;ssl=1\" alt=\"Si le rire des femmes est dangereux, c'est aussi qu'il est associ\u00e9 \u00e0 la sexualit\u00e9. | Madame Vig\u00e9e-Le Brun et sa fille,\u00a0d'\u00c9lisabeth Vig\u00e9e Le Brun. \/\u00a0Mus\u00e9e du Louvre via Wikimedia\n\" width=\"578\" height=\"285\"\/><figcaption><sub>Si le rire des femmes est dangereux, c&rsquo;est aussi qu&rsquo;il est associ\u00e9 \u00e0 la sexualit\u00e9. <\/sub><br><sub><em>Madame Vig\u00e9e-Le Brun et sa fille,&nbsp;<\/em>d&rsquo;\u00c9lisabeth Vig\u00e9e Le Brun. \/&nbsp;Mus\u00e9e du Louvre&nbsp;<a href=\"https:\/\/fr.wikipedia.org\/wiki\/Fichier:%C3%89lisabeth-Louise_Vig%C3%A9e-Le_Brun_-_Madame_Vig%C3%A9e-Le_Brun_et_sa_fille_(1786).JPG\" target=\"_blank\" rel=\"noreferrer noopener\">via Wikimedia<\/a><\/sub><\/figcaption><\/figure>\n\n\n\n<p><a href=\"https:\/\/lecourrier.ch\/2021\/10\/31\/cela-fait-du-bien-detre-en-non-mixite-choisie\/\">\u00abCela fait du bien d\u2019\u00eatre en non-mixit\u00e9 choisie! \u00bb<\/a> (Le Courrier)<\/p>\n\n\n\n<p><span style=\"color:#a30000\" class=\"has-inline-color\"><strong>1er novembre en continu<\/strong><\/span><\/p>\n\n\n\n<p><a href=\"https:\/\/www.revolutionpermanente.fr\/Enquete-sur-les-violences-sexuelles-a-l-ENS-de-Lyon-la-presidence-est-complice\">Enqu\u00eate sur les violences sexuelles \u00e0 l\u2019ENS de Lyon&nbsp;: la pr\u00e9sidence est complice&nbsp;!<\/a> (RP)<\/p>\n\n\n\n<p><a href=\"https:\/\/www.theguardian.com\/us-news\/2021\/oct\/31\/liberty-university-handling-sexual-assault-claims?CMP=Share_iOSApp_Other\">Cumul agressions sexuelles dans une universit\u00e9 ultra-conservatrice en Virginie<\/a> (anglais -The Guardian)<\/p>\n\n\n\n<p><strong>Analyse<\/strong><\/p>\n\n\n\n<p><a href=\"https:\/\/blogs.mediapart.fr\/jean-marc-b\/blog\/301021\/simone-de-beauvoir-le-capitalisme-et-l-emancipation-de-la-vieillesse\">Simone de Beauvoir, le capitalisme et l\u2019\u00e9mancipation de la vieillesse <\/a>(Contretemps)<\/p>\n\n\n\n<div class=\"wp-block-image is-style-default\"><figure class=\"aligncenter is-resized\"><img data-recalc-dims=\"1\" decoding=\"async\" src=\"https:\/\/i0.wp.com\/editionssociales.fr\/wp-content\/uploads\/2021\/08\/DecouvrirBeauvoir-410x654.jpg?resize=410%2C654&#038;ssl=1\" alt=\"\" width=\"410\" height=\"654\"\/><\/figure><\/div>\n\n\n\n<p><a href=\"https:\/\/entreleslignesentrelesmots.blog\/2021\/10\/25\/theatre-au-masculin\/\">Th\u00e9\u00e2tre (au masculin)<\/a> (Entre les mots)<\/p>\n\n\n\n<figure class=\"wp-block-image size-full is-resized is-style-default\"><img data-recalc-dims=\"1\" loading=\"lazy\" decoding=\"async\" src=\"https:\/\/i0.wp.com\/www.rdpemancipation.org\/wp-content\/uploads\/2021\/11\/arton483.jpeg?resize=640%2C367&#038;ssl=1\" alt=\"\" class=\"wp-image-55368\" width=\"640\" height=\"367\" srcset=\"https:\/\/i0.wp.com\/www.rdpemancipation.org\/wp-content\/uploads\/2021\/11\/arton483.jpeg?w=451&amp;ssl=1 451w, https:\/\/i0.wp.com\/www.rdpemancipation.org\/wp-content\/uploads\/2021\/11\/arton483.jpeg?resize=300%2C172&amp;ssl=1 300w\" sizes=\"auto, (max-width: 640px) 100vw, 640px\" \/><\/figure>\n\n\n\n<p><a href=\"https:\/\/blogs.mediapart.fr\/guillaume-lasserre\/blog\/291021\/womanhouse-pauline-sales-et-les-femmes-de-la-maison\">Womanhouse. Pauline Sales et les femmes de la maison&nbsp;<\/a> -Guillaume Lasserre<\/p>\n\n\n\n<p><a href=\"https:\/\/www.axellemag.be\/voix-de-femmes-que-vivent-les-memoires\/\">Voix de femmes, que vivent les m\u00e9moires<\/a> (Axelle magazine)<\/p>\n\n\n\n<p><a href=\"https:\/\/www.boursorama.com\/actualite-economique\/actualites\/l-avortement-aux-etats-unis-un-droit-etendu-une-realite-contrastee-c50095efb1a643911c4e1688c33a8349\">L&rsquo;avortement aux Etats-Unis: un droit \u00e9tendu, une r\u00e9alit\u00e9 contrast\u00e9e<\/a> (AFP)<\/p>\n\n\n\n<p><strong><a href=\"https:\/\/entreleslignesentrelesmots.blog\/2021\/10\/21\/les-femmes-ne-sont-jamais-responsables-de-la-violence-subie\/\">Les femmes ne sont jamais responsables de la violence&nbsp;subie<\/a> (Entre les mots)<\/strong><\/p>\n\n\n\n<p><a href=\"https:\/\/entreleslignesentrelesmots.blog\/2021\/10\/29\/parution-la-douleur-impensee\/\">Parution : \u00ab&nbsp;La douleur impens\u00e9e&nbsp;\u00bb<\/a> (Entre les mots)<\/p>\n","protected":false},"excerpt":{"rendered":"<p>30 novembre en continu Allongement d\u00e9lai IVG : \u00ab\u00a0c&rsquo;est lutter contre les in\u00e9galit\u00e9s\u00a0\u00bb, assure la d\u00e9put\u00e9e \u00e9cologiste Gaillot (France Info) L\u2019allongement du d\u00e9lai d\u2019IVG toujours r\u00e9cus\u00e9 par Emmanuel Macron (Huffington Post ) En France, pr\u00e8s de 500 femmes ont \u00e9t\u00e9 tu\u00e9es par leur conjoint ou leur ex depuis quatre ans (Lib\u00e9) Hulot : explications sur &#8230; <a title=\"Novembre &#8211; F\u00e9minisme\/LGBT+\" class=\"read-more\" href=\"https:\/\/www.rdpemancipation.org\/?p=55219\" aria-label=\"En savoir plus sur Novembre &#8211; F\u00e9minisme\/LGBT+\">Lire la suite<\/a><\/p>\n","protected":false},"author":1,"featured_media":0,"comment_status":"closed","ping_status":"closed","sticky":false,"template":"","format":"standard","meta":{"_lmt_disableupdate":"no","_lmt_disable":"no","_jetpack_memberships_contains_paid_content":false,"footnotes":""},"categories":[12],"tags":[],"class_list":["post-55219","post","type-post","status-publish","format-standard","hentry","category-feminisme"],"modified_by":"ype","jetpack_featured_media_url":"","jetpack_sharing_enabled":true,"_links":{"self":[{"href":"https:\/\/www.rdpemancipation.org\/index.php?rest_route=\/wp\/v2\/posts\/55219","targetHints":{"allow":["GET"]}}],"collection":[{"href":"https:\/\/www.rdpemancipation.org\/index.php?rest_route=\/wp\/v2\/posts"}],"about":[{"href":"https:\/\/www.rdpemancipation.org\/index.php?rest_route=\/wp\/v2\/types\/post"}],"author":[{"embeddable":true,"href":"https:\/\/www.rdpemancipation.org\/index.php?rest_route=\/wp\/v2\/users\/1"}],"replies":[{"embeddable":true,"href":"https:\/\/www.rdpemancipation.org\/index.php?rest_route=%2Fwp%2Fv2%2Fcomments&post=55219"}],"version-history":[{"count":76,"href":"https:\/\/www.rdpemancipation.org\/index.php?rest_route=\/wp\/v2\/posts\/55219\/revisions"}],"predecessor-version":[{"id":59663,"href":"https:\/\/www.rdpemancipation.org\/index.php?rest_route=\/wp\/v2\/posts\/55219\/revisions\/59663"}],"wp:attachment":[{"href":"https:\/\/www.rdpemancipation.org\/index.php?rest_route=%2Fwp%2Fv2%2Fmedia&parent=55219"}],"wp:term":[{"taxonomy":"category","embeddable":true,"href":"https:\/\/www.rdpemancipation.org\/index.php?rest_route=%2Fwp%2Fv2%2Fcategories&post=55219"},{"taxonomy":"post_tag","embeddable":true,"href":"https:\/\/www.rdpemancipation.org\/index.php?rest_route=%2Fwp%2Fv2%2Ftags&post=55219"}],"curies":[{"name":"wp","href":"https:\/\/api.w.org\/{rel}","templated":true}]}}