{"id":55217,"date":"2021-11-01T09:25:19","date_gmt":"2021-11-01T08:25:19","guid":{"rendered":"https:\/\/www.rdpemancipation.org\/?p=55217"},"modified":"2021-11-26T22:31:20","modified_gmt":"2021-11-26T21:31:20","slug":"novembre-antiracisme","status":"publish","type":"post","link":"https:\/\/www.rdpemancipation.org\/?p=55217","title":{"rendered":"Novembre &#8211; Antiracisme"},"content":{"rendered":"\n<p><strong><span style=\"color:#da0d13\" class=\"has-inline-color\">26 <strong><span style=\"color:#a30000\" class=\"has-inline-color\">novembre<\/span><\/strong><\/span><\/strong><\/p>\n\n\n\n<pre class=\"wp-block-preformatted\">Une nouvelle affaire impliquant des propos racistes et x\u00e9nophobes dans la police est r\u00e9v\u00e9l\u00e9e sans aucune r\u00e9action du ministre de l\u2019int\u00e9rieur G\u00e9rald Damarnin (<a href=\"https:\/\/www.lemonde.fr\/societe\/article\/2021\/09\/07\/je-ne-veux-pas-etre-dans-le-groupe-du-bougnoule-a-nancy-des-policiers-faisaient-regner-un-climat-de-haine_6093674_3224.html\">source<\/a>)<\/pre>\n\n\n\n<p><a href=\"https:\/\/www.contretemps.eu\/question-noire-socialisme-democratie-racisme-du-bois\/\">Question raciale, d\u00e9mocratie et socialisme : la le\u00e7on de Du Bois<\/a> (Contretemps)<\/p>\n\n\n\n<p><strong><span style=\"color:#da0d13\" class=\"has-inline-color\">21 <strong><span style=\"color:#a30000\" class=\"has-inline-color\">novembre<\/span><\/strong><\/span><\/strong><\/p>\n\n\n\n<figure class=\"wp-block-image is-resized is-style-default\"><img loading=\"lazy\" decoding=\"async\" src=\"https:\/\/pbs.twimg.com\/media\/FDv8id3XoAY1aB8?format=jpg&amp;name=4096x4096\" alt=\"Image\" width=\"300\" height=\"285\"\/><\/figure>\n\n\n\n<p><strong><span style=\"color:#da0d13\" class=\"has-inline-color\">18 <strong><span style=\"color:#a30000\" class=\"has-inline-color\">novembre<\/span><\/strong><\/span><\/strong><\/p>\n\n\n\n<p><a href=\"https:\/\/orientxxi.info\/magazine\/edmond-bloch-les-croisades-d-un-juif-ami-des-antisemites,5184\">Edmond Bloch, les croisades d&rsquo;un juif ami des antis\u00e9mites<\/a> -Charles Enderlin (Orient XXI)<\/p>\n\n\n\n<p><a href=\"https:\/\/www.theguardian.com\/commentisfree\/2021\/nov\/17\/harvard-university-students-smart-iq?CMP=Share_iOSApp_Other\">57% seulement des \u00e9tudiants blancs \u00e0 Harvard admis en fonction de leurs notes<\/a> (anglais -The Guardian)<\/p>\n\n\n\n<p><strong><span style=\"color:#da0d13\" class=\"has-inline-color\">16 <strong><span style=\"color:#a30000\" class=\"has-inline-color\">novembre<\/span><\/strong><\/span><\/strong><\/p>\n\n\n\n<p><a href=\"https:\/\/www.saphirnews.com\/Fermeture-de-comptes-bancaires-de-mosquees-des-pratiques-abusives-et-injustes_a28416.html\">Fermeture de comptes bancaires de mosqu\u00e9es : des pratiques \u00ab abusives et injustes \u00bb<\/a> (SaphirNews)<\/p>\n\n\n\n<p>&nbsp;<a href=\"https:\/\/blogs.mediapart.fr\/mamasamoura\/blog\/141121\/le-choix-des-mots-l-importance-de-prendre-enfin-nos-responsabilites\">Le choix des mots, l\u2019importance de prendre, enfin, nos responsabilit\u00e9s <\/a>-Mama.Samoura<\/p>\n\n\n\n<p><a href=\"https:\/\/www.fidh.org\/fr\/regions\/asie\/coree-du-sud\/l-assemblee-nationale-doit-agir-rapidement-pour-adopter-une-loi\">L&rsquo;Assembl\u00e9e nationale doit agir rapidement pour adopter une loi antidiscrimination<\/a> ( FIDH )<\/p>\n\n\n\n<p><a href=\"https:\/\/www.streetpress.com\/sujet\/1636994123-daniel-conversano-influenceur-raciste-adore-zemmour-neonazi-extreme-droite-supremaciste-blanc-Dieudonne-Soral\">Daniel Conversano, l\u2019influenceur tr\u00e8s tr\u00e8s raciste qui adore Zemmour<\/a> (StreetPress)<\/p>\n\n\n\n<figure class=\"wp-block-image size-full is-resized is-style-default\"><img data-recalc-dims=\"1\" loading=\"lazy\" decoding=\"async\" src=\"https:\/\/i0.wp.com\/www.rdpemancipation.org\/wp-content\/uploads\/2021\/11\/Capture-decran-2021-11-16-a-16.09.18.png?resize=392%2C332&#038;ssl=1\" alt=\"\" class=\"wp-image-57805\" width=\"392\" height=\"332\" srcset=\"https:\/\/i0.wp.com\/www.rdpemancipation.org\/wp-content\/uploads\/2021\/11\/Capture-decran-2021-11-16-a-16.09.18.png?w=591&amp;ssl=1 591w, https:\/\/i0.wp.com\/www.rdpemancipation.org\/wp-content\/uploads\/2021\/11\/Capture-decran-2021-11-16-a-16.09.18.png?resize=300%2C254&amp;ssl=1 300w\" sizes=\"auto, (max-width: 392px) 100vw, 392px\" \/><\/figure>\n\n\n\n<figure class=\"wp-block-image is-resized is-style-default\"><img data-recalc-dims=\"1\" loading=\"lazy\" decoding=\"async\" src=\"https:\/\/i0.wp.com\/static.mediapart.fr\/etmagine\/default\/files\/2021\/11\/13\/21-11-13-antiraciste.jpg?resize=352%2C419&#038;ssl=1\" alt=\"21-11-13-antiraciste\" width=\"352\" height=\"419\"\/><\/figure>\n\n\n\n<p><strong><span style=\"color:#da0d13\" class=\"has-inline-color\">15 <strong><span style=\"color:#a30000\" class=\"has-inline-color\">novembre<\/span><\/strong><\/span><\/strong><\/p>\n\n\n\n<pre class=\"wp-block-preformatted has-normal-font-size\">C'est \u00e0 \u00e7a qu'on les reconnait...<em>\u00ab&nbsp;Personne ne peut dire aujourd\u2019hui qu\u2019il est trait\u00e9 de mani\u00e8re in\u00e9galitaire en raison de la nature de sa religion.&nbsp;\u00bb<\/em> (20\/09\/2021, France 5) Jean-Michel Blanquer<\/pre>\n\n\n\n<p><strong><span style=\"color:#da0d13\" class=\"has-inline-color\">12 <strong><span style=\"color:#a30000\" class=\"has-inline-color\">novembre<\/span><\/strong><\/span><\/strong><\/p>\n\n\n\n<figure class=\"wp-block-image is-style-default\"><img data-recalc-dims=\"1\" decoding=\"async\" src=\"https:\/\/i0.wp.com\/mamot.fr\/system\/media_attachments\/files\/107\/230\/738\/660\/097\/623\/original\/47861448c4ffb990.png?w=1200&#038;ssl=1\" alt=\"\"\/><\/figure>\n\n\n\n<p><strong><span style=\"color:#da0d13\" class=\"has-inline-color\">11 Novembre<\/span><\/strong><\/p>\n\n\n\n<figure class=\"wp-block-image size-full\"><img data-recalc-dims=\"1\" loading=\"lazy\" decoding=\"async\" width=\"605\" height=\"318\" src=\"https:\/\/i0.wp.com\/www.rdpemancipation.org\/wp-content\/uploads\/2021\/11\/image-48.png?resize=605%2C318&#038;ssl=1\" alt=\"\" class=\"wp-image-57128\" srcset=\"https:\/\/i0.wp.com\/www.rdpemancipation.org\/wp-content\/uploads\/2021\/11\/image-48.png?w=605&amp;ssl=1 605w, https:\/\/i0.wp.com\/www.rdpemancipation.org\/wp-content\/uploads\/2021\/11\/image-48.png?resize=300%2C158&amp;ssl=1 300w\" sizes=\"auto, (max-width: 605px) 100vw, 605px\" \/><figcaption>La Cimade&#8230;&#8230;&#8230;&#8230;&#8230;&#8230;&#8230;&#8230;&#8230;&#8230;&#8230;&#8230;&#8230;&#8230;&#8230;&#8230;&#8230;.<\/figcaption><\/figure>\n\n\n\n<p><strong><span style=\"color:#a30000\" class=\"has-inline-color\">10 novembre<\/span><\/strong><\/p>\n\n\n\n<figure class=\"wp-block-image is-resized is-style-default\"><img data-recalc-dims=\"1\" loading=\"lazy\" decoding=\"async\" src=\"https:\/\/i0.wp.com\/charliehebdo.fr\/wp-content\/uploads\/2021\/11\/felix-zemmour-goncourt.png?resize=413%2C556&#038;ssl=1\" alt=\"\" class=\"wp-image-175675\" width=\"413\" height=\"556\"\/><\/figure>\n\n\n\n<p><strong><span style=\"color:#a30000\" class=\"has-inline-color\">9 novembre<\/span><\/strong><\/p>\n\n\n\n<figure class=\"wp-block-image is-resized is-style-default\"><img data-recalc-dims=\"1\" loading=\"lazy\" decoding=\"async\" src=\"https:\/\/i0.wp.com\/mamot.fr\/system\/media_attachments\/files\/107\/202\/148\/951\/808\/590\/original\/01150e391f18e89d.png?resize=349%2C411&#038;ssl=1\" alt=\"\" width=\"349\" height=\"411\"\/><\/figure>\n\n\n\n<p><strong><span style=\"color:#a30000\" class=\"has-inline-color\">6 novembre en contin<\/span><\/strong><\/p>\n\n\n\n<p><a href=\"https:\/\/blogs.mediapart.fr\/jean-marc-b\/blog\/041121\/genomique-jean-casanova\">G\u00e9nomique &#8211;<\/a>Jean Casanova&nbsp;<\/p>\n\n\n\n<p><a href=\"https:\/\/www.mediapart.fr\/journal\/france\/051121\/messages-racistes-sur-whatsapp-cinq-ex-policiers-condamnes\">Messages racistes sur WhatsApp: cinq ex-policiers condamn\u00e9s<\/a> (M\u00e9diapart)<\/p>\n\n\n\n<p><strong><span style=\"color:#a30000\" class=\"has-inline-color\">5 novembre en continu<\/span><\/strong><\/p>\n\n\n\n<p><a href=\"https:\/\/www.ldh-france.org\/des-refus-de-scolarisation-injustifies-et-discriminatoires-sanctionnes-par-le-juge-des-referes-du-tribunal-administratif-de-mayotte\/\">Mayotte&nbsp;: Des refus de scolarisation injustifi\u00e9s et discriminatoires sanctionn\u00e9s par le juge des r\u00e9f\u00e9r\u00e9s<\/a> (LDH)<\/p>\n\n\n\n<p><a href=\"https:\/\/orientxxi.info\/magazine\/le-silence-navrant-des-gauches-francaises-sur-l-islamophobie,5156\">Le silence navrant des gauches fran\u00e7aises sur l\u2019islamophobie<\/a> &#8211; Olivier Le Cour Grandmaison (Orient XXI)<\/p>\n\n\n\n<p><a href=\"https:\/\/www.mediapart.fr\/journal\/france\/051121\/un-bicot-ca-nage-pas-un-policier-plaide-la-blague-de-mauvais-gout\">\u00ab Un bicot, \u00e7a nage pas \u00bb : un policier plaide la \u00ab blague de mauvais go\u00fbt \u00bb<\/a> (Mediapart)<\/p>\n\n\n\n<p><a href=\"https:\/\/www.mediapart.fr\/journal\/france\/051121\/messages-racistes-sur-whatsapp-cinq-ex-policiers-condamnes\"><strong>Messages racistes sur WhatsApp : cinq ex-policiers condamn\u00e9s<\/strong><\/a> (Mediapart)<\/p>\n\n\n\n<p class=\"has-contrast-2-color has-text-color\"><span style=\"color:#a30000\" class=\"has-inline-color\"><strong>4 novembre en continu<\/strong><\/span><\/p>\n\n\n\n<p><a href=\"https:\/\/www.bondyblog.fr\/culture\/face-au-racisme-le-manuel-de-rakidd-pour-deconstruire-les-cliches\/\">Face au racisme, le manuel de Rakidd pour d\u00e9construire les clich\u00e9s<\/a> (Le Bondy Blog)<\/p>\n\n\n\n<p><a href=\"https:\/\/www.mediapart.fr\/journal\/france\/011121\/arpenter-le-paris-colonial\">Arpenter le \u00ab Paris colonial \u00bb<\/a> (Mediapart)<\/p>\n\n\n\n<figure class=\"wp-block-image size-large is-resized is-style-default\"><img data-recalc-dims=\"1\" loading=\"lazy\" decoding=\"async\" src=\"https:\/\/i0.wp.com\/www.rdpemancipation.org\/wp-content\/uploads\/2021\/11\/shed.png?resize=320%2C609&#038;ssl=1\" alt=\"\" class=\"wp-image-55820\" width=\"320\" height=\"609\" srcset=\"https:\/\/i0.wp.com\/www.rdpemancipation.org\/wp-content\/uploads\/2021\/11\/shed.png?resize=538%2C1024&amp;ssl=1 538w, https:\/\/i0.wp.com\/www.rdpemancipation.org\/wp-content\/uploads\/2021\/11\/shed.png?resize=158%2C300&amp;ssl=1 158w, https:\/\/i0.wp.com\/www.rdpemancipation.org\/wp-content\/uploads\/2021\/11\/shed.png?w=661&amp;ssl=1 661w\" sizes=\"auto, (max-width: 320px) 100vw, 320px\" \/><\/figure>\n\n\n\n<p><strong><a href=\"https:\/\/blogs.mediapart.fr\/les-invites-de-mediapart\/blog\/031121\/nous-devons-combattre-la-propagande-antisemite-de-zemmour\">Nous devons combattre la propagande antis\u00e9mite de Zemmour<\/a> (RAAR &#8211; Blog Mediapart)<\/strong><\/p>\n\n\n\n<p><a href=\"https:\/\/blogs.mediapart.fr\/yves-faucoup\/blog\/031121\/fraude-sociale-et-immigration\">Fraude sociale et immigration<\/a> (Y. Faucoup \u2013 Blog Mediapart)<\/p>\n\n\n\n<p><span style=\"color:#a30000\" class=\"has-inline-color\"><strong>2 novembre en continu<\/strong><\/span><\/p>\n\n\n\n<p><a href=\"https:\/\/www.revolutionpermanente.fr\/Ta-sale-gueule-de-singe-insulte-raciste-d-un-policier-contre-un-habitant-qui-le-filmait\">\u00ab&nbsp;Ta sale gueule de singe&nbsp;\u00bb&nbsp;: insulte raciste d\u2019un policier contre un habitant qui le filmait<\/a> (RP)<\/p>\n\n\n\n<p><a href=\"https:\/\/www.binge.audio\/podcast\/kiffetarace\/y-a-t-il-une-culture-blanche\" target=\"_blank\" rel=\"noreferrer noopener\">Y a-t-il une \u00ab&nbsp;culture blanche&nbsp;\u00bb (<\/a>kiffe ta race)<\/p>\n\n\n\n<p><a href=\"https:\/\/www.arretsurimages.net\/chroniques\/le-matinaute\/antisemitisme-une-etrange-indifference\" target=\"_blank\" rel=\"noreferrer noopener\">Antis\u00e9mitisme&nbsp;: une \u00e9trange indiff\u00e9rence \u2013 Daniel Schneiderman &nbsp;(<\/a>Arr\u00eat sur Images<a href=\"https:\/\/www.arretsurimages.net\/chroniques\/le-matinaute\/antisemitisme-une-etrange-indifference\" target=\"_blank\" rel=\"noreferrer noopener\">)<\/a><\/p>\n\n\n\n<p><strong><a href=\"https:\/\/www.streetpress.com\/sujet\/1635850237-soutiens-zemmour-tirent-caricatures-juifs-musulmans-noirs-racisme-antisemitisme-islamophobie-extreme-droite-survivalisme-famille-gallicane\" target=\"_blank\" rel=\"noreferrer noopener\">Ils pr\u00e9parent la guerre ? Soutiens Zemmour tirent sur caricatures de juifs, musulmans et noirs (<\/a>StreetPress)<\/strong><\/p>\n\n\n\n<figure class=\"wp-block-image is-resized is-style-default\"><img data-recalc-dims=\"1\" loading=\"lazy\" decoding=\"async\" src=\"https:\/\/i0.wp.com\/backend.streetpress.com\/sites\/default\/files\/capture_decran_2021-11-02_a_10.12.20.png?resize=550%2C309&#038;ssl=1\" alt=\"https:\/\/backend.streetpress.com\/sites\/default\/files\/capture_decran_2021-11-02_a_10.12.20.png\" width=\"550\" height=\"309\"\/><\/figure>\n\n\n\n<p><a href=\"https:\/\/bouamamas.wordpress.com\/2021\/10\/29\/le-massacre-du-17-octobre-1961-paris-le-monde-vu-den-bas-n27\/\" target=\"_blank\" rel=\"noreferrer noopener\">Le massacre du 17 octobre 1961 \u2013 <\/a>Sa\u00efd Bouamama<\/p>\n\n\n\n<p><a href=\"https:\/\/www.bondyblog.fr\/culture\/face-au-racisme-le-manuel-de-rakidd-pour-deconstruire-les-cliches\/\" target=\"_blank\" rel=\"noreferrer noopener\">Face au racisme, le manuel de Rakidd pour d\u00e9construire les clich\u00e9s (<\/a>BondyBlog<a href=\"https:\/\/www.bondyblog.fr\/culture\/face-au-racisme-le-manuel-de-rakidd-pour-deconstruire-les-cliches\/\" target=\"_blank\" rel=\"noreferrer noopener\">)<\/a><\/p>\n\n\n\n<p><a href=\"https:\/\/europe-solidaire.us8.list-manage.com\/track\/click?u=5c732dd5ee65845cf20fd724a&amp;id=3b34880e81&amp;e=5df9c98670\"><strong>Recension (France) : Les empoisonneurs, antis\u00e9mitisme, islamophobie, x\u00e9nophobie<\/strong><\/a> -Wilno Henri<\/p>\n\n\n\n<figure class=\"wp-block-image is-resized is-style-default\"><img data-recalc-dims=\"1\" loading=\"lazy\" decoding=\"async\" src=\"https:\/\/i0.wp.com\/mamot.fr\/system\/media_attachments\/files\/107\/183\/839\/226\/153\/904\/original\/690a8542e82ce5c8.png?resize=471%2C592&#038;ssl=1\" alt=\"\" width=\"471\" height=\"592\"\/><\/figure>\n","protected":false},"excerpt":{"rendered":"<p>26 novembre Une nouvelle affaire impliquant des propos racistes et x\u00e9nophobes dans la police est r\u00e9v\u00e9l\u00e9e sans aucune r\u00e9action du ministre de l\u2019int\u00e9rieur G\u00e9rald Damarnin (source) Question raciale, d\u00e9mocratie et socialisme : la le\u00e7on de Du Bois (Contretemps) 21 novembre 18 novembre Edmond Bloch, les croisades d&rsquo;un juif ami des antis\u00e9mites -Charles Enderlin (Orient XXI) &#8230; <a title=\"Novembre &#8211; Antiracisme\" class=\"read-more\" href=\"https:\/\/www.rdpemancipation.org\/?p=55217\" aria-label=\"En savoir plus sur Novembre &#8211; Antiracisme\">Lire la suite<\/a><\/p>\n","protected":false},"author":1,"featured_media":0,"comment_status":"closed","ping_status":"closed","sticky":false,"template":"","format":"standard","meta":{"_lmt_disableupdate":"no","_lmt_disable":"no","_jetpack_memberships_contains_paid_content":false,"footnotes":""},"categories":[13],"tags":[],"class_list":["post-55217","post","type-post","status-publish","format-standard","hentry","category-antiracisme"],"modified_by":"jmb","jetpack_featured_media_url":"","jetpack_sharing_enabled":true,"_links":{"self":[{"href":"https:\/\/www.rdpemancipation.org\/index.php?rest_route=\/wp\/v2\/posts\/55217","targetHints":{"allow":["GET"]}}],"collection":[{"href":"https:\/\/www.rdpemancipation.org\/index.php?rest_route=\/wp\/v2\/posts"}],"about":[{"href":"https:\/\/www.rdpemancipation.org\/index.php?rest_route=\/wp\/v2\/types\/post"}],"author":[{"embeddable":true,"href":"https:\/\/www.rdpemancipation.org\/index.php?rest_route=\/wp\/v2\/users\/1"}],"replies":[{"embeddable":true,"href":"https:\/\/www.rdpemancipation.org\/index.php?rest_route=%2Fwp%2Fv2%2Fcomments&post=55217"}],"version-history":[{"count":25,"href":"https:\/\/www.rdpemancipation.org\/index.php?rest_route=\/wp\/v2\/posts\/55217\/revisions"}],"predecessor-version":[{"id":59202,"href":"https:\/\/www.rdpemancipation.org\/index.php?rest_route=\/wp\/v2\/posts\/55217\/revisions\/59202"}],"wp:attachment":[{"href":"https:\/\/www.rdpemancipation.org\/index.php?rest_route=%2Fwp%2Fv2%2Fmedia&parent=55217"}],"wp:term":[{"taxonomy":"category","embeddable":true,"href":"https:\/\/www.rdpemancipation.org\/index.php?rest_route=%2Fwp%2Fv2%2Fcategories&post=55217"},{"taxonomy":"post_tag","embeddable":true,"href":"https:\/\/www.rdpemancipation.org\/index.php?rest_route=%2Fwp%2Fv2%2Ftags&post=55217"}],"curies":[{"name":"wp","href":"https:\/\/api.w.org\/{rel}","templated":true}]}}