{"id":55215,"date":"2021-11-01T09:24:46","date_gmt":"2021-11-01T08:24:46","guid":{"rendered":"https:\/\/www.rdpemancipation.org\/?p=55215"},"modified":"2021-12-31T00:34:25","modified_gmt":"2021-12-30T23:34:25","slug":"novembre-jeunesse-education","status":"publish","type":"post","link":"https:\/\/www.rdpemancipation.org\/?p=55215","title":{"rendered":"Novembre &#8211; Jeunesse\/Education"},"content":{"rendered":"\n<p><strong><span style=\"color:#e0142f\" class=\"has-inline-color\">1er D\u00e9cembre en continu<\/span><\/strong><\/p>\n\n\n\n<p><strong>Parents, vos enfants ont besoin de vous, il est temps d&rsquo;agir !!<\/strong><\/p>\n\n\n\n<figure class=\"wp-block-image size-full\"><img data-recalc-dims=\"1\" loading=\"lazy\" decoding=\"async\" width=\"559\" height=\"335\" src=\"https:\/\/i0.wp.com\/www.rdpemancipation.org\/wp-content\/uploads\/2021\/12\/image-130.png?resize=559%2C335&#038;ssl=1\" alt=\"\" class=\"wp-image-64033\" srcset=\"https:\/\/i0.wp.com\/www.rdpemancipation.org\/wp-content\/uploads\/2021\/12\/image-130.png?w=559&amp;ssl=1 559w, https:\/\/i0.wp.com\/www.rdpemancipation.org\/wp-content\/uploads\/2021\/12\/image-130.png?resize=300%2C180&amp;ssl=1 300w\" sizes=\"auto, (max-width: 559px) 100vw, 559px\" \/><\/figure>\n\n\n\n<p><a href=\"https:\/\/www.msn.com\/fr-fr\/actualite\/france\/covid-19-jean-michel-blanquer-pr%C3%A9pare-l-%C3%A9cole-au-choc-de-la-vague-omicron\/ar-AAShRHx?cvid=4567395966c640d0b7be260b6c0c6b52&amp;ocid=winp1taskbar\">Covid-19: Jean-Michel Blanquer pr\u00e9pare l\u2019\u00e9cole au choc de la vague Omicron<\/a> (Le Figaro)<\/p>\n\n\n\n<p><strong><a href=\"https:\/\/theconversation.com\/etudier-en-prison-aide-a-sortir-des-circuits-de-delinquance-172426\">\u00c9tudier en prison aide \u00e0 sortir des circuits de d\u00e9linquance<\/a> (The Conversation)<\/strong><\/p>\n\n\n\n<p><a href=\"http:\/\/www.cafepedagogique.net\/lexpresso\/Pages\/2021\/12\/23122021Article637758477947344787.aspx\">Colloque&nbsp;: Scolarit\u00e9 obligatoire<\/a> (Caf\u00e9 p\u00e9dagogique)<\/p>\n\n\n\n<p><a href=\"https:\/\/theconversation.com\/jeunesse-sentiments-et-sexualites-comment-certaines-series-netflix-parlent-de-sante-sexuelle-143284\">Sentiments et sexualit\u00e9s&nbsp;: Comment certaines s\u00e9ries Netflix parlent de sant\u00e9 sexuelle<\/a> (The Conversation)<strong><\/strong><\/p>\n\n\n\n<p><strong><a href=\"https:\/\/blogs.mediapart.fr\/jmharribey\/blog\/271221\/l-insee-remet-les-pendules-l-heure-sur-le-travail-des-fonctionnaires?utm_source=20211230&amp;utm_medium=email&amp;utm_campaign=LETTRECLUB&amp;utm_content=&amp;utm_term=&amp;xtor=EREC-83\">L\u2019INSEE remet les pendules \u00e0 l\u2019heure sur le travail des fonctionnaires<\/a> (Blog M\u00e9diapart)<\/strong><\/p>\n\n\n\n<p><a href=\"https:\/\/www.scienceshumaines.com\/grossophobie_fr_43946.html?utm_source=MailPerformance&amp;utm_medium=email&amp;utm_content=&amp;utm_campaign=NLHebdo+211129_0019C8\">Grossophobie&nbsp;: Stigmatisation, moqueries, mal-\u00eatre_<\/a> <a><span class=\"has-inline-color has-contrast-color\">(Sciences Humaines)<\/span><\/a><\/p>\n\n\n\n<p><a href=\"https:\/\/www.scienceshumaines.com\/les-cpe-au-coeur-de-la-vie-scolaire_fr_43901.html?utm_source=MailPerformance&amp;utm_medium=email&amp;utm_content=&amp;utm_campaign=NLHebdo+211129_0019C8\">Les CPE au c\u0153ur de la vie scolaire <\/a>&nbsp;(Sciences Humaines)<\/p>\n\n\n\n<p><a href=\"https:\/\/blogs.mediapart.fr\/paul-devin\/blog\/291121\/toujours-plus-d-inegalites-scolaires\">Toujours plus d\u2019in\u00e9galit\u00e9s scolaires<\/a> (Paul Devin, Blog M\u00e9diapart)<\/p>\n\n\n\n<p><strong><a href=\"https:\/\/www.youtube.com\/watch?app=desktop&amp;v=1GJ0s_r2WB0&amp;feature=youtu.be\">La Pop\u2019 philosophie, c\u2019est quoi&nbsp;?<\/a> (Sciences Humaines)<\/strong><\/p>\n\n\n\n<figure class=\"wp-block-image size-full is-resized\"><img data-recalc-dims=\"1\" loading=\"lazy\" decoding=\"async\" src=\"https:\/\/i0.wp.com\/www.rdpemancipation.org\/wp-content\/uploads\/2021\/12\/image.png?resize=419%2C530&#038;ssl=1\" alt=\"\" class=\"wp-image-59763\" width=\"419\" height=\"530\" srcset=\"https:\/\/i0.wp.com\/www.rdpemancipation.org\/wp-content\/uploads\/2021\/12\/image.png?w=534&amp;ssl=1 534w, https:\/\/i0.wp.com\/www.rdpemancipation.org\/wp-content\/uploads\/2021\/12\/image.png?resize=237%2C300&amp;ssl=1 237w\" sizes=\"auto, (max-width: 419px) 100vw, 419px\" \/><\/figure>\n\n\n\n<p><a href=\"http:\/\/www.cafepedagogique.net\/lexpresso\/Pages\/2021\/11\/29112021Article637737668185855960.aspx\">Deux fois plus d\u2019\u00e9l\u00e8ves contamin\u00e9s en 1 semaine<\/a> (Caf\u00e9 p\u00e9dagogique)<\/p>\n\n\n\n<p><strong>Analyse<\/strong><\/p>\n\n\n\n<p><a href=\"https:\/\/aoc.media\/analyse\/2021\/12\/30\/%20Le%20m\u00e9rite%20comme&nbsp;%20\">&nbsp;Le m\u00e9rite comme&nbsp; \u00ab&nbsp;storytelling&nbsp;\u00bb&nbsp;: Tapie, Macron et les beaux jours de l\u2019h\u00e9ritocratie<\/a> (AOC M\u00e9dia)<\/p>\n\n\n\n<p> <strong><span style=\"color:#ca0e14\" class=\"has-inline-color\">30 Novembre en continu<\/span><\/strong> <\/p>\n\n\n\n<p><strong><a href=\"https:\/\/blogs.mediapart.fr\/jean-marc-b\/blog\/291121\/sans-facs-victor-mendes-en-duplex-sur-bfm-depuis-loccupation-nanterre-video\">Sans facs: Victor Mendes en duplex sur BFM depuis l&rsquo;occupation \u00e0 Nanterre <\/a>-vid\u00e9o<\/strong><\/p>\n\n\n\n<figure class=\"wp-block-image is-resized is-style-default\"><img loading=\"lazy\" decoding=\"async\" src=\"https:\/\/scontent.fhex4-2.fna.fbcdn.net\/v\/t39.30808-6\/s960x960\/262547900_2726927170934576_6347321041059037158_n.jpg?_nc_cat=108&amp;_nc_rgb565=1&amp;ccb=1-5&amp;_nc_sid=e3f864&amp;_nc_eui2=AeGCVmM9JYlqnBVCVqAGu1lLByZ17D9hzRYHJnXsP2HNFo-q3LIFu2Lck3pkl4JQ0EI&amp;_nc_ohc=Fh_yDAOIPNUAX8DRRuW&amp;_nc_ht=scontent.fhex4-2.fna&amp;oh=98a9653fc31ac6085b524766fc8a0579&amp;oe=61AAC4C8\" alt=\"\" width=\"558\" height=\"206\"\/><\/figure>\n\n\n\n<p><a href=\"https:\/\/theconversation.com\/la-liberte-academique-aux-prises-avec-de-nouvelles-menaces-171682\">La libert\u00e9 acad\u00e9mique aux prises avec de nouvelles menaces<\/a> (The Conversation)<\/p>\n\n\n\n<p><a href=\"https:\/\/tendanceclaire.org\/breve.php?id=40075\">Rapport int\u00e9ressant du s\u00e9nat sur l\u2019enseignement scolaire<\/a> (TC)<\/p>\n\n\n\n<p><a href=\"http:\/\/www.cafepedagogique.net\/lexpresso\/Pages\/2021\/11\/29112021Article637737668248826539.aspx\">Nouvelle FAQ sur gestion des \u00e9l\u00e8ves en primaire&nbsp;: Proc\u00e9dure improvis\u00e9e<\/a> (Caf\u00e9 p\u00e9dagogique)<\/p>\n\n\n\n<p><a href=\"https:\/\/ec.europa.eu\/eurostat\/statistics-explained\/index.php?title=Being_young_in_Europe_today_-_health\">\u00catre jeune en Europe aujourd\u2019hui _<\/a> (Eurostat)<\/p>\n\n\n\n<p><a href=\"https:\/\/www.mediapart.fr\/journal\/france\/291121\/handicap-des-militants-l-assaut-de-l-oppression-validiste?utm_source=20211129&amp;utm_medium=email&amp;utm_campaign=QUOTIDIENNE&amp;utm_content=&amp;utm_term=&amp;xtor=EREC-83-%5bQUOTIDIENNE%5d-20211129&amp;M_BT=2691799753699\">Handicap: des militants l\u2019assaut de l\u2019oppression validiste<\/a> (M\u00e9diapart)<\/p>\n\n\n\n<p><a href=\"https:\/\/www.mediapart.fr\/journal\/international\/291121\/ecole-inclusive-les-lecons-du-modele-italien\">\u00c9cole inclusive&nbsp;:les le\u00e7ons du mod\u00e8le italien<\/a> (M\u00e9diapart)<\/p>\n\n\n\n<p><a href=\"http:\/\/www.cafepedagogique.net\/lexpresso\/Pages\/2021\/11\/29112021Article637737668185855960.aspx\">Deux fois plus d\u2019\u00e9l\u00e8ves contamin\u00e9s en 1 semaine<\/a> (Caf\u00e9 p\u00e9dagogique)<\/p>\n\n\n\n<p><\/p>\n\n\n\n<p> <strong><span style=\"color:#ca0e14\" class=\"has-inline-color\">29 Novembre en continu<\/span><\/strong> <\/p>\n\n\n\n<p><a href=\"http:\/\/www.cafepedagogique.net\/lexpresso\/Pages\/2021\/11\/26112021Article637735085301093961.aspx\">Syndicats stup\u00e9faits de la gestion sanitaire de Blanquer<\/a> <u>(Caf\u00e9 p\u00e9dagogique)<\/u><\/p>\n\n\n\n<p><a href=\"https:\/\/www.revolutionpermanente.fr\/Cinquieme-vague-a-l-ecole-pour-faire-plaisir-aux-patrons-Blanquer-allege-le-protocole\">Cinqui\u00e8me vague \u00e0 l\u2019\u00e9cole&nbsp;: pour faire plaisir aux patrons, Blanquer all\u00e8ge le protocole&nbsp;!<\/a> (RP)<\/p>\n\n\n\n<figure class=\"wp-block-image is-style-default\"><img decoding=\"async\" src=\"https:\/\/scontent.fhex4-1.fna.fbcdn.net\/v\/t39.30808-6\/c0.4.513.268a\/p280x280\/262392951_2726951534265473_942153111819095972_n.jpg?_nc_cat=101&amp;ccb=1-5&amp;_nc_sid=340051&amp;_nc_eui2=AeHDTGqOYrPNQa-MqNMalL9jNTQwDDec33k1NDAMN5zfeepW8ouOieb6miIxgkqw1mQ&amp;_nc_ohc=SRxdQCA5z6AAX9LFA7F&amp;_nc_ht=scontent.fhex4-1.fna&amp;oh=f746bacdbb8da826c960dea4de07518e&amp;oe=61A95A1E\" alt=\"Peut \u00eatre une image de 1 personne, monument et texte\"\/><\/figure>\n\n\n\n<p><strong>Analyse<\/strong><\/p>\n\n\n\n<p><strong><a href=\"https:\/\/76835.r.ag.d.sendibm3.com\/mk\/cl\/f\/EkC1XCd6ZKA_wwpNCsAZh343n4C0xiw2J8dSdFXcuou764o00ImasmSseZg_y-Sok9VFSu5mw3JyUz6oEUuPdyHJmq8xEH-IZQVeuu16agE22UszKF2HNGt_XgwqM_tHVcMTNJz7HXTj-W2ZS_1ewYWdGh47aKWHSEitpLh4NwW9sdg4JG1FxsiqRH1DSXYD6xdAFsUoo0OBB4-71wRcLMmQvo5zPdqBzKqamktFeIESCQmqpXhqr2DbdR7J29usYmUdzP48sOQUZ1ikpFHUd62pPU6Kw1RgG5rTDudz7OM\">Pr\u00e9carit\u00e9 \u00e9tudiante : Sous Macron, un gouvernement incapable et responsable<\/a> (Elucid)<\/strong><\/p>\n\n\n\n<p><a href=\"https:\/\/www.francetvinfo.fr\/sante\/sport-et-sante\/une-etude-europeenne-revele-que-trois-quarts-des-enfants-ayant-pratique-un-sport-ont-subi-des-abus-psychologiques-ou-physiques_4861113.html\">Trois quarts des enfants ayant pratiqu\u00e9 un sport ont subi des abus psychologiques ou physiques<\/a> (France Info)<\/p>\n\n\n\n<p><strong><a href=\"https:\/\/agir.planete-eed.org\/esclavage-moderne\/?utm_source=Email&amp;utm_medium=photo&amp;utm_campaign=Newsletter-112021&amp;utm_content=CFA-2021\">Esclavage moderne: une victime sur 4 d\u2019esclavage moderne est un enfant<\/a> (Plan\u00e8te Enfants)<\/strong><\/p>\n\n\n\n<p><a href=\"https:\/\/www.questionsdeclasses.org\/dialogue-n-182-100-ans-deducation-nouvelle-une-histoire-a-partager\/\">100 ans d\u2019\u00e9ducation nouvelle une histoire \u00e0 partager<\/a> (Questions de classes)<\/p>\n\n\n\n<p><a href=\"http:\/\/www.cafepedagogique.net\/lexpresso\/Pages\/2021\/11\/26112021Article637735084347493002.aspx\">Travailler la pers\u00e9v\u00e9rance en cours d\u2019histoire<\/a> (Caf\u00e9 p\u00e9dagogique)<\/p>\n\n\n\n<figure class=\"wp-block-image size-full is-resized is-style-default\"><img data-recalc-dims=\"1\" loading=\"lazy\" decoding=\"async\" src=\"https:\/\/i0.wp.com\/www.rdpemancipation.org\/wp-content\/uploads\/2021\/11\/Capture-decran-2021-11-29-a-07.31.40.png?resize=754%2C361&#038;ssl=1\" alt=\"\" class=\"wp-image-59544\" width=\"754\" height=\"361\" srcset=\"https:\/\/i0.wp.com\/www.rdpemancipation.org\/wp-content\/uploads\/2021\/11\/Capture-decran-2021-11-29-a-07.31.40.png?w=651&amp;ssl=1 651w, https:\/\/i0.wp.com\/www.rdpemancipation.org\/wp-content\/uploads\/2021\/11\/Capture-decran-2021-11-29-a-07.31.40.png?resize=300%2C144&amp;ssl=1 300w\" sizes=\"auto, (max-width: 754px) 100vw, 754px\" \/><\/figure>\n\n\n\n<p><strong><span style=\"color:#ca0e14\" class=\"has-inline-color\">28 Novembre en continu<\/span><\/strong><\/p>\n\n\n\n<p><strong><a href=\"https:\/\/www.facebook.com\/UNEFTACLE\/videos\/1081874779228271\" title=\"https:\/\/www.facebook.com\/UNEFTACLE\/videos\/1081874779228271\">Le charg\u00e9 du tri social \u00e0 Nanterre a envoy\u00e9 un mail \u00e0 tous les sans-facs\u2026 voici leur r\u00e9ponse !<\/a> -vid\u00e9o<\/strong><\/p>\n\n\n\n<p><strong><a href=\"https:\/\/www.revolutionpermanente.fr\/Parcoursup-en-master-Vidal-se-prepare-a-renforcer-la-selection-pour-les-L3\">Parcoursup en master. Vidal se pr\u00e9pare \u00e0 renforcer la s\u00e9lection pour les L3<\/a> (RP)<\/strong><\/p>\n\n\n\n<p><a href=\"http:\/\/www.cafepedagogique.net\/lexpresso\/Pages\/2021\/11\/26112021Article637735085839546051.aspx\">Concours 2022: Toujours moins de postes dans le second degr\u00e9 <\/a>(Caf\u00e9 p\u00e9dagogique)<\/p>\n\n\n\n<p><a href=\"https:\/\/charliehebdo.fr\/2021\/03\/religions\/a-t-on-le-droit-de-caricaturer-le-vide\/\">A-t-on le droit de caricaturer le vide&nbsp;?<\/a> (Charlie Hebdo)<\/p>\n\n\n\n<figure class=\"wp-block-image size-full is-resized\"><img data-recalc-dims=\"1\" loading=\"lazy\" decoding=\"async\" src=\"https:\/\/i0.wp.com\/www.rdpemancipation.org\/wp-content\/uploads\/2021\/11\/image-126.png?resize=462%2C655&#038;ssl=1\" alt=\"\" class=\"wp-image-59367\" width=\"462\" height=\"655\" srcset=\"https:\/\/i0.wp.com\/www.rdpemancipation.org\/wp-content\/uploads\/2021\/11\/image-126.png?w=408&amp;ssl=1 408w, https:\/\/i0.wp.com\/www.rdpemancipation.org\/wp-content\/uploads\/2021\/11\/image-126.png?resize=212%2C300&amp;ssl=1 212w\" sizes=\"auto, (max-width: 462px) 100vw, 462px\" \/><figcaption>JEUNE GARDE&#8230;&#8230;&#8230;&#8230;&#8230;&#8230;&#8230;&#8230;&#8230;&#8230;&#8230;&#8230;&#8230;&#8230;&#8230;&#8230;&#8230;&#8230;&#8230;&#8230;&#8230;&#8230;&#8230;..<\/figcaption><\/figure>\n\n\n\n<p><strong><span style=\"color:#ca0e14\" class=\"has-inline-color\">27 Novembre en continu<\/span><\/strong><\/p>\n\n\n\n<p><strong><a href=\"https:\/\/blogs.mediapart.fr\/jean-marc-b\/blog\/261121\/lettre-des-intervenants-du-meeting-en-soutien-aux-sans-facs\">Lettre des intervenants du Meeting en soutien aux sans-facs ! <\/a>-Collectif<\/strong><\/p>\n\n\n\n<figure class=\"wp-block-image is-resized is-style-default\"><img loading=\"lazy\" decoding=\"async\" src=\"https:\/\/scontent.fhex4-2.fna.fbcdn.net\/v\/t39.30808-6\/p526x296\/261621247_2725118861115407_3327959278059775970_n.jpg?_nc_cat=108&amp;_nc_rgb565=1&amp;ccb=1-5&amp;_nc_sid=a26aad&amp;_nc_ohc=ZBR5pSSI0iIAX9yLu09&amp;_nc_ht=scontent.fhex4-2.fna&amp;oh=0bd902ff0c91af34fbe2d45c9e8a225a&amp;oe=61A565A0\" alt=\"Peut \u00eatre une image de 6 personnes et texte\" width=\"433\" height=\"433\"\/><\/figure>\n\n\n\n<p><a href=\"https:\/\/www.humanite.fr\/jeunesse-lunef-devoile-ses-15-priorites-pour-la-presidentielle-729062#xtor=RSS-1\">Jeunesse. L\u2019UNEF d\u00e9voile ses 15 priorit\u00e9s pour la pr\u00e9sidentielle<\/a> (L\u2019Humanit\u00e9)<\/p>\n\n\n\n<p><a href=\"https:\/\/www.revolutionpermanente.fr\/Etudier-est-un-droit-plus-de-300-personnes-au-meeting-des-sans-facs-a-Nanterre\">\u00ab&nbsp;\u00c9tudier est un droit&nbsp;\u00bb&nbsp;: plus de 300 personnes au meeting des sans-facs \u00e0 Nanterre<\/a> (RP)<\/p>\n\n\n\n<p><a href=\"https:\/\/charliehebdo.fr\/2021\/03\/religions\/a-t-on-le-droit-de-caricaturer-le-vide\/\">A-t-on le droit de caricaturer le vide&nbsp;?<\/a> (Charlie Hebdo)<\/p>\n\n\n\n<p><a href=\"https:\/\/www.mediapart.fr\/journal\/france\/261121\/pas-antivax-mais-non-vaccines-c-est-quoi-l-utilite-pour-nous\">Jeunes: Pas antivax mais non-vaccin\u00e9s&nbsp;: \u00ab&nbsp;C\u2019est quoi l\u2019utilit\u00e9 pour nous&nbsp;?<\/a> (M\u00e9diapart)<\/p>\n\n\n\n<p><a href=\"https:\/\/www.msn.com\/fr-fr\/actualite\/france\/pour-compenser-les-absences-de-profs-des-retrait%C3%A9s-appel%C3%A9s-%C3%A0-la-rescousse\/ar-AARaZtw?cvid=4bbda1442e034355e62c8c71167c86bc&amp;ocid=winp1taskbar\">Pour compenser les absences de profs, des retrait\u00e9s appel\u00e9s \u00e0 la rescousse <\/a>&nbsp;(Le Point)<\/p>\n\n\n\n<figure class=\"wp-block-image size-full\"><img data-recalc-dims=\"1\" loading=\"lazy\" decoding=\"async\" width=\"487\" height=\"365\" src=\"https:\/\/i0.wp.com\/www.rdpemancipation.org\/wp-content\/uploads\/2021\/11\/image-122.png?resize=487%2C365&#038;ssl=1\" alt=\"\" class=\"wp-image-59245\" srcset=\"https:\/\/i0.wp.com\/www.rdpemancipation.org\/wp-content\/uploads\/2021\/11\/image-122.png?w=487&amp;ssl=1 487w, https:\/\/i0.wp.com\/www.rdpemancipation.org\/wp-content\/uploads\/2021\/11\/image-122.png?resize=300%2C225&amp;ssl=1 300w\" sizes=\"auto, (max-width: 487px) 100vw, 487px\" \/><\/figure>\n\n\n\n<p>Monde<\/p>\n\n\n\n<p><strong><a href=\"https:\/\/www.facebook.com\/ahmed.bentallah\/videos\/2093077827506550\">Importantes manifestations des \u00e9tudiants au Maroc contre la s\u00e9lection<\/a> -vid\u00e9o<\/strong><\/p>\n\n\n\n<p><strong><span style=\"color:#ca0e14\" class=\"has-inline-color\">26 Novembre en continu<\/span><\/strong><\/p>\n\n\n\n<p><strong><a href=\"https:\/\/l.facebook.com\/l.php?u=https%3A%2F%2Ffrance3-regions.francetvinfo.fr%2Fparis-ile-de-france%2Fhauts-de-seine%2Fa-l-universite-paris-nanterre-la-detresse-des-sans-fac-2351740.html%3Ffbclid%3DIwAR0mQtWCEPXXNzg491oI7IvU8RSGZU3_Vf12hRnoWyIkkUoO5V7wM4tt7JY&amp;h=AT01HQj_a_9OaUP_U2v0CuAgy-6KtPM1C6ytNRFNqB_RVU8r59AdRQOTP31G0tdCeagWPL3iXLTsau3T1C-bD-sIlvFz1J82M3605VBVVx2Ulj0OqYTpJ4PlvXuAHjrqkMqbjjQ&amp;__tn__=%2CmH-R&amp;c[0]=AT2jQg6mnQkclugQvP43MqXKq1-Us_WEZqFDlPqrsrkJAAh5VghGi9rM77KaCRG2HefPcZQ0jH1dKRb94HwjEXje8oF4O9h1zJMIJvrtMKBt-pQemeqBr3k4Gi6nmTeGqDJBwUCoqAhpCiaKI3OgNeCBc-sV633q1M8Joo3_GZhjqqA\" title=\"https:\/\/l.facebook.com\/l.php?u=https%3A%2F%2Ffrance3-regions.francetvinfo.fr%2Fparis-ile-de-france%2Fhauts-de-seine%2Fa-l-universite-paris-nanterre-la-detresse-des-sans-fac-2351740.html%3Ffbclid%3DIwAR0mQtWCEPXXNzg491oI7IvU8RSGZU3_Vf12hRnoWyIkkUoO5V7wM4tt7JY&amp;h=AT01HQj_a_9OaUP_U2v0CuAgy-6KtPM1C6ytNRFNqB_RVU8r59AdRQOTP31G0tdCeagWPL3iXLTsau3T1C-bD-sIlvFz1J82M3605VBVVx2Ulj0OqYTpJ4PlvXuAHjrqkMqbjjQ&amp;__tn__=%2CmH-R&amp;c[0]=AT2jQg6mnQkclugQvP43MqXKq1-Us_WEZqFDlPqrsrkJAAh5VghGi9rM77KaCRG2HefPcZQ0jH1dKRb94HwjEXje8oF4O9h1zJMIJvrtMKBt-pQemeqBr3k4Gi6nmTeGqDJBwUCoqAhpCiaKI3OgNeCBc-sV633q1M8Joo3_GZhjqqA\">\u00c0 l&rsquo;Universit\u00e9 Paris-Nanterre, la d\u00e9tresse des \u00ab\u00a0sans fac\u00a0\u00bb<\/a> (France 3)<\/strong><\/p>\n\n\n\n<figure class=\"wp-block-image is-resized is-style-default\"><img loading=\"lazy\" decoding=\"async\" src=\"https:\/\/scontent.fhex4-2.fna.fbcdn.net\/v\/t39.30808-6\/261044137_2723856861241607_2698010529865264823_n.jpg?_nc_cat=110&amp;ccb=1-5&amp;_nc_sid=e3f864&amp;_nc_ohc=yeNAZtA2IQAAX_pbu1m&amp;_nc_ht=scontent.fhex4-2.fna&amp;oh=2d820200e7185954c423efd8c1ef549d&amp;oe=61A58616\" alt=\"Peut \u00eatre une image de \u200eune personne ou plus et \u200etexte qui dit \u2019\u200ePLUS \u05de\u05e9\u05d9\u05dd MOIS D'OCCUPATION, TOUSOURS PAS DE SOLUTION! M. GERVAIS-LAMBONY -LAMBONY DOIT ACCEPTER DE TROUVER UN COMPROMIS! RASSEMBLEMENT DE SOUTIEN (AVEC BUVETTE, MUSIQUE.. VENDREDI 26NOVEMBRE- 19H FAC DE NANTERRE, DEVANT LE B\u00c2TIMENT GRAPPIN\u200e\u2019\u200e\u200e\" width=\"575\" height=\"212\"\/><\/figure>\n\n\n\n<p>\u00ad<a href=\"https:\/\/www.google.com\/url?sa=t&amp;rct=j&amp;q=&amp;esrc=s&amp;source=web&amp;cd=&amp;ved=2ahUKEwjth8iQy7H0AhUmRjABHV3tCzkQFnoECAcQAQ&amp;url=https%3A%2F%2Fwww.leparisien.fr%2Fhauts-de-seine-92%2Fcest-de-mon-avenir-dont-il-est-question-a-luniversite-de-nanterre-le-combat-de-youssef-un-des-etudiants-sans-fac-24-11-2021-O54Q4JYYCZGKRFWJ4LQLMFQT7M.php&amp;usg=AOvVaw3djYH2v5t2LJmhKn41B8ki\">\u00abC&rsquo;est de mon avenir dont il est question !\u00bb : Youssef, sans fac, occupant \u00e0 Nanterre<\/a> (Le Parisien)<\/p>\n\n\n\n<p><a href=\"https:\/\/www.anti-k.org\/2021\/11\/25\/sciences-po-toulouse-le-poing-leve-arrache-3-sieges-au-conseil-dadministration\/\">Sciences Po Toulouse. Le Poing Lev\u00e9 arrache 3 si\u00e8ges au Conseil d\u2019Administration !&nbsp;<\/a> (RP)<\/p>\n\n\n\n<p><a href=\"https:\/\/play.acast.com\/s\/podcastine\/precariteetudiante-lasolutionrafraichissantedufrigozerogaspi\">Pr\u00e9carit\u00e9 \u00e9tudiante : la solution rafra\u00eechissante du frigo \u00ab\u00a0z\u00e9ro gaspi\u00a0\u00bb<\/a> ( Podcastine)<\/p>\n\n\n\n<p><strong><a href=\"https:\/\/www.google.com\/url?rct=j&amp;sa=t&amp;url=https:\/\/france3-regions.francetvinfo.fr\/auvergne-rhone-alpes\/savoie\/presidentielle-2022-michel-barnier-plaide-pour-un-service-militaire-obligatoire-de-six-mois-2349256.html&amp;ct=ga&amp;cd=CAEYACoSNTQ5MDUwNjExMTg2NzM5MjE2MhpiNGI2YzQ4MmFiMjJmODNmOmNvbTpmcjpVUw&amp;usg=AFQjCNHIdLdEeBL2nQR_zKQrRzm5SrGKSw\">Pr\u00e9sidentielle 2022 : Michel Barnier plaide pour un service militaire obligatoire de six mois<\/a> (France 3 R\u00e9gions)<\/strong><\/p>\n\n\n\n<p><a href=\"https:\/\/www.huffingtonpost.fr\/entry\/covid-olivier-veran-reflechit-a-la-vaccination-pour-les-enfants-de-5-a-11-ans_fr_619f7fcde4b025be1ae65bd1\">V\u00e9ran r\u00e9fl\u00e9chit \u00e0 la vaccination pour les enfants de 5 \u00e0 11-ans<\/a> (HuffPost)<\/p>\n\n\n\n<p><a href=\"http:\/\/www.cafepedagogique.net\/lexpresso\/Pages\/2021\/11\/25112021Article637734204899268353.aspx\">Les AESH&nbsp;: Une for\u00eat fragile, un arbre malade<\/a> (Caf\u00e9 p\u00e9dagogique)<\/p>\n\n\n\n<p><a href=\"https:\/\/www.20minutes.fr\/monde\/3182247-20211125-unesco-adopte-premier-texte-mondial-encadrant-intelligence-artificielle\">Unesco adopte le premier texte mondial encadrant l\u2019intelligence artificielle<\/a> (20Minutes)<\/p>\n\n\n\n<p><a href=\"http:\/\/www.cafepedagogique.net\/lexpresso\/Pages\/2021\/11\/25112021Article637734540929979803.aspx\">Face \u00e0 la vague, Blanquer all\u00e8ge le protocole<\/a> (Caf\u00e9 p\u00e9dagogique)<\/p>\n\n\n\n<p>Analyse<\/p>\n\n\n\n<p><a href=\"https:\/\/theconversation.com\/bonnes-feuilles-le-harcelement-a-lecole-mythes-et-realites-171450\">Bonnes feuilles : \u00ab Le harc\u00e8lement \u00e0 l\u2019\u00e9cole. Mythes et r\u00e9alit\u00e9s \u00bb<\/a> (The Conversation)<\/p>\n\n\n\n<p><a href=\"https:\/\/www.rue89lyon.fr\/2021\/11\/25\/universite-lyon-2-enquete-perception-etudiante-violences-sexistes-sexuelles\/\">A l\u2019Universit\u00e9 Lyon 2, une enqu\u00eate sur la perception \u00e9tudiante des violences sexistes et sexuelles<\/a> (Rue89Lyon)<\/p>\n\n\n\n<p><a href=\"https:\/\/lanticapitaliste.org\/actualite\/education\/education-nationale-blanquer-lannulateur-qui-vient\"><strong>B<\/strong><\/a><strong><a href=\"https:\/\/lanticapitaliste.org\/actualite\/education\/education-nationale-blanquer-lannulateur-qui-vient\">lanquer, \u00ab\u2009l\u2019annulateur\u2009\u00bb qui vient<\/a> -Thierry Labica<\/strong><\/p>\n\n\n\n<figure class=\"wp-block-image is-resized is-style-default\"><img data-recalc-dims=\"1\" loading=\"lazy\" decoding=\"async\" src=\"https:\/\/i0.wp.com\/lanticapitaliste.org\/sites\/default\/files\/styles\/largeur_content_hauteur_complet\/public\/woke.jpg?resize=380%2C252&#038;ssl=1\" alt=\"\" width=\"380\" height=\"252\"\/><\/figure>\n\n\n\n<p><strong><span style=\"color:#ca0e14\" class=\"has-inline-color\">25 Novembre en continu<\/span><\/strong><\/p>\n\n\n\n<p><strong><a href=\"https:\/\/www.20minutes.fr\/societe\/3180743-20211124-amphis-bondes-manque-profs-installations-sportives-insuffisantes-pourquoi-etudiants-staps-decolerent\">Amphis bond\u00e9s, manque profs, installations sportives insuffisantes, \u00e9tudiants STAPS en col\u00e8re<\/a> (20Minutes)<\/strong><\/p>\n\n\n\n<p><strong><a href=\"https:\/\/www.francetvinfo.fr\/economie\/emploi\/chomage\/education-les-demissions-d-enseignants-augmentent_4857239.html\">Les d\u00e9missions d\u2019enseignants augmentent_<\/a> (Francetvinfo)<\/strong><\/p>\n\n\n\n<p><a href=\"https:\/\/blog.francetvinfo.fr\/l-instit-humeurs\/2021\/11\/13\/la-crise-des-vocations-cest-bien-pratique-mais-hors-sujet.html\">La crise des vocations c\u2019est bien pratique mais hors-sujet<\/a> (Francetvinfo)<\/p>\n\n\n\n<p><a href=\"http:\/\/www.cafepedagogique.net\/lexpresso\/Pages\/2021\/11\/24112021Article637733341400117036.aspx\">Crise du recrutement et retrait\u00e9s<\/a> (Caf\u00e9 p\u00e9dagogique)<\/p>\n\n\n\n<p><a href=\"https:\/\/www.francetvinfo.fr\/replay-radio\/le-vrai-du-faux\/jean-michel-blanquer-dit-il-vrai-sur-le-remboursement-des-capteurs-de-co2-achetes-par-les-collectivites-locales-pour-les-ecoles_4823917.html\">Blanquer dit-il vrai sur remboursement capteurs CO2 achet\u00e9s par collectivit\u00e9s locales&nbsp;?<\/a> (Francetvinfo) Audio<\/p>\n\n\n\n<p><a href=\"http:\/\/www.cafepedagogique.net\/lexpresso\/Pages\/2021\/11\/24112021Article637733341692310276.aspx\">Cour des comptes critique la formation citoyenne de l\u2019\u00c9ducation nationale<\/a> (Caf\u00e9 p\u00e9dagogique)<\/p>\n\n\n\n<p><strong>Analyse<\/strong><\/p>\n\n\n\n<p><a href=\"https:\/\/www.lepoint.fr\/politique\/ecole-le-culte-des-heros-de-nos-responsables-politiques-24-11-2021-2453667_20.php\">\u00c9cole&nbsp;: le culte des h\u00e9ros de nos responsables politiques <\/a>&nbsp;(Le Point)<\/p>\n\n\n\n<p><a href=\"https:\/\/www.francetvinfo.fr\/societe\/education\/\">Y-a-t-il moins de d\u00e9crochage scolaire comme le dit Blanquer&nbsp;?<\/a> (France Info)<\/p>\n\n\n\n<p> <strong><span style=\"color:#cf132c\" class=\"has-inline-color\">24 Novembre en continu<\/span><\/strong> <\/p>\n\n\n\n<p><a href=\"https:\/\/blogs.mediapart.fr\/jean-marc-b\/blog\/241121\/les-sans-facs-et-leurs-soutiens-lassaut-du-clan-reac\">Le<\/a><strong><a href=\"https:\/\/blogs.mediapart.fr\/jean-marc-b\/blog\/241121\/les-sans-facs-et-leurs-soutiens-lassaut-du-clan-reac\">s sans facs et leurs soutiens \u00e0 l&rsquo;assaut du clan r\u00e9ac<\/a> (Unef Tacle)<\/strong><\/p>\n\n\n\n<figure class=\"wp-block-image is-resized is-style-default\"><img loading=\"lazy\" decoding=\"async\" src=\"https:\/\/scontent.fsti4-1.fna.fbcdn.net\/v\/t39.30808-6\/s960x960\/261044137_2723856861241607_2698010529865264823_n.jpg?_nc_cat=110&amp;ccb=1-5&amp;_nc_sid=e3f864&amp;_nc_ohc=yeNAZtA2IQAAX_q3QJq&amp;_nc_ht=scontent.fsti4-1.fna&amp;oh=99848149d79378e0b62f13b865794b32&amp;oe=61A415D4\" alt=\"\" width=\"560\" height=\"207\"\/><\/figure>\n\n\n\n<p><strong><a href=\"https:\/\/blogs.mediapart.fr\/jean-marc-b\/blog\/241121\/sans-facs-contre-clan-reac-interventions-au-meeting-nanterre\">Sans facs contre clan r\u00e9ac: Interventions au meeting de Nanterre<\/a> (Unef Tacle)<\/strong><\/p>\n\n\n\n<figure class=\"wp-block-image size-full is-resized is-style-default\"><img data-recalc-dims=\"1\" loading=\"lazy\" decoding=\"async\" src=\"https:\/\/i0.wp.com\/www.rdpemancipation.org\/wp-content\/uploads\/2021\/11\/Capture-decran-2021-11-24-a-13.18.36.png?resize=569%2C339&#038;ssl=1\" alt=\"\" class=\"wp-image-58868\" width=\"569\" height=\"339\" srcset=\"https:\/\/i0.wp.com\/www.rdpemancipation.org\/wp-content\/uploads\/2021\/11\/Capture-decran-2021-11-24-a-13.18.36.png?w=800&amp;ssl=1 800w, https:\/\/i0.wp.com\/www.rdpemancipation.org\/wp-content\/uploads\/2021\/11\/Capture-decran-2021-11-24-a-13.18.36.png?resize=300%2C179&amp;ssl=1 300w, https:\/\/i0.wp.com\/www.rdpemancipation.org\/wp-content\/uploads\/2021\/11\/Capture-decran-2021-11-24-a-13.18.36.png?resize=768%2C457&amp;ssl=1 768w\" sizes=\"auto, (max-width: 569px) 100vw, 569px\" \/><\/figure>\n\n\n\n<p><strong><u><a href=\"https:\/\/www.humanite.fr\/protection-de-lenfance-entendre-le-cri-des-victimes-dinceste-728502\">Protection de l\u2019enfance&nbsp;: entendre le cri des victimes d\u2019inceste<\/a>&nbsp; &nbsp;<\/u><\/strong>(L\u2019Humanit\u00e9)<\/p>\n\n\n\n<p><a href=\"https:\/\/www.msn.com\/fr-fr\/actualite\/france\/covid-19-6000-classes-sont-actuellement-ferm%C3%A9es-annonce-jean-michel-blanquer\/vi-AAR2Nt7?ocid=winp1taskbar\">6000 classes sont actuellement ferm\u00e9es, annonce Jean-Michel Blanquer<\/a> (MSN)<\/p>\n\n\n\n<p><a href=\"http:\/\/www.cafepedagogique.net\/lexpresso\/Pages\/2021\/11\/23112021Article637732477012931479.aspx\">R\u00e9quisitoire du S\u00e9nat sur d\u00e9gradation du m\u00e9tier d\u2019enseignant <\/a>(Caf\u00e9 p\u00e9dagogique)<\/p>\n\n\n\n<p><a href=\"http:\/\/www.cafepedagogique.net\/lexpresso\/Pages\/2021\/11\/23112021Article637732477004493817.aspx\">La d\u00e9pense d\u2019\u00e9ducation en baisse en 2020<\/a>&nbsp; (Caf\u00e9 p\u00e9dagogique)<\/p>\n\n\n\n<p><strong><a href=\"https:\/\/www.facebook.com\/UNEFTACLE\/?ref=page_internal\" title=\"https:\/\/www.facebook.com\/UNEFTACLE\/?ref=page_internal\"><\/a><a href=\"https:\/\/www.facebook.com\/luttesinvisibles\/videos\/1317864798641100\" title=\"https:\/\/www.facebook.com\/luttesinvisibles\/videos\/1317864798641100\">Meeting Nanterre: L&rsquo;\u00e9ducation avec les sans fac<\/a> -vid\u00e9o<\/strong><\/p>\n\n\n\n<p>&nbsp;<a href=\"https:\/\/www.humanite.fr\/enseignement-superieur-quelle-reponse-apporter-aux-etudiants-sans-fac-728342#xtor=RSS-1\">Enseignement sup\u00e9rieur. Quelle r\u00e9ponse apporter aux \u00e9tudiants sans fac ?<\/a> (L\u2019Humanit\u00e9)<\/p>\n\n\n\n<p><a href=\"https:\/\/rapportsdeforce.fr\/breves\/mobilisees-ce-24-novembre-les-filieres-staps-courent-apres-les-postes-112311886\">Mobilis\u00e9es ce 24 novembre, les fili\u00e8res Staps courent apr\u00e8s les postes<\/a> (Rapports de Force)<\/p>\n\n\n\n<figure class=\"wp-block-image size-full is-resized is-style-default\"><img data-recalc-dims=\"1\" loading=\"lazy\" decoding=\"async\" src=\"https:\/\/i0.wp.com\/www.rdpemancipation.org\/wp-content\/uploads\/2021\/11\/Manif-staps-820x547-1.jpeg?resize=504%2C336&#038;ssl=1\" alt=\"\" class=\"wp-image-58768\" width=\"504\" height=\"336\" srcset=\"https:\/\/i0.wp.com\/www.rdpemancipation.org\/wp-content\/uploads\/2021\/11\/Manif-staps-820x547-1.jpeg?w=820&amp;ssl=1 820w, https:\/\/i0.wp.com\/www.rdpemancipation.org\/wp-content\/uploads\/2021\/11\/Manif-staps-820x547-1.jpeg?resize=300%2C200&amp;ssl=1 300w, https:\/\/i0.wp.com\/www.rdpemancipation.org\/wp-content\/uploads\/2021\/11\/Manif-staps-820x547-1.jpeg?resize=768%2C512&amp;ssl=1 768w\" sizes=\"auto, (max-width: 504px) 100vw, 504px\" \/><\/figure>\n\n\n\n<p>Analyse<\/p>\n\n\n\n<p><a href=\"https:\/\/www.questionsdeclasses.org\/lutter-contre-la-violence-pour-de-vrai\/\">Lutter contre la violence pour de vrai<\/a> &nbsp;(Questions de classes)<\/p>\n\n\n\n<p><a href=\"https:\/\/76835.r.ag.d.sendibm3.com\/mk\/cl\/f\/gnR6ECjxqFFafjYX8aPASA59AdKzAz9AFAwrrDMW5xF08mzEYKq4e9cBkVyd6NeMIO1cucmRy8MoOgGP5MtpZH9I_09GKhuul5CPVDSWVuVWf4jhHNEh36zTL5o9wVot9jtk9QaL7jiq1i_no16kyZMedT3CKdkMIWK8JMh1kGAbCXubn_vqoTzKqX5nFSkYRQKaCkqHwXIki4dbRqnlb2lxjeY9rw5iuusb0VTmKKB2-kQITDsjPoPPnHXZ8vfvvnxvCfbsbMKB-bjWRIk39Uvh5bKmH2ZcKfMjww\">Ch\u00f4mage des jeunes : en Europe, la crise de 2008 et le Covid laissent des traces<\/a> (Elucid)<\/p>\n\n\n\n<p><strong><span style=\"color:#cf132c\" class=\"has-inline-color\">23 Novembre en continu<\/span><\/strong><\/p>\n\n\n\n<p><strong><a href=\"https:\/\/blogs.mediapart.fr\/jean-marc-b\/blog\/231121\/nanterre-les-milices-gervais-lambony-sombrent-dans-laction-violente\">Nanterre: Gervais-Lambony accul\u00e9, ses milices sombrent dans la violence<\/a> &#8211; Jean-Marc B<\/strong><\/p>\n\n\n\n<p><a href=\"https:\/\/blogs.mediapart.fr\/jean-marc-b\/blog\/221121\/sans-fac-et-mililitantes-unef-interpellent-directement-gervais-lambony\">Sans fac et mililitant.e.s Unef interpellent directement Gervais-Lambony <\/a>(Unef Tacle)<\/p>\n\n\n\n<figure class=\"wp-block-image is-resized is-style-default\"><img loading=\"lazy\" decoding=\"async\" src=\"https:\/\/scontent.fsti4-1.fna.fbcdn.net\/v\/t39.30808-6\/s960x960\/260002751_2722365994724027_5230327504309109210_n.jpg?_nc_cat=110&amp;ccb=1-5&amp;_nc_sid=e3f864&amp;_nc_ohc=DMaWp98Qh0MAX-FDXJS&amp;_nc_oc=AQk6zkTqWY7jGX5Tla-Be2zXhlJskg_YjMLTNxSAPhQqPW1RRf3HPFqq2fuH1rpGZjU&amp;_nc_ht=scontent.fsti4-1.fna&amp;oh=0a3832bf733464f770febc7338a009dd&amp;oe=61A16FFC\" alt=\"\" width=\"537\" height=\"198\"\/><\/figure>\n\n\n\n<p><a href=\"http:\/\/www.cafepedagogique.net\/lexpresso\/Pages\/2021\/11\/19112021Article637729019274203018.aspx\">Bordeaux: Interdiction de fumer pr\u00e8s des \u00e9coles<\/a> (Caf\u00e9 p\u00e9dagogique)<\/p>\n\n\n\n<p>Analyse<\/p>\n\n\n\n<p><a href=\"https:\/\/blogs.mediapart.fr\/yves-faucoup\/blog\/201121\/justice-des-mineurs-des-reformes-pour-quelles-pratiques?utm_source=global&amp;utm_medium=social&amp;utm\">Justice des mineurs&nbsp;: des r\u00e9formes pour quelles pratiques<\/a> (Yves Faucoup, Blog M\u00e9diapart)<\/p>\n\n\n\n<p><a href=\"https:\/\/www.nouvelobs.com\/bibliobs\/20211119.OBS51182\/iel-mon-mari-ou-pourquoi-le-mot-iel-est-discriminatoire.html\">&nbsp;\u00ab&nbsp;iel, mon mari&nbsp;!&nbsp;\u00bb ou pourquoi le mot \u00ab&nbsp;iel&nbsp;\u00bb est discriminatoire<\/a> (LSDJ)<\/p>\n\n\n\n<p><a href=\"https:\/\/blogs.mediapart.fr\/lien-social\/blog\/171121\/l-educ-de-personne?utm_source=global&amp;utm_medium=social&amp;utm_campaign=SharingApp&amp;xtor=CS3-5\">\u00ab\u00a0L\u2019\u00c9duc de personne\u2019\u2019<\/a>&nbsp; (Lien-social, Blog M\u00e9diapart)<\/p>\n\n\n\n<p><a href=\"https:\/\/theconversation.com\/fictions-pour-la-jeunesse-les-nouvelles-hero-nes-cassent-elles-vraiment-les-stereotypes-de-genre-169681\">Fictions pour la jeunesse&nbsp;: les nouvelles h\u00e9ro\u00efnes cassent-elles les st\u00e9r\u00e9otypes de genre&nbsp;?<\/a> (The Conversation)<\/p>\n\n\n\n<p><a href=\"https:\/\/manif-est.info\/Lycee-Blanquer-les-eleves-vont-mal-1930.html\">Lyc\u00e9e Blanquer&nbsp;: les \u00e9l\u00e8ves vont mal<\/a> (Manif Est)<\/p>\n\n\n\n<p><strong><a href=\"https:\/\/blogs.mediapart.fr\/jean-marc-b\/blog\/221121\/le-dictionnaire-et-la-chicoree\">Le dictionnaire et la chicor\u00e9e* <\/a>(L\u2019Anticapitaliste)<\/strong><\/p>\n\n\n\n<figure class=\"wp-block-image is-resized is-style-default\"><img data-recalc-dims=\"1\" loading=\"lazy\" decoding=\"async\" src=\"https:\/\/i0.wp.com\/static.mediapart.fr\/etmagine\/default\/files\/2021\/11\/22\/ecriture-inclusive-ne-boudons-pas-notre-plaisir-995x1024.jpg?resize=321%2C330&#038;ssl=1\" alt=\"ecriture-inclusive-ne-boudons-pas-notre-plaisir-995x1024\" width=\"321\" height=\"330\"\/><\/figure>\n\n\n\n<p><strong><span style=\"color:#cf132c\" class=\"has-inline-color\">22 Novembre en continu<\/span><\/strong>  <\/p>\n\n\n\n<p><a href=\"https:\/\/blogs.mediapart.fr\/jean-marc-b\/blog\/221121\/nanterre-meeting-de-soutien-aux-sans-facs\"><strong>Nanterre &#8211; Meeting de soutien aux sans-facs <\/strong><\/a>-JMB<\/p>\n\n\n\n<p><a href=\"https:\/\/blogs.mediapart.fr\/christophe-laurent-deschamps\/blog\/181121\/espagne-revolte-des-professeurs-de-philosophie?utm_source=global&amp;utm_medium=social&amp;utm_campaign=SharingApp&amp;xtor=CS3-5\">Espagne&nbsp;: R\u00e9volte des professeurs de philosophie<\/a> (Christophe Laurent Deschamps, Blog M\u00e9diapart)<\/p>\n\n\n\n<p><strong><a href=\"http:\/\/www.cafepedagogique.net\/lexpresso\/Pages\/2021\/11\/19112021Article637729019332798268.aspx\">Harc\u00e8lement: pHARe et des num\u00e9ros verts<\/a> (Caf\u00e9 p\u00e9dagogique)<\/strong><\/p>\n\n\n\n<p><a href=\"https:\/\/blogs.mediapart.fr\/jean-marc-b\/blog\/211121\/nanterre-la-folie-lambony-quadrillage-par-vigiles-et-issues-de-secours-cadenassees\">Nanterre La Folie Lambony: quadrillage par vigiles et issues de secours cadenass\u00e9es !<\/a><\/p>\n\n\n\n<figure class=\"wp-block-image is-style-default\"><img decoding=\"async\" src=\"https:\/\/scontent.fsti4-2.fna.fbcdn.net\/v\/t39.30808-6\/p526x296\/259680096_2722234728070487_7282768681029028632_n.jpg?_nc_cat=101&amp;_nc_rgb565=1&amp;ccb=1-5&amp;_nc_sid=a26aad&amp;_nc_ohc=n_gdvP85EAUAX8yifIO&amp;_nc_ht=scontent.fsti4-2.fna&amp;oh=20d4de75bdd147fbd55dda8fceb68d0f&amp;oe=61A0207A\" alt=\"Peut \u00eatre une image de 9 personnes et texte\"\/><\/figure>\n\n\n\n<p>Analyse<\/p>\n\n\n\n<p>\u200b<a href=\"https:\/\/marsactu.fr\/ma-fille-son-ecole-maternelle-les-deceptions-et-moi\/?goal=0_dc9011be44-2c214b1086-431638057&amp;mc_cid=2c214b1086&amp;mc_eid=d0b099b9a8\"><u>Marseille&nbsp;:Ma fille, son \u00e9cole maternelle, les d\u00e9ceptions et moi<\/u><\/a> (Marsactu)<\/p>\n\n\n\n<p><a href=\"https:\/\/www.nouvelobs.com\/education\/20211117.OBS51109\/le-pronom-iel-debarque-dans-le-petit-robert-et-ca-fache-blanquer-la-polemique-en-trois-actes.html#modal-msg\">Le pronom \u00ab&nbsp;iel&nbsp;\u00bbd\u00e9barque dans le Petit Robert et \u00e7a f\u00e2che Blanquer<\/a> (L\u2019OBS)<\/p>\n\n\n\n<p><a href=\"https:\/\/blogs.mediapart.fr\/nasr-lakhsassi\/blog\/181121\/ces-enfants-qui-naiment-pas-lecole\">Ces enfants qui n\u2019aiment pas l\u2019\u00e9cole<\/a> (Nasr Lakhassi, Blog M\u00e9diapart))<\/p>\n\n\n\n<p><a href=\"https:\/\/www.mediapart.fr\/journal\/france\/181121\/en-finir-avec-l-ecriture-exclusive?utm_source=global&amp;utm_medium=social&amp;utm_campaign=SharingApp&amp;xtor=CS3-5\">En finir avec l\u2019\u00e9criture exclusive<\/a> (M\u00e9diapart)<\/p>\n\n\n\n<figure class=\"wp-block-image is-resized is-style-default\"><img data-recalc-dims=\"1\" loading=\"lazy\" decoding=\"async\" src=\"https:\/\/i0.wp.com\/mamot.fr\/system\/media_attachments\/files\/107\/304\/219\/566\/981\/049\/original\/d084ca6ed8828e5b.png?resize=383%2C392&#038;ssl=1\" alt=\"\" width=\"383\" height=\"392\"\/><\/figure>\n\n\n\n<p><a href=\"https:\/\/www.questionsdeclasses.org\/defendre-lecole-publique-contre-toutes-les-attaques-qui-visent-a-la-detruire\/\">D\u00e9fendre l\u2019\u00e9cole publique contre toutes les attaques qui visent \u00e0 la d\u00e9truire<\/a> (Questions de classes)<\/p>\n\n\n\n<p>  <strong><span style=\"color:#cf132c\" class=\"has-inline-color\">21 Novembre en continu<\/span><\/strong>  <\/p>\n\n\n\n<p><strong><a href=\"https:\/\/blogs.mediapart.fr\/jean-marc-b\/blog\/201121\/meeting-mardi-contre-la-selection-avec-lordon-besancenot-coquerel-etc\">Meeting mardi contre la s\u00e9lection avec Lordon, Besancenot, Coquerel, Pelletier, etc<\/a> (Unef Tacle)<\/strong><\/p>\n\n\n\n<figure class=\"wp-block-image is-resized is-style-default\"><img loading=\"lazy\" decoding=\"async\" src=\"https:\/\/scontent.fhex4-1.fna.fbcdn.net\/v\/t39.30808-6\/s960x960\/259665263_2721134544847172_7813828031378921546_n.jpg?_nc_cat=101&amp;ccb=1-5&amp;_nc_sid=e3f864&amp;_nc_ohc=UBWuDLi7GecAX9axQhN&amp;_nc_oc=AQlXid8eHE2yFEo1rtptH8vPyJt3nU6xRZLGzOA5I7TQv_mwjwYNX9VDyShpwxSXznQ&amp;_nc_ht=scontent.fhex4-1.fna&amp;oh=cd715e5ba110723cba1e3a07ca610c9f&amp;oe=619D4A53\" alt=\"\" width=\"652\" height=\"241\"\/><\/figure>\n\n\n\n<p><a href=\"https:\/\/www.snes.edu\/article\/communique-de-presse-3\/\">Boycott du Comit\u00e9 technique minist\u00e9riel<\/a> (SNES)<\/p>\n\n\n\n<p><a href=\"https:\/\/www.laselectiondujour.com\/index.php?143477&amp;lsdj=334908\">&nbsp;Le \u00ab&nbsp;iel&nbsp;\u00bb nous tombe sur la t\u00eate<\/a> &nbsp;(LSDJ)<\/p>\n\n\n\n<p><strong><a href=\"https:\/\/www.humanite.fr\/reportage-au-chevet-de-lenfance-en-souffrance-728257\">Reportage au chevet de l\u2019 enfance en souffrance<\/a> (L\u2019Humanit\u00e9)<\/strong><\/p>\n\n\n\n<p><a href=\"https:\/\/www.huffingtonpost.fr\/entry\/aide-sociale-a-lenfance-ce-que-preconisent-les-enfants-places_fr_6198ba30e4b07fe2010c0fa5\">Aide sociale \u00e0 l\u2019enfance&nbsp;: ce que pr\u00e9conisent les enfants plac\u00e9s<\/a> (HuffPost)<\/p>\n\n\n\n<p><a href=\"http:\/\/www.cafepedagogique.net\/lexpresso\/Pages\/2021\/11\/19112021Article637729019323735536.aspx\">Le choix des sp\u00e9cialit\u00e9s de terminale retard\u00e9<\/a> (Caf\u00e9 p\u00e9dagogique)<\/p>\n\n\n\n<p><a href=\"http:\/\/www.cafepedagogique.net\/lexpresso\/Pages\/2021\/11\/19112021Article637729019299203658.aspx\">Les enseignants dans le mauvais tiers de salari\u00e9s <\/a>(Caf\u00e9 p\u00e9dagogique)<\/p>\n\n\n\n<p> <strong><span style=\"color:#cf132c\" class=\"has-inline-color\">20 Novembre en continu<\/span><\/strong> <\/p>\n\n\n\n<p><strong><a href=\"https:\/\/blogs.mediapart.fr\/jean-marc-b\/blog\/191121\/gervais-lambony-aux-gemonies-sa-milice-agresse-un-elu-unef\">Gervais-Lambony aux g\u00e9monies: sa milice agresse un \u00e9lu UNEF<\/a>  (Unef Tacle) <\/strong><\/p>\n\n\n\n<p><a href=\"https:\/\/www.msn.com\/fr-fr\/lifestyle\/trucs-et-astuces\/les-intoxications-au-protoxyde-d-azote-ou-gaz-hilarant-en-hausse-chez-les-jeunes-selon-une-%C3%A9tude\/ar-AAQO6Ot?cvid=655c7b46693948b3b349bcc17448c735&amp;ocid=winp1taskbar\">Les intoxications au protoxyde d\u2019azote ou \u00ab gaz hilarant \u00bb en hausse chez les jeunes <\/a>(Ouest-France)<\/p>\n\n\n\n<p><a href=\"https:\/\/www.sudouest.fr\/sante\/coronavirus\/nouvelle-aquitaine\/covid-19-le-nombre-de-classes-fermees-au-plus-haut-depuis-la-rentree-dans-le-sud-ouest-7018910.php\">Nombre de classes ferm\u00e9es au plus haut depuis la rentr\u00e9e dans le Sud-Ouest<\/a> (Sud Ouest)<\/p>\n\n\n\n<p><a href=\"https:\/\/www.msn.com\/fr-fr\/actualite\/france\/coronavirus-une-%C3%A9cole-ferm%C3%A9e-%C3%A0-paris-apr%C3%A8s-trois-cas-positifs-l-ars-refuse-de-parler-de-nouveau-cluster\/ar-AAQU2tg?ocid=winp1taskbar\">Une \u00e9cole ferm\u00e9e \u00e0 Paris apr\u00e8s trois cas positifs, l\u2019ARS refuse de parler de \u00ab nouveau cluster \u00bb<\/a> (Ouest-France)<\/p>\n\n\n\n<p><a href=\"http:\/\/www.cafepedagogique.net\/lexpresso\/Pages\/2021\/11\/19112021Article637729365862302099.aspx\">Blanquer ne donne pas tort au Figaro Magazine<\/a> (Caf\u00e9 p\u00e9dagogique)<\/p>\n\n\n\n<figure class=\"wp-block-image is-resized is-style-default\"><img data-recalc-dims=\"1\" loading=\"lazy\" decoding=\"async\" src=\"https:\/\/i0.wp.com\/mamot.fr\/system\/cache\/media_attachments\/files\/107\/275\/581\/126\/804\/437\/original\/f70ad0e130913465.jpg?resize=481%2C368&#038;ssl=1\" alt=\"\" width=\"481\" height=\"368\"\/><\/figure>\n\n\n\n<p>Analyse<\/p>\n\n\n\n<p><a href=\"http:\/\/www.cafepedagogique.net\/lexpresso\/Pages\/2021\/11\/19112021Article637729019380143230.aspx\">Tous les atouts des cartes<\/a> (Caf\u00e9 p\u00e9dagogique)<\/p>\n\n\n\n<figure class=\"wp-block-image is-resized is-style-default\"><img data-recalc-dims=\"1\" loading=\"lazy\" decoding=\"async\" src=\"https:\/\/i0.wp.com\/static.mediapart.fr\/etmagine\/default\/files\/2020\/10\/15\/police.jpg?resize=356%2C356&#038;ssl=1\" alt=\"police\" width=\"356\" height=\"356\"\/><\/figure>\n\n\n\n<p>  <strong><span style=\"color:#cf132c\" class=\"has-inline-color\">19 Novembre en continu<\/span><\/strong>  <\/p>\n\n\n\n<p><strong><a href=\"https:\/\/blogs.mediapart.fr\/jean-marc-b\/blog\/181121\/la-presidence-de-nanterre-se-soumet-macron-et-refuse-tout-compromis\">La pr\u00e9sidence de Nanterre se soumet \u00e0 Macron et refuse tout compromis <\/a>(Unef Tacle)<\/strong><\/p>\n\n\n\n<figure class=\"wp-block-image is-resized is-style-default\"><img loading=\"lazy\" decoding=\"async\" src=\"https:\/\/scontent.fsti4-2.fna.fbcdn.net\/v\/t39.30808-6\/c0.4.513.268a\/p280x280\/259152358_2719863218307638_2642091586848868349_n.jpg?_nc_cat=107&amp;_nc_rgb565=1&amp;ccb=1-5&amp;_nc_sid=340051&amp;_nc_eui2=AeEz41KOJtgyojzBqCvG8XIHhQll8y1MSZ6FCWXzLUxJnqHJFVuvVxScO2xqUCnRV7A&amp;_nc_ohc=XWnmIUujzEIAX-a-Uzj&amp;_nc_ht=scontent.fsti4-2.fna&amp;oh=2f3e92d3727e7bcdcd3abe2aa1804149&amp;oe=619B72A6\" alt=\"Peut \u00eatre une image de une personne ou plus et texte\" width=\"552\" height=\"288\"\/><\/figure>\n\n\n\n<p><a href=\"https:\/\/lecourrierdesstrateges.fr\/2021\/11\/17\/oise-lenseignante-suspendue-pour-non-port-du-masque-campe-sur-sa-position\/\">Oise: l\u2019 enseignante suspendue pour non port du masque campe sur sa position\/<\/a> (Le Courrier des Strat\u00e8ges)<\/p>\n\n\n\n<p><a href=\"http:\/\/www.cafepedagogique.net\/LEXPRESSO\/Pages\/2021\/11\/18112021Article637728154531557238.aspx\">Harc\u00e8lement: Suicide au Minist\u00e8re <\/a>(Caf\u00e9 p\u00e9dagogique)<\/p>\n\n\n\n<p><a href=\"https:\/\/www.msn.com\/fr-fr\/actualite\/france\/harc%C3%A8lement-scolaire-que-contient-la-proposition-de-loi-bient%C3%B4t-%C3%A9tudi%C3%A9e-%C3%A0-l-assembl%C3%A9e\/ar-AAQRYxZ?cvid=d57c45fe922642f29cfd2d4e66969a41&amp;ocid=winp1taskbar\">Harc\u00e8lement scolaire: que contient la proposition de loi bient\u00f4t \u00e9tudi\u00e9e \u00e0 l\u2019Assembl\u00e9e<\/a> (MSN)<\/p>\n\n\n\n<p><a href=\"http:\/\/www.cafepedagogique.net\/lexpresso\/Pages\/2021\/11\/15112021Article637725562192339537.aspx\">Figaro Magazine&nbsp;: La droite attaque l\u2019\u00e9cole<\/a>&nbsp; (Caf\u00e9 p\u00e9dagogique)<\/p>\n\n\n\n<p>Analyse<\/p>\n\n\n\n<p><a href=\"http:\/\/www.cafepedagogique.net\/lexpresso\/Pages\/2021\/11\/17112021Article637727293830708852.aspx\">Le Harc\u00e8lement est une question politique<\/a> (Caf\u00e9 p\u00e9dagogique)<\/p>\n\n\n\n<p><a href=\"https:\/\/theconversationfrance.cmail20.com\/t\/r-l-trijlrtt-bljhhjjkyu-yh\/\">Et si nous faisions des&nbsp;jeunes les&nbsp;premiers citoyens de&nbsp;la&nbsp;plan\u00e8te&nbsp;?<\/a> (The Conversation)<\/p>\n\n\n\n<figure class=\"wp-block-image is-resized is-style-default\"><img data-recalc-dims=\"1\" loading=\"lazy\" decoding=\"async\" src=\"https:\/\/i0.wp.com\/images.theconversation.com\/files\/431966\/original\/file-20211115-25-yce25e.jpg?resize=502%2C331&#038;ssl=1\" alt=\"\" width=\"502\" height=\"331\"\/><\/figure>\n\n\n\n<p><\/p>\n\n\n\n<p> <strong><span style=\"color:#cf132c\" class=\"has-inline-color\">18 Novembre en continu<\/span><\/strong> <\/p>\n\n\n\n<p><a href=\"https:\/\/blogs.mediapart.fr\/jean-marc-b\/blog\/171121\/victoires-sur-le-tri-social-apres-lyon-nanterre-va-suivre\">V<\/a><strong><a href=\"https:\/\/blogs.mediapart.fr\/jean-marc-b\/blog\/171121\/victoires-sur-le-tri-social-apres-lyon-nanterre-va-suivre\">ictoires sur le tri social: apr\u00e8s Lyon, Nanterre va suivre <\/a>(Unef Tacle)<\/strong><\/p>\n\n\n\n<figure class=\"wp-block-image is-resized is-style-default\"><img loading=\"lazy\" decoding=\"async\" src=\"https:\/\/scontent.fsti4-1.fna.fbcdn.net\/v\/t39.30808-6\/s720x720\/257880752_1059447094845250_5653294279446470503_n.jpg?_nc_cat=109&amp;_nc_rgb565=1&amp;ccb=1-5&amp;_nc_sid=730e14&amp;_nc_eui2=AeHjBOqlqzeRyzBRv7FLXw9ey_yRKf-O-SDL_JEp_475IKzre3kF-XBRcjDL0Vjw6jw&amp;_nc_ohc=pPGQ8eB9rl8AX_i5ST4&amp;_nc_ht=scontent.fsti4-1.fna&amp;oh=634aecbb3cbec50d8c90da753f355663&amp;oe=619C12D7\" alt=\"Peut \u00eatre une image de 7 personnes, personnes debout, plein air et texte qui dit \u2019Soutien Aux Sans Tacs\u2019\" width=\"473\" height=\"338\"\/><\/figure>\n\n\n\n<p><strong><a href=\"https:\/\/blogs.mediapart.fr\/edition\/aggiornamento-histoire-geo\/article\/171121\/defendre-lecole-publique-contre-toutes-les-attaques-qui-visent-la-detruir\">D\u00e9fendre l&rsquo;\u00e9cole publique contre toutes les attaques qui visent \u00e0 la d\u00e9truire<\/a> -Laurence De Cock<\/strong><\/p>\n\n\n\n<p><a href=\"https:\/\/www.humanite.fr\/education-blanquer-crie-trop-vite-victoire-727681\">\u00c9valuations nationales&nbsp;:Blanquer crie trop vite victoire-<\/a> (L\u2019Humanit\u00e9) <\/p>\n\n\n\n<p><a href=\"https:\/\/www.humanite.fr\/addiction-cause-dinstagram-je-deteste-mon-corps-726962\">Addiction: &nbsp;\u00e0 cause d\u2019Instagram, je d\u00e9teste mon corps-<\/a>&nbsp; &nbsp;(L\u2019Humanit\u00e9)<\/p>\n\n\n\n<p><a href=\"https:\/\/www.20minutes.fr\/societe\/3175039-20211117-langue-francaise-pourquoi-pronom-neutre-iel-suscite-tant-crispations\">Langue fran\u00e7aise&nbsp;:pourquoi le pronom neutre \u2018\u2019iel\u2019\u2019 suscite tant de crispations<\/a> (20Minutes)<\/p>\n\n\n\n<figure class=\"wp-block-image size-full is-resized is-style-default\"><img data-recalc-dims=\"1\" loading=\"lazy\" decoding=\"async\" src=\"https:\/\/i0.wp.com\/www.rdpemancipation.org\/wp-content\/uploads\/2021\/11\/Capture-decran-2021-11-18-a-06.16.32.png?resize=427%2C473&#038;ssl=1\" alt=\"\" class=\"wp-image-58050\" width=\"427\" height=\"473\" srcset=\"https:\/\/i0.wp.com\/www.rdpemancipation.org\/wp-content\/uploads\/2021\/11\/Capture-decran-2021-11-18-a-06.16.32.png?w=298&amp;ssl=1 298w, https:\/\/i0.wp.com\/www.rdpemancipation.org\/wp-content\/uploads\/2021\/11\/Capture-decran-2021-11-18-a-06.16.32.png?resize=271%2C300&amp;ssl=1 271w\" sizes=\"auto, (max-width: 427px) 100vw, 427px\" \/><\/figure>\n\n\n\n<p><a href=\"https:\/\/blogs.mediapart.fr\/anaelle-breizh\/blog\/260721\/nouveau-lexique-politique-de-la-langue-francaise\">Nouveau lexique politique de la langue fran\u00e7aise<\/a> (Ana\u00eblle Breizh, Blog M\u00e9diapart)<\/p>\n\n\n\n<p><strong><span style=\"color:#cf132c\" class=\"has-inline-color\">17 Novembre en continu<\/span><\/strong><\/p>\n\n\n\n<p><strong><a href=\"https:\/\/blogs.mediapart.fr\/jean-marc-b\/blog\/161121\/nanterre-la-presidence-crache-sur-les-syndicats-du-92\">Nanterre: la pr\u00e9sidence crache sur les syndicats du 92 <\/a>(Unef Tacle)<\/strong><\/p>\n\n\n\n<figure class=\"wp-block-image is-resized is-style-default\"><img loading=\"lazy\" decoding=\"async\" src=\"https:\/\/scontent.fhex4-2.fna.fbcdn.net\/v\/t39.30808-6\/s526x296\/257789255_2718344978459462_3074423728886355530_n.jpg?_nc_cat=107&amp;_nc_rgb565=1&amp;ccb=1-5&amp;_nc_sid=340051&amp;_nc_eui2=AeGx5se1GG7VtcPxPTmyWuLIhRy4Uj54a4mFHLhSPnhriSDoyT1owEqQ49sEw60As1Q&amp;_nc_ohc=-WyFw-2c9r8AX_qvFCG&amp;_nc_ht=scontent.fhex4-2.fna&amp;oh=ff02ba98323cf83229fc85af40ac8847&amp;oe=61992048\" alt=\"Peut \u00eatre une image de 1 personne et texte\" width=\"488\" height=\"256\"\/><\/figure>\n\n\n\n<p><a href=\"https:\/\/www.revolutionpermanente.fr\/Paris-8-Soutiens-associatifs-et-politiques-reunis-pour-exiger-la-regularisation-des-etudiants-sans\">Paris 8. Soutiens associatifs et politiques r\u00e9unis pour exiger la r\u00e9gularisation des \u00e9tudiants sans-papiers&nbsp;!<\/a> (RP)<\/p>\n\n\n\n<p><a href=\"https:\/\/www.lien-social.com\/Enfance-l-etat-d-urgence\">Enfance, l&rsquo;\u00e9tat d&rsquo;urgence<\/a> (Lien Social)<\/p>\n\n\n\n<p><a href=\"https:\/\/blogs.mediapart.fr\/alain-refalo\/blog\/131121\/reponse-dun-enseignant-du-primaire-au-figaro-magazine\">R\u00e9ponse d&rsquo;un enseignant du primaire au Figaro Magazine <\/a>-Alain Refalo<\/p>\n\n\n\n<p><a href=\"http:\/\/www.cafepedagogique.net\/LEXPRESSO\/Pages\/2021\/11\/16112021Accueil.aspx\">\u00c0 quoi servent les \u00e9valuations nationales&nbsp;?<\/a> (Caf\u00e9 p\u00e9dagogique)<strong><\/strong><\/p>\n\n\n\n<p><a href=\"https:\/\/www.francetvinfo.fr\/societe\/education\/evaluations-scolaires-les-eleves-de-cp-et-de-ce1-ont-globalement-retrouve-leur-niveau-d-avant-le-confinement_4846659.html\">Les \u00e9l\u00e8ves de CP et CE1 ont globalement retrouv\u00e9 leur niveau d\u2019avant confinement<\/a> (Francetvinfo)<\/p>\n\n\n\n<p><a href=\"https:\/\/www.francetvinfo.fr\/societe\/education\/evaluations-scolaires-le-syndicat-d-enseignants-snuipp-fsu-juge-inquietant-le-niveau-de-lecture-des-eleves-de-6e_4846667.html\"><strong>Le syndicat d\u2019enseignants SNUipp-FSU juge inqui\u00e9tant niveau lecture en 6e<\/strong><\/a> (Francetvinfo)<\/p>\n\n\n\n<p><a href=\"http:\/\/www.cafepedagogique.net\/lexpresso\/Pages\/2021\/11\/16112021Article637726428879681497.aspx\">SVT: Le plastique dans les oc\u00e9ans scrut\u00e9 en 3\u00e8<\/a> (Caf\u00e9 p\u00e9dagogique)<\/p>\n\n\n\n<p><a href=\"https:\/\/www.huffingtonpost.fr\/entry\/lanquer-denonce-lentree-de-iel-dans-le-petit-robert_fr_61940316e4b005197af7df12\">Blanquer d\u00e9nonce l\u2019entr\u00e9e d\u2019\u00e9criture inclusive dans le Petit Robert <\/a>(HuffPost)<\/p>\n\n\n\n<p><a href=\"https:\/\/www.questionsdeclasses.org\/samedi-20-novembre-la-puissance-des-meres-rencontre-avec-fatima-ouassak\/\">Samedi 20 novembre&nbsp;:\u2018\u2019La puissance des m\u00e8res\u2019\u2019 rencontre avec Fatima Ouassak<\/a> &nbsp;(Questions de classes)<\/p>\n\n\n\n<figure class=\"wp-block-image is-resized\"><img data-recalc-dims=\"1\" loading=\"lazy\" decoding=\"async\" src=\"https:\/\/i0.wp.com\/www.questionsdeclasses.org\/wp-content\/uploads\/2021\/11\/Screenshot-2021-11-14-at-22-09-57-fatima-ouassak-676x1024-jpg-Image-JPEG-676-%C3%97-1024-pixels-Redimensionn%C3%A9e-60.png?resize=173%2C262&#038;ssl=1\" alt=\"\" width=\"173\" height=\"262\"\/><\/figure>\n\n\n\n<p>Analyse<\/p>\n\n\n\n<p><a href=\"https:\/\/blogs.mediapart.fr\/agnes-druel\/blog\/151121\/petit-pas-un-documentaire-qui-tord-le-cou-aux-cliches\">Petit Pas, un documentaire qui tord le cou aux clich\u00e9s <\/a>-Agn\u00e8s Druel<\/p>\n\n\n\n<p><a href=\"https:\/\/www.lien-social.com\/L-enfance-de-l-ordre-Comment-les-enfants-percoivent-le-monde-social-8734\">L&rsquo;enfance de l&rsquo;ordre. Comment les enfants per\u00e7oivent le monde social<\/a> (Lien Social)&nbsp;<\/p>\n\n\n\n<p><a href=\"https:\/\/www.humanite.fr\/unef-pour-une-histoire-inedite-du-syndicat-etudiant-727677#xtor=RSS-1\">UNEF. Pour une histoire in\u00e9dite du syndicat \u00e9tudiant<\/a> (L\u2019Humanit\u00e9)<br><\/p>\n\n\n\n<p><strong><span style=\"color:#cf132c\" class=\"has-inline-color\">16 Novembre en continu<\/span><\/strong><\/p>\n\n\n\n<p><strong><a href=\"https:\/\/blogs.mediapart.fr\/jean-marc-b\/blog\/151121\/apres-19-jours-doccupation-la-presidence-accepte-enfin-de-rencontrer-les-sans-facs\">Apr\u00e8s 19 jours d&rsquo;occupation, la pr\u00e9sidence accepte enfin de rencontrer les sans-facs<\/a> (Unef Tacle)<\/strong><\/p>\n\n\n\n<p><strong><a href=\"https:\/\/www.liberation.fr\/societe\/education\/un-an-apres-la-mort-de-samuel-paty-les-profs-face-aux-sujets-inflammables-20211014_GJDQRLM45JH5XGNYZ7W3POWUN4\/?xtor=EREC-25-\">Un an apr\u00e8s la mort de Samuel Paty les profs face aux sujets inflammables<\/a> <\/strong>(Lib\u00e9ration)<\/p>\n\n\n\n<p><a href=\"https:\/\/www.huffingtonpost.fr\/entry\/blanquer-veut-relancer-lapprentissage-du-latin-et-du-grec-valeurs-communes-de-leurope_fr_6192bf7ae4b0ccd68d32c4a8\">Blanquer veut relancer l\u2019apprentissage du latin et du-grec<\/a> (HuffPost)<\/p>\n\n\n\n<p><a href=\"http:\/\/www.cafepedagogique.net\/lemensuel\/lesysteme\/Pages\/2021\/197_2.aspx\">Pr\u00e8s de 500 postes supprim\u00e9s dans le second degr\u00e9<\/a> (Caf\u00e9 p\u00e9dagogique)<\/p>\n\n\n\n<p><a href=\"https:\/\/www.liberation.fr\/societe\/protection-de-lenfance-en-haute-savoie-le-bricolage-dune-association-pour-venir-en-aide-aux-mineurs-20211115_IEO6THWYIVEDFP2KU6A2B77FSY\/\">Haute-Savoie&nbsp;: le \u00a0\u00bbbricolage\u00a0\u00bb d\u2019une association pour venir en aide aux mineurs-<\/a> (Lib\u00e9ration)<\/p>\n\n\n\n<p><a href=\"https:\/\/youtu.be\/yRvjv3HDIxM\">\u00c0 (r\u00e9)ouvrir dans 5 ans (avec le Canard r\u00e9fractaire)<\/a> (Cemil choses) <a><span class=\"has-inline-color has-contrast-color\">Vid\u00e9o<\/span><\/a><\/p>\n\n\n\n<p><a href=\"https:\/\/www.contretemps.eu\/postface-inedite-de-la-nouvelle-ecole-capitaliste-c-laval-f-vergne-p-clement-g-dreux\/\">Postface in\u00e9dite&nbsp;\u00ab\u00a0La nouvelle \u00e9cole capitaliste \u00ab\u00a0(Laval, Vergne, Cl\u00e9ment, Dreux)<\/a> (Contretemps)<\/p>\n\n\n\n<figure class=\"wp-block-image size-full is-resized is-style-default\"><img data-recalc-dims=\"1\" loading=\"lazy\" decoding=\"async\" src=\"https:\/\/i0.wp.com\/www.rdpemancipation.org\/wp-content\/uploads\/2021\/11\/NEC-1.jpeg?resize=356%2C548&#038;ssl=1\" alt=\"\" class=\"wp-image-57742\" width=\"356\" height=\"548\" srcset=\"https:\/\/i0.wp.com\/www.rdpemancipation.org\/wp-content\/uploads\/2021\/11\/NEC-1.jpeg?w=204&amp;ssl=1 204w, https:\/\/i0.wp.com\/www.rdpemancipation.org\/wp-content\/uploads\/2021\/11\/NEC-1.jpeg?resize=195%2C300&amp;ssl=1 195w\" sizes=\"auto, (max-width: 356px) 100vw, 356px\" \/><\/figure>\n\n\n\n<hr class=\"wp-block-separator\"\/>\n\n\n\n<p>&nbsp;<span style=\"color:#da0d14\" class=\"has-inline-color\"><strong>15 Novembre en continu<\/strong><\/span> <\/p>\n\n\n\n<p><a href=\"https:\/\/blogs.mediapart.fr\/jean-marc-b\/blog\/151121\/nanterre-la-presidence-acculee-pietine-la-democratie-universitaire\"><strong>Nanterre: la pr\u00e9sidence accul\u00e9e pi\u00e9tine la d\u00e9mocratie universitaire <\/strong><\/a><strong>(Unef Tacle)<\/strong><\/p>\n\n\n\n<p><a href=\"http:\/\/www.cafepedagogique.net\/LEXPRESSO\/Pages\/2021\/11\/12112021Article637722973332461537.aspx\">3\u00e8 dose: Les professeurs prioritaires&nbsp;?<\/a> (Caf\u00e9 p\u00e9dagogique)<\/p>\n\n\n\n<p><a href=\"https:\/\/www.francetvinfo.fr\/politique\/emmanuel-macron\/emmanuel-macron-a-change-la-couleur-bleue-du-drapeau-tricolore-de-l-elysee-il-y-a-un-an_4844835.html\">Macron a chang\u00e9 le bleu du drapeau tricolore de l\u2019\u00c9lys\u00e9e il y-a 1an<\/a>    (Francetvinfo) <\/p>\n\n\n\n<p><a href=\"https:\/\/www.francetvinfo.fr\/politique\/emmanuel-macron\/elysee-pourquoi-emmanuelmacrona-change-le-bleu-dudrapeau_4844887.html\">Pourquoi Macron a chang\u00e9 le bleu du drapeau&nbsp;?<\/a> (Francetvinfo)<\/p>\n\n\n\n<p><a href=\"https:\/\/www.snuipp.fr\/system\/resources\/W1siZiIsIjIwMjEvMTAvMDUvN3doZ2J5Zzlxa19GU0NfNDc3X3BsYW5jaGVfZG9zc2llci5wZGYiXV0\/FSC_477_planche%20dossier.pdf\">J\u2019\u00e9cris donc je pense<\/a> (SNUipp FSU)<\/p>\n\n\n\n<p><a href=\"https:\/\/www.francetvinfo.fr\/replay-radio\/le-vrai-du-faux\/jean-michel-blanquer-dit-il-vrai-sur-le-remboursement-des-capteurs-de-co2-achetes-par-les-collectivites-locales-pour-les-ecoles_4823917.html\">Blanquer dit-il vrai sur le remboursement des capteurs de CO2 des \u00e9coles&nbsp;?<\/a> (Francetvinfo)<\/p>\n\n\n\n<p><a href=\"http:\/\/www.cafepedagogique.net\/lexpresso\/Pages\/2021\/11\/12112021Article637722973430903417.aspx\">La g\u00e9ographie avec la r\u00e9alit\u00e9 virtuelle<\/a> (Caf\u00e9 p\u00e9dagogique)<\/p>\n\n\n\n<p><strong><a href=\"https:\/\/blogs.mediapart.fr\/jean-marc-b\/blog\/141121\/sans-facs-18-jours-apres-toujours-plus-doccupants-et-de-soutiens\">Sans facs: 18 jours apr\u00e8s, toujours plus d&rsquo;occupants et de soutiens <\/a>(Unef Tacle)<\/strong><\/p>\n\n\n\n<figure class=\"wp-block-image is-style-default\"><img decoding=\"async\" src=\"https:\/\/scontent.fhex4-2.fna.fbcdn.net\/v\/t39.30808-6\/s526x296\/257130156_2717112655249361_2144923561395402422_n.jpg?_nc_cat=111&amp;ccb=1-5&amp;_nc_sid=340051&amp;_nc_eui2=AeEbw45YINp9J8dVMkw39Ch1D6yr3Oe6UI0PrKvc57pQjXguZcYdlZT_D_lsnnnUIWo&amp;_nc_ohc=7ZxzpAasehkAX99WSDt&amp;_nc_ht=scontent.fhex4-2.fna&amp;oh=8bb79b65e1fdc62fdeed57fba7159052&amp;oe=6197008E\" alt=\"Peut \u00eatre une image de texte qui dit \u2019COUR M. Gervais- Gervais-Lambony se cache derriere le rectorat pour ne pas inscrire les Par le soutien, exigeons des \u03c2! RASSEMBLEMENT LUNDI 15.NOVEMBRE 19H FAC DE NANTERRE, DEVANT LE B\u00c2TIMENT B (GRAPIN)\u2019\"\/><\/figure>\n\n\n\n<pre class=\"wp-block-preformatted has-normal-font-size\">Plut\u00f4t Hitler que la fin des oppressions: <em>\u00ab&nbsp;Ce qui m\u2019effraie encore plus que Zemmour, c\u2019est les discours intersectionnels.&nbsp;\u00bb<\/em> (13\/09\/2021, France 5) Sarah El Ha\u00efry, secr\u00e9taire d\u2019\u00c9tat charg\u00e9e de la Jeunesse<\/pre>\n\n\n\n<p><span style=\"color:#da0d14\" class=\"has-inline-color\"><strong>14 Novembre en continu<\/strong><\/span><\/p>\n\n\n\n<p><strong><a href=\"http:\/\/www.cafepedagogique.net\/lexpresso\/Pages\/2021\/11\/12112021Article637722973529814089.aspx\">Plan Macron&nbsp;: Cacophonies \u00e0 Marseille <\/a>(Caf\u00e9 p\u00e9dagogique)<\/strong><\/p>\n\n\n\n<p><strong><a href=\"https:\/\/www.lemonde.fr\/societe\/article\/2021\/11\/13\/seizieme-jour-d-occupation-de-l-universite-paris-nanterre-par-le-collectif-des-etudiants-sans-fac_6101937_3224.html?utm_term=Autofeed&amp;utm_medium=Social&amp;utm_source=Twitter&amp;fbclid=IwAR1CRvrAYvoevQIuzp04WYCFEuMkZTMWvqUSQjkX6LvXfa6wJTjmezH7lBE#Echobox=1636790308\">&nbsp;Seizi\u00e8me jour d\u2019occupation de l\u2019universit\u00e9 Paris-Nanterre par le collectif des \u00e9tudiants \u00ab sans fac \u00bb <\/a>(Le Monde)<\/strong><\/p>\n\n\n\n<figure class=\"wp-block-image is-resized is-style-default\"><img loading=\"lazy\" decoding=\"async\" src=\"https:\/\/scontent.fhex4-2.fna.fbcdn.net\/v\/t39.30808-6\/p526x296\/256899506_2716463718647588_1125312445847248113_n.jpg?_nc_cat=103&amp;_nc_rgb565=1&amp;ccb=1-5&amp;_nc_sid=a26aad&amp;_nc_eui2=AeEljgevP24ux1dEan-19ZZNxYbtvcNX64HFhu29w1frgcXVKoLZNKQVo3I-93BoxP8&amp;_nc_ohc=MNKIF48moB8AX-uXMea&amp;_nc_ht=scontent.fhex4-2.fna&amp;oh=1d77646e34e468abaeb6dfda0f4c5469&amp;oe=6195748C\" alt=\"Peut \u00eatre une image de texte\" width=\"348\" height=\"348\"\/><\/figure>\n\n\n\n<p><a href=\"https:\/\/www.20minutes.fr\/societe\/3170795-20211113-coronavirus-oise-enseignante-suspendue-avoir-tombe-masque-afin-enseigner-pleinement\">Oise: enseignante suspendue pour avoir tomb\u00e9 le masque pour mieux  enseigner <\/a> (20Minutes)<\/p>\n\n\n\n<p><a href=\"https:\/\/www.snuipp.fr\/publications\/articles\/ecrire-avec-la-maitresse\">\u00c9crire avec la ma\u00eetresse<\/a> (SNUipp FSU)<\/p>\n\n\n\n<p><a href=\"https:\/\/www.francetvinfo.fr\/sante\/maladie\/coronavirus\/on-a-l-impression-d-etre-desires-au-salon-infirmier-de-paris-les-hopitaux-se-demenent-pour-seduire-les-futurs-professionnels_4837659.html\">On a l\u2019impression d\u2019\u00eatre d\u00e9sir\u00e9s&nbsp;: &nbsp;au Salon infirmier de Paris, on tente de s\u00e9duire<\/a>( Francetvinfo)<\/p>\n\n\n\n<p><a href=\"https:\/\/www.20minutes.fr\/societe\/3171271-20211113-etat-civil-formulaires-vont-inclure-familles-homoparentales-partir-mars-2022\">\u00c9tat civil&nbsp;: formulaires vont inclure les familles homoparentales d\u00e8s mars 2022<\/a> (20Minutes)<\/p>\n\n\n\n<p><a href=\"https:\/\/www.capital.fr\/economie-politique\/des-centaines-detudiants-en-medecine-floues-par-un-escroc-qui-leur-promettait-une-formation-dexcellence-1419881\">Centaines d\u2019\u00e9tudiants-m\u00e9decine flou\u00e9s par un escroc qui promettait une formation<\/a> (Capital)<\/p>\n\n\n\n<p><strong><span style=\"text-decoration: underline;\">Analyse<\/span><\/strong><\/p>\n\n\n\n<p><a style=\"font-weight: bold;\" href=\"https:\/\/solidaires.org\/Des-propos-indignes-contre-les-enseignants-dans-le-Figaro\" rel=\"noreferrer noopener\" target=\"_blank\">Des propos indignes contre les enseignants dans le Figaro<\/a> (Solidaires)<\/p>\n\n\n\n<p> <a href=\"https:\/\/www.contretemps.eu\/postface-inedite-de-la-nouvelle-ecole-capitaliste-c-laval-f-vergne-p-clement-g-dreux\/\">Postface in\u00e9dite de la nouvelle \u00e9cole capitaliste<\/a>&nbsp; (Contretemps) <\/p>\n\n\n\n<p> <strong><span style=\"color:#da0c24\" class=\"has-inline-color\">13 Novembre en continu<\/span><\/strong><\/p>\n\n\n\n<p><\/p>\n\n\n\n<p><strong><a href=\"https:\/\/blogs.mediapart.fr\/jean-marc-b\/blog\/121121\/sans-fac-un-rassemblement-de-soutien-sans-precedent-ce-vendredi\">Sans fac: un rassemblement de soutien sans pr\u00e9c\u00e9dent ce vendredi <\/a>(Unef Tacle)<\/strong><\/p>\n\n\n\n<pre class=\"wp-block-preformatted has-small-font-size\">En 2021, Blanquer a rogn\u00e9 75 millions \u20ac du budget Educ nationale (<a href=\"https:\/\/www.telerama.fr\/enfants-section\/l-education-nationale-ne-sait-plus-quoi-faire-de-son-argent-7004855.php\" target=\"_blank\" rel=\"noreferrer noopener\">source<\/a>), dont plus de 17 millions sur l\u2019\u00e9cole publique, et 40 millions du programme \u00ab&nbsp;<em>vie de l\u2019\u00e9l\u00e8ve<\/em>&nbsp;\u00bb (qui inclut la m\u00e9decine scolaire) et les actions \u00e9l\u00e8ves en situation de handicap (<a href=\"https:\/\/www.telerama.fr\/enfants-section\/l-education-nationale-ne-sait-plus-quoi-faire-de-son-argent-7004855.php\" target=\"_blank\" rel=\"noreferrer noopener\">source<\/a><\/pre>\n\n\n\n<p>Analyse<\/p>\n\n\n\n<p><strong><a href=\"https:\/\/www.contretemps.eu\/dossier-ecole-capitalisme-emancipation\/\" title=\"https:\/\/www.contretemps.eu\/dossier-ecole-capitalisme-emancipation\/\">DOSSIER &#8211;&nbsp;De l&rsquo;\u00c9cole capitaliste \u00e0 l&rsquo;\u00e9ducation \u00e9mancipatrice<\/a><\/strong> -Contretemps<\/p>\n\n\n\n<figure class=\"wp-block-image is-resized is-style-default\"><img data-recalc-dims=\"1\" loading=\"lazy\" decoding=\"async\" src=\"https:\/\/i0.wp.com\/www.contretemps.eu\/wp-content\/uploads\/400-coups.jpg?resize=390%2C245&#038;ssl=1\" alt=\"\" width=\"390\" height=\"245\"\/><\/figure>\n\n\n\n<div class=\"wp-block-columns is-layout-flex wp-container-core-columns-is-layout-9d6595d7 wp-block-columns-is-layout-flex\">\n<div class=\"wp-block-column is-layout-flow wp-block-column-is-layout-flow\" style=\"flex-basis:100%\">\n<figure class=\"wp-block-image is-resized is-style-default\"><img loading=\"lazy\" decoding=\"async\" src=\"https:\/\/pbs.twimg.com\/media\/FD_LiEYXIDIlfdL?format=jpg&amp;name=small\" alt=\"Image\" width=\"390\" height=\"505\"\/><figcaption><sub>Un Fig Mag bien arros\u00e9 et copi\u00e9 sur le torchon US original ci-dessous<\/sub><\/figcaption><\/figure>\n\n\n\n<figure class=\"wp-block-image is-resized is-style-default\"><img loading=\"lazy\" decoding=\"async\" src=\"https:\/\/pbs.twimg.com\/media\/FD_LiYBXICsvX7D?format=jpg&amp;name=small\" alt=\"Image\" width=\"401\" height=\"531\"\/><\/figure>\n<\/div>\n<\/div>\n\n\n\n<p> <strong><span style=\"color:#da0c24\" class=\"has-inline-color\">12 Novembre en continu<\/span><\/strong><\/p>\n\n\n\n<p><strong><a href=\"https:\/\/blogs.mediapart.fr\/jean-marc-b\/blog\/111121\/tribune-de-soutien-aux-sans-fac-deja-350-signataires-du-monde-de-leducation\">Tribune de soutien aux sans fac: d\u00e9j\u00e0 des centaines de signataires du monde de l&rsquo;\u00e9ducation <\/a>(Unef Tacle)<\/strong><\/p>\n\n\n\n<figure class=\"wp-block-image is-resized is-style-default\"><img loading=\"lazy\" decoding=\"async\" src=\"https:\/\/scontent.fhex4-2.fna.fbcdn.net\/v\/t39.30808-6\/p526x296\/255256958_4435469989894329_6648951293538552269_n.jpg?_nc_cat=108&amp;_nc_rgb565=1&amp;ccb=1-5&amp;_nc_sid=a26aad&amp;_nc_eui2=AeE6XUtDcVM1coBjjOBg8Y9AQbixMwwhj9NBuLEzDCGP07zC_N3AAjeKn4P-CQcJbEU&amp;_nc_ohc=2H69GzmP1LAAX8psUCu&amp;_nc_ht=scontent.fhex4-2.fna&amp;oh=44eee46ed73d6b416d24a8c46168e5a5&amp;oe=61919F88\" alt=\"Peut \u00eatre une image de 4 personnes et texte qui dit \u2019Lib\u00e9ration TRIBUNE Mobilisation des sans-facs sans- de Nanterre, un combat juste Un collectif l'enseignants et personnels de l'\u00e9ducation apporte son soutien aux sans-facs et militants \u00e9tudiants qui occupent depuis le 27 octobre les bureaux de la pr\u00e9sidence de l'universit\u00e9 Paris-Nanterre. MOWNE IN ILS DEMANDENT L'INSCRIPTION DES SANS-FACS A NANTERRE! LIRE ET PARTAGER &gt; LIEN EN DESCRIPTION <\u2019\" width=\"367\" height=\"368\"\/><\/figure>\n\n\n\n<p><a href=\"https:\/\/www.lemonde.fr\/campus\/article\/2021\/11\/09\/la-securite-privee-pousse-ses-pions-dans-l-enseignement-superieur_6101437_4401467.html\">La s\u00e9curit\u00e9 priv\u00e9e pousse ses pions dans l\u2019enseignement sup\u00e9rieur<\/a> (Le Monde)<\/p>\n\n\n\n<p><a href=\"https:\/\/blogs.mediapart.fr\/jacques-testart\/blog\/101121\/la-recherche-entre-guerres-sanitaires-et-decroiscience\">La recherche entre guerres sanitaires et d\u00e9croiscience <\/a>-Jacques Testart<\/p>\n\n\n\n<p><a href=\"https:\/\/theconversation.com\/une-jeunesse-des-jeunesses-des-diplomes-pour-imaginer-lavenir-171223\">\u00ab Une jeunesse, des jeunesses \u00bb : des dipl\u00f4mes pour imaginer l\u2019avenir ?<\/a> (The Conversation)<\/p>\n\n\n\n<p><strong><a href=\"https:\/\/www.humanite.fr\/sante-mentale-le-mal-etre-des-etudiants-progresse-727202\">Sant\u00e9 mentale&nbsp;: le mal-\u00eatre des \u00e9tudiants progresse<\/a> (L\u2019Humanit\u00e9)<\/strong><\/p>\n\n\n\n<p><a href=\"https:\/\/www.francetvinfo.fr\/economie\/emploi\/chomage\/controle-des-chomeurs\/pole-emploi-le-controle-des-demandeurs-d-emplois-va-etre-renforce_4841097.html\">P\u00f4le-emploi&nbsp;: le contr\u00f4le des demandeurs d\u2019emplois va \u00eatre renforc\u00e9<\/a> (Francetvinfo)<\/p>\n\n\n\n<p><a href=\"https:\/\/www.mediacites.fr\/enquete\/lyon\/2021\/11\/09\/sante-mentale-a-vaulx-en-velin-les-enfants-victimes-dun-systeme-a-bout-de-souffle\/\">Sant\u00e9 mentale: A Vaulx en Velin,les enfants victimes d\u2019un syst\u00e8me \u00e0 bout de souffle<\/a> (M\u00e9diacit\u00e9s)<\/p>\n\n\n\n<p><a href=\"https:\/\/lecourrierdesstrateges.fr\/2021\/11\/10\/le-cannabis-therapeutique-cbd-fait-il-planer-et-est-il-efficace-contre-la-douleur\/?utm_source=mailpoet&amp;utm_medium=email&amp;utm_campaign=les-derniers-articles-du-courrier-des-strateges_164\">Le cannabis th\u00e9rapeutique CBD fait-il planer et est-il efficace contre la douleur? <\/a>&nbsp;&nbsp;(Le Courrier des Strat\u00e8ges)<\/p>\n\n\n\n<p><strong><a href=\"https:\/\/www.francebleu.fr\/infos\/education\/le-directeur-de-l-ecole-jean-mermoz-8e-de-marseille-en-greve-de-la-fin-depuis-une-semaine-1636361602\">Directeur de l\u2019\u00e9cole Mermoz de Marseille en gr\u00e8ve de la faim depuis 1 semaine<\/a> (FranceBleu)<\/strong><\/p>\n\n\n\n<p><a href=\"https:\/\/www.bondyblog.fr\/societe\/le-cafe-a-lasso-pour-refaire-le-monde-et-reunir-les-jeunes-de-saint-denis\/\">Le caf\u00e9 \u00e0 l\u2019Asso pour refaire le monde et r\u00e9unir les jeunes de Saint-Denis<\/a> (BondyBlog)<\/p>\n\n\n\n<p><a href=\"https:\/\/rue89bordeaux.com\/2021\/11\/140-evenements-pour-legalite-et-la-diversite-a-bordeaux-metropole\/\">140 Ev\u00e8nements pour l\u2019\u00e9galit\u00e9 et la diversit\u00e9 \u00e0 Bordeaux m\u00e9tropole<\/a> (Rue89)<\/p>\n\n\n\n<p> <strong><span style=\"color:#da0c24\" class=\"has-inline-color\">11 Novembre en continu<\/span><\/strong><\/p>\n\n\n\n<p><strong><a href=\"https:\/\/blogs.mediapart.fr\/jean-marc-b\/blog\/101121\/sans-facs-contre-clan-reac-les-occupants-organises-pour-tenir-sur-la-duree-0\">Sans fac contre clan r\u00e9ac: les occupants organis\u00e9s pour tenir sur la dur\u00e9e <\/a>(Unef Tacle)<\/strong><\/p>\n\n\n\n<figure class=\"wp-block-image is-style-default\"><img decoding=\"async\" src=\"https:\/\/scontent.fhex4-2.fna.fbcdn.net\/v\/t39.30808-6\/s526x296\/255658251_2714823785478248_4396517626637477907_n.jpg?_nc_cat=108&amp;_nc_rgb565=1&amp;ccb=1-5&amp;_nc_sid=340051&amp;_nc_ohc=qJ9lYaiJ3zQAX8Q16Sc&amp;_nc_ht=scontent.fhex4-2.fna&amp;oh=db0b0984f6b93f01a693878e00e6990b&amp;oe=619265F5\" alt=\"Peut \u00eatre une image de texte\"\/><\/figure>\n\n\n\n<p><a href=\"https:\/\/www.humanite.fr\/sante-mentale-le-mal-etre-des-etudiants-progresse-727202#xtor=RSS-1\">Sant\u00e9 mentale. Le mal-\u00eatre des \u00e9tudiants progresse<\/a> (L\u2019Humanit\u00e9)<\/p>\n\n\n\n<p><a href=\"https:\/\/www.francetvinfo.fr\/societe\/harcelement-sexuel\/affaire-olivier-duhamel\/sciences-po-paris-mathias-vicherat-ex-cadre-dirigeant-de-danone-et-de-la-sncf-designe-directeur_4840183.html\">Sciences Po Paris : Mathias Vicherat, ex-cadre Danone et SNCF, d\u00e9sign\u00e9 directeur<\/a> (France Info)<\/p>\n\n\n\n<p><a href=\"http:\/\/www.cafepedagogique.net\/lexpresso\/Pages\/2021\/11\/08112021Article637719515602782891.aspx\">Le Passe Culture&nbsp;: Une opportunit\u00e9<\/a>&nbsp; (Caf\u00e9 p\u00e9dagogique)<\/p>\n\n\n\n<p><a href=\"https:\/\/www.francetvinfo.fr\/societe\/education\/l-acces-au-statut-vaccinal-des-eleves-censure-les-directeurs-d-etablissements-scolaires-soulages-le-ministere-se-dit-peu-surpris_4839563.html\">Statut vaccinal des \u00e9l\u00e8ves censur\u00e9, les directeurs soulag\u00e9s<\/a> (20Minutes)<\/p>\n\n\n\n<p><a href=\"http:\/\/www.cafepedagogique.net\/lexpresso\/Pages\/2021\/11\/10112021Article637721246594380565.aspx\">4 Syndicats de l\u2019\u00c9ducation contre l\u2019extr\u00e8me droite <\/a>(Caf\u00e9 p\u00e9dagogique)<\/p>\n\n\n\n<p><a href=\"http:\/\/www.cafepedagogique.net\/lexpresso\/Pages\/2021\/11\/10112021Article637721246517504089.aspx\">Quel impact du port du masque sur les enseignants&nbsp;?<\/a>(Caf\u00e9 p\u00e9dagogique)<\/p>\n\n\n\n<p> <strong><span style=\"color:#da0c24\" class=\"has-inline-color\">10 Novembre en continu<\/span><\/strong><\/p>\n\n\n\n<p><strong><a href=\"https:\/\/blogs.mediapart.fr\/jean-marc-b\/blog\/091121\/sans-fac-occupation-nanterre-jusquaux-inscriptions-comme-lyon-0\">Sans fac: occupation \u00e0 Nanterre jusqu&rsquo;aux inscriptions, comme \u00e0 Lyon ! <\/a>(Unef Tacle)<\/strong><\/p>\n\n\n\n<p><a href=\"https:\/\/blogs.mediapart.fr\/jean-marc-b\/blog\/091121\/victoire-des-sans-fac-lyon\">Victoire des sans fac \u00e0 Lyon ! <\/a>(Unef Tacle)<\/p>\n\n\n\n<p><a href=\"https:\/\/www.msn.com\/fr-fr\/actualite\/france\/occupation-manifestation-la-bataille-des-sans-fac-pour-\u00e9tudier-\u00e0-l-universit\u00e9-nanterre-paris\/ar-AAQuTj5?ocid=winp1taskbar\" title=\"https:\/\/www.msn.com\/fr-fr\/actualite\/france\/occupation-manifestation-la-bataille-des-sans-fac-pour-\u00e9tudier-\u00e0-l-universit\u00e9-nanterre-paris\/ar-AAQuTj5?ocid=winp1taskbar\">Occupation, manifestation&#8230; La bataille des sans fac pour \u00e9tudier \u00e0 l&rsquo;universit\u00e9 Nanterre Paris<\/a> (MSN)<\/p>\n\n\n\n<figure class=\"wp-block-image is-resized is-style-default\"><img loading=\"lazy\" decoding=\"async\" src=\"https:\/\/img-s-msn-com.akamaized.net\/tenant\/amp\/entityid\/AAQuQW5.img?h=399&amp;w=624&amp;m=6&amp;q=60&amp;o=f&amp;l=f\" alt=\"Les \u00e9tudiants sans fac ont accroch\u00e9 une banni\u00e8re affichant leurs revendications depuis le 8\u00e8me \u00e9tage du b\u00e2timent qu'ils occupent.\" width=\"536\" height=\"343\"\/><\/figure>\n\n\n\n<p><a href=\"https:\/\/www.lesnouvellesnews.fr\/referent-es-egalite-fantome-dans-les-lycees\/\">Dans les lyc\u00e9es, r\u00e9f\u00e9rent.es \u00e9galit\u00e9 fant\u00f4mes<\/a> par Camille Saint-Cricq (Les Nouvelles News)<\/p>\n\n\n\n<figure class=\"wp-block-image is-resized is-style-default\"><img loading=\"lazy\" decoding=\"async\" src=\"https:\/\/scontent-frx5-2.xx.fbcdn.net\/v\/t39.30808-6\/254795832_4467758463342890_2623467161434610767_n.jpg?_nc_cat=109&amp;_nc_rgb565=1&amp;ccb=1-5&amp;_nc_sid=8bfeb9&amp;_nc_ohc=oJNWc2i1K6sAX_aCwYZ&amp;_nc_ht=scontent-frx5-2.xx&amp;oh=6702086cc9d06288f782af5fe148551c&amp;oe=618D4107\" alt=\"https:\/\/scontent-frx5-2.xx.fbcdn.net\/v\/t39.30808-6\/254795832_4467758463342890_2623467161434610767_n.jpg?_nc_cat=109&amp;_nc_rgb565=1&amp;ccb=1-5&amp;_nc_sid=8bfeb9&amp;_nc_ohc=oJNWc2i1K6sAX_aCwYZ&amp;_nc_ht=scontent-frx5-2.xx&amp;oh=6702086cc9d06288f782af5fe148551c&amp;oe=618D4107\" width=\"345\" height=\"410\"\/><\/figure>\n\n\n\n<p> <a href=\"https:\/\/www.francetvinfo.fr\/sante\/maladie\/coronavirus\/pass-sanitaire\/covid-19-le-conseil-constitutionnel-censure-la-possibilite-pour-les-directeurs-d-etablissements-d-acceder-au-statut-vaccinal-des-eleves_4838771.html\">Conseil constitutionnel censure, pour directeurs acc\u00e8s au statut vaccinal des \u00e9l\u00e8ves<\/a> (FranceInfo)<\/p>\n\n\n\n<figure class=\"wp-block-image size-full\"><img data-recalc-dims=\"1\" loading=\"lazy\" decoding=\"async\" width=\"365\" height=\"219\" src=\"https:\/\/i0.wp.com\/www.rdpemancipation.org\/wp-content\/uploads\/2021\/11\/image-40.png?resize=365%2C219&#038;ssl=1\" alt=\"\" class=\"wp-image-56771\" srcset=\"https:\/\/i0.wp.com\/www.rdpemancipation.org\/wp-content\/uploads\/2021\/11\/image-40.png?w=365&amp;ssl=1 365w, https:\/\/i0.wp.com\/www.rdpemancipation.org\/wp-content\/uploads\/2021\/11\/image-40.png?resize=300%2C180&amp;ssl=1 300w\" sizes=\"auto, (max-width: 365px) 100vw, 365px\" \/><\/figure>\n\n\n\n<p><a href=\"http:\/\/www.cafepedagogique.net\/lexpresso\/Pages\/2021\/11\/09112021Article637720384867512453.aspx\">Le CSEN autosatisfait de ses \u00e9valuations <\/a>(Caf\u00e9 p\u00e9dagogique)<\/p>\n\n\n\n<p><a href=\"https:\/\/basta.media\/quand-proton-livre-une-adresse-mail-a-la-police-on-s-est-senti-trahi-par-une\">Quand Proton livre une adresse mail \u00e0 la police on s\u2019est senti trahi<\/a> (Basta)<\/p>\n\n\n\n<p><a href=\"http:\/\/www.cafepedagogique.net\/lexpresso\/Pages\/2019\/04\/17042019Article636910818878777691.aspx\">D\u00e9doublements : Un mauvais choix selon une \u00e9tude<\/a>&nbsp; (Caf\u00e9 p\u00e9dagogique)<\/p>\n\n\n\n<p><a href=\"http:\/\/www.cafepedagogique.net\/lexpresso\/Pages\/2021\/11\/09112021Article637720384702661693.aspx\">Apr\u00e8s la crise&nbsp;: L\u2019\u00e9cole sans l\u2019\u00e9cole&nbsp;? <\/a>(Caf\u00e9 p\u00e9dagogique)<\/p>\n\n\n\n<p><a href=\"https:\/\/www.francetvinfo.fr\/culture\/patrimoine\/versailles-inaugure-son-campus-dedie-aux-metiers-dart-et-du-patrimoine_4838825.html#xtor=AL-85\">Versailles inaugure son campus d\u00e9di\u00e9 aux m\u00e9tiers d\u2019art et du patrimoine<\/a> (Francetvinfo)<\/p>\n\n\n\n<figure class=\"wp-block-image is-resized is-style-default\"><img data-recalc-dims=\"1\" loading=\"lazy\" decoding=\"async\" src=\"https:\/\/i0.wp.com\/mamot.fr\/system\/media_attachments\/files\/107\/224\/209\/559\/549\/511\/original\/e3d9ddadbf1a3bb8.png?resize=437%2C261&#038;ssl=1\" alt=\"\" width=\"437\" height=\"261\"\/><\/figure>\n\n\n\n<p><strong><span style=\"color:#da0c24\" class=\"has-inline-color\">9 Novembre en continu<\/span><\/strong> <\/p>\n\n\n\n<p><a href=\"https:\/\/www.20minutes.fr\/paris\/3167927-20211109-occupation-manifestation-bataille-fac-etudier-universite-nanterre-paris\">Occupation, manifestation&#8230; La bataille des sans fac \u00e0 Nanterre-Paris <\/a>(20 mn)<\/p>\n\n\n\n<p>&nbsp;<a href=\"https:\/\/www.facebook.com\/UNEFTACLE\/videos\/312435403742630\">Rassemblement&nbsp; 10 nov \u00e0 Paris 8 pour la r\u00e9gularisation des \u00e9tudiant.e.s sans papiers ! <\/a>(vid\u00e9o UNEF Tacle)<\/p>\n\n\n\n<p><a href=\"https:\/\/blogs.mediapart.fr\/jean-marc-b\/blog\/091121\/nanterre-rassemblement-contre-la-soumission-au-medef-et-son-pion\">Nanterre: rassemblement contre la soumission au MEDEF et son pion<\/a> (Unef Tacle)<\/p>\n\n\n\n<figure class=\"wp-block-image is-resized is-style-default\"><img loading=\"lazy\" decoding=\"async\" src=\"https:\/\/scontent.fhex4-2.fna.fbcdn.net\/v\/t1.6435-9\/s960x960\/253575646_2712219119072048_5828486611601836421_n.jpg?_nc_cat=107&amp;_nc_rgb565=1&amp;ccb=1-5&amp;_nc_sid=e3f864&amp;_nc_eui2=AeFYC8krknxPveTbYz5hjMVhD56I15qkQPMPnojXmqRA8y5rwmNi4BGPwOU67lFC7Go&amp;_nc_ohc=xgDA4fQLnkkAX_DfK7h&amp;_nc_ht=scontent.fhex4-2.fna&amp;oh=f476f5c64d06acf24647233ddba6bd88&amp;oe=61AE2FB9\" alt=\"\" width=\"467\" height=\"173\"\/><\/figure>\n\n\n\n<p><a href=\"https:\/\/www.humanite.fr\/precarite-les-etudiants-nen-peuvent-plus-davoir-faim-726094\">Les \u00e9tudiants n\u2019en peuvent plus d\u2019avoir faim<\/a> (L\u2019huma)<\/p>\n\n\n\n<p><a href=\"https:\/\/lundi.am\/Demission-d-etudiants-infirmiers-Veran-essaie-de-comprendre\">\u00ab&nbsp;D\u00e9mission d\u2019\u00e9tudiant\u00b7es infirmi\u00e8r\u00b7es&nbsp;: V\u00e9ran essaie de comprendre&nbsp;\u00bb<\/a> (lundi am)<\/p>\n\n\n\n<p><a href=\"https:\/\/www.lemonde.fr\/blog-mediateur\/article\/2021\/11\/05\/paroles-de-lecteurs-jean-michel-blanquer-est-il-le-don-quichotte-du-wokisme_6101064_5334984.html\">Jean-Michel Blanquer est-il le Don Quichotte du \u00ab&nbsp;wokisme&nbsp;\u00bb&nbsp;?<\/a> -Simon Grivet<\/p>\n\n\n\n<p><a href=\"https:\/\/blogs.mediapart.fr\/jean-marc-b\/blog\/081121\/le-macronard-de-nanterre-renie-sa-parole-et-enferme-les-sans-fac-0\">Le macronard de Nanterre renie sa parole et enferme les sans fac <\/a>(Unef Tacle)<\/p>\n\n\n\n<p><a href=\"https:\/\/blogs.mediapart.fr\/jean-marc-b\/blog\/081121\/appel-des-sans-fac-generaliser-la-lutte-contre-le-tri-social\">Appel des sans fac \u00e0 g\u00e9n\u00e9raliser la lutte contre le tri social <\/a>(Unef Tacle)<\/p>\n\n\n\n<p><a href=\"https:\/\/www.sudeducation69.org\/la-lesbophobie-na-pas-sa-place-dans-les-ecoles-ni-dans-les-universites-ni-ailleurs\/\">La lesbophobie n\u2019a pas sa place dans les \u00e9coles, ni dans les universit\u00e9s ni ailleurs<\/a> (Sud \u00e9ducation 69)<\/p>\n\n\n\n<p><a href=\"https:\/\/www.huffingtonpost.fr\/entry\/rabote-le-contrat-dengagement-de-macron-ne-convainc-pas-grand-monde_fr_61810b8fe4b0ba342c5d4301\">Rabot\u00e9, le contrat d\u2019engagement de Macron ne convainc pas grand monde<\/a> (Huffington Post)<\/p>\n\n\n\n<p><strong><a href=\"http:\/\/www.cafepedagogique.net\/lexpresso\/Pages\/2021\/11\/08112021Article637719515469341122.aspx\">Grande Grammaire du Fran\u00e7ais<\/a> <\/strong>(Caf\u00e9 p\u00e9dagogique)<strong><\/strong><\/p>\n\n\n\n<p><a href=\"https:\/\/fr.sputniknews.com\/20211108\/sans-trous-dans-la-raquette-blanquer-justifie-lacces-au-statut-vaccinal-des-eleves-1052514905.html\">Sans trous dans la raquette, Blanquer justifie l\u2019acc\u00e8s au statut vaccinal des \u00e9l\u00e8ves<\/a> (SputnikNews)<\/p>\n\n\n\n<p><a href=\"http:\/\/www.cafepedagogique.net\/lexpresso\/Pages\/2021\/11\/08112021Article637719515651221321.aspx\">Yoyo du protocole pour la rentr\u00e9e <\/a>&nbsp;<a>(Caf\u00e9 p\u00e9dagogique)<\/a><\/p>\n\n\n\n<p><strong><a href=\"http:\/\/www.cafepedagogique.net\/lexpresso\/Pages\/2021\/11\/08112021Article637719515642158647.aspx\">L&rsquo;\u00c9cole contr\u00f4lera l\u2019\u00e9tat virologique des \u00e9l\u00e8ves<\/a> (Caf\u00e9 p\u00e9dagogique)<\/strong><\/p>\n\n\n\n<p><a href=\"https:\/\/www.questionsdeclasses.org\/12-petites-capsules-video-de-3-minutes-par-philippe-meirieu\/\">12 petites capsules vid\u00e9o de 3 minutes par Philippe Meirieu<\/a>  (Questions de classes) <\/p>\n\n\n\n<p><a href=\"https:\/\/www.questionsdeclasses.org\/la-democratie-a-lecole-brochure-de-sud-education\/\">La d\u00e9mocratie \u00e0 l\u2018\u00e9cole&nbsp;: brochure de Sud-\u00c9ducation<\/a> (Questions de classes)<\/p>\n\n\n\n<figure class=\"wp-block-image size-full is-resized\"><img data-recalc-dims=\"1\" loading=\"lazy\" decoding=\"async\" src=\"https:\/\/i0.wp.com\/www.rdpemancipation.org\/wp-content\/uploads\/2021\/11\/image-35.png?resize=345%2C488&#038;ssl=1\" alt=\"\" class=\"wp-image-56588\" width=\"345\" height=\"488\" srcset=\"https:\/\/i0.wp.com\/www.rdpemancipation.org\/wp-content\/uploads\/2021\/11\/image-35.png?w=281&amp;ssl=1 281w, https:\/\/i0.wp.com\/www.rdpemancipation.org\/wp-content\/uploads\/2021\/11\/image-35.png?resize=212%2C300&amp;ssl=1 212w\" sizes=\"auto, (max-width: 345px) 100vw, 345px\" \/><\/figure>\n\n\n\n<p> <strong><span style=\"color:#da0c24\" class=\"has-inline-color\">8 Novembre en continu<\/span><\/strong> <\/p>\n\n\n\n<p><a href=\"https:\/\/www.humanite.fr\/universites-nanterre-61-etudiants-sans-fac-occupent-la-presidence-726832#xtor=RSS-1\">Universit\u00e9s. \u00c0 Nanterre, 61 \u00e9tudiants sans fac occupent la pr\u00e9sidence<\/a> (L\u2019Humanit\u00e9)&nbsp;<\/p>\n\n\n\n<figure class=\"wp-block-image is-resized is-style-default\"><img loading=\"lazy\" decoding=\"async\" src=\"https:\/\/scontent.fhex4-1.fna.fbcdn.net\/v\/t1.6435-9\/p180x540\/253594224_2998994507007940_6429649411042662893_n.jpg?_nc_cat=101&amp;ccb=1-5&amp;_nc_sid=8bfeb9&amp;_nc_eui2=AeEJWDVrTOrjgNhBE08kZqYI9utIvElteXv260i8SW15e0rMbEsAYrtkw5xxB8M3rnE&amp;_nc_ohc=cSteaNUB2qYAX-Qhm3h&amp;_nc_ht=scontent.fhex4-1.fna&amp;oh=88416c11d446b9b42f8850a9079387be&amp;oe=61AC7D3A\" alt=\"Peut \u00eatre une image de 13 personnes, personnes debout et herbe\" width=\"507\" height=\"380\"\/><figcaption><sub>Banderole du MFC en soutien au mouvement des sans-facs de Nanterre <\/sub><br><sub>dans leur lutte pour obtenir des inscriptions en licence et en master.<\/sub><\/figcaption><\/figure>\n\n\n\n<p><strong><a href=\"https:\/\/blogs.mediapart.fr\/jean-marc-b\/blog\/071121\/debut-de-semaine-decisif-pour-les-sans-facs\">D\u00e9but de semaine decisif pour les sans-facs <\/a>(Unef Tacle)<\/strong><\/p>\n\n\n\n<figure class=\"wp-block-image size-full is-resized is-style-default\"><img data-recalc-dims=\"1\" loading=\"lazy\" decoding=\"async\" src=\"https:\/\/i0.wp.com\/www.rdpemancipation.org\/wp-content\/uploads\/2021\/11\/Capture-decran-2021-11-07-a-17.32.14.png?resize=456%2C446&#038;ssl=1\" alt=\"\" class=\"wp-image-56435\" width=\"456\" height=\"446\" srcset=\"https:\/\/i0.wp.com\/www.rdpemancipation.org\/wp-content\/uploads\/2021\/11\/Capture-decran-2021-11-07-a-17.32.14.png?w=712&amp;ssl=1 712w, https:\/\/i0.wp.com\/www.rdpemancipation.org\/wp-content\/uploads\/2021\/11\/Capture-decran-2021-11-07-a-17.32.14.png?resize=300%2C293&amp;ssl=1 300w\" sizes=\"auto, (max-width: 456px) 100vw, 456px\" \/><figcaption><sub>source&nbsp;: <a href=\"https:\/\/www.inegalites.fr\/taux-de-chomage-par-age\">Observatoire des in\u00e9galit\u00e9s (2021)<\/a><\/sub><\/figcaption><\/figure>\n\n\n\n<p><a href=\"http:\/\/www.cafepedagogique.net\/LEXPRESSO\/Pages\/2021\/02\/19022021Article637493190708570910.aspx\">Bilan positif pour la mixit\u00e9 sociale <\/a>(Caf\u00e9 p\u00e9dagogique)<\/p>\n\n\n\n<p><a href=\"https:\/\/www.20minutes.fr\/bordeaux\/3167015-20211107-gironde-college-touche-importantes-moisissures-autorise-rouvrir-lundi\">Gironde&nbsp;:coll\u00e8ge touch\u00e9 par d\u2019importantes moisissures autoris\u00e9 \u00e0 rouvrir ce lundi<\/a> (20Minutes)<\/p>\n\n\n\n<p><a href=\"https:\/\/www.francetvinfo.fr\/sante\/maladie\/coronavirus\/vaccin\/covid-19-responsables-d-etablissements-et-parents-d-eleves-opposes-a-la-levee-du-secret-medical-en-milieu-scolaire_4834099.html\">Responsables d\u2019\u00e9tablissements et parents oppos\u00e9s \u00e0 la lev\u00e9e du secret m\u00e9dical \u00e0 l\u2019\u00e9cole<\/a> (Francetvinfo)<\/p>\n\n\n\n<p><a href=\"https:\/\/www.lefigaro.fr\/actualite-france\/de-jeunes-profs-face-au-mur-de-la-realite-20211107\">De jeunes profs face au mur de la r\u00e9alit\u00e9<\/a> (Le Figaro)<\/p>\n\n\n\n<p><strong>Analyse<\/strong><\/p>\n\n\n\n<p><a href=\"https:\/\/www.20minutes.fr\/sante\/3166163-20211107-coronavirus-moindre-hesitation-jamais-vie-parents-francais-pensent-vaccination-5-11-ans\">Covid: Ce que les parents fran\u00e7ais pensent de la vaccination des 5-11-ans<\/a> (20Mnutes)<\/p>\n\n\n\n<p><a href=\"https:\/\/theconversation.com\/dossier-les-ados-face-aux-ecrans-171232\">Dossier : Les ados face aux \u00e9crans<\/a> (The Conversation)<\/p>\n\n\n\n<p><a href=\"https:\/\/www.alternatives-economiques.fr\/contrat-dengagement-jeunes-mineurs-sociaux\/00101042\" title=\"https:\/\/www.alternatives-economiques.fr\/contrat-dengagement-jeunes-mineurs-sociaux\/00101042\">\u00ab\u00a0Contrat d\u2019engagement\u00a0\u00bb&nbsp;: des jeunes encore mineurs sociaux<\/a> (AlterEco)<\/p>\n\n\n\n<p> <strong><span style=\"color:#da0c24\" class=\"has-inline-color\">7 Novembre en continu<\/span><\/strong> <\/p>\n\n\n\n<p><a href=\"https:\/\/blogs.mediapart.fr\/jean-marc-b\/blog\/061121\/tribune-de-soutien-aux-sans-fac-deja-250-signataires-du-monde-de-leducation\"><strong>Tribune de soutien aux sans fac: d\u00e9j\u00e0 250 signataires du monde de l&rsquo;\u00e9ducation<\/strong> <\/a>(Unef Tacle)<\/p>\n\n\n\n<figure class=\"wp-block-image is-resized is-style-default\"><img loading=\"lazy\" decoding=\"async\" src=\"https:\/\/scontent.fhex4-1.fna.fbcdn.net\/v\/t1.6435-9\/254693372_2711678795792747_1478634605083492500_n.jpg?_nc_cat=102&amp;_nc_rgb565=1&amp;ccb=1-5&amp;_nc_sid=340051&amp;_nc_eui2=AeEdM80MzR5NsaknpPpmjgq32afpw1hvbArZp-nDWG9sCrWJj_QwjVBm-bnWkxVfs2M&amp;_nc_ohc=PbpJeJS7ZEwAX8Wa52n&amp;_nc_ht=scontent.fhex4-1.fna&amp;oh=97586e638424c70a11b71ec3f0cfd7db&amp;oe=61AB4BCC\" alt=\"\" width=\"490\" height=\"257\"\/><\/figure>\n\n\n\n<p><a href=\"https:\/\/www.placegrenet.fr\/2021\/11\/05\/un-jeune-homme-de-24-ans-retrouve-mort-dans-une-residence-etudiante-a-echirolles\/550405\">Un jeune homme de 24 ans retrouv\u00e9 mort dans une r\u00e9sidence \u00e9tudiante \u00e0 Echirolles<\/a> (Place Gre\u2019net)<\/p>\n\n\n\n<p><a href=\"https:\/\/www.leparisien.fr\/video\/video-paris-des-centaines-detudiants-dans-la-queue-des-distributions-alimentaires-de-lassociation-linkee-05-11-2021-LXRUZB6MNJEVVPGN5K5VCLQH7Q.php?fbclid=IwAR3nfuIwCtfMJzc5RQ9NHHd_VaZuqUGdpVOqNsDVHqREQOz74wnCTB3kHKE#xtor=AD-1481423552\">\u00abIl faut arriver en avance\u00bb: 400 \u00e9tudiants font la queue pour recevoir de la nourriture <\/a>(video Le Parisien)<\/p>\n\n\n\n<figure class=\"wp-block-image is-resized is-style-default\"><img loading=\"lazy\" decoding=\"async\" src=\"https:\/\/pbs.twimg.com\/media\/FDcOC0kWYAQTknb?format=jpg&amp;name=medium\" alt=\"Image\" width=\"316\" height=\"427\"\/><\/figure>\n\n\n\n<p> <\/p>\n\n\n\n<p><a href=\"https:\/\/charliehebdo.fr\/2021\/08\/societe\/rectorat-hautes-pyrenees-ferme-ecole-steiner\/?utm_source=sendinblue&amp;utm_campaign=QUOTIDIENNE_25082021__ABONNES&amp;utm_medium=email\">Rectorat des Hautes Pyr\u00e9n\u00e9es ferme une \u00e9cole Steiner_<\/a> (Charlie Hebdo)<\/p>\n\n\n\n<p><a href=\"https:\/\/www.reseau-canope.fr\/savoirscdi\/cdi-outil-pedagogique\/base-initiatives\/initiatives-pedagogiques\/decouvrir-la-litterature-engagee-au-cdi.html\">Initiatives&nbsp;: p\u00e9dagogiques&nbsp;: d\u00e9couvrir la litt\u00e9rature engag\u00e9e au CDI<\/a> &nbsp;(R\u00e9seau Canop\u00e9)<\/p>\n\n\n\n<p><a href=\"https:\/\/www.capital.fr\/votre-carriere\/geologue-competences-formation-et-salaire-1414328?utm_campaign=20211009&amp;utm_medium=email&amp;utm_source=nl-cap-soir-eco#nlref=a29a0f53a20b592c6c7a7f02f456bac2&amp;part%255name%5D=pm&amp;part%255token%5D=a29a0f53a20b592c6c7a7f02f456bac2&amp;srAuthUserId=a29a0f53a20b592c6c7a7f02f456bac2&amp;utm_campaign=20211009&amp;utm_medium=email&amp;utm_source=nl-cap-soir-eco&amp;nlsha=a912bea9dcb0f089389bc9c1d011ac3c57479e2e2bfa32d440f34a5efe55c08e\">G\u00e9ologue&nbsp;: comp\u00e9tences, formation, salaire<\/a> (Capital)<\/p>\n\n\n\n<p><a href=\"https:\/\/www.reseau-canope.fr\/savoirscdi\/societe-de-linformation\/le-monde-du-livre-et-de-la-presse\/auteurs-et-illustrateurs\/conjugaisons-au-futur-entretien-avec-j-m-ligny-sur-la-science-fiction.html\">Conjugaisons au futur&nbsp;: entretien avec Jean-Marc Ligny sur la science-fiction<\/a> (R\u00e9seau Canop\u00e9)<a href=\"https:\/\/www.questionsdeclasses.org\/bientot-disponible-etincelles-pedagogiques\/\"><\/a><\/p>\n\n\n\n<p><a href=\"https:\/\/www.questionsdeclasses.org\/bientot-disponible-etincelles-pedagogiques\/\">\u00c9tincelles p\u00e9dagogiques, nouveau titre de la collection N\u2019Autre \u00e9cole<\/a> (Questions de classes)<\/p>\n\n\n\n<p><strong><span style=\"color:#da0c24\" class=\"has-inline-color\">6 Novembre en continu<\/span><\/strong> <\/p>\n\n\n\n<p><strong><a href=\"https:\/\/blogs.mediapart.fr\/jean-marc-b\/blog\/051121\/les-sans-fac-demasquent-un-nouveau-projet-macronard-de-selection-renforcee\">Les sans fac d\u00e9masquent un nouveau projet macronard de s\u00e9lection renforc\u00e9e <\/a>(Unef Tacle)<\/strong><\/p>\n\n\n\n<figure class=\"wp-block-image size-full is-resized is-style-default\"><img data-recalc-dims=\"1\" loading=\"lazy\" decoding=\"async\" src=\"https:\/\/i0.wp.com\/www.rdpemancipation.org\/wp-content\/uploads\/2021\/11\/Capture-decran-2021-11-05-a-19.04.32.png?resize=483%2C265&#038;ssl=1\" alt=\"\" class=\"wp-image-56174\" width=\"483\" height=\"265\" srcset=\"https:\/\/i0.wp.com\/www.rdpemancipation.org\/wp-content\/uploads\/2021\/11\/Capture-decran-2021-11-05-a-19.04.32.png?w=799&amp;ssl=1 799w, https:\/\/i0.wp.com\/www.rdpemancipation.org\/wp-content\/uploads\/2021\/11\/Capture-decran-2021-11-05-a-19.04.32.png?resize=300%2C165&amp;ssl=1 300w, https:\/\/i0.wp.com\/www.rdpemancipation.org\/wp-content\/uploads\/2021\/11\/Capture-decran-2021-11-05-a-19.04.32.png?resize=768%2C422&amp;ssl=1 768w\" sizes=\"auto, (max-width: 483px) 100vw, 483px\" \/><\/figure>\n\n\n\n<p><a href=\"https:\/\/www.revolutionpermanente.fr\/Contrat-d-engagement-Macron-veut-contraindre-les-jeunes-a-accepter-des-jobs-precaires\">Contrat d\u2019engagement&nbsp;: Macron veut contraindre les jeunes \u00e0 accepter des jobs pr\u00e9caires<\/a> (RP)<\/p>\n\n\n\n<p><a href=\"https:\/\/www.education.gouv.fr\/covid19-mesures-pour-les-ecoles-colleges-et-lycees-modalites-pratiques-continuite-pedagogique-et-305467\">Covid: mesures pour \u00e9coles, coll\u00e8ges, lyc\u00e9es&nbsp;:modalit\u00e9s pratiques, continuit\u00e9 p\u00e9dagogique<\/a> (Education.gouv)<\/p>\n\n\n\n<p><a href=\"https:\/\/reunion.drjscs.gouv.fr\/spip.php?article512\">Agr\u00e9ment jeunesse, \u00c9ducation populaire <\/a>(R\u00e9gion acad\u00e9mique La R\u00e9union)<\/p>\n\n\n\n<p><a href=\"https:\/\/www.jeunes.gouv.fr\/-BAFA-BAFD-\"><strong>BAFA<\/strong> (Brevet d\u2019aptitude aux fonctions d\u2019animateur)-<strong>BAFD<\/strong>(\u2026fonctions de directeur)<\/a> (Jeunes.gouv)<\/p>\n\n\n\n<p><strong><span style=\"color:#da0c24\" class=\"has-inline-color\">5 Novembre en continu<\/span><\/strong><\/p>\n\n\n\n<p><strong><a href=\"https:\/\/blogs.mediapart.fr\/jean-marc-b\/blog\/041121\/education-deluge-de-soutiens-aux-sans-fac-0\">Education: d\u00e9luge de soutiens aux sans fac <\/a>(Unef Tacle)<\/strong><\/p>\n\n\n\n<p><a href=\"https:\/\/guitinews.fr\/a-la-loupe\/2021\/11\/04\/limmense-gachis-des-jeunes-majeurs-sous-oqtf\/\">L\u2019\u00ab immense g\u00e2chis \u00bb des jeunes majeurs sous OQTF<\/a> (Guiti News)<\/p>\n\n\n\n<p><a href=\"https:\/\/www.facebook.com\/UNEFTACLE\/videos\/180161877558757\"><strong>David Giraud \u00e0 propos des sans fac de Nanterre: la d\u00e9termination soul\u00e8ve des montagnes <\/strong><\/a>(vid\u00e9o Le M\u00e9dia)<\/p>\n\n\n\n<p><a href=\"https:\/\/www.msn.com\/fr-fr\/actualite\/france\/les-%c3%a9l%c3%a8ves-auront-ils-cours-vendredi-12-novembre\/ar-AAQjP70?li=BBoJvSH\">Les \u00e9l\u00e8ves auront-ils cours vendredi 12 novembre&nbsp;?<\/a> (Ouest-France)<\/p>\n\n\n\n<p><strong><a href=\"https:\/\/www.youtube.com\/watch?v=hCmoj859dKw\">Passe sanitaire, Contrat d\u2019engagement jeunes: Macron: coup de force permanent <\/a>(Blast)<\/strong><\/p>\n\n\n\n<p><a href=\"http:\/\/www.cafepedagogique.net\/lexpresso\/Pages\/2021\/10\/29102021Article637710951223835364.aspx\">L\u2019expresso&nbsp;: Clermond-Ferrand meilleure ville \u00e9ducative Article<\/a> (Caf\u00e9 p\u00e9dagogique)<\/p>\n\n\n\n<p><a href=\"http:\/\/www.cafepedagogique.net\/lexpresso\/Pages\/2021\/10\/29102021Article637710951200397714.aspx\">L\u2019expresso\/APMEP&nbsp;: 4 jours sur la plan\u00e8te maths Article<\/a> (Caf\u00e9 p\u00e9dagogique)<\/p>\n\n\n\n<p><a href=\"https:\/\/www.questionsdeclasses.org\/laraignee-et-les-colibris\/\">L\u2019araign\u00e9e et les colibris<\/a> (Questions de classes)<\/p>\n\n\n\n<figure class=\"wp-block-image size-full is-resized\"><img data-recalc-dims=\"1\" loading=\"lazy\" decoding=\"async\" src=\"https:\/\/i0.wp.com\/www.rdpemancipation.org\/wp-content\/uploads\/2021\/11\/image-17.png?resize=351%2C298&#038;ssl=1\" alt=\"\" class=\"wp-image-55998\" width=\"351\" height=\"298\" srcset=\"https:\/\/i0.wp.com\/www.rdpemancipation.org\/wp-content\/uploads\/2021\/11\/image-17.png?w=471&amp;ssl=1 471w, https:\/\/i0.wp.com\/www.rdpemancipation.org\/wp-content\/uploads\/2021\/11\/image-17.png?resize=300%2C254&amp;ssl=1 300w\" sizes=\"auto, (max-width: 351px) 100vw, 351px\" \/><figcaption>Tisser sa toile, sans rel\u00e2che&#8230;&#8230;&#8230;&#8230;&#8230;&#8230;&#8230;&#8230;&#8230;&#8230;&#8230;&#8230;&#8230;<\/figcaption><\/figure>\n\n\n\n<p><strong><span style=\"color:#a30016\" class=\"has-inline-color\">4 Novembre en continu<\/span><\/strong><\/p>\n\n\n\n<p><a href=\"https:\/\/blogs.mediapart.fr\/jean-marc-b\/blog\/041121\/une-somme-astronomique-en-vigiles-pour-controler-les-sans-facs-au-lieu-de-negocier\"><strong>Une somme astronomique en vigiles pour contr\u00f4ler les sans-facs au lieu de les inscrire ! <\/strong><\/a><strong>(Unef Tacle)<\/strong><\/p>\n\n\n\n<figure class=\"wp-block-image is-resized is-style-default\"><img loading=\"lazy\" decoding=\"async\" src=\"https:\/\/scontent.fhex4-2.fna.fbcdn.net\/v\/t1.6435-9\/p526x296\/250862743_2710240189269941_4176993573772810737_n.jpg?_nc_cat=110&amp;ccb=1-5&amp;_nc_sid=a26aad&amp;_nc_eui2=AeEwUhoqS7lKrCoiDh44kvgQ8ZTHoF1YzFrxlMegXVjMWu9feWH7PZanfX1kFxRZ0mw&amp;_nc_ohc=Z-Of3OKUzRIAX_ZfYoX&amp;_nc_ht=scontent.fhex4-2.fna&amp;oh=aaa302d66544b8a018d362869399b863&amp;oe=61A9E677\" alt=\"Peut \u00eatre une image de une personne ou plus et texte qui dit \u2019TOUT LE MONDE VEUT LE COMPROMIS SAUF M. GERVAIS LAMBONY! AIDONSLES SANS FACS GAGNER! RASSEMBLEMENT FESTIF VENDREDI 5 NOVEMBRE 19H FAC DE NANTERRE, BATIMENT B (GRAPPIN) unof lespndicatcooson TACLE\u2019\" width=\"379\" height=\"379\"\/><\/figure>\n\n\n\n<p><strong><a href=\"https:\/\/www.lemediatv.fr\/emissions\/2021\/contrat-dengagement-le-cadeau-empoisonne-de-macron-aux-jeunes-rAhBnoX2RJ6X14uUd7PZKg\">Contrat d&rsquo;engagement : le cadeau empoisonn\u00e9 de Macron aux jeunes<\/a> (vid\u00e9o Le M\u00e9dia)<\/strong><\/p>\n\n\n\n<p><a href=\"http:\/\/www.regards.fr\/la-midinale\/article\/le-contrat-engagement-jeune-ne-repond-absolument-pas-aux-besoins-des-etudiants\">\u00ab Le contrat engagement jeune ne r\u00e9pond absolument pas aux besoins des \u00e9tudiants \u00bb<\/a> (Regards)<\/p>\n\n\n\n<p><a href=\"https:\/\/www.monde-diplomatique.fr\/2016\/09\/GERAND\/56207\">Aix-Marseille, laboratoire de la fusion des universit\u00e9s<\/a> (Le Monde diplomatique)<\/p>\n\n\n\n<p><a href=\"https:\/\/www.liberation.fr\/checknews\/qui-sont-les-profs-avec-zemmour-20211020_RNT6YLEVNVANTMHVPNZHA5I4KE\/\">Qui sont \u2018\u2019les profs avec Zemmour&nbsp;\u2018\u2019<\/a> (Lib\u00e9ration)<\/p>\n\n\n\n<p><a href=\"https:\/\/www.courrierinternational.com\/article\/Brexit-les-universites-\u00e9cossaises-r\u00eavent-au-retour-des-\u00e9tudiants-europ\u00e9ens\">Brexit: les universit\u00e9s \u00e9cossaises r\u00eavent au retour des \u00e9tudiants europ\u00e9ens<\/a> &nbsp;(Courrier international)<\/p>\n\n\n\n<p><a href=\"https:\/\/france3-regions.francetvinfo.fr\/nouvelle-aquitaine\/pyrenees-atlantiques\/pau\/Pau-la-rentree-des-jeunes-gendarmes-du-service-national-universel-2320285.html\">Pau&nbsp;: la rentr\u00e9e des jeunes gendarmes du service national universel-<\/a>&nbsp; (France3R\u00e9gions)<\/p>\n\n\n\n<figure class=\"wp-block-image size-full is-resized is-style-default\"><img data-recalc-dims=\"1\" loading=\"lazy\" decoding=\"async\" src=\"https:\/\/i0.wp.com\/www.rdpemancipation.org\/wp-content\/uploads\/2021\/11\/61829f2e4b6c2_cadets-gendarmerie-1-5506385.jpeg?resize=553%2C368&#038;ssl=1\" alt=\"\" class=\"wp-image-55823\" width=\"553\" height=\"368\" srcset=\"https:\/\/i0.wp.com\/www.rdpemancipation.org\/wp-content\/uploads\/2021\/11\/61829f2e4b6c2_cadets-gendarmerie-1-5506385.jpeg?w=930&amp;ssl=1 930w, https:\/\/i0.wp.com\/www.rdpemancipation.org\/wp-content\/uploads\/2021\/11\/61829f2e4b6c2_cadets-gendarmerie-1-5506385.jpeg?resize=300%2C200&amp;ssl=1 300w, https:\/\/i0.wp.com\/www.rdpemancipation.org\/wp-content\/uploads\/2021\/11\/61829f2e4b6c2_cadets-gendarmerie-1-5506385.jpeg?resize=768%2C512&amp;ssl=1 768w\" sizes=\"auto, (max-width: 553px) 100vw, 553px\" \/><\/figure>\n\n\n\n<p><a href=\"https:\/\/www.monorientationenligne.fr\/qr\/mail.php\">Mon orientation en ligne\/<\/a>&nbsp; (Onisep)<\/p>\n\n\n\n<p><a href=\"https:\/\/sport.onisep.fr\/\">&nbsp;Sport &#8211; L\u2019information pour l\u2019orientation 3, 2, 1&#8230; partez&nbsp;!<\/a> (Onisep)<\/p>\n\n\n\n<p><strong><span style=\"color:#e90a15\" class=\"has-inline-color\">3 Novembre en continu<\/span><\/strong><\/p>\n\n\n\n<p><strong><a href=\"https:\/\/blogs.mediapart.fr\/jean-marc-b\/blog\/031121\/vidal-et-son-clone-nanterre-cloues-au-pilori-meme-par-bfm\">Vidal et son cl\u00f4ne \u00e0 Nanterre clou\u00e9s au pilori m\u00eame par BFMTV !<\/a> -vid\u00e9os<\/strong><\/p>\n\n\n\n<p><a href=\"https:\/\/blogs.mediapart.fr\/jean-marc-b\/blog\/021121\/appel-unitaire-des-organisations-du-92-en-soutien-aux-sans-fac\">Appel unitaire des organisations du 92 en soutien aux sans fac <\/a>(Unef Tacle)<\/p>\n\n\n\n<p><a href=\"https:\/\/www.revolutionpermanente.fr\/On-ira-jusqu-aux-inscriptions-les-soutiens-des-sans-facs-reunis-a-Nanterre\">\u00ab&nbsp;On ira jusqu\u2019aux inscriptions&nbsp;\u00bb&nbsp;: les soutiens des sans-facs r\u00e9unis \u00e0 Nanterre<\/a> (RP)<\/p>\n\n\n\n<p><strong><a href=\"https:\/\/www.revolutionpermanente.fr\/A-Paris-8-une-these-financee-par-Bollore-bienfaiteur-de-Zemmour-et-patron-de-la-Francafrique\">\u00c0 Paris 8, une th\u00e8se financ\u00e9e par Bollor\u00e9, bienfaiteur de Zemmour et patron de la Fran\u00e7afrique<\/a> (RP)<\/strong><\/p>\n\n\n\n<figure class=\"wp-block-image is-resized is-style-default\"><img data-recalc-dims=\"1\" loading=\"lazy\" decoding=\"async\" src=\"https:\/\/i0.wp.com\/mamot.fr\/system\/media_attachments\/files\/107\/162\/150\/409\/249\/289\/original\/c82ab2f6c453af2f.png?resize=451%2C614&#038;ssl=1\" alt=\"\" width=\"451\" height=\"614\"\/><\/figure>\n\n\n\n<p><a href=\"https:\/\/www.mediapart.fr\/journal\/economie\/021121\/contrat-d-engagement-pour-les-jeunes-l-ambition-au-rabais-d-emmanuel-macron\">Contrat d\u2019engagement pour les jeunes&nbsp;: l\u2019ambition au rabais de Macron<\/a> ( C\u00e9cile Hautefeuille, Blog M\u00e9diapart)<\/p>\n\n\n\n<p><a href=\"http:\/\/www.cafepedagogique.net\/lexpresso\/Pages\/2021\/09\/16092021Article637674001031366586.aspx\">L\u2019OCDE invite le Gouvernement \u00e0 pers\u00e9v\u00e9rer dans ses r\u00e9formes<\/a> (Caf\u00e9 p\u00e9dagogique)<\/p>\n\n\n\n<p><a href=\"http:\/\/www.cafepedagogique.net\/lexpresso\/Pages\/2021\/10\/29102021Article637710951244147994.aspx\">Le Sgen-Cfdt relance la n\u00e9gociation sur le t\u00e9l\u00e9travail<\/a> (Caf\u00e9 p\u00e9dagogique)<\/p>\n\n\n\n<p><a href=\"http:\/\/www.cafepedagogique.net\/lexpresso\/Pages\/2021\/10\/29102021Article637710951251179289.aspx\">Orientation&nbsp;: L\u2019Inspection demande une r\u00e9forme de fond<\/a> (Caf\u00e9 p\u00e9dagogique) <\/p>\n\n\n\n<figure class=\"wp-block-image size-full is-resized\"><img data-recalc-dims=\"1\" loading=\"lazy\" decoding=\"async\" src=\"https:\/\/i0.wp.com\/www.rdpemancipation.org\/wp-content\/uploads\/2021\/11\/image-7.png?resize=292%2C424&#038;ssl=1\" alt=\"\" class=\"wp-image-55619\" width=\"292\" height=\"424\"\/><\/figure>\n\n\n\n<p><strong>Analyse<\/strong><\/p>\n\n\n\n<p><a href=\"https:\/\/www.francetvinfo.fr\/economie\/emploi\/carriere\/formation\/qu-est-ce-que-le-contrat-d-engagement-jeune-presente-par-emmanuel-macron-et-en-quoi-est-il-moins-ambitieux-qu-annonce-en-juillet_4830031.html\">Le Contrat d&rsquo;engagement jeune pr\u00e9sent\u00e9 par Macron moins ambitieux qu&rsquo;annonc\u00e9 en juillet ?<\/a> (France Info)<\/p>\n\n\n\n<figure class=\"wp-block-image is-resized is-style-default\"><img data-recalc-dims=\"1\" loading=\"lazy\" decoding=\"async\" src=\"https:\/\/i0.wp.com\/static.mediapart.fr\/etmagine\/default\/files\/2021\/02\/02\/emploi.jpg?resize=366%2C366&#038;ssl=1\" alt=\"emploi\" width=\"366\" height=\"366\"\/><\/figure>\n\n\n\n<p><strong> <a href=\"https:\/\/www.humanite.fr\/precarite-les-etudiants-nen-peuvent-plus-davoir-faim-726094\">Pr\u00e9carit\u00e9&nbsp;:&nbsp; les \u00e9tudiants n\u2019en peuvent plus d\u2019avoir faim-<\/a> (L\u2019Humanit\u00e9)<\/strong><\/p>\n\n\n\n<p><a href=\"https:\/\/blogs.mediapart.fr\/158568\/blog\/291021\/cas-decole-lhistoire-de-dinah\">Cas d&rsquo;\u00e9cole &#8211; L&rsquo;histoire de Dinah <\/a>-Remedium<\/p>\n\n\n\n<figure class=\"wp-block-image is-resized is-style-default\"><img data-recalc-dims=\"1\" loading=\"lazy\" decoding=\"async\" src=\"https:\/\/i0.wp.com\/static.mediapart.fr\/etmagine\/portfolio\/files\/portfolios\/158568\/617c1b594c803.jpg?resize=369%2C369&#038;ssl=1\" alt=\"\" width=\"369\" height=\"369\"\/><\/figure>\n\n\n\n<p>&nbsp;<strong> <\/strong><\/p>\n\n\n\n<p><strong><span style=\"color:#e90a15\" class=\"has-inline-color\">2 Novembre en continu<\/span><\/strong><\/p>\n\n\n\n<p><strong><a href=\"https:\/\/www.facebook.com\/cerveauxnondisponibles\/videos\/565922141170666\/\">D\u00e9bat en direct depuis l&rsquo;occupation des sans-facs !<\/a> (vid\u00e9o Cerveaux non disponibles)<\/strong><\/p>\n\n\n\n<figure class=\"wp-block-image is-resized is-style-default\"><img loading=\"lazy\" decoding=\"async\" src=\"https:\/\/scontent.fhex4-2.fna.fbcdn.net\/v\/t1.6435-9\/p526x296\/251559766_2708787129415247_1347517304446971243_n.jpg?_nc_cat=108&amp;_nc_rgb565=1&amp;ccb=1-5&amp;_nc_sid=a26aad&amp;_nc_eui2=AeFdKzav36LGcjCOJYhngS6TEWcgjY6anJIRZyCNjpqcku_59Fif6JUOI6tVrqW2S78&amp;_nc_ohc=CeraCMhfdG0AX-jCpSP&amp;_nc_ht=scontent.fhex4-2.fna&amp;oh=ad251e7dccda85b3a5049bf365aae469&amp;oe=61A75166\" alt=\"Peut \u00eatre une image de une personne ou plus et texte\" width=\"429\" height=\"429\"\/><\/figure>\n\n\n\n<p><a href=\"https:\/\/dijoncter.info\/baisse-des-capacites-d-accueil-a-l-universite-de-bourgogne-une-fausse-bonne-3182\">Baisse des capacit\u00e9s d&rsquo;accueil \u00e0 l&rsquo;Universit\u00e9 de Bourgogne : une fausse solution<\/a> (Mutu)<\/p>\n\n\n\n<p><a href=\"https:\/\/aoc.media\/opinion\/2021\/10\/28\/pour-un-enseignement-de-la-transition-ecologique\/\">Pour un enseignement de la transition \u00e9cologique<\/a> (AOC)<\/p>\n\n\n\n<p> <a href=\"http:\/\/www.cafepedagogique.net\/lexpresso\/Pages\/2021\/10\/29102021Article637710951281648234.aspx\">Laurence de Cock&nbsp;: Pour une \u00e9cole de l\u2019\u00e9mancipation<\/a>&nbsp; (Caf\u00e9 p\u00e9dagogique) <\/p>\n\n\n\n<figure class=\"wp-block-image is-resized is-style-default\"><img data-recalc-dims=\"1\" loading=\"lazy\" decoding=\"async\" src=\"https:\/\/i0.wp.com\/static.mediapart.fr\/etmagine\/default\/files\/2020\/10\/26\/blanquer-surfant-sur-lislamogauchisme-allegorie.jpg?resize=352%2C352&#038;ssl=1\" alt=\" \u00a9 Remedium\" width=\"352\" height=\"352\" title=\" \u00a9 Remedium\"\/><\/figure>\n\n\n\n<p><a href=\"https:\/\/blogs.mediapart.fr\/philippe-champy\/blog\/301021\/l-ecole-et-la-republique-des-chefs-1-le-fiasco-de-la-troisieme-voie\">L\u2019\u00e9cole et la R\u00e9publique des chefs 1&nbsp;: le fiasco de la troisi\u00e8me voie<\/a> (Philippe Champy, Blog M\u00e9diapart)<\/p>\n\n\n\n<p><a href=\"https:\/\/blogs.mediapart.fr\/georges-andre\/blog\/281021\/les-enjeux-multiples-de-la-scolarisation-des-enfants-en-situation-de-handicap-6\">Les enjeux multiples de la scolarisation des enfants en situation de handicap-6<\/a> -Georges-Andr\u00e9<\/p>\n\n\n\n<p><a href=\"https:\/\/www.francetvinfo.fr\/replay-radio\/question-de-societe\/le-droit-de-vote-a-16-ans-on-pourrait-peut-etre-passer-par-un-vote-aux-elections-locales-comme-premier-entrainement-a-la-reflexion-democratique-jean-viard_4810723.html\">Droit de vote \u00e0 16 ans en commen\u00e7ant par un vote aux \u00e9lections locales (Jean Viard)_<\/a>&nbsp; (Francetvinfo)<\/p>\n\n\n\n<p><a href=\"https:\/\/www.monde-diplomatique.fr\/cartes\/smartphone-tableau\">Le smartphone d\u00e9voreur de mati\u00e8res premi\u00e8res-<\/a> <a><span class=\"has-inline-color has-contrast-color\">(Le Monde diplomatique)<\/span><\/a><\/p>\n\n\n\n<p><span style=\"color:#a30500\" class=\"has-inline-color\"><strong>1er novembre<\/strong><\/span><\/p>\n\n\n\n<p><strong>Derni\u00e8re- <a href=\"https:\/\/www.facebook.com\/cerveauxnondisponibles\/videos\/565922141170666\/\">D\u00e9bat en direct depuis l&rsquo;occupation des sans-facs !<\/a> (vid\u00e9o Cerveaux non disponibles)<\/strong><\/p>\n\n\n\n<figure class=\"wp-block-image is-resized is-style-default\"><img loading=\"lazy\" decoding=\"async\" src=\"https:\/\/scontent.fhex4-2.fna.fbcdn.net\/v\/t39.30808-6\/250732322_4520055958093254_1522458171255390098_n.jpg?_nc_cat=107&amp;_nc_rgb565=1&amp;ccb=1-5&amp;_nc_sid=dbeb18&amp;_nc_eui2=AeFP3yol_2qPHQrHuSgWJeBRFyx8qQWQg9QXLHypBZCD1C1S3rFT6TGeplB33W5KgPI&amp;_nc_ohc=SMbW3i-9D0QAX-Od1Pu&amp;_nc_ht=scontent.fhex4-2.fna&amp;oh=f1d37e24dc19ea1df9d1a69500710d78&amp;oe=61845426\" alt=\"Peut \u00eatre une image de 1 personne et texte\" width=\"413\" height=\"413\"\/><\/figure>\n\n\n\n<p><strong><a href=\"https:\/\/blogs.mediapart.fr\/jean-marc-b\/blog\/011121\/foule-de-soutiens-aux-sans-fac-au-rassemblement-ce-lundi-0\">Foule de soutiens aux sans fac au rassemblement ce lundi<\/a> <\/strong>(Unef Tacle)<\/p>\n\n\n\n<p><strong><a href=\"https:\/\/www.facebook.com\/cerveauxnondisponibles\/videos\/912425976063166\/\">En direct depuis l\u2019occupation des sans-facs de Nanterre !<\/a> -vid\u00e9o<\/strong><\/p>\n\n\n\n<p><a href=\"https:\/\/blogs.mediapart.fr\/jean-marc-b\/blog\/311021\/un-deferlement-de-soutiens-aux-sans-fac-inverse-le-rapport-de-force\">Un d\u00e9ferlement de soutiens aux sans fac inverse le rapport de force <\/a>(Unef Tacle)<\/p>\n\n\n\n<figure class=\"wp-block-image is-resized is-style-default\"><img loading=\"lazy\" decoding=\"async\" src=\"https:\/\/scontent.fhex4-2.fna.fbcdn.net\/v\/t1.6435-9\/p600x600\/248888270_2702995439994416_1031376432253742076_n.jpg?_nc_cat=103&amp;ccb=1-5&amp;_nc_sid=e3f864&amp;_nc_eui2=AeG53TUR-BalIb_5mIExdFiukZsFldx6ORmRmwWV3Ho5GcJaQov-U86Y6f1wOtBm4BQ&amp;_nc_ohc=2yu8WFFwnfQAX-acJZs&amp;_nc_oc=AQlV0ocyt-cHmi3khFx9xIIsU34RudOs6GsCgjWwRISo9SB0VPgF57xWJTHcMepM9Eg&amp;_nc_ht=scontent.fhex4-2.fna&amp;oh=246ebd80ce26e5dfed76a9d468bf7582&amp;oe=61A20912\" alt=\"\" width=\"510\" height=\"319\"\/><\/figure>\n\n\n\n<p><\/p>\n\n\n\n<p><a href=\"https:\/\/www.capital.fr\/economie-politique\/3-questions-a-magali-dumas-responsable-des-fondations-abritees-par-apprentis-dauteuil-1417291\">3 questions \u00e0 Magali Dumas responsable des fondations abrit\u00e9es par Apprentis-d\u2019Auteuil-<\/a> (Capital)<a href=\"https:\/\/blogs.mediapart.fr\/georges-andre\/blog\/281021\/les-enjeux-multiples-de-la-scolarisation-des-enfants-en-situation-de-handicap-6\"><\/a><\/p>\n\n\n\n<p><a href=\"https:\/\/www.francetvinfo.fr\/replay-radio\/c-est-mon-boulot\/teletravail-la-maitrise-du-francais-devient-un-critere-predominant_4802485.html\">C\u2019est mon boulot&nbsp;: t\u00e9l\u00e9travail: la maitrise du fran\u00e7ais devient un crit\u00e8re pr\u00e9dominant_<\/a> (Francetvinfo) Radio<\/p>\n\n\n\n<p><a href=\"https:\/\/blogs.mediapart.fr\/georges-andre\/blog\/311021\/velorution-clermontoise-sur-fond-de-victimes-cyclistes-et-pietonnes\">V\u00e9lorution clermontoise sur fond de victimes cyclistes et pi\u00e9tonnes<\/a> (Georges-Andr\u00e9 ,Blog M\u00e9diapart)<\/p>\n\n\n\n<p><a href=\"https:\/\/blogs.mediapart.fr\/monkeyman\/blog\/010921\/humour-toujours-plus-la-croissance-des-decescyclistes-repart\">Humour&nbsp;:&nbsp;\u2018\u2019Toujours plus \u2018\u2019&nbsp;: la croissance des d\u00e9c\u00e8s cyclistes repart&nbsp;!<\/a> (Monkeyman Blog M\u00e9diapart)<\/p>\n\n\n\n<p><a href=\"http:\/\/www.cafepedagogique.net\/lexpresso\/Pages\/2021\/10\/29102021Article637710951208366515.aspx\">L\u2019expresso\/4 questions \u00e0 S\u00e9bastien Planchenault -Article<\/a> (Caf\u00e9 p\u00e9dagogique)<\/p>\n\n\n\n<p><a href=\"https:\/\/www.youtube.com\/watch?v=-0EAoG5gAVo\">H\u00f4pital public&nbsp;: La grande col\u00e8re <\/a>&nbsp;(Le M\u00e9dia) Vid\u00e9o<\/p>\n\n\n\n<p><strong>Analyse<\/strong><\/p>\n\n\n\n<p><a href=\"https:\/\/blogs.mediapart.fr\/faceauxverrous\/blog\/291021\/lecole-de-la-republique-vraiment\">L&rsquo;\u00e9cole de la R\u00e9publique, vraiment ? <\/a>-Face aux verrous&nbsp;<\/p>\n\n\n\n<p><\/p>\n\n\n\n<p><strong><a href=\"https:\/\/www.questionsdeclasses.org\/apprendre-a-desobeir-petite\/\" title=\"https:\/\/www.questionsdeclasses.org\/apprendre-a-desobeir-petite\/\">Apprendre \u00e0 d\u00e9sob\u00e9ir&nbsp;:&nbsp; Petite histoire de l\u2019\u00e9cole qui r\u00e9siste (<\/a>Questions de classes<a href=\"https:\/\/www.questionsdeclasses.org\/apprendre-a-desobeir-petite\/\" title=\"https:\/\/www.questionsdeclasses.org\/apprendre-a-desobeir-petite\/\">)<\/a><\/strong><\/p>\n","protected":false},"excerpt":{"rendered":"<p>1er D\u00e9cembre en continu Parents, vos enfants ont besoin de vous, il est temps d&rsquo;agir !! Covid-19: Jean-Michel Blanquer pr\u00e9pare l\u2019\u00e9cole au choc de la vague Omicron (Le Figaro) \u00c9tudier en prison aide \u00e0 sortir des circuits de d\u00e9linquance (The Conversation) Colloque&nbsp;: Scolarit\u00e9 obligatoire (Caf\u00e9 p\u00e9dagogique) Sentiments et sexualit\u00e9s&nbsp;: Comment certaines s\u00e9ries Netflix parlent de &#8230; <a title=\"Novembre &#8211; Jeunesse\/Education\" class=\"read-more\" href=\"https:\/\/www.rdpemancipation.org\/?p=55215\" aria-label=\"En savoir plus sur Novembre &#8211; Jeunesse\/Education\">Lire la suite<\/a><\/p>\n","protected":false},"author":1,"featured_media":0,"comment_status":"closed","ping_status":"closed","sticky":false,"template":"","format":"standard","meta":{"_lmt_disableupdate":"no","_lmt_disable":"no","_jetpack_memberships_contains_paid_content":false,"footnotes":""},"categories":[15],"tags":[],"class_list":["post-55215","post","type-post","status-publish","format-standard","hentry","category-jeunesse-education"],"modified_by":"ype","jetpack_featured_media_url":"","jetpack_sharing_enabled":true,"_links":{"self":[{"href":"https:\/\/www.rdpemancipation.org\/index.php?rest_route=\/wp\/v2\/posts\/55215","targetHints":{"allow":["GET"]}}],"collection":[{"href":"https:\/\/www.rdpemancipation.org\/index.php?rest_route=\/wp\/v2\/posts"}],"about":[{"href":"https:\/\/www.rdpemancipation.org\/index.php?rest_route=\/wp\/v2\/types\/post"}],"author":[{"embeddable":true,"href":"https:\/\/www.rdpemancipation.org\/index.php?rest_route=\/wp\/v2\/users\/1"}],"replies":[{"embeddable":true,"href":"https:\/\/www.rdpemancipation.org\/index.php?rest_route=%2Fwp%2Fv2%2Fcomments&post=55215"}],"version-history":[{"count":193,"href":"https:\/\/www.rdpemancipation.org\/index.php?rest_route=\/wp\/v2\/posts\/55215\/revisions"}],"predecessor-version":[{"id":64035,"href":"https:\/\/www.rdpemancipation.org\/index.php?rest_route=\/wp\/v2\/posts\/55215\/revisions\/64035"}],"wp:attachment":[{"href":"https:\/\/www.rdpemancipation.org\/index.php?rest_route=%2Fwp%2Fv2%2Fmedia&parent=55215"}],"wp:term":[{"taxonomy":"category","embeddable":true,"href":"https:\/\/www.rdpemancipation.org\/index.php?rest_route=%2Fwp%2Fv2%2Fcategories&post=55215"},{"taxonomy":"post_tag","embeddable":true,"href":"https:\/\/www.rdpemancipation.org\/index.php?rest_route=%2Fwp%2Fv2%2Ftags&post=55215"}],"curies":[{"name":"wp","href":"https:\/\/api.w.org\/{rel}","templated":true}]}}