{"id":55213,"date":"2021-11-01T09:24:01","date_gmt":"2021-11-01T08:24:01","guid":{"rendered":"https:\/\/www.rdpemancipation.org\/?p=55213"},"modified":"2021-12-01T02:27:39","modified_gmt":"2021-12-01T01:27:39","slug":"novembre-sante","status":"publish","type":"post","link":"https:\/\/www.rdpemancipation.org\/?p=55213","title":{"rendered":"Novembre &#8211; Sant\u00e9"},"content":{"rendered":"\n<p><strong><span style=\"color:#d50e28\" class=\"has-inline-color\">1<sup>er<\/sup> D\u00e9cembre en continu<\/span><\/strong><\/p>\n\n\n\n<p><strong><a href=\"https:\/\/www.humanite.fr\/covid-19-omicron-le-variant-qui-fait-trembler-la-planete-729156\">Omicron, le variant qui fait trembler la plan\u00e8te-<\/a><\/strong>(L\u2019Humanit\u00e9)<strong><\/strong><\/p>\n\n\n\n<p><a href=\"https:\/\/www.20minutes.fr\/sante\/3185755-20211130-coronavirus-faut-reduire-contacts-sociaux-maintenant\">Faut-il r\u00e9duire ses contacts sociaux d\u00e8s maintenant&nbsp;?<\/a> (20Minutes)<\/p>\n\n\n\n<p><a href=\"https:\/\/www.20minutes.fr\/sante\/3185955-20211130-variant-omicron-oms-demande-etats-membres-adopter-riposte-rationnelle\">&nbsp;Omicron&nbsp;: L\u2019OMS demande aux \u00c9tats membres d\u2019adopter une riposte rationnelle<\/a> (20Minutes)<\/p>\n\n\n\n<figure class=\"wp-block-image size-full is-resized\"><img data-recalc-dims=\"1\" loading=\"lazy\" decoding=\"async\" src=\"https:\/\/i0.wp.com\/www.rdpemancipation.org\/wp-content\/uploads\/2021\/12\/image-2.png?resize=364%2C349&#038;ssl=1\" alt=\"\" class=\"wp-image-59776\" width=\"364\" height=\"349\" srcset=\"https:\/\/i0.wp.com\/www.rdpemancipation.org\/wp-content\/uploads\/2021\/12\/image-2.png?w=463&amp;ssl=1 463w, https:\/\/i0.wp.com\/www.rdpemancipation.org\/wp-content\/uploads\/2021\/12\/image-2.png?resize=300%2C288&amp;ssl=1 300w\" sizes=\"auto, (max-width: 364px) 100vw, 364px\" \/><\/figure>\n\n\n\n<p><strong><a href=\"https:\/\/www.msn.com\/fr-fr\/actualite\/france\/omicron-pourquoi-la-france-a-t-elle-du-retard-dans-la-d%C3%A9tection-de-nouveaux-variants\/ar-AARiA2r?cvid=9ca3e48c756a4e74baeaa63b24b35fdb&amp;ocid=winp1taskbar\">Omicron: pourquoi la France a-t-elle du retard dans la d\u00e9tection de nouveaux variants? <\/a>&nbsp;(BFMTV)<\/strong><\/p>\n\n\n\n<p><a href=\"http:\/\/www.cafepedagogique.net\/lexpresso\/Pages\/2021\/11\/29112021Article637737668185855960.aspx\">Deux fois plus d\u2019\u00e9l\u00e8ves contamin\u00e9s en 1 semaine<\/a> (Caf\u00e9 p\u00e9dagogique)<\/p>\n\n\n\n<p><a href=\"https:\/\/www.humanite.fr\/covid-la-vaccination-des-5-11-ans-fragiles-recommandee-729405\">La vaccination des 5-11 ans fragiles recommand\u00e9e-<\/a> (L\u2019Humanit\u00e9)<\/p>\n\n\n\n<p><a href=\"https:\/\/www.francesoir.fr\/videos-les-debriefings\/bernard-la-scola\">Les debriefings: Pr La Scola&nbsp;: Plaisir de \u00ab&nbsp;tout faire&nbsp;\u00bb\u00e0 l\u2019IHU et limites de la vaccination<\/a> (FranceSoir)<\/p>\n\n\n\n<p><a href=\"https:\/\/www.agoravox.fr\/tribune-libre\/article\/des-australiens-ingrats-sont-237522\">Australiens vaccin\u00e9s ingrats m\u00e9contents des effets secondaires-<\/a> (AgoraVox)<em><\/em><\/p>\n\n\n\n<p><a href=\"https:\/\/www.humanite.fr\/il-y-urgence-le-billet-du-dr-christophe-prudhomme-irrespect-729304\">Il y a urgence&nbsp;! Le billet du Dr Christophe Prudhomme. Irrespect-<\/a>(L\u2019Humanit\u00e9)<a href=\"http:\/\/www.cafepedagogique.net\/lexpresso\/Pages\/2021\/11\/30112021Article637738524926780087.aspx\">Snuipp Fsu demande retour \u00e0 fermeture au 1<sup>er<\/sup> cas<\/a> (Caf\u00e9 p\u00e9dagogique)<\/p>\n\n\n\n<p><strong>Autre<\/strong><\/p>\n\n\n\n<p><a href=\"https:\/\/www.humanite.fr\/sante-vaccin-contre-le-sida-pourquoi-la-recherche-patine-729354\">Vaccin contre le SIDA&nbsp;: pourquoi la recherche patine&nbsp;?-<\/a> (L\u2019Humanit\u00e9)<\/p>\n\n\n\n<p><strong>Analyse<\/strong><\/p>\n\n\n\n<p><a href=\"https:\/\/www.agoravox.fr\/tribune-libre\/article\/dictature-du-pass-il-n-y-aura-pas-237529\">Dictature du passe: il n\u2019y aura pas de marche arri\u00e8re-<\/a> (AgoraVox)<\/p>\n\n\n\n<p><strong><a href=\"https:\/\/legrandcontinent.eu\/fr\/2021\/01\/26\/geopolitique-vaccin-europe\/\">G\u00e9opolitiques du vaccin en Europe<\/a>&nbsp; (Grand Continent)<\/strong><\/p>\n\n\n\n<p><a href=\"https:\/\/www.francetvinfo.fr\/sante\/maladie\/coronavirus\/infographies-covid-19-morts-hospitalisations-age-malades-l-evolution-de-l-epidemie-en-france-et-dans-le-monde-en-cartes-et-graphiques.html\"><strong>Suivez l\u2019\u00e9volution de l\u2019\u00e9pid\u00e9mie en France et dans le monde&nbsp;<\/strong><\/a><strong>(France info)<\/strong><\/p>\n\n\n\n<p><a href=\"https:\/\/covid19.healthdata.org\/france\">Projections par pays contaminations et morts Covid-19<\/a>&nbsp;(anglais, IHME)<\/p>\n\n\n\n<p><a href=\"https:\/\/wgntv.com\/news\/coronavirus\/johns-hopkins-offers-live-interactive-map-of-global-coronavirus-cases\/\">En continu carte et chiffres d\u00e9taill\u00e9s sur la Pand\u00e9mie&nbsp;<\/a>&nbsp;(anglais, John Hopkins University)<\/p>\n\n\n\n<p><a href=\"https:\/\/www.ft.com\/coronavirus-latest\">En continu graphiques et cartes sur la Pand\u00e9mie<\/a>&nbsp;(anglais, Financial Times)<\/p>\n\n\n\n<p><strong><span style=\"color:#d40d14\" class=\"has-inline-color\">30 Novembre en continu<\/span><\/strong><\/p>\n\n\n\n<p><strong>Covid<\/strong><\/p>\n\n\n\n<p><a href=\"https:\/\/www.msn.com\/fr-fr\/lifestyle\/bien-etre\/variant-omicron-les-vaccins-sont-ils-toujours-efficaces\/ar-AARgBhZ?cvid=ff30f66c998c49b7f7eb601d304a4aa7&amp;ocid=winp1taskbar\">Variant Omicron : les vaccins sont-ils toujours efficaces ?<\/a> (M\u00e9disite)<\/p>\n\n\n\n<p><a href=\"https:\/\/www.20minutes.fr\/sante\/3185155-20211129-coronavirus-planete-raison-ceder-panique-face-variant-omicron\">Coronavirus&nbsp;: La plan\u00e8te a-t-elle raison de c\u00e9der \u00e0 la panique face au variant Omicron&nbsp;?<span class=\"has-inline-color has-contrast-color\"> (20minutes.fr)<\/span><\/a><\/p>\n\n\n\n<p><a href=\"https:\/\/www.msn.com\/fr-fr\/lifestyle\/bien-etre\/la-1%C3%A8re-image-d-omicron-montre-bien-plus-de-mutations-que-sur-delta\/ar-AARebGf?cvid=d68574cf23fb4a98f286953b8f11d24c&amp;ocid=winp1taskbar\">La 1\u00e8re \u00ab\u00a0image\u00a0\u00bb d&rsquo;Omicron montre bien plus de mutations que sur Delta <\/a>( AFP)<\/p>\n\n\n\n<p><a href=\"https:\/\/www.revolutionpermanente.fr\/Variant-Omicron-l-urgence-de-levee-immediate-des-brevets-expropriation-des-Big-pharma\"><strong>Variant <\/strong><\/a><strong><a href=\"https:\/\/www.revolutionpermanente.fr\/Variant-Omicron-l-urgence-de-levee-immediate-des-brevets-expropriation-des-Big-pharma\">Omicron&nbsp;: il faut lever les brevets de fa\u00e7on urgente et exproprier les Big Pharma&nbsp;!<\/a> (RP)<\/strong><\/p>\n\n\n\n<p><strong><a href=\"https:\/\/www.youtube.com\/watch?v=2g4XVOINLGc\">Nouveau variant, nouveau vaccin&nbsp;?<\/a> ( Draw my economy)<\/strong><\/p>\n\n\n\n<p><a href=\"https:\/\/lecourrierdesstrateges.fr\/2021\/11\/28\/freres-vaccines-qui-apres-nous-ne-vivrez-pas\/\">Fr\u00e8res vaccin\u00e9s qui apr\u00e8s nous ne vivrez pas\/<\/a> (Courrier des Strat\u00e8ges)<\/p>\n\n\n\n<p><a href=\"https:\/\/www.midilibre.fr\/2021\/11\/27\/dites-a-vos-copains-non-vaccines-quils-commencent-a-nous-saouler-la-pique-de-patrick-bruel-a-bruxelles-9955886.php\">Patrick Bruel&nbsp;: Dites \u00e0 vos copains non vaccin\u00e9s qu\u2019ils commencent \u00e0 nous saouler <\/a>&nbsp;(Midi Libre)<\/p>\n\n\n\n<p><strong><a href=\"https:\/\/www.laselectiondujour.com\/index.php?143477&amp;lsdj=334920\">Antilles&nbsp;: Un incendie allum\u00e9 par l\u2019obligation vaccinale<\/a> (LSDJ)<\/strong><\/p>\n\n\n\n<p><a href=\"https:\/\/lecourrierdesstrateges.fr\/2021\/11\/26\/pfizer-accuse-une-employee-davoir-vole-des-fichiers-confidentiels-sur-le-vaccin\/\">Pfizer accuse une employ\u00e9e d\u2019avoir vol\u00e9 des fichiers confidentiels sur le vaccin\/<\/a> (Courrier des Strat\u00e8ges)<\/p>\n\n\n\n<p><a href=\"https:\/\/www.laselectiondujour.com\/lautomne-de-pfizer-nxx\/\">L\u2019automne de Pfizer<\/a> (LSDJ)<\/p>\n\n\n\n<p><a href=\"https:\/\/lecourrierdesstrateges.fr\/2021\/11\/29\/Un-hopital-devra-indemniser-deux-soignantes-non-vaccinees-suspendues\/\">Un h\u00f4pital devra indemniser deux soignantes non vaccin\u00e9es suspendues<\/a> (Courrier des Strat\u00e8ges)<\/p>\n\n\n\n<p><strong>Autre<\/strong><\/p>\n\n\n\n<p><strong><a href=\"https:\/\/www.francetvinfo.fr\/economie\/emploi\/metiers\/agriculture\/scandale-du-chlordecone-le-cancer-de-la-prostate-reconnu-comme-maladie-professionnelle-avant-la-fin-de-l-annee_4862281.html\">Chlord\u00e9cone: cancer prostate sera reconnu maladie professionnelle \u00ab\u00a0avant fin de l&rsquo;ann\u00e9e\u00a0\u00bb<\/a> (France Info)<\/strong><\/p>\n\n\n\n<p><a href=\"https:\/\/www.mediapart.fr\/journal\/france\/291121\/handicap-des-militants-l-assaut-de-l-oppression-validiste?utm_source=20211129&amp;utm_medium=email&amp;utm_campaign=QUOTIDIENNE&amp;utm_content=&amp;utm_term=&amp;xtor=EREC-83-%5bQUOTIDIENNE%5d-20211129&amp;M_BT=2691799753699\">Handicap: des-militants l\u2019assaut de l\u2019oppression validiste<\/a> (M\u00e9diapart)<\/p>\n\n\n\n<p><a href=\"https:\/\/www.msn.com\/fr-fr\/lifestyle\/trucs-et-astuces\/le-cerveau-humain-r%C3%A9tr%C3%A9cit-depuis-trois-mill%C3%A9naires-et-l-on-pense-enfin-savoir-pourquoi\/ar-AARgHtL?ocid=winp1taskbar\">Le cerveau humain r\u00e9tr\u00e9cit depuis trois mill\u00e9naires, et l\u2019on pense enfin savoir pourquoi <\/a>(Ouest-France)<\/p>\n\n\n\n<p><strong>Analyse<\/strong><\/p>\n\n\n\n<p><a href=\"https:\/\/theconversation.com\/omicron-comment-ce-nouveau-variant-du-sars-cov-2-a-t-il-ete-identifie-et-que-sait-on-de-lui-172745\">Omicron : comment ce nouveau variant a-t-il \u00e9t\u00e9 identifi\u00e9, et que sait-on de lui ?<\/a> (The Conversation)&nbsp;<\/p>\n\n\n\n<p><a href=\"https:\/\/theconversation.com\/pour-arreter-le-variant-omicron-fermer-les-frontieres-nest-pas-la-solution-172746\">Pour arr\u00eater le variant Omicron, fermer les fronti\u00e8res n\u2019est pas la solution<\/a> (The Conversation)<\/p>\n\n\n\n<p><a href=\"https:\/\/www.liberation.fr\/checknews\/pourquoi-la-mortalite-infantile-augmente-t-elle-en-france-20211124_AHG7R765QNEYDORI4WZPSGOA3M\/\">Pourquoi la mortalit\u00e9 infantile augmente-t-elle en France&nbsp;?<\/a> (Lib\u00e9ration.fr)<\/p>\n\n\n\n<p><a href=\"https:\/\/legrandcontinent.eu\/fr\/2021\/01\/06\/10-points-sur-la-mutation-du-virus\/\">10 points sur la mutation d\u2019un virus (Janvier 2021)<\/a> (Grand Continent)<\/p>\n\n\n\n<p><a href=\"https:\/\/www.francetvinfo.fr\/sante\/maladie\/coronavirus\/infographies-covid-19-morts-hospitalisations-age-malades-l-evolution-de-l-epidemie-en-france-et-dans-le-monde-en-cartes-et-graphiques.html\"><strong>Suivez l\u2019\u00e9volution de l\u2019\u00e9pid\u00e9mie en France et dans le monde&nbsp;<\/strong><\/a><strong>(France info)<\/strong><\/p>\n\n\n\n<p><a href=\"https:\/\/covid19.healthdata.org\/france\">Projections par pays contaminations et morts Covid-19<\/a>&nbsp;(anglais, IHME)<\/p>\n\n\n\n<p><a href=\"https:\/\/wgntv.com\/news\/coronavirus\/johns-hopkins-offers-live-interactive-map-of-global-coronavirus-cases\/\">En continu carte et chiffres d\u00e9taill\u00e9s sur la Pand\u00e9mie&nbsp;<\/a>&nbsp;(anglais, John Hopkins University)<\/p>\n\n\n\n<p><a href=\"https:\/\/www.ft.com\/coronavirus-latest\">En continu graphiques et cartes sur la Pand\u00e9mie<\/a>&nbsp;(anglais, Financial Times)<\/p>\n\n\n\n<p><span style=\"color:#d9102b\" class=\"has-inline-color\"><strong>29 Novembre en continu<\/strong><\/span><\/p>\n\n\n\n<p><strong>Covid<\/strong><\/p>\n\n\n\n<p><strong><a href=\"https:\/\/www.msn.com\/fr-fr\/lifestyle\/bien-etre\/contagion-r%C3%A9sistance-aux-vaccins-ce-que-l-on-sait-du-nouveau-variant-omicron\/ar-AARcxcW?cvid=81ca5ec21ccb4e40e20d0871dc644b79&amp;ocid=winp1taskbar\">Contagion, r\u00e9sistance aux vaccins&#8230; Ce que l&rsquo;on sait du nouveau variant Omicron<\/a> (Europe)<\/strong><\/p>\n\n\n\n<p><a href=\"https:\/\/www.msn.com\/fr-fr\/actualite\/monde\/pourquoi-l-oms-est-elle-d%C3%A9favorable-%C3%A0-la-g%C3%A9n%C3%A9ralisation-de-la-troisi%C3%A8me-dose-de-vaccin-anti-covid\/ar-AARemU7?cvid=cda111a1aeae41fde005df98788df484&amp;ocid=winp1taskbar\"><strong>Pourquoi l\u2019OMS<\/strong><\/a><strong><a href=\"https:\/\/www.msn.com\/fr-fr\/actualite\/monde\/pourquoi-l-oms-est-elle-d%C3%A9favorable-%C3%A0-la-g%C3%A9n%C3%A9ralisation-de-la-troisi%C3%A8me-dose-de-vaccin-anti-covid\/ar-AARemU7?cvid=cda111a1aeae41fde005df98788df484&amp;ocid=winp1taskbar\"> est-elle d\u00e9favorable \u00e0 la g\u00e9n\u00e9ralisation de la troisi\u00e8me dose de vaccin anti-Covid ? <\/a>&nbsp;(Lib\u00e9ration)<\/strong><\/p>\n\n\n\n<p><a href=\"https:\/\/www.20minutes.fr\/sante\/3182843-20211126-vaccination-ong-veulent-poursuivre-justice-pays-bloquant-levee-brevets\">ONG veulent poursuivre en justice les pays bloquant la lev\u00e9e des brevets<\/a> (20Minutes)<\/p>\n\n\n\n<p><a href=\"https:\/\/www.msn.com\/fr-fr\/actualite\/other\/variant-omicron-les-patients-souffrent-de-sympt%C3%B4mes-l%C3%A9gers-pour-l-instant-selon-une-m%C3%A9decin\/ar-AARe7bn?cvid=9bbe3402312a485aa058a9bed037d9ff&amp;ocid=winp1taskbar\">Variant Omicron : les patients souffrent de \u00ab sympt\u00f4mes l\u00e9gers \u00bb pour l\u2019instant, selon une m\u00e9decin <\/a>&nbsp;(Ouest-France)<\/p>\n\n\n\n<p><a href=\"https:\/\/www.la-croix.com\/Economie\/Omicron-nouveau-variant-inquiete-2021-11-27-1201187301?utm_source=newsletterp&amp;utm_medium=email&amp;utm_campaign=welcome_media&amp;utm_content=20211128\">Omicron nouveau variant inqui\u00e8te<\/a> (La Croix)<\/p>\n\n\n\n<p><strong><a href=\"https:\/\/www.youtube.com\/watch?v=M_kYVUiYJAw\">3\u00e8 dose pour tous, passe durci, pressions sur les non vaccin\u00e9s<\/a> (Draw my economy)<\/strong><\/p>\n\n\n\n<p><a href=\"https:\/\/actu.femmeactuelle.fr\/sante\/news-sante\/covid-19-enfin-une-bonne-nouvelle-concernant-les-masques-2123813#utm_source=welcoming&amp;utm_medium=cpc&amp;utm_campaign=pmo_srg_article&amp;part\">Covid-19&nbsp;: enfin une bonne nouvelle concernant les masques<\/a>&nbsp; (Femme actuelle)<\/p>\n\n\n\n<p><a href=\"http:\/\/www.cafepedagogique.net\/lexpresso\/Pages\/2021\/11\/26112021Article637735085301093961.aspx\">Syndicats stup\u00e9fait de la gestion sanitaire de Blanquer<\/a> <em><u>(Caf\u00e9 p\u00e9dagogique)<\/u><\/em><\/p>\n\n\n\n<p><strong><a href=\"https:\/\/sante.journaldesfemmes.fr\/fiches-maladies\/2622115-victime-covid-france-profil-age-plus-jeune-celebre-nombre-bilan-cas-deces\">Victimes covid France&nbsp;: profil, \u00e2ge, jeunes, c\u00e9l\u00e8bres, nombre, bilan, cas de d\u00e9c\u00e8s<\/a> (Journal des femmes)<\/strong><\/p>\n\n\n\n<p><a href=\"https:\/\/www.youtube.com\/watch?v=rhzqAnpb9cA\">Danger cach\u00e9 du coronavirus&nbsp;: strat\u00e9gie du choc <\/a>&nbsp;(D\u00e9coder l\u2019\u00e9co)<\/p>\n\n\n\n<figure class=\"wp-block-image size-full is-style-default\"><img data-recalc-dims=\"1\" loading=\"lazy\" decoding=\"async\" width=\"644\" height=\"479\" src=\"https:\/\/i0.wp.com\/www.rdpemancipation.org\/wp-content\/uploads\/2021\/11\/Capture-decran-2021-11-29-a-07.38.16.png?resize=644%2C479&#038;ssl=1\" alt=\"\" class=\"wp-image-59550\" srcset=\"https:\/\/i0.wp.com\/www.rdpemancipation.org\/wp-content\/uploads\/2021\/11\/Capture-decran-2021-11-29-a-07.38.16.png?w=644&amp;ssl=1 644w, https:\/\/i0.wp.com\/www.rdpemancipation.org\/wp-content\/uploads\/2021\/11\/Capture-decran-2021-11-29-a-07.38.16.png?resize=300%2C223&amp;ssl=1 300w\" sizes=\"auto, (max-width: 644px) 100vw, 644px\" \/><\/figure>\n\n\n\n<p><strong>Analyse<\/strong><\/p>\n\n\n\n<p> <strong><a href=\"https:\/\/aoc.media\/analyse\/2021\/11\/23\/covid-19-la-sante-publique-comme-laboratoire-du-controle-social\">La sant\u00e9 publique comme laboratoire du contr\u00f4le social<\/a> (AOC M\u00e9dia)<\/strong> <\/p>\n\n\n\n<p><a href=\"https:\/\/www.francetvinfo.fr\/sante\/maladie\/coronavirus\/infographies-covid-19-morts-hospitalisations-age-malades-l-evolution-de-l-epidemie-en-france-et-dans-le-monde-en-cartes-et-graphiques.html\"><strong>Suivez l\u2019\u00e9volution de l\u2019\u00e9pid\u00e9mie en France et dans le monde&nbsp;<\/strong><\/a><strong>(France info)<\/strong><\/p>\n\n\n\n<p><a href=\"https:\/\/covid19.healthdata.org\/france\">Projections par pays contaminations et morts Covid-19<\/a>&nbsp;(anglais, IHME)<\/p>\n\n\n\n<p><a href=\"https:\/\/wgntv.com\/news\/coronavirus\/johns-hopkins-offers-live-interactive-map-of-global-coronavirus-cases\/\">En continu carte et chiffres d\u00e9taill\u00e9s sur la Pand\u00e9mie&nbsp;<\/a>&nbsp;(anglais, John Hopkins University)<\/p>\n\n\n\n<p><a href=\"https:\/\/www.ft.com\/coronavirus-latest\">En continu graphiques et cartes sur la Pand\u00e9mie<\/a>&nbsp;(anglais, Financial Times)<\/p>\n\n\n\n<p><strong><span style=\"color:#d01929\" class=\"has-inline-color\">28 Novembre en continu<\/span><\/strong><\/p>\n\n\n\n<p><strong><span style=\"text-decoration: underline;\">Covid<\/span><\/strong><\/p>\n\n\n\n<p><a href=\"https:\/\/www.revolutionpermanente.fr\/Variant-Omicron-l-urgence-de-levee-immediate-des-brevets-expropriation-des-Big-pharma\">Variant Omicron&nbsp;: il faut lever les brevets de fa\u00e7on urgente et exproprier les Big Pharma&nbsp;!<\/a> (RP)<\/p>\n\n\n\n<figure class=\"wp-block-image is-resized is-style-default\"><img data-recalc-dims=\"1\" loading=\"lazy\" decoding=\"async\" src=\"https:\/\/i0.wp.com\/www.revolutionpermanente.fr\/local\/cache-vignettes\/L653xH368\/arton26825-19be7.jpg?resize=499%2C281&#038;ssl=1\" alt=\"\" width=\"499\" height=\"281\"\/><\/figure>\n\n\n\n<p> <strong><a href=\"https:\/\/www.mediapart.fr\/journal\/international\/261121\/covid-19-le-nouveau-variant-omicron-identifie-en-afrique-australe-deja-repere-en-europe\">Covid-19: le nouveau variant Omicron, identifi\u00e9 en Afrique australe, d\u00e9j\u00e0 rep\u00e9r\u00e9 en Europe<\/a> (MDP)<\/strong> <\/p>\n\n\n\n<p><a href=\"https:\/\/www.20minutes.fr\/sante\/3181811-20211125-coronavirus-nouveau-variant-detecte-afrique-sud?xtor=EPR-212\">Nouveau variant d\u00e9tect\u00e9 en Afrique du Sud<\/a> ( 20Minutes)<\/p>\n\n\n\n<p><a href=\"https:\/\/www.msn.com\/fr-fr\/video\/actualite\/nouveau-variant-l-oms-d%C3%A9conseille-de-prendre-des-mesures-de-restriction-de-voyage\/vi-AARaBhT?cvid=4140457a62674cf4a9f0d70478378a00&amp;ocid=winp1taskbar\">Nouveau variant&nbsp;: OMS d\u00e9conseille de prendre des mesures de restriction de voyage<\/a> (Le Figaro) Vid\u00e9o<\/p>\n\n\n\n<p><a href=\"https:\/\/www.20minutes.fr\/sante\/3183659-20211127-coronavirus-face-variant-omicron-france-impose-isolement-cas-contact-vaccines\">Face au variant Omicron,la France impose l\u2019isolement des cas contact, m\u00eame vaccin\u00e9s<\/a> (20Minutes)<\/p>\n\n\n\n<p><a href=\"https:\/\/www.capital.fr\/economie-politique\/covid-19-moderna-pret-a-developper-une-dose-de-rappel-specifique-au-nouveau-variant-1421276\">Moderna pr\u00eat \u00e0 d\u00e9velopper une dose de rappel sp\u00e9cifique au nouveau variant Omicron<\/a> (Capital)<strong><\/strong><\/p>\n\n\n\n<p><a href=\"https:\/\/lecourrierdesstrateges.fr\/2021\/11\/26\/alors-que-loms-souhaite-vacciner-70-de-la-population-mondiale-en-2022-voila-quun-risque-de-penurie-de-seringues-se-profile\/\">OMS veut vacciner 70% de population mondiale mais risque de p\u00e9nurie de seringues<\/a> (Courrier des Strat\u00e8ges)<\/p>\n\n\n\n<p><a href=\"https:\/\/lecourrierdesstrateges.fr\/2021\/11\/25\/variant-delta-europe-loms-jouerait-elle-sur-les-chiffres-pour-legitimer-les-politiques-sanitaires-coercitives\/?utm_source=mailpoet&amp;utm_medium=email&amp;utm_campaign=les-derniers-articles-du-courrier-des-strateges_164\">Europe&nbsp;: OMS jouerait-elle sur les chiffres pour l\u00e9gitimer politiques sanitaires coercitives&nbsp;?<\/a> <a>(Courrier des Strat\u00e8ges)<\/a><\/p>\n\n\n\n<p><a href=\"https:\/\/www.20minutes.fr\/societe\/3183119-20211126-crise-antilles-gouvernement-repousse-31-decembre-obligation-vaccinale-soignants?xtor=EREC-182\">Antilles&nbsp;: gouvernement repousse au 31d\u00e9cembre l\u2019obligation vaccinale des soignants<\/a> (20Minutes)<\/p>\n\n\n\n<p><a href=\"https:\/\/www.20minutes.fr\/societe\/3181563-20211126-coronavirus-autorisation-mise-marche-vaccins-illegale?xtor=EPR-212\">Autorisation de mise sur le march\u00e9 des vaccins est-elle ill\u00e9gale&nbsp;?<\/a> (20Minutes)<\/p>\n\n\n\n<p><a href=\"https:\/\/www.francetvinfo.fr\/sante\/maladie\/coronavirus\/deconfinement\/covid-19-ce-n-est-pas-le-nombre-de-mutations-qui-fait-la-gravite-d-un-variant-affirme-jean-paul-stahl_4861237.html\">\u2019\u2019Ce n\u2019est pas le nombre de mutations qui fait la gravit\u00e9 d\u2019un variant&nbsp;\u2018\u2019affirme Jean-Paul Stahl<\/a> (France Info)<\/p>\n\n\n\n<p><a href=\"https:\/\/www.huffingtonpost.fr\/entry\/covid-olivier-veran-reflechit-a-la-vaccination-pour-les-enfants-de-5-a-11-ans_fr_619f7fcde4b025be1ae65bd1\">V\u00e9ran r\u00e9fl\u00e9chit \u00e0 la vaccination pour les enfants de-5 \u00e0 11 ans<\/a> (HuffPost)<\/p>\n\n\n\n<p><a href=\"https:\/\/www.msn.com\/fr-fr\/lifestyle\/trucs-et-astuces\/je-connais-de-plus-en-plus-de-double-vaccin%C3%A9-qui-ont-attrap%C3%A9-le-virus-les-centres-de-vaccination-pris-d-assaut-pour-la-troisi%C3%A8me-dose\/ar-AAR9vNV?cvid=57abca31befa4a0fa996ea28b1d026ae&amp;ocid=winp1taskbar\">\u00ab\u00a0Je connais de plus en plus de double vaccin\u00e9s qui ont attrap\u00e9 le virus\u00a0\u00bb<\/a> (RMC)<\/p>\n\n\n\n<p><a href=\"https:\/\/france3-regions.francetvinfo.fr\/nouvelle-aquitaine\/haute-vienne\/limoges\/au-chu-de-limoges-les-deprogrammations-ont-commence-pour-anticiper-l-afflux-de-patients-covid-2354836.html#xtor=EPR-521\">CHU Limoges&nbsp;: d\u00e9programmations ont commenc\u00e9 pour anticiper l\u2019afflux de patients covid<\/a> (France3R\u00e9gions)<\/p>\n\n\n\n<p><a href=\"https:\/\/www.francetvinfo.fr\/sante\/maladie\/coronavirus\/vaccin\/dose-de-Rappel:%20tous%20les%20Fran\u00e7ais%20eligibles%20pourront-ils%20recevoir%20leur%20vaccin%20avant%20mi-janvier\">Rappel: tous les Fran\u00e7ais eligibles pourront-ils recevoir leur vaccin avant mi-janvier<\/a> (Francetvinfo)<\/p>\n\n\n\n<p><a href=\"https:\/\/lecourrierdesstrateges.fr\/2021\/09\/28\/plus-de-5000-medecins-et-scientifiques-accusent-les-gouvernements-dincompetence-criminelle-contre-le-covid-19\/\">Plus de 5000 m\u00e9decins et scientifiques accusent les gouvernements d\u2019incomp\u00e9tence <\/a>&nbsp;(Courrier des Strat\u00e8ges)<\/p>\n\n\n\n<p><a href=\"https:\/\/www.larepubliquedespyrenees.fr\/societe\/greve-et-manifestations\/vaccins-230-participants-a-la-marche-blanche-a-pau-7136522.php\">Vaccins: 230 participants \u00e0 la marche blanche vendredi soir \u00e0 Pau-<\/a>(R\u00e9publique des Pyr\u00e9n\u00e9es)<\/p>\n\n\n\n<p><strong>Autre<\/strong><\/p>\n\n\n\n<p><a href=\"https:\/\/europe-solidaire.us8.list-manage.com\/track\/click?u=5c732dd5ee65845cf20fd724a&amp;id=f0fc25b92f&amp;e=5df9c98670\">Gr\u00e8ve des sages-femmes (France) : \u00ab Le monde de demain na\u00eet entre nos mains \u00bb<\/a> &#8211; Clarisse (infirmi\u00e8re)<\/p>\n\n\n\n<p><a href=\"https:\/\/europe-solidaire.us8.list-manage.com\/track\/click?u=5c732dd5ee65845cf20fd724a&amp;id=1d6e1dcd8f&amp;e=5df9c98670\">M\u00e9tier stressant, \u00e9norm\u00e9ment de responsabilit\u00e9s, salaire a tr\u00e8s peu \u00e9volu\u00e9 \u00bb<\/a> -Sages-femmes de Delafontaine<\/p>\n\n\n\n<p><strong>Analyse<\/strong><\/p>\n\n\n\n<p><a href=\"https:\/\/aoc.media\/analyse\/2021\/11\/21\/Le-risque-dans-les-imaginaires-mediatiques\">Le risque dans les imaginaires m\u00e9diatiques<\/a> (AOC M\u00e9dia)<\/p>\n\n\n\n<p><a href=\"https:\/\/www.francetvinfo.fr\/sante\/maladie\/coronavirus\/infographies-covid-19-morts-hospitalisations-age-malades-l-evolution-de-l-epidemie-en-france-et-dans-le-monde-en-cartes-et-graphiques.html\"><strong>Suivez l\u2019\u00e9volution de l\u2019\u00e9pid\u00e9mie en France et dans le monde&nbsp;<\/strong><\/a><strong>(France info)<\/strong><\/p>\n\n\n\n<p><a href=\"https:\/\/covid19.healthdata.org\/france\">Projections par pays contaminations et morts Covid-19<\/a>&nbsp;(anglais, IHME)<\/p>\n\n\n\n<p><a href=\"https:\/\/wgntv.com\/news\/coronavirus\/johns-hopkins-offers-live-interactive-map-of-global-coronavirus-cases\/\">En continu carte et chiffres d\u00e9taill\u00e9s sur la Pand\u00e9mie&nbsp;<\/a>&nbsp;(anglais, John Hopkins University)<\/p>\n\n\n\n<p><a href=\"https:\/\/www.ft.com\/coronavirus-latest\">En continu graphiques et cartes sur la Pand\u00e9mie<\/a>&nbsp;(anglais, Financial Times)<\/p>\n\n\n\n<p>  <strong><span style=\"color:#d50c13\" class=\"has-inline-color\">27 Novembre en continu<\/span><\/strong>  <\/p>\n\n\n\n<figure class=\"wp-block-image\"><img data-recalc-dims=\"1\" decoding=\"async\" src=\"https:\/\/i0.wp.com\/www.rdpemancipation.org\/wp-content\/uploads\/2021\/11\/Capture-decran-2021-11-26-a-18.35.49.png?w=1200&#038;ssl=1\" alt=\"L\u2019attribut alt de cette image est vide, son nom de fichier est Capture-decran-2021-11-26-a-18.35.49.png.\"\/><\/figure>\n\n\n\n<p><a href=\"https:\/\/www.msn.com\/fr-fr\/actualite\/france\/l-h%C3%B4pital-refuse-t-il-les-patients-malades-du-covid-sous-pr%C3%A9texte-qu-ils-sont-vaccin%C3%A9s-comme-le-dit-une-infirmi%C3%A8re\/ar-AAR9BSb?cvid=cdece34f15a94685b5cc5bd4f91e9c0d&amp;ocid=winp1taskbar\">L\u2019h\u00f4pital refuse-t-il les patients malades du Covid sous pr\u00e9texte qu\u2019ils sont vaccin\u00e9s ? <\/a>&nbsp;(Lib\u00e9ration)<\/p>\n\n\n\n<p><a href=\"https:\/\/www.msn.com\/fr-fr\/actualite\/monde\/variant-omicron-voici-les-pays-qui-ont-suspendu-leurs-vols-avec-l-afrique-australe\/ar-AAR9IGe?cvid=cc606249c0de48ceaf0584a7877640f2&amp;ocid=winp1taskbar\">Variant Omicron : voici les pays qui ont suspendu leurs vols avec l\u2019Afrique australe <\/a>&nbsp;(Le Parisien)<\/p>\n\n\n\n<p><a href=\"https:\/\/www.francetvinfo.fr\/sante\/maladie\/coronavirus\/vaccin\/vrai-ou-fake-la-cinquieme-vague-de-l-epidemie-de-covid-19-prouve-t-elle-que-le-vaccin-est-inefficace_4855705.html#xtor=EPR-51\">Vrai ou faux: la 5\u00e8 vague prouve-t-elle que le vaccin est inefficace&nbsp;?<\/a> (Francetvinfo)<\/p>\n\n\n\n<p><a href=\"https:\/\/juste-milieu.fr\/J\u2019OMS%20surencherit-a-700-000-morts-au-printemps-apres-avoir-annonce-500-000\">J\u2019OMS surench\u00e9rit \u00e0 700&nbsp;000 morts au printemps apr\u00e8s avoir annonc\u00e9 500 000<\/a> (Juste Milieu)<\/p>\n\n\n\n<p><a href=\"https:\/\/www.francetvinfo.fr\/sante\/maladie\/coronavirus\/covid-19-le-port-du-masque-a-nouveau-obligatoire-dans-les-enceintes-sportives_4860545.html\">Port du masque \u00e0 nouveau obligatoire dans les enceintes sportives<\/a> (Francetvinfo)<\/p>\n\n\n\n<p><a href=\"https:\/\/www.msn.com\/fr-fr\/actualite\/other\/la-perte-d-efficacit%C3%A9-des-vaccins-au-fil-du-temps-confirm%C3%A9e-par-la-drees\/ar-AARb3Iz?cvid=0989da1abf3c431a9904a3c1f795e13c&amp;ocid=winp1taskbar\">La perte d\u2019efficacit\u00e9 des vaccins au fil du temps confirm\u00e9e par la Drees <\/a>&nbsp;(Lib\u00e9ration)<\/p>\n\n\n\n<p><a href=\"https:\/\/www.msn.com\/fr-fr\/finance\/other\/bretagne-deux-soignants-non-vaccin%C3%A9s-gagnent-au-tribunal-contre-leur-h%C3%B4pital\/ar-AAR8BfC?ocid=winp1taskbar\">Bretagne : deux soignants non vaccin\u00e9s gagnent au tribunal contre leur h\u00f4pital <\/a>&nbsp;(Capital)<\/p>\n\n\n\n<p><a href=\"https:\/\/juste-milieu.fr\/Pour-The-lancet-stigmatiser-les-non-vaccines-nest-pas-justifie\">Pour \u00abThe Lancet&nbsp;\u00bb, stigmatiser les non vaccin\u00e9s n\u2019est pas justifi\u00e9<\/a> (Juste Milieu)<\/p>\n\n\n\n<p><a href=\"https:\/\/www.capital.fr\/economie-politique\/molnupiravir-le-medicament-de-pfizer-contre-le-covid-19-ne-serait-pas-aussi-efficace-quon-le-croyait-1421270\">Molnupiravir, m\u00e9dicament de Pfizer contre covid ne serait pas aussi efficace qu\u2019on le croyait<\/a> (Capital)<\/p>\n\n\n\n<p><a href=\"https:\/\/www.mediapart.fr\/journal\/france\/261121\/pas-antivax-mais-non-vaccines-c-est-quoi-l-utilite-pour-nous\">Pas antivax mais non-vaccin\u00e9s&nbsp;: \u00ab&nbsp;C\u2019est quoi l\u2019utilit\u00e9 pour nous&nbsp;?<\/a> (M\u00e9diapart)<\/p>\n\n\n\n<p><strong>Autre<\/strong><\/p>\n\n\n\n<p><a href=\"https:\/\/www.20minutes.fr\/sante\/3182191-20211125-londonien-recoit-premier-monde-imprime-3d\">Londonien re\u00e7oit le premier \u0153il au monde imprim\u00e9 en 3D<\/a> (20Minutes)<\/p>\n\n\n\n<figure class=\"wp-block-image size-full\"><img data-recalc-dims=\"1\" loading=\"lazy\" decoding=\"async\" width=\"487\" height=\"365\" src=\"https:\/\/i0.wp.com\/www.rdpemancipation.org\/wp-content\/uploads\/2021\/11\/image-121.png?resize=487%2C365&#038;ssl=1\" alt=\"\" class=\"wp-image-59234\" srcset=\"https:\/\/i0.wp.com\/www.rdpemancipation.org\/wp-content\/uploads\/2021\/11\/image-121.png?w=487&amp;ssl=1 487w, https:\/\/i0.wp.com\/www.rdpemancipation.org\/wp-content\/uploads\/2021\/11\/image-121.png?resize=300%2C225&amp;ssl=1 300w\" sizes=\"auto, (max-width: 487px) 100vw, 487px\" \/><\/figure>\n\n\n\n<p><a href=\"https:\/\/redirection.b2b.infopro-digital.com\/lnk\/AVoAABSm4HYAAcXDy1IAAHnKuI0AAABZQUUAANzvAAwsSQBhn9Ba_NyK1FegQWusJcFXwSEvZgAMCy8\/30\/s-bghsih4FJN7rVBbD6SSQ\/aHR0cHM6Ly93d3cudXNpbmUtZGlnaXRhbGUuZnIvYXJ0aWNsZS9sZXMtaG9waXRhdXgtZGUtbWFyc2VpbGxlLWNvbGxhYm9yZW50LWF2ZWMtbGEtc3RhcnQtdXAtcG9pZXRpcy1wb3VyLWwtaW1wcmVzc2lvbi0zZC1kZS10aXNzdXMtaHVtYWlucy5OMTE2Mjk2MiN4dG9yPUVQUi0xNjkmZW1haWw9bi5jaGV2aWxsYXJkQG5vb3MuZnI#xtor=EPR-169&amp;email=n.chevillard@noos.fr\" target=\"_blank\" rel=\"noreferrer noopener\">Les h\u00f4pitaux de Marseille collaborent avec Poietis pour l&rsquo;impression 3D de tissus humains<\/a> (L\u2019Usine Nouvelle)<\/p>\n\n\n\n<p><strong><span style=\"color:#d50c13\" class=\"has-inline-color\">26 Novembre en continu<\/span><\/strong><\/p>\n\n\n\n<p><strong><span style=\"text-decoration: underline;\">Covid<\/span><\/strong><\/p>\n\n\n\n<p><a href=\"https:\/\/www.youtube.com\/watch?v=ustoOVt6YHA\">Le covid pourrait vous plonger dans le noir(\u00e9lectrique)<\/a> (Draw my economy)<\/p>\n\n\n\n<p><strong><a href=\"https:\/\/www.youtube.com\/watch?v=diFch8bNCdQ\">Laurent Toubiana&nbsp;: La 5\u00e8 vague, une blague&nbsp;?<\/a> (France Soir)<\/strong><\/p>\n\n\n\n<p><a href=\"https:\/\/www.lemonde.fr\/sciences\/article\/2020\/09\/09\/covid-19-les-surprises-statistiques-des-tests-de-depistage_6051541_1650684.html#xtor=AL-32280270-%5Bdefault%5D-%5Bios%5D\">Les surprises statistiques des tests de d\u00e9pistage<\/a> (Le Monde)<\/p>\n\n\n\n<p><a href=\"https:\/\/mobile.francetvinfo.fr\/sante\/maladie\/coronavirus\/direct-vaccin-contre-le-covid-19-la-haute-autorite-de-sante-recommande-une-dose-de-rappel-pour-les-18-ans-et-plus-des-cinq-mois-apres-la-primo-vaccination_4858395.html#xtref=https:\/\/www.francetvinfo.fr\/sante\/maladie\/coronavirus\/video-covid-19-olivier-faure-favorable-a-la-gratuite-des-tests-pour-les-non-vaccines_4858407.html\">HAS recommande rappel pour les 18ans et plus d\u00e8s 5mois apr\u00e8s primo-vaccination<\/a> (Francetvinfo)<\/p>\n\n\n\n<p><a href=\"https:\/\/www.msn.com\/fr-fr\/lifestyle\/trucs-et-astuces\/coronavirus-face-%C3%A0-des-patients-non-vaccin%C3%A9s-et-parfois-antivax-le-sentiment-de-g%C3%A2chis-des-soignants\/ar-AAR4rCc?cvid=1f4b988181b84d189d163406771bca4f&amp;ocid=winp1taskbar\">Face \u00e0 des patients non vaccin\u00e9s et parfois antivax, le sentiment de g\u00e2chis des soignants <\/a>&nbsp;(20Minutes)<\/p>\n\n\n\n<p><a href=\"https:\/\/www.francetvinfo.fr\/sante\/maladie\/coronavirus\/video-covid-19-olivier-faure-favorable-a-la-gratuite-des-tests-pour-les-non-vaccines_4858407.html#xtor=EPR-51\">O.Faure favorable \u00e0 la gratuit\u00e9 des tests pour non-vaccin\u00e9s et au passe vaccinal<\/a> (Francetvinfo)<\/p>\n\n\n\n<p><a href=\"https:\/\/lecourrierdesstrateges.fr\/2021\/11\/24\/le-passeport-sanitaire-europeen-connaitra-une-actualisation-lue-envisage-t-elle-des-mesures-plus-radicales\/\">Passe sanitaire europ\u00e9en aura actualisation. L\u2019UE envisage mesures plus radicales&nbsp;?\/<\/a>(Courrier des Strat\u00e8ges)<\/p>\n\n\n\n<p><a href=\"https:\/\/www.msn.com\/fr-fr\/actualite\/france\/covid-19-les-r%C3%A8gles-vont-%C3%AAtre-renforc%C3%A9es-pour-les-personnes-revenant-de-pays-orange-ou-rouge-annonce-v%C3%A9ran\/ar-AAR6LSh?cvid=00d07b3d5a0d4a18a3da60a30fafd2bd&amp;ocid=winp1taskbar\">Les r\u00e8gles vont \u00eatre renforc\u00e9es pour &nbsp;les personnes revenant de pays orange ou rouge, annonce V\u00e9ran<\/a> (Le Parisien)<\/p>\n\n\n\n<p><a href=\"https:\/\/putsch.media\/20211125\/tribu-Nicolas-vidal\/5eme-vague-et-covid19-les-conneries-cest-comme-les-impots-on-finit-toujours-par-les-payer\">&nbsp;5<sup>\u00e8me<\/sup> vague et covid&nbsp;: \u00ab&nbsp;&nbsp;Les conneries c\u2019est comme les imp\u00f4ts, on finit toujours par les payer<\/a>&nbsp;\u00bb&nbsp;&nbsp;. (Putsch M\u00e9dia) Vid\u00e9o<\/p>\n\n\n\n<p><a href=\"http:\/\/www.cafepedagogique.net\/lexpresso\/Pages\/2021\/11\/25112021Article637734540929979803.aspx\">Face \u00e0 la vague, Blanquer all\u00e8ge le protocole<\/a> (Caf\u00e9 p\u00e9dagogique)<\/p>\n\n\n\n<p><a href=\"https:\/\/lecourrierdesstrateges.fr\/2021\/11\/25\/Peut-on-licencier-un-fonctionnaire-qui-ne-sest-pas-fait-vacciner&nbsp;?\/\">Peut-on licencier un fonctionnaire qui ne s\u2019est pas fait vacciner&nbsp;?<\/a> (Courrier des Strat\u00e8ges)<\/p>\n\n\n\n<p><a href=\"https:\/\/lecourrierdesstrateges.fr\/2021\/11\/25\/la-premiere-soignante-licenciee-pour-non-vaccination-temoigne\/\">La premi\u00e8re soignante licenci\u00e9e pour non vaccination t\u00e9moigne<\/a> (Courrier des Strat\u00e8ges)<\/p>\n\n\n\n<p><a href=\"https:\/\/www.youtube.com\/watch?v=RjYVS8SVNAQ\">Covid: \u00e7a va encore piquer(un Bourbon, sinon rien <\/a>(Blast)<\/p>\n\n\n\n<p><a href=\"https:\/\/www.francetvinfo.fr\/sante\/maladie\/coronavirus\/pass-sanitaire\/covid-19-la-pression-est-mise-sur-lesnon-vaccines_4858869.html\">La pression est mise sur les non-vaccin\u00e9s<\/a> (France Info)<\/p>\n\n\n\n<p><strong>Autre<\/strong><\/p>\n\n\n\n<p><a href=\"https:\/\/www.humanite.fr\/sante-la-situation-des-hopitaux-doit-etre-au-coeur-de-la-presidentielle-729015\">La situation des h\u00f4pitaux doit \u00eatre au c\u0153ur de la pr\u00e9sidentielle<\/a> (L\u2019Humanit\u00e9)<\/p>\n\n\n\n<figure class=\"wp-block-image is-resized is-style-default\"><img loading=\"lazy\" decoding=\"async\" src=\"https:\/\/scontent.fhex4-2.fna.fbcdn.net\/v\/t39.30808-6\/p526x296\/260131134_10159793706829362_3245822897389725244_n.jpg?_nc_cat=107&amp;_nc_rgb565=1&amp;ccb=1-5&amp;_nc_sid=730e14&amp;_nc_ohc=peSkyA7vDW0AX9X3gHY&amp;_nc_ht=scontent.fhex4-2.fna&amp;oh=4bc510d87880111ac26f5cdb5a6673d9&amp;oe=61A5F3DC\" alt=\"Peut \u00eatre une image de 2 personnes et texte qui dit \u2019Xavier Bertrand @xavierbertrand LES R\u00c9PLIQUES Nous avions \u00e9t\u00e9 confin\u00e9s parce qu'il n'y avait pas assez de lits de r\u00e9animation. Monsieur Macron en avait promis 10000, o\u00f9 sont-ils? #le79inter nter inter inter inter 9:50 AM 22 nov. 2021 Twitter Media Studio Fabien Tarlet @FTarlet Pour bien cibler le niveau intellectuel moyen d'un \u00e9lecteur de droite, rappelons que l'homme en train de demander o\u00f9 sont les 10.000 lits promis par Macron, c'est celui qui en supprim\u00e9 46.500 sous Sarkozy. 9:13 PM 22 nov. 2021 Twitter Web App\u2019\" width=\"389\" height=\"399\"\/><\/figure>\n\n\n\n<p><strong>Analyse<\/strong><\/p>\n\n\n\n<p><a href=\"https:\/\/lecourrierdesstrateges.fr\/2020\/05\/03\/comment-le-gouvernement-prepare-son-impunite-dapres-confinement\/\">Le gouvernement pr\u00e9pare son impunit\u00e9 d\u2019apr\u00e8s confinement<\/a> (Courrier des Strat\u00e8ges)<\/p>\n\n\n\n<p><a href=\"https:\/\/www.laselectiondujour.com\/La%20gestion%20de%20la%20crise%20sanitaire%20class\u00e9e%20\">La gestion de la crise sanitaire class\u00e9e \u00ab&nbsp;Secret d\u00e9fense&nbsp;\u00bb<\/a> (LSDJ)<\/p>\n\n\n\n<p><a href=\"https:\/\/www.francetvinfo.fr\/sante\/maladie\/coronavirus\/infographies-covid-19-morts-hospitalisations-age-malades-l-evolution-de-l-epidemie-en-france-et-dans-le-monde-en-cartes-et-graphiques.html\"><strong>Suivez l\u2019\u00e9volution de l\u2019\u00e9pid\u00e9mie en France et dans le monde&nbsp;<\/strong><\/a><strong>(France info)<\/strong><\/p>\n\n\n\n<p><a href=\"https:\/\/covid19.healthdata.org\/france\">Projections par pays contaminations et morts Covid-19<\/a>&nbsp;(anglais, IHME)<\/p>\n\n\n\n<p><a href=\"https:\/\/wgntv.com\/news\/coronavirus\/johns-hopkins-offers-live-interactive-map-of-global-coronavirus-cases\/\">En continu carte et chiffres d\u00e9taill\u00e9s sur la Pand\u00e9mie&nbsp;<\/a>&nbsp;(anglais, John Hopkins University)<\/p>\n\n\n\n<p><a href=\"https:\/\/www.ft.com\/coronavirus-latest\">En continu graphiques et cartes sur la Pand\u00e9mie<\/a>&nbsp;(anglais, Financial Times)<\/p>\n\n\n\n<p><strong><span style=\"color:#cb1322\" class=\"has-inline-color\">25 Novembre en continu<\/span><\/strong><\/p>\n\n\n\n<p><strong>Covid<\/strong><\/p>\n\n\n\n<p><a href=\"https:\/\/lecourrierdesstrateges.fr\/2021\/11\/24\/maitre-fargepallet-a-nimes-le-juge-na-aucune-humanite-pour-les-soignants-non-vaccines\/\">Maitre Fargepallet: \u00e0 N\u00eemes le juge n\u2019a aucune humanit\u00e9 pour les soignants non vaccin\u00e9s\/<\/a> (Courrier des Strat\u00e8ges)<\/p>\n\n\n\n<p><a href=\"https:\/\/lanticapitaliste.org\/actualite\/sante\/confinement-obligation-vaccinale-non-une-vraie-politique-de-sante-publique-et-la\">Confinement, obligation vaccinale\u2009: non\u2009! Une politique sant\u00e9 publique et lev\u00e9e des brevets<\/a> -Franck Prouhet<\/p>\n\n\n\n<p><a href=\"https:\/\/www.boursorama.com\/actualite-economique\/actualites\/coronavirus-l-italie-impose-de-nouvelles-restrictions-aux-non-vaccines-834eae2ad5f862d1050035301879cbe7\">Coronavirus: L&rsquo;Italie impose de nouvelles restrictions aux non vaccin\u00e9s<\/a> (Reuters)<\/p>\n\n\n\n<p><a href=\"https:\/\/www.boursorama.com\/actualite-economique\/actualites\/a-cause-de-delta-les-vaccins-ne-protegent-qu-a-40-de-la-transmission-0a77bf2aca999ef321f3384e1edfcab4\">A cause de Delta les vaccins ne prot\u00e8gent qu&rsquo;\u00e0 40% de la transmission<\/a> (AFP)<\/p>\n\n\n\n<p>Autre<\/p>\n\n\n\n<p><a href=\"https:\/\/youtu.be\/7RyrgILGs4U\">L<\/a><strong><a href=\"https:\/\/youtu.be\/7RyrgILGs4U\">e t\u00e9moignage d\u00e9chirant d\u2019une infirmi\u00e8re suspendue <\/a>(vid\u00e9o Le M\u00e9dia)<\/strong><\/p>\n\n\n\n<p>Analyse<\/p>\n\n\n\n<p><a href=\"https:\/\/lanticapitaliste.org\/opinions\/culture\/face-au-covid-19-nos-exigences-leurs-incoherences-dalain-bihr\">Face au Covid-19, nos exigences, leurs incoh\u00e9rences, d\u2019Alain Bihr<\/a> (L&rsquo;Anticapitaliste)<\/p>\n\n\n\n<figure class=\"wp-block-image is-resized is-style-default\"><img data-recalc-dims=\"1\" loading=\"lazy\" decoding=\"async\" src=\"https:\/\/i0.wp.com\/lanticapitaliste.org\/sites\/default\/files\/styles\/largeur_content_hauteur_complet\/public\/bihr.jpeg?resize=334%2C334&#038;ssl=1\" alt=\"\" width=\"334\" height=\"334\"\/><\/figure>\n\n\n\n<p><strong><span style=\"color:#cb1322\" class=\"has-inline-color\">24 Novembre en continu<\/span><\/strong><\/p>\n\n\n\n<p><strong>Covid<\/strong><\/p>\n\n\n\n<p><strong><a href=\"https:\/\/lecourrierdesstrateges.fr\/2021\/11\/24\/Zero-covid-et-vaccination-massive-la-nouvelle-zelande-dresse-un-constat-dechec\">Z\u00e9ro covid et vaccination massive&nbsp;: la Nouvelle-Z\u00e9lande dresse un constat d\u2019\u00e9chec<\/a> <\/strong><strong>(Courrier des Strat\u00e8ges)<\/strong><\/p>\n\n\n\n<p><strong><a href=\"https:\/\/www.youtube.com\/watch?v=Ji66KJcyOTI\">Quelles nouvelles restrictions pour vous?<\/a> (Draw my economy)<\/strong> Vid\u00e9o<\/p>\n\n\n\n<p><strong><a href=\"https:\/\/www.francetvinfo.fr\/sante\/maladie\/coronavirus\/covid-19-le-variant-delta-tres-contagieux-a-reduit-a-40-l-efficacite-des-vaccins-contre-la-transmission-de-la-maladie-alerte-l-oms_4857407.html\">Delta-tr\u00e8s-contagieux r\u00e9duit \u00e0 40% efficacit\u00e9 des vaccins contre la transmission alerte OMS<\/a> (France Info)<\/strong><\/p>\n\n\n\n<p><a href=\"https:\/\/youtu.be\/rsRCnXVYgzc\">Dupond-Moretti attaque les non-vaccin\u00e9s, Me Di Vizio contre-attaque<\/a> (Sud Radio)<\/p>\n\n\n\n<p><a href=\"https:\/\/lecourrierdesstrateges.fr\/2021\/11\/24\/malgre-les-effets-secondaires-le-vaccin-pfizer-pour-les-enfants-de-moins-de-12-ans-autorise-depuis-lundi-en-israel\/\">Malgr\u00e9 effets secondaires, Pfizer pour enfants de moins de 12-ans autoris\u00e9 en Isra\u00ebl<\/a> (Courrier des Strat\u00e8ges)<\/p>\n\n\n\n<p><strong><a href=\"https:\/\/lecourrierdesstrateges.fr\/2021\/11\/23\/exclusif-un-scenario-de-couvre-feu-a-partir-du-18-decembre-a-letude\/\">Sc\u00e9nario de couvre feu \u00e0 partir du 18 d\u00e9cembre \u00e0 l\u2019\u00e9tude<\/a> <\/strong>(Courrier des Strat\u00e8ges)<\/p>\n\n\n\n<p><a href=\"https:\/\/www.youtube.com\/watch?v=GvhUP3DHO2k\">La moiti\u00e9 des contrats avec Pfizer caviard\u00e9s<\/a>&nbsp; (France Soir) Vid\u00e9o<\/p>\n\n\n\n<p><a href=\"https:\/\/www.francetvinfo.fr\/sante\/maladie\/coronavirus\/vaccin\/covid-19-la-pression-saccentue-sur-les-non-vaccines_4857723.html\">&nbsp;La pression s\u2019accentue sur les non-vaccines<\/a>&nbsp; (Francetvinfo)<\/p>\n\n\n\n<p><a href=\"https:\/\/www.20minutes.fr\/sante\/3181055-20211124-rennes-covid-urgences-saturees-penurie-personnel-chu-sait-plus-o-donner-tete\">Rennes: urgences satur\u00e9es, p\u00e9nurie de personnel, CHU ne sait plus o\u00f9 donner de la t\u00eate<\/a>&nbsp; (20 Minutes)<\/p>\n\n\n\n<p><a href=\"https:\/\/www.francetvinfo.fr\/sante\/maladie\/coronavirus\/vaccin\/vaccins-contre-le-covid-19-voici-les-reponses-aux-41-questions-les-plus-frequentes-que-vous-vous-posez_4253025.html\">R\u00e9ponses aux 41 questions les plus fr\u00e9quentes que vous vous posez<\/a> (Francetvinfo)<\/p>\n\n\n\n<p><strong>Autre<\/strong><\/p>\n\n\n\n<p><a href=\"https:\/\/www.msn.com\/fr-fr\/actualite\/france\/bronchiolite-nouvelle-augmentation-des-passages-aux-urgences-et-des-hospitalisations-chez-les-nourrissons\/ar-AAR5s7j?cvid=65debe7fc8024c01e18bd168c9dbd4eb&amp;ocid=winp1taskbar\">Bronchiolite: augmentation &nbsp;passages aux urgences et hospitalisations des nourrissons<\/a> (MSN)<\/p>\n\n\n\n<p><strong>Analyse<\/strong><\/p>\n\n\n\n<p><a href=\"https:\/\/www.francetvinfo.fr\/sante\/maladie\/coronavirus\/infographies-covid-19-morts-hospitalisations-age-malades-l-evolution-de-l-epidemie-en-france-et-dans-le-monde-en-cartes-et-graphiques.html\"><strong>Suivez l\u2019\u00e9volution de l\u2019\u00e9pid\u00e9mie en France et dans le monde&nbsp;<\/strong><\/a><strong>(France info)<\/strong><\/p>\n\n\n\n<p><a href=\"https:\/\/covid19.healthdata.org\/france\">Projections par pays contaminations et morts Covid-19<\/a>&nbsp;(anglais, IHME)<\/p>\n\n\n\n<p><a href=\"https:\/\/wgntv.com\/news\/coronavirus\/johns-hopkins-offers-live-interactive-map-of-global-coronavirus-cases\/\">En continu carte et chiffres d\u00e9taill\u00e9s sur la Pand\u00e9mie&nbsp;<\/a>&nbsp;(anglais, John Hopkins University)<\/p>\n\n\n\n<p><a href=\"https:\/\/www.ft.com\/coronavirus-latest\">En continu graphiques et cartes sur la Pand\u00e9mie<\/a>&nbsp;(anglais, Financial Times)<\/p>\n\n\n\n<p><strong><span style=\"color:#da0f27\" class=\"has-inline-color\">24 Novembre en continu<\/span><\/strong><\/p>\n\n\n\n<p><strong>Covid<\/strong><\/p>\n\n\n\n<p><strong><a href=\"https:\/\/www.youtube.com\/watch?v=ZSI9fhY8pcQ\">Il y a plus de vaccin\u00e9s que de non vaccin\u00e9s en soins critiques<\/a>&nbsp; (Draw my economy)Vid\u00e9o<\/strong><\/p>\n\n\n\n<p><a href=\"https:\/\/lasanteauquotidien.com\/coronavirus-covid-19\/un-patient-covid-sur-cinq-est-decede-au-cours-de-son-hospitalisation\/?utm_source=fox&amp;utm_medium=email&amp;utm_content=sante-quot-412\">Un patient covid sur cinq est d\u00e9c\u00e9d\u00e9 au cours de son hospitalisation<\/a> (La Sant\u00e9 au quotidien)<\/p>\n\n\n\n<p><strong><a href=\"https:\/\/www.youtube.com\/watch?v=6qUWX-_8f6c\">Cette tyrannie sanitaire ne fait plus vraiment recette<\/a>&nbsp; (Sud Radio) Vid\u00e9o<\/strong><\/p>\n\n\n\n<p><a href=\"https:\/\/lasanteauquotidien.com\/coronavirus-covid-19\/troisieme-dose-doit-on-prendre-rendez-vous-maintenant\/\">Troisi\u00e8me dose doit on prendre rendez-vous maintenant<\/a>&nbsp; (La Sant\u00e9 au quotidien)<\/p>\n\n\n\n<p><a href=\"https:\/\/www.humanite.fr\/covid-cinquieme-vague-une-menace-pas-du-tout-fantome-728386\">Cinqui\u00e8me vague une menace pas du tout fant\u00f4me<\/a>&nbsp; (L\u2019Humanit\u00e9)<\/p>\n\n\n\n<p><a href=\"https:\/\/lasanteauquotidien.com\/coronavirus-covid-19\/guadeloupe-les-soignants-peuvent-choisir-leur-vaccin\/\">Guadeloupe&nbsp;: les soignants peuvent choisir leur vaccin<\/a> (La Sant\u00e9 au quotidien)<\/p>\n\n\n\n<p><strong><a href=\"https:\/\/www.liberation.fr\/politique\/en-guadeloupe-la-crise-est-le-resultat-dune-reelle-accumulation-20211123_4LULXVEW7NB4XDUF3K4JSVFDXQ\/\">En Guadeloupe, \u00abla crise est le r\u00e9sultat d\u2019une r\u00e9elle accumulation\u00bb <\/a>&nbsp;(Lib\u00e9ration)<\/strong><\/p>\n\n\n\n<p><a href=\"https:\/\/www.msn.com\/fr-fr\/actualite\/france\/quand-castex-affirmait-que-les-personnes-qui-ont-deux-doses-n-ont-plus-de-chance-d-attraper-la-maladie\/ar-AAR1sS2?cvid=babd9cf99c6d4f4dbd6b2280ae268dc8&amp;ocid=winp1taskbar\">&nbsp;Castex affirmait que ceux\u00a0\u00bb qui ont deux doses&nbsp;n&rsquo;ont plus de chance d&rsquo;attraper la maladie\u00a0\u00bb <\/a>&nbsp;(BFMTV)<\/p>\n\n\n\n<p><a href=\"https:\/\/www.youtube.com\/watch?v=vtrh26axLA0\">Interdit d\u2019interdire: 5\u00e8 vague&nbsp;: la faute aux non vaccin\u00e9s&nbsp;?<\/a> &nbsp;(RT France) Vid\u00e9o<\/p>\n\n\n\n<p><a href=\"https:\/\/www.youtube.com\/watch?v=DOnOh93lLvE&amp;t=909s\">Martin Blachier 10\u00e8 Comedy club<\/a>&nbsp; (JusteMilieu)<\/p>\n\n\n\n<p><a href=\"https:\/\/www.msn.com\/fr-fr\/actualite\/other\/g%C3%A9rald-kierzek-l-h%C3%B4pital-est-sur-le-point-de-craquer-et-ce-n-est-pas-%C3%A0-cause-du-covid\/ar-AAR22b1?ocid=winp1taskbar\">G\u00e9rald Kierzek: \u00abL&rsquo;h\u00f4pital est sur le point de craquer, et ce n&rsquo;est pas \u00e0 cause du Covid !\u00bb <\/a>&nbsp;(Le Figaro)<\/p>\n\n\n\n<p><strong>Autre<\/strong><\/p>\n\n\n\n<p><a href=\"https:\/\/www.20minutes.fr\/societe\/3176515-20211123-coronavirus-grippe-saisonniere-justifierait-confinement\">Grippe saisonni\u00e8re justifierait-elle le confinement<\/a> (20Minutes)<\/p>\n\n\n\n<p><a href=\"https:\/\/www.youtube.com\/watch?v=j9f8wtD7JCU\">Pr Raoult: l\u2019aventure de l\u2019IHU, une machine de guerre<\/a> (IHU)<\/p>\n\n\n\n<p><strong>Analyse<\/strong><\/p>\n\n\n\n<p><a href=\"https:\/\/www.youtube.com\/watch?v=Ghb3mykWyvA\">L\u2019Activit\u00e9 hospitali\u00e8re en 2020&nbsp;: la vraie version<\/a> (D\u00e9coder l\u2019\u00e9co)<\/p>\n\n\n\n<p><a href=\"https:\/\/aoc.media\/analyse\/2021\/11\/21\/le-risque-dans-les-imaginaires-mediatiques\/\">Le risque dans les imaginaires m\u00e9diatiques<\/a> (AOC)<\/p>\n\n\n\n<p><a href=\"https:\/\/www.francetvinfo.fr\/sante\/maladie\/coronavirus\/infographies-covid-19-morts-hospitalisations-age-malades-l-evolution-de-l-epidemie-en-france-et-dans-le-monde-en-cartes-et-graphiques.html\"><strong>Suivez l\u2019\u00e9volution de l\u2019\u00e9pid\u00e9mie en France et dans le monde&nbsp;<\/strong><\/a><strong>(France info)<\/strong><\/p>\n\n\n\n<p><a href=\"https:\/\/covid19.healthdata.org\/france\">Projections par pays contaminations et morts Covid-19<\/a>&nbsp;(anglais, IHME)<\/p>\n\n\n\n<p><a href=\"https:\/\/wgntv.com\/news\/coronavirus\/johns-hopkins-offers-live-interactive-map-of-global-coronavirus-cases\/\">En continu carte et chiffres d\u00e9taill\u00e9s sur la Pand\u00e9mie&nbsp;<\/a>&nbsp;(anglais, John Hopkins University)<\/p>\n\n\n\n<p><a href=\"https:\/\/www.ft.com\/coronavirus-latest\">En continu graphiques et cartes sur la Pand\u00e9mie<\/a>&nbsp;(anglais, Financial Times)<\/p>\n\n\n\n<figure class=\"wp-block-image is-resized is-style-default\"><img data-recalc-dims=\"1\" loading=\"lazy\" decoding=\"async\" src=\"https:\/\/i0.wp.com\/static.mediapart.fr\/etmagine\/default\/files\/2021\/11\/23\/2021-11-23-09-49-21-window.png?resize=397%2C405&#038;ssl=1\" alt=\"2021-11-23-09-49-21-window\" width=\"397\" height=\"405\"\/><\/figure>\n\n\n\n<p><strong><span style=\"color:#cf111b\" class=\"has-inline-color\">23 Novembre en continu<\/span><\/strong><\/p>\n\n\n\n<p><strong><a href=\"https:\/\/www.youtube.com\/watch?v=bj6PcWBgVN4\">Interview de Christian Perronne sur Cnews<\/a>&nbsp; (MrTataf)<\/strong><\/p>\n\n\n\n<p><strong><a href=\"https:\/\/www.youtube.com\/watch?v=XdojLhZT9KU\">Epid\u00e9mie de morts chez les sportifs vaccin\u00e9s?<\/a> (Draw my economy)<\/strong><\/p>\n\n\n\n<p><a href=\"https:\/\/www.gouvernement.fr\/Info-coronavirus\">Info-coronavirus<\/a> (Gouvernement)<\/p>\n\n\n\n<p><a href=\"https:\/\/www.francetvinfo.fr\/sante\/maladie\/coronavirus\/covid-19-a-nouveau-cas-contact-jean-castex-s-entretient-avec-des-elus-de-guadeloupe-par-visioconference_4854933.html\">Le Premier ministre Jean Castex test\u00e9 positif, le Premier ministre belge se met en quarantaine<\/a> (Francetvinfo)<\/p>\n\n\n\n<p><strong><a href=\"https:\/\/www.francetvinfo.fr\/sante\/maladie\/coronavirus\/covid-19-le-conseil-scientifique-plaide-pour-l-abaissement-de-l-age-deligibilite-du-rappel-vaccinal-a-50-ans_4854723.html\">Le Conseil scientifique envisage une dose de rappel pour toute la population adulte<\/a> <\/strong><strong>(Francetvinfo)<\/strong><\/p>\n\n\n\n<p><a href=\"https:\/\/juste-milieu.fr\/pass-sanitaire-le-mensonge-de-veran-et-macron\/?utm_source=sfmc&amp;utm_medium=email&amp;utm_campaign=80+-+Pass+sanitaire+le+vilain+mensonge+de+Macron+et+V%c3%a9ran&amp;isBat=false&amp;d=JUM&amp;sk=eXBlbGxvdDk0MzNAZ21haWwuY29t&amp;e=5dfc9a58f482df02c594d7ae000eccd285ba25b7d191bd9fea49966c0af79daf&amp;j=654340&amp;l=491&amp;b=15006&amp;sid=7212405&amp;senddate=2021-11-22\">Passe sanitaire&nbsp;: le mensonge&nbsp; de V\u00e9ran et Macron<\/a>&nbsp; (Juste Milieu)<\/p>\n\n\n\n<p><a href=\"https:\/\/www.amnesty.fr\/dossiers\/covid-19-les-droits-des-soignants-en-danger\">Les droits des soignants en danger<\/a>&nbsp; (Amnesty International)<\/p>\n\n\n\n<p><a href=\"https:\/\/www.francetvinfo.fr\/sante\/maladie\/coronavirus\/covid-19-les-consequences-sociales-et-economiques-de-la-pandemie-se-feront-sentir-pendant-des-decennies-previent-la-croix-rouge_4855103.html\">Cons\u00e9quences-sociales et \u00e9conomiques pendant des d\u00e9cennies pr\u00e9vient la Croix-Rouge<\/a> (Francetvinfo)<\/p>\n\n\n\n<p><a href=\"https:\/\/www.francetvinfo.fr\/sante\/maladie\/coronavirus\/vaccin\/quels-sont-les-principaux-effets-indesirables-des-vaccins-contre-le-covid-19_4845737.html\">Principaux effets ind\u00e9sirables des vaccins contre le covid-19<\/a>&nbsp; (Francetvinfo)<\/p>\n\n\n\n<p><\/p>\n\n\n\n<p><a href=\"https:\/\/www.huffingtonpost.fr\/entry\/apres-la-guadeloupe-appel-a-la-greve-generale-en-martinique_fr_619b3c9ce4b07fe2010db1d3\">Apres la Guadeloupe, appel \u00e0 la gr\u00e8ve g\u00e9n\u00e9rale en Martinique<\/a> (HuffPost)<\/p>\n\n\n\n<p><span style=\"text-decoration: underline;\">Europe<\/span><\/p>\n\n\n\n<p><a href=\"https:\/\/www.marianne.net\/monde\/europe\/italie-un-projet-de-super-passe-sanitaire-ravive-le-clivage-vaccines-non-vaccines\">Italie&nbsp;: un projet de super passe sanitaire ravive le clivage vaccin\u00e9s non-vaccin\u00e9s<\/a> (Marianne)<\/p>\n\n\n\n<p><a href=\"https:\/\/www.msn.com\/fr-fr\/video\/actualite\/bruxelles-la-tension-monte-autour-de-la-vaccination-contre-le-covid-19\/vi-AAR0uoL?cvid=daedd3033eb64dacc3e5eb7ade497a72&amp;ocid=winp1taskbar\">Bruxelles : la tension monte autour de la vaccination contre le Covid-19 <\/a>&nbsp;(MSN)<\/p>\n\n\n\n<p><a href=\"https:\/\/www.msn.com\/fr-fr\/video\/voir\/covid-r%c3%a9actions-mitig%c3%a9es-%c3%a0-vienne-alors-que-lautriche-se-reconfine\/vp-AAR0sj3?ocid=winp1taskbar\">Covid: r\u00e9actions mitig\u00e9es \u00e0 Vienne alors que l&rsquo;Autriche se reconfine<\/a> (AFP)<\/p>\n\n\n\n<p><\/p>\n\n\n\n<p><strong><u>Autre<\/u><\/strong><\/p>\n\n\n\n<p><a href=\"https:\/\/www.capital.fr\/entreprises-marches\/transgene-premieres-donnees-positives-de-tg4050-un-vaccin-contre-le-cancer-1420717\">Premi\u00e8res donn\u00e9es positives de TG4050, un vaccin contre le cancer<\/a> (Capital)<\/p>\n\n\n\n<p><a href=\"https:\/\/lecourrierdesstrateges.fr\/2021\/11\/22\/zoom-sur-la-physiotherapie-une-therapie-par-le-mouvement\/\">Zoom sur la physioth\u00e9rapie une th\u00e9rapie par le mouvement<\/a> (Le Courrier des Strat\u00e8ges)<\/p>\n\n\n\n<p><strong>Analyse<\/strong><\/p>\n\n\n\n<p><a href=\"https:\/\/aoc.media\/analyse\/2021\/11\/22\/Immobilites-pandemiques\/\">Immobilit\u00e9s pand\u00e9miques<\/a> (AOC)<\/p>\n\n\n\n<p><a href=\"https:\/\/lecourrierdesstrateges.fr\/2021\/11\/22\/passe-sanitaire-la-police-tire-sur-la-foule-la-resistance-sorganise\/\">Passe-sanitaire, le point: en Europe, la r\u00e9sistance s\u2019organise<\/a> (Le Courrier des Strat\u00e8ges)<\/p>\n\n\n\n<p><a href=\"https:\/\/www.francetvinfo.fr\/sante\/maladie\/coronavirus\/infographies-covid-19-morts-hospitalisations-age-malades-l-evolution-de-l-epidemie-en-france-et-dans-le-monde-en-cartes-et-graphiques.html\"><strong>Suivez l\u2019\u00e9volution de l\u2019\u00e9pid\u00e9mie en France et dans le monde&nbsp;<\/strong><\/a><strong>(France info)<\/strong><\/p>\n\n\n\n<p><a href=\"https:\/\/covid19.healthdata.org\/france\">Projections par pays contaminations et morts Covid-19<\/a>&nbsp;(anglais, IHME)<\/p>\n\n\n\n<p><a href=\"https:\/\/wgntv.com\/news\/coronavirus\/johns-hopkins-offers-live-interactive-map-of-global-coronavirus-cases\/\">En continu carte et chiffres d\u00e9taill\u00e9s sur la Pand\u00e9mie&nbsp;<\/a>&nbsp;(anglais, John Hopkins University)<\/p>\n\n\n\n<p><a href=\"https:\/\/www.ft.com\/coronavirus-latest\">En continu graphiques et cartes sur la Pand\u00e9mie<\/a>&nbsp;(anglais, Financial Times)<\/p>\n\n\n\n<p><strong><span style=\"color:#c6143b\" class=\"has-inline-color\">22 Novembre&nbsp; en continu<\/span><\/strong><\/p>\n\n\n\n<p><strong>Covid<\/strong><\/p>\n\n\n\n<p><strong><a href=\"https:\/\/www.20minutes.fr\/sante\/3175999-20211121-coronavirus-faudra-faire-vacciner-tous-six-mois\">Faudra-t-il se faire vacciner tous les six mois<\/a> (20Minutes)<\/strong><\/p>\n\n\n\n<p><a href=\"https:\/\/www.msn.com\/fr-fr\/lifestyle\/trucs-et-astuces\/demorand-covid-19-alerte-maximale-sur-la-cinqui%C3%A8me-vague\/ar-AAQXSYA?cvid=2a806f71270f47d68007061544fad813&amp;ocid=winp1taskbar\">&nbsp;Covid-19 : alerte maximale sur la cinqui\u00e8me vague <\/a>&nbsp;(Le Point)<\/p>\n\n\n\n<p><a href=\"https:\/\/www.francetvinfo.fr\/sante\/maladie\/coronavirus\/covid-19-la-france-maintient-l-ecart-entre-l-augmentation-des-nouveaux-cas-et-l-augmentation-des-hospitalisations-rassure-un-infectiologue_4853551.html\">La France maintient l\u2019\u00e9cart entre nouveaux cas et hospitalisations selon infectiologue<\/a> (Francetvinfo)<\/p>\n\n\n\n<p><a href=\"https:\/\/www.alternativesante.fr\/coronavirus\/55-ans-pour-divulguer-l-integralite-des-donnees-liees-au-vaccin-pfizer\">55 ans pour divulguer l\u2019int\u00e9gralit\u00e9 des donn\u00e9es li\u00e9es au vaccin Pfizer<\/a> (Alternative sant\u00e9)<\/p>\n\n\n\n<p><a href=\"https:\/\/www.sudouest.fr\/pyrenees-atlantiques\/biarritz\/covid-19-et-obligation-vaccinale-le-medecin-biarrot-guillaume-barucq-recu-a-l-elysee-par-brigitte-macron-6876942.php\">Obligation vaccinale: le m\u00e9decin biarrot Guillaume Barucq re\u00e7u \u00e0 l\u2019\u00c9lys\u00e9e par Brigitte Macron<\/a>(Sud-Ouest)<\/p>\n\n\n\n<p><strong><a href=\"https:\/\/www.msn.com\/fr-fr\/lifestyle\/trucs-et-astuces\/covid-19-et-maladies-hivernales-toux-fi%C3%A8vre-comment-savoir-si-je-dois-me-faire-tester\/ar-AAQUodh?cvid=2d8265f428eb4115a1772bdd8fe91390&amp;ocid=winp1taskbar\">Maladies hivernales : toux, fi\u00e8vre\u2026 Comment savoir si je dois me faire tester ? <\/a>(Ouest-France)<\/strong><\/p>\n\n\n\n<p><a href=\"https:\/\/www.francetvinfo.fr\/sante\/maladie\/coronavirus\/covid-19-guadeloupe-pays-bas-autriche-les-manifestations-contre-les-restrictions-sanitaires-s-intensifient_4853273.html\">Guadeloupe, Pays-Bas, Autriche&nbsp;: manifestations contre restrictions sanitaires s\u2019intensifient<\/a> (Francetvinfo)<\/p>\n\n\n\n<p><a href=\"https:\/\/www.francetvinfo.fr\/sante\/maladie\/coronavirus\/appel-a-la-greve-generale-en-martinique-a-partir-de-lundi_4853589.html\">Appel \u00e0 la gr\u00e8ve g\u00e9n\u00e9rale en Martinique \u00e0 partir de lundi<\/a> (Francetvinfo)<\/p>\n\n\n\n<p><strong>Autre<\/strong><\/p>\n\n\n\n<p><strong><a href=\"https:\/\/www.mediapart.fr\/journal\/france\/191121\/requisitions-cellules-de-crise-le-ministere-anticipe-des-turbulences-pour-les-urgences\">R\u00e9quisitions, cellules de crise: le minist\u00e8re anticipe des turbulences pour les urgences<\/a> (M\u00e9diapart)&nbsp;<\/strong><\/p>\n\n\n\n<p><a href=\"https:\/\/www.humanite.fr\/sante-renforcer-la-securite-sociale-les-mutuelles-en-etau-entre-letat-et-le-marche-728231\">Renforcer la s\u00e9curit\u00e9 sociale&nbsp;: les mutuelles en \u00e9tau entre l\u2019\u00c9tat et le march\u00e9<\/a> (L\u2019Humanit\u00e9)<\/p>\n\n\n\n<p><a href=\"https:\/\/www.capital.fr\/entreprises-marches\/charcuterie-condamnee-dans-laffaire-des-nitrites-yuka-va-se-battre-jusquau-bout\">Charcuterie&nbsp;: condamn\u00e9e dans l\u2019affaire des nitrites Yuka va se battre jusqu\u2019au bout<\/a> (Capital)<\/p>\n\n\n\n<p><a href=\"https:\/\/www.msn.com\/fr-fr\/lifestyle\/trucs-et-astuces\/mal-de-dos-zoom-sur-la-discopathie-d%C3%A9g%C3%A9n%C3%A9rative\/ar-AAQUkJo?cvid=41133d9324a24c7aa24079ab687357a8&amp;ocid=winp1taskbar\">Mal de dos : zoom sur la discopathie d\u00e9g\u00e9n\u00e9rative<\/a> (Femme Actuelle)<\/p>\n\n\n\n<p><a href=\"https:\/\/www.humanite.fr\/Rugby:%20l\u2019ovalie%20face%20au%20\">Rugby: l\u2019ovalie face au \u00ab&nbsp;casse-t\u00eate&nbsp;\u00bb de la sant\u00e9 &nbsp;c\u00e9r\u00e9brale des joueurs<\/a>&nbsp;(L\u2019Humanit\u00e9)<\/p>\n\n\n\n<p><strong><span style=\"color:#ca0e2d\" class=\"has-inline-color\">21 Novembre &nbsp;en continu<\/span><\/strong><\/p>\n\n\n\n<p><a href=\"https:\/\/lecourrierdesstrateges.fr\/2021\/11\/18\/promesses-defficacite-dune-troisieme-injection-pour-faire-face-a-la-5e-vague\/\">Promesses d\u2019efficacit\u00e9 d\u2019une 3\u00e8 injection pour faire face \u00e0 la 5<sup>e<\/sup> vague<\/a> (Courrier des Strat\u00e8ges)<\/p>\n\n\n\n<p><a href=\"https:\/\/www.youtube.com\/watch?v=5A0CAC1ZzVY\">Non vaccin\u00e9s comme &nbsp;excuse pour la crise qui arrive <\/a>&nbsp;(Draw my economy)<\/p>\n\n\n\n<p><a href=\"https:\/\/www.francetvinfo.fr\/sante\/maladie\/coronavirus\/vaccin\/vaccination-contre-le-covid-19-a-quoi-sert-la-dose-de-rappel-recommandee-pour-les-plus-de-40-ans_4852165.html\">\u00c0 quoi sert la dose de rappel recommand\u00e9e pour les plus de 40 ans<\/a> (Francetvinfo)<\/p>\n\n\n\n<p><a href=\"https:\/\/www.20minutes.fr\/sante\/3177323-20211120-vaccination-pourquoi-recommandation-troisieme-dose-generalisee-fait-unanimite\">Pourquoi la recommandation de 3\u00e8 dose g\u00e9n\u00e9ralis\u00e9e ne fait pas l\u2019unanimit\u00e9<\/a> (20Minutes)<\/p>\n\n\n\n<p><a href=\"https:\/\/www.liberation.fr\/dossier\/journal-epidemie-coronavirus-lehmann\/\">Non-dits sur les effets ind\u00e9sirables du vaccin<\/a> (Lib\u00e9ration)<\/p>\n\n\n\n<p><a href=\"https:\/\/lecourrierdesstrateges.fr\/2021\/11\/19\/pour-renaud-muselier-il-faut-punir-les-non-vaccines-qui-sont-des-bombes-virales\/\">Pour Renaud Muselier il faut punir les non-vaccin\u00e9s qui sont des bombes virales<\/a> (Le Courrier des Strat\u00e8ges)<\/p>\n\n\n\n<p><strong><a href=\"https:\/\/www.youtube.com\/watch?v=jbWw5tTQIYY\">Vaccins et reconfinement, heure de v\u00e9rit\u00e9 pour Macron&nbsp;? avec Philippe Prigent<\/a> (TVLibert\u00e9s)<\/strong><\/p>\n\n\n\n<p><strong><a href=\"https:\/\/www.francetvinfo.fr\/sante\/maladie\/coronavirus\/infographies-reprise-de-l-epidemie-de-covid-19-on-a-compare-cette-cinquieme-vague-avec-celle-de-l-automne-2020_4847213.html\">Nous avons compar\u00e9 cette 5\u00e8 vague avec celle de l\u2019automne 2020<\/a> (Francetvinfo)<\/strong><\/p>\n\n\n\n<p><a href=\"https:\/\/www.20minutes.fr\/sante\/3176543-20211119-coronavirus-nombre-classes-fermees-plus-haut-depuis-rentree\">Nombre classes ferm\u00e9es au plus haut depuis la rentr\u00e9e<\/a> (20Minutes)<\/p>\n\n\n\n<p><strong>Outre-mer<\/strong><\/p>\n\n\n\n<p><a href=\"https:\/\/www.20minutes.fr\/societe\/3173899-20211120-coronavirus-pourquoi-outre-mer-restent-reticents-obligation-vaccinale-pass-sanitaire\">Pourquoi les Outre-mer restent r\u00e9ticents \u00e0 obligation vaccinale et passe sanitaire<\/a> (20Minutes)<\/p>\n\n\n\n<p><strong><a href=\"https:\/\/www.francetvinfo.fr\/sante\/maladie\/coronavirus\/c-est-une-provocation-en-guadeloupe-les-habitants-se-disent-exasperes-par-le-couvre-feu_4852123.html\">Couvre-feu&nbsp;: C\u2019est-une-provocation&nbsp;: en Guadeloupe les habitants se disent exasp\u00e9r\u00e9s<\/a> (Francetvinfo)<\/strong><\/p>\n\n\n\n<p><a href=\"https:\/\/www.francetvinfo.fr\/sante\/maladie\/coronavirus\/vaccin\/guadeloupe-j-ai-prevenu-les-autorites-nationales-j-ai-eu-un-retour-negatif-a-la-limite-du-mepris-regrette-le-president-de-la-region-ary-chalus_4852393.html\">J\u2019ai pr\u00e9venu autorit\u00e9s nationales, j\u2019ai eu retour n\u00e9gatif limite m\u00e9pris dit Pr\u00e9sident de r\u00e9gion<\/a> (Francetvinfo)<\/p>\n\n\n\n<p><a href=\"https:\/\/www.francetvinfo.fr\/sante\/maladie\/coronavirus\/direct-covid-19-apres-les-violences-en-guadeloupe-une-cellule-de-crise-interministerielle-se-reunit-a-18-heures_4852333.html\">Guadeloupe une cellule de crise interminist\u00e9rielle se r\u00e9unit \u00e0 18 heures<\/a> (Francetvinfo)<\/p>\n\n\n\n<p><\/p>\n\n\n\n<p><strong>Europe<\/strong><\/p>\n\n\n\n<p><a href=\"https:\/\/www.francetvinfo.fr\/sante\/maladie\/coronavirus\/pays-bas-des-blesses-par-des-tirs-de-la-police-a-rotterdam-lors-d-une-manifestation-contre-des-mesures-de-confinement-partiel-dues-au-covid-19_4851461.html\">Pays-Bas: bless\u00e9s par tirs de police \u00e0 Rotterdam en manifestation contre confinement partiel<\/a> (Francetvinfo)<\/p>\n\n\n\n<p><a href=\"https:\/\/www.20minutes.fr\/monde\/3177423-20211120-coronavirus-autriche-pres-40000-manifestants-rassembles-protester-contre-confinement\">Autriche&nbsp;: pr\u00e8s de 40&nbsp;000 manifestants rassembles pour protester contre confinement<\/a><\/p>\n\n\n\n<p><strong>Autre<\/strong><\/p>\n\n\n\n<p><a href=\"https:\/\/www.humanite.fr\/sante-le-rein-de-porc-greffon-du-futur-727801\">Le-rein-de-porc-greffon-du-futur<\/a> (L\u2019Humanit\u00e9)<\/p>\n\n\n\n<p><a href=\"https:\/\/www.huffingtonpost.fr\/entry\/stations-de-ski-pass-sanitaire-masques-quel-protocole-a-partir-de-ce-samedi-20-novembre_fr_6198c3a3e4b0451e54fa5e24\">Stations de ski, passe sanitaire masques quel protocole \u00e0 partir de ce samedi 20 novembre<\/a> (HuffPost)<\/p>\n\n\n\n<p><strong><span style=\"text-decoration: underline;\">Analyse<\/span><\/strong><\/p>\n\n\n\n<p><a href=\"https:\/\/www.francetvinfo.fr\/sante\/maladie\/coronavirus\/infographies-covid-19-morts-hospitalisations-age-malades-l-evolution-de-l-epidemie-en-france-et-dans-le-monde-en-cartes-et-graphiques.html\"><strong>Suivez l\u2019\u00e9volution de l\u2019\u00e9pid\u00e9mie en France et dans le monde&nbsp;<\/strong><\/a><strong>(France info)<\/strong><\/p>\n\n\n\n<p><a href=\"https:\/\/covid19.healthdata.org\/france\">Projections par pays contaminations et morts Covid-19<\/a>&nbsp;(anglais, IHME)<\/p>\n\n\n\n<p><a href=\"https:\/\/wgntv.com\/news\/coronavirus\/johns-hopkins-offers-live-interactive-map-of-global-coronavirus-cases\/\">En continu carte et chiffres d\u00e9taill\u00e9s sur la Pand\u00e9mie&nbsp;<\/a>&nbsp;(anglais, John Hopkins University)<\/p>\n\n\n\n<p><a href=\"https:\/\/www.ft.com\/coronavirus-latest\">En continu graphiques et cartes sur la Pand\u00e9mie<\/a>&nbsp;(anglais, Financial Times)<\/p>\n\n\n\n<p><strong><span style=\"color:#d71b2b\" class=\"has-inline-color\">20 novembre en continu<\/span><\/strong><\/p>\n\n\n\n<p><a href=\"https:\/\/lecourrierdesstrateges.fr\/2021\/11\/19\/scoop-Urgent-panique-de-macron-face-a-la-degradation-de-la-situation\/\">Urgent panique de Macron face \u00e0 la d\u00e9gradation de la situation\/<\/a> (Le Courrier des Strat\u00e8ges)<\/p>\n\n\n\n<figure class=\"wp-block-image size-full is-resized is-style-default\"><img data-recalc-dims=\"1\" loading=\"lazy\" decoding=\"async\" src=\"https:\/\/i0.wp.com\/www.rdpemancipation.org\/wp-content\/uploads\/2021\/11\/bb69e0d24d6decf1.png?resize=376%2C527&#038;ssl=1\" alt=\"\" class=\"wp-image-58398\" width=\"376\" height=\"527\" srcset=\"https:\/\/i0.wp.com\/www.rdpemancipation.org\/wp-content\/uploads\/2021\/11\/bb69e0d24d6decf1.png?w=514&amp;ssl=1 514w, https:\/\/i0.wp.com\/www.rdpemancipation.org\/wp-content\/uploads\/2021\/11\/bb69e0d24d6decf1.png?resize=214%2C300&amp;ssl=1 214w\" sizes=\"auto, (max-width: 376px) 100vw, 376px\" \/><\/figure>\n\n\n\n<p><a href=\"https:\/\/lecourrierdesstrateges.fr\/2021\/11\/19\/la-peur-dune-5e-vague-justifiee-par-des-mesures-de-restrictions-et-de-durcissements-pour-les-non-vaccines\/\">Peur 5<sup>e<\/sup> vague justifie  mesures de restrictions et durcissement pour non-vaccin\u00e9s<\/a> (Courrier des Strat\u00e8ges)<\/p>\n\n\n\n<figure class=\"wp-block-image is-resized is-style-default\"><img data-recalc-dims=\"1\" loading=\"lazy\" decoding=\"async\" src=\"https:\/\/i0.wp.com\/mamot.fr\/system\/media_attachments\/files\/107\/240\/796\/532\/645\/820\/original\/5a56e5a762224210.jpeg?resize=370%2C446&#038;ssl=1\" alt=\"\" width=\"370\" height=\"446\"\/><\/figure>\n\n\n\n<p> <a href=\"https:\/\/www.msn.com\/fr-fr\/lifestyle\/trucs-et-astuces\/coronavirus-%C3%A0-lille-et-si-un-des-plus-vieux-vaccins-du-monde-se-montrait-efficace-contre-le-covid-pour-les-diab%C3%A9tiques\/ar-AAQTJ9m?cvid=24bc8236153e439dcbfdb3346637f6c2&amp;ocid=winp1taskbar\">Lille : Et si un des plus vieux vaccins du monde \u00e9tait efficace contre le Covid &nbsp;<\/a>(20Minutes) <\/p>\n\n\n\n<p><a href=\"https:\/\/lecourrierdesstrateges.fr\/2021\/11\/19\/selon-les-pompiers-le-chu-de-guadeloupe-a-ordre-de-cacher-les-vaccines-hospitalises\/\">Selon les pompiers, le CHU de Guadeloupe a ordre de cacher les vaccin\u00e9s hospitalis\u00e9s<\/a> <a><span class=\"has-inline-color has-contrast-color\">(Courrier des Strat\u00e8ges)<\/span><\/a><\/p>\n\n\n\n<p><a href=\"https:\/\/www.msn.com\/fr-fr\/actualite\/france\/covid-19-la-troisi%c3%a8me-dose-recommand%c3%a9e-d%c3%a8s-40-ans-en-france\/ar-AAQUHkr?ocid=winp1taskbar\">Covid-19 : la troisi\u00e8me dose recommand\u00e9e d\u00e8s 40 ans en France <\/a>(Lib\u00e9ration)<\/p>\n\n\n\n<p><a href=\"https:\/\/www.msn.com\/fr-fr\/actualite\/societe\/la-has-recommande-une-dose-de-rappel-pour-les-personnes-ayant-attrap%C3%A9-le-covid-malgr%C3%A9-leur-vaccination\/ar-AAQUIVV?ocid=winp1taskbar\">La HAS recommande dose de rappel pour les personnes ayant eu Covid malgr\u00e9 vaccination<\/a> (L\u2019Obs)<\/p>\n\n\n\n<p><strong><a href=\"https:\/\/youtu.be\/_dgF6iodSBI\">Secret d\u00e9fense en France&nbsp;: Le scandale permanent_<\/a>( Le M\u00e9dia)<\/strong><\/p>\n\n\n\n<p><a href=\"https:\/\/www.msn.com\/fr-fr\/actualite\/france\/coronavirus-une-%C3%A9cole-ferm%C3%A9e-%C3%A0-paris-apr%C3%A8s-trois-cas-positifs-l-ars-refuse-de-parler-de-nouveau-cluster\/ar-AAQU2tg?ocid=winp1taskbar\"> Une \u00e9cole ferm\u00e9e \u00e0 Paris apr\u00e8s trois cas positifs, l\u2019ARS refuse de parler de\u00a0\u00bb cluster \u00ab\u00a0<\/a> (Ouest-France)<\/p>\n\n\n\n<p><a href=\"https:\/\/lecourrierdesstrateges.fr\/2021\/11\/18\/etats-unis-le-sort-de-lobligation-vaccinale-entre-les-mains-de-la-cour-dappel-federale\/\">\u00c9tats-Unis: le sort de l\u2019obligation vaccinale entre les mains de la Cour d\u2019appel f\u00e9d\u00e9rale<\/a> (Courrier des Strat\u00e8ges)<\/p>\n\n\n\n<p><strong><span style=\"text-decoration: underline;\">Analyse<\/span><\/strong><\/p>\n\n\n\n<p><a href=\"https:\/\/www.francetvinfo.fr\/sante\/maladie\/coronavirus\/infographies-covid-19-morts-hospitalisations-age-malades-l-evolution-de-l-epidemie-en-france-et-dans-le-monde-en-cartes-et-graphiques.html\"><strong>Suivez l\u2019\u00e9volution de l\u2019\u00e9pid\u00e9mie en France et dans le monde&nbsp;<\/strong><\/a><strong>(France info)<\/strong><\/p>\n\n\n\n<p><a href=\"https:\/\/covid19.healthdata.org\/france\">Projections par pays contaminations et morts Covid-19<\/a>&nbsp;(anglais, IHME)<\/p>\n\n\n\n<p><a href=\"https:\/\/wgntv.com\/news\/coronavirus\/johns-hopkins-offers-live-interactive-map-of-global-coronavirus-cases\/\">En continu carte et chiffres d\u00e9taill\u00e9s sur la Pand\u00e9mie&nbsp;<\/a>&nbsp;(anglais, John Hopkins University)<\/p>\n\n\n\n<p><a href=\"https:\/\/www.ft.com\/coronavirus-latest\">En continu graphiques et cartes sur la Pand\u00e9mie<\/a>&nbsp;(anglais, Financial Times)<\/p>\n\n\n\n<p> <strong><span style=\"color:#e11b32\" class=\"has-inline-color\">19 Novembre en continu<\/span><\/strong>  <\/p>\n\n\n\n<p><strong>Covid<\/strong><\/p>\n\n\n\n<p><a href=\"https:\/\/www.francetvinfo.fr\/replay-radio\/le-vrai-du-faux-numerique\/covid-les-personnes-vaccinees-sont-elles-onze-fois-plus-hospitalisees-que-celles-non-vaccinees-dans-les-pays-de-la-loire-comme-l-affirme-un-tweet_4849655.html\">Pays de Loire&nbsp;: Personnes vaccin\u00e9es 11 fois plus hospitalis\u00e9es que celles non vaccin\u00e9es&nbsp;?<\/a> (Francetvinfo)<\/p>\n\n\n\n<p><a href=\"https:\/\/www.msn.com\/fr-fr\/actualite\/france\/covid-19-pourquoi-y-a-t-il-d%C3%A9sormais-plus-de-vaccin%C3%A9s-que-de-non-vaccin%C3%A9s-admis-%C3%A0-l-h%C3%B4pital\/ar-AAQQH1z?cvid=06a63f3189134ff788508c7246bbba50&amp;ocid=winp1taskbar\">Pourquoi y a-t-il d\u00e9sormais plus de vaccin\u00e9s que de non-vaccin\u00e9s admis \u00e0 l\u2019h\u00f4pital ? <\/a>(Le Parisien)<\/p>\n\n\n\n<p><a href=\"https:\/\/lecourrierdesstrateges.fr\/2021\/11\/17\/une-entreprise-britannique-va-tester-un-vaccin-a-cellules-t\/\">Une entreprise britannique va tester un vaccin \u00e0 cellules T<\/a>&nbsp;&nbsp; (Le Courrier des Strat\u00e8ges)<\/p>\n\n\n\n<p><a href=\"https:\/\/www.francetvinfo.fr\/sante\/maladie\/coronavirus\/depistage-du-covid-19-on-vous-explique-pourquoi-le-retour-a-la-gratuite-des-tests-est-defendu-par-plusieurs-specialistes_4849335.html\">D\u00e9pistage: Pourquoi le retour \u00e0 la gratuit\u00e9 des tests est d\u00e9fendu-par plusieurs specialistes&nbsp;?<\/a> (Francetvinfo)<\/p>\n\n\n\n<p><a href=\"https:\/\/www.msn.com\/fr-fr\/actualite\/other\/m%C3%A9dicament-contre-le-covid-19-astrazeneca-annonce-des-essais-cliniques-r%C3%A9ussis\/ar-AAQRF4Y?ocid=winp1taskbar\">M\u00e9dicament contre le Covid-19 : AstraZeneca annonce des essais cliniques r\u00e9ussis<\/a> (Le Parisien)<\/p>\n\n\n\n<p><a href=\"https:\/\/www.huffingtonpost.fr\/entry\/lagevrio-pilule-anti-covid-merck-disponible-pharmacie-decembre_fr_61963b92e4b044a1cc032550\">Pilule anti-Covid de Merck disponible en pharmacie en d\u00e9cembre<\/a> <a><span class=\"has-inline-color has-contrast-color\">(HuffPost)<\/span><\/a><\/p>\n\n\n\n<p><a href=\"https:\/\/www.msn.com\/fr-fr\/actualite\/france\/vrai-ou-fake-vaccin-contre-le-covid-19-pfizer-reconna%C3%AEt-il-qu-il-faudra-cinq-ans-pour-conna%C3%AEtre-les-risques-chez-les-jeunes-enfants\/ar-AAQR940?ocid=winp1taskbar\">Vaccin : Pfizer reconna\u00eet-il qu&rsquo;il faudra cinq ans pour conna\u00eetre les risques chez les jeunes enfants ? <\/a>&nbsp;(MSN)<\/p>\n\n\n\n<p><a href=\"https:\/\/lecourrierdesstrateges.fr\/2021\/11\/17\/maitre-x-cette-impressionnante-liste-de-sportifs-vaccines-subitement-decedes\/?utm_source=mailpoet&amp;utm_medium=email&amp;utm_campaign=les-derniers-articles-du-courrier-des-strateges_164\">Cette impressionnante liste de sportifs vaccin\u00e9s subitement d\u00e9c\u00e9d\u00e9s<\/a> (Le Courrier des Strat\u00e8ges)<\/p>\n\n\n\n<p><a href=\"https:\/\/www.leslignesbougent.org\/petitions\/non-au-piratage-de-nos-donnees-medicales-441\/?source=LLB140010021&amp;co_source1=PST140170020&amp;utm_campaign=non-au-piratage-de-nos-donnees-medicales&amp;utm\">Non au piratage de nos donn\u00e9es m\u00e9dicales-_<\/a>(Les Lignes bougent)<\/p>\n\n\n\n<p><a href=\"https:\/\/fr.sputniknews.com\/20211117\/conseil-de-defense-sanitaire-le-secret-defense-encore-devoye-1052640734.html\">Conseil de d\u00e9fense sanitaire : le secret D\u00e9fense encore d\u00e9voy\u00e9-<\/a> (SputnikNews)<\/p>\n\n\n\n<p><a href=\"https:\/\/www.huffingtonpost.fr\/entry\/la-france-va-rouvrir-des-vaccinodromes-fermes-depuis-lete_fr_61962305e4b0f398af0077ae\">La France va rouvrir des vaccinodromes ferm\u00e9s depuis l\u2019\u00e9t\u00e9<\/a> (HuffPost)<\/p>\n\n\n\n<p><strong>Autre<\/strong><\/p>\n\n\n\n<p><a href=\"https:\/\/www.huffingtonpost.fr\/entry\/au-chu-de-rennes-un-service-durgences-a-bout-se-met-en-greve_fr_6196b060e4b0f398af02701d\">CHU de Rennes, service d\u2019urgences \u00e0 bout se met en gr\u00e8ve<\/a> <a><span class=\"has-inline-color has-contrast-color\">(HuffPost)<\/span><\/a><\/p>\n\n\n\n<p><strong><a href=\"https:\/\/blogs.mediapart.fr\/jean-marc-b\/blog\/181121\/18-novembre-2021-jour-de-toutes-les-coleres-du-secteur-de-la-sante-mentale\">18 novembre 2021, jour de toutes les col\u00e8res du secteur de la sant\u00e9 mentale <\/a>(Luttes Invisibl<\/strong>es)<\/p>\n\n\n\n<figure class=\"wp-block-image is-resized is-style-default\"><img loading=\"lazy\" decoding=\"async\" src=\"https:\/\/scontent.fsti4-2.fna.fbcdn.net\/v\/t39.30808-6\/259037125_1329602717462193_3023465883259502338_n.png?_nc_cat=106&amp;_nc_rgb565=1&amp;ccb=1-5&amp;_nc_sid=730e14&amp;_nc_eui2=AeEPSbsWQHnf1DDigG14mN-Q6uiaJStPCU7q6JolK08JTuqmEfvZBwz3hxoCpMnOYN4&amp;_nc_ohc=ABlO8OXL2ooAX_hmBFC&amp;_nc_ht=scontent.fsti4-2.fna&amp;oh=fe8a25efc03e6f4f7687668e90ed9bd3&amp;oe=619BD3F6\" alt=\"Peut \u00eatre une image de 9 personnes, personnes debout et plein air\" width=\"510\" height=\"287\"\/><\/figure>\n\n\n\n<p><a href=\"https:\/\/www.francetvinfo.fr\/sante\/maladie\/coronavirus\/est-il-vrai-quil-ny-a-plus-que-quatre-pediatres-en-indre-comme-laffirme-le-candidat-lr-philippe-juvin_4849839.html\">Est-il vrai qu\u2019il n\u2019y a plus que 4 p\u00e9diatres en Indre comme l\u2019affirme Philippe Juvin&nbsp;?<\/a> (Francetvinfo)<\/p>\n\n\n\n<p><strong>Analyse<\/strong><\/p>\n\n\n\n<p><a href=\"https:\/\/theconversationfrance.cmail20.com\/t\/r-l-trijlrtt-bljhhjjkyu-jj\/\">La m\u00e9decine confront\u00e9e aux limites, questionnement \u00e9thiques et sagesse pratique<\/a> (The Conversation)<\/p>\n\n\n\n<p><a href=\"https:\/\/www.francetvinfo.fr\/sante\/maladie\/coronavirus\/infographies-covid-19-morts-hospitalisations-age-malades-l-evolution-de-l-epidemie-en-france-et-dans-le-monde-en-cartes-et-graphiques.html\"><strong>Suivez l\u2019\u00e9volution de l\u2019\u00e9pid\u00e9mie en France et dans le monde&nbsp;<\/strong><\/a><strong>(France info)<\/strong><\/p>\n\n\n\n<p><a href=\"https:\/\/covid19.healthdata.org\/france\">Projections par pays contaminations et morts Covid-19<\/a>&nbsp;(anglais, IHME)<\/p>\n\n\n\n<p><a href=\"https:\/\/wgntv.com\/news\/coronavirus\/johns-hopkins-offers-live-interactive-map-of-global-coronavirus-cases\/\">En continu carte et chiffres d\u00e9taill\u00e9s sur la Pand\u00e9mie&nbsp;<\/a>&nbsp;(anglais, John Hopkins University)<\/p>\n\n\n\n<p><a href=\"https:\/\/www.ft.com\/coronavirus-latest\">En continu graphiques et cartes sur la Pand\u00e9mie<\/a>&nbsp;(anglais, Financial Times)<\/p>\n\n\n\n<p> <strong><span style=\"color:#e11b32\" class=\"has-inline-color\">18 Novembre en continu<\/span><\/strong> <\/p>\n\n\n\n<p><strong>Covid<\/strong><\/p>\n\n\n\n<p><a href=\"https:\/\/www.boursorama.com\/actualite-economique\/actualites\/accord-pour-faciliter-l-acces-mondial-a-la-pilule-anti-covid-de-pfizer-13d36c514602f87678c1d5195c0169f6\">Accord pour faciliter l&rsquo;acc\u00e8s mondial \u00e0 la pilule anti-Covid de Pfizer<\/a> (AFP)<\/p>\n\n\n\n<p><a href=\"https:\/\/lanticapitaliste.org\/actualite\/sante\/brevets-covid-un-hold-equivalent-lembauche-de-59-000-infirmieres\">Brevets Covid : un hold-up \u00e9quivalent \u00e0 l\u2019embauche de 59\u2009000 infirmierEs<\/a>&#8211; Frank Prouhet<\/p>\n\n\n\n<p><a href=\"https:\/\/www.humanite.fr\/vaccin-covid-pourquoi-la-tension-monte-entre-moderna-et-le-gouvernement-americain-727678#xtor=RSS-1\">Vaccin Covid. Pourquoi la tension monte entre Moderna et le gouvernement am\u00e9ricain<\/a> (L\u2019Humanit\u00e9) <\/p>\n\n\n\n<p><a href=\"https:\/\/www.francetvinfo.fr\/sante\/maladie\/coronavirus\/cinquieme-vague-de-covid-19-ce-n-est-pas-un-echec-des-vaccins-selon-jean-francois-delfraissy_4848055.html\">5\u00e8 vague&nbsp;:\u2018\u2019Ce n\u2019est pas un \u00e9chec des vaccins\u2019\u2019 selon Jean-Fran\u00e7ois Delfraissy<\/a> &nbsp;(Francetvinfo)<\/p>\n\n\n\n<p><a href=\"https:\/\/www.youtube.com\/watch?v=ZP435SoQhfI\">Sportive doublement vaccin\u00e9e morte du Covid<\/a> (Draw my economy) Vid\u00e9o<\/p>\n\n\n\n<p><a href=\"https:\/\/www.huffingtonpost.fr\/entry\/variant-congo-coronavirus-vrai-danger-ou-arbre-qui-cache-la-foret_fr_6193d2b2e4b0499c18bf16ea\">Variant congolais&nbsp;: Vrai danger ou arbre qui cache la for\u00eat&nbsp;?_<\/a> (HuffPost)<\/p>\n\n\n\n<p><a href=\"https:\/\/www.huffingtonpost.fr\/entry\/variant-c12-pourquoi-il-ne-faut-pas-sinquieter-pour-le-moment_fr_612e159de4b01d0862f54110?ncid=other_huffpostre_pqylmel2bk8&amp;utm_campaign=related_articles\">Variant C.1.2: pourquoi il ne faut pas s\u2019inqui\u00e9ter pour le moment<\/a>&nbsp; (HuffPost)<\/p>\n\n\n\n<p><a href=\"https:\/\/www.francetvinfo.fr\/sante\/maladie\/coronavirus\/covid-19-faut-il-craindre-une-saturation-des-hopitaux-face-a-la-reprise-de-lepidemie_4848211.html\"><strong>Faut-il craindre une saturation des h\u00f4pitaux face \u00e0 la reprise de l\u2019\u00e9pid\u00e9mie?.<\/strong><\/a> (Francetvinfo)<\/p>\n\n\n\n<p><a href=\"https:\/\/www.youtube.com\/watch?v=5i50yE1Lrzw\">Controverse: Lo\u00eec Herv\u00e9 au S\u00e9nat <\/a>&nbsp;(Public S\u00e9nat) Vid\u00e9o<\/p>\n\n\n\n<p><a href=\"https:\/\/la1ere.francetvinfo.fr\/guyane\/ouest-guyanais\/guyane\/covid-19-sante-publique-france-fait-le-bilan-de-18-mois-de-crise-sanitaire-en-guyane-1156846.html\">Guyane: Sant\u00e9 publique France fait le bilan de 18 mois de crise sanitaire-<\/a> (Francetvinfo)<\/p>\n\n\n\n<p><a href=\"https:\/\/www.lci.fr\/sante\/en-direct-covid-19-pandemie-epidemie-coronavirus-la-slovaquie-va-a-son-tour-confiner-les-non-vaccines-annonce-le-premier-ministre-2196156.html\">Slovaquie va a son tour confiner les non vaccin\u00e9s annonce le premier ministre-<\/a>&nbsp; (LCI)<\/p>\n\n\n\n<p><strong><span style=\"text-decoration: underline;\">Autre<\/span><\/strong><\/p>\n\n\n\n<p><strong><a href=\"https:\/\/france3-regions.francetvinfo.fr\/paris-ile-de-france\/essonne\/faute-de-soignants-les-urgences-pediatriques-de-longjumeau-sont-restees-fermees-toute-une-journee-2338906.html\">Faute de soignants, les urgences p\u00e9diatriques de Longjumeau sont rest\u00e9es ferm\u00e9es toute une journ\u00e9e<\/a> (France Info)<\/strong><\/p>\n\n\n\n<p><a href=\"https:\/\/www.20minutes.fr\/sante\/3173459-20211116-lacq-sante-publique-france-assure-que-le-bassin-industriel-ne-genere-pas-de-surmortalite\">Lacq&nbsp;: Sant\u00e9 publique France dit que le bassin industriel ne g\u00e9n\u00e8re pas de surmortalit\u00e9<\/a> (20Minutes)<\/p>\n\n\n\n<p><a href=\"https:\/\/www.20minutes.fr\/monde\/3175063-20211117-crise-opiaces-etats-unis-depassent-100000-deces-overdose-an\">\u00c9tats-Unis d\u00e9passent 100&nbsp;000 d\u00e9c\u00e8s overdose par an<\/a>&nbsp; (20Minutes)<strong><\/strong><\/p>\n\n\n\n<p><a href=\"https:\/\/www.humanite.fr\/addiction-cause-dinstagram-je-deteste-mon-corps-726962\">Addiction: \u00a0\u00bb\u00e0 cause d\u2019Instagram, je d\u00e9teste <strong>mon corps\u00a0\u00bb-<\/strong><\/a>&nbsp; &nbsp;(L\u2019Humanit\u00e9)<\/p>\n\n\n\n<p><a href=\"https:\/\/www.20minutes.fr\/toulouse\/3174591-20211117-toulouse-quoi-collecte-sangs-rares\">Toulouse: C\u2019est &nbsp;quoi cette collecte de sangs rares&nbsp;?<\/a>&nbsp; (20Minutes)<\/p>\n\n\n\n<p><strong><span style=\"text-decoration: underline;\">Analyse<\/span><\/strong><\/p>\n\n\n\n<p><strong><a href=\"https:\/\/www.youtube.com\/watch?v=cIhBxqb2Cck&amp;list=RDCMUCX6iYvJWGOQfGsFo2KSSm-w&amp;start_radio=1&amp;t=7s\">Statistiques :&nbsp;Itin\u00e9raire d\u2019une d\u00e9marche de questionnement<\/a> <\/strong>(France Soir) Vid\u00e9o<\/p>\n\n\n\n<p><a href=\"https:\/\/www.francetvinfo.fr\/sante\/maladie\/coronavirus\/infographies-covid-19-morts-hospitalisations-age-malades-l-evolution-de-l-epidemie-en-france-et-dans-le-monde-en-cartes-et-graphiques.html\"><strong>Suivez l\u2019\u00e9volution de l\u2019\u00e9pid\u00e9mie en France et dans le monde&nbsp;<\/strong><\/a><strong>(France info)<\/strong><\/p>\n\n\n\n<p><a href=\"https:\/\/covid19.healthdata.org\/france\">Projections par pays contaminations et morts Covid-19<\/a>&nbsp;(anglais, IHME)<\/p>\n\n\n\n<p><a href=\"https:\/\/wgntv.com\/news\/coronavirus\/johns-hopkins-offers-live-interactive-map-of-global-coronavirus-cases\/\">En continu carte et chiffres d\u00e9taill\u00e9s sur la Pand\u00e9mie&nbsp;<\/a>&nbsp;(anglais, John Hopkins University)<\/p>\n\n\n\n<p><a href=\"https:\/\/www.ft.com\/coronavirus-latest\">En continu graphiques et cartes sur la Pand\u00e9mie<\/a>&nbsp;(anglais, Financial Times)<\/p>\n\n\n\n<p><strong><span style=\"color:#e11b32\" class=\"has-inline-color\">17 Novembre en continu<\/span><\/strong><\/p>\n\n\n\n<p><strong><span style=\"text-decoration: underline;\">Covid<\/span><\/strong><\/p>\n\n\n\n<p><a href=\"https:\/\/www.revolutionpermanente.fr\/Reprise-epidemique-exigeons-la-gratuite-immediate-des-tests-pour-toutes-et-tous\">Reprise \u00e9pid\u00e9mique&nbsp;: exigeons la gratuit\u00e9 imm\u00e9diate des tests pour toutes et tous&nbsp;!<\/a> (RP)<\/p>\n\n\n\n<p><a href=\"https:\/\/www.mediapart.fr\/journal\/france\/161121\/en-nouvelle-caledonie-le-ministre-des-outre-mer-participe-un-apero-clandestin-en-plein-confinement\">En lle-Cal\u00e9donie, le ministre Outre-mer participe \u00e0 un \u00abap\u00e9ro\u00bb clandestin en plein confinement<\/a> (M\u00e9diapart)<\/p>\n\n\n\n<p><a href=\"https:\/\/lundi.am\/La-lutte-contre-le-Passe-sanitaire-dans-le-miroir-italien\">Passe Sanitaire, conspirationnisme et luttes sociales<\/a> -entretien avec Wu Ming<\/p>\n\n\n\n<p><strong><a href=\"https:\/\/www.youtube.com\/watch?v=byBisQaLh54\">Scandale du business des donn\u00e9es de sant\u00e9<\/a> <\/strong>(Blast)<\/p>\n\n\n\n<p><a href=\"https:\/\/www.youtube.com\/watch?v=EvYpKtnagdY\">L\u2019\u00c9tat envisage-t-il de confiner les non vaccin\u00e9s&nbsp;?<\/a>&nbsp; (Draw my economy)<\/p>\n\n\n\n<p><strong><a href=\"https:\/\/www.francetvinfo.fr\/sante\/maladie\/coronavirus\/covid-19-il-n-y-a-absolument-aucun-confinement-qui-est-prevu-aujourd-hui-ni-de-pres-ni-de-loin-affirme-gabriel-attal_4846745.html\">Absolument aucun confinement pr\u00e9vu-aujourd\u2019hui, affirme Gabriel Attal&#8230;<\/a> <\/strong>(Francetvinfo)<\/p>\n\n\n\n<p><a href=\"https:\/\/www.femmeactuelle.fr\/sante\/news-sante\/covid-19-lastuce-toute-simple-pour-moins-postillonner-et-limiter-les-risques-de-transmission-2101650\">Covid-19 : l\u2019astuce toute simple pour moins postillonner et limiter les risques de transmission<\/a> (Femme Actuelle Le MAG)<\/p>\n\n\n\n<p><a href=\"https:\/\/www.msn.com\/fr-fr\/lifestyle\/trucs-et-astuces\/transmission-du-covid-19-une-nouvelle-enqu%C3%AAte-r%C3%A9v%C3%A8le-les-lieux-les-moins-bien-ventil%C3%A9s\/ar-AAQLHTO?cvid=f43a486769734b48803854ffe8a727d8&amp;ocid=winp1taskbar\">Transmission du Covid-19 : une nouvelle enqu\u00eate r\u00e9v\u00e8le les lieux les moins bien ventil\u00e9s <\/a>(MSN)<\/p>\n\n\n\n<p><a href=\"https:\/\/lecourrierdesstrateges.fr\/2021\/11\/15\/mandat-vaccinal-de-biden-conflit-entre-la-loi-de-letat-et-les-legislations-federales-la-resistance-republicaine-sorganise\/\">Mandat vaccinal de Biden&nbsp;:conflit entre loi de l\u2019\u00c9tat et l\u00e9gislations f\u00e9d\u00e9rales-<\/a> (Courrier des Strat\u00e8ges)<\/p>\n\n\n\n<p><a href=\"https:\/\/www.francetvinfo.fr\/sante\/maladie\/coronavirus\/covid-19-des-hopitaux-pas-assez-equipes-pour-faire-face-a-une-vague-importante-de-cas_4845639.html\">H\u00f4pitaux pas assez \u00e9quip\u00e9s pour faire face \u00e0 une vague importante de cas<\/a> (Francetvinfo)<\/p>\n\n\n\n<p><a href=\"https:\/\/www.huffingtonpost.fr\/entry\/assemblee-nationale-debats-jean-castex-les-republicains-moyens-hopital_fr_6193ca51e4b05e93cbb586a3\">Assembl\u00e9e nationale&nbsp;:Le ton monte entre Castex et LR sur moyens de l\u2019h\u00f4pital<\/a> (HuffPost)<\/p>\n\n\n\n<p><a href=\"https:\/\/lecourrierdesstrateges.fr\/2021\/11\/15\/obligation-vaccinale-le-tribunal-judiciaire-de-colmar-se-declare-incompetent\/\">Obligation vaccinale&nbsp;: le tribunal judiciaire de Colmar se d\u00e9clare incomp\u00e9tent<\/a> (Courrier des Strat\u00e8ges)<\/p>\n\n\n\n<p><strong><a href=\"https:\/\/www.youtube.com\/watch?v=sGos9V_zIjM\">En 1979, Jacques Attali d\u00e9voile le plan de dictature sanitaire <\/a><\/strong>&nbsp;(Mysa)<\/p>\n\n\n\n<p><strong><a href=\"https:\/\/www.humanite.fr\/il-y-urgence-le-billet-du-dr-christophe-prudhomme-arnaque-727669\">Il y a urgence&nbsp;: le billet du Dr Christophe Prudhomme. Arnaque-<\/a> <\/strong>(L\u2019Humanit\u00e9)<\/p>\n\n\n\n<p><strong><a href=\"https:\/\/www.francetvinfo.fr\/sante\/maladie\/coronavirus\/confinement\/vrai-ou-fake-le-covid-19-ne-represente-que-2-des-hospitalisations-en-2020_4846949.html\">Le Covid-19 ne repr\u00e9sente-t-il que 2% des hospitalisations en 2020 ?<\/a> <\/strong>(Francetvinfo)<\/p>\n\n\n\n<p><a href=\"https:\/\/lecourrierdesstrateges.fr\/2021\/11\/15\/securite-des-vaccins-anti-covid19-nouvelles-donnees-du-comite-de-pharmacovigilance-de-lema-sur-le-vaccin-moderna-spikevax\/\">Nouvelles donn\u00e9es du Comit\u00e9 de pharmacovigilance de l\u2019EMA sur le Moderna-Spikevax<\/a> (Courrier des Strat\u00e8ges)<\/p>\n\n\n\n<p><a href=\"https:\/\/www.francetvinfo.fr\/sante\/maladie\/coronavirus\/covid-19-lestestspcr-et-antigeniques-en-chute-libre-depuis-qu-ils-sont-payants_4847405.html\">Tests PCR et&nbsp; antig\u00e9niques en chute libre depuis qu\u2019ils sont payants<\/a> (Francetvinfo)<\/p>\n\n\n\n<p><strong>Autre<\/strong><\/p>\n\n\n\n<p><a href=\"https:\/\/basta.media\/privatisation-sante-Ephad-cliniques-caisse-des-depots-veolia-ecole-polytechnique\">Privatisation sant\u00e9: Ehpad, cliniques, Caisse des d\u00e9p\u00f4ts, Veolia, Polytechnique<\/a> (Basta)<\/p>\n\n\n\n<p><a href=\"https:\/\/www.francetvinfo.fr\/sante\/hopital\/sante-les-urgences-pediatriques-engorgees-une-consequence-des-confinements_4844853.html\">Urgences-p\u00e9diatriques engorg\u00e9es&nbsp;: une cons\u00e9quence des confinements&nbsp;?<\/a> (Francetvinfo)<\/p>\n\n\n\n<p><strong>Analyse<\/strong><\/p>\n\n\n\n<p><a href=\"https:\/\/france3-regions.francetvinfo.fr\/normandie\/seine-maritime\/dieppe\/a-dieppe-les-soignants-de-l-hopital-posent-nus-pour-soutenir-la-greve-des-infirmiers-anesthesistes-2336755.html\">\u00c0 Dieppe, les soignants de l&rsquo;h\u00f4pital posent nus pour soutenir la gr\u00e8ve des infirmiers anesth\u00e9sistes<\/a> (France Info)<\/p>\n\n\n\n<p><strong><a href=\"https:\/\/blogs.mediapart.fr\/ruffin-francois\/blog\/151121\/monsieur-macron-voulez-vous-tuer-l-hopital\">Monsieur Macron, voulez-vous tuer l\u2019h\u00f4pital&nbsp;?&nbsp;<\/a> -Fran\u00e7ois Ruffin<\/strong><\/p>\n\n\n\n<figure class=\"wp-block-image size-large is-resized\"><img data-recalc-dims=\"1\" loading=\"lazy\" decoding=\"async\" src=\"https:\/\/i0.wp.com\/www.rdpemancipation.org\/wp-content\/uploads\/2021\/11\/image-65.png?resize=357%2C153&#038;ssl=1\" alt=\"\" class=\"wp-image-57851\" width=\"357\" height=\"153\" srcset=\"https:\/\/i0.wp.com\/www.rdpemancipation.org\/wp-content\/uploads\/2021\/11\/image-65.png?resize=1024%2C440&amp;ssl=1 1024w, https:\/\/i0.wp.com\/www.rdpemancipation.org\/wp-content\/uploads\/2021\/11\/image-65.png?resize=300%2C129&amp;ssl=1 300w, https:\/\/i0.wp.com\/www.rdpemancipation.org\/wp-content\/uploads\/2021\/11\/image-65.png?resize=768%2C330&amp;ssl=1 768w, https:\/\/i0.wp.com\/www.rdpemancipation.org\/wp-content\/uploads\/2021\/11\/image-65.png?w=1033&amp;ssl=1 1033w\" sizes=\"auto, (max-width: 357px) 100vw, 357px\" \/><\/figure>\n\n\n\n<p><\/p>\n\n\n\n<p><a href=\"https:\/\/www.francetvinfo.fr\/sante\/maladie\/coronavirus\/infographies-covid-19-morts-hospitalisations-age-malades-l-evolution-de-l-epidemie-en-france-et-dans-le-monde-en-cartes-et-graphiques.html\"><strong>Suivez l\u2019\u00e9volution de l\u2019\u00e9pid\u00e9mie en France et dans le monde&nbsp;<\/strong><\/a><strong>(France info)<\/strong><\/p>\n\n\n\n<p><a href=\"https:\/\/covid19.healthdata.org\/france\">Projections par pays contaminations et morts Covid-19<\/a>&nbsp;(anglais, IHME)<\/p>\n\n\n\n<p><a href=\"https:\/\/wgntv.com\/news\/coronavirus\/johns-hopkins-offers-live-interactive-map-of-global-coronavirus-cases\/\">En continu carte et chiffres d\u00e9taill\u00e9s sur la Pand\u00e9mie&nbsp;<\/a>&nbsp;(anglais, John Hopkins University)<\/p>\n\n\n\n<p><a href=\"https:\/\/www.ft.com\/coronavirus-latest\">En continu graphiques et cartes sur la Pand\u00e9mie<\/a>&nbsp;(anglais, Financial Times)<\/p>\n\n\n\n<p><strong><span style=\"color:#e11b32\" class=\"has-inline-color\">16 Novembre en continu<\/span><\/strong><\/p>\n\n\n\n<p><strong><span style=\"text-decoration: underline;\">Covid<\/span><\/strong><\/p>\n\n\n\n<p><strong><a href=\"https:\/\/www.msn.com\/fr-fr\/lifestyle\/trucs-et-astuces\/covid-%C3%A0-l-h%C3%B4pital-la-r%C3%A9alit%C3%A9-complexe-derri%C3%A8re-le-chiffre-pol%C3%A9mique\/ar-AAQD21Q?cvid=57fbfecee8cc4c05a3967f1ec7d49404&amp;ocid=winp1taskbar\">Covid \u00e0 l&rsquo;h\u00f4pital: la r\u00e9alit\u00e9 complexe derri\u00e8re le chiffre pol\u00e9mique <\/a>(Huffpost)<\/strong><\/p>\n\n\n\n<p><a href=\"https:\/\/www.liberation.fr\/politique\/quand-veran-assurait-quune-troisieme-dose-ne-conditionnerait-pas-le-pass-sanitaire-20211110_3KVIZEENKNAXDOXALLOY6CF47E\/\">Quand V\u00e9ran assurait qu\u2019une 3\u00e8 dose ne conditionnerait pas le passe sanitaire-<\/a> (Lib\u00e9ration)<\/p>\n\n\n\n<p><a href=\"https:\/\/www.20minutes.fr\/sante\/3172363-20211115-coronavirus-comment-eviter-nouvelle-vague-epidemique-comme-allemagne-autriche\">Comment \u00e9viter une nouvelle vague \u00e9pid\u00e9mique comme Allemagne et Autriche<\/a> (20Minutes)<\/p>\n\n\n\n<p><a href=\"https:\/\/www.francetvinfo.fr\/sante\/maladie\/coronavirus\/confinement\/covid-19-les-autrichiens-divises-face-au-reconfinement-des-non-vaccines_4846205.html\">Confinement&nbsp;:les Autrichiens divis\u00e9s face au reconfinement des non-vaccin\u00e9s<\/a> (Francetvinfo)<\/p>\n\n\n\n<p><a href=\"https:\/\/www.huffingtonpost.fr\/entry\/israel-va-vacciner-enfants-5-a-11-ans-contre-le-covid-19_fr_61921c7ee4b0a96e5190211a\">Isra\u00ebl va vacciner les enfants de 5 \u00e0 11 ans contre le Covid<\/a> (HuffPost)<\/p>\n\n\n\n<p><a href=\"https:\/\/www.francetvinfo.fr\/replay-radio\/c-est-mon-affaire\/patients-quels-sont-vos-droits_4827829.html\">Patients, quels sont vos droits&nbsp;?<\/a> (Francetvinfo)<\/p>\n\n\n\n<p><a href=\"https:\/\/www.msn.com\/fr-fr\/actualite\/france\/vaccination-scandale-ou-geste-citoyen-la-campagne-de-rappel-contre-le-coronavirus-divise-nos-internautes\/ar-AAQGwY1?cvid=4c935f63699245aa852f234802038c39&amp;ocid=winp1taskbar\">Vaccination : \u00ab Scandale \u00bb ou \u00ab geste citoyen \u00bb\u2026 La campagne de rappel divise <\/a>&nbsp;(20Minutes)<\/p>\n\n\n\n<p><a href=\"https:\/\/lecourrierdesstrateges.fr\/2021\/10\/09\/le-refere-type-du-salarie-aux-prudhommes-contre-sa-suspension-est-ici\/?utm_source=mailpoet&amp;utm_medium=email&amp;utm_campaign=les-derniers-articles-du-courrier-des-strateges_164\">Le r\u00e9f\u00e9r\u00e9 type du salari\u00e9 aux prudhommes contre suspension est ici<\/a> &nbsp;(Courrier des Strat\u00e8ges)<\/p>\n\n\n\n<p><a href=\"https:\/\/leads.pure-sante.info\/nat-os12-one-target-facecam-vaccin-avis-aux-autorites-de-sante\/confirmation\/?sfId=&amp;typePage=bdc&amp;walletId=&amp;s_source=PST203980011\">Vaccin&nbsp;: avis aux autorit\u00e9s de sant\u00e9<\/a>&nbsp; (Leads)<\/p>\n\n\n\n<p><strong><a href=\"https:\/\/www.liberation.fr\/societe\/sante\/covid-19-les-principales-questions-sur-les-deux-derniers-traitements-autorises-en-europe-20211113_LAQ6HFTWFRCEJJJMWZP22M3ARE\/\">Principales questions sur les deux derniers traitements autoris\u00e9s en Europe<\/a> (Lib\u00e9ration)<\/strong><\/p>\n\n\n\n<figure class=\"wp-block-image is-resized is-style-default\"><img loading=\"lazy\" decoding=\"async\" src=\"https:\/\/scontent.fhex4-1.fna.fbcdn.net\/v\/t39.30808-6\/p526x296\/258200482_1328025020953296_2622350082956148879_n.jpg?_nc_cat=104&amp;ccb=1-5&amp;_nc_sid=730e14&amp;_nc_eui2=AeEV4wXbLOWYLL1nf0MN8EX2RWq2k7-7ot1FaraTv7ui3dkyThSL4GfwTvSiAYJy3Bw&amp;_nc_ohc=Va608Y1SFP0AX-ASn6w&amp;_nc_ht=scontent.fhex4-1.fna&amp;oh=084ffa1bb5f48056ed402062826c0398&amp;oe=6197EA2E\" alt=\"Peut \u00eatre une image de 9 personnes, personnes debout et int\u00e9rieur\" width=\"446\" height=\"446\"\/><\/figure>\n\n\n\n<p><strong>Autre<\/strong><\/p>\n\n\n\n<p><a href=\"https:\/\/www.lequotidiendumedecin.fr\/hopital\/conditions-de-travail\/je-prefere-partir-maintenant-plutot-qua-45-ans-epuise-un-jeune-medecin-denonce-leffondrement-du\">\u00ab&nbsp;Je pr\u00e9f\u00e8re partir maintenant plut\u00f4t qu\u2019\u00e0 45 ans \u00e9puis\u00e9&nbsp;\u00bb&nbsp;<\/a> (<a href=\"http:\/\/lequotidiendumedecin.fr\">Quotidien du m\u00e9decin<\/a>)<\/p>\n\n\n\n<p><strong><a href=\"https:\/\/www.liberation.fr\/societe\/sante\/hopitaux-de-paris-tous-les-jours-on-refuse-des-victimes-davc-20211113_VWA5MZV6EVD5PPJ23CS7YEU3DA\/\">H\u00f4pitaux de Paris&nbsp;: tous les jours on refuse des victimes d\u2019AVC<\/a> (Lib\u00e9ration)<\/strong><\/p>\n\n\n\n<figure class=\"wp-block-image is-resized is-style-default\"><img data-recalc-dims=\"1\" loading=\"lazy\" decoding=\"async\" src=\"https:\/\/i0.wp.com\/static.mediapart.fr\/etmagine\/default\/files\/2021\/11\/13\/etatcomptesous.jpg?resize=455%2C302&#038;ssl=1\" alt=\"etatcomptesous\" width=\"455\" height=\"302\"\/><\/figure>\n\n\n\n<p><a href=\"https:\/\/dailygeekshow.com\/antibiotique-corps-humain\/\">Dizaines de nouveaux &nbsp;antibiotiques naturels d\u00e9couverts dans le corps humain<\/a> (DailyGeekShow)<\/p>\n\n\n\n<p><a href=\"https:\/\/www.chiensguides.fr\/actualites\/annouck-curzillat-aveugle-et-medaillee-olympique2021\">Annouck Curzillat, aveugle et medaill\u00e9e olympique 2021<\/a> (Chiens-guides)<\/p>\n\n\n\n<p><a href=\"https:\/\/www.liberation.fr\/societe\/mineurs-places-cest-le-systeme-qui-broie-les-gamins-et-non-linverse-20211115_BNHEXENZ35B35JCGJQ7W4HVJ7E\/\">Mineurs places&nbsp;: c\u2019est le syst\u00e8me qui broie les gamins et non l\u2019inverse<\/a> (Lib\u00e9ration)<\/p>\n\n\n\n<p><strong><span style=\"text-decoration: underline;\">Analyse<\/span><\/strong><\/p>\n\n\n\n<p><a href=\"https:\/\/multinationales.org\/Cartographie-de-la-privatisation-de-la-sante-en-Europe\">Cartographie de la privatisation de la sant\u00e9 en Europe<\/a> (Observatoire des multinationales)<\/p>\n\n\n\n<p><a href=\"https:\/\/www.frustrationmagazine.fr\/supprimer-complementaires-sante\/\">Pourquoi il faut d\u2019urgence en finir avec les compl\u00e9mentaires sant\u00e9 et \u00e9tendre la S\u00e9curit\u00e9 sociale<\/a> (Frustration)<\/p>\n\n\n\n<p><a href=\"https:\/\/www.francetvinfo.fr\/sante\/maladie\/coronavirus\/infographies-covid-19-morts-hospitalisations-age-malades-l-evolution-de-l-epidemie-en-france-et-dans-le-monde-en-cartes-et-graphiques.html\"><strong>Suivez l\u2019\u00e9volution de l\u2019\u00e9pid\u00e9mie en France et dans le monde&nbsp;<\/strong><\/a><strong>(France info)<\/strong><\/p>\n\n\n\n<p><a href=\"https:\/\/covid19.healthdata.org\/france\">Projections par pays contaminations et morts Covid-19<\/a>&nbsp;(anglais, IHME)<\/p>\n\n\n\n<p><a href=\"https:\/\/wgntv.com\/news\/coronavirus\/johns-hopkins-offers-live-interactive-map-of-global-coronavirus-cases\/\">En continu carte et chiffres d\u00e9taill\u00e9s sur la Pand\u00e9mie&nbsp;<\/a>&nbsp;(anglais, John Hopkins University)<\/p>\n\n\n\n<p><a href=\"https:\/\/www.ft.com\/coronavirus-latest\">En continu graphiques et cartes sur la Pand\u00e9mie<\/a>&nbsp;(anglais, Financial Times)<\/p>\n\n\n\n<p><strong><span style=\"text-decoration: underline;\"><span style=\"color:#dd0f16\" class=\"has-inline-color\">15 Novembre en continu<\/span><\/span><\/strong><\/p>\n\n\n\n<p><strong><a href=\"https:\/\/www.msn.com\/fr-fr\/actualite\/france\/en-martinique-l-obligation-vaccinale-pour-les-soignants-report%C3%A9e-au-31-d%C3%A9cembre\/ar-AAQH5xq?cvid=f4e37a25ae024674c3ee234bc2d37f8f&amp;ocid=winp1taskbar\">En Martinique, l\u2019obligation vaccinale pour les soignants report\u00e9e  31 d\u00e9cembre<\/a> (L\u2019Obs)<\/strong><\/p>\n\n\n\n<p><strong><a href=\"https:\/\/www.sudouest.fr\/sante\/coronavirus\/covid-19-port-du-masque-protocole-scolaire-passe-sanitaire-quelles-sont-les-regles-en-vigueur-a-partir-de-ce-lundi-6935484.php\">Masque, protocole scolaire, passe sanitaire, r\u00e8gles en vigueur ce lundi<\/a> (Sud-Ouest)<\/strong><\/p>\n\n\n\n<p><a href=\"https:\/\/www.ouest-france.fr\/bretagne\/saint-brieuc-22000\/les-prud-hommes-de-saint-brieuc-suspendent-l-interdiction-de-travailler-d-une-salariee-antivax-5ac5c59e-2c39-11ec-ad05-746723b15d1d?fbclid=IwAR1TOTAdJk-o3i4IrUfB7Y2PD3GGytmgzA2eih4sakiiM6KAg05eKHSnn-o\">Prud\u2019hommes Saint-Brieuc suspendent l\u2019interdiction de travail d\u2019une  non-vaccin\u00e9e<\/a> (Ouest-France)<\/p>\n\n\n\n<p><a href=\"https:\/\/www.msn.com\/fr-fr\/actualite\/france\/vaccination-scandale-ou-geste-citoyen-la-campagne-de-rappel-contre-le-coronavirus-divise-nos-internautes\/ar-AAQGwY1?cvid=4c935f63699245aa852f234802038c39&amp;ocid=winp1taskbar\">Vaccination: \u00ab Scandale \u00bb ou \u00ab geste citoyen \u00bb? La campagne  divise nos internautes<\/a> (20Minutes)<\/p>\n\n\n\n<figure class=\"wp-block-image size-full is-resized\"><img data-recalc-dims=\"1\" loading=\"lazy\" decoding=\"async\" src=\"https:\/\/i0.wp.com\/www.rdpemancipation.org\/wp-content\/uploads\/2021\/11\/image-59.png?resize=490%2C294&#038;ssl=1\" alt=\"\" class=\"wp-image-57561\" width=\"490\" height=\"294\" srcset=\"https:\/\/i0.wp.com\/www.rdpemancipation.org\/wp-content\/uploads\/2021\/11\/image-59.png?w=605&amp;ssl=1 605w, https:\/\/i0.wp.com\/www.rdpemancipation.org\/wp-content\/uploads\/2021\/11\/image-59.png?resize=300%2C180&amp;ssl=1 300w\" sizes=\"auto, (max-width: 490px) 100vw, 490px\" \/><\/figure>\n\n\n\n<p><a href=\"https:\/\/lecourrierdesstrateges.fr\/2021\/11\/12\/pourquoi-big-pharma-ne-veut-surtout-pas-reconnaitre-que-larn-messager-est-une-therapie-genique\/\">Pourquoi Bigpharma ne veut pas dire qu&rsquo;ARN messager= th\u00e9rapie g\u00e9nique<\/a> (Le Courrier des Strat\u00e8ges)<\/p>\n\n\n\n<p><a href=\"https:\/\/aoc.media\/analyse\/2021\/11\/10\/Le-developpement-paradoxal-de-la-telemedecine-lors-de-la-crise-sanitaire\">Le d\u00e9veloppement paradoxal de la t\u00e9l\u00e9m\u00e9decine lors de la crise sanitaire<\/a> (AOC m\u00e9dia)<\/p>\n\n\n\n<p><a href=\"https:\/\/www.francetvinfo.fr\/sante\/maladie\/coronavirus\/pass-sanitaire\/covid-19-les-centres-de-vaccination-se-preparent-a-injecter-la-dose-de-rappel_4842403.html\">Les centres de vaccination se pr\u00e9parent \u00e0 injecter la 3\u00e8 dose<\/a> (Francetvinfo)<\/p>\n\n\n\n<p><a href=\"https:\/\/www.20minutes.fr\/sante\/3170887-20211112-coronavirus-vaccin-indien-covaxin-tres-efficace-contre-virus-selon-etude\">Vaccin indien Covaxin tr\u00e8s efficace contre le virus selon une \u00e9tude<\/a> (20Minutes)<\/p>\n\n\n\n<p><a href=\"https:\/\/www.lemonde.fr\/planete\/article\/2021\/11\/13\/covid-19-en-russie-une-hecatombe-sur-fond-de-defiance-envers-l-etat_6101918_3244.html\">&nbsp;En Russie une h\u00e9catombe sur fond de d\u00e9fiance envers l\u2019\u00c9tat<\/a>&nbsp; (Le Monde)<\/p>\n\n\n\n<p><a href=\"https:\/\/www.laselectiondujour.com\/index.php?id=143477&amp;upart=LSDJ-EMPT-CP&amp;lsdj=334896\">Cachez cette Su\u00e8de que je ne saurais voir <\/a>(La s\u00e9lection du jour)<\/p>\n\n\n\n<p><a href=\"https:\/\/solidaires.org\/Macron-le-mepris-et-la-nausee\">Macron: le m\u00e9pris et la naus\u00e9e<\/a> (Solidaires)<\/p>\n\n\n\n<p><a href=\"https:\/\/youtu.be\/h35y7gMR8ak\">Conseil de l\u2019ordre, essais cliniques, Didier Raoult s\u2019exprime<\/a> (BFMTV)<\/p>\n\n\n\n<p><a href=\"https:\/\/www.francetvinfo.fr\/sante\/maladie\/coronavirus\/pass-sanitaire\/covid-19-le-pass-sanitaire-ne-sert-a-rien-assure-jean-luc-melenchon_4844629.html\">Le passe sanitaire ne sert \u00e0 rien assure Jean-Luc M\u00e9lenchon<\/a> (Franctvinfo)<\/p>\n\n\n\n<p><a href=\"https:\/\/aoc.media\/analyse\/2021\/11\/14\/des-citoyens-debout-au-dela-de-la-contestation\/\">Des citoyens debout au-del\u00e0 de la contestation<\/a> (AOC M\u00e9dia)<\/p>\n\n\n\n<figure class=\"wp-block-image is-resized is-style-default\"><img data-recalc-dims=\"1\" loading=\"lazy\" decoding=\"async\" src=\"https:\/\/i0.wp.com\/static.mediapart.fr\/etmagine\/default\/files\/2021\/11\/13\/une-fresque-a-montreuil.jpg?resize=352%2C325&#038;ssl=1\" alt=\"une-fresque-a-montreuil\" width=\"352\" height=\"325\"\/><\/figure>\n\n\n\n<p><strong><span style=\"text-decoration: underline;\">Analyse<\/span><\/strong><\/p>\n\n\n\n<p><a href=\"https:\/\/www.youtube.com\/La%20grande%20peste%20noire%20du%20Moyen%20Age%20\">La grande peste noire du Moyen Age <\/a>(Nota Bene)<\/p>\n\n\n\n<p><a href=\"https:\/\/www.francetvinfo.fr\/sante\/maladie\/coronavirus\/infographies-covid-19-morts-hospitalisations-age-malades-l-evolution-de-l-epidemie-en-france-et-dans-le-monde-en-cartes-et-graphiques.html\"><strong>Suivez l\u2019\u00e9volution de l\u2019\u00e9pid\u00e9mie en France et dans le monde&nbsp;<\/strong><\/a><strong>(France info)<\/strong><\/p>\n\n\n\n<p><a href=\"https:\/\/covid19.healthdata.org\/france\">Projections par pays contaminations et morts Covid-19<\/a>&nbsp;(anglais, IHME)<\/p>\n\n\n\n<p><a href=\"https:\/\/wgntv.com\/news\/coronavirus\/johns-hopkins-offers-live-interactive-map-of-global-coronavirus-cases\/\">En continu carte et chiffres d\u00e9taill\u00e9s sur la Pand\u00e9mie&nbsp;<\/a>&nbsp;(anglais, John Hopkins University)<\/p>\n\n\n\n<p><a href=\"https:\/\/www.ft.com\/coronavirus-latest\">En continu graphiques et cartes sur la Pand\u00e9mie<\/a>&nbsp;(anglais, Financial Times)<\/p>\n\n\n\n<p><strong><span style=\"color:#df0e19\" class=\"has-inline-color\">14 novembre en continu<\/span><\/strong><\/p>\n\n\n\n<p><strong><span style=\"text-decoration: underline;\">Covid<\/span><\/strong><\/p>\n\n\n\n<p><a href=\"https:\/\/www.youtube.com\/watch?v=do8nt9QRt6g\">Comment Macron va vous forcer \u00e0 vous vacciner avec Pfizer<\/a> (Draw my economy) Vid\u00e9o<\/p>\n\n\n\n<p><strong><a href=\"https:\/\/www.francetvinfo.fr\/sante\/maladie\/coronavirus\/covid-19-confinement-vaccination-pass-quelles-sont-les-nouvelles-mesures-prises-en-europe-pour-faire-face-a-la-cinquieme-vague-de-l-epidemie_4843487.html\">Nouvelles mesures prises en Europe pour faire face \u00e0 la cinqui\u00e8me vague de l\u2019\u00e9pid\u00e9mie<\/a> (Francetvinfo)<\/strong><\/p>\n\n\n\n<p><a href=\"https:\/\/lecourrierdesstrateges.fr\/2021\/11\/12\/comment-veran-prepare-la-3e-dose-obligatoire-et-linjection-des-enfants\/\">Comment V\u00e9ran pr\u00e9pare la 3<sup>e<\/sup> dose obligatoire et l\u2019injection des enfants<\/a> (Le Courrier des Strat\u00e8ges)<\/p>\n\n\n\n<p><a href=\"https:\/\/www.20minutes.fr\/sante\/3170599-20211112-coronavirus-finistere-nouveau-variant-detecte-ecole\">Finist\u00e8re&nbsp;: un nouveau variant d\u00e9tect\u00e9 dans une \u00e9cole<\/a> (20Minutes)<\/p>\n\n\n\n<p><a href=\"https:\/\/www.youtube.com\/watch?v=QmSGPbyJb_8\">Apr\u00e8s le vaccin, la pilule anticovid&nbsp;? Jb_<\/a> (Juste Milieu) Vid\u00e9o<\/p>\n\n\n\n<p><a><\/a><a href=\"https:\/\/www.francetvinfo.fr\/sante\/maladie\/coronavirus\/on-a-l-impression-d-etre-desires-au-salon-infirmier-de-paris-les-hopitaux-se-demenent-pour-seduire-les-futurs-professionnels_4837659.html\">On a l\u2019impression d\u2019\u00eatre d\u00e9sir\u00e9s&nbsp;: &nbsp;au Salon infirmier de Paris, on tente de s\u00e9duire<\/a>( Francetvinfo)<\/p>\n\n\n\n<p><strong><a href=\"https:\/\/www.la-croix.com\/Sciences-et-ethique\/Hausse-hospitalisations-sont-malades-graves-Covid-2021-11-05-1201183854\">Qui sont les malades graves du Covid<\/a> (La Croix)<\/strong><\/p>\n\n\n\n<p><a href=\"https:\/\/www.francetvinfo.fr\/sante\/maladie\/coronavirus\/Le-covid-long-est-il-psychologique-ce-qu-il-faut-retenir-de-l-etude-contestee-qui-remet-en-cause-le-lien-entre-symptomes-et-infection_4842281.html\">Le Covid long est-il psychologique&nbsp;? Une enqu\u00eate contest\u00e9e<\/a> &nbsp;<a><span class=\"has-inline-color has-contrast-color\">(Francetvinfo)<\/span><\/a><\/p>\n\n\n\n<p><a href=\"https:\/\/www.humanite.fr\/comment-les-circuits-courts-simposent-dans-les-cantines-des-landes-727145\">Comment les circuits courts s\u2019imposent dans les-cantines des Landes<\/a> (L\u2019Humanit\u00e9)<\/p>\n\n\n\n<p><a href=\"https:\/\/www.marianne.net\/societe\/sante\/covid-19-3-questions-sur-la-penurie-de-seringues-redoutee-par-loms\">3 questions sur la p\u00e9nurie de seringues redout\u00e9e par l\u2019OMS<\/a> (Marianne)<\/p>\n\n\n\n<p><a href=\"https:\/\/www.francetvinfo.fr\/sante\/maladie\/coronavirus\/covid-19-confinement-vaccination-pass-quelles-sont-les-nouvelles-mesures-prises-en-europe-pour-faire-face-a-la-cinquieme-vague-de-l-epidemie_4843487.html\">Les nouvelles mesures prises en Europe pour faire face \u00e0 la cinqui\u00e8me vague de l&rsquo;\u00e9pid\u00e9mie ?<\/a> (France Info)<\/p>\n\n\n\n<p><a href=\"https:\/\/www.huffingtonpost.fr\/entry\/derriere-la-3e-dose-les-non-dits-de-macron-sur-la-5e-vague_fr_618ac462e4b0ad6f5889965c\">Derri\u00e8re la 3e dose, les non-dits de Macron sur la 5e vague de Covid<\/a> (Huff Post)<\/p>\n\n\n\n<p><strong><a href=\"https:\/\/www.placegrenet.fr\/2021\/11\/13\/les-soignants-crient-leur-ras-le-bol-devant-le-chu-de-grenoble-a-loccasion-de-la-visite-dolivier-veran\/551118\">Soignants crient leur ras-le-bol devant CHU Grenoble, lors visite Olivier V\u00e9ran<\/a> (Place Gre\u2019net)<\/strong><\/p>\n\n\n\n<p><a href=\"https:\/\/www.mediapart.fr\/journal\/france\/131121\/fermeture-de-lits-l-hopital-une-polemique-de-chiffres-pour-cacher-l-ampleur-de-la-crise\">Fermeture de lits \u00e0 l\u2019h\u00f4pital: pol\u00e9mique de chiffres pour cacher l\u2019ampleur de la crise<\/a> (M\u00e9diapart)&nbsp;<\/p>\n\n\n\n<p><a href=\"https:\/\/www.facebook.com\/photo\/?fbid=2700054260298280&amp;set=a.1389724441331275\">Lutte contre pass continue de plus belle Guadeloupe, Martinique, Guyane, Polyn\u00e9sie, Kanaky&#8230;<\/a>(UGTG)<\/p>\n\n\n\n<p><strong>Autre<\/strong><\/p>\n\n\n\n<p><a href=\"https:\/\/www.francetvinfo.fr\/sante\/hopital\/sante-au-chu-de-bordeaux-une-nouvelle-organisation-pour-faire-face-a-la-bronchiolite_4842571.html\">Au CHU de Bordeaux, nouvelle organisation pour faire face \u00e0 la bronchiolite<\/a> (Francetvinfo)<\/p>\n\n\n\n<p>&nbsp;<a href=\"https:\/\/www.francetvinfo.fr\/sante\/medicament\/un-traitement-innovant-contre-certaines-tumeurs-du-cerveau-arrive-en-france-grace-au-combat-du-pere-d-un-adolescent-malade_4840973.html\">Traitement innovant contre tumeurs-du cerveau arrive en France<\/a> (Francetvinfo)<\/p>\n\n\n\n<p><a href=\"https:\/\/disclose.ngo\/fr\/article\/Revelations-sur-une-epidemie-de-cancers-en-polynesie-francaise\">R\u00e9v\u00e9lations sur une \u00e9pid\u00e9mie de cancers en Polyn\u00e9sie fran\u00e7aise<\/a> (Disclose)<\/p>\n\n\n\n<p><strong><span style=\"text-decoration: underline;\">Analyse<\/span><\/strong><\/p>\n\n\n\n<p><a href=\"https:\/\/www.youtube.com\/La%20grande%20peste%20noire%20du%20Moyen%20Age%20\">La grande peste noire du Moyen Age <\/a>(Nota Bene)<\/p>\n\n\n\n<p><a href=\"https:\/\/www.francetvinfo.fr\/sante\/maladie\/coronavirus\/infographies-covid-19-morts-hospitalisations-age-malades-l-evolution-de-l-epidemie-en-france-et-dans-le-monde-en-cartes-et-graphiques.html\"><strong>Suivez l\u2019\u00e9volution de l\u2019\u00e9pid\u00e9mie en France et dans le monde&nbsp;<\/strong><\/a><strong>(France info)<\/strong><\/p>\n\n\n\n<p><a href=\"https:\/\/covid19.healthdata.org\/france\">Projections par pays contaminations et morts Covid-19<\/a>&nbsp;(anglais, IHME)<\/p>\n\n\n\n<p><a href=\"https:\/\/wgntv.com\/news\/coronavirus\/johns-hopkins-offers-live-interactive-map-of-global-coronavirus-cases\/\">En continu carte et chiffres d\u00e9taill\u00e9s sur la Pand\u00e9mie&nbsp;<\/a>&nbsp;(anglais, John Hopkins University)<\/p>\n\n\n\n<p><a href=\"https:\/\/www.ft.com\/coronavirus-latest\">En continu graphiques et cartes sur la Pand\u00e9mie<\/a>&nbsp;(anglais, Financial Times)<\/p>\n\n\n\n<p><strong><span style=\"color:#df0e19\" class=\"has-inline-color\">13 novembre en continu<\/span><\/strong><\/p>\n\n\n\n<p><a href=\"https:\/\/www.youtube.com\/watch?v=INtlc6X3JcA\">Les prix vont exploser <\/a>(Draw my economy)<\/p>\n\n\n\n<p><strong><a href=\"https:\/\/www.youtube.com\/watch?v=V4U7ZRCKnRM\">Gr\u00e8ve des infirmiers anesth\u00e9sistes appellent \u00e0 une semaine noire <\/a>&nbsp;(RT France)<\/strong><\/p>\n\n\n\n<p><a href=\"https:\/\/www.youtube.com\/watch?v=AQ8ieQUd-9o\">Agence europ\u00e9enne du m\u00e9dicament dit que ce vaccin est dangereux dangereux <\/a>(Draw my economy)<\/p>\n\n\n\n<p><strong><a href=\"https:\/\/www.youtube.com\/watch?v=46cuewGopcQ\">Macron r\u00e9clame sa 2\u00e8 dose d\u2019Elys\u00e9e<\/a> (Blast)<\/strong><\/p>\n\n\n\n<figure class=\"wp-block-image is-style-default\"><img data-recalc-dims=\"1\" decoding=\"async\" src=\"https:\/\/i0.wp.com\/image.over-blog.com\/--Bj4QzS5qOXe_6BdbhulSJ_qp4%3D\/filters%3Ano_upscale%28%29\/image%2F3134658%2F20210814%2Fob_5175ec_img-20210814-wa0000.jpg?w=1200&#038;ssl=1\" alt=\"image%2F3134658%2F20210814%2Fob_5175ec_img-20210814-wa0000.jpg\"\/><\/figure>\n\n\n\n<p><strong><a href=\"https:\/\/www.facebook.com\/photo\/?fbid=2700054260298280&amp;set=a.1389724441331275\">Lutte contre pass continue en Guadeloupe, Martinique, Guyane, Polyn\u00e9sie, Nouvelle Cal\u00e9donie&#8230;<\/a>(UGTG)<\/strong><\/p>\n\n\n\n<pre class=\"wp-block-preformatted has-small-font-size\">Jupiter d\u00e9cide obligation rappel vaccin pour que plus 65 ans conservent pass sanitaire le 15 d\u00e9cembre, quand Veran assurait fin ao\u00fbt: \u00bb<em>il n\u2019y aura pas d\u2019impact de la 3\u00e8me dose sur le pass sanitaire<\/em>&nbsp;\u00bb (<a href=\"https:\/\/www.liberation.fr\/politique\/quand-veran-assurait-quune-troisieme-dose-ne-conditionnerait-pas-le-pass-sanitaire-20211110_3KVIZEENKNAXDOXALLOY6CF47E\/\" target=\"_blank\" rel=\"noreferrer noopener\">source<\/a>) (<a href=\"https:\/\/www.leparisien.fr\/societe\/passe-sanitaire-macron-annonce-une-troisieme-dose-de-vaccin-obligatoire-pour-les-plus-de-65-ans-09-11-2021-K25TDC2UIJBRJHVMWVCUAA2O6U.php\" target=\"_blank\" rel=\"noreferrer noopener\">source<\/a>)<\/pre>\n\n\n\n<p><strong>Analyse<\/strong><\/p>\n\n\n\n<p><a href=\"https:\/\/www.francetvinfo.fr\/sante\/maladie\/coronavirus\/infographies-covid-19-morts-hospitalisations-age-malades-l-evolution-de-l-epidemie-en-france-et-dans-le-monde-en-cartes-et-graphiques.html\"><strong>Suivez l\u2019\u00e9volution de l\u2019\u00e9pid\u00e9mie en France et dans le monde&nbsp;<\/strong><\/a><strong>(France info)<\/strong><\/p>\n\n\n\n<p><a href=\"https:\/\/covid19.healthdata.org\/france\">Projections par pays contaminations et morts Covid-19<\/a>&nbsp;(anglais, IHME)<\/p>\n\n\n\n<p><strong><a href=\"https:\/\/wgntv.com\/news\/coronavirus\/johns-hopkins-offers-live-interactive-map-of-global-coronavirus-cases\/\">En continu carte et chiffres d\u00e9taill\u00e9s sur la Pand\u00e9mie&nbsp;<\/a>&nbsp;(anglais, John Hopkins University)<\/strong><\/p>\n\n\n\n<p><a href=\"https:\/\/www.ft.com\/coronavirus-latest\">En continu graphiques et cartes sur la Pand\u00e9mie<\/a>&nbsp;(anglais, Financial Times)<\/p>\n\n\n\n<p><strong><span style=\"color:#df0e19\" class=\"has-inline-color\">12 novembre en continu<\/span><\/strong><\/p>\n\n\n\n<p><strong><span style=\"text-decoration: underline;\">Covid<\/span><\/strong><\/p>\n\n\n\n<p><strong><a href=\"https:\/\/www.francetvinfo.fr\/sante\/maladie\/coronavirus\/vaccin\/covid-19-une-troisieme-dose-a-la-maison-pour-les-habitants-isoles_4841273.html\">Une troisi\u00e8me dose \u00e0 la maison pour habitants isol\u00e9s<\/a> (Francetvinfo)<\/strong><\/p>\n\n\n\n<p><a href=\"https:\/\/www.20minutes.fr\/societe\/3169387-20211110-pass-sanitaire-gerald-darmanin-appelle-prefets-controler-davantage\">Passe sanitaire&nbsp;: G\u00e9rald- Darmanin appelle les pr\u00e9fets \u00e0 contr\u00f4ler davantage<\/a> (20Minutes)<\/p>\n\n\n\n<p><a href=\"https:\/\/www.msn.com\/fr-fr\/lifestyle\/trucs-et-astuces\/effets-secondaires-des-vaccins-%C3%A0-arn-messager-ce-que-dit-la-nouvelle-%C3%A9tude-fran%C3%A7aise-sur-les-myocardites-et-les-p%C3%A9ricardites\/ar-AAQuFk4?cvid=998456abd8bc4a24b8701e7d71d8d6af&amp;ocid=winp1taskbar\">Effets secondaires des vaccins \u00e0 ARN messager : ce que dit la nouvelle \u00e9tude fran\u00e7aise &nbsp;<\/a>&nbsp;(MSN-Femme Actuelle))<\/p>\n\n\n\n<p><strong><a href=\"https:\/\/lecourrierdesstrateges.fr\/2021\/11\/10\/Stalingrad-du-covid-macron-met-un-premier-genou-a-terre\">Stalingrad du&nbsp;covid&nbsp;: Macron met un premier genou \u00e0 terre<\/a> (Le Courrier des Strat\u00e8ges)<\/strong><\/p>\n\n\n\n<p><a href=\"https:\/\/www.20minutes.fr\/societe\/3170299-20211111-coronavirus-jauge-75-officiellement-levee-boites-nuit\">Jauge 75% officiellement lev\u00e9e pour les bo\u00eetes de nuit<\/a> (20Minutes)<\/p>\n\n\n\n<p><a href=\"https:\/\/www.msn.com\/fr-fr\/actualite\/monde\/3%C3%A8me-dose-pour-garder-son-pass-sanitaire-nous-les-personnes-du-troisi%C3%A8me-%C3%A2ge-on-est-pris-en-otage-d%C3%A9nonce-marcel-sur-rmc\/ar-AAQAs24?cvid=bf7ba5f4bd114b75d63f4e1a2ce82be0&amp;ocid=winp1taskbar\">\u00ab\u00a0Nous, Les personnes du troisi\u00e8me \u00e2ge, on est pris en otage!\u00a0\u00bb d\u00e9nonce Marcel (RMC)<\/a><\/p>\n\n\n\n<p><strong><a href=\"https:\/\/www.rue89strasbourg.com\/opposes-a-la-vaccination-obligatoire-les-soignants-suspendus-en-errance-administrative-\">Oppos\u00e9s \u00e0 la vaccination obligatoire soignants suspendus en errance administrative<\/a> (Rue89)<\/strong><\/p>\n\n\n\n<p><a href=\"https:\/\/www.msn.com\/fr-fr\/lifestyle\/trucs-et-astuces\/coronavirus-l-ema-recommande-l-ajout-d-un-effet-secondaire-pour-le-vaccin-de-j-j\/ar-AAQA5OS?cvid=d01c1502b0004107c14dbd7fd65b5a1e&amp;ocid=winp1taskbar\">L&rsquo;EMA recommande l&rsquo;ajout d&rsquo;un effet secondaire pour le vaccin J &amp; J <\/a>(Reuters)<\/p>\n\n\n\n<p><a href=\"https:\/\/www.francetvinfo.fr\/sante\/maladie\/coronavirus\/covid-19-l-allemagne-enregistre-un-record-de-contaminations-avec-50000-nouveaux-cas-en-24heures_4840903.html\">L\u2019Allemagne enregistre un record de contaminations avec 50000 nouveaux cas en 24heures<\/a>&nbsp; (Francetvinfo)<\/p>\n\n\n\n<p><a href=\"https:\/\/www.msn.com\/fr-fr\/actualite\/france\/covid-19-comment-l-allemagne-tente-de-r%C3%A9agir-%C3%A0-l-emballement-de-l-%C3%A9pid%C3%A9mie\/ar-AAQAvVT?cvid=c5b8e2e6af4e4c3ef303b89c85c18de3&amp;ocid=winp1taskbar\">Covid-19 : comment l&rsquo;Allemagne tente de r\u00e9agir \u00e0 l&#8217;emballement de l&rsquo;\u00e9pid\u00e9mie <\/a>&nbsp;(L\u2019Express)<em><\/em><\/p>\n\n\n\n<p><strong><a href=\"https:\/\/lecourrierdesstrateges.fr\/2021\/11\/10\/passe-sanitaire-nouveau-blanc-seing-du-conseil-constitutionnel\">Passe sanitaire&nbsp;: nouveau blanc-seing du Conseil-constitutionnel<\/a> (Le Courrier des Strat\u00e8ges)<\/strong><\/p>\n\n\n\n<p><a href=\"https:\/\/www.francetvinfo.fr\/sante\/maladie\/coronavirus\/traitement-contre-le-covid-par-anticorps-ils-ne-sont-pas-du-tout-appeles-a-remplacer-les-vaccins-estime-un-immunologue_4841365.html\">Traitement covid par anticorps&nbsp;: ils ne sont pas du tout appel\u00e9s \u00e0 remplacer les vaccins <\/a>&nbsp;(Francetvinfo)<\/p>\n\n\n\n<p><a href=\"https:\/\/www.20minutes.fr\/societe\/3170279-20211111-coronavirus-guadeloupe-fin-etat-urgence-sanitaire-14-novembre\">Guadeloupe fin de l&rsquo;\u00e9tat d&rsquo;urgence sanitaire le14 novembre<\/a>&nbsp; (20Minutes)<\/p>\n\n\n\n<p><a href=\"https:\/\/www.mediapart.fr\/journal\/france\/111121\/messes-sans-masques-des-amendes-pour-les-pretres\">Messes sans masques des amendes pour les pr\u00eatres<\/a>&nbsp; (M\u00e9diapart)<\/p>\n\n\n\n<p><strong><u>Autre<\/u><\/strong><\/p>\n\n\n\n<p><strong><a href=\"https:\/\/www.humanite.fr\/sante-mentale-le-mal-etre-des-etudiants-progresse-727202\">Sant\u00e9 mentale&nbsp;: le mal-\u00eatre des \u00e9tudiants progresse<\/a> (L\u2019Humanit\u00e9)<\/strong><\/p>\n\n\n\n<p><a href=\"https:\/\/www.mediacites.fr\/enquete\/lyon\/2021\/11\/09\/sante-mentale-a-vaulx-en-velin-les-enfants-victimes-dun-systeme-a-bout-de-souffle\/\">Sant\u00e9 mentale: A Vaulx en Velin,les enfants victimes d\u2019un syst\u00e8me \u00e0 bout de souffle<\/a> (M\u00e9diacit\u00e9s)<\/p>\n\n\n\n<p><a href=\"https:\/\/lecourrierdesstrateges.fr\/2021\/11\/10\/le-cannabis-therapeutique-cbd-fait-il-planer-et-est-il-efficace-contre-la-douleur\/?utm_source=mailpoet&amp;utm_medium=email&amp;utm_campaign=les-derniers-articles-du-courrier-des-strateges_164\">Le cannabis th\u00e9rapeutique CBD fait-il planer et est-il efficace contre la douleur? <\/a>&nbsp;&nbsp;(Le Courrier des Strat\u00e8ges)<\/p>\n\n\n\n<p><strong>Analyse<\/strong><\/p>\n\n\n\n<p><a href=\"https:\/\/www.francetvinfo.fr\/sante\/maladie\/coronavirus\/infographies-covid-19-morts-hospitalisations-age-malades-l-evolution-de-l-epidemie-en-france-et-dans-le-monde-en-cartes-et-graphiques.html\"><strong>Suivez l\u2019\u00e9volution de l\u2019\u00e9pid\u00e9mie en France et dans le monde&nbsp;<\/strong><\/a><strong>(France info)<\/strong><\/p>\n\n\n\n<p><a href=\"https:\/\/covid19.healthdata.org\/france\">Projections par pays contaminations et morts Covid-19<\/a>&nbsp;(anglais, IHME)<\/p>\n\n\n\n<p><strong><a href=\"https:\/\/wgntv.com\/news\/coronavirus\/johns-hopkins-offers-live-interactive-map-of-global-coronavirus-cases\/\">En continu carte et chiffres d\u00e9taill\u00e9s sur la Pand\u00e9mie&nbsp;<\/a>&nbsp;(anglais, John Hopkins University)<\/strong><\/p>\n\n\n\n<p><a href=\"https:\/\/www.ft.com\/coronavirus-latest\">En continu graphiques et cartes sur la Pand\u00e9mie<\/a>&nbsp;(anglais, Financial Times)<\/p>\n\n\n\n<p><strong><span style=\"color:#ed0a30\" class=\"has-inline-color\">11 novembre 2021<\/span><\/strong><\/p>\n\n\n\n<p><strong><span style=\"text-decoration: underline;\">Covid<\/span><\/strong><\/p>\n\n\n\n<p><strong><a href=\"https:\/\/www.francetvinfo.fr\/sante\/maladie\/coronavirus\/pass-sanitaire\/covid-19-les-plus-de-65-ans-devront-recevoir-une-troisieme-de-dose-vaccin-pour-garder-leur-pass-sanitaire_4839997.html\">Plus de 65 ans : 3\u00e8 dose de vaccin pour garder leur passe sanitaire<\/a> (Francetvinfo)<\/strong><\/p>\n\n\n\n<p><a href=\"https:\/\/www.20minutes.fr\/sante\/3169407-20211110-coronavirus-tout-comprendre-nouvelle-campagne-rappel-vaccins\">Comprendre la nouvelle campagne de rappel de vaccins<\/a>&nbsp; (20Minutes)<\/p>\n\n\n\n<p><a href=\"https:\/\/www.humanite.fr\/vaccination-contre-le-covid-19-ou-en-est-votre-departement-699870\">Vaccination contre le covid&nbsp;: o\u00f9 en est votre d\u00e9partement<\/a> (L\u2019Humanit\u00e9)<\/p>\n\n\n\n<p><strong><a href=\"https:\/\/lecourrierdesstrateges.fr\/2021\/11\/10\/passe-sanitaire-nouveau-blanc-seing-du-conseil-constitutionnel\/\">Passe sanitaire nouveau blanc-seing du Conseil constitutionnel<\/a> (Le Courrier des Strat\u00e8ges)<\/strong><\/p>\n\n\n\n<p><a href=\"https:\/\/www.francetvinfo.fr\/sante\/maladie\/coronavirus\/vaccin\/covid-19-on-vous-resume-la-polemique-autour-de-mckinsey-le-cabinet-qui-conseille-le-gouvernement-sur-la-strategie-vaccinale_4291131.html\">Pol\u00e9mique autour de McKinsey qui conseille le gouvernement sur la strat\u00e9gie vaccinale<\/a> (Francetvinfo)<\/p>\n\n\n\n<p><a href=\"https:\/\/www.msn.com\/fr-fr\/lifestyle\/trucs-et-astuces\/covid-19-certaines-personnes-sont-plus-%C3%A0-risque-de-formes-graves-et-on-sait-d%C3%A9sormais-pourquoi\/ar-AAQrWgq?cvid=4d685e3359b54206db1ba6b95de401c6&amp;ocid=winp1taskbar\">Certaines personnes sont plus \u00e0 risque de formes graves, et on sait  pourquoi<\/a> (MSN)<\/p>\n\n\n\n<p><a href=\"https:\/\/www.francetvinfo.fr\/sante\/maladie\/coronavirus\/pass-sanitaire\/covid-19-la-reaction-des-seniors-a-l-annonce-de-la-troisieme-dose-de-vaccin_4840281.html\">La r\u00e9action des seniors \u00e0 l&rsquo;annonce de la troisi\u00e8me dose de vaccin<\/a> (Franceinfo)<\/p>\n\n\n\n<p><a href=\"https:\/\/www.amnesty.fr\/dossiers\/covid-19-les-droits-des-soignants-en-danger\">Les droits des soignants en danger<\/a> (Amnesty international)<\/p>\n\n\n\n<figure class=\"wp-block-image is-resized is-style-default\"><img data-recalc-dims=\"1\" loading=\"lazy\" decoding=\"async\" src=\"https:\/\/i0.wp.com\/static.mediapart.fr\/etmagine\/default\/files\/2021\/11\/03\/dmqennpw4aee6fl.jpg?resize=344%2C458&#038;ssl=1\" alt=\"dmqennpw4aee6fl\" width=\"344\" height=\"458\"\/><\/figure>\n\n\n\n<p><strong><span style=\"text-decoration: underline;\">Autre<\/span><\/strong><\/p>\n\n\n\n<p><a href=\"https:\/\/www.20minutes.fr\/societe\/3169891-20211110-froid-Comment-precarite-energetique-nuit-sante-francais\">Comment la pr\u00e9carit\u00e9 \u00e9nerg\u00e9tique nuit \u00e0 la sant\u00e9 des Fran\u00e7ais<\/a> &nbsp;&nbsp;(20Minutes)<\/p>\n\n\n\n<p><a href=\"https:\/\/www.20minutes.fr\/sante\/3169639-20211110-Bronchiolite-epidemie-gagne-toute-metropole-compris-corse-bretagne\">Bronchiolite&nbsp;: l\u2019\u00e9pid\u00e9mie gagne toute la m\u00e9tropole y compris Corse et Bretagne<\/a> (20Minutes)<\/p>\n\n\n\n<figure class=\"wp-block-image is-resized is-style-default\"><img loading=\"lazy\" decoding=\"async\" src=\"https:\/\/scontent.fhex4-1.fna.fbcdn.net\/v\/t1.6435-9\/255060850_1324661241289674_229009206645747084_n.png?_nc_cat=101&amp;ccb=1-5&amp;_nc_sid=730e14&amp;_nc_ohc=091c9UckcqoAX-La34a&amp;_nc_ht=scontent.fhex4-1.fna&amp;oh=3de60f9f17eb63a09e94f2ed4174cf18&amp;oe=61B2E707\" alt=\"Peut \u00eatre une image de plein air et texte qui dit \u2019RD26 Pneumologue 125 km Cardiologue 110 km RD26 Ophtalmologiste M\u00e9decin g\u00e9n\u00e9raliste 60 km ORL 90 km km\u2019\" width=\"285\" height=\"395\"\/><\/figure>\n\n\n\n<p><strong><span style=\"text-decoration: underline;\">Analyse<\/span><\/strong><\/p>\n\n\n\n<p><a href=\"https:\/\/www.francetvinfo.fr\/sante\/maladie\/coronavirus\/infographies-covid-19-morts-hospitalisations-age-malades-l-evolution-de-l-epidemie-en-france-et-dans-le-monde-en-cartes-et-graphiques.html\"><strong>Suivez l\u2019\u00e9volution de l\u2019\u00e9pid\u00e9mie en France et dans le monde&nbsp;<\/strong><\/a><strong>(France info)<\/strong><\/p>\n\n\n\n<p><a href=\"https:\/\/covid19.healthdata.org\/france\">Projections par pays contaminations et morts Covid-19<\/a>&nbsp;(anglais, IHME)<\/p>\n\n\n\n<p><a href=\"https:\/\/wgntv.com\/news\/coronavirus\/johns-hopkins-offers-live-interactive-map-of-global-coronavirus-cases\/\">En continu carte et chiffres d\u00e9taill\u00e9s sur la Pand\u00e9mie&nbsp;<\/a>&nbsp;(anglais, John Hopkins University)<\/p>\n\n\n\n<p><a href=\"https:\/\/www.ft.com\/coronavirus-latest\">En continu graphiques et cartes sur la Pand\u00e9mie<\/a>&nbsp;(anglais, Financial Times)<\/p>\n\n\n\n<p><strong><span style=\"color:#da0f34\" class=\"has-inline-color\">10 novembre en continu<\/span><\/strong><\/p>\n\n\n\n<p><strong><u>Covid<\/u><\/strong><\/p>\n\n\n\n<p><strong><a href=\"https:\/\/www.msn.com\/fr-fr\/actualite\/france\/exclusif-l-ue-sur-le-point-d-approuver-les-premiers-traitements-anti-covid-par-anticorps-selon-des-sources\/ar-AAQuq5z?cvid=537ec1c41ab14cc2d1265e2abb506955&amp;ocid=winp1taskbar\">L&rsquo;UE sur le point d&rsquo;approuver les premiers traitements anti-COVID par anticorps, selon des sources <\/a>&nbsp;(Reuters)<\/strong><\/p>\n\n\n\n<p><a href=\"https:\/\/www.francetvinfo.fr\/sante\/maladie\/coronavirus\/pass-sanitaire\/covid-19-le-conseil-constitutionnel-censure-la-possibilite-pour-les-directeurs-d-etablissements-d-acceder-au-statut-vaccinal-des-eleves_4838771.html\">Conseil constitutionnel censure, pour directeurs acc\u00e8s statut vaccinal  \u00e9l\u00e8ves<\/a> (FranceInfo)<\/p>\n\n\n\n<p><strong><a href=\"https:\/\/www.humanite.fr\/covid-19-cette-nouvelle-vague-peut-etre-contenue-727211\">Cette nouvelle vague peut \u00eatre contenue<\/a> <a><u>(L\u2019Humanit\u00e9)<\/u><\/a><\/strong><\/p>\n\n\n\n<p><a href=\"https:\/\/www.youtube.com\/watch?v=jstZJnubkCY\">L\u2019OMS confirme&nbsp;que ces vaccins sont dangereux <\/a>&nbsp;(Draw my economy)<\/p>\n\n\n\n<p><a href=\"https:\/\/www.who.int\/fr\/emergencies\/diseases\/novel-coronavirus-2019\/question-and-answers-hub\/q-a-detail\/coronavirus-disease-(covid-19)-vaccines-safety\">Comment savoir si les vaccins sont sans danger&nbsp;?<\/a> (OMS)<\/p>\n\n\n\n<p><a href=\"https:\/\/lecourrierdesstrateges.fr\/2021\/11\/08\/le-parlement-europeen-un-des-rares-lieux-ou-lon-debat-un-peu-sur-les-effets-secondaires-graves-des-vaccins-anti-covid\/?utm_source=mailpoet&amp;utm_medium=email&amp;utm_campaign=les-derniers-articles-du-courrier-des-strateges_164\">Au Parlement europ\u00e9en on d\u00e9bat (un peu) sur effets graves des vaccins<\/a> (Le Courrier des Strat\u00e8ges)<\/p>\n\n\n\n<p><a href=\"https:\/\/www.humanite.fr\/il-y-urgence-le-billet-du-dr-christophe-prudhomme-prevoir-727164\">Il y a urgence:  le billet du Dr Christophe Prudhomme. Pr\u00e9voir<\/a> (L\u2019Humanit\u00e9)<\/p>\n\n\n\n<p><a href=\"https:\/\/lecourrierdesstrateges.fr\/2021\/11\/09\/5e-vague-vers-une-nouvelle-orchestration-de-la-peur\/?utm_source=mailpoet&amp;utm_medium=email&amp;utm_campaign=les-derniers-articles-du-courrier-des-strateges_164\">5\u00e8 vague&nbsp;: vers une nouvelle orchestration de la peur<\/a> (Le Courrier des Strat\u00e8ges)<\/p>\n\n\n\n<figure class=\"wp-block-image size-full\"><img data-recalc-dims=\"1\" loading=\"lazy\" decoding=\"async\" width=\"480\" height=\"320\" src=\"https:\/\/i0.wp.com\/www.rdpemancipation.org\/wp-content\/uploads\/2021\/11\/image-39.png?resize=480%2C320&#038;ssl=1\" alt=\"\" class=\"wp-image-56769\" srcset=\"https:\/\/i0.wp.com\/www.rdpemancipation.org\/wp-content\/uploads\/2021\/11\/image-39.png?w=480&amp;ssl=1 480w, https:\/\/i0.wp.com\/www.rdpemancipation.org\/wp-content\/uploads\/2021\/11\/image-39.png?resize=300%2C200&amp;ssl=1 300w\" sizes=\"auto, (max-width: 480px) 100vw, 480px\" \/><\/figure>\n\n\n\n<p><strong><a href=\"https:\/\/www.francetvinfo.fr\/sante\/maladie\/coronavirus\/infographies-comment-la-france-a-perdu-pres-de-80-000-lits-d-hospitalisation-publics-en-vingt-ans_4833931.html\">Comment France a perdu pr\u00e8s de 80&nbsp;000 lits d\u2019hospitalisation publics en 20 ans<\/a> (Francetvinfo)<\/strong><\/p>\n\n\n\n<p><a href=\"https:\/\/www.msn.com\/fr-fr\/actualite\/france\/passe-sanitaire-conditionn%C3%A9-par-un-rappel-vaccinal-pour-les-seniors-le-pire-c-est-qu-il-faudra-bien-s-y-r%C3%A9soudre\/ar-AAQvC81?ocidctx=hvs%3A3%2Cfdwt%3A3507%2Chb%3Afalse%2Ctb%3Afalse%2Cpb%3Afalse%2Ccvc%3A22&amp;ocid=winp1taskbar\">Passe sanitaire conditionn\u00e9 par un rappel vaccinal : pour les seniors<\/a>&nbsp;   (Le Parisien)<\/p>\n\n\n\n<p><a href=\"https:\/\/www.francetvinfo.fr\/sante\/politique-de-sante\/hopitaux-publics-on-est-en-plein-mercato-pour-trouver-des-soignants-sinquiete-un-neurologue_4838627.html\">On est en plein mercato pour trouver des soignants s\u2019inqui\u00e8te un neurologue<\/a> (Francetvinfo)<\/p>\n\n\n\n<p><a href=\"https:\/\/lecourrierdesstrateges.fr\/2021\/11\/09\/quand-des-entreprises-discriminent-les-francais-a-lembauche-avec-la-complicite-de-letat\/?utm_source=mailpoet&amp;utm_medium=email&amp;utm_campaign=les-derniers-articles-du-courrier-des-strateges_164\">Des entreprises discriminent les Fran\u00e7ais \u00e0 l\u2019embauche avec complicit\u00e9 de l\u2018\u00c9tat<\/a> (Le Courrier des Strat\u00e8ges)<\/p>\n\n\n\n<p><a><\/a><a href=\"https:\/\/www.amnesty.fr\/dossiers\/covid-19-les-droits-des-soignants-en-danger\">Les droits des soignants en danger<\/a> (Amnesty international)<\/p>\n\n\n\n<p><strong><u>Autre<\/u><\/strong><\/p>\n\n\n\n<p><a href=\"https:\/\/www.huffingtonpost.fr\/entry\/allongement-delai-legal-ivg-ordre-de-lassemblee-nationale_fr_6182632ce4b0ad6f587c3a7b\">Allongement d\u00e9lai l\u00e9gal IVG d\u00e9battu \u00e0 l\u2019Assembl\u00e9e nationale fr_<\/a> (HuffPost)<\/p>\n\n\n\n<p><strong><u>Analyse<\/u><\/strong><\/p>\n\n\n\n<p><a href=\"https:\/\/www.francetvinfo.fr\/sante\/maladie\/coronavirus\/covid-19-prendre-au-serieux-les-signes-pour-eviter-des-mesures-bien-plus-contraignantes-estime-didier-fassin-anthropologue_4838397.html\">Prendre au s\u00e9rieux les signes pour \u00e9viter mesures plus contraignantes<\/a> (Francetvinfo)<\/p>\n\n\n\n<p><a href=\"https:\/\/juste-milieu.fr\/3eme-dose-loms-dement-et-accuse-emmanuel-macron\/\">3<sup>\u00e8me<\/sup> dose&nbsp;: L\u2019OMS d\u00e9ment et accuse Emmanuel Macron<\/a> (Juste Milieu)<\/p>\n\n\n\n<p><a href=\"https:\/\/www.lemonde.fr\/politique\/article\/2021\/07\/13\/macron-promet-un-rappel-a-la-rentree-aux-vaccines-du-debut-de-l-annee_6088130_823448.html\">Macron promet un rappel aux vaccin\u00e9s du d\u00e9but de l\u2019ann\u00e9e (le13-07-2021)<\/a>&nbsp; &nbsp;(Le Monde)<\/p>\n\n\n\n<p><a href=\"https:\/\/www.francetvinfo.fr\/sante\/maladie\/coronavirus\/infographies-covid-19-morts-hospitalisations-age-malades-l-evolution-de-l-epidemie-en-france-et-dans-le-monde-en-cartes-et-graphiques.html\"><strong>Suivez l\u2019\u00e9volution de l\u2019\u00e9pid\u00e9mie en France et dans le monde&nbsp;<\/strong><\/a><strong>(France info)<\/strong><\/p>\n\n\n\n<p><a href=\"https:\/\/covid19.healthdata.org\/france\">Projections par pays contaminations et morts Covid-19<\/a>&nbsp;(anglais, IHME)<\/p>\n\n\n\n<p><a href=\"https:\/\/wgntv.com\/news\/coronavirus\/johns-hopkins-offers-live-interactive-map-of-global-coronavirus-cases\/\">En continu carte et chiffres d\u00e9taill\u00e9s sur la Pand\u00e9mie&nbsp;<\/a>&nbsp;(anglais, John Hopkins University)<\/p>\n\n\n\n<p><a href=\"https:\/\/www.ft.com\/coronavirus-latest\">En continu graphiques et cartes sur la Pand\u00e9mie<\/a>&nbsp;(anglais, Financial Times)<\/p>\n\n\n\n<p> <strong><span style=\"color:#dc0922\" class=\"has-inline-color\">9 Novembre en continu<\/span><\/strong> <\/p>\n\n\n\n<p><a href=\"https:\/\/www.francetvinfo.fr\/sante\/maladie\/coronavirus\/Passe%20sanitaire\/dose-de-rappel-allocations-chomage-retraites-ce-qu-il-faut-retenir-de-la-prise-de-parole-d-emmmacron\">&nbsp;Prise de parole de Macron&nbsp;: Passe sanitaire, dose de rappel<\/a> (Francetvinfo)<\/p>\n\n\n\n<p><strong><a href=\"https:\/\/www.msn.com\/fr-fr\/lifestyle\/bien-etre\/coronavirus-le-point-sur-la-pand%C3%A9mie-dans-le-monde\/ar-AAQuJxv?cvid=49957178e2564f27a3523927d0a7dfb3&amp;ocid=winp1taskbar\">Le point sur la pand\u00e9mie dans le monde <\/a>(AFP)<\/strong><\/p>\n\n\n\n<p><a href=\"https:\/\/www.msn.com\/fr-fr\/actualite\/france\/covid-19-en-france-49-d%C3%A9c%C3%A8s-en-24-heures-les-hospitalisation-en-hausse\/ar-AAQvseP?ocid=winp1taskbar\">49 d\u00e9c\u00e8s en 24 heures les hospitalisation en hausse\/<\/a>(Le Parisien)<\/p>\n\n\n\n<p><a href=\"https:\/\/www.msn.com\/fr-fr\/lifestyle\/trucs-et-astuces\/covid-19-les-tests-pcr-et-antig%c3%a9niques-sont-ils-payants-pour-les-femmes-enceintes\/ar-AAQsmJ2?li=BBoJvSH\">Les tests PCR et antig\u00e9niques sont-ils payants pour les femmes enceintes&nbsp;?<\/a> (MSN)<\/p>\n\n\n\n<p><strong><a href=\"https:\/\/www.legrandsoir.info\/piqures-de-rappel-pourquoi-tant-de-personnes-hesitent-a-se-faire-vacciner-contre-le-covid-et-ce-que-nous-pouvons-faire-pour-y-37511.html\">Pourquoi tant de personnes h\u00e9sitent \u00e0 se faire vacciner contre le covid&nbsp;?<\/a> (Le Grand Soir)<\/strong><\/p>\n\n\n\n<p><a href=\"https:\/\/www.20minutes.fr\/monde\/3168019-20211108-coronavirus-Deux-mois-apres-suppression-danemark-va-reintroduire-pass-sanitaire\">Deux mois apr\u00e8s suppression, Danemark r\u00e9introduit le passe sanitaire<\/a> (20Minutes)<\/p>\n\n\n\n<p><a href=\"https:\/\/www.dailymotion.com\/video\/x85cpsb\">Bataille des labos pour d\u00e9velopper un traitement <\/a>&nbsp;&nbsp;(Dailymotion)<\/p>\n\n\n\n<p><a href=\"https:\/\/www.20minutes.fr\/actu-generale\/\">Le m\u00e9dicament de Regeneron prot\u00e8ge du Covid 8 mois dit la firme<\/a> (20Minutes)<\/p>\n\n\n\n<p><a href=\"https:\/\/www.humanite.fr\/covid-face-au-rebond-epidemique-macron-reprend-la-lumiere-726911\">Face au rebond \u00e9pid\u00e9mique, Macron reprend la lumi\u00e8re 1<\/a> (L\u2019Humanit\u00e9)<\/p>\n\n\n\n<p><strong><u><a href=\"https:\/\/www.youtube.com\/watch?v=PBDsOWcoW_c\">Ce que Macron va vous annoncer demain <\/a>(Draw my economie)<\/u><\/strong> Vid\u00e9o<\/p>\n\n\n\n<p><a href=\"https:\/\/www.20minutes.fr\/sante\/3167983-20211108-pass-sanitaire-autotests-supervises-nouveau-valables-theorie-seulement\">Autotests supervis\u00e9s valables en th\u00e9orie seulement<\/a> (20Minutes)<\/p>\n\n\n\n<p><a href=\"https:\/\/www.francetvinfo.fr\/sante\/maladie\/coronavirus\/vaccin\/blocage-des-brevets-des-vaccins-contre-le-covid-19-le-communiste-fabien-roussel-accuse-les-big-pharma-de-crimes-contre-lhumanite_4837157.html\">Blocage brevets&nbsp;: Roussel accuse Bigpharma de crimes contre l\u2019humanit\u00e9<\/a> (Francetvinfo)<\/p>\n\n\n\n<p><a href=\"https:\/\/www.lexpress.fr\/actualite\/politique\/ce-que-contient-le-projet-de-loi-prolongeant-le-passe-sanitaire-jusqu-a-l-ete_2161798.html\">Que contient le projet de loi prolongeant le passe sanitaire jusqu\u2019\u00e0 l\u2019\u00e9t\u00e9<\/a> (L\u2019Express)<\/p>\n\n\n\n<p><a href=\"https:\/\/www.francetvinfo.fr\/sante\/maladie\/coronavirus\/vaccin\/covid-19-La%20HAS%20d\u00e9conseille-le%20vaccin-de-Moderna%20moins-de-30-ans-en-raison-d-un-risque-accru-de-myocardites-chez-les-plus-jeunes_4837667.html\">La HAS d\u00e9conseille le vaccin de Moderna aux moins de 30ans<\/a> <a><u>(<\/u><\/a><u>Francetvinfo<\/u><a><u>)<\/u><\/a><\/p>\n\n\n\n<figure class=\"wp-block-image is-style-default\"><img data-recalc-dims=\"1\" decoding=\"async\" src=\"https:\/\/i0.wp.com\/mamot.fr\/system\/cache\/media_attachments\/files\/107\/205\/734\/527\/419\/261\/original\/bb69e0d24d6decf1.png?w=1200&#038;ssl=1\" alt=\"\"\/><\/figure>\n\n\n\n<p><strong><u>Analyse<\/u><\/strong><\/p>\n\n\n\n<p><a href=\"https:\/\/basta.media\/Coronavirus-Covid19-austerite-hopital-reduction-depenses-publiques-historique-lois-soins-sante\">Covid19 mettra-t-il fin \u00e0 l\u2019aust\u00e9rit\u00e9 impos\u00e9e \u00e0 l\u2019h\u00f4pital&nbsp;? 13\/03\/2020<\/a> (Basta)<\/p>\n\n\n\n<p><a href=\"https:\/\/www.francetvinfo.fr\/sante\/maladie\/coronavirus\/infographies-covid-19-morts-hospitalisations-age-malades-l-evolution-de-l-epidemie-en-france-et-dans-le-monde-en-cartes-et-graphiques.html\"><strong>Suivez l\u2019\u00e9volution de l\u2019\u00e9pid\u00e9mie en France et dans le monde&nbsp;<\/strong><\/a><strong>(France info)<\/strong><\/p>\n\n\n\n<p><a href=\"https:\/\/covid19.healthdata.org\/france\">Projections par pays contaminations et morts Covid-19<\/a>&nbsp;(anglais, IHME)<\/p>\n\n\n\n<p><a href=\"https:\/\/wgntv.com\/news\/coronavirus\/johns-hopkins-offers-live-interactive-map-of-global-coronavirus-cases\/\">En continu carte et chiffres d\u00e9taill\u00e9s sur la Pand\u00e9mie&nbsp;<\/a>&nbsp;(anglais, John Hopkins University)<\/p>\n\n\n\n<p><a href=\"https:\/\/www.ft.com\/coronavirus-latest\">En continu graphiques et cartes sur la Pand\u00e9mie<\/a>&nbsp;(anglais, Financial Times)<\/p>\n\n\n\n<figure class=\"wp-block-image is-resized is-style-default\"><img loading=\"lazy\" decoding=\"async\" src=\"https:\/\/scontent-frt3-1.xx.fbcdn.net\/v\/t1.6435-9\/250770722_3157210664557160_3909141796348726317_n.jpg?_nc_cat=102&amp;ccb=1-5&amp;_nc_sid=dbeb18&amp;_nc_ohc=nFyuMEhAKbAAX8x-muH&amp;_nc_ht=scontent-frt3-1.xx&amp;oh=f8360f2573f867defad5d8bf6220ded7&amp;oe=61AE8C79\" alt=\"Peut \u00eatre une image de rat et texte qui dit \u2019Tu vas te faire vacciner? T'es folle, ils n'ont pas termin\u00e9 les essa\u00eds sur l'homme! LARGE +JiP\u00c9M\u2019\" width=\"526\" height=\"399\"\/><\/figure>\n\n\n\n<p><strong><u>Autre<\/u><\/strong><\/p>\n\n\n\n<p><a href=\"https:\/\/www.20minutes.fr\/lille\/3167739-20211108-lille-experts-direct-evoquer-avancees-lutte-contre-diabete\">Lille&nbsp;: Des experts \u00e9voquent des avanc\u00e9es dans la lutte contre &nbsp;le diab\u00e8te<\/a> (20Minutes)<\/p>\n\n\n\n<p> <strong><span style=\"color:#dc0922\" class=\"has-inline-color\"> 8 Novembre en continu<\/span><\/strong> <\/p>\n\n\n\n<p><strong><span style=\"text-decoration: underline;\">Covid<\/span><\/strong><\/p>\n\n\n\n<p><a href=\"https:\/\/www.lemonde.fr\/implant-files\/article\/2018\/11\/28\/implants-le-monde-attaque-en-justice-le-manque-de-transparence-des-autorites_5389606_5385406.html\">Implants: Le \u2018\u2019Monde\u2019\u2019attaque en justice le manque de transparence des autorit\u00e9s 5<\/a> (Le Monde)<\/p>\n\n\n\n<p><a href=\"https:\/\/www.francetvinfo.fr\/sante\/maladie\/coronavirus\/masques-sanitaires\/covid-19-des-gestes-barrieres-de-plus-en-plus-absents-du-quotidien-des-francais_4836395.html\">Des gestes barri\u00e8res de plus en plus absents du quotidien des Fran\u00e7ais_<\/a> &nbsp;(Francetvinfo)<\/p>\n\n\n\n<p><a href=\"https:\/\/www.msn.com\/fr-fr\/lifestyle\/fitness\/pfizer-annonce-de-premiers-r%C3%A9sultats-tr%C3%A8s-positifs-pour-sa-pilule-anti-covid\/ar-AAQmCSb?cvid=aade844ed15b4467fa3c52c9fbd03cf2&amp;ocid=winp1taskbar\">Pfizer annonce de premiers r\u00e9sultats tr\u00e8s positifs pour sa pilule anti-Covid <\/a>(ETX)<\/p>\n\n\n\n<p><strong><a href=\"https:\/\/www.francetvinfo.fr\/sante\/maladie\/coronavirus\/vaccin\/covid-19-responsables-d-etablissements-et-parents-d-eleves-opposes-a-la-levee-du-secret-medical-en-milieu-scolaire_4834099.html\">Responsables d\u2019\u00e9tablissements et parents oppos\u00e9s \u00e0 la lev\u00e9e du secret m\u00e9dical \u00e0 l\u2019\u00e9cole<\/a> (Francetvinfo)<\/strong><\/p>\n\n\n\n<p><strong><a href=\"https:\/\/www.20minutes.fr\/sante\/3165847-20211105-yvelines-une-entreprise-commercialise-un-decontaminateur-d-air-efficace-contre-le-coronavirus\">Yvelines: une entreprise commercialise d\u00e9contaminateur d\u2019air contre coronavirus<\/a> (20Minutes)<\/strong><\/p>\n\n\n\n<p><a href=\"https:\/\/www.20minutes.fr\/sante\/3166163-20211107-coronavirus-moindre-hesitation-jamais-vie-parents-francais-pensent-vaccination-5-11-ans\">Covid: Ce que les parents fran\u00e7ais pensent de la vaccination des 5-11-ans<\/a> (20Mnutes)<\/p>\n\n\n\n<p><a href=\"https:\/\/www.francetvinfo.fr\/sante\/maladie\/coronavirus\/covid-19-7-230-cas-enregistres-par-jour-en-moyenne-sur-une-semaine-une-hausse-de-pres-de-25_4836323.html\">7&nbsp;230 cas enregistr\u00e9s par jour en moyenne sur une semaine_<\/a> (FranceInfo)<em><\/em><\/p>\n\n\n\n<p><a href=\"https:\/\/www.francetvinfo.fr\/sante\/maladie\/coronavirus\/pass-sanitaire\/troisieme-dose-de-vaccin-contre-le-covid-19-commentreagissent-les-autres-pays_4835221.html\">3\u00e8 dose de vaccin contre le-covid, comment r\u00e9agissent les autres pays&nbsp;?_<\/a>(Franceinfo)<\/p>\n\n\n\n<p><a href=\"https:\/\/lecourrierdesstrateges.fr\/2021\/11\/05\/obligation-vaccinale-aux-usa-une-affaire-de-patrons-en-france-une-affaire-de-syndicats\/\">Obligation vaccinale&nbsp;:aux USA, une affaire de patrons, en France, une affaire de syndicats<\/a><\/p>\n\n\n\n<p><strong><span style=\"text-decoration: underline;\">Autre<\/span><\/strong><\/p>\n\n\n\n<p><a href=\"https:\/\/basta.media\/salon-lanceurs-dalerte-pesticides-surveillance-sante-publique\">Rencontres lanceurs d\u2019alerte&nbsp;: pesticides surveillance sant\u00e9 publique<\/a> (Basta)<\/p>\n\n\n\n<p><a href=\"https:\/\/www.msn.com\/fr-fr\/lifestyle\/trucs-et-astuces\/un-traitement-efficace-%C3%A0-l-essai-pour-lutter-contre-un-cancer-rare-du-cerveau-chez-l-enfant\/ar-AAQmKb9?cvid=c2ddb6cfc1054016815c4cad656c594a&amp;ocid=winp1taskbar\">Un traitement efficace \u00e0 l&rsquo;essai pour lutter contre un cancer rare du cerveau chez l&rsquo;enfant <\/a>&nbsp;(Slate)<\/p>\n\n\n\n<p><a href=\"https:\/\/www.humanite.fr\/sante-projet-iseult-et-voici-lirm-la-plus-puissante-au-monde-726344\">Projet Iseult&nbsp;: voici l\u2019IRM la plus puissante au-monde<\/a> &nbsp;(L\u2019Humanit\u00e9)<\/p>\n\n\n\n<figure class=\"wp-block-image is-resized is-style-default\"><img loading=\"lazy\" decoding=\"async\" src=\"https:\/\/scontent.fhex4-1.fna.fbcdn.net\/v\/t39.30808-6\/s640x640\/254644633_10159760886884362_769671267907819107_n.jpg?_nc_cat=100&amp;ccb=1-5&amp;_nc_sid=730e14&amp;_nc_eui2=AeEZU-KI6cczzTNdYq8VUlo_V3vScYa5t71Xe9Jxhrm3vfTlP0JWYMa_JcC67E0M-IY&amp;_nc_ohc=bXUnqpodEkoAX-U543C&amp;_nc_ht=scontent.fhex4-1.fna&amp;oh=0265fe340f1f2898ef1036ce4964cb35&amp;oe=618DB08E\" alt=\"Peut \u00eatre une image de texte qui dit \u2019Quelle crise sanitaire peut amener un h\u00f4pital \u00e0 payer un agent de s\u00e9curit\u00e9 300\u20ac de plus qu'une infirmi\u00e8re? nouveau Agent de securite h\/f CENTRE HOSPITALIER DE CORNOUAILLE 3,7 Quimper (29) 1 908 C par mois Candidature facile Nous sommes 200 professionnels \u00e0y travailler quotidiennement.pour professionnels\u00e0 des plus... nouveau Inf._'(\/) d'etat(h\/f) CENTRE HOSPITALIER DE CORNOUAILLE 3,7 Quimper (29) 606 \u20ac par mois Candidature facile 519 22:35\u2019\" width=\"365\" height=\"448\"\/><\/figure>\n\n\n\n<p><strong><span style=\"color:#dc0922\" class=\"has-inline-color\"> 7 Novembre en continu<\/span><\/strong><\/p>\n\n\n\n<p><strong>Covid<\/strong><\/p>\n\n\n\n<p><a href=\"https:\/\/lasanteauquotidien.com\/coronavirus-covid-19\/covid-19-combien-de-vaccins-sont-autorises-dans-le-monde\/\">Covid&nbsp;: combien de vaccins sont autoris\u00e9s dans le monde<\/a> (La Sant\u00e9 au quotidien)<\/p>\n\n\n\n<p><strong><a href=\"https:\/\/lecourrierdesstrateges.fr\/2021\/11\/05\/autotests-covid-quand-lassurance-maladie-refuse-lautorite-du-conseil-detat\/\">Autotests covid&nbsp;: quand l\u2019assurance-maladie refuse l\u2019autorit\u00e9 du conseil d\u2019\u00c9tat<\/a> (Le Courrier des strat\u00e8ges)<\/strong><\/p>\n\n\n\n<p><strong><a href=\"https:\/\/www.msn.com\/fr-fr\/lifestyle\/trucs-et-astuces\/les-pilules-anti-covid-sont-elles-la-solution-de-demain-pour-traiter-la-maladie\/ar-AAQmDQs?cvid=eed5c3f8f09d4ceb9199d2077fb76665&amp;ocid=winp1taskbar\">Les pilules anti-Covid sont-elles la solution de demain pour traiter la maladie ? <\/a>&nbsp;(Ouest-France)<\/strong><\/p>\n\n\n\n<p><a href=\"https:\/\/www.youtube.com\/watch?v=lIHzTt1XxvE\">Comment l\u2019\u00c9tat veut vous contr\u00f4ler pour toujours <\/a>(Draw my economy)<\/p>\n\n\n\n<p><strong><a href=\"https:\/\/europe-solidaire.us8.list-manage.com\/track\/click?u=5c732dd5ee65845cf20fd724a&amp;id=7f9a478399&amp;e=5df9c98670\">Covid-19 : la transmission a\u00e9rienne est confirm\u00e9e, comment s&rsquo;en prot\u00e9ger simplement<\/a> -Pernelet-Joly Val\u00e9rie<\/strong><\/p>\n\n\n\n<p><a href=\"https:\/\/www.francetvinfo.fr\/sante\/maladie\/coronavirus\/vaccin\/vaccin-contre-lecovid-19-une-efficacite-en-baisse-au-fil-du-temps_4835429.html\">Vaccin: une efficacit\u00e9 en baisse au fil du temps_<\/a> (FranceInfo)<\/p>\n\n\n\n<p><a href=\"https:\/\/newrepublic.com\/article\/164282\/biden-vaccine-mandate-osha-covid?utm_source=newsletter&amp;utm_medium=email&amp;utm_campaign=tnr_weekly\">Les subtilit\u00e9s de l\u2019obligation vaccinale aux USA<\/a> (anglais -The New Republic)<\/p>\n\n\n\n<p><a href=\"https:\/\/www.francetvinfo.fr\/politique\/direct-remontees-mecaniques-port-du-masque-obligatoire-dans-les-files-d-attente-pass-sanitaire-exige-si-la-situation-epidemique-se-degrade-annonce-jean-castex_4835147.html\">Covid-19 : la Russie enregistre plus de 41&nbsp;000&nbsp;nouvelles contaminations en 24&nbsp;heures<\/a> (France Info)<\/p>\n\n\n\n<p><strong>Autre<\/strong><\/p>\n\n\n\n<p><a href=\"https:\/\/www.lemonde.fr\/implant-files\/article\/2018\/11\/28\/implants-le-monde-attaque-en-justice-le-manque-de-transparence-des-autorites_5389606_5385406.html\">Implants: Le \u2018\u2019Monde\u2019\u2019attaque en justice le manque de transparence des autorit\u00e9s 5<\/a><\/p>\n\n\n\n<p><strong><a href=\"https:\/\/www.lemonde.fr\/societe\/article\/2020\/09\/30\/conflit-d-interets-l-impossible-acces-aux-contrats-conclus-entre-les-laboratoires-et-les-medecins_6054218_3224.html?utm_source=sfmc&amp;utm_medium=email&amp;utm_campaign=SNC_DAILY_Il+faut+dissoudre+le+Conseil+national+de+\">Conflit d\u2019int\u00e9r\u00eats: impossible acc\u00e8s aux contrats conclus entre laboratoires et m\u00e9decins_62<\/a> (Le Monde)<\/strong><\/p>\n\n\n\n<p><a href=\"https:\/\/www.francetvinfo.fr\/sante\/maladie\/coronavirus\/enquete-les-etudes-scientifiques-elles-aussi-victimes-des-fraudeurs_4833107.html\"><strong>Les \u00e9tudes scientifiques elles aussi victimes des fraudeurs_<\/strong><\/a><strong>(FranceInfo)<\/strong><\/p>\n\n\n\n<p><a href=\"https:\/\/www.capital.fr\/economie-politique\/rendez-vous-chez-lophtalmo-les-regions-ou-on-attend-le-moins-notre-carte-de-france-1416575?utm_campaign=20211010&amp;utm_medium=email&amp;utm_source=nl-cap-matinale-eco#nlref=a29a0f53a20b592c6c7a7f02f456bac2&amp;part%255name%5D=pm&amp;part%255token%5D=\">Rendez-vous chez l\u2019ophtalmo: les r\u00e9gions o\u00f9 on attend le moins. carte de France-<\/a> (Capital)<\/p>\n\n\n\n<p><strong><a href=\"https:\/\/www.huffingtonpost.fr\/entry\/le-mois-sans-tabac-qui-debute-ce-lundi-va-t-il-retrouver-son-attrait_fr_617f9611e4b066de4f71c7b0\">Le-mois sans tabac qui d\u00e9bute ce lundi va-t-il retrouver son attrait&nbsp;?<\/a> <\/strong><strong>(HuffPost)<\/strong><\/p>\n\n\n\n<p><a href=\"https:\/\/www.20minutes.fr\/politique\/3165091-20211104-parlement-renforce-aide-parents-enfants-gravement-malades\">Le parlement renforce l\u2019aide aux parents d\u2019enfants gravement malades<\/a> (20Minutes)<\/p>\n\n\n\n<p><a href=\"https:\/\/www.questionsdeclasses.org\/laraignee-et-les-colibris\/\">L\u2019araign\u00e9e et les colibris<\/a> (Questions de classes)<\/p>\n\n\n\n<p><a href=\"https:\/\/www.20minutes.fr\/sante\/3166415-20211106-draguignan-mobilisation-contre-fermeture-urgences-nuit\">Draguignan&nbsp;: mobilisation contre la fermeture des urgences la nuit<\/a> (20Minutes)<\/p>\n\n\n\n<p><a href=\"https:\/\/www.20minutes.fr\/societe\/3162575-20211102-Mayenne-manque-effectifs-urgences-hopital-laval-fermees-plusieurs-nuits\">Mayenne&nbsp;: manque d\u2019effectifs aux urgences, h\u00f4pital Laval ferm\u00e9es plusieurs nuits<\/a> (20 Minutes)<\/p>\n\n\n\n<p><strong><span style=\"color:#dc0922\" class=\"has-inline-color\"> 6 Novembre en continu<\/span><\/strong><\/p>\n\n\n\n<p><strong>Covid<\/strong><\/p>\n\n\n\n<p><strong><a href=\"https:\/\/blogs.mediapart.fr\/frederick-stambach\/blog\/051121\/face-au-chaos-sanitaire-qui-vient\">Face au chaos sanitaire qui vient <\/a>-Fr\u00e9d\u00e9rick Stambach<\/strong><\/p>\n\n\n\n<p><a href=\"https:\/\/www.francetvinfo.fr\/sante\/maladie\/coronavirus\/vaccin\/vaccin-contre-le-covid-19-plus-de-60-000-demandes-de-rendez-vous-pour-la-troisieme-dose-effectuees-sur-doctolib-avant-l-allocution-d-emmanuel-macron_4835233.html\">Plus de 60 000 demandes de rendez-vous pour la troisi\u00e8me dose sur doctolib-<\/a>&nbsp; (Franceinfo)<\/p>\n\n\n\n<p><strong><a href=\"https:\/\/www.20minutes.fr\/monde\/3166551-20211106-vaccination-etats-unis-justice-suspend-obligation-vaccin-voulue-biden-entreprises\">&nbsp;\u00c9tats-Unis&nbsp;: la justice suspend l\u2019obligation vaccinale voulue par Biden<\/a>(20Minutes)<\/strong><\/p>\n\n\n\n<p><strong>Autre<\/strong><\/p>\n\n\n\n<p><a href=\"https:\/\/www.revolutionpermanente.fr\/Casse-de-l-hopital-une-patiente-de-96-ans-attend-30-heures-aux-urgences\">Casse de l\u2019h\u00f4pital&nbsp;: une patiente de 96 ans attend 30 heures aux urgences<\/a> (RP)<\/p>\n\n\n\n<pre class=\"wp-block-preformatted has-normal-font-size\">Que ce soit pour quelques heures chaque jour ou pendant plusieurs semaines, les services d\u2019urgences des h\u00f4pitaux publics ferment en cascade dans toute la France, faute de personnels soignants (<a href=\"https:\/\/www.huffingtonpost.fr\/entry\/fermeture-des-services-durgences-la-situation-est-catastrophique_fr_618284bde4b0a518ac99cd96\" target=\"_blank\" rel=\"noreferrer noopener\">source<\/a>)<\/pre>\n\n\n\n<figure class=\"wp-block-image is-resized is-style-default\"><img loading=\"lazy\" decoding=\"async\" src=\"https:\/\/scontent.fhex4-1.fna.fbcdn.net\/v\/t39.30808-6\/s720x720\/251742193_10226706481904160_5253122515923289180_n.jpg?_nc_cat=102&amp;ccb=1-5&amp;_nc_sid=825194&amp;_nc_eui2=AeFSKbhcV-CPXWbZvswKuN1Px8P9Ef0wFOvHw_0R_TAU6zhUZrPBYglPfVKaIbxkmRs&amp;_nc_ohc=cOOMGfImQ-kAX9xb8tW&amp;_nc_ht=scontent.fhex4-1.fna&amp;oh=5c302f2a18f2f904031f99e51e9b678b&amp;oe=618A60DF\" alt=\"Peut \u00eatre une image de monument et texte qui dit \u2019Le 30 novembre 2021, Mr VERAN, ON ARRIVE... Les Ambulanciers Hospitaliers I SAMU\u2019\" width=\"311\" height=\"440\"\/><\/figure>\n\n\n\n<p><strong><span style=\"color:#dc0922\" class=\"has-inline-color\"> 5 Novembre en continu<\/span><\/strong><\/p>\n\n\n\n<p><strong><span style=\"text-decoration: underline;\">Covid<\/span><\/strong><\/p>\n\n\n\n<p><a href=\"https:\/\/www.gouvernement.fr\/info-coronavirus?xtor=SEC-3-GOO-%5b%5d-%5b511792643944%5d-S-%5bcas%20coronavirus\">Informations coronavirus&nbsp;: Point de la situation=<\/a> (Gouvernement.fr)<\/p>\n\n\n\n<p><a href=\"https:\/\/www.20minutes.fr\/societe\/3163887-20211103-covid-19-oui-remuneration-medecins-vacataires-centre-vaccination-va-diminuer\">Oui, la r\u00e9mun\u00e9ration des m\u00e9decins vacataires centre vaccination va diminuer<\/a> (20Minutes)<\/p>\n\n\n\n<p><strong><a href=\"https:\/\/www.francetvinfo.fr\/sante\/maladie\/coronavirus\/pass-sanitaire\/l-assemblee-nationale-retablit-l-echeance-du-31-juillet-pour-le-pass-sanitaire_4832435.html\">L\u2019Assembl\u00e9e nationale r\u00e9tablit l\u2019\u00e9ch\u00e9ance du 31 juillet pour le passe sanitaire<\/a> <a><span class=\"has-inline-color has-contrast-color\">(Francetvinfo)<\/span><\/a><\/strong><\/p>\n\n\n\n<figure class=\"wp-block-image is-resized is-style-default\"><img loading=\"lazy\" decoding=\"async\" src=\"https:\/\/scontent.fhex4-2.fna.fbcdn.net\/v\/t1.6435-9\/p526x296\/254133272_1320724881683310_8958222202660522791_n.png?_nc_cat=107&amp;ccb=1-5&amp;_nc_sid=730e14&amp;_nc_eui2=AeGt5ZcupI3lXvLf15TnPS93F8y88fJnOe0XzLzx8mc57UH-DHcX1pJeRR7FokPCEgU&amp;_nc_ohc=IMrtfRdvnNYAX9JttsD&amp;_nc_ht=scontent.fhex4-2.fna&amp;oh=3876a3db365cc34415dd257b235285fb&amp;oe=61AC5A41\" alt=\"Peut \u00eatre une image de une personne ou plus et texte qui dit \u2019D\u00e9put\u00e9 8000\u20ac VU sur hihihi Aide Soignante 1200 \u20ac Qui osera partager?\u2019\" width=\"374\" height=\"374\"\/><figcaption><sub>Et si on remettait le salaire du d\u00e9put\u00e9 au niveau d&rsquo;une aide soignante et qu&rsquo;il soit r\u00e9vocable \u00e0 tout moment ?<\/sub><\/figcaption><\/figure>\n\n\n\n<p><strong><a href=\"https:\/\/www.youtube.com\/watch?v=LjGtVz5Z1T0\">S\u00e9nat: J.L M\u00e9lenchon passe sanitaire pour les brutes?<\/a> (Public S\u00e9nat) Vid\u00e9o<\/strong><\/p>\n\n\n\n<p><strong><a href=\"https:\/\/www.youtube.com\/watch?v=pqKz1jO4sUM&amp;list=TLPQMDQxMTIwMjFxf3TGU7xt2g&amp;index=4\">S\u00e9nat: Philippe Bas, il n\u2019y a pas eu de discussion<\/a> (Public S\u00e9nat) Vid\u00e9o<\/strong><\/p>\n\n\n\n<p><a href=\"https:\/\/www.youtube.com\/watch?v=hCmoj859dKw\">Passe sanitaire: coup de force permanent de Macron <\/a>(Blast) Vid\u00e9o)<\/p>\n\n\n\n<p><a href=\"https:\/\/www.msn.com\/fr-fr\/actualite\/societe\/pourquoi-la-campagne-de-rappel-de-la-3e-dose-n-avance-pas-assez-vite\/ar-AAQjA6c?ocid=winp1taskbar\">Pourquoi la campagne de rappel de la 3e dose n\u2019avance pas assez vite <\/a> (L\u2019Obs)<\/p>\n\n\n\n<p><a href=\"https:\/\/www.francetvinfo.fr\/sante\/maladie\/coronavirus\/covid-19-soirees-moules-frites-thes-dansants-et-concours-de-petanque-a-l-origine-d-un-rebond-epidemique-en-creuse_4832623.html\">Creuse: Moules-frites, th\u00e9s dansants, p\u00e9tanque= origine rebond \u00e9pid\u00e9mie _<\/a>(Francetvinfo)<\/p>\n\n\n\n<p><a href=\"https:\/\/www.msn.com\/fr-fr\/lifestyle\/trucs-et-astuces\/covid-19-peut-on-recevoir-sa-troisi%C3%A8me-dose-de-vaccin-si-l-on-est-cas-contact\/ar-AAQk9cy?ocid=winp1taskbar\">Covid-19. Peut-on recevoir sa troisi\u00e8me dose de vaccin si l\u2019on est cas contact ? <\/a>(Ouest-France)<strong><\/strong><\/p>\n\n\n\n<p><a href=\"https:\/\/www.francetvinfo.fr\/sante\/maladie\/coronavirus\/coronavirus-le-royaume-uni-devient-le-premier-pays-a-approuver-le-molnupiravir-un-traitement-contre-le-covid-19-du-laboratoire-merck_4832753.html\">Royaume-Uni: 1<sup>er<\/sup> pays approuve molnupiravir, traitement Covid (labo Merck)_<\/a> (Franceinfo)<\/p>\n\n\n\n<p><a href=\"https:\/\/www.francetvinfo.fr\/sante\/maladie\/coronavirus\/vaccin\/covid-19-l-oms-s-inquiete-du-rythme-de-transmission-tres-preoccupant-en-europe_4832669.html\">L\u2019OMS s\u2019inqui\u00e8te du rythme de transmission tr\u00e8s pr\u00e9occupant en Europe_<\/a> (Francetvinfo)<\/p>\n\n\n\n<p><strong><a href=\"https:\/\/lecourrierdesstrateges.fr\/2021\/11\/03\/origine-du-covid-19-washington-croit-de-plus-en-plus-a-une-fuite-du-virus-dun-laboratoire-chinois\/\">Washington croit de plus en plus \u00e0 une fuite du virus d\u2019un laboratoire chinois<\/a> (Le Courrier des strat\u00e8ges)<\/strong><\/p>\n\n\n\n<p><a href=\"https:\/\/lecourrierdesstrateges.fr\/2021\/11\/04\/Origines-du-coronavirus-pekin-rejette-les-accusations-americaines\/\">Origines du coronavirus P\u00e9kin rejette les accusations am\u00e9ricaines<\/a><span class=\"has-inline-color has-contrast-color\"> <\/span><a><span class=\"has-inline-color has-contrast-color\">(Le Courrier des strat\u00e8ges)<\/span><\/a><\/p>\n\n\n\n<p><a href=\"https:\/\/lecourrierdesstrateges.fr\/2021\/11\/04\/Obligation-vaccinale-malgre-une-prime-salariale-aux-vaccines-des-policiers-et-des-pompiers-de-new-york-resistent\/\">NY obligation vaccin: malgr\u00e9 une prime, des policiers et des pompiers r\u00e9sistent<\/a> (Le Courrier des strat\u00e8ges)<\/p>\n\n\n\n<p><a href=\"https:\/\/www.youtube.com\/watch?v=moPP7IPcvEg\">&nbsp;Pfizer&nbsp;: Essais truqu\u00e9s &nbsp;?=<\/a> (Draw my economy) Vid\u00e9o<\/p>\n\n\n\n<p> <strong><a href=\"https:\/\/www.francetvinfo.fr\/sante\/maladie\/coronavirus\/infographies-covid-19-morts-hospitalisations-age-malades-l-evolution-de-l-epidemie-en-france-et-dans-le-monde-en-cartes-et-graphiques.html\">Covid:-morts, hospitalisations, \u00e2ge en France et dans le monde(cartes-et-graphiques)<\/a> (Francetvinfo)<\/strong><\/p>\n\n\n\n<figure class=\"wp-block-image is-resized is-style-default\"><img data-recalc-dims=\"1\" loading=\"lazy\" decoding=\"async\" src=\"https:\/\/i0.wp.com\/mamot.fr\/system\/cache\/media_attachments\/files\/107\/180\/118\/044\/637\/842\/original\/e59a5b087eb75f5b.png?resize=344%2C365&#038;ssl=1\" alt=\"\" width=\"344\" height=\"365\"\/><\/figure>\n\n\n\n<p><strong>Autre<\/strong><\/p>\n\n\n\n<p><a href=\"https:\/\/lanticapitaliste.org\/actualite\/sante\/charte-des-gynecologues-beaucoup-de-bruit-pour-rien\">Charte des gyn\u00e9cologues\u2009: beaucoup de bruit pour rien<\/a> (L\u2019Anticapitaliste)<\/p>\n\n\n\n<p><strong><a href=\"https:\/\/lanticapitaliste.org\/opinions\/sante\/arretez-de-vous-servir-des-etudiantes-infirmieres-comme-dune-soupape-au-manque-de\">\u00ab\u2009Arr\u00eatez de vous servir des \u00e9tudiantes infirmi\u00e8res comme soupape au manque de moyens\u00bb<\/a> (L\u2019Anticapitaliste)<\/strong><\/p>\n\n\n\n<p> <strong><span style=\"color:#e10c25\" class=\"has-inline-color\">4 Novembre en continu<\/span><\/strong> <\/p>\n\n\n\n<p><strong>Covid<\/strong><\/p>\n\n\n\n<p><a href=\"https:\/\/www.msn.com\/fr-fr\/lifestyle\/trucs-et-astuces\/covid-19-peut-on-recevoir-sa-troisi%C3%A8me-dose-de-vaccin-si-l-on-est-cas-contact\/ar-AAQk9cy?ocid=winp1taskbar\">Covid-19. Peut-on recevoir sa troisi\u00e8me dose de vaccin si l\u2019on est cas contact ? <\/a>(Ouest-France)<\/p>\n\n\n\n<p><a href=\"https:\/\/lanticapitaliste.org\/actualite\/sante\/apartheid-vaccinal-10-000-morts-par-jour-du-covid-19\">Apartheid vaccinal: 10\u2009000 morts par jour du Covid-19\u2009!<\/a> -Frank Prouhet<\/p>\n\n\n\n<p><a href=\"https:\/\/www.marianne.net\/societe\/sante\/vaccin-pfizer-une-enquete-britannique-pointe-la-fragilite-dessais-cliniques#xtor=cs3-25\">Vaccin Pfizer une enqu\u00eate britannique pointe la fragilit\u00e9 d\u2019essais cliniques<\/a> (Marianne)<\/p>\n\n\n\n<p><a href=\"https:\/\/www.francetvinfo.fr\/sante\/maladie\/coronavirus\/vaccin\/vaccination-contre-le-covid-19-ce-que-l-on-sait-des-rares-decisions-de-justice-demandant-la-reintegration-d-employes-d-hopitaux-non-vaccines_4830205.html\">D\u00e9cisions de justice demandant la r\u00e9int\u00e9gration d\u2019employ\u00e9s d\u2019h\u00f4pitaux non vaccin\u00e9s_4<\/a>&nbsp; (Francetvinfo)<\/p>\n\n\n\n<p><a href=\"https:\/\/www.20minutes.fr\/sante\/3164259-20211103-coronavirus-guadeloupe-chu-denonce-absenteisme-massif-soignants\">Guadeloupe&nbsp;: CHU d\u00e9nonce absent\u00e9isme massif soignants<\/a> (20Minutes)<\/p>\n\n\n\n<p><strong><a href=\"https:\/\/lecourrierdesstrateges.fr\/2021\/11\/03\/le-nombre-de-victimes-du-covid-19-represente-moins-de-2-de-la-mortalite-de-la-grippe-espagnole\/?utm_source=rss&amp;utm_medium=rss&amp;utm_campaign=le-nombre-de-victimes-du-covid-19-represente-moins-de-2-de-la-mortalite-de-la-grippe-espagnole\">Victimes du Covid repr\u00e9sente moins de 2% de mortalit\u00e9 grippe espagnole<\/a> (Le Courrier des Strat\u00e8ges)<\/strong><\/p>\n\n\n\n<p><a href=\"https:\/\/www.msn.com\/fr-fr\/lifestyle\/bien-etre\/vacciner-ou-non-ses-enfants-contre-le-covid-le-dilemme-des-parents-am%C3%A9ricains\/ar-AAQeEaN?ocid=winp1taskbar\">Vacciner ou non ses enfants contre le Covid? Le dilemme des parents am\u00e9ricains <\/a>&nbsp;(AFP)<\/p>\n\n\n\n<p> <strong><a href=\"https:\/\/www.francetvinfo.fr\/sante\/maladie\/coronavirus\/infographies-covid-19-morts-hospitalisations-age-malades-l-evolution-de-l-epidemie-en-france-et-dans-le-monde-en-cartes-et-graphiques.html\">Covid:-morts, hospitalisations, \u00e2ge en France et dans le monde(cartes-et-graphiques)<\/a> (Francetvinfo)<\/strong>  <\/p>\n\n\n\n<p><strong>Autre<\/strong><\/p>\n\n\n\n<p><a href=\"https:\/\/linsoumission.fr\/2021\/11\/02\/cest-ca-la-realite-des-hopitaux-la-video-qui-cartonne-sur-facebook\/\">C\u2019est \u00e7a la r\u00e9alit\u00e9 des h\u00f4pitaux : la vid\u00e9o qui cartonne sur Facebook<\/a> (L\u2019Insoumission)<\/p>\n\n\n\n<p><a href=\"https:\/\/lanticapitaliste.org\/actualite\/social\/sages-femmes-saint-denis-en-greve\">Sages-femmes \u00e0 Saint-Denis en gr\u00e8ve<\/a> (L\u2019Anticapitaliste)<\/p>\n\n\n\n<p><strong>Analyse<\/strong><\/p>\n\n\n\n<p><a href=\"https:\/\/www.20minutes.fr\/societe\/3163975-20211103-covid-19-pourquoi-retour-masque-ecole-nombreux-departements-fait-grincer-dents\">Pourquoi le retour du masque \u00e0 l\u2019\u00e9cole fait grincer des dents<\/a> (20Minutes)<\/p>\n\n\n\n<p><a href=\"https:\/\/www.youtube.com\/watch?v=jWsoR9LCYm0\">C\u2019est cash: Apr\u00e8s le \u00ab&nbsp;Quoi qu\u2019il en co\u00fbte&nbsp;\u00bb<\/a>&nbsp; (RT France)<\/p>\n\n\n\n<p><a href=\"https:\/\/lecourrierdesstrateges.fr\/2021\/08\/11\/decrypter-le-coup-du-passe-sanitaire-et-la-strategie-de-la-caste-mondialisee\/\">D\u00e9crypter le coup du passe sanitaire et la strat\u00e9gie de la caste mondialis\u00e9e<\/a> (Le Courrier des Strat\u00e8ges)<\/p>\n\n\n\n<p><strong><a href=\"https:\/\/www.youtube.com\/Jean-Luc%20M\u00e9lenchon&nbsp;:%20Passe%20sanitaire&nbsp;:%20absurde%20et%20dangereux\">Jean-Luc M\u00e9lenchon&nbsp;: Passe sanitaire&nbsp;: absurde et dangereux<\/a> (Public S\u00e9nat)<\/strong><\/p>\n\n\n\n<p><strong><span style=\"color:#e10c25\" class=\"has-inline-color\">3 Novembre en continu<\/span><\/strong><\/p>\n\n\n\n<p><strong>Covid<\/strong><\/p>\n\n\n\n<p><\/p>\n\n\n\n<p><a href=\"https:\/\/lanticapitaliste.org\/actualite\/sante\/le-non-remboursement-des-tests-pcr-et-antigeniques-et-ses-consequences\">Le non-remboursement des tests PCR et antig\u00e9niques et ses cons\u00e9quences<\/a> -L\u2019Anticapitaliste<\/p>\n\n\n\n<p><a href=\"https:\/\/www.boursorama.com\/actualite-economique\/actualites\/pfizer-prevoit-de-vendre-36-milliards-de-dollars-de-son-vaccin-anti-covid-en-2021-c872bc4b6d3c71cb379520cff8822b66\">Pfizer&nbsp;pr\u00e9voit de vendre 36 milliards de dollars de son vaccin anti-Covid en 2021<\/a>&nbsp; (AFP)<\/p>\n\n\n\n<p><a href=\"https:\/\/www.francetvinfo.fr\/sante\/maladie\/coronavirus\/pass-sanitaire\/pass-sanitaire-deputes-et-senateurs-ne-sont-pas-parvenus-a-un-accord-en-commission-mixte-paritaire_4830303.html\">Pass sanitaire : d\u00e9put\u00e9s et s\u00e9nateurs pas parvenus \u00e0 un accord en commission mixte paritaire<\/a> (France Info)<\/p>\n\n\n\n<p><strong><a href=\"https:\/\/www.youtube.com\/watch?v=1_wGt3HFuFg\">Lits d\u2019h\u00f4pitaux : le scandale continue <\/a>&nbsp;(Juste Milieu) Vid\u00e9o<\/strong><\/p>\n\n\n\n<figure class=\"wp-block-image is-resized is-style-default\"><img loading=\"lazy\" decoding=\"async\" src=\"https:\/\/scontent.fhex4-2.fna.fbcdn.net\/v\/t1.6435-9\/s720x720\/251905360_1318936788528786_2544057297009299473_n.jpg?_nc_cat=108&amp;ccb=1-5&amp;_nc_sid=730e14&amp;_nc_eui2=AeF5hMEaC6f_PX12lDzh7J5IMpouILHmXmMymi4gseZeY-3gxNsEUfnk8wK6pDrC2co&amp;_nc_ohc=FJ22JWKZimEAX_kBaa1&amp;_nc_oc=AQlrgQElkVUUXMIQz-8PTFm9u--V8zLmjvpW7HQgAqzh7eDJ3bSzB1JWyDdQlDh6BOo&amp;_nc_ht=scontent.fhex4-2.fna&amp;oh=116a95a6c2330b0c0d7278da53106190&amp;oe=61A88191\" alt=\"Peut \u00eatre une image de texte qui dit \u2019Les lits disparus LICE Une enqu\u00eate du commissaire Attal Du suspens, de l'\u00e9motion du foutage de gueule\u2019\" width=\"317\" height=\"454\"\/><\/figure>\n\n\n\n<p><a href=\"https:\/\/www.youtube.com\/watch?v=bV606Eccnc4\">Le Covid explose \u00e0 Singapour<\/a> (Draw my economy)<\/p>\n\n\n\n<p><a href=\"https:\/\/www.francetvinfo.fr\/sante\/maladie\/coronavirus\/des-medecins-marseillais-mettent-en-evidence-un-lien-possible-entre-les-symptomes-du-covid-long-des-jeunes-et-des-atteintes-au-cerveau_4823503.html\">Lien possible entre sympt\u00f4mes Covid-long des jeunes et atteintes au cerveau<\/a> &nbsp;(Francetvinfo)<\/p>\n\n\n\n<p><strong><a href=\"https:\/\/www.lemonde.fr\/idees\/article\/2021\/10\/28\/covid-19-la-concurrence-geopolitique-est-venue-perturber-l-idee-meme-d-une-esquisse-de-distribution-equitable-des-differents-vaccins_6100151_3232.html\">Concurrence g\u00e9opolitique perturbe l\u2019id\u00e9e-m\u00eame d\u2019une esquisse de distribution &nbsp;\u00e9quitable des &nbsp;vaccins_l<\/a> (le Monde)<\/strong><\/p>\n\n\n\n<p><a href=\"https:\/\/www.francetvinfo.fr\/sante\/maladie\/coronavirus\/pass-sanitaire\/pass-sanitaire-deputes-et-senateurs-ne-sont-pas-parvenus-a-un-accord-en-commission-mixte-paritaire_4830303.html\">Passe sanitaire&nbsp;: d\u00e9put\u00e9s et s\u00e9nateurs pas parvenus \u00e0 un accord en commission mixte paritaire_l<\/a> (Francetvinfo)<\/p>\n\n\n\n<p><a href=\"https:\/\/www.msn.com\/fr-fr\/actualite\/other\/apr%C3%A8s-l-instauration-de-l-obligation-vaccinale-vague-d-arr%C3%AAts-maladie-chez-les-pompiers-de-new-york\/ar-AAQelrL?ocid=winp1taskbar\">Apr\u00e8s l\u2019instauration de l\u2019obligation vaccinale, vague d\u2019arr\u00eats maladie chez les pompiers de New York )<\/a> (Ouest-France)<\/p>\n\n\n\n<p><a href=\"https:\/\/www.francetvinfo.fr\/sante\/hopital\/fermeture-des-urgences-de-laval-on-est-arrives-a-un-point-de-non-retour-alerte-la-cheffe-de-ce-service_4830235.html\">Fermeture urgences de Laval:\u2019\u2019on est arriv\u00e9s \u00e0 point de non-retour\u2019\u2019<\/a> <a>(Francetvinfo)<\/a><\/p>\n\n\n\n<p><a href=\"https:\/\/www.courrierinternational.com\/article\/strategie-lallemagne-doit-elle-retablir-la-gratuite-des-tests-antigeniques\">L\u2019Allemagne doit-elle r\u00e9tablir la gratuit\u00e9 des tests antig\u00e9niques<\/a> (Courrier international)<\/p>\n\n\n\n<figure class=\"wp-block-image is-resized is-style-default\"><img data-recalc-dims=\"1\" loading=\"lazy\" decoding=\"async\" src=\"https:\/\/i0.wp.com\/www.birdsdessines.fr\/bds\/2020\/10\/25\/ti-gus_test-de-la-covid-a-la-maison_1603611348.png?resize=639%2C236&#038;ssl=1\" alt=\"BirdsDessines.fr | Partagez vos Birds Dessin\u00e9s\" width=\"639\" height=\"236\"\/><\/figure>\n\n\n\n<p><strong><u>Autre<\/u><\/strong><\/p>\n\n\n\n<p><a href=\"https:\/\/www.francetvinfo.fr\/replay-radio\/c-est-mon-boulot\/\">Handicap au travail&nbsp;: petites entreprises en retard pour l\u2019accessibilit\u00e9 \/<\/a> (Francetvinfo) Audio<strong><u><\/u><\/strong><\/p>\n\n\n\n<p><strong><a href=\"https:\/\/www.msn.com\/fr-fr\/actualite\/other\/peut-on-encore-se-vanter-d-avoir-le-meilleur-syst%C3%A8me-de-sant%C3%A9-au-monde\/ar-AAQeDMU?ocid=winp1taskbar\">\u00abPeut-on encore se vanter d&rsquo;avoir le meilleur syst\u00e8me de sant\u00e9 au monde ?\u00bb<\/a> (Le Figaro)<\/strong><\/p>\n\n\n\n<p><a href=\"https:\/\/www.msn.com\/fr-fr\/actualite\/france\/avec-le-covid-la-double-peine-des-malades-du-rein\/ar-AAQdlJr?ocid=winp1taskbar\">Avec le Covid, la \u00abdouble peine\u00bb des malades du rein <\/a>&nbsp;(Lib\u00e9ration)<\/p>\n\n\n\n<p><strong><u>Analyse<\/u><\/strong><\/p>\n\n\n\n<p><a href=\"https:\/\/www.francetvinfo.fr\/sante\/maladie\/coronavirus\/variants-du-coronavirus\/covid-19-comment-naissent-les-variants-et-comment-les-classe-t-on_4830475.html\">Variants-du-coronavirus&nbsp;: Comment naissent les variants et comment les classe-t-on&nbsp;?<\/a> (Francetvinfo)<\/p>\n\n\n\n<p><a href=\"https:\/\/www.marianne.net\/societe\/sante\/doctolib-quand-le-patient-devient-client-les-medecins-sinquietent\">Doctolib&nbsp;: quand le patient devient client les m\u00e9decins s\u2019inqui\u00e8tent<\/a> (Marianne)<\/p>\n\n\n\n<p> <strong><a href=\"https:\/\/www.francetvinfo.fr\/sante\/maladie\/coronavirus\/infographies-covid-19-morts-hospitalisations-age-malades-l-evolution-de-l-epidemie-en-france-et-dans-le-monde-en-cartes-et-graphiques.html\">Covid:-morts, hospitalisations, \u00e2ge en France et dans le monde(cartes-et-graphiques)<\/a> (Francetvinfo)<\/strong> <\/p>\n\n\n\n<p><strong><span style=\"color:#e10c25\" class=\"has-inline-color\">2 Novembre en continu<\/span><\/strong><\/p>\n\n\n\n<p><strong><u>Covid<\/u><\/strong><\/p>\n\n\n\n<p><a href=\"https:\/\/lecourrierdesstrateges.fr\/2021\/10\/29\/cette-implosion-de-lhopital-public-creee-par-la-vaccination-obligatoire\/\">Cette implosion de l\u2019h\u00f4pital public cr\u00e9\u00e9e par la vaccination obligatoire\/<\/a>&nbsp; <a><span class=\"has-inline-color has-contrast-color\">(Le Courrier des Strat\u00e8ges)<\/span><\/a><\/p>\n\n\n\n<p><a href=\"https:\/\/www.la-croix.com\/France\/Nouvelle-Caledonie-nouveau-ouverte-2021-10-30-1201182931\">Nouvelle Cal\u00e9donie de nouveau ouverte-<\/a> (La Croix)<\/p>\n\n\n\n<p><a href=\"https:\/\/lecourrierdesstrateges.fr\/2021\/10\/29\/meme-liberation-denonce-les-conflits-dinterets-avec-lindustrie-pharmaceutique-dans-la-gestion-du-covid\/\">M\u00eame Lib\u00e9ration d\u00e9nonce les conflits d\u2019int\u00e9r\u00eats avec l\u2019industrie pharmaceutique<\/a>&nbsp; (Le Courrier des Strat\u00e8ges)<\/p>\n\n\n\n<p><a href=\"https:\/\/www.msn.com\/fr-fr\/actualite\/france\/covid-19-en-france-six-nouveaux-d%C3%A9c%C3%A8s-les-patients-hospitalis%C3%A9s-de-plus-en-plus-nombreux\/ar-AAQcgnU?ocid=winp1taskbar\"><\/a><a href=\"https:\/\/www.msn.com\/fr-fr\/actualite\/france\/covid-19-en-france-six-nouveaux-d%C3%A9c%C3%A8s-les-patients-hospitalis%C3%A9s-de-plus-en-plus-nombreux\/ar-AAQcgnU?ocid=winp1taskbar\">Covid-19 en France : six nouveaux d\u00e9c\u00e8s, les patients hospitalis\u00e9s de plus en plus nombreux <\/a>&nbsp;<span class=\"has-inline-color has-contrast-color\">(Le Parisien)<\/span><\/p>\n\n\n\n<p><a href=\"https:\/\/www.humanite.fr\/physique-Pourquoi-la-distanciation-sociale-est-scientifiquement-impossible-725485\">Pourquoi la \u00ab&nbsp;distanciation sociale&nbsp;\u00bb est scientifiquement impossible-<\/a> (L\u2019Humanit\u00e9)<\/p>\n\n\n\n<p><a href=\"https:\/\/www.francetvinfo.fr\/sante\/maladie\/coronavirus\/vaccin\/covid-19-l-indonesie-devient-le-premier-pays-a-autoriser-le-vaccin-de-novavax_4829437.html\">L\u2019Indon\u00e9sie devient le premier pays \u00e0 autoriser le vaccin de Novavax<\/a> (Francetvinfo)<\/p>\n\n\n\n<p><a href=\"https:\/\/www.francetvinfo.fr\/sante\/maladie\/coronavirus\/vaccin\/covid-19-l-australie-rouvre-ses-frontieres-fermees-depuis-pres-de-600-jours_4829033.html\">L\u2019Australie rouvre ses fronti\u00e8res ferm\u00e9es depuis pr\u00e8s de 600 jours<\/a> <a>(Francetvinfo)<\/a><\/p>\n\n\n\n<p><strong><a href=\"https:\/\/www.francetvinfo.fr\/sante\/maladie\/coronavirus\/infographies-covid-19-morts-hospitalisations-age-malades-l-evolution-de-l-epidemie-en-france-et-dans-le-monde-en-cartes-et-graphiques.html\">Covid:-morts, hospitalisations, \u00e2ge en France et dans le monde(cartes-et-graphiques)<\/a> (Francetvinfo)<\/strong><\/p>\n\n\n\n<figure class=\"wp-block-image is-resized is-style-default\"><img data-recalc-dims=\"1\" loading=\"lazy\" decoding=\"async\" src=\"https:\/\/i0.wp.com\/static.mediapart.fr\/etmagine\/default\/files\/2021\/11\/02\/1-lit-sur-5-ferme-faute-de-soignants-1024x828.jpg?resize=403%2C326&#038;ssl=1\" alt=\"1-lit-sur-5-ferme-faute-de-soignants-1024x828\" width=\"403\" height=\"326\"\/><\/figure>\n\n\n\n<p><strong><u>Autre<\/u><\/strong><\/p>\n\n\n\n<p> <a href=\"https:\/\/blogs.mediapart.fr\/georges-andre\/blog\/281021\/les-enjeux-multiples-de-la-scolarisation-des-enfants-en-situation-de-handicap-6\">Les enjeux multiples de la scolarisation des enfants en situation de handicap-6<\/a> (Georges-Andr\u00e9, Blog M\u00e9diapart) <\/p>\n\n\n\n<p><a href=\"https:\/\/lecourrierdesstrateges.fr\/2021\/10\/29\/lacupuncture-un-art-medical-ancestral\/\">L\u2019acupuncture: un art m\u00e9dical ancestral\/<\/a> (Le Courrier des Strat\u00e8ges)<\/p>\n\n\n\n<p><strong>Analyse<\/strong><\/p>\n\n\n\n<p><strong><a href=\"https:\/\/www.monde-diplomatique.fr\/mav\/179\/\">V\u00e9rit\u00e9s et mensonges au nom de la science\/<\/a>&nbsp;&nbsp; (Le Monde diplomatique)<\/strong><\/p>\n\n\n\n<p><span style=\"color:#a30000\" class=\"has-inline-color\"><strong>1er novembre en continu<\/strong><\/span><\/p>\n\n\n\n<figure class=\"wp-block-image is-resized is-style-default\"><img data-recalc-dims=\"1\" loading=\"lazy\" decoding=\"async\" src=\"https:\/\/i0.wp.com\/static.mediapart.fr\/etmagine\/default\/files\/2021\/10\/31\/cluedo.png?resize=320%2C443&#038;ssl=1\" alt=\"cluedo\" width=\"320\" height=\"443\"\/><\/figure>\n\n\n\n<p><u><strong>Covid<\/strong><\/u><\/p>\n\n\n\n<p><a href=\"https:\/\/www.youtube.com\/watch?v=-0EAoG5gAVo\">H\u00f4pital public&nbsp;: La grande col\u00e8re <\/a>&nbsp;(Le M\u00e9dia) Vid\u00e9o<\/p>\n\n\n\n<p><a href=\"https:\/\/www.capital.fr\/economie-politique\/quinze-departements-refusent-de-verser-le-rsa-aux-salaries-suspendus-pour-defaut-de-vaccination-1418733\">15 d\u00e9partements refusent de verser le RSA aux salari\u00e9s suspendus pour d\u00e9faut de vaccination<\/a> (Capital)<\/p>\n\n\n\n<p><a href=\"https:\/\/www.humanite.fr\/vaccination-contre-le-covid-19-ou-en-est-votre-departement-699870\">Vaccination&nbsp;: o\u00f9 en est votre d\u00e9partement&nbsp;?( Cartes)-<\/a> (L\u2019Humanit\u00e9)<\/p>\n\n\n\n<p><a href=\"https:\/\/www.francetvinfo.fr\/sante\/maladie\/coronavirus\/la-chine-juge-politique-et-fausse-une-enquete-americaine-sur-les-origines-du-covid-19_4828077.html\">La Chine juge \u00abpolitique et fausse\u00bb une enqu\u00eate am\u00e9ricaine sur les origines du Covid-19<\/a> <a>(Francetvinfo)<\/a><\/p>\n\n\n\n<p><a href=\"https:\/\/www.francetvinfo.fr\/sante\/maladie\/coronavirus\/infographies-covid-19-morts-hospitalisations-age-malades-l-evolution-de-l-epidemie-en-france-et-dans-le-monde-en-cartes-et-graphiques.html\"><strong>Covid:-morts, hospitalisations, \u00e2ge en France et dans le monde(cartes-et-graphiques)<\/strong><\/a><strong> (Francetvinfo)<\/strong><\/p>\n\n\n\n<p><a href=\"https:\/\/blogs.mediapart.fr\/edition\/le-travail-en-question\/article\/301021\/avec-ou-sans-vaccin-la-covid-19-recule\">Le travail en question: avec ou sans vaccin le Covid-19 recule<\/a> (Denis Garnier Blog M\u00e9diapart)<\/p>\n\n\n\n<p><\/p>\n\n\n\n<p><a href=\"https:\/\/www.alterpresse68.info\/2021\/10\/31\/a-mulhouse-seizieme-manifestation-en-reflux-contre-le-passe-sanitaire-et-lobligation-vaccinale\/\">Mulhouse: 16\u00e8 manifestation en reflux contre le passe sanitaire et l\u2019obligation-vaccinale\/<\/a> (Alterpresse68)<\/p>\n\n\n\n<p><a href=\"https:\/\/www.youtube.com\/watch?v=28AI52GK5YI\">On nous parle de 3\u00e8 dose mais pas de la r\u00e9alit\u00e9 des h\u00f4pitaux I<\/a> (Sud Radio) Vid\u00e9o<\/p>\n\n\n\n<p><a href=\"https:\/\/www.alterpresse68.info\/2021\/10\/22\/Un-avocat-mulhousien-tente-dinteresser-les-juridictions-judiciaires-contre-lobligation-vaccinale\/\">Un avocat mulhousien saisit la Justice en r\u00e9f\u00e9r\u00e9 contre l\u2019obligationvaccinale\/<\/a> (Alterpresse68)<\/p>\n\n\n\n<p><a href=\"https:\/\/www.humanite.fr\/levee-des-brevets-chez-big-pharma-merck-sort-du-rang-725896\">Lev\u00e9e des brevets. Chez Big-pharma&nbsp;, Merck sort du rang-<\/a> (L\u2019Humanit\u00e9)<\/p>\n\n\n\n<p><a href=\"https:\/\/www.francetvinfo.fr\/sante\/maladie\/coronavirus\/la-chine-juge-politique-et-fausse-une-enquete-americaine-sur-les-origines-du-covid-19_4828077.html\">La Chine juge \u00abpolitique et fausse\u00bb une enqu\u00eate am\u00e9ricaine sur les origines du Covid-19<\/a> (Francetvinfo)<\/p>\n\n\n\n<p><a href=\"https:\/\/www.francetvinfo.fr\/sante\/maladie\/coronavirus\/infographies-covid-19-morts-hospitalisations-age-malades-l-evolution-de-l-epidemie-en-france-et-dans-le-monde-en-cartes-et-graphiques.html\"><strong>Covid:-morts, hospitalisations, \u00e2ge en France et dans le monde(cartes-et-graphiques)<\/strong><\/a><strong> ((Francetvinfo )<\/strong><\/p>\n\n\n\n<p><u><strong>Autre<\/strong><\/u><\/p>\n\n\n\n<p><a href=\"https:\/\/www.lemonde.fr\/fragments-de-france\/article\/2021\/10\/20\/a-vaulx-en-velin-un-centre-de-sante-ou-les-gens-se-sentent-ecoutes_6099087_6095744.html\">A Vaulx-en-Velin, un centre de Sant\u00e9 o\u00f9 les gens se sentent \u00e9cout\u00e9s_<\/a> (Le Monde)<\/p>\n","protected":false},"excerpt":{"rendered":"<p>1er D\u00e9cembre en continu Omicron, le variant qui fait trembler la plan\u00e8te-(L\u2019Humanit\u00e9) Faut-il r\u00e9duire ses contacts sociaux d\u00e8s maintenant&nbsp;? (20Minutes) &nbsp;Omicron&nbsp;: L\u2019OMS demande aux \u00c9tats membres d\u2019adopter une riposte rationnelle (20Minutes) Omicron: pourquoi la France a-t-elle du retard dans la d\u00e9tection de nouveaux variants? &nbsp;(BFMTV) Deux fois plus d\u2019\u00e9l\u00e8ves contamin\u00e9s en 1 semaine (Caf\u00e9 p\u00e9dagogique) &#8230; <a title=\"Novembre &#8211; Sant\u00e9\" class=\"read-more\" href=\"https:\/\/www.rdpemancipation.org\/?p=55213\" aria-label=\"En savoir plus sur Novembre &#8211; Sant\u00e9\">Lire la suite<\/a><\/p>\n","protected":false},"author":1,"featured_media":0,"comment_status":"closed","ping_status":"closed","sticky":false,"template":"","format":"standard","meta":{"_lmt_disableupdate":"no","_lmt_disable":"no","_jetpack_memberships_contains_paid_content":false,"footnotes":""},"categories":[14],"tags":[],"class_list":["post-55213","post","type-post","status-publish","format-standard","hentry","category-sante"],"modified_by":"ype","jetpack_featured_media_url":"","jetpack_sharing_enabled":true,"_links":{"self":[{"href":"https:\/\/www.rdpemancipation.org\/index.php?rest_route=\/wp\/v2\/posts\/55213","targetHints":{"allow":["GET"]}}],"collection":[{"href":"https:\/\/www.rdpemancipation.org\/index.php?rest_route=\/wp\/v2\/posts"}],"about":[{"href":"https:\/\/www.rdpemancipation.org\/index.php?rest_route=\/wp\/v2\/types\/post"}],"author":[{"embeddable":true,"href":"https:\/\/www.rdpemancipation.org\/index.php?rest_route=\/wp\/v2\/users\/1"}],"replies":[{"embeddable":true,"href":"https:\/\/www.rdpemancipation.org\/index.php?rest_route=%2Fwp%2Fv2%2Fcomments&post=55213"}],"version-history":[{"count":204,"href":"https:\/\/www.rdpemancipation.org\/index.php?rest_route=\/wp\/v2\/posts\/55213\/revisions"}],"predecessor-version":[{"id":59779,"href":"https:\/\/www.rdpemancipation.org\/index.php?rest_route=\/wp\/v2\/posts\/55213\/revisions\/59779"}],"wp:attachment":[{"href":"https:\/\/www.rdpemancipation.org\/index.php?rest_route=%2Fwp%2Fv2%2Fmedia&parent=55213"}],"wp:term":[{"taxonomy":"category","embeddable":true,"href":"https:\/\/www.rdpemancipation.org\/index.php?rest_route=%2Fwp%2Fv2%2Fcategories&post=55213"},{"taxonomy":"post_tag","embeddable":true,"href":"https:\/\/www.rdpemancipation.org\/index.php?rest_route=%2Fwp%2Fv2%2Ftags&post=55213"}],"curies":[{"name":"wp","href":"https:\/\/api.w.org\/{rel}","templated":true}]}}