{"id":55191,"date":"2021-11-01T09:18:29","date_gmt":"2021-11-01T08:18:29","guid":{"rendered":"https:\/\/www.rdpemancipation.org\/?p=55191"},"modified":"2021-11-30T01:01:44","modified_gmt":"2021-11-30T00:01:44","slug":"novembre-amerique-latine-caraibes","status":"publish","type":"post","link":"https:\/\/www.rdpemancipation.org\/?p=55191","title":{"rendered":"Novembre &#8211; Am\u00e9rique latine &#038; Cara\u00efbes"},"content":{"rendered":"\n<p><span style=\"color:#a30500\" class=\"has-inline-color\"><strong>30 novembre en continu<\/strong><\/span><\/p>\n\n\n\n<p><a href=\"https:\/\/www.boursorama.com\/actualite-economique\/actualites\/devenant-une-republique-la-barbade-dit-adieu-a-elizabeth-ii-1c5178c175e24fa4a2ca68d378905ee3\">Devenant une r\u00e9publique, la <strong>Barbade<\/strong> dit adieu \u00e0 Elizabeth II<\/a> (AFP)<\/p>\n\n\n\n<p><a href=\"https:\/\/www.boursorama.com\/actualite-economique\/actualites\/en-haiti-l-horreur-des-viols-commis-par-les-gangs-c411eb74012a9ff7f208a266120adb7a\">En <strong>Ha\u00efti<\/strong>, l&rsquo;horreur des viols commis par les gangs<\/a> (AFP)<\/p>\n\n\n\n<p><a href=\"https:\/\/www.boursorama.com\/actualite-economique\/actualites\/la-candidate-de-gauche-xiomara-castro-en-passe-de-devenir-la-premiere-presidente-du-honduras-3df3acf8964355f895af8c688113db0a\">La candidate de gauche Xiomara Castro en passe de devenir la premi\u00e8re pr\u00e9sidente du <strong>Honduras<\/strong><\/a> (AFP)<\/p>\n\n\n\n<p>Analyse<\/p>\n\n\n\n<p><a href=\"https:\/\/www.revue-ballast.fr\/la-voz-de-la-mujer-ni-dieu-ni-patron-ni-mari\/\"><strong>A<\/strong><\/a><strong><a href=\"https:\/\/www.revue-ballast.fr\/la-voz-de-la-mujer-ni-dieu-ni-patron-ni-mari\/\">rgentine-La Voz de la Mujer\u00a0: ni dieu ni patron ni mari\u00a0!<\/a> (<a href=\"http:\/\/revue-ballast.fr\">Ballast<\/a>)<\/strong>\u00a0<\/p>\n\n\n\n<p><a href=\"https:\/\/europe-solidaire.us8.list-manage.com\/track\/click?u=5c732dd5ee65845cf20fd724a&amp;id=bc98ce8799&amp;e=5df9c98670\"><strong>Br\u00e9sil<\/strong>&#8211; La \u201cbrutale incoh\u00e9rence\u201d de Lula, qui relativise la dictature au Nicaragua<\/a> (Courrier International)<\/p>\n\n\n\n<p><a href=\"https:\/\/www.boursorama.com\/actualite-economique\/actualites\/apres-la-barbade-la-crainte-d-un-effet-domino-pour-la-monarchie-britannique-088275639eb6b1e4573555a93754646e\">Apr\u00e8s la <strong>Barbade<\/strong>, la crainte d&rsquo;un effet domino pour la monarchie britannique<\/a> (AFP)<\/p>\n\n\n\n<p><a href=\"https:\/\/lundi.am\/De-la-servitude-involontaire-en-Amazonie-un-objet-polemique\">De la servitude involontaire en <strong>Amazonie<\/strong>&nbsp;: un objet pol\u00e9mique<\/a> (Lundi matin) <\/p>\n\n\n\n<figure class=\"wp-block-image is-resized is-style-default\"><img data-recalc-dims=\"1\" loading=\"lazy\" decoding=\"async\" src=\"https:\/\/i0.wp.com\/lundi.am\/IMG\/arton4482-resp320.jpg?resize=523%2C413&#038;ssl=1\" alt=\"\" width=\"523\" height=\"413\"\/><\/figure>\n\n\n\n<p><a href=\"https:\/\/reporterre.net\/Au-Chili-tout-pour-le-lithium-au-detriment-de-l-environnement\">Au <strong>Chili<\/strong>, tout pour le lithium, au d\u00e9triment de l\u2019environnement<\/a> (<a href=\"http:\/\/reporterre.net\">reporterre.net<\/a>)<\/p>\n\n\n\n<p><span style=\"color:#a30500\" class=\"has-inline-color\"><strong>29 novembre en continu<\/strong><\/span><\/p>\n\n\n\n<p><a href=\"https:\/\/www.franceameriquelatine.org\/election-chili-retour-extreme-droite-pinochiste-franck-gaudichaud-irving-magi-le-media\/\">\u00c9lection au <strong>Chili<\/strong> : le retour de l\u2019extr\u00eame-droite pinochiste ? (Franck Gaudichaud \/ Irving Magi)<\/a><\/p>\n\n\n\n<p><a href=\"https:\/\/www.franceameriquelatine.org\/chili-combat-feministe-election-presidentielle-thomas-nicolon-france-24\/\"><strong>Chili<\/strong> : le combat f\u00e9ministe \u00e0 l\u2019\u00e9preuve de l\u2019\u00e9lection pr\u00e9sidentielle (France 24)<\/a><\/p>\n\n\n\n<p><a href=\"https:\/\/www.lemonde.fr\/planete\/article\/2021\/11\/26\/bresil-inquietante-ruee-vers-l-or-en-amazonie_6103794_3244.html\" target=\"_blank\" rel=\"noreferrer noopener\"><strong>Br\u00e9sil<\/strong> : inqui\u00e9tante ru\u00e9e vers l\u2019or en Amazonie<\/a>&nbsp;&#8211; Le Monde<\/p>\n\n\n\n<p>Analyse<\/p>\n\n\n\n<p><a href=\"https:\/\/www.franceameriquelatine.org\/chili-tout-pour-lithium-detriment-environnement-esnaud-reporterre\/\">Au <strong>Chili<\/strong>, tout pour le lithium, au d\u00e9triment de l\u2019environnement (Reporterre)<\/a><\/p>\n\n\n\n<figure class=\"wp-block-image is-resized is-style-default\"><img data-recalc-dims=\"1\" loading=\"lazy\" decoding=\"async\" src=\"https:\/\/i0.wp.com\/www.franceameriquelatine.org\/wp-content\/uploads\/2021\/11\/selection_atacama_lithium_marion_esnault-12_1_1_-2-1024x683.jpg?resize=431%2C287&#038;ssl=1\" alt=\"\" class=\"wp-image-90370\" width=\"431\" height=\"287\"\/><\/figure>\n\n\n\n<p><a href=\"https:\/\/www.rfi.fr\/fr\/am%C3%A9riques\/20211128-%C3%A9lections-g%C3%A9n%C3%A9rales-dans-un-honduras-polaris%C3%A9-et-%C3%A9puis%C3%A9-face-aux-violences\" target=\"_blank\" rel=\"noreferrer noopener\"><strong>Honduras<\/strong> polaris\u00e9 et \u00e9puis\u00e9 face aux violences<\/a>&nbsp;&#8211; RFI<\/p>\n\n\n\n<p><span style=\"color:#a30500\" class=\"has-inline-color\"><strong>28 novembre en continu<\/strong><\/span><\/p>\n\n\n\n<p>Dossier colonies<\/p>\n\n\n\n<p><strong><a href=\"https:\/\/www.google.com\/url?sa=t&amp;rct=j&amp;q=&amp;esrc=s&amp;source=newssearch&amp;cd=&amp;ved=2ahUKEwizq5K44rn0AhV5l2oFHY0PDC0QxfQBKAB6BAgUEAI&amp;url=https%3A%2F%2Fla1ere.francetvinfo.fr%2Fguadeloupe%2Fdemonstration-de-force-reussie-pour-le-lkp-1166179.html&amp;usg=AOvVaw3_v_iojQZ8lI08j8oCOGfe\">D\u00e9monstration de force r\u00e9ussie pour le LKP <\/a>(Guadeloupe 1\u00e8re)<\/strong><\/p>\n\n\n\n<figure class=\"wp-block-image is-resized is-style-default\"><img data-recalc-dims=\"1\" loading=\"lazy\" decoding=\"async\" src=\"https:\/\/i0.wp.com\/la1ere.francetvinfo.fr\/image\/KKd9NESNnnFcNzctyafOUXvCmrQ\/600x400\/outremer\/2021\/11\/27\/61a2665f64b25_vid-20211127-wa0021-mp4-frame-65-1836113.jpg?resize=495%2C330&#038;ssl=1\" alt=\"images mobilisation \" width=\"495\" height=\"330\"\/><\/figure>\n\n\n\n<p><a href=\"https:\/\/www.revolutionpermanente.fr\/Solidarite-avec-le-mouvement-en-Guadeloupe-tous-a-Republique-ce-dimanche-a-Paris\">Solidarit\u00e9 avec le mouvement en <strong>Guadeloupe<\/strong>&nbsp;: tous \u00e0 R\u00e9publique ce dimanche \u00e0 Paris&nbsp;!<\/a> (RP)<\/p>\n\n\n\n<p><strong><a href=\"https:\/\/www.facebook.com\/Karibinfo\/videos\/593132301944633\">Elie Domota, LKP Guadeloupe: Ils nous prennent pour des imb\u00e9ciles, nous avons 32 revendications<\/a> -vid\u00e9o<\/strong><\/p>\n\n\n\n<p><a href=\"https:\/\/www.lemediatv.fr\/emissions\/2021\/guadeloupe-darmanin-castaner-les-verites-de-noam-anouar-9Cy9LmptScy-4bn2-7ctyQ\"><strong>Guadeloupe<\/strong>, Darmanin, Castaner : les v\u00e9rit\u00e9s de Noam Anouar<\/a> (vid\u00e9o Le Media)<\/p>\n\n\n\n<p><a href=\"https:\/\/tendanceclaire.org\/breve.php?id=40058\">Apr\u00e8s la Martinique, la gr\u00e8ve g\u00e9n\u00e9rale s\u2019\u00e9tend en <strong>Polyn\u00e9sie<\/strong> face \u00e0 un gouvernement inflexible<\/a> (RP)<\/p>\n\n\n\n<p><a href=\"https:\/\/www.mediapart.fr\/journal\/france\/271121\/nouvelle-caledonie-la-faute-d-emmanuel-macron\"><strong>Nouvelle-Cal\u00e9donie<\/strong>: la faute d\u2019Emmanuel Macron<\/a> (M\u00e9diapart)&nbsp;<\/p>\n\n\n\n<p><a href=\"http:\/\/alencontre.org\/ameriques\/amelat\/chili\/chili-aujourdhui-la-convention-constitutionnelle-est-en-danger.html\"><strong>Chili<\/strong>. \u00abAujourd\u2019hui, la Convention constitutionnelle est en danger\u00bb <\/a>(Alencontre)<br><br><a href=\"http:\/\/alencontre.org\/ameriques\/amelat\/chili\/chili-un-taux-dabstention-eleve-parmi-les-secteurs-populaires-une-democratie-fragile.html\"><strong>Chili<\/strong>. Un taux d\u2019abstention \u00e9lev\u00e9 parmi les secteurs populaires. Une d\u00e9mocratie fragile <\/a>(Alencontre)<\/p>\n\n\n\n<p><a href=\"https:\/\/litci.org\/fr\/chili-recuperer-le-cuivre-le-lithium-et-leau-et-faire-en-sorte-que-la-nouvelle-constitution-les-integre-comme-des-droits\/\"><strong>Chili<\/strong>&#8211; R\u00e9cup\u00e9rer cuivre, lithium et eau pour que la nouvelle Constitution les int\u00e8gre comme des droits.<\/a> (LIT-QI)<\/p>\n\n\n\n<p><a href=\"https:\/\/lenouvelliste.com\/alaminute\/20447\/republique-dominicaine-la-chasse-aux-haitiens-se-poursuit\"><strong>R\u00e9publique dominicaine<\/strong> : la chasse aux Ha\u00eftiens se poursuit<\/a> (Le Nouvelliste)<\/p>\n\n\n\n<p><a href=\"http:\/\/alencontre.org\/ameriques\/amelat\/venezuela\/venezuela-mecontentement-a-legard-du-gouvernement-nouvelle-defaite-de-lopposition.html\"><strong>Venezuela<\/strong>. M\u00e9contentement \u00e0 l\u2019\u00e9gard du gouvernement, nouvelle d\u00e9faite de l\u2019opposition <\/a>(Alencontre)<br><br>Analyse<\/p>\n\n\n\n<p><a href=\"https:\/\/www.boursorama.com\/boursoramag\/actualites\/en-amerique-latine-les-romancieres-sortent-de-l-ombre-98d331e57dc3f62d50dda9efd56aaec1\">En Am\u00e9rique latine, les romanci\u00e8res sortent de l&rsquo;ombre<\/a> (AFP)&nbsp;<\/p>\n\n\n\n<p><a href=\"https:\/\/www.contretemps.eu\/extractivisme-amerique-latine-poupeau-mariette-socialisme\/\">Extractivismes latinoam\u00e9ricains. Une critique \u00e0 contretemps<\/a> (Contretemps)<\/p>\n\n\n\n<figure class=\"wp-block-image is-resized is-style-default\"><img data-recalc-dims=\"1\" loading=\"lazy\" decoding=\"async\" src=\"https:\/\/i0.wp.com\/www.contretemps.eu\/wp-content\/uploads\/unnamed-8.jpg?resize=490%2C265&#038;ssl=1\" alt=\"\" width=\"490\" height=\"265\"\/><\/figure>\n\n\n\n<p><a href=\"https:\/\/reporterre.net\/Au-Chili-tout-pour-le-lithium-au-detriment-de-l-environnement\">Au <strong>Chili<\/strong>, tout pour le lithium, au d\u00e9triment de l&rsquo;environnement<\/a> (Reporterre)<\/p>\n\n\n\n<p><strong><a href=\"https:\/\/www.franceameriquelatine.org\/mexique-couvert-sang-femmes-entretien-wendy-galarza-itzel-marie-diaz-qg\/\">Le Mexique est couvert du sang des femmes ( <\/a>vid\u00e9o QG<a href=\"https:\/\/www.franceameriquelatine.org\/mexique-couvert-sang-femmes-entretien-wendy-galarza-itzel-marie-diaz-qg\/\">)<\/a><\/strong><\/p>\n\n\n\n<p><a href=\"https:\/\/comptoir.org\/2021\/11\/23\/dans-la-peau-dune-revolutionnaire-laissez-moi-vous-rejoindre-damina-damerdji\/\">Dans la peau d\u2019une r\u00e9volutionnaire : \u00ab\u00a0Laissez-moi vous rejoindre\u00a0\u00bb d\u2019Amina Damerdji<\/a> (Le Comptoir)<\/p>\n\n\n\n<p><span style=\"color:#a30500\" class=\"has-inline-color\"><strong>27 novembre en continu<\/strong><\/span><\/p>\n\n\n\n<p><strong><a href=\"https:\/\/www.espaces-latinos.org\/archives\/103375?utm_source=Sarbacane&amp;utm_medium=email&amp;utm_campaign=25%20Novembre%202021https:\/\/www.espaces-latinos.org\/archives\/103375?utm_source=Sarbacane&amp;utm_medium=email&amp;utm_campaign=25%20Novembre%202021\">Implication des pays d&rsquo;Am\u00e9rique latine \u00e0 la vingt-sixi\u00e8me COP et d\u00e9fis pour les \u00c9tats de la r\u00e9gion<\/a> (NEL)<\/strong><\/p>\n\n\n\n<p><strong><a href=\"https:\/\/reporterre.net\/Le-lithium-nouvel-eldorado-latino\">Le lithium, nouvel eldorado latino<\/a> (Reporterre)<\/strong><\/p>\n\n\n\n<p><a href=\"http:\/\/frances.prensa-latina.cu\/index.php?option=com_content&amp;view=article&amp;id=887877:le-compte-a-rebours-pour-la-destitution-du-president-peruvien-commence&amp;opcion=pl-ver-noticia&amp;catid=99&amp;Itemid=101\">Le compte \u00e0 rebours pour la destitution du pr\u00e9sident p\u00e9ruvien commence<\/a> (Prensa Latina)<\/p>\n\n\n\n<p><span style=\"color:#a30500\" class=\"has-inline-color\"><strong>26 novembre en continu<\/strong><\/span><\/p>\n\n\n\n<p><a href=\"https:\/\/www.franceameriquelatine.org\/cop26-txai-surui-nouveau-visage-defense-amazonie-aude-mazoue-france-24\/\">Txai Surui, 24 ans, nouveau visage de la d\u00e9fense de <strong>l\u2019Amazonie<\/strong> <\/a>(France 24)<\/p>\n\n\n\n<figure class=\"wp-block-image size-full is-resized is-style-default\"><img data-recalc-dims=\"1\" loading=\"lazy\" decoding=\"async\" src=\"https:\/\/i0.wp.com\/www.rdpemancipation.org\/wp-content\/uploads\/2021\/11\/090907edca5ba8627989351edcbb7dba.jpeg?resize=401%2C226&#038;ssl=1\" alt=\"\" class=\"wp-image-59090\" width=\"401\" height=\"226\" srcset=\"https:\/\/i0.wp.com\/www.rdpemancipation.org\/wp-content\/uploads\/2021\/11\/090907edca5ba8627989351edcbb7dba.jpeg?w=1024&amp;ssl=1 1024w, https:\/\/i0.wp.com\/www.rdpemancipation.org\/wp-content\/uploads\/2021\/11\/090907edca5ba8627989351edcbb7dba.jpeg?resize=300%2C169&amp;ssl=1 300w, https:\/\/i0.wp.com\/www.rdpemancipation.org\/wp-content\/uploads\/2021\/11\/090907edca5ba8627989351edcbb7dba.jpeg?resize=768%2C432&amp;ssl=1 768w\" sizes=\"auto, (max-width: 401px) 100vw, 401px\" \/><\/figure>\n\n\n\n<p><a href=\"https:\/\/www.boursorama.com\/videos\/actualites\/chili-le-combat-feministe-a-l-epreuve-de-l-election-presidentielle-00009ccfe0ef5c23c0ee13123665d926\"><strong>Chili<\/strong> : le combat f\u00e9ministe \u00e0 l&rsquo;\u00e9preuve de l&rsquo;\u00e9lection pr\u00e9sidentielle<\/a> (France 24)&nbsp;<\/p>\n\n\n\n<p><a href=\"https:\/\/www.franceameriquelatine.org\/elections-21-novembre-chili-revue-presse\/\">\u00c9lections pr\u00e9sidentielles et l\u00e9gislatives du 21 novembre au Chili <\/a>(revue de presse)<\/p>\n\n\n\n<p><a href=\"https:\/\/lenouvelliste.com\/article\/232813\/ariel-henry-change-huit-ministres\"><strong>Haiti<\/strong>: Ariel Henry change huit ministres<\/a> (Le Nouvelliste)<\/p>\n\n\n\n<p><a href=\"https:\/\/www.boursorama.com\/actualite-economique\/actualites\/partir-le-reve-des-jeunes-du-honduras-pour-fuir-la-pauvrete-886ae92c73ad4a407ba0bea8dbd089db\">Partir: le r\u00eave des jeunes du <strong>Honduras<\/strong> pour fuir la pauvret\u00e9<\/a> (AFP)<\/p>\n\n\n\n<p><a href=\"https:\/\/www.franceameriquelatine.org\/venezuela-victoire-parti-pouvoir-regionales-municipales-21-novembre-revue-presse\/\"><strong>Venezuela<\/strong> : victoire du parti au pouvoir aux \u00e9lections r\u00e9gionales et municipales du 21 novembre (revue de presse)<\/a><\/p>\n\n\n\n<p>Analyse<\/p>\n\n\n\n<p><a href=\"https:\/\/www.franceameriquelatine.org\/habiter-villes-latino-americaines-habitar-ciudades-latinoamericanas-ouvrage-collectif-bilingue-francais-espagnol-editions-harmattan\/\">Habiter les villes latino-am\u00e9ricaines <\/a>(ouvrage collectif bilingue fran\u00e7ais-espagnol)<\/p>\n\n\n\n<p><a href=\"https:\/\/www.franceameriquelatine.org\/altiplano-fragments-revolution-bolivie-1999-2019-franck-poupeau-editions-raisons-dagir\/\">Altiplano. Fragments d\u2019une r\u00e9volution &#8211;<strong>Bolivie<\/strong>, 1999-2019 (ouvrag<\/a>e Franck Poupeau)<\/p>\n\n\n\n<figure class=\"wp-block-image is-resized is-style-default\"><img data-recalc-dims=\"1\" loading=\"lazy\" decoding=\"async\" src=\"https:\/\/i0.wp.com\/www.franceameriquelatine.org\/wp-content\/uploads\/2021\/11\/Jaquette_Altiplano_E2021-340x504-1.jpg?resize=292%2C433&#038;ssl=1\" alt=\"\" class=\"wp-image-90328\" width=\"292\" height=\"433\"\/><\/figure>\n\n\n\n<p><a href=\"https:\/\/www.ritimo.org\/Les-rivieres-et-les-lacs-du-Bresil-sont-ils-en-train-de-disparaitre\">Les rivi\u00e8res et les lacs du <strong>Br\u00e9sil<\/strong> sont-ils en train de dispara\u00eetre ?<\/a> (Ritimo)<\/p>\n\n\n\n<p><span style=\"color:#a30500\" class=\"has-inline-color\"><strong>25 novembre en continu<\/strong><\/span><\/p>\n\n\n\n<p><a href=\"https:\/\/www.lemonde.fr\/international\/article\/2021\/11\/23\/en-bolivie-le-massacre-toujours-impuni-de-senkata_6103299_3210.html\" target=\"_blank\" rel=\"noreferrer noopener\"><strong>Bolivie<\/strong>, le massacre toujours impuni de Senkata<\/a>&nbsp;(Le Monde)<\/p>\n\n\n\n<p><a href=\"http:\/\/frances.prensa-latina.cu\/index.php?option=com_content&amp;view=article&amp;id=887860:la-marche-pour-la-patrie-en-soutien-au-president-se-poursuit-en-bolivie&amp;opcion=pl-ver-noticia&amp;catid=185&amp;Itemid=101\">La Marche pour la Patrie en soutien au pr\u00e9sident se poursuit en Bolivie<\/a> (Prensa Latina)<\/p>\n\n\n\n<p><a href=\"https:\/\/www.lapresse.ca\/international\/amerique-latine\/2021-11-19\/foret-amazonienne\/le-bresil-a-cache-ses-donnees-sur-la-deforestation.php\" target=\"_blank\" rel=\"noreferrer noopener\">Le <strong>Br\u00e9sil<\/strong> a cach\u00e9 ses donn\u00e9es sur la d\u00e9forestation<\/a>&nbsp;(La Presse)<\/p>\n\n\n\n<p><a href=\"http:\/\/frances.prensa-latina.cu\/index.php?option=com_content&amp;view=article&amp;id=887865:des-victimes-de-la-guerre-en-colombie-demandent-la-mise-en-oeuvre-de-laccord-de-paix&amp;opcion=pl-ver-noticia&amp;catid=19&amp;Itemid=101\">Des victimes de la guerre en <strong>Colombie<\/strong> demandent la mise en \u0153uvre de l&rsquo;accord de paix<\/a> (Prensa Latina)<\/p>\n\n\n\n<p><a href=\"https:\/\/www.rfi.fr\/fr\/en-bref\/20211123-venezuela-l-ue-souligne-des-irr%C3%A9gularit%C3%A9s-pendant-les-%C3%A9lections-r%C3%A9gionales-malgr%C3%A9-des-am%C3%A9liorations\" target=\"_blank\" rel=\"noreferrer noopener\"><strong>Venezuela<\/strong>: l&rsquo;UE souligne des irr\u00e9gularit\u00e9s pendant les \u00e9lections r\u00e9gionales malgr\u00e9 des am\u00e9liorations&nbsp;<\/a>&nbsp;&#8211; RFI<\/p>\n\n\n\n<p><a href=\"http:\/\/frances.prensa-latina.cu\/index.php?option=com_content&amp;view=article&amp;id=887861:le-mexique-prepare-un-decret-en-faveur-des-emigres-haitiens-en-situation-irreguliere&amp;opcion=pl-ver-noticia&amp;catid=99&amp;Itemid=101\">Le <strong>Mexique<\/strong> pr\u00e9pare un d\u00e9cret en faveur des \u00e9migr\u00e9s ha\u00eftiens en situation irr\u00e9guli\u00e8re<\/a> (Prensa Latina)<\/p>\n\n\n\n<p>Analyse<\/p>\n\n\n\n<p><strong><a href=\"https:\/\/blogs.mediapart.fr\/jean-marc-b\/blog\/251121\/origine-du-25-novembre-trois-soeurs-assassinees-par-une-dictature\">Origine du 25 novembre: Trois s\u0153urs assassin\u00e9es par une dictature<\/a> -Nancy Carrier<\/strong><\/p>\n\n\n\n<figure class=\"wp-block-image is-resized is-style-default\"><img data-recalc-dims=\"1\" loading=\"lazy\" decoding=\"async\" src=\"https:\/\/i0.wp.com\/horadelrecreo.com\/wp-content\/uploads\/2020\/02\/En-el-tiempo-de-las-Mariposas-1024x522.jpg?resize=563%2C287&#038;ssl=1\" alt=\"\" width=\"563\" height=\"287\"\/><\/figure>\n\n\n\n<p><a href=\"https:\/\/www.ritimo.org\/La-crise-migratoire-haitienne-entre-racisme-et-effritement-de-la-solidarite\">La crise migratoire <strong>ha\u00eftienne<\/strong> entre racisme et effritement de la solidarit\u00e9<\/a> (Ritimo)<\/p>\n\n\n\n<p><a href=\"http:\/\/frances.prensa-latina.cu\/index.php?option=com_content&amp;view=article&amp;id=887866:le-succes-de-cuba-avec-les-vaccins-covid-19-mis-en-avant&amp;opcion=pl-ver-noticia&amp;catid=89&amp;Itemid=101\">Mise en avant du succ\u00e8s des vaccins <strong>cubains<\/strong> antiCovid-19<\/a> (Prensa Latina)<\/p>\n\n\n\n<figure class=\"wp-block-image size-full is-resized is-style-default\"><img data-recalc-dims=\"1\" loading=\"lazy\" decoding=\"async\" src=\"https:\/\/i0.wp.com\/www.rdpemancipation.org\/wp-content\/uploads\/2021\/11\/cuba-vacunas-covid.jpeg?resize=456%2C304&#038;ssl=1\" alt=\"\" class=\"wp-image-58955\" width=\"456\" height=\"304\" srcset=\"https:\/\/i0.wp.com\/www.rdpemancipation.org\/wp-content\/uploads\/2021\/11\/cuba-vacunas-covid.jpeg?w=314&amp;ssl=1 314w, https:\/\/i0.wp.com\/www.rdpemancipation.org\/wp-content\/uploads\/2021\/11\/cuba-vacunas-covid.jpeg?resize=300%2C200&amp;ssl=1 300w\" sizes=\"auto, (max-width: 456px) 100vw, 456px\" \/><\/figure>\n\n\n\n<p><span style=\"color:#a30500\" class=\"has-inline-color\"><strong>24 novembre en continu<\/strong><\/span><\/p>\n\n\n\n<p>Dossier Antilles: <a href=\"https:\/\/la1ere.francetvinfo.fr\/martinique\/greve-generale-en-martinique-renforcement-des-barrages-sur-les-principaux-axes-routiers-1162921.html\" title=\"https:\/\/la1ere.francetvinfo.fr\/martinique\/greve-generale-en-martinique-renforcement-des-barrages-sur-les-principaux-axes-routiers-1162921.html\">GG Martinique : renforcement des barrages sur principaux axes routiers<\/a> (Martinique 1\u00e8re)<\/p>\n\n\n\n<p><a href=\"https:\/\/www.google.com\/url?sa=t&amp;rct=j&amp;q=&amp;esrc=s&amp;source=newssearch&amp;cd=&amp;ved=2ahUKEwjYnKT1wq_0AhX0l2oFHXKkCywQxfQBKAB6BAgGEAI&amp;url=https%3A%2F%2Fwww.ouest-france.fr%2Fregion-guadeloupe%2Fgreve-aux-antilles-des-heurts-et-des-blocages-en-martinique-la-guadeloupe-toujours-mobilisee-af0a2916-4c8b-11ec-bccc-b8f31b18ad36&amp;usg=AOvVaw3CKbO-6jwoOO8H5i0UKHBW\">Des heurts et des blocages en Martinique <\/a>(Ouest France)<\/p>\n\n\n\n<p><strong><a href=\"https:\/\/reporterre.net\/Ou-est-l-egalite-En-Guadeloupe-vie-chere-et-pollution-attisent-la-contestation\">\u00ab&nbsp;O\u00f9 est l&rsquo;\u00e9galit\u00e9&nbsp;?&nbsp;\u00bb vie ch\u00e8re et pollution attisent la contestation<\/a> (Reporterre)<\/strong><\/p>\n\n\n\n<figure class=\"wp-block-image is-resized is-style-default\"><img data-recalc-dims=\"1\" loading=\"lazy\" decoding=\"async\" src=\"https:\/\/i0.wp.com\/reporterre.net\/local\/cache-vignettes\/L720xH480\/arton23987-3b00e.jpg?resize=464%2C309&#038;ssl=1\" alt=\"\u00ab<small class=&quot;fine d-inline&quot;&gt;\u00a0<\/small&gt;O\u00f9 est l'\u00e9galit\u00e9<small class=&quot;fine d-inline&quot;&gt;\u00a0<\/small&gt;?<small class=&quot;fine d-inline&quot;&gt;\u00a0<\/small&gt;\u00bb En Guadeloupe, vie ch\u00e8re et pollution attisent la contestation\" width=\"464\" height=\"309\"\/><\/figure>\n\n\n\n<p><a href=\"https:\/\/www.humanite.fr\/la-guadeloupe-naccepte-plus-le-mepris-entretien-avec-felix-flemin-secretaire-general-du-parti-728383#xtor=RSS-1\">\u00ab La Guadeloupe n&rsquo;accepte plus le m\u00e9pris \u00bb : entretien F. Fl\u00e9min, SG PC  guadeloup\u00e9en<\/a> (L\u2019Humanit\u00e9)<\/p>\n\n\n\n<p><a href=\"https:\/\/www.francetvinfo.fr\/sante\/maladie\/coronavirus\/guadeloupe-les-soignants-auront-acces-a-des-vaccins-sans-arn-messager_4855841.html\">Guadeloupe : les soignants auront acc\u00e8s aux vaccins contre le Covid-19 sans ARN messager<\/a> (France Info)<\/p>\n\n\n\n<p><a href=\"https:\/\/www.boursorama.com\/videos\/actualites\/guadeloupe-la-mobilisation-contre-l-obligation-vaccinale-se-poursuit-e517053bbd4cc975426ab5fed1ff691a\">Guadeloupe: la mobilisation contre l&rsquo;obligation vaccinale se poursuit<\/a> (AFP vid\u00e9o)<\/p>\n\n\n\n<figure class=\"wp-block-image is-resized is-style-default\"><img data-recalc-dims=\"1\" loading=\"lazy\" decoding=\"async\" src=\"https:\/\/i0.wp.com\/media2.woopic.com\/api\/v1\/images\/661%2Fafp-news%2F12a%2F6cf%2F655826052a4e1f336c585f3358%2F001_9T87Y7-highDef.jpg?resize=516%2C360&#038;ssl=1\" alt=\"661%2Fafp-news%2F12a%2F6cf%2F655826052a4e1f336c585f3358%2F001_9T87Y7-highDef.jpg?facedetect=1&amp;quality=85\" width=\"516\" height=\"360\"\/><\/figure>\n\n\n\n<p><a href=\"https:\/\/www.humanite.fr\/election-presidentielle-au-chili-lextreme-droite-tire-benefice-de-ses-discours-de-peur-728395#xtor=RSS-1\">\u00c9lection pr\u00e9sidentielle au <strong>Chili<\/strong> : \u00ab L\u2019extr\u00eame droite tire b\u00e9n\u00e9fice de ses discours de peur \u00bb<\/a> (L\u2019Humanit\u00e9)&nbsp;<\/p>\n\n\n\n<p><a href=\"https:\/\/blogs.mediapart.fr\/jean-marc-b\/blog\/231121\/l-extreme-droite-de-kast-aux-portes-du-pouvoir-au-chili-f-gaudichaud\">L\u2019extr\u00eame droite de Kast aux portes du pouvoir au Chili &#8211; <\/a> vid\u00e9o F. Gaudichaud<\/p>\n\n\n\n<p><strong><a href=\"http:\/\/alencontre.org\/ameriques\/amelat\/chili\/chili-lextreme-droite-remporte-le-premier-tour-et-oblige-boric-a-rechercher-lunite-de-lopposition.html\">L\u2019extr\u00eame droite remporte le premier tour et oblige Boric \u00e0 rechercher l\u2019unit\u00e9 de l\u2019opposition <\/a>(Alencontre)<\/strong><\/p>\n\n\n\n<p><a href=\"https:\/\/www.boursorama.com\/videos\/actualites\/colombie-nn-ou-sur-les-traces-des-disparus-de-la-guerre-2bdfda12f2bf5b87d8c68e2a6e6633e9\"><strong>Colombie<\/strong>: \u00ab\u00a0NN\u00a0\u00bb, ou sur les traces des disparus de la guerre<\/a> (AFP)<\/p>\n\n\n\n<p><a href=\"https:\/\/www.boursorama.com\/actualite-economique\/actualites\/chasses-comme-des-lapins-en-colombie-la-peur-des-ex-farc-d-etre-assassines-a4e38408f47c7e51efe03933f26bc385\">\u00ab\u00a0Chass\u00e9s comme des lapins\u00a0\u00bb: en Colombie, la peur des ex-FARC d&rsquo;\u00eatre assassin\u00e9s<\/a> (AFP)<\/p>\n\n\n\n<p>Analyse<\/p>\n\n\n\n<p><a href=\"https:\/\/www.humanite.fr\/presidentielle-au-chili-jose-antonio-kast-ou-la-resistible-ascension-dun-nostalgique-de-pinochet#xtor=RSS-1\">Pr\u00e9sidentielle au <strong>Chili<\/strong> : Jos\u00e9 Antonio Kast, ou la r\u00e9sistible ascension d&rsquo;un nostalgique de Pinochet<\/a> (L\u2019Humanit\u00e9)&nbsp;<\/p>\n\n\n\n<p><span style=\"color:#a30500\" class=\"has-inline-color\"><strong>23 novembre en continu<\/strong><\/span><\/p>\n\n\n\n<p>Dossier Guadeloupe -Martinique: <a href=\"https:\/\/revolutionpermanente.fr\/Yannick-Jadot-defend-la-repression-coloniale-en-Guadeloupe\">Jadot d\u00e9fend la r\u00e9pression coloniale en Guadeloupe<\/a> (RP)<\/p>\n\n\n\n<p><a href=\"https:\/\/tendanceclaire.org\/breve.php?id=40016\">Dirigeant CGT <\/a><strong><a href=\"https:\/\/tendanceclaire.org\/breve.php?id=40016\">Martinique appelle travailleurs de France \u00e0 se joindre \u00e0 la gr\u00e8ve g\u00e9n\u00e9rale<\/a> (vid\u00e9o RT)<\/strong><\/p>\n\n\n\n<p><strong><a href=\"https:\/\/la1ere.francetvinfo.fr\/guadeloupe\/le-leader-du-lkp-elie-domota-appelle-le-prefet-de-guadeloupe-a-ouvrir-les-negociations-1160527.html\">Leader du LKP, Elie Domota, appelle le pr\u00e9fet \u00e0 ouvrir les n\u00e9gociations <\/a>(Guadeloupe la 1\u00e8re)<\/strong><\/p>\n\n\n\n<p><a href=\"https:\/\/www.facebook.com\/martiniquela1ere\/videos\/1060345231200176\" title=\"https:\/\/www.facebook.com\/martiniquela1ere\/videos\/1060345231200176\"><\/a><a href=\"https:\/\/www.facebook.com\/martiniquela1ere\/videos\/1060345231200176\">Martinique<\/a> : <a href=\"https:\/\/www.facebook.com\/martiniquela1ere\/videos\/1060345231200176\" title=\"https:\/\/www.facebook.com\/martiniquela1ere\/videos\/1060345231200176\">Gr\u00e8ve g\u00e9n\u00e9rale, manifestants envahissent village transat Jacques Vabre<\/a> -vid\u00e9o <\/p>\n\n\n\n<p><a href=\"https:\/\/www.facebook.com\/LiyannajKontPwofitasyon\/videos\/453004409512125\">R<\/a><strong><a href=\"https:\/\/www.facebook.com\/LiyannajKontPwofitasyon\/videos\/453004409512125\">\u00e9ponse d&rsquo;Elie Domota du LKP&nbsp; \u00e0 Castex<\/a> -vid\u00e9o<\/strong><\/p>\n\n\n\n<p><a href=\"http:\/\/la-bas.org\/la-bas-magazine\/reportages\/guadeloupe-quand-les-negres-auront-faim-ils-reprendront-le-travail\">Guadeloupe&nbsp;: \u00ab\u00a0quand les n\u00e8gres auront faim ils reprendront le travail&nbsp;!<\/a> \u00ab\u00a0(L\u00e0-bas)<\/p>\n\n\n\n<p><a href=\"https:\/\/www.les2rives.info\/la_gauche_et_l_extreme_droite_au_2e_tour_au_chili\">La gauche et l&rsquo;extr\u00eame-droite au 2e tour au <strong>Chili<\/strong><\/a> (L2R)<\/p>\n\n\n\n<p><a href=\"https:\/\/newsletter.liberation.fr\/m\/surl\/200138\/513242\/Xc03bqTTEiWyrJQKlOwUhnFKF-B12viezBEiZxMr5xU=\/link_19\/6TG1OUfNWQjsXpKZx-fxUEQZJqbcXp1f-h0HByuFVqz75QZxW8Z9EbsW7ojEpseHsrSKNJ64y8yEUR-EFxj9BcXXqDAdC7BjvgvBWe7EBbgnXMLi1HDOzqSqpfQtozceC-ucBqFOftTo9b3rXTdLlUIZwuj28u+t0jD9tWBajdd+RMO+Cy79iuHT-Tmpx5O2EbYKHfN0-5-7pXMo6hU1mH4prCw5J+V4QGz4cnpyWGJcPsGadGYFNAzsTuq6g96s4u22IxhvBa5p1pH6gbMDw2eH9u383RKfKdcDclIAVe11ffi1tmLNqgYBeAaGxBV8uPP3WjXL5Wcd3HfalY+CuXxRS3HsbdvrA+ykvXVBZXegwuDAnCO8Q51TSrfIOXCKyavnAxY6ogFBd1oZdSDdYcHFXfQSVK4qqxfcYW+dhpF4X7EzGxZjwBqRAySHFuSUdEHbLSlYlIZUmkbUnUb2xg==\"><strong>Chili<\/strong>:&nbsp; L&rsquo;extr\u00eame droite en t\u00eate au premier tour des \u00e9lections pr\u00e9sidentielles<\/a>&nbsp; (Lib\u00e9)<\/p>\n\n\n\n<p><a href=\"https:\/\/www.boursorama.com\/actualite-economique\/actualites\/haiti-liberation-de-deux-otages-parmi-les-17-nord-americains-enleves-mi-octobre-2876016233c3c35648d922a272c9408c\"><strong>Ha\u00efti<\/strong>: lib\u00e9ration de deux otages parmi les 17 Nord-Am\u00e9ricains enlev\u00e9s mi-octobre<\/a> (AFP)&nbsp;<\/p>\n\n\n\n<p><a href=\"https:\/\/www.alterpresse.org\/spip.php?article27691\"><strong>Ha\u00efti-R\u00e9p.Dom<\/strong>&nbsp;: Poursuite rapatriements de migrant.e.s de Ha\u00efti, malgr\u00e9 promesses suspension<\/a> (Alterpresse)<\/p>\n\n\n\n<p><a href=\"https:\/\/www.les2rives.info\/triomphe_du_chavisme_aux_elections_au_venezuela\">Triomphe du chavisme aux \u00e9lections au <strong>Venezuela<\/strong><\/a> (L2R)<\/p>\n\n\n\n<p>Analyse<\/p>\n\n\n\n<p><strong><a href=\"https:\/\/www.mediapart.fr\/journal\/international\/221121\/dans-un-chili-divise-un-duel-entre-l-extreme-droite-et-la-gauche-au-second-tour-de-la-presidentiell\">Dans un Chili divis\u00e9, un duel entre l\u2019extr\u00eame droite et la gauche au second tour<\/a> (MDP<\/strong>)<\/p>\n\n\n\n<p><a href=\"https:\/\/newsletter.liberation.fr\/m\/surl\/200138\/513242\/Xc03bqTTEiWyrJQKlOwUhnFKF-B12viezBEiZxMr5xU=\/link_54\/IRoFvvYCu1Nzq9WZBMWorIa0Lzg9zScHKinO0zlUpuo1-GnLjr29WdWnbw8v5aVMWjs7plI9XuOH231Juf2U6alIJt3yaCgIWGKumhXnBZMNX2CNH7MqqjOIn1Vemqtprjjn5-F6myp1Tq7vgX3riUyS7BrroC5prxRY3rXb0zDVQ+2yNiaQDAPWygh2uLCEPOe3tPMTgJvxrcw8CMgCyOYA0eDZ6JxSyfUAw4ZDbQoH9Cy1JZUF+eqdDEH7BJ+IHVBDW2uK-ALpgfvveoJfQCyW7y5eHiHC6-9a-3KIKnzut5ZaYFhCjs3qcLeDxX4ydLk1YI1BQp4eOzUYpGvWC5K6UusjXxS9ElCNdJHHdEk3SMrZ+CtYaYkmroQbjTVU\"><strong>Ha\u00efti<\/strong>&#8211; Presnel Kimpembe&nbsp;Fort au Prince<\/a>&nbsp; (Lib\u00e9)<\/p>\n\n\n\n<p><span style=\"color:#a30500\" class=\"has-inline-color\"><strong>22 novembre en continu<\/strong><\/span><\/p>\n\n\n\n<p><a href=\"https:\/\/www.iris-france.org\/162629-elections-en-argentine-un-nouveau-cycle-liberal-conservateur-en-amerique-latine\/\" target=\"_blank\" rel=\"noreferrer noopener\"><strong>Argentine<\/strong> : un nouveau cycle lib\u00e9ral-conservateur en Am\u00e9rique latine ?<\/a>&nbsp; (IRIS)<\/p>\n\n\n\n<p><a href=\"https:\/\/www.mediapart.fr\/journal\/international\/211121\/au-chili-le-danger-kast-candidat-nostalgique-de-pinochet\">Au <strong>Chili<\/strong>, le danger Kast, candidat nostalgique de Pinochet<\/a>  (M\u00e9diapart)<\/p>\n\n\n\n<p><a href=\"http:\/\/frances.prensa-latina.cu\/index.php?option=com_content&amp;view=article&amp;id=887839:le-nicaragua-a-communique-sa-decision-digne-et-patriotique-de-quitter-loea&amp;opcion=pl-ver-noticia&amp;catid=39&amp;Itemid=101\">Le <strong>Nicaragua<\/strong> a communiqu\u00e9 \u00ab sa d\u00e9cision digne et patriotique de quitter l&rsquo;OEA \u00bb<\/a> (Prensa Latina)<\/p>\n\n\n\n<p><a href=\"https:\/\/www.rfi.fr\/fr\/am%C3%A9riques\/20211121-%C3%A9lections-au-venezuela-les-opposants-au-r%C3%A9gime-veulent-r%C3%A9int%C3%A9grer-la-sc%C3%A8ne-politique\" target=\"_blank\" rel=\"noreferrer noopener\"><strong>Venezuela<\/strong>: les opposants au r\u00e9gime veulent r\u00e9int\u00e9grer la sc\u00e8ne politique<\/a>&nbsp;(RFI)<\/p>\n\n\n\n<p><a href=\"https:\/\/www.mediapart.fr\/journal\/international\/201121\/venezuela-l-opposition-met-fin-quatre-annees-de-boycott-des-elections\">Venezuela : l\u2019opposition met fin \u0430 quatre ans de boycott des \u00e9lections<\/a> (MDP)<\/p>\n\n\n\n<p>Analyse<\/p>\n\n\n\n<p><strong><a href=\"https:\/\/www.lemediatv.fr\/emissions\/2021\/zapatistes-du-mexique-un-combat-radical-contre-le-capitalisme-mMaMlgU2RMm1_hcO_-jmoA\" title=\"https:\/\/www.lemediatv.fr\/emissions\/2021\/zapatistes-du-mexique-un-combat-radical-contre-le-capitalisme-mMaMlgU2RMm1_hcO_-jmoA\">Zapatistes du Mexique: un combat radical contre le capitalisme<\/a> (vid\u00e9o Le Media)<\/strong><\/p>\n\n\n\n<p><a href=\"https:\/\/www.mediapart.fr\/journal\/international\/211121\/les-gauches-chiliennes-ne-cessent-de-surprendre\">\u00abLes gauches chiliennes ne cessent de surprendre\u00bb<\/a>&nbsp; (M\u00e9diapart)<\/p>\n\n\n\n<p><a href=\"https:\/\/www.youtube.com\/watch?v=TmA8hRwJfTs\" target=\"_blank\" rel=\"noreferrer noopener\">Lula \u00e0 Sciences Po &#8211; \u00ab Quelle place pour le <strong>Br\u00e9sil<\/strong> dans le monde de demain ? \u00bb (port-<\/a>Sciences Po)<\/p>\n\n\n\n<p><span style=\"color:#a30500\" class=\"has-inline-color\"><strong>21 novembre en continu<\/strong><\/span><\/p>\n\n\n\n<p><strong><a href=\"https:\/\/reporterre.net\/Chili-la-gauche-pourrait-revenir-au-pouvoir-apres-50-ans-de-neoliberalisme\">Chili&nbsp;: la gauche pourrait revenir au pouvoir apr\u00e8s 50 ans de n\u00e9olib\u00e9ralisme<\/a> (Reporterre)<\/strong><\/p>\n\n\n\n<figure class=\"wp-block-image is-resized is-style-default\"><img data-recalc-dims=\"1\" loading=\"lazy\" decoding=\"async\" src=\"https:\/\/i0.wp.com\/reporterre.net\/local\/cache-vignettes\/L720xH480\/arton23966-1d790.jpg?resize=435%2C290&#038;ssl=1\" alt=\"Chili\u00a0: la gauche pourrait revenir au pouvoir apr\u00e8s 50 ans de n\u00e9olib\u00e9ralisme \" width=\"435\" height=\"290\"\/><\/figure>\n\n\n\n<p><strong>&nbsp;<\/strong><a href=\"http:\/\/alencontre.org\/ameriques\/amelat\/chili\/chili-deux-ans-apres-le-debut-de-la-rebellion-du-18-octobre-2019-la-situation-a-la-veille-de-lelection-presidentielle-du-21-novembre-iv.html\"><strong>Chili<\/strong>. La situation \u00e0 la veille de l\u2019\u00e9lection pr\u00e9sidentielle du 21&nbsp;novembre <\/a>-Patricio Paris<\/p>\n\n\n\n<p><a href=\"https:\/\/blogs.mediapart.fr\/jean-marc-b\/blog\/201121\/guadeloupe-blindes-coloniaux-contre-greve-generale-jacques-chastaing\"><strong>Guadeloupe<\/strong> : blind\u00e9s coloniaux contre gr\u00e8ve g\u00e9n\u00e9rale &#8211;<\/a>Jacques Chastaing<\/p>\n\n\n\n<p><a href=\"http:\/\/frances.prensa-latina.cu\/index.php?option=com_content&amp;view=article&amp;id=887840:le-president-peruvien-appelle-a-lunite-apres-tentative-de-le-destituer&amp;opcion=pl-ver-noticia&amp;catid=99&amp;Itemid=101\">Le pr\u00e9sident <strong>p\u00e9ruvien<\/strong> appelle \u00e0 l&rsquo;unit\u00e9 apr\u00e8s tentative de le destituer<\/a> (Prensa Latina)<\/p>\n\n\n\n<p>Analyse<\/p>\n\n\n\n<p><a href=\"https:\/\/www.rfi.fr\/fr\/podcasts\/g%C3%A9opolitique-le-d%C3%A9bat\/20211112-pr%C3%A9sidentielle-au-chili-quels-enjeux-sur-fond-de-scandale-pandora-papers\">Pr\u00e9sidentielle au <strong>Chili<\/strong>: quels enjeux sur fond de scandale Pandora Papers?<\/a> (RFI)<\/p>\n\n\n\n<p><a href=\"http:\/\/alencontre.org\/ameriques\/amelat\/chili\/chili-entre-la-nouvelle-constitution-et-la-montee-de-lextreme-droite.html\"><strong>Chili<\/strong>. Entre la nouvelle constitution et la mont\u00e9e de l\u2019extr\u00eame droite <\/a>(Alencontre)<\/p>\n\n\n\n<p><a href=\"https:\/\/www.franceculture.fr\/emissions\/cultures-monde\/sebastian-pinera-basta-de-corrupcion\">Sebastian Pi\u00f1era : \u00a1 basta de corrupci\u00f3n !<\/a> (France Culture)<\/p>\n\n\n\n<p><span style=\"color:#a30500\" class=\"has-inline-color\"><strong>20 novembre en continu<\/strong><\/span><\/p>\n\n\n\n<p>Derni\u00e8re: <strong><a href=\"https:\/\/blogs.mediapart.fr\/jean-marc-b\/blog\/201121\/guadeloupe-blindes-coloniaux-contre-greve-generale-jacques-chastaing\" title=\"https:\/\/blogs.mediapart.fr\/jean-marc-b\/blog\/201121\/guadeloupe-blindes-coloniaux-contre-greve-generale-jacques-chastaing\">Guadeloupe : blind\u00e9s coloniaux contre gr\u00e8ve g\u00e9n\u00e9rale <\/a><a href=\"https:\/\/www.revolutionpermanente.fr\/Syndicalistes-arretes-envoi-de-blindes-face-aux-manifestants-la-repression-s-intensifie-en\"><\/a><a href=\"https:\/\/blogs.mediapart.fr\/jean-marc-b\/blog\/201121\/guadeloupe-blindes-coloniaux-contre-greve-generale-jacques-chastaing\" target=\"_blank\" rel=\"noreferrer noopener\">&#8211;<\/a>Jacques Chastaing<\/strong><\/p>\n\n\n\n<p><a href=\"https:\/\/blogs.mediapart.fr\/carlos-schmerkin\/blog\/181121\/legislatives-en-argentine-une-defaite-electorale-devenue-victoire-politique\">L\u00e9gislatives en <strong>Argentine<\/strong> : une d\u00e9faite \u00e9lectorale devenue victoire politique<\/a> &#8211; Carlos Schmerkin<\/p>\n\n\n\n<p><strong><a href=\"https:\/\/www.revolutionpermanente.fr\/Syndicalistes-arretes-envoi-de-blindes-face-aux-manifestants-la-repression-s-intensifie-en\">Syndicalistes arr\u00eat\u00e9s, blind\u00e9s face aux manifestants: la r\u00e9pression s\u2019intensifie en Guadeloupe<\/a> (RP)<\/strong><\/p>\n\n\n\n<p><a href=\"https:\/\/www.lemediatv.fr\/emissions\/2021\/greve-generale-pourquoi-la-guadeloupe-craque-f0_Pl8CCQF-fhJ7x6W6esQ\">Gr\u00e8ve g\u00e9n\u00e9rale : pourquoi la <strong>Guadeloupe<\/strong> craque<\/a> (Le M\u00e9dia)<\/p>\n\n\n\n<p>Analyse<\/p>\n\n\n\n<p><a href=\"http:\/\/frances.prensa-latina.cu\/index.php?option=com_content&amp;view=article&amp;id=887836:lequateur-accueillera-le-sommet-chine-amerique-latine-et-caraibes-en-2022&amp;opcion=pl-ver-noticia&amp;catid=69&amp;Itemid=101\"><strong>L&rsquo;\u00c9quateur<\/strong> accueillera le sommet Chine-Am\u00e9rique latine et Cara\u00efbes en 2022<\/a> (Prensa Latina)<\/p>\n\n\n\n<p><a href=\"https:\/\/blogs.mediapart.fr\/jean-marc-b\/blog\/191121\/haiti-et-la-banalite-du-mal\"><strong>Ha\u00efti<\/strong> et la banalit\u00e9 du mal <\/a>-Roromme Chantal (Alterpresse)<\/p>\n\n\n\n<p><a href=\"https:\/\/www.monde-diplomatique.fr\/2016\/09\/DUTERME\/56231\">Au <strong>Nicaragua<\/strong>, que reste-t-il du sandinisme ?<\/a> -Bernard Duterme (Le Monde diplomatique, 2016)<\/p>\n\n\n\n<p><span style=\"color:#a30500\" class=\"has-inline-color\"><strong>19 novembre en continu<\/strong><\/span><\/p>\n\n\n\n<p><a href=\"https:\/\/www.franceameriquelatine.org\/argentine-gouvernement-affaibli-elections-legislatives-revue-presse\/\"><strong>Argentine<\/strong> : le gouvernement affaibli par les \u00e9lections l\u00e9gislatives (<\/a>Revue de presse<a href=\"https:\/\/www.franceameriquelatine.org\/argentine-gouvernement-affaibli-elections-legislatives-revue-presse\/\">)<\/a><\/p>\n\n\n\n<p><a href=\"https:\/\/www.franceameriquelatine.org\/bresil-paris-lula-precampagne-electorale-presidentielle-rfi\/\">Br\u00e9sil: apr\u00e8s Berlin, Lula poursuit \u00e0 Paris sa pr\u00e9campagne \u00e9lectorale pour la pr\u00e9sidentielle (<\/a>RFI<a href=\"https:\/\/www.franceameriquelatine.org\/bresil-paris-lula-precampagne-electorale-presidentielle-rfi\/\">)<\/a><\/p>\n\n\n\n<p><a href=\"http:\/\/frances.prensa-latina.cu\/index.php?option=com_content&amp;view=article&amp;id=887832:le-cafe-en-colombie-atteint-des-prix-historiques&amp;opcion=pl-ver-noticia&amp;catid=99&amp;Itemid=101\">Le caf\u00e9 en <strong>Colombie<\/strong> atteint des prix historiques<\/a> (Prensa Latina)<\/p>\n\n\n\n<p><a href=\"https:\/\/www.les2rives.info\/anciens_tortionnaires_en_uruguay?e=e5fb6f55b46ebf7e491bd7f4c8cb3ccc&amp;utm_source=les2rives&amp;utm_medium=email&amp;utm_campaign=newsletter_29&amp;n=30\">Des associations s&rsquo;opposent \u00e0 l&rsquo;am\u00e9nagement de peine pour les anciens tortionnaires en <strong>Uruguay<\/strong><\/a> (L2R)<\/p>\n\n\n\n<p><a href=\"http:\/\/frances.prensa-latina.cu\/index.php?option=com_content&amp;view=article&amp;id=887834:venezuela-le-psuv-preconise-un-accord-pour-respecter-les-resultats-des-elections&amp;opcion=pl-ver-noticia&amp;catid=39&amp;Itemid=101\"><strong>Venezuela<\/strong> : le PSUV pr\u00e9conise un accord pour respecter les r\u00e9sultats des \u00e9lections<\/a> (Prensa Latina)<\/p>\n\n\n\n<p>Analyse<\/p>\n\n\n\n<p><a href=\"https:\/\/www.franceameriquelatine.org\/chefs-etat-face-justice-bolsonaro-pinera-lasso-culture-monde-france-culture\/\">Les chefs d\u2019\u00c9tat face \u00e0 la justice : les cas de Bolsonaro, Pi\u00f1era et Lasso (<\/a>France Culture<a href=\"https:\/\/www.franceameriquelatine.org\/chefs-etat-face-justice-bolsonaro-pinera-lasso-culture-monde-france-culture\/\">)<\/a><\/p>\n\n\n\n<figure class=\"wp-block-image size-full is-resized is-style-default\"><img data-recalc-dims=\"1\" loading=\"lazy\" decoding=\"async\" src=\"https:\/\/i0.wp.com\/www.rdpemancipation.org\/wp-content\/uploads\/2021\/11\/lasso-4-1024x574-1.jpeg?resize=497%2C278&#038;ssl=1\" alt=\"\" class=\"wp-image-58147\" width=\"497\" height=\"278\" srcset=\"https:\/\/i0.wp.com\/www.rdpemancipation.org\/wp-content\/uploads\/2021\/11\/lasso-4-1024x574-1.jpeg?w=1024&amp;ssl=1 1024w, https:\/\/i0.wp.com\/www.rdpemancipation.org\/wp-content\/uploads\/2021\/11\/lasso-4-1024x574-1.jpeg?resize=300%2C168&amp;ssl=1 300w, https:\/\/i0.wp.com\/www.rdpemancipation.org\/wp-content\/uploads\/2021\/11\/lasso-4-1024x574-1.jpeg?resize=768%2C431&amp;ssl=1 768w\" sizes=\"auto, (max-width: 497px) 100vw, 497px\" \/><\/figure>\n\n\n\n<p><a href=\"https:\/\/www.humanite.fr\/chili-pour-daniel-jadue-la-revolte-sociale-de-2019-est-loin-detre-finie-728133#xtor=RSS-1\"><strong>Chili<\/strong>. Pour Daniel Jadue, \u00ab La r\u00e9volte sociale de 2019 est loin d\u2019\u00eatre finie \u00bb<\/a> (L\u2019Humanit\u00e9)&nbsp;<\/p>\n\n\n\n<p><a href=\"https:\/\/www.franceameriquelatine.org\/election-presidentielle-chili-polarisation-fragmentation-politique-olivier-bras-france-24\/\">\u00c9lection pr\u00e9sidentielle : \u00ab&nbsp;Le <strong>Chili<\/strong> vit une polarisation et une fragmentation politique&nbsp;\u00bb(<\/a>France 24<a href=\"https:\/\/www.franceameriquelatine.org\/election-presidentielle-chili-polarisation-fragmentation-politique-olivier-bras-france-24\/\">)<\/a><\/p>\n\n\n\n<p><span style=\"color:#a30500\" class=\"has-inline-color\"><strong>18 novembre en continu<\/strong><\/span><\/p>\n\n\n\n<p><a href=\"https:\/\/www.les2rives.info\/le_pr_sident_bolivien_met_en_garde_contre_les_intentions_de_coup_d_tat_de_l_opposition?e=e5fb6f55b46ebf7e491bd7f4c8cb3ccc&amp;utm_source=les2rives&amp;utm_medium=email&amp;utm_campaign=newsletter_29&amp;n=26\">Le pr\u00e9sident <strong>bolivien<\/strong> met en garde contre les intentions de coup d&rsquo;\u00c9tat de l&rsquo;opposition<\/a> (L2R)<\/p>\n\n\n\n<p>&nbsp;<a href=\"https:\/\/www.les2rives.info\/corruption_parti_bolsonaro?e=e5fb6f55b46ebf7e491bd7f4c8cb3ccc&amp;utm_source=les2rives&amp;utm_medium=email&amp;utm_campaign=newsletter_29&amp;n=28\">Pluie de critiques et de condamnations pour corruption sur le parti de Bolsonaro au <strong>Br\u00e9sil<\/strong><\/a> (L2R)<\/p>\n\n\n\n<p><a href=\"https:\/\/www.les2rives.info\/debat_candidat_chili_2021?e=e5fb6f55b46ebf7e491bd7f4c8cb3ccc&amp;utm_source=les2rives&amp;utm_medium=email&amp;utm_campaign=newsletter_29&amp;n=23\">Les candidats \u00e0 la pr\u00e9sidence du <strong>Chili<\/strong> exposent leurs programmes lors d&rsquo;un d\u00e9bat t\u00e9l\u00e9vis\u00e9<\/a> (L2R)<\/p>\n\n\n\n<p><a href=\"https:\/\/lecourrier.ch\/2021\/11\/17\/pandora-papers-le-president-pinera-echappe-a-la-destitution\/\">Pandora Papers: le pr\u00e9sident Pi\u00f1era \u00e9chappe \u00e0 la destitution<\/a> (Le Courrier)&nbsp;<\/p>\n\n\n\n<p><a href=\"https:\/\/www.boursorama.com\/actualite-economique\/actualites\/equateur-soldats-et-policiers-reprennent-le-controle-de-la-prison-de-guayaquil-3b47386b244955fb64326a7460aa15d9\"><strong>Equateur<\/strong>: soldats et policiers reprennent le contr\u00f4le de la prison de Guayaquil<\/a> (AFP)<\/p>\n\n\n\n<p>Analyse<\/p>\n\n\n\n<p><a href=\"https:\/\/newsletter.liberation.fr\/m\/surl\/200138\/513131\/Gf6W2SIeuna5VzJxDimDF3FKF-B12viezBEiZxMr5xU=\/link_23\/GHw63uHn6kYnwyR64cA7JhEsV9xejmYC1mqRnvyukEsTL0GvKiJiG872T288ke7nTGbs4t7YDnCM4twP0RfjRjE12M-c5hJpSFoZkrtCY3ckABSrmg04B59C55oJuvx4S4xw5MyznazMKUN5DLYJJwjJrhGYllSCDNx6XXmU5fwzN1Tvs9BpNxd-v0YJtc2yDUwGXkLTxPp9vwx6RQhab0NCrpYwkKkj5GcO3LVRN2CzC30fvfhAhTiZyhI0RblajT4hp6TBGCNdqtkWpQLK4bZzI-8w9WYOQuk1KPcfDHY6nQDYstPYZ3RvUxEPgzJzRvdqRsPEFrfVFU0cA60H1pFJbe7IuXYG1m6b8PRFQXps0S1DPEPghqCvlgRK0yL5SZ2Grn9ErrGyLXXcqkWRvnNbeGEISenEKp8jFofAGOTEo1SegHf-R8CFmqBZRTbx\"><strong>Br\u00e9sil<\/strong> :Sciences-Po Paris, Lula s&rsquo;offre un bain de foule sentimental (et \u00e9lectoral)<\/a> (Lib\u00e9ration)<\/p>\n\n\n\n<p><a href=\"https:\/\/www.humanite.fr\/guadeloupe-vers-un-chaos-social-et-sanitaire-total-727696#xtor=RSS-1\">Guadeloupe. \u00ab Vers un chaos social et sanitaire total \u00bb<\/a> (L\u2019Humanit\u00e9)&nbsp;<\/p>\n\n\n\n<p><span style=\"color:#a30500\" class=\"has-inline-color\"><strong>17 novembre en continu<\/strong><\/span><\/p>\n\n\n\n<p><a href=\"https:\/\/www.revolutionpermanente.fr\/Elections-argentines-la-droite-en-tete-l-extreme-gauche-en-3eme-position-avec-1-27-million-de-voix\">Elections <strong>argentines<\/strong>&nbsp;: droite en t\u00eate, l\u2019extr\u00eame gauche en 3\u00e8me position avec 1,27 million de voix<\/a> (RP)<\/p>\n\n\n\n<p><a href=\"https:\/\/www.infogm.org\/7290-bresil-autorisatin-importation-farine-ble-ogm\">Le <strong>Br\u00e9sil<\/strong> autorise l&rsquo;importation de farine de bl\u00e9 OGM<\/a> (Inf\u2019OGM)&nbsp;<\/p>\n\n\n\n<p><a href=\"https:\/\/www.autresbresils.net\/Petit-fils-d-un-agriculteur-qui-a-combattu-le-nazisme-diplomate-noir-il-raconte\">Petit-fils d&rsquo;un agriculteur qui a combattu le nazisme, diplomate noir, il raconte la r\u00e9alit\u00e9 du <strong>Br\u00e9sil<\/strong><\/a> (CIDP)<\/p>\n\n\n\n<p><a href=\"https:\/\/www.autresbresils.net\/Episode-1-Jair-Bolsonaro-une-gestion-criminelle-du-covid\">\u00c9pisode 1&nbsp;: Jair Bolsonaro&nbsp;: une gestion criminelle du covid<\/a> (France Culture &#8211; Autres Br\u00e9sils)<\/p>\n\n\n\n<pre class=\"wp-block-preformatted has-small-font-size\">\u00ab&nbsp;Il n\u2019y en a que pour la pand\u00e9mie, il faut en finir avec \u00e7a. Je regrette les morts, je les regrette. Nous allons tous mourir un jour, tout le monde ici va mourir. \u00c7a ne sert \u00e0 rien de fuir la r\u00e9alit\u00e9. Il faut arr\u00eater d\u2019\u00eatre un pays de p\u00e9d\u00e9s. Nous devons nous battre la t\u00eate haute, lutter&nbsp;\u00bb (11\/11\/2020, Le Monde) -Jair Bolsonaro<\/pre>\n\n\n\n<p><a href=\"https:\/\/blogs.mediapart.fr\/jean-marc-b\/blog\/161121\/comment-democratiser-cuba-par-sam-farber\"><strong>Comment d\u00e9mocratiser Cuba&nbsp;? Par Sam&nbsp;Farber&nbsp;<\/strong><\/a><\/p>\n\n\n\n<figure class=\"wp-block-image is-resized is-style-default\"><img data-recalc-dims=\"1\" loading=\"lazy\" decoding=\"async\" src=\"https:\/\/aplutsoc.files.wordpress.com\/2021\/11\/cuba-demo-11-juillet-2021.jpg?w=757&#038;resize=449%2C298\" alt=\"\" width=\"449\" height=\"298\"\/><\/figure>\n\n\n\n<p><a href=\"https:\/\/www.boursorama.com\/actualite-economique\/actualites\/cuba-la-police-dejoue-le-projet-de-manifestation-de-la-dissidence-b167dccf4ab851eef93384da6b88eee2\"><strong>Cuba<\/strong>: la police d\u00e9joue le projet de manifestation de la dissidence<\/a> (AFP)<\/p>\n\n\n\n<p><a href=\"https:\/\/www.boursorama.com\/actualite-economique\/actualites\/l-equateur-menace-par-les-mafias-operation-massive-a-la-prison-de-guayaquil-bca404ee15fdaec0722180f823eadfc1\"><strong>L&rsquo;\u00c9quateur<\/strong> \u00ab\u00a0menac\u00e9\u00a0\u00bb par les mafias, op\u00e9ration \u00ab\u00a0massive\u00a0\u00bb \u00e0 la prison de Guayaquil<\/a> (AFP)<\/p>\n\n\n\n<p><span style=\"color:#a30500\" class=\"has-inline-color\"><strong>16 novembre en continu<\/strong><\/span><\/p>\n\n\n\n<p><strong><a href=\"https:\/\/blogs.mediapart.fr\/jean-marc-b\/blog\/151121\/amerique-latine-la-lutte-pour-le-droit-lavortement\">Am\u00e9rique Latine: la lutte pour le droit \u00e0 l&rsquo;avortement <\/a>(vid\u00e9o Capire)<\/strong><\/p>\n\n\n\n<p><a href=\"https:\/\/www.boursorama.com\/actualite-economique\/actualites\/bresil-lula-pret-a-etre-candidat-a-la-presidentielle-e6a1c15e1a2f53ac46eaa34186419d5c\"><strong>Br\u00e9sil<\/strong>: Lula \u00ab\u00a0pr\u00eat\u00a0\u00bb \u00e0 \u00eatre candidat \u00e0 la pr\u00e9sidentielle<\/a> (AFP)<\/p>\n\n\n\n<p><a href=\"https:\/\/www.boursorama.com\/actualite-economique\/actualites\/cuba-des-opposants-arretes-avant-la-manifestation-prevue-par-la-dissidence-b167dccf4ab851eef93384da6b88eee2\"><strong>Cuba<\/strong>: des opposants arr\u00eat\u00e9s avant la manifestation pr\u00e9vue par la dissidence<\/a> (AFP)<\/p>\n\n\n\n<p><a href=\"https:\/\/www.boursorama.com\/videos\/actualites\/a-cuba-l-opposition-veut-manifester-malgre-l-interdiction-7ffae7236f50d57de0119f1c1171abfc\">A <strong>Cuba<\/strong>, l&rsquo;opposition veut manifester malgr\u00e9 l&rsquo;interdiction<\/a> (AFP Vid\u00e9o)<\/p>\n\n\n\n<p>Analyse<\/p>\n\n\n\n<p><strong><a href=\"https:\/\/www.franceameriquelatine.org\/presidentielle-chili-enjeux-scandale-pandora-papers-franck-gaudichaud-lissel-quiroz-christophe-ventura-chantal-lorho-rfi\/\">Pr\u00e9sidentielle au Chili: quels enjeux sur fond de scandale Pandora Papers? ( <\/a>RFI<a href=\"https:\/\/www.franceameriquelatine.org\/presidentielle-chili-enjeux-scandale-pandora-papers-franck-gaudichaud-lissel-quiroz-christophe-ventura-chantal-lorho-rfi\/\">)<\/a><\/strong><\/p>\n\n\n\n<p><a href=\"https:\/\/www.franceameriquelatine.org\/chili-tourmente-monstres-passe-rosa-moussaoui-humanite\/\">Le <strong>Chili<\/strong> tourment\u00e9 par les monstres de son pass\u00e9 (<\/a>L\u2019Humanit\u00e9<a href=\"https:\/\/www.franceameriquelatine.org\/chili-tourmente-monstres-passe-rosa-moussaoui-humanite\/\">)<\/a><\/p>\n\n\n\n<p><a href=\"http:\/\/www.alterpresse.org\/spip.php?article27663\"><strong>Ha\u00efti<\/strong>&nbsp;: Le moment politique d\u2019une guerre \u00e9conomique<\/a> &#8211; Salvatory R. St Victor<\/p>\n\n\n\n<p><span style=\"color:#a30500\" class=\"has-inline-color\"><strong>15 novembre en continu<\/strong><\/span><\/p>\n\n\n\n<p><a href=\"https:\/\/aplutsoc.org\/2021\/11\/14\/communique-du-cspn-nicaragua-des-elections-depourvues-de-toute-legitimite\/\"><strong>Nicaragua<\/strong> &#8211; Communiqu\u00e9 du CSPN : des \u00e9lections d\u00e9pourvues de toute l\u00e9gitimit\u00e9<\/a>&nbsp;(Aplutsoc)<\/p>\n\n\n\n<p><a href=\"https:\/\/www.rfi.fr\/fr\/am%C3%A9riques\/20211112-%C3%A0-la-une-bras-de-fer-autour-du-nicaragua-%C3%A0-l-oea\"><strong>Nicaragua<\/strong>: bras de fer autour du Nicaragua \u00e0 l\u2019OEA<\/a>&nbsp;(RFI)<\/p>\n\n\n\n<p><a href=\"http:\/\/alencontre.org\/ameriques\/amelat\/nicaragua\/nicaragua-les-votes-nuls-confirment-la-farce-de-la-reelection-de-daniel-ortega.html\"><strong>Nicaragua<\/strong>. Les votes nuls confirment la farce de la r\u00e9\u00e9lection de Daniel Ortega&nbsp;<\/a> (El Faro)<\/p>\n\n\n\n<p><a href=\"https:\/\/francais.rt.com\/international\/91187-mexique-34-blesses-manifestation-avortement-video\"><strong>Mexique<\/strong> : au moins 34 bless\u00e9s lors d\u2019un important rassemblement en faveur de l\u2019avortement<\/a>&nbsp;(RT France)<\/p>\n\n\n\n<p><strong><a href=\"https:\/\/la1ere.francetvinfo.fr\/guadeloupe\/le-lkp-annonce-une-mobilisation-generale-a-compter-du-15-novembre-1153093.html?fbclid=IwAR3J0KArqtFM4HaBN7fAt2R51v2MpOkVpMmeGav1AMvll96itN9dvwNsjA0\">Gouadeloupe<\/a>&#8211; <a href=\"https:\/\/la1ere.francetvinfo.fr\/guadeloupe\/le-lkp-annonce-une-mobilisation-generale-a-compter-du-15-novembre-1153093.html?fbclid=IwAR3J0KArqtFM4HaBN7fAt2R51v2MpOkVpMmeGav1AMvll96itN9dvwNsjA0\">Le LKP annonce une mobilisation g\u00e9n\u00e9rale, \u00e0 compter du 15 novembre <\/a>(Guadeloupe la 1\u00e8re)<\/strong><\/p>\n\n\n\n<figure class=\"wp-block-image is-resized is-style-default\"><img data-recalc-dims=\"1\" loading=\"lazy\" decoding=\"async\" src=\"https:\/\/i0.wp.com\/la1ere.francetvinfo.fr\/image\/WDgQfClgyjyqpx_cj-_uCAhB25U\/600x400\/outremer\/2021\/11\/12\/618eb45facf5a_pqec7477-mov-frame-17-1826289.jpg?resize=527%2C351&#038;ssl=1\" alt=\"Conf\u00e9rence de presse du LKP - 12\/11\/2021\" width=\"527\" height=\"351\"\/><\/figure>\n\n\n\n<p><span style=\"color:#a30500\" class=\"has-inline-color\"><strong>14 novembre en continu<\/strong><\/span><\/p>\n\n\n\n<p><a href=\"http:\/\/frances.prensa-latina.cu\/index.php?option=com_content&amp;view=article&amp;id=887776:le-calme-a-quelques-heures-des-elections-en-argentine-se-veut-tendu&amp;opcion=pl-ver-noticia&amp;catid=99&amp;Itemid=101\">Le calme \u00e0 quelques heures des \u00e9lections en <strong>Argentine<\/strong> se veut tendu<\/a> (Prensa Latina)<\/p>\n\n\n\n<p><a href=\"http:\/\/frances.prensa-latina.cu\/index.php?option=com_content&amp;view=article&amp;id=887781:la-chine-soutient-le-droit-de-cuba-a-defendre-sa-souverainete&amp;opcion=pl-ver-noticia&amp;catid=29&amp;Itemid=101\">La Chine soutient le droit de <strong>Cuba<\/strong> \u00e0 d\u00e9fendre sa souverainet\u00e9<\/a> (Prensa Latina)<\/p>\n\n\n\n<p><a href=\"https:\/\/lenouvelliste.com\/alaminute\/20329\/carburant-les-activites-dapprovisionnement-ont-repris-au-terminal-de-varreux-informe-lanadipp\"><strong>Haiti<\/strong>&#8211; Carburant : activit\u00e9s d\u2019approvisionnement ont repris au terminal de Varreux<\/a> (Nouvelliste)<\/p>\n\n\n\n<p><a href=\"https:\/\/lenouvelliste.com\/alaminute\/20322\/le-garr-denonce-une-chasse-aux-migrantes-haitiennes-en-republique-dominicaine\">Le GARR d\u00e9nonce une chasse aux migrantes <strong>ha\u00eftiennes<\/strong> en R\u00e9publique dominicaine<\/a> (Nouvelliste)<\/p>\n\n\n\n<p><a href=\"https:\/\/lenouvelliste.com\/alaminute\/20321\/les-etats-unis-encouragent-les-citoyens-americains-a-planifier-immediatement-leur-depart-dhaiti\">Les Etats-Unis encouragent les citoyens am\u00e9ricains \u00e0 planifier imm\u00e9diatement leur d\u00e9part <strong>d\u2019Ha\u00efti<\/strong><\/a> (Nouvelliste)<\/p>\n\n\n\n<p><span style=\"color:#a30500\" class=\"has-inline-color\"><strong>13 novembre en continu<\/strong><\/span><\/p>\n\n\n\n<p><a href=\"https:\/\/www.revolutionpermanente.fr\/Elections-en-Argentine-declaration-internationale-de-soutien-au-Front-de-Gauche-et-des-Travailleurs\"><strong>Argentine<\/strong>&nbsp;: d\u00e9claration internationale de soutien au Front de Gauche et des Travailleurs \u2013 Unit\u00e9<\/a> (RP)<\/p>\n\n\n\n<p><strong><a href=\"https:\/\/blogs.mediapart.fr\/jean-marc-b\/blog\/121121\/30-000-t-de-vetements-terminent-dans-cette-decharge-geante-au-chili\">30 000 T de v\u00eatements terminent dans cette d\u00e9charge g\u00e9ante au Chili <\/a>-vid\u00e9o<\/strong><\/p>\n\n\n\n<p><a href=\"https:\/\/www.revolutionpermanente.fr\/Equateur-nouvelles-manifestations-contre-la-hausse-des-carburants-et-le-diktat-du-FMI\"><strong>\u00c9quateur<\/strong>&nbsp;: nouvelles manifestations contre la hausse des carburants et le diktat du FMI<\/a> (RP)<\/p>\n\n\n\n<figure class=\"wp-block-image is-resized is-style-default\"><img loading=\"lazy\" decoding=\"async\" src=\"https:\/\/pbs.twimg.com\/media\/FCqOtUGXoAM6v_8?format=jpg&amp;name=medium\" alt=\"Image\" width=\"484\" height=\"272\"\/><\/figure>\n\n\n\n<p><a href=\"https:\/\/www.boursorama.com\/boursoramag\/actualites\/au-perou-decouverte-d-une-fosse-commune-de-l-epoque-precolombienne-bfbd323d0f5aa9eb143b4cefc054f1b8\">Au <strong>P\u00e9rou<\/strong>, d\u00e9couverte d&rsquo;une fosse commune de l&rsquo;\u00e9poque pr\u00e9colombienne<\/a> (AFP)<\/p>\n\n\n\n<p>Analyse<\/p>\n\n\n\n<p><a href=\"https:\/\/www.boursorama.com\/actualite-economique\/actualites\/a-cause-du-rechauffement-climatique-des-oiseaux-d-amazonie-rapetissent-09d612cb85342ae65d38a18675cc1b8c\">A cause du r\u00e9chauffement climatique, des oiseaux <strong>d&rsquo;Amazonie<\/strong> rapetissent<\/a> (AFP)<\/p>\n\n\n\n<p><span style=\"color:#a30500\" class=\"has-inline-color\"><strong>12 novembre en continu<\/strong><\/span><\/p>\n\n\n\n<p><a href=\"https:\/\/lemondeencommun.info\/lula-a-paris-pour-recevoir-le-prix-du-courage-politique-2021\/\"><strong>Br\u00e9sil<\/strong>&#8211; Lula \u00e0 Paris pour recevoir le \u00ab&nbsp;Prix du courage politique 2021&nbsp;\u00bb<\/a> (MC)<\/p>\n\n\n\n<p><a href=\"https:\/\/www.boursorama.com\/actualite-economique\/actualites\/txai-surui-la-jeune-indigene-bresilienne-qui-poursuit-le-combat-de-ses-parents-c415499fbe2b160272d9ff73d1bdb7ec\">Txai Surui, la jeune indig\u00e8ne <strong>br\u00e9silienne<\/strong> qui poursuit le combat de ses parents<\/a> (AFP)<\/p>\n\n\n\n<figure class=\"wp-block-image size-full is-resized is-style-default\"><img data-recalc-dims=\"1\" loading=\"lazy\" decoding=\"async\" src=\"https:\/\/i0.wp.com\/www.rdpemancipation.org\/wp-content\/uploads\/2021\/11\/b2b9be5871daa39dee587864d47c0848-760x505-1.jpeg?resize=469%2C312&#038;ssl=1\" alt=\"\" class=\"wp-image-57151\" width=\"469\" height=\"312\" srcset=\"https:\/\/i0.wp.com\/www.rdpemancipation.org\/wp-content\/uploads\/2021\/11\/b2b9be5871daa39dee587864d47c0848-760x505-1.jpeg?w=760&amp;ssl=1 760w, https:\/\/i0.wp.com\/www.rdpemancipation.org\/wp-content\/uploads\/2021\/11\/b2b9be5871daa39dee587864d47c0848-760x505-1.jpeg?resize=300%2C199&amp;ssl=1 300w\" sizes=\"auto, (max-width: 469px) 100vw, 469px\" \/><\/figure>\n\n\n\n<p><a href=\"https:\/\/lemondeencommun.info\/jean-luc-melenchon-soutient-le-candidat-gustavo-petro\/\"><strong>Colombie<\/strong>&#8211; Jean-Luc M\u00e9lenchon soutient le candidat Gustavo Petro<\/a> (MC)<\/p>\n\n\n\n<p><a href=\"http:\/\/frances.prensa-latina.cu\/index.php?option=com_content&amp;view=article&amp;id=887748:cuba-rapporte-413-nouveaux-cas-et-maintient-le-controle-de-covid-19&amp;opcion=pl-ver-noticia&amp;catid=193&amp;Itemid=101\"><strong>Cuba<\/strong> rapporte 413 nouveaux cas et maintient le contr\u00f4le de Covid-19<\/a> (Prensa Latina)<\/p>\n\n\n\n<p><strong><a href=\"https:\/\/lenouvelliste.com\/alaminute\/20321\/les-etats-unis-encouragent-les-citoyens-americains-a-planifier-immediatement-leur-depart-dhaiti\">Etats-Unis encouragent ses citoyens \u00e0 planifier imm\u00e9diatement leur d\u00e9part d\u2019Ha\u00efti<\/a> (Le Nouvelliste)<\/strong><\/p>\n\n\n\n<p><a href=\"https:\/\/lenouvelliste.com\/alaminute\/20322\/le-garr-denonce-une-chasse-aux-migrantes-haitiennes-en-republique-dominicaine\">Le GARR d\u00e9nonce une chasse aux migrantes <strong>ha\u00eftiennes<\/strong> en R\u00e9publique dominicaine<\/a> (Le Nouvelliste)<\/p>\n\n\n\n<p>Analyse<\/p>\n\n\n\n<p><a href=\"https:\/\/www.cahiersdusocialisme.org\/recension-de-louvrage-dalain-saint-victor-de-lexil-a-la-communaute-une-histoire-de-limmigration-haitienne-a-montreal-1960-1990-editions-dami-2020\/\">Recension : \u00ab\u00a0De l\u2019exil \u00e0 la communaut\u00e9, une histoire de l\u2019immigration <strong>ha\u00eftienne<\/strong> \u00e0 Montr\u00e9al, 1960-1990<\/a> (NCS)<\/p>\n\n\n\n<p><a href=\"https:\/\/blogs.mediapart.fr\/jean-marc-b\/blog\/101121\/chili-defis-populaires-un-apres-le-debut-du-processus-constituant\"><strong>Chili<\/strong> : d\u00e9fis populaires un an apr\u00e8s le d\u00e9but du processus constituant <\/a>(Alencontre)<\/p>\n\n\n\n<p><span style=\"color:#a30500\" class=\"has-inline-color\"><strong>11 novembre en continu<\/strong><\/span><\/p>\n\n\n\n<p><strong>Derni\u00e8re:  <a href=\"https:\/\/www.rfi.fr\/fr\/am%C3%A9riques\/20211111-bolivie-les-blocages-s-intensifient-suite-%C3%A0-une-loi-visant-%C3%A0-r%C3%A9guler-le-commerce-informel\">Bolivie: les blocages s&rsquo;intensifient suite \u00e0 une loi visant \u00e0 r\u00e9guler le commerce informel<\/a> -RFI<\/strong><\/p>\n\n\n\n<p><a href=\"https:\/\/www.boursorama.com\/actualite-economique\/actualites\/la-nouvelle-ruee-vers-l-or-accelere-la-destruction-de-l-amazonie-4b30bfcfdfc25fbd3dd8ec1817833fa4\">La nouvelle ru\u00e9e vers l&rsquo;or acc\u00e9l\u00e8re la destruction de <strong>l&rsquo;Amazonie<\/strong><\/a> (AFP)<\/p>\n\n\n\n<p><a href=\"https:\/\/www.franceameriquelatine.org\/chili-desert-atacama-gigantesques-decharges-vetements\/\"><strong>Chili<\/strong> : le d\u00e9sert d\u2019Atacama se transforme en gigantesques d\u00e9charges de v\u00eatements (Le Parisien \/ AFP)<\/a><\/p>\n\n\n\n<p><strong><a href=\"https:\/\/www.franceameriquelatine.org\/chili-deputes-procedure-destitution-pinera-france-24-afp\/\">Chili: les d\u00e9put\u00e9s ouvrent la voie \u00e0 une proc\u00e9dure de destitution du pr\u00e9sident Pi\u00f1era (<\/a>France 24 \/ AFP<a href=\"https:\/\/www.franceameriquelatine.org\/chili-deputes-procedure-destitution-pinera-france-24-afp\/\">)<\/a><\/strong><\/p>\n\n\n\n<p><a href=\"https:\/\/www.humanite.fr\/adresse-la-communaute-internationale-propos-du-blocus-contre-cuba-727266#xtor=RSS-1\">Adresse \u00e0 la communaut\u00e9 internationale \u00e0 propos du blocus contre <strong>Cuba<\/strong><\/a> (L\u2019Humanit\u00e9)<\/p>\n\n\n\n<p>Analyse<\/p>\n\n\n\n<p><a href=\"https:\/\/blogs.mediapart.fr\/jean-marc-b\/blog\/101121\/chili-defis-populaires-un-apres-le-debut-du-processus-constituant\"><strong>Chili<\/strong> : d\u00e9fis populaires un an apr\u00e8s le d\u00e9but du processus constituant <\/a>(Contretemps)<\/p>\n\n\n\n<p><a href=\"http:\/\/frances.prensa-latina.cu\/index.php?option=com_content&amp;view=article&amp;id=887759:le-gouvernement-des-etats-unis-na-pas-aide-cuba-a-lutter-contre-la-covid-19&amp;opcion=pl-ver-noticia&amp;catid=39&amp;Itemid=101\">Le gouvernement des Etats-Unis n&rsquo;a pas aid\u00e9 <strong>Cuba<\/strong> \u00e0 lutter contre la Covid-19 <\/a>(Prensa Latina)<\/p>\n\n\n\n<p><a href=\"https:\/\/theconversation.com\/guyane-dialoguer-en-remontant-le-maroni-168332\"><strong>Guyane<\/strong> : dialoguer en remontant le Maroni<\/a> (The Conversation)<\/p>\n\n\n\n<p><span style=\"color:#a30500\" class=\"has-inline-color\"><strong>10 novembre en continu<\/strong><\/span><\/p>\n\n\n\n<p><a href=\"https:\/\/www.infogm.org\/7288-que-va-devenir-ble-ogm-cultive-argentine\">Que va devenir le bl\u00e9 OGM cultiv\u00e9 en <strong>Argentine<\/strong> ?<\/a> (Inf\u2019OGM)<\/p>\n\n\n\n<p><a href=\"https:\/\/www.boursorama.com\/bourse\/actualites\/bresil-bolsonaro-va-rejoindre-le-parti-liberal-en-prevision-de-la-presidentielle-09a59628645833f3836d63246f4c6809\"><strong>Br\u00e9sil<\/strong>-Bolsonaro va rejoindre le Parti lib\u00e9ral en pr\u00e9vision de la pr\u00e9sidentielle<\/a> (Reuters)<\/p>\n\n\n\n<p><a href=\"https:\/\/www.franceameriquelatine.org\/chili-non-militarisation-wallmapu-communique-anciens-prisonniers-politiques-chiliens-france\/\"><strong>Chili<\/strong>: non \u00e0 la militarisation du Wallmapu (communiqu\u00e9 de Association anciens prisonniers politiques chiliens)<\/a><\/p>\n\n\n\n<p><strong><a href=\"https:\/\/blogs.mediapart.fr\/jean-marc-b\/blog\/091121\/haiti-la-papda-denonce-la-menace-dune-intervention-militaire\">Ha\u00efti: la Papda d\u00e9nonce la menace d&rsquo;une intervention militaire <\/a>(Alterpresse)<\/strong><\/p>\n\n\n\n<p><a href=\"https:\/\/www.franceameriquelatine.org\/nicaragua-daniel-ortega-reelu-quatrieme-mandat-revue-de-presse\/\"><strong>Nicaragua<\/strong> : Daniel Ortega r\u00e9\u00e9lu pour un quatri\u00e8me mandat (revue de presse)<\/a><\/p>\n\n\n\n<p><a href=\"http:\/\/frances.prensa-latina.cu\/index.php?option=com_content&amp;view=article&amp;id=887727:les-enfants-venezueliens-seront-vaccines-avec-le-vaccin-abdala-de-cuba&amp;opcion=pl-ver-noticia&amp;catid=193&amp;Itemid=101\">Les enfants <strong>v\u00e9n\u00e9zu\u00e9liens<\/strong> seront vaccin\u00e9s avec le vaccin cubain Abdala<\/a> (Prensa Latina)<\/p>\n\n\n\n<p>Analyse<\/p>\n\n\n\n<p><a href=\"https:\/\/www.boursorama.com\/actualite-economique\/actualites\/nous-ne-pouvons-pas-vivre-dans-un-monde-sans-amazonie-dit-une-scientifique-171c1d424efe3cba26b78c6247b665ff\">\u00ab\u00a0Nous ne pouvons pas vivre dans un monde sans <strong>Amazonie<\/strong>\u00ab\u00a0, dit une scientifique<\/a> (AFP)<\/p>\n\n\n\n<p><\/p>\n\n\n\n<p><span style=\"color:#a31700\" class=\"has-inline-color\"><strong>9 novembre en continu<\/strong><\/span><\/p>\n\n\n\n<p><a href=\"https:\/\/europe-solidaire.us8.list-manage.com\/track\/click?u=5c732dd5ee65845cf20fd724a&amp;id=7fd8b9873d&amp;e=5df9c98670\">Au <strong>Br\u00e9sil<\/strong>, la tr\u00e8s difficile sortie en salle d&rsquo;un film sur un opposant \u00e0 la dictature<\/a> (Courrier International)<\/p>\n\n\n\n<p><a href=\"https:\/\/www.autresbresils.net\/Davi-Kopenawa-le-Yanomami-qui-accuse\">Autres <strong>Br\u00e9sils<\/strong> : Davi Kopenawa, le Yanomami qui accuse<\/a> (Centre International de Culture Populaire)<\/p>\n\n\n\n<figure class=\"wp-block-image is-resized is-style-default\"><img data-recalc-dims=\"1\" loading=\"lazy\" decoding=\"async\" src=\"https:\/\/i0.wp.com\/www.autresbresils.net\/IMG\/arton4853.jpg?resize=445%2C296&#038;ssl=1\" alt=\"\" width=\"445\" height=\"296\"\/><\/figure>\n\n\n\n<p><a href=\"https:\/\/www.boursorama.com\/videos\/actualites\/chili-dans-le-desert-d-atacama-le-cimetiere-toxique-de-la-mode-textile-jetable-58c20f21642183f3cde71ef36e1fedf0\"><strong>Chili<\/strong>: dans le d\u00e9sert d&rsquo;Atacama, le cimeti\u00e8re toxique de la mode textile jetable<\/a> (vid\u00e9o AFP)<\/p>\n\n\n\n<p><a href=\"https:\/\/www.boursorama.com\/actualite-economique\/actualites\/reelu-ortega-affronte-un-deluge-de-critiques-et-des-menaces-de-sanctions-1c22ed5d004ec8c904f0ff0635f1332e\"><strong>Nicaragua<\/strong>: R\u00e9\u00e9lu, Ortega affronte un d\u00e9luge de critiques et des menaces de sanctions<\/a> (AFP)<\/p>\n\n\n\n<p><a href=\"https:\/\/www.fidh.org\/fr\/regions\/ameriques\/venezuela\/la-cour-penale-internationale-ouvre-une-enquete-sur-le-venezuela\">La Cour p\u00e9nale internationale ouvre une enqu\u00eate sur le <strong>Venezuela<\/strong>, offrant de l&rsquo;espoir aux victimes<\/a> (FIDH)<\/p>\n\n\n\n<p><strong>Analyse<\/strong><\/p>\n\n\n\n<p><a href=\"http:\/\/1ykp.mj.am\/lnk\/AMYAAGmDVqEAAAAAAAAAADykS1wAAKV3JS4AAAAAAAIK7ABhhohPAhS7uJn_Rgqn4Sg61u-x0AAB9NM\/5\/1NYVaZxgY3GzhMCW7qtDXQ\/aHR0cHM6Ly93d3cuYWx0ZXJwcmVzc2Uub3JnL3NwaXAucGhwP2FydGljbGUyNzYxMA\"><strong>Ha\u00efti<\/strong>: Nouveau chef la police, Frantz Elb\u00e9, serait pr\u00e9dateur de droits humains<\/a> (Alterpresse)<\/p>\n\n\n\n<p><span style=\"color:#a31700\" class=\"has-inline-color\"><strong>8 novembre en continu<\/strong><\/span><\/p>\n\n\n\n<p><a href=\"https:\/\/www.humanite.fr\/bresil-marcus-lacerda-victime-de-lobscurantisme-de-bolsonaro-726793#xtor=RSS-1\"><strong>Br\u00e9sil<\/strong>. Marcus Lacerda Victime de l\u2019obscurantisme de Bolsonaro<\/a> (L\u2019Humanit\u00e9)&nbsp;<\/p>\n\n\n\n<p><a href=\"https:\/\/www.lapresse.ca\/international\/amerique-latine\/2021-11-06\/bresil\/21-scientifiques-refusent-des-medailles-pour-un-differend-avec-bolsonaro.php\" target=\"_blank\" rel=\"noreferrer noopener\"><strong>Br\u00e9sil<\/strong>: 21 scientifiques refusent des m\u00e9dailles pour un diff\u00e9rend avec Bolsonaro<\/a>&nbsp;(La Presse)<\/p>\n\n\n\n<p><a href=\"https:\/\/www.liberation.fr\/international\/amerique\/au-perou-la-bamboche-dhalloween-coute-son-poste-au-ministre-de-linterieur-20211104_PYI7UXRZARBN5NARL6HONQ56N4\/\" target=\"_blank\" rel=\"noreferrer noopener\"><strong>P\u00e9rou<\/strong>, la bamboche d\u2019Halloween co\u00fbte son poste au ministre de l\u2019Int\u00e9rieur<\/a>&nbsp;&#8211; Lib\u00e9ration&nbsp;<\/p>\n\n\n\n<p><a href=\"https:\/\/www.boursorama.com\/actualite-economique\/actualites\/nicaragua-ortega-vainqueur-avant-meme-le-depouillement-du-scrutin-27b12b0deef6d5de4e8fddbeb9175736\"><strong>Nicaragua<\/strong> : Ortega, vainqueur avant m\u00eame le d\u00e9pouillement du scrutin<\/a> (AFP)<\/p>\n\n\n\n<p><strong>Analyse<\/strong><\/p>\n\n\n\n<p><a href=\"https:\/\/lvsl.fr\/les-multiples-costumes-de-daniel-ortega-un-caudillo-pas-pret-a-quitter-la-scene\/\"><strong><a href=\"https:\/\/lvsl.fr\/les-multiples-costumes-de-daniel-ortega-un-caudillo-pas-pret-a-quitter-la-scene\/\">Les multiples costumes de Daniel Ortega, un caudillo pas pr\u00eat \u00e0 quitter la sc\u00e8ne<\/a> (Le Vent Se L\u00e8ve)<\/strong><\/a><\/p>\n\n\n\n<p><span style=\"color:#a31700\" class=\"has-inline-color\"><strong>7 novembre en continu<\/strong><\/span><\/p>\n\n\n\n<p><a href=\"https:\/\/www.boursorama.com\/actualite-economique\/actualites\/nicaragua-ses-adversaires-en-detention-daniel-ortega-assure-d-etre-reelu-2f00b468aa71cfefeb2fbde865688d9a\"><strong>Nicaragua<\/strong>: ses adversaires en d\u00e9tention, Daniel Ortega assur\u00e9 d&rsquo;\u00eatre r\u00e9\u00e9lu<\/a> (AFP)<\/p>\n\n\n\n<figure class=\"wp-block-image size-full is-resized is-style-default\"><img data-recalc-dims=\"1\" loading=\"lazy\" decoding=\"async\" src=\"https:\/\/i0.wp.com\/www.rdpemancipation.org\/wp-content\/uploads\/2021\/11\/be58fb8b574aff8c640c9bd129fc5fba-760x502-1.jpeg?resize=442%2C292&#038;ssl=1\" alt=\"\" class=\"wp-image-56332\" width=\"442\" height=\"292\" srcset=\"https:\/\/i0.wp.com\/www.rdpemancipation.org\/wp-content\/uploads\/2021\/11\/be58fb8b574aff8c640c9bd129fc5fba-760x502-1.jpeg?w=760&amp;ssl=1 760w, https:\/\/i0.wp.com\/www.rdpemancipation.org\/wp-content\/uploads\/2021\/11\/be58fb8b574aff8c640c9bd129fc5fba-760x502-1.jpeg?resize=300%2C198&amp;ssl=1 300w\" sizes=\"auto, (max-width: 442px) 100vw, 442px\" \/><\/figure>\n\n\n\n<p><a href=\"http:\/\/frances.prensa-latina.cu\/index.php?option=com_content&amp;view=article&amp;id=887701:le-gouvernement-de-facto-a-prive-57-millions-de-boliviens-dinformation&amp;opcion=pl-ver-noticia&amp;catid=39&amp;Itemid=101\">Le gouvernement de facto a priv\u00e9 5,7 millions de <strong>Boliviens<\/strong> d\u2019information<\/a> (Prensa Latina)<\/p>\n\n\n\n<p><strong>Analyse<\/strong><\/p>\n\n\n\n<p><a href=\"http:\/\/frances.prensa-latina.cu\/index.php?option=com_content&amp;view=article&amp;id=887706:des-parents-haitiens-investissent-220-millions-de-dollars-en-republique-dominicaine&amp;opcion=pl-ver-noticia&amp;catid=99&amp;Itemid=101\">Des parents <strong>ha\u00eftiens<\/strong> investissent 220 millions de dollars en R\u00e9publique Dominicaine<\/a> (Prensa Latina)<\/p>\n\n\n\n<p><a href=\"https:\/\/www.humanite.fr\/amerique-latine-washington-continue-dasphyxier-cuba-726323#xtor=RSS-1\">Am\u00e9rique latine. \u00ab Washington continue d\u2019asphyxier Cuba \u00bb<\/a> (L\u2019Humanit\u00e9)<\/p>\n\n\n\n<p><a href=\"http:\/\/www.alterpresse.org\/spip.php?article27643\">Environnement&nbsp;: COP26 \u00e0 Glasgow et chaos climatique en Ha\u00efti<\/a> (Alterpress)<\/p>\n\n\n\n<p><span style=\"color:#a31700\" class=\"has-inline-color\"><strong>6 novembre en continu<\/strong><\/span><\/p>\n\n\n\n<p><a href=\"http:\/\/alencontre.org\/ameriques\/amelat\/bresil\/cop26-il-ny-a-pas-de-solution-a-la-crise-climatique-sans-nous-affirme-la-delegation-des-peuples-indigenes-du-bresil.html\">D\u00e9l\u00e9gation des peuples indig\u00e8nes du <strong>Br\u00e9sil<\/strong>: \u00ab\u00a0pas de solution \u00e0 crise climatique sans nous<\/a>\u00ab\u00a0(Esquerda Online)<\/p>\n\n\n\n<p><a href=\"http:\/\/alencontre.org\/ameriques\/amelat\/chili\/chili-deux-ans-apres-le-debut-de-la-rebellion-du-18-octobre-2019-la-mobilisation-de-lextreme-droite-iii.html\"><strong>Chili<\/strong>. Deux ans apr\u00e8s d\u00e9but r\u00e9bellion octobre 2019,  la mobilisation de l\u2019extr\u00eame-droite (III)&nbsp;<\/a> -Patricio Paris<\/p>\n\n\n\n<p><strong><a href=\"http:\/\/frances.prensa-latina.cu\/index.php?option=com_content&amp;view=article&amp;id=887708:des-militaires-chiliens-condamnes-pour-lassassinat-de-collaborateurs-dallende&amp;opcion=pl-ver-noticia&amp;catid=185&amp;Itemid=101\">Des militaires chiliens condamn\u00e9s pour l&rsquo;assassinat de collaborateurs d\u2019Allende<\/a> (Prensa Latina)<\/strong><\/p>\n\n\n\n<p><a href=\"http:\/\/alencontre.org\/ameriques\/amelat\/bresil\/bresil-la-hausse-massive-des-prix-des-carburants-le-mouvement-des-camioneurs-et-la-dynamique-de-privatisation-de-petrobras.html\"><strong>Br\u00e9sil<\/strong>: hausse prix carburants, mouvement camioneurs, dynamique privatisation Petrobras <\/a>(Esquerda Online)<\/p>\n\n\n\n<p><a href=\"https:\/\/www.boursorama.com\/actualite-economique\/actualites\/bresil-7-3-milliards-d-euros-engranges-pour-la-5g-db2ec9b9726b1ea109524836947d735d\"><strong>Br\u00e9sil<\/strong>: 7,3 milliards d&rsquo;euros engrang\u00e9s pour la 5G<\/a> (AFP)<\/p>\n\n\n\n<p><a href=\"http:\/\/frances.prensa-latina.cu\/index.php?option=com_content&amp;view=article&amp;id=887707:des-migrants-affrontent-la-garde-nationale-lors-dune-marche-vers-mexico&amp;opcion=pl-ver-noticia&amp;catid=49&amp;Itemid=101\">Des migrants affrontent la Garde Nationale lors d&rsquo;une marche vers Mexico<\/a> (Prensa Latina)<\/p>\n\n\n\n<figure class=\"wp-block-image size-full is-resized is-style-default\"><img data-recalc-dims=\"1\" loading=\"lazy\" decoding=\"async\" src=\"https:\/\/i0.wp.com\/www.rdpemancipation.org\/wp-content\/uploads\/2021\/11\/migrantes-5.jpeg?resize=496%2C272&#038;ssl=1\" alt=\"\" class=\"wp-image-56187\" width=\"496\" height=\"272\" srcset=\"https:\/\/i0.wp.com\/www.rdpemancipation.org\/wp-content\/uploads\/2021\/11\/migrantes-5.jpeg?w=314&amp;ssl=1 314w, https:\/\/i0.wp.com\/www.rdpemancipation.org\/wp-content\/uploads\/2021\/11\/migrantes-5.jpeg?resize=300%2C164&amp;ssl=1 300w\" sizes=\"auto, (max-width: 496px) 100vw, 496px\" \/><\/figure>\n\n\n\n<p><a href=\"http:\/\/frances.prensa-latina.cu\/index.php?option=com_content&amp;view=article&amp;id=887700:le-congres-des-etats-unis-soutient-les-actions-de-destabilisation-a-cuba&amp;opcion=pl-ver-noticia&amp;catid=19&amp;Itemid=101\"><strong>Le Congr\u00e8s des \u00c9tats-Unis soutient les actions de d\u00e9stabilisation \u00e0 Cuba<\/strong><\/a><strong> (Prensa Latina)<\/strong><\/p>\n\n\n\n<p><strong>Analyse<\/strong><\/p>\n\n\n\n<p><strong><a href=\"https:\/\/blogs.mediapart.fr\/marie-nivet\/blog\/051121\/nous-sommes-des-gens-ordinaires-cest-dire-des-rebelles\">Zapatistes: \u00ab\u00a0Nous sommes des gens ordinaires, c&rsquo;est \u00e0 dire des rebelles<\/a>\u00a0\u00bb -Marie Nivet&nbsp;<\/strong><\/p>\n\n\n\n<p><span style=\"color:#a31700\" class=\"has-inline-color\"><strong>5 novembre en continu<\/strong><\/span><\/p>\n\n\n\n<p><a href=\"https:\/\/www.boursorama.com\/actualite-economique\/actualites\/le-bresil-met-aux-encheres-son-reseau-5g-8656a1f270124e1e565f05814098d364\">Le <strong>Br\u00e9sil<\/strong> met aux ench\u00e8res son r\u00e9seau 5G<\/a> (AFP)<\/p>\n\n\n\n<p><strong><a href=\"https:\/\/www.boursorama.com\/videos\/actualites\/chili-deux-aborigenes-mapuche-tues-dans-des-affrontements-avec-la-police-a45b5b5270012b928d07033058d84d24\">Chili: deux aborig\u00e8nes mapuche tu\u00e9s dans des affrontements avec la police<\/a> (AFP vid\u00e9o)<\/strong><\/p>\n\n\n\n<p><a href=\"https:\/\/www.boursorama.com\/boursoramag\/actualites\/l-exil-force-la-punition-infligee-par-cuba-aux-opposants-politiques-a1eab699a83dd75363f2cfbbb8ee7165\">L&rsquo;exil forc\u00e9, la punition inflig\u00e9e par <strong>Cuba<\/strong> aux opposants politiques<\/a> (AFP)<\/p>\n\n\n\n<p><a href=\"https:\/\/www.infogm.org\/7286-mexique-cour-supreme-valide-moratoire-sur-mais-ogm\"><strong>Mexique<\/strong> \u2013 la Cour supr\u00eame valide le moratoire sur le ma\u00efs OGM<\/a> (Inf\u2019OGM)<\/p>\n\n\n\n<p><a href=\"https:\/\/www.boursorama.com\/actualite-economique\/actualites\/proteger-la-planete-ou-conserver-son-emploi-le-dilemme-des-charbonniers-panameens-00c868a35a63c6b66d99f22089fa6d90\">Prot\u00e9ger la plan\u00e8te ou conserver son emploi, le dilemme des charbonniers <strong>panam\u00e9ens<\/strong><\/a> (AFP)<\/p>\n\n\n\n<figure class=\"wp-block-image size-full is-resized is-style-default\"><img data-recalc-dims=\"1\" loading=\"lazy\" decoding=\"async\" src=\"https:\/\/i0.wp.com\/www.rdpemancipation.org\/wp-content\/uploads\/2021\/11\/44dd200c688b91fb3678449cebf07b1c-760x507-1.jpeg?resize=490%2C327&#038;ssl=1\" alt=\"\" class=\"wp-image-56015\" width=\"490\" height=\"327\" srcset=\"https:\/\/i0.wp.com\/www.rdpemancipation.org\/wp-content\/uploads\/2021\/11\/44dd200c688b91fb3678449cebf07b1c-760x507-1.jpeg?w=760&amp;ssl=1 760w, https:\/\/i0.wp.com\/www.rdpemancipation.org\/wp-content\/uploads\/2021\/11\/44dd200c688b91fb3678449cebf07b1c-760x507-1.jpeg?resize=300%2C200&amp;ssl=1 300w\" sizes=\"auto, (max-width: 490px) 100vw, 490px\" \/><\/figure>\n\n\n\n<p><a href=\"https:\/\/blogs.mediapart.fr\/jean-marc-b\/blog\/041121\/venezuela-solidarite-avec-les-travailleurs-en-lutte\"><strong>Venezuela<\/strong>: Solidarit\u00e9 avec les travailleurs en lutte <\/a>(IVe Internationale)<\/p>\n\n\n\n<p><strong>Analyse<\/strong><\/p>\n\n\n\n<p><strong><a href=\"https:\/\/www.boursorama.com\/actualite-economique\/actualites\/l-amazonie-vacille-pres-du-point-de-non-retour-d74e96698753a39abcde99610336a950\">L&rsquo;Amazonie vacille pr\u00e8s du point de non-retour<\/a> (AFP)<\/strong><\/p>\n\n\n\n<p><span style=\"color:#a31700\" class=\"has-inline-color\"><strong>4 novembre en continu<\/strong><\/span><\/p>\n\n\n\n<p><strong><a href=\"https:\/\/usbeketrica.com\/fr\/article\/cop26-au-bresil-c-est-la-societe-civile-qui-fait-le-boulot-de-l-etat?utm_source=Futur+%21&amp;utm_campaign=88b22a6fdb-EMAIL_CAMPAIGN_2021_11_02_08_41&amp;utm_medium=email&amp;utm_term=0_a9d8dccd24-88b22a6fdb-43336799\">Au Br\u00e9sil, \u00ab&nbsp;c\u2019est la soci\u00e9t\u00e9 civile qui fait le boulot de l\u2019\u00c9tat&nbsp;\u00bb<\/a>&nbsp;&#8211; Usbek &amp; Rica<\/strong><\/p>\n\n\n\n<p><a href=\"http:\/\/frances.prensa-latina.cu\/index.php?option=com_content&amp;view=article&amp;id=887679:plus-de-neuf-millions-900-mille-cubains-ont-recu-la-premiere-dose-du-vaccin-anti-covid-19&amp;opcion=pl-ver-noticia&amp;catid=29&amp;Itemid=101\">Plus de neuf millions 900 mille <strong>Cubains<\/strong> ont re\u00e7u la premi\u00e8re dose du vaccin anti-Covid-19<\/a> (Prensa Latina)<\/p>\n\n\n\n<p><a href=\"http:\/\/frances.prensa-latina.cu\/index.php?option=com_content&amp;view=article&amp;id=887681:cuba-donne-le-feu-vert-pour-les-prets-en-devises-etrangeres-aux-mpme-et-aux-cooperatives&amp;opcion=pl-ver-noticia&amp;catid=39&amp;Itemid=101\"><strong>Cuba<\/strong> donne le feu vert pour les pr\u00eats en devises \u00e9trang\u00e8res aux MPME et aux coop\u00e9ratives<\/a> (Prensa Latina)<\/p>\n\n\n\n<p><a href=\"https:\/\/www.fidh.org\/es\/temas\/defensores-de-derechos-humanos\/nicaragua-la-machine-repressive-contre-les-personnes-defendant-les\"><strong>Nicaragua<\/strong> : machine r\u00e9pressive contre les personnes d\u00e9fendant droits humains et contre la d\u00e9mocratie<\/a> (FIDH)<\/p>\n\n\n\n<p><strong>Analyse<\/strong><\/p>\n\n\n\n<p><a href=\"https:\/\/www.boursorama.com\/actualite-economique\/actualites\/narcotrafic-le-clan-del-golfo-meilleur-ami-des-mafias-ba5024b70d770fa386d01c119f3fd749\"><strong>Colombie<\/strong>: le Clan del Golfo, meilleur ami des mafias<\/a>&nbsp; (AFP)<\/p>\n\n\n\n<figure class=\"wp-block-image size-full is-resized is-style-default\"><img data-recalc-dims=\"1\" loading=\"lazy\" decoding=\"async\" src=\"https:\/\/i0.wp.com\/www.rdpemancipation.org\/wp-content\/uploads\/2021\/11\/002bf5bd49c85402d4898ea95c79d250-760x467-1.jpeg?resize=485%2C298&#038;ssl=1\" alt=\"\" class=\"wp-image-55776\" width=\"485\" height=\"298\" srcset=\"https:\/\/i0.wp.com\/www.rdpemancipation.org\/wp-content\/uploads\/2021\/11\/002bf5bd49c85402d4898ea95c79d250-760x467-1.jpeg?w=760&amp;ssl=1 760w, https:\/\/i0.wp.com\/www.rdpemancipation.org\/wp-content\/uploads\/2021\/11\/002bf5bd49c85402d4898ea95c79d250-760x467-1.jpeg?resize=300%2C184&amp;ssl=1 300w\" sizes=\"auto, (max-width: 485px) 100vw, 485px\" \/><\/figure>\n\n\n\n<p><strong><a href=\"https:\/\/www.ldh-france.org\/pour-une-juste-solution-a-lempoisonnement-de-la-population-martiniquaise\/\">Pour une juste solution \u00e0 l\u2019empoisonnement de la population martiniquaise<\/a> (Ligue des droits de l\u2019Homme)<\/strong><\/p>\n\n\n\n<p><span style=\"color:#a31700\" class=\"has-inline-color\"><strong>3 novembre en continu<\/strong><\/span><\/p>\n\n\n\n<p><a href=\"http:\/\/cadtm.org\/Argentine-COP26-Une-tromperie-de-plus\"><strong>Argentine<\/strong> &#8211; COP26 : Une tromperie de plus<\/a> (CADTM)<\/p>\n\n\n\n<p><a href=\"http:\/\/frances.prensa-latina.cu\/index.php?option=com_content&amp;view=article&amp;id=887674:des-tentatives-de-destabilisation-de-la-bolivie-par-lopposition-en-vigueur&amp;opcion=pl-ver-noticia&amp;catid=99&amp;Itemid=101\">Des tentatives de d\u00e9stabilisation de la <strong>Bolivie<\/strong> par l&rsquo;opposition en vigueur<\/a> (Prensa Latina)<\/p>\n\n\n\n<p><a href=\"http:\/\/frances.prensa-latina.cu\/index.php?option=com_content&amp;view=article&amp;id=887676:publication-des-resultats-definitifs-du-vaccin-cubain-soberana-02-anti-covid-19&amp;opcion=pl-ver-noticia&amp;catid=193&amp;Itemid=101\">Publication des r\u00e9sultats d\u00e9finitifs du vaccin <strong>cubain<\/strong> Soberana 02 anti-Covid-19<\/a> (Prensa Latina)&nbsp;<\/p>\n\n\n\n<p><a href=\"https:\/\/www.boursorama.com\/actualite-economique\/actualites\/l-equateur-agrandit-la-reserve-des-galapagos-dans-l-espoir-d-un-amenagement-de-sa-dette-dd8d141ddbf6925da821cc5808dcfacc\"><strong>L&rsquo;Equateur<\/strong> agrandit la r\u00e9serve des Galapagos dans l&rsquo;espoir d&rsquo;un am\u00e9nagement de sa dette<\/a> (AFP)<\/p>\n\n\n\n<p><a href=\"http:\/\/frances.prensa-latina.cu\/index.php?option=com_content&amp;view=article&amp;id=887675:le-premier-ministre-haitien-condamne-lattaque-de-lhopital&amp;opcion=pl-ver-noticia&amp;catid=49&amp;Itemid=101\">Le Premier ministre <strong>ha\u00eftien<\/strong> condamne l&rsquo;attaque d&rsquo;un h\u00f4pital<\/a> (Prensa Latina)<\/p>\n\n\n\n<p><a href=\"https:\/\/www.boursorama.com\/actualite-economique\/actualites\/mexique-un-migrant-tue-sur-fond-de-tensions-croissantes-8275f84cd98db4be63aba13876dbac03\"><strong>Mexique<\/strong>: un migrant tu\u00e9 sur fond de tensions croissantes<\/a> (AFP)<\/p>\n\n\n\n<figure class=\"wp-block-image size-full is-resized is-style-default\"><img data-recalc-dims=\"1\" loading=\"lazy\" decoding=\"async\" src=\"https:\/\/i0.wp.com\/www.rdpemancipation.org\/wp-content\/uploads\/2021\/11\/92dd63e676bdae4691897320b96c7580-760x466-1.jpeg?resize=548%2C336&#038;ssl=1\" alt=\"\" class=\"wp-image-55633\" width=\"548\" height=\"336\" srcset=\"https:\/\/i0.wp.com\/www.rdpemancipation.org\/wp-content\/uploads\/2021\/11\/92dd63e676bdae4691897320b96c7580-760x466-1.jpeg?w=760&amp;ssl=1 760w, https:\/\/i0.wp.com\/www.rdpemancipation.org\/wp-content\/uploads\/2021\/11\/92dd63e676bdae4691897320b96c7580-760x466-1.jpeg?resize=300%2C184&amp;ssl=1 300w\" sizes=\"auto, (max-width: 548px) 100vw, 548px\" \/><\/figure>\n\n\n\n<p><strong>Analyse<\/strong><\/p>\n\n\n\n<p><a href=\"https:\/\/www.franceameriquelatine.org\/cuba-resiliente-entretien-christophe-ventura-frederique-josse-bibiotour\/\"><strong>Cuba<\/strong>, la r\u00e9siliente <\/a>&#8211; entretien avec Christophe Ventura<\/p>\n\n\n\n<p><span style=\"color:#a31700\" class=\"has-inline-color\"><strong>2 novembre en continu<\/strong><\/span><\/p>\n\n\n\n<p><a href=\"https:\/\/www.boursorama.com\/actualite-economique\/actualites\/le-perou-pays-le-plus-touche-par-le-covid-se-souvient-de-ses-morts-889d63c9d98e9b8b38bd3413ac7152fd\">Le <strong>P\u00e9rou<\/strong>, pays le plus touch\u00e9 par le Covid, se souvient de ses morts<\/a> (AFP)<\/p>\n\n\n\n<p><a href=\"http:\/\/www.alterpresse.org\/spip.php?article27620\">Alerte des autorit\u00e9s sanitaires et \u00e9ducatives sur remont\u00e9e du nombre de cas Covid-19 en <strong>Ha\u00efti<\/strong><\/a> (Alterpresse)<\/p>\n\n\n\n<p><a href=\"http:\/\/frances.prensa-latina.cu\/index.php?option=com_content&amp;view=article&amp;id=887657:assassinat-dun-professeur-universitaire-en-haiti&amp;opcion=pl-ver-noticia&amp;catid=99&amp;Itemid=101\">Assassinat d\u2019un professeur universitaire en <strong>Ha\u00efti<\/strong><\/a> (Prensa Latina)<\/p>\n\n\n\n<p><strong>Analyse<\/strong><\/p>\n\n\n\n<p>&nbsp;<a href=\"https:\/\/lagedefaire-lejournal.fr\/les-zapatistes-existent\/\">Les <strong>zapatistes<\/strong> existent<\/a> (L\u2019\u00e2ge de faire)<\/p>\n\n\n\n<p><span style=\"color:#a31700\" class=\"has-inline-color\"><strong>1er novembre en continu<\/strong><\/span><\/p>\n\n\n\n<p><a href=\"https:\/\/jacobinmag.com\/2021\/10\/us-venezuela-election-campaign-intervention-influence-maduro-mud-social-media-facebook\">La campagne du National Endowment for Democracy contre <strong>Maduro<\/strong><\/a> (anglais -Jacobin)<\/p>\n\n\n\n<p><a href=\"https:\/\/www.anti-k.org\/2021\/10\/31\/prison-de-rancagua-chili-sur-ce-qui-est-arrive-jeudi-dernier-aux-prisonnier-e-s-subversif-ve-s-et-anarchistes\/\">Prison Rancagua (<strong>Chili<\/strong>) : ce qui est arriv\u00e9 aux prisonnier.e.s subversif.ve.s et anarchistes&nbsp;<\/a> (Refractario)<\/p>\n\n\n\n<p><a href=\"http:\/\/frances.prensa-latina.cu\/index.php?option=com_content&amp;view=article&amp;id=887652:une-conference-de-la-russie-denonce-la-politique-des-etats-unis-envers-lamerique-centrale&amp;opcion=pl-ver-noticia&amp;catid=39&amp;Itemid=101\">Une conf\u00e9rence en Russie d\u00e9nonce la politique des Etats-Unis envers l&rsquo;<strong>Am\u00e9rique centrale<\/strong><\/a> (Prensa Latina)<\/p>\n\n\n\n<p><a href=\"http:\/\/frances.prensa-latina.cu\/index.php?option=com_content&amp;view=article&amp;id=887645:les-cas-covid-19-continuent-de-diminuer-a-cuba&amp;opcion=pl-ver-noticia&amp;catid=193&amp;Itemid=101\">Les cas Covid-19 en baisse continue \u00e0 <strong>Cuba<\/strong><\/a> (Prensa Latina)<\/p>\n\n\n\n<p><strong>Analyse<\/strong><\/p>\n\n\n\n<p><a href=\"https:\/\/audioblog.arteradio.com\/blog\/157476\/podcast\/172290\/saison-ii-episode-2-luttes-indigenes-au-paraguay-et-en-colombie\">Luttes indig\u00e8nes au <strong>Paraguay<\/strong> et en <strong>Colombie<\/strong><\/a> (L\u2019Actu des oubli\u00e9s)<\/p>\n","protected":false},"excerpt":{"rendered":"<p>30 novembre en continu Devenant une r\u00e9publique, la Barbade dit adieu \u00e0 Elizabeth II (AFP) En Ha\u00efti, l&rsquo;horreur des viols commis par les gangs (AFP) La candidate de gauche Xiomara Castro en passe de devenir la premi\u00e8re pr\u00e9sidente du Honduras (AFP) Analyse Argentine-La Voz de la Mujer\u00a0: ni dieu ni patron ni mari\u00a0! (Ballast)\u00a0 Br\u00e9sil&#8211; &#8230; <a title=\"Novembre &#8211; Am\u00e9rique latine &#038; Cara\u00efbes\" class=\"read-more\" href=\"https:\/\/www.rdpemancipation.org\/?p=55191\" aria-label=\"En savoir plus sur Novembre &#8211; Am\u00e9rique latine &#038; Cara\u00efbes\">Lire la suite<\/a><\/p>\n","protected":false},"author":1,"featured_media":0,"comment_status":"closed","ping_status":"closed","sticky":false,"template":"","format":"standard","meta":{"_lmt_disableupdate":"no","_lmt_disable":"no","_jetpack_memberships_contains_paid_content":false,"footnotes":""},"categories":[21],"tags":[],"class_list":["post-55191","post","type-post","status-publish","format-standard","hentry","category-amerique-latine-caraibes"],"modified_by":"jmb","jetpack_featured_media_url":"","jetpack_sharing_enabled":true,"_links":{"self":[{"href":"https:\/\/www.rdpemancipation.org\/index.php?rest_route=\/wp\/v2\/posts\/55191","targetHints":{"allow":["GET"]}}],"collection":[{"href":"https:\/\/www.rdpemancipation.org\/index.php?rest_route=\/wp\/v2\/posts"}],"about":[{"href":"https:\/\/www.rdpemancipation.org\/index.php?rest_route=\/wp\/v2\/types\/post"}],"author":[{"embeddable":true,"href":"https:\/\/www.rdpemancipation.org\/index.php?rest_route=\/wp\/v2\/users\/1"}],"replies":[{"embeddable":true,"href":"https:\/\/www.rdpemancipation.org\/index.php?rest_route=%2Fwp%2Fv2%2Fcomments&post=55191"}],"version-history":[{"count":58,"href":"https:\/\/www.rdpemancipation.org\/index.php?rest_route=\/wp\/v2\/posts\/55191\/revisions"}],"predecessor-version":[{"id":59660,"href":"https:\/\/www.rdpemancipation.org\/index.php?rest_route=\/wp\/v2\/posts\/55191\/revisions\/59660"}],"wp:attachment":[{"href":"https:\/\/www.rdpemancipation.org\/index.php?rest_route=%2Fwp%2Fv2%2Fmedia&parent=55191"}],"wp:term":[{"taxonomy":"category","embeddable":true,"href":"https:\/\/www.rdpemancipation.org\/index.php?rest_route=%2Fwp%2Fv2%2Fcategories&post=55191"},{"taxonomy":"post_tag","embeddable":true,"href":"https:\/\/www.rdpemancipation.org\/index.php?rest_route=%2Fwp%2Fv2%2Ftags&post=55191"}],"curies":[{"name":"wp","href":"https:\/\/api.w.org\/{rel}","templated":true}]}}