{"id":49927,"date":"2021-10-01T09:31:05","date_gmt":"2021-10-01T07:31:05","guid":{"rendered":"https:\/\/www.rdpemancipation.org\/?p=49927"},"modified":"2021-10-31T20:34:08","modified_gmt":"2021-10-31T19:34:08","slug":"octobre-feminisme-lgbt","status":"publish","type":"post","link":"https:\/\/www.rdpemancipation.org\/?p=49927","title":{"rendered":"Octobre &#8211; F\u00e9minisme\/LGBT+"},"content":{"rendered":"\n<p><strong><span class=\"has-inline-color has-vivid-red-color\">31 Octobre en continu<\/span><\/strong><\/p>\n\n\n\n<p><a href=\"https:\/\/www.finance-gestion.com\/vox-fi\/lemancipation-bancaire-des-femmes-en-france-laffaire-dun-siecle\/\">L\u2019\u00e9mancipation bancaire des femmes en France : l\u2019affaire d\u2019un si\u00e8cle<\/a>\u00a0\u2013 Vox Fi<\/p>\n\n\n\n<p><a href=\"https:\/\/www.arretsurimages.net\/articles\/mutinerie-anti-cliches-sexistes-a-nice-matin\">Mutinerie anti-clich\u00e9s sexistes \u00e0 \u00ab\u00a0Nice-Matin\u00a0\u00bb<\/a> (Arr\u00eat sur images)&nbsp;<\/p>\n\n\n\n<figure class=\"wp-block-image size-full is-style-default\"><img data-recalc-dims=\"1\" loading=\"lazy\" decoding=\"async\" width=\"340\" height=\"480\" src=\"https:\/\/i0.wp.com\/www.rdpemancipation.org\/wp-content\/uploads\/2021\/10\/Capture-decran-2021-10-30-a-16.21.28.png?resize=340%2C480&#038;ssl=1\" alt=\"\" class=\"wp-image-55048\" srcset=\"https:\/\/i0.wp.com\/www.rdpemancipation.org\/wp-content\/uploads\/2021\/10\/Capture-decran-2021-10-30-a-16.21.28.png?w=340&amp;ssl=1 340w, https:\/\/i0.wp.com\/www.rdpemancipation.org\/wp-content\/uploads\/2021\/10\/Capture-decran-2021-10-30-a-16.21.28.png?resize=213%2C300&amp;ssl=1 213w\" sizes=\"auto, (max-width: 340px) 100vw, 340px\" \/><\/figure>\n\n\n\n<p><a href=\"https:\/\/entreleslignesentrelesmots.blog\/2021\/10\/29\/le-meurtre-previsible-de-sarah-everard-par-un-obsede-du-porno-meurtrier\/\">Le meurtre pr\u00e9visible de Sarah Everard par un obs\u00e9d\u00e9 du porno&nbsp;meurtrier<\/a> (Entre les mots)<\/p>\n\n\n\n<p><a href=\"https:\/\/entreleslignesentrelesmots.blog\/2021\/10\/23\/osez-le-feminisme-attaque-lemission-miss-france-en-justice\/\">Osez le F\u00e9minisme attaque l\u2019\u00e9mission Miss France en justice&nbsp;!<\/a> (Entre les mots)<\/p>\n\n\n\n<p><strong>Monde<\/strong><\/p>\n\n\n\n<p><a href=\"https:\/\/lecourrier.ch\/2021\/10\/30\/deux-cents-participantes-debattent-dun-agenda-feministe\/\">A Berne, les femmes d\u00e9battent d\u2019un agenda f\u00e9ministe<\/a> (Le Courrier)<\/p>\n\n\n\n<p><strong><a href=\"https:\/\/entreleslignesentrelesmots.blog\/2021\/10\/20\/comment-les-feministes-peuvent-soutenir-les-femmes-afghanes-vivant-sous-le-regime-des-talibans\/\">Comment les f\u00e9ministes peuvent soutenir femmes afghanes sous le r\u00e9gime des&nbsp;talibans<\/a> (Entre les mots)<\/strong><\/p>\n\n\n\n<p><a href=\"https:\/\/entreleslignesentrelesmots.blog\/2021\/10\/27\/la-feminisation-de-la-pauvrete-une-pandemie-qui-traverse-le-continent-americain\/\">La f\u00e9minisation de la pauvret\u00e9, une pand\u00e9mie qui traverse le continent&nbsp;am\u00e9ricain<\/a> (Entre les mots)<\/p>\n\n\n\n<p><a href=\"https:\/\/entreleslignesentrelesmots.blog\/2021\/10\/26\/mise-a-jour-sur-lintimidation-et-le-harcelement-menes-contre-une-philosophe-feministe-par-luniversite-de-bristol-et-autres-textes\/\">Intimidation et harc\u00e8lement contre philosophe f\u00e9ministe par Universit\u00e9 Bristol (et autres&nbsp;textes)<\/a> (Entre les mots)<\/p>\n\n\n\n<p><strong>Analyse<\/strong><\/p>\n\n\n\n<p><a href=\"https:\/\/www.humanite.fr\/le-prix-payer-de-lucile-quillet-le-couple-hetero-une-arnaque-pour-les-femmes-725515#xtor=RSS-1\">\u00ab Le prix \u00e0 payer \u00bb, de Lucile Quillet : le couple h\u00e9t\u00e9ro, une arnaque pour les femmes ?<\/a> (L\u2019Humanit\u00e9)<\/p>\n\n\n\n<p>&nbsp;<\/p>\n\n\n\n<figure class=\"wp-block-image size-full is-resized is-style-default\"><img data-recalc-dims=\"1\" loading=\"lazy\" decoding=\"async\" src=\"https:\/\/i0.wp.com\/www.rdpemancipation.org\/wp-content\/uploads\/2021\/10\/Capture-decran-2021-10-30-a-16.22.55.png?resize=266%2C363&#038;ssl=1\" alt=\"\" class=\"wp-image-55049\" width=\"266\" height=\"363\"\/><\/figure>\n\n\n\n<p><a href=\"https:\/\/entreleslignesentrelesmots.blog\/2021\/10\/28\/faire-valoir-les-droits-des-sages-femmes-cest-enfin-ecouter-les-femmes\/\">Faire valoir les droits des sages-femmes, c\u2019est enfin \u00e9couter les&nbsp;femmes<\/a> (Entre les mots)<\/p>\n\n\n\n<p><a href=\"https:\/\/www.humanite.fr\/lyna-khoudri-mes-personnages-sont-des-femmes-qui-ont-des-choses-dire-725437#xtor=RSS-1\">Lyna Khoudri : \u00ab Mes personnages sont des femmes qui ont des choses \u00e0 dire \u00bb<\/a> (L\u2019Humanit\u00e9)<\/p>\n\n\n\n<figure class=\"wp-block-image is-resized is-style-default\"><img data-recalc-dims=\"1\" loading=\"lazy\" decoding=\"async\" src=\"https:\/\/i0.wp.com\/99px.ru\/sstorage\/86\/2017\/11\/10111171551062876.gif?resize=315%2C438&#038;ssl=1\" alt=\"\u0413\u0438\u0444 \u0430\u043d\u0438\u043c\u0430\u0446\u0438\u044f \u0413\u043e\u043b\u0443\u0431\u0430\u044f \u0431\u0430\u0431\u043e\u0447\u043a\u0430 \u0441\u0438\u0434\u0438\u0442 \u043d\u0430 \u0431\u0435\u043b\u043e\u0439 \u0441\u043a\u0430\u0442\u0435\u0440\u0442\u0438 \u0438 \u043c\u0430\u0448\u0435\u0442 \u043a\u0440\u044b\u043b\u044b\u0448\u043a\u0430\u043c\u0438, \u043d\u0430  \u0441\u0442\u043e\u043b\u0435 \u043b\u0435\u0436\u0430\u0442 \u0447\u0430\u0439\u043d\u044b\u0435 \u043b\u043e\u0436\u043a\u0438, \u043e\u0442\u043a\u0440\u044b\u0442\u0430\u044f \u043a\u043d\u0438\u0433\u0430, \u0447\u0430\u0448\u043a\u0430, \u0446\u0435\u043f\u043e\u0447\u043a\u0430, by Daria  Khoroshavina\" width=\"315\" height=\"438\"\/><figcaption><sub>Merci  \u00e0 Ceinna Coll !<\/sub><\/figcaption><\/figure>\n\n\n\n<p><strong><span class=\"has-inline-color has-vivid-red-color\">30 Octobre en continu<\/span><\/strong><\/p>\n\n\n\n<p><a href=\"https:\/\/www.rue89lyon.fr\/2021\/10\/29\/agressions-sexuelles-ens-lyon-rapport\/\">Agressions sexuelles : un rapport fustige la direction de l\u2019ENS Lyon<\/a> (Rue89Lyon)<\/p>\n\n\n\n<p><a href=\"https:\/\/www.humanite.fr\/hockey-sur-glace-legalite-femmes-hommes-une-revolution-de-palet-725832#xtor=RSS-1\">Hockey sur glace. L&rsquo;\u00e9galit\u00e9 femmes-hommes, une r\u00e9volution de palet<\/a> (L\u2019Humanit\u00e9)<\/p>\n\n\n\n<p><a href=\"https:\/\/www.axellemag.be\/femmes-du-commun\/\">Six femmes qui ont r\u00e9volutionn\u00e9 le commun<\/a> (Axelle Magazine)<\/p>\n\n\n\n<p><a href=\"https:\/\/www.axellemag.be\/les-femmes-de-greenham-toujours-en-marche\/\">Les femmes de Greenham sont toujours en marche<\/a> (Axelle Magazine)<\/p>\n\n\n\n<p><a href=\"https:\/\/lecourrier.ch\/2021\/10\/28\/mortes-detre-femmes\/\">Mortes d\u2019\u00eatre femmes<\/a> (Le Courrier)<\/p>\n\n\n\n<p><a href=\"https:\/\/lepoing.net\/elsa-dorlin-met-les-feminismes-sous-le-feu-de-la-rampe\/\">Elsa Dorlin met les f\u00e9minismes sous le feu de la rampe<\/a> (Le Poing)<\/p>\n\n\n\n<figure class=\"wp-block-image is-resized is-style-default\"><img data-recalc-dims=\"1\" loading=\"lazy\" decoding=\"async\" src=\"https:\/\/i0.wp.com\/img.huffingtonpost.com\/asset\/611a6e192800008ed371dccb.jpg?resize=466%2C310&#038;ssl=1\" alt=\"En Afghanistan, depuis le retour des Talibans, la d\u00e9tresse des femmes | Le  Huffington Post LIFE\" width=\"466\" height=\"310\"\/><\/figure>\n\n\n\n<p><strong><a href=\"https:\/\/blogs.mediapart.fr\/jean-marc-b\/blog\/301021\/simone-de-beauvoir-le-capitalisme-et-l-emancipation-de-la-vieillesse\">Simone de Beauvoir, le capitalisme et l\u2019\u00e9mancipation de la vieillesse <\/a>(Contretemps)<\/strong><\/p>\n\n\n\n<p><a href=\"https:\/\/entreleslignesentrelesmots.blog\/2021\/10\/14\/la-misogynie-est-bien-plus-que-le-fait-de-siffler-une-femme\/\">La misogynie est bien plus que le fait de siffler une&nbsp;femme<\/a> (Entre les mots)<\/p>\n\n\n\n<figure class=\"wp-block-image is-resized is-style-default\"><img loading=\"lazy\" decoding=\"async\" src=\"https:\/\/i1.wp.com\/www.espaces-latinos.org\/wp-content\/uploads\/800x500-SensInterdits2021.png?fit=800%2C500&amp;ssl=1\" alt=\"\" width=\"475\" height=\"297\"\/><\/figure>\n\n\n\n<p><strong><a href=\"https:\/\/theconversation.com\/debat-lady-sapiens-un-nouveau-stereotype-des-femmes-prehistoriques-170313\">D\u00e9bat : \u00ab Lady Sapiens \u00bb, un nouveau st\u00e9r\u00e9otype des femmes pr\u00e9historiques?<\/a> (The Conversation)<\/strong><\/p>\n\n\n\n<figure class=\"wp-block-image is-resized is-style-default\"><img data-recalc-dims=\"1\" loading=\"lazy\" decoding=\"async\" src=\"https:\/\/i0.wp.com\/images.theconversation.com\/files\/429042\/original\/file-20211028-17-19ys0p3.jpg?resize=482%2C271&#038;ssl=1\" alt=\"\" width=\"482\" height=\"271\"\/><\/figure>\n\n\n\n<p><strong><span class=\"has-inline-color has-vivid-red-color\">29 Octobre en continu<\/span><\/strong><\/p>\n\n\n\n<p>&nbsp;<strong><a href=\"https:\/\/www.lesnouvellesnews.fr\/24-heures-dans-la-vie-dune-femme-appel-a-la-rebellion-h24\/\">\u00ab 24 heures dans la vie d\u2019une femme \u00bb, appel \u00e0 la r\u00e9bellion H24<\/a> (Les Nouvelles News)<\/strong><\/p>\n\n\n\n<p><a href=\"https:\/\/www.lesnouvellesnews.fr\/loi-egalite-economique-adoptee-au-senat-sans-la-gauche\/\">Loi \u00e9galit\u00e9 \u00e9conomique adopt\u00e9e au S\u00e9nat\u2026 sans la gauche<\/a> (Les Nouvelles News)<\/p>\n\n\n\n<p><a href=\"https:\/\/www.streetpress.com\/sujet\/1635410772-insultes-homophobes-coups-pretre-agresse-fans-eric-zemmour-lille-meeting-extreme-droite\">Insultes homophobes et coups : un pr\u00eatre agress\u00e9 par des supporters d\u2019\u00c9ric Zemmour<\/a> (StreetPress)<\/p>\n\n\n\n<p><a href=\"https:\/\/www.francetvinfo.fr\/societe\/harcelement-sexuel\/un-moniteur-d-auto-ecole-de-seine-saint-denis-condamne-a-six-mois-de-prison-avec-sursis-pour-agressions-sexuelles-sur-des-eleves_4824913.html\">Moniteur auto-\u00e9cole condamn\u00e9 6 mois avec sursis pour agressions sexuelles sur \u00e9l\u00e8ves<\/a> (France Info)<\/p>\n\n\n\n<p><a href=\"https:\/\/www.francetvinfo.fr\/economie\/emploi\/carriere\/vie-professionnelle\/sante-au-travail\/le-senat-valide-la-convention-de-l-organisation-international-du-travail-contre-la-violence-et-le-harcelement-dans-le-milieu-professionnel_4825025.html\">S\u00e9nat unanime ratifie convention contre violence et harc\u00e8lement dans milieu professionnel de l&rsquo;OIT<\/a> (France Info)<\/p>\n\n\n\n<p><a href=\"https:\/\/www.humanite.fr\/josh-cavallo-le-jeune-footballeur-tacle-lhomophobie-725717#xtor=RSS-1\">Josh Cavallo le jeune footballeur tacle l&rsquo;homophobie<\/a> (L\u2019Humanit\u00e9)&nbsp;<\/p>\n\n\n\n<p><a href=\"https:\/\/www.mediapart.fr\/journal\/france\/281021\/industrie-pornographique-quatre-acteurs-mis-en-examen-pour-viol-lors-de-tournages\">Industrie pornographique: quatre acteurs mis en examen pour viol lors de tournages<\/a> (M\u00e9diapart)<\/p>\n\n\n\n<p><strong><a href=\"https:\/\/entreleslignesentrelesmots.blog\/2021\/10\/15\/feminicide-une-plaie-ouverte-pour-les-femmes-kurdes\/\">F\u00e9minicide&nbsp;: une plaie ouverte pour les femmes&nbsp;kurdes<\/a> (Entre les mots)<\/strong><\/p>\n\n\n\n<p><strong><span class=\"has-inline-color has-vivid-red-color\">28 Octobre en continu<\/span><\/strong><\/p>\n\n\n\n<p><a href=\"https:\/\/www.mediapart.fr\/journal\/france\/271021\/la-commission-sur-l-inceste-appelle-ecouter-davantage-les-meres\">La commission sur l\u2019inceste appelle \u00e0 \u00e9couter davantage les m\u00e8res<\/a> (M\u00e9diapart)<\/p>\n\n\n\n<p><strong><a href=\"https:\/\/blogs.mediapart.fr\/jean-marc-b\/blog\/271021\/feminisme-notre-combat-est-aussi-celui-des-hommes-video-iisabelle-alonso\">\u00ab F\u00e9minisme : notre combat est aussi celui des hommes \u00bb <\/a>-vid\u00e9o Isabelle Alonso<\/strong><\/p>\n\n\n\n<p><a href=\"https:\/\/www.saphirnews.com\/Il-y-a-en-tout-Homme-un-petit-tyran-qui-somnole-qu-on-doit-apprendre-a-combattre_a28390.html\">Il y a en tout Homme un petit tyran qui somnole qu\u2019on doit apprendre \u00e0 combattre<\/a> (SaphirNews)&nbsp;<\/p>\n\n\n\n<figure class=\"wp-block-image is-resized is-style-default\"><img data-recalc-dims=\"1\" loading=\"lazy\" decoding=\"async\" src=\"https:\/\/i0.wp.com\/mamot.fr\/system\/media_attachments\/files\/107\/134\/805\/687\/862\/873\/original\/6df41fe95272158a.png?resize=440%2C440&#038;ssl=1\" alt=\"\" width=\"440\" height=\"440\"\/><\/figure>\n\n\n\n<p><a href=\"https:\/\/lesglorieuses.fr\/le-sexisme-cest-comme-une-boite-de-chocolats\/?utm_medium=email&amp;utm_campaign=LesPetitesGlo%20%20Saison%206%20-%20pisode%204&amp;utm_content=LesPetitesGlo%20%20Saison%206%20-%20pisode%204+CID_da6c7615e4487c67e961c4142aa128cb&amp;utm_source=Email%20marketing%20software&amp;utm_term=Les%20Petites%20Glo\">Le sexisme, c&rsquo;est comme une boite de chocolats&#8230;<\/a>(Les petites glo)<\/p>\n\n\n\n<p><a href=\"https:\/\/entreleslignesentrelesmots.blog\/2021\/10\/16\/les-mecxplications-de-onu-femmes-maroc\/\">Les mecxplications de ONU Femmes&nbsp;Maroc<\/a> (Entre les mots)<\/p>\n\n\n\n<p><strong><span class=\"has-inline-color has-vivid-red-color\">27 Octobre en continu<\/span><\/strong><\/p>\n\n\n\n<p><strong><a href=\"https:\/\/blogs.mediapart.fr\/jean-marc-b\/blog\/261021\/avortement-dans-quels-pays-l-ivg-est-il-illegal\">Avortement : dans quels pays l\u2019IVG est-il ill\u00e9gal ? <\/a>(TV 5 Monde)<\/strong><\/p>\n\n\n\n<p><a href=\"https:\/\/www.boursorama.com\/actualite-economique\/actualites\/christine-angot-remporte-le-prix-medicis-b7536404fd22a8ea5a589d2cc407fba0\">Christine Angot remporte le prix M\u00e9dicis<\/a> (AFP)<\/p>\n\n\n\n<p><a href=\"https:\/\/www.placegrenet.fr\/2021\/10\/26\/une-biennale-dart-non-objectif-de-pont-de-claix-100-feminine-pour-sa-sixieme-edition\/549653\">Une Biennale d\u2019art non-objectif de Pont-de-Claix 100 % f\u00e9minine pour sa sixi\u00e8me \u00e9dition<\/a> (Place Gre\u2019net)<\/p>\n\n\n\n<p><a href=\"https:\/\/www.rue89lyon.fr\/2021\/10\/26\/lyon-actrices-afghanes-refugiees-theatre\/\">Lyon, actrices afghanes r\u00e9fugi\u00e9es: Quand nous jouions l\u00e0-bas, nos familles n\u2019\u00e9taient pas au courant<\/a> (Rue89Lyon)<\/p>\n\n\n\n<p><a href=\"https:\/\/www.mediapart.fr\/journal\/france\/261021\/manon-garcia-il-faut-penaliser-le-sexe-non-consenti\">Manon Garcia: \u00abIl faut p\u00e9naliser le sexe non consenti\u00bb<\/a> (M\u00e9diapart)<\/p>\n\n\n\n<p><strong><a href=\"https:\/\/www.ladernierelettre.fr\/pour-lautodefense-feministe\/\">Pour l\u2019autod\u00e9fense f\u00e9ministe<\/a> (Revue Z)<\/strong><\/p>\n\n\n\n<p><a href=\"https:\/\/www.lesnouvellesnews.fr\/feminiser-les-instances-dirigeantes-une-competition-peu-disputee\/\">F\u00e9miniser les instances dirigeantes : une comp\u00e9tition peu disput\u00e9e<\/a> (Les Nouvelles News)<\/p>\n\n\n\n<p><a href=\"https:\/\/france3-regions.francetvinfo.fr\/auvergne-rhone-alpes\/isere\/grenoble\/une-enquete-ouverte-pour-usage-presume-de-ghb-drogue-du-violeur-lors-de-soirees-etudiantes-a-l-ecole-gem-de-grenoble-2311213.html\">Grenoble: enqu\u00eate usage \u00ab\u00a0vraisemblable\u00a0\u00bb de \u00ab\u00a0drogue du violeur\u00a0\u00bb lors soir\u00e9es dans \u00e9cole de commerce<\/a> (France Info)<\/p>\n\n\n\n<p><a href=\"https:\/\/www.boursorama.com\/videos\/actualites\/en-afghanistan-des-familles-vendent-leurs-filles-pour-ne-pas-mourir-de-faim-c9d0930d186fcb3043767ebdba1c2986\">En <strong>Afghanistan<\/strong>, des familles vendent leurs filles pour ne pas mourir de faim<\/a> (AFP)<\/p>\n\n\n\n<p><a href=\"https:\/\/entreleslignesentrelesmots.blog\/2021\/10\/18\/les-femmes-syriennes-confrontees-a-la-pauvrete-et-au-militarisme\/\">Les femmes <strong>syriennes<\/strong> confront\u00e9es \u00e0 la pauvret\u00e9 et au&nbsp;militarisme<\/a> (Entre les mots)<\/p>\n\n\n\n<p><a href=\"http:\/\/www.slate.fr\/story\/216933\/nadia-nadim-destin-fantastique-refugiee-afghane-devenue-star-football-feminin-anissa-bonnefont-documentaire-rencontre\">\u00abNadia\u00bb, le destin fantastique d&rsquo;une r\u00e9fugi\u00e9e <strong>afghane<\/strong> devenue star du football f\u00e9minin<\/a> par (Slate)<\/p>\n\n\n\n<p><strong><span class=\"has-inline-color has-vivid-red-color\">26 Octobre en continu<\/span><\/strong><\/p>\n\n\n\n<p><a href=\"https:\/\/www.francetvinfo.fr\/culture\/cinema\/sorties-de-films\/la-fracture-de-catherine-corsini-film-poil-a-gratter-sur-la-crise-sociale-et-hospitaliere-en-france_4813431.html\">\u00ab\u00a0La Fracture\u00a0\u00bb de Catherine Corsini, film \u00ab\u00a0poil \u00e0 gratter\u00a0\u00bb sur la crise sociale et hospitali\u00e8re en France<\/a> (France Info)<\/p>\n\n\n\n<p><a href=\"https:\/\/www.francetvinfo.fr\/sante\/hopital\/la-direction-d-un-hopital-toulousain-ordonne-le-retrait-d-une-fresque-sexiste-de-son-internat-de-medecine_4821487.html\">La direction d&rsquo;un h\u00f4pital toulousain ordonne retrait de fresque \u00ab\u00a0sexiste\u00a0\u00bb de son internat <\/a> (France Info)<\/p>\n\n\n\n<p><a href=\"https:\/\/www.francetvinfo.fr\/societe\/harcelement-sexuel\/un-sexagenaire-mis-en-examen-et-place-en-detention-dans-la-creuse-pour-des-viols-sur-trois-femmes_4821415.html\">Sexag\u00e9naire mis en examen et plac\u00e9 en d\u00e9tention dans la Creuse pour des viols sur trois femmes<\/a> (France Info)<\/p>\n\n\n\n<p><a href=\"https:\/\/www.factuel.info\/questions-de-genre-a-quel-sein-se-vouer\">Questions de genre\u2026 A quel sein se vouer ?<\/a> (Factuel.info)<\/p>\n\n\n\n<figure class=\"wp-block-image is-resized is-style-default\"><img data-recalc-dims=\"1\" loading=\"lazy\" decoding=\"async\" src=\"https:\/\/i0.wp.com\/www.factuel.info\/wp-content\/uploads\/2021\/10\/hermaphrodite-borghese-1.jpg?resize=554%2C413&#038;ssl=1\" alt=\"\" width=\"554\" height=\"413\"\/><\/figure>\n\n\n\n<p><a href=\"https:\/\/www.bondyblog.fr\/societe\/assia-hamdi-un-livre-pour-legalite-dans-le-sport-feminin\/\">Assia Hamdi, un livre pour l\u2019\u00e9galit\u00e9 dans le sport f\u00e9minin<\/a> (Le Bondy Blog)<\/p>\n\n\n\n<p><a href=\"https:\/\/www.streetpress.com\/sujet\/1635148941-auteurs-violences-sexuelles-contact-personnes-handicapees-antecedents-judiciaires-condamnes-recrutes-handicap\">Auteurs de violences sexuelles se retrouvent \u00e0 travailler au contact de personnes handicap\u00e9es<\/a> (StreetPress)<\/p>\n\n\n\n<p><a href=\"https:\/\/radioparleur.net\/2021\/10\/25\/sortir-lamour-du-patriarcat-avec-mona-chollet\/\">Sortir l\u2019amour du patriarcat, avec Mona Chollet<\/a> (Radioparleur)<\/p>\n\n\n\n<figure class=\"wp-block-image is-resized is-style-default\"><img data-recalc-dims=\"1\" loading=\"lazy\" decoding=\"async\" src=\"https:\/\/i0.wp.com\/mamot.fr\/system\/cache\/media_attachments\/files\/107\/101\/714\/672\/085\/041\/original\/c1e6b8f6824a6239.jpeg?resize=422%2C472&#038;ssl=1\" alt=\"\" width=\"422\" height=\"472\"\/><\/figure>\n\n\n\n<p><a href=\"https:\/\/www.humanite.fr\/preservatif-hormones-vasectomie-tout-ce-quil-faut-savoir-sur-la-contraception-masculine-724572\">Pr\u00e9servatif, hormones, vasectomie\u2026&nbsp;: tout ce qu\u2019il faut savoir sur la contraception masculine<\/a> (Huma)<\/p>\n\n\n\n<figure class=\"wp-block-image is-resized is-style-default\"><img data-recalc-dims=\"1\" loading=\"lazy\" decoding=\"async\" src=\"https:\/\/i0.wp.com\/www.humanite.fr\/sites\/default\/files\/images\/90540.HR.jpg?resize=569%2C806&#038;ssl=1\" alt=\"\u00ab Les Contracept\u00e9s \u00bb\" width=\"569\" height=\"806\" title=\"\"\/><\/figure>\n\n\n\n<p>&nbsp;<a href=\"https:\/\/www.humanite.fr\/contraception-masculine-la-vasectomie-une-operation-tres-politique-724731\">Contraception masculine&nbsp;: la vasectomie, une op\u00e9ration tr\u00e8s politique<\/a> (Huma)<\/p>\n\n\n\n<p><a href=\"https:\/\/blogs.mediapart.fr\/edition\/aux-lecteurs-et-lectrices-emancipe-es\/article\/241021\/exploser-le-plafond-precis-de-feminisme-l-usage-du-monde-de-la\">\u00ab&nbsp;Exploser le plafond. Pr\u00e9cis de f\u00e9minisme \u00e0 l\u2019usage du monde de la culture&nbsp;\u00bb <\/a>&#8211; C\u00e9dric L\u00e9pine<\/p>\n\n\n\n<p><a href=\"http:\/\/www.slate.fr\/story\/217197\/kelly-reichardt-cineaste-essentielle-retrospective-first-cow-reconnaissance-figure-septieme-art\">Kelly Reichardt, cin\u00e9aste essentielle, pour aujourd&rsquo;hui et pour demain<\/a> (Slate<\/p>\n\n\n\n<figure class=\"wp-block-image is-resized is-style-default\"><img data-recalc-dims=\"1\" loading=\"lazy\" decoding=\"async\" src=\"https:\/\/i0.wp.com\/www.slate.fr\/sites\/default\/files\/styles\/1060x523\/public\/19031446_0.jpg?resize=519%2C256&#038;ssl=1\" alt=\"La r\u00e9alisatrice pendant le tournage de Wendy et Lucy. | \u00c9picentre Films\" width=\"519\" height=\"256\"\/><\/figure>\n\n\n\n<p><strong><span class=\"has-inline-color has-vivid-red-color\">25 Octobre en continu<\/span><\/strong><\/p>\n\n\n\n<p><strong><a href=\"https:\/\/blogs.mediapart.fr\/jean-marc-b\/blog\/241021\/victimes-de-violences-sexistes-et-sexuelles-les-dispositifs-decoute-et-daide\">Victimes de violences sexistes et sexuelles : Les dispositifs d&rsquo;\u00e9coute et d&rsquo;aide&nbsp;<\/a> (Arte)<\/strong><\/p>\n\n\n\n<p><a href=\"https:\/\/www.humanite.fr\/metootheatre-jean-pierre-baro-se-defend-des-accusations-dagression-sexuelle-725061#xtor=RSS-1\">#metooth\u00e9\u00e2tre. Jean-Pierre Baro se d\u00e9fend des accusations d\u2019agression sexuelle<\/a> (L&rsquo;Huma)<\/p>\n\n\n\n<p><a href=\"http:\/\/www.slate.fr\/story\/216888\/candidats-election-presidentielle-position-travail-sexe-droits-tds-sujet-yannick-jadot-depenalisation-loi-systeme-prostitutionnel\">Il est temps que les candidats \u00e0 la pr\u00e9sidence de la R\u00e9publique se positionnent sur le travail du sexe<\/a> (Slate)<\/p>\n\n\n\n<p><a href=\"http:\/\/r.newsletter.50-50magazine.fr\/mk\/cl\/f\/jMw9p3rhJ-bxFn2UQGSh4YFOcK28R4u4dAS26EZ2ibhS0-g7Szh3XOkgskP6bsqkx3vGG1yBJ9EDz9r3ub0vXULHpQ2vzbedtg4DBaW_G0zQd0kIN8hnGmH-d-TIVcnLbZshKLsKHXRAaPW3AAaTGnmPYGI7JAggLGhrg33aak_1eAqz0GsqrhVxsE5AIfEnoT7J8hto_qta4sHeQ1qrzeiWi5Xn5Xsp7AOFlW8ZzrxdFmLRs4tT_syJMmFsXDj14NAomE1B_w6EBxLf9vYpv2I\">Qu\u2019est ce qu\u2019\u00eatre un homme en 2021 ? <\/a>(50\/50)<\/p>\n\n\n\n<p><a href=\"http:\/\/www.slate.fr\/story\/217272\/bonnes-feuilles-les-garconnes-christine-bard-autrement-annes-1920-emancipation-femmes\">Les gar\u00e7onnes des ann\u00e9es 1920, des figures subversives et r\u00e9solument modernes<\/a> (Slate)<\/p>\n\n\n\n<p><a href=\"http:\/\/www.slate.fr\/story\/217500\/dernier-duel-ridley-scott-recit-moderne-viol-jodie-comer-matt-damon-adam-driver\">\u00abLe Dernier Duel\u00bb, r\u00e9cit moderne d&rsquo;un viol m\u00e9di\u00e9val<\/a> (Slate)<\/p>\n\n\n\n<p><a href=\"https:\/\/www.publicsenat.fr\/article\/parlementaire\/les-quotas-une-necessite-pour-favoriser-l-acces-des-femmes-aux-postes\">Quotas : une n\u00e9cessit\u00e9 pour favoriser l\u2019acc\u00e8s des femmes aux&nbsp; postes de direction<\/a> (Public S\u00e9nat)<\/p>\n\n\n\n<p> <strong><span class=\"has-inline-color has-vivid-red-color\">24 Octobre en continu<\/span><\/strong> <\/p>\n\n\n\n<p><strong><a href=\"https:\/\/www.mediapart.fr\/journal\/france\/231021\/apres-le-moment-sandrine-rousseau-le-feminisme-cherche-sa-voie-electorale\">Apr\u00e8s \u00able moment Sandrine Rousseau\u00bb, le f\u00e9minisme cherche sa voie \u00e9lectorale<\/a> (MDP)<\/strong><\/p>\n\n\n\n<p><a href=\"https:\/\/www.courrierinternational.com\/article\/reportage-en-estonie-le-dernier-matriarcat-deurope?utm_source=batch-notif&amp;utm_medium=push-notification&amp;utm_campaign=batch-notif&amp;xtor=CS5-49\">En Estonie le dernier matriarcat d\u2018Europe?<\/a> (Courrier international)<\/p>\n\n\n\n<p><a href=\"http:\/\/www.slate.fr\/story\/217596\/mot-femme-controverse-etats-unis-personne-qui-a-ses-regles-trans-inclusif\">Le terme \u00ab femme \u00bb jug\u00e9 discriminant envers les trans aux USA<\/a> (Slate)<\/p>\n\n\n\n<p><a href=\"https:\/\/blogs.mediapart.fr\/aurore-evain\/blog\/201021\/metootheatre-se-souvenir-pour-mieux-combattre\">#MeTooTh\u00e9\u00e2tre : se souvenir pour mieux combattre <\/a>-Aurore Evain<\/p>\n\n\n\n<p><a href=\"https:\/\/blogs.mediapart.fr\/claudine-schalck\/blog\/231021\/faire-valoir-les-droits-des-sages-femmes-cest-enfin-ecouter-les-femmes\">Faire valoir les droits des sages-femmes, c&rsquo;est enfin \u00e9couter les femmes <\/a>-Claudine Schalck<\/p>\n\n\n\n<p><a href=\"https:\/\/www.francetvinfo.fr\/societe\/harcelement-sexuel\/video-dans-les-coulisses-de-la-plateforme-pour-les-victimes-d-inceste-et-de-violences-sexuelles_4817533.html\">Coulisses plateforme pour victimes inceste et violences sexuelles : \u00ab\u00a0Ca n&rsquo;arr\u00eate pas d&rsquo;appeler\u00a0\u00bb<\/a>(France Info)<\/p>\n\n\n\n<p><a href=\"http:\/\/r.newsletter.50-50magazine.fr\/mk\/cl\/f\/yFel5UcKfd3uisOY-p9YghQRJ-brh9_UEMW9BjD4NMCwqvrcI9rbm8qJX38mgaRBujw7Oa3_OgB9Wr03T9nnN5KvImvmBB886YO7PNEJA0fMaTQyD8CrLj-d5jYScb5Ovon-ePrv-aVEeocj7HQC9roBBDmeJwXVIfg8UU6YWP4kqBXllmWh9NlrM5Q9RK60pGFH-gdenNc60ZgP4b1QwTmZVsO6TErSk9wxKbIiUkeaYWidS60POlONDUdh4BP0Dw8qiUVUx_Mzje8a5tDZ4Y2WAU-5yJf9_xIhyPmAdb6bWWA\">Le planning familial aux c\u00f4t\u00e9s des exclues de l\u2019IVG<\/a> (50\/50)<\/p>\n\n\n\n<p><strong><a href=\"http:\/\/www.slate.fr\/story\/217182\/femmes-francaises-plus-insatisfaites-vie-sexuelle-desir-libido-europe\">Pourquoi les Fran\u00e7aises sont particuli\u00e8rement insatisfaites de leur vie sexuelle<\/a> (Slate)<\/strong><\/p>\n\n\n\n<figure class=\"wp-block-image is-resized is-style-default\"><img data-recalc-dims=\"1\" loading=\"lazy\" decoding=\"async\" src=\"https:\/\/i0.wp.com\/www.slate.fr\/sites\/default\/files\/styles\/1060x523\/public\/lux-graves-tcrwppxr2xk-unsplash_1.jpeg?resize=490%2C242&#038;ssl=1\" alt=\"Essayer d'agir sur les facteurs qui diminuent la libido est une piste \u00e0 suivre pour s'\u00e9panouir sexuellement. | Lux Graves via Unsplash\u00a0\" width=\"490\" height=\"242\"\/><\/figure>\n\n\n\n<p><a href=\"http:\/\/r.newsletter.50-50magazine.fr\/mk\/cl\/f\/f2dhO0HWc7MUdelsvWMgV8VBfvXgdVAXE-q783Ipjmzb-uKwHIJyaeEOMTad0yDUcIfzDoKc8oKWJGeK2ApZO-BFRGkzk-DGQ7ROV7rFPftmc4H9-taWFPCk-VShNNmnAdmlM0t3tRbmMBCZ-PZSpqq7TrmjD_AnyVYp3kk4ZKrsMXLxVWva4qwKB-HaKC6agkNwN6z-PK0Pf6pV5LPtgA5epZtZhH7Wb5t2W1BkIE-CILalhw8pw-xMsJNglOx7fiLn4mHemgBVgJs--BwsyuvH5kS3IwHAGeDVdpJA33i9qw\">Chattologie ou l\u2019art de fixer de nouvelles r\u00e8gles<\/a> (50\/50)<\/p>\n\n\n\n<p><a href=\"http:\/\/www.slate.fr\/story\/217356\/pays-bas-mariages-homosexuels-famille-royale-pas-renoncement-trone-princesse-catharina-amalia\">Mariages homosexuels possibles au sein de la famille royale n\u00e9erlandaise, sans perdre acc\u00e8s au tr\u00f4ne<\/a> (Slate)<\/p>\n\n\n\n<figure class=\"wp-block-image is-resized is-style-default\"><img data-recalc-dims=\"1\" loading=\"lazy\" decoding=\"async\" src=\"https:\/\/i0.wp.com\/static.mediapart.fr\/etmagine\/default\/files\/2021\/10\/22\/l-ombre-du-z-1024x864.jpg?resize=386%2C326&#038;ssl=1\" alt=\"l-ombre-du-z-1024x864\" width=\"386\" height=\"326\"\/><\/figure>\n\n\n\n<p> <strong><span class=\"has-inline-color has-vivid-red-color\">23 Octobre en continu<\/span><\/strong> <\/p>\n\n\n\n<p><a href=\"http:\/\/www.cafepedagogique.net\/lexpresso\/Pages\/2021\/10\/22102021Article637704828579031976.aspx\">G.Combaz&nbsp;: Paradoxe de la f\u00e9minisation dans l\u2019Education Nationale<\/a>&nbsp;(Caf\u00e9 p\u00e9dagogique)<\/p>\n\n\n\n<p><a href=\"https:\/\/www.francetvinfo.fr\/societe\/violences-faites-aux-femmes\/charte-contre-les-violences-gynecologiques-ce-qu-un-professionnel-doit-faire-et-ne-pas-faire-lors-d-une-consultation_4817495.html\">Charte contre violences gyn\u00e9cologiques : ce qu&rsquo;un professionnel doit faire ou pas en consultation<\/a> (France Info)<\/p>\n\n\n\n<p><a href=\"https:\/\/www.saphirnews.com\/La-paternite-dans-le-judaisme-le-christianisme-et-l-islam-exploree-par-Isabelle-Levy_a28384.html\">La paternit\u00e9 dans le juda\u00efsme, le christianisme et l&rsquo;islam, explor\u00e9e par Isabelle L\u00e9vy<\/a> (SaphirNews)&nbsp;<\/p>\n\n\n\n<p><a href=\"https:\/\/email.mg-d1.substack.com\/c\/eJw9kUtuxCAMhk8z7BIFQh4sWHTTa0QOOBlaHhGQqaanrzMjVUIWtn_b8NlAxT3lpz5SqewyS30eqCP-FI-1YmZnwbw4q7mc-KRUz6zu1drNZmSuLFtGDOC8rvlEdpyrdwaqS_EqEb0au47dNeeDUMM8DH3Xj3Ja5Qp824yyfASu1vU9GU7rMBrU-MD8TBGZ1_daj3LrP27ik46Bw2UM6dGmvJO_ZTLh9NUFtA6al7-Dx-zwypCU9M3DPSBWbDyWJtOEFGumq6NYjq_XwpWypIAmQDZ3bEKK1NEjRUuzYQhYqCNzWnSC804IPnPRyVa0gxJmnOQ0AIyin0Vb5f3rd579TXZhbyxvy7mWCua7NSmwrL_CeuadfksCkyxW9G3E2tp0AVxIFM7o6nPBCKtH-2Zb3zt60V52jJhpd3aBqvnYSyXGXgxy5G-UBF8KNXVi5oym20RVUf_j2zJEA678Ad_5rtU\">M\u00e9moire vivante : les Rencontres internationales de la Marche Mondiale des Femmes<\/a> (Capire)<\/p>\n\n\n\n<figure class=\"wp-block-image is-resized is-style-default\"><img data-recalc-dims=\"1\" loading=\"lazy\" decoding=\"async\" src=\"https:\/\/i0.wp.com\/capiremov.org\/wp-content\/uploads\/2021\/10\/encontrosmmm.png?resize=509%2C247&#038;ssl=1\" alt=\"\" width=\"509\" height=\"247\"\/><\/figure>\n\n\n\n<p><a href=\"https:\/\/email.mg-d1.substack.com\/c\/eJw9kc2u3CAMhZ9m2CUCh0nIgkU3fY3IAWeG2wRSfqZKn76eO1IlZGF0zLE_O6z0SPmyZypVvMNSr5NspD9lp1opi1YoL8FbpSc1zfMgvB3mVRo3ilCWLRMdGHZbcyNxtnUPDmtI8V0CwzxKKZ52RLdJgwa8NwjjpO5ktDZSgR48bPrjjM0Hio4svShfKZLY7bPWs9yGHzf4ycfhGTId6dWn_OB8yxww4n4V4tuO3UZHiKF8t9B56vjpxPbKVKlrkTiJniXU_W6hqxnZqbCKOpdiDZFi7fCgzEOEyD-KYEGCUhJAGQVS99DfZ3DjpKc74giDgb7q59dfY_ablsej86ovbS0V3a_epUNk-3WsLT94Oha45LmVvY9Ue5_ewBYWHS2Gei0Ucd3Jf1jWz06-6S4PipR5V37BatU46BnGAe56VB90DFvDPEkwSrC7T1wV7X9cW8bIE5V_pjKo6g\">La f\u00e9minisation de la pauvret\u00e9, une pand\u00e9mie qui traverse le continent am\u00e9ricain<\/a> (Capire)<\/p>\n\n\n\n<p><a href=\"http:\/\/r.newsletter.50-50magazine.fr\/mk\/cl\/f\/6X_fjyiNT2ac6KRmgOvRQjY4MUkjh_2Eib7FYvkl28rGvxSBCmVPK5p2QKu7cHka78fyENvsjBDwnfWysTHBG1ImyS7wmPOA_EFPejXqDMWHBhYWCioVyGJwqFKZZiPYLQGOCbWdMFgWu5CaI0YV2s74rjj_92exvz_NoryxtP4Fbu7U73kCUL9kQ0efr58INCGYsWQ_ywj5WOI-h-VNsuZ4Kzd-ODPl_KG7IatqyMRtL-6JmI7pHXcoi59FtH-0gKibcsvZ-e33elRz1_82Nh5qv0yH_U4SvqiE\">Exigeons la suspension du professeur Dara\u00ef !<\/a> (50\/50)<\/p>\n\n\n\n<p><a href=\"http:\/\/feedproxy.google.com\/~r\/Rue89Strasbourg\/~3\/xzuLK34kosc\/algerienne-violences-conjugales-rue-enfants-219513\">Alg\u00e9rienne et victime de violences conjugales, elle est mise \u00e0 la rue avec ses deux enfants<\/a> (Rue89 Strasbourg)<\/p>\n\n\n\n<p><a href=\"https:\/\/www.boursorama.com\/actualite-economique\/actualites\/la-cour-supreme-examinera-le-1er-novembre-la-loi-du-texas-sur-l-avortement-qui-reste-en-vigueur-1d34ef3a08e7ddffc12a443acc014401\">La Cour supr\u00eame examinera le 1er novembre la loi du Texas sur l&rsquo;avortement, qui reste en vigueur<\/a> (AFP)<\/p>\n\n\n\n<p><a href=\"http:\/\/r.newsletter.50-50magazine.fr\/mk\/cl\/f\/yFel5UcKfd3uisOY-p9YghQRJ-brh9_UEMW9BjD4NMCwqvrcI9rbm8qJX38mgaRBujw7Oa3_OgB9Wr03T9nnN5KvImvmBB886YO7PNEJA0fMaTQyD8CrLj-d5jYScb5Ovon-ePrv-aVEeocj7HQC9roBBDmeJwXVIfg8UU6YWP4kqBXllmWh9NlrM5Q9RK60pGFH-gdenNc60ZgP4b1QwTmZVsO6TErSk9wxKbIiUkeaYWidS60POlONDUdh4BP0Dw8qiUVUx_Mzje8a5tDZ4Y2WAU-5yJf9_xIhyPmAdb6bWWA\">Le planning familial aux c\u00f4t\u00e9s des exclues de l\u2019IVG<\/a> (50\/50)<\/p>\n\n\n\n<p><strong><a href=\"https:\/\/entreleslignesentrelesmots.blog\/2021\/10\/12\/feminisme-internationaliste-et-solidaire-pour-renverser-lautoritarisme\/\">F\u00e9minisme internationaliste et solidaire pour renverser&nbsp;l\u2019autoritarisme<\/a> (Entre les mots)<\/strong>&nbsp;<\/p>\n\n\n\n<p><strong><span class=\"has-inline-color has-vivid-red-color\">22 Octobre en continu<\/span><\/strong><\/p>\n\n\n\n<p><a href=\"https:\/\/www.lesnouvellesnews.fr\/le-womens-forum-appelle-le-g20-a-une-relance-inclusive\/\">Le women\u2019s forum appelle le G20 \u00e0 une relance inclusive<\/a> (Les Nouvelles News)<\/p>\n\n\n\n<p><a href=\"https:\/\/entreleslignesentrelesmots.blog\/2021\/10\/15\/appel-a-un-rassemblement-en-soutien-a-la-journaliste-et-feministe-arroi-baraket-contre-les-violences-policieres\/\">Appel rassemblement soutien \u00e0 journaliste et f\u00e9ministe Arroi Baraket&nbsp;contre violences polici\u00e8res&nbsp;!<\/a> (Entre les mots)<\/p>\n\n\n\n<p><a href=\"http:\/\/www.slate.fr\/story\/217332\/r-kelly-reconnu-coupable-trafic-sexuel-ventes-dalbums-augmenter-517-pourcents\">Reconnu coupable de \u00abtrafic sexuel\u00bb, R. Kelly voit ses ventes d&rsquo;albums augmenter de 517%<\/a> (Slate)<\/p>\n\n\n\n<p><a href=\"https:\/\/entreleslignesentrelesmots.blog\/2021\/10\/17\/%ef%bf%bcaffaire-alexandra-richard-la-cour-dappel-de-rouen-emprisonne-les-victimes-%ef%bf%bc\/\">Affaire Alexandra Richard. La cour d\u2019appel de Rouen emprisonne les victimes&nbsp;!<\/a> (Entre les mots)<\/p>\n\n\n\n<p><a href=\"http:\/\/www.slate.fr\/societe\/femmes-de-dessein\/frances-macdonald-peintre-pionniere-singuliere-art-nouveau-klimt\">Frances MacDonald, artiste pr\u00e9curseuse de l&rsquo;Art Nouveau \u00e9vinc\u00e9e par ses pairs<\/a> (Slate)<\/p>\n\n\n\n<p><a href=\"http:\/\/www.slate.fr\/story\/216924\/trans-30000-dollars-mauvais-pronoms-violation-droit-humain-canada\">Une personne trans re\u00e7oit 30.000 dollars pour le mauvais emploi de son pronom<\/a> (Slate)<\/p>\n\n\n\n<p><strong><a href=\"https:\/\/www.boursorama.com\/actualite-economique\/actualites\/benin-l-assemblee-vote-la-legalisation-de-l-avortement-e4800f8907e88a33c17c6c59992bdade\">B\u00e9nin: l&rsquo;Assembl\u00e9e vote la l\u00e9galisation de l&rsquo;avortement<\/a> (AFP)<\/strong><\/p>\n\n\n\n<p><strong><span class=\"has-inline-color has-vivid-red-color\">21 Octobre en continu<\/span><\/strong><\/p>\n\n\n\n<p><a href=\"https:\/\/play.acast.com\/s\/podcastine\/quandlesfemmesremixentlasceneelectro\">Quand les femmes remixent la sc\u00e8ne \u00e9lectro<\/a> (Podcastine)<\/p>\n\n\n\n<p><a href=\"https:\/\/www.humanite.fr\/ninja-thyberg-la-cineaste-feministe-qui-met-le-porno-nu-724561#xtor=RSS-1\">Ninja Thyberg, la cin\u00e9aste f\u00e9ministe qui met le porno \u00e0 nu<\/a> (L\u2019Humanit\u00e9)<\/p>\n\n\n\n<p><a href=\"https:\/\/theconversation.com\/marginales-mais-emancipees-les-femmes-au-service-des-transatlantiques-dans-les-annees-1930-165687\">Marginales mais \u00e9mancip\u00e9es, les femmes au service des transatlantiques dans ann\u00e9es 30<\/a> (The Conversation)<\/p>\n\n\n\n<p><a href=\"https:\/\/lanticapitaliste.org\/actualite\/feminisme\/face-la-police-la-double-peine-des-femmes-victimes-de-violences\">Face \u00e0 la police, la double peine des femmes victimes de violences<\/a> (L\u2019Anticapitaliste)<\/p>\n\n\n\n<p><a href=\"https:\/\/blogs.mediapart.fr\/martinestorti\/blog\/191021\/eric-zemmour-ou-la-haine-des-femmes\">\u00c9ric Zemmour ou la haine des femmes <\/a>-Martine Storti<\/p>\n\n\n\n<p><a href=\"http:\/\/www.slate.fr\/societe\/femmes-de-dessein\/cixi-imperatrice-histoire-vraie-regente-cachee-propulser-chine-modernite\">Cixi imp\u00e9ratrice: histoire vraie de la r\u00e9gente cach\u00e9e qui propulsa la Chine dans la modernit\u00e9<\/a>  (Slate)<\/p>\n\n\n\n<p><a href=\"http:\/\/www.slate.fr\/story\/217467\/menopause-femmes-impact-carriere-negatif-sondage-royaume-uni\">La m\u00e9nopause peut \u00eatre une p\u00e9riode cruciale (et cruelle) dans la vie professionnelle d&rsquo;une femme<\/a>  (Slate)<\/p>\n\n\n\n<p><a href=\"http:\/\/alencontre.org\/asie\/afghanistan\/comment-les-feministes-peuvent-soutenir-les-femmes-afghanes-vivant-sous-le-regime-des-talibans.html\">Comment les f\u00e9ministes peuvent soutenir les femmes afghanes vivant sous le r\u00e9gime des talibans&nbsp;<\/a> (Alencontre)<\/p>\n\n\n\n<figure class=\"wp-block-image size-full is-resized is-style-default\"><img data-recalc-dims=\"1\" loading=\"lazy\" decoding=\"async\" src=\"https:\/\/i0.wp.com\/www.rdpemancipation.org\/wp-content\/uploads\/2021\/10\/ElevesAfghanistan-1024x682-1.jpeg?resize=451%2C300&#038;ssl=1\" alt=\"\" class=\"wp-image-53261\" width=\"451\" height=\"300\" srcset=\"https:\/\/i0.wp.com\/www.rdpemancipation.org\/wp-content\/uploads\/2021\/10\/ElevesAfghanistan-1024x682-1.jpeg?w=1024&amp;ssl=1 1024w, https:\/\/i0.wp.com\/www.rdpemancipation.org\/wp-content\/uploads\/2021\/10\/ElevesAfghanistan-1024x682-1.jpeg?resize=300%2C200&amp;ssl=1 300w, https:\/\/i0.wp.com\/www.rdpemancipation.org\/wp-content\/uploads\/2021\/10\/ElevesAfghanistan-1024x682-1.jpeg?resize=768%2C512&amp;ssl=1 768w\" sizes=\"auto, (max-width: 451px) 100vw, 451px\" \/><\/figure>\n\n\n\n<p><strong><span class=\"has-inline-color has-vivid-red-color\">20 Octobre en continu<\/span><\/strong><\/p>\n\n\n\n<p><a href=\"https:\/\/www.streetpress.com\/sujet\/1634562039-queer-femmes-agression-sexisme-lesbophobie-insultes-coups-chauffeur-bus-noctilien-ratp-police-commissariat\">\u00c0 la sortie d\u2019une soir\u00e9e queer, trois femmes agress\u00e9es par un chauffeur de bus puis un policier<\/a> (StreetPress)<\/p>\n\n\n\n<p><a href=\"http:\/\/www.ieb.be\/Etude-sur-les-violences-subies-par-les-femmes-trans-a-Yser\">\u00c9tude sur les violences subies par les femmes trans \u00e0 Yser<\/a> (Inter-Environnement Bruxelles)<\/p>\n\n\n\n<p><a href=\"https:\/\/www.francetvinfo.fr\/societe\/religion\/pedophilie-de-l-eglise\/un-organiste-de-la-cathedrale-de-strasbourg-licencie-apres-avoir-ete-condamne-pour-harcelement-sexuel-sur-mineure_4813633.html\">Organiste cath\u00e9drale Strasbourg condamn\u00e9 et licenci\u00e9 pour harc\u00e8lement sexuel sur mineure<\/a> (France Info)<\/p>\n\n\n\n<p><a href=\"https:\/\/entreleslignesentrelesmots.blog\/2021\/10\/02\/systeme-energetique-et-justice-climatique-si-ce-nest-pas-feministe-ce-ne-sera-pas-juste\/\">Syst\u00e8me \u00e9nerg\u00e9tique et justice climatique&nbsp;: si ce n\u2019est pas f\u00e9ministe, ce ne sera pas&nbsp;juste<\/a> (Entre les lignes)<\/p>\n\n\n\n<p><a href=\"http:\/\/www.slate.fr\/story\/217221\/auteurs-violences-sexuelles-entre-etudiants-universite-profils-agresseurs-consentement-viol-agression\">Violences sexuelles entre \u00e9tudiants: les profils des agresseurs<\/a>  (Slate)<\/p>\n\n\n\n<p><a href=\"https:\/\/entreleslignesentrelesmots.blog\/2021\/10\/12\/nous-sommes-tellement-enervees-que-nous-navons-plus-peur-de-rien\/\">Nous sommes tellement \u00e9nerv\u00e9es que nous n\u2019avons plus peur de&nbsp;rien<\/a> (Entre les mots)<\/p>\n\n\n\n<p><strong><a href=\"https:\/\/www.axellemag.be\/temoignages-manifestation-contre-violences-sexuelles-ixelles\/\">T\u00e9moignages lors manif contre violences sexuelles Ixelles\u202f: \u201cVictime, on te croit, violeur, on te voit\u201d<\/a> (Axelle<\/strong>)<\/p>\n\n\n\n<p><a href=\"https:\/\/europe-solidaire.us8.list-manage.com\/track\/click?u=5c732dd5ee65845cf20fd724a&amp;id=63e6ef287f&amp;e=5df9c98670\">Au Japon, Online Safety for Sisters d\u00e9nonce la misogynie en ligne<\/a> (Courrier International)<\/p>\n\n\n\n<p><strong><a href=\"https:\/\/monde-libertaire.net\/?article=Entretien_avec_Iss_militante_anarcha-feministe_algerienne\">Entretien avec Iss, militante anarcha-f\u00e9ministe alg\u00e9rienne<\/a> (Le Monde Libertaire)<\/strong><\/p>\n\n\n\n<figure class=\"wp-block-image is-resized is-style-default\"><img data-recalc-dims=\"1\" loading=\"lazy\" decoding=\"async\" src=\"https:\/\/i0.wp.com\/monde-libertaire.net\/illus\/Iss_opt.jpg?resize=302%2C424&#038;ssl=1\" alt=\"\" width=\"302\" height=\"424\"\/><\/figure>\n\n\n\n<p><strong><span class=\"has-inline-color has-vivid-red-color\">19 Octobre en continu<\/span><\/strong><\/p>\n\n\n\n<p><a href=\"https:\/\/www.francetvinfo.fr\/culture\/tv\/miss-france\/le-collectif-osez-le-feminisme-attaque-miss-france-aux-prud-hommes_4812197.html\">L&rsquo;association Osez le f\u00e9minisme attaque la soci\u00e9t\u00e9 Miss France aux prud&rsquo;hommes<\/a>&nbsp; (France Info)<\/p>\n\n\n\n<figure class=\"wp-block-image is-resized is-style-default\"><img data-recalc-dims=\"1\" loading=\"lazy\" decoding=\"async\" src=\"https:\/\/i0.wp.com\/www.francetvinfo.fr\/pictures\/LsgaSVwC--xRI7nfF-R-ICu3flo\/752x423\/2021\/10\/18\/phpJ47qJD.jpg?resize=469%2C264&#038;ssl=1\" alt=\"Les candidates pour devenir Miss Nouvelle-Cal\u00e9donie \u00e0 Noum\u00e9a, le 21 ao\u00fbt 2021. (CLOTILDE RICHALET \/ HANS LUCAS \/ AFP)\" width=\"469\" height=\"264\"\/><\/figure>\n\n\n\n<p><a href=\"https:\/\/www.huffingtonpost.fr\/entry\/que-contient-le-plan-daction-contre-les-violences-sexuelles-et-sexistes-a-luniversite_fr_61698b01e4b00cb3cbd22f32\">Que contient le plan d\u2019action contre les violences sexuelles et sexistes \u00e0 l\u2019universit\u00e9&nbsp;?<\/a> (Huff<a href=\"http:\/\/huffingtonpost.fr\"> <\/a>Post)<\/p>\n\n\n\n<p><a href=\"https:\/\/www.francebleu.fr\/infos\/faits-divers-justice\/nancy-93-personnes-allongees-au-sol-pour-denoncer-les-feminicides-1634400710\">\u00c0 Nancy, 93 personnes s\u2019allongent au sol pour d\u00e9noncer les f\u00e9minicides<\/a> (francebleu.fr)<\/p>\n\n\n\n<p><strong><a href=\"https:\/\/www.huffingtonpost.fr\/entry\/un-gynecologue-du-val-doise-accuse-de-75-viols-et-14-agressions-sexuelles_fr_6166d501e4b0fcd00f98529e\">Un gyn\u00e9cologue du Val d\u2019Oise accus\u00e9 de 75 viols et 14 agressions sexuelles<\/a> (Huff Post) <\/strong><\/p>\n\n\n\n<p><a href=\"https:\/\/www.liberation.fr\/societe\/droits-des-femmes\/gynecologues-les-femmes-face-au-desert-medical-en-zone-rurale-20211014_TSUZKL6ZIZHHNLNCUB6NZNEPQM\/\">Gyn\u00e9cologues&nbsp;: les femmes face au d\u00e9sert m\u00e9dical en zone rurale<\/a> (Lib\u00e9ration)<\/p>\n\n\n\n<p><a href=\"https:\/\/www.mediacites.fr\/enquete\/toulouse\/2021\/10\/18\/comment-en-finir-avec-les-violences-obstetricales\/\">Comment en finir avec les violences obst\u00e9tricales<\/a> -Collectif Antidotes (Mediacit\u00e9s)<\/p>\n\n\n\n<p><a href=\"https:\/\/www.huffingtonpost.fr\/entry\/legalite-entre-les-femmes-et-les-hommes-doit-aussi-exister-au-sein-de-leglise-blog_fr_616403a8e4b0c1ab4bb635a5\">L\u2019\u00e9galit\u00e9 entre les femmes et les hommes doit aussi exister au sein de l\u2019\u00c9glise<\/a> (Huff Post)<\/p>\n\n\n\n<p><a href=\"https:\/\/www.lesnouvellesnews.fr\/les-organisateurs-de-miss-france-attaques-au-porte-monnaie\/\">Les organisateurs de Miss France attaqu\u00e9s au porte-monnaie<\/a> (Les Nouvelles News)<\/p>\n\n\n\n<p><strong><a href=\"https:\/\/blog.francetvinfo.fr\/l-instit-humeurs\/2021\/10\/16\/quelques-idees-recues-sur-la-langue-francaise-battues-en-breche-par-deux-linguistes.html\">Quelques id\u00e9es re\u00e7ues sur la langue fran\u00e7aise battues en br\u00e8che par deux linguistes<\/a> (blog France Info)<\/strong><\/p>\n\n\n\n<p><a href=\"https:\/\/www.huffingtonpost.fr\/entry\/la-vasectomie-et-le-preservatif-ne-sont-pas-les-seuls-contraceptifs-pour-hommes_fr_61658b89e4b06a986bd3fbe6\">La vasectomie et le pr\u00e9servatif ne sont pas les seuls contraceptifs pour hommes<\/a> (<a href=\"http:\/\/huffingtonpost.fr\">Huff Post<\/a>)<\/p>\n\n\n\n<figure class=\"wp-block-image is-resized is-style-default\"><img data-recalc-dims=\"1\" loading=\"lazy\" decoding=\"async\" src=\"https:\/\/i0.wp.com\/img.huffingtonpost.com\/asset\/6165b701240000a326507588.jpg?resize=462%2C260&#038;ssl=1\" alt=\"&quot;Les contracept\u00e9s&quot; paraissent en librairie, ce jeudi 14 octobre.\" width=\"462\" height=\"260\"\/><\/figure>\n\n\n\n<p><a href=\"https:\/\/lesjours.fr\/obsessions\/gynecologue-viols\/ep2-enquete-ralentie\/\">Violences sexuelles : \u00ab La justice nous a oubli\u00e9es, on est victimes une deuxi\u00e8me fois \u00bb<\/a> (Les Jours)<\/p>\n\n\n\n<p><a href=\"https:\/\/europe-solidaire.us8.list-manage.com\/track\/click?u=5c732dd5ee65845cf20fd724a&amp;id=ca75ff976c&amp;e=5df9c98670\">Le f\u00e9minisme face \u00e0 la chasse aux sorci\u00e8res, l&rsquo;usurpation de terres et le contr\u00f4le patriarcal en Inde<\/a> (ESSF)<\/p>\n\n\n\n<p><a href=\"https:\/\/europe-solidaire.us8.list-manage.com\/track\/click?u=5c732dd5ee65845cf20fd724a&amp;id=4e755ab83b&amp;e=5df9c98670\">Au Japon, \u201cl&rsquo;upskirting est une addiction\u201d<\/a> (ESSF)<\/p>\n\n\n\n<p><strong><a href=\"https:\/\/www.bondyblog.fr\/culture\/freda-ode-a-la-resistance-haitienne-et-feminine\/\">\u00ab Freda \u00bb : \u00d4de \u00e0 la r\u00e9sistance ha\u00eftienne et f\u00e9minine<\/a> (Le Bondy Blog)&nbsp;<\/strong><\/p>\n\n\n\n<figure class=\"wp-block-image is-resized is-style-default\"><img data-recalc-dims=\"1\" loading=\"lazy\" decoding=\"async\" src=\"https:\/\/i0.wp.com\/www.bondyblog.fr\/app\/uploads\/2021\/10\/5NMXFXHXGRF47NRUX6OMLTPIKM-1170x480-c-default.jpeg?resize=555%2C227&#038;ssl=1\" alt=\"\" width=\"555\" height=\"227\"\/><\/figure>\n\n\n\n<p><strong><span class=\"has-inline-color has-vivid-red-color\">18 Octobre en continu<\/span><\/strong><\/p>\n\n\n\n<p><a href=\"https:\/\/courrierdeuropecentrale.fr\/femmes-de-lest-et-hommes-de-louest-sur-le-marche-matrimonial-globalise-entretien-avec-laure-sizaire\/\">Femmes de l\u2019Est et hommes de l\u2019Ouest sur le march\u00e9 matrimonial globalis\u00e9<\/a> (Le Courrier d\u2019Europe centrale)<\/p>\n\n\n\n<p><a href=\"https:\/\/rue89bordeaux.com\/2021\/10\/feminicides-un-die-in-devant-le-commissariat-de-bordeaux-pour-denoncer-les-defaillances\/\">F\u00e9minicides : un die-in devant le commissariat de Bordeaux pour d\u00e9noncer les d\u00e9faillances<\/a> (Rue89 Bordeaux)<\/p>\n\n\n\n<p><a href=\"http:\/\/r.newsletter.50-50magazine.fr\/mk\/cl\/f\/xfAA1HGTvDVBZ4irwypt6Y-uFK1qHCA5DFgN5yQcafipsoFO2HqR6FnhRc-gVHYAMAATHIu6-5Nw3Y-G9hC-DRN6rkwxCsMyH17yD6W_Be60hC9ZXWLKKSWPKn1WWN01GVoLiVcIlJ6TXiWlZzXAC2e8mvUbkgJhjQQQZV6qroWnHg-z5EXBLOW-5wCQWuQIL_EUktk85PUHkDvNFg3l_MNtk6Bi7bYAVLl0gdTltLK7QNgybYeljClAWB3VUIrxkYSofoMUi47JY1G1E5uvnmV6M_QNjKh0WrPXkICRK60CI7BcPsYnDYaIBLncdfLsCWQJnE667iVW\">Pacte 2022 pour l&rsquo;\u00e9galit\u00e9 professionelle entre les femmes et les hommes !<\/a> (50\/50)<\/p>\n\n\n\n<p><strong><a href=\"https:\/\/www.youtube.com\/watch?v=05sQcY8ovAQ\" target=\"_blank\" rel=\"noreferrer noopener\">Debout les femmes : Celles qui ne sont rien mais qui font tout<\/a>&nbsp;&#8211; vid\u00e9o Blast<\/strong><\/p>\n\n\n\n<p><a href=\"https:\/\/www.youtube.com\/watch?v=j4DFw4Cq0yQ\" target=\"_blank\" rel=\"noreferrer noopener\">D\u00e9bats avec Fran\u00e7ois Ruffin apr\u00e8s la projection de \u00ab Debout les femmes \u00bb<\/a> (vid\u00e9o)<\/p>\n\n\n\n<figure class=\"wp-block-image is-resized is-style-default\" id=\"block-6521b4e3-d8e9-44fe-b37e-53e134212760\"><img data-recalc-dims=\"1\" loading=\"lazy\" decoding=\"async\" src=\"https:\/\/i0.wp.com\/capiremov.org\/wp-content\/uploads\/2021\/04\/6.-CiaraTaylor_USA-1-scaled.jpeg?resize=583%2C437&#038;ssl=1\" alt=\"O atributo alt desta imagem est\u00e1 vazio. O nome do arquivo \u00e9 6.-CiaraTaylor_USA-1-scaled.jpeg\" width=\"583\" height=\"437\"\/><\/figure>\n\n\n\n<p id=\"block-879a5b3f-f00b-4fef-843d-50c6b0c7dc01\"><sub>Clara Taylor\/Code Pink, \u00ab Vive la libert\u00e9 ! \u00bb, \u00c9tats-Unis<\/sub>.<sub>&nbsp;<\/sub><\/p>\n\n\n\n<p><strong><span class=\"has-inline-color has-vivid-red-color\">17 Octobre en continu<\/span><\/strong><\/p>\n\n\n\n<p><a href=\"https:\/\/www.boursorama.com\/actualite-economique\/actualites\/feminicides-des-die-in-pour-denoncer-les-defaillances-de-l-etat-2318107485abb8c9931933982ecdacd6\">F\u00e9minicides: des \u00ab\u00a0die-in\u00a0\u00bb pour d\u00e9noncer \u00ab\u00a0les d\u00e9faillances de l&rsquo;Etat\u00a0\u00bb<\/a> (AFP)<\/p>\n\n\n\n<p><strong><a href=\"https:\/\/www.francetvinfo.fr\/societe\/harcelement-sexuel\/un-rassemblement-du-collectif-metoo-theatre-a-paris-pour-denoncer-les-agressions-sexuelles-les-remarques-sexistes_4809983.html\">Rassemblement MeToo Th\u00e9\u00e2tre \u00e0 Paris pour d\u00e9noncer agressions sexuelles et remarques sexistes\u00a0\u00bb<\/a>(France Info)<\/strong><\/p>\n\n\n\n<figure class=\"wp-block-image is-resized is-style-default\"><img data-recalc-dims=\"1\" loading=\"lazy\" decoding=\"async\" src=\"https:\/\/i0.wp.com\/www.francetvinfo.fr\/pictures\/xSKZ61j3L8uePxInTY2p0dXrjew\/752x423\/2021\/10\/16\/php9kuyd4.jpg?resize=446%2C251&#038;ssl=1\" alt=\"Une des manifestantes contre les agressions sexuelles dans le monde de la culture, rassemblement organis\u00e9 par le collectif Metoo Th\u00e9\u00e2tre \u00e0 Paris le 16 octobre 2021 (CHRISTOPHE PETIT TESSON \/ EPA)\" width=\"446\" height=\"251\"\/><\/figure>\n\n\n\n<p><a href=\"https:\/\/www.placegrenet.fr\/2021\/10\/16\/etudiants-victimes-de-violences-sexuelles-et-sexistes-une-convention-signee-entre-le-parquet-de-grenoble-et-plusieurs-etablissements\/548780\">\u00c9tudiants victimes violences sexuelles et sexistes : convention sign\u00e9e avec parquet de Grenoble <\/a>(Place Gre\u2019net)<\/p>\n\n\n\n<p><a href=\"https:\/\/lepoing.net\/a-montpellier-des-feministes-en-colere-contre-les-carences-policieres-en-matiere-de-plaintes-video\/\">A Montpellier, des f\u00e9ministes en col\u00e8re contre les carences polici\u00e8res en mati\u00e8re de plaintes | Vid\u00e9o<\/a> (Le Poing)&nbsp;<\/p>\n\n\n\n<p><strong><a href=\"https:\/\/www.ina.fr\/ina-eclaire-actu\/yves-boisset-en-1975-dans-le-cinema-francais-la-femme-sert-d-objet\">Yves Boisset en 1975 : \u00ab\u00a0dans le cin\u00e9ma fran\u00e7ais, la femme sert d&rsquo;objet\u00a0\u00bb<\/a> -vid\u00e9o<\/strong><\/p>\n\n\n\n<p><a href=\"https:\/\/entreleslignesentrelesmots.blog\/2021\/10\/03\/le-feminisme-na-pas-gagne-en-occident-nous-regressons\/\">Le f\u00e9minisme n\u2019a pas gagn\u00e9 en Occident&nbsp;: nous&nbsp;r\u00e9gressons\u2026<\/a>-Julie Bindel (Entre les lignes)<\/p>\n\n\n\n<p><a href=\"https:\/\/www.theguardian.com\/technology\/2021\/oct\/15\/apple-janneke-parrish-fired-appletoo?CMP=Share_iOSApp_Other\">Apple renvoie employ\u00e9e qui protestait contre traitement des femmes au sein de la compagnie<\/a> (angl, Guardian)<\/p>\n\n\n\n<p><a href=\"https:\/\/www.theguardian.com\/us-news\/2021\/oct\/14\/texas-abortion-ban-federal-appeals-court-ruling?CMP=Share_iOSApp_Other\">Une cour d\u2019appel autorise le Texas \u00e0 reprendre l\u2019application de sa loi anti-avortement<\/a> (anglais -The Guardian)<\/p>\n\n\n\n<p><strong><span class=\"has-inline-color has-vivid-red-color\">16 Octobre en continu<\/span><\/strong><\/p>\n\n\n\n<p><a href=\"https:\/\/www.mediapart.fr\/journal\/france\/151021\/affaire-adele-haenel-la-garde-vue-de-christophe-ruggia-annulee\">Affaire Ad\u00e8le Haenel: la garde \u00e0 vue de Christophe Ruggia annul\u00e9e<\/a> (M\u00e9diapart)<\/p>\n\n\n\n<p><strong><a href=\"https:\/\/www.boursorama.com\/videos\/actualites\/doublepeine-des-victimes-de-viol-denoncent-l-accueil-de-la-police-3511675798c68a5be907f17ac4f65c5b\">#DoublePeine : des victimes de viol d\u00e9noncent l&rsquo;accueil de la police<\/a> (FRANCE 24)<\/strong><\/p>\n\n\n\n<p><a href=\"https:\/\/www.boursorama.com\/actualite-economique\/actualites\/universite-plan-d-action-contre-les-violences-sexuelles-et-sexistes-d2b56748044a1b819501bbf58c73e184\">Universit\u00e9: plan d&rsquo;action contre les violences sexuelles et sexistes<\/a> (AFP)<\/p>\n\n\n\n<p><strong><a href=\"https:\/\/www.revolutionpermanente.fr\/Violences-sexuelles-TF1-offre-une-tribune-au-gynecologue-accuse-par-plus-de-soixante-femmes\">Violences sexuelles. TF1 offre une tribune au gyn\u00e9cologue accus\u00e9 par plus de soixante femmes<\/a> (RP<\/strong>)<\/p>\n\n\n\n<p><a href=\"https:\/\/dieses.fr\/rose-et-bleu-les-couleurs-du-genre\">Rose et bleu, les couleurs du genre <\/a>par Scarlett Beauvalet (Di\u00e8ses)<\/p>\n\n\n\n<p><a href=\"https:\/\/lecourrier.ch\/2021\/10\/14\/la-danse-vit-son-metoo\/\">La danse vit son MeToo<\/a> par Marc Lalive (Le Courrier)<\/p>\n\n\n\n<figure class=\"wp-block-image is-resized is-style-default\"><img data-recalc-dims=\"1\" loading=\"lazy\" decoding=\"async\" src=\"https:\/\/i0.wp.com\/lecourrier.ch\/app\/uploads\/2021\/10\/la-danse-vit-son-metoo-936x546.jpg?resize=516%2C300&#038;ssl=1\" alt=\"La danse vit son metoo\" width=\"516\" height=\"300\"\/><\/figure>\n\n\n\n<p><a href=\"http:\/\/r.newsletter.50-50magazine.fr\/mk\/cl\/f\/dHEN1jm9EKdNXyC1mSzdekmdAxUSIuOn9E61J05U2NLlrAVTs2bTYukounyfmZP3exZoj0nJXaEr7O63kbSrC-pRgxMcYYH-5aNspmn855V8gkDoQrnLRt-8elYQXi1mw4G53oC3mNnnbMsQUkKGRrv7gmujIE6akoQQ9bHABAdrXlNWwx0rX95CzufJz3mcyGfKZE2DnUSlu8m5bUuiHvJfZnId59o6KDngrOpLmloLEUdS9Th9JHH_4z1-T3eQAi3plaOnA95gKjSO3PQdjRzILCkDuyrfoQ_zPkgOXG8uWwAKcT20sZBI8rZhuHpAy8PAJVF-f-K9L0104MdnuGixWPRXYdM\">Trente ans apr\u00e8s : la RDA a des choses \u00e0 nous apprendre en mati\u00e8re d\u2019\u00e9galit\u00e9 femmes\/hommes<\/a> (50\/50)<\/p>\n\n\n\n<p><a href=\"http:\/\/www.slate.fr\/story\/216093\/retour-bimbo-2021-reseaux-sociaux-nouvelle-generation-feminisme-progressisme-engagement\">La g\u00e9n\u00e9ration Z r\u00e9invente la bimbo<\/a> par Audrey Renault (Slate)<\/p>\n\n\n\n<p><a href=\"http:\/\/r.newsletter.50-50magazine.fr\/mk\/cl\/f\/gluNy7Npo1EflAFImW_haAWv2jnKFN3klY_CuftNEkHYrGdKYZ2eASvzIdqitoEi6-ioedWfzWzn0Cy1Ka62ptaRaeT41n8jFfXxvR0JvMqK-IC2WDFxZrBCeMHH7wjR1ESD9JQV5JrXSrSFqXT6vto0doez2PDSuw91ilFsd2OzSFuNmX2Y0SFXCd-O9BpD-QxZ0JookL3GikNvwvR9K8kdBFXFDO_IPMhccrVOYv1VN27KesvW41GAzEjrLng7UOOwVuQiH733YP73acr1TOFTI4Esls4v5x-ODWOuPz5U-ZU\">Marcello, Duchesse, Sculptrice et Artiste de la Cour<\/a> (50\/50)<\/p>\n\n\n\n<p><strong><span class=\"has-inline-color has-vivid-red-color\">15 Octobre en continu<\/span><\/strong><\/p>\n\n\n\n<p><a href=\"https:\/\/www.blast-info.fr\/articles\/2021\/debout-les-femmes-celles-qui-ne-sont-rien-mais-qui-font-tout-d6Q1mKBDRQeTTvNj-RBfNA\">Debout les femmes : celles \u00ab\u00a0qui ne sont rien\u00a0\u00bb, mais qui font tout<\/a> (vid\u00e9o Blast)<\/p>\n\n\n\n<p><a href=\"https:\/\/www.bondyblog.fr\/societe\/emploi\/racisme-et-harcelement-sexuel-en-open-space-elle-poursuit-son-entreprise\/\">Racisme et harc\u00e8lement sexuel en open space : elle poursuit son entreprise en justice<\/a> (Le Bondy Blog)<\/p>\n\n\n\n<p><a href=\"http:\/\/cadtm.org\/Pour-un-feminisme-intersectionnel-et-universaliste\">Pour un f\u00e9minisme intersectionnel et universaliste<\/a> (CADTM)&nbsp;<\/p>\n\n\n\n<p><a href=\"https:\/\/entreleslignesentrelesmots.blog\/2021\/10\/02\/bingo-feministe-occupez-vous-plutot-de\/\">Bingo F\u00e9ministe: \u00ab&nbsp;occupez-vous plut\u00f4t de\u2026&nbsp;\u00bb<\/a>-Francine Sporenda (Entre les lignes)<\/p>\n\n\n\n<p><strong><a href=\"https:\/\/link.newsletter.franceculture.fr\/m\/surl\/7429\/686845\/pqn_67HxV9FMiLzlP4FWUm9C5lXTLJmivm821gAfcU8=\/link_4\/1a5dkrgBcsLgHQ4bNduzM8OcIRVe0hK889J9xFyFxuB4TAOkDpUDLbhK1NMJpM4c-QNwUDjaNCg2kC8mU68D6dUSopr+orGK-bORjLMjPCumzKfZV-9UKbFaypGtjTAvyboGN6Bum50mBR7U2VNW2+eoeIPBkMFKTI1ZrLGZzBsGBySUhad-q7Bhf0M9dZD10ExAm7LRquADL9J09Ck-uDjUedEjq9Wz-xFuO6gs55nn+66nvbpeursOwKYHDuz4sflE3bzswWcky2JJc7zUoPx2sUzpnXFMrXu7FdbK7ix-yiy1btWJgxX2cMmWPJuDhotthXSbKW27QDvcHO0ovyA2BhkrZaKpRdlBMM+SGKFwbIW5uxh8FnH69LctjchK\">Denis Mukwege : soigner les femmes pour r\u00e9parer le monde<\/a> (France Culture)<\/strong><\/p>\n\n\n\n<p><strong><span class=\"has-inline-color has-vivid-red-color\">14 Octobre en continu<\/span><\/strong><\/p>\n\n\n\n<p><a href=\"https:\/\/theconversation.com\/que-sait-on-des-auteurs-de-violences-sexuelles-entre-etudiants-140963?utm_medium=email&amp;utm_campaign=La%20lettre%20de%20The%20Conversation%20France%20du%2010%20octobre%202021%20-%202083320568&amp;utm_content=La%20lettre%20de%20The%20Conversation%20France%20du%2010%20octobre%202021%20-%202083320568+CID_647268d4150024ca709a59bb65eb13cc&amp;utm_source=campaign_monitor_fr&amp;utm_term=Que%20sait-on%20des%20auteurs%20de%20violences%20sexuelles%20entre%20tudiants\" target=\"_blank\" rel=\"noreferrer noopener\">Que sait-on des&nbsp;auteurs de&nbsp;violences sexuelles entre&nbsp;\u00e9tudiants&nbsp;?<\/a>&nbsp;(The Conversation)<\/p>\n\n\n\n<p><a href=\"https:\/\/www.letemps.ch\/culture\/femme-rebelle-moyenorient-loccident?utm_source=Newsletters&amp;utm_campaign=023bf1462e-newsletter_briefing&amp;utm_medium=email&amp;utm_term=0_56c41a402e-023bf1462e-110294673\" target=\"_blank\" rel=\"noreferrer noopener\">Etre femme et rebelle, du Moyen-Orient \u00e0 l\u2019Occident<\/a>&nbsp;(Le Temps)<\/p>\n\n\n\n<p><a href=\"https:\/\/usbeketrica.com\/fr\/article\/mesdames-l-heterosexualite-a-un-cout-le-voici-chiffre-pour-la-premiere-fois?utm_source=Futur+%21&amp;utm_campaign=c96e05ec02-EMAIL_CAMPAIGN_2021_10_11_05_50&amp;utm_medium=email&amp;utm_term=0_a9d8dccd24-c96e05ec02-43336799\" target=\"_blank\" rel=\"noreferrer noopener\">Mesdames, l\u2019h\u00e9t\u00e9rosexualit\u00e9 a un co\u00fbt, le voici chiffr\u00e9 pour la premi\u00e8re fois<\/a>&nbsp;\u2013 Usbek &amp; Rica<\/p>\n\n\n\n<p><strong><a href=\"https:\/\/francais.rt.com\/france\/91558-nouveau-superman-sera-bisexuel-implique-defense-climet-refugies\" target=\"_blank\" rel=\"noreferrer noopener\">Le nouveau Superman sera bisexuel et impliqu\u00e9 dans la d\u00e9fense du climat et des r\u00e9fugi\u00e9s<\/a>&nbsp;(RT France)<\/strong><\/p>\n\n\n\n<p><a href=\"https:\/\/fr.statista.com\/infographie\/25950\/evolution-part-de-femmes-parmi-les-laureats-du-prix-nobel\/?utm_source=Statista+Newsletters&amp;utm_campaign=b6f1b778f1-All_InfographTicker_daily_FR_2021_KW41_Tue&amp;utm_medium=email&amp;utm_term=0_662f7ed75e-b6f1b778f1-316414913\" target=\"_blank\" rel=\"noreferrer noopener\">Prix Nobel : la lente conqu\u00eate des femmes<\/a>&nbsp;(Statista)<\/p>\n\n\n\n<p><a href=\"https:\/\/www.letemps.ch\/culture\/retour-creatives-hymne-joie-feminine?utm_source=Newsletters&amp;utm_campaign=8660291ecb-newsletter_briefing&amp;utm_medium=email&amp;utm_term=0_56c41a402e-8660291ecb-110294673\" target=\"_blank\" rel=\"noreferrer noopener\">Le retour des Cr\u00e9atives, hymne \u00e0 la joie f\u00e9minine<\/a>&nbsp;(Le Temps)<\/p>\n\n\n\n<p><a href=\"https:\/\/www.la-croix.com\/Sciences-et-ethique\/lente-reconnaissance-violences-gynecologiques-2021-10-11-1201179973?utm_source=newsletter&amp;utm_medium=email&amp;utm_content=20211011&amp;utm_campaign=NEWSLETTER__CRX_SOIR_EDITO&amp;_ope=eyJndWlkIjoiYjFmOWRmZWI3ZTllZGE1NTM1NTJmMGIzNWYwZGIyYjcifQ==\" target=\"_blank\" rel=\"noreferrer noopener\">La lente reconnaissance des violences gyn\u00e9cologiques<\/a>&nbsp; (La Croix)<\/p>\n\n\n\n<p><a href=\"https:\/\/lempaille.fr\/vasec-story\">Vasec-story<\/a> (L\u2019Empaill\u00e9)<\/p>\n\n\n\n<figure class=\"wp-block-image is-resized is-style-default\"><img data-recalc-dims=\"1\" loading=\"lazy\" decoding=\"async\" src=\"https:\/\/i0.wp.com\/lempaille.fr\/wp-content\/uploads\/2021\/10\/Capture-de%CC%81cran-2021-10-07-a%CC%80-09.13.31.png?resize=366%2C385&#038;ssl=1\" alt=\"\" class=\"wp-image-768\" width=\"366\" height=\"385\"\/><\/figure>\n\n\n\n<p><strong><span class=\"has-inline-color has-vivid-red-color\">13 Octobre en continu<\/span><\/strong><\/p>\n\n\n\n<p><a href=\"https:\/\/www.lemediatv.fr\/emissions\/2021\/violences-obstetricales-le-grand-tabou-2BVtHiTtRsWzIatnSluLKg\">Violences obst\u00e9tricales : le grand tabou ?<\/a> (vid\u00e9o Le M\u00e9dia)<\/p>\n\n\n\n<p><strong><a href=\"https:\/\/lanticapitaliste.org\/videos\/violences-gynecologiques-et-obstetricales-soigner-nest-pas-violer\">Violences gyn\u00e9cologiques et obst\u00e9tricales : Soigner n\u2019est pas violer !<\/a> (vid\u00e9o L\u2019Anticapitaliste)<\/strong><\/p>\n\n\n\n<p><a href=\"https:\/\/www.mediapart.fr\/journal\/culture-idees\/121021\/avec-debout-les-femmes-ruffin-et-perret-reaffirment-l-utilite-politique-du-cinema\">Avec \u00abDebout les femmes!\u00bb, Ruffin et Perret r\u00e9affirment l\u2019utilit\u00e9 politique du cin\u00e9ma<\/a> (M\u00e9diapart)<\/p>\n\n\n\n<p><a href=\"https:\/\/www.lesnouvellesnews.fr\/soso-maness-le-rappeur-un-peu-feministe-sur-les-bords\/\">Soso Maness, le rappeur \u00ab un peu f\u00e9ministe sur les bords \u00bb<\/a> (Les Nouvelles News)<\/p>\n\n\n\n<p><a href=\"https:\/\/www.lesnouvellesnews.fr\/monsieur-la-rapporteur-la-feminisation-des-titres-ne-passe-toujours-pas-a-droite\/\">\u00ab Monsieur LA rapporteur \u00bb, la f\u00e9minisation des titres ne passe toujours pas \u00e0 droite<\/a> (Les Nouvelles News)<\/p>\n\n\n\n<p><a href=\"https:\/\/www.lesnouvellesnews.fr\/nobel-maria-ressa-et-12-hommes\/\">Nobel : Maria Ressa et 12 hommes<\/a> (Les Nouvelles News)<\/p>\n\n\n\n<p><strong><a href=\"https:\/\/basta.media\/Futur-e-s-deconstruire-les-mythes-et-re-contruire-l-avenir-autour-de-l\">Futur.e.s : \u00ab d\u00e9construire les mythes \u00bb et \u00ab (re)contruire l&rsquo;avenir \u00bb autour de l&rsquo;\u00e9cof\u00e9minisme<\/a> (Basta!)<\/strong><\/p>\n\n\n\n<figure class=\"wp-block-image is-resized is-style-default\"><img data-recalc-dims=\"1\" loading=\"lazy\" decoding=\"async\" src=\"https:\/\/i0.wp.com\/basta.media\/local\/adapt-img\/720\/10x\/IMG\/logo\/arton8571.jpg?resize=486%2C323&#038;ssl=1\" alt=\"\" width=\"486\" height=\"323\"\/><\/figure>\n\n\n\n<p><a href=\"http:\/\/www.slate.fr\/story\/216210\/james-bond-violeur-dans-premiers-films-estime-realisateur-cary-fukunaga\">Bond se comportait comme violeur dans ses premiers films, r\u00e9alisateur de \u00abMourir peut attendre\u00bb<\/a>  (Slate)<\/p>\n\n\n\n<p><a href=\"https:\/\/www.boursorama.com\/actualite-economique\/actualites\/affaire-epstein-la-police-britannique-clot-son-enquete-sur-les-accusations-contre-le-prince-andrew-655ccaf782b58e08ea92bbb5d629cf5d\">Affaire Epstein: La police britannique cl\u00f4t son enqu\u00eate sur les accusations contre le prince Andrew<\/a> (Reuters)<\/p>\n\n\n\n<p><strong><span class=\"has-inline-color has-vivid-red-color\">12 Octobre en continu<\/span><\/strong><\/p>\n\n\n\n<p><a href=\"https:\/\/www.lesnouvellesnews.fr\/les-premieres-de-cordee-debout-les-femmes\/\">Les Premi\u00e8res de cord\u00e9e : \u00ab Debout les femmes \u00bb<\/a> (Les Nouvelles News)<\/p>\n\n\n\n<p><a href=\"https:\/\/www.numerama.com\/pop-culture\/745544-fuite-de-twitch-seulement-3-femmes-sur-les-100-streameurs-les-mieux-payes-au-monde.html\">Fuite de Twitch&nbsp;: seulement 3 femmes sur les 100 streameurs les mieux pay\u00e9s au monde<\/a> (Numerama)<\/p>\n\n\n\n<p><a href=\"https:\/\/www.liberation.fr\/societe\/a-centralesupelec-des-dizaines-detudiants-relatent-une-centaine-dagressions-sexuelles-et-de-viols-en-un-an-20211007_JQNZTRTQ5BE35DDCZ6IJPTM7FM\/\">\u00c0 CentraleSup\u00e9lec, dizaines d\u2019\u00e9tudiant(e)s relatent centaine d\u2019agressions sexuelles et viols en un an<\/a> (Lib\u00e9ration)<\/p>\n\n\n\n<p><a href=\"https:\/\/www.lemediatv.fr\/emissions\/2021\/therapies-de-conversion-il-faut-en-finir-1_skR1CdSCixzcDtRMb14w\">Th\u00e9rapies de conversion : il faut en finir !<\/a> (Le M\u00e9dia)<\/p>\n\n\n\n<p><strong>Monde<\/strong><\/p>\n\n\n\n<p><a href=\"http:\/\/cadtm.org\/Le-feminisme-face-a-la-chasse-aux-sorcieres-l-usurpation-de-terres-et-le\">Le f\u00e9minisme face \u00e0 la chasse aux sorci\u00e8res, l&rsquo;usurpation de terres et le contr\u00f4le patriarcal en Inde<\/a> (CADTM)<\/p>\n\n\n\n<p><a href=\"https:\/\/www.revue-ballast.fr\/yan-bin-aux-origines-du-feminisme-chinois\/\">Yan Bin : aux origines du f\u00e9minisme chinois<\/a> (Ballast)<\/p>\n\n\n\n<p><strong>Analyse<\/strong><\/p>\n\n\n\n<p><strong><a href=\"https:\/\/revolutionfeministe.wordpress.com\/2021\/10\/10\/pourquoi-les-hommes-ont-peur-de-la-sexualite-libre-des-femmes\/\">Pourquoi les hommes ont peur (de la sexualit\u00e9 libre) des femmes<\/a> (Revolution f\u00e9ministe)<\/strong><\/p>\n\n\n\n<figure class=\"wp-block-image is-resized is-style-default\"><img data-recalc-dims=\"1\" loading=\"lazy\" decoding=\"async\" src=\"https:\/\/revolutionfeministe.files.wordpress.com\/2021\/10\/vamp.jpg?w=816&#038;h=9999&#038;fit=816%2C9999&#038;resize=461%2C384\" alt=\"\" width=\"461\" height=\"384\" title=\"POURQUOI LES HOMMES ONT PEUR (de la sexualit\u00e9 libre) DES\u00a0FEMMES\"\/><\/figure>\n\n\n\n<p><a href=\"https:\/\/www.liberation.fr\/societe\/sexualite-et-genres\/les-stereotypes-de-genre-peuvent-commencer-in-utero-20211006_MPMHSKG65BABJPXNEGAGN36AUY\/\">\u00ab&nbsp;Les st\u00e9r\u00e9otypes de genre peuvent commencer in utero&nbsp;\u00bb<\/a> (Lib\u00e9ration)<\/p>\n\n\n\n<p><strong><a href=\"https:\/\/entreleslignesentrelesmots.blog\/2021\/10\/04\/contre-la-destruction-de-lenvironnement-par-landro-capitalisme-lecofeminisme\/\">Contre la destruction de l\u2019environnement par l\u2019andro-capitalisme :&nbsp;L\u2019\u00e9cof\u00e9minisme<\/a> (Entre les lignes)<\/strong> <\/p>\n\n\n\n<div class=\"wp-block-image is-style-default\"><figure class=\"aligncenter is-resized\"><img data-recalc-dims=\"1\" loading=\"lazy\" decoding=\"async\" src=\"https:\/\/entreleslignesentrelesmots.files.wordpress.com\/2021\/02\/couverture_1re-albertini-androcapitalocene.jpg?resize=308%2C530\" alt=\"Couverture_1re-Albertini-Androcapitaloc\u00e8ne\" class=\"wp-image-48814\" width=\"308\" height=\"530\"\/><\/figure><\/div>\n\n\n\n<p><strong><span class=\"has-inline-color has-vivid-red-color\">11 Octobre en continu<\/span><\/strong><\/p>\n\n\n\n<p><a href=\"https:\/\/www.huffingtonpost.fr\/entry\/madame-le-ministre-a-lassemblee-la-feminisation-des-fonctions-fait-debat_fr_615ff57ae4b06a986bcdeb82\" target=\"_blank\" rel=\"noreferrer noopener\">\u00ab\u00a0Madame le ministre\u00a0\u00bb: \u00e0 l&rsquo;Assembl\u00e9e, la f\u00e9minisation des fonctions ne passe toujours pas<\/a>&nbsp;(Huff Post)<\/p>\n\n\n\n<p><strong><a href=\"https:\/\/blogs.mediapart.fr\/jean-marc-b\/blog\/091021\/victimes-de-violences-conjugales-comment-rester-au-domicile\">Victimes de violences conjugales, comment rester au domicile ? <\/a>-vid\u00e9o<\/strong><\/p>\n\n\n\n<p><a href=\"https:\/\/blogs.mediapart.fr\/lamuledupape\/blog\/101021\/interdiction-des-therapies-de-conversion-ce-que-cache-l-unanimite-du-vote\">Interdiction des th\u00e9rapies de conversion : ce que cache \u00ab&nbsp;l\u2019unanimit\u00e9&nbsp;\u00bb du vote <\/a>(La mule du pape)<\/p>\n\n\n\n<p><a href=\"https:\/\/www.mediapart.fr\/journal\/france\/101021\/affaire-luc-besson-le-parquet-requiert-un-non-lieu\">Affaire Luc Besson: le parquet requiert un non-lieu<\/a> (M\u00e9diapart)<\/p>\n\n\n\n<p><a href=\"https:\/\/entreleslignesentrelesmots.blog\/2021\/10\/05\/ce-nest-pas-juste-une-blague\/\">Harc\u00e8lement sexuel dans l\u2019enseignement sup\u00e9rieur et la recherche: guide pour se d\u00e9fendre<\/a> (Entre les lignes)<\/p>\n\n\n\n<p><a href=\"http:\/\/www.slate.fr\/story\/216174\/et-pourtant-elles-tournent-palmares-concours-arte-courts-metrages-documentaires-feminins\">\u00abEt pourtant elles tournent\u00bb: le palmar\u00e8s du concours Arte<\/a> (Slate)<\/p>\n\n\n\n<p><strong><a href=\"http:\/\/www.slate.fr\/story\/216453\/extreme-droite-veut-faire-main-basse-uterus-femmes-blanches-natalite-orban-zemmour-grand-remplacement\">L&rsquo;extr\u00eame droite veut faire main basse sur nos ut\u00e9rus de femmes blanches<\/a> par Titiou Lecoq (Slate)<\/strong><\/p>\n\n\n\n<p><a href=\"https:\/\/www.washingtonpost.com\/nation\/2021\/10\/10\/california-menstrual-products-period-law\/\">Californie impose distribution gratuite protections hygi\u00e9niques f\u00e9minines dans \u00e9tablissements scolaires<\/a> (anglais -WP)<\/p>\n\n\n\n<figure class=\"wp-block-image size-full is-resized is-style-default\"><img data-recalc-dims=\"1\" loading=\"lazy\" decoding=\"async\" src=\"https:\/\/i0.wp.com\/www.rdpemancipation.org\/wp-content\/uploads\/2021\/10\/Capture-decran-2021-10-10-a-15.39.43.png?resize=558%2C507&#038;ssl=1\" alt=\"\" class=\"wp-image-51609\" width=\"558\" height=\"507\" srcset=\"https:\/\/i0.wp.com\/www.rdpemancipation.org\/wp-content\/uploads\/2021\/10\/Capture-decran-2021-10-10-a-15.39.43.png?w=477&amp;ssl=1 477w, https:\/\/i0.wp.com\/www.rdpemancipation.org\/wp-content\/uploads\/2021\/10\/Capture-decran-2021-10-10-a-15.39.43.png?resize=300%2C272&amp;ssl=1 300w\" sizes=\"auto, (max-width: 558px) 100vw, 558px\" \/><\/figure>\n\n\n\n<p><strong><span class=\"has-inline-color has-vivid-red-color\">10 Octobre en continu<\/span><\/strong><\/p>\n\n\n\n<p><strong><a href=\"https:\/\/blogs.mediapart.fr\/edition\/lhebdo-du-club\/article\/071021\/hebdo-106-violences-sexuelles-du-confessionnal-au-commissariat-la-defection-du-politi\">Violences sexuelles \u2013 du confessionnal au commissariat, la d\u00e9fection du politique <\/a>-Livia Garrigue<\/strong><\/p>\n\n\n\n<figure class=\"wp-block-image size-full is-resized is-style-default\"><img data-recalc-dims=\"1\" loading=\"lazy\" decoding=\"async\" src=\"https:\/\/i0.wp.com\/www.rdpemancipation.org\/wp-content\/uploads\/2021\/10\/Capture-decran-2021-10-10-a-15.50.09.png?resize=604%2C556&#038;ssl=1\" alt=\"\" class=\"wp-image-51615\" width=\"604\" height=\"556\" srcset=\"https:\/\/i0.wp.com\/www.rdpemancipation.org\/wp-content\/uploads\/2021\/10\/Capture-decran-2021-10-10-a-15.50.09.png?w=534&amp;ssl=1 534w, https:\/\/i0.wp.com\/www.rdpemancipation.org\/wp-content\/uploads\/2021\/10\/Capture-decran-2021-10-10-a-15.50.09.png?resize=300%2C276&amp;ssl=1 300w\" sizes=\"auto, (max-width: 604px) 100vw, 604px\" \/><\/figure>\n\n\n\n<p><a href=\"https:\/\/blogs.mediapart.fr\/cetri-asbl\/blog\/071021\/pour-une-relance-economique-feministe-post-covid\">Pour une relance \u00e9conomique f\u00e9ministe post-covid <\/a>&#8211; Cetri Asbl<\/p>\n\n\n\n<p><a href=\"https:\/\/www.arretsurimages.net\/articles\/dans-lequipe-trop-de-psg-et-pas-assez-de-sportives\">Dans \u00ab\u00a0L&rsquo;\u00c9quipe\u00a0\u00bb, trop de PSG et pas assez de sportives<\/a> (Arr\u00eat sur images)<\/p>\n\n\n\n<p><a href=\"https:\/\/www.nytimes.com\/2021\/10\/08\/us\/texas-abortion-ban.html?smid=tw-nytimes&amp;smtyp=cur\">Une cour d\u2019appel r\u00e9tablit l\u2019application de la loi texane interdisant l\u2019avortement<\/a> (anglais -The New York Times)<\/p>\n\n\n\n<p><strong><a href=\"https:\/\/www.boursorama.com\/actualite-economique\/actualites\/les-avortements-au-dela-de-six-semaines-de-nouveau-interdits-au-texas-60ba04e7758921345242444ee8e4578c\">Les avortements au-del\u00e0 de six semaines de nouveau interdits au Texas<\/a> (AFP)<\/strong><\/p>\n\n\n\n<p><a href=\"https:\/\/europe-solidaire.us8.list-manage.com\/track\/click?u=5c732dd5ee65845cf20fd724a&amp;id=b1c5191f41&amp;e=5df9c98670\">Le f\u00e9minisme face \u00e0 la chasse aux sorci\u00e8res, l&rsquo;usurpation de terres et le contr\u00f4le patriarcal en Inde<\/a>(ESSF)<\/p>\n\n\n\n<p><a href=\"https:\/\/europe-solidaire.us8.list-manage.com\/track\/click?u=5c732dd5ee65845cf20fd724a&amp;id=650ea4c65b&amp;e=5df9c98670\">Droits LGBT et libert\u00e9 de la presse : la G\u00e9orgie \u00e9cartel\u00e9e \u201centre la croix et l&rsquo;arc-en-ciel\u201d<\/a> (ESSF)<\/p>\n\n\n\n<p><a href=\"https:\/\/europe-solidaire.us8.list-manage.com\/track\/click?u=5c732dd5ee65845cf20fd724a&amp;id=e7cc82b29e&amp;e=5df9c98670\">Les personnes transgenres indon\u00e9siennes ont enfin droit \u00e0 une carte d&rsquo;identit\u00e9<\/a> (Courrier International)<\/p>\n\n\n\n<p><strong><a href=\"http:\/\/www.slate.fr\/story\/216489\/questions-logement-victime-violences-conjugales-feminicides-solidarite-femmes-demarches-domicile-justice\">Les difficiles questions du logement quand on est victime de violences conjugales <\/a>&nbsp;( Slate)<\/strong><\/p>\n\n\n\n<figure class=\"wp-block-image is-resized is-style-default\"><img data-recalc-dims=\"1\" loading=\"lazy\" decoding=\"async\" src=\"https:\/\/i0.wp.com\/www.slate.fr\/sites\/default\/files\/styles\/1060x523\/public\/capture_decran_2021-09-25_a_11.48.09.png?resize=512%2C252&#038;ssl=1\" alt=\"Capture d'\u00e9cran de la vid\u00e9o YouTube de Solidarit\u00e9 Femmes: \u00abVictimes de violences conjugales, comment rester au domicile?\u00bb | Via YouTube.\" width=\"512\" height=\"252\"\/><figcaption><sub>Capture d&rsquo;\u00e9cran de la vid\u00e9o YouTube de Solidarit\u00e9 Femmes: \u00abVictimes de violences <\/sub><br><sub>conjugales, comment rester au domicile?\u00bb | Via&nbsp;<a href=\"https:\/\/www.youtube.com\/watch?v=BpbRmhwmwpY\" target=\"_blank\" rel=\"noreferrer noopener\">YouTube<\/a>.<\/sub><\/figcaption><\/figure>\n\n\n\n<p><strong><span class=\"has-inline-color has-vivid-red-color\">9 Octobre en continu<\/span><\/strong><\/p>\n\n\n\n<p><a href=\"https:\/\/www.lesnouvellesnews.fr\/leconomie-sociale-et-solidaire-engagee-pour-legalite-professionnelle\/\">L\u2019Economie sociale et solidaire engag\u00e9e pour l\u2019\u00e9galit\u00e9 professionnelle<\/a> (Les Nouvelles News)<\/p>\n\n\n\n<p><a href=\"https:\/\/www.fidh.org\/fr\/themes\/droits-des-femmes\/les-femmes-et-la-peine-de-mort-une-realite-invisible-27436\">Les femmes et la peine de mort, une r\u00e9alit\u00e9 invisible<\/a> (FIDH)<\/p>\n\n\n\n<p><a href=\"https:\/\/www.francetvinfo.fr\/societe\/harcelement-sexuel\/la-californie-premier-etat-americain-a-interdire-le-stealthing-le-retrait-non-consenti-d-un-preservatif_4800231.html\">La Californie, premier Etat am\u00e9ricain \u00e0 interdire le \u00ab\u00a0stealthing\u00a0\u00bb, le retrait non consenti d&rsquo;un pr\u00e9servatif<\/a> (France Info)<\/p>\n\n\n\n<p><a href=\"https:\/\/www.contretemps.eu\/jeu-dame-netflix-urss-echecs-socialisme\/\">Le Jeu de la dame \u00bb : Netflix a imagin\u00e9 une femme championne d\u2019\u00e9checs, l\u2019URSS en comptait des dizaines<\/a> (Contretemps)<\/p>\n\n\n\n<p><a href=\"http:\/\/www.regards.fr\/la-midinale\/article\/notre-film-debout-les-femmes-redonne-de-la-dignite-aux-femmes-les-premieres-de\">\u00ab Notre film \u00ab\u00a0Debout les femmes !\u00a0\u00bb redonne de la dignit\u00e9 aux femmes, les premi\u00e8res de corv\u00e9es \u00bb<\/a> (Regards)<\/p>\n\n\n\n<p><strong><a href=\"http:\/\/www.slate.fr\/story\/216774\/rousseau-diallo-coffin-feministes-discredit-misogyne-permanent-traitement-mediatique\">Coffin, Rousseau, Diallo&#8230; Des f\u00e9ministes face au discr\u00e9dit misogyne permanent<\/a> par Titiou Lecoq (Slate)<\/strong><\/p>\n\n\n\n<figure class=\"wp-block-image is-resized is-style-default\"><img data-recalc-dims=\"1\" loading=\"lazy\" decoding=\"async\" src=\"https:\/\/i0.wp.com\/mamot.fr\/system\/cache\/media_attachments\/files\/106\/200\/415\/979\/698\/230\/original\/39cd89aa4f222499.png?resize=448%2C449&#038;ssl=1\" alt=\"\" width=\"448\" height=\"449\"\/><\/figure>\n\n\n\n<p><strong><span class=\"has-inline-color has-vivid-red-color\">8 Octobre en continu<\/span><\/strong><\/p>\n\n\n\n<p><a href=\"https:\/\/www.bondyblog.fr\/culture\/007-les-femmes-ne-sont-pas-quun-matricule\/\">007 : les femmes ne sont pas qu\u2019un matricule<\/a> (Le Bondy Blog)<\/p>\n\n\n\n<p><a href=\"http:\/\/annotations.blog.free.fr\/index.php?post\/2021\/10\/07\/Femmes\">L\u2019\u00e9conomie a-t-elle un probl\u00e8me avec les femmes ?<\/a> -Tim Harford, traduit par Martin Anota<\/p>\n\n\n\n<p><strong><a href=\"https:\/\/mail.yahoo.com\/d\/folders\/1\/messages\/AP4XBTwfndH1YV0mrAY9qHi6mvk?.intl=fr&amp;.lang=fr-FR&amp;pspid=2023392333&amp;activity=ybar-mail&amp;guce_referrer=aHR0cHM6Ly9sb2dpbi55YWhvby5jb20v&amp;guce_referrer_sig=AQAAAMeJLxLHSFAy8e04FI0Xxgvmj7YTxrE8UZIgeQy-_l8S_ywwkTT31VWn91kStbmr45IKB-g86m07k0fF95U6kojUTrLWiIE3zWnH39dW_rsOAYnDyv3oolUCLHMt4-NtlJ8T2a7ID1YJDljCk-0lKcgw4jzpfBDDXCC0CMdIIdVL\">Fin des silences \u00e9closion des d\u00e9sirs, conversation Charlotte Pudlowski, autrice Ou peut-\u00eatre une nuit<\/a> (Les glorieuses)<\/strong><\/p>\n\n\n\n<p><a href=\"http:\/\/www.slate.fr\/societe\/femmes-de-dessein\/frances-macdonald-peintre-pionniere-singuliere-art-nouveau-klimt\">Frances MacDonald, artiste pr\u00e9curseuse de l&rsquo;Art Nouveau \u00e9vinc\u00e9e par ses pairs<\/a> (Slate)<\/p>\n\n\n\n<p><strong><a href=\"https:\/\/entreleslignesentrelesmots.blog\/2021\/10\/06\/approche-du-radicalisme-le-feminisme-le-patriarcat-et-les-industries-de-lexploitation-sexuelle\/\">Approche du radicalisme&nbsp;: le f\u00e9minisme, le patriarcat, et les industries de l\u2019exploitation&nbsp;sexuelle<\/a> (Entre les lignes)<\/strong><\/p>\n\n\n\n<p><a href=\"https:\/\/entreleslignesentrelesmots.blog\/2021\/10\/06\/lutopie-defait-les-corsets-qui-etouffent-la-pensee\/\">L\u2019utopie d\u00e9fait les corsets qui \u00e9touffent la&nbsp;pens\u00e9e<\/a> (Didier Epsztajn)<\/p>\n\n\n\n<figure class=\"wp-block-image size-full is-resized is-style-default\"><img data-recalc-dims=\"1\" loading=\"lazy\" decoding=\"async\" src=\"https:\/\/i0.wp.com\/www.rdpemancipation.org\/wp-content\/uploads\/2021\/10\/41j1njxqvl._sx312_bo1204203200_.jpeg?resize=341%2C541&#038;ssl=1\" alt=\"\" class=\"wp-image-51216\" width=\"341\" height=\"541\" srcset=\"https:\/\/i0.wp.com\/www.rdpemancipation.org\/wp-content\/uploads\/2021\/10\/41j1njxqvl._sx312_bo1204203200_.jpeg?w=216&amp;ssl=1 216w, https:\/\/i0.wp.com\/www.rdpemancipation.org\/wp-content\/uploads\/2021\/10\/41j1njxqvl._sx312_bo1204203200_.jpeg?resize=189%2C300&amp;ssl=1 189w\" sizes=\"auto, (max-width: 341px) 100vw, 341px\" \/><\/figure>\n\n\n\n<p><strong>Monde<\/strong><\/p>\n\n\n\n<p><a href=\"https:\/\/www.lemonde.fr\/international\/article\/2021\/10\/07\/loi-anti-avortement-au-texas-un-juge-federal-bloque-temporairement-son-application_6097414_3210.html\">Un juge bloque temporairement l\u2019application de la loi texane contre l\u2019avortement <\/a>(Le Monde)<\/p>\n\n\n\n<p><a href=\"https:\/\/www.wsj.com\/articles\/new-rule-ends-ban-on-federal-funds-for-clinics-that-refer-abortions-11633393632\">Biden met fin suspension subventions f\u00e9d\u00e9rales aux cliniques pratiquant l\u2019avortement <\/a>(anglais -WSJ)<\/p>\n\n\n\n<p><strong><span class=\"has-inline-color has-vivid-red-color\">7 Octobre en continu<\/span><\/strong><\/p>\n\n\n\n<p><a href=\"https:\/\/marcelle.media\/2021\/10\/06\/elsa-miske-lutte-sexisme\/?utm_source=rss&amp;utm_medium=rss&amp;utm_campaign=elsa-miske-lutte-sexisme\">Armer les femmes contre le sexisme<\/a> (Marcelle)&nbsp;<\/p>\n\n\n\n<figure class=\"wp-block-image is-resized is-style-default\"><img data-recalc-dims=\"1\" loading=\"lazy\" decoding=\"async\" src=\"https:\/\/i0.wp.com\/marcelle.media\/wp-content\/uploads\/2021\/10\/elsa-miske-feminisme-sexisme-825x460.jpg?resize=409%2C228&#038;ssl=1\" alt=\"\" width=\"409\" height=\"228\"\/><\/figure>\n\n\n\n<p><a href=\"http:\/\/www.slate.fr\/story\/216924\/trans-30000-dollars-mauvais-pronoms-violation-droit-humain-canada\">Une personne trans re\u00e7oit 30.000 dollars pour le mauvais emploi de son pronom<\/a> (Slate\/The independent)<\/p>\n\n\n\n<p><a href=\"http:\/\/www.slate.fr\/story\/216888\/candidats-election-presidentielle-position-travail-sexe-droits-tds-sujet-yannick-jadot-depenalisation-loi-systeme-prostitutionnel\">Il est temps que les candidats se positionnent sur le travail du sexe<\/a>  (Slate)<\/p>\n\n\n\n<p><strong><a href=\"https:\/\/mailchi.mp\/revueladeferlante\/evenements-la-deferlante-rentree-5946396?e=53ffa9d8fa\">Pourquoi la d\u00e9ferlante a refus\u00e9 de participer aux assises du journalisme&nbsp;?<\/a>  (La d\u00e9ferlante)<\/strong><\/p>\n\n\n\n<p><a href=\"http:\/\/www.slate.fr\/story\/216552\/mexique-condamne-federation-football-plafonner-salaires-joueuses-footballeuses\">Le Mexique condamne sa f\u00e9d\u00e9ration de foot pour avoir plafonn\u00e9 les salaires des joueuses<\/a> (Slate)<\/p>\n\n\n\n<p><strong><span class=\"has-inline-color has-vivid-red-color\">6 Octobre en continu<\/span><\/strong><\/p>\n\n\n\n<p><strong><a href=\"https:\/\/www.humanite.fr\/rapport-sauve-josselin-tricou-sociologue-le-patriarcat-revendique-facilite-les-abus-722721#xtor=RSS-1\">Rapport Sauv\u00e9. Josselin Tricou sociologue : \u00ab Le patriarcat revendiqu\u00e9 facilite les abus \u00bb<\/a> (L\u2019Humanit\u00e9)<\/strong><\/p>\n\n\n\n<p><a href=\"https:\/\/www.ldh-france.org\/aah-stop-a-la-dependance-financiere-dans-le-couple-2\/\">AAH : stop \u00e0 la d\u00e9pendance financi\u00e8re dans le couple !<\/a> (Ligue des droits de l\u2019Homme)<\/p>\n\n\n\n<p><a href=\"https:\/\/theconversation.com\/education-nationale-que-change-la-circulaire-sur-laccueil-des-eleves-trans-169174\">\u00c9ducation nationale : que change la circulaire sur l\u2019accueil des \u00e9l\u00e8ves trans ?<\/a> (The Conversation)&nbsp;<\/p>\n\n\n\n<p><a href=\"https:\/\/www.humanite.fr\/rapport-sauve-josselin-tricou-sociologue-le-patriarcat-revendique-facilite-les-abus-722721#xtor=RSS-1\">Rapport Sauv\u00e9. Josselin Tricou sociologue : \u00ab Le patriarcat revendiqu\u00e9 facilite les abus \u00bb<\/a> (L\u2019Humanit\u00e9)<\/p>\n\n\n\n<p><a href=\"https:\/\/www.humanite.fr\/austerite-comment-la-macronie-fait-main-basse-sur-la-securite-sociale-722814#xtor=RSS-1\">Aust\u00e9rit\u00e9. Comment la Macronie fait main basse sur la S\u00e9curit\u00e9 sociale<\/a> (L\u2019Humanit\u00e9)<\/p>\n\n\n\n<p><strong><a href=\"https:\/\/www.liberation.fr\/lifestyle\/plaisir-feminin-la-fiction-passe-le-clit-test-20210509_4GGKUJJT3JFANHCNJ7DHHXVRSI\/\">Plaisir f\u00e9minin&nbsp;: la fiction passe le \u00ab&nbsp;clit test&nbsp;\u00bb<\/a> (Lib\u00e9)<\/strong><\/p>\n\n\n\n<figure class=\"wp-block-image is-resized is-style-default\"><img data-recalc-dims=\"1\" loading=\"lazy\" decoding=\"async\" src=\"https:\/\/i0.wp.com\/www.liberation.fr\/resizer\/56nERoGGg1-do7PS2vAdFClnnaU%3D\/800x0\/filters%3Aformat%28jpg%29%3Aquality%2870%29%3Afocal%282982x2206%3A2992x2216%29\/cloudfront-eu-central-1.images.arcpublishing.com\/liberation\/RKXGJLDBKBAOXB453HCSOYQR7A.jpg?resize=542%2C360&#038;ssl=1\" alt=\"\" width=\"542\" height=\"360\"\/><figcaption><sub>Le film \u00abNaissance des pieuvres\u00bb de C\u00e9line Sciamma sorti en 2007 a r\u00e9ussi le test du clitoris.&nbsp;(Photo12)<\/sub><\/figcaption><\/figure>\n\n\n\n<p> <a href=\"https:\/\/www.mediapart.fr\/journal\/france\/051021\/violences-sexuelles-sur-mineurs-plus-de-216-000-victimes-de-l-eglise\">Violences sexuelles sur mineurs: plus de 216 000 victimes de l\u2019\u00c9glise<\/a> (M\u00e9diapart)<\/p>\n\n\n\n<p><a href=\"https:\/\/www.humanite.fr\/rapport-sauve-josselin-tricou-sociologue-le-patriarcat-revendique-facilite-les-abus-722721#xtor=RSS-1\">Rapport Sauv\u00e9. Josselin Tricou sociologue : \u00ab Le patriarcat revendiqu\u00e9 facilite les abus \u00bb<\/a> (L\u2019Humanit\u00e9)<\/p>\n\n\n\n<p><a href=\"https:\/\/radioparleur.net\/2021\/05\/01\/medecine-feministe-avec-gynco\/\">Pour une m\u00e9decine f\u00e9ministe, avec GYN&amp;CO<\/a> (Radioparleur) <\/p>\n\n\n\n<figure class=\"wp-block-image is-resized is-style-default\"><img data-recalc-dims=\"1\" loading=\"lazy\" decoding=\"async\" src=\"https:\/\/i0.wp.com\/radioparleur.net\/wp-content\/uploads\/2021\/04\/GYNCOV2-1068x513.jpg?resize=572%2C275&#038;ssl=1\" alt=\"m\u00e9decine f\u00e9ministe\" width=\"572\" height=\"275\" title=\"GYN&amp;COV2\"\/><\/figure>\n\n\n\n<p><a href=\"https:\/\/lesglorieuses.fr\/la-feminite-est-un-concept-que-je-deteste-rencontre-avec-laetitia-ky\/\">\u201cLa f\u00e9minit\u00e9 est un concept que je d\u00e9teste\u201c, rencontre avec Laetitia Ky<\/a> (LesPetites Glo) X<\/p>\n\n\n\n<p><strong><span class=\"has-inline-color has-vivid-red-color\">5 Octobre en continu <\/span><\/strong><\/p>\n\n\n\n<p><a href=\"https:\/\/www.marieclaire.fr\/justice-la-prescription-profite-t-elle-aux-agresseurs-sexuels,1400191.asp#xtor=EPR-195\">Justice&nbsp;: la prescription profite-t-elle aux agresseurs sexuels&nbsp;? <\/a> (Marie-Claire)<\/p>\n\n\n\n<p><a href=\"https:\/\/www.boursorama.com\/actualite-economique\/actualites\/une-ex-premiere-ministre-danoise-accuse-giscard-de-gestes-inappropries-22edf5de47676dadbfd4ccadecf11bd4\">Une ex-Premi\u00e8re ministre danoise accuse Giscard de gestes inappropri\u00e9s<\/a> (AFP)<\/p>\n\n\n\n<p><a href=\"https:\/\/www.lesnouvellesnews.fr\/pandora-papers-des-affaires-dhommes\/\">Pandora papers, des affaires d\u2019hommes<\/a> (Les Nouvelles News)<\/p>\n\n\n\n<p><a href=\"https:\/\/hyperallergic.com\/643570\/izumi-suzuki-a-female-vision-of-sci-fi\/\">Une vision f\u00e9minisne de la SF<\/a> (angl, Hyperallergic)<\/p>\n\n\n\n<p><a href=\"https:\/\/blogs.mediapart.fr\/jean-marc-b\/blog\/041021\/28-sept-journee-pour-depenalisation-et-legalisation-de-lavortement-video\">28 sept: Journ\u00e9e pour d\u00e9p\u00e9nalisation et l\u00e9galisation de l&rsquo;avortement &#8211;<\/a>vid\u00e9o<\/p>\n\n\n\n<p><strong><a href=\"https:\/\/www.sudeducation.org\/tracts\/lutter-contre-le-sexisme-dans-leducation-nationale-ressources-et-analyses-une-brochure-de-sud-education\/\">Lutter contre le sexisme dans l\u2019\u00c9ducation nationale&nbsp;: ressources et analyses<\/a> (Sud)<\/strong><\/p>\n\n\n\n<p><a href=\"https:\/\/capiremov.org\/fr\/analyse\/feminisme-internationaliste-et-solidaire-pour-renverser-lautoritarisme\/\">F\u00e9minisme internationaliste et solidaire pour renverser l\u2019autoritarisme<\/a> (Capire)<\/p>\n\n\n\n<p><a href=\"https:\/\/email.mg2.substack.com\/c\/eJw9kUmO5SAMhk_z2CViyLhgUZu6RuSASdFNIAJTrdy-eRWpJGTwxC9_NkB4pHzrKxVib7PRfaGO-K8EJMLMasG8eavFMIt5XRWzerBiGRfmy-Yy4gk-aMoV2VX34A2QT_HdIdU6cc6-tFGTscqa0Uglp3EaVnTztIPlalazVY8wVOsxGtT4jflOEVnQX0RXeamPl_xsx8DlM57pu0_5aL7LzUCEcBdsr4Cdw9NHX07sLrgLxO5KNXfgXE6xDdMFLN1RMed2Iz1uqk0v4omRSgeVUvYETae0L5nXkkshOB_EMHIpe9nDhHw3dhfIHVrHezmWpc7VvAZ-HrIvdS8E5m9v0smy_nPuNR9tuJY2ySJh6CNSb9Ob19aKzho93RtG2APaByU9G_mBux0YMbdN2Q1Ii0kpNa680V2Wh1xjPUjRYoNgTd2m1hX1Ly2XIRrw5T941qqs\">Le f\u00e9minisme paysan pour affronter les guerres et les gouvernements autoritaires<\/a> (Capire)<\/p>\n\n\n\n<p><strong><span class=\"has-inline-color has-vivid-red-color\">4 Octobre en continu <\/span><\/strong><\/p>\n\n\n\n<p><a href=\"https:\/\/www.revuesilence.net\/numeros\/502-Le-bluff-de-l-economie-circulaire\/les-femmes-de-la-commune-de-paris-de-pauline-floury-et-severin-valiere\">Les femmes de la Commune de Paris, de Pauline Floury et S\u00e9verin Vali\u00e8re<\/a> (Revue Silence)<\/p>\n\n\n\n<p><a href=\"https:\/\/www.lemonde.fr\/international\/article\/2021\/10\/03\/des-dizaines-de-milliers-d-americains-manifestent-pour-le-droit-a-l-avortement_6096904_3210.html\">Nombreuses manifestations aux USA pour d\u00e9fendre le droit \u00e0 l\u2019avortement<\/a> (Le Monde)<\/p>\n\n\n\n<p><a href=\"https:\/\/www.axellemag.be\/femmes-et-biere-une-reconquete\/\">Femmes et bi\u00e8re : histoires d\u2019une reconqu\u00eate<\/a> (Axelle Magazine)<\/p>\n\n\n\n<p><a href=\"http:\/\/r.newsletter.50-50magazine.fr\/mk\/cl\/f\/zeBYZwG4SaS8Tfbt9pwBRgtrghvOF5Ce_ShVTjZ_4iOsQNdciT7awAWrN29Oy-G12m-W2I0lNI3nJ42HviQzNfMoCpbW5t_wZR22Te4x19c_d4SBcDwHIgHMEzecSC_Eq9c11tIIvcr85EODT99wLvbDQACqB6_mSjACM-yBUOaKF6dHh-Zi7bD6GuEx6hWqtEFMWzq20A9wR5Jrxc8_jpo7joTFtXoEYdrBprM99mgZxIV-hPzPPlTWqb5N8zVAEhAsckjDC1uMWNZFde9Yzcez5C5FIPKUmkyBeRct5qTJkibvH14FZHN0WP3wtED7IttWXL95VrQ4YA\">\u00abSang pour sang r\u00e8gles\u00bb, la nouvelle exposition du Centre Hubertine Auclert<\/a>&nbsp; (50\/50) <\/p>\n\n\n\n<figure class=\"wp-block-image is-resized is-style-default\"><img loading=\"lazy\" decoding=\"async\" src=\"https:\/\/i0.wp.com\/www.50-50magazine.fr\/_19\/wp-content\/uploads\/2021\/09\/SANg-POUR-SANG-regles.png?fit=650%2C467&amp;ssl=1\" alt=\"Sang pour sang r\u00e8gles\" width=\"462\" height=\"331\"\/><\/figure>\n\n\n\n<p><a href=\"https:\/\/entreleslignesentrelesmots.blog\/2021\/09\/14\/presentation-par-andrea-dworkin-de-son-livre-la-haine-des-femmes\/\">Pr\u00e9sentation par Andrea Dworkin&nbsp;de son livre : La haine des&nbsp;femmes<\/a> (Entre les mots)<\/p>\n\n\n\n<p><strong><a href=\"https:\/\/positivr.fr\/legitimedefense-comment-proteger-les-femmes-qui-se-defendent-contre-leur-mari-violent\/?mc_cid=d8a00d44b8&amp;mc_eid=bd1c0913a6\" target=\"_blank\" rel=\"noreferrer noopener\">#L\u00e9gitimeD\u00e9fense : Comment prot\u00e9ger les femmes qui se d\u00e9fendent contre leur mari violent ?<\/a>&nbsp;(Positivr)<\/strong><\/p>\n\n\n\n<figure class=\"wp-block-image is-resized is-style-default\"><img data-recalc-dims=\"1\" loading=\"lazy\" decoding=\"async\" src=\"https:\/\/i0.wp.com\/positivr.fr\/wp-content\/uploads\/2021\/09\/legitimedefense-comment-proteger-les-femmes-qui-se-defendent-contre-leur-mari-violent-une-1024x535.jpg?resize=451%2C236&#038;ssl=1\" alt=\"#L\u00e9gitimeD\u00e9fense : Comment prot\u00e9ger les femmes qui se d\u00e9fendent contre leur mari violent ?\" width=\"451\" height=\"236\"\/><\/figure>\n\n\n\n<p><a href=\"https:\/\/lmsi.net\/Monstruosite-de-la-femme-qui-vieillit\" target=\"_blank\" rel=\"noreferrer noopener\">Monstruosit\u00e9 de la femme qui vieillit. R\u00e9flexions sur une haine tenace<\/a>&nbsp;(LMSI)<\/p>\n\n\n\n<p><strong><span class=\"has-inline-color has-vivid-red-color\">3 Octobre en continu <\/span><\/strong><\/p>\n\n\n\n<p><strong><a href=\"https:\/\/www.mediapart.fr\/journal\/france\/021021\/enquete-pour-viol-contre-un-ponte-de-la-gynecologie-huit-ans-d-alertes-ignorees\">Enqu\u00eate pour viol contre un ponte de la gyn\u00e9cologie: huit ans d\u2019alertes ignor\u00e9es<\/a> (M\u00e9diapart)<\/strong><\/p>\n\n\n\n<p><a href=\"http:\/\/t.nl.francetvinfo.fr\/r\/?id=h6d37512,66a06865,5f1f1e92\">Journ\u00e9e mondiale contraception : \u00ab\u00a0Cette charge peut appartenir \u00e0 la femme mais aussi \u00e0 l&rsquo;homme\u00a0\u00bb<\/a> (France info)<\/p>\n\n\n\n<p><a href=\"http:\/\/t.nl.francetvinfo.fr\/r\/?id=h6d37512,66a06865,5f1f1e93\">El\u00e8ves transgenres : le gouvernement publie une circulaire pour mieux les accueillir \u00e0 l&rsquo;\u00e9cole<\/a> (France info)<\/p>\n\n\n\n<p><strong><a href=\"https:\/\/blogs.mediapart.fr\/leane-alestra\/blog\/300921\/en-france-la-police-demande-aux-victimes-de-viol-si-elles-ont-joui\">En France, la police demande aux victimes de viol si elles ont joui <\/a>&#8211; L\u00e9ane Alestra<\/strong><\/p>\n\n\n\n<p><a href=\"https:\/\/www.humanite.fr\/ne-guerit-pas-de-linceste-722404#xtor=RSS-1\">\u00ab On ne gu\u00e9rit pas de l\u2019inceste \u00bb<\/a> (L\u2019Humanit\u00e9)<\/p>\n\n\n\n<p><a href=\"https:\/\/www.axellemag.be\/voix-de-femmes-que-vivent-les-memoires\/\">Voix de femmes, que vivent les m\u00e9moires<\/a> (Axelle Magazine)&nbsp;<\/p>\n\n\n\n<p><a href=\"https:\/\/www.axellemag.be\/androcur-sante-des-femmes\/\">Androcur : la sant\u00e9 des femmes en danger ?<\/a> (Axelle Magazine)<\/p>\n\n\n\n<p><strong><a href=\"http:\/\/r.newsletter.50-50magazine.fr\/mk\/cl\/f\/tYAxFfq9CTmypzZ62Xok6JTuG7QhZk6RXP1XlYHnetg6XFrjLDjM9OCwInt1oxLWLY1TlN0_A3so9z_vxdmAkeMm_KUiNU9eUm2rZuyb-GPslMZTLKkiU0ls4BNcjmUIGnjdPWMM3TZNwCfB7-Hhsb1MJT7787TR8m1O0OcIqkG-ndjByPVMOZYzI2LzcO2FcwfZ9UTH_K54U59YLylgORPvOqJeHaoTohqgaKy69IMc_sIQ1hmRFQB6izUgjQRis-CmYYC166PbApi2kjHYvXS_M8ztxlAssFtorB8LBOnbcKuOs5EMBaUPqY-dqA7Ehvohnw4GJnYqFPJ3uHbJ1FhmouAgQFi2YROr\">Berivan Firat : \u00ab\u00a0Le Rojava est un mod\u00e8le de d\u00e9mocratie f\u00e9ministe, directe, \u00e9cologique, paritaire\u00a0\u00bb<\/a>(50\/50)<\/strong><\/p>\n\n\n\n<p><a href=\"http:\/\/r.newsletter.50-50magazine.fr\/mk\/cl\/f\/b-vXP0tprEdXyYC6GDd5Q_fkkc9WIfASVJnlFfnlpkT2kBTFm8ZX1HvAYViUf4xuGJVRNhJ3eU9hs6FMt9tZBLo59_oijgLCgZ5jWmDU0gUBGZwcA2qZ8wGVen1mKBftZqAd4XS5eZUSbG4aF-wGBTDpUADVC-5XJLHM34lpQAkSyDLkA2ZbK0-DybJvDFfsJykxoXaJR1rd3CT6bMlVdq9nDCbGUUEd31eVCdoFTYt6oTlj4apmBTZEGdKm89qakqwZzF_V15SWGB5rlScSEtBgUSca7ii5yBkup0axWvX0uco5tLhlgPvmknZzu8-xAUMkmyajOTrjuNfNhkYLr05P\">Nathalie : \u00ables femmes ne sont vraiment pas nombreuses chez les \u00e9boueur\u00b7es\u00bb<\/a> (50\/50)<\/p>\n\n\n\n<figure class=\"wp-block-image is-style-default\"><img decoding=\"async\" src=\"https:\/\/i0.wp.com\/www.50-50magazine.fr\/_19\/wp-content\/uploads\/2021\/09\/1631281124998-scaled.jpg?fit=650%2C486&amp;ssl=1\" alt=\"\"\/><\/figure>\n\n\n\n<p><\/p>\n\n\n\n<p><strong><span class=\"has-inline-color has-vivid-red-color\">2 Octobre en continu <\/span><\/strong><\/p>\n\n\n\n<p><strong><a href=\"https:\/\/www.cinemutins.com\/Melancolie-ouvriere\">M\u00e9lancolie ouvri\u00e8re (G\u00e9rard Mordillat) &#8211; En VOD <\/a> (Cin\u00e9Mutins)<\/strong><\/p>\n\n\n\n<p><a href=\"https:\/\/www.francetvinfo.fr\/monde\/chine\/persecution-des-ouighours\/video-la-voix-des-femmes-ouighoures_4787421.html#xtor=EPR-502-[newslettervideo]-20211002-[video3]\">VIDEO. La voix des femmes ou\u00efghoures <\/a> (Francetvinfo)<\/p>\n\n\n\n<p><a href=\"http:\/\/r.newsletter.50-50magazine.fr\/mk\/cl\/f\/2nKvcRq_SpxOcjdDHLe4LvlOW9wj-HuAlrubwhRq7tazJ0O-JhfkIKXs8gbzFYQCtpEEMAT82yG30PasdWv-BBc27BQ7tsZlZlBQWbgyUyS10MGJfW0YqmZXDOw7Vvj_KYE8G-xQdMwpV5sIxTrV0SaN0ioUtxmVx8cP92y6joc-aPFV_-pbGbIWqukUctOHqegAc3_vA3gE6ff_TC3-hzfxR7apKUBjKFCA7FcTFCY97ZBtcBjZjxIE4rmlCzdZvnPmLxFT3yoHB1xjxZyq7wCej0C-DlOGul0_V0d0V1bOfcQBT5eap4LNCwdV3-ZtyfEmqLX-TbQE\">Rendez-vous le 2 octobre pour l&rsquo;exposition \u00ab\u00a0Ceci n&rsquo;est pas un consentement\u00a0\u00bb<\/a>(50\/50)<\/p>\n\n\n\n<p><a href=\"https:\/\/www.20minutes.fr\/sante\/3136031-20211001-octobre-rose-fait-croix-poitrine-victoire-cancer-elles-racontent-reconstruction-mammaire?xtor=EPR-212-[nl%2013h]---a29a0f53a20b592c6c7a7f02f456bac2@2&amp;utm_source=newsletter&amp;utm_medium=email&amp;utm_campaign=13h&amp;_ope=eyJndWlkIjoiYTI5YTBmNTNhMjBiNTkyYzZjN2E3ZjAyZjQ1NmJhYzIifQ%3D%3D\"> \u00ab&nbsp;J\u2019avais fait une croix sur ma poitrine&nbsp;\u00bb,  Elles racontent leur reconstruction mammaire <\/a>(20Minutes)<\/p>\n\n\n\n<p><strong><a href=\"https:\/\/blogs.mediapart.fr\/jean-marc-b\/blog\/011021\/majorite-opprimee-film-deleonore-pourriat-2010\">Voir ici \u00ab\u00a0Majorit\u00e9 opprim\u00e9e\u00a0\u00bb <\/a>&#8211; court m\u00e9trage d&rsquo;El\u00e9onore Pourriat (2010)<\/strong><\/p>\n\n\n\n<figure class=\"wp-block-image size-full is-resized is-style-default\"><img data-recalc-dims=\"1\" loading=\"lazy\" decoding=\"async\" src=\"https:\/\/i0.wp.com\/www.rdpemancipation.org\/wp-content\/uploads\/2021\/10\/Capture-decran-2021-10-02-a-06.20.17.png?resize=527%2C290&#038;ssl=1\" alt=\"\" class=\"wp-image-50245\" width=\"527\" height=\"290\" srcset=\"https:\/\/i0.wp.com\/www.rdpemancipation.org\/wp-content\/uploads\/2021\/10\/Capture-decran-2021-10-02-a-06.20.17.png?w=615&amp;ssl=1 615w, https:\/\/i0.wp.com\/www.rdpemancipation.org\/wp-content\/uploads\/2021\/10\/Capture-decran-2021-10-02-a-06.20.17.png?resize=300%2C165&amp;ssl=1 300w\" sizes=\"auto, (max-width: 527px) 100vw, 527px\" \/><\/figure>\n\n\n\n<p><a href=\"https:\/\/blogs.mediapart.fr\/jean-marc-b\/blog\/011021\/majorite-opprimee-film-deleonore-pourriat-2010\">&nbsp;<\/a><a href=\"http:\/\/feedproxy.google.com\/~r\/Rue89Strasbourg\/~3\/_CWN1kXNqZk\/scene-electro-feministe-musique-218302\">Tu Mixes Bien, Wom\u00b7x, Les Daron.es\u2026 Collectifs f\u00e9ministes changent visage sc\u00e8ne \u00e9lectro<\/a> (Rue89 Strasbourg)<\/p>\n\n\n\n<p><a href=\"http:\/\/r.newsletter.50-50magazine.fr\/mk\/cl\/f\/-Z53lvvpT-0aHa1Inznzy0Lu884QxUECZeEGThF-Hydxb32S8aqQhecaW6CBLI9-mkHD1Ms0Si8rUjiEPL2tpO-Mx6v9cg9pS_Iht4xSc7VIrDci7utCOPiCb84e8u1VZMpWG16WK73Rsut_0USRUwpOYD-Ub2KA0G-EQ-TZPyZWo7jM9tUNYZu7KwLZ_Obgnro0XQSIKQNwKlzasjF-TDL6xAaKhEczS8SYm2oceEE3VKWcDZM31M92J_uWyR-ir2pNYl8dGvOhInKyIGzHSVTzOok56foRXVudyJd_uoUnoBatNpMJdkBOcEu9CcJ-Qnk65xyzd5quhLK-XIlYUdSWZgQJJG8wtU1R3Fq1\">Pierre Colin : \u00ables mecs commencent \u00e0 se dire que c\u2019est aussi \u00e0 eux d\u2019assumer la contraception\u00bb 2\/2<\/a>&nbsp; (50\/50) X<\/p>\n\n\n\n<p><a href=\"http:\/\/r.newsletter.50-50magazine.fr\/mk\/cl\/f\/spLAEeyawgyPCnMTuKUBCiiUcUHifJ-4ZTNQFQuI_BhZdRA-w8SOoCDYm12kIKaEnqjZoxEdngadH0w8Ug66n0-74Xk2W0R6PCMRUS-vcXeog3fBNvKWKa6BO1nTdwRpC3t2nIFH45yHpmGC3Te3q8ZnhAqjCfZOnplePPyBXNjbHrV0tkuruG5Kg0k0SIR4e5a4H1hkzpKtb3tVLmbewI4NJC66-2IHez0H67DyZiDoWL0fDfXRkKIQMW3ttFxL-p12WWoybaUGRH_G7m1443WB2TgwXA4YP7H5HmENyNrSEzoOpJRQ1saYVk1reLf36mmLZJNsjeIDK2Fa7I1beZfNxabkZPy0VTuK1AXSTid08nL7ZGNc8k5iwUw\">Pierre Colin : \u00abLes premiers \u00e0 prendre une contraception hormonale et \u00e7a a tr\u00e8s bien march\u00e9\u00bb<\/a> 1\/2 (50\/50)<\/p>\n\n\n\n<p><a href=\"https:\/\/www.axellemag.be\/pologne-mamies-pro-choix-contre-pouvoir\/\">En <strong>Pologne<\/strong>, ces \u201cmamies\u201d pro-choix qui tiennent t\u00eate au pouvoir<\/a> (Axelle Magazine)&nbsp;<\/p>\n\n\n\n<p><a href=\"https:\/\/www.francetvinfo.fr\/monde\/chine\/persecution-des-ouighours\/video-ouighours-campagne-de-sterilisation-massive-des-femmes-et-entraves-aux-naissances-la-preuve-d-un-genocide-demographique-selon-un-chercheur_4781783.html#xtor=EPR-502-[newslettervideo]-20211001-[video1]\"> <strong>Ou\u00efghours<\/strong>: campagne st\u00e9rilisation et entraves aux naissances, \u00ab\u00a0g\u00e9nocide d\u00e9mographique\u00a0\u00bb? <\/a> (Francetvinfo)<\/p>\n\n\n\n<p><strong>USA<\/strong>&#8211; <a href=\"https:\/\/www.lemonde.fr\/international\/article\/2021\/10\/02\/aux-etats-unis-la-bataille-pour-le-droit-a-l-avortement-descend-dans-la-rue_6096834_3210.html\">Forte mobilisation attendue&nbsp; pour \u00abMarche des Femmes\u00bb, due \u00e0 remise en cause droit \u00e0 l\u2019avortement<\/a> (Le Monde)<\/p>\n\n\n\n<figure class=\"wp-block-image size-large is-resized is-style-default\"><img data-recalc-dims=\"1\" loading=\"lazy\" decoding=\"async\" src=\"https:\/\/i0.wp.com\/www.rdpemancipation.org\/wp-content\/uploads\/2021\/10\/c4.jpeg?resize=470%2C327&#038;ssl=1\" alt=\"\" class=\"wp-image-50240\" width=\"470\" height=\"327\" srcset=\"https:\/\/i0.wp.com\/www.rdpemancipation.org\/wp-content\/uploads\/2021\/10\/c4.jpeg?resize=1024%2C712&amp;ssl=1 1024w, https:\/\/i0.wp.com\/www.rdpemancipation.org\/wp-content\/uploads\/2021\/10\/c4.jpeg?resize=300%2C208&amp;ssl=1 300w, https:\/\/i0.wp.com\/www.rdpemancipation.org\/wp-content\/uploads\/2021\/10\/c4.jpeg?resize=768%2C534&amp;ssl=1 768w, https:\/\/i0.wp.com\/www.rdpemancipation.org\/wp-content\/uploads\/2021\/10\/c4.jpeg?w=1160&amp;ssl=1 1160w\" sizes=\"auto, (max-width: 470px) 100vw, 470px\" \/><\/figure>\n\n\n\n<p><strong><span class=\"has-inline-color has-vivid-red-color\">1er octobre en continu<\/span><\/strong><\/p>\n\n\n\n<p><a href=\"https:\/\/www.mediapart.fr\/journal\/france\/300921\/violences-sexuelles-la-grande-lenteur-du-quai-d-orsay\">Violences sexuelles: la grande lenteur du Quai d\u2019Orsay<\/a> (M\u00e9diapart)&nbsp;<\/p>\n\n\n\n<p><strong><a href=\"https:\/\/reporterre.net\/Des-feministes-chahutent-Nicolas-Hulot-lors-d-une-conference\">Des f\u00e9ministes chahutent Nicolas Hulot lors d&rsquo;une conf\u00e9rence<\/a> (Reporterre)<\/strong><\/p>\n\n\n\n<p><a href=\"https:\/\/rue89bordeaux.com\/2021\/09\/il-avait-68-ans-jen-avais-16-de-la-cote-divoire-a-bordeaux-la-reconstruction-dune-femme-mariee-de-force\/\">Il avait 68 ans, j\u2019avais 16: C\u00f4te d\u2019Ivoire et Bordeaux, reconstruction d\u2019une mari\u00e9e de force<\/a> (Rue89 Bordeaux)<\/p>\n\n\n\n<p><a href=\"https:\/\/www.boursorama.com\/actualite-economique\/actualites\/avortement-au-mexique-la-longue-attente-des-femmes-qui-vivent-la-peur-au-ventre-2cc2d6ce5b995421600e92cffeb6113a\">Avortement au Mexique: la longue attente des femmes qui vivent la peur au ventre<\/a> (AFP)<\/p>\n\n\n\n<figure class=\"wp-block-image size-full is-resized is-style-default\"><img data-recalc-dims=\"1\" loading=\"lazy\" decoding=\"async\" src=\"https:\/\/i0.wp.com\/www.rdpemancipation.org\/wp-content\/uploads\/2021\/09\/005bde4312765fc3c0ab928c158ebbf1-760x505-1.jpeg?resize=476%2C316&#038;ssl=1\" alt=\"\" class=\"wp-image-49787\" width=\"476\" height=\"316\" srcset=\"https:\/\/i0.wp.com\/www.rdpemancipation.org\/wp-content\/uploads\/2021\/09\/005bde4312765fc3c0ab928c158ebbf1-760x505-1.jpeg?w=760&amp;ssl=1 760w, https:\/\/i0.wp.com\/www.rdpemancipation.org\/wp-content\/uploads\/2021\/09\/005bde4312765fc3c0ab928c158ebbf1-760x505-1.jpeg?resize=300%2C199&amp;ssl=1 300w\" sizes=\"auto, (max-width: 476px) 100vw, 476px\" \/><\/figure>\n\n\n\n<p><a href=\"https:\/\/entreleslignesentrelesmots.blog\/2021\/09\/16\/lisons-ces-gamines-la\/\">Lisons ces gamines-l\u00e0&nbsp;!<\/a> (Entre les mots)<\/p>\n\n\n\n<div class=\"wp-block-image is-style-default\"><figure class=\"aligncenter is-resized\"><img data-recalc-dims=\"1\" decoding=\"async\" src=\"https:\/\/entreleslignesentrelesmots.files.wordpress.com\/2021\/09\/jortay-ces-enfants-la.png?w=1200\" alt=\"jortay-ces-enfants-la\" class=\"wp-image-53937\"  \/><\/figure><\/div>\n\n\n\n<p><a href=\"https:\/\/entreleslignesentrelesmots.blog\/2021\/09\/15\/patricia-mcfadden-deux-entretiens\/\">Patricia McFadden : deux entretiens sur les femmes africaines, le f\u00e9minisme\u2026<\/a> (Entre les mots)<\/p>\n","protected":false},"excerpt":{"rendered":"<p>31 Octobre en continu L\u2019\u00e9mancipation bancaire des femmes en France : l\u2019affaire d\u2019un si\u00e8cle\u00a0\u2013 Vox Fi Mutinerie anti-clich\u00e9s sexistes \u00e0 \u00ab\u00a0Nice-Matin\u00a0\u00bb (Arr\u00eat sur images)&nbsp; Le meurtre pr\u00e9visible de Sarah Everard par un obs\u00e9d\u00e9 du porno&nbsp;meurtrier (Entre les mots) Osez le F\u00e9minisme attaque l\u2019\u00e9mission Miss France en justice&nbsp;! (Entre les mots) Monde A Berne, les femmes &#8230; <a title=\"Octobre &#8211; F\u00e9minisme\/LGBT+\" class=\"read-more\" href=\"https:\/\/www.rdpemancipation.org\/?p=49927\" aria-label=\"En savoir plus sur Octobre &#8211; F\u00e9minisme\/LGBT+\">Lire la suite<\/a><\/p>\n","protected":false},"author":2,"featured_media":0,"comment_status":"closed","ping_status":"closed","sticky":false,"template":"","format":"standard","meta":{"_lmt_disableupdate":"no","_lmt_disable":"no","_jetpack_memberships_contains_paid_content":false,"footnotes":""},"categories":[12],"tags":[],"class_list":["post-49927","post","type-post","status-publish","format-standard","hentry","category-feminisme"],"modified_by":"jmb","jetpack_featured_media_url":"","jetpack_sharing_enabled":true,"_links":{"self":[{"href":"https:\/\/www.rdpemancipation.org\/index.php?rest_route=\/wp\/v2\/posts\/49927","targetHints":{"allow":["GET"]}}],"collection":[{"href":"https:\/\/www.rdpemancipation.org\/index.php?rest_route=\/wp\/v2\/posts"}],"about":[{"href":"https:\/\/www.rdpemancipation.org\/index.php?rest_route=\/wp\/v2\/types\/post"}],"author":[{"embeddable":true,"href":"https:\/\/www.rdpemancipation.org\/index.php?rest_route=\/wp\/v2\/users\/2"}],"replies":[{"embeddable":true,"href":"https:\/\/www.rdpemancipation.org\/index.php?rest_route=%2Fwp%2Fv2%2Fcomments&post=49927"}],"version-history":[{"count":77,"href":"https:\/\/www.rdpemancipation.org\/index.php?rest_route=\/wp\/v2\/posts\/49927\/revisions"}],"predecessor-version":[{"id":55160,"href":"https:\/\/www.rdpemancipation.org\/index.php?rest_route=\/wp\/v2\/posts\/49927\/revisions\/55160"}],"wp:attachment":[{"href":"https:\/\/www.rdpemancipation.org\/index.php?rest_route=%2Fwp%2Fv2%2Fmedia&parent=49927"}],"wp:term":[{"taxonomy":"category","embeddable":true,"href":"https:\/\/www.rdpemancipation.org\/index.php?rest_route=%2Fwp%2Fv2%2Fcategories&post=49927"},{"taxonomy":"post_tag","embeddable":true,"href":"https:\/\/www.rdpemancipation.org\/index.php?rest_route=%2Fwp%2Fv2%2Ftags&post=49927"}],"curies":[{"name":"wp","href":"https:\/\/api.w.org\/{rel}","templated":true}]}}