{"id":49925,"date":"2021-10-01T09:30:34","date_gmt":"2021-10-01T07:30:34","guid":{"rendered":"https:\/\/www.rdpemancipation.org\/?p=49925"},"modified":"2021-10-30T02:39:55","modified_gmt":"2021-10-30T00:39:55","slug":"octobre-antiracisme","status":"publish","type":"post","link":"https:\/\/www.rdpemancipation.org\/?p=49925","title":{"rendered":"Octobre &#8211; Antiracisme"},"content":{"rendered":"\n<p><strong><span class=\"has-inline-color has-vivid-red-color\">30 octobre en continu<\/span><\/strong><\/p>\n\n\n\n<p><strong><a href=\"https:\/\/www.mediapart.fr\/journal\/france\/281021\/dissolution-d-une-association-antiraciste-la-mecanique-infernale\">Dissolution d\u2019une association antiraciste: la m\u00e9canique infernale<\/a> (M\u00e9diapart)<\/strong><\/p>\n\n\n\n<p><a href=\"https:\/\/solidaires.org\/Solidaires-groupe-Ratp-Le-racisme-et-l-islamophobie-n-ont-pas-leur-place-a-la\">Le racisme et l&rsquo;islamophobie n&rsquo;ont pas leur place \u00e0 la Ratp comme ailleurs<\/a> ((Solidaires groupe Ratp)<\/p>\n\n\n\n<p><a href=\"https:\/\/marsactu.fr\/racisme-assume-a-la-pointe-rouge-un-proces-pour-lexemple\/\">Racisme assum\u00e9 \u00e0 la Pointe-Rouge : un proc\u00e8s pour l\u2019exemple<\/a> (Marsactu)<\/p>\n\n\n\n<p><strong><span class=\"has-inline-color has-vivid-red-color\">28 octobre en continu<\/span><\/strong><\/p>\n\n\n\n<p><strong><a href=\"https:\/\/blogs.mediapart.fr\/jean-marc-b\/blog\/271021\/le-devoilement-des-femmes-comme-obsession-coloniale-francaise-relire-fanon\">Le d\u00e9voilement des femmes comme obsession coloniale fran\u00e7aise. Relire Fanon <\/a>(Contretemps)<\/strong><\/p>\n\n\n\n<figure class=\"wp-block-image size-large is-resized is-style-default\"><img data-recalc-dims=\"1\" loading=\"lazy\" decoding=\"async\" src=\"https:\/\/i0.wp.com\/www.rdpemancipation.org\/wp-content\/uploads\/2021\/10\/9782707167637.jpeg?resize=301%2C458&#038;ssl=1\" alt=\"\" class=\"wp-image-54515\" width=\"301\" height=\"458\" srcset=\"https:\/\/i0.wp.com\/www.rdpemancipation.org\/wp-content\/uploads\/2021\/10\/9782707167637.jpeg?resize=673%2C1024&amp;ssl=1 673w, https:\/\/i0.wp.com\/www.rdpemancipation.org\/wp-content\/uploads\/2021\/10\/9782707167637.jpeg?resize=197%2C300&amp;ssl=1 197w, https:\/\/i0.wp.com\/www.rdpemancipation.org\/wp-content\/uploads\/2021\/10\/9782707167637.jpeg?resize=768%2C1169&amp;ssl=1 768w, https:\/\/i0.wp.com\/www.rdpemancipation.org\/wp-content\/uploads\/2021\/10\/9782707167637.jpeg?w=800&amp;ssl=1 800w\" sizes=\"auto, (max-width: 301px) 100vw, 301px\" \/><\/figure>\n\n\n\n<p><a href=\"https:\/\/theconversation.com\/le-tabou-des-statistiques-ethniques-en-france-un-frein-a-la-denonciation-collective-des-discriminations-raciales-170384\">Tabou statistiques ethniques: frein \u00e0 d\u00e9nonciation collective des discriminations raciales ?<\/a> (The Conversation)&nbsp;<\/p>\n\n\n\n<p><a href=\"https:\/\/www.arretsurimages.net\/chroniques\/le-matinaute\/si-zemmour-netait-pas-juif\">Si Zemmour n&rsquo;\u00e9tait pas juif<\/a> (Arr\u00eat sur images)<\/p>\n\n\n\n<figure class=\"wp-block-image is-resized is-style-default\"><img data-recalc-dims=\"1\" loading=\"lazy\" decoding=\"async\" src=\"https:\/\/i0.wp.com\/static.mediapart.fr\/etmagine\/default\/files\/2021\/10\/27\/code-de-la-deroute-1024x910.jpg?resize=369%2C328&#038;ssl=1\" alt=\"code-de-la-deroute-1024x910\" width=\"369\" height=\"328\"\/><\/figure>\n\n\n\n<p><a href=\"https:\/\/blogs.mediapart.fr\/les-invites-de-mediapart\/blog\/261021\/nous-sommes-tous-des-syndicalistes-antiracistes\">Nous sommes tous des syndicalistes antiracistes <\/a>&#8211; Les Invit\u00e9s de Mediapart<\/p>\n\n\n\n<p><a href=\"https:\/\/dieses.fr\/noir-vous-avez-dit-noir\">Noir, vous avez dit \u00ab Noir \u00bb ?<\/a> (di\u00e8ses)<\/p>\n\n\n\n<p><strong><span class=\"has-inline-color has-vivid-red-color\">27 octobre en continu<\/span><\/strong><\/p>\n\n\n\n<p><a href=\"https:\/\/www.boursorama.com\/videos\/actualites\/gilles-boetsch-anthropobiologiste-il-faut-deconstruire-les-images-racistes-1c6dea93c04c315e8564962838b0c080\">Gilles Bo\u00ebtsch, anthropobiologiste : \u00ab\u00a0Il faut d\u00e9construire les images racistes\u00a0\u00bb<\/a> (France 24)<\/p>\n\n\n\n<p><a href=\"https:\/\/www.revolutionpermanente.fr\/Campagne-raciste-contre-Anasse-Kazib-les-soutiens-de-Zemmour-a-la-manoeuvre\">Campagne raciste contre Anasse Kazib&nbsp;: les soutiens de Zemmour \u00e0 la man\u0153uvre<\/a> (RP)<\/p>\n\n\n\n<p><a href=\"https:\/\/www.revolutionpermanente.fr\/Toulouse-Soutien-aux-habitants-du-Mirail-qui-ont-degage-la-Generation-Z-de-l-universite\">Toulouse. Soutien aux habitants du Mirail qui ont d\u00e9gag\u00e9 la \u00ab&nbsp;G\u00e9n\u00e9ration Z&nbsp;\u00bb de l\u2019universit\u00e9&nbsp;!<\/a> (RP)<\/p>\n\n\n\n<p><strong><span class=\"has-inline-color has-vivid-red-color\">26 octobre en continu<\/span><\/strong><\/p>\n\n\n\n<p><a href=\"https:\/\/www.revolutionpermanente.fr\/Retirez-le-Zemmour-fait-se-devoiler-une-femme-dans-une-violente-operation-islamophobe-a-Drancy\">\u00ab&nbsp;Retirez-le&nbsp;\u00bb&nbsp;: Zemmour fait se d\u00e9voiler une femme dans une violente op\u00e9ration islamophobe \u00e0 Drancy<\/a> (RP)<\/p>\n\n\n\n<p><strong><span class=\"has-inline-color has-vivid-red-color\">25 octobre en continu<\/span><\/strong><\/p>\n\n\n\n<p><a href=\"http:\/\/www.slate.fr\/story\/217602\/etats-unis-autre-cancel-culture-lutte-contre-antiracisme-negationnisme-revisionnisme\">Offensive conservatrice aux USA contre la \u00ab th\u00e9orie critique de la race \u00bb<\/a> (Slate)<\/p>\n\n\n\n<p><strong><a href=\"https:\/\/sms.hypotheses.org\/28291\">La (post)-racialit\u00e9 aux USA : un d\u00e9bat sans fin?<\/a> (Hypoth\u00e8ses)<\/strong><\/p>\n\n\n\n<figure class=\"wp-block-image size-full is-style-default\"><img data-recalc-dims=\"1\" loading=\"lazy\" decoding=\"async\" width=\"326\" height=\"245\" src=\"https:\/\/i0.wp.com\/www.rdpemancipation.org\/wp-content\/uploads\/2021\/10\/image-103.png?resize=326%2C245&#038;ssl=1\" alt=\"\" class=\"wp-image-54121\" srcset=\"https:\/\/i0.wp.com\/www.rdpemancipation.org\/wp-content\/uploads\/2021\/10\/image-103.png?w=326&amp;ssl=1 326w, https:\/\/i0.wp.com\/www.rdpemancipation.org\/wp-content\/uploads\/2021\/10\/image-103.png?resize=300%2C225&amp;ssl=1 300w\" sizes=\"auto, (max-width: 326px) 100vw, 326px\" \/><\/figure>\n\n\n\n<p><strong><span class=\"has-inline-color has-vivid-red-color\">23 octobre en continu<\/span><\/strong><\/p>\n\n\n\n<figure class=\"wp-block-image is-resized is-style-default\"><img loading=\"lazy\" decoding=\"async\" src=\"https:\/\/pbs.twimg.com\/media\/FCKvHEPXEAQamOD?format=jpg&amp;name=large\" alt=\"Image\" width=\"309\" height=\"309\"\/><\/figure>\n\n\n\n<p><strong><span class=\"has-inline-color has-vivid-red-color\">22 octobre en continu<\/span><\/strong><\/p>\n\n\n\n<p><a href=\"https:\/\/lundi.am\/La-race-et-l-inconvertible\">La race et l\u2019inconvertible \u2013 Un extrait du livre \u00ab&nbsp;Des Empires sous la terre&nbsp;\u00bb<\/a> (lundi.am)<\/p>\n\n\n\n<figure class=\"wp-block-image is-resized is-style-default\"><img data-recalc-dims=\"1\" loading=\"lazy\" decoding=\"async\" src=\"https:\/\/i0.wp.com\/lundi.am\/IMG\/arton4372-resp320.jpg?resize=515%2C258&#038;ssl=1\" alt=\"\" width=\"515\" height=\"258\"\/><\/figure>\n\n\n\n<p><a href=\"https:\/\/www.frustrationmagazine.fr\/racises-citoyens-seconde-zone\/\">Racis\u00e9s nous n\u2019avons pas attendu le pass pour \u00eatre trait\u00e9s comme citoyens de seconde zone<\/a> (Frustration)&nbsp;<\/p>\n\n\n\n<p><strong><span class=\"has-inline-color has-vivid-red-color\">17 octobre en continu<\/span><\/strong><\/p>\n\n\n\n<p><a href=\"https:\/\/europe-solidaire.us8.list-manage.com\/track\/click?u=5c732dd5ee65845cf20fd724a&amp;id=3b9a236aa6&amp;e=5df9c98670\">17 oct 1961: plan ex\u00e9cut\u00e9 pour des motifs politiques et raciaux contre des civils&nbsp;<\/a> -O. Le Cour Grandmaison<\/p>\n\n\n\n<p><a href=\"https:\/\/www.mediapart.fr\/journal\/culture-idees\/171021\/mohamad-amer-meziane-il-n-y-pas-de-rechauffement-climatique-sans-violence-raciale\">Moham<\/a><strong><a href=\"https:\/\/www.mediapart.fr\/journal\/culture-idees\/171021\/mohamad-amer-meziane-il-n-y-pas-de-rechauffement-climatique-sans-violence-raciale\">ad Amer Meziane: \u00abIl n\u2019y a pas de r\u00e9chauffement climatique sans violence raciale\u00bb<\/a> (M\u00e9diapart)<\/strong><\/p>\n\n\n\n<figure class=\"wp-block-image is-resized is-style-default\"><img data-recalc-dims=\"1\" loading=\"lazy\" decoding=\"async\" src=\"https:\/\/i0.wp.com\/static.mediapart.fr\/etmagine\/default\/files\/2021\/10\/18\/17-octobre-61-france.jpg?resize=396%2C406&#038;ssl=1\" alt=\"17-octobre-61-france\" width=\"396\" height=\"406\"\/><\/figure>\n\n\n\n<p><strong><span class=\"has-inline-color has-vivid-red-color\">16 octobre en continu<\/span><\/strong><\/p>\n\n\n\n<p><a href=\"https:\/\/www.bondyblog.fr\/societe\/emploi\/racisme-et-harcelement-sexuel-en-open-space-elle-poursuit-son-entreprise\/\">Racisme et harc\u00e8lement sexuel en open space : elle poursuit son entreprise en justice<\/a>  (Le Bondy Blog)&nbsp;<\/p>\n\n\n\n<p><strong><span class=\"has-inline-color has-vivid-red-color\">14 octobre en continu<\/span><\/strong><\/p>\n\n\n\n<p><a href=\"https:\/\/blogs.mediapart.fr\/ahg-randon\/blog\/131021\/fermetures-de-mosquees-haro-sur-les-fideles\" title=\"https:\/\/blogs.mediapart.fr\/ahg-randon\/blog\/131021\/fermetures-de-mosquees-haro-sur-les-fideles\"><strong>Fermetures de mosqu\u00e9es : Haro sur les fid\u00e8les ?<\/strong><\/a> -A.H.G. Randon&nbsp;<\/p>\n\n\n\n<p><a href=\"https:\/\/lanticapitaliste.org\/opinions\/culture\/les-empoisonneurs-antisemitisme-islamophobie-xenophobie-de-sebastien-fontenelle\">Les empoisonneurs, antis\u00e9mitisme, islamophobie, x\u00e9nophobie, de S\u00e9bastien Fontenelle<\/a> -Henri Wilno<\/p>\n\n\n\n<p><strong><span class=\"has-inline-color has-vivid-red-color\">13 octobre en continu<\/span><\/strong><\/p>\n\n\n\n<p><a href=\"http:\/\/www.bok.net\/pajol\/debat\/presse\/lemonde\/ranciere.html\" target=\"_blank\" rel=\"noreferrer noopener\">Sept r\u00e8gles pour aider \u00e0 la diffusion des id\u00e9es racistes en France&nbsp;<\/a><a href=\"http:\/\/www.bok.net\/pajol\/debat\/presse\/lemonde\/ranciere.html\" target=\"_blank\" rel=\"noreferrer noopener\">(Jacques Ranci\u00e8re)<\/a>&nbsp;\u2013 Le Monde (1997)<\/p>\n\n\n\n<p><\/p>\n\n\n\n<figure class=\"wp-block-image is-resized is-style-default\"><img data-recalc-dims=\"1\" loading=\"lazy\" decoding=\"async\" src=\"https:\/\/i0.wp.com\/www.birdsdessines.fr\/bds\/2020\/10\/01\/kiosk_multirecidiviste-en-liberte_1601543677.png?resize=632%2C234&#038;ssl=1\" alt=\"BirdsDessines.fr | Partagez vos Birds Dessin\u00e9s\" width=\"632\" height=\"234\"\/><\/figure>\n\n\n\n<p><strong><span class=\"has-inline-color has-vivid-red-color\">12 octobre en continu<\/span><\/strong><\/p>\n\n\n\n<p><a href=\"https:\/\/www.nbcnews.com\/news\/amp\/rcna2734\" title=\"https:\/\/www.nbcnews.com\/news\/amp\/rcna2734\">\u00c9puration des livres anti-racistes des biblioth\u00e8ques dans les lyc\u00e9es du Texas<\/a> (anglais &#8211; NBC News)<\/p>\n\n\n\n<figure class=\"wp-block-image is-resized is-style-default\"><img data-recalc-dims=\"1\" loading=\"lazy\" decoding=\"async\" src=\"https:\/\/i0.wp.com\/media-cldnry.s-nbcnews.com\/image\/upload\/t_fit-1240w%2Cf_auto%2Cq_auto%3Abest\/rockcms\/2021-10\/211007-southlake-school-library-books-main-se-257p-216060.jpg?resize=478%2C239&#038;ssl=1\" alt=\"Image: A Carroll ISD teacher hung caution tape in front of the books in a classroom after the new policy was circulated.\" width=\"478\" height=\"239\"\/><\/figure>\n\n\n\n<p><strong><span class=\"has-inline-color has-vivid-red-color\">11 octobre en continu<\/span><\/strong><\/p>\n\n\n\n<p><a href=\"https:\/\/www.lacimade.org\/presse\/les-personnes-migrantes-ne-peuvent-servir-de-monnaie-dechange-aux-pressions-diplomatiques\/?utm_source=NL092021&amp;utm_medium=NL&amp;utm_id=NL&amp;utm_content=contenu\">Les <strong>migrant<\/strong>s ne peuvent servir de monnaie d\u2019\u00e9change aux pressions diplomatiques<\/a>(La Cimade)<\/p>\n\n\n\n<p><a href=\"https:\/\/twitter.com\/portes_thomas\/status\/1447221428319887365?s=21&amp;fbclid=IwAR3pIdlSZQhlC4u9yjpDcDnGqCUB9XlTfWmOgtNKriiemGXKo6y0_iMp8Vg\">Soutien aux camarades italiens qui luttent contre cette peste brune.<\/a>(Thomas Portes, Twitter)<\/p>\n\n\n\n<p><strong><span class=\"has-inline-color has-vivid-red-color\">10 octobre en continu<\/span><\/strong> <\/p>\n\n\n\n<p><a href=\"https:\/\/blogs.mediapart.fr\/thomas-coutrot\/blog\/091021\/les-mysteres-du-voile\">Les myst\u00e8res du voile <\/a>-Thomas Coutrot<\/p>\n\n\n\n<p><a href=\"https:\/\/www.saphirnews.com\/Belgique-apres-des-accusations-d-extremisme-visant-l-EMB-une-chasse-aux-musulmans-denoncee_a28356.html\">Belgique : apr\u00e8s des accusations d&rsquo;extr\u00e9misme visant l&rsquo;EMB, une \u00ab chasse aux musulmans \u00bb<\/a> (SaphirNews)<\/p>\n\n\n\n<p><strong><a href=\"https:\/\/linsoumission.fr\/2021\/09\/28\/lextreme-droite-fait-des-listes-de-juifs-on-se-reveille-quand\/\">L\u2019extr\u00eame droite fait des listes de juifs, on se r\u00e9veille quand ?<\/a> (L\u2019Insoumission<\/strong>)<\/p>\n\n\n\n<p><strong><span class=\"has-inline-color has-vivid-red-color\">8 octobre en continu<\/span><\/strong> <\/p>\n\n\n\n<p><a href=\"https:\/\/linsoumission.fr\/2021\/10\/08\/scandale-le-rapport-choc-qui-revele-lampleur-du-racisme-dans-linterim\/\">Scandale : le rapport choc qui r\u00e9v\u00e8le l\u2019ampleur du racisme dans l\u2019int\u00e9rim<\/a> (L\u2019Insoumission)<\/p>\n\n\n\n<p><a href=\"https:\/\/blogs.mediapart.fr\/dominique-vidal\/blog\/071021\/petites-manoeuvres-autour-de-lantisemitisme\">Petites man\u0153uvres autour de l&rsquo;antis\u00e9mitisme <\/a>-Dominique Vidal<\/p>\n\n\n\n<p><strong><span class=\"has-inline-color has-vivid-red-color\">6 octobre en continu<\/span><\/strong> <\/p>\n\n\n\n<p><a href=\"https:\/\/www.francetvinfo.fr\/societe\/antisemitisme\/l-union-europeenne-presente-sa-premiere-strategie-de-lutte-contre-l-antisemitisme_4796205.html\">L&rsquo;Union europ\u00e9enne pr\u00e9sente sa premi\u00e8re strat\u00e9gie de lutte contre l&rsquo;antis\u00e9mitisme<\/a> (France Info)<\/p>\n\n\n\n<p><strong><a href=\"https:\/\/blogs.mediapart.fr\/jean-marc-b\/blog\/051021\/race-racisme-racialisation-penser-ensemble-l-antisemitisme-et-l-islamophobie\">Race, racisme, racialisation. Penser ensemble l\u2019antis\u00e9mitisme et l\u2019islamophobie <\/a>(Contretemps)<\/strong><\/p>\n\n\n\n<div class=\"wp-block-image is-style-default\"><figure class=\"aligncenter\"><img data-recalc-dims=\"1\" height=\"569\" width=\"394\" decoding=\"async\" src=\"https:\/\/i0.wp.com\/www.contretemps.eu\/wp-content\/uploads\/Amsterdam-couv-antisemitisme-et-islamophobie-394x569.jpg?resize=394%2C569&#038;ssl=1\" alt=\"\" class=\"wp-image-30283\"\/><\/figure><\/div>\n\n\n\n<p><strong><span class=\"has-inline-color has-vivid-red-color\">4 octobre<\/span><\/strong><\/p>\n\n\n\n<p><a href=\"https:\/\/leblogcosmopolite.mystrikingly.com\/blog\/le-nouveau-paysage-de-l-antiracisme?fbclid=IwAR3ABK_ZkOsVs06qw6LWItEhGZTfEBorNF2Nv8_OfbZ6hiFk2WEpBekpIDo\">Le nouveau paysage de l\u2019antiracisme<\/a>(leblogcosmopolite)<\/p>\n\n\n\n<p><a href=\"https:\/\/lahorde.samizdat.net\/ANTIFA-le-jeu-dispo-en-librairie-en-demo-sur-Paris?fbclid=IwAR1updbFxMbkklNUQTBTFJFe7nwQlJNfWsc5ZqYhXplYdQmWqYfUk-S6ElI\">Jeu de soci\u00e9t\u00e9\u00a0\u00bbANTIFA&nbsp;\u00bb&nbsp;:dispo en librairie et en d\u00e9mo sur Paris<\/a>(LA Horde)<\/p>\n\n\n\n<p><\/p>\n\n\n\n<p><span class=\"has-inline-color has-vivid-red-color\"><strong>2 octobre en continu<\/strong><\/span><\/p>\n\n\n\n<p><a href=\"http:\/\/cqfd-journal.org\/Grand-remplacement-les-racines-du\">Grand remplacement : les racines du fiel<\/a> (CQFD)<\/p>\n\n\n\n<p><strong><a href=\"https:\/\/www.revolutionpermanente.fr\/Campagne-d-extreme-droite-le-laureat-de-la-meilleure-baguette-de-Paris-traite-d-islamiste\">Campagne d\u2019extr\u00eame-droite&nbsp;: le laur\u00e9at de la meilleure baguette de Paris trait\u00e9 d\u2019\u00ab&nbsp;islamiste&nbsp;\u00bb<\/a> (RP)<\/strong><\/p>\n\n\n\n<figure class=\"wp-block-image is-resized is-style-default\"><img data-recalc-dims=\"1\" loading=\"lazy\" decoding=\"async\" src=\"https:\/\/i0.wp.com\/www.revolutionpermanente.fr\/local\/cache-vignettes\/L653xH543\/arton26254-72c88.png?resize=419%2C348&#038;ssl=1\" alt=\"\" width=\"419\" height=\"348\"\/><\/figure>\n","protected":false},"excerpt":{"rendered":"<p>30 octobre en continu Dissolution d\u2019une association antiraciste: la m\u00e9canique infernale (M\u00e9diapart) Le racisme et l&rsquo;islamophobie n&rsquo;ont pas leur place \u00e0 la Ratp comme ailleurs ((Solidaires groupe Ratp) Racisme assum\u00e9 \u00e0 la Pointe-Rouge : un proc\u00e8s pour l\u2019exemple (Marsactu) 28 octobre en continu Le d\u00e9voilement des femmes comme obsession coloniale fran\u00e7aise. Relire Fanon (Contretemps) Tabou &#8230; <a title=\"Octobre &#8211; Antiracisme\" class=\"read-more\" href=\"https:\/\/www.rdpemancipation.org\/?p=49925\" aria-label=\"En savoir plus sur Octobre &#8211; Antiracisme\">Lire la suite<\/a><\/p>\n","protected":false},"author":2,"featured_media":0,"comment_status":"closed","ping_status":"closed","sticky":false,"template":"","format":"standard","meta":{"_lmt_disableupdate":"no","_lmt_disable":"no","_jetpack_memberships_contains_paid_content":false,"footnotes":""},"categories":[13],"tags":[],"class_list":["post-49925","post","type-post","status-publish","format-standard","hentry","category-antiracisme"],"modified_by":"jmb","jetpack_featured_media_url":"","jetpack_sharing_enabled":true,"_links":{"self":[{"href":"https:\/\/www.rdpemancipation.org\/index.php?rest_route=\/wp\/v2\/posts\/49925","targetHints":{"allow":["GET"]}}],"collection":[{"href":"https:\/\/www.rdpemancipation.org\/index.php?rest_route=\/wp\/v2\/posts"}],"about":[{"href":"https:\/\/www.rdpemancipation.org\/index.php?rest_route=\/wp\/v2\/types\/post"}],"author":[{"embeddable":true,"href":"https:\/\/www.rdpemancipation.org\/index.php?rest_route=\/wp\/v2\/users\/2"}],"replies":[{"embeddable":true,"href":"https:\/\/www.rdpemancipation.org\/index.php?rest_route=%2Fwp%2Fv2%2Fcomments&post=49925"}],"version-history":[{"count":27,"href":"https:\/\/www.rdpemancipation.org\/index.php?rest_route=\/wp\/v2\/posts\/49925\/revisions"}],"predecessor-version":[{"id":54906,"href":"https:\/\/www.rdpemancipation.org\/index.php?rest_route=\/wp\/v2\/posts\/49925\/revisions\/54906"}],"wp:attachment":[{"href":"https:\/\/www.rdpemancipation.org\/index.php?rest_route=%2Fwp%2Fv2%2Fmedia&parent=49925"}],"wp:term":[{"taxonomy":"category","embeddable":true,"href":"https:\/\/www.rdpemancipation.org\/index.php?rest_route=%2Fwp%2Fv2%2Fcategories&post=49925"},{"taxonomy":"post_tag","embeddable":true,"href":"https:\/\/www.rdpemancipation.org\/index.php?rest_route=%2Fwp%2Fv2%2Ftags&post=49925"}],"curies":[{"name":"wp","href":"https:\/\/api.w.org\/{rel}","templated":true}]}}