{"id":3805,"date":"2020-12-01T09:51:57","date_gmt":"2020-12-01T08:51:57","guid":{"rendered":"https:\/\/www.rdpemancipation.org\/?p=3805"},"modified":"2020-12-31T23:47:32","modified_gmt":"2020-12-31T22:47:32","slug":"decembre-politique","status":"publish","type":"post","link":"https:\/\/www.rdpemancipation.org\/?p=3805","title":{"rendered":"D\u00e9cembre-Politique"},"content":{"rendered":"\n<p><strong><span class=\"has-inline-color has-vivid-red-color\">31 d\u00e9cembre en continu<\/span><\/strong><\/p>\n\n\n\n<p><a href=\"https:\/\/blogs.mediapart.fr\/jean-marc-b\/blog\/311220\/lannee-2020-en-tags-et-en-chanson\">L&rsquo;ann\u00e9e 2020 en tags et en chanson! <\/a>-vid\u00e9o<\/p>\n\n\n\n<p><a href=\"https:\/\/lanticapitaliste.org\/communique\/contre-lindecente-auto-satisfaction-de-macron-mobilisation\">Contre l\u2019ind\u00e9cente auto-satisfaction de Macron, mobilisation !<\/a> (L\u2019Anticapitaliste)<\/p>\n\n\n\n<p><a href=\"https:\/\/alt-rev.com\/2020\/12\/31\/voeux-de-macron-il-invente-un-recit-qui-na-rien-a-voir-avec-notre-realite\/\">V\u0153ux de Macron : \u00abIl invente un r\u00e9cit qui n\u2019a rien \u00e0 voir avec notre r\u00e9alit\u00e9\u00bb<\/a><br>(vid\u00e9o RT France)<\/p>\n\n\n\n<p><a href=\"https:\/\/alt-rev.com\/2020\/12\/31\/quand-un-corbeau-nanti-dun-sabre-falsifie-trotsky\/\">Quand un corbeau nanti d\u2019un sabre falsifie Trotsky<\/a> (Arguments pour la lutte sociale)<\/p>\n\n\n\n<p><a href=\"https:\/\/www.mediapart.fr\/journal\/france\/311220\/une-ex-figure-de-la-mouvance-neonazie-condamnee-pour-des-menaces-de-decapitation\">Une ex-figure de la mouvance n\u00e9onazie condamn\u00e9e pour des menaces de d\u00e9capitation<\/a> (M\u00e9diapart)<\/p>\n\n\n\n<p><a href=\"https:\/\/alt-rev.com\/2020\/12\/31\/les-voeux-de-sante-de-yasmina-kettal-infirmiere-en-seine-saint-denis\/\">Les v\u0153ux de sant\u00e9 de Yasmina Kettal, infirmi\u00e8re en Seine-Saint-Denis<\/a> (vid\u00e9o Mediapart)<\/p>\n\n\n\n<p><a href=\"https:\/\/alt-rev.com\/2020\/12\/31\/le-dernier-marx-3\/\">Le dernier Marx<\/a> (Les lettres fran\u00e7aises)<\/p>\n\n\n\n<figure class=\"wp-block-image is-resized is-style-default\"><img data-recalc-dims=\"1\" loading=\"lazy\" decoding=\"async\" src=\"https:\/\/i0.wp.com\/editionsasymetrie.org\/wp-content\/uploads\/2018\/04\/couverture_536x276mm-couleurs-copie-500x684.jpg?resize=354%2C484&#038;ssl=1\" alt=\"\" width=\"354\" height=\"484\" title=\"couverture_536x276mm (couleurs) copie\"\/><\/figure>\n\n\n\n<p><a href=\"https:\/\/blogs.mediapart.fr\/jean-marc-b\/blog\/311220\/les-predateurs-du-pouvoir-mentent-sur-la-crise-qui-vient\">Les pr\u00e9dateurs du pouvoir mentent sur la crise qui vient <\/a>-Gilles Raveaud (vid\u00e9o Le M\u00e9dia)<\/p>\n\n\n\n<p><a href=\"https:\/\/alt-rev.com\/2020\/12\/31\/le-capitalisme-veut-il-la-fin-du-sommeil\/\">Le capitalisme veut-il la fin du sommeil ?<\/a> (Frustration)<\/p>\n\n\n\n<p><a href=\"https:\/\/alt-rev.com\/2020\/12\/31\/ledito-dalexis-poulin-covid-19-depuis-mars-tout-est-mensonge-manipulation-et-ratage\/\">Covid-19 : \u00abDepuis mars, tout est mensonge, manipulation, et ratage\u00bb<\/a>-vid\u00e9o Alexis Poulain (RT France)<\/p>\n\n\n\n<p><a href=\"https:\/\/lanticapitaliste.org\/actualite\/sante\/coronavirus-stop-aux-politiques-autoritaires-vite-une-reponse-sociale-et\">Coronavirus : stop aux politiques autoritaires, vite une r\u00e9ponse sociale et d\u00e9mocratique !<\/a> (L\u2019Anticapitaliste)<\/p>\n\n\n\n<p><a href=\"http:\/\/www.regards.fr\/politique\/article\/nous-devons-etre-les-alchimistes-qui-parviendront-a-transformer-la-colere-en\">Nous devons \u00eatre les alchimistes qui parviendront \u00e0 transformer la col\u00e8re en espoir \u00bb <\/a>-Fran\u00e7ois Ruffin (Regards)<\/p>\n\n\n\n<p><a href=\"https:\/\/www.lignes-de-cretes.org\/terrorisme-dextreme-droite-les-faits-et-les-forcenes\/\">Terrorisme d\u2019extr\u00eame-droite: les faits et les \u201cforcen\u00e9s\u201d <\/a>(Lignes de cr\u00eates)<\/p>\n\n\n\n<p><a href=\"https:\/\/www.revolutionpermanente.fr\/Congres-de-Tours-Gauchistes-indigenes-et-proletaires-dans-la-SFIC\">Congr\u00e8s de Tours. Gauchistes, indig\u00e8nes et prol\u00e9taires dans la SFIC<\/a> (RP)<\/p>\n\n\n\n<figure class=\"wp-block-image is-resized is-style-default\"><img data-recalc-dims=\"1\" loading=\"lazy\" decoding=\"async\" src=\"https:\/\/i0.wp.com\/www.revolutionpermanente.fr\/local\/cache-vignettes\/L653xH463\/arton23475-e808b.jpg?resize=396%2C281&#038;ssl=1\" alt=\"\" width=\"396\" height=\"281\"\/><\/figure>\n\n\n\n<p><strong><span class=\"has-inline-color has-vivid-red-color\">30 d\u00e9cembre en continu<\/span><\/strong><\/p>\n\n\n\n<p><a href=\"https:\/\/www.monde-diplomatique.fr\/2021\/01\/HALIMI\/62672\">Qui sera le prochain ennemi&nbsp;?<\/a> &#8211; Serge Halimi (LMD)<\/p>\n\n\n\n<p><a href=\"https:\/\/www.youtube.com\/watch?v=1wF5FMUtHDM\">D\u00e9mocratie : Marketing politique pour les pauvres?<\/a> Francis Dupuis-Deri (Thinkerview, redif)<\/p>\n\n\n\n<p><a href=\"https:\/\/www.frustrationmagazine.fr\/comprendre-la-defiance-envers-le-vaccin\/\">Comprendre la d\u00e9fiance envers le vaccin pour sortir de l\u2019\u00e9pid\u00e9mie de Covid<\/a> (Frustration)<\/p>\n\n\n\n<p><a href=\"https:\/\/www.boursorama.com\/actualite-economique\/actualites\/covid-19-200-maires-s-engagent-a-se-faire-vacciner-pour-encourager-les-francais-a-en-faire-autant-5f613f1e2e9e0cc332616a614a7af788\">Covid-19 : 200 maires s&rsquo;engagent \u00e0 se faire vacciner pour encourager les Fran\u00e7ais \u00e0 en faire autant<\/a> (Boursorama<strong>)<\/strong><\/p>\n\n\n\n<p><a href=\"https:\/\/www.mediapart.fr\/journal\/france\/301220\/face-au-risque-d-effacement-le-pcf-de-2020-cherche-encore-sa-boussole\">Face au risque d\u2019\u00abeffacement\u00bb, le PCF de 2020 cherche encore sa boussole<\/a> (M\u00e9diapart)<\/p>\n\n\n\n<figure class=\"wp-block-image size-large is-resized is-style-default\"><img data-recalc-dims=\"1\" loading=\"lazy\" decoding=\"async\" src=\"https:\/\/i0.wp.com\/www.rdpemancipation.org\/wp-content\/uploads\/2020\/12\/ca-fait-du-bien.jpg?resize=458%2C294&#038;ssl=1\" alt=\"\" class=\"wp-image-8613\" width=\"458\" height=\"294\"\/><\/figure>\n\n\n\n<p><a href=\"https:\/\/www.boursorama.com\/actualite-economique\/actualites\/region-grand-est-premieres-vaccinations-contre-le-covid-19-lundi-048f6930af7c13deaae16af7d3b16425\">R\u00e9gion Grand Est: premi\u00e8res vaccinations contre le Covid-19 lundi<\/a> (AFP<strong>)<\/strong><\/p>\n\n\n\n<p><a href=\"https:\/\/www.boursorama.com\/actualite-economique\/actualites\/covid-19-des-politiques-critiquent-la-lenteur-de-la-campagne-de-vaccination-5b5d16dbba939cd592407ad24416541d\">Covid-19: des politiques critiquent la lenteur de la campagne de vaccination<\/a> (AFP<strong>)<\/strong><\/p>\n\n\n\n<p><a href=\"https:\/\/www.boursorama.com\/actualite-economique\/actualites\/couvre-feu-avance-des-elus-regrettent-l-attentisme-du-gouvernement-ec01d9f746e146ee26fac6d4252e3f07\">Couvre-feu avanc\u00e9: des \u00e9lus regrettent l&rsquo;attentisme du gouvernement<\/a> (AFP)<\/p>\n\n\n\n<p><a href=\"https:\/\/www.monde-diplomatique.fr\/2021\/01\/CORDONNIER\/62635\">En avant vers le monde d&rsquo;avant<\/a> &#8211; (Monde Diplomatique)<\/p>\n\n\n\n<figure class=\"wp-block-image is-resized\"><img data-recalc-dims=\"1\" loading=\"lazy\" decoding=\"async\" src=\"https:\/\/i0.wp.com\/www.monde-diplomatique.fr\/local\/cache-vignettes\/L650xH807\/img022-22-1fdc2.jpg?resize=395%2C490&#038;ssl=1\" alt=\"JPEG - 126.4\u00a0ko\" width=\"395\" height=\"490\"\/><figcaption><sub>Alberto Magnelli. \u2013 \u00abMonde suspendu\u00bb, 1956<br>\u00a9 ADAGP, Paris, 2021 &#8211; ADAGP Images<\/sub><\/figcaption><\/figure>\n\n\n\n<p><a href=\"https:\/\/www.revolutionpermanente.fr\/Marche-des-Libertes-a-Marseille-Anastasia-15-ans-humiliee-frappee-et-insultee-par-la-police\">Marche des Libert\u00e9s \u00e0 Marseille&nbsp;: Anastasia, 15 ans, humili\u00e9e, frapp\u00e9e et insult\u00e9e par la police<\/a> (RP)<\/p>\n\n\n\n<p><a href=\"https:\/\/www.revolutionpermanente.fr\/Un-squat-ecolo-attaque-par-l-extreme-droite-a-Paris-apres-une-offensive-sur-les-reseaux-relayee-par\">Un squat \u00e9colo attaqu\u00e9 par l\u2019extr\u00eame-droite \u00e0 Paris apr\u00e8s une offensive sur les r\u00e9seaux relay\u00e9e par LREM<\/a> (RP)<\/p>\n\n\n\n<p><a href=\"http:\/\/www.apple.fr\">Anarcho-syndicalisme et militantisme ouvrier dans la France de l&rsquo;apr\u00e8s 1968. Le cas de la CFDT<\/a> -Simon S H Hector<\/p>\n\n\n\n<figure class=\"wp-block-embed is-type-photo is-provider-flickr wp-block-embed-flickr\"><div class=\"wp-block-embed__wrapper\">\n<a href=\"https:\/\/www.flickr.com\/photos\/119524765@N06\/50738347876\/in\/album-72157717424269938\/\"><img data-recalc-dims=\"1\" loading=\"lazy\" decoding=\"async\" src=\"https:\/\/i0.wp.com\/live.staticflickr.com\/65535\/50738347876_9aefe854ba_b.jpg?resize=1024%2C687&#038;ssl=1\" alt=\"_DSF8366\" width=\"1024\" height=\"687\" \/><\/a>\n<\/div><\/figure>\n\n\n\n<p><strong><span class=\"has-inline-color has-vivid-red-color\">29 d\u00e9cembre en continu<\/span><\/strong><\/p>\n\n\n\n<p><a href=\"https:\/\/www.boursorama.com\/actualite-economique\/actualites\/covid-19-le-couvre-feu-va-etre-avance-a-18h00-dans-une-partie-de-l-est-aefa04a05ab5db01a49177ebf2426828\">Covid-19: le couvre-feu va \u00eatre avanc\u00e9 \u00e0 18h00 dans une partie de l&rsquo;Est<\/a> (AFP)<\/p>\n\n\n\n<p><a href=\"https:\/\/www.mediapart.fr\/journal\/economie\/291220\/le-philosophe-pierre-cretois-veut-sortir-la-propriete-privee-des-droits-fondamentaux\">Le philosophe Pierre Cr\u00e9tois veut sortir la propri\u00e9t\u00e9 priv\u00e9e des droits fondamentaux<\/a> par Romaric Godin (M\u00e9diapart)<\/p>\n\n\n\n<p><a href=\"https:\/\/info.mediapart.fr\/optiext\/optiextension.dll?ID=HdcHdKsWrHbsal9W7PuGbkNSkNXDAmBlbsyXNAgUmjVShn+XOz1GGyd8UkWUxXv_9pCrNiIGJzw4XobrgV0zIVjVzF0HN\">Tabass\u00e9 \u00abpour avoir f\u00eat\u00e9 No\u00ebl\u00bb: itin\u00e9raire d\u2019une \u00abfake news\u00bb &nbsp;<\/a>(MDP)<\/p>\n\n\n\n<p><a href=\"https:\/\/lesjours.fr\/obsessions\/covid-deuxieme-vague\/ep33-agnes-buzyn-noel-2020\/\">Agn\u00e8s Buzyn, quatre saisons en enfer<\/a> (Les Jours)<\/p>\n\n\n\n<p><a href=\"https:\/\/www.humanite.fr\/lurgence-des-alternatives-au-capitalisme-catastrophe-pointe-le-philosophe-etienne-balibar-698145#xtor=RSS-1\">\u00ab L\u2019urgence des alternatives au capitalisme catastrophe \u00bb pointe le philosophe \u00c9tienne Balibar<\/a> (L\u2019Humanit\u00e9)<\/p>\n\n\n\n<p><a href=\"https:\/\/mars-infos.org\/manifestation-le-9-janvier-2021-14-5524\">Manifestation le 9 janvier 2021, 14:30 au Vieux-Port !&nbsp;<\/a> (Mars Info)<\/p>\n\n\n\n<p><a href=\"https:\/\/www.revolutionpermanente.fr\/Macron-prepare-ses-voeux-pour-se-reconcilier-avec-la-jeunesse\">Macron pr\u00e9pare ses v\u0153ux pour se r\u00e9concilier avec la jeunesse<\/a> (RP)<\/p>\n\n\n\n<p>Marseille: <a href=\"https:\/\/mars-infos.org\/silence-accademique-face-aux-5516\">Silence acad\u00e9mique face aux d\u00e9rives Mac Carthystes chez Les R\u00e9publicains&nbsp;<\/a> (Mars Infos)<\/p>\n\n\n\n<p><a href=\"https:\/\/www.anti-k.org\/2020\/12\/29\/petition-pour-une-ouverture-immediate-des-salles-de-spectacles\/\">P\u00e9tition\/ Pour une ouverture imm\u00e9diate des salles de spectacles <\/a>(Anti-K)<\/p>\n\n\n\n<figure class=\"wp-block-embed is-type-photo is-provider-flickr wp-block-embed-flickr\"><div class=\"wp-block-embed__wrapper\">\n<a href=\"https:\/\/www.flickr.com\/photos\/119524765@N06\/50737603113\/in\/album-72157717424269938\/\"><img data-recalc-dims=\"1\" loading=\"lazy\" decoding=\"async\" src=\"https:\/\/i0.wp.com\/live.staticflickr.com\/65535\/50737603113_d0ce75a2c0_c.jpg?resize=619%2C800&#038;ssl=1\" alt=\"_DSF9932\" width=\"619\" height=\"800\" \/><\/a>\n<\/div><\/figure>\n\n\n\n<p><strong><span class=\"has-inline-color has-vivid-red-color\">28 d\u00e9cembre en continu<\/span><\/strong><\/p>\n\n\n\n<p><a href=\"https:\/\/www.mediapart.fr\/journal\/france\/281220\/2020-2021-le-temps-des-tempetes-judiciaires-pour-nicolas-sarkozy\">2020-2021: le \u00abtemps des temp\u00eates\u00bb judiciaires pour Nicolas Sarkozy<\/a> (M\u00e9diapart)<\/p>\n\n\n\n<p><a href=\"https:\/\/kaizen-magazine.com\/article\/barbara-stiegler-qui-decide-en-democratie\/\">Barbara Stiegler : \u00abQui d\u00e9cide en d\u00e9mocratie ?\u00bb<\/a> (Kaizen)<\/p>\n\n\n\n<p><a href=\"https:\/\/www.boursorama.com\/actualite-economique\/actualites\/une-rencontre-entre-un-conseiller-de-macron-et-marion-marechal-critiquee-174132e2d1b40dbdf15f4346ea216882\">Une rencontre entre un conseiller de Macron et Marion Mar\u00e9chal critiqu\u00e9e<\/a>&nbsp; (AFP)<\/p>\n\n\n\n<p><a href=\"https:\/\/www.mediapart.fr\/journal\/france\/281220\/pour-prevenir-les-prochaines-pandemies-ne-peut-pas-en-rester-une-approche-medicale\">\u00abPour pr\u00e9venir les prochaines pand\u00e9mies, on ne peut pas en rester \u00e0 une approche m\u00e9dicale\u00bb<\/a> (M\u00e9diapart)<\/p>\n\n\n\n<p><a href=\"https:\/\/theconversation.com\/comment-le-terme-judeo-chretien-a-ete-instrumentalise-politiquement-152542\">Comment le terme \u00ab jud\u00e9o-chr\u00e9tien \u00bb a \u00e9t\u00e9 instrumentalis\u00e9 politiquement<\/a> (The Conversation)&nbsp;<\/p>\n\n\n\n<figure class=\"wp-block-image is-resized is-style-default\"><img data-recalc-dims=\"1\" loading=\"lazy\" decoding=\"async\" src=\"https:\/\/i0.wp.com\/images.theconversation.com\/files\/376679\/original\/file-20201228-17-ojtpdx.jpg?resize=405%2C253&#038;ssl=1\" alt=\"Concert de U2 (Vertigo Tour), le 22 septembre 2009. \" width=\"405\" height=\"253\"\/><\/figure>\n\n\n\n<p><a href=\"https:\/\/www.boursorama.com\/actualite-economique\/actualites\/2022-faure-ne-souhaite-pas-une-primaire-commune-de-la-gauche-et-des-ecologistes-e085fd3cc9a16f825f5896828bf9f00a\">2022: Faure ne souhaite pas une primaire commune de la gauche et des \u00e9cologistes<\/a> (AFP)<\/p>\n\n\n\n<p><a href=\"https:\/\/www.anti-k.org\/2020\/12\/28\/a-la-zad-du-carnet-je-nai-pas-lheure-mais-jai-le-temps\/\">\u00c0 la Zad du Carnet : \u00ab Je n\u2019ai pas l\u2019heure mais j\u2019ai le temps \u00bb <\/a>(Basta)<\/p>\n\n\n\n<p><a href=\"https:\/\/lepoing.net\/loi-securite-globale-ces-gilets-jaunes-qui-refusent-la-treve-de-noel-a-montpellier-et-beziers\/\">Loi s\u00e9curit\u00e9 globale : ces gilets jaunes qui refusent la tr\u00eave de No\u00ebl \u00e0 Montpellier et B\u00e9ziers <\/a>(Le Poing)<\/p>\n\n\n\n<p><a href=\"https:\/\/www.equaltimes.org\/retro2020-quelle-est-la-relation\">#Retro2020 : Quelle est la relation entre consommation responsable, droits humains et changement climatique ?<\/a> (Equal Times)<\/p>\n\n\n\n<p><a href=\"https:\/\/info.mediapart.fr\/optiext\/optiextension.dll?ID=qYZqZkQxIjwdj2v9COgAOuJotVdcwtL2isYnr2lBZM1M_GXaz_X6UAIL_YqUsUIX1jSjSrJP5lXDS6GoFY8CZzgIq+Sib\">Anne Hidalgo se pr\u00e9pare pour 2022, en divisant \u00e0 gauche<\/a> (MDP)<\/p>\n\n\n\n<figure class=\"wp-block-image is-resized is-style-default\"><img data-recalc-dims=\"1\" loading=\"lazy\" decoding=\"async\" src=\"https:\/\/i0.wp.com\/static.mediapart.fr\/etmagine\/default\/files\/2020\/12\/20\/000-11e0g8.jpg?resize=405%2C269&#038;ssl=1\" alt=\"Emmanuel Macron et Anne Hidalgo, en f\u00e9vrier 2018. \u00a9 Ludovic Marin\/AFP\/Pool\" width=\"405\" height=\"269\" title=\"Emmanuel Macron et Anne Hidalgo, en f\u00e9vrier 2018. \u00a9 Ludovic Marin\/AFP\/Pool\"\/><\/figure>\n\n\n\n<p><strong><span class=\"has-inline-color has-vivid-red-color\">27 d\u00e9cembre en continu<\/span><\/strong><\/p>\n\n\n\n<p><a href=\"https:\/\/www.mediapart.fr\/journal\/france\/271220\/cachin-fried-thorez-au-service-du-grand-staline\">Cachin, Fried, Thorez. Au service du grand Staline<\/a> par Fran\u00e7ois Bonnet (M\u00e9diapart)&nbsp;<\/p>\n\n\n\n<p><a href=\"https:\/\/zadducarnet.org\/index.php\/2020\/12\/23\/connaitre-ses-limites-et-sentraider-pour-eviter-le-burn-out\/\">Conna\u00eetre ses limites et s\u2019entraider pour \u00e9viter le burn out <\/a>(ZAD du Carnet)<\/p>\n\n\n\n<p><a href=\"https:\/\/reporterre.net\/J-ai-21-ans-et-je-ne-crois-plus-en-cette\">\u00ab&nbsp;J\u2019ai 21 ans, et je ne crois plus en cette R\u00e9publique moribonde&nbsp;\u00bb&nbsp;<\/a> (Reporterre)<\/p>\n\n\n\n<p><a href=\"https:\/\/blogs.mediapart.fr\/jean-marc-b\/blog\/261220\/aleveque-le-trou-noir-2-video\">Al\u00e9v\u00eaque Le Trou noir 2 &#8211;<\/a>vid\u00e9o<\/p>\n\n\n\n<p><a href=\"https:\/\/www.humanite.fr\/rechauffement-deforestation-importee-et-libre-echange-ou-la-lutte-en-bois-de-la-macronie-697946#xtor=RSS-1\">R\u00e9chauffement. D\u00e9forestation import\u00e9e et libre-\u00e9change, ou la lutte en bois de la macronie<\/a> (L\u2019Humanit\u00e9)<\/p>\n\n\n\n<p><a href=\"https:\/\/www.boursorama.com\/actualite-economique\/actualites\/tromperie-sur-la-marchandise-un-depute-quitte-et-tacle-le-groupe-modem-6ea9fdce85aa170e903febe40613f064\">\u00ab&nbsp;Tromperie sur la marchandise&nbsp;\u00bb&nbsp;: un d\u00e9put\u00e9 quitte et tacle le groupe MoDem<\/a>&nbsp; (LE POINT)<\/p>\n\n\n\n<p><a href=\"http:\/\/www.regards.fr\/ecologie\/article\/dictature-verte-ou-democratie-ecologique\">\u00ab Dictature verte \u00bb ou d\u00e9mocratie \u00e9cologique ?<\/a> (Regards)<\/p>\n\n\n\n<p><a href=\"https:\/\/www.anti-k.org\/2020\/12\/27\/christophe-darmangeat-aux-origines-de-la-guerre\/\">Christophe Darmangeat : aux origines de la guerre <\/a>(Ballast)<\/p>\n\n\n\n<figure class=\"wp-block-image is-resized is-style-default\"><img data-recalc-dims=\"1\" loading=\"lazy\" decoding=\"async\" src=\"https:\/\/i0.wp.com\/cqfd-journal.org\/local\/cache-vignettes\/L500xH484\/-1658-c1af8.jpg?resize=457%2C442\" alt=\"Par Cl\u00e9ment Bu\u00e9e {JPEG}\" width=\"457\" height=\"442\"\/><\/figure>\n\n\n\n<p><\/p>\n\n\n\n<p><span class=\"has-inline-color has-vivid-red-color\"><strong>26 d\u00e9cembre <\/strong><\/span><\/p>\n\n\n\n<p><a href=\"https:\/\/info.mediapart.fr\/optiext\/optiextension.dll?ID=w01w0XdaCDKNTpiNVQ5eK3gVX50fRCI277fTORJxFLzztf1MEGaIqvpAJgqoV40Li7VUgF_zjjg2RD09XEajTYtFNt5ws\">La France est-elle vraiment de droite?<\/a> (MDP)<\/p>\n\n\n\n<p>\u00ab\u00a0<a href=\"https:\/\/www.frustrationmagazine.fr\/qui-a-tue-samuel-paty-un-terroriste-mais-aussi-darmanin-sarkozy-macron-blanquer-valls-et-leurs-semblables\/?fbclid\">Qui a tu\u00e9 Samuel Paty&nbsp;? Un terroriste, mais aussi Darmanin, Sarkozy, Macron, Blanquer, Valls et cie<\/a>\u00a0\u00bb (Frustration)<\/p>\n\n\n\n<p><a href=\"https:\/\/www.youtube.com\/watch?v=fsVI9xP2tu4\">&nbsp;\u00ab\u00a0La pauvret\u00e9 explose mais on jette des milliards \u00e0 la mer&nbsp;!\u00a0\u00bb<\/a> -J-LM\u00e9lenchon, (Antenne R\u00e9union\u00a0\u00bb)&nbsp;<\/p>\n\n\n\n<p><a href=\"https:\/\/www.acrimed.org\/Mobilisons-nous-les-3-16-et-30-janvier-contre-la\">Mobilisons-nous les 3, 16 et 30 janvier contre la loi S\u00e9curit\u00e9 globale et les autres textes liberticides<\/a> (Acrimed)<\/p>\n\n\n\n<p><a href=\"https:\/\/info.mediapart.fr\/optiext\/optiextension.dll?ID=w01wZ_1og1Vc0K2Mvk9XjgcOVGNyGtwZl_K4Mn9OONAvLgTgFUvUCnrJSS7BURzW3tFcwWU5+2XSwPJhiygWCVa9bi2MJ\">1870: un regard global sur le premier conflit mondial<\/a> (MDP)<\/p>\n\n\n\n<figure class=\"wp-block-image is-resized is-style-default\"><img data-recalc-dims=\"1\" loading=\"lazy\" decoding=\"async\" src=\"https:\/\/i0.wp.com\/static.mediapart.fr\/etmagine\/default\/files\/2020\/12\/26\/capture-d-e-cran-2020-12-26-a-15-40-59.png?resize=467%2C349&#038;ssl=1\" alt=\"Camp de turcos sur les bords du Rhin, au d\u00e9but de la guerre, en Alsace, le 1er ao\u00fbt 1870. \u00a9 Haguenthal\" width=\"467\" height=\"349\" title=\"Camp de turcos sur les bords du Rhin, au d\u00e9but de la guerre, en Alsace, le 1er ao\u00fbt 1870. \u00a9 Haguenthal\"\/><figcaption>Camp de turcos sur les bords du Rhin, au d\u00e9but de la guerre, <br>en Alsace, le 1er ao\u00fbt 1870. \u00a9 Haguenthal<\/figcaption><\/figure>\n\n\n\n<p><span class=\"has-inline-color has-vivid-red-color\"><strong>25 d\u00e9cembre en continu<\/strong><\/span><\/p>\n\n\n\n<p><a href=\"https:\/\/www.revolutionpermanente.fr\/Petain-collabo-et-bourreau-de-1917-un-grand-militaire-selon-Macron\">P\u00e9tain, collabo et bourreau de 1917&nbsp;: \u00ab&nbsp;un grand militaire&nbsp;\u00bb selon Macron<\/a> (RP)<\/p>\n\n\n\n<figure class=\"wp-block-image is-resized is-style-default\"><img data-recalc-dims=\"1\" loading=\"lazy\" decoding=\"async\" src=\"https:\/\/i0.wp.com\/www.revolutionpermanente.fr\/local\/cache-vignettes\/L653xH483\/arton23412-f4218.jpg?resize=423%2C313&#038;ssl=1\" alt=\"\" width=\"423\" height=\"313\"\/><\/figure>\n\n\n\n<p><a href=\"https:\/\/www.mediapart.fr\/journal\/france\/241220\/montagne-d-or-en-guyane-la-justice-inflige-un-camouflet-l-etat\">Montagne d\u2019or en Guyane: la justice inflige un camouflet \u00e0 l\u2019Etat<\/a> (M\u00e9diapart)<\/p>\n\n\n\n<p><a href=\"http:\/\/www.syndicat-magistrature.org\/Mission-de-l-Assemblee-nationale-relative-au-cannabis-nos-observations.html\">Mission de l&rsquo;Assembl\u00e9e nationale relative au cannabis : nos observations<\/a> (Syndicat de la magistrature)<\/p>\n\n\n\n<p><a href=\"https:\/\/alt-rev.com\/2020\/12\/24\/guillaume-roubaud-quashie-dir-100-ans-de-parti-communiste-francais\/\">Guillaume Roubaud-Quashie (dir.), 100 ans de parti communiste fran\u00e7ais<\/a> (Dissidences)<\/p>\n\n\n\n<p><a href=\"https:\/\/alt-rev.com\/2020\/12\/24\/jean-vigreux-le-congres-de-tours-25-decembre-30-decembre-1920\/\">Jean Vigreux, Le Congr\u00e8s de Tours. 25 d\u00e9cembre-30 d\u00e9cembre 1920<\/a> (Dissidences)<\/p>\n\n\n\n<p><a href=\"https:\/\/lanticapitaliste.org\/actualite\/politique\/les-mauvais-jours-finiront\">Les mauvais jours finiront<\/a> -Julien Salingue<\/p>\n\n\n\n<p><a href=\"https:\/\/alt-rev.com\/2020\/12\/24\/roger-martelli-jean-vigreux-et-serge-wolikow-le-parti-rouge-une-histoire-du-pcf-1920-2020\/\">Roger Martelli, Jean Vigreux et Serge Wolikow, Le Parti rouge \u2013 Une histoire du PCF 1920-2020<\/a> (Dissidences)<\/p>\n\n\n\n<div class=\"wp-block-image is-style-default\"><figure class=\"aligncenter\"><img data-recalc-dims=\"1\" decoding=\"async\" src=\"https:\/\/i0.wp.com\/images-na.ssl-images-amazon.com\/images\/I\/51iP4jc950L._SX352_BO1%2C204%2C203%2C200_.jpg?w=1200&#038;ssl=1\" alt=\"\"\/><\/figure><\/div>\n\n\n\n<p><span class=\"has-inline-color has-vivid-red-color\"><strong>24 d\u00e9cembre <\/strong><\/span><\/p>\n\n\n\n<p><a href=\"https:\/\/blogs.mediapart.fr\/jean-marc-b\/blog\/241220\/un-appel-desespere-et-incoherent-des-minoritaires-du-npa\">Un appel d\u00e9sesp\u00e9r\u00e9 et incoh\u00e9rent des minoritaires du NPA&nbsp;<\/a> -Jean-Marc B<\/p>\n\n\n\n<p><a href=\"https:\/\/blogs.mediapart.fr\/jean-marc-b\/blog\/241220\/crise-au-sommet-et-poussee-de-celles-et-de-ceux-d-en-bas-l-echelle-du-monde\">Crise au sommet et pouss\u00e9e de celles et de ceux d\u2019en bas \u2026 \u00e0 l\u2019\u00e9chelle du&nbsp;monde. <\/a>(Aplutsoc)<\/p>\n\n\n\n<p><a href=\"https:\/\/www.revolutionpermanente.fr\/Extreme-droite-Generation-Identitaire-s-en-prend-lachement-a-une-distribution-de-soupe-solidaire-a\">Extr\u00eame-droite. G\u00e9n\u00e9ration Identitaire s\u2019en prend l\u00e2chement \u00e0 une distribution de soupe solidaire \u00e0 Rouen<\/a> (RP)<\/p>\n\n\n\n<p><a href=\"https:\/\/blogs.mediapart.fr\/jean-marc-b\/blog\/241220\/congres-de-tours-naissance-de-la-section-francaise-de-linternationale-communiste\">Congr\u00e8s de Tours: naissance de la Section Fran\u00e7aise de l&rsquo;Internationale Communiste <\/a>-vid\u00e9o L\u2019Huma<\/p>\n\n\n\n<p><a href=\"https:\/\/blogs.mediapart.fr\/jean-marc-b\/blog\/241220\/crise-au-sommet-et-poussee-de-celles-et-de-ceux-d-en-bas-l-echelle-du-monde\">Crise au sommet et pouss\u00e9e de celles et de ceux d\u2019en bas \u2026 \u00e0 l\u2019\u00e9chelle du&nbsp;monde. <\/a>(Aplutsoc)<\/p>\n\n\n\n<p><a href=\"https:\/\/alt-rev.com\/2020\/12\/23\/etat-et-manifestations-contre-la-loi-securite-globale\/\">\u00c9tat et manifestations contre la loi s\u00e9curit\u00e9 globale<\/a> (Temps critiques)<\/p>\n\n\n\n<p><a href=\"https:\/\/lanticapitaliste.org\/opinions\/culture\/essai-le-parti-des-communistes-de-julian-mischi\">Essai : Le Parti des communistes, de Julian Mischi<\/a> -Henri Wilno<\/p>\n\n\n\n<p><a href=\"https:\/\/alt-rev.com\/2020\/12\/24\/et-si-les-gilets-jaunes-avaient-pris-lelysee-une-nouvelle-de-didier-daeninckx\/\">Et si les \u201cgilets jaunes\u201d avaient pris l\u2019\u00c9lys\u00e9e ? Une nouvelle de Didier Daeninckx<\/a> (Marianne)<\/p>\n\n\n\n<figure class=\"wp-block-image is-resized is-style-default\"><img data-recalc-dims=\"1\" loading=\"lazy\" decoding=\"async\" src=\"https:\/\/i0.wp.com\/resize.marianne.net\/r\/770%2C462\/img\/var\/LQ4433030C\/523442\/SIPA_AP22279988_000078.jpg?resize=426%2C283&#038;ssl=1\" alt=\"Et si les &quot;gilets jaunes&quot; avaient pris l\u2019\u00c9lys\u00e9e\u00a0?\" width=\"426\" height=\"283\"\/><\/figure>\n\n\n\n<p><span class=\"has-inline-color has-vivid-red-color\"><strong>23 d\u00e9cembre <\/strong><\/span><\/p>\n\n\n\n<p><a href=\"https:\/\/info.mediapart.fr\/optiext\/optiextension.dll?ID=RjiRiGx+zsqU8QPejwyT5WN4OBtYvmOUixW27wCsGb_9G9OBIGStMP+4MEOVtp_PnFKp5ApCcvGNQIZ4NutdF4sWy9IJ8\">Loi sur les crises sanitaires: le gouvernement recule mais ne rassure pas<\/a> (MDP)<\/p>\n\n\n\n<p><a href=\"https:\/\/info.mediapart.fr\/optiext\/optiextension.dll?ID=RjiRlgRjz1MQf1_K1ayUW9qhcOpX_Iq728JipPu8QFb+Fhw7JxChs1ssPJ41sK93LOFKUIwumySUNpgmJrzbDITMLfUBC\">Quand le destin du communisme europ\u00e9en n\u2019\u00e9tait pas encore scell\u00e9<\/a> (MDP)<\/p>\n\n\n\n<p><a href=\"https:\/\/lanticapitaliste.org\/actualite\/sante\/covid-un-de-faillite-sanitaire-et-de-gestion-austeritaireautoritaire\">Covid : un an de faillite sanitaire et de gestion aust\u00e9ritaire\/autoritaire<\/a> -Frank Cantaloup<\/p>\n\n\n\n<p><a href=\"https:\/\/www.boursorama.com\/actualite-economique\/actualites\/le-conseil-d-etat-maintient-la-fermeture-des-lieux-culturels-5396afad1eccfc10dd8283ce1a7a7dee\">Le Conseil d&rsquo;Etat maintient la fermeture des lieux culturels<\/a>&nbsp; (REUTERS)<\/p>\n\n\n\n<p><a href=\"https:\/\/drive.google.com\/file\/d\/11es5iVE9yqx2FdBhaoYm6Lt60pqZpoH-\/view?usp=sharing\">Une interview exclusive d\u2019Emmanuel Macron<\/a> (L\u2019Express)<\/p>\n\n\n\n<figure class=\"wp-block-image is-resized is-style-default\"><img data-recalc-dims=\"1\" loading=\"lazy\" decoding=\"async\" src=\"https:\/\/i0.wp.com\/lanticapitaliste.org\/sites\/default\/files\/styles\/largeur_content_hauteur_complet\/public\/covid.jpg?resize=461%2C263&#038;ssl=1\" alt=\"\" width=\"461\" height=\"263\"\/><\/figure>\n\n\n\n<p><a href=\"https:\/\/www.bva-group.com\/sondages\/barometre-de-suivi-de-la-crise-du-covid-19-en-europe-vague-71\/\">La confiance dans le gouvernement fran\u00e7ais pour faire face \u00e0 la crise se d\u00e9t\u00e9riore \u00e0 nouveau<\/a> (BVA)&nbsp;<\/p>\n\n\n\n<p><a href=\"https:\/\/www.humanite.fr\/risque-t-un-troisieme-confinement-la-rentree-697919#xtor=RSS-1\">Risque-t-on un troisi\u00e8me confinement \u00e0 la rentr\u00e9e ?<\/a> (L\u2019Humanit\u00e9)&nbsp;<\/p>\n\n\n\n<p><a href=\"https:\/\/alt-rev.com\/2020\/12\/23\/mieux-comprendre-le-liberalisme-autoritaire-avec-carl-schmitt-et-hermann-heller\/\">Mieux comprendre le \u201clib\u00e9ralisme autoritaire\u201d avec Carl Schmitt et Hermann Heller<\/a> (Marianne)<\/p>\n\n\n\n<p><a href=\"https:\/\/alt-rev.com\/2020\/12\/23\/les-autoroutes-appartiennent-a-leurs-usagers-des-gilets-jaunes-ouvrent-le-peage-de-saint-arnoult\/\">\u00abLes autoroutes appartiennent \u00e0 leurs usagers\u00bb : des Gilets jaunes ouvrent le p\u00e9age de Saint-Arnoult<\/a> (RT)<\/p>\n\n\n\n<p><a href=\"https:\/\/www.anti-k.org\/2020\/12\/23\/lppr-avis-du-conseil-constitutionnel-suite-au-recours-depose-en-decembre\/\">LPPR : Avis du Conseil Constitutionnel suite au recours d\u00e9pos\u00e9 en d\u00e9cembre <\/a>(LFI)<\/p>\n\n\n\n<p><a href=\"https:\/\/lanticapitaliste.org\/opinions\/vie-interne\/un-parti-pour-lunite-dans-les-luttes-et-pour-la-rupture-anticapitaliste-et\">Un parti pour l\u2019unit\u00e9 dans les luttes et pour la rupture anticapitaliste et r\u00e9volutionnaire<\/a> -Collectif membres du NPA<\/p>\n\n\n\n<p><a href=\"https:\/\/www.lignes-de-cretes.org\/maurras-et-petain-faux-plis-du-drapeau-de-macron\/\">Maurras et P\u00e9tain, faux plis du drapeau de Macron<\/a> (Lignes de cr\u00eates)&nbsp;<\/p>\n\n\n\n<figure class=\"wp-block-image is-resized is-style-default\"><img data-recalc-dims=\"1\" loading=\"lazy\" decoding=\"async\" src=\"https:\/\/i0.wp.com\/www.lignes-de-cretes.org\/wp-content\/uploads\/2020\/12\/dou03_breton_01f.jpg?resize=424%2C568&#038;ssl=1\" alt=\"\" width=\"424\" height=\"568\"\/><\/figure>\n\n\n\n<p><strong><span class=\"has-inline-color has-vivid-red-color\">22 d\u00e9cembre<\/span><\/strong><\/p>\n\n\n\n<p><a href=\"https:\/\/lanticapitaliste.org\/evenement\/paris-manifestation-contre-les-licenciements\">Paris &#8211; Manifestation contre les licenciements<\/a> (L\u2019Anticapitaliste)<\/p>\n\n\n\n<p><a href=\"https:\/\/info.mediapart.fr\/optiext\/optiextension.dll?ID=IabIeawrWm17HWZdBsnEnzz0PckNOH6ckHU3A8vgu3t1gyYYQ0KUJGcHxf4UCGqFYdVz2nnJEmzlkEqDv62ha5ZAJ8kcs\">Loi \u00abS\u00e9curit\u00e9 globale\u00bb et loi \u00abS\u00e9paratisme\u00bb: restons mobilis\u00e9\u00b7e\u00b7s!<\/a> -section syndicale CGT Mediapart<\/p>\n\n\n\n<p><a href=\"https:\/\/l.facebook.com\/l.php?u=https:\/\/lecourrier-du-soir.com\/une-lobbyiste-membre-de-lrem-promue-public-policy-manager-de-twitter-france-pour-un-salaire-denviron-14-000-euros-le-mois\/?fbclid=IwAR1Ol27c1d_2Q3dnjPbG7iW5P4EnMc9lzXC4PiQwEIBPnWneAo_CV7esTTg&amp;h=AT2EoJka00vLmrfbCgDITum4bF03yAC0nYognEOL8WLSttsEsDRToux3UMQa5hF6RTSrKpN0VDlcK2mXPlQIfcDNjHwxZVv5eeOHkhB79A99MaLUWhOGHWjkYskxUtw892-YHVk&amp;__tn__=,mH-R&amp;c%5B0%5D=AT02kdnvuej_k5uoTYjnv7A_fqZgffyjArpFhYWR8LbYK-vB7HcaVQFBYQhGetaCSe2MUXh56o-JwJaxCy3Jj8qP-hZylaBHwjeZ2MTxvKByCheohFOHPym9nRVg5efEnIrDxv8WRP2a4j-eCuOQo5tfOEpT256uw4y4LFCnFidZ2TU\">Une militante LREM lobbyiste de Twitter France pour environ 14 000 \u20ac\/mois&nbsp;<\/a> (Le Courrier du soir)&nbsp;<\/p>\n\n\n\n<p><a href=\"https:\/\/lanticapitaliste.org\/actualite\/politique\/2020-le-capitalisme-en-faillite-en-2021-changeons-tout\">2020, le capitalisme en faillite\u2026 En 2021, changeons tout !<\/a> (L\u2019Anticapitaliste)<\/p>\n\n\n\n<figure class=\"wp-block-image is-resized is-style-default\"><img loading=\"lazy\" decoding=\"async\" src=\"https:\/\/scontent.fsti4-2.fna.fbcdn.net\/v\/t1.0-9\/132443069_202714368067535_864287378875064648_n.jpg?_nc_cat=104&amp;ccb=2&amp;_nc_sid=dbeb18&amp;_nc_ohc=PlD7vXtxUbMAX-hNZx5&amp;_nc_ht=scontent.fsti4-2.fna&amp;oh=5a1b2d5ffebb6f5d061919d7bf114795&amp;oe=60089123\" alt=\"L\u2019image contient peut-\u00eatre\u00a0: 1 personne, plein air et texte\" width=\"400\" height=\"534\"\/><\/figure>\n\n\n\n<p><a href=\"https:\/\/www.revolutionpermanente.fr\/Dix-mois-d-une-gestion-sanitaire-catastrophique-et-le-spectre-d-un-nouveau-rebond-epidemique\">Dix mois d\u2019une gestion sanitaire catastrophique et le spectre d\u2019un nouveau rebond \u00e9pid\u00e9mique<\/a> (RP)<\/p>\n\n\n\n<p><a href=\"https:\/\/aplutsoc.org\/2020\/12\/21\/la-scission-de-tours-recensions\/\">La scission de Tours.&nbsp;Recensions<\/a> -Vincent Pr\u00e9sumey (Aplutsoc)<\/p>\n\n\n\n<p><a href=\"https:\/\/peps-pouruneecologiepopulaireetsociale.fr\/2020\/12\/22\/ledito-du-lundi-de-peps-la-demission-de-michele-rubirola-ou-lhiver-marseillais\/\">La d\u00e9mission de Mich\u00e8le Rubirola ou l&rsquo;hiver marseillais<\/a> (PEPS)<\/p>\n\n\n\n<figure class=\"wp-block-image is-resized\"><img data-recalc-dims=\"1\" loading=\"lazy\" decoding=\"async\" src=\"https:\/\/pepspouruneecologiepopulaireetsociale.files.wordpress.com\/2020\/12\/rubirola.png?w=470&#038;resize=356%2C262\" alt=\"\" width=\"356\" height=\"262\"\/><\/figure>\n\n\n\n<p><span class=\"has-inline-color has-vivid-red-color\"><strong>21 d\u00e9cembre en continu<\/strong><\/span><\/p>\n\n\n\n<p><a href=\"https:\/\/alt-rev.com\/2020\/12\/21\/la-crise-sanitaire-va-t-elle-enterrer-la-democratie\/\">La crise sanitaire va-t-elle enterrer la d\u00e9mocratie?<\/a> (Le vent se l\u00e8ve)<\/p>\n\n\n\n<p><a href=\"https:\/\/alt-rev.com\/2020\/12\/21\/1-2-3-le-black-bloc-est-roi\/\">\u201c1, 2, 3, le black bloc est roi\u201d<\/a> (Lundi matin)<\/p>\n\n\n\n<p><a href=\"https:\/\/info.mediapart.fr\/optiext\/optiextension.dll?ID=E89E_LZpZUy8VHhl_RJ7nd6B16+z3qqX1kMpcWlz6obQ_LDUxNcx0yAdLu0q4MrUEfFQeLqo5H5yomHChll+4gZbNmiEh\">Le tirage au sort pour rendre le pouvoir accessible \u00e0 tous<\/a> (MDP)<\/p>\n\n\n\n<p><a href=\"https:\/\/alt-rev.com\/2020\/12\/21\/la-question-du-parti-lenine-le-che-et-le-npa\/\">La question du parti, L\u00e9nine, le Che et le NPA\u2026<\/a> (D\u00e9mocratie r\u00e9volutionnaire)<\/p>\n\n\n\n<p><a href=\"https:\/\/blogs.mediapart.fr\/faisons-vivre-la-commune\/blog\/201220\/1871-2021-une-commune-de-paris-toujours-vivante\">1871-2021, une Commune de Paris toujours vivante<\/a> -Faisons vivre la Commune<\/p>\n\n\n\n<p><a href=\"https:\/\/cfak.ca\/podcast\/les-longues-entrevues-geoffroy-de-lagasnerie-5-decembre-2020\/?fbclid=IwAR2yEOMdYSOgV1a0M9k3tG4vyu015lUs4PkuBgv6cd5YKw2bU2NPgnkiBYY\">Les longues entrevues:&nbsp; Geoffroy De Lagasnerie<\/a> (CFAK, podcast 1h20)<\/p>\n\n\n\n<figure class=\"wp-block-image is-resized is-style-default\"><img data-recalc-dims=\"1\" loading=\"lazy\" decoding=\"async\" src=\"https:\/\/i0.wp.com\/static.mediapart.fr\/etmagine\/default\/files\/2020\/12\/19\/20201219-1.jpg?resize=303%2C416&#038;ssl=1\" alt=\"20201219-1\" width=\"303\" height=\"416\"\/><\/figure>\n\n\n\n<p><span class=\"has-inline-color has-vivid-red-color\"><strong>20 d\u00e9cembre<\/strong><\/span><\/p>\n\n\n\n<p>&nbsp;<a href=\"https:\/\/www.franceculture.fr\/emissions\/les-nuits-de-france-culture\/analyse-spectrale-de-loccident-karl-marx-1ere-diffusion-06031965\">Une p\u00e9pite radiophonique de 1965: \u00e9mission sur Karl Marx avec Althusser, Rubel, etc<\/a> (France culture)<\/p>\n\n\n\n<p><a href=\"https:\/\/alt-rev.com\/2020\/12\/20\/le-mouvement-des-gilets-jaunes-regards-sur-une-revolte-populaire-et-sociale\/\">Le mouvement des \u201cGilets jaunes\u201d: Regards sur une r\u00e9volte populaire et sociale<\/a> (Dissidences)<\/p>\n\n\n\n<p><a href=\"https:\/\/lvsl.fr\/chantal-mouffe-pourquoi-la-gauche-populiste-devrait-se-rallier-autour-dune-transformation-democratique-ecologique\/\">C. Mouffe : \u00ab La gauche populiste devrait se rallier autour d\u2019une transformation d\u00e9mocratique \u00e9cologique \u00bb<\/a> (LVSL)<\/p>\n\n\n\n<p><a href=\"https:\/\/www.anti-k.org\/2020\/12\/19\/piketty-la-parenthese-social-democrate-et-lillusion-dune-reforme-du-capitalisme\/\">Piketty, la parenth\u00e8se social-d\u00e9mocrate et l\u2019illusion d\u2019une r\u00e9forme du capitalisme <\/a>&#8211; Extrait de Alain Bihr et Michel Husson<\/p>\n\n\n\n<p><a href=\"https:\/\/www.flickr.com\/photos\/119524765@N06\/albums\">Reportage photos : Manifestation Gilets Jaunes , Parapluie, Soutien \u00e0 Moun <\/a>&#8211; Serge D\u2019ignazio<\/p>\n\n\n\n<p><a href=\"https:\/\/www.lemediatv.fr\/emissions\/2020\/macron-covid-reveillon-YZY1QYXTSxmqvVF3pdh12g\">Macron + Covid + R\u00e9veillon<\/a> par Le M\u00e9dia&nbsp;<\/p>\n\n\n\n<figure class=\"wp-block-image is-resized is-style-default\"><img loading=\"lazy\" decoding=\"async\" src=\"https:\/\/scontent.fsti4-1.fna.fbcdn.net\/v\/t1.0-9\/132176060_1111928835896250_5201150880503419885_o.jpg?_nc_cat=100&amp;cb=846ca55b-311e05c7&amp;ccb=2&amp;_nc_sid=730e14&amp;_nc_ohc=Lw1TFW1TDEoAX8nO7xQ&amp;_nc_ht=scontent.fsti4-1.fna&amp;oh=fafe60e7184f143067a7e485c51b875d&amp;oe=6003863D\" alt=\"L\u2019image contient peut-\u00eatre\u00a0: 1 personne, texte qui dit \u2019LOUIS-EMMANUEL alit\u00e9, \u00e0 la lanterne, \u00e0 Versailles Temp\u00e9rature Temp stable: CaC 40\u00b0 La M\u00e9decine publique ordonne: 1 saign\u00e9e quotidienne pendant 5jours 2 caut\u00e9risations des orifices matin et soir SOVIET\u2019\" width=\"413\" height=\"374\"\/><\/figure>\n\n\n\n<p><span class=\"has-inline-color has-vivid-red-color\"><strong>19 d\u00e9cembre <\/strong><\/span><\/p>\n\n\n\n<p><a href=\"https:\/\/lanticapitaliste.org\/actualite\/politique\/retour-vers-le-ps-lillusion-du-printemps-marseillais\">Retour vers le PS : l\u2019illusion du Printemps marseillais&nbsp;<\/a>(L\u2019Anticapitaliste)<\/p>\n\n\n\n<p><a href=\"https:\/\/info.mediapart.fr\/optiext\/optiextension.dll?ID=C_+C7wRy5kxEMCWka6WV3UMO7pKgO0UXN7JShV0dn55DFnKSugDdL+S6SrnJYSdnDvpTvOmCi1U7CZDInEbukfc5___mO\">PSG et Mondial 2022: le d\u00e9jeuner de l\u2019Elys\u00e9e o\u00f9 tout s\u2019est jou\u00e9<\/a> (MDP)<\/p>\n\n\n\n<p><a href=\"https:\/\/l.facebook.com\/l.php?u=https:\/\/www.liberation.fr\/planete\/2020\/12\/17\/une-ribambelle-de-cas-contacts-au-sommet-de-l-europe_1808997?fbclid=IwAR1xgjh2uAyhlSMG1Vmv7Z08z6osoJhzJLoTAcA-RKIVMRXx6V3f2MJ8sHE&amp;h=AT1dypk0PPU4YcXAGeDgMAzLHx74VhcaF1dHYXZJTBOjZZtUkPrulyIUREyqz1AZQdQSa5_yvKVEcenaS932zX8SlvDO_2Yo0hViSVNzgwlXcH-FAZW56J-ReYLQ-6D7uDGtLaE&amp;__tn__=,mH-R&amp;c%5B0%5D=AT3_VTPHheRCJYl6qM_RIWOl6fJSFCv9PKIlmst1TD_7uwbfZaCgRNKBPGUuvGjHQCrzwyq4urArFUDDvJuCM3gw9RZBdg6_wr-poqDnbkfTsAUL0FAjTwMAqMxWfqaTbv5SnUZbUS1ecQ8i_4aexyi4s3a-YAwQdYgDDC-ph8AQwvI\">&nbsp;Macron : une ribambelle de cas contacts au sommet de l\u2019Europe <\/a>(Lib\u00e9ration)<\/p>\n\n\n\n<p><a href=\"https:\/\/blogs.mediapart.fr\/jean-marc-b\/blog\/191220\/fistaille-made-toylettes-hors-serie-13h12\">Fistaille made in Toylettes hors s\u00e9rie : \u00ab\u00a013h12\u00a0\u00bb <\/a>-vid\u00e9o<\/p>\n\n\n\n<p><a href=\"https:\/\/www.boursorama.com\/actualite-economique\/actualites\/proces-en-vue-pour-le-president-de-la-metropole-de-lille-soupconne-de-recel-d-abus-de-confiance-310485feed6bf2cb18c1135fed072c2c\">Proc\u00e8s en vue pour le pr\u00e9sident de la m\u00e9tropole de Lille, soup\u00e7onn\u00e9 de recel d&rsquo;abus de confiance<\/a>&nbsp; (AFP)<\/p>\n\n\n\n<p><a href=\"https:\/\/info.mediapart.fr\/optiext\/optiextension.dll?ID=nVUnPjnA_0p0+AWtfE_TWhXZn9W_FN7O8kTRjB+nmaJbpkPDfHMQ6hFcz5fQJo01zA3RC4X6Tttcr6AcjipvXtIf7O5n9\">\u00abIslamo-gauchisme\u00bb: un mot pour bastonner<\/a> &#8211; Philippe Marli\u00e8re<\/p>\n\n\n\n<p><a href=\"https:\/\/www.humanite.fr\/sonia-devillers-sur-deux-siecles-aura-eu-toutes-les-formes-dentraves-la-liberte-de-la-presse-697698#xtor=RSS-1\">Sonia Devillers : \u00ab Sur deux si\u00e8cles, on aura eu toutes les formes d\u2019entraves \u00e0 la libert\u00e9 de la presse \u00bb<\/a> (L\u2019Humanit\u00e9)&nbsp;<\/p>\n\n\n\n<p><a href=\"https:\/\/alt-rev.com\/2020\/12\/19\/larchipel-critique-quest-ce-que-la-theorie-critique\/\">L\u2019Archipel critique: qu\u2019est ce que la th\u00e9orie critique?<\/a> (Le vent se l\u00e8ve)<\/p>\n\n\n\n<figure class=\"wp-block-image is-resized is-style-default\"><img loading=\"lazy\" decoding=\"async\" src=\"https:\/\/scontent.fhex4-1.fna.fbcdn.net\/v\/t1.0-9\/131986095_1111317405957393_972929926465501253_n.jpg?_nc_cat=106&amp;ccb=2&amp;_nc_sid=730e14&amp;_nc_ohc=mQrDEMzo6cIAX-AkRgJ&amp;_nc_ht=scontent.fhex4-1.fna&amp;oh=bcaa5dd1c599e5e3052d4395538c8c53&amp;oe=6004E1C5\" alt=\"L\u2019image contient peut-\u00eatre\u00a0: 3 personnes, personnes debout, personnes sur sc\u00e8ne, foule et plein air\" width=\"461\" height=\"461\"\/><\/figure>\n\n\n\n<p><span class=\"has-inline-color has-vivid-red-color\"><strong>18 d\u00e9cembre en continu<\/strong><\/span><\/p>\n\n\n\n<p><a href=\"https:\/\/alt-rev.com\/2020\/12\/18\/fermez-lassemblee-nationale-la-democratie-est-annulee\/\">Fermez l\u2019Assembl\u00e9e nationale, la d\u00e9mocratie est annul\u00e9e !<\/a> (LFI)<\/p>\n\n\n\n<p><a href=\"http:\/\/www.apple.fr\">Enorm\u00e9ment de monde \u00e0 la marche des solidarit\u00e9s \u00e0 paris organis\u00e9e par les sans papiers<\/a> -vid\u00e9o<\/p>\n\n\n\n<p><a href=\"https:\/\/blogs.mediapart.fr\/jean-marc-b\/blog\/181220\/rassemblements-et-manif-contre-la-loi-securite-globale-les-18-et-19-decembre\">Rassemblements et manif contre la loi s\u00e9curite globale les 18 et 19 d\u00e9cembre <\/a>-Luttes Invisibles<\/p>\n\n\n\n<p><a href=\"https:\/\/info.mediapart.fr\/optiext\/optiextension.dll?ID=nVUnVEpFxygweVAN366PBiv109AMolm3k00Djsc92gorUFN9ek1rDOp0QzkpG5Rv209LJUi7YtC0wcETbP6GQy7BgjGLQ\">Platini, Sarkozy et l\u2019Euro 2016: petits arrangements interdits entre amis<\/a> (MDP)<\/p>\n\n\n\n<p><a href=\"https:\/\/www.lemediatv.fr\/emissions\/2020\/et-maintenant-il-veut-modifier-la-constitution-N2DBNYeKToWVw9ibyYj2cA\">Et maintenant, il veut modifier la Constitution<\/a> (Le M\u00e9dia)<\/p>\n\n\n\n<p><a href=\"http:\/\/www.contretemps.eu\/social-democratie-piketty-reformisme-capitalisme\/\">Piketty, la parenth\u00e8se social-d\u00e9mocrate et l\u2019illusion d\u2019une r\u00e9forme du capitalisme<\/a> (Contretemps )<\/p>\n\n\n\n<div class=\"wp-block-image is-style-default\"><figure class=\"aligncenter is-resized\"><img data-recalc-dims=\"1\" decoding=\"async\" src=\"https:\/\/i0.wp.com\/www.contretemps.eu\/wp-content\/uploads\/unethomaspiketty.jpg?w=1200\" alt=\"\" class=\"wp-image-26532\"  \/><\/figure><\/div>\n\n\n\n<p><a href=\"https:\/\/www.boursorama.com\/actualite-economique\/actualites\/pole-ecologiste-trois-mouvements-prennent-leurs-distance-avec-eelv-sur-les-valeurs-republicaines-51f8928c6411395982f172020c29756d\">P\u00f4le \u00e9cologiste : trois mouvements prennent leurs distance avec EELV sur les valeurs r\u00e9publicaines<\/a> (BOURSORAMA<\/p>\n\n\n\n<p><a href=\"https:\/\/www.saphirnews.com\/Pour-sortir-l-islam-d-une-logique-individualiste-s-inspirer-de-l-idealtype-du-musulman-humaniste_a27694.html\">Pour sortir l&rsquo;islam d&rsquo;une logique individualiste, s&rsquo;inspirer de l&rsquo;id\u00e9altype du musulman humaniste<\/a> (Saphir News)&nbsp;<\/p>\n\n\n\n<p><a href=\"https:\/\/www.boursorama.com\/actualite-economique\/actualites\/presidentielle-roussel-pcf-prone-une-candidature-communiste-sans-outrance-e993efc2eae1213c0cd0128c699dec32\">Pr\u00e9sidentielle: Roussel (PCF) pr\u00f4ne une candidature communiste \u00ab\u00a0sans outrance\u00a0\u00bb<\/a> (AFP)<\/p>\n\n\n\n<figure class=\"wp-block-image is-resized is-style-default\"><img loading=\"lazy\" decoding=\"async\" src=\"https:\/\/scontent.fhex4-1.fna.fbcdn.net\/v\/t1.0-9\/131965135_1110683952687405_8278324137375302665_n.png?_nc_cat=105&amp;ccb=2&amp;_nc_sid=730e14&amp;_nc_ohc=GLG2uh48gV0AX8bVqpg&amp;_nc_ht=scontent.fhex4-1.fna&amp;oh=133800ad070d836f8122338d073e914c&amp;oe=600230F9\" alt=\"L\u2019image contient peut-\u00eatre\u00a0: texte qui dit \u2019Il encourage les licenciements en masse il prive de cours les \u00e9tudiants et les lyc\u00e9ens il \u00e9trangle les h\u00f4pitaux et les services publics il interdit la r\u00e9ouverture des cin\u00e9mas, des th\u00e9\u00e2tres il pousse \u00e0 la ruine petits commer\u00e7ants et artisans il enfonce des millions dans la mis\u00e8re il d\u00e9cha\u00eene la r\u00e9pression contre les manifestants EHORS CE GOUVERNEMENT\u2019\" width=\"417\" height=\"336\"\/><\/figure>\n\n\n\n<p><span class=\"has-inline-color has-vivid-red-color\"><strong>17 d\u00e9cembre<\/strong><\/span><\/p>\n\n\n\n<p><a href=\"https:\/\/info.mediapart.fr\/optiext\/optiextension.dll?ID=qYZq27pCQ1V87dxcf566w1nFyMglBh7hbUIzIeKTAl2RPsjGyLQi_pHcRx7hDbDO6yMwd8L7j8t8is96IzgOBsNJmAK4Z\">Les irresponsables de la R\u00e9publique<\/a> (MDP)<\/p>\n\n\n\n<p><a href=\"https:\/\/l.facebook.com\/l.php?u=https:\/\/www.huffingtonpost.fr\/entry\/possible-cas-contact-castex-sisole-par-principe-de-precaution_fr_5fdb263ec5b6f24ae35dbaaa?ncid=fcbklnkfrhpmg00000001&amp;fbclid=IwAR3YkcXBc5xDKdNjLRo1_6rEZmrR1D4E7Z2C5OG2hht7tmxYPn5r63DqvjE&amp;h=AT0sd5-b7fiwc69iJmeQDdahwloMJX6S2aKSgEaoo7RsqCY-JG4UkjWEeHXa5spF6dVI7hhmMDtn3i9t9PDp7VTzdiezjP9XW9FoGKnG-cBYJ_nEH5RNJ4OSqvsspKI_awP__CU&amp;__tn__=,mH-R&amp;c%5B0%5D=AT1ktDif4czUh7Re2V1f3QK3eKbt5xPMjkkpGE4DNyh1Vot7ux6qFCyBylD_0X0YRF09rrCMmlqq0gqT3BdawniISDdzbIK84XrW7btVOLITYcxIENVX67cukfQgbcopBj4ZTaCT1BB9Lfur6LSZIcYoV1T-cHBRf_ZLgd-FebjKJxs\">Cas contact de Macron, Castex s&rsquo;isole, Ferrand aussi&nbsp;<\/a> (Huff Post)<\/p>\n\n\n\n<p><a href=\"https:\/\/info.mediapart.fr\/optiext\/optiextension.dll?ID=qYZq3XrSnbUNZCYONfHLoJuDae9a3LbzcQSdJcN_U0WrZvEGy0Is2ItH+VIaqPTpEXsJFo1MrkWkyzPsnXk5RlriN2+W5\">Ces malades du Covid-19 qui nous gouvernent<\/a> (MDP)<\/p>\n\n\n\n<p><a href=\"https:\/\/info.mediapart.fr\/optiext\/optiextension.dll?ID=qYZq2a4gLFuu2AlFmVtbbJB+s78ijGwWVBCQp6gegIohChiazqRzG62q57oI8FhYeg+6_QFZteCZtNZ8xXIrg_u2cxVir\">Apr\u00e8s la d\u00e9mission de Mich\u00e8le Rubirola: \u00abC\u2019est un r\u00eave qui s\u2019\u00e9croule!\u00bb<\/a> (MDP)<\/p>\n\n\n\n<p><a href=\"https:\/\/l.facebook.com\/l.php?u=https:\/\/www.leprogres.fr\/faits-divers-justice\/2020\/12\/15\/vougy-interpelle-apres-avoir-traite-les-gendarmes-de-pingouins-sur-les-reseaux-sociaux?fbclid=IwAR3w48ve1cS_obY3_Emgx2iGFrrK8twu_SgtsyM7RX7EFl84O0yXGqx9XRU&amp;h=AT1wnvGUW3k8v5yt6Nm4QHqLHT1i7vfeRArXRmLbJZM_Lkwbox4U9S_jOB_V32mHLW4c6G2lzHQWv9F686JVJK5TwkKQ6HGcA0rufQ02nhnQQE4j0xMpss1y8XAttvijLujAot0&amp;__tn__=,mH-R&amp;c%5B0%5D=AT3xc0v0LTebvSYhry0RGUo_d7i_9ExvLjdprw7eldyvmqMvC7KbNuSLim83RG1A2O2icn4F9UyHCMi6f2Jqr69ImUnWmTD0o1Etx1o2GaR-1vdsLYrx-HF710SYR7EBp_jA8YwwUAmMTR8uBDa1EzwF9H4twp3seoa0I2hkI-yrzOE\">&nbsp;Loire. Interpell\u00e9 apr\u00e8s avoir trait\u00e9 les gendarmes de \u00abpingouins\u00bb sur les r\u00e9seaux sociaux <\/a>(Le Progr\u00e8s)<\/p>\n\n\n\n<p><a href=\"https:\/\/l.facebook.com\/l.php?u=https:\/\/www.leparisien.fr\/faits-divers\/a-beziers-trois-policiers-municipaux-en-garde-a-vue-apres-la-mort-d-un-homme-17-12-2020-8414703.php?xtor=AD-366&amp;fbclid=IwAR3vWgHmmXjs9qujFwDlWCMVBaI32Gl-3bMohSe7Tgl0FOF6AZgT6ZJN8YU&amp;h=AT341cmOhQeVwMdBe79nvaJ8KsiXU8ShfyH2oxi9Y9jgU5norxkhyS7ZQmj1fAgVfoGDUtbFXjOWhy6OALs4Rw-rnQ0GXFv-J1Ei6aMpx3AJyEvOTTzETdSbF0kK1qaDlTyDMYc&amp;__tn__=,mH-R&amp;c%5B0%5D=AT0AYfZJDjJF_gpzkw8mvaO-fwykexvejAxIW-NCs0HAmdvr4Ns0S-y3usA13WJDttl1HiwR7D-MMx4q1ybtt_tGFHeEujwJ2hOQp659iC5RraWzrj69aNToQLjwZ3JrrLO5EHagjjLeoEBRDOJYDARBNW1T-OoXya2VUYsc3Kg7Lhs\">&nbsp;A B\u00e9ziers, trois policiers municipaux en garde \u00e0 vue apr\u00e8s la mort d\u2019un homme <\/a>(Le Parisien)<\/p>\n\n\n\n<p><a href=\"https:\/\/blogs.mediapart.fr\/jean-marc-b\/blog\/171220\/crise-sanitaire-et-sociale-meme-combat-contre-le-capital-video-lanticapitaliste\">Crise sanitaire et sociale, m\u00eame combat contre le capital ! <\/a>-vid\u00e9o L\u2019Anticapitaliste<\/p>\n\n\n\n<p><a href=\"https:\/\/lanticapitaliste.org\/actualite\/ecologie\/convention-citoyenne-pour-le-climat-macron-passe-du-sans-filtre-aux-cent-filtres\">Convention Citoyenne Climat:&nbsp;\u00ab&nbsp;Macron passe du \u00ab\u00a0sans filtre\u00a0\u00bb aux&nbsp;cent filtres&nbsp;\u00bb&nbsp;!<\/a> (<a href=\"https:\/\/lanticapitaliste.org\/auteurs\/commission-nationale-ecologie\">Commission nationale \u00e9cologie<\/a> NPA)<\/p>\n\n\n\n<figure class=\"wp-block-image is-resized is-style-default\"><img data-recalc-dims=\"1\" loading=\"lazy\" decoding=\"async\" src=\"https:\/\/i0.wp.com\/lanticapitaliste.org\/sites\/default\/files\/styles\/largeur_content_hauteur_complet\/public\/activistes_climat_brandissant_les_portraits_de_pdg_de_grandes_entreprises_pendant_laction_republique_des_pollueurs.jpg?resize=426%2C283&#038;ssl=1\" alt=\"\" width=\"426\" height=\"283\"\/><\/figure>\n\n\n\n<p><a href=\"https:\/\/www.revolutionpermanente.fr\/Economie-politique-lutte-de-classe-Michael-Roberts-et-Claudia-Cinatti-sur-les-perspectives-en-2021\">Economie, politique, lutte de classe. Michael Roberts et Claudia Cinatti sur les perspectives en 2021<\/a> (RP)<\/p>\n\n\n\n<p><a href=\"https:\/\/nouveaupartianticapitaliste.org\/communique\/climat-un-referendum-pour-que-rien-ne-change\">Climat : un r\u00e9f\u00e9rendum pour que rien ne change ! <\/a>(Communiqu\u00e9 NPA)<\/p>\n\n\n\n<p><a href=\"https:\/\/www.anti-k.org\/2020\/12\/16\/referendum-les-deputes-insoumis-disent-non-au-coup-de-com-de-macron\/\">Referendum : les d\u00e9put\u00e9s insoumis disent non au coup de com de Macron <\/a>(LFI)<br><a href=\"https:\/\/npaherault.blogspot.com\/2020\/12\/de-crise-en-crise-eelv.html\">Montpellier: de crise en crise \u00e0 E\u00c9LV <\/a>(NPA 34)<\/p>\n\n\n\n<p><a href=\"https:\/\/www.boursorama.com\/actualite-economique\/actualites\/presidentielle-pecresse-pour-une-primaire-de-la-droite-et-du-centre-ouverte-a-tous-871c11a2f7b67e060d8fc30d8403a3bd\">Pr\u00e9sidentielle: P\u00e9cresse pour une primaire de la droite et du centre ouverte \u00e0 tous<\/a> (AFP)<\/p>\n\n\n\n<p><a href=\"https:\/\/www.humanite.fr\/francois-bayrou-un-commissaire-plan-plan-697765#xtor=RSS-1\">Fran\u00e7ois Bayrou, un commissaire plan-plan<\/a> (L\u2019Humanit\u00e9)<\/p>\n\n\n\n<p><a href=\"https:\/\/www.rtl.fr\/actu\/politique\/coronavirus-emmanuel-macron-teste-positif-a-la-covid-19-7800941691\">Coronavirus : Emmanuel Macron test\u00e9 positif \u00e0 la Covid-19<\/a>&nbsp; (RFI)<\/p>\n\n\n\n<p><a href=\"https:\/\/lanticapitaliste.org\/arguments\/histoire\/les-premiers-pas-du-parti-communiste-quel-parti-construire-0\">Les premiers pas du Parti communiste : quel parti construire ?<\/a> (L\u2019Anticapitaliste)<\/p>\n\n\n\n<p><a href=\"https:\/\/www.anti-k.org\/2020\/12\/16\/lultra-gauche-nest-pas-ce-que-vous-croyez\/\">L\u2019ultra-gauche n\u2019est pas ce que vous croyez <\/a>(Rouen dans la rue)<\/p>\n\n\n\n<figure class=\"wp-block-image is-resized is-style-default\"><img loading=\"lazy\" decoding=\"async\" src=\"https:\/\/i1.wp.com\/www.anti-k.org\/wp-content\/uploads\/2020\/12\/Lultra-gauche-nest-pas-ce-que-vous-croyez.jpg?resize=678%2C381&amp;ssl=1\" alt=\"\" width=\"503\" height=\"282\" title=\"L\u2019ultra-gauche n\u2019est pas ce que vous croyez\"\/><\/figure>\n\n\n\n<p><span class=\"has-inline-color has-vivid-red-color\"><strong>16 d\u00e9cembre<\/strong><\/span><\/p>\n\n\n\n<p><a href=\"https:\/\/info.mediapart.fr\/optiext\/optiextension.dll?ID=_CD_CdJp2mL6_e32lef9gSUawPKlKNCZVX+LdlGFe79b+lqU3CBBrgdEVuqMbUmcYlh+rR0FseXY+jv_7VkMuQeDJoe_i\">\u00abCharte\u00bb des imams: un programme tr\u00e8s politique dict\u00e9 de l\u2019Int\u00e9rieur<\/a> (MDP<strong>)<\/strong><\/p>\n\n\n\n<p><a href=\"https:\/\/info.mediapart.fr\/optiext\/optiextension.dll?ID=_CD_D+MPGn44V5Gqn3v7PmtdVBeN_MygJxKliNAekbCT643U2HXy8L7JRDNB80OlDnKPDf3TrlAkZ4aLVM3EqfeCMm+2b\">Lanceurs d\u2019alerte: les propositions novatrices de la D\u00e9fenseure des droits<\/a> (MDP)<\/p>\n\n\n\n<p><a href=\"https:\/\/rapportsdeforce.fr\/classes-en-lutte\/droit-de-greve-a-marseille-une-hirondelle-ne-fait-pas-le-printemps-12168896\">Droit de gr\u00e8ve : \u00e0 Marseille, une hirondelle ne fait pas le printemps<\/a> (Rapports de Force)&nbsp;<\/p>\n\n\n\n<p><a href=\"https:\/\/www.humanite.fr\/michele-rubirola-explique-les-raisons-de-sa-demission-de-son-poste-de-maire-de-marseille-697650#xtor=RSS-1\">Mich\u00e8le Rubirola explique les raisons de sa d\u00e9mission de son poste de maire de Marseille<\/a> (L\u2019Humanit\u00e9)&nbsp;<\/p>\n\n\n\n<p><a href=\"https:\/\/www.mediapart.fr\/journal\/france\/161220\/la-mairie-de-marseille-le-choix-payan\">A la mairie de Marseille, le choix Payan<\/a> (Marsactu)<\/p>\n\n\n\n<p><a href=\"https:\/\/reporterre.net\/Reporterre-sur-France-Inter-collectifs-en-lutte-et-batailles-victorieuses\">Reporterre sur France Inter&nbsp;: collectifs en lutte et batailles victorieuses<\/a> (Reporterre)<\/p>\n\n\n\n<p><a href=\"https:\/\/www.lesnouvellesnews.fr\/lenigme-michele-rubirola\/\">L\u2019\u00e9nigme Mich\u00e8le Rubirola<\/a>&nbsp; (Les Nouvelles News)&nbsp;<\/p>\n\n\n\n<p><a href=\"http:\/\/www.regards.fr\/la-midinale\/article\/michel-larive-ce-qui-participe-a-l-eveil-intellectuel-et-culturel-gene-toujours\">Michel Larive : \u00ab Ce qui participe \u00e0 l&rsquo;\u00e9veil intellectuel et culturel g\u00eane toujours les r\u00e9gimes autoritaires \u00bb<\/a><\/p>\n\n\n\n<p><a href=\"https:\/\/www.boursorama.com\/actualite-economique\/actualites\/l-absence-remarquee-d-olivier-veran-au-parlement-eaf966ea6b9fa06684f982e5624e3484\">L&rsquo;absence remarqu\u00e9e d&rsquo;Olivier V\u00e9ran au Parlement<\/a>&nbsp; (Le Point)<\/p>\n\n\n\n<p><a href=\"https:\/\/lanticapitaliste.org\/actualite\/economie\/macron-prepare-resolument-le-monde-dapres\">Macron pr\u00e9pare r\u00e9solument le \u00ab monde d\u2019apr\u00e8s \u00bb<\/a> (L\u2019Anticapitaliste)<\/p>\n\n\n\n<p><a href=\"https:\/\/www.revolutionpermanente.fr\/Colere-dans-la-culture-des-milliers-de-manifestants-denoncent-une-precarite-absolue\">Col\u00e8re dans la culture&nbsp;: des milliers de manifestants d\u00e9noncent \u00ab&nbsp;une pr\u00e9carit\u00e9 absolue&nbsp;\u00bb<\/a> (RP)<\/p>\n\n\n\n<p><a href=\"http:\/\/factuel.info\/abonne\/cddle\/blog\/marche-solidarites-a-besancon-18-decembre-007249\">Marche des solidarit\u00e9s \u00e0 Besan\u00e7on le 18 d\u00e9cembre<\/a> (Factuel)<\/p>\n\n\n\n<p><a href=\"https:\/\/www.leravi.org\/medias\/dessin-de-presse\/rubriola-nest-plus-la\/\">Rubriola s\u2019en va<\/a> par S\u00e9phora Beley (Le Ravi)&nbsp;<\/p>\n\n\n\n<p><a href=\"http:\/\/www.regards.fr\/politique\/article\/conseil-constitutionnel-conseil-d-etat-cncdh-le-macronisme-dans-l-impasse-du\">Conseil constitutionnel, Conseil d&rsquo;\u00c9tat, CNCDH : le macronisme dans l&rsquo;impasse du droit<\/a> (Regards)&nbsp;<\/p>\n\n\n\n<p><a href=\"https:\/\/lanticapitaliste.org\/actualite\/social\/contre-la-precarite-de-gauche-grenoble\">Contre la pr\u00e9carit\u00e9 \u00ab de gauche \u00bb \u00e0 Grenoble<\/a> (L\u2019Anticapitaliste)<\/p>\n\n\n\n<figure class=\"wp-block-image is-resized is-style-default\"><img data-recalc-dims=\"1\" loading=\"lazy\" decoding=\"async\" src=\"https:\/\/i0.wp.com\/lanticapitaliste.org\/sites\/default\/files\/styles\/largeur_content_hauteur_complet\/public\/img_2470_copie.jpg?resize=478%2C316&#038;ssl=1\" alt=\"\" width=\"478\" height=\"316\"\/><\/figure>\n\n\n\n<p><span class=\"has-inline-color has-vivid-red-color\"><strong>15 d\u00e9cembre en continu<\/strong><\/span><\/p>\n\n\n\n<p><a href=\"https:\/\/blogs.mediapart.fr\/jean-marc-b\/blog\/151220\/appel-manif-nationale-pour-interdire-les-licenciements-et-suppressions-d-emplois\">Appel \u00e0 manif nationale pour interdire les licenciements et suppressions d\u2019emplois ! <\/a>-Collectif<\/p>\n\n\n\n<p><a href=\"https:\/\/blogs.mediapart.fr\/jean-marc-b\/blog\/151220\/pas-essentiel-par-grand-corps-malade\">Pas essentiel, par Grand Corps Malade <\/a>-vid\u00e9o<\/p>\n\n\n\n<p><a href=\"https:\/\/www.boursorama.com\/videos\/actualites\/le-monde-de-la-culture-en-colere-manifeste-devant-l-opera-bastille-eefaa30ddc373d72cf1d500155a5d41a\">Le monde de la culture en col\u00e8re manifeste devant l&rsquo;Op\u00e9ra Bastille<\/a> (AFP VIDEO)<\/p>\n\n\n\n<p><a href=\"https:\/\/www.boursorama.com\/actualite-economique\/actualites\/referendum-climat-jean-luc-melenchon-denonce-une-manipulation-et-promet-de-voter-contre-a000abe659fe5547e45b6f94cab341ed\">R\u00e9f\u00e9rendum climat : Jean-Luc M\u00e9lenchon d\u00e9nonce une \u00ab\u00a0manipulation\u00a0\u00bb et promet de voter contre<\/a> (BOURSORAMA)<\/p>\n\n\n\n<p><a href=\"https:\/\/www.boursorama.com\/videos\/actualites\/des-hoteliers-et-restaurateurs-a-bout-manifestent-a-paris-a305f9f25ed7c867ce8583c38487d724\">Des h\u00f4teliers et restaurateurs \u00ab\u00a0\u00e0 bout\u00a0\u00bb manifestent \u00e0 Paris<\/a> (AFP VIDEO)<\/p>\n\n\n\n<p><a href=\"https:\/\/info.mediapart.fr\/optiext\/optiextension.dll?ID=5BA5FrPHexsT8PAchJGlh7735e6M_32cCFiXtOdUqQZ4e37PW+z26zzWPVgOdx8uFcWDQh6sABzAbB+lX3eaVgP3ddB5Q\">A Marseille, le d\u00e9part d\u2019une maire qui ne voulait pas l\u2019\u00eatre<\/a> (MDP)<\/p>\n\n\n\n<p><a href=\"http:\/\/www.regards.fr\/la-midinale\/article\/culture-nous-devons-mener-des-actions-de-desobeissance-civile-pour-entrer-en\">Culture : \u00ab Nous devons mener des actions de d\u00e9sob\u00e9issance civile pour entrer en r\u00e9sistance et gagner \u00bb<\/a> (Regards)<\/p>\n\n\n\n<p><a href=\"https:\/\/l.facebook.com\/l.php?u=https:\/\/www.ouest-france.fr\/pays-de-la-loire\/nantes-44000\/1-500-manifestants-a-nantes-ce-mardi-soir-15-decembre-contre-la-loi-de-securite-globale-2ee6e236-3efb-11eb-ae43-146bc9536ee4?fbclid=IwAR1aOMXVkdu7Ov1sy36OYsQMp4MPmXt2dNHxVtSNNvZP_vaJaTTrRiX832M&amp;h=AT03b9EY1PW5o7ntKUv16DijMRLZbDhlrJM1lNpGAHExkrx_KRJ_qN_CddFLhZKQ4OctN4yvxuewUoS4WRsP-mHaXwqp3HsAe2ndLn4aFYnz_v9f0lmQ0mkn7YCMtPSgBCY92yo&amp;__tn__=,mH-R&amp;c%5B0%5D=AT0OJothT18hqhlwe8ycuIipgEG5Mr3fbKJFpBWvk_nBcXPdFSeSQdipBltc7fdOqxdrL-zpQCe8imuoCrtIXDblMc9djctHGj3n3wSGs9TI7_gxyxVEP14NR84NeWy-wTWM2AQ9SUJqqICZlNT1C8zLIMKur-vGvLNLPGmLbOpdU2A\">S\u00e9curit\u00e9 globale et lieux culturels ferm\u00e9s : deux manifestations et 1 500 personnes \u00e0 Nantes<\/a> (Presse Oc\u00e9an)<\/p>\n\n\n\n<p><a href=\"https:\/\/lanticapitaliste.org\/communique\/climat-un-referendum-pour-que-rien-ne-change\">Climat : un r\u00e9f\u00e9rendum pour que rien ne change !<\/a> (L\u2019Anticapitaliste)<\/p>\n\n\n\n<p><a href=\"https:\/\/reporterre.net\/Carte-des-luttes-des-contestations-locales-toujours-plus-vives\">Carte des luttes&nbsp;: des contestations locales toujours plus vives<\/a> (Reporterre)<\/p>\n\n\n\n<p><a href=\"https:\/\/reporterre.net\/La-lutte-paie-mine-de-rien-les-ecologistes-remportent-de-nombreuses-victoires\">La lutte paie&nbsp;: mine de rien, les \u00e9cologistes remportent de nombreuses victoires<\/a> (Reporterre)&nbsp;<\/p>\n\n\n\n<p><a href=\"https:\/\/www.leravi.org\/politique\/confirmant-un-scenario-documente-des-juin-dernier-dans-le-ravi-michele-rubirola-renonce-a-etre-maire-de-marseille-decembre-2020\/\">Confirmant un sc\u00e9nario document\u00e9 dans le Ravi, Mich\u00e8le Rubirola renonce \u00e0 \u00eatre maire de Marseille<\/a> (Le Ravi)<\/p>\n\n\n\n<p><a href=\"https:\/\/lanticapitaliste.org\/actualite\/politique\/autoritaire-antisocial-raciste-pas-de-cadeaux-ce-pouvoir\">Autoritaire, antisocial, raciste\u2026 Pas de cadeaux \u00e0 ce pouvoir&nbsp;!<\/a> (<a href=\"https:\/\/lanticapitaliste.org\/auteurs\/npa\">NPA<\/a>)<\/p>\n\n\n\n<p><a href=\"https:\/\/aplutsoc.org\/2020\/12\/11\/affrontement-central-et-presidentielles-reflexions-suite-a-la-contribution-de-j-p-boudine\/\">Affrontement central et pr\u00e9sidentielles<\/a> -Vincent Presumey<\/p>\n\n\n\n<p><a href=\"https:\/\/www.anti-k.org\/2020\/12\/15\/cest-pas-fini-retour-sur-la-manifestation-contre-la-police-et-la-loi-securite-globale-du-12-decembre-2020\/\">Lyon: retour sur la manifestation contre la police et la loi s\u00e9curit\u00e9 globale du 12 d\u00e9cembre 2020 <\/a>(Rebellyon)<\/p>\n\n\n\n<p><a href=\"http:\/\/www.contretemps.eu\/developpement-capitalisme-socialisme-sud-global-samir-amin\/\">D\u00e9veloppement et socialisme chez Samir Amin : une perspective du Sud<\/a> (Contretemps)<\/p>\n\n\n\n<p><a href=\"https:\/\/www.boursorama.com\/actualite-economique\/actualites\/deux-recrues-de-marine-le-pen-creent-le-parti-localiste-9b4882b61b04b186bfb703e0023da311\">Deux recrues de Marine Le Pen cr\u00e9ent le Parti localiste<\/a>&nbsp; (AFP)<\/p>\n\n\n\n<p><a href=\"https:\/\/www.boursorama.com\/actualite-economique\/actualites\/referendum-pour-le-climat-manoeuvre-politicienne-selon-le-pen-cynisme-pour-peltier-2f6a4de590885bb7b826157e3257f7c8\">R\u00e9f\u00e9rendum pour le climat: \u00ab\u00a0manoeuvre politicienne\u00a0\u00bb selon Le Pen, \u00ab\u00a0cynisme\u00a0\u00bb pour Peltier<\/a> (AFP)<\/p>\n\n\n\n<p><a href=\"https:\/\/www.boursorama.com\/actualite-economique\/actualites\/castex-fait-office-de-paratonnerre-pour-macron-selon-un-sondage-cc1ae2a7e09399385124e31812236148\">Castex fait office de \u00ab\u00a0paratonnerre\u00a0\u00bb pour Macron, selon un sondage<\/a> (AFP)<\/p>\n\n\n\n<p><a href=\"https:\/\/www.boursorama.com\/actualite-economique\/actualites\/covid-castex-ne-peut-pas-garantir-que-les-restaurants-rouvriront-le-20-janvier-fd4b39a795df0035ba2f798b0ca954b8\">Covid: Castex ne peut pas \u00ab\u00a0garantir\u00a0\u00bb que les restaurants \u00ab\u00a0rouvriront le 20 janvier\u00a0\u00bb<\/a> (AFP)<\/p>\n\n\n\n<p><a href=\"https:\/\/alt-rev.com\/2020\/12\/15\/la-focalisation-sur-le-vaccin-risque-de-nous-faire-oublier-les-causes-de-la-crise\/\">\u201cLa focalisation sur le vaccin risque de nous faire oublier les causes de la crise\u201d<\/a> -Usbek &amp; Rica<\/p>\n\n\n\n<p><a href=\"https:\/\/www.boursorama.com\/actualite-economique\/actualites\/indice-de-developpement-humain-l-empreinte-carbone-desormais-prise-en-compte-par-l-onu-9903edf212aba4d04d519f3322233c13\">Indice de d\u00e9veloppement humain : l&#8217;empreinte carbone d\u00e9sormais prise en compte par l&rsquo;ONU<\/a> (BOURSORAMA)<\/p>\n\n\n\n<p><a href=\"https:\/\/www.boursorama.com\/actualite-economique\/actualites\/presidentielle-2022-je-suis-prete-declare-segolene-royal-4b96f562dd7f29c5c5b836050173afe5\">Pr\u00e9sidentielle 2022 : \u00ab\u00a0Je suis pr\u00eate\u00a0\u00bb, d\u00e9clare S\u00e9gol\u00e8ne Royal<\/a> (BOURSORAMA)<\/p>\n\n\n\n<p><a href=\"https:\/\/info.mediapart.fr\/optiext\/optiextension.dll?ID=pTSpRjnGU_g9fUwb6W0fuPbxEn1NpYm+QTnyfYjtkVHpuS8FgrAlkZBnmoY5jacgO2baqM85ZGY7FBDg64PQxhmd6vCVe\">Usul. 2020, ann\u00e9e angoissante<\/a> &#8211; vid\u00e9o Usul et R\u00e9mi Liechti<\/p>\n\n\n\n<p><a href=\"https:\/\/www.boursorama.com\/actualite-economique\/actualites\/jadot-fera-campagne-pour-le-oui-au-referendum-pour-le-climat-79da749736be1a2ce8fe307603aaaced\">Jadot \u00ab\u00a0fera campagne pour le oui\u00a0\u00bb au r\u00e9f\u00e9rendum pour le climat<\/a> (AFP)<\/p>\n\n\n\n<figure class=\"wp-block-image size-large is-resized is-style-default\"><img data-recalc-dims=\"1\" loading=\"lazy\" decoding=\"async\" src=\"https:\/\/i0.wp.com\/www.rdpemancipation.org\/wp-content\/uploads\/2020\/12\/image-4.jpeg?resize=450%2C343&#038;ssl=1\" alt=\"Manon Aubry on Twitter: &quot;Evidemment que nous pouvons dialoguer avec EELV  mais j'observe qu'ils ne sont pas tous d'accord entre-eux, notamment sur  leur rapport au lib\u00e9ralisme \u00e9conomique et les alliances avec la\" class=\"wp-image-6181\" width=\"450\" height=\"343\"\/><\/figure>\n\n\n\n<p><span class=\"has-inline-color has-vivid-red-color\"><strong>14 d\u00e9cembre<\/strong><\/span><\/p>\n\n\n\n<p><a href=\"https:\/\/www.boursorama.com\/actualite-economique\/actualites\/macron-valide-un-referendum-sur-le-climat-72c7b2cd878e9483480f27d817d1cab4\">Macron valide un r\u00e9f\u00e9rendum sur le climat<\/a> (AFP)<\/p>\n\n\n\n<p><a href=\"https:\/\/www.greenpeace.fr\/espace-presse\/convention-citoyenne-pour-le-climat-emmanuel-macron-persiste-et-signe-le-torpillage-des-travaux-de-la-ccc\/\">Convention citoyenne pour le Climat : Emmanuel Macron persiste et signe le torpillage <\/a>(Greenpeace)<\/p>\n\n\n\n<p><a href=\"https:\/\/la-bas.org\/6272\">Culture non essentielle : appel \u00e0 rassemblement ce mardi 15 d\u00e9cembre<\/a> (L\u00e0-bas si j\u2019y suis)<\/p>\n\n\n\n<p><a href=\"https:\/\/www.humanite.fr\/elections-de-2022-melenchon-propose-un-accord-aux-communistes-697582#xtor=RSS-1\">\u00c9lections de 2022. M\u00e9lenchon propose un accord aux communistes<\/a> (L\u2019Humanit\u00e9)<\/p>\n\n\n\n<p><a href=\"https:\/\/www.humanite.fr\/deconfinement-couvre-feu-ce-qui-change-partir-de-ce-mardi-15-decembre-697574#xtor=RSS-1\">D\u00e9confinement, couvre-feu\u2026 Ce qui change \u00e0 partir de ce mardi 15 d\u00e9cembre<\/a> (L\u2019Humanit\u00e9)<\/p>\n\n\n\n<p><a href=\"http:\/\/www.contretemps.eu\/extreme-droite-ideologie-medias-controverses-elements-limites-incorrect-onfray\/\">L\u2019extr\u00eame droite, ses controverses id\u00e9ologiques et ses m\u00e9dias<\/a> (Contretemps)<\/p>\n\n\n\n<p><a href=\"https:\/\/www.anti-k.org\/2020\/12\/14\/lextreme-droite-attaque-une-librairie-anarchiste-a-lyon-et-fait-deux-blesses\/\">L\u2019extr\u00eame droite attaque une librairie anarchiste \u00e0 Lyon et fait deux bless\u00e9s <\/a>(Rapports de force)<\/p>\n\n\n\n<p><a href=\"https:\/\/www.anti-k.org\/2020\/12\/13\/369193\/\">Paris: Rassemblement mercredi 16 d\u00e9cembre \u00e0 18h contre le pouvoir colonial en Kanaky <\/a>(Anti-K)<\/p>\n\n\n\n<p><a href=\"https:\/\/lundi.am\/La-droite-marechaliste-et-Gramsci\">La droite mar\u00e9chaliste et Gramsci<\/a> (Lundi matin)<\/p>\n\n\n\n<p><a href=\"https:\/\/lanticapitaliste.org\/arguments\/histoire\/communisme-et-anticolonialisme-en-france\">Communisme et anticolonialisme en France<\/a> (L\u2019Anticapitaliste)<\/p>\n\n\n\n<p><a href=\"https:\/\/lundi.am\/Un-monde-hostile\">Un monde hostile<\/a> -A propos de la menace \u00ab&nbsp;islamo-gauchiste&nbsp;\u00bb &#8211; Ivan Segr\u00e9<\/p>\n\n\n\n<p><a href=\"https:\/\/lundi.am\/Adieu-la-banque\">Adieu la banque&nbsp;!<\/a> (Lundi matin)<\/p>\n\n\n\n<p><a href=\"https:\/\/lanticapitaliste.org\/arguments\/histoire\/les-premiers-pas-du-parti-communiste-quel-parti-construire\">Les premiers pas du parti communiste&nbsp;: quel parti construire&nbsp;?<\/a> (L\u2019Anticapitaliste)<\/p>\n\n\n\n<p><a href=\"https:\/\/lanticapitaliste.org\/opinions\/histoire\/1920-le-congres-de-tours-et-la-naissance-du-pcf-scission-entre-reformistes-ou\">1920, le congr\u00e8s de Tours et la naissance du PCF : Scission entre r\u00e9formistes ou moment r\u00e9volutionnaire ?<\/a> (L\u2019Anticapitaliste)<\/p>\n\n\n\n<figure class=\"wp-block-image is-resized is-style-default\"><img data-recalc-dims=\"1\" loading=\"lazy\" decoding=\"async\" src=\"https:\/\/i0.wp.com\/lanticapitaliste.org\/sites\/default\/files\/styles\/largeur_content_hauteur_complet\/public\/c5-838_contre_expo_coco.jpg?resize=503%2C378&#038;ssl=1\" alt=\"\" width=\"503\" height=\"378\"\/><\/figure>\n\n\n\n<p><span class=\"has-inline-color has-vivid-red-color\"><strong>13 d\u00e9cembre <\/strong><\/span><\/p>\n\n\n\n<p><a href=\"https:\/\/lanticapitaliste.org\/actualite\/societe\/plusieurs-milliers-montpellier-contre-la-loi-securite-globale-et-la-loi\">Plusieurs milliers \u00e0 Montpellier contre la loi \u201cs\u00e9curit\u00e9 globale\u201d et la loi s\u00e9paratisme<\/a> (NPA 34)<\/p>\n\n\n\n<p><a href=\"https:\/\/www.revolutionpermanente.fr\/Toulouse-Malgre-la-repression-2000-personnes-contre-le-gouvernement-et-ses-lois-liberticides\">Toulouse. Malgr\u00e9 la r\u00e9pression, 2000 personnes contre le gouvernement et ses lois liberticides&nbsp;!<\/a> (RP)<\/p>\n\n\n\n<p><a href=\"https:\/\/lanticapitaliste.org\/actualite\/societe\/perpignan-ne-lachera-pas-tant-que-la-loi-securite-globale-ne-sera-pas-retiree\">Perpignan : \u00ab On ne l\u00e2chera pas tant que la loi S\u00e9curit\u00e9 globale ne sera pas retir\u00e9e \u00bb<\/a> (NPA 66)<\/p>\n\n\n\n<p><a href=\"https:\/\/www.revolutionpermanente.fr\/Bordeaux-Plus-d-un-milliers-de-manifestants-ce-12-decembre-contre-l-offensive-securitaire-et\">Bordeaux.&nbsp;Plus d\u2019un milliers de manifestants ce 12 d\u00e9cembre contre l\u2019offensive&nbsp;s\u00e9curitaire et islamophobe&nbsp;!<\/a> (RP)<\/p>\n\n\n\n<p><a href=\"https:\/\/lanticapitaliste.org\/actualite\/social\/une-manifestation-contre-la-politique-du-gouvernement-dans-le-20eme-arrondissement\">Une manifestation contre la politique du gouvernement dans le 20\u00e8me arrondissement<\/a> (NPA Paris 20e)<\/p>\n\n\n\n<p><a href=\"https:\/\/www.boursorama.com\/actualite-economique\/actualites\/retraites-excellente-premiere-reforme-de-2e-quinquennat-selon-ferrand-lrem-55a74dff87ef96261a4df619e9f77061\">Retraites: \u00ab\u00a0excellente premi\u00e8re r\u00e9forme de 2e quinquennat\u00a0\u00bb, selon Ferrand (LREM)<\/a> (AFP)<\/p>\n\n\n\n<p><a href=\"http:\/\/www.hicsalta-communisation.com\/accueil\/accouchement-difficile-chronique-dune-crise-en-devenir\">Accouchement difficile \u2013 Chronique d\u2019une crise en devenir<\/a> (Hic Salta \u2013 Communisation)<\/p>\n\n\n\n<p><a href=\"https:\/\/alt-rev.com\/2020\/12\/13\/la-loi-sur-la-recherche-francaise-le-gouvernement-poursuit-sa-croisade-neoliberale\/\">La Loi sur la Recherche fran\u00e7aise : le Gouvernement poursuit sa croisade n\u00e9olib\u00e9rale<\/a> (Les crises)<\/p>\n\n\n\n<p><a href=\"https:\/\/lafranceinsoumise.fr\/2020\/12\/11\/saisi-du-csa-a-propos-du-reportage-de-complement-denquete-consacree-a-la-france-insoumise\/\">Saisine du CSA \u00e0 propos du reportage de \u201cCompl\u00e9ment d\u2019enqu\u00eate\u201d consacr\u00e9 \u00e0 La France insoumise<\/a> (LFI)<\/p>\n\n\n\n<p><a href=\"https:\/\/blogs.mediapart.fr\/jean-marc-b\/blog\/131220\/comment-une-grande-partie-de-la-gauche-se-couche-devant-macron\">Comment une grande partie de la gauche se couche devant Macron <\/a>(Rebellyon)<\/p>\n\n\n\n<p><a href=\"https:\/\/renverse.co\/infos-locales\/article\/contre-le-virus-du-capital-appel-a-un-cortege-le-samedi-19-decembre-2853\">Contre le virus du capital. Appel \u00e0 un cort\u00e8ge le samedi 19&nbsp;d\u00e9cembre<\/a> (Mutu)&nbsp;<\/p>\n\n\n\n<p><a href=\"https:\/\/www.placegrenet.fr\/2020\/12\/12\/grenoble-pres-de-300-personnes-mobilisees-contre-lislamophobie-et-la-loi-separatisme\/407602\">Grenoble : pr\u00e8s de 300 personnes mobilis\u00e9es \u00ab contre l\u2019islamophobie et la loi s\u00e9paratisme \u00bb<\/a> (Place Gre\u2019net)&nbsp;<\/p>\n\n\n\n<p><a href=\"https:\/\/blogs.mediapart.fr\/jean-marc-b\/blog\/131220\/paris-hier-defouloir-de-la-milice-autorise\">Paris hier: d\u00e9fouloir de la milice autoris\u00e9 <\/a>(Acta)<\/p>\n\n\n\n<p><a href=\"https:\/\/www.boursorama.com\/actualite-economique\/actualites\/separatisme-rugy-lrem-va-presider-la-commission-speciale-de-deputes-01481b47d24c103dd9a3f3569ed9c1ce\">S\u00e9paratisme: Rugy (LREM) va pr\u00e9sider la commission sp\u00e9ciale de d\u00e9put\u00e9s<\/a>&nbsp; (<strong>AFP)<\/strong><\/p>\n\n\n\n<p><a href=\"https:\/\/www.mediapart.fr\/journal\/international\/131220\/affaire-libyenne-les-lourds-secrets-du-contrat-eagle\">Affaire libyenne: les lourds secrets du contrat \u00abEagle\u00bb<\/a> (M\u00e9diapart)&nbsp;<\/p>\n\n\n\n<p><a href=\"https:\/\/www.mediapart.fr\/journal\/economie\/131220\/comment-les-gauches-au-pouvoir-ont-fait-face-aux-grandes-crises-capitalistes\">Comment les gauches au pouvoir ont fait face aux grandes crises capitalistes<\/a> (M\u00e9diapart)<\/p>\n\n\n\n<figure class=\"wp-block-image is-style-default\"><img data-recalc-dims=\"1\" decoding=\"async\" src=\"https:\/\/i0.wp.com\/larotative.info\/local\/cache-vignettes\/L700xH496\/arton3970-cb915.png?w=1200&#038;ssl=1\" alt=\"\"\/><\/figure>\n\n\n\n<p><span class=\"has-inline-color has-vivid-red-color\"><strong>12 d\u00e9cembre <\/strong><\/span><\/p>\n\n\n\n<p><a href=\"https:\/\/info.mediapart.fr\/optiext\/optiextension.dll?ID=lPOlOuA0CLk3Wfid+0dNaBw87GtjAGOVBgNXrmiVsTiqe+aBdmboBoY_krReQGGU5PnRwXfG36tomO+LFljqId03jBMdh\">Par des charges arbitraires \u00e0 Paris, la police provoque l\u2019ins\u00e9curit\u00e9 globale<\/a> (MDP)<\/p>\n\n\n\n<p><a href=\"https:\/\/www.revolutionpermanente.fr\/Stop-lois-liberticides-stop-islamophobie-convergence-des-combats-a-Paris-malgre-la-pression\">\u00ab&nbsp;Stop lois liberticides, stop islamophobie&nbsp;\u00bb&nbsp;: convergence des combats \u00e0 Paris malgr\u00e9 la pression polici\u00e8re<\/a> (RP)<\/p>\n\n\n\n<p><a href=\"https:\/\/www.revolutionpermanente.fr\/Toulouse-Malgre-la-repression-2000-personnes-contre-le-gouvernement-et-ses-lois-liberticides\">Toulouse. Malgr\u00e9 la r\u00e9pression, 2000 personnes contre le gouvernement et ses lois liberticides&nbsp;!<\/a> (RP)<\/p>\n\n\n\n<p><a href=\"https:\/\/www.boursorama.com\/actualite-economique\/actualites\/2022-le-pcf-decidera-en-avril-qui-sera-son-eventuel-candidat-6d547e27974e30406cde95049e9875eb\">2022: le PCF d\u00e9cidera en avril qui sera son \u00e9ventuel candidat<\/a> (AFP)<\/p>\n\n\n\n<p><a href=\"https:\/\/www.boursorama.com\/actualite-economique\/actualites\/henri-guaino-l-autoritarisme-met-en-danger-l-autorite-de-l-etat-34ebf7ddfe5269447de209749814af52\">Henri Guaino&nbsp;: \u00ab&nbsp;L&rsquo;autoritarisme met en danger l&rsquo;autorit\u00e9 de l&rsquo;\u00c9tat&nbsp;\u00bb<\/a> (Le Point<strong>)<\/strong><\/p>\n\n\n\n<p><a href=\"https:\/\/www.greenpeace.fr\/espace-presse\/sommet-ambition-climat-reaction-de-greenpeace-france-au-discours-demmanuel-macron\/\">Sommet \u201cAmbition Climat\u201d : r\u00e9action de Greenpeace France au discours d\u2019Emmanuel Macron<\/a> (Greenpeace France)<\/p>\n\n\n\n<p><a href=\"https:\/\/www.mediapart.fr\/journal\/france\/121220\/affaire-dsk-neuf-ans-apres-un-documentaire-retablit-les-faits\">Affaire DSK: neuf ans apr\u00e8s, un documentaire r\u00e9tablit les faits<\/a> (M\u00e9diapart)&nbsp;<\/p>\n\n\n\n<p><a href=\"https:\/\/www.publicsenat.fr\/article\/parlementaire\/les-chiffres-sont-absolument-hallucinants-la-gauche-du-senat-s-empare-d-un?fbclid=IwAR21JbuJfsM-mPI_eQl-s_Kxn8vKP5yDSHRsP2kc540ASfqdJFaQGjfEt1o\">Rapport sur la suppression de l\u2019ISF, les chiffres sont hallucinants<\/a> (public s\u00e9nat)<\/p>\n\n\n\n<p><a href=\"https:\/\/www.revolutionpermanente.fr\/Stop-lois-liberticides-A-Paris-mobilisation-combative-malgre-la-forte-pression-policiere\">Stop lois liberticides&nbsp;: A Paris, mobilisation combative malgr\u00e9 la forte pression polici\u00e8re<\/a> (RP)<\/p>\n\n\n\n<p><a href=\"https:\/\/www.revolutionpermanente.fr\/Treve-hivernale-47-parlementaires-de-la-majorite-demandent-a-reduire-la-protection-des-locataires-23237\">Tr\u00eave hivernale&nbsp;: 47 parlementaires de la majorit\u00e9 demandent \u00e0 r\u00e9duire la protection des locataires<\/a> (RP)<\/p>\n\n\n\n<p><a href=\"https:\/\/www.lemonde.fr\/culture\/article\/2020\/12\/11\/la-fermeture-prolongee-des-lieux-culturels-inequitable-et-inquietante_6063104_3246.html?utm_medium=Social&amp;utm_source=Facebook&amp;fbclid=IwAR3THd0P08HD11TSAdYDd0ELwmexOVHRl-9jagPZM_PA9Ge_1r3M45-zaaY#Echobox=1607715789\">&nbsp;La fermeture prolong\u00e9e des lieux culturels, in\u00e9quitable et inqui\u00e9tante&nbsp;<\/a> (Le Monde)<\/p>\n\n\n\n<p><a href=\"https:\/\/www.revolutionpermanente.fr\/Ce-samedi-toutes-et-tous-dans-la-rue-contre-les-lois-liberticides-et-islamophobes\">Ce samedi, toutes et tous dans la rue contre les lois liberticides et islamophobes<\/a> (RP)<\/p>\n\n\n\n<p><a href=\"http:\/\/www.regards.fr\/politique\/article\/le-president-de-la-republique-le-juge-et-l-avocat-le-pouvoir-sur-le-banc-des\">Le pr\u00e9sident de la R\u00e9publique, le juge et l&rsquo;avocat : le pouvoir sur le banc des accus\u00e9s<\/a> (Regards)<\/p>\n\n\n\n<p><a href=\"https:\/\/www.humanite.fr\/securite-identite-autorite-la-macronie-fait-la-courte-echelle-lextreme-droite-697378#xtor=RSS-1\">S\u00e9curit\u00e9, identit\u00e9, autorit\u00e9&#8230; la Macronie fait la courte \u00e9chelle \u00e0 l\u2019extr\u00eame droite<\/a> (L\u2019Humanit\u00e9)<\/p>\n\n\n\n<p><a href=\"https:\/\/reporterre.net\/Du-mepris-a-l-interet-opportuniste-la-mue-ecolo-des-Republicains\">Du m\u00e9pris \u00e0 l\u2019int\u00e9r\u00eat opportuniste : la mue \u00e9colo des R\u00e9publicains <\/a>(Reporterre)<\/p>\n\n\n\n<p><a href=\"https:\/\/www.anti-k.org\/2020\/12\/12\/lislamophobie-detat-a-son-paroxysme\/\">L\u2019islamophobie d\u2019Etat \u00e0 son paroxysme <\/a>&#8211; blog Christine Delphy<\/p>\n\n\n\n<p><a href=\"https:\/\/www.anti-k.org\/2020\/12\/12\/edito-salles-fermees-de-labsurdite-dun-mepris-gouvernemental\/\">Salles ferm\u00e9es : de l\u2019absurdit\u00e9 d\u2019un m\u00e9pris gouvernemental <\/a>(Les Inrockuptibles)<\/p>\n\n\n\n<p><a href=\"https:\/\/lanticapitaliste.org\/videos\/lanticapitaliste-lemission-ndeg-16-interview-de-ludivine-bantigny-historienne\">Interview de Ludivine Bantigny, historienne<\/a> -L\u2019Anticapitaliste<\/p>\n\n\n\n<figure class=\"wp-block-image is-resized is-style-default\"><img data-recalc-dims=\"1\" loading=\"lazy\" decoding=\"async\" src=\"https:\/\/i0.wp.com\/reporterre.net\/local\/cache-vignettes\/L720xH480\/arton21807-0ccce.jpg?resize=448%2C298&#038;ssl=1\" alt=\"Du m\u00e9pris \u00e0 l'int\u00e9r\u00eat opportuniste\u00a0: la mue \u00e9colo des R\u00e9publicains\" width=\"448\" height=\"298\"\/><\/figure>\n\n\n\n<p><span class=\"has-inline-color has-vivid-red-color\"><strong>11 d\u00e9cembre<\/strong><\/span><\/p>\n\n\n\n<p><a href=\"https:\/\/info.mediapart.fr\/optiext\/optiextension.dll?ID=v32v0BqdlxLHmS2XAN7h_ugbGcYeNMIEWww1CxmqN0RPvbWfDU0fWPvJ3unTEXFzIgzB6pVocrWicQq4Qk1fvcGl7dzvY\">La jeunesse s\u2019engage contre l\u2019islamophobie et appellent \u00e0 manifester demain !<\/a> (Les invit\u00e9s de Mediapart)<\/p>\n\n\n\n<p><a href=\"https:\/\/ccfd-terresolidaire.org\/nos-publications\/nos-communiques-de\/emmanuel-macron-la-6809\">Emmanuel Macron : la farce climatique continue ?<\/a> (CCFD-Terre Solidaire)<\/p>\n\n\n\n<p><a href=\"https:\/\/www.revue-ballast.fr\/elisee-reclus-les-animaux-ces-autres-exploites\/\">\u00c9lis\u00e9e Reclus : les animaux, ces autres exploit\u00e9s<\/a> (Ballast)&nbsp;<\/p>\n\n\n\n<p><a href=\"https:\/\/reflets.info\/articles\/caledonie-affrontements-autour-de-la-vente-d-une-usine-de-nickel\">Cal\u00e9donie : affrontements autour de la vente d&rsquo;une usine de nickel<\/a> (reflets.info)<\/p>\n\n\n\n<p><a href=\"https:\/\/www.boursorama.com\/actualite-economique\/actualites\/pres-d-un-tiers-des-francais-comptent-braver-le-couvre-feu-du-nouvel-an-7e537a032fadf209556e190dc6b4c841\">Pr\u00e8s d&rsquo;un tiers des Fran\u00e7ais comptent braver le couvre-feu du Nouvel An<\/a>&nbsp; (LE POINT)<\/p>\n\n\n\n<p><a href=\"https:\/\/www.bastamag.net\/carte-des-rassemblements-contre-la-loi-securite-globale-StopLoiSecuriteGlobale\">Face aux lois liberticides : la carte des rassemblements du 12 d\u00e9cembre<\/a> (Basta&nbsp;!)<\/p>\n\n\n\n<p><a href=\"https:\/\/www.humanite.fr\/la-culture-et-le-gouvernement-le-mepris-697516#xtor=RSS-1\">La culture et le gouvernement, le m\u00e9pris<\/a> (L\u2019Humanit\u00e9)<\/p>\n\n\n\n<p><a href=\"https:\/\/www.placegrenet.fr\/2020\/12\/11\/le-conseil-detat-confirme-la-fermeture-des-remontees-mecaniques\/406656\">Le Conseil d\u2019Etat confirme la fermeture des remont\u00e9es m\u00e9caniques<\/a> (Place Gre\u2019net)<\/p>\n\n\n\n<p><a href=\"https:\/\/blogs.mediapart.fr\/jean-marc-b\/blog\/111220\/la-politique-du-liberalisme-autoritaire-par-gregoire-chamayou\">La politique du lib\u00e9ralisme autoritaire, par Gr\u00e9goire Chamayou <\/a>(Contretemps)<\/p>\n\n\n\n<p><a href=\"https:\/\/lanticapitaliste.org\/actualite\/politique\/le-fascisme-na-pas-la-place-ni-dans-la-ville-de-strasbourg-ni-ailleurs-no\">Le fascisme n\u2019a pas la place \u00e0 Strasbourg, ni ailleurs ! No pasaran&nbsp;<\/a> (NPA 67)<\/p>\n\n\n\n<p><a href=\"https:\/\/www.anti-k.org\/2020\/12\/11\/covid-certains-pays-ont-utilise-la-pandemie-pour-limiter-les-libertes-fondamentales\/\">Covid : \u00abCertains pays ont utilis\u00e9 la pand\u00e9mie pour limiter les libert\u00e9s fondamentales\u00bb <\/a>(Lib\u00e9ration)<\/p>\n\n\n\n<p><a href=\"https:\/\/www.acrimed.org\/Manifestation-du-5-decembre-l-AFP-au-diapason-de\">Manifestation du 5 d\u00e9cembre : l&rsquo;AFP au diapason de la pr\u00e9fecture<\/a> (Acrimed)&nbsp;<\/p>\n\n\n\n<p><a href=\"https:\/\/www.humanite.fr\/tours-1920-un-acte-fondateur-dans-lhistoire-de-la-gauche-francaise-697520#xtor=RSS-1\">Tours 1920 : Un acte fondateur dans l\u2019histoire de la gauche fran\u00e7aise <\/a>(L\u2019Humanit\u00e9)<\/p>\n\n\n\n<p><a href=\"https:\/\/lanticapitaliste.org\/communique\/travail-famille-et-couvre-feu\">Travail, famille et couvre-feu&nbsp;<\/a>-L\u2019Anticapitaliste<\/p>\n\n\n\n<p><a href=\"https:\/\/www.lemediatv.fr\/emissions\/2020\/police-laicite-macron-ce-pompier-pyromane-LciifKTIRi-pLw1W4_Wapg\">Police, la\u00efcit\u00e9 : Macron, ce pompier pyromane<\/a> -vid\u00e9o (Le M\u00e9dia)<\/p>\n\n\n\n<p><a href=\"https:\/\/l.facebook.com\/l.php?u=https:\/\/www.lefigaro.fr\/flash-actu\/petain-sauveur-de-juifs-francais-10-000-euros-d-amende-requis-contre-eric-zemmour-20201209?fbclid=IwAR1Nd9uUIgwNhl7ZZ9c1ATiFB6gIaHW5ekzNIhCaXBG6ATsLn8xOGWLP698&amp;h=AT2yx60zt2woKYzttLvfR_E8874xgwWD9UU5B8kOj915M75AfgI6mKJ-3YRm__PRRiO0S9Di5gEG4qfip8aulsjqw5WHajpcTBeHwXhafY8Kj45DQwE0OZusP6on0jAnUNvu8FY&amp;__tn__=,mH-R&amp;c%5B0%5D=AT2C6BDvRre3Ja0c-CP4kwsk2X7ZPLWjFqgBBy6Y6i--8rtlnyUCxn8am0v3SPv0Is7tyRJ8HP4DOVjXRCqvI6S59Sac143ZwISIWOaoKMHpKXN049ly3z_UQqcu4mL3imDxE3VytiQTwPMDO9tieEXrIOt8O5TZwcPT3Oi69NWF14U\">&nbsp;P\u00e9tain \u00absauveur\u00bb de Juifs fran\u00e7ais : 10.000 euros d&rsquo;amende requis contre \u00c9ric Zemmour&nbsp;<\/a> (Le Figaro<\/p>\n\n\n\n<p><a href=\"https:\/\/alt-rev.com\/2020\/12\/11\/quartier-constituant-priscillia-ludosky-deux-ans-apres-les-gilets-jaunes-un-meme-elan-populaire\/\">Priscillia Ludosky: \u00abDeux ans apr\u00e8s les Gilets jaunes: un m\u00eame \u00e9lan populaire?\u00bb<\/a> -vid\u00e9o QG<\/p>\n\n\n\n<p><a href=\"https:\/\/sniadecki.wordpress.com\/2020\/12\/06\/jarrige-repression\/\">Fran\u00e7ois Jarrige, Les origines r\u00e9pressives du capitalisme, 2019<\/a> (Vous n\u2019avez encore rien vu)<\/p>\n\n\n\n<p><a href=\"https:\/\/blogs.mediapart.fr\/jean-marc-b\/blog\/101220\/culture-et-revolution-un-discours-de-mahdi-amel\">Culture et r\u00e9volution. Un discours de Mahdi Amel <\/a>-Contretemps<\/p>\n\n\n\n<p><a href=\"https:\/\/www.bastamag.net\/entretien-Alice-Zeniter-hacktivisme-ZAD-politique-violences-policieres-Comme-un-empire-dans-un-empire\">\u00ab Pour&nbsp; un \u201cGrand Soir\u201d, il faudrait que la r\u00e9volution ait lieu \u00e0 divers endroits du monde \u00bb<\/a> (Basta&nbsp;!)<\/p>\n\n\n\n<p><a href=\"https:\/\/lesjours.fr\/obsessions\/l-empire\/ep145-zemmour-proces-csa\/\">Mar\u00e9chal, voil\u00e0 Zemmour<\/a> (Les Jours)&nbsp;<\/p>\n\n\n\n<p><a href=\"https:\/\/lanticapitaliste.org\/arguments\/societe\/la-loi-de-1905-retour-sur-un-texte-meconnu\">La loi de 1905 : retour sur un texte m\u00e9connu<\/a> (L\u2019Anticapitaliste)<\/p>\n\n\n\n<p><a href=\"https:\/\/lanticapitaliste.org\/arguments\/societe\/laicites\">La\u00efcit\u00e9s<\/a> -Daniel Bensa\u00efd<\/p>\n\n\n\n<figure class=\"wp-block-image is-resized is-style-default\"><img loading=\"lazy\" decoding=\"async\" src=\"https:\/\/scontent.fsti4-1.fna.fbcdn.net\/v\/t1.0-9\/s720x720\/131150137_2486241155003180_7596577443923035080_n.jpg?_nc_cat=110&amp;ccb=2&amp;_nc_sid=8bfeb9&amp;_nc_ohc=4f_MxOPDteIAX8gz9kl&amp;_nc_ht=scontent.fsti4-1.fna&amp;tp=7&amp;oh=248c7be702474a6c2b64733996bad640&amp;oe=5FF7DFD3\" alt=\"L\u2019image contient peut-\u00eatre\u00a0: 1 personne, texte qui dit \u2019STOPPONS L'ISLAMOPHOBIE ET L'AUTORITARISME DU GOUVERNEMENT ETES MOBILISATION CONTRE LA LOI S\u00c9PARATISME ET LES MESURES AUTORITAIRES MANIFESTATION RDV SAMEDI 12 14H PLACE DU CH\u0102TELET unef noicaictudiant TACLE\u2019\" width=\"379\" height=\"536\"\/><\/figure>\n\n\n\n<p><strong><span class=\"has-inline-color has-vivid-red-color\">10 d\u00e9cembre<\/span><\/strong> <\/p>\n\n\n\n<p><a href=\"https:\/\/www.boursorama.com\/actualite-economique\/actualites\/2022-lfi-lance-un-nouveau-reseau-social-pour-soutenir-melenchon-df0baf66848a306fdadedb2dd59ab347\">2022: LFI lance un nouveau r\u00e9seau social pour soutenir M\u00e9lenchon<\/a> (AFP)<\/p>\n\n\n\n<p><a href=\"https:\/\/blogs.mediapart.fr\/jean-marc-b\/blog\/101220\/la-republique-est-en-danger-video-libre-pensee\">La R\u00e9publique est en danger &#8211;<\/a>vid\u00e9o Libre Pens\u00e9e&nbsp;<\/p>\n\n\n\n<p><a href=\"https:\/\/www.revolutionpermanente.fr\/Loi-separatisme-Le-gouvernement-continue-l-offensive-combattons-tous-les-projets-liberticides-et\">Loi s\u00e9paratisme. Le gouvernement continue l\u2019offensive, combattons tous les projets liberticides et racistes&nbsp;!<\/a> (RP)<\/p>\n\n\n\n<p><a href=\"https:\/\/www.rue89lyon.fr\/2020\/12\/10\/a-lyon-une-affaire-de-corruption-au-service-des-etrangers-de-la-prefecture\/\">A Lyon, une affaire de corruption au sein du service des \u00e9trangers de la pr\u00e9fecture<\/a> (Rue89Lyon)&nbsp;<\/p>\n\n\n\n<p><a href=\"https:\/\/www.saphirnews.com\/Contre-le-separatisme-prime-sur-le-securitaire-pour-conforter-les-principes-republicains_a27671.html\">Contre le s\u00e9paratisme, prime sur le s\u00e9curitaire pour \u00ab conforter les principes r\u00e9publicains \u00bb<\/a> (Saphir News)<\/p>\n\n\n\n<p><a href=\"https:\/\/alt-rev.com\/2020\/12\/10\/coma-profond-nouvelle\/\">Coma profond (nouvelle)<\/a> -G\u00e9rard Delteil (L\u2019Anticapitaliste)<\/p>\n\n\n\n<p><a href=\"https:\/\/mars-infos.org\/charlie-non-merci-5482\">Charlie ? Non merci !&nbsp;<\/a> -Mars Info<\/p>\n\n\n\n<p><a href=\"https:\/\/www.revolutionpermanente.fr\/Samedi-touTEs-ensemble-contre-les-lois-liberticides-et-islamophobes\">Samedi, touTEs ensemble contre les lois liberticides et islamophobes&nbsp;!<\/a> (Communiqu\u00e9 NPA)<\/p>\n\n\n\n<p><a href=\"https:\/\/lahorde.samizdat.net\/2020\/12\/02\/lille-proces-des-identitaires-du-reportage-generation-hate\/\">Lille : proc\u00e8s des identitaires du reportage \u00abGeneration Hate\u00bb<\/a> (La Horde)<\/p>\n\n\n\n<p><a href=\"https:\/\/www.boursorama.com\/actualite-economique\/actualites\/proces-des-ecoutes-darmanin-apporte-son-soutien-personnel-a-sarkozy-un-homme-honnete-a5ff2fbbf1197b78f81f5d1ef4f8df9d\">Proc\u00e8s des \u00ab\u00a0\u00e9coutes\u00a0\u00bb: Darmanin apporte son \u00ab\u00a0soutien personnel\u00a0\u00bb \u00e0 Sarkozy, un \u00ab\u00a0homme honn\u00eate\u00a0\u00bb<\/a> (AFP)<\/p>\n\n\n\n<p><a href=\"https:\/\/lanticapitaliste.org\/arguments\/societe\/les-nombreuses-derogations-la-loi-de-1905\">Les (nombreuses) d\u00e9rogations \u00e0 la loi de 1905<\/a> -Roseline Vachetta<\/p>\n\n\n\n<p><a href=\"https:\/\/www.facebook.com\/watch\/?v=840716573169085\">Rencontre Al-Sissi \/ Macron : ces images que l&rsquo;Elys\u00e9e a voulu cacher<\/a> (FB Quotidien)<\/p>\n\n\n\n<figure class=\"wp-block-image is-resized is-style-default\"><img loading=\"lazy\" decoding=\"async\" src=\"https:\/\/scontent.fsti4-1.fna.fbcdn.net\/v\/t1.0-9\/130930241_1105230493232751_4767382689593206507_n.png?_nc_cat=111&amp;ccb=2&amp;_nc_sid=730e14&amp;_nc_ohc=uhFn5rQanX0AX9wQITu&amp;_nc_ht=scontent.fsti4-1.fna&amp;oh=2c743a81bbb23288f3d9f239d2aef35d&amp;oe=5FF9FA6C\" alt=\"L\u2019image contient peut-\u00eatre\u00a0: 2 personnes, lunettes et gros plan\" width=\"464\" height=\"232\"\/><figcaption>Le coiffeur \u00e9tait (aussi) en prison<\/figcaption><\/figure>\n\n\n\n<p><span class=\"has-inline-color has-vivid-red-color\"><strong>9 d\u00e9cembre<\/strong><\/span><\/p>\n\n\n\n<p><a href=\"https:\/\/blogs.mediapart.fr\/jean-marc-b\/blog\/091220\/liste-incomplete-des-marches-de-samedi-12-pour-le-retrait-total-de-la-lsg\">Liste incompl\u00e8te des marches de samedi 12 pour le retrait total de la LSG <\/a>-Luttes Invisibles<\/p>\n\n\n\n<p><a href=\"https:\/\/info.mediapart.fr\/optiext\/optiextension.dll?ID=gKLgGfxZ4nPv7hMURWxVLlT5jH5_Y_sus7WSs12ZKtEzAX3woO84ddVPW81b0LHJJp1SeydGCyd7KF4AffgKze5ATyEEX\">Proc\u00e8s \u00abBismuth\u00bb: quatre ans de prison, dont deux ferme, requis contre Sarkozy<\/a> (MDP)<\/p>\n\n\n\n<p><a href=\"https:\/\/info.mediapart.fr\/optiext\/optiextension.dll?ID=gKLgIhtdUo5YhnZfoyu86GXqiLTSMYNczv8qAg48AIGoNLD2oV8ZTM2U0oTww3qtxfSuYEXGB3gYcPVlr_0qOj+25IQg0\">Instruction en famille et s\u00e9paratisme: une inconstitutionnalit\u00e9 en cache une autre?<\/a> (MDP)<\/p>\n\n\n\n<p><a href=\"https:\/\/info.mediapart.fr\/optiext\/optiextension.dll?ID=gKLgHKqgTmCmciNGT1S5FeNrF_dwC4BpHnQegtRE1qjqpYW2phc+_ykW2svh5UodEdA+zDx+TfJXO5L1p8b2L1UYfQ5oP\">Dissolution du CCIF, une d\u00e9cision contestable et aventureuse<\/a> &#8211; Les invit\u00e9s de Mediapart<\/p>\n\n\n\n<p><a href=\"https:\/\/info.mediapart.fr\/optiext\/optiextension.dll?ID=gKLgHkehzjbuTHfLvnIghxtcnZwl9HP3RkKLW5rNRtqrUBLwpAjDR6+zWtKHzKaJ3YiaoZFIG8SlecUwJdh4eylFrWj2T\">L&rsquo;islamophobie d&rsquo;Etat \u00e0 son paroxysme, meeting ce soir 19H<\/a> &#8211; Collectif du 10 novembre contre l&rsquo;Islamophobie<\/p>\n\n\n\n<p><a href=\"https:\/\/info.mediapart.fr\/optiext\/optiextension.dll?ID=gKLgJh7tbRErD+IHtmYSIzNcoyy9KCQcjZ+uqMXIV7HnMviwppGjReBFQYRtDJ7CvLeV42V7TD2aYRI7Myz0MXrnffK_E\">\u00abPetite fille\u00bb, portrait lumineux<\/a> &#8211; guillaume lasserre<\/p>\n\n\n\n<p><a href=\"http:\/\/feedproxy.google.com\/~r\/Rue89Strasbourg\/~3\/Wa_XvhsNhQY\/cinquieme-manifestation-strasbourg-loi-securite-globale-195581\">Cinqui\u00e8me manifestation \u00e0 Strasbourg samedi contre la loi de s\u00e9curit\u00e9 globale<\/a> (Rue89 Strasbourg)<\/p>\n\n\n\n<p><a href=\"https:\/\/www.frustrationmagazine.fr\/gentrification-mouvement-securite-globale\/\">Le mouvement contre la loi de S\u00e9curit\u00e9 globale est-il en train de se gentrifier ?<\/a> (Frustration)<\/p>\n\n\n\n<p><a href=\"https:\/\/solidaires.org\/Manifestons-le-18-decembre-pour-les-droits-des-migrant-es\">Manifestons le 18 d\u00e9cembre pour les droits des migrant-es<\/a> par (Solidaires)&nbsp;<\/p>\n\n\n\n<p><a href=\"https:\/\/alt-rev.com\/2020\/12\/09\/francois-begaudeau-le-probleme-nest-pas-la-banlieue-mais-la-bourgeoisie\/\">Fran\u00e7ois B\u00e9gaudeau : \u201cle probl\u00e8me n\u2019est pas la banlieue mais la bourgeoisie\u201d<\/a> (Youtube Simon Collin)<\/p>\n\n\n\n<p><a href=\"https:\/\/alt-rev.com\/2020\/12\/09\/castoriadis-ou-limagination-au-pouvoir\/\">Castoriadis, ou l\u2019imagination au pouvoir<\/a> (Marianne) &#8211; 9 d\u00e9cembre 2020<\/p>\n\n\n\n<p><a href=\"https:\/\/alt-rev.com\/2020\/12\/09\/nicolas-framont-et-selim-derkaoui-assumer-une-guerre-des-mots-cest-assumer-quil-y-a-une-guerre-de-classes\/\">N.Framont et S.Derkaoui: \u201cAssumer une guerre des mots c\u2019est assumer qu\u2019il y a une guerre de classes\u201d<\/a> (Marianne)<\/p>\n\n\n\n<p><a href=\"https:\/\/europalestine.com\/2020\/12\/08\/france-un-depute-propose-la-creation-de-camps-de-concentration\/\">France : un d\u00e9put\u00e9 propose la cr\u00e9ation de camps de concentration !&nbsp;<\/a> (EuroPalestine)<\/p>\n\n\n\n<p><a href=\"https:\/\/www.revolutionpermanente.fr\/Beauvau-de-la-securite-derriere-les-annonces-de-Macron-la-confirmation-d-un-durcissement\">Beauvau de la s\u00e9curit\u00e9&nbsp;: derri\u00e8re les annonces de Macron, la confirmation d\u2019un durcissement autoritaire<\/a> (RP)<\/p>\n\n\n\n<p><a href=\"https:\/\/www.revolutionpermanente.fr\/EELV-rejoint-l-offensive-islamophobe-Eric-Piolle-demande-au-CCIF-de-rembourser-ses-subventions\">EELV rejoint l\u2019offensive islamophobe&nbsp;: Eric Piolle demande au CCIF de rembourser ses subventions<\/a> (RP)<\/p>\n\n\n\n<p><a href=\"https:\/\/www.mediapart.fr\/journal\/france\/091220\/tourcoing-l-electorat-populaire-de-darmanin-n-est-pas-tente-par-le-vote-macron\">A Tourcoing, l\u2019\u00e9lectorat populaire de Darmanin n\u2019est pas tent\u00e9 par le vote Macron<\/a> (M\u00e9diapart)&nbsp;<\/p>\n\n\n\n<p><a href=\"https:\/\/info.mediapart.fr\/optiext\/optiextension.dll?ID=gKLgGUCqG3EZHaIDJtno3hAOiRqRpSsKoRT5XYPUhD20BAY2p3Js4Ij+TmYN6PqDM2jt9XPhgnq_4u7DyEd0B0wvIpWE1\">\u00abS\u00e9paratisme\u00bb: le gouvernement d\u00e9tricote les \u00abgrandes lois de notre R\u00e9publique\u00bb<\/a> (MDP)<\/p>\n\n\n\n<p><a href=\"https:\/\/info.mediapart.fr\/optiext\/optiextension.dll?ID=gKLgK2RriuAYMyDaEFqgptMptEUX3wz0Gnw+63MkUbcWuFiwphGErLLItnadcUieOcu6jlENLHwnGh4JE5hW6fLHRS32y\">\u00abCe texte met en sc\u00e8ne une R\u00e9publique faible face \u00e0 un s\u00e9paratisme fort\u00bb<\/a> (MDP)<\/p>\n\n\n\n<p><a href=\"https:\/\/www.mediapart.fr\/journal\/france\/081220\/ccif-beaucoup-de-musulmans-ne-comprennent-pas-le-retournement-de-macron?userid=2ac4463d-cc47-436c-bd41-38577be0b204\">CCIF: \u00abBeaucoup de musulmans ne comprennent pas le retournement de Macron\u00bb <\/a>(Mediapart)<\/p>\n\n\n\n<p><a href=\"https:\/\/reporterre.net\/Le-gouvernement-continue-son-travail-de-sape-de-la-Convention-citoyenne\">Le gouvernement continue son travail de sape de la Convention citoyenne<\/a> (Reporterre)<\/p>\n\n\n\n<p><a href=\"https:\/\/www.bastamag.net\/mobilisation-universites-LPPR-manifestation-loi-securite-globale-10-decembre\">Nouvelle journ\u00e9e de mobilisation contre la loi de programmation de la recherche<\/a> (Basta&nbsp;!)<\/p>\n\n\n\n<p><a href=\"https:\/\/la-bas.org\/6262\">Quand l&rsquo;extr\u00eame droite pr\u00e9pare ses armes sur YouTube<\/a> (L\u00e0-bas si j\u2019y suis)&nbsp;<\/p>\n\n\n\n<p><a href=\"https:\/\/lanticapitaliste.org\/actualite\/entreprises\/sorganiser-contre-les-licenciements-une-urgence-vitale\">S\u2019organiser contre les licenciements\u2009: une urgence vitale<\/a> (L\u2019Anticapitaliste)<\/p>\n\n\n\n<p><span class=\"has-inline-color has-vivid-red-color\"><strong>8 d\u00e9cembre <\/strong><\/span><\/p>\n\n\n\n<p><a href=\"https:\/\/www.mediapart.fr\/journal\/france\/081220\/argent-libyen-hortefeux-frere-de-sarkozy-est-mis-en-examen-son-tour\">Argent libyen: Hortefeux, \u00abfr\u00e8re\u00bb de Sarkozy, est mis en examen \u00e0 son tour<\/a> (MDP)<\/p>\n\n\n\n<p><a href=\"https:\/\/info.mediapart.fr\/optiext\/optiextension.dll?ID=lPOlOVKoXj6zdnOVfOlfUCB5E+c1be5dw4Ya8exPnVv24_JBccwh7FOi4LdeIXPn5yqxVYvSCAwziBbAZWuo9ab0kZZlf\">Proc\u00e8s \u00abBismuth\u00bb: quatre ans de prison, dont deux ferme, requis contre Sarkozy<\/a> (MDP)<\/p>\n\n\n\n<p><a href=\"https:\/\/info.mediapart.fr\/optiext\/optiextension.dll?ID=lPOlVSaHqMH1oKHdV9gGqUPdyFj6a3eXeeRxiPrIChI9G9XBcPrBi1lB0Lh_8t1XVVUaASJ5eQd484SoLwCIXc9ZdUfBw\">A l\u2019universit\u00e9 Aix-Marseille, une professeure de droit compare l\u2019islam \u00e0 une MST<\/a> (MDP)<\/p>\n\n\n\n<p><a href=\"https:\/\/info.mediapart.fr\/optiext\/optiextension.dll?ID=lPOlOBeVYm0cT8rrL+L2t9m_Mj9pxq_cSwpo9JQwajOmJj27d45C0jXyL+OibKZwhGNAi0g+YVAPwlZWwgsQehUU+VZld\">CCIF: \u00abBeaucoup de musulmans ne comprennent pas le retournement de Macron\u00bb<\/a> &nbsp; (MDP)<\/p>\n\n\n\n<p><a href=\"https:\/\/lanticapitaliste.org\/evenement\/paris-manifestation-contre-les-licenciements-dans-lhotellerie-0\">Paris &#8211; Manifestation jeudi ontre les licenciements dans l&rsquo;h\u00f4tellerie<\/a> (L\u2019Anticap)<\/p>\n\n\n\n<p><a href=\"https:\/\/www.boursorama.com\/actualite-economique\/actualites\/macron-annonce-un-futur-porte-avion-a-propulsion-nucleaire-et-defend-cette-energie-baf18fee7971cd1a5783fe70ae5a0ad5\">Macron annonce un futur porte-avion \u00e0 propulsion nucl\u00e9aire et d\u00e9fend cette \u00e9nergie<\/a> (AFP)<\/p>\n\n\n\n<p><a href=\"https:\/\/lanticapitaliste.org\/evenement\/paris-manifestation-contre-la-loi-de-programmation-de-la-recherche\">Paris &#8211; Manifestation jeudi contre la \u00ab\u2009loi de programmation de la recherche\u2009\u00bb<\/a> (L\u2019Anticap)<\/p>\n\n\n\n<p><a href=\"http:\/\/www.regards.fr\/politique\/article\/de-la-france-insoumise-a-l-action-populaire\">De la France insoumise \u00e0 l&rsquo;Action populaire ?<\/a> (Regards)&nbsp;<\/p>\n\n\n\n<p><a href=\"https:\/\/lanticapitaliste.org\/evenement\/acte-4-des-sans-papiers\">Acte 4 des sans-papiers<\/a> (L\u2019Anticap)<\/p>\n\n\n\n<p><a href=\"https:\/\/www.revolutionpermanente.fr\/Interview-Thomas-Deltombe-et-l-islam-imaginaire-des-medias-francais?s=09\">Thomas Deltombe et l\u2019islam imaginaire des m\u00e9dias fran\u00e7ais<\/a> (<a href=\"https:\/\/www.revolutionpermanente.fr\/Interview-Thomas-Deltombe-et-l-islam-imaginaire-des-medias-francais?s=09\">R\u00e9volution permanente<\/a>)<\/p>\n\n\n\n<p><a href=\"https:\/\/www.laquadrature.net\/2020\/12\/08\/decrets-pasp-fichage-massif-des-militants-politiques\/?fbclid=IwAR2csGRER2Y7uppYO6vNQw95ujYawquePAccpAF62RBkcVm1IN8TTN-0Zw4\">D\u00e9crets PASP : fichage massif des militants politiques<\/a> (Quadrature du net)<\/p>\n\n\n\n<p><a href=\"https:\/\/lanticapitaliste.org\/actualite\/societe\/aux-hypocrites-qui-sindignent-des-vitrines-brisees-des-poubelles-brulees-et-des\">Aux hypocrites qui s\u2019indignent de vitrines bris\u00e9es, poubelles br\u00fbl\u00e9es et banques tagu\u00e9es<\/a> &#8211; Philippe Poutou<\/p>\n\n\n\n<p><a href=\"https:\/\/reporterre.net\/INF-Les-Republicains-tous-ecolos-a-condition-de-ne-rien-changer-L-opportuniste-interet\">Du m\u00e9pris \u00e0 l&rsquo;int\u00e9r\u00eat opportuniste&nbsp;: la mue \u00e9colo des R\u00e9publicains<\/a> (Reporterre)<\/p>\n\n\n\n<p><a href=\"https:\/\/lanticapitaliste.org\/evenement\/paris-manifestation-contre-les-lois-liberticides\">Paris &#8211; Manifestation contre les lois liberticides samedi 12 d\u00e9c 14h30 place St-Michel<\/a> (L\u2019Anticap)<\/p>\n\n\n\n<p><a href=\"http:\/\/feedproxy.google.com\/~r\/Rue89Strasbourg\/~3\/gIsNg7ke0z4\/une-semaine-trois-agressions-contre-militants-gauche-strasbourg-195425\">En une semaine, trois agressions contre des militants de gauche \u00e0 Strasbourg<\/a> (Rue89 Strasbourg)<\/p>\n\n\n\n<p><a href=\"https:\/\/ehko.info\/en-france-la-tendance-est-a-lindividualisation-du-croire-chez-des-musulmans\/\">En France, la tendance est \u00e0 \u00ab l\u2019individualisation du croire chez des musulmans \u00bb<\/a> (Ehko)<\/p>\n\n\n\n<p><a href=\"https:\/\/lanticapitaliste.org\/actualite\/social\/manifestation-du-5-decembre-contre-la-lsg-un-echec-dont-il-faut-tirer-les-lecons\">Manifestation du 5 d\u00e9cembre contre la LSG : un \u00e9chec dont il faut tirer les le\u00e7ons<\/a> (L\u2019Anticap)<\/p>\n\n\n\n<p><a href=\"https:\/\/orientxxi.info\/magazine\/loi-de-1905-devoyer-la-laicite-pour-guerroyer-contre-l-islam,4343\">Loi de 1905. D\u00e9voyer la la\u00efcit\u00e9 pour guerroyer contre l&rsquo;islam<\/a> &#8211; Alain Gresh (Orient XXI)<\/p>\n\n\n\n<p><a href=\"https:\/\/www.anti-k.org\/2020\/12\/08\/montpellier-securite-globale-une-mobilisation-en-demi-teinte-et-un-appel-a-manifester-le-12-decembre\/\">S\u00e9curit\u00e9 globale : une mobilisation en demi-teinte \u00e0 Montpellier et un appel \u00e0 manifester le 12 d\u00e9cembre <\/a>-Anti-K<\/p>\n\n\n\n<p><a href=\"https:\/\/lanticapitaliste.org\/actualite\/societe\/dijon-plus-de-2000-contre-la-loi-securitaire-globale\">Dijon- Plus de 2000 contre la loi \u00ab s\u00e9curitaire globale \u00bb.<\/a> (L\u2019Anticap)<\/p>\n\n\n\n<figure class=\"wp-block-image is-style-default\"><img decoding=\"async\" src=\"https:\/\/i2.wp.com\/www.anti-k.org\/wp-content\/uploads\/2020\/12\/adam-salomon.png?fit=659%2C488&amp;ssl=1\" alt=\"adam salomon\"\/><\/figure>\n\n\n\n<p><span class=\"has-inline-color has-vivid-red-color\"><strong>7 d\u00e9cembre <\/strong><\/span><\/p>\n\n\n\n<p><a href=\"https:\/\/www.facebook.com\/events\/222165149271270\/\">Manifestation jeudi 14h de Jussieu \u00e0 Matignon pour exiger le retrait de la LPR <\/a>-FB<\/p>\n\n\n\n<p><a href=\"https:\/\/blogs.mediapart.fr\/jean-marc-b\/blog\/071220\/premiere-liste-des-marches-des-libertes-venir-contre-les-dictature-en-marche\">Premi\u00e8re liste des Marches des Libert\u00e9s \u00e0 venir contre les dictature en marche <\/a> (Luttes Invisibles)<\/p>\n\n\n\n<p><a href=\"https:\/\/www.boursorama.com\/actualite-economique\/actualites\/jacline-mouraud-annonce-sa-candidature-a-la-presidentielle-de-2022-393de55acb8430eb4213ec68627c4649\">Jacline Mouraud annonce sa candidature \u00e0 la pr\u00e9sidentielle de 2022<\/a> (AFP)<\/p>\n\n\n\n<p><a href=\"https:\/\/blogs.mediapart.fr\/jean-marc-b\/blog\/071220\/forte-impopularite-de-macron-besancenot-et-melenchon-les-plus-populaires-gauche\">Forte impopularit\u00e9 de Macron, Besancenot et M\u00e9lenchon les plus populaires \u00e0 gauche<\/a> (sondage Elabe)<\/p>\n\n\n\n<p><a href=\"https:\/\/alt-rev.com\/2020\/12\/07\/pascal-praud-demande-la-tete-de-guillaume-meurice-appab-all-pascal-praud-are-bastards\/\">Pascal Praud demande la t\u00eate de Guillaume Meurice \u2013 #APPAB All Pascal Praud are bastards !<\/a> (Ozap)<\/p>\n\n\n\n<p><a href=\"https:\/\/alt-rev.com\/2020\/12\/07\/melenchon-la-semaine-brut-macron-annonce-quil-sen-ira\/\">M\u00e9lenchon: La semaine \u201cBrut\u201d. Macron annonce qu\u2019il s\u2019en ira ?<\/a> -Blog de M\u00e9lenchon<\/p>\n\n\n\n<p><a href=\"https:\/\/alt-rev.com\/2020\/12\/07\/macron-chez-brut-un-president-en-plein-deni-de-realite\/\">Macron chez Brut : un pr\u00e9sident en plein d\u00e9ni de r\u00e9alit\u00e9<\/a> (Le Poing)<\/p>\n\n\n\n<p><a href=\"https:\/\/alt-rev.com\/2020\/12\/06\/tovaritch-%d1%8fevolution-clip-officiel\/\">Tovaritch \u2013 \u042fEVOLUTION (Clip Officiel)<\/a> -vid\u00e9o<\/p>\n\n\n\n<p><a href=\"https:\/\/info.mediapart.fr\/optiext\/optiextension.dll?ID=aIJaKltKXrZInunU0sSklSVACG42f5i_dXLd7gxntHJ0tAsWjqyPjLU9bbyi1jKUB7HK4QZx3adss8NZfC5yR+tT8QkWF\">La\u00efcit\u00e9: supplique \u00e0 Macron pour qu&rsquo;il renonce \u00e0 faire du Sarkozy<\/a> -blog Jean Baub\u00e9rot<\/p>\n\n\n\n<p><a href=\"https:\/\/info.mediapart.fr\/optiext\/optiextension.dll?ID=aIJaGbfO_92RG8JtntkeoISV2td21suTBcvNrTj8k+hTEU5Wj6YHujrv4LK0yc49DUGt_c3NqkVZHNz_Ea_n5uHKzfHqW\">La violence d\u00e9truit le mouvement social<\/a> -blog <a href=\"https:\/\/info.mediapart.fr\/optiext\/optiextension.dll?ID=aIJaKwnS5QejC5yKeWdkiyh2ED0wmc9eEN3uEJKBaj_TrXKWjy66ri6w6EVaWvwMiZjADJjA1EPMJIVeKNio_Kgexi7O1\">Alain Refalo<\/a><\/p>\n\n\n\n<p><a href=\"http:\/\/www.contretemps.eu\/racisme-etat-nation-francais-imperialisme-nationalisme\/\">Racisme, \u00c9tat-nation : un r\u00e9cit fran\u00e7ais<\/a> par Contretemps<\/p>\n\n\n\n<p><a href=\"https:\/\/www.boursorama.com\/actualite-economique\/actualites\/detournement-trois-ans-d-ineligibilite-et-prison-avec-sursis-pour-la-maire-d-aix-en-provence-378c99c5c4e815813e49e299416cd50c\">D\u00e9tournement: trois ans d&rsquo;in\u00e9ligibilit\u00e9 et prison avec sursis pour la maire d&rsquo;Aix-en-Provence<\/a><br>(AFP)<\/p>\n\n\n\n<p><a href=\"https:\/\/www.boursorama.com\/actualite-economique\/actualites\/macron-parlant-de-violences-policieres-une-faute-selon-la-droite-d44e31e51d62178398d3484993f220d3\">Macron parlant de \u00ab\u00a0Violences polici\u00e8res\u00a0\u00bb: une \u00ab\u00a0faute\u00a0\u00bb selon la droite<\/a> (AFP)<\/p>\n\n\n\n<p><a href=\"https:\/\/www.boursorama.com\/actualite-economique\/actualites\/marion-marechal-lance-un-centre-de-reflexion-pour-alimenter-le-debat-politique-avant-2022-e206fe800b0bacd6b2e9447457cabd17\">Marion Mar\u00e9chal lance un centre de r\u00e9flexion pour \u00ab\u00a0alimenter le d\u00e9bat\u00a0\u00bb politique avant 2022<\/a> (AFP)<\/p>\n\n\n\n<p><a href=\"https:\/\/www.facebook.com\/RevolutionPermanente.fr\/videos\/208725544087523\">Macron les pieds dans le tapis et la farce de la \u00ab&nbsp;police r\u00e9publicaine&nbsp;\u00bb<\/a> &#8211;  Anasse Kazib dans la manif<\/p>\n\n\n\n<p><a href=\"http:\/\/t.newsletter-lesechos.lesechos.fr\/r\/?id=h194faf08,1fc9973,1fc9987&amp;s=gtB0SFfVk7EIUPA7t3t1n30XvEk8EUx-WrEtMpSZo30\">Instruction en famille : l&rsquo;ex\u00e9cutif recule<\/a> (Les Echos)<\/p>\n\n\n\n<p><a href=\"https:\/\/www.monde-diplomatique.fr\/2020\/12\/GOBY\/62563\">Marseille en bataille<\/a> (Monde diplomatique)<\/p>\n\n\n\n<figure class=\"wp-block-image is-resized is-style-default\"><img loading=\"lazy\" decoding=\"async\" src=\"https:\/\/scontent.fsti4-2.fna.fbcdn.net\/v\/t1.0-0\/p75x225\/130546790_10218920925881754_1824120253465061839_n.jpg?_nc_cat=105&amp;ccb=2&amp;_nc_sid=dbeb18&amp;_nc_ohc=saVAKLc-HQoAX9o9TuN&amp;_nc_ht=scontent.fsti4-2.fna&amp;tp=6&amp;oh=cee2bc0621d81648a6083ecf8346cda9&amp;oe=5FF4EDBD\" alt=\"L\u2019image contient peut-\u00eatre\u00a0: 1 personne, assis, texte qui dit \u2019cpoliti I0SS CHOISIR LA FRANCE MACRON Pr\u00e9sidente\u2019\" width=\"445\" height=\"633\"\/><\/figure>\n\n\n\n<p><span class=\"has-inline-color has-vivid-red-color\"><strong>6 d\u00e9cembre <\/strong><\/span><\/p>\n\n\n\n<p><a href=\"https:\/\/www.boursorama.com\/actualite-economique\/actualites\/loi-securite-globale-poursuivre-la-mobilisation-jusqu-au-retrait-67d951d0b926334a4f6752d95cdd492e\">Loi S\u00e9curit\u00e9 globale: \u00ab\u00a0Poursuivre la mobilisation jusqu&rsquo;au retrait\u00a0\u00bb<\/a> (AFP)<\/p>\n\n\n\n<p><a href=\"https:\/\/www.humanite.fr\/memoire-disparus-de-la-guerre-dalgerie-page-non-trouvee-697207#xtor=RSS-1\">M\u00e9moire. Disparus de la guerre d\u2019Alg\u00e9rie, \u00ab page non trouv\u00e9e \u00bb<\/a> (L\u2019Humanit\u00e9)&nbsp;<\/p>\n\n\n\n<p><a href=\"https:\/\/www.humanite.fr\/la-chronique-juridique-de-discrimination-le-fait-le-droit-et-le-gouvernement-697198#xtor=RSS-1\">La chronique juridique de. Discrimination : le fait, le droit et\u2026 le gouvernement<\/a> (L\u2019Humanit\u00e9)<\/p>\n\n\n\n<p><a href=\"https:\/\/blogs.mediapart.fr\/jean-marc-b\/blog\/061220\/pour-les-libertes-deambulation-chantee-sur-le-marche-dapt\">Pour les libert\u00e9s, d\u00e9ambulation chant\u00e9e sur le march\u00e9 d&rsquo;Apt <\/a>-vid\u00e9o<\/p>\n\n\n\n<p><a href=\"https:\/\/blogs.mediapart.fr\/jean-marc-b\/blog\/061220\/vous-ciblez-encore-lislam-hypocrites-de-la-laicite-video-jl-melenchon\">Vous ciblez encore l&rsquo;islam : hypocrites de la la\u00efcit\u00e9 !<\/a> -vid\u00e9o JL M\u00e9lenchon<\/p>\n\n\n\n<p><a href=\"https:\/\/alt-rev.com\/2020\/12\/06\/avec-macron-le-peuple-ne-quitte-plus-la-rue-reportage-a-paris-de-qg\/\">\u201cAvec Macron, le peuple ne quitte plus la rue\u201d, reportage \u00e0 Paris de QG<\/a> -vid\u00e9o QG<\/p>\n\n\n\n<p><a href=\"https:\/\/alt-rev.com\/2020\/12\/06\/la-laicite-delimitations-par-regis-debray\/\">\u201cLa la\u00efcit\u00e9, d\u00e9limitations\u201d, par R\u00e9gis Debray<\/a> (Marianne)<\/p>\n\n\n\n<p><a href=\"https:\/\/info.mediapart.fr\/optiext\/optiextension.dll?ID=OklOks9IqiCNzUOAzUAkPG1Zq7l7ublK4+LPnHE+bYihZiV4HORXUhcUeZhCLXq+BKh2qVR53pzHqe+1_v+jr7x4Re5i3\">Pour contenter le plus grand nombre, Macron f\u00e2che tout le monde<\/a> (MDP)<\/p>\n\n\n\n<p><a href=\"https:\/\/www.laquadrature.net\/2020\/12\/06\/les-couts-societaux-de-la-publicite-en-ligne\/\">Les couts soci\u00e9taux de la publicit\u00e9 en ligne<\/a> (La Quadrature du Net)<\/p>\n\n\n\n<p><a href=\"https:\/\/www.rue89lyon.fr\/2020\/12\/06\/dans-la-region-de-lyon-sur-les-traces-des-loups-gris\/\">Dans la r\u00e9gion de Lyon, sur les traces des \u00ab Loups gris \u00bb<\/a> (Rue89Lyon)<\/p>\n\n\n\n<p><a href=\"https:\/\/www.rue89lyon.fr\/2020\/12\/05\/2eme-manif-contre-la-loi-securite-globale-a-lyon-des-milliers-de-personnes-et-un-drone\/\">2\u00e8me manif contre la loi \u00ab s\u00e9curit\u00e9 globale \u00bb \u00e0 Lyon : des milliers de personnes et un drone<\/a> (Rue89Lyon)&nbsp;<\/p>\n\n\n\n<p><a href=\"https:\/\/expansive.info\/Recit-en-images-des-manifs-du-5-decembre-2513\">R\u00e9cit en images des manifs du 5&nbsp;d\u00e9cembre<\/a> (Mutu)<\/p>\n\n\n\n<p><a href=\"https:\/\/www.mediapart.fr\/journal\/france\/051220\/mobilisation-des-slogans-pour-les-libertes-et-contre-la-precarite-arretes-par-des-violences\">Mobilisation: des slogans pour les libert\u00e9s et contre la pr\u00e9carit\u00e9 arr\u00eat\u00e9s par des violences<\/a> (M\u00e9diapart)&nbsp;<\/p>\n\n\n\n<p><a href=\"https:\/\/marsactu.fr\/la-marche-en-memoire-de-zineb-redouane-se-mue-en-protestation-contre-les-lois-securitaires\/\">\u00c0 Marseille, les manifestants contre la loi s\u00e9curit\u00e9 hissent Zineb Redouane en symbole<\/a> (Marsactu)<\/p>\n\n\n\n<p><a href=\"https:\/\/www.mediapart.fr\/journal\/international\/061220\/andreas-malm-les-crises-liees-au-rechauffement-climatique-pourraient-faire-prosperer-le-fascisme\">Andreas Malm: \u00abLes crises li\u00e9es au r\u00e9chauffement climatique pourraient faire prosp\u00e9rer le fascisme\u00bb<\/a> (M\u00e9diapart)<\/p>\n\n\n\n<p><a href=\"https:\/\/www.revolutionpermanente.fr\/Loi-Securite-Globale-des-dizaines-de-milliers-de-manifestants-l-urgence-d-une-reelle-strategie-pour\">Dizaines de milliers de manifestants, l\u2019urgence d\u2019une r\u00e9elle strat\u00e9gie pour le mouvement<\/a> (RP)<\/p>\n\n\n\n<p><a href=\"https:\/\/www.youtube.com\/watch?v=fU8P3LTtTTw&amp;feature=emb_logo\">Strasbourg 5\/12\/2020 \u2022 #pplsecuriteglobale : manifestation<\/a> (Taranis News)<\/p>\n\n\n\n<p><a href=\"https:\/\/www.revolutionpermanente.fr\/Toulouse-des-manifestations-en-ordre-disperse-contre-la-precarite-et-l-offensive-securitaire\">Toulouse&nbsp;: des manifestations en ordre dispers\u00e9 contre la pr\u00e9carit\u00e9 et l\u2019offensive s\u00e9curitaire<\/a> (RP)<\/p>\n\n\n\n<p><a href=\"https:\/\/blogs.mediapart.fr\/jean-marc-b\/blog\/061220\/la-colere-monte-contre-la-marche-vers-la-dictature\">La col\u00e8re monte contre la marche vers la dictature <\/a>-Luttes Invisibles<\/p>\n\n\n\n<p><a href=\"https:\/\/blogs.mediapart.fr\/jean-marc-b\/blog\/051220\/giscard-matraque-partouze-video-le-vrai-media\">Giscard + Matraque + Partouze &#8211;<\/a>vid\u00e9o Le vrai m\u00e9dia&nbsp;<\/p>\n\n\n\n<p><span class=\"has-inline-color has-vivid-red-color\"><strong>5 d\u00e9cembre <\/strong><\/span><\/p>\n\n\n\n<p><a href=\"https:\/\/www.humanite.fr\/pour-stephane-sirot-le-pouvoir-craint-le-retour-dun-mouvement-de-type-gilets-jaunes-697053#xtor=RSS-1\">Pour St\u00e9phane Sirot, \u00ab le pouvoir craint le retour d\u2019un mouvement de type \u201cgilets jaunes\u201d \u00bb<\/a> (L\u2019Humanit\u00e9)<\/p>\n\n\n\n<p><a href=\"https:\/\/blogs.mediapart.fr\/jean-marc-b\/blog\/061220\/vous-ciblez-encore-lislam-hypocrites-de-la-laicite-video-jl-melenchon\">Vous ciblez encore l&rsquo;islam : hypocrites de la la\u00efcit\u00e9 ! &#8211;<\/a>vid\u00e9o JL M\u00e9lenchon&nbsp;<\/p>\n\n\n\n<p><a href=\"https:\/\/la-bas.org\/6255\">Giscard: Tirez la chasse!<\/a> (L\u00e0-bas si j\u2019y suis)<\/p>\n\n\n\n<p><a href=\"https:\/\/blogs.mediapart.fr\/jean-marc-b\/blog\/051220\/linterview-de-macron-sur-brut-en-resume\">L&rsquo;interview de Macron sur Brut en r\u00e9sum\u00e9 <\/a>-Luttes Invisibles<\/p>\n\n\n\n<p><a href=\"https:\/\/www.mediapart.fr\/journal\/france\/051220\/dans-l-est-lyonnais-les-organisations-islamiques-turques-gagnent-de-l-influence\">Dans l\u2019Est lyonnais, les organisations islamiques turques gagnent de l\u2019influence<\/a> (M\u00e9diapart)&nbsp;<\/p>\n\n\n\n<p><a href=\"https:\/\/dieses.fr\/reflexions-sur-la-question-islamophobe\">R\u00e9flexions sur la question islamophobe<\/a> (di\u00e8ses)<\/p>\n\n\n\n<p><a href=\"https:\/\/www.arretsurimages.net\/articles\/la-page-facebook-du-ccif-motif-de-dissolution\">La page Facebook du CCIF, motif de dissolution<\/a> (Arr\u00eat sur images)<\/p>\n\n\n\n<p><a href=\"https:\/\/www.humanite.fr\/de-sombres-croisades-au-nom-de-la-loi-de-1905-697052#xtor=RSS-1\">De sombres croisades au nom de la loi de 1905.<\/a> (L\u2019Humanit\u00e9)&nbsp;<\/p>\n\n\n\n<p><a href=\"http:\/\/www.contretemps.eu\/islamophobie-fascisme-postfascisme-djihadisme-enzo-traverso\/\">Islamophobie, \u00ab islamo-gauchisme \u00bb, (post)fascisme. Entretien avec Enzo Traverso<\/a> (Contretemps)<\/p>\n\n\n\n<p><a href=\"https:\/\/entreleslignesentrelesmots.blog\/2020\/12\/04\/dissolution-politique-du-ccif-communiques-ldh-et-ujfp\/\">Dissolution politique du CCIF <\/a>(Communiqu\u00e9s LDH, UJFP,&nbsp;CCIF)<\/p>\n\n\n\n<p><a href=\"https:\/\/www.saphirnews.com\/Le-CAIR-offre-des-bureaux-au-CCIF-pour-qu-elle-installe-son-siege-social-aux-Etats-Unis_a27661.html\">Le CAIR offre des bureaux au CCIF pour qu&rsquo;elle installe son si\u00e8ge social aux Etats-Unis<\/a> (SaphirNews)&nbsp;<\/p>\n\n\n\n<p><a href=\"https:\/\/www.lemediatv.fr\/emissions\/2020\/la-france-seffondre-arnaud-montebourg-rweD01PxRY2OGJrku6mziQ\">\u00ab\u00a0La France s&rsquo;effondre\u00a0\u00bb &#8211; Arnaud Montebourg<\/a> -Le M\u00e9dia<\/p>\n\n\n\n<p><a href=\"https:\/\/www.humanite.fr\/laicite-de-sombres-croisades-au-nom-de-la-loi-de-1905-697052#xtor=RSS-1\">La\u00efcit\u00e9. De sombres croisades au nom de la loi de 1905<\/a> (L\u2019Humanit\u00e9)<\/p>\n\n\n\n<p><a href=\"https:\/\/entreleslignesentrelesmots.blog\/2020\/12\/05\/plus-jamais-ca-huit-mois-apres-ou-en-sommes-nous\/\">\u00ab&nbsp;Plus jamais \u00e7a&nbsp;\u00bb&nbsp;: huit mois apr\u00e8s, o\u00f9 en sommes-nous&nbsp;?<\/a> -Collectif<\/p>\n\n\n\n<p><a href=\"https:\/\/alt-rev.com\/2020\/12\/05\/de-quelle-ecologie-parle-t-on-la-generation-climat-passee-a-la-loupe\/\">\u201cDe quelle \u00e9cologie parle-t-on ?\u201d: la \u201cg\u00e9n\u00e9ration climat\u201d pass\u00e9e \u00e0 la loupe<\/a> (Bastamag)<\/p>\n\n\n\n<p><a href=\"https:\/\/alt-rev.com\/2020\/12\/05\/ldh-sur-la-dissolution-du-ccif\/\">LDH sur la dissolution du CCIF<\/a> (Ligue des droits de l\u2019homme)<\/p>\n\n\n\n<p><a href=\"https:\/\/alt-rev.com\/2020\/12\/05\/comment-la-france-a-traite-lislam-et-les-musulmans\/\">Comment la France a trait\u00e9 l\u2019islam et les musulmans<\/a> (Orient XXI)<\/p>\n\n\n\n<p><a href=\"https:\/\/alt-rev.com\/2020\/12\/04\/macron-chasse-les-refugies-chassons-macron\/\">Macron chasse les r\u00e9fugi\u00e9s, chassons Macron.<\/a> (Arguments pour la lutte sociale)<\/p>\n\n\n\n<p><a href=\"https:\/\/www.anti-k.org\/2020\/12\/03\/daniel-bensaid-et-alain-krivine-festival-sur-les-illusions-electorales-video-2\/\">Daniel Bensaid et Alain Krivine: festival sur les illusions \u00e9lectorales \u2013 <\/a>vid\u00e9o<\/p>\n\n\n\n<p><a href=\"https:\/\/www.revolutionpermanente.fr\/Giscard-et-l-imperialisme\">Giscard et l\u2019imp\u00e9rialisme<\/a> -Sadek Basnacki<\/p>\n\n\n\n<p><a href=\"https:\/\/www.revolutionpermanente.fr\/Eloge-des-frontieres-Ruffin-attaque-la-liberte-de-circulation-et-flirte-avec-la-rhetorique-de-l\">Eloge des fronti\u00e8res&nbsp;: Ruffin attaque la libert\u00e9 de circulation et flirte avec la rh\u00e9torique de l\u2019extr\u00eame-droite<\/a> (RP)<\/p>\n\n\n\n<p><strong><span class=\"has-inline-color has-vivid-red-color\">4 d\u00e9cembre<\/span><\/strong><\/p>\n\n\n\n<p><a href=\"https:\/\/www.revolutionpermanente.fr\/Racisme-discriminations-sur-Brut-Macron-annonce-un-nouveau-numero-vert\">Racisme, discriminations&nbsp;: sur Brut, Macron annonce&#8230; un nouveau num\u00e9ro vert&nbsp;!<\/a> (RP)<\/p>\n\n\n\n<p><a href=\"https:\/\/news.google.com\/articles\/CBMitQFodHRwczovL3d3dy5sZW1vbmRlLmZyL3BvbGl0aXF1ZS9saXZlLzIwMjAvMTIvMDQvdml2cmUtZW5zZW1ibGUtc2VwYXJhdGlzbWVzLXZpb2xlbmNlcy1wb2xpY2llcmVzLXN1aXZlei1lbi1kaXJlY3QtbC1lbnRyZXRpZW4tZC1lbW1hbnVlbC1tYWNyb24tZGlmZnVzZS1zdXItYnJ1dF82MDYyMTkzXzgyMzQ0OC5odG1s0gEA?hl=fr&amp;gl=FR&amp;ceid=FR%3Afr\">Violences polici\u00e8res, discriminations, la\u00efcit\u00e9\u2026 Ce qu&rsquo;il faut retenir de l&rsquo;interview d&rsquo;Emmanuel Macron sur \u00ab Brut \u00bb<\/a> (Le Monde)<\/p>\n\n\n\n<p><a href=\"https:\/\/www.bastamag.net\/loi-securite-globale-associations-de-chomeurs-front-social-licenciement-violences-policieres-5-decembre\">D\u00e9fense des libert\u00e9s, mobilisation des ch\u00f4meurs, lutte contre licenciements : carte actions du 5 d\u00e9cembre<\/a> (Basta&nbsp;!) <\/p>\n\n\n\n<p><a href=\"https:\/\/info.mediapart.fr\/optiext\/optiextension.dll?ID=v32v1bVi4tedYZDCgR2qqk4l7AjI0s8Z5kEGny2KAn4oXEAfDu+YWJZot0Gqir83i9fvTPYwkAhHvXSG_rNVonWWkLnDU\">Pour une candidature et une pr\u00e9sidence collective de la gauche en 2022<\/a> -ericlabbe<\/p>\n\n\n\n<p><a href=\"https:\/\/news.google.com\/articles\/CBMizAFodHRwczovL3d3dy5mcmFuY2V0dmluZm8uZnIvZmFpdHMtZGl2ZXJzL3BvbGljZS92aW9sZW5jZXMtcG9saWNpZXJlcy92aWRlb3MtdmlvbGVuY2VzLXBvbGljaWVyZXMtbGliZXJ0ZS1kZS1sYS1wcmVzc2UtbGFpY2l0ZS1sZXMtdHJvaXMtc2VxdWVuY2VzLW1vdXZlbWVudGVlcy1kZS1sLWludGVydmlldy1kLWVtbWFudWVsLW1hY3Jvbl80MjA3MTk1Lmh0bWzSAcsBaHR0cHM6Ly93d3cuZnJhbmNldHZpbmZvLmZyL2ZhaXRzLWRpdmVycy9wb2xpY2UvdmlvbGVuY2VzLXBvbGljaWVyZXMvdmlkZW9zLXZpb2xlbmNlcy1wb2xpY2llcmVzLWxpYmVydGUtZGUtbGEtcHJlc3NlLWxhaWNpdGUtbGVzLXRyb2lzLXNlcXVlbmNlcy1tb3V2ZW1lbnRlZXMtZGUtbC1pbnRlcnZpZXctZC1lbW1hbnVlbC1tYWNyb25fNDIwNzE5NS5hbXA?hl=fr&amp;gl=FR&amp;ceid=FR:fr\">VIDEOS. Violences polici\u00e8res, libert\u00e9 de la presse, la\u00efcit\u00e9&#8230; Les trois s\u00e9quences mouvement\u00e9es de l&rsquo;interview<\/a> (France info)<\/p>\n\n\n\n<p><a href=\"https:\/\/www.humanite.fr\/table-ronde-quannonce-la-derive-liberticide-demmanuel-macron-697143#xtor=RSS-1\">Table ronde. Qu\u2019annonce la d\u00e9rive liberticide d\u2019Emmanuel Macron ?<\/a> (L\u2019Humanit\u00e9)&nbsp;<\/p>\n\n\n\n<p><a href=\"https:\/\/www.mediapart.fr\/journal\/france\/041220\/loi-separatisme-un-piege-pour-tous-les-cultes\">Loi \u00abs\u00e9paratisme\u00bb: un pi\u00e8ge pour tous les cultes<\/a> (M\u00e9diapart)<\/p>\n\n\n\n<p><a href=\"http:\/\/www.regards.fr\/idees-culture\/article\/l-etat-a-t-il-le-monopole-du-complotisme-legitime\">L&rsquo;\u00c9tat a-t-il le monopole du complotisme l\u00e9gitime ?<\/a> &#8211; Alain Bertho (Regards)<\/p>\n\n\n\n<p><a href=\"https:\/\/www.mediapart.fr\/journal\/france\/041220\/marseille-le-parquet-financier-envisage-un-proces-pour-gaudin-et-sa-garde-rapprochee\">Marseille: le Parquet financier envisage un proc\u00e8s pour Gaudin et sa garde rapproch\u00e9e<\/a>(M\u00e9diapart)&nbsp;<\/p>\n\n\n\n<p><a href=\"https:\/\/www.bondyblog.fr\/politique\/cest-la-manifestation-la-plus-claire-de-lislamophobie-detat-pour-lavocat-du-ccif\/\">\u00ab C\u2019est la manifestation la plus claire de l\u2019islamophobie d\u2019\u00c9tat \u00bb, pour l\u2019avocat du CCIF<\/a> (Le Bondy Blog)<\/p>\n\n\n\n<p><a href=\"https:\/\/larotative.info\/black-friday-action-contre-les-3968.html\">Black Friday : action contre permanences d\u00e9put\u00e9s LREM pour d\u00e9noncer leur complicit\u00e9 avec Amazon<\/a> (La Rotative)&nbsp;<\/p>\n\n\n\n<p><a href=\"https:\/\/www.mediapart.fr\/journal\/france\/041220\/l-etrange-disparition-des-agendas-de-nicolas-sarkozy\">L\u2019\u00e9trange disparition des agendas de Nicolas Sarkozy<\/a> (M\u00e9diapart)<\/p>\n\n\n\n<p><a href=\"https:\/\/info.mediapart.fr\/optiext\/optiextension.dll?ID=v32v3TgX23hlNe_ulfllP0Mqnd9gZc3vMyLLqDNR5kAjFIULDbNTI1kM0Y3Z4Kx0tO0iKB2tyXPHhuzu5OjN_0Gwq3K1i\">Le grand basculement (\u00e0 propos du vote ouvrier et de l\u2019extr\u00eame-droite)<\/a> -Marwen Belkaid<\/p>\n\n\n\n<p><a href=\"http:\/\/www.regards.fr\/la-midinale\/article\/il-y-a-depuis-longtemps-des-manquements-au-droit-international-que-la-france-ne\">\u00ab Depuis longtemps des manquements au respect du droit international en France \u00bb<\/a> (Regards)<\/p>\n\n\n\n<p><a href=\"https:\/\/l.facebook.com\/l.php?u=https:\/\/www.liberation.fr\/politiques\/2020\/12\/04\/plusieurs-anciens-collaborateurs-de-marlene-schiappa-se-disent-traumatises_1807651?xtor=rss-450&amp;utm_medium=Social&amp;utm_source=Twitter&amp;utm_campaign=dlvr.it&amp;fbclid=IwAR2X7dq0KuIBHWm_v1v7RjAGid4-MtQFAhRfry1wVlfmCXMzPtF7-aGIAi8&amp;h=AT0Spuxff7mScsDZmsoXFlx5NaIt9-RIphq1TpjywfS7NoJQGMsClEdlXscyVoSDbnd1gJS7xY8bopa_5ksXIU9zxw1wpaaLUtO5YoWDj7uvkDhscsJJ3SpXTg0JoyHVAS7sMl8&amp;__tn__=,mH-R&amp;c%5B0%5D=AT3DcxjKvCSc3V398iEjrbsYMbG-KmwjafyyFSIvwd1GhkWtPUbEs0AmTyxmn59UIc81WyJt8HVppd74WF5VIqvOGFOv4qM8Fpn5dUw6ljANoOcPmyytKJPZ726OcN9bGnTjJVg2nxwu1xulJagh2hXCklBOM8oVFekHHKUIo_17zbI\">&nbsp;Plusieurs anciens collaborateurs de Marl\u00e8ne Schiappa se disent traumatis\u00e9s <\/a>(Lib\u00e9ration)<\/p>\n\n\n\n<p><a href=\"https:\/\/www.mediapart.fr\/journal\/france\/041220\/le-ps-se-pose-en-nouveau-heraut-de-la-laicite\">Le PS se pose en nouveau \u00abh\u00e9raut\u00bb de la la\u00efcit\u00e9<\/a> (M\u00e9diapart)&nbsp;<\/p>\n\n\n\n<p><a href=\"https:\/\/www.boursorama.com\/actualite-economique\/actualites\/bertrand-plaide-pour-un-referendum-sur-la-laicite-et-l-immigration-e99a33aedd2f5bb3c038825e29e4d5b6\">Bertrand plaide pour un r\u00e9f\u00e9rendum sur la la\u00efcit\u00e9 et l&rsquo;immigration<\/a> (AFP)<\/p>\n\n\n\n<p><a href=\"https:\/\/blogs.mediapart.fr\/jean-marc-b\/blog\/041220\/liste-des-rassemblements-et-marches-des-libertes-le-5-decembre\">Liste des rassemblements et Marches des Libert\u00e9s le 5 d\u00e9cembre <\/a>(Luttes Invisibles)<\/p>\n\n\n\n<p><a href=\"https:\/\/blogs.mediapart.fr\/jean-marc-b\/blog\/041220\/appel-de-l-ag-des-etudiantes-de-nanterre\">Appel de l\u2019AG des \u00e9tudiant.e.s de Nanterre <\/a>(Unef Tacle)<\/p>\n\n\n\n<p><a href=\"https:\/\/www.francebleu.fr\/...\/reims-action-non-violente...\">Manifestation a Reims pour d\u00e9noncer la complicit\u00e9 entre Macron et Amazon<\/a> -vid\u00e9o<\/p>\n\n\n\n<p><a href=\"https:\/\/l.facebook.com\/l.php?u=https:\/\/www.francebleu.fr\/infos\/societe\/tours-plus-de-500-personnes-de-la-culture-manifestent-pour-retravailler-1607014632?utm_medium=Social&amp;utm_source=Facebook&amp;fbclid=IwAR1l5V76sdq_mHggk13wiPdYlwYifOK_EGtHfNMStKpdETQSN9Ums3_Z5AU#Echobox=1607014975&amp;h=AT118xn3vmsJig3hHVskECHxPQvKRkGwa2kl178XEuIIpdcXjK39E8dW3h-P51YwAkIyttzi-BbTzTxF_aDMagIS4EgWBmEUnzo6AjDYPoBbtd3xLby2Q5Q3syRnZgVFtUM1bto&amp;__tn__=,mH-R&amp;c%5B0%5D=AT1JhxXboEdobDRVoc4FS76OzDVOhZjTxhj491AdzHpdakObzadOa59T14dQs9-veKGiCB7Ev3bqOKR-RojJt5hPhRfsVQVMFPKUnADbwiX-dwJZ1f4JvsVLvkmp1PN7qQEPD9y-rR-Rm1TbW2cwlVmpgPxl-HKHRWWEJbdlC9uYGQQ\">&nbsp;Tours : plus de 500 personnes de la culture manifestent pour retravailler <\/a>-France Bleu<\/p>\n\n\n\n<p><a href=\"https:\/\/lanticapitaliste.org\/videos\/universite-dete-2020-daniel-bensaid\">L&rsquo;actualit\u00e9 de la pens\u00e9e de Daniel Bensa\u00efd<\/a>&#8211; vid\u00e9o U d\u2019\u00e9t\u00e9 NPA 2020<\/p>\n\n\n\n<p><a href=\"https:\/\/blogs.mediapart.fr\/jean-marc-b\/blog\/041220\/propos-de-la-conjoncture-actuelle-par-alain-badiou\">\u00ab&nbsp;A propos de la conjoncture actuelle&nbsp;\u00bb <\/a>-Alain Badiou<\/p>\n\n\n\n<p><a href=\"https:\/\/lanticapitaliste.org\/actualite\/politique\/cher-francois-ruffin-de-quel-droit-topposes-tu-la-liberte-de-circulation-des\">Cher Fran\u00e7ois Ruffin, de quel droit t\u2019opposes-tu \u00e0 la libert\u00e9 de circulation des personnes ?<\/a> -Julien Salingue<\/p>\n\n\n\n<p><a href=\"https:\/\/www.revolutionpermanente.fr\/5-raisons-de-manifester-samedi-contre-la-Loi-securite-globale-et-les-violences-policieres\">5 raisons de manifester contre la Loi s\u00e9curit\u00e9, les violences polici\u00e8res et toutes les lois liberticides<\/a> (RP)<\/p>\n\n\n\n<p><a href=\"https:\/\/www.revolutionpermanente.fr\/Controle-de-76-mosquees-Darmanin-lance-une-nouvelle-operation-islamophobe-massive-et-mediatique\">Contr\u00f4le de 76 mosqu\u00e9es&nbsp;: Darmanin lance une nouvelle op\u00e9ration islamophobe massive et m\u00e9diatique<\/a> (RP)<\/p>\n\n\n\n<p><a href=\"https:\/\/alt-rev.com\/2020\/12\/03\/les-gilets-jaunes-ou-la-necessite-de-la-revolte\/\">Les gilets jaunes, ou la n\u00e9cessit\u00e9 de la r\u00e9volte<\/a> -Contretemps<\/p>\n\n\n\n<p><a href=\"https:\/\/reporterre.net\/La-fin-du-Haut-Conseil-des-biotechnologies-une-mauvaise-nouvelle-pour-le-debat-democratique\">La fin du Haut Conseil des biotechnologies, une mauvaise nouvelle pour le d\u00e9bat d\u00e9mocratique<\/a> (Reporterre)&nbsp;<\/p>\n\n\n\n<p><a href=\"https:\/\/www.boursorama.com\/actualite-economique\/actualites\/des-militants-reclament-l-arret-du-developpement-d-amazon-en-france-44a0651a4c73dd62264cad9c1f68da75\">Des militants r\u00e9clament l&rsquo;arr\u00eat du d\u00e9veloppement d&rsquo;Amazon en France<\/a> (REUTERS)<\/p>\n\n\n\n<p><a href=\"https:\/\/www.bastamag.net\/urgence-ecologique-la-generation-marches-Climat-est-loin-d-etre-homogene-clivage-gauche-droite-genre-democratie-productivisme-entretien-Yann-Le-Lann\">\u00ab Sur l&rsquo;\u00e9cologie, le clivage gauche-droite a encore toute sa pertinence, voire m\u00eame il se renforce \u00bb<\/a> (Basta&nbsp;!)&nbsp;<\/p>\n\n\n\n<p><a href=\"http:\/\/cqfd-journal.org\/Au-sommaire-du-no193-en-kiosque\">Au sommaire du n\u00b0193 (en kiosque)<\/a> (CQFD)<\/p>\n\n\n\n<p><a href=\"https:\/\/www.lemediatv.fr\/emissions\/2020\/fini-le-parlement-letat-cest-macron-lyurkhVISyWsZtLXV6iYyA\">Fini le Parlement, l&rsquo;\u00c9tat, c&rsquo;est Macron<\/a> (Le M\u00e9dia )<\/p>\n\n\n\n<p><a href=\"https:\/\/alt-rev.com\/2020\/12\/03\/aux-marges-de-la-revolte-romantique\/\">Aux marges de la r\u00e9volte romantique<\/a> (Zones subversives)<\/p>\n\n\n\n<p><a href=\"https:\/\/alt-rev.com\/2020\/12\/03\/hartmut-rosa-sociologue-allemand-pere-du-concept-de-resonance\/\">Hartmut Rosa, sociologue allemand, p\u00e8re du concept de \u201cr\u00e9sonance\u201d<\/a> (Marianne)<\/p>\n\n\n\n<p><a href=\"https:\/\/alt-rev.com\/2020\/12\/03\/entre-crise-politique-et-crise-de-regime\/\">Entre crise politique et crise de r\u00e9gime<\/a> (Le fil des communs)<\/p>\n\n\n\n<p><a href=\"https:\/\/alt-rev.com\/2020\/12\/03\/condamner-la-violence-des-autres-un-imperatif-bourgeois\/\">Condamner la violence\u2026 des autres, un imp\u00e9ratif bourgeois<\/a> (Frustration)<\/p>\n\n\n\n<p><a href=\"https:\/\/www.revolutionpermanente.fr\/Giscard-un-president-qui-nous-a-coute-cher\">Giscard&nbsp;: un pr\u00e9sident qui nous a co\u00fbt\u00e9 cher<\/a> (RP)<\/p>\n\n\n\n<p><a href=\"https:\/\/www.monde-diplomatique.fr\/1977\/05\/JULIEN\/34239\">VGE, L&rsquo;art de gouverner par discours et symboles<\/a> (Monde diplomatique 1977)<\/p>\n\n\n\n<figure class=\"wp-block-image is-style-default\"><img decoding=\"async\" src=\"https:\/\/scontent.fhex4-1.fna.fbcdn.net\/v\/t1.0-9\/129955341_3764525870275437_4317084423004871665_n.jpg?_nc_cat=106&amp;ccb=2&amp;_nc_sid=dbeb18&amp;_nc_ohc=KF1Vz2nkQzEAX_ltgUW&amp;_nc_ht=scontent.fhex4-1.fna&amp;oh=a3f7df7487daf7b66e63fb79d128dcb9&amp;oe=5FEF9E00\" alt=\"L\u2019attribut alt de cette image est vide, son nom de fichier est 129955341_3764525870275437_4317084423004871665_n.jpg.\"\/><\/figure>\n\n\n\n<p><span class=\"has-inline-color has-vivid-red-color\"><strong>3 d\u00e9cembre<\/strong><\/span><\/p>\n\n\n\n<p><a href=\"https:\/\/www.acrimed.org\/Retrait-de-la-loi-Securite-globale-Marche-des\">Retrait de la loi S\u00e9curit\u00e9 globale : Marche des libert\u00e9s et des justices le 5 d\u00e9cembre<\/a> ( Acrimed)<\/p>\n\n\n\n<p><a href=\"https:\/\/redir.ownpage.fr\/newsletter\/66883c98e347457d\/eyJhciI6IjVmYzhjY2ZlMDRmYWJlMDAwYTFiM2RhYSIsInUiOiIyMjUwNWNhOWI1ZjQ2Zjc0NmVhYzliMTJmNzdkOGQ4ZSIsInVyIjoiaHR0cHM6Ly93d3cuMjBtaW51dGVzLmZyL2p1c3RpY2UvMjkyMzE3MS0yMDIwMTIwMy1zb3VwY29ucy1maW5hbmNlbWVudC1saWJ5ZW4tY2xhdWRlLWd1ZWFudC1taXMtZXhhbWVuLWFzc29jaWF0aW9uLW1hbGZhaXRldXJzP3h0b3I9RVBSLTIxMi1bbmwgMTNoXS0tLTI3Nzc0MDU5NTI2QDImdXRtX3NvdXJjZT1uZXdzbGV0dGVyJnV0bV9tZWRpdW09ZW1haWwmdXRtX2NhbXBhaWduPTEzaCZfb3BlPWV5Sm5kV2xrSWpvaU1qSTFNRFZqWVRsaU5XWTBObVkzTkRabFlXTTVZakV5WmpjM1pEaGtPR1VpZlElM0QlM0QiLCJnIjoiMTE5MDU4IiwicCI6IjE0In0=\">&nbsp;Claude Gu\u00e9ant mis en examen pour \u00ab association de malfaiteurs \u00bb<\/a>(20 mn)<\/p>\n\n\n\n<p><a href=\"https:\/\/entreleslignesentrelesmots.blog\/2020\/12\/01\/ac-conference-de-presse-lundi-30-novembre-manifestation-samedi-5-decembre-2020\/\">AC! Conf\u00e9rence de presse, lundi 30 novembre. Manifestation, samedi 5 d\u00e9cembre&nbsp;2020<\/a> (Entre les lignes)<\/p>\n\n\n\n<p><a href=\"https:\/\/info.mediapart.fr\/optiext\/optiextension.dll?ID=XtsXtV_L8DdmNQUYZIq0RNfk8NrIl_lb46ZETd2+cx8ohqfH4IKZPIQlmxYQhom0r98_CSAFWdXFJTb_0Ti9WJrv8Gfz4\">Macron-Giscard, un jeu de miroirs qui inqui\u00e8te<\/a> (MDP)<\/p>\n\n\n\n<p><a href=\"https:\/\/theconversation.com\/valery-giscard-destaing-le-dernier-des-grands-notables-de-la-droite-liberale-149306\">Val\u00e9ry Giscard d\u2019Estaing, le dernier des grands notables de la droite lib\u00e9rale<\/a>&nbsp; (The Conversation)&nbsp;<\/p>\n\n\n\n<p><a href=\"https:\/\/info.mediapart.fr\/optiext\/optiextension.dll?ID=XtsXq+ez8jrMXlkgkQ1n4jZH9Hov74bkbT_W68YG5eqzzqiH4gyFJmcU5Z7N8C2mxZQFxPkSczFY5s5lbj98XbKvEOEjj\">Incidents et confusion perturbent le proc\u00e8s Sarkozy-Bismuth<\/a> (MDP)<\/p>\n\n\n\n<p><a href=\"https:\/\/www.placegrenet.fr\/2020\/12\/03\/le-monde-de-la-montagne-et-ses-stations-ne-decolerent-pas-face-aux-decisions-gouvernementales\/404729\">Le monde de la montagne et ses stations ne d\u00e9col\u00e8rent pas face aux d\u00e9cisions gouvernementales<\/a> (Place Gre\u2019net)&nbsp;<\/p>\n\n\n\n<p><a href=\"https:\/\/www.humanite.fr\/extreme-droite-le-rn-siphonne-debout-la-france-697119#xtor=RSS-1\">Extr\u00eame droite. Le RN siphonne Debout la France<\/a> (L\u2019Humanit\u00e9)<\/p>\n\n\n\n<p><a href=\"http:\/\/www.regards.fr\/la-midinale\/article\/nathalie-arthaud-le-gouvernement-voit-tres-bien-qu-on-entre-dans-l-age-de-la\">N. Arthaud : \u00ab Le gouvernement voit tr\u00e8s bien qu&rsquo;on entre dans l&rsquo;\u00e2ge de la col\u00e8re \u00bb<\/a> (Regards)<\/p>\n\n\n\n<p><a href=\"https:\/\/www.revue-ballast.fr\/christophe-darmangeat-aux-origines-de-la-violence\/\">Christophe Darmangeat : aux origines de la violence<\/a> (Ballast )<\/p>\n\n\n\n<p><a href=\"https:\/\/lagedefaire-lejournal.fr\/capitalisme-se-desenvouter-de-ce-systeme-sorcier\/\">Capitalisme : \u00ab se d\u00e9senvouter de ce syst\u00e8me sorcier \u00bb<\/a> (L\u2019\u00e2ge de faire)<\/p>\n\n\n\n<p><a href=\"https:\/\/www.boursorama.com\/actualite-economique\/actualites\/france-macron-reporte-son-entretien-avec-brut-ca6df91dd04f103d3433f1837a58f476\">France: Macron reporte son entretien avec Brut<\/a> (REUTERS)<\/p>\n\n\n\n<p><a href=\"https:\/\/www.boursorama.com\/actualite-economique\/actualites\/france-76-mosquees-dans-le-collimateur-du-ministere-de-l-interieur-209e32c05bbd06d9f16354c68181b24c\">France: 76 mosqu\u00e9es dans le collimateur du minist\u00e8re de l&rsquo;Int\u00e9rieur<\/a> (REUTERS)<\/p>\n\n\n\n<p><a href=\"https:\/\/lanticapitaliste.org\/actualite\/strategie\/propos-de-lappel-rejoignons-nous\">\u00c0 propos de l\u2019appel \u00ab Rejoignons-nous \u00bb<\/a> &#8211; Julien Salingue et al<\/p>\n\n\n\n<p><a href=\"https:\/\/www.mediapart.fr\/journal\/france\/301120\/comment-rompre-avec-le-jeu-pervers-de-la-presidentielle\">Comment rompre avec le jeu pervers de la pr\u00e9sidentielle ?<\/a> -blog Mathilde Goanec)<\/p>\n\n\n\n<p><a href=\"https:\/\/www.boursorama.com\/actualite-economique\/actualites\/giscard-d-estaing-et-les-diamants-de-bokassa-l-affaire-qui-plomba-sa-course-contre-mitterrand-3c877b74f2caf9caec3503fc8e01b3ab\">Giscard d&rsquo;Estaing et les \u00ab\u00a0diamants de Bokassa\u00a0\u00bb <\/a>&nbsp;(Boursorama)<\/p>\n\n\n\n<p><a href=\"https:\/\/blogs.mediapart.fr\/jean-marc-b\/blog\/031220\/2-ans-de-luttes-et-maintenant-reflexion-strategique-video-rp-et-qg\">2 ans de luttes, et maintenant ? R\u00e9flexion strat\u00e9gique <\/a>-vid\u00e9o RP et QG <\/p>\n\n\n\n<figure class=\"wp-block-image is-resized is-style-default\"><img loading=\"lazy\" decoding=\"async\" src=\"https:\/\/scontent.fhex4-2.fna.fbcdn.net\/v\/t1.0-9\/129538429_1100179980404469_782251504450282678_n.jpg?_nc_cat=110&amp;ccb=2&amp;_nc_sid=730e14&amp;_nc_ohc=wC_z2dB0YpwAX8quw9_&amp;_nc_ht=scontent.fhex4-2.fna&amp;oh=4ee0094fb62941839b82ae2aca2c6c80&amp;oe=5FF03B91\" alt=\"\" width=\"559\" height=\"559\"\/><figcaption><strong><span class=\"has-inline-color has-vivid-cyan-blue-color\">Toute la presse rend hommage au bijoutier de Chamali\u00e8res<\/span><\/strong><\/figcaption><\/figure>\n\n\n\n<p><span class=\"has-inline-color has-vivid-red-color\"><strong>2 d\u00e9cembre <\/strong><\/span><\/p>\n\n\n\n<p><a href=\"https:\/\/la-bas.org\/6251\">Vos (superbes) photos de la manif de samedi \u00e0 Paris !<\/a> par L\u00e0-bas si j\u2019y suis&nbsp;<\/p>\n\n\n\n<p><a href=\"https:\/\/l.facebook.com\/l.php?u=https:\/\/www.ouest-france.fr\/pays-de-la-loire\/le-mans-72000\/video-le-mans-pres-de-1-000-personnes-contre-la-loi-securite-globale-7069100?fbclid=IwAR1toyG_Uzr2pu92ErihOszXOszvjQl1X9D7gQDDlqyJgr5UuLVG0hg8I3E&amp;h=AT01kZ9qnLkOP0AlbAlwtrBIUfYE47P9u-QiE6eGDVlItsNqjYSvMWxGW76seMP2oDa9Uq25vIP5Xai41vX8lftgDrDjKJ2wcOVvcYbBmpDWn08SbBCKf88_ta6BIRcfurUzeAk&amp;__tn__=,mH-R&amp;c%5B0%5D=AT0vvWM_b-92XMMV7FCJ2RE65cQRSLXNt894MEU0EUrxp4GoVAXfz91gtkFNbbHizFiW5RmTiK7H6OFRMYKNcB7Hok4Qwg-481h1I9FpQNBe0fGy5zIWYeTHpmBzaGY1j1OCpVdmMekc8r_49dyXfVBwUmcx6EVuFzcGuXMH7TcWQ9Y\">VID\u00c9O. Le Mans : pr\u00e8s de 1 000 personnes contre la loi \u00ab s\u00e9curit\u00e9 globale \u00bb&nbsp;<\/a> (Ouest-France)<\/p>\n\n\n\n<p><a href=\"https:\/\/www.boursorama.com\/actualite-economique\/actualites\/frontieres-ruffin-lfi-veut-limiter-la-circulation-des-personnes-c0e1498823375cfb148db5ba09ecc12b\">Fronti\u00e8res: Ruffin (LFI) veut limiter la circulation des personnes<\/a> (AFP)<\/p>\n\n\n\n<p><a href=\"https:\/\/www.revolutionpermanente.fr\/Loi-Securite-Globale-et-loi-separatisme-meme-combat-retrait-des-lois-liberticides-et-islamophobes\">Loi S\u00e9curit\u00e9 Globale et loi \u00ab&nbsp;s\u00e9paratisme&nbsp;\u00bb m\u00eame combat, retrait des lois liberticides et islamophobes&nbsp;!<\/a> (RP)<\/p>\n\n\n\n<p><a href=\"https:\/\/info.mediapart.fr\/optiext\/optiextension.dll?ID=v32vW0dHw5I3jQyNa454xGN9D6qqPAXgmJYoR_XzSPGT0bpfDU2uZtt_wFK4qEKVt7KtwD048P_ymlGdFFTiMHR_gEwL9\">Les relais du conspirationnisme: \u00abHold-up\u00bb sur une contre-culture<\/a> (MDP)<\/p>\n\n\n\n<p><a href=\"https:\/\/info.mediapart.fr\/optiext\/optiextension.dll?ID=v32vXVxnaBUGrfQQSHZzCOhExQJ73BNtkNZ+Ir64NUa+HbULCH_9LHRXwAQ8RXExxAZuZZPYeoqq4i8PvhUsfyQQfxrTf\">Lingots d\u2019or: la maire de Puteaux mise en examen pour blanchiment de fraude fiscale<\/a> (MDP)<\/p>\n\n\n\n<p><a href=\"https:\/\/info.mediapart.fr\/optiext\/optiextension.dll?ID=v32v2chjftJeRxzdy7GHQWTWYLdo5p_gDDikyySeTR9ZEILfCFae+8WPYRig2Wyci3fvtA58OiV1jx5VGaaFilYOyB2vT\">Friedrich Engels et le communisme primitif<\/a> -Blog Michael Lowy<\/p>\n\n\n\n<p><a href=\"https:\/\/www.facebook.com\/watchparty\/399836638121233\/?entry_source=NOTIFICATIONS&amp;ext=1607503357&amp;hash=ASuAxtt4b-M3-U5kPejsxYPsWqX5U5Y0fk7slFzLHb46nZkm&amp;notif_id=1606846383849643&amp;notif_t=watch_party_started_implicit&amp;ref=notif\">GJ: Deux ans de lutte, et maintenant ?<\/a> -vid\u00e9o d\u00e9bat QG<\/p>\n\n\n\n<p><a href=\"https:\/\/blogs.mediapart.fr\/jean-marc-b\/blog\/021220\/liste-des-rassemblements-venir-contre-la-loi-securite-globale\">Liste des rassemblements \u00e0 venir contre la loi s\u00e9curite globale <\/a>-Luttes Invisibles<\/p>\n\n\n\n<p><a href=\"https:\/\/lanticapitaliste.org\/actualite\/politique\/retrait-de-la-loi-securite-globale-dehors-darmanin-et-lallement\">Retrait de la loi S\u00e9curit\u00e9 globale ! Dehors Darmanin et Lallement !<\/a> (L\u2019Anticapitaliste)<\/p>\n\n\n\n<p><a href=\"https:\/\/alt-rev.com\/2020\/12\/02\/dix-theses-sur-lapport-de-walter-benjamin-a-la-theorie-critique\/\">Dix th\u00e8ses sur l\u2019apport de Walter Benjamin \u00e0 la Th\u00e9orie critique<\/a> -M. L\u00f6wy<\/p>\n\n\n\n<figure class=\"wp-block-image is-style-default\"><img decoding=\"async\" src=\"https:\/\/scontent.fhex4-1.fna.fbcdn.net\/v\/t1.0-9\/128856768_1099468427142291_4521454963068288746_o.jpg?_nc_cat=104&amp;ccb=2&amp;_nc_sid=730e14&amp;_nc_ohc=uqHKsF4rNuEAX8Dn9x4&amp;_nc_ht=scontent.fhex4-1.fna&amp;oh=0ae9e9e759dc18d734ca2ad47f7b8393&amp;oe=5FEEB5F7\" alt=\"\"\/><\/figure>\n\n\n\n<p><span class=\"has-inline-color has-vivid-red-color\"><strong>1er d\u00e9cembre en continu<\/strong><\/span><\/p>\n\n\n\n<p><a href=\"http:\/\/www.contretemps.eu\/dossier-gilets-jaunes-question-sociale-democratie-capitalisme\/\">Dossier : les gilets jaunes, ou la n\u00e9cessit\u00e9 de la r\u00e9volte<\/a> (Contretemps )<\/p>\n\n\n\n<p><a href=\"https:\/\/info.mediapart.fr\/optiext\/optiextension.dll?ID=oSToRY+wA15irDj5huJy2WFlVsryWsxGmJc_ml+F_M8V4d+EgxEMEzoGVt9Fh3ybDhthtdkLIoYkJjFcI79cyzxM7Zsoq\">\u00abA l\u2019air libre\u00bb: \u00abMacron pense qu\u2019il a toujours raison, c\u2019est un vrai probl\u00e8me\u00bb<\/a> (MDP)<\/p>\n\n\n\n<p><a href=\"https:\/\/www.humanite.fr\/article-24-pierre-laurent-un-tour-de-passe-passe-pour-sauver-un-texte-liberticide-696930#xtor=RSS-1\">Article 24. Pierre Laurent : \u00ab Un tour de passe-passe pour sauver un texte liberticide \u00bb<\/a> (L\u2019Humanit\u00e9)<\/p>\n\n\n\n<p><a href=\"https:\/\/info.mediapart.fr\/optiext\/optiextension.dll?ID=oSToT11zrCYfW+SH5pX6Jb3fBxQwsE5D43zI+jq9Lwx2tIE_hHrw98P+g2MrvtiT+KX8_lqINVXBGj4hhEuut0CIbN8od\">Affaire Sol\u00e8re: ce que dit vraiment l\u2019enqu\u00eate visant le conseiller de Macron<\/a> (MDP)<\/p>\n\n\n\n<p><a href=\"https:\/\/info.mediapart.fr\/optiext\/optiextension.dll?ID=oSToVXnzM7fn8U7U78CUjA+pp+KCmjAHbNqF5isE1Z25n4E_h02Dp2Hlks0ggPOJfiKYLFgNxr7Jsn8WJMhbuhvUbm4EH\">Proc\u00e8s Sarkozy-Bismuth: et maintenant la bataille proc\u00e9durale<\/a> (MDP)<\/p>\n\n\n\n<p><a href=\"https:\/\/www.monde-diplomatique.fr\/cartes\/pcf100ans\">Parti communiste : grandes \u00e9volutions statistiques<\/a> (Le Monde diplomatique)&nbsp;<\/p>\n\n\n\n<p><a href=\"https:\/\/reporterre.net\/Loi-securite-globale\">Loi de \u00ab&nbsp;s\u00e9curit\u00e9 globale&nbsp;\u00bb&nbsp;: le timide recul du gouvernement<\/a> par Reporterre<\/p>\n\n\n\n<p><a href=\"https:\/\/www.equaltimes.org\/contrairement-aux-idees-recues-la?lang=en\">Contrairement aux id\u00e9es re\u00e7ues, la religiosit\u00e9 est en d\u00e9clin parmi la jeunesse arabe <\/a>(Equal Times)<\/p>\n\n\n\n<p><a href=\"http:\/\/www.regards.fr\/politique\/article\/taubira-2022-le-spectre-d-une-candidature-sans-projet\">Taubira 2022 : le spectre d&rsquo;une candidature sans projet<\/a>&nbsp; (Regards)&nbsp;<\/p>\n\n\n\n<p><a href=\"http:\/\/www.regards.fr\/economie\/mad-marx\/article\/paye-tes-dettes-la-vieille-chanson-du-neo-liberalisme\">\u00ab Paye tes dettes ! \u00bb : la vieille chanson du n\u00e9o-lib\u00e9ralisme<\/a> &#8211; Bernard Marx (Regards)&nbsp;<\/p>\n\n\n\n<p><a href=\"http:\/\/feedproxy.google.com\/~r\/Rue89Strasbourg\/~3\/E2yvswNg6yQ\/loi-securite-globale-marche-flambeaux-mercredi-2-decembre-195095\">Contre la loi de S\u00e9curit\u00e9 globale, une marche aux flambeaux mercredi<\/a> (Rue89 Strasbourg)<\/p>\n\n\n\n<p><a href=\"https:\/\/blogs.mediapart.fr\/jean-marc-b\/blog\/011220\/guerres-et-terrorisme-sortir-du-deni\">Guerres et terrorisme&nbsp;: sortir du d\u00e9ni <\/a>&#8211; Collectif<\/p>\n\n\n\n<p><a href=\"https:\/\/www.facebook.com\/Evanescence13\/videos\/222436312563617\">Darmanin auditionn\u00e9 \u00e0 l\u2019Assembl\u00e9e: mensonges, incomp\u00e9tence et m\u00e9diocrit\u00e9<\/a> -vid\u00e9o<\/p>\n\n\n\n<p><a href=\"https:\/\/alt-rev.com\/2020\/12\/01\/macron-empetre-dans-les-violences-policieres-lineluctable-declin\/\">Macron emp\u00eatr\u00e9 dans les violences polici\u00e8res\u2026 L\u2019in\u00e9luctable d\u00e9clin ?<\/a> (La Sociale)<\/p>\n\n\n\n<p><a href=\"https:\/\/www.facebook.com\/Evanescence13\/videos\/223036812503567\">Le pr\u00e9fet des Pyrenn\u00e9es Orientales accueilli comme il se doit <\/a>-vid\u00e9o<\/p>\n\n\n\n<p><a href=\"https:\/\/lanticapitaliste.org\/agir\/politique\/lois-liberticides-et-violences-policieres-combattons-lautoritarisme-en-marche\">Lois liberticides et violences polici\u00e8res : combattons l\u2019autoritarisme en marche !<\/a> (NPA)<\/p>\n","protected":false},"excerpt":{"rendered":"<p>31 d\u00e9cembre en continu L&rsquo;ann\u00e9e 2020 en tags et en chanson! -vid\u00e9o Contre l\u2019ind\u00e9cente auto-satisfaction de Macron, mobilisation ! (L\u2019Anticapitaliste) V\u0153ux de Macron : \u00abIl invente un r\u00e9cit qui n\u2019a rien \u00e0 voir avec notre r\u00e9alit\u00e9\u00bb(vid\u00e9o RT France) Quand un corbeau nanti d\u2019un sabre falsifie Trotsky (Arguments pour la lutte sociale) Une ex-figure de la &#8230; <a title=\"D\u00e9cembre-Politique\" class=\"read-more\" href=\"https:\/\/www.rdpemancipation.org\/?p=3805\" aria-label=\"En savoir plus sur D\u00e9cembre-Politique\">Lire la suite<\/a><\/p>\n","protected":false},"author":1,"featured_media":0,"comment_status":"closed","ping_status":"closed","sticky":false,"template":"","format":"standard","meta":{"_lmt_disableupdate":"no","_lmt_disable":"no","_jetpack_memberships_contains_paid_content":false,"footnotes":""},"categories":[6],"tags":[],"class_list":["post-3805","post","type-post","status-publish","format-standard","hentry","category-politique"],"modified_by":"jmb","jetpack_featured_media_url":"","jetpack_sharing_enabled":true,"_links":{"self":[{"href":"https:\/\/www.rdpemancipation.org\/index.php?rest_route=\/wp\/v2\/posts\/3805","targetHints":{"allow":["GET"]}}],"collection":[{"href":"https:\/\/www.rdpemancipation.org\/index.php?rest_route=\/wp\/v2\/posts"}],"about":[{"href":"https:\/\/www.rdpemancipation.org\/index.php?rest_route=\/wp\/v2\/types\/post"}],"author":[{"embeddable":true,"href":"https:\/\/www.rdpemancipation.org\/index.php?rest_route=\/wp\/v2\/users\/1"}],"replies":[{"embeddable":true,"href":"https:\/\/www.rdpemancipation.org\/index.php?rest_route=%2Fwp%2Fv2%2Fcomments&post=3805"}],"version-history":[{"count":128,"href":"https:\/\/www.rdpemancipation.org\/index.php?rest_route=\/wp\/v2\/posts\/3805\/revisions"}],"predecessor-version":[{"id":8836,"href":"https:\/\/www.rdpemancipation.org\/index.php?rest_route=\/wp\/v2\/posts\/3805\/revisions\/8836"}],"wp:attachment":[{"href":"https:\/\/www.rdpemancipation.org\/index.php?rest_route=%2Fwp%2Fv2%2Fmedia&parent=3805"}],"wp:term":[{"taxonomy":"category","embeddable":true,"href":"https:\/\/www.rdpemancipation.org\/index.php?rest_route=%2Fwp%2Fv2%2Fcategories&post=3805"},{"taxonomy":"post_tag","embeddable":true,"href":"https:\/\/www.rdpemancipation.org\/index.php?rest_route=%2Fwp%2Fv2%2Ftags&post=3805"}],"curies":[{"name":"wp","href":"https:\/\/api.w.org\/{rel}","templated":true}]}}