{"id":3779,"date":"2020-12-01T09:45:30","date_gmt":"2020-12-01T08:45:30","guid":{"rendered":"https:\/\/www.rdpemancipation.org\/?p=3779"},"modified":"2020-12-31T16:24:02","modified_gmt":"2020-12-31T15:24:02","slug":"decembre-medias","status":"publish","type":"post","link":"https:\/\/www.rdpemancipation.org\/?p=3779","title":{"rendered":"D\u00e9cembre M\u00e9dias"},"content":{"rendered":"\n<p><em><strong><span class=\"has-inline-color has-black-color\">Un poste de veilleur Internet est vacant dans cette rubrique.&nbsp;Contactez le<a rel=\"noreferrer noopener\" href=\"https:\/\/www.rdpemancipation.org\/?page_id=1138\" target=\"_blank\">&nbsp;Collectif<\/a><\/span><\/strong><\/em><\/p>\n\n\n\n<p><strong><span class=\"has-inline-color has-vivid-red-color\">31 d\u00e9cembre<\/span><\/strong><\/p>\n\n\n\n<p><a href=\"https:\/\/www.streetpress.com\/sujet\/1608650192-2020-streetpress-edito-noel-bonnes-nouvelles\">Edito de fin d&rsquo;ann\u00e9e<\/a> (Street press)<\/p>\n\n\n\n<p><a href=\"https:\/\/lagedefaire-lejournal.fr\/quelques-grammes-de-poesie\/\">Quelques grammes de po\u00e9sie<\/a> (L\u2019\u00e2ge de faire)<\/p>\n\n\n\n<p><a href=\"https:\/\/blogs.mediapart.fr\/dominique-natanson\/blog\/291220\/clavreul-cesaire-et-moi-de-l-innocence-des-uns-et-de-la-conscience-des-autres?fbclid=IwAR1FordIYMZtfwyow2zy7M-CEG-yBYqjA0fNkTM_kknRrOHpmV7yEOqbNUs\">Clavreul, C\u00e9saire et moi. De l\u2019Innocence des uns et de la Conscience des autres.<\/a> (blog mediapart)<\/p>\n\n\n\n<p><a href=\"https:\/\/www.acrimed.org\/Hommage-a-Anne-Sylvestre\">Hommage \u00e0 Anne Sylvestre<\/a> (Acrimed)<\/p>\n\n\n\n<figure class=\"wp-block-image is-resized\"><img data-recalc-dims=\"1\" loading=\"lazy\" decoding=\"async\" src=\"https:\/\/i0.wp.com\/www.acrimed.org\/local\/cache-gd2\/6d\/1a6ebbb5234366b321feb7a95f95f8.jpg?resize=255%2C375&#038;ssl=1\" alt=\"Hommage \u00e0 Anne Sylvestre\" width=\"255\" height=\"375\"\/><\/figure>\n\n\n\n<p><strong><span class=\"has-inline-color has-vivid-red-color\">30 d\u00e9cembre<\/span><\/strong><\/p>\n\n\n\n<p><a href=\"https:\/\/info.mediapart.fr\/optiext\/optiextension.dll?ID=lPOlSPATJfzIljkvcN3PCNHhCCILbdyR_bZ2W2hUUU+c8OoBdq6u+3ywlToOM4VlRaysDE+_k44Zi6mlruQGcDtoWgCBr\">Trois questions \u00e0 Nina Gheddar cofondatrice et r\u00e9dactrice en chef de Guiti News<\/a> (MDP)<\/p>\n\n\n\n<p><a href=\"https:\/\/info.mediapart.fr\/optiext\/optiextension.dll?ID=HdcHdKsWrHbsal9W7PuGbkNSkNXDAmBlbsyXNAgUmjVShn+XOz1GGyd8UkWUxXv_9pCrNiIGJzw4XobrgV0zIVjVzF0HN\">Tabass\u00e9 \u00abpour avoir f\u00eat\u00e9 No\u00ebl\u00bb: itin\u00e9raire d\u2019une \u00abfake news\u00bb &nbsp;<\/a>(MDP)<\/p>\n\n\n\n<p><a href=\"https:\/\/info.mediapart.fr\/optiext\/optiextension.dll?ID=lPOlPql7CYSEFkSv_lAqOf0V_1_xZqF+3R52U14Kcu8hPQQ7cfwC6VC7tpb9BxOfb8FU2ShcMBuUadhbn2L+X9BXaXEl6\">A Monaco, la presse est b\u00e2illonn\u00e9e<\/a> (MDP)<\/p>\n\n\n\n<p><a href=\"https:\/\/www.lemonde.fr\/pixels\/article\/2020\/12\/23\/samuel-etienne-nouvel-ambassadeur-de-la-presse-sur-twitch-on-peut-creer-un-pont-generationnel_6064353_4408996.html\">Samuel Etienne, nouvel ambassadeur de la presse sur Twitch : \u00ab On peut cr\u00e9er un pont g\u00e9n\u00e9rationnel \u00bb<\/a> (Le monde)<\/p>\n\n\n\n<p><a href=\"https:\/\/www.liberation.fr\/france\/2020\/11\/18\/pour-la-premiere-fois-de-son-histoire-le-canard-enchaine-voit-rouge_1805942\">Pour la premi\u00e8re fois de son histoire, \u00able Canard encha\u00een\u00e9\u00bb passe dans le rouge<\/a> (Lib\u00e9ration, redif)<\/p>\n\n\n\n<figure class=\"wp-block-image is-resized\"><img data-recalc-dims=\"1\" loading=\"lazy\" decoding=\"async\" src=\"https:\/\/i0.wp.com\/medias.liberation.fr\/photo\/1348236-medias-presse-canard-enchaine.jpg?resize=409%2C273&#038;ssl=1\" alt=\"\u00abLe Canard encha\u00een\u00e9\u00bb a accus\u00e9 une baisse de la vente au num\u00e9ro de 23,5% au premier semestre 2020.\" width=\"409\" height=\"273\"\/><figcaption><sub>\u00abLe Canard encha\u00een\u00e9\u00bb a accus\u00e9 une baisse de la vente au num\u00e9ro de<\/sub><br><sub>23,5% au premier semestre 2020.&nbsp;Photo Vincent Nguyen pour Lib\u00e9ration<\/sub><\/figcaption><\/figure>\n\n\n\n<p><strong><span class=\"has-inline-color has-vivid-red-color\">29 d\u00e9cembre<\/span><\/strong> <\/p>\n\n\n\n<p><a href=\"https:\/\/www.bastamag.net\/Basta-Ines-Leraud-proces-en-diffamation-cheritel-industrie-agroalimentaire-algues-vertes-Bretagne\">L\u2019industrie agroalimentaire n\u2019aime (toujours) pas les journalistes qui font leur travail&nbsp;<\/a> (Basta)<\/p>\n\n\n\n<p><a href=\"http:\/\/cqfd-journal.org\/Appel-a-l-action-directe-un-media\">Appel \u00e0 \u00ab l&rsquo;action directe \u00bb : un m\u00e9dia ind\u00e9pendant face \u00e0 la justice<\/a> par Pierre Plate (CQFD)&nbsp;<\/p>\n\n\n\n<p><a href=\"https:\/\/www.franceinter.fr\/emissions\/secrets-d-info\/secrets-d-info-26-decembre-2020\">Les menaces sur le journalisme<\/a>&nbsp;-Elise Lucet, Fabrice Arfi, Luc Bronner et Jacques Trentesaux (France Inter)&nbsp;<\/p>\n\n\n\n<p><a href=\"https:\/\/www.anti-k.org\/2020\/12\/29\/journalisme-de-facade-de-cour-de-trottoir-julia-cage-par-thinkerview\/\">\u00bb Journalisme de fa\u00e7ade, de cour, de trottoir ? <\/a>-Julia Cag\u00e9 (Thinkerview)<\/p>\n\n\n\n<figure class=\"wp-block-image size-large is-resized is-style-default\"><img loading=\"lazy\" decoding=\"async\" src=\"https:\/\/scontent.fcdg1-1.fna.fbcdn.net\/v\/t1.0-9\/134009530_4189859344409170_8906493257422459517_n.jpg?_nc_cat=102&amp;ccb=2&amp;_nc_sid=dbeb18&amp;_nc_ohc=xb8zLJ1itVIAX-SSsNp&amp;_nc_ht=scontent.fcdg1-1.fna&amp;oh=6415fd29922c9d9a97165512acd530e2&amp;oe=60118DFA\" alt=\"\" width=\"381\" height=\"381\"\/><\/figure>\n\n\n\n<p><strong><span class=\"has-inline-color has-vivid-red-color\">28 d\u00e9cembre<\/span><\/strong><\/p>\n\n\n\n<p><a href=\"https:\/\/extinctionrebellion.fr\/lettres-infos\/2020\/12\/24\/newsletter-19-xr-france.html\">Info lettre XR France- D\u00e9cembre 2020<\/a> (Extension Rebellion)<\/p>\n\n\n\n<p><a href=\"https:\/\/giletsjaunesbrestois.home.blog\/2020\/12\/25\/ahou-numerique-n8-25-12-2020\/\">Ahou num\u00e9rique, d\u00e9cembre 2020<\/a> (GJ Brestois)<\/p>\n\n\n\n<figure class=\"wp-block-image\"><img data-recalc-dims=\"1\" decoding=\"async\" src=\"https:\/\/giletsjaunesbrestoishome.files.wordpress.com\/2020\/12\/logo-ahou-numerique-8.3.png?w=1200&#038;h=391&#038;crop=1&#038;resize=217%2C391\" alt=\"\"\/><\/figure>\n\n\n\n<p><strong><span class=\"has-inline-color has-vivid-red-color\">27 d\u00e9cembre<\/span><\/strong><\/p>\n\n\n\n<p><a href=\"https:\/\/aoc.media\/opinion\/2020\/12\/27\/le-new-yorker-et-moi-2\/\">Le New Yorker et moi<\/a> (AOC, redif)<\/p>\n\n\n\n<p><a href=\"https:\/\/www.lemonde.fr\/livres\/article\/2020\/12\/26\/cinq-mains-coupees-de-sophie-divry-paroles-de-gilets-jaunes-mutiles_6064543_3260.html\">\u00ab Cinq mains coup\u00e9es \u00bb, de Sophie Divry : paroles de \u00ab gilets jaunes \u00bb mutil\u00e9s<\/a> (Le monde)<\/p>\n\n\n\n<p><a href=\"https:\/\/www.bastamag.net\/Basta-Ines-Leraud-proces-en-diffamation-cheritel-industrie-agroalimentaire-algues-vertes-Bretagne?var_mode=calcul&amp;fbclid=IwAR36XSnVSFFtd5hL6yZbw_9nqHyb_bjekiONeTzbZjxw7KB9YRLZsgQXSN4\">L\u2019industrie agroalimentaire n\u2019aime (toujours) pas les journalistes qui font leur travail<\/a> (Bastamag)<\/p>\n\n\n\n<p><a href=\"https:\/\/www.monde-diplomatique.fr\/2018\/12\/HALIMI\/59366\">Pour Julian Assange<\/a> (Monde diplomatique)<\/p>\n\n\n\n<figure class=\"wp-block-image is-resized\"><img loading=\"lazy\" decoding=\"async\" src=\"https:\/\/scontent.fcdg2-1.fna.fbcdn.net\/v\/t1.0-9\/133021047_10157378342881688_3963077799000041174_o.jpg?_nc_cat=1&amp;ccb=2&amp;_nc_sid=a26aad&amp;_nc_ohc=_1mWjw5FvQkAX8BYfyQ&amp;_nc_ht=scontent.fcdg2-1.fna&amp;oh=8fb99e5ee8048811c4ba6138dedb27fa&amp;oe=600C9DA5\" alt=\"L\u2019image contient peut-\u00eatre\u00a0: 1 personne, texte qui dit \u2019L'ACHARNEMENT DES AUTORIT\u00c9S AM\u00c9RICAINES CONTRE JULIAN ASSANGE EST ENCOURAG\u00c9 PAR LA L\u00c2CHET\u00c9 DES JOURNALISTES QUI L'ABANDONNENT \u00c0 SON SORT, VOIRE SE D\u00c9LECTENT DE SON INFORTUNE MONDEdiplomatique digital\u2019\" width=\"350\" height=\"350\"\/><\/figure>\n\n\n\n<figure class=\"wp-block-image\"><img decoding=\"async\" src=\"https:\/\/scontent.fcdg2-1.fna.fbcdn.net\/v\/t1.0-0\/p526x296\/133238115_10157380618726688_6726351376470197595_n.jpg?_nc_cat=1&amp;ccb=2&amp;_nc_sid=730e14&amp;_nc_ohc=zD8q2XJ6Yf8AX-jUwDb&amp;_nc_ht=scontent.fcdg2-1.fna&amp;tp=6&amp;oh=007e55beadc7ed46a1ba0e73be5b3610&amp;oe=600FE444\" alt=\"L\u2019image contient peut-\u00eatre\u00a0: texte qui dit \u2019Rosa Moussaoui @Rosamoussaoui Les ravages de l'atlantisme forcen\u00e9 C'est \u00e9galement WikiLeaks qui r\u00e9v\u00e9la que deux dirigeants socialistes fran\u00e7ais, MM. Fran\u00e7ois Hollande et Pierre Moscovici, s'\u00e9taient rendus, le 8 juin 2006, \u00e0 l'ambassade des \u00c9tats-Unis \u00e0 Paris pour y regretter la vigueur de l'opposition du pr\u00e9sident Jacques Chirac \u00e0 l'invasion de l'Irak. 11:40 26\/12\/2020 Twitter for iPhone\u2019\"\/><\/figure>\n\n\n\n<p><strong><span class=\"has-inline-color has-vivid-red-color\">26 d\u00e9cembre<\/span><\/strong><\/p>\n\n\n\n<p><a href=\"http:\/\/cqfd-journal.org\/Appel-a-l-action-directe-un-media\">Appel \u00e0 \u00ab l&rsquo;action directe \u00bb : un m\u00e9dia ind\u00e9pendant face \u00e0 la justice<\/a> par Pierre Plate (CQFD)&nbsp;<\/p>\n\n\n\n<p><a href=\"https:\/\/www.acrimed.org\/Mobilisons-nous-les-3-16-et-30-janvier-contre-la\">Mobilisons-nous les 3, 16 et 30 janvier contre la loi S\u00e9curit\u00e9 globale et les autres textes liberticides<\/a> (Acrimed)<\/p>\n\n\n\n<figure class=\"wp-block-image is-resized\"><img data-recalc-dims=\"1\" loading=\"lazy\" decoding=\"async\" src=\"https:\/\/i0.wp.com\/www.acrimed.org\/local\/cache-gd2\/2d\/3558f4e0d223134450784f4dcc2645.jpg?resize=276%2C406&#038;ssl=1\" alt=\"Mobilisons-nous les 3, 16 et 30 janvier contre la loi S\u00e9curit\u00e9 globale et les autres textes liberticides\" width=\"276\" height=\"406\"\/><\/figure>\n\n\n\n<p><strong><span class=\"has-inline-color has-vivid-red-color\">25 d\u00e9cembre <\/span><\/strong><\/p>\n\n\n\n<p><a href=\"https:\/\/radiofanch.blogspot.com\/2020\/12\/fip-de-quoi-flipper.html\">Fip : de quoi flipper\u2026 <\/a>(Radio Fanch)<\/p>\n\n\n\n<p><a href=\"https:\/\/la-bas.org\/6284\">On a regard\u00e9 tout Miss France (et c&rsquo;\u00e9tait long)<\/a> (L\u00e0-bas si j\u2019y suis)<\/p>\n\n\n\n<p><a href=\"https:\/\/www.acrimed.org\/Gramsci-critique-des-medias\">Gramsci, critique des m\u00e9dias ?<\/a> (Acrimed)<\/p>\n\n\n\n<p><strong><span class=\"has-inline-color has-vivid-red-color\">24 d\u00e9cembre<\/span><\/strong><\/p>\n\n\n\n<p><a href=\"https:\/\/www.facebook.com\/Amis.Monde.diplomatique\/posts\/4868271546576094\">La double peine pour les pr\u00e9caires<\/a> (MNCP, Grossiers de l\u2018\u00e9cran 2020)<\/p>\n\n\n\n<p><span class=\"has-inline-color has-vivid-red-color\"><strong>23 d\u00e9cembre<\/strong><\/span><\/p>\n\n\n\n<p><a href=\"https:\/\/www.bondyblog.fr\/studio\/les-15-ans-du-bb\/les-journalistes-on-avait-le-sentiment-quils-etaient-contre-nous\/\">\u00ab Les journalistes, on avait le sentiment qu\u2019ils \u00e9taient contre nous \u00bb<\/a> (Le Bondy Blog)<\/p>\n\n\n\n<p><a href=\"https:\/\/www.boursorama.com\/actualite-economique\/actualites\/retrait-de-mediapro-dans-le-rouge-le-football-francais-retient-son-souffle-5e2001a57c43ac4f12458e841eac0bb6\">Retrait de Mediapro : dans le rouge, le football fran\u00e7ais retient son souffle<\/a> (BOURSORAMA)<\/p>\n\n\n\n<p><a href=\"https:\/\/www.lemonde.fr\/economie\/article\/2020\/12\/22\/le-washington-post-annonce-augmenter-sa-redaction-a-un-niveau-historique_6064164_3234.html?xtor\">Le \u00ab&nbsp;Washington Post&nbsp;\u00bb annonce augmenter sa r\u00e9daction \u00e0 un niveau historique<\/a>. (Le Monde)<\/p>\n\n\n\n<p><a href=\"https:\/\/www.acrimed.org\/La-liberte-d-informer-selon-LREM-chronique-d-un-6271\">La libert\u00e9 d\u2019informer selon LREM : chronique d\u2019un pouvoir autoritaire (janvier-d\u00e9cembre 2020)<\/a> (Acrimed)<\/p>\n\n\n\n<figure class=\"wp-block-image is-resized is-style-default\"><img loading=\"lazy\" decoding=\"async\" src=\"https:\/\/scontent-mrs2-2.xx.fbcdn.net\/v\/t1.0-9\/131935109_3511974592171995_6572503012020361503_o.jpg?_nc_cat=106&amp;ccb=2&amp;_nc_sid=730e14&amp;_nc_ohc=9UBeAn9aFJkAX80QFFQ&amp;_nc_ht=scontent-mrs2-2.xx&amp;oh=e29898c743231b70db9816caf9ea0f56&amp;oe=6007F1D0\" alt=\"L\u2019image contient peut-\u00eatre\u00a0: dessin\" width=\"382\" height=\"532\"\/><\/figure>\n\n\n\n<p><strong><span class=\"has-inline-color has-vivid-red-color\">21 d\u00e9cembre<\/span><\/strong><\/p>\n\n\n\n<p><a href=\"https:\/\/www.monde-diplomatique.fr\/podcast\/2020-12-2020-une-partie-de-campagne\">2020, une partie de campagne<\/a> (Monde diplomatique podcast d\u00e9c 2020)<\/p>\n\n\n\n<p><a href=\"https:\/\/www.acrimed.org\/Appel-a-dons-20-000-euros-pour-preparer-2021\">Appel \u00e0 dons : 20 000 euros pour pr\u00e9parer 2021 !<\/a> (Acrimed)<\/p>\n\n\n\n<p><a href=\"https:\/\/www.ritimo.org\/L-agenda-de-la-solidarite-internationale-2021-pour-une-annee-solidaire\">L&rsquo;agenda de la solidarit\u00e9 internationale 2021 pour une ann\u00e9e solidaire<\/a> (Ritimo)<\/p>\n\n\n\n<figure class=\"wp-block-image\"><img data-recalc-dims=\"1\" decoding=\"async\" src=\"https:\/\/i0.wp.com\/www.ritimo.org\/local\/cache-vignettes\/L300xH380\/couvagenda2021bd1-2-969a1.jpg?w=1200&#038;ssl=1\" alt=\"\"\/><\/figure>\n\n\n\n<p><strong><span class=\"has-inline-color has-vivid-red-color\">20 d\u00e9cembre<\/span><\/strong><\/p>\n\n\n\n<p><a href=\"https:\/\/alt-rev.com\/2020\/12\/20\/censure-numerique-joe-biden-liberte-de-la-presse-entretien-avec-edward-snowden\/\">Censure num\u00e9rique, Joe Biden, Libert\u00e9 de la presse : Entretien avec Edward Snowden<\/a> (Les crises)<\/p>\n\n\n\n<p><a href=\"https:\/\/www.humanite.fr\/sonia-devillers-sur-deux-siecles-aura-eu-toutes-les-formes-dentraves-la-liberte-de-la-presse-697698#xtor=RSS-1\">Sonia Devillers : \u00ab Sur deux si\u00e8cles, on aura eu toutes les formes d\u2019entraves \u00e0 la libert\u00e9 de la presse \u00bb<\/a> (L\u2019Humanit\u00e9)<\/p>\n\n\n\n<p>Saint-Denis: <a href=\"https:\/\/info.mediapart.fr\/optiext\/optiextension.dll?ID=E89E6suj2aJzFLG50f1jC27zrxODnsgffywuv2d4BNJakSTUxjIyNTpR_eLcIC2QE5jREaV_j4o+d1_3VwijEKD5SGt_T\">Assassinat programm\u00e9 d\u2019un journal: une ville qui se tient sage<\/a> &#8211; Alain Bertho<\/p>\n\n\n\n<p><a href=\"https:\/\/www.monde-diplomatique.fr\/ecouter\/2005-08-Karl_Kraus_contre_l_empire_de_la_betise.mp\">Karl Kraus contre l&#8217;empire de la b\u00eatise<\/a> (Monde diplomatique, podcast)<\/p>\n\n\n\n<figure class=\"wp-block-image\"><img decoding=\"async\" src=\"https:\/\/external-cdt1-1.xx.fbcdn.net\/safe_image.php?d=AQG_q3txaxoZBzih&amp;w=500&amp;h=261&amp;url=https%3A%2F%2Fwww.monde-diplomatique.fr%2FIMG%2Fjpg%2Fkraus.jpg&amp;cfs=1&amp;sx=0&amp;sy=1&amp;sw=600&amp;sh=313&amp;ext=jpg&amp;_nc_cb=1&amp;_nc_hash=AQFL2gB_JCTMthjY\" alt=\"\u00c9couter \u00abKarl Kraus, contre l\u2019empire de la b\u00eatise\u00bb\"\/><\/figure>\n\n\n\n<p><strong><span class=\"has-inline-color has-vivid-red-color\">19 d\u00e9cembre <\/span><\/strong><\/p>\n\n\n\n<p><a href=\"https:\/\/www.acrimed.org\/Dans-la-rue-marche-des-Sans-Papiers-A-la-tele-l\">Dans la rue : marche des Sans-Papiers. \u00c0 la t\u00e9l\u00e9 : l\u2019extr\u00eame droite (et LR)<\/a> (Acrimed)<\/p>\n\n\n\n<figure class=\"wp-block-image\"><img data-recalc-dims=\"1\" decoding=\"async\" src=\"https:\/\/i0.wp.com\/www.acrimed.org\/IMG\/jpg\/montagetv_18_12.jpg?w=1200&#038;ssl=1\" alt=\"\"\/><\/figure>\n\n\n\n<p><span class=\"has-inline-color has-vivid-red-color\"><strong>18 d\u00e9cembre<\/strong><\/span><\/p>\n\n\n\n<p><a href=\"https:\/\/info.mediapart.fr\/optiext\/optiextension.dll?ID=nVUnP3+jcuBs_DMkCSGXEJkQDW6gcVhCjZw4cIJea63dfFoDeQIevnq6HcoEzsjxnG+n4j9W4oMhhOuzW20mRfnzcxoLr\">Mediapart, ses nouveaux statuts et son nouveau conseil d\u2019administration<\/a> -Edwy Plenel<\/p>\n\n\n\n<p><a href=\"http:\/\/www.regards.fr\/idees-culture\/article\/pif-se-prend-une-droite\">Pif se prend une droite<\/a> (Regards)&nbsp;<\/p>\n\n\n\n<p><a href=\"https:\/\/lesjours.fr\/obsessions\/l-empire\/ep146-stephane-guy\/?fbclid=IwAR2ADXHVGbOv7TZY35WChEtTC23ALK26R_EFf4y9-ezdV5Pm1sB3UKgaEk4\">Apr\u00e8s la mise \u00e0 pied de St\u00e9phane Guy, la mise au pas des journalistes<\/a> (Les jours)<\/p>\n\n\n\n<p><a href=\"https:\/\/www.acrimed.org\/Apres-Conflans-toujours-moins-de-pluralisme-sur\">Apr\u00e8s Conflans, toujours moins de pluralisme sur BFM-TV<\/a> (Acrimed)<\/p>\n\n\n\n<figure class=\"wp-block-image is-resized\"><img data-recalc-dims=\"1\" loading=\"lazy\" decoding=\"async\" src=\"https:\/\/i0.wp.com\/www.acrimed.org\/IMG\/png\/pluralisme.png?resize=512%2C323&#038;ssl=1\" alt=\"\" width=\"512\" height=\"323\"\/><figcaption><sub>Une nouvelle fois, les comptes sont nets&nbsp;:&nbsp;plus des trois quarts des repr\u00e9sentants politiques sur<\/sub><br><sub> BFM-TV pendant cinq jours sont des voix de la majorit\u00e9 (et de ses alli\u00e9s de centre-droit), <\/sub><br><sub>de la droite et de l\u2019extr\u00eame droite.<\/sub><\/figcaption><\/figure>\n\n\n\n<p><strong><span class=\"has-inline-color has-vivid-red-color\">17 d\u00e9cembre<\/span><\/strong><\/p>\n\n\n\n<p><a href=\"https:\/\/www.monde-diplomatique.fr\/2019\/07\/BELLON\/60067\">10 + 1 questions sur l\u2019Union europ\u00e9enne<\/a> Coralie Delaume, David Cayla<\/p>\n\n\n\n<p><a href=\"https:\/\/www.rtl.be\/info\/monde\/international\/quand-la-desinformation-sur-internet-est-financee-par-des-groupes-d-extremes-droites-etrangers-1262832.aspx?fbclid=IwAR2LjEWB365IW_OcxsgNogQikzTd0lWkeYZm8YjTQM0zSnl4k1Sp8jCjvK0\">Site France Libre 24 (FL24), fake news pour assurer la propagande d&rsquo;un groupe d&rsquo;extr\u00eame droite polonais<\/a> (rtl info)<\/p>\n\n\n\n<p><a href=\"https:\/\/www.arretsurimages.net\/articles\/quotas-31-fois-yannick-jadot-sur-lci?fbclid=IwAR1er5yxuBFtM_S4IuXSqbwpPyoRc-nlMXnUyl__j1r5At49GYN8A2-4OsU\">LCI remplit ses quotas de gauche la nuit <\/a>(Arr\u00eat sur images)<\/p>\n\n\n\n<p><strong><span class=\"has-inline-color has-vivid-red-color\">16 d\u00e9cembre<\/span><\/strong><\/p>\n\n\n\n<p><a href=\"https:\/\/www.humanite.fr\/prisma-presse-bientot-entre-les-mains-de-bollore-coup-de-massue-pour-1200-salaries-697606#xtor=RSS-1\">Prisma Presse bient\u00f4t entre les mains de Bollor\u00e9 : coup de massue pour 1200 salari\u00e9s<\/a> (L\u2019Humanit\u00e9)<\/p>\n\n\n\n<p><a href=\"https:\/\/www.arretsurimages.net\/articles\/fronde-a-europe-1-contre-le-retour-dun-harceleur\">Fronde \u00e0 Europe 1 contre le retour d&rsquo;un harceleur<\/a> (Arr\u00eat sur images)<\/p>\n\n\n\n<p><a href=\"https:\/\/www.mediapart.fr\/journal\/france\/161220\/europe-1-un-syndicaliste-condamne-pour-harcelement-revient-et-cree-le-malaise\">A Europe 1, un syndicaliste condamn\u00e9 pour harc\u00e8lement revient et cr\u00e9e le malaise<\/a> (M\u00e9diapart)<\/p>\n\n\n\n<p><a href=\"https:\/\/www.acrimed.org\/Hubert-Coudurier-Le-Telegramme-a-propos-d-Ines\">Hubert Coudurier (Le T\u00e9l\u00e9gramme) \u00e0 propos d\u2019In\u00e8s L\u00e9raud : entre complot et d\u00e9sinformation<\/a> (Acrimed)<\/p>\n\n\n\n<p><a href=\"https:\/\/alt-rev.com\/2020\/12\/16\/lorraine-coeur-dacier-un-telefilm-de-france-3-evoque-la-radio-pirate-lancee-par-la-cgt-a-longwy-en-1979\/\">\u201cLorraine coeur d\u2019acier\u201d: t\u00e9l\u00e9film France 3 sur la radio pirate lanc\u00e9e par la CGT \u00e0 Longwy en 1979<\/a> (ARC)<\/p>\n\n\n\n<figure class=\"wp-block-image size-large\"><img data-recalc-dims=\"1\" loading=\"lazy\" decoding=\"async\" width=\"638\" height=\"345\" src=\"https:\/\/i0.wp.com\/www.rdpemancipation.org\/wp-content\/uploads\/2020\/12\/image-16.png?resize=638%2C345&#038;ssl=1\" alt=\"\" class=\"wp-image-6456\" srcset=\"https:\/\/i0.wp.com\/www.rdpemancipation.org\/wp-content\/uploads\/2020\/12\/image-16.png?w=638&amp;ssl=1 638w, https:\/\/i0.wp.com\/www.rdpemancipation.org\/wp-content\/uploads\/2020\/12\/image-16.png?resize=300%2C162&amp;ssl=1 300w\" sizes=\"auto, (max-width: 638px) 100vw, 638px\" \/><\/figure>\n\n\n\n<p><span class=\"has-inline-color has-vivid-red-color\"><strong>15 d\u00e9cembre<\/strong><\/span><\/p>\n\n\n\n<figure class=\"wp-block-image is-resized is-style-default\"><img data-recalc-dims=\"1\" loading=\"lazy\" decoding=\"async\" src=\"https:\/\/i0.wp.com\/www.cartooningforpeace.org\/wp-content\/uploads\/2015\/09\/LIBERTE-EXPRESSION-044.jpg?resize=438%2C377&#038;ssl=1\" alt=\"C\u00f4t\u00e9 (Canada)\" width=\"438\" height=\"377\"\/><\/figure>\n\n\n\n<p><strong><span class=\"has-inline-color has-vivid-red-color\">14 d\u00e9cembre<\/span><\/strong> <\/p>\n\n\n\n<p><a href=\"https:\/\/www.boursorama.com\/actualite-economique\/actualites\/television-la-publicite-ciblee-arrive-sur-tf1-grace-a-orange-571013432a3848443c409bbf6c75b847\">T\u00e9l\u00e9vision : la publicit\u00e9 cibl\u00e9e arrive sur TF1 gr\u00e2ce \u00e0 Orange<\/a> (Boursorama)<\/p>\n\n\n\n<p><a href=\"https:\/\/www.acrimed.org\/Franceinfo-l-info-autrement\">FranceInfo, l\u2019info autrement ?<\/a> (<span class=\"has-inline-color has-black-color\">A<\/span>crimed)<\/p>\n\n\n\n<p><a href=\"https:\/\/www.francetvinfo.fr\/sante\/maladie\/coronavirus\/temoignages-j-ai-ma-partie-complotiste-et-ma-partie-factuelle-ils-racontent-comment-la-pandemie-de-covid-19-a-fait-vaciller-leurs-convictions_4203801.html#xtor=EPR-2-%5Bnewsletterquotidienne%5D-20201213-%5Blestitres-colgauche\/titre2%5D\">ils racontent comment la pand\u00e9mie de Covid-19 a fait vaciller leurs convictions<\/a> (Franceinfo)<\/p>\n\n\n\n<p><a href=\"https:\/\/www.francetvinfo.fr\/sante\/maladie\/coronavirus\/confinement\/confinement-rire-malgre-la-pandemie_4217331.html#xtor=EPR-744-%5Bnewsletterjt%5D-20201212-%5Bsujet4%5D\">Confinement : rire malgr\u00e9 la pand\u00e9mie<\/a> (Franceinfo)<\/p>\n\n\n\n<p><a href=\"https:\/\/www.boursorama.com\/actualite-economique\/actualites\/vivendi-rachete-femme-actuelle-voici-et-tele-loisirs-21835df06f954c4ad40f86e926a3fdf2\">Vivendi rach\u00e8te \u00ab&nbsp;Femme actuelle&nbsp;\u00bb, \u00ab&nbsp;Voici&nbsp;\u00bb et \u00ab&nbsp;T\u00e9l\u00e9 loisirs&nbsp;\u00bb<\/a>&nbsp; (Le Point)<\/p>\n\n\n\n<p><a href=\"https:\/\/www.boursorama.com\/actualite-economique\/actualites\/rsf-pres-de-400-journalistes-detenus-en-2020-6bc83a293f191d8ff23ea8f37953c6e0\">RSF: pr\u00e8s de 400 journalistes d\u00e9tenus en 2020<\/a> (AFP)<\/p>\n\n\n\n<p><a href=\"https:\/\/www.facebook.com\/quartiergeneralmedia\/posts\/737855810466331\">Garde \u00e0 vue d&rsquo;Adrien AdcaZz, reporter pour QG, prolong\u00e9e \u00e0 48 heures !&nbsp; <\/a>&nbsp;(FB Quartier general)<\/p>\n\n\n\n<p><span class=\"has-inline-color has-vivid-red-color\"><strong>13 d\u00e9cembre<\/strong><\/span><\/p>\n\n\n\n<p><a href=\"https:\/\/lafranceinsoumise.fr\/2020\/12\/11\/saisi-du-csa-a-propos-du-reportage-de-complement-denquete-consacree-a-la-france-insoumise\/\">Saisine du CSA \u00e0 propos du reportage de \u201cCompl\u00e9ment d\u2019enqu\u00eate\u201d consacr\u00e9 \u00e0 La France insoumise<\/a> (LFI)<\/p>\n\n\n\n<p><a href=\"https:\/\/www.arretsurimages.net\/articles\/canal-et-cnews-on-ne-peut-vraiment-plus-rien-dire\">Canal+ et CNews : On ne peut -vraiment- plus rien dire<\/a> ( Arr\u00eat sur images)<\/p>\n\n\n\n<p><a href=\"https:\/\/www.acrimed.org\/BFM-TV-maquille-des-violences-policieres-et-s\">BFM-TV maquille des violences polici\u00e8res&#8230; et s&rsquo;excuse<\/a> (Acrimed)<\/p>\n\n\n\n<p><a href=\"https:\/\/info.mediapart.fr\/optiext\/optiextension.dll?ID=lPOlOwihFU5Y0XkmJYl8puPNylyf8paqEtgbL8qEzZf78uEBdZe2yQlTQF4ndOH6lp6mG3wRHOH77PwqhJgoIQC4znUBo\">Pour soutenir la presse libre, faites un don au FPL<\/a>&#8211; Edwy Plenel<\/p>\n\n\n\n<figure class=\"wp-block-image is-resized is-style-default\"><img data-recalc-dims=\"1\" loading=\"lazy\" decoding=\"async\" src=\"https:\/\/cvitrolles.files.wordpress.com\/2020\/12\/screenshot_20201212-203437_rtnews4348623015711290653..jpg?resize=416%2C640\" alt=\"Du \u00abmaquillage\u00bb pour ce manifestant en sang ? #BFMTV r\u00e9trop\u00e9dale apr\u00e8s une  \u00ab#information erron\u00e9e !!?? \u00bb#s\u00e9curit\u00e9globale \u2013 J'aime les infos et j'aime  aussi les hommes:la belle affaire\" width=\"416\" height=\"640\"\/><\/figure>\n\n\n\n<p><span class=\"has-inline-color has-vivid-red-color\"><strong>12 d\u00e9cembre <\/strong><\/span><\/p>\n\n\n\n<p><a href=\"https:\/\/www.revolutionpermanente.fr\/Musicien-blesse-par-la-police-Pour-BFM-TV-le-sang-c-est-du-maquillage\">Musicien bless\u00e9 par la police&nbsp;: Pour BFM-TV, le sang, \u00ab&nbsp;c\u2019est du maquillage&nbsp;\u00bb<\/a> (RP)<\/p>\n\n\n\n<p><a href=\"https:\/\/www.bastamag.net\/Emission-Les-grosses-tetes-sur-RTL-Des-propos-sexistes-toutes-les-11-minutes\">\u00ab Des propos sexistes toutes les 11 minutes \u00bb \u00e0 l&rsquo;\u00e9mission phare de RTL<\/a> (Basta&nbsp;!)<\/p>\n\n\n\n<p><a href=\"https:\/\/lanticapitaliste.org\/videos\/lanticapitaliste-lemission-ndeg-16-interview-de-martin-noda-du-collectif-reporters-en-colere\">Interview de Martin Noda, du collectif Reporters en col\u00e8re<\/a> -vid\u00e9o L\u2019Anticapitaliste<\/p>\n\n\n\n<p><a href=\"https:\/\/www.acrimed.org\/Manifestation-du-5-decembre-l-AFP-au-diapason-de?fbclid=IwAR1rYFKl2E21ynGKznpCErgzLFpt2ipzN74zGp1IpH0FkU9LW3L73Zj2zQI\">Manifestations du 5 d\u00e9cembre, l&rsquo;AFP au diapason de la pr\u00e9fecture<\/a> (Acrimed)<\/p>\n\n\n\n<p><a href=\"https:\/\/www.youtube.com\/watch?v=0txop8vnaIU\">Journalisme de fa\u00e7ade, de cour, de trottoir ? <\/a>&nbsp;Julia Cag\u00e9 ( Thinkerview, 2h00)<\/p>\n\n\n\n<p><a href=\"https:\/\/lanticapitaliste.org\/videos\/lanticapitaliste-lemission-ndeg-16-interview-de-martin-noda-du-collectif-reporters-en-colere\">Interview de Martin Noda, du collectif Reporters en col\u00e8re<\/a> -vid\u00e9o L\u2019Anticapitaliste<\/p>\n\n\n\n<p><a href=\"https:\/\/www.bastamag.net\/Emission-Les-grosses-tetes-sur-RTL-Des-propos-sexistes-toutes-les-11-minutes\">\u00ab Des propos sexistes toutes les 11 minutes \u00bb \u00e0 l&rsquo;\u00e9mission phare de RTL<\/a> (Basta&nbsp;!)<\/p>\n\n\n\n<figure class=\"wp-block-image is-resized is-style-default\"><img loading=\"lazy\" decoding=\"async\" src=\"https:\/\/scontent.fsti4-1.fna.fbcdn.net\/v\/t1.0-9\/131324287_1106530629769404_6910969740987333663_n.png?_nc_cat=103&amp;ccb=2&amp;_nc_sid=730e14&amp;_nc_ohc=owZPyp0IFTcAX9hErng&amp;_nc_ht=scontent.fsti4-1.fna&amp;oh=c0f019ff733912612719688c7beafa25&amp;oe=5FF9C762\" alt=\"L\u2019image contient peut-\u00eatre\u00a0: 7 personnes\" width=\"479\" height=\"355\"\/><\/figure>\n\n\n\n<p><strong><span class=\"has-inline-color has-vivid-red-color\">11 d\u00e9cembre<\/span><\/strong><\/p>\n\n\n\n<p><a href=\"https:\/\/www.acrimed.org\/La-marque-Radio-Classique-au-service-de-son?fbclid=IwAR3gY0VvEst9rtz44Nfhd-bnxTQS-1ieLlbxVyGyJyMce4-1gc6C_fQRaLA\">La \u00ab marque \u00bb Radio Classique au service de son ma\u00eetre LVMH<\/a> (Acrimed)<\/p>\n\n\n\n<p><a href=\"https:\/\/actionpopulaire.fr\/connexion\/?next=\/\">Action Populaire le r\u00e9seau social de la FI<\/a> (site LFI)<\/p>\n\n\n\n<figure class=\"wp-block-image is-resized is-style-default\"><img loading=\"lazy\" decoding=\"async\" src=\"https:\/\/scontent.fsti4-2.fna.fbcdn.net\/v\/t1.0-9\/131225958_1106548676434266_5756970603472245771_n.png?_nc_cat=102&amp;ccb=2&amp;_nc_sid=730e14&amp;_nc_ohc=64RGFqwHg8AAX_ZeXDX&amp;_nc_ht=scontent.fsti4-2.fna&amp;oh=24e9a326b8d8583bccb308cdaa2be783&amp;oe=5FFB91CA\" alt=\"L\u2019image contient peut-\u00eatre\u00a0: 1 personne, texte qui dit \u2019Bastien Lachaud @LachaudB #Bollor\u00e9 pr\u00e9f\u00e8re l'extr\u00eame-droite: Praud qui invite Marion Mar\u00e9chal Le Pen? OK. Le raciste n\u00e9gationniste Zemmour OK. Mais Thoen qui plaisante et Stephane Guy qui le soutient? A la porte! Voil\u00e0 pourquoi les milliardaires ach\u00e8tent la presse! 17:55 10 d\u00e9c. 20. Twitter Web App\u2019\" width=\"438\" height=\"418\"\/><\/figure>\n\n\n\n<p><strong><span class=\"has-inline-color has-vivid-red-color\">10 d\u00e9cembre<\/span><\/strong><\/p>\n\n\n\n<p><a href=\"https:\/\/www.acrimed.org\/Actualite-des-medias-copinages-a-France-Inter\">Actualit\u00e9 m\u00e9dias : copinages \u00e0 France Inter, victoire contre le droit des affaires, le Diplo se porte bien&#8230;<\/a>(Acrimed)<\/p>\n\n\n\n<p><a href=\"https:\/\/www.arretsurimages.net\/articles\/quotas-31-fois-yannick-jadot-sur-lci\">LCI remplit ses quotas de gauche la nuit<\/a> (Arr\u00eat sur images)<\/p>\n\n\n\n<p><a href=\"https:\/\/www.acrimed.org\/Alerte-L-AFP-demantele-son-service-d-infos\">Alerte, l&rsquo;AFP d\u00e9mant\u00e8le son service d&rsquo;infos sociales<\/a> (Acrimed)<\/p>\n\n\n\n<p><a href=\"https:\/\/www.acrimed.org\/Appel-a-dons-20-000-euros-pour-preparer-2021\">Appel \u00e0 dons: 20 000 euros pour pr\u00e9parer 2021<\/a> (Acrimed)<\/p>\n\n\n\n<p><a href=\"https:\/\/www.monde-diplomatique.fr\/podcast\/2020-12-2020-une-partie-de-campagne\">2020, une partie de campagne<\/a> (podcast du diplo)<\/p>\n\n\n\n<figure class=\"wp-block-image is-resized\"><img data-recalc-dims=\"1\" loading=\"lazy\" decoding=\"async\" src=\"https:\/\/i0.wp.com\/www.monde-diplomatique.fr\/local\/cache-vignettes\/L890xH699\/van_gogh-1987f.jpg?resize=369%2C289&#038;ssl=1\" alt=\"JPEG - 259.9\u00a0ko\" width=\"369\" height=\"289\"\/><\/figure>\n\n\n\n<p><span class=\"has-inline-color has-vivid-red-color\"><strong>9 d\u00e9cembre<\/strong><\/span><\/p>\n\n\n\n<p><a href=\"https:\/\/www.arretsurimages.net\/articles\/jean-quatremer-docteur-europe-mister-provoc\">Jean Quatremer : Docteur Europe, Mister Provoc&rsquo;<\/a> (Arr\u00eat sur images)&nbsp;<\/p>\n\n\n\n<p><a href=\"https:\/\/www.boursorama.com\/actualite-economique\/actualites\/un-cameraman-de-reuters-charge-et-blesse-par-la-police-b786134d178b1be9a7a7e1aa53947f20\">Un cameraman de Reuters charg\u00e9 et bless\u00e9 par la police<\/a>&nbsp; (REUTERS)<\/p>\n\n\n\n<p><a href=\"https:\/\/www.politis.fr\/articles\/2020\/12\/dans-lombre-des-plateaux-la-honte-des-journalistes-42621\/\">Dans l\u2019ombre des plateaux, la \u00ab honte \u00bb des journalistes &#8211; Jules Peyron<\/a> (Politis)&nbsp;<\/p>\n\n\n\n<p><a href=\"https:\/\/www.acrimed.org\/Apres-Conflans-toujours-moins-de-pluralisme\">Apr\u00e8s Conflans, toujours moins de pluralisme<\/a> (Acrimed)<\/p>\n\n\n\n<figure class=\"wp-block-image is-resized\"><img data-recalc-dims=\"1\" loading=\"lazy\" decoding=\"async\" src=\"https:\/\/i0.wp.com\/www.acrimed.org\/IMG\/jpg\/graph-2.jpg?resize=429%2C283&#038;ssl=1\" alt=\"\" width=\"429\" height=\"283\"\/><\/figure>\n\n\n\n<p><strong><span class=\"has-inline-color has-vivid-red-color\">8 d\u00e9cembre<\/span><\/strong> <\/p>\n\n\n\n<p><a href=\"https:\/\/info.mediapart.fr\/optiext\/optiextension.dll?ID=lPOlRrKF8tltT0oMIVCffAx3MnaxzaFnoEI_SO3szySLiXfBdRNcr6ORaVKOuF_rQ_UlOae+3_FsQlcc07gkqryekaPJW\">Comment la direction de Canal + soutient et l\u00e9gitime Eric Zemmour<\/a> (MDP)<\/p>\n\n\n\n<p><a href=\"https:\/\/www.acrimed.org\/Franceinfo-l-info-autrement\">Franceinfo, l&rsquo;info autrement ?<\/a> (Acrimed)<\/p>\n\n\n\n<p><a href=\"https:\/\/www.youtube.com\/watch?v=X7PZQj4XajM&amp;t=18s\">Documentaire sur le salon des lanceurs d&rsquo;alerte de Montreuil<\/a> (TVnet citoyenne)<\/p>\n\n\n\n<figure class=\"wp-block-image size-large\"><img data-recalc-dims=\"1\" loading=\"lazy\" decoding=\"async\" width=\"561\" height=\"279\" src=\"https:\/\/i0.wp.com\/www.rdpemancipation.org\/wp-content\/uploads\/2020\/12\/sarko-journalisme-1.png?resize=561%2C279&#038;ssl=1\" alt=\"\" class=\"wp-image-4999\" srcset=\"https:\/\/i0.wp.com\/www.rdpemancipation.org\/wp-content\/uploads\/2020\/12\/sarko-journalisme-1.png?w=561&amp;ssl=1 561w, https:\/\/i0.wp.com\/www.rdpemancipation.org\/wp-content\/uploads\/2020\/12\/sarko-journalisme-1.png?resize=300%2C149&amp;ssl=1 300w, https:\/\/i0.wp.com\/www.rdpemancipation.org\/wp-content\/uploads\/2020\/12\/sarko-journalisme-1.png?resize=228%2C113&amp;ssl=1 228w\" sizes=\"auto, (max-width: 561px) 100vw, 561px\" \/><figcaption>Journalisme- France<\/figcaption><\/figure>\n\n\n\n<p><strong><span class=\"has-inline-color has-vivid-red-color\">7 d\u00e9cembre<\/span><\/strong><\/p>\n\n\n\n<p><a href=\"https:\/\/alt-rev.com\/2020\/12\/07\/pascal-praud-demande-la-tete-de-guillaume-meurice-appab-all-pascal-praud-are-bastards\/\">Pascal Praud demande la t\u00eate de Guillaume Meurice \u2013 #APPAB All Pascal Praud are bastards !<\/a><br>(Ozap)<\/p>\n\n\n\n<p><a href=\"https:\/\/rapportsdeforce.fr\/pouvoir-et-contre-pouvoir\/facebook-six-facons-de-nous-aider-a-reduire-notre-dependance-12078810\">Facebook : six fa\u00e7ons de nous aider \u00e0 r\u00e9duire notre d\u00e9pendance<\/a> (Rapports de Force)&nbsp;<\/p>\n\n\n\n<p><a href=\"https:\/\/www.bondyblog.fr\/societe\/police-justice\/a-rennes-cinq-ans-apres-la-mort-de-babacar-gueye-sa-soeur-awa-continue-le-combat\/\">\u00c0 Rennes, cinq ans apr\u00e8s la mort de Babacar Gueye, sa soeur Awa continue le combat<\/a> (Le Bondy Blog)<\/p>\n\n\n\n<p><a href=\"https:\/\/www.cse.gouv.qc.ca\/publications\/temps-ecran-50-2110\/?fbclid=IwAR20_iy7mAa64uBsLuJn6xNxY2otGFtnvsSMNK5WVV5XntPnsFPmlIgXYrE\">Les discours sur le temps d\u2019\u00e9cran\u2009: valeurs sociales et \u00e9tudes scientifiques<\/a> (CSE Qu\u00e9bec)<\/p>\n\n\n\n<figure class=\"wp-block-image is-resized is-style-default\"><img data-recalc-dims=\"1\" loading=\"lazy\" decoding=\"async\" src=\"https:\/\/i0.wp.com\/www.acrimed.org\/IMG\/arton6234.jpg?resize=263%2C336&#038;ssl=1\" alt=\"Sortie de M\u00e9diacritiques n\u00b036 : Info en continu, journalisme \u00e0 la cha\u00eene\" width=\"263\" height=\"336\"\/><\/figure>\n\n\n\n<p><span class=\"has-inline-color has-vivid-red-color\"><strong>5 d\u00e9cembre<\/strong><\/span><\/p>\n\n\n\n<p><a href=\"https:\/\/reporterre.net\/Medias-independants-unis-pour-une-information-libre\">M\u00e9dias ind\u00e9pendants&nbsp;: unis pour une information libre<\/a> (Reporterre)<\/p>\n\n\n\n<p><a href=\"https:\/\/alt-rev.com\/2020\/12\/04\/mecaniques-du-journalisme-laffaire-benalla\/\">M\u00e9caniques du journalisme: l\u2019affaire Benalla<\/a> (France culture)<\/p>\n\n\n\n<figure class=\"wp-block-image is-resized is-style-default\"><img loading=\"lazy\" decoding=\"async\" src=\"https:\/\/scontent.fsti4-1.fna.fbcdn.net\/v\/t1.0-9\/131424582_10158855809854361_842937433710542449_n.jpg?_nc_cat=110&amp;ccb=2&amp;_nc_sid=dbeb18&amp;_nc_ohc=d2gJVShIY0sAX95PUP5&amp;_nc_ht=scontent.fsti4-1.fna&amp;oh=9a16acdd3e6605278a3e64bf4beb1f83&amp;oe=5FFA8B95\" alt=\"L\u2019image contient peut-\u00eatre\u00a0: texte\" width=\"406\" height=\"672\"\/><\/figure>\n\n\n\n<figure class=\"wp-block-image size-large\"><img data-recalc-dims=\"1\" decoding=\"async\" src=\"https:\/\/i0.wp.com\/www.rdpemancipation.org\/wp-content\/uploads\/2020\/12\/image-40.png?w=1200&#038;ssl=1\" alt=\"\" class=\"wp-image-4577\"\/><\/figure>\n\n\n\n<p><strong><span class=\"has-inline-color has-vivid-red-color\">4 d\u00e9cembre<\/span><\/strong><\/p>\n\n\n<p><a href=\"https:\/\/www.acrimed.org\/Infiltre-dans-un-media-monegasque\">Infiltr\u00e9 dans un m\u00e9dia mon\u00e9gasque<\/a> (Acrimed)&nbsp;<\/p>\n<p><!-- \/wp:post-content --><!-- wp:paragraph --><\/p>\n<p><a href=\"https:\/\/alt-rev.com\/2020\/12\/03\/le-journalisme-de-terrain-disparait-et-la-presse-perd-sa-raison-detre-entretien-avec-jacques-marie-bourget\/\">\u201cLe journalisme de terrain disparait et la presse perd sa raison d\u2019\u00eatre\u201d -Entretien avec J-M Bourget<\/a> (Les crises)<\/p>\n<p><!-- \/wp:paragraph --><\/p>\n<p><!-- wp:paragraph --><\/p>\n<p><strong><span class=\"has-inline-color has-vivid-red-color\">3 d\u00e9cembre<\/span><\/strong><\/p>\n<p><!-- \/wp:paragraph --><\/p>\n<p><!-- wp:paragraph --><\/p>\n<p><a href=\"https:\/\/www.acrimed.org\/Decryptage\">Maux m\u00e9diatiques : \u00ab D\u00e9cryptage \u00bb<\/a> (Acrimed)<\/p>\n<p><!-- \/wp:paragraph --><\/p>\n<p><!-- wp:paragraph --><\/p>\n<p><a href=\"https:\/\/sh1.sendinblue.com\/acajqt0h9xt7e.html?t=1606590210\">Demain en mains, magazine citoyen pour tous<\/a> (infolettre nov 2020)<\/p>\n<p><!-- \/wp:paragraph --><\/p>\n<p><!-- wp:paragraph --><\/p>\n<p><strong><span class=\"has-inline-color has-vivid-red-color\">2 d\u00e9cembre<\/span><\/strong><\/p>\n<p><!-- \/wp:paragraph --><\/p>\n<p><!-- wp:paragraph --><\/p>\n<p><a href=\"https:\/\/www.leravi.org\/justice\/cour-de-cassation\/affaire-odel-var-la-cour-de-cassation-casse-larret-de-la-cour-dappel-daix-en-provence-en-faveur-du-ravi-decembre-2020\/\">Affaire Odel Var : Cour de cassation casse arr\u00eat de cour d\u2019appel Aix-en-Provence en faveur du Ravi&nbsp;<\/a> (Le Ravi)<\/p>\n<p><!-- \/wp:paragraph --><\/p>\n<p><!-- wp:paragraph --><\/p>\n<p><a href=\"https:\/\/www.youtube.com\/watch?v=XxVGfPHBdDo&amp;feature=emb_logo\">Journ\u00e9e porte ouverte num\u00e9rique: le M\u00e9diapart de demain<\/a>&nbsp; (MDP)<\/p>\n<p><!-- \/wp:paragraph --><\/p>\n<p><!-- wp:paragraph --><\/p>\n<p><a href=\"https:\/\/www.arretsurimages.net\/articles\/bfm-business-offre-un-plateau-a-volvo\">Volvo dans ses pantoufles chez BFM Business<\/a> par Arr\u00eat sur images&nbsp;<\/p>\n<p><!-- \/wp:paragraph --><\/p>\n<p><!-- wp:paragraph --><\/p>\n<p><a href=\"https:\/\/www.mediacites.fr\/breve\/toulouse\/2020\/12\/02\/altice-medias-rompt-ses-relations-avec-via-groupe\/\">Altice M\u00e9dias rompt ses relations avec Vi\u00e0 Groupe<\/a> (Mediacit\u00e9s)<\/p>\n<p><!-- \/wp:paragraph --><\/p>\n<p><!-- wp:paragraph --><\/p>\n<p><a href=\"https:\/\/theconversation.com\/une-julie-graziani-en-cache-beaucoup-dautres-126873\">Les \u00e9ditocrates, oeuvre d&rsquo;un produit m\u00e9diatique. R\u00e9sister avec Bourdieu <\/a>&nbsp;(The conversation)<\/p>\n<p><!-- \/wp:paragraph --><\/p>\n<p><!-- wp:paragraph --><\/p>\n<p><a href=\"https:\/\/twitter.com\/BalanceTonMedia\/status\/1333024381367427072?s=20\">Pour GRB, les r\u00e9seaux sociaux seraient le probl\u00e8me num\u00e9ro1<\/a> (#balancetonmedia)<\/p>\n<p><!-- \/wp:paragraph --><\/p>\n<p><!-- wp:paragraph --><\/p>\n<p><a href=\"https:\/\/www.youtube.com\/channel\/UCmn4qVXzaX1tgKqiKCcW8XQ\">Une \u00e9cole de communication au service de la transformation sociale<\/a> (Terra TV)<\/p>\n<p><!-- \/wp:paragraph --><\/p>\n<p><!-- wp:paragraph --><\/p>\n<p><a href=\"https:\/\/www.acrimed.org\/Appel-a-dons-20-000-euros-pour-preparer-2021\">Appel \u00e0 dons: 20 000 euros pour pr\u00e9parer 2021<\/a> (Acrimed)<\/p>\n<p><!-- \/wp:paragraph --><\/p>\n<p><!-- wp:paragraph --><\/p>\n<p><a href=\"https:\/\/evenements.mediapart.fr\/2decembre\/direct?M_BT=1022821118958\">2 d\u00e9cembre, journ\u00e9e portes ouvertes num\u00e9riques<\/a> (Mediapart)<\/p>\n<p><!-- \/wp:paragraph --><\/p>\n<p><!-- wp:paragraph --><\/p>\n<p><a href=\"https:\/\/www.acrimed.org\/24h-devant-Angers-Tele\">24h devant Angers T\u00e9l\u00e9<\/a> (Acrimed)<\/p>\n<p><!-- \/wp:paragraph --><\/p>\n<p><!-- wp:image {\"id\":4073,\"sizeSlug\":\"large\"} --><\/p>\n<figure class=\"wp-block-image size-large\"><img data-recalc-dims=\"1\" decoding=\"async\" src=\"https:\/\/i0.wp.com\/www.rdpemancipation.org\/wp-content\/uploads\/2020\/12\/image-14.png?w=1200&#038;ssl=1\" alt=\"\" class=\"wp-image-4073\"><\/figure>\n<p><!-- \/wp:image --><\/p>\n<p><!-- wp:paragraph --><\/p>\n<p><strong><span class=\"has-inline-color has-vivid-red-color\">1er d\u00e9cembre<\/span><\/strong><\/p>\n<p><!-- \/wp:paragraph --><\/p>\n<p><!-- wp:paragraph --><\/p>\n<p><a href=\"https:\/\/www.leravi.org\/justice\/cour-de-cassation\/affaire-odel-var-la-cour-de-cassation-casse-larret-de-la-cour-dappel-daix-en-provence-en-faveur-du-ravi-decembre-2020\/\">Affaire Odel Var : Cour de cassation casse arr\u00eat de cour d\u2019appel Aix-en-Provence en faveur du Ravi&nbsp;<\/a> (Le Ravi)<\/p>\n<p><!-- \/wp:paragraph --><\/p>\n<p><!-- wp:paragraph --><\/p>\n<p><a href=\"https:\/\/www.arretsurimages.net\/articles\/des-redactions-epinglees-pour-racisme-et-sexisme\">Des r\u00e9dactions \u00e9pingl\u00e9es pour racisme et sexisme<\/a> (Arr\u00eat sur images )<\/p>\n<p><!-- \/wp:paragraph --><\/p>\n<p><!-- wp:paragraph --><\/p>\n<p><a href=\"https:\/\/youtu.be\/F8tMFMT3EIw\">Canal+ s&rsquo;approprie le mot plan\u00e8te<\/a> (Le media)<\/p>\n<p><!-- \/wp:paragraph --><\/p>\n<p><!-- wp:paragraph --><\/p>\n<p><!-- \/wp:paragraph --><\/p>","protected":false},"excerpt":{"rendered":"<p>Un poste de veilleur Internet est vacant dans cette rubrique.&nbsp;Contactez le&nbsp;Collectif 31 d\u00e9cembre Edito de fin d&rsquo;ann\u00e9e (Street press) Quelques grammes de po\u00e9sie (L\u2019\u00e2ge de faire) Clavreul, C\u00e9saire et moi. De l\u2019Innocence des uns et de la Conscience des autres. (blog mediapart) Hommage \u00e0 Anne Sylvestre (Acrimed) 30 d\u00e9cembre Trois questions \u00e0 Nina Gheddar cofondatrice &#8230; <a title=\"D\u00e9cembre M\u00e9dias\" class=\"read-more\" href=\"https:\/\/www.rdpemancipation.org\/?p=3779\" aria-label=\"En savoir plus sur D\u00e9cembre M\u00e9dias\">Lire la suite<\/a><\/p>\n","protected":false},"author":1,"featured_media":0,"comment_status":"closed","ping_status":"closed","sticky":false,"template":"","format":"standard","meta":{"_lmt_disableupdate":"no","_lmt_disable":"no","_jetpack_memberships_contains_paid_content":false,"footnotes":""},"categories":[26],"tags":[],"class_list":["post-3779","post","type-post","status-publish","format-standard","hentry","category-medias"],"modified_by":"Fip","jetpack_featured_media_url":"","jetpack_sharing_enabled":true,"_links":{"self":[{"href":"https:\/\/www.rdpemancipation.org\/index.php?rest_route=\/wp\/v2\/posts\/3779","targetHints":{"allow":["GET"]}}],"collection":[{"href":"https:\/\/www.rdpemancipation.org\/index.php?rest_route=\/wp\/v2\/posts"}],"about":[{"href":"https:\/\/www.rdpemancipation.org\/index.php?rest_route=\/wp\/v2\/types\/post"}],"author":[{"embeddable":true,"href":"https:\/\/www.rdpemancipation.org\/index.php?rest_route=\/wp\/v2\/users\/1"}],"replies":[{"embeddable":true,"href":"https:\/\/www.rdpemancipation.org\/index.php?rest_route=%2Fwp%2Fv2%2Fcomments&post=3779"}],"version-history":[{"count":125,"href":"https:\/\/www.rdpemancipation.org\/index.php?rest_route=\/wp\/v2\/posts\/3779\/revisions"}],"predecessor-version":[{"id":8818,"href":"https:\/\/www.rdpemancipation.org\/index.php?rest_route=\/wp\/v2\/posts\/3779\/revisions\/8818"}],"wp:attachment":[{"href":"https:\/\/www.rdpemancipation.org\/index.php?rest_route=%2Fwp%2Fv2%2Fmedia&parent=3779"}],"wp:term":[{"taxonomy":"category","embeddable":true,"href":"https:\/\/www.rdpemancipation.org\/index.php?rest_route=%2Fwp%2Fv2%2Fcategories&post=3779"},{"taxonomy":"post_tag","embeddable":true,"href":"https:\/\/www.rdpemancipation.org\/index.php?rest_route=%2Fwp%2Fv2%2Ftags&post=3779"}],"curies":[{"name":"wp","href":"https:\/\/api.w.org\/{rel}","templated":true}]}}