{"id":3764,"date":"2020-12-01T09:40:44","date_gmt":"2020-12-01T08:40:44","guid":{"rendered":"https:\/\/www.rdpemancipation.org\/?p=3764"},"modified":"2021-01-09T20:31:25","modified_gmt":"2021-01-09T19:31:25","slug":"d2cembre-amerique-latine-caraibes","status":"publish","type":"post","link":"https:\/\/www.rdpemancipation.org\/?p=3764","title":{"rendered":"D\u00e9cembre -Am\u00e9rique Latine &#038; Cara\u00efbe"},"content":{"rendered":"\n<p><strong><span class=\"has-inline-color has-vivid-red-color\">31 d\u00e9cembre en continu<\/span><\/strong><\/p>\n\n\n\n<p><a href=\"https:\/\/www.revolutionpermanente.fr\/Historique-La-lutte-feministe-conquiere-le-droit-a-l-avortement-en-Argentine\">Historique&nbsp;! La lutte f\u00e9ministe conquiert le droit \u00e0 l\u2019avortement en Argentine<\/a> (RP)<\/p>\n\n\n\n<p><a href=\"https:\/\/lvsl.fr\/legalisation-de-lavortement-un-cap-historique-pour-largentine\/\">L\u00e9galisation de l\u2019avortement : un cap historique pour l\u2019Argentine<\/a> (Le Vent Se L\u00e8ve)&nbsp;<\/p>\n\n\n\n<p><a href=\"https:\/\/www.boursorama.com\/actualite-economique\/actualites\/cuba-entree-en-vigueur-au-1er-janvier-d-une-vaste-reforme-salariale-60a3ad928d9b9dff590e1a8c9365c7bd\">Cuba: entr\u00e9e en vigueur au 1er janvier d&rsquo;une vaste r\u00e9forme salariale<\/a>&nbsp; (AFP)<\/p>\n\n\n\n<p><a href=\"https:\/\/www.boursorama.com\/videos\/actualites\/au-bresil-le-mouvement-black-lives-matter-prend-de-l-ampleur-446c327bca150bd259e89e0847648825\">Au Br\u00e9sil, le mouvement Black Lives Matter prend de l&rsquo;ampleur<\/a> (France 24)<\/p>\n\n\n\n<p><a href=\"http:\/\/www.leslunettesdesalvador.info\/index.php\/2020\/12\/30\/violence-sans-fin-en-colombie-un-autre-leader-social-tue-a-narino\/\">Violence sans fin en Colombie : un autre leader social tu\u00e9 \u00e0 Nari\u00f1o<\/a> (Telesur)<\/p>\n\n\n\n<p><a href=\"https:\/\/www.les2rives.info\/travailleurs_agricoles_du_perou\">Les travailleurs agricoles du P\u00e9rou rejettent le nouveau projet de Loi Agraire<\/a> (Les 2 rives info)<\/p>\n\n\n\n<figure class=\"wp-block-image is-resized\"><img data-recalc-dims=\"1\" loading=\"lazy\" decoding=\"async\" src=\"https:\/\/i0.wp.com\/d3n8a8pro7vhmx.cloudfront.net\/les2rives\/pages\/577\/attachments\/original\/1609141118\/trabajadores_agrarios_peru.jpg?resize=494%2C278&#038;ssl=1\" alt=\"\" width=\"494\" height=\"278\"\/><\/figure>\n\n\n\n<p><strong><span class=\"has-inline-color has-vivid-red-color\">30 d\u00e9cembre <\/span><\/strong><\/p>\n\n\n\n<p><a href=\"https:\/\/info.mediapart.fr\/optiext\/optiextension.dll?ID=lPOlULSDoWvgNuxnK23nas9_lo4_6Br_PTWIQxJeeYXu8p7BdHPMlWqp31w+qOOSvNbrZASEGj14ML_ZGae+oM2vpuTRs\">Au Guatemala, en m\u00e9moire des massacres des indig\u00e8nes<\/a> (MDP)<\/p>\n\n\n\n<p><a href=\"https:\/\/www.boursorama.com\/videos\/actualites\/cuba-prevoit-d-administrer-son-propre-vaccin-contre-le-covid-19-d-ici-six-mois-9af26501baea775fd9227fca08005fb3\">Cuba pr\u00e9voit d&rsquo;administrer son propre vaccin contre le Covid-19 d&rsquo;ici six mois<\/a> (AFP)<\/p>\n\n\n\n<p><a href=\"https:\/\/www.boursorama.com\/actualite-economique\/actualites\/covid-tres-en-retard-pour-vacciner-le-bresil-craint-le-pire-avec-les-fetes-c6c458379d65097bf41b758b5e10804c\">Covid : \u00ab\u00a0tr\u00e8s en retard\u00a0\u00bb pour vacciner, le Br\u00e9sil craint le pire avec les f\u00eates<\/a> (AFP)<\/p>\n\n\n\n<p><a href=\"https:\/\/www.monde-diplomatique.fr\/2021\/01\/MIGUS\/62657\">Le tourniquet pr\u00e9sidentiel p\u00e9ruvien<\/a> (Monde diplomatique)<\/p>\n\n\n\n<p><a href=\"https:\/\/www.boursorama.com\/actualite-economique\/actualites\/la-legalisation-de-l-avortement-adoptee-en-argentine-ad18681e1339a66c99e2abf79718c499\">La l\u00e9galisation de l&rsquo;avortement adopt\u00e9e en Argentine<\/a>&nbsp; (AFP)<\/p>\n\n\n\n<p><a href=\"https:\/\/www.boursorama.com\/videos\/actualites\/legalisation-de-l-avortement-en-argentine-un-rugissement-a-emporte-la-place-aux-alentours-du-congres-bafddb87f863848e291668acf9a4f830\">L\u00e9galisation de l&rsquo;avortement en Argentine : \u00ab\u00a0un rugissement a emport\u00e9 la place aux alentours du Congr\u00e8s\u00a0\u00bb<\/a>(France 24)<\/p>\n\n\n\n<figure class=\"wp-block-image is-resized is-style-default\"><img data-recalc-dims=\"1\" loading=\"lazy\" decoding=\"async\" src=\"https:\/\/i0.wp.com\/www.franceameriquelatine.org\/wp-content\/uploads\/2020\/12\/133908089_3766659940022684_5096475832311368526_n.jpg?resize=402%2C407&#038;ssl=1\" alt=\"\" class=\"wp-image-86405\" width=\"402\" height=\"407\"\/><\/figure>\n\n\n\n<p><a href=\"http:\/\/frances.prensa-latina.cu\/index.php?option=com_content&amp;view=article&amp;id=885396:lex-presidente-du-bresil-qualifie-bolsonaro-de-fasciste-suite-a-des-insultes&amp;opcion=pl-ver-noticia&amp;catid=99&amp;Itemid=101\">L\u00b4ex-pr\u00e9sidente du Br\u00e9sil qualifie Bolsonaro de fasciste suite \u00e0 des insultes<\/a> (Prensa Latina)<\/p>\n\n\n\n<p><a href=\"http:\/\/frances.prensa-latina.cu\/index.php?option=com_content&amp;view=article&amp;id=885384:twitter-ferme-le-compte-du-ministre-de-la-defense-du-venezuela&amp;opcion=pl-ver-noticia&amp;catid=185&amp;Itemid=101\">Twitter ferme le compte du ministre de la D\u00e9fense du Venezuela<\/a> (Prensa Latina)<\/p>\n\n\n\n<p><a href=\"https:\/\/solidaires.org\/Pour-la-vie-les-zapatistes-visiteront-les-5-continents-actualisation\">\u00ab Pour la vie. les zapatistes visiteront les 5 continents \u00bb (actualisation)<\/a> (Solidaires)<\/p>\n\n\n\n<figure class=\"wp-block-image size-large is-resized is-style-default\"><img data-recalc-dims=\"1\" loading=\"lazy\" decoding=\"async\" src=\"https:\/\/i0.wp.com\/www.rdpemancipation.org\/wp-content\/uploads\/2020\/12\/Capture-decran-2020-12-30-a-08.18.21.png?resize=434%2C318&#038;ssl=1\" alt=\"\" class=\"wp-image-8547\" width=\"434\" height=\"318\" srcset=\"https:\/\/i0.wp.com\/www.rdpemancipation.org\/wp-content\/uploads\/2020\/12\/Capture-decran-2020-12-30-a-08.18.21.png?w=438&amp;ssl=1 438w, https:\/\/i0.wp.com\/www.rdpemancipation.org\/wp-content\/uploads\/2020\/12\/Capture-decran-2020-12-30-a-08.18.21.png?resize=300%2C220&amp;ssl=1 300w\" sizes=\"auto, (max-width: 434px) 100vw, 434px\" \/><\/figure>\n\n\n\n<p><strong><span class=\"has-inline-color has-vivid-red-color\">29 d\u00e9cembre en continu<\/span><\/strong><\/p>\n\n\n\n<p><a href=\"https:\/\/venezuelainfos.wordpress.com\/2020\/12\/29\/la-democratie-qui-se-construit-au-venezuela-par-florin-platon\/\">La d\u00e9mocratie qui se construit au Venezuela<\/a> (Venezuela info)<\/p>\n\n\n\n<p><a href=\"https:\/\/www.amnesty.fr\/conflits-armes-et-populations\/actualites\/colombie-que-sont-devenus-les-anciens-combattants-des-farc?\">Colombie: que sont devenus les anciens combattants des FARC? <\/a>(Amnesty International)<\/p>\n\n\n\n<p><a href=\"https:\/\/www.franceameriquelatine.org\/nouvelles-zapatistes-voyage-cinq-continents-julia-arnaud-et-espoir-chiapas-revue-ballast\/\">Nouvelles zapatistes: un voyage aux cinq continents ( <\/a>Revue Ballast<a href=\"https:\/\/www.franceameriquelatine.org\/nouvelles-zapatistes-voyage-cinq-continents-julia-arnaud-et-espoir-chiapas-revue-ballast\/\">)<\/a><\/p>\n\n\n\n<p><a href=\"https:\/\/www.franceameriquelatine.org\/opposition-nicaragua-bernard-duterme-maria-teresa-blandon-gadea-cetri\/\">\u00c9pineuse \u00bb, la question de l\u2019opposition au Nicaragua (Bernard Duterme, Mar\u00eda Teresa Bland\u00f3n Gadea \/ <\/a>Cetri<a href=\"https:\/\/www.franceameriquelatine.org\/opposition-nicaragua-bernard-duterme-maria-teresa-blandon-gadea-cetri\/\">)<\/a><\/p>\n\n\n\n<p><a href=\"https:\/\/www.anti-k.org\/2020\/12\/29\/en-argentine-des-decennies-de-combats-pour-le-droit-a-lavortement-libre-et-gratuit\/\">En Argentine, des d\u00e9cennies de combats pour le droit \u00e0 l\u2019avortement libre et gratuit !&nbsp;<\/a> (A &amp; R)<\/p>\n\n\n\n<p><a href=\"https:\/\/www.revolutionpermanente.fr\/IVG-en-Argentine-rassemblement-a-Paris-ce-mardi-en-soutien-a-la-lutte\">IVG en Argentine&nbsp;: rassemblement \u00e0 Paris ce mardi en soutien \u00e0 la lutte&nbsp;!<\/a> (RP)<\/p>\n\n\n\n<p><a href=\"https:\/\/europe-solidaire.us8.list-manage.com\/track\/click?u=5c732dd5ee65845cf20fd724a&amp;id=9e53c066ed&amp;e=5df9c98670\">Au Br\u00e9sil, les h\u00e9riti\u00e8res de Marielle Franco subissent elles aussi des menaces<\/a> (El Pa\u00eds Brasil)<\/p>\n\n\n\n<figure class=\"wp-block-image is-resized is-style-default\"><img data-recalc-dims=\"1\" loading=\"lazy\" decoding=\"async\" src=\"https:\/\/i0.wp.com\/www.courrierinternational.com\/sites\/ci_master\/files\/styles\/image_original_765\/public\/assets\/images\/000_1cx5iw.jpg?resize=455%2C310&#038;ssl=1\" alt=\"La d\u00e9put\u00e9e Talira Petrone au centre, tenant une plaque au nom de Marielle Franco au Congr\u00e8s br\u00e9silien le 1er f\u00e9vrier 2019. PHOTO AFP \/ Sergio LIMA\" width=\"455\" height=\"310\"\/><\/figure>\n\n\n\n<p><strong><span class=\"has-inline-color has-vivid-red-color\">28 d\u00e9cembre en continu<\/span><\/strong><\/p>\n\n\n\n<p><a href=\"https:\/\/www.franceameriquelatine.org\/mexique-toujours-dangereux-pour-journalistes-francois-xavier-gomez-liberation\/\">Le Mexique, toujours aussi dangereux pour les journalistes (Fran\u00e7ois-Xavier Gomez \/ Lib\u00e9ration)<\/a><\/p>\n\n\n\n<p><a href=\"https:\/\/www.franceameriquelatine.org\/ournee-internationale-migrantes-migrants-bilan-monde-haiti-wooldy-edson-louidor-alterpresse\/\">18 d\u00e9cembre 2020. Journ\u00e9e internationale des migrantes et migrants : quel bilan pour le monde, dont Ha\u00efti ? <\/a> (Alterpresse)<\/p>\n\n\n\n<p><a href=\"https:\/\/www.autresbresils.net\/En-2021-les-Noirs-representeront-44-des-deputes-dans-les-capitales-federales\">Autres Br\u00e9sils : En 2021, les Noirs repr\u00e9senteront 44% des d\u00e9put\u00e9s dans les capitales f\u00e9d\u00e9rales br\u00e9siliennes<\/a> (CICP)&nbsp;<\/p>\n\n\n\n<p><a href=\"https:\/\/peps-pouruneecologiepopulaireetsociale.fr\/2020\/12\/28\/ledito-du-lundi-de-peps-lesprit-de-resistance-ne-connait-pas-de-frontiere-par-xavier-ricard-lanata\/\">L\u2019esprit de r\u00e9sistance ne conna\u00eet pas de fronti\u00e8re<\/a> &nbsp;Xavier Ricard Lanata (PEPS)<\/p>\n\n\n\n<figure class=\"wp-block-image is-resized is-style-default\"><img data-recalc-dims=\"1\" loading=\"lazy\" decoding=\"async\" src=\"https:\/\/pepspouruneecologiepopulaireetsociale.files.wordpress.com\/2020\/12\/perou1.png?w=953&#038;resize=423%2C223\" alt=\"\" width=\"423\" height=\"223\"\/><\/figure>\n\n\n\n<p><a href=\"https:\/\/www.les2rives.info\/assassinat_honduras_syndicat?fbclid=IwAR0PkZp9Ze2sXwwDQmHALoX_81tScvbC3UZSJsvoFUYbjQFtXPJfTD0ieio\">Assassinat du secr\u00e9taire g\u00e9n\u00e9ral du syndicat des travailleurs agricoles du Honduras<\/a> (Les 2 rives info)<\/p>\n\n\n\n<p><a href=\"https:\/\/solidaires.org\/Mexique-Vivre-malgre-la-mort-le-Guerrero-n-est-pas-seul\">Mexique. Vivre malgr\u00e9 la mort, le Guerrero n&rsquo;est pas seul<\/a> par Solidaires<\/p>\n\n\n\n<p><a href=\"http:\/\/frances.prensa-latina.cu\/index.php?option=com_content&amp;view=article&amp;id=885368:le-blocus-contre-cuba-une-conception-pour-durer-aux-etats-unis&amp;opcion=pl-ver-noticia&amp;catid=19&amp;Itemid=101\">Le blocus contre Cuba, une conception pour durer aux \u00c9tats-Unis<\/a> (Prensa Latina)<\/p>\n\n\n\n<p><a href=\"http:\/\/frances.prensa-latina.cu\/index.php?option=com_content&amp;view=article&amp;id=885374:appel-a-la-responsabilite-familiale-face-a-laugmentation-de-cas-de-covid-19-a-cuba&amp;opcion=pl-ver-noticia&amp;catid=39&amp;Itemid=101\">Appel \u00e0 la responsabilit\u00e9 familiale face \u00e0 l\u2019augmentation de cas de Covid-19 \u00e0 Cuba<\/a> (Prensa Latina)<\/p>\n\n\n\n<p><a href=\"https:\/\/www.les2rives.info\/argentine_vaccination_covid19?fbclid=IwAR0PkZp9Ze2sXwwDQmHALoX_81tScvbC3UZSJsvoFUYbjQFtXPJfTD0ieio\">L&rsquo;Argentine commence la vaccination massive de la population contre la Covid 19<\/a> (Les 2 rives info)<\/p>\n\n\n\n<p><a href=\"https:\/\/www.mediapart.fr\/journal\/international\/281220\/en-argentine-la-lutte-de-medecins-militants-pour-l-avortement-legal\">En Argentine, la lutte de m\u00e9decins militants pour l\u2019avortement l\u00e9gal<\/a> (MDP)<\/p>\n\n\n\n<figure class=\"wp-block-image is-resized is-style-default\"><img data-recalc-dims=\"1\" loading=\"lazy\" decoding=\"async\" src=\"https:\/\/i0.wp.com\/static.mediapart.fr\/etmagine\/default\/files\/2020\/12\/27\/argentine.jpg?resize=403%2C268&#038;ssl=1\" alt=\"Liesse des manifestantes pro-avortement \u00e0 Buenos Aires le 11 d\u00e9cembre 2020, apr\u00e8s le vote du Congr\u00e8s des d\u00e9put\u00e9s. \u00a9 Ronaldo Schemidt \/ AFP\" width=\"403\" height=\"268\" title=\"Liesse des manifestantes pro-avortement \u00e0 Buenos Aires le 11 d\u00e9cembre 2020, apr\u00e8s le vote du Congr\u00e8s des d\u00e9put\u00e9s. \u00a9 Ronaldo Schemidt \/ AFP\"\/><\/figure>\n\n\n\n<p><strong><span class=\"has-inline-color has-vivid-red-color\">27 d\u00e9cembre <\/span><\/strong><\/p>\n\n\n\n<p><a href=\"https:\/\/www.mediapart.fr\/journal\/culture-idees\/271220\/les-annees-cuba-de-rene-depestre\">Les ann\u00e9es Cuba de Ren\u00e9 Depestre<\/a> (En attendant Nadeau) (M\u00e9diapart)<\/p>\n\n\n\n<p><a href=\"http:\/\/frances.prensa-latina.cu\/index.php?option=com_content&amp;view=article&amp;id=885368:le-blocus-contre-cuba-une-conception-pour-durer-aux-etats-unis&amp;opcion=pl-ver-noticia&amp;catid=19&amp;Itemid=101\">Le blocus contre Cuba, une conception pour durer aux \u00c9tats-Unis<\/a> (Prensa Latina)<\/p>\n\n\n\n<p><a href=\"https:\/\/www.boursorama.com\/actualite-economique\/actualites\/argentine-catholiques-et-evangeliques-allies-contre-la-legalisation-de-l-ivg-cb3fb0c0927a8c29a7aa6d59282afe47\">Argentine : catholiques et \u00e9vang\u00e9liques alli\u00e9s contre la l\u00e9galisation de l&rsquo;IVG<\/a> (AFP)<\/p>\n\n\n\n<p><a href=\"http:\/\/frances.prensa-latina.cu\/index.php?option=com_content&amp;view=article&amp;id=885377:amerique-latine-la-grande-victime-economique-de-la-covid-19&amp;opcion=pl-ver-noticia&amp;catid=59&amp;Itemid=101\">Am\u00e9rique Latine, la grande victime \u00e9conomique de la Covid-19<\/a> (Prensa Latina)<\/p>\n\n\n\n<figure class=\"wp-block-image is-resized is-style-default\"><img data-recalc-dims=\"1\" loading=\"lazy\" decoding=\"async\" src=\"https:\/\/i0.wp.com\/frances.prensa-latina.cu\/images\/pl-fr\/2020\/AmLatina\/cov%20cuba%20caribe.jpg?resize=414%2C276\" alt=\"\" width=\"414\" height=\"276\"\/><\/figure>\n\n\n\n<p><strong><span class=\"has-inline-color has-vivid-red-color\">26 d\u00e9cembr<\/span><\/strong><span class=\"has-inline-color has-vivid-red-color\"><strong>e<\/strong><\/span><\/p>\n\n\n\n<p><a href=\"http:\/\/frances.prensa-latina.cu\/index.php?option=com_content&amp;view=article&amp;id=885364:de-nouveaux-airs-soufflent-en-amerique-latine-et-dans-les-caraibes&amp;opcion=pl-ver-noticia&amp;catid=69&amp;Itemid=101\">De nouveaux airs soufflent en Am\u00e9rique latine et dans les Cara\u00efbes<\/a> (Prensa Latina)<\/p>\n\n\n\n<p><a href=\"http:\/\/frances.prensa-latina.cu\/index.php?option=com_content&amp;view=article&amp;id=885360:cuba-avec-un-scenario-plus-complexe-face-a-la-covid-19&amp;opcion=pl-ver-noticia&amp;catid=193&amp;Itemid=101\">Cuba avec un sc\u00e9nario plus complexe face \u00e0 la Covid-19<\/a> (Prensa Latina)<\/p>\n\n\n\n<p><a href=\"https:\/\/www.les2rives.info\/secteur_non_etatique_cuba\">Le secteur non \u00e9tatique va se d\u00e9velopper dans la gestion des services \u00e0 Cuba<\/a> (Les 2 rives info)<\/p>\n\n\n\n<figure class=\"wp-block-image\"><img data-recalc-dims=\"1\" decoding=\"async\" src=\"https:\/\/i0.wp.com\/d3n8a8pro7vhmx.cloudfront.net\/les2rives\/pages\/572\/attachments\/original\/1608542135\/cuba-empresa-privada.jpg?w=1200&#038;ssl=1\" alt=\"\"\/><\/figure>\n\n\n\n<p><strong><span class=\"has-inline-color has-vivid-red-color\">25 d\u00e9cembre<\/span><\/strong><\/p>\n\n\n\n<p><a href=\"https:\/\/www.boursorama.com\/videos\/actualites\/lancement-de-la-campagne-de-vaccination-contre-le-covid-19-en-amerique-latine-edeae98fd50cb2074f04dde4174bbb71\">Lancement de la campagne de vaccination contre le Covid-19 en Am\u00e9rique latine<\/a> (AFP VIDEO)<\/p>\n\n\n\n<p><a href=\"https:\/\/www.anti-k.org\/2020\/12\/25\/la-bolivie-en-images-une-lecon-de-democratie-et-dauto-organisation\/\">La Bolivie en images : une le\u00e7on de d\u00e9mocratie et d\u2019auto-organisation <\/a>(LFI)<\/p>\n\n\n\n<p><a href=\"http:\/\/frances.prensa-latina.cu\/index.php?option=com_content&amp;view=article&amp;id=885369:des-medecins-cubains-sont-arrives-au-panama-pour-combattre-la-covid-19&amp;opcion=pl-ver-noticia&amp;catid=39&amp;Itemid=101\">Des m\u00e9decins cubains sont arriv\u00e9s au Panama pour combattre la Covid-19<\/a> (Prensa Latina)<\/p>\n\n\n\n<p><a href=\"http:\/\/frances.prensa-latina.cu\/index.php?option=com_content&amp;view=article&amp;id=885363:la-bolivie-annonce-un-decret-en-faveur-des-personnes-persecutees-par-les-putschistes&amp;opcion=pl-ver-noticia&amp;catid=99&amp;Itemid=101\">La Bolivie annonce un d\u00e9cret en faveur des personnes pers\u00e9cut\u00e9es par les putschistes<\/a> (Prensa Latina)<\/p>\n\n\n\n<figure class=\"wp-block-image is-resized is-style-default\"><img data-recalc-dims=\"1\" loading=\"lazy\" decoding=\"async\" src=\"https:\/\/i0.wp.com\/frances.prensa-latina.cu\/images\/pl-fr\/2020\/AmLatina\/america-latina-5.jpg?resize=399%2C220\" alt=\"\" width=\"399\" height=\"220\"\/><\/figure>\n\n\n\n<p><span class=\"has-inline-color has-vivid-red-color\"><strong>24 d\u00e9cembre<\/strong><\/span><\/p>\n\n\n\n<p><a href=\"http:\/\/alencontre.org\/ameriques\/amelat\/nicaragua\/nicaragua-2020-la-concentration-extreme-de-la-richesse-et-le-pouvoir-dictatorial-dortega.html\">Nicaragua 2020. La concentration extr\u00eame de la richesse et le pouvoir dictatorial d\u2019Ortega <\/a>-Oscar-Ren\u00e9 Vargas<\/p>\n\n\n\n<p><a href=\"https:\/\/www.revue-ballast.fr\/nouvelles-zapatistes-un-voyage-aux-cinq-continents-3\/\">Nouvelles zapatistes : un voyage aux cinq continents (3)<\/a> (Ballast)<\/p>\n\n\n\n<figure class=\"wp-block-image is-resized is-style-default\"><img data-recalc-dims=\"1\" loading=\"lazy\" decoding=\"async\" src=\"https:\/\/i0.wp.com\/www.revue-ballast.fr\/wp-content\/uploads\/2019\/09\/zapz4.jpg?resize=424%2C264&#038;ssl=1\" alt=\"\" class=\"wp-image-51065\" width=\"424\" height=\"264\"\/><\/figure>\n\n\n\n<p><span class=\"has-inline-color has-vivid-red-color\"><strong>23 d\u00e9cembre<\/strong><\/span><\/p>\n\n\n\n<p><a href=\"https:\/\/www.boursorama.com\/videos\/actualites\/bresil-le-maire-de-rio-arrete-et-destitue-pour-corruption-presumee-c5571631d58ce74f85e7c86eade181b2\">Br\u00e9sil : le maire de Rio arr\u00eat\u00e9 et destitu\u00e9 pour corruption pr\u00e9sum\u00e9e<\/a> (FRANCE)<\/p>\n\n\n\n<p><a href=\"https:\/\/www.boursorama.com\/actualite-economique\/actualites\/venezuela-les-syndicalistes-petroliers-dans-la-ligne-de-mire-du-pouvoir-49a43316ff3a788be766fb298b6cf3c2\">Venezuela: les syndicalistes p\u00e9troliers dans la ligne de mire du pouvoir<\/a>&nbsp; (AFP)<\/p>\n\n\n\n<p><a href=\"http:\/\/frances.prensa-latina.cu\/index.php?option=com_content&amp;view=article&amp;id=885356:rejet-du-refus-de-vacciner-les-venezueliens-sans-papiers-en-colombie&amp;opcion=pl-ver-noticia&amp;catid=99&amp;Itemid=101\">Rejet du refus de vacciner les V\u00e9n\u00e9zu\u00e9liens sans papiers en Colombie<\/a> (Prensa Latina)<\/p>\n\n\n\n<p><a href=\"http:\/\/frances.prensa-latina.cu\/index.php?option=com_content&amp;view=article&amp;id=885350:le-parlasur-enquetera-sur-le-role-du-secretaire-de-loea-lors-du-coup-detat-en-bolivie&amp;opcion=pl-ver-noticia&amp;catid=29&amp;Itemid=101\">Le Parlasur enqu\u00eatera sur le r\u00f4le du secr\u00e9taire de l\u2019OEA lors du coup d\u00b4\u00c9tat en Bolivie<\/a> (Prensa Latina)<\/p>\n\n\n\n<p><a href=\"http:\/\/frances.prensa-latina.cu\/index.php?option=com_content&amp;view=article&amp;id=885351:cuba-reaffirme-sa-volonte-de-resister-aux-agressions-des-etats-unis&amp;opcion=pl-ver-noticia&amp;catid=19&amp;Itemid=101\">Cuba r\u00e9affirme sa volont\u00e9 de r\u00e9sister aux agressions des \u00c9tats-Unis<\/a> (Prensa Latina)<\/p>\n\n\n\n<figure class=\"wp-block-image is-resized is-style-default\"><img data-recalc-dims=\"1\" loading=\"lazy\" decoding=\"async\" src=\"https:\/\/i0.wp.com\/frances.prensa-latina.cu\/images\/pl-fr\/2020\/AmLatina\/cuba\/cuba-bloqueo8.jpg?resize=399%2C266\" alt=\"\" width=\"399\" height=\"266\"\/><\/figure>\n\n\n\n<p><span class=\"has-inline-color has-vivid-red-color\"><strong>22 d\u00e9cembre <\/strong><\/span><\/p>\n\n\n\n<p><a href=\"https:\/\/www.franceameriquelatine.org\/covid-19-amerique-latine-face-spectre-nouvelle-decennie-perdue-le-telegramme\/\">Covid-19 : l\u2019Am\u00e9rique latine face au spectre d\u2019une nouvelle d\u00e9cennie perdue (<\/a>Le T\u00e9l\u00e9gramme<a href=\"https:\/\/www.franceameriquelatine.org\/covid-19-amerique-latine-face-spectre-nouvelle-decennie-perdue-le-telegramme\/\">)<\/a><\/p>\n\n\n\n<p><a href=\"https:\/\/www.franceameriquelatine.org\/bolivie-chili-deux-votes-signaux-importants-pour-region-alai-jaime-osorio-ritimo\/\">Bolivie-Chili : deux votes qui sont des signaux importants pour la r\u00e9gion (<\/a>ALAI \/ Jaime Osorio \/ Ritimo<a href=\"https:\/\/www.franceameriquelatine.org\/bolivie-chili-deux-votes-signaux-importants-pour-region-alai-jaime-osorio-ritimo\/\">)<\/a><\/p>\n\n\n\n<figure class=\"wp-block-image is-resized is-style-default\"><img data-recalc-dims=\"1\" loading=\"lazy\" decoding=\"async\" src=\"https:\/\/i0.wp.com\/www.franceameriquelatine.org\/wp-content\/uploads\/2020\/12\/constitucion-min-75926.jpg?resize=443%2C295&#038;ssl=1\" alt=\"\" class=\"wp-image-86352\" width=\"443\" height=\"295\"\/><\/figure>\n\n\n\n<p><strong><span class=\"has-inline-color has-vivid-red-color\">21 d\u00e9cembre en continu<\/span><\/strong><\/p>\n\n\n\n<p><a href=\"https:\/\/blogs.mediapart.fr\/jean-marc-b\/blog\/221220\/cuba-sur-la-route-du-capitalisme-autoritaire-propos-du-nouveau-virage-economique\">Cuba sur la route du capitalisme autoritaire ? \u00c0 propos du nouveau virage \u00e9conomique <\/a>-Samuel Farber<\/p>\n\n\n\n<p><a href=\"https:\/\/lanticapitaliste.org\/actualite\/international\/bolsonaro-annonce-un-plan-tout-en-combattant-et-en-sabotant-la-vaccination\">Bolsonaro annonce un plan, tout en combattant et en sabotant la vaccination<\/a> (Esquerda online)<\/p>\n\n\n\n<p><a href=\"https:\/\/www.franceameriquelatine.org\/elections-legislatives-venezuela-analyse-christophe-ventura-iris\/\">\u00c9lections l\u00e9gislatives au Venezuela <\/a>-Christophe Ventura (IRIS)<\/p>\n\n\n\n<p><a href=\"https:\/\/www.les2rives.info\/bolivie_petrole_gaz\">La Bolivie d\u00e9couvre de nouveaux gisements de p\u00e9trole et de gaz<\/a> (Prensa Latina)<\/p>\n\n\n\n<p><a href=\"https:\/\/www.les2rives.info\/nouvel_attentat_maduro\">Nouvel attentat d\u00e9jou\u00e9 contre Nicolas Maduro<\/a> (Panorama)<\/p>\n\n\n\n<p><a href=\"https:\/\/www.les2rives.info\/bukele_mozote\">Les d\u00e9clarations du pr\u00e9sident salvadorien sur le massacre d&rsquo;El Mozote suscite un toll\u00e9<\/a> (Telesur)<\/p>\n\n\n\n<p><a href=\"https:\/\/www.les2rives.info\/alliance_entre_le_parti_communiste_chilien\">Alliance entre le Parti Communiste du Chili et le Frente Amplio<\/a>Telesur<\/p>\n\n\n\n<p><a href=\"https:\/\/www.les2rives.info\/nicaragua_nationalise_un_important_secteur_industrie_electrique\">Le Nicaragua nationalise un important secteur de l&rsquo;industrie \u00e9lectrique<\/a> (L2R)<\/p>\n\n\n\n<p><a href=\"https:\/\/www.les2rives.info\/colombia_humana_exclu?fbclid=IwAR2YjIbv0sjS7Q9sbAfMUr-DW-f1tj2NmpFyHnOP3q2oSN_F4qNpXDtOQ1E\">Colombia Humana, la 2e force politique de Colombie, est exclue de l&rsquo;\u00e9chiquier d\u00e9mocratique<\/a> (Les 2 rives info)<\/p>\n\n\n\n<figure class=\"wp-block-image is-resized\"><img data-recalc-dims=\"1\" loading=\"lazy\" decoding=\"async\" src=\"https:\/\/i0.wp.com\/d3n8a8pro7vhmx.cloudfront.net\/les2rives\/pages\/565\/attachments\/original\/1608363174\/CH.jpg?resize=400%2C266&#038;ssl=1\" alt=\"\" width=\"400\" height=\"266\"\/><\/figure>\n\n\n\n<p><span class=\"has-inline-color has-vivid-red-color\"><strong>20 d\u00e9cembre<\/strong><\/span><\/p>\n\n\n\n<p><a href=\"https:\/\/www.franceameriquelatine.org\/nicaragua-pays-dexil-gacon-france-culture\/\">Le Nicaragua, autre pays d\u2019exil <\/a>(France Culture)<\/p>\n\n\n\n<p><a href=\"https:\/\/www.franceameriquelatine.org\/nicaragua-information-baillonnee-kassandra-blog-mediapart\/\">Nicaragua: l\u2019information toujours baillonn\u00e9e &#8211;<\/a>Blog Kassandra<a href=\"https:\/\/www.franceameriquelatine.org\/nicaragua-information-baillonnee-kassandra-blog-mediapart\/\">&nbsp;<\/a><\/p>\n\n\n\n<p><a href=\"https:\/\/www.les2rives.info\/bolivie_ogm?e=e5fb6f55b46ebf7e491bd7f4c8cb3ccc&amp;utm_source=les2rives&amp;utm_medium=email&amp;utm_campaign=newsletter_14&amp;n=19\">Le Gouvernement bolivien abrogera le d\u00e9cret de la dictature sur l\u2019utilisation des OGM<\/a> (Prensa Latina)<\/p>\n\n\n\n<p><a href=\"https:\/\/www.les2rives.info\/peruviens_souhaitent_une_nouvelle_constitution?e=e5fb6f55b46ebf7e491bd7f4c8cb3ccc&amp;utm_source=les2rives&amp;utm_medium=email&amp;utm_campaign=newsletter_14&amp;n=23\">97% des p\u00e9ruviens souhaitent une nouvelle Constitution<\/a> (Telesur)<\/p>\n\n\n\n<p>&nbsp;<a href=\"https:\/\/www.les2rives.info\/25mexicains_covid_19?e=e5fb6f55b46ebf7e491bd7f4c8cb3ccc&amp;utm_source=les2rives&amp;utm_medium=email&amp;utm_campaign=newsletter_14&amp;n=25\">25% des mexicains ont \u00e9t\u00e9 expos\u00e9s au Covid 19<\/a> (Telesur)<\/p>\n\n\n\n<p><a href=\"https:\/\/www.franceameriquelatine.org\/gauche-avenir-au-bresil-delcourt-cetri\/\">La gauche a-t-elle encore un avenir au Br\u00e9sil ? <\/a>-Laurent Delcourt (Cetri)<\/p>\n\n\n\n<figure class=\"wp-block-image size-large is-resized is-style-default\"><img data-recalc-dims=\"1\" loading=\"lazy\" decoding=\"async\" src=\"https:\/\/i0.wp.com\/www.rdpemancipation.org\/wp-content\/uploads\/2020\/12\/image-20.png?resize=404%2C302&#038;ssl=1\" alt=\"\" class=\"wp-image-7088\" width=\"404\" height=\"302\" srcset=\"https:\/\/i0.wp.com\/www.rdpemancipation.org\/wp-content\/uploads\/2020\/12\/image-20.png?w=754&amp;ssl=1 754w, https:\/\/i0.wp.com\/www.rdpemancipation.org\/wp-content\/uploads\/2020\/12\/image-20.png?resize=300%2C225&amp;ssl=1 300w\" sizes=\"auto, (max-width: 404px) 100vw, 404px\" \/><\/figure>\n\n\n\n<p><span class=\"has-inline-color has-vivid-red-color\"><strong>19 d\u00e9cembre <\/strong><\/span><\/p>\n\n\n\n<p><a href=\"https:\/\/www.les2rives.info\/origine_problematique_de_la_convention_constitutionnelle_au_chili\" title=\"https:\/\/www.les2rives.info\/origine_problematique_de_la_convention_constitutionnelle_au_chili\">L\u2019origine probl\u00e9matique de la Convention Constitutionnelle au Chili<\/a> (Punto final)<\/p>\n\n\n\n<p>&nbsp;<a href=\"https:\/\/www.les2rives.info\/le_president_cubain_expose_les_perspectives_economiques_pour_2021?e=e5fb6f55b46ebf7e491bd7f4c8cb3ccc&amp;utm_source=les2rives&amp;utm_medium=email&amp;utm_campaign=newsletter_14&amp;n=18\">Le pr\u00e9sident cubain expose les perspectives \u00e9conomiques pour 2021<\/a> (Telesur)<\/p>\n\n\n\n<p>&nbsp;<a href=\"https:\/\/www.les2rives.info\/84_massacre_colombie_2020?e=e5fb6f55b46ebf7e491bd7f4c8cb3ccc&amp;utm_source=les2rives&amp;utm_medium=email&amp;utm_campaign=newsletter_14&amp;n=20\">Un 84\u00e8me massacre vient d&rsquo;\u00eatre perp\u00e9tr\u00e9 en Colombie depuis le d\u00e9but de l&rsquo;ann\u00e9e 2020<\/a> (Telesur)<\/p>\n\n\n\n<p><a href=\"https:\/\/www.les2rives.info\/leopoldo_lopez_narcoavion\">Le fugitif v\u00e9n\u00e9zu\u00e9lien Leopoldo Lopez se d\u00e9place a bord d&rsquo;un avion appartenant aux cartels de la drogue colombiens<\/a>&nbsp; (La Tabla)<\/p>\n\n\n\n<figure class=\"wp-block-image is-resized is-style-default\"><img data-recalc-dims=\"1\" loading=\"lazy\" decoding=\"async\" src=\"https:\/\/i0.wp.com\/d3n8a8pro7vhmx.cloudfront.net\/les2rives\/pages\/566\/attachments\/original\/1608366036\/lt1.jpg?resize=401%2C301&#038;ssl=1\" alt=\"\" width=\"401\" height=\"301\"\/><\/figure>\n\n\n\n<p><span class=\"has-inline-color has-vivid-red-color\"><strong>18 d\u00e9cembre en continu<\/strong><\/span><\/p>\n\n\n\n<p><a href=\"http:\/\/frances.prensa-latina.cu\/index.php?option=com_content&amp;view=article&amp;id=885309:22-generaux-colombiens-seraient-lies-a-des-faux-positifs&amp;opcion=pl-ver-noticia&amp;catid=39&amp;Itemid=101\">22 g\u00e9n\u00e9raux colombiens seraient li\u00e9s \u00e0 des faux positifs<\/a> (Prensa Latina)<\/p>\n\n\n\n<p><a href=\"http:\/\/frances.prensa-latina.cu\/index.php?option=com_content&amp;view=article&amp;id=885313:la-science-cubaine-refute-un-rapport-sur-de-pretendues-attaques-acoustiques&amp;opcion=pl-ver-noticia&amp;catid=193&amp;Itemid=101\">La science cubaine r\u00e9fute un rapport sur de pr\u00e9tendues attaques acoustiques<\/a> (Prensa Latina)<\/p>\n\n\n\n<p><a href=\"https:\/\/www.boursorama.com\/videos\/actualites\/pandemie-de-covid-19-au-bresil-le-pays-deplore-a-nouveau-plus-de-1-000-deces-quotidiens-7ca4bc8234374b2db5dfcaa00f412585\">Pand\u00e9mie de covid-19 au Br\u00e9sil : le pays d\u00e9plore \u00e0 nouveau plus de 1 000 d\u00e9c\u00e8s quotidiens<\/a>&nbsp; (FRANCE 2<\/p>\n\n\n\n<p><strong><span class=\"has-inline-color has-vivid-red-color\">17 d\u00e9cembre<\/span><\/strong> <\/p>\n\n\n\n<p><a href=\"http:\/\/frances.prensa-latina.cu\/index.php?option=com_content&amp;view=article&amp;id=885318:approbation-de-la-participation-indigene-a-la-convention-constitutionnelle-au-chili&amp;opcion=pl-ver-noticia&amp;catid=49&amp;Itemid=101\">Approbation de la participation indig\u00e8ne \u00e0 la Convention constitutionnelle au Chili<\/a> (Prensa Latina))<\/p>\n\n\n\n<p><a href=\"http:\/\/frances.prensa-latina.cu\/index.php?option=com_content&amp;view=article&amp;id=885314:le-mexique-adopte-une-loi-reglementant-les-activites-de-la-dea-et-du-fbi&amp;opcion=pl-ver-noticia&amp;catid=59&amp;Itemid=101\">Le Mexique adopte une loi r\u00e9glementant les activit\u00e9s de la DEA et du FBI<\/a> (Prensa Latina)<\/p>\n\n\n\n<p><a href=\"http:\/\/frances.prensa-latina.cu\/index.php?option=com_content&amp;view=article&amp;id=885311:lonu-plaide-pour-des-mesures-fortes-contre-la-violence-en-colombie&amp;opcion=pl-ver-noticia&amp;catid=29&amp;Itemid=101\">L\u2019ONU plaide pour des mesures fortes contre la violence en Colombie<\/a> (Prensa Latina)<\/p>\n\n\n\n<p><a href=\"https:\/\/venezuelainfos.wordpress.com\/2020\/12\/17\/la-difference-ideologique-nempeche-pas-le-venezuela-et-liran-de-nouer-des-relations-strategiques-par-elijah-j-magnier\/\">La diff\u00e9rence id\u00e9ologique n&#8217;emp\u00eache pas le Venezuela et l&rsquo;Iran de nouer des relations strat\u00e9giques<\/a> (Venezuela info)<\/p>\n\n\n\n<p><a href=\"https:\/\/www.humanite.fr\/chili-pinera-oppose-son-veto-lamnistie-697760#xtor=RSS-1\">Chili. Pinera oppose son veto \u00e0 l\u2019amnistie<\/a> (L\u2019Humanit\u00e9)&nbsp;<\/p>\n\n\n\n<p><a href=\"http:\/\/alencontre.org\/ameriques\/amelat\/colombie\/colombie-les-militants-des-droits-de-lhomme-et-les-communautes-indigenes-cibles-des-paramilitaires.html\">Colombie. Militants des droits de l\u2019homme et communaut\u00e9s indig\u00e8nes cibles des paramilitaires<\/a> (La Diaria, Montevideo)<\/p>\n\n\n\n<figure class=\"wp-block-image\"><img data-recalc-dims=\"1\" decoding=\"async\" src=\"https:\/\/i0.wp.com\/alencontre.org\/wp-content\/uploads\/2020\/12\/DondeEstanColombie.jpg?w=1200\" alt=\"L\u2019attribut alt de cette image est vide, son nom de fichier est DondeEstanColombie.jpg.\"\/><\/figure>\n\n\n\n<p><a href=\"http:\/\/eye.sbc36.com\/c?p=wATNAbTDxBDQuwTQvyAnGUnQiNCo0KcITeFJYWXEENCU9k420MN5Q9C30KU0Olzl0J3QsQTZemh0dHA6Ly93d3cuZXNwYWNlcy1sYXRpbm9zLm9yZy9hcmNoaXZlcy85NTA4MD91dG1fc291cmNlPVNhcmJhY2FuZSZ1dG1fbWVkaXVtPWVtYWlsJnV0bV9jYW1wYWlnbj1OZXdzIGR1IDE2IGTDqWNlbWJyZSAyMDIwuDVjZTAyNzM0Yjk1Y2VlNzFjMGRjZjUyYsQQ0KTy0JrQkgdUSNDJ0I3Qv1PvXPXQhuGtZXllLnNiYzM2LmNvbcQU0Npv0KzQ3dCN6NCW89CdCtDb0LPQ3hfQstDXONDSSeU\">Derri\u00e8re le Covid, Macondo, c\u2019est l\u2019Am\u00e9rique latine magique de Gabriel Garc\u00eda M\u00e1rquez<\/a> (Espaces Latinos)<\/p>\n\n\n\n<p><a href=\"http:\/\/frances.prensa-latina.cu\/index.php?option=com_content&amp;view=article&amp;id=885304:&amp;opcion=pl-ver-noticia&amp;catid=99\">Br\u00e9sil : une juge ordonne des \u00e9claircissements concernant une aide ill\u00e9gale au fils de Bolsonaro<\/a> (Prensa Latina)<\/p>\n\n\n\n<p><a href=\"http:\/\/eye.sbc36.com\/c?p=wATNAbTDxBDQuwTQvyAnGUnQiNCo0KcITeFJYWXEENCEGtDTFtDL_kYT0Jsa0IrQtD89-_XZemh0dHA6Ly93d3cuZXNwYWNlcy1sYXRpbm9zLm9yZy9hcmNoaXZlcy85NTA3Nj91dG1fc291cmNlPVNhcmJhY2FuZSZ1dG1fbWVkaXVtPWVtYWlsJnV0bV9jYW1wYWlnbj1OZXdzIGR1IDE2IGTDqWNlbWJyZSAyMDIwuDVjZTAyNzM0Yjk1Y2VlNzFjMGRjZjUyYsQQ0KTy0JrQkgdUSNDJ0I3Qv1PvXPXQhuGtZXllLnNiYzM2LmNvbcQU0Npv0KzQ3dCN6NCW89CdCtDb0LPQ3hfQstDXONDSSeU\">Pour fl\u00e2ner en connaissance de cause\u202f: le guide \u00ab&nbsp;Buenos Aires en V. 0.&nbsp;\u00bb<\/a> (Espaces Latinos)<\/p>\n\n\n\n<p><a href=\"http:\/\/eye.sbc36.com\/c?p=wATNAbTDxBDQuwTQvyAnGUnQiNCo0KcITeFJYWXEEG_Q3RjQnPk6Te7QoOxiINC40N8s-9l6aHR0cDovL3d3dy5lc3BhY2VzLWxhdGlub3Mub3JnL2FyY2hpdmVzLzk1MTEwP3V0bV9zb3VyY2U9U2FyYmFjYW5lJnV0bV9tZWRpdW09ZW1haWwmdXRtX2NhbXBhaWduPU5ld3MgZHUgMTYgZMOpY2VtYnJlIDIwMjC4NWNlMDI3MzRiOTVjZWU3MWMwZGNmNTJixBDQpPLQmtCSB1RI0MnQjdC_U-9c9dCG4a1leWUuc2JjMzYuY29txBTQ2m_QrNDd0I3o0Jbz0J0K0NvQs9DeF9Cy0Nc40NJJ5Q\">Hommage \u00e0 Fernando Pino Solanas : L\u2019\u00e8re des pr\u00e9sidents-grenouilles<\/a> (Espaces Latinos)<\/p>\n\n\n\n<p><a href=\"https:\/\/www.les2rives.info\/argentine_assume_presidence_tournante_mercosur\">L&rsquo;Argentine assume la pr\u00e9sidence tournante du Mercosur<\/a> (les 2 rives info)<\/p>\n\n\n\n<p><a href=\"https:\/\/www.les2rives.info\/les_correistes_presentent_leur_plan_economique\">Les correistes pr\u00e9sentent leur plan \u00e9conomique pour l&rsquo;\u00c9quateur<\/a> (les 2 rives info)<\/p>\n\n\n\n<p><a href=\"https:\/\/www.les2rives.info\/peruviens_souhaitent_une_nouvelle_constitution\">97% des p\u00e9ruviens souhaitent une nouvelle Constitution<\/a> (les 2 rives info)<\/p>\n\n\n\n<p><a href=\"https:\/\/www.les2rives.info\/25mexicains_covid_19\">25% des mexicains ont \u00e9t\u00e9 expos\u00e9s au Covid 19<\/a> (les 2 rives info)<\/p>\n\n\n\n<p><a href=\"https:\/\/www.les2rives.info\/travailleurs_des_mines_greve_perou\">Des travailleurs des mines se mettent en gr\u00e8ve au P\u00e9rou<\/a> (les 2 rives info)<\/p>\n\n\n\n<figure class=\"wp-block-image\"><img data-recalc-dims=\"1\" decoding=\"async\" src=\"https:\/\/i0.wp.com\/d3n8a8pro7vhmx.cloudfront.net\/les2rives\/pages\/556\/attachments\/original\/1608033531\/epnzgjtxmaqkb9d.jpg?w=1200&#038;ssl=1\" alt=\"\"\/><\/figure>\n\n\n\n<p><strong><span class=\"has-inline-color has-vivid-red-color\">16 d\u00e9cembre <\/span><\/strong><\/p>\n\n\n\n<p><a href=\"http:\/\/eye.sbc36.com\/c?p=wATNAbTDxBDQuwTQvyAnGUnQiNCo0KcITeFJYWXEENCU9k420MN5Q9C30KU0Olzl0J3QsQTZemh0dHA6Ly93d3cuZXNwYWNlcy1sYXRpbm9zLm9yZy9hcmNoaXZlcy85NTA4MD91dG1fc291cmNlPVNhcmJhY2FuZSZ1dG1fbWVkaXVtPWVtYWlsJnV0bV9jYW1wYWlnbj1OZXdzIGR1IDE2IGTDqWNlbWJyZSAyMDIwuDVjZTAyNzM0Yjk1Y2VlNzFjMGRjZjUyYsQQ0KTy0JrQkgdUSNDJ0I3Qv1PvXPXQhuGtZXllLnNiYzM2LmNvbcQU0Npv0KzQ3dCN6NCW89CdCtDb0LPQ3hfQstDXONDSSeU\">Derri\u00e8re le Covid, Macondo, c\u2019est l\u2019Am\u00e9rique latine magique de Gabriel Garc\u00eda M\u00e1rquez<\/a> (Espaces Latinos)<\/p>\n\n\n\n<p><a href=\"http:\/\/frances.prensa-latina.cu\/index.php?option=com_content&amp;view=article&amp;id=885304:&amp;opcion=pl-ver-noticia&amp;catid=99\">Br\u00e9sil : une juge ordonne des \u00e9claircissements concernant une aide ill\u00e9gale au fils de Bolsonaro<\/a> (Prensa Latina)<\/p>\n\n\n\n<p><a href=\"http:\/\/eye.sbc36.com\/c?p=wATNAbTDxBDQuwTQvyAnGUnQiNCo0KcITeFJYWXEENCEGtDTFtDL_kYT0Jsa0IrQtD89-_XZemh0dHA6Ly93d3cuZXNwYWNlcy1sYXRpbm9zLm9yZy9hcmNoaXZlcy85NTA3Nj91dG1fc291cmNlPVNhcmJhY2FuZSZ1dG1fbWVkaXVtPWVtYWlsJnV0bV9jYW1wYWlnbj1OZXdzIGR1IDE2IGTDqWNlbWJyZSAyMDIwuDVjZTAyNzM0Yjk1Y2VlNzFjMGRjZjUyYsQQ0KTy0JrQkgdUSNDJ0I3Qv1PvXPXQhuGtZXllLnNiYzM2LmNvbcQU0Npv0KzQ3dCN6NCW89CdCtDb0LPQ3hfQstDXONDSSeU\">Pour fl\u00e2ner en connaissance de cause\u202f: le guide \u00ab&nbsp;Buenos Aires en V. 0.&nbsp;\u00bb<\/a> (Espaces Latinos)<\/p>\n\n\n\n<p><a href=\"http:\/\/eye.sbc36.com\/c?p=wATNAbTDxBDQuwTQvyAnGUnQiNCo0KcITeFJYWXEEG_Q3RjQnPk6Te7QoOxiINC40N8s-9l6aHR0cDovL3d3dy5lc3BhY2VzLWxhdGlub3Mub3JnL2FyY2hpdmVzLzk1MTEwP3V0bV9zb3VyY2U9U2FyYmFjYW5lJnV0bV9tZWRpdW09ZW1haWwmdXRtX2NhbXBhaWduPU5ld3MgZHUgMTYgZMOpY2VtYnJlIDIwMjC4NWNlMDI3MzRiOTVjZWU3MWMwZGNmNTJixBDQpPLQmtCSB1RI0MnQjdC_U-9c9dCG4a1leWUuc2JjMzYuY29txBTQ2m_QrNDd0I3o0Jbz0J0K0NvQs9DeF9Cy0Nc40NJJ5Q\">Hommage \u00e0 Fernando Pino Solanas : L\u2019\u00e8re des pr\u00e9sidents-grenouilles<\/a> (Espaces Latinos)<\/p>\n\n\n\n<figure class=\"wp-block-image\"><img decoding=\"async\" src=\"https:\/\/i0.wp.com\/www.espaces-latinos.org\/wp-content\/uploads\/HomenajeSolanas710x300.png?fit=710%2C300\" alt=\"\"\/><\/figure>\n\n\n\n<p><span class=\"has-inline-color has-vivid-red-color\"><strong>15 d\u00e9cembre <\/strong><\/span><\/p>\n\n\n\n<p><a href=\"https:\/\/pardem.org\/international\/1089-la-nouvelle-guerre-economique-des-usa\">La nouvelle guerre \u00e9conomique des USA<\/a> (Pardem)<\/p>\n\n\n\n<p><a href=\"https:\/\/www.franceameriquelatine.org\/ong-suedoise-quitte-nicaragua-loi-agents-etrangers-le-monde-afp\/\">Une ONG su\u00e9doise quitte le Nicaragua en r\u00e9action \u00e0 la loi \u00ab sur les agents \u00e9trangers \u00bb <\/a>(Le Monde \/ AFP)<\/p>\n\n\n\n<p><a href=\"https:\/\/www.humanite.fr\/venezuela-une-geographie-des-feminicides-contre-les-violences-sexistes-697623#xtor=RSS-1\">Venezuela. Une g\u00e9ographie des f\u00e9minicides contre les violences sexistes<\/a> (L\u2019Humanit\u00e9)<\/p>\n\n\n\n<p><a href=\"http:\/\/alencontre.org\/ameriques\/amelat\/cuba\/cuba-le-cuc-cessera-de-circuler-le-1er-janvier-2021.html\">Cuba. Le CUC cessera de circuler le 1er&nbsp;janvier&nbsp;2021 <\/a>(P\u00e1gina 12)<\/p>\n\n\n\n<p><a href=\"http:\/\/alencontre.org\/ameriques\/amelat\/cuba\/cuba-apres-larrestation-du-rappeur-denis-solis-quelle-action-engager-quel-dialogue-tenter-ou-pas-avec-les-institutions.html\">Cuba. Apr\u00e8s l\u2019arrestation du rappeur Solis, quelle action, quel dialogue ou pas avec les institutions? <\/a>(Alencontre)<\/p>\n\n\n\n<div class=\"wp-block-image is-style-default\"><figure class=\"aligncenter\"><img data-recalc-dims=\"1\" decoding=\"async\" src=\"https:\/\/i0.wp.com\/alencontre.org\/wp-content\/uploads\/2020\/12\/DenisSolis.jpg?w=1200\" alt=\"\" class=\"wp-image-66920\"\/><\/figure><\/div>\n\n\n\n<p><strong><span class=\"has-inline-color has-vivid-red-color\">14 d\u00e9cembre<\/span><\/strong><\/p>\n\n\n\n<p><a href=\"https:\/\/www.equaltimes.org\/les-syndicats-a-un-tournant-dans\">Les syndicats \u00e0 un tournant dans la construction d&rsquo;une transition juste en Argentine<\/a> (Equal Times)<\/p>\n\n\n\n<p><a href=\"http:\/\/feedproxy.google.com\/~r\/opendemocracy\/~3\/0GKPzjDgQI4\/\">Equateur: une victoire pour l&rsquo;\u00e9cologie<\/a> (anglais -openDemocracy)<\/p>\n\n\n\n<p><a href=\"https:\/\/www.contretemps.eu\/venezuela-bilan-elections-2020-maduro-psuv-gauche\/\">Venezuela : des \u00e9lections en trompe-l\u2019oeil<\/a> -Patrick Guillaudat (Contretemps)<\/p>\n\n\n\n<p><a href=\"https:\/\/www.les2rives.info\/renforcement_de_l_autoritarisme_en_haiti\">Renforcement de l&rsquo;autoritarisme en Ha\u00efti<\/a> (les 2 rives info)<\/p>\n\n\n\n<p><a href=\"https:\/\/www.les2rives.info\/84_massacre_colombie_2020\">Un 84\u00e8me massacre vient d&rsquo;\u00eatre perp\u00e9tr\u00e9 en Colombie depuis le d\u00e9but de l&rsquo;ann\u00e9e 2020<\/a> (les 2 rives info)<\/p>\n\n\n\n<p><a href=\"https:\/\/www.les2rives.info\/les_manifestations_continuent_au_guatemala\">Les manifestations continuent au Guatemala pour exiger la d\u00e9mission du pr\u00e9sident<\/a> (les 2 rives info)<\/p>\n\n\n\n<figure class=\"wp-block-image\"><img data-recalc-dims=\"1\" height=\"680\" width=\"1024\" decoding=\"async\" src=\"https:\/\/i0.wp.com\/d3n8a8pro7vhmx.cloudfront.net\/les2rives\/pages\/552\/attachments\/original\/1607942347\/P6f2JMLam-1024x680.jpg?resize=1024%2C680&#038;ssl=1\" alt=\"\"\/><\/figure>\n\n\n\n<p><span class=\"has-inline-color has-vivid-red-color\"><strong>13 d\u00e9cembre<\/strong><\/span><\/p>\n\n\n\n<p><a href=\"https:\/\/lvsl.fr\/les-eglises-evangeliques-agissent-comme-des-partis-politiques-en-amerique-latine-entretien-avec-amauri-chamorro\/\">Les \u00e9glises \u00e9vang\u00e9liques agissent comme des partis politiques en Am\u00e9rique latine \u2013&nbsp;<\/a> (Le Vent Se L\u00e8ve)<\/p>\n\n\n\n<p><a href=\"https:\/\/www.humanite.fr\/au-bresil-un-jeune-noir-est-tue-toutes-les-23-minutes-lindignation-monte-697345#xtor=RSS-1\">Au Br\u00e9sil, un jeune Noir est tu\u00e9 toutes les 23 minutes, l&rsquo;indignation monte<\/a> (L\u2019Humanit\u00e9)&nbsp;<\/p>\n\n\n\n<figure class=\"wp-block-image\"><img data-recalc-dims=\"1\" decoding=\"async\" src=\"https:\/\/i0.wp.com\/www.humanite.fr\/sites\/default\/files\/styles\/1048x350\/public\/images\/80595.HR.jpg?w=1200&#038;ssl=1\" alt=\"Le meurtre de Joao, un \u00e9lectrochoc,  &quot;Vidas negras tamben importam&quot; (les vies des Noirs comptent aussi), les manifestations ne d\u00e9senflent pas. \u00a9 Ricardo Morales\/AFP\"\/><figcaption><sub>Le meurtre de Joao, un \u00e9lectrochoc, \u00ab\u00a0Vidas negras tamben importam\u00a0\u00bb (les vies des Noirs comptent aussi),<\/sub><br><sub>les manifestations ne d\u00e9senflent pas. \u00a9 Ricardo Morales\/AFP<\/sub><\/figcaption><\/figure>\n\n\n\n<p><strong><span class=\"has-inline-color has-vivid-red-color\">12 d\u00e9cembre<\/span><\/strong><\/p>\n\n\n\n<p><a href=\"http:\/\/alencontre.org\/ameriques\/amelat\/argentine\/argentine-la-premiere-annee-dalberto-fernandez-la-faille-sociale-structurelle.html\">Argentine. La premi\u00e8re ann\u00e9e d\u2019Alberto Fern\u00e1ndez: la faille sociale structurelle <\/a>(Alencontre)<\/p>\n\n\n\n<p><a href=\"http:\/\/alencontre.org\/ameriques\/amelat\/venezuela\/venezuela-avec-de-moins-en-moins-de-voix-le-chavisme-concentre-de-plus-en-plus-de-pouvoir.html\">Venezuela. \u00abAvec de moins en moins de voix, le chavisme concentre de plus en plus de pouvoir\u00bb <\/a>(Brecha)<\/p>\n\n\n\n<p><a href=\"https:\/\/venezuelainfos.wordpress.com\/2020\/12\/12\/meme-lopposition-considere-que-lelection-au-venezuela-est-legitime-par-vijay-prashad-peoples-dispatch-globetrotter\/\">M\u00eame l&rsquo;opposition consid\u00e8re que l&rsquo;\u00e9lection au Venezuela est l\u00e9gitime <\/a>&nbsp;Vijay Prashad ( Venezuela infos)<\/p>\n\n\n\n<p><a href=\"https:\/\/www.boursorama.com\/actualite-economique\/actualites\/venezuela-consultation-populaire-convoquee-par-guaido-pour-remobiliser-l-opposition-5d659a11c1d1b07d2deafa1a8c2ca50f\">Venezuela: \u00ab\u00a0consultation populaire\u00a0\u00bb convoqu\u00e9e par Guaido pour remobiliser l&rsquo;opposition<\/a> (AFP)<\/p>\n\n\n\n<p><a href=\"https:\/\/www.boursorama.com\/actualite-economique\/actualites\/le-bresil-en-pleine-2e-vague-de-coronavirus-avec-180-000-morts-ae258f4612e657ed648bf87636f11d27\">Le Br\u00e9sil en pleine 2e vague de coronavirus, avec 180.000 morts<\/a>&nbsp; (AFP)<\/p>\n\n\n\n<p><a href=\"https:\/\/www.revolutionpermanente.fr\/Le-droit-a-l-IVG-sera-gagne-par-la-lutte-Nicolas-Del-Cano-depute-revolutionnaire-argentin\">\u00ab&nbsp;Le droit \u00e0 l\u2019IVG sera gagn\u00e9 par la lutte&nbsp;!&nbsp;\u00bb Nicolas Del Ca\u00f1o, d\u00e9put\u00e9 r\u00e9volutionnaire argentin<\/a> (RP)<\/p>\n\n\n\n<p><a href=\"https:\/\/www.humanite.fr\/au-bresil-conscience-noire-et-tetes-hautes-697345#xtor=RSS-1\">Au Br\u00e9sil, conscience noire et t\u00eates hautes<\/a> (L\u2019Humanit\u00e9)&nbsp;<\/p>\n\n\n\n<p><a href=\"https:\/\/www.humanite.fr\/au-pays-de-bolsonaro-apres-lesclavage-le-racisme-sert-perpetuer-les-inegalites-697376#xtor=RSS-1\">Au pays de Bolsonaro , \u00ab apr\u00e8s l\u2019esclavage, le racisme sert \u00e0 perp\u00e9tuer les in\u00e9galit\u00e9s \u00bb<\/a> (L\u2019Humanit\u00e9)<\/p>\n\n\n\n<figure class=\"wp-block-image is-resized is-style-default\"><img data-recalc-dims=\"1\" loading=\"lazy\" decoding=\"async\" src=\"https:\/\/i0.wp.com\/www.humanite.fr\/sites\/default\/files\/styles\/1048x350\/public\/images\/80595.HR.jpg?resize=583%2C250&#038;ssl=1\" alt=\"Le meurtre de Joao, un \u00e9lectrochoc,  &quot;Vidas negras tamben importam&quot; (les vies des Noirs comptent aussi), les manifestations ne d\u00e9senflent pas. \u00a9 Ricardo Morales\/AFP\" width=\"583\" height=\"250\" title=\"\"\/><\/figure>\n\n\n\n<p><strong><span class=\"has-inline-color has-vivid-red-color\">11 d\u00e9cembre<\/span><\/strong> <\/p>\n\n\n\n<p><a href=\"http:\/\/frances.prensa-latina.cu\/index.php?option=com_content&amp;view=article&amp;id=885259:&amp;opcion=pl-ver-noticia&amp;catid=99\">Les \u00c9tats-Unis changent de m\u00e9thodes mais maintiennent leur pr\u00e9tention sur Cuba<\/a> (Prensa Latina)<\/p>\n\n\n\n<p>\u200c <a href=\"https:\/\/www.boursorama.com\/actualite-economique\/actualites\/cuba-le-salaire-minimum-multiplie-par-5-le-prix-du-pain-par-20-3f4852fc16d25771c7c1ee0aba137152\">Cuba: le salaire minimum multipli\u00e9 par 5, le prix du pain par 20<\/a>&nbsp; (AFP)<\/p>\n\n\n\n<p><a href=\"https:\/\/www.boursorama.com\/actualite-economique\/actualites\/argentine-les-deputes-legalisent-l-avortement-la-parole-aux-senateurs-24a6241779c95a8061e13ceab56d95a8\">Argentine: les d\u00e9put\u00e9s l\u00e9galisent l&rsquo;avortement, la parole aux s\u00e9nateurs<\/a> (AFP)<\/p>\n\n\n\n<p><a href=\"https:\/\/www.franceameriquelatine.org\/cahiers-antidote-amerique-latine-syllepse-telechargement-gratuit\/\">Les cahiers de l\u2019Antidote: sp\u00e9cial Am\u00e9rique latine -\u00e9ditions Syllepse \/ t\u00e9l\u00e9chargement gratuit-<\/a> (FAL)<\/p>\n\n\n\n<p><a href=\"https:\/\/www.boursorama.com\/actualite-economique\/actualites\/la-bolivie-reconnait-l-union-civile-entre-personnes-du-meme-sexe-e25278ea56a991ff480f790696e277ae\">La Bolivie reconna\u00eet l&rsquo;union civile entre personnes du m\u00eame sexe<\/a>&nbsp; (AFP)<\/p>\n\n\n\n<p><a href=\"https:\/\/www.lemonde.fr\/international\/article\/2020\/12\/07\/mexique-l-empire-des-cartels_6062495_3210.html?xtor=CS3-33281116\">Mexique: l&#8217;empire des cartels<\/a> (Le monde)<\/p>\n\n\n\n<p><a href=\"https:\/\/www.facebook.com\/watch\/live\/?v=669402583753050&amp;ref=notif&amp;notif_id=1607708163487363&amp;notif_t=live_video\">Analyse des \u00e9lections au Venezuela<\/a> (FB live, les 2 rives info)<\/p>\n\n\n\n<figure class=\"wp-block-image size-large is-resized is-style-default\"><img data-recalc-dims=\"1\" loading=\"lazy\" decoding=\"async\" src=\"https:\/\/i0.wp.com\/www.rdpemancipation.org\/wp-content\/uploads\/2020\/12\/Capture-decran-2020-12-11-a-19.36.17.png?resize=577%2C379&#038;ssl=1\" alt=\"\" class=\"wp-image-5665\" width=\"577\" height=\"379\" srcset=\"https:\/\/i0.wp.com\/www.rdpemancipation.org\/wp-content\/uploads\/2020\/12\/Capture-decran-2020-12-11-a-19.36.17.png?w=735&amp;ssl=1 735w, https:\/\/i0.wp.com\/www.rdpemancipation.org\/wp-content\/uploads\/2020\/12\/Capture-decran-2020-12-11-a-19.36.17.png?resize=300%2C198&amp;ssl=1 300w\" sizes=\"auto, (max-width: 577px) 100vw, 577px\" \/><figcaption><strong>Des manifestantes pro-IVG laissent \u00e9clater leur joie \u00e0 l&rsquo;annonce du vote par les d\u00e9put\u00e9s de la l\u00e9galisation de l&rsquo;avortement, le 11 d\u00e9cembre 2020 \u00e0 Buenos Aires ( AFP \/ Ronaldo Schemidt )<\/strong><\/figcaption><\/figure>\n\n\n\n<p><strong><span class=\"has-inline-color has-vivid-red-color\">10 d\u00e9cembre<\/span><\/strong><\/p>\n\n\n\n<p><a href=\"https:\/\/www.equaltimes.org\/le-travail-decent-est-la-cle-du\">Le travail d\u00e9cent est la cl\u00e9 du mouvement syndical des Am\u00e9riques face \u00e0 la pand\u00e9mie<\/a> (Equal Times)&nbsp;<\/p>\n\n\n\n<p><a href=\"https:\/\/www.boursorama.com\/videos\/actualites\/mexique-la-bataille-d-une-journaliste-contre-les-cartels-0a712eca38c078dd0aca2b9078f205c1\">Mexique : la bataille d&rsquo;une journaliste contre les cartels<\/a> (FRANCE 24)<\/p>\n\n\n\n<p><a href=\"https:\/\/www.fidh.org\/fr\/regions\/ameriques\/equateur\/equateur-la-communaute-waorani-et-des-organisations-poursuivent\">\u00c9quateur : La communaut\u00e9 Waorani&nbsp; poursuit PetroOriental pour contribution au changement climatique<\/a> ( FIDH)&nbsp;<\/p>\n\n\n\n<p><a href=\"https:\/\/www.autresbresils.net\/De-la-strategie-du-bigorneau-de-Machado-de-Assis-au-racisme-structurel-Black\">Autres Br\u00e9sils :&nbsp; Black Money et la presse de r\u00e9sistance<\/a> (Centre International de Culture Populaire)&nbsp;<\/p>\n\n\n\n<p><a href=\"https:\/\/www.boursorama.com\/actualite-economique\/actualites\/argentine-ouverture-de-la-session-parlementaire-sur-la-legalisation-de-l-ivg-f9b87ffb054dcc4bf1bef22dce0b950a\">Argentine: ouverture de la session parlementaire sur la l\u00e9galisation de l&rsquo;IVG<\/a> (AFP)<\/p>\n\n\n\n<p><a href=\"https:\/\/www.medelu.org\/Venezuela-mode-d-emploi\">Venezuela mode d&#8217;emploi<\/a> Maurice Lemoine (M\u00e9moire des luttes)<\/p>\n\n\n\n<p><span class=\"has-inline-color has-vivid-red-color\"><strong>9 d\u00e9cembre<\/strong><\/span><\/p>\n\n\n\n<p><a href=\"https:\/\/www.revolutionpermanente.fr\/Imperialisme-au-Venezuela-les-USA-et-l-UE-refusent-de-reconnaitre-les-resultats-des-elections\">Imp\u00e9rialisme au Venezuela&nbsp;: les USA et l\u2019UE refusent de reconna\u00eetre les r\u00e9sultats des \u00e9lections<\/a> (RP)<\/p>\n\n\n\n<p><a href=\"https:\/\/www.tresor.economie.gouv.fr\/Articles\/2020\/12\/08\/les-determinants-economiques-des-crises-sociales-en-amerique-latine\">Les d\u00e9terminants \u00e9conomiques des crises sociales en Am\u00e9riques latine<\/a> (Tr\u00e9sor-\u00e9co)<\/p>\n\n\n\n<p><a href=\"https:\/\/www.bastamag.net\/Marielle-Franco-1000-jours-feminicides-Bresil-Rio-de-Janeiro-favelas\">\u00ab Pour Marielle, Anderson, Emily,&nbsp; Rebeca, pour les 22 enfants tu\u00e9s par balles cette ann\u00e9e \u00e0 Rio \u00bb<\/a> (Basta&nbsp;!)<\/p>\n\n\n\n<p><a href=\"https:\/\/www.boursorama.com\/actualite-economique\/actualites\/perou-le-sujet-brulant-des-violences-policieres-fait-valser-les-ministres-de-l-interieur-1e0cf3566dd552883fec03fdaa1c25ef\">P\u00e9rou: le sujet br\u00fblant des violences polici\u00e8res fait valser les ministres de l&rsquo;Int\u00e9rieur<\/a> (AFP)<\/p>\n\n\n\n<p><a href=\"http:\/\/cadtm.org\/Nicaragua-notre-denonciation-fait-partie-de-la-lutte-de-notre-peuple-pour-sa\">Nicaragua : \u00ab notre d\u00e9nonciation fait partie de la lutte de notre peuple pour sa libert\u00e9 \u00bb<\/a> (CADTM)<\/p>\n\n\n\n<p><span class=\"has-inline-color has-vivid-red-color\"><strong>8 d\u00e9cembre<\/strong><\/span><\/p>\n\n\n\n<p><a href=\"http:\/\/frances.prensa-latina.cu\/index.php?option=com_content&amp;view=article&amp;id=885231:&amp;opcion=pl-ver-noticia&amp;catid=193\">Cuba donne la priorit\u00e9 \u00e0 la production de soja pour la souverainet\u00e9 alimentaire<\/a> (Prensa Latina)<\/p>\n\n\n\n<p><a href=\"https:\/\/www.humanite.fr\/les-venezueliens-veulent-tourner-la-page-du-blocus-697271#xtor=RSS-1\">Les V\u00e9n\u00e9zu\u00e9liens veulent tourner la page du blocus<\/a> (L\u2019Humanit\u00e9)<\/p>\n\n\n\n<p><a href=\"https:\/\/www.boursorama.com\/videos\/actualites\/ofelia-fernandez-deputee-argentine-etre-feministe-c-est-etre-du-cote-de-l-histoire-03c6745e2c20cfeb5adb635054e3d18e\">Ofelia Fernandez, d\u00e9put\u00e9e argentine : \u00ab\u00a0\u00catre f\u00e9ministe, c&rsquo;est \u00eatre du c\u00f4t\u00e9 de l&rsquo;Histoire\u00a0\u00bb<\/a> (FRANCE 24)<\/p>\n\n\n\n<p><a href=\"https:\/\/europe-solidaire.us8.list-manage.com\/track\/click?u=5c732dd5ee65845cf20fd724a&amp;id=2edbcb8161&amp;e=5df9c98670\">Biden et l\u2019Am\u00e9rique centrale<\/a> -FERNANDEZ Bel\u00e9n<\/p>\n\n\n\n<p><a href=\"https:\/\/alencontre.org\/ameriques\/amelat\/bolivie\/bolivie-le-gouvernement-a-commence-a-payer-le-bon-contre-la-faim.html\">Bolivie. Le gouvernement a commenc\u00e9 \u00e0 payer le \u00abbon contre la faim\u00bb <\/a>(Alencontre)<\/p>\n\n\n\n<p><a href=\"https:\/\/europe-solidaire.us8.list-manage.com\/track\/click?u=5c732dd5ee65845cf20fd724a&amp;id=8d2918f294&amp;e=5df9c98670\">Bolivie&nbsp;: les nouveaux d\u00e9fis du MAS<\/a> -SOL\u00d3N Pablo<\/p>\n\n\n\n<p><a href=\"https:\/\/europe-solidaire.us8.list-manage.com\/track\/click?u=5c732dd5ee65845cf20fd724a&amp;id=cba69fd9b9&amp;e=5df9c98670\">Une mini\u00e8re canadienne d\u00e9nonc\u00e9e au Mexique<\/a> -MOORE Jen<\/p>\n\n\n\n<p><a href=\"https:\/\/venezuelainfos.wordpress.com\/2020\/12\/08\/rafael-correa-sur-les-elections-au-venezuela\/\">Rafael Correa sur les \u00e9lections l\u00e9gislatives au Venezuela<\/a> (venezuela info)<\/p>\n\n\n\n<figure class=\"wp-block-image size-large\"><img data-recalc-dims=\"1\" loading=\"lazy\" decoding=\"async\" width=\"439\" height=\"292\" src=\"https:\/\/i0.wp.com\/www.rdpemancipation.org\/wp-content\/uploads\/2020\/12\/correa-vnz.png?resize=439%2C292&#038;ssl=1\" alt=\"\" class=\"wp-image-5051\" srcset=\"https:\/\/i0.wp.com\/www.rdpemancipation.org\/wp-content\/uploads\/2020\/12\/correa-vnz.png?w=439&amp;ssl=1 439w, https:\/\/i0.wp.com\/www.rdpemancipation.org\/wp-content\/uploads\/2020\/12\/correa-vnz.png?resize=300%2C200&amp;ssl=1 300w, https:\/\/i0.wp.com\/www.rdpemancipation.org\/wp-content\/uploads\/2020\/12\/correa-vnz.png?resize=174%2C116&amp;ssl=1 174w\" sizes=\"auto, (max-width: 439px) 100vw, 439px\" \/><\/figure>\n\n\n\n<p><strong><span class=\"has-inline-color has-vivid-red-color\">7 d\u00e9cembre<\/span><\/strong> <\/p>\n\n\n\n<p><a href=\"http:\/\/cadtm.org\/Malcom-Ferdinand-Une-ecologie-decoloniale-Penser-l-ecologie-depuis-le-monde\">Malcom Ferdinand, Une \u00e9cologie d\u00e9coloniale. Penser l&rsquo;\u00e9cologie depuis le monde carib\u00e9en<\/a> (CADTM)<\/p>\n\n\n\n<p><a href=\"https:\/\/alt-rev.com\/2020\/12\/07\/bresil-dix-notes-sur-les-elections-municipales-de-2020\/\">Br\u00e9sil. Dix notes sur les \u00e9lections municipales<\/a> (A l\u2019encontre)<\/p>\n\n\n\n<p><a href=\"https:\/\/theconversation.com\/au-bresil-et-ailleurs-risques-noirs-securite-blanche-151129\">Au Br\u00e9sil et ailleurs : risques noirs, s\u00e9curit\u00e9 blanche<\/a> (The Conversation)<\/p>\n\n\n\n<p><a href=\"https:\/\/www.boursorama.com\/actualite-economique\/actualites\/legislatives-au-venezuela-rejet-de-l-europe-et-des-etats-unis-eloge-de-la-russie-08b2033a382d57c6dc784568dd4569e5\">L\u00e9gislatives au Venezuela: rejet de l&rsquo;Europe et des Etats-Unis, \u00e9loge de la Russie<\/a> (AFP)<\/p>\n\n\n\n<p><a href=\"https:\/\/www.facebook.com\/migusromain\/posts\/1813946665422110\">En Roumanie les lib\u00e9raux gagnent, au Venezuela ce sont les r\u00e9volutionnaires<\/a> (les 2 rives info)<\/p>\n\n\n\n<p><a href=\"https:\/\/venesol.org\/2020\/12\/07\/majorite-pour-le-chavisme-et-doutes-sur-lavenir-de-guaido\/\">Majorit\u00e9 pour le chavisme et doutes sur l&rsquo;avenir de Guaido<\/a> (Venesol)<\/p>\n\n\n\n<figure class=\"wp-block-image size-large\"><img data-recalc-dims=\"1\" decoding=\"async\" src=\"https:\/\/i0.wp.com\/www.rdpemancipation.org\/wp-content\/uploads\/2020\/12\/image-1-e1607370673670.png?w=1200&#038;ssl=1\" alt=\"\" class=\"wp-image-4861\"\/><\/figure>\n\n\n\n<p><strong><span class=\"has-inline-color has-vivid-red-color\">6 d\u00e9cembre<\/span><\/strong><\/p>\n\n\n\n<p><a href=\"https:\/\/media.us17.list-manage.com\/track\/click?u=a9e666741775aaca3293321e6&amp;id=b2eb94778e&amp;e=75ed5c80ff\">On tue en Ha\u00efti dans l\u2019indiff\u00e9rence g\u00e9n\u00e9rale<\/a>&#8211; <a href=\"https:\/\/media.us17.list-manage.com\/track\/click?u=a9e666741775aaca3293321e6&amp;id=0e88cf461b&amp;e=75ed5c80ff\">Lyonel Trouillot<\/a> (AOC)<\/p>\n\n\n\n<p><a href=\"https:\/\/info.mediapart.fr\/optiext\/optiextension.dll?ID=OklOn0w7UBx34_uyh3bVHrfrEak0D54KJyl5pe7ykgSFeWxyHJcri2ovcjCbxy_LpkdEtFPbJ8HbvqkOjfUjHsEbPY+WG\">Au Chili, apr\u00e8s l\u2019euphorie collective vient le temps des d\u00e9bats<\/a> -Victor Figueroa Clark (Alborada)<\/p>\n\n\n\n<p><a href=\"https:\/\/info.mediapart.fr\/optiext\/optiextension.dll?ID=OklOoHApG4aQZE0FCwyIaNCz_UO18LNYx0zOmViZ2uDN6k7yHaOPFikM9JuMRzLOlWdln3GmofNlBzJAfHqduN_cmu0Oa\">Au P\u00e9rou, la rue s\u2019est soulev\u00e9e<\/a> -Carlos Alberto Adrianz\u00e9n (Nueva Sociedad)<\/p>\n\n\n\n<figure class=\"wp-block-image size-large\"><img data-recalc-dims=\"1\" decoding=\"async\" src=\"https:\/\/i0.wp.com\/www.rdpemancipation.org\/wp-content\/uploads\/2020\/12\/image-49.png?w=1200&#038;ssl=1\" alt=\"\" class=\"wp-image-4685\"\/><\/figure>\n\n\n\n<p><span class=\"has-inline-color has-vivid-red-color\"><strong>5 d\u00e9cembre<\/strong><\/span><\/p>\n\n\n\n<p><a href=\"https:\/\/www.franceameriquelatine.org\/nicaragua-1600-personnes-detenues-arbitrairement-depuis-2018-angeline-montoya-le-monde\/\">Au Nicaragua, 1 600 personnes ont \u00e9t\u00e9 d\u00e9tenues arbitrairement depuis 2018 <\/a>(Le Monde)<\/p>\n\n\n\n<p><a href=\"https:\/\/www.franceameriquelatine.org\/venezuela-enjeux-election-legislative-decembre-2020-revue-presse\/\">Venezuela : enjeux de l\u2019\u00e9lection l\u00e9gislative du 6 d\u00e9cembre 2020 <\/a>(revue de presse FAL)<\/p>\n\n\n\n<p><a href=\"https:\/\/www.franceameriquelatine.org\/uruguay-restauration-droite-tribune-oscar-lopez-goldaracena\/\">Uruguay: la \u00ab\u2009restauration\u2009\u00bb de la droite <\/a>-Oscar L\u00f3pez Goldaracena<\/p>\n\n\n\n<p><a href=\"https:\/\/alencontre.org\/ameriques\/amelat\/bresil\/bresil-dix-notes-sur-les-elections-municipales-de-2020.html\">Br\u00e9sil. Dix notes sur les \u00e9lections municipales de 2020 <\/a>-Val\u00e9rio Arcary<\/p>\n\n\n\n<p><a href=\"https:\/\/alencontre.org\/ameriques\/amelat\/bresil\/bresil-la-crise-du-pt-et-la-reconfiguration-de-la-gauche.html\">Br\u00e9sil. La crise du PT et la reconfiguration de la gauche <\/a>(Alencontre)<\/p>\n\n\n\n<p><a href=\"https:\/\/www.facebook.com\/watch\/?v=223666865774885\">Fin de campagne l\u00e9gislative au Venezuela<\/a> (les 2 rives info)<\/p>\n\n\n\n<p><a href=\"https:\/\/www.boursorama.com\/actualite-economique\/actualites\/perou-les-deputes-abrogent-une-loi-agricole-contestee-apres-5-jours-de-barrages-routiers-2c17777d1c4731996794bafe2615ccd6\">P\u00e9rou: les d\u00e9put\u00e9s abrogent une loi agricole contest\u00e9e apr\u00e8s 5 jours de barrages routiers<\/a> (AFP)<\/p>\n\n\n\n<p><a href=\"http:\/\/www.espaces-latinos.org\/archives\/94812?utm_source=Sarbacane&amp;utm_medium=email&amp;utm_campaign=News%202%20d%C3%A9cembre%202020\">Le Mexique et l\u2019Argentine assouplissent leurs lois encadrant la consommation de marihuana<\/a> (Nouveaux espaces Latinos. NEL)<\/p>\n\n\n\n<p><a href=\"http:\/\/www.espaces-latinos.org\/archives\/94894?utm_source=Sarbacane&amp;utm_medium=email&amp;utm_campaign=News%202%20d%C3%A9cembre%202020\">Accord Union Europ\u00e9enne-Mercosur : des oppositions virulentes, des \u00e9ch\u00e9ances incertaines<\/a> (NEL)<\/p>\n\n\n\n<p><a href=\"https:\/\/www.mediapart.fr\/journal\/international\/031220\/le-drame-d-une-mere-symbole-d-un-bresil-inegalitaire?utm_source=20201203&amp;utm_medium=email&amp;utm_campaign=QUOTIDIENNE&amp;utm_content=&amp;utm_term=&amp;xtor=EREC-83-%5BQUOTIDIENNE%5D-20201203&amp;M_BT=1193768211483\">Le drame d\u2019une m\u00e8re, symbole d\u2019un Br\u00e9sil in\u00e9galitaire<\/a> (M\u00e9diapart)<\/p>\n\n\n\n<p><strong><span class=\"has-inline-color has-vivid-red-color\">4 D\u00e9cembre<\/span><\/strong><\/p>\n\n\n\n<p><a href=\"https:\/\/lanticapitaliste.org\/actualite\/international\/le-senat-francais-recoit-juan-guaido-le-president-autoproclame-du-venezuela\">Le s\u00e9nat fran\u00e7ais re\u00e7oit Juan Guaido, le \u00ab pr\u00e9sident \u00bb autoproclam\u00e9 du Venezuela<\/a> (L\u2019Anticapitaliste)<\/p>\n\n\n\n<p><a href=\"https:\/\/lecourrier.ch\/2020\/12\/04\/la-bolivie-demande-leffacement-de-sa-dette-pour-surmonter-la-crise\/\">La Bolivie demande l\u2019effacement de sa dette pour surmonter la crise<\/a> (Le Courrier)&nbsp;<\/p>\n\n\n\n<p><a href=\"https:\/\/www.humanite.fr\/les-venezueliens-aux-urnes-en-plein-chaos-economique-697155#xtor=RSS-1\">Les V\u00e9n\u00e9zu\u00e9liens aux urnes en plein chaos \u00e9conomique<\/a> (L\u2019Humanit\u00e9)<\/p>\n\n\n\n<p><a href=\"https:\/\/www.autresbresils.net\/Solidarite-avec-les-militants-ouvriers-du-Bresil\">Autres Br\u00e9sils : Solidarit\u00e9 avec les militants ouvriers du Br\u00e9sil<\/a> (Centre International de Culture Populaire)<\/p>\n\n\n\n<p><a href=\"https:\/\/www.boursorama.com\/videos\/actualites\/ne-me-tenez-pas-pour-responsable-bolsonaro-sur-les-eventuels-effets-secondaires-d-un-vaccin-anti-covid-d2a3e169b8dbf0067ac2a1b8d5a9cf0e\">\u00ab\u00a0Ne me tenez pas pour responsable\u00a0\u00bb: Bolsonaro sur les \u00e9ventuels effets secondaires d&rsquo;un vaccin anti-Covid<\/a> (AFP VIDEO)<\/p>\n\n\n\n<p><a href=\"https:\/\/www.boursorama.com\/actualite-economique\/actualites\/liberte-d-expression-a-cuba-dialogue-rompu-entre-gouvernement-et-artistes-e80988c3b812d3cacf16a486b113bff3\">Libert\u00e9 d&rsquo;expression \u00e0 Cuba : dialogue rompu entre gouvernement et artistes<\/a> (AFP)<\/p>\n\n\n\n<p><a href=\"http:\/\/www.leslunettesdesalvador.info\/index.php\/2020\/12\/02\/porto-rico-denonciation-de-la-lenteur-de-la-remise-de-fonds-contre-la-pauvrete\/\">Porto-Rico, d\u00e9nonciation de la lenteur de la remise de fonds contre la pauvret\u00e9<\/a> (Les lunettes de Salvador)<\/p>\n\n\n\n<p><a href=\"http:\/\/www.leslunettesdesalvador.info\/index.php\/2020\/12\/01\/dollarisation-chemins-tortueux-de-la-diplomatie-et-fin-de-la-quarantaine\/\">Dollarisation, chemins tortueux de la diplomatie et fin de la quarantaine<\/a> (Les lunettes de Salvador)<\/p>\n\n\n\n<p><a href=\"https:\/\/us02web.zoom.us\/j\/89115332720?fbclid=IwAR0_SfK7K4UUYHY-cn9ZXrgGgIc1cmdqvE8_tGFE6HfGt2C_8EArNYkeWn8#success\">\u00ab Bolivie : quelle pr\u00e9sidence pour Luis Arce ? \u00bb<\/a> Christophe Ventura (conf zoom, 7 dec 18h00)<\/p>\n\n\n\n<p><a href=\"https:\/\/www.les2rives.info\/guaido_senat?fbclid=IwAR0DHze6_w-X_eNDHNI-R0B8IuCsFyyzwpxIOrkAY5EW0AUbp6QHbSBzTdg\">Juan Guaido re\u00e7u au S\u00e9nat. A quoi joue la France ?<\/a> (Les2 rives)<\/p>\n\n\n\n<figure class=\"wp-block-image size-large\"><img data-recalc-dims=\"1\" decoding=\"async\" src=\"https:\/\/i0.wp.com\/www.rdpemancipation.org\/wp-content\/uploads\/2020\/12\/image-31.png?w=1200&#038;ssl=1\" alt=\"\" class=\"wp-image-4345\"\/><\/figure>\n\n\n\n<p><strong><span class=\"has-inline-color has-vivid-red-color\">3 D\u00e9cembre<\/span><\/strong><\/p>\n\n\n\n<p><a href=\"https:\/\/www.labourstartcampaigns.net\/show_campaign.cgi?c=4628\">Br\u00e9sil : mettez fin aux attaques antisyndicales \u00e0 la ville de S\u00e3o Paulo !<\/a> (Labour Start)<\/p>\n\n\n\n<p><a href=\"https:\/\/info.mediapart.fr\/optiext\/optiextension.dll?ID=XtsXtDmjoA7O35Uobc44cmnbKdQeP3d311vTreQ+65oI0GHb5Fy2kAjv0nQ8hUGFDGvjXVyht+oLHN8J26cC5gMAKLbzg\">Le drame d\u2019une m\u00e8re, symbole d\u2019un Br\u00e9sil in\u00e9galitaire<\/a> (MDP)<\/p>\n\n\n\n<p><a href=\"https:\/\/www.equaltimes.org\/projet-de-megafermes-porcines?lang=fr#.X8duEiH7OkH.twitter\">M\u00e9gafermes porcines chinoises en Argentine: opportunit\u00e9 \u00e9conomique ou catastrophe environnementale<\/a> ( Equal Times)<\/p>\n\n\n\n<p><a href=\"http:\/\/www.leslunettesdesalvador.info\/index.php\/2020\/11\/29\/cuba-reitere-aux-etats-unis-quelle-ne-permettra-pas-dingerence-dans-les-affaires-interieures\/?fbclid=IwAR1UQRZ81LvJWwu8RMFVFUxDeKz7sJVqucFz0jJwiJrKI-5Ngu-VIKdrwnQ\">Cuba r\u00e9it\u00e8re aux Etats-Unis qu&rsquo;elle ne permettra pas d&rsquo;ing\u00e9rence dans les affaires int\u00e9rieures<\/a> (Les lunettes de Salvador)<\/p>\n\n\n\n<p><strong><span class=\"has-inline-color has-vivid-red-color\">2 D\u00e9cembre<\/span><\/strong><\/p>\n\n\n\n<p><a href=\"https:\/\/alt-rev.com\/2020\/12\/02\/soutien-massif-a-hugo-blanco-contre-les-attaques-de-lextreme-droite-peruvienne\/\">Soutien massif \u00e0 Hugo Blanco contre les attaques de l\u2019extr\u00eame droite p\u00e9ruvienne<\/a> (Inprecor)<\/p>\n\n\n\n<p><a href=\"https:\/\/www.lemediatv.fr\/articles\/2020\/dieu-etait-de-gauche-dapres-les-argentins-hnNj5iPDTYWL-J_mNcoe0g\">Dieu \u00e9tait de gauche, d&rsquo;apr\u00e8s les Argentins<\/a> (Le M\u00e9dia)<\/p>\n\n\n\n<p><a href=\"https:\/\/www.youtube.com\/channel\/UCmn4qVXzaX1tgKqiKCcW8XQ\">Une \u00e9cole de communication au service de la transformation sociale<\/a> (Terra TV)<\/p>\n\n\n\n<p><a href=\"https:\/\/francais.rt.com\/international\/81324-venezuela-guaido-invite-biden-amplifier-sanctions-sources-dizaines-milliers-morts\/amp?__twitter_impression=true&amp;fbclid=IwAR0Fcbs-F48JIUBFMQnZ-4AWHJhiJ-Bs_i2S9l_d9hxbMqXT7wM-2lH_1o4\">Venezuela: Guaido invite Biden \u00e0 amplifier les sanctions sources de dizaines de milliers de morts<\/a> (RT)<\/p>\n\n\n\n<p><strong><span class=\"has-inline-color has-vivid-red-color\">1er D\u00e9cembre<\/span><\/strong><\/p>\n\n\n\n<p><a href=\"http:\/\/www.contretemps.eu\/siempre-maradona-argentine-dignite-populaire\/\">Siempre Maradona<\/a> (Contretemps)<\/p>\n\n\n\n<p><a href=\"https:\/\/www.boursorama.com\/videos\/actualites\/colombie-rassemblement-de-peluches-contre-les-abus-sexuels-sur-mineurs-d673e276e0ae9dfbd35e8a8b10c6080b\">Colombie: rassemblement de peluches contre les abus sexuels sur mineurs<\/a> (AFP VIDEO)<\/p>\n\n\n\n<p><a href=\"https:\/\/europe-solidaire.us8.list-manage.com\/track\/click?u=5c732dd5ee65845cf20fd724a&amp;id=4cbdcd7979&amp;e=5df9c98670\">Br\u00e9sil&nbsp;: petit rayon de soleil \u00e0 la suite des municipales<\/a> -Rayes Chantal<\/p>\n\n\n\n<p><a href=\"https:\/\/www.franceameriquelatine.org\/scrutin-venezuela-test-pour-guaido-entretien-christophe-ventura-marine-henriot-vatican-news\/\">Scrutin au Venezuela: un test pour Juan Guaid\u00f3 <\/a>-entretien avec Christophe Ventura \/ Marine Henriot (Vatican-news)<\/p>\n\n\n\n<p><a href=\"https:\/\/www.franceameriquelatine.org\/massacres-colombie-signes-prochaine-phase-conflit-thomas-power-nacla-ritimo\/\">Massacres en Colombie, signes d\u2019une prochaine phase du conflit <\/a>(FAL)<\/p>\n\n\n\n<p><a href=\"https:\/\/www.franceameriquelatine.org\/protestas-mobilisations-amerique-latine-temps-covid-web-serie-sciences-po\/\">Protestas: mobilisations en Am\u00e9rique Latine au temps du Covid <\/a>-vid\u00e9os Sciences Po<\/p>\n\n\n\n<p><a href=\"https:\/\/www.franceameriquelatine.org\/municipales-bresil-bolsonaro-echec-centre-droit-vainqueur-revue-presse\/\">Municipales au Br\u00e9sil: Bolsonaro confirme son \u00e9chec, le \u201ccentre droit\u201d grand vainqueur <\/a>-revue de presse FAL<\/p>\n\n\n\n<p><a href=\"https:\/\/www.les2rives.info\/maradona_blocus_venezuela\">Maradona avait r\u00e9alis\u00e9 des gestions secr\u00e8tes pour rompre le blocus contre le Venezuela<\/a> &nbsp;(Les 2 rives)<\/p>\n\n\n\n<p><a rel=\"noreferrer noopener\" href=\"https:\/\/us02web.zoom.us\/j\/5981882757?pwd=jKAaRtyaWd2AZFvbGzHjZ4rfsLtUcA\" target=\"_blank\">Les enjeux des \u00e9lections l\u00e9gislatives au Venezuela<\/a> &nbsp;Maurice Lemoine(conf zoom, 2dec \u00e0 16h00 FAL33)<\/p>\n","protected":false},"excerpt":{"rendered":"<p>31 d\u00e9cembre en continu Historique&nbsp;! La lutte f\u00e9ministe conquiert le droit \u00e0 l\u2019avortement en Argentine (RP) L\u00e9galisation de l\u2019avortement : un cap historique pour l\u2019Argentine (Le Vent Se L\u00e8ve)&nbsp; Cuba: entr\u00e9e en vigueur au 1er janvier d&rsquo;une vaste r\u00e9forme salariale&nbsp; (AFP) Au Br\u00e9sil, le mouvement Black Lives Matter prend de l&rsquo;ampleur (France 24) Violence sans &#8230; <a title=\"D\u00e9cembre -Am\u00e9rique Latine &#038; Cara\u00efbe\" class=\"read-more\" href=\"https:\/\/www.rdpemancipation.org\/?p=3764\" aria-label=\"En savoir plus sur D\u00e9cembre -Am\u00e9rique Latine &#038; Cara\u00efbe\">Lire la suite<\/a><\/p>\n","protected":false},"author":1,"featured_media":0,"comment_status":"closed","ping_status":"closed","sticky":false,"template":"","format":"standard","meta":{"_lmt_disableupdate":"no","_lmt_disable":"no","_jetpack_memberships_contains_paid_content":false,"footnotes":""},"categories":[21],"tags":[],"class_list":["post-3764","post","type-post","status-publish","format-standard","hentry","category-amerique-latine-caraibes"],"modified_by":"Fip","jetpack_featured_media_url":"","jetpack_sharing_enabled":true,"_links":{"self":[{"href":"https:\/\/www.rdpemancipation.org\/index.php?rest_route=\/wp\/v2\/posts\/3764","targetHints":{"allow":["GET"]}}],"collection":[{"href":"https:\/\/www.rdpemancipation.org\/index.php?rest_route=\/wp\/v2\/posts"}],"about":[{"href":"https:\/\/www.rdpemancipation.org\/index.php?rest_route=\/wp\/v2\/types\/post"}],"author":[{"embeddable":true,"href":"https:\/\/www.rdpemancipation.org\/index.php?rest_route=\/wp\/v2\/users\/1"}],"replies":[{"embeddable":true,"href":"https:\/\/www.rdpemancipation.org\/index.php?rest_route=%2Fwp%2Fv2%2Fcomments&post=3764"}],"version-history":[{"count":107,"href":"https:\/\/www.rdpemancipation.org\/index.php?rest_route=\/wp\/v2\/posts\/3764\/revisions"}],"predecessor-version":[{"id":10622,"href":"https:\/\/www.rdpemancipation.org\/index.php?rest_route=\/wp\/v2\/posts\/3764\/revisions\/10622"}],"wp:attachment":[{"href":"https:\/\/www.rdpemancipation.org\/index.php?rest_route=%2Fwp%2Fv2%2Fmedia&parent=3764"}],"wp:term":[{"taxonomy":"category","embeddable":true,"href":"https:\/\/www.rdpemancipation.org\/index.php?rest_route=%2Fwp%2Fv2%2Fcategories&post=3764"},{"taxonomy":"post_tag","embeddable":true,"href":"https:\/\/www.rdpemancipation.org\/index.php?rest_route=%2Fwp%2Fv2%2Ftags&post=3764"}],"curies":[{"name":"wp","href":"https:\/\/api.w.org\/{rel}","templated":true}]}}