{"id":35488,"date":"2021-07-01T09:48:08","date_gmt":"2021-07-01T07:48:08","guid":{"rendered":"https:\/\/www.rdpemancipation.org\/?p=35488"},"modified":"2021-07-29T01:08:25","modified_gmt":"2021-07-28T23:08:25","slug":"juillet-medias","status":"publish","type":"post","link":"https:\/\/www.rdpemancipation.org\/?p=35488","title":{"rendered":"Juillet &#8211; M\u00e9dias"},"content":{"rendered":"\n<p> <strong><span class=\"has-inline-color has-vivid-red-color\">29 Juillet en continu<\/span><\/strong> <\/p>\n\n\n\n<p><a href=\"https:\/\/www.arretsurimages.net\/articles\/manifs-anti-pass-ou-antivax-les-medias-naviguent-a-vue\">Manifs \u00ab\u00a0anti-pass\u00a0\u00bb ou \u00ab\u00a0antivax\u00a0\u00bb ? Les m\u00e9dias naviguent \u00e0 vue<\/a> (Arr\u00eat sur images)<\/p>\n\n\n\n<p><strong><a href=\"https:\/\/fr.ulule.com\/contrematinale\/?utm_medium=PUBLICITE&amp;utm_source=Facebooklancement&amp;utm_campaign=presale_132543\">La cagnote est lanc\u00e9e pour la contre-matinale du M\u00e9dia<\/a> -Ulule<\/strong><\/p>\n\n\n\n<figure class=\"wp-block-image size-full is-resized is-style-default\"><img data-recalc-dims=\"1\" loading=\"lazy\" decoding=\"async\" src=\"https:\/\/i0.wp.com\/www.rdpemancipation.org\/wp-content\/uploads\/2021\/07\/Capture-decran-2021-07-28-a-07.41.13-1.png?resize=401%2C214&#038;ssl=1\" alt=\"\" class=\"wp-image-39767\" width=\"401\" height=\"214\" srcset=\"https:\/\/i0.wp.com\/www.rdpemancipation.org\/wp-content\/uploads\/2021\/07\/Capture-decran-2021-07-28-a-07.41.13-1.png?w=700&amp;ssl=1 700w, https:\/\/i0.wp.com\/www.rdpemancipation.org\/wp-content\/uploads\/2021\/07\/Capture-decran-2021-07-28-a-07.41.13-1.png?resize=300%2C160&amp;ssl=1 300w\" sizes=\"auto, (max-width: 401px) 100vw, 401px\" \/><\/figure>\n\n\n\n<p><a href=\"https:\/\/www.acrimed.org\/Les-jeux-d-ete-d-Acrimed-I-les-mots-croises\">Les jeux d&rsquo;\u00e9t\u00e9 d&rsquo;Acrimed (I) : les mots crois\u00e9s m\u00e9diatiques<\/a>(Acrimed)&nbsp;<\/p>\n\n\n\n<p><a href=\"https:\/\/www.acrimed.org\/Podcast-Israel-Palestine-l-information-au-rabais\">Podcast&nbsp;: Isra\u00ebl-Palestine, l\u2019information au rabais<\/a> (Acrimed)<\/p>\n\n\n\n<p><a href=\"https:\/\/www.numerama.com\/tech\/725745-ce-site-montre-a-quel-point-les-moteurs-de-recherche-ne-sont-pas-neutres-et-impartiaux.html\">Les moteurs de recherche ne sont pas neutres et impartiaux<\/a> (Numerama)<\/p>\n\n\n\n<p><a href=\"https:\/\/www.theguardian.com\/media\/2021\/jul\/28\/julian-assange-stripped-of-citizenship-by-ecuador?CMP=Share_iOSApp_Other\">L\u2019Equateur a priv\u00e9 Julian Assange de sa nationalit\u00e9<\/a> (anglais -The Guardian)<\/p>\n\n\n\n<p> <strong><span class=\"has-inline-color has-vivid-red-color\">28 Juillet en continu<\/span><\/strong> <\/p>\n\n\n\n<p><a href=\"https:\/\/www.latribune.fr\/technos-medias\/medias\/tf1-porte-par-la-hausse-des-audiences-et-des-revenus-publicitaires-889841.html\">TF1 port\u00e9 par la hausse des audiences et des revenus publicitaires<\/a> (La Tribune)<\/p>\n\n\n\n<p><a href=\"https:\/\/giletsjaunesbrestois.home.blog\/2021\/07\/25\/ahou-numerique-miniature-n6-25-07-2021-1-en-avoir-ou-pas\/?fbclid=IwAR3e_LWg62p1LZTcgqPKB2rYdKyNcn6vuoW59wAJ-TuTGptpit2Iu_QsI1Y\">Ahou num\u00e9rique miniature<\/a> (GJ Brest)<\/p>\n\n\n\n<p><a href=\"https:\/\/www.acrimed.org\/Les-jeux-d-ete-d-Acrimed-I-les-mots-croises\">Les jeux d&rsquo;\u00e9t\u00e9 d&rsquo;Acrimed: les mots crois\u00e9s<\/a> (Acrimed)<\/p>\n\n\n\n<p><strong><span class=\"has-inline-color has-vivid-red-color\">27 Juillet en continu<\/span><\/strong><\/p>\n\n\n\n<p><a href=\"https:\/\/lanticapitaliste.org\/communique\/assez-de-complicite-avec-le-regime-marocain-liberte-pour-omar-radi-et-les-prisonniers\">Libert\u00e9 pour Omar Radi et les prisonniers politiques au Maroc<\/a> (L\u2019Anticapitaliste)<\/p>\n\n\n\n<p><a href=\"https:\/\/www.marianne.net\/societe\/medias\/pegasus-panama-papers-swiss-leaks-le-journalisme-a-la-papa-est-il-mort\">le journalisme \u00ab\u00a0\u00e0 la papa\u00a0\u00bb est-il mort\u2009?<\/a> (Marianne)<\/p>\n\n\n\n<p><strong><span class=\"has-inline-color has-vivid-red-color\">25 Juillet 2021 en continu<\/span><\/strong><\/p>\n\n\n\n<p><a href=\"http:\/\/feedproxy.google.com\/~r\/Rue89Strasbourg\/~3\/RC7jNiO0J2g\/alsace20-tv-vendre-bfm-213677\">La cha\u00eene de TV Alsace20 \u00e0 vendre : BFM est dans la course<\/a> (Rue89 Strasbourg)<\/p>\n\n\n\n<p><strong><a href=\"https:\/\/www.arretsurimages.net\/articles\/pourquoi-bfm-a-subi-les-huees-des-manifestants-anti-pass\">Pourquoi BFM a subi les hu\u00e9es des manifestants anti-pass<\/a> (Arr\u00eat sur images)<\/strong><\/p>\n\n\n\n<p><a href=\"https:\/\/www.bondyblog.fr\/education-aux-medias\/masterclass\/franck-annese-patron-solide-pour-une-presse-societale\/\">Franck Annese, patron solide pour une presse soci\u00e9tale<\/a> (Le Bondy Blog)<\/p>\n\n\n\n<p><a href=\"https:\/\/www.arretsurimages.net\/articles\/lechec-cuisant-de-gb-news-la-cnews-britannique\">L&rsquo;\u00e9chec cuisant de GB News, la CNews britannique<\/a> (Arr\u00eat sur images)<\/p>\n\n\n\n<p><strong><span class=\"has-inline-color has-vivid-red-color\">24 Juillet 2021 en continu<\/span><\/strong><\/p>\n\n\n\n<p><a href=\"https:\/\/theconversation.com\/pourquoi-et-comment-certaines-videos-deviennent-virales-164747\">Pourquoi et comment certaines vid\u00e9os deviennent virales<\/a> (The Conversation)<\/p>\n\n\n\n<figure class=\"wp-block-image size-large is-resized is-style-default\"><img data-recalc-dims=\"1\" loading=\"lazy\" decoding=\"async\" src=\"https:\/\/i0.wp.com\/www.rdpemancipation.org\/wp-content\/uploads\/2021\/07\/image-132.png?resize=335%2C499&#038;ssl=1\" alt=\"\" class=\"wp-image-39022\" width=\"335\" height=\"499\" srcset=\"https:\/\/i0.wp.com\/www.rdpemancipation.org\/wp-content\/uploads\/2021\/07\/image-132.png?w=526&amp;ssl=1 526w, https:\/\/i0.wp.com\/www.rdpemancipation.org\/wp-content\/uploads\/2021\/07\/image-132.png?resize=201%2C300&amp;ssl=1 201w\" sizes=\"auto, (max-width: 335px) 100vw, 335px\" \/><figcaption><sub>La presse des oligarques d\u00e9cide du nombre de manifestants<\/sub><\/figcaption><\/figure>\n\n\n\n<p><strong><span class=\"has-inline-color has-vivid-red-color\">23 Juillet 2021 <\/span><\/strong><\/p>\n\n\n\n<p><strong><a href=\"https:\/\/www.mediapart.fr\/journal\/international\/230721\/au-maroc-journalistes-la-tete-haute-ni-achetes-ni-vendus\">Au Maroc, \u00ab journalistes la t\u00eate haute, ni achet\u00e9s ni vendus \u00bb<\/a> <\/strong>(M\u00e9diapart)<\/p>\n\n\n\n<p><strong><span class=\"has-inline-color has-vivid-red-color\">22 Juillet en continu<\/span><\/strong><\/p>\n\n\n\n<p><a href=\"https:\/\/www.marianne.net\/economie\/entreprises\/droit-voisin-en-france-la-presse-se-rebiffe-face-a-google-et-met-le-geant-en-echec?utm_source=nl_quotidienne&amp;utm_medium=email&amp;utm_campaign=20210721&amp;xtor=EPR-1&amp;_ope=eyJndWlkIjoiYTI5YTBmNTNhMjBiNTkyYzZjN2E3ZjAyZjQ1NmJhYzIifQ%3D%3D\">\u00ab\u00a0Droit voisin\u00a0\u00bb en France\u2009: la presse se rebiffe face \u00e0 Google et met le g\u00e9ant en \u00e9chec<\/a> (Marianne)<\/p>\n\n\n\n<p><a href=\"https:\/\/youtu.be\/nshkEOQkNqc\">La mort du journalisme <\/a>(\u00c9tat cryptique)<\/p>\n\n\n\n<p><a href=\"https:\/\/youtu.be\/1cp1uOW_EGo\">Les complotistes avaient raison.<\/a> (Le canard r\u00e9fractaire)<\/p>\n\n\n\n<p><a href=\"https:\/\/blogs.mediapart.fr\/enzo-lolo\/blog\/200721\/covid-19-comment-de-grands-medias-distordent-les-resultats-scientifiques\">Covid-19 : comment de grands m\u00e9dias distordent les r\u00e9sultats scientifiques<\/a>&nbsp;(Club M\u00e9diapart)<\/p>\n\n\n\n<p><a href=\"https:\/\/blogs.mediapart.fr\/basicblog\/blog\/170721\/covid-medias-fact-checkers-fabriques-mensonges\">Covid&nbsp;: M\u00e9dias Fact Checkers, fabriques \u00e0 mensonges<\/a> (Club M\u00e9diapart)<\/p>\n\n\n\n<p><strong><span class=\"has-inline-color has-vivid-red-color\">21 Juillet en continu<\/span><\/strong><\/p>\n\n\n\n<p><a href=\"https:\/\/juste-milieu.fr\/Manuel\">Manuel Valls bient\u00f4t \u00e0 l\u2019attaque de la culture woke?=<\/a> (Juste Milieu)<\/p>\n\n\n\n<p><a href=\"https:\/\/www.arretsurimages.net\/articles\/pegasus-trois-journalistes-espionnes-par-le-maroc-temoignent\">Pegasus : trois journalistes espionn\u00e9s par le Maroc t\u00e9moignent<\/a> (Arr\u00eat sur images)<\/p>\n\n\n\n<p><strong><a href=\"https:\/\/www.mediapart.fr\/journal\/international\/200721\/pegasus-enquete-ouverte-paris-le-debut-d-un-long-chemin-devant-la-justice\">Pegasus: enqu\u00eate ouverte \u00e0 Paris, le d\u00e9but d\u2019un long chemin devant la justice<\/a> (M\u00e9diapart)<\/strong><\/p>\n\n\n\n<p><strong><a href=\"https:\/\/lanticapitaliste.org\/actualite\/culture\/bollore-lassaut-deurope-1-vers-une-nouvelle-cnews\">Bollor\u00e9 \u00e0 l\u2019assaut d\u2019Europe 1 : vers une nouvelle CNews ?<\/a> -Julien<a href=\"https:\/\/lanticapitaliste.org\/auteurs\/julien-salingue\"> <\/a>Salingue<\/strong><\/p>\n\n\n\n<p><a href=\"https:\/\/www.mediapart.fr\/journal\/international\/190721\/projet-pegasus-mediapart-ete-espionne-par-le-maroc\">Mediapart a \u00e9t\u00e9 espionn\u00e9 par le Maroc<\/a> (MDP)<\/p>\n\n\n\n<p><a href=\"https:\/\/www.lemonde.fr\/economie\/article\/2021\/07\/20\/intelligence-artificielle-comment-les-geants-du-web-progressent-dans-la-maitrise-du-langage_6088823_3234.html\">Intelligence artificielle&nbsp;: comment les g\u00e9ants du Web progressent dans la ma\u00eetrise du langage<\/a> (Le Monde)<\/p>\n\n\n\n<p><a href=\"https:\/\/www.boursorama.com\/actualite-economique\/actualites\/un-logiciel-israelien-utilise-pour-espionner-journalistes-et-militants-dans-le-monde-medias-7ebaf82e3c4d0b9708a1fa3ca25e295d\">Un logiciel isra\u00e9lien utilis\u00e9 pour espionner journalistes et militants dans le monde (m\u00e9dias)<\/a> (AFP)<\/p>\n\n\n\n<p><a href=\"https:\/\/theintercept.com\/2021\/07\/17\/julian-assange-extradition-gordon-kromberg\/\">Aux USA, un procureur de choc m\u00e8ne l\u2019accusation contre Assange<\/a> (anglais -The Intercept)<\/p>\n\n\n\n<p><a href=\"https:\/\/www.franceinter.fr\/politique\/jean-castex-confirme-la-creation-d-une-agence-de-lutte-contre-les-manipulations-de-l-information\">Jean Castex confirme la cr\u00e9ation d&rsquo;une agence de lutte contre les manipulations de l&rsquo;information<\/a> (France Inter)<\/p>\n\n\n\n<p><a href=\"https:\/\/www.acrimed.org\/Actualite-des-medias-Naufrages-dans-la-presse\">Naufrages dans la presse Lagard\u00e8re, le bulldozer Bollor\u00e9 sur Europe 1, les amendes de CNews\u2026<\/a>(Acrimed)<\/p>\n\n\n\n<p><a href=\"https:\/\/www.youtube.com\/watch?v=UvkhFpb7M7Y\">&nbsp;Comment manipuler l\u2019opinion Edward Bernays-Uvk<\/a> (Le Pr\u00e9cepteur Vid\u00e9o)<\/p>\n\n\n\n<figure class=\"wp-block-image is-resized is-style-default\"><img data-recalc-dims=\"1\" loading=\"lazy\" decoding=\"async\" src=\"https:\/\/i0.wp.com\/mamot.fr\/system\/media_attachments\/files\/106\/567\/971\/274\/406\/822\/original\/73a8181fbc325b48.jpeg?resize=317%2C317&#038;ssl=1\" alt=\"\" width=\"317\" height=\"317\"\/><\/figure>\n\n\n\n<h5 class=\"wp-block-heading\"><strong><span class=\"has-inline-color has-vivid-red-color\">20 Juillet en continu<\/span><\/strong><\/h5>\n\n\n\n<p><a href=\"https:\/\/www.youtube.com\/watch?v=nXcHqgNW9QU\">&nbsp;<strong>Passe sanitaire, anti vaccins : entre mensonge et manipulation m\u00e9diatique ?<\/strong>YouTube<\/a> (Juste milieu)<\/p>\n\n\n\n<p><strong><span class=\"has-inline-color has-vivid-red-color\">19 Juillet en continu<\/span><\/strong><\/p>\n\n\n\n<p><a href=\"https:\/\/www.mediapart.fr\/journal\/international\/190721\/projet-pegasus-mediapart-ete-espionne-par-le-maroc\">Mediapart a \u00e9t\u00e9 espionn\u00e9 par le Maroc<\/a> (MDP)<\/p>\n\n\n\n<p><a href=\"https:\/\/www.msn.com\/fr-fr\/actualite\/france\/projet-pegasus-nous-d%C3%A9posons-plainte-aupr%C3%A8s-du-procureur-de-la-r%C3%A9publique-de-paris-indique-mediapart\/ar-AAMjcMU?ocid=winp1taskbar\">Projet Pegasus : \u00ab\u00a0Nous d\u00e9posons plainte aupr\u00e8s du Procureur de la R\u00e9publique de Paris\u00a0\u00bb, indique Mediapart <\/a>(MSN)<\/p>\n\n\n\n<p><strong><a href=\"https:\/\/theintercept.com\/2021\/07\/17\/julian-assange-extradition-gordon-kromberg\/\">Aux USA, un procureur de choc m\u00e8ne l\u2019accusation contre Assange<\/a> (anglais -The Intercept)<\/strong><\/p>\n\n\n\n<p><strong><a href=\"https:\/\/www.boursorama.com\/actualite-economique\/actualites\/un-logiciel-israelien-utilise-pour-espionner-journalistes-et-militants-dans-le-monde-medias-7ebaf82e3c4d0b9708a1fa3ca25e295d\">Un logiciel isra\u00e9lien utilis\u00e9 pour espionner journalistes et militants dans le monde (m\u00e9dias)<\/a> (AFP)<\/strong><\/p>\n\n\n\n<p><a href=\"https:\/\/www.franceinter.fr\/politique\/jean-castex-confirme-la-creation-d-une-agence-de-lutte-contre-les-manipulations-de-l-information\">Jean Castex confirme la cr\u00e9ation d&rsquo;une agence de lutte contre les manipulations de l&rsquo;information<\/a> (France Inter)<\/p>\n\n\n\n<p><a href=\"https:\/\/www.acrimed.org\/Actualite-des-medias-Naufrages-dans-la-presse\">Naufrages dans la presse Lagard\u00e8re, le bulldozer Bollor\u00e9 sur Europe 1, les amendes de CNews\u2026<\/a>(Acrimed)<\/p>\n\n\n\n<p class=\"has-medium-font-size\"><strong><span class=\"has-inline-color has-vivid-red-color\">14 Juillet en continu<\/span><\/strong><\/p>\n\n\n\n<p><strong><a href=\"https:\/\/orientxxi.info\/lu-vu-entendu\/enracinement-des-discours-racistes-responsabilite-des-medias,4914\">Enracinement des discours racistes, responsabilit\u00e9 des m\u00e9dias<\/a> (Orient XXI)<\/strong><\/p>\n\n\n\n<p><a href=\"https:\/\/www.nextinpact.com\/article\/47746\/droits-voisins-presse-google-ecope-dune-sanction-500-millions-deuros\">Droits voisins de la presse : Google \u00e9cope d\u2019une sanction de 500 millions d\u2019euros<\/a> (Next INpact)<\/p>\n\n\n\n<p><a href=\"https:\/\/blogs.mediapart.fr\/fanny-gallot\/blog\/120721\/spectre-le-son-de-la-discorde-et-des-luttes-les-podcasts-newsletter-0\">Spectre, le son de la discorde (et des luttes) : les podcasts &#8211; Newsletter #0 <\/a>-Fanny Gallot<\/p>\n\n\n\n<p><strong><a href=\"https:\/\/www.acrimed.org\/Marginalisation-mediatique-de-Julian-Assange-les\">Marginalisation m\u00e9diatique de Julian Assange&nbsp;: les \u0153ill\u00e8res de France Inter<\/a> (Acrimed)<\/strong><\/p>\n\n\n\n<p><a href=\"https:\/\/www.acrimed.org\/Le-clan-des-milliardaires-accapare-les-aides-a-la\">Le clan des milliardaires accapare les aides \u00e0 la presse<\/a> (Acrimed)<\/p>\n\n\n\n<p><a href=\"https:\/\/blogs.mediapart.fr\/jean-marc-b\/blog\/100721\/reporterre-et-ses-comptes-un-cas-unique-dans-la-presse-francaise\">Reporterre et ses comptes, un cas unique dans la presse fran\u00e7aise <\/a>(Reporterre)<\/p>\n\n\n\n<p class=\"has-medium-font-size\"><strong><span class=\"has-inline-color has-vivid-red-color\">13 Juillet en continu<\/span><\/strong><\/p>\n\n\n\n<p><a href=\"http:\/\/blogs.mediapart.fr\/camille-lefevre\/blog\/110721\/lea-salame-face-arlette-laguiller-quelle-puissance\">L\u00e9a Salam\u00e9 face \u00e0 Arlette Laguiller&nbsp;:quelle-puissance<\/a>&nbsp;!!! (Mediapart, blog Camille Lef\u00e8vre)<\/p>\n\n\n\n<p class=\"has-medium-font-size\"><strong><span class=\"has-inline-color has-vivid-red-color\">11 Juillet en continu<\/span><\/strong><\/p>\n\n\n\n<p><a href=\"https:\/\/www.amnesty.fr\/liberte-d-expression\">Libert\u00e9 d&rsquo;expression dans le monde &#8211; Amnesty International France<\/a> <em>(Amnesty international)<\/em><\/p>\n\n\n\n<p class=\"has-medium-font-size\"><strong><span class=\"has-inline-color has-vivid-red-color\">10 Juillet en continu<\/span><\/strong><\/p>\n\n\n\n<p><a href=\"https:\/\/www.francetvinfo.fr\/culture\/livres\/edgar-morin\/grand-entretien-nous-n-avons-pas-la-conscience-lucide-que-nous-marchons-vers-l-abime-alerte-le-philosophe-edgar-morin-qui-fete-ses-100-ans_4693409.html#xtor=EPR-2\">&nbsp;Edgar Morin a 100 ans&nbsp;: &nbsp;Nous n&rsquo;avons pas \u00ab\u00a0la conscience lucide que nous marchons vers l&rsquo;ab\u00eeme\u00a0\u00bb<\/a>&nbsp; (Franctvinfo)<\/p>\n\n\n\n<p><strong><a href=\"https:\/\/blogs.mediapart.fr\/mouais-le-journal-dubitatif\/blog\/140621\/faire-du-journalisme-autrement\">Mouais, le Journal dubitatif blog&nbsp;: Faire du journalisme autrement<\/a> (Mouais)<\/strong><\/p>\n\n\n\n<p><a href=\"https:\/\/www.arretsurimages.net\/articles\/panique-metoo-a-telerama-episode-2\">Panique #MeToo \u00e0 T\u00e9l\u00e9rama, \u00e9pisode 2<\/a> (Arr\u00eat sur images)<\/p>\n\n\n\n<p><a href=\"https:\/\/www.arretsurimages.net\/articles\/panique-metoo-a-telerama-episode-1\">Panique #MeToo \u00e0 T\u00e9l\u00e9rama, \u00e9pisode 1<\/a> par Arr\u00eat sur images&nbsp;<\/p>\n\n\n\n<p><a href=\"https:\/\/www.acrimed.org\/Acrimed-sur-les-ondes-c-est-parti\">Acrimed sur les ondes : c&rsquo;est parti !<\/a> (Acrimed)<\/p>\n\n\n\n<p><a href=\"https:\/\/www.acrimed.org\/Marginalisation-mediatique-de-Julian-Assange-les\">Marginalisation m\u00e9diatique de Julian Assange : les \u0153ill\u00e8res de France Inter<\/a> (Acrimed)<\/p>\n\n\n\n<p><strong><a href=\"https:\/\/www.lemediatv.fr\/emissions\/2021\/catastrophes-ecologiques-le-silence-complice-des-medias-4MgPfg-YSB2t-9oO1syC2Q\">Catastrophes \u00e9cologiques : le silence complice des m\u00e9dias<\/a> (Le M\u00e9dia)<\/strong><\/p>\n\n\n\n<figure class=\"wp-block-embed is-type-video is-provider-youtube wp-block-embed-youtube wp-embed-aspect-16-9 wp-has-aspect-ratio\"><div class=\"wp-block-embed__wrapper\">\n<iframe loading=\"lazy\" title=\"CATASTROPHES \u00c9COLOGIQUES : LE SILENCE COMPLICE DES M\u00c9DIAS\" width=\"1200\" height=\"675\" src=\"https:\/\/www.youtube.com\/embed\/bni1yTZlWEU?start=5&#038;feature=oembed\" frameborder=\"0\" allow=\"accelerometer; autoplay; clipboard-write; encrypted-media; gyroscope; picture-in-picture\" allowfullscreen><\/iframe>\n<\/div><\/figure>\n\n\n\n<figure class=\"wp-block-image is-resized is-style-default\"><img loading=\"lazy\" decoding=\"async\" src=\"https:\/\/scontent.fhex4-1.fna.fbcdn.net\/v\/t1.6435-9\/212453082_3843807835746282_9058065058406798989_n.jpg?_nc_cat=102&amp;ccb=1-3&amp;_nc_sid=730e14&amp;_nc_ohc=AXb32xSv-IMAX_FJYQs&amp;_nc_ht=scontent.fhex4-1.fna&amp;oh=ab2c0fcf15a667705c2267a1655dae4d&amp;oe=60EC8242\" alt=\"Peut \u00eatre une image de texte qui dit \u2019JF Pietri #EnnemiDeLaRepublique ASKIP @globhumanitaire Longtemps je me suis demand\u00e9 ce qu'\u00e9tait ce #GrandRemplacement? J'ai enfin compris! Je zappe sur les chaines info je vois: Menard, Zemmour, Bardella, Messiha, Dassier, Praud, Goldnadel, etc. C'est le grand remplacement des journalistes par des id\u00e9ologues d'extr\u00eame droite! L\u00e0 OK 1:38 PM juil. 2021 Twitter Web App\u2019\" width=\"417\" height=\"208\"\/><\/figure>\n\n\n\n<p><strong><span class=\"has-inline-color has-vivid-red-color\">8 Juillet en continu<\/span><\/strong><\/p>\n\n\n\n<p><a href=\"https:\/\/www.lemonde.fr\/actualite-medias\/article\/2021\/07\/08\/a-france-inter-les-nouveautes-de-la-grille-crispent-la-redaction_6087427_3236.html\">A France Inter, les nouveaut\u00e9s de la grille crispent la r\u00e9daction<\/a> (Le Monde)<\/p>\n\n\n\n<figure class=\"wp-block-image\"><img data-recalc-dims=\"1\" decoding=\"async\" src=\"https:\/\/i0.wp.com\/img.lemde.fr\/2021\/07\/07\/0\/0\/5514\/3676\/664\/0\/75\/0\/4981168_644147408-000-1th8ju.jpg?w=1200&#038;ssl=1\" alt=\"Vue a\u00e9rienne de la Maison de la radio, \u00e0 Paris, o\u00f9 se situent les locaux de France Inter, le 15 juin 2020.\"\/><\/figure>\n\n\n\n<p><sup>Vue a\u00e9rienne de la Maison de la radio, \u00e0 Paris, o\u00f9 se situent les locaux de France Inter, le 15 juin 2020. BERTRAND GUAY \/ AFP<\/sup><\/p>\n\n\n\n<p><a href=\"https:\/\/www.lemonde.fr\/international\/article\/2021\/07\/07\/aux-pays-bas-le-plus-celebre-journaliste-d-investigation-vise-par-un-attentat_6087357_3210.html\"><strong>Aux Pays-Bas, le plus c\u00e9l\u00e8bre journaliste d\u2019investigation vis\u00e9 par un attentat<\/strong><\/a><strong> (Le Monde)<\/strong><\/p>\n\n\n\n<p><a href=\"https:\/\/www.nextinpact.com\/article\/47688\/pourquoi-justice-ordonne-a-twitter-reveler-ses-moyens-moderation\">Pourquoi la justice ordonne \u00e0 Twitter de r\u00e9v\u00e9ler ses moyens de mod\u00e9ration<\/a> (Next INpact)<\/p>\n\n\n\n<p><a href=\"https:\/\/truthout.org\/articles\/trump-brings-class-action-lawsuit-against-facebook-twitter-for-canceling-him\/\">Trump poursuit Facebook et Twitter pour l\u2019avoir exclu<\/a> (anglais -Truthout)<\/p>\n\n\n\n<p><a href=\"https:\/\/www.laquadrature.net\/2021\/05\/28\/les-cookies-qui-sont-ils-que-veulent-ils\/\">Les Cookies. Qui sont-ils ? Que veulent-ils ?<\/a> (La quadrature du net)<\/p>\n\n\n\n<p><strong><a href=\"https:\/\/www.acrimed.org\/Le-clan-des-milliardaires-accapare-les-aides-a-la\">Le clan des milliardaires accapare les aides \u00e0 la presse <\/a>(Acrimed)<\/strong><\/p>\n\n\n\n<figure class=\"wp-block-image is-resized is-style-default\"><img data-recalc-dims=\"1\" loading=\"lazy\" decoding=\"async\" src=\"https:\/\/i0.wp.com\/www.acrimed.org\/IMG\/jpg\/image1b-2.jpg?resize=378%2C257&#038;ssl=1\" alt=\"\" width=\"378\" height=\"257\"\/><\/figure>\n\n\n\n<p><a href=\"https:\/\/www.acrimed.org\/Attaque-a-la-gouache-de-la-Samaritaine-des\">\u00ab Attaque \u00bb \u00e0 la gouache de la Samaritaine : des journalistes contre Attac<\/a> (Acrimed)<\/p>\n\n\n\n<p> <\/p>\n\n\n\n<p><strong><span class=\"has-inline-color has-vivid-red-color\">7 Juillet en continu<\/span><\/strong><\/p>\n\n\n\n<p><strong><a href=\"https:\/\/www.leparisien.fr\/culture-loisirs\/tv\/manuel-valls-rejoint-bfmtv-et-rmc-07-07-2021-XTQOOBQX5RFUFFNPF37YIUEISA.php\">Manuel Valls rejoint BFMTV et RMC<\/a> <\/strong>(Le Parisien)<\/p>\n\n\n\n<figure class=\"wp-block-image is-resized\"><img data-recalc-dims=\"1\" loading=\"lazy\" decoding=\"async\" src=\"https:\/\/i0.wp.com\/www.leparisien.fr\/resizer\/vJhFSkA0I3g1SgeUyPhMaP7dmqM%3D\/932x582\/cloudfront-eu-central-1.images.arcpublishing.com\/leparisien\/YUT7LY2INEI75REJUGJZFQQBMA.jpg?resize=381%2C237&#038;ssl=1\" alt=\"L'ancien Premier ministre Manuel Valls interviendra notamment dans la nouvelle formule de \u00ab BFM Story \u00bb pilot\u00e9e d\u00e8s la rentr\u00e9e par Alain Marschall et Olivier Truchot. LP\/Arnaud Journois\" width=\"381\" height=\"237\"\/><\/figure>\n\n\n\n<p><strong><span class=\"has-inline-color has-vivid-red-color\">4 Juillet en continu<\/span><\/strong><\/p>\n\n\n\n<p><a href=\"https:\/\/rue89bordeaux.com\/2021\/07\/la-redaction-de-sud-ouest-change-de-gouvernance-une-nouvelle-redactrice-en-chef-arrive\/\">La r\u00e9daction de Sud-Ouest change de gouvernance et aura une nouvelle r\u00e9dactrice en chef<\/a> (Rue89 Bordeaux)<\/p>\n\n\n\n<p><a href=\"http:\/\/www.regards.fr\/politique\/societe\/article\/qui-empechera-bollore-de-faire-d-europe-1-une-radio-d-extreme-droite\">Qui emp\u00eachera Bollor\u00e9 de faire d&rsquo;Europe 1 une radio d&rsquo;extr\u00eame droite ?<\/a> (Regards)<\/p>\n\n\n\n<p><strong><a href=\"https:\/\/linsoumission.fr\/2021\/07\/02\/europe-1-bertrand-chameroy-vire-la-censure-bollore-en-marche\/\">Europe 1 : un licenciement tr\u00e8s politique, la censure Bollor\u00e9 commence<\/a> (L\u2019Insoumission)<\/strong><\/p>\n\n\n\n<figure class=\"wp-block-image is-resized is-style-default\"><img loading=\"lazy\" decoding=\"async\" src=\"https:\/\/scontent.fhex4-2.fna.fbcdn.net\/v\/t1.6435-9\/s720x720\/210102586_3830322940428105_4098315634531815613_n.jpg?_nc_cat=111&amp;ccb=1-3&amp;_nc_sid=8bfeb9&amp;_nc_ohc=AiZTxeHyDjUAX8eX-MF&amp;_nc_ht=scontent.fhex4-2.fna&amp;tp=7&amp;oh=d0e5db9cea0594d5d928c4cf8838d88c&amp;oe=60E5B01D\" alt=\"Peut \u00eatre une image de 1 personne et texte qui dit \u20191 G\u00e9rard Miller a retweet\u00e9 Maxime Combes @ 10h 70% d'abstention, 90% chez les jeunes 50\u00b0C au #Canada, 18,4\u00b0C en #Antarctique Famine climatique \u00e0 #Madagascar mais en France, on d\u00e9bat de -Lundi: #Burkini -Mardi: voile d'une assesseure assesseure -Mercredi danses lors des mariages -Jeudi: #croptop\u2019\" width=\"265\" height=\"366\"\/><\/figure>\n\n\n\n<p><strong><span class=\"has-inline-color has-vivid-red-color\">3 Juillet en continu<\/span><\/strong><\/p>\n\n\n\n<p><a href=\"https:\/\/www.arretsurimages.net\/articles\/lobservatoire-du-decolonialisme-faux-think-tank-vrai-media-dopinion?utm_source=gazette%2B-%2Babonn%C3%A9s&amp;utm_campaign=a38e36ea3f-gazette_20210702&amp;utm_medium=email&amp;utm_term=0_bd520e065e-a38e36ea3f-195763021\">L\u2019observatoire du d\u00e9colonialisme&nbsp;: faux think-tank ou vrai m\u00e9dia d\u2019opinion<\/a> (Arr\u00eat sur images)<\/p>\n\n\n\n<p><a href=\"https:\/\/www.arretsurimages.net\/chroniques\/plateau-tele\/laurence-ferrari-journaliste-devenue-bolloreac-2007-2021?utm_source=gazette%2B-%2Babonn%C3%A9s&amp;utm_campaign=a38e36ea3f-gazette_20210702&amp;utm_medium=email&amp;utm_term=0_bd520e065e-a38e36ea3f-195763021\">Laurence Ferrari journaliste devenue bollor\u00e9ac<\/a>&nbsp; (Arr\u00eat sur images)<\/p>\n\n\n\n<figure class=\"wp-block-image is-resized is-style-default\"><img loading=\"lazy\" decoding=\"async\" src=\"https:\/\/scontent.fhex4-1.fna.fbcdn.net\/v\/t1.6435-9\/p843x403\/212034762_1235859563503176_2615564415051188644_n.jpg?_nc_cat=105&amp;ccb=1-3&amp;_nc_sid=730e14&amp;_nc_eui2=AeHr3X949fduwdDgQ_nsw-UNpFV5bBwg-rqkVXlsHCD6uqT1SQK8dH9Y7EDAPuvfgG0&amp;_nc_ohc=VF-tMPhn2aIAX-AvAji&amp;tn=aG1erXujvrTcHyrO&amp;_nc_ht=scontent.fhex4-1.fna&amp;tp=6&amp;oh=8ad69679492911b3abf439b7e0f14beb&amp;oe=60E39EB4\" alt=\"Peut \u00eatre une image de texte\" width=\"512\" height=\"312\"\/><\/figure>\n\n\n\n<p><strong><span class=\"has-inline-color has-vivid-red-color\">2 Juillet en continu<\/span><\/strong><\/p>\n\n\n\n<p><a href=\"https:\/\/linsoumission.fr\/2021\/07\/02\/europe-1-bertrand-chameroy-vire-la-censure-bollore-en-marche\/\"><strong>Europe 1 : un licenciement tr\u00e8s politique, la censure Bollor\u00e9 commence<\/strong><\/a> (L\u2019insoumission)<\/p>\n\n\n\n<p><a href=\"https:\/\/linsoumission.fr\/2021\/06\/30\/la-crise-sociale-fracasse-le-pays-mais-les-medias-ressortent-le-burkini\/\">La crise sociale fracasse le pays mais les m\u00e9dias ressortent\u2026 le burkini<\/a> (L\u2019Insoumission)<\/p>\n\n\n\n<p><a href=\"https:\/\/lanticapitaliste.org\/actualite\/antiracisme\/valeurs-actuelles-au-tribunal-pour-rendre-compte-de-son-racisme-contre\">Valeurs actuelles au tribunal pour rendre compte de son racisme contre Dani\u00e8le Obono<\/a> -Julien Salingue<\/p>\n\n\n\n<p><a href=\"http:\/\/www.communisteslibertairescgt.org\/Radio-Lorraine-Coeur-d-Acier-Une-BD-pour-ne-pas-oublier.html\">Radio Lorraine Coeur-d\u2019Acier&nbsp;: Une BD pour ne pas oublier.&nbsp;<\/a> (Syndicollectif) <\/p>\n\n\n\n<figure class=\"wp-block-image is-resized is-style-default\"><img data-recalc-dims=\"1\" loading=\"lazy\" decoding=\"async\" src=\"https:\/\/i0.wp.com\/www.communisteslibertairescgt.org\/IMG\/arton545.jpg?resize=474%2C474\" alt=\"\" width=\"474\" height=\"474\"\/><\/figure>\n\n\n\n<p><a href=\"https:\/\/www.bastamag.net\/Sympathies-fascistes-oppression-coloniale-brutalites-anti-ouvrieres-Michelin-caoutchouc\">Sympathies fascistes, oppression coloniale, brutalit\u00e9s anti-ouvri\u00e8res&nbsp;: la face cach\u00e9e de l\u2019histoire de Michelin<\/a> (Basta)<\/p>\n","protected":false},"excerpt":{"rendered":"<p>29 Juillet en continu Manifs \u00ab\u00a0anti-pass\u00a0\u00bb ou \u00ab\u00a0antivax\u00a0\u00bb ? Les m\u00e9dias naviguent \u00e0 vue (Arr\u00eat sur images) La cagnote est lanc\u00e9e pour la contre-matinale du M\u00e9dia -Ulule Les jeux d&rsquo;\u00e9t\u00e9 d&rsquo;Acrimed (I) : les mots crois\u00e9s m\u00e9diatiques(Acrimed)&nbsp; Podcast&nbsp;: Isra\u00ebl-Palestine, l\u2019information au rabais (Acrimed) Les moteurs de recherche ne sont pas neutres et impartiaux (Numerama) L\u2019Equateur &#8230; <a title=\"Juillet &#8211; M\u00e9dias\" class=\"read-more\" href=\"https:\/\/www.rdpemancipation.org\/?p=35488\" aria-label=\"En savoir plus sur Juillet &#8211; M\u00e9dias\">Lire la suite<\/a><\/p>\n","protected":false},"author":1,"featured_media":0,"comment_status":"closed","ping_status":"closed","sticky":false,"template":"","format":"standard","meta":{"_lmt_disableupdate":"no","_lmt_disable":"no","_jetpack_memberships_contains_paid_content":false,"footnotes":""},"categories":[26],"tags":[],"class_list":["post-35488","post","type-post","status-publish","format-standard","hentry","category-medias"],"modified_by":"jmb","jetpack_featured_media_url":"","jetpack_sharing_enabled":true,"_links":{"self":[{"href":"https:\/\/www.rdpemancipation.org\/index.php?rest_route=\/wp\/v2\/posts\/35488","targetHints":{"allow":["GET"]}}],"collection":[{"href":"https:\/\/www.rdpemancipation.org\/index.php?rest_route=\/wp\/v2\/posts"}],"about":[{"href":"https:\/\/www.rdpemancipation.org\/index.php?rest_route=\/wp\/v2\/types\/post"}],"author":[{"embeddable":true,"href":"https:\/\/www.rdpemancipation.org\/index.php?rest_route=\/wp\/v2\/users\/1"}],"replies":[{"embeddable":true,"href":"https:\/\/www.rdpemancipation.org\/index.php?rest_route=%2Fwp%2Fv2%2Fcomments&post=35488"}],"version-history":[{"count":50,"href":"https:\/\/www.rdpemancipation.org\/index.php?rest_route=\/wp\/v2\/posts\/35488\/revisions"}],"predecessor-version":[{"id":39768,"href":"https:\/\/www.rdpemancipation.org\/index.php?rest_route=\/wp\/v2\/posts\/35488\/revisions\/39768"}],"wp:attachment":[{"href":"https:\/\/www.rdpemancipation.org\/index.php?rest_route=%2Fwp%2Fv2%2Fmedia&parent=35488"}],"wp:term":[{"taxonomy":"category","embeddable":true,"href":"https:\/\/www.rdpemancipation.org\/index.php?rest_route=%2Fwp%2Fv2%2Fcategories&post=35488"},{"taxonomy":"post_tag","embeddable":true,"href":"https:\/\/www.rdpemancipation.org\/index.php?rest_route=%2Fwp%2Fv2%2Ftags&post=35488"}],"curies":[{"name":"wp","href":"https:\/\/api.w.org\/{rel}","templated":true}]}}