{"id":31762,"date":"2021-06-01T09:04:56","date_gmt":"2021-06-01T07:04:56","guid":{"rendered":"https:\/\/www.rdpemancipation.org\/?p=31762"},"modified":"2021-07-01T12:15:23","modified_gmt":"2021-07-01T10:15:23","slug":"juin-feminisme-lgbt","status":"publish","type":"post","link":"https:\/\/www.rdpemancipation.org\/?p=31762","title":{"rendered":"Juin &#8211; F\u00e9minisme\/LGBT+"},"content":{"rendered":"\n<p><strong><span class=\"has-inline-color has-vivid-red-color\">30 Juin en continu<\/span><\/strong><\/p>\n\n\n\n<p><a href=\"http:\/\/www.slate.fr\/story\/211154\/isolement-seniors-lgbt-homosexuels-trans-vulnerables-discrimination-sante-invisibilite\">Isol\u00e9 et invisible: vieillir quand on est LGBT+<\/a> (Slate)<\/p>\n\n\n\n<figure class=\"wp-block-image\"><img data-recalc-dims=\"1\" decoding=\"async\" src=\"https:\/\/i0.wp.com\/www.slate.fr\/sites\/default\/files\/styles\/1060x523\/public\/huy-phan-qcf2ykbsc2i-unsplash_1.jpg?w=1200\" alt=\"L'isolement touche beaucoup de personnes \u00e2g\u00e9es, et les LGBT+ en particulier. | Huy Phan via Unsplash\"\/><\/figure>\n\n\n\n<p><sup>L&rsquo;isolement touche beaucoup de personnes \u00e2g\u00e9es, et les LGBT+ en particulier. | Huy Phan <a href=\"https:\/\/unsplash.com\/photos\/QCF2ykBsC2I\" target=\"_blank\" rel=\"noreferrer noopener\">via Unsplash<\/a><\/sup><\/p>\n\n\n\n<p><a href=\"https:\/\/www.lutte-ouvriere.org\/multimedia\/interventions-tv-et-radio\/interview-darlette-laguiller-163116.html\">Femmes puissantes&nbsp;: Interview d&rsquo;Arlette Laguiller&nbsp;<\/a> (France Inter)<\/p>\n\n\n\n<p>&nbsp;<a href=\"https:\/\/lesglorieuses.fr\/imparfaites-libres-et-heureuses\/?utm_medium=email&amp;utm_campaign=LesPetitesGlo%20%20Saison%205%20-%20pisode%2017&amp;utm_content=LesPetitesGlo%20%20Saison%205%20-%20pisode%2017+CID_225c5d4868e87599a51c247ddc03cff2&amp;utm_source=Email%20marketing%20software&amp;utm_term=Lire%20la%20mme%20chose%20en%20ligne\">Imparfaites, libres et heureuse<\/a> (Les petites glo)<\/p>\n\n\n\n<p><a href=\"https:\/\/www.humanite.fr\/egalite-elles-reclament-un-plan-de-relance-feministe-712822#xtor=RSS-1\">\u00c9galit\u00e9. Elles r\u00e9clament \u00ab un plan de relance f\u00e9ministe \u00bb<\/a> (L\u2019Humanit\u00e9)&nbsp;<\/p>\n\n\n\n<p><strong><a href=\"https:\/\/www.lesnouvellesnews.fr\/happening-pour-un-plan-de-relance-feministe-mondial-stoptalkingstartfunding\/\">Happening pour un plan de relance f\u00e9ministe mondial : #StopTalkingStartFunding<\/a> (Les Nouvelles News)<\/strong><\/p>\n\n\n\n<p><a href=\"https:\/\/www.humanite.fr\/theatre-au-bord-un-homme-chien-le-cri-dune-femme-712739#xtor=RSS-1\">Th\u00e9\u00e2tre. \u00ab Au bord \u00bb, un homme-chien, le cri d\u2019une femme<\/a> (L\u2019Humanit\u00e9)<\/p>\n\n\n\n<p><a href=\"https:\/\/www.humanite.fr\/brigitte-henriques-premiere-femme-la-tete-de-lolympisme-francais-712789#xtor=RSS-1\">Brigitte Henriques, premi\u00e8re femme \u00e0 la t\u00eate de l\u2019Olympisme fran\u00e7ais<\/a> (L\u2019Humanit\u00e9)<\/p>\n\n\n\n<p><a href=\"https:\/\/www.revue-farouest.fr\/articles\/ces-femmes-qui-changent-lagriculture\/\">Ces femmes qui changent l\u2019agriculture<\/a> (Revue Far Ouest)<\/p>\n\n\n\n<p><a href=\"https:\/\/courrierdeuropecentrale.fr\/elles-sont-traitees-comme-des-criminels-dans-leur-propre-pays-quand-les-femmes-polonaises-vont-se-faire-avorter-en-tchequie\/\">Quand les femmes polonaises vont se faire avorter en Tch\u00e9quie<\/a>(Le Courrier d\u2019Europe centrale)<\/p>\n\n\n\n<p><a href=\"https:\/\/lecourrier.ch\/2021\/06\/29\/derive-homophobe-au-cameroun\/\">D\u00e9rive homophobe au Cameroun<\/a> (Le Courrier)<\/p>\n\n\n\n<p><a href=\"https:\/\/www.boursorama.com\/actualite-economique\/actualites\/jamais-assez-parfaite-les-chinoises-face-aux-troubles-alimentaires-35c28bc0ae8d7a9243376c9d9167ddc5\">\u00ab\u00a0Jamais assez parfaite\u00a0\u00bb: les Chinoises face aux troubles alimentaires<\/a> (AFP)<\/p>\n\n\n\n<p><a href=\"https:\/\/www.boursorama.com\/videos\/actualites\/lgbtq-des-batiments-emblematiques-de-bogota-aux-couleurs-de-l-arc-en-ciel-42d62070654b5d1f6b9e29963ff34647\">LGBTQ: des b\u00e2timents embl\u00e9matiques de Bogota aux couleurs de l&rsquo;arc-en-ciel<\/a> (AFP vid\u00e9o)<\/p>\n\n\n\n<p><a href=\"http:\/\/www.slate.fr\/story\/211441\/etats-unis-million-personnes-non-binaires\">Plus d&rsquo;un million de personnes non-binaires aux \u00c9tats-Unis<\/a> (Slate)<\/p>\n\n\n\n<p><strong><a href=\"https:\/\/entreleslignesentrelesmots.blog\/2021\/06\/28\/revisiter-picasso-a-lere-de-metoo\/\">Revisiter Picasso \u00e0 l\u2019\u00e8re de&nbsp;#metoo<\/a> (Entre les mots)<\/strong><\/p>\n\n\n\n<p><a href=\"https:\/\/entreleslignesentrelesmots.blog\/2021\/06\/21\/une-affaire-des-droits-de-lhomme-concernant-le-commerce-du-sexe-va-porter-prejudice-aux-femmes\/\">Affaire des \u00ab&nbsp;droits de l\u2019homme&nbsp;\u00bb sur le commerce du sexe va porter pr\u00e9judice aux&nbsp;femmes<\/a> (Entre les mots)<\/p>\n\n\n\n<p><a href=\"https:\/\/entreleslignesentrelesmots.blog\/2021\/06\/19\/participation-politique-des-femmes-en-cote-divoire-une-mission-pour-la-paix\/\">Participation politique des femmes en C\u00f4te d\u2019Ivoire&nbsp;: une mission pour la&nbsp;paix<\/a> (Entre les mots)<\/p>\n\n\n\n<p><a href=\"https:\/\/capiremov.org\/fr\/experiences\/lgbtqia-paysannes-en-lutte-liberer-la-terre-liberer-les-corps\/\">LGBTQIA+ paysannes en lutte : lib\u00e9rer la terre, lib\u00e9rer les corps<\/a> (Capire)&nbsp;<\/p>\n\n\n\n<p><a href=\"https:\/\/capiremov.org\/fr\/analyse\/les-femmes-palestiniennes-entre-pauvrete-et-lutte\/\">Les femmes palestiniennes entre pauvret\u00e9 et lutte<\/a> (Capire)<\/p>\n\n\n\n<p><a href=\"https:\/\/capiremov.org\/fr\/entrevue\/la-trajectoire-des-femmes-confrontees-au-fondamentalisme-religieux-au-pakistan\/\">La trajectoire des femmes confront\u00e9es au fondamentalisme religieux au Pakis<\/a>tan (Capire)<\/p>\n\n\n\n<figure class=\"wp-block-image is-resized is-style-default\"><img data-recalc-dims=\"1\" loading=\"lazy\" decoding=\"async\" src=\"https:\/\/i0.wp.com\/mamot.fr\/system\/media_attachments\/files\/106\/403\/013\/736\/080\/230\/original\/ac0f5be8adec33a0.jpg?resize=395%2C296&#038;ssl=1\" alt=\"\" width=\"395\" height=\"296\"\/><\/figure>\n\n\n\n<p><strong><span class=\"has-inline-color has-vivid-red-color\">29 Juin en continu<\/span><\/strong><\/p>\n\n\n\n<p><a href=\"https:\/\/www.arte.tv\/fr\/videos\/087434-000-A\/preliminaires\/\">Pr\u00e9liminaires<\/a> (docu Arte \u2013 disponible jusqu\u2019au 13\/12\/2021)<\/p>\n\n\n\n<p><a href=\"https:\/\/www.mediacites.fr\/breve\/nantes\/2021\/06\/28\/apres-un-an-de-mandat-nantes-devient-elle-la-ville-non-sexiste-promise-par-johanna-rolland\/\">Apr\u00e8s un an de mandat, Nantes devient-elle la ville \u00ab non sexiste \u00bb promise par Johanna Rolland ?<\/a> Mediacit\u00e9s)<\/p>\n\n\n\n<p><a href=\"https:\/\/www.mediapart.fr\/journal\/france\/280621\/loi-bioethique-la-majorite-retropedale-sur-l-interruption-medicale-de-grossesse\">Loi Bio\u00e9thique: la majorit\u00e9 r\u00e9trop\u00e9dale sur l\u2019interruption m\u00e9dicale de grossesse<\/a> (M\u00e9diapart)<\/p>\n\n\n\n<p><a href=\"https:\/\/dieses.fr\/les-rapports-de-domination-au-sein-du-mouvement-des-femmes-a-bruxelles\">Les rapports de domination au sein du mouvement des femmes \u00e0 Bruxelles<\/a> (di\u00e8ses)<\/p>\n\n\n\n<p><strong><a href=\"https:\/\/europe-solidaire.us8.list-manage.com\/track\/click?u=5c732dd5ee65845cf20fd724a&amp;id=2dd834504c&amp;e=5df9c98670\">Marche des fiert\u00e9s LGBTQI+ \u00e0 Paris : des militants repolitisent la f\u00eate<\/a> -David Perrotin<\/strong><\/p>\n\n\n\n<p><a href=\"https:\/\/www.unioncommunistelibertaire.org\/?Syndiquer-les-secteurs-feminises-pour-une-strategie-au-long-cours\">Syndiquer les secteurs f\u00e9minis\u00e9s&nbsp;: pour une strat\u00e9gie au long cours<\/a> (UCL)<\/p>\n\n\n\n<p><strong><a href=\"https:\/\/blogs.mediapart.fr\/jean-marc-b\/blog\/280621\/pourquoi-les-femmes-ont-une-meilleure-vie-sexuelle-sous-le-socialisme\">Pourquoi les femmes ont une meilleure vie sexuelle sous le socialisme <\/a>(Contretemps)<\/strong><\/p>\n\n\n\n<figure class=\"wp-block-image size-large is-resized is-style-default\"><img data-recalc-dims=\"1\" loading=\"lazy\" decoding=\"async\" src=\"https:\/\/i0.wp.com\/www.rdpemancipation.org\/wp-content\/uploads\/2021\/06\/Pourquoi-les-femmes-ont-une-meilleure-vie-sexuelle-sous-le-socialisme-1.jpg?resize=265%2C467&#038;ssl=1\" alt=\"\" class=\"wp-image-35078\" width=\"265\" height=\"467\" srcset=\"https:\/\/i0.wp.com\/www.rdpemancipation.org\/wp-content\/uploads\/2021\/06\/Pourquoi-les-femmes-ont-une-meilleure-vie-sexuelle-sous-le-socialisme-1.jpg?w=400&amp;ssl=1 400w, https:\/\/i0.wp.com\/www.rdpemancipation.org\/wp-content\/uploads\/2021\/06\/Pourquoi-les-femmes-ont-une-meilleure-vie-sexuelle-sous-le-socialisme-1.jpg?resize=170%2C300&amp;ssl=1 170w\" sizes=\"auto, (max-width: 265px) 100vw, 265px\" \/><\/figure>\n\n\n\n<p><a href=\"https:\/\/entreleslignesentrelesmots.blog\/2021\/06\/25\/larticle-66-du-code-de-la-famille-est-une-violence-contre-les-meres-divorcees\/\">L\u2019article&nbsp;66 du code de la famille est une violence contre les m\u00e8res&nbsp;divorc\u00e9es<\/a> (Entre les mots)<\/p>\n\n\n\n<p><a href=\"https:\/\/entreleslignesentrelesmots.blog\/2021\/06\/24\/amerique-du-nord-grands-pas-en-avant-dans-la-lutte-contre-lexploitation-sexuelle\/\">Am\u00e9rique du Nord&nbsp;\u2013 Grands pas en avant dans la lutte contre l\u2019exploitation&nbsp;sexuelle<\/a> (Entre les mots)<\/p>\n\n\n\n<p><a href=\"https:\/\/entreleslignesentrelesmots.blog\/2021\/06\/23\/avec-ou-sans-voile-toutes-egales-communique-de-soutien\/\">Avec ou sans voile, toutes \u00e9gales&nbsp;! Communiqu\u00e9 de&nbsp;soutien<\/a> (Entre les mots)<\/p>\n\n\n\n<p><a href=\"http:\/\/www.slate.fr\/story\/211169\/tribune-emmanuel-macron-les-feministes-du-monde-entier-vous-regardent-egalites-lgbt\">Emmanuel Macron, les f\u00e9ministes du monde entier vous regardent<\/a> -G\u00e9n\u00e9rations F\u00e9ministes et #NousToutes (Slate)<\/p>\n\n\n\n<p><a href=\"http:\/\/www.slate.fr\/story\/211115\/bresil-lutte-violences-domestiques-salons-beaute-coiffeuse-barbier\">Au Br\u00e9sil, la lutte contre les violences domestiques se fait chez la coiffeuse et le barbier<\/a> par Emma Barrier (Slate)<\/p>\n\n\n\n<figure class=\"wp-block-image is-style-default\"><img data-recalc-dims=\"1\" decoding=\"async\" src=\"https:\/\/i0.wp.com\/static.mediapart.fr\/etmagine\/default\/files\/2017\/11\/19\/porc.jpg?w=1200&#038;ssl=1\" alt=\"porc\"\/><figcaption><sub>Balance ton porc<\/sub><\/figcaption><\/figure>\n\n\n\n<p><strong><span class=\"has-inline-color has-vivid-red-color\">28 Juin en continu<\/span><\/strong><\/p>\n\n\n\n<p><a href=\"https:\/\/mailchi.mp\/revueladeferlante\/regimes-une-histoire-de-dominations?e=53ffa9d8fa\">R\u00e9gimes : une histoire de dominations -entretien avec Solenne Carof<\/a> &#8211; (La d\u00e9ferlante)<\/p>\n\n\n\n<figure class=\"wp-block-image size-large is-resized is-style-default\"><img data-recalc-dims=\"1\" loading=\"lazy\" decoding=\"async\" src=\"https:\/\/i0.wp.com\/www.rdpemancipation.org\/wp-content\/uploads\/2021\/06\/ladeferlante_2-400.png?resize=435%2C294&#038;ssl=1\" alt=\"\" class=\"wp-image-34950\" width=\"435\" height=\"294\" srcset=\"https:\/\/i0.wp.com\/www.rdpemancipation.org\/wp-content\/uploads\/2021\/06\/ladeferlante_2-400.png?w=1024&amp;ssl=1 1024w, https:\/\/i0.wp.com\/www.rdpemancipation.org\/wp-content\/uploads\/2021\/06\/ladeferlante_2-400.png?resize=300%2C203&amp;ssl=1 300w, https:\/\/i0.wp.com\/www.rdpemancipation.org\/wp-content\/uploads\/2021\/06\/ladeferlante_2-400.png?resize=768%2C520&amp;ssl=1 768w\" sizes=\"auto, (max-width: 435px) 100vw, 435px\" \/><\/figure>\n\n\n\n<p><a href=\"https:\/\/blogs.mediapart.fr\/zazaz\/blog\/260621\/libre-oui-mais-condamnee\">Libre oui, mais condamn\u00e9e <\/a>-Zazaz&nbsp;&nbsp;&nbsp;<\/p>\n\n\n\n<p><a href=\"https:\/\/www.revolutionpermanente.fr\/Violee-pendant-20-ans-Valerie-Bacot-est-condamnee-a-4-ans-de-prison-par-la-justice-Exigeons-la\">Viol\u00e9e pendant 20 ans, Val\u00e9rie Bacot est condamn\u00e9e \u00e0 4 ans de prison par la justice. Exigeons la relaxe totale&nbsp;!<\/a> (RP)<\/p>\n\n\n\n<p><a href=\"https:\/\/theconversation.com\/grace-aux-fanfictions-la-4e-generation-de-feministes-revisite-la-saga-harry-potter-158936\">Gr\u00e2ce aux \u00ab fanfictions \u00bb, la 4e g\u00e9n\u00e9ration de f\u00e9ministes revisite la saga Harry Potter<\/a> (The Conversation)<\/p>\n\n\n\n<p><a href=\"https:\/\/www.placegrenet.fr\/2021\/06\/26\/une-exposition-sur-la-conquete-des-droits-des-femmes-a-grenoble-avec-lartiste-petite-poissone\/540260\">Une exposition sur la conqu\u00eate des droits des femmes \u00e0 Grenoble, avec l\u2019artiste Petite Poissone<\/a> (Place Gre\u2019net)<\/p>\n\n\n\n<p><a href=\"http:\/\/www.slate.fr\/story\/211420\/valise-roulettes-bagages-aeroport-stereotypes-genre\">L&rsquo;apparition tardive des bagages \u00e0 roulettes, une question de sexisme<\/a> (Slate)<\/p>\n\n\n\n<p><a href=\"http:\/\/www.slate.fr\/story\/211294\/lgbt-voyages-hommes-gays-droits-monde-hetero-communaute-discrimination-homophobie\">Les&nbsp;touristes gays se&nbsp;cachent pour mieux&nbsp;voyager<\/a> par Alexandra S. Rome et Jack Sheldon Tillotson (Slate)<\/p>\n\n\n\n<p><a href=\"http:\/\/www.slate.fr\/story\/211195\/in-treatment-serie-psy-costumes-uzo-aduba-bousculent-representation-corps-feminin-hbo-ocs\">Les costumes d&rsquo;\u00abIn Treatment\u00bb bousculent la repr\u00e9sentation du corps f\u00e9minin<\/a> par Ana\u00efs Bordages (Slate)<\/p>\n\n\n\n<p><a href=\"https:\/\/mailchi.mp\/c933302185d6\/mere-alors-15-accouchement-non-assiste?e=b73f4a2d8c\">#15&nbsp;<sup>.<\/sup> Non assist\u00e9es<\/a> \u2013 Fabienne Lacoude (M\u00e8re alors&nbsp;!)<\/p>\n\n\n\n<figure class=\"wp-block-image is-resized is-style-default\"><img data-recalc-dims=\"1\" loading=\"lazy\" decoding=\"async\" src=\"https:\/\/i0.wp.com\/mcusercontent.com\/80faf7a5728862fd407046c9a\/images\/e659613c-7f9c-ab77-dcce-49ab87a8464a.png?resize=487%2C327&#038;ssl=1\" alt=\"Femme venant d'accoucher dans une pisicine qui tient son nouveau-n\u00e9 contre elle\" width=\"487\" height=\"327\"\/><\/figure>\n\n\n\n<p><a href=\"https:\/\/lesglorieuses.fr\/menopause-travail\/?utm_medium=email&amp;utm_campaign=Economie%20-%20Saison%20II%20-%20pisode%208&amp;utm_content=Economie%20-%20Saison%20II%20-%20pisode%208+CID_08bd0ff2f8b67df1806fe1a99f785f15&amp;utm_source=Email%20marketing%20software&amp;utm_term=Lire%20la%20mme%20chose%20en%20ligne\">La m\u00e9nopause dans le monde du travail : comment s\u2019adapter ?&nbsp;<\/a>(Les glorieuses)<\/p>\n\n\n\n<p><a href=\"http:\/\/www.slate.fr\/story\/211004\/pourquoi-faire-des-enfants-bayrou-france-fecondite-natalite-demographie-desir-devoir-parents?utm_source=ownpage&amp;utm_medium=newsletter&amp;utm_campaign=daily_20210624&amp;_ope=eyJndWlkIjoiOThhZjk5NzYyMzEyNGEyZDhhYjg2NDk3NTJhYjNhMTYifQ%3D%3D\">Pourquoi fait-on des enfants?<\/a> \u2013 Nora Bouazzouni (Slate)<\/p>\n\n\n\n<p><a href=\"https:\/\/tradfem.wordpress.com\/2021\/06\/22\/la-face-sombre-de-larc-en-ciel\/\">La face sombre de l\u2019arc-en-ciel<\/a> \u2013 Jos\u00e9pehine Bartosh (Tradfem)<\/p>\n\n\n\n<p><a href=\"https:\/\/entreleslignesentrelesmots.blog\/2021\/06\/27\/valerie-bacot-tout-le-monde-savait\/\">Val\u00e9rie Bacot&nbsp;: Tout le monde&nbsp;savait<\/a> (Entre les mots)<\/p>\n\n\n\n<p><a href=\"https:\/\/entreleslignesentrelesmots.blog\/2021\/06\/26\/le-consentement-libre-prealable-et-eclaire-un-instrument-dautodetermination-autochtone\/\">Le consentement libre, pr\u00e9alable et \u00e9clair\u00e9&nbsp;: un instrument d\u2019autod\u00e9termination autochtone<\/a> (Entre les mots)<\/p>\n\n\n\n<p><a href=\"https:\/\/entreleslignesentrelesmots.blog\/2021\/06\/25\/affaire-mila-stop-a-la-haine-en-ligne\/\">Affaire Mila : stop \u00e0 la haine en ligne (plus deux&nbsp;textes)<\/a> (Entre les mots)<\/p>\n\n\n\n<figure class=\"wp-block-image is-resized is-style-default\"><img data-recalc-dims=\"1\" loading=\"lazy\" decoding=\"async\" src=\"https:\/\/i0.wp.com\/capiremov.org\/wp-content\/uploads\/2021\/04\/2.-Marcela-Nicolas_Brasil.png?resize=362%2C511&#038;ssl=1\" alt=\"O atributo alt desta imagem est\u00e1 vazio. O nome do arquivo \u00e9 2.-Marcela-Nicolas_Brasil.png\" width=\"362\" height=\"511\"\/><figcaption><sub>\u201fS\u2019ils ne nous laissent pas r\u00eaver, nous ne les laisserons pas dormir\u201d<\/sub><\/figcaption><\/figure>\n\n\n\n<p><strong><span class=\"has-inline-color has-vivid-red-color\">27 Juin en continu<\/span><\/strong><\/p>\n\n\n\n<p><a href=\"https:\/\/www.facebook.com\/watch\/?v=839845066934086&amp;notif_id=1624735745607474&amp;notif_t=watch_follower_video&amp;ref=notif\">PMA pour toutes et tous!<\/a> -vid\u00e9o NPA Universit\u00e9<\/p>\n\n\n\n<p><a href=\"https:\/\/www.mediapart.fr\/journal\/culture-idees\/260621\/pourquoi-nous-avons-ferme-les-yeux-sur-la-detresse-de-britney-spears\">Pourquoi nous avons ferm\u00e9 les yeux sur la d\u00e9tresse de Britney Spears<\/a> (M\u00e9diapart)&nbsp;<\/p>\n\n\n\n<p><a href=\"https:\/\/www.humanite.fr\/violences-intrafamilales-valerie-bacot-la-victime-condamnee-une-peine-symbolique-712484#xtor=RSS-1\">Violences intrafamilales. Val\u00e9rie Bacot : la \u00ab victime \u00bb condamn\u00e9e \u00e0 une peine symbolique<\/a> (L\u2019Humanit\u00e9)<\/p>\n\n\n\n<p><a href=\"http:\/\/www.slate.fr\/story\/210947\/femmes-artistes-peintres-christies-vente-encheres-women-in-art-statut-invisibilisation\">Pour qu&rsquo;enfin, on soit capable de citer une femme parmi les plus grands peintres au monde<\/a>  (Slate)<\/p>\n\n\n\n<p><a href=\"http:\/\/www.slate.fr\/story\/210368\/therapies-conversion-aversives-exorcisme-traumatisme-temoignage-rescape\">\u00abToi, tu as le d\u00e9mon de l&rsquo;homosexualit\u00e9\u00bb: Thomas a subi cinq ans de th\u00e9rapies de conversion<\/a> (Slate)<\/p>\n\n\n\n<p><strong><a href=\"http:\/\/www.slate.fr\/story\/211348\/bikini-enfant-petites-filles-bebe-hypersexualisation-seins\">Le bikini pour petites filles, ou l&rsquo;hypersexualisation d\u00e8s le berceau<\/a> par Titiou Lecoq (Slate)<\/strong><\/p>\n\n\n\n<p><a href=\"https:\/\/www.leravi.org\/politique\/communautes\/lgbtqi\/a-marseille-des-lesbiennes-fondent-des-assises-un-collectif-pour-se-rendre-plus-visibles\/\">A Marseille, des lesbiennes fondent des \u00ab Assises \u00bb, un collectif pour se rendre plus visibles<\/a> (Le Ravi)<\/p>\n\n\n\n<p><a href=\"https:\/\/linsoumission.fr\/2021\/06\/25\/euro-2021-scandale-lachete-de-luefa-face-a-lhomophobie-de-la-hongrie\/\">Euro 2021 : L\u00e2chet\u00e9 de l\u2019UEFA face \u00e0 l\u2019homophobie de la Hongrie<\/a> (L\u2019Insoumission)<\/p>\n\n\n\n<figure class=\"wp-block-image is-resized is-style-default\"><img data-recalc-dims=\"1\" loading=\"lazy\" decoding=\"async\" src=\"https:\/\/i0.wp.com\/linsoumission.fr\/wp-content\/uploads\/2021\/06\/Stade-LGBTI-V2-768x432.png?resize=444%2C250&#038;ssl=1\" alt=\"Stade LGBTI V2\" width=\"444\" height=\"250\"\/><\/figure>\n\n\n\n<p><strong><span class=\"has-inline-color has-vivid-red-color\">26 Juin en continu<\/span><\/strong><\/p>\n\n\n\n<p><a href=\"https:\/\/lanticapitaliste.org\/arguments\/lgbti\/lextreme-droite-est-la-pire-ennemie-des-lgbti\">L\u2019extr\u00eame droite est la pire ennemie des LGBTI\u2009!<\/a> (L\u2019Anticapitaliste)<\/p>\n\n\n\n<p><a href=\"https:\/\/www.lemonde.fr\/societe\/article\/2021\/06\/26\/plus-de-droits-moins-de-blabla-entre-pantin-et-paris-des-milliers-de-personnes-defilent-a-l-occasion-de-la-marche-des-fiertes-lgbtqia_6085844_3224.html\">Des milliers de personnes \u00e0 la Marche des fiert\u00e9s, entre Pantin et Paris<\/a> (Le Monde)<\/p>\n\n\n\n<figure class=\"wp-block-image\"><img data-recalc-dims=\"1\" decoding=\"async\" src=\"https:\/\/i0.wp.com\/img.lemde.fr\/2021\/06\/26\/0\/0\/6720\/4480\/664\/0\/75\/0\/0c1a368_3985ca1b67dc4d859787961bf543a775-3985ca1b67dc4d859787961bf543a775-0.jpg?w=1200&#038;ssl=1\" alt=\"Des participants \u00e0 la Marche annuelle des fiert\u00e9s,\u00a0\u00e0 Pantin (Seine-Saint-Denis), samedi 26 juin 2021.\"\/><\/figure>\n\n\n\n<p><sup>Des participants \u00e0 la Marche annuelle des fiert\u00e9s,&nbsp;\u00e0 Pantin (Seine-Saint-Denis), samedi 26 juin 2021. LEWIS JOLY \/ AP<\/sup><\/p>\n\n\n\n<p><strong><a href=\"https:\/\/www.francetvinfo.fr\/faits-divers\/justice-proces\/proces-de-valerie-bacot\/proces-de-valerie-bacot-justice-a-ete-rendue-selon-son-avocate_4679061.html\">Proc\u00e8s de Val\u00e9rie Bacot : \u00ab\u00a0Le verdict fera date\u00a0\u00bb<\/a> <\/strong>(France Infos)<\/p>\n\n\n\n<figure class=\"wp-block-image\"><img data-recalc-dims=\"1\" decoding=\"async\" src=\"https:\/\/i0.wp.com\/www.francetvinfo.fr\/pictures\/DFu3zgALdzW1KeeZherLrkD7gtc\/752x423\/2021\/06\/26\/phpXVnuI1.jpg?w=1200&#038;ssl=1\" alt=\"Val\u00e9rie Bacot, entour\u00e9e de ses deux avocates Nathalie Tomasini (\u00e0 gauche) et\u00a0Janine Bonaggiunta (\u00e0 droite) \u00e0 la sortie du tribunal de Ch\u00e2lon-sur-Sa\u00f4ne (Sa\u00f4ne-et-Loire), vendredi 25 juin 2021. (JEFF PACHOUD \/ AFP)\"\/><\/figure>\n\n\n\n<p><sup>Val\u00e9rie Bacot, entour\u00e9e de ses deux avocates Nathalie Tomasini (\u00e0 gauche) et&nbsp;Janine Bonaggiunta (\u00e0 droite) \u00e0 la sortie du tribunal de Ch\u00e2lon-sur-Sa\u00f4ne (Sa\u00f4ne-et-Loire), vendredi 25 juin 2021. (JEFF PACHOUD \/ AFP)<\/sup><\/p>\n\n\n\n<p><a href=\"https:\/\/www.lesnouvellesnews.fr\/le-rapport-tirole-blanchard-fait-limpasse-sur-une-relance-feministe\/\">Le rapport Tirole-Blanchard fait l\u2019impasse sur une relance f\u00e9ministe<\/a> (Les Nouvelles News)&nbsp;<\/p>\n\n\n\n<p><a href=\"https:\/\/www.mediapart.fr\/journal\/france\/250621\/chez-happn-des-salaries-denoncent-un-patron-sexiste-et-humiliant\">Chez Happn, des salari\u00e9s d\u00e9noncent un patron \u00absexiste\u00bb et \u00abhumiliant\u00bb<\/a> (M\u00e9diapart)<\/p>\n\n\n\n<p><a href=\"https:\/\/www.bastamag.net\/mineures-isolees-une-maison-refuge-womens-house-Utopia56-Medecins-sans-frontiere\">\u00ab On veut garantir la s\u00e9curit\u00e9 des femmes par les femmes \u00bb : une maison refuge pour les mineures isol\u00e9es<\/a> (Basta&nbsp;!)<\/p>\n\n\n\n<p><a href=\"https:\/\/www.revolutionpermanente.fr\/PPDA-accuse-de-viol-et-d-agression-sexuelle-l-enquete-classee-sans-suite-malgre-23-temoignages\">PPDA accus\u00e9 de viol et d\u2019agression sexuelle&nbsp;: l\u2019enqu\u00eate class\u00e9e sans suite malgr\u00e9 23 temoignages<\/a> (RP)<\/p>\n\n\n\n<p><a href=\"https:\/\/l.facebook.com\/l.php?u=https:\/\/www.nouvelobs.com\/monde\/20210624.OBS45712\/euro-le-drapeau-lgbt-s-affiche-partout-en-allemagne-pour-denoncer-une-loi-hongroise.html?utm_medium=Social&amp;utm_source=Facebook&amp;fbclid=IwAR0JAlMaShlzNfUEm51KQ6jzmIb5lELBjlO95MnqG1p1iwe_ltLCMCsnjJs#Echobox=1624541585&amp;h=AT0yIy1n12SRaYKPllvqsHgBgs8k__Yz-A78urTTTQffaIbrdHv-xcZIIKBpxL0o8unPf7lw7pGjJ7WX4qVMMcamEjofeFFdwjWGdQJ0oNICp2eSsk5wowZAbXEQOzYSQqYPVxI&amp;__tn__=,mH-R&amp;c%5B0%5D=AT3VIlS-yMpqgUTJcoRFRThvPw-Ebb39E2U-BBjH3N2-M-YVq6qRae3pter16IeOqLgJoaAgo9d90HeTJd9BDl64UjoUMDFLv9fj0J2P0BTyWtiV-6onSiNNMU6EojR3VYElFtvN2fk5xyB01jvuWoz_9Zj9zpPYuyeJvJHlEHgPQqs\">Euro : le drapeau LGBT s\u2019affiche partout en Allemagne pour d\u00e9noncer une loi hongroise&nbsp;<\/a> (Nouvel Obs)<\/p>\n\n\n\n<p><a href=\"https:\/\/www.contretemps.eu\/femmes-travailleuses-genre-feminisme-amerique-latine\/\">Femmes travailleuses et dynamique f\u00e9ministe en Argentine<\/a> (Contretemps)<\/p>\n\n\n\n<div class=\"wp-block-image is-style-default\"><figure class=\"aligncenter\"><img data-recalc-dims=\"1\" decoding=\"async\" src=\"https:\/\/i0.wp.com\/www.contretemps.eu\/wp-content\/uploads\/unnamed-6-1.jpg?w=1200&#038;ssl=1\" alt=\"\" class=\"wp-image-29225\"\/><\/figure><\/div>\n\n\n\n<p><a href=\"https:\/\/www.boursorama.com\/videos\/actualites\/gibraltar-assouplit-sa-legislation-anti-avortement-9e3c37e3f7f36cfa105dcd2a3a6991cc\">Gibraltar assouplit sa l\u00e9gislation anti-avortement<\/a> (AFP vid\u00e9o)<\/p>\n\n\n\n<p><strong><span class=\"has-inline-color has-vivid-red-color\">25 Juin en continu<\/span><\/strong><\/p>\n\n\n\n<p><a href=\"http:\/\/www.regards.fr\/la-midinale\/article\/marche-des-fiertes-faisons-converger-les-luttes-des-opprime-e-s-du-systeme\">Marche des fiert\u00e9s : \u00ab Faisons converger les luttes des opprim\u00e9.e.s du syst\u00e8me capitaliste \u00bb<\/a> (Regards)<\/p>\n\n\n\n<figure class=\"wp-block-embed is-type-video is-provider-youtube wp-block-embed-youtube wp-embed-aspect-16-9 wp-has-aspect-ratio\"><div class=\"wp-block-embed__wrapper\">\n<iframe loading=\"lazy\" title=\"Marche des fiert\u00e9s : \u00ab\u00a0Faisons converger les luttes des opprim\u00e9.e.s du syst\u00e8me capitaliste \u00bb\" width=\"1200\" height=\"675\" src=\"https:\/\/www.youtube.com\/embed\/y0cItHfUGlY?feature=oembed\" frameborder=\"0\" allow=\"accelerometer; autoplay; clipboard-write; encrypted-media; gyroscope; picture-in-picture\" allowfullscreen><\/iframe>\n<\/div><\/figure>\n\n\n\n<p><a href=\"https:\/\/lecourrier.ch\/2021\/06\/24\/la-voix-des-femmes-dans-le-rap\/\">La voix des femmes dans le rap<\/a> (Le Courrier)<\/p>\n\n\n\n<p><a href=\"https:\/\/www.lesnouvellesnews.fr\/legalite-dans-la-haute-fonction-publique-a-la-trappe\/\">L\u2019\u00e9galit\u00e9 dans la haute fonction publique \u00e0 la trappe ?<\/a>&nbsp; (Les Nouvelles News)<\/p>\n\n\n\n<p><a href=\"https:\/\/www.viefeminine.be\/avec-ou-sans-voile-toutes-egales\">Avec ou sans voile, toutes \u00e9gales&nbsp;! Communiqu\u00e9 de&nbsp;soutien<\/a> (Vie f\u00e9minine)<\/p>\n\n\n\n<p><a href=\"https:\/\/tradfem.wordpress.com\/2021\/06\/19\/une-affaire-des-droits-de-lhomme-concernant-le-commerce-du-sexe-va-porter-prejudice-aux-femmes\/\">Une affaire des \u00ab&nbsp;droits de l\u2019homme&nbsp;\u00bb concernant le commerce du sexe va porter pr\u00e9judice aux&nbsp;femmes<\/a> (Tradfem)<\/p>\n\n\n\n<p><strong><a href=\"https:\/\/lanticapitaliste.org\/arguments\/lgbti\/trans-opprimees-il-faut-changer-de-societe\">Trans opprim\u00e9\u00b7E\u00b7s\u2009: il faut changer de soci\u00e9t\u00e9<\/a> (L\u2019Anticapitaliste)<\/strong><\/p>\n\n\n\n<p><a href=\"https:\/\/lanticapitaliste.org\/arguments\/lgbti\/la-lutte-contre-les-lgbtiphobies-est-internationale\">La lutte contre les LGBTIphobies est internationale\u2009!<\/a> -Tarik Safraoui<\/p>\n\n\n\n<p><a href=\"https:\/\/lanticapitaliste.org\/arguments\/lgbti\/pinkwashing-lhypocrisie-du-gouvernement\">\u00ab\u2009Pinkwashing\u2009\u00bb\u2009: l\u2019hypocrisie du gouvernement<\/a> (L\u2019Anticapitaliste)<\/p>\n\n\n\n<p><a href=\"https:\/\/www.lesnouvellesnews.fr\/salepute-comment-les-cyberharceleurs-musellent-les-femmes\/\">\u00ab #Salepute \u00bb : comment les cyberharceleurs musellent les femmes<\/a> (Les Nouvelles News)<\/p>\n\n\n\n<p><a href=\"https:\/\/tradfem.wordpress.com\/2021\/06\/18\/amerique-du-nord-grands-pas-en-avant-dans-la-lutte-contre-lexploitation-sexuelle\/\">Am\u00e9rique du Nord&nbsp;\u2013 Grands pas en avant dans la lutte contre l\u2019exploitation&nbsp;sexuelle<\/a> (Tradfem) <\/p>\n\n\n\n<figure class=\"wp-block-image is-style-default\"><img data-recalc-dims=\"1\" decoding=\"async\" src=\"https:\/\/tradfem.files.wordpress.com\/2021\/06\/logo-ncose.png?w=1200\" alt=\"\" class=\"wp-image-8634\"\/><\/figure>\n\n\n\n<p><a href=\"https:\/\/www.boursorama.com\/actualite-economique\/actualites\/droits-lgbt-viktor-orban-se-fait-recadrer-au-sommet-de-l-ue-7637c3f2a3464d203a402c172fa6c8ab\">Droits LGBT: Viktor Orban se fait recadrer au sommet de l&rsquo;UE<\/a> (AFP)<\/p>\n\n\n\n<p><a href=\"https:\/\/orientxxi.info\/magazine\/les-femmes-du-koweit-impulsent-leur-metoo,4862\">Les femmes du Kowe\u00eft impulsent leur #MeToo<\/a> (Orient XXI)<\/p>\n\n\n\n<p><a href=\"https:\/\/www.boursorama.com\/actualite-economique\/actualites\/pakistan-tolle-apres-des-propos-d-imran-khan-liant-viol-et-tenue-vestimentaire-259e3bebde01d53fca5cffb0dd1e54b3\">Pakistan: toll\u00e9 apr\u00e8s des propos d&rsquo;Imran Khan liant viol et tenue vestimentaire<\/a> (AFP)<\/p>\n\n\n\n<p><a href=\"https:\/\/www.boursorama.com\/videos\/actualites\/gibraltar-referendum-sur-la-legislation-anti-avortement-8aa1ea7acacc2cdb9c7a651f1e0ecc15\">Gibraltar: r\u00e9f\u00e9rendum sur la l\u00e9gislation anti-avortement<\/a> (AFP)<\/p>\n\n\n\n<p><strong><span class=\"has-inline-color has-vivid-red-color\">24 Juin en continu<\/span><\/strong><\/p>\n\n\n\n<p><strong><a href=\"https:\/\/www.francetvinfo.fr\/societe\/violences-faites-aux-femmes\/temoignage-j-ai-survecu-a-un-feminicide_4675755.html\">Isabelle a surv\u00e9cu \u00e0 une tentative de f\u00e9minicide<\/a> <\/strong>\u2013 Vid\u00e9o&nbsp; (France Infos)<\/p>\n\n\n\n<p><a href=\"https:\/\/www.france24.com\/fr\/europe\/20210624-droits-lgbt-17-dirigeants-de-l-ue-appellent-au-respect-des-valeurs-fondamentales\">Droits LGBT : 17 dirigeants de l&rsquo;UE appellent au respect des \u00ab\u00a0valeurs fondamentales\u00a0\u00bb<\/a> (France 24)<\/p>\n\n\n\n<p><strong><a href=\"https:\/\/www.questionsdeclasses.org\/entretien-avec-mathilde-larrere-autour-de-rage-against-the-machisme-1-3\/\">Mathilde Larr\u00e8re&nbsp;: Autour de rage \u00ab&nbsp;against the machisme&nbsp;\u00bb 1\/3<\/a> (Q2C)<\/strong><\/p>\n\n\n\n<figure class=\"wp-block-image size-large is-resized is-style-default\"><img data-recalc-dims=\"1\" loading=\"lazy\" decoding=\"async\" src=\"https:\/\/i0.wp.com\/www.rdpemancipation.org\/wp-content\/uploads\/2021\/06\/Rage-against-the-machisme-grande-652x1024-1.jpg?resize=305%2C480&#038;ssl=1\" alt=\"\" class=\"wp-image-34379\" width=\"305\" height=\"480\" srcset=\"https:\/\/i0.wp.com\/www.rdpemancipation.org\/wp-content\/uploads\/2021\/06\/Rage-against-the-machisme-grande-652x1024-1.jpg?w=652&amp;ssl=1 652w, https:\/\/i0.wp.com\/www.rdpemancipation.org\/wp-content\/uploads\/2021\/06\/Rage-against-the-machisme-grande-652x1024-1.jpg?resize=191%2C300&amp;ssl=1 191w\" sizes=\"auto, (max-width: 305px) 100vw, 305px\" \/><\/figure>\n\n\n\n<p><a href=\"https:\/\/radioparleur.net\/2021\/06\/23\/pride-radicale-lgbt-paris\/\">Une Pride \u00ab radicale et anticapitaliste \u00bb, pour retrouver l\u2019esprit de lutte<\/a> (Radioparleur)<\/p>\n\n\n\n<p><a href=\"https:\/\/dieses.fr\/abandonnons-le-culte-de-la-puissance-masculine\">Abandonnons le culte de la puissance masculine<\/a> (Di\u00e8ses)<\/p>\n\n\n\n<p><a href=\"https:\/\/lanticapitaliste.org\/arguments\/lgbti\/lextreme-droite-est-la-pire-ennemie-des-lgbti\">L\u2019extr\u00eame droite est la pire ennemie des LGBTI\u2009!<\/a> (L\u2019Anticapitaliste)<\/p>\n\n\n\n<p><a href=\"https:\/\/lanticapitaliste.org\/arguments\/lgbti\/la-pma-tout-de-suite-maintenant-ca-ne-se-negocie-pas\">La PMA, tout de suite, maintenant, \u00e7a ne se n\u00e9gocie pas\u2009!<\/a> (L\u2019Anticapitaliste)<\/p>\n\n\n\n<p><a href=\"https:\/\/lanticapitaliste.org\/arguments\/lgbti\/faire-des-marches-des-fiertes-un-moment-de-lutte-des-classes\">Faire des Marches des Fiert\u00e9s un moment de lutte des classes<\/a> (L\u2019Anticapitaliste)<\/p>\n\n\n\n<p><strong><span class=\"has-inline-color has-vivid-red-color\">23 Juin en continu<\/span><\/strong><\/p>\n\n\n\n<p><a href=\"https:\/\/ricochets.cc\/L-Etat-francais-maltraite-les-femmes-qui-veulent-accoucher-a-domicile-jusqu-a-enlever-les-nouveaux.html\">L&rsquo;Etat maltraite les femmes qui veulent accoucher \u00e0 domicile, jusqu&rsquo;\u00e0 enlever les nouveaux-n\u00e9s&nbsp;!<\/a> (Ricochets)<\/p>\n\n\n\n<p><a href=\"https:\/\/www.revolutionpermanente.fr\/Battue-et-violee-Valerie-Bacot-risque-la-perpetuite-pour-avoir-tue-son-mari-proces-de-la-honte\">Battue et viol\u00e9e, Val\u00e9rie Bacot risque la perp\u00e9tuit\u00e9 pour avoir tu\u00e9 son mari&nbsp;: proc\u00e8s de la honte&nbsp;!<\/a> (RP)<\/p>\n\n\n\n<p><a href=\"https:\/\/www.axellemag.be\/ecoles-sexisme-regles-vestimentaires\/\">Dans les \u00e9coles, filles et les gar\u00e7ons combattent le sexisme des r\u00e8gles vestimentaires<\/a> (Axelle Magazine)<\/p>\n\n\n\n<p><a href=\"https:\/\/reporterre.net\/Des-ecofeministes-et-des-clownes-ont-jubile-contre-le-patriarcat\">Des \u00e9cof\u00e9ministes et des clownes ont jubil\u00e9 contre le patriarcat<\/a> (Reporterre)<\/p>\n\n\n\n<p><a href=\"https:\/\/lanticapitaliste.org\/evenement\/lanticapitaliste-lentretien-special-marche-des-fiertes\">L&rsquo;Anticapitaliste l&rsquo;entretien sp\u00e9cial Marche des fiert\u00e9s<\/a> (L\u2019Anticapitaliste)<\/p>\n\n\n\n<p><a href=\"https:\/\/www.boursorama.com\/actualite-economique\/actualites\/en-grece-de-jeunes-refugiees-s-engagent-pour-l-egalite-des-genres-2b1789cc72261f377cf430813b03d1b0\">En Gr\u00e8ce, de jeunes r\u00e9fugi\u00e9es s&rsquo;engagent pour l&rsquo;\u00e9galit\u00e9 des genres<\/a> (AFP)<\/p>\n\n\n\n<p><a href=\"https:\/\/www.lesnouvellesnews.fr\/viols-les-excuses-du-gouvernement-britannique\/\">Viols : les excuses du gouvernement britannique<\/a> (Les Nouvelles News)<\/p>\n\n\n\n<p><a href=\"http:\/\/frances.prensa-latina.cu\/index.php?option=com_content&amp;view=article&amp;id=886600:les-jeux-olympiques-de-tokyo-accueilleront-pour-la-premiere-fois-un-athlete-transgenre&amp;opcion=pl-ver-noticia&amp;catid=109&amp;Itemid=101\">Les Jeux Olympiques de Tokyo accueilleront pour la premi\u00e8re fois un athl\u00e8te transgenre<\/a> (Prensa Latina)<\/p>\n\n\n\n<p><strong><span class=\"has-inline-color has-vivid-red-color\">22 Juin en continu<\/span><\/strong><\/p>\n\n\n\n<p>\u200b<a href=\"https:\/\/www.liberation.fr\/societe\/droits-des-femmes\/avec-la-pandemie-et-le-teletravail-les-meres-sont-passees-a-la-triple-journee-20210622_BEVKQWBN7NBEBI5DY2U6MD5WA4\/\">Avec la pand\u00e9mie et le t\u00e9l\u00e9travail, les m\u00e8res sont pass\u00e9es \u00e0 la \u00abtriple journ\u00e9e\u00bb<\/a> (Lib\u00e9)<\/p>\n\n\n\n<p><a href=\"https:\/\/www.humanite.fr\/proces-de-valerie-bacot-accusee-davoir-tue-son-mari-pour-mettre-fin-24-annees-de-tortures-711565#xtor=RSS-1\">Proc\u00e8s de Val\u00e9rie Bacot : accus\u00e9e d&rsquo;avoir tu\u00e9 son mari pour mettre fin \u00e0 24 ann\u00e9es de tortures<\/a> (L\u2019Humanit\u00e9)<\/p>\n\n\n\n<figure class=\"wp-block-image is-resized is-style-default\"><img data-recalc-dims=\"1\" loading=\"lazy\" decoding=\"async\" src=\"https:\/\/i0.wp.com\/mamot.fr\/system\/cache\/media_attachments\/files\/106\/411\/650\/704\/098\/154\/original\/b7060bb9f9d4bfbd.jpg?resize=350%2C280&#038;ssl=1\" alt=\"\" width=\"350\" height=\"280\"\/><\/figure>\n\n\n\n<p><a href=\"https:\/\/www.liberation.fr\/international\/amerique\/pornhub-34-femmes-portent-plainte-pour-des-videos-dabus-sexuels-20210618_OJVKQIQ4URARXJTHXT52RHNF2Q\/\">Pornhub&nbsp;: 34 femmes portent plainte pour des vid\u00e9os d\u2019abus sexuels<\/a> (Lib\u00e9ration)<\/p>\n\n\n\n<p><a href=\"https:\/\/www.mediapart.fr\/journal\/france\/210621\/violences-conjugales-la-condamnation-du-maire-de-cabourg-confirmee-en-appel\">Violences conjugales: la condamnation du maire de Cabourg confirm\u00e9e en appel<\/a> (M\u00e9diapart)<\/p>\n\n\n\n<p><a href=\"https:\/\/blogs.mediapart.fr\/georges-andre\/blog\/210621\/marche-des-fiertes-fier-es-detre-soi-ensemble-pleinement\">Marche des fiert\u00e9s : fier\u00b7es d&rsquo;\u00eatre soi ensemble pleinement <\/a>-Georges-Andr\u00e9 <\/p>\n\n\n\n<p><a href=\"https:\/\/www.huffingtonpost.fr\/entry\/euro-munich-veut-un-stade-aux-couleurs-lgbt-pour-recevoir-la-hongrie_fr_60cf40fce4b0b50d622e842c?utm_campaign=fr_main&amp;ncid=fcbklnkfrhpmg00000001&amp;utm_medium=Social&amp;utm_source=Facebook&amp;fbclid=IwAR00pHlrEpduNGMzgOfESl58xYRpfrIlf-KHQGJ9L-pcFZvnSk76eijcYsI\" rel=\"noreferrer noopener\" target=\"_blank\">Pour protester contre loi controvers\u00e9e, Munich veut un stade aux couleurs LGBT pour recevoir Hongrie <\/a>(Huff Post)<\/p>\n\n\n\n<figure class=\"wp-block-image is-resized is-style-default\"><img data-recalc-dims=\"1\" loading=\"lazy\" decoding=\"async\" src=\"https:\/\/i0.wp.com\/img.huffingtonpost.com\/asset\/60cf48254100005121812d58.jpg?resize=509%2C321&#038;ssl=1\" alt=\"Le stade du Munich, \" width=\"509\" height=\"321\"\/><\/figure>\n\n\n\n<p><a href=\"https:\/\/europe-solidaire.us8.list-manage.com\/track\/click?u=5c732dd5ee65845cf20fd724a&amp;id=f4a4b3d06b&amp;e=5df9c98670\">L&rsquo;Inde s&rsquo;attaque aux pr\u00e9tendues th\u00e9rapies de r\u00e9orientation sexuelle<\/a> -Guillaume Delacroix<\/p>\n\n\n\n<figure class=\"wp-block-image is-resized is-style-default\"><img data-recalc-dims=\"1\" loading=\"lazy\" decoding=\"async\" src=\"https:\/\/i0.wp.com\/mamot.fr\/system\/media_attachments\/files\/106\/409\/688\/272\/449\/884\/original\/be9b35939eca0e37.jpg?resize=458%2C445&#038;ssl=1\" alt=\"\" width=\"458\" height=\"445\"\/><figcaption>Je lui aurais r\u00e9pondu: \u00ab\u00a0Pour avoir le job d&rsquo;un homme, une femme doit travailler deux fois plus. <br>Heureusement, c&rsquo;est parfois pas difficile\u00a0\u00bb<\/figcaption><\/figure>\n\n\n\n<p><strong><span class=\"has-inline-color has-vivid-red-color\">21 Juin en continu<\/span><\/strong><\/p>\n\n\n\n<p><a href=\"https:\/\/l.facebook.com\/l.php?u=https:\/\/www.uss.ch\/themes\/egalite\/detail\/greve-des-femmes-un-signal-qui-traduit-limpatience-des-femmes?fbclid=IwAR3CEQOyJOuyFTY3a30RPNZorz1DDBmwuquyAr_lRHX2spcvNwkkLySQvRs&amp;h=AT0DJbejZbYzweZ4TszKjQDbpCQE137ZyhvKeHav9VmE4fRSdv1HD4t2_Kr3C1J2J68xnr-Zr07UZBeImZxz_74dMifu92ddZ3W16iqHF1Y_CnP2UX9qtewJ_RRRVDmhvgXjUQU&amp;__tn__=,mH-R&amp;c%5B0%5D=AT32CLz2KjjwJuuUzc2JqkyedST4GtbltLsHkcfaiNzRhJXvqEbaa10nCJVc5rEYMX_Lx_O_V2aNk1fpJpfYCADTp-kTpoOXq1Ou23Yq0bFayuNMx07Me3MfrLs7N4wOoxTkFA4Qta4-Xa1Dp1E0D2rsbgQ8Tsm0vPm0X0EFVTOaoWA\">Suisse: Gr\u00e8ve des femmes: un signal qui traduit l\u2019impatience des femmes&nbsp;<\/a> (USS) <\/p>\n\n\n\n<figure class=\"wp-block-image size-large is-resized is-style-default\"><img data-recalc-dims=\"1\" loading=\"lazy\" decoding=\"async\" src=\"https:\/\/i0.wp.com\/www.rdpemancipation.org\/wp-content\/uploads\/2021\/06\/csm_2021-06-14-geneve-1EB85A12-ABC5-4331-A07C-01FEEBAEDCD0-2642-00000165EAB37A7C_dd00c692d3.jpg?resize=518%2C351&#038;ssl=1\" alt=\"\" class=\"wp-image-33955\" width=\"518\" height=\"351\" srcset=\"https:\/\/i0.wp.com\/www.rdpemancipation.org\/wp-content\/uploads\/2021\/06\/csm_2021-06-14-geneve-1EB85A12-ABC5-4331-A07C-01FEEBAEDCD0-2642-00000165EAB37A7C_dd00c692d3.jpg?w=920&amp;ssl=1 920w, https:\/\/i0.wp.com\/www.rdpemancipation.org\/wp-content\/uploads\/2021\/06\/csm_2021-06-14-geneve-1EB85A12-ABC5-4331-A07C-01FEEBAEDCD0-2642-00000165EAB37A7C_dd00c692d3.jpg?resize=300%2C204&amp;ssl=1 300w, https:\/\/i0.wp.com\/www.rdpemancipation.org\/wp-content\/uploads\/2021\/06\/csm_2021-06-14-geneve-1EB85A12-ABC5-4331-A07C-01FEEBAEDCD0-2642-00000165EAB37A7C_dd00c692d3.jpg?resize=768%2C522&amp;ssl=1 768w\" sizes=\"auto, (max-width: 518px) 100vw, 518px\" \/><\/figure>\n\n\n\n<p><a href=\"http:\/\/n0jz.mjt.lu\/lnk\/ANAAAKWIBTUAAcpKCNQAAJthy60AATvgfqIAHmewAAmDVABgzw1W4zKGsmjtQfKAQ-mp2p6HxQAJA84\/6\/2_SllW8vZ-uiif0ltNFZpw\/aHR0cHM6Ly93d3cubGVtZWRpYXR2LmZyL2VtaXNzaW9ucy8yMDIxL3N0YXJ0LXVwcy1pbmZvcm1hdGlxdWUtamV1eC12aWRlby1vdS1zb250LWxlcy1mZW1tZXMtQTFCTGdqTFpRWEtxMlc4T1JVa1lvZw\">Start-ups, informatique, jeux vid\u00e9o : o\u00f9 sont les femmes ?<\/a> (Cyber Kombat)<\/p>\n\n\n\n<p><a href=\"https:\/\/media.us17.list-manage.com\/track\/click?u=a9e666741775aaca3293321e6&amp;id=d2ce432f21&amp;e=75ed5c80ff\">Une histoire d\u2019invisibilisation \u2013 sur l\u2019exposition <em>Elles font l\u2019abstraction<\/em><\/a> &#8211; H\u00e9l\u00e8ne Trespeuch<\/p>\n\n\n\n<p><a href=\"https:\/\/blogs.mediapart.fr\/jean-marc-b\/blog\/210621\/ne-la-fais-pas-bosser-les-goguettes-en-trio-mais-quatre\">Ne la fais pas bosser &#8211; Les Goguettes (en trio mais \u00e0 quatre)&nbsp;<\/a> -vid\u00e9o<\/p>\n\n\n\n<p><a href=\"https:\/\/www.humanite.fr\/turquie-les-femmes-mobilisees-pour-leur-droit-711586#xtor=RSS-1\">Turquie. Les femmes mobilis\u00e9es pour leur droit <\/a> (L\u2019Humanit\u00e9)<\/p>\n\n\n\n<p><a href=\"https:\/\/www.boursorama.com\/actualite-economique\/actualites\/la-libye-enfer-pour-les-femmes-sur-le-chemin-de-l-europe-1025218365d30f8c33f68342703b5659\">La Libye, \u00ab\u00a0enfer\u00a0\u00bb pour les femmes sur le chemin de l&rsquo;Europe<\/a>&nbsp; (AFP)<\/p>\n\n\n\n<p><strong><span class=\"has-inline-color has-vivid-red-color\">20 Juin en continu<\/span><\/strong><\/p>\n\n\n\n<p><a href=\"https:\/\/capiremov.org\/fr\/analyse\/le-consentement-libre-prealable-et-eclaire-un-instrument-dautodetermination-autochtone\/\">Le consentement libre, pr\u00e9alable et \u00e9clair\u00e9 : un instrument d\u2019autod\u00e9termination autochtone<\/a> (Capire) <\/p>\n\n\n\n<figure class=\"wp-block-image is-resized is-style-default\"><img data-recalc-dims=\"1\" loading=\"lazy\" decoding=\"async\" src=\"https:\/\/i0.wp.com\/capiremov.org\/wp-content\/uploads\/2021\/06\/Rede-Ambiental-Indigena-2021.jpg?resize=554%2C369&#038;ssl=1\" alt=\"\" width=\"554\" height=\"369\"\/><\/figure>\n\n\n\n<p><a href=\"https:\/\/email.mg2.substack.com\/c\/eJw9kcuu3SAMRb_mMEvEKwkZMOikvxEZcHJpeUQ8bpW_L6dHqmRZNrC1zbKFhlcuj75zbeSdjvbcqBP-qQFbw0J6xXJ4p5nc2LbvgjgtHVOLIr4eZ0GM4INupSO5uwneQvM5vRVc7Cul5EuDpCssGwWgYl3Epgw4wxTdz2WlyNTHGLrzmCxq_Mby5IQk6K_W7voSP1785wgLty8Y8_ecyzX6s4wECcJTcVQBbU45epxOjD752nDqCadx2oo3_T3XBH2K2WHAqWbrIUy2G_BpyInXnHJGV7YzJqikM5thV5QuOzNCwkrdgpt0alXilMK5czlfksaLz7Wb2sD-nm2OpOhf0fRyjf-MazvMGoY5YZtdfiM6xqPYk2_PgQlMQPeh1z5L-MfzuDBhGctxBzTNVi4Z5VxyxcQH1sArtm3jQkky3F0eqqT_AzoLJAu-_gXh-qK1\">L\u2019\u00e9conomie f\u00e9ministe, une contribution au mod\u00e8le social cubain<\/a> -Teresa Lara Junco<\/p>\n\n\n\n<p><a href=\"https:\/\/capiremov.org\/fr\/experiences\/ecolefeministe-connaitre-les-critiques-et-les-propositions-de-leconomie-feministe\/\" title=\"https:\/\/capiremov.org\/fr\/experiences\/ecolefeministe-connaitre-les-critiques-et-les-propositions-de-leconomie-feministe\/\">#\u00c9coleF\u00e9ministe : conna\u00eetre les critiques et les propositions de l\u2019\u00e9conomie f\u00e9ministe<\/a> (Capire) <\/p>\n\n\n\n<figure class=\"wp-block-image is-resized is-style-default\"><img data-recalc-dims=\"1\" loading=\"lazy\" decoding=\"async\" src=\"https:\/\/i0.wp.com\/capiremov.org\/wp-content\/uploads\/2021\/06\/economiafeminista-1.png?resize=542%2C286&#038;ssl=1\" alt=\"\" width=\"542\" height=\"286\"\/><\/figure>\n\n\n\n<p><a href=\"https:\/\/blogs.mediapart.fr\/sara-garbagnoli\/blog\/180621\/la-fureur-des-lesbiennes-contre-lattaque-lesbophobe-subie-par-alice-coffin\">La fureur des lesbiennes contre l&rsquo;attaque lesbophobe subie par Alice Coffin <\/a>-Sara Garbagnoli<\/p>\n\n\n\n<p><a href=\"https:\/\/www.saphirnews.com\/Mounia-J-ai-peur-de-la-penetration-je-ne-m-autorise-pas-a-prendre-du-plaisir_a28193.html\">Mounia : \u00ab J\u2019ai peur de la p\u00e9n\u00e9tration, je ne m&rsquo;autorise pas \u00e0 prendre du plaisir \u00bb<\/a> (Saphir News)<\/p>\n\n\n\n<p><a href=\"https:\/\/www.boursorama.com\/actualite-economique\/actualites\/des-milliers-de-participants-a-la-gay-pride-de-varsovie-16bdd1db755eeb8f497113a745ef0c3d\">Des milliers de participants \u00e0 la Gay Pride de Varsovie<\/a> (AFP)<\/p>\n\n\n\n<p><a href=\"https:\/\/blogs.mediapart.fr\/jean-marc-b\/blog\/180621\/la-puissance-feministe-extrait-du-livre-de-veronica-gago\">La puissance f\u00e9ministe &#8211; Extrait du livre de Ver\u00f3nica Gago <\/a>(Contretemps) <\/p>\n\n\n\n<figure class=\"wp-block-image size-large is-resized is-style-default\"><img data-recalc-dims=\"1\" loading=\"lazy\" decoding=\"async\" src=\"https:\/\/i0.wp.com\/www.rdpemancipation.org\/wp-content\/uploads\/2021\/06\/9791097088330-475x500-1.jpg?resize=400%2C667&#038;ssl=1\" alt=\"\" class=\"wp-image-33744\" width=\"400\" height=\"667\" srcset=\"https:\/\/i0.wp.com\/www.rdpemancipation.org\/wp-content\/uploads\/2021\/06\/9791097088330-475x500-1.jpg?w=300&amp;ssl=1 300w, https:\/\/i0.wp.com\/www.rdpemancipation.org\/wp-content\/uploads\/2021\/06\/9791097088330-475x500-1.jpg?resize=180%2C300&amp;ssl=1 180w\" sizes=\"auto, (max-width: 400px) 100vw, 400px\" \/><\/figure>\n\n\n\n<p><strong><span class=\"has-inline-color has-vivid-red-color\">19 Juin en continu<\/span><\/strong><\/p>\n\n\n\n<p><a href=\"https:\/\/play.acast.com\/s\/podcastine\/feminisme-unehistoiredeviolence\">F\u00e9minisme, une histoire de violence<\/a> (Podcastine )<\/p>\n\n\n\n<p><a href=\"https:\/\/www.humanite.fr\/precarite-menstruelle-face-au-tabou-des-actions-qui-changent-les-regles-711103#xtor=RSS-1\">Pr\u00e9carit\u00e9 menstruelle. Face au tabou, des actions qui changent les r\u00e8gles<\/a> (L\u2019Humanit\u00e9)<\/p>\n\n\n\n<p><a href=\"https:\/\/www.revolutionpermanente.fr\/12-ans-de-prison-ferme-pour-avoir-involontairement-tue-un-homme-qui-la-harcelait-liberte-pour-Kessy\">12 ans de prison ferme pour avoir involontairement tu\u00e9 un homme qui la harcelait&nbsp;: libert\u00e9 pour Kessy&nbsp;!<\/a>&nbsp; (RP) <\/p>\n\n\n\n<p> <\/p>\n\n\n\n<figure class=\"wp-block-image is-resized is-style-default\"><img data-recalc-dims=\"1\" loading=\"lazy\" decoding=\"async\" src=\"https:\/\/i0.wp.com\/www.revolutionpermanente.fr\/local\/cache-vignettes\/L653xH436\/arton25559-5fe5d.jpg?resize=464%2C310&#038;ssl=1\" alt=\"\" width=\"464\" height=\"310\"\/><\/figure>\n\n\n\n<p><a href=\"https:\/\/www.lesnouvellesnews.fr\/forum-generation-egalite-pour-des-engagements-feministes-mondiaux\/\">Le Forum G\u00e9n\u00e9ration \u00e9galit\u00e9 pour des engagements f\u00e9ministes mondiaux<\/a> (Les Nouvelles News<\/p>\n\n\n\n<p><a href=\"https:\/\/www.humanite.fr\/feminicides-pourquoi-ca-ne-sarrete-pas-711444#xtor=RSS-1\">F\u00e9minicides : pourquoi \u00e7a ne s\u2019arr\u00eate pas ?<\/a> (L\u2019Humanit\u00e9)<\/p>\n\n\n\n<p><a href=\"https:\/\/www.revolutionpermanente.fr\/Soutien-a-Alice-Coffin-victime-d-une-agression-homophobe-de-l-extreme-droite\">Soutien \u00e0 Alice Coffin victime d\u2019une agression homophobe de l\u2019extr\u00eame droite&nbsp;!<\/a> (RP)<\/p>\n\n\n\n<figure class=\"wp-block-image is-resized is-style-default\"><img data-recalc-dims=\"1\" loading=\"lazy\" decoding=\"async\" src=\"https:\/\/i0.wp.com\/www.contretemps.eu\/wp-content\/uploads\/15242924.jpg?resize=488%2C287&#038;ssl=1\" alt=\"\" width=\"488\" height=\"287\"\/><\/figure>\n\n\n\n<p><strong><span class=\"has-inline-color has-vivid-red-color\">18 Juin en continu<\/span><\/strong><\/p>\n\n\n\n<p><a href=\"https:\/\/theconversation.com\/les-communautes-en-ligne-accelerent-lessor-du-voyage-en-solitaire-chez-les-femmes-162875\">Les communaut\u00e9s en ligne acc\u00e9l\u00e8rent l\u2019essor du voyage en solitaire chez les femmes<\/a> (The Conversation)<\/p>\n\n\n\n<p><a href=\"https:\/\/www.lemediatv.fr\/emissions\/2021\/violences-sexuelles-dans-les-auto-ecoles-balance-ton-moniteur-3mEwkjX3QiaSDIB5a-uX1A\">Violences sexuelles dans les auto-\u00e9coles : balance ton moniteur<\/a> (Le M\u00e9dia )<\/p>\n\n\n\n<figure class=\"wp-block-embed is-type-video is-provider-youtube wp-block-embed-youtube wp-embed-aspect-16-9 wp-has-aspect-ratio\"><div class=\"wp-block-embed__wrapper\">\n<iframe loading=\"lazy\" title=\"VIOLENCES SEXUELLES DANS LES AUTO-\u00c9COLES : BALANCE TON MONITEUR\" width=\"1200\" height=\"675\" src=\"https:\/\/www.youtube.com\/embed\/ULn5NCkVu1Y?feature=oembed\" frameborder=\"0\" allow=\"accelerometer; autoplay; clipboard-write; encrypted-media; gyroscope; picture-in-picture\" allowfullscreen><\/iframe>\n<\/div><\/figure>\n\n\n\n<p><a href=\"https:\/\/entreleslignesentrelesmots.blog\/2021\/06\/13\/comment-devenir-un-allie-feministe\/\">Comment devenir un alli\u00e9&nbsp;f\u00e9ministe<\/a> (Entre les mots)<\/p>\n\n\n\n<p><a href=\"https:\/\/www.arte.tv\/fr\/videos\/098404-000-A\/salepute\/\">#SalePute<\/a> (arte.tv \u2013 disponible jusqu\u2019au 04\/12\/2021)<\/p>\n\n\n\n<p><a href=\"https:\/\/www.larrierecour.fr\/2021\/06\/10\/lyon-en-tout-genre\/\">Lyon, en tout genre<\/a> (L\u2019arri\u00e8re-cour)<\/p>\n\n\n\n<p><a href=\"https:\/\/entreleslignesentrelesmots.blog\/2021\/06\/12\/le-feminisme-liberal-a-tourne-le-dos-aux-femmes\/\">Le f\u00e9minisme lib\u00e9ral a tourn\u00e9 le dos aux&nbsp;femmes<\/a> (Entre les mots)<\/p>\n\n\n\n<p><a href=\"https:\/\/entreleslignesentrelesmots.blog\/2021\/06\/11\/prejuges-et-discrimination-envers-les-femmes-autochtones-dans-les-systemes-de-sante-et-services-sociaux-le-systeme-colonial-qui-se-perpetue\/\">Pr\u00e9jug\u00e9s et discrimination envers les femmes autochtones dans syst\u00e8mes de sant\u00e9\/services sociaux<\/a>(Entre les mots)<\/p>\n\n\n\n<p><a href=\"https:\/\/lesglorieuses.fr\/pas-tous-les-hommes\/?utm_medium=email&amp;utm_campaign=LesPetitesGlo%20%20Saison%205%20-%20pisode%2016&amp;utm_content=LesPetitesGlo%20%20Saison%205%20-%20pisode%2016+CID_5d5be99cdde128643f4bdcc4a1f32ffa&amp;utm_source=Email%20marketing%20software&amp;utm_term=Lire%20la%20mme%20chose%20en%20ligne\">Pas tous les hommes<\/a> par Chlo\u00e9 Thibaud (Les glorieuses)<\/p>\n\n\n\n<figure class=\"wp-block-image is-resized is-style-default\"><img data-recalc-dims=\"1\" loading=\"lazy\" decoding=\"async\" src=\"https:\/\/i0.wp.com\/mamot.fr\/system\/cache\/media_attachments\/files\/106\/222\/045\/048\/651\/656\/original\/3130c3bb94edd529.jpeg?resize=462%2C462&#038;ssl=1\" alt=\"\" width=\"462\" height=\"462\"\/><\/figure>\n\n\n\n<p><strong><span class=\"has-inline-color has-vivid-red-color\">17 Juin en continu<\/span><\/strong><\/p>\n\n\n\n<p><a href=\"https:\/\/lanticapitaliste.org\/actualite\/feminisme\/pas-une-de-moins\">\u00ab Pas une de moins ! \u00bb<\/a> (L\u2019Anticapitaliste)<\/p>\n\n\n\n<p><a href=\"https:\/\/blogs.mediapart.fr\/mathilde-viot-et-caroline-geryl\/blog\/160621\/fetait-nos-un\">On f\u00eatait nos un an&nbsp;<\/a> -Mathilde Viot et Caroline Geryl<\/p>\n\n\n\n<p><a href=\"https:\/\/www.lemediatv.fr\/emissions\/2021\/start-ups-informatique-jeux-video-ou-sont-les-femmes-A1BLgjLZQXKq2W8ORUkYog\">Start-ups, informatique, jeux vid\u00e9o : o\u00f9 sont les femmes ?<\/a> (Le M\u00e9dia)&nbsp;<\/p>\n\n\n\n<p><a href=\"https:\/\/tradfem.wordpress.com\/2021\/06\/07\/au-canada-une-organisation-penitentiaire-feminine-rejette-les-preoccupations-exprimees-par-des-femmes-concernant-la-violence-de-detenus-trans\/\">Canada: organisation p\u00e9nitentiaire f\u00e9minine rejette pr\u00e9occupations concernant violence d\u00e9tenus trans<\/a> (Tradfem)<\/p>\n\n\n\n<p><a href=\"https:\/\/redir.ownpage.fr\/newsletter\/c413dbb8273c43f6\/eyJzIjoiZDczOTM5MGQiLCJhciI6IjYwYzc1OThmNzI3MDMxMDAwN2I1ZDllNCIsInUiOiI5OGFmOTk3NjIzMTI0YTJkOGFiODY0OTc1MmFiM2ExNiIsInVyIjoiaHR0cDovL3d3dy5zbGF0ZS5mci9zdG9yeS8yMTA3NzYvdGVudGF0aXZlcy1zdWljaWRlLWFkb2xlc2NlbnRlcy1ldGF0cy11bmlzLWV4cGxvc2VyLXBhbmRlbWllP3V0bV9zb3VyY2U9b3ducGFnZSZ1dG1fbWVkaXVtPW5ld3NsZXR0ZXImdXRtX2NhbXBhaWduPWRhaWx5XzIwMjEwNjE1Jl9vcGU9ZXlKbmRXbGtJam9pT1RoaFpqazVOell5TXpFeU5HRXlaRGhoWWpnMk5EazNOVEpoWWpOaE1UWWlmUSUzRCUzRCIsImciOiIxNDg1NDkiLCJwIjoiNiJ9\">\u00c9tats-Unis: les tentatives de suicide des adolescentes ont explos\u00e9 pendant la pand\u00e9mie <\/a> (Slate)<\/p>\n\n\n\n<p><a href=\"http:\/\/www.slate.fr\/story\/210338\/espagne-enfants-nom-de-famille-pere-mere-systeme-patronyme-egalitaire-reforme-france-transmission\">Espagne: les b\u00e9b\u00e9s portent le nom du p\u00e8re et de la m\u00e8re, et \u00e7a se passe bien<\/a> par Alban Elka\u00efm (Slate)&nbsp;<\/p>\n\n\n\n<p><a href=\"https:\/\/entreleslignesentrelesmots.blog\/2021\/06\/14\/dans-le-porno-lhomme-fait-la-haine-a-la-femme\/\">Dans le porno, l\u2019homme \u00ab&nbsp;fait la haine&nbsp;\u00bb \u00e0 la&nbsp;femme<\/a> (Entre les mots)&nbsp;<\/p>\n\n\n\n<figure class=\"wp-block-image is-style-default\"><img data-recalc-dims=\"1\" decoding=\"async\" src=\"https:\/\/entreleslignesentrelesmots.files.wordpress.com\/2020\/10\/gail-dines-pornland.jpg?w=1200&#038;h=394&#038;fit=256%2C394\" alt=\"Gail Dines pornland\" class=\"wp-image-46417\"\/><\/figure>\n\n\n\n<p>&nbsp;&nbsp;&nbsp;&nbsp;&nbsp;&nbsp;&nbsp;&nbsp;&nbsp;&nbsp;&nbsp;&nbsp;&nbsp;&nbsp;&nbsp;<\/p>\n\n\n\n<p><a href=\"http:\/\/www.slate.fr\/story\/210368\/therapies-conversion-aversives-exorcisme-traumatisme-temoignage-rescape\">\u00abToi, tu as le d\u00e9mon de l&rsquo;homosexualit\u00e9\u00bb: Thomas a subi 5 ans de th\u00e9rapies de conversion<\/a> (Slate)<\/p>\n\n\n\n<p><a href=\"https:\/\/www.saphirnews.com\/Soeurs-l-Algerie-au-coeur-d-un-drame-familial-et-feministe_a28183.html\">S\u0153urs : l\u2019Alg\u00e9rie au c\u0153ur d\u2019un drame familial et f\u00e9ministe<\/a> par Myriam Attaf (SaphirNews.com)<\/p>\n\n\n\n<p><a href=\"https:\/\/www.equaltimes.org\/l-imparable-mouvement-des\">Mouvement des travailleurs domestiques: d\u00e9termin\u00e9 \u00e0 se battre jusqu&rsquo;\u00e0 obtenir libert\u00e9 pour toutes et tous !<\/a> (Equal Times)<\/p>\n\n\n\n<p><strong><span class=\"has-inline-color has-vivid-red-color\">16 Juin en continu<\/span><\/strong><\/p>\n\n\n\n<p><a href=\"https:\/\/theconversation.com\/la-transparence-des-salaires-peut-elle-reduire-les-inegalites-entre-hommes-et-femmes-162545\">La transparence des salaires peut-elle r\u00e9duire les in\u00e9galit\u00e9s entre hommes et femmes ?<\/a> (The Conversation)<\/p>\n\n\n\n<p><a href=\"https:\/\/www.lesnouvellesnews.fr\/quand-suzanne-lindon-reprend-le-fantasme-du-feminisme-revanchard\/\">Quand Suzanne Lindon reprend le fantasme du f\u00e9minisme revanchard<\/a>&nbsp; (Les Nouvelles News)<\/p>\n\n\n\n<p><a href=\"https:\/\/courrierdeuropecentrale.fr\/hongrie-le-parlement-approuve-une-loi-amalgamant-homosexualite-et-pedophilie\/\">Hongrie : Le parlement approuve une loi amalgamant homosexualit\u00e9 et p\u00e9dophilie<\/a> (Le Courrier d\u2019Europe centrale)<\/p>\n\n\n\n<p><a href=\"https:\/\/blogs.mediapart.fr\/soif-de-sens\/blog\/140621\/la-puissance-des-meres\">La puissance des m\u00e8res <\/a>-Soif de Sens<\/p>\n\n\n\n<p><a href=\"https:\/\/blogs.mediapart.fr\/jan-nyssen\/blog\/130621\/les-narratifs-justifiant-le-viol-comme-arme-de-guerre-au-tigray\">Les narratifs justifiant le viol comme arme de guerre au Tigray <\/a>-Jan Nyssen<\/p>\n\n\n\n<p><a href=\"https:\/\/mailchi.mp\/revueladeferlante\/newsletter-la-dferlante-5922676?e=53ffa9d8fa\">Lettre d\u2019une chercheuse pour la f\u00eate des p\u00e8res<\/a> par Laura Verqu\u00e8re (La d\u00e9ferlante)<\/p>\n\n\n\n<p><a href=\"https:\/\/tradfem.wordpress.com\/2021\/06\/11\/pourquoi-permettre-aux-sportifs-de-concurrencer-les-sportives\/\">Pourquoi permettre aux sportifs de concurrencer les sportives ?<\/a> par Linda Blade (Tradfem)<\/p>\n\n\n\n<p><a href=\"http:\/\/www.slate.fr\/story\/210791\/patriarche-plus-grande-famille-monde-mort-inde-39-femmes-94-enfants-polygamie-secte\">Le patriarche de la plus grande famille du monde, 39 femmes et 94 enfants, est mort<\/a> -Clarisse Portevin (Slate)<\/p>\n\n\n\n<p><a href=\"https:\/\/entreleslignesentrelesmots.blog\/2021\/06\/15\/pour-les-prisonnieres-syriennes\/\">Pour les prisonni\u00e8res&nbsp;syriennes<\/a> (Entre les mots)<\/p>\n\n\n\n<figure class=\"wp-block-image is-style-default\"><img decoding=\"async\" src=\"https:\/\/scontent.fhex4-2.fna.fbcdn.net\/v\/t1.6435-9\/199080834_4232905193428790_3042861875134891514_n.png?_nc_cat=110&amp;ccb=1-3&amp;_nc_sid=730e14&amp;_nc_eui2=AeFe_u-EcSSnVon4eJ8kBuCinPNEnxc6Uquc80SfFzpSqydEtCm4ZhPIlG4gEj2vPt8&amp;_nc_ohc=6_Cqez5wQgcAX-mjIvv&amp;_nc_ht=scontent.fhex4-2.fna&amp;oh=2a26b8ecf6b71cf83640990672b80b96&amp;oe=60CE9509\" alt=\"Peut \u00eatre une image de texte qui dit \u2019Les femmes avec leurs stupides r\u00e8glements... Messieurs: Uriner assis S.V.P B\u2019\"\/><\/figure>\n\n\n\n<p><strong><span class=\"has-inline-color has-vivid-red-color\">15 Juin en continu<\/span><\/strong><\/p>\n\n\n\n<p><a href=\"https:\/\/dieses.fr\/une-cadre-du-rassemblement-national-souhaite--eradiquer-lavortement-en-france\">Une cadre du Rassemblement National souhaite \u00ab&nbsp;\u00e9radiquer l\u2019avortement en France&nbsp;\u00bb <\/a>(Di\u00e8ses)<\/p>\n\n\n\n<p><a href=\"https:\/\/blogs.mediapart.fr\/jean-marc-b\/blog\/140621\/la-pma-pour-presque-toutes-le-moment-meurice\">La PMA pour presque toutes &#8211; <\/a>Le Moment Meurice<a href=\"https:\/\/blogs.mediapart.fr\/jean-marc-b\/blog\/140621\/la-pma-pour-presque-toutes-le-moment-meurice\">&nbsp;<\/a><\/p>\n\n\n\n<p><a href=\"https:\/\/blogs.mediapart.fr\/jean-marc-b\/blog\/140621\/normes-esthetiques-ce-que-le-patriarcat-fait-aux-corps-des-femmes\">Normes esth\u00e9tiques&nbsp;: ce que le patriarcat fait aux corps des femmes <\/a>(UCL)<\/p>\n\n\n\n<p><a href=\"https:\/\/www.mediacites.fr\/complement-denquete\/lyon\/2021\/06\/14\/violences-sexuelles-a-lens-de-lyon-la-mediatisation-a-fait-bouger-les-choses\/\">Violences sexuelles \u00e0 l\u2019ENS de Lyon : \u00ab La m\u00e9diatisation a fait bouger les choses \u00bb<\/a> (Mediacit\u00e9s)<\/p>\n\n\n\n<p><a href=\"https:\/\/www.liberation.fr\/societe\/droits-des-femmes\/pma-linterminable-attente-des-femmes-noires-20210607_DOPWNGKHQZACTC3IF7YI24QNPY\/\">PMA&nbsp;: l\u2019interminable attente des femmes noires<\/a> (Liberation)<\/p>\n\n\n\n<p><a href=\"https:\/\/www.theguardian.com\/society\/2021\/jun\/14\/anti-trans-laws-us-map?CMP=Share_iOSApp_Other\">Offensive l\u00e9gislative contre les transsexuels au niveau des Etats f\u00e9d\u00e9r\u00e9s US<\/a> (anglais -The Guardian)<\/p>\n\n\n\n<p><a href=\"https:\/\/theconversation.com\/des-prejuges-inconscients-minent-les-chances-des-chercheuses-dans-leurs-demandes-de-subvention-159623\">Pr\u00e9jug\u00e9s inconscients minent les chances des chercheuses dans leurs demandes de subvention<\/a> (The Conversation)<\/p>\n\n\n\n<p><a href=\"https:\/\/www.numerama.com\/sciences\/711737-de-portland-a-gaza-les-gaz-lacrymogenes-causent-des-perturbations-menstruelles.html\">Les gaz lacrymog\u00e8nes causent-ils des perturbations menstruelles&nbsp;?<\/a> (Numerama)<\/p>\n\n\n\n<p><a href=\"https:\/\/www.20min.ch\/fr\/story\/les-femmes-sont-trop-exclues-des-etudes-medicales-586444835547\">Les femmes sont trop exclues des \u00e9tudes m\u00e9dicales<\/a> (20 min)<\/p>\n\n\n\n<figure class=\"wp-block-image is-resized is-style-default\"><img data-recalc-dims=\"1\" loading=\"lazy\" decoding=\"async\" src=\"https:\/\/i0.wp.com\/capiremov.org\/wp-content\/uploads\/2021\/04\/29.-Daily-Guerrero-Hernandez.jpg?resize=412%2C613&#038;ssl=1\" alt=\"O atributo alt desta imagem est\u00e1 vazio. O nome do arquivo \u00e9 29.-Daily-Guerrero-Hernandez.jpg\" width=\"412\" height=\"613\"\/><\/figure>\n\n\n\n<p><strong><span class=\"has-inline-color has-vivid-red-color\">14 Juin en continu<\/span><\/strong><\/p>\n\n\n\n<p><a href=\"https:\/\/www.mediapart.fr\/journal\/france\/130621\/metoo-fremit-droite-et-l-extreme-droite\">#MeToo fr\u00e9mit \u00e0 droite et \u00e0 l\u2019extr\u00e8me droite<\/a> (MDP)<\/p>\n\n\n\n<p><a href=\"https:\/\/www.monde-diplomatique.fr\/2016\/01\/MONTOYA\/54482\">Transsexualit\u00e9, l&rsquo;Argentine en pointe<\/a> Angeline Montoya (Le Monde diplomatique)<\/p>\n\n\n\n<p><a href=\"https:\/\/email.mg2.substack.com\/c\/eJw9kUuO5CAMhk9T7BIFMElYsOjNXCMi4KSZSSADprrr9kN1pJGQefn347OzhHvKL3OlQuxtFnpdaCJ-lQOJMLNaMC_BGw4Tn7SWzBvwfFYzC2XZMuJpw2EoV2RXXY_gLIUU3woh9TgM7NPALEcnV7FOCkFs2qvNI2hh9bit26zvxLb6gNGhwSfmV4rIDvNJdJWH_HiIX205e4WMZ3r2Ke_tvuVmMFLGZ8V2vGym4ML1U0F3pSNQ-Fux81i6Dc-zbRg7l6g9hWdqsboasTtDKbeg5u6w3WXDd4vGghGD4MPIBedykNDz3nHpAUYNOALMMAqvFUclNPBJKTs_YDh30Ze6FrLuT-_SybL5fa41762_9u2SR8Kjj0i9T29kS3M6awz0WjDa9UB_06R7KD98lx0j5jYsv1gyfBQS9ARyVgpueA23nNQwACjWsvvUVNH8B7ZlG50N5R-Dkqit\">Participation politique des femmes en C\u00f4te d\u2019Ivoire : une mission pour la paix<\/a> -S. Kon\u00e9, Marche Mondiale Femmes<\/p>\n\n\n\n<p><a href=\"https:\/\/adherez.attac.org\/civicrm\/mailing\/url?u=18501&amp;qid=16240840\">Recension du livre d\u2019H\u00e9l\u00e8ne P\u00e9rivier&nbsp;: L\u2019\u00e9conomie f\u00e9ministe<\/a> &#8211; Esther Jeffers , Christiane Marty<\/p>\n\n\n\n<p><a href=\"https:\/\/adherez.attac.org\/civicrm\/mailing\/url?u=18502&amp;qid=16240840\">\u00c9tat de droit et \u00e9mancipation de la femme au S\u00e9n\u00e9gal&nbsp;: lorsque l\u2019engagement des femmes prend de l\u2019avance sur la justice<\/a> &#8211; Fatou Faye<\/p>\n\n\n\n<p><a href=\"https:\/\/www.cahiersdusocialisme.org\/des-marges-a-la-centralite-politique-feminisme-en-argentine\/\">Des marges \u00e0 la centralit\u00e9 politique&nbsp;: f\u00e9minisme en Argentine<\/a> (Nouveaux Cahiers du socialisme)&nbsp;<\/p>\n\n\n\n<figure class=\"wp-block-image is-resized is-style-default\"><img loading=\"lazy\" decoding=\"async\" src=\"https:\/\/scontent.fhex4-1.fna.fbcdn.net\/v\/t1.6435-9\/198889320_1223237264765406_8865297378172602843_n.png?_nc_cat=100&amp;ccb=1-3&amp;_nc_sid=730e14&amp;_nc_eui2=AeHNNnXLac5M44Z386Cim-dYuFGY7UClkji4UZjtQKWSOBEd5b3zkMVUCHby2Y_bpF4&amp;_nc_ohc=VhDxS6XI2R4AX-9dBb7&amp;_nc_ht=scontent.fhex4-1.fna&amp;oh=a9b6074a4179e5f1f59a2a29a5ad27ca&amp;oe=60CB4764\" alt=\"Peut \u00eatre une image de 1 personne et texte qui dit \u2019Fran\u00e7ois Malaussena La majorit\u00e9 vient \u00e0 l'instant de rejeter un amendement proposant 50 millions de fonds pour les associations venant en aide aux victimes de violences conjugales. Infos Fran\u00e7aises Emmanuel Maon: &quot;C'est pas grave de recevoir une gifle (...) La vraie violence, c'est celle que subissent les femmes qui meurent sous les coups de leurs compagnons&quot; (itw \u00e0 BFMTV). BFM 15.24 TV. DIRECT CLAIREFONTAINE\u2019\" width=\"476\" height=\"665\"\/><\/figure>\n\n\n\n<p><strong><span class=\"has-inline-color has-vivid-red-color\">12 Juin en continu<\/span><\/strong><\/p>\n\n\n\n<p><a href=\"https:\/\/www.mediapart.fr\/journal\/france\/110621\/la-pma-pour-presque-toutes-est-adoptee-entre-fierte-et-amertume\">La PMA pour (presque) toutes est adopt\u00e9e, entre fiert\u00e9 et amertume<\/a> (M\u00e9diapart)<\/p>\n\n\n\n<p><a href=\"https:\/\/blogs.mediapart.fr\/jean-marc-b\/blog\/110621\/simone-de-beauvoir-le-feminisme-existentialiste\">Simone de Beauvoir &#8211; Le f\u00e9minisme existentialiste <\/a>-vid\u00e9o Le Pr\u00e9cepteur<\/p>\n\n\n\n<figure class=\"wp-block-embed is-type-video is-provider-youtube wp-block-embed-youtube wp-embed-aspect-16-9 wp-has-aspect-ratio\"><div class=\"wp-block-embed__wrapper\">\n<iframe loading=\"lazy\" title=\"SIMONE DE BEAUVOIR - Le f\u00e9minisme existentialiste ?\" width=\"1200\" height=\"675\" src=\"https:\/\/www.youtube.com\/embed\/J3AW5eQEs68?feature=oembed\" frameborder=\"0\" allow=\"accelerometer; autoplay; clipboard-write; encrypted-media; gyroscope; picture-in-picture\" allowfullscreen><\/iframe>\n<\/div><\/figure>\n\n\n\n<p><a href=\"https:\/\/blogs.mediapart.fr\/jean-marc-b\/blog\/110621\/premiere-greve-des-crop-tops\">Premi\u00e8re gr\u00e8ve des crop tops ! <\/a>-Jean-Marc B<\/p>\n\n\n\n<figure class=\"wp-block-image is-resized is-style-default\"><img data-recalc-dims=\"1\" loading=\"lazy\" decoding=\"async\" src=\"https:\/\/i0.wp.com\/cdn.radiofrance.fr\/s3\/cruiser-production\/2021\/06\/de2e5882-b961-44d1-96f8-0beaabebac63\/870x489_maxstockworld409992.jpg?resize=507%2C285&#038;ssl=1\" alt=\"Les jeunes filles \u00e9taient v\u00eatues d'un crop-top. (Illustration)\" width=\"507\" height=\"285\"\/><\/figure>\n\n\n\n<p><a href=\"https:\/\/theconversation.com\/violences-sexuelles-limportance-du-soutien-dit-informel-161255\">Violences sexuelles : l\u2019importance du soutien dit \u00ab informel \u00bb<\/a> (The Conversation)<\/p>\n\n\n\n<p><a href=\"http:\/\/cadtm.org\/La-farce-de-la-prise-en-compte-du-genre-une-grille-de-lecture-feministe-des-19943\">La farce de la \u00ab prise en compte du genre \u00bb : une grille de lecture f\u00e9ministe des politiques de la Banque mondiale<\/a> (CADTM)<\/p>\n\n\n\n<p><a href=\"https:\/\/lecourrier.ch\/2021\/06\/11\/des-paysannes-veulent-la-fin-du-patriarcat-dans-les-champs\/\">Des paysannes veulent la \u00abfin du patriarcat dans les champs\u00bb<\/a> (Le Courrier)<\/p>\n\n\n\n<p><a href=\"https:\/\/lecourrier.ch\/2021\/06\/11\/licenciees-a-leur-retour-de-conge-mat\/\">Licenci\u00e9es \u00e0 leur retour de cong\u00e9 mat\u2019<\/a> (Le Courrier)<\/p>\n\n\n\n<p><a href=\"https:\/\/dieses.fr\/autisme-au-feminin-ou-autisme-tout-court\">Autisme \u00ab au f\u00e9minin \u00bb ou autisme tout court ?<\/a> par Charlie Mostro (di\u00e8ses)<\/p>\n\n\n\n<p><a href=\"https:\/\/europe-solidaire.us8.list-manage.com\/track\/click?u=5c732dd5ee65845cf20fd724a&amp;id=dfa03ee72e&amp;e=5df9c98670\">Droits des femmes en Turquie : le retrait de la Convention d&rsquo;Istanbul sommet de l&rsquo;iceberg<\/a> (ESSF)<\/p>\n\n\n\n<p><a href=\"https:\/\/europe-solidaire.us8.list-manage.com\/track\/click?u=5c732dd5ee65845cf20fd724a&amp;id=3b37f48d71&amp;e=5df9c98670\">Russie : Les homosexuels, ces \u00ab terroristes \u00bb<\/a> -Clech Arthur<\/p>\n\n\n\n<p><a href=\"https:\/\/www.axellemag.be\/serie\/creatrices\/\">Cr\u00e9atrices<\/a> \u2013 Podcast (Axelle magazine)<\/p>\n\n\n\n<p><a href=\"http:\/\/www.slate.fr\/story\/210092\/sale-pute-insulte-reseaux-sociaux-misogynie-sexisme-harcelement-femmes-violences\">\u00abSale pute\u00bb, l&rsquo;expression de la misogynie, celle qui cogne, qui viole et qui tue<\/a> (Slate)<\/p>\n\n\n\n<p><a href=\"http:\/\/www.slate.fr\/story\/209984\/espagne-enseignants-jupe-soutenir-eleve-expulse-stereotypes-genre-discriminations\">En Espagne, des enseignants se mettent en jupe pour soutenir un \u00e9l\u00e8ve expuls\u00e9<\/a> (Slate)<\/p>\n\n\n\n<figure class=\"wp-block-image is-resized is-style-default\"><img data-recalc-dims=\"1\" loading=\"lazy\" decoding=\"async\" src=\"https:\/\/i0.wp.com\/www.slate.fr\/sites\/default\/files\/styles\/1060x523\/public\/espagne_profs_jupes.jpg?resize=530%2C261\" alt=\"Le 4 novembre, des milliers de gar\u00e7ons ont port\u00e9 des jupes dans leurs coll\u00e8ges et lyc\u00e9es. | Capture d'\u00e9cran New York Post via YouTube\" width=\"530\" height=\"261\"\/><\/figure>\n\n\n\n<p><a href=\"https:\/\/tradfem.wordpress.com\/2021\/06\/04\/julie-bindel-le-feminisme-liberal-a-tourne-le-dos-aux-femmes\/\">Julie Bindel : Le f\u00e9minisme lib\u00e9ral a tourn\u00e9 le dos aux femmes<\/a> (Tradfem)<\/p>\n\n\n\n<p><strong><span class=\"has-inline-color has-vivid-red-color\">11 Juin en continu<\/span><\/strong><\/p>\n\n\n\n<p><a href=\"https:\/\/www.20minutes.fr\/societe\/3059975-20210611-yonne-femme-tuee-balle-ex-compagnon-deja-connu-violences-conjugales\">Yonne : Une femme tu\u00e9e par balle par son ex-compagnon<\/a> (20 Minutes)<\/p>\n\n\n\n<p><a href=\"http:\/\/t.nl.francetvinfo.fr\/r\/?id=h697a54d9,645343d9,5f0fff9f\">Proc\u00e8s du f\u00e9minicide de Julie : une affaire devenue symbole des violences conjugales<\/a> (France Info)<\/p>\n\n\n\n<p><a href=\"https:\/\/www.lesnouvellesnews.fr\/violences-conjugales-des-mesures-contre-le-systeme-dimpunite\/\">Violences conjugales : des mesures contre le syst\u00e8me d\u2019impunit\u00e9<\/a> (Les Nouvelles News)<\/p>\n\n\n\n<p><a href=\"https:\/\/www.mediapart.fr\/journal\/france\/100621\/pma-pour-toutes-ce-gouvernement-comme-les-autres-peur\">PMA pour toutes: \u00abCe gouvernement, comme les autres, a peur\u00bb<\/a> (M\u00e9diapart)<\/p>\n\n\n\n<p><a href=\"https:\/\/blogs.mediapart.fr\/jean-marc-b\/blog\/100621\/feminismes-dans-le-monde-nouvelles-dynamiques-nouveaux-enjeux-video\">F\u00e9minismes dans le monde : nouvelles dynamiques, nouveaux enjeux ? &#8211;<\/a>vid\u00e9o<\/p>\n\n\n\n<figure class=\"wp-block-embed is-type-video is-provider-youtube wp-block-embed-youtube wp-embed-aspect-16-9 wp-has-aspect-ratio\"><div class=\"wp-block-embed__wrapper\">\n<iframe loading=\"lazy\" title=\"\u2af7 Rencontre des revues #2 \u2af8 F\u00e9minismes dans le monde : nouvelles dynamiques, nouveaux enjeux ?\" width=\"1200\" height=\"675\" src=\"https:\/\/www.youtube.com\/embed\/bNobRlosHP0?feature=oembed\" frameborder=\"0\" allow=\"accelerometer; autoplay; clipboard-write; encrypted-media; gyroscope; picture-in-picture\" allowfullscreen><\/iframe>\n<\/div><\/figure>\n\n\n\n<p>&nbsp;<a href=\"https:\/\/www.francetvinfo.fr\/societe\/feminicides\/recit-proces-du-meurtre-de-julie-douib-de-l-emprise-a-l-enfer-retour-sur-l-un-des-146-feminicides-de-2019_4656909.html#xtor=EPR-51-%5Bmeurtre-de-julie-douib-de-l-emprise-a-l-enfer-retour-sur-l-un-des-146-feminicides-de-2019-juge-a-partir-d-aujourd-hui_4656909%5D-20210610-%5Btitre%5D\">Proc\u00e8s du meurtre de Julie Douib retour sur l\u2019un des 146 f\u00e9minicide de 2019<\/a> (France info)<\/p>\n\n\n\n<p>&nbsp;<a href=\"https:\/\/www.rue89lyon.fr\/2021\/06\/10\/il-y-a-60-ans-premier-planning-familial-france-ouvrait-a-grenoble\/\">Il y a 60 ans, le premier planning familial de France ouvrait \u00e0 Grenoble<\/a> (Rue89Lyon<\/p>\n\n\n\n<p><a href=\"https:\/\/www.mediapart.fr\/journal\/france\/100621\/en-corse-un-nouveau-mouvement-feministe-emerge\">En Corse, un nouveau mouvement f\u00e9ministe \u00e9merge<\/a> (M\u00e9diapart)<\/p>\n\n\n\n<p><a href=\"http:\/\/www.slate.fr\/story\/210140\/pentagone-continue-interdire-drapeaux-lgbt-armee\">Le Pentagone va continuer d&rsquo;interdire les drapeaux LGBT dans l&rsquo;arm\u00e9e<\/a> (Slate)<\/p>\n\n\n\n<p><a href=\"http:\/\/www.slate.fr\/story\/209708\/netflix-master-of-none-moments-of-love-spin-off-representations-lesbiennes-series-tele\">\u00abMoments in Love\u00bb, une alternative bienvenue aux repr\u00e9sentations des lesbiennes dans les s\u00e9ries<\/a> (Slate)<\/p>\n\n\n\n<figure class=\"wp-block-embed is-type-video is-provider-youtube wp-block-embed-youtube wp-embed-aspect-16-9 wp-has-aspect-ratio\"><div class=\"wp-block-embed__wrapper\">\n<iframe loading=\"lazy\" title=\"Master of None S3 | Official Trailer | Netflix\" width=\"1200\" height=\"675\" src=\"https:\/\/www.youtube.com\/embed\/BQqh6yZaRNI?feature=oembed\" frameborder=\"0\" allow=\"accelerometer; autoplay; clipboard-write; encrypted-media; gyroscope; picture-in-picture\" allowfullscreen><\/iframe>\n<\/div><\/figure>\n\n\n\n<p><a href=\"https:\/\/tradfem.wordpress.com\/2021\/06\/07\/contre-la-censure-la-journaliste-meghan-murphy-persiste-et-signe\/\">Contre la censure et le cyber-sabotage, la journaliste Meghan Murphy persiste et signe<\/a> (Tradfem)<\/p>\n\n\n\n<p><a href=\"https:\/\/lesglorieuses.fr\/ceci-nest-pas-un-fantasme\/?utm_medium=email&amp;utm_campaign=Les%20Glorieuses%20-%20Saison%20VI%20-%20numro%2038&amp;utm_content=Les%20Glorieuses%20-%20Saison%20VI%20-%20numro%2038+CID_7311c170d1bbfa22abd80d2e7e09e152&amp;utm_source=Email%20marketing%20software&amp;utm_term=Lire%20la%20mme%20chose%20en%20ligne\">Ceci n\u2019est pas un fantasme<\/a> par Rebecca Amsellem (Les glorieuses)<\/p>\n\n\n\n<p><a href=\"https:\/\/www.franceculture.fr\/emissions\/series\/je-suis-noire-et-je-naime-pas-beyonce-une-histoire-des-feminismes-noirs-francophones\">\u00ab\u00a0Je suis noire et je n\u2019aime pas Beyonc\u00e9, une histoire des f\u00e9minismes noirs francophones\u00a0\u00bb<\/a> (France Culture)<\/p>\n\n\n\n<p><a href=\"https:\/\/www.axellemag.be\/serie\/premiere-serie\/\">Le Front du vivant<\/a> \u2013 podcast (Axelle magazine)<\/p>\n\n\n\n<p><a href=\"https:\/\/europe-solidaire.us8.list-manage.com\/track\/click?u=5c732dd5ee65845cf20fd724a&amp;id=34f5940b30&amp;e=5df9c98670\">Un richissime pasteur nig\u00e9rian pr\u00e9tendait gu\u00e9rir les homosexuels : il a \u00e9t\u00e9 banni de YouTube<\/a> &#8211; Cullinagan Kerry<\/p>\n\n\n\n<p><a href=\"https:\/\/europe-solidaire.us8.list-manage.com\/track\/click?u=5c732dd5ee65845cf20fd724a&amp;id=ccd0e91c54&amp;e=5df9c98670\">Au Ghana, les homosexuels sont pourchass\u00e9s comme jamais<\/a> (ESSF)<\/p>\n\n\n\n<p><strong><span class=\"has-inline-color has-vivid-red-color\">10 Juin en continu<\/span><\/strong><\/p>\n\n\n\n<p><a href=\"https:\/\/www.francetvinfo.fr\/societe\/feminicides\/feminicide-de-merignac-une-longue-suite-de-defaillances-pointee-dans-le-rapport-de-la-mission-d-inspection_4658357.html\">F\u00e9minicide de M\u00e9rignac : une longue suite de d\u00e9faillances point\u00e9e <\/a> (France Infos)<\/p>\n\n\n\n<p><a href=\"https:\/\/lesjours.fr\/obsessions\/pma\/ep8-entretien-laurence-vanceunebrock\/\">Laurence Vanceunebrock : \u00ab La PMA pour toutes n\u2019a jamais \u00e9t\u00e9 une priorit\u00e9 pour Matignon \u00bb<\/a> (Les Jours)<\/p>\n\n\n\n<p><a href=\"https:\/\/www.mediacites.fr\/culture\/toulouse\/2021\/06\/09\/musictoo-reactions-en-cascade-dans-le-milieu-musical-suite-a-nos-revelations\/\">#MusicToo : R\u00e9actions en cascade dans le milieu musical suite \u00e0 nos r\u00e9v\u00e9lations<\/a> (M\u00e9diacit\u00e9s)<\/p>\n\n\n\n<p><a href=\"https:\/\/www.contretemps.eu\/intersectionnalite-lepinard-mazouz-essentialisme-classe-race-genre\/\">Les spectres de l\u2019essentialisme. Extrait de Pour L\u2019intersectionnalit\u00e9 <\/a>-El\u00e9onore L\u00e9pinard et Sarah Mazouz<\/p>\n\n\n\n<figure class=\"wp-block-image is-resized is-style-default\"><img data-recalc-dims=\"1\" loading=\"lazy\" decoding=\"async\" src=\"https:\/\/i0.wp.com\/www.contretemps.eu\/wp-content\/uploads\/Flickr-Alisdare-Hickson-BLM-London-1024x592.jpg?resize=425%2C228&#038;ssl=1\" alt=\"\" width=\"425\" height=\"228\"\/><\/figure>\n\n\n\n<p><a href=\"https:\/\/www.humanite.fr\/epopee-le-vrai-gaucho-est-une-femme-710389#xtor=RSS-1\">\u00c9pop\u00e9e Le vrai gaucho est une femme<\/a> (L\u2019Humanit\u00e9)<\/p>\n\n\n\n<p><a href=\"https:\/\/orientxxi.info\/magazine\/meriam-cheikh,4833\">Immersion dans le milieu de la prostitution \u00e0 Tanger<\/a> (Orient XXI)&nbsp; <\/p>\n\n\n\n<figure class=\"wp-block-embed is-type-video is-provider-youtube wp-block-embed-youtube wp-embed-aspect-16-9 wp-has-aspect-ratio\"><div class=\"wp-block-embed__wrapper\">\nhttps:\/\/youtu.be\/VNI9eacNzTM\n<\/div><\/figure>\n\n\n\n<p><a href=\"https:\/\/europe-solidaire.us8.list-manage.com\/track\/click?u=5c732dd5ee65845cf20fd724a&amp;id=625bb9af1b&amp;e=5df9c98670\">Ic\u00f4ne des manifestations en Tunisie, la militante Rania Amdouni harcel\u00e9e en ligne<\/a> (ESSF)<\/p>\n\n\n\n<p><a href=\"https:\/\/europe-solidaire.us8.list-manage.com\/track\/click?u=5c732dd5ee65845cf20fd724a&amp;id=d57607cce4&amp;e=5df9c98670\">En Espagne, la r\u00e9gion autonome de Murcie veut autoriser le veto parental \u00e0 l&rsquo;\u00e9cole<\/a> (ESSF)<\/p>\n\n\n\n<p><a href=\"https:\/\/europe-solidaire.us8.list-manage.com\/track\/click?u=5c732dd5ee65845cf20fd724a&amp;id=de6935718e&amp;e=5df9c98670\">La communaut\u00e9 LGBTQ+ sud-africaine sous le choc apr\u00e8s une s\u00e9rie de meurtres brutaux<\/a> (ESSF)<\/p>\n\n\n\n<p><a href=\"https:\/\/europe-solidaire.us8.list-manage.com\/track\/click?u=5c732dd5ee65845cf20fd724a&amp;id=9436e4f9c7&amp;e=5df9c98670\">Japon: une p\u00e9tition exige des excuses apr\u00e8s propos homophobes de d\u00e9put\u00e9s conservateurs<\/a> (Courrier International)<\/p>\n\n\n\n<p><strong><span class=\"has-inline-color has-vivid-red-color\">9 Juin en continu<\/span><\/strong><\/p>\n\n\n\n<p><a href=\"https:\/\/www.revuesilence.net\/numeros\/501-501-Decoloniser-l-ecologie\/la-bibliotheque-feministe-masha-p-johnson-ouvre-ses-portes\">La biblioth\u00e8que f\u00e9ministe Masha P. Johnson ouvre ses portes&nbsp;!<\/a> (Silence)<\/p>\n\n\n\n<p><a href=\"https:\/\/www.revolutionpermanente.fr\/Rassemblement-de-soutien-a-Rozenn-Il-faut-un-Meetoo-au-travail\">Rassemblement de soutien \u00e0 Rozenn&nbsp;: \u00ab&nbsp;Il faut un #Meetoo au travail&nbsp;!&nbsp;\u00bb<\/a> (RP)<\/p>\n\n\n\n<p><a href=\"https:\/\/www.mediapart.fr\/journal\/france\/080621\/conservatoires-le-metoo-de-la-musique-classique\">Conservatoires: le #MeToo de la musique classique<\/a> (M\u00e9diapart)<\/p>\n\n\n\n<p><a href=\"https:\/\/lecourrier.ch\/2021\/06\/08\/bejart-ballet-temoignages-de-harcelement-moral-et-sexuel\/\">B\u00e9jart Ballet: t\u00e9moignages de harc\u00e8lement moral et sexuel<\/a> (Le Courrier)<\/p>\n\n\n\n<figure class=\"wp-block-image is-resized is-style-default\"><img data-recalc-dims=\"1\" loading=\"lazy\" decoding=\"async\" src=\"https:\/\/i0.wp.com\/lecourrier.ch\/app\/uploads\/2021\/06\/bejart-ballet-temoignages-de-harcelement-moral-et-sexuel-936x546.jpg?resize=450%2C263&#038;ssl=1\" alt=\"B\u00e9jart Ballet: t\u00e9moignages de harc\u00e8lement moral et sexuel\" width=\"450\" height=\"263\"\/><\/figure>\n\n\n\n<p><a href=\"https:\/\/blogs.mediapart.fr\/daphnerfd\/blog\/060621\/presenter-le-monde-tel-quil-devrait-etre-contre-la-culture-du-viol\">Pr\u00e9senter le monde tel qu&rsquo;il devrait \u00eatre : contre la culture du viol <\/a>-Daphne_Rfd<\/p>\n\n\n\n<p><a href=\"https:\/\/blogs.mediapart.fr\/le-genre-du-capital\/blog\/080621\/le-genre-du-capital-bercy-plongee-en-apnee-dans-l-entre-soi-masculin-du-pouvoir-economique\">Bercy: Plong\u00e9e en apn\u00e9e dans l\u2019entre-soi masculin du pouvoir \u00e9conomique <\/a>&#8211; Le genre du capital<\/p>\n\n\n\n<p><a href=\"https:\/\/www.streetpress.com\/sujet\/1621529328-catho-reac-sos-mamans-payer-femmes-renoncer-avortement-ivg-anti-tradi-fraternite-saint-pie-delit-entrave-planning-familial\">Les catho-r\u00e9ac de SOS Mamans payent des femmes pour qu\u2019elles renoncent \u00e0 avorter<\/a> (Street Press)<\/p>\n\n\n\n<p><a href=\"https:\/\/blogs.mediapart.fr\/guillaume-lasserre\/blog\/050621\/la-belle-equipe\">La belle \u00e9quipe <\/a>-Guillaume Lasserre&nbsp; <\/p>\n\n\n\n<figure class=\"wp-block-image size-large is-resized is-style-default\"><img data-recalc-dims=\"1\" loading=\"lazy\" decoding=\"async\" src=\"https:\/\/i0.wp.com\/www.rdpemancipation.org\/wp-content\/uploads\/2021\/06\/bd-tournage-fe-minines-29-06-19-simon-gosselin-91.jpg?resize=538%2C359&#038;ssl=1\" alt=\"\" class=\"wp-image-32657\" width=\"538\" height=\"359\" srcset=\"https:\/\/i0.wp.com\/www.rdpemancipation.org\/wp-content\/uploads\/2021\/06\/bd-tournage-fe-minines-29-06-19-simon-gosselin-91.jpg?w=661&amp;ssl=1 661w, https:\/\/i0.wp.com\/www.rdpemancipation.org\/wp-content\/uploads\/2021\/06\/bd-tournage-fe-minines-29-06-19-simon-gosselin-91.jpg?resize=300%2C200&amp;ssl=1 300w\" sizes=\"auto, (max-width: 538px) 100vw, 538px\" \/><\/figure>\n\n\n\n<p><a href=\"https:\/\/www.google.com\/url?rct=j&amp;sa=t&amp;url=https:\/\/www.genethique.org\/en-inde-lavortement-selectif-des-petites-filles-menace-de-plus-en-plus-lequilibre-du-pays\/&amp;ct=ga&amp;cd=CAEYCioTNTgwMzY4NjQ2MDI3OTUzOTkxODIaZDBkMzE0ODBkYjFjNWFlODpjb206ZnI6VVM&amp;usg=AFQjCNEhvQmJA-NxRJ8W1yON3RaP7oLmnA\">En Inde, l&rsquo;avortement s\u00e9lectif des petites filles menace de plus en plus l&rsquo;\u00e9quilibre du pays<\/a> (G\u00e8n\u00e9thique)<\/p>\n\n\n\n<p><a href=\"https:\/\/entreleslignesentrelesmots.blog\/2021\/05\/11\/le-feminisme-fait-bouger-les-lignes-sil-est-subversif\/\">Le feminisme fait bouger les lignes&nbsp;\u2013 s\u2019il est&nbsp;subversif<\/a> par Margaux Collet et Francine Sporenda (Entre les mots)<\/p>\n\n\n\n<p><a href=\"https:\/\/tradfem.wordpress.com\/2021\/05\/03\/de-limportance-de-ne-pas-relooker-la-prostitution-en-travail-du-sexe\/\">De l\u2019importance de ne pas relooker la prostitution en \u00ab&nbsp;travail du sexe&nbsp;\u00bb<\/a> (Tradfem)<\/p>\n\n\n\n<p><a href=\"https:\/\/tradfem.wordpress.com\/2021\/05\/03\/parution-de-notre-sang-dandrea-dworkin\/\">Parution de \u00ab&nbsp;Notre Sang&nbsp;\u00bb d\u2019Andrea Dworkin<\/a> (Tradfem)<\/p>\n\n\n\n<figure class=\"wp-block-image size-large is-resized is-style-default\"><img data-recalc-dims=\"1\" loading=\"lazy\" decoding=\"async\" src=\"https:\/\/i0.wp.com\/www.rdpemancipation.org\/wp-content\/uploads\/2021\/06\/image.jpeg?resize=551%2C309&#038;ssl=1\" alt=\"Marche pour nos libert\u00e9s on Twitter: &quot;Samedi 12 juin, marchons pour nos  libert\u00e9s et contre les id\u00e9es d'extr\u00eame droite. Disons stop au sexisme ! # 12juin #extremedroitsation #MarcheDu12juin #PourNosLibertes  https:\/\/t.co\/ucWlgO1BwP&quot; \/ Twitter\" class=\"wp-image-32623\" width=\"551\" height=\"309\"\/><\/figure>\n\n\n\n<p><strong><span class=\"has-inline-color has-vivid-red-color\">8 Juin en continu<\/span><\/strong><\/p>\n\n\n\n<p><a href=\"https:\/\/blogs.mediapart.fr\/jean-marc-b\/blog\/070621\/relier-marx-et-feminisme-l-ere-de-la-mondialisation\">Relier Marx et f\u00e9minisme \u00e0 l\u2019\u00e8re de la mondialisation <\/a>-Martha E. Gimenez (<a href=\"https:\/\/www.contretemps.eu\/gimenez-marx-feminisme-mondialisation\/\">Contretemps<\/a>)<\/p>\n\n\n\n<figure class=\"wp-block-image size-large is-style-default\"><img data-recalc-dims=\"1\" loading=\"lazy\" decoding=\"async\" width=\"340\" height=\"512\" src=\"https:\/\/i0.wp.com\/www.rdpemancipation.org\/wp-content\/uploads\/2021\/06\/819MKUQZzL-340x512-1.jpg?resize=340%2C512&#038;ssl=1\" alt=\"\" class=\"wp-image-32562\" srcset=\"https:\/\/i0.wp.com\/www.rdpemancipation.org\/wp-content\/uploads\/2021\/06\/819MKUQZzL-340x512-1.jpg?w=340&amp;ssl=1 340w, https:\/\/i0.wp.com\/www.rdpemancipation.org\/wp-content\/uploads\/2021\/06\/819MKUQZzL-340x512-1.jpg?resize=199%2C300&amp;ssl=1 199w\" sizes=\"auto, (max-width: 340px) 100vw, 340px\" \/><\/figure>\n\n\n\n<p><a href=\"https:\/\/www.mediacites.fr\/enquete\/toulouse\/2021\/06\/07\/la-vague-metoo-rattrape-le-milieu-musical-toulousain\/\">La vague #MeToo rattrape le milieu musical toulousain<\/a> (Mediacit\u00e9s)<\/p>\n\n\n\n<p><a href=\"https:\/\/www.lesnouvellesnews.fr\/legalite-femmes-hommes-un-bien-commun-invisible\/\">L\u2019\u00e9galit\u00e9 femmes-hommes, un bien commun invisible<\/a> (Les Nouvelles News)<\/p>\n\n\n\n<p><a href=\"http:\/\/feedproxy.google.com\/~r\/Rue89Strasbourg\/~3\/Psca5okzjpE\/feminicide-colmar-procureure-denonce-double-discours-violences-conjugales-209707\">Apr\u00e8s le f\u00e9minicide \u00e0 Colmar, la procureure d\u00e9nonce double discours sue  violences conjugales<\/a> (Rue89 Strasbourg)<\/p>\n\n\n\n<p><a href=\"https:\/\/www.huffingtonpost.fr\/entry\/apres-plusieurs-feminicides-de-nouvelles-instructions-envoyees-en-interne-aux-policiers_fr_60b56102e4b0c5658f974a11\">Apr\u00e8s plusieurs f\u00e9minicides, de nouvelles instructions envoy\u00e9es en interne aux policiers<\/a> (Huff Post)<\/p>\n\n\n\n<p><a href=\"https:\/\/www.editions-ixe.fr\/catalogue\/non-le-masculin-ne-lemporte-pas-sur-le-feminin\/\">Le masculin ne l\u2019emporte pas sur le f\u00e9minin&nbsp;! Petite histoire des r\u00e9sistances de la langue fran\u00e7aise<\/a> -\u00c9liane Viennot<\/p>\n\n\n\n<p><a href=\"https:\/\/www.letelegramme.fr\/france\/lucile-peytavin-la-virilite-coute-100-milliards-par-an-a-la-france-06-03-2021-12714361.php\">Ce que la France \u00e9conomiserait si les hommes se comportaient comme les femmes<\/a> &#8211; Lucile Peytavin<\/p>\n\n\n\n<p><a href=\"https:\/\/www.ritimo.org\/Le-feminisme-politique-s-organise-pour-promouvoir-le-changement-en-Colombie\">Le f\u00e9minisme politique s&rsquo;organise pour promouvoir le changement en Colombie<\/a> (Ritimo)<\/p>\n\n\n\n<figure class=\"wp-block-image is-resized is-style-default\"><img data-recalc-dims=\"1\" loading=\"lazy\" decoding=\"async\" src=\"https:\/\/i0.wp.com\/www.ritimo.org\/local\/cache-vignettes\/L640xH424\/32396273167_1703009a5c_o-a98c7.jpg?resize=432%2C286&#038;ssl=1\" alt=\"\" width=\"432\" height=\"286\"\/><\/figure>\n\n\n\n<p><a href=\"https:\/\/www.liberation.fr\/international\/afrique\/en-afrique-du-sud-la-polyandrie-en-debat-20210606_XUIK3ELZBNBAFPO7NRNXPTSPZM\/\">En Afrique du Sud, la polyandrie en d\u00e9bat<\/a> (Lib\u00e9ration)<\/p>\n\n\n\n<p><a href=\"https:\/\/www.huffingtonpost.fr\/entry\/au-texas-cette-diplomee-profite-de-la-remise-de-diplome-pour-defendre-le-droit-a-lavortement_fr_60b8c146e4b0f479d60db6ee\">Cette lyc\u00e9enne d\u00e9fend le droit \u00e0 l\u2019avortement lors de sa remise de dipl\u00f4me<\/a> (Huff Post)<\/p>\n\n\n\n<p><a href=\"https:\/\/www.publicsenat.fr\/article\/societe\/covid-19-un-rapport-du-senat-preconise-la-collecte-de-donnees-personnelles-pour\">Rapport du S\u00e9nat pr\u00e9conise la collecte de donn\u00e9es personnelles pour pr\u00e9venir les crises sanitaires<\/a> (Public S\u00e9nat)<\/p>\n\n\n\n<p><a href=\"https:\/\/www.laquadrature.net\/2021\/06\/02\/partage-de-donnees-les-services-de-renseignement-violent-la-constitution-2\/\">Partage de donn\u00e9es&nbsp;: les services de renseignement violent la Constitution<\/a> (Quadrature du Net)<\/p>\n\n\n\n<p><a href=\"https:\/\/email.mg2.substack.com\/c\/eJw9kUGO5CAMRU9T2VUEJCHJgkVv5hqRAyZNd4AITE3X7ds1JY2EzEf2t8WzBcIjl6e5cqXuFTZ6XmgS_q0nEmHpWsWyBWfkOMt5XYfOmdHJZVq6UDdfECOE01Bp2F1tP4MFCjm9HGpYtRDdp9Fq8U7pyfl9AvACB1xxcDAvAOvo9_dgaC5gsmjwgeWZE3an-SS66m34uKk_fCxcoWDMjz6Xg9--cMBEBR8NWZ5wpwJfaClz3d1hvXuMkS-bky85EbKGdvc5OYjshDPUiPeCZzgCtp9X8oLvUAkSN-yCUUJJocWshBRy6WU_o9r1NCq14w6TdE6PTistBrSsRnsbRTxUX9vOTex3b3PsivmKeysHf5HTNjskPPuE1Lv8orZxUWwp0HPDBPuJ7g2U3nv5h3g7MGHhfbkNyEitBrFqraSc5ZsfEx_mQa4jr4anu8yuZP4z8wWShVB_Aavkq_s\">La trajectoire des femmes confront\u00e9es au fondamentalisme religieux au Pakistan<\/a> (Capire)<\/p>\n\n\n\n<p><a href=\"https:\/\/email.mg2.substack.com\/c\/eJw9kcGOpSAQRb_mudMAIuqCRW_mNwzC1WZGwUDZM-_vp16_pBNyQ6W4VNUp7wh7Lk975UrNSxZ6XrAJf-sBIpTmrihLDFbqUY7z3DfB6iCnYWpiXbYCnC4elsqN5rrXI3pHMaeXQ_WzEaL5tHpcfZjMLLbg4Qx6DSemMEwDpHHBvAu7O0QkD4svlGdOaA77SXTVR__xUL_4eHfFgjN_dbnsHG-FBf8ulG9jfUU-H9hwxhQroQU5YmkDu3zhztDWnKg9UFserriYKifb4-ZZ2x8ff9REq4SSwohRCSnk1MluhFrNoJVasbpBhmB0MMqIHp5v2j-0OHfV1Xut5PyfzuezKfb3ud5l5-k47XMA4egSqAv5BWzhR-edIj0XJLceCG-W9F7JN91lRwJ3j7A4stKoXszGKClH-UbHsPuxl7PmrXD1kNmV7A-urbjkXaz_AX7FqZE\">#\u00c9coleF\u00e9ministe : \u00c9tat et d\u00e9mocratie sont les terrains de lutte f\u00e9ministe<\/a>(Capire)<\/p>\n\n\n\n<figure class=\"wp-block-image is-resized is-style-default\"><img data-recalc-dims=\"1\" loading=\"lazy\" decoding=\"async\" src=\"https:\/\/i0.wp.com\/capiremov.org\/wp-content\/uploads\/2021\/06\/Sara-Hylton_National-Geographic.png?resize=448%2C260&#038;ssl=1\" alt=\"\" width=\"448\" height=\"260\"\/><\/figure>\n\n\n\n<p><a href=\"https:\/\/www.arte.tv\/fr\/videos\/086893-003-A\/arte-regards-la-greve-des-naissances-pour-sauver-le-climat\/\">La gr\u00e8ve des naissances pour sauver le climat <\/a>&nbsp; (Arte TV)<\/p>\n\n\n\n<p><a href=\"https:\/\/www.arte.tv\/fr\/videos\/RC-017316\/violences-faites-aux-femmes-un-fleau-mondial\/\">Violences faites aux femmes un fl\u00e9au mondial&nbsp;<\/a> (Arte TV)<\/p>\n\n\n\n<p><a href=\"https:\/\/l.facebook.com\/l.php?u=https:\/\/www.francebleu.fr\/infos\/societe\/videos-plusieurs-milliers-de-feministes-reunies-sur-la-manifestation-toutes-aux-frontieres-de-nice-1622909014?fbclid=IwAR2_h1Aur_g9nwHMMtTvJmNSNBp_R1iYfEkjM2sVH9no0xdas-IuiQLWqt0&amp;h=AT3OYSH8bFQnzR4MbRiIQegGF_u_Xt1Twb3ANiZMHQGgwL2XSjLIux7YdJo46mIVByIA5KrIXB5RyuAKObbamBzLeb-UxlxDIwgZWQvGznWCrIBwPT1zOJOWVms03xtpxZMEZhQ&amp;__tn__=,mH-R&amp;c%5B0%5D=AT2LhIHdJyDn6B5QlQZyQgWZSPvh3PjrMkCp2oIT7muIJ0ULteTzQcOP13UPvqJnR1QctN-UF7L0ISa_E3UzbWloXH47HuAe-mxp5PeoGAZQEDWBMWYBXzAUwhc3Pd-L2tOAN2PTOj2thKUlWGx5UWcZpov_VhZTtkWB4_5nyabQChw\">&nbsp;Des milliers de f\u00e9ministes r\u00e9unies sur la manifestation \u00ab\u00a0Toutes aux fronti\u00e8res\u00a0\u00bb de Nice&nbsp;<\/a> (vid\u00e9o France Bleu)<\/p>\n\n\n\n<figure class=\"wp-block-image is-resized is-style-default\"><img data-recalc-dims=\"1\" loading=\"lazy\" decoding=\"async\" src=\"https:\/\/i0.wp.com\/cdn.radiofrance.fr\/s3\/cruiser-production\/2021\/06\/0fef05fb-115e-462c-ad2e-9a9b9103fb04\/870x489_feministes_2.jpg?resize=454%2C255&#038;ssl=1\" alt=\"Mobilisation &quot;Toutes aux fronti\u00e8res&quot; \u00e0 Nice - Place Mass\u00e9na - 5 juin 2021 \" width=\"454\" height=\"255\"\/><\/figure>\n\n\n\n<p><a href=\"https:\/\/europe-solidaire.us8.list-manage.com\/track\/click?u=5c732dd5ee65845cf20fd724a&amp;id=89342d10e3&amp;e=5df9c98670\">Comment les Polonaises contournent la quasi-interdiction de l&rsquo;avortement<\/a> (Dziennik Gazeta Prawna)<\/p>\n\n\n\n<p><a href=\"https:\/\/europe-solidaire.us8.list-manage.com\/track\/click?u=5c732dd5ee65845cf20fd724a&amp;id=508b988968&amp;e=5df9c98670\">Au Ghana, 21 personnes en d\u00e9tention provisoire apr\u00e8s une r\u00e9union LGBT<\/a> (The Guardian)<\/p>\n\n\n\n<figure class=\"wp-block-image size-large is-resized is-style-default\"><img data-recalc-dims=\"1\" loading=\"lazy\" decoding=\"async\" src=\"https:\/\/i0.wp.com\/www.rdpemancipation.org\/wp-content\/uploads\/2021\/06\/image-48.png?resize=326%2C314&#038;ssl=1\" alt=\"\" class=\"wp-image-32547\" width=\"326\" height=\"314\" srcset=\"https:\/\/i0.wp.com\/www.rdpemancipation.org\/wp-content\/uploads\/2021\/06\/image-48.png?w=680&amp;ssl=1 680w, https:\/\/i0.wp.com\/www.rdpemancipation.org\/wp-content\/uploads\/2021\/06\/image-48.png?resize=300%2C289&amp;ssl=1 300w\" sizes=\"auto, (max-width: 326px) 100vw, 326px\" \/><\/figure>\n\n\n\n<p><strong><span class=\"has-inline-color has-vivid-red-color\">7 Juin en continu<\/span><\/strong><\/p>\n\n\n\n<p><strong><a href=\"https:\/\/www.huffingtonpost.fr\/entry\/pride-de-paris-cette-asso-de-policiers-lgbt-ne-participera-pas-par-crainte-dagression_fr_60b9e6f6e4b001ebd4703110\" target=\"_blank\" rel=\"noreferrer noopener\">Pride de Paris: cette asso de policiers LGBT+ ne participera pas<\/a>&nbsp;(Huff Post<\/strong>)<\/p>\n\n\n\n<p><strong><a href=\"https:\/\/www.numerama.com\/politique\/715574-cest-la-double-peine-pourquoi-les-entrepreneures-lesbiennes-galerent-tant.html#utm_medium=e-mail&amp;utm_source=newsletter_quotidienne_soir&amp;utm_campaign=20210603\" target=\"_blank\" rel=\"noreferrer noopener\">\u00ab&nbsp;<em>C\u2019est la double peine<\/em>&nbsp;\u00bb&nbsp;: pourquoi les entrepreneures lesbiennes gal\u00e8rent tant&nbsp;?<\/a>&nbsp;(Numerama<\/strong>)<\/p>\n\n\n\n<p><strong><a href=\"https:\/\/www.heidi.news\/education\/des-protections-menstruelles-gratuites-dans-les-ecoles-romandes?utm_source=newsletter&amp;utm_medium=email\" target=\"_blank\" rel=\"noreferrer noopener\">Des protections menstruelles gratuites dans les \u00e9coles romandes<\/a>&nbsp;(Heidi news<\/strong>)<\/p>\n\n\n\n<p><a href=\"https:\/\/www.mediapart.fr\/journal\/france\/060621\/pour-moi-la-pma-c-est-deja-trop-tard-ces-projets-empeches-par-les-lenteurs-du-pouvoir\">\u00abPour moi, la PMA, c\u2019est d\u00e9j\u00e0 trop tard\u00bb: ces projets emp\u00each\u00e9s par les lenteurs du pouvoir<\/a> (M\u00e9diapart)<\/p>\n\n\n\n<p><a href=\"https:\/\/www.alternatives-economiques.fr\/rachel-silvera\/plan-biden-sattaque-aux-inegalites-de-genre\/00099251\">Le plan Biden s\u2019attaque aux in\u00e9galit\u00e9s de genre<\/a> (Alter \u00e9co)<\/p>\n\n\n\n<p><a href=\"https:\/\/tradfem.wordpress.com\/2021\/05\/02\/prostitution-et-dignite-masculine\/\">Prostitution et \u00ab&nbsp;dignit\u00e9&nbsp;\u00bb masculine<\/a> (Tradfem)<\/p>\n\n\n\n<p><a href=\"https:\/\/tradfem.wordpress.com\/2021\/04\/29\/le-proces-de-maya-forstater-et-la-critique-du-genre-floraisons-blog\/\">Le proc\u00e8s de Maya Forstater et la critique du genre \u2013 Blog Floraisons<\/a> (Tradfem)<\/p>\n\n\n\n<p><a href=\"https:\/\/entreleslignesentrelesmots.blog\/2021\/05\/12\/dis-moi-maman-ca-veut-dire-quoi-etre-payee-au-feminin\/\">Dis-moi Maman, \u00e7a veut dire quoi \u00eatre #pay\u00e9e au f\u00e9minin&nbsp;?<\/a> (Entre les mots)<\/p>\n\n\n\n<p><a href=\"https:\/\/entreleslignesentrelesmots.blog\/2021\/05\/31\/violence-envers-les-femmes-il-est-grand-temps-dagir\/\">Violence envers les femmes&nbsp;: il est grand temps&nbsp;d\u2019agir<\/a> (Entre les mots)<\/p>\n\n\n\n<p> <\/p>\n\n\n\n<figure class=\"wp-block-image is-resized is-style-default\"><img loading=\"lazy\" decoding=\"async\" src=\"https:\/\/scontent.fhex4-1.fna.fbcdn.net\/v\/t1.6435-9\/196952629_1218788361876963_8146055679324446157_n.jpg?_nc_cat=106&amp;ccb=1-3&amp;_nc_sid=730e14&amp;_nc_ohc=V03f1Xpg2AsAX8DImHP&amp;_nc_ht=scontent.fhex4-1.fna&amp;oh=044d334aec62c34aae375b64093610cb&amp;oe=60E1E81E\" alt=\"Aucune description de photo disponible.\" width=\"385\" height=\"451\"\/><\/figure>\n\n\n\n<p><strong><span class=\"has-inline-color has-vivid-red-color\">6 Juin en continu<\/span><\/strong><\/p>\n\n\n\n<p><a href=\"https:\/\/www.facebook.com\/RevolutionPermanente.fr\/videos\/506872537432161\">T\u00e9moignage d&rsquo;Amelie, ancienne employ\u00e9e Chronodrive<\/a> -vid\u00e9o<\/p>\n\n\n\n<p><a href=\"https:\/\/www.lesnouvellesnews.fr\/harcelement-de-rue-la-campagne-dhero-ine95-va-demarrer\/\">Harc\u00e8lement de rue : la campagne d\u2019H\u00e9ro-\u00efne95 va d\u00e9marrer<\/a> (Les Nouvelles News)<\/p>\n\n\n\n<figure class=\"wp-block-image size-large is-resized is-style-default\"><img data-recalc-dims=\"1\" loading=\"lazy\" decoding=\"async\" src=\"https:\/\/i0.wp.com\/www.rdpemancipation.org\/wp-content\/uploads\/2021\/06\/femmes-uvl-pu-.jpg?resize=442%2C438&#038;ssl=1\" alt=\"\" class=\"wp-image-32361\" width=\"442\" height=\"438\" srcset=\"https:\/\/i0.wp.com\/www.rdpemancipation.org\/wp-content\/uploads\/2021\/06\/femmes-uvl-pu-.jpg?w=300&amp;ssl=1 300w, https:\/\/i0.wp.com\/www.rdpemancipation.org\/wp-content\/uploads\/2021\/06\/femmes-uvl-pu-.jpg?resize=150%2C150&amp;ssl=1 150w\" sizes=\"auto, (max-width: 442px) 100vw, 442px\" \/><\/figure>\n\n\n\n<p><a href=\"https:\/\/www.revuesilence.net\/numeros\/500-Ecouter-regarder-raconter\/m-explique-pas-la-vie-mec-de-rokhaya-diallo-et-blachette\">M&rsquo;explique pas la vie, mec&nbsp;! de Rokhaya Diallo et Blachette<\/a> (Revue Silence)<\/p>\n\n\n\n<p><a href=\"http:\/\/www.slate.fr\/story\/209984\/espagne-enseignants-jupe-soutenir-eleve-expulse-stereotypes-genre-discriminations\">En Espagne, des enseignants se mettent en jupe pour soutenir un \u00e9l\u00e8ve expuls\u00e9<\/a> par Juliette Th\u00e9venot (Slate)<\/p>\n\n\n\n<p><a href=\"https:\/\/tradfem.wordpress.com\/2021\/05\/05\/tete-a-queue-en-suede-a-propos-des-changements-de-sexde\/\">T\u00eate-\u00e0-queue en Su\u00e8de \u00e0 propos des \u00ab&nbsp;changements de sexe&nbsp;\u00bb chez les mineur.e.s<\/a> (Tradfem)<\/p>\n\n\n\n<p><a href=\"https:\/\/tradfem.wordpress.com\/2021\/05\/04\/message-aux-hommes-le-sexe-nest-absolument-pas-un-droit-de-lhomme\/\">Message aux hommes : le sexe n\u2019est absolument pas un droit de l\u2019homme<\/a> (Tradfem)<\/p>\n\n\n\n<p><a href=\"https:\/\/tradfem.wordpress.com\/2021\/05\/04\/le-nouveau-harcelement-impose-sur-les-campus\/\">Julie Bindel \u2013 Le nouveau harc\u00e8lement impos\u00e9 sur les campus<\/a> (Tradfem)<\/p>\n\n\n\n<p><a href=\"http:\/\/www.slate.fr\/story\/209708\/netflix-master-of-none-moments-of-love-spin-off-representations-lesbiennes-series-tele\">\u00abMoments in Love\u00bb, une alternative bienvenue aux repr\u00e9sentations des lesbiennes dans les s\u00e9ries<\/a> (Slate)<\/p>\n\n\n\n<p><a href=\"http:\/\/www.slate.fr\/story\/209714\/bonnes-feuilles-masturbation-lucile-bellan-editions-leduc\">Avec la masturbation, faisons le choix de revenir \u00e0 l&rsquo;essentiel<\/a> par Lucile Bellan (Slate)<\/p>\n\n\n\n<p><strong><span class=\"has-inline-color has-vivid-red-color\">5 Juin en continu<\/span><\/strong><\/p>\n\n\n\n<p><a href=\"https:\/\/www.facebook.com\/RevolutionPermanente.fr\/videos\/299555758525300\">Rozenn devant la bourse du travail de Toulouse, sortie d\u2019audience pour le proc\u00e8s contre Chronodrive<\/a> -vid\u00e9o<\/p>\n\n\n\n<p><a href=\"http:\/\/link.listes.cafepedagogique.net\/m\/surl\/200138\/509665\/knBuNLu2O5AZAST-Ad4NnHFKF-B12viezBEiZxMr5xU=\/link_20\/32NTSvahwXKT1iEWrGN+85Zx+Wpdv3jvs7WGuTFsiOjIdNiyoQDv71Jf6G+Cfvrqt0qxo5YWHoSbpYOGuGp+71ygjVAb9AYYCehbhsZtyXms-JAraaMOGA5W8vs9NyslJcyhTw2M7fr9uWv6f2jBn6gkXE4h5C5rGa2htE2HakJBOMkmX88EjfO7HWyT8Gqyv9rX7AfPCa5dwMx9ltMxGIbYNrdVqcp1AVE05KGA2ZUc+VPWbdEk6hxHXiGNWukOJEPW-OWzM4DMUWf3UdfRU+O7hs7wFI2q8d4BQ3FXHwLdqB1PZIxLCUcCbLYpEvh8\">Pascal Ravenel : Un lyc\u00e9e mobilise pour l&rsquo;\u00e9galit\u00e9 filles gar\u00e7ons <\/a>(Caf\u00e9 p\u00e9dagogique)<\/p>\n\n\n\n<p><a href=\"https:\/\/www.lesnouvellesnews.fr\/anne-cecile-mailfert-a-moyens-constants-la-violence-sexiste-ne-reculera-pas\/\">Anne-C\u00e9cile Mailfert : \u00ab A moyens constants, la violence sexiste ne reculera pas\u00bb<\/a> (Les Nouvelles News)<\/p>\n\n\n\n<p><a href=\"https:\/\/www.lesnouvellesnews.fr\/festival-de-cannes-toujours-peu-de-femmes\/\">Festival de Cannes, toujours peu de femmes<\/a> (Les Nouvelles News)<\/p>\n\n\n\n<p><a href=\"https:\/\/theconversation.com\/sexualites-un-regard-philosophique-le-feminin-et-le-masculin-cles-de-comprehension-du-monde-161126\">Le \u00ab f\u00e9minin \u00bb et le \u00ab masculin \u00bb, cl\u00e9s de compr\u00e9hension du monde<\/a> (The Conversation)&nbsp;<\/p>\n\n\n\n<p><a href=\"https:\/\/theconversation.com\/histoire-la-croisade-feministe-de-josephine-butler-161837\">Histoire : la croisade f\u00e9ministe de Jos\u00e9phine Butler<\/a> &#8211; Fr\u00e9d\u00e9ric Regard (The Conversation)<\/p>\n\n\n\n<figure class=\"wp-block-image is-resized is-style-default\"><img data-recalc-dims=\"1\" loading=\"lazy\" decoding=\"async\" src=\"https:\/\/i0.wp.com\/images.theconversation.com\/files\/404283\/original\/file-20210603-13-1tntns1.png?resize=439%2C281&#038;ssl=1\" alt=\"Portrait de Josephine Butler par George Richmond, 1851.\" width=\"439\" height=\"281\"\/><\/figure>\n\n\n\n<p><a href=\"https:\/\/entreleslignesentrelesmots.blog\/2021\/06\/04\/arabofolies-deconfine-et-comme-neuf\/#more-51652\">\u00ab\u00a0Arabofolies\u00a0\u00bb d\u00e9confin\u00e9 et comme&nbsp;neuf<\/a> par Nicolas B\u00e9ni\u00e8s (Entre les mots)<\/p>\n\n\n\n<p><a href=\"https:\/\/courrierdeuropecentrale.fr\/en-tchequie-les-femmes-pourront-desormais-choisir-la-forme-de-leur-patronyme-mais-ova-le-monde\/\">En Tch\u00e9quie, les femmes pourront d\u00e9sormais choisir la forme de leur nom.&nbsp;<\/a> (Le Courrier d\u2019Europe centrale)<\/p>\n\n\n\n<p><a href=\"https:\/\/mailchi.mp\/125dca0e8d9d\/mere-alors-14-desexualiser-allaitement?e=b73f4a2d8c\">\u00ab&nbsp;Les seins sont un scandale. Faut-il d\u00e9sexualiser l\u2019allaitement&nbsp;?&nbsp;\u00bb<\/a> par Fabienne Lacoude (M\u00e8re Alors&nbsp;!)<\/p>\n\n\n\n<p><a href=\"https:\/\/entreleslignesentrelesmots.blog\/2021\/06\/01\/femmes-migration-forcee-et-refuge-au-liban\/\">Femmes, migration forc\u00e9e et refuge au&nbsp;Liban<\/a> (Entre les mots)<\/p>\n\n\n\n<p><a href=\"https:\/\/entreleslignesentrelesmots.blog\/2021\/06\/02\/solidarite-feministe-pour-les-personnes-migrantes-et-refugiees-en-europe\/\">Solidarit\u00e9 f\u00e9ministe pour les personnes migrantes et r\u00e9fugi\u00e9es en&nbsp;Europe<\/a> par Marianne Ebel (Capire)<\/p>\n\n\n\n<p><a href=\"http:\/\/www.slate.fr\/story\/210092\/sale-pute-insulte-reseaux-sociaux-misogynie-sexisme-harcelement-femmes-violences\">\u00abSale pute\u00bb, l&rsquo;expression de la misogynie, celle qui cogne, qui viole et qui tue<\/a> &#8211; Titou Lecoq (Slate)<\/p>\n\n\n\n<p><strong><span class=\"has-inline-color has-vivid-red-color\">4 Juin en continu<\/span><\/strong><\/p>\n\n\n\n<p><a href=\"https:\/\/www.humanite.fr\/toutes-aux-frontieres-nice-le-feminisme-lassaut-de-la-forteresse-europeenne-709565\">\u00c0 Nice, le f\u00e9minisme \u00e0 l\u2019assaut de la forteresse europ\u00e9enne<\/a> (L\u2019Humanit\u00e9)<\/p>\n\n\n\n<figure class=\"wp-block-image\"><img data-recalc-dims=\"1\" decoding=\"async\" src=\"https:\/\/i0.wp.com\/www.humanite.fr\/sites\/default\/files\/styles\/1048x350\/public\/images\/86206.HR.jpg?w=1200&#038;ssl=1\" alt=\"Manifestation pour la Journ\u00e9e internationale des droits des femmes, le 8 mars 2021, \u00e0 Paris. Georges Gonon-Guillermas\/Hans Lucas\/AFP\" title=\"\"\/><\/figure>\n\n\n\n<p><a href=\"http:\/\/www.slate.fr\/story\/210092\/sale-pute-insulte-reseaux-sociaux-misogynie-sexisme-harcelement-femmes-violences\">L\u2019expression de la misogynie, celle qui cogne, qui viole et qui tue<\/a> (Slate)<\/p>\n\n\n\n<figure class=\"wp-block-image\"><img data-recalc-dims=\"1\" decoding=\"async\" src=\"https:\/\/i0.wp.com\/www.slate.fr\/sites\/default\/files\/styles\/1060x523\/public\/twitterarticle.jpeg?w=1200\" alt=\"Personne n'a l'air de r\u00e9aliser \u00e0 quel point cette insulte est grave.\u00a0|\u00a0Piyapong Saydaung\u00a0via Pixabay\"\/><figcaption><sub>Personne n&rsquo;a l&rsquo;air de r\u00e9aliser \u00e0 quel point cette insulte est grave.&nbsp;|&nbsp;Piyapong Saydaung&nbsp;via Pixabay<\/sub><\/figcaption><\/figure>\n\n\n\n<p><\/p>\n\n\n\n<p><a href=\"https:\/\/medor.coop\/magazines\/medor-n23-ete-2021\/un-avortement-et-deux-claques-obstetrique-violence-hopital-ivg-feminisme\/\">Un avortement et deux claques<\/a> par Mariavittoria Campodonico, Elsa P\u00e9cot (M\u00e9dor)<\/p>\n\n\n\n<p><a href=\"https:\/\/www.humanite.fr\/solidarite-lescale-refuge-salvateur-pour-lesbiennes-exilees-paris-709559#xtor=RSS-1\">Solidarit\u00e9. L\u2019Escale, refuge salvateur pour lesbiennes exil\u00e9es \u00e0 Paris<\/a> (L\u2019Humanit\u00e9)<\/p>\n\n\n\n<p><a href=\"https:\/\/entreleslignesentrelesmots.blog\/2021\/06\/03\/rehabilitation-des-hommes-violents-efficace-ou-poudre-aux-yeux\/\">R\u00e9habilitation des hommes violents : efficace ou poudre aux yeux&nbsp;?<\/a> (Entre les lignes)<\/p>\n\n\n\n<p><a href=\"https:\/\/solidaires.org\/Travail-la-lutte-contre-les-violences-faites-aux-femmes-vaut-plus-qu-un-symbole\">Travail : la lutte contre les violences faites aux femmes vaut plus qu&rsquo;un symbole !<\/a> (Solidaires)<\/p>\n\n\n\n<p><a href=\"https:\/\/tradfem.wordpress.com\/2021\/05\/19\/recension-du-nouvel-ouvrage-de-kajsa-ekis-ekman-om-konets-existens\/\">Recension du nouvel ouvrage de Kajsa Ekis Ekman \u2013 Om k\u00f6nets existens<\/a> (Tradfem)<\/p>\n\n\n\n<p><a href=\"https:\/\/tradfem.wordpress.com\/2021\/05\/17\/preface-dandrea-dworkin-a-son-livre-notre-sang-predictions-et-discours-sur-la-politique-sexuelle\/\">Pr\u00e9face d\u2019Andrea Dworkin \u00e0<\/a> <a href=\"https:\/\/tradfem.wordpress.com\/2021\/05\/17\/preface-dandrea-dworkin-a-son-livre-notre-sang-predictions-et-discours-sur-la-politique-sexuelle\/\">son livre : Notre Sang. Pr\u00e9dictions et discours sur la politique sexuelle<\/a> (Tradfem)<\/p>\n\n\n\n<figure class=\"wp-block-image is-resized is-style-default\"><img data-recalc-dims=\"1\" loading=\"lazy\" decoding=\"async\" src=\"https:\/\/tradfem.files.wordpress.com\/2021\/05\/couverture-1re-dworkin-notre-sang.jpg?w=642&#038;resize=335%2C534\" alt=\"\" class=\"wp-image-8330\" width=\"335\" height=\"534\"\/><\/figure>\n\n\n\n<p><a href=\"https:\/\/tradfem.wordpress.com\/2021\/05\/15\/10-facons-dont-lideologie-du-genre-fonctionne-comme-une-secte\/\">10 fa\u00e7ons dont l\u2019id\u00e9ologie du genre fonctionne comme une secte<\/a> (Tradfem)<\/p>\n\n\n\n<p><strong><span class=\"has-inline-color has-vivid-red-color\">3 Juin en continu<\/span><\/strong><\/p>\n\n\n\n<p><a href=\"https:\/\/www.bookforum.com\/culture\/sarah-schulman-s-monumental-history-of-act-up-24491\">Une nouvelle histoire tr\u00e8s document\u00e9e d\u2019Act Up \u00e0 New York<\/a> (anglais -Bookforum)<\/p>\n\n\n\n<figure class=\"wp-block-image size-large is-resized is-style-default\"><img data-recalc-dims=\"1\" loading=\"lazy\" decoding=\"async\" src=\"https:\/\/i0.wp.com\/www.rdpemancipation.org\/wp-content\/uploads\/2021\/06\/cover.jpg?resize=336%2C504&#038;ssl=1\" alt=\"\" class=\"wp-image-32026\" width=\"336\" height=\"504\" srcset=\"https:\/\/i0.wp.com\/www.rdpemancipation.org\/wp-content\/uploads\/2021\/06\/cover.jpg?w=333&amp;ssl=1 333w, https:\/\/i0.wp.com\/www.rdpemancipation.org\/wp-content\/uploads\/2021\/06\/cover.jpg?resize=200%2C300&amp;ssl=1 200w\" sizes=\"auto, (max-width: 336px) 100vw, 336px\" \/><\/figure>\n\n\n\n<p><a href=\"https:\/\/www.rue89lyon.fr\/2021\/06\/02\/a-lyon-un-rassemblement-pour-la-journee-des-travailleuses-du-sexe\/\">A Lyon, un rassemblement pour la journ\u00e9e des travailleuses du sexe<\/a> (Rue89Lyon)<\/p>\n\n\n\n<p><a href=\"https:\/\/info.mediapart.fr\/optiext\/optiextension.dll?ID=bJIbLWTWPfOO1quI4TKRe92h4wh9cqzf6HFzK_ScBOHjSDzXistckQJFarEuODdsYCHHsy7CwM2oICOVH0AVozTBPCxrW\">La rue est \u00e0 nous, aussi<\/a> &#8211; daphne_rfd<\/p>\n\n\n\n<p><a href=\"https:\/\/www.factuel.info\/portraits-de-femmes-letreinte-et-slalom\">Portraits de femmes : L\u2019Etreinte et Slalom<\/a> (Factuel.info)<\/p>\n\n\n\n<p><a href=\"https:\/\/marcelle.media\/2021\/06\/02\/inceste-temoigner-pour-les-autres-les-victimes-leurs-compagnes-et-compagnons\/?utm_source=rss&amp;utm_medium=rss&amp;utm_campaign=inceste-temoigner-pour-les-autres-les-victimes-leurs-compagnes-et-compagnons\">Inceste : \u00ab T\u00e9moigner pour les victimes, leurs compagnes et compagnons \u00bb<\/a> (Marcelle)<\/p>\n\n\n\n<p><a href=\"https:\/\/dieses.fr\/les-espaces-safe-nous-font-violence\">Les \u00ab espaces safe \u00bb nous font violence ?<\/a> (di\u00e8ses)<\/p>\n\n\n\n<p><a href=\"https:\/\/expansive.info\/A-Brequigny-les-flics-repriment-les-lyceen-nes-en-luttes-par-des-attouchements-2717\">Br\u00e9quigny,: les flics r\u00e9priment les lyc\u00e9en\u00b7nes par menaces de viols, attouchements et agressions physiques<\/a> (Mutu)<\/p>\n\n\n\n<p><a href=\"https:\/\/tradfem.wordpress.com\/2021\/05\/24\/comment-la-propagande-transgenre-detruit-de-jeunes-adolescentes\/\">Comment la propagande transgenre d\u00e9truit de jeunes adolescentes<\/a> (Tradfem)<\/p>\n\n\n\n<p><a href=\"https:\/\/tradfem.wordpress.com\/2021\/05\/22\/choisissez-les-gars\/\">\u00ab&nbsp;Choisissez, les gars!&nbsp;\u00bb<\/a> (Tradfem)<\/p>\n\n\n\n<p><a href=\"https:\/\/tradfem.wordpress.com\/2021\/05\/20\/emergence-de-lenjeu-de-linceste\/\">Louise Armstrong : \u00c9mergence de l\u2019enjeu de l\u2019inceste<\/a> (Tradfem)<\/p>\n\n\n\n<p><strong><span class=\"has-inline-color has-vivid-red-color\">2 Juin en continu<\/span><\/strong><\/p>\n\n\n\n<p><a href=\"https:\/\/www.lesnouvellesnews.fr\/violences-conjugales-100-des-plaintes-doivent-etre-traitees\/\">Violences conjugales : \u00ab 100 % des plaintes \u00bb doivent \u00eatre trait\u00e9es<\/a> (Les Nouvelles News)<\/p>\n\n\n\n<p><a href=\"https:\/\/entreleslignesentrelesmots.blog\/2021\/05\/29\/feminicides-quand-la-barbarie-devient-quotidienne\/\">F\u00e9minicides, quand la barbarie devient&nbsp;quotidienne<\/a> (Entre les lignes)<\/p>\n\n\n\n<p><a href=\"https:\/\/entreleslignesentrelesmots.blog\/2021\/05\/27\/aucun-amenagement-personnel-dans-le-systeme-du-patriarcat-ne-mettra-fin-a-ce-gynocide-implacable\/\">Aucun am\u00e9nagement personnel dans le syst\u00e8me du patriarcat ne mettra fin au&nbsp;gynocide<\/a> (Entre les lignes)<\/p>\n\n\n\n<p><a href=\"https:\/\/www.pressegauche.org\/Violence-envers-les-femmes-il-est-grand-temps-d-agir\">Canada: Violence envers les femmes&nbsp;: il est grand temps&nbsp;d\u2019agir<\/a> (Presse toi \u00e0 gauche)<\/p>\n\n\n\n<p><a href=\"https:\/\/entreleslignesentrelesmots.blog\/2021\/05\/30\/emergence-de-lenjeu-de-linceste\/\">\u00c9mergence de l\u2019enjeu de&nbsp;l\u2019inceste<\/a> (Tradfem)<\/p>\n\n\n\n<p><a href=\"https:\/\/www.revolutionpermanente.fr\/Rozenn-contre-Chronodrive-Le-4-juin-tous-devant-les-Prud-hommes-de-Toulouse\">Rozenn contre Chronodrive&nbsp;: le 4 juin rassemblement devant la bourse du travail<\/a> (RP) <\/p>\n\n\n\n<figure class=\"wp-block-image is-resized is-style-default\"><img data-recalc-dims=\"1\" loading=\"lazy\" decoding=\"async\" src=\"https:\/\/i0.wp.com\/www.revolutionpermanente.fr\/local\/cache-vignettes\/L653xH436\/arton25297-d6a94.jpg?resize=469%2C313&#038;ssl=1\" alt=\"\" width=\"469\" height=\"313\"\/><\/figure>\n\n\n\n<p><a href=\"https:\/\/entreleslignesentrelesmots.blog\/2021\/06\/01\/femmes-migration-forcee-et-refuge-au-liban\/\">Femmes, migration forc\u00e9e et refuge au&nbsp;Liban<\/a> -Yafa El Masri<\/p>\n\n\n\n<p><strong><span class=\"has-inline-color has-vivid-red-color\">1 Juin en continu<\/span><\/strong><\/p>\n\n\n\n<p><a href=\"https:\/\/blogs.mediapart.fr\/jean-marc-b\/blog\/310521\/grande-action-feministe-transnationale-le-5-juin-nice\">Grande action f\u00e9ministe transnationale le 5 juin \u00e0 Nice !&nbsp;<\/a>-Collectif<\/p>\n\n\n\n<p><a href=\"https:\/\/info.mediapart.fr\/optiext\/optiextension.dll?ID=6yz6DrcE7KHYG0LdfwLF7he2R7zf7P6Forha9GdcM7PuG_TQYIc0MmPZXlhTnGI_zP4lmyJQ3Y8EFXG3g6GdyTauOkX6i\">Le 5 juin \u00e0 Nice: venez voir ce miracle<\/a>&nbsp;-Pinar Selek<\/p>\n\n\n\n<figure class=\"wp-block-image is-style-default\"><img decoding=\"async\" src=\"https:\/\/i0.wp.com\/static.mediapart.fr\/etmagine\/default\/files\/2021\/05\/09\/tout-aux-frontieres-nice-v3-logo-naz-oke.jpg?resize=513%2C335&amp;ssl=1\" alt=\"Toutes aux Fronti\u00e8res \u00a9 Naz Oke\" title=\"Toutes aux Fronti\u00e8res \u00a9 Naz Oke\"\/><\/figure>\n\n\n\n<p><a href=\"https:\/\/www.bondyblog.fr\/societe\/migrations\/toutes-aux-frontieres-les-feministes-pour-les-exiles-en-europe\/\">\u00ab Toutes aux fronti\u00e8res \u00bb : les f\u00e9ministes pour les exil\u00e9s en Europe<\/a>&nbsp;(Le Bondy Blog)<\/p>\n\n\n\n<p><a href=\"https:\/\/www.liberation.fr\/societe\/droits-des-femmes\/cinq-feminicides-en-une-semaine-lespagne-salarme-face-a-un-fleau-machiste-20210524_Y4MYIHXMBFD77OEX4HVUHBZ7BQ\/\">Cinq f\u00e9minicides en une semaine, l\u2019Espagne s\u2019alarme face \u00e0 \u00ab&nbsp;un fl\u00e9au machiste&nbsp;\u00bb<\/a>(liberation<a href=\"http:\/\/liberation.fr\">.fr<\/a>)<\/p>\n\n\n\n<p><a href=\"https:\/\/www.huffingtonpost.fr\/entry\/a-nantes-huit-plaintes-pour-violences-conjugales-avant-dobtenir-justice_fr_60b015dbe4b0c5658f91afc2\">\u00c0 Nantes, huit plaintes pour violences conjugales avant d\u2019obtenir justice<\/a>&nbsp;(huffingtonpost.fr)<\/p>\n\n\n\n<p><a href=\"https:\/\/www.liberation.fr\/societe\/police-justice\/pour-la-premiere-fois-un-viol-reconnu-comme-lesbophobe-aux-assises-20210528_7MQHANKA6JCQVFZ5PKOLADZ5AE\/\">Pour la premi\u00e8re fois, un viol reconnu comme \u00ab&nbsp;lesbophobe&nbsp;\u00bb aux assises<\/a>&nbsp;(<a href=\"http:\/\/liberation.fr\">li<\/a>beration.fr)<\/p>\n\n\n\n<p><a href=\"https:\/\/www.huffingtonpost.fr\/entry\/ces-coiffeurs-veulent-en-finir-avec-les-injustices-dans-les-salons_fr_60b0bebae4b0f2a82ee88032\">Ces coiffeurs veulent en finir avec les injustices dans les salons<\/a>&nbsp;(huffingtonpost.fr)<\/p>\n\n\n\n<p><a href=\"https:\/\/lundi.am\/Le-plaisir-efface-clitoris-et-anarchie\">Le plaisir effac\u00e9, clitoris et anarchie \u2013 Entretien avec Catherine Malabou<\/a>&nbsp;(lundi am)<\/p>\n\n\n\n<p><a href=\"https:\/\/revolutionfeministe.wordpress.com\/2021\/05\/23\/rehabilitation-des-hommes-violents-efficace-ou-poudre-aux-yeux\/\">R\u00e9habilitation des hommes violents&nbsp;: efficace ou poudre aux yeux&nbsp;?<\/a>&nbsp;(r\u00e9volution f\u00e9ministe)<\/p>\n\n\n\n<p><a href=\"https:\/\/www.lesnouvellesnews.fr\/multiples-accusations-contre-le-journaliste-star-zemmour\/\">Multiples accusations contre le journaliste star Zemmour<\/a>&nbsp;(Les Nouvelles News)<\/p>\n\n\n\n<p><a href=\"https:\/\/www.axellemag.be\/rebekah-taussig-handicap-et-reflexions-feministes\/\">Rebekah Taussig : \u00ab&nbsp;Il faut int\u00e9grer le handicap aux r\u00e9flexions f\u00e9ministes !&nbsp;\u00bb&nbsp;<\/a>(Axelle Magazine)<\/p>\n\n\n\n<p><a href=\"https:\/\/info.mediapart.fr\/optiext\/optiextension.dll?ID=6yz6CK8t7JBYt1kDqPsHc4DfFQdtmj9cjOotmQd9BDhUoM%2BkYBudFVOG%2B_84WmoShJK1YfG7VOSF1wimMOX0EmVBLRRIG\">A l\u2019Op\u00e9ra de Bordeaux, \u00abCarmen\u00bb incrimine nos temps f\u00e9minicides<\/a>&nbsp;(MDP)<\/p>\n","protected":false},"excerpt":{"rendered":"<p>30 Juin en continu Isol\u00e9 et invisible: vieillir quand on est LGBT+ (Slate) L&rsquo;isolement touche beaucoup de personnes \u00e2g\u00e9es, et les LGBT+ en particulier. | Huy Phan via Unsplash Femmes puissantes&nbsp;: Interview d&rsquo;Arlette Laguiller&nbsp; (France Inter) &nbsp;Imparfaites, libres et heureuse (Les petites glo) \u00c9galit\u00e9. Elles r\u00e9clament \u00ab un plan de relance f\u00e9ministe \u00bb (L\u2019Humanit\u00e9)&nbsp; Happening &#8230; <a title=\"Juin &#8211; F\u00e9minisme\/LGBT+\" class=\"read-more\" href=\"https:\/\/www.rdpemancipation.org\/?p=31762\" aria-label=\"En savoir plus sur Juin &#8211; F\u00e9minisme\/LGBT+\">Lire la suite<\/a><\/p>\n","protected":false},"author":1,"featured_media":0,"comment_status":"closed","ping_status":"closed","sticky":false,"template":"","format":"standard","meta":{"_lmt_disableupdate":"no","_lmt_disable":"no","_jetpack_memberships_contains_paid_content":false,"footnotes":""},"categories":[12],"tags":[],"class_list":["post-31762","post","type-post","status-publish","format-standard","hentry","category-feminisme"],"modified_by":"jmb","jetpack_featured_media_url":"","jetpack_sharing_enabled":true,"_links":{"self":[{"href":"https:\/\/www.rdpemancipation.org\/index.php?rest_route=\/wp\/v2\/posts\/31762","targetHints":{"allow":["GET"]}}],"collection":[{"href":"https:\/\/www.rdpemancipation.org\/index.php?rest_route=\/wp\/v2\/posts"}],"about":[{"href":"https:\/\/www.rdpemancipation.org\/index.php?rest_route=\/wp\/v2\/types\/post"}],"author":[{"embeddable":true,"href":"https:\/\/www.rdpemancipation.org\/index.php?rest_route=\/wp\/v2\/users\/1"}],"replies":[{"embeddable":true,"href":"https:\/\/www.rdpemancipation.org\/index.php?rest_route=%2Fwp%2Fv2%2Fcomments&post=31762"}],"version-history":[{"count":71,"href":"https:\/\/www.rdpemancipation.org\/index.php?rest_route=\/wp\/v2\/posts\/31762\/revisions"}],"predecessor-version":[{"id":35556,"href":"https:\/\/www.rdpemancipation.org\/index.php?rest_route=\/wp\/v2\/posts\/31762\/revisions\/35556"}],"wp:attachment":[{"href":"https:\/\/www.rdpemancipation.org\/index.php?rest_route=%2Fwp%2Fv2%2Fmedia&parent=31762"}],"wp:term":[{"taxonomy":"category","embeddable":true,"href":"https:\/\/www.rdpemancipation.org\/index.php?rest_route=%2Fwp%2Fv2%2Fcategories&post=31762"},{"taxonomy":"post_tag","embeddable":true,"href":"https:\/\/www.rdpemancipation.org\/index.php?rest_route=%2Fwp%2Fv2%2Ftags&post=31762"}],"curies":[{"name":"wp","href":"https:\/\/api.w.org\/{rel}","templated":true}]}}