{"id":31760,"date":"2021-06-01T09:04:24","date_gmt":"2021-06-01T07:04:24","guid":{"rendered":"https:\/\/www.rdpemancipation.org\/?p=31760"},"modified":"2021-07-01T12:16:41","modified_gmt":"2021-07-01T10:16:41","slug":"juin-antiracisme","status":"publish","type":"post","link":"https:\/\/www.rdpemancipation.org\/?p=31760","title":{"rendered":"Juin &#8211; Antiracisme"},"content":{"rendered":"\n<p><strong><span class=\"has-inline-color has-vivid-red-color\">25 Juin en continu<\/span><\/strong><\/p>\n\n\n\n<p><a href=\"https:\/\/linsoumission.fr\/2021\/06\/24\/daniele-obono-vs-valeurs-actuelles-recit-dun-proces-ultra-politique\/\"><strong>Dani\u00e8le Obono VS Valeurs actuelles : r\u00e9cit d\u2019un proc\u00e8s ultra politique<\/strong><\/a> (L\u2019insoumission)<\/p>\n\n\n\n<figure class=\"wp-block-image is-resized\"><img data-recalc-dims=\"1\" loading=\"lazy\" decoding=\"async\" src=\"https:\/\/i0.wp.com\/linsoumission.fr\/wp-content\/uploads\/2021\/06\/Obono-VA-28-scaled-e1624543979213-768x432.jpg?resize=494%2C278&#038;ssl=1\" alt=\"Obono VA 28 scaled e1624543979213\" width=\"494\" height=\"278\"\/><\/figure>\n\n\n\n<p><a href=\"https:\/\/lanticapitaliste.org\/actualite\/social\/respect-et-dignite-pour-les-livreures\">Respect et dignit\u00e9 pour les livreurEs\u2009!<\/a> (L\u2019Anticapitaliste)<\/p>\n\n\n\n<p><a href=\"https:\/\/www.boursorama.com\/actualite-economique\/actualites\/washington-et-berlin-appellent-a-combattre-la-resurgence-de-l-antisemitisme-9fe9670af9e02a342ba85cacb3f6ebef\">Washington et Berlin appellent \u00e0 combattre la r\u00e9surgence de l&rsquo;antis\u00e9mitisme<\/a> (AFP)<\/p>\n\n\n\n<p><a href=\"https:\/\/www.mediapart.fr\/journal\/france\/240621\/daniele-obono-face-valeurs-actuelles-je-ne-cherche-pas-des-excuses-j-attends-la-justice\">Dani\u00e8le Obono face \u00e0 \u00abValeurs actuelles\u00bb: \u00abJe ne cherche pas des excuses, j\u2019attends la justice\u00bb<\/a> (M\u00e9diapart)<\/p>\n\n\n\n<p><strong><a href=\"https:\/\/www.boursorama.com\/actualite-economique\/actualites\/washington-et-berlin-appellent-a-combattre-la-resurgence-de-l-antisemitisme-9fe9670af9e02a342ba85cacb3f6ebef\">Washington et Berlin appellent \u00e0 combattre la r\u00e9sur<\/a><\/strong><a href=\"https:\/\/www.boursorama.com\/actualite-economique\/actualites\/washington-et-berlin-appellent-a-combattre-la-resurgence-de-l-antisemitisme-9fe9670af9e02a342ba85cacb3f6ebef\">gence de l&rsquo;antis\u00e9mitisme<\/a> (AFP)<\/p>\n\n\n\n<p><strong><span class=\"has-inline-color has-vivid-red-color\">24 Juin en continu<\/span><\/strong><\/p>\n\n\n\n<p><a href=\"https:\/\/www.streetpress.com\/sujet\/1624349875-service-police-industrialise-controle-facies-racisme-justice-darmanin-seine-saint-denis-ile-france-idf\">Comment un service de police a industrialis\u00e9 le contr\u00f4le au faci\u00e8s<\/a> (StreetPress)<\/p>\n\n\n\n<p><strong><span class=\"has-inline-color has-vivid-red-color\">23 Juin en continu<\/span><\/strong><\/p>\n\n\n\n<p><strong><a href=\"https:\/\/linsoumission.fr\/2021\/06\/22\/daniele-obono-vs-valeurs-actuelles-ouverture-du-proces-de-la-honte\/\">Dani\u00e8le Obono VS Valeurs actuelles : ouverture du proc\u00e8s de la honte<\/a> (L\u2019Insoumission)<\/strong><\/p>\n\n\n\n<p><strong><span class=\"has-inline-color has-vivid-red-color\">22 Juin en continu<\/span><\/strong><\/p>\n\n\n\n<p><a href=\"https:\/\/www.saphirnews.com\/Vitry-sur-Seine-une-elue-relevee-de-son-poste-de-presidente-du-bureau-de-vote-car-voilee_a28199.html\">Vitry-sur-Seine : une \u00e9lue relev\u00e9e de son poste de pr\u00e9sidente du bureau de vote car voil\u00e9e<\/a> (SaphirNews)&nbsp;<\/p>\n\n\n\n<p><a href=\"https:\/\/www.humanite.fr\/justice-bobigny-le-proces-dune-sequestration-sur-fond-dantisemitisme-711740#xtor=RSS-1\">Justice. \u00c0 Bobigny, le proc\u00e8s d\u2019une s\u00e9questration sur fond d\u2019antis\u00e9mitisme<\/a> (L\u2019Humanit\u00e9)<\/p>\n\n\n\n<p><a href=\"https:\/\/www.placegrenet.fr\/2021\/06\/21\/burqini-eric-piolle-accuse-de-blablatage-hygieniste-dicte-par-lelectoralisme-dans-une-dynamique-raciste-et-coloniale\/539445\">Burqini : Piolle accus\u00e9 d\u2019\u00e9lectoralisme dans \u00ab une dynamique raciste et coloniale \u00bb<\/a> (Place Gre\u2019net)<\/p>\n\n\n\n<p><a href=\"https:\/\/conference-board.org\/pdfdownload.cfm?campaign_id=56&amp;emc=edit_cn_20210621&amp;instance_id=33540&amp;masterProductID=27480&amp;nl=on-politics-with-lisa-lerer%AEi_id=73225517&amp;segment_id=61332&amp;te=1&amp;user_id=79b3ba8fa9a5fe4d1947a95eb56c737c\">Accroissement des in\u00e9galit\u00e9s de salaire selon les races dans le secteur priv\u00e9 US<\/a> (The Conference Board)<\/p>\n\n\n\n<p><a href=\"https:\/\/blogs.mediapart.fr\/jean-marc-b\/blog\/220621\/hk-dis-leur-que-lon-saime-dis-leur-que-lon-seme-officiel\">HK &#8211; Dis-leur que l&rsquo;on s&rsquo;aime, dis-leur que l&rsquo;on s\u00e8me (Officiel) <\/a>-vid\u00e9o<\/p>\n\n\n\n<p><a href=\"https:\/\/guitinews.fr\/a-chaud\/2021\/06\/22\/zoom-sur-une-discrimination-a-lembauche-a-la-hausse\/\">Une discrimination \u00e0 l\u2019embauche \u00e0 la hausse<\/a>&nbsp; (Guiti News)<\/p>\n\n\n\n<p><strong><span class=\"has-inline-color has-vivid-red-color\">21 Juin en continu<\/span><\/strong><\/p>\n\n\n\n<p><a href=\"https:\/\/www.20minutes.fr\/societe\/3065351-20210618-esclave-sale-noir-coups-pourquoi-livreurs-subissent-tant-violence?xtor=EPR-212-%5bnl%20economie%5d---a29a0f53a20b592c6c7a7f02f456bac2@2&amp;utm_source=newsletter&amp;utm_medium=email&amp;utm_campaign=economie&amp;_ope=eyJndWlkIjoiYTI5YTBmNTNhMjBiNTkyYzZjN2E3ZjAyZjQ1NmJhYzIifQ%3D%3D\">Esclave, sale noir, coups : pourquoi les livreurs subissent-ils tant de violence?<\/a> &nbsp; (20 Minutes)<\/p>\n\n\n\n<p><a href=\"https:\/\/www.revolutionpermanente.fr\/Insultes-racistes-violences-les-livreurs-manifestent-pour-leur-dignite\">Insultes racistes, violences&nbsp;: les livreurs manifestent pour leur dignit\u00e9<\/a> (RP)<\/p>\n\n\n\n<p><a href=\"https:\/\/l.facebook.com\/l.php?u=https:\/\/www.huffingtonpost.fr\/entry\/le-general-dominique-delawarde-vise-par-une-enquete-pour-propos-antisemites-sur-cnews_fr_60ccf801e4b01af0c27042dc?ncid=other_facebook_eucluwzme5k&amp;utm_campaign=share_facebook&amp;fbclid=IwAR3q0gkBC1S-1bNqDZe6VPpgm3CsA1W9unXH3ATgZ7SvD9-EqHc3Q--q63g&amp;h=AT1VM8Cz5hI6Swc2YSchIGPAw5XyP0x152JZjp-su5czmhwLxFQW6pw6W9VV_kGHcdv5-PvFyp0rab65HgNy8OV-OVsMLphjprJZ93XAktn04VUVHuzM5760X7xyYK9L2upyHSQ&amp;__tn__=,mH-R&amp;c%5B0%5D=AT32YUxooWvJ99fj8kERKR30iOigJ16sfPbnv5SCvvnvCfZxSdJXs_nEBwdFcj-vuhJza5O6wBSZ46B9WoXa6gQQ6-Q8concaBOVZo3wnJ9m6n7UzRmTaelo8J3HYIVH1A6lQMXC_g4qwLsa4D9klxUcbK46VXex-gd2ecTD87-o1G4\">&nbsp;Le g\u00e9n\u00e9ral Delawarde vis\u00e9 par une enqu\u00eate pour des propos antis\u00e9mites sur CNews <\/a>(Huff Post)<\/p>\n\n\n\n<p><a href=\"https:\/\/noiriel.wordpress.com\/2021\/05\/22\/le-racisme-de-lintelligence\/\">Le racisme de l\u2019intelligence<\/a> (Le blog de G\u00e9rard Noiriel)<\/p>\n\n\n\n<p><strong><span class=\"has-inline-color has-vivid-red-color\">18 Juin en continu<\/span><\/strong><\/p>\n\n\n\n<p><a href=\"https:\/\/www.francetvinfo.fr\/economie\/autoentrepreneurs\/info-franceinfo-le-client-m-a-dit-sale-negre-rentrez-chez-vous-la-plateforme-uber-eats-va-mettre-en-place-un-bouton-anti-discrimination_4667867.html\">Livreurs de repas immigr\u00e9s&nbsp;: \u00ab\u00a0On nous insulte tous les jours\u00a0\u00bb<\/a> (France Infos)<\/p>\n\n\n\n<p><a href=\"https:\/\/paris-luttes.info\/marche-des-fiertes-antiraciste-et-15135\">Marche des Fiert\u00e9s antiraciste et anticapitaliste &#8211; 20 juin 2021<\/a> (Paris-Luttes.info)<\/p>\n\n\n\n<p><a href=\"https:\/\/dieses.fr\/islamophobie-un-outrage-au-lexique-republicain\">\u00ab Islamophobie \u00bb : un outrage au lexique r\u00e9publicain ?<\/a>&#8211; Vincent Geisser (di\u00e8ses)<\/p>\n\n\n\n<p><a href=\"https:\/\/www.lemonde.fr\/international\/article\/2021\/06\/17\/le-congres-americain-approuve-un-jour-ferie-pour-marquer-la-fin-de-l-esclavage_6084457_3210.html\">Adoption aux USA d\u2019un jour f\u00e9ri\u00e9 pour marquer la fin de l\u2019esclavage<\/a> (Le Monde)<\/p>\n\n\n\n<p>in en continu<strong><span class=\"has-inline-color has-vivid-red-color\">17 Juin<\/span><\/strong><\/p>\n\n\n\n<figure class=\"wp-block-image is-resized is-style-default\"><img loading=\"lazy\" decoding=\"async\" src=\"https:\/\/scontent.fhex4-2.fna.fbcdn.net\/v\/t1.6435-9\/131307924_2585409895097603_9069186858374621346_n.jpg?_nc_cat=111&amp;ccb=1-3&amp;_nc_sid=8bfeb9&amp;_nc_ohc=rg8L0GJ8OzsAX8MoDFy&amp;_nc_ht=scontent.fhex4-2.fna&amp;oh=e728114a1329f42b188953d564854d8a&amp;oe=60CF25CC\" alt=\"Peut \u00eatre une image de une personne ou plus, plein air et texte qui dit \u2019Si TU ES FATIGU\u00c9 DE NOUS ENTENDRE PARLER DE RACISME IMAGINE COMMENT ON EST FATIGU\u00c9S VIVRE DE DELE\u2019\" width=\"307\" height=\"632\"\/><\/figure>\n\n\n\n<p><span class=\"has-inline-color has-vivid-red-color\"><strong>16 Juin<\/strong><\/span><\/p>\n\n\n\n<p><a href=\"https:\/\/www.revolutionpermanente.fr\/BoycottEquipeDeFrance-la-droite-et-l-extreme-droite-en-campagne-contre-la-denonciation-du-racisme\">#BoycottEquipeDeFrance&nbsp;: la droite et l\u2019extr\u00eame droite en campagne contre la d\u00e9nonciation du racisme<\/a> (RP)<\/p>\n\n\n\n<figure class=\"wp-block-image is-resized is-style-default\"><img data-recalc-dims=\"1\" loading=\"lazy\" decoding=\"async\" src=\"https:\/\/i0.wp.com\/www.revolutionpermanente.fr\/local\/cache-vignettes\/L653xH436\/arton25536-6b549.jpg?resize=398%2C266&#038;ssl=1\" alt=\"\" width=\"398\" height=\"266\"\/><\/figure>\n\n\n\n<p><span class=\"has-inline-color has-vivid-red-color\"><strong>13 Juin<\/strong><\/span><\/p>\n\n\n\n<p><a href=\"https:\/\/www.revolutionpermanente.fr\/Pas-assez-blancs-a-son-gout-un-bar-parisien-refuse-l-entree-aux-noirs-a-une-soiree\">\u00ab\u00a0Pas assez blancs \u00e0 son go\u00fbt\u00a0\u00bb&nbsp;: un bar parisien refuse l\u2019entr\u00e9e aux noirs \u00e0 une soir\u00e9e<\/a> (RP)<\/p>\n\n\n\n<p><a href=\"https:\/\/rue89bordeaux.com\/2021\/06\/antisemitisme-racisme-islamophobie-des-candidats-rn-toujours-bas-du-front\/\">Antis\u00e9mitisme, racisme, islamophobie\u2026 des candidats RN toujours bas du front<\/a> (Rue89 Bordeaux)<\/p>\n\n\n\n<figure class=\"wp-block-image is-resized is-style-default\"><img loading=\"lazy\" decoding=\"async\" src=\"https:\/\/scontent.fhex4-1.fna.fbcdn.net\/v\/t1.6435-9\/199142409_1221920704897062_6201686088766566467_n.png?_nc_cat=104&amp;ccb=1-3&amp;_nc_sid=730e14&amp;_nc_eui2=AeFjEPf2exDBoq1EYlMtFuGZGu9iszTVkFoa72KzNNWQWk8CqzDXKe9UksEbYchwTiA&amp;_nc_ohc=oPFJNfAKcpoAX_6kUO9&amp;_nc_ht=scontent.fhex4-1.fna&amp;oh=1a45e1815d5816282aea466d1f401fab&amp;oe=60C9AD10\" alt=\"Peut \u00eatre une capture d\u2019\u00e9cran de Twitter de 1 personne et texte qui dit \u2019POSTE Samuel Gontier @SamGontier 1h Alain Finkielkraut invit\u00e9 par France 5 \u00e0 commenter la gifle \u00e0 Macron &quot;Il faut s'interroger sur la radicalisation des pens\u00e9es et des discours. (...) L'un des sympt\u00f4me, c'est l'id\u00e9ologisation de l'antiracisme.&quot; Ben voil\u00e0, la baffe \u00e0 Macron, c'est la faute des antiracistes. C 76 MOIS DE PRISON POUR LE GIFLEUR D'E. MOSEMO MACRON 319 966\u2019\" width=\"367\" height=\"278\"\/><\/figure>\n\n\n\n<p><span class=\"has-inline-color has-vivid-red-color\"><strong>12 Juin<\/strong><\/span><\/p>\n\n\n\n<p><a href=\"https:\/\/www.lemonde.fr\/politique\/article\/2021\/06\/12\/une-marche-des-libertes-contre-l-extreme-droite-dans-140-villes-en-france_6083854_823448.html\">Une \u00ab Marche des libert\u00e9s \u00bb contre l\u2019extr\u00eame droite dans 140 villes en France<\/a> (Le Monde)<\/p>\n\n\n\n<p><a href=\"https:\/\/www.humanite.fr\/democratie-le-12-juin-une-marche-pour-sonner-le-reveil-face-lextreme-droite-710549\">D\u00e9mocratie. Le 12 juin, une marche pour sonner le r\u00e9veil face \u00e0 l\u2019extr\u00eame droite<\/a> (L\u2019Humanit\u00e9)<\/p>\n\n\n\n<p><a href=\"https:\/\/www.mediapart.fr\/journal\/france\/110621\/en-auvergne-rhone-alpes-une-candidate-du-rn-relaie-des-messages-antisemites\">En Auvergne-Rh\u00f4ne-Alpes, une candidate du RN relaie des messages antis\u00e9mites<\/a> (M\u00e9diapart)&nbsp;<\/p>\n\n\n\n<p><a href=\"https:\/\/lanticapitaliste.org\/actualite\/politique\/un-cours-raciste-autoritaire\">Un cours raciste-autoritaire<\/a> &#8211;<a href=\"https:\/\/lanticapitaliste.org\/auteurs\/julien-salingue\">J<\/a>ulien Salingue<\/p>\n\n\n\n<p><span class=\"has-inline-color has-vivid-red-color\"><strong>11 Juin<\/strong><\/span><\/p>\n\n\n\n<p><a href=\"http:\/\/link.listes.cafepedagogique.net\/m\/surl\/200138\/509774\/3jzS82m0cu6cSORDwPd3LXFKF-B12viezBEiZxMr5xU=\/link_8\/2hJGm+J8G+Urq0ifp8jIoA6hFBZQkYodBWtCWCxXBsoE4AoTw1HLO4tnCNl+MheSuqKAHwuwRuynpZe5DAa3mr8FQCkaHFRlclUO-p8dmv9shaYO6GHtiWv24GGvt8BsYjgwxvO585f84ysSFbvqixLrDmquAWzAEgMBrEp1-LGuPCW30y7R0KKJ7VMSLiA-dVilBtHqUcbrBy8AdrR6YwDko24Wnco49U7KVTu5NW1HKMiI9Ihl2xaQ0WFxU5rF0poQSoBgZFf9Hpg2eG9AeDIMCUJ2H+QFftjmOcyogD4+mUQ7QXkbMqlvlkTJww4b\">Contr\u00f4les au faci\u00e8s : Les lyc\u00e9ens d&rsquo;Epinay gagnent en appel<\/a> (Caf\u00e9 p\u00e9dago)<\/p>\n\n\n\n<p><a href=\"https:\/\/blogs.mediapart.fr\/eric-fassin\/blog\/090621\/qu-est-ce-que-le-racisme-la-definition-en-proces\">Qu\u2019est-ce que le racisme&nbsp;? La d\u00e9finition en proc\u00e8s <\/a>-Eric Fassin<\/p>\n\n\n\n<p><a href=\"https:\/\/www.saphirnews.com\/L-histoire-de-l-esclavage-et-de-la-traite-negriere-decortiquee-pour-faire-surgir-des-verites-meconnues_a28170.html\">L&rsquo;histoire de l&rsquo;esclavage d\u00e9cortiqu\u00e9e, pour \u00ab faire surgir des v\u00e9rit\u00e9s m\u00e9connues \u00bb<\/a> (SaphirNews)<\/p>\n\n\n\n<p><span class=\"has-inline-color has-vivid-red-color\"><strong>9 Juin<\/strong><\/span><\/p>\n\n\n\n<p><a href=\"https:\/\/www.nantes-revoltee.com\/un-raciste-lui-fonce-dessus-en-voiture-pour-le-tuer-adil-est-convoque-en-justice-pour-degradation-du-vehicule\/\">Raciste fonce en voiture pour le tuer&nbsp;: Adil convoqu\u00e9 en justice pour \u00ab&nbsp;D\u00e9gradation de v\u00e9hicule&nbsp;!<\/a> (Nantes r\u00e9volt\u00e9e)<\/p>\n\n\n\n<p><a href=\"https:\/\/www.estrepublicain.fr\/faits-divers-justice\/2021\/06\/07\/agression-raciste-de-dole-la-victime-convoquee-a-son-tour-devant-la-justice?fbclid=IwAR10_iQhu2NjWU148bpZXm1_NmjkG6NLZzeYUs391oRUtkcOGhqNDem-GAM\">Agression raciste \u00e0 Dole : la victime convoqu\u00e9e \u00e0 son tour devant la justice<\/a> (L\u2019Est R\u00e9publicain)<\/p>\n\n\n\n<figure class=\"wp-block-image is-resized\"><img data-recalc-dims=\"1\" loading=\"lazy\" decoding=\"async\" src=\"https:\/\/i0.wp.com\/cdn-s-www.estrepublicain.fr\/images\/58D0F87D-FB68-4BFF-9F13-CDEB50FE7250\/NW_detail\/title-1623079249.jpg?resize=754%2C377&#038;ssl=1\" alt=\"\" width=\"754\" height=\"377\"\/><\/figure>\n\n\n\n<p><sup>Adil Sefrioui a \u00e9t\u00e9 victime d\u2019une tr\u00e8s violente agression raciste \u00e0 Dole, Photo ER \/Fr\u00e9d\u00e9ric JIMENEZ<\/sup><\/p>\n\n\n\n<p><a href=\"https:\/\/www.mediapart.fr\/journal\/france\/080621\/controles-au-facies-la-gare-du-nord-letat-condamne-pour-faute-lourde\">Contr\u00f4les au faci\u00e8s \u00e0 la gare du Nord: l&rsquo;\u00c9tat condamn\u00e9 pour \u00abfaute lourde\u00bb<\/a> (M\u00e9diapart)<\/p>\n\n\n\n<figure class=\"wp-block-image is-resized is-style-default\"><img loading=\"lazy\" decoding=\"async\" src=\"https:\/\/scontent.fhex4-2.fna.fbcdn.net\/v\/t1.6435-9\/197189373_1219362985152834_9034379345075176855_n.png?_nc_cat=111&amp;ccb=1-3&amp;_nc_sid=730e14&amp;_nc_ohc=oGFXO8RXIcwAX8hOBaJ&amp;_nc_ht=scontent.fhex4-2.fna&amp;oh=e90a93b03deb67eaf69234cd9b14fe91&amp;oe=60E52A13\" alt=\"Peut \u00eatre une image de 1 personne et texte qui dit \u2019STOP NOTRE COL\u00c8RE STOP NE ESTERA PAS CONFIN\u00c9E 12 JUIN UNISSONS TOUTES NOS COLERES\u2019\" width=\"340\" height=\"416\"\/><\/figure>\n\n\n\n<p><a href=\"https:\/\/www.monde-diplomatique.fr\/2014\/03\/CAMUS\/50209\">Extr\u00eames droites mutantes en Europe<\/a> par Jean-Yves Camus (Le Monde diplomatique, 2014)&nbsp;<\/p>\n\n\n\n<p><a href=\"http:\/\/www.regards.fr\/la-midinale\/article\/josephine-delpeyrat-on-nous-fait-remonter-un-peu-partout-sur-le-territoire-des\">Jos\u00e9phine Delpeyrat : \u00ab Un peu partout sur le territoire, des agressions racistes quotidiennes \u00bb<\/a> (Regards)<\/p>\n\n\n\n<p><a href=\"https:\/\/www.annualreviews.org\/doi\/full\/10.1146\/annurev-polisci-010620-041912\">Bilan recherche sur le mouvement US du pouvoir noir<\/a> (anglais -Am\u00e9ricanisme Review of Political Science)<\/p>\n\n\n\n<p><a href=\"https:\/\/blogs.mediapart.fr\/thiaba-bruni\/blog\/060621\/afrophobie-decomplexee-au-pays-des-droits-de-l-homme\">Afrophobie d\u00e9complex\u00e9e au pays des droits de l\u2019homme <\/a>-Thiaba Bruni<\/p>\n\n\n\n<p><a href=\"https:\/\/mouvements.info\/?email_id=116&amp;user_id=3233&amp;urlpassed=aHR0cHM6Ly9tb3V2ZW1lbnRzLmluZm8vbGEtYmxhbmNoaXRlLWEtYWJ1LWRoYWJpLXNleGlzbWUtcmFjaWFsaXNlLWV0LXJhY2lzbWUtc2V4aXN0ZS8&amp;controller=stats&amp;action=analyse&amp;wysija-page=1&amp;wysijap=subscriptions\">La blanchit\u00e9 \u00e0 Abu Dhabi : sexisme racialis\u00e9 et racisme sexiste<\/a> -Claire Cosquer <\/p>\n\n\n\n<figure class=\"wp-block-image is-resized is-style-default\"><img data-recalc-dims=\"1\" loading=\"lazy\" decoding=\"async\" src=\"https:\/\/i0.wp.com\/mouvements.info\/wp-content\/uploads\/2021\/04\/abu-dhabi-1177898_1280-720x490.jpg?resize=490%2C333&#038;ssl=1\" alt=\"\" width=\"490\" height=\"333\"\/><\/figure>\n\n\n\n<p><span class=\"has-inline-color has-vivid-red-color\"><strong>6 Juin<\/strong><\/span><\/p>\n\n\n\n<p><a href=\"https:\/\/www.leparisien.fr\/faits-divers\/carrefour-porte-plainte-apres-les-insultes-racistes-dune-cliente-a-une-employee-de-haute-savoie-05-06-2021-FFGDKHTK45CZ3MYYW3S5A7RNNA.php\">Carrefour porte plainte apr\u00e8s les insultes racistes d\u2019une cliente \u00e0 une employ\u00e9e<\/a> (Le Parisien)<\/p>\n\n\n\n<p class=\"has-vivid-red-color has-text-color\"><strong>4 juin<\/strong><\/p>\n\n\n\n<p><a href=\"https:\/\/www.lemediatv.fr\/emissions\/2021\/interpellation-meurtriere-en-guadeloupe-les-revelations-du-media-font-bouger-les-choses-HFADo7VIT--i2KP3tOeuWA\">Interpellation meurtri\u00e8re en Guadeloupe : les r\u00e9v\u00e9lations du M\u00e9dia font bouger les choses<\/a> (Le M\u00e9dia)<\/p>\n\n\n\n<figure class=\"wp-block-image size-large\"><img data-recalc-dims=\"1\" loading=\"lazy\" decoding=\"async\" width=\"800\" height=\"430\" src=\"https:\/\/i0.wp.com\/www.rdpemancipation.org\/wp-content\/uploads\/2021\/06\/AntiracismeGaudeloupe.png?resize=800%2C430&#038;ssl=1\" alt=\"\" class=\"wp-image-32249\" srcset=\"https:\/\/i0.wp.com\/www.rdpemancipation.org\/wp-content\/uploads\/2021\/06\/AntiracismeGaudeloupe.png?w=800&amp;ssl=1 800w, https:\/\/i0.wp.com\/www.rdpemancipation.org\/wp-content\/uploads\/2021\/06\/AntiracismeGaudeloupe.png?resize=300%2C161&amp;ssl=1 300w, https:\/\/i0.wp.com\/www.rdpemancipation.org\/wp-content\/uploads\/2021\/06\/AntiracismeGaudeloupe.png?resize=768%2C413&amp;ssl=1 768w\" sizes=\"auto, (max-width: 800px) 100vw, 800px\" \/><\/figure>\n\n\n\n<p><a href=\"https:\/\/www.mediapart.fr\/journal\/france\/030621\/pourquoi-il-faut-decoloniser-le-jeu-video\">Pourquoi il faut d\u00e9coloniser le jeu vid\u00e9o<\/a> (M\u00e9diapart)<\/p>\n\n\n\n<figure class=\"wp-block-image size-large\"><img data-recalc-dims=\"1\" loading=\"lazy\" decoding=\"async\" width=\"800\" height=\"405\" src=\"https:\/\/i0.wp.com\/www.rdpemancipation.org\/wp-content\/uploads\/2021\/06\/AntiracismeMediapartalairLibre.png?resize=800%2C405&#038;ssl=1\" alt=\"\" class=\"wp-image-32253\" srcset=\"https:\/\/i0.wp.com\/www.rdpemancipation.org\/wp-content\/uploads\/2021\/06\/AntiracismeMediapartalairLibre.png?w=800&amp;ssl=1 800w, https:\/\/i0.wp.com\/www.rdpemancipation.org\/wp-content\/uploads\/2021\/06\/AntiracismeMediapartalairLibre.png?resize=300%2C152&amp;ssl=1 300w, https:\/\/i0.wp.com\/www.rdpemancipation.org\/wp-content\/uploads\/2021\/06\/AntiracismeMediapartalairLibre.png?resize=768%2C389&amp;ssl=1 768w\" sizes=\"auto, (max-width: 800px) 100vw, 800px\" \/><\/figure>\n\n\n\n<p><span class=\"has-inline-color has-vivid-red-color\"><strong>3 Juin <\/strong><\/span><\/p>\n\n\n\n<p><a href=\"https:\/\/info.mediapart.fr\/optiext\/optiextension.dll?ID=NfeNhGyV6IwXistuBDTSKIF4zUx_GMIvdCH%2Bus4ho%2B88HCaxVYNc%2Boc_Ar7pc93xXycjd_IHVyKpUiljAzfIb1IIYMr%2BH\" target=\"_blank\" rel=\"noreferrer noopener\">Race, classe, genre et gauche: le d\u00e9bat Rokhaya Diallo-St\u00e9phanie Roza<\/a>&nbsp;-vid\u00e9o MDP<\/p>\n\n\n\n<p><a href=\"https:\/\/solidaires.org\/Contre-le-fascisme-et-le-racisme-il-n-est-pas-trop-tard-Riposte-populaire\">Contre le fascisme et le racisme il n\u2019est pas trop tard : Riposte populaire !<\/a> (Solidaires)<\/p>\n","protected":false},"excerpt":{"rendered":"<p>25 Juin en continu Dani\u00e8le Obono VS Valeurs actuelles : r\u00e9cit d\u2019un proc\u00e8s ultra politique (L\u2019insoumission) Respect et dignit\u00e9 pour les livreurEs\u2009! (L\u2019Anticapitaliste) Washington et Berlin appellent \u00e0 combattre la r\u00e9surgence de l&rsquo;antis\u00e9mitisme (AFP) Dani\u00e8le Obono face \u00e0 \u00abValeurs actuelles\u00bb: \u00abJe ne cherche pas des excuses, j\u2019attends la justice\u00bb (M\u00e9diapart) Washington et Berlin appellent \u00e0 &#8230; <a title=\"Juin &#8211; Antiracisme\" class=\"read-more\" href=\"https:\/\/www.rdpemancipation.org\/?p=31760\" aria-label=\"En savoir plus sur Juin &#8211; Antiracisme\">Lire la suite<\/a><\/p>\n","protected":false},"author":1,"featured_media":0,"comment_status":"closed","ping_status":"closed","sticky":false,"template":"","format":"standard","meta":{"_lmt_disableupdate":"no","_lmt_disable":"no","_jetpack_memberships_contains_paid_content":false,"footnotes":""},"categories":[13],"tags":[],"class_list":["post-31760","post","type-post","status-publish","format-standard","hentry","category-antiracisme"],"modified_by":"jmb","jetpack_featured_media_url":"","jetpack_sharing_enabled":true,"_links":{"self":[{"href":"https:\/\/www.rdpemancipation.org\/index.php?rest_route=\/wp\/v2\/posts\/31760","targetHints":{"allow":["GET"]}}],"collection":[{"href":"https:\/\/www.rdpemancipation.org\/index.php?rest_route=\/wp\/v2\/posts"}],"about":[{"href":"https:\/\/www.rdpemancipation.org\/index.php?rest_route=\/wp\/v2\/types\/post"}],"author":[{"embeddable":true,"href":"https:\/\/www.rdpemancipation.org\/index.php?rest_route=\/wp\/v2\/users\/1"}],"replies":[{"embeddable":true,"href":"https:\/\/www.rdpemancipation.org\/index.php?rest_route=%2Fwp%2Fv2%2Fcomments&post=31760"}],"version-history":[{"count":35,"href":"https:\/\/www.rdpemancipation.org\/index.php?rest_route=\/wp\/v2\/posts\/31760\/revisions"}],"predecessor-version":[{"id":35558,"href":"https:\/\/www.rdpemancipation.org\/index.php?rest_route=\/wp\/v2\/posts\/31760\/revisions\/35558"}],"wp:attachment":[{"href":"https:\/\/www.rdpemancipation.org\/index.php?rest_route=%2Fwp%2Fv2%2Fmedia&parent=31760"}],"wp:term":[{"taxonomy":"category","embeddable":true,"href":"https:\/\/www.rdpemancipation.org\/index.php?rest_route=%2Fwp%2Fv2%2Fcategories&post=31760"},{"taxonomy":"post_tag","embeddable":true,"href":"https:\/\/www.rdpemancipation.org\/index.php?rest_route=%2Fwp%2Fv2%2Ftags&post=31760"}],"curies":[{"name":"wp","href":"https:\/\/api.w.org\/{rel}","templated":true}]}}