{"id":31758,"date":"2021-06-01T09:03:57","date_gmt":"2021-06-01T07:03:57","guid":{"rendered":"https:\/\/www.rdpemancipation.org\/?p=31758"},"modified":"2021-07-01T12:17:51","modified_gmt":"2021-07-01T10:17:51","slug":"juin-jeunesse-education","status":"publish","type":"post","link":"https:\/\/www.rdpemancipation.org\/?p=31758","title":{"rendered":"Juin &#8211; Jeunesse\/Education"},"content":{"rendered":"\n<p><strong> <span class=\"has-inline-color has-vivid-red-color\"><strong>30 juin en continu<\/strong><\/span> <\/strong><\/p>\n\n\n\n<p><strong><a href=\"https:\/\/blogs.mediapart.fr\/jean-marc-b\/blog\/290621\/probleme-dinscription-l-universite-sans-affectation\">Probl\u00e8me d&rsquo;inscription \u00e0 l\u2019universit\u00e9 ? Sans affectation ? <\/a>(Unef Tacle)<\/strong><\/p>\n\n\n\n<figure class=\"wp-block-image is-resized is-style-default\"><img loading=\"lazy\" decoding=\"async\" src=\"https:\/\/scontent.fhex4-1.fna.fbcdn.net\/v\/t1.6435-0\/p526x296\/203248361_2617433901883904_4882159399828777713_n.jpg?_nc_cat=101&amp;ccb=1-3&amp;_nc_sid=8bfeb9&amp;_nc_eui2=AeG6s5sAdYhjPKpLE78fRrKT7h5WcZoinhzuHlZxmiKeHD_Wwe0TgMLeTRc00Ffu02w&amp;_nc_ohc=kJZObDx9O44AX-c4yfe&amp;_nc_ht=scontent.fhex4-1.fna&amp;tp=6&amp;oh=a7e2977c4e57cd577d4ea731a73073ec&amp;oe=60E0ECB1\" alt=\"Peut \u00eatre une image de 1 personne et texte\" width=\"378\" height=\"378\"\/><\/figure>\n\n\n\n<p><a href=\"https:\/\/www.bondyblog.fr\/reportages\/grand-oral-un-sentiment-de-bazar-assez-general\/\">Grand oral, \u00ab un sentiment de bazar assez g\u00e9n\u00e9ral \u00bb<\/a> (Le Bondy Blog)<\/p>\n\n\n\n<p><a href=\"https:\/\/www.arte.tv\/fr\/videos\/087434-000-A\/preliminaires\/\">Pr\u00e9liminaires<\/a> (docu Arte \u2013 disponible jusqu\u2019au 13\/12\/2021)<\/p>\n\n\n\n<p><a href=\"https:\/\/www.bondyblog.fr\/societe\/education\/etudiants-sans-master-des-refus-sans-fin-detudes\/\">\u00c9tudiants sans master : des refus sans fin d\u2019\u00e9tudes<\/a> (Bondy blog)<\/p>\n\n\n\n<p><a href=\"https:\/\/blogs.mediapart.fr\/les-invites-de-mediapart\/blog\/190621\/jeunesse-et-sports-debout\">Jeunesse et Sports debout !<\/a> -Collectif<\/p>\n\n\n\n<p><a href=\"https:\/\/blogs.mediapart.fr\/fanny-monbeig\/blog\/260621\/nouveau-bac-de-francais-les-recettes-de-lechec\">Nouveau Bac de fran\u00e7ais&nbsp;: les recettes de l&rsquo;\u00e9chec <\/a>&#8211; Fanny Monbeig<\/p>\n\n\n\n<p><a href=\"https:\/\/blogs.mediapart.fr\/edition\/bordeaux-sur-garonne\/article\/240621\/profs-de-philo-en-colere\">Profs de philo en col\u00e8re <\/a>-Patrick Rodel<\/p>\n\n\n\n<p><a href=\"https:\/\/blogs.mediapart.fr\/les-invites-de-mediapart\/blog\/160621\/reforme-blanquer-quand-la-technocratie-reinvente-le-bac\">R\u00e9forme Blanquer&nbsp;: quand la technocratie r\u00e9invente le bac <\/a>-Collectif<\/p>\n\n\n\n<p><a href=\"https:\/\/www.mediacites.fr\/breve\/lille\/2021\/06\/29\/les-transports-en-commun-de-la-mel-gratuits-pour-les-moins-de-18-ans\/\">Les transports en commun de la MEL gratuits pour les moins de 18 ans<\/a> (Mediacit\u00e9s)<\/p>\n\n\n\n<p><a href=\"https:\/\/theconversation.com\/le-teletravail-moins-bien-vecu-par-les-jeunes-les-femmes-et-les-employes-163190\">Le t\u00e9l\u00e9travail, moins bien v\u00e9cu par les jeunes, les femmes et les employ\u00e9s<\/a> (The Conversation)<\/p>\n\n\n\n<p><strong><span class=\"has-inline-color has-vivid-red-color\">29 juin en continu<\/span><\/strong><\/p>\n\n\n\n<p><a href=\"https:\/\/www.francebleu.fr\/emissions\/ca-va-dans-le-bon-sens-en-poitou\/poitou\/les-etudiants-de-poitiers-font-pousser-des-legumes-dans-un-potager-solidaire\" target=\"_blank\" rel=\"noreferrer noopener\">Des \u00e9tudiants de Poitiers cultivent des l\u00e9gumes dans un potager solidaire <\/a>&nbsp;(Francebleu)<\/p>\n\n\n\n<p><a href=\"https:\/\/www.linfodurable.fr\/menus-vegetariens-dans-les-cantines-le-senat-privilegie-lexperimentation-la-generalisation-27461\" target=\"_blank\" rel=\"noreferrer noopener\">Menus v\u00e9g\u00e9tariens dans les cantines&nbsp;: le S\u00e9nat pour l\u2019exp\u00e9rimentation<\/a>&nbsp;(Infodurable)<br><br><a href=\"https:\/\/www.questionsdeclasses.org\/abrege-pour-une-education-permanente-emancipatrice\/\">Abr\u00e9g\u00e9 pour une \u00e9ducation permanente \u00e9mancipatrice<\/a>&nbsp; (Questions de classes)<\/p>\n\n\n\n<p><a href=\"https:\/\/www.scienceshumaines.com\/harry-potter-contre-l-enfant-roi_fr_43582.html?utm_source=MailPerformance&amp;utm_medium=email&amp;utm_content=_0037IAL&amp;utm_campaign=NLHebdo+210628_001858\">Harry Potter contre l\u2019enfant-roi_<\/a> (Sciences Humaines)<\/p>\n\n\n\n<p><a href=\"https:\/\/charliehebdo.fr\/2021\/06\/culture\/exposition-liberte-dessinee-boucq-ses-amis\/?utm_source=sendinblue&amp;utm_campaign=QUOTIDIENNE_28062021_-_ABONNES&amp;utm_medium=email\">Exposition-libert\u00e9 dessin\u00e9e&nbsp;: Boucq et ses amis<\/a>&nbsp; (Charlie Hebdo)<\/p>\n\n\n\n<p><a href=\"https:\/\/.com\/Pauvrete-infantile%20%20(Dailygeekshow%20\">Pauvret\u00e9 infantile<\/a> (Dailygeekshow)<\/p>\n\n\n\n<p><a href=\"https:\/\/www.publicsenat.fr\/article\/societe\/precarite-etudiante-les-senateurs-au-secours-de-la-jeunesse-189707\" target=\"_blank\" rel=\"noreferrer noopener\">Pr\u00e9carit\u00e9 \u00e9tudiante&nbsp;: les s\u00e9nateurs au secours de la jeunesse <\/a>&nbsp;(Public S\u00e9nat)<\/p>\n\n\n\n<p><a href=\"http:\/\/www.mediapart.fr\/journal\/france\/250621\/lutter-contre-les-inegalites-scolaires-n-apparait-pas-comme-un-enjeu-strategique\">Lutter contre les in\u00e9galit\u00e9s scolaires n\u2019appara\u00eet pas comme un enjeu strat\u00e9gique<\/a> (M\u00e9diapart)<\/p>\n\n\n\n<figure class=\"wp-block-image is-resized is-style-default\"><img loading=\"lazy\" decoding=\"async\" src=\"https:\/\/scontent.fhex4-2.fna.fbcdn.net\/v\/t1.6435-9\/s720x720\/208450880_509048467006079_2402210793268828260_n.jpg?_nc_cat=109&amp;ccb=1-3&amp;_nc_sid=730e14&amp;_nc_eui2=AeG-SfJNrEFORyer0xjQ2RssPRVQlllvU-49FVCWWW9T7iaxoFO8_9w4Bl8Ekii9FZU&amp;_nc_ohc=ryCaKJGUsT8AX_FeeE9&amp;_nc_ht=scontent.fhex4-2.fna&amp;tp=7&amp;oh=02ceaa1661d8a47a9c231d2bbdabd302&amp;oe=60DF025B\" alt=\"Peut \u00eatre une image de 1 personne et texte qui dit \u2019&quot;ON N'EST PAS TELLEMENT DES GENS DE TERRAIN DES CERVEAUX NON PLUS, D'AILLEURS.&quot; DAGONET une p\u201ditic parodie Twordpress.com om JEAN-MICHEL BLANQUER KAKMELOT PREMIERVOLET PREMIER\u2019\" width=\"402\" height=\"572\"\/><\/figure>\n\n\n\n<p><strong><span class=\"has-inline-color has-vivid-red-color\">28 Juin en continu<\/span><\/strong><\/p>\n\n\n\n<p><a href=\"https:\/\/www.mediapart.fr\/journal\/france\/260621\/redon-les-jeunes-n-ont-plus-de-liberte\">\u00c0 Redon, \u00ables jeunes n\u2019ont plus de libert\u00e9\u00bb<\/a> (M\u00e9diapart)<\/p>\n\n\n\n<p><strong><a href=\"https:\/\/blogs.mediapart.fr\/yoann-compagnon\/blog\/250621\/en-bretagne-un-week-end-pour-casser-du-jeune\">En Bretagne, un week-end pour casser du jeune <\/a>-Yoann Compagnon<\/strong><\/p>\n\n\n\n<p><a href=\"https:\/\/blogs.mediapart.fr\/fanny-monbeig\/blog\/260621\/nouveau-bac-de-francais-les-recettes-de-lechec\">Nouveau Bac de fran\u00e7ais&nbsp;: les recettes de l&rsquo;\u00e9chec <\/a>&#8211; Fanny Monbeig<\/p>\n\n\n\n<p><a href=\"https:\/\/theconversation.com\/lorientation-universitaire-lautre-vecteur-des-inegalites-salariales-femmes-hommes-163103\">L\u2019orientation universitaire, l\u2019autre vecteur des in\u00e9galit\u00e9s salariales femmes-hommes<\/a> (The Conversation)<\/p>\n\n\n\n<p><a href=\"https:\/\/theconversation.com\/classements-duniversites-des-enjeux-geopolitiques-sous-estimes-161914\">Classements d\u2019universit\u00e9s : des enjeux g\u00e9opolitiques sous-estim\u00e9s ?<\/a> (The Conversation)<\/p>\n\n\n\n<p><a href=\"https:\/\/www.questionsdeclasses.org\/podcast-prison-les-mots-font-le-mur\/\">Podcast, Prison&nbsp;: les mots font le mur<\/a> (Question de classes)<\/p>\n\n\n\n<p><strong><a href=\"http:\/\/www.cafepedagogique.net\/lexpresso\/Pages\/2021\/06\/25062021Article637601978234188232.aspx\">La gestion des remplacements confi\u00e9e \u00e0 une startup priv\u00e9e <\/a>(Caf\u00e9 p\u00e9dagogique)<\/strong><\/p>\n\n\n\n<p><a href=\"http:\/\/www.cafepedagogique.net\/lexpresso\/Pages\/2021\/06\/25062021Article637601978204656982.aspx\">Le programme de maternelle au BO<\/a> (Caf\u00e9 p\u00e9dagogique)<\/p>\n\n\n\n<p><a href=\"https:\/\/redir.ownpage.fr\/newsletter\/6fcbf17a98be422f\/eyJzIjoiYjA4ZWE5YmQiLCJhciI6IjYwZDZlZWI4YmM2MDgxMDAwNmM0ZmY5MSIsInUiOiJhMjlhMGY1M2EyMGI1OTJjNmM3YTdmMDJmNDU2YmFjMiIsInVyIjoiaHR0cHM6Ly93d3cubWFyaWFubmUubmV0L3NvY2lldGUvZWR1Y2F0aW9uL2xlcy1zdXJkaXBsb21lcy11bmUtbm91dmVsbGVzLWVsaXRlLWxlcy10ZXRlcy1kZS1jbGFzc2VzLW9udC1lbGxlcy1sYS1ncm9zc2UtdGV0ZT91dG1fc291cmNlPW5sX3dlZWtlbmQmdXRtX21lZGl1bT1lbWFpbCZ1dG1fY2FtcGFpZ249MjAyMTA2MjcmeHRvcj1FUFItMiZfb3BlPWV5Sm5kV2xrSWpvaVlUSTVZVEJtTlROaE1qQmlOVGt5WXpaak4yRTNaakF5WmpRMU5tSmhZeklpZlElM0QlM0QiLCJnIjoiMTUwNTIxIiwicCI6IjI1In0=\" target=\"_blank\" rel=\"noreferrer noopener\">Les surdipl\u00f4m\u00e9s, une nouvelles \u00e9lite : les t\u00eates de classes ont-elles la grosse t\u00eate ? <\/a>(Marianne)<\/p>\n\n\n\n<p><a href=\"https:\/\/redir.ownpage.fr\/newsletter\/6fcbf17a98be422f\/eyJzIjoiMmEyZWE5MDQiLCJhciI6IjYwZDZlMGE5YmM2MDgxMDAwNmM0ZmUwNyIsInUiOiJhMjlhMGY1M2EyMGI1OTJjNmM3YTdmMDJmNDU2YmFjMiIsInVyIjoiaHR0cHM6Ly93d3cubWFyaWFubmUubmV0L3NvY2lldGUvZWR1Y2F0aW9uL3N1cmRpcGxvbWVzLWFzY2Vuc2V1ci1zb2NpYWwtZW4tcGFubmUtbGEtbWVyaXRvY3JhdGllLW1lbmFjZS10LWVsbGUtbGEtZGVtb2NyYXRpZT91dG1fc291cmNlPW5sX3dlZWtlbmQmdXRtX21lZGl1bT1lbWFpbCZ1dG1fY2FtcGFpZ249MjAyMTA2MjcmeHRvcj1FUFItMiZfb3BlPWV5Sm5kV2xrSWpvaVlUSTVZVEJtTlROaE1qQmlOVGt5WXpaak4yRTNaakF5WmpRMU5tSmhZeklpZlElM0QlM0QiLCJnIjoiMTUwNTIxIiwicCI6IjM1In0=\" target=\"_blank\" rel=\"noreferrer noopener\">Surdipl\u00f4m\u00e9s, ascenseur social en panne: La m\u00e9ritocratie menace-t-elle la d\u00e9mocratie ?<\/a> (Marianne)<\/p>\n\n\n\n<p><a href=\"http:\/\/link.newsletters.20minutes.fr\/m\/surl\/200151\/506416\/EPV-8uBR4_WKoeT9t5WlrQ==\/link_16\/ITS-XB3Xl7nOAqsN+o84EeXoSlChqc1zdkaMKrB-o9XwU+IHBZT4dO+Z6LadgtIevDHTo+jh+OKV7lf4LMEnDfZx1zrkuXQXigg+WFKsBps+vq4Im5+lCSqGuH6gqjFogQYgHKqJtIr+hRsU9vgrMRMNOGOuJiPtGF7Gsz8XB0qOAupRn1cYuU+2HqE7JZs4+dCqnl3UGSST3un5abiKv1tTqwYHhIZx4v5KTML8ebXRaoczHL3Tdo8NWkocuQBN3UgVfrk5hkJBQSP9Ds55nS5QTocjRf8nq+k3lMAj+QVx0LveTqpBE0kuFv2iKfSz1glasXXh9uzH35Bu2i5iSiFfbZyawuteMkSvvUB6tiBvdX+MGXKWtlrZq8SoyQKFTe8WFrKNjWcficY49VALgJBQ8vWNpb3yvJLHXo8BMzkrv3ynuNez0EePjRfdKgebm6bu-wvZDP2CK1P9GmQKoV6ninkOr6PysN3lgq1B1KFwOAyDwuayZYpixdtwELO9wt1HN41U5yKHL9gg68bX2Hk-UxudrLI20CoM4Fo1zThhp5XB9nTz2UDKDIcU0kmBsYYsOaBEiru9oCZGoywzvcd8kqrlzIm4He7K4s9YYPt15yN7qRGchjKayR9ROny+Ukey7nWWkZvnF2gK98L-qN79UWEarbGQ9rZRzi-RdGjk-UmH4AUF73SnZ6YNlee-t6MaKt9k4rv256leywW2NaRBKa18-PVLOdIKiNY0fSaBAfV1r413eDGYWbKzyPTj2HJWT-2ftWLUgqZDuEcjbwUX4zs3XH9ITRyu-GFELknEf2RGXLVDaQhV1M92gqMH54U9FalgOY-UVjbsk0VbbLdvPLq3tHp0618cChMIrZH6bMnPQ1heWiWAXoO-F9WPUqieoLwqrRmRHPfSNJG9I1P7qGuDQL7dOBKS+9U4+FFDfUS4NcuR+NlwGwqTDM0jxZpVAMG1Lnoaj4OZb1-PO0hg2WTv6ujnWAAklyyflgQ=\" target=\"_blank\" rel=\"noreferrer noopener\">Des \u00e9l\u00e8ves du Rh\u00f4ne reconvoqu\u00e9s \u00e0 la suite de la perte de copies de bac pro<\/a> (20 Minutes)<\/p>\n\n\n\n<p><strong><span class=\"has-inline-color has-vivid-red-color\">27 Juin en continu<\/span><\/strong><\/p>\n\n\n\n<p><a href=\"https:\/\/Stop%20au%20masque%20\u00e0%20l\u2019\u00e9cole%20(collectif%2064)%20\">https:\/\/Stop au masque \u00e0 l\u2019\u00e9cole (collectif 64) <\/a>&nbsp;(Yapla)<\/p>\n\n\n\n<p><a href=\"https:\/\/www.youtube.com\/watch?v=DrLOYJDRpP4\">&nbsp;La loi Lang (prix unique des livres) a 40 ans!-Livre bleu et livre rouge <\/a>(Librairies ind\u00e9pendantes)<\/p>\n\n\n\n<p><a href=\"https:\/\/www.youtube.com\/watch?v=sYvmnlWC9gA\">La loi Lang (prix unique des livres) a 40 ans ! &nbsp;Distributeur automatique<\/a> (Librairies ind\u00e9pendantes)<\/p>\n\n\n\n<p><a href=\"https:\/\/www.youtube.com\/watch?v=WVzFKiF5EaY\">&nbsp;La loi Lang (prix unique des livres) a 40 ans ! &#8211; L&rsquo;\u00e9picerie<\/a> <a>(Librairies ind\u00e9pendantes)<\/a><\/p>\n\n\n\n<p><a href=\"https:\/\/france3-regions.francetvinfo.fr\/nouvelle-aquitaine\/haute-vienne\/limoges\/haute-vienne-les-ecoles-de-danse-face-a-la-crise-du-covid-19-2148034.html#xtor=EPR-521\">Les \u00e9coles de danse face \u00e0 la crise du Covid-<\/a>(France3r\u00e9gions)<\/p>\n\n\n\n<p><a href=\"https:\/\/www.questionsdeclasses.org\/La-13eme-universite-du-secteur-langues-du-gfen\/\">13eme universit\u00e9 secteur langues-du GFEN&nbsp; <\/a>(questions de classes)<\/p>\n\n\n\n<p><span class=\"has-inline-color has-vivid-red-color\"><strong>26 Juin en continu<\/strong><\/span><\/p>\n\n\n\n<p><a href=\"https:\/\/blogs.mediapart.fr\/sablune\/blog\/240621\/des-armes-mutilantes-face-une-jeunesse-qui-danse\">Des armes mutilantes face \u00e0 une jeunesse qui danse <\/a>&#8211; Sab_Lune<\/p>\n\n\n\n<p><a href=\"https:\/\/www.mediapart.fr\/journal\/france\/250621\/lutter-contre-les-inegalites-scolaires-n-apparait-pas-comme-un-enjeu-strategique\">\u00abLutter contre les in\u00e9galit\u00e9s scolaires n\u2019appara\u00eet pas comme un enjeu strat\u00e9gique\u00bb<\/a> (M\u00e9diapart)&nbsp;<\/p>\n\n\n\n<p><a href=\"https:\/\/manif-est.info\/RESISTANCE-ANTIFASCISTE-dans-l-education-aussi-1833.html\">R\u00e9sistance antifasciste, dans l&rsquo;\u00e9ducation aussi<\/a> (Sud Lorraine)<\/p>\n\n\n\n<p><a href=\"https:\/\/www.revolutionpermanente.fr\/Surveillance-des-profs-mauvaises-convocations-discriminations-la-mascarade-du-bac-Blanquer\">Surveillance des profs, mauvaises convocations, discriminations&nbsp;: la mascarade du bac Blanquer<\/a> (RP)<\/p>\n\n\n\n<p><a href=\"https:\/\/www.revolutionpermanente.fr\/Coup-de-gueule-d-un-prof-examinateur-du-Bac-Blanquer-Le-Grand-Oral-rale-rale-et-il-y-a-de-quoi\">Coup de gueule d\u2019un prof examinateur du Bac Blanquer&nbsp;: Le Grand Oral, r\u00e2le, r\u00e2le&#8230; et il y a de quoi&nbsp;!<\/a>&nbsp; (RP) <\/p>\n\n\n\n<figure class=\"wp-block-image is-resized is-style-default\"><img data-recalc-dims=\"1\" loading=\"lazy\" decoding=\"async\" src=\"https:\/\/i0.wp.com\/www.revolutionpermanente.fr\/local\/cache-vignettes\/L653xH490\/arton25639-d6193.jpg?resize=470%2C353&#038;ssl=1\" alt=\"\" width=\"470\" height=\"353\"\/><\/figure>\n\n\n\n<p><a href=\"https:\/\/blogs.mediapart.fr\/yoann-compagnon\/blog\/250621\/en-bretagne-un-week-end-pour-casser-du-jeune\">En Bretagne, un week-end pour casser du jeune <\/a>-Yoann Compagnon<\/p>\n\n\n\n<p><a href=\"https:\/\/www.revolutionpermanente.fr\/Repression-apres-le-match-France-Portugal-gazages-retros-et-pare-brises-casses-par-des-gendarmes\">R\u00e9pression apr\u00e8s le match France-Portugal&nbsp;: gazages, r\u00e9tros et pare-brises cass\u00e9s par des gendarmes<\/a> (RP)<\/p>\n\n\n\n<figure class=\"wp-block-image is-style-default\"><img decoding=\"async\" src=\"https:\/\/scontent.fhex4-1.fna.fbcdn.net\/v\/t1.6435-0\/p526x296\/203248361_2617433901883904_4882159399828777713_n.jpg?_nc_cat=101&amp;ccb=1-3&amp;_nc_sid=8bfeb9&amp;_nc_eui2=AeG6s5sAdYhjPKpLE78fRrKT7h5WcZoinhzuHlZxmiKeHD_Wwe0TgMLeTRc00Ffu02w&amp;_nc_ohc=zkhC1aLirbcAX_GRm0s&amp;_nc_ht=scontent.fhex4-1.fna&amp;tp=6&amp;oh=284d7a9c4051439275e301c4a41aa24b&amp;oe=60DAFDF1\" alt=\"Peut \u00eatre une image de 1 personne et texte\"\/><\/figure>\n\n\n\n<p><strong><span class=\"has-inline-color has-vivid-red-color\">25 Juin en continu<\/span><\/strong><\/p>\n\n\n\n<p><a href=\"http:\/\/www.cafepedagogique.net\/lexpresso\/Pages\/2021\/06\/25062021Article637601978249813232.aspx\">Bruno Devauchelle : Le num\u00e9rique a-t-il un avenir en \u00e9ducation ?<\/a> (caf\u00e9 p\u00e9dagogique)<\/p>\n\n\n\n<p><a href=\"http:\/\/www.cafepedagogique.net\/LEXPRESSO\/Pages\/2021\/06\/25062021Article637601978292313232.aspx\">Egalit\u00e9 filles &#8211; gar\u00e7ons : Vers des quotas dans les sp\u00e9cialit\u00e9s ?<\/a> (caf\u00e9 p\u00e9dagogique)<\/p>\n\n\n\n<p><a href=\"http:\/\/www.cafepedagogique.net\/lexpresso\/Pages\/2021\/06\/25062021Article637601978305594482.aspx\">Circulaire de rentr\u00e9e <\/a>&nbsp;(caf\u00e9 p\u00e9dagogique)<\/p>\n\n\n\n<p><a href=\"https:\/\/blogs.mediapart.fr\/theo-roumier\/blog\/150621\/les-utopiques-n-17-combats-pour-l-enfance-jeunesse-en-lutte\">\u00abLes Utopiques\u00bb n\u00b017: combats pour l\u2019enfance, jeunesse en lutte <\/a>-Th\u00e9o Roumier <\/p>\n\n\n\n<figure class=\"wp-block-image is-resized is-style-default\"><img data-recalc-dims=\"1\" loading=\"lazy\" decoding=\"async\" src=\"https:\/\/i0.wp.com\/static.mediapart.fr\/etmagine\/default\/files\/2021\/06\/21\/les-utopiques-17-ete-2021.jpg?resize=313%2C417&#038;ssl=1\" alt=\"les-utopiques-17-ete-2021\" width=\"313\" height=\"417\"\/><\/figure>\n\n\n\n<p><a href=\"https:\/\/theconversation.com\/debat-le-bac-a-t-il-encore-un-avenir-163323\">D\u00e9bat : Le bac a-t-il encore un avenir ?<\/a>  (The Conversation)&nbsp;<\/p>\n\n\n\n<p><a href=\"https:\/\/theconversation.com\/lorientation-universitaire-lautre-vecteur-des-inegalites-salariales-femmes-hommes-163103\">L\u2019orientation universitaire, l\u2019autre vecteur des in\u00e9galit\u00e9s salariales femmes-hommes<\/a> (The Conversation)<\/p>\n\n\n\n<p><a href=\"https:\/\/lepoing.net\/epreuves-du-baccalaureat-un-tournant-inquietant-vers-la-localisation-du-bac\/\">Epreuves du baccalaur\u00e9at : un tournant inqui\u00e9tant vers la localisation du bac<\/a> (Le Poing)<\/p>\n\n\n\n<p><a href=\"http:\/\/t.nl.francetvinfo.fr\/r\/?id=h6d53a4f9,649f670f,5f11a725\">Syst\u00e8me de notes diff\u00e9rent, expression orale&#8230; L\u00e9cole peut apprendre la confiance en soi aux \u00e9l\u00e8ves<\/a> (France Info)<\/p>\n\n\n\n<p><strong><span class=\"has-inline-color has-vivid-red-color\">23 Juin en continu<\/span><\/strong><\/p>\n\n\n\n<p><a href=\"http:\/\/www.cafepedagogique.net\/lexpresso\/Pages\/2012\/12\/06122012Article634903748724726392.aspx\">Les classes pr\u00e9paratoires <\/a>(Caf\u00e9 p\u00e9dagogique)<\/p>\n\n\n\n<figure class=\"wp-block-image size-large is-resized is-style-default\"><img data-recalc-dims=\"1\" loading=\"lazy\" decoding=\"async\" src=\"https:\/\/i0.wp.com\/www.rdpemancipation.org\/wp-content\/uploads\/2021\/06\/0612122.jpg?resize=274%2C391&#038;ssl=1\" alt=\"\" class=\"wp-image-34287\" width=\"274\" height=\"391\"\/><\/figure>\n\n\n\n<p><a href=\"http:\/\/www.cafepedagogique.net\/lexpresso\/Pages\/2021\/06\/18062021Article637596458164096967.aspx\">Masques: Le protocole sanitaire mis \u00e0 jour 21\/06\/2021<\/a> (Caf\u00e9 p\u00e9dagogique)<\/p>\n\n\n\n<p><a href=\"https:\/\/lesjours.fr\/obsessions\/les-annees-bac-saison-2\/ep11-examen\/\">2021 : b\u00e2cle ton bac d\u2019abord<\/a> par Les Jours<\/p>\n\n\n\n<p><a href=\"https:\/\/lanticapitaliste.org\/actualite\/education\/grand-oral-du-bac-la-grande-galere\">Grand oral du bac : la grande gal\u00e8re !<\/a> (L\u2019Anticapitaliste)<\/p>\n\n\n\n<p><strong><a href=\"https:\/\/lareleveetlapeste.fr\/main-arrachee-par-un-tir-de-grenade-et-chasse-a-lhomme-une-fete-de-la-musique-fortement-reprimee\/\">Main arrach\u00e9e par grenade et chasse \u00e0 l\u2019homme : f\u00eate de la musique fortement r\u00e9prim\u00e9e<\/a> (Rel\u00e8ve et Peste)<\/strong><\/p>\n\n\n\n<p><a href=\"https:\/\/www.axellemag.be\/ecoles-sexisme-regles-vestimentaires\/\">Dans les \u00e9coles, filles et les gar\u00e7ons combattent le sexisme des r\u00e8gles vestimentaires<\/a> (Axelle Magazine)<\/p>\n\n\n\n<p><strong><a href=\"https:\/\/www.mediapart.fr\/journal\/france\/220621\/paroles-de-jeunes-les-elections-ne-sont-pas-un-moyen-efficace-de-changer-les-choses\">Paroles de jeunes: \u00abLes \u00e9lections ne sont pas un moyen efficace de changer les choses.\u00bb <\/a>(M\u00e9diapart)<\/strong><\/p>\n\n\n\n<p><strong><span class=\"has-inline-color has-vivid-red-color\">22 Juin en continu<\/span><\/strong><\/p>\n\n\n\n<p><a href=\"https:\/\/blogs.mediapart.fr\/pierre-merle\/blog\/210621\/le-grand-oral-l-archetype-de-l-epreuve-socialement-discriminante\">Le \u00ab&nbsp;grand oral&nbsp;\u00bb : l\u2019arch\u00e9type de l\u2019\u00e9preuve socialement discriminante <\/a>&#8211; Pierre Merle<\/p>\n\n\n\n<p><a href=\"https:\/\/www.facebook.com\/MJdeLorraine\/videos\/188603213190485\">Tout le monde d\u00e9teste la police: Manif d&rsquo;hommage \u00e0 Steve \u00e0 Nantes le 21 juin 2021<\/a> -vid\u00e9o<\/p>\n\n\n\n<p><a href=\"https:\/\/lundi.am\/Le-plus-bel-age-Une-jeunesse-maltraitee\">Le plus bel \u00e2ge<\/a> (Une jeunesse maltrait\u00e9e) -Olivier Long <\/p>\n\n\n\n<figure class=\"wp-block-image is-style-default\"><img data-recalc-dims=\"1\" decoding=\"async\" src=\"https:\/\/i0.wp.com\/lundi.am\/IMG\/arton4148-resp320.jpg?w=1200&#038;ssl=1\" alt=\"\"\/><\/figure>\n\n\n\n<p><a href=\"https:\/\/lundi.am\/Appel-des-campus-a-rejoindre-les-Soulevements-de-la-Terre\">Appel des campus \u00e0 rejoindre les Soul\u00e8vements de la Terre<\/a> -Collectif<\/p>\n\n\n\n<figure class=\"wp-block-image is-resized is-style-default\"><img loading=\"lazy\" decoding=\"async\" src=\"https:\/\/scontent.fhex4-1.fna.fbcdn.net\/v\/t1.6435-9\/203377093_4224419994313685_8855520374331811571_n.jpg?_nc_cat=100&amp;ccb=1-3&amp;_nc_sid=730e14&amp;_nc_ohc=dAnEVj8ZiAUAX8OQ69L&amp;_nc_ht=scontent.fhex4-1.fna&amp;oh=1ed7477b5c71963303cf334d1174b10e&amp;oe=60D6DF08\" alt=\"Peut \u00eatre une image de texte qui dit \u2019PREMIER TOUR DES R\u00c9GIONALES 87% DES 18-24 ANS INSCRITS N'ONT PAS VOTE CE DIMANCHE SOURCE:PSOS\u2019\" width=\"465\" height=\"228\"\/><\/figure>\n\n\n\n<p><a href=\"https:\/\/dijoncter.info\/le-mepris-de-l-institution-envers-les-enseignantes-et-enseignants-de-2903\">Le m\u00e9pris de l&rsquo;institution envers les enseignantes et enseignants de philosophie <\/a>(Dijoncter)<\/p>\n\n\n\n<figure class=\"wp-block-image is-resized is-style-default\"><img data-recalc-dims=\"1\" loading=\"lazy\" decoding=\"async\" src=\"https:\/\/i0.wp.com\/mamot.fr\/system\/media_attachments\/files\/106\/408\/198\/086\/894\/529\/original\/eeea8e9d23c065f6.jpeg?resize=513%2C398&#038;ssl=1\" alt=\"\" width=\"513\" height=\"398\"\/><\/figure>\n\n\n\n<p><strong><span class=\"has-inline-color has-vivid-red-color\">21 Juin en continu<\/span><\/strong><\/p>\n\n\n\n<p><a href=\"https:\/\/www.humanite.fr\/jeunesse-le-gouvernement-relance-le-service-national-universel-711574#xtor=RSS-1\">Jeunesse. Le gouvernement relance le service national universel<\/a> (L\u2019Humanit\u00e9)&nbsp;<\/p>\n\n\n\n<p><a href=\"https:\/\/eduscol.education.fr\/1016\/prevenir-les-jeux-dangereux-et-les-pratiques-violentes-l-ecole\">Pr\u00e9venir les jeux dangereux et les pratiques violentes \u00e0 l\u2019\u00e9cole<\/a> (Eduscol- Minist\u00e8re)<\/p>\n\n\n\n<p><a href=\"http:\/\/www.cafepedagogique.net\/lexpresso\/Pages\/2021\/06\/18062021Article637596458164096967.aspx\">Revalorisation : Propositions Blanquer: 18.06.2021<\/a> (Caf\u00e9 p\u00e9dagogique)<\/p>\n\n\n\n<p><strong><span class=\"has-inline-color has-vivid-red-color\">20 Juin en continu<\/span><\/strong><\/p>\n\n\n\n<p><a href=\"https:\/\/www.revolutionpermanente.fr\/Greve-au-college-Barbara-93-Il-nous-faut-plus-moyens-pour-des-eleves-qui-en-ont-besoin\">Gr\u00e8ve au coll\u00e8ge Barbara (93) \u00ab\u00a0Il nous faut plus moyens pour des \u00e9l\u00e8ves qui en ont besoin&nbsp;!\u00a0\u00bb<\/a> (RP) <\/p>\n\n\n\n<figure class=\"wp-block-image is-resized is-style-default\"><img data-recalc-dims=\"1\" loading=\"lazy\" decoding=\"async\" src=\"https:\/\/i0.wp.com\/www.revolutionpermanente.fr\/local\/cache-vignettes\/L653xH490\/arton25567-92ff6.jpg?resize=507%2C380&#038;ssl=1\" alt=\"\" width=\"507\" height=\"380\"\/><\/figure>\n\n\n\n<p><a href=\"https:\/\/blogs.mediapart.fr\/les-invites-de-mediapart\/blog\/190621\/jeunesse-et-sports-debout\">Jeunesse et Sports debout ! <\/a>-Invit\u00e9s MDP<\/p>\n\n\n\n<p><a href=\"https:\/\/blogs.mediapart.fr\/aeshloi2005\/blog\/180621\/professionnalisation-des-accompagnant-e-s-d-eleves-en-situation-de-handicap\">Professionnalisation des accompagnant\u00b7e\u00b7s d\u2019\u00e9l\u00e8ves en situation de handicap&nbsp;? <\/a>-Aeshloi2005<\/p>\n\n\n\n<p><a href=\"https:\/\/blogs.mediapart.fr\/observatoire-international-des-prisons-section-francaise\/blog\/180621\/ils-font-entrer-l-universite-en-prison\">Ils font entrer l\u2019universit\u00e9 en prison <\/a>-Observatoire International Des Prisons<\/p>\n\n\n\n<p><a href=\"https:\/\/www.mediapart.fr\/journal\/france\/190621\/la-reforme-des-apl-vire-au-cauchemar-pour-les-allocataires-et-ses-agents\">La r\u00e9forme des APL vire au cauchemar pour les allocataires et ses agents<\/a> (M\u00e9diapart)&nbsp;<\/p>\n\n\n\n<p><strong><span class=\"has-inline-color has-vivid-red-color\">18 Juin en continu<\/span><\/strong><\/p>\n\n\n\n<p><a href=\"http:\/\/www.cafepedagogique.net\/lexpresso\/Pages\/2021\/06\/17062021Article637595187446335711.aspx\">Bac : Le minist\u00e8re pour un \u00ab\u00a0vrai\u00a0\u00bb contr\u00f4le continu<\/a> (Caf\u00e9 p\u00e9dagogique)<\/p>\n\n\n\n<p><a href=\"https:\/\/www.legrandsoir.info\/des-enseignants-francais-infeodes-au-capitalisme-financier.html\">Des enseignants-fran\u00e7ais inf\u00e9od\u00e9s au capitalisme-financie?<\/a>&nbsp; (Le Grand Soir)<\/p>\n\n\n\n<p><a href=\"https:\/\/www.amnesty.fr\/education-droits-refugies-migrants-asile?utm_medium=email&amp;utm_source=emailing-pee&amp;utm_campaign=journeemondialerefugies\">\u00c9ducation aux droits-des r\u00e9fugi\u00e9s, migrants, demandeurs d\u2019asile. Campagne et journ\u00e9e mondiale <\/a> (Amnesty)<\/p>\n\n\n\n<p><a href=\"http:\/\/t.nl.francetvinfo.fr\/r\/?id=h6b779421,647b1e13,5f10e4d5\">Le port du masque ne sera finalement plus obligatoire dans les cours d&rsquo;\u00e9cole \u00e0 partir de jeudi<\/a> (France Info)<\/p>\n\n\n\n<p><a href=\"https:\/\/www.liberation.fr\/societe\/education\/bac-2021-au-bout-dune-heure-je-serai-parti-de-lepreuve-de-philo-20210617_JRPQOBCM6FGKJLP2A5XVRLRL7U\/?xtor=EREC-25-%5BNL_\">Bac2021&nbsp;:Au bout d\u2019une heure je serai parti de l\u2019\u00e9preuve de philo<\/a> &nbsp;(Lib\u00e9ration)<\/p>\n\n\n\n<p><a href=\"https:\/\/www.mediacites.fr\/breve\/nantes\/2021\/06\/17\/cette-fois-le-projet-de-grande-universite-nantaise-semble-sur-les-rails\/\">Cette fois, le projet de grande universit\u00e9 nantaise semble sur les rails<\/a> (Mediacit\u00e9s)<\/p>\n\n\n\n<p><a href=\"https:\/\/www.bastamag.net\/BAC2021-Decrochage-scolaire-Bacchalaureat-Pedagogies-alternatives-Freinet-Paulo-Freire-enseignement-a-distance\">Face au d\u00e9crochage scolaire \u00ab organis\u00e9 \u00bb, des enseignants r\u00e9inventent l&rsquo;\u00e9cole publique et ses p\u00e9dagogies<\/a> (Basta&nbsp;!)<\/p>\n\n\n\n<p><a href=\"http:\/\/t.nl.francetvinfo.fr\/r\/?id=h6b91823d,647bdb00,5f10ebb7\">La majorit\u00e9 des jeunes vont choisir l&rsquo;abstention aux r\u00e9gionales et d\u00e9partementales <\/a>(Francetvinfo)<\/p>\n\n\n\n<p><a href=\"https:\/\/www.lacimade.org\/feter-ses-18-ans-enferme\/\">F\u00eater ses 18 ans enferm\u00e9<\/a> (La Cimade)<\/p>\n\n\n\n<p>&nbsp;<a href=\"https:\/\/theconversation.com\/les-adolescents-francais-ne-dorment-pas-assez-162819\">Les adolescents fran\u00e7ais ne dorment pas assez<\/a>  (The Conversation)<\/p>\n\n\n\n<div class=\"wp-block-image is-style-default\"><figure class=\"aligncenter is-resized\"><img data-recalc-dims=\"1\" loading=\"lazy\" decoding=\"async\" src=\"https:\/\/i0.wp.com\/www.questionsdeclasses.org\/wp-content\/uploads\/2021\/04\/Screenshot_2021-04-08-Visuel-Hacker-pdf-212x300.png?resize=428%2C605\" alt=\"\" class=\"wp-image-321605\" width=\"428\" height=\"605\"\/><\/figure><\/div>\n\n\n\n<p><strong><span class=\"has-inline-color has-vivid-red-color\">17 Juin en continu<\/span><\/strong><\/p>\n\n\n\n<p><a href=\"https:\/\/www.facebook.com\/UNEFTACLE\/videos\/197062928980648\">Interdisons les licenciements : manifestation samedi <\/a>! -vid\u00e9o Unef Tacle<\/p>\n\n\n\n<figure class=\"wp-block-image is-style-default\"><img decoding=\"async\" src=\"https:\/\/scontent.fhex4-1.fna.fbcdn.net\/v\/t1.6435-9\/193908345_2601367570157204_7608486092391573284_n.jpg?_nc_cat=105&amp;ccb=1-3&amp;_nc_sid=a26aad&amp;_nc_ohc=05FI0aTYuv4AX-9nFHY&amp;tn=aG1erXujvrTcHyrO&amp;_nc_ht=scontent.fhex4-1.fna&amp;oh=f1f70e89ebbb74f7ed8c2f60ab73c75f&amp;oe=60CF13BC\" alt=\"Peut \u00eatre une image de 1 personne et texte qui dit \u2019*SELONL'OIT DEPUIS UN AN, INTERNATIONALEDU (ORGRA TRAVAIL) 1 JEUNE SUR 6 A PERDU SON EMPLOI EN RAISON DE LA CRISE. NE SOONS PAS LA GENERATION SACRIFIEE! MANIFES TATION NATIONALE CONTRE LES LICENCIEMENTS ET LES SUPPRESSIONS D'EMPLOIS SAMEDI19JUIN UIN AL'APPEL DES TUI RDV 14H MEDEF (55 AV. BOSQUET PARIS) unf TACLE\u2019\"\/><\/figure>\n\n\n\n<p><a href=\"https:\/\/www.streetpress.com\/sujet\/1623766351-tres-chere-ecole-privee-fondee-audrey-pulvar-business-greenwashing-ecologie-economie-politique-regionales-ile-france\">La tr\u00e8s ch\u00e8re \u00e9cole priv\u00e9e fond\u00e9e par Audrey Pulvar<\/a> (StreetPress)<\/p>\n\n\n\n<p><a href=\"https:\/\/lanticapitaliste.org\/actualite\/education\/il-faut-en-finir-avec-la-parodie-des-examens-dans-leducation-nationale\">\u00c9ducation nationale: il faut en finir avec la parodie des examens<\/a> (L\u2019Anticapitaliste)<\/p>\n\n\n\n<p><strong><span class=\"has-inline-color has-vivid-red-color\">16 Juin en continu<\/span><\/strong><\/p>\n\n\n\n<p><a href=\"https:\/\/blogs.mediapart.fr\/corinneguyonnet\/blog\/130621\/lettre-ouverte-parcoursup-systeme-deshumanise-et-deshumanisant\">Lettre ouverte \u00e0 Parcoursup, syst\u00e8me d\u00e9shumanis\u00e9 et d\u00e9shumanisant <\/a>-Corinneguyonnet<\/p>\n\n\n\n<p><a href=\"https:\/\/blogs.mediapart.fr\/theo-r-et-mathurin-s\/blog\/060621\/le-nouveau-marche-de-l-orientation-scolaire\">Le nouveau march\u00e9 de l\u2019orientation scolaire <\/a>-Th\u00e9o R. Et Mathurin S.<\/p>\n\n\n\n<p><a href=\"https:\/\/www.mediapart.fr\/journal\/france\/150621\/une-directrice-d-ecole-accusee-de-racisme-et-de-maltraitance-maintenue-son-poste\">Une directrice d\u2019\u00e9cole accus\u00e9e de racisme et de maltraitance maintenue \u00e0 son poste<\/a> (M\u00e9diapart)<\/p>\n\n\n\n<p><a href=\"http:\/\/link.listes.cafepedagogique.net\/m\/surl\/200138\/509891\/VcmWugRNkW9gE2MVJGQi6HFKF-B12viezBEiZxMr5xU=\/link_3\/XAu8oQlUB9iS+TgGYta7Z8yDH3k1-hIXUu0VQzXwcOHTaQLLtAgA7-r1ZNfWoLaknsWHpsVjeUOMmwF6by5elrhO+PVr5pm9g5WU13D5cm8caZ+jU2Bi0QMUa5feE5zGVBA+Za4g7mZ+F6g7+oxT4ePCwAeniqCH4xMCnY0+RwLoUdu2bSOHIapBJhD64xEfXNwSEYmDB2P9IK7zWjN86cbC7aZmElRbUHcIiSZfQU0IYXiV2-wzWLRe-vGxyGti8tZs6cratHBgUkykbM5JVaWMl360qski77O3KKvt2DPdkRHDkngAvLP5zTVSujv7\">Revalorisation : Les propositions du minist\u00e8re<\/a> (Caf\u00e9 P\u00e9dago)<\/p>\n\n\n\n<p><a href=\"http:\/\/link.listes.cafepedagogique.net\/m\/surl\/200138\/509891\/VcmWugRNkW9gE2MVJGQi6HFKF-B12viezBEiZxMr5xU=\/link_4\/e0W0K8nRqAZelRJ3U6+YoaxbnXihxvMiBFoPMJVC2-ngmV15pWKF-eIE05fWyyRz-7IfvG7qMN4XkwC+S4N+0MpW60eIjVrOHALeOEpOjcHs7-xowsX33gsfUCLNrQ02g2Oj2ijEJaZXJRk0cKfH+YrBo8rnq54Ehpr1bO889oXsp8nMJ7mOKPT1QL5f-0q4AfjdbxqxGvS4cbej+w044ascrg2rWzN3PDCzyOKIDQXEEXRiJh6WdlIhSHKl1ZQdrQoEgsyEpADUTzE9Nj6FdrDlI7qsI+3Cgl1aqZFPpMG8Je2lmGbw0l9V8b6-0AqX\">Grenelle : Le minist\u00e8re veut changer le statut des enseignants<\/a> (Caf\u00e9 P\u00e9dago)<\/p>\n\n\n\n<p><a href=\"http:\/\/link.listes.cafepedagogique.net\/m\/surl\/200138\/509891\/VcmWugRNkW9gE2MVJGQi6HFKF-B12viezBEiZxMr5xU=\/link_6\/EsvK9PlMlyO8kAn0DWVQV7ik+DPNVzisg5phX26r+pqoxX39ofxjwUvdJ+hUbIE57nEUpQVcJQOZSifJyPnsut5Mvr2KG1PReIcVK0lncSuDwEtNTo8sz4ipWEUdeYU6+i6C5F-UebJsLzj8in1Vaw5PmpgBkFyu81y5NQBHGKy9ZSp-2swlLDKAHzTY60o5Z+McpPd1837+-C+5GbFEIiwnkfvZkOveSlkDTtziLV6W9Qk5NjF2eOhjEC37sHQWvoT+r4xL0z8uZpZYXfhoB8PncV62ebi6MeYjBeNVy6zus0om7SdFJrNR7-Xw73Gn\">L&rsquo;Apses toujours contre le grand oral<\/a> (Caf\u00e9 P\u00e9dago)<\/p>\n\n\n\n<p><a href=\"http:\/\/link.listes.cafepedagogique.net\/m\/surl\/200138\/509891\/VcmWugRNkW9gE2MVJGQi6HFKF-B12viezBEiZxMr5xU=\/link_8\/wZB-HGivmusgG7fMZlL2XIykqwwWx05P-9GXMock2qkoSLPJG6PZYIoLpx2FxOVLsjjmd+nlRtSVJRpd7RAoBMe1QPuMZSTwUDU1vFzWjdfh0VPAN9rfgcm2fLd+R1MA3aCWktE0hsDgLZxMYIg97FG129j6K8evnl7kJToLShLvw1gpvQ1xbEPPj5hkaIQryUKOmfZ3rMWo3dGf8xe86MFuXKcgsecMhKHjTNaxxIWJcqyX02pUGferU7LXJdXd8MurT8Zw0Vo-w7YPxnl36SQVRyQYyXNFrL7Qpc72ofvkH8jp1VnqsXykNbsXpEGo\">Le travail des enfants en hausse<\/a> (Unicef et OIT)<\/p>\n\n\n\n<p><strong><span class=\"has-inline-color has-vivid-red-color\">15 Juin en continu<\/span><\/strong><\/p>\n\n\n\n<p><a href=\"http:\/\/link.listes.cafepedagogique.net\/m\/surl\/200138\/509878\/pp4XqsnmGK-ygwo1QhmfD3FKF-B12viezBEiZxMr5xU=\/link_3\/oDC2Z916FsdYHa6QlRyBeh36JTr4OK0zqgqfMXGvOYvMazxxTU+RvG7wTz3Y6MUbCHlFwiyXSvOAh6C4Gn3s11YjNzsA0KSD-qSA4pWee6hPSAa9Onz1qixgfxF6Dp9WfBJfcCFZHPtU0RYMUxPWwfE2rb75XqjGL+Jn7W4UpVdEoiFR8Li36KF31kOawwZ00+mXao33jsctUTzmDmQ4dn+sBX0LvhUp6-sGi2sJeMfuYL-xpqlj5zcPp4SDEJVJTOsO4yeNbDzCuA0C9SxDvr5htuaFdJlXC0pMJKnKtTX92TBPCKokfuAOsgKCnffU\">Revalorisation : Les propositions du minist\u00e8re<\/a> (Caf\u00e9 P\u00e9dago)<\/p>\n\n\n\n<p><a href=\"http:\/\/link.listes.cafepedagogique.net\/m\/surl\/200138\/509871\/AVkLTDJRSXqIvm8LYcGl_HFKF-B12viezBEiZxMr5xU=\/link_3\/O9IEaP2Ua-4DI0va7iAuXgPl6bMO4zKvez7z9OxzjQR-T5RPhd5NORqoANyBtpdLpLOtnVqhToqNg3Q+tUJPR-ydDX72Sxgrj+zl+x4rmhK9igfcp4vS5CrjPohYLSBoUXHDwi0+ZlNIkHhzuKLTR3w1oB8K9-MbmrQfpmMecZcRkj4HtUnJHM2LJUX5TnEd0AsruYeoyazqBiA010Fjb+D2UihdoLnnyJrYDWPsZeWVXaz30EAPiaVXIS+U5jT4eAOqnY1YTYkKhrKDhfgZhb5QbuMW4zpfrLdJhZlKQq3NfTumBErKM-R8KbQ8HiuZ\">La France et l&rsquo;internationalisation de l&rsquo;enseignement : Mission impossible ?<\/a> (Caf\u00e9 P\u00e9dago)<\/p>\n\n\n\n<p><a href=\"https:\/\/www.liberation.fr\/idees-et-debats\/tribunes\/grand-oral-quy-aura-t-il-de-grand\">Grand oral: qu\u2019y-aura-t-il de grand<\/a> ? (Lib\u00e9ration)<\/p>\n\n\n\n<p><a href=\"http:\/\/link.listes.cafepedagogique.net\/m\/surl\/200138\/509871\/AVkLTDJRSXqIvm8LYcGl_HFKF-B12viezBEiZxMr5xU=\/link_6\/h5oO8MQpvYT+fj5eKRH3ygQW0iKPNDBeqKTM+sjqKipZ75BZWmEuig5NYN0cd5ax0jfHhfTSrt7mzUuUJVl3rSg5sP+KnD0gD9q11zptLeMyqducYQVpA7Hz1pzvyMxaEoZp-3zA-AU9O69DAFW5d7t-BanFUJHKgXoOlqQwECU8XE0XaOpB3YtrGl7RAWjtUmNmTgbHvRG75Hs6fshi+R82trKGJqS9CSBPR4XtQcB7VDLAmn3vTpD3eKi+Y6PFokwIvDTPGjKti6UUXh0GBxECJLrs18NDsQvTJli0M6n5SntRXrrzsJmHOcQ0X+e7\">Cafouillages au bac selon le Snes<\/a> (Caf\u00e9 P\u00e9dago)<\/p>\n\n\n\n<p><a href=\"https:\/\/www.liberation.fr\/idees-et-debats\/islamo-gauchisme-a-luniversite-frederique-vidal-sommee-de-sexpliquer-20210611_A4JKQ6SGMFDTJL7RM2FYLQXL7Y\/\">\u00ab&nbsp;Islamo-gauchisme&nbsp;\u00bb \u00e0 l\u2019universit\u00e9&nbsp;: Fr\u00e9d\u00e9rique Vidal somm\u00e9e de s\u2019expliquer<\/a> (Lib\u00e9ration)<\/p>\n\n\n\n<p><a href=\"https:\/\/www.affordance.info\/mon_weblog\/2021\/06\/archives-ouvertes-obligatoires-universite-nantes.html\">Archives ouvertes obligatoires \u00e0 l\u2019universit\u00e9 de Nantes.<\/a> (Affordance)<\/p>\n\n\n\n<p><strong><span class=\"has-inline-color has-vivid-red-color\">13 Juin en continu<\/span><\/strong><\/p>\n\n\n\n<p><a href=\"https:\/\/tendanceclaire.org\/breve.php?id=38817\">Les jeunes ne sont pas ignorants &#8211; Bernard Friot<\/a> -vid\u00e9o<\/p>\n\n\n\n<figure class=\"wp-block-embed is-type-video is-provider-youtube wp-block-embed-youtube wp-embed-aspect-16-9 wp-has-aspect-ratio\"><div class=\"wp-block-embed__wrapper\">\n<iframe loading=\"lazy\" title=\"Les jeunes ne sont pas ignorants - Bernard Friot\" width=\"1200\" height=\"675\" src=\"https:\/\/www.youtube.com\/embed\/CNtWRUll3Xk?feature=oembed\" frameborder=\"0\" allow=\"accelerometer; autoplay; clipboard-write; encrypted-media; gyroscope; picture-in-picture\" allowfullscreen><\/iframe>\n<\/div><\/figure>\n\n\n\n<p><a href=\"https:\/\/www.mgen.fr\/actus-conseils\/votre-sante\/psy-enfant-ado-un-soutien-psychologique-gratuit-pour-les-jeunes-et-les-adolescents\/?M_BT=11982879349642#&amp;at_medium=email&amp;at_campaign=1000&amp;at_emailtype=ret\">Un soutien psychologique gratuit pour les jeunes et les adolescents<\/a> (MGEN) &nbsp;&nbsp;<\/p>\n\n\n\n<p><a href=\"https:\/\/www.20minutes.fr\/economie\/3059143-20210610-senat-vote-ticket-restaurant-etudiants?xtor=EPR-212-%5bnl%20economie%5d---a29a0f53a20b592c6c7a7f02f456bac2@2&amp;utm_source=newsletter&amp;utm_medium=email&amp;utm_campaign=economie&amp;_ope=eyJndWlkIjoiYTI5YTBmNTNhMjBi\">Le S\u00e9nat vote le ticket-restaurant pour les \u00e9tudiants<\/a> ( 20 Minutes)<\/p>\n\n\n\n<p><a href=\"https:\/\/www.revolutionpermanente.fr\/Parcoursup-C-a-vous-invisibilise-la-selection-sociale-aux-portes-des-etudes-superieures\">Parcoursup. \u00ab&nbsp;C \u00e0 vous&nbsp;\u00bb invisibilise la s\u00e9lection sociale aux portes des \u00e9tudes sup\u00e9rieures<\/a> (RP)<\/p>\n\n\n\n<p><a href=\"https:\/\/www.humanite.fr\/education-mayotte-moins-de-la-moitie-des-enfants-de-3-ans-est-scolarisee-710607#xtor=RSS-1\">\u00c9ducation. \u00c0 Mayotte, moins de la moiti\u00e9 des enfants de 3 ans est scolaris\u00e9e<\/a> (L\u2019Humanit\u00e9)<\/p>\n\n\n\n<p><strong><span class=\"has-inline-color has-vivid-red-color\">12 Juin en continu<\/span><\/strong><\/p>\n\n\n\n<p><a href=\"https:\/\/www.mediapart.fr\/journal\/france\/110621\/hold-19h-parcoursup-la-necessite-d-optimiser-son-dossier-un-poison-pour-les-lyceens-et-les-enseignants\">Parcoursup: la n\u00e9cessit\u00e9 d\u2019\u00aboptimiser\u00bb son dossier, un poison pour les lyc\u00e9ens et les enseignants<\/a> (M\u00e9diapart)<\/p>\n\n\n\n<p><a href=\"https:\/\/www.arretsurimages.net\/articles\/intrusion-dans-un-lycee-et-le-recit-mediatique-sinversa?utm_source=gazette%2B-%2B\">Intrusion dans un lyc\u00e9e et le r\u00e9cit m\u00e9diatique s\u2019inversa<\/a> (Arr\u00eat sur image)<\/p>\n\n\n\n<p><a href=\"https:\/\/www.lemonde.fr\/societe\/article\/2021\/06\/10\/le-senat-adopte-une-proposition-de-loi-creant-un-titre-restaurant-etudiant_6083638_3224.html\">Le sous-financement chronique des universit\u00e9s doit cesser selon la CNCDH (<\/a>Le Monde)<\/p>\n\n\n\n<p><a href=\"https:\/\/blogs.mediapart.fr\/jean-marc-b\/blog\/110621\/premiere-greve-des-crop-tops\">Premi\u00e8re gr\u00e8ve des crop tops ! <\/a>-Jean-Marc B<\/p>\n\n\n\n<p><a href=\"http:\/\/link.listes.cafepedagogique.net\/m\/surl\/200138\/509820\/CkKNGYA03VQU23lOPI6mC3FKF-B12viezBEiZxMr5xU=\/link_4\/-yuRp4gG+pV+6ncs5Ic0TierRve8vTQb6oHtnyfqkg0M9by-iCwDi0gEet3Dp20fUiGO07x07VSMRGvbtLstHoHZQ5ClkjB2sPEjaT5JN4vXBUPV3h9E3FGYyrBy8PuJq75ntUjmDNpzbf6PEhVtnU+7NkRqQFIIWOJpXNQgaPVvnwcHsPWmhD7vXeagO1kvZdN0bYwJscRCoAEIQEyNw-h5QOKVFWMg921OpVZagv9t231pK0+de7BBX7Qz-rar9qMkP+zLuNhFqRT4Y7m88BOhv2BGRczLOvdPqRPcHj3HEg3RidZA3JyQ16bTXrTh\">Eco-d\u00e9l\u00e9gu\u00e9s : Le rapport light de Brune Poirson<\/a> (Caf\u00e9 p\u00e9dago)<\/p>\n\n\n\n<p><a href=\"http:\/\/link.listes.cafepedagogique.net\/m\/surl\/200138\/509820\/CkKNGYA03VQU23lOPI6mC3FKF-B12viezBEiZxMr5xU=\/link_5\/bstcSnStv9dvcQx-vU5VvdRd62OM6Jcq1HBKPaNksvPCXeh-j9CtMZR7PwXuF4LuYtvPGJzdK9escXz81q2NnP8zCgF3o5l9N+JNfO4ib8WYTYKvIMdtnPDJXP7PRfkBLmIYMNtSjxirgb2r3SkXHJGXGoGMzcIfOnDoa4qxMoeTZmkXA7bWkcD6q3pi83SWoh+ToaLaREfzOdBcgC+PRsBCqo8W2p-DmX8AMqDl3VXwo9goznLAb0ox8IZZsQ2JfMlZ8OvZFFz0GTLYukjgA7S-I44EiBn-K65AzMJcjCWPUpP6TaYvdHoq1izVT1H8\">Apr\u00e8s la manif, les infirmi\u00e8res en attente des propositions du ministre<\/a> (Caf\u00e9 p\u00e9dago)<\/p>\n\n\n\n<p><a href=\"http:\/\/link.listes.cafepedagogique.net\/m\/surl\/200138\/509820\/CkKNGYA03VQU23lOPI6mC3FKF-B12viezBEiZxMr5xU=\/link_6\/FLw1lBPGNnTrKPwboYYCx24u4NWttuQ2ID8meJOFFAC39pvAOaX1qHlUiKBMLwaCdd2QCbNYMXiRgBYam5297bRQHriGKubRLIYxuSbGWD3BkXIgspm2dKVZ4gcDAW7z4F5Gp0NDjsop9Syq1becOoJUqyLROzUf22OFUgnDfISFJ9XmKjw5xTE2xyqVnxIyP0jXZpnrQbN9dgGjqP7Y-qPjON57S0e+gd8ljJZJxfcLGGhPpsvCm-Q0wAL79emElCwpGLVWeNBF3JJ1oBj-FXpIA-yIKJ9KGv6j9Qj+RQOf1i2or32IGWciYt5GBCXK\">Des syndicats enseignants appellent \u00e0 une journ\u00e9e \u00ab\u00a0pour les libert\u00e9s\u00a0\u00bb le 12 juin<\/a> (Caf\u00e9 p\u00e9dago)<\/p>\n\n\n\n<p><a href=\"http:\/\/link.listes.cafepedagogique.net\/m\/surl\/200138\/509820\/CkKNGYA03VQU23lOPI6mC3FKF-B12viezBEiZxMr5xU=\/link_10\/YB5-sJva+DF4ROxeLT7N5U5Tm3UQgRTezoyGJatikHP1QfrHj+8vFVi2rLT7jgBr+6mrjOXpx-L67oSd4OiccA7s8FGVsVXWzOhB-o+844oYkU6QNWFSm5t3wFNPImal67mbtC0+403JGZdkRR-WWZx7pYLMiNSm3ad93gn3Njok+Re64rGigBWJ0JvPOkVVxGsGMDl1JZ0QzZ6vfiOUDjcdb5zdbqQhf35vzofP6Pm-6Ti9k76xZPJuM3s8gsVXzpiekVRyORNHAeCacl2IDAJDpJ4W2BGrzGk3fuzlT-BWTXRg4Wq2U35zSiPPFVCh\">Bac : Un sujet controvers\u00e9 en SES<\/a> (Caf\u00e9 p\u00e9dago)<\/p>\n\n\n\n<figure class=\"wp-block-image is-resized is-style-default\"><img data-recalc-dims=\"1\" loading=\"lazy\" decoding=\"async\" src=\"https:\/\/i0.wp.com\/static.mediapart.fr\/etmagine\/default\/files\/2021\/05\/07\/ecriture-inclusive-1.jpg?resize=504%2C355&#038;ssl=1\" alt=\"\u00c9criture inclusive \u00a9 Claire Robert\" width=\"504\" height=\"355\" title=\"\u00c9criture inclusive \u00a9 Claire Robert\"\/><\/figure>\n\n\n\n<p><strong><span class=\"has-inline-color has-vivid-red-color\">11 Juin en continu<\/span><\/strong><\/p>\n\n\n\n<p><a href=\"https:\/\/www.humanite.fr\/parcoursup-les-mauvais-calculs-du-ministere-de-lenseignement-superieur-710278#xtor=RSS-1\">Parcoursup : les mauvais calculs du minist\u00e8re de l\u2019Enseignement sup\u00e9rieur<\/a> ( L\u2019Humanit\u00e9)<\/p>\n\n\n\n<p><a href=\"http:\/\/t.nl.francetvinfo.fr\/r\/?id=h697a54d9,645343d9,5f0fffa0\">Parcoursup : \u00ab\u00a0C&rsquo;est un moment de stress tous les matins\u00a0\u00bb, racontent des \u00e9l\u00e8ves sur liste d&rsquo;attente<\/a> (France Info)<\/p>\n\n\n\n<p><a href=\"https:\/\/www.maif.fr\/files\/live\/sites\/maif-fr\/files\/pdf\/enseignants\/votre-metier-en-pratique\/maif-ecole-dehors.pdf\">\u00c9cole dehors&nbsp;: un grand bol d\u2019air<\/a> (Ma\u00eff)<\/p>\n\n\n\n<p><a href=\"http:\/\/t.nl.france3.fr\/r\/?id=h6989981c,64540a0a,5f100906&amp;p1=726375-1572221694-b4c8daad\">&nbsp;Activit\u00e9s scolaires&nbsp;: face aux contraintes sanitaires, les \u00e9coles du Limousin se sont adapt\u00e9es <\/a>&nbsp;(France 3 Aquitaine)<\/p>\n\n\n\n<p><a href=\"https:\/\/blogs.mediapart.fr\/observatoire-international-des-prisons-section-francaise\/blog\/100621\/la-fracture-numerique-nouvelle-galere-des-etudiants-de\">La fracture num\u00e9rique, nouvelle gal\u00e8re des \u00e9tudiants d\u00e9tenus <\/a>(Observatoire des prisons)<\/p>\n\n\n\n<p><a href=\"http:\/\/link.listes.cafepedagogique.net\/m\/surl\/200138\/509802\/R2UOEaS2KwBR0P-4y1NZNHFKF-B12viezBEiZxMr5xU=\/link_4\/FKsEvMB9Kb3SH1ojLnNh7yRgKgVpUfd-D49tpcelySzsb-WDXl1bRR-M2tFeXt4jIKbr4B03a-PEsNvoraKAZSF91GBajA1TZSuDJfW5iQ9bVn2uljCCqrjLJRATJjyVePrp2sEdAMt5rlEo7ZpC6S4inzEL-vAXARIJ3ajuksPKcgKGzFwUHfFZfMm9fqSJFz0MXCRYYK1pT+qycpju+Fjui6rzbboGZma-ymFhrxG3QAdrzlKdU1787kc3VWpyZfFD+ROQsspcHfzX-wNmWIaeaP0CixmqpD7l4N+SrkmEEQBe-XfixYhUTAJvybxd\">Premier degr\u00e9 : Le Snuipp Fsu et les cr\u00e9ations de postes de la rentr\u00e9e<\/a> (Caf\u00e9 p\u00e9dago)<\/p>\n\n\n\n<p><a href=\"http:\/\/link.listes.cafepedagogique.net\/m\/surl\/200138\/509802\/R2UOEaS2KwBR0P-4y1NZNHFKF-B12viezBEiZxMr5xU=\/link_5\/qJGr5aqwq3dSAXt69ENi-3cOVE73+v0yXJngZkXsp440YR43jICGuwDn4jn21Bh0U3WbkBRJMAWKddq4s+u86PUGzhq6KefKz7A+0ySDgkrPsy656uGvMlfIYtcB4GQQYr9dTowL5gk6PKtb5eHQrRPFoAdske6XC2p+1JOquTCH6nVKs5M+pDcRJL6DQluUnzNQhqF649q5KQ56nbwl-l9zf3nnszD0P5fae314ywESA9u0Ub-cclGrYsErk4yRr+utroEo+909CUWMbdVKdC6W8yFs6EOFsPkrozkzoPZtBxxYzT-MNzjekUbCJdOu\">Bac : Un d\u00e9cret confirme les cadeaux au priv\u00e9 hors contrat<\/a> (Caf\u00e9 p\u00e9dago)<\/p>\n\n\n\n<p><a href=\"http:\/\/link.listes.cafepedagogique.net\/m\/surl\/200138\/509802\/R2UOEaS2KwBR0P-4y1NZNHFKF-B12viezBEiZxMr5xU=\/link_6\/DTIpjtQq0LaoGMEav8OUm82tdU-UoPgmWf-PpTxXSo9XmeO7jc1fXwyMyXl1SgT-Xw-MJEdUF1EJgr4756nTVxjsTz6RVRfkJ9rzAJbGGlT02aqXUmTrrPKyuIUkznp5g1Iv5yPSQs6VBH1vG85+Q7WFiUay0Po0TglPD20EwZctmjwJrow0y74Z6rfE92VSLCKk+xZJKrY0y4cebDzik9Z5V+bvdZayg5iAAz3kNl66WCcFBNvDPlrimsExWArzMkXnT-2oaKRn+d5gHDhrrvyoNUm60ufZDgwHmLef7wLJFHPxfTcFtnifbzUg47su\">L&rsquo;association Vigie de la la\u00efcit\u00e9 poursuit le combat de l&rsquo;Observatoire<\/a> (Caf\u00e9 p\u00e9dago)<\/p>\n\n\n\n<p><a href=\"http:\/\/link.listes.cafepedagogique.net\/m\/surl\/200138\/509802\/R2UOEaS2KwBR0P-4y1NZNHFKF-B12viezBEiZxMr5xU=\/link_8\/WxxKVq0672x+fVgX7D3uHHm+r65vw3m7TMTlGHQlO7KofTtN8USijfd+hNLYGLuHaxwRf9BVkb45ERg434tuJcF24w4ByOol5u-QgH2Rb4l11Fj4R3r3a24E5i-CvXK8-bnRrk5-IVNy7LAyWJlMb7BPC-Y+Reb9Tuw6nBmwm27KukCijMl-6k5k0lVV48S1v2oymjrGemayh9sL12-RKFhdKrZPc-R5+tacNYJNpl4bC5hkpUHNfReYwMzry1mbhgC-JJgm0Ey64mB1zyIcqwDNjgkGZjxXmFsVBCmXCce7ktkKJBYVEvwV+k-R2wph\">Loi s\u00e9paratisme : L&rsquo;instruction en famille en col\u00e8re<\/a> (Caf\u00e9 p\u00e9dago)<\/p>\n\n\n\n<p><a href=\"http:\/\/link.listes.cafepedagogique.net\/m\/surl\/200138\/509802\/R2UOEaS2KwBR0P-4y1NZNHFKF-B12viezBEiZxMr5xU=\/link_10\/6YK0CZmn0wWlM2-zgKJgfjc0A8g8tTRcIneyq8XOjUwG61Wog1nrAS4oHqxkePtfe7Nbwh+kUkC8KcPUFLd2gI-hE0zvGEza3d+PsHSBYne10OZksteQ+wVGGIPfAH57tsciZRJJKWk9rppCaHkNpSUfPRnqIEjQ++M9kPhFv84evSPPGb4KqgyaH614OfL4C5okLa2dLVmgUa52asJfLbm2fziXshbXtS4k8XAayKlWCTsTgT4By7paCypwkdL3etNjmGARsH7i9hk7iJvobfzHUxXn-CQ8YBGWp57mZdP4X+xt0HhDTTZAyrFJqtC8\">Qu\u00e9bec postcolonial : Les traumatismes autochtones entrent en classe<\/a><\/p>\n\n\n\n<p><a href=\"https:\/\/blogs.mediapart.fr\/observatoire-international-des-prisons-section-francaise\/blog\/100621\/la-fracture-numerique-nouvelle-galere-des-etudiants-de\">La fracture num\u00e9rique, nouvelle gal\u00e8re des \u00e9tudiants d\u00e9tenus <\/a>(Observatoire des prisons)<\/p>\n\n\n\n<p><strong><span class=\"has-inline-color has-vivid-red-color\">10 Juin en continu<\/span><\/strong><\/p>\n\n\n\n<p><a href=\"https:\/\/www.caminteresse.fr\/psychologie\/suicide-des-adolescents-comment-prevenir-le-passage-a-lacte-11165386\/?utm_campaign=pm\">Suicide des adolescents comment pr\u00e9venir le passage \u00e0 l \u2019acte<\/a>&nbsp; (\u00c7a m\u2019int\u00e9resse)<\/p>\n\n\n\n<p><a href=\"https:\/\/www.liberation.fr\/societe\/education\/education-nationale-silence-blanquer-avance-dans-lindifference-20210607_GUCZRPRT6BGOPIOBKFRQYFQGAE\/?xtor=EREC-22-%5BPromo_edito_2mois_1euro_09_06_21%5D-&amp;actId=ebwp0YMB8s1_OGEGSsDRkNUcvuQDVN7a57ET3fWtrS-BZTnJXEpmvD3FHevHTtg-&amp;actCampaignType=CAMPAIGN_MAIL&amp;actSource=509790\">R\u00e9formes dans l\u2019\u00c9ducation nationale&nbsp;: Silence,Blanquer avance dans l\u2019indiff\u00e9rence<\/a>&nbsp; (Lib\u00e9ration)<\/p>\n\n\n\n<p><a href=\"http:\/\/link.listes.cafepedagogique.net\/m\/surl\/200138\/509774\/3jzS82m0cu6cSORDwPd3LXFKF-B12viezBEiZxMr5xU=\/link_3\/vHmIokL2rFKUHeKxXQN-ZwFe9hm0ZsgwDakw6Cy77Hr6YuNaE10+zGPtRrNXlyRRqkRSMHTwReNK6JLdWEl-NQQ1ihAc72j-0wcKGKj5oXn5XOrvYuG7ZV3qI78iM0GWVUCoVxqNcMtg5RnhYMgffiOYnpZ7kbciF8CyXxP1MY0sewYR6Xxknv4Lc4NmzEk0Nfe4iJFdix3K2mDgpbZrlYpHTgx2Wb8tbGoLGThlPh8AYrT9n52tvfhqxr+uZ1kPoFWZTvXfdDDKaX8ZxIpjibHo7OwfHwFevNFWdXjKLcElzqGATXI8hiItXl4YJsI8\">Quand les gar\u00e7ons fatiguent les profs&#8230;<\/a> (Caf\u00e9 P\u00e9dago)<\/p>\n\n\n\n<p><a href=\"http:\/\/link.listes.cafepedagogique.net\/m\/surl\/200138\/509774\/3jzS82m0cu6cSORDwPd3LXFKF-B12viezBEiZxMr5xU=\/link_4\/ujKUSXYHaVrP7WzkRvTGtMIcNPx088k8PBotYI1Y1mqvezdxGSDf2Zg0Fo29Q2vl5ShxkV0Xd-OyyqzuOMHu4lJ3ascl1E0NScPgLt2iJtCCxbi4eXI7elMFe72poudGMU1JDCRhEf-Ni8qOEZU80lZPjM-v6aNTk7nKHC4jOORunqZpRln-1Kmft-pfUyot09-0op-rz8vGIq9IRZFuaZiOV93MyhrCGrR4cl92Jkwfkyf0ThNZFtAQrDINTMLX2ubJH1dmx93qFaJiToStRS08cmcOVinBMgftiQno3fKvdiWe7soL1LEx8-NMQhJc\">Infirmi\u00e8res scolaires : Les raisons d&rsquo;une gr\u00e8ve<\/a> (Caf\u00e9 P\u00e9dago)<\/p>\n\n\n\n<p><a href=\"http:\/\/link.listes.cafepedagogique.net\/m\/surl\/200138\/509774\/3jzS82m0cu6cSORDwPd3LXFKF-B12viezBEiZxMr5xU=\/link_5\/Y-tQedikRzNech4IjgWAE+w0v8GxJImcyHPmZWQpZzl86f1ITk7ctLJ8GzQ0hfV2zAIprwNF1hSX9aik+FgD7yUGHFEOLEA9hLNFbypebXyNI8ljM2KSZiqObppONddX1o05xy9SXbYgiVpm7q12GVrJ0TNlPGjnim0nwHGJ4IODYqiQQqJJ9UQxJVkkgdkjc-qgjGuzOlaQiu49K3LtV4X45IAP7MFGtBsXS0c88fj25D+UIu2dJUPydMfdyyBv1C56WaSpfNYY3g0hsXjXfLFgsWp-TWsQL+GcEfhwpoU2h6EnW1OTe+xDt+8p5ssF\">Bac : d\u00e9j\u00e0 des dysfonctionnements<\/a> (Caf\u00e9 P\u00e9dago)<\/p>\n\n\n\n<p><a href=\"http:\/\/link.listes.cafepedagogique.net\/m\/surl\/200138\/509774\/3jzS82m0cu6cSORDwPd3LXFKF-B12viezBEiZxMr5xU=\/link_8\/2hJGm+J8G+Urq0ifp8jIoA6hFBZQkYodBWtCWCxXBsoE4AoTw1HLO4tnCNl+MheSuqKAHwuwRuynpZe5DAa3mr8FQCkaHFRlclUO-p8dmv9shaYO6GHtiWv24GGvt8BsYjgwxvO585f84ysSFbvqixLrDmquAWzAEgMBrEp1-LGuPCW30y7R0KKJ7VMSLiA-dVilBtHqUcbrBy8AdrR6YwDko24Wnco49U7KVTu5NW1HKMiI9Ihl2xaQ0WFxU5rF0poQSoBgZFf9Hpg2eG9AeDIMCUJ2H+QFftjmOcyogD4+mUQ7QXkbMqlvlkTJww4b\">Contr\u00f4les au faci\u00e8s : Les lyc\u00e9ens d&rsquo;Epinay gagnent en appel<\/a> (Caf\u00e9 P\u00e9dago)<\/p>\n\n\n\n<p><a href=\"http:\/\/link.listes.cafepedagogique.net\/m\/surl\/200138\/509774\/3jzS82m0cu6cSORDwPd3LXFKF-B12viezBEiZxMr5xU=\/link_9\/OWpgOk0Ac8cDWPj1PGOASL2tGezBM0L0ExVJFuAjen9jfvQTdGEzAexiFW9aMyFsxV4986puny2I78zqmJo6DAX5ELOKQ2T7v4IsTlqhZ07KnXBVS81ijxC77yAATAmdxYJNIUEDpIKogIricAXneo4bsyd-VdyagsfmuNbrsj-e6jsVcowlqMrSDjraI3PUcGKFyxdf+sT8oC-DxYDKowapfK3og1DLARigpcYFkNM+AB2vJgr7X-Y3xTTucC0ZdMrKG+R-vhpstxvf7zlnGN8kSGpWv-Dw56w97l33SamqzHYGkmajdT4EwkBsM2Mn\">Un coll\u00e9gien interrog\u00e9 par la police dans son \u00e9tablissement<\/a> (Caf\u00e9 P\u00e9dago)<\/p>\n\n\n\n<figure class=\"wp-block-image is-resized is-style-default\"><img data-recalc-dims=\"1\" loading=\"lazy\" decoding=\"async\" src=\"https:\/\/i0.wp.com\/static.mediapart.fr\/etmagine\/default\/files\/2021\/05\/12\/mode-degrade-hd.jpg?resize=366%2C382&#038;ssl=1\" alt=\"Mode d\u00e9grad\u00e9 \u00a9 Claire Robert\" width=\"366\" height=\"382\" title=\"Mode d\u00e9grad\u00e9 \u00a9 Claire Robert\"\/><\/figure>\n\n\n\n<p><strong><span class=\"has-inline-color has-vivid-red-color\">9 Juin en continu<\/span><\/strong><\/p>\n\n\n\n<p><a href=\"https:\/\/blogs.mediapart.fr\/espinosac\/blog\/080621\/avec-les-aesh-pour-la-separation-de-la-precarite-et-de-letat\">Avec les AESH, pour la s\u00e9paration de la pr\u00e9carit\u00e9 et de l&rsquo;\u00c9tat&nbsp;!<\/a>&#8211; Espinosa.C<\/p>\n\n\n\n<p><a href=\"https:\/\/www.mediapart.fr\/journal\/france\/080621\/parcoursup-les-combines-des-etablissements-du-superieur-pour-trier-les-eleves\">Parcoursup: les combines des \u00e9tablissements du sup\u00e9rieur pour trier les \u00e9l\u00e8ves<\/a> (M\u00e9diapart)&nbsp;<\/p>\n\n\n\n<p><a href=\"https:\/\/www.monde-diplomatique.fr\/2011\/01\/RIMBERT\/20013\">La pens\u00e9e critique dans l&rsquo;enclos universitaire<\/a> &#8211; Pierre Rimbert (Le Monde diplomatique)<\/p>\n\n\n\n<p><a href=\"https:\/\/blogs.mediapart.fr\/eric-fassin\/blog\/060621\/la-savante-et-le-politique-defense-et-illustration-des-libertes-academiques\">La savante et le politique. D\u00e9fense et illustration des libert\u00e9s acad\u00e9miques <\/a>-Eric Fassin<\/p>\n\n\n\n<p><a href=\"https:\/\/blogs.mediapart.fr\/jean-bauberot\/blog\/070621\/ce-que-le-militantisme-fait-la-recherche-reponse-de-nathalie-heinich\">\u00ab&nbsp;Ce que le militantisme fait \u00e0 la recherche&nbsp;\u00bb&nbsp;:&nbsp;r\u00e9ponse de Nathalie Heinich <\/a>-Jean Baub\u00e9rot<\/p>\n\n\n\n<p><a href=\"https:\/\/www.questionsdeclasses.org\/empechee-de-donner-cours-parce-quelle-portait-un-masque-aux-couleurs-arc-en-ciel\/?email_id=6&amp;user_id=1&amp;urlpassed=aHR0cHM6Ly93d3cucXVlc3Rpb25zZGVjbGFzc2VzLm9yZy91bi1wYXMtZGUtcGx1cy1kYW5zLWxhLXJlcHJlc3Npb24tYW50aXN5bmRpY2FsZS8&amp;controller=stats&amp;action=analyse&amp;wysija-page=1&amp;post=empechee-de-donner-cours-parce-quelle-portait-un-masque-aux-couleurs-arc-en-ciel\">Un pas de plus dans la r\u00e9pression antisyndicale<\/a> (Q2C) <\/p>\n\n\n\n<figure class=\"wp-block-image size-large is-resized is-style-default\"><img data-recalc-dims=\"1\" loading=\"lazy\" decoding=\"async\" src=\"https:\/\/i0.wp.com\/www.rdpemancipation.org\/wp-content\/uploads\/2021\/06\/silence.macron.png?resize=269%2C386&#038;ssl=1\" alt=\"\" class=\"wp-image-32664\" width=\"269\" height=\"386\" srcset=\"https:\/\/i0.wp.com\/www.rdpemancipation.org\/wp-content\/uploads\/2021\/06\/silence.macron.png?w=237&amp;ssl=1 237w, https:\/\/i0.wp.com\/www.rdpemancipation.org\/wp-content\/uploads\/2021\/06\/silence.macron.png?resize=209%2C300&amp;ssl=1 209w\" sizes=\"auto, (max-width: 269px) 100vw, 269px\" \/><\/figure>\n\n\n\n<p><a href=\"https:\/\/www.questionsdeclasses.org\/empechee-de-donner-cours-parce-quelle-portait-un-masque-aux-couleurs-arc-en-ciel\/?email_id=6&amp;user_id=1&amp;urlpassed=aHR0cHM6Ly93d3cucXVlc3Rpb25zZGVjbGFzc2VzLm9yZy9wYXJvbGVzYWVzaC8&amp;controller=stats&amp;action=analyse&amp;wysija-page=1&amp;post=empechee-de-donner-cours-parce-quelle-portait-un-masque-aux-couleurs-arc-en-ciel\">Paroles d&rsquo;AESH &#8211; gr\u00e8ve du 3 juin<\/a> (Q2C)<\/p>\n\n\n\n<p><a href=\"https:\/\/www.questionsdeclasses.org\/empechee-de-donner-cours-parce-quelle-portait-un-masque-aux-couleurs-arc-en-ciel\/?email_id=6&amp;user_id=1&amp;urlpassed=aHR0cHM6Ly93d3cucXVlc3Rpb25zZGVjbGFzc2VzLm9yZy9zdGFnZS1kZS1wZWRhZ29naWUtaW5zdGl0dXRpb25uZWxsZS1kdS0xNy1hdS0yMi1hb3V0LTIwMjEtYS1tb3phcy1lbi1pc2VyZS8&amp;controller=stats&amp;action=analyse&amp;wysija-page=1&amp;post=empechee-de-donner-cours-parce-quelle-portait-un-masque-aux-couleurs-arc-en-ciel\">Stage de P\u00e9dagogie Institutionnelle, du 17 au 22 ao\u00fbt 2021, \u00e0 MOZAS en Is\u00e8re<\/a> (Q2C)<\/p>\n\n\n\n<p><a href=\"http:\/\/link.listes.cafepedagogique.net\/m\/surl\/200138\/509745\/jG-aNs55OOak7h5rAEra4HFKF-B12viezBEiZxMr5xU=\/link_4\/bxRXpbXNpkLNvA+yC+NPNYW8NvW8TPgMIdgfrppQUXM3d7fhigNqcagRJ3uGrKB8VY-rbCcMPeNzl0DYyOP+5GFzDXpHPP3Z4kwvHlV3-ZS6Bf6clh66ARjIsYIuvJtYgJfx1JcvFfOtuhrrdJya+4Yow8YoHuh2q6PsXWzY2BihdI9XNc0C1PWxbaHASu3Om-Bxc7zFGVVsN8EUyHx2+nyvGATOfNkJ39Me4hOCsnJejLggM5RDl5ynpk5CZPWTpdLJNm76UU3tpqNEoL69YT2fmdYT2fk10tWJNbYAGVecr2-dBiXJTWYmZmvSGAzP\">Num\u00e9rique : Vieilles formules et constat s\u00e9v\u00e8re de l&rsquo;Inspection g\u00e9n\u00e9rale<\/a> (Caf\u00e9 P\u00e9dagogique)<\/p>\n\n\n\n<p><a href=\"http:\/\/link.listes.cafepedagogique.net\/m\/surl\/200138\/509745\/jG-aNs55OOak7h5rAEra4HFKF-B12viezBEiZxMr5xU=\/link_5\/wfqjSPZT9HSR05s70mni6KYIJkFKWqsS2kAQOw+GHOqLnNSyuPNoqrRcphIHaJUbcJnjVQsUDq3-K2ENUZ9Y0bYeqenCuCScmuN1gw9ND-ZW6HLzpY5JryR6A129V2+9kg0gFGIQOIArXbDbNGSCKWmNv7LDm9m8VD5rfkXNfQlIrxSCBGTiWhcnZa9SVN6P53iIEqudRf4QPY5BgEJxHJJRdE6WEXV3mmck4PnpcPuT5DiWZnUy111z56dBo9ExT2GCIlMoWGkzxsZ0TNqXhvMKbFsU8yrCFfKbIokPhcxZ9EoJFOpGvYMh6w8TVJrn\">Pauvret\u00e9 : Le Se-Unsa d\u00e9monte les propos de N Elimas<\/a> (Caf\u00e9 P\u00e9dagogique)<\/p>\n\n\n\n<p><a href=\"http:\/\/link.listes.cafepedagogique.net\/m\/surl\/200138\/509745\/jG-aNs55OOak7h5rAEra4HFKF-B12viezBEiZxMr5xU=\/link_6\/nNoIwvuoxsczISo6OPMljOCkzqPKiYejzBzmUrdcivhLyY9Nb8y4ZIUt04z257KOfCk3HlN0EU4ABUyoOzaXNDAzjX6Qmi65wV8o8xZ2BNBiZiQWBOV-16nYjhTiAOXiyb9CNRZvIk3hp9o-qJgOEFlBOS9d7Pr9CE-LIn-oEWC1Lj172G5-za4FbOK7Z5x9ow5+Ke6ojtd8PHCgb1xKvvjBqtTL3fmQ10elRbhoGemVwuHaTg5PeXAYa3KLLW3YvOKyTVGMovRKVRHyK8O2VexHcgauMguAWkynT1Uu4bbxXnCWerdhMA88vd4Chpcw\">Faut-il vacciner les adolescents \u00e0 l&rsquo;\u00e9cole ?<\/a> (Caf\u00e9 P\u00e9dagogique)<\/p>\n\n\n\n<p><a href=\"http:\/\/link.listes.cafepedagogique.net\/m\/surl\/200138\/509745\/jG-aNs55OOak7h5rAEra4HFKF-B12viezBEiZxMr5xU=\/link_7\/1xHa68WIEbgJALFI356waKsiC8nwakQhKr22CVd03UCi5qzCD2W-5ztta1aT+2c88qfZzuw66XHPibrzxVElaWf2ksSdy11NZkJqXMqX05XiRHcMihkeEOsV2gR6zfXaX4mXiipzTxfjLKh3b5pblLPTfd99940a9WSfyJGUKxkdMbTENo6cAXLidoklPORZCYmCiW8cJoLOJilff0QH6P-0W0OOd59f4FwWI7z6ACjhzIt12UMaDuE9osiW2+IdN3ZXLoKjX5VXTjmaCtvBfcsDjl0P1Bd3reEMdBrIt+IyoTl7oJXgZA1V4qq0hjs9\">Des enseignants fich\u00e9s dans les Pyr\u00e9n\u00e9es orientales ?<\/a> (Caf\u00e9 P\u00e9dagogique)<\/p>\n\n\n\n<p><a href=\"http:\/\/link.listes.cafepedagogique.net\/m\/surl\/200138\/509745\/jG-aNs55OOak7h5rAEra4HFKF-B12viezBEiZxMr5xU=\/link_3\/kdxwVjeNVsgMIjjH3ELqpgwl4rTZzaJOjQcp8qezTeHk3+LM9QHq64tZQoqN37UAoyRiGkfwqO13WSoYEcUlqJhq2567A9HiemvvKiITds847lySFpHikDVcy5W9bEq1pqRZ7p2YNOgn+uWmI1djAou6gt2ip0KP1b1yBiQ6QGLId+SrlX9qdiRZpaYjl4OwWgueWcuA7ZTNpnHLViwIgOq4FXTOmT3bGp17SteLflR8MnMcxgPIkyUMeI-yP6Qs+kj0qaIIkqMTr2xYC3kU19szjKWjMPnAOymgZ99Pse5MIq1wLO8CsxhmP1J0LS5Y\">2019: salaire des enseignants inf\u00e9rieur d&rsquo;un quart \u00e0 celui des autres fonctionnaires de cat\u00e9gorie A<\/a> (Caf\u00e9 P\u00e9dago)<\/p>\n\n\n\n<p><a href=\"https:\/\/www.questionsdeclasses.org\/empechee-de-donner-cours-parce-quelle-portait-un-masque-aux-couleurs-arc-en-ciel\/?email_id=6&amp;user_id=1&amp;urlpassed=aHR0cHM6Ly93d3cucXVlc3Rpb25zZGVjbGFzc2VzLm9yZy9iaWVudG90LWRpc3BvbmlibGUtZXRpbmNlbGxlcy1wZWRhZ29naXF1ZXMv&amp;controller=stats&amp;action=analyse&amp;wysija-page=1&amp;post=empechee-de-donner-cours-parce-quelle-portait-un-masque-aux-couleurs-arc-en-ciel\">\u00c9tincelles p\u00e9dagogiques, nouveau titre de la collection N&rsquo;Autre \u00e9cole<\/a> (Q2C) X<\/p>\n\n\n\n<p><a href=\"https:\/\/www.questionsdeclasses.org\/empechee-de-donner-cours-parce-quelle-portait-un-masque-aux-couleurs-arc-en-ciel\/?email_id=6&amp;user_id=1&amp;urlpassed=aHR0cHM6Ly93d3cucXVlc3Rpb25zZGVjbGFzc2VzLm9yZy9ncmVuZWxsZS1kZS1sZWR1Y2F0aW9uLXVuLW1pbmlzdHJlLWVuLWF1dG9ub21pZS10b3RhbGUv&amp;controller=stats&amp;action=analyse&amp;wysija-page=1&amp;post=empechee-de-donner-cours-parce-quelle-portait-un-masque-aux-couleurs-arc-en-ciel\">Grenelle de l\u2019\u00e9ducation : un ministre en autonomie totale !<\/a> (Q2C)<\/p>\n\n\n\n<figure class=\"wp-block-image is-resized is-style-default\"><img data-recalc-dims=\"1\" loading=\"lazy\" decoding=\"async\" src=\"https:\/\/i0.wp.com\/static.mediapart.fr\/etmagine\/default\/files\/2020\/10\/26\/blanquer-surfant-sur-lislamogauchisme-allegorie.jpg?resize=413%2C413&#038;ssl=1\" alt=\" \u00a9 Remedium\" width=\"413\" height=\"413\" title=\" \u00a9 Remedium\"\/><\/figure>\n\n\n\n<p><strong><span class=\"has-inline-color has-vivid-red-color\">8 Juin en continu<\/span><\/strong><\/p>\n\n\n\n<p><a href=\"https:\/\/blogs.mediapart.fr\/olivier-ertzscheid\/blog\/030621\/parcoursup2021-sucks-encore-plus-que-dhabitude\">Parcoursup2021 sucks, encore plus que d\u2019habitude<\/a> -Olivier Erstscheid<\/p>\n\n\n\n<p><a href=\"https:\/\/positivr.fr\/harcelement-scolaire-referents-college-lycee\/\">Harc\u00e8lement scolaire r\u00e9f\u00e9rents coll\u00e8ge lyc\u00e9e <\/a>&nbsp; (Positivr.fr)<\/p>\n\n\n\n<p><a href=\"http:\/\/link.listes.cafepedagogique.net\/m\/surl\/200138\/509710\/xGkKFg9ofkpoiNJ3putORnFKF-B12viezBEiZxMr5xU=\/link_4\/d-i85Luhw8RNhcPRF+YFcNRt8cJDBC4a0JEmpeJgHjsaeePHhDuOjZrAV9IuzXI1hqbp9sbcWAWmsZfSKqbC0ju8jwP0x7dzCslvXy6VcJ4wyz3aC3myRNHTxu79ZZFhd1ic4uQU+J5pB75vUzPf7CZmCDnaASLJ2YMK-+7FI-7XSwoySL3mCyKGBR7fZ0Iu4XyK0bTEmiJbfS+RdX6ogvSKr7v+ATKYhFfEZaUlQT3fyS0ld9nTZxQ9mejYQjJldb8RW+uvHk3izUbiwU3dhZxJyUbtBTubzRzcLHXoh8cjdEoY3K7gN2VVI0P7fjb8\">Budget : Blanquer la revalorisation et les 600 millions&#8230;<\/a> (Caf\u00e9 P\u00e9dagogique)<\/p>\n\n\n\n<p><a href=\"http:\/\/link.listes.cafepedagogique.net\/m\/surl\/200138\/509710\/xGkKFg9ofkpoiNJ3putORnFKF-B12viezBEiZxMr5xU=\/link_5\/8bES0BV03Qt2OqNqti-78RLm8GcUR+gyELc5uHGY9dhy7mBImFvsDUqtdowKTb69XJ4Hxmik5Wg4wemRlsCDFlpkGQ8ZsRgyJDY+XYdo6pt6AloTbiukBX8QPzeBul3IBiiVILr00oK0eUUFx2PtBAJ8UQaoVpFhN8ZPTsz23DM8KXxqYxJlP57soylTPYPhNSn7Vge8S6QZ3RxA7MjWlTiOVB3V+9756F4+mwzdLT0PD2N-Y6iAnu5G4lcXwmFIYoUeAM6BwmlJRa-MjMQ0GDHBf2VNewKUlkXI0r3zcXPYr4nkZC8Pw93sWR0OLnqV\">Blanquer champion de la gestion manag\u00e9riale selon Lib\u00e9ration<\/a> (Caf\u00e9 P\u00e9dagogique)<\/p>\n\n\n\n<p><a href=\"http:\/\/link.listes.cafepedagogique.net\/m\/surl\/200138\/509710\/xGkKFg9ofkpoiNJ3putORnFKF-B12viezBEiZxMr5xU=\/link_8\/4mxsp7iGXF5QWL-+WMBH07yjiSJAbLfsSy4JfIQmHDc1tfWTZWMZiMF7T9CykNPQhz+7SsbvnPy9ntSxgaKPygwd1MLVel9MCNM+u2ZL-clEAQ1b6cboVaBczt5l+P+TYf8bgr6eJhFqVOylRgimNYzGRa9QNHjhmRNF27s1EAJSit1AJmKJSlxFImViyT2kzJaR1G6dmESl3wUpu3-m+rkZ96h9K4UNouanLJtFJ1eheKN1OTQGLVUtgnwaIWamZ9mk4jbnoKAJ089uEs2tbmZNM5W5ogKAAaG9axEF1yzN3I6I-wWv6AQZYURwe9YH\">L&rsquo;ICEM Freinet inquiet pour la libert\u00e9 p\u00e9dagogique<\/a>&nbsp; (ICEM) <\/p>\n\n\n\n<p><a href=\"http:\/\/link.listes.cafepedagogique.net\/m\/surl\/200138\/509710\/xGkKFg9ofkpoiNJ3putORnFKF-B12viezBEiZxMr5xU=\/link_7\/nNc0GN9CaXUYl1Wo+-lCr5IvikrGztEuJTIk30alYmBYBt86CcGWMZLp-v-ytl3QE09tozkOynxJDEAmozihoiWE4LYMxlm+7DFvOWrjb1bUuRB+7FTe7oINK3495hDlQ8bz8GowyqIlXLeEuxWeA5GmgiQA8ZQdB8Vpws7rewtDH42ic0wc3t1X9hBdVP6Ze2BSXgzmQGaeUbUht6wxcyhlqrvMQGfvIyBFMIliWmOX4Vo4T14MknFIKLWYvh5U0OVayMLoFZ1NA2bufVO0MyYMn+cyVwvCMyblC0S24ydYszOQ7PaGdWIhiJPLdK8B\">Le bac peut-il avoir lieu dans les \u00e9tablissements priv\u00e9s ?<\/a> (Caf\u00e9 P\u00e9dagogique)<\/p>\n\n\n\n<figure class=\"wp-block-image is-resized is-style-default\"><img data-recalc-dims=\"1\" loading=\"lazy\" decoding=\"async\" src=\"https:\/\/i0.wp.com\/static.mediapart.fr\/etmagine\/default\/files\/2021\/05\/30\/bah-voila.jpg?resize=447%2C355&#038;ssl=1\" alt=\"Bah voil\u00e0 \u00a9 Claire Robert\" width=\"447\" height=\"355\" title=\"Bah voil\u00e0 \u00a9 Claire Robert\"\/><\/figure>\n\n\n\n<p><strong><span class=\"has-inline-color has-vivid-red-color\">7 Juin en continu<\/span><\/strong><\/p>\n\n\n\n<p><a href=\"https:\/\/www.blast-info.fr\/articles\/2021\/tribune-pourquoi-emmanuel-macron-sinteresse-t-il-tant-au-vote-des-jeunes-n3ZXaeV0Riahvkan9TMnsA\">Pourquoi Emmanuel Macron s&rsquo;int\u00e9resse-t-il tant au vote des jeunes ?<\/a> (Blast)<\/p>\n\n\n\n<p><a href=\"https:\/\/www.humanite.fr\/bac-2021-maintien-des-epreuves-grand-oral-jean-michel-blanquer-fait-le-choix-du-pire-709322#xtor=RSS-1\">Bac 2021. Maintien des \u00e9preuves, grand oral&#8230; Jean-Michel Blanquer fait le choix du pire<\/a> (L\u2019Humanit\u00e9)<\/p>\n\n\n\n<p><a href=\"http:\/\/link.listes.cafepedagogique.net\/m\/surl\/200138\/509665\/knBuNLu2O5AZAST-Ad4NnHFKF-B12viezBEiZxMr5xU=\/link_9\/JmyAwQAZav3HK9iCHZnrSBUYzbz8LmMCTU54j2kQ2EPAv6RcLlnyyEHbVIUndBNHGRpbfRA04poIL31u29Z2Ie1WCow10n99LW4O1IQFgUrqgFGTpD5g2uq3wKsYucdRjKt0glAylfYAISDx9ahiz0939glVRybi574aUernPnqEXRGNT0SC1ej7pqVND1UXkosnV+NGAt9mO7Ces4ZDDJfKfSI-iWRWntu4UGAxID-IvN5HLXHCdmwEaIAt8wHNyugiuxdwHz7iNjJP+Djlk3+HsQB+P4ZiZ3vbYRI+0wCVh7VyG583+84VngEUZVDK\">Langues r\u00e9gionales : La DAJ conforte la d\u00e9cision du Conseil constitutionnel<\/a> (Caf\u00e9 p\u00e9dagogique)<\/p>\n\n\n\n<p><a href=\"http:\/\/link.listes.cafepedagogique.net\/m\/surl\/200138\/509665\/knBuNLu2O5AZAST-Ad4NnHFKF-B12viezBEiZxMr5xU=\/link_20\/32NTSvahwXKT1iEWrGN+85Zx+Wpdv3jvs7WGuTFsiOjIdNiyoQDv71Jf6G+Cfvrqt0qxo5YWHoSbpYOGuGp+71ygjVAb9AYYCehbhsZtyXms-JAraaMOGA5W8vs9NyslJcyhTw2M7fr9uWv6f2jBn6gkXE4h5C5rGa2htE2HakJBOMkmX88EjfO7HWyT8Gqyv9rX7AfPCa5dwMx9ltMxGIbYNrdVqcp1AVE05KGA2ZUc+VPWbdEk6hxHXiGNWukOJEPW-OWzM4DMUWf3UdfRU+O7hs7wFI2q8d4BQ3FXHwLdqB1PZIxLCUcCbLYpEvh8\">Pascal Ravenel : Un lyc\u00e9e mobilise pour l&rsquo;\u00e9galit\u00e9 filles gar\u00e7ons <\/a>(Caf\u00e9 p\u00e9dagogique)<\/p>\n\n\n\n<figure class=\"wp-block-image is-resized is-style-default\"><img loading=\"lazy\" decoding=\"async\" src=\"https:\/\/scontent.fhex4-2.fna.fbcdn.net\/v\/t1.6435-0\/p526x296\/197146021_2605229633104331_1550043063606428131_n.jpg?_nc_cat=107&amp;ccb=1-3&amp;_nc_sid=8bfeb9&amp;_nc_ohc=JTLYl2akNx0AX9P62nz&amp;_nc_ht=scontent.fhex4-2.fna&amp;tp=6&amp;oh=6e9abd6a76bfa07b815a3da162f1a5b4&amp;oe=60E17682\" alt=\"Peut \u00eatre une image de texte\" width=\"409\" height=\"409\"\/><figcaption><sub>C&rsquo;est \u00e0 Nanterre, qui a aussi d\u00e9pens\u00e9 l&rsquo;ann\u00e9e derni\u00e8re 450 000 \u20ac en peties fours<\/sub><\/figcaption><\/figure>\n\n\n\n<p><strong><span class=\"has-inline-color has-vivid-red-color\">5 Juin en continu<\/span><\/strong><\/p>\n\n\n\n<p><a href=\"https:\/\/rue89bordeaux.com\/2021\/06\/une-campagne-contre-le-harcelement-lancee-par-les-collegiens-de-gironde\/\">Une campagne contre le harc\u00e8lement lanc\u00e9e par les coll\u00e9giens de Gironde<\/a> (Rue89 Bordeaux)<\/p>\n\n\n\n<p><a href=\"https:\/\/play.acast.com\/s\/podcastine\/lamusiqueelectroausecoursdelaprecariteetudiante\">La musique \u00e9lectro au secours de la pr\u00e9carit\u00e9 \u00e9tudiante<\/a> (Podcastine)<\/p>\n\n\n\n<p><a href=\"http:\/\/link.listes.cafepedagogique.net\/m\/surl\/200138\/509665\/knBuNLu2O5AZAST-Ad4NnHFKF-B12viezBEiZxMr5xU=\/link_3\/nCP+LJpKQJWhL9GHfK5f49a3B5R4Gb9hXjN+eOaAFWlHDprgvMvezF8abWycRqUuzhCyvbl59cjmZhWyfduWu-WGMz9xJmAchdWgQvG-PCpDRHf1ktQzYv4Wqncld3sOSdy6KGZq+YQNyKqLdbAlPEhpxvrHlXiARa+JKsjIOJJjrywxbco9tVB5Tt4CqeFfiopRrDUTQ9R9SzaXylJiSlPgRFKrJLZsPdep0RLHijTRTVrrzwToMBpMgA9ckKfN6nMn-lwLz831tLTtQrwPKI-OtQ7L0iuckqm6f+8a+7wWdkGSjw1eNo3c7aP+1c0x\">Choukri Ben Ayed : La grande pauvret\u00e9 et l&rsquo;\u00e9cole : Sortir de la fatalit\u00e9<\/a> (Caf\u00e9 p\u00e9dagogique) <\/p>\n\n\n\n<figure class=\"wp-block-image size-large is-resized is-style-default\"><img data-recalc-dims=\"1\" loading=\"lazy\" decoding=\"async\" src=\"https:\/\/i0.wp.com\/www.rdpemancipation.org\/wp-content\/uploads\/2021\/06\/0406212.jpg?resize=429%2C641&#038;ssl=1\" alt=\"\" class=\"wp-image-32271\" width=\"429\" height=\"641\" srcset=\"https:\/\/i0.wp.com\/www.rdpemancipation.org\/wp-content\/uploads\/2021\/06\/0406212.jpg?w=225&amp;ssl=1 225w, https:\/\/i0.wp.com\/www.rdpemancipation.org\/wp-content\/uploads\/2021\/06\/0406212.jpg?resize=201%2C300&amp;ssl=1 201w\" sizes=\"auto, (max-width: 429px) 100vw, 429px\" \/><\/figure>\n\n\n\n<p><a href=\"http:\/\/link.listes.cafepedagogique.net\/m\/surl\/200138\/509665\/knBuNLu2O5AZAST-Ad4NnHFKF-B12viezBEiZxMr5xU=\/link_4\/btaD1XDgDOksJ3s9TXx3z71cl8Z+sBwmN-uhB9cJTTeYAmDKbVW9EFxOJFwsQ2cnL8TgqBLN8j0qu36TuVzr67ZcxX+0DDOPkkQVSQZ4TdWTL9Lf21aZidViPeoZjlhIGwa3OA4zwpLvgqVW+FFdkVv+CIEMdPibnm4p4tJDrMg8ULJOSp6f7y2FA1zKLXs2iRVHzO6jBMHj38g60GGLM7TpkZhtGS-ofWtUZlmO-UWpGcazcf-YKDm40J3RkS7VsLN1wQExDDJbNrtOoKRppup35jWGMwBgbVj6fCL3z7S0Vuza1qkDVWRrII7e7DOz\">Pr\u00e9sidentielles : Les enseignants dernier bastion de la gauche ?<\/a> (Caf\u00e9 p\u00e9dagogique)<\/p>\n\n\n\n<p><a href=\"http:\/\/link.listes.cafepedagogique.net\/m\/surl\/200138\/509665\/knBuNLu2O5AZAST-Ad4NnHFKF-B12viezBEiZxMr5xU=\/link_7\/r57vIf0f6uPYryBkl2TlYJunWbkNZeA7eQJpwW0phR+RJBDGpxnBQbpvWTAjESRsE3P323ztQPExjSwe6TA81PUVdlYyu2RsFXvUpnrVPhkHEdpCWWkD6mK6lYNs6+enJ0xS2GMdJ9xJMIErt7yh7YNN8-syLEt7DKa0Txa61uisG+SubEC92KbZYXQpSQAgwH0xfPNkXwA4nA5ZZd6VO1xfFGuLgAcSFvcRuQki3CbYyROIFF4tWGdkUitTbVkET5Hv3P2LMCusAtd5+C7aQ4ud5a8EKRXOvABZvigimTf0HKrmvQK7l9KT1aK8QNgb\">RGPD, le compte n&rsquo;y est vraiment pas<\/a> (Caf\u00e9 p\u00e9dagogique)<\/p>\n\n\n\n<p><a href=\"http:\/\/link.listes.cafepedagogique.net\/m\/surl\/200138\/509665\/knBuNLu2O5AZAST-Ad4NnHFKF-B12viezBEiZxMr5xU=\/link_10\/R1G2zDCuqwh0625KSG9YZqugp-OEc3239wySCrQNuj4DV681-2O3O48SGs5y6gXO81ZoT81GBQmqaa+LjIudxnN-wetKWc8wQz8tVWFU06HXogMFGZlGEnL7u87eoub89T4J5GbmahvWRO9a1Crie-NDtr36HQG-c7wsBHsI-mZ1XcfQtTwBsTQtHy+MPfw9dt7gGaUCTUEyFAJ23hv-dRIYqn+ISDay6bklQm-eZNSt69A6zeQbG5KS+VQKCYIq5qA1ru5WOLO-Hxgkm79aalUSLkHPLP4SBlL9IKEmfFuWAWTdEu+8zMikmG7h+aKI\">L&rsquo;\u00e9pid\u00e9mie repart dans le sud ouest<\/a> (Caf\u00e9 p\u00e9dagogique)<\/p>\n\n\n\n<figure class=\"wp-block-image is-resized is-style-default\"><img data-recalc-dims=\"1\" loading=\"lazy\" decoding=\"async\" src=\"https:\/\/i0.wp.com\/www.cafepedagogique.net\/SiteCollectionImages\/04062114.jpg?resize=504%2C220\" alt=\"\" width=\"504\" height=\"220\"\/><\/figure>\n\n\n\n<p><strong><span class=\"has-inline-color has-vivid-red-color\">4 Juin en continu<\/span><\/strong><\/p>\n\n\n\n<p><a href=\"https:\/\/blogs.mediapart.fr\/jean-marc-b\/blog\/030621\/nanterre-450-000-par-pour-des-petits-fours\">Nanterre: 450 000\u20ac par an pour des petits fours &#8230; <\/a>-Unef Tacle<\/p>\n\n\n\n<p><a href=\"http:\/\/link.listes.cafepedagogique.net\/m\/surl\/200138\/509625\/_skZtJNgeA5rKDo1EBKgIHFKF-B12viezBEiZxMr5xU=\/link_3\/nn9BgZIF5X+MaCDDUbxTzTl15wzXySjl-JyM3dbjpfCqn1DkCO3Ivz1snNBiAlWtK7a+3oBcXSKMsavIz-+b28mYhNb+H-XA-uahSG7yCzyhp7bnltwLp7PmFGcRGtQ378PppoOCJmZx5aiDSIOtuBYJtTyoNFPhhxMHBRbQhiuW8oFhnah+r9DaDjY9BUd-evGdKzVWg-NH06KKBSzrw0ED2rdOMVAEts6np1GKolv7oWdHYA11Mib9JvjxFj-gqg3qK0zlA+Bi29kjzYX3anKY0OuEgZV4vLs-Q4bpqJKPgQh2jf2cIVbbQwD47-04\">Le nouveau bac et ses surprises<\/a> (Caf\u00e9 P\u00e9dagogique)<\/p>\n\n\n\n<p><a href=\"http:\/\/link.listes.cafepedagogique.net\/m\/surl\/200138\/509625\/_skZtJNgeA5rKDo1EBKgIHFKF-B12viezBEiZxMr5xU=\/link_5\/Dbkvd8hSb35kWrbAAMGsh7Vc8JIeNceLBtElShJD54JmFS1fpw0QvjaJH5oBtAgRDVKKluii1uiNOMj+9WF9y-eTlbWKBFIazLfVgtkQyTN+ZcDSMjkhTc6xtYHtecrxjxjuJ8QqSYfocl6tldgZVacBrSggCYeeltanFIIOn5xpd-70QF17EdhdO0LiRbSziNeyvXarP3wZbpEir6sO17aPYgXvdxl2BhHaKEwoooGtahwJGRDG2f0JgOdOsIpjELHm2RdcrzmYrqpPozxUlle7pO6VGT89m7-hSuBBprn49Op9y7zd3+r+01K14vAh\">Gr\u00e8ve des AESH<\/a> (Caf\u00e9 P\u00e9dagogique)<\/p>\n\n\n\n<p><a href=\"http:\/\/link.listes.cafepedagogique.net\/m\/surl\/200138\/509625\/_skZtJNgeA5rKDo1EBKgIHFKF-B12viezBEiZxMr5xU=\/link_6\/Z7BvK3kOSsrCxOvoL8yPzcAVigXj9Y0tlFid3+sEIkzb-gmna3dQYrLKPPHfNfhIej7tT36V6dM9lUrhkfJmWnS5kmKHwrE9ayT8O5kuBUvNnV-ZZiJiOIWdDU47SNGsIo2nt27R2yyTf0cldpstHb8x4dMxpMSU5yM5ea4wkkYTMlty7ebkImfTykVDkIUmFyDrMovf0lkWlkkOTOqAL1++VNA9kWUigVGfytUycCS0W5iniLtuWpt-mPk0kJIBmItXoDOFrl-e0XQ6B7PT73ZicVF7vgPFRusgNeGj+iRitExk4eh+VS3jWCEFLm4E\">JM Blanquer ouvert \u00e0 l&rsquo;all\u00e8gement des programmes du lyc\u00e9e ?<\/a> (Caf\u00e9 P\u00e9dagogique)<\/p>\n\n\n\n<p><a href=\"http:\/\/link.listes.cafepedagogique.net\/m\/surl\/200138\/509625\/_skZtJNgeA5rKDo1EBKgIHFKF-B12viezBEiZxMr5xU=\/link_7\/hsgQKn9HxkMznD72NayN+wLmwKesfPlsju23AP9Ir2VUApM8M6Bv5LQlaNWnUn5HEN-Teh1B+BvxUMjR4ME0drEuVceli0T6RbgC1SRLKHczIKRtljUYZLHBiWNnp09WqoFjeiFAvITNvzSFHu2+pbHU6Ow0+k8WCvELDRIiymhn1fPkwr0WOSn5d+IKj9J3iThF1WPVuRynKBW38Pv+bEjRFmQziuXtwpJs72fuJej4y5nwhdMsuELQYUGKwXvQX1SWmAwX5qNKFjGM+oUemHkUM4TKmCicGf2+mTqYD+5jCGfHuUAG-A6KdkPOVEaF\">Les r\u00e9gions invitent Macron \u00e0 \u00ab\u00a0s\u00e9curiser\u00a0\u00bb les langues r\u00e9gionales<\/a> (Caf\u00e9 P\u00e9dagogique)<\/p>\n\n\n\n<p><a href=\"http:\/\/link.listes.cafepedagogique.net\/m\/surl\/200138\/509625\/_skZtJNgeA5rKDo1EBKgIHFKF-B12viezBEiZxMr5xU=\/link_21\/EoqW51uMokPjJq7ESfPyL90yWWAgZiCSqIffKzMlgOZwnzYKrv0TPlgIxN2bd-mPtyWMUQg3NH9OI4Vbqexav8RvKTg-X95Z8m6WaHL4QumweviqGRjvCI5A-HdmFLZG8G5TVyK8+PAM0c1ujaj63yrJm7DL-wB00xvk9FVZxTxhtEbuXC1Wa6Mdzba9+9owwuWC3gdpMXv1scU3f9eGqTH3KRJ9ys2sQ-edrKN+Q1-3pY3MJSg+kEOixNUD97i0qOC0StjZtLoQT+zKA4j4cmRwGVSHWe225Hi1GygmSNoscDf5gMiOiM7LAbf8lip0\">Alsic : Num\u00e9rique et enseignement des langues<\/a> (Caf\u00e9 P\u00e9dagogique)<\/p>\n\n\n\n<figure class=\"wp-block-image is-resized is-style-default\"><img data-recalc-dims=\"1\" loading=\"lazy\" decoding=\"async\" src=\"https:\/\/i0.wp.com\/static.mediapart.fr\/etmagine\/default\/files\/2021\/05\/12\/valeurs-republique-hd.jpg?resize=451%2C419&#038;ssl=1\" alt=\"Valeurs de la R\u00e9plique \u00a9 Claire Robert\" width=\"451\" height=\"419\" title=\"Valeurs de la R\u00e9plique \u00a9 Claire Robert\"\/><\/figure>\n\n\n\n<p><strong><span class=\"has-inline-color has-vivid-red-color\">3 Juin en continu<\/span><\/strong><\/p>\n\n\n\n<p><a href=\"https:\/\/blogs.mediapart.fr\/jean-marc-b\/blog\/020621\/paroles-d-aesh-greve-du-3-juin\">Paroles d\u2019AESH \u2013 Gr\u00e8ve du 3 juin <\/a>-Collectif<\/p>\n\n\n\n<p><a href=\"http:\/\/link.listes.cafepedagogique.net\/m\/surl\/200138\/509578\/8IFJZgwcl3s5NoU2F8TLGnFKF-B12viezBEiZxMr5xU=\/link_3\/KQ4kXk66lDbiLJ9AXnWUVjVceIqCb8aUpZM04bvmZTSO-+vVF48Wpzx+0U0S9isiLoi0L9xjwFzJJMZWjOlJ2phWgMV0PR7ggNJsWMLbVTLvea5Z3U6djyA1wQ9q8t1VWi7vrKay4gULZHsCHMAYw-6ikBFdnRbEQlazKH7rOfRwvyJlSdz+iFYIhPIePKtV4suCBnVx4Eh9z7MfRb5gbIIFT1a6at2LAb-nwR-ubRDnuHmYPvv86tceRkSk1g9hZW+0XndY80vUGCyftOPzPiHJlxLYQmnD+fPp6VS5xSGlmCNmRFQZ-QHH1g50bXrT\">Blanquer d\u00e9finit les \u00ab\u00a0contreparties\u00a0\u00bb<\/a> (Caf\u00e9 P\u00e9dagogique)<\/p>\n\n\n\n<p><a href=\"https:\/\/lanticapitaliste.org\/actualite\/education\/grenelle-de-leducation-pire-que-rien\">Grenelle de l&rsquo;\u00e9ducation : pire que rien<\/a> (L\u2019Anticapitaliste)<\/p>\n\n\n\n<p><a href=\"http:\/\/link.listes.cafepedagogique.net\/m\/surl\/200138\/509578\/8IFJZgwcl3s5NoU2F8TLGnFKF-B12viezBEiZxMr5xU=\/link_4\/EnuS8sioihCw9+vIo8qce-lMRS8651nC-1OojdRbzYv7Cdq+3vVlJDUWyPwdZlODIhGjtcWpjrlUCklnVFXD9lq384gKMRbppBzusO37gs5joGUXENU0EPJ9GAJNZ3YFqgxJXAjxsyZT+2szM78enRuPj6502opgWyXFN0CVF6hK7Zw-39Bpf3cU8L1pqE018bdc45wTZfC2tfLnaaoOSL9Bc+IcQa1nu0AmzeVGW3lJnPg0vqPZc4z6tLIQvBPgJKD80UXlXZQ5-MgItrOB3SJqs5yaGBSPdOEFNkCvj8w-b96qSRNPk9c97JtEGMHm\">Un nouveau rapport pour rafistoler l&rsquo;\u00e9cole des Antilles et La R\u00e9union<\/a> (Caf\u00e9 P\u00e9dagogique)<\/p>\n\n\n\n<p><a href=\"http:\/\/link.listes.cafepedagogique.net\/m\/surl\/200138\/509578\/8IFJZgwcl3s5NoU2F8TLGnFKF-B12viezBEiZxMr5xU=\/link_6\/aWxAzCDzjfbHflzTCW4REljQRn5SXHQT5o3jdnq-RcGdUj9cg26gn9NyjtBwI9gA13km8Q6HlGoSO8twO99S-yKrZwv8kfLgGS9Z7mcUpy6GRAOp+khcp46LmhL38GPllW4U5YppxaUK-KqyEljcNPac60u3TXxSMzYVnjxHQgQfW30pEIC5E81pbvOohuA1IxkulsM5unor3sDvsF7+HqlQ1p5FaSvV5B2YcWA7CH5TDLM+5ctHhsa7ZdgW-xJt4pJ-l2v5AwR7pLo7ONjKt9-HmWkbL36jqkU4kc5eEOOqrMdWz5CJbv-WF2Qv87id\">Instruction en famille : Le Conseil d&rsquo;Etat avait chang\u00e9 d&rsquo;avis&#8230;<\/a> (Caf\u00e9 P\u00e9dagogique)<\/p>\n\n\n\n<p><a href=\"https:\/\/www.questionsdeclasses.org\/le-mouvement-lyceen-tient-bon-malgre-la-repression\/?email_id=6&amp;user_id=1&amp;urlpassed=aHR0cHM6Ly93d3cucXVlc3Rpb25zZGVjbGFzc2VzLm9yZy9sZS1tb3V2ZW1lbnQtbHljZWVuLXRpZW50LWJvbi1tYWxncmUtbGEtcmVwcmVzc2lvbi8&amp;controller=stats&amp;action=analyse&amp;wysija-page=1&amp;post=le-mouvement-lyceen-tient-bon-malgre-la-repression\">Le mouvement lyc\u00e9en tient bon malgr\u00e9 l r\u00e9pression<\/a> (Q2C) <\/p>\n\n\n\n<figure class=\"wp-block-image is-resized is-style-default\"><img data-recalc-dims=\"1\" loading=\"lazy\" decoding=\"async\" src=\"https:\/\/i0.wp.com\/www.questionsdeclasses.org\/wp-content\/uploads\/2021\/05\/Screenshot_2021-05-18-Le-mouvement-lyc%C3%A9en-tient-bon-malgr%C3%A9-la-r%C3%A9pression-Rapports-de-Force.png?resize=486%2C397&#038;ssl=1\" alt=\"\" width=\"486\" height=\"397\"\/><\/figure>\n\n\n\n<p><a href=\"http:\/\/link.listes.cafepedagogique.net\/m\/surl\/200138\/509578\/8IFJZgwcl3s5NoU2F8TLGnFKF-B12viezBEiZxMr5xU=\/link_7\/E0mBERncA2M2ulV9-ncGQU3c31DnonRCQL8k-XaJH+C+ovxjdXpK8+6xXiNt81WCoLXkTJ182oWj7nkzPTfiAuCZZ58C7iqnmkj290F8S+6BYdSh3uS0cGNTLHwVL99mZagYc28Jv8EMlTBdoncHzZ5dQJXTofePoq0F5XRt57aOmn++0EMMJXXhmWM4usuQeC9df+-ac-Q0C7EEMjc5LaUIvCnCDcvATvCMrN5bB99bvGJEPk5OVrPqbA+xWhf4WFZehbBFYeQf4OUfNzrNgKZpahVdEeIRuqt2mdXY+NxWx+W-bLyMvbN4M5Onk6DQ\">Des lyc\u00e9ens, des torchons et des serviettes&#8230;<\/a> (Caf\u00e9 P\u00e9dagogique)<\/p>\n\n\n\n<p><a href=\"http:\/\/www.apple.fr\">Langues r\u00e9gionales : L\u2019enseignement vu d&rsquo;une calendreta<\/a> (Caf\u00e9 P\u00e9dagogique)<\/p>\n\n\n\n<p><a href=\"https:\/\/www.questionsdeclasses.org\/le-mouvement-lyceen-tient-bon-malgre-la-repression\/?email_id=6&amp;user_id=1&amp;urlpassed=aHR0cHM6Ly93d3cucXVlc3Rpb25zZGVjbGFzc2VzLm9yZy9kZS1jZXV0YS1hLW5vcy1zYWxsZXMtZGUtY2xhc3NlLw&amp;controller=stats&amp;action=analyse&amp;wysija-page=1&amp;post=le-mouvement-lyceen-tient-bon-malgre-la-repression\">De Ceuta \u00e0 nos salles de classe<\/a> (Q2C) <\/p>\n\n\n\n<p><a href=\"https:\/\/www.questionsdeclasses.org\/le-mouvement-lyceen-tient-bon-malgre-la-repression\/?email_id=6&amp;user_id=1&amp;urlpassed=aHR0cHM6Ly93d3cucXVlc3Rpb25zZGVjbGFzc2VzLm9yZy9jbGFzc2UtZHUtZGVob3JzLWVtYW5jaXBhdGlvbi1ldC1lY29sb2dpZS8&amp;controller=stats&amp;action=analyse&amp;wysija-page=1&amp;post=le-mouvement-lyceen-tient-bon-malgre-la-repression\">Classe du dehors, \u00e9mancpation et \u00e9cologie<\/a> (Q2C) <\/p>\n\n\n\n<p><strong><span class=\"has-inline-color has-vivid-red-color\">2 Juin en continu<\/span><\/strong><\/p>\n\n\n\n<p><a href=\"https:\/\/www.humanite.fr\/enseignement-superieur-sciences-po-legalite-dacces-progresse-peu-709083#xtor=RSS-1\">Enseignement sup\u00e9rieur. \u00c0 Sciences-Po, l\u2019\u00e9galit\u00e9 d\u2019acc\u00e8s progresse peu<\/a> (L\u2019Humanit\u00e9)<\/p>\n\n\n\n<p><a href=\"https:\/\/www.placegrenet.fr\/2021\/06\/01\/inquiets-pour-leur-avenir-des-etudiants-occupent-lecole-dart-de-grenoble-depuis-pres-dun-mois\/515389\">Inquiets pour leur avenir, des \u00e9tudiants occupent l\u2019\u00e9cole d\u2019art de Grenoble depuis pr\u00e8s d\u2019un mois<\/a> (Gre\u2019net)<\/p>\n\n\n\n<p><a href=\"https:\/\/www.francetvinfo.fr\/economie\/emploi\/jobs-d-ete-le-salariat-etudiant-n-est-pas-une-reponse-a-la-precarite-etudiante-estime-la-presidente-de-l-unef_4644983.html\">\u00ab\u00a0Le salariat \u00e9tudiant n&rsquo;est pas une r\u00e9ponse \u00e0 la pr\u00e9carit\u00e9 \u00e9tudiante\u00a0\u00bb, estime la pr\u00e9sidente de l&rsquo;Unef<\/a> (France Info)<\/p>\n\n\n\n<p><a href=\"https:\/\/www.revolutionpermanente.fr\/C-est-le-moment-de-s-organiser-rassemblement-contre-la-repression-au-lycee-Angela-Davis\">\u00ab&nbsp;C\u2019est le moment de s\u2019organiser&nbsp;\u00bb&nbsp;: rassemblement contre la r\u00e9pression au lyc\u00e9e Angela Davis<\/a> (RP) <\/p>\n\n\n\n<figure class=\"wp-block-image is-resized is-style-default\"><img data-recalc-dims=\"1\" loading=\"lazy\" decoding=\"async\" src=\"https:\/\/i0.wp.com\/www.revolutionpermanente.fr\/local\/cache-vignettes\/L653xH488\/arton25384-9b81f.jpg?resize=463%2C346&#038;ssl=1\" alt=\"\" width=\"463\" height=\"346\"\/><\/figure>\n\n\n\n<p><a href=\"https:\/\/www.lagazettedescommunes.com\/747024\/precarite-des-jeunes-les-collectivites-cherchent-la-parade\/\">Pr\u00e9carit\u00e9 des jeunes : les collectivit\u00e9s cherchent la&nbsp;parade<\/a> (La Gazette)<\/p>\n\n\n\n<p><a href=\"http:\/\/link.listes.cafepedagogique.net\/m\/surl\/200138\/509550\/sVVTyTR881r1gquvnDQXunFKF-B12viezBEiZxMr5xU=\/link_3\/nMwl6EUWaOGNnUOwWpRslJ9Dtv2n4K3dc3WuajKwT23mkxYNVRCWhTA70EoI6eXwq7b2FXRT06LlzsyHEaNpKCFPcLSV16PJBz-GybvxZKOvMpKAFqnf6SoyBR5lzqxZgbRnnIILngRpR8Tyev4KI5-T87+i-kauqPWoiIg7ZtUFkEEj00TByCexc7Q39gzhQzkVCryHNlVwBgLQQPNJ0cxwJi362zLQFFZcQH8Wn+lZGrolPi3d1JTlLm16l75a4hiWFBvlK42gojYKdNiutuyITNrAEyFUFAAYdtXLX0BFkmbV+3rJOtrX6gWuR1bY\">Le Conseil d&rsquo;Etat remet en question l&rsquo;avancement des enseignants<\/a> (Caf\u00e9 P\u00e9dagogique)<\/p>\n\n\n\n<p><a href=\"http:\/\/link.listes.cafepedagogique.net\/m\/surl\/200138\/509550\/sVVTyTR881r1gquvnDQXunFKF-B12viezBEiZxMr5xU=\/link_5\/7+F6+wYe6zXW5MvTPHhpn7K8yrnv-YRpsbftpS7yGUCUUuBTzeQy6V6jDUMzB0rokKJPlDpQt9DpuYjf9EgqSWoIWy2jZjyMGf1Ldd-DfxF8G8l2M8E0HUfY5Hstl5rKCVKOR8F6z5u6N+PfAKZJbOD8l0c4KATszy+xa1N9qhV9lUiDmR3Ed1Nq9aJ-ElEXr4cSPb9p8GgP6zzyS4hdj90XAZZQyjM25S5nokLFMnnqGsyydlT1Emn6a8Z9quXEBMNBkaQXjG87Hkp5nW390Lrk7L3Vn9raCMr8y6s8n8AWyPqqS57eg8LQTlP3lfEU\">Examens : Le Snes d\u00e9pose un pr\u00e9avis de gr\u00e8ve<\/a> (Caf\u00e9 P\u00e9dagogique)<\/p>\n\n\n\n<p><a href=\"http:\/\/link.listes.cafepedagogique.net\/m\/surl\/200138\/509550\/sVVTyTR881r1gquvnDQXunFKF-B12viezBEiZxMr5xU=\/link_15\/PO0HOUDGw+gX8CyPvZdANk6pfiCVin1NRJ20mpocneot8Y01meoPPjb8bSd5jzPCNLT5I7DO-2L506gD+voK0kxBpIxRMdFVLr0QiNBMXJwu8luOCCKgeoxjviWHLUOF8crShGQuz1yjs0S1rpRw-Y4AWjjph0PNAq5ch9XF5fE2YsaCdg8e3LSQ3QcYiFB5snH94tK6ZXhurnJJuz18T+Lc1wCN9l51z2jaiV6gAiH5DpFRuE6-Dgm0ur2+j5WsSMqshLacJ4i8mJYTxlwmAvBnn-TaeLN8rpfc7Ol4h5uCdeSE2TcToMiEYhmpFpsR\">P Rayou : Normes scolaires et normes sociales : Compenser ou \u00e9tayer ?<\/a> (Caf\u00e9 P\u00e9dagogique)<\/p>\n\n\n\n<p><a href=\"https:\/\/www.telerama.fr\/debats-reportages\/salaire-des-enseignants-non-ce-nest-pas-encore-noel-6890200.php\">Salaire des enseignants&nbsp;: non, ce n\u2019est pas encore No\u00ebl<\/a> (<a href=\"http:\/\/telerama.fr\">telerama.fr<\/a>)<\/p>\n\n\n\n<p><a href=\"https:\/\/www.humanite.fr\/universites-parcoursup-2021-comme-2020-en-pire-708913#xtor=RSS-1\">Universit\u00e9s. Parcoursup 2021 : comme 2020, en pire&#8230;<\/a> (L\u2019Humanit\u00e9)<\/p>\n\n\n\n<p><a href=\"https:\/\/www.liberation.fr\/societe\/education\/climat-scolaire-et-pandemie-des-profs-toujours-plus-harceles-20210531_WFK2JFOU4NBU7LVJASP2LK3YIM\/\">Climat scolaire et pand\u00e9mie : des profs toujours plus harcel\u00e9s<\/a> (lib\u00e9ration)<\/p>\n\n\n\n<p><a href=\"https:\/\/www.vie-publique.fr\/en-bref\/280023-insertion-dans-lemploi-des-jeunes-par-lapprentissage-ou-lalternance\">Apprentissage et alternance : quelle insertion professionnelle des jeunes ?<\/a> (Vie Publique)<\/p>\n\n\n\n<p><a href=\"https:\/\/www.lagazettedescommunes.com\/750289\/une-plateforme-publique-dapprovisionnement-local-des-cantines\/\" target=\"_blank\" rel=\"noreferrer noopener\">Plateforme publique d\u2019approvisionnement local des cantines &nbsp;<\/a>(La Gazette des communes)<\/p>\n\n\n\n<p><a href=\"https:\/\/www.promeneursdunet.fr\/departements\/landes\">Promeneurs du net \u00e0 l\u2019\u00e9coute des jeunes ( d\u00e9partements des Landes)<\/a> (Promeneurs du net)<br><\/p>\n","protected":false},"excerpt":{"rendered":"<p>30 juin en continu Probl\u00e8me d&rsquo;inscription \u00e0 l\u2019universit\u00e9 ? Sans affectation ? (Unef Tacle) Grand oral, \u00ab un sentiment de bazar assez g\u00e9n\u00e9ral \u00bb (Le Bondy Blog) Pr\u00e9liminaires (docu Arte \u2013 disponible jusqu\u2019au 13\/12\/2021) \u00c9tudiants sans master : des refus sans fin d\u2019\u00e9tudes (Bondy blog) Jeunesse et Sports debout ! -Collectif Nouveau Bac de fran\u00e7ais&nbsp;: &#8230; <a title=\"Juin &#8211; Jeunesse\/Education\" class=\"read-more\" href=\"https:\/\/www.rdpemancipation.org\/?p=31758\" aria-label=\"En savoir plus sur Juin &#8211; Jeunesse\/Education\">Lire la suite<\/a><\/p>\n","protected":false},"author":1,"featured_media":0,"comment_status":"closed","ping_status":"closed","sticky":false,"template":"","format":"standard","meta":{"_lmt_disableupdate":"no","_lmt_disable":"no","_jetpack_memberships_contains_paid_content":false,"footnotes":""},"categories":[15],"tags":[],"class_list":["post-31758","post","type-post","status-publish","format-standard","hentry","category-jeunesse-education"],"modified_by":"jmb","jetpack_featured_media_url":"","jetpack_sharing_enabled":true,"_links":{"self":[{"href":"https:\/\/www.rdpemancipation.org\/index.php?rest_route=\/wp\/v2\/posts\/31758","targetHints":{"allow":["GET"]}}],"collection":[{"href":"https:\/\/www.rdpemancipation.org\/index.php?rest_route=\/wp\/v2\/posts"}],"about":[{"href":"https:\/\/www.rdpemancipation.org\/index.php?rest_route=\/wp\/v2\/types\/post"}],"author":[{"embeddable":true,"href":"https:\/\/www.rdpemancipation.org\/index.php?rest_route=\/wp\/v2\/users\/1"}],"replies":[{"embeddable":true,"href":"https:\/\/www.rdpemancipation.org\/index.php?rest_route=%2Fwp%2Fv2%2Fcomments&post=31758"}],"version-history":[{"count":69,"href":"https:\/\/www.rdpemancipation.org\/index.php?rest_route=\/wp\/v2\/posts\/31758\/revisions"}],"predecessor-version":[{"id":35560,"href":"https:\/\/www.rdpemancipation.org\/index.php?rest_route=\/wp\/v2\/posts\/31758\/revisions\/35560"}],"wp:attachment":[{"href":"https:\/\/www.rdpemancipation.org\/index.php?rest_route=%2Fwp%2Fv2%2Fmedia&parent=31758"}],"wp:term":[{"taxonomy":"category","embeddable":true,"href":"https:\/\/www.rdpemancipation.org\/index.php?rest_route=%2Fwp%2Fv2%2Fcategories&post=31758"},{"taxonomy":"post_tag","embeddable":true,"href":"https:\/\/www.rdpemancipation.org\/index.php?rest_route=%2Fwp%2Fv2%2Ftags&post=31758"}],"curies":[{"name":"wp","href":"https:\/\/api.w.org\/{rel}","templated":true}]}}