{"id":31756,"date":"2021-06-01T09:03:26","date_gmt":"2021-06-01T07:03:26","guid":{"rendered":"https:\/\/www.rdpemancipation.org\/?p=31756"},"modified":"2021-07-01T12:21:00","modified_gmt":"2021-07-01T10:21:00","slug":"juin-sante","status":"publish","type":"post","link":"https:\/\/www.rdpemancipation.org\/?p=31756","title":{"rendered":"Juin &#8211; Sant\u00e9"},"content":{"rendered":"\n<p class=\"has-medium-font-size\"><span class=\"has-inline-color has-vivid-red-color\"><strong>30  juin en continu<\/strong><\/span><\/p>\n\n\n\n<p><a href=\"https:\/\/www.lactucitoyenne.fr\/actualites\/sante\/l-incroyable-derapage-d-un-editorialiste-sur-rmc-on-vous-vaccinera-de-force-\">L&rsquo;incroyable d\u00e9rapage d&rsquo;un \u00e9ditorialiste sur RMC: \u00abOn vous vaccinera de force<\/a> !\u00bb -Vid\u00e9o (L\u2019Actu Citoyenne)<\/p>\n\n\n\n<p><a href=\"https:\/\/www.capital.fr\/economie-politique\/lits-personnel-depensons-nous-assez-pour-nos-hopitaux-1408110\">Lits, personnel\u2026 d\u00e9pensons-nous assez pour nos h\u00f4pitaux ?<\/a> -Vid\u00e9o (Capital)<\/p>\n\n\n\n<p><a href=\"https:\/\/www.alternatives-economiques.fr\/centres-de-sante-communautaire-portes-a-bout-de-bras-militants\/00099703\">Les centres de sant\u00e9 communautaire port\u00e9s \u00e0 bout de bras par les militants<\/a> (Alternatives \u00c9conomiques)<\/p>\n\n\n\n<figure class=\"wp-block-image\"><img data-recalc-dims=\"1\" decoding=\"async\" src=\"https:\/\/i0.wp.com\/www.alternatives-economiques.fr\/sites\/default\/files\/public\/styles\/ae-169-custom_user_low_1x\/public\/field\/image\/village2sante1657_-_fespalieu.png?w=1200&#038;ssl=1\" alt=\"\" title=\"\"\/><\/figure>\n\n\n\n<p><a href=\"https:\/\/www.lejdd.fr\/International\/variant-delta-defiance-vaccinale-pourquoi-la-russie-subit-une-terrible-vague-de-lepidemie-de-covid-19-4055105\">Variant Delta, pourquoi la Russie subit une terrible vague de l&rsquo;\u00e9pid\u00e9mie de Covid-19<\/a> (JDD)<\/p>\n\n\n\n<figure class=\"wp-block-image\"><img data-recalc-dims=\"1\" decoding=\"async\" src=\"https:\/\/i0.wp.com\/resize-lejdd.lanmedia.fr\/r\/620%2C310%2Cforcex%2Ccenter-middle\/img\/var\/europe1\/storage\/images\/lejdd\/international\/variant-delta-defiance-vaccinale-pourquoi-la-russie-subit-une-terrible-vague-de-lepidemie-de-covid-19-4055105\/57371254-3-fre-FR\/Variant-Delta-defiance-vaccinale-pourquoi-la-Russie-subit-une-terrible-vague-de-l-epidemie-de-Covid-19.jpg?w=1200&#038;ssl=1\" alt=\"Patiente prise en charge pr\u00e8s de Moscou. \" title=\"Patiente prise en charge pr\u00e8s de Moscou. \"\/><\/figure>\n\n\n\n<p><strong><a href=\"https:\/\/www.marianne.net\/societe\/sante\/covid-dans-un-ehpad-des-landes-veran-accuse-une-soignante-non-vaccinee-la-cgt-replique\">Dans un Ehpad des Landes,V\u00e9ran accuse une soignante non vaccin\u00e9e. La CGT r\u00e9plique<\/a> (Marianne)<\/strong><\/p>\n\n\n\n<p class=\"has-medium-font-size\"><strong><span class=\"has-inline-color has-vivid-red-color\">29 juin en continu<\/span><\/strong><\/p>\n\n\n\n<p><a href=\"https:\/\/ml.point-d-interrogation.fr\/l2\/7RQhPF82C3\/32052\/3079800689.html?\" target=\"_blank\" rel=\"noreferrer noopener\">CBD : d\u00e9finition, effets sur la sant\u00e9, l\u00e9galit\u00e9 en France <\/a>(Gentside)<\/p>\n\n\n\n<p><a href=\"https:\/\/www.topsante.com\/medecine\/allergies\/allergie-au-pollen\/covid-19-pollens-risque-de-contamination-642420\">Covid-19&nbsp;: les grains de pollen servent de moyen de transport au virus<\/a> (Top Sant\u00e9)<\/p>\n\n\n\n<p><a href=\"https:\/\/lasanteauquotidien.com\/fake-news\/fake-news-la-vaccination-anti-covid-ne-progresse-plus-en-france\/?utm_source=fox&amp;utm_medium=email&amp;utm_content=sante-quot-282\">La-vaccination anti covid ne progresse plus en France<\/a> (Sant\u00e9 au quotidien)<\/p>\n\n\n\n<p><a href=\"https:\/\/m.huffingtonpost.fr\/entry\/euro-pres-de-300-cas-de-covid-19-parmi-les-spectateurs-finlandais%20retour%20de%20Russie\">Euro&nbsp; foot: 300 cas de Covid parmi les spectateurs finlandais retour de Russie<\/a> (Huffington Post)<\/p>\n\n\n\n<p><a href=\"https:\/\/ws.bluemail.me\/ws\/w3o5K5wF9h\">Non au piratage des donn\u00e9es personnelles<\/a> (Alternatif Bien-\u00eatre)<\/p>\n\n\n\n<p><a href=\"https:\/\/lasanteauquotidien.com\/coronavirus-covid-19\/Variant%20Delta:quels%20pays%20se%20reconfinentante-quot-282\">Variant Delta: quels pays se reconfinent<\/a> (Sant\u00e9 au quotidien)<\/p>\n\n\n\n<p><a href=\"https:\/\/www.femmeactuelle.fr\/vie-pratique\/news-vie-pratique\/le-certificat-covid-numerique-ue-est-disponible-comment-le-telecharger-et-lutiliser-2115481?utm_source=welcoming&amp;utm_medium=cpc&amp;utm_campaign=pmo_srg_article\">Certificat-covid num\u00e9rique disponible comment le t\u00e9l\u00e9charger et l\u2019utiliser<\/a> (Femme actuelle))<\/p>\n\n\n\n<p><a href=\"https:\/\/www.20minutes.fr\/sante\/3072659-20210628-coronavirus-occitanie-faut-inquieter-progression-variant-delta-gers?\">Coronavirus Occitanie-faut-il s&rsquo;inqui\u00e9ter de la progression du variant Delta dans le Gers?<\/a> (20 Minutes)<\/p>\n\n\n\n<p><a href=\"https:\/\/atlantico.fr\/article\/pepite\/pour-olivier-veran-si-la-vaccination-des-soignants-n-est-pas-suffisante-elle-sera-obligatoire-en-septembre\">&nbsp;V\u00e9ran&nbsp;: si la vaccination des soignants est insuffisante, elle sera obligatoire en septembre<\/a> (Atlantico.fr)<\/p>\n\n\n\n<p><a href=\"https:\/\/www.20minutes.fr\/sante\/3072867-20210628-coronavirus-decrue-poursuit-hopitaux-toujours-moins-9000-patients-hospitalises?xtor=EPR-212\">Le point Covid&nbsp;: la d\u00e9crue se poursuit avec moins de 9000 patients hospitalis\u00e9s<\/a> (20Minutes)<\/p>\n\n\n\n<figure class=\"wp-block-image is-resized is-style-default\"><img data-recalc-dims=\"1\" loading=\"lazy\" decoding=\"async\" src=\"https:\/\/i0.wp.com\/mamot.fr\/system\/media_attachments\/files\/106\/449\/056\/230\/064\/431\/original\/8f81744c67f1dc29.jpg?resize=333%2C465&#038;ssl=1\" alt=\"\" width=\"333\" height=\"465\"\/><\/figure>\n\n\n\n<p><span class=\"has-inline-color has-vivid-red-color\"><strong>29 juin<\/strong><\/span><\/p>\n\n\n\n<p><a href=\"https:\/\/www.lesechos.fr\/economie-france\/social\/lassurance-maladie-impuissante-face-au-mur-des-deficits-et-de-la-dette-1327094\"><strong>L&rsquo;Assurance-maladie impuissante face au mur des d\u00e9ficits et de la dette<\/strong><\/a> (Les Echos)<\/p>\n\n\n\n<p><a href=\"https:\/\/m.huffingtonpost.fr\/entry\/vaccin-covid-19-apres-la-premiere-dose-voici-ce-quil-se-passe_fr_60d5e57ee4b0600512a2013f?utm_source=Sailthru&amp;utm_medium=email&amp;utm_campaign=Coronaletter%202806&amp;utm_term=fr-daily-brief\">Covid: apr\u00e8s la premi\u00e8re dose voici ce qu&rsquo;il se passe<\/a> (Huffington Post)<\/p>\n\n\n\n<p><a href=\"https:\/\/m.huffingtonpost.fr\/entry\/covid-variant-delta-est-deja-la-pourquoi-la-france-ne-la-pas-vu-plus-tot_fr_60d5c1a9e4b0da66c2dea654?ncid=other_homepage_tiwdkz83gze&amp;utm_campaign=mw_entry_recirc\">Covid: Le variant Delta est d\u00e9j\u00e0 l\u00e0, pourquoi la France ne l&rsquo; a pas vu plus t\u00f4t<\/a>? (Huffington Post)<\/p>\n\n\n\n<p><strong><a href=\"https:\/\/www.sudouest.fr\/sante\/coronavirus\/vaccin\/pass-sanitaire-deux-millions-de-francais-testes-positifs-au-covid-prives-du-certificat\">Passe sanitaire&nbsp;: 2 millions de Fran\u00e7ais test\u00e9s positifs au covid priv\u00e9s du certificat<\/a> (Sud-Ouest)<\/strong><\/p>\n\n\n\n<p><a href=\"http:\/\/www.mediapart.fr\/journal\/france\/230621\/face-au-variant-delta-le-tracing-sera-decisif\">Face au variant-delta le \u00ab&nbsp;tracing&nbsp;\u00bb sera d\u00e9cisif<\/a> &nbsp;(M\u00e9diapart)<\/p>\n\n\n\n<p><a href=\"https:\/\/www.actu-environnement.com\/ae\/news\/collectif-strategie-perturbateurs-endocriniens-lettre-ministres-37787.php4#xtor=RSS-6\" target=\"_blank\" rel=\"noreferrer noopener\">Collectif strat\u00e9gie. Perturbateurs endocriniens&nbsp;: lettre aux ministres <\/a>&nbsp; (ActuEnvironnement)<\/p>\n\n\n\n<p><a href=\"https:\/\/sciencepost.fr\/bacteries-ogm-recyclage-bouteilles\/\">Recyclage des bouteilles plastique en ar\u00f4me vanille<\/a> &nbsp;(Sciencepost)<\/p>\n\n\n\n<p><a href=\"https:\/\/m.huffingtonpost.fr\/entry\/le-vaccin-anti-covid-abdala-de-cuba-a-une-efficacite-de-92-selon-son-labo_fr_60d18fdee4b01da305b61a09?ncid=other_homepage_tiwdkz83gze&amp;utm_campaign=mw_entry_recirc\">Covid<\/a>: <a href=\"Covid:%20Le%20vaccin%20%22Abdala%22de%20Cuba%20a%20une%20efficacit\u00e9%20de%2092%20pour%20cent%20selon%20son%20labo%20(Huffington%20Post)\">Le vaccin \u00ab\u00a0Abdala\u00a0\u00bbde Cuba&nbsp;: efficacit\u00e9 de 92 % selon son labo<\/a> (Huffington Post)<\/p>\n\n\n\n<p><a href=\"http:\/\/blogs.mediapart.fr\/georges-yoram-federmann\/blog\/260621\/les-enjeux-de-lexpertise-dans-le-champ-de-la-sante-mentale\">Les enjeux de l\u2019expertise dans le champ de la sant\u00e9 mentale<\/a>&nbsp; (Blogs M\u00e9diapart)<\/p>\n\n\n\n<p><a href=\"https:\/\/m.huffingtonpost.fr\/entry\/covid-variant-delta-va-simposer-en-france-quand-et-pour-quelles-consequences_fr_60d32c10e4b00bad2be21e7e?ncid=other_homepage_tiwdkz83gze&amp;utm_campaign=mw_entry_recirc\">Covid&nbsp;: Le variant Delta va \u2018imposer en France quand et quelles cons\u00e9quences_<\/a>(Huffington Post)<\/p>\n\n\n\n<p><a href=\"https:\/\/www.topsante.com\/medecine\/addictions\/arret-du-tabac\/pourquoi-faut-il-arreter-de-fumer-avant-une-operation-644669?utm_campaign=NL_Topsante_28062021&amp;utm_content=28062021&amp;utm_medium=email&amp;utm_source=EMAIL\">Addiction au tabac: pourquoi faut-il arr\u00eater de fumer avant une op\u00e9ration<\/a>&nbsp; (Top Sant\u00e9)<\/p>\n\n\n\n<p><a href=\"https:\/\/www.sudouest.fr\/sante\/coronavirus\/covid-19-un-mode-de-gestion-de-crise-hyper-vertical-autoritaire-et-quasi-militaire-selon-un-sociologue-3923525.php\">Covid-19 : un mode de gestion de crise \u00ab\u00a0hyper vertical, autoritaire et quasi-militaire\u00a0\u00bb, selon un sociologue<\/a> (Sud Ouest)<\/p>\n\n\n\n<p><a href=\"https:\/\/www.numerama.com\/sciences\/721804-les-vaccins-contre-le-covid-19-perturbent-il-le-cycle-menstruel.html\">Les vaccins contre le Covid-19 perturbent-il le cycle menstruel&nbsp;?<\/a> (Numerama)<\/p>\n\n\n\n<p><a href=\"https:\/\/emmaclit.com\/2021\/06\/24\/juliette-et-louis\/\">Juliette et Louis \u2013 Nouvelle BD d\u2019Emma sur les troubles du neurod\u00e9veloppement<\/a> (Emma)<\/p>\n\n\n\n<p><a href=\"https:\/\/www.francetvinfo.fr\/sante\/maladie\/coronavirus\/infographies-covid-19-morts-hospitalisations-age-malades-l-evolution-de-l-epidemie-en-france-et-dans-le-monde-en-cartes-et-graphiques.html\">Suivez l&rsquo;\u00e9volution de l&rsquo;\u00e9pid\u00e9mie en France et dans le monde <\/a>(France info)<\/p>\n\n\n\n<p><a href=\"https:\/\/covid19.healthdata.org\/france\">Projections par pays contaminations et morts Covid-19<\/a> (anglais, IHME)<\/p>\n\n\n\n<p><a href=\"https:\/\/wgntv.com\/news\/coronavirus\/johns-hopkins-offers-live-interactive-map-of-global-coronavirus-cases\/\">En continu carte et chiffres d\u00e9taill\u00e9s sur la Pand\u00e9mie&nbsp;<\/a> (anglais, John Hopkins University)<\/p>\n\n\n\n<p><a href=\"https:\/\/www.ft.com\/coronavirus-latest\">En continu graphiques et cartes sur la Pand\u00e9mie<\/a> (anglais, Financial Times)<\/p>\n\n\n\n<p><span class=\"has-inline-color has-vivid-red-color\"><strong>28 Juin<\/strong> <strong>en continu<\/strong><\/span><\/p>\n\n\n\n<p><a href=\"https:\/\/www.aimsib.org\/2021\/06\/27\/pire-que-la-maladie-les-consequences-involontaires-des-injections-anti-covid\/\">Les cons\u00e9quences involontaires des injections anti-covid<\/a> (Aimsib.org)<\/p>\n\n\n\n<p><a href=\"https:\/\/www.lemonde.fr\/planete\/article\/2021\/06\/26\/australie-la-ville-de-sydney-entierement-confinee-en-raison-de-la-progression-du-variant-delta_6085783_3244.html\">Mesures draconiennes en r\u00e9action au variant Delta&nbsp;: Sydney et le Bangladesh reconfin\u00e9s<\/a> (Le Monde)<\/p>\n\n\n\n<p><a href=\"https:\/\/theconversation.com\/decroissance-impact-des-reouvertures-ou-en-est-lepidemie-de-covid-19-et-a-quoi-sattendre-pour-la-rentree-162794\">O\u00f9 en est l\u2019\u00e9pid\u00e9mie de Covid-19 et \u00e0 quoi s\u2019attendre pour la rentr\u00e9e&nbsp;?<\/a> (The Conversation)<\/p>\n\n\n\n<p><a href=\"https:\/\/theconversationfrance.cmail20.com\/t\/r-l-tlhiljkl-okidhirjkr-w\/\">Webinaire : \u00ab Vie Psychique \u00e0 l&rsquo;H\u00f4pital \u00bb, 24-25 juin<\/a> (VPH)<\/p>\n\n\n\n<p><strong><a href=\"http:\/\/actualite.20minutes.fr\/l2\/7RNJpVdTu67\/13944029\/1695953478.html?\" target=\"_blank\" rel=\"noreferrer noopener\">Coronavirus&nbsp;: Les malades hospitalis\u00e9s passent sous la barre des 9.000<\/a><\/strong> (20 Minutes)<\/p>\n\n\n\n<p><a href=\"https:\/\/ml.capital-news.fr\/l2\/7RN3TapgK49\/8680948\/3008428618.html?\">Ehpad et aide \u00e0 domicile : des d\u00e9put\u00e9s de la majorit\u00e9  poussent pour une r\u00e9forme du secteur <\/a>(Capital)<\/p>\n\n\n\n<p><a href=\"https:\/\/ml.capital-news.fr\/l2\/7RN3TapgK71\/8680948\/3008428618.html?\">Faut-il officiellement reconna\u00eetre le burn-out comme une maladie professionnelle ? <\/a>(Capital)<\/p>\n\n\n\n<p><a href=\"https:\/\/ml.capital-news.fr\/l2\/7RN3TapgK31\/8680948\/3008428618.html?\">Les pharmacies touch\u00e9es de plein fouet par le Covid-19 <\/a>(Capital)<\/p>\n\n\n\n<p><strong><a href=\"https:\/\/ml.capital-news.fr\/l2\/7RN3TapgK10\/8680948\/3008428618.html?\">Faute de volontaires, les soir\u00e9es test en discoth\u00e8que report\u00e9es <\/a>(Capital)<\/strong><\/p>\n\n\n\n<figure class=\"wp-block-image is-resized is-style-default\"><img data-recalc-dims=\"1\" loading=\"lazy\" decoding=\"async\" src=\"https:\/\/i0.wp.com\/cap.img.pmdstatic.net\/fit\/http.3A.2F.2Fprd2-bone-image.2Es3-website-eu-west-1.2Eamazonaws.2Ecom.2Fcap.2F2020.2F11.2F03.2F4657910b-a706-4da0-bba1-20e00efa097c.2Ejpeg\/790x395\/background-color\/ffffff\/quality\/90\/faute-de-volontaires-les-soirees-test-en-discotheque-reportees-1407728.jpg?resize=547%2C274&#038;ssl=1\" alt=\"Faute de volontaires, les soir\u00e9es test en discoth\u00e8que report\u00e9es\" width=\"547\" height=\"274\"\/><\/figure>\n\n\n\n<p><a href=\"https:\/\/www.francetvinfo.fr\/sante\/maladie\/coronavirus\/infographies-covid-19-morts-hospitalisations-age-malades-l-evolution-de-l-epidemie-en-france-et-dans-le-monde-en-cartes-et-graphiques.html\">Suivez l&rsquo;\u00e9volution de l&rsquo;\u00e9pid\u00e9mie en France et dans le monde <\/a>(France info)<\/p>\n\n\n\n<p><a href=\"https:\/\/covid19.healthdata.org\/france\">Projections par pays contaminations et morts Covid-19<\/a> (anglais, IHME)<\/p>\n\n\n\n<p><a href=\"https:\/\/wgntv.com\/news\/coronavirus\/johns-hopkins-offers-live-interactive-map-of-global-coronavirus-cases\/\">En continu carte et chiffres d\u00e9taill\u00e9s sur la Pand\u00e9mie&nbsp;<\/a> (anglais, John Hopkins University)<\/p>\n\n\n\n<p><a href=\"https:\/\/www.ft.com\/coronavirus-latest\">En continu graphiques et cartes sur la Pand\u00e9mie<\/a> (anglais, Financial Times)<\/p>\n\n\n\n<figure class=\"wp-block-image is-resized is-style-default\"><img data-recalc-dims=\"1\" loading=\"lazy\" decoding=\"async\" src=\"https:\/\/i0.wp.com\/mamot.fr\/system\/media_attachments\/files\/106\/432\/888\/712\/245\/715\/original\/44ba7b06c9c81e21.jpeg?resize=429%2C609&#038;ssl=1\" alt=\"\" width=\"429\" height=\"609\"\/><figcaption><sub>Message japonais<\/sub><\/figcaption><\/figure>\n\n\n\n<p><span class=\"has-inline-color has-vivid-red-color\"><strong>27 Juin<\/strong> <strong>en continu<\/strong><\/span><\/p>\n\n\n\n<p><a href=\"https:\/\/lasanteauquotidien.com\/coronavirus-covid-19\/variant-delta-quel-est-le-plan-daction-sur-sept-jours-mis-en-place-dans-les-landes\/\">Variant Delta : \u00abplan d&rsquo;action sur sept jours\u00bb dans les Landes ? &#8211; (lasanteauquotidien.com)<\/a><\/p>\n\n\n\n<p><a href=\"https:\/\/francais.rt.com\/international\/88238-vaccins-pfizer-moderna-autorites-americaines-avertissent-possibles-risques-cardiaques-covid-19\">Vaccins Pfizer et Moderna : les autorit\u00e9s am\u00e9ricaines avertissent de possibles risques cardiaques<\/a> (RT France)<\/p>\n\n\n\n<figure class=\"wp-block-image\"><img data-recalc-dims=\"1\" decoding=\"async\" src=\"https:\/\/i0.wp.com\/cdni.rt.com\/french\/images\/2021.06\/article\/60d83e1a87f3ec3188314ee2.JPG?w=1200&#038;ssl=1\" alt=\"Vaccins Pfizer et Moderna : les autorit\u00e9s am\u00e9ricaines avertissent de possibles risques cardiaques\"\/><\/figure>\n\n\n\n<p><sup>Les s\u00e9rums contre le Covid-19 de Pfizer et de Moderna (image d&rsquo;illustration).<\/sup><\/p>\n\n\n\n<p>En savoir plus sur RT France : <a href=\"https:\/\/francais.rt.com\/international\/88238-vaccins-pfizer-moderna-autorites-americaines-avertissent-possibles-risques-cardiaques-covid-19\">https:\/\/francais.rt.com\/international\/88238-vaccins-pfizer-moderna-autorites-americaines-avertissent-possibles-risques-cardiaques-covid-19<\/a><\/p>\n\n\n\n<p><a href=\"https:\/\/www.20minutes.fr\/societe\/3070975-20210625-coronavirus-decrue-poursuit-hopitaux-francais?xtor=EPR-212\">Coronavirus&nbsp;: la d\u00e9crue se poursuit dans les h\u00f4pitaux &nbsp;fran\u00e7ais<\/a> (20 Minutes)<\/p>\n\n\n\n<p><a href=\"https:\/\/atlantico.fr\/article\/decryptage\/-re-penser-la-france-d-apres---refonder-notre-systeme-de-sante-pierre-mares?utm_source=wm&amp;utm_medium=email&amp;utm_campaign=20210626\">Repenser la France d\u2019apr\u00e8s&nbsp;: refonder notre syst\u00e8me de sant\u00e9<\/a> (Atlantico)<\/p>\n\n\n\n<p><a href=\"https:\/\/www.francetvinfo.fr\/sante\/maladie\/coronavirus\/covid-19-le-variant-delta-detecte-chez-deux-patients-morts-dans-le-gers_4679135.html#xtor=EPR-51\">Covid-19&nbsp;: le variant Delta d\u00e9tect\u00e9 chez deux patients morts dans le Gers<\/a> &nbsp;&nbsp;(Franceinfo)<\/p>\n\n\n\n<p><a href=\"https:\/\/mobile.francetvinfo.fr\/sante\/maladie\/coronavirus\/direct-covid-19-l-allemagne-interdit-quasiment-toutes-les-arrivees-en-provenance-du-portugal-et-de-la-russie_4678947.html#xtor=EPR-51\">Covid-19, le point en Allemagne, Portugal, Australie, Nlle Z\u00e9lande, Russie<\/a>&nbsp; (Franceinfo)<\/p>\n\n\n\n<p><a href=\"https:\/\/france3-regions.francetvinfo.fr\/nouvelle-aquitaine\/landes\/landes-l-ombre-du-variant-indien-plane-sur-la-saison-touristique-2154127.html#xtor=EPR-521\">Landes&nbsp;: L\u2019ombre du variant indien plane sur la saison touristique<\/a> (France3 r\u00e9gions)<\/p>\n\n\n\n<p><a href=\"https:\/\/www.20minutes.fr\/monde\/3071263-20210626-coronavirus-ville-sydney-entierement-confinee-cause-variant-delta?xtor=EPR-212\">Covid&nbsp;: La ville&nbsp;de Sydney enti\u00e8rement confin\u00e9e \u00e0 cause du variant Delta<\/a> (20 Minutes)<\/p>\n\n\n\n<p><strong><span class=\"has-inline-color has-vivid-red-color\">26 Juin<\/span><\/strong> <span class=\"has-inline-color has-vivid-red-color\"><strong>en continu<\/strong><\/span><\/p>\n\n\n\n<p><a href=\"https:\/\/www.capital.fr\/votre-retraite\/assurance-dependance-accueil-familial-les-derniers-arbitrages-du-gouvernement-pour-faciliter-le-maintien-a-domicile-1407709\">les derniers arbitrages du gouvernement pour faciliter le maintien \u00e0 domicile<\/a> (Capital)<\/p>\n\n\n\n<p><a href=\"https:\/\/www.huffingtonpost.fr\/entry\/covid-variant-delta-ce-que-le-vaccin-peut-et-ne-peut-pas_fr_60d45e6be4b0c101fc8509b7?utm_source=Sailthru&amp;utm_medium=email\">Variant Delta&nbsp;: ce que le vaccin peut et ne peut pas<\/a>&nbsp; (Huffington Post)<\/p>\n\n\n\n<p><a href=\"https:\/\/video.blast-info.fr\/videos\/watch\/0ff067b4-a0a9-42c4-8600-a9cb4d0d0f95\">Passe sanitaire <\/a>&nbsp;(Blast)<\/p>\n\n\n\n<p><a href=\"https:\/\/www.revolutionpermanente.fr\/Castex-incrimine-les-soignants-des-faiblesses-de-sa-propre-strategie-vaccinale\">Castex incrimine les soignants des faiblesses de sa propre strat\u00e9gie vaccinale<\/a> (RP)<\/p>\n\n\n\n<p><strong><a href=\"https:\/\/l.facebook.com\/l.php?u=https:\/\/www.ouest-france.fr\/sante\/hopital\/hopital-plus-de-1-800-lits-fermes-ou-supprimes-en-3-mois-s-insurge-fo-cc689ca6-d2b3-11eb-b287-e5b3d464e856?fbclid=IwAR3IV_CDHqEVeOWJ3f462VWjChq0M9m8ChxFEU3Lj8layGneBDz3Ue26Ntg&amp;h=AT3qehX7vRHyA_vIxTj3X59fZTWCnmnY5z9_3yxpzT6l0aZMKScLqkNt0QhklZWaiYvrxn9F5x7gfX-aC9x76qrFnknzlpJxGv0qoACHIXwoVQ0gA0RwbGU2pGbxW_FoCoCxtes&amp;__tn__=,mH-R&amp;c%5B0%5D=AT1qx_RZQh0Tf-UFEoQnOBxGs6EW4I4vZ6nT7DwO6hcIjqd5yY_77vwgGq4i-5z6JPlA8u89Ihq3PVJDFIXSKJjOkF9dVcM9V9XhDk3XKPFHXgu6cqCJVnsqfqEQVM5RjsQh6Feh2VhtTQ0tcB50qmoTY5cSkRwlDZI0LI2AKEJMRq8\">H\u00f4pital. Plus de 1 800 lits ferm\u00e9s ou supprim\u00e9s en 3 mois, s\u2019insurge FO&nbsp;<\/a> (Ouest France)<\/strong><\/p>\n\n\n\n<p><a href=\"http:\/\/www.lutte-ouvriere.org\/breves\/internes-epuises-patients-en-danger-162393.html\">\u00ab&nbsp;Internes \u00e9puis\u00e9s, patients en danger&nbsp;\u00bb<\/a> (LO)<\/p>\n\n\n\n<p><a href=\"https:\/\/www.mediapart.fr\/journal\/france\/230621\/le-passe-sanitaire-deja-etendu-aux-discotheques\">Le passe sanitaire d\u00e9j\u00e0 \u00e9tendu aux discoth\u00e8ques<\/a> (M\u00e9diapart)<\/p>\n\n\n\n<p><a href=\"https:\/\/www.boursorama.com\/actualite-economique\/actualites\/virus-le-variant-delta-en-passe-de-dominer-dans-l-ue-d-ici-aout-b7fe464b90ac1e2af1a780502cbd0085\">Virus: le variant Delta en passe de dominer dans l&rsquo;UE d&rsquo;ici ao\u00fbt<\/a> (AFP)<\/p>\n\n\n\n<p><a href=\"https:\/\/www.boursorama.com\/actualite-economique\/actualites\/les-vaccins-astrazeneca-pfizer-efficaces-contre-le-variant-delta-selon-une-etude-0fecb1691c811e9636c587496cbff781\">Les vaccins AstraZeneca, Pfizer efficaces contre le variant Delta, selon une \u00e9tude<\/a> (Reuters)<\/p>\n\n\n\n<p><strong><a href=\"https:\/\/www.francetvinfo.fr\/sante\/maladie\/coronavirus\/infographies-covid-19-morts-hospitalisations-age-malades-l-evolution-de-l-epidemie-en-france-et-dans-le-monde-en-cartes-et-graphiques.html\">Suivez l&rsquo;\u00e9volution de l&rsquo;\u00e9pid\u00e9mie en France et dans le monde <\/a>(France info)<\/strong><\/p>\n\n\n\n<p><a href=\"https:\/\/covid19.healthdata.org\/france\">Projections par pays contaminations et morts Covid-19<\/a> (anglais, IHME)<\/p>\n\n\n\n<p><a href=\"https:\/\/wgntv.com\/news\/coronavirus\/johns-hopkins-offers-live-interactive-map-of-global-coronavirus-cases\/\">En continu carte et chiffres d\u00e9taill\u00e9s sur la Pand\u00e9mie&nbsp;<\/a> (anglais, John Hopkins University)<\/p>\n\n\n\n<p><a href=\"https:\/\/www.ft.com\/coronavirus-latest\">En continu graphiques et cartes sur la Pand\u00e9mie<\/a> (anglais, Financial Times)<\/p>\n\n\n\n<figure class=\"wp-block-image size-large is-style-default\"><img data-recalc-dims=\"1\" loading=\"lazy\" decoding=\"async\" width=\"512\" height=\"612\" src=\"https:\/\/i0.wp.com\/www.rdpemancipation.org\/wp-content\/uploads\/2021\/06\/Capture-decran-2021-06-26-a-06.47.11.png?resize=512%2C612&#038;ssl=1\" alt=\"\" class=\"wp-image-34731\" srcset=\"https:\/\/i0.wp.com\/www.rdpemancipation.org\/wp-content\/uploads\/2021\/06\/Capture-decran-2021-06-26-a-06.47.11.png?w=512&amp;ssl=1 512w, https:\/\/i0.wp.com\/www.rdpemancipation.org\/wp-content\/uploads\/2021\/06\/Capture-decran-2021-06-26-a-06.47.11.png?resize=251%2C300&amp;ssl=1 251w\" sizes=\"auto, (max-width: 512px) 100vw, 512px\" \/><\/figure>\n\n\n\n<p><strong><span class=\"has-inline-color has-vivid-red-color\">25 Juin en contin<\/span><\/strong><span class=\"has-inline-color has-vivid-red-color\"><strong>u<\/strong><\/span><\/p>\n\n\n\n<p><a href=\"http:\/\/t.nl.francetvinfo.fr\/r\/?id=h6de2e35b,64ac2d0f,5f11ea2f\">Covid-19 : les services de chirurgie reprennent du service <\/a><strong>&nbsp;<\/strong>(Franceinfo)<\/p>\n\n\n\n<p><a href=\"https:\/\/track.lasanteauquotidien.info\/trackclicks\/f0336a8fe6dd0cc42d8a6d7889e2a645\/?tid=60d52f29337d4f187446cb4e\" target=\"_blank\" rel=\"noreferrer noopener\">Variant Delta : plan d&rsquo;action sur 7 jours mis en place dans les Landes?<\/a><strong><a href=\"https:\/\/track.lasanteauquotidien.info\/trackclicks\/f0336a8fe6dd0cc42d8a6d7889e2a645\/?tid=60d52f29337d4f187446cb4e\" target=\"_blank\" rel=\"noreferrer noopener\"> <\/a>&nbsp;<\/strong>( Sant\u00e9 au quotidien)<\/p>\n\n\n\n<p><a href=\"https:\/\/www.lesechos.fr\/monde\/asie-pacifique\/covid-linde-alerte-sur-une-nouvelle-mutation-du-variant-delta-1326929\">Covid-19 : l&rsquo;Inde alerte sur une nouvelle mutation du variant Delta<\/a> (Les Echos)<\/p>\n\n\n\n<p><a href=\"https:\/\/www.alternatives-economiques.fr\/de-quoi-burn-out-journalistes-symptome\/00099578\">De quoi le burn-out des journalistes est-il le sympt\u00f4me ?<\/a> (Alternatives \u00e9conomiques)<\/p>\n\n\n\n<figure class=\"wp-block-image\"><img data-recalc-dims=\"1\" decoding=\"async\" src=\"https:\/\/i0.wp.com\/www.alternatives-economiques.fr\/sites\/default\/files\/public\/styles\/ae-169-custom_user_low_1x\/public\/field\/image\/rea_295036_066.jpg?w=1200&#038;ssl=1\" alt=\"\" title=\"\"\/><\/figure>\n\n\n\n<p><span class=\"has-inline-color has-vivid-red-color\"><strong>23 Juin en continu<\/strong><\/span><\/p>\n\n\n\n<p><a href=\"https:\/\/disclose.ngo\/fr\/article\/deserts-medicaux\">D\u00e9serts m\u00e9dicaux : l\u2019explosion <\/a>&nbsp;(Disclose)<\/p>\n\n\n\n<p><a href=\"https:\/\/ws.bluemail.me\/ws\/L9IEMybQhm\">Erreur sur les vaccins&nbsp;?.<\/a>(Sant\u00e9 Corps Esprit)<\/p>\n\n\n\n<p><a href=\"https:\/\/link.huffingtonpost.fr\/click\/24221996.102077\/aHR0cHM6Ly93d3cuaHVmZmluZ3RvbnBvc3QuZnIvZW50cnkvZXBpZGVtaWUtZGUtY292aWQtZW4tZnJhbmNlLWVzdC1hdS1wbHVzLWJhcy1jb21tZS1hdS1yb3lhdW1lLXVuaS1hdmFudC1sZS12YXJpYW50LWRlbHRhX2ZyXzYwZDA4NjlkZTRiMDFhZjBjMjcyYzdiNg\/60bfd0903dcd33298076ed6cCf7f7876b\">La France passe au vert&#8230; comme l&rsquo;\u00e9tait le Royaume-Uni avant le variant Delta<\/a> &nbsp;(HuffingtonPost)<\/p>\n\n\n\n<p><a href=\"https:\/\/www.amnesty.fr\/dossiers\/covid-19-les-droits-des-soignants-en-danger\">Les droits des soignants en danger&nbsp; <\/a>&nbsp;(Amnesty International)<\/p>\n\n\n\n<p><a href=\"https:\/\/www.boursorama.com\/actualite-economique\/actualites\/l-ue-exerce-une-option-d-achat-pour-150-millions-de-doses-supplementaires-de-vaccins-moderna-07df3c08193fa28007ce1dd23f1515a9\">L&rsquo;UE exerce une option d&rsquo;achat pour 150 millions de doses suppl\u00e9mentaires de vaccins Moderna<\/a> (Reuters)<\/p>\n\n\n\n<p><a href=\"https:\/\/www.francetvinfo.fr\/sante\/maladie\/coronavirus\/infographies-covid-19-morts-hospitalisations-age-malades-l-evolution-de-l-epidemie-en-france-et-dans-le-monde-en-cartes-et-graphiques.html\">Suivez l&rsquo;\u00e9volution de l&rsquo;\u00e9pid\u00e9mie en France et dans le monde <\/a>(France info)<\/p>\n\n\n\n<p><a href=\"https:\/\/covid19.healthdata.org\/france\">Projections par pays contaminations et morts Covid-19<\/a> (anglais, IHME)<\/p>\n\n\n\n<p><a href=\"https:\/\/wgntv.com\/news\/coronavirus\/johns-hopkins-offers-live-interactive-map-of-global-coronavirus-cases\/\">En continu carte et chiffres d\u00e9taill\u00e9s sur la Pand\u00e9mie&nbsp;<\/a> (anglais, John Hopkins University)<\/p>\n\n\n\n<p><a href=\"https:\/\/www.ft.com\/coronavirus-latest\">En continu graphiques et cartes sur la Pand\u00e9mie<\/a> (anglais, Financial Times)<\/p>\n\n\n\n<p> <\/p>\n\n\n\n<figure class=\"wp-block-image is-resized is-style-default\"><img data-recalc-dims=\"1\" loading=\"lazy\" decoding=\"async\" src=\"https:\/\/i0.wp.com\/mamot.fr\/system\/cache\/media_attachments\/files\/106\/324\/760\/056\/058\/097\/original\/1051218b23906cc5.jpg?resize=522%2C459&#038;ssl=1\" alt=\"\" width=\"522\" height=\"459\"\/><\/figure>\n\n\n\n<p><span class=\"has-inline-color has-vivid-red-color\"><strong>22 Juin en continu<\/strong><\/span><\/p>\n\n\n\n<p><a href=\"https:\/\/theconversation.com\/covid-19-why-lab-leak-theory-is-back-despite-little-new-evidence-162215\">Le point sur l\u2019hypoth\u00e8se de l\u2019origine du CV19 dans un laboratoire chinois<\/a> (anglais -The Conversation)<\/p>\n\n\n\n<p><a href=\"https:\/\/www.leparisien.fr\/societe\/sante\/bientot-des-carnets-de-vaccination-sous-la-peau-23-12-2019-8223351.php\">Bient\u00f4t des \u00ab&nbsp;carnets de vaccination&nbsp;\u00bb sous la peau&nbsp;?<\/a> (Le Parisien)<\/p>\n\n\n\n<p><a href=\"https:\/\/www.who.int\/fr\/news\/item\/15-06-2021-soaring-e-waste-affects-the-health-of-millions-of-children-who-warns\">La forte hausse du volume des d\u00e9chets \u00e9lectroniques met en danger la sant\u00e9 de millions d\u2019enfants<\/a> (OMS)<\/p>\n\n\n\n<p><a href=\"https:\/\/www.huffingtonpost.fr\/entry\/les-femmes-moins-symptomatiques-mais-plus-touchees-par-le-covid-long_fr_60c9fda0e4b0d2b86a813545\">Les femmes, moins symptomatiques, mais plus touch\u00e9es par le Covid long<\/a> (huff post)<\/p>\n\n\n\n<p><span class=\"has-inline-color has-vivid-red-color\"><strong>21 Juin en continu<\/strong><\/span><\/p>\n\n\n\n<p><a href=\"https:\/\/blogs.mediapart.fr\/jean-marc-b\/blog\/210621\/origine-du-covid-complotisme-ou-pas-video\">Origine du Covid : complotisme ou pas ? -vid\u00e9o <\/a>B. Perrier, O. Berruyer, A-C.Robert, T. C. Durand<\/p>\n\n\n\n<figure class=\"wp-block-embed is-type-video is-provider-youtube wp-block-embed-youtube wp-embed-aspect-16-9 wp-has-aspect-ratio\"><div class=\"wp-block-embed__wrapper\">\n<iframe loading=\"lazy\" title=\"Interdit d&#039;interdire - Origine du Covid : complotisme ou pas ?\" width=\"1200\" height=\"675\" src=\"https:\/\/www.youtube.com\/embed\/mJwgHo5kRVE?feature=oembed\" frameborder=\"0\" allow=\"accelerometer; autoplay; clipboard-write; encrypted-media; gyroscope; picture-in-picture\" allowfullscreen><\/iframe>\n<\/div><\/figure>\n\n\n\n<p><a href=\"https:\/\/www.lemonde.fr\/les-decodeurs\/article\/2021\/06\/18\/benefice-risque-du-vaccin-les-calculs-anxiogenes-et-approximatifs-du-collectif-reinfocovid_6084693_4355770.html\">B\u00e9n\u00e9fices-risques du vaccin&nbsp;: les calculs anxiog\u00e8nes et approximatifs de ReinfoCovid<\/a> (Le Monde)<\/p>\n\n\n\n<p><a href=\"https:\/\/www.revolutionpermanente.fr\/Rebond-epidemique-et-vaccination-au-point-mort-en-Afrique-Vers-un-scenario-catastrophe\">Rebond \u00e9pid\u00e9mique et vaccination au point mort en Afrique. Vers un sc\u00e9nario catastrophe&nbsp;?<\/a> (RP)<\/p>\n\n\n\n<p><a href=\"https:\/\/www.nextinpact.com\/lebrief\/47239\/covid-19-facebook-ne-supprime-plus-publications-affirmant-que-virus-a-ete-fabrique-par-lhomme\">Covid-19 : Facebook ne supprime plus les publications affirmant que le virus a \u00e9t\u00e9 fabriqu\u00e9 par l\u2019Homme<\/a> (Le Brief)<\/p>\n\n\n\n<p><a href=\"https:\/\/micorreo.claro.net.do\/app\/(Amnesty%20International)\">Covid19 : Crise humanitaire et droits humains<\/a>&nbsp; (Amnesty International)<\/p>\n\n\n\n<p><a href=\"https:\/\/www.francetvinfo.fr\/sante\/maladie\/coronavirus\/infographies-covid-19-morts-hospitalisations-age-malades-l-evolution-de-l-epidemie-en-france-et-dans-le-monde-en-cartes-et-graphiques.html\">Suivez l&rsquo;\u00e9volution de l&rsquo;\u00e9pid\u00e9mie en France et dans le monde <\/a>(France info)<\/p>\n\n\n\n<p><a href=\"https:\/\/covid19.healthdata.org\/france\">Projections par pays contaminations et morts Covid-19<\/a> (anglais, IHME)<\/p>\n\n\n\n<p><a href=\"https:\/\/wgntv.com\/news\/coronavirus\/johns-hopkins-offers-live-interactive-map-of-global-coronavirus-cases\/\">En continu carte et chiffres d\u00e9taill\u00e9s sur la Pand\u00e9mie&nbsp;<\/a> (anglais, John Hopkins University)<\/p>\n\n\n\n<p><a href=\"https:\/\/www.ft.com\/coronavirus-latest\">En continu graphiques et cartes sur la Pand\u00e9mie<\/a> (anglais, Financial Times)<\/p>\n\n\n\n<p><span class=\"has-inline-color has-vivid-red-color\"><strong>20 Juin en continu<\/strong><\/span><\/p>\n\n\n\n<p><a href=\"https:\/\/www.arretsurimages.net\/articles\/lhypothese-du-virus-echappe-dun-labo-enqueteurs-contre-fact-checkeurs\">L&rsquo;hypoth\u00e8se du virus \u00e9chapp\u00e9 d&rsquo;un labo : enqu\u00eateurs contre fact-checkeurs<\/a> (Arr\u00eat sur images)<\/p>\n\n\n\n<p><a href=\"https:\/\/linsoumission.fr\/2021\/06\/18\/14-000-morts-le-cout-humain-dun-3eme-confinement-trop-tardif\/\">14 000 morts : le co\u00fbt humain d\u2019un 3\u00e8me confinement trop tardif<\/a> (L\u2019insoumission)<\/p>\n\n\n\n<p><a href=\"https:\/\/lvsl.fr\/pour-un-nouvel-internationalisme-vaccinal\/\">Pour un nouvel internationalisme vaccinal<\/a> (Le Vent Se L\u00e8ve)<\/p>\n\n\n\n<p><a href=\"https:\/\/www.lemonde.fr\/planete\/article\/2021\/06\/18\/le-lourd-cout-humain-d-un-troisieme-confinement-tardif-en-france_6084619_3244.html\">Le lourd co\u00fbt humain d\u2019un 3e confinement tardif en France<\/a> (Le Monde)<\/p>\n\n\n\n<p><a href=\"https:\/\/www.mediapart.fr\/journal\/international\/180621\/face-astrazeneca-l-ue-obtient-en-justice-moins-de-doses-que-reclame\">Face \u00e0 AstraZeneca, l\u2019UE obtient en justice moins de doses que r\u00e9clam\u00e9<\/a> (M\u00e9diapart)<\/p>\n\n\n\n<p>&nbsp;<a href=\"https:\/\/www.theguardian.com\/world\/2021\/jun\/18\/in-hunt-for-covids-origin-new-studies-point-away-from-lab-leak-theory?CMP=Share_iOSApp_Other\">Nouvelles \u00e9tudes rendent moins probable l\u2019hypoth\u00e8se de l\u2019origine du CV19 en laboratoire<\/a> (anglais -The Guardian)<\/p>\n\n\n\n<p><a href=\"https:\/\/link.springer.com\/article\/10.1007\/s10597-021-00840-7\">Enqu\u00eate sociologique aux USA : n\u00e9olib\u00e9ralisme et sant\u00e9 mentale<\/a> (anglais -Community Mental Health Journal)<\/p>\n\n\n\n<p><a href=\"https:\/\/www.boursorama.com\/actualite-economique\/actualites\/coronavirus-l-inde-pourrait-subir-une-troisieme-vague-d-ici-octobre-selon-une-enquete-reuters-5850a2be78432816ec14ca680c535347\">Coronavirus: L&rsquo;Inde pourrait subir une troisi\u00e8me vague d&rsquo;ici octobre, selon une enqu\u00eate Reuters<\/a> (Reuters)<\/p>\n\n\n\n<p><a href=\"https:\/\/juste-milieu.fr\/masque-obligatoire-sauf-au-g7\/\">Masque-obligatoire-sauf-au-G7<\/a> (Juste Milieu)<\/p>\n\n\n\n<figure class=\"wp-block-image is-resized is-style-default\"><img data-recalc-dims=\"1\" loading=\"lazy\" decoding=\"async\" src=\"https:\/\/i0.wp.com\/juste-milieu.fr\/wp-content\/uploads\/2021\/06\/G7-3-1-1024x667.jpg?resize=539%2C351&#038;ssl=1\" alt=\"\" width=\"539\" height=\"351\"\/><\/figure>\n\n\n\n<p><a href=\"https:\/\/www.viepratique.fr\/actualite\/salmonelle-produits-charcuterie-a-ne-pas-consommer-637114.html?utm_campaign=NL_VPF_edito_18062021&amp;utm_content=18062021&amp;utm_medium=email&amp;utm_source=EMAIL#item=1\">Charcuterie : des produits rappel\u00e9s pour suspicion de salmonelle (<\/a>viepratique.fr)<\/p>\n\n\n\n<p><a href=\"https:\/\/www.francetvinfo.fr\/sante\/maladie\/coronavirus\/direct-covid-19-les-mesures-de-restriction-allegees-en-guadeloupe-malgre-la-presence-de-nouveaux-variants_4669973.html\">DIRECT. Avec quelque 10 000 malades du Covid-19, la pression \u00e0 l&rsquo;h\u00f4pital diminue encore&nbsp; (<\/a>francetvinfo.fr)<\/p>\n\n\n\n<p><a href=\"https:\/\/geodes.santepubliquefrance.fr\/#bbox=-1198318,6775601,2861048,1847697&amp;c=indicator&amp;f=0&amp;i=covid_hospit.hosp&amp;s=2021-06-19&amp;t=a01&amp;view=map2\">G\u00e9odes &#8211; Sant\u00e9 publique France : cartes, donn\u00e9es et graphiques (Sant\u00e9<\/a>publiquefrance.fr)<\/p>\n\n\n\n<figure class=\"wp-block-image size-large is-style-default\"><img data-recalc-dims=\"1\" loading=\"lazy\" decoding=\"async\" width=\"431\" height=\"542\" src=\"https:\/\/i0.wp.com\/www.rdpemancipation.org\/wp-content\/uploads\/2021\/06\/Capture-decran-2021-06-19-a-19.08.21.png?resize=431%2C542&#038;ssl=1\" alt=\"\" class=\"wp-image-33836\" srcset=\"https:\/\/i0.wp.com\/www.rdpemancipation.org\/wp-content\/uploads\/2021\/06\/Capture-decran-2021-06-19-a-19.08.21.png?w=431&amp;ssl=1 431w, https:\/\/i0.wp.com\/www.rdpemancipation.org\/wp-content\/uploads\/2021\/06\/Capture-decran-2021-06-19-a-19.08.21.png?resize=239%2C300&amp;ssl=1 239w\" sizes=\"auto, (max-width: 431px) 100vw, 431px\" \/><\/figure>\n\n\n\n<p><span class=\"has-inline-color has-vivid-red-color\"><strong>19 Juin en continu<\/strong><\/span><\/p>\n\n\n\n<p><a href=\"https:\/\/lvsl.fr\/pour-un-nouvel-internationalisme-vaccinal\/\">Pour un nouvel internationalisme vaccinal<\/a> (Le Vent Se L\u00e8ve)<\/p>\n\n\n\n<p><a href=\"https:\/\/www.lemonde.fr\/planete\/article\/2021\/06\/18\/le-lourd-cout-humain-d-un-troisieme-confinement-tardif-en-france_6084619_3244.html\">Le lourd co\u00fbt humain d\u2019un 3e confinement tardif en France<\/a> (Le Monde)<\/p>\n\n\n\n<p><a href=\"https:\/\/www.mediapart.fr\/journal\/international\/180621\/face-astrazeneca-l-ue-obtient-en-justice-moins-de-doses-que-reclame\">Face \u00e0 AstraZeneca, l\u2019UE obtient en justice moins de doses que r\u00e9clam\u00e9<\/a> (M\u00e9diapart)<\/p>\n\n\n\n<p><a href=\"https:\/\/www.francetvinfo.fr\/sante\/maladie\/coronavirus\/infographies-covid-19-morts-hospitalisations-age-malades-l-evolution-de-l-epidemie-en-france-et-dans-le-monde-en-cartes-et-graphiques.html\">Suivez l&rsquo;\u00e9volution de l&rsquo;\u00e9pid\u00e9mie en France et dans le monde <\/a>(France info)<\/p>\n\n\n\n<figure class=\"wp-block-image size-large is-resized is-style-default\"><img data-recalc-dims=\"1\" loading=\"lazy\" decoding=\"async\" src=\"https:\/\/i0.wp.com\/www.rdpemancipation.org\/wp-content\/uploads\/2021\/06\/Capture-decran-2021-06-18-a-18.25.43.png?resize=699%2C737&#038;ssl=1\" alt=\"\" class=\"wp-image-33750\" width=\"699\" height=\"737\" srcset=\"https:\/\/i0.wp.com\/www.rdpemancipation.org\/wp-content\/uploads\/2021\/06\/Capture-decran-2021-06-18-a-18.25.43.png?w=669&amp;ssl=1 669w, https:\/\/i0.wp.com\/www.rdpemancipation.org\/wp-content\/uploads\/2021\/06\/Capture-decran-2021-06-18-a-18.25.43.png?resize=285%2C300&amp;ssl=1 285w\" sizes=\"auto, (max-width: 699px) 100vw, 699px\" \/><\/figure>\n\n\n\n<p><a href=\"https:\/\/covid19.healthdata.org\/france\">Projections par pays contaminations et morts Covid-19<\/a> (anglais, IHME)<\/p>\n\n\n\n<p><a href=\"https:\/\/wgntv.com\/news\/coronavirus\/johns-hopkins-offers-live-interactive-map-of-global-coronavirus-cases\/\">En continu carte et chiffres d\u00e9taill\u00e9s sur la Pand\u00e9mie&nbsp;<\/a> (anglais, John Hopkins University)<\/p>\n\n\n\n<p><a href=\"https:\/\/www.ft.com\/coronavirus-latest\">En continu graphiques et cartes sur la Pand\u00e9mie<\/a> (anglais, Financial Times)<\/p>\n\n\n\n<p><span class=\"has-inline-color has-vivid-red-color\"><strong>18 Juin en continu<\/strong><\/span><\/p>\n\n\n\n<p><a href=\"http:\/\/t.nl.francetvinfo.fr\/r\/?id=h6b779421,647b1e13,5f10e4d7\">All\u00e8gement des restrictions sanitaires : \u00ab\u00a0Cela para\u00eet pr\u00e9matur\u00e9\u00a0\u00bb, juge le m\u00e9decin Djillali Annane<\/a> (France Info)<\/p>\n\n\n\n<p><a href=\"https:\/\/www.boursorama.com\/actualite-economique\/actualites\/la-recherche-sur-les-origines-du-covid-19-devrait-se-porter-vers-les-usa-selon-un-expert-chinois-eca0c67a35a94a2d3d85604e4ca1981d\">La recherche sur les origines du COVID-19 devrait se porter vers les USA, selon un expert chinois<\/a> (Reuters)<\/p>\n\n\n\n<p><a href=\"https:\/\/lanticapitaliste.org\/actualite\/international\/apartheid-vaccinal-maintenu-au-g7-cornouailles\">Apartheid vaccinal maintenu au G7 Cornouailles\u2002<\/a>-Frank Prouhet<\/p>\n\n\n\n<figure class=\"wp-block-image is-resized is-style-default\"><img data-recalc-dims=\"1\" loading=\"lazy\" decoding=\"async\" src=\"https:\/\/i0.wp.com\/lanticapitaliste.org\/sites\/default\/files\/styles\/largeur_content_hauteur_complet\/public\/0111.jpg?resize=374%2C299&#038;ssl=1\" alt=\"\" width=\"374\" height=\"299\"\/><\/figure>\n\n\n\n<p><a href=\"https:\/\/www.infogm.org\/7219-covid-une-pedagogie-des-causes\">Covid : une p\u00e9dagogie des causes<\/a> par Jacques Dandelot (Inf\u2019OGM)<\/p>\n\n\n\n<p><a href=\"https:\/\/www.revolutionpermanente.fr\/Bordeaux-500-hospitaliers-en-greve-pour-la-mobilisation-nationale-de-la-fonction-publique\">Bordeaux. 500 hospitaliers en gr\u00e8ve pour la mobilisation nationale de la fonction publique&nbsp;!&nbsp;<\/a>(RP)<\/p>\n\n\n\n<p>&nbsp;<a href=\"https:\/\/www.humanite.fr\/covid-19-pfizer-joue-les-maitres-chanteurs-en-argentine-711357#xtor=RSS-1\">Covid-19. Pfizer joue les ma\u00eetres-chanteurs en Argentine<\/a> pi (L\u2019Humanit\u00e9)<\/p>\n\n\n\n<p><a href=\"https:\/\/theconversation.com\/les-adolescents-francais-ne-dorment-pas-assez-162819\">Les adolescents fran\u00e7ais ne dorment pas assez<\/a> -Emmanuelle Godeau (The Conversation)<\/p>\n\n\n\n<p><a href=\"https:\/\/disclose.ngo\/fr\/article\/penurie-des-medecins-specialistes\">En campagne, l\u2019alarmante p\u00e9nurie de m\u00e9decins sp\u00e9cialistes<\/a> (Disclose)<\/p>\n\n\n\n<p><a href=\"https:\/\/www.mediapart.fr\/journal\/france\/170621\/enfants-en-manque-de-soins-medicaux-dans-les-quartiers-populaires-laisse-pourrir-la-situation\">Enfants en manque de soins m\u00e9dicaux dans les quartiers populaires: \u00abOn laisse pourrir la situation\u00bb<\/a> par (M\u00e9diapart)<\/p>\n\n\n\n<p><a href=\"https:\/\/www.humanite.fr\/pourquoi-pfizer-refuse-de-livrer-ses-vaccins-largentine-711357#xtor=RSS-1\">Pourquoi Pfizer refuse de livrer ses vaccins \u00e0 l&rsquo;Argentine<\/a> (L\u2019Humanit\u00e9)<\/p>\n\n\n\n<p><a href=\"https:\/\/lepressoir-info.org\/spip.php?article1826\">Proposition de Formation Street Medic<\/a> (Mutu)<\/p>\n\n\n\n<p><a href=\"https:\/\/www.francetvinfo.fr\/sante\/maladie\/coronavirus\/infographies-covid-19-morts-hospitalisations-age-malades-l-evolution-de-l-epidemie-en-france-et-dans-le-monde-en-cartes-et-graphiques.html\">Suivez l&rsquo;\u00e9volution de l&rsquo;\u00e9pid\u00e9mie en France et dans le monde <\/a>(France info)<\/p>\n\n\n\n<p><a href=\"https:\/\/covid19.healthdata.org\/france\">Projections par pays contaminations et morts Covid-19<\/a> (anglais, IHME)<\/p>\n\n\n\n<p><a href=\"https:\/\/wgntv.com\/news\/coronavirus\/johns-hopkins-offers-live-interactive-map-of-global-coronavirus-cases\/\">En continu carte et chiffres d\u00e9taill\u00e9s sur la Pand\u00e9mie&nbsp;<\/a> (anglais, John Hopkins University)<\/p>\n\n\n\n<p><a href=\"https:\/\/www.ft.com\/coronavirus-latest\">En continu graphiques et cartes sur la Pand\u00e9mie<\/a> (anglais, Financial Times)<\/p>\n\n\n\n<p><strong><span class=\"has-inline-color has-vivid-red-color\">17 Juin en continu<\/span><\/strong><\/p>\n\n\n\n<p><a href=\"https:\/\/www.mediapart.fr\/journal\/france\/170621\/enfants-en-manque-de-soins-medicaux-dans-les-quartiers-populaires-laisse-pourrir-la-situation\">Enfants en manque de soins m\u00e9dicaux dans les quartiers populaires: \u00abOn laisse pourrir la situation\u00bb<\/a> (M\u00e9diapart)<\/p>\n\n\n\n<p><a href=\"http:\/\/t.nl.francetvinfo.fr\/r\/?id=h6b779421,647b1e13,5f10e4d1\">5 questions sur le variant Delta, dont le nombre de cas augmente chaque semaine en France<\/a> (France Info)<\/p>\n\n\n\n<p><a href=\"http:\/\/t.nl.francetvinfo.fr\/r\/?id=h6b779421,647b1e13,5f10e4d6\">Fin du couvre-feu, port du masque \u00e0 l&rsquo;ext\u00e9rieur, vaccination&#8230; Ce qu&rsquo;il faut retenir de Castex<\/a> (France Info)<\/p>\n\n\n\n<p><a href=\"https:\/\/www.francetvinfo.fr\/sante\/maladie\/coronavirus\/infographies-covid-19-morts-hospitalisations-age-malades-l-evolution-de-l-epidemie-en-france-et-dans-le-monde-en-cartes-et-graphiques.html\">Suivez l&rsquo;\u00e9volution de l&rsquo;\u00e9pid\u00e9mie en France et dans le monde <\/a>(France info)<\/p>\n\n\n\n<p><a href=\"https:\/\/covid19.healthdata.org\/france\">Projections par pays contaminations et morts Covid-19<\/a> (anglais, IHME)<\/p>\n\n\n\n<p><a href=\"https:\/\/wgntv.com\/news\/coronavirus\/johns-hopkins-offers-live-interactive-map-of-global-coronavirus-cases\/\">En continu carte et chiffres d\u00e9taill\u00e9s sur la Pand\u00e9mie&nbsp;<\/a> (anglais, John Hopkins University)<\/p>\n\n\n\n<p><a href=\"https:\/\/www.ft.com\/coronavirus-latest\">En continu graphiques et cartes sur la Pand\u00e9mie<\/a> (anglais, Financial Times)<\/p>\n\n\n\n<figure class=\"wp-block-image is-resized is-style-default\"><img data-recalc-dims=\"1\" loading=\"lazy\" decoding=\"async\" src=\"https:\/\/i0.wp.com\/mamot.fr\/system\/cache\/media_attachments\/files\/106\/371\/556\/582\/009\/692\/original\/86c6c7331fcc4c07.jpg?resize=461%2C461&#038;ssl=1\" alt=\"\" width=\"461\" height=\"461\"\/><\/figure>\n\n\n\n<p><span class=\"has-inline-color has-vivid-red-color\"><strong>15 Juin en continu<\/strong><\/span><\/p>\n\n\n\n<p><a href=\"https:\/\/www.boursorama.com\/videos\/actualites\/vaccins-le-g7-s-engage-a-distribuer-plus-d-un-milliard-de-doses-boris-johnson-da1c897773c9144d7a07396aa6a87d20\">Vaccins: le G7 s&rsquo;engage \u00e0 distribuer plus d&rsquo;un milliard de doses (Boris Johnson)<\/a> (AFP)<\/p>\n\n\n\n<p><a href=\"https:\/\/adherez.attac.org\/civicrm\/mailing\/url?u=18491&amp;qid=16240840\">Rapports de force se nouent autour de l\u2019acc\u00e8s aux vaccins contre le covid-19 pour les pays du Sud<\/a> -Anne Senequier<\/p>\n\n\n\n<p><a href=\"https:\/\/www.20minutes.fr\/sante\/3059879-20210612-coronavirus-deux-doses-vaccins-differents-moins-55-ans-cocktail-gagnant?xtor=EPR-212-%5bnl%20morning%5d---a29a0f53a20b592c6c7a7f02f456bac2@2&amp;utm_source=newsletter&amp;utm_medium=email&amp;utm_campaign=morning&amp;_ope=eyJndWlkIjoiYTI5YTBmNTNhMjBiNTkyYzZjN2E3ZjAyZjQ1NmJhYzIifQ%3D%3D\">Coronavirus deux doses de vaccins diff\u00e9rents pour les moins de 55ans&nbsp;: cocktail gagnant? &nbsp;<\/a>&nbsp;(20 Minutes)<\/p>\n\n\n\n<p><a href=\"https:\/\/www.alternatives-economiques.fr\/covid-19-tres-chers-vaccins\/00099304\">Covid-19&nbsp;: tr\u00e8s chers vaccins&nbsp;!<\/a> (Alter \u00e9co<a href=\"https:\/\/www.alternatives-economiques.fr\/covid-19-tres-chers-vaccins\/00099304\">)<\/a><\/p>\n\n\n\n<p><a href=\"https:\/\/www.francetvinfo.fr\/sante\/maladie\/coronavirus\/infographies-covid-19-morts-hospitalisations-age-malades-l-evolution-de-l-epidemie-en-france-et-dans-le-monde-en-cartes-et-graphiques.html\">Suivez l&rsquo;\u00e9volution de l&rsquo;\u00e9pid\u00e9mie en France et dans le monde <\/a>(France info)<\/p>\n\n\n\n<p><a href=\"https:\/\/covid19.healthdata.org\/france\">Projections par pays contaminations et morts Covid-19<\/a> (anglais, IHME)<\/p>\n\n\n\n<p><a href=\"https:\/\/wgntv.com\/news\/coronavirus\/johns-hopkins-offers-live-interactive-map-of-global-coronavirus-cases\/\">En continu carte et chiffres d\u00e9taill\u00e9s sur la Pand\u00e9mie&nbsp;<\/a> (anglais, John Hopkins University)<\/p>\n\n\n\n<p><a href=\"https:\/\/www.ft.com\/coronavirus-latest\">En continu graphiques et cartes sur la Pand\u00e9mie<\/a> (anglais, Financial Times)<\/p>\n\n\n\n<figure class=\"wp-block-image is-resized is-style-default\"><img loading=\"lazy\" decoding=\"async\" src=\"https:\/\/scontent.fhex4-1.fna.fbcdn.net\/v\/t1.6435-0\/p526x296\/197838206_1223527954736337_8948251426429055051_n.jpg?_nc_cat=101&amp;ccb=1-3&amp;_nc_sid=730e14&amp;_nc_eui2=AeGS0-BwuKipPTjAM-f249IlEKPf0XnEkBEQo9_RecSQEQriu4H1hLVdNymqTvgy5jc&amp;_nc_ohc=A7VCdpd56P4AX83vA1r&amp;_nc_ht=scontent.fhex4-1.fna&amp;tp=6&amp;oh=c5bdec0d2d8b2375b4094ac3de20fba6&amp;oe=60CAB7A0\" alt=\"Peut \u00eatre une capture d\u2019\u00e9cran de Twitter de 3 personnes et texte qui dit \u2019Olivier Faure @faureolivier EXCLUSIF. Hidalgo et 21 \u00e9lus de gauche soutiennent un r\u00e9f\u00e9rendum d'initiative partag\u00e9e pour r\u00e9former l'h\u00f4pital lejdd.fr\/ Politique\/excl... via @lejdd LORLATL lejdd.fr EXCLUSIF. Hidalgo et 21 \u00e9lus de gauche soutiennent un r\u00e9f\u00e9rendum d'initiative partag...\u2019\" width=\"380\" height=\"514\"\/><figcaption><sub>Pas un gramme de dignit\u00e9. Au pouvoir, ils ont massacr\u00e9 l&rsquo;h\u00f4pital en fermant 17 000 lits !<\/sub><\/figcaption><\/figure>\n\n\n\n<p><span class=\"has-inline-color has-vivid-red-color\"><strong>13 Juin en continu<\/strong><\/span><\/p>\n\n\n\n<p><a href=\"http:\/\/link.listes.cafepedagogique.net\/m\/surl\/200138\/509820\/CkKNGYA03VQU23lOPI6mC3FKF-B12viezBEiZxMr5xU=\/link_5\/bstcSnStv9dvcQx-vU5VvdRd62OM6Jcq1HBKPaNksvPCXeh-j9CtMZR7PwXuF4LuYtvPGJzdK9escXz81q2NnP8zCgF3o5l9N+JNfO4ib8WYTYKvIMdtnPDJXP7PRfkBLmIYMNtSjxirgb2r3SkXHJGXGoGMzcIfOnDoa4qxMoeTZmkXA7bWkcD6q3pi83SWoh+ToaLaREfzOdBcgC+PRsBCqo8W2p-DmX8AMqDl3VXwo9goznLAb0ox8IZZsQ2JfMlZ8OvZFFz0GTLYukjgA7S-I44EiBn-K65AzMJcjCWPUpP6TaYvdHoq1izVT1H8\">Apr\u00e8s la manif, les infirmi\u00e8res en attente des propositions du ministre<\/a> (Caf\u00e9 p\u00e9dago)<\/p>\n\n\n\n<p><a href=\"https:\/\/www.bastamag.net\/Rendez-vous-vaccination-Doctolib-protection-des-donnees-personnelles-health-data-RGPD-Amazon\">Doctolib : l\u2019entreprise qui a r\u00e9cup\u00e9r\u00e9 le march\u00e9 de la vaccination&#8230; et nos donn\u00e9es personnelles<\/a> (Basta)<\/p>\n\n\n\n<p><a href=\"https:\/\/www.revolutionpermanente.fr\/Variant-delta-l-OMS-pointe-le-danger-d-une-resurgence-epidemique-en-Europe\">Variant delta&nbsp;: l\u2019OMS pointe le danger d\u2019une r\u00e9surgence \u00e9pid\u00e9mique en Europe<\/a> (RP)<\/p>\n\n\n\n<p><a href=\"https:\/\/www.mgen.fr\/actus-conseils\/votre-sante\/attention-aux-tiques\/?M_BT=11982879349642#&amp;at_medium=email&amp;at_campaign=1000&amp;at_emailtype=retention&amp;at_creation=NL_MGEN_ACTUS_juin1&amp;at_send_date=20210610&amp;at_link=tiques\">Votre sant\u00e9&nbsp;: attention aux tiques<\/a> (MGEN)<\/p>\n\n\n\n<p><a href=\"https:\/\/www.arte.tv\/fr\/videos\/086161-000-A\/on-acheve-bien-les-gros\/?cmpid=FR&amp;cmpsrc=newsletter&amp;cmpspt=email&amp;actId=ebwp0YMB8s29TZra_iGGbXV1qzzpVLXuLyr5FYI13Oo6Nnvv7dk-mBX0fYfwsGPZ&amp;actCampaignType=CAMPAIGN_MAIL&amp;actSource=501398\">On ach\u00e8ve bien les gros<\/a> (Doc Arte)<\/p>\n\n\n\n<p><a href=\"https:\/\/www.francetvinfo.fr\/sante\/maladie\/coronavirus\/infographies-covid-19-morts-hospitalisations-age-malades-l-evolution-de-l-epidemie-en-france-et-dans-le-monde-en-cartes-et-graphiques.html\">Suivez l&rsquo;\u00e9volution de l&rsquo;\u00e9pid\u00e9mie en France et dans le monde <\/a>(France info)<\/p>\n\n\n\n<p><a href=\"https:\/\/covid19.healthdata.org\/france\">Projections par pays contaminations et morts Covid-19<\/a> (anglais, IHME)<\/p>\n\n\n\n<p><a href=\"https:\/\/wgntv.com\/news\/coronavirus\/johns-hopkins-offers-live-interactive-map-of-global-coronavirus-cases\/\">En continu carte et chiffres d\u00e9taill\u00e9s sur la Pand\u00e9mie&nbsp;<\/a> (anglais, John Hopkins University)<\/p>\n\n\n\n<p><a href=\"https:\/\/www.ft.com\/coronavirus-latest\">En continu graphiques et cartes sur la Pand\u00e9mie<\/a> (anglais, Financial Times)<\/p>\n\n\n\n<p><span class=\"has-inline-color has-vivid-red-color\"><strong>11 Juin en continu<\/strong><\/span><\/p>\n\n\n\n<p><a href=\"https:\/\/www.les-crises.fr\/sars-cov-2-d-ou-vient-ce-virus-interview-du-virologue-christian-drosten\/\">Sars-CoV-2 : D\u2019o\u00f9 vient ce virus ?<\/a> &#8211; Interview du virologue Christian Drosten<\/p>\n\n\n\n<p><a href=\"https:\/\/www.revolutionpermanente.fr\/Contamination-dans-les-lieux-clos-sequencage-Macron-deconfine-sans-strategie-de-prevention\">Contamination dans les lieux clos, s\u00e9quen\u00e7age\u2026&nbsp;: Macron d\u00e9confine sans strat\u00e9gie de pr\u00e9vention<\/a> (RP)<\/p>\n\n\n\n<p><a href=\"https:\/\/www.washingtonpost.com\/politics\/biden-vaccine-donate\/2021\/06\/09\/c2744674-c934-11eb-93fa-9053a95eb9f2_story.html\">Les USA vont faire don de 500 millions de doses de vaccin contre le CV19<\/a> (anglais -The Washington Post)<\/p>\n\n\n\n<p><a href=\"https:\/\/track.lasanteauquotidien.info\/trackclicks\/940fc11f4d4b1930b681032611c5e585\/?tid=60c172ac42b85f1ea041dbf5\">Appel urgent aux dons du sang<\/a>( La sant\u00e9 au quotidien)<\/p>\n\n\n\n<figure class=\"wp-block-image is-resized is-style-default\"><img data-recalc-dims=\"1\" loading=\"lazy\" decoding=\"async\" src=\"https:\/\/i0.wp.com\/lasanteauquotidien.com\/wp-content\/uploads\/2021\/06\/appel-urgent-dons-sang-696x464.jpeg?resize=445%2C297&#038;ssl=1\" alt=\"Appel urgent aux dons du sang\" width=\"445\" height=\"297\" title=\"Appel urgent aux dons du sang\"\/><\/figure>\n\n\n\n<p><a href=\"https:\/\/track.lasanteauquotidien.info\/trackclicks\/7d86ac6dd9ef0b42480fad46625f4696\/?tid=60c172ac42b85f1ea041dbf5\">Nestl\u00e9 reconnait que 60% de ses produits ne sont pas bons pour la sant\u00e9<\/a> <em>( La sant\u00e9 au quotidien)<\/em><\/p>\n\n\n\n<p><a href=\"https:\/\/www.francetvinfo.fr\/sante\/maladie\/coronavirus\/infographies-covid-19-morts-hospitalisations-age-malades-l-evolution-de-l-epidemie-en-france-et-dans-le-monde-en-cartes-et-graphiques.html\">Suivez l&rsquo;\u00e9volution de l&rsquo;\u00e9pid\u00e9mie en France et dans le monde <\/a>(France info)<\/p>\n\n\n\n<p><a href=\"https:\/\/covid19.healthdata.org\/france\">Projections par pays contaminations et morts Covid-19<\/a> (anglais, IHME)<\/p>\n\n\n\n<p><a href=\"https:\/\/wgntv.com\/news\/coronavirus\/johns-hopkins-offers-live-interactive-map-of-global-coronavirus-cases\/\">En continu carte et chiffres d\u00e9taill\u00e9s sur la Pand\u00e9mie&nbsp;<\/a> (anglais, John Hopkins University)<\/p>\n\n\n\n<p><a href=\"https:\/\/www.ft.com\/coronavirus-latest\">En continu graphiques et cartes sur la Pand\u00e9mie<\/a> (anglais, Financial Times)<\/p>\n\n\n\n<p><span class=\"has-inline-color has-vivid-red-color\"><strong>10 Juin en continu<\/strong><\/span><\/p>\n\n\n\n<p><a href=\"https:\/\/www.humanite.fr\/vaccins-au-parlement-europeen-un-sabotage-contre-la-levee-des-brevets-709977#xtor=RSS-1\">Vaccins. Au Parlement europ\u00e9en, un sabotage contre la lev\u00e9e des brevets<\/a> (L\u2019Humanit\u00e9)<\/p>\n\n\n\n<p><a href=\"https:\/\/www.caminteresse.fr\/sante\/5-conseils-ecolo-anti-deprime-pour-le-monde-dapres-11140171\/\">5-conseils \u00e9colo anti d\u00e9prime pour le monde d\u2019apr\u00e8s<\/a> (\u00c7a m\u2019int\u00e9resse)<\/p>\n\n\n\n<p><a href=\"https:\/\/www.20minutes.fr\/sante\/3057419-20210608-Coronavirus-lente-decrue-poursuit-hopitaux?xtor=EPR-212-%5bnl%20economie%5d---a29a0f53a20b592c6c7a7f02f456bac2@2&amp;utm_source=newsletter&amp;utm_medium=email&amp;utm_campaign=economie&amp;_ope=eyJndWlkIjoiYTI5YTBmNTNhMjBiNTkyYzZjN2E3ZjAyZjQ1NmJhYzIifQ%3D%3D\">Coronavirus :La lente d\u00e9crue se poursuit dans les h\u00f4pitaux<\/a>&nbsp; (20minutes)<\/p>\n\n\n\n<p><a href=\"http:\/\/t.nl.francetvinfo.fr\/r\/?id=h691f853c,644a77db,5f0fdd7f\">D\u00e9confinement: heure du couvre-feu, jauges, salles de sport, pass sanitaire&#8230;Ce qui change <\/a> (France Info)<\/p>\n\n\n\n<p><a href=\"http:\/\/t.nl.francetvinfo.fr\/r\/?id=h691f853c,644a77db,5f0fdd9a\">Covid-19 : Sant\u00e9 publique France demande de ne plus utiliser les masques FFP2 \u00ab\u00a0Biomass Graph\u00e8ne\u00a0\u00bb<\/a> (France Info)<\/p>\n\n\n\n<p><a href=\"https:\/\/www.francetvinfo.fr\/sante\/maladie\/coronavirus\/infographies-covid-19-morts-hospitalisations-age-malades-l-evolution-de-l-epidemie-en-france-et-dans-le-monde-en-cartes-et-graphiques.html\">Suivez l&rsquo;\u00e9volution de l&rsquo;\u00e9pid\u00e9mie en France et dans le monde <\/a>(France info)<\/p>\n\n\n\n<p><a href=\"https:\/\/covid19.healthdata.org\/france\">Projections par pays contaminations et morts Covid-19<\/a> (anglais, IHME)<\/p>\n\n\n\n<p><a href=\"https:\/\/wgntv.com\/news\/coronavirus\/johns-hopkins-offers-live-interactive-map-of-global-coronavirus-cases\/\">En continu carte et chiffres d\u00e9taill\u00e9s sur la Pand\u00e9mie&nbsp;<\/a> (anglais, John Hopkins University)<\/p>\n\n\n\n<p><a href=\"https:\/\/www.ft.com\/coronavirus-latest\">En continu graphiques et cartes sur la Pand\u00e9mie<\/a> (anglais, Financial Times<\/p>\n\n\n\n<figure class=\"wp-block-image is-resized is-style-default\"><img loading=\"lazy\" decoding=\"async\" src=\"https:\/\/scontent.fhex4-1.fna.fbcdn.net\/v\/t1.6435-0\/p526x296\/198038333_1220755775013555_610936177259689533_n.jpg?_nc_cat=106&amp;ccb=1-3&amp;_nc_sid=730e14&amp;_nc_eui2=AeFXxhGUtHSG-KSqHyrStpwNbWE9shlRKndtYT2yGVEqd30P9fID2hrALR09DItsfeQ&amp;_nc_ohc=UmcX7OTvmwoAX9SWoJR&amp;_nc_ht=scontent.fhex4-1.fna&amp;tp=6&amp;oh=cd6372cc8e4c28c708ac1f45f108dc66&amp;oe=60E7CD50\" alt=\"Peut \u00eatre une image de pratique un sport et texte qui dit \u20195000 PERSONNES DANS UN STADE DE 80000 PLACES Uber Eats Orange FRANCE BULGARIE D\u00e9marquez-vous 5G Orange Orange D\u00e9ma 1 GRIEZMANN29' 29:27 FRANCE 10 PMUK BULGARIE MAIS TOUS AU M\u00caME ENDROIT OU EST LA LOGIQUE?\u2019\" width=\"445\" height=\"445\"\/><\/figure>\n\n\n\n<p><span class=\"has-inline-color has-vivid-red-color\"><strong>9 Juin en continu<\/strong><\/span><\/p>\n\n\n\n<p><a href=\"https:\/\/blogs.mediapart.fr\/julien-vernaudon\/blog\/080621\/referendum-dinitiative-partagee-pour-lhopital-public\">R\u00e9f\u00e9rendum d&rsquo;initiative partag\u00e9e pour l&rsquo;h\u00f4pital public <\/a>-Julien Vernaudon<\/p>\n\n\n\n<p><a href=\"https:\/\/www.mediapart.fr\/journal\/france\/080621\/transmission-du-virus-par-aerosol-l-executif-persiste-dans-le-deni\">Transmission du virus par a\u00e9rosol: l\u2019ex\u00e9cutif persiste dans le d\u00e9ni<\/a> (M\u00e9diapart)&nbsp;<\/p>\n\n\n\n<p><a href=\"https:\/\/www.nextinpact.com\/article\/46147\/pass-sanitaire-donnees-en-clair-open-source-on-fait-au-plus-simple\">Pass sanitaire, donn\u00e9es en clair, open source : \u00ab On fait au plus simple \u00bb<\/a> (Next INpact)<\/p>\n\n\n\n<p><a href=\"https:\/\/www.mediapart.fr\/journal\/france\/080621\/la-france-se-deconfine-un-peu-plus-le-virus-bouge-encore\">La France se d\u00e9confine un peu plus, le virus bouge encore<\/a> (M\u00e9diapart)<\/p>\n\n\n\n<p><a href=\"http:\/\/link.listes.cafepedagogique.net\/m\/surl\/200138\/509745\/jG-aNs55OOak7h5rAEra4HFKF-B12viezBEiZxMr5xU=\/link_6\/nNoIwvuoxsczISo6OPMljOCkzqPKiYejzBzmUrdcivhLyY9Nb8y4ZIUt04z257KOfCk3HlN0EU4ABUyoOzaXNDAzjX6Qmi65wV8o8xZ2BNBiZiQWBOV-16nYjhTiAOXiyb9CNRZvIk3hp9o-qJgOEFlBOS9d7Pr9CE-LIn-oEWC1Lj172G5-za4FbOK7Z5x9ow5+Ke6ojtd8PHCgb1xKvvjBqtTL3fmQ10elRbhoGemVwuHaTg5PeXAYa3KLLW3YvOKyTVGMovRKVRHyK8O2VexHcgauMguAWkynT1Uu4bbxXnCWerdhMA88vd4Chpcw\">Faut-il vacciner les adolescents \u00e0 l&rsquo;\u00e9cole ?<\/a> (Caf\u00e9 P\u00e9dagogique)<\/p>\n\n\n\n<p><a href=\"https:\/\/www.boursorama.com\/actualite-economique\/actualites\/apres-40-ans-de-recherche-sur-le-sida-ou-en-est-la-quete-d-un-vaccin-00e2dd29409fc3d032c31da3a1ae85a8\">Apr\u00e8s 40 ans de recherche sur le sida, o\u00f9 en est la qu\u00eate d&rsquo;un vaccin?<\/a> (AFP)<\/p>\n\n\n\n<p><a href=\"https:\/\/www.publicsenat.fr\/article\/societe\/covid-19-un-rapport-du-senat-preconise-la-collecte-de-donnees-personnelles-pour\">Un rapport du S\u00e9nat pr\u00e9conise la collecte de donn\u00e9es personnelles pour pr\u00e9venir les crises sanitaires<\/a> (Public S\u00e9nat)<\/p>\n\n\n\n<p><a href=\"https:\/\/blogs.mediapart.fr\/daviddeneufgermain\/blog\/080621\/psychiatrie-2051\">Psychiatrie, 2051 <\/a>-Daviddeneufgermain<\/p>\n\n\n\n<figure class=\"wp-block-image size-large is-style-default\"><img data-recalc-dims=\"1\" loading=\"lazy\" decoding=\"async\" width=\"418\" height=\"325\" src=\"https:\/\/i0.wp.com\/www.rdpemancipation.org\/wp-content\/uploads\/2021\/06\/Capture-decran-2021-06-08-a-20.01.18.png?resize=418%2C325&#038;ssl=1\" alt=\"\" class=\"wp-image-32671\" srcset=\"https:\/\/i0.wp.com\/www.rdpemancipation.org\/wp-content\/uploads\/2021\/06\/Capture-decran-2021-06-08-a-20.01.18.png?w=418&amp;ssl=1 418w, https:\/\/i0.wp.com\/www.rdpemancipation.org\/wp-content\/uploads\/2021\/06\/Capture-decran-2021-06-08-a-20.01.18.png?resize=300%2C233&amp;ssl=1 300w\" sizes=\"auto, (max-width: 418px) 100vw, 418px\" \/><\/figure>\n\n\n\n<p><a href=\"https:\/\/www.francetvinfo.fr\/sante\/maladie\/coronavirus\/infographies-covid-19-morts-hospitalisations-age-malades-l-evolution-de-l-epidemie-en-france-et-dans-le-monde-en-cartes-et-graphiques.html\">Suivez l&rsquo;\u00e9volution de l&rsquo;\u00e9pid\u00e9mie en France et dans le monde <\/a>(France info)<\/p>\n\n\n\n<p><a href=\"https:\/\/covid19.healthdata.org\/france\">Projections par pays contaminations et morts Covid-19<\/a> (anglais, IHME)<\/p>\n\n\n\n<p><a href=\"https:\/\/wgntv.com\/news\/coronavirus\/johns-hopkins-offers-live-interactive-map-of-global-coronavirus-cases\/\">En continu carte et chiffres d\u00e9taill\u00e9s sur la Pand\u00e9mie&nbsp;<\/a> (anglais, John Hopkins University)<\/p>\n\n\n\n<p><a href=\"https:\/\/www.ft.com\/coronavirus-latest\">En continu graphiques et cartes sur la Pand\u00e9mie<\/a> (anglais, Financial Times)<\/p>\n\n\n\n<figure class=\"wp-block-image is-resized is-style-default\"><img data-recalc-dims=\"1\" loading=\"lazy\" decoding=\"async\" src=\"https:\/\/i0.wp.com\/mamot.fr\/system\/cache\/media_attachments\/files\/106\/354\/572\/884\/123\/123\/original\/257e064ba04e65b9.jpeg?resize=466%2C411&#038;ssl=1\" alt=\"\" width=\"466\" height=\"411\"\/><\/figure>\n\n\n\n<p><span class=\"has-inline-color has-vivid-red-color\"><strong>7 Juin en continu<\/strong><\/span><\/p>\n\n\n\n<p><a href=\"https:\/\/www.boursorama.com\/actualite-economique\/actualites\/virus-le-variant-delta-40-plus-transmissible-dit-le-ministre-britannique-de-la-sante-5f332070f56c739e69101b77d299277a\">Virus: le variant Delta 40% plus transmissible, dit le ministre britannique de la Sant\u00e9<\/a> (AFP)<\/p>\n\n\n\n<figure class=\"wp-block-image size-large is-resized is-style-default\"><img data-recalc-dims=\"1\" loading=\"lazy\" decoding=\"async\" src=\"https:\/\/i0.wp.com\/www.rdpemancipation.org\/wp-content\/uploads\/2021\/06\/4c9dbd9f2cf9817ca7b63a1d84c9f97b-760x482-2.jpg?resize=649%2C412&#038;ssl=1\" alt=\"\" class=\"wp-image-32472\" width=\"649\" height=\"412\" srcset=\"https:\/\/i0.wp.com\/www.rdpemancipation.org\/wp-content\/uploads\/2021\/06\/4c9dbd9f2cf9817ca7b63a1d84c9f97b-760x482-2.jpg?w=760&amp;ssl=1 760w, https:\/\/i0.wp.com\/www.rdpemancipation.org\/wp-content\/uploads\/2021\/06\/4c9dbd9f2cf9817ca7b63a1d84c9f97b-760x482-2.jpg?resize=300%2C190&amp;ssl=1 300w\" sizes=\"auto, (max-width: 649px) 100vw, 649px\" \/><\/figure>\n\n\n\n<p><a href=\"https:\/\/europe-solidaire.us8.list-manage.com\/track\/click?u=5c732dd5ee65845cf20fd724a&amp;id=0069db938b&amp;e=5df9c98670\">Covid-19 (France) : Sur la chloroquine, Delfraissy a racont\u00e9 subir des \u00ab pressions politiques \u00bb<\/a> (Huffington Post)<\/p>\n\n\n\n<p><a href=\"https:\/\/newrepublic.com\/article\/162527\/long-strange-trips-grubby-history-vaccines-became-intellectual-property?utm_campaign=tnr_weekly&amp;utm_medium=email&amp;utm_source=newsletter\">Histoire : la conversion des USA \u00e0 la propri\u00e9t\u00e9 intellectuelle des m\u00e9dicaments sous Reagan<\/a> (anglais -New Republic)<\/p>\n\n\n\n<figure class=\"wp-block-image is-resized is-style-default\"><img data-recalc-dims=\"1\" loading=\"lazy\" decoding=\"async\" src=\"https:\/\/i0.wp.com\/images.newrepublic.com\/b915c5651ff7e9d7d7cc69d95fc40a71eae9c1ac.jpeg?resize=491%2C326&#038;ssl=1\" alt=\"A syringe surrounded by padlocks.\" width=\"491\" height=\"326\"\/><\/figure>\n\n\n\n<p><a href=\"https:\/\/www.francetvinfo.fr\/sante\/maladie\/coronavirus\/infographies-covid-19-morts-hospitalisations-age-malades-l-evolution-de-l-epidemie-en-france-et-dans-le-monde-en-cartes-et-graphiques.html\">Suivez l&rsquo;\u00e9volution de l&rsquo;\u00e9pid\u00e9mie en France et dans le monde <\/a>(France info)<\/p>\n\n\n\n<p><a href=\"https:\/\/covid19.healthdata.org\/france\">Projections par pays contaminations et morts Covid-19<\/a> (anglais, IHME)<\/p>\n\n\n\n<p><a href=\"https:\/\/wgntv.com\/news\/coronavirus\/johns-hopkins-offers-live-interactive-map-of-global-coronavirus-cases\/\">En continu carte et chiffres d\u00e9taill\u00e9s sur la Pand\u00e9mie&nbsp;<\/a> (anglais, John Hopkins University)<\/p>\n\n\n\n<p><a href=\"https:\/\/www.ft.com\/coronavirus-latest\">En continu graphiques et cartes sur la Pand\u00e9mie<\/a> (anglais, Financial Times)<\/p>\n\n\n\n<p><span class=\"has-inline-color has-vivid-red-color\"><strong>5 Juin en continu<\/strong><\/span><\/p>\n\n\n\n<p><a href=\"https:\/\/www.boursorama.com\/actualite-economique\/actualites\/le-dr-fauci-exhorte-la-chine-a-partager-les-dossiers-medicaux-des-chercheurs-malades-de-wuhan-86a91c027bc444115c23f15e0faf84e5\">Le Dr Fauci exhorte la Chine \u00e0 partager les dossiers m\u00e9dicaux des chercheurs malades de Wuhan<\/a> (AFP)<\/p>\n\n\n\n<p><a href=\"https:\/\/www.boursorama.com\/actualite-economique\/actualites\/l-oms-met-en-garde-contre-un-echec-si-les-pays-riches-n-accelerent-pas-le-partage-des-vaccins-2919bba859536b5c8b2eff23f408b8f4\">L&rsquo;OMS met en garde contre un \u00ab\u00a0\u00e9chec\u00a0\u00bb si les pays riches n&rsquo;acc\u00e9l\u00e8rent pas le partage des vaccins<\/a> (Reuters)<\/p>\n\n\n\n<p><a href=\"http:\/\/link.listes.cafepedagogique.net\/m\/surl\/200138\/509665\/knBuNLu2O5AZAST-Ad4NnHFKF-B12viezBEiZxMr5xU=\/link_10\/R1G2zDCuqwh0625KSG9YZqugp-OEc3239wySCrQNuj4DV681-2O3O48SGs5y6gXO81ZoT81GBQmqaa+LjIudxnN-wetKWc8wQz8tVWFU06HXogMFGZlGEnL7u87eoub89T4J5GbmahvWRO9a1Crie-NDtr36HQG-c7wsBHsI-mZ1XcfQtTwBsTQtHy+MPfw9dt7gGaUCTUEyFAJ23hv-dRIYqn+ISDay6bklQm-eZNSt69A6zeQbG5KS+VQKCYIq5qA1ru5WOLO-Hxgkm79aalUSLkHPLP4SBlL9IKEmfFuWAWTdEu+8zMikmG7h+aKI\">L&rsquo;\u00e9pid\u00e9mie repart dans le sud ouest<\/a> (Caf\u00e9 p\u00e9dagogique) <\/p>\n\n\n\n<p><a href=\"https:\/\/www.boursorama.com\/actualite-economique\/actualites\/l-epidemie-de-covid-19-accelere-en-angleterre-b53c3b804acf28bec0f2bce366a45cc2\">L&rsquo;\u00e9pid\u00e9mie de COVID-19 acc\u00e9l\u00e8re en Angleterre<\/a> (Reuters)<\/p>\n\n\n\n<p><a href=\"https:\/\/www.boursorama.com\/videos\/actualites\/les-etats-unis-s-engagent-a-donner-80-millions-de-doses-de-vaccins-a-l-etranger-8de9e4fd5c0a5f7bc7d4267fe8775a8b\">Les Etats-Unis s&rsquo;engagent \u00e0 donner 80 millions de doses de vaccins \u00e0 l&rsquo;\u00e9tranger<\/a> (AFP )<\/p>\n\n\n\n<p><a href=\"https:\/\/www.revolutionpermanente.fr\/Polyclinique-Bordeaux-Rive-droite-apres-3-semaines-de-greve-la-lutte-continue\">Polyclinique Bordeaux Rive droite&nbsp;: apr\u00e8s 3 semaines de gr\u00e8ve, la lutte continue&nbsp;!<\/a> (RP)<\/p>\n\n\n\n<p><a href=\"https:\/\/www.francetvinfo.fr\/sante\/maladie\/coronavirus\/infographies-covid-19-morts-hospitalisations-age-malades-l-evolution-de-l-epidemie-en-france-et-dans-le-monde-en-cartes-et-graphiques.html\">Suivez l&rsquo;\u00e9volution de l&rsquo;\u00e9pid\u00e9mie en France et dans le monde <\/a>(France info)<\/p>\n\n\n\n<p><a href=\"https:\/\/covid19.healthdata.org\/france\">Projections par pays contaminations et morts Covid-19<\/a> (anglais, IHME)<\/p>\n\n\n\n<p><a href=\"https:\/\/wgntv.com\/news\/coronavirus\/johns-hopkins-offers-live-interactive-map-of-global-coronavirus-cases\/\">En continu carte et chiffres d\u00e9taill\u00e9s sur la Pand\u00e9mie&nbsp;<\/a> (anglais, John Hopkins University)<\/p>\n\n\n\n<p><a href=\"https:\/\/www.ft.com\/coronavirus-latest\">En continu graphiques et cartes sur la Pand\u00e9mie<\/a> (anglais, Financial Times)<\/p>\n\n\n\n<figure class=\"wp-block-image is-resized is-style-default\"><img data-recalc-dims=\"1\" loading=\"lazy\" decoding=\"async\" src=\"https:\/\/i0.wp.com\/www.formesdesluttes.org\/site\/assets\/files\/1315\/fdl-corentinperrichot-01-a4-web.gif?resize=345%2C471\" alt=\"\" width=\"345\" height=\"471\"\/><\/figure>\n\n\n\n<p><span class=\"has-inline-color has-vivid-red-color\"><strong>4 Juin en continu<\/strong><\/span><\/p>\n\n\n\n<p><a href=\"https:\/\/www.mediapart.fr\/journal\/france\/030621\/filtration-de-l-air-les-tgv-possibles-clusters-ambulants\">Filtration de l\u2019air&nbsp;: les TGV, possibles clusters ambulants<\/a> (MDP)<\/p>\n\n\n\n<p><a href=\"https:\/\/lanticapitaliste.org\/evenement\/rassemblements-pour-la-levee-des-brevets-sur-les-vaccins-anti-covid\">Rassemblements le 7 Juin pour la lev\u00e9e des brevets sur les vaccins anti-Covid<\/a> (L&rsquo;Anticapitaliste)<\/p>\n\n\n\n<p><a href=\"https:\/\/lanticapitaliste.org\/evenement\/meeting-international-pour-la-levee-des-brevets-sur-les-vaccins-anti-covid\">Meeting international pour la lev\u00e9e des brevets sur les vaccins anti-Covid<\/a> (L&rsquo;Anticapitaliste)<\/p>\n\n\n\n<figure class=\"wp-block-image is-resized is-style-default\"><img data-recalc-dims=\"1\" loading=\"lazy\" decoding=\"async\" src=\"https:\/\/i0.wp.com\/lanticapitaliste.org\/sites\/default\/files\/unnamed_62.jpg?resize=461%2C652&#038;ssl=1\" alt=\"\" width=\"461\" height=\"652\"\/><\/figure>\n\n\n\n<p><a href=\"https:\/\/lanticapitaliste.org\/actualite\/sante\/forcer-macron-soutenir-la-levee-des-brevets-lomc\">Forcer Macron \u00e0 soutenir la lev\u00e9e des brevets \u00e0 l\u2019OMC\u2009!<\/a> -Frank Prouhet<\/p>\n\n\n\n<p><a href=\"https:\/\/www.francetvinfo.fr\/sante\/maladie\/coronavirus\/infographies-covid-19-morts-hospitalisations-age-malades-l-evolution-de-l-epidemie-en-france-et-dans-le-monde-en-cartes-et-graphiques.html\">Suivez l&rsquo;\u00e9volution de l&rsquo;\u00e9pid\u00e9mie en France et dans le monde <\/a>(France info)<\/p>\n\n\n\n<p><a href=\"https:\/\/covid19.healthdata.org\/france\">Projections par pays contaminations et morts Covid-19<\/a> (anglais, IHME)<\/p>\n\n\n\n<p><a href=\"https:\/\/wgntv.com\/news\/coronavirus\/johns-hopkins-offers-live-interactive-map-of-global-coronavirus-cases\/\">En continu carte et chiffres d\u00e9taill\u00e9s sur la Pand\u00e9mie&nbsp;<\/a> (anglais, John Hopkins University)<\/p>\n\n\n\n<p><a href=\"https:\/\/www.ft.com\/coronavirus-latest\">En continu graphiques et cartes sur la Pand\u00e9mie<\/a> (anglais, Financial Times)<\/p>\n\n\n\n<p><span class=\"has-inline-color has-vivid-red-color\"><strong>3 Juin en continu<\/strong><\/span><\/p>\n\n\n\n<figure class=\"wp-block-image is-resized is-style-default\"><img data-recalc-dims=\"1\" loading=\"lazy\" decoding=\"async\" src=\"https:\/\/i0.wp.com\/mamot.fr\/system\/cache\/media_attachments\/files\/106\/324\/760\/056\/058\/097\/original\/1051218b23906cc5.jpg?resize=452%2C397&#038;ssl=1\" alt=\"\" width=\"452\" height=\"397\"\/><\/figure>\n\n\n\n<p><span class=\"has-inline-color has-vivid-red-color\"><strong>2 Juin en continu<\/strong><\/span><\/p>\n\n\n\n<p><a href=\"https:\/\/www.boursorama.com\/actualite-economique\/actualites\/l-oms-donne-son-homologation-d-urgence-au-vaccin-chinois-anti-covid-sinovac-03445ffe6c2142f80588ec525814fc4c\">L&rsquo;OMS donne son homologation d&rsquo;urgence au vaccin chinois anti-Covid Sinovac<\/a> (AFP)<\/p>\n\n\n\n<p><a href=\"https:\/\/www.boursorama.com\/actualite-economique\/actualites\/omc-l-ue-et-londres-toujours-sceptiques-sur-la-levee-des-brevets-sur-les-vaccins-anti-covid-f4b554e4ab2cb061e54e9d77ddf5a002\">OMC: l&rsquo;UE et Londres toujours sceptiques sur la lev\u00e9e des brevets sur les vaccins anti-Covid<\/a> (AFP)<\/p>\n\n\n\n<p><a href=\"https:\/\/www.revolutionpermanente.fr\/Retour-a-la-normale-Face-a-la-menace-des-variants-indien-et-vietnamien-il-faut-lever-les-brevets\">\u00ab&nbsp;Retour \u00e0 la normale&nbsp;?&nbsp;\u00bb Face \u00e0 la menace des variants, il faut lever les brevets&nbsp;!<\/a> (RP)<\/p>\n\n\n\n<p><a href=\"https:\/\/info.mediapart.fr\/optiext\/optiextension.dll?ID=6yz6zPnyZ2yVMVJYiJK7bCO6_yHD534Bhowlnc0GvXcJSnfQZwdxe5KmaNGK2C_lZv68BvbWpXYmxGcgYDUpTG_24Y2sL\">Le minist\u00e8re rappelle des millions de masques FFP2 potentiellement dangereux<\/a> (MDP)<\/p>\n\n\n\n<p><a href=\"https:\/\/www.humanite.fr\/covid-19-la-carte-des-inegalites-dacces-la-vaccination-enfin-revelee-708901#xtor=RSS-1\">Covid-19. La carte des in\u00e9galit\u00e9s d\u2019acc\u00e8s \u00e0 la vaccination enfin r\u00e9v\u00e9l\u00e9e<\/a> (L\u2019Humanit\u00e9)<\/p>\n\n\n\n<p><a href=\"https:\/\/www.courrierinternational.com\/article\/recherche-vaccins-une-hypothese-pour-expliquer-lapparition-des-rares-thromboses\">Vaccins&nbsp;: une hypoth\u00e8se pour expliquer l\u2019apparition des rares thromboses<\/a> (Courrier international)<\/p>\n\n\n\n<p><a href=\"http:\/\/frances.prensa-latina.cu\/index.php?option=com_content&amp;view=article&amp;id=886489:les-vaccins-anti-covid-19-sont-une-affaire-rentable-de-plusieurs-millions-pour-quelques-uns&amp;opcion=pl-ver-noticia&amp;catid=69&amp;Itemid=101\">Les vaccins anti-Covid-19 sont une affaire rentable de plusieurs millions pour quelques-uns<\/a> (Prensa Latina)<\/p>\n\n\n\n<p><a href=\"https:\/\/www.francetvinfo.fr\/sante\/maladie\/coronavirus\/infographies-covid-19-morts-hospitalisations-age-malades-l-evolution-de-l-epidemie-en-france-et-dans-le-monde-en-cartes-et-graphiques.html\">Suivez l&rsquo;\u00e9volution de l&rsquo;\u00e9pid\u00e9mie en France et dans le monde <\/a>(France info)<\/p>\n\n\n\n<p><a href=\"https:\/\/covid19.healthdata.org\/france\">Projections par pays contaminations et morts Covid-19<\/a> (anglais, IHME)<\/p>\n\n\n\n<p><a href=\"https:\/\/wgntv.com\/news\/coronavirus\/johns-hopkins-offers-live-interactive-map-of-global-coronavirus-cases\/\">En continu carte et chiffres d\u00e9taill\u00e9s sur la Pand\u00e9mie&nbsp;<\/a> (anglais, John Hopkins University)<\/p>\n\n\n\n<p><a href=\"https:\/\/www.ft.com\/coronavirus-latest\">En continu graphiques et cartes sur la Pand\u00e9mie<\/a> (anglais, Financial Times)<\/p>\n\n\n\n<figure class=\"wp-block-image is-resized is-style-default\"><img data-recalc-dims=\"1\" loading=\"lazy\" decoding=\"async\" src=\"https:\/\/i0.wp.com\/www.formesdesluttes.org\/site\/assets\/files\/1416\/fdl-thierrysarfis-01-a4-web.png?resize=424%2C599\" alt=\"\" width=\"424\" height=\"599\"\/><\/figure>\n\n\n\n<p><\/p>\n","protected":false},"excerpt":{"rendered":"<p>30 juin en continu L&rsquo;incroyable d\u00e9rapage d&rsquo;un \u00e9ditorialiste sur RMC: \u00abOn vous vaccinera de force !\u00bb -Vid\u00e9o (L\u2019Actu Citoyenne) Lits, personnel\u2026 d\u00e9pensons-nous assez pour nos h\u00f4pitaux ? -Vid\u00e9o (Capital) Les centres de sant\u00e9 communautaire port\u00e9s \u00e0 bout de bras par les militants (Alternatives \u00c9conomiques) Variant Delta, pourquoi la Russie subit une terrible vague de l&rsquo;\u00e9pid\u00e9mie &#8230; <a title=\"Juin &#8211; Sant\u00e9\" class=\"read-more\" href=\"https:\/\/www.rdpemancipation.org\/?p=31756\" aria-label=\"En savoir plus sur Juin &#8211; Sant\u00e9\">Lire la suite<\/a><\/p>\n","protected":false},"author":1,"featured_media":0,"comment_status":"closed","ping_status":"closed","sticky":false,"template":"","format":"standard","meta":{"_lmt_disableupdate":"no","_lmt_disable":"no","_jetpack_memberships_contains_paid_content":false,"footnotes":""},"categories":[14],"tags":[],"class_list":["post-31756","post","type-post","status-publish","format-standard","hentry","category-sante"],"modified_by":"jmb","jetpack_featured_media_url":"","jetpack_sharing_enabled":true,"_links":{"self":[{"href":"https:\/\/www.rdpemancipation.org\/index.php?rest_route=\/wp\/v2\/posts\/31756","targetHints":{"allow":["GET"]}}],"collection":[{"href":"https:\/\/www.rdpemancipation.org\/index.php?rest_route=\/wp\/v2\/posts"}],"about":[{"href":"https:\/\/www.rdpemancipation.org\/index.php?rest_route=\/wp\/v2\/types\/post"}],"author":[{"embeddable":true,"href":"https:\/\/www.rdpemancipation.org\/index.php?rest_route=\/wp\/v2\/users\/1"}],"replies":[{"embeddable":true,"href":"https:\/\/www.rdpemancipation.org\/index.php?rest_route=%2Fwp%2Fv2%2Fcomments&post=31756"}],"version-history":[{"count":90,"href":"https:\/\/www.rdpemancipation.org\/index.php?rest_route=\/wp\/v2\/posts\/31756\/revisions"}],"predecessor-version":[{"id":35563,"href":"https:\/\/www.rdpemancipation.org\/index.php?rest_route=\/wp\/v2\/posts\/31756\/revisions\/35563"}],"wp:attachment":[{"href":"https:\/\/www.rdpemancipation.org\/index.php?rest_route=%2Fwp%2Fv2%2Fmedia&parent=31756"}],"wp:term":[{"taxonomy":"category","embeddable":true,"href":"https:\/\/www.rdpemancipation.org\/index.php?rest_route=%2Fwp%2Fv2%2Fcategories&post=31756"},{"taxonomy":"post_tag","embeddable":true,"href":"https:\/\/www.rdpemancipation.org\/index.php?rest_route=%2Fwp%2Fv2%2Ftags&post=31756"}],"curies":[{"name":"wp","href":"https:\/\/api.w.org\/{rel}","templated":true}]}}