{"id":31748,"date":"2021-06-01T09:01:25","date_gmt":"2021-06-01T07:01:25","guid":{"rendered":"https:\/\/www.rdpemancipation.org\/?p=31748"},"modified":"2021-06-30T06:53:21","modified_gmt":"2021-06-30T04:53:21","slug":"juin-culture","status":"publish","type":"post","link":"https:\/\/www.rdpemancipation.org\/?p=31748","title":{"rendered":"Juin &#8211; Cultures"},"content":{"rendered":"\n<p class=\"has-vivid-red-color has-text-color\"><strong>30 juin<\/strong><\/p>\n\n\n\n<p><a href=\"https:\/\/laviedesidees.fr\/Des-abeilles-et-des-hommes.html\">Des abeilles et des hommes<\/a> (La Vie des id\u00e9es)<\/p>\n\n\n\n<figure class=\"wp-block-image is-resized\"><img data-recalc-dims=\"1\" loading=\"lazy\" decoding=\"async\" src=\"https:\/\/i0.wp.com\/laviedesidees.fr\/local\/cache-vignettes\/L267xH400\/arton5120-99383.jpg?resize=231%2C346&#038;ssl=1\" alt=\"\" width=\"231\" height=\"346\"\/><\/figure>\n\n\n\n<p class=\"has-luminous-vivid-amber-color has-text-color\">.<\/p>\n\n\n\n<p><a href=\"https:\/\/www.monde-diplomatique.fr\/2021\/07\/DAGUERRE\/63265\">Zone de perturbations<\/a> (Le Monde diplomatique)<\/p>\n\n\n\n<figure class=\"wp-block-image is-resized\"><img data-recalc-dims=\"1\" loading=\"lazy\" decoding=\"async\" src=\"https:\/\/i0.wp.com\/www.monde-diplomatique.fr\/local\/cache-vignettes\/L181xH300\/oyamada-lusine-bd-fc537-577be.jpg?resize=227%2C376&#038;ssl=1\" alt=\"\" width=\"227\" height=\"376\"\/><\/figure>\n\n\n\n<p class=\"has-vivid-red-color has-text-color\"><strong>\u200b<\/strong><\/p>\n\n\n\n<p>\u200b<\/p>\n\n\n\n<p>\u200b<a href=\"https:\/\/www.liberation.fr\/culture\/arts\/art-contemporain\/peintres-juifs-a-paris-ombres-de-la-ville-lumiere-20210627_ZOAU7L722JGBTICTQTKFFJBW2M\/\">Peintres juifs \u00e0 Paris, ombres de la Ville lumi\u00e8re&nbsp;: mus\u00e9e d\u2019art et d\u2019histoire du Judaisme<\/a>(Lib\u00e9)<\/p>\n\n\n\n<figure class=\"wp-block-image size-large is-resized\"><img data-recalc-dims=\"1\" loading=\"lazy\" decoding=\"async\" src=\"https:\/\/i0.wp.com\/www.rdpemancipation.org\/wp-content\/uploads\/2021\/06\/image-199.png?resize=400%2C509&#038;ssl=1\" alt=\"\" class=\"wp-image-35114\" width=\"400\" height=\"509\" srcset=\"https:\/\/i0.wp.com\/www.rdpemancipation.org\/wp-content\/uploads\/2021\/06\/image-199.png?w=800&amp;ssl=1 800w, https:\/\/i0.wp.com\/www.rdpemancipation.org\/wp-content\/uploads\/2021\/06\/image-199.png?resize=236%2C300&amp;ssl=1 236w, https:\/\/i0.wp.com\/www.rdpemancipation.org\/wp-content\/uploads\/2021\/06\/image-199.png?resize=768%2C977&amp;ssl=1 768w\" sizes=\"auto, (max-width: 400px) 100vw, 400px\" \/><figcaption><br>Ary Lochakow \u00ad(1892-1941), \u00able Po\u00e8te David Knout\u00bb, 1923.&nbsp;(MAHJ)<\/figcaption><\/figure>\n\n\n\n<p>\u200b<a href=\"https:\/\/www.liberation.fr\/lifestyle\/sur-tiktok-des-internautes-noirs-font-la-greve-de-la-danse-20210628_DW7ZDG7UFRHTBL5N5RCRUNSSEI\/\">Invisibilisation&nbsp;: Sur TikTok, des internautes noirs font la gr\u00e8ve de la danse<\/a> (Lib\u00e9)<\/p>\n\n\n\n<figure class=\"wp-block-image size-large is-resized\"><img data-recalc-dims=\"1\" loading=\"lazy\" decoding=\"async\" src=\"https:\/\/i0.wp.com\/www.rdpemancipation.org\/wp-content\/uploads\/2021\/06\/image-198.png?resize=400%2C207&#038;ssl=1\" alt=\"\" class=\"wp-image-35112\" width=\"400\" height=\"207\" srcset=\"https:\/\/i0.wp.com\/www.rdpemancipation.org\/wp-content\/uploads\/2021\/06\/image-198.png?w=800&amp;ssl=1 800w, https:\/\/i0.wp.com\/www.rdpemancipation.org\/wp-content\/uploads\/2021\/06\/image-198.png?resize=300%2C155&amp;ssl=1 300w, https:\/\/i0.wp.com\/www.rdpemancipation.org\/wp-content\/uploads\/2021\/06\/image-198.png?resize=768%2C396&amp;ssl=1 768w\" sizes=\"auto, (max-width: 400px) 100vw, 400px\" \/><figcaption>capture d&rsquo;\u00e9cran<\/figcaption><\/figure>\n\n\n\n<p><a href=\"https:\/\/www.en-attendant-nadeau.fr\/2021\/06\/14\/histoire-violente-nature-jacoby\/\">Aux Etats-Unis&nbsp;: Une histoire violente de la nature<\/a> (en-attendant-nadeau)<\/p>\n\n\n\n<figure class=\"wp-block-image size-large is-resized\"><img data-recalc-dims=\"1\" loading=\"lazy\" decoding=\"async\" src=\"https:\/\/i0.wp.com\/www.rdpemancipation.org\/wp-content\/uploads\/2021\/06\/image-197.png?resize=325%2C222&#038;ssl=1\" alt=\"\" class=\"wp-image-35110\" width=\"325\" height=\"222\" srcset=\"https:\/\/i0.wp.com\/www.rdpemancipation.org\/wp-content\/uploads\/2021\/06\/image-197.png?w=650&amp;ssl=1 650w, https:\/\/i0.wp.com\/www.rdpemancipation.org\/wp-content\/uploads\/2021\/06\/image-197.png?resize=300%2C204&amp;ssl=1 300w\" sizes=\"auto, (max-width: 325px) 100vw, 325px\" \/><figcaption><br><em>Officiers de l\u2019arm\u00e9e am\u00e9ricaine \u00e0 Fort Yellowstone, posant devant des t\u00eates de bisons saisies \u00e0 des braconniers (vers 1900) \u00a9 National Park Service, Yellowstone National Park<\/em><\/figcaption><\/figure>\n\n\n\n<p>\u200b<a href=\"https:\/\/www.en-attendant-nadeau.fr\/2021\/06\/02\/traduire-bruit-odyssee\/\">Nouvelle traduction de Emmanuel Lascoux&nbsp;: Traduire le bruit de l\u2019Odyss\u00e9e<\/a> (en-attendant-nadeau)<\/p>\n\n\n\n<p>\u200b<a href=\"https:\/\/www.en-attendant-nadeau.fr\/2021\/06\/28\/regards-amour-persane\/\">Regards persans sur l\u2019amour<\/a> (en-attendant-nadeau)<\/p>\n\n\n\n<figure class=\"wp-block-image size-large is-resized\"><img data-recalc-dims=\"1\" loading=\"lazy\" decoding=\"async\" src=\"https:\/\/i0.wp.com\/www.rdpemancipation.org\/wp-content\/uploads\/2021\/06\/image-196.png?resize=323%2C512&#038;ssl=1\" alt=\"\" class=\"wp-image-35107\" width=\"323\" height=\"512\" srcset=\"https:\/\/i0.wp.com\/www.rdpemancipation.org\/wp-content\/uploads\/2021\/06\/image-196.png?resize=646%2C1024&amp;ssl=1 646w, https:\/\/i0.wp.com\/www.rdpemancipation.org\/wp-content\/uploads\/2021\/06\/image-196.png?resize=189%2C300&amp;ssl=1 189w, https:\/\/i0.wp.com\/www.rdpemancipation.org\/wp-content\/uploads\/2021\/06\/image-196.png?w=650&amp;ssl=1 650w\" sizes=\"auto, (max-width: 323px) 100vw, 323px\" \/><figcaption><br><em>\u00ab&nbsp;Les amoureux&nbsp;\u00bb par Riza-yi Abbasi (vers 1630) \u00a9 The MET Collection<\/em><\/figcaption><\/figure>\n\n\n\n<p class=\"has-vivid-red-color has-text-color\"><strong>29 juin<\/strong><\/p>\n\n\n\n<p>\u200b<a href=\"https:\/\/www.agirparlaculture.be\/le-socialisme-projet-toujours-emancipateur-ou-simple-reformisme-gestionnaire\/\">Entretien avec Mateo ALALUF&nbsp;: Le socialisme, projet toujours \u00e9mancipateur ou simple r\u00e9formisme gestionnaire&nbsp;?<\/a> (agir pour la culture)<\/p>\n\n\n\n<p>\u200b<a href=\"https:\/\/www.historia.fr\/loeil-de\/le-lien-de-la-tra%C3%A7abilit%C3%A9\">Histoire&nbsp;: Le lien de la tra\u00e7abilit\u00e9<\/a> (Historia)<\/p>\n\n\n\n<figure class=\"wp-block-image size-large is-resized\"><img data-recalc-dims=\"1\" loading=\"lazy\" decoding=\"async\" src=\"https:\/\/i0.wp.com\/www.rdpemancipation.org\/wp-content\/uploads\/2021\/06\/image-195.png?resize=512%2C185&#038;ssl=1\" alt=\"\" class=\"wp-image-35103\" width=\"512\" height=\"185\" srcset=\"https:\/\/i0.wp.com\/www.rdpemancipation.org\/wp-content\/uploads\/2021\/06\/image-195.png?resize=1024%2C369&amp;ssl=1 1024w, https:\/\/i0.wp.com\/www.rdpemancipation.org\/wp-content\/uploads\/2021\/06\/image-195.png?resize=300%2C108&amp;ssl=1 300w, https:\/\/i0.wp.com\/www.rdpemancipation.org\/wp-content\/uploads\/2021\/06\/image-195.png?resize=768%2C277&amp;ssl=1 768w, https:\/\/i0.wp.com\/www.rdpemancipation.org\/wp-content\/uploads\/2021\/06\/image-195.png?w=1298&amp;ssl=1 1298w\" sizes=\"auto, (max-width: 512px) 100vw, 512px\" \/><\/figure>\n\n\n\n<p class=\"has-luminous-vivid-amber-color has-text-color\">.<\/p>\n\n\n\n<p class=\"has-vivid-red-color has-text-color\"><strong>28 juin<\/strong><\/p>\n\n\n\n<p><a href=\"https:\/\/www.en-attendant-nadeau.fr\/2021\/06\/26\/aventures-cachot-london\/\">Aventures dans un cachot<\/a> (En attendant Nadeau)<\/p>\n\n\n\n<figure class=\"wp-block-image is-resized\"><img data-recalc-dims=\"1\" loading=\"lazy\" decoding=\"async\" src=\"https:\/\/i0.wp.com\/enattendantnadeau-11dcb.kxcdn.com\/wp-content\/uploads\/2021\/06\/london-categorie.jpg?resize=237%2C124&#038;ssl=1\" alt=\"Le vagabond des \u00e9toiles, de Jack London : aventures dans un cachot\" class=\"wp-image-61177\" width=\"237\" height=\"124\"\/><figcaption>Jack London<\/figcaption><\/figure>\n\n\n\n<p class=\"has-luminous-vivid-amber-color has-text-color\">.<\/p>\n\n\n\n<p>\u200b<a href=\"https:\/\/www.laprovence.com\/article\/sorties-loisirs\/6400289\/le-message-despoir-du-rappeur-marseillais-jul.html\">Le message d\u2019espoir du rappeur marseillais Jul<\/a> (La Provence)<\/p>\n\n\n\n<figure class=\"wp-block-image size-large is-resized\"><img data-recalc-dims=\"1\" loading=\"lazy\" decoding=\"async\" src=\"https:\/\/i0.wp.com\/www.rdpemancipation.org\/wp-content\/uploads\/2021\/06\/image-186.png?resize=495%2C279&#038;ssl=1\" alt=\"\" class=\"wp-image-34723\" width=\"495\" height=\"279\" srcset=\"https:\/\/i0.wp.com\/www.rdpemancipation.org\/wp-content\/uploads\/2021\/06\/image-186.png?w=990&amp;ssl=1 990w, https:\/\/i0.wp.com\/www.rdpemancipation.org\/wp-content\/uploads\/2021\/06\/image-186.png?resize=300%2C169&amp;ssl=1 300w, https:\/\/i0.wp.com\/www.rdpemancipation.org\/wp-content\/uploads\/2021\/06\/image-186.png?resize=768%2C432&amp;ssl=1 768w\" sizes=\"auto, (max-width: 495px) 100vw, 495px\" \/><figcaption><br>La musique, c\u2019est ma passion. J\u2019ai des ambitions de fou, des projets dans la t\u00eate plus grands que moi (\u2026) Mais j\u2019y crois\u00a0\u00bb.<em>PHOTO FRANCK PENNANT<\/em><\/figcaption><\/figure>\n\n\n\n<p>\u200b<strong><a href=\"https:\/\/www.liberation.fr\/culture\/livres\/pour-les-editions-de-minuit-une-vente-sous-bonne-etoile-20210625_5B3ZJI62LJEETKKFC3LQZAFD44\/?redirected=1\">Pour les Editions de Minuit, une vente sous bonne \u00e9toile<\/a> (Lib\u00e9)<\/strong><\/p>\n\n\n\n<figure class=\"wp-block-image size-large is-resized\"><img data-recalc-dims=\"1\" loading=\"lazy\" decoding=\"async\" src=\"https:\/\/i0.wp.com\/www.rdpemancipation.org\/wp-content\/uploads\/2021\/06\/image-185.png?resize=400%2C269&#038;ssl=1\" alt=\"\" class=\"wp-image-34721\" width=\"400\" height=\"269\" srcset=\"https:\/\/i0.wp.com\/www.rdpemancipation.org\/wp-content\/uploads\/2021\/06\/image-185.png?w=800&amp;ssl=1 800w, https:\/\/i0.wp.com\/www.rdpemancipation.org\/wp-content\/uploads\/2021\/06\/image-185.png?resize=300%2C201&amp;ssl=1 300w, https:\/\/i0.wp.com\/www.rdpemancipation.org\/wp-content\/uploads\/2021\/06\/image-185.png?resize=768%2C516&amp;ssl=1 768w\" sizes=\"auto, (max-width: 400px) 100vw, 400px\" \/><figcaption><br>Le groupe du Nouveau Roman devant les Editions de Minuit, en 1959. De gauche \u00e0 droite\u200a: Simon, Robbe-Grillet, Pinget, Lindon, Beckett et Sarraute.&nbsp;(\u00a9Dondero\/Leemage)<\/figcaption><\/figure>\n\n\n\n<p><a href=\"https:\/\/www.liberation.fr\/culture\/arts\/la-route-du-kisokaido-lestampe-qui-passe-20210626_OZKSK2PDLJEGXDJRKDT7EUBEJ4\/\">Art&nbsp;: \u00abLa route du Kisokaid\u014d\u00bb, l\u2019estampe qui passe<\/a> (Lib\u00e9)<\/p>\n\n\n\n<figure class=\"wp-block-image size-large is-resized\"><img data-recalc-dims=\"1\" loading=\"lazy\" decoding=\"async\" src=\"https:\/\/i0.wp.com\/www.rdpemancipation.org\/wp-content\/uploads\/2021\/06\/image-184.png?resize=400%2C263&#038;ssl=1\" alt=\"\" class=\"wp-image-34718\" width=\"400\" height=\"263\" srcset=\"https:\/\/i0.wp.com\/www.rdpemancipation.org\/wp-content\/uploads\/2021\/06\/image-184.png?w=800&amp;ssl=1 800w, https:\/\/i0.wp.com\/www.rdpemancipation.org\/wp-content\/uploads\/2021\/06\/image-184.png?resize=300%2C197&amp;ssl=1 300w, https:\/\/i0.wp.com\/www.rdpemancipation.org\/wp-content\/uploads\/2021\/06\/image-184.png?resize=768%2C504&amp;ssl=1 768w\" sizes=\"auto, (max-width: 400px) 100vw, 400px\" \/><figcaption><br>A Paris, le mus\u00e9e Cernuschi rassemble des gravures consacr\u00e9es \u00e0 l\u2019une des voies principales du r\u00e9seau routier de l\u2019\u00e8re Edo. Des \u00e9tapes sublim\u00e9es par cet art ancestral.<\/figcaption><\/figure>\n\n\n\n<p><a href=\"https:\/\/www.liberation.fr\/culture\/cinema\/roberto-rossellini-magma-mia-20210625_DKHZ63TDDFCFVHJ57ZNETCUINI\/?xtor=EREC-26-%5BNL_abo_soir_2021-06-25%5D-&amp;actId=ebwp0YMB8s1_OGEGSsDRkNUcvuQDVN7a57ET3fWtrS_9o2H3YnSh-tlErCsS7SWS&amp;actCampaignType=CAMPAIGN_MAIL&amp;actSource=510160\">R\u00e9trospective&nbsp;: Roberto Rossellini, magma mia !<\/a> (Lib\u00e9)<\/p>\n\n\n\n<p><a href=\"https:\/\/www.liberation.fr\/culture\/livres\/florina-ilis-en-chiffres-roumains-20210625_4Y2TLPTR2NGYZDFXKODAG3NVNQ\/?xtor=EREC-26-%5BNL_abo_soir_2021-06-25%5D-&amp;actId=ebwp0YMB8s1_OGEGSsDRkNUcvuQDVN7a57ET3fWtrS_9o2H3YnSh-tlErCsS7SWS&amp;actCampaignType=CAMPAIGN_MAIL&amp;actSource=510160\">Livre&nbsp;: Florina Ilis, en chiffres roumains<\/a> (Lib\u00e9)<\/p>\n\n\n\n<p><strong><a href=\"https:\/\/www.francetvinfo.fr\/societe\/grand-entretien-deconfinement-pourquoi-avons-nous-besoin-de-faire-la-fete_4664477.html#xtor=EPR-2-[newsletterquotidienne]-20210626-[lestitres-coldroite\/titre8]\">Grand entretien&nbsp;: D\u00e9confinement : pourquoi avons-nous besoin de faire la f\u00eate ? <\/a>(franceinfo<\/strong>)<\/p>\n\n\n\n<figure class=\"wp-block-image size-large is-resized\"><img data-recalc-dims=\"1\" loading=\"lazy\" decoding=\"async\" src=\"https:\/\/i0.wp.com\/www.rdpemancipation.org\/wp-content\/uploads\/2021\/06\/image-183.png?resize=512%2C288&#038;ssl=1\" alt=\"\" class=\"wp-image-34713\" width=\"512\" height=\"288\" srcset=\"https:\/\/i0.wp.com\/www.rdpemancipation.org\/wp-content\/uploads\/2021\/06\/image-183.png?resize=1024%2C576&amp;ssl=1 1024w, https:\/\/i0.wp.com\/www.rdpemancipation.org\/wp-content\/uploads\/2021\/06\/image-183.png?resize=300%2C169&amp;ssl=1 300w, https:\/\/i0.wp.com\/www.rdpemancipation.org\/wp-content\/uploads\/2021\/06\/image-183.png?resize=768%2C432&amp;ssl=1 768w, https:\/\/i0.wp.com\/www.rdpemancipation.org\/wp-content\/uploads\/2021\/06\/image-183.png?w=1320&amp;ssl=1 1320w\" sizes=\"auto, (max-width: 512px) 100vw, 512px\" \/><figcaption><br><strong>Pendant pr\u00e8s de quinze mois, les Fran\u00e7ais ont \u00e9t\u00e9 priv\u00e9s de f\u00eate, un rituel \u00ab\u00a0rassurant\u00a0\u00bb et \u00ab\u00a0m\u00eame structurant\u00a0\u00bb, selon l&rsquo;anthropologue et professeur \u00e0 l&rsquo;universit\u00e9 de Paris 8, Emmanuelle Lallement.&nbsp;(PIERRE-ALBERT JOSSERAND \/ FRANCEINFO)<\/strong><\/figcaption><\/figure>\n\n\n\n<p>\u200b<a href=\"https:\/\/www.franceinter.fr\/musique\/notre-playlist-pep-s-pour-l-ete?xtor=EPR-4-%5Binter_%C3%A9t%C3%A9_2021%5D&amp;actId=ebwp0YMB8s0XXev-swTWi6FWgZQt9biALyr5FYI13OqHU8b5N-PEJQr_g_XETQRH&amp;actCampaignType=CAMPAIGN_MAIL&amp;actSource=665099\">Notre playlist joyeuse et color\u00e9e pour l&rsquo;\u00e9t\u00e9 \u266b\u266a<\/a> (franceinter)<\/p>\n\n\n\n<p><a href=\"https:\/\/www.francetvinfo.fr\/culture\/arles-la-fondation-luma-futur-temple-de-l-art-contemporain_4677075.html#xtor=EPR-2-[newsletterquotidienne]-20210626-[lesimages\/image1]\">Fondation Luma : un nouveau temple de l&rsquo;art contemporain sign\u00e9 Frank Gehry ouvre ses portes \u00e0 Arles <\/a>(franceinfo)<\/p>\n\n\n\n<p><a href=\"https:\/\/www.franceinter.fr\/culture\">R\u00e9\u00e9coutez un magnifique entretien avec Edgar MORIN<\/a> (franceinter)<\/p>\n\n\n\n<p class=\"has-luminous-vivid-amber-color has-text-color\">.<\/p>\n\n\n\n<p class=\"has-vivid-red-color has-text-color\"><strong>26 juin<\/strong><\/p>\n\n\n\n<p><a href=\"https:\/\/www.lemonde.fr\/livres\/article\/2021\/06\/23\/anatomie-d-un-mariage-de-virginia-reeves-au-c-ur-du-systeme-nerveux_6085378_3260.html\">Virginia Reeves Au c\u0153ur du syst\u00e8me nerveux<\/a> (Le Monde des Livres)<\/p>\n\n\n\n<figure class=\"wp-block-image is-resized\"><img data-recalc-dims=\"1\" loading=\"lazy\" decoding=\"async\" src=\"https:\/\/i0.wp.com\/img.lemde.fr\/2021\/06\/23\/0\/0\/2598\/3217\/664\/0\/75\/0\/ab11239_835814313-adocphotos-00083978.jpg?resize=236%2C292&#038;ssl=1\" alt=\"La romanci\u00e8re am\u00e9ricaine Virginia Reeves, en septembre 2016.\" width=\"236\" height=\"292\"\/><\/figure>\n\n\n\n<p class=\"has-luminous-vivid-amber-color has-text-color\">. <\/p>\n\n\n\n<p>\u200b<a href=\"https:\/\/www.liberation.fr\/culture\/cinema\/gagarine-monte-dans-les-tours-20210622_ESQXQA77QJCF3HHBRLLIGXNFWE\/?xtor=EREC-31-%5BNL_Culture__2021-06-23_1%5D-&amp;actId=ebwp0YMB8s1_OGEGSsDRkNUcvuQDVN7a57ET3fWtrS_9o2H3YnSh-tlErCsS7SWS&amp;actCampaignType=CAMPAIGN_MAIL&amp;actSource=510089\">Film&nbsp;: \u00abGagarine\u00bb monte dans les&nbsp;tours<\/a> (Lib\u00e9)<\/p>\n\n\n\n<figure class=\"wp-block-image size-large is-resized\"><img data-recalc-dims=\"1\" loading=\"lazy\" decoding=\"async\" src=\"https:\/\/i0.wp.com\/www.rdpemancipation.org\/wp-content\/uploads\/2021\/06\/image-182.png?resize=400%2C263&#038;ssl=1\" alt=\"\" class=\"wp-image-34694\" width=\"400\" height=\"263\" srcset=\"https:\/\/i0.wp.com\/www.rdpemancipation.org\/wp-content\/uploads\/2021\/06\/image-182.png?w=800&amp;ssl=1 800w, https:\/\/i0.wp.com\/www.rdpemancipation.org\/wp-content\/uploads\/2021\/06\/image-182.png?resize=300%2C197&amp;ssl=1 300w, https:\/\/i0.wp.com\/www.rdpemancipation.org\/wp-content\/uploads\/2021\/06\/image-182.png?resize=768%2C505&amp;ssl=1 768w\" sizes=\"auto, (max-width: 400px) 100vw, 400px\" \/><figcaption><br>Als\u00e9ni Bathily et&nbsp;Lyna Khoudri.<br><\/figcaption><\/figure>\n\n\n\n<p class=\"has-vivid-cyan-blue-color has-text-color\">.\u200b<a href=\"https:\/\/www.liberation.fr\/culture\/cinema\/cruella-denfer-cest-les-autres-20210622_WL6NB2LQVRCVVDYQW2VCZDAIKA\/?xtor=EREC-31-%5BNL_Culture__2021-06-23_1%5D-&amp;actId=ebwp0YMB8s1_OGEGSsDRkNUcvuQDVN7a57ET3fWtrS_9o2H3YnSh-tlErCsS7SWS&amp;actCampaignType=CAMPAIGN_MAIL&amp;actSource=510089\">Film&nbsp;: \u00abCruella\u00bb, d\u2019Enfer c\u2019est les autres<\/a> (Lib\u00e9)<\/p>\n\n\n\n<figure class=\"wp-block-image size-large is-resized\"><img data-recalc-dims=\"1\" loading=\"lazy\" decoding=\"async\" src=\"https:\/\/i0.wp.com\/www.rdpemancipation.org\/wp-content\/uploads\/2021\/06\/image-180.png?resize=400%2C267&#038;ssl=1\" alt=\"\" class=\"wp-image-34689\" width=\"400\" height=\"267\" srcset=\"https:\/\/i0.wp.com\/www.rdpemancipation.org\/wp-content\/uploads\/2021\/06\/image-180.png?w=800&amp;ssl=1 800w, https:\/\/i0.wp.com\/www.rdpemancipation.org\/wp-content\/uploads\/2021\/06\/image-180.png?resize=300%2C200&amp;ssl=1 300w, https:\/\/i0.wp.com\/www.rdpemancipation.org\/wp-content\/uploads\/2021\/06\/image-180.png?resize=768%2C512&amp;ssl=1 768w\" sizes=\"auto, (max-width: 400px) 100vw, 400px\" \/><figcaption><br>Emma Stone dans le r\u00f4le de Cruella.&nbsp;(Laurie Sparham\/Laurie Sparham)<\/figcaption><\/figure>\n\n\n\n<p>\u200b<strong><a href=\"https:\/\/www.liberation.fr\/culture\/bd\/lamericain-chris-ware-laureat-du-grand-prix-dangouleme-20210623_VUAA7YK5U5C4ZARGF5ZH2NWJ3I\/?redirected=1&amp;redirected=1\">BD&nbsp;: L\u2019Am\u00e9ricain Chris Ware, laur\u00e9at du Grand prix d\u2019Angoul\u00eame<\/a> (Lib\u00e9)<\/strong><\/p>\n\n\n\n<figure class=\"wp-block-image size-large is-resized\"><img data-recalc-dims=\"1\" loading=\"lazy\" decoding=\"async\" src=\"https:\/\/i0.wp.com\/www.rdpemancipation.org\/wp-content\/uploads\/2021\/06\/image-181.png?resize=400%2C293&#038;ssl=1\" alt=\"\" class=\"wp-image-34691\" width=\"400\" height=\"293\" srcset=\"https:\/\/i0.wp.com\/www.rdpemancipation.org\/wp-content\/uploads\/2021\/06\/image-181.png?w=800&amp;ssl=1 800w, https:\/\/i0.wp.com\/www.rdpemancipation.org\/wp-content\/uploads\/2021\/06\/image-181.png?resize=300%2C220&amp;ssl=1 300w, https:\/\/i0.wp.com\/www.rdpemancipation.org\/wp-content\/uploads\/2021\/06\/image-181.png?resize=768%2C563&amp;ssl=1 768w\" sizes=\"auto, (max-width: 400px) 100vw, 400px\" \/><figcaption><br>Planche extraite de \u00abRusty Brown\u00bb.&nbsp;(Chris Ware\/Delcourt)<\/figcaption><\/figure>\n\n\n\n<p class=\"has-luminous-vivid-amber-color has-text-color\">.<\/p>\n\n\n\n<p class=\"has-vivid-red-color has-text-color\"><strong>25 juin<\/strong><\/p>\n\n\n\n<p><a href=\"https:\/\/www.en-attendant-nadeau.fr\/2021\/06\/23\/gardarem-lou-larzac-artieres\/\">Gardarem lou Larzac<\/a> (En attendant Nadeau)<\/p>\n\n\n\n<figure class=\"wp-block-image is-resized\"><img data-recalc-dims=\"1\" loading=\"lazy\" decoding=\"async\" src=\"https:\/\/i0.wp.com\/enattendantnadeau-11dcb.kxcdn.com\/wp-content\/uploads\/2021\/06\/artieres-2-article.jpg?resize=238%2C351&#038;ssl=1\" alt=\"Le peuple du Larzac, de Philippe Arti\u00e8res : Gardarem lou Larzac\" class=\"wp-image-61020\" width=\"238\" height=\"351\"\/><\/figure>\n\n\n\n<p class=\"has-luminous-vivid-amber-color has-text-color\">.<\/p>\n\n\n\n<p class=\"has-vivid-red-color has-text-color\"><strong>24 juin<\/strong><\/p>\n\n\n\n<p>Atome : <a href=\"https:\/\/www.en-attendant-nadeau.fr\/2021\/06\/23\/tchernobyl-fukushima-avenir-catastrophes\/\">l\u2019avenir<\/a> et <a href=\"https:\/\/www.en-attendant-nadeau.fr\/2021\/06\/23\/nucleaire-jouet-atome\/\">le pr\u00e9sent<\/a> des catastrophes (En attendant Nadeau)<\/p>\n\n\n\n<figure class=\"wp-block-image size-large\"><img data-recalc-dims=\"1\" loading=\"lazy\" decoding=\"async\" width=\"242\" height=\"161\" src=\"https:\/\/i0.wp.com\/www.rdpemancipation.org\/wp-content\/uploads\/2021\/06\/image-167.png?resize=242%2C161&#038;ssl=1\" alt=\"\" class=\"wp-image-34409\"\/><\/figure>\n\n\n\n<p class=\"has-luminous-vivid-amber-color has-text-color\">.<\/p>\n\n\n\n<p class=\"has-vivid-red-color has-text-color\"><strong>23 Juin<\/strong><\/p>\n\n\n\n<p><a href=\"https:\/\/www.monde-diplomatique.fr\/2021\/06\/CHIBANI\/63183\">Tordre les barreaux<\/a> (Le Monde diplomatique)<\/p>\n\n\n\n<figure class=\"wp-block-image is-resized\"><img data-recalc-dims=\"1\" loading=\"lazy\" decoding=\"async\" src=\"https:\/\/i0.wp.com\/www.monde-diplomatique.fr\/local\/cache-vignettes\/L159xH300\/gommiers-ab009-32151.jpg?resize=227%2C428&#038;ssl=1\" alt=\"\" width=\"227\" height=\"428\"\/><\/figure>\n\n\n\n<p class=\"has-luminous-vivid-amber-color has-text-color\">.<\/p>\n\n\n\n<div class=\"wp-block-columns is-layout-flex wp-container-core-columns-is-layout-9d6595d7 wp-block-columns-is-layout-flex\">\n<div class=\"wp-block-column is-layout-flow wp-block-column-is-layout-flow\" style=\"flex-basis:100%\">\n<p><a href=\"https:\/\/www.nonfiction.fr\/article-10879-le-politiquement-correct-est-une-police-de-la-pensee.htm\">\u00ab Le politiquement correct est une police de la pens\u00e9e \u00bb<\/a> (Nonfiction)<\/p>\n\n\n\n<figure class=\"wp-block-image size-large is-resized\"><img data-recalc-dims=\"1\" loading=\"lazy\" decoding=\"async\" src=\"https:\/\/i0.wp.com\/www.rdpemancipation.org\/wp-content\/uploads\/2021\/06\/image-158.png?resize=235%2C148&#038;ssl=1\" alt=\"\" class=\"wp-image-34237\" width=\"235\" height=\"148\" srcset=\"https:\/\/i0.wp.com\/www.rdpemancipation.org\/wp-content\/uploads\/2021\/06\/image-158.png?w=341&amp;ssl=1 341w, https:\/\/i0.wp.com\/www.rdpemancipation.org\/wp-content\/uploads\/2021\/06\/image-158.png?resize=300%2C189&amp;ssl=1 300w\" sizes=\"auto, (max-width: 235px) 100vw, 235px\" \/><\/figure>\n\n\n\n<p class=\"has-luminous-vivid-amber-color has-text-color\">.<\/p>\n<\/div>\n<\/div>\n\n\n\n<p><a href=\"https:\/\/www.liberation.fr\/culture\/cinema\/samir-guesmi-qui-va-piano-20210621_PSWQLRXPM5F2FJLMECL43O7QFQ\/\">Cin\u00e9ma&nbsp;: Samir Guesmi, qui va piano<\/a> (Lib\u00e9)<\/p>\n\n\n\n<figure class=\"wp-block-image size-large is-resized\"><img data-recalc-dims=\"1\" loading=\"lazy\" decoding=\"async\" src=\"https:\/\/i0.wp.com\/www.rdpemancipation.org\/wp-content\/uploads\/2021\/06\/image-151.png?resize=400%2C500&#038;ssl=1\" alt=\"\" class=\"wp-image-34110\" width=\"400\" height=\"500\" srcset=\"https:\/\/i0.wp.com\/www.rdpemancipation.org\/wp-content\/uploads\/2021\/06\/image-151.png?w=800&amp;ssl=1 800w, https:\/\/i0.wp.com\/www.rdpemancipation.org\/wp-content\/uploads\/2021\/06\/image-151.png?resize=240%2C300&amp;ssl=1 240w, https:\/\/i0.wp.com\/www.rdpemancipation.org\/wp-content\/uploads\/2021\/06\/image-151.png?resize=768%2C960&amp;ssl=1 768w\" sizes=\"auto, (max-width: 400px) 100vw, 400px\" \/><\/figure>\n\n\n\n<p>Samir Guesmi \u00e0 Montreuil le 7 juin.&nbsp;(Fr\u00e9d\u00e9ric Stucin\/Lib\u00e9ration)<\/p>\n\n\n\n<p>\u200b<a href=\"https:\/\/www.liberation.fr\/culture\/scenes\/festival-daix-lacademie-le-filage-des-etoiles-20210622_I65UOGX32JDQBBG3WHKN76GNBE\/\">Festival d\u2019Aix-en-Provence : l\u2019Acad\u00e9mie, le filage des \u00e9toiles<\/a> (Lib\u00e9)<\/p>\n\n\n\n<h1 class=\"has-normal-font-size wp-block-heading\"><strong>\u200b<a href=\"https:\/\/www.liberation.fr\/idees-et-debats\/fromanger-vivant-20210621_F3CBSOO4BVHQ3K6VUWMT7QPDZQ\/?xtor=EREC-25-%5BNL_quot_matin_22-06-2021%5D-&amp;actId=ebwp0YMB8s1_OGEGSsDRkNUcvuQDVN7a57ET3fWtrS_9o2H3YnSh-tlErCsS7SWS&amp;actCampaignType=CAMPAIGN_MAIL&amp;actSource=510054\">Disparition: le peintre Fromanger vivant<\/a> (Lib\u00e9<\/strong>)<\/h1>\n\n\n\n<figure class=\"wp-block-image size-large is-resized\"><img data-recalc-dims=\"1\" loading=\"lazy\" decoding=\"async\" src=\"https:\/\/i0.wp.com\/www.rdpemancipation.org\/wp-content\/uploads\/2021\/06\/image-149.png?resize=400%2C291&#038;ssl=1\" alt=\"\" class=\"wp-image-34108\" width=\"400\" height=\"291\" srcset=\"https:\/\/i0.wp.com\/www.rdpemancipation.org\/wp-content\/uploads\/2021\/06\/image-149.png?w=800&amp;ssl=1 800w, https:\/\/i0.wp.com\/www.rdpemancipation.org\/wp-content\/uploads\/2021\/06\/image-149.png?resize=300%2C218&amp;ssl=1 300w, https:\/\/i0.wp.com\/www.rdpemancipation.org\/wp-content\/uploads\/2021\/06\/image-149.png?resize=768%2C558&amp;ssl=1 768w\" sizes=\"auto, (max-width: 400px) 100vw, 400px\" \/><figcaption><br>\u200bG\u00e9rard Fromanger dans son atelier parisien en 2008.&nbsp;(Olivier Laban-Mattei\/AFP)<\/figcaption><\/figure>\n\n\n\n<p>Histoire et <a href=\"https:\/\/newsletter.liberation.fr\/m\/surl\/200138\/510051\/0HCbJbM07AFkZxH_nsx0CXFKF-B12viezBEiZxMr5xU=\/link_23\/lvH2sZiFUlDix01uk8pnIYi-hk4jXCAwWC+4P1TMQUoqXWFbSogx2ncod4U4rZIiciOnzax9S-26Ml++wEprQD+xmX58R-341hDX6079dAef88Cl4GaYaY2XViwsOfNVDdCMg+i8bzXasmcBhUhbOXsJoAhkeJhL7tnC0h5dHGIGoXn5+cXUfbx8srf+nk2pF-A+-H1qqWPFYz-Mbq3g8c0cI91eZ5EIeF65+9S5NtQTSDdxwQnN89Yz3vp-1fWH6gCSUYdMe2cBqiXhSA8tkVobc1rnCgr13wRXtIy3MnJcygHoiLAuRDyCd0iXmplD26i+Q8H3fUIw8WDwSKbVOrPYVOsU0yFHhy1Ujck7CRxN17WeLoZy3Me9E5mB-lBZXOwBkZeSHuPVwk8nrKanRw==\" target=\"_blank\" rel=\"noreferrer noopener\">M\u00e9moire: &nbsp;A Berlin, l&rsquo;\u00e9puration ethnique en face<\/a> (Lib\u00e9)<\/p>\n\n\n\n<p class=\"has-luminous-vivid-amber-color has-text-color\">.<\/p>\n\n\n\n<p class=\"has-vivid-red-color has-text-color\"><strong>22 juin<\/strong><\/p>\n\n\n\n<p>\u200b<a href=\"https:\/\/www.en-attendant-nadeau.fr\/2021\/06\/21\/yeux-ouverts-oppen\/\">Biographie du po\u00ebte George Oppen&nbsp;: Les yeux ouverts sur l\u2019univers<\/a> (en-attendant-nadeau)<\/p>\n\n\n\n<p>\u200b<a href=\"https:\/\/www.en-attendant-nadeau.fr\/2021\/06\/16\/genet-troubles-genres\/\">Pl\u00e9iade&nbsp;: Jean Genet : troubles dans les genres<\/a> (en-attendant-nadeau)<\/p>\n\n\n\n<figure class=\"wp-block-image size-large is-resized\"><img data-recalc-dims=\"1\" loading=\"lazy\" decoding=\"async\" src=\"https:\/\/i0.wp.com\/www.rdpemancipation.org\/wp-content\/uploads\/2021\/06\/image-143.png?resize=325%2C356&#038;ssl=1\" alt=\"\" class=\"wp-image-33992\" width=\"325\" height=\"356\" srcset=\"https:\/\/i0.wp.com\/www.rdpemancipation.org\/wp-content\/uploads\/2021\/06\/image-143.png?w=650&amp;ssl=1 650w, https:\/\/i0.wp.com\/www.rdpemancipation.org\/wp-content\/uploads\/2021\/06\/image-143.png?resize=274%2C300&amp;ssl=1 274w\" sizes=\"auto, (max-width: 325px) 100vw, 325px\" \/><figcaption><br><em>Jean Genet (1951) \u00a9 Roger Parry<\/em><br><\/figcaption><\/figure>\n\n\n\n<p class=\"has-luminous-vivid-amber-color has-text-color\">.<\/p>\n\n\n\n<p class=\"has-vivid-red-color has-text-color\"><strong>21 juin<\/strong><\/p>\n\n\n\n<p><a href=\"https:\/\/www.terrestres.org\/2021\/05\/17\/economie-numerique-la-mue-du-capitalisme-contemporain\/\">\u00c9conomie num\u00e9rique&nbsp;: la mue du capitalisme contemporain<\/a> \u2013 H\u00e9l\u00e8ne Tordjman (Terrestres)<\/p>\n\n\n\n<figure class=\"wp-block-image size-large is-resized\"><img data-recalc-dims=\"1\" loading=\"lazy\" decoding=\"async\" src=\"https:\/\/i0.wp.com\/www.rdpemancipation.org\/wp-content\/uploads\/2021\/06\/image-142.png?resize=245%2C183&#038;ssl=1\" alt=\"\" class=\"wp-image-33988\" width=\"245\" height=\"183\" srcset=\"https:\/\/i0.wp.com\/www.rdpemancipation.org\/wp-content\/uploads\/2021\/06\/image-142.png?w=413&amp;ssl=1 413w, https:\/\/i0.wp.com\/www.rdpemancipation.org\/wp-content\/uploads\/2021\/06\/image-142.png?resize=300%2C224&amp;ssl=1 300w\" sizes=\"auto, (max-width: 245px) 100vw, 245px\" \/><\/figure>\n\n\n\n<p class=\"has-luminous-vivid-amber-color has-text-color\">.<\/p>\n\n\n\n<p><\/p>\n\n\n\n<p class=\"has-vivid-red-color has-text-color\"><strong>20 juin <\/strong><\/p>\n\n\n\n<p><a href=\"https:\/\/www.mediapart.fr\/journal\/culture-idees\/180621\/decortiquer-le-mepris-de-classe\">D\u00e9cortiquer le \u00ab&nbsp;m\u00e9pris de classe&nbsp;\u00bb<\/a> (Mediapart)<\/p>\n\n\n\n<figure class=\"wp-block-image size-large is-resized\"><img data-recalc-dims=\"1\" loading=\"lazy\" decoding=\"async\" src=\"https:\/\/i0.wp.com\/www.rdpemancipation.org\/wp-content\/uploads\/2021\/06\/image-135.png?resize=242%2C286&#038;ssl=1\" alt=\"\" class=\"wp-image-33882\" width=\"242\" height=\"286\"\/><\/figure>\n\n\n\n<p class=\"has-luminous-vivid-amber-color has-text-color\">.<\/p>\n\n\n\n<p class=\"has-vivid-red-color has-text-color\"><strong>19 Juin <\/strong><\/p>\n\n\n\n<p style=\"font-size:15px\"><a href=\"https:\/\/www.lemonde.fr\/livres\/article\/2021\/06\/17\/zadie-smith-en-pleines-formes-courtes-grand-union-et-indices_6084548_3260.html\">Zadie Smith en pleines formes courtes<\/a>&nbsp;(Le Monde des Livres)<\/p>\n\n\n\n<figure class=\"wp-block-image size-large is-resized\"><img data-recalc-dims=\"1\" loading=\"lazy\" decoding=\"async\" src=\"https:\/\/i0.wp.com\/www.rdpemancipation.org\/wp-content\/uploads\/2021\/06\/image-132.png?resize=236%2C182&#038;ssl=1\" alt=\"\" class=\"wp-image-33781\" width=\"236\" height=\"182\"\/><\/figure>\n\n\n\n<p class=\"has-luminous-vivid-amber-color has-text-color\" style=\"font-size:15px\">.<\/p>\n\n\n\n<p><\/p>\n\n\n\n<h1 class=\"has-vivid-red-color has-text-color wp-block-heading\" style=\"font-size:15px\"><strong>18 juin<\/strong><\/h1>\n\n\n\n<h1 class=\"has-black-color has-text-color wp-block-heading\" style=\"font-size:15px\"><span class=\"has-inline-color has-black-color\"><a href=\"https:\/\/www.monde-diplomatique.fr\/2021\/06\/FONDU\/63189\">Penser le dehors<\/a> (Le Monde diplomatique)<\/span><\/h1>\n\n\n\n<figure class=\"wp-block-image size-large is-resized\"><img data-recalc-dims=\"1\" loading=\"lazy\" decoding=\"async\" src=\"https:\/\/i0.wp.com\/www.rdpemancipation.org\/wp-content\/uploads\/2021\/06\/image-130.png?resize=243%2C369&#038;ssl=1\" alt=\"\" class=\"wp-image-33691\" width=\"243\" height=\"369\" srcset=\"https:\/\/i0.wp.com\/www.rdpemancipation.org\/wp-content\/uploads\/2021\/06\/image-130.png?w=200&amp;ssl=1 200w, https:\/\/i0.wp.com\/www.rdpemancipation.org\/wp-content\/uploads\/2021\/06\/image-130.png?resize=197%2C300&amp;ssl=1 197w\" sizes=\"auto, (max-width: 243px) 100vw, 243px\" \/><\/figure>\n\n\n\n<p>\u200b<\/p>\n\n\n\n<p><a href=\"https:\/\/www.en-attendant-nadeau.fr\/2021\/06\/16\/mein-kampf-reedition-critiquee\/\">\u00c9diter un texte pervers<\/a> (En attendant Nadeau)<\/p>\n\n\n\n<figure class=\"wp-block-image size-large\"><img data-recalc-dims=\"1\" loading=\"lazy\" decoding=\"async\" width=\"236\" height=\"297\" src=\"https:\/\/i0.wp.com\/www.rdpemancipation.org\/wp-content\/uploads\/2021\/06\/image-123.png?resize=236%2C297&#038;ssl=1\" alt=\"\" class=\"wp-image-33676\"\/><\/figure>\n\n\n\n<p>\u200b<\/p>\n\n\n\n<p><a href=\"https:\/\/www.liberation.fr\/culture\/cinema\/143-rue-du-desert-sables-emouvants-20210615_4BBWD77UVNETVITIUGPWE2DNAA\/?xtor=EREC-31-%5BNL_Culture__2021-06-16_2%5D-&amp;actId=ebwp0YMB8s1_OGEGSsDRkNUcvuQDVN7a57ET3fWtrS_9o2H3YnSh-tlErCsS7SWS&amp;actCampaignType=CAMPAIGN_MAIL&amp;actSource=509944\">Sortie de film&nbsp;: \u00ab143, rue du D\u00e9sert\u00bb, sables \u00e9mouvants<\/a> (Lib\u00e9)<\/p>\n\n\n\n<figure class=\"wp-block-image size-large is-resized\"><img data-recalc-dims=\"1\" loading=\"lazy\" decoding=\"async\" src=\"https:\/\/i0.wp.com\/www.rdpemancipation.org\/wp-content\/uploads\/2021\/06\/image-113.png?resize=400%2C225&#038;ssl=1\" alt=\"\" class=\"wp-image-33517\" width=\"400\" height=\"225\" srcset=\"https:\/\/i0.wp.com\/www.rdpemancipation.org\/wp-content\/uploads\/2021\/06\/image-113.png?w=800&amp;ssl=1 800w, https:\/\/i0.wp.com\/www.rdpemancipation.org\/wp-content\/uploads\/2021\/06\/image-113.png?resize=300%2C169&amp;ssl=1 300w, https:\/\/i0.wp.com\/www.rdpemancipation.org\/wp-content\/uploads\/2021\/06\/image-113.png?resize=768%2C432&amp;ssl=1 768w\" sizes=\"auto, (max-width: 400px) 100vw, 400px\" \/><\/figure>\n\n\n\n<p>\u200b<a href=\"https:\/\/www.liberation.fr\/culture\/arts\/summer-89-dans-labime-de-lumiere-20210614_OGZLGO2NTBDR3HQ6HLLIF3FVIQ\/?xtor=EREC-31-%5BNL_Culture__2021-06-16_2%5D-&amp;actId=ebwp0YMB8s1_OGEGSsDRkNUcvuQDVN7a57ET3fWtrS_9o2H3YnSh-tlErCsS7SWS&amp;actCampaignType=CAMPAIGN_MAIL&amp;actSource=509944\">Cin\u00e9&nbsp;: \u00abSummer 89\u00bb, dans l\u2019ab\u00eeme de lumi\u00e8re<\/a> (Lib\u00e9)<\/p>\n\n\n\n<figure class=\"wp-block-image size-large is-resized\"><img data-recalc-dims=\"1\" loading=\"lazy\" decoding=\"async\" src=\"https:\/\/i0.wp.com\/www.rdpemancipation.org\/wp-content\/uploads\/2021\/06\/image-112.png?resize=400%2C242&#038;ssl=1\" alt=\"\" class=\"wp-image-33516\" width=\"400\" height=\"242\" srcset=\"https:\/\/i0.wp.com\/www.rdpemancipation.org\/wp-content\/uploads\/2021\/06\/image-112.png?w=800&amp;ssl=1 800w, https:\/\/i0.wp.com\/www.rdpemancipation.org\/wp-content\/uploads\/2021\/06\/image-112.png?resize=300%2C181&amp;ssl=1 300w, https:\/\/i0.wp.com\/www.rdpemancipation.org\/wp-content\/uploads\/2021\/06\/image-112.png?resize=768%2C464&amp;ssl=1 768w\" sizes=\"auto, (max-width: 400px) 100vw, 400px\" \/><\/figure>\n\n\n\n<p><a href=\"https:\/\/www.espaces-latinos.org\/archives\/100356?utm_source=Sarbacane&amp;utm_medium=email&amp;utm_campaign=Newsletter%2011%20Juin%20%202021\">\u00ab\u202fAmazonia \u00bb, une exposition du c\u00e9l\u00e8bre photographe br\u00e9silien Sebasti\u00e3o Salgado \u00e0 la Philharmonie de Paris<\/a> (espaces-latinos)<\/p>\n\n\n\n<figure class=\"wp-block-image size-large is-resized\"><img data-recalc-dims=\"1\" loading=\"lazy\" decoding=\"async\" src=\"https:\/\/i0.wp.com\/www.rdpemancipation.org\/wp-content\/uploads\/2021\/06\/image-111.png?resize=355%2C150&#038;ssl=1\" alt=\"\" class=\"wp-image-33515\" width=\"355\" height=\"150\" srcset=\"https:\/\/i0.wp.com\/www.rdpemancipation.org\/wp-content\/uploads\/2021\/06\/image-111.png?w=710&amp;ssl=1 710w, https:\/\/i0.wp.com\/www.rdpemancipation.org\/wp-content\/uploads\/2021\/06\/image-111.png?resize=300%2C127&amp;ssl=1 300w\" sizes=\"auto, (max-width: 355px) 100vw, 355px\" \/><\/figure>\n\n\n\n<h1 class=\"has-normal-font-size wp-block-heading\">\u200b<a href=\"https:\/\/www.espaces-latinos.org\/archives\/100321?utm_source=Sarbacane&amp;utm_medium=email&amp;utm_campaign=Newsletter%2011%20Juin%20%202021\">Livre: \u00ab\u202fTerrible Voyage\u202f\u00bb le dernier roman de l\u2019\u00e9crivain argentin Roberto Arlt<\/a> (espaces-latinos)<\/h1>\n\n\n\n<p class=\"has-vivid-red-color has-text-color\"><strong>17 juin<\/strong><\/p>\n\n\n\n<h1 class=\"has-normal-font-size wp-block-heading\"><a href=\"https:\/\/www.liberation.fr\/culture\/bd\/mandryka-est-mort-cest-trop-concombre-20210614_JAZL73LUNRBPTM6KFHLLQ2YNBY\/?xtor=EREC-26-%5BNL_abo_soir_2021-06-14%5D-&amp;actId=ebwp0YMB8s1_OGEGSsDRkNUcvuQDVN7a57ET3fWtrS_9o2H3YnSh-tlErCsS7SWS&amp;actCampaignType=CAMPAIGN_MAIL&amp;actSource=509889\">Disparition: Mandryka est mort, c\u2019est trop concombre !<\/a> (lib\u00e9)<\/h1>\n\n\n\n<figure class=\"wp-block-image size-large is-resized\"><img data-recalc-dims=\"1\" loading=\"lazy\" decoding=\"async\" src=\"https:\/\/i0.wp.com\/www.rdpemancipation.org\/wp-content\/uploads\/2021\/06\/image-104.png?resize=379%2C512&#038;ssl=1\" alt=\"\" class=\"wp-image-33420\" width=\"379\" height=\"512\" srcset=\"https:\/\/i0.wp.com\/www.rdpemancipation.org\/wp-content\/uploads\/2021\/06\/image-104.png?resize=758%2C1024&amp;ssl=1 758w, https:\/\/i0.wp.com\/www.rdpemancipation.org\/wp-content\/uploads\/2021\/06\/image-104.png?resize=222%2C300&amp;ssl=1 222w, https:\/\/i0.wp.com\/www.rdpemancipation.org\/wp-content\/uploads\/2021\/06\/image-104.png?resize=768%2C1038&amp;ssl=1 768w, https:\/\/i0.wp.com\/www.rdpemancipation.org\/wp-content\/uploads\/2021\/06\/image-104.png?resize=1137%2C1536&amp;ssl=1 1137w, https:\/\/i0.wp.com\/www.rdpemancipation.org\/wp-content\/uploads\/2021\/06\/image-104.png?w=1440&amp;ssl=1 1440w\" sizes=\"auto, (max-width: 379px) 100vw, 379px\" \/><\/figure>\n\n\n\n<p><a href=\"https:\/\/www.liberation.fr\/culture\/cinema\/land-six-pieds-sur-terre-20210615_VGOI4IQU5FEABJ2BPNNYMH3DSM\/?xtor=EREC-31-%5BNL_Culture__2021-06-15%5D-&amp;actId=ebwp0YMB8s1_OGEGSsDRkNUcvuQDVN7a57ET3fWtrS_9o2H3YnSh-tlErCsS7SWS&amp;actCampaignType=CAMPAIGN_MAIL&amp;actSource=509903\">Sortie cin\u00e9&nbsp;: \u00abLand\u00bb, six pieds sur terre <\/a>(Lib\u00e9)<\/p>\n\n\n\n<figure class=\"wp-block-image size-large is-resized\"><img data-recalc-dims=\"1\" loading=\"lazy\" decoding=\"async\" src=\"https:\/\/i0.wp.com\/www.rdpemancipation.org\/wp-content\/uploads\/2021\/06\/image-103.png?resize=400%2C225&#038;ssl=1\" alt=\"\" class=\"wp-image-33417\" width=\"400\" height=\"225\" srcset=\"https:\/\/i0.wp.com\/www.rdpemancipation.org\/wp-content\/uploads\/2021\/06\/image-103.png?w=800&amp;ssl=1 800w, https:\/\/i0.wp.com\/www.rdpemancipation.org\/wp-content\/uploads\/2021\/06\/image-103.png?resize=300%2C169&amp;ssl=1 300w, https:\/\/i0.wp.com\/www.rdpemancipation.org\/wp-content\/uploads\/2021\/06\/image-103.png?resize=768%2C432&amp;ssl=1 768w\" sizes=\"auto, (max-width: 400px) 100vw, 400px\" \/><figcaption><br>Robin Wright a tourn\u00e9 dans le Wyoming.&nbsp;(Daniel Power\/Focus Features)<\/figcaption><\/figure>\n\n\n\n<p><a href=\"https:\/\/www.liberation.fr\/culture\/cinema\/canal-peut-il-gacher-leuphorique-printemps-du-cinema-francais-20210615_QOOGAVUV3NEW3OK2JJ2RS3DYPQ\/\">Canal+ peut-il g\u00e2cher l\u2019euphorique printemps du cin\u00e9ma fran\u00e7ais ?<\/a> (Lib\u00e9)<\/p>\n\n\n\n<p><a href=\"https:\/\/www.liberation.fr\/culture\/cinema\/les-deux-alfred-start-up-alienation-20210615_JOTY6BUUNBGLVBJO6YPIUJ2TBQ\/?xtor=EREC-31-%5BNL_Culture__2021-06-15%5D-&amp;actId=ebwp0YMB8s1_OGEGSsDRkNUcvuQDVN7a57ET3fWtrS_9o2H3YnSh-tlErCsS7SWS&amp;actCampaignType=CAMPAIGN_MAIL&amp;actSource=509903\">Cin\u00e9 de Denis Podalydes: \u00abLes Deux Alfred\u00bb, start-up ali\u00e9nation <\/a>(Lib\u00e9)<\/p>\n\n\n\n<p class=\"has-vivid-red-color has-text-color\">16 juin<\/p>\n\n\n\n<p>\u200b <a href=\"https:\/\/www.franceinter.fr\/culture\/avant-premiere-decouvrez-le-tome-6-des-cahiers-d-esther-l-histoire-de-mes-15-ans-par-riad-sattouf?xtor=EPR-7&amp;actId=ebwp0YMB8s0XXev-swTWi6FWgZQt9biALyr5FYI13OqHU8b5N-PEJQr_g_XETQRH&amp;actCampaignType=CAMPAIGN_MAIL&amp;actSource=661773#xtor=7-[cult25112019]\">AVANT-PREMIERE : d\u00e9couvrez le tome 6 de \u00ab\u00a0Les cahiers d&rsquo;Esther. Histoires de mes 15 ans\u00a0\u00bb par Riad Sattouf<\/a> (franceinter)<\/p>\n\n\n\n<figure class=\"wp-block-image size-large is-resized\"><img data-recalc-dims=\"1\" loading=\"lazy\" decoding=\"async\" src=\"https:\/\/i0.wp.com\/www.rdpemancipation.org\/wp-content\/uploads\/2021\/06\/image-87.png?resize=500%2C342&#038;ssl=1\" alt=\"\" class=\"wp-image-33237\" width=\"500\" height=\"342\" srcset=\"https:\/\/i0.wp.com\/www.rdpemancipation.org\/wp-content\/uploads\/2021\/06\/image-87.png?w=1000&amp;ssl=1 1000w, https:\/\/i0.wp.com\/www.rdpemancipation.org\/wp-content\/uploads\/2021\/06\/image-87.png?resize=300%2C205&amp;ssl=1 300w, https:\/\/i0.wp.com\/www.rdpemancipation.org\/wp-content\/uploads\/2021\/06\/image-87.png?resize=768%2C525&amp;ssl=1 768w\" sizes=\"auto, (max-width: 500px) 100vw, 500px\" \/><\/figure>\n\n\n\n<p><a href=\"https:\/\/www.liberation.fr\/culture\/livres\/cher-nouveau-roman-20210611_K2PVL6F27NA3NK6WC3EHUHWVJU\/?redirected=1\">Correspondances&nbsp;: Cher Nouveau Roman<\/a> (Lib\u00e9)<\/p>\n\n\n\n<figure class=\"wp-block-image size-large is-resized\"><img data-recalc-dims=\"1\" loading=\"lazy\" decoding=\"async\" src=\"https:\/\/i0.wp.com\/www.rdpemancipation.org\/wp-content\/uploads\/2021\/06\/image-86.png?resize=400%2C265&#038;ssl=1\" alt=\"\" class=\"wp-image-33234\" width=\"400\" height=\"265\" srcset=\"https:\/\/i0.wp.com\/www.rdpemancipation.org\/wp-content\/uploads\/2021\/06\/image-86.png?w=800&amp;ssl=1 800w, https:\/\/i0.wp.com\/www.rdpemancipation.org\/wp-content\/uploads\/2021\/06\/image-86.png?resize=300%2C198&amp;ssl=1 300w, https:\/\/i0.wp.com\/www.rdpemancipation.org\/wp-content\/uploads\/2021\/06\/image-86.png?resize=768%2C508&amp;ssl=1 768w\" sizes=\"auto, (max-width: 400px) 100vw, 400px\" \/><figcaption><br>Photo prise \u00e0 l&rsquo;occasion du colloque \u00ab\u00a0Nouveau Roman\u00a0\u00bb \u00e0 New York University, 1982. De gauche \u00e0 droite: Robert Pinget (1919-1997), Nathalie Sarraute (1900-1999), Claude Simon (1913-2005), Alain Robbe-Grillet (1922-2008).&nbsp;(Anonyme\/Avec l&rsquo;autorisation de Mireille Calle-Gruber)<\/figcaption><\/figure>\n\n\n\n<p class=\"has-vivid-red-color has-text-color\"><strong>15 juin<\/strong><\/p>\n\n\n\n<p>\u200b<a href=\"https:\/\/www.liberation.fr\/culture\/arts\/anne-imhof-au-bonheur-dedale-20210613_GJ4RA5UKDJASJIQ3D2KX3OHKQY\/?redirected=1\">Paris&nbsp;: Palais de Tokyo&nbsp;: Anne Imhof, au bonheur d\u00e9dale<\/a> (Lib\u00e9)<\/p>\n\n\n\n<figure class=\"wp-block-image size-large is-resized\"><img data-recalc-dims=\"1\" loading=\"lazy\" decoding=\"async\" src=\"https:\/\/i0.wp.com\/www.rdpemancipation.org\/wp-content\/uploads\/2021\/06\/image-82.png?resize=400%2C267&#038;ssl=1\" alt=\"\" class=\"wp-image-33195\" width=\"400\" height=\"267\" srcset=\"https:\/\/i0.wp.com\/www.rdpemancipation.org\/wp-content\/uploads\/2021\/06\/image-82.png?w=800&amp;ssl=1 800w, https:\/\/i0.wp.com\/www.rdpemancipation.org\/wp-content\/uploads\/2021\/06\/image-82.png?resize=300%2C200&amp;ssl=1 300w, https:\/\/i0.wp.com\/www.rdpemancipation.org\/wp-content\/uploads\/2021\/06\/image-82.png?resize=768%2C512&amp;ssl=1 768w\" sizes=\"auto, (max-width: 400px) 100vw, 400px\" \/><figcaption><br>D\u00e9pouill\u00e9 de ses cimaises et autres b\u00e9quilles architecturales par l\u2019artiste allemande, le Palais de Tokyo a l\u2019air croulant et vivifiant, brutal et vuln\u00e9rable.&nbsp;(Andrea Rossetti)<\/figcaption><\/figure>\n\n\n\n<h1 class=\"has-normal-font-size wp-block-heading\">\u200b<a href=\"https:\/\/www.liberation.fr\/culture\/arts\/au-centre-pompidou-lart-brut-trouve-sa-place-dans-les-collections-du-musee-20210611_PU274MKJZ5DWXMNT4642ZCTEDA\/\">Donation: Au Centre Pompidou, l\u2019art brut trouve sa place dans les collections du mus\u00e9e<\/a> (Lib\u00e9)<\/h1>\n\n\n\n<figure class=\"wp-block-image size-large is-resized\"><img data-recalc-dims=\"1\" loading=\"lazy\" decoding=\"async\" src=\"https:\/\/i0.wp.com\/www.rdpemancipation.org\/wp-content\/uploads\/2021\/06\/image-81.png?resize=400%2C287&#038;ssl=1\" alt=\"\" class=\"wp-image-33192\" width=\"400\" height=\"287\" srcset=\"https:\/\/i0.wp.com\/www.rdpemancipation.org\/wp-content\/uploads\/2021\/06\/image-81.png?w=800&amp;ssl=1 800w, https:\/\/i0.wp.com\/www.rdpemancipation.org\/wp-content\/uploads\/2021\/06\/image-81.png?resize=300%2C215&amp;ssl=1 300w, https:\/\/i0.wp.com\/www.rdpemancipation.org\/wp-content\/uploads\/2021\/06\/image-81.png?resize=768%2C550&amp;ssl=1 768w\" sizes=\"auto, (max-width: 400px) 100vw, 400px\" \/><figcaption><br>\u00abSans titre\u00bb d&rsquo;Auguste Forestier (1887-1958), r\u00e9alis\u00e9 entre 1935 et 1949.&nbsp;(Auguste Forestier)<\/figcaption><\/figure>\n\n\n\n<p><a href=\"https:\/\/www.mediapart.fr\/journal\/culture-idees\/130621\/olivier-mannoni-traduire-mein-kampf-revient-porter-un-double-poids?utm_source=20210613&amp;utm_medium=email&amp;utm_campaign=QUOTIDIENNE&amp;utm_content=&amp;utm_term=&amp;xtor=EREC-83-[QUOTIDIENNE]-20210613&amp;M_BT=1193768211483\">Entretien&nbsp;: Olivier Mannoni : \u00ab Traduire \u201cMein Kampf\u201d revient \u00e0 porter un double poids \u00bb<\/a> (Lib\u00e9)<\/p>\n\n\n\n<p>\u200b<a href=\"https:\/\/blogs.mediapart.fr\/le-voyage-pour-la-vie\/blog\/120621\/larc-en-ciel-dixchel?utm_source=20210613&amp;utm_medium=email&amp;utm_campaign=QUOTIDIENNE&amp;utm_content=&amp;utm_term=&amp;xtor=EREC-83-[QUOTIDIENNE]-20210613&amp;M_BT=1193768211483\">Tourn\u00e9e des Zapatistes&nbsp;: L&rsquo;arc-en-ciel d&rsquo;Ixchel<\/a> (blog-MDP)<\/p>\n\n\n\n<figure class=\"wp-block-image size-large is-resized\"><img data-recalc-dims=\"1\" loading=\"lazy\" decoding=\"async\" src=\"https:\/\/i0.wp.com\/www.rdpemancipation.org\/wp-content\/uploads\/2021\/06\/image-80.png?resize=329%2C446&#038;ssl=1\" alt=\"\" class=\"wp-image-33186\" width=\"329\" height=\"446\" srcset=\"https:\/\/i0.wp.com\/www.rdpemancipation.org\/wp-content\/uploads\/2021\/06\/image-80.png?w=661&amp;ssl=1 661w, https:\/\/i0.wp.com\/www.rdpemancipation.org\/wp-content\/uploads\/2021\/06\/image-80.png?resize=221%2C300&amp;ssl=1 221w\" sizes=\"auto, (max-width: 329px) 100vw, 329px\" \/><\/figure>\n\n\n\n<p class=\"has-vivid-red-color has-text-color\"><strong>14 juin<\/strong><\/p>\n\n\n\n<p>\u200b\u200b<a href=\"https:\/\/www.en-attendant-nadeau.fr\/2021\/06\/05\/lettres-rilke-forrer\/\">Traduction&nbsp;: Les lettres du Bon Dieu \u00e0 une adoratrice<\/a> (en-attendant-nadeau)<\/p>\n\n\n\n<figure class=\"wp-block-image size-large is-resized\"><img data-recalc-dims=\"1\" loading=\"lazy\" decoding=\"async\" src=\"https:\/\/i0.wp.com\/www.rdpemancipation.org\/wp-content\/uploads\/2021\/06\/image-79.png?resize=325%2C424&#038;ssl=1\" alt=\"\" class=\"wp-image-33177\" width=\"325\" height=\"424\" srcset=\"https:\/\/i0.wp.com\/www.rdpemancipation.org\/wp-content\/uploads\/2021\/06\/image-79.png?w=650&amp;ssl=1 650w, https:\/\/i0.wp.com\/www.rdpemancipation.org\/wp-content\/uploads\/2021\/06\/image-79.png?resize=230%2C300&amp;ssl=1 230w\" sizes=\"auto, (max-width: 325px) 100vw, 325px\" \/><figcaption><br><em>Portrait de Rilke par Paula Modersohn-Becker (1906)<\/em><\/figcaption><\/figure>\n\n\n\n<p><a href=\"https:\/\/www.en-attendant-nadeau.fr\/2021\/06\/09\/ombre-peres-djebar\/\">In\u00e9dit de Assia Gjebar&nbsp;: Dans l\u2019ombre des p\u00e8res<\/a> (en-attendant-nadeau)<\/p>\n\n\n\n<p><a href=\"https:\/\/www.en-attendant-nadeau.fr\/2021\/06\/12\/choses-mondes-ciriez\/\">R\u00e9cits B de Fr\u00e9d\u00e9ric Ciriez&nbsp;: Deux ou trois choses que je sais du monde<\/a> (en-attendant-nadeau)<\/p>\n\n\n\n<h1 class=\"has-normal-font-size wp-block-heading\"><a href=\"https:\/\/www.en-attendant-nadeau.fr\/2021\/06\/12\/loti-beaux-restes\/\">Anthologie: Pierre Loti a de beaux restes<\/a> (en-attendant-nadeau)<\/h1>\n\n\n\n<p class=\"has-vivid-red-color has-text-color\"><strong>13 juin<\/strong><\/p>\n\n\n\n<figure class=\"wp-block-image is-resized is-style-default\"><img data-recalc-dims=\"1\" loading=\"lazy\" decoding=\"async\" src=\"https:\/\/i0.wp.com\/static.mediapart.fr\/etmagine\/default\/files\/2021\/05\/24\/p1250421.jpg?resize=422%2C338&#038;ssl=1\" alt=\"Pr\u00e9caires ! \u00a9 Georges-Andr\u00e9 Photos\" width=\"422\" height=\"338\" title=\"Pr\u00e9caires ! \u00a9 Georges-Andr\u00e9 Photos\"\/><\/figure>\n\n\n\n<p><a href=\"https:\/\/www.liberation.fr\/culture\/cinema\/hiroshi-shimizu-surgissement-tardif-20210604_YRW4ZSPSWBB2DKQLOIVATDOCJA\/?xtor=EREC-31-%5BNL_Culture__2021-06-07%5D-&amp;actId=ebwp0YMB8s1_OGEGSsDRkNUcvuQDVN7a57ET3fWtrS_9o2H3YnSh-tlErCsS7SWS&amp;actCampaignType=CAMPAIGN_MAIL&amp;actSource=509739\">Cin\u00e9&nbsp;: Hiroshi Shimizu, surgissement tardif <\/a>(Lib\u00e9)<\/p>\n\n\n\n<figure class=\"wp-block-image size-large is-resized\"><img data-recalc-dims=\"1\" loading=\"lazy\" decoding=\"async\" src=\"https:\/\/i0.wp.com\/www.rdpemancipation.org\/wp-content\/uploads\/2021\/06\/image-51.png?resize=400%2C336&#038;ssl=1\" alt=\"\" class=\"wp-image-32600\" width=\"400\" height=\"336\" srcset=\"https:\/\/i0.wp.com\/www.rdpemancipation.org\/wp-content\/uploads\/2021\/06\/image-51.png?w=800&amp;ssl=1 800w, https:\/\/i0.wp.com\/www.rdpemancipation.org\/wp-content\/uploads\/2021\/06\/image-51.png?resize=300%2C252&amp;ssl=1 300w, https:\/\/i0.wp.com\/www.rdpemancipation.org\/wp-content\/uploads\/2021\/06\/image-51.png?resize=768%2C645&amp;ssl=1 768w\" sizes=\"auto, (max-width: 400px) 100vw, 400px\" \/><figcaption><br>\u00abLa Tour d\u2019introspection\u00bb (1941) d\u2019Hiroshi Shimizu.&nbsp;(Shochiku Company)<\/figcaption><\/figure>\n\n\n\n<p>\u200b<a href=\"https:\/\/www.liberation.fr\/cinema\/2018\/10\/02\/amin-la-pudeur-de-vivre_1682717\/?xtor=EREC-31-%5BNL_Culture__2021-06-07%5D-&amp;actId=ebwp0YMB8s1_OGEGSsDRkNUcvuQDVN7a57ET3fWtrS_9o2H3YnSh-tlErCsS7SWS&amp;actCampaignType=CAMPAIGN_MAIL&amp;actSource=509739\">Cin\u00e9 ARTE: \u00abAmin\u00bb, la pudeur de&nbsp;vivre<\/a> (Lib\u00e9)<\/p>\n\n\n\n<p>\u200b<a href=\"https:\/\/www.espaces-latinos.org\/archives\/100134?utm_source=Sarbacane&amp;utm_medium=email&amp;utm_campaign=Newsletter%207%20Juin%20%202021\">\u00ab\u202fDesligado\u202f\u00bb, un nouvel album empreint de rythmes Bossa Nova<\/a> (espaces-latinos)<\/p>\n\n\n\n<p>\u200b<a href=\"https:\/\/www.espaces-latinos.org\/archives\/100124?utm_source=Sarbacane&amp;utm_medium=email&amp;utm_campaign=Newsletter%207%20Juin%20%202021\">Lancement de StudioCanal Latino: les \u00e9v\u00e9nements de Nouveaux Espaces Latinos depuis chez vous !<\/a> (espaces-latinos)<\/p>\n\n\n\n<figure class=\"wp-block-image size-large is-resized\"><img data-recalc-dims=\"1\" loading=\"lazy\" decoding=\"async\" src=\"https:\/\/i0.wp.com\/www.rdpemancipation.org\/wp-content\/uploads\/2021\/06\/image-50.png?resize=355%2C150&#038;ssl=1\" alt=\"\" class=\"wp-image-32596\" width=\"355\" height=\"150\" srcset=\"https:\/\/i0.wp.com\/www.rdpemancipation.org\/wp-content\/uploads\/2021\/06\/image-50.png?w=710&amp;ssl=1 710w, https:\/\/i0.wp.com\/www.rdpemancipation.org\/wp-content\/uploads\/2021\/06\/image-50.png?resize=300%2C127&amp;ssl=1 300w\" sizes=\"auto, (max-width: 355px) 100vw, 355px\" \/><\/figure>\n\n\n\n<p class=\"has-vivid-red-color has-text-color\"><strong>8 juin<\/strong><\/p>\n\n\n\n<p><a href=\"https:\/\/www.liberation.fr\/idees-et-debats\/opinions\/youtube-vrai-gendarme-de-la-tele-20210606_GBPRDFAB5JFIDM2RUZSJ36XQCQ\/?redirected=1\">Chronique \u00ab&nbsp;M\u00e9diatiques&nbsp;\u00bbYouTube, vrai gendarme de la t\u00e9l\u00e9&nbsp;?<\/a> (Lib\u00e9)<\/p>\n\n\n\n<p>\u200b\u200b<a href=\"https:\/\/www.liberation.fr\/culture\/cinema\/la-selection-estivale-de-cannes-promet-un-gros-cru-20210603_OWQGVATW6BDQTFF3W5ZN3WQF5Q\/?xtor=EREC-31-%5BLib%C3%A9culture_samedi__2021-06-04%5D-&amp;actId=ebwp0YMB8s1_OGEGSsDRkNUcvuQDVN7a57ET3fWtrS_9o2H3YnSh-tlErCsS7SWS&amp;actCampaignType=CAMPAIGN_MAIL&amp;actSource=509690\">La s\u00e9lection estivale du Festival de Cannes promet un gros cru<\/a> (Lib\u00e9)<\/p>\n\n\n\n<p>\u200b<a href=\"https:\/\/www.liberation.fr\/culture\/cinema\/charlotte-gainsbourg-je-nai-jamais-ete-satisfaite-et-je-pense-que-cest-plus-facile-de-vieillir-comme-ca-20210601_3H53TQI2RJFPRFVAGSDJWVT47A\/?xtor=EREC-31-%5BLib%C3%A9culture_samedi__2021-06-04%5D-&amp;actId=ebwp0YMB8s1_OGEGSsDRkNUcvuQDVN7a57ET3fWtrS_9o2H3YnSh-tlErCsS7SWS&amp;actCampaignType=CAMPAIGN_MAIL&amp;actSource=509690\">Charlotte Gainsbourg&nbsp;: \u00abJe n\u2019ai jamais \u00e9t\u00e9 satisfaite, et je pense que c\u2019est plus facile de vieillir comme \u00e7a\u00bb<\/a> (Lib\u00e9)<\/p>\n\n\n\n<p><a href=\"https:\/\/www.liberation.fr\/culture\/cinema\/les-vivants-deja-morts-de-romero-20210602_FL3ON7TYEBGAFNPIKY3D2AZ274\/?xtor=EREC-31-%5BLib%C3%A9culture_samedi__2021-06-04%5D-&amp;actId=ebwp0YMB8s1_OGEGSsDRkNUcvuQDVN7a57ET3fWtrS_9o2H3YnSh-tlErCsS7SWS&amp;actCampaignType=CAMPAIGN_MAIL&amp;actSource=509690\"><u>Film: Les vivants d\u00e9j\u00e0 morts de George Romero <\/u><\/a>(Lib\u00e9)<\/p>\n\n\n\n<figure class=\"wp-block-image size-large is-resized\"><img data-recalc-dims=\"1\" loading=\"lazy\" decoding=\"async\" src=\"https:\/\/i0.wp.com\/www.rdpemancipation.org\/wp-content\/uploads\/2021\/06\/image-43.png?resize=414%2C512&#038;ssl=1\" alt=\"\" class=\"wp-image-32508\" width=\"414\" height=\"512\" srcset=\"https:\/\/i0.wp.com\/www.rdpemancipation.org\/wp-content\/uploads\/2021\/06\/image-43.png?resize=827%2C1024&amp;ssl=1 827w, https:\/\/i0.wp.com\/www.rdpemancipation.org\/wp-content\/uploads\/2021\/06\/image-43.png?resize=242%2C300&amp;ssl=1 242w, https:\/\/i0.wp.com\/www.rdpemancipation.org\/wp-content\/uploads\/2021\/06\/image-43.png?resize=768%2C950&amp;ssl=1 768w, https:\/\/i0.wp.com\/www.rdpemancipation.org\/wp-content\/uploads\/2021\/06\/image-43.png?resize=1241%2C1536&amp;ssl=1 1241w, https:\/\/i0.wp.com\/www.rdpemancipation.org\/wp-content\/uploads\/2021\/06\/image-43.png?w=1440&amp;ssl=1 1440w\" sizes=\"auto, (max-width: 414px) 100vw, 414px\" \/><figcaption><br>\u00abGirafe nubienne\u00bb (1827), de Jacques-Laurent Agasse.<br><\/figcaption><\/figure>\n\n\n\n<p><a href=\"https:\/\/www.liberation.fr\/culture\/arts\/art-contemporain\/orsay-et-la-culture-crea-la-nature-20210531_LXY5UZT5TBFP5LGERB6ZYMQHPM\/?xtor=EREC-31-%5BLib%C3%A9culture_samedi__2021-06-04%5D-&amp;actId=ebwp0YMB8s1_OGEGSsDRkNUcvuQDVN7a57ET3fWtrS_9o2H3YnSh-tlErCsS7SWS&amp;actCampaignType=CAMPAIGN_MAIL&amp;actSource=509690\"><u>Paris: Expo \u00e0 <\/u><u>Orsay : et la culture cr\u00e9a la nature <\/u><\/a>(Lib\u00e9)<\/p>\n\n\n\n<figure class=\"wp-block-image size-large is-resized\"><img data-recalc-dims=\"1\" loading=\"lazy\" decoding=\"async\" src=\"https:\/\/i0.wp.com\/www.rdpemancipation.org\/wp-content\/uploads\/2021\/06\/image-42.png?resize=400%2C276&#038;ssl=1\" alt=\"\" class=\"wp-image-32506\" width=\"400\" height=\"276\" srcset=\"https:\/\/i0.wp.com\/www.rdpemancipation.org\/wp-content\/uploads\/2021\/06\/image-42.png?w=800&amp;ssl=1 800w, https:\/\/i0.wp.com\/www.rdpemancipation.org\/wp-content\/uploads\/2021\/06\/image-42.png?resize=300%2C207&amp;ssl=1 300w, https:\/\/i0.wp.com\/www.rdpemancipation.org\/wp-content\/uploads\/2021\/06\/image-42.png?resize=768%2C529&amp;ssl=1 768w\" sizes=\"auto, (max-width: 400px) 100vw, 400px\" \/><figcaption><br>\u00abAdam et Eve et les animaux de la Cr\u00e9ation\u00bb, d&rsquo;Isaack Van Oosten.&nbsp;(Louis Deschamps . RMN-GP)<\/figcaption><\/figure>\n\n\n\n<p><a href=\"https:\/\/www.liberation.fr\/idees-et-debats\/opinions\/youtube-vrai-gendarme-de-la-tele-20210606_GBPRDFAB5JFIDM2RUZSJ36XQCQ\/?redirected=1\">Chronique \u00ab&nbsp;M\u00e9diatiques&nbsp;\u00bbYouTube, vrai gendarme de la t\u00e9l\u00e9&nbsp;?<\/a> (Lib\u00e9)<\/p>\n\n\n\n<figure class=\"wp-block-table\"><table><tbody><tr><td>Hugo Lindenberg, laur\u00e9at du Prix du Livre Inter pour \u00ab\u00a0Un jour ce sera vide\u00a0\u00bb<\/td><\/tr><\/tbody><\/table><\/figure>\n\n\n\n<p><a href=\"..\/..\/..\/..\/Documents\/La%20pianiste%20Martha%20Argerich,%20\">La pianiste Martha Argerich, \u00ab\u00a0immens\u00e9ment sensible\u00a0\u00bb, f\u00eate ses 80 ans <\/a>(franceinfo)<\/p>\n\n\n\n<p><strong><span class=\"has-inline-color has-vivid-red-color\">7 juin<\/span><\/strong><\/p>\n\n\n\n<p><a href=\"https:\/\/www.blast-info.fr\/articles\/2021\/aides-a-la-musique-main-basse-sur-les-millions-du-cnm-b-1zOsR2Q4SdFEiSBmpsmA\">Aides \u00e0 la musique : main basse sur les millions du CNM<\/a> (Blast)<\/p>\n\n\n\n<figure class=\"wp-block-image\"><img data-recalc-dims=\"1\" decoding=\"async\" src=\"https:\/\/i0.wp.com\/static.blast-info.fr\/stories\/2021\/thumb_hero-aides-a-la-musique-main-basse-sur-les-millions-du-cnm-b-1zOsR2Q4SdFEiSBmpsmA.jpg?w=1200&#038;ssl=1\" alt=\"\"\/><\/figure>\n\n\n\n<p>\u200b<strong><span class=\"has-inline-color has-vivid-red-color\">3 juin<\/span><\/strong><\/p>\n\n\n\n<p>\u200b<a href=\"https:\/\/www.franceinter.fr\/culture\/photos-on-a-participe-au-concert-test-d-indochine-et-on-a-beaucoup-danse#xtor=EPR-5-[Meilleur31052021]\">PHOTOS &#8211; On a particip\u00e9 au concert-test d&rsquo;Indochine (et on a beaucoup dans\u00e9)<\/a> (franceinter)<\/p>\n\n\n\n<figure class=\"wp-block-image size-large is-resized\"><img data-recalc-dims=\"1\" loading=\"lazy\" decoding=\"async\" src=\"https:\/\/i0.wp.com\/www.rdpemancipation.org\/wp-content\/uploads\/2021\/06\/image-16.png?resize=512%2C341&#038;ssl=1\" alt=\"\" class=\"wp-image-31988\" width=\"512\" height=\"341\" srcset=\"https:\/\/i0.wp.com\/www.rdpemancipation.org\/wp-content\/uploads\/2021\/06\/image-16.png?resize=1024%2C682&amp;ssl=1 1024w, https:\/\/i0.wp.com\/www.rdpemancipation.org\/wp-content\/uploads\/2021\/06\/image-16.png?resize=300%2C200&amp;ssl=1 300w, https:\/\/i0.wp.com\/www.rdpemancipation.org\/wp-content\/uploads\/2021\/06\/image-16.png?resize=768%2C512&amp;ssl=1 768w, https:\/\/i0.wp.com\/www.rdpemancipation.org\/wp-content\/uploads\/2021\/06\/image-16.png?w=1136&amp;ssl=1 1136w\" sizes=\"auto, (max-width: 512px) 100vw, 512px\" \/><figcaption><br><em>Le groupe Indochine a jou\u00e9 devant 5000 spectateurs \u00e0 l&rsquo;Accor Arena de Paris ce 29 mai. \u00a9 Radio France \/ Victor Vasseur<\/em><\/figcaption><\/figure>\n\n\n\n<p><a href=\"https:\/\/www.franceinter.fr\/emissions\/tubes-co\">TUBES N CO<\/a><a href=\"https:\/\/www.franceinter.fr\/emissions\/tubes-n-co\/tubes-n-co-28-mai-2021\">\u00ab\u00a0La groupie du pianiste\u00a0\u00bb par Michel Berger<\/a> (franceinter)<\/p>\n\n\n\n<p><a href=\"http:\/\/franceinter.fr\/musique\">Les coulisses d&rsquo;un tube<\/a><\/p>\n\n\n\n<figure class=\"wp-block-image size-large\"><img data-recalc-dims=\"1\" loading=\"lazy\" decoding=\"async\" width=\"416\" height=\"277\" src=\"https:\/\/i0.wp.com\/www.rdpemancipation.org\/wp-content\/uploads\/2021\/06\/image-15.png?resize=416%2C277&#038;ssl=1\" alt=\"\" class=\"wp-image-31985\" srcset=\"https:\/\/i0.wp.com\/www.rdpemancipation.org\/wp-content\/uploads\/2021\/06\/image-15.png?w=416&amp;ssl=1 416w, https:\/\/i0.wp.com\/www.rdpemancipation.org\/wp-content\/uploads\/2021\/06\/image-15.png?resize=300%2C200&amp;ssl=1 300w\" sizes=\"auto, (max-width: 416px) 100vw, 416px\" \/><\/figure>\n\n\n\n<p><a href=\"https:\/\/www.franceinter.fr\/musique\/les-divas-du-monde-arabe-notre-playlist#xtor=EPR-5-[Meilleur31052021]\">Les Divas du monde arabe : notre playlist \u266b\u266a<\/a> (franceinter)<\/p>\n\n\n\n<p>\u200b<a href=\"https:\/\/blogs.mediapart.fr\/festival-cine-palestine\/blog\/280521\/les-courts-metrages-du-concours-du-festival-cine-palestine-paris-sont-disponibles\">Les courts m\u00e9trages du concours du Festival Cin\u00e9 Palestine Paris sont disponibles!<\/a> (MDP)<\/p>\n\n\n\n<figure class=\"wp-block-image size-large is-resized\"><img data-recalc-dims=\"1\" loading=\"lazy\" decoding=\"async\" src=\"https:\/\/i0.wp.com\/www.rdpemancipation.org\/wp-content\/uploads\/2021\/06\/image-14.png?resize=331%2C422&#038;ssl=1\" alt=\"\" class=\"wp-image-31984\" width=\"331\" height=\"422\" srcset=\"https:\/\/i0.wp.com\/www.rdpemancipation.org\/wp-content\/uploads\/2021\/06\/image-14.png?w=661&amp;ssl=1 661w, https:\/\/i0.wp.com\/www.rdpemancipation.org\/wp-content\/uploads\/2021\/06\/image-14.png?resize=235%2C300&amp;ssl=1 235w\" sizes=\"auto, (max-width: 331px) 100vw, 331px\" \/><\/figure>\n\n\n\n<p class=\"has-vivid-red-color has-text-color\"><strong>2 juin<\/strong><\/p>\n\n\n\n<p><a href=\"https:\/\/www.liberation.fr\/culture\/cinema\/suzanna-andler-amants-bruts-20210601_2ARJQFS6WJD6PJGCTAFYLCGGJE\/?xtor=EREC-26-%5BNL_abo_soir_2021-06-01%5D-&amp;actId=ebwp0YMB8s1_OGEGSsDRkNUcvuQDVN7a57ET3fWtrS_9o2H3YnSh-tlErCsS7SWS&amp;actCampaignType=CAMPAIGN_MAIL&amp;actSource=509576\">Film&nbsp;: \u00abSuzanna Andler\u00bb : amants bruts<\/a> (Lib\u00e9)<\/p>\n\n\n\n<p><a href=\"https:\/\/www.liberation.fr\/culture\/cinema\/petite-maman-sciamma-voit-la-verite-enfance-20210601_E6ZNVCBLMJFYNM47CGPNVRBI3E\/?xtor=EREC-26-%5BNL_abo_soir_2021-06-01%5D-&amp;actId=ebwp0YMB8s1_OGEGSsDRkNUcvuQDVN7a57ET3fWtrS_9o2H3YnSh-tlErCsS7SWS&amp;actCampaignType=CAMPAIGN_MAIL&amp;actSource=509576\">Film&nbsp;: \u00abPetite Maman\u00bb, Sciamma voit la v\u00e9rit\u00e9 enfance<\/a> (Lib\u00e9)<\/p>\n\n\n\n<figure class=\"wp-block-image size-large is-resized\"><img data-recalc-dims=\"1\" loading=\"lazy\" decoding=\"async\" src=\"https:\/\/i0.wp.com\/www.rdpemancipation.org\/wp-content\/uploads\/2021\/06\/image-13.png?resize=400%2C216&#038;ssl=1\" alt=\"\" class=\"wp-image-31980\" width=\"400\" height=\"216\" srcset=\"https:\/\/i0.wp.com\/www.rdpemancipation.org\/wp-content\/uploads\/2021\/06\/image-13.png?w=800&amp;ssl=1 800w, https:\/\/i0.wp.com\/www.rdpemancipation.org\/wp-content\/uploads\/2021\/06\/image-13.png?resize=300%2C162&amp;ssl=1 300w, https:\/\/i0.wp.com\/www.rdpemancipation.org\/wp-content\/uploads\/2021\/06\/image-13.png?resize=768%2C415&amp;ssl=1 768w\" sizes=\"auto, (max-width: 400px) 100vw, 400px\" \/><figcaption><br>Les h\u00e9ro\u00efnes du film sont interpr\u00e9t\u00e9es par deux petites s\u0153urs jumelles.<\/figcaption><\/figure>\n\n\n\n<p><strong><span class=\"has-inline-color has-vivid-red-color\">1er Juin<\/span><\/strong><\/p>\n","protected":false},"excerpt":{"rendered":"<p>30 juin Des abeilles et des hommes (La Vie des id\u00e9es) . Zone de perturbations (Le Monde diplomatique) \u200b \u200b \u200bPeintres juifs \u00e0 Paris, ombres de la Ville lumi\u00e8re&nbsp;: mus\u00e9e d\u2019art et d\u2019histoire du Judaisme(Lib\u00e9) \u200bInvisibilisation&nbsp;: Sur TikTok, des internautes noirs font la gr\u00e8ve de la danse (Lib\u00e9) Aux Etats-Unis&nbsp;: Une histoire violente de la &#8230; <a title=\"Juin &#8211; Cultures\" class=\"read-more\" href=\"https:\/\/www.rdpemancipation.org\/?p=31748\" aria-label=\"En savoir plus sur Juin &#8211; Cultures\">Lire la suite<\/a><\/p>\n","protected":false},"author":1,"featured_media":0,"comment_status":"closed","ping_status":"closed","sticky":false,"template":"","format":"standard","meta":{"_lmt_disableupdate":"no","_lmt_disable":"no","_jetpack_memberships_contains_paid_content":false,"footnotes":""},"categories":[25],"tags":[],"class_list":["post-31748","post","type-post","status-publish","format-standard","hentry","category-cultures"],"modified_by":"cpr","jetpack_featured_media_url":"","jetpack_sharing_enabled":true,"_links":{"self":[{"href":"https:\/\/www.rdpemancipation.org\/index.php?rest_route=\/wp\/v2\/posts\/31748","targetHints":{"allow":["GET"]}}],"collection":[{"href":"https:\/\/www.rdpemancipation.org\/index.php?rest_route=\/wp\/v2\/posts"}],"about":[{"href":"https:\/\/www.rdpemancipation.org\/index.php?rest_route=\/wp\/v2\/types\/post"}],"author":[{"embeddable":true,"href":"https:\/\/www.rdpemancipation.org\/index.php?rest_route=\/wp\/v2\/users\/1"}],"replies":[{"embeddable":true,"href":"https:\/\/www.rdpemancipation.org\/index.php?rest_route=%2Fwp%2Fv2%2Fcomments&post=31748"}],"version-history":[{"count":106,"href":"https:\/\/www.rdpemancipation.org\/index.php?rest_route=\/wp\/v2\/posts\/31748\/revisions"}],"predecessor-version":[{"id":36017,"href":"https:\/\/www.rdpemancipation.org\/index.php?rest_route=\/wp\/v2\/posts\/31748\/revisions\/36017"}],"wp:attachment":[{"href":"https:\/\/www.rdpemancipation.org\/index.php?rest_route=%2Fwp%2Fv2%2Fmedia&parent=31748"}],"wp:term":[{"taxonomy":"category","embeddable":true,"href":"https:\/\/www.rdpemancipation.org\/index.php?rest_route=%2Fwp%2Fv2%2Fcategories&post=31748"},{"taxonomy":"post_tag","embeddable":true,"href":"https:\/\/www.rdpemancipation.org\/index.php?rest_route=%2Fwp%2Fv2%2Ftags&post=31748"}],"curies":[{"name":"wp","href":"https:\/\/api.w.org\/{rel}","templated":true}]}}