{"id":31746,"date":"2021-06-01T09:01:01","date_gmt":"2021-06-01T07:01:01","guid":{"rendered":"https:\/\/www.rdpemancipation.org\/?p=31746"},"modified":"2021-07-01T12:22:20","modified_gmt":"2021-07-01T10:22:20","slug":"juin-medias","status":"publish","type":"post","link":"https:\/\/www.rdpemancipation.org\/?p=31746","title":{"rendered":"Juin &#8211; Medias"},"content":{"rendered":"\n<p><strong><span class=\"has-inline-color has-vivid-red-color\">\u200b30 juin en continu<\/span><\/strong><\/p>\n\n\n\n<p><strong><a href=\"https:\/\/www.francetvinfo.fr\/culture\/tv\/canal\/medias-les-salaries-d-europe-1-manifestent-contre-l-entree-de-vivendi-au-conseil-d-administration-de-lagardere_4684303.html\">les salari\u00e9s d&rsquo;Europe 1 manifestent contre l&rsquo;entr\u00e9e de Vivendi au conseil d&rsquo;administration<\/a> <\/strong>(France-Infos)<\/p>\n\n\n\n<figure class=\"wp-block-image is-resized\"><img data-recalc-dims=\"1\" loading=\"lazy\" decoding=\"async\" src=\"https:\/\/i0.wp.com\/www.francetvinfo.fr\/pictures\/rsMZ1P8dZkJ3USwQ5jyemKi9IcA\/752x423\/2021\/06\/30\/php8NZk7X.jpg?resize=511%2C287&#038;ssl=1\" alt=\"Le journaliste Patrick Cohen, le 30 juin 2021 lors d'une manifestation des salari\u00e9s d'Europe 1. (ALAIN JOCARD \/ AFP)\" width=\"511\" height=\"287\"\/><\/figure>\n\n\n\n<p><sup>Le journaliste Patrick Cohen, le 30 juin 2021 lors d&rsquo;une manifestation des salari\u00e9s d&rsquo;Europe 1. (ALAIN JOCARD \/ AFP)<\/sup><\/p>\n\n\n\n<p><a href=\"https:\/\/www.arretsurimages.net\/articles\/a-paris-match-on-nexclut-pas-la-greve\">\u00c0 Paris Match, on n&rsquo;exclut pas la gr\u00e8ve<\/a> (Arr\u00eat sur images)<\/p>\n\n\n\n<p><a href=\"https:\/\/www.kairospresse.be\/les-citoyens-se-posent-des-questions\/\">\u00c0 quoi sert le syndicat des journalistes ?<\/a> (Kairos)<\/p>\n\n\n\n<p><a href=\"https:\/\/www.acrimed.org\/Appel-a-l-aide-du-Ravi-face-au-spectre-du-depot\">Appel \u00e0 l&rsquo;aide du Ravi face au spectre du d\u00e9p\u00f4t de bilan<\/a> (Acrimed)<\/p>\n\n\n\n<p><a href=\"https:\/\/theconversation.com\/bonnes-feuilles-les-radios-libres-une-bataille-oubliee-163512\">Bonnes feuilles : \u00ab Les radios libres, une bataille oubli\u00e9e \u00bb<\/a> (The Conversation)<\/p>\n\n\n\n<figure class=\"wp-block-image size-large is-resized is-style-default\"><img data-recalc-dims=\"1\" loading=\"lazy\" decoding=\"async\" src=\"https:\/\/i0.wp.com\/www.rdpemancipation.org\/wp-content\/uploads\/2021\/06\/image-193.png?resize=570%2C385&#038;ssl=1\" alt=\"\" class=\"wp-image-35044\" width=\"570\" height=\"385\" srcset=\"https:\/\/i0.wp.com\/www.rdpemancipation.org\/wp-content\/uploads\/2021\/06\/image-193.png?resize=1024%2C693&amp;ssl=1 1024w, https:\/\/i0.wp.com\/www.rdpemancipation.org\/wp-content\/uploads\/2021\/06\/image-193.png?resize=300%2C203&amp;ssl=1 300w, https:\/\/i0.wp.com\/www.rdpemancipation.org\/wp-content\/uploads\/2021\/06\/image-193.png?resize=768%2C519&amp;ssl=1 768w, https:\/\/i0.wp.com\/www.rdpemancipation.org\/wp-content\/uploads\/2021\/06\/image-193.png?resize=1536%2C1039&amp;ssl=1 1536w, https:\/\/i0.wp.com\/www.rdpemancipation.org\/wp-content\/uploads\/2021\/06\/image-193.png?w=1557&amp;ssl=1 1557w\" sizes=\"auto, (max-width: 570px) 100vw, 570px\" \/><\/figure>\n\n\n\n<p><strong><span class=\"has-inline-color has-vivid-red-color\">\u200b28 juin en continu<\/span><\/strong><\/p>\n\n\n\n<p><strong><a href=\"https:\/\/www.alternatives-economiques.fr\/erik-neveu-veritable-reussite-de-cnews-cest-dimposer-theme\/00099440\">\u00ab\u00a0La v\u00e9ritable r\u00e9ussite de Cnews, c\u2019est d\u2019imposer les th\u00e8mes du d\u00e9bat\u00a0\u00bb<\/a> (Erik Neveu)<\/strong><\/p>\n\n\n\n<figure class=\"wp-block-image is-resized is-style-default\"><img data-recalc-dims=\"1\" loading=\"lazy\" decoding=\"async\" src=\"https:\/\/i0.wp.com\/mamot.fr\/system\/media_attachments\/files\/106\/363\/362\/392\/998\/201\/original\/0364cc746a45b5ca.jpeg?resize=344%2C244&#038;ssl=1\" alt=\"\" width=\"344\" height=\"244\"\/><\/figure>\n\n\n\n<p><a href=\"https:\/\/play.acast.com\/s\/podcastine\/bollore-lesfestivalsdufric\">Bollor\u00e9, les festivals du fric<\/a> (Podcastine)<\/p>\n\n\n\n<p><a href=\"https:\/\/www.nextinpact.com\/article\/47511\/hadopi-3-deputes-adoptent-futurs-rouages-lutte-anti-piratage\">Hadopi 3 : les d\u00e9put\u00e9s adoptent les futurs rouages de la lutte anti-piratage<\/a> (Next INpact)<\/p>\n\n\n\n<p><a href=\"https:\/\/www.acrimed.org\/A-Jacques-Bouveresse-Acrimed-reconnaissant\">\u00c0 Jacques Bouveresse, Acrimed reconnaissant<\/a> (Acrimed )<\/p>\n\n\n\n<p><a href=\"https:\/\/www.arretsurimages.net\/chroniques\/plateau-tele\/laurence-ferrari-journaliste-devenue-bolloreac-2007-2021\">Laurence Ferrari, journaliste devenue Bollor\u00e9ac (2007-2021)<\/a> (Arr\u00eat sur images)<\/p>\n\n\n\n<p><strong><a href=\"https:\/\/laviedesidees.fr\/Cage-Huet-information-bien-public.html\">Bonnes feuilles et gros sous<\/a> (La Vie des id\u00e9es)<\/strong><\/p>\n\n\n\n<figure class=\"wp-block-image size-large is-resized is-style-default\"><img data-recalc-dims=\"1\" loading=\"lazy\" decoding=\"async\" src=\"https:\/\/i0.wp.com\/www.rdpemancipation.org\/wp-content\/uploads\/2021\/06\/arton5112-3c6b0.jpg?resize=305%2C434&#038;ssl=1\" alt=\"\" class=\"wp-image-34924\" width=\"305\" height=\"434\" srcset=\"https:\/\/i0.wp.com\/www.rdpemancipation.org\/wp-content\/uploads\/2021\/06\/arton5112-3c6b0.jpg?w=281&amp;ssl=1 281w, https:\/\/i0.wp.com\/www.rdpemancipation.org\/wp-content\/uploads\/2021\/06\/arton5112-3c6b0.jpg?resize=211%2C300&amp;ssl=1 211w\" sizes=\"auto, (max-width: 305px) 100vw, 305px\" \/><\/figure>\n\n\n\n<p><strong><span class=\"has-inline-color has-vivid-red-color\">\u200b26 juin en continu<\/span><\/strong><\/p>\n\n\n\n<p><a href=\"https:\/\/www.mediapart.fr\/journal\/france\/260621\/paris-match-et-jdd-un-patron-deux-perditions\">Sarkozy-Takieddine : une presse sous influence<\/a> (M\u00e9diapart)<\/p>\n\n\n\n<figure class=\"wp-block-image\"><img data-recalc-dims=\"1\" decoding=\"async\" src=\"https:\/\/i0.wp.com\/static.mediapart.fr\/etmagine\/default\/files\/2021\/06\/26\/capture-d-e-cran-2021-06-26-a-11-31-59.png?w=1200&#038;ssl=1\" alt=\"Le couple Sarkozy en Une de \u00abParis Match\u00bb apr\u00e8s la condamnation de l\u2019ancien pr\u00e9sident.\" title=\"Le couple Sarkozy en Une de \u00abParis Match\u00bb apr\u00e8s la condamnation de l\u2019ancien pr\u00e9sident.\"\/><\/figure>\n\n\n\n<p><sup>Le couple Sarkozy en Une de \u00abParis Match\u00bb apr\u00e8s la condamnation de l\u2019ancien pr\u00e9sident.<\/sup><\/p>\n\n\n\n<p><strong><span class=\"has-inline-color has-vivid-red-color\">25 Juin en continu<\/span><\/strong><\/p>\n\n\n\n<p><a href=\"https:\/\/www.alternatives-economiques.fr\/de-quoi-burn-out-journalistes-symptome\/00099578\">De quoi le burn-out des journalistes est-il le sympt\u00f4me ?<\/a> (Alternatives \u00e9conomiques)<\/p>\n\n\n\n<figure class=\"wp-block-image is-resized\"><img data-recalc-dims=\"1\" loading=\"lazy\" decoding=\"async\" src=\"https:\/\/i0.wp.com\/www.alternatives-economiques.fr\/sites\/default\/files\/public\/styles\/ae-169-custom_user_low_1x\/public\/field\/image\/rea_295036_066.jpg?resize=640%2C360&#038;ssl=1\" alt=\"\" width=\"640\" height=\"360\" title=\"\"\/><\/figure>\n\n\n\n<p><strong><span class=\"has-inline-color has-vivid-red-color\">24 juin en continu<\/span><\/strong><\/p>\n\n\n\n<p><a href=\"https:\/\/www.humanite.fr\/medias-face-bollore-silence-radio-du-csa-et-de-letat-712291\">M\u00e9dias. Face \u00e0 Bollor\u00e9, silence radio du CSA et de l\u2019\u00c9tat<\/a> (L\u2019Humanit\u00e9)<\/p>\n\n\n\n<p> <a href=\"https:\/\/www.huffingtonpost.fr\/entry\/cette-une-de-libe-sur-cnews-ne-plait-pas-aux-journalistes-de-la-chaine-de-vincent-bollore_fr_60d2ca80e4b0c101fc81f360?utm_campaign=fr_main&amp;fbclid=IwAR1YJbFzqwZxHXawy7XrfF3YsGfxxJkw3_7iCez-CKLYgyP4l0egpYJE4Q8\">Cette Une de \u00ab\u00a0Lib\u00e9\u00a0\u00bb sur CNews ne pla\u00eet pas aux journalistes de la cha\u00eene de Vincent Bollor\u00e9<\/a> (HuffPost)<\/p>\n\n\n\n<p><a href=\"https:\/\/linsoumission.fr\/2021\/06\/18\/le-conseil-detat-inflige-un-revers-a-cnews\/\">Le Conseil d\u2019\u00c9tat inflige un revers \u00e0 CNews<\/a> (L\u2019insoumission)<\/p>\n\n\n\n<p><a href=\"https:\/\/www.arretsurimages.net\/articles\/a-europe-1-le-spectre-di-tele\">A Europe 1, le spectre d&rsquo;i -T\u00e9l\u00e9<\/a> (Arr\u00eat sur images)<\/p>\n\n\n\n<p><a href=\"https:\/\/lesjours.fr\/obsessions\/lagardere-heritier\/ep14-europe-1-fin-greve\/\">\u00c0 Europe 1, la gr\u00e8ve reste sur sa fin<\/a> (Les Jours)<\/p>\n\n\n\n<p><a href=\"https:\/\/www.arretsurimages.net\/articles\/europe-1-bollore-tisse-sa-toile-reconnait-benque\">Europe 1 : \u00ab\u00a0Bollor\u00e9 tisse sa toile\u00a0\u00bb, reconna\u00eet Benqu\u00e9<\/a> (Arr\u00eat sur images)<\/p>\n\n\n\n<figure class=\"wp-block-image is-style-default\"><img data-recalc-dims=\"1\" decoding=\"async\" src=\"https:\/\/i0.wp.com\/mamot.fr\/system\/cache\/media_attachments\/files\/106\/334\/975\/549\/169\/142\/original\/14869ceeec5698d2.jpg?w=1200&#038;ssl=1\" alt=\"\"\/><\/figure>\n\n\n\n<p>\u200b<strong><span class=\"has-inline-color has-vivid-red-color\">23 juin en continu<\/span><\/strong><\/p>\n\n\n\n<p><a href=\"https:\/\/www.alternatives-economiques.fr\/erik-neveu-veritable-reussite-de-cnews-cest-dimposer-theme\/00099440\">\u00ab La v\u00e9ritable r\u00e9ussite de Cnews, c\u2019est d\u2019imposer les th\u00e8mes du d\u00e9bat<\/a> \u00bb &nbsp;(Alternatives \u00e9conomiques)<\/p>\n\n\n\n<p><a href=\"https:\/\/www.liberation.fr\/economie\/medias\/a-europe-1-la-greve-continue-la-bollorisation-aussi-20210621_EZ3JPMZ6TBCBNN6UGA3663EFIU\/\">A Europe 1, la gr\u00e8ve continue, la bollorisation aussi<\/a> (Lib\u00e9)<\/p>\n\n\n\n<p>\u200b<a href=\"https:\/\/blogs.mediapart.fr\/wael-mejrissi\/blog\/200621\/christine-berrou-censuree-sur-europe-1-pour-une-blague-sur-eric-zemmour?utm_source=20210621&amp;utm_medium=email&amp;utm_campaign=QUOTIDIENNE&amp;utm_content=&amp;utm_term=&amp;xtor=EREC-83-[QUOTIDIENNE]-20210621&amp;M_BT=1193768211483\">Christine Berrou censur\u00e9e sur Europe 1 pour une blague sur \u00c9ric Zemmour<\/a> (blog-MDP)<\/p>\n\n\n\n<p><strong><span class=\"has-inline-color has-vivid-red-color\">22 Juin<\/span><\/strong><\/p>\n\n\n\n<p><a href=\"https:\/\/linsoumission.fr\/2021\/06\/21\/medias-55-de-francais-mefiant-35-en-colere-ou-degoutes\/\">M\u00e9dias : 55% de Fran\u00e7ais m\u00e9fiants, 35% en col\u00e8re ou d\u00e9go\u00fbt\u00e9s<\/a> (L\u2019Insoumission)<\/p>\n\n\n\n<p class=\"has-vivid-red-color has-text-color\"><strong>18 juin<\/strong><\/p>\n\n\n\n<p><a href=\"https:\/\/www.mediapart.fr\/journal\/france\/180621\/le-licenciement-d-un-journaliste-de-france-3-annule-au-nom-de-la-liberte-d-expression\">Le licenciement d\u2019un journaliste de France 3 annul\u00e9 au nom de la libert\u00e9 d\u2019expression<\/a> (M\u00e9diapart)&nbsp;<\/p>\n\n\n\n<p><a href=\"https:\/\/lesjours.fr\/obsessions\/l-empire\/ep166-inspection-travail-service-sports\/\">\u00c0 Canal+, \u00ab chantage \u00e0 l\u2019emploi \u00bb et \u00ab journalistes bafou\u00e9s \u00bb<\/a> (Les Jours)&nbsp;<\/p>\n\n\n\n<p><a href=\"https:\/\/blogs.mediapart.fr\/jean-marc-b\/blog\/170621\/nos-enquetes-debloquent-des-scandales-camoufles-le-media\">Nos enqu\u00eates d\u00e9bloquent des scandales camoufl\u00e9s &#8211;<\/a>Le M\u00e9dia<\/p>\n\n\n\n<p><a href=\"https:\/\/www.arretsurimages.net\/chroniques\/lliberte-de-la-presse-le-front-europe-1?utm_source=neuf-quinze%2B-%2Babonn%C3%A9s&amp;utm_campaign=865b8cba48-neuf-quinze_2021\">Libert\u00e9 de la presse le front Europe<\/a> (Arr\u00eat sur image)<\/p>\n\n\n\n<p><a href=\"https:\/\/voice.diem25.org\/diem-project\/400\/\">Diem-project&nbsp;:&nbsp; free Assange<\/a> (DIEM Voice)<\/p>\n\n\n\n<p><a href=\"http:\/\/pveventsla5.immanens.com\/fr\/pvPageH5B.asp?puc=003229&amp;nu=1266&amp;pa=1#2\">PageH5B&nbsp;:Complexe politico-m\u00e9diatique<\/a> (Marianne)&nbsp;&nbsp;&nbsp;&nbsp;<\/p>\n\n\n\n<figure class=\"wp-block-image is-style-default\"><img decoding=\"async\" src=\"https:\/\/scontent.fsti4-1.fna.fbcdn.net\/v\/t1.6435-0\/p526x296\/198911028_10220781737280030_4645710813848503191_n.jpg?_nc_cat=100&amp;ccb=1-3&amp;_nc_sid=730e14&amp;_nc_ohc=BaZtpVxoEoMAX-tDaBX&amp;_nc_ht=scontent.fsti4-1.fna&amp;tp=6&amp;oh=f2cc0e14bc56b6cc05425ae7a8515c9a&amp;oe=60D10439\" alt=\"Peut \u00eatre un dessin anim\u00e9 de texte qui dit \u2019LE CSA MET EN DEMEURE LA CHA\u00ceNE CNEWS POUR AVOIR TROP DONN\u00c9 LA PAROLE AU RN ALORS COMME \u00c7A, ON NE PEUT PLUS CRACHER ENTRE COPAINS SUR LES ARABES ? MAIS C'EST LA DICTATURE DE TOUTE FA\u00c7ON, AUJOURD HUI, ON NE PEUT PLUS ETRE UN PEU RACISTE ET FASCISTE SANS \u00caTRE ACCUS\u00c9 D'\u00caTRE D'EXTR\u00caME DROITE! C NEWS Allan BARLE\u2019\"\/><\/figure>\n\n\n\n<p class=\"has-vivid-red-color has-text-color\"><strong>17 juin<\/strong><\/p>\n\n\n\n<p>\u200b\u200b<a href=\"https:\/\/lepoing.net\/des-premieres-assises-intergalactiques-reussies-pour-la-presse-libre\/?fbclid=IwAR20XErNmmvKgKSeULLxBfMV0X0pBcGnT4nSTSJ7KauQxdaMaxrod6T8IA4\">Des premi\u00e8res assises intergalactiques r\u00e9ussies pour la presse libre<\/a> (Le Poing)<\/p>\n\n\n\n<figure class=\"wp-block-image size-large is-resized\"><img data-recalc-dims=\"1\" loading=\"lazy\" decoding=\"async\" src=\"https:\/\/i0.wp.com\/www.rdpemancipation.org\/wp-content\/uploads\/2021\/06\/image-105.png?resize=512%2C286&#038;ssl=1\" alt=\"\" class=\"wp-image-33424\" width=\"512\" height=\"286\" srcset=\"https:\/\/i0.wp.com\/www.rdpemancipation.org\/wp-content\/uploads\/2021\/06\/image-105.png?resize=1024%2C571&amp;ssl=1 1024w, https:\/\/i0.wp.com\/www.rdpemancipation.org\/wp-content\/uploads\/2021\/06\/image-105.png?resize=300%2C167&amp;ssl=1 300w, https:\/\/i0.wp.com\/www.rdpemancipation.org\/wp-content\/uploads\/2021\/06\/image-105.png?resize=768%2C428&amp;ssl=1 768w, https:\/\/i0.wp.com\/www.rdpemancipation.org\/wp-content\/uploads\/2021\/06\/image-105.png?w=1171&amp;ssl=1 1171w\" sizes=\"auto, (max-width: 512px) 100vw, 512px\" \/><\/figure>\n\n\n\n<p><a href=\"https:\/\/blogs.mediapart.fr\/mouais-le-journal-dubitatif\/blog\/140621\/faire-du-journalisme-autrement?utm_source=20210614&amp;utm_medium=email&amp;utm_campaign=QUOTIDIENNE&amp;utm_content=&amp;utm_term=&amp;xtor=EREC-83-[QUOTIDIENNE]-20210614&amp;M_BT=1193768211483\">Faire du journalisme autrement<\/a> (Blog Le Journal Dubitatif-MDP)<\/p>\n\n\n\n<p class=\"has-vivid-red-color has-text-color\"><strong>16 juin<\/strong><\/p>\n\n\n\n<figure class=\"wp-block-image is-resized is-style-default\"><img data-recalc-dims=\"1\" loading=\"lazy\" decoding=\"async\" src=\"https:\/\/i0.wp.com\/static.mediapart.fr\/etmagine\/default\/files\/2021\/06\/15\/cnewslepen.jpg?resize=332%2C457&#038;ssl=1\" alt=\"cnewslepen\" width=\"332\" height=\"457\"\/><\/figure>\n\n\n\n<p><span class=\"has-inline-color has-vivid-red-color\"><strong>\u200b15 Juin<\/strong><\/span><\/p>\n\n\n\n<p><a href=\"https:\/\/www.bastamag.net\/Marche-des-Libertes-contre-l-Extreme-droite-Papacito-Zemmour-Le-Pen-RN-identitaires-survivalistes-menace-securite-interieure\">Face \u00e0 l&rsquo;extr\u00eame droite et \u00e0 sa violence : \u00ab Les r\u00e9ponses viennent avant tout de la soci\u00e9t\u00e9 civile \u00bb<\/a>&nbsp; (Basta&nbsp;!)&nbsp;<\/p>\n\n\n\n<p><a href=\"https:\/\/www.leravi.org\/politique\/elections\/departementales\/le-parti-dextreme-droite-allemand-afd-fait-la-campagne-du-rn-a-arles-pour-les-departementales\/\">Le parti d\u2019extr\u00eame droite allemand AfD fait la campagne du RN \u00e0 Arles pour les d\u00e9partementales<\/a> (Le Ravi)<\/p>\n\n\n\n<p><a href=\"https:\/\/www.middleeasteye.net\/fr\/actu-et-enquetes\/israel-palestine-journalistes-demandent-meilleure-couverture-mediatique-occupation-apartheid\">\u00ab&nbsp;Nous manquons \u00e0 notre devoir&nbsp;\u00bb&nbsp;: journalistes demandent meilleure couverture de l\u2019occupation isra\u00e9lienne<\/a> (MEE)<\/p>\n\n\n\n<p><a href=\"https:\/\/ricochets.cc\/Les-medias-dominants-au-service-militant-de-la-droite-extreme-et-du-capitalisme-Dissymetrie.html\">M\u00e9dias dominants au service de la droite extr\u00eame et du capital- Dissym\u00e9trie des forces m\u00e9diatiques<\/a> (Ricochets)<\/p>\n\n\n\n<figure class=\"wp-block-image size-large is-resized is-style-default\"><img data-recalc-dims=\"1\" loading=\"lazy\" decoding=\"async\" src=\"https:\/\/i0.wp.com\/www.rdpemancipation.org\/wp-content\/uploads\/2021\/06\/image-90.png?resize=484%2C415&#038;ssl=1\" alt=\"\" class=\"wp-image-33260\" width=\"484\" height=\"415\" srcset=\"https:\/\/i0.wp.com\/www.rdpemancipation.org\/wp-content\/uploads\/2021\/06\/image-90.png?w=533&amp;ssl=1 533w, https:\/\/i0.wp.com\/www.rdpemancipation.org\/wp-content\/uploads\/2021\/06\/image-90.png?resize=300%2C257&amp;ssl=1 300w\" sizes=\"auto, (max-width: 484px) 100vw, 484px\" \/><\/figure>\n\n\n\n<p><span class=\"has-inline-color has-vivid-red-color\"><strong>\u200b14 Juin<\/strong><\/span><\/p>\n\n\n\n<p><a href=\"https:\/\/linsoumission.fr\/2021\/06\/14\/medias-75-des-matinales-confisquees-par-des-invites-de-droite\/\">M\u00e9dias : 75% des matinales confisqu\u00e9es par des invit\u00e9s de droite<\/a> (L\u2019Insoumission)<\/p>\n\n\n\n<p><a href=\"https:\/\/www.leravi.org\/social\/alternatives\/classe-verte-de-la-presse-pas-pareille-aux-assises-transnationales-et-intergalactique-de-la-presse-libre-satirique-et-independante\/?utm_source=emailing&amp;utm_medium=mailkitchen&amp;utm_campaign=11.06.21%20News%20du%20samedi%20%3A%20Ce%20qu'il%20ne%20fallait%20pas%20rater%20!\">Classe verte de la presse pas pareille !<\/a> (Le Ravi)<\/p>\n\n\n\n<p><span class=\"has-inline-color has-vivid-red-color\"><strong>11 Juin <\/strong><\/span><\/p>\n\n\n\n<p><a href=\"https:\/\/blogs.mediapart.fr\/geraldholubowicz\/blog\/100621\/comment-vivre-avec-les-deepfakes-questions-de-droit\">Comment vivre avec les deepfakes ? Questions de droit <\/a>-Geraldholubowicz<\/p>\n\n\n\n<p><a href=\"https:\/\/www.mediapart.fr\/journal\/france\/100621\/la-double-galipette-de-drahi-pour-se-delester-de-liberation\">La double galipette de Drahi pour se d\u00e9lester de \u00abLib\u00e9ration\u00bb<\/a> (M\u00e9diapart)<\/p>\n\n\n\n<p><a href=\"https:\/\/www.acrimed.org\/Appel-a-dons-face-au-rouleau-compresseur\">Appel \u00e0 dons : face au rouleau compresseur m\u00e9diatique, soutenez Acrimed !<\/a> (Acrimed)<\/p>\n\n\n\n<figure class=\"wp-block-image is-style-default\"><img decoding=\"async\" src=\"https:\/\/scontent.fhex4-2.fna.fbcdn.net\/v\/t1.6435-9\/197818773_497219758188950_6560620751055814790_n.jpg?_nc_cat=109&amp;ccb=1-3&amp;_nc_sid=730e14&amp;_nc_eui2=AeFeue_D3kHO0mFsJjBmlfJujwQeOaaGm9qPBB45poab2le8IkUyWfU6t4wbYNFDtAM&amp;_nc_ohc=P0TCRHpfnmgAX_nb7LB&amp;_nc_ht=scontent.fhex4-2.fna&amp;oh=c62f6a9b74fd551323da1788cd893f63&amp;oe=60E750DA\" alt=\"Peut \u00eatre une image de 1 personne et texte qui dit \u2019PASCAL BONIFACE LE BATEAU IVRE ROMAN POLITIQUES EXPERTS, MEDIAS OU NOUS ENTRAINENT-ILS? LEPREMI L BONIFACE ARMAND COLIN\u2019\"\/><\/figure>\n\n\n\n<p><span class=\"has-inline-color has-vivid-red-color\"><strong>9 Juin <\/strong><\/span><\/p>\n\n\n\n<figure class=\"wp-block-image is-resized is-style-default\"><img data-recalc-dims=\"1\" loading=\"lazy\" decoding=\"async\" src=\"https:\/\/i0.wp.com\/mamot.fr\/system\/cache\/media_attachments\/files\/106\/348\/165\/564\/653\/224\/original\/70afa703a4a1eca1.png?resize=598%2C289&#038;ssl=1\" alt=\"\" width=\"598\" height=\"289\"\/><\/figure>\n\n\n\n<p><span class=\"has-inline-color has-vivid-red-color\"><strong>8 Juin <\/strong><\/span><\/p>\n\n\n\n<p><a href=\"https:\/\/framablog.org\/2021\/06\/05\/va-te-faire-foutre-twitter-dit-aral-balkan\/\">\u00ab&nbsp;Va te faire foutre, Twitter&nbsp;!&nbsp;\u00bb dit Aral Balkan<\/a> (Framablog)&nbsp;<\/p>\n\n\n\n<figure class=\"wp-block-image is-resized is-style-default\"><img data-recalc-dims=\"1\" loading=\"lazy\" decoding=\"async\" src=\"https:\/\/i0.wp.com\/framablog.org\/wp-content\/uploads\/2021\/06\/fuck_twitter.jpg?resize=432%2C288&#038;ssl=1\" alt=\"&quot;fuck twitter&quot; par mowl.eu, licence CC BY-NC-ND 2.0\" class=\"wp-image-24906\" width=\"432\" height=\"288\"\/><\/figure>\n\n\n\n<p><a href=\"https:\/\/lvsl.fr\/les-medias-la-sphere-publique-et-le-conflit\/\">Les m\u00e9dias, la sph\u00e8re publique et le conflit<\/a> (Le Vent Se L\u00e8ve)<\/p>\n\n\n\n<figure class=\"wp-block-image is-resized is-style-default\"><img loading=\"lazy\" decoding=\"async\" src=\"https:\/\/pbs.twimg.com\/media\/E3TGdHJWUAAnCLg?format=jpg&amp;name=small\" alt=\"Image\" width=\"316\" height=\"306\"\/><\/figure>\n\n\n\n<p><a href=\"https:\/\/ricochets.cc\/Cnews-une-chaine-de-milliardaire-d-extreme-droite-a-vomir-et-a-boycotter.html\">Cnews, une cha\u00eene de milliardaire d&rsquo;extr\u00eame droite, \u00e0 vomir et \u00e0 boycotter<\/a> (Ricochets)<\/p>\n\n\n\n<p><a href=\"https:\/\/newrepublic.com\/article\/162652\/facebook-trump-content-moderation-speech-censorship?utm_term=Autofeed&amp;utm_campaign=EB_TNR&amp;utm_medium=Social&amp;utm_source=Twitter#Echobox=1623038426\">FB aligne en partie contr\u00f4le des publications des politiques sur celui des usagers ordinaire<\/a>s (anglais -New Republic)<\/p>\n\n\n\n<figure class=\"wp-block-image is-resized is-style-default\"><img loading=\"lazy\" decoding=\"async\" src=\"https:\/\/scontent.fhex4-2.fna.fbcdn.net\/v\/t1.6435-0\/s600x600\/196499248_1219356268486839_6051789956555249232_n.png?_nc_cat=110&amp;ccb=1-3&amp;_nc_sid=730e14&amp;_nc_ohc=ujIs9lT-DIMAX8yMwbr&amp;_nc_ht=scontent.fhex4-2.fna&amp;tp=30&amp;oh=8ea2ad0677e9c06c9bc827a1d310bb45&amp;oe=60E5545C\" alt=\"Peut \u00eatre une image de texte qui dit \u2019&quot;Apr\u00e8s s'\u00eatre soustraite \u00e0 l'autorit\u00e9 des rois et des empereurs, apr\u00e8s avoir proclam\u00e9 trois fois sa libert\u00e9, la France s'est soumise \u00e0 des compagnies financi\u00e8res qui disposent des richesses du pays et, par le moyen d'une presse achet\u00e9e, dirigent l'opinion.&quot; Anatole France, 1908\u2019\" width=\"327\" height=\"390\"\/><\/figure>\n\n\n\n<p><span class=\"has-inline-color has-vivid-red-color\"><strong>7 Juin <\/strong><\/span><\/p>\n\n\n\n<p><a href=\"https:\/\/www.acrimed.org\/Filmer-la-misere-du-journalisme-politique\">Filmer la mis\u00e8re du journalisme politique<\/a> (Acrimed)<\/p>\n\n\n\n<p><a href=\"https:\/\/www.acrimed.org\/Manifestation-de-la-police-les-chaines-d-info-co\">Manifestation de la police : les cha\u00eenes d\u2019info co-\u00e9crivent l\u2019histoire avec les syndicats de police<\/a> (Acrimed)<\/p>\n\n\n\n<p><a href=\"https:\/\/fr.myeurop.info\/2021\/06\/02\/le-paysage-diversifie-des-radios-en-europe\/\">Le paysage diversifi\u00e9 des radios en Europe<\/a> (Myeurop.info)<\/p>\n\n\n\n<p><a href=\"https:\/\/info.mediapart.fr\/optiext\/optiextension.dll?ID=bJIbHeDJDzoYHPjP03jffoS3DT09js6H%2BPa9Nlz17la7Lt8rjaSzjF22DGvnjZK_1dZ3jqyKXVuy%2BBvhQVWGekFVM5ozX\">Le Fonds pour une Presse Libre a besoin de vous<\/a> &#8211; FPL<\/p>\n\n\n\n<p><a href=\"https:\/\/www.leravi.org\/medias\/presse-pas-pareille\/le-ravi-doit-encore-trouver-200-abonnes-en-juin-pour-ne-pas-plier-boutique\/\">Le Ravi doit encore trouver 200 abonn\u00e9s en juin pour ne pas plier boutique<\/a> (Le Ravi)<\/p>\n\n\n\n<figure class=\"wp-block-image is-resized is-style-default\"><img loading=\"lazy\" decoding=\"async\" src=\"https:\/\/scontent.fhex4-1.fna.fbcdn.net\/v\/t1.6435-9\/196951278_1218747231881076_4693185025411680524_n.png?_nc_cat=104&amp;ccb=1-3&amp;_nc_sid=730e14&amp;_nc_ohc=WHe5LK2gga4AX8256iR&amp;_nc_ht=scontent.fhex4-1.fna&amp;oh=67ed2bbd128d370d5b96c34751e9c0b4&amp;oe=60E2BC0F\" alt=\"Peut \u00eatre une image de texte qui dit \u2019la presse quand des syndiqu\u00e9s arrachent la chemise d'un patron la presse quand une patronne embauche un tueur \u00e0 gage pour tuer un syndiqu\u00e9\u2019\" width=\"395\" height=\"280\"\/><\/figure>\n\n\n\n<p><span class=\"has-inline-color has-vivid-red-color\"><strong>5 Juin <\/strong><\/span><\/p>\n\n\n\n<p><a href=\"https:\/\/mrmondialisation.org\/imago-le-netflix-dun-monde-en-transition-libre-gratuit-et-sans-publicite\/?fbclid=IwAR33DyYkMM5u67UgL1rC_8REqIEarDfjBPj9cQfFirmJhbcvR9-r97DMKaE\">Imago : le Netflix d\u2019un monde en transition, libre, gratuit et sans publicit\u00e9<\/a> (Mr Mondialisation)<\/p>\n\n\n\n<p><span class=\"has-inline-color has-vivid-red-color\"><strong>2 Juin <\/strong><\/span><\/p>\n\n\n\n<p><a href=\"https:\/\/www.axellemag.be\/pour-un-journalisme-intersectionnel-solidaire\/\">Pour un journalisme intersectionnel, solidaire, qui \u00ab\u00a0transforme les rapports de pouvoir\u00a0\u00bb <\/a>(Axelle Magazine)&nbsp;<\/p>\n\n\n\n<p><a href=\"https:\/\/www.monde-diplomatique.fr\/2021\/06\/HALIMI\/63175\">M\u00e9dias culpa<\/a> -S.&nbsp;H. &amp; P.&nbsp;R.(Le Monde Diplo)<\/p>\n","protected":false},"excerpt":{"rendered":"<p>\u200b30 juin en continu les salari\u00e9s d&rsquo;Europe 1 manifestent contre l&rsquo;entr\u00e9e de Vivendi au conseil d&rsquo;administration (France-Infos) Le journaliste Patrick Cohen, le 30 juin 2021 lors d&rsquo;une manifestation des salari\u00e9s d&rsquo;Europe 1. (ALAIN JOCARD \/ AFP) \u00c0 Paris Match, on n&rsquo;exclut pas la gr\u00e8ve (Arr\u00eat sur images) \u00c0 quoi sert le syndicat des journalistes ? &#8230; <a title=\"Juin &#8211; Medias\" class=\"read-more\" href=\"https:\/\/www.rdpemancipation.org\/?p=31746\" aria-label=\"En savoir plus sur Juin &#8211; Medias\">Lire la suite<\/a><\/p>\n","protected":false},"author":1,"featured_media":0,"comment_status":"closed","ping_status":"closed","sticky":false,"template":"","format":"standard","meta":{"_lmt_disableupdate":"no","_lmt_disable":"no","_jetpack_memberships_contains_paid_content":false,"footnotes":""},"categories":[26],"tags":[],"class_list":["post-31746","post","type-post","status-publish","format-standard","hentry","category-medias"],"modified_by":"jmb","jetpack_featured_media_url":"","jetpack_sharing_enabled":true,"_links":{"self":[{"href":"https:\/\/www.rdpemancipation.org\/index.php?rest_route=\/wp\/v2\/posts\/31746","targetHints":{"allow":["GET"]}}],"collection":[{"href":"https:\/\/www.rdpemancipation.org\/index.php?rest_route=\/wp\/v2\/posts"}],"about":[{"href":"https:\/\/www.rdpemancipation.org\/index.php?rest_route=\/wp\/v2\/types\/post"}],"author":[{"embeddable":true,"href":"https:\/\/www.rdpemancipation.org\/index.php?rest_route=\/wp\/v2\/users\/1"}],"replies":[{"embeddable":true,"href":"https:\/\/www.rdpemancipation.org\/index.php?rest_route=%2Fwp%2Fv2%2Fcomments&post=31746"}],"version-history":[{"count":44,"href":"https:\/\/www.rdpemancipation.org\/index.php?rest_route=\/wp\/v2\/posts\/31746\/revisions"}],"predecessor-version":[{"id":35565,"href":"https:\/\/www.rdpemancipation.org\/index.php?rest_route=\/wp\/v2\/posts\/31746\/revisions\/35565"}],"wp:attachment":[{"href":"https:\/\/www.rdpemancipation.org\/index.php?rest_route=%2Fwp%2Fv2%2Fmedia&parent=31746"}],"wp:term":[{"taxonomy":"category","embeddable":true,"href":"https:\/\/www.rdpemancipation.org\/index.php?rest_route=%2Fwp%2Fv2%2Fcategories&post=31746"},{"taxonomy":"post_tag","embeddable":true,"href":"https:\/\/www.rdpemancipation.org\/index.php?rest_route=%2Fwp%2Fv2%2Ftags&post=31746"}],"curies":[{"name":"wp","href":"https:\/\/api.w.org\/{rel}","templated":true}]}}