{"id":28748,"date":"2021-05-04T18:17:22","date_gmt":"2021-05-04T16:17:22","guid":{"rendered":"https:\/\/www.rdpemancipation.org\/?p=28748"},"modified":"2022-03-25T22:12:52","modified_gmt":"2022-03-25T21:12:52","slug":"service-national-universel","status":"publish","type":"post","link":"https:\/\/www.rdpemancipation.org\/?p=28748","title":{"rendered":"Servile ou Na\u00eff en Uniforme (SNU)"},"content":{"rendered":"\n<h2 class=\"wp-block-heading\" id=\"servile-ou-naif-en-uniforme-snu\"><strong>Servile ou Na\u00eff en Uniforme (SNU)<\/strong><\/h2>\n\n\n\n<p>Dossier organis\u00e9 en deux parties: <strong>1) R\u00e9sistances au jour le jour<\/strong> et <strong>2)<\/strong> <strong>Presse de pr\u00e9f\u00e9ctur<\/strong>e<\/p>\n\n\n\n<p><strong><mark style=\"background-color:rgba(0, 0, 0, 0)\" class=\"has-inline-color has-vivid-red-color\">R\u00e9sistances au jour le jour<\/mark><\/strong> (chrono)<\/p>\n\n\n\n<pre class=\"wp-block-preformatted has-small-font-size\">En cas de r\u00e9\u00e9lection, E. Macron promet que l\u2019Etat financera le permis de conduire sous r\u00e9serve de s\u2019engager dans le Service National Universel (SNU) (<a href=\"https:\/\/www.lavoixdunord.fr\/1156892\/article\/2022-03-23\/permis-de-conduire-un-mauvais-souvenir-pour-emmanuel-macron-qui-veut-aider-les\" target=\"_blank\" rel=\"noreferrer noopener\">source<\/a>)<\/pre>\n\n\n\n<p><a href=\"https:\/\/blogs.mediapart.fr\/jean-marc-b\/blog\/100222\/le-snu-patauge-coulons-le-une-bonne-fois\">Le SNU patauge, coulons-le une bonne fois pour toutes<\/a> -Collectif<\/p>\n\n\n\n<p><a href=\"https:\/\/www.google.com\/url?rct=j&amp;sa=t&amp;url=https:\/\/www.sudouest.fr\/dordogne\/la-colere-des-tuteurs-du-service-national-universel-pas-payes-depuis-juin-comme-en-dordogne-5966751.php&amp;ct=ga&amp;cd=CAEYACoUMTM2NTI5NTExMDg4MjIwMDc2NjEyGmI0YjZjNDgyYWIyMmY4M2Y6Y29tOmZyOlVT&amp;usg=AFQjCNH5rKK2sN2UJDad-vg8fcw7bLjZsQ\">La col\u00e8re des tuteurs du <strong>Service national universel<\/strong>, pas pay\u00e9s depuis juin, comme en Dordogne<\/a> (Sud Ouest)<\/p>\n\n\n\n<p><a href=\"https:\/\/blogs.mediapart.fr\/jean-marc-b\/blog\/140921\/non-blanquer-les-jeunes-ne-veulent-pas-du-snu\">Non Blanquer, les jeunes ne veulent pas du SNU !<\/a><span style=\"font-size: inherit;\">&#8211;&nbsp;<\/span><a style=\"font-size: inherit;\" href=\"https:\/\/blogs.mediapart.fr\/jean-marc-b\">JEAN-MARC B <\/a><\/p>\n\n\n\n<p><a href=\"https:\/\/blogs.mediapart.fr\/j-sivieri\/blog\/090921\/snu-du-gard-la-paye-toujours-en-attente\">SNU du Gard : la paye toujours en attente<\/a>&#8211;&nbsp;<a href=\"https:\/\/blogs.mediapart.fr\/j-sivieri\">J SIVIERI<\/a>&nbsp;<\/p>\n\n\n\n<p><a href=\"https:\/\/blogs.mediapart.fr\/jean-marc-b\/blog\/030821\/snu-terrain-de-chasse-de-l-armee\">SNU: terrain de chasse de l\u2019arm\u00e9e<\/a>&#8211;&nbsp;<a href=\"https:\/\/blogs.mediapart.fr\/jean-marc-b\">J<\/a>EAN-MARC B&nbsp;<\/p>\n\n\n\n<p><a href=\"https:\/\/www.mediapart.fr\/journal\/france\/110721\/alors-que-la-jeunesse-va-mal-macron-et-le-gouvernement-draguent-les-influenceurs\">Alors que la jeunesse va mal, Macron et le gouvernement draguent&#8230; les influenceurs<\/a>&#8211;&nbsp;KHEDIDJA ZEROUALI&nbsp;<\/p>\n\n\n\n<p><a href=\"https:\/\/www.francebleu.fr\/infos\/economie-social\/la-colere-des-salaries-du-service-national-universel-a-belfort-toujours-pas-payes-apres-deux-mois-1630827437?fbclid=IwAR05KMjfSV0zf7R5aFqUOzh7nD6ITlLH1LM8NzXrPqW_Jbz30mcLyHAhUDM\">&nbsp;La col\u00e8re des salari\u00e9s du Service National Universel \u00e0 Belfort, toujours pas pay\u00e9s apr\u00e8s deux mois<\/a> (France Bleu)<\/p>\n\n\n\n<p><a href=\"https:\/\/blogs.mediapart.fr\/jean-marc-b\/blog\/270621\/servile-naif-et-en-uniforme-snu-en-trois-actes-videos\">Servile, Na\u00eff et en Uniforme (SNU) en trois actes <\/a>-vid\u00e9os<a href=\"https:\/\/blogs.mediapart.fr\/jean-marc-b\/blog\/270621\/servile-naif-et-en-uniforme-snu-en-trois-actes-videos\">&nbsp;<\/a><\/p>\n\n\n\n<p><a href=\"https:\/\/blogs.mediapart.fr\/jean-marc-b\/blog\/270621\/chargee-de-la-jeunesse-vend-le-snu-avec-un-crucifix-en-arriere-plan\">Charg\u00e9e de la Jeunesse vend le SNU avec un crucifix en arri\u00e8re-plan<\/a> (RP)<\/p>\n\n\n\n<p><a href=\"https:\/\/blogs.mediapart.fr\/jean-marc-b\/blog\/180521\/les-chefs-detablissement-recrutes-pour-sauver-le-bide-snu\">Les chefs d\u2019\u00e9tablissement recrut\u00e9s pour sauver le bide SNU&nbsp;<\/a>\u2013Jean-Marc B -18 mai 2021<\/p>\n\n\n\n<p><a href=\"https:\/\/blogs.mediapart.fr\/jean-marc-b\/blog\/050521\/des-chefs-militaires-voient-le-snu-comme-arme-de-contre-guerilla-quotidienne\">Des chefs militaires voient le SNU comme arme de \u00ab\u00a0contre-guerilla quotidienne\u00a0\u00bb<\/a>&#8211;&nbsp;<a href=\"https:\/\/blogs.mediapart.fr\/jean-marc-b\">JEAN-MARC B<\/a>&nbsp;&#8211; 5 MAI 2021<\/p>\n\n\n\n<figure class=\"wp-block-image is-resized is-style-default\"><img data-recalc-dims=\"1\" loading=\"lazy\" decoding=\"async\" src=\"https:\/\/i0.wp.com\/static.mediapart.fr\/etmagine\/default\/files\/imageperso\/5ba4729bc2006.jpg?resize=341%2C382&#038;ssl=1\" alt=\"\" width=\"341\" height=\"382\"\/><\/figure>\n\n\n\n<p><a href=\"https:\/\/blogs.mediapart.fr\/jean-marc-b\/blog\/160421\/service-national-universel-snu-patriotisme-air-pur-et-pastilles-de-vichy\">Service National Universel (SNU) : patriotisme, air pur et pastilles de Vichy<\/a> &#8211;&nbsp;JEAN-MARC B&nbsp;&#8211; 16 AVR. 2021 <\/p>\n\n\n\n<p><a href=\"https:\/\/blogs.mediapart.fr\/jean-marc-b\/blog\/120421\/snu-arretons-le-massacre\">SNU: arr\u00eatons le massacre !<\/a>&#8211;&nbsp;JEAN-MARC B&nbsp;&#8211; 12 AVR. 2021<\/p>\n\n\n\n<p><a href=\"https:\/\/blogs.mediapart.fr\/jean-marc-b\/blog\/090421\/non-au-snu-abrogation-du-snu\">NON au SNU&nbsp;! Abrogation du SNU&nbsp;!<\/a>&#8211;&nbsp;<a href=\"https:\/\/blogs.mediapart.fr\/jean-marc-b\">J<\/a>EAN-MARC <a href=\"https:\/\/blogs.mediapart.fr\/jean-marc-b\">B<\/a>&nbsp;&#8211; 9 AVR. 2021<\/p>\n\n\n\n<p><a href=\"https:\/\/blogs.mediapart.fr\/jean-marc-b\/blog\/120121\/le-gouvernement-relance-le-snu\">Le gouvernement relance le SNU&#8230;<\/a>&#8211;&nbsp;JEAN-MARC B&nbsp;&#8211; 12 JANV. 2021<\/p>\n\n\n\n<p><a href=\"https:\/\/blogs.mediapart.fr\/jean-marc-b\/blog\/070820\/contre-le-snu-feuilles-antarctiques\">Contre le SNU -Feuilles Antarctiques<\/a>&#8211; JEAN-MARC B &#8211; 7 AO\u00dbT 2020<\/p>\n\n\n\n<p><a href=\"https:\/\/blogs.mediapart.fr\/jean-marc-b\/blog\/250720\/snu-le-covid-ne-doit-pas-etre-un-pretexte-pour-militariser-la-jeunesse\">SNU : le COVID ne doit pas \u043atre un pr\u0439texte pour militariser la jeunesse !<\/a>&#8211; JEAN-MARC B &#8211; 25 JUIL. 2020<\/p>\n\n\n\n<p><a href=\"https:\/\/blogs.mediapart.fr\/eric-favey\/blog\/130620\/snu-le-mauvais-retour\">SNU : le mauvais retour !<\/a>&#8211; ERIC FAVEY &#8211; 13 JUIN 2020<\/p>\n\n\n\n<p><a href=\"https:\/\/blogs.mediapart.fr\/thibaud-eychenne\/blog\/180420\/imposer-le-service-national-universel-est-un-non-sens\">Imposer le service national universel est un non-sens<\/a> -THIBAUD EYCHENNE &#8211; 18 AVR. 2020<\/p>\n\n\n\n<p><a href=\"https:\/\/blogs.mediapart.fr\/b-girard\/blog\/140420\/acheve-bien-les-vieux-mais-le-snu-bouge-encore\">On ach\u0438ve bien les vieux mais le SNU bouge encore<\/a>&#8211; B. GIRARD &#8211; 14 AVR. 2020<\/p>\n\n\n\n<p><a href=\"https:\/\/blogs.mediapart.fr\/jean-marc-b\/blog\/300320\/jeunes-prenez-garde-vous-dirait-le-snu\">Jeunes, prenez garde \u0430 vous&nbsp;! on dirait le SNU<\/a>&#8211; JEAN-MARC B &#8211; 30 MARS 2020<\/p>\n\n\n\n<p><a href=\"https:\/\/blogs.mediapart.fr\/b-girard\/blog\/060320\/snu-un-rapport-officiel-tres-critique\">SNU: un rapport officiel tr\u00e8s critiqu<\/a>\u00e9- B. GIRARD &#8211; 6 MARS 2020<\/p>\n\n\n\n<p><a href=\"https:\/\/blogs.mediapart.fr\/b-girard\/blog\/200220\/le-vieil-editorialiste-et-le-vieux-marechal\">Le vieil \u00e9ditorialiste et le vieux mar\u00e9chal<\/a> -B. GIRARD &#8211; 20 F\u00c9VR. 2020<\/p>\n\n\n\n<p><a href=\"https:\/\/blogs.mediapart.fr\/jean-marc-b\/blog\/180220\/non-au-snu-outil-de-la-marche-vers-la-dictature\">Non au SNU, outil de la marche vers la dictature<\/a> &#8211; JEAN-MARC B &#8211; 18 F\u00c9VR. 2020<\/p>\n\n\n\n<p><a href=\"https:\/\/blogs.mediapart.fr\/b-girard\/blog\/180220\/non-au-snu-la-petition\">Non au SNU : la p\u00e9tition<\/a> &#8211; B. GIRARD &#8211; 18 F\u00c9VR. 2020<\/p>\n\n\n\n<p><a href=\"https:\/\/blogs.mediapart.fr\/jean-marc-b\/blog\/090220\/snu-des-jeux-de-roles-bacles-dans-des-casernes-improvisees\">SNU&nbsp;: \u00ab des&nbsp;jeux de r\u00f4les b\u0432cl\u00e9s dans des casernes improvis\u00e9es\u00bb<\/a> &#8211; JEAN-MARC B<\/p>\n\n\n\n<p><a href=\"https:\/\/blogs.mediapart.fr\/b-girard\/blog\/060220\/snu-l-education-nationale-et-catholique-sur-le-pied-de-guerre\">SNU : l\u2019\u00e9ducation nationale (et catholique) sur le pied de guerre<\/a> -B. GIRARD &#8211; 6 F\u00c9VR. 2020<\/p>\n\n\n\n<p><a href=\"https:\/\/blogs.mediapart.fr\/philogm\/blog\/050220\/le-service-national-universel-snu-un-affront-pour-la-jeunesse\">Le Service National Universel (SNU) : un affront pour la jeunesse !<\/a>&#8211; PHIL_OGM &#8211; 5 F\u00c9VR. 2020<\/p>\n\n\n\n<p><a href=\"https:\/\/blogs.mediapart.fr\/b-girard\/blog\/020220\/la-caserne-pour-tous-leducation-nationale-finalise-son-projet-snu\">La caserne pour tous: l&rsquo;Education nationale finalise son projet (SNU)<\/a>&#8211; B. GIRARD &#8211; 2 F\u00c9VR. 2020<\/p>\n\n\n\n<p><a href=\"https:\/\/blogs.mediapart.fr\/edition\/les-mots-pieges-du-neoliberalisme\/article\/300120\/rc-94-resistance-la-mise-en-place-du-snu\">RC 94. R\u00e9sistance \u0430 la mise en place du SNU.<\/a>&#8211; MICHEL-LYON &#8211; 30 JANV. 2020<\/p>\n\n\n\n<p><a href=\"https:\/\/blogs.mediapart.fr\/jean-marc-b\/blog\/200120\/snu-full-metal-jacket-comme-ambition-la-7e-compagnie-comme-resultat\">SNU: full metal jacket comme ambition&#8230; la 7e compagnie comme r\u00e9sultat !<\/a>&#8211; JEAN-MARC B &#8211; 20 JANV. 2020<\/p>\n\n\n\n<p><a href=\"https:\/\/blogs.mediapart.fr\/b-girard\/blog\/101219\/le-snu-contre-la-revalorisation-des-profs\">Le SNU contre la revalorisation des profs<\/a>&#8211; B. GIRARD &#8211; 10 D\u00c9C. 2019<\/p>\n\n\n\n<p><a href=\"https:\/\/blogs.mediapart.fr\/b-girard\/blog\/271119\/13-morts-au-mali-leducation-la-defense-nest-pas-innocente\">13 morts au Mali : l&rsquo;\u00e9ducation \u0430 la d\u00e9fense n&rsquo;est pas innocente<\/a>&#8211; B. GIRARD &#8211; 27 NOV. 2019<\/p>\n\n\n\n<p><a href=\"https:\/\/blogs.mediapart.fr\/b-girard\/blog\/121119\/le-snu-contre-les-droits-de-lenfant\">Le SNU contre les droits de l&rsquo;enfant<\/a>&#8211; B. GIRARD &#8211; 12 NOV. 2019<\/p>\n\n\n\n<p><a href=\"https:\/\/blogs.mediapart.fr\/jean-marc-b\/blog\/091019\/campagne-non-au-snu\">Campagne &lsquo;NON au SNU\u00a0\u00bb<\/a>&#8211; JEAN-MARC B &#8211; 9 OCT. 2019<\/p>\n\n\n\n<p><a href=\"https:\/\/blogs.mediapart.fr\/mobge\/blog\/091019\/lancement-du-collectif-contre-le-service-national-universel-non-au-snu\">Lancement du collectif contre le service national universel, \u00ab\u00a0NON AU SNU\u00a0\u00bb<\/a>&#8211; MOBG\u00c9 &#8211; 9 OCT. 2019<\/p>\n\n\n\n<p><a href=\"https:\/\/blogs.mediapart.fr\/rouby-gilles\/blog\/260819\/service-national-universel-decryptage-dune-mesure-emblematique\">Service national universel: d\u00e9cryptage d&rsquo;une mesure embl\u00e9matique<\/a>&#8211; ROUBY GILLES &#8211; 26 AO\u00dbT 2019<\/p>\n\n\n\n<p><a href=\"https:\/\/www.mediapart.fr\/journal\/france\/270719\/le-snu-apprendre-dire-nous-au-garde-vous\">Le SNU: apprendre \u0430 dire nous, au garde-\u0430-vous<\/a> &#8211; IRIS DEROEUX<strong> &#8211;<\/strong> 27 JUIL. 2019<\/p>\n\n\n\n<p><a href=\"https:\/\/blogs.mediapart.fr\/jean-marc-b\/blog\/230719\/snu-macron-achete-des-temoignages-et-prepare-les-matraques\">SNU: Macron ach\u00e8te des t\u00e9moignages et pr\u00e9pare les matraques<\/a> -JEAN-MARC B &#8211; 23 JUIL. 2019<\/p>\n\n\n\n<p><a href=\"https:\/\/blogs.mediapart.fr\/jean-marc-b\/blog\/160719\/main-dans-le-sac-les-macronards-paient-des-youtubeurs-pour-vendre-le-snu\">Main dans le sac: les macronards paient des youtubeurs pour vendre le SNU<\/a>&#8211; JEAN-MARC B &#8211; 16 JUIL. 2019<\/p>\n\n\n\n<p><a href=\"https:\/\/www.mediapart.fr\/journal\/france\/060719\/snu-des-volontaires-maltraites-et-humilies\">SNU: des volontaires maltrait\u00e9s et humili\u00e9s<\/a>&#8211; LA R\u00c9DACTION DE MEDIAPART &#8211; 6 JUIL. 2019<\/p>\n\n\n\n<p><a href=\"https:\/\/blogs.mediapart.fr\/jean-marc-b\/blog\/050719\/snu-discipline-militaire-et-propagande-nationaliste-les-jeunes-se-defendront\">SNU: discipline militaire et propagande nationaliste, les jeunes se d\u00e9fendront<\/a>&#8211; JEAN-MARC B &#8211; 5 JUIL. 2019<\/p>\n\n\n\n<p><a href=\"https:\/\/blogs.mediapart.fr\/b-girard\/blog\/300619\/snu-nous-apprend-lordre-et-la-fierte-detre-francais\">SNU : \u00ab\u00a0on nous apprend l&rsquo;ordre&#8230; et la fiert\u00e9 d&rsquo;\u00eatre fran\u00e7ais\u00a0\u00bb<\/a>&#8211; B. GIRARD &#8211; 30 JUIN 2019<\/p>\n\n\n\n<p><a href=\"https:\/\/www.mediapart.fr\/journal\/france\/240619\/usul-service-national-universel-allons-enfants-de-la-patrie\">Usul. Service national universel: Allons enfants de la Patrie!<\/a> &#8211; R\u00c9MI LIECHTI ET USUL &#8211; 24 JUIN 2019<\/p>\n\n\n\n<p><a href=\"https:\/\/blogs.mediapart.fr\/patrick-cahez\/blog\/210619\/snu-pour-un-droit-familial-lobjection-de-conscience\">SNU : pour un dr<\/a><a href=\"https:\/\/blogs.mediapart.fr\/jean-marc-b\/blog\/090220\/snu-des-jeux-de-roles-bacles-dans-des-casernes-improvisees\">\u0439<\/a>oit familial \u0430 l&rsquo;objection de conscience- PATRICK CAHEZ &#8211; 21 JUIN 2019<\/p>\n\n\n\n<p><a href=\"https:\/\/www.mediapart.fr\/journal\/france\/210619\/le-service-national-universel-un-retour-au-nationalisme-banal\">Le service national universel, \u00abun retour au nationalisme banal\u00bb<\/a> &#8211; FA\u00cfZA ZEROUALA &#8211; 21 JUIN 2019<\/p>\n\n\n\n<p><a href=\"https:\/\/blogs.mediapart.fr\/b-girard\/blog\/190619\/une-marseillaise-obsessionnelle-pour-un-snu-resolument-identitaire\">Une Marseillaise obsessionnelle pour un SNU r\u00e9solument identitaire<\/a> &#8211; B. GIRARD &#8211; 19 JUIN 2019<\/p>\n\n\n\n<p><a href=\"https:\/\/blogs.mediapart.fr\/jean-marc-b\/blog\/190619\/snu-25-jeunes-immobilises-en-plein-soleil-font-un-malaise\">SNU: 25 jeunes immobilis\u00e9s en plein soleil font un malaise<\/a>&#8211; JEAN-MARC B &#8211; 19 JUIN 2019<\/p>\n\n\n\n<p><a href=\"https:\/\/blogs.mediapart.fr\/edition\/les-mots-pieges-du-neoliberalisme\/article\/180619\/83-service-national-universel-snu-en-appui-aux-reformes-blanquer\">Service National Universel SNU en appui aux r\u00e9formes Blanquer<\/a>&#8211; MICHEL-LYON &#8211; 18 JUIN 2019&nbsp;<\/p>\n\n\n\n<p><a href=\"https:\/\/blogs.mediapart.fr\/b-girard\/blog\/170619\/snu-des-lycees-casernes-pour-la-servitude-nationale-universelle\">SNU : des lyc\u00e9es-casernes pour la servitude nationale universelle<\/a>&#8211; B. GIRARD &#8211; 17 JUIN 2019<\/p>\n\n\n\n<p><a href=\"https:\/\/blogs.mediapart.fr\/jean-marc-b\/blog\/160619\/snu-faisons-capoter-ce-projet-dembrigadement-de-la-dictature-en-marche\">SNU: faisons capoter ce projet d&#8217;embrigadement de la dictature en marche<\/a>&#8211; JEAN-MARC B &#8211; 16 JUIN 2019<\/p>\n\n\n\n<p><a href=\"https:\/\/blogs.mediapart.fr\/b-girard\/blog\/090619\/service-national-universel-l-education-populaire-au-garde-vous\">Service national universel : l\u2019\u00e9ducation populaire au garde-\u0430-vous<\/a>&#8211; B. GIRARD &#8211; 9 JUIN 2019<\/p>\n\n\n\n<p><a href=\"https:\/\/blogs.mediapart.fr\/b-girard\/blog\/170419\/dans-une-indifference-quasi-generale-le-snu-poursuit-sa-mise-en-place\">Dans une indiff\u00e9rence quasi-g\u00e9n\u00e9rale, le SNU poursuit sa mise en place.<\/a>&#8211; <a href=\"https:\/\/blogs.mediapart.fr\/b-girard-0\">B. GIRARD<\/a> &#8211; 17 AVR. 2019<\/p>\n\n\n\n<p><a href=\"https:\/\/blogs.mediapart.fr\/b-girard\/blog\/220319\/le-snu-cache-misere-dune-ecole-inegalitaire\">Le SNU, cache-mis\u0438re d&rsquo;une \u0439cole in\u00e9galitaire<\/a><a href=\"https:\/\/blogs.mediapart.fr\/b-girard-0\">B. GIRARD<\/a> &#8211; 22 MARS 2019<\/p>\n\n\n\n<p><a href=\"https:\/\/blogs.mediapart.fr\/jean-marc-b\/blog\/070219\/le-syndicaliste-cheminot-anasse-kazib-clashe-le-bebe-macron-gabriel-attal\">Le syndicaliste cheminot Anasse Kazib clashe le b\u00e9b\u00e9 macron Gabriel Attal<\/a>&#8211; <a href=\"https:\/\/blogs.mediapart.fr\/jean-marc-b\">JEAN-MARC B<\/a> &#8211; 7 F\u00c9VR. 2019<\/p>\n\n\n\n<p><a href=\"https:\/\/blogs.mediapart.fr\/b-girard\/blog\/310119\/service-national-education-la-defense-lecole-piegee-par-larmee\">Service national, \u00e9ducation \u0430 la d\u00e9fense : l&rsquo;\u00e9cole pi\u00e9g\u00e9e par l&rsquo;arm\u00e9e<\/a>&#8211; <a href=\"https:\/\/blogs.mediapart.fr\/b-girard-0\">B. GIRARD<\/a> &#8211; 31 JANV. 2019<\/p>\n\n\n\n<p><a href=\"https:\/\/blogs.mediapart.fr\/b-girard\/blog\/170119\/snu-un-service-militaire-finance-par-leducation-nationale\">SNU : un service militaire financ\u00e9 par l&rsquo;Education nationale<\/a>&#8211; <a href=\"https:\/\/blogs.mediapart.fr\/b-girard-0\">B. GIRARD<\/a> &#8211; 17 JANV. 2019<\/p>\n\n\n\n<p><a href=\"https:\/\/blogs.mediapart.fr\/b-girard\/blog\/211218\/service-national-le-recul-de-blanquer-ne-met-pas-fin-la-menace\">Service national : le recul de Blanquer ne met pas fin \u0430 la menace<\/a>&#8211; <a href=\"https:\/\/blogs.mediapart.fr\/b-girard-0\">B. GIRARD<\/a> &#8211; 21 D\u00c9C. 2018<\/p>\n\n\n\n<p><a href=\"https:\/\/blogs.mediapart.fr\/edition\/le-service-national-universel-face-lurgence-ecologique\/article\/281118\/service-national-universel-la-reponse-dun-syn\">Service national universel : la r\u00e9ponse d&rsquo;un syndicat de salari\u00e9s<\/a>&#8211; MYRIAM ALDERTON &#8211; 28 NOV. 2018<\/p>\n\n\n\n<p><a href=\"https:\/\/blogs.mediapart.fr\/mobge\/blog\/281118\/boycottons-le-service-national-universel\">Boycottons le Service National Universel !<\/a>&#8211; <a href=\"https:\/\/blogs.mediapart.fr\/mobge\">MOBG\u00c9<\/a> &#8211; 28 NOV. 2018<\/p>\n\n\n\n<p><a href=\"https:\/\/blogs.mediapart.fr\/b-girard\/blog\/211118\/service-national-une-consultation-tronquee-malhonnete-qui-ne-convainc-personne\">Service national : une consultation tronqu\u00e9e, malhonn\u00eate, qui ne convainc personne<\/a>&#8211; <a href=\"https:\/\/blogs.mediapart.fr\/b-girard-0\">B. GIRARD<\/a> &#8211; 21 NOV. 2018<\/p>\n\n\n\n<p><a href=\"https:\/\/blogs.mediapart.fr\/b-girard\/blog\/131118\/le-service-national-contre-lennemi-de-linterieur\">Le service national contre l&rsquo;ennemi de l&rsquo;int\u00e9rieur<\/a>&#8211; <a href=\"https:\/\/blogs.mediapart.fr\/b-girard-0\">B. GIRARD<\/a> &#8211; 13 NOV. 2018<\/p>\n\n\n\n<p><a href=\"https:\/\/blogs.mediapart.fr\/b-girard\/blog\/261018\/obligatoire-militarise-et-punitif-le-snu-est-d-abord-une-servitude-militaire\">Obligatoire, militaris\u00e9 et punitif, le SNU est d\u2019abord une servitude militaire<\/a>&#8211; <a href=\"https:\/\/blogs.mediapart.fr\/b-girard-0\">B. GIRARD<\/a> &#8211; 26 OCT. 2018<\/p>\n\n\n\n<p><a href=\"https:\/\/blogs.mediapart.fr\/b-girard\/blog\/161018\/attal-secretaire-detat-au-service-national-sest-deja-bien-servi\">Attal, secr\u00e9taire d&rsquo;\u00e9tat au service national, s&rsquo;est daj\u0430 bien servi<\/a>&#8211; <a href=\"https:\/\/blogs.mediapart.fr\/b-girard-0\">B. GIRARD<\/a> &#8211; 16 OCT. 2018<\/p>\n\n\n\n<p><a href=\"https:\/\/blogs.mediapart.fr\/edition\/le-service-national-universel-face-lurgence-ecologique\/article\/101018\/service-national-universel-une-consultation-e\">Service national universel : une consultation en ligne pour les dupes<\/a>&#8211; <a href=\"https:\/\/blogs.mediapart.fr\/myriam-alderton\">MYRIAM ALDERTON<\/a> &#8211; 10 OCT. 2018<\/p>\n\n\n\n<p><a href=\"https:\/\/blogs.mediapart.fr\/jean-marc-b\/blog\/280918\/service-national-universel-boycottons-le-projet-scelerat-d-embrigadement\">Service national universel: boycottons le projet scalarat d\u2019embrigadement<\/a>&#8211; <a href=\"https:\/\/blogs.mediapart.fr\/jean-marc-b\">JEAN-MARC B<\/a> &#8211; 28 SEPT. 2018<\/p>\n\n\n\n<p><a href=\"https:\/\/blogs.mediapart.fr\/edition\/le-service-national-universel-face-lurgence-ecologique\/article\/270918\/service-national-universel-surveiller-et-soum\">Service national universel : surveiller et soumettre<\/a>&#8211; <a href=\"https:\/\/blogs.mediapart.fr\/b-girard-0\">B. GIRARD<\/a> &#8211; 27 SEPT. 2018<\/p>\n\n\n\n<p><a href=\"https:\/\/blogs.mediapart.fr\/b-girard\/blog\/230918\/service-national-universel-la-ministre-des-armees-me-repond-mais-vise-cote\">Service national universel : la ministre des arm\u00e9es me r\u0439pond&#8230; mais vise \u0430 c\u00f4t\u00e9.<\/a>&#8211; <a href=\"https:\/\/blogs.mediapart.fr\/b-girard-0\">B. GIRARD<\/a> &#8211; 23 SEPT. 2018<\/p>\n\n\n\n<p><a href=\"https:\/\/blogs.mediapart.fr\/b-girard\/blog\/170918\/pour-financer-le-service-national-1800-postes-supprimes-dans-leducation\">Pour financer le service national, 1800 postes supprim\u0439s dans l&rsquo;Education<\/a>&#8211; <a href=\"https:\/\/blogs.mediapart.fr\/b-girard-0\">B. GIRARD<\/a> &#8211; 17 SEPT. 2018<\/p>\n\n\n\n<p><a href=\"https:\/\/blogs.mediapart.fr\/b-girard\/blog\/140918\/service-national-un-projet-qui-vise-les-plus-jeunes-toujours-plus-jeunes\">Service national : un projet qui vise les plus jeunes, toujours plus jeunes&#8230;<\/a>&#8211; <a href=\"https:\/\/blogs.mediapart.fr\/b-girard-0\">B. GIRARD<\/a> &#8211; 14 SEPT. 2018<\/p>\n\n\n\n<p><a href=\"https:\/\/blogs.mediapart.fr\/jean-marc-b\/blog\/300618\/14-organisations-de-jeunesse-sopposent-un-service-national-universel-obligatoire\">14 orgas de jeunesse s&rsquo;opposent au service national universel obligatoire<\/a> &#8211; <a href=\"https:\/\/blogs.mediapart.fr\/jean-marc-b\">JEAN-MARC B<\/a> &#8211; 30 JUIN 2018<\/p>\n\n\n\n<p><a href=\"https:\/\/blogs.mediapart.fr\/b-girard\/blog\/270618\/service-national-internement-obligatoire-confie-leducation-nationale\">Service national: internement obligatoire confi\u0439 \u0430 l&rsquo;Education nationale<\/a>&#8211; <a href=\"https:\/\/blogs.mediapart.fr\/b-girard-0\">B. GIRARD<\/a> &#8211; 27 JUIN 2018<\/p>\n\n\n\n<p><a href=\"https:\/\/blogs.mediapart.fr\/b-girard\/blog\/260218\/les-deputes-et-le-service-national-lecole-en-premiere-ligne\">Les d\u00e9put\u00e9s et le service national : l&rsquo;\u00e9cole en premi\u00e8re ligne<\/a>&#8211; <a href=\"https:\/\/blogs.mediapart.fr\/b-girard-0\">B. GIRARD<\/a> &#8211; 26 F\u00c9VR. 2018<\/p>\n\n\n\n<p><a href=\"https:\/\/www.mediapart.fr\/journal\/france\/130218\/macron-confirme-le-caractere-obligatoire-du-service-national\">Macron confirme le caract\u00e8re obligatoire du service national<\/a> &#8211;<a href=\"https:\/\/www.mediapart.fr\/biographie\/agence-reuters\">AGENCE REUTERS<\/a> &#8211; 13 F\u00c9VR. 2018<\/p>\n\n\n\n<p><mark style=\"background-color:rgba(0, 0, 0, 0)\" class=\"has-inline-color has-vivid-red-color\"><strong>Presse de pr\u00e9f\u00e9ctur<\/strong>e<\/mark> (chrono jusqu&rsquo;\u00e0 sep 2021)<\/p>\n\n\n\n<p><a href=\"https:\/\/www.google.com\/url?rct=j&amp;sa=t&amp;url=https:\/\/www.ouest-france.fr\/bretagne\/languedias-22980\/languedias-une-mission-d-interet-general-pour-decouvrir-la-gendarmerie-09221ac0-0741-11ec-bf6e-db9e57fea747&amp;ct=ga&amp;cd=CAEYACoUMTM1MzA3OTM3MTQwNzA2NTA4NDUyGmI0YjZjNDgyYWIyMmY4M2Y6Y29tOmZyOlVT&amp;usg=AFQjCNEUlJ6NDx2mo95Zi6HE61t1qpG4JA\" target=\"_blank\" rel=\"noreferrer noopener\"><br>Langu\u00e9dias. Une mission d&rsquo;int\u00e9r\u00eat g\u00e9n\u00e9ral pour d\u00e9couvrir la gendarmerie &#8211; Ouest-France<\/a>Ouest-France, 01\/09\/2021<\/p>\n\n\n\n<p><a href=\"https:\/\/www.google.com\/url?rct=j&amp;sa=t&amp;url=https:\/\/www.ladepeche.fr\/2021\/08\/28\/les-cadets-de-la-gendarmerie-voient-loin-9755536.php&amp;ct=ga&amp;cd=CAEYACoUMTQ1MDEzNjI4MDIyNDY5NjQzMjUyGmI0YjZjNDgyYWIyMmY4M2Y6Y29tOmZyOlVT&amp;usg=AFQjCNFU8qmjwxXgZ_KClDN2T77WFdIzrA\" target=\"_blank\" rel=\"noreferrer noopener\">Les cadets de la gendarmerie voient loin &#8211; ladepeche.fr<\/a><a href=\"http:\/\/ladepeche.fr\/\" target=\"_blank\" rel=\"noreferrer noopener\">ladepeche.f<\/a>, 28\/08\/2021<\/p>\n\n\n\n<p><a href=\"https:\/\/www.google.com\/url?rct=j&amp;sa=t&amp;url=https:\/\/www.lamontagne.fr\/orcines-63870\/actualites\/des-adolescents-en-patrouille-au-pied-du-puy-de-dome-avec-la-gendarmerie-nationale_14001657\/&amp;ct=ga&amp;cd=CAEYACoUMTE3Njk1NzA2OTA2Njc5NzEyMzYyGjk4MzcyYmQ4NWE0NjViOTE6Y29tOmZyOlVT&amp;usg=AFQjCNGWuH5VMtQRxkhr1qyEEX4wzYv7HQ\" target=\"_blank\" rel=\"noreferrer noopener\">Des adolescents en patrouille au pied du puy de D\u00f4me avec la gendarmerie&nbsp;<strong>nationale<\/strong>&nbsp;&#8230;<\/a>La Montagne, 26\/08\/2021<\/p>\n\n\n\n<figure class=\"wp-block-table\"><table><tbody><tr><td><\/td><td><a href=\"https:\/\/www.google.com\/url?rct=j&amp;sa=t&amp;url=https:\/\/www.lunion.fr\/id286970\/article\/2021-08-26\/lilou-berteaux-garde-equestre-dhirson-15-ans&amp;ct=ga&amp;cd=CAEYASoUMTE3Njk1NzA2OTA2Njc5NzEyMzYyGjk4MzcyYmQ4NWE0NjViOTE6Y29tOmZyOlVT&amp;usg=AFQjCNEoXXDRKP96uT4AF8mieG1HS0-dew\" target=\"_blank\" rel=\"noreferrer noopener\">Lilou Berteaux, garde \u00e9questre d&rsquo;Hirson \u00e0 15 ans &#8211; L&rsquo;Union<\/a>L&rsquo;Union, 26\/08\/2021<\/td><\/tr><\/tbody><\/table><\/figure>\n\n\n\n<figure class=\"wp-block-table\"><table><tbody><tr><td><\/td><td><a href=\"https:\/\/www.google.com\/url?rct=j&amp;sa=t&amp;url=https:\/\/www.lindependant.fr\/2021\/08\/24\/limoux-top-depart-pour-le-recrutement-des-cadets-de-la-gendarmerie-dans-laude-9748100.php&amp;ct=ga&amp;cd=CAEYASoUMTA4MzI2NTAzNDcxNjkzMjEzNzQyGjk4MzcyYmQ4NWE0NjViOTE6Y29tOmZyOlVT&amp;usg=AFQjCNFnLX2JZTVfzuGY5torOp7TuVojBw\" target=\"_blank\" rel=\"noreferrer noopener\">Limoux : top d\u00e9part pour le recrutement des cadets de la gendarmerie dans l&rsquo;Aude &#8211; L&rsquo;Ind\u00e9pendant<\/a>L&rsquo;Ind\u00e9pendant, 24\/08\/2021<\/td><\/tr><\/tbody><\/table><\/figure>\n\n\n\n<p><a href=\"https:\/\/www.google.com\/url?rct=j&amp;sa=t&amp;url=https:\/\/www.orne.fr\/actualite\/77e-anniversaire-de-la-fin-de-la-bataille-de-normandie-reconnaissance-eternelle-montormel&amp;ct=ga&amp;cd=CAEYAioUMTA4MzI2NTAzNDcxNjkzMjExNzMyGmI0YjZjNDgyYWIyMmY4M2Y6Y29tOmZyOlVT&amp;usg=AFQjCNGMlJS1BEBxB-7ktxfqU2rS0YthRQ\" target=\"_blank\" rel=\"noreferrer noopener\">77e anniversaire de la fin de la Bataille de Normandie &#8211; Reconnaissance \u00e9ternelle \u00e0 &#8230;<\/a>Conseil d\u00e9partemental de l&rsquo;Orne, 23\/08\/2021<\/p>\n\n\n\n<p><a href=\"https:\/\/www.google.com\/url?rct=j&amp;sa=t&amp;url=https:\/\/www.dna.fr\/defense-guerre-conflit\/2021\/08\/20\/service-national-universel-l-engagement-d-anita&amp;ct=ga&amp;cd=CAEYACoTNDk0MzI4Mzc1NjU4ODg3OTg1NzIaYjRiNmM0ODJhYjIyZjgzZjpjb206ZnI6VVM&amp;usg=AFQjCNFGIpXd8fjSUkdBO5RsayO5Nzk3UQ\" target=\"_blank\" rel=\"noreferrer noopener\">Colmar.&nbsp;<strong>Service national universel<\/strong>&nbsp;: l&rsquo;engagement d&rsquo;Anita Bulet &#8211; DNA<\/a>DNA &#8211; Derni\u00e8res Nouvelles d&rsquo;Alsace<\/p>\n\n\n\n<p><a href=\"https:\/\/www.google.com\/url?rct=j&amp;sa=t&amp;url=https:\/\/www.estrepublicain.fr\/culture-loisirs\/2021\/08\/12\/hugo-dedenon-lyceen-aux-quelque-100-000-abonnes-sur-le-reseau-social-tiktok&amp;ct=ga&amp;cd=CAEYASoUMTgzODQ3MjU3NDkxNjcwNDM2NDEyGmI0YjZjNDgyYWIyMmY4M2Y6Y29tOmZyOlVT&amp;usg=AFQjCNEx5XUMwicsO3d6BcQAQm_1oGceWg\" target=\"_blank\" rel=\"noreferrer noopener\">Hugo Dedenon, lyc\u00e9en aux quelque 100 000 abonn\u00e9s sur le r\u00e9seau social TikTok<\/a>Est R\u00e9publicain, 12\/08\/2021<\/p>\n\n\n\n<p><a href=\"https:\/\/www.google.com\/url?rct=j&amp;sa=t&amp;url=https:\/\/www.ouest-france.fr\/bretagne\/plourin-les-morlaix-29600\/rozenn-le-coz-15-ans-stagiaire-a-ker-an-dero-c68ff4ce-1a27-42c6-9fe1-d271cb62283b&amp;ct=ga&amp;cd=CAEYAioUMTgzODQ3MjU3NDkxNjcwNDM2NDEyGmI0YjZjNDgyYWIyMmY4M2Y6Y29tOmZyOlVT&amp;usg=AFQjCNE4lPxnmAXvxC9iHem43v3pY6yymw\" target=\"_blank\" rel=\"noreferrer noopener\">Plourin-l\u00e8s-Morlaix. Rozenn Le Coz, 15 ans, stagiaire \u00e0 Ker an Dero<\/a>Ouest-France, 12\/08\/2021<\/p>\n\n\n\n<figure class=\"wp-block-table\"><table><tbody><tr><td><\/td><td><a href=\"https:\/\/www.google.com\/url?rct=j&amp;sa=t&amp;url=https:\/\/www.leprogres.fr\/defense-guerre-conflit\/2021\/08\/09\/des-jeunes-ont-entretenu-la-stele-du-maquis-des-loges-de-monteux&amp;ct=ga&amp;cd=CAEYACoTNzY4NDEwNzkxNzQyMzA1NjIyMDIaYjRiNmM0ODJhYjIyZjgzZjpjb206ZnI6VVM&amp;usg=AFQjCNHPbq84GSmVILS8-YimiLV64ncM1Q\" target=\"_blank\" rel=\"noreferrer noopener\">Bourg-Argental: des jeunes entretiennent la st\u00e8le du Maquis-des-Loges-de-Monteux cet \u00e9t\u00e9<\/a>Le Progr\u00e8s, 10\/08\/2021<\/td><\/tr><\/tbody><\/table><\/figure>\n\n\n\n<p><a href=\"https:\/\/www.google.com\/url?rct=j&amp;sa=t&amp;url=https:\/\/www.elle.fr\/Societe\/News\/Les-influenceurs-outils-de-com-pour-une-armee-en-manque-de-popularite-3940969&amp;ct=ga&amp;cd=CAEYACoSNjg0Mjk2Nzg0NjE3MDU2Njk2Mho5ODM3MmJkODVhNDY1YjkxOmNvbTpmcjpVUw&amp;usg=AFQjCNED6OxzP4pHUE-pq29qlZlZiETuVA\" target=\"_blank\" rel=\"noreferrer noopener\">Les influenceurs, outils de com pour une arm\u00e9e en manque de popularit\u00e9<\/a>Elle, 30\/07\/2021<\/p>\n\n\n\n<p><a href=\"https:\/\/www.google.com\/url?rct=j&amp;sa=t&amp;url=https:\/\/www.lavoixdunord.fr\/1051401\/article\/2021-07-31\/lesquin-rencontre-avec-nathalie-meyer-commandante-de-la-reserve-citoyenne-de-l&amp;ct=ga&amp;cd=CAEYASoSNjg0Mjk2Nzg0NjE3MDU3NjExMhpiNGI2YzQ4MmFiMjJmODNmOmNvbTpmcjpVUw&amp;usg=AFQjCNF5MQR_YA2m4CP8JFxb5-0w3TW7qA\" target=\"_blank\" rel=\"noreferrer noopener\">\u00c0 Lesquin, rencontre avec Nathalie Meyer, commandante de la r\u00e9serve citoyenne de l&rsquo;arm\u00e9e de terre<\/a>La Voix du Nord 31\/07\/2021<\/p>\n\n\n\n<p><a href=\"https:\/\/www.google.com\/url?rct=j&amp;sa=t&amp;url=https:\/\/www.lejsl.com\/defense-guerre-conflit\/2021\/07\/29\/20-jeunes-bourguignons-decouvrent-les-techniques-de-combat-a-la-bpia-de-gergy&amp;ct=ga&amp;cd=CAEYASoTNjk2MDAwMDQzMjM0NjM2NDYzNTIaYjRiNmM0ODJhYjIyZjgzZjpjb206ZnI6VVM&amp;usg=AFQjCNE9gpARJT9KYQcIZm9pEFWVNMg5Rw\" target=\"_blank\" rel=\"noreferrer noopener\">20 jeunes Bourguignons d\u00e9couvrent les techniques de combat \u00e0 la BPIA de Gergy<\/a>Le JSL, 29\/07\/2021<br><a href=\"https:\/\/www.google.com\/url?rct=j&amp;sa=t&amp;url=https:\/\/www.lejsl.com\/defense-guerre-conflit\/2021\/07\/29\/vingt-jeunes-en-immersion-a-la-bpia-a-gergy&amp;ct=ga&amp;cd=CAEYACoTNjk2MDAwMDQzMjM0NjM2NDYzNTIaYjRiNmM0ODJhYjIyZjgzZjpjb206ZnI6VVM&amp;usg=AFQjCNH-oGk5bxHOvElFFNMDVQmmGuKcjg\" target=\"_blank\" rel=\"noreferrer noopener\">Vingt jeunes en immersion chez les militaires \u00e0 Gergy<\/a>Le JSL 29\/07\/2021<\/p>\n\n\n\n<p><a href=\"https:\/\/www.google.com\/url?rct=j&amp;sa=t&amp;url=https:\/\/www.paris-normandie.fr\/id217104\/article\/2021-07-28\/dieppe-un-jeune-engage-dans-le-service-national-universel-en-renfort-sur-la&amp;ct=ga&amp;cd=CAEYACoUMTgyMTkxOTc3NjI2MzM5MTU4NzMyGmI0YjZjNDgyYWIyMmY4M2Y6Y29tOmZyOlVT&amp;usg=AFQjCNH-GYvkbIRLkKFqfs9VWhB4m8hY9Q\" target=\"_blank\" rel=\"noreferrer noopener\">\u00c0 Dieppe, un jeune engag\u00e9 dans le&nbsp;<strong>Service national universel<\/strong>&nbsp;en renfort sur la plage<\/a>Paris-Normandie, 27\/07\/2021<\/p>\n\n\n\n<p><a href=\"https:\/\/www.google.com\/url?rct=j&amp;sa=t&amp;url=https:\/\/www.lunion.fr\/id279491\/article\/2021-07-28\/voici-tout-ce-quil-faut-savoir-sur-le-centre-du-service-national-et-de-la&amp;ct=ga&amp;cd=CAEYASoUMTgyMTkxOTc3NjI2MzM5MTU4NzMyGmI0YjZjNDgyYWIyMmY4M2Y6Y29tOmZyOlVT&amp;usg=AFQjCNEQXAuHe5IpnO9eTwXKhhXmsJTSDA\" target=\"_blank\" rel=\"noreferrer noopener\">Voici tout ce qu&rsquo;il faut savoir sur le Centre du&nbsp;<strong>service national<\/strong>&nbsp;et de la jeunesse de Ch\u00e2lons<\/a>L&rsquo;Union, 28\/07\/2021<\/p>\n\n\n\n<p><a href=\"https:\/\/www.google.com\/url?rct=j&amp;sa=t&amp;url=https:\/\/www.lavoixdunord.fr\/1048982\/article\/2021-07-26\/la-premiere-promotion-des-cadets-de-la-gendarmerie-du-nord-immergee-dans-l&amp;ct=ga&amp;cd=CAEYASoTNjg3MDg5NjE3OTUwOTY5MDk2MDIaYjRiNmM0ODJhYjIyZjgzZjpjb206ZnI6VVM&amp;usg=AFQjCNH40czV7rELiyLTyx3bAztEdp0h5Q\" target=\"_blank\" rel=\"noreferrer noopener\">La premi\u00e8re promotion des cadets de la gendarmerie du Nord immerg\u00e9e dans l&rsquo;univers des &#8230;<\/a>La Voix du Nord, 26\/07\/2021<\/p>\n\n\n\n<p><a href=\"https:\/\/www.google.com\/url?rct=j&amp;sa=t&amp;url=https:\/\/www.ouest-france.fr\/pays-de-la-loire\/nantes-44000\/nantes-les-cadets-decouvrent-les-metiers-de-la-gendarmerie-25ed1d9c-ebbe-11eb-92f0-c74dbb2b339d&amp;ct=ga&amp;cd=CAEYASoUMTQwMTYwMDIzNjU4NDE5NTYwNDUyGmI0YjZjNDgyYWIyMmY4M2Y6Y29tOmZyOlVT&amp;usg=AFQjCNGLHe4lSTELYTBN6LZwfZypi0t3Jw\" target=\"_blank\" rel=\"noreferrer noopener\">Nantes. Les cadets d\u00e9couvrent les m\u00e9tiers de la gendarmerie<\/a>Ouest-France, 23\/07\/2021<\/p>\n\n\n\n<p><a href=\"https:\/\/www.google.com\/url?rct=j&amp;sa=t&amp;url=https:\/\/www.letelegramme.fr\/morbihan\/quiberon\/a-quiberon-sarah-duclot-recoit-son-diplome-de-service-national-universel-23-07-2021-12796001.php&amp;ct=ga&amp;cd=CAEYACoUMTQwMTYwMDIzNjU4NDE5NTYwNDUyGmI0YjZjNDgyYWIyMmY4M2Y6Y29tOmZyOlVT&amp;usg=AFQjCNEipydfdjwzjN6rc5N7ek5mCD4dsg\" target=\"_blank\" rel=\"noreferrer noopener\">\u00c0 Quiberon, Sarah Duclot re\u00e7oit son dipl\u00f4me de&nbsp;<strong>Service national universel<\/strong><\/a>Le T\u00e9l\u00e9gramme, 23\/07\/2021<\/p>\n\n\n\n<p><a href=\"https:\/\/www.google.com\/url?rct=j&amp;sa=t&amp;url=https:\/\/www.ladepeche.fr\/2021\/07\/22\/service-national-universel-9686127.php&amp;ct=ga&amp;cd=CAEYACoUMTY4OTMyNDM1ODUyNTU2NDIzMDMyGmI0YjZjNDgyYWIyMmY4M2Y6Y29tOmZyOlVT&amp;usg=AFQjCNGV4473a9eNq9PeDUSBOUplkd-hxw\" target=\"_blank\" rel=\"noreferrer noopener\">Bassoues.&nbsp;<strong>Service national universel<\/strong><\/a><a href=\"http:\/\/ladepeche.fr\/\" target=\"_blank\" rel=\"noreferrer noopener\">ladepeche.fr<\/a>&nbsp;22\/07\/2021<\/p>\n\n\n\n<p><a href=\"https:\/\/www.google.com\/url?rct=j&amp;sa=t&amp;url=https:\/\/www.lavoixdunord.fr\/1047239\/article\/2021-07-20\/cantin-deux-jeunes-mis-l-honneur&amp;ct=ga&amp;cd=CAEYACoUMTExOTEwOTQyODEzMDIyNjcxNjIyGmI0YjZjNDgyYWIyMmY4M2Y6Y29tOmZyOlVT&amp;usg=AFQjCNEnLWsWUth_A_-Vax12WE8kKJfENA\" target=\"_blank\" rel=\"noreferrer noopener\">Cantin : deux jeunes mis \u00e0 l&rsquo;honneur<\/a>La Voix du Nord, 20\/07\/2021<\/p>\n\n\n\n<p><a href=\"https:\/\/www.google.com\/url?rct=j&amp;sa=t&amp;url=https:\/\/www.lardennais.fr\/id276607\/article\/2021-07-18\/charleville-mezieres-juliette-porte-drapeau-sous-larc-de-triomphe-pour-le-14&amp;ct=ga&amp;cd=CAEYACoTMzgyMjAwMjI3OTM4MDM0MTU0MzIaYjRiNmM0ODJhYjIyZjgzZjpjb206ZnI6VVM&amp;usg=AFQjCNF9hhgkiQlTYN9Q5ftbxkiYrSFBNQ\" target=\"_blank\" rel=\"noreferrer noopener\">Charleville-M\u00e9zi\u00e8res: Juliette, porte-drapeau sous l&rsquo;Arc-de-Triomphe pour le 14-juillet<\/a>L\u2019Ardennais, 18\/07\/2021<\/p>\n\n\n\n<figure class=\"wp-block-table\"><table><tbody><tr><td><\/td><td><a href=\"https:\/\/www.google.com\/url?rct=j&amp;sa=t&amp;url=https:\/\/www.ladepeche.fr\/2021\/07\/18\/brigade-parachutiste-un-an-pour-former-trente-futurs-marins-9678397.php&amp;ct=ga&amp;cd=CAEYAioUMTA1MDk1OTIwNzIxNDY5ODk1MDMyGmI0YjZjNDgyYWIyMmY4M2Y6Y29tOmZyOlVT&amp;usg=AFQjCNEYlxRnDJ1fDap1KDjmkFJXG7LmLQ\" target=\"_blank\" rel=\"noreferrer noopener\">Balma. Brigade parachutiste : un an pour former trente futurs marins<\/a><a href=\"http:\/\/ladepeche.fr\/\" target=\"_blank\" rel=\"noreferrer noopener\">ladepeche.fr<\/a>&nbsp;18\/07\/2021<\/td><\/tr><\/tbody><\/table><\/figure>\n\n\n\n<p><a href=\"https:\/\/www.google.com\/url?rct=j&amp;sa=t&amp;url=https:\/\/www.ouest-france.fr\/pays-de-la-loire\/angers-49000\/maine-et-loire-pour-le-bien-collectif-ils-pretent-main-forte-a-la-gendarmerie-541aca98-e3b2-11eb-8317-b6757a6d4184&amp;ct=ga&amp;cd=CAEYACoUMTA1MDk1OTIwNzIxNDY5ODk1MDMyGmI0YjZjNDgyYWIyMmY4M2Y6Y29tOmZyOlVT&amp;usg=AFQjCNHCPQU-KQPm0Yeiasadmb5_LHi2Cg\" target=\"_blank\" rel=\"noreferrer noopener\">Maine-et-Loire. Pour le bien collectif, ils pr\u00eatent main-forte \u00e0 la gendarmerie<\/a>Ouest-France, 17\/07\/2021<\/p>\n\n\n\n<p><a href=\"https:\/\/www.google.com\/url?rct=j&amp;sa=t&amp;url=https:\/\/www.ladepeche.fr\/2021\/07\/17\/un-14-juillet-a-nouveau-festif-sous-le-signe-de-la-jeunesse-9676931.php&amp;ct=ga&amp;cd=CAEYAioUMTA1MDk1OTIwNzIxNDY5OTI0NjgyGjk4MzcyYmQ4NWE0NjViOTE6Y29tOmZyOlVT&amp;usg=AFQjCNGxV08UsiU_v7BHS_iXoM5BOMvmaA\" target=\"_blank\" rel=\"noreferrer noopener\">Castelsarrasin. Un 14-Juillet \u00e0 nouveau festif sous le signe de la jeunesse<\/a><a href=\"http:\/\/ladepeche.fr\/\" target=\"_blank\" rel=\"noreferrer noopener\">ladepeche.fr<\/a>&nbsp;17\/07\/2021<\/p>\n\n\n\n<p><a href=\"https:\/\/www.google.com\/url?rct=j&amp;sa=t&amp;url=https:\/\/www.ladepeche.fr\/2021\/07\/17\/du-snu-aux-cadets-de-la-gendarmerie-9676765.php&amp;ct=ga&amp;cd=CAEYAioUMTU3MDI1Nzk4Nzk5NDkwNjYwMTUyGmI0YjZjNDgyYWIyMmY4M2Y6Y29tOmZyOlVT&amp;usg=AFQjCNEUMQAFS6QjxmE2YSpZqvvRTwjWnQ\" target=\"_blank\" rel=\"noreferrer noopener\">Du SNU aux cadets de la Gendarmerie<\/a><a href=\"http:\/\/ladepeche.fr\/\" target=\"_blank\" rel=\"noreferrer noopener\">ladepeche.fr<\/a>&nbsp;17\/07\/2021<\/p>\n\n\n\n<p><a href=\"https:\/\/www.google.com\/url?rct=j&amp;sa=t&amp;url=https:\/\/actu.fr\/ile-de-france\/sourdun_77459\/seine-et-marne-a-sourdun-le-stage-du-service-national-universel-se-cloture-dans-l-emotion_43410619.html&amp;ct=ga&amp;cd=CAEYACoUMTU3MDI1Nzk4Nzk5NDkwNjYwMTUyGmI0YjZjNDgyYWIyMmY4M2Y6Y29tOmZyOlVT&amp;usg=AFQjCNFxUAggXE5T_BDzEIGs5lZ7gu53Dw\" target=\"_blank\" rel=\"noreferrer noopener\">Seine-et-Marne. A Sourdun, le stage du&nbsp;<strong>service national universel<\/strong>&nbsp;se cl\u00f4ture dans l&rsquo;\u00e9motion<\/a><a href=\"http:\/\/actu.fr\/\" target=\"_blank\" rel=\"noreferrer noopener\">actu.fr<\/a>&nbsp;16\/07\/2021<\/p>\n\n\n\n<p><a href=\"https:\/\/www.google.com\/url?rct=j&amp;sa=t&amp;url=https:\/\/www.lunion.fr\/id275699\/article\/2021-07-15\/pargny-sur-saulx-des-habitants-honores-lors-dune-ceremonie-du-14-juillet&amp;ct=ga&amp;cd=CAEYAioUMTU3MDI1Nzk4Nzk5NDkwNjI0NjAyGjk4MzcyYmQ4NWE0NjViOTE6Y29tOmZyOlVT&amp;usg=AFQjCNGFwXijIzSVqB02rb7d6wH5umXDxg\" target=\"_blank\" rel=\"noreferrer noopener\">\u00c0 Pargny-sur-Saulx, des habitants honor\u00e9s lors d&rsquo;une c\u00e9r\u00e9monie du 14 Juillet pluvieuse<\/a>L&rsquo;Union, 15\/07\/2021<\/p>\n\n\n\n<p><a href=\"https:\/\/www.google.com\/url?rct=j&amp;sa=t&amp;url=https:\/\/actu.fr\/societe\/gers-service-national-universel-snu-quel-bilan-pour-le-premier-sejour-de-cohesion-organise-en-gascogne_43456406.html&amp;ct=ga&amp;cd=CAEYACoTMjE5NjUyMjg1OTI2Njg0MzA3OTIaYjRiNmM0ODJhYjIyZjgzZjpjb206ZnI6VVM&amp;usg=AFQjCNELtr-SIcPX9HxWqARfKWBu-yfX7Q\" target=\"_blank\" rel=\"noreferrer noopener\">Gers.&nbsp;<strong>Service National Universel<\/strong>&nbsp;(SNU). Quel bilan pour le premier s\u00e9jour de coh\u00e9sion organis\u00e9 &#8230;<\/a><a href=\"http:\/\/actu.fr\/\" target=\"_blank\" rel=\"noreferrer noopener\">actu.fr<\/a><\/p>\n\n\n\n<p><a href=\"https:\/\/www.google.com\/url?rct=j&amp;sa=t&amp;url=https:\/\/actu.orange.fr\/politique\/videos\/14-juillet-la-presence-de-jeunes-du-service-national-universel-visait-a-montrer-la-priorite-a-la-jeunesse-selon-jean-michel-blanquer-CNT000001CwyGL.html&amp;ct=ga&amp;cd=CAEYACoSMzkyNTUxNTExNTk0NzQ3MzkzMhpiNGI2YzQ4MmFiMjJmODNmOmNvbTpmcjpVUw&amp;usg=AFQjCNHptgbfNTQSPL6QEbblQF2354IFGg\" target=\"_blank\" rel=\"noreferrer noopener\">14-Juillet: la pr\u00e9sence de jeunes du&nbsp;<strong>service national universel<\/strong>&nbsp;visait \u00e0 montrer la \u00ab\u00a0priorit\u00e9 \u00e0 la &#8230;<\/a>Actu Orange, 14\/07\/2021<\/p>\n\n\n\n<figure class=\"wp-block-table\"><table><tbody><tr><td><\/td><td><a href=\"https:\/\/www.google.com\/url?rct=j&amp;sa=t&amp;url=https:\/\/www.ouest-france.fr\/pays-de-la-loire\/joue-sur-erdre-44440\/les-cadets-de-la-defense-reunis-au-lac-de-vioreau-0895cfef-8bb1-4783-9d1a-2368c522538c&amp;ct=ga&amp;cd=CAEYACoUMTE5NTA5Njg2NDQzNzc3MjEwODcyGjk4MzcyYmQ4NWE0NjViOTE6Y29tOmZyOlVT&amp;usg=AFQjCNGPMFxjK2V5f50raqu8NYsvoiU1lA\" target=\"_blank\" rel=\"noreferrer noopener\">Jou\u00e9-sur-Erdre. Les cadets de la D\u00e9fense r\u00e9unis au lac de Vioreau<\/a>Ouest-France, 13\/07\/2021<\/td><\/tr><\/tbody><\/table><\/figure>\n\n\n\n<p><a href=\"https:\/\/www.google.com\/url?rct=j&amp;sa=t&amp;url=https:\/\/www.lavoixdunord.fr\/1044324\/article\/2021-07-13\/lomme-onze-eleves-du-lycee-delaunay-se-sont-investis-dans-le-service-universel&amp;ct=ga&amp;cd=CAEYACoUMTE5NTA5Njg2NDQzNzc3MjI2MzQyGmI0YjZjNDgyYWIyMmY4M2Y6Y29tOmZyOlVT&amp;usg=AFQjCNHfDg8Gj53OQYIn_Y0Qk5LmsSHUyg\" target=\"_blank\" rel=\"noreferrer noopener\">Lomme : onze \u00e9l\u00e8ves du lyc\u00e9e Delaunay se sont investis dans le&nbsp;<strong>service universel<\/strong><\/a>La Voix du Nord, 13\/07\/2021<\/p>\n\n\n\n<p><a href=\"https:\/\/www.google.com\/url?rct=j&amp;sa=t&amp;url=https:\/\/www.letelegramme.fr\/morbihan\/quiberon\/sarah-duclot-effectue-son-service-national-universel-au-sein-de-la-police-municipale-de-quiberon-12-07-2021-12788871.php&amp;ct=ga&amp;cd=CAEYASoUMTQwMzk5MTU3MTI0MzYyMTc2MTgyGmI0YjZjNDgyYWIyMmY4M2Y6Y29tOmZyOlVT&amp;usg=AFQjCNGuXZd7DV_-gF7UqfN7zjpeh-4_ww\" target=\"_blank\" rel=\"noreferrer noopener\">Sarah Duclot effectue son&nbsp;<strong>Service national universel<\/strong>&nbsp;au sein de la police municipale de Quiberon<\/a>Le T\u00e9l\u00e9gramme, 12\/07\/2021<\/p>\n\n\n\n<figure class=\"wp-block-table\"><table><tbody><tr><td><\/td><td><a href=\"https:\/\/www.google.com\/url?rct=j&amp;sa=t&amp;url=https:\/\/www.ladepeche.fr\/2021\/07\/12\/le-service-national-universel-premiere-edition-dans-laude-9666279.php&amp;ct=ga&amp;cd=CAEYACoUMTQwMzk5MTU3MTI0MzYyMTk4MDcyGjk4MzcyYmQ4NWE0NjViOTE6Y29tOmZyOlVT&amp;usg=AFQjCNFMtNZKJG30hsIbwCYdsP8sd1sowQ\" target=\"_blank\" rel=\"noreferrer noopener\">Narbonne. Le&nbsp;<strong>service national universel<\/strong>&nbsp;: premi\u00e8re \u00e9dition \u00e0 Leucate dans l&rsquo;Aude<\/a><a href=\"http:\/\/ladepeche.fr\/\" target=\"_blank\" rel=\"noreferrer noopener\">ladepeche.fr<\/a>&nbsp;12\/07\/2021<\/td><\/tr><\/tbody><\/table><\/figure>\n\n\n\n<figure class=\"wp-block-table\"><table><tbody><tr><td><\/td><td><a href=\"https:\/\/www.google.com\/url?rct=j&amp;sa=t&amp;url=https:\/\/www.ouest-france.fr\/bretagne\/saint-ave-56890\/il-sera-porte-drapeau-a-paris-pour-le-14-juillet-b2025bae-de7f-43c2-9eef-979ac7eea94b&amp;ct=ga&amp;cd=CAEYAioTMzQ3ODUwMjIxMDcyMDU5Nzk5NjIaYjRiNmM0ODJhYjIyZjgzZjpjb206ZnI6VVM&amp;usg=AFQjCNGD6usK6Pq8SubtOHOeVATlG3jR5Q\" target=\"_blank\" rel=\"noreferrer noopener\">Saint-Av\u00e9. Il sera porte-drapeau \u00e0 Paris pour le 14-Juillet<\/a>Ouest-France, 10\/07\/2021<\/td><\/tr><\/tbody><\/table><\/figure>\n\n\n\n<p><a href=\"https:\/\/www.google.com\/url?rct=j&amp;sa=t&amp;url=https:\/\/saint-brieuc.maville.com\/actu\/actudet_-saint-brieuc.-le-souvenir-francais-s-engage-pour-la-jeunesse-_loc-4725525_actu.Htm&amp;ct=ga&amp;cd=CAEYASoTMzQ3ODUwMjIxMDcyMDU5Nzk5NjIaYjRiNmM0ODJhYjIyZjgzZjpjb206ZnI6VVM&amp;usg=AFQjCNFHQJJm6xSQUreNlNTQa9Z3voXoHQ\" target=\"_blank\" rel=\"noreferrer noopener\">Saint-Brieuc. Le Souvenir Fran\u00e7ais s&rsquo;engage pour la jeunesse<\/a><a href=\"http:\/\/maville.com\/\" target=\"_blank\" rel=\"noreferrer noopener\">maville.com<\/a>, 09\/07\/2021<\/p>\n\n\n\n<p><a href=\"https:\/\/www.google.com\/url?rct=j&amp;sa=t&amp;url=https:\/\/www.lamontagne.fr\/bugeat-19170\/actualites\/le-centre-1000-sources-a-accueilli-les-volontaires-au-snu_13981541\/&amp;ct=ga&amp;cd=CAEYACoTMzQ3ODUwMjIxMDcyMDU5Nzk5NjIaYjRiNmM0ODJhYjIyZjgzZjpjb206ZnI6VVM&amp;usg=AFQjCNEc7I3FgTGeUXcQDzwbxAIPxU374Q\" target=\"_blank\" rel=\"noreferrer noopener\">Le centre 1000 sources a accueilli les volontaires au SNU<\/a>La Montagne, 09\/07\/2021<\/p>\n\n\n\n<p><a href=\"https:\/\/www.google.com\/url?rct=j&amp;sa=t&amp;url=https:\/\/www.ouest-france.fr\/normandie\/azeville-50310\/visite-de-la-batterie-dazeville-dans-le-cadre-du-service-national-universel-757ecba1-d3de-4c4e-9510-240466d8d080&amp;ct=ga&amp;cd=CAEYAioTMzQ3ODUwMjIxMDcyMDU5Nzc0OTIaOTgzNzJiZDg1YTQ2NWI5MTpjb206ZnI6VVM&amp;usg=AFQjCNG7XiIvixa7NU-8zwoM0CVX2EQuVg\" target=\"_blank\" rel=\"noreferrer noopener\">Azeville. Visite de la batterie d&rsquo;Azeville dans le cadre du&nbsp;<strong>Service national universel<\/strong><\/a>Ouest-France, 09\/07\/2021<\/p>\n\n\n\n<figure class=\"wp-block-table\"><table><tbody><tr><td><\/td><td><a href=\"https:\/\/www.google.com\/url?rct=j&amp;sa=t&amp;url=https:\/\/www.lardennais.fr\/id273597\/article\/2021-07-08\/villy-des-jeunes-du-service-national-universelsur-les-traces-des-combattants-de&amp;ct=ga&amp;cd=CAEYASoUMTMyNzg3MTY5NjM5OTgzOTAwMzAyGmI0YjZjNDgyYWIyMmY4M2Y6Y29tOmZyOlVT&amp;usg=AFQjCNHXZwM4Kku3l9DQ7ukpRaIAyvrHLQ\" target=\"_blank\" rel=\"noreferrer noopener\">Villy: des jeunes du&nbsp;<strong>service national universel<\/strong>&nbsp;sur les traces des combattants de 1940<\/a>L\u2019Ardennais, 08\/07\/2021<\/td><\/tr><\/tbody><\/table><\/figure>\n\n\n\n<p><a href=\"https:\/\/www.google.com\/url?rct=j&amp;sa=t&amp;url=https:\/\/www.lanouvellerepublique.fr\/deux-sevres\/commune\/sansais\/des-jeunes-en-service-national-universel&amp;ct=ga&amp;cd=CAEYACoUMTMyNzg3MTY5NjM5OTgzOTAwMzAyGmI0YjZjNDgyYWIyMmY4M2Y6Y29tOmZyOlVT&amp;usg=AFQjCNFSFFL2bheRPufs2iE0RMA4zd9cgw\" target=\"_blank\" rel=\"noreferrer noopener\">Des jeunes en&nbsp;<strong>Service national universel<\/strong><\/a>la Nouvelle R\u00e9publique, 06\/07\/2021<\/p>\n\n\n\n<p><a href=\"https:\/\/www.google.com\/url?rct=j&amp;sa=t&amp;url=https:\/\/destimed.fr\/La-Banque-de-France-partie-prenante-du-Service-national-universel&amp;ct=ga&amp;cd=CAEYAioUMTMyNzg3MTY5NjM5OTgzOTAwMzAyGmI0YjZjNDgyYWIyMmY4M2Y6Y29tOmZyOlVT&amp;usg=AFQjCNEdQT49KJzCApFs0J_08yYg6EEWpg\" target=\"_blank\" rel=\"noreferrer noopener\">La Banque de France partie prenante du&nbsp;<strong>Service national universel<\/strong><\/a>DESTIMED (L&rsquo;info des deux rives), 07\/07\/2021<\/p>\n\n\n\n<figure class=\"wp-block-table\"><table><tbody><tr><td><\/td><td><a href=\"https:\/\/www.google.com\/url?rct=j&amp;sa=t&amp;url=https:\/\/www.ipreunion.com\/actualites-reunion\/reportage\/2021\/07\/06\/education-e-769-conomique-budge-769-taire-et-financie-768-re-l-iedom-participe-au-service-national-universel,137758.html&amp;ct=ga&amp;cd=CAEYASoUMTIxMjk2NjM0MTQ5MjczODA0NDAyGjk4MzcyYmQ4NWE0NjViOTE6Y29tOmZyOlVT&amp;usg=AFQjCNHvvHtHLcFaJI3LPJnFnxVboCP0Hw\" target=\"_blank\" rel=\"noreferrer noopener\"><em>L&rsquo;IEDOM participe au&nbsp;<\/em><strong><em>Service national universel<\/em><\/strong><\/a><em>Imaz Press R\u00e9union, 06\/07\/2021<\/em><\/td><\/tr><\/tbody><\/table><\/figure>\n\n\n\n<p><a href=\"https:\/\/www.google.com\/url?rct=j&amp;sa=t&amp;url=https:\/\/la1ere.francetvinfo.fr\/guyane\/cluster-du-snu-l-ars-mene-l-enquete-pour-retrouver-les-cas-contacts-1052878.html&amp;ct=ga&amp;cd=CAEYAioUMTIxMjk2NjM0MTQ5MjczODA0NDAyGjk4MzcyYmQ4NWE0NjViOTE6Y29tOmZyOlVT&amp;usg=AFQjCNEwobYaPa-VdXlpVKakcU9EB6Q7fw\" target=\"_blank\" rel=\"noreferrer noopener\"><em>Cluster du&nbsp;<\/em><strong><em>SNU<\/em><\/strong><em>&nbsp;: l&rsquo;ARS m\u00e8ne l&rsquo;enqu\u00eate pour retrouver les cas contacts<\/em><\/a><em>Guyane 1\u00e8re, 06\/07\/2021<\/em><\/p>\n\n\n\n<p><a href=\"https:\/\/www.google.com\/url?rct=j&amp;sa=t&amp;url=https:\/\/www.ladepeche.fr\/2021\/07\/08\/service-national-universel-les-premiers-volontaires-diplomes-9658198.php&amp;ct=ga&amp;cd=CAEYACoUMTIxMjk2NjM0MTQ5MjczNzg3MTEyGmI0YjZjNDgyYWIyMmY4M2Y6Y29tOmZyOlVT&amp;usg=AFQjCNEDaPCWTXyYMXJfAZY5281_nGj29A\" target=\"_blank\" rel=\"noreferrer noopener\"><em>Najac.&nbsp;<\/em><strong><em>Service national universel<\/em><\/strong><em>&nbsp;: les premiers volontaires dipl\u00f4m\u00e9s<\/em><\/a><a href=\"http:\/\/ladepeche.fr\/\" target=\"_blank\" rel=\"noreferrer noopener\"><\/a><em><a href=\"http:\/\/ladepeche.fr\/\" target=\"_blank\" rel=\"noreferrer noopener\">ladepeche.fr<\/a><\/em><em>&nbsp;08\/07\/2021<\/em><br><a href=\"https:\/\/www.google.com\/url?rct=j&amp;sa=t&amp;url=https:\/\/www.lanouvellerepublique.fr\/deux-sevres\/commune\/prailles-la-couarde\/service-national-universel-en-deux-sevres-des-jeunes-donnent-leur-avis&amp;ct=ga&amp;cd=CAEYASoUMTIxMjk2NjM0MTQ5MjczNzg3MTEyGmI0YjZjNDgyYWIyMmY4M2Y6Y29tOmZyOlVT&amp;usg=AFQjCNEQ387lmW-Bjg2yMsMar3is3aX19g\" target=\"_blank\" rel=\"noreferrer noopener\"><strong><em>Service national universel<\/em><\/strong><em>&nbsp;en Deux-S\u00e8vres : des jeunes donnent leur avis<\/em><\/a><em>la Nouvelle R\u00e9publique, 07\/07\/2021<\/em><\/p>\n\n\n\n<figure class=\"wp-block-table\"><table><tbody><tr><td><\/td><td><a href=\"https:\/\/www.google.com\/url?rct=j&amp;sa=t&amp;url=https:\/\/www.lamontagne.fr\/neuvy-03000\/actualites\/des-volontaires-du-service-national-universel-snu-quittent-lallier-apres-un-sejour-de-cohesion-de-deux-semaines_13978097\/&amp;ct=ga&amp;cd=CAEYACoUMTAzMTU3OTg1OTU3NjQ3MDY3NTcyGjk4MzcyYmQ4NWE0NjViOTE6Y29tOmZyOlVT&amp;usg=AFQjCNGrNg50tDpTG0WUlNiSRtkSelVnzw\" target=\"_blank\" rel=\"noreferrer noopener\">Des volontaires du&nbsp;<strong>Service national universel<\/strong>&nbsp;(<strong>SNU<\/strong>) quittent l&rsquo;Allier apr\u00e8s un s\u00e9jour de coh\u00e9sion &#8230;<\/a>La Montagne, 06\/07\/2021<\/td><\/tr><\/tbody><\/table><\/figure>\n\n\n\n<p><a href=\"https:\/\/www.google.com\/url?rct=j&amp;sa=t&amp;url=https:\/\/www.sudouest.fr\/landes\/video-service-national-universel-snu-dans-les-landes-on-travaille-sur-les-valeurs-de-la-france-4020816.php&amp;ct=ga&amp;cd=CAEYASoUMTAzMTU3OTg1OTU3NjQ3MDY3NTcyGjk4MzcyYmQ4NWE0NjViOTE6Y29tOmZyOlVT&amp;usg=AFQjCNFQdbPPkCnNV2IN3SUCUZ5KvhdOGg\" target=\"_blank\" rel=\"noreferrer noopener\">Vid\u00e9o.&nbsp;<strong>Service national universel<\/strong>&nbsp;(<strong>SNU<\/strong>) dans les Landes : \u00ab On travaille sur les valeurs de la &#8230;<\/a>Sud Ouest, 06\/07\/2021<\/p>\n\n\n\n<p><a href=\"https:\/\/www.google.com\/url?rct=j&amp;sa=t&amp;url=https:\/\/www.leveil.fr\/yssingeaux-43200\/actualites\/un-sejour-de-cohesion-du-service-national-universel-snu-sest-deroule-au-lycee-george-sand_13979833\/&amp;ct=ga&amp;cd=CAEYAioUMTAzMTU3OTg1OTU3NjQ3MDQ0NDYyGmI0YjZjNDgyYWIyMmY4M2Y6Y29tOmZyOlVT&amp;usg=AFQjCNGx6bd27ahmKvLk5zPTQRt8AaYpGQ\" target=\"_blank\" rel=\"noreferrer noopener\">Un s\u00e9jour de coh\u00e9sion du&nbsp;<strong>Service national universel<\/strong>&nbsp;(SNU) s&rsquo;est d\u00e9roul\u00e9 au lyc\u00e9e George-Sand<\/a>L&rsquo;Eveil de la Haute-Loire, 06\/07\/2021<\/p>\n\n\n\n<p><a href=\"https:\/\/www.google.com\/url?rct=j&amp;sa=t&amp;url=https:\/\/www.lavoixdunord.fr\/1039970\/article\/2021-07-04\/parc-d-olhain-ces-jeunes-de-15-17-ans-conquis-par-le-service-national-universel&amp;ct=ga&amp;cd=CAEYACoUMTYyMDgyNjQzNzM0Njc1ODk0MTUyGjk4MzcyYmQ4NWE0NjViOTE6Y29tOmZyOlVT&amp;usg=AFQjCNFVBrQ7nyHPkg13qI_10CDBYxD7Kw\" target=\"_blank\" rel=\"noreferrer noopener\">Parc d&rsquo;Olhain: Ces jeunes, de 15-17 ans, conquis par le&nbsp;<strong>service national universel<\/strong><\/a>La Voix du Nord, 04\/07\/2021<\/p>\n\n\n\n<p><a href=\"https:\/\/www.google.com\/url?rct=j&amp;sa=t&amp;url=https:\/\/www.ouest-france.fr\/normandie\/manche\/service-national-universel-fin-du-sejour-de-cohesion-pour-109-jeunesnormands-dans-la-manche-6502179c-ddab-11eb-bb2f-833793f4a0a4&amp;ct=ga&amp;cd=CAEYACoUMTYyMDgyNjQzNzM0Njc1ODg1MzQyGmI0YjZjNDgyYWIyMmY4M2Y6Y29tOmZyOlVT&amp;usg=AFQjCNGG04Du6003CnRiOtTUtvFzBobs7Q\" target=\"_blank\" rel=\"noreferrer noopener\"><strong>Service national universel<\/strong>&nbsp;: fin du s\u00e9jour de coh\u00e9sion pour 109 jeunesNormands dans la Manche<\/a>Ouest-France<\/p>\n\n\n\n<p><a href=\"https:\/\/www.google.com\/url?rct=j&amp;sa=t&amp;url=https:\/\/www.sudouest.fr\/france\/armee-du-service-militaire-au-service-national-universel-4004430.php&amp;ct=ga&amp;cd=CAEYACoTNDY4ODA0NzY5ODE3OTg1ODQ0MDIaYjRiNmM0ODJhYjIyZjgzZjpjb206ZnI6VVM&amp;usg=AFQjCNHp2XtW88iUc_d8uT-U7cyD5HoZjg\" target=\"_blank\" rel=\"noreferrer noopener\">Arm\u00e9e : du service militaire au&nbsp;<strong>Service national universel<\/strong><\/a>Sud Ouest, 03\/07\/2021<\/p>\n\n\n\n<p><a href=\"https:\/\/www.google.com\/url?rct=j&amp;sa=t&amp;url=https:\/\/actu.fr\/bourgogne-franche-comte\/montmorot_39362\/jura-un-premier-sejour-du-service-national-universel-organise-a-montmorot_43176170.html&amp;ct=ga&amp;cd=CAEYASoTNDY4ODA0NzY5ODE3OTg1ODQ0MDIaYjRiNmM0ODJhYjIyZjgzZjpjb206ZnI6VVM&amp;usg=AFQjCNG90J7_W-I3FKjhdELXmGJaLR863w\" target=\"_blank\" rel=\"noreferrer noopener\">Jura. Un premier s\u00e9jour du&nbsp;<strong>Service national universel<\/strong>&nbsp;organis\u00e9 \u00e0 Montmorot<\/a><a href=\"http:\/\/actu.fr\/\" target=\"_blank\" rel=\"noreferrer noopener\">actu.fr<\/a>&nbsp;03\/07\/2021<\/p>\n\n\n\n<ul class=\"wp-block-list\"><li><a href=\"https:\/\/www.google.com\/url?rct=j&amp;sa=t&amp;url=https:\/\/www.ouest-france.fr\/bretagne\/lannion-22300\/cotes-d-armor-ces-jeunes-engages-dans-le-service-national-universel-9c8622d6-da85-11eb-8e91-8e3e56370321&amp;ct=ga&amp;cd=CAEYASoTMzA5NjIwNDMyODg1NjIyNzU0MzIaOTgzNzJiZDg1YTQ2NWI5MTpjb206ZnI6VVM&amp;usg=AFQjCNFziz6tCpvdV9nv0mGXRHmaJqT4Qg\" target=\"_blank\" rel=\"noreferrer noopener\">C\u00f4tes-d&rsquo;Armor. Ces jeunes engag\u00e9s dans le&nbsp;<strong>Service national universel<\/strong><\/a><\/li><li>Ouest-France, 02\/07\/2021<\/li><\/ul>\n\n\n\n<p><a href=\"https:\/\/www.google.com\/url?rct=j&amp;sa=t&amp;url=https:\/\/www.lavoixdunord.fr\/1039453\/article\/2021-07-02\/morbecque-le-service-national-universel-ce-n-est-pas-que-le-lever-des-couleurs&amp;ct=ga&amp;cd=CAEYAioTNDY4ODA0NzY5ODE3OTg2MDQyOTIaOTgzNzJiZDg1YTQ2NWI5MTpjb206ZnI6VVM&amp;usg=AFQjCNGsbtzuOo2-fLjg-wUnSNZs53bJjA\" target=\"_blank\" rel=\"noreferrer noopener\">Morbecque : \u00ab Le&nbsp;<strong>service national universel<\/strong>, ce n&rsquo;est pas que le lever des couleurs \u00bb<\/a>La Voix du Nord, 02\/07\/2021<\/p>\n\n\n\n<p><a href=\"https:\/\/www.google.com\/url?rct=j&amp;sa=t&amp;url=https:\/\/www.ouest-france.fr\/pays-de-la-loire\/sable-sur-sarthe-72300\/en-images-a-sable-sur-sarthe-le-service-national-universel-ca-cree-des-liens-a743c20a-d99f-11eb-930c-e0f6a8bac66d&amp;ct=ga&amp;cd=CAEYAioTMzA5NjIwNDMyODg1NjIyNzU0MzIaOTgzNzJiZDg1YTQ2NWI5MTpjb206ZnI6VVM&amp;usg=AFQjCNE4gE4F3XjeX0xxYf46h65C0P6h7g\" target=\"_blank\" rel=\"noreferrer noopener\">EN IMAGES. \u00c0 Sabl\u00e9-sur-Sarthe, le&nbsp;<strong>service national universel<\/strong>, \u00ab \u00e7a cr\u00e9e des liens \u00bb<\/a>&nbsp;Ouest-France, 02\/07\/2021<\/p>\n\n\n\n<p><a href=\"https:\/\/www.google.com\/url?rct=j&amp;sa=t&amp;url=https:\/\/www.francebleu.fr\/infos\/societe\/dans-la-loire-1625129210&amp;ct=ga&amp;cd=CAEYACoTMzA5NjIwNDMyODg1NjIyNjEyMDIaYjRiNmM0ODJhYjIyZjgzZjpjb206ZnI6VVM&amp;usg=AFQjCNE3e2I7vMf-82K1F0a4ilDWGQ-BIA\" target=\"_blank\" rel=\"noreferrer noopener\">Loire : le&nbsp;<strong>Service National Universel<\/strong>&nbsp;lanc\u00e9 pour 260 adolescents<\/a>France Bleu, 02\/07\/2021<\/p>\n\n\n\n<p><a href=\"https:\/\/www.google.com\/url?rct=j&amp;sa=t&amp;url=https:\/\/www.ladepeche.fr\/2021\/07\/02\/sejour-de-cohesion-avec-le-service-national-universel-9645996.php&amp;ct=ga&amp;cd=CAEYASoTMzA5NjIwNDMyODg1NjIyNjEyMDIaYjRiNmM0ODJhYjIyZjgzZjpjb206ZnI6VVM&amp;usg=AFQjCNGkGMc2hUmWUpilbT_8H9Y8hi60yg\" target=\"_blank\" rel=\"noreferrer noopener\">Lupiac. S\u00e9jour de coh\u00e9sion avec le&nbsp;<strong>Service national universel<\/strong><\/a><a href=\"http:\/\/ladepeche.fr\/\" target=\"_blank\" rel=\"noreferrer noopener\">  <\/a>Ladepeche.fr&nbsp;02\/07\/2021.<\/p>\n\n\n\n<p><a href=\"https:\/\/www.google.com\/url?rct=j&amp;sa=t&amp;url=https:\/\/www.francebleu.fr\/infos\/societe\/palavas-accueille-de-jeunes-volontaires-pour-le-service-national-universel-1625054321&amp;ct=ga&amp;cd=CAEYACoTMjc2NzM1OTQyMDAzMDM2NzAxNTIaYjRiNmM0ODJhYjIyZjgzZjpjb206ZnI6VVM&amp;usg=AFQjCNGoIP6iLAeQEklfy76T6_81aYWW5A\" target=\"_blank\" rel=\"noreferrer noopener\">De jeunes volontaires r\u00e9unis \u00e0 Palavas pour faire leur&nbsp;<strong>service national universel<\/strong><\/a>France Bleu, 01\/07\/2021<\/p>\n\n\n\n<p><a href=\"https:\/\/www.google.com\/url?rct=j&amp;sa=t&amp;url=https:\/\/lejournaldugers.fr\/article\/49469-des-jeunes-du-service-national-universel-a-lupiac-et-a-bassoues&amp;ct=ga&amp;cd=CAEYAioTMjc2NzM1OTQyMDAzMDM2NTkyODIaOTgzNzJiZDg1YTQ2NWI5MTpjb206ZnI6VVM&amp;usg=AFQjCNHGfaIqJV8dx3BLY9xvCo-zQdZXgA\" target=\"_blank\" rel=\"noreferrer noopener\">Des jeunes du&nbsp;<strong>Service national universel<\/strong>&nbsp;\u00e0 Lupiac et \u00e0 Bassoues<\/a>Le journal du Gers, 30\/06\/2021<\/p>\n\n\n\n<p><a href=\"https:\/\/www.google.com\/url?rct=j&amp;sa=t&amp;url=https:\/\/www.ladepeche.fr\/2021\/07\/01\/service-national-universel-la-jeunesse-engagee-en-sejour-de-cohesion-9643815.php&amp;ct=ga&amp;cd=CAEYASoTMjc2NzM1OTQyMDAzMDM2NzAxNTIaYjRiNmM0ODJhYjIyZjgzZjpjb206ZnI6VVM&amp;usg=AFQjCNGcixJY5F2M4IJYCFHO3_u1tREjrQ\" target=\"_blank\" rel=\"noreferrer noopener\">Narbonne.&nbsp;<strong>Service national universel<\/strong>&nbsp;: la jeunesse \u00ab\u00a0engag\u00e9e\u00a0\u00bb en s\u00e9jour de coh\u00e9sion<\/a><a href=\"http:\/\/ladepeche.fr\/\" target=\"_blank\" rel=\"noreferrer noopener\">ladepeche.fr<\/a>&nbsp;30\/06\/2021<\/p>\n\n\n\n<p><a href=\"https:\/\/www.google.com\/url?rct=j&amp;sa=t&amp;url=https:\/\/www.ouest-france.fr\/politique\/jean-castex\/devant-des-jeunes-du-service-national-universel-jean-castex-salue-les-bons-republicains-3e4bfc32-da5c-11eb-8e91-8e3e56370321&amp;ct=ga&amp;cd=CAEYACoTMzA5NjIwNDMyODg1NjIyNzU0MzIaOTgzNzJiZDg1YTQ2NWI5MTpjb206ZnI6VVM&amp;usg=AFQjCNGhaiKLrKj_24vvthD8ztxTWMRxKA\" target=\"_blank\" rel=\"noreferrer noopener\">Devant des jeunes du&nbsp;<strong>Service national universel<\/strong>, Jean Castex salue les \u00abbons r\u00e9publicains\u00bb<\/a>Ouest-France, 30\/06\/2021<\/p>\n\n\n\n<p><a href=\"https:\/\/www.google.com\/url?rct=j&amp;sa=t&amp;url=https:\/\/www.reussirmavie.net\/Entrepreneuriat-social-les-jeunes-de-plus-en-plus-mobilises_a3197.html&amp;ct=ga&amp;cd=CAEYACoTNjU2MTcxMTQyNDU5MzY0NzEyMDIaYjRiNmM0ODJhYjIyZjgzZjpjb206ZnI6VVM&amp;usg=AFQjCNG-IoLBP6OfPcIT9ng1SsGsJwZpew\">Entrepreneuriat social : les jeunes de plus en plus mobilis\u00e9s<\/a> (reussir ma vie !,14\/06\/2021)<\/p>\n\n\n\n<p><a href=\"https:\/\/www.google.com\/url?rct=j&amp;sa=t&amp;url=https:\/\/www.ouest-france.fr\/normandie\/calvados\/cadets-de-la-gendarmerie-du-calvados-prochaine-promo-etoffee-36854b38-cac7-11eb-ac72-70abdfa83133&amp;ct=ga&amp;cd=CAEYACoTMjE2MDU1Nzg3MzgzNzU0NjE4NzIaYjRiNmM0ODJhYjIyZjgzZjpjb206ZnI6VVM&amp;usg=AFQjCNHeLHAiI7_Apyzc96QlitRnufy3LA\">Cadets de la gendarmerie du Calvados : prochaine promo \u00e9toff\u00e9e<\/a> (Ouest-France, 13\/06\/2021)<\/p>\n\n\n\n<p><a href=\"https:\/\/www.google.com\/url?rct=j&amp;sa=t&amp;url=https:\/\/www.ouest-france.fr\/normandie\/sees-61500\/les-cadets-de-la-gendarmerie-sur-le-terrain-d43ea2ed-61bb-49f6-b3c9-8d48b058e39d&amp;ct=ga&amp;cd=CAEYACoUMTYxNjEyNTcwOTUxOTE4MzY0NjEyGmI0YjZjNDgyYWIyMmY4M2Y6Y29tOmZyOlVT&amp;usg=AFQjCNEFDqo6SRD1-4P3FN0c7tP8zrmRNQ\">S\u00e9es. Les cadets de la gendarmerie sur le terrain<\/a> (Ouest-France, 12\/06\/2021)<\/p>\n\n\n\n<p><a href=\"https:\/\/www.google.com\/url?rct=j&amp;sa=t&amp;url=https:\/\/saint-brieuc.maville.com\/actu\/actudet_-des-valeurs-et-la-nature-pour-donner-un-cap-de-vie-_region-4677818_actu.Htm&amp;ct=ga&amp;cd=CAEYAioUMTYxNjEyNTcwOTUxOTE4MzY0NjEyGmI0YjZjNDgyYWIyMmY4M2Y6Y29tOmZyOlVT&amp;usg=AFQjCNFBwMV_zxKeCIIU0l6qody77dZ3VQ\">Des valeurs et la nature pour donner un cap de vie<\/a>, <a href=\"http:\/\/maville.com\/\">maville.com<\/a> ( Ouest.france, 12\/06\/2021)<\/p>\n\n\n\n<p><a href=\"https:\/\/www.google.com\/url?rct=j&amp;sa=t&amp;url=https:\/\/www.paris-normandie.fr\/id200946\/article\/2021-06-09\/developpement-attractivite-et-rayonnement-vernon-le-campus-de-lespace-est-il-en&amp;ct=ga&amp;cd=CAEYASoUMTY2OTgzNTg5MzYzMDcxODYyODcyGmI0YjZjNDgyYWIyMmY4M2Y6Y29tOmZyOlVT&amp;usg=AFQjCNEVad5md5JgqHAirpXCRRqrkoeJVA\">D\u00e9veloppement, attractivit\u00e9 et rayonnement\u2026 \u00c0 Vernon, le Campus de l&rsquo;Espace est-il en danger ?<\/a> ( Paris-Normandie, 09\/06\/2021)<\/p>\n\n\n\n<p><a href=\"https:\/\/www.google.com\/url?rct=j&amp;sa=t&amp;url=https:\/\/www.leberry.fr\/neuvy-sur-barangeon-18330\/actualites\/service-national-universel-quatre-vingts-encadrants-sont-formes-a-neuvy-sur-barangeon_13964522\/&amp;ct=ga&amp;cd=CAEYACoUMTY2OTgzNTg5MzYzMDcxODYyODcyGmI0YjZjNDgyYWIyMmY4M2Y6Y29tOmZyOlVT&amp;usg=AFQjCNH-mzjvnX8kJlMh8gnKAWCcF-r1Xw\"><strong>Service national universel<\/strong> : quatre-vingts encadrants sont form\u00e9s \u00e0 Neuvy-sur-Barangeon<\/a> ( Le Berry R\u00e9publicain, 09\/06\/2021)<\/p>\n\n\n\n<p><a href=\"https:\/\/www.google.com\/url?rct=j&amp;sa=t&amp;url=https:\/\/www.ouest-france.fr\/pays-de-la-loire\/laval-53000\/en-mayenne-120-jeunes-a-la-journee-armees-jeunesse-632e9786-c6d3-11eb-aa54-e57c5f60c98c&amp;ct=ga&amp;cd=CAEYACoUMTM5Njk3NzA0Nzc5NzAwNTk5OTUyGmI0YjZjNDgyYWIyMmY4M2Y6Y29tOmZyOlVT&amp;usg=AFQjCNFnpw6Nmv0MvwfM44Cc9ZGQk1TQ5g\">En Mayenne. 120 jeunes \u00e0 la journ\u00e9e arm\u00e9es-jeunesse<\/a> ( Ouest-France, 07\/06\/2021)<\/p>\n\n\n\n<p><a href=\"https:\/\/www.google.com\/url?rct=j&amp;sa=t&amp;url=https:\/\/www.info-chalon.com\/articles\/\/2021\/06\/05\/50104\/service-national-universel-snu-convention-cadre-etat-et-association-nationale-des-membres-de-l-onm\/&amp;ct=ga&amp;cd=CAEYACoTOTk3MTk0MzEyOTE5NTcwMzYyMTIaYjRiNmM0ODJhYjIyZjgzZjpjb206ZnI6VVM&amp;usg=AFQjCNEkhmP93cdjys7H6BJXvONqlOjt1A\"><strong>Service National Universel<\/strong> (SNU) &#8211; Convention-cadre Etat et Association nationale des membres &#8230;<\/a> ( <a href=\"http:\/\/Info-chalon.com\">Info-chalon.com<\/a>, 05\/06\/2021)<\/p>\n\n\n\n<p><a href=\"https:\/\/www.google.com\/url?rct=j&amp;sa=t&amp;url=https:\/\/www.ladepeche.fr\/2021\/06\/02\/le-lycee-de-larrouza-va-accueillir-des-eleves-en-snu-9580708.php&amp;ct=ga&amp;cd=CAEYACoTODM4NzA3MTc3MDc3OTQ1NTM4MjIaOTgzNzJiZDg1YTQ2NWI5MTpjb206ZnI6VVM&amp;usg=AFQjCNGJLOddFp2Q60p9vtgXe_4LJElsQA\">Le lyc\u00e9e de l&rsquo;Arrouza va accueillir des \u00e9l\u00e8ves en SNU<\/a>( La d\u00e9p\u00eache, 02\/06\/2021)<\/p>\n\n\n\n<p><a href=\"https:\/\/www.google.com\/url?rct=j&amp;sa=t&amp;url=https:\/\/actu.fr\/normandie\/vernon_27681\/elections-regionales-en-normandie-laurent-bonnaterre-visite-le-campus-de-l-espace-a-vernon_42545874.html&amp;ct=ga&amp;cd=CAEYACoUMTE2Njk3NzQ5ODQxNDY5OTY2NjkyGmI0YjZjNDgyYWIyMmY4M2Y6Y29tOmZyOlVT&amp;usg=AFQjCNH1OVu01YSEcIz-MBCEJ3EPrBkyew\">\u00c9lections r\u00e9gionales en Normandie. Laurent Bonnaterre visite Le Campus de l&rsquo;espace \u00e0 Vernon<\/a> ( <a href=\"http:\/\/Actu.fr\">Actu.fr<\/a>, 10\/06\/2021)<\/p>\n\n\n\n<p><a href=\"https:\/\/www.google.com\/url?rct=j&amp;sa=t&amp;url=https:\/\/www.nrpyrenees.fr\/2021\/06\/01\/la-cite-scolaire-rene-billeres-labelisee-internat-dexcellence-9578684.php&amp;ct=ga&amp;cd=CAEYACoUMTg0MDU0MTk3ODkwNzAwNzYxNTQyGjk4MzcyYmQ4NWE0NjViOTE6Y29tOmZyOlVT&amp;usg=AFQjCNFbKsnDz8kRTGQ0E3MYAOQBo908aw\">La cit\u00e9 scolaire Ren\u00e9-Bill\u00e8res lab\u00e9lis\u00e9e \u00ab\u00a0Internat d&rsquo;excellence\u00a0\u00bb<\/a> ( La Nouvelle R\u00e9publique, 01\/06\/2021)<\/p>\n\n\n\n<p><a href=\"https:\/\/www.google.com\/url?rct=j&amp;sa=t&amp;url=https:\/\/www.france24.com\/fr\/info-en-continu\/20210530-r%25C3%25A9gionales-genevi%25C3%25A8ve-darrieussecq-ministre-centriste-et-couleur-locale&amp;ct=ga&amp;cd=CAEYACoUMTQ0MzQzNzUxNzA1MDY3ODk0OTEyGmI0YjZjNDgyYWIyMmY4M2Y6Y29tOmZyOlVT&amp;usg=AFQjCNFKOxAcj0LkpWlmJR77FGhJ0zRJ2w\">R\u00e9gionales: Genevi\u00e8ve Darrieussecq, ministre centriste et couleur locale<\/a> (FRANCE 24, 30\/05\/2021)<\/p>\n\n\n\n<p><a href=\"https:\/\/www.google.com\/url?rct=j&amp;sa=t&amp;url=https:\/\/www.larepubliquedespyrenees.fr\/2021\/05\/27\/le-service-national-universel-bientot-sur-les-rails-dans-le-64,2822344.php&amp;ct=ga&amp;cd=CAEYACoUMTExODc4ODMwODIzMjA2NDI4NjQyGjk4MzcyYmQ4NWE0NjViOTE6Y29tOmZyOlVT&amp;usg=AFQjCNFcjCpFQ-QB7iYJl1owttcZXHuPOA\">Le <strong>service national universel<\/strong> bient\u00f4t sur les rails dans le 64<\/a> ( La R\u00e9publique des Pyr\u00e9n\u00e9es, 28\/05\/2021)<\/p>\n\n\n\n<p><a href=\"https:\/\/www.google.com\/url?rct=j&amp;sa=t&amp;url=https:\/\/outremers360.com\/bassin-pacifique-appli\/nouvelle-caledonie-la-base-navale-de-noumea-remporte-le-1er-prix-du-jury-armees-jeunesse-2021&amp;ct=ga&amp;cd=CAEYAioUMTExODc4ODMwODIzMjA2NDQ2MzUyGmI0YjZjNDgyYWIyMmY4M2Y6Y29tOmZyOlVT&amp;usg=AFQjCNHBqcD_v2il5EomZopvF5YASH8VLA\">Nouvelle-Cal\u00e9donie : La base navale de Noum\u00e9a remporte le 1er prix du Jury Arm\u00e9es Jeunesse &#8230;<\/a> (Outremers360, 28\/05\/2021)<\/p>\n\n\n\n<p><a href=\"https:\/\/www.google.com\/url?rct=j&amp;sa=t&amp;url=https:\/\/www.francebleu.fr\/emissions\/le-zoom-de-la-redaction\/pays-d-auvergne\/clermont-ferrand-effectuer-son-service-civique-au-sein-du-centre-du-service-national-de-la-jeunesse&amp;ct=ga&amp;cd=CAEYACoTNzU2NTg2NTM3MDU3MzcyOTUwOTIaYjRiNmM0ODJhYjIyZjgzZjpjb206ZnI6VVM&amp;usg=AFQjCNHMf4MsnLnFw07h8x8_WBOyuVsTFQ\">Clermont-Ferrand : effectuer son <strong>service<\/strong> civique au sein du Centre du <strong>Service National<\/strong> de la &#8230;<\/a> (France Bleu, 25\/05\/2021)<\/p>\n\n\n\n<p><a href=\"https:\/\/www.google.com\/url?rct=j&amp;sa=t&amp;url=https:\/\/www.ouest-france.fr\/reflexion\/editorial\/le-president-les-jeunes-et-2022-2ddcf7fa-bbf0-11eb-9fb2-9f5bfee83631&amp;ct=ga&amp;cd=CAEYASoTNzU2NTg2NTM3MDU3MzcyOTUwOTIaYjRiNmM0ODJhYjIyZjgzZjpjb206ZnI6VVM&amp;usg=AFQjCNEECaSn0lKebEHxOsDN8MOaiYccrw\">Le Pr\u00e9sident, les jeunes\u2026 et 2022<\/a> (Ouest-France, 24\/05\/2021)<\/p>\n\n\n\n<p><a href=\"https:\/\/www.google.com\/url?rct=j&amp;sa=t&amp;url=https:\/\/www.lamontagne.fr\/dompierre-sur-besbre-03290\/actualites\/journee-defense-et-memoire-a-louis-pergaud_13956837\/&amp;ct=ga&amp;cd=CAEYACoTODcyMDU1NDg1MTgwMTY2MDAwNTIaOTgzNzJiZDg1YTQ2NWI5MTpjb206ZnI6VVM&amp;usg=AFQjCNGRH4K-_tiCsTp4G1TfA9pvUIpQjw\">\u00ab Journ\u00e9e d\u00e9fense et m\u00e9moire \u00bb \u00e0 Louis-Pergaud<\/a>, La Montagne, 23\/05\/2021<\/p>\n\n\n\n<p><a href=\"https:\/\/www.google.com\/url?rct=j&amp;sa=t&amp;url=https:\/\/www.hebdo-ardeche.fr\/actualite-11252-je-veux-projeter-cette-region-sur-30-ans&amp;ct=ga&amp;cd=CAEYASoTODcyMDU1NDg1MTgwMTY2MDQwNjIaYjRiNmM0ODJhYjIyZjgzZjpjb206ZnI6VVM&amp;usg=AFQjCNHoR8QG9sjniCjdoQufqRabq-S4BQ\">Elections r\u00e9gionales &#8211; \u00ab Je veux projeter cette r\u00e9gion sur 30 ans \u00bb<\/a> (Hebdo de l&rsquo;Ard\u00e8che, 22\/05\/2021<\/p>\n\n\n\n<p><a href=\"https:\/\/www.google.com\/url?rct=j&amp;sa=t&amp;url=https:\/\/www.sudouest.fr\/dordogne\/lalinde\/lalinde-une-journee-detente-pour-des-jeunes-issus-du-service-national-universel-2624519.php&amp;ct=ga&amp;cd=CAEYACoTMTUyMDA2NjQ5NzU5NDkxNDA0ODIaYjRiNmM0ODJhYjIyZjgzZjpjb206ZnI6VVM&amp;usg=AFQjCNE1vXLxta6yYV-SulFlR3_mJ9DQOw\">Lalinde : une journ\u00e9e d\u00e9tente pour des jeunes issus du service national universel<\/a> (Sud Ouest, 11\/05\/2021)<\/p>\n\n\n\n<p><a href=\"https:\/\/www.google.com\/url?rct=j&amp;sa=t&amp;url=https:\/\/www.leveil.fr\/yssingeaux-43200\/actualites\/un-rendez-vous-du-service-national-universel-a-george-sand_13952392\/&amp;ct=ga&amp;cd=CAEYACoTNDgyMjg3MDYyODczMzk0OTA0ODIaYjRiNmM0ODJhYjIyZjgzZjpjb206ZnI6VVM&amp;usg=AFQjCNF2yTTyKaAO_YY6Q7NV1lJU1yPchg\">Un rendez-vous du service national universel \u00e0 George-Sand<\/a> (L&rsquo;Eveil de la Haute-Loire, 13\/05\/2021)<\/p>\n\n\n\n<p><a href=\"https:\/\/www.google.com\/url?rct=j&amp;sa=t&amp;url=https:\/\/www.lindicateurdesflandres.fr\/115490\/article\/2021-05-15\/morbecque-la-base-du-parc-va-une-nouvelle-fois-accueillir-les-jeunes-du-service&amp;ct=ga&amp;cd=CAEYACoTMjIyODc4NDA0NzUzNTA1MDY5OTIaYjRiNmM0ODJhYjIyZjgzZjpjb206ZnI6VVM&amp;usg=AFQjCNHK9s3eGjw23WovhnA3JEuqKb4Obg\">Morbecque : la Base du Parc va une nouvelle fois accueillir les jeunes du Service national universel<\/a> (L\u2019Indicateur des Flandres, 10\/04\/2021)<\/p>\n\n\n\n<p><a href=\"https:\/\/www.google.com\/url?rct=j&amp;sa=t&amp;url=https:\/\/www.lavoixdunord.fr\/997986\/article\/2021-05-05\/les-volontaires-du-service-national-universel-de-retour-morbecque-cet-ete&amp;ct=ga&amp;cd=CAEYACoUMTMwMDUzNTE5MTgzNTQ3ODIzNzIyGmI0YjZjNDgyYWIyMmY4M2Y6Y29tOmZyOlVT&amp;usg=AFQjCNGNUdwlyM3r001gQNNL40siJekodw\">Les volontaires du Service national universel de retour \u00e0 Morbecque cet \u00e9t\u00e9<\/a>, (La Voix du Nord, 07\/05\/2021)<\/p>\n\n\n\n<p><a href=\"https:\/\/www.google.com\/url?rct=j&amp;sa=t&amp;url=https:\/\/www.objectifgard.com\/2021\/05\/05\/direct-video-bonsoir-le-gard-avec-le-colonel-didier-ressayre-du-groupement-des-gendarmes-du-gard-et-nos-debatteurs\/&amp;ct=ga&amp;cd=CAEYAioUMTMwMDUzNTE5MTgzNTQ3ODIzNzIyGmI0YjZjNDgyYWIyMmY4M2Y6Y29tOmZyOlVT&amp;usg=AFQjCNHoggSZhcEfnulQcdDx1ugpezb7qw\">DIRECT VID\u00c9O Bonsoir le Gard avec le colonel Didier Ressayre, du groupement des gendarmes &#8230;<\/a> (Objectif Gard, 07\/05\/2021)<\/p>\n\n\n\n<p><a href=\"https:\/\/www.google.com\/url?rct=j&amp;sa=t&amp;url=https:\/\/www.ouest-france.fr\/normandie\/colombelles-14460\/les-jeunes-du-snu-en-mission-prevention-e4919ef1-a41b-4078-9c0d-bdcdf137b011&amp;ct=ga&amp;cd=CAEYASoUMTMwMDUzNTE5MTgzNTQ3ODI5NzkyGjk4MzcyYmQ4NWE0NjViOTE6Y29tOmZyOlVT&amp;usg=AFQjCNGpJcKShGaE8Es2dVSjuw-H02Mekw\">Colombelles. Les jeunes du SNU en mission pr\u00e9vention<\/a>&nbsp; (Ouest-France, 07\/05\/2021)<\/p>\n\n\n\n<p><a href=\"https:\/\/www.google.com\/url?rct=j&amp;sa=t&amp;url=https:\/\/www.publicsenat.fr\/article\/societe\/jeunesse-25-000-jeunes-participeront-au-service-national-universel-cet-ete-188935&amp;ct=ga&amp;cd=CAEYACoTNTk1MjIzMDk0MjExNzM5MDY1MjIaYjRiNmM0ODJhYjIyZjgzZjpjb206ZnI6VVM&amp;usg=AFQjCNGT7QPIBWWAeMGyDk52PjZ4rCWOaw\">Jeunesse : 25 000 jeunes participeront au Service national universel cet \u00e9t\u00e9<\/a> ( Public S\u00e9nat, 06\/05\/2021)<\/p>\n\n\n\n<p><a href=\"https:\/\/www.google.com\/url?rct=j&amp;sa=t&amp;url=https:\/\/www.ouest-france.fr\/societe\/service-national-universel\/le-service-national-universel-se-remet-en-marche-avec-25-0000-jeunes-accueillis-cet-ete-0490379e-acf1-11eb-bcfd-058885220c6f&amp;ct=ga&amp;cd=CAEYACoTNTk1MjIzMDk0MjExNzM4OTAyMTIaOTgzNzJiZDg1YTQ2NWI5MTpjb206ZnI6VVM&amp;usg=AFQjCNG4tOmXhB-wkEgXvPOHhKZfwbTFTg\">Le Service national universel se remet en marche avec 25 0000 jeunes accueillis cet \u00e9t\u00e9<\/a> (Ouest-France, 06\/05\/2021)<\/p>\n\n\n\n<p><a href=\"https:\/\/www.google.com\/url?rct=j&amp;sa=t&amp;url=https:\/\/www.lavoixdunord.fr\/996240\/article\/2021-05-03\/bavay-augustin-degraeve-en-visio-avec-gabriel-attal-et-sarah-elhairy-pour-vanter&amp;ct=ga&amp;cd=CAEYASoTOTUwMDcyMzg0NTM5OTA3OTM1OTIaYjRiNmM0ODJhYjIyZjgzZjpjb206ZnI6VVM&amp;usg=AFQjCNGUyBi5hd4JX463DsBCmsVc8y21Ww\">Bavay : Augustin Degraeve, en visio avec Gabriel Attal et Sarah El Hairy, pour vanter le SNU<\/a> (La Voix du Nord, 04\/05\/2021)<\/p>\n\n\n\n<p><a href=\"https:\/\/www.google.com\/url?rct=j&amp;sa=t&amp;url=https:\/\/www.lacommere43.fr\/yssingeaux-les-sucs\/item\/38020-yssingeaux-250-jeunes-attendus-cet-ete-au-lycee-agricole-pour-le-service-national-universel.html&amp;ct=ga&amp;cd=CAEYACoTOTUwMDcyMzg0NTM5OTA3OTM1OTIaYjRiNmM0ODJhYjIyZjgzZjpjb206ZnI6VVM&amp;usg=AFQjCNFwY5HGf_E-X-a_7sdbhyJPMElDvQ\">Yssingeaux : 250 jeunes attendus cet \u00e9t\u00e9 au lyc\u00e9e agricole pour le Service national universel<\/a> (La Comm\u00e8re 43, 04\/05\/2021)<\/p>\n\n\n\n<p><a href=\"https:\/\/www.google.com\/url?rct=j&amp;sa=t&amp;url=https:\/\/www.ladepeche.fr\/2021\/05\/03\/des-lyceens-en-visioconference-avec-la-secretaire-detat-9522669.php&amp;ct=ga&amp;cd=CAEYACoTOTUwMDcyMzg0NTM5OTA3OTk3NjIaOTgzNzJiZDg1YTQ2NWI5MTpjb206ZnI6VVM&amp;usg=AFQjCNGt9590E80BOAV0KyFPNy8ybdGJpw\">Bagn\u00e8res-de-Bigorre. Des lyc\u00e9ens en visioconf\u00e9rence avec la secr\u00e9taire d&rsquo;\u00c9tat<\/a> ( <a href=\"http:\/\/ladepeche.fr\">ladepeche.fr<\/a>, 04\/05\/2021)<\/p>\n\n\n\n<p><a href=\"https:\/\/www.google.com\/url?rct=j&amp;sa=t&amp;url=https:\/\/www.leprogres.fr\/politique\/2021\/05\/02\/a-saint-symphorien-coise-la-secretaire-d-etat-mobilise-les-lyceens&amp;ct=ga&amp;cd=CAEYACoUMTEzOTYxNzkyMjA0Njg4NDM1NjYyGmI0YjZjNDgyYWIyMmY4M2Y6Y29tOmZyOlVT&amp;usg=AFQjCNFelE_tpVF73Op3B7pfYGTlfWUiXw\">A Saint-Symphorien-sur-Coise, la secr\u00e9taire d&rsquo;Etat mobilise les lyc\u00e9ens<\/a> ( Le Progr\u00e8s, 03\/05\/2021)<\/p>\n\n\n\n<p><a href=\"https:\/\/www.google.com\/url?rct=j&amp;sa=t&amp;url=https:\/\/www.nouvellesduweb.com\/societe\/cest-surtout-pour-avoir-des-valeurs-communes-le-gouvernement-veut-relancer-le-service-national-universel\/&amp;ct=ga&amp;cd=CAEYACoUMTY2ODEzNTg0MDA0MDQ4ODI5MjAyGmI0YjZjNDgyYWIyMmY4M2Y6Y29tOmZyOlVT&amp;usg=AFQjCNHEDBJbAfebzX-ug18PhOoVxhhqLQ\">\u201cC&rsquo;est surtout pour avoir des valeurs communes\u201d : le gouvernement veut relancer le Service &#8230;<\/a><\/p>\n\n\n\n<p>nouvellesduweb<\/p>\n\n\n\n<p><a href=\"https:\/\/www.google.com\/url?rct=j&amp;sa=t&amp;url=https:\/\/www.infos-dijon.com\/news\/bourgogne-franche-comte\/bourgogne-franche-comte\/service-national-universel-sarah-el-hairy-annonce-l-operation-snu-h-24.html&amp;ct=ga&amp;cd=CAEYACoUMTY2ODEzNTg0MDA0MDQ4ODI2NjMyGjk4MzcyYmQ4NWE0NjViOTE6Y29tOmZyOlVT&amp;usg=AFQjCNH6EcnJHP9uXt4U63Ucao_w2NzZbQ\">Sarah El Ha\u00efry annonce l&rsquo;op\u00e9ration SNU-H-24<\/a> ( Info Dijon, 02\/05\/2021)<\/p>\n\n\n\n<p><a href=\"https:\/\/www.google.com\/url?rct=j&amp;sa=t&amp;url=https:\/\/www.francetvinfo.fr\/societe\/education\/service-national-universel\/c-est-surtout-pour-avoir-des-valeurs-communes-le-gouvernement-veut-relancer-le-service-national-universel_4604591.html&amp;ct=ga&amp;cd=CAEYACoTNTkxODQxMjg2NDU4NzY4MzExOTIaYjRiNmM0ODJhYjIyZjgzZjpjb206ZnI6VVM&amp;usg=AFQjCNGHZRkWNeITyBJb9VklirUB_Y0kHQ\">\u00ab\u00a0C&rsquo;est surtout pour avoir des valeurs communes\u00a0\u00bb : le gouvernement veut relancer le Service &#8230;<\/a> (Franceinfo, 01\/05\/2021)<\/p>\n\n\n\n<p><a href=\"https:\/\/www.google.com\/url?rct=j&amp;sa=t&amp;url=https:\/\/actu.fr\/normandie\/deauville_14220\/service-national-universel-a-deauville-les-lyceens-de-maurois-discutent-avec-la-secretaire-d-etat-de-la-jeunesse_41482554.html&amp;ct=ga&amp;cd=CAEYASoTNTkxODQxMjg2NDU4NzY4MzExOTIaYjRiNmM0ODJhYjIyZjgzZjpjb206ZnI6VVM&amp;usg=AFQjCNHaOlCu2Gt9dK05VGHYy33Vm5rb8A\">A Deauville, les lyc\u00e9ens de Maurois discutent avec la secr\u00e9taire d&rsquo;\u00c9tat &#8230;<\/a> ( <a href=\"http:\/\/acte.fr\">acte.fr<\/a>, 01\/05\/2021)<\/p>\n\n\n\n<p><a href=\"https:\/\/www.google.com\/url?rct=j&amp;sa=t&amp;url=https:\/\/www.la-croix.com\/Famille\/25-000-jeunes-participeront-cette-annee-SNU-2021-04-30-1201153435&amp;ct=ga&amp;cd=CAEYACoTNTkxODQxMjg2NDU4NzY4NTY2MjIaOTgzNzJiZDg1YTQ2NWI5MTpjb206ZnI6VVM&amp;usg=AFQjCNFI1pzqOfy7yvPuYoLDk1OrKQpYXA\">25 000 jeunes participeront cette ann\u00e9e au SNU<\/a> (La Croix, 01\/05\/2021)<\/p>\n\n\n\n<p><a href=\"https:\/\/www.google.com\/url?rct=j&amp;sa=t&amp;url=http:\/\/www.hauteprovenceinfo.com\/article-34484-le-service-national-universel-pour-s-investir.html&amp;ct=ga&amp;cd=CAEYACoUMTYxNjQ1MTMzNDUyMDUzNjA4NzIyGmI0YjZjNDgyYWIyMmY4M2Y6Y29tOmZyOlVT&amp;usg=AFQjCNFHbEvrd3bAaMQ2yGlI6hXdcLaL8g\">Le Service National Universel pour s&rsquo;investir<\/a> (Haute-Provence Info, 30\/04\/2021)<\/p>\n\n\n\n<p><a href=\"https:\/\/www.google.com\/url?rct=j&amp;sa=t&amp;url=https:\/\/actu.fr\/pays-de-la-loire\/sable-sur-sarthe_72264\/sable-sur-sarthe-seul-centre-d-accueil-en-sarthe-du-service-national-universel_41418605.html&amp;ct=ga&amp;cd=CAEYASoUMTE2MzQwNjYwODY0NDgyMjU5MjMyGmI0YjZjNDgyYWIyMmY4M2Y6Y29tOmZyOlVT&amp;usg=AFQjCNHBMCqeQ0o6EKEcjWfwh3yWBCZYmg\">Sabl\u00e9-sur-Sarthe seul centre d&rsquo;accueil en Sarthe du Service National Universel<\/a> ( Actu.fr, 30\/04\/2021)<\/p>\n\n\n\n<p><a href=\"https:\/\/www.google.com\/url?rct=j&amp;sa=t&amp;url=https:\/\/www.letelegramme.fr\/cotes-darmor\/guingamp\/au-lycee-pavie-de-guingamp-en-avant-le-service-national-universel-29-04-2021-12742665.php&amp;ct=ga&amp;cd=CAEYACoUMTE2MzQwNjYwODY0NDgyMjU5MjMyGmI0YjZjNDgyYWIyMmY4M2Y6Y29tOmZyOlVT&amp;usg=AFQjCNHl5MGCtP_Sk9jH5VURLC4dVsMTUw\">Au lyc\u00e9e Pavie de Guingamp, en avant le service national universel !<\/a>( Le T\u00e9l\u00e9gramme, 30\/04\/2021)<\/p>\n\n\n\n<p><a href=\"https:\/\/www.google.com\/url?rct=j&amp;sa=t&amp;url=https:\/\/actu.fr\/nouvelle-aquitaine\/savignac_33508\/gironde-margaux-tancrez-de-castets-et-castillon-en-mission-citoyenne-a-la-mairie-de-savignac_41429614.html&amp;ct=ga&amp;cd=CAEYAioUMTE2MzQwNjYwODY0NDgyMjQ3OTAyGjk4MzcyYmQ4NWE0NjViOTE6Y29tOmZyOlVT&amp;usg=AFQjCNGpptBfhML_gCQG5Wl4cGVDuZ9Jfw\">Gironde. Margaux Tancrez, de Castets-et-Castillon, en mission citoyenne \u00e0 la mairie de Savignac<\/a> (Actu.fr, 30\/04\/2021<\/p>\n\n\n\n<p><a href=\"https:\/\/www.google.com\/url?rct=j&amp;sa=t&amp;url=https:\/\/www.ouest-france.fr\/bretagne\/guingamp-22200\/guingamp-une-secretaire-d-etat-avec-des-eleves-du-lycee-auguste-pavie-04c9308c-a821-11eb-b152-ab3b087a49aa&amp;ct=ga&amp;cd=CAEYAioUMTYxNjQ1MTMzNDUyMDUzNjA4NzIyGmI0YjZjNDgyYWIyMmY4M2Y6Y29tOmZyOlVT&amp;usg=AFQjCNH9SBKMQd5-8IYzajbIlwpCty45Uw\">Guingamp. Une secr\u00e9taire d&rsquo;\u00c9tat avec des \u00e9l\u00e8ves du lyc\u00e9e Auguste-Pavie<\/a> (Ouest-France, 29\/04\/2021)<\/p>\n\n\n\n<p><a href=\"https:\/\/www.google.com\/url?rct=j&amp;sa=t&amp;url=https:\/\/www.ouest-france.fr\/bretagne\/questembert-56230\/marie-fait-son-service-a-la-police-municipale-c27219f5-f291-41c2-94c9-a65360afe204&amp;ct=ga&amp;cd=CAEYASoUMTYxNjQ1MTMzNDUyMDUzNjA4NzIyGmI0YjZjNDgyYWIyMmY4M2Y6Y29tOmZyOlVT&amp;usg=AFQjCNGCh-ZzMhtAEup8-VJIcMvMLloYOA\">Questembert. Marie fait son service \u00e0 la police municipale<\/a> ( Ouest-France, 29\/04\/2021)<\/p>\n\n\n\n<p><a href=\"https:\/\/www.google.com\/url?rct=j&amp;sa=t&amp;url=http:\/\/www.hauteprovenceinfo.com\/article-34484-le-service-national-universel-pour-s-investir.html&amp;ct=ga&amp;cd=CAEYACoUMTYxNjQ1MTMzNDUyMDUzNjA4NzIyGmI0YjZjNDgyYWIyMmY4M2Y6Y29tOmZyOlVT&amp;usg=AFQjCNFHbEvrd3bAaMQ2yGlI6hXdcLaL8g\">Le Service National Universel pour s&rsquo;investir<\/a> ( Haute-Provence Info, 29\/04\/2021)<\/p>\n\n\n\n<p><a href=\"https:\/\/www.google.com\/url?rct=j&amp;sa=t&amp;url=https:\/\/www.lavoixdelain.fr\/actualite-44138-les-cadets-de-la-gendarmerie-recrutent-15-jeunes-de-16-a-18-ans&amp;ct=ga&amp;cd=CAEYAioTNTYyODI3NTAxMzM5MjU3MzAwNzIaYjRiNmM0ODJhYjIyZjgzZjpjb206ZnI6VVM&amp;usg=AFQjCNETkPHj_cWF__DE-bdeX4-7hAhRdA\">Les cadets de la gendarmerie recrutent 15 jeunes de 16 \u00e0 18 ans<\/a> ( La Voix de l&rsquo;Ain, 27\/04\/2021)<\/p>\n\n\n\n<p><a href=\"https:\/\/www.google.com\/url?rct=j&amp;sa=t&amp;url=https:\/\/www.ouest-france.fr\/pays-de-la-loire\/venansault-85190\/candice-et-elina-ont-fait-leur-service-national-universel-eef8ada6-998e-420d-a47d-6165a3f75210&amp;ct=ga&amp;cd=CAEYASoTNTYyODI3NTAxMzM5MjU3MzAwNzIaYjRiNmM0ODJhYjIyZjgzZjpjb206ZnI6VVM&amp;usg=AFQjCNHm1B6RaF_TvrxK0P-lTPbHh2kBWw\">Venansault. Candice et \u00c9lina ont fait leur service national universel<\/a> ( Ouest-France, 27\/04\/2021)<\/p>\n\n\n\n<p><a href=\"https:\/\/www.google.com\/url?rct=j&amp;sa=t&amp;url=https:\/\/www.sudouest.fr\/gironde\/savignac\/savignac-la-commune-a-accueilli-sa-premiere-volontaire-au-service-national-universel-2248309.php&amp;ct=ga&amp;cd=CAEYACoTNTYyODI3NTAxMzM5MjU3MzAwNzIaYjRiNmM0ODJhYjIyZjgzZjpjb206ZnI6VVM&amp;usg=AFQjCNGvFVhlAmsQpG4-cl9LfEMh6EIElg\">Savignac : la commune a accueilli sa premi\u00e8re volontaire au Service national universel<\/a> ( Sud Ouest, 27\/04\/2021)<\/p>\n\n\n\n<p><a href=\"https:\/\/www.google.com\/url?rct=j&amp;sa=t&amp;url=https:\/\/www.midilibre.fr\/2021\/04\/23\/sarah-el-hairy-devant-13-jeunes-a-midi-libre-ne-pas-chanter-la-marseillaise-ca-me-questionne-9504331.php&amp;ct=ga&amp;cd=CAEYASoUMTI4NTc5MDg3MDUyMDc2MTY5ODIyGmI0YjZjNDgyYWIyMmY4M2Y6Y29tOmZyOlVT&amp;usg=AFQjCNHuHL-qWW0wP8Nu3O4hDnYmiPYVwA\">Sarah El Ha\u00efry devant 13 jeunes \u00e0 Midi Libre : \u00ab\u00a0Ne pas chanter La Marseillaise, \u00e7a me questionne\u00a0\u00bb<\/a> (Midi Libre, 24\/04\/2021)<\/p>\n\n\n\n<p><a href=\"https:\/\/www.google.com\/url?rct=j&amp;sa=t&amp;url=https:\/\/www.lavoixdunord.fr\/988646\/article\/2021-04-22\/le-cateau-cambresis-des-produits-de-premiere-necessite-pour-les-victimes-de&amp;ct=ga&amp;cd=CAEYAioUMTI4NTc5MDg3MDUyMDc2MTY5ODIyGmI0YjZjNDgyYWIyMmY4M2Y6Y29tOmZyOlVT&amp;usg=AFQjCNHMGJYxRgN9sK2jo135eqGPprx90Q\">Le Cateau-Cambr\u00e9sis: des produits de premi\u00e8re n\u00e9cessit\u00e9 pour les victimes de violences &#8230;<\/a> (La Voix du Nord, 24\/04\/2021)<\/p>\n\n\n\n<p><a href=\"https:\/\/www.google.com\/url?rct=j&amp;sa=t&amp;url=https:\/\/www.ouest-france.fr\/bretagne\/la-roche-jaudy-22450\/un-service-national-universel-pour-les-16-17-ans-4e742dbf-8628-4556-9f63-adabf48b6513&amp;ct=ga&amp;cd=CAEYACoUMTI4NTc5MDg3MDUyMDc2MTY5ODIyGmI0YjZjNDgyYWIyMmY4M2Y6Y29tOmZyOlVT&amp;usg=AFQjCNEHXWNcL8nzMoZONI93MBvJtE7Otw\">La Roche-Jaudy. Un service national universel pour les 16-17 ans<\/a> ( Ouest-France, 24\/04\/2021 )<\/p>\n\n\n\n<p><a href=\"https:\/\/www.google.com\/url?rct=j&amp;sa=t&amp;url=https:\/\/www.objectifgard.com\/2021\/04\/22\/fait-du-jour-la-secretaire-detat-sarah-el-hairy-a-nimes-on-veut-reunir-les-jeunes-entre-15-et-17-ans-partout-dans-le-pays\/&amp;ct=ga&amp;cd=CAEYACoUMTI2ODA0OTgwMzA4OTUwNDY0NDEyGmI0YjZjNDgyYWIyMmY4M2Y6Y29tOmZyOlVT&amp;usg=AFQjCNF49PoneRHsmr8sRnefTEaVukzmcA\">La secr\u00e9taire d&rsquo;\u00c9tat Sarah El Ha\u00efry \u00e0 N\u00eemes : \u00ab On veut r\u00e9unir les jeunes entre 15 et &#8230;<\/a> (Objectif Gard, 23\/04\/2021)<\/p>\n\n\n\n<p><a href=\"https:\/\/www.google.com\/url?rct=j&amp;sa=t&amp;url=https:\/\/lejournaldugers.fr\/article\/48093-laide-dun-jeune-en-snu&amp;ct=ga&amp;cd=CAEYASoTNzIxODg2ODQ2OTk5NDY4NTU5NzIaYjRiNmM0ODJhYjIyZjgzZjpjb206ZnI6VVM&amp;usg=AFQjCNF_vVyloQvcVVKCUUc4tVqMyEnwpQ\">L&rsquo;aide d&rsquo;un jeune en SNU<\/a> (Le journal du Gers, 22\/04\/2021)<\/p>\n\n\n\n<p><a href=\"https:\/\/www.google.com\/url?rct=j&amp;sa=t&amp;url=https:\/\/www.letelegramme.fr\/cotes-darmor\/la-roche-jaudy\/la-roche-jaudy-accueillera-230-volontaires-du-nouveau-service-national-universel-21-04-2021-12738569.php&amp;ct=ga&amp;cd=CAEYACoTNzIxODg2ODQ2OTk5NDY4NTU5NzIaYjRiNmM0ODJhYjIyZjgzZjpjb206ZnI6VVM&amp;usg=AFQjCNFfh0DJqzby9SRuR-bFmv-V6OCn5g\">La Roche-Jaudy accueillera 230 volontaires du nouveau service national universel<\/a> ( Le T\u00e9l\u00e9gramme, 22\/04\/2021)<\/p>\n\n\n\n<p><a href=\"https:\/\/www.google.com\/url?rct=j&amp;sa=t&amp;url=https:\/\/actu.fr\/societe\/lot-en-2021-la-delegation-militaire-departementale-poursuit-ses-interventions-avec-ses-partenaires_41037198.html&amp;ct=ga&amp;cd=CAEYASoUMTA0NTk3NDUyNjAzMzU2Mjg5MzgyGmI0YjZjNDgyYWIyMmY4M2Y6Y29tOmZyOlVT&amp;usg=AFQjCNFiN3QCqE-yWkDZe6v1WNJ2cIH2JA\">Lot. En 2021, la D\u00e9l\u00e9gation Militaire D\u00e9partementale poursuit ses interventions avec ses partenaires<\/a> ( <a href=\"http:\/\/acte.fr\">acte.fr<\/a>, 19\/04\/2021)<\/p>\n\n\n\n<p><a href=\"https:\/\/www.google.com\/url?rct=j&amp;sa=t&amp;url=https:\/\/www.leprogres.fr\/societe\/2021\/04\/18\/service-national-universel-200-jeunes-de-la-region-reunis-cet-ete-a-yssingeaux&amp;ct=ga&amp;cd=CAEYACoUMTA0NTk3NDUyNjAzMzU2Mjg5MzgyGmI0YjZjNDgyYWIyMmY4M2Y6Y29tOmZyOlVT&amp;usg=AFQjCNG9IT1zLSox_6ZP6IomqNxflOpObg\">Service national universel : 200 jeunes de la r\u00e9gion r\u00e9unis cet \u00e9t\u00e9 \u00e0 Yssingeaux<\/a> (Le Progr\u00e8s, 19\/04\/2021)<\/p>\n\n\n\n<p><a href=\"https:\/\/www.google.com\/url?rct=j&amp;sa=t&amp;url=https:\/\/actu.fr\/pays-de-la-loire\/chateaubriant_44036\/chateaubriant-les-jeunes-de-15-a-17-ans-pourront-faire-leur-service-national-universel-a-la-mairie_41141159.html&amp;ct=ga&amp;cd=CAEYASoTMjM2OTI3MjExNjMwMzQ5MTgwNjIaYjRiNmM0ODJhYjIyZjgzZjpjb206ZnI6VVM&amp;usg=AFQjCNHnX9wC6bAqfn4nDNYLeSKVYbit8Q\">Ch\u00e2teaubriant : les jeunes de 15 \u00e0 17 ans pourront faire leur service national universel \u00e0 la mairie<\/a> ( <a href=\"http:\/\/acte.fr\">acte.fr<\/a>, 18\/04\/2021)<\/p>\n\n\n\n<p><a href=\"https:\/\/www.google.com\/url?rct=j&amp;sa=t&amp;url=https:\/\/www.estrepublicain.fr\/faits-divers-justice\/2021\/04\/18\/les-cadets-de-la-gendarmerie-sensibilisent-aux-violences-conjugales-et-intrafamiliales&amp;ct=ga&amp;cd=CAEYAioTMjM2OTI3MjExNjMwMzQ5MTgwNjIaYjRiNmM0ODJhYjIyZjgzZjpjb206ZnI6VVM&amp;usg=AFQjCNGrvuAquFgNa9jN8pQmsazOkfjsmQ\">Les cadets de la gendarmerie sensibilisent aux violences conjugales et intrafamiliales<\/a> (Est R\u00e9publicain, 18\/04\/2021)<\/p>\n\n\n\n<p><a href=\"https:\/\/www.google.com\/url?rct=j&amp;sa=t&amp;url=https:\/\/www.ouest-france.fr\/normandie\/caen-14000\/visite-de-jean-castex-a-caen-centre-de-loisirs-soyez-prets-pour-cet-ete-e80a5c26-9eb3-11eb-a30e-60ec4e2f4b96&amp;ct=ga&amp;cd=CAEYAioTMjM2OTI3MjExNjMwMzQ5NDg5NzIaOTgzNzJiZDg1YTQ2NWI5MTpjb206ZnI6VVM&amp;usg=AFQjCNFLt6jIpE8onxaxeD2cWA7GBOWZ6Q\">Visite du Premier ministre Jean Castex \u00e0 Caen. Centre de loisirs : \u00ab Soyez pr\u00eats pour cet \u00e9t\u00e9 \u00bb<\/a> ( Ouest France, 18\/04\/2021)<\/p>\n\n\n\n<p><a href=\"https:\/\/www.google.com\/url?rct=j&amp;sa=t&amp;url=https:\/\/www.ouest-france.fr\/societe\/service-national-universel\/service-national-universel-25-000-jeunes-attendus-des-cet-ete-a524db30-9dfe-11eb-80e4-39079062300e&amp;ct=ga&amp;cd=CAEYACoTMjM2OTI3MjExNjMwMzQ5MTgwNjIaYjRiNmM0ODJhYjIyZjgzZjpjb206ZnI6VVM&amp;usg=AFQjCNH9u9HzUVkGk5O5D93nSE7Dnmwi4g\">Service national universel : 25 000 jeunes attendus d\u00e8s cet \u00e9t\u00e9<\/a> ( Ouest-France, 18\/04\/2021)<\/p>\n\n\n\n<p><a href=\"https:\/\/www.google.com\/url?rct=j&amp;sa=t&amp;url=https:\/\/rcf.fr\/actualite\/le-service-national-universel-jean-benoit-monin-directeur-du-centre-snu&amp;ct=ga&amp;cd=CAEYASoTNzE2NjgzNDMxNDk1NzU2MzY2MTIaYjRiNmM0ODJhYjIyZjgzZjpjb206ZnI6VVM&amp;usg=AFQjCNHav32Iix_jHrlCcQuRZdOcPRzZhg\">Le service national universel, Jean Beno\u00eet Monin, directeur du centre SNU<\/a> (RCF, 17\/04\/2021)<\/p>\n\n\n\n<p><a href=\"https:\/\/www.google.com\/url?rct=j&amp;sa=t&amp;url=https:\/\/lejournaldugers.fr\/article\/48021-le-sdis32-accueille-8-jeunes-du-service-national-universel-i&amp;ct=ga&amp;cd=CAEYACoTNzE2NjgzNDMxNDk1NzU2MzY2MTIaYjRiNmM0ODJhYjIyZjgzZjpjb206ZnI6VVM&amp;usg=AFQjCNHsOTV35aszUY12njct-YwNN3RgZA\">Le SDIS32 accueille 8 jeunes du Service National Universel I<\/a> ( Le journal du Gers, 17\/04\/2021)<\/p>\n\n\n\n<p><a href=\"https:\/\/www.google.com\/url?rct=j&amp;sa=t&amp;url=https:\/\/www.ouest-france.fr\/nouvelle-aquitaine\/niort-79000\/deux-sevres-a-16-ans-ils-s-engagent-sans-compter-aux-cotes-des-pompiers-daa8adf0-9c3b-11eb-b7e2-0359b912bcff&amp;ct=ga&amp;cd=CAEYASoTNzE2NjgzNDMxNDk1NzU2MzU3ODIaOTgzNzJiZDg1YTQ2NWI5MTpjb206ZnI6VVM&amp;usg=AFQjCNHcVC-ME3vF7kn-SpnMUe0RDrstDQ\">Deux-S\u00e8vres. \u00c0 16 ans, ils s&rsquo;engagent sans compter aux c\u00f4t\u00e9s des pompiers<\/a> ( Ouest-France, 17\/04\/2021)<\/p>\n\n\n\n<p><a href=\"https:\/\/www.google.com\/url?rct=j&amp;sa=t&amp;url=https:\/\/www.ladepeche.fr\/2021\/04\/16\/huit-jeunes-en-mission-dinteret-general-au-sdis-9490999.php&amp;ct=ga&amp;cd=CAEYACoTNzE2NjgzNDMxNDk1NzU2MzU3ODIaOTgzNzJiZDg1YTQ2NWI5MTpjb206ZnI6VVM&amp;usg=AFQjCNFf6aREpoTpbtAcZZ1sINEdKSXm1A\">Huit jeunes en mission d&rsquo;int\u00e9r\u00eat g\u00e9n\u00e9ral au Sdis<\/a> ( <a href=\"http:\/\/ladepeche.fr\">ladepeche.fr<\/a>, 17\/04\/2021)<\/p>\n\n\n\n<p><a href=\"http:\/\/ladepeche.fr\/\">ladepeche.fr<\/a><\/p>\n\n\n\n<p><a href=\"https:\/\/www.google.com\/url?rct=j&amp;sa=t&amp;url=https:\/\/www.rtl.fr\/actu\/politique\/snu-on-garde-le-meilleur-du-service-militaire-estime-la-secretaire-d-etat-a-la-jeunesse-7900020344&amp;ct=ga&amp;cd=CAEYASoTMjYwMDc5NzMzOTAyNjY1MTM3MzIaOTgzNzJiZDg1YTQ2NWI5MTpjb206ZnI6VVM&amp;usg=AFQjCNF7V--paH4xYdUACzS-jhTHRXBEmg\">SNU : \u00ab\u00a0On garde le meilleur du service militaire\u00a0\u00bb, estime la secr\u00e9taire d&rsquo;\u00c9tat \u00e0 la Jeunesse<\/a> ( <a href=\"http:\/\/RTL.fr\">RTL.fr<\/a>, 16\/04\/2021)<\/p>\n\n\n\n<p><a href=\"https:\/\/www.google.com\/url?rct=j&amp;sa=t&amp;url=https:\/\/www.tendanceouest.com\/actualite-380764-orne-inscriptions-au-service-national-universel.html&amp;ct=ga&amp;cd=CAEYACoTMjYwMDc5NzMzOTAyNjY1MDIzMjIaYjRiNmM0ODJhYjIyZjgzZjpjb206ZnI6VVM&amp;usg=AFQjCNFQDuBmrR78kojwF6JxMQktECxDTA\">Orne. Inscriptions au Service national universel<\/a> ( Tendance Ouest, 16\/04\/2021 )<\/p>\n\n\n\n<p><a href=\"https:\/\/www.google.com\/url?rct=j&amp;sa=t&amp;url=https:\/\/www.ladepeche.fr\/2021\/04\/15\/17-cadets-de-la-gendarmerie-a-laccueil-du-centre-de-vaccination-9489094.php&amp;ct=ga&amp;cd=CAEYASoTMjYwMDc5NzMzOTAyNjY1MDIzMjIaYjRiNmM0ODJhYjIyZjgzZjpjb206ZnI6VVM&amp;usg=AFQjCNFHTectuS2G08BzESqj7aY5dY9Qiw\">Limoux. 17 cadets de la gendarmerie \u00e0 l&rsquo;accueil du centre de vaccination<\/a> ( <a href=\"http:\/\/ladepeche.fr\">ladepeche.fr<\/a>, 16\/04\/2021)<\/p>\n\n\n\n<p><a href=\"https:\/\/www.google.com\/url?rct=j&amp;sa=t&amp;url=https:\/\/www.laprovence.com\/article\/societe\/6322782\/le-service-national-universel-fait-son-retour-cet-ete-a-carpentras.html&amp;ct=ga&amp;cd=CAEYAioTMzc5NjM1ODk0OTgyMzIyNTU4NTIaYjRiNmM0ODJhYjIyZjgzZjpjb206ZnI6VVM&amp;usg=AFQjCNHqNwjfsKWm1eyHfd7IkUabn5-pbA\">Le Service national universel fait son retour cet \u00e9t\u00e9 \u00e0 Carpentras<\/a> ( La Provence, 14\/04\/2021)<\/p>\n\n\n\n<p><a href=\"https:\/\/www.google.com\/url?rct=j&amp;sa=t&amp;url=https:\/\/www.lopinion.fr\/edition\/politique\/sarah-el-hairy-nous-relancons-service-national-universel-241552&amp;ct=ga&amp;cd=CAEYACoTMzc5NjM1ODk0OTgyMzIyNTU4NTIaYjRiNmM0ODJhYjIyZjgzZjpjb206ZnI6VVM&amp;usg=AFQjCNGo9wwFwP1gsace67rd8fGV8QXQvw\">Sarah El Ha\u00efry: \u00abNous relan\u00e7ons le service national universel\u00bb<\/a> ( L\u2019Opinion, 14\/04\/2021)<\/p>\n\n\n\n<p><a href=\"https:\/\/www.google.com\/url?rct=j&amp;sa=t&amp;url=https:\/\/www.centrepresseaveyron.fr\/2021\/04\/13\/en-2021-laveyron-se-met-au-service-national-universel-9485603.php&amp;ct=ga&amp;cd=CAEYASoTMzc5NjM1ODk0OTgyMzIyNTU4NTIaYjRiNmM0ODJhYjIyZjgzZjpjb206ZnI6VVM&amp;usg=AFQjCNHl6__blk1GmHjdcA8C5ZGwDlpIIg\">En 2021, l&rsquo;Aveyron se met au service national universel<\/a> ( Centre Presse Aveyron, 14\/04\/2021)<\/p>\n\n\n\n<p><a href=\"https:\/\/www.google.com\/url?rct=j&amp;sa=t&amp;url=https:\/\/www.lopinion.fr\/edition\/politique\/macron-en-2022-perseverer-se-reinventer-241439&amp;ct=ga&amp;cd=CAEYAioTMzc5NjM1ODk0OTgyMzIyMTkyMDIaOTgzNzJiZDg1YTQ2NWI5MTpjb206ZnI6VVM&amp;usg=AFQjCNE-COF9ALWvTd4UKyZBuQiGZTa3dA\">Macron en 2022: pers\u00e9v\u00e9rer ou se r\u00e9inventer?<\/a> ( L\u2019Opinion, 14\/04\/2021)<\/p>\n\n\n\n<p><a href=\"https:\/\/www.google.com\/url?rct=j&amp;sa=t&amp;url=https:\/\/www.estrepublicain.fr\/magazine-education-jeunesse\/2021\/04\/13\/service-national-universel-pres-de-900-jeunes-francs-comtois-invites-a-repondre-a-l-appel&amp;ct=ga&amp;cd=CAEYACoTMzc5NjM1ODk0OTgyMzIyMTkyMDIaOTgzNzJiZDg1YTQ2NWI5MTpjb206ZnI6VVM&amp;usg=AFQjCNEvgqoBRWo3oCCtNNlvYYdTF2oVvQ\">Service national universel : pr\u00e8s de 900 jeunes francs-comtois invit\u00e9s \u00e0 r\u00e9pondre \u00e0 l&rsquo;appel<\/a> ( Est R\u00e9publicain, 14\/04\/2021)<\/p>\n\n\n\n<p><a href=\"https:\/\/www.google.com\/url?rct=j&amp;sa=t&amp;url=https:\/\/www.lejdc.fr\/nevers-58000\/actualites\/lois-decrets-un-collectif-nivernais-alerte-sur-un-tournant-securitaire_13937842\/&amp;ct=ga&amp;cd=CAEYASoTMTUxNzA3OTc4ODgwMzQ4MTk5NDIaYjRiNmM0ODJhYjIyZjgzZjpjb206ZnI6VVM&amp;usg=AFQjCNFZQY7EV3OzCwgMC7Klm-8WYUnh7A\">Lois, d\u00e9crets : un collectif nivernais alerte sur \u00ab\u00a0un tournant s\u00e9curitaire\u00a0\u00bb<\/a> ( Le Journal du Centre, 08\/04\/2021)<\/p>\n\n\n\n<p><a href=\"https:\/\/www.google.com\/url?rct=j&amp;sa=t&amp;url=https:\/\/rcf.fr\/actualite\/le-deploiement-du-service-national-universel-dans-la-nievre-chapitre-1&amp;ct=ga&amp;cd=CAEYACoTMTUxNzA3OTc4ODgwMzQ4MTk5NDIaYjRiNmM0ODJhYjIyZjgzZjpjb206ZnI6VVM&amp;usg=AFQjCNF0gOXugBN0tx2IBbE4UxM1ThS-QQ\">Le d\u00e9ploiement du Service National Universel dans la Ni\u00e8vre (chapitre 1)<\/a> ( RCF, 08\/04\/2021)<\/p>\n\n\n\n<p><a href=\"https:\/\/www.google.com\/url?rct=j&amp;sa=t&amp;url=https:\/\/actu.fr\/normandie\/alencon_61001\/en-visite-au-lycee-navarre-d-alencon-la-rectrice-promeut-la-mobilite-des-eleves-et-le-service-national-universel_40814113.html&amp;ct=ga&amp;cd=CAEYAioSNzM4OTcwMDEwMzkwOTg1Njg3MhpiNGI2YzQ4MmFiMjJmODNmOmNvbTpmcjpVUw&amp;usg=AFQjCNFgwlNniqo30LT5CDZrN99Y9xGSDA\">En visite au lyc\u00e9e Navarre d&rsquo;Alen\u00e7on, la rectrice promeut la mobilit\u00e9 des \u00e9l\u00e8ves et le Service &#8230;<\/a> ( <a href=\"http:\/\/acte.fr\">acte.fr<\/a>, 07\/04\/2021)<\/p>\n\n\n\n<p><a href=\"https:\/\/www.google.com\/url?rct=j&amp;sa=t&amp;url=https:\/\/www.lechorepublicain.fr\/chartres-28000\/actualites\/en-eure-et-loir-la-prochaine-session-du-service-national-universel-se-prepare-en-ligne_13937329\/&amp;ct=ga&amp;cd=CAEYASoSNzM4OTcwMDEwMzkwOTg1Njg3MhpiNGI2YzQ4MmFiMjJmODNmOmNvbTpmcjpVUw&amp;usg=AFQjCNFbC8Yp1h25wHgg-7XQUVfYoo20bQ\">En Eure-et-Loir, la prochaine session du service national universel se pr\u00e9pare en ligne<\/a> ( Echo R\u00e9publicain, 07\/04\/2021)<\/p>\n\n\n\n<p><a href=\"https:\/\/www.google.com\/url?rct=j&amp;sa=t&amp;url=https:\/\/www.letudiant.fr\/lifestyle\/engagement-et-vie-associative\/article\/quel-est-le-role-des-ambassadeurs-du-service-national-universel.html&amp;ct=ga&amp;cd=CAEYACoSNzM4OTcwMDEwMzkwOTg1Njg3MhpiNGI2YzQ4MmFiMjJmODNmOmNvbTpmcjpVUw&amp;usg=AFQjCNGJzBtdydqzXxTWZYhZxQaFRijigQ\">Quel est le r\u00f4le des ambassadeurs du service national universel ?<\/a> ( L\u2019Etudiant Educpros, 07\/04\/2021)<\/p>\n\n\n\n<p><a href=\"https:\/\/www.google.com\/url?rct=j&amp;sa=t&amp;url=https:\/\/www.varmatin.com\/social\/insertion-sociale-et-professionnel-cohesion-nationale-le-service-national-universel-recrute-400-jeunes-665828&amp;ct=ga&amp;cd=CAEYACoUMTI1MTIzMTk3Mzk1ODY0MzY3NDYyGmI0YjZjNDgyYWIyMmY4M2Y6Y29tOmZyOlVT&amp;usg=AFQjCNHmzC-JW0X9fej9lFFzMTUtTQScFA\">Insertion sociale et professionnel, coh\u00e9sion nationale&#8230; Le Service national universel recrute 400 \u2026<\/a>( Var-Matin, 06\/04\/202<\/p>\n\n\n\n<p><a href=\"https:\/\/www.google.com\/url?rct=j&amp;sa=t&amp;url=https:\/\/www.ouest-france.fr\/pays-de-la-loire\/le-mans-72000\/le-mans-lyceen-pierre-severe-s-engage-aupres-des-plus-demunis-6aadf78e-93c7-11eb-ab2c-7cf36a02870a&amp;ct=ga&amp;cd=CAEYASoTNzAzMTI2MzI0MjM2NjM1NzQ0OTIaYjRiNmM0ODJhYjIyZjgzZjpjb206ZnI6VVM&amp;usg=AFQjCNG4DkAE0Iz8sRHFyGgSLPP9s6S_7w\">Le Mans. Lyc\u00e9en, Pierre S\u00e9v\u00e8re s&rsquo;engage aupr\u00e8s des plus d\u00e9munis<\/a> ( Ouest-France, 05\/04\/2021)<\/p>\n\n\n\n<p><a href=\"https:\/\/www.google.com\/url?rct=j&amp;sa=t&amp;url=https:\/\/www.ouest-france.fr\/normandie\/manche\/manche-le-service-national-universel-recrute-63164dc0-93cf-11eb-ab2c-7cf36a02870a&amp;ct=ga&amp;cd=CAEYACoTNzAzMTI2MzI0MjM2NjM1NzQ0OTIaYjRiNmM0ODJhYjIyZjgzZjpjb206ZnI6VVM&amp;usg=AFQjCNEd8VDVPzvq-qrsfTrHIiTZ2qtV4g\">Manche. Le Service national universel recrute<\/a> ( Ouest-France, 05\/04\/2021)<\/p>\n\n\n\n<p><a href=\"https:\/\/www.google.com\/url?rct=j&amp;sa=t&amp;url=https:\/\/lyc-lacroix-narbonne.ac-montpellier.fr\/service-national-universel&amp;ct=ga&amp;cd=CAEYASoSMTMwMzY1MjE1Nzg0MjgyMDAyMhpiNGI2YzQ4MmFiMjJmODNmOmNvbTpmcjpVUw&amp;usg=AFQjCNEFOmN4Xa0yB_oP3r1iHX9ins8kIg\">Service National Universel | Lyc\u00e9e Docteur Lacroix<\/a> (Lyc\u00e9e Docteur Lacroix &#8211; Acad\u00e9mie de Montpellier, 04\/04\/2021)<\/p>\n\n\n\n<p><a href=\"https:\/\/www.google.com\/url?rct=j&amp;sa=t&amp;url=https:\/\/www.corsematin.com\/articles\/service-national-universel-140-jeunes-insulaires-engages-116746&amp;ct=ga&amp;cd=CAEYACoSMTMwMzY1MjE1Nzg0MjgyMDAyMhpiNGI2YzQ4MmFiMjJmODNmOmNvbTpmcjpVUw&amp;usg=AFQjCNH_ILwgaxcAjjVjEUSoa7K3EkFM3w\">Service national universel : 140 jeunes insulaires engag\u00e9s<\/a> ( Corse-Matin, 04\/04\/2021)<\/p>\n\n\n\n<p><a href=\"https:\/\/www.google.com\/url?rct=j&amp;sa=t&amp;url=https:\/\/www.ouest-france.fr\/pays-de-la-loire\/le-mans-72000\/le-mans-les-eleves-de-seconde-sensibilises-au-service-national-universel-492b8790-92fd-11eb-acd5-9322c40ace42&amp;ct=ga&amp;cd=CAEYACoUMTYyOTQwMTcxMzI2NTUyNTQ5ODkyGmI0YjZjNDgyYWIyMmY4M2Y6Y29tOmZyOlVT&amp;usg=AFQjCNHvWkTXXhrom80RKaeb--VEGo4EMA\">Le Mans. Les \u00e9l\u00e8ves de seconde sensibilis\u00e9s au service national universel<\/a> (Ouest-France, 03\/04\/2021)<\/p>\n\n\n\n<p><a href=\"https:\/\/www.google.com\/url?rct=j&amp;sa=t&amp;url=https:\/\/www.ouest-france.fr\/nouvelle-aquitaine\/parthenay-79200\/parthenay-covid-19-des-jeunes-du-service-national-universel-aident-a-la-vaccination-9a165640-9234-11eb-b8aa-fc72068957c4&amp;ct=ga&amp;cd=CAEYACoTNjQ2MjQxOTk0MjE5NzgwOTQwMDIaOTgzNzJiZDg1YTQ2NWI5MTpjb206ZnI6VVM&amp;usg=AFQjCNEJIQ1nAuzrtYpFTWn7zWBvr0bvEQ\">Parthenay. Covid-19 : des jeunes du Service national universel aident \u00e0 la vaccination<\/a> (Ouest-France, 02\/04\/2021)<\/p>\n\n\n\n<p><a href=\"https:\/\/www.google.com\/url?rct=j&amp;sa=t&amp;url=https:\/\/www.ouest-france.fr\/normandie\/alencon-61000\/service-national-universel-les-jeunes-ornais-ont-jusqu-au-20-avril-pour-s-inscrire-840e8b36-9236-11eb-8153-111acea7321d&amp;ct=ga&amp;cd=CAEYACoTNjQ2MjQxOTk0MjE5NzgwOTQ4MTIaYjRiNmM0ODJhYjIyZjgzZjpjb206ZnI6VVM&amp;usg=AFQjCNGg2FcxkgGxxDmAf_DOV3k1RMDIbQ\">Service national universel : les jeunes Ornais ont jusqu&rsquo;au 20 avril pour s&rsquo;inscrire<\/a> ( Ouest-France, 02\/04\/2021)<\/p>\n\n\n\n<p><a href=\"https:\/\/www.google.com\/url?rct=j&amp;sa=t&amp;url=https:\/\/www.ladepeche.fr\/2021\/03\/31\/les-lyceens-decouvrent-le-service-national-universel-9460217.php&amp;ct=ga&amp;cd=CAEYASoUMTAyMzY1NjYzMTU2MzkxNDAzOTQyGmI0YjZjNDgyYWIyMmY4M2Y6Y29tOmZyOlVT&amp;usg=AFQjCNF55LlseZ4EqZU7o8kDHtjz1yIDJw\">L\u00e9ran. Les lyc\u00e9ens d\u00e9couvrent le Service national universel<\/a> ( <a href=\"http:\/\/ladepeche.fr\">ladepeche.fr<\/a>, 01\/04\/2021)<\/p>\n\n\n\n<p><a href=\"https:\/\/www.google.com\/url?rct=j&amp;sa=t&amp;url=https:\/\/www.ouest-france.fr\/nouvelle-aquitaine\/parthenay-79200\/parthenay-covid-19-des-jeunes-du-service-national-universel-aident-a-la-vaccination-9a165640-9234-11eb-b8aa-fc72068957c4&amp;ct=ga&amp;cd=CAEYACoUMTAyMzY1NjYzMTU2MzkxNDAzOTQyGmI0YjZjNDgyYWIyMmY4M2Y6Y29tOmZyOlVT&amp;usg=AFQjCNEJIQ1nAuzrtYpFTWn7zWBvr0bvEQ\">Parthenay. Covid-19 : des jeunes du Service national universel aident \u00e0 la vaccination<\/a> (Ouest-France, 01\/04\/2021)<\/p>\n\n\n\n<p><a href=\"https:\/\/www.google.com\/url?rct=j&amp;sa=t&amp;url=http:\/\/lignesdedefense.blogs.ouest-france.fr\/archive\/2021\/03\/25\/une-jdc-journee-defense-et-citoyennete-modernisee-et-en-e-le-21998.html&amp;ct=ga&amp;cd=CAEYAioUMTIyODI5NTkxNjAyNzgyOTI0MjcyGmI0YjZjNDgyYWIyMmY4M2Y6Y29tOmZyOlVT&amp;usg=AFQjCNEDpSTQ8muv_lMs9oA-aUa36rnEkQ\">Une JDC (Journ\u00e9e D\u00e9fense et citoyennet\u00e9) modernis\u00e9e et adapt\u00e9e au SNU<\/a>( Ouest-France, 31\/03\/2021)<\/p>\n\n\n\n<p><a href=\"https:\/\/www.google.com\/url?rct=j&amp;sa=t&amp;url=https:\/\/www.ouest-france.fr\/pays-de-la-loire\/mamers-72600\/une-idee-du-vivre-ensemble-a-la-cite-scolaire-f27d4f7f-b5c6-4824-b39c-ea3e7efe9758&amp;ct=ga&amp;cd=CAEYASoUMTIyODI5NTkxNjAyNzgyOTI0MjcyGmI0YjZjNDgyYWIyMmY4M2Y6Y29tOmZyOlVT&amp;usg=AFQjCNFHFwjZGpfxX1ZFuWRDXBA9RlTn1g\">Mamers. Une id\u00e9e du vivre ensemble \u00e0 la cit\u00e9 scolaire<\/a> ( Ouest-France, 31\/03\/2021)<\/p>\n\n\n\n<p><a href=\"https:\/\/www.google.com\/url?rct=j&amp;sa=t&amp;url=https:\/\/www.ledauphine.com\/education\/2021\/03\/30\/le-service-national-universel-explique-a-des-lyceens-des-catalins&amp;ct=ga&amp;cd=CAEYACoUMTIyODI5NTkxNjAyNzgyOTI0MjcyGmI0YjZjNDgyYWIyMmY4M2Y6Y29tOmZyOlVT&amp;usg=AFQjCNF0ocV6h23lfgiqlUDpzVN0Ek78eg\">Le service national universel expliqu\u00e9 \u00e0 des lyc\u00e9ens des Catalins<\/a> (Le Dauphin\u00e9 Lib\u00e9r\u00e9, 31\/03\/2021)<\/p>\n\n\n\n<p><a href=\"https:\/\/www.google.com\/url?rct=j&amp;sa=t&amp;url=https:\/\/www.ladepeche.fr\/2021\/03\/29\/ariege-deux-secretaires-detat-en-visite-pour-parler-jeunesse-et-ruralite-9456804.php&amp;ct=ga&amp;cd=CAEYASoUMTIxODk1NzY0NTg2ODMwOTc1NTIyGmI0YjZjNDgyYWIyMmY4M2Y6Y29tOmZyOlVT&amp;usg=AFQjCNG3ea5fiBKgp8mSeGbM8cuIoG51HA\">Ari\u00e8ge : deux secr\u00e9taires d&rsquo;\u00c9tat en visite pour parler jeunesse et ruralit\u00e9<\/a> ( <a href=\"http:\/\/ladepeche.fr\">ladepeche.fr<\/a>, 30\/03\/2021 )<\/p>\n\n\n\n<p><a href=\"https:\/\/www.google.com\/url?rct=j&amp;sa=t&amp;url=https:\/\/94.citoyens.com\/evenement\/visioconference-sur-le-snu-service-national-universel-pour-les-15-17-ans&amp;ct=ga&amp;cd=CAEYACoUMTIxODk1NzY0NTg2ODMwOTc1NTIyGmI0YjZjNDgyYWIyMmY4M2Y6Y29tOmZyOlVT&amp;usg=AFQjCNGi6UcoZevbY56t2HOdS_-8RzONxg\">Visioconf\u00e9rence sur le SNU (Service National Universel) pour les 15\/17 ans<\/a> ( 94 Citoyens, 30\/03\/2021)<\/p>\n\n\n\n<p><a href=\"https:\/\/rcf.fr\/la-matinale\/le-journal-de-8h-du-lundi-29-mars\">https:\/\/rcf.fr\/la-matinale\/le-journal-de-8h-du-lundi-29-mars<\/a> ( RFC, 29\/03\/2021)<\/p>\n\n\n\n<p><a href=\"https:\/\/www.google.com\/url?rct=j&amp;sa=t&amp;url=https:\/\/www.letelegramme.fr\/morbihan\/etel\/service-national-universel-l-amiral-forissier-present-a-etel-invite-a-embarquer-28-03-2021-12726630.php&amp;ct=ga&amp;cd=CAEYASoTMjI3NTgwNTA5NjAzMjQ2MDI5NjIaYjRiNmM0ODJhYjIyZjgzZjpjb206ZnI6VVM&amp;usg=AFQjCNEl8Wck6IpuxdgADf3qZii_hxUmzg\">Service national universel : l&rsquo;amiral Forissier, pr\u00e9sent \u00e0 Etel, invite \u00e0 embarquer<\/a> ( Le T\u00e9l\u00e9gramme, 29\/03\/2021 )<\/p>\n\n\n\n<p><a href=\"https:\/\/www.google.com\/url?rct=j&amp;sa=t&amp;url=https:\/\/www.lamontagne.fr\/gueret-23000\/actualites\/visite-guidee-au-commissariat-de-gueret-pour-les-jeunes-engages-du-service-national-universel_13933482\/&amp;ct=ga&amp;cd=CAEYACoTMjI3NTgwNTA5NjAzMjQ2MDI5NjIaYjRiNmM0ODJhYjIyZjgzZjpjb206ZnI6VVM&amp;usg=AFQjCNEIEd8u_avZQM9x6MN2aLitxv00sg\">Visite guid\u00e9e au commissariat de Gu\u00e9ret pour les jeunes engag\u00e9s du Service national universel<\/a> (La Montagne, 29\/03\/2021)<\/p>\n\n\n\n<p><a href=\"https:\/\/www.google.com\/url?rct=j&amp;sa=t&amp;url=https:\/\/www.ledauphine.com\/societe\/2021\/03\/27\/drome-le-service-national-universel-attend-les-jeunes-de-15-a-17-ans&amp;ct=ga&amp;cd=CAEYASoUMTA2ODA1NjQ1NzQzMzMyNDEzNDYyGmI0YjZjNDgyYWIyMmY4M2Y6Y29tOmZyOlVT&amp;usg=AFQjCNFNfuYtVyGNnTVYL6LILAF1JqCmoA\">Dr\u00f4me : le service national universel attend les jeunes de 15 \u00e0 17 ans<\/a> ( Le Dauphin\u00e9 Lib\u00e9r\u00e9, 28\/03\/2021 )<\/p>\n\n\n\n<p><a href=\"https:\/\/www.google.com\/url?rct=j&amp;sa=t&amp;url=https:\/\/intensite.net\/2009\/actu2021\/chartres-un-job-dating-autour-des-animateurs-et-stagiaires-bafa-au-bij-323845&amp;ct=ga&amp;cd=CAEYAioUMTA2ODA1NjQ1NzQzMzMyNDEyOTkyGjk4MzcyYmQ4NWE0NjViOTE6Y29tOmZyOlVT&amp;usg=AFQjCNF11zN6jjy8VdIznWXuFuhN0oXIrw\">Chartres &#8211; Un job dating autour des animateurs et stagiaires BAFA au BIJ<\/a> (Radio Intensit\u00e9, 28\/03\/2021)<\/p>\n\n\n\n<p><a href=\"https:\/\/www.google.com\/url?rct=j&amp;sa=t&amp;url=https:\/\/www.ladepeche.fr\/2021\/03\/27\/presentation-du-service-national-universel-9453250.php&amp;ct=ga&amp;cd=CAEYACoUMTA2ODA1NjQ1NzQzMzMyNDEzNDYyGmI0YjZjNDgyYWIyMmY4M2Y6Y29tOmZyOlVT&amp;usg=AFQjCNFai13aY1tGym2Uw_L8ysW3x-L7Fg\">Lectoure. Pr\u00e9sentation du service national universel<\/a> ( La D\u00e9p\u00eache, 28\/03\/2021 )<\/p>\n\n\n\n<p><a href=\"https:\/\/www.google.com\/url?rct=j&amp;sa=t&amp;url=https:\/\/www.letelegramme.fr\/morbihan\/kervignac\/kervignac-le-service-national-universel-presente-a-27-lyceens-de-ker-anna-26-03-2021-12725579.php&amp;ct=ga&amp;cd=CAEYASoUMTA2ODA1NjQ1NzQzMzMyNDEyOTkyGjk4MzcyYmQ4NWE0NjViOTE6Y29tOmZyOlVT&amp;usg=AFQjCNEsLIRVHzF9qRwnPQ_RNipTisYFTg\">Kervignac : le service national universel pr\u00e9sent\u00e9 \u00e0 27 lyc\u00e9ens de Ker Anna<\/a> ( Le T\u00e9l\u00e9gramme, 28\/03\/2021 )<\/p>\n","protected":false},"excerpt":{"rendered":"<p>Servile ou Na\u00eff en Uniforme (SNU) Dossier organis\u00e9 en deux parties: 1) R\u00e9sistances au jour le jour et 2) Presse de pr\u00e9f\u00e9cture R\u00e9sistances au jour le jour (chrono) En cas de r\u00e9\u00e9lection, E. Macron promet que l\u2019Etat financera le permis de conduire sous r\u00e9serve de s\u2019engager dans le Service National Universel (SNU) (source) Le SNU &#8230; <a title=\"Servile ou Na\u00eff en Uniforme (SNU)\" class=\"read-more\" href=\"https:\/\/www.rdpemancipation.org\/?p=28748\" aria-label=\"En savoir plus sur Servile ou Na\u00eff en Uniforme (SNU)\">Lire la suite<\/a><\/p>\n","protected":false},"author":1,"featured_media":0,"comment_status":"closed","ping_status":"closed","sticky":false,"template":"","format":"standard","meta":{"_lmt_disableupdate":"no","_lmt_disable":"no","_jetpack_memberships_contains_paid_content":false,"footnotes":""},"categories":[43],"tags":[],"class_list":["post-28748","post","type-post","status-publish","format-standard","hentry","category-dossier-detail"],"modified_by":"jmb","jetpack_featured_media_url":"","jetpack_sharing_enabled":true,"_links":{"self":[{"href":"https:\/\/www.rdpemancipation.org\/index.php?rest_route=\/wp\/v2\/posts\/28748","targetHints":{"allow":["GET"]}}],"collection":[{"href":"https:\/\/www.rdpemancipation.org\/index.php?rest_route=\/wp\/v2\/posts"}],"about":[{"href":"https:\/\/www.rdpemancipation.org\/index.php?rest_route=\/wp\/v2\/types\/post"}],"author":[{"embeddable":true,"href":"https:\/\/www.rdpemancipation.org\/index.php?rest_route=\/wp\/v2\/users\/1"}],"replies":[{"embeddable":true,"href":"https:\/\/www.rdpemancipation.org\/index.php?rest_route=%2Fwp%2Fv2%2Fcomments&post=28748"}],"version-history":[{"count":30,"href":"https:\/\/www.rdpemancipation.org\/index.php?rest_route=\/wp\/v2\/posts\/28748\/revisions"}],"predecessor-version":[{"id":78231,"href":"https:\/\/www.rdpemancipation.org\/index.php?rest_route=\/wp\/v2\/posts\/28748\/revisions\/78231"}],"wp:attachment":[{"href":"https:\/\/www.rdpemancipation.org\/index.php?rest_route=%2Fwp%2Fv2%2Fmedia&parent=28748"}],"wp:term":[{"taxonomy":"category","embeddable":true,"href":"https:\/\/www.rdpemancipation.org\/index.php?rest_route=%2Fwp%2Fv2%2Fcategories&post=28748"},{"taxonomy":"post_tag","embeddable":true,"href":"https:\/\/www.rdpemancipation.org\/index.php?rest_route=%2Fwp%2Fv2%2Ftags&post=28748"}],"curies":[{"name":"wp","href":"https:\/\/api.w.org\/{rel}","templated":true}]}}