{"id":28278,"date":"2021-05-01T12:08:42","date_gmt":"2021-05-01T10:08:42","guid":{"rendered":"https:\/\/www.rdpemancipation.org\/?p=28278"},"modified":"2021-06-01T00:55:38","modified_gmt":"2021-05-31T22:55:38","slug":"mai-social","status":"publish","type":"post","link":"https:\/\/www.rdpemancipation.org\/?p=28278","title":{"rendered":"Mai &#8211; Social"},"content":{"rendered":"\n<p><a href=\"https:\/\/l.facebook.com\/l.php?u=https:\/\/france3-regions.francetvinfo.fr\/hauts-de-france\/nord-0\/les-sapeurs-pompiers-du-nord-expriment-leur-mal-etre-grandissant-et-reprennent-le-mouvement-de-greve-2108182.html?fbclid=IwAR2z5mwPkIuuLdJE7yKhCRbjoSlKUxFD7CzwIU9tXMVYMHTotCOwvX6vvzg&amp;h=AT0BsIBDCF2dQCePzYL0-bzxaCyBse-ODEwdpRBnzHKBR4CPBk_ezMLSAdbVbzfdErFcIfUTBovZueyrUa-ue9u1jnbFKJEfEQAuUG4HwcNJYqPVbY_mrOwiNkIdHZC-Hae__ws&amp;__tn__=,mH-R&amp;c%5B0%5D=AT0EGsyOnwsLdqDpCQqdKjWRsVl7f6cpUTev7NLE1zY7UO7VrMj5czhRXnA7tmS156LkQTD83HpSCQwKRX9V_JPMh1BY7uo4AecDL_O8CwxCB3_XiDZRwoamPPQ7WNW-lF-RznYfrv78gPsZKz4xAbh9WWQZ4f7JsxBQoHn2rurXQQg\">\u00a0Les sapeurs-pompiers du Nord expriment leur mal-\u00eatre grandissant et reprennent le mouvement de gr\u00e8ve <\/a>(FR 3)<\/p>\n\n\n\n<p><a href=\"https:\/\/lenumerozero.mediaslibres.org\/Greve-des-AESH-jeudi-03-juin-5286\">Gr\u00e8ve des AESH jeudi 03&nbsp;juin<\/a> (Mutu )<\/p>\n\n\n\n<p><a href=\"https:\/\/lanticapitaliste.org\/actualite\/social\/mobilisation-contre-laugmentation-du-temps-de-travail-la-ville-de-paris\">Mobilisation contre l\u2019augmentation du temps de travail \u00e0 la Ville de Paris<\/a> (L\u2019Anticapitaliste)<\/p>\n\n\n\n<p><a href=\"http:\/\/www.npa-auto-critique.org\/2021\/05\/renault-condamnee-a-300-000-euros-d-amende-suite-a-un-accident-du-travail-mortel.html\">Renault condamn\u00e9e \u00e0 300 000 euros d\u2019amende suite \u00e0 un accident du travail mortel !<\/a> (Auto Critique)<\/p>\n\n\n\n<p><a href=\"http:\/\/www.npa-auto-critique.org\/2021\/05\/fondeurs-oui-chomeurs-non.html\">Fondeurs, oui ! Ch\u00f4meurs, non !<\/a>\u00a0 (Auto Critique) <\/p>\n\n\n\n<figure class=\"wp-block-image size-large is-resized is-style-default\"><img data-recalc-dims=\"1\" loading=\"lazy\" decoding=\"async\" src=\"https:\/\/i0.wp.com\/www.rdpemancipation.org\/wp-content\/uploads\/2021\/06\/image-1371566-20210531-ob_d4e2e2_fonderie-de-bretagne-rassemblement-29.jpg?resize=490%2C368&#038;ssl=1\" alt=\"\" class=\"wp-image-31698\" width=\"490\" height=\"368\" srcset=\"https:\/\/i0.wp.com\/www.rdpemancipation.org\/wp-content\/uploads\/2021\/06\/image-1371566-20210531-ob_d4e2e2_fonderie-de-bretagne-rassemblement-29.jpg?w=780&amp;ssl=1 780w, https:\/\/i0.wp.com\/www.rdpemancipation.org\/wp-content\/uploads\/2021\/06\/image-1371566-20210531-ob_d4e2e2_fonderie-de-bretagne-rassemblement-29.jpg?resize=300%2C225&amp;ssl=1 300w, https:\/\/i0.wp.com\/www.rdpemancipation.org\/wp-content\/uploads\/2021\/06\/image-1371566-20210531-ob_d4e2e2_fonderie-de-bretagne-rassemblement-29.jpg?resize=768%2C576&amp;ssl=1 768w\" sizes=\"auto, (max-width: 490px) 100vw, 490px\" \/><\/figure>\n\n\n\n<p><a href=\"https:\/\/www.liberation.fr\/societe\/education\/climat-scolaire-et-pandemie-des-profs-toujours-plus-harceles-20210531_WFK2JFOU4NBU7LVJASP2LK3YIM\/\">Climat scolaire et pand\u00e9mie : des profs toujours plus harcel\u00e9s<\/a> (lib\u00e9ration)<\/p>\n\n\n\n<p><a href=\"https:\/\/www.la-croix.com\/Economie\/Climat-social-tendu-Ville-Paris-mise-place-1-607-heures-2021-05-30-1201158362\">Climat social tendu \u00e0 la Ville de Paris<\/a> (La Croix)<\/p>\n\n\n\n<p><a href=\"https:\/\/www.bastamag.net\/Conseil-constitutionnel-Loi-securite-globale-articles-censures-Darmanin-drones-droit-fondamental\">Le droit fondamental de r\u00e9sister \u00e0 l\u2019oppression<\/a>, nouvel enjeu pour le Conseil Constitutionnel ( Basta)<\/p>\n\n\n\n<p><a href=\"https:\/\/rmc.bfmtv.com\/emission\/les-employeurs-vont-ils-pouvoir-desormais-imposer-jusqu-a-8-jours-de-conges-payes-2043206.html\">Les employeurs vont-ils pouvoir d\u00e9sormais imposer jusqu\u2019\u00e0 8 jours de cong\u00e9s pay\u00e9s&nbsp;?<\/a> (rmc.bfmtv.com)<\/p>\n\n\n\n<p><a href=\"https:\/\/www.telerama.fr\/debats-reportages\/salaire-des-enseignants-non-ce-nest-pas-encore-noel-6890200.php\">Salaire des enseignants&nbsp;: non, ce n\u2019est pas encore No\u00ebl<\/a> (<a href=\"http:\/\/telerama.fr\">telerama.fr<\/a>)<\/p>\n\n\n\n<p><a href=\"https:\/\/www.dossierfamilial.com\/retraite\/quitter-lentreprise-pour-partir-a-la-retraite-connaitre-vos-droits-891650\">Quitter l&rsquo;entreprise pour partir \u00e0 la retraite&nbsp;: conna\u00eetre vos droits<\/a> (Dossier familial)<\/p>\n\n\n\n<p><a href=\"https:\/\/www.ouest-france.fr\/economie\/emploi\/droit-du-travail\/manger-une-clementine-a-son-poste-de-travail-cela-vaut-il-une-mise-a-pied-a06051ae-c0b0-11eb-9389-fa96de72bfe6\">Manger une cl\u00e9mentine \u00e0 son poste de travail, cela vaut-il une mise \u00e0 pied&nbsp;?<\/a> (Ouest France)<\/p>\n\n\n\n<p><a href=\"https:\/\/www.lunion.fr\/id261034\/article\/2021-05-29\/catherine-frot-en-sdf-touchante-dans-sous-les-etoiles-de-paris\">Catherine Frot, en SDF touchante dans \u00ab Sous les \u00c9toiles de Paris \u00bb<\/a> (L\u2019Union)<\/p>\n\n\n\n<figure class=\"wp-block-embed is-type-video is-provider-youtube wp-block-embed-youtube wp-embed-aspect-16-9 wp-has-aspect-ratio\"><div class=\"wp-block-embed__wrapper\">\n<iframe loading=\"lazy\" title=\"SOUS LES \u00c9TOILES DE PARIS Bande Annonce (2020) Catherine Frot, Drame\" width=\"1200\" height=\"675\" src=\"https:\/\/www.youtube.com\/embed\/Se4lj936oh0?feature=oembed\" frameborder=\"0\" allow=\"accelerometer; autoplay; clipboard-write; encrypted-media; gyroscope; picture-in-picture\" allowfullscreen><\/iframe>\n<\/div><\/figure>\n\n\n\n<p><a href=\"https:\/\/www.letelegramme.fr\/finistere\/brest\/l-idee-d-une-securite-sociale-de-l-alimentation-fait-son-chemin-29-05-2021-12758510.php\">\u00ab&nbsp;L\u2019id\u00e9e d\u2019une s\u00e9curit\u00e9 sociale de l\u2019alimentation fait son chemin&nbsp;\u00bb<\/a> (Le T\u00e9l\u00e9gramme)<\/p>\n\n\n\n<p><a href=\"http:\/\/www.apple.fr\">S&rsquo;\u00e9nerver au travail contre son sup\u00e9rieur n&rsquo;est pas n\u00e9cessairement une faute<\/a> (Nice Matin)<\/p>\n\n\n\n<p><a href=\"https:\/\/www.lexplicite.fr\/covid-19-les-mesures-damenagement-des-delais-de-consultation-du-cse-annulees-par-le-conseil-detat\/\">Covid-19 : mesures d\u2019am\u00e9nagement des d\u00e9lais de consultation du CSE annul\u00e9es par le Conseil d\u2019Etat<\/a> (L\u2019Explicite)<\/p>\n\n\n\n<p><a href=\"https:\/\/www.ouest-france.fr\/economie\/emploi\/chomage\/assistantes-maternelles-aides-a-domicile-la-reforme-pourrait-reduire-leurs-allocations-chomage-65eab3e8-bf98-11eb-bf57-4cfdd66e953d\">Assistantes maternelles, aides \u00e0 domicile&nbsp;: la r\u00e9forme pourrait r\u00e9duire leurs allocations-ch\u00f4mage<\/a> (Ouest France)<\/p>\n\n\n\n<p><a href=\"https:\/\/www.capital.fr\/votre-carriere\/allocations-chomage-au-1er-juin-une-nouvelle-attestation-pole-emploi-pour-faire-valoir-vos-droits-1404694\">Allocations ch\u00f4mage : au 1er juin, une nouvelle attestation P\u00f4le emploi pour faire valoir vos droits<\/a> (Capital)<\/p>\n\n\n\n<p><a href=\"https:\/\/www.vie-publique.fr\/en-bref\/280023-insertion-dans-lemploi-des-jeunes-par-lapprentissage-ou-lalternance\">Apprentissage et alternance : quelle insertion professionnelle des jeunes ?<\/a> (Vie Publique)<\/p>\n\n\n\n<p><a href=\"https:\/\/www.francebleu.fr\/infos\/economie-social\/face-a-l-avalanche-de-bugs-informatiques-les-salaries-de-la-caf-54-disent-stop-1622118103\">Pagaille dans les aides au logement&nbsp;: la Caf explique d\u2019o\u00f9 viennent les bugs<\/a> (France Bleu)<\/p>\n\n\n\n<p><a href=\"https:\/\/www.humanite.fr\/covid-19-la-carte-des-inegalites-dacces-la-vaccination-enfin-revelee-708901#xtor=RSS-1\">Covid-19. La carte des in\u00e9galit\u00e9s d\u2019acc\u00e8s \u00e0 la vaccination enfin r\u00e9v\u00e9l\u00e9e<\/a> (L\u2019Humanit\u00e9)<\/p>\n\n\n\n<p><a href=\"https:\/\/info.mediapart.fr\/optiext\/optiextension.dll?ID=6yz6yNwctRe08AMPz516TKySydUIyCdcCiTJeS3aumMSYQeQYH2nMp7bqZCFNcqrLqSDhcygcs6l5XeuHoJgxqpkroqcE\">Fin de la tr\u00eave hivernale: \u00abA mon \u00e2ge, je ne peux pas me retrouver \u00e0 la rue\u00bb<\/a> (MDP)<\/p>\n\n\n\n<p> <span class=\"has-inline-color has-vivid-red-color\"><strong>31 Mai en continu<\/strong><\/span><\/p>\n\n\n\n<p><a href=\"https:\/\/info.mediapart.fr\/optiext\/optiextension.dll?ID=rZYr3D_41wvf5rwkQPMdD9jiEDSVPHSTYBN6bQwKPpG%2B_MAbz1U2m0Ais8l8BYoDjiQ0lQBCJeKBZLGmh53uOHD52DZX9\">La folle semaine des ouvriers de la fonderie de Saint-Claude<\/a> (MDP)<\/p>\n\n\n\n<figure class=\"wp-block-image is-resized is-style-default\"><img data-recalc-dims=\"1\" loading=\"lazy\" decoding=\"async\" src=\"https:\/\/i0.wp.com\/static.mediapart.fr\/etmagine\/portfolio\/files\/portfolios\/28693\/05MBFhelle.jpg?resize=491%2C368&#038;ssl=1\" alt=\"\" width=\"491\" height=\"368\"\/><\/figure>\n\n\n\n<p><a href=\"https:\/\/www.revolutionpermanente.fr\/CHU-de-Bordeaux-Le-secretaire-general-FO-envoie-une-militante-CGT-en-commission-disciplinaire\">CHU de Bordeaux. Le secr\u00e9taire g\u00e9n\u00e9ral FO envoie une militante CGT en commission disciplinaire<\/a> (RP)<\/p>\n\n\n\n<p><a href=\"https:\/\/www.insee.fr\/fr\/statistiques\/5371279?sommaire=5371304#onglet-2\">In\u00e9galit\u00e9s de niveau de vie et pauvret\u00e9 entre 2008 et 2018<\/a> (INSEE)<\/p>\n\n\n\n<p><a href=\"https:\/\/www.research.natixis.com\/Site\/en\/publication\/oqgzP2_-JxgUTpcODF4LTCFhMxz31t9bGv5WEkvDu_w=?from=email\">Et si l\u2019emploi restait en retard par rapport \u00e0 la production?<\/a> (Patrick Artus)<\/p>\n\n\n\n<p><a href=\"https:\/\/www.humanite.fr\/logement-encadrement-des-loyers-requisitions-pourquoi-la-commune-reste-un-modele-708403#xtor=RSS-1\">Logement. Encadrement des loyers, r\u00e9quisitions&#8230; : pourquoi la Commune reste un mod\u00e8le<\/a> (L\u2019Humanit\u00e9)<\/p>\n\n\n\n<p><a href=\"https:\/\/entreleslignesentrelesmots.blog\/2021\/05\/27\/pour-un-renforcement-des-collaborations-entre-mouvement-social-et-quartiers-populaires\/\">Pour un renforcement des collaborations entre mouvement social et quartiers&nbsp;populaires<\/a> (Entre les lignes)<\/p>\n\n\n\n<p> <span class=\"has-inline-color has-vivid-red-color\"><strong>30 Mai en continu<\/strong><\/span><\/p>\n\n\n\n<p><a href=\"https:\/\/www.bienpublic.com\/social\/2021\/05\/26\/greve-surprise-chez-safran\">Pourquoi une gr\u00e8ve \u00ab surprise \u00bb chez Safran ce mercredi matin<\/a> (Le Bien Public)<\/p>\n\n\n\n<figure class=\"wp-block-image is-resized is-style-default\"><img data-recalc-dims=\"1\" loading=\"lazy\" decoding=\"async\" src=\"https:\/\/i0.wp.com\/cdn-s-www.bienpublic.com\/images\/10280DCB-318A-482D-B09A-3CBE30423019\/NW_detail\/photo-lbp-anne-lise-bertin-1622025079.jpg?resize=567%2C284&#038;ssl=1\" alt=\"Photo LBP\/Anne-Lise BERTIN\" width=\"567\" height=\"284\"\/><\/figure>\n\n\n\n<p><a href=\"https:\/\/info.mediapart.fr\/optiext\/optiextension.dll?ID=v32v1CuJ%2B2O12h5xTUQOBiX17hiFhJJsU8K23Gs4ABhLCOjfDimA%2BpUuuTDoZPb7xuVw2trVgC0gZPRCts902N0vlFCDx\">A Paris, l\u2019h\u00f4pital public dans la rue pour l\u2019acc\u00e8s aux soins et \u00e0 la sant\u00e9<\/a> (MDP)<\/p>\n\n\n\n<figure class=\"wp-block-image is-resized is-style-default\"><img data-recalc-dims=\"1\" loading=\"lazy\" decoding=\"async\" src=\"https:\/\/i0.wp.com\/static.mediapart.fr\/etmagine\/default\/files\/2021\/05\/29\/img-0965.jpg?resize=478%2C359&#038;ssl=1\" alt=\"La manifestation des hospitaliers, samedi 29 mai \u00e0 Paris, men\u00e9e par les Rosies. \u00a9 CCC \/ Mediapart\" width=\"478\" height=\"359\" title=\"La manifestation des hospitaliers, samedi 29 mai \u00e0 Paris, men\u00e9e par les Rosies. \u00a9 CCC \/ Mediapart\"\/><\/figure>\n\n\n\n<p><a href=\"https:\/\/info.mediapart.fr\/optiext\/optiextension.dll?ID=v32v2jy9EKD4oj5PPyv31JmdfdOaWgvOOZB0LOv56AB9AU7fCQ7T0G1ni8I_gTEy56sM9sGNo3Wqs0_jx2G_4Mt8cenLm\">Appel des rencontres nationales du travail social en lutte<\/a> (lien-social)<\/p>\n\n\n\n<p><a href=\"http:\/\/www.npa-auto-critique.org\/2021\/05\/alvance-aluminium-wheel-menacee-de-fermeture.html\">Alvance Aluminium Wheel menac\u00e9e de fermeture<\/a> (Auto critique)<\/p>\n\n\n\n<p><a href=\"https:\/\/www.miroirsocial.com\/participatif\/des-centaines-de-licenciements-chez-adp-en-pleine-campagne-presidentielle\">Des centaines de licenciements chez ADP, en pleine campagne pr\u00e9sidentielle<\/a> (Miroir Social)<\/p>\n\n\n\n<p><a href=\"https:\/\/positivr.fr\/au-centre-decoute-du-115-lurgence-sociale-est-dans-limpasse\/\">Au centre d\u2019\u00e9coute du 115, l\u2019urgence sociale est dans l\u2019impasse<\/a> (Positivr)<\/p>\n\n\n\n<p><a href=\"https:\/\/www.liberation.fr\/forums\/le-revenu-universel-cette-utopie-du-monde-davant-est-devenue-une-solution-du-monde-dapres-20210528_MBK42KDZHVGYTKYXTDCKGTEQ34\/\">\u00abLe revenu universel, \u2026 est devenue une solution du monde d\u2019apr\u00e8s\u00bb<\/a> (Lib\u00e9ration)<\/p>\n\n\n\n<p><a href=\"https:\/\/blogs.mediapart.fr\/fguillemot\/blog\/290521\/lascenseur-social-commence-apres-la-troisieme\">L&rsquo;ascenseur social commence apr\u00e8s la troisi\u00e8me<\/a> (F.Guillemot &#8211; M\u00e9diapart)<\/p>\n\n\n\n<p><a href=\"https:\/\/www.capital.fr\/auto\/menaces-de-licenciement-des-salaries-prets-a-faire-sauter-leur-usine-1404078?utm_source=capital.fr\">Menac\u00e9s de licenciement, des salari\u00e9s pr\u00eats \u00e0 faire sauter leur usine<\/a> (Capital)<\/p>\n\n\n\n<p><a href=\"https:\/\/www.europe1.fr\/emissions\/anne-roumanoff-ca-fait-du-bien\/boris-cyrulnik-linjustice-social-commence-avant-la-naissance-4048159\">Boris Cyrulnik : \u00ab\u00a0L&rsquo;injustice social commence avant la naissance\u00a0\u00bb<\/a> (Europe 1)<\/p>\n\n\n\n<p><a href=\"https:\/\/www.handirect.fr\/des-activistes-handicapes-condamnes-a-de-la-prison-en-france\/\">Des activistes handicap\u00e9s condamn\u00e9s \u00e0 de la prison en France !<\/a> (Handirect)<\/p>\n\n\n\n<p><a href=\"https:\/\/www.francebleu.fr\/infos\/economie-social\/dordogne-des-ouvriers-etrangers-pas-payes-depuis-deux-mois-sur-le-chantier-d-une-centrale-1622230581\">En Dordogne, des ouvriers \u00e9trangers pas pay\u00e9s depuis deux mois<\/a> (France Bleue)<\/p>\n\n\n\n<figure class=\"wp-block-image is-resized is-style-default\"><img data-recalc-dims=\"1\" loading=\"lazy\" decoding=\"async\" src=\"https:\/\/i0.wp.com\/cdn.radiofrance.fr\/s3\/cruiser-production\/2021\/05\/64cbd65e-716e-4e75-abe7-dc39111ef4f7\/870x489_index.jpg?resize=500%2C281&#038;ssl=1\" alt=\"Les ouvriers concern\u00e9s travaillent sur un chantier de panneaux photovolta\u00efques \u00e0 Saint-Quentin-du-Dropt dans le Lot-et-Garonne (illustration)\" width=\"500\" height=\"281\"\/><figcaption><sub>Les ouvriers concern\u00e9s travaillent sur un chantier de panneaux photovolta\u00efques <\/sub><br><sub>\u00e0 Saint-Quentin-du-Dropt dans le Lot-et-Garonne (illustration)&nbsp;\u00a9 Radio France&nbsp;&#8211;&nbsp;Alexandre Chassignon<\/sub><\/figcaption><\/figure>\n\n\n\n<p><a href=\"https:\/\/www.force-ouvriere.fr\/yves-veyrier-prendre-part-au-syndicat\">Yves Veyrier&nbsp;: \u00ab&nbsp;Prendre part au syndicat&nbsp;\u00bb<\/a> ( FO)<\/p>\n\n\n\n<p><a href=\"https:\/\/www.humanite.fr\/jean-ziegler-un-enfant-qui-meurt-de-faim-est-un-enfant-assassine-708533#xtor=RSS-1\">Jean Ziegler : \u00ab Un enfant qui meurt de faim est un enfant assassin\u00e9 \u00bb<\/a>&nbsp; (L\u2019Humanit\u00e9)<\/p>\n\n\n\n<figure class=\"wp-block-image is-resized is-style-default\"><img data-recalc-dims=\"1\" loading=\"lazy\" decoding=\"async\" src=\"https:\/\/i0.wp.com\/www.humanite.fr\/sites\/default\/files\/styles\/1048x350\/public\/images\/85863.HR.jpg?resize=660%2C283&#038;ssl=1\" alt=\"Dans un camp de d\u00e9plac\u00e9s peuls, au Mali. Ici, la faim conjoncturelle (conflits) et la faim structurelle due au sous-d\u00e9veloppement se conjuguent dramatiquement. \u00a9 Michele Cattani\/AFP\" width=\"660\" height=\"283\" title=\"\"\/><figcaption><sub>Dans un camp de d\u00e9plac\u00e9s peuls, au Mali. Ici, la faim conjoncturelle (conflits) et la faim structurelle due au sous-d\u00e9veloppement <\/sub><br><sub>se conjuguent dramatiquement. \u00a9 Michele Cattani\/AFP<\/sub><\/figcaption><\/figure>\n\n\n\n<p> <span class=\"has-inline-color has-vivid-red-color\"><strong>29 Mai en continu<\/strong><\/span><\/p>\n\n\n\n<p><a href=\"http:\/\/www.npa-auto-critique.org\/2021\/05\/alvance-aluminium-wheel-menacee-de-fermeture.html\">Alvance Aluminium Wheel menac\u00e9e de fermeture<\/a> -Collectif<\/p>\n\n\n\n<p><a href=\"https:\/\/blogs.mediapart.fr\/jean-marc-b\/blog\/280521\/plis-electoraux-ny-touche-pas-tant-que-la-direction-ne-negocie-pas\">Plis \u00e9lectoraux : on n&rsquo;y touche pas tant que la direction ne n\u00e9gocie pas ! <\/a>-Sud Poste 92<\/p>\n\n\n\n<p><a href=\"https:\/\/www.mediacites.fr\/breve\/lille\/2021\/05\/28\/mal-etre-au-travail-les-pompiers-du-nord-en-greve-illimitee\/\">Mal-\u00eatre au travail : les pompiers du Nord en gr\u00e8ve illimit\u00e9e<\/a> (Mediacit\u00e9s)<\/p>\n\n\n\n<figure class=\"wp-block-image is-resized is-style-default\"><img data-recalc-dims=\"1\" loading=\"lazy\" decoding=\"async\" src=\"https:\/\/i0.wp.com\/www.mediacites.fr\/wp-content\/uploads\/2021\/05\/Grve-Pompiers.jpg?resize=475%2C273&#038;ssl=1\" alt=\"\" width=\"475\" height=\"273\"\/><\/figure>\n\n\n\n<p>l<a href=\"http:\/\/www.npa-auto-critique.org\/2021\/05\/le-1er-juin-convergence-de-toute-l-ingenierie-renault-au-technocentre.html\">e 1er juin convergence de toute l&rsquo;ing\u00e9nierie Renault au Technocentre<\/a> (Auto Critique)<\/p>\n\n\n\n<p><a href=\"https:\/\/info.mediapart.fr\/optiext\/optiextension.dll?ID=lPOlQXUpgbiDghTtGMdkIpAbm0eAcwaatZgCC3XWpIMo9NY7czut%2BtOQkkhAQ5BNsBLxfy4PB_6vHlSQCFt5F7bA_VdZM\">La RATP \u00e0 la peine face aux discriminations et aux violences sexistes<\/a> -vid\u00e9o MDP<\/p>\n\n\n\n<p><a href=\"https:\/\/solidaires.org\/Solidaires-accompagne-28-salarie-es-aux-prud-hommes-face-a-la-repression-de-la\">RATP: 28 salari\u00e9-es face \u00e0 la r\u00e9pression quand ils et elles essaient de prot\u00e9ger leur sant\u00e9&nbsp;<\/a> (Solidaires)&nbsp;<\/p>\n\n\n\n<p><a href=\"https:\/\/www.confederationpaysanne.fr\/rp_article.php?id=11503\">PAC : apr\u00e8s la violence des arbitrages, la r\u00e9pression syndicale !<\/a> (Conf\u00e9d\u00e9ration Paysanne)<\/p>\n\n\n\n<p><a href=\"https:\/\/info.mediapart.fr\/optiext\/optiextension.dll?ID=lPOlRobn0Z_v_jAE9CTeFgpwjL_pDYo323Pc2bEzjJUnywb7cM7coP9f09O9PrrAq%2BIlxjxivLcJ%2Bk_EQ3R9sBpkAsrlF\">Justice pour Lauriane et sa famille<\/a> &#8211; collectif CGT des agents des SDIS<\/p>\n\n\n\n<p><a href=\"https:\/\/solidaires.org\/SUD-Rail-renforce-sa-representativite-dans-le-ferroviaire\">SUD-Rail renforce sa repr\u00e9sentativit\u00e9 dans le ferroviaire !<\/a> (Solidaires)<\/p>\n\n\n\n<p><a href=\"https:\/\/www.humanite.fr\/le-covid-19-deteriore-les-conditions-de-travail-de-quatre-travailleurs-sur-dix-708824#xtor=RSS-1\">Le Covid-19 a d\u00e9t\u00e9rior\u00e9 les conditions de travail de quatre travailleurs sur dix<\/a> (L\u2019Humanit\u00e9)<\/p>\n\n\n\n<p><a href=\"https:\/\/www.cgt.fr\/actualites\/france\/industrie\/un-projet-alternatif-pour-lindustrie-automobile-francaise\">Un projet alternatif pour l&rsquo;industrie automobile fran\u00e7aise<\/a> (CGT)<\/p>\n\n\n\n<p><a href=\"https:\/\/www.youtube.com\/watch?v=l4qD3J2FIeY\">Scandale&nbsp;! Le gouvernement supprime encore des lits d\u2019h\u00f4pitaux<\/a> \u2013vid\u00e9o (Le M\u00e9dia)<\/p>\n\n\n\n<figure class=\"wp-block-embed is-type-video is-provider-youtube wp-block-embed-youtube wp-embed-aspect-16-9 wp-has-aspect-ratio\"><div class=\"wp-block-embed__wrapper\">\n<iframe loading=\"lazy\" title=\"SCANDALE ! LE GOUVERNEMENT SUPPRIME ENCORE DES LITS D&#039;H\u00d4PITAUX\" width=\"1200\" height=\"675\" src=\"https:\/\/www.youtube.com\/embed\/l4qD3J2FIeY?feature=oembed\" frameborder=\"0\" allow=\"accelerometer; autoplay; clipboard-write; encrypted-media; gyroscope; picture-in-picture\" allowfullscreen><\/iframe>\n<\/div><\/figure>\n\n\n\n<p><a href=\"https:\/\/www.cgt.fr\/actualites\/france\/interprofessionnel\/dialogue-social\/enquete-teletravail\">Enqu\u00eate t\u00e9l\u00e9travail<\/a> (UGICT-CGT)<\/p>\n\n\n\n<p> <span class=\"has-inline-color has-vivid-red-color\"><strong>27 Mai en continu<\/strong><\/span><\/p>\n\n\n\n<p><a href=\"https:\/\/www.ouest-france.fr\/pays-de-la-loire\/nantes-44000\/les-occupants-de-strong-graslin-strong-denoncent-un-dialogue-rompu-avec-la-direction-61acb954-bebf-11eb-a219-8f747c6d3d1b\">Les occupants de Graslin d\u00e9noncent un dialogue rompu avec la direction<\/a>&nbsp;(Ouest France)<\/p>\n\n\n\n<figure class=\"wp-block-image is-resized is-style-default\"><img loading=\"lazy\" decoding=\"async\" src=\"https:\/\/media.ouest-france.fr\/v1\/pictures\/MjAyMTA1YzYyNDYyZmQ3NzhiNzkxNWJmNWIwYTM0ZWJhZDA4YmM?width=1260&amp;focuspoint=50%2C50&amp;cropresize=1&amp;client_id=bpeditorial&amp;sign=647bff5bc01ebf8f43d9bb854e58a0bcfd0c8a432492e631e5f88537f510cb6e\" alt=\"Les occupants de Graslin d\u00e9noncent, ce jeudi 27\u00a0mai, un dialogue rompu avec la direction.\" width=\"495\" height=\"262\"\/><\/figure>\n\n\n\n<p><a href=\"https:\/\/www.nouvelobs.com\/medias\/20210526.OBS44517\/le-personnel-d-arte-en-greve-pour-denoncer-la-precarite-des-pigistes-et-intermittents.html\">Le personnel d\u2019Arte en gr\u00e8ve pour d\u00e9noncer la pr\u00e9carit\u00e9 des pigistes et intermittents<\/a> (Nouvel Obs)<\/p>\n\n\n\n<p><a href=\"https:\/\/www.youtube.com\/watch?v=l4qD3J2FIeY\">Scandale&nbsp;! Le gouvernement supprime encore des lits d\u2019h\u00f4pitaux<\/a> \u2013vid\u00e9o (Le M\u00e9dia)<\/p>\n\n\n\n<p><a href=\"https:\/\/info.mediapart.fr\/optiext\/optiextension.dll?ID=RjiRnKNgTTO_YzQpiFeuZeO1iBQjohJdPVKKJmfmYaE7U2IBJ%2BF_9MGXhQe_C7xyzkWmYrkMa5J1aXQpZQ6pM6eQfYhBg\">En France, deux millions de personnes vivent dans la grande pauvret\u00e9<\/a> (MDP)<\/p>\n\n\n\n<p><a href=\"https:\/\/dares.travail-emploi.gouv.fr\/donnees\/les-demandeurs-demploi-inscrits-pole-emploi-0\">Les demandeurs d&#8217;emploi au mois d&rsquo;avril 2021<\/a> (Dares)<\/p>\n\n\n\n<p><a href=\"https:\/\/www.capital.fr\/votre-carriere\/apres-des-mois-de-stabilite-le-chomage-a-augmente-en-avril-1404529\">Le nombre de demandeurs d\u2019emploi sans aucune activit\u00e9 en hausse de 1,7&nbsp;% en avril<\/a> (Capital)<\/p>\n\n\n\n<p><a href=\"https:\/\/www.ouest-france.fr\/economie\/environ-200-paysans-au-siege-de-pole-emploi-pour-defendre-une-pac-pour-l-emploi-7276378\">Environ 200 paysans au si\u00e8ge de P\u00f4le Emploi pour d\u00e9fendre une&nbsp;\u00ab\u00a0PAC pour l&#8217;emploi\u00a0\u00bb<\/a> (Ouest France)<\/p>\n\n\n\n<p><a href=\"https:\/\/www.ouest-france.fr\/provence-alpes-cote-dazur\/marseille-13000\/marseille-toujours-occupe-le-theatre-la-criee-annule-les-representations-prevues-debut-juin-f4f4447e-befc-11eb-9382-70d1b3017fb0\">Marseille. Toujours occup\u00e9, le th\u00e9\u00e2tre La Cri\u00e9e annule les repr\u00e9sentations pr\u00e9vues d\u00e9but juin<\/a> (Ouest France)<\/p>\n\n\n\n<p><a href=\"https:\/\/www.francetvinfo.fr\/economie\/retraite\/reforme-des-retraites\/video-reforme-des-retraites-on-n-a-pas-le-temps-de-la-faire-avant-2022-estime-laurent-berger_4639603.html\">R\u00e9forme des retraites&nbsp;: \u00ab\u00a0On n&rsquo;a pas le temps de la faire\u00a0\u00bb avant 2022, estime Laurent Berger<\/a> (France Info)<\/p>\n\n\n\n<p><a href=\"https:\/\/www.ouest-france.fr\/economie\/emploi\/emploi-le-salaire-reste-le-critere-d-attractivite-le-plus-important-pour-les-francais-7274970\">Emploi. Le salaire reste le crit\u00e8re d\u2019attractivit\u00e9 le plus important pour les Fran\u00e7ais<\/a> (Ouest France)<\/p>\n\n\n\n<p><a href=\"https:\/\/www.lagazettedescommunes.com\/747297\/apprentissage-formation-professionnelle-un-bilan-en-demi-teinte-pour-les-regions\/\">Apprentissage, formation professionnelle : un bilan en demi-teinte pour les r\u00e9gions<\/a> (Gazette des Communes)<\/p>\n\n\n\n<figure class=\"wp-block-image is-style-default\"><img data-recalc-dims=\"1\" decoding=\"async\" src=\"https:\/\/lupodessins.files.wordpress.com\/2020\/05\/illustration_sans_titre-1.jpg?w=1200&#038;h=9999&#038;fit=560%2C9999\" alt=\"\" title=\"Coronavirus et t\u00e9l\u00e9travail\"\/><\/figure>\n\n\n\n<p> <span class=\"has-inline-color has-vivid-red-color\"><strong>26 Mai en continu<\/strong><\/span><\/p>\n\n\n\n<p><a href=\"https:\/\/www.lalsace.fr\/social\/2021\/05\/26\/mouvement-social-chez-ds-smith-france-a-kunheim\">Mouvement social chez DS Smith France<\/a> (L\u2019Alsace)<\/p>\n\n\n\n<p><a href=\"https:\/\/www.europe1.fr\/emissions\/L-edito-eco\/greve-des-eboueurs-est-ce-le-premier-signe-du-reveil-social-lie-au-deconfinement-4047552\">Gr\u00e8ve des \u00e9boueurs : est-ce le premier signe du r\u00e9veil social li\u00e9 au d\u00e9confinement ?<\/a> (Europe 1)<\/p>\n\n\n\n<p><a href=\"https:\/\/rapportsdeforce.fr\/classes-en-lutte\/hotel-ibis-batignolles-les-clefs-dune-victoire-historique-pour-les-femmes-de-chambre-052610400\">H\u00f4tel Ibis Batignolles : les clefs d\u2019une victoire historique pour les femmes de chambre<\/a> (Rapports de Force)<a href=\"https:\/\/solidaires.org\/Paris-Le-collectif-Requisitions-repasse-a-l-action-a-Paris-dimanche-30-mai\"><br><br>(Paris) Le collectif R\u00e9quisitions repasse \u00e0 l\u2019action \u00e0 Paris dimanche 30 mai<\/a> (Solidaires)<\/p>\n\n\n\n<p><a href=\"https:\/\/dijoncter.info\/greve-contre-les-dividendes-a-safran-electronics-defens-2832\">Gr\u00e8ve contre les dividendes \u00e0 Safran Electronics &amp; Defens<\/a>e (Dijoncter )<\/p>\n\n\n\n<figure class=\"wp-block-image is-resized is-style-default\"><img data-recalc-dims=\"1\" loading=\"lazy\" decoding=\"async\" src=\"https:\/\/i0.wp.com\/dijoncter.info\/local\/cache-vignettes\/L900xH599\/arton2832-d08dc.jpg?resize=509%2C339&#038;ssl=1\" alt=\"\" width=\"509\" height=\"339\"\/><\/figure>\n\n\n\n<p><a href=\"https:\/\/www.lefigaro.fr\/economie\/les-burn-out-severes-ont-explose-en-un-an-20210526\">Les burn-out s\u00e9v\u00e8res ont explos\u00e9 en un an<\/a> (Le Figaro)<\/p>\n\n\n\n<p><a href=\"https:\/\/www.sudouest.fr\/economie\/economie-la-cour-d-appel-de-paris-requalifie-en-contrat-de-travail-le-lien-entre-un-chauffeur-et-uber-3151288.php\">&nbsp;La cour d\u2019appel de Paris requalifie en contrat de travail le lien entre un chauffeur et Uber<\/a> (Sud Ouest)<\/p>\n\n\n\n<p><a href=\"https:\/\/www.lefigaro.fr\/societes\/les-chauffeurs-d-uber-au-royaume-uni-pourront-se-syndiquer-une-premiere-20210526\">Les chauffeurs d&rsquo;Uber au Royaume-Uni pourront se syndiquer, une premi\u00e8re<\/a> (Le Figaro)<\/p>\n\n\n\n<p>F<a href=\"https:\/\/www.lesechos.fr\/economie-france\/social\/fonction-publique-fin-du-teletravail-a-100-le-9-juin-1318108\">onction publique&nbsp;: fin du t\u00e9l\u00e9travail \u00e0 100&nbsp;% le 9&nbsp;juin<\/a> (Les Echos)<\/p>\n\n\n\n<p><a href=\"https:\/\/www.lemonde.fr\/idees\/article\/2021\/05\/25\/aucune-etude-n-a-jamais-etabli-de-lien-de-causalite-entre-assurance-chomage-et-explosion-des-contrats-courts_6081357_3232.html?\">\u00ab&nbsp;Aucune \u00e9tude n\u2019\u00e9tablit de lien entre assurance-ch\u00f4mage et explosion des contrats courts&nbsp;\u00bb<\/a> (Le Monde)<\/p>\n\n\n\n<p><a href=\"https:\/\/www.liberation.fr\/forums\/le-revenu-de-base-une-solution-pour-la-jeunesse-20210526_H46GPEH2IJH63FAM7QAFQWL25I\/\">Le revenu de base, une solution pour la jeunesse&nbsp;?<\/a> (Lib\u00e9)<\/p>\n\n\n\n<p><a href=\"https:\/\/www.lemonde.fr\/politique\/article\/2021\/05\/26\/debats-autour-de-l-ouverture-de-l-assurance-chomage-aux-detenus_6081524_823448.html\">D\u00e9bats autour de l\u2019ouverture de l\u2019assurance-ch\u00f4mage aux d\u00e9tenus<\/a> (Le Monde)<\/p>\n\n\n\n<p><a href=\"https:\/\/www.bfmtv.com\/economie\/patrick-martin-medef-la-reforme-de-l-assurance-chomage-va-dans-le-bon-sens_AV-202105250414.html\">Patrick Martin (Medef): la r\u00e9forme de l&rsquo;assurance-ch\u00f4mage \u00ab\u00a0va dans le bon sens\u00a0\u00bb<\/a> (BFM)<\/p>\n\n\n\n<p><a href=\"https:\/\/www.liberation.fr\/societe\/sante\/rebond-de-tabagisme-chez-les-plus-precaires-en-2020-20210526_VD2DLRGMX5FWXDR3CKTSGWIZ4I\/\">Rebond de tabagisme chez les plus pr\u00e9caires en&nbsp;2020<\/a> (Lib\u00e9ration)<\/p>\n\n\n\n<p><a href=\"https:\/\/www.liberation.fr\/forums\/le-revenu-de-base-une-solution-pour-la-jeunesse-20210526_H46GPEH2IJH63FAM7QAFQWL25I\/\">Le revenu de base, une solution pour la jeunesse&nbsp;?<\/a> (Lib\u00e9ration)<\/p>\n\n\n\n<p><a href=\"https:\/\/www.batirama.com\/article\/40877-logement-social-au-plus-bas-cri-d-alarme-de-l-aorif.html\">Logement social au plus bas : cri d\u2019alarme de l\u2019Aorif<\/a> (Batirama)<\/p>\n\n\n\n<p><a href=\"https:\/\/toulouse.latribune.fr\/innovation\/2021-05-25\/akka-les-syndicats-prets-a-contester-devant-la-justice-le-plan-social-885331.html\">Akka&nbsp;: les syndicats pr\u00eats \u00e0 contester devant la justice le plan social<\/a> (La Tribune)<\/p>\n\n\n\n<p><a href=\"https:\/\/www.infomigrants.net\/fr\/post\/32495\/fin-de-la-treve-hivernale-en-france-les-hebergements-d-urgence-maintenus\">Fin de la tr\u00eave hivernale en France : les h\u00e9bergements d&rsquo;urgence maintenus<\/a> (Infomigrants)<\/p>\n\n\n\n<p><a href=\"https:\/\/www.liberation.fr\/forums\/daniele-linhart-ne-faut-il-pas-se-mefier-du-revenu-de-base-20210521_M5IVWSCZ3NHHLDDSMSMJJPN7WE\/\">Dani\u00e8le Linhart&nbsp;: \u00abNe faut-il pas se m\u00e9fier du revenu de base&nbsp;?\u00bb<\/a> (Lib\u00e9)<\/p>\n\n\n\n<p><a href=\"https:\/\/www.latribune.fr\/economie\/france\/l-existence-de-la-pauvrete-est-un-probleme-politique-884765.html\">\u00ab L&rsquo;existence de la pauvret\u00e9 est un probl\u00e8me politique \u00bb<\/a> (La Tribune)<\/p>\n\n\n\n<p><a href=\"https:\/\/france3-regions.francetvinfo.fr\/auvergne-rhone-alpes\/ain\/ain-des-tueurs-a-gage-en-lien-avec-les-renseignements-devaient-tuer-un-syndicaliste-une-cheffe-d-entreprise-ecrouee-2100379.html\">Tueurs \u00e0 gage en lien avec les renseignements devaient tuer un syndicaliste, cheffe d&rsquo;entreprise \u00e9crou\u00e9e<\/a> (FR3)<\/p>\n\n\n\n<p><a href=\"https:\/\/reflets.info\/articles\/emploi-a-domicile-comment-bercy-a-enterre-la-reforme-de-la-niche-fiscale\">Emploi \u00e0 domicile : comment Bercy a enterr\u00e9 la r\u00e9forme de la niche fiscale<\/a> (Reflets.info)&nbsp;<\/p>\n\n\n\n<p><a href=\"https:\/\/ricochets.cc\/Un-veritable-salaire-un-vrai-statut-pour-un-vrai-metier-celui-des-AESH.html\">Un v\u00e9ritable salaire, un vrai statut pour un vrai m\u00e9tier, celui des AESH&nbsp;!<\/a> (Ricochets)<\/p>\n\n\n\n<p><a href=\"http:\/\/www.regards.fr\/la-midinale\/article\/vincent-drezet-notre-systeme-fiscal-est-tres-peu-redistributif\">Vincent Drezet : \u00ab Notre syst\u00e8me fiscal est tr\u00e8s peu redistributif \u00bb<\/a> (Regards)<\/p>\n\n\n\n<p><a href=\"https:\/\/www.bondyblog.fr\/societe\/migrations\/a-montreuil-un-foyer-des-travailleurs-immigres-resiste-a-la-gentrification\/\">\u00c0 Montreuil, un foyer des travailleurs immigr\u00e9s r\u00e9siste \u00e0 la gentrification<\/a> (Le Bondy Blog)<\/p>\n\n\n\n<figure class=\"wp-block-image is-style-default\"><img data-recalc-dims=\"1\" decoding=\"async\" src=\"https:\/\/i0.wp.com\/www.bondyblog.fr\/app\/uploads\/2021\/05\/COLLECTIF-1-1170x480-c-default.jpg?w=1200&#038;ssl=1\" alt=\"\"\/><\/figure>\n\n\n\n<p> <span class=\"has-inline-color has-vivid-red-color\"><strong>26 Mai en continu<\/strong><\/span><\/p>\n\n\n\n<p><a href=\"https:\/\/info.mediapart.fr\/optiext\/optiextension.dll?ID=oSToURY6JtxB49O_tZUcfvw37oNxm_Vv5YNEHubZSE0O_85EhlsuHRt7bbGzWzgTZARXoeLWT5u4W%2BeNWPD05zFQw57oh\">Ibis Batignolles: \u00abDans ce combat, j\u2019ai appris la dignit\u00e9\u00bb<\/a> -vid\u00e9o (MDP)<\/p>\n\n\n\n<figure class=\"wp-block-embed is-type-video is-provider-youtube wp-block-embed-youtube wp-embed-aspect-16-9 wp-has-aspect-ratio\"><div class=\"wp-block-embed__wrapper\">\n<iframe loading=\"lazy\" title=\"Ibis Batignolles: \u00abDans ce combat, j&#039;ai appris la dignit\u00e9\u00bb\" width=\"1200\" height=\"675\" src=\"https:\/\/www.youtube.com\/embed\/NE2Opjh-0QE?feature=oembed\" frameborder=\"0\" allow=\"accelerometer; autoplay; clipboard-write; encrypted-media; gyroscope; picture-in-picture\" allowfullscreen><\/iframe>\n<\/div><\/figure>\n\n\n\n<p><a href=\"https:\/\/lanticapitaliste.org\/actualite\/entreprises\/fonderie-de-bretagne-caudan-est-toujours-la\">Fonderie de Bretagne (Caudan): \u00ab On est toujours l\u00e0 \u00bb<\/a> (L\u2019Anticapitaliste)<\/p>\n\n\n\n<p><a href=\"https:\/\/info.mediapart.fr\/optiext\/optiextension.dll?ID=oSToREycKSREUCKwb0tvoWMQhB%2BRyflOgHEgNIZyV%2B8DS3QEh2yv%2B3jZlGfq1GiPgFriryTjMFUYcOa3UPoLNIdh%2B9u_p\">Face au low cost, mettre \u00abhors march\u00e9\u00bb une partie des revenus<\/a> &#8211; Beno\u00eet Borrits<\/p>\n\n\n\n<p><a href=\"https:\/\/www.revolutionpermanente.fr\/Victoire-des-femmes-de-chambre-d-Ibis-Batignolles-apres-22-mois-de-lutte\">Victoire des femmes de chambre d\u2019Ibis Batignolles apr\u00e8s 22 mois de lutte<\/a> (RP)<\/p>\n\n\n\n<p><a href=\"https:\/\/rapportsdeforce.fr\/classes-en-lutte\/pas-une-minute-de-plus-les-agents-territoriaux-en-greve-pour-sauver-leurs-acquis-sociaux-03099568\">\u201cPas une minute de plus !\u201d : les agents territoriaux en gr\u00e8vepour sauver leurs acquis sociaux<\/a> (Rapports de force)<\/p>\n\n\n\n<figure class=\"wp-block-image is-resized is-style-default\"><img data-recalc-dims=\"1\" loading=\"lazy\" decoding=\"async\" src=\"https:\/\/i0.wp.com\/rapportsdeforce.fr\/wp-content\/uploads\/2021\/03\/IMG_20210309_103352-820x547.jpg?resize=448%2C299&#038;ssl=1\" alt=\"agents territoriaux\" width=\"448\" height=\"299\"\/><\/figure>\n\n\n\n<p><a href=\"https:\/\/www.revolutionpermanente.fr\/Fonderie-MBF-On-veut-le-maintien-de-l-emploi-les-salaries-menacent-de-faire-exploser-l-usine\">Fonderie MBF. \u00ab&nbsp;On veut le maintien de l\u2019emploi&nbsp;\u00bb&nbsp;: les salari\u00e9s menacent de faire exploser l\u2019usine<\/a> (RP)<\/p>\n\n\n\n<p><a href=\"https:\/\/www.humanite.fr\/travailleurs-sociaux-je-vois-les-conditions-se-degrader-depuis-quelques-annees-708299#xtor=RSS-1\">Travailleurs sociaux .\u00ab Je vois les conditions se d\u00e9grader depuis quelques ann\u00e9es \u00bb<\/a> (L\u2019Humanit\u00e9)<\/p>\n\n\n\n<p><a href=\"https:\/\/www.revolutionpermanente.fr\/Greve-pour-la-dignite-les-eboueurs-occupent-la-mairie-de-Paris-Hidalgo-repond-par-la-repression\">\u00ab\u00a0Gr\u00e8ve pour la dignit\u00e9\u00a0\u00bb&nbsp;: les \u00e9boueurs occupent la mairie de Paris, Hidalgo r\u00e9pond par la r\u00e9pression<\/a> (RP)<\/p>\n\n\n\n<figure class=\"wp-block-image is-resized is-style-default\"><img data-recalc-dims=\"1\" loading=\"lazy\" decoding=\"async\" src=\"https:\/\/i0.wp.com\/www.revolutionpermanente.fr\/local\/cache-vignettes\/L653xH368\/arton25308-d80a5.jpg?resize=450%2C254&#038;ssl=1\" alt=\"\" width=\"450\" height=\"254\"\/><\/figure>\n\n\n\n<p><a href=\"https:\/\/www.revolutionpermanente.fr\/Rozenn-contre-Chronodrive-Le-4-juin-tous-devant-les-Prud-hommes-de-Toulouse\">Rozenn contre Chronodrive&nbsp;: Le 4 juin tous devant les Prud\u2019hommes de Toulouse&nbsp;!<\/a> -Coline Isabel<\/p>\n\n\n\n<p><a href=\"https:\/\/info.mediapart.fr\/optiext\/optiextension.dll?ID=oSToTOuHq49uf0XSuMRCLs7Iwhjx5QgtS1rMzKgv%2BC2rMeLEgPO5sWcFJc3PKPCrbryj9Ps5GPeTZw6XI9raX%2B69uauMY\">La garantie de l\u2019emploi: \u00e0 propos du livre de Pavlina Tcherneva (1\/2)<\/a> &#8211; Hans.Cova<\/p>\n\n\n\n<p><a href=\"https:\/\/www.lesechos.fr\/monde\/etats-unis\/la-question-des-allocations-chomage-enflamme-les-etats-unis-1317748\">La&nbsp; question des allocations-ch\u00f4mage enflamme les Etats-Unis<\/a> (Les Echos)<\/p>\n\n\n\n<p><a href=\"https:\/\/www.capital.fr\/votre-argent\/voici-les-regions-ou-les-inegalites-de-revenus-sont-les-plus-fortes-1404235\">Voici les r\u00e9gions o\u00f9 les in\u00e9galit\u00e9s de revenus sont les plus fortes<\/a> (Capital)<\/p>\n\n\n\n<p><a href=\"https:\/\/www.francetvinfo.fr\/replay-radio\/le-decryptage-eco\/le-decryptage-eco-reforme-de-l-assurance-chomage-la-fronde-prend-de-l-ampleur_4619455.html\">R\u00e9forme de l&rsquo;assurance ch\u00f4mage : la fronde prend de l&rsquo;ampleur<\/a> (France Info)<\/p>\n\n\n\n<p><a href=\"https:\/\/www.lesechos.fr\/economie-france\/social\/cotisations-sociales-de-nouvelles-mesures-daccompagnement-pour-les-travailleurs-independants-1317793\">Cotisations sociales&nbsp;: de nouvelles mesures d&rsquo;accompagnement pour les travailleurs ind\u00e9pendants<\/a> (Les Echos)<\/p>\n\n\n\n<p><a href=\"https:\/\/www.sudouest.fr\/economie\/emploi\/covid-19-830-000-chomeurs-en-fin-de-droit-ont-beneficie-de-la-prolongation-d-indemnisation-3129701.php\">Plus de 800.000 ch\u00f4meurs en fin de droit auront b\u00e9n\u00e9fici\u00e9 de la prolongation d&rsquo;indemnisation<\/a> (Sud Ouest)<\/p>\n\n\n\n<p><a href=\"https:\/\/www.vie-publique.fr\/en-bref\/279952-crise-sanitaire-quelles-evolutions-de-la-pauvrete-et-de-lexclusion\">Crise sanitaire : quelles \u00e9volutions de la pauvret\u00e9 et de l&rsquo;exclusion sociale ?<\/a> (Vie Publique)<\/p>\n\n\n\n<p><a href=\"https:\/\/www.larep.fr\/orleans-45000\/actualites\/theatres-occupes-a-orleans-la-coordination-nationale-des-intermittents-de-l-emploi-appelle-au-chahut-general_13957267\/\">La coordination nationale des \u00ab\u00a0intermittents de l&#8217;emploi\u00a0\u00bb appelle au \u00ab\u00a0chahut g\u00e9n\u00e9ral\u00a0\u00bb<\/a> (La Rep)<\/p>\n\n\n\n<p><a href=\"https:\/\/www.convergencesrevolutionnaires.org\/Les-choses-ne-sont-pas-donnees-sauf-la-misere-et-la-matraque\">\u00ab&nbsp;Les choses ne sont pas donn\u00e9es&nbsp;\u00bb\u2026 sauf la mis\u00e8re et la matraque&nbsp;!<\/a> (Convergence r\u00e9volutionnaire)<\/p>\n\n\n\n\n\n<p> <span class=\"has-inline-color has-vivid-red-color\"><strong>25 Mai en continu<\/strong><\/span><\/p>\n\n\n\n<p><a href=\"https:\/\/www.humanite.fr\/electricite-la-tarification-dynamique-va-faire-exploser-vos-factures-707321\">\u00c9lectricit\u00e9. La \u00ab&nbsp;tarification dynamique&nbsp;\u00bb va faire exploser vos factures<\/a> (Huma)<\/p>\n\n\n\n<p><a href=\"https:\/\/www.politis.fr\/articles\/2021\/05\/edf-le-projet-hercule-enterre-43189\/\">EDF&nbsp;: Le projet \u00ab&nbsp;Hercule&nbsp;\u00bb enterr\u00e9<\/a> (Politis)<\/p>\n\n\n\n<p><a href=\"https:\/\/www.francebleu.fr\/infos\/societe\/a-orleans-un-appel-lance-a-continuer-l-occupation-des-theatres-et-des-lieux-culturels-1621875442\">A Orl\u00e9ans, un appel lanc\u00e9 \u00e0 continuer l&rsquo;occupation des th\u00e9\u00e2tres et des lieux culturels<\/a> (France Bleu)<\/p>\n\n\n\n<p><a href=\"https:\/\/www.lefigaro.fr\/culture\/assignes-au-tribunal-les-occupants-de-l-opera-de-lyon-annoncent-leur-demenagement-20210523\">Assign\u00e9s au tribunal, les occupants de l&rsquo;Op\u00e9ra de Lyon annoncent leur \u00abd\u00e9m\u00e9nagement\u00bb<\/a> (Figaro)<\/p>\n\n\n\n<p>S<a href=\"https:\/\/www.lesechos.fr\/industrie-services\/services-conseils\/soutien-a-la-culture-dialogue-de-sourds-entre-les-intermittents-et-le-gouvernement-1317469\">outien \u00e0 la culture&nbsp;: dialogue de sourds entre les intermittents et le gouvernement<\/a> (Les Echos)<\/p>\n\n\n\n<p><a href=\"http:\/\/www.slate.fr\/societe\/regrets-eternels\/2-comment-meurt-on-quand-pauvre-combat-dignite-collectif-associations-cout-funerailles-sepulture-decente\">Comment meurt-on quand on est pauvre?<\/a> (Slate)<\/p>\n\n\n\n<p><a href=\"https:\/\/www.lemonde.fr\/culture\/article\/2021\/05\/23\/les-intermittents-du-spectacle-quittent-le-theatre-de-l-odeon-occupe-depuis-mars_6081193_3246.html\">Apr\u00e8s trois mois d&rsquo;occupation, les intermittents quittent le th\u00e9\u00e2tre de l&rsquo;Od\u00e9on et investissent le 104<\/a> (Le Monde)<\/p>\n\n\n\n<p><a href=\"https:\/\/info.mediapart.fr\/optiext\/optiextension.dll?ID=JbaJecj6KOpkgOHHhNhgv6zU62QWpcqXti5UE_0a%2BcPWGEZZQDMmnFhpjSWAaCacK_EPaU%2B4k3IRi74ksr3ywonygFCtj\">Les femmes de chambre de l\u2019Ibis Batignolles gagnent apr\u00e8s 22 mois de lutte<\/a> (MDP)<\/p>\n\n\n\n<figure class=\"wp-block-embed is-type-video is-provider-youtube wp-block-embed-youtube wp-embed-aspect-16-9 wp-has-aspect-ratio\"><div class=\"wp-block-embed__wrapper\">\n<iframe loading=\"lazy\" title=\"Les femmes de chambre de l\u2019h\u00f4tel Ibis Batignolles en gr\u00e8ve contre la sous-traitance\" width=\"1200\" height=\"675\" src=\"https:\/\/www.youtube.com\/embed\/0n2dA8Pozx8?feature=oembed\" frameborder=\"0\" allow=\"accelerometer; autoplay; clipboard-write; encrypted-media; gyroscope; picture-in-picture\" allowfullscreen><\/iframe>\n<\/div><\/figure>\n\n\n\n<p><a href=\"https:\/\/www.ash.tm.fr\/logement-hebergement\/hebergement-durgence-le-gouvernement-donne-gain-de-cause-aux-associations-670038.php\">H\u00e9bergement d\u2019urgence : le gouvernement donne gain de cause aux associations<\/a> (ASH)<\/p>\n\n\n\n<p><a href=\"https:\/\/www.actuel-rh.fr\/content\/le-conseil-detat-juge-que-le-gouvernement-netait-pas-habilite-raccourcir-les-delais-du-cse-0\">Le Conseil d&rsquo;Etat juge que le gouvernement n&rsquo;\u00e9tait pas habilit\u00e9 \u00e0 raccourcir les d\u00e9lais du CSE<\/a> ( actuEL RH)<\/p>\n\n\n\n<p><a href=\"https:\/\/lvsl.fr\/quelle-place-pour-la-cgt-dans-lespace-de-la-contestation-sociale\/\">Quelle place pour la CGT dans l\u2019espace de la contestation sociale ?<\/a> (Le Vent Se L\u00e8ve)<\/p>\n\n\n\n<p><a href=\"https:\/\/solidaires.org\/Preavis-de-greve-Solidaires-Fonction-publique-du-1er-au-30-juin-2021\">Pr\u00e9avis de gr\u00e8ve Solidaires Fonction publique du 1er au 30 juin 2021<\/a> (Solidaires)<\/p>\n\n\n\n<p><a href=\"https:\/\/www.liaisons-sociales.fr\/Content\/DocumentAlaune.aspx?params=H4sIAAAAAAAEAMtMSbF1CTEwMDA1NzKzNDZXK0stKs7Mz7M1MjAyNDA1NFHLy09JDXFxti3NS0lNy8xLTQEpyUyrdMlPDqksSLVNS8wpTlVLTcrPz0YxKR5mAgCCTzh7YwAAAA==WKE\">Les travailleurs des plateformes au milieu du gu\u00e9<\/a> (Liaisons sociales)<\/p>\n\n\n\n<p><a href=\"https:\/\/www.ash.tm.fr\/racine\/politique-economique-et-sociale\/vie-associative-une-politique-trop-instable-cour-des-comptes-670009.php\">Vie associative : une politique trop instable (Cour des comptes)<\/a> (ASH)<\/p>\n\n\n\n<p><a href=\"https:\/\/www.frustrationmagazine.fr\/socialcast-le-podcast-de-la-lutte-de-classes-produit-pour-spectre-le-teaser-officiel\/\">Socialcast, le podcast de la lutte de classes produit pour \u00ab&nbsp;Spectre&nbsp;\u00bb : le teaser officiel <\/a>!&nbsp; (Frustration)<\/p>\n\n\n\n<p><a href=\"https:\/\/www.lien-social.com\/ACTU-Mineurs-exiles-l-ONU-saisie\">Mineurs exil\u00e9s&nbsp;: l\u2019ONU saisie<\/a> (Lien Social)<\/p>\n\n\n\n<p><a href=\"https:\/\/www.lien-social.com\/%E2%96%A0-ACTU-Assistants-familiaux-o-En-greve\">Assistants familiaux \u2022 En gr\u00e8ve<\/a> (Lien Social)<\/p>\n\n\n\n<figure class=\"wp-block-image is-resized is-style-default\"><img data-recalc-dims=\"1\" loading=\"lazy\" decoding=\"async\" src=\"https:\/\/i0.wp.com\/static.mediapart.fr\/etmagine\/default\/files\/2020\/11\/29\/che-guevara.jpg?resize=416%2C348&#038;ssl=1\" alt=\"che-guevara\" width=\"416\" height=\"348\"\/><\/figure>\n\n\n\n<p> <span class=\"has-inline-color has-vivid-red-color\"><strong>24 Mai en continu<\/strong><\/span><\/p>\n\n\n\n<p><a href=\"https:\/\/info.mediapart.fr\/optiext\/optiextension.dll?ID=2uv2urmGS5tPO%2B3mucKAu6ZNt6FHC3hRFiY7dcp3O2_8kcrM_juYIBQxLuVX9%2BF7dTHaK6nY9HsTeZtDak7JC_o46oZoS\">A la fonderie MBF de Saint-Claude: \u00abIls n\u2019auront pas les machines\u00bb<\/a> (MDP)<\/p>\n\n\n\n<figure class=\"wp-block-embed is-type-video is-provider-youtube wp-block-embed-youtube wp-embed-aspect-16-9 wp-has-aspect-ratio\"><div class=\"wp-block-embed__wrapper\">\n<iframe loading=\"lazy\" title=\"\u00ab Si \u00e7a ferme ce sera un drame \u00bb, \u00e0 Saint-Claude, la fonderie MBF est suspendue \u00e0 la justice\" width=\"1200\" height=\"675\" src=\"https:\/\/www.youtube.com\/embed\/2F2Q3trwS-g?feature=oembed\" frameborder=\"0\" allow=\"accelerometer; autoplay; clipboard-write; encrypted-media; gyroscope; picture-in-picture\" allowfullscreen><\/iframe>\n<\/div><\/figure>\n\n\n\n<p><a href=\"https:\/\/lafranceinsoumise.fr\/2021\/05\/21\/victoire-pour-les-salaries-de-monoprix\/\">Victoire pour les salari\u00e9s de Monoprix<\/a> (LFI)<\/p>\n\n\n\n<p><a href=\"https:\/\/www.boursorama.com\/videos\/actualites\/paris-les-intermittents-ont-quitte-le-theatre-de-l-odeon-45b38e8593077ada81777cfca150056d\">Paris: les intermittents ont quitt\u00e9 le th\u00e9\u00e2tre de l&rsquo;Od\u00e9on<\/a> (AFP vid\u00e9o)<\/p>\n\n\n\n<p><a href=\"http:\/\/www.npa-auto-critique.org\/2021\/05\/le-gouvernemet-va-t-il-laisser-mourir-la-fonderie-sbf.html\">Le gouvernemet va-t-il laisser mourir la fonderie SBF ?<\/a> (Auto Critique)<\/p>\n\n\n\n<p><a href=\"https:\/\/www.alternatives-economiques.fr\/rachel-silvera\/a-quoi-une-nouvelle-loi-legalite-professionnelle\/00099064\">A quoi bon une nouvelle loi sur l\u2019\u00e9galit\u00e9 professionnelle&nbsp;?<\/a> (Alter \u00e9co)<\/p>\n\n\n\n<p><a href=\"https:\/\/www.lemonde.fr\/blog\/piketty\/2021\/05\/18\/du-revenu-de-base-a-lheritage-pour-tous\/\">Du revenu de base \u00e0 l\u2019h\u00e9ritage pour tous<\/a> (Thomas Piketty)<\/p>\n\n\n\n<figure class=\"wp-block-image is-style-default\"><img data-recalc-dims=\"1\" decoding=\"async\" src=\"https:\/\/i0.wp.com\/asset.lemde.fr\/prd-blogs\/2021\/05\/af1d86fe-g11.17.png?w=1200&#038;ssl=1\" alt=\"\" class=\"wp-image-1821\"\/><\/figure>\n\n\n\n<p><a href=\"https:\/\/blog.insee.fr\/pourquoi-le-chomage-na-t-il-pas-augmente-avec-la-crise-en-2020\/\">Pourquoi le ch\u00f4mage n\u2019a-t-il pas augment\u00e9 avec la crise en 2020<\/a>&nbsp;? (INSEE)<\/p>\n\n\n\n<p><a href=\"https:\/\/ceet.cnam.fr\/publications\/connaissance-de-l-emploi\/quelles-sont-les-conditions-de-travail-et-d-emploi-des-metiers-de-la-deuxieme-ligne-de-la-crise-covid--1258824.kjsp?RH=1507626697168\">Conditions de travail et d&#8217;emploi des m\u00e9tiers de la \u00ab\u00a0deuxi\u00e8me ligne\u00a0\u00bb de la crise Covid&nbsp;?<\/a> <a href=\"https:\/\/ceet.cnam.fr\/publications\/connaissance-de-l-emploi\/quelles-sont-les-conditions-de-travail-et-d-emploi-des-metiers-de-la-deuxieme-ligne-de-la-crise-covid--1258824.kjsp?RH=1507626697168\">(<\/a>Connaissances de l&#8217;emploi<a href=\"https:\/\/ceet.cnam.fr\/publications\/connaissance-de-l-emploi\/quelles-sont-les-conditions-de-travail-et-d-emploi-des-metiers-de-la-deuxieme-ligne-de-la-crise-covid--1258824.kjsp?RH=1507626697168\">)<\/a><\/p>\n\n\n\n<p><a href=\"https:\/\/www.alternatives-economiques.fr\/avenir-teletravail\/00099067\">Quel avenir pour le t\u00e9l\u00e9travail&nbsp;?<\/a> <a href=\"https:\/\/www.alternatives-economiques.fr\/avenir-teletravail\/00099067\">(<\/a>Alter \u00e9co<a href=\"https:\/\/www.alternatives-economiques.fr\/avenir-teletravail\/00099067\">)<\/a><\/p>\n\n\n\n<p> <span class=\"has-inline-color has-vivid-red-color\"><strong>23 Mai en continu<\/strong><\/span><\/p>\n\n\n\n<p><a href=\"https:\/\/www.humanite.fr\/occupons-denis-gravouil-nous-ne-voulons-pas-empecher-les-spectacles-mais-nous-continuons-la-lutte#xtor=RSS-1\">#Occupons : \u00ab Nous ne voulons pas emp\u00eacher les spectacles, mais nous continuons la lutte \u00bb<\/a> (L\u2019Humanit\u00e9)<\/p>\n\n\n\n<p><a href=\"https:\/\/info.mediapart.fr\/optiext\/optiextension.dll?ID=E89E_oKDpHSRgOjq5A57fkMJOjdBpIfOACbrrMoCeE4kUm3Uw9GjGBBDqnzuADPqsdwdA%2Bxjviv5m0Hts%2BPo1j0TuRkoZ\">Pas au cin\u00e9, pas en terrasse, dans la rue!<\/a> -Claire Ze<\/p>\n\n\n\n<p><a href=\"https:\/\/info.mediapart.fr\/optiext\/optiextension.dll?ID=E89E%2BJTe_wR9m_QUzq4SX0ctMAqZs6fD1bd6umtlrLbhUlaowhAHHmJc_N2rLsFV5CIJOhKIogtf2qmpDKBmIajeZ0iwT\">\u00abGr\u00e8ve ou cr\u00e8ve\u00bb, le combat en h\u00e9ritage<\/a> ( T\u00ebnk &amp; Mediapart)<\/p>\n\n\n\n<p><a href=\"https:\/\/lvsl.fr\/pavlina-tcherneva-soit-on-garantit-lemploi-soit-le-chomage\/\">Pavlina Tcherneva : \u00ab Soit on garantit l\u2019emploi, soit le ch\u00f4mage \u00bb<\/a> ( Le Vent Se L\u00e8ve)&nbsp;<\/p>\n\n\n\n<figure class=\"wp-block-image is-style-default\"><img decoding=\"async\" src=\"https:\/\/scontent.fhex4-2.fna.fbcdn.net\/v\/t1.6435-9\/s720x720\/189121058_1208297522926047_7410508584056941723_n.png?_nc_cat=110&amp;ccb=1-3&amp;_nc_sid=730e14&amp;_nc_ohc=JN3xeML3D_QAX9cq-Fe&amp;_nc_ht=scontent.fhex4-2.fna&amp;tp=30&amp;oh=bb3970b0c4950e2bafd60f6172ccb831&amp;oe=60D0B21E\" alt=\"Peut \u00eatre une image de 3 personnes et texte\"\/><figcaption><sub>\u00ab\u00a0Distinction\u00a0\u00bb et s\u00e9paratisme social<\/sub><\/figcaption><\/figure>\n\n\n\n<p> <span class=\"has-inline-color has-vivid-red-color\"><strong>22 Mai en continu<\/strong><\/span><\/p>\n\n\n\n<p><a href=\"https:\/\/www.contrepoints.org\/2021\/05\/18\/397606-leducation-ou-le-social-il-va-falloir-choisir\">L\u2019\u00e9ducation ou le social, il va falloir choisir<\/a> (Contrepoints)<\/p>\n\n\n\n<p><a href=\"https:\/\/www.ouest-france.fr\/bretagne\/carhaix-plouguer-29270\/carhaix-mobilisation-du-personnel-de-sante-on-fait-le-meme-travail-mais-on-n-a-pas-de-prime-7666d29a-ba2c-11eb-9f68-462af952901d\">Le personnel de sant\u00e9 \u00e0 Carhaix&nbsp;: \u00ab&nbsp;On fait le m\u00eame travail, mais on n\u2019a pas de prime&nbsp;\u00bb<\/a> (vid\u00e9o Ouest France)<\/p>\n\n\n\n<p><a href=\"https:\/\/www.lemonde.fr\/idees\/article\/2021\/05\/21\/responsabilite-sociale-des-entreprises-l-obsession-de-la-norme-fait-disparaitre-du-tableau-la-question-du-sens-et-des-valeurs_6081015_3232.html\">Responsabilit\u00e9 sociale des entreprises<\/a> ( Le Monde)<\/p>\n\n\n\n<p><a href=\"https:\/\/www.lemonde.fr\/economie\/article\/2021\/05\/22\/greves-de-la-faim-blocages-menaces-la-situation-se-tend-dans-les-fonderies-automobiles-mobilisees-pour-leur-survie_6081104_3234.html\">Gr\u00e8ves de la faim, blocages, menaces&nbsp;: la situation se tend dans les fonderies automobiles<\/a> (Le Monde)<\/p>\n\n\n\n<p><a href=\"http:\/\/www.npa-auto-critique.org\/2021\/05\/plus-de-600-salaries-de-l-ingenierie-renault-mobilises.html\">Plus de 600 salari\u00e9s de l&rsquo;ing\u00e9ni\u00e9rie Renault mobilis\u00e9s<\/a> (Auto Critique)<\/p>\n\n\n\n<p><a href=\"http:\/\/www.apple.fr\">Les fondeurs bloquent un site de Renault<\/a> (Auto Critique)<\/p>\n\n\n\n<p><a href=\"https:\/\/info.mediapart.fr\/optiext\/optiextension.dll?ID=kOPkSPNs%2BFNfWMMJrJsCTXInMk2XHh9C6kyz4fJK4lVU0kM6cpV%2BQvreN9ant0ufdtaaK5pyYC8PkVTFbwzkUHcYv5csX\">Garantie d\u2019emploi: la proposition qui monte et fait d\u00e9bat \u00e0 gauche<\/a> (MDP)<\/p>\n\n\n\n<p><a href=\"https:\/\/info.mediapart.fr\/optiext\/optiextension.dll?ID=kOPkVHu6ecOxgGLyN3CHqkwEAmXaX7S%2BWRX0p_zpkMyMPad6cGRAHUiFb4M62sl8BFYGoaRW541jPsD1K1bHVtUFTneA9\">Proc\u00e8s du travail d\u00e9tach\u00e9: \u00abC\u2019est \u201cGerminal\u201d dans les exploitations agricoles\u00bb<\/a> (MDP)<\/p>\n\n\n\n<p><a href=\"https:\/\/reporterre.net\/Une-firme-exploitant-des-travailleurs-agricoles-etrangers-en-proces-a-Marseille\">Une firme exploitant des travailleurs agricoles \u00e9trangers en proc\u00e8s \u00e0 Marseille<\/a> ( Reporterre)<\/p>\n\n\n\n<figure class=\"wp-block-image is-resized is-style-default\"><img data-recalc-dims=\"1\" loading=\"lazy\" decoding=\"async\" src=\"https:\/\/i0.wp.com\/reporterre.net\/IMG\/jpg\/banderoletf.jpg?resize=454%2C303&#038;ssl=1\" alt=\"\" width=\"454\" height=\"303\"\/><\/figure>\n\n\n\n<p><a href=\"https:\/\/www.humanite.fr\/un-boom-de-troubles-musculo-squelettiques-chez-les-salaries-cause-du-covid-707606#xtor=RSS-1\">Un boom de troubles musculo-squelettiques chez les salari\u00e9s \u00e0 cause du Covid<\/a> &#8211; L\u2019Humanit\u00e9&nbsp;<\/p>\n\n\n\n<p><a href=\"http:\/\/www.regards.fr\/economie\/mad-marx\/article\/la-retraite-selon-jean-herve-lorenzi\">La retraite selon Jean-Herv\u00e9 Lorenzi<\/a> par Bernard Marx (Regards)<\/p>\n\n\n\n<p><a href=\"https:\/\/www.lepoulpe.info\/expertise-lubrizol-au-chu-de-rouen-la-cour-de-cassation-donne-raison-aux-syndicats\/\">Expertise Lubrizol au CHU de Rouen : la cour de cassation donne raison aux syndicats<\/a> (Le Poulpe)<\/p>\n\n\n\n<p><a href=\"https:\/\/www.revolutionpermanente.fr\/Portrait-de-militant-Clement-cheminot-Quand-on-est-en-greve-notre-vision-de-la-societe-change\">Portrait de militant. Cl\u00e9ment, cheminot&nbsp;: \u00ab&nbsp;Quand on est en gr\u00e8ve, notre vision de la soci\u00e9t\u00e9 change&nbsp;\u00bb<\/a> (RP)<\/p>\n\n\n\n<p><a href=\"https:\/\/radioparleur.net\/2021\/05\/17\/super-hopital-grand-paris-nord-mobilisation-sante\/\">Super-h\u00f4pitaux: mobilisation contre les futurs \u00ab\u00a0mastodontes\u00a0\u00bb du soin<\/a> (Radioparleur)<\/p>\n\n\n\n<figure class=\"wp-block-embed is-type-video is-provider-youtube wp-block-embed-youtube wp-embed-aspect-16-9 wp-has-aspect-ratio\"><div class=\"wp-block-embed__wrapper\">\n<iframe loading=\"lazy\" title=\"Campus hospitalo-universitaire Grand Paris-Nord : projet du groupement Renzo Piano Building Workshop\" width=\"1200\" height=\"675\" src=\"https:\/\/www.youtube.com\/embed\/XKZIsrpYGrw?feature=oembed\" frameborder=\"0\" allow=\"accelerometer; autoplay; clipboard-write; encrypted-media; gyroscope; picture-in-picture\" allowfullscreen><\/iframe>\n<\/div><\/figure>\n\n\n\n<p><a href=\"https:\/\/www.arte.tv\/fr\/videos\/097472-000-A\/moi-daniel-blake\/\">Le film de Ken Loach \u00ab\u00a0Moi, Daniel Blake&nbsp;\u00bb visible sur Arte jusqu\u2019au 25 de ce mois<\/a> (Arte)<\/p>\n\n\n\n<p> <span class=\"has-inline-color has-vivid-red-color\"><strong>21 Mai en continu<\/strong><\/span><\/p>\n\n\n\n<p><a href=\"https:\/\/www.boursorama.com\/actualite-economique\/actualites\/rencontre-infructueuse-entre-salaries-de-la-fonderie-de-bretagne-et-dirigeants-de-renault-d03cab0cd356f5446c1272720f746277\">Rencontre infructueuse entre salari\u00e9s de la Fonderie de Bretagne et dirigeants de Renault<\/a> (AFP)<\/p>\n\n\n\n<p><a href=\"https:\/\/www.sudouest.fr\/gironde\/intermittents-du-spectacle-breve-occupation-du-pole-emploi-nouvelle-aquitaine-a-bordeaux-2776371.php\">Intermittents du spectacle&nbsp;: br\u00e8ve occupation du P\u00f4le emploi Nouvelle-Aquitaine \u00e0 Bordeaux<\/a> (Sud Ouest)<\/p>\n\n\n\n<p><a href=\"https:\/\/www.lyonmag.com\/article\/115650\/reforme-de-l-assurance-chomage-la-direction-regionale-de-pole-emploi-occupee-a-lyon\">R\u00e9forme de l&rsquo;assurance-ch\u00f4mage : la direction r\u00e9gionale de P\u00f4le Emploi occup\u00e9e \u00e0 Lyon<\/a> (Lyon Mag)<\/p>\n\n\n\n<p><a href=\"https:\/\/www.ouest-france.fr\/economie\/emploi\/chomage\/reforme-de-l-assurance-chomage-l-unsa-depose-un-recours-devant-le-conseil-d-etat-ddedcbf6-b96b-11eb-a992-89f0a8dfc0f7\">R\u00e9forme de l\u2019assurance ch\u00f4mage&nbsp;: l\u2019Unsa d\u00e9pose un recours devant le Conseil d\u2019\u00c9tat<\/a> (Sud Ouest)<\/p>\n\n\n\n<p><a href=\"https:\/\/www.lesechos.fr\/economie-france\/social\/assurance-chomage-le-soutien-surprise-de-lex-ministre-du-travail-aux-syndicats-1316654\">Assurance-ch\u00f4mage&nbsp;: le soutien surprise de l&rsquo;ex-ministre du Travail aux syndicats<\/a> (Les Echos)<\/p>\n\n\n\n<p><a href=\"https:\/\/www.lejdd.fr\/Societe\/Social\/vaccins-pour-les-personnes-sans-abri-le-plus-difficile-cest-lacces-a-linformation-4046369\">Vaccins : pour les personnes sans-abri, \u00ab\u00a0le plus difficile, c&rsquo;est l&rsquo;acc\u00e8s \u00e0 l&rsquo;information\u00a0\u00bb<\/a> (JDD)<\/p>\n\n\n\n<p><a href=\"https:\/\/lanticapitaliste.org\/actualite\/sante\/ce-ne-sont-pas-les-mobilisations-qui-manquent-dans-les-hopitaux\">Ce ne sont pas les mobilisations qui manquent dans les h\u00f4pitaux<\/a> (L\u2019Anticapitaliste)<\/p>\n\n\n\n<p><a href=\"https:\/\/info.mediapart.fr\/optiext\/optiextension.dll?ID=u23u3kSEf43NJjZOWqaiKNEaNqhGuhYM%2BzPNlwDC0A8SJ_LKC9rmsxm6pjhOSR4smjlNAelC6Bz1ddI02YalOgMatf5Sg\">Burn-out, \u00abharc\u00e8lement\u00bb&#8230;: d\u2019anciens salari\u00e9s de L214 d\u00e9voilent l&rsquo;envers du succ\u00e8s<\/a> (MDP)<\/p>\n\n\n\n<p><a href=\"https:\/\/www.boursorama.com\/actualite-economique\/actualites\/pensions-de-retraite-une-erreur-de-calcul-dans-un-dossier-sur-six-denonce-la-cour-des-comptes-877bf7385159e8ba9787e09b58db6c23\">Pensions de retraite : une \u00ab\u00a0erreur\u00a0\u00bb de calcul dans un dossier sur six, d\u00e9nonce la Cour des comptes<\/a> (Boursorama)<\/p>\n\n\n\n<p><a href=\"https:\/\/www.boursorama.com\/actualite-economique\/actualites\/electricite-l-ufc-que-choisir-denonce-une-explosion-des-factures-967d7daf33839777083da2e318db8f76\">Electricit\u00e9: l&rsquo;UFC-Que choisir d\u00e9nonce une \u00ab\u00a0explosion des factures\u00a0\u00bb<\/a> (AFP)<\/p>\n\n\n\n<figure class=\"wp-block-image is-resized is-style-default\"><img loading=\"lazy\" decoding=\"async\" src=\"https:\/\/scontent.fsti4-1.fna.fbcdn.net\/v\/t1.6435-9\/187677903_1207855726303560_613211548567452204_n.jpg?_nc_cat=100&amp;ccb=1-3&amp;_nc_sid=730e14&amp;_nc_ohc=kpQIsniJKBUAX9egNOR&amp;_nc_ht=scontent.fsti4-1.fna&amp;oh=551fd2307688e358098bc0efd5f5cc89&amp;oe=60CB7EEE\" alt=\"Aucune description de photo disponible.\" width=\"450\" height=\"635\"\/><\/figure>\n\n\n\n<figure class=\"wp-block-image is-resized is-style-default\"><img loading=\"lazy\" decoding=\"async\" src=\"https:\/\/scontent.fsti4-1.fna.fbcdn.net\/v\/t1.6435-0\/s600x600\/188883006_1207859612969838_8489645940141968551_n.png?_nc_cat=108&amp;ccb=1-3&amp;_nc_sid=730e14&amp;_nc_ohc=aid2aQqy6jMAX8L9I7x&amp;_nc_ht=scontent.fsti4-1.fna&amp;tp=30&amp;oh=8ef6fff1d4ecf6afbb39ab383e765764&amp;oe=60CC0B2D\" alt=\"Peut \u00eatre une image de une personne ou plus, personnes debout, plein air et texte qui dit \u2019\u00c9norme mobilisation des agents Ville de Paris contre l'application par Anne_Hidalgo de la r\u00e9forme de la fonction publique. \u00abPas une minute de plus !&gt;&gt; Le sens de l'histoire du mouvement ouvrier c'est la r\u00e9duction du temps de travail mais Hidalgo veut supprimer 8 jours de cong\u00e9! DES PO PE7S PAS1 MINUTE DE LA COUCHEEST &quot;PAS CFTC PLUS ONNIE TTE\u2019\" width=\"458\" height=\"403\"\/><\/figure>\n\n\n\n<p> <span class=\"has-inline-color has-vivid-red-color\"><strong>20 Mai en continu<\/strong><\/span><\/p>\n\n\n\n<p><a href=\"https:\/\/lanticapitaliste.org\/actualite\/entreprises\/greve-la-poste-le-18-mai-mobilisation-reussie\">Gr\u00e8ve \u00e0 La Poste le 18 mai : mobilisation r\u00e9ussie\u2005!<\/a> (L\u2019Anticapitaliste)<\/p>\n\n\n\n<figure class=\"wp-block-image is-resized is-style-default\"><img data-recalc-dims=\"1\" loading=\"lazy\" decoding=\"async\" src=\"https:\/\/i0.wp.com\/lanticapitaliste.org\/sites\/default\/files\/styles\/largeur_content_hauteur_complet\/public\/poste-dr.jpeg?resize=498%2C242&#038;ssl=1\" alt=\"\" width=\"498\" height=\"242\"\/><\/figure>\n\n\n\n<p><a href=\"https:\/\/www.revolutionpermanente.fr\/Greve-nationale-a-la-Poste-face-a-la-degradation-des-conditions-de-travail\">Gr\u00e8ve nationale \u00e0 la Poste face \u00e0 la d\u00e9gradation des conditions de travail<\/a> -Christa Wolfe<\/p>\n\n\n\n<p><a href=\"https:\/\/www.latribune.fr\/economie\/union-europeenne\/la-bce-toujours-inquiete-des-risques-de-faillites-d-entreprises-et-des-consequences-sur-les-etats-884987.html\">La BCE toujours inqui\u00e8te des risques de faillites d&rsquo;entreprises&#8230; et des cons\u00e9quences sur les Etats<\/a> (La Tribune)<\/p>\n\n\n\n<p><a href=\"https:\/\/www.20minutes.fr\/societe\/3044571-20210519-pourquoi-fondation-abbe-pierre-vaccine-sdf\">Pourquoi la Fondation Abb\u00e9 Pierre vaccine-t-elle les SDF ?<\/a> (20 mn)<\/p>\n\n\n\n<p><a href=\"https:\/\/www.sudouest.fr\/economie\/social\/fin-de-la-treve-hivernale-le-31-mai-des-locataires-expulsables-entre-detresse-et-honte-2755405.php\">Fin de la tr\u00eave hivernale le 31&nbsp;mai&nbsp;: des locataires expulsables entre \u00ab&nbsp;d\u00e9tresse&nbsp;\u00bb et \u00ab&nbsp;honte&nbsp;\u00bb<\/a> (Sud Ouest)<\/p>\n\n\n\n<p><a href=\"https:\/\/www.lecourrierdelatlas.com\/fin-de-la-treve-hivernale-le-risque-dune-catastrophe-sociale\/?fbclid=IwAR1ewgqYkhsDmSjWCc8EtB8bbqGkFwRYJJVpexu_hteCF9KWZHz6AXBBu_8\">Fin de la tr\u00eave hivernale : le risque d\u2019une catastrophe sociale<\/a> (Le Courrier de l\u2019Atlas)<\/p>\n\n\n\n<p><a href=\"https:\/\/www.lesechos.fr\/economie-france\/social\/covid-ces-salaries-de-deuxieme-ligne-precaires-mal-payes-et-sans-perspective-de-carriere-1316304\">Covid&nbsp;: ces salari\u00e9s de \u00ab&nbsp;deuxi\u00e8me ligne&nbsp;\u00bb pr\u00e9caires, mal pay\u00e9s et sans perspective de carri\u00e8re<\/a> (Les Echos)<\/p>\n\n\n\n<p><a href=\"https:\/\/www.liberation.fr\/culture\/scenes\/finalement-lodeon-ne-rouvre-pas-20210519_L4KC6NDXRZACNFYEV5BBX26MVQ\/\">Finalement, l\u2019Od\u00e9on ne rouvre pas<\/a> (Lib\u00e9)<\/p>\n\n\n\n<p><a href=\"https:\/\/www.20minutes.fr\/arts-stars\/culture\/3044331-20210518-marseille-criee-occupation-theatre-seul-levier-reste-contre-reforme-assurance-chomage\">Marseille&nbsp;: \u00ab\u00a0l\u2019occupation du th\u00e9\u00e2tre seul levier  contre la r\u00e9forme de l\u2019assurance ch\u00f4mage<\/a>\u00a0\u00bb (20 mn)<\/p>\n\n\n\n<figure class=\"wp-block-image is-resized is-style-default\"><img data-recalc-dims=\"1\" loading=\"lazy\" decoding=\"async\" src=\"https:\/\/i0.wp.com\/img.20mn.fr\/7dm0wSoHQH-Ie4DcHSv5Lw\/310x190_criee-scene-nationale-theatre-marseille-occupee-depuis-15-mars.jpg?resize=548%2C336&#038;ssl=1\" alt=\"La Cri\u00e9e, sc\u00e8ne nationale de th\u00e9\u00e2tre \u00e0 Marseille, est occup\u00e9e depuis le 15 mars\" width=\"548\" height=\"336\"\/><\/figure>\n\n\n\n<p> <span class=\"has-inline-color has-vivid-red-color\"><strong>19 Mai en continu<\/strong><\/span><\/p>\n\n\n\n<p><a href=\"https:\/\/www.facebook.com\/sudposte.hautsdeseine\/videos\/901667610391941\">Les postiers en gr\u00e8ve nationale manifestent en nombre au si\u00e8ge de la Poste<\/a> -vid\u00e9o<\/p>\n\n\n\n<p><a href=\"https:\/\/www.boursorama.com\/actualite-economique\/actualites\/la-poste-des-dizaines-de-manifestations-en-france-pour-la-defense-des-salaires-et-de-l-emploi-fb676f43fc660b1a191400f0c1144e64\">La Poste: des dizaines de manifestations en France pour la d\u00e9fense des salaires et de l&#8217;emploi<\/a> (AFP)<\/p>\n\n\n\n<p><a href=\"https:\/\/www.boursorama.com\/actualite-economique\/actualites\/des-techniciens-de-laboratoires-manifestent-dans-plusieurs-villes-21766ddb76b82d80e04f394881e5246f\">Des techniciens de laboratoires manifestent dans plusieurs villes<\/a> (AFP)<\/p>\n\n\n\n<p><a href=\"https:\/\/www.boursorama.com\/actualite-economique\/actualites\/en-pleine-transformation-bayer-supprime-474-postes-en-france-3fcd03c876b1bf44f4892448a783d423\">En pleine \u00ab\u00a0transformation\u00a0\u00bb, Bayer supprime 474 postes en France<\/a> (AFP)<\/p>\n\n\n\n<p><a href=\"https:\/\/blogs.mediapart.fr\/jean-marc-b\/blog\/180521\/circulez-y-rien-devoir\">Circulez, y a rien \u00e0 devoir&#8230; <\/a>-Jean-Marc B<\/p>\n\n\n\n<figure class=\"wp-block-image is-style-default\"><img data-recalc-dims=\"1\" decoding=\"async\" src=\"https:\/\/i0.wp.com\/france3-regions.francetvinfo.fr\/image\/ZCyDm0MkKridC-8RpK0xRNm67j0\/600x400\/regions\/2021\/05\/16\/60a14e12c3ea0_148_3599-00_00_00_23-5316720.jpg?w=1200&#038;ssl=1\" alt=\"\"\/><\/figure>\n\n\n\n<p><a href=\"https:\/\/france3-regions.francetvinfo.fr\/hauts-de-france\/somme\/amiens\/a-amiens-et-a-lille-les-occupations-de-lieux-culturels-continuent-la-reouverture-n-est-pas-une-raison-de-s-arreter-2093638.html\">Amiens et Lille: occupations de lieux culturels continuent : \u00ab\u00a0la r\u00e9ouverture pas une raison de s&rsquo;arr\u00eater\u00a0\u00bb<\/a> (FR3)<\/p>\n\n\n\n<p><a href=\"https:\/\/www.lefigaro.fr\/culture\/roselyne-bachelot-il-faut-arreter-les-occupations-des-theatres-20210518\">Roselyne Bachelot: \u00abIl faut arr\u00eater les occupations des th\u00e9\u00e2tres\u00bb<\/a> (Le Figaro)<\/p>\n\n\n\n<p><a href=\"https:\/\/www.publicsenat.fr\/article\/politique\/la-commission-europeenne-propose-de-porter-l-age-du-depart-a-la-retraite-a-70-ans\">Marc Botenga<\/a>: <a href=\"https:\/\/www.publicsenat.fr\/article\/politique\/la-commission-europeenne-propose-de-porter-l-age-du-depart-a-la-retraite-a-70-ans\">La Commission europ\u00e9enne propose de porter l\u2019\u00e2ge du d\u00e9part \u00e0 la retraite \u00e0 70 ans&nbsp; <\/a>(Public Senat)<\/p>\n\n\n\n<p><a href=\"https:\/\/www.francetvinfo.fr\/monde\/afrique\/economie-africaine\/l-economie-informelle-un-frein-au-developpement-des-pays-pauvres-affirme-la-banque-mondiale-dans-un-nouveau-rapport_4626773.html\">\u00ab\u00a0L&rsquo;\u00e9conomie informelle, un frein au d\u00e9veloppement des pays pauvres\u00a0\u00bb, affirme la Banque mondiale<\/a> -France Info<\/p>\n\n\n\n<p>France: <a href=\"https:\/\/www.rfi.fr\/fr\/france\/20210517-france-terra-fecundis-le-proc%C3%A8s-d-une-fraude-g%C3%A9ante-au-travail-d%C3%A9tach%C3%A9\">Terra Fecundis, le proc\u00e8s d\u2019une fraude g\u00e9ante au travail d\u00e9tach\u00e9<\/a> (RFI)<\/p>\n\n\n\n<p><a href=\"https:\/\/www.nouvelobs.com\/politique\/20210517.AFP8661\/regionales-le-revenu-d-urgence-jeunes-de-saint-martin-tres-different-du-rsa-jeunes.html\">R\u00e9gionales: le revenu d&rsquo;urgence jeunes de Saint-Martin, \u00ab\u00a0tr\u00e8s diff\u00e9rent du RSA jeunes\u00a0\u00bb<\/a>&nbsp; (Nouvel Obs)<\/p>\n\n\n\n<p><a href=\"http:\/\/t.nl.francetvinfo.fr\/r\/?id=h63f1669e,63ca1ed3,5f0d2880\">Covid-19 : des proches de r\u00e9sidents d\u00e9noncent des \u00ab\u00a0Ehpad-prisons\u00a0\u00bb<\/a>(vid\u00e9o France Info)<\/p>\n\n\n\n<p><a href=\"https:\/\/www.lemediatv.fr\/emissions\/2021\/anthony-22-ans-cheminot-mort-au-travail-s7T1wJzFTgSi_VSYRX-ZTg\">Anthony, 22 ans, cheminot, mort au travail<\/a> (vid\u00e9o Le M\u00e9dia)&nbsp;<\/p>\n\n\n\n<p><a href=\"https:\/\/www.mediacites.fr\/breve\/lyon\/2021\/05\/18\/tram-t6-a-villeurbanne-lusine-renault-epine-dans-le-pied-du-grand-lyon\/\">Tram T6 \u00e0 Villeurbanne : l\u2019usine Renault, \u00e9pine dans le pied du Grand Lyon<\/a> (Mediacit\u00e9s)<\/p>\n\n\n\n<p><a href=\"https:\/\/www.lepoulpe.info\/le-chu-de-rouen-dans-le-collimateur-de-linspection-du-travail\/\">Le CHU de Rouen dans le collimateur de l\u2019inspection du Travail<\/a> (Le Poulpe)<\/p>\n\n\n\n<p><a href=\"https:\/\/www.boursorama.com\/actualite-economique\/actualites\/le-mediateur-de-l-energie-adresse-un-carton-rouge-a-total-direct-energie-2bca301c86f3e35738569c8cb407aa46\">Le m\u00e9diateur de l&rsquo;\u00e9nergie adresse un \u00ab\u00a0carton rouge\u00a0\u00bb \u00e0 Total Direct Energie<\/a> (Boursorama)<\/p>\n\n\n\n<figure class=\"wp-block-image is-resized is-style-default\"><img loading=\"lazy\" decoding=\"async\" src=\"https:\/\/scontent.fhex4-2.fna.fbcdn.net\/v\/t1.6435-9\/185858695_111253497798026_8963704423457485387_n.jpg?_nc_cat=108&amp;ccb=1-3&amp;_nc_sid=8bfeb9&amp;_nc_ohc=2P3ADXXPy9AAX_AkfY0&amp;_nc_ht=scontent.fhex4-2.fna&amp;oh=0e15c8d6c5ad12df8f6aacef59375235&amp;oe=60CA89CE\" alt=\"Peut \u00eatre une image de plein air et texte qui dit \u2019Se CFTC CFTC CFTC 5...4...3..2 5...4. Non \u00e0 la fermeture du site PPG de Bezons\u2019\" width=\"492\" height=\"257\"\/><\/figure>\n\n\n\n<p> <span class=\"has-inline-color has-vivid-red-color\"><strong>18 Mai en continu<\/strong><\/span><\/p>\n\n\n\n<p><a href=\"https:\/\/www.ouest-france.fr\/economie\/social\/les-occupants-du-theatre-le-quai-d-angers-ont-ouvert-la-barriere-de-peage-d-ancenis-92645be0-b33b-11eb-b3ae-6871867c9135\">Les Occupants du th\u00e9\u00e2tre Le Quai d\u2019Angers ont ouvert la barri\u00e8re de p\u00e9age d\u2019Ancenis<\/a> (Ouest France)<\/p>\n\n\n\n<p><a href=\"https:\/\/rue89bordeaux.com\/2021\/05\/bordeaux-occupation-2021-signe-une-action-contre-la-reforme-de-lassurance-chomage\/\">Bordeaux Occupation 2021 sur le pont contre la r\u00e9forme de l\u2019assurance ch\u00f4mage<\/a> (Rue89Bordeaux)<\/p>\n\n\n\n<p><a href=\"https:\/\/actu.fr\/nouvelle-aquitaine\/sames_64502\/pays-basque-operation-peage-gratuit-menee-par-les-intermittents-de-l-emploi_41885246.html\">Pays Basque. Op\u00e9ration \u00ab\u00a0p\u00e9age gratuit\u00a0\u00bb men\u00e9e par les \u00ab\u00a0intermittents de l&#8217;emploi\u00a0\u00bb<\/a> (Actu)<\/p>\n\n\n\n<p><a href=\"https:\/\/www.laprovence.com\/actu\/en-direct\/6355641\/la-ciotat-intermittents-du-spectacle-et-precaires-ouvrent-le-peage.html\">La Ciotat : intermittents du spectacle et pr\u00e9caires ouvrent le p\u00e9age<\/a> (La Provence)<\/p>\n\n\n\n<p><a href=\"https:\/\/www.sudouest.fr\/pyrenees-atlantiques\/bayonne\/pyrenees-atlantiques-mobilisation-des-intermittents-du-spectacle-au-peage-de-sames-2691229.php\">Pyr\u00e9n\u00e9es-Atlantiques&nbsp;: mobilisation des intermittents du spectacle au p\u00e9age de Sames<\/a> (Sud Ouest)<\/p>\n\n\n\n<p><a href=\"https:\/\/france3-regions.francetvinfo.fr\/bourgogne-franche-comte\/doubs\/besancon\/les-intermittents-du-spectacle-organise-une-operation-peage-gratuit-a-besancon-2092837.html\">Les intermittents du spectacle et pr\u00e9caires organisent une op\u00e9ration \u00ab\u00a0p\u00e9age gratuit\u00a0\u00bb \u00e0 Besan\u00e7on<\/a> (France 3)<\/p>\n\n\n\n<p><a href=\"https:\/\/rapportsdeforce.fr\/classes-en-lutte\/18-mai-greve-a-la-poste-sur-fond-de-primes-rabotees-de-salaires-geles-et-de-reorganisations-permanentes-051710309\">18 mai : gr\u00e8ve \u00e0 La Poste pour primes rabot\u00e9es, salaires gel\u00e9s et r\u00e9organisations permanentes <\/a>(Rapports de Force)<\/p>\n\n\n\n<figure class=\"wp-block-image is-resized is-style-default\"><img loading=\"lazy\" decoding=\"async\" src=\"https:\/\/scontent.fhex4-1.fna.fbcdn.net\/v\/t1.6435-9\/188003147_1205548766534256_2808146251082472542_n.png?_nc_cat=102&amp;ccb=1-3&amp;_nc_sid=730e14&amp;_nc_ohc=llcjZZvcMCQAX_bchnL&amp;_nc_ht=scontent.fhex4-1.fna&amp;oh=ec63cc01e17765172b733cc1e0765102&amp;oe=60C8BF2B\" alt=\"Peut \u00eatre une image de plein air et mur de briques\" width=\"454\" height=\"426\"\/><figcaption><sub>Le mouvement s&rsquo;annonce tr\u00e8s suivi, salaires, conditions de travail, pr\u00e9carit\u00e9, embauches, m\u00e9pris, tout, tout, tout&#8230; Ras-le-bol !<\/sub><\/figcaption><\/figure>\n\n\n\n<p><a href=\"https:\/\/lepoing.net\/les-postiers-en-greve-le-18-mai-des-manifs-prevues-sur-montpellier-ales-et-roujan\/\">Les postiers en gr\u00e8ve le 18 mai, des manifs pr\u00e9vues sur Montpellier, Al\u00e8s et Roujan<\/a> (Le Poing)&nbsp;<\/p>\n\n\n\n<p><a href=\"https:\/\/solidaires.org\/Report-du-projet-Hercule-une-nouvelle-victoire-d-etape-Gagnons-maintenant-la\">Report du projet Hercule : une nouvelle victoire d&rsquo;\u00e9tape. Gagnons maintenant la partie !<\/a> par Solidaires<\/p>\n\n\n\n<p><a href=\"https:\/\/rapportsdeforce.fr\/breves\/paris-une-semaine-de-greve-chez-les-agents-territoriaux-051710321\">Paris : une semaine de gr\u00e8ve chez les agents territoriaux<\/a> (Rapports de Force)&nbsp;<\/p>\n\n\n\n<p><a href=\"https:\/\/www.boursorama.com\/actualite-economique\/actualites\/des-infirmiers-anesthesistes-en-urgence-vitale-manifestent-ff0a5d8020dc954b449a3f502073ef19\">Des infirmiers anesth\u00e9sistes \u00ab\u00a0en urgence vitale\u00a0\u00bb manifestent<\/a> (AFP)<\/p>\n\n\n\n<figure class=\"wp-block-image size-large is-resized is-style-default\"><img data-recalc-dims=\"1\" loading=\"lazy\" decoding=\"async\" src=\"https:\/\/i0.wp.com\/www.rdpemancipation.org\/wp-content\/uploads\/2021\/05\/c7528d2a707f564173935da4aa923a76-760x506-1.jpg?resize=452%2C301&#038;ssl=1\" alt=\"\" class=\"wp-image-30275\" width=\"452\" height=\"301\" srcset=\"https:\/\/i0.wp.com\/www.rdpemancipation.org\/wp-content\/uploads\/2021\/05\/c7528d2a707f564173935da4aa923a76-760x506-1.jpg?w=760&amp;ssl=1 760w, https:\/\/i0.wp.com\/www.rdpemancipation.org\/wp-content\/uploads\/2021\/05\/c7528d2a707f564173935da4aa923a76-760x506-1.jpg?resize=300%2C200&amp;ssl=1 300w\" sizes=\"auto, (max-width: 452px) 100vw, 452px\" \/><\/figure>\n\n\n\n<p><a href=\"http:\/\/www.apple.fr\">Les gr\u00e9vistes de la Fonderie de Bretagne acc\u00e9l\u00e8rent la mobilisation<\/a> (Auto critique)<\/p>\n\n\n\n<p><a href=\"https:\/\/france3-regions.francetvinfo.fr\/occitanie\/haute-garonne\/toulouse\/toulouse-les-techniciens-des-laboratoires-de-biologie-medicales-en-greve-ce-mardi-18-mai-2094529.html\">Toulouse :&nbsp; laboratoires de biologie m\u00e9dicales en gr\u00e8ve ce mardi 18 mai<\/a> (FR3)<\/p>\n\n\n\n<p><a href=\"https:\/\/www.francebleu.fr\/infos\/economie-social\/jura-des-salaries-de-la-fonderie-de-saint-claude-entament-une-greve-de-la-faim-1621266437\">Des salari\u00e9s de la fonderie de Saint-Claude entament une gr\u00e8ve de la faim<\/a> (France Bleu)<\/p>\n\n\n\n<p><a href=\"https:\/\/www.revolutionpermanente.fr\/Rozenn-contre-Chronodrive-aux-prudhommes-audience-le-4-juin\">Rozenn contre Chronodrive aux prudhommes&nbsp;: audience le 4 juin&nbsp;!<\/a> (RP)<\/p>\n\n\n\n<p><a href=\"https:\/\/www.ouest-france.fr\/bretagne\/morbihan\/agroalimentaire-70-salaries-de-l-usine-gaillard-a-locmine-font-greve-et-denoncent-des-pressions-4d74eed2-b70a-11eb-b73a-358c628dc742\">70&nbsp;salari\u00e9s de l\u2019usine Gaillard, \u00e0 Locmin\u00e9, font gr\u00e8ve<\/a> Ouest France)<\/p>\n\n\n\n<p><a href=\"https:\/\/www.20minutes.fr\/societe\/3043343-20210517-urgence-vitale-infirmiers-anesthesistes-manifestent\">\u00ab&nbsp;En urgence vitale&nbsp;\u00bb, des infirmiers anesth\u00e9sistes manifestent<\/a> (20 minutes)<\/p>\n\n\n\n<p><a href=\"https:\/\/www.ledauphine.com\/social\/2021\/05\/17\/la-mobilisation-au-centre-le-bournot-ne-faiblit-pas\">Aubenas : la mobilisation au centre Le Bournot ne faiblit pas<\/a> ( Le Dauphin\u00e9 Lib\u00e9r\u00e9)<\/p>\n\n\n\n<p><a href=\"https:\/\/info.mediapart.fr\/optiext\/optiextension.dll?ID=w01w1v4hB1YBOJd7Ac7utS60B7kODklXPx6k6z53I1uo8uNgEhWwB7ES9R0Wy%2BzyamwRNWVY4CRdogaAldfd%2BdpUQvSMe\">La RATP condamn\u00e9e \u00e0 r\u00e9int\u00e9grer un salari\u00e9 accus\u00e9 sans preuve de radicalisation<\/a> (MDP)<\/p>\n\n\n\n<p><a href=\"https:\/\/www.revolutionpermanente.fr\/Pas-de-Calais-L-usine-Maxam-Tan-licencie-72-salaries-et-les-oblige-a-ranger-avant-de-partir\">Pas-de-Calais. L\u2019usine Maxam Tan licencie 72 salari\u00e9s et les oblige \u00e0 ranger avant de partir<\/a> (RP)<\/p>\n\n\n\n<p><a href=\"https:\/\/info.mediapart.fr\/optiext\/optiextension.dll?ID=w01wWGCmu00tCWgMj_hvdt70FfcL9NexxcUZNmuhfSTqVGtgEFO7S9wF7af2h0l_ilpoQ22vfLMj4AMvs5iK0h%2B68BZE6\">Proc\u00e8s du travail d\u00e9tach\u00e9: une fraude \u00e0 112 millions et des milliers d\u2019ouvriers sans droits<\/a> (MDP)<\/p>\n\n\n\n<p><a href=\"https:\/\/www.bondyblog.fr\/politique\/ulysse-rabate-les-mobilisations-des-quartiers-bouleversent-un-pouvoir-en-place\/\">Ulysse Rabat\u00e9 : \u00ab Les mobilisations des quartiers bouleversent un pouvoir en place \u00bb<\/a> (Le Bondy Blog)<\/p>\n\n\n\n<p><a href=\"https:\/\/www.force-ouvriere.fr\/rapport-du-cnle-une-aggravation-inquietante-de-la-precarite\">Une aggravation inqui\u00e9tante de la pr\u00e9carit\u00e9<\/a> ( Force ouvri\u00e8re)<\/p>\n\n\n\n<p><a href=\"https:\/\/blogs.mediapart.fr\/josepha-onno\/blog\/170521\/l-insa-se-prepare-augmenter-ses-frais-de-scolarite-pour-renover-son-modele-social\">L\u2019INSA se pr\u00e9pare \u00e0 augmenter ses frais de scolarit\u00e9<\/a> -Josepha Onno<\/p>\n\n\n\n<p><a href=\"https:\/\/www.telerama.fr\/radio\/reorganisation-a-radio-france-des-inquietudes-toujours-vives-malgre-la-concertation-6878928.php\">R\u00e9organisation \u00e0 Radio France<\/a> ( T\u00e9l\u00e9rama)<\/p>\n\n\n\n<p><a href=\"https:\/\/www.capital.fr\/conso\/elle-denonce-le-passage-en-location-gerance-dun-carrefour-une-salariee-menacee-de-licenciement-1403363\">Carrefour : une salari\u00e9e menac\u00e9e de licenciement<\/a> (Capital)<\/p>\n\n\n\n<p><a href=\"https:\/\/www.miroirsocial.com\/participatif\/ouverture-du-ter-la-concurrence-la-sncf-fait-le-choix-du-dumping-social\">La SNCF fait le choix du dumping social<\/a> ( Le Miroir social)<\/p>\n\n\n\n<p><a href=\"http:\/\/institut.fsu.fr\/Le-prix-du-travail-bien-fait-La-cooperation-conflictuelle-dans-les.html\">Le prix du travail bien fait. La coop\u00e9ration conflictuelle dans les organisations<\/a> -Jean-Yves Bonnefond et al<\/p>\n\n\n\n<figure class=\"wp-block-image size-large is-resized is-style-default\"><img data-recalc-dims=\"1\" loading=\"lazy\" decoding=\"async\" src=\"https:\/\/i0.wp.com\/www.rdpemancipation.org\/wp-content\/uploads\/2021\/05\/187182408_846995345897557_7596724450406761328_n.jpg?resize=453%2C319&#038;ssl=1\" alt=\"\" class=\"wp-image-30216\" width=\"453\" height=\"319\" srcset=\"https:\/\/i0.wp.com\/www.rdpemancipation.org\/wp-content\/uploads\/2021\/05\/187182408_846995345897557_7596724450406761328_n.jpg?resize=1024%2C724&amp;ssl=1 1024w, https:\/\/i0.wp.com\/www.rdpemancipation.org\/wp-content\/uploads\/2021\/05\/187182408_846995345897557_7596724450406761328_n.jpg?resize=300%2C212&amp;ssl=1 300w, https:\/\/i0.wp.com\/www.rdpemancipation.org\/wp-content\/uploads\/2021\/05\/187182408_846995345897557_7596724450406761328_n.jpg?resize=768%2C543&amp;ssl=1 768w, https:\/\/i0.wp.com\/www.rdpemancipation.org\/wp-content\/uploads\/2021\/05\/187182408_846995345897557_7596724450406761328_n.jpg?w=1440&amp;ssl=1 1440w\" sizes=\"auto, (max-width: 453px) 100vw, 453px\" \/><\/figure>\n\n\n\n<p> <span class=\"has-inline-color has-vivid-red-color\"><strong>17 Mai en continu<\/strong><\/span><\/p>\n\n\n\n<p><a href=\"https:\/\/www.mediapart.fr\/journal\/france\/150521\/le-desespoir-des-internes-fait-trembler-l-hopital\">Le d\u00e9sespoir des internes fait trembler l\u2019h\u00f4pital<\/a> (M\u00e9diapart)<\/p>\n\n\n\n<p><a href=\"https:\/\/www.sudouest.fr\/economie\/pres-de-80-des-milliardaires-francais-ont-herite-de-leur-fortune-2690090.php\">Pr\u00e8s de 80&nbsp;% des milliardaires fran\u00e7ais ont h\u00e9rit\u00e9 de leur fortune<\/a> (Sud Ouest)<\/p>\n\n\n\n<p><a href=\"https:\/\/actu.fr\/normandie\/cherbourg-en-cotentin_50129\/cherbourg-malgre-la-reouverture-du-theatre-les-artistes-inaugurent-l-acte-ii-de-l-occupation_41874121.html\">Cherbourg : malgr\u00e9 la r\u00e9ouverture du th\u00e9\u00e2tre, les artistes inaugurent l&rsquo;acte II de l&rsquo;occupation<\/a> (Actu)<\/p>\n\n\n\n<p><a href=\"https:\/\/www.ladepeche.fr\/2021\/05\/15\/intermittents-un-defile-sadomaso-en-centre-ville-9546662.php\">Toulouse. Intermittents : un d\u00e9fil\u00e9 sadomaso en centre ville<\/a> (La D\u00e9p\u00eache)<\/p>\n\n\n\n<p><a href=\"https:\/\/www.lyoncapitale.fr\/actualite\/les-occupants-du-tnp-et-de-l-opera-de-lyon-ne-leveront-pas-les-occupations\/\">Les occupants du TNP et de l&rsquo;Op\u00e9ra de Lyon ne l\u00e8veront pas les occupations<\/a> (Lyon Capitale)<\/p>\n\n\n\n<p><a href=\"https:\/\/www.20minutes.fr\/economie\/3038643-20210510-le-zero-chomage-gagne-du-terrain\">Emploi : Le \u00ab z\u00e9ro ch\u00f4mage \u00bb gagne peu \u00e0 peu du terrain<\/a> (20 mn)<\/p>\n\n\n\n<p><a href=\"https:\/\/www.ouest-france.fr\/pays-de-la-loire\/saint-nazaire-44600\/saint-nazaire-fin-d-occupation-au-theatre-4f9307d0-b494-11eb-b617-49ac21059b35\">Saint-Nazaire. Fin d\u2019occupation au Th\u00e9\u00e2tre<\/a> (Ouest France)<\/p>\n\n\n\n<p><a href=\"https:\/\/www.vie-publique.fr\/en-bref\/279804-contrats-de-travail-les-recours-aux-cdd-des-realites-tres-diverses\">Contrats de travail : les recours aux CDD, des r\u00e9alit\u00e9s tr\u00e8s diverses<\/a> (Vie Publique)<\/p>\n\n\n\n<p><a href=\"https:\/\/www.europe1.fr\/emissions\/le-pressing\/solidarite-un-dj-bordelais-cree-une-compilation-pour-combattre-la-precarite-etudiante-4044991\">Solidarit\u00e9 : un DJ bordelais cr\u00e9e une compilation pour combattre la pr\u00e9carit\u00e9 \u00e9tudiante<\/a> (Europe 1)<\/p>\n\n\n\n<p><a href=\"https:\/\/www.lemonde.fr\/societe\/article\/2021\/05\/14\/les-grands-exclus-oublies-de-la-lutte-pourtant-active-contre-le-sans-abrisme_6080171_3224.html\">Etat de sant\u00e9, temps d\u2019errance, acc\u00e8s aux soins&#8230; Une \u00e9tude d\u00e9voile le profil des sans-abris<\/a> (Le Monde)<\/p>\n\n\n\n<p><a href=\"https:\/\/www.journaldunet.com\/management\/guide-du-management\/1199779-conges-payes-l-employeur-pourra-imposer-huit-jours\/\">Cong\u00e9s pay\u00e9s&nbsp;: l&#8217;employeur pourra imposer huit jours<\/a> (Journal du Net)<\/p>\n\n\n\n<p><a href=\"https:\/\/www.acrimed.org\/France-2-Anti-syndicalisme-primaire-au-20-heures\">France 2 : Anti-syndicalisme primaire au 20 heures<\/a> (Acrimed)<\/p>\n\n\n\n<p><a href=\"http:\/\/www.apple.fr\">Voisiner, une pratique qui demeure\u2026 s\u00e9lective <\/a>(INED)<\/p>\n\n\n\n<p><a href=\"https:\/\/www.telos-eu.com\/fr\/societe\/les-metamorphoses-de-la-structure-sociale-et-leurs.html\">Les m\u00e9tamorphoses de la structure sociale et leurs cons\u00e9quences<\/a> (Olivier Galland)<\/p>\n\n\n\n<p><a href=\"https:\/\/blogs.alternatives-economiques.fr\/anota\/2021\/05\/13\/ou-est-la-semaine-de-travail-de-15-heures-promise-par-keynes\">O\u00f9 est la semaine de travail de 15 heures promise par Keynes&nbsp;?<\/a> (A la marge)<\/p>\n\n\n\n<p><a href=\"https:\/\/legrandcontinent.eu\/fr\/2021\/05\/13\/travail-et-pauvrete-pourquoi-une-perspective-de-genre-est-necessaire\/\">Travail et pauvret\u00e9&nbsp;: pourquoi une perspective de genre est n\u00e9cessaire<\/a> (Le Grand Continent)<\/p>\n\n\n\n<figure class=\"wp-block-image size-large is-resized is-style-default\"><img data-recalc-dims=\"1\" loading=\"lazy\" decoding=\"async\" src=\"https:\/\/i0.wp.com\/www.rdpemancipation.org\/wp-content\/uploads\/2021\/05\/lauris-rozentals-4nCrDvfZdng-unsplash-1340x1005-1.jpg?resize=461%2C346&#038;ssl=1\" alt=\"\" class=\"wp-image-30159\" width=\"461\" height=\"346\" srcset=\"https:\/\/i0.wp.com\/www.rdpemancipation.org\/wp-content\/uploads\/2021\/05\/lauris-rozentals-4nCrDvfZdng-unsplash-1340x1005-1.jpg?resize=1024%2C768&amp;ssl=1 1024w, https:\/\/i0.wp.com\/www.rdpemancipation.org\/wp-content\/uploads\/2021\/05\/lauris-rozentals-4nCrDvfZdng-unsplash-1340x1005-1.jpg?resize=300%2C225&amp;ssl=1 300w, https:\/\/i0.wp.com\/www.rdpemancipation.org\/wp-content\/uploads\/2021\/05\/lauris-rozentals-4nCrDvfZdng-unsplash-1340x1005-1.jpg?resize=768%2C576&amp;ssl=1 768w, https:\/\/i0.wp.com\/www.rdpemancipation.org\/wp-content\/uploads\/2021\/05\/lauris-rozentals-4nCrDvfZdng-unsplash-1340x1005-1.jpg?w=1340&amp;ssl=1 1340w\" sizes=\"auto, (max-width: 461px) 100vw, 461px\" \/><\/figure>\n\n\n\n<p><a href=\"https:\/\/www.humanite.fr\/inegalites-pourquoi-les-salaries-essentiels-sont-ils-si-mal-payes-706836#xtor=RSS-1\">In\u00e9galit\u00e9s. Pourquoi les salari\u00e9s \u00ab essentiels \u00bb sont-ils si mal pay\u00e9s ?<\/a> (L\u2019Humanit\u00e9)<\/p>\n\n\n\n<figure class=\"wp-block-image is-resized is-style-default\"><img data-recalc-dims=\"1\" loading=\"lazy\" decoding=\"async\" src=\"https:\/\/lupodessins.files.wordpress.com\/2019\/03\/illustration_sans_titre-7.jpg?w=560&#038;h=9999&#038;fit=560%2C9999&#038;resize=375%2C500\" alt=\"\" width=\"375\" height=\"500\" title=\"Travail d\u00e9shumanis\u00e9\"\/><\/figure>\n\n\n\n<p> <span class=\"has-inline-color has-vivid-red-color\"><strong>16 Mai en continu<\/strong><\/span><\/p>\n\n\n\n<p><a href=\"https:\/\/www.alterpresse68.info\/2021\/05\/15\/conflit-social-chez-leroy-merlin-mulhouse-ou-lhomme-au-coeur-de-lentreprise-devrait-toutefois-fermer-sa-gueule-et-baisser-les-yeux\/\">Conflit chez Leroy Merlin, o\u00f9 \u201cl\u2019homme au coeur de l\u2019entreprise\u201d devrait fermer sa gueule <\/a>(L\u2019Alterpresse68)<\/p>\n\n\n\n<p><a href=\"https:\/\/www.revolutionpermanente.fr\/Dassault-9eme-semaine-de-mobilisation-face-au-mepris-patronal\">Dassault&nbsp;: 9\u00e8me semaine de mobilisation face au m\u00e9pris patronal<\/a> (RP)<\/p>\n\n\n\n<p><a href=\"http:\/\/www.npa-auto-critique.org\/2021\/05\/troisieme-semaine-de-greve-a-la-fonderie-de-bretagne.html\">Troisi\u00e8me semaine de gr\u00e8ve \u00e0 la Fonderie de Bretagne <\/a>(Auto Critique)<\/p>\n\n\n\n<p><a href=\"http:\/\/www.npa-auto-critique.org\/2021\/05\/qulles-sont-les-pieces-pour-l-automobile-fabriquees-dans-les-fonderies.html\">&nbsp;Quelles sont les pi\u00e8ces pour l&rsquo;automobile fabriqu\u00e9es dans les fonderies<\/a> (Auto Critique)<\/p>\n\n\n\n<p><a href=\"https:\/\/www.boursorama.com\/actualite-economique\/actualites\/debrayage-dans-des-magasins-carrefour-pour-protester-contre-la-location-gerance-df306e4a231886e21414034254a30245\">D\u00e9brayage dans des magasins Carrefour pour protester contre la location-g\u00e9rance<\/a> (AFP)<\/p>\n\n\n\n<p><a href=\"https:\/\/tendanceclaire.org\/breve.php?id=38588\">Le rapport salarial et la libert\u00e9 d\u2019entreprendre &#8211;<\/a> Lordon (vid\u00e9o)<\/p>\n\n\n\n<p><a href=\"https:\/\/www.marxiste.org\/actualite-francaise\/politique-francaise\/2899-railcoop-une-nouvelle-etape-dans-la-privatisation-du-rail\">Railcoop : une nouvelle \u00e9tape dans la privatisation du rail<\/a> (TMI)<\/p>\n\n\n\n<figure class=\"wp-block-image is-resized is-style-default\"><img loading=\"lazy\" decoding=\"async\" src=\"https:\/\/scontent.fhex4-1.fna.fbcdn.net\/v\/t1.6435-9\/s960x960\/186160618_1204378549984611_5642844996719176778_n.jpg?_nc_cat=100&amp;ccb=1-3&amp;_nc_sid=730e14&amp;_nc_ohc=Y-q05LuoGjAAX8JSLXQ&amp;_nc_ht=scontent.fhex4-1.fna&amp;tp=7&amp;oh=e30b9f0ea8885af4d9ee493f9fcbecc0&amp;oe=60C4F0E0\" alt=\"Peut \u00eatre une image de plein air\" width=\"469\" height=\"245\"\/><\/figure>\n\n\n\n<p><span class=\"has-inline-color has-vivid-red-color\"><strong>15 Mai en continu<\/strong><\/span><\/p>\n\n\n\n<p><a href=\"https:\/\/www.latribune.fr\/economie\/france\/la-crise-a-agi-comme-un-descenceur-social-884634.html\">Fiona Lazaar&nbsp;: \u00ab\u00a0la crise a agi comme un descenceur social\u00a0\u00bb<\/a>(La Tribune)<\/p>\n\n\n\n<p><a href=\"https:\/\/www.ladepeche.fr\/2021\/05\/15\/les-infirmiers-anesthesistes-en-greve-lundi-9546548.php\">Rodez. Les infirmiers anesth\u00e9sistes en gr\u00e8ve lundi<\/a> (La d\u00e9p\u00eache)<\/p>\n\n\n\n<p><a href=\"https:\/\/www.republicain-lorrain.fr\/social\/2021\/05\/14\/frontaliers-au-chomage-partiel-des-discussions-en-cours\">Frontaliers au ch\u00f4mage partiel&nbsp;:&nbsp;discussions en cours<\/a> (Le R\u00e9publicain Lorain)<\/p>\n\n\n\n<p><a href=\"https:\/\/www.pwc.fr\/fr\/publications\/actualite-sociale\/2021\/107\/les-breves.html\">Cong\u00e9s de reclassement et de mobilit\u00e9<\/a> ( PWC France)<\/p>\n\n\n\n<p><a href=\"https:\/\/www.lemonde.fr\/societe\/article\/2021\/05\/14\/les-grands-exclus-oublies-de-la-lutte-pourtant-active-contre-le-sans-abrisme_6080171_3224.html\">Une \u00e9tude d\u00e9voile le profil des sans-abris<\/a> ( Le Monde)<\/p>\n\n\n\n<p><a href=\"https:\/\/institutions-mondediplo-com.gorgone.univ-toulouse.fr\/2021\/05\/\">Emploi domestique, le lobby des patrons<\/a> ( Le Monde Diplomatique)<\/p>\n\n\n\n<p><a href=\"https:\/\/www.leravi.org\/politique\/syndicats\/cgt\/malgre-les-reouvertures-des-lieux-culturels-les-occupations-se-poursuivent-en-paca\/\">Malgr\u00e9 les r\u00e9ouvertures des lieux culturels, les occupations se poursuivent en Paca<\/a> (Le Ravi)<\/p>\n\n\n\n<p><a href=\"https:\/\/www.factuel.info\/general-electric-devra-sexpliquer-devant-le-juge-sur-le-non-respect-de-ses-accords\">General Electric devra s\u2019expliquer devant le juge sur le non-respect de ses accords<\/a> (factuel.info)<\/p>\n\n\n\n<p><a href=\"https:\/\/solidaires.org\/SUD-SOLIDAIRES-S-IMPLANTE-CHEZ-AMAZON-CDG7\">Sud Solidaires s&rsquo;implante chez Amazon CDG7 !<\/a> (Solidaires )<\/p>\n\n\n\n<p><a href=\"https:\/\/solidaires.org\/Votre-nouveau-syndicat-chez-Nocibe\">Votre nouveau syndicat chez Nocib\u00e9.<\/a> (Solidaires)<\/p>\n\n\n\n<p><a href=\"https:\/\/info.mediapart.fr\/optiext\/optiextension.dll?ID=WstWrFsS7LWjC91Xll4Qet_s755AxLuEsIu%2BzW5%2BjTznN03a475XJuDPQqOS_5prMZkKDB1CGDZ5c5vddqV47VNYxfBiS\">A Label Gamelle \u00e0 Montreuil, des repas de qualit\u00e9 \u00e0 destination des plus d\u00e9munis<\/a> (MDP)<\/p>\n\n\n\n<p><a href=\"https:\/\/info.mediapart.fr\/optiext\/optiextension.dll?ID=WstWtQzHVR7OPIXkYjjZcE3L2gbNznBkUhud2FvEBC9tjH4a5N9eotttlZGyG4hmAgnkKlUla4dNjgV99r4VRrHLOgCym\">Une \u00abs\u00e9curit\u00e9 sociale de l\u2019alimentation\u00bb pour sortir de la charit\u00e9<\/a> (MDP)<\/p>\n\n\n\n<figure class=\"wp-block-image is-resized is-style-default\"><img loading=\"lazy\" decoding=\"async\" src=\"https:\/\/scontent.fhex4-1.fna.fbcdn.net\/v\/t1.6435-9\/185610660_1203705486718584_8155844708794079608_n.png?_nc_cat=105&amp;ccb=1-3&amp;_nc_sid=730e14&amp;_nc_ohc=XHtTscaI4xUAX-WNOgv&amp;_nc_ht=scontent.fhex4-1.fna&amp;oh=f7213f1d005c38f63f4dca78fb8d541d&amp;oe=60C603C4\" alt=\"Peut \u00eatre une image de carte et texte qui dit \u2019LAD &quot;appel du 18 mai 94 Gr\u00e8ve Nationale LA POSTE 08 28 45 37 MAY 18 33 Toutes et tous dans nos rues en MANIF 40 32 64 POSTIERS &amp;POSTIERES ENLUTTE 973 974 Guadeloupe Martinique Guyanne La r\u00e9union Mayotte\u2019\" width=\"431\" height=\"462\"\/><\/figure>\n\n\n\n<p><span class=\"has-inline-color has-vivid-red-color\"><strong>14 Mai en continu<\/strong><\/span><\/p>\n\n\n\n<p><a href=\"https:\/\/www.liberation.fr\/economie\/social\/assurance-chomage-lunedic-doute-de-la-legalite-de-la-reforme-20210514_7LWFNIXVGFCYHELYRRM53AXWDI\/\" target=\"_blank\" rel=\"noreferrer noopener\">Assurance ch\u00f4mage : l\u2019Un\u00e9dic doute de la l\u00e9galit\u00e9 de la r\u00e9forme<\/a>&nbsp;(Lib\u00e9ration)<\/p>\n\n\n\n<p><a href=\"https:\/\/solidaires.org\/Solidaires-appelle-a-participer-a-tous-les-rassemblements-en-France-en\" target=\"_blank\" rel=\"noreferrer noopener\">Solidaires appelle \u00e0 tous les rassemblements en France en solidarit\u00e9 avec le peuple palestinien<\/a>&nbsp;(Solidaires)<\/p>\n\n\n\n<p><a href=\"https:\/\/www.humanite.fr\/intermittents-la-prolongation-de-lannee-blanche-ne-regle-pas-tout-707062\" target=\"_blank\" rel=\"noreferrer noopener\">Intermittents La prolongation de l\u2019ann\u00e9e blanche ne r\u00e8gle pas tout<\/a>&nbsp;(l\u2019Humanit\u00e9)<\/p>\n\n\n\n<p><a href=\"https:\/\/www.humanite.fr\/industrie-lex-joint-francais-delocalise-707129\" target=\"_blank\" rel=\"noreferrer noopener\">Industrie. L\u2019ex-Joint fran\u00e7ais d\u00e9localis\u00e9<\/a>&nbsp;(l\u2019Humanit\u00e9)<\/p>\n\n\n\n<p><a href=\"https:\/\/www.humanite.fr\/industrie-lex-joint-francais-delocalise-707129#xtor=RSS-1\">Industrie. L\u2019ex-Joint fran\u00e7ais d\u00e9localis\u00e9<\/a> par G\u00e9rard Le Puill (L\u2019Humanit\u00e9)&nbsp;<\/p>\n\n\n\n<p><a href=\"https:\/\/l.facebook.com\/l.php?u=https:\/\/www.ouest-france.fr\/bretagne\/lorient-56100\/fonderie-de-bretagne-une-delegation-en-visioconference-avec-un-representant-de-renault-b1c6644c-b322-11eb-936a-8b56d4eb2d1d?fbclid=IwAR3VBqK1Lf5qbi-T1sMJthKTTzQR5HciuQxL_qq9BXyNR6Wtf3eYsJ0qKg8&amp;h=AT3shY98fTrsuLLexR1Hgkkn_sxiOKvMlKyUAB59CJnxHIvJc2ks1Spxt4-Bym6RHy6jj5rW0bdINM5J1-BKjkVJqGXcOEZoCnzRmuSQBIhdQKhxWWLDmihZOjKMfNWjWpM1EkI&amp;__tn__=,mH-R&amp;c%5B0%5D=AT0LG6in3Ytyv9IR-5TJktlOdWaaVxgkGE2INPipQSGoNFpdVu0RtbuC0QI3awF6H00JOfr-36z5V_G50f7DKzzoajcxw7GAX7DNnnrfbdyFInjJZgh6r8SYPTIIrkPW9QzKRXTvypRwEFQaJH9gOERZQJgInSiFEdh4xwJ_Sbl3vEk\">Fonderie de Bretagne. \u00ab On nous m\u00e9prise. On ne l\u00e2chera pas \u00bb, les gr\u00e9vistes restent mobilis\u00e9s <\/a>(Ouest France)<\/p>\n\n\n\n<p><a href=\"https:\/\/www.revolutionpermanente.fr\/Fonderie-de-Bretagne-les-grevistes-multiplient-les-actions-coup-de-poing-pour-visibiliser-leur-25157\">Fonderie de Bretagne&nbsp;: les gr\u00e9vistes multiplient les actions coup de poing pour visibiliser leur combat<\/a> (RP)<\/p>\n\n\n\n<p><a href=\"https:\/\/www-mediapart-fr.gorgone.univ-toulouse.fr\/journal\/france\/120521\/la-crise-du-covid-agi-comme-un-accelerateur-de-la-pauvrete\">La crise du Covid a agi comme un acc\u00e9l\u00e9rateur de la pauvret\u00e9<\/a> (Mediapart)<\/p>\n\n\n\n<p><a href=\"https:\/\/www-mediapart-fr.gorgone.univ-toulouse.fr\/journal\/economie\/120521\/fonds-de-solidarite-le-grand-embouteillage-de-dossiers\">Fonds de solidarit\u00e9: le grand embouteillage de dossiers<\/a> (Mediapart)<\/p>\n\n\n\n<p><a href=\"https:\/\/zevillage.net\/future-of-work\/maternite-et-discrimination-le-combat-oublie\/\">Maternit\u00e9 et discrimination : le combat oubli\u00e9 (<\/a>ZeVillage<a href=\"https:\/\/zevillage.net\/future-of-work\/maternite-et-discrimination-le-combat-oublie\/\">)<\/a><\/p>\n\n\n\n<p><a href=\"https:\/\/www.dalloz-actualite.fr\/flash\/retrogradation-disciplinaire-l-acceptation-n-emporte-pas-renoncement-une-action-en-contestatio#.YJ0K82b7Q6U\">R\u00e9trogradation disciplinaire : l\u2019acceptation n\u2019emporte pas renoncement \u00e0 une action en contestation<\/a> (Dalloz)<\/p>\n\n\n\n<p><a href=\"https:\/\/www.efl.fr\/actualites\/social\/duree-du-travail\/details.html?ref=f4265f478-6de8-4080-91dc-85ccdc9460f3\">Covid-19 : les difficult\u00e9s organisationnelles sont insuffisantes pour imposer des jours de repos<\/a> ( Lefebvre)<\/p>\n\n\n\n<p><a href=\"https:\/\/www.ash.tm.fr\/racine\/protection-sociale-sante\/accidents-du-travail-et-maladies-professionnelles-ajustement-des-regles-applicables-668877.php\">Accidents du travail et maladies professionnelles&nbsp;: ajustement des r\u00e8gles applicables<\/a> (ASH)<\/p>\n\n\n\n<p><span class=\"has-inline-color has-vivid-red-color\"><strong>13 Mai en continu<\/strong><\/span><\/p>\n\n\n\n<p><a href=\"https:\/\/www.sudouest.fr\/economie\/social\/covid-19-la-pauvrete-s-est-demultipliee-en-france-une-probable-bombe-a-retardement-selon-un-rapport-2654104.php\">Covid: la pauvret\u00e9 s\u2019est \u00ab&nbsp;d\u00e9multipli\u00e9e&nbsp;\u00bb en France, une probable \u00ab&nbsp;bombe \u00e0 retardement&nbsp;\u00bb<\/a> (Sud Ouest)<\/p>\n\n\n\n<p><a href=\"https:\/\/www.alternatives-economiques.fr\/reforme-de-lassurance-chomage-va-t-inciter-demandeurs-demplo\/00099039\">La r\u00e9forme de l\u2019assurance ch\u00f4mage va-t-elle inciter les demandeurs d\u2019emploi \u00e0 refuser du travail&nbsp;?<\/a> (Alter Eco)<\/p>\n\n\n\n<p><a href=\"https:\/\/www.ladepeche.fr\/2021\/05\/12\/les-intermittents-ont-occupe-la-direccte-9540275.php\">Tarbes : les intermittents ont occup\u00e9 la DIRECCTE<\/a> (La D\u00e9p\u00eache)<\/p>\n\n\n\n<figure class=\"wp-block-image is-resized is-style-default\"><img data-recalc-dims=\"1\" loading=\"lazy\" decoding=\"async\" src=\"https:\/\/i0.wp.com\/images.ladepeche.fr\/api\/v1\/images\/view\/609b47f03e45462449113ae7\/large\/image.jpg?resize=513%2C289&#038;ssl=1\" alt=\"Peu avant 17 heures, les policiers ont &quot;invit\u00e9&quot; les manifestants \u00e0 quitter les lieux, dans le calme, avant de se retrouver au prochain acte?\" width=\"513\" height=\"289\"\/><\/figure>\n\n\n\n<p><a href=\"https:\/\/www.francebleu.fr\/infos\/economie-social\/poitiers-la-police-empeche-l-acces-du-tap-aux-intermittents-les-manifestants-se-replient-a-la-mairie-1620810889\">Assurance ch\u00f4mage : acc\u00e8s au TAP de Poitiers bloqu\u00e9, repli des intermittents \u00e0 la mairie<\/a> (France Bleu)<\/p>\n\n\n\n<p><a href=\"https:\/\/france3-regions.francetvinfo.fr\/occitanie\/haute-garonne\/toulouse\/toulouse-le-theatre-de-la-cite-met-fin-a-l-occupation-des-intermittents-et-precaires-2088292.html\">Toulouse&nbsp;: le th\u00e9\u00e2tre de la cit\u00e9 met fin \u00e0 l\u2019occupation des intermittents et pr\u00e9caires<\/a> (France 3)<\/p>\n\n\n\n<p><a href=\"https:\/\/actu.fr\/economie\/l-aide-de-900-euros-aux-precaires-et-aux-intermittents-prolongee-jusqu-a-fin-aout_41786769.html\">L&rsquo;aide de 900 euros aux pr\u00e9caires et aux intermittents prolong\u00e9e jusqu&rsquo;\u00e0 fin ao\u00fbt<\/a> (Actu)<\/p>\n\n\n\n<p><a href=\"https:\/\/www.humanite.fr\/117-villes-ou-la-colere-souffle-sur-les-services-de-reanimation-706665#xtor=RSS-1\">117 villes o\u00f9 la col\u00e8re souffle sur les services de r\u00e9animation<\/a> (L\u2019Humanit\u00e9)<\/p>\n\n\n\n<figure class=\"wp-block-image is-resized is-style-default\"><img loading=\"lazy\" decoding=\"async\" src=\"https:\/\/scontent.fhex4-2.fna.fbcdn.net\/v\/t1.6435-0\/s600x600\/185548079_1202418166847316_1771614392858951831_n.jpg?_nc_cat=110&amp;ccb=1-3&amp;_nc_sid=730e14&amp;_nc_ohc=wuQ-eWstFSAAX8MeHLw&amp;_nc_ht=scontent.fhex4-2.fna&amp;tp=7&amp;oh=28aea5e57f58b1d5ed0c6b91e8aa8cbd&amp;oe=60C0F1E7\" alt=\"\" width=\"242\" height=\"323\"\/><\/figure>\n\n\n\n<p><a href=\"https:\/\/lanticapitaliste.org\/actualite\/entreprises\/automobile-les-salariees-des-fonderies-en-pointe-de-la-lutte-contre-les\">Automobile : les salari\u00e9Es des fonderies en pointe de la lutte contre les restructurations<\/a> (Auto Critique)<\/p>\n\n\n\n<p><a href=\"https:\/\/l.facebook.com\/l.php?u=https:\/\/france3-regions.francetvinfo.fr\/bretagne\/morbihan\/lorient\/la-gare-de-lorient-bloquee-par-les-salaries-de-la-fonderie-de-bretagne-2088328.html?fbclid=IwAR3nsKtMELQD0EDkp4rPp2uPobBrGM3_Cf32krMV7G1vqeZ4okea2WR-4TA&amp;h=AT0-s-FUBJvm2fRzfjwzp9dZmvvWF8m33VGIwbxZbusPgR7-pfkipLs9wV0rgz_7Eb8z8Hk3zXJK2SdD5ZOnO6SxTORaWPNZ6TEYTP_VVo-MyF2_7Geuw_kek9AwLar8MuJuWxM&amp;__tn__=,mH-R&amp;c%5B0%5D=AT12i9dGacSisKZvJQxckuHNWfnI5p5JwLgQd-3ZrGdcACTx79bGFg0xTEVmIf6l0VOmB8tQU4YcfAP8L9ZRBA8iDZgltg8FYRaXIi_7ikq6XE7LOBrYSyvzR34IeqLwulx4AdL9WUUnqL3khuNw0Q8aE-6e1PyO0feIqdotDkx_w0o\">La gare de Lorient bloqu\u00e9e par les salari\u00e9s de la Fonderie de Bretagne&nbsp;<\/a> (France 3)<\/p>\n\n\n\n<p><a href=\"https:\/\/lanticapitaliste.org\/actualite\/services-publics\/menace-de-revocation-dahmed-la-ratp-une-veritable-declaration-de-guerre\">Menace de r\u00e9vocation d\u2019Ahmed \u00e0 la RATP\u2009: une v\u00e9ritable d\u00e9claration de guerre<\/a> (L\u2019Anticapitaliste)<\/p>\n\n\n\n<p><a href=\"https:\/\/lanticapitaliste.org\/actualite\/services-publics\/la-poste-le-18-mai-devient-une-greve-nationale\">La Poste : le 18 mai devient une gr\u00e8ve nationale\u2009!<\/a> (L\u2019Anticapitaliste)<\/p>\n\n\n\n<p><a href=\"https:\/\/info.mediapart.fr\/optiext\/optiextension.dll?ID=B54B6yzJ%2BMg0fbRxlAjrrvaVPIRMQ_SjhRgm6JGnlKiIl5kRtmmN5CghBpkkjIEz%2BWVcff0t9gqfCuQEqvBCMA3Jz6_lF\">La crise du Covid a agi comme un acc\u00e9l\u00e9rateur de la pauvret\u00e9<\/a> (MDP)<\/p>\n\n\n\n<p><a href=\"https:\/\/info.mediapart.fr\/optiext\/optiextension.dll?ID=B54B5FLyPJC2kgXd%2BBAuSx2eRbkxfWJdBgEM24KBFXyjHFllta8JrlV_Jc_tzm8_sxt5G7LOVj1WHuIGLPMKbzIUjbVtY\">Fonds de solidarit\u00e9: le grand embouteillage de dossiers<\/a> (MDP)<\/p>\n\n\n\n<p><a href=\"https:\/\/rapportsdeforce.fr\/classes-en-lutte\/chomage-et-si-la-reforme-navait-pas-lieu-le-1er-juillet-051210274\">Ch\u00f4mage &#8211; Et si la r\u00e9forme n\u2019avait pas lieu le 1er juillet <\/a>(Rapports de Force)<\/p>\n\n\n\n<p><a href=\"http:\/\/www.regards.fr\/politique\/article\/accrochez-vous-bien-emmanuel-macron-prepare-son-moment-social\">Accrochez-vous bien, Emmanuel Macron pr\u00e9pare son \u00ab moment social \u00bb<\/a> (Regards)<\/p>\n\n\n\n<p><a href=\"https:\/\/info.mediapart.fr\/optiext\/optiextension.dll?ID=B54B9o8G8%2BaftZj2bWRq3DOH6ylbJLwG%2BCVGsD_XZWSXnaCltZ_zGJuWG4B3x9Ouymenama9lBd25IxpRsj%2BoKZG%2BytRw\">A Saint-Nazaire, une travailleuse sociale licenci\u00e9e pour avoir critiqu\u00e9 la ville et la police<\/a> (MDP)<\/p>\n\n\n\n<p><a href=\"https:\/\/lanticapitaliste.org\/arguments\/uberisation-mutation-du-capitalisme-et-resistances\">Ub\u00e9risation : mutation du capitalisme et r\u00e9sistances<\/a> (L\u2019Anticapitaliste)<\/p>\n\n\n\n<p><a href=\"https:\/\/lanticapitaliste.org\/arguments\/social\/le-maillon-faible-des-plateformes-le-travail-vivant\">Le maillon faible des plateformes\u2009: le travail vivant<\/a> -Tristan Katz<\/p>\n\n\n\n<p><span class=\"has-inline-color has-vivid-red-color\"><strong>12 Mai en continu<\/strong><\/span><\/p>\n\n\n\n<p><a href=\"https:\/\/lanticapitaliste.org\/actualite\/entreprises\/quand-les-salariees-relevent-la-tete-la-direction-se-la-gratte\">Airbus aviation : Quand les salari\u00e9Es rel\u00e8vent la t\u00eate\u2026 la direction se la gratte<\/a> (L\u2019Anticapitaliste)<\/p>\n\n\n\n<p><a href=\"https:\/\/info.mediapart.fr\/optiext\/optiextension.dll?ID=%2BDC%2BEWRRrLCSRawYiFzgAYqUDbGqLoOwOLY27hxFqKETwXnV3EOWa4Y4HB4Qm1PjKnFzCzSV2HhaqBXZ7HHtX1lqefn%2Br\">La p\u00e9nalisation des squats inqui\u00e8te les associations<\/a> (MDP)<\/p>\n\n\n\n<p><a href=\"https:\/\/www.revolutionpermanente.fr\/Neuhauser-Un-ouvrier-victime-d-un-accident-grave-la-direction-est-responsable\">Neuhauser. Un ouvrier victime d\u2019un accident grave&nbsp;: la direction est responsable&nbsp;!<\/a> (RP)<\/p>\n\n\n\n<p><a href=\"https:\/\/info.mediapart.fr\/optiext\/optiextension.dll?ID=%2BDC%2BFtam962WVT2z9Vi_OlIm2yCya8XVc8pknYn7LzhsW%2BYp2dhjuxID20LGjjXfhA06zFpE22PG1bUWobnoQcXIkqZxI\">Ne \u00absoutenons\u00bb pas les artistes, r\u00e9mun\u00e9rons les travailleuses et travailleurs de l&rsquo;art!<\/a> (MDP)<\/p>\n\n\n\n<p><a href=\"https:\/\/www.marxiste.org\/actualite-francaise\/luttes-mouvement-syndical\/2898-contre-la-fermeture-des-hopitaux-sud-a-marseille\">Contre la fermeture des h\u00f4pitaux Sud \u00e0 Marseille !<\/a> (marxist.org)<\/p>\n\n\n\n<p><a href=\"https:\/\/www.boursorama.com\/actualite-economique\/actualites\/france-prolongement-des-aides-pour-les-intermittents-du-spectacle-05d1eef0d6515eac80884c4c62986e4b\">France: Prolongement des aides pour les intermittents du spectacle<\/a> (Reuters)<\/p>\n\n\n\n<p><a href=\"https:\/\/www.francetvinfo.fr\/culture\/intermittents-la-prolongation-de-lannee-blanche-de-quatre-mois-est-totalement-insatisfaisante-reagissent-les-syndicats-dartistes-musiciens_4619917.html?\">Syndicats d\u2019artistes: prolongation ann\u00e9e blanche de 4 mois \u00ab\u00a0totalement insatisfaisante\u00a0\u00bb<\/a> (France Info)<\/p>\n\n\n\n<p><a href=\"https:\/\/lanticapitaliste.org\/evenement\/paris-manifestation-pour-le-droit-au-logement-0\">Paris 30 mai- Manifestation pour le droit au logement<\/a> (L\u2019Anticapitaliste)<\/p>\n\n\n\n<p><a href=\"https:\/\/www.ouest-france.fr\/economie\/emploi\/droit-du-travail\/travail-du-dimanche-elisabeth-borne-ouvre-la-porte-a-des-derogations-exceptionnelles-9a331e00-b1ac-11eb-ab0b-3db1744bd25b\">Travail du dimanche&nbsp;: \u00c9lisabeth Borne ouvre la porte \u00e0 des d\u00e9rogations exceptionnelles<\/a> (Ouest France)<\/p>\n\n\n\n<figure class=\"wp-block-image is-resized is-style-default\"><img data-recalc-dims=\"1\" loading=\"lazy\" decoding=\"async\" src=\"https:\/\/i0.wp.com\/www.formesdesluttes.org\/site\/assets\/files\/1414\/fdl-charlottevinouze-01-a3-web.png?resize=322%2C455\" alt=\"\" width=\"322\" height=\"455\"\/><\/figure>\n\n\n\n<p><a href=\"https:\/\/www.francebleu.fr\/infos\/societe\/violente-intrusion-au-theatre-d-orleans-un-rassemblement-en-soutien-aux-intermittents-organise-ce-1620665869\">Rassemblement organis\u00e9 \u00e0 Orl\u00e9ans, apr\u00e8s la violente intrusion au th\u00e9\u00e2tre<\/a> (France Bleu)<\/p>\n\n\n\n<p><a href=\"https:\/\/www.lyonne.fr\/auxerre-89000\/actualites\/les-intermittents-du-spectacle-abandonnent-l-occupation-du-theatre-d-auxerre_13951354\/\">Les intermittents du spectacle abandonnent l&rsquo;occupation du th\u00e9\u00e2tre d&rsquo;Auxerre<\/a> (Lyonne)<\/p>\n\n\n\n<p><a href=\"https:\/\/www.francebleu.fr\/infos\/faits-divers-justice\/obligation-de-quitter-les-lieux-pour-les-intermittents-qui-occupent-le-theatre-auditorium-de-1620654021\">Obligation de quitter les lieux pour les intermittents au Th\u00e9\u00e2tre Auditorium de Poitiers<\/a> (France Bleu)<\/p>\n\n\n\n<p><a href=\"http:\/\/www.apple.fr\">Pauvret\u00e9, pr\u00e9carit\u00e9 et exclusion sociale : quels liens et quelles diff\u00e9rences ?<\/a> -Guillaumme<\/p>\n\n\n\n<p><a href=\"https:\/\/www.efl.fr\/actualites\/social\/conges\/details.html?ref=fb8a45f17-4d3d-47b0-b8a5-8084d86a4d8b\">Du nouveau en mati\u00e8re d\u2019indemnit\u00e9s journali\u00e8res de s\u00e9curit\u00e9 sociale<\/a> (EFL)<\/p>\n\n\n\n<p>V<a href=\"https:\/\/blogs.alternatives-economiques.fr\/abherve\/2021\/05\/09\/verbatim-du-debat-a-l-assemblee-nationale-sur-l-extension-du-rsa-aux-jeunes\">erbatim du d\u00e9bat \u00e0 l&rsquo;Assembl\u00e9e Nationale sur l&rsquo;extension du RSA aux jeunes<\/a> (AlterEco)<\/p>\n\n\n\n<figure class=\"wp-block-image is-resized is-style-default\"><img loading=\"lazy\" decoding=\"async\" src=\"https:\/\/scontent.fsti4-1.fna.fbcdn.net\/v\/t1.6435-9\/184790733_1201779356911197_1701946040849952688_n.png?_nc_cat=110&amp;ccb=1-3&amp;_nc_sid=730e14&amp;_nc_ohc=wesKbQS69Q0AX-JV8mV&amp;_nc_ht=scontent.fsti4-1.fna&amp;oh=45616228747576d81678bec7d6297f98&amp;oe=60BF39F9\" alt=\"Peut \u00eatre une image de texte qui dit \u2019Au 1er juillet, L'allocation ch\u00f4mage d'une personne anciennement salari\u00e9e au SMIC passera de: 985\u20ac \u00e0 667\u20ac Merci Macron!\u2019\" width=\"402\" height=\"310\"\/><\/figure>\n\n\n\n<p><span class=\"has-inline-color has-vivid-red-color\"><strong>11 Mai en continu<\/strong><\/span><\/p>\n\n\n\n<p><a href=\"https:\/\/www.boursorama.com\/actualite-economique\/actualites\/finances-publiques-greve-variable-selon-les-departements-5cde98fd1a425fda9fd177b9c0a6e160\">Finances publiques: gr\u00e8ve variable selon les d\u00e9partements<\/a> (AFP)<\/p>\n\n\n\n<p><a href=\"http:\/\/www.npa-auto-critique.org\/2021\/05\/renault-invite-ses-salaries-a-aller-voir-ailleurs.html\">Renault \u00ab\u00a0invite ses salari\u00e9s \u00e0 aller voir ailleurs\u00a0\u00bb<\/a>(Auto Critique)<\/p>\n\n\n\n<p><a href=\"https:\/\/www.bondyblog.fr\/societe\/la-repression-contre-les-syndicalistes-de-la-ratp-se-durcit\/\">La r\u00e9pression contre les syndicalistes de la RATP se durcit<\/a> (Le Bondy Blog)<\/p>\n\n\n\n<p><a href=\"https:\/\/www.boursorama.com\/actualite-economique\/actualites\/ouverture-des-commerces-le-dimanche-demande-legitime-pour-bruno-le-maire-9ff20aee5d8f1888c93ce1ebb5d9125f\">Ouverture des commerces le dimanche: demande \u00ab\u00a0l\u00e9gitime\u00a0\u00bb pour Bruno Le Maire<\/a> (AFP)<\/p>\n\n\n\n<p><a href=\"https:\/\/www.mncp.fr\/chomactif-a-lemission-penser-les-luttes-consacree-a-lassurance-chomage-clermont-ferrand\/?utm_source=rss&amp;utm_medium=rss&amp;utm_campaign=chomactif-a-lemission-penser-les-luttes-consacree-a-lassurance-chomage-clermont-ferrand\">Ch\u00f4m\u2019actif \u00e0 l\u2019\u00e9mission \u201cPenser les luttes\u201d consacr\u00e9e \u00e0 l\u2019assurance ch\u00f4mage (Clermont-Ferrand)<\/a>&nbsp; (MNCP)&nbsp;<\/p>\n\n\n\n<p><a href=\"https:\/\/www.boursorama.com\/actualite-economique\/actualites\/air-france-nouvelle-manifestation-de-salaries-contre-la-fermeture-des-bases-de-province-49f6ee3253514e0619cf7f254d135e9c\">Air France: nouvelle manifestation de salari\u00e9s contre la fermeture des bases de province<\/a> (AFP)&nbsp;<\/p>\n\n\n\n<p><a href=\"https:\/\/www.bastamag.net\/Hausse-des-controles-contre-les-chomeurs-pole-emploi-radiation-de-six-mois-MNCP\">En pleine crise, alors que la pr\u00e9carit\u00e9 explose, les contr\u00f4les des ch\u00f4meurs se durcissent <\/a>(Basta)<\/p>\n\n\n\n<p><a href=\"https:\/\/www.humanite.fr\/ratp-ahmed-berrahal-lanceur-dalerte-reprime-706558#xtor=RSS-1\">RATP. Ahmed Berrahal, lanceur d\u2019alerte r\u00e9prim\u00e9<\/a>&nbsp; (L\u2019Humanit\u00e9)<\/p>\n\n\n\n<p><a href=\"http:\/\/www.npa-auto-critique.org\/2021\/05\/les-salaries-de-la-fonderie-de-bretagne-refusent-detre-vendus-par-renault.html\">10 mai 2021 : les gr\u00e9vistes de la Fonderie de Bretagne bloquent la sous-pr\u00e9fecture de Lorient<\/a> (Auto Critique)<\/p>\n\n\n\n<p><a href=\"https:\/\/info.mediapart.fr\/optiext\/optiextension.dll?ID=jRQjVpQCFan6cxIYDiOtIeN3TzgrHhEaZyPTYD42DnianVR5bIn0bx8THiF2xH%2B04DoeturrddmXGBcF3s0yuyTB57xXW\">Pas de r\u00e9ouverture sans droits sociaux et plan de reprise!<\/a> -Collectif<\/p>\n\n\n\n<p><a href=\"http:\/\/www.npa-auto-critique.org\/2021\/05\/les-salaries-de-la-fonderie-de-bretagne-refusent-detre-vendus-par-renault.html\">Les salari\u00e9s de la Fonderie de Bretagne refusent d\u00eatre vendus par Renault<\/a> (Auto Critique)<\/p>\n\n\n\n<p><a href=\"http:\/\/link.listes.cafepedagogique.net\/m\/surl\/200138\/509061\/cVFRNQup6c6SJBNEZV6iBnFKF-B12viezBEiZxMr5xU=\/link_16\/Q-HydKTyPXBZS1b6r6dBTy0IjobV4ULSaNXf7JL91vWF9xFKBjxzmdwQ3QfkbYCazAno26ClPAu-Qqc65q3+ISrUOGr8DTbExza1CqeLKQg5SRpsDh3Afqyqygsdn4LkL1QiNP8VsucEJm+ntvdi3wvhwpCuBpe6SsZjvTzuM00dVZeR+38j1Ti-LfY-aiMOeE0gdq+I3rGbUgviqrPt36IRwANYJ74rt1qo9oy93q4h+fOImrjCsIXxLZYj2jowoQrwaz7adfX5m1LuhsM7tZOevKlTpxMBoOU-R47RnFRvDUiKTfa3FGAxD1ukbpuw\">Grande pauvret\u00e9 et r\u00e9ussite scolaire<\/a> (Caf\u00e9 P\u00e9dagogique)<\/p>\n\n\n\n<figure class=\"wp-block-image is-resized is-style-default\"><img data-recalc-dims=\"1\" loading=\"lazy\" decoding=\"async\" src=\"https:\/\/i0.wp.com\/www.formesdesluttes.org\/site\/assets\/files\/1421\/fdl-coucoupresident-01-a3-web.png?resize=291%2C411\" alt=\"\" width=\"291\" height=\"411\"\/><\/figure>\n\n\n\n<p><span class=\"has-inline-color has-vivid-red-color\"><strong>10 Mai en continu<\/strong><\/span><\/p>\n\n\n\n<p><a href=\"https:\/\/www.blast-info.fr\/articles\/2021\/edf-la-strategie-anti-sud-la-chasse-aux-syndicats-est-ouverte-UAg6ku-pSAywwhpy9ar7Pw\">EDF, la strat\u00e9gie anti-SUD : la chasse aux syndicats est ouverte<\/a> (vid\u00e9o BLAST)<a href=\"https:\/\/solidaires.org\/Pas-d-emplois-sur-une-planete-morte-25-propositions-pour-sauver-le-climat-et\"><br><br>\u00ab&nbsp;Pas d\u2019emplois sur une plan\u00e8te morte&nbsp;\u00bb&nbsp;: 25 propositions pour sauver le climat et cr\u00e9er des emplois<\/a> (Solidaires)<\/p>\n\n\n\n<p><a href=\"https:\/\/www.insee.fr\/fr\/statistiques\/4768202?sommaire=5351469\">Les revenus d\u2019activit\u00e9 des non-salari\u00e9s en 2018<\/a> (INSEE)<\/p>\n\n\n\n<p><a href=\"https:\/\/www.placegrenet.fr\/2021\/05\/09\/salaries-syndicats-et-elus-reunis-sur-le-pont-barrage-de-saint-egreve-contre-le-projet-hercule-de-reorganisation-dedf\/506036\">Salari\u00e9s, syndicats et \u00e9lus sur le pont-barrage de Saint-\u00c9gr\u00e8ve contre le projet Hercule d\u2019EDF<\/a> (Place Gre\u2019net)<\/p>\n\n\n\n<p><a href=\"https:\/\/ecoblog.bnpparibas.com\/fr\/un-autre-regard-sur-leconomie\/teletravail-et-productivite\/\">T\u00e9l\u00e9travail et productivit\u00e9<\/a> -William De Vijlder<\/p>\n\n\n\n<p><a href=\"https:\/\/www.larep.fr\/orleans-45000\/loisirs\/cinq-hommes-font-irruption-au-theatre-d-orleans-occupe-par-les-intermittents-trois-personnes-aux-urgences_13950906\/\">Cinq hommes font irruption au th\u00e9\u00e2tre d&rsquo;Orl\u00e9ans occup\u00e9 : trois personnes aux urgences<\/a> (La Rep)<\/p>\n\n\n\n<p><a href=\"https:\/\/www.letelegramme.fr\/ille-et-vilaine\/rennes\/un-rassemblement-apres-l-evacuation-des-intermittents-du-tnb-08-05-2021-12746970.php\">Un rassemblement apr\u00e8s l\u2019\u00e9vacuation des intermittents du TNB<\/a> (Le T\u00e9l\u00e9gramme)<\/p>\n\n\n\n<p><a href=\"https:\/\/www.ladepeche.fr\/2021\/05\/07\/emploi-les-jeunes-cadres-particulierement-penalises-par-la-crise-selon-lapec-9531943.php\">Emploi : les jeunes cadres particuli\u00e8rement p\u00e9nalis\u00e9s par la crise selon l&rsquo;APEC<\/a> (La D\u00e9p\u00eache)<\/p>\n\n\n\n<figure class=\"wp-block-image size-large is-resized is-style-default\"><img data-recalc-dims=\"1\" loading=\"lazy\" decoding=\"async\" src=\"https:\/\/i0.wp.com\/www.rdpemancipation.org\/wp-content\/uploads\/2021\/05\/image-70.png?resize=600%2C524&#038;ssl=1\" alt=\"\" class=\"wp-image-29352\" width=\"600\" height=\"524\" srcset=\"https:\/\/i0.wp.com\/www.rdpemancipation.org\/wp-content\/uploads\/2021\/05\/image-70.png?w=513&amp;ssl=1 513w, https:\/\/i0.wp.com\/www.rdpemancipation.org\/wp-content\/uploads\/2021\/05\/image-70.png?resize=300%2C261&amp;ssl=1 300w\" sizes=\"auto, (max-width: 600px) 100vw, 600px\" \/><\/figure>\n\n\n\n<p><span class=\"has-inline-color has-vivid-red-color\"><strong>9 Mai en continu<\/strong><\/span><\/p>\n\n\n\n<p><a href=\"https:\/\/info.mediapart.fr\/optiext\/optiextension.dll?ID=PlkPig6EAwxSmvs5z5XLc6qyg_lYBMX7xPy8ExQNP8P9Vnh5HI6WaHnT323d2XFh8a2NF3iJQy3deV963NK3aZcOlS2bO\">A Nantes-Atlantique, les agents charg\u00e9s de la s\u00e9curit\u00e9 de l\u2019a\u00e9roport se rebiffent<\/a> (MDP)<\/p>\n\n\n\n<p><a href=\"https:\/\/www.boursorama.com\/actualite-economique\/actualites\/avec-le-covid-19-40-des-infirmiers-ont-envie-de-changer-de-metier-81b327a90155c9f7994dd7e9f7c88a57\">Avec le Covid-19, 40% des infirmiers ont \u00ab\u00a0envie de changer de m\u00e9tier\u00a0\u00bb<\/a> (AFP)<\/p>\n\n\n\n<p><a href=\"https:\/\/lvsl.fr\/la-repression-de-la-mendicite-et-la-protection-des-droits-fondamentaux-une-retrospective-historique\/\">La r\u00e9pression de la mendicit\u00e9 et la protection des droits fondamentaux : une r\u00e9trospective historique<\/a> (LVSL)<\/p>\n\n\n\n<p><a href=\"https:\/\/r.newsletter.cgt.fr\/mk\/cl\/f\/lvjHch0C3T2Xuua8u-nyTHnNRlrP_YZh67pkuROAdKVfOWxq3eKDEOvOurLOJvE1rHP8zHb5YsPvNrQ2OmsTHYovqfWMy4S7LOVftYXlGNwSeA9mlVfewS5_ADMwCnVt6xNJDMvpsPMHKzb9mZQacd5vPRf52g064MQxk_KsuukuRjnOByILavyMUBqQQjOM5vZsqLpbpf6rOPSOapMGoN6aC62gCrssXtA88kaz1t1S3FCM9z0IHUgyYGstalnz60M8uTmVBYA_nYnktb67uyZYhTOsi4vs0OEP5g8rVhwqio3VwcdBizu0Fec1htE97gj8uvCyDJmZL_ASQghY_egzkfgeU0jBzDOzAOBv-DRqlx2MjyGCiXk0VceFHqgdCm2mmgSKQ6_Y9GIwbrRRlWy0QKTi9XMDDv4mfi6XrGcsckX-fk9-YnDsU8IC29SgwO2O9w\">Inspecteurs du travail au bord de la crise de nerfs<\/a> (CGT)<\/p>\n\n\n\n<p><a href=\"https:\/\/r.newsletter.cgt.fr\/mk\/cl\/f\/L72wi0N5Av1tvNmn_x9BerPvRCcoR3WkocWMA8p7xX0mMYcvMPWx4OVjbZzFedY3lpfKJKEhB329Y0QciGYW9kRzNFZbQctMAna_odkxZx04WDIoQshTfSFSJEGQ-M-A0fSK_nOdgNxfWXDAkEK28MjcbKYHACRhUUnWd8koDzamwe_7TkvK4gS3Ey68sa9h9OnLTcWjH4cFqg2j52l-KzRnF_lDop3RwHPdkbMdhitw5js6-vB9yC2kd4eMof5cdpt7uy-huHjuwlwE4OwE47oTgpPJtfkYVDcLwcMewP3l0pG_FjsTO_d9MFHtfbyRtf9tqWXKvYml3XHETDchxcaCW_-mR7VWx-hulbVPwcnPVJmK2HBMtm33PGKe4D20KSbu0JpbrzdeoydBJA3fmDMNxD2M0lTcnRZuVsQfty4FadANixeRkfhxuQrGcs74vWyp7r3YZR9HmAiKD03Z0gXkxw\">Contre la fermeture des bureaux de poste : des mobilisations partout en France<\/a> (CGT)<\/p>\n\n\n\n<p><a href=\"https:\/\/blogs.mediapart.fr\/jean-marc-b\/blog\/080521\/la-garantie-d-emploi-au-milieu-du-gue-michel-husson\">La garantie d\u2019emploi au milieu du gu\u00e9 &#8211; <\/a>Michel Husson<\/p>\n\n\n\n<figure class=\"wp-block-image is-resized is-style-default\"><img data-recalc-dims=\"1\" loading=\"lazy\" decoding=\"async\" src=\"https:\/\/i0.wp.com\/static.mediapart.fr\/etmagine\/default\/files\/2021\/05\/08\/f00115.jpg?resize=324%2C440&#038;ssl=1\" alt=\"Le chox du ch\u00f4mage - \u00a9 Benoit Collombat Daminen Cuvillier\" width=\"324\" height=\"440\" title=\"Le chox du ch\u00f4mage - \u00a9 Benoit Collombat Daminen Cuvillier\"\/><\/figure>\n\n\n\n<p><span class=\"has-inline-color has-vivid-red-color\"><strong>8 Mai en continu<\/strong><\/span><\/p>\n\n\n\n<p><a href=\"http:\/\/aitec.reseau-ipam.org\/spip.php?article1757\">Fin de la tr\u00e8ve hivernale&nbsp;: 29 &amp; 30 mai tou.te.s dans la rue&nbsp;!<\/a> (AITEC)<\/p>\n\n\n\n<p><a href=\"https:\/\/r.newsletter.cgt.fr\/mk\/cl\/f\/0BjCbVLRhHvqb0UGZvt-RxwhB5TPjivIj-s7K-dEzEf2IwXaQSfou8qTEnt3r9eFDRXOOK0UBvP34jvd0vdCBEelgLmXZooob1DWo5CqbMCgAg8iFBWuJmtTYQ_5HaWuA5e5rAmjJZbajI7aiDbF8jXOfAHPB-FKUdwVEIuo6yLJbI0KNzo3YSKp6s56SmOr7aJYZCkjlKOhUlmA5yle_YxcCqwJjRXH5Hs8QcHsA0u2KKwHFO_6TRAwHSUDY-ZuiB9aKnol0eUDQQSYKBvcKWYafYjfUROCs1bJ366nZV36c_A_cguP26EGao5UWze6cakUWIFLB1bnNEvyRMv_Idh4G30K361_tYHXtcNA0a3Zh2oufcolHUyayvwJM9GJNsKwAA9TvDK0wq_n1XcfFxjU4KG7sg9GXcwoKE-5jajvlVAxkXiSItHKZfzvyLDg8q72jeUl\">9 mai : mobilisation pour une transition sociale et \u00e9cologique juste !<\/a> (CGT)<\/p>\n\n\n\n<p><a href=\"https:\/\/info.mediapart.fr\/optiext\/optiextension.dll?ID=JbaJbdOA9cpxYtnaWW3nZfUnWiVuIPgr0te4kcXfREgKDvntRVzegK53X6%2BmfTtUNauokcCRDWbJ6i%2B_pvzxrli5lWMZK\">Malgr\u00e9 l\u2019urgence, l\u2019extension de la Garantie jeunes se fait attendre<\/a> (MDP)<\/p>\n\n\n\n<p><a href=\"https:\/\/r.newsletter.cgt.fr\/mk\/cl\/f\/SCXRbGvM5c4agheMQMeWVynSlEzcsxbHB9arorxq692Vi02YNlcbsMiGy3Qyd4bLr52yR0K8hR1OZNo2mZ7fhKWSQtyR9opzG1U8C6AQkqPdMS34QDQBFw34CEeQUWZ8P7_vlzZJvswLWQwuDwy2OboKsNIBRF1ZSMJi5oxm2u60n63INgGlUWZZcpKWbhqGxNDq2zNJuxhQJV6oia8W0wsMPJpngjJ-nrvNr0DLW3vH4vdX_-DI9rWG9sHxaXNzh557nSlntwQC6jNXMTpAbfecVxuL-D4cSKjQWNajTi_hcywJFQH4MG23JEJVvZz0qJLTGOZ0RX15JfkPju4BWlpawZ3mJbdNRsrwc5BuWm8ob3TQIIhwHlzQZ83wmLVxzMffsTZHpBfORmVVArSAoYOPTMEkZtS8oEJYUJqieWxOZQ\">Salari\u00e9s de Gardanne : bient\u00f4t les Fralib de l&rsquo;\u00e9nergie ?<\/a> (CGT)<\/p>\n\n\n\n<p><a href=\"https:\/\/www.boursorama.com\/actualite-economique\/actualites\/travailleurs-precaires-la-garantie-de-revenus-a-900-euros-pourrait-etre-prolongee-borne-a6f6f00519bb83341de6b69224ba36b0\">Travailleurs pr\u00e9caires: la garantie de revenus \u00e0 900 euros pourrait \u00eatre prolong\u00e9e (Borne)<\/a> (AFP)<\/p>\n\n\n\n<p><a href=\"https:\/\/www.revolutionpermanente.fr\/Tous-en-greve-le-10-mai-A-la-RATP-les-salariees-mobilisees-pour-leur-referent-harcelement-Ahmed\">\u00ab&nbsp;Tous en gr\u00e8ve le 10 mai&nbsp;!&nbsp;\u00bb A la RATP, salari\u00e9es mobilis\u00e9es pour leur r\u00e9f\u00e9rent harc\u00e8lement Ahmed Berrahal<\/a> (RP)<\/p>\n\n\n\n<figure class=\"wp-block-image size-large is-style-default\"><img data-recalc-dims=\"1\" loading=\"lazy\" decoding=\"async\" width=\"523\" height=\"295\" src=\"https:\/\/i0.wp.com\/www.rdpemancipation.org\/wp-content\/uploads\/2021\/05\/image-63.png?resize=523%2C295&#038;ssl=1\" alt=\"\" class=\"wp-image-29197\" srcset=\"https:\/\/i0.wp.com\/www.rdpemancipation.org\/wp-content\/uploads\/2021\/05\/image-63.png?w=523&amp;ssl=1 523w, https:\/\/i0.wp.com\/www.rdpemancipation.org\/wp-content\/uploads\/2021\/05\/image-63.png?resize=300%2C169&amp;ssl=1 300w\" sizes=\"auto, (max-width: 523px) 100vw, 523px\" \/><\/figure>\n\n\n\n<p><span class=\"has-inline-color has-vivid-red-color\"><strong>7 Mai en continu<\/strong><\/span><\/p>\n\n\n\n<p><a href=\"https:\/\/rapportsdeforce.fr\/classes-en-lutte\/desindustrialisation-automobile-les-salaries-de-renault-en-lutte-050610200\">D\u00e9sindustrialisation automobile : les salari\u00e9s de Renault en lutte<\/a> (Rapports de Force)<\/p>\n\n\n\n<figure class=\"wp-block-image is-resized is-style-default\"><img data-recalc-dims=\"1\" loading=\"lazy\" decoding=\"async\" src=\"https:\/\/i0.wp.com\/rapportsdeforce.fr\/wp-content\/uploads\/2020\/05\/renault-820x547.jpeg?resize=478%2C319&#038;ssl=1\" alt=\"Renault\" width=\"478\" height=\"319\"\/><\/figure>\n\n\n\n<p><a href=\"http:\/\/www.npa-auto-critique.org\/2021\/05\/les-rassemblements-automobile-du-6-mai-ce-ne-peut-etre-qu-un-debut.html\">Les rassemblements \u00ab automobile \u00bb du 6 mai : ce ne peut \u00eatre qu\u2019un d\u00e9but !<\/a> (Auto Critique)<\/p>\n\n\n\n<p><a href=\"https:\/\/lanticapitaliste.org\/actualite\/entreprises\/toutes-les-fonderies-automobiles-attaquees-lurgence-de-la-convergence-des\">Toutes les fonderies automobiles attaqu\u00e9es : l&rsquo;urgence de la convergence des ripostes<\/a> (L\u2019Anticapitaliste)<\/p>\n\n\n\n<p><a href=\"https:\/\/www.boursorama.com\/actualite-economique\/actualites\/salaires-emploi-appel-a-la-greve-lundi-dans-les-finances-publiques-c802764375c7d08fe34d24917bbd8bcc\">Salaires, emploi: appel \u00e0 la gr\u00e8ve lundi dans les finances publiques<\/a> (AFP)<\/p>\n\n\n\n<p><a href=\"https:\/\/lanticapitaliste.org\/actualite\/entreprises\/psa-douvrin-300-personnes-reunies-contre-la-fermeture-de-lusine\">PSA Douvrin : 300 personnes r\u00e9unies contre la fermeture de l\u2019usine !<\/a> (L\u2019Anticapitaliste)<\/p>\n\n\n\n<p><a href=\"http:\/\/feedproxy.google.com\/~r\/Rue89Strasbourg\/~3\/rsfMnbim_dE\/fin-aptis-hangenbieten-141-emplois-supprimes-206890\">Fin d\u2019Aptis \u00e0 Hangenbieten, 141 emplois supprim\u00e9s<\/a> (Rue89 Strasbourg)<\/p>\n\n\n\n<p><a href=\"https:\/\/www.contretemps.eu\/amazon-etats-unis-luttes-travail-syndicalisme-exploitation\/\">La d\u00e9faite contre Amazon et les luttes syndicales \u00e0 venir<\/a> (Contretemps)<\/p>\n\n\n\n<p><a href=\"https:\/\/www.humanite.fr\/chez-knorr-unilever-recycle-ses-mauvaises-recettes-706229#xtor=RSS-1\">Chez Knorr, Unilever recycle ses mauvaises recettes<\/a> (L\u2019Humanit\u00e9)<\/p>\n\n\n\n<p><a href=\"https:\/\/lagedefaire-lejournal.fr\/theatres-occupes-rouvrir-en-mai-ou-poursuivre-le-mouvement\/\">Th\u00e9\u00e2tres occup\u00e9s : rouvrir en mai, ou poursuivre le mouvement ?<\/a> (L\u2019\u00e2ge de faire)<\/p>\n\n\n\n<p><a href=\"https:\/\/www.contretemps.eu\/amazon-etats-unis-luttes-travail-syndicalisme-exploitation\/\">La d\u00e9faite contre Amazon et les luttes syndicales \u00e0 venir<\/a> (Contretemps)<\/p>\n\n\n\n<p><a href=\"https:\/\/www.humanite.fr\/lamine-faty-syndicaliste-musele-706348#xtor=RSS-1\">Lamine Faty syndicaliste musel\u00e9<\/a> (L\u2019Humanit\u00e9)<\/p>\n\n\n\n<p><a href=\"https:\/\/info.mediapart.fr\/optiext\/optiextension.dll?ID=MefMbQm4vuoBcOwTTLsf7xuuIWqXOLz1YaPZ80G9gO3Gngr2VLMmq4Lyqdze7FzUTWzp9Xjd1pKKNRpfikgJg9TZS92o4\">En Is\u00e8re, le d\u00e9partement encaisse les indemnit\u00e9s \u00abmaladie\u00bb de mineurs \u00e9trangers<\/a> (MDP)<\/p>\n\n\n\n<p><a href=\"https:\/\/www.bfmtv.com\/politique\/gouvernement\/le-gouvernement-reflechit-a-instaurer-un-rsa-jeune-sous-conditions_AN-202105060122.html\">Le gouvernement r\u00e9fl\u00e9chit \u00e0 instaurer un RSA jeune sous conditions<\/a> (BFMTV)<\/p>\n\n\n\n<p><a href=\"https:\/\/www.sudouest.fr\/economie\/social\/rsa-pour-les-moins-de-25-ans-l-assemblee-nationale-retoque-l-idee-au-profit-d-aides-ciblees-2440697.php\">RSA pour les moins de 25&nbsp;ans&nbsp;: l\u2019Assembl\u00e9e nationale retoque l\u2019id\u00e9e au profit d\u2019aides cibl\u00e9es<\/a> (Sud Ouest)<\/p>\n\n\n\n<p><a href=\"https:\/\/www.alternatives-economiques.fr\/bonus-malus-contre-contrats-courts-une-arme-lourde-imprecise\/00098986\">Bonus-malus contre les contrats courts&nbsp;: une arme lourde mais impr\u00e9cise<\/a> (Alter Eco)<\/p>\n\n\n\n<p><a href=\"https:\/\/www.challenges.fr\/economie\/le-medef-veut-bouleverser-la-gouvernance-de-l-assurance-chomage_763690\">Le Medef veut bouleverser la gouvernance de l&rsquo;assurance ch\u00f4mage<\/a> (Challenge)<\/p>\n\n\n\n<p><a href=\"https:\/\/www.capital.fr\/votre-carriere\/trop-percus-regles-complexes-la-galere-des-chomeurs-qui-enchainent-les-contrats-courts-1402479\">Trop-per\u00e7us, r\u00e8gles complexes&#8230; la gal\u00e8re des ch\u00f4meurs qui encha\u00eenent les contrats courts<\/a> (Capital)<\/p>\n\n\n\n<p><a href=\"https:\/\/www.capital.fr\/entreprises-marches\/eaux-devian-danone-va-tailler-dans-lemploi-selon-la-cgt-1402250\">Eaux d&rsquo;Evian : Danone va tailler dans l&#8217;emploi selon la CGT<\/a> (C capital)<\/p>\n\n\n\n<p><a href=\"https:\/\/www.capital.fr\/economie-politique\/cest-alcatraz-cgt-et-direction-secharpent-au-carrefour-market-de-nice-1402291\">\u201cC\u2019est Alcatraz\u201d : CGT et direction s\u2019\u00e9charpent au Carrefour Market de Nice<\/a> (Capital)<\/p>\n\n\n\n<p><a href=\"https:\/\/www.alternatives-economiques.fr\/assurance-chomage-une-efficience-juridique-mise-a-mal\/00098983\">Assurance ch\u00f4mage&nbsp;: \u00e7a se complique<\/a> (Alter Eco)<\/p>\n\n\n\n<p><a href=\"https:\/\/www.lyoncapitale.fr\/actualite\/metropole-de-lyon-vote-en-mars-le-rsa-jeunes-pour-les-de-25-ans-deploye-tout-ce-qu-il-faut-savoir\/\">M\u00e9tropole Lyon&nbsp;: le RSA jeunes pour les &#8211; de 25 ans d\u00e9ploy\u00e9, tout ce qu&rsquo;il faut savoir<\/a> (Lyon Capitale)<\/p>\n\n\n\n<p><a href=\"https:\/\/www.magcentre.fr\/209986-mag-dossier-une-energie-accessible-pour-tous-demain\/\">Une \u00e9nergie accessible pour tous demain ?<\/a> (Mag centre)<\/p>\n\n\n\n<p><a href=\"https:\/\/www.dossierfamilial.com\/actualites\/social-sante\/prestations-de-solidarite-plus-de-jeunes-et-detudiants-885410\">RSA, prime d&rsquo;activit\u00e9, ASS&#8230; Combien per\u00e7oivent ces aides en pleine crise du Covid-19&nbsp;?<\/a> (Dossier familial)<\/p>\n\n\n\n<p><a href=\"https:\/\/www.ouest-france.fr\/bretagne\/rennes-35000\/rennes-fin-d-occupation-du-tnb-sur-fond-de-tensions-entre-la-cgt-et-les-feministes-be38d3b2-acbb-11eb-b363-21bfe472a6ff\">Rennes. Tensions entre des f\u00e9ministes et la CGT, qui quitte l\u2019occupation du TNB<\/a> (Ouest France)<\/p>\n\n\n\n<figure class=\"wp-block-image is-resized is-style-default\"><img loading=\"lazy\" decoding=\"async\" src=\"https:\/\/scontent.fhex4-2.fna.fbcdn.net\/v\/t1.6435-9\/182049987_1198282880594178_8972664028818171666_n.png?_nc_cat=108&amp;ccb=1-3&amp;_nc_sid=730e14&amp;_nc_ohc=rYLLptLDcq8AX9yARs0&amp;_nc_ht=scontent.fhex4-2.fna&amp;oh=cea49846875f6838e5cfb07a07d72df4&amp;oe=60B84346\" alt=\"Peut \u00eatre une image de une personne ou plus, personnes debout, plein air et monument\" width=\"488\" height=\"325\"\/><\/figure>\n\n\n\n<p><span class=\"has-inline-color has-vivid-red-color\"><strong>6 Mai en continu<\/strong><\/span><\/p>\n\n\n\n<p><a href=\"https:\/\/www.facebook.com\/sudposte.hautsdeseine\/videos\/153938216680038\">Gael Quirante: appel \u00e0 la gr\u00e8ve nationale des postiers le 18 Mai<\/a> -vid\u00e9o<\/p>\n\n\n\n<p><a href=\"https:\/\/www.revolutionpermanente.fr\/Tous-en-greve-le-10-mai-A-la-RATP-les-salariees-mobilisees-pour-leur-referent-harcelement-Ahmed\">\u00ab&nbsp;Tous en gr\u00e8ve le 10 mai&nbsp;!&nbsp;\u00bb A la RATP, salari\u00e9es mobilis\u00e9es pour leur r\u00e9f\u00e9rent harc\u00e8lement Ahmed Berrahal<\/a> (RP)<\/p>\n\n\n\n<p><a href=\"https:\/\/www.revolutionpermanente.fr\/Airbus-fait-362-millions-de-benefice-net-les-travailleurs-payent-l-addition\">Airbus fait 362 millions de benefice net&nbsp;: les travailleurs payent l\u2019addition<\/a> (RP)<\/p>\n\n\n\n<p><a href=\"https:\/\/info.mediapart.fr\/optiext\/optiextension.dll?ID=ZrqZsqUA0WtVl9UXRLe%2B9og8UIJeiFjeUYyNr%2Btn1WCo6AMd6D0RbNevEyMys_INRVt9KXtOvbxioajmpfISRjEuxjBRp\">Le m\u00e9diateur de P\u00f4le emploi d\u00e9livre un rapport teint\u00e9 de col\u00e8re<\/a> (MDP)<\/p>\n\n\n\n<p><a href=\"https:\/\/lanticapitaliste.org\/actualite\/entreprises\/la-ratp-condamnee-un-syndicaliste-menace\">La RATP condamn\u00e9e, un syndicaliste menac\u00e9<\/a> (L\u2019Anticapitaliste)<\/p>\n\n\n\n<p><a href=\"https:\/\/www.humanite.fr\/aux-origines-des-luttes-du-syndicat-du-livre-706247#xtor=RSS-1\">Aux origines des luttes du syndicat du livre<\/a> par Nicolas Devers-Dreyfus (L\u2019Humanit\u00e9)<\/p>\n\n\n\n<p><a href=\"https:\/\/www.lemediatv.fr\/emissions\/2021\/accoucher-autrement-femmes-et-sages-femmes-veulent-etre-considerees-zomSqsacS7aQNne4xLYV2w\">Accoucher autrement : femmes et sages-femmes veulent \u00eatre consid\u00e9r\u00e9es<\/a> (vid\u00e9o Le M\u00e9dia)<\/p>\n\n\n\n<p><a href=\"https:\/\/www.francebleu.fr\/infos\/societe\/greve-des-sages-femmes-il-faut-que-nos-grilles-de-salaires-correspondent-a-nos-competences-1620202922?fbclid=IwAR35dc7qK5VYaTxB4TbVIuDgouyiHMBjtMTjb9t3_VOmPwNsuJ6_TfGoXTA\">Gr\u00e8ve des sages-femmes : \u00ab\u00a0Il faut que nos grilles de salaires correspondent \u00e0 nos comp\u00e9tences\u00a0\u00bb <\/a>(France Bleu)<\/p>\n\n\n\n<figure class=\"wp-block-image is-resized is-style-default\"><img data-recalc-dims=\"1\" loading=\"lazy\" decoding=\"async\" src=\"https:\/\/i0.wp.com\/cdn.radiofrance.fr\/s3\/cruiser-production\/2021\/01\/49b45ec2-3009-4eef-b0e6-664a279edbd1\/870x489_pancarte.jpg?resize=483%2C271&#038;ssl=1\" alt=\"&quot;Sage-femme, un m\u00e9tier formidable, un statut fort minable&quot;\" width=\"483\" height=\"271\"\/><\/figure>\n\n\n\n<p><a href=\"http:\/\/www.npa-auto-critique.org\/2021\/05\/toutes-les-fonderies-automobiles-attaquees-l-urgence-de-la-convergence-des-ripostes.html\">Toutes les fonderies automobiles attaqu\u00e9es : l&rsquo;urgence de la convergence des ripostes<\/a> (Auto Critique)<\/p>\n\n\n\n<p><a href=\"http:\/\/www.npa-auto-critique.org\/2021\/05\/l-urgence-de-la-convergence-pour-toutes-les-fonderies-attaquees.html\">La gr\u00e8ve \u00e0 la SAM se poursuit face \u00e0 l&rsquo;intransigeance du gouvernement et de Renault<\/a> (Auto Critique)<\/p>\n\n\n\n<p><a href=\"http:\/\/www.npa-auto-critique.org\/2021\/05\/les-fondeurs-de-mbf-font-un-tour-de-france-et-seront-au-rassemblement-du-mans-le-6-mai.html\">Les fondeurs de MBF font un tour de France et seront au rassemblement du Mans le 6 mai<\/a> (Auto Critique)<\/p>\n\n\n\n<figure class=\"wp-block-image is-resized is-style-default\"><img loading=\"lazy\" decoding=\"async\" src=\"https:\/\/scontent.fhex4-2.fna.fbcdn.net\/v\/t1.6435-9\/182524072_1197639273991872_1809636104251458380_n.jpg?_nc_cat=109&amp;ccb=1-3&amp;_nc_sid=730e14&amp;_nc_ohc=4h8NSDXrvBgAX_L2QRS&amp;_nc_ht=scontent.fhex4-2.fna&amp;oh=2573ad1afdf318f7100796cc80353f16&amp;oe=60B883E4\" alt=\"Peut \u00eatre une image de 3 personnes, personnes assises, plein air et texte qui dit \u2019Site Sealar Nor CFTC Non ala fermeture aito Gdz de Bezons\u2019\" width=\"502\" height=\"334\"\/><\/figure>\n\n\n\n<p><span class=\"has-inline-color has-vivid-red-color\"><strong>5 Mai en contin<\/strong><\/span><\/p>\n\n\n\n<p><a href=\"https:\/\/www.boursorama.com\/actualite-economique\/actualites\/la-fonderie-de-bretagne-toujours-occupee-les-salaries-maintiennent-la-pression-0fff0d71a3e532401a399af3c1717c28\">La Fonderie de Bretagne toujours occup\u00e9e, les salari\u00e9s maintiennent la pression<\/a> (AFP)<\/p>\n\n\n\n<p><a href=\"https:\/\/www.boursorama.com\/actualite-economique\/actualites\/edf-les-syndicats-rejettent-toujours-le-projet-de-reorganisation-7cb497544e2d83c3f14afe41c8e04537\">EDF: Les syndicats rejettent toujours le projet de r\u00e9organisation<\/a> (Reuters)<\/p>\n\n\n\n<p><a href=\"https:\/\/www.boursorama.com\/actualite-economique\/actualites\/laurent-berger-veut-une-taxe-exceptionnelle-sur-les-ultra-riches-33ccd2212ca14e1d79a457fbcea97400\">Laurent Berger veut une taxe exceptionnelle sur les ultra-riches<\/a> (Boursorama)<\/p>\n\n\n\n<p><a href=\"https:\/\/l.facebook.com\/l.php?u=https:\/\/www.lefigaro.fr\/flash-eco\/prives-de-salaire-depuis-deux-mois-les-salaries-francais-de-norvegien-reclament-une-solution-20210504?fbclid=IwAR0-g_ZIq0UBl1LcyEczX-gjUmqEWZvqv-zKotaLiuG3J32feYd02AvWnKA&amp;h=AT08usFHbn6QR2ePPeXzxGzLN0mZ97fZRnWr1UBTRQKK_2F9IBVdpf5AfDaeSM9v5vOkAvDyfArNT7Ntsyt2niWDSlyzWHkEGWUyII710C1S3k-6VUOGyFqHQL8yVAfagKKOMpw&amp;__tn__=,mH-R&amp;c%5B0%5D=AT2FkQ54Vrx0CJfOZLQYVM66-ukX5OadXOVNljsp7jsThSNfWT8mIsRWMlHbctaBNt9HkAvZiu9AxazppMPG80CaMQk2F0VaEQbiBrsz-hrp2s0HN0AeA107M4UmxbHjqsHnZi9nKCZVk1SqZS-7_-SwdGV0LX9UFVN5IdtRyTv7N18\">&nbsp;Priv\u00e9s de salaire depuis deux mois, les salari\u00e9s fran\u00e7ais de Norv\u00e9gien r\u00e9clament une solution&nbsp;<\/a> (Le Figaro)<\/p>\n\n\n\n<p><a href=\"https:\/\/l.facebook.com\/l.php?u=https:\/\/www.objectifgard.com\/2021\/05\/03\/fait-du-soir-dans-le-gard-les-pompiers-manifestent-en-mode-casa-de-papel\/?fbclid=IwAR1TM5mzJUkkH_Er9S33yNbdJEJnDWj56y4Ng6aKv1scBo1AIohSFSzME8o&amp;h=AT2_lRq3xRnS0fUYKG5TyxUd9Zei9MyPlC9YrWHWtHpK1sRq4bYnBqvdyUm-OibcWjP2DItzg9iXMCgMehQpyPEN3opJ6r2682Gz44atyz371OjyP7kH1uYUyeZ4hcLDqU3vZaY&amp;__tn__=,mH-R&amp;c%5B0%5D=AT0hiydOIWeKHBHd_Rt0m4btEAoij2SlCwOSVw3g59nlprb3WubGX-ogS9pEbP49Rr-jyTmY2oy978ZcHq9gLc3wp_dcdeY5XhN_CQU7oyIcgrnSaybcYaV5Dq0L2kjsxL6xRJWZe56iF-HUUopBChinEvRioEm7COzGRjFPxemMJVo\">&nbsp;Dans le Gard, les pompiers manifestent en mode \u00ab Casa de papel \u00bb <\/a>(Objectif Gard)<\/p>\n\n\n\n<figure class=\"wp-block-image is-style-default\"><img decoding=\"async\" src=\"https:\/\/external.fhex4-2.fna.fbcdn.net\/safe_image.php?d=AQEhyFZ2Td171JML&amp;w=500&amp;h=261&amp;url=https%3A%2F%2Fwww.objectifgard.com%2Fwp-content%2Fuploads%2F2021%2F05%2FManifestation-pompiers-1.jpg&amp;cfs=1&amp;ext=jpg&amp;ccb=3-5&amp;_nc_hash=AQGBg2o_YQ_PpOki\" alt=\"FAIT DU SOIR Dans le Gard, les pompiers manifestent en mode \u00ab Casa de papel \u00bb - Objectif Gard\"\/><\/figure>\n\n\n\n<p><a href=\"https:\/\/www.mncp.fr\/controles-abusifs-le-mncp-interpelle-pole-emploi-et-la-cnaf\/?utm_source=rss&amp;utm_medium=rss&amp;utm_campaign=controles-abusifs-le-mncp-interpelle-pole-emploi-et-la-cnaf\">Contr\u00f4les abusifs, le MNCP interpelle P\u00f4le emploi et la CNAF<\/a> (MNCP)<\/p>\n\n\n\n<p><a href=\"https:\/\/l.facebook.com\/l.php?u=https:\/\/www.francebleu.fr\/infos\/sante-sciences\/le-maire-de-lauris-va-entamer-une-greve-de-la-faim-pour-defendre-son-hopital-1620051323?fbclid=IwAR1zV0H3DVgCzUfT2fF4YZ4Ar37kESUd_E128v4jmkHbGrD51z9BSGiTHCY&amp;h=AT1IQBWYNb7lkohO378tkA5k0cXczLAO1KYoo27TOXypmytU9KmKUcIXmVt_SsbEqNiBBfDZv4ct_VfQ44s-FLkhIVu39x54Lgc7APKrJ75ObN-kcayJ-aR-7D7Z70pQW5kkrGI&amp;__tn__=,mH-R&amp;c%5B0%5D=AT2gAot3peLohN77m3QVgvXcqCVpMB3Wo_oOpqRIIei2zOKUVm4B2Hxqgx1FiAn2WHUI_7ia8GwLzUmDD67MoQD9ii96kVC2zOVKbaiQ5yDn8cKoEFX8bSA738LPC6D9VAxckmwvNjCTFX-LhLq46W8_4z_NNWryFiMhoB3rcayMdZc\">Le maire de Lauris va entamer une gr\u00e8ve de la faim pour d\u00e9fendre son h\u00f4pital <\/a>(France Bleu)<\/p>\n\n\n\n<p><a href=\"https:\/\/www.humanite.fr\/assurance-chomage-pourquoi-certains-vont-toucher-50-fois-moins-que-dautres-salaire-egal-705820#xtor=RSS-1\">Assurance-ch\u00f4mage. Pourquoi certains vont toucher 50 fois moins que d&rsquo;autres \u00e0 salaire \u00e9gal<\/a> (L\u2019Humanit\u00e9)<\/p>\n\n\n\n<p><a href=\"https:\/\/www.previssima.fr\/actualite\/covid-19-nouvelles-dispositions-en-faveur-des-intermittents-du-spectacle-et-des-artistes-auteurs.html\">Covid-19 : nouvelles dispositions en faveur des intermittents du spectacle et des artistes-auteurs<\/a>&nbsp; (Previssima)<\/p>\n\n\n\n<p><a href=\"https:\/\/www.francebleu.fr\/infos\/economie-social\/greve-reconductible-chez-keolis-pour-denoncer-la-degradation-des-conditions-de-travail-1619800597\">Gr\u00e8ve reconductible chez Keolis pour d\u00e9noncer la d\u00e9gradation des conditions de travail<\/a> (France Bleu)<\/p>\n\n\n\n<p><a href=\"https:\/\/fr.yahoo.com\/finance\/news\/r%C3%A9forme-l-assurance-ch%C3%B4mage-l-180914055.html\">R\u00e9forme de l\u2019assurance ch\u00f4mage : l\u2019effet pervers qui va p\u00e9naliser les allocataires en reprise d\u2019activit\u00e9<\/a> (Yahoo)<\/p>\n\n\n\n<p><a href=\"https:\/\/www.lesechos.fr\/economie-france\/social\/exclusif-assurance-chomage-la-reforme-va-penaliser-les-jeunes-entrant-sur-le-marche-du-travail-1311795\">Assurance-ch\u00f4mage&nbsp;: la r\u00e9forme va p\u00e9naliser les jeunes entrant sur le march\u00e9 du travail<\/a> (Les Echos)<\/p>\n\n\n\n<p><a href=\"https:\/\/lvsl.fr\/garantie-publique-demploi-defendre-les-communs-contre-lindividualisme-du-revenu-universel\/\">Garantie publique d\u2019emploi : d\u00e9fendre les communs contre l\u2019individualisme du revenu universel<\/a> (LVSL)<\/p>\n\n\n\n<p><a href=\"https:\/\/www.contretemps.eu\/classe-ouvriere-immigration-dignite-greves-industrie-automobile\/\">Ouvriers immigr\u00e9s et luttes sociales, une histoire oubli\u00e9e. Extraits de Pour la dignit\u00e9<\/a> (Contretemps)<\/p>\n\n\n\n<p><a href=\"https:\/\/www.humanite.fr\/ils-decouvrent-le-monde-du-travail-sous-covid-40-des-jeunes-salaries-en-depression-705751#xtor=RSS-1\">Ils d\u00e9couvrent le monde du travail sous Covid : 40% des jeunes salari\u00e9s en d\u00e9pression<\/a> (L\u2019Humanit\u00e9)<\/p>\n\n\n\n<p><a href=\"https:\/\/www.blast-info.fr\/articles\/2021\/la-fabrique-de-la-peur--bDNP4bJQO-JdvMvryHZ6A\">La fabrique de la peur&nbsp;<\/a> (vid\u00e9o Blast)<\/p>\n\n\n\n<p><a href=\"https:\/\/www.lesechos.fr\/economie-france\/social\/en-plus-de-dix-ans-je-nai-jamais-connu-une-telle-defiance-des-chomeurs-assure-le-mediateur-de-pole-emploi-1312214\">\u00ab&nbsp;En plus de dix ans, je n&rsquo;ai jamais connu une telle d\u00e9fiance des ch\u00f4meurs&nbsp;\u00bb, assure le m\u00e9diateur de P\u00f4le emploi<\/a> (Les Echos)<\/p>\n\n\n\n<p><a href=\"https:\/\/rmc.bfmtv.com\/emission\/francois-ruffin-je-lance-un-appel-aux-parents-et-aux-grands-parents-a-se-mobiliser-pour-demander-le-rsa-pour-les-jeunes-2042287.html\">F. Ruffin: Appel aux parents et grands-parents \u00e0 se mobiliser pour demander le RSA pour les jeunes<\/a> (BFM)<\/p>\n\n\n\n<p><a href=\"https:\/\/www.francetvinfo.fr\/economie\/emploi\/chomage\/assurance-chomage-qui-sont-les-gagnants-et-les-perdants-de-la-reforme_4609869.html\">Assurance ch\u00f4mage : qui sont les gagnants et les perdants de la r\u00e9forme ?<\/a> (France Info)<\/p>\n\n\n\n<figure class=\"wp-block-image is-resized is-style-default\"><img loading=\"lazy\" decoding=\"async\" src=\"https:\/\/scontent.fhex4-1.fna.fbcdn.net\/v\/t1.6435-9\/181917356_628163564807928_2239996684803997486_n.jpg?_nc_cat=104&amp;ccb=1-3&amp;_nc_sid=dbeb18&amp;_nc_ohc=SCWneQz0bVAAX9xNHZH&amp;_nc_ht=scontent.fhex4-1.fna&amp;oh=223e822c51d5ff8ac9672311cb452603&amp;oe=60B774A0\" alt=\"Peut \u00eatre un dessin anim\u00e9 de texte qui dit \u2019Macron lessive les pauvres, les ch\u00f4meurs Des ouvriers deviennent des super- h\u00e9ros Blanquer loupe son bac Nos dessinateurs fournissent le gaz hilarant LNN SINEMENSUEE JOURNAL QUI FAIT MAL ET \u00c7A FAIT DU BIEN Le premier mercredi \u0111u mois Allez, encore un effort! CARTE EDEMANDEUR D'EMPLOI Adle emploi 730\u20ac N.CAL\/5:890XPF Prel\u2019\" width=\"367\" height=\"485\"\/><\/figure>\n\n\n\n<figure class=\"wp-block-image size-large is-resized is-style-default\"><img data-recalc-dims=\"1\" loading=\"lazy\" decoding=\"async\" src=\"https:\/\/i0.wp.com\/www.rdpemancipation.org\/wp-content\/uploads\/2021\/05\/181563123_1197230294032770_645606796529503932_n.jpg?resize=325%2C460&#038;ssl=1\" alt=\"\" class=\"wp-image-28800\" width=\"325\" height=\"460\" srcset=\"https:\/\/i0.wp.com\/www.rdpemancipation.org\/wp-content\/uploads\/2021\/05\/181563123_1197230294032770_645606796529503932_n.jpg?resize=724%2C1024&amp;ssl=1 724w, https:\/\/i0.wp.com\/www.rdpemancipation.org\/wp-content\/uploads\/2021\/05\/181563123_1197230294032770_645606796529503932_n.jpg?resize=212%2C300&amp;ssl=1 212w, https:\/\/i0.wp.com\/www.rdpemancipation.org\/wp-content\/uploads\/2021\/05\/181563123_1197230294032770_645606796529503932_n.jpg?resize=768%2C1087&amp;ssl=1 768w, https:\/\/i0.wp.com\/www.rdpemancipation.org\/wp-content\/uploads\/2021\/05\/181563123_1197230294032770_645606796529503932_n.jpg?resize=1085%2C1536&amp;ssl=1 1085w, https:\/\/i0.wp.com\/www.rdpemancipation.org\/wp-content\/uploads\/2021\/05\/181563123_1197230294032770_645606796529503932_n.jpg?w=1447&amp;ssl=1 1447w\" sizes=\"auto, (max-width: 325px) 100vw, 325px\" \/><\/figure>\n\n\n\n<p><span class=\"has-inline-color has-vivid-red-color\"><strong>4 Mai en continu<\/strong><\/span><\/p>\n\n\n\n<p><a href=\"https:\/\/lanticapitaliste.org\/videos\/fonderie-de-bretagne-en-mobilisation-pour-lemploi\">Fonderie de Bretagne en mobilisation pour l&#8217;emploi<\/a> -vid\u00e9o L\u2019Anticapitaliste<\/p>\n\n\n\n<p><a href=\"https:\/\/info.mediapart.fr\/optiext\/optiextension.dll?ID=6yz6y1tv8FWQP991ngaK01BzNQMko_xAyJ_YwBRxxAw0PGmkZjuzw3NcLJjj209qJnTTWDd4pzcLLFpOyvo_BMI3nTN6T\">Assurance-ch\u00f4mage: les nouveaux calculs explosifs de l\u2019Un\u00e9dic<\/a> (MDP)<\/p>\n\n\n\n<p><a href=\"https:\/\/info.mediapart.fr\/optiext\/optiextension.dll?ID=6yz6AZEpwOnnE7YBts6jNpUT50DHFq53rSGXDBuEZu%2BmroAkYevtLkPZnCOpu7ogCR0sIUOmWZMGRq9QekAk46rvP3%2BIo\">Banque de France: un plan social pour privatiser la gestion de la monnaie usag\u00e9e<\/a> (MDP)<\/p>\n\n\n\n<p><a href=\"https:\/\/www.humanite.fr\/assurance-chomage-une-nouvelle-etude-de-lunedic-pointe-des-inegalites-criantes-705820#xtor=RSS-1\">Assurance-ch\u00f4mage. Une nouvelle \u00e9tude de l\u2019Un\u00e9dic pointe des in\u00e9galit\u00e9s criantes<\/a> (L\u2019Humanit\u00e9)<\/p>\n\n\n\n<p><a href=\"https:\/\/www.frustrationmagazine.fr\/cyran-dents-1\/\">\u00ab Aucun marqueur social n\u2019est aussi visible qu\u2019une mauvaise sant\u00e9 dentaire\u00a0\u00bb<\/a> (Frustration)&nbsp;<\/p>\n\n\n\n<p><a href=\"https:\/\/dieses.fr\/travail-et-handicap-les-limites-dune-reconnaissance-institutionnelle\">Travail et handicap : les limites d\u2019une reconnaissance institutionnelle<\/a> par Marion Dorval (di\u00e8ses)<\/p>\n\n\n\n<figure class=\"wp-block-image is-resized is-style-default\"><img loading=\"lazy\" decoding=\"async\" src=\"https:\/\/scontent.fsti4-2.fna.fbcdn.net\/v\/t1.6435-0\/p526x296\/181776604_1196407867448346_3475136977644638391_n.png?_nc_cat=102&amp;ccb=1-3&amp;_nc_sid=730e14&amp;_nc_ohc=993Cf6ljdcwAX-8WgK1&amp;_nc_ht=scontent.fsti4-2.fna&amp;tp=30&amp;oh=ef345fdc8b3bb76ba0d8d3cd47d1862e&amp;oe=60B464C5\" alt=\"Peut \u00eatre une image de texte qui dit \u2019Nous sommes le 02\/05\/2021 Depuis le ler janvier, en France 102 travailleurs.ses sont mort. du travail. lors d'un accident\u2019\" width=\"285\" height=\"285\"\/><\/figure>\n\n\n\n<p><span class=\"has-inline-color has-vivid-red-color\"><strong>3 Mai en continu<\/strong><\/span><\/p>\n\n\n\n<p><a href=\"https:\/\/www.liberation.fr\/societe\/precarite-le-blues-des-travailleurs-sociaux-20210502_PJMPG2EKDJCC5ACEZZUCYZOXTQ\/\">Pr\u00e9carit\u00e9 : le blues des travailleurs sociaux<\/a> (Lib\u00e9ration)<\/p>\n\n\n\n<p><a href=\"https:\/\/info.mediapart.fr\/optiext\/optiextension.dll?ID=3vu3stmgkPHm1K4rVu5g_n9plq7QicPd__9nHV7Qiwvw6DfN%2BwwWrLTM46HkXuhhVayxiZbrfMThHjd2clOL1IViJvCpf\">Focus Col\u00e8res du Pr\u00e9sent 2021: premiers de corv\u00e9e<\/a> -Col\u00e8res du pr\u00e9sent<\/p>\n\n\n\n<p><a href=\"https:\/\/info.mediapart.fr\/optiext\/optiextension.dll?ID=2uv2rII_avYkT_YGNLkQ2c7lf9EtG79jmj10oQw25Mf9wDlg__S8xALpG9qHUiK7XWqtvn2KW9%2B_xFgmaRXUQWnqHlMUS\">Logement abordable: l\u2019impuissance de la mairie de Paris<\/a> (We Report)<\/p>\n\n\n\n<p><a href=\"https:\/\/www.europe1.fr\/emissions\/L-interview-politique-du-week-end\/reforme-de-lassurance-chomage-cela-va-encore-plus-penaliser-les-femmes-critique-philippe-martinez-4042138\">R\u00e9forme de l&rsquo;assurance-ch\u00f4mage : \u00ab\u00a0Cela va encore plus p\u00e9naliser les femmes\u00a0\u00bb, critique Philippe Martinez<\/a>(Europe 1)<\/p>\n\n\n\n<figure class=\"wp-block-image is-resized is-style-default\"><img loading=\"lazy\" decoding=\"async\" src=\"https:\/\/scontent.fsti4-2.fna.fbcdn.net\/v\/t1.6435-9\/180412782_1195789827510150_994798565129771022_n.jpg?_nc_cat=106&amp;ccb=1-3&amp;_nc_sid=730e14&amp;_nc_ohc=0Wxq5X_J_5gAX8pIIka&amp;_nc_ht=scontent.fsti4-2.fna&amp;oh=bbaaea1d03cd9a2b342635cb98c794d5&amp;oe=60B2E6A2\" alt=\"Peut \u00eatre une image de 17 personnes, personnes debout et plein air\" width=\"427\" height=\"427\"\/><\/figure>\n\n\n\n<p><a href=\"https:\/\/www.benzinemag.net\/2021\/05\/01\/le-choix-du-chomage-une-enquete-en-bande-dessinee-edifiante-et-eclairant\/\">\u201cLe choix du ch\u00f4mage\u201d : une enqu\u00eate en bande dessin\u00e9e \u00e9difiante et \u00e9clairante<\/a> (Benzine Mag)<\/p>\n\n\n\n<p><a href=\"https:\/\/blogs.alternatives-economiques.fr\/abherve\/2021\/04\/30\/trois-allocations-aer-ass-et-ata-augmentent-de-01-comme-le-rsa-on-va-ruiner-l-etat\">Trois allocations, AER, ASS et ATA augmentent de 0.1 %, comme le RSA. On va ruiner l&rsquo;\u00c9tat<\/a> (Alter Eco)<\/p>\n\n\n\n<figure class=\"wp-block-image is-resized is-style-default\"><img loading=\"lazy\" decoding=\"async\" src=\"https:\/\/scontent.fsti4-1.fna.fbcdn.net\/v\/t1.6435-9\/180657005_10219327300639905_7528890232879872579_n.jpg?_nc_cat=100&amp;ccb=1-3&amp;_nc_sid=dbeb18&amp;_nc_ohc=qRQeFs9fqqoAX_70lIR&amp;_nc_ht=scontent.fsti4-1.fna&amp;oh=3e8139ceae990d6dbf7b6b5499ff6616&amp;oe=60B56BA7\" alt=\"Peut \u00eatre une image de 5 personnes, personnes debout et texte qui dit \u2019oH REGARDEZ C'EST PAS VOS RETRAITES QUI S'ENVOLENT L\u00c0- HAUT ALLEZ ON FAIT COUCOU! C'EST MARRANT J'\u00c9TAIS PR\u00caT AJURER QU'IL S'AGISSAIT DE L'ASSURANCE CH\u00d4MAGE. DITES-MOI, CE SERAIT PAS LES APL JUSTE DERRI\u00c8RE ? MR.PROPAGANDE\u2019\" width=\"419\" height=\"392\"\/><\/figure>\n\n\n\n<p><span class=\"has-inline-color has-vivid-red-color\"><strong>2 Mai en continu<\/strong><\/span><\/p>\n\n\n\n<p><a href=\"https:\/\/www.inegalites.fr\/Comme-mesurer-les-inegalites-de-revenus\">Comment mesurer les in\u00e9galit\u00e9s de revenus&nbsp;?<\/a> -Louis Maurin<\/p>\n\n\n\n<p><a href=\"https:\/\/info.mediapart.fr\/optiext\/optiextension.dll?ID=7zy7FXX6_InajRjJvFJYlarRdXHvIttNPJ5odNFYWotpPVAlZgQ6B8iDy5_2fMTjStaxCOgfmAtrWez92HwipuyVumYtU\">Trop d\u2019\u00e9pargne pour toucher le RSA? La lubie des \u00e9lus de la Manche jug\u00e9e ill\u00e9gale<\/a> (MDP)<\/p>\n\n\n\n<p><a href=\"https:\/\/www.revolutionpermanente.fr\/Portrait-de-greviste-Kevin-ouvrier-a-l-infrapole-Paris-Nord-Ce-qu-on-demande-c-est-le-respect-et-la\">Portrait de gr\u00e9viste. K\u00e9vin, ouvrier \u00e0 l\u2019infrap\u00f4le Paris Nord&nbsp;: \u00ab&nbsp;Ce qu\u2019on demande c\u2019est le respect et la dignit\u00e9&nbsp;\u00bb<\/a> (RP)<\/p>\n\n\n\n<figure class=\"wp-block-image is-resized is-style-default\"><img loading=\"lazy\" decoding=\"async\" src=\"https:\/\/scontent.fsti4-1.fna.fbcdn.net\/v\/t1.6435-9\/181091949_10219993924506049_4523086349097902324_n.jpg?_nc_cat=111&amp;ccb=1-3&amp;_nc_sid=dbeb18&amp;_nc_ohc=lT-mIiQT7doAX8ZBa9-&amp;_nc_ht=scontent.fsti4-1.fna&amp;oh=a76310f8a536acdb275fcc8948cdf724&amp;oe=60B4182B\" alt=\"Peut \u00eatre une image de type animation de 1 personne\" width=\"349\" height=\"481\"\/><\/figure>\n\n\n\n<p><a href=\"https:\/\/info.mediapart.fr\/optiext\/optiextension.dll?ID=7zy7D5q7HmiW7lt7oFzzOK3E6DJqskNEIV5q2yV45rq6XqjRZiEOtnsqDcytNVKgPui5sIFYstttEpClq5DB4dHCHxLRt\">Les damn\u00e9s de l&rsquo;alu &#8211; Portraits d&#8217;employ\u00e9s en gr\u00e8ve chez MBF, Jura<\/a> -LJ Fabre<\/p>\n\n\n\n<p><a href=\"https:\/\/info.mediapart.fr\/optiext\/optiextension.dll?ID=7zy7DHVmBtTdfhxgHGuNO5Jd%2BmQ3Tws_B2XbI%2BOidHTKRkklZK9dm1fXh%2BFTeOmm3nmo4IJOMHWl6DcrE1PazjUEwIWlB\">Hommage aux 100 premiers morts au travail de 2021<\/a> -Silence, des ouvriers meurent<\/p>\n\n\n\n<figure class=\"wp-block-image is-resized is-style-default\"><img data-recalc-dims=\"1\" loading=\"lazy\" decoding=\"async\" src=\"https:\/\/i0.wp.com\/static.mediapart.fr\/etmagine\/default\/files\/2021\/05\/01\/100-premier-morts-1.png?resize=537%2C492&#038;ssl=1\" alt=\" \u00a9 Silence, les ouvriers meurent\" width=\"537\" height=\"492\" title=\" \u00a9 Silence, les ouvriers meurent\"\/><\/figure>\n\n\n\n<figure class=\"wp-block-image is-resized is-style-default\"><img loading=\"lazy\" decoding=\"async\" src=\"https:\/\/scontent.fsti4-2.fna.fbcdn.net\/v\/t1.6435-9\/180451911_1194572814298518_50088972744142885_n.jpg?_nc_cat=105&amp;ccb=1-3&amp;_nc_sid=730e14&amp;_nc_ohc=cxdLCL-ThvEAX_6tmIs&amp;_nc_ht=scontent.fsti4-2.fna&amp;oh=275787bec929b68f0c9161a26388a64e&amp;oe=60B2084F\" alt=\"Peut \u00eatre une image de livre, v\u00e9lo et texte qui dit \u2019suppr GURVAN KRISTANADJAJA UB\u00c9RISATION PI\u00c8GE CONS! \u798f Plong\u00e9e dans les coulisses du travail en miettes Robert Laffont\u2019\" width=\"352\" height=\"469\"\/><\/figure>\n\n\n\n<p><span class=\"has-inline-color has-vivid-red-color\"><strong>1er Mai en continu<\/strong><\/span><\/p>\n\n\n\n<p><a href=\"https:\/\/www.boursorama.com\/actualite-economique\/actualites\/clap-de-fin-pour-l-usine-bridgestone-de-bethune-b01243eab1d9fbe511bfe3016b59de15\">Clap de fin pour l&rsquo;usine Bridgestone de B\u00e9thune<\/a> (AFP)<\/p>\n\n\n\n<p><a href=\"http:\/\/feedproxy.google.com\/~r\/Rue89Strasbourg\/~3\/GeON2Ua_fSk\/debrayage-auchan-hautepierre-206355\">Essentielles mais \u00ab cass\u00e9es \u00bb, les caissi\u00e8res Auchan Hautepierre demandent reconnaissance<\/a> (Rue89 Strasbourg)<\/p>\n\n\n\n<p><a href=\"https:\/\/www.revolutionpermanente.fr\/Greve-a-McDo-80-des-salaries-sont-sous-le-seuil-de-pauvrete\">Gr\u00e8ve \u00e0 McDo. \u00ab\u00a080% des salari\u00e9s sont sous le seuil de pauvret\u00e9\u00a0\u00bb<\/a>(RP)<\/p>\n\n\n\n<figure class=\"wp-block-image is-resized is-style-default\"><img loading=\"lazy\" decoding=\"async\" src=\"https:\/\/scontent.fsti4-1.fna.fbcdn.net\/v\/t1.6435-9\/180862722_1195178354237964_5217101487664721015_n.png?_nc_cat=103&amp;ccb=1-3&amp;_nc_sid=730e14&amp;_nc_ohc=XC592bK9UCwAX_EN0Te&amp;_nc_ht=scontent.fsti4-1.fna&amp;oh=cd2f13a36b98315b49fe76c3c75d4b8c&amp;oe=60B1E5E3\" alt=\"Peut \u00eatre une image de 1 personne et texte qui dit \u2019&quot;J'avais honte d'\u00eatre pauvre! C'est ce discours-l\u00e0 que je trouve incroyable: Faire croire aux gens qu'ils sont responsables de la merde dans laquelle ils sont, c'est archi faux!&quot; Corinne Masiero\u2019\" width=\"330\" height=\"321\"\/><\/figure>\n\n\n\n<p><a href=\"https:\/\/www.revolutionpermanente.fr\/Les-travailleurs-d-Amazon-en-greve-pour-leurs-salaires-et-l-embauche-des-interimaires-a-Bretigny\">Les travailleurs d\u2019Amazon en gr\u00e8ve pour leurs salaires et l\u2019embauche des int\u00e9rimaires \u00e0 Br\u00e9tigny-sur-Orges<\/a> (RP)<\/p>\n\n\n\n<p><a href=\"https:\/\/bastamag.us19.list-manage.com\/track\/click?u=f9d2623bc1d04ed17470af608&amp;id=2326d95464&amp;e=5ba1e66f50\">Effondrement des indemnit\u00e9s, reprise d\u2019emploi d\u00e9courag\u00e9e&nbsp;: les aberrations de la r\u00e9forme de l\u2019assurance ch\u00f4mage<\/a> (Basta)<\/p>\n\n\n\n<figure class=\"wp-block-image is-resized is-style-default\"><img loading=\"lazy\" decoding=\"async\" src=\"https:\/\/scontent.fsti4-1.fna.fbcdn.net\/v\/t1.6435-9\/180920666_1195179507571182_2913601046065326323_n.png?_nc_cat=108&amp;ccb=1-3&amp;_nc_sid=730e14&amp;_nc_ohc=GRazVqGdRgIAX-y39aB&amp;_nc_ht=scontent.fsti4-1.fna&amp;oh=0a7da5a98955e123f459bb8703fb4249&amp;oe=60B272D2\" alt=\"Peut \u00eatre une illustration de texte\" width=\"435\" height=\"340\"\/><\/figure>\n\n\n\n<p><\/p>\n","protected":false},"excerpt":{"rendered":"<p>\u00a0Les sapeurs-pompiers du Nord expriment leur mal-\u00eatre grandissant et reprennent le mouvement de gr\u00e8ve (FR 3) Gr\u00e8ve des AESH jeudi 03&nbsp;juin (Mutu ) Mobilisation contre l\u2019augmentation du temps de travail \u00e0 la Ville de Paris (L\u2019Anticapitaliste) Renault condamn\u00e9e \u00e0 300 000 euros d\u2019amende suite \u00e0 un accident du travail mortel ! (Auto Critique) Fondeurs, oui &#8230; <a title=\"Mai &#8211; Social\" class=\"read-more\" href=\"https:\/\/www.rdpemancipation.org\/?p=28278\" aria-label=\"En savoir plus sur Mai &#8211; Social\">Lire la suite<\/a><\/p>\n","protected":false},"author":2,"featured_media":0,"comment_status":"closed","ping_status":"closed","sticky":false,"template":"","format":"standard","meta":{"_lmt_disableupdate":"no","_lmt_disable":"no","_jetpack_memberships_contains_paid_content":false,"footnotes":""},"categories":[8],"tags":[],"class_list":["post-28278","post","type-post","status-publish","format-standard","hentry","category-social"],"modified_by":"jmb","jetpack_featured_media_url":"","jetpack_sharing_enabled":true,"_links":{"self":[{"href":"https:\/\/www.rdpemancipation.org\/index.php?rest_route=\/wp\/v2\/posts\/28278","targetHints":{"allow":["GET"]}}],"collection":[{"href":"https:\/\/www.rdpemancipation.org\/index.php?rest_route=\/wp\/v2\/posts"}],"about":[{"href":"https:\/\/www.rdpemancipation.org\/index.php?rest_route=\/wp\/v2\/types\/post"}],"author":[{"embeddable":true,"href":"https:\/\/www.rdpemancipation.org\/index.php?rest_route=\/wp\/v2\/users\/2"}],"replies":[{"embeddable":true,"href":"https:\/\/www.rdpemancipation.org\/index.php?rest_route=%2Fwp%2Fv2%2Fcomments&post=28278"}],"version-history":[{"count":76,"href":"https:\/\/www.rdpemancipation.org\/index.php?rest_route=\/wp\/v2\/posts\/28278\/revisions"}],"predecessor-version":[{"id":31700,"href":"https:\/\/www.rdpemancipation.org\/index.php?rest_route=\/wp\/v2\/posts\/28278\/revisions\/31700"}],"wp:attachment":[{"href":"https:\/\/www.rdpemancipation.org\/index.php?rest_route=%2Fwp%2Fv2%2Fmedia&parent=28278"}],"wp:term":[{"taxonomy":"category","embeddable":true,"href":"https:\/\/www.rdpemancipation.org\/index.php?rest_route=%2Fwp%2Fv2%2Fcategories&post=28278"},{"taxonomy":"post_tag","embeddable":true,"href":"https:\/\/www.rdpemancipation.org\/index.php?rest_route=%2Fwp%2Fv2%2Ftags&post=28278"}],"curies":[{"name":"wp","href":"https:\/\/api.w.org\/{rel}","templated":true}]}}