{"id":28276,"date":"2021-05-01T12:08:21","date_gmt":"2021-05-01T10:08:21","guid":{"rendered":"https:\/\/www.rdpemancipation.org\/?p=28276"},"modified":"2021-06-01T01:07:23","modified_gmt":"2021-05-31T23:07:23","slug":"mai-politique","status":"publish","type":"post","link":"https:\/\/www.rdpemancipation.org\/?p=28276","title":{"rendered":"Mai &#8211; Politique"},"content":{"rendered":"\n<p><strong><span class=\"has-inline-color has-vivid-red-color\">1 Juin en continu<\/span><\/strong><\/p>\n\n\n\n<p><a href=\"https:\/\/blogs.mediapart.fr\/jean-marc-b\/blog\/310521\/manifestons-pour-l-interdiction-des-licenciements-le-19-juin-devant-le-medef\">Manifestons pour l\u2019interdiction des licenciements le 19 juin devant le MEDEF ! <\/a>-Unef Tacle<\/p>\n\n\n\n<p><a href=\"https:\/\/blogs.mediapart.fr\/jean-marc-b\/blog\/310521\/grande-action-feministe-transnationale-le-5-juin-nice\">Grande action f\u00e9ministe transnationale le 5 juin \u00e0 Nice ! <\/a>-Collectif<\/p>\n\n\n\n<p><a href=\"https:\/\/www.contretemps.eu\/rebellion-extreme-droite-fascisme-trump-stefanoni\/\">La r\u00e9bellion est-elle pass\u00e9e \u00e0 droite&nbsp;? Entretien avec Pablo Stefanoni <\/a>(Contretemps)<\/p>\n\n\n\n<p><a href=\"http:\/\/www.regards.fr\/politique\/societe\/article\/edito-ou-est-passee-la-question-sociale\">O\u00f9 est pass\u00e9e la question sociale ?<\/a> par Pierre Jacquemain (Regards)<\/p>\n\n\n\n<p><a href=\"https:\/\/lahorde.samizdat.net\/Jour-4-1ere-partie-cote-nazi-des-poings-americains-et-la-volonte-d-en-decoudre\">Jour 4 (1\u00e8re partie) : c\u00f4t\u00e9 nazi, des poings am\u00e9ricains et la volont\u00e9 d&rsquo;en d\u00e9coudre <\/a>(La Horde)<\/p>\n\n\n\n<p><a href=\"https:\/\/www.contretemps.eu\/minuit-dans-le-siecle-podcast-antifasciste-palheta\/\">\u00ab Minuit dans le si\u00e8cle \u00bb, un podcast antifasciste d\u2019Ugo Palheta \u2013 bient\u00f4t sur Spectre<\/a> (Contretemps)<\/p>\n\n\n\n<p><a href=\"https:\/\/lareleveetlapeste.fr\/saint-nazaire-greenpeace-bloque-un-entrepot-de-soja-pour-denoncer-la-deforestation-importee\/\">St-Nazaire : Greenpeace bloque entrep\u00f4t de soja pour d\u00e9noncer la d\u00e9forestation import\u00e9e<\/a> (La Rel\u00e8ve et La Peste )<\/p>\n\n\n\n<p><a href=\"https:\/\/www.lemediatv.fr\/emissions\/2021\/macron-les-limites-dune-operation-de-propagande-OiwwCRMCS067miDp-F0VBw\">Macron : les limites d&rsquo;une op\u00e9ration de propagande<\/a> (Le M\u00e9dia)<\/p>\n\n\n\n<p><a href=\"https:\/\/info.mediapart.fr\/optiext\/optiextension.dll?ID=6yz6yhekjz8Jf58cOvDRTYEug99b6MfbFdt1iZCb7zgEn1RkZWk1meNBEI0DiM8lvhzld%2B1DMu1wIFOZn1EbqOCp1cQQn\">LR et l\u2019extr\u00eame droite: repose en paix, cordon sanitaire<\/a> (MDP)<\/p>\n\n\n\n<figure class=\"wp-block-image size-large is-resized is-style-default\"><img data-recalc-dims=\"1\" loading=\"lazy\" decoding=\"async\" src=\"https:\/\/i0.wp.com\/www.rdpemancipation.org\/wp-content\/uploads\/2021\/06\/image-1.png?resize=422%2C486&#038;ssl=1\" alt=\"\" class=\"wp-image-31694\" width=\"422\" height=\"486\" srcset=\"https:\/\/i0.wp.com\/www.rdpemancipation.org\/wp-content\/uploads\/2021\/06\/image-1.png?w=661&amp;ssl=1 661w, https:\/\/i0.wp.com\/www.rdpemancipation.org\/wp-content\/uploads\/2021\/06\/image-1.png?resize=260%2C300&amp;ssl=1 260w\" sizes=\"auto, (max-width: 422px) 100vw, 422px\" \/><\/figure>\n\n\n\n<p><a href=\"https:\/\/info.mediapart.fr\/optiext\/optiextension.dll?ID=6yz6C62JCVe4RKar%2BiqGyAhftqp4wgIagNPOAf98iYN8cKokYeK7xuQ_x71Vm2FZdFNaeSaGvo2%2B8mE41UsGwVtSS2i6L\">Karima Delli: \u00abPour moi, le RN ne sera jamais d\u00e9diabolis\u00e9\u00bb<\/a> (vid\u00e9o MDP)<\/p>\n\n\n\n<p><a href=\"https:\/\/info.mediapart.fr\/optiext\/optiextension.dll?ID=6yz6FBSgCYhBvbp2ijegNQxQz0uwxlO2dV3Y%2BR88ZKezUJ5kZCscPDG6wy9qct4y_H7yx47V4poooOe9SCcA7OwMuLUAJ\">Nathalie Heinich, le b\u00e9b\u00e9 et l\u2019eau du bain: \u00e0 propos de \u00abce que le militantisme fait \u00e0 la recherche<\/a>&#8211; J. Baub\u00e9rot<\/p>\n\n\n\n<p><a href=\"http:\/\/www.regards.fr\/la-revue-de-presse-de-lulu\/article\/la-revue-de-lulu-31-mai-2021\">La Revue de Lulu 31 mai 2021<\/a> par Lucien Atencia (Regards)<\/p>\n\n\n\n<p><a href=\"https:\/\/www.google.com\/url?rct=j&amp;sa=t&amp;url=https:\/\/www.liberation.fr\/idees-et-debats\/opinions\/pourquoi-les-francais-votent-ils-a-droite-sils-veulent-une-politique-de-gauche-20210531_SBEFGIZ3GRGUPIQEXC3QB3PTEM\/&amp;ct=ga&amp;cd=CAEYASoTOTYxODMxNzQwODk4MTQ0MDg2MjIaNzljZmU0ZDA2ZmQ3YjljMjpjb206ZnI6VVM&amp;usg=AFQjCNHHBQbTPLyh0rcm1deatSXhuauuJQ\">Pourquoi les Fran\u00e7ais votent-ils \u00e0 droite s&rsquo;ils veulent une politique de gauche ?<\/a> (Lib\u00e9ration)<\/p>\n\n\n\n<p><a href=\"https:\/\/www.facebook.com\/lyoninsurrection\/videos\/1430466470639604\">Plus de 1000 mobilis\u00e9es samedi \u00e0 la Croix-Rousse \u00e0 Lyon, contre les violences de l\u2019extr\u00eame-droite<\/a> -vid\u00e9o<\/p>\n\n\n\n<p><a href=\"https:\/\/www.youtube.com\/watch?v=cR5B_U1G9q4\">Les h\u00e9ritiers des versaillais ont du quitter les lieux de la comm\u00e9moration de La Commune<\/a> -vid\u00e9o<\/p>\n\n\n\n<p><a href=\"https:\/\/www.bastamag.net\/Conseil-constitutionnel-Loi-securite-globale-articles-censures-Darmanin-drones-droit-fondamental\">Le droit fondamental de r\u00e9sister \u00e0 l\u2019oppression, nouvel enjeu pour le Conseil Constitutionnel<\/a> ( Basta)<\/p>\n\n\n\n<p><a href=\"https:\/\/lanticapitaliste.org\/opinions\/histoire\/revolution-permanente-contre-stalinisme-en-urss\">R\u00e9volution permanente contre stalinisme en URSS<\/a> -Daniel Bensa\u00efd<\/p>\n\n\n\n<p><a href=\"https:\/\/lundi.am\/La-semaine-sanglante\">La semaine sanglante<\/a> -Mich\u00e8le Audin<\/p>\n\n\n\n<figure class=\"wp-block-image is-resized is-style-default\"><img loading=\"lazy\" decoding=\"async\" src=\"https:\/\/scontent.fhex4-2.fna.fbcdn.net\/v\/t1.6435-9\/192965629_1214988628923603_2681080839572146185_n.jpg?_nc_cat=103&amp;ccb=1-3&amp;_nc_sid=730e14&amp;_nc_ohc=nzOzAHRUJc8AX8b6oyS&amp;_nc_ht=scontent.fhex4-2.fna&amp;oh=1dc297b2c9661bbb7551ab3d0009a382&amp;oe=60DA1080\" alt=\"Peut \u00eatre une image de une personne ou plus, personnes debout, plein air et texte qui dit \u2019\u1789 UL POLICA La police nasse une librairie qui comm\u00e9more la Commune\u2019\" width=\"552\" height=\"552\"\/><figcaption><sub>Le \u00ab Monte-en-l\u2019air \u00bb est une librairie au c\u0153ur du quartier de M\u00e9nilmontant. Samedi 29 mai, alors que cette <\/sub><br><sub>derni\u00e8re comm\u00e9morait la Commune de Paris, le pr\u00e9fet a envoy\u00e9 une cinquantaine de policiers afin de nasser la librairie<\/sub><\/figcaption><\/figure>\n\n\n\n<p> <span class=\"has-inline-color has-vivid-red-color\"><strong>31 Mai en continu<\/strong><\/span><\/p>\n\n\n\n<p><a href=\"https:\/\/hal.archives-ouvertes.fr\/hal-03213558\">Macron ou le myst\u00e8re du verbe&nbsp;<\/a> (Archives ouvertes)<\/p>\n\n\n\n<p><a href=\"https:\/\/lanticapitaliste.org\/opinions\/histoire\/10-mai-1981-espoirs-et-trahison\">10 mai 1981, espoirs et trahison<\/a>&nbsp; -Robert Pelletier, Henri Wilno<\/p>\n\n\n\n<p><a href=\"https:\/\/lanticapitaliste.org\/actualite\/politique\/federons-nous-pour-monter-lassaut-du-ciel\">F\u00e9d\u00e9rons-nous pour monter \u00ab&nbsp;\u00e0 l\u2019assaut du ciel&nbsp;\u00bb&nbsp;!<\/a> -Josephine Simplon<\/p>\n\n\n\n<p><a href=\"https:\/\/lanticapitaliste.org\/actualite\/sante\/prendre-le-controle-des-vaccins-pour-proteger-toute-lhumanite\">Prendre le contr\u00f4le des vaccins pour prot\u00e9ger toute l\u2019humanit\u00e9<\/a> (L\u2019Anticapitaliste)<\/p>\n\n\n\n<p><a href=\"https:\/\/www.les-crises.fr\/critique-du-testament-de-dieu-de-bernard-henry-levy-1979-par-pierre-vidal-naquet\/\">Critique du \u00ab Testament de Dieu \u00bb de Bernard-Henry L\u00e9vy (1979) \u2013 par Pierre Vidal-Naquet<\/a> (Les Crises)<\/p>\n\n\n\n<p><a href=\"https:\/\/www.revolutionpermanente.fr\/Un-programme-pour-la-revolution-enfin-en-librairie-25372\">Un programme pour la r\u00e9volution, enfin en librairie&nbsp;!<\/a> (RP)<\/p>\n\n\n\n<p><a href=\"https:\/\/www.alternatives-economiques.fr\/valent-sondages-un-an-presidentielle\/00099184\">Que valent les sondages un an avant la pr\u00e9sidentielle&nbsp;?<\/a> <a href=\"https:\/\/www.alternatives-economiques.fr\/valent-sondages-un-an-presidentielle\/00099184\">(Alter \u00e9co)<\/a><\/p>\n\n\n\n<p><a href=\"https:\/\/theconversation.com\/que-reste-t-il-de-la-deuxieme-gauche-160371\">Que reste-t-il de la \u00ab\u00a0deuxi\u00e8me gauche\u00a0\u00bb&nbsp;?<\/a> (The Conversation)<\/p>\n\n\n\n<p><a href=\"https:\/\/comptoir.org\/2021\/05\/25\/thomas-guenole-notre-confort-materiel-se-fait-au-prix-de-millions-de-victimes-1ere-partie\/\">Thomas Gu\u00e9nol\u00e9 : \u00ab Notre confort mat\u00e9riel se fait au prix de millions de victimes. \u00bb (1\u00e8re partie)<\/a><\/p>\n\n\n\n<figure class=\"wp-block-image is-resized is-style-default\"><img data-recalc-dims=\"1\" loading=\"lazy\" decoding=\"async\" src=\"https:\/\/i0.wp.com\/static.actu.fr\/uploads\/2021\/04\/dscn4650.jpg?resize=559%2C419&#038;ssl=1\" alt=\"Max Marandet a encore frapp\u00e9 \u00e0 Champagnole avec une affiche volontairement provocatrice.\" width=\"559\" height=\"419\"\/><\/figure>\n\n\n\n<p><a href=\"https:\/\/comptoir.org\/2021\/05\/27\/thomas-guenole-pour-remplacer-le-capitalisme-je-propose-la-democratie-directe-integrale-2e-partie\/\">Thomas Gu\u00e9nol\u00e9 : \u00ab Pour remplacer le capitalisme, la d\u00e9mocratie directe int\u00e9grale \u00bb (2e partie)<\/a> (Le Comptoir)<\/p>\n\n\n\n<p><a href=\"https:\/\/lepoing.net\/le-poing-sera-aux-premieres-assises-intergalactiques-de-la-presse-libre-et-satirique\/\">Premi\u00e8res assises intergalactiques de la presse libre et satirique<\/a> (Le Poing)<\/p>\n\n\n\n<p><a href=\"https:\/\/www.humanite.fr\/cooperatives-le-genie-communard-rempart-luberisation-708361#xtor=RSS-1\">Coop\u00e9ratives. Le g\u00e9nie communard, rempart \u00e0 l\u2019ub\u00e9risation<\/a> (L\u2019Humanit\u00e9)<\/p>\n\n\n\n<p><a href=\"https:\/\/www.humanite.fr\/commemoration-au-mur-des-federes-des-milliers-de-personnes-rappellent-que-la-commune-nest-pas-morte#xtor=RSS-1\">Comm\u00e9moration. Au Mur des f\u00e9d\u00e9r\u00e9s, des milliers de personnes rappellent que \u00ab la Commune n\u2019est pas morte \u00bb !<\/a> (L\u2019Humanit\u00e9)<\/p>\n\n\n\n<p><a href=\"https:\/\/www.humanite.fr\/logement-encadrement-des-loyers-requisitions-pourquoi-la-commune-reste-un-modele-708403#xtor=RSS-1\">Logement. Encadrement des loyers, r\u00e9quisitions&#8230; : pourquoi la Commune reste un mod\u00e8le<\/a> (L\u2019Humanit\u00e9)<\/p>\n\n\n\n<p><a href=\"https:\/\/info.mediapart.fr\/optiext\/optiextension.dll?ID=rZYrWDyCtvHwoxCtP2y_5lqGPMKTgGqBBrzmK4laJPog61oHyKy6v%2BzU0HEZRQHQLT5K%2BGxqhWboxEzp5lWcaV0p%2BbYPI\">Commune de Paris et Vienne Rouge<\/a> &#8211; Jo\u00eblle Stolz<\/p>\n\n\n\n<p><a href=\"https:\/\/www.humanite.fr\/la-commune-au-present-droit-de-vote-des-etrangers-la-veritable-republique-est-universelle-708394#xtor=RSS-1\">La Commune au pr\u00e9sent. Droit de vote des \u00e9trangers : la v\u00e9ritable r\u00e9publique est universelle<\/a> (L\u2019Humanit\u00e9)<\/p>\n\n\n\n<p><a href=\"https:\/\/www.revolutionpermanente.fr\/Van-Gogh-Commune-et-drapeaux-rouges\">Van Gogh, Commune et drapeaux rouges<\/a> (RP)<\/p>\n\n\n\n<figure class=\"wp-block-image is-resized is-style-default\"><img loading=\"lazy\" decoding=\"async\" src=\"https:\/\/i0.wp.com\/www.libreactu.fr\/wp-content\/uploads\/2021\/03\/Sarkozy-racailles.jpg\" alt=\"\" width=\"298\" height=\"298\"\/><\/figure>\n\n\n\n<p><span class=\"has-inline-color has-vivid-red-color\"><strong>30 Mai en continu<\/strong><\/span><\/p>\n\n\n\n<p><a href=\"https:\/\/info.mediapart.fr\/optiext\/optiextension.dll?ID=v32vZJ7huiHj0n0gd0PAVeYGjWey2GqgXaXzNSMIil9cfe9fC_GGvFB7DFOEF3FUgrZTrqwYNqHv9UNR9y5JY_oGb6jfx\">Le retour de Manuel Valls, sympt\u00f4me d\u2019un climat d\u00e9l\u00e9t\u00e8re<\/a> (MDP)<\/p>\n\n\n\n<figure class=\"wp-block-image size-large is-resized is-style-default\"><img data-recalc-dims=\"1\" loading=\"lazy\" decoding=\"async\" src=\"https:\/\/i0.wp.com\/www.rdpemancipation.org\/wp-content\/uploads\/2021\/05\/075-bonilla-spanishd191027-npig5.jpg?resize=431%2C288&#038;ssl=1\" alt=\"\" class=\"wp-image-31517\" width=\"431\" height=\"288\" srcset=\"https:\/\/i0.wp.com\/www.rdpemancipation.org\/wp-content\/uploads\/2021\/05\/075-bonilla-spanishd191027-npig5.jpg?w=661&amp;ssl=1 661w, https:\/\/i0.wp.com\/www.rdpemancipation.org\/wp-content\/uploads\/2021\/05\/075-bonilla-spanishd191027-npig5.jpg?resize=300%2C200&amp;ssl=1 300w\" sizes=\"auto, (max-width: 431px) 100vw, 431px\" \/><\/figure>\n\n\n\n<p><a href=\"https:\/\/leblognotesdehugueslepaige.be\/macron-le-petit-pere-des-droites\/\" title=\"https:\/\/leblognotesdehugueslepaige.be\/macron-le-petit-pere-des-droites\/\">France : Macron, le petit p\u00e8re des droites<\/a> -Hugues Le Paige<\/p>\n\n\n\n<p><a href=\"https:\/\/info.mediapart.fr\/optiext\/optiextension.dll?ID=v32v1fdlxv7KrgAk7z0WjxwVpTMC3oZ5yKCyJJPoiTqrjJ9fCK7LBNyRaPwCKOCwTSaDV28kCtlQ4of7obiVN%2BSuymBvG\">Des dizaines de milliers de personnes d\u00e9filent pour d\u00e9fendre les langues r\u00e9gionales<\/a> (MDP)<\/p>\n\n\n\n<p><a href=\"https:\/\/info.mediapart.fr\/optiext\/optiextension.dll?ID=w01w113TxplES3Qu_XS2HEjMT9oHr6wCiGqxHbV%2BMUORR5EMEiTGxdIjWcvRH7A9oV0eufxpGu%2BJdxVgULkN1D7YGrWo8\">\u00abMois d\u00e9colonial\u00bb: \u00e0 Grenoble, Eric Piolle accus\u00e9 de \u00abr\u00e9trop\u00e9dalage\u00bb<\/a> (MDP)<\/p>\n\n\n\n<figure class=\"wp-block-embed is-type-video is-provider-youtube wp-block-embed-youtube wp-embed-aspect-16-9 wp-has-aspect-ratio\"><div class=\"wp-block-embed__wrapper\">\n<iframe loading=\"lazy\" title=\"CLM S4#33 - Rokhaya Diallo - &quot;Pourquoi tant de haine ?&quot;\" width=\"1200\" height=\"675\" src=\"https:\/\/www.youtube.com\/embed\/eU7kp35w-oE?feature=oembed\" frameborder=\"0\" allow=\"accelerometer; autoplay; clipboard-write; encrypted-media; gyroscope; picture-in-picture\" allowfullscreen><\/iframe>\n<\/div><\/figure>\n\n\n\n<p><a href=\"https:\/\/info.mediapart.fr\/optiext\/optiextension.dll?ID=v32v1CuJ%2B2O12h5xTUQOBiX17hiFhJJsU8K23Gs4ABhLCOjfDimA%2BpUuuTDoZPb7xuVw2trVgC0gZPRCts902N0vlFCDx\">A Paris, l\u2019h\u00f4pital public dans la rue pour l\u2019acc\u00e8s aux soins et \u00e0 la sant\u00e9<\/a> (MDP)<\/p>\n\n\n\n<p><a href=\"https:\/\/info.mediapart.fr\/optiext\/optiextension.dll?ID=v32v2YUPzpl7_gtew7QH7%2B8d_D_LAh931C0b9kOH_%2BKSA6OfCe9bcvq1r__3Zg_k0M04RvVeBOQsbogtJaQnwtiVkQqD2\">La connaissance, la sociologie, la politique et la v\u00e9rit\u00e9<\/a> -Geoffroy de Lagasnerie<\/p>\n\n\n\n<p><a href=\"https:\/\/www.lemediatv.fr\/emissions\/2021\/mcfly-carlito-zemmour-slip-wEyQkSmjQvSjcLHGfb65pg\">McFly &amp; Carlito + Zemmour + Slip<\/a> (Le M\u00e9dia) -Plateforme altermondialiste<\/p>\n\n\n\n<p><a href=\"https:\/\/info.mediapart.fr\/optiext\/optiextension.dll?ID=v32v0tCOZn2X1XAaHYJ031E33uzMpCZMU12LrwNFNsOTSZQfCXlUIbxe4neQ2lLpJhdkPGvCaDIA1DVfnyYt_X1sPF21z\">Fatsa: l\u2019\u00e9ph\u00e9m\u00e8re h\u00e9riti\u00e8re turque de la Commune de Paris<\/a> (MDP)<\/p>\n\n\n\n<p><a href=\"https:\/\/www.humanite.fr\/commemoration-au-mur-des-federes-des-milliers-de-personnes-rappellent-que-la-commune-nest-pas-morte#xtor=RSS-1\">Comm\u00e9moration. Au Mur des F\u00e9d\u00e9r\u00e9s, des milliers de personnes rappellent que \u00ab La Commune n\u2019est pas morte ! \u00bb<\/a> (L\u2019Humanit\u00e9)<\/p>\n\n\n\n<p><a href=\"https:\/\/www.humanite.fr\/jean-louis-laville-la-commune-envisageait-la-fin-du-salariat-par-lassociation-708412#xtor=RSS-1\">Jean-Louis Laville : \u00ab La Commune envisageait la fin du salariat par l\u2019association \u00bb<\/a> (L\u2019Humanit\u00e9)<\/p>\n\n\n\n<p><a href=\"https:\/\/lvsl.fr\/rendre-visibles-les-protagonistes-de-cette-insurrection-exemplaire-quest-la-commune\/\">\u00ab Rendre visibles les protagonistes de cette insurrection exemplaire \u00bb qu\u2019est la Commune<\/a> (Le Vent Se L\u00e8ve)<\/p>\n\n\n\n<p><span class=\"has-inline-color has-vivid-red-color\"><strong>2<\/strong><\/span>9<span class=\"has-inline-color has-vivid-red-color\"><strong> Mai en continu<\/strong><\/span><\/p>\n\n\n\n<p><a href=\"https:\/\/manif-est.info\/Malfaiteurs-de-tous-les-pays-unissons-nous-Tous-et-toutes-a-Bure-le-1er-juin-1804.html\">Malfaiteurs de tous les pays, unissons-nous&nbsp;! Tous et toutes \u00e0 Bure le 1er juin&nbsp;!<\/a> (Manif-Est)<\/p>\n\n\n\n<p><a href=\"https:\/\/blogs.mediapart.fr\/jean-marc-b\/blog\/280521\/envol-pour-la-liberte-amnesty-international-fete-ses-60-ans-video\">Envol pour la libert\u00e9: Amnesty International f\u00eate ses 60 ans ! <\/a>vid\u00e9o<\/p>\n\n\n\n<figure class=\"wp-block-embed is-type-video is-provider-youtube wp-block-embed-youtube wp-embed-aspect-16-9 wp-has-aspect-ratio\"><div class=\"wp-block-embed__wrapper\">\n<iframe loading=\"lazy\" title=\"Amnesty International f\u00eate ses 60 ans !\" width=\"1200\" height=\"675\" src=\"https:\/\/www.youtube.com\/embed\/WloT0Y8thGs?feature=oembed\" frameborder=\"0\" allow=\"accelerometer; autoplay; clipboard-write; encrypted-media; gyroscope; picture-in-picture\" allowfullscreen><\/iframe>\n<\/div><\/figure>\n\n\n\n<p><a href=\"https:\/\/solidaires.org\/Le-bulletin-de-la-commission-immigration-Solidaires-Mai-2021\">Le bulletin de la commission immigration Solidaires &#8211; Mai 2021<\/a> (Solidaires)<\/p>\n\n\n\n<p><a href=\"https:\/\/info.mediapart.fr\/optiext\/optiextension.dll?ID=mUVmRjrxa_lEA9M8_BvPHulPYJyhcQZWA3YA0C26AzAdtfJCfgVfbPi1a_%2Ba5WkvFPO0T%2BQD38h%2B1Jej9_HiUtzT9Tl84\">De G\u00e9n\u00e9ration identitaire \u00e0 \u00abl\u2019Association de d\u00e9fense des lanceurs d\u2019alerte\u00bb<\/a> (MDP)<\/p>\n\n\n\n<p><a href=\"https:\/\/www.cgt.fr\/actualites\/bretagne\/interprofessionnel\/mobilisation\/carhaix-festival-des-vieilles-coleres\">Carhaix : Festival des vieilles col\u00e8res !<\/a> (CGT)<\/p>\n\n\n\n<p><a href=\"https:\/\/www.cgt.fr\/actualites\/france\/interprofessionnel\/mobilisation\/journee-de-mobilisation-contre-le-racisme\">Journ\u00e9e de mobilisation contre le racisme<\/a> (CGT)<\/p>\n\n\n\n<p><a href=\"https:\/\/blogs.mediapart.fr\/jean-marc-b\/blog\/280521\/mitterrand-raciste-dans-ces-pays-la-un-genocide-ce-n-est-pas-trop-important\">Mitterrand raciste: \u00ab\u00a0Dans ces pays-l\u00e0, un g\u00e9nocide, ce n\u2019est pas trop important\u00a0\u00bb <\/a>-Jean-Marc B<\/p>\n\n\n\n<p><a href=\"https:\/\/www.rue89lyon.fr\/2021\/05\/28\/gilets-jaunes-quelle-forme-prend-desormais-le-mouvement-a-lyon\/\">Gilets jaunes : quelle forme prend d\u00e9sormais le mouvement \u00e0 Lyon ?<\/a> (Rue89Lyon)<\/p>\n\n\n\n<p><a href=\"http:\/\/www.regards.fr\/la-midinale\/article\/danielle-simonnet-je-suis-la-candidate-de-la-dignite-retrouvee\">Danielle Simonnet : \u00ab Je suis la candidate de la dignit\u00e9 retrouv\u00e9e \u00bb<\/a> (Regards)<\/p>\n\n\n\n<p><a href=\"https:\/\/www.bastamag.net\/Face-au-deni-de-democratie-il-ne-nous-reste-plus-qu-a-occuper-les-champs-une\">Assembl\u00e9e populaire et cr\u00e9ation d&rsquo;une ZAD \u00e0 Saclay \u00ab pour sauver les terres les plus fertiles d&rsquo;Europe \u00bb<\/a> (Basta&nbsp;!)<\/p>\n\n\n\n<p><a href=\"https:\/\/www.saphirnews.com\/Quand-la-television-catalane-parodie-le-depart-de-Manuel-Valls-de-Barcelone-pour-la-France-video_a28135.html\">Quand la t\u00e9l\u00e9vision catalane parodie le d\u00e9part de Manuel Valls de Barcelone pour la France (vid\u00e9o)<\/a> (SaphirNews)<\/p>\n\n\n\n<p><a href=\"https:\/\/tendanceclaire.org\/breve.php?id=38710\">Les GAFA ont op\u00e9r\u00e9 un coup d\u2019\u00c9tat num\u00e9rique \u2013 <\/a>Shoshana Zuboff<\/p>\n\n\n\n<p><a href=\"http:\/\/www.regards.fr\/la-revue-de-presse-de-lulu\/article\/la-revue-de-lulu-du-28-mai-2021\">La Revue de Lulu du 28 mai 2021<\/a> par Lucien Atencia (Regards)<\/p>\n\n\n\n<p><a href=\"https:\/\/www.revue-ballast.fr\/michele-audin-raconte-eugene-varlin\">Mich\u00e8le Audin raconte Eug\u00e8ne Varlin<\/a> (Ballast)<\/p>\n\n\n\n<p><a href=\"https:\/\/lanticapitaliste.org\/arguments\/histoire\/la-commune-declaration-au-peuple-francais-19-avril-1871\">La Commune : D\u00e9claration au peuple fran\u00e7ais (19&nbsp;avril 1871)<\/a> (L\u2019Anticapitaliste)<\/p>\n\n\n\n<p><a href=\"https:\/\/www.contretemps.eu\/journal-commune-28-mai-1871\/\">La Commune au jour le jour. Dimanche 28 mai 1871<\/a> (Contretemps)<\/p>\n\n\n\n<p><a href=\"https:\/\/blogs.mediapart.fr\/jean-marc-b\/blog\/280521\/la-commune-vue-par-les-grands-ecrivains-video-la-bas-si-jy-suis\">La Commune vue par les grands \u00e9crivains -vid\u00e9o L\u00e0 bas si j&rsquo;y suis<\/a><\/p>\n\n\n\n<p><a href=\"https:\/\/blogs.mediapart.fr\/jean-marc-b\/blog\/290521\/dettes-finances-democratie-directe-lecons-de-la-commune-video\">Dettes, finances, d\u00e9mocratie directe- Le\u00e7ons de La Commune ? &#8211; vid\u00e9o <\/a>CADTM<\/p>\n\n\n\n<figure class=\"wp-block-embed is-type-video is-provider-youtube wp-block-embed-youtube wp-embed-aspect-16-9 wp-has-aspect-ratio\"><div class=\"wp-block-embed__wrapper\">\n<iframe loading=\"lazy\" title=\"LCD : Dettes, finances et d\u00e9mocratie directe hier et aujourd\u2019hui - quelles le\u00e7ons de la commune ?\" width=\"1200\" height=\"675\" src=\"https:\/\/www.youtube.com\/embed\/5VnDgsKBzwo?feature=oembed\" frameborder=\"0\" allow=\"accelerometer; autoplay; clipboard-write; encrypted-media; gyroscope; picture-in-picture\" allowfullscreen><\/iframe>\n<\/div><\/figure>\n\n\n\n<p><span class=\"has-inline-color has-vivid-red-color\"><strong>28 Mai en continu<\/strong><\/span><\/p>\n\n\n\n<p><a href=\"https:\/\/tendanceclaire.org\/breve.php?id=38698\">12 juin : Contre la V\u00b0 R\u00e9publique des factieux, pour la R\u00e9publique d\u00e9mocratique, la\u00efque et sociale<\/a> -Collectif<\/p>\n\n\n\n<p><a href=\"https:\/\/rapportsdeforce.fr\/pouvoir-et-contre-pouvoir\/29-mai-5-juin-12-juin-trois-samedis-de-manifestations-contre-lextreme-droite-052710405\">29 mai, 5 juin, 12 juin, trois samedis de manifestations contre l\u2019extr\u00eame droite<\/a> (Rapports de Force)<\/p>\n\n\n\n<p><a href=\"https:\/\/linsoumission.fr\/2021\/05\/27\/la-deputee-insoumise-benedicte-taurine-jetee-au-sol-par-la-police\/?fbclid=IwAR33ejz_yUjWsV3Asz3r6Ahnyd_mCw3lPM8CHTxHRSdtXq_6tr8yaobvnV0\">La d\u00e9put\u00e9e insoumise B\u00e9n\u00e9dicte Taurine jet\u00e9e au sol par la police<\/a> (L\u2019insoumission)<\/p>\n\n\n\n<p> <\/p>\n\n\n\n<figure class=\"wp-block-image is-resized is-style-default\"><img data-recalc-dims=\"1\" loading=\"lazy\" decoding=\"async\" src=\"https:\/\/i0.wp.com\/linsoumission.fr\/wp-content\/uploads\/2021\/05\/210527_MINIATURE_BenedicteTaurine-768x432.jpg?resize=526%2C296&#038;ssl=1\" alt=\"210527 MINIATURE BenedicteTaurine\" width=\"526\" height=\"296\"\/><\/figure>\n\n\n\n<p><a href=\"https:\/\/www.contretemps.eu\/tribunes-militaires-police-fascisme-hegemonie-culturelle\/\">Tribunes de militaires, fascisation et h\u00e9g\u00e9monie culturelle<\/a> (Contretemps)<\/p>\n\n\n\n<p><a href=\"https:\/\/info.mediapart.fr\/optiext\/optiextension.dll?ID=RjiRpokkPeA4_4VONnZhyCAfd3JqZjm5g9QkWT4LotlmMOzBJLiun9oOJ25phQyseHN1xR4cMgwwY3hxMOXS6dQBQz%2BZl\">Ultradroite: des terroristes si proches\u2026 des djihadistes<\/a> (MDP)<\/p>\n\n\n\n<p><a href=\"https:\/\/lahorde.samizdat.net\/Generation-Identitaire-continue-ses-activites\">G\u00e9n\u00e9ration Identitaire continue ses activit\u00e9s <\/a>(La Horde)<\/p>\n\n\n\n<p><a href=\"https:\/\/www.bastamag.net\/La-France-insoumise-Adrien-Quatennens-Union-de-la-gauche-presidentielle-2022-Melenchon-regionales-Hauts-de-France-manifestation-des-policiers\">La question sociale est prioritaire <\/a>-Quatennens (Bastamag)<\/p>\n\n\n\n<p><a href=\"https:\/\/info.mediapart.fr\/optiext\/optiextension.dll?ID=RjiRiyGwE10Pam43a7_k_IHoYiWuTxzmIb1rDtbcKZRCXuw7JFvqoZqLXogFJmOPjrEOjavGX8TaAEdoZqRnU5iHp9Wte\">Hauts-de-France: les faux-semblants de la \u00abnormalisation\u00bb du RN<\/a> (MDP)<\/p>\n\n\n\n<p><a href=\"https:\/\/info.mediapart.fr\/optiext\/optiextension.dll?ID=RjiRkuBEnF2zVkZPiqbzKi5J9bdN35h2gJmnVNisVWMMvCdBIGEFsbd6ya_1L0f7%2BTesvpThL1dKECz5OJ_Nv23lG72dt\">Proc\u00e8s Bygmalion: sauve qui peut!<\/a> (MDP)<\/p>\n\n\n\n<p><a href=\"https:\/\/harris-interactive.fr\/opinion_polls\/barometre-dintentions-de-vote-pour-lelection-presidentielle-de-2022-vague-3\/\" title=\"https:\/\/harris-interactive.fr\/opinion_polls\/barometre-dintentions-de-vote-pour-lelection-presidentielle-de-2022-vague-3\/\">Progression de M\u00e9lenchon: plus de 20% chez les moins de 50 ans et dans les cat\u00e9gories populaires<\/a> (Harris)<\/p>\n\n\n\n<p><a href=\"https:\/\/info.mediapart.fr\/optiext\/optiextension.dll?ID=RjiRmLin_WPYKKGiuEvQNxt17jkRBkst9hMjbFbZVLj3JKL7IaA7GBmDaM8ZpuUNJuJT8zXyT2teolCdLTN0TSvLc9bJl\">Johann Chapoutot: \u00abMacron a une conviction d\u00e9mocratique assez faible\u00bb<\/a> (MDP)<\/p>\n\n\n\n<p><a href=\"https:\/\/www.humanite.fr\/apostrophe-gabriel-attal-cajole-les-militaires-factieux-dans-valeurs-actuelles-708738#xtor=RSS-1\">Apostrophe. Gabriel Attal cajole les militaires factieux dans Valeurs actuelles<\/a> (L\u2019Humanit\u00e9)<\/p>\n\n\n\n<p><a href=\"https:\/\/www.monde-diplomatique.fr\/2004\/01\/MASCLET\/10698\">Le rendez-vous manqu\u00e9 de la gauche et des cit\u00e9s<\/a> (Le Monde diplomatique, 2004)<\/p>\n\n\n\n<p><a href=\"https:\/\/lanticapitaliste.org\/arguments\/histoire\/actualite-de-la-commune-de-paris-au-21e-siecle\">Actualit\u00e9 de la Commune de&nbsp;Paris au 21e&nbsp;si\u00e8cle<\/a> -Michael L\u00f6wy<\/p>\n\n\n\n<p><a href=\"https:\/\/www.contretemps.eu\/politique-etat-marx-experience-commune\/\">La politique au-del\u00e0 de l\u2019\u00c9tat. Marx et l\u2019exp\u00e9rience de la Commune<\/a> (Contretemps )<\/p>\n\n\n\n<figure class=\"wp-block-image is-resized is-style-default\"><img data-recalc-dims=\"1\" loading=\"lazy\" decoding=\"async\" src=\"https:\/\/i0.wp.com\/www.contretemps.eu\/wp-content\/uploads\/ExrYyxQWYAM27DX-2.jpg?resize=521%2C290&#038;ssl=1\" alt=\"\" width=\"521\" height=\"290\"\/><\/figure>\n\n\n\n<p><span class=\"has-inline-color has-vivid-red-color\"><strong>27 Mai en continu<\/strong><\/span><\/p>\n\n\n\n<p><a href=\"https:\/\/www.bastamag.net\/camps-migrants-Paris-Stalingrad-documentaire-Hind-Meddeb-droit-d-asile-prefecture\">\u00ab Paris Stalingrad \u00bb: film pour ne pas se contenter des mises en sc\u00e8nes et discours officiel sur les migrants!<\/a> (Basta)<\/p>\n\n\n\n<p><a href=\"https:\/\/www.contretemps.eu\/1er-mai-2021-lettre-ouvrier-cgt-syndicalisme\/\">Retour sur le 1er mai 2021. Lettre d\u2019un ouvrier militant \u00e0 la CGT<\/a> (Contretemps)<\/p>\n\n\n\n<p><a href=\"https:\/\/lahorde.samizdat.net\/Jour-1-les-nazis-sont-gentils-les-antifas-sont-mechants\">Jour 1 : \u00ab\u00a0les nazis sont gentils, les antifas sont m\u00e9chants\u00a0\u00bb <\/a>(La Horde)<\/p>\n\n\n\n<p><a href=\"https:\/\/blogs.mediapart.fr\/jean-marc-b\/blog\/260521\/houria-bouteldja-kemi-seba-begaudeau-demission-du-pir-feminisme-video\">Houria Bouteldja : Kemi Seba, B\u00e9gaudeau, d\u00e9mission du PIR, f\u00e9minisme&#8230;-<\/a>vid\u00e9o<\/p>\n\n\n\n<figure class=\"wp-block-embed is-type-video is-provider-youtube wp-block-embed-youtube wp-embed-aspect-16-9 wp-has-aspect-ratio\"><div class=\"wp-block-embed__wrapper\">\n<iframe loading=\"lazy\" title=\"Houria Bouteldja : Kemi Seba, B\u00e9gaudeau, d\u00e9mission du PIR, f\u00e9minisme, Ramadan... Best-of Twitch\" width=\"1200\" height=\"675\" src=\"https:\/\/www.youtube.com\/embed\/ItoEDgXFX5s?feature=oembed\" frameborder=\"0\" allow=\"accelerometer; autoplay; clipboard-write; encrypted-media; gyroscope; picture-in-picture\" allowfullscreen><\/iframe>\n<\/div><\/figure>\n\n\n\n<p><a href=\"https:\/\/info.mediapart.fr\/optiext\/optiextension.dll?ID=qYZqYu9Wd_QfKAOgcxmC6VRmE4yBCq_3fUjOhySEz1T6lt8azC9hnC9MOkC%2BADGFsnzF0ohy5NS4AA3MJY_6ia%2BjRTM4t\">\u00abGr\u00e8ve ou cr\u00e8ve\u00bb, le combat en h\u00e9ritage<\/a> (T\u00ebnk &amp; Mediapart)<\/p>\n\n\n\n<p><a href=\"https:\/\/info.mediapart.fr\/optiext\/optiextension.dll?ID=qYZq0p_2t315JhKTaRb16lLO9PyjOLQGVXfweRITaNmCWosGyOmqlHf_b_Cmi5sbu%2BU2dxR1_OKbReGAVf%2B7U0WgNLOan\">Comment les socialistes pensaient la nation \u00e0 la Belle Epoque<\/a> (MDP)<\/p>\n\n\n\n<p><a href=\"https:\/\/info.mediapart.fr\/optiext\/optiextension.dll?ID=qYZq1vBHE%2B7aeJp83e0NiaWlWqJzRZE3ikQNYaAZcoRhbvpayiZWmMSBf8ImNP05m3stG_mPv_gg_uebhg6uq4Rd5k1qi\">Sortir de l\u2019incurie politique guid\u00e9e par la peur<\/a> &#8211;<a href=\"https:\/\/info.mediapart.fr\/optiext\/optiextension.dll?ID=qYZqX1tHM5UqJgslOZiKCiw1sIyfxkauvydkHB67rETw36oazPeYkQ%2BaLV9vumNpxP3yFbc4pdtbnqZrWvRsqgO1UD6WR\">Malik Salemkour<\/a><\/p>\n\n\n\n<p><a href=\"https:\/\/info.mediapart.fr\/optiext\/optiextension.dll?ID=qYZq0SInXOXvJvVTNf%2BZPnI_nr6QhOBvhDgjM8Y2vyBxF8WazKbyJCxO3Gb6K9JS6Wd7vmdVOjPJYDE5VolTKZn%2BGHQq6\">Contre le racisme, rejoignons-nous avant qu\u2019il ne soit trop tard\u202f!<\/a> -Rejoignons-nous<\/p>\n\n\n\n<p><a href=\"http:\/\/www.regards.fr\/la-revue-de-presse-de-lulu\/article\/la-revue-de-lulu-du-26-mai-2021\">La Revue de Lulu du 26 mai 2021<\/a> par Lucien Atencia (Regards)<\/p>\n\n\n\n<p><a href=\"https:\/\/valleesenlutte.org\/spip.php?article85\">Les Actus Lib\u00e9r\u00e9es (Radio Zinzine)<\/a> (Mutu)<\/p>\n\n\n\n<figure class=\"wp-block-image is-resized is-style-default\"><img data-recalc-dims=\"1\" loading=\"lazy\" decoding=\"async\" src=\"https:\/\/i0.wp.com\/static.politis.fr\/medias\/articles\/2021\/05\/les-dessins-de-la-semaine-daurel-barre-a-droite-et-sondages-43217\/image-43217.jpg?resize=313%2C433&#038;ssl=1\" alt=\"Les dessins de la semaine d'Aurel : barre \u00e0 droite et sondages\" width=\"313\" height=\"433\"\/><\/figure>\n\n\n\n<p><span class=\"has-inline-color has-vivid-red-color\"><strong>26 Mai en continu<\/strong><\/span><\/p>\n\n\n\n<p><a href=\"https:\/\/www.humanite.fr\/presidentielle-2022-la-deuxieme-reunion-de-la-gauche-debouche-sur-un-nouveau-statu-quo-708290#xtor=RSS-1\">Pr\u00e9sidentielle 2022. La deuxi\u00e8me r\u00e9union de la gauche d\u00e9bouche sur un nouveau statu quo<\/a> (L\u2019Humanit\u00e9)<\/p>\n\n\n\n<p><a href=\"https:\/\/lanticapitaliste.org\/actualite\/politique\/lextreme-droite-et-les-forces-de-repression-menacent-nos-libertes-organisons\">L\u2019extr\u00eame droite et les forces de r\u00e9pression menacent nos libert\u00e9s, organisons-nous !<\/a> (L\u2019Anticapitaliste)<\/p>\n\n\n\n<p><a href=\"http:\/\/www.regards.fr\/la-midinale\/article\/malik-salemkour-le-gouvernement-n-a-plus-confiance-dans-la-democratie\">Malik Salemkour (LDH) : \u00ab Le gouvernement n&rsquo;a plus confiance dans la d\u00e9mocratie \u00bb<\/a> (Regards)&nbsp;<\/p>\n\n\n\n<p><a href=\"https:\/\/info.mediapart.fr\/optiext\/optiextension.dll?ID=oSToS5aIlqdoHvgzGOtKEaTqHbBzKai0UsRS7JoSPYwnnuw_hZLdfKGdYrjuOzfQzcEyV%2BoVzpfopwXW6vxkn7wCL4bww\">Climat: \u00abMobilisations larges et luttes locales sont indissociables\u00bb<\/a> -vid\u00e9o (MDP)<\/p>\n\n\n\n<p><a href=\"https:\/\/tendanceclaire.org\/breve.php?id=38674\">Lettre publique sur la r\u00e9union \u00ab\u00a0des gauches et des \u00e9cologistes\u00a0\u00bb<\/a> -Eric Coquerel<\/p>\n\n\n\n<p><a href=\"https:\/\/www.revolutionpermanente.fr\/Ouverture-du-proces-Clement-Meric-Huit-ans-apres-le-combat-continue\">Ouverture du proc\u00e8s Cl\u00e9ment M\u00e9ric. Huit ans apr\u00e8s, le combat continue&nbsp;!<\/a> (RP)<\/p>\n\n\n\n<p><a href=\"https:\/\/blogs.mediapart.fr\/jean-marc-b\/blog\/250521\/marxisme-noir-francoise-verges-video-pas-de-quartier\">Marxisme noir &#8211; <\/a>Fran\u00e7oise Verg\u00e8s, vid\u00e9o Pas de Quartier<a href=\"https:\/\/blogs.mediapart.fr\/jean-marc-b\/blog\/250521\/marxisme-noir-francoise-verges-video-pas-de-quartier\">&nbsp;<\/a><\/p>\n\n\n\n<figure class=\"wp-block-embed is-type-video is-provider-youtube wp-block-embed-youtube wp-embed-aspect-16-9 wp-has-aspect-ratio\"><div class=\"wp-block-embed__wrapper\">\n<iframe loading=\"lazy\" title=\"Marxisme noir - Fran\u00e7oise Verg\u00e8s\" width=\"1200\" height=\"675\" src=\"https:\/\/www.youtube.com\/embed\/gPibrdXhh6s?feature=oembed\" frameborder=\"0\" allow=\"accelerometer; autoplay; clipboard-write; encrypted-media; gyroscope; picture-in-picture\" allowfullscreen><\/iframe>\n<\/div><\/figure>\n\n\n\n<p><a href=\"https:\/\/blogs.mediapart.fr\/jean-marc-b\/blog\/250521\/le-premier-terroriste-aerien-cest-la-france-du-socialiste-guy-mollet\">Le premier terroriste a\u00e9rien, c&rsquo;est la France du socialiste Guy Mollet <\/a>-Anti-K<\/p>\n\n\n\n<p><a href=\"https:\/\/blogs.mediapart.fr\/jean-marc-b\/blog\/250521\/rencontre-daniel-bachet-et-bernard-friot-video\">Rencontre Daniel Bachet et Bernard Friot &#8211;<\/a>vid\u00e9o<a href=\"https:\/\/blogs.mediapart.fr\/jean-marc-b\/blog\/250521\/rencontre-daniel-bachet-et-bernard-friot-video\">&nbsp;<\/a><\/p>\n\n\n\n<figure class=\"wp-block-embed is-type-video is-provider-youtube wp-block-embed-youtube wp-embed-aspect-16-9 wp-has-aspect-ratio\"><div class=\"wp-block-embed__wrapper\">\n<iframe loading=\"lazy\" title=\"Rencontre Daniel Bachet et Bernard Friot au cin\u00e9ma la Clef\" width=\"1200\" height=\"675\" src=\"https:\/\/www.youtube.com\/embed\/lEfC6VHKUV8?feature=oembed\" frameborder=\"0\" allow=\"accelerometer; autoplay; clipboard-write; encrypted-media; gyroscope; picture-in-picture\" allowfullscreen><\/iframe>\n<\/div><\/figure>\n\n\n\n<p><a href=\"https:\/\/lanticapitaliste.org\/evenement\/reunion-debat-en-ligne-mobilisation-culture-autogestion-et-enjeux-culturels\">R\u00e9union d\u00e9bat en ligne \u00ab\u00a0mobilisation culture, autogestion et enjeux culturels\u00a0\u00bb<\/a>(L\u2019Anticapitaliste)<\/p>\n\n\n\n<p><a href=\"https:\/\/agitations.net\/2021\/03\/28\/marx-et-la-theorie-de-lhistoire-communes-et-colonialisme\/\">Marx et la th\u00e9orie de l\u2019Histoire<\/a> (Agitations)<\/p>\n\n\n\n<p><a href=\"https:\/\/blogs.mediapart.fr\/jean-marc-b\/blog\/250521\/le-premier-terroriste-aerien-cest-la-france-du-socialiste-guy-mollet\">Le premier terroriste a\u00e9rien, c&rsquo;est la France du socialiste Guy Mollet <\/a>-Anti-K<\/p>\n\n\n\n<p><a href=\"https:\/\/info.mediapart.fr\/optiext\/optiextension.dll?ID=oSToQKrNwiwGQwPJ5S1cUF1Cq_U0nBY09ToueqZ3Xeso93SEgL3yUohFkPG2%2BwQUb0nM3Y_OTBaYtLNTCvw%2BnjubWQkMu\">Les GAFAM \u00e9chappent au RGPD, la CNIL complice<\/a> &#8211; La Quadrature Du Net<\/p>\n\n\n\n<p><a href=\"https:\/\/info.mediapart.fr\/optiext\/optiextension.dll?ID=oSToOU3siD6cZrqHvilZhF4XLIGCSrAjB_qCqlOrAY4DEEP_h6KWRIoqFkOoZQIlEorK%2BEK7t9P_lsGDRqO9dd4goW5EE\">Ultradroite: un antif\u00e9minisme vecteur du terrorisme<\/a> (MDP)<\/p>\n\n\n\n<p><a href=\"https:\/\/info.mediapart.fr\/optiext\/optiextension.dll?ID=oSToVww%2Bzs%2B1kBGqP37fzOKJZGZjEqkTrwXrhYsj5N6QmTxEhrT0HxrQpkIyoKYR2V_xuYOHFE7gYikBsiY190fm7Gx27\">Oh My Doc! Le label du documentaire lanc\u00e9 par Mediapart et quatre autres partenaires<\/a> (MDP)<\/p>\n\n\n\n<p><a href=\"https:\/\/www.saphirnews.com\/A-Nice-la-mosquee-En-Nour-saccagee-elle-en-appelle-a-plus-de-securite_a28122.html\">A Nice, la mosqu\u00e9e En-Nour saccag\u00e9e, elle en appelle \u00e0 plus de s\u00e9curit\u00e9<\/a> par Myriam Attaf (SaphirNews.com)<\/p>\n\n\n\n<p><a href=\"https:\/\/reflets.info\/articles\/allez-pu-putsch-panier-les-pattes-en-rond\">Allez, pu-putsch panier, pa-pattes en rond !<\/a> eflets.info)<\/p>\n\n\n\n<p><a href=\"https:\/\/www.contretemps.eu\/commune-paris-lowy\/\">La Commune de Paris: un saut de tigre dans le pass\u00e9<\/a> (Contretemps)<\/p>\n\n\n\n<figure class=\"wp-block-image size-large is-resized is-style-default\"><img data-recalc-dims=\"1\" loading=\"lazy\" decoding=\"async\" src=\"https:\/\/i0.wp.com\/www.rdpemancipation.org\/wp-content\/uploads\/2021\/05\/Politiciens-lv-puu.jpg?resize=479%2C518&#038;ssl=1\" alt=\"\" class=\"wp-image-31173\" width=\"479\" height=\"518\" srcset=\"https:\/\/i0.wp.com\/www.rdpemancipation.org\/wp-content\/uploads\/2021\/05\/Politiciens-lv-puu.jpg?w=720&amp;ssl=1 720w, https:\/\/i0.wp.com\/www.rdpemancipation.org\/wp-content\/uploads\/2021\/05\/Politiciens-lv-puu.jpg?resize=278%2C300&amp;ssl=1 278w\" sizes=\"auto, (max-width: 479px) 100vw, 479px\" \/><\/figure>\n\n\n\n<p><span class=\"has-inline-color has-vivid-red-color\"><strong>25 Mai en continu<\/strong><\/span><\/p>\n\n\n\n<p><a href=\"https:\/\/blogs.mediapart.fr\/jean-marc-b\/blog\/240521\/fury-room-par-frederic-lordon\">Fury room &#8211;<\/a>Fr\u00e9d\u00e9ric Lordon&nbsp;<\/p>\n\n\n\n<p><a href=\"https:\/\/info.mediapart.fr\/optiext\/optiextension.dll?ID=JbaJdxTjWdQaBSy7PbjH0F1WdWqFUf8Bh7EMuLEmjnSvdjGZRhQApvZnTobGBCWrZqnyxOJV7_hhxPgqZ6LX8sCWLms7J\">Usul. Macron ringardis\u00e9 par Joe Biden<\/a> -MDP<\/p>\n\n\n\n<p><a href=\"https:\/\/info.mediapart.fr\/optiext\/optiextension.dll?ID=JbaJewCUm3S074_YUzUwOw7DwoU0s41Rcq%2Bam86GyIhxpSxZR3%2BySmww%2BRquwaUQtwOCgt8RRS%2Bf5BQfMTjZvQ_J8gjZ6\">La France de 2021: une configuration fasciste en puissance? (1\/2)<\/a> -Th\u00e9o R. et Mathurin S.<\/p>\n\n\n\n<p><a href=\"https:\/\/tendanceclaire.org\/breve.php?id=38672\">Sortir du capitalisme pour accueillir des migrants &#8211; <\/a>Bernard Friot<\/p>\n\n\n\n<p><a href=\"https:\/\/www.boursorama.com\/videos\/actualites\/tweet-de-gerald-darmanin-audrey-pulvar-porte-plainte-pour-denonciation-calomnieuse-2b62b9be2c38c9c665c5cdefad930b6f\">Tweet de G\u00e9rald Darmanin: Audrey Pulvar porte plainte pour \u00ab\u00a0d\u00e9nonciation calomnieuse\u00a0\u00bb<\/a> (AFP)<\/p>\n\n\n\n<p><a href=\"https:\/\/info.mediapart.fr\/optiext\/optiextension.dll?ID=JbaJdYgcuIIPLo_CrLcX4Fg%2B5XrBg0lN_3gvk6j7m4UZwQSZQPO9s3F8l2r6KIfuDeUD_D6%2BtLiPwshrvQOvbcrWDFv7a\">Le grand n\u2019importe quoi Darmanin<\/a> (MDP)<\/p>\n\n\n\n<figure class=\"wp-block-image is-resized is-style-default\"><img data-recalc-dims=\"1\" loading=\"lazy\" decoding=\"async\" src=\"https:\/\/i0.wp.com\/static.mediapart.fr\/etmagine\/default\/files\/2021\/05\/24\/21-5-24-darmanin-castex.jpg?resize=345%2C398&#038;ssl=1\" alt=\"21-5-24-darmanin-castex\" width=\"345\" height=\"398\"\/><\/figure>\n\n\n\n<p><a href=\"https:\/\/lanticapitaliste.org\/ue2021\">13e universit\u00e9 d\u2019\u00e9t\u00e9 du NPA<\/a> (L\u2019Anticapitaliste)<\/p>\n\n\n\n<p><a href=\"https:\/\/www.revolutionpermanente.fr\/Daniele-Obono-taxee-d-antisemite-pour-avoir-denonce-l-Etat-d-Israel-un-amalgame-inacceptable\">Dani\u00e8le Obono tax\u00e9e d\u2019antis\u00e9mite pour avoir d\u00e9nonc\u00e9 l\u2019\u00c9tat d\u2019Isra\u00ebl&nbsp;: un amalgame inacceptable&nbsp;!<\/a> (RP)<\/p>\n\n\n\n<p><a href=\"https:\/\/www.revolutionpermanente.fr\/Le-greenwashing-de-Djebbari-les-biocarburants-vont-ils-rendre-l-avion-ecolo\">Le greenwashing de Djebbari&nbsp;: les biocarburants vont-ils rendre l\u2019avion \u00e9colo&nbsp;?&nbsp;<\/a>(RP)<\/p>\n\n\n\n<p><a href=\"https:\/\/lvsl.fr\/le-populisme-une-reaction-a-lacceleration-liberale\/\">Le populisme : une r\u00e9action \u00e0 l\u2019acc\u00e9l\u00e9ration lib\u00e9rale?<\/a> (Le Vent Se L\u00e8ve)<\/p>\n\n\n\n<p><a href=\"http:\/\/www.regards.fr\/la-revue-de-presse-de-lulu\/article\/la-revue-de-lulu-du-24-mai-2021\">La Revue de Lulu du 24 mai 2021<\/a> par Lucien Atencia (Regards)<\/p>\n\n\n\n<figure class=\"wp-block-image size-large is-style-default\"><img data-recalc-dims=\"1\" loading=\"lazy\" decoding=\"async\" width=\"1024\" height=\"1024\" src=\"https:\/\/i0.wp.com\/www.rdpemancipation.org\/wp-content\/uploads\/2021\/05\/image-165.png?resize=1024%2C1024&#038;ssl=1\" alt=\"\" class=\"wp-image-31080\" srcset=\"https:\/\/i0.wp.com\/www.rdpemancipation.org\/wp-content\/uploads\/2021\/05\/image-165.png?resize=1024%2C1024&amp;ssl=1 1024w, https:\/\/i0.wp.com\/www.rdpemancipation.org\/wp-content\/uploads\/2021\/05\/image-165.png?resize=300%2C300&amp;ssl=1 300w, https:\/\/i0.wp.com\/www.rdpemancipation.org\/wp-content\/uploads\/2021\/05\/image-165.png?resize=150%2C150&amp;ssl=1 150w, https:\/\/i0.wp.com\/www.rdpemancipation.org\/wp-content\/uploads\/2021\/05\/image-165.png?resize=768%2C768&amp;ssl=1 768w, https:\/\/i0.wp.com\/www.rdpemancipation.org\/wp-content\/uploads\/2021\/05\/image-165.png?w=1080&amp;ssl=1 1080w\" sizes=\"auto, (max-width: 1024px) 100vw, 1024px\" \/><\/figure>\n\n\n\n<p><span class=\"has-inline-color has-vivid-red-color\"><strong>24 Mai en continu<\/strong><\/span><\/p>\n\n\n\n<p><a href=\"https:\/\/www.boursorama.com\/videos\/actualites\/paris-rassemblement-de-soutien-au-peuple-palestinien-43ab473be49b51767df968043eb76ade\">Paris: rassemblement de soutien au peuple palestinien<\/a> (AFP vid\u00e9o)<\/p>\n\n\n\n<p><a href=\"https:\/\/www.frustrationmagazine.fr\/politique-police-victimaire\/\">Quand la classe politique se couche devant la police et ses d\u00e9lires victimaires<\/a> (Frustration magazine)<\/p>\n\n\n\n<p><a href=\"https:\/\/www.lemonde.fr\/les-decodeurs\/article\/2021\/05\/20\/mode-de-scrutin-enjeux-politiques-domaines-de-competence-comment-fonctionnent-les-elections-regionales_6080873_4355770.html\">Mode de scrutin, enjeux politiques, domaines de comp\u00e9tence&nbsp;:dans les \u00e9lections r\u00e9gionales<\/a> (Le Monde)<\/p>\n\n\n\n<p><a href=\"https:\/\/info.mediapart.fr\/optiext\/optiextension.dll?ID=2uv2wtoFNqYVRIoQxY4MuKB8KTGNZmoaySzcucZ1L2I3nMwg_XP1bxuv6nyEdZiMGSemRLXB11eGbuPhZaxW_46BrxuMI\">Ultradroite: anatomie d\u2019une nouvelle menace terroriste<\/a> (MDP)<\/p>\n\n\n\n<figure class=\"wp-block-image is-resized is-style-default\"><img data-recalc-dims=\"1\" loading=\"lazy\" decoding=\"async\" src=\"https:\/\/i0.wp.com\/static.mediapart.fr\/etmagine\/default\/files\/2021\/05\/21\/capture-d-ecran-2021-05-21-a-13-33-27.png?resize=480%2C258&#038;ssl=1\" alt=\"Capture d'\u00e9crans d'une vid\u00e9o des Barjols. \u00a9 Document Mediapart\" width=\"480\" height=\"258\" title=\"Capture d'\u00e9crans d'une vid\u00e9o des Barjols. \u00a9 Document Mediapart\"\/><\/figure>\n\n\n\n<p><a href=\"https:\/\/www.humanite.fr\/moins-dun-de-la-presidentielle-lr-au-bord-du-precipice-707597#xtor=RSS-1\">\u00c0 moins d\u2019un an de la pr\u00e9sidentielle, LR au bord du pr\u00e9cipice<\/a> (L\u2019Humanit\u00e9)<\/p>\n\n\n\n<p><a href=\"https:\/\/tendanceclaire.org\/breve.php?id=38666\">Une islamophobie \u00e0 peine voil\u00e9e<\/a> (CQFD)<\/p>\n\n\n\n<p><span class=\"has-inline-color has-vivid-red-color\"><strong>23 Mai en continu<\/strong><\/span><\/p>\n\n\n\n<p><a href=\"https:\/\/info.mediapart.fr\/optiext\/optiextension.dll?ID=E89E8ZEZJqYh_V4LUzUsyVrIHHyIlov2WRd_JANmOI0oYy1oxQgUvH3ZAtu4OZQH_Ji%2B9vnBCAt3eMILQzk%2BGKdc_bl2t\">A Nice, Estrosi soutient les policiers contre l\u2019Etat de droit<\/a> (MDP)<\/p>\n\n\n\n<p><a href=\"https:\/\/blogs.mediapart.fr\/jean-pierre-anselme\/blog\/210521\/un-quotidien-allemand-salarme-de-la-montee-du-fascisme-en-france\">Un quotidien allemand s&rsquo;alarme de la mont\u00e9e du fascisme en France<\/a> -Jean-Pierre Anselme<\/p>\n\n\n\n<figure class=\"wp-block-image is-resized is-style-default\"><img data-recalc-dims=\"1\" loading=\"lazy\" decoding=\"async\" src=\"https:\/\/i0.wp.com\/static.mediapart.fr\/etmagine\/default\/files\/2021\/05\/21\/plats-fascsites.jpg?resize=344%2C229&#038;ssl=1\" alt=\" \u00a9 DR\" width=\"344\" height=\"229\" title=\" \u00a9 DR\"\/><\/figure>\n\n\n\n<p><a href=\"https:\/\/www.blast-info.fr\/articles\/2021\/les-ombres-de-francois-mitterrand-D7Au7ETqSASFyCW63RhORA\">Les ombres de Fran\u00e7ois Mitterrand<\/a> (Blast)<\/p>\n\n\n\n<figure class=\"wp-block-image is-resized is-style-default\"><img data-recalc-dims=\"1\" loading=\"lazy\" decoding=\"async\" src=\"https:\/\/i0.wp.com\/static.blast-info.fr\/attachments\/stories\/2021\/D7Au7ETqSASFyCW63RhORA\/attachment-4PPmUGYjRC-Jl7QMtgzCdw.jpg?resize=333%2C442&#038;ssl=1\" alt=\"\" width=\"333\" height=\"442\"\/><\/figure>\n\n\n\n<p><a href=\"https:\/\/info.mediapart.fr\/optiext\/optiextension.dll?ID=E89E_XyPsur8meurPkWtAff8EDWXgH18G1fY_sx_pnJhiScoxUVMNz8_ZD6jQhl70E35UWHGFAqpkOt%2BrUUlzo_lKLgMm\">Ami, entends-tu\u2026<\/a>&#8211; Marc Dumont MD<\/p>\n\n\n\n<figure class=\"wp-block-image is-resized is-style-default\"><img data-recalc-dims=\"1\" loading=\"lazy\" decoding=\"async\" src=\"https:\/\/i0.wp.com\/lepoing.net\/wp-content\/uploads\/2021\/04\/jerc-caricature-Olivier-Faure-Yannick-Jadot-en-route-pour-les-presidentielle-st-2021-04-20-le-poing-9c9d1356-500x375.jpg?resize=452%2C339&#038;ssl=1\" alt=\"\" width=\"452\" height=\"339\"\/><\/figure>\n\n\n\n<p><a href=\"https:\/\/reporterre.net\/Journal-independant-a-Marseille-Le-Ravi-a-besoin-d-aide\">Journal ind\u00e9pendant \u00e0 Marseille, Le Ravi a besoin d&rsquo;aide<\/a> ( Reporterre )<\/p>\n\n\n\n<p><a href=\"https:\/\/info.mediapart.fr\/optiext\/optiextension.dll?ID=E89E5qHmBP0_8JdC0bz9zovbIFqiVKeQvy4zcxYSrfQr9qyUwjCrm2_VJcDwrdi7aABS70Mry3zajVo5enODwJN%2BFS1Ut\">Charles Delescluze, le journaliste citoyen de la Commune<\/a> (MDP)<\/p>\n\n\n\n<p><a href=\"http:\/\/cadtm.org\/Eric-Toussaint-Durant-la-Commune-de-Paris-il-fallait-prendre-physiquement-la\">Commune de Paris: il fallait prendre physiquement la Banque de France<\/a> (CADTM)&nbsp;<\/p>\n\n\n\n<figure class=\"wp-block-image is-resized is-style-default\"><img data-recalc-dims=\"1\" loading=\"lazy\" decoding=\"async\" src=\"https:\/\/i0.wp.com\/lepoing.net\/wp-content\/uploads\/2021\/04\/5254AB5A-722A-4D14-876B-0A9EC792E352-6dda8d79-500x500.jpeg?resize=348%2C348&#038;ssl=1\" alt=\"\" width=\"348\" height=\"348\"\/><\/figure>\n\n\n\n<p><span class=\"has-inline-color has-vivid-red-color\"><strong>22 Mai en continu<\/strong><\/span><\/p>\n\n\n\n<p><a href=\"https:\/\/www.saphirnews.com\/Un-cessez-le-feu-negocie-pour-Gaza-des-manifs-sous-conditions-autorisees-a-Paris_a28116.html\">Un cessez-le-feu n\u00e9goci\u00e9 pour Gaza, des manifs sous conditions autoris\u00e9es \u00e0 Paris<\/a> (SaphirNews)<\/p>\n\n\n\n<p><a href=\"https:\/\/info.mediapart.fr\/optiext\/optiextension.dll?ID=kOPkVVdjG_3nDD7aVv_XXL61LysH0vTFHkAL8Hgud9hawOtAdr_0Aq8GAamLi0zmBgICKl0uw9Un50rIcWxodmZa30zs3\">\u00abS\u00e9curit\u00e9 globale\u00bb: le rappel du Conseil constitutionnel aux libert\u00e9s fondamentales<\/a> (MDP)<\/p>\n\n\n\n<p><a href=\"https:\/\/lepoing.net\/loi-securite-globale-apres-la-censure-que-reste-t-il-du-texte-liberticide-et-du-conseil-constitutionnel\/\">Loi s\u00e9curit\u00e9 globale : apr\u00e8s la censure, que reste-t-il du texte liberticide (et du Conseil Constitutionnel ) ?<\/a> ( Le Poing)<\/p>\n\n\n\n<p><a href=\"https:\/\/info.mediapart.fr\/optiext\/optiextension.dll?ID=kOPkV8XzQzptbG51on79v9x9NPyi0Op6y2FaCavj9uBLIFg6cPKpTP5qtQiycJRfpkHDsM5Kg0TTOZ6G8yVSdrmErK1sm\">Le gilet jaune Fr\u00e9d\u00e9ric Vuillaume relax\u00e9 pour la troisi\u00e8me fois<\/a> -Guillaume Clerc (Factuel.info)<\/p>\n\n\n\n<figure class=\"wp-block-image is-resized is-style-default\"><img data-recalc-dims=\"1\" loading=\"lazy\" decoding=\"async\" src=\"https:\/\/i0.wp.com\/static.mediapart.fr\/etmagine\/default\/files\/2021\/05\/21\/vuillaume-2.jpg?resize=417%2C313&#038;ssl=1\" alt=\"Fr\u00e9d\u00e9ric Vuillaume, \u00e0 sa sortie du tribunal de Dijon, le jeudi 20 mai 2021. \u00a9 GC\" width=\"417\" height=\"313\" title=\"Fr\u00e9d\u00e9ric Vuillaume, \u00e0 sa sortie du tribunal de Dijon, le jeudi 20 mai 2021. \u00a9 GC\"\/><\/figure>\n\n\n\n<p><a href=\"https:\/\/www.mediapart.fr\/journal\/france\/210521\/cette-semaine-dans-l-air-libre\">Cette semaine dans \u00abA l\u2019air libre\u00bb<\/a> (M\u00e9diapart)<\/p>\n\n\n\n<p><a href=\"https:\/\/lepoing.net\/le-week-end-de-pentecote-un-week-end-de-convergence-des-luttes\/\">Le week-end de Pentec\u00f4te, un week\u2013end de convergence des luttes ?<\/a> &#8211; Le Poing<\/p>\n\n\n\n<p><a href=\"https:\/\/www.arretsurimages.net\/chroniques\/le-matinaute\/justice-dupond-contre-moretti\">Justice : Dupond contre Moretti<\/a> (Arr\u00eat sur images)<\/p>\n\n\n\n<p><a href=\"http:\/\/www.regards.fr\/la-revue-de-presse-de-lulu\/article\/la-revue-de-lulu-du-21-mai-2021\">La Revue de Lulu du 21 mai 2021<\/a> par Lucien Atencia (Regards)&nbsp;<\/p>\n\n\n\n<p><a href=\"https:\/\/www.boursorama.com\/actualite-economique\/actualites\/la-cour-des-comptes-egratigne-la-politique-gouvernementale-en-faveur-des-associations-4c11359bed9a68738fcdff4b6d0a74ba\">La Cour des comptes \u00e9gratigne la politique gouvernementale en faveur des associations<\/a> (AFP)<\/p>\n\n\n\n<p><a href=\"https:\/\/www.bastamag.net\/La-gauche-devrait-arreter-de-se-focaliser-sur-la-prise-du-pouvoir-par-les-urnes-Samuel-Hayat-Democratie-pouvoir-du-peuple\">\u00ab La gauche devrait arr\u00eater de se focaliser sur la prise du pouvoir par les urnes \u00bb<\/a> (Basta&nbsp;!)<\/p>\n\n\n\n<p><a href=\"https:\/\/www.boursorama.com\/actualite-economique\/actualites\/le-rn-ennemi-des-libertes-syndicales-attaque-laurent-escure-unsa-c3ed7a5ee84089e7a602a7d0fca2c43c\">Le RN, \u00ab\u00a0ennemi des libert\u00e9s syndicales\u00a0\u00bb, attaque Laurent Escure (Unsa)<\/a> (AFP)<\/p>\n\n\n\n<p><a href=\"https:\/\/www.boursorama.com\/actualite-economique\/actualites\/le-pnf-enquete-sur-des-soupcons-de-favoritisme-autour-de-l-application-stopcovid-ee3bc79c268a929ee2cbfa0586ad1de8\">Le PNF enqu\u00eate sur des soup\u00e7ons de \u00ab\u00a0favoritisme\u00a0\u00bb autour de l&rsquo;application StopCovid<\/a> (AFP)<\/p>\n\n\n\n<p><a href=\"https:\/\/dieses.fr\/revue-du-web-21-mai\">Revue du web (21 mai)<\/a> par di\u00e8ses<\/p>\n\n\n\n<p><a href=\"https:\/\/info.mediapart.fr\/optiext\/optiextension.dll?ID=kOPkUaFMtsy8A_25g1ODr_IMCGe4b0k1Ezn2t_TR271gdczAcR1fbkKTGVx_jIi4dpb2Egvz0e2f%2B94%2BBM0m96JgyL8c3\">Marine Le Pen: l\u2019autre candidate des riches<\/a> &#8211; Ruffin Fran\u00e7ois<\/p>\n\n\n\n<p><a href=\"https:\/\/info.mediapart.fr\/optiext\/optiextension.dll?ID=kOPkO3RcSGzbSJIo_0T5hhxbxis6ATGyRDlp9quGSk0iF5fAcrZSlp8Q16t3CmBOnx%2BlQyD5kRm90%2BvhWdKRYci5LnLQz\">La mondialisation dans un flacon<\/a> &#8211; G\u00e9ographies en mouvement<\/p>\n\n\n\n<p><a href=\"https:\/\/info.mediapart.fr\/optiext\/optiextension.dll?ID=kOPkVBPxuatuuQqzuobs_ABeF9JaL3Y4_iMRWwQhmALKgkU6cpfSRNqwYJFKLD0bZELow5U0fnaBY6_az10dWVN0SRvcN\">Le travailleur immigr\u00e9, \u00abmachine humaine, qui fait tout pour presque rien\u00bb<\/a>&#8211; <a href=\"https:\/\/info.mediapart.fr\/optiext\/optiextension.dll?ID=lPOlSVC9DJyLlgJ8f1KMwZ62h7tirX7oWcdt05LgJu8if5S7cPv_kNC4x4cl69A1ghRPoteKBTYWahk3uFkVHnaSZEpZ_\">T<\/a>\u00ebnk<\/p>\n\n\n\n<p><a href=\"https:\/\/info.mediapart.fr\/optiext\/optiextension.dll?ID=kOPkTcyqPVAsYHobvwGhIl5sjv6RF_eMBYBCPREv4NDyytb6d3lu1jpOLnSwlFGSHZ2%2B0I1MUP2jP0PWnGlh6nc80f5Ah\">Comment les socialistes pensaient la nation \u00e0 la Belle Epoque<\/a> (MDP)<\/p>\n\n\n\n<p><a href=\"https:\/\/www.revue-ballast.fr\/labecedaire-dandre-gorz\/\">L\u2019ab\u00e9c\u00e9daire d\u2019Andr\u00e9 Gorz<\/a> (Ballast)<\/p>\n\n\n\n<p><a href=\"https:\/\/lenumerozero.mediaslibres.org\/Le-21-mai-1871-debute-la-Semaine-sanglante-5229\">Le 21&nbsp;mai 1871 d\u00e9bute la Semaine sanglante<\/a> (Mutu)<\/p>\n\n\n\n<p><a href=\"https:\/\/blogs.mediapart.fr\/jean-marc-b\/blog\/210521\/louise-michel-la-revolutionnaire-revee\">Louise Michel : la r\u00e9volutionnaire r\u00eav\u00e9e <\/a>-vid\u00e9o<\/p>\n\n\n\n<figure class=\"wp-block-embed is-type-video is-provider-youtube wp-block-embed-youtube wp-embed-aspect-4-3 wp-has-aspect-ratio\"><div class=\"wp-block-embed__wrapper\">\n<iframe loading=\"lazy\" title=\"Louise Michel : la r\u00e9volutionnaire r\u00eav\u00e9e\" width=\"1200\" height=\"900\" src=\"https:\/\/www.youtube.com\/embed\/9MmXIDxwKfg?feature=oembed\" frameborder=\"0\" allow=\"accelerometer; autoplay; clipboard-write; encrypted-media; gyroscope; picture-in-picture\" allowfullscreen><\/iframe>\n<\/div><\/figure>\n\n\n\n<figure class=\"wp-block-image is-resized is-style-default\"><img data-recalc-dims=\"1\" loading=\"lazy\" decoding=\"async\" src=\"https:\/\/i0.wp.com\/manif-est.info\/local\/cache-vignettes\/L650xH991\/21_mai_-_1_prairial_an_79-b51d7.jpg?resize=495%2C755&#038;ssl=1\" alt=\"JPEG - 4\u00a0Mo\" width=\"495\" height=\"755\"\/><\/figure>\n\n\n\n<p><span class=\"has-inline-color has-vivid-red-color\"><strong>21 Mai en continu<\/strong><\/span><\/p>\n\n\n\n<p><a href=\"https:\/\/blogs.mediapart.fr\/jean-marc-b\/blog\/200521\/le-12-juin-mobilisons-pour-les-libertes-et-contre-les-idees-d-extreme-droite\">Le 12 juin : mobilisons pour les libert\u00e9s et contre les id\u00e9es d\u2019extr\u00eame-droite ! <\/a>-Collectif<\/p>\n\n\n\n<p><a href=\"https:\/\/www.boursorama.com\/actualite-economique\/actualites\/le-ps-et-le-pcf-surfent-sur-les-thematiques-d-extreme-droite-denonce-alexis-corbiere-bb3779e03ed712a6f424ae013c73fbdc\">Le PS et le PCF surfent sur les \u00ab\u00a0th\u00e9matiques d&rsquo;extr\u00eame-droite\u00a0\u00bb, d\u00e9nonce Alexis Corbi\u00e8re<\/a> (Boursorama)<\/p>\n\n\n\n<figure class=\"wp-block-image size-large is-resized is-style-default\"><img data-recalc-dims=\"1\" loading=\"lazy\" decoding=\"async\" src=\"https:\/\/i0.wp.com\/www.rdpemancipation.org\/wp-content\/uploads\/2021\/05\/188643354_943779333052821_1509722071405172794_n.jpg?resize=369%2C437&#038;ssl=1\" alt=\"\" class=\"wp-image-30697\" width=\"369\" height=\"437\" srcset=\"https:\/\/i0.wp.com\/www.rdpemancipation.org\/wp-content\/uploads\/2021\/05\/188643354_943779333052821_1509722071405172794_n.jpg?resize=865%2C1024&amp;ssl=1 865w, https:\/\/i0.wp.com\/www.rdpemancipation.org\/wp-content\/uploads\/2021\/05\/188643354_943779333052821_1509722071405172794_n.jpg?resize=253%2C300&amp;ssl=1 253w, https:\/\/i0.wp.com\/www.rdpemancipation.org\/wp-content\/uploads\/2021\/05\/188643354_943779333052821_1509722071405172794_n.jpg?resize=768%2C909&amp;ssl=1 768w, https:\/\/i0.wp.com\/www.rdpemancipation.org\/wp-content\/uploads\/2021\/05\/188643354_943779333052821_1509722071405172794_n.jpg?resize=1298%2C1536&amp;ssl=1 1298w, https:\/\/i0.wp.com\/www.rdpemancipation.org\/wp-content\/uploads\/2021\/05\/188643354_943779333052821_1509722071405172794_n.jpg?w=1730&amp;ssl=1 1730w\" sizes=\"auto, (max-width: 369px) 100vw, 369px\" \/><\/figure>\n\n\n\n<p><a href=\"http:\/\/www.regards.fr\/la-midinale\/article\/aurelie-trouve-les-idees-de-la-gauche-et-de-l-ecologie-sont-majoritaires\">Aur\u00e9lie Trouv\u00e9 : \u00ab Les id\u00e9es de la gauche et de l&rsquo;\u00e9cologie sont majoritaires \u00bb<\/a> (Regards)<\/p>\n\n\n\n<p><a href=\"http:\/\/www.slate.fr\/story\/209198\/presidentielle-2022-vote-ouvrier-classe-ouvriere-communisme-pcf-extreme-droite-lepen\">Comment la gauche a perdu, en trente ans, le vote ouvrier<\/a> (Slate)<\/p>\n\n\n\n<p><a href=\"https:\/\/reporterre.net\/Le-soutien-de-Yannick-Jadot-a-la-manifestation-policiere-embarrasse-les-ecolos\">Le soutien de Yannick Jadot \u00e0 la manifestation polici\u00e8re embarrasse les \u00e9colos<\/a> (Reporterre)<\/p>\n\n\n\n<p><a href=\"https:\/\/www.factuel.info\/lex-article-24-de-la-loi-de-securite-globale-censure-par-le-conseil-constitutionnel\">L\u2019(ex-)article 24 de la \u00ab loi de s\u00e9curit\u00e9 globale \u00bb censur\u00e9 par le Conseil Constitutionnel<\/a> (Factuel.info)<\/p>\n\n\n\n<p><a href=\"https:\/\/blogs.mediapart.fr\/jean-marc-b\/blog\/190521\/la-france-ne-se-droitise-pas-mais-ses-medias-et-politiciens-si\">La France ne se \u00ab\u00a0droitise\u00a0\u00bb pas,&nbsp;mais ses medias et politiciens, si ! <\/a>(LI)<\/p>\n\n\n\n<p><a href=\"https:\/\/blogs.mediapart.fr\/jean-marc-b\/blog\/200521\/debat-natacha-polony-francois-begaudeau-eelections-presidentielles-republique\">D\u00e9bat Natacha Polony \/ Fran\u00e7ois B\u00e9gaudeau: E\u00e9lections pr\u00e9sidentielles, R\u00e9publique&#8230; <\/a>-vid\u00e9o<\/p>\n\n\n\n<p><a href=\"https:\/\/www.contretemps.eu\/journal-commune-13-mai-1871\/\">La Commune au jour le jour. Samedi 13 mai 1871<\/a> par Contretemps<\/p>\n\n\n\n<p><a href=\"https:\/\/info.mediapart.fr\/optiext\/optiextension.dll?ID=u23uYOAtnJ4lOh3KvTbsbg_qnVYDz49UhDOZh_wP9ZLgjpkKCVvUiw5IRoUc37HblYbok32iifj2k74cOv7YMNboz4lus\">Etat de droit: la nouvelle d\u00e9ch\u00e9ance du Parti socialiste<\/a> (MDP)<\/p>\n\n\n\n<p><a href=\"https:\/\/info.mediapart.fr\/optiext\/optiextension.dll?ID=u23u2%2BH_fgnFo6gVf7_S20oRoh96zCTvcT82rXwdW1nMq2WeDWBA%2B8KDVaIrOzx5V8EtK0kW7V%2BNDODNl5oflm5XsD8SU\">En Ile-de-France, la charte de la la\u00efcit\u00e9 a tout d\u2019une coquille vide<\/a> (MDP)<\/p>\n\n\n\n<p><a href=\"https:\/\/info.mediapart.fr\/optiext\/optiextension.dll?ID=u23uXPXrtWXqdF1QGU%2BtQrpSIetenhanto9sls%2Bq7jzdMRueDCYpFpGo5BnTGmoLifRL1iWY2sN2cJqzP4oP5DsMGuZ8w\">En marche forc\u00e9e vers Uber Psy!<\/a> &#8211; Royer Benjamin<\/p>\n\n\n\n<figure class=\"wp-block-image is-resized is-style-default\"><img loading=\"lazy\" decoding=\"async\" src=\"https:\/\/scontent.fsti4-2.fna.fbcdn.net\/v\/t1.6435-0\/p180x540\/188084163_1683067601881307_4934848411326738774_n.jpg?_nc_cat=102&amp;ccb=1-3&amp;_nc_sid=8bfeb9&amp;_nc_ohc=g2YjFdvKswIAX-JuHEz&amp;_nc_oc=AQkeMHbPwZ4C9ymsIjtjYna6aqAdv-YXa53-bojtYP-LZJ9IRWR92imB2c4ZR7deT0Q&amp;_nc_ht=scontent.fsti4-2.fna&amp;tp=6&amp;oh=3c593a8e4a3db3a45fc24178e5090259&amp;oe=60CBA193\" alt=\"Peut \u00eatre une image de 1 personne et texte qui dit \u2019SOUTENONS LES SALARIES ANS-PAPIERS DE LA MAIRIE DE SEVRES ARIESAA IM ILS ONT FAIT 1 ANIDE GREVE, EXIGEONS LEUR REGULARISATION\u2019\" width=\"360\" height=\"372\"\/><\/figure>\n\n\n\n<p><span class=\"has-inline-color has-vivid-red-color\"><strong>20 Mai en continu<\/strong><\/span><\/p>\n\n\n\n<p><a href=\"https:\/\/blogs.mediapart.fr\/jean-marc-b\/blog\/190521\/je-n-irai-pas-manifester-aupres-des-policiers-elsa-faucillon-deputee-pcf\">\u00a0\u00bb Je n\u2019irai pas manifester aupr\u00e8s des policiers\u00a0\u00bb &#8211; Elsa Faucillon, d\u00e9put\u00e9e PCF<\/a><\/p>\n\n\n\n<p><a href=\"https:\/\/info.mediapart.fr\/optiext\/optiextension.dll?ID=kOPkSri2HIgnSNcwnfHWDjJUzviEJNx%2BW11d9IGZ7PsdvoUAcwmL1XcvBntsu18kQCt1mHJAWoXcSbxot7e8z94pjjfIL\">La police charge la justice, le PS et le PC au garde-\u00e0-vous<\/a> (MDP)<\/p>\n\n\n\n<figure class=\"wp-block-image is-resized is-style-default\"><img data-recalc-dims=\"1\" loading=\"lazy\" decoding=\"async\" src=\"https:\/\/i0.wp.com\/la-bas.org\/IMG\/nl\/2399\/72c3ce037c6fb3e9dc4cae1547d23176.fixed.jpg?resize=376%2C430&#038;ssl=1\" alt=\"\" width=\"376\" height=\"430\"\/><\/figure>\n\n\n\n<p><a href=\"https:\/\/www.revolutionpermanente.fr\/PCF-PS-EELV-la-gauche-institutionnelle-s-ecrase-derriere-les-syndicats-de-police-et-Darmanin\">PCF, PS, EELV&nbsp;: la gauche institutionnelle s\u2019\u00e9crase derri\u00e8re les syndicats de police et Darmanin<\/a> (RP)<\/p>\n\n\n\n<p><a href=\"https:\/\/info.mediapart.fr\/optiext\/optiextension.dll?ID=kOPkTjgIBbtuV5_z%2B7vKGlK_oeB1j7E0vBETPqxzgLfVsvNAciV7fp9shy8eQsXtHOESDyTobysjyX48zyuQw5J%2Brpysg\">Premiers flics de France&#8230;<\/a>( Syndicat de la magistrature )<\/p>\n\n\n\n<p><a href=\"https:\/\/info.mediapart.fr\/optiext\/optiextension.dll?ID=lPOlOJdsuoQZaFUY1J%2BhYSV3Cm4FZLSeNE41QOyUcZvDHrW7c8NdNm7HDBgX5gme0mIXBAni4zC8u64fQ6cUjMHdgezd_\">Stop \u00e0 la propagande polici\u00e8re<\/a> &#8211; <a href=\"https:\/\/info.mediapart.fr\/optiext\/optiextension.dll?ID=kOPkSPnW4w5vBsX7c0eZvxfa84iA8vCavnsVlOiC0QG35itAcgUppbdSywkUMN4G7zJMUDf6ZcSbMMf8zZiqq7DEwaTYu\">Amal Bentounsi<\/a><\/p>\n\n\n\n<figure class=\"wp-block-image is-resized is-style-default\"><img loading=\"lazy\" decoding=\"async\" src=\"https:\/\/scontent.fhex4-1.fna.fbcdn.net\/v\/t1.6435-9\/187931524_1206954386393694_4065587691208791443_n.png?_nc_cat=106&amp;ccb=1-3&amp;_nc_sid=730e14&amp;_nc_ohc=6VKmdIk97xkAX8Wl-fp&amp;_nc_ht=scontent.fhex4-1.fna&amp;oh=dd1f117ce4e592d4f8de3ff88472327f&amp;oe=60CA3CA9\" alt=\"Peut \u00eatre une image de texte qui dit \u2019.8h sua Sud Interieur Soli... Sud Sud Int\u00e9rieur ne peut en aucun cas cautionner une telle manifestation dans sa forme comme dans son fond. Les politiques s\u00e9curitaires sont des illusions qui conduisent les soci\u00e9t\u00e9s dans des impasses liberticides afin de maintenir un ordre social in\u00e9galitaire.\u2019\" width=\"306\" height=\"283\"\/><\/figure>\n\n\n\n<p><a href=\"https:\/\/www.revolutionpermanente.fr\/Anasse-Kazib-et-les-militants-de-Revolution-Permanente-menaces-d-exclusion-du-NPA\">Anasse Kazib et les militants de R\u00e9volution Permanente menac\u00e9s d\u2019exclusion du NPA<\/a> (RP)<\/p>\n\n\n\n<p><a href=\"https:\/\/info.mediapart.fr\/optiext\/optiextension.dll?ID=kOPkR8rzrGmg9CK_aBVLRSiEIOu%2BgE0IVeQLKTcJ1punfYh6dunMWloS7lmM2TdKediN3p4t3H%2B7Lg5ntxKJme%2BVP3Zkr\">Bygmalion: le deuxi\u00e8me proc\u00e8s du syst\u00e8me Sarkozy<\/a> (MDP)<\/p>\n\n\n\n<p><a href=\"https:\/\/info.mediapart.fr\/optiext\/optiextension.dll?ID=kOPkP4XK7cwRldu%2BY087EJG5d0k2Krq_eUKwlnWQSRWiMQJAcy7xaYSu83v3uLwzllAwcxwOeAnLVmo8xTrtKc%2Bq7Knsb\">Financement politique: malgr\u00e9 le scandale Bygmalion, rien n\u2019a chang\u00e9<\/a> (MDP)<\/p>\n\n\n\n<p><a href=\"https:\/\/info.mediapart.fr\/optiext\/optiextension.dll?ID=kOPkOVIslVzo2v0c%2BWRfxZN4CuURf60x_WfNrf8y9SRdiiEAdCTE1lMBLv3959kG7iaDHN_h80ItftRU13%2Bzm7ATRfTA7\">R\u00e9gionales: le RN se r\u00e9jouit d\u2019un alignement des plan\u00e8tes<\/a> (MDP)<\/p>\n\n\n\n<p><a href=\"https:\/\/info.mediapart.fr\/optiext\/optiextension.dll?ID=kOPkR%2BKoqmtZXqF4UocXRxAPIqS9cxZyl29lSgD6B2XPyf46ckKCzY_Ur5Bo7lINYXXlyAmC2xhrv7N08MNlDvbwBY8IY\">Nonna Mayer: \u00abLe RN est en bonne posture par d\u00e9faut\u00bb<\/a> (MDP)<\/p>\n\n\n\n<p><a href=\"http:\/\/www.regards.fr\/la-revue-de-presse-de-lulu\/article\/la-revue-de-lulu-du-19-mai-2021\">La Revue de Lulu du 19 mai 2021<\/a> par Lucien Atencia (Regards)<\/p>\n\n\n\n<p> <\/p>\n\n\n\n<figure class=\"wp-block-image is-resized is-style-default\"><img data-recalc-dims=\"1\" loading=\"lazy\" decoding=\"async\" src=\"https:\/\/i0.wp.com\/static.mediapart.fr\/etmagine\/default\/files\/2021\/05\/18\/darma.jpg?resize=362%2C263&#038;ssl=1\" alt=\"darma\" width=\"362\" height=\"263\"\/><\/figure>\n\n\n\n<p><span class=\"has-inline-color has-vivid-red-color\"><strong>19 Mai en continu<\/strong><\/span><\/p>\n\n\n\n<p><a href=\"https:\/\/info.mediapart.fr\/optiext\/optiextension.dll?ID=5BA5DTWY2m9fkXf3FyKHvE7soinGdSjRsP_5PoMGnicubdiPWuLHim1wWbXDYkX_X0Hz1xCvXFsz1jSyktbC53fFVJqjH\">La politique r\u00e9duite \u00e0 la police<\/a> &#8211; <a href=\"https:\/\/info.mediapart.fr\/optiext\/optiextension.dll?ID=5BA5yo_D3ya0Nha75k38BAFyXKf88Cw7j_hZcxTln_ytvJNPWvvOdWNbPqVJ2y%2BpAzcVT8_V5f9iV51wI%2B2FwNoLSXnbd\">Edwy Plenel<\/a> et <a href=\"https:\/\/info.mediapart.fr\/optiext\/optiextension.dll?ID=5BA5FO3rmY1TRxHupYtO745y_CZAXAhK4kfD4erl2%2BINN%2BNjWqIEimrkirUtkYQmokteMq24ofKDW1BC2pNvuji%2BbAV5D\">Ellen Salvi<\/a> (MDP)<\/p>\n\n\n\n<p><a href=\"http:\/\/www.regards.fr\/politique\/article\/manifestation-de-policiers-l-honneur-de-la-gauche-c-est-de-ne-pas-y-aller\">Manifestation de policiers : l&rsquo;honneur de la gauche, c&rsquo;est de ne pas y aller<\/a>&nbsp; (Regards)<\/p>\n\n\n\n<figure class=\"wp-block-image is-style-default\"><img decoding=\"async\" src=\"https:\/\/scontent.fhex4-1.fna.fbcdn.net\/v\/t1.6435-9\/187910562_1206323429790123_1647246392697187214_n.png?_nc_cat=106&amp;ccb=1-3&amp;_nc_sid=730e14&amp;_nc_ohc=N7q923lWzdEAX9QO0j3&amp;_nc_ht=scontent.fhex4-1.fna&amp;oh=2b821024516bad9dd6774bb4f559be36&amp;oe=60CAF32D\" alt=\"Peut \u00eatre une image de texte qui dit \u2019Roussel (PCF), Faure (PS), Bardella (RN) Jadot (EELV) Darmanin manifesteront avec la police pourplus de r\u00e9pression Quel naufrage!\u2019\"\/><\/figure>\n\n\n\n<p><a href=\"https:\/\/www.frustrationmagazine.fr\/politique-police-victimaire\/\">Quand la classe politique se couche devant la police et ses d\u00e9lires victimaires<\/a> (Frustration)&nbsp;<\/p>\n\n\n\n<p><a href=\"https:\/\/www.monde-diplomatique.fr\/1986\/05\/PERRAULT\/39261\">Quelle police, pour quelle soci\u00e9t\u00e9 ?<\/a> &#8211; Gilles Perrault (Le Monde diplomatique, 1986)<\/p>\n\n\n\n<p><a href=\"https:\/\/lepoing.net\/la-france-est-un-pays-de-flics\/\">\u00ab La France est un pays de flics \u00bb : du d\u00e9bat sur la s\u00e9curit\u00e9<\/a> (Le Poing)<\/p>\n\n\n\n<p><a href=\"https:\/\/theconversation.com\/police-limpasse-de-la-surenchere-repressive-161020\">Police : l\u2019impasse de la surench\u00e8re r\u00e9pressive<\/a> &#8211; Vincent Sizaire (The Conversation)<\/p>\n\n\n\n<figure class=\"wp-block-image is-resized is-style-default\"><img loading=\"lazy\" decoding=\"async\" src=\"https:\/\/scontent.fhex4-1.fna.fbcdn.net\/v\/t1.6435-0\/p526x296\/186506375_5348806848527843_1551908760820003057_n.jpg?_nc_cat=104&amp;ccb=1-3&amp;_nc_sid=9267fe&amp;_nc_ohc=KWI9FNQfLZYAX-yhmMu&amp;_nc_ht=scontent.fhex4-1.fna&amp;tp=6&amp;oh=057fdf0e5e0776b1e420ab057408dd1c&amp;oe=60C9824D\" alt=\"Peut \u00eatre une image de 2 personnes et texte qui dit \u2019Ni l'un, ni l'autre... Les deux faces d'un m\u00eame syst\u00e8me\u2019\" width=\"384\" height=\"436\"\/><\/figure>\n\n\n\n<p><a href=\"https:\/\/www.monde-diplomatique.fr\/1986\/05\/ROBERT\/39263\">Comment la machine p\u00e9nale remplit les prisons<\/a> &#8211; Philippe Robert (Le Monde diplomatique, 1986)<\/p>\n\n\n\n<p><a href=\"https:\/\/www.streetpress.com\/sujet\/1621344850-paris-manifestation-racisme-environnemental-ecocides-marche-agrochimie-militants-decoloniaux\">\u00c0 Paris, une manifestation contre le racisme environnemental<\/a> (StreetPress)<\/p>\n\n\n\n<p><a href=\"http:\/\/www.regards.fr\/la-midinale\/article\/on-a-beaucoup-parle-de-la-fin-de-l-histoire-mais-avec-macron-c-est-plutot-a-la\">\u00ab On a beaucoup parl\u00e9 de la fin de l&rsquo;Histoire mais avec Macron, n&rsquo;est-ce pas plut\u00f4t la fin du Politique ? \u00bb<\/a> (Regards)<\/p>\n\n\n\n<p><a href=\"https:\/\/blogs.mediapart.fr\/jean-marc-b\/blog\/180521\/la-police-est-republicaine-l-injustice-sociale-aussi\">La police est r\u00e9publicaine, l\u2019injustice sociale&nbsp;aussi <\/a>(Quartiers Libres)<\/p>\n\n\n\n<p><a href=\"https:\/\/blogs.mediapart.fr\/jean-marc-b\/blog\/190521\/la-france-ne-se-droitise-pas-mais-ses-medias-et-politiciens-si\">La France ne se \u00ab\u00a0droitise\u00a0\u00bb pas,&nbsp;mais ses medias et politiciens, si ! <\/a>(Luttes Invisibles)<\/p>\n\n\n\n<p><a href=\"https:\/\/blogs.mediapart.fr\/jean-marc-b\/blog\/190521\/situation-mondiale-la-poussee-revolutionnaire-s-approfondit\">Situation mondiale&nbsp;: la pouss\u00e9e r\u00e9volutionnaire&nbsp;s\u2019approfondit <\/a>-Vincent Presumey<\/p>\n\n\n\n<p><a href=\"https:\/\/info.mediapart.fr\/optiext\/optiextension.dll?ID=5BA5EAOSsyfk35dU8Q5AI0xLk2gHXJEASb1ck4nTQ_2WBFvjWPyDQEqXhnacBtw8HkE2mJUx7CFaslKtOHWbpnHbY6VPu\">La \u00abjustice laxiste\u00bb, \u00e9ternel objet de fantasme&nbsp;<\/a>(MDP)<\/p>\n\n\n\n<p><a href=\"https:\/\/info.mediapart.fr\/optiext\/optiextension.dll?ID=5BA5ACiI6FF6qWqTq0FEpTdjkkjq4MUKF0rOvXqK_yIkVMkjWjWsM7TL3ZBxs1J08f8B9vsd5%2BcAislh%2BdXwNCcN6OhrV\">La sous-traitance de l\u2019action publique, un ph\u00e9nom\u00e8ne vaste et nocif<\/a> (MDP)<\/p>\n\n\n\n<p><a href=\"https:\/\/lanticapitaliste.org\/evenement\/paris-manifestation-antifasciste-1\">Paris 5 Juin &#8211; Manifestation antifasciste<\/a> (L\u2019Anticapitaliste)<\/p>\n\n\n\n<p><a href=\"https:\/\/info.mediapart.fr\/optiext\/optiextension.dll?ID=5BA5FHmiq4yPD%2BKfiA0TSDONYOTtb4eyPgHbV2CkYUPTke7jXrQFPAvWq9%2BoZqpsC1KNocZCHsyVx1Wwx6%2BaHrOZ2berH\">Chasse aux \u00abislamo-gauchistes\u00bb et M. Wieviorka: implosion intellectuelle \u00e0 gauche<\/a> &#8211; Philippe Corcuff<\/p>\n\n\n\n<p><a href=\"https:\/\/info.mediapart.fr\/optiext\/optiextension.dll?ID=5BA5yF3EK8acafkJtfbMLMivV1EhZaMJmJWG9T7U6V7n5ghPW0JCeijSXbgU%2BqJXqbp00PuOMw0hGjP5%2BBrg76nOfcnPA\">Paris Stalingrad, en salle le 26 mai<\/a> &#8211; <a href=\"https:\/\/info.mediapart.fr\/optiext\/optiextension.dll?ID=5BA5FlRDKGgBr2F1Ggj9n%2BpCFrv%2Bk9FgWJKUn0cuJ%2BneUgKPWkThtvIIN%2BEMrrHwOUJ7r4txNDgi3CqPb7S0ozEMOASbL\">La Vingt-Cinqui\u00e8me Heure<\/a><\/p>\n\n\n\n<p><a href=\"https:\/\/www.monde-diplomatique.fr\/1988\/06\/CASSEN\/40871\">Les socialistes fran\u00e7ais et la contrainte europ\u00e9enne<\/a> (Le Monde diplomatique, 1988)<\/p>\n\n\n\n<p><a href=\"https:\/\/www.contretemps.eu\/desastre-latour-materialisme-ecologie-capitalisme-vert\/\">Face au d\u00e9sastre. Pourquoi Bruno Latour a tort et pourquoi il faut le prendre au s\u00e9rieux<\/a> (Contretemps)<\/p>\n\n\n\n<p><a href=\"https:\/\/www.revolutionpermanente.fr\/Les-syndicalistes-doivent-ils-faire-de-la-politique-retour-sur-le-debat-de-Revolution-Permanente\">\u00ab\u00a0Les syndicalistes doivent-ils faire de la politique&nbsp;?\u00a0\u00bb&nbsp;: retour sur le d\u00e9bat de R\u00e9volution Permanente<\/a> (RP)<\/p>\n\n\n\n<figure class=\"wp-block-image is-resized is-style-default\"><img loading=\"lazy\" decoding=\"async\" src=\"https:\/\/scontent.fhex4-1.fna.fbcdn.net\/v\/t1.6435-9\/188509244_10220116971022135_1571813096457003772_n.jpg?_nc_cat=104&amp;ccb=1-3&amp;_nc_sid=dbeb18&amp;_nc_ohc=S-TF6VS0jYcAX_6Z3Ez&amp;_nc_ht=scontent.fhex4-1.fna&amp;oh=cebb6a7480612269e11fa93353f75ae4&amp;oe=60C8747C\" alt=\"Peut \u00eatre un dessin anim\u00e9\" width=\"383\" height=\"364\"\/><\/figure>\n\n\n\n<figure class=\"wp-block-image is-resized is-style-default\"><img loading=\"lazy\" decoding=\"async\" src=\"https:\/\/scontent.fhex4-1.fna.fbcdn.net\/v\/t1.6435-9\/187424359_1206308703124929_4109941496296024216_n.png?_nc_cat=105&amp;ccb=1-3&amp;_nc_sid=730e14&amp;_nc_ohc=sawCniw4xWQAX8pB0OY&amp;_nc_ht=scontent.fhex4-1.fna&amp;oh=73b27521de2dc5cd077bbf531c390d55&amp;oe=60C98CF7\" alt=\"Peut \u00eatre un dessin anim\u00e9 de texte qui dit \u20196,8 MILLIONS D'EUROS DE FONDS PUBLICS D\u00c9TOURN\u00c9S \u00daN RAPPORT DE POLICE PR\u00c9CONISE LA POURSUITE DE 17 DIRIGEANTS DU RASSEMBLEMENT NATIONAL ARGG! LES PAUVRES, VOUS ME D\u00c9GO\u00c3TEZ AVEC VOTRE ASSISTANAT. AUGMENTATION DU SMIC! ALLEZ DONC VOLER L'ARGENT COMME LES BONS PATRIOTES Allan BARTE\u2019\" width=\"376\" height=\"399\"\/><\/figure>\n\n\n\n<p><span class=\"has-inline-color has-vivid-red-color\"><strong>18 Mai en continu<\/strong><\/span><\/p>\n\n\n\n<p><a href=\"https:\/\/lanticapitaliste.org\/evenement\/manifestations-et-rassemblements-contre-la-reforme-de-lassurance-chomage-et-pour-de\">Manifestations contre la r\u00e9forme de l&rsquo;assurance ch\u00f4mage et pour de nouveaux droits sociaux !<\/a> (L\u2019Anticapitaliste)<\/p>\n\n\n\n<p><a href=\"https:\/\/reporterre.net\/EN-DIRECT-Les-gauches-ecologistes-peuvent-elles-s-entendre-Mathilde-Panot-et-Sandrine\">Les gauches \u00e9cologistes peuvent-elles s&rsquo;entendre&nbsp;? Mathilde Panot et Sandrine Rousseau en d\u00e9bat<\/a> (Reporterre)&nbsp;<\/p>\n\n\n\n<p><a href=\"http:\/\/www.apple.fr\">Loi s\u00e9paratisme : Retour au point de d\u00e9part<\/a> (Caf\u00e9 p\u00e9dagique)<\/p>\n\n\n\n<p><a href=\"https:\/\/www.google.com\/url?rct=j&amp;sa=t&amp;url=https:\/\/www.streetpress.com\/sujet\/1621253141-anasse-kazib-cheminot-racise-musulman-ouvrier-quartiers-populaires-candidat-presidentielle-politique-npa&amp;ct=ga&amp;cd=CAEYACoTMTEzOTIzMzgzMjkxOTgwOTc2OTIaNzljZmU0ZDA2ZmQ3YjljMjpjb206ZnI6VVM&amp;usg=AFQjCNFo_tJKYRlLVr4cMw1qpqKc06lo6A\">Anasse Kazib, le cheminot qui veut \u00eatre candidat \u00e0 la pr\u00e9sidentielle et faire la r\u00e9volution<\/a> (Street Press)<\/p>\n\n\n\n<p><a href=\"https:\/\/blogs.mediapart.fr\/jean-marc-b\/blog\/170521\/colonisation-et-immigration-said-bouamama\">Colonisation et immigration &#8211;<\/a> Sa\u00efd Bouamama<\/p>\n\n\n\n<p><a href=\"https:\/\/info.mediapart.fr\/optiext\/optiextension.dll?ID=w01wWjikIfq9OkJcLeXNw8kMBbdZD%2BZ_mtoy37225HHDNw4MFapY6omV6VkvY691gMgte4G5yfn1xY5xvzbYX_Eg6itoV\">Cl\u00e9mentine Autain: \u00abLa gauche doit assumer ses principes\u00bb<\/a> -C- vid\u00e9o C. Autain<\/p>\n\n\n\n<p><a href=\"https:\/\/info.mediapart.fr\/optiext\/optiextension.dll?ID=w01wZ_KM%2BGAz2pX88FLehEImij4sCPTa1nzVbd_fAcw5r7BgETullYb%2BOu4bG40Xf0hg1HmWmckS%2Bt6eEHKSUUyAMBvEj\">Usul. Macron ringardis\u00e9 par Joe Biden<\/a> -vid\u00e9o<\/p>\n\n\n\n<p><a href=\"http:\/\/www.regards.fr\/la-revue-de-presse-de-lulu\/article\/la-revue-du-17-mai-2021\">La Revue du 17 mai 2021<\/a> par Lucien Atencia (Regards)<\/p>\n\n\n\n<p><a href=\"https:\/\/www.terrestres.org\/2021\/05\/17\/lappel-au-socialisme-1911-extraits\/?utm_source=rss&amp;utm_medium=rss&amp;utm_campaign=lappel-au-socialisme-1911-extraits\">L\u2019appel au socialisme (1911) \u2013 Extraits<\/a> par Gustav Landauer (Terrestres)<\/p>\n\n\n\n<p><a href=\"https:\/\/www.lacledesondes.fr\/article\/la-commune-de-paris-episode-3-1870-1940-le-choix-de-si-etranges-defaites\">La Commune de Paris (\u00e9pisode 3) : 1870-1940, Le choix de si \u00e9tranges d\u00e9faites<\/a> (La Cl\u00e9 des Ondes)<\/p>\n\n\n\n<figure class=\"wp-block-image is-resized is-style-default\"><img loading=\"lazy\" decoding=\"async\" src=\"https:\/\/scontent.fhex4-1.fna.fbcdn.net\/v\/t1.6435-9\/187269215_10159404915344362_71884844988837850_n.jpg?_nc_cat=100&amp;ccb=1-3&amp;_nc_sid=730e14&amp;_nc_ohc=onJ1bh245EEAX8lyY9n&amp;_nc_ht=scontent.fhex4-1.fna&amp;oh=2fb4c5446045fb3e8015815b8098f80d&amp;oe=60C85D3B\" alt=\"Peut \u00eatre une capture d\u2019\u00e9cran de Twitter de une personne ou plus, personnes debout, plein air et texte qui dit \u2019Babar le Rhinoc\u00e9ros @Babar_le Rhino La libert\u00e9 de manifester Aux USA En France h ions tat Jews Worldwide Des Wo Condemn Israeli Bloody Brutality 14:53 15mai21 Twitter for Android\u2019\" width=\"375\" height=\"430\"\/><\/figure>\n\n\n\n<p><span class=\"has-inline-color has-vivid-red-color\"><strong>17 Mai en continu<\/strong><\/span><\/p>\n\n\n\n<p><a href=\"https:\/\/www.saphirnews.com\/Malgre-l-interdiction-de-manifester-a-Paris-le-soutien-a-la-Palestine-visible_a28101.html\">Malgr\u00e9 l&rsquo;interdiction de manifester \u00e0 Paris, le soutien \u00e0 la Palestine visible<\/a> (SaphirNews)<\/p>\n\n\n\n<p><a href=\"https:\/\/www.bondyblog.fr\/reportages\/a-paris-une-manifestation-frustree-mais-pacifique-en-soutien-aux-palestiniens\/\">\u00c0 Paris, une manifestation frustr\u00e9e mais pacifique en soutien aux Palestiniens<\/a> (Le Bondy Blog)&nbsp;<\/p>\n\n\n\n<p><a href=\"https:\/\/www.humanite.fr\/france-le-gouvernement-criminalise-la-solidarite-envers-les-palestiniens-707184#xtor=RSS-1\">France. Le gouvernement criminalise la solidarit\u00e9 envers les Palestiniens<\/a> (L\u2019Humanit\u00e9)&nbsp;<\/p>\n\n\n\n<p><a href=\"https:\/\/lepoing.net\/a-montpellier-le-quartier-de-la-paillade-soutient-la-palestine\/\">\u00c0 Montpellier, le quartier de la Paillade soutient la Palestine<\/a> (Le Poing)<\/p>\n\n\n\n<p><a href=\"https:\/\/tendanceclaire.org\/breve.php?id=38615\">Marseille pour la Palestine<\/a> (Lib\u00e9ration)<\/p>\n\n\n\n<p><a href=\"https:\/\/tendanceclaire.org\/breve.php?id=38620\">Natacha Polony\/ Fran\u00e7ois B\u00e9gaudeau: Les \u00e9lections pr\u00e9sidentielles et la R\u00e9publique<\/a> -vid\u00e9o<\/p>\n\n\n\n<p><a href=\"https:\/\/info.mediapart.fr\/optiext\/optiextension.dll?ID=9FE9z%2B5A1DTWgs82x2c7gqN606bCoDVi3m_rZe6z_bCVcX7T1h51Q4AdfUw4PEznCnLjhBkcRIynOlA9538Hzd0yW5Ffj\">Assistants du RN: l\u2019affaire qui embarrasse Marine Le Pen<\/a> (MDP)<\/p>\n\n\n\n<p><a href=\"https:\/\/www.boursorama.com\/actualite-economique\/actualites\/assistants-d-eurodeputes-du-rn-un-rapport-de-police-devoile-manoeuvre-politique-pour-le-pen-383a3e227c24ffc666dffc9a0f3edc59\">Assistants d&rsquo;eurod\u00e9put\u00e9s du RN: un rapport de police d\u00e9voil\u00e9, manoeuvre politique pour Le Pen<\/a> (AFP)<\/p>\n\n\n\n<p><a href=\"https:\/\/www.boursorama.com\/actualite-economique\/actualites\/les-republicains-un-parti-inutile-pour-une-majorite-de-francais-5fbc88a2a89c7e0e0218d6e966263353\">Les R\u00e9publicains, un parti inutile pour une majorit\u00e9 de Fran\u00e7ais<\/a> (Le Point)<\/p>\n\n\n\n<p><a href=\"https:\/\/www.boursorama.com\/videos\/actualites\/les-occupants-du-theatre-de-l-odeon-veulent-maintenir-leur-action-malgre-la-reouverture-c40b5577f7012b068bbf1bce809bc9f1\">Les occupants du th\u00e9\u00e2tre de l&rsquo;Od\u00e9on veulent maintenir leur action malgr\u00e9 la r\u00e9ouverture<\/a> (AFP vid\u00e9o)<\/p>\n\n\n\n<p><a href=\"https:\/\/www.boursorama.com\/actualite-economique\/actualites\/malgre-la-pluie-et-le-covid-melenchon-en-meeting-en-aveyron-b4c98d1fd0464c731c923564df96fa8e\">Malgr\u00e9 la pluie et le Covid, M\u00e9lenchon en meeting en Aveyron<\/a> (AFP)<\/p>\n\n\n\n<p><a href=\"https:\/\/www.telerama.fr\/ecrans\/regionales-en-paca-sur-franceinfo-les-informes-rabachent-linfo-macroniste-6874081.php\">R\u00e9gionales en Paca : sur Franceinfo, \u201cLes Inform\u00e9s\u201d rab\u00e2chent l\u2019info macroniste<\/a> (<a href=\"https:\/\/www.telerama.fr\/ecrans\/regionales-en-paca-sur-franceinfo-les-informes-rabachent-linfo-macroniste-6874081.php\">T\u00e9l\u00e9rama<\/a>)<\/p>\n\n\n\n<p><a href=\"https:\/\/www.les-crises.fr\/tous-manipules-propagande-langage-et-ideologie-francois-boulo\/\">Tous manipul\u00e9s ? Propagande, langage et id\u00e9ologie \u2013 Fran\u00e7ois Boulo<\/a><\/p>\n\n\n\n<p><a href=\"http:\/\/www.observationsociete.fr\/population\/qui-sont-les-victimes-du-racisme.html\">Qui sont les victimes du racisme&nbsp;?<\/a> (Centre d&rsquo;observation de la soci\u00e9t\u00e9)<\/p>\n\n\n\n<p><a href=\"https:\/\/www.mediapart.fr\/journal\/culture-idees\/110521\/hold-15-ou-16-herve-le-corre-avec-la-commune-de-paris-je-voulais-raconter-une-defaite-du-mouvement\">Herv\u00e9 Le Corre: \u00abAvec la Commune de Paris, je voulais raconter une d\u00e9faite du mouvement ouvrier\u00bb<\/a> (M\u00e9diapart)<\/p>\n\n\n\n<p><a href=\"https:\/\/2tedo.r.ag.d.sendibm3.com\/mk\/mr\/dEwR7wmBdLBlGEKQ_GzS3vrTBsa5SMXAT9qrVylsZUZgSXz2cYhsHW55CfeH4m4EufpspmB_mFMsIdd-sGbKKHox43pj7boSdYtrN3PnBUQISfFYow\">29 mai 2021 : grande journ\u00e9e populaire pour c\u00e9l\u00e9brer les 150 ans de la Commune de Paris<\/a> (Info Com CGT)<\/p>\n\n\n\n<figure class=\"wp-block-image is-resized is-style-default\"><img loading=\"lazy\" decoding=\"async\" src=\"https:\/\/scontent.fhex4-1.fna.fbcdn.net\/v\/t1.6435-0\/s640x640\/186479353_1204998986589234_3461290954719842992_n.png?_nc_cat=100&amp;ccb=1-3&amp;_nc_sid=730e14&amp;_nc_ohc=HUpKvBOXIXYAX-zXXDd&amp;_nc_ht=scontent.fhex4-1.fna&amp;tp=30&amp;oh=6aa1a4e8e3753bce0e19d9e72c3c71fd&amp;oe=60C69CAA\" alt=\"Peut \u00eatre une image de plein air, arbre et texte qui dit \u2019VIVE FN VIVE FENOUIL\u2019\" width=\"356\" height=\"443\"\/><\/figure>\n\n\n\n<figure class=\"wp-block-image is-style-default\"><img decoding=\"async\" src=\"https:\/\/scontent.fhex4-2.fna.fbcdn.net\/v\/t1.6435-0\/p526x296\/186524106_1205001499922316_4729242902375626275_n.jpg?_nc_cat=110&amp;ccb=1-3&amp;_nc_sid=730e14&amp;_nc_ohc=Ra20yplPaZ8AX-v0frL&amp;_nc_ht=scontent.fhex4-2.fna&amp;tp=6&amp;oh=4237ee1bc7a3eb93d4967e4d0d1168b4&amp;oe=60C6A463\" alt=\"Peut \u00eatre une image de 1 personne et texte qui dit \u2019CORSE-MACHIN Bombardement d'Al Jazeehra et d'Associated Press NETANYAHU EXPLIQUE POURQUOI IL N'ATTAQUERA PAS BFM On ne vise que des journalistes.\u2019\"\/><\/figure>\n\n\n\n<figure class=\"wp-block-image is-resized is-style-default\"><img data-recalc-dims=\"1\" loading=\"lazy\" decoding=\"async\" src=\"https:\/\/i0.wp.com\/img-cache.net\/im\/1701950\/abbefbda1636368b7f2de3a3298451bc62475682ce5c0b300ec18b9acf13f86b.jpg?resize=445%2C628&#038;ssl=1\" alt=\"\" width=\"445\" height=\"628\"\/><\/figure>\n\n\n\n<p><span class=\"has-inline-color has-vivid-red-color\"><strong>16 Mai en continu<\/strong><\/span><\/p>\n\n\n\n<p><a href=\"https:\/\/tendanceclaire.org\/breve.php?id=38611\">Nous serons pr\u00e9sents le 15 mai \u00e0 Barb\u00e8s<\/a> -Collectif<\/p>\n\n\n\n<p><a href=\"https:\/\/www.boursorama.com\/actualite-economique\/actualites\/plus-de-20-000-manifestants-en-soutien-aux-palestiniens-a-travers-la-france-breves-tensions-a-paris-4044c36f1e7a24d7384416d9806c17f6\">Plus de 20.000 manifestants en soutien aux Palestiniens \u00e0 travers la France, br\u00e8ves tensions \u00e0 Paris<\/a> (AFP)<\/p>\n\n\n\n<p><a href=\"https:\/\/www.google.com\/url?rct=j&amp;sa=t&amp;url=https:\/\/www.lanouvellerepublique.fr\/tours\/tours-300-personnes-pour-soutenir-la-palestine&amp;ct=ga&amp;cd=CAEYACoUMTA4MTE0MjgyMTcxOTY2NTMyNDEyGjc5Y2ZlNGQwNmZkN2I5YzI6Y29tOmZyOlVT&amp;usg=AFQjCNHLldJh9MOXrZQS7W9x-770_7K0fw\">Tours : 400 personnes pour soutenir la Palestine<\/a> (Nouvelle R\u00e9publique)<\/p>\n\n\n\n<p><a href=\"https:\/\/www.revolutionpermanente.fr\/De-Toulouse-a-Gaza-Palestine-vaincra\">De Toulouse \u00e0 Gaza&nbsp;: Palestine vaincra&nbsp;!<\/a> (RP)<\/p>\n\n\n\n<p><a href=\"https:\/\/www.google.com\/url?rct=j&amp;sa=t&amp;url=https:\/\/www.lanouvellerepublique.fr\/blois\/loir-et-cher-une-centaine-de-personnes-reunies-a-blois-pour-soutenir-la-palestine&amp;ct=ga&amp;cd=CAEYACoSMzEzMDQ0ODE4NjAyMTIyOTI5Mho3OWNmZTRkMDZmZDdiOWMyOmNvbTpmcjpVUw&amp;usg=AFQjCNFIvsU2ghwGTL85d0okbAuzV_NTVw\">Loir-et-Cher : une centaine de personnes r\u00e9unies \u00e0 Blois pour soutenir la Palestine<\/a> (Nouvelle R\u00e9publique)<\/p>\n\n\n\n<p><a href=\"https:\/\/www.revolutionpermanente.fr\/Les-deputes-LREM-affichent-leur-soutien-indefectible-a-l-Etat-d-Israel-meurtrier\">Les d\u00e9put\u00e9s LREM affichent leur \u00ab&nbsp;soutien ind\u00e9fectible&nbsp;\u00bb \u00e0 l\u2019\u00c9tat d\u2019Isra\u00ebl meurtrier<\/a> (RP)<\/p>\n\n\n\n<p><a href=\"https:\/\/blogs.mediapart.fr\/jean-marc-b\/blog\/150521\/pcf-cap-sur-le-securitaire\">PCF&nbsp;: cap sur le s\u00e9curitaire <\/a>(Regards)<\/p>\n\n\n\n<p><a href=\"https:\/\/tendanceclaire.org\/breve.php?id=38600\">Pass sanitaire et \u00e9tat d\u2019urgence: quand le gouvernement dicte (vraiment) la loi aux d\u00e9put\u00e9s<\/a> (TC)<\/p>\n\n\n\n<p><a href=\"https:\/\/www.franceinter.fr\/societe\/deux-ans-apres-que-sont-devenus-les-gilets-jaunes-mutiles-en-manifestation\">Deux ans apr\u00e8s, que sont devenus les \u2019gilets jaunes\u2019 mutil\u00e9s ?<\/a> (France Inter)<\/p>\n\n\n\n<p><a href=\"https:\/\/tendanceclaire.org\/breve.php?id=38590\">L\u2019Obs condamn\u00e9 en appel pour le licenciement d\u2019Aude Lancelin<\/a> (TC)<\/p>\n\n\n\n<p><a href=\"https:\/\/www.revolutionpermanente.fr\/Occitanie-LFI-a-collabore-avec-l-offensive-autoritaire-de-Darmanin-le-NPA-doit-rompre-son-alliance-25178\">Occitanie. LFI a collabor\u00e9 avec l\u2019offensive autoritaire de Darmanin&nbsp;<\/a> (RP)<\/p>\n\n\n\n<p><a href=\"https:\/\/www.revolutionpermanente.fr\/VIDEO-Malgre-la-repression-les-Gilets-Jaunes-apportent-leur-soutien-a-la-manif-pro-Palestine\">Malgr\u00e9 la r\u00e9pression les Gilets Jaunes apportent leur soutien \u00e0 la manif pro-Palestine<\/a> (vid\u00e9o RP)<\/p>\n\n\n\n<p><a href=\"https:\/\/info.mediapart.fr\/optiext\/optiextension.dll?ID=0wx0x3Ye1wjiOxoJ_kXZZchHtohSld8cXtzRfaOO3pZhiFZe84YaPJeC94eDJpfoozcDJ1hlFYsTTjNWx0XLpFMi6a30H\">Valeurs actuelles face \u00e0 l&rsquo;histoire<\/a>&nbsp; -Petrus Borel<\/p>\n\n\n\n<figure class=\"wp-block-image is-resized is-style-default\"><img loading=\"lazy\" decoding=\"async\" src=\"https:\/\/scontent.fhex4-1.fna.fbcdn.net\/v\/t1.6435-0\/p526x296\/186493185_3695490777244656_6316199022053497075_n.jpg?_nc_cat=102&amp;ccb=1-3&amp;_nc_sid=8bfeb9&amp;_nc_ohc=VpQ06-U5nz4AX_IhwE5&amp;_nc_ht=scontent.fhex4-1.fna&amp;tp=6&amp;oh=7b1397e67fa5d52765effe8ddc95ef59&amp;oe=60C7CA1E\" alt=\"Peut \u00eatre une capture d\u2019\u00e9cran de Twitter de 1 personne et texte qui dit \u2019@p... \u2026 8h Nils Wilcke L'une des trois personnes interpell\u00e9es dans le Bas- Rhin mardi, soup\u00e7onn\u00e9e d'avoir projet\u00e9 un attentat n\u00e9onazi, est une ex-\u00e9lue FN. &quot;Elle avait \u00e9t\u00e9 exclue du conseil municipal de Haguenau Hagu apr\u00e8s avoir cumul\u00e9 cinq absences cons\u00e9cutives sans excuses.&quot; (DNA) #Alsace #Terrorisme\u2019\" width=\"300\" height=\"298\"\/><\/figure>\n\n\n\n<p> <\/p>\n\n\n\n<p><span class=\"has-inline-color has-vivid-red-color\"><strong>15 Mai en continu<\/strong><\/span><\/p>\n\n\n\n<p><a href=\"https:\/\/blogs.mediapart.fr\/jean-marc-b\/blog\/140521\/sur-l-importation-du-conflit-israelo-palestinien-en-france\">Sur l\u2019\u00ab&nbsp;importation du conflit isra\u00e9lo-palestinien&nbsp;\u00bb&nbsp;en France <\/a>-Rafik Chekkat (Middle East Eye)<\/p>\n\n\n\n<p><a href=\"https:\/\/info.mediapart.fr\/optiext\/optiextension.dll?ID=WstWrwYmxtmc1hzT0jVzDpVcNatFwLhdque8p2e224k73brG4AeGu64yMFoIYT%2BR24N0vEzqbwNF8eZ%2BSNbYjhTktU24v\">Pr\u00e9sidentielle: \u00e0 gauche, l\u2019\u00e9mergence de deux blocs se pr\u00e9cise<\/a> (MDP)<\/p>\n\n\n\n<p><a href=\"https:\/\/blogs.mediapart.fr\/jean-marc-b\/blog\/140521\/pour-favoriser-une-entente-des-luttes-frederic-lordon\">Pour favoriser une entente des luttes &#8211;<\/a>Fr\u00e9d\u00e9ric Lordon<\/p>\n\n\n\n<p><a href=\"https:\/\/info.mediapart.fr\/optiext\/optiextension.dll?ID=WstWwtTg09aZOrRDFFnjHUhQS09agP5S5YCsJS2qa8TodjWa4g2OZWBtplf0wFjaEmjKTOhKROBrPV28ipvXgx25oWkiZ\">Gis\u00e8le Halimi au Panth\u00e9on: Macron temporise<\/a> (MDP)<\/p>\n\n\n\n<p><a href=\"http:\/\/alencontre.org\/societe\/un-choix-crucial-course-aux-armements-nucleaires-ou-monde-sans-armes-nucleaires.html\">Un choix crucial: course aux armements nucl\u00e9aires ou monde sans armes nucl\u00e9aires <\/a>-Lawrence Wittner<\/p>\n\n\n\n<p><a href=\"https:\/\/www.leravi.org\/politique\/syndicats\/cgt\/malgre-les-reouvertures-des-lieux-culturels-les-occupations-se-poursuivent-en-paca\/\">Malgr\u00e9 les r\u00e9ouvertures des lieux culturels, les occupations se poursuivent en Paca<\/a> (Le Ravi)<\/p>\n\n\n\n<figure class=\"wp-block-image size-large is-resized is-style-default\"><img data-recalc-dims=\"1\" loading=\"lazy\" decoding=\"async\" src=\"https:\/\/i0.wp.com\/www.rdpemancipation.org\/wp-content\/uploads\/2021\/05\/Capture-decran-2021-05-14-a-21.14.35.png?resize=449%2C251&#038;ssl=1\" alt=\"\" class=\"wp-image-29976\" width=\"449\" height=\"251\" srcset=\"https:\/\/i0.wp.com\/www.rdpemancipation.org\/wp-content\/uploads\/2021\/05\/Capture-decran-2021-05-14-a-21.14.35.png?w=618&amp;ssl=1 618w, https:\/\/i0.wp.com\/www.rdpemancipation.org\/wp-content\/uploads\/2021\/05\/Capture-decran-2021-05-14-a-21.14.35.png?resize=300%2C168&amp;ssl=1 300w\" sizes=\"auto, (max-width: 449px) 100vw, 449px\" \/><\/figure>\n\n\n\n<p><a href=\"https:\/\/www.acrimed.org\/Tribune-des-generaux-LCI-et-la-construction\">\u00ab Tribune des g\u00e9n\u00e9raux \u00bb : LCI et la construction sondagi\u00e8re de \u00ab l\u2019opinion publique \u00bb<\/a> (Acrimed)&nbsp;<\/p>\n\n\n\n<p><a href=\"http:\/\/www.regards.fr\/la-revue-de-presse-de-lulu\/article\/la-revue-de-lulu-du-14-mai-2021\">La Revue de Lulu du 14 mai 2021<\/a> par Lucien Atencia (Regards)<\/p>\n\n\n\n<p><a href=\"https:\/\/www.bondyblog.fr\/politique\/francois-ruffin-opportuniste-entretien-avec-merieme-alaoui\/\">Fran\u00e7ois Ruffin, opportuniste ? Entretien avec M\u00e9ri\u00e8me Alaoui<\/a> (Le Bondy Blog)<\/p>\n\n\n\n<p><a href=\"https:\/\/info.mediapart.fr\/optiext\/optiextension.dll?ID=WstWvNwVXj_i4_a94uvymZJeRUiI9e5cFroFkEzCPRW%2BLwJG4K3Gi6CTzbdTWBnJTnwfWL07%2BcdWze41ZJ3mVm_eQGtOx\">La derni\u00e8re recrue phare du RN est vis\u00e9e par une enqu\u00eate judiciaire<\/a> (MDP)<\/p>\n\n\n\n<p><a href=\"https:\/\/reporterre.net\/Regionales-en-Paca-les-gauches-ecologistes-se-dechirent\">R\u00e9gionales en Paca&nbsp;: les gauches \u00e9cologistes se d\u00e9chirent<\/a> (Reporterre)<\/p>\n\n\n\n<p><a href=\"https:\/\/rapportsdeforce.fr\/breves\/aed-une-nouvelle-greve-pour-avoir-des-reponses-051410289\">AED : une nouvelle gr\u00e8ve pour avoir des r\u00e9ponses<\/a> (Rapports de Force)<\/p>\n\n\n\n<p><a href=\"https:\/\/info.mediapart.fr\/optiext\/optiextension.dll?ID=WstWxoXrjPomPTnsPwRteU6wCkXLjw9I5uytXqC7hVVvCT1a4qGXCi%2B4rVtqcMK3l2BCbzZKk6Bc7dgCl6_0UsplQCnio\">Centre-Val-de-Loire: le pari citoyen des Verts et Insoumis pour gagner la r\u00e9gion<\/a> (MDP)<\/p>\n\n\n\n<figure class=\"wp-block-image is-resized is-style-default\"><img loading=\"lazy\" decoding=\"async\" src=\"https:\/\/scontent.fhex4-1.fna.fbcdn.net\/v\/t1.6435-9\/186136407_1203678836721249_1266263768329256103_n.png?_nc_cat=101&amp;ccb=1-3&amp;_nc_sid=730e14&amp;_nc_ohc=HwAodjzNOTgAX9mAWoF&amp;_nc_ht=scontent.fhex4-1.fna&amp;oh=c5df8ab75b53b7479031a94dcbb0d706&amp;oe=60C5F9A0\" alt=\"Peut \u00eatre une capture d\u2019\u00e9cran de Twitter de 1 personne\" width=\"476\" height=\"476\"\/><\/figure>\n\n\n\n<figure class=\"wp-block-image size-large is-resized is-style-default\"><img data-recalc-dims=\"1\" loading=\"lazy\" decoding=\"async\" src=\"https:\/\/i0.wp.com\/www.rdpemancipation.org\/wp-content\/uploads\/2021\/05\/racisme-luq-.jpg?resize=552%2C603&#038;ssl=1\" alt=\"\" class=\"wp-image-29960\" width=\"552\" height=\"603\" srcset=\"https:\/\/i0.wp.com\/www.rdpemancipation.org\/wp-content\/uploads\/2021\/05\/racisme-luq-.jpg?resize=936%2C1024&amp;ssl=1 936w, https:\/\/i0.wp.com\/www.rdpemancipation.org\/wp-content\/uploads\/2021\/05\/racisme-luq-.jpg?resize=274%2C300&amp;ssl=1 274w, https:\/\/i0.wp.com\/www.rdpemancipation.org\/wp-content\/uploads\/2021\/05\/racisme-luq-.jpg?resize=768%2C841&amp;ssl=1 768w, https:\/\/i0.wp.com\/www.rdpemancipation.org\/wp-content\/uploads\/2021\/05\/racisme-luq-.jpg?w=1080&amp;ssl=1 1080w\" sizes=\"auto, (max-width: 552px) 100vw, 552px\" \/><\/figure>\n\n\n\n<figure class=\"wp-block-image is-resized is-style-default\"><img loading=\"lazy\" decoding=\"async\" src=\"https:\/\/scontent.fhex4-2.fna.fbcdn.net\/v\/t1.6435-0\/p526x296\/185713473_1203719296717203_508464702542162611_n.jpg?_nc_cat=103&amp;ccb=1-3&amp;_nc_sid=730e14&amp;_nc_ohc=hhGUPfkhrjoAX_ca7sj&amp;_nc_oc=AQnEkO3qZR8f7huaTCLa3yLNTY6nrc0NJdBWJDdWsJocjzV815avNZwIECvsXqDOtcc&amp;_nc_ht=scontent.fhex4-2.fna&amp;tp=6&amp;oh=80ec6faf3f68801fb07190cbd8742515&amp;oe=60C39C3E\" alt=\"Peut \u00eatre une image de 8 personnes, personnes debout et texte\" width=\"390\" height=\"581\"\/><\/figure>\n\n\n\n<p><span class=\"has-inline-color has-vivid-red-color\"><strong>14 Mai en continu<\/strong><\/span><\/p>\n\n\n\n<p><a href=\"https:\/\/www.revolutionpermanente.fr\/Scandale-Darmanin-interdit-les-manifestations-de-soutien-au-peuple-palestinien-de-samedi\">Scandale&nbsp;: Darmanin interdit les manifestations de soutien au peuple palestinien \u00e0 Paris<\/a> (RP)<\/p>\n\n\n\n<p><a href=\"https:\/\/info.mediapart.fr\/optiext\/optiextension.dll?ID=TpoTpu4onKHz2zqpuz_1xbw1OIaGXYSUrPUlScugYx%2BWMZRDKCVHnNYz0Q69MzEkOjdhCeGcuQKhEkLZnLz4ufUA3kWfF\">Bertrand Heilbronn: \u00abOn a l\u2019impression que Darmanin veut cr\u00e9er des incidents\u00bb<\/a> (MDP)<\/p>\n\n\n\n<p><a href=\"https:\/\/www.blast-info.fr\/articles\/2021\/democratie-la-france-bascule-dans-lobscurite-ZFeYoTI2ToekLQkGTR8zqg\">D\u00e9mocratie : La France bascule dans l\u2019obscurit\u00e9<\/a> (vid\u00e9o Blast)<\/p>\n\n\n\n<figure class=\"wp-block-embed is-type-video is-provider-youtube wp-block-embed-youtube wp-embed-aspect-16-9 wp-has-aspect-ratio\"><div class=\"wp-block-embed__wrapper\">\n<iframe loading=\"lazy\" title=\"D\u00c9MOCRATIE : LA FRANCE BASCULE DANS L&#039;OBSCURIT\u00c9\" width=\"1200\" height=\"675\" src=\"https:\/\/www.youtube.com\/embed\/rImfQnYEWY8?feature=oembed\" frameborder=\"0\" allow=\"accelerometer; autoplay; clipboard-write; encrypted-media; gyroscope; picture-in-picture\" allowfullscreen><\/iframe>\n<\/div><\/figure>\n\n\n\n<p><a href=\"https:\/\/info.mediapart.fr\/optiext\/optiextension.dll?ID=TpoTmSHkZcvuljxMEjAzuI3m3WsNKJzSE2RpF_f%2BamLk2%2Bk9LqIny80UHgvUaxMvNG4BiMmWWREcaHPZ11Bi7k4lyvunu\">Les \u00abamis\u00bb de Zemmour s\u2019occupent de financer sa candidature \u00e0 la pr\u00e9sidentielle<\/a> (MDP)<\/p>\n\n\n\n<p><a href=\"https:\/\/www.revolutionpermanente.fr\/Lundi-matin-sur-le-1er-mai-defense-du-cortege-de-tete-ou-eloge-de-la-decomposition\">Lundi matin sur le 1er mai&nbsp;: d\u00e9fense du cort\u00e8ge de t\u00eate ou \u00e9loge de la d\u00e9composition&nbsp;?<\/a> (RP)<\/p>\n\n\n\n<figure class=\"wp-block-image is-style-default\"><img decoding=\"async\" src=\"https:\/\/scontent.fhex4-1.fna.fbcdn.net\/v\/t1.6435-9\/186295420_1203351180087348_834023704980478381_n.png?_nc_cat=102&amp;ccb=1-3&amp;_nc_sid=730e14&amp;_nc_ohc=qM8WQzezD_oAX-oCSfS&amp;_nc_ht=scontent.fhex4-1.fna&amp;oh=0b034b9e7d9888dc43c4ac085f7fc58b&amp;oe=60C2DAC6\" alt=\"Peut \u00eatre une image de texte qui dit \u2019La noix d'honneur E bleu-blanc-rouge de PINGL\u00c9E au gilet Philippe Ballard, ex-jour- naliste de LCI qui m\u00e8ne d\u00e9sormais la liste RN aux r\u00e9gionales \u00e0 Paris. Il a voulu \u00e9taler sa science au << Grand Oral des << Grandes Gueules (RMC, 10\/5): Vous connaissez Ramzy ? C'est ce marxiste, philosophe italien du XX si\u00e8cle, qui dit &quot;Avant de ga- gner la bataille poli- tique, il faut gagner la bataille culturelle. &gt;&gt; Ah non, \u00e7a, c'est Gramsci, pr\u00e9nom Anto- nio. A ne pas confondre avec (Eric et) Ramzy Pour Philippe Ballard, la bataille culturelle, c'est pas gagn\u00e9...\u2019\"\/><\/figure>\n\n\n\n<p><a href=\"https:\/\/www.revolutionpermanente.fr\/Anti-systeme-Dans-l-Herault-le-RN-recycle-un-ancien-du-PS-passe-par-LREM-en-tete-de-liste\">Anti-syst\u00e8me&nbsp;? Dans l\u2019H\u00e9rault, le RN recycle un ancien du PS pass\u00e9 par LREM en t\u00eate de liste<\/a> (RP)<\/p>\n\n\n\n<p><a href=\"https:\/\/www.humanite.fr\/les-depenses-militaires-face-aux-besoins-humains-les-centaines-de-milliards-de-la-honte-707078#xtor=RSS-1\">Les d\u00e9penses militaires face aux besoins humains. Les centaines de milliards de la honte<\/a> (L\u2019Humanit\u00e9)<\/p>\n\n\n\n<p><a href=\"https:\/\/lanticapitaliste.org\/evenement\/paris-ballade-sur-les-traces-de-la-commune\">Paris &#8211; Ballade sur les traces de la Commune<\/a> (L\u2019Anticapitaliste)<\/p>\n\n\n\n<p><a href=\"https:\/\/la-bas.org\/6374\">Comprendre la Commune de Paris : #09. La plus f\u00e9conde de nos d\u00e9faites<\/a> (L\u00e0-bas si j\u2019y suis)<\/p>\n\n\n\n<p><a href=\"https:\/\/www.humanite.fr\/13-mai-1871-lettres-et-de-karl-marx-707044#xtor=RSS-1\">13 mai 1871, lettres \u00e0 \u2013 et de \u2013 Karl Marx<\/a> &#8211; Mich\u00e8le Audin (L\u2019Humanit\u00e9)<\/p>\n\n\n\n<figure class=\"wp-block-image is-resized is-style-default\"><img loading=\"lazy\" decoding=\"async\" src=\"https:\/\/scontent.fhex4-1.fna.fbcdn.net\/v\/t1.6435-9\/185617437_1203024256786707_4095128423073821998_n.png?_nc_cat=105&amp;ccb=1-3&amp;_nc_sid=730e14&amp;_nc_ohc=58cSkoEkINcAX9dgSYe&amp;_nc_ht=scontent.fhex4-1.fna&amp;oh=ec6b68e280a6189f843e8c1b57d69bfc&amp;oe=60C28BC4\" alt=\"Peut \u00eatre une image de monument et texte qui dit \u2019D\u00e9claration des Droits de l'Homme et du Citoyen de 1793 Article35 Quand le gouvernement viole les droits du du peuple, l'insurrection est pour le peuple et pour chaque portion du peuple, le plus sacr\u00e9 des droits et le plus indispensable des devoirs.\u2019\" width=\"416\" height=\"416\"\/><\/figure>\n\n\n\n<p><span class=\"has-inline-color has-vivid-red-color\"><strong>13 Mai en continu<\/strong><\/span><\/p>\n\n\n\n<p><a href=\"https:\/\/l.facebook.com\/l.php?u=https:\/\/www.francetvinfo.fr\/economie\/emploi\/metiers\/armee-et-securite\/le-depute-eric-ciotti-soutient-et-signe-la-nouvelle-tribune-de-militaires-publiee-par-valeurs-actuelles_4619823.html?fbclid=IwAR3LpDeKMjVBn5bIPZpKVJ6ICHqA1gLLnziMQxvgaFWo7bj_TepgjmAQo94&amp;h=AT31JB6-VChDyfaBNl8I3Q8D3KQzsPkf8q_Cwtpd7ZaWEQYarZIgVulF1a_IG-8R5ZDHabN0ud3IWkNvsCXLoQAj36JKOfewM_Q-5G7868j9jc3XEzMFoHWlk0QPa5tfGLdqPZU&amp;__tn__=,mH-R&amp;c%5B0%5D=AT2F6T7ARqnJlTqmgtlOn0GBMSmiuBOOlVSnlvqqGqXN_YEN92KAU2ucQFnh6Lknx7bKh_e2BwGCrcRo1h-0mix6H3cBUQjf_bEKrebwT_1Ykx8HrwKY7x5Tf7bYHKJ-Er-K-5uuvuqO4K9YHm-ZhkF-3hE4TJlRRdzwhplT5DOq4io\">Eric Ciotti \u00ab\u00a0soutient\u00a0\u00bb et \u00ab\u00a0signe\u00a0\u00bb la nouvelle tribune de militaires publi\u00e9e par \u00ab\u00a0Valeurs actuelles\u00a0\u00bb <\/a>(France Info)<\/p>\n\n\n\n<p><a href=\"https:\/\/l.facebook.com\/l.php?u=https:\/\/www.lemonde.fr\/politique\/article\/2020\/10\/27\/le-depute-eric-ciotti-vise-par-une-enquete-pour-detournement-de-fonds-publics_6057570_823448.html?fbclid=IwAR2DYtkG6Q58gvNjAvmZb0lhgX3oothFpGb9RuHlJ9tFvNLt0zbKwkxDz64&amp;h=AT33XoqgjzdgAClZc0BpNOKywRPEs0M7BsOogFxfDCRjXVmHx672m3uZV6PILdzdOsL7OJJshoIS6yV56aqDraWwDIggbDZoGrVbDjmpeZtT_LSLLzXSLqA5JjI9lEyzxs4edh8&amp;__tn__=,mH-R&amp;c%5B0%5D=AT0sDkmInbn6lXjvrDqUUaYVTwC4l_4rjC1kMrwMDATe2hbB4xfvE_lTOPjJldd3zh8SB-KCX0ndXDCjErETQhGGxhMmOZj1F_QLhtmKcdlAK7-y_C3ch2qw1m3j1kyzPTeskdNVsY8JxieLUQaZ-Eox0Aq8lEadvwy0qIjoQB4_XIc\">&nbsp;Eric Ciotti vis\u00e9 par une enqu\u00eate pour \u00ab d\u00e9tournement de fonds publics \u00bb&nbsp;<\/a> (Le Monde)<\/p>\n\n\n\n<p><a href=\"https:\/\/lanticapitaliste.org\/actualite\/logement\/quartiers-populaires-une-belle-manifestation-ce-samedi-8-mai-saint-denis\">Quartiers populaires : une belle manifestation ce samedi 8 mai \u00e0 Saint-Denis<\/a> (L\u2019Anticapitaliste)<\/p>\n\n\n\n<p><a href=\"https:\/\/l.facebook.com\/l.php?u=https:\/\/www.liberation.fr\/politique\/regionales-en-normandie-lancien-patron-de-la-dst-yves-bonnet-rallie-le-rn-20210511_YHFINH6HR5E7FDVVNIRPGZYIEM\/?fbclid=IwAR3OD4_0uTbN1slZqDdO2TtVieDfNJ4CqRtvqv26LM0dWbNGWGE3DaYJ1_Y&amp;h=AT2kfEIBGiW_U9LYiUSJ6k9GjGjIz6qJp7FG7GRIvNCDFlQI8iY2yBU5zdnNxz3LrKCrfIDyyhZtEFxON4DDydCllduNvzrZEvjFPnfnGErDDui0byqt6OQno6QdEet5kWS8cuk&amp;__tn__=,mH-R&amp;c%5B0%5D=AT13TbFw-H_83wW4IoTkvUvq2-6fdSAEHg95EotRDR4u78r1QXY3D3nWWnFsG9G9ejcbOLL4FhS5Y0yJ8O8o5rcK5lEhm92dszYJ-0MBfJY6H3jDjA4qv-MAronYFhcxCKdYEsUzTsYXzJuNWSdhRFuzyN7k_iYhTB0l7_EVPjuq7oE\">R\u00e9gionales en Normandie : l\u2019ancien patron du contre-espionnage Yves Bonnet rallie le RN <\/a>(Lib\u00e9ration)<\/p>\n\n\n\n<p><a href=\"https:\/\/lanticapitaliste.org\/actualite\/histoire\/abolition-de-lesclavage-et-capitalisme\">Abolition de l\u2019esclavage et capitalisme<\/a> (L\u2019Anticapitaliste)<\/p>\n\n\n\n<p><a href=\"https:\/\/info.mediapart.fr\/optiext\/optiextension.dll?ID=B54B__EeUEVS1_dQikDxFGubVQjTOTCQEwuEuEqtzKSExRWlsBzETPxFQu5y6PTWs8npLVl0rJr1s8qI%2BdiDAt2thDRdJ\">Derri\u00e8re des projets d\u2019attentats, la petite sc\u00e8ne de l\u2019ultra-droite alsacienne<\/a> (MDP)<\/p>\n\n\n\n<p><a href=\"https:\/\/info.mediapart.fr\/optiext\/optiextension.dll?ID=B54B95Pqd4JCrz4dIxpm2SWx0Ti3fbvxOSAtd_4rcivadLcRsMA7xKkLUAR4sZfPpKm5zZG7ZHT5bDXo07X2HT0hgVVRZ\">Beno\u00eet Hamon: \u00abNous sommes dans un moment pr\u00e9-fasciste\u00bb<\/a> -vid\u00e9o<\/p>\n\n\n\n<figure class=\"wp-block-image is-resized is-style-default\"><img data-recalc-dims=\"1\" loading=\"lazy\" decoding=\"async\" src=\"https:\/\/i0.wp.com\/static.politis.fr\/medias\/articles\/2021\/05\/les-dessins-de-la-semaine-daurel-militaires-et-terrasses-43160\/image-43160.jpg?resize=293%2C405&#038;ssl=1\" alt=\"Les dessins de la semaine d'Aurel : militaires et terrasses\" width=\"293\" height=\"405\"\/><\/figure>\n\n\n\n<p><a href=\"https:\/\/ricochets.cc\/Occupation-du-Conseil-Departemental-non-au-nucleaire-ni-en-Drome-ni-ailleurs.html\">Occupation du Conseil D\u00e9partemental&nbsp;: non au nucl\u00e9aire ni en Dr\u00f4me ni ailleurs&nbsp;!<\/a> (Ricochets)<\/p>\n\n\n\n<p><a href=\"https:\/\/www.acrimed.org\/Lire-Dirigeants-de-medias-Sociologie-d-un-groupe\">Lire : Dirigeants de m\u00e9dias. Sociologie d&rsquo;un groupe patronal, de Julie Sedel<\/a> (Acrimed)<\/p>\n\n\n\n<p><a href=\"https:\/\/www.lacledesondes.fr\/article\/debaptiser-les-ecoles-et-rues-le-combat-contre-thiers-les-espoirs-contre-bugeaud\">D\u00e9baptiser les \u00e9coles et rues : le combat contre Thiers, les espoirs contre Bugeaud<\/a> (La Cl\u00e9 des Ondes)<\/p>\n\n\n\n<p><a href=\"https:\/\/www.bastamag.net\">Le d\u00e9bat sur Napol\u00e9on r\u00e9v\u00e8le la position subalterne des Afro-descendants en France <\/a>(Bastamag)<\/p>\n\n\n\n<p><a href=\"http:\/\/www.regards.fr\/la-revue-de-presse-de-lulu\/article\/la-revue-de-lulu-du-12-mai-2021\">La Revue de Lulu du 12 mai 2021<\/a> par Lucien Atencia (Regards)<\/p>\n\n\n\n<p><a href=\"https:\/\/www.equaltimes.org\/sans-diversite-humaine-il-ne-peut\">Sans diversit\u00e9 humaine, il ne peut y avoir de biodiversit\u00e9<\/a> (Equal Times)<\/p>\n\n\n\n<p><a href=\"https:\/\/www.contretemps.eu\/journal-commune-12-mai-1871\/\">La Commune au jour le jour. Vendredi 12 mai 1871<\/a> (Contretemps)<\/p>\n\n\n\n<figure class=\"wp-block-image is-style-default\"><img decoding=\"async\" src=\"https:\/\/scontent.fhex4-2.fna.fbcdn.net\/v\/t1.6435-9\/185625669_1202458956843237_2972937951158730589_n.png?_nc_cat=111&amp;ccb=1-3&amp;_nc_sid=730e14&amp;_nc_ohc=S3go2pcLtusAX9RBiS_&amp;_nc_ht=scontent.fhex4-2.fna&amp;oh=4ea3395a93a02aae16409281a5ce92a4&amp;oe=60C14D50\" alt=\"Peut \u00eatre une capture d\u2019\u00e9cran de Twitter de 1 personne et texte qui dit \u2019Sylvain @Sylvqin Suivre J'ose pas cliquer putain c'est trop beau. ABONNEZ-VOUS RETWEETS 45 226 J'AIME 40 311 HD 19:57 avr. 2017 \uc911+\u2019\"\/><\/figure>\n\n\n\n<p><span class=\"has-inline-color has-vivid-red-color\"><strong>12 Mai en continu<\/strong><\/span><\/p>\n\n\n\n<p><a href=\"https:\/\/www.terrestres.org\/2021\/05\/10\/la-fin-du-monde-vue-par-le-capital-financier\/?utm_source=rss&amp;utm_medium=rss&amp;utm_campaign=la-fin-du-monde-vue-par-le-capital-financier\">La fin du monde vue par le capital financier<\/a> (Terrestres)<\/p>\n\n\n\n<p><a href=\"https:\/\/blogs.mediapart.fr\/jean-marc-b\/blog\/110521\/capitalisme-senile-perspectives-revolutionnaires-video-npa-33\">Capitalisme s\u00e9nile, perspectives r\u00e9volutionnaires -vid\u00e9o NPA 33&nbsp;<\/a><\/p>\n\n\n\n<p><a href=\"https:\/\/blogs.mediapart.fr\/jean-marc-b\/blog\/110521\/riches-taxe-pas-reprend-tout\">Riches : on taxe pas, on (re)prend tout ! <\/a>-vid\u00e9o Le M\u00e9dia<\/p>\n\n\n\n<p><a href=\"https:\/\/blogs.mediapart.fr\/jean-marc-b\/blog\/110521\/capitalisme-senile-perspectives-revolutionnaires-video-npa-33\">Capitalisme s\u00e9nile, perspectives r\u00e9volutionnaires -vid\u00e9o NPA 33&nbsp;<\/a><\/p>\n\n\n\n<figure class=\"wp-block-embed is-type-video is-provider-youtube wp-block-embed-youtube wp-embed-aspect-16-9 wp-has-aspect-ratio\"><div class=\"wp-block-embed__wrapper\">\n<iframe loading=\"lazy\" title=\"capitalisme s\u00e9nile, perspectives r\u00e9volutionnaires\" width=\"1200\" height=\"675\" src=\"https:\/\/www.youtube.com\/embed\/8g2_eYKI4Wg?feature=oembed\" frameborder=\"0\" allow=\"accelerometer; autoplay; clipboard-write; encrypted-media; gyroscope; picture-in-picture\" allowfullscreen><\/iframe>\n<\/div><\/figure>\n\n\n\n<p><a href=\"https:\/\/lanticapitaliste.org\/communique\/strasbourg-nazis-hors-de-nos-vies-et-de-nos-manifestations\">Strasbourg : nazis hors de nos vies et de nos manifestations !<\/a> -NPA67<\/p>\n\n\n\n<p><a href=\"https:\/\/blogs.mediapart.fr\/jean-marc-b\/blog\/100521\/10-mai-1981-tournant-neo-liberal-francafrique-retour-sur-la-trahison-mitterrand\">10 mai 1981&nbsp;: tournant n\u00e9o-lib\u00e9ral, Fran\u00e7afrique\u2026 retour sur la trahison Mitterrand <\/a>-Irena Mathilde&nbsp;<\/p>\n\n\n\n<p><a href=\"https:\/\/blogs.mediapart.fr\/jean-marc-b\/blog\/100521\/10-mai-1981-genealogie-d-une-desillusion-le-pcf-et-l-echec-d-une-strategie\">10 mai 1981 : g\u00e9n\u00e9alogie d\u2019une d\u00e9sillusion. Le PCF et l\u2019\u00e9chec d\u2019une strat\u00e9gie <\/a>-Laurent L\u0439vy (Contretemps)<\/p>\n\n\n\n<p><a href=\"https:\/\/blogs.mediapart.fr\/jean-marc-b\/blog\/100521\/la-tribune-des-generaux-l-armee-et-la-cinquieme-republique-claude-serfati\">La tribune des g\u00e9n\u00e9raux, l\u2019arm\u00e9e et la Cinqui\u00e8me R\u00e9publique -Claude Serfati&nbsp;<\/a><\/p>\n\n\n\n<p><a href=\"https:\/\/blogs.mediapart.fr\/jean-marc-b\/blog\/100521\/continuons-exprimer-dans-la-rue-la-necessite-du-tous-ensemble\">Continuons \u00e0 exprimer dans la rue la n\u00e9cessit\u00e9 du tous ensemble ! <\/a>(AR)<\/p>\n\n\n\n<p><a href=\"https:\/\/blogs.mediapart.fr\/jean-marc-b\/blog\/100521\/napoleon-genocidaire-celebre-par-macron-et-autres-complices-video\">Napol\u00e9on, g\u00e9nocidaire c\u00e9l\u00e9br\u00e9 par Macron et autres complices -vid\u00e9o<\/a><\/p>\n\n\n\n<p><a href=\"https:\/\/blogs.mediapart.fr\/georges-andre\/blog\/100521\/marche-pour-le-climat-clermont-ferrand\">Marche pour le climat \u00e0 Clermont-Ferrand<\/a> &#8211; Georges-Andr\u00e9&nbsp;<\/p>\n\n\n\n<p><a href=\"http:\/\/www.regards.fr\/politique\/article\/comment-les-communistes-ont-vote-roussel-2022\">Comment les communistes ont vot\u00e9 Roussel 2022<\/a> par Roger Martelli (Regards)<\/p>\n\n\n\n<p><a href=\"https:\/\/www.humanite.fr\/tribune-de-militaires-la-recidive-de-valeurs-actuelles-706641#xtor=RSS-1\">Tribune de militaires. La r\u00e9cidive de Valeurs actuelles<\/a> (L\u2019Humanit\u00e9)<\/p>\n\n\n\n<p><a href=\"https:\/\/info.mediapart.fr\/optiext\/optiextension.dll?ID=%2BDC%2ByOy27pDtD4Hdf%2B8MDncVSK%2BN%2BOyJPr0lCwOy2Zljy5Cp2vcMVW7kNamHdZeLGERRnHOFzqUYTNS4Gz%2Bs7vONPS5%2BA\">100 organisations locales appellent au soutien au proc\u00e8s des \u00abmalfaiteurs\u00bb de Bure!<\/a> &#8211; <a href=\"https:\/\/info.mediapart.fr\/optiext\/optiextension.dll?ID=%2BDC%2BE9Tp4vknIMzdiJugs4uOZ9Y6vSlX%2Bucf_bXIe%2BfnJEhp3ZRnh3SZ%2BDzBHkc1Quy3cbjW%2BnZJRNtDCJkuIPXW78k%2Bu\">stopcigeo-bure<\/a> (MDP)<\/p>\n\n\n\n<p><a href=\"https:\/\/www.saphirnews.com\/Departementales-la-presence-d-une-candidate-voilee-divise-LREM-accusee-de-faire-le-jeu-de-l-extreme-droite_a28088.html\">D\u00e9partementales : la pr\u00e9sence d&rsquo;une candidate voil\u00e9e divise LREM <\/a> (SaphirNews)<\/p>\n\n\n\n<p><a href=\"https:\/\/info.mediapart.fr\/optiext\/optiextension.dll?ID=%2BDC%2BFw1kN_2VqpYSnOE5P_MynTK_OCAfco8WU4MymykT%2Bgrp3h_EzspJMiouq0ZU37Avqhs0jEFI0yFzc4wJOAC50CkpM\">Candidate voil\u00e9e: LREM colle au RN<\/a> (MDP)<\/p>\n\n\n\n<figure class=\"wp-block-image is-resized is-style-default\"><img loading=\"lazy\" decoding=\"async\" src=\"https:\/\/scontent.fsti4-1.fna.fbcdn.net\/v\/t1.6435-9\/184888982_1201703586918774_4040197508857922054_n.jpg?_nc_cat=111&amp;ccb=1-3&amp;_nc_sid=730e14&amp;_nc_ohc=TYtoTHYcBMUAX-giOFN&amp;_nc_ht=scontent.fsti4-1.fna&amp;oh=db2178f7d3fe73d660c4b5b898b8e8a1&amp;oe=60BF6BB0\" alt=\"Peut \u00eatre une image de 5 personnes, plein air et texte\" width=\"324\" height=\"371\"\/><\/figure>\n\n\n\n<p><a href=\"https:\/\/info.mediapart.fr\/optiext\/optiextension.dll?ID=%2BDC%2ByZea4T1eLlmaBBVnXpQcLJc7NzGd2d8D6PVIse5612XV3%2BGRgPWyQF76xsFMZzUXZ7pCb%2BYeyiCh106pyG_82I2VD\">Candidate voil\u00e9e: ses colistiers raillent les vieux politiciens parisiens<\/a> (MDP)<\/p>\n\n\n\n<p><a href=\"https:\/\/www.humanite.fr\/vaccin-comment-macron-trompe-son-monde-sur-la-levee-des-brevets-706680#xtor=RSS-1\">Vaccin. Comment Macron trompe son monde sur la lev\u00e9e des brevets<\/a> (L\u2019Humanit\u00e9)<\/p>\n\n\n\n<p><a href=\"https:\/\/info.mediapart.fr\/optiext\/optiextension.dll?ID=%2BDC%2BDjEUxJfS0GXlqQw7MzcogrEztz%2BrdiTzVytmqNaQ%2BM8V3KixNKm_japsLh98EmRah1TqTb05GXtQwkuy6%2B7TTHF3X\">Fin de vie: Macron choisit l\u2019esquive par la droite<\/a> (MDP)<\/p>\n\n\n\n<p><a href=\"https:\/\/info.mediapart.fr\/optiext\/optiextension.dll?ID=%2BDC%2BEWRRrLCSRawYiFzgAYqUDbGqLoOwOLY27hxFqKETwXnV3EOWa4Y4HB4Qm1PjKnFzCzSV2HhaqBXZ7HHtX1lqefn%2Br\">La p\u00e9nalisation des squats inqui\u00e8te les associations<\/a> (MDP)<\/p>\n\n\n\n<p><a href=\"https:\/\/blogs.mediapart.fr\/jean-marc-b\/blog\/110521\/les-jeux-olympiques-chanson-henri-tachan\">Les Jeux Olympiques -Chanson Henri Tachan&nbsp;<\/a><\/p>\n\n\n\n<p><a href=\"https:\/\/blogs.mediapart.fr\/jean-marc-b\/blog\/110521\/la-commune-est-toujours-vivante-video-solidaires\">La Commune est toujours vivante -vid\u00e9o Solidaires<\/a><\/p>\n\n\n\n<p><a href=\"https:\/\/blogs.mediapart.fr\/jean-marc-b\/blog\/100521\/rimbaud-communard-un-programme-poetique-pour-la-commune-de-paris\">Rimbaud communard: un programme po\u00e9tique pour la Commune de Paris <\/a>-Fr\u00e9d\u00e9ric Thomas<\/p>\n\n\n\n<p><a href=\"https:\/\/radioparleur.net\/2021\/05\/11\/la-commune-ludivine-bantigny\/\">Ludivine Bantigny : \u00ab la Commune continue d\u2019inspirer les luttes \u00bb<\/a> (Radioparleur)<\/p>\n\n\n\n<figure class=\"wp-block-image is-resized is-style-default\"><img loading=\"lazy\" decoding=\"async\" src=\"https:\/\/scontent.fsti4-2.fna.fbcdn.net\/v\/t1.6435-9\/184495309_1201783633577436_6887570546042590790_n.png?_nc_cat=107&amp;ccb=1-3&amp;_nc_sid=730e14&amp;_nc_ohc=O46VGdwQMd0AX9V21Vh&amp;_nc_ht=scontent.fsti4-2.fna&amp;oh=7759e441fe936423fc9f57191b99d019&amp;oe=60BF1CD0\" alt=\"Peut \u00eatre une image de texte qui dit \u2019NATIONALISME VOUS APPREND \u00c0 \u00caTRE FIERDETRUCS NAV PAS FAIT &amp; HAiR GENS VOUS NAVI JAMAIS RENCONTRES.\u2019\" width=\"303\" height=\"428\"\/><\/figure>\n\n\n\n<figure class=\"wp-block-image size-large is-resized is-style-default\"><img data-recalc-dims=\"1\" loading=\"lazy\" decoding=\"async\" src=\"https:\/\/i0.wp.com\/www.rdpemancipation.org\/wp-content\/uploads\/2021\/05\/185081533_1201790080243458_6577977606080420231_n.png?resize=312%2C390&#038;ssl=1\" alt=\"\" class=\"wp-image-29507\" width=\"312\" height=\"390\" srcset=\"https:\/\/i0.wp.com\/www.rdpemancipation.org\/wp-content\/uploads\/2021\/05\/185081533_1201790080243458_6577977606080420231_n.png?w=684&amp;ssl=1 684w, https:\/\/i0.wp.com\/www.rdpemancipation.org\/wp-content\/uploads\/2021\/05\/185081533_1201790080243458_6577977606080420231_n.png?resize=240%2C300&amp;ssl=1 240w\" sizes=\"auto, (max-width: 312px) 100vw, 312px\" \/><\/figure>\n\n\n\n<p><span class=\"has-inline-color has-vivid-red-color\"><strong>11 Mai en continu<\/strong><\/span><\/p>\n\n\n\n<p><a href=\"https:\/\/www.boursorama.com\/actualite-economique\/actualites\/tribune-de-militaires-castex-denonce-une-man-uvre-de-l-extreme-droite-7837bdfee50b2fbf0b71f0f8a1a890a8\">Tribune de \u00ab\u00a0militaires\u00a0\u00bb: Castex d\u00e9nonce une \u00ab\u00a0man\u0153uvre de l&rsquo;extr\u00eame droite\u00a0\u00bb<\/a> (AFP)<\/p>\n\n\n\n<p><a href=\"https:\/\/lanticapitaliste.org\/communique\/nouvelle-tribune-de-militaires-la-reaction-sorganise-nous-de-reprendre-loffensive\">Nouvelle tribune de militaires : la r\u00e9action s\u2019organise, \u00e0 nous de reprendre l\u2019offensive<\/a> (L\u2019Anticapitaliste)<\/p>\n\n\n\n<p><a href=\"https:\/\/info.mediapart.fr\/optiext\/optiextension.dll?ID=jRQjQQTNOVi%2BTBsj5fjCiCYHJU7b2Ww6rX%2B07aaytXtsIbazaZRhYK0_bFrOmufMXFqlZM9R70yZvzv3zg9nsuZw9r5HK\">Climat: o\u00f9 est pass\u00e9e la col\u00e8re?<\/a> (MDP)<\/p>\n\n\n\n<p><a href=\"https:\/\/www.bastamag.net\/1er-Mai-CGT-SO-affrontements-cortege-de-tete-gilets-jaunes-violence-manifestation\">Affrontements du 1er mai : peut-on se payer le luxe de r\u00e9gler nos diff\u00e9rends \u00e0 coups de poing ?<\/a> (Basta&nbsp;!)<\/p>\n\n\n\n<p><a href=\"https:\/\/www.rue89lyon.fr\/2021\/05\/09\/marche-pour-climat-lyon-ecolos-et-syndicats-tentent-converger\/\">Marche pour le climat \u00e0 Lyon : \u00e9colos et syndicats tentent de converger<\/a> (Rue89Lyon)<\/p>\n\n\n\n<p><a href=\"https:\/\/www.humanite.fr\/lesclavage-et-la-traite-negriere-sont-ils-constitutifs-du-capitalisme-706618#xtor=RSS-1\">L\u2019esclavage et la traite n\u00e9gri\u00e8re sont-ils constitutifs du capitalisme ?<\/a> (L\u2019Humanit\u00e9)<\/p>\n\n\n\n<p><a href=\"https:\/\/www.revolutionpermanente.fr\/10-mai-1981-un-anniversaire-sous-le-signe-de-la-trahison-et-de-l-echec-du-reformisme\">10 mai 1981&nbsp;: tournant n\u00e9o-lib\u00e9ral, Fran\u00e7afrique\u2026 retour sur la trahison Mitterrand<\/a> (RP)<\/p>\n\n\n\n<p><a href=\"https:\/\/ricochets.cc\/Il-n-existe-pas-de-crise-de-la-democratie-mais-plutot-un-puissant-desir-de-democratie.html\">Il n&rsquo;existe pas de crise de la d\u00e9mocratie, mais plut\u00f4t un puissant d\u00e9sir de d\u00e9mocratie<\/a> (Ricochets)<\/p>\n\n\n\n<p><a href=\"https:\/\/www.revue-ballast.fr\/lhypothese-communiste-libertaire\/\">L\u2019hypoth\u00e8se communiste libertaire<\/a> (Ballast )<\/p>\n\n\n\n<p><a href=\"http:\/\/cadtm.org\/Bonnes-Nouvelles-Les-victoires-sociales-et-ecologiques-d-avril-2021\">[Bonnes Nouvelles] Les victoires sociales et \u00e9cologiques d&rsquo;avril 2021<\/a> (CADTM)<\/p>\n\n\n\n<p><a href=\"https:\/\/rapportsdeforce.fr\/breves\/quand-lextreme-droite-renoue-avec-lattaque-des-mouvements-sociaux-051010260\">Quand l\u2019extr\u00eame droite renoue avec l\u2019attaque des mouvements sociaux<\/a> (Rapports de Force)<\/p>\n\n\n\n<p><a href=\"https:\/\/www.monde-diplomatique.fr\/1981\/05\/BRIE\/36143\">Habits neufs et fausses pudeurs de l&rsquo;extr\u00eame droite<\/a> &#8211; Christian de Brie (1981, Le Monde diplomatique)<\/p>\n\n\n\n<p><a href=\"http:\/\/www.regards.fr\/monde\/article\/ecologie-fiscalite-covid-comment-biden-ridiculise-macron\">\u00c9cologie, fiscalit\u00e9, Covid : comment Biden ridiculise Macron<\/a> &#8211; Lo\u00efc Le Clerc (Regards)<\/p>\n\n\n\n<p><a href=\"https:\/\/info.mediapart.fr\/optiext\/optiextension.dll?ID=jRQjQH4pmoFpKVMZb0Hxv%2BSLlS1kP9lr0zxyA0nxV0BcCXL5a_TCkWR3Q66TisRkSzh66iBWMkK9SyX5jNc%2BdRGSJkBXe\">Bienvenue en Greenwashie<\/a> &#8211;<a href=\"https:\/\/info.mediapart.fr\/optiext\/optiextension.dll?ID=jRQjTV0U7bmF3AzDUPjRWQu%2BaNdKgsIxlr1_LE0qPXsJBgFzakIPD3P7YdRVeI325HWfEOHDy_CpVRLDz%2Be1rINUnCGz7\">Albin Wagener<\/a><\/p>\n\n\n\n<p><a href=\"https:\/\/info.mediapart.fr\/optiext\/optiextension.dll?ID=jRQjTaqwSqzrwmPXTc%2BnUd0Fk3wgPjdF3XoOl5AWUsCRkU45a8ut5O0FtqSxt%2BY5eNhDukvbSSIolu8fzjOdoI301eNXV\">Prochaine r\u00e9volution: propositions de date pour 2021<\/a> &#8211; CMichael<\/p>\n\n\n\n<p><a href=\"https:\/\/www.boursorama.com\/actualite-economique\/actualites\/un-tiers-des-francais-juge-le-rn-capable-de-gouverner-beb47ae565caec8830482b5147a7caee\">Un tiers des Fran\u00e7ais juge le RN capable de gouverner<\/a> (AFP)<\/p>\n\n\n\n<p><a href=\"https:\/\/www.lemediatv.fr\/emissions\/2021\/impot-sur-la-fortune-les-mensonges-de-macron-7piaJacZTc6JMF6ckJEvIg\">Imp\u00f4t sur la fortune : les mensonges de Macron<\/a> (Le M\u00e9dia )<\/p>\n\n\n\n<p><a href=\"http:\/\/www.regards.fr\/la-revue-de-presse-de-lulu\/article\/la-revue-de-lulu-du-10-mai-2021\">La Revue de Lulu du 10 mai 2021<\/a> par Lucien Atencia (Regards)<\/p>\n\n\n\n<p><a href=\"https:\/\/info.mediapart.fr\/optiext\/optiextension.dll?ID=jRQjQo9SRxb6FPa9DnGbgHE2XUrUh5hZFnr2CdPc4l6_Ac%2B5b1qFhPzgshZu8xthQAhyghzmg7VqpAyhFnIO6ZiH9nars\">Morgan Large, la journaliste bretonne qui d\u00e9range<\/a> (MDP)<\/p>\n\n\n\n<p><a href=\"https:\/\/info.mediapart.fr\/optiext\/optiextension.dll?ID=jRQjSdGbpuaPey%2B6YtnfBOx6EHtDmPUUGFsaeFaaEcJLSpOzb7wehNDxPVmpxGD%2BC8FnxqpbC4hMNh%2B9VBe1C4I1U_EzH\">Usul. Pourquoi il faut absolument \u00abcancel\u00bb Napol\u00e9on<\/a> -Usul et R\u00e9mi Liechti<\/p>\n\n\n\n<p><a href=\"https:\/\/info.mediapart.fr\/optiext\/optiextension.dll?ID=jRQjS6HxAQ4BBDRtfHlbawxN9bpm0ClilerlzZsfEXJGuPj5aO6oFbhb_o7BMC4fhdYfx8HdnvGDQAFMAqg1xW%2Bw%2Bw%2BHR\">Ecole de Marion Mar\u00e9chal: anatomie d\u2019un fiasco<\/a> (MDP)<\/p>\n\n\n\n<p> <\/p>\n\n\n\n<figure class=\"wp-block-image is-resized is-style-default\"><img data-recalc-dims=\"1\" loading=\"lazy\" decoding=\"async\" src=\"https:\/\/i0.wp.com\/lundi.am\/IMG\/arton4045-resp320.jpg?resize=461%2C653&#038;ssl=1\" alt=\"\" width=\"461\" height=\"653\"\/><\/figure>\n\n\n\n<p><span class=\"has-inline-color has-vivid-red-color\"><strong>10 Mai en continu<\/strong><\/span><\/p>\n\n\n\n<p><a href=\"https:\/\/www.boursorama.com\/actualite-economique\/actualites\/climat-la-rue-mobilisee-incertitudes-sur-un-referendum-a3a5073c544ba2b05dfa1493846731d4\">Climat: la rue mobilis\u00e9e, incertitudes sur un r\u00e9f\u00e9rendum<\/a> (AFP)<\/p>\n\n\n\n<p><a href=\"https:\/\/info.mediapart.fr\/optiext\/optiextension.dll?ID=A45A5s0r9%2B61ltJ0t%2BfU6cWGrgPBtlcieGaam9cbUoVsKyPks_Wy3PxKQh%2Bi9FZAAPYSPqiaTsh3I%2Bp2Edargz1vN9bkQ\">Dans toute la France, des manifestations \u00abclimat\u00bb pour continuer \u00e0 peser<\/a> (MDP)<\/p>\n\n\n\n<figure class=\"wp-block-image size-large is-resized is-style-default\"><img data-recalc-dims=\"1\" loading=\"lazy\" decoding=\"async\" src=\"https:\/\/i0.wp.com\/www.rdpemancipation.org\/wp-content\/uploads\/2021\/05\/image-69.png?resize=624%2C416&#038;ssl=1\" alt=\"\" class=\"wp-image-29348\" width=\"624\" height=\"416\" srcset=\"https:\/\/i0.wp.com\/www.rdpemancipation.org\/wp-content\/uploads\/2021\/05\/image-69.png?w=600&amp;ssl=1 600w, https:\/\/i0.wp.com\/www.rdpemancipation.org\/wp-content\/uploads\/2021\/05\/image-69.png?resize=300%2C200&amp;ssl=1 300w\" sizes=\"auto, (max-width: 624px) 100vw, 624px\" \/><\/figure>\n\n\n\n<p><a href=\"https:\/\/tendanceclaire.org\/breve.php?id=38536\">Les sans-papiers contestent la d\u00e9mat\u00e9rialisation ill\u00e9gale des proc\u00e9dures \u00e0 la pr\u00e9fecture de l\u2019H\u00e9rault<\/a><\/p>\n\n\n\n<p><a href=\"http:\/\/www.slate.fr\/politique\/le-printemps-republicain-devoile\/\">Le Printemps r\u00e9publicain d\u00e9voil\u00e9<\/a> (Slate)<\/p>\n\n\n\n<p><a href=\"https:\/\/www.boursorama.com\/actualite-economique\/actualites\/2022-le-communiste-roussel-officiellement-candidat-acte-la-desunion-de-la-gauche-5c897a8435c43c3386e3feda29f18dcb\">2022: le communiste Roussel, officiellement candidat, acte la d\u00e9sunion de la gauche<\/a> (AFP)<\/p>\n\n\n\n<p><a href=\"https:\/\/www.boursorama.com\/actualite-economique\/actualites\/menteurs-hypocrites-et-faux-jetons-melenchon-s-en-prend-aux-verts-et-au-ps-f59163625a5fb25f89d6cc653ac82896\">\u00ab\u00a0Menteurs, hypocrites et faux-jetons\u00a0\u00bb : M\u00e9lenchon s&rsquo;en prend aux Verts et au PS<\/a> (AFP)<\/p>\n\n\n\n<p><a href=\"https:\/\/blogs.mediapart.fr\/jean-marc-b\/blog\/090521\/tous-surveilles-7-milliards-de-suspects-docu-arte\">Tous surveill\u00e9s 7 milliards de suspects -docu Arte<\/a><\/p>\n\n\n\n<p><a href=\"https:\/\/www.lemediatv.fr\/emissions\/2021\/racisme-terrorisme-la-france-au-bord-de-la-crise-de-nerfs-_4SX109oRFmY0lljjMbrnw\">Racisme, terrorisme : la France au bord de la crise de nerfs<\/a> (vid\u00e9o Le M\u00e9dia)<\/p>\n\n\n\n<p><a href=\"https:\/\/www.alternatives-economiques.fr\/mandat-parlementaire-devient-de-plus-plus-un-tremplin-vers-dautres-h\/00098947\">Le mandat parlementaire devient de plus en plus un tremplin vers d\u2019autres horizons<\/a> -Louise Dalibert<\/p>\n\n\n\n<p><a href=\"https:\/\/info.mediapart.fr\/optiext\/optiextension.dll?ID=A45A%2BSSgrotC2PVWhBF08GUbWflTnuy5DxfB6IP2yqARh85ksqbDlfvDKWcPEHLYpUWJYAwW4%2B_JdtbFDCaO5G%2Bd6kyss\">Retour au \u00abvillage de Bamboula\u00bb: en 1994, un \u00abzoo humain\u00bb \u00e0 pr\u00e9tention touristique<\/a> (MDP)<\/p>\n\n\n\n<p><a href=\"https:\/\/info.mediapart.fr\/optiext\/optiextension.dll?ID=A45A81XQ61AHzHDv24II4l6N4UAXZulFoz%2BdSfd_62zKgnfQs5SWIIZy6_c1ZtStTbUKTFs5J43l6i9GCFNAjrjN%2BbUAs\">Traite n\u00e9gri\u00e8re: Bordeaux toujours aux prises avec son \u00abtabou\u00bb m\u00e9moriel<\/a> (MDP)<\/p>\n\n\n\n<p><a href=\"https:\/\/info.mediapart.fr\/optiext\/optiextension.dll?ID=A45A6ifptCTEkzo8vvOWZZVvc7M1hPKafdDh4lTKPJuHD%2BLks3CRXagTKJrZ_FuHd3Z8abP9pkfQrFdn3Fg_rZoeG7CY2\">Parlement europ\u00e9en: des \u00e9lus macronistes pour une autorit\u00e9 d\u2019\u00e9thique au rabais<\/a> (MDP)<\/p>\n\n\n\n<p><a href=\"https:\/\/info.mediapart.fr\/optiext\/optiextension.dll?ID=A45A80uUvK8NXRwqqMGfSehO_BGQUqcyPiO5BusnfCrwqFJktfH6VTUCk%2BiutSpfBBCmOupiR095IOfucMBEwjdOGYKcP\">Napol\u00e9on Bonaparte ou la corruption de la soci\u00e9t\u00e9 par la guerre permanente<\/a> (MDP)<\/p>\n\n\n\n<p><a href=\"https:\/\/entreleslignesentrelesmots.blog\/2021\/05\/04\/je-ne-me-suis-pas-decouverte-noire-jai-ete-accusee-de-letre\/\">Je ne me suis pas d\u00e9couverte Noire, j\u2019ai \u00e9t\u00e9 accus\u00e9e de&nbsp;l\u2019\u00eatre<\/a> (Entre les mots)<\/p>\n\n\n\n<p><a href=\"https:\/\/www.bondyblog.fr\/societe\/quest-ce-que-la-violence-reponses-de-collegiens\/\">Qu\u2019est-ce que la violence ? R\u00e9ponses de coll\u00e9giens<\/a> (Le Bondy Blog)<\/p>\n\n\n\n<p><a href=\"https:\/\/www.revolutionpermanente.fr\/Anasse-Kazib-Pourquoi-ma-pre-candidature-derange-l-ancienne-majorite-du-NPA\">Anasse Kazib&nbsp;: \u00ab&nbsp;Pourquoi ma pr\u00e9-candidature d\u00e9range l\u2019ancienne majorit\u00e9 du NPA&nbsp;?&nbsp;\u00bb<\/a> (RP)<\/p>\n\n\n\n<p><a href=\"https:\/\/info.mediapart.fr\/optiext\/optiextension.dll?ID=A45A9oS0JU5Vggu0ZES8cK2AZHMRwAFCOtJa__ySkLLJY8fQsLaFO4SaepWU7M9_wwYumZwlnr_57OXCmcvgA1J9hUOcf\">1981: comment l\u2019alternance a \u00e9t\u00e9 rendue possible<\/a> (MDP)<\/p>\n\n\n\n<p><a href=\"https:\/\/info.mediapart.fr\/optiext\/optiextension.dll?ID=A45A4aXyxF9ATjlOlXZQWRG7Mf7yd8c_Owr48XzoGVIx07IksV%2Bh%2B%2B5eSoviGVgZYFPJHceh_DZaHOKFvGaNhl_tsWzcw\">1981-83: pourquoi le renoncement \u00e9conomique n\u2019\u00e9tait pas in\u00e9luctable<\/a> (MDP)<\/p>\n\n\n\n<p><a href=\"https:\/\/info.mediapart.fr\/optiext\/optiextension.dll?ID=QijQp5R7T2%2B4or02fZyhnG3eLwOH8l5XV6vuErQro%2BaS21GAInKUviY3weqm8Ci8NYiuaX8sAYYYIia%2BvAIJ0mepeZgsM\">Les militants d\u2019aujourd\u2019hui face aux le\u00e7ons de la victoire de 1981<\/a> (MDP)<\/p>\n\n\n\n<p><a href=\"https:\/\/info.mediapart.fr\/optiext\/optiextension.dll?ID=PlkPi6vYYw2WxLtF5O4m%2Bf3k4ghvfvVFsfrSvJRgmlYYB4p5GZIOzy4edhPmOXT2orTJ%2BazanztRMQBe47IcM3Y62OM5S\">Le deuxi\u00e8me grand loup\u00e9 de la Commune : la parit\u00e9<\/a> -Vingtras<\/p>\n\n\n\n<p><a href=\"https:\/\/www.contretemps.eu\/journal-commune-9-mai-1871\/\">La Commune au jour le jour. 9 mai 1871<\/a> (Contretemps)<\/p>\n\n\n\n<p><a href=\"https:\/\/tendanceclaire.org\/breve.php?id=38539\">Les damn\u00e9s de la Commune<\/a> -vid\u00e9o<\/p>\n\n\n\n<p><a href=\"https:\/\/tendanceclaire.org\/breve.php?id=38538\">Les 150 ans de la Commune, avec Rapha\u00ebl Charlet, auteur de \u00ab\u00a0Printemps rouge\u00a0\u00bb<\/a> -vid\u00e9o<\/p>\n\n\n\n<figure class=\"wp-block-embed is-type-video is-provider-youtube wp-block-embed-youtube wp-embed-aspect-16-9 wp-has-aspect-ratio\"><div class=\"wp-block-embed__wrapper\">\n<iframe loading=\"lazy\" title=\"D\u00e9mocratie : \u00c9piph\u00e9nom\u00e8ne historique, s\u00e9cession des \u00e9lites ? Barbara Stiegler [EN DIRECT]\" width=\"1200\" height=\"675\" src=\"https:\/\/www.youtube.com\/embed\/cIjbLK3w5Ks?feature=oembed\" frameborder=\"0\" allow=\"accelerometer; autoplay; clipboard-write; encrypted-media; gyroscope; picture-in-picture\" allowfullscreen><\/iframe>\n<\/div><\/figure>\n\n\n\n<p><span class=\"has-inline-color has-vivid-red-color\"><strong>9 Mai en continu<\/strong><\/span><\/p>\n\n\n\n<p><a href=\"https:\/\/europe-solidaire.us8.list-manage.com\/track\/click?u=5c732dd5ee65845cf20fd724a&amp;id=e3732cbbca&amp;e=5df9c98670\">Incidents du Premier Mai \u00e0 Paris : r\u00e9flexions du SO de Solidaires<\/a> (SO de Solidaires)<\/p>\n\n\n\n<p><a href=\"https:\/\/blogs.mediapart.fr\/jean-marc-b\/blog\/080521\/f-ruffin-les-jeunes-crevent-de-faim-et-vous-etes-la-les-mains-dans-les-poches\">F. Ruffin: \u00ab\u00a0Les jeunes cr\u00e8vent de faim et vous \u00eates l\u00e0 les mains dans les poches !\u00a0\u00bb <\/a>-vid\u00e9o<\/p>\n\n\n\n<p><a href=\"https:\/\/lvsl.fr\/jean-luc-melenchon-et-le-parti-communiste-francais-histoire-et-perspectives\/\">M\u00e9lenchon et le PCF: histoire et perspectives<\/a> (LVSL)<\/p>\n\n\n\n<p><a href=\"https:\/\/tendanceclaire.org\/breve.php?id=38522\">\u00ab\u00a0Je suis devenu r\u00e9volutionnaire en voyant la gauche nous trahir\u00a0\u00bb<\/a> &#8211; C. Porta, repr\u00e9sentant syndical CGT Neuhauser<\/p>\n\n\n\n<p><a href=\"https:\/\/info.mediapart.fr\/optiext\/optiextension.dll?ID=JbaJepPKhmUOqNZmVQmR9J%2B0q29F_Bjlbso8r_5wG2TJ_3FtQRNgrxfgmuOCjjOqIqxNaPh_mbpos%2B4fdLUQtvFZv34JH\">Roberto Saviano d\u00e9nonce le \u00abvenin\u00bb du discours anti-migrants<\/a> (MDP)<\/p>\n\n\n\n<p><a href=\"https:\/\/info.mediapart.fr\/optiext\/optiextension.dll?ID=JbaJdTcflAs%2BicHewa%2BTel%2BuQDNEHeHtRWF093qfYEwr90ptRFpyL5UnyZBXxhx585pmJKD9No5dIEOK%2BZR2irGFkOkZl\">Racisme, Antis\u00e9mitisme, Islamophobie<\/a>&#8211; Etienne Balibar (MDP)<\/p>\n\n\n\n<p><a href=\"https:\/\/ricochets.cc\/Les-partis-ecologistes-illusion-echec-ou-complicite-avec-un-systeme-destructeur.html\">Les partis \u00e9cologistes&nbsp;: illusion, \u00e9chec ou complicit\u00e9 avec un syst\u00e8me destructeur&nbsp;?<\/a> (Ricochets)<\/p>\n\n\n\n<p><a href=\"https:\/\/tendanceclaire.org\/breve.php?id=38513\">Macron torpille la droite<\/a> (vid\u00e9o Le M\u00e9dia)<\/p>\n\n\n\n<p><a href=\"https:\/\/tendanceclaire.org\/breve.php?id=38500\">Pr\u00e9sidentielle 2022: une intelligence artificielle pr\u00e9dit le discours de Macron<\/a> (TC)<\/p>\n\n\n\n<figure class=\"wp-block-image is-resized is-style-default\"><img data-recalc-dims=\"1\" loading=\"lazy\" decoding=\"async\" src=\"https:\/\/i0.wp.com\/www.wedemain.fr\/wp-content\/uploads\/3747-Mayaffre-Macron-ou-le-myst%C3%A8re-du-verbe-666x1024.jpg?resize=266%2C409&#038;ssl=1\" alt=\"\" width=\"266\" height=\"409\"\/><\/figure>\n\n\n\n<p><a href=\"https:\/\/blogs.mediapart.fr\/jean-marc-b\/blog\/080521\/tous-manipules-propagande-langage-et-ideologie-video-francois-boulo\">Tous manipul\u00e9s ? Propagande, langage et id\u00e9ologie -vid\u00e9o Fran\u00e7ois Boulo&nbsp;<\/a><\/p>\n\n\n\n<figure class=\"wp-block-image is-resized is-style-default\"><img data-recalc-dims=\"1\" loading=\"lazy\" decoding=\"async\" src=\"https:\/\/i0.wp.com\/manif-est.info\/local\/cache-vignettes\/L650xH523\/8_mai-610f8.jpg?resize=417%2C336&#038;ssl=1\" alt=\"JPEG - 2.2\u00a0Mo\" width=\"417\" height=\"336\"\/><\/figure>\n\n\n\n<p><span class=\"has-inline-color has-vivid-red-color\"><strong>8 Mai en continu<\/strong><\/span><\/p>\n\n\n\n<p><a href=\"https:\/\/reporterre.net\/Le-9-mai-pres-de-160-marches-en-France-pour-clamer-le-desaveu-generalise-de-cette-loi\">Le 9&nbsp;mai, pr\u00e8s de 160 marches en France pour \u00ab&nbsp;clamer le d\u00e9saveu g\u00e9n\u00e9ralis\u00e9 de cette loi Climat&nbsp;\u00bb<\/a> (Reporterre)<\/p>\n\n\n\n<p><a href=\"https:\/\/www.lemediatv.fr\/emissions\/2021\/leffondrement-politique-qui-vient-2A_x2rxHSM-vFsrHfQ9nwQ\">\u00ab\u00a0L&rsquo;effondrement politique qui vient\u00a0\u00bb<\/a> &#8211; Fran\u00e7ois Boulo (vid\u00e9o Le M\u00e9dia)&nbsp;<\/p>\n\n\n\n<p><a href=\"https:\/\/www.acrimed.org\/France-2-Anti-syndicalisme-primaire-au-20-heures\">France 2 : Anti-syndicalisme primaire au 20 heures<\/a> (Acrimed)<\/p>\n\n\n\n<p><a href=\"http:\/\/cqfd-journal.org\/Appel-a-la-sedition-des-genereux\">Appel \u00e0 la s\u00e9dition \u00bb : des g\u00e9n\u00e9reux invitent Macron \u00e0 ouvrir les yeux<\/a> (CQFD)<\/p>\n\n\n\n<p><a href=\"http:\/\/www.regards.fr\/la-revue-de-presse-de-lulu\/article\/la-revue-de-lulu-du-7-mai-2021\">La Revue de Lulu du 7 mai 2021<\/a> par Lucien Atencia (Regards)&nbsp;<\/p>\n\n\n\n<p><a href=\"https:\/\/dieses.fr\/revue-du-web-7-mai\">Revue du web (7 mai)<\/a> par di\u00e8ses<\/p>\n\n\n\n<p><a href=\"https:\/\/rapportsdeforce.fr\/classes-en-lutte\/on-ne-peut-pas-laisser-passer-un-evenement-comme-celui-du-1er-mai-comme-si-cetait-un-incident-de-rien-du-tout-050710214\">\u00ab&nbsp;Un \u00e9v\u00e9nement comme celui du 1er mai n&rsquo;est pas un incident de rien du tout&nbsp;\u00bb <\/a>(Rapports de Force)&nbsp;<\/p>\n\n\n\n<p><a href=\"https:\/\/reporterre.net\/Les-puissants-ont-fait-des-vaccins-anti-Covid-un-enjeu-geopolitique\">Les puissants ont fait des vaccins anti-Covid un enjeu g\u00e9opolitique<\/a> (Reporterre)<\/p>\n\n\n\n<p><a href=\"https:\/\/www.contretemps.eu\/immigration-chinois-france-minorite-racisme-discriminations-violence\/\">Chinois de France et racisme anti-Asiatiques. Extraits du livre de Ya-Han Chuang<\/a> (Contretemps)<\/p>\n\n\n\n<p><a href=\"https:\/\/info.mediapart.fr\/optiext\/optiextension.dll?ID=JbaJf5NK1%2BvO5ifTuaSlfg7oBqPfjuskdm8Rm47kKm1pwPHtRfLU2E1BdIFNdu1FktfvdtBwiB25IWM3CwxgYI9B04pBN\">R\u00e9gionales: la s\u00e9curit\u00e9, obsession paradoxale de la campagne<\/a> (MDP)<\/p>\n\n\n\n<p><a href=\"https:\/\/info.mediapart.fr\/optiext\/optiextension.dll?ID=qYZq09G1XAjdlQGbvAiHHm4bYNJOevThVEwge7Uc_XGVaclay6Gk3irTyCy5gTQHzE2D7dHPwTi3Xe8Z3X5bI1VJ4Oky7\">Mythologie imp\u00e9riale et nostalgie putschiste<\/a> &#8211; Besnard Pierre<\/p>\n\n\n\n<p><a href=\"https:\/\/info.mediapart.fr\/optiext\/optiextension.dll?ID=qYZq123Rwk3eboEsTL2dY9Gu9f_bJpO5CvqCdRJBUpgaXxEGygyMBmycXpANiyWveqL2leBoD2j9pt0yXFuXxrZ8mtyae\">Bicentenaire Napol\u00e9on et m\u00e9moire de l&rsquo;esclavage: des \u00abombres\u00bb aux mensonges<\/a> &#8211; Lo\u00efc C\u00e9ry<\/p>\n\n\n\n<p><a href=\"https:\/\/info.mediapart.fr\/optiext\/optiextension.dll?ID=qYZq0XZJadoVB79uSqyZDsGEXbD_zM_pSUog0Of7xGgHIZ6azA8uOjtm2hPpPSI4WTCELk8BeRhZOdG14oqliizFYdSWs\">Moi aussi je suis un dictateur!<\/a> &#8211; Pascale Fautrier<\/p>\n\n\n\n<p>&nbsp;<a href=\"https:\/\/info.mediapart.fr\/optiext\/optiextension.dll?ID=JbaJhv0PkKCD_sVPWcSoD3s78Y9GNEppFDnsZtUxI40D%2BkXZQE%2BNy2yO_jwIGSlam5Jau74GzJYY_ubrEYt0o1i6qk2RJ\">Hebdo #100: putschisme d\u2019atmosph\u00e8re et mythologie napol\u00e9onienne, ou le triomphe du roman national<\/a> (MDP)<\/p>\n\n\n\n<p><a href=\"https:\/\/www.revolutionpermanente.fr\/Le-Pen-candidate-des-riches-un-millionnaire-tete-de-liste-RN-en-Bretagne\">Le Pen candidate des riches&nbsp;: un millionnaire t\u00eate de liste RN en Bretagne<\/a> (RP)<\/p>\n\n\n\n<p><a href=\"https:\/\/www.boursorama.com\/actualite-economique\/actualites\/dupond-moretti-candidat-aux-regionales-dans-les-hauts-de-france-4c51b1fcda2e818a1fe90f0c53f82a83\">Dupond-Moretti candidat aux r\u00e9gionales dans les Hauts-de-France<\/a> (Reuters)<\/p>\n\n\n\n<p><a href=\"https:\/\/www.boursorama.com\/actualite-economique\/actualites\/six-membres-d-un-groupuscule-neonazi-interpelles-pour-un-projet-d-attentat-contre-une-loge-maconnique-a768b1a53e9cff8f020e2679df0f43e9\">Six membres d&rsquo;un groupuscule n\u00e9onazi interpell\u00e9s pour un projet d&rsquo;attentat contre une loge ma\u00e7onnique<\/a> (AFP)<\/p>\n\n\n\n<p><a href=\"https:\/\/www.boursorama.com\/videos\/actualites\/proces-d-assa-traore-quelques-centaines-de-personnes-rassemblees-en-soutien-8fea4fa5e2860713f658a524c66efaa9\">Proc\u00e8s d&rsquo;Assa Traor\u00e9: quelques centaines de personnes rassembl\u00e9es en soutien<\/a> (AFP vid\u00e9o)<\/p>\n\n\n\n<p><a href=\"https:\/\/www.boursorama.com\/actualite-economique\/actualites\/le-gouvernement-inquiet-une-nouvelle-tribune-de-militaires-est-en-preparation-a79743eccef3e34bcc8c4c3d4a53e97f\">Le gouvernement inquiet&nbsp;: une nouvelle tribune de militaires est en pr\u00e9paration<\/a> (Le Point)<\/p>\n\n\n\n<p><a href=\"https:\/\/www.revolutionpermanente.fr\/Macron-favorable-a-la-levee-des-brevets-l-hypocrisie-du-gouvernement-continue\">Macron favorable \u00e0 la lev\u00e9e des brevets&nbsp;: l\u2019hypocrisie du gouvernement continue<\/a> (RP)<\/p>\n\n\n\n<figure class=\"wp-block-image is-resized is-style-default\"><img loading=\"lazy\" decoding=\"async\" src=\"https:\/\/scontent.fhex4-1.fna.fbcdn.net\/v\/t1.6435-9\/182741930_1198971993858600_4945349044650872052_n.jpg?_nc_cat=104&amp;ccb=1-3&amp;_nc_sid=730e14&amp;_nc_ohc=jKjXxp0KHscAX8J9UsH&amp;_nc_ht=scontent.fhex4-1.fna&amp;oh=c5e900f2971c92feaf3e6716acfacc60&amp;oe=60BBB2E6\" alt=\"Peut \u00eatre une image de 1 personne et texte qui dit \u201924 AVRIL 6 MAI avec cAFP Le24\/04\/2021 VACCINS: EMMANUEL MACRON POUR DES Covid-19 Emmanuel Macron se dit &quot;tout \u00e0 DONS AUX PAYS D\u00c9MUNIS MAIS CONTRE LA fait favorable&quot; \u00e0 la lev\u00e9e des brevets sur les LEV\u00c9E DES BREVETS vaccins\u2019\" width=\"556\" height=\"312\"\/><\/figure>\n\n\n\n<p><span class=\"has-inline-color has-vivid-red-color\"><strong>7 Mai en continu<\/strong><\/span><\/p>\n\n\n\n<p><a href=\"https:\/\/info.mediapart.fr\/optiext\/optiextension.dll?ID=MefMeuCDFYi_TZaew3K3cH9Twit9%2BwNwHnueSMxRUyBtVAowUU5ZpGUzneN3XBV2q9aW7vTjA7WkuF%2BvZU2poG%2BXl1nUP\">Les effets explosifs de la r\u00e9forme Macron sur les grands corps<\/a> (MDP)<\/p>\n\n\n\n<figure class=\"wp-block-image is-resized is-style-default\"><img loading=\"lazy\" decoding=\"async\" src=\"https:\/\/scontent.fhex4-1.fna.fbcdn.net\/v\/t1.6435-9\/183108000_1198261787262954_1199187811743009941_n.png?_nc_cat=101&amp;ccb=1-3&amp;_nc_sid=730e14&amp;_nc_ohc=W7edX6DmhlwAX8b6Jza&amp;_nc_ht=scontent.fhex4-1.fna&amp;oh=5b19ef014246795cdd7e0227b33d6296&amp;oe=60B997EB\" alt=\"Peut \u00eatre une image de texte qui dit \u2019Vous avez retweet\u00e9 54LILLY \u03c6 @54Lilly #L'Avenir en Commun Le secr\u00e9taire g\u00e9n\u00e9ral UNSA Sant\u00e9, Conseiller minist\u00e9riel aupr\u00e8s de Veran, rejoint le RN en Auvergne Rh\u00f4ne Alpes! Et on viendra nous seriner que LREM n'est pas proche du Front National! Twitter Web App 12:53 05mai21 17 Retweets 16 J'aime\u2019\" width=\"338\" height=\"377\"\/><\/figure>\n\n\n\n<p><a href=\"https:\/\/info.mediapart.fr\/optiext\/optiextension.dll?ID=MefMdh7pVbUocN2Hc4DrfkWa1IxyxTSgO42HPJQAD_j3RKFwUvxFalNqa3GOO_J_gjEaju4bg6LojGBh%2BV4vINJtCKtEb\">Premiers remous au sein de la Fondation pour la m\u00e9moire de l\u2019esclavage<\/a> (MDP)<\/p>\n\n\n\n<p><a href=\"https:\/\/www.blast-info.fr\/articles\/2021\/george-orwell-visionnaire-ou-reactionnaire-P1aEE-KNSamj6Z1E9q1xjQ\">George Orwell, visionnaire ou r\u00e9actionnaire ?<\/a> (vid\u00e9o Blast)<\/p>\n\n\n\n<p><a href=\"https:\/\/renverse.co\/analyses\/article\/la-mondialisation-c-est-mort-l-internationale-contrattaque-3055\">La mondialisation c&rsquo;est mort. L&rsquo;internationale contre-attaque !<\/a> (Renvers\u00e9)<\/p>\n\n\n\n<p><a href=\"https:\/\/www.boursorama.com\/actualite-economique\/actualites\/estrosi-quitte-a-son-tour-les-republicains-apres-l-imbroglio-en-region-paca-f91ba344181c32a63bf2b40d7d467c9d\">Estrosi quitte \u00e0 son tour Les R\u00e9publicains apr\u00e8s l&rsquo;imbroglio en r\u00e9gion Paca<\/a> (Reuters)<\/p>\n\n\n\n<p><a href=\"https:\/\/blogs.mediapart.fr\/jean-marc-b\/blog\/060521\/lhistoire-de-lesclavage-et-de-la-traite-negriere-video-1-races-et-esclavage\">L&rsquo;histoire de l&rsquo;esclavage et de la traite n\u00e9gri\u00e8re. Vid\u00e9o 1 : \u00ab\u00a0Races\u00a0\u00bb et esclavage <\/a>-vid\u00e9o<\/p>\n\n\n\n<p><a href=\"https:\/\/www.contretemps.eu\/journal-commune-4-mai-1871\/\">La Commune au jour le jour. Jeudi 4 mai 1871<\/a> par Contretemps<\/p>\n\n\n\n<figure class=\"wp-block-image is-resized is-style-default\"><img loading=\"lazy\" decoding=\"async\" src=\"https:\/\/scontent.fhex4-1.fna.fbcdn.net\/v\/t1.6435-9\/183064629_1198256860596780_6554081601141848365_n.jpg?_nc_cat=105&amp;ccb=1-3&amp;_nc_sid=730e14&amp;_nc_ohc=Vl6eTQUxAucAX95Eq-L&amp;_nc_ht=scontent.fhex4-1.fna&amp;oh=c51571597305f994265462468eccfbe7&amp;oe=60B902E7\" alt=\"Peut \u00eatre une image de une personne ou plus et texte\" width=\"348\" height=\"346\"\/><\/figure>\n\n\n\n<p><span class=\"has-inline-color has-vivid-red-color\"><strong>6 Mai en continu<\/strong><\/span><\/p>\n\n\n\n<p><a href=\"https:\/\/ensemblepourleclimat.fr\/\">130 marches pour le climat le 9 mai, avec lieux et horaires<\/a> (Ensemble pour le climat)<\/p>\n\n\n\n<p><a href=\"https:\/\/blogs.mediapart.fr\/jean-marc-b\/blog\/050521\/pierre-serna-sur-napoleon-la-matrice-de-pires-cesarismes-et-dictatures-video\">Pierre Serna sur Napol\u00e9on: la matrice des pires c\u00e9sarismes et dictatures &#8211;<\/a>vid\u00e9o<a href=\"https:\/\/blogs.mediapart.fr\/jean-marc-b\/blog\/050521\/pierre-serna-sur-napoleon-la-matrice-de-pires-cesarismes-et-dictatures-video\"> <\/a><\/p>\n\n\n\n<figure class=\"wp-block-image is-resized is-style-default\"><img loading=\"lazy\" decoding=\"async\" src=\"https:\/\/scontent.fhex4-2.fna.fbcdn.net\/v\/t1.6435-9\/182012887_628637114760573_4870472461505850247_n.jpg?_nc_cat=107&amp;ccb=1-3&amp;_nc_sid=dbeb18&amp;_nc_ohc=ue0Gniz8gVIAX8dllyh&amp;_nc_ht=scontent.fhex4-2.fna&amp;oh=02c9ad65532a5c1cba26ff6a3fb7999a&amp;oe=60B9616E\" alt=\"Peut \u00eatre un dessin anim\u00e9 de 1 personne\" width=\"335\" height=\"499\"\/><\/figure>\n\n\n\n<p><a href=\"https:\/\/www.boursorama.com\/actualite-economique\/actualites\/violences-du-1er-mai-la-cgt-charge-le-prefet-de-police-a00b292a17a2ddbbffa199e6714c6f8e\">Violences du 1er-Mai: la CGT charge le pr\u00e9fet de police<\/a> (<strong>AFP)<\/strong><\/p>\n\n\n\n<p><a href=\"https:\/\/www.revolutionpermanente.fr\/Agression-de-militants-CGT-le-1er-mai-une-attaque-de-l-extreme-droite\">Agression de militants CGT le 1er mai&nbsp;: une attaque de l\u2019extr\u00eame-droite&nbsp;?<\/a> (RP)<\/p>\n\n\n\n<p><a href=\"https:\/\/www.humanite.fr\/manifestations-comment-fonctionnent-les-services-dordre-des-syndicats-705893#xtor=RSS-1\">Manifestations. Comment fonctionnent les services d\u2019ordre des syndicats ?<\/a> (L\u2019Humanit\u00e9)<\/p>\n\n\n\n<p><a href=\"https:\/\/www.boursorama.com\/actualite-economique\/actualites\/un-cadre-syndicaliste-de-l-unsa-exclu-apres-avoir-rejoint-le-rassemblement-national-22afe30871f989014a206c75ca17ca0e\">Un cadre syndicaliste de l&rsquo;Unsa exclu apr\u00e8s avoir rejoint le Rassemblement national<\/a> (<strong>Boursorama)<\/strong><\/p>\n\n\n\n<p><a href=\"https:\/\/info.mediapart.fr\/optiext\/optiextension.dll?ID=ZrqZxL_JciU3spsQXs3SaaPVVFdZmKKwHNMNoIIbnt9OxFjd6lFmPKpEY7E9B1vyTdsDc3tCSgFf7WeGEjeHgK66jz37Z\">Aux r\u00e9gionales, Matthieu Orphelin embarque La France insoumise dans son aventure<\/a> (MDP)<\/p>\n\n\n\n<p><a href=\"https:\/\/info.mediapart.fr\/optiext\/optiextension.dll?ID=ZrqZsmnh4ATkeocRcRLwyuIbppxPjN4W94khws399_0q1T4J6Pq_zsb9IUGv_d83QFbX0Z2ezdzzuldcXz99rOOjbqmZQ\">Douze minutes pour comprendre l\u2019affaire Sarah Halimi<\/a> (MDP)<\/p>\n\n\n\n<p><a href=\"https:\/\/info.mediapart.fr\/optiext\/optiextension.dll?ID=ZrqZxmHcmx6ROATegfVeHqYeRyZ_zcmOMWDIYN21_6USp70J743Nzwfl7RhYyapp3IxYijTPkh7ewJDHcWbXi9rvqn27T\">Mythologie imp\u00e9riale et nostalgie putschiste<\/a> &#8211; Besnard Pierre<\/p>\n\n\n\n<p><a href=\"https:\/\/info.mediapart.fr\/optiext\/optiextension.dll?ID=ZrqZvuZKBRauWBoE3SYDM5uvH3FvtGKTPK5a20Hv4E6mTOMJ71v6aogtz802fZ2IGcmrodElaHvnXZ%2BzruJoqnlTvBVd7\">Jacques Ranci\u00e8re: \u00abLe PS a largement tu\u00e9 la gauche\u00bb<\/a> -vid\u00e9o<\/p>\n\n\n\n<p><a href=\"https:\/\/lesjours.fr\/obsessions\/hydre-jihadisme\/ep5-lutte-anti-jihad\/\">Les radicalis\u00e9s de l\u2019antiterrorisme<\/a> (Les Jours)<\/p>\n\n\n\n<p><a href=\"https:\/\/blogs.mediapart.fr\/jean-marc-b\/blog\/050521\/exterminez-tous-les-sauvages-trailer-de-la-serie-de-raoul-peck\">\u00ab\u00a0Exterminez tous les sauvages \u00ab\u00a0&#8211; Trailer de la s\u00e9rie de Raoul Peck<\/a><\/p>\n\n\n\n<p><a href=\"http:\/\/www.regards.fr\/politique\/article\/2022-un-enjeu-plus-grand-que-nous\">2022, un enjeu plus grand que nous.<\/a> &#8211; St\u00e9phane Peu (Regards)<\/p>\n\n\n\n<p><a href=\"https:\/\/www.liberation.fr\/politique\/a-gauche-la-fiction-de-lunion-20210505_ZIMGOLEMLNCUJAEGUEKQRICXOQ\/\">Pr\u00e9sidentielle A gauche, la fiction de l\u2019union<\/a> (Lib\u00e9)<\/p>\n\n\n\n<p><a href=\"https:\/\/www.liberation.fr\/politique\/tribune-des-generaux-le-mol-rappel-a-lordre-des-autorites-militaires-20210504_WOIH6J7WCZGP7DMQIIESEV2BMI\/\">Info Lib\u00e9 Tribune des g\u00e9n\u00e9raux : le timide rappel \u00e0 l\u2019ordre des autorit\u00e9s militaires<\/a> (Lib\u00e9)<\/p>\n\n\n\n<p><a href=\"https:\/\/www.lemonde.fr\/planete\/article\/2021\/05\/04\/les-deputes-adoptent-le-projet-de-loi-climat-et-resilience-en-premiere-lecture_6079097_3244.html\">La loi climat, \u00ab&nbsp;marqueur&nbsp;\u00bb pour la majorit\u00e9 et \u00ab&nbsp;insuffisante&nbsp;\u00bb pour les \u00e9cologistes, adopt\u00e9e en premi\u00e8re lecture \u00e0 l\u2019Assembl\u00e9e<\/a> (Le Monde)<\/p>\n\n\n\n<p><a href=\"https:\/\/www.huffingtonpost.fr\/entry\/un-depute-brandit-un-joint-en-pleine-assemblee-et-ca-na-pas-plu-a-darmanin_fr_60916024e4b05af50dc82107\">\u00c0 l\u2019Assembl\u00e9e, un d\u00e9put\u00e9 brandit un joint et \u00e7a n\u2019a pas plu \u00e0 Darmanin<\/a> (Huff Post)<\/p>\n\n\n\n<p><a href=\"https:\/\/www.francetvinfo.fr\/sante\/drogue-addictions\/cannabis\/cannabis-un-rapport-parlementaire-prone-une-legalisation-regulee_4611677.html\">Cannabis : un rapport parlementaire pr\u00f4ne une \u201cl\u00e9galisation r\u00e9gul\u00e9e\u201d<\/a> (France Info)<\/p>\n\n\n\n<p><a href=\"https:\/\/www.huffingtonpost.fr\/entry\/une-marche-des-libertes-contre-lextreme-droite-reclamee-par-des-personnalites-de-gauche_fr_60918aebe4b04620270caa8c\">M\u00e9lenchon, Piolle, Masiero\u2026 appellent \u00e0 une \u201cmarche des libert\u00e9s\u201d contre l\u2019extr\u00eame droite<\/a> (Huff Post)<\/p>\n\n\n\n<p><a href=\"https:\/\/lanticapitaliste.org\/arguments\/histoire\/10-mai-1981-quelles-mesures-sociales\">10 mai 1981\u2009: quelles mesures sociales\u2009?<\/a> &#8211;<a href=\"https:\/\/lanticapitaliste.org\/auteurs\/robert-pelletier\">Robert Pelletier<\/a>, <a href=\"https:\/\/lanticapitaliste.org\/taxonomy\/term\/3725\">Henri Wilno<\/a><\/p>\n\n\n\n<p><a href=\"https:\/\/lanticapitaliste.org\/arguments\/histoire\/otan-europe-afrique-mitterrand-limperialiste\">OTAN, Europe, Afrique\u2009: Mitterrand l\u2019imp\u00e9rialiste<\/a> &#8211;<a href=\"https:\/\/lanticapitaliste.org\/auteurs\/julien-salingue\">Julien Salingue<\/a><\/p>\n\n\n\n<p><a href=\"https:\/\/lanticapitaliste.org\/arguments\/il-y-40-ans-lelection-de-francois-mitterrand\">Il y a 40 ans, l\u2019\u00e9lection de Fran\u00e7ois Mitterrand<\/a> (L\u2019Anticapitaliste)<\/p>\n\n\n\n<p><a href=\"https:\/\/www.contretemps.eu\/marc-ferro-histoire-revolution-russe-soviets\/\">Marc Ferro (1924-2021) : un historien dans son si\u00e8cle<\/a> (Contretemps)<\/p>\n\n\n\n<p><a href=\"https:\/\/www.frustrationmagazine.fr\/socialcast-le-podcast-de-la-lutte-de-classes-produit-pour-spectre-le-teaser-officiel\/\">Socialcast, le podcast de la lutte de classes produit pour \u00ab Spectre \u00bb : le teaser officiel !<\/a> (Frustration)<\/p>\n\n\n\n<p><a href=\"https:\/\/www.bastamag.net\/2022-Lettre-aux-partis-politiques-de-gauche-ecologie-politique-arc-humaniste-debats-citoyens\">Lettre aux partis politiques de gauche et de l&rsquo;\u00e9cologie : parlons de nos d\u00e9saccords !<\/a> (Basta&nbsp;!)<\/p>\n\n\n\n<p><a href=\"https:\/\/www.facebook.com\/anticapitaliste.presse\/videos\/463379244885083\/?notif_id=1620241442773696&amp;notif_t=live_video&amp;ref=notif\">\u00abMarx \u00e0 Paris, 1871\u00bb avec O. Besancenot et M. L\u00f6wy<\/a> -vid\u00e9o<\/p>\n\n\n\n<figure class=\"wp-block-image is-resized is-style-default\"><img data-recalc-dims=\"1\" loading=\"lazy\" decoding=\"async\" src=\"https:\/\/i0.wp.com\/static.politis.fr\/medias\/articles\/2021\/05\/les-dessins-de-la-semaine-daurel-espagne-et-extreme-droite-43133\/1652-dessin-web.jpg?resize=304%2C388&#038;ssl=1\" alt=\"\u00a9 Politis\" width=\"304\" height=\"388\"\/><\/figure>\n\n\n\n<p><span class=\"has-inline-color has-vivid-red-color\"><strong>5 Mai en continu<\/strong><\/span><\/p>\n\n\n\n<p><a href=\"https:\/\/www.lemonde.fr\/idees\/article\/2021\/05\/03\/pourquoi-les-pauvres-votent-ils-a-droite_6078884_3232.html\">Pourquoi les pauvres votent-ils \u00e0 droite&nbsp;?<\/a> (Le Monde)<\/p>\n\n\n\n<p><a href=\"https:\/\/www.boursorama.com\/actualite-economique\/actualites\/politique-une-etude-analyse-l-echec-de-la-gauche-a-travers-l-europe-09fdfe984828c44d25deff8740bc3269\">Politique : une \u00e9tude analyse \u00ab\u00a0l&rsquo;\u00e9chec de la gauche\u00a0\u00bb \u00e0 travers l&rsquo;Europe<\/a> (Boursorama)<\/p>\n\n\n\n<p><a href=\"https:\/\/www.boursorama.com\/actualite-economique\/actualites\/benalla-juge-du-13-septembre-au-1er-octobre-pour-les-violences-du-1er-mai-2018-et-l-affaire-des-passeports-aaaffe5de577601ef7dec13d5cf25432\">Benalla jug\u00e9 du 13 septembre au 1er octobre pour les violences du 1er-mai 2018 et l&rsquo;affaire des passeports<\/a> (AFP)<\/p>\n\n\n\n<p><a href=\"https:\/\/blogs.mediapart.fr\/jean-marc-b\/blog\/050521\/exterminez-tous-les-sauvages-trailer-de-la-serie-de-raoul-peck\">\u00ab\u00a0Exterminez tous les sauvages \u00ab\u00a0&#8211;<\/a> Trailer de la s\u00e9rie de Raoul Peck<\/p>\n\n\n\n<figure class=\"wp-block-embed is-type-video is-provider-youtube wp-block-embed-youtube wp-embed-aspect-16-9 wp-has-aspect-ratio\"><div class=\"wp-block-embed__wrapper\">\n<iframe loading=\"lazy\" title=\"EXTERMINATE ALL THE BRUTES Official Trailer (HD) Josh Hartnett\" width=\"1200\" height=\"675\" src=\"https:\/\/www.youtube.com\/embed\/G0VdBPkHQow?feature=oembed\" frameborder=\"0\" allow=\"accelerometer; autoplay; clipboard-write; encrypted-media; gyroscope; picture-in-picture\" allowfullscreen><\/iframe>\n<\/div><\/figure>\n\n\n\n<p><a href=\"https:\/\/www.contretemps.eu\/contresons-podcast-contretemps-extrait-bantigny-commune-emancipation\/\">Podcast sur la Commune de Paris, par Ludivine Bantigny&nbsp;<\/a> (Contretemps)<\/p>\n\n\n\n<p><a href=\"https:\/\/www.boursorama.com\/actualite-economique\/actualites\/lr-apporte-son-soutien-a-muselier-pour-les-regionales-en-paca-56fcd1a05b747ff7ba25ac5d5505c80d\">LR apporte son soutien \u00e0 Muselier pour les r\u00e9gionales en PACA<\/a> (Reuters)<\/p>\n\n\n\n<p><a href=\"https:\/\/www.boursorama.com\/actualite-economique\/actualites\/les-francais-pas-assez-prepares-a-un-accident-nucleaire-selon-des-acteurs-locaux-6be471e84a5e8e8f05dc38ed6c6a85e2\">Les Fran\u00e7ais pas assez pr\u00e9par\u00e9s \u00e0 un accident nucl\u00e9aire, selon des acteurs locaux<\/a> (AFP)<\/p>\n\n\n\n<figure class=\"wp-block-image is-resized is-style-default\"><img loading=\"lazy\" decoding=\"async\" src=\"https:\/\/scontent.fhex4-1.fna.fbcdn.net\/v\/t1.6435-9\/182202843_1197092424046557_8697261239996658674_n.jpg?_nc_cat=106&amp;ccb=1-3&amp;_nc_sid=730e14&amp;_nc_ohc=W_f8KwuD0VwAX-ILR_J&amp;_nc_ht=scontent.fhex4-1.fna&amp;oh=75ae6b298e60fd51a84863407996ae5c&amp;oe=60B6D8AB\" alt=\"Peut \u00eatre une image de texte qui dit \u2019IIn'y a pas que DES SALAUDS au gouvernement. || faut rester objectif. y a aussi DES INCOMP\u00c9TENTS. Guy Bedos Plus Arbres Moins de Connards www.moretreslessassholes.org 80\u2019\" width=\"414\" height=\"414\"\/><\/figure>\n\n\n\n<p><span class=\"has-inline-color has-vivid-red-color\"><strong>4 Mai en continu<\/strong><\/span><\/p>\n\n\n\n<p><a href=\"https:\/\/explorer.wpid.world\/byparty\" title=\"https:\/\/explorer.wpid.world\/byparty\">\u00ab&nbsp;Clivages politiques et In\u00e9galit\u00e9s sociales&nbsp;\u00bb<\/a>, enqu\u00eate Amory Gethin, Clara Martinez-Toledano et Thomas Piketty<\/p>\n\n\n\n<figure class=\"wp-block-image size-large is-resized is-style-default\"><img data-recalc-dims=\"1\" loading=\"lazy\" decoding=\"async\" src=\"https:\/\/i0.wp.com\/www.rdpemancipation.org\/wp-content\/uploads\/2021\/05\/Capture-decran-2021-05-04-a-08.49.22.png?resize=625%2C392&#038;ssl=1\" alt=\"\" class=\"wp-image-28738\" width=\"625\" height=\"392\" srcset=\"https:\/\/i0.wp.com\/www.rdpemancipation.org\/wp-content\/uploads\/2021\/05\/Capture-decran-2021-05-04-a-08.49.22.png?w=1025&amp;ssl=1 1025w, https:\/\/i0.wp.com\/www.rdpemancipation.org\/wp-content\/uploads\/2021\/05\/Capture-decran-2021-05-04-a-08.49.22.png?resize=300%2C188&amp;ssl=1 300w, https:\/\/i0.wp.com\/www.rdpemancipation.org\/wp-content\/uploads\/2021\/05\/Capture-decran-2021-05-04-a-08.49.22.png?resize=768%2C483&amp;ssl=1 768w\" sizes=\"auto, (max-width: 625px) 100vw, 625px\" \/><\/figure>\n\n\n\n<p><a href=\"https:\/\/blogs.mediapart.fr\/jean-marc-b\/blog\/030521\/2022-l-etrange-defaite-qui-vient-alain-bertho\">2022&nbsp;: \u00ab&nbsp;L\u2019\u00e9trange d\u00e9faite&nbsp;\u00bb qui vient &#8211;<\/a>Alain Bertho&nbsp;<\/p>\n\n\n\n<p><a href=\"https:\/\/www.factuel.info\/kamel-agat-boudjahlat-la-tete-de-liste-du-rassemblement-national-rn-dans-le-territoire-de-belfort-etait-en-fait-un-infiltre\">Kamel Agat-Boudjahlat, t\u00eate de liste du RN \u00e0 Belfort \u00e9tait en fait un \u00ab infiltr\u00e9 \u00bb<\/a> (Factuel)<\/p>\n\n\n\n<p><a href=\"https:\/\/info.mediapart.fr\/optiext\/optiextension.dll?ID=6yz6z5pHaOoKM%2BK3LetQeectDakJY9xRR0TDZxk6keBqKTVQYJbF4RBbl9hGJhmIA53Sq1rFQXonP6UbRfnbniV280uQN\">Thomas Porcher: \u00abComment s\u2019entendre avec cette gauche qui a vot\u00e9 la loi Travail?\u00bb<\/a> (MDP)<\/p>\n\n\n\n<p><a href=\"https:\/\/info.mediapart.fr\/optiext\/optiextension.dll?ID=6yz6yuF86sBNPWOi0yzQnaO2duMKkObIIc6nAA8NOCm%2Bf2fQZGspyoghnfL_iK8YX1wq0pbFY5z5v27XCtF7wnECb4QIe\">\u00abDanser encore\u00bb, ou la revanche des cigales insoumises<\/a> &#8211; Antoine Perraud<\/p>\n\n\n\n<p><a href=\"https:\/\/info.mediapart.fr\/optiext\/optiextension.dll?ID=6yz6yNT8skk%2B3t%2BcWYf_EzJbTfQmZW24gcRBaZYX79EBSQakYorXLkHE9YJA999BEeQ9oB56iRDcQZymzNfHIxnpt3nIJ\">Usul. Faut-il avoir peur des g\u00e9n\u00e9raux putschistes?<\/a>&#8211; &#8211; vid\u00e9o Usul et R\u00e9mi Liechti<\/p>\n\n\n\n<p><a href=\"https:\/\/info.mediapart.fr\/optiext\/optiextension.dll?ID=6yz6AoArx7EBDkdFtHGGI1NyQEk_hw3F7zhdCyGXGO5oHnZkZGXCjrrfYH9Ehfy5d%2BbWeoxLZAzLo4b5cgN0gyli1LEAL\">Une importation am\u00e9ricaine en France: les guerres culturelles r\u00e9actionnaires<\/a> &#8211; Philippe Marli\u00e8re<\/p>\n\n\n\n<p><a href=\"http:\/\/www.regards.fr\/politique\/article\/edito-a-droite-extreme-toute\">\u00c0 droite extr\u00eame toute !<\/a> -Pierre Jacquemain (Regards)<\/p>\n\n\n\n<p><a href=\"https:\/\/www.contretemps.eu\/jameson-methode-brecht-marxisme-art-theatre-culture-entretien-lahache\/\">La m\u00e9thode de Brecht selon Jameson. Entretien avec Florent Lahache<\/a> (Contretemps)<\/p>\n\n\n\n<p><a href=\"https:\/\/www.boursorama.com\/actualite-economique\/actualites\/le-conseil-d-etat-confirme-la-dissolution-de-generation-identitaire-a7e7373ca231e95dafca547c263086a8\">Le Conseil d&rsquo;Etat confirme la dissolution de G\u00e9n\u00e9ration identitaire<\/a>&nbsp; (Reuters)<\/p>\n\n\n\n<p><a href=\"https:\/\/www.contretemps.eu\/journal-commune-3-mai-1871\/\">La Commune au jour le jour. Mercredi 3 mai 1871<\/a> (Contretemps)<\/p>\n\n\n\n<p><a href=\"https:\/\/lanticapitaliste.org\/evenement\/150-ans-de-la-commune-de-paris-entretien-avec-olivier-besancenot-et-michael-lowy\">150 ans de la Commune de Paris : entretien avec Olivier Besancenot et Michael L\u00f6wy<\/a> -L\u2019Anticapitaliste<\/p>\n\n\n\n<p><a href=\"https:\/\/info.mediapart.fr\/optiext\/optiextension.dll?ID=6yz6AcoiwyriSosakf4MWU3X01pCJN%2Bbq7gAnFIYar_WCo5kZ45u3I9dgqa7NnPo6egM9PV2dZ1QAV1_iRPad2dhce1sN\">Sa lumi\u00e8re voyage encore<\/a> &#8211; Marie Cosnay<\/p>\n\n\n\n<p><a href=\"https:\/\/info.mediapart.fr\/optiext\/optiextension.dll?ID=6yz6CSaYRQCYcICXepyZjjS%2BJ1KbyHNb4m_39Mq6UOteiNAQY6BTP7ZqnpXLlRWu4zXA%2BE6DmfljMkbnuV3KW%2ByKGvrQd\">150 ans de la Commune: mercredi 5 mai, \u00e9changez en direct avec l&rsquo;\u00e9quipe de Mediapart<\/a> &#8211; Claire Denis<\/p>\n\n\n\n<p><span class=\"has-inline-color has-vivid-red-color\"><strong>3 Mai en continu<\/strong><\/span><\/p>\n\n\n\n<p><a href=\"https:\/\/www.mediapart.fr\/journal\/france\/010521\/pour-le-1er-mai-paris-les-manifestants-denoncent-une-guerre-aux-chomeurs\">Pour le 1er Mai \u00e0 Paris, les manifestants d\u00e9noncent \u00abune guerre aux ch\u00f4meurs\u00bb<\/a> (MDP)<\/p>\n\n\n\n<p><a href=\"https:\/\/solidaires.org\/Premier-mai-succes-des-mobilisations-soutien-a-la-CGT\">Premier mai : succ\u00e8s des mobilisations, soutien \u00e0 la CGT !<\/a> (Solidaires)<\/p>\n\n\n\n<p><a href=\"https:\/\/france.attac.org\/actus-et-medias\/salle-de-presse\/article\/premier-mai-succes-des-mobilisations-stand-attac-saccage-et-soutien-a-la-cgt\">Premier mai : succ\u00e8s des mobilisations, stand Attac saccag\u00e9 et soutien \u00e0 la CGT<\/a> (Attac France)<\/p>\n\n\n\n<p><a href=\"https:\/\/lanticapitaliste.org\/communique\/un-premier-mai-deconfine-mais-des-violences-contre-la-cgt-inacceptables\">Un premier mai d\u00e9confin\u00e9, mais des violences contre la CGT inacceptables<\/a> (L\u2019Anticapitaliste)<\/p>\n\n\n\n<p><a href=\"https:\/\/info.mediapart.fr\/optiext\/optiextension.dll?ID=2uv2rfsDCs6rMRLfUs_yQlg821nMVXLBHQkcEVhMj5yYau1g%2By59N8DHem8OMxU_qIrvN%2BdMR3vRvGzsoDwk1mQGh8nwF\">1er Mai confin\u00e9, mais mobilis\u00e9!<\/a> &#8211; Baptiste Dupin<\/p>\n\n\n\n<p><a href=\"https:\/\/info.mediapart.fr\/optiext\/optiextension.dll?ID=3vu3qVQLEB9GB8DGzZIySteeo_vt6F7pdQJACC0bN3Ppmkhh%2BkhLdDqVU_PbZfZX%2BIaRmOtQC5dQK5rEmObsRa2bCSwF_\">1er Mai unitaire color\u00e9 anim\u00e9<\/a> &#8211; Georges-Andr\u00e9<\/p>\n\n\n\n<p><a href=\"https:\/\/www.blast-info.fr\/articles\/2021\/cortege-du-1er-mai-a-paris-la-police-joue-les-trouble-fetes-gW790QvxR6qrPZik8xqlZw\">Cort\u00e8ge du 1er mai \u00e0 Paris : la police joue les trouble-f\u00eates<\/a> ( Blast )<\/p>\n\n\n\n<p><a href=\"https:\/\/www.revolutionpermanente.fr\/1er-mai-Des-militants-CGT-frappes-et-insultes-par-des-manifestants-des-actes-inacceptables\">1er mai. Des militants CGT frapp\u00e9s et insult\u00e9s par des manifestants&nbsp;: des actes inacceptables<\/a> (RP)<\/p>\n\n\n\n<p><a href=\"https:\/\/www.alterpresse68.info\/2021\/05\/02\/7-belles-photos-de-la-manifestation-du-1er-mai-a-mulhouse\/\">7 belles photos de la manifestation du 1er mai \u00e0 Mulhouse<\/a> (L\u2019Alterpresse68)&nbsp;<\/p>\n\n\n\n<p><a href=\"https:\/\/www.revolutionpermanente.fr\/1er-mai-Des-milliers-de-manifestants-en-France-Macron-joue-la-tension-et-la-repression\">1er mai. Des milliers de manifestants en France, Macron joue la tension et la r\u00e9pression<\/a> (RP)<\/p>\n\n\n\n<p><a href=\"https:\/\/ricochets.cc\/Quelques-pistes-pour-se-preparer-a-un-basculement-revolutionnaire.html\">Quelques pistes pour (se) pr\u00e9parer \u00e0 un basculement r\u00e9volutionnaire<\/a> (Ricochet)<\/p>\n\n\n\n<p><a href=\"https:\/\/www.revolutionpermanente.fr\/Tribune-des-militaires-la-campagne-securitaire-de-Macron-donne-des-ailes-aux-reactionnaires\">Tribune des militaires&nbsp;: la campagne s\u00e9curitaire de Macron donne des ailes aux r\u00e9actionnaires<\/a> (RP)<\/p>\n\n\n\n<p><a href=\"https:\/\/lvsl.fr\/questions-strategiques-a-frederic-lordon\/\">Questions strat\u00e9giques \u00e0 Fr\u00e9d\u00e9ric Lordon<\/a> (LVSL)<\/p>\n\n\n\n<p><a href=\"https:\/\/www.monde-diplomatique.fr\/cartes\/acceleration-terrestre\">Environnement, climat : d\u00e9sordres et combats &#8211; La \u00ab grande acc\u00e9l\u00e9ration \u00bb<\/a> (Le Monde diplomatique)<\/p>\n\n\n\n<p><a href=\"https:\/\/info.mediapart.fr\/optiext\/optiextension.dll?ID=2uv2q4gxPeG68agwhEzrPYXHqXDB3gG7AOZt7MSa%2BxbolVqM%2BhaSIRybO8611KXEm5dRl9XEz6Nh1wdkfVqeIKKAWETov\">Eglises ouvertes, th\u00e9\u00e2tres ferm\u00e9s, casse du ch\u00f4mage: une guerre de civilisations<\/a> &#8211; Geoffroy de Lagasnerie<\/p>\n\n\n\n<figure class=\"wp-block-image is-resized is-style-default\"><img loading=\"lazy\" decoding=\"async\" src=\"https:\/\/scontent.fsti4-2.fna.fbcdn.net\/v\/t1.6435-0\/s600x600\/181563529_1195969954158804_224348739034271524_n.png?_nc_cat=107&amp;ccb=1-3&amp;_nc_sid=730e14&amp;_nc_ohc=_buIqdTsfjYAX_s_ugW&amp;_nc_ht=scontent.fsti4-2.fna&amp;tp=30&amp;oh=243cddee3efbf977c8875a50049a39d9&amp;oe=60B439FC\" alt=\"Peut \u00eatre un dessin anim\u00e9\" width=\"301\" height=\"350\"\/><\/figure>\n\n\n\n<p><a href=\"https:\/\/qg.media\/2021\/04\/20\/une-veritable-bombe-a-retardement-est-en-place-en-france-depuis-la-crise-du-covid\/\">\u00ab Une v\u00e9ritable bombe \u00e0 retardement est en place en France depuis la crise du Covid \u00bb<\/a> (Quartier General)<\/p>\n\n\n\n<p><a href=\"https:\/\/info.mediapart.fr\/optiext\/optiextension.dll?ID=2uv2rNSZK8bFtEcNPcRyn9O%2BbbLf1eCLCP3MEN88Da4NiDog_P1NsXAB0s_sniTgFSc98OebJnYXiS1VSqK2TrnIzP5gm\">R\u00e9gionales: l\u2019alliance entre LREM et LR en Paca divise les deux camps<\/a> (MDP)<\/p>\n\n\n\n<p><a href=\"https:\/\/info.mediapart.fr\/optiext\/optiextension.dll?ID=2uv2vYmBIsAV79ealqnLFLDWlPyDz4OWoeDA1pNAIWeqA8xM_TeiJ7TVbA2BZEMhZhW0j1G9IT6ae7f%2BO2u_9oljKF__R\">\u00abBoomergate\u00bb: ce que r\u00e9v\u00e8lent les pol\u00e9miques incessantes contre les Verts<\/a> (MDP)<\/p>\n\n\n\n<p><a href=\"https:\/\/www.boursorama.com\/actualite-economique\/actualites\/alliance-entre-larem-et-la-droite-dans-le-sud-lr-replique-925e0609623d13f68edf4febb6349282\">Alliance entre LaRem et la droite dans le Sud, LR r\u00e9plique<\/a> (Reuters)<\/p>\n\n\n\n<figure class=\"wp-block-image is-resized is-style-default\"><img loading=\"lazy\" decoding=\"async\" src=\"https:\/\/scontent.fsti4-2.fna.fbcdn.net\/v\/t1.6435-9\/181420927_1195790787510054_7462164355787879833_n.png?_nc_cat=102&amp;ccb=1-3&amp;_nc_sid=730e14&amp;_nc_ohc=_jGZTsWztXQAX9gXTlN&amp;_nc_ht=scontent.fsti4-2.fna&amp;oh=87fafb283c162a08d048d03e9b287621&amp;oe=60B2FA9D\" alt=\"Peut \u00eatre une image de 1 personne et texte qui dit \u2019IR Republicains les R\u00e9publicains @lesRepublicains Follow Ce qui nous diff\u00e9rencie globalement du @RNational_off, c'est notre capacit\u00e9 \u00e0 gouverner! @ECiotti dans @Valeurs valeursactuelles.com\/?p=140003 #JeRejoinsLR republicains.fr CE QUI NOUS DIFF\u00c9RENCIE GLOBALEMENT DU RASSEMBLEMENT NATIONAL, C'EST NOTRE CAPACIT\u00c9 \u00c0 GOUVERNER! ctuelles 3:33 AM 30 Apr 2021\u2019\" width=\"365\" height=\"411\"\/><\/figure>\n\n\n\n<p><a href=\"https:\/\/www.contretemps.eu\/journal-commune-1-mai-1871\/\">La Commune au jour le jour. Lundi 1er mai 1871<\/a> par Contretemps&nbsp;<\/p>\n\n\n\n<p><a href=\"https:\/\/rebellyon.info\/La-Commune-de-Lyon-dans-la-derniere-23102\">La Commune de Lyon \/\/ \u00e9mission de Mayday<\/a> (Rebellyon)<\/p>\n\n\n\n<figure class=\"wp-block-image is-resized is-style-default\"><img loading=\"lazy\" decoding=\"async\" src=\"https:\/\/scontent.fsti4-2.fna.fbcdn.net\/v\/t1.6435-9\/181279110_1195795604176239_4513163857749952309_n.jpg?_nc_cat=104&amp;ccb=1-3&amp;_nc_sid=730e14&amp;_nc_ohc=YKRIKJNTLz4AX_LZyqc&amp;_nc_ht=scontent.fsti4-2.fna&amp;oh=1a298b0f22827a3825056ca17910012d&amp;oe=60B5AD7E\" alt=\"Peut \u00eatre une image de une personne ou plus\" width=\"494\" height=\"329\"\/><figcaption><sub>Regarde Roselyne, Thomas Pesquet fait \u00ab\u00a0Coucou\u00a0\u00bb<\/sub><\/figcaption><\/figure>\n\n\n\n<p><span class=\"has-inline-color has-vivid-red-color\"><strong>2 Mai en continu<\/strong><\/span><\/p>\n\n\n\n<p><a href=\"https:\/\/www.facebook.com\/peuplerevoltefr\/videos\/274216591082396\">Beaucoup, beaucoup de monde au 1er mai: Macron on va bient\u00f4t venir te chercher<\/a> -vid\u00e9o Paris<\/p>\n\n\n\n<p><a href=\"https:\/\/laviedesidees.fr\/Hayat-Peneau-Sintomer-representation-gouvernement-representatif.html\">L\u2019histoire multiple de la repr\u00e9sentation<\/a> (La Vie des Id\u00e9es)<\/p>\n\n\n\n<p><a href=\"https:\/\/info.mediapart.fr\/optiext\/optiextension.dll?ID=7zy7DUS0jvg0QOdIfTSXKmvb0hhdKgRcq3cd9VAeS_frpt_lZ4djHikKT%2Bz6%2B3GTn1BrJS35OwJhiec_u8hP97BTQGyRO\">Pour le 1er mai \u00e0 Paris, les manifestants d\u00e9noncent \u00abune guerre aux ch\u00f4meurs\u00bb<\/a> (MDP)<\/p>\n\n\n\n<p><a href=\"https:\/\/rapportsdeforce.fr\/classes-en-lutte\/1er-mai-un-fremissement-social-050110167\">1er mai : un fr\u00e9missement social ?<\/a> (Rapports de Force)<\/p>\n\n\n\n<figure class=\"wp-block-image is-resized is-style-default\"><img loading=\"lazy\" decoding=\"async\" src=\"https:\/\/scontent.fsti4-2.fna.fbcdn.net\/v\/t1.6435-9\/180713072_1195028307586302_1514553378792736466_n.jpg?_nc_cat=102&amp;ccb=1-3&amp;_nc_sid=730e14&amp;_nc_ohc=Ba6q8CjYiBwAX_fvNpE&amp;_nc_ht=scontent.fsti4-2.fna&amp;oh=6c85ee8113931107a4ac3ba45266e116&amp;oe=60B26355\" alt=\"Peut \u00eatre une image de debout, feu et plein air\" width=\"410\" height=\"273\"\/><\/figure>\n\n\n\n<p><a href=\"https:\/\/lepoing.net\/montpellier-la-manif-du-1er-mai-premisse-a-un-deconfinement-des-coleres\/\">Montpellier : la manif du 1er mai, pr\u00e9misse \u00e0 un d\u00e9confinement des col\u00e8res ?<\/a> (Le Poing )<\/p>\n\n\n\n<p><a href=\"https:\/\/europe-solidaire.us8.list-manage.com\/track\/click?u=5c732dd5ee65845cf20fd724a&amp;id=ca63c1a083&amp;e=5df9c98670\">De la droitisation de la soci\u00e9t\u00e9 \u00e0 la fascisation rampante, un climat de guerre civile larv\u00e9e <\/a>(PEPS)<\/p>\n\n\n\n<p><a href=\"https:\/\/europe-solidaire.us8.list-manage.com\/track\/click?u=5c732dd5ee65845cf20fd724a&amp;id=ed81f52742&amp;e=5df9c98670\">Le Covid est devenu l&rsquo;alli\u00e9 objectif de r\u00e9formes n\u00e9olib\u00e9rales et autoritaires en psychiatrie<\/a> -Mathieu Bellahsen<\/p>\n\n\n\n<p><a href=\"https:\/\/www.les-crises.fr\/comment-combattre-le-neoliberalisme-avec-francois-boulo-et-pierre-jacquemain\/\">Comment combattre le n\u00e9olib\u00e9ralisme ? Avec Fran\u00e7ois Boulo et Pierre Jacquemain<\/a><\/p>\n\n\n\n<p><a href=\"https:\/\/info.mediapart.fr\/optiext\/optiextension.dll?ID=7zy7AWDwLTy3GcJrquch7odPngfyZNLohe1SczptOXrad0TRYIDLyCXSQKLWBYzW2uuBzKoQNYcQqp9WGEtLaI06mduZM\">Marine Le Pen pr\u00e9tend aider \u00ables jeunes\u00bb, surtout les moins pauvres<\/a> (MDP)<\/p>\n\n\n\n<p><a href=\"https:\/\/www.lemediatv.fr\/emissions\/2021\/blanquer-putsch-racisme-sMSvvX7DT0eCgjkA0QuRVg\">Blanquer + Putsch + Racisme<\/a> (vid\u00e9o Le M\u00e9dia)<\/p>\n\n\n\n<p><a href=\"https:\/\/info.mediapart.fr\/optiext\/optiextension.dll?ID=7zy7AYNbJnUPeeDHT_DMnJxgKqg6BSp_k3MuxW8WtdgBTbLlYDWgF2OaGIvfOgihusz_QhcLSi9ZCKNUBFLsiwJ8plCtn\">A Romorantin, les d\u00eeners dor\u00e9s du maire aux frais du contribuable<\/a> (MDP)<\/p>\n\n\n\n<p><a href=\"https:\/\/info.mediapart.fr\/optiext\/optiextension.dll?ID=7zy7A05zf1QnXGVjvdduHEEMrbNsAOF9jIpBlG8NxKnj5T7lZDGd6Q3RkXAdgZaCrq87eo1qI02ms9JAFHdH9utWiNuBQ\">A bord des superyachts, un s\u00e9paratisme de grand luxe<\/a> (MDP)<\/p>\n\n\n\n<p><a href=\"https:\/\/lvsl.fr\/ernest-renan-qu-est-ce-qu-une-nation\/\">Ernest Renan : \u00ab Qu\u2019est-ce qu\u2019une nation ? \u00bb<\/a> (Le Vent Se L\u00e8ve)<\/p>\n\n\n\n<p><a href=\"https:\/\/www.contretemps.eu\/journal-commune-30-avril-1871\/\">La Commune au jour le jour. Dimanche 30 avril 1871<\/a> par Contretemps<\/p>\n\n\n\n<p><a href=\"https:\/\/info.mediapart.fr\/optiext\/optiextension.dll?ID=7zy7EuoZxEboeEmKSXOXKPnD51vm5WJdUkT34yxUGx8gaFclZfTiANdKxsjcgXOXujziREj1l5Y8w7ls56_1ETG4KqEB8\">Mai 2021: la Commune n\u2019est pas morte, vive la Commune<\/a> &#8211; Mouais, le journal dubitatif<\/p>\n\n\n\n<p><a href=\"https:\/\/www.alterpresse68.info\/2021\/05\/01\/a-lire-gustave-courbet-et-la-commune-le-politique\/\">A lire : Gustave Courbet et la Commune, le politique<\/a> (L\u2019Alterpresse68)&nbsp;<\/p>\n\n\n\n<p><a href=\"https:\/\/www.alterpresse68.info\/2021\/05\/01\/exoneration-des-loyers-et-autres-mesures-economiques-et-sociales-sous-la-commune\/\">Exon\u00e9ration des loyers et autres mesures \u00e9conomiques et sociales sous la Commune<\/a> (L\u2019Alterpresse68)<\/p>\n\n\n\n<p><a href=\"https:\/\/info.mediapart.fr\/optiext\/optiextension.dll?ID=7zy7EZFkOU6s08fjUVyh2DXWS0SsQiR5Qha079tfb2kkC%2BORZOtRC1gl7M54ZVQXn91DuRXO%2Brk_ZKptKAmhr8ZWyonBW\">A Alger, il y a 150 ans, une Commune respectueuse de l\u2019ordre colonial<\/a> (MDP)<\/p>\n\n\n\n<figure class=\"wp-block-image is-resized is-style-default\"><img loading=\"lazy\" decoding=\"async\" src=\"https:\/\/scontent.fsti4-1.fna.fbcdn.net\/v\/t1.6435-9\/180767177_1195025937586539_2772932335418154341_n.jpg?_nc_cat=100&amp;ccb=1-3&amp;_nc_sid=730e14&amp;_nc_ohc=gviLohIn3vkAX8c_4dV&amp;_nc_ht=scontent.fsti4-1.fna&amp;oh=e7cb4e63251d13404b84505eb73c78a4&amp;oe=60B18985\" alt=\"Peut \u00eatre une image de 1 personne et position debout\" width=\"300\" height=\"400\"\/><\/figure>\n\n\n\n<p><span class=\"has-inline-color has-vivid-red-color\"><strong>1er Mai<\/strong><\/span><\/p>\n\n\n\n<p><a href=\"https:\/\/info.mediapart.fr\/optiext\/optiextension.dll?ID=VnmVoh9pxVbauHMlZNx55I6%2BvjjyTapJiDZUz5HXyhrQJAA%2BNAUkxrfhKDcHO%2B7N94lUKkwalh%2BEboyG1sKhWgdTxoGNS\">Le v\u00e9ritable danger, c\u2019est eux<\/a> -Section LDH de l&rsquo;EHESS&nbsp;<\/p>\n\n\n\n<p><a href=\"https:\/\/www.revolutionpermanente.fr\/Le-PDG-de-Total-vise-par-une-plainte-pour-avoir-favorise-ses-interets-dans-l-ecole-Polytechnique\">Le PDG de Total vis\u00e9 par une plainte pour avoir favoris\u00e9 ses int\u00e9r\u00eats dans l\u2019\u00e9cole Polytechnique<\/a> (RP)<\/p>\n\n\n\n<p><a href=\"https:\/\/www.anti-k.org\/2021\/04\/30\/le-deshonneur-des-generaux-francais-apres-leur-tribune-dans-valeurs-actuelles\/\">Le \u201cd\u00e9shonneur des g\u00e9n\u00e9raux fran\u00e7ais\u201d apr\u00e8s leur tribune dans \u201cValeurs Actuelles&nbsp;\u00bb <\/a>(Anti-K)<\/p>\n\n\n\n<figure class=\"wp-block-image size-large is-resized is-style-default\"><img data-recalc-dims=\"1\" loading=\"lazy\" decoding=\"async\" src=\"https:\/\/i0.wp.com\/www.rdpemancipation.org\/wp-content\/uploads\/2021\/05\/image-6.png?resize=356%2C356&#038;ssl=1\" alt=\"\" class=\"wp-image-28333\" width=\"356\" height=\"356\" srcset=\"https:\/\/i0.wp.com\/www.rdpemancipation.org\/wp-content\/uploads\/2021\/05\/image-6.png?w=450&amp;ssl=1 450w, https:\/\/i0.wp.com\/www.rdpemancipation.org\/wp-content\/uploads\/2021\/05\/image-6.png?resize=300%2C300&amp;ssl=1 300w, https:\/\/i0.wp.com\/www.rdpemancipation.org\/wp-content\/uploads\/2021\/05\/image-6.png?resize=150%2C150&amp;ssl=1 150w\" sizes=\"auto, (max-width: 356px) 100vw, 356px\" \/><\/figure>\n\n\n\n<p><a href=\"https:\/\/www.frustrationmagazine.fr\/sondages-militaires\/\">\u00ab 58% des Fran\u00e7ais soutiennent la tribune des militaires \u00bb : itin\u00e9raire d\u2019une fausse information m\u00e9diatique<\/a> (Frustration<\/p>\n\n\n\n<p><a href=\"https:\/\/www.anti-k.org\/2021\/04\/30\/les-bourgeois-leurs-valets-leurs-bouffons-le-stagirite\/\">Les Bourgeois, leurs Valets, leurs Bouffons \u2013<\/a> Le Stagirite<\/p>\n\n\n\n<p><a href=\"https:\/\/www.anti-k.org\/2021\/04\/30\/la-politique-non-raisonnable-de-macron-par-olivier-berruyer\/\">La politique non raisonnable de Macron. &#8211;<\/a>Olivier Berruyer&nbsp;<\/p>\n\n\n\n<figure class=\"wp-block-image is-resized is-style-default\"><img loading=\"lazy\" decoding=\"async\" src=\"https:\/\/scontent.fsti4-1.fna.fbcdn.net\/v\/t1.6435-9\/180219319_1195034004252399_3086583983122283106_n.jpg?_nc_cat=111&amp;ccb=1-3&amp;_nc_sid=730e14&amp;_nc_ohc=FTofK-eqYNAAX8h2rr_&amp;_nc_ht=scontent.fsti4-1.fna&amp;oh=4dfb9159eb7521f6001e8ecc1344d951&amp;oe=60B45A25\" alt=\"Peut \u00eatre une image de plein air et texte qui dit \u2019Exterion AU MANUDU SOUR CHOMAGE ET DESERT RDV 1'Mi PLACE DE LOIRE 10&quot;30\u2019\" width=\"272\" height=\"490\"\/><\/figure>\n\n\n\n<p><a href=\"https:\/\/www.anti-k.org\/2021\/04\/30\/soyons-a-la-hauteur-de-la-mobilisation-des-travailleurs-de-lart\/\">Soyons \u00e0 la hauteur de la mobilisation des travailleurs de l\u2019art <\/a>(La France Insoumise)<\/p>\n\n\n\n<figure class=\"wp-block-image is-resized is-style-default\"><img loading=\"lazy\" decoding=\"async\" src=\"https:\/\/scontent.fsti4-2.fna.fbcdn.net\/v\/t1.6435-9\/180760968_948619679045459_4753168300810676238_n.jpg?_nc_cat=101&amp;ccb=1-3&amp;_nc_sid=dbeb18&amp;_nc_ohc=0fRk9SDUgPUAX9zRHhV&amp;_nc_ht=scontent.fsti4-2.fna&amp;oh=8f45250f85747fe986c18101ac85661c&amp;oe=60B480D7\" alt=\"Peut \u00eatre une image de fleur et texte qui dit \u201912:55 \u0664 a 35% NV bon 1er mai \u00e0 tous les gilets jaunes\u2019\" width=\"327\" height=\"690\"\/><\/figure>\n\n\n\n<p><a href=\"https:\/\/info.mediapart.fr\/optiext\/optiextension.dll?ID=VnmViBasPb1FYsBS2ow%2B5DoJyMkX3MzaZ%2BbcdToSZ1bbst9%2BMZeJO1rHIRdn117fbumCq5KdHHSAT7%2B5%2ByQCz5JzrVoFC\">La D\u00e9croissance: quand le \u00abjournal de la joie de vivre\u00bb courtise la fachosph\u00e8re<\/a> &#8211; Aude Vidal<\/p>\n\n\n\n<p><a href=\"https:\/\/info.mediapart.fr\/optiext\/optiextension.dll?ID=VnmVpVoZqthXbR_1gJ9hvJmbDyVjNqUNpwtRG3q9NPAAwii%2BN1up3o7Rvxcny31Trgm_J_Dw04Drabcgem5z5d5KBYoVj\">Manifeste pour la la\u00efcit\u00e9<\/a>&#8211; Collectif La\u00efcit\u00e9 un point c&rsquo;est tout&nbsp;<\/p>\n\n\n\n<p><a href=\"https:\/\/lanticapitaliste.org\/actualite\/strategie\/genre-race-classe-une-perspective-revolutionnaire\">Genre, race, classe&nbsp;: une perspective r\u00e9volutionnaire<\/a>&nbsp; (L\u2019Anticapitaliste)<\/p>\n\n\n\n<figure class=\"wp-block-image is-resized is-style-default\"><img loading=\"lazy\" decoding=\"async\" src=\"https:\/\/scontent.fsti4-1.fna.fbcdn.net\/v\/t1.6435-9\/180788255_1195169477572185_6679272933682503185_n.png?_nc_cat=110&amp;ccb=1-3&amp;_nc_sid=730e14&amp;_nc_ohc=4jpOaXJMd8MAX-SsLHu&amp;_nc_ht=scontent.fsti4-1.fna&amp;oh=c55376c7b13f407d4ffbc3eae5799475&amp;oe=60B2B324\" alt=\"Peut \u00eatre une image de une personne ou plus, personnes debout et texte qui dit \u2019FACE AU CAPITAL, UNE SEULE OPTION: LA LUTTE DES CLASSES LE CAPITALISME, C'EST COMME LA GANGRENE: ON LE SUPPRIME OU ON EN CREVE!\u2019\" width=\"424\" height=\"277\"\/><\/figure>\n\n\n\n<p><\/p>\n","protected":false},"excerpt":{"rendered":"<p>1 Juin en continu Manifestons pour l\u2019interdiction des licenciements le 19 juin devant le MEDEF ! -Unef Tacle Grande action f\u00e9ministe transnationale le 5 juin \u00e0 Nice ! -Collectif La r\u00e9bellion est-elle pass\u00e9e \u00e0 droite&nbsp;? Entretien avec Pablo Stefanoni (Contretemps) O\u00f9 est pass\u00e9e la question sociale ? par Pierre Jacquemain (Regards) Jour 4 (1\u00e8re partie) &#8230; <a title=\"Mai &#8211; Politique\" class=\"read-more\" href=\"https:\/\/www.rdpemancipation.org\/?p=28276\" aria-label=\"En savoir plus sur Mai &#8211; Politique\">Lire la suite<\/a><\/p>\n","protected":false},"author":2,"featured_media":0,"comment_status":"closed","ping_status":"closed","sticky":false,"template":"","format":"standard","meta":{"_lmt_disableupdate":"no","_lmt_disable":"no","_jetpack_memberships_contains_paid_content":false,"footnotes":""},"categories":[6],"tags":[],"class_list":["post-28276","post","type-post","status-publish","format-standard","hentry","category-politique"],"modified_by":"jmb","jetpack_featured_media_url":"","jetpack_sharing_enabled":true,"_links":{"self":[{"href":"https:\/\/www.rdpemancipation.org\/index.php?rest_route=\/wp\/v2\/posts\/28276","targetHints":{"allow":["GET"]}}],"collection":[{"href":"https:\/\/www.rdpemancipation.org\/index.php?rest_route=\/wp\/v2\/posts"}],"about":[{"href":"https:\/\/www.rdpemancipation.org\/index.php?rest_route=\/wp\/v2\/types\/post"}],"author":[{"embeddable":true,"href":"https:\/\/www.rdpemancipation.org\/index.php?rest_route=\/wp\/v2\/users\/2"}],"replies":[{"embeddable":true,"href":"https:\/\/www.rdpemancipation.org\/index.php?rest_route=%2Fwp%2Fv2%2Fcomments&post=28276"}],"version-history":[{"count":95,"href":"https:\/\/www.rdpemancipation.org\/index.php?rest_route=\/wp\/v2\/posts\/28276\/revisions"}],"predecessor-version":[{"id":31702,"href":"https:\/\/www.rdpemancipation.org\/index.php?rest_route=\/wp\/v2\/posts\/28276\/revisions\/31702"}],"wp:attachment":[{"href":"https:\/\/www.rdpemancipation.org\/index.php?rest_route=%2Fwp%2Fv2%2Fmedia&parent=28276"}],"wp:term":[{"taxonomy":"category","embeddable":true,"href":"https:\/\/www.rdpemancipation.org\/index.php?rest_route=%2Fwp%2Fv2%2Fcategories&post=28276"},{"taxonomy":"post_tag","embeddable":true,"href":"https:\/\/www.rdpemancipation.org\/index.php?rest_route=%2Fwp%2Fv2%2Ftags&post=28276"}],"curies":[{"name":"wp","href":"https:\/\/api.w.org\/{rel}","templated":true}]}}