{"id":28244,"date":"2021-05-01T12:01:30","date_gmt":"2021-05-01T10:01:30","guid":{"rendered":"https:\/\/www.rdpemancipation.org\/?p=28244"},"modified":"2021-05-31T21:56:41","modified_gmt":"2021-05-31T19:56:41","slug":"mai-afrique-subsaharienne","status":"publish","type":"post","link":"https:\/\/www.rdpemancipation.org\/?p=28244","title":{"rendered":"Mai &#8211; Afrique Subsaharienne"},"content":{"rendered":"\n<p><span class=\"has-inline-color has-vivid-red-color\"><strong>31 mai<\/strong> <strong>en continu<\/strong><\/span><\/p>\n\n\n\n<p><a href=\"https:\/\/mondafrique.com\/le-tchad-de-deby-fils-denonce-le-crime-de-guerre-des-centrafricains\/\">Le Tchad de D\u00e9by fils d\u00e9nonce \u00ab&nbsp;le crime de guerre&nbsp;\u00bb des Centrafricains<\/a> (Mondafrique)<\/p>\n\n\n\n<p><a href=\"https:\/\/www.boursorama.com\/videos\/actualites\/tensions-entre-le-tchad-et-la-centrafrique-bangui-parle-d-echanges-de-tirs-54dc225c529debd4b377774ddd33df8d\">Tensions entre le Tchad et la Centrafrique : Bangui parle d'\u00a0\u00bb\u00e9changes de tirs\u00a0\u00bb<\/a> (France 24)<\/p>\n\n\n\n<p><a href=\"https:\/\/www.boursorama.com\/videos\/actualites\/tensions-entre-le-tchad-et-la-centrafrique-n-djamena-denonce-un-crime-de-guerre-c557bdad763d4d25060a260519f64248\">Tensions entre le Tchad et la Centrafrique : N&rsquo;Djamena d\u00e9nonce \u00ab\u00a0un crime de guerre\u00a0\u00bb<\/a> (France 24)<\/p>\n\n\n\n<p><a href=\"https:\/\/fr.africanews.com\/2021\/05\/31\/tensions-entre-le-tchad-et-la-centrafrique-apres-la-mort-de-six-soldats\/\">Tensions entre le Tchad et la Centrafrique apr\u00e8s la mort de six soldats<\/a> (Africanews)<\/p>\n\n\n\n<p><a href=\"https:\/\/www.lemonde.fr\/afrique\/article\/2021\/05\/26\/l-emprise-russe-en-republique-centrafricaine-inquiete-paris_6081521_3212.html\">L\u2019emprise russe en R\u00e9publique centrafricaine inqui\u00e8te Paris<\/a> (Le Monde)<\/p>\n\n\n\n<p><a href=\"https:\/\/www.rfi.fr\/fr\/afrique\/20210531-centrafrique-macron-juge-le-pr%C3%A9sident-touad%C3%A9ra-otage-du-groupe-wagner\">Centrafrique: Macron juge le pr\u00e9sident Touad\u00e9ra \u00abotage du groupe Wagner\u00bb <\/a>&nbsp;(Le Monde)<\/p>\n\n\n\n<p><a href=\"https:\/\/www.rfi.fr\/fr\/en-bref\/20210530-centrafrique-trois-paramilitaires-russes-et-deux-policiers-tu%C3%A9s-par-un-engin-explosif\">Centrafrique : trois paramilitaires russes et deux policiers tu\u00e9s par un engin explosif<\/a> (RFI)<\/p>\n\n\n\n<p><a href=\"https:\/\/fr.africanews.com\/2021\/05\/31\/mali-les-sanctions-de-la-cedeao-plutot-bien-acceuillies-a-bamako\/\">Mali : les sanctions de la Cedeao plut\u00f4t bien acceuillies \u00e0 Bamako<\/a> (Africanews)<\/p>\n\n\n\n<p><a href=\"https:\/\/www.boursorama.com\/actualite-economique\/actualites\/nyiragongo-goma-epargnee-par-les-pillages-mais-les-voleurs-menacent-f85dc129d569f461d4be1e22341a03f1\">Nyiragongo : Goma \u00e9pargn\u00e9e par les pillages, mais les voleurs menacent<\/a> (AFP)<\/p>\n\n\n\n<p><a href=\"https:\/\/www.boursorama.com\/videos\/actualites\/rd-congo-quelles-chances-de-reussite-pour-l-union-sacree-bd8dab240f6eac716b84f2e821784aa1\">RD Congo : quelles chances de r\u00e9ussite pour l&rsquo;Union sacr\u00e9e ?<\/a> (France 24)<\/p>\n\n\n\n<p><a href=\"http:\/\/www.walf-groupe.com\/macron-menace-de-retirer-militaires-francais-mali\/\">Mali&nbsp;: Macron menace de retirer les militaires fran\u00e7ais du Mali<\/a> (WalfNet)<\/p>\n\n\n\n<figure class=\"wp-block-image size-large\"><img data-recalc-dims=\"1\" loading=\"lazy\" decoding=\"async\" width=\"411\" height=\"231\" src=\"https:\/\/i0.wp.com\/www.rdpemancipation.org\/wp-content\/uploads\/2021\/05\/image-212.png?resize=411%2C231&#038;ssl=1\" alt=\"\" class=\"wp-image-31638\" srcset=\"https:\/\/i0.wp.com\/www.rdpemancipation.org\/wp-content\/uploads\/2021\/05\/image-212.png?w=411&amp;ssl=1 411w, https:\/\/i0.wp.com\/www.rdpemancipation.org\/wp-content\/uploads\/2021\/05\/image-212.png?resize=300%2C169&amp;ssl=1 300w\" sizes=\"auto, (max-width: 411px) 100vw, 411px\" \/><figcaption><sup>Manifestation \u00e0 Bamako<\/sup><\/figcaption><\/figure>\n\n\n\n<p><a href=\"https:\/\/www.africaradio.com\/news\/mali-une-attaque-presumee-jihadiste-fait-cinq-morts-dans-le-sud-responsable-securite-188077\">Mali: une attaque pr\u00e9sum\u00e9e jihadiste fait cinq morts dans le sud<\/a> (Africa Radio)<\/p>\n\n\n\n<p><a href=\"https:\/\/www.journalducameroun.com\/la-cedeao-suspend-le-mali-de-ses-instances\/\">Mali&nbsp;: La Cedeao suspend le Mali de ses instances<\/a> (Journal du Cameroun)<\/p>\n\n\n\n<p><a href=\"http:\/\/www.walf-groupe.com\/inaugurer-nouvel-avion-vol-complet\/\">S\u00e9n\u00e9gal&nbsp;: Inaugurer le nouvel avion pour le VOL complet<\/a> (WalfNet)<\/p>\n\n\n\n<p><a href=\"https:\/\/www.ndarinfo.com\/Apres-l-avion-presidentiel-place-au-bateau-de-croisiere_a31538.html\">S\u00e9n\u00e9gal&nbsp;: Apr\u00e8s l\u2019avion pr\u00e9sidentiel, place au bateau de croisi\u00e8re<\/a> (Ndarinfo)<\/p>\n\n\n\n<figure class=\"wp-block-image size-large\"><img data-recalc-dims=\"1\" loading=\"lazy\" decoding=\"async\" width=\"409\" height=\"307\" src=\"https:\/\/i0.wp.com\/www.rdpemancipation.org\/wp-content\/uploads\/2021\/05\/image-209.png?resize=409%2C307&#038;ssl=1\" alt=\"\" class=\"wp-image-31631\" srcset=\"https:\/\/i0.wp.com\/www.rdpemancipation.org\/wp-content\/uploads\/2021\/05\/image-209.png?w=409&amp;ssl=1 409w, https:\/\/i0.wp.com\/www.rdpemancipation.org\/wp-content\/uploads\/2021\/05\/image-209.png?resize=300%2C225&amp;ssl=1 300w\" sizes=\"auto, (max-width: 409px) 100vw, 409px\" \/><\/figure>\n\n\n\n<p><a href=\"https:\/\/www.seneplus.com\/seneplus-tv\/soustraire-lafrique-de-la-pensee-coloniale\">Soustraire l&rsquo;Afrique de la pens\u00e9e coloniale<\/a> (Seneplus)<\/p>\n\n\n\n<p><a href=\"https:\/\/www.dw.com\/fr\/cinema-africain-ouagadougou-fespaco-jeunes-cin%C3%A9astes\/a-57700541?maca=fra-rss-fre-all-1482-rdf\">Burkina Faso&nbsp;: Le cin\u00e9ma amateur de Ouagadougou sous les projecteurs<\/a> (DW)<\/p>\n\n\n\n<p><a href=\"https:\/\/www.sidwaya.info\/blog\/2021\/05\/30\/audience-presidentielle-la-banque-mondiale-prend-le-pouls-des-priorites-du-burkina\/\">Burkina Faso : La Banque mondiale prend le pouls des priorit\u00e9s du Burkina<\/a> (Sidwaya)<\/p>\n\n\n\n<p><a href=\"https:\/\/www.27avril.com\/blog\/actualites\/ailleurs-en-afrique\/ethiopie-menace-de-famine-au-tigre\">\u00c9thiopie : Menace de Famine au Tigr\u00e9<\/a> (27avril)<\/p>\n\n\n\n<p><a href=\"https:\/\/www.connectionivoirienne.net\/2021\/05\/30\/la-cote-divoire-na-pas-les-moyens-de-faire-face-au-chomage-des-jeunes-selon-lex-ministre-interview\/\">La C\u00f4te-d\u2019Ivoire n\u2019a pas les moyens de faire face au ch\u00f4mage des jeunes (interview)<\/a> (Connectionivoirienne)<\/p>\n\n\n\n<p><a href=\"https:\/\/www.ladepechedabidjan.info\/Falsification-de-l-histoire-dans-les-manuels-scolaires_a27995.html\">C.I.&nbsp;: Falsification de l&rsquo;histoire dans les manuels scolaires africains<\/a> (La D\u00e9p\u00eache d\u2019Abidjan)<\/p>\n\n\n\n<p><a href=\"https:\/\/dailynewscameroon.com\/paul-biya-est-fatigue-le-cameroun-est-gouverne-par-delegation\/\">Cameroun&nbsp;: Paul Biya est fatigu\u00e9, le Cameroun est gouvern\u00e9 par d\u00e9l\u00e9gation<\/a> (Dailynewscameroon)<\/p>\n\n\n\n<figure class=\"wp-block-image size-large\"><img data-recalc-dims=\"1\" loading=\"lazy\" decoding=\"async\" width=\"383\" height=\"229\" src=\"https:\/\/i0.wp.com\/www.rdpemancipation.org\/wp-content\/uploads\/2021\/05\/image-210.png?resize=383%2C229&#038;ssl=1\" alt=\"\" class=\"wp-image-31633\" srcset=\"https:\/\/i0.wp.com\/www.rdpemancipation.org\/wp-content\/uploads\/2021\/05\/image-210.png?w=383&amp;ssl=1 383w, https:\/\/i0.wp.com\/www.rdpemancipation.org\/wp-content\/uploads\/2021\/05\/image-210.png?resize=300%2C179&amp;ssl=1 300w\" sizes=\"auto, (max-width: 383px) 100vw, 383px\" \/><\/figure>\n\n\n\n<p><a href=\"https:\/\/tchadinfos.com\/securite\/le-tchad-denonce-une-grave-agression-de-larmee-centrafricaine-et-promet-de-ne-pas-la-laisser-impunie\/\">Le Tchad&nbsp;d\u00e9nonce une agression centrafricaine et promet de ne pas la laisser impunie<\/a> (Tchadinfos)<\/p>\n\n\n\n<p><a href=\"https:\/\/www.letchadanthropus-tribune.com\/tchad-politique-les-grandes-manoeuvres-du-mps-pendant-la-transition-et-le-sabotage-des-demarches-quentreprend-acheikh-ibn-oumar\/\">Tchad : Les grandes man\u0153uvres du MPS pendant la transition<\/a> (Le Tchadanthropus)<\/p>\n\n\n\n<p><a href=\"https:\/\/www.africaradio.com\/news\/nyiragongo-msf-craint-une-flambee-de-cholera-appelle-a-une-aide-imediate-188091\">RDC : MSF craint une flamb\u00e9e de chol\u00e9ra, appelle \u00e0 une aide \u00ab\u00a0imm\u00e9diate\u00a0\u00bb<\/a> (AfricaRadio)<\/p>\n\n\n\n<p><a href=\"https:\/\/lesechos-congobrazza.com\/economie\/7931-denis-sassou-n-guesso-determine-a-sortir-du-tout-petrole-l-agriculture-reste-la-meilleure-solution\">Congo-Brazza&nbsp;: Denis Sassou N\u2019Guesso d\u00e9termin\u00e9 \u00e0 sortir du tout-p\u00e9trole<\/a> (Les \u00c9chos du Congo Brazzaville)<\/p>\n\n\n\n<p><a href=\"https:\/\/middleeasteye.us20.list-manage.com\/track\/click?u=f8edb2e96afff8e8e43c1285e&amp;id=c762dd4e75&amp;e=04e2b175b8\">En Afrique, la France chaque jour plus impuissante face \u00e0 la Turquie et \u00e0 la Russie&nbsp;<\/a>(MEE)<\/p>\n\n\n\n<p><a href=\"https:\/\/blogs.mediapart.fr\/jean-marc-b\/blog\/300521\/le-poids-des-mots-video-sur-le-rwanda\">Le Poids des Mots <\/a>-vid\u00e9o sur le Rwanda <\/p>\n\n\n\n<figure class=\"wp-block-embed is-type-video is-provider-youtube wp-block-embed-youtube wp-embed-aspect-16-9 wp-has-aspect-ratio\"><div class=\"wp-block-embed__wrapper\">\n<iframe loading=\"lazy\" title=\"Le Poids des Mots\" width=\"1200\" height=\"675\" src=\"https:\/\/www.youtube.com\/embed\/av6Jcny37aE?feature=oembed\" frameborder=\"0\" allow=\"accelerometer; autoplay; clipboard-write; encrypted-media; gyroscope; picture-in-picture\" allowfullscreen><\/iframe>\n<\/div><\/figure>\n\n\n\n<p><span class=\"has-inline-color has-vivid-red-color\"><strong>30 mai<\/strong> <strong>en continu<\/strong><\/span><\/p>\n\n\n\n<p><a href=\"https:\/\/www.rfi.fr\/fr\/afrique\/20210530-france-le-pr%C3%A9sident-fran%C3%A7ais-menace-de-retirer-ses-troupes-du-mali-en-cas-de-d%C3%A9rive-radicale\">Le pr\u00e9sident fran\u00e7ais menace de retirer ses troupes du Mali en cas de d\u00e9rive radicale<\/a><a> (RFI)<\/a><\/p>\n\n\n\n<figure class=\"wp-block-image size-large\"><img data-recalc-dims=\"1\" loading=\"lazy\" decoding=\"async\" width=\"407\" height=\"229\" src=\"https:\/\/i0.wp.com\/www.rdpemancipation.org\/wp-content\/uploads\/2021\/05\/image-208.png?resize=407%2C229&#038;ssl=1\" alt=\"\" class=\"wp-image-31564\" srcset=\"https:\/\/i0.wp.com\/www.rdpemancipation.org\/wp-content\/uploads\/2021\/05\/image-208.png?w=407&amp;ssl=1 407w, https:\/\/i0.wp.com\/www.rdpemancipation.org\/wp-content\/uploads\/2021\/05\/image-208.png?resize=300%2C169&amp;ssl=1 300w\" sizes=\"auto, (max-width: 407px) 100vw, 407px\" \/><\/figure>\n\n\n\n<p><a href=\"https:\/\/www.rfi.fr\/fr\/afrique\/20210530-tchad-fermeture-de-la-radio-dja-fm-la-plus-ancienne-radio-priv%C3%A9e\">Tchad: fermeture de la radio Dja FM, la plus ancienne radio priv\u00e9e<\/a> (RFI)<\/p>\n\n\n\n<p><a href=\"https:\/\/www.rfi.fr\/fr\/afrique\/20210530-%C3%A9thiopie-le-conflit-au-tigr%C3%A9-oblige-les-enfants-%C3%A0-mendier-le-long-des-routes\">\u00c9thiopie: le conflit au Tigr\u00e9 oblige les enfants \u00e0 mendier le long des routes<\/a> (RFI)<\/p>\n\n\n\n<p><a href=\"https:\/\/www.mediapart.fr\/journal\/international\/300521\/rwanda-apres-le-discours-de-macron-les-espoirs-des-survivantes-de-la-zone-turquoise\">Discours de Macron au Rwanda. Les \u00abespoirs\u00bb des survivantes de la \u00abzone Turquoise\u00bb<\/a> (M\u00e9diapart)<\/p>\n\n\n\n<p><a href=\"https:\/\/fr.africanews.com\/2021\/05\/30\/mali-le-grand-oral-d-assimi-goita-devant-la-cedeao\/\">Mali : le grand oral d\u2019Assimi Go\u00efta devant la CEDEAO<\/a> (Africanews)<\/p>\n\n\n\n<figure class=\"wp-block-image size-large is-resized\"><img data-recalc-dims=\"1\" loading=\"lazy\" decoding=\"async\" src=\"https:\/\/i0.wp.com\/www.rdpemancipation.org\/wp-content\/uploads\/2021\/05\/mali-goita.jpg?resize=457%2C257&#038;ssl=1\" alt=\"\" class=\"wp-image-31563\" width=\"457\" height=\"257\" srcset=\"https:\/\/i0.wp.com\/www.rdpemancipation.org\/wp-content\/uploads\/2021\/05\/mali-goita.jpg?w=1024&amp;ssl=1 1024w, https:\/\/i0.wp.com\/www.rdpemancipation.org\/wp-content\/uploads\/2021\/05\/mali-goita.jpg?resize=300%2C169&amp;ssl=1 300w, https:\/\/i0.wp.com\/www.rdpemancipation.org\/wp-content\/uploads\/2021\/05\/mali-goita.jpg?resize=768%2C432&amp;ssl=1 768w\" sizes=\"auto, (max-width: 457px) 100vw, 457px\" \/><\/figure>\n\n\n\n<p><a href=\"https:\/\/fr.africanews.com\/2021\/05\/29\/mali-manifestation-en-soutien-aux-militaires\/\"><\/a><\/p>\n\n\n\n<p><a href=\"https:\/\/fr.africanews.com\/2021\/05\/29\/mali-manifestation-en-soutien-aux-militaires\/\">Mali : manifestation de soutien \u00e0 la junte militaire<\/a> (Africanews)<\/p>\n\n\n\n<p><a href=\"https:\/\/www.agenceecofin.com\/gestion-publique\/2505-88519-etats-unis-des-diplomates-tchadiens-mis-en-examen-pour-corruption-et-blanchiment-d-argent\">Des diplomates&nbsp;<strong>tchad<\/strong>iens mis en examen aux USA pour corruption et blanchiment d\u2019argent<\/a> (Ecofin)<\/p>\n\n\n\n<p><span class=\"has-inline-color has-vivid-red-color\"><strong>29 mai<\/strong> <strong>en continu<\/strong><\/span><\/p>\n\n\n\n<p><a href=\"https:\/\/www.boursorama.com\/actualite-economique\/actualites\/etats-ouest-africains-et-partenaires-du-mali-au-defi-du-double-coup-d-etat-127627da5669beb410a961a996e3b93a\">Etats ouest-africains et partenaires du Mali au d\u00e9fi du double coup d&rsquo;Etat<\/a> (AFP)<\/p>\n\n\n\n<p><a href=\"https:\/\/www.boursorama.com\/videos\/actualites\/colonialisme-l-allemagne-reconnait-pour-la-premiere-fois-un-genocide-en-namibie-6425e9bf20100b4da067d22e4407dec8\">Colonialisme : l&rsquo;Allemagne reconna\u00eet pour la premi\u00e8re fois un g\u00e9nocide en Namibie<\/a> (AFP vid\u00e9o)<\/p>\n\n\n\n<p><a href=\"https:\/\/www.boursorama.com\/actualite-economique\/actualites\/nyiragongo-fausse-alerte-sur-une-eruption-le-gouvernement-face-a-l-urgence-4a5675bde87d3d62cf8cda4ad49eda6f\">Nyiragongo : \u00ab\u00a0fausse alerte\u00a0\u00bb sur une \u00e9ruption, le gouvernement face \u00e0 l&rsquo;urgence<\/a> (AFP)<\/p>\n\n\n\n<p><a href=\"https:\/\/www.boursorama.com\/actualite-economique\/actualites\/le-colonel-goita-declare-president-du-mali-apres-deux-coups-d-etat-en-neuf-mois-4117f2f77960fac2300e54eeb7939355\">Le colonel Go\u00efta d\u00e9clar\u00e9 pr\u00e9sident du Mali apr\u00e8s deux coups d&rsquo;Etat en neuf mois<\/a> (AFP)<\/p>\n\n\n\n<p><a href=\"https:\/\/www.boursorama.com\/videos\/actualites\/afrique-du-sud-macron-plaide-la-levee-des-brevets-sur-les-vaccins-b6d96d0193c79ce4d8ce722f4c0c4699\">Afrique du Sud : Macron plaide la lev\u00e9e des brevets sur les vaccins<\/a> (France 24)<\/p>\n\n\n\n<p><a href=\"https:\/\/lequotidien.sn\/plainte-a-la-cpi-pour-les-emeutes-de-mars-me-el-hadj-diouf-vise-sonko-et-cie\/\">S\u00e9n\u00e9gal&nbsp;: Plainte \u00e0 la Cpi pour les \u00e9meutes de mars : Sonko vis\u00e9<\/a> (Le Quotidien)<\/p>\n\n\n\n<p><a href=\"https:\/\/www.ndarinfo.com\/VIDEO--Vulgarisation-de-la-culture-de-ble-le-Senegal-pourrait-economiser-160-milliards-de-francs-CFA-selon-le-DG-de-l_a31528.html\">S\u00e9n\u00e9gal&nbsp;: Culture de bl\u00e9 : le S\u00e9n\u00e9gal pourrait \u00e9conomiser 160 milliards de francs CFA<\/a> (Ndarinfo)<\/p>\n\n\n\n<p><a href=\"https:\/\/www.senenews.com\/actualites\/anniversaire-abdoulaye-wade-fete-ses-95-ans_358785.html\">S\u00e9n\u00e9gal&nbsp;: Abdoulaye Wade f\u00eate ses 95 ans !<\/a> (Senenews)<\/p>\n\n\n\n<p><a href=\"https:\/\/www.burkina24.com\/2021\/05\/29\/journee-mondiale-de-lafrique-la-croix-rouge-burkinabe-aux-cotes-des-migrants\/\">Journ\u00e9e mondiale de l\u2019Afrique&nbsp;: La Croix-Rouge Burkinab\u00e8 aux c\u00f4t\u00e9s des migrants<\/a> (Burkina24)<\/p>\n\n\n\n<figure class=\"wp-block-image size-large is-resized\"><img data-recalc-dims=\"1\" loading=\"lazy\" decoding=\"async\" src=\"https:\/\/i0.wp.com\/www.rdpemancipation.org\/wp-content\/uploads\/2021\/05\/image-211.png?resize=384%2C265&#038;ssl=1\" alt=\"\" class=\"wp-image-31635\" width=\"384\" height=\"265\" srcset=\"https:\/\/i0.wp.com\/www.rdpemancipation.org\/wp-content\/uploads\/2021\/05\/image-211.png?w=356&amp;ssl=1 356w, https:\/\/i0.wp.com\/www.rdpemancipation.org\/wp-content\/uploads\/2021\/05\/image-211.png?resize=300%2C206&amp;ssl=1 300w\" sizes=\"auto, (max-width: 384px) 100vw, 384px\" \/><\/figure>\n\n\n\n<p><a href=\"https:\/\/lanouvelletribune.info\/2021\/05\/terrorisme-le-benin-abrite-une-reunion-des-chefs-de-services-de-renseignement-de-la-cedeao\/\">Terrorisme: le B\u00e9nin abrite une r\u00e9union des chefs de services de renseignement de la Cedeao<\/a> (La Nouvelle Tribune)<\/p>\n\n\n\n<p><a href=\"http:\/\/news.alibreville.com\/h\/100444.html\">Gabon : Une qu\u00eate de 175 milliards de FCFA pour la relance \u00e9conomique post-Covid<\/a> (aLibreville)<\/p>\n\n\n\n<p><a href=\"https:\/\/afrikipresse.fr\/opposition-a-un-accueil-populaire-de-gbagbo-le-fpi-affirme-que-bictogo-ne-fait-pas-partie-de-lequipe-qui-discute\/\">C\u00f4te d\u2019Ivoire&nbsp;: Opposition \u00e0 un accueil populaire de Gbagbo<\/a> (Afrikipresse)<\/p>\n\n\n\n<p><a href=\"https:\/\/www.bbc.com\/afrique\/region-56971100\">Fran\u00e7afrique: quelle est l&rsquo;histoire du \u00ab\u00a0sentiment anti-fran\u00e7ais\u00a0\u00bb en Afrique<\/a> (BBC News Afrique)<\/p>\n\n\n\n<p><a href=\"https:\/\/www.alwihdainfo.com\/Tchad-des-associations-des-jeunes-creent-une-plateforme-pour-la-paix-durable_a104038.html\">Tchad : des associations des jeunes cr\u00e9ent une plateforme pour \u00ab\u00a0la paix durable\u00a0\u00bb<\/a> (Alwihdainfo)<\/p>\n\n\n\n<p><a href=\"https:\/\/www.letchadanthropus-tribune.com\/tchad-politique-parmi-les-rebelles-beaucoup-se-disent-que-cest-le-moment-ou-jamais-de-changer-de-systeme\/\">Tchad&nbsp;: Parmi les rebelles, beaucoup pensent que c\u2019est le moment ou jamais&nbsp;de changer de syst\u00e8me<\/a> (Le Tchadanthropus)<\/p>\n\n\n\n<p><a href=\"https:\/\/bamada.net\/mali-la-cour-constitutionnelle-declare-le-colonel-goita-president-de-la-transition-officiel\">Mali : la Cour constitutionnelle d\u00e9clare le colonel Go\u00efta pr\u00e9sident de la transition<\/a> (Bamada)<\/p>\n\n\n\n<p><a href=\"https:\/\/bamada.net\/brema-ely-dicko-on-ne-sait-plus-a-quel-saint-se-vouer\">Mali&nbsp;: Br\u00e9ma Ely Dicko : \u00ab On ne sait plus \u00e0 quel saint se vouer \u00bb<\/a> (Bamada)<\/p>\n\n\n\n<p><a href=\"https:\/\/7sur7.cd\/2021\/05\/29\/beni-6-morts-dans-une-nouvelle-attaque-adf-pres-de-lume\">RDC&nbsp;: 6 morts dans une nouvelle attaque ADF pr\u00e8s de Lume<\/a> (7sur7)<\/p>\n\n\n\n<p><a href=\"https:\/\/www.radiookapi.net\/2021\/05\/29\/actualite\/societe\/rdc-400-000-usd-daide-durgence-des-etats-unis-pour-prevenir-le-cholera\">RDC : 400 000 USD d\u2019aide d\u2019urgence des USA pour pr\u00e9venir le chol\u00e9ra<\/a> (Radio Okapi)<\/p>\n\n\n\n<p><a href=\"http:\/\/www.congopage.com\/jean-rozaire-ibara-a-l-epreuve-du-feu\">Congo-Brazza&nbsp;: Jean Rozaire Ibara \u00e0 l&rsquo;\u00e9preuve du feu<\/a> (Congopage)<\/p>\n\n\n\n<p><a href=\"https:\/\/www.voaafrique.com\/a\/centrafrique-11-personnes-tu%c3%a9es-par-des-mines-en-moins-d-un-mois\/5907848.html\">Centrafrique : 11 personnes tu\u00e9es par des mines en moins d\u2019un mois<\/a> (Voaafrique)<\/p>\n\n\n\n<figure class=\"wp-block-image size-large is-resized\"><img data-recalc-dims=\"1\" loading=\"lazy\" decoding=\"async\" src=\"https:\/\/i0.wp.com\/www.rdpemancipation.org\/wp-content\/uploads\/2021\/05\/image-203.png?resize=446%2C251&#038;ssl=1\" alt=\"\" class=\"wp-image-31501\" width=\"446\" height=\"251\" srcset=\"https:\/\/i0.wp.com\/www.rdpemancipation.org\/wp-content\/uploads\/2021\/05\/image-203.png?w=380&amp;ssl=1 380w, https:\/\/i0.wp.com\/www.rdpemancipation.org\/wp-content\/uploads\/2021\/05\/image-203.png?resize=300%2C169&amp;ssl=1 300w\" sizes=\"auto, (max-width: 446px) 100vw, 446px\" \/><figcaption><sup>Commandos de la MINUSMA<\/sup><\/figcaption><\/figure>\n\n\n\n<p><a href=\"http:\/\/news.abangui.com\/h\/75353.html\">Centrafrique : L\u2019expertise russe \u00e0 la douane, le DG Th\u00e9odore Fr\u00e9d\u00e9ric Inamo explique<\/a> (aBangui)<\/p>\n\n\n\n<p><span class=\"has-inline-color has-vivid-red-color\"><strong>28 mai<\/strong> <strong>en continu<\/strong><\/span><\/p>\n\n\n\n<p><a href=\"https:\/\/www.boursorama.com\/actualite-economique\/actualites\/lutte-anti-jihadiste-au-mozambique-paris-dispose-a-apporter-son-aide-bbb1c21e58391c2a878637446b650a07\">Lutte anti-jihadiste au Mozambique : Paris \u00ab\u00a0dispos\u00e9\u00a0\u00bb \u00e0 apporter son aide<\/a> (AFP)<\/p>\n\n\n\n<p><a href=\"https:\/\/www.boursorama.com\/videos\/actualites\/nigeria-survivre-a-boko-haram-c98587396a60492658e9a4dec1dcdc95\">Nigeria : survivre \u00e0 Boko Haram<\/a> (France 24)<\/p>\n\n\n\n<p><a href=\"https:\/\/www.boursorama.com\/videos\/actualites\/somalie-annonce-de-la-tenue-d-elections-hautement-sensibles-d-ici-60-jours-cb119f7978e9ad8733dcb45b32c396a6\">Somalie : annonce de la tenue d&rsquo;\u00e9lections hautement sensibles d&rsquo;ici 60 jours<\/a> (France 24)<\/p>\n\n\n\n<p><a href=\"https:\/\/www.boursorama.com\/actualite-economique\/actualites\/nouveau-coup-de-force-au-mali-que-sait-on-quelles-suites-f66cbc199433ed0963fe0350e013b82f\">Nouveau coup de force au Mali : que sait-on, quelles suites ?<\/a> (AFP)<\/p>\n\n\n\n<figure class=\"wp-block-image size-large\"><img data-recalc-dims=\"1\" loading=\"lazy\" decoding=\"async\" width=\"379\" height=\"253\" src=\"https:\/\/i0.wp.com\/www.rdpemancipation.org\/wp-content\/uploads\/2021\/05\/image-195.png?resize=379%2C253&#038;ssl=1\" alt=\"\" class=\"wp-image-31440\" srcset=\"https:\/\/i0.wp.com\/www.rdpemancipation.org\/wp-content\/uploads\/2021\/05\/image-195.png?w=379&amp;ssl=1 379w, https:\/\/i0.wp.com\/www.rdpemancipation.org\/wp-content\/uploads\/2021\/05\/image-195.png?resize=300%2C200&amp;ssl=1 300w\" sizes=\"auto, (max-width: 379px) 100vw, 379px\" \/><\/figure>\n\n\n\n<p><a href=\"https:\/\/www.mediapart.fr\/journal\/international\/280521\/la-grande-muraille-verte-en-afrique-nouvelle-marotte-de-l-elysee\">La Grande Muraille verte en Afrique, nouvelle marotte de l\u2019Elys\u00e9e<\/a> (M\u00e9diapart)<\/p>\n\n\n\n<p><a href=\"https:\/\/www.hrw.org\/fr\/news\/2021\/05\/26\/burundi-repression-persistante-de-la-societe-civile-et-des-medias\">Burundi : R\u00e9pression persistante de la soci\u00e9t\u00e9 civile et des m\u00e9dias<\/a> (HRW)<\/p>\n\n\n\n<p><a href=\"https:\/\/www.hrw.org\/fr\/news\/2021\/05\/26\/avril-2015-juin-2020-chronologie-de-la-repression-des-medias-et-de-la-societe\">Avril 2015 \u2013 juin 2020 : Chronologie de la r\u00e9pression des m\u00e9dias et de la soci\u00e9t\u00e9 civile au Burundi<\/a> (HRW)<\/p>\n\n\n\n<p><a href=\"https:\/\/www.hrw.org\/fr\/news\/2021\/05\/26\/les-victimes-de-hissene-habre-poursuivent-leur-lutte-pour-obtenir-des-reparations\">Tchad, les victimes de Hiss\u00e8ne Habr\u00e9 poursuivent leur lutte pour obtenir des r\u00e9parations<\/a> (HRW)<\/p>\n\n\n\n<p><a href=\"http:\/\/www.walf-groupe.com\/antoine-felix-diome-rouvre-dossiers-terroristes-senegal-nest-totalement-a-labri\/\">S\u00e9n\u00e9gal&nbsp;: Antoine F\u00e9lix DIOME&nbsp;: \u00ab Le S\u00e9n\u00e9gal n\u2019est pas totalement \u00e0 l\u2019abri du terrorisme \u00bb<\/a> (WalfNet)<\/p>\n\n\n\n<p><a href=\"https:\/\/www.ndarinfo.com\/Au-Senegal-la-peche-illicite-fait-perdre-150-milliards-de-FCFA-par-an_a31522.html\">S\u00e9n\u00e9gal&nbsp;: &nbsp;La p\u00eache illicite fait perdre 150 milliards de FCFA par an<\/a> (Ndarinfo)<\/p>\n\n\n\n<figure class=\"wp-block-image size-large\"><img data-recalc-dims=\"1\" loading=\"lazy\" decoding=\"async\" width=\"366\" height=\"183\" src=\"https:\/\/i0.wp.com\/www.rdpemancipation.org\/wp-content\/uploads\/2021\/05\/image-198.png?resize=366%2C183&#038;ssl=1\" alt=\"\" class=\"wp-image-31445\" srcset=\"https:\/\/i0.wp.com\/www.rdpemancipation.org\/wp-content\/uploads\/2021\/05\/image-198.png?w=366&amp;ssl=1 366w, https:\/\/i0.wp.com\/www.rdpemancipation.org\/wp-content\/uploads\/2021\/05\/image-198.png?resize=300%2C150&amp;ssl=1 300w\" sizes=\"auto, (max-width: 366px) 100vw, 366px\" \/><\/figure>\n\n\n\n<p><a href=\"http:\/\/www.walf-groupe.com\/nouvel-avion-de-commandement-sonko-lapide-macky\/\">S\u00e9n\u00e9gal&nbsp;: Nouvel avion de commandement : SONKO lapide Macky&nbsp;Sall<\/a> (WalfNet)<\/p>\n\n\n\n<p><a href=\"http:\/\/lefaso.net\/spip.php?article105004\">Burkina Faso&nbsp;: Crise des scolaires : \u00ab L\u2019\u00c9tat sera le seul responsable de la d\u00e9gradation du climat social \u00bb<\/a> (Le Faso)<\/p>\n\n\n\n<p><a href=\"https:\/\/www.aib.media\/2021\/05\/27\/burkina-larmee-reflechit-sur-la-relecture-du-statut-de-son-personnel\/\">Burkina Faso&nbsp;: L\u2019arm\u00e9e r\u00e9fl\u00e9chit sur la relecture du statut de son personnel<\/a> (AIB)<\/p>\n\n\n\n<p><a href=\"https:\/\/lanouvelletribune.info\/2021\/05\/benin-quand-le-depart-de-certains-ministres-rejouit-des-travailleurs\/\">B\u00e9nin : Quand le d\u00e9part de certains ministres r\u00e9jouit des travailleurs<\/a> (La Nouvelle Tribune)<\/p>\n\n\n\n<p><a href=\"https:\/\/www.gabonmediatime.com\/gabon-des-militaires-impliques-dans-un-vaste-trafic-de-chanvre-via-le-congo\/\">Gabon: des militaires impliqu\u00e9s dans un vaste trafic de chanvre via le Congo<\/a> (Gabon Media Time)<\/p>\n\n\n\n<figure class=\"wp-block-image size-large\"><img data-recalc-dims=\"1\" loading=\"lazy\" decoding=\"async\" width=\"434\" height=\"240\" src=\"https:\/\/i0.wp.com\/www.rdpemancipation.org\/wp-content\/uploads\/2021\/05\/image-196.png?resize=434%2C240&#038;ssl=1\" alt=\"\" class=\"wp-image-31442\" srcset=\"https:\/\/i0.wp.com\/www.rdpemancipation.org\/wp-content\/uploads\/2021\/05\/image-196.png?w=434&amp;ssl=1 434w, https:\/\/i0.wp.com\/www.rdpemancipation.org\/wp-content\/uploads\/2021\/05\/image-196.png?resize=300%2C166&amp;ssl=1 300w\" sizes=\"auto, (max-width: 434px) 100vw, 434px\" \/><\/figure>\n\n\n\n<p><a href=\"http:\/\/news.alibreville.com\/h\/100435.html\">Gabon&nbsp;: \u00ab&nbsp; La Russie veut renforcer sa coop\u00e9ration bilat\u00e9rale avec le Gabon \u00bb<\/a> (aLibreville)<\/p>\n\n\n\n<p><a href=\"https:\/\/www.connectionivoirienne.net\/2021\/05\/27\/les-collectivites-sont-privees-de-ressources-en-cote-divoire-denonce-assale-tiemoko\/\">C\u00f4te d\u2019Ivoire&nbsp;: \u00ab&nbsp;Les collectivit\u00e9s locales sont priv\u00e9es de ressources&nbsp;\u00bb<\/a> (Connectioninvoirienne)<\/p>\n\n\n\n<p><a href=\"https:\/\/www.journalducameroun.com\/cameroun-paul-biya-modifie-la-loi-de-finances-2021-pour-ouvrir-une-nouvelle-voie-a-lendettement-cameroun\/\">Cameroun : Paul Biya modifie la Loi de finances 2021 pour un nouvel endettement<\/a> (Journal du Cameroun)<\/p>\n\n\n\n<p><a href=\"https:\/\/www.letchadanthropus-tribune.com\/tchad-politique-un-frere-deby-peut-en-cacher-un-autre\/\">Tchad&nbsp;: un fr\u00e8re D\u00e9by peut en cacher un autre<\/a> (Le Tchadanthropus)<\/p>\n\n\n\n<figure class=\"wp-block-image size-large\"><img data-recalc-dims=\"1\" loading=\"lazy\" decoding=\"async\" width=\"465\" height=\"247\" src=\"https:\/\/i0.wp.com\/www.rdpemancipation.org\/wp-content\/uploads\/2021\/05\/image-197.png?resize=465%2C247&#038;ssl=1\" alt=\"\" class=\"wp-image-31443\" srcset=\"https:\/\/i0.wp.com\/www.rdpemancipation.org\/wp-content\/uploads\/2021\/05\/image-197.png?w=465&amp;ssl=1 465w, https:\/\/i0.wp.com\/www.rdpemancipation.org\/wp-content\/uploads\/2021\/05\/image-197.png?resize=300%2C159&amp;ssl=1 300w\" sizes=\"auto, (max-width: 465px) 100vw, 465px\" \/><figcaption><strong><sup>Mahamat et Abdelkerim<\/sup><\/strong><\/figcaption><\/figure>\n\n\n\n<p><a href=\"https:\/\/www.voaafrique.com\/a\/la-france-%c3%a0-l-offensive-face-au-coup-d-etat-dans-le-coup-d-etat-\/5906335.html\">Mali&nbsp;: La France \u00e0 l&rsquo;offensive face \u00ab\u00a0au coup d&rsquo;Etat dans le coup d&rsquo;Etat\u00a0\u00bb<\/a> (Voaafrique)<\/p>\n\n\n\n<p><a href=\"https:\/\/maliactu.net\/mali-la-necessite-de-vulgariser-les-oeuvres-de-amadou-hampate-ba\/?__cf_chl_jschl_tk__=c56a25f4cd47b187fd15cf4a589acbbebb5e89e2-1622193164-0-AeUW1F_LlDz1Xs-HHv7LCWK9wPF-GZEwvaxHC0Hv8MMHq_uxiQ05CFRscRrHhMXuUHfXuWp84GtoJzNDGufm3-EHW-PZ08GabpjtcOkxorvxy85497DmLazux5WDEFWUkJvWUj39DuWVK3YHgeuzDPHHN20M_Wb4enhKIEE6GwoZbRvVKe8YwEjlHUVwTJCBJr4MhAAijDaCCvyt3IicibVPYTXWPy8NGpYFG6bQTUTndTqoPnQBh4_fq-Hc4zVNV4QAkjee_1GmvS6n8JXsX1tAspf1fyxrRePDMdcE3uoZeNny7HCzHuAoAnKOlZMJrmDQ6yzS2YWYjYERiBZweygEUASTnRCBVbIdJV65xTg6c_KtMjMO5_Kwjo2o-1PH4Qr7M5H5ndmvIIN7C55uR3hM1SGIPrb2XKWxoU5UczaKuy4lV9IGfu3PwQp8-dmcJqBe0oWA8QCW3t4bE_vNk-T5Ukjuc3QQPmISFDsaxUHtFYx-Pp67V-oSy2wU6DgPossPLbOUWk55KOCN76Ltv2QVECjaGfWnH6wiUxt-AIzM\">Mali : La n\u00e9cessit\u00e9 de vulgariser les \u0153uvres de Amadou Hamp\u00e2t\u00e9 Ba<\/a> (Maliactu)<\/p>\n\n\n\n<p><a href=\"https:\/\/aminata.com\/voila-plus-de-dix-ans-quont-ete-commises-des-infractions-dune-sauvagerie-extreme-au-stade-du-28-septembre-de-conakry\/\">Guin\u00e9e&nbsp;: Voil\u00e0 plus de dix ans, 150 morts au Stade du 28 septembre de Conakry<\/a> (Aminata)<\/p>\n\n\n\n<p><a href=\"https:\/\/www.radiookapi.net\/2021\/05\/27\/actualite\/culture\/kinshasa-now-le-film-qui-raconte-la-vie-des-enfants-de-la-rue\">RDC&nbsp;: \u00ab&nbsp; Kinshasa Now \u00bb, le film qui raconte la vie des enfants de la rue<\/a> (Radio Okapi)<\/p>\n\n\n\n<p><a href=\"http:\/\/www.dac-presse.com\/congo-brazzaville-le-gouvernement-des-generaux-de-lempereur-sassou-nguesso-ier\/\">Congo-Brazzaville : Le Gouvernement des G\u00e9n\u00e9raux de l\u2019Empereur Sassou Nguesso Ier<\/a> (Dac-e-news)<\/p>\n\n\n\n<p><a href=\"http:\/\/news.abangui.com\/h\/75347.html\">Centrafrique : les rebelles de 3R encerclent la ville de Djim, la population en fuite<\/a> (aBangui)<\/p>\n\n\n\n<p><span class=\"has-inline-color has-vivid-red-color\"><strong>27 mai<\/strong> <strong>en continu<\/strong><\/span><\/p>\n\n\n\n<p><a href=\"https:\/\/survie.org\/themes\/economie\/multinationales\/article\/ouganda-arrestation-et-detention-d-un-defenseur-des-droits-mobilise-contre-les\">A Kigali, Emmanuel Macron a manqu\u00e9 son rendez-vous avec l\u2019Histoire<\/a> (Survie)<\/p>\n\n\n\n<figure class=\"wp-block-image size-large is-resized\"><img data-recalc-dims=\"1\" loading=\"lazy\" decoding=\"async\" src=\"https:\/\/i0.wp.com\/www.rdpemancipation.org\/wp-content\/uploads\/2021\/05\/image-186.png?resize=423%2C238&#038;ssl=1\" alt=\"\" class=\"wp-image-31354\" width=\"423\" height=\"238\" srcset=\"https:\/\/i0.wp.com\/www.rdpemancipation.org\/wp-content\/uploads\/2021\/05\/image-186.png?w=600&amp;ssl=1 600w, https:\/\/i0.wp.com\/www.rdpemancipation.org\/wp-content\/uploads\/2021\/05\/image-186.png?resize=300%2C169&amp;ssl=1 300w\" sizes=\"auto, (max-width: 423px) 100vw, 423px\" \/><figcaption>O<sup>uganda : arrestation puis lib\u00e9ration sous caution d\u2019un d\u00e9fenseur des droits mobilis\u00e9 contre les projets de Total (Survie)<\/sup><\/figcaption><\/figure>\n\n\n\n<p><a href=\"https:\/\/survie.org\/themes\/economie\/multinationales\/article\/ouganda-arrestation-et-detention-d-un-defenseur-des-droits-mobilise-contre-les\"><\/a><a href=\"https:\/\/www.boursorama.com\/actualite-economique\/actualites\/mali-les-militaires-liberent-les-dirigeants-arretes-et-reprennent-les-commandes-821e5b8dbf5237f5bc5199b04ab3c153\">Mali : les militaires lib\u00e8rent les dirigeants arr\u00eat\u00e9s et reprennent les commandes<\/a> &nbsp;(AFP)<\/p>\n\n\n\n<p><a href=\"https:\/\/www.boursorama.com\/actualite-economique\/actualites\/volcan-nyiragongo-risque-de-catastrophe-majeure-exode-pour-fuir-goma-bad262f35ccd5ac07047429ec5d2200c\">Volcan Nyiragongo : risque de catastrophe majeure, exode pour fuir Goma<\/a> &nbsp;(AFP)<\/p>\n\n\n\n<p><a href=\"https:\/\/www.boursorama.com\/videos\/actualites\/la-galere-de-l-eau-a-bangui-d59a6e9ca335da9011577b6c79ff0fa4\">La gal\u00e8re de l&rsquo;eau \u00e0 Bangui<\/a> &nbsp;(France 24)<\/p>\n\n\n\n<p><a href=\"https:\/\/www.connaissancedesenergies.org\/afp\/le-nigeria-signe-un-important-accord-de-partage-de-production-sur-le-petrole-avec-les-majors-210527\">Le Nigeria signe un important accord de partage de production avec les majors<\/a> &nbsp;(AFP)<\/p>\n\n\n\n<p><a href=\"https:\/\/mondafrique.com\/mali-le-coup-detat-dans-le-coup-detat\/\">Mali, le coup d\u2019\u00c9tat dans le coup d\u2019\u00c9tat<\/a> (Mondafrique)<\/p>\n\n\n\n<figure class=\"wp-block-image size-large is-resized\"><img data-recalc-dims=\"1\" loading=\"lazy\" decoding=\"async\" src=\"https:\/\/i0.wp.com\/www.rdpemancipation.org\/wp-content\/uploads\/2021\/05\/image-185.png?resize=438%2C219&#038;ssl=1\" alt=\"\" class=\"wp-image-31341\" width=\"438\" height=\"219\" srcset=\"https:\/\/i0.wp.com\/www.rdpemancipation.org\/wp-content\/uploads\/2021\/05\/image-185.png?w=318&amp;ssl=1 318w, https:\/\/i0.wp.com\/www.rdpemancipation.org\/wp-content\/uploads\/2021\/05\/image-185.png?resize=300%2C150&amp;ssl=1 300w\" sizes=\"auto, (max-width: 438px) 100vw, 438px\" \/><figcaption><sup>Assimi Goita, le chef de la junte. Aux yeux de certains Maliens, il apparait comme plus soucieux<\/sup><br><sup> de l&rsquo;ind\u00e9pendance du Mali \u00e0 l&rsquo;\u00e9gard de la France et pronerait un rapprochement avec la Russie<\/sup><\/figcaption><\/figure>\n\n\n\n<p><a href=\"https:\/\/www.dakaractu.com\/Dossier-judiciaire-concernant-Ousmane-Sonko-Le-M2D-exige-un-proces-rapide-diligent-et-impartial_a203944.html\">S\u00e9n\u00e9gal&nbsp;: Affaire Ousmane Sonko : Le M2D exige un proc\u00e8s rapide, diligent et impartial<\/a> (Dakaractu)<\/p>\n\n\n\n<p><a href=\"http:\/\/www.walf-groupe.com\/memorandum-m2d-accable-macky-tueur-serie-dopposants-politiques-grandes-lignes\/\">S\u00e9n\u00e9gal: Le M2D accable Macky, un \u00ab\u00a0tueur en s\u00e9rie\u00a0\u00bb d\u2019opposants politiques<\/a> (WalfNet)<\/p>\n\n\n\n<p><a href=\"http:\/\/lefaso.net\/spip.php?article104975\">Burkina Faso&nbsp;: Effondrement d\u2019\u00e9coles : Un d\u00e9c\u00e8s et une vingtaine de bless\u00e9s<\/a> (Le Faso)<\/p>\n\n\n\n<p><a href=\"https:\/\/www.27avril.com\/blog\/droits-2\/togo-manipulation-de-la-justice-silence-pesant-de-faure-gnassingbe-les-avocats-du-col-madjoulba-expriment-leurs-inquietudes\">Togo&nbsp;: Manipulation de la justice, silence pesant de Faure Gnassingb\u00e9<\/a> (27avril)<\/p>\n\n\n\n<p><a href=\"https:\/\/lanouvelletribune.info\/2021\/05\/benin-a-allada-la-police-met-la-main-sur-906-kg-de-faux-medicaments\/\">B\u00e9nin: \u00c0 Allada, la police met la main sur 906 kg de faux m\u00e9dicaments<\/a> (La Nouvelle Tribune)<\/p>\n\n\n\n<p><a href=\"https:\/\/www.24haubenin.info\/?26-oeuvres-restituees-de-retour-au-Benin-en-octobre\">B\u00e9nin&nbsp;: 26 \u0153uvres restitu\u00e9es de retour au B\u00e9nin en octobre<\/a> (24 Heures au B\u00e9nin)<\/p>\n\n\n\n<p><a href=\"https:\/\/www.gabonmediatime.com\/gabon-russie-pacome-moubelet-rencontre-serguei-lavrov-ce-jeudi-27-mai\/\">Gabon-Russie: Pac\u00f4me Moubelet rencontre Serguei Lavrov ce jeudi 27 mai<\/a> (Gabon Media Time)<\/p>\n\n\n\n<p><a href=\"https:\/\/www.ivoireco.com\/cote-divoire-20-des-exportations-de-feves-de-cacao-et-cafe-attribue-aux-nationaux\/\">C\u00f4te d&rsquo;Ivoire: 20% des exportations de f\u00e8ves de cacao et caf\u00e9 attribu\u00e9 aux nationaux<\/a> (Ivoireco)<\/p>\n\n\n\n<figure class=\"wp-block-image size-large\"><img data-recalc-dims=\"1\" loading=\"lazy\" decoding=\"async\" width=\"356\" height=\"201\" src=\"https:\/\/i0.wp.com\/www.rdpemancipation.org\/wp-content\/uploads\/2021\/05\/image-187.png?resize=356%2C201&#038;ssl=1\" alt=\"\" class=\"wp-image-31358\" srcset=\"https:\/\/i0.wp.com\/www.rdpemancipation.org\/wp-content\/uploads\/2021\/05\/image-187.png?w=356&amp;ssl=1 356w, https:\/\/i0.wp.com\/www.rdpemancipation.org\/wp-content\/uploads\/2021\/05\/image-187.png?resize=300%2C169&amp;ssl=1 300w\" sizes=\"auto, (max-width: 356px) 100vw, 356px\" \/><\/figure>\n\n\n\n<p><a href=\"https:\/\/www.ivoireco.com\/grande-distribution-un-groupe-marocain-veut-faire-de-la-cote-divoire-un-hub-regional\/\">C\u00f4te d\u2019Ivoire&nbsp;: Grande distribution: un groupe marocain veut faire de la C\u00f4te d&rsquo;Ivoire un hub r\u00e9gional<\/a> (Ivoireco)<\/p>\n\n\n\n<p><a href=\"https:\/\/www.journalducameroun.com\/namibie-du-petrole-explore-dans-le-desert-du-kalahari\/\">Namibie : du p\u00e9trole explor\u00e9 dans le d\u00e9sert du Kalahari<\/a> (Journal du Cameroun)<\/p>\n\n\n\n<p><a href=\"https:\/\/www.journalducameroun.com\/harare-reprend-des-concessions-minieres-inexploitees\/\">Zimbabwe&nbsp;: Harare reprend des concessions mini\u00e8res inexploit\u00e9es<\/a> (Journal du Cameroun)<\/p>\n\n\n\n<p><a href=\"https:\/\/www.journalducameroun.com\/afrique-des-experts-africains-lancent-le-rapport-alternatif-sur-lafrique-rasa\/\">Afrique : des experts africains lancent le rapport alternatif sur l&rsquo;Afrique (Rasa)<\/a> (Journal du Cameroun)<\/p>\n\n\n\n<p><a href=\"https:\/\/actucameroun.com\/2021\/05\/26\/douala-les-premieres-images-du-mouvement-de-contestation-des-commercants-au-marche-central\/\">Cameroun&nbsp;: Premi\u00e8res images du mouvement de contestation des commer\u00e7ants \u00e0 Douala<\/a> (Actu Cameroun)<\/p>\n\n\n\n<figure class=\"wp-block-image size-large is-resized\"><img data-recalc-dims=\"1\" loading=\"lazy\" decoding=\"async\" src=\"https:\/\/i0.wp.com\/www.rdpemancipation.org\/wp-content\/uploads\/2021\/05\/image-188.png?resize=224%2C299&#038;ssl=1\" alt=\"\" class=\"wp-image-31360\" width=\"224\" height=\"299\" srcset=\"https:\/\/i0.wp.com\/www.rdpemancipation.org\/wp-content\/uploads\/2021\/05\/image-188.png?w=277&amp;ssl=1 277w, https:\/\/i0.wp.com\/www.rdpemancipation.org\/wp-content\/uploads\/2021\/05\/image-188.png?resize=225%2C300&amp;ssl=1 225w\" sizes=\"auto, (max-width: 224px) 100vw, 224px\" \/><\/figure>\n\n\n\n<p><a href=\"https:\/\/www.letchadanthropus-tribune.com\/tchad-tv5-local-fakes-news-aucune-manipulation-envers-les-fils-du-salamat-ne-passera\/\">Tchad&nbsp;: TV5 Local &#8211; Fakes News : Aucune manipulation envers les fils du Salamat ne passera<\/a> (Le Tchadanthropus)<\/p>\n\n\n\n<p><a href=\"http:\/\/www.lepaystchad.com\/17617\/\">Tchad&nbsp;: Diplomates mis en examen aux USA pour corruption et blanchiment d\u2019argent<\/a> (Le Pays)<\/p>\n\n\n\n<p><a href=\"https:\/\/www.maliweb.net\/armee\/mali-que-peut-desormais-faire-assimi-goita-le-chef-de-la-junte-militaire-2929666.html\">Mali: que peut d\u00e9sormais faire Assimi Go\u00efta, le chef de la junte militaire?<\/a> (Maliweb)<\/p>\n\n\n\n<p><a href=\"https:\/\/www.maliweb.net\/politique\/corruption-lutte-contre-la\/lutte-contre-la-corruption-au-mali-le-syndicaliste-issa-synayoko-demande-lannulation-de-trois-marches-publics-routiers-selevant-a-140-milliards-de-fcfa-pour-attribution-illicite-2929664.html\">Mali : Demande l\u2019annulation de trois march\u00e9s publics routiers pour corruption<\/a> (Maliweb)<\/p>\n\n\n\n<p><a href=\"http:\/\/voiceofcongo.net\/craintes-dune-deuxieme-eruption-a-goma-le-gouverneur-militaire-ordonne-levacuation-obligatoire-de-certains-quartiers?utm_source=rss&amp;utm_medium=rss&amp;utm_campaign=craintes-dune-deuxieme-eruption-a-goma-le-gouverneur-militaire-ordonne-levacuation-obligatoire-de-certains-quartiers\">RDC&nbsp;: Craintes d\u2019une deuxi\u00e8me \u00e9ruption \u00e0 Goma : ordre d\u2019\u00e9vacuation de certains quartiers<\/a> (The Voice of Congo)<\/p>\n\n\n\n<p><a href=\"https:\/\/www.journaldebrazza.com\/congo-coronavirus-pointe-noire-est-lepicentre-de-la-pandemie\/\">Congo-Brazza&nbsp;: Coronavirus : Pointe-Noire est l\u2019\u00e9picentre de la pand\u00e9mie<\/a> (Journal de Brazza)<\/p>\n\n\n\n<p><a href=\"http:\/\/news.abangui.com\/h\/75343.html\">Centrafrique&nbsp;: La MINUSCA rappelle la contribution de son personnel<\/a> (aBangui)<\/p>\n\n\n\n<p><span class=\"has-inline-color has-vivid-red-color\"><strong>26 mai<\/strong> <strong>en continu<\/strong><\/span><\/p>\n\n\n\n<p><a href=\"https:\/\/www.mediapart.fr\/journal\/international\/260521\/au-mali-les-putschistes-recidivent\">Au Mali, les putschistes r\u00e9cidivent<\/a> &nbsp;(M\u00e9diapart)<\/p>\n\n\n\n<p><a href=\"https:\/\/fr.africanews.com\/2021\/05\/26\/cote-d-ivoire-reprise-du-proces-de-guillaume-soro-pour-complot\/\">C\u00f4te d&rsquo;Ivoire : reprise du proc\u00e8s de Guillaume Soro pour \u00ab\u00a0complot\u00a0\u00bb<\/a> &nbsp;(Africanews)<\/p>\n\n\n\n<p><a href=\"https:\/\/fr.africanews.com\/2021\/05\/26\/congo-sassou-nguesso-vers-une-succession-dynastique\/\">Congo : Sassou Nguesso vers une succession dynastique ?<\/a> &nbsp;(Africanews)<\/p>\n\n\n\n<p><a href=\"https:\/\/fr.africanews.com\/2021\/05\/26\/soudan-pourparlers-avec-le-principal-groupe-rebelle\/\">Soudan : pourparlers avec le principal groupe rebelle<\/a> &nbsp;(Africanews)<\/p>\n\n\n\n<p><a href=\"http:\/\/www.walf-groupe.com\/forum-civil-veut-prix-officiel-de-lavion-presidentiel-on-ne-plus-continuer-a-infantiliser-citoyens\/\">S\u00e9n\u00e9gal&nbsp;: Le Forum civil veut le prix officiel de l\u2019avion pr\u00e9sidentiel<\/a> (WalfNet)<\/p>\n\n\n\n<p><a href=\"https:\/\/www.seneplus.com\/societe\/akon-city-au-point-mort\">S\u00e9n\u00e9gal&nbsp;: Akon city au point mort<\/a> (Seneplus)<\/p>\n\n\n\n<figure class=\"wp-block-image size-large is-resized\"><img data-recalc-dims=\"1\" loading=\"lazy\" decoding=\"async\" src=\"https:\/\/i0.wp.com\/www.rdpemancipation.org\/wp-content\/uploads\/2021\/05\/image-184.png?resize=370%2C220&#038;ssl=1\" alt=\"\" class=\"wp-image-31243\" width=\"370\" height=\"220\" srcset=\"https:\/\/i0.wp.com\/www.rdpemancipation.org\/wp-content\/uploads\/2021\/05\/image-184.png?w=364&amp;ssl=1 364w, https:\/\/i0.wp.com\/www.rdpemancipation.org\/wp-content\/uploads\/2021\/05\/image-184.png?resize=300%2C178&amp;ssl=1 300w\" sizes=\"auto, (max-width: 370px) 100vw, 370px\" \/><\/figure>\n\n\n\n<p><a href=\"https:\/\/www.seneweb.com\/news\/Afrique\/reportage-exclusif-dans-les-charniers-de_n_348130.html\">Gambie&nbsp;: Reportage exclusif, dans les charniers de Yahya Jammeh<\/a> (Seneweb)<\/p>\n\n\n\n<p><a href=\"https:\/\/www.bbc.com\/afrique\/region-57212150\">Un compositeur japonais, un conteur burkinab\u00e9 et un rappeur congolais cr\u00e9ent un op\u00e9ra<\/a> (BBC News Afrique)<\/p>\n\n\n\n<p><a href=\"https:\/\/www.africaradio.com\/news\/burkina-15-terroristes-tues-lors-d-une-operation-antijihadiste-dans-le-nord-187699\">Burkina: \u00ab\u00a015 terroristes\u00a0\u00bb tu\u00e9s lors d&rsquo;une op\u00e9ration antijihadiste dans le nord<\/a> (Africa Radio)<\/p>\n\n\n\n<p><a href=\"https:\/\/www.connectionivoirienne.net\/2021\/05\/26\/un-gendarme-frappe-par-un-masque-a-sinematiali-dawokaha\/\">C\u00f4te d\u2019Ivoire&nbsp;: Un gendarme frapp\u00e9 par un masque \u00e0 Sin\u00e9matiali<\/a> (Connection Ivoirienne)<\/p>\n\n\n\n<figure class=\"wp-block-image size-large is-resized\"><img data-recalc-dims=\"1\" loading=\"lazy\" decoding=\"async\" src=\"https:\/\/i0.wp.com\/www.rdpemancipation.org\/wp-content\/uploads\/2021\/05\/image-183.png?resize=442%2C271&#038;ssl=1\" alt=\"\" class=\"wp-image-31242\" width=\"442\" height=\"271\" srcset=\"https:\/\/i0.wp.com\/www.rdpemancipation.org\/wp-content\/uploads\/2021\/05\/image-183.png?w=494&amp;ssl=1 494w, https:\/\/i0.wp.com\/www.rdpemancipation.org\/wp-content\/uploads\/2021\/05\/image-183.png?resize=300%2C184&amp;ssl=1 300w\" sizes=\"auto, (max-width: 442px) 100vw, 442px\" \/><figcaption><sup>Masques sacr\u00e9s<\/sup><\/figcaption><\/figure>\n\n\n\n<p><a href=\"https:\/\/www.27avril.com\/blog\/opinion\/de-la-gestapo-nazie-au-scric-togolais-quelles-curieuses-ressemblances-de-methodes\">Togo&nbsp;: De la Gestapo au SCRIC togolais&nbsp;: curieuses ressemblances de m\u00e9thodes !<\/a> (27avril)<\/p>\n\n\n\n<p><a href=\"http:\/\/news.alome.com\/h\/133407.html\">Togo&nbsp;: Transition du CFA vers l\u2019ECO : Colloque sur la question mon\u00e9taire<\/a> (aLome)<\/p>\n\n\n\n<p><a href=\"https:\/\/news.abidjan.net\/h\/692678.html\">La C\u00f4te d\u2019Ivoire lance des r\u00e9flexions autour d\u2019une gestion int\u00e9gr\u00e9e de ses fronti\u00e8res<\/a> (Abidjan.net)<\/p>\n\n\n\n<p><a href=\"https:\/\/www.financialafrik.com\/2021\/05\/25\/guinee-equatoriale-la-cobac-autorise-la-bange-a-ouvrir-une-filiale-au-cameroun\/\">Guin\u00e9e \u00e9quatoriale : la COBAC autorise la BANGE \u00e0 ouvrir une filiale au Cameroun <\/a>(Financial Afrik)<\/p>\n\n\n\n<p><a href=\"https:\/\/actucameroun.com\/2021\/05\/26\/crise-anglophone-kah-walla-les-soldats-meurent-pour-un-probleme-quils-ne-peuvent-resoudre\/\">Cameroun&nbsp;: Crise anglophone : \u00ab\u00a0Les soldats meurent pour un probl\u00e8me qu&rsquo;ils ne peuvent r\u00e9soudre\u00a0\u00bb<\/a> (Actu Cameroun)<\/p>\n\n\n\n<p><a href=\"https:\/\/www.alwihdainfo.com\/G5-Sahel-le-Tchad-veut-accelerer-la-mise-en-oeuvre-de-sa-feuille-de-route_a103978.html\">G5 Sahel : le Tchad veut acc\u00e9l\u00e9rer la mise en oeuvre de sa feuille de route<\/a> (Alwihdainfo)<\/p>\n\n\n\n<figure class=\"wp-block-image size-large is-resized\"><img data-recalc-dims=\"1\" loading=\"lazy\" decoding=\"async\" src=\"https:\/\/i0.wp.com\/www.rdpemancipation.org\/wp-content\/uploads\/2021\/05\/image-182.png?resize=393%2C221&#038;ssl=1\" alt=\"\" class=\"wp-image-31241\" width=\"393\" height=\"221\" srcset=\"https:\/\/i0.wp.com\/www.rdpemancipation.org\/wp-content\/uploads\/2021\/05\/image-182.png?w=436&amp;ssl=1 436w, https:\/\/i0.wp.com\/www.rdpemancipation.org\/wp-content\/uploads\/2021\/05\/image-182.png?resize=300%2C169&amp;ssl=1 300w\" sizes=\"auto, (max-width: 393px) 100vw, 393px\" \/><\/figure>\n\n\n\n<p><a href=\"https:\/\/lanouvelletribune.info\/2021\/05\/mali-et-tchad-coups-detat-acceptable-et-inacceptable-pour-lue\/\">Tchad et Mali : Coups d\u2019\u00c9tat acceptable et \u00abinacceptable\u00bb pour l\u2019UE ?<\/a> (La Nouvelle Tribune)<\/p>\n\n\n\n<p><a href=\"https:\/\/www.africaradio.com\/news\/mali-la-diplomatie-en-action-pour-endiguer-une-nouvelle-crise-majeure-187713\">Mali : la diplomatie en action pour endiguer une nouvelle crise majeure<\/a> (Africa Radio)<\/p>\n\n\n\n<p><a href=\"https:\/\/www.africaguinee.com\/articles\/2021\/05\/26\/exclusif-colloque-de-lome-cellou-dalein-diallo-sera-de-la-partie\">Guin\u00e9e&nbsp;: Colloque de Lom\u00e9 : Cellou Dalein Diallo sera de la partie<\/a> (Africa Guin\u00e9e)<\/p>\n\n\n\n<p><a href=\"https:\/\/www.africaguinee.com\/articles\/2021\/05\/25\/alpha-conde-epingle-la-france-elle-faisait-tout-pour-renverser-sekou-toure\">Guin\u00e9e&nbsp;: Alpha Cond\u00e9: \u00ab\u00a0La France faisait tout pour renverser S\u00e9kou Tour\u00e9\u2026\u00a0\u00bb<\/a> (Africa Guin\u00e9e)<\/p>\n\n\n\n<p><a href=\"https:\/\/www.congoforum.be\/fr\/2021\/05\/eruption-du-volcan-les-senateurs-du-nord-kivu-demandent-des-mesures-urgentes-congoforum\/?utm_source=rss&amp;utm_medium=rss&amp;utm_campaign=eruption-du-volcan-les-senateurs-du-nord-kivu-demandent-des-mesures-urgentes-congoforum&amp;utm_source=rss&amp;utm_medium=rss&amp;utm_campaign=eruption-du-volcan-les-senateurs-du-nord-kivu-demandent-des-mesures-urgentes-congoforum\">RDC&nbsp;: \u00c9ruption du volcan : les s\u00e9nateurs du Nord-Kivu demandent des \u00ab mesures urgentes \u00bb<\/a> (Congoforum)<\/p>\n\n\n\n<p><a href=\"https:\/\/www.congoforum.be\/fr\/2021\/05\/nord-kivu-de-nouvelles-tueries-dans-le-secteur-de-ruwenzori-en-territoire-de-beni-sur-la-rn4-beni-kasindi-congoforum\/?utm_source=rss&amp;utm_medium=rss&amp;utm_campaign=nord-kivu-de-nouvelles-tueries-dans-le-secteur-de-ruwenzori-en-territoire-de-beni-sur-la-rn4-beni-kasindi-congoforum&amp;utm_source=rss&amp;utm_medium=rss&amp;utm_campaign=nord-kivu-de-nouvelles-tueries-dans-le-secteur-de-ruwenzori-en-territoire-de-beni-sur-la-rn4-beni-kasindi-congoforum\">RDC&nbsp;: Nord-Kivu : Nouvelles tueries dans le secteur de Ruwenzori<\/a> (Congoforum)<\/p>\n\n\n\n<p><a href=\"https:\/\/www.journaldebangui.com\/rca-bria-un-militaire-de-larmee-nationale-gravement-tabasse-par-les-mercenaires-russes\/\">Centrafrique : un militaire gravement tabass\u00e9 par les mercenaires russes<\/a> (Journal de Bangui)<\/p>\n\n\n\n<figure class=\"wp-block-image size-large is-resized\"><img data-recalc-dims=\"1\" loading=\"lazy\" decoding=\"async\" src=\"https:\/\/i0.wp.com\/www.rdpemancipation.org\/wp-content\/uploads\/2021\/05\/image-181.png?resize=420%2C237&#038;ssl=1\" alt=\"\" class=\"wp-image-31239\" width=\"420\" height=\"237\" srcset=\"https:\/\/i0.wp.com\/www.rdpemancipation.org\/wp-content\/uploads\/2021\/05\/image-181.png?w=383&amp;ssl=1 383w, https:\/\/i0.wp.com\/www.rdpemancipation.org\/wp-content\/uploads\/2021\/05\/image-181.png?resize=300%2C169&amp;ssl=1 300w\" sizes=\"auto, (max-width: 420px) 100vw, 420px\" \/><\/figure>\n\n\n\n<p><span class=\"has-inline-color has-vivid-red-color\"><strong>25 mai<\/strong> <strong>en continu<\/strong><\/span><\/p>\n\n\n\n<p><a href=\"https:\/\/www.boursorama.com\/videos\/actualites\/coup-d-etat-au-mali-le-colonel-goita-prend-le-pouvoir-18448f483b4b78fe437d7ceeb0a914ee\">\u00ab\u00a0Coup d&rsquo;Etat\u00a0\u00bb au Mali : le colonel Go\u00efta prend le pouvoir<\/a> (France 24)<\/p>\n\n\n\n<p><a href=\"https:\/\/www.boursorama.com\/actualite-economique\/actualites\/mali-l-homme-fort-du-pouvoir-accuse-de-sabotage-les-dirigeants-arretes-et-reprend-les-choses-en-main-16be79183cc9c5b790e7890f8ad13610\">Mali : l&rsquo;homme fort du pouvoir accuse de \u00ab\u00a0sabotage\u00a0\u00bb les dirigeants arr\u00eat\u00e9s et reprend les choses en main<\/a> (AFP)<\/p>\n\n\n\n<p><a href=\"https:\/\/www.boursorama.com\/videos\/actualites\/avec-son-objectif-thandiwe-muriu-veut-raconter-l-histoire-de-son-afrique-6ea78ba72b37779a66d3bddc02cfe184\">Avec son objectif, Thandiwe Muriu veut raconter l&rsquo;histoire de \u00ab\u00a0son Afrique\u00a0\u00bb<\/a> (France 24)<\/p>\n\n\n\n<p><a href=\"https:\/\/www.boursorama.com\/videos\/actualites\/edith-blais-otage-au-sahel-pendant-450-jours-le-plus-dur-c-est-de-ne-rien-savoir-da0a45d9d275a8c70240c1309ca56997\">Edith Blais, otage au Sahel pendant 450 jours : \u00ab\u00a0Le plus dur c&rsquo;est de ne rien savoir\u00a0\u00bb<\/a> (France 24)<\/p>\n\n\n\n<p><a href=\"http:\/\/t.newsletterext.worldbank.org\/r\/?id=h10f368aa%2C61b40d2%2C61bf616&amp;s=4cX82qcqb7gy16CPdt6jrX3BZdS1SbdE3MOBGAucnVQ\" target=\"_blank\" rel=\"noreferrer noopener\">Comment nourrir durablement l\u2019Afrique de l\u2019Ouest ?<\/a> (Banque mondiale)<\/p>\n\n\n\n<figure class=\"wp-block-image size-large\"><img data-recalc-dims=\"1\" loading=\"lazy\" decoding=\"async\" width=\"325\" height=\"325\" src=\"https:\/\/i0.wp.com\/www.rdpemancipation.org\/wp-content\/uploads\/2021\/05\/image-167.png?resize=325%2C325&#038;ssl=1\" alt=\"\" class=\"wp-image-31143\" srcset=\"https:\/\/i0.wp.com\/www.rdpemancipation.org\/wp-content\/uploads\/2021\/05\/image-167.png?w=325&amp;ssl=1 325w, https:\/\/i0.wp.com\/www.rdpemancipation.org\/wp-content\/uploads\/2021\/05\/image-167.png?resize=300%2C300&amp;ssl=1 300w, https:\/\/i0.wp.com\/www.rdpemancipation.org\/wp-content\/uploads\/2021\/05\/image-167.png?resize=150%2C150&amp;ssl=1 150w\" sizes=\"auto, (max-width: 325px) 100vw, 325px\" \/><\/figure>\n\n\n\n<p><a href=\"https:\/\/www.boursorama.com\/actualite-economique\/actualites\/le-volcan-nyiragongo-gronde-toujours-goma-dans-l-angoisse-daab86227ffa101182dd2df6049e5669\">Le volcan Nyiragongo gronde toujours, Goma dans l&rsquo;angoisse<\/a> (AFP)<\/p>\n\n\n\n<p><a href=\"https:\/\/lequotidien.sn\/achat-dun-avion-presidentiel-neuf-320-neo-polemique\/\">S\u00e9n\u00e9gal&nbsp;: Achat d\u2019un avion pr\u00e9sidentiel neuf : Interrogations sur le montage financier<\/a> (Le Quotidien)<\/p>\n\n\n\n<p><a href=\"http:\/\/www.walf-groupe.com\/macky-sall-joue-avec-les-deniers-publics-par-seybani-sougou\/\">S\u00e9n\u00e9gal&nbsp;: Macky SALL joue avec les deniers publics (Par Seybani SOUGOU)<\/a> (WalfNet)<\/p>\n\n\n\n<p><a href=\"https:\/\/assirou.sn\/criminalisation-de-lhomosexualite-serigne-mountakha-a-signe-la-petition-document\/\">S\u00e9n\u00e9gal&nbsp;: Criminalisation de l\u2019homosexualit\u00e9 : Serigne Mountakha a sign\u00e9 la p\u00e9tition<\/a> (Assirou)<\/p>\n\n\n\n<p><a href=\"https:\/\/ze-africanews.com\/burkina-faso-tour-du-benin-les-cyclistes-burkinabes-au-sommet-du-podium\/\">Burkina Faso \u2013 16\u00e8me tour du B\u00e9nin \u2013 Les cyclistes burkinab\u00e9s au sommet du podium<\/a> (Ze-Africanews)<\/p>\n\n\n\n<p><a href=\"http:\/\/lefaso.net\/spip.php?article104910\">Sahel : Quand braconnage et terrorisme font bon m\u00e9nage<\/a> (Le Faso)<\/p>\n\n\n\n<figure class=\"wp-block-image size-large\"><img data-recalc-dims=\"1\" loading=\"lazy\" decoding=\"async\" width=\"374\" height=\"203\" src=\"https:\/\/i0.wp.com\/www.rdpemancipation.org\/wp-content\/uploads\/2021\/05\/image-169.png?resize=374%2C203&#038;ssl=1\" alt=\"\" class=\"wp-image-31150\" srcset=\"https:\/\/i0.wp.com\/www.rdpemancipation.org\/wp-content\/uploads\/2021\/05\/image-169.png?w=374&amp;ssl=1 374w, https:\/\/i0.wp.com\/www.rdpemancipation.org\/wp-content\/uploads\/2021\/05\/image-169.png?resize=300%2C163&amp;ssl=1 300w\" sizes=\"auto, (max-width: 374px) 100vw, 374px\" \/><\/figure>\n\n\n\n<p><a href=\"https:\/\/www.27avril.com\/blog\/actualites\/ailleurs-en-afrique\/chronique-sommet-de-paris-sur-les-economies-africaines-la-strategie-predatrice-de-la-france-auditee\">Sommet de Paris sur les \u00c9conomies africaines : La Strat\u00e9gie Pr\u00e9datrice de la France audit\u00e9e<\/a> (27avril)<\/p>\n\n\n\n<p><a href=\"http:\/\/levenementprecis.com\/2021\/05\/25\/investiture-du-president-de-la-republique-ce-mandat-sera-hautement-social-promet-patrice-talon\/\">Togo&nbsp;: Investiture du Pr\u00e9sident : \u00abCe mandat sera hautement social\u00bb, promet Patrice Talon<\/a> (L\u2019\u00c9v\u00e9nement Pr\u00e9cis)<\/p>\n\n\n\n<p><a href=\"https:\/\/guineematin.com\/cellou-dalein-et-cie-interdits-de-voyager-toutes-les-mesures-sont-maintenues-procureur\/\">Guin\u00e9e&nbsp;: Cellou Dalein et Cie interdits de voyager : \u00ab toutes les mesures sont maintenues \u00bb<\/a> (Guin\u00e9e Matin)<\/p>\n\n\n\n<p><a href=\"https:\/\/www.gabonreview.com\/crise-multisectorielle-au-gabon-le-clerge-catholique-appelle-a-la-conscientisation\/\">Gabon&nbsp;: Crise multisectorielle : Le clerg\u00e9 catholique appelle \u00e0 la conscientisation<\/a> (Gabon Review)<\/p>\n\n\n\n<p><a href=\"http:\/\/gabonenervant.blogspot.com\/2021\/05\/a-commercial-bank-that-makes-huge.html\">Gabon&nbsp;: \u00c9normes b\u00e9n\u00e9fices d\u2019une banque commerciale dans un pays en totale r\u00e9cession.<\/a>&nbsp; (LeGabon \u00c9nervant)<\/p>\n\n\n\n<p><a href=\"https:\/\/www.lintelligentdabidjan.info\/news\/retour-de-gbagbo-en-cote-divoire-emmanuel-monnet-annonce-avoir-trouve-de-bonnes-dispositions-aupres-des-autorites\/?utm_source=rss&amp;utm_medium=rss&amp;utm_campaign=retour-de-gbagbo-en-cote-divoire-emmanuel-monnet-annonce-avoir-trouve-de-bonnes-dispositions-aupres-des-autorites\">Retour de Gbagbo en C\u00f4te d\u2019Ivoire : de bonnes dispositions aupr\u00e8s des autorit\u00e9s<\/a> (L\u2019Intelligent d\u2019Abidjan)<\/p>\n\n\n\n<p><a href=\"https:\/\/lesafriques.com\/2021\/05\/la-reunification-menacee-au-cameroun\/\">Cameroun&nbsp;: La r\u00e9unification entre les anglophones et francophones compromise<\/a> (Les Afriques)<\/p>\n\n\n\n<figure class=\"wp-block-image is-resized\"><img data-recalc-dims=\"1\" loading=\"lazy\" decoding=\"async\" src=\"https:\/\/i0.wp.com\/lesafriques.com\/wp-content\/uploads\/2021\/05\/cameroon-3938932_1280-800x445.jpg.webp?resize=476%2C265&#038;ssl=1\" alt=\"\" width=\"476\" height=\"265\"\/><\/figure>\n\n\n\n<p><a href=\"https:\/\/www.letchadanthropus-tribune.com\/tchad-gouvernance-prebendes-et-distributions-de-postes-entre-vieux-faucilles-et-vieux-os\/\">Tchad&nbsp;: Pr\u00e9bendes et distributions de postes entre vieux faucilles et vieux os.<\/a> (Le Tchadanthropus)<\/p>\n\n\n\n<p><a href=\"https:\/\/www.financialafrik.com\/2021\/05\/22\/frontieres-guinee-senegal-toujours-pas-de-compromis\/\">Fronti\u00e8res Guin\u00e9e &#8211; S\u00e9n\u00e9gal : toujours pas de compromis<\/a> (Financial Afrik)<\/p>\n\n\n\n<p><a href=\"https:\/\/www.radiookapi.net\/2021\/05\/24\/actualite\/politique\/le-gouvernement-promet-dequiper-lobservatoire-volcanologique-de-goma?utm_source=feedburner&amp;utm_medium=feed&amp;utm_campaign=Feed%3A+radiookapi%2Factu+%28Radiookapi.net+-+Actualit%C3%A9%29\">RDC&nbsp;: Le gouvernement promet d\u2019\u00e9quiper l\u2019Observatoire volcanologique de Goma<\/a> (Radio Okapi)<\/p>\n\n\n\n<p><a href=\"http:\/\/niarela.net\/crise-malienne\/mali-arrestation-de-bah-ndaw-et-moctar-ouane-communique-conjoint-de-la-cedeao-de-lunion-africaine-et-de-la-minusma\">Mali : Arrestations&nbsp;: Communiqu\u00e9 conjoint de la CEDEAO, de l\u2019UA et de la MINUSMA<\/a> (Niarela)<\/p>\n\n\n\n<p><a href=\"https:\/\/www.rfi.fr\/fr\/en-bref\/20210524-mali-le-pr%C3%A9sident-de-la-transition-et-le-premier-ministre-emmen%C3%A9s-au-camp-militaire-de-kati\">Mali&nbsp;: Le pr\u00e9sident de la transition et son premier ministre toujours retenus dans le camp militaire de Kati<\/a> &nbsp;(RFI)<\/p>\n\n\n\n<figure class=\"wp-block-image size-large\"><img data-recalc-dims=\"1\" loading=\"lazy\" decoding=\"async\" width=\"416\" height=\"234\" src=\"https:\/\/i0.wp.com\/www.rdpemancipation.org\/wp-content\/uploads\/2021\/05\/image-168.png?resize=416%2C234&#038;ssl=1\" alt=\"\" class=\"wp-image-31147\" srcset=\"https:\/\/i0.wp.com\/www.rdpemancipation.org\/wp-content\/uploads\/2021\/05\/image-168.png?w=416&amp;ssl=1 416w, https:\/\/i0.wp.com\/www.rdpemancipation.org\/wp-content\/uploads\/2021\/05\/image-168.png?resize=300%2C169&amp;ssl=1 300w\" sizes=\"auto, (max-width: 416px) 100vw, 416px\" \/><figcaption><sup>Mbah Ndaw<\/sup><\/figcaption><\/figure>\n\n\n\n<p><a href=\"https:\/\/vientosur.info\/clases-sociales-y-urbanizacion-en-africa-subsahariana\/\">Classes sociales et urbanisation en Afrique Subsaharienne <\/a>(espagnol-Antonio Jos\u00e9 Montoro)&nbsp;<\/p>\n\n\n\n<p><a href=\"https:\/\/theconversation.com\/mozambique-des-gisements-gaziers-a-linsurrection-islamiste-161198\">Mozambique : des gisements gaziers \u00e0 l\u2019insurrection islamiste<\/a> par Thierry Vircoulon (The Conversation)<\/p>\n\n\n\n<p><span class=\"has-inline-color has-vivid-red-color\"><strong>24 mai<\/strong> <strong>en continu<\/strong><\/span><\/p>\n\n\n\n<p><a href=\"https:\/\/fr.africanews.com\/2021\/05\/24\/mali-le-president-et-son-pm-detenus-par-les-militaires\/\">Mali : le pr\u00e9sident et son PM d\u00e9tenus par les militaires ?<\/a> &nbsp;(Africanews)<\/p>\n\n\n\n<p><a href=\"https:\/\/fr.africanews.com\/2021\/05\/24\/des-acteurs-du-conflit-au-tigre-sanctionnes-par-washigton\/\">Ethiopie : des acteurs du conflit au Tigr\u00e9 sanctionn\u00e9s par Washington<\/a><a> (Africanews)<\/a><\/p>\n\n\n\n<p><a href=\"https:\/\/fr.africanews.com\/2021\/05\/24\/mali-nouvelle-greve-de-quatre-jours-a-l-appel-de-l-untm\/\">Mali : nouvelle gr\u00e8ve de quatre jours \u00e0 l&rsquo;appel de l&rsquo;UNTM<\/a> (Africanews)<\/p>\n\n\n\n<p><a href=\"https:\/\/www.jeuneafrique.com\/1176647\/politique\/senegal-ousmane-sonko-interdit-de-se-rendre-a-lome-pour-debattre-de-lavenir-du-franc-cfa\/\">S\u00e9n\u00e9gal : Ousmane Sonko interdit de se rendre \u00e0 Lom\u00e9 pour d\u00e9battre de l\u2019avenir du franc CFA<\/a> (JA)<\/p>\n\n\n\n<p><a href=\"https:\/\/mondafrique.com\/gambie-les-crimes-presumes-de-lex-president-yahya-jammeh\/\">Gambie, les crimes pr\u00e9sum\u00e9s de l\u2019ex-pr\u00e9sident Yahya Jammeh<\/a> (Mondafrique)<\/p>\n\n\n\n<p><a href=\"https:\/\/www.boursorama.com\/actualite-economique\/actualites\/le-drian-confirme-l-enlevement-d-un-journaliste-francais-au-mali-0a9bac62fa442d7bdc0798af4cbe458d\">Le Drian confirme l&rsquo;enl\u00e8vement d&rsquo;un journaliste fran\u00e7ais au Mali<\/a> (Reuters)<\/p>\n\n\n\n<p><a href=\"https:\/\/www.boursorama.com\/actualite-economique\/actualites\/mozambique-deux-mois-apres-palma-ils-fuient-encore-l-attaque-5fa16cae1a711f26610f72aee5b421a4\">Mozambique : deux mois apr\u00e8s Palma, ils fuient encore l&rsquo;attaque<\/a> (AFP)<\/p>\n\n\n\n<figure class=\"wp-block-image size-large is-resized\"><img data-recalc-dims=\"1\" loading=\"lazy\" decoding=\"async\" src=\"https:\/\/i0.wp.com\/www.rdpemancipation.org\/wp-content\/uploads\/2021\/05\/image-163.png?resize=412%2C276&#038;ssl=1\" alt=\"\" class=\"wp-image-31059\" width=\"412\" height=\"276\" srcset=\"https:\/\/i0.wp.com\/www.rdpemancipation.org\/wp-content\/uploads\/2021\/05\/image-163.png?w=376&amp;ssl=1 376w, https:\/\/i0.wp.com\/www.rdpemancipation.org\/wp-content\/uploads\/2021\/05\/image-163.png?resize=300%2C200&amp;ssl=1 300w\" sizes=\"auto, (max-width: 412px) 100vw, 412px\" \/><\/figure>\n\n\n\n<p><a href=\"https:\/\/www.boursorama.com\/videos\/actualites\/michel-thierry-atangana-ex-detenu-francais-au-cameroun-la-france-m-a-abandonne-5d1424780d52c502cb9811651101d27c\">Michel Thierry Atangana, ex-d\u00e9tenu fran\u00e7ais au Cameroun&nbsp;: \u00ab\u00a0La France m&rsquo;a abandonn\u00e9\u00a0\u00bb<\/a> (France 24)<\/p>\n\n\n\n<p><a href=\"https:\/\/www.jeuneafrique.com\/1176196\/economie\/covidgate-au-cameroun-le-fmi-reclame-un-audit-independant-sur-les-milliards-de-francs-cfa-detournes\/\">\u00ab Covidgate \u00bb au Cameroun&nbsp;: le FMI r\u00e9clame un audit sur la gestion des fonds Covid<\/a> (JA)<\/p>\n\n\n\n<p><a href=\"https:\/\/www.jeuneafrique.com\/1175905\/politique\/des-milliards-de-cfa-detournes-au-cameroun-le-gouvernement-ebranle-par-le-covidgate\/\">Des milliards de francs CFA d\u00e9tourn\u00e9s au Cameroun&nbsp;? Le gouvernement \u00e9branl\u00e9 par le \u00ab&nbsp;Covidgate&nbsp;\u00bb <\/a>&nbsp;(JA)<\/p>\n\n\n\n<p><a href=\"http:\/\/cadtm.org\/Le-veritable-New-Deal-avec-l-Afrique-c-est-d-en-finir-avec-son-pillage-et-le\">Le v\u00e9ritable New Deal avec l&rsquo;Afrique c&rsquo;est d&rsquo;en finir avec son pillage et le n\u00e9ocolonialisme !<\/a> (CADTM)<\/p>\n\n\n\n<p><a href=\"http:\/\/collectifantiguerre.org\/spip.php?article136&amp;lang=fr\">Macron, le magicien de la Fran\u00e7afrique <\/a>&#8211; [Collectif Ni Guerres Ni \u00e9tat de Guerre]<\/p>\n\n\n\n<p><a href=\"https:\/\/www.humanite.fr\/vincent-bollore-ou-les-galeres-dun-milliardaire-en-afrique-707734#xtor=RSS-1\">Vincent Bollor\u00e9 ou les gal\u00e8res d\u2019un milliardaire en Afrique<\/a> (L\u2019Humanit\u00e9)<\/p>\n\n\n\n<figure class=\"wp-block-image is-resized is-style-default\"><img data-recalc-dims=\"1\" loading=\"lazy\" decoding=\"async\" src=\"https:\/\/i0.wp.com\/www.humanite.fr\/sites\/default\/files\/styles\/1048x350\/public\/images\/85647.HR.jpg?resize=518%2C222&#038;ssl=1\" alt=\"Bollor\u00e9 occupe toujours un r\u00f4le de premier plan en Afrique, o\u00f9 il est pr\u00e9sent dans 46 pays, exploite 3 concessions ferroviaires, 16 terminaux \u00e0 conteneurs... \u00a9 Cellou Diallo \/ AFP\" width=\"518\" height=\"222\" title=\"\"\/><\/figure>\n\n\n\n<p><span class=\"has-inline-color has-vivid-red-color\"><strong>23 mai<\/strong> <strong>en continu<\/strong><\/span><\/p>\n\n\n\n<p><a href=\"https:\/\/www.leparisien.fr\/international\/bombardement-de-bounti-au-mali-lecointre-denonce-une-manipulation-contre-larmee-francaise-22-05-2021-KYV4MWPMIJB4FGM33UYDRSDCKE.php\">Bombardement de Bounti au Mali : Lecointre d\u00e9nonce une \u00ab manipulation \u00bb contre l\u2019arm\u00e9e fran\u00e7aise<\/a> (Le Parisien)<\/p>\n\n\n\n<figure class=\"wp-block-image size-large is-resized\"><img data-recalc-dims=\"1\" loading=\"lazy\" decoding=\"async\" src=\"https:\/\/i0.wp.com\/www.rdpemancipation.org\/wp-content\/uploads\/2021\/05\/image-158.png?resize=464%2C290&#038;ssl=1\" alt=\"\" class=\"wp-image-30964\" width=\"464\" height=\"290\" srcset=\"https:\/\/i0.wp.com\/www.rdpemancipation.org\/wp-content\/uploads\/2021\/05\/image-158.png?w=392&amp;ssl=1 392w, https:\/\/i0.wp.com\/www.rdpemancipation.org\/wp-content\/uploads\/2021\/05\/image-158.png?resize=300%2C188&amp;ssl=1 300w\" sizes=\"auto, (max-width: 464px) 100vw, 464px\" \/><figcaption><sup>Le chef d&rsquo;\u00e9tat major de l&rsquo;arm\u00e9e fran\u00e7aise accuse l&rsquo;enqu\u00eate de l&rsquo;ONU <\/sup><br><sup>sur la frappe de Bounti, au Mali, d&rsquo;\u00eatre une manipulation contre Barkhane !<\/sup><br><sup> La France, d\u00e9j\u00e0 critiqu\u00e9e par les organisations des droits de l&rsquo;Homme, s&rsquo;enfonce dans un d\u00e9ni inadmissible.<\/sup><\/figcaption><\/figure>\n\n\n\n<p><a href=\"https:\/\/survie.org\/themes\/economie\/cooperation-et-developpement\/article\/le-veritable-new-deal-avec-l-afrique-c-est-d-en-finir-avec-son-pillage-et-l\">Le v\u00e9ritable new deal avec l\u2019Afrique est d\u2019en finir avec son pillage et le n\u00e9ocolonialisme<\/a> &nbsp;(Survie)<\/p>\n\n\n\n<p><a href=\"https:\/\/www.rfi.fr\/fr\/afrique\/20210523-eruption-du-nyiragongo-en-rdc-la-ville-de-goma-%C3%A9pargn%C3%A9e-les-habitants-reviennent-peu-%C3%A0-peu\">Eruption du Nyiragongo en RDC: la ville de Goma \u00e9pargn\u00e9e, les habitants reviennent peu \u00e0 peu <\/a>&nbsp;(RFI)<\/p>\n\n\n\n<p><a href=\"https:\/\/fr.africanews.com\/2021\/05\/23\/rdc-la-dent-de-patrice-lumumba-bientot-de-retour-au-pays\/\">RDC : la dent de Patrice Lumumba bient\u00f4t de retour au pays<\/a> &nbsp;(africanews)<\/p>\n\n\n\n<p><a href=\"https:\/\/www.agenceecofin.com\/portrait\/2105-88437-denis-christel-sassou-nguesso-le-destin-du-prince-et-la-democratie\">Denis Christel Sassou Nguesso&nbsp;: le destin du prince et la d\u00e9mocratie<\/a> &nbsp;(Ecofin)<\/p>\n\n\n\n<p><a href=\"https:\/\/www.agenceecofin.com\/reseaux-sociaux\/2105-88413-cote-d-ivoire-une-infox-provoque-des-actes-de-violences-sur-les-nigeriens-a-abidjan\">C\u00f4te d\u2019Ivoire&nbsp;: une infox provoque des actes de violences sur les Nig\u00e9riens \u00e0 Abidjan<\/a> &nbsp;(Ecofin)<\/p>\n\n\n\n<p><span class=\"has-inline-color has-vivid-red-color\"><strong>22 mai<\/strong> <strong>en continu<\/strong><\/span><\/p>\n\n\n\n<p><a href=\"https:\/\/blogs.mediapart.fr\/edition\/afrotopiques\/article\/210521\/universite-populaire-des-futurs-africains-episode-2\">Universit\u00e9 Populaire des Futurs Africains \/ Episode 2<\/a><\/p>\n\n\n\n<p><a href=\"https:\/\/blogs.mediapart.fr\/edition\/afrotopiques\/article\/060521\/universite-populaire-des-futurs-africains\">Universit\u00e9 Populaire des Futurs Africains N\u00b01<\/a> (Blog Afrotopiques)<\/p>\n\n\n\n<p><a href=\"https:\/\/www.boursorama.com\/videos\/actualites\/senegal-rassemblement-en-soutien-aux-palestiniens-a-dakar-0935922409e119c0437da3c8afd5b35b\">S\u00e9n\u00e9gal : rassemblement en soutien aux Palestiniens \u00e0 Dakar<\/a> (AFP vid\u00e9o)<\/p>\n\n\n\n<p><a href=\"https:\/\/www.africaintelligence.fr\/afrique-ouest-et-centrale_diplomatie\/2021\/05\/20\/sommet-sur-les-economies-africaines--les-chefs-d-etat-de-la-cemac-ruminent-leur-exclusion%2C109667277-art?utm_source=AIF&amp;utm_medium=email&amp;utm_campaign=PROS_EDIT_RUB&amp;did=108392778&amp;eid=611737\" target=\"_blank\" rel=\"noreferrer noopener\">Sommet sur les \u00e9conomies africaines&nbsp;: les chefs d&rsquo;Etat de la Cemac ruminent leur exclusion<\/a>&nbsp;&nbsp;(africa intelligence)<\/p>\n\n\n\n<p><a href=\"https:\/\/mondafrique.com\/economies-africaines-un-sommet-ephemere\/\">Le sommet sur les \u00e9conomies africaines \u00e0 Paris: un fiasco total<\/a> &nbsp;(Mondafrique)<\/p>\n\n\n\n<p><a href=\"https:\/\/mondafrique.com\/macron-et-les-presidents-africains-je-taime-moi-non-plus\/\">Macron et les pr\u00e9sidents africains : je t\u2019aime, moi non plus&nbsp;<\/a> &nbsp;(Mondafrique)&nbsp;<\/p>\n\n\n\n<p><a href=\"https:\/\/mondafrique.com\/le-requisitoire-du-parlement-europeen-contre-le-coup-detat-au-tchad\/\">Le r\u00e9quisitoire du Parlement europ\u00e9en contre le coup d\u2019\u00e9tat au Tchad<\/a> &nbsp;(Mondafrique)<\/p>\n\n\n\n<p><a href=\"https:\/\/mondafrique.com\/le-president-touadera-confie-les-douanes-centrafricaines-aux-russes-de-wagner\/\">Le pr\u00e9sident Touad\u00e9ra confie les douanes centrafricaines aux Russes de Wagner.<\/a> &nbsp;(Mondafrique)<\/p>\n\n\n\n<p><a href=\"https:\/\/orientxxi.info\/magazine\/soudan-la-france-soutient-la-transition-democratique,4780\" target=\"_blank\" rel=\"noreferrer noopener\">Soudan. La France soutient la transition d\u00e9mocratique<\/a> &nbsp;(Orient XXI)<\/p>\n\n\n\n<p><a href=\"https:\/\/orientxxi.info\/magazine\/deux-ans-apres-la-revolution-les-soudanaises-reclament-toujours-leurs-droits,4761\" target=\"_blank\" rel=\"noreferrer noopener\">Soudan. Ces femmes qui ont fait la r\u00e9volution s\u2019obstinent \u00e0 r\u00e9clamer leurs droits<\/a> &nbsp;(Orient XXI)<\/p>\n\n\n\n<figure class=\"wp-block-image size-large\"><img data-recalc-dims=\"1\" loading=\"lazy\" decoding=\"async\" width=\"460\" height=\"259\" src=\"https:\/\/i0.wp.com\/www.rdpemancipation.org\/wp-content\/uploads\/2021\/05\/image-156.png?resize=460%2C259&#038;ssl=1\" alt=\"\" class=\"wp-image-30894\" srcset=\"https:\/\/i0.wp.com\/www.rdpemancipation.org\/wp-content\/uploads\/2021\/05\/image-156.png?w=460&amp;ssl=1 460w, https:\/\/i0.wp.com\/www.rdpemancipation.org\/wp-content\/uploads\/2021\/05\/image-156.png?resize=300%2C169&amp;ssl=1 300w\" sizes=\"auto, (max-width: 460px) 100vw, 460px\" \/><\/figure>\n\n\n\n<p><a href=\"http:\/\/www.walf-groupe.com\/nigeria-chef-detat-major-de-larmee-meurt-crash-davion\/\">Nig\u00e9ria : Le chef d&rsquo;\u00e9tat-major de l&rsquo;arm\u00e9e meurt dans un crash d&rsquo;avion<\/a> (WalfNet)<\/p>\n\n\n\n<p><a href=\"https:\/\/www.alwihdainfo.com\/Nigeria-le-chef-de-Boko-Haram-aurait-ete-grievement-blesse_a103877.html\">Nigeria : le chef de Boko Haram aurait \u00e9t\u00e9 \u00ab gri\u00e8vement bless\u00e9 \u00bb<\/a> (Alwihdainfo)<\/p>\n\n\n\n<p><a href=\"http:\/\/www.walf-groupe.com\/imam-kante-lambassadeur-disrael-senegal-prend-cancres-demeures\/\">S\u00e9n\u00e9gal : \u00ab l&rsquo;ambassadeur d&rsquo;Isra\u00ebl au S\u00e9n\u00e9gal nous prend pour des cancres ou des demeur\u00e9s\u00bb <\/a>(WalfNet)<\/p>\n\n\n\n<p><a href=\"https:\/\/lequotidien.sn\/le-juge-lui-interdit-de-se-rendre-a-lome-sonko-not-togo\/\">S\u00e9n\u00e9gal&nbsp;: le juge interdit \u00e0 Sonko de se rendre \u00e0 Lom\u00e9 : Sonko not Togo<\/a> (Le Quotidien)<\/p>\n\n\n\n<p><a href=\"https:\/\/www.voaafrique.com\/a\/a-dakar-trouver-son-pain-sous-les-sabots-d-un-cheval-\/5899153.html\">S\u00e9n\u00e9gal&nbsp;: \u00e0 Dakar, trouver son pain sous les sabots d&rsquo;un cheval<\/a> (Voaafrique)<\/p>\n\n\n\n<figure class=\"wp-block-image size-large is-resized\"><img data-recalc-dims=\"1\" loading=\"lazy\" decoding=\"async\" src=\"https:\/\/i0.wp.com\/www.rdpemancipation.org\/wp-content\/uploads\/2021\/05\/image-157.png?resize=451%2C253&#038;ssl=1\" alt=\"\" class=\"wp-image-30898\" width=\"451\" height=\"253\" srcset=\"https:\/\/i0.wp.com\/www.rdpemancipation.org\/wp-content\/uploads\/2021\/05\/image-157.png?w=384&amp;ssl=1 384w, https:\/\/i0.wp.com\/www.rdpemancipation.org\/wp-content\/uploads\/2021\/05\/image-157.png?resize=300%2C169&amp;ssl=1 300w\" sizes=\"auto, (max-width: 451px) 100vw, 451px\" \/><\/figure>\n\n\n\n<p><a href=\"http:\/\/lefaso.net\/spip.php?article104878\">Burkina Faso : L\u2019UE met en \u0153uvre le projet SECUCOM II pour pr\u00e9venir l\u2019extr\u00e9misme violent<\/a> (Le Faso)<\/p>\n\n\n\n<p><a href=\"https:\/\/www.27avril.com\/blog\/opinion\/le-new-deal-africain-de-macron-ou-comment-accelerer-la-relance-de-leconomie-francaise-avec-lafrique\">Le \u00ab New Deal \u00bb Africain de Macron : Comment Acc\u00e9l\u00e9rer la Relance de l\u2019\u00c9conomie Fran\u00e7aise avec l\u2019Afrique !<\/a> (27avril)<\/p>\n\n\n\n<p><a href=\"https:\/\/icilome.com\/2021\/05\/togo-enquete-criminelle-la-police-nationale-renforce-ses-capacites\/\">Togo-Enqu\u00eate criminelle : La Police nationale renforce ses capacit\u00e9s<\/a> (iciLome)<\/p>\n\n\n\n<p><a href=\"http:\/\/news.alibreville.com\/h\/100384.html\">Gabon : Porte-parole de Jean Ping en 2016, Fr\u00e9d\u00e9ric Massavala rejoint Ali Bongo Ondimba<\/a> (aLibreville)<\/p>\n\n\n\n<p><a href=\"https:\/\/www.connectionivoirienne.net\/2021\/05\/21\/cote-divoire-cacao-les-operations-commerciales-connaissent-un-leger-ralentissement-regulateur\/\">C\u00f4te d\u2019Ivoire\/Cacao : Les op\u00e9rations commerciales connaissent \u00ab&nbsp;un l\u00e9ger ralentissement&nbsp;\u00bb<\/a> (Connexion ivoirienne)<\/p>\n\n\n\n<p><a href=\"https:\/\/www.lavoixdesdecideurs.biz\/2021\/05\/21\/cameroun-huawei-offre-20-appareils-de-visioconference-intelligents-au-gouvernement\/\">Cameroun : HUAWEI offre 20 appareils de visioconf\u00e9rence intelligents au gouvernement<\/a> (La Voix Des D\u00e9cideurs)<\/p>\n\n\n\n<p><a href=\"http:\/\/niarela.net\/malijet\/bradage-des-biens-immeubles-de-letat-la-tontine-des-intermediaires\">Mali&nbsp;: Bradage des biens immeubles de l\u2019Etat : La tontine des interm\u00e9diaires<\/a> (Niarela)<\/p>\n\n\n\n<p><a href=\"https:\/\/conakrylive.info\/M__decine_traditionnelle___Vers_la_r__glementation_de_l_exercice.html\">Guin\u00e9e&nbsp;: M\u00e9decine traditionnelle : Vers la r\u00e9glementation de l&rsquo;exercice des Tradipraticiens<\/a> (Conakrylive)<\/p>\n\n\n\n<p><a href=\"https:\/\/www.dw.com\/fr\/rdc-dans-les-pr%C3%A9paratifs-du-retour-des-reliques-de-lumumba\/a-57624014?maca=fra-rss-fre-all-1482-rdf\">RDC : dans les pr\u00e9paratifs du retour des reliques de Lumumba<\/a> (DW)<\/p>\n\n\n\n<p><a href=\"https:\/\/www.radiookapi.net\/2021\/05\/22\/actualite\/securite\/rdc-deux-deputes-du-haut-katanga-remettent-des-vivres-aux-fardc-pour-0\">RDC : deux d\u00e9put\u00e9s remettent des vivres aux FARDC pour soutenir l\u2019\u00e9tat de si\u00e8ge<\/a> (Radio Okapi)<\/p>\n\n\n\n<p><a href=\"https:\/\/www.financialafrik.com\/2021\/05\/21\/congo-denis-christel-sassou-nguesso-prend-les-commandes-de-la-cooperation-internationale\/\">Congo : Denis Christel Sassou Nguesso prend les commandes de la coop\u00e9ration internationale<\/a> (Financial Afrik)<\/p>\n\n\n\n<p><a href=\"https:\/\/www.journaldebangui.com\/mozambique-la-crise-securitaire-engendre-une-crise-sanitaire\/\">Mozambique : la crise s\u00e9curitaire engendre une crise sanitaire<\/a> (Journal de Bangui)<\/p>\n\n\n\n<figure class=\"wp-block-image size-large\"><img data-recalc-dims=\"1\" loading=\"lazy\" decoding=\"async\" width=\"462\" height=\"261\" src=\"https:\/\/i0.wp.com\/www.rdpemancipation.org\/wp-content\/uploads\/2021\/05\/image-154.png?resize=462%2C261&#038;ssl=1\" alt=\"\" class=\"wp-image-30861\" srcset=\"https:\/\/i0.wp.com\/www.rdpemancipation.org\/wp-content\/uploads\/2021\/05\/image-154.png?w=462&amp;ssl=1 462w, https:\/\/i0.wp.com\/www.rdpemancipation.org\/wp-content\/uploads\/2021\/05\/image-154.png?resize=300%2C169&amp;ssl=1 300w\" sizes=\"auto, (max-width: 462px) 100vw, 462px\" \/><figcaption><sup>Plus de 1,2 million de personnes ont un besoin urgent d\u2019assistance dans la province de Cab<\/sup>o<\/figcaption><\/figure>\n\n\n\n<p><span class=\"has-inline-color has-vivid-red-color\"><strong>21 mai<\/strong> <strong>en continu<\/strong><\/span><\/p>\n\n\n\n<p><a href=\"https:\/\/www.mediapart.fr\/journal\/france\/200521\/biens-mal-acquis-du-clan-bongo-la-bnp-mise-en-examen-pour-blanchiment\">\u00abBiens mal acquis\u00bb du clan Bongo : la BNP mise en examen pour blanchiment<\/a> (M\u00e9diapart)<\/p>\n\n\n\n<p><a href=\"https:\/\/www.boursorama.com\/actualite-economique\/actualites\/l-ethiopie-fixe-au-21-juin-la-nouvelle-date-des-elections-4e26c6211ac3120268f1b7ede10946c8\">L&rsquo;Ethiopie fixe au 21 juin la nouvelle date des \u00e9lections<\/a> (AFP)<\/p>\n\n\n\n<p>&nbsp;<a href=\"https:\/\/www.boursorama.com\/videos\/actualites\/cote-d-ivoire-l-e-commerce-informel-attire-de-plus-en-plus-ba33f6509f261a67ceb3f8b42e7dd858\">C\u00f4te d&rsquo;Ivoire : l&rsquo;e-commerce informel attire de plus en plus<\/a> (France 24)<\/p>\n\n\n\n<p>&nbsp;<a href=\"https:\/\/www.boursorama.com\/videos\/actualites\/au-tchad-l-apres-idriss-deby-reprise-timide-des-activites-2ada4f9a5924f1bc21fea0fa37c29958\">Au Tchad, l&rsquo;apr\u00e8s Idriss D\u00e9by : reprise timide des activit\u00e9s<\/a> (France 24)<\/p>\n\n\n\n<p><a href=\"https:\/\/www.boursorama.com\/actualite-economique\/actualites\/covid-19-les-malades-graves-meurent-davantage-en-afrique-qu-ailleurs-selon-une-etude-48b9b44d607db173a8caf3fdcd3c2e63\">Covid-19: les malades graves meurent davantage en Afrique qu&rsquo;ailleurs<\/a> &nbsp;(AFP)<\/p>\n\n\n\n<p><a href=\"https:\/\/assirou.sn\/sommet-de-paris-emmanuel-macron-est-un-vendeur-dillusions\/\">Sommet de Paris: Emmanuel Macron est un vendeur d\u2019illusions!<\/a> (Assirou)<\/p>\n\n\n\n<p><a href=\"https:\/\/www.dakaractu.com\/Cooperation-Thailande-Senegal-Nous-avons-choisi-CIGA-qui-est-un-centre-d-excellence-pour-promouvoir-la-cuisine_a203681.html\">S\u00e9n\u00e9gal &#8211; Tha\u00eflande : \u00ab Nous avons choisi CIGA, un centre d\u2019excellence pour promouvoir la cuisine Tha\u00eflandaise. \u00bb<\/a> (Dakaractu)<\/p>\n\n\n\n<p><a href=\"https:\/\/www.pressafrik.com\/Une-association-veut-aider-le-Senegal-a-eradiquer-la-mendicite_a232307.html\">S\u00e9n\u00e9gal&nbsp;: Une association veut aider \u00e0 \u00e9radiquer la mendicit\u00e9<\/a> (Pressafrik)<\/p>\n\n\n\n<p><a href=\"https:\/\/www.ndarinfo.com\/Annulation-de-la-dette-Macky-Sall-rentre-bredouille_a31456.html\">S\u00e9n\u00e9gal&nbsp;: Annulation de la dette : Macky Sall rentre bredouille<\/a> (Ndarinfo)<\/p>\n\n\n\n<p><a href=\"http:\/\/lefaso.net\/spip.php?article104847\">Enfants soldats : La chair \u00e0 canon des djihadistes<\/a> (Le Faso)<\/p>\n\n\n\n<figure class=\"wp-block-image size-large is-resized\"><img data-recalc-dims=\"1\" loading=\"lazy\" decoding=\"async\" src=\"https:\/\/i0.wp.com\/www.rdpemancipation.org\/wp-content\/uploads\/2021\/05\/Capture-enfants-soldats.jpg?resize=434%2C251&#038;ssl=1\" alt=\"\" class=\"wp-image-30773\" width=\"434\" height=\"251\" srcset=\"https:\/\/i0.wp.com\/www.rdpemancipation.org\/wp-content\/uploads\/2021\/05\/Capture-enfants-soldats.jpg?w=727&amp;ssl=1 727w, https:\/\/i0.wp.com\/www.rdpemancipation.org\/wp-content\/uploads\/2021\/05\/Capture-enfants-soldats.jpg?resize=300%2C173&amp;ssl=1 300w\" sizes=\"auto, (max-width: 434px) 100vw, 434px\" \/><\/figure>\n\n\n\n<p><a href=\"http:\/\/lefaso.net\/spip.php?article104841\">Burkina Faso : Des d\u00e9put\u00e9s appellent au retour de la s\u00e9curit\u00e9 dans les zones sous emprise terroriste<\/a> (Le Faso)<\/p>\n\n\n\n<p><a href=\"https:\/\/www.financialafrik.com\/2021\/05\/20\/togo-la-production-cotonniere-enregistre-une-baisse-annuelle-de-43\/\">Togo : la production cotonni\u00e8re enregistre une baisse annuelle de 43%<\/a> (Financial Afrik)<\/p>\n\n\n\n<p><a href=\"https:\/\/www.27avril.com\/blog\/diaspora\/manif-des-togolais-a-bruxelles-contre-la-dictature-de-faure-gnassingbe\">Togo&nbsp;: Manif \u00e0 Bruxelles contre la dictature de Faure Gnassingb\u00e9<\/a> (27avril)<\/p>\n\n\n\n<p><a href=\"https:\/\/www.ivoireco.com\/les-autorites-ivoiriennes-ont-de-bonnes-dispositions-pour-le-retour-de-gbagbo\/\">C\u00f4te d\u2019Ivoire&nbsp;: Les autorit\u00e9s ont de \u00ab\u00a0bonnes dispositions\u00a0\u00bb pour le retour de Gbagbo<\/a> (Ivoireco)<\/p>\n\n\n\n<p><a href=\"http:\/\/www.walf-groupe.com\/biens-mal-acquis-de-famille-bongo-bnp-paribas-mise-examen-blanchiment\/\">Biens mal acquis de la famille Bongo : BNP Paribas mise en examen pour \u00ab blanchiment \u00bb<\/a> (WalfNet)<\/p>\n\n\n\n<p><a href=\"http:\/\/gabonenervant.blogspot.com\/2021\/05\/ali-bongo-went-to-sell-little-bit-of.html\">Gabon&nbsp;: Ali bongo est all\u00e9 vendre un peu de son trop plein d\u2019\u00e9nergie \u00e0 Boris Johnson<\/a> (Le Gabon \u00e9nervant)<\/p>\n\n\n\n<p><a href=\"https:\/\/www.dw.com\/fr\/crise-anglophone-gr%C3%A8ve-de-la-faim-cameroun\/a-57602124?maca=fra-rss-fre-all-1482-rdf\">Cameroun&nbsp;: Des femmes en gr\u00e8ve de la faim pour attirer l\u2032attention sur la crise anglophone<\/a> (DW)<\/p>\n\n\n\n<figure class=\"wp-block-image size-large\"><img data-recalc-dims=\"1\" loading=\"lazy\" decoding=\"async\" width=\"391\" height=\"220\" src=\"https:\/\/i0.wp.com\/www.rdpemancipation.org\/wp-content\/uploads\/2021\/05\/image-151.png?resize=391%2C220&#038;ssl=1\" alt=\"\" class=\"wp-image-30772\" srcset=\"https:\/\/i0.wp.com\/www.rdpemancipation.org\/wp-content\/uploads\/2021\/05\/image-151.png?w=391&amp;ssl=1 391w, https:\/\/i0.wp.com\/www.rdpemancipation.org\/wp-content\/uploads\/2021\/05\/image-151.png?resize=300%2C169&amp;ssl=1 300w\" sizes=\"auto, (max-width: 391px) 100vw, 391px\" \/><\/figure>\n\n\n\n<p><a href=\"http:\/\/www.lepaystchad.com\/17544\/\">Tchad: Le Parlement europ\u00e9en demande le retour \u00e0 l&rsquo;ordre constitutionnel<\/a> (Le Pays)<\/p>\n\n\n\n<p><a href=\"https:\/\/www.letchadanthropus-tribune.com\/tchad-petrole-a-kome-ou-est-passe-le-magot-du-petrole-reportage\/\">Tchad : \u00e0 Kom\u00e9, \u00ab o\u00f9 est pass\u00e9 le magot&nbsp;du p\u00e9trole&nbsp;?\u00bb Reportage<\/a> (Le Tchadanthropus)<\/p>\n\n\n\n<p><a href=\"https:\/\/bamada.net\/mali-16-civils-tues-par-une-mine-dans-le-nord-sources-hospitalieres\">Mali : 16 civils tu\u00e9s par une mine dans le Nord (sources hospitali\u00e8res)<\/a> (Bamada)<\/p>\n\n\n\n<p><a href=\"https:\/\/www.sangoyacongo.com\/2021\/05\/replique-de-la-rdc-kagame-felix.html\">R\u00e9plique de la RDC \u00e0 Kagame: \u00ab\u00a0F\u00e9lix Tshisekedi a voulu calmer le jeu&#8230;\u00a0\u00bb (Eug\u00e8ne Diomi Dongala)<\/a> (sangoyacongo)<\/p>\n\n\n\n<p><a href=\"http:\/\/news.abangui.com\/h\/75316.html\">Centrafrique : l\u2019opposant Aur\u00e9lien Simplice Zingas emp\u00each\u00e9 de quitter le pays<\/a> (aBangui)<\/p>\n\n\n\n<figure class=\"wp-block-image size-large is-resized\"><img data-recalc-dims=\"1\" loading=\"lazy\" decoding=\"async\" src=\"https:\/\/i0.wp.com\/www.rdpemancipation.org\/wp-content\/uploads\/2021\/05\/image-150.png?resize=328%2C220&#038;ssl=1\" alt=\"\" class=\"wp-image-30770\" width=\"328\" height=\"220\" srcset=\"https:\/\/i0.wp.com\/www.rdpemancipation.org\/wp-content\/uploads\/2021\/05\/image-150.png?w=360&amp;ssl=1 360w, https:\/\/i0.wp.com\/www.rdpemancipation.org\/wp-content\/uploads\/2021\/05\/image-150.png?resize=300%2C202&amp;ssl=1 300w\" sizes=\"auto, (max-width: 328px) 100vw, 328px\" \/><\/figure>\n\n\n\n<p><span class=\"has-inline-color has-vivid-red-color\"><strong>20 mai<\/strong> <strong>en continu<\/strong><\/span><\/p>\n\n\n\n<p><a href=\"https:\/\/www.boursorama.com\/actualite-economique\/actualites\/virus-la-centrafrique-ou-progresse-l-epidemie-lance-sa-campagne-vaccinale-3e2d87b4af79eab43356b0550084f87a\">Virus : la Centrafrique, o\u00f9 progresse l&rsquo;\u00e9pid\u00e9mie, lance sa campagne vaccinale<\/a> &nbsp;(AFP)<\/p>\n\n\n\n<p><a href=\"https:\/\/www.boursorama.com\/videos\/actualites\/sommet-sur-l-economie-africaine-l-afrique-doit-etre-integree-aujourd-hui-dans-les-prises-de-decision-f8a77c691f9e9bbad661016b11ee2bf2\">Sommet sur l&rsquo;\u00e9conomie africaine : \u00ab\u00a0L&rsquo;Afrique doit \u00eatre int\u00e9gr\u00e9e dans les prises de d\u00e9cision\u00a0\u00bb<\/a> &nbsp;(France 24)<\/p>\n\n\n\n<p><a href=\"https:\/\/www.africaradio.com\/news\/burkina-au-moins-15-morts-dans-deux-attaques-contre-un-village-et-une-patrouille-187241\">Burkina Faso : au moins 15 morts dans deux attaques contre un village et une patrouille<\/a> (Africa Radio)<\/p>\n\n\n\n<p><a href=\"https:\/\/www.sidwaya.info\/blog\/2021\/05\/19\/projet-entreprendre-au-feminin-des-kits-dinstallation-pour-45-filles-formees-en-coupe-couture\/\">Burkina Faso&nbsp;: \u00ab entreprendre au f\u00e9minin \u00bb : Des kits d\u2019installation en coupe-couture<\/a> (Sidwaya)<\/p>\n\n\n\n<p><a href=\"https:\/\/www.27avril.com\/blog\/actualites\/politiques\/prevention-de-lenrichissement-illicite-au-togo-faure-gnassingbe-et-son-gouvernement-ont-ils-peur-de-la-declaration-des-biens\">Togo&nbsp;: Pr\u00e9vention de l\u2019Enrichissement Illicite : Faure Gnassingb\u00e9 a-t-il peur&nbsp;?<\/a> (27avril)<\/p>\n\n\n\n<figure class=\"wp-block-image size-large is-resized\"><img data-recalc-dims=\"1\" loading=\"lazy\" decoding=\"async\" src=\"https:\/\/i0.wp.com\/www.rdpemancipation.org\/wp-content\/uploads\/2021\/05\/image-147.png?resize=394%2C263&#038;ssl=1\" alt=\"\" class=\"wp-image-30764\" width=\"394\" height=\"263\" srcset=\"https:\/\/i0.wp.com\/www.rdpemancipation.org\/wp-content\/uploads\/2021\/05\/image-147.png?w=398&amp;ssl=1 398w, https:\/\/i0.wp.com\/www.rdpemancipation.org\/wp-content\/uploads\/2021\/05\/image-147.png?resize=300%2C201&amp;ssl=1 300w\" sizes=\"auto, (max-width: 394px) 100vw, 394px\" \/><\/figure>\n\n\n\n<p><a href=\"https:\/\/www.financialafrik.com\/2021\/05\/19\/togo-hausse-de-27-des-prix-a-la-consommation-en-avril\/\">Togo : Hausse de 2,7% des prix \u00e0 la consommation en avril<\/a> (Financial Afrik)<\/p>\n\n\n\n<p><a href=\"https:\/\/www.lespharaons.com\/2021\/05\/19\/construction-du-pipeline-export-niger-benin-le-plus-grand-investissement-direct-etranger-au-benin-depuis-les-independance\/\">B\u00e9nin&nbsp;: Construction du Pipeline Export Niger-B\u00e9nin, plus grand IDE depuis les Ind\u00e9pendances<\/a> (Les Pharaons)<\/p>\n\n\n\n<p><a href=\"http:\/\/gabonenervant.blogspot.com\/2021\/05\/the-most-important-road-of-country-la.html\">Gabon&nbsp;: la plus importante route du pays !<\/a> (Le Gabon \u00e9nervant)<\/p>\n\n\n\n<p><a href=\"http:\/\/news.alibreville.com\/h\/100363.html\">Gabon&nbsp;: Investissements : les tractations se poursuivent entre le Gabon et l\u2019Arabie Saoudite<\/a> (aLibreville)<\/p>\n\n\n\n<p><a href=\"https:\/\/www.lintelligentdabidjan.info\/news\/cote-divoire-tribunal-criminel-dabidjan-soro-guillaume-affoussy-bamba-toure-moussa-juges-par-contumace-pour-complot-contre-la-surete-de-letat\/?utm_source=rss&amp;utm_medium=rss&amp;utm_campaign=cote-divoire-tribunal-criminel-dabidjan-soro-guillaume-affoussy-bamba-toure-moussa-juges-par-contumace-pour-complot-contre-la-surete-de-letat\">C\u00f4te d\u2019Ivoire&nbsp;: Soro Guillaume et autres jug\u00e9s pour complot contre la s\u00fbret\u00e9 de l\u2019\u00c9tat<\/a> (L\u2019Intelligent d\u2019Abidjan)<\/p>\n\n\n\n<p><a href=\"https:\/\/www.financialafrik.com\/2021\/05\/19\/la-bad-renforce-le-portefeuille-de-ses-operations-au-cameroun\/\">Cameroun&nbsp;: La BAD renforce le portefeuille de ses op\u00e9rations au Cameroun<\/a> (Financial Afrik)<\/p>\n\n\n\n<p><a href=\"https:\/\/www.journalducameroun.com\/le-ghana-recoit-170-millions-deuros-de-la-bei\/\">Le Ghana re\u00e7oit 170 millions d&rsquo;euros de la BEI<\/a> (Journal du Cameroun)<\/p>\n\n\n\n<p><a href=\"https:\/\/www.oppositions.info\/au-tchad-lappel-a-manifester-de-lopposition-contrarie-par-un-important-dispositif-militaire\/\">Tchad&nbsp;: Appel \u00e0 manifester de l&rsquo;opposition contrari\u00e9 par un important dispositif militaire<\/a> (Oppositions info)<\/p>\n\n\n\n<figure class=\"wp-block-image size-large is-resized\"><img data-recalc-dims=\"1\" loading=\"lazy\" decoding=\"async\" src=\"https:\/\/i0.wp.com\/www.rdpemancipation.org\/wp-content\/uploads\/2021\/05\/image-148.png?resize=418%2C236&#038;ssl=1\" alt=\"\" class=\"wp-image-30765\" width=\"418\" height=\"236\" srcset=\"https:\/\/i0.wp.com\/www.rdpemancipation.org\/wp-content\/uploads\/2021\/05\/image-148.png?w=432&amp;ssl=1 432w, https:\/\/i0.wp.com\/www.rdpemancipation.org\/wp-content\/uploads\/2021\/05\/image-148.png?resize=300%2C169&amp;ssl=1 300w\" sizes=\"auto, (max-width: 418px) 100vw, 418px\" \/><\/figure>\n\n\n\n<p><a href=\"https:\/\/www.letchadanthropus-tribune.com\/tchad-opinion-libre-mon-pays-ce-nest-pas-un-vrai-pays-et-ca-ne-date-pas-daujourdhui\/\">Tchad &#8211; Opinion Libre&nbsp;: Mon pays n&rsquo;est pas un vrai pays et \u00e7a ne date pas d&rsquo;aujourd&rsquo;hui !<\/a> (Le Tchadanthropus)<\/p>\n\n\n\n<p><a href=\"https:\/\/bamada.net\/mali-les-banques-decident-dassurer-le-service-minimum\">Mali : les banques d\u00e9cident d\u2019assurer le service minimum<\/a> (Bamada)<\/p>\n\n\n\n<p><a href=\"https:\/\/bamada.net\/axe-conakry-bamako-carnet-dun-intrepide-voyageur\">Mali&nbsp;: Axe Conakry-Bamako : carnet d\u2019un intr\u00e9pide voyageur<\/a> (Bamada)<\/p>\n\n\n\n<p><a href=\"https:\/\/www.radiookapi.net\/2021\/05\/19\/actualite\/societe\/rdc-lonu-alloue-305-millions-usd-la-lutte-contre-linsecurite?utm_source=feedburner&amp;utm_medium=feed&amp;utm_campaign=Feed%3A+radiookapi%2Factu+%28Radiookapi.net+-+Actualit%C3%A9%29\">RDC : l\u2019ONU alloue 30,5 millions USD \u00e0 la lutte contre l&rsquo;ins\u00e9curit\u00e9 alimentaire<\/a> (Radio Okapi)<\/p>\n\n\n\n<p><a href=\"https:\/\/www.bbc.com\/afrique\/region-57146170\">Congo-Brazza&nbsp;: Qui est le fils de Sassou Nguesso nomm\u00e9 ministre au Congo ?<\/a> (BBC News Afrique)<\/p>\n\n\n\n<p><a href=\"https:\/\/laviesenegalaise.com\/trafic-de-bois-en-casamance-larmee-traque-des-delinquants-jusqua-la-frontiere-avec-la-gambie\/\">S\u00e9n\u00e9gal &#8211; Casamance : l&rsquo;Arm\u00e9e traque des d\u00e9linquants jusqu\u2019\u00e0 la fronti\u00e8re avec la Gambie<\/a> (La Vie Senegalaise)<\/p>\n\n\n\n<figure class=\"wp-block-image size-large is-resized\"><img data-recalc-dims=\"1\" loading=\"lazy\" decoding=\"async\" src=\"https:\/\/i0.wp.com\/www.rdpemancipation.org\/wp-content\/uploads\/2021\/05\/image-149.png?resize=392%2C259&#038;ssl=1\" alt=\"\" class=\"wp-image-30766\" width=\"392\" height=\"259\" srcset=\"https:\/\/i0.wp.com\/www.rdpemancipation.org\/wp-content\/uploads\/2021\/05\/image-149.png?w=426&amp;ssl=1 426w, https:\/\/i0.wp.com\/www.rdpemancipation.org\/wp-content\/uploads\/2021\/05\/image-149.png?resize=300%2C199&amp;ssl=1 300w\" sizes=\"auto, (max-width: 392px) 100vw, 392px\" \/><\/figure>\n\n\n\n<p><a href=\"https:\/\/www.seneweb.com\/news\/Justice\/demande-de-sortie-du-territoire-le-procu_n_347589.html\">S\u00e9n\u00e9gal&nbsp;: Demande de sortie du territoire : Le procureur dit niet \u00e0 Sonko<\/a> (Seneweb)<\/p>\n\n\n\n<p><span class=\"has-inline-color has-vivid-red-color\"><strong>19 mai<\/strong> <strong>en continu<\/strong><\/span><\/p>\n\n\n\n<p><a href=\"https:\/\/mondafrique.com\/climat-morose-au-sommet-du-g5-sahel-a-paris\/\">Climat morose au sommet du G5 Sahel \u00e0 Paris&nbsp;<\/a> (Mondafrique)<\/p>\n\n\n\n<p><a href=\"https:\/\/mondafrique.com\/le-tchad-et-le-congo-invites-de-derniere-minute\/\">Tchad et Congo invit\u00e9s de derni\u00e8re minute \u00e0 Paris&nbsp;<\/a> (Mondafrique)<\/p>\n\n\n\n<p><a href=\"https:\/\/mondafrique.com\/niger-le-president-bazoum-decapite-larmee\/\">Niger, le Pr\u00e9sident Bazoum d\u00e9capite l\u2019arm\u00e9e<\/a> (Mondafrique)<\/p>\n\n\n\n<p><a href=\"https:\/\/www.boursorama.com\/videos\/actualites\/macron-annonce-qu-il-ira-fin-mai-au-rwanda-pour-ecrire-une-nouvelle-page-7eeb9033436e92c6b4937309249adb35\">Macron annonce qu&rsquo;il ira fin mai au Rwanda, pour \u00ab\u00a0\u00e9crire une nouvelle page\u00a0\u00bb<\/a> (AFP vid\u00e9o)<\/p>\n\n\n\n<p><a href=\"https:\/\/www.mediapart.fr\/journal\/france\/170521\/la-france-le-rwanda-et-le-genocide-l-occasion-unique-d-emmanuel-macron\">France-Rwanda : \u00ab&nbsp;l\u2019occasion unique \u00bb de Macron<\/a> (M\u00e9diapart)<\/p>\n\n\n\n<figure class=\"wp-block-image is-resized\"><img data-recalc-dims=\"1\" loading=\"lazy\" decoding=\"async\" src=\"https:\/\/i0.wp.com\/static.mediapart.fr\/etmagine\/default\/files\/2021\/05\/16\/graner.png?resize=360%2C238&#038;ssl=1\" alt=\"Fran\u00e7ois Graner sur le plateau de TV5 Monde. \u00a9 DR\" width=\"360\" height=\"238\"\/><figcaption><sup>Fran\u00e7ois Graner, chercheur et militant de l&rsquo;association Survie<\/sup><\/figcaption><\/figure>\n\n\n\n<p><a href=\"https:\/\/www.boursorama.com\/videos\/actualites\/vaccins-anti-covid-la-levee-des-brevets-demandee-pour-l-afrique-macron-8e1f0cd7756c824a57abfceb914fc473\">Vaccins anti-Covid : la lev\u00e9e des brevets demand\u00e9e pour l&rsquo;Afrique (Macron)<\/a> (AFP vid\u00e9o)<\/p>\n\n\n\n<p><a href=\"https:\/\/www.boursorama.com\/actualite-economique\/actualites\/dans-l-est-de-la-rdc-le-sud-kivu-s-echauffe-a-son-tour-fb671ebb22a85df1625bad1cf8540f31\">Dans l&rsquo;est de la RDC, le Sud-Kivu s&rsquo;\u00e9chauffe \u00e0 son tour<\/a> (AFP)<\/p>\n\n\n\n<p>&nbsp;<a href=\"https:\/\/www.boursorama.com\/videos\/actualites\/cyril-ramaphosa-la-situation-a-gaza-nous-rappelle-tres-fortement-l-apartheid-102019ea411b3d8f7d53ad788dfe5c4c\">Cyril Ramaphosa : la situation \u00e0 Gaza \u00ab\u00a0nous rappelle tr\u00e8s fortement l&rsquo;apartheid\u00a0\u00bb<\/a> (France 24)<\/p>\n\n\n\n<p>&nbsp;<a href=\"https:\/\/www.boursorama.com\/videos\/actualites\/dette-africaine-la-faute-du-covid-fa02225bc085a337324095454509b0f7\">Dette africaine : la faute du Covid ?<\/a> (France 24)<\/p>\n\n\n\n<p><a href=\"https:\/\/www.dakaractu.com\/Mahamat-Mahadi-Ali-chef-du-FACT-Tuer-Idriss-Deby-n-etait-pas-notre-objectif_a203576.html\">Tchad&nbsp;: Mahamat Mahadi Ali, chef du FACT : \u00ab Tuer Idriss Deby n\u2019\u00e9tait pas notre objectif \u00bb<\/a> (Dakaractu)<\/p>\n\n\n\n<figure class=\"wp-block-image size-large is-resized\"><img data-recalc-dims=\"1\" loading=\"lazy\" decoding=\"async\" src=\"https:\/\/i0.wp.com\/www.rdpemancipation.org\/wp-content\/uploads\/2021\/05\/Capture-Mahamat.png?resize=453%2C333&#038;ssl=1\" alt=\"\" class=\"wp-image-30449\" width=\"453\" height=\"333\" srcset=\"https:\/\/i0.wp.com\/www.rdpemancipation.org\/wp-content\/uploads\/2021\/05\/Capture-Mahamat.png?w=672&amp;ssl=1 672w, https:\/\/i0.wp.com\/www.rdpemancipation.org\/wp-content\/uploads\/2021\/05\/Capture-Mahamat.png?resize=300%2C221&amp;ssl=1 300w\" sizes=\"auto, (max-width: 453px) 100vw, 453px\" \/><\/figure>\n\n\n\n<p><a href=\"https:\/\/www.letchadanthropus-tribune.com\/tchad-russie-quelle-porte-dentree-pour-moscou-a-ndjamena\/\">Tchad &#8211; Russie : Quelle porte d&rsquo;entr\u00e9e pour Moscou \u00e0 N&rsquo;Djamena ?<\/a> (Le Tchadanthropus)<\/p>\n\n\n\n<p><a href=\"https:\/\/www.dakaractu.com\/Sommet-de-Paris-sur-le-financement-des-economies-africaines-Macky-Sall-plaide-pour-un-appui-plus-consequent-aux-efforts_a203578.html\">Sommet de Paris : Macky Sall plaide pour un appui plus cons\u00e9quent aux efforts de relance des pays africains<\/a> (Dakaractu)<\/p>\n\n\n\n<p><a href=\"http:\/\/www.walf-groupe.com\/lallemagne-prete-a-dedommager-namibie-genocide-durant-colonisation\/\">Namibie&nbsp;: L\u2019Allemagne pr\u00eate \u00e0 d\u00e9dommager la Namibie pour \u201cg\u00e9nocide\u201d durant la colonisation<\/a> (WalfNet)<\/p>\n\n\n\n<p><a href=\"http:\/\/www.walf-groupe.com\/signalee-guinee-fievre-lassa-toque-aux-portes-senegal\/\">S\u00e9n\u00e9gal&nbsp;: Signal\u00e9e en Guin\u00e9e, la fi\u00e8vre Lassa toque aux portes du S\u00e9n\u00e9gal<\/a> (WalfNet)<\/p>\n\n\n\n<p><a href=\"https:\/\/www.seneplus.com\/societe\/lempreinte-des-signares-saint-louis\">S\u00e9n\u00e9gal&nbsp;: L&#8217;empreinte des Signares \u00e0 Saint-Louis<\/a> (Seneplus)<\/p>\n\n\n\n<figure class=\"wp-block-image size-large is-resized\"><img data-recalc-dims=\"1\" loading=\"lazy\" decoding=\"async\" src=\"https:\/\/i0.wp.com\/www.rdpemancipation.org\/wp-content\/uploads\/2021\/05\/Capture-Signares.png?resize=434%2C204&#038;ssl=1\" alt=\"\" class=\"wp-image-30452\" width=\"434\" height=\"204\" srcset=\"https:\/\/i0.wp.com\/www.rdpemancipation.org\/wp-content\/uploads\/2021\/05\/Capture-Signares.png?w=591&amp;ssl=1 591w, https:\/\/i0.wp.com\/www.rdpemancipation.org\/wp-content\/uploads\/2021\/05\/Capture-Signares.png?resize=300%2C141&amp;ssl=1 300w\" sizes=\"auto, (max-width: 434px) 100vw, 434px\" \/><\/figure>\n\n\n\n<p><a href=\"https:\/\/assirou.sn\/ousmane-sonko-barthelemy-dias-ce-que-compte-faire-khalifa-sall-durant-les-elections-locales\/\">S\u00e9n\u00e9gal&nbsp;: Ce que compte faire Khalifa Sall durant les \u00e9lections Locales<\/a> (Assirou)<\/p>\n\n\n\n<p><a href=\"https:\/\/www.sidwaya.info\/blog\/2021\/05\/18\/revision-du-code-electoral-des-acteurs-planchent-sur-les-projets-de-reforme\/\">Burkina Faso&nbsp;: Des acteurs planchent sur les projets de r\u00e9forme du code \u00e9lectoral<\/a> (Sidwaya)<\/p>\n\n\n\n<p><a href=\"https:\/\/www.republicoftogo.com\/Toutes-les-rubriques\/Economie\/La-charge-de-la-dette-devient-insoutenable\">Togo&nbsp;: La charge de la dette devient insoutenable<\/a> (R\u00e9publique Togolaise)<\/p>\n\n\n\n<p><a href=\"https:\/\/www.afrique-sur7.fr\/478703-proches-guillaume-soro-leberes\">C\u00f4te d&rsquo;Ivoire : Des proches de Guillaume Soro lib\u00e9r\u00e9s sur un go\u00fbt d&rsquo;inachev\u00e9<\/a> (Afrique-sur-7)<\/p>\n\n\n\n<p><a href=\"https:\/\/actucameroun.com\/2021\/05\/18\/voici-pourquoi-paul-biya-boude-le-sommet-de-paris\/\">Cameroun&nbsp;: Voici pourquoi Paul Biya boude le sommet de Paris<\/a> (Actucameroun)<\/p>\n\n\n\n<p><a href=\"https:\/\/www.africaradio.com\/news\/rdc-nouvel-assassinat-d-un-responsable-musulman-a-beni-187199\">RDC: nouvel assassinat d&rsquo;un responsable musulman \u00e0 Beni<\/a> (Africa Radio)<\/p>\n\n\n\n<p><a href=\"https:\/\/www.radiookapi.net\/2021\/05\/18\/actualite\/sante\/sommet-de-paris-felix-tshisekedi-plaide-pour-la-fabrication-du-vaccin?utm_source=feedburner&amp;utm_medium=feed&amp;utm_campaign=Feed%3A+radiookapi%2Factu+%28Radiookapi.net+-+Actualit%C3%A9%29\">RDC : F\u00e9lix Tshisekedi plaide pour la fabrication du vaccin anti-COVID en Afrique<\/a> (Radio Okapi)<\/p>\n\n\n\n<p><a href=\"https:\/\/www.dw.com\/fr\/transition-malienne-fronde-sociale\/a-57574649?maca=fra-rss-fre-all-1482-rdf\">Mali&nbsp;: La transition malienne \u00e0 l\u2032\u00e9preuve de la fronde sociale<\/a> (DW)<\/p>\n\n\n\n<figure class=\"wp-block-image size-large is-resized\"><img data-recalc-dims=\"1\" loading=\"lazy\" decoding=\"async\" src=\"https:\/\/i0.wp.com\/www.rdpemancipation.org\/wp-content\/uploads\/2021\/05\/image-128.png?resize=454%2C256&#038;ssl=1\" alt=\"\" class=\"wp-image-30448\" width=\"454\" height=\"256\" srcset=\"https:\/\/i0.wp.com\/www.rdpemancipation.org\/wp-content\/uploads\/2021\/05\/image-128.png?w=393&amp;ssl=1 393w, https:\/\/i0.wp.com\/www.rdpemancipation.org\/wp-content\/uploads\/2021\/05\/image-128.png?resize=300%2C169&amp;ssl=1 300w\" sizes=\"auto, (max-width: 454px) 100vw, 454px\" \/><figcaption><sup>Le pr\u00e9sident IBK a \u00e9t\u00e9 contraint de d\u00e9missionner apr\u00e8s des mois de fronde sociale grave<\/sup><\/figcaption><\/figure>\n\n\n\n<p><a href=\"https:\/\/bamada.net\/communique-du-m5-rfp-apres-la-rencontre-avec-le-premier-ministre\">Mali&nbsp;: Communique du M5 rfp apr\u00e8s la rencontre avec le Premier Ministre<\/a> (Bamada)<\/p>\n\n\n\n<p><a href=\"https:\/\/www.guinee360.com\/18\/05\/2021\/violation-des-droits-de-lhomme-en-guinee-25-hauts-dignitaires-de-letat-cibles-par-des-eurodeputes-liste-complete\/\">Guin\u00e9e&nbsp;: Violation des droits de l\u2019Homme: 25 hauts dignitaires cibl\u00e9s par des Eurod\u00e9put\u00e9s<\/a> (guin\u00e9e360)<\/p>\n\n\n\n<p><a href=\"https:\/\/lesechos-congobrazza.com\/economie\/7912-sommet-sur-le-financement-des-economies-africaines-denis-sassou-n-guesso-a-tranche\">Sommet sur le financement des \u00e9conomies africaines : Denis Sassou N\u2019Guesso a tranch\u00e9<\/a> (Les \u00c9chos du Congo Brazzaville)<\/p>\n\n\n\n<p><a href=\"https:\/\/www.journaldebangui.com\/la-russie-livre-des-armes-a-la-centrafrique\/\">Centrafrique&nbsp;: La Russie livre des armes \u00e0 la Centrafrique<\/a> (Journal de Bangui)<\/p>\n\n\n\n<p><a href=\"http:\/\/news.abangui.com\/h\/75307.html\">Centrafrique : Pourquoi la mont\u00e9e en puissance des FACA inqui\u00e8terait-elle ?<\/a> (aBangui)<\/p>\n\n\n\n<figure class=\"wp-block-image size-large\"><img data-recalc-dims=\"1\" loading=\"lazy\" decoding=\"async\" width=\"409\" height=\"231\" src=\"https:\/\/i0.wp.com\/www.rdpemancipation.org\/wp-content\/uploads\/2021\/05\/image-127.png?resize=409%2C231&#038;ssl=1\" alt=\"\" class=\"wp-image-30446\" srcset=\"https:\/\/i0.wp.com\/www.rdpemancipation.org\/wp-content\/uploads\/2021\/05\/image-127.png?w=409&amp;ssl=1 409w, https:\/\/i0.wp.com\/www.rdpemancipation.org\/wp-content\/uploads\/2021\/05\/image-127.png?resize=300%2C169&amp;ssl=1 300w\" sizes=\"auto, (max-width: 409px) 100vw, 409px\" \/><\/figure>\n\n\n\n<p><span class=\"has-inline-color has-vivid-red-color\"><strong>18 mai<\/strong> <strong>en continu<\/strong><\/span><\/p>\n\n\n\n<p><a href=\"https:\/\/fr.africanews.com\/2021\/05\/18\/victimes-de-boko-haram-les-enfants-de-mora-retrouvent-le-chemin-de-l-ecole\/\">Cameroun : victimes de Boko Haram, les enfants de Mora retrouvent l&rsquo;\u00e9cole<\/a> (Africanews)<\/p>\n\n\n\n<p><a href=\"https:\/\/fr.africanews.com\/2021\/05\/18\/nigeria-le-royaume-uni-restitue-4-8-millions-d-euros-saisis\/\">Nigeria : le Royaume Uni restitue 4,8 millions d&rsquo;euros saisis<\/a> (Africanews)<\/p>\n\n\n\n<p><a href=\"https:\/\/mondafrique.com\/emmanuel-macron-veut-fermer-la-porte-du-soudan-a-vladimir-poutine\/\">Emmanuel Macron veut fermer la porte du Soudan \u00e0 Vladimir Poutine<\/a> (Mondafrique)<\/p>\n\n\n\n<p><a href=\"https:\/\/www.agenceecofin.com\/economie\/1805-88312-le-soudan-obtient-lannulation-de-5-3-milliards-de-dettes-envers-la-france-et-lallemagne\">Le Soudan obtient l&rsquo;annulation de 5,3 milliards&nbsp;$ de dettes envers la France et l&rsquo;Allemagne<\/a> (Ecofin)<\/p>\n\n\n\n<p><a href=\"https:\/\/www.cadtm.org\/Dette-Non-l-Etat-francais-ne-va-pas-aider-le-Soudan\">Dette&nbsp;: Non, l\u2019\u00c9tat fran\u00e7ais ne va pas aider le Soudan<\/a> (CADTM)<\/p>\n\n\n\n<p><a href=\"https:\/\/www.agenceecofin.com\/politique\/1605-88244-sommet-de-paris-sur-le-financement-de-l-afrique-qui-a-peur-de-la-dette-africaine\">Sommet de Paris sur le financement de l\u2019Afrique&nbsp;: qui a peur de la dette africaine&nbsp;?<\/a> (Ecofin)<\/p>\n\n\n\n<p><a href=\"https:\/\/fr.africanews.com\/2021\/05\/18\/le-mali-paralyse-par-une-greve-des-fonctionnaires\/\">Le Mali paralys\u00e9 par une gr\u00e8ve des fonctionnaires<\/a> (Africanews)<\/p>\n\n\n\n<figure class=\"wp-block-image size-large is-resized\"><img data-recalc-dims=\"1\" loading=\"lazy\" decoding=\"async\" src=\"https:\/\/i0.wp.com\/www.rdpemancipation.org\/wp-content\/uploads\/2021\/05\/Capture-greve-Mali.png?resize=459%2C200&#038;ssl=1\" alt=\"\" class=\"wp-image-30454\" width=\"459\" height=\"200\" srcset=\"https:\/\/i0.wp.com\/www.rdpemancipation.org\/wp-content\/uploads\/2021\/05\/Capture-greve-Mali.png?w=600&amp;ssl=1 600w, https:\/\/i0.wp.com\/www.rdpemancipation.org\/wp-content\/uploads\/2021\/05\/Capture-greve-Mali.png?resize=300%2C131&amp;ssl=1 300w\" sizes=\"auto, (max-width: 459px) 100vw, 459px\" \/><\/figure>\n\n\n\n<p><a href=\"https:\/\/www.agenceecofin.com\/economie\/1705-88260-la-cote-divoire-va-obtenir-un-pret-de-1-milliard-du-fmi-pour-relancer-leconomie-et-creer-des-emplois\">La C\u00f4te d&rsquo;Ivoire va obtenir un pr\u00eat de 1 milliard&nbsp;$ du FMI pour relancer l&rsquo;\u00e9conomie <\/a>&nbsp;(Ecofin)<\/p>\n\n\n\n<p><a href=\"https:\/\/www.agenceecofin.com\/economie\/1805-88290-relance-economique-le-fmi-annonce-un-soutien-de-240-millions-pour-le-togo\">Le FMI annonce un soutien de 240 millions&nbsp;$ pour le Togo<\/a> (Ecofin)<\/p>\n\n\n\n<p><a href=\"https:\/\/www.investiraucameroun.com\/mines\/1805-16384-le-cameroun-compte-deja-14-morts-dans-les-champs-miniers-de-l-est-en-4-mois-du-fait-de-l-incivisme-des-entreprises\" target=\"_blank\" rel=\"noreferrer noopener\">Le Cameroun compte d\u00e9j\u00e0 14 morts dans les champs miniers de l\u2019Est en 4 mois<\/a> &nbsp;(Investir au Cameroun)<\/p>\n\n\n\n<p><a href=\"https:\/\/www.mediapart.fr\/journal\/international\/180521\/rwanda-le-hutu-power-survecu-en-france\">Rwanda : le \u00abHutu Power\u00bb a surv\u00e9cu en France<\/a> (M\u00e9diapart)<\/p>\n\n\n\n<p><a href=\"https:\/\/blogs.mediapart.fr\/association-survie\/blog\/180521\/coup-detat-dynastique-au-tchad-une-rente-militaire-transmise-de-pere-en-fils-2\">Coup d&rsquo;\u00e9tat dynastique au Tchad : une rente militaire transmise de p\u00e8re en fils<\/a> (Blog de Survie)<\/p>\n\n\n\n<p><a href=\"https:\/\/lvsl.fr\/afrique-aux-origines-de-la-regression-democratique-entretien-avec-vincent-hugeux\/\">Afrique : aux origines de la r\u00e9gression d\u00e9mocratique \u2013 entretien avec Vincent Hugeux<\/a> (Le Vent Se L\u00e8ve)&nbsp;<\/p>\n\n\n\n<p><span class=\"has-inline-color has-vivid-red-color\"><strong>17 mai<\/strong> <strong>en continu<\/strong><\/span><\/p>\n\n\n\n<p><a href=\"https:\/\/blogs.mediapart.fr\/armelle-mabon\/blog\/300421\/massacre-de-thiaroye-1944-une-premiere-victoire-judiciaire-mais\">Massacre de Thiaroye -1944 &#8211; S\u00e9n\u00e9gal : une premi\u00e8re victoire judiciaire mais&#8230;<\/a> &nbsp;(Blog d\u2019Armelle Mabon)<\/p>\n\n\n\n<figure class=\"wp-block-image size-large\"><img data-recalc-dims=\"1\" loading=\"lazy\" decoding=\"async\" width=\"389\" height=\"228\" src=\"https:\/\/i0.wp.com\/www.rdpemancipation.org\/wp-content\/uploads\/2021\/05\/image-120.png?resize=389%2C228&#038;ssl=1\" alt=\"\" class=\"wp-image-30238\" srcset=\"https:\/\/i0.wp.com\/www.rdpemancipation.org\/wp-content\/uploads\/2021\/05\/image-120.png?w=389&amp;ssl=1 389w, https:\/\/i0.wp.com\/www.rdpemancipation.org\/wp-content\/uploads\/2021\/05\/image-120.png?resize=300%2C176&amp;ssl=1 300w\" sizes=\"auto, (max-width: 389px) 100vw, 389px\" \/><figcaption><sup>Le p\u00e8re de Biram Senghor, M&rsquo;Bap Senghor, tu\u00e9 le 1er d\u00e9cembre 1944<\/sup><br><sup> apr\u00e8s 4 ann\u00e9es de captivit\u00e9 en France.<\/sup><\/figcaption><\/figure>\n\n\n\n<p><a href=\"https:\/\/www.mediapart.fr\/journal\/international\/170521\/paris-une-conference-pour-aider-le-soudan-etrangle-par-la-dette\">A Paris, une conf\u00e9rence pour aider le Soudan \u00e9trangl\u00e9 par la dette<\/a> (M\u00e9diapart)<\/p>\n\n\n\n<p><a href=\"https:\/\/www.mediapart.fr\/journal\/france\/170521\/la-france-le-rwanda-et-le-genocide-l-occasion-unique-d-emmanuel-macron\">France-Rwanda : l\u2019\u00aboccasion unique\u00bb de Macron<\/a> (M\u00e9diapart)<\/p>\n\n\n\n<p><a href=\"https:\/\/www.dakaractu.com\/Supposee-position-ambigue-sur-le-conflit-israelo-palestinien-le-Senegal-a-t-il-change-de-fusil-d-epaule_a203489.html\"> Position sur le conflit isra\u00e9lo-palestinien : le S\u00e9n\u00e9gal a-t-il chang\u00e9 de fusil d&rsquo;\u00e9paule ?<\/a> (Dakaractu)<\/p>\n\n\n\n<p><a href=\"http:\/\/www.walf-groupe.com\/lambassadeur-de-palestine-a-dakar-hausse\/\">S\u00e9n\u00e9gal&nbsp;: L\u2019ambassadeur de la Palestine \u00e0 Dakar hausse le ton<\/a> (WalfNet)<\/p>\n\n\n\n<p><a href=\"https:\/\/www.seneplus.com\/economie\/macron-fait-grincer-des-dents-addis-abeba\">Annulation de la dette&nbsp;: Macron fait grincer des dents \u00e0 Addis Abeba<\/a> (Seneplus)<\/p>\n\n\n\n<p><a href=\"https:\/\/mali24.info\/gestion-du-pays-le-president-de-la-transition-bah-ndaw-sur-la-touche\/\">Mali&nbsp;: Le pr\u00e9sident de la transition, Bah N\u2019Daw, sur la touche<\/a> (Mali24info)<\/p>\n\n\n\n<p><a href=\"https:\/\/mali24.info\/10-celebres-citations-damadou-hampate-ba\/\">10 c\u00e9l\u00e8bres citations d\u2019Amadou Hamp\u00e2t\u00e9 B\u00e2<\/a> (Mali24info)<\/p>\n\n\n\n<p><a href=\"http:\/\/lefaso.net\/spip.php?article104743\">Burkina Faso&nbsp;: Crise \u00e0 la Communaut\u00e9 musulmane du Burkina<\/a> (Le Faso)<\/p>\n\n\n\n<p><a href=\"http:\/\/lefaso.net\/spip.php?article104736\">Burkina Faso&nbsp;: Vivre-ensemble en paix : Les d\u00e9plac\u00e9s de Pazani ont une cohabitation mod\u00e8le<\/a> (Le Faso)<\/p>\n\n\n\n<figure class=\"wp-block-image is-resized\"><img data-recalc-dims=\"1\" loading=\"lazy\" decoding=\"async\" src=\"https:\/\/i0.wp.com\/lefaso.net\/IMG\/arton104736.jpg?resize=441%2C221\" alt=\"Vivre-ensemble en paix\u00a0: Malgr\u00e9 les difficult\u00e9s, les d\u00e9plac\u00e9s de Pazani ont une cohabitation mod\u00e8le\" width=\"441\" height=\"221\"\/><\/figure>\n\n\n\n<p><a href=\"http:\/\/www.gabonews.com\/fr\/actus\/international\/article\/afrique-du-sud-jacob-zuma-a-la-barre\">Afrique du Sud&nbsp;: Jacob Zuma \u00e0 la barre<\/a> (Gabonews)<\/p>\n\n\n\n<p><a href=\"http:\/\/gabonenervant.blogspot.com\/2021\/05\/according-to-fao-10-of-gabonese.html\">Gabon&nbsp;: FAO&nbsp;: 10 % de la population gabonaise souffre de malnutrition !<\/a> (Le Gabon \u00e9nervant)<\/p>\n\n\n\n<p><a href=\"https:\/\/www.ivoireco.com\/cote-divoire-les-journalistes-militants-invites-au-professionnalisme\/\">C\u00f4te d&rsquo;Ivoire : les \u00ab\u00a0journalistes-militants\u00a0\u00bb invit\u00e9s au professionnalisme<\/a> (Ivoireco)<\/p>\n\n\n\n<p><a href=\"https:\/\/www.ivoireco.com\/cote-divoire-le-taux-de-penetration-de-linternet-superieur-a-65-officiel\/\">C\u00f4te d&rsquo;Ivoire : le taux de p\u00e9n\u00e9tration de l&rsquo;Internet \u00ab&nbsp;sup\u00e9rieur \u00e0 65 %&nbsp;\u00bb (officiel)<\/a> (Ivoireco)<\/p>\n\n\n\n<p><a href=\"https:\/\/www.voaafrique.com\/a\/le-cameroun-un-enfer-pour-la-communaut%c3%a9-lgbtq\/5890978.html\">Le Cameroun, un enfer pour la communaut\u00e9 LGBTQ<\/a> (Voaafrique)<\/p>\n\n\n\n<p><a href=\"https:\/\/www.letchadanthropus-tribune.com\/tchad-france-politique-voici-ceux-que-la-france-ne-veut-pas-voir-jouer-un-role-important-au-tchad\/\">Tchad : ceux que la France ne veut pas voir jouer un r\u00f4le important<\/a> (Le Tchadanthropus)<\/p>\n\n\n\n<p><a href=\"https:\/\/www.letchadanthropus-tribune.com\/tchad-senegal-londe-de-choc-dune-emission-jeune-afrique-pete-les-plombs-la-fin-du-neocolonialisme-les-crimes-de-la-francafrique-liberation-de-hissein-habre\/\">Tchad&nbsp;: Jeune Afrique p\u00e8te les plombs &#8211; Fin du n\u00e9ocolonialisme &#8211; Fran\u00e7afrique &#8211; Lib\u00e9ration de Hissein Habr\u00e9<\/a> (Le Tchadanthropus)<\/p>\n\n\n\n<p><a href=\"https:\/\/maliactu.net\/mali-lutte-antiterroriste-dans-le-sahel-decouverte-dune-cache-darmes-a-la-frontiere-mali-niger\/\">Mali : lutte antiterroriste : d\u00e9couverte d\u2019une cache d\u2019armes \u00e0 la fronti\u00e8re<\/a> (Maliactu)<\/p>\n\n\n\n<figure class=\"wp-block-image is-resized\"><img data-recalc-dims=\"1\" loading=\"lazy\" decoding=\"async\" src=\"https:\/\/i0.wp.com\/maliactu.net\/wp-content\/uploads\/2021\/05\/lutte-antiterroriste-dans-le-sahel.jpg?resize=407%2C307&#038;ssl=1\" alt=\"lutte-antiterroriste-dans-le-sahel\" width=\"407\" height=\"307\"\/><figcaption><sup>Membres du contingent britannique de la MINUSMA<\/sup><\/figcaption><\/figure>\n\n\n\n<p><a href=\"https:\/\/www.guinee7.com\/video-quand-l-opposant-sidya-etait-haut-representant-dalpha-conde\/\">Guin\u00e9e&nbsp;: Quand l\u2019 \u00ab opposant \u00bb Sidya \u00e9tait Haut repr\u00e9sentant d\u2019Alpha Cond\u00e9<\/a> (Guinee7)<\/p>\n\n\n\n<p><a href=\"https:\/\/www.radio-kankan.com\/sommet-france-afrique-qui-participera-a-la-conference-de-paris-sur-le-financement-des-economies-africaines\/\">Sommet France\/Afrique : Qui participera \u00e0 la conf\u00e9rence de Paris sur le financement des \u00e9conomies africaines ?<\/a> (Radio Kankan)<\/p>\n\n\n\n<p><span class=\"has-inline-color has-vivid-red-color\"><strong>16 mai<\/strong> <strong>en continu<\/strong><\/span><\/p>\n\n\n\n<p><a href=\"https:\/\/www.boursorama.com\/videos\/actualites\/kristalina-georgieva-directrice-du-fmi-nous-devons-soutenir-l-afrique-bacce5b633f1ae46deaad5257e3c0232\">Kristalina Georgieva, directrice du FMI : \u00ab\u00a0Nous devons soutenir l&rsquo;Afrique\u00a0\u00bb<\/a> &nbsp;(France 24)<\/p>\n\n\n\n<p><a href=\"https:\/\/mondafrique.com\/sahel-emmanuel-macron-ouvre-la-porte-dune-negociation-avec-les-djihadistes\/\">Sahel, Emmanuel Macron ouvre la porte d\u2019une n\u00e9gociation avec les djihadistes<\/a> &nbsp;(Mondafrique)<\/p>\n\n\n\n<p><a href=\"https:\/\/www.agenceecofin.com\/gouvernance\/1605-88239-mali-reconduit-apres-sa-demission-le-premier-ministre-moctar-ouane-va-former-un-nouveau-gouvernement-de-transition\" target=\"_blank\" rel=\"noreferrer noopener\">Mali : reconduit, le premier ministre Moctar Ouane, va former un nouveau gouvernement de transition<\/a> &nbsp;(Ecofin)<\/p>\n\n\n\n<figure class=\"wp-block-image is-resized\"><img data-recalc-dims=\"1\" loading=\"lazy\" decoding=\"async\" src=\"https:\/\/i0.wp.com\/www.agenceecofin.com\/images\/news\/1605-88239-mali-reconduit-apres-sa-demission-le-premier-ministre-moctar-ouane-va-former-un-nouveau-gouvernement-de-transition_M.jpg?resize=401%2C267&#038;ssl=1\" alt=\"Mali : reconduit apr\u00e8s sa d\u00e9mission, le premier ministre Moctar Ouane, va former un nouveau gouvernement de transition\" width=\"401\" height=\"267\"\/><\/figure>\n\n\n\n<p><a href=\"https:\/\/mondafrique.com\/guinee-alpha-conde-encercle-par-les-peuls\/\">Guin\u00e9e, Alpha Cond\u00e9 \u00ab&nbsp;encercl\u00e9&nbsp;\u00bb par les Peuls<\/a> (Mondafrique)<\/p>\n\n\n\n<p><a href=\"https:\/\/www.agenceecofin.com\/gouvernance\/1505-88233-cote-d-ivoire-patrick-achi-de-retour-a-abidjan\" target=\"_blank\" rel=\"noreferrer noopener\">C\u00f4te d\u2019Ivoire&nbsp;: Patrick Achi de retour \u00e0 Abidjan<\/a> &nbsp;(Ecofin)<\/p>\n\n\n\n<p><a href=\"https:\/\/mondafrique.com\/vers-des-retrouvailles-entre-emmanuel-macron-et-denis-sassou-nguesso\/\">Vers des retrouvailles entre Emmanuel Macron et Denis Sassou N\u2019Guesso<\/a> (Mondafrique)<\/p>\n\n\n\n<p><a href=\"https:\/\/fr.africanews.com\/2021\/05\/16\/nouveau-gouvernement-au-congo-un-fils-sassou-ministre\/\">Nouveau gouvernement au Congo, un fils de Sassou Nguesso ministre<\/a> &nbsp;(Africanews)<\/p>\n\n\n\n<p><a href=\"https:\/\/www.agenceecofin.com\/actualites\/1605-88241-rdc-30-personnes-condamnees-a-mort-pour-leur-implication-dans-les-violences-ayant-marque-la-fin-du-ramadan\" target=\"_blank\" rel=\"noreferrer noopener\">RDC : 30 personnes condamn\u00e9es \u00e0 mort pour les violences de la fin du Ramadan<\/a> &nbsp;(Ecofin)<\/p>\n\n\n\n<p><a href=\"https:\/\/mondafrique.com\/lima-deroule-le-tapis-rouge-pour-les-democrates-du-soudan\/\">L\u2019IMA d\u00e9roule le tapis rouge pour les d\u00e9mocrates du Soudan<\/a> &nbsp;(Mondafrique)<\/p>\n\n\n\n<p><a href=\"https:\/\/fr.africanews.com\/2021\/05\/16\/soudan-l-armee-remet-son-rapport-sur-la-mort-de-deux-manifestants\/\">Soudan : l&rsquo;arm\u00e9e remet son rapport sur la mort de deux manifestants<\/a> &nbsp;(Africanews)<\/p>\n\n\n\n<p><a href=\"https:\/\/fr.africanews.com\/2021\/05\/16\/touriste-film-a-la-gloire-de-l-intervention-russe-en-centrafrique\/\">\u00ab\u00a0Touriste\u00a0\u00bb, film \u00e0 la gloire de l&rsquo;intervention russe en Centrafrique<\/a> &nbsp;(Africanews)<\/p>\n\n\n\n<p><a href=\"https:\/\/www.agenceecofin.com\/portrait\/1405-88221-ace-magashule-l-homme-qui-se-croyait-plus-puissant-que-le-chef-de-l-etat\">Afrique du Sud&nbsp;: Ace Magashule, l\u2019homme qui se croyait plus puissant que le chef de l\u2019Etat<\/a> &nbsp;(Ecofin)<\/p>\n\n\n\n<p><a href=\"https:\/\/www.agenceecofin.com\/dossier\/1405-88226-somalie-comment-une-gestion-clanique-du-pouvoir-a-provoque-une-grave-crise-politico-securitaire\">Somalie&nbsp;: comment une gestion clanique du pouvoir a provoqu\u00e9 une grave crise politico-s\u00e9curitaire\u2009<\/a> (Ecofin)<\/p>\n\n\n\n<p><a href=\"https:\/\/www.agenceecofin.com\/dossier\/1405-88222-les-diamants-n-ont-pas-fini-d-enrichir-le-botswana\">Les diamants n\u2019ont pas fini d\u2019enrichir le Botswana\u2026<\/a> &nbsp;(Ecofin)<\/p>\n\n\n\n<p><a href=\"https:\/\/www.boursorama.com\/actualite-economique\/actualites\/ethiopie-report-sine-die-des-elections-pour-raisons-logistiques-6283f1f919b6de5442b4cf6e8c77a3d8\">Ethiopie: report sine die des \u00e9lections pour raisons logistiques<\/a> &nbsp;(AFP)<\/p>\n\n\n\n<p><span class=\"has-inline-color has-vivid-red-color\"><strong>15 mai<\/strong> <strong>en continu<\/strong><\/span><\/p>\n\n\n\n<p><a href=\"https:\/\/www.dakaractu.com\/Parrainage-Le-Gouvernement-veut-le-reformer-et-vise-un-systeme-de-grands-electeurs-en-2024_a203454.html\">S\u00e9n\u00e9gal&nbsp;: Parrainage : Le Gouvernement vise un syst\u00e8me de grands \u00e9lecteurs en 2024<\/a> (Dakaractu)<\/p>\n\n\n\n<p><a href=\"http:\/\/www.walf-groupe.com\/guy-marius-sagna-crime-de-pape-ndiaye-cest-davoir-contribue-a-deconstruire-a-eventer-complot-contre-sonko\/\">S\u00e9n\u00e9gal&nbsp;: Le crime de Pape NDIAYE est d&rsquo;avoir contribu\u00e9 \u00e0 d\u00e9construire et \u00e9venter le complot contre SONKO<\/a> (WalfNet)<\/p>\n\n\n\n<p><a href=\"http:\/\/www.walf-groupe.com\/palestine-csdqp-demande-lexpulsion-de-lambassade-disrael-senegal\/\">S\u00e9n\u00e9gal&nbsp;: La CSDQP demande l\u2019expulsion de l\u2019ambassade d\u2019Isra\u00ebl au S\u00e9n\u00e9gal<\/a> (WalfNet)<\/p>\n\n\n\n<p><a href=\"https:\/\/www.seneweb.com\/news\/Economie\/reforme-du-franc-cfa-qu-rsquo-est-ce-qui_n_347184.html\">R\u00e9forme du franc CFA : qu\u2019est-ce qui a chang\u00e9 ?<\/a> (Seneweb)<\/p>\n\n\n\n<p><a href=\"https:\/\/www.africaradio.com\/news\/burkina-trois-personnes-tuees-dans-une-attaque-dans-le-nord-186927\">Burkina Faso : trois personnes tu\u00e9es dans une attaque dans le Nord<\/a> (Africa Radio)<\/p>\n\n\n\n<p><a href=\"http:\/\/lefaso.net\/spip.php?article104723\">Op\u00e9ration Barkhane Au Mali : Un groupe arm\u00e9 terroriste interpell\u00e9 dans la r\u00e9gion d\u2019Hombori<\/a> (Le Faso)<\/p>\n\n\n\n<p><a href=\"http:\/\/news.alome.com\/h\/133221.html\">Togo&nbsp;: Diff\u00e9rend post-\u00e9lectoral de 2020 : Un dialogue politique sous l\u2019\u00e9gide de l\u2019ONU et de l\u2019UE<\/a> (aLome)<\/p>\n\n\n\n<p><a href=\"https:\/\/www.fraternitebj.info\/culture\/article\/reggae-nigth-quatre-guerriers-du-reggae-celebrent-bob-marley\">B\u00e9nin&nbsp;: Reggae nigth : quatre guerriers du reggae c\u00e9l\u00e8brent Bob Marley<\/a> (Fraternit\u00e9)<\/p>\n\n\n\n<p><a href=\"http:\/\/gabonenervant.blogspot.com\/2021\/05\/what-is-second-class-citizenship-quest.html\">Gabon&nbsp;: qu\u2019est-ce que la citoyennet\u00e9 de seconde classe !<\/a> (Le Gabon \u00e9nervant)<\/p>\n\n\n\n<p><a href=\"http:\/\/abidjantv.net\/economie\/fmi-la-cote-divoire-doit-rembourser-3-993-milliards-de-francs-cfa-avant-un-autre-pret\/?utm_source=rss&amp;utm_medium=rss&amp;utm_campaign=fmi-la-cote-divoire-doit-rembourser-3-993-milliards-de-francs-cfa-avant-un-autre-pret\">FMI : la C\u00f4te d\u2019Ivoire doit rembourser 3.993 milliards de francs CFA avant un autre pr\u00eat<\/a> (AbidjanTV)<\/p>\n\n\n\n<p><a href=\"https:\/\/dailynewscameroon.com\/survie-cameroun-une-mafia-encercle-maurice-kamto\/\">Survie Cameroun : une mafia encercle Maurice Kamto<\/a> (Daily News Cameroon)<\/p>\n\n\n\n<p><a href=\"https:\/\/actucameroun.com\/2021\/05\/15\/pr-jean-bahebeck-maurice-kamto-est-le-seul-vrai-opposant-les-autres-veulent-entrer-dans-la-mangeoire\/\">Cameroun : Maurice Kamto est le seul vrai opposant<\/a> (Actucameroun)<\/p>\n\n\n\n<p><a href=\"https:\/\/www.alwihdainfo.com\/Tchad-Nigeria-entretien-entre-Mahamat-Idriss-Deby-et-Muhammadu-Buhari-a-Abuja_a103730.html\">Tchad-Nigeria : entretien entre Mahamat Idriss Deby et Muhammadu Buhari<\/a> (Alwihdainfo)<\/p>\n\n\n\n<figure class=\"wp-block-image size-large\"><img data-recalc-dims=\"1\" loading=\"lazy\" decoding=\"async\" width=\"427\" height=\"284\" src=\"https:\/\/i0.wp.com\/www.rdpemancipation.org\/wp-content\/uploads\/2021\/05\/image-119.png?resize=427%2C284&#038;ssl=1\" alt=\"\" class=\"wp-image-30235\" srcset=\"https:\/\/i0.wp.com\/www.rdpemancipation.org\/wp-content\/uploads\/2021\/05\/image-119.png?w=427&amp;ssl=1 427w, https:\/\/i0.wp.com\/www.rdpemancipation.org\/wp-content\/uploads\/2021\/05\/image-119.png?resize=300%2C200&amp;ssl=1 300w\" sizes=\"auto, (max-width: 427px) 100vw, 427px\" \/><\/figure>\n\n\n\n<p><a href=\"https:\/\/www.letchadanthropus-tribune.com\/tchad-politique-kaka-pret-a-faire-des-concessions-sur-la-charte-de-transition\/\">Tchad&nbsp;: \u00ab\u00a0Kaka\u00a0\u00bb pr\u00eat \u00e0 faire des concessions sur la charte de transition<\/a> (Le Tchadanthropus)<\/p>\n\n\n\n<p><a href=\"https:\/\/maliactu.net\/mali-transition-au-mali-la-cedeao-appelle-au-realisme-et-a-lunion-face-aux-nombreux-defis\/\">Mali : Transition : la C\u00e9d\u00e9ao appelle au r\u00e9alisme et \u00e0 l\u2019union face aux nombreux d\u00e9fis<\/a> (Maliactu)<\/p>\n\n\n\n<p><a href=\"https:\/\/bamada.net\/dissolution-du-gouvernement-et-reconduction-de-moctar-ouane-comme-nouveau-premier-ministre\">Mali&nbsp;: Dissolution du Gouvernement et reconduction de Moctar Ouane comme P.M.<\/a> (Bamada)<\/p>\n\n\n\n<p><a href=\"https:\/\/www.guinee7.com\/guinee-mines-ca-sagite-autour-des-blocs-1-et-2-du-simandou\/\">Guin\u00e9e\/Mines : \u00c7a s\u2019agite autour des blocs 1 et 2 du Simandou<\/a> (Guin\u00e9e7)<\/p>\n\n\n\n<p><a href=\"https:\/\/mediaguinee.org\/arrestation-de-nanfo-diaby-atteinte-grave-a-la-liberte-de-culte-et-a-la-laicite-par-nainy-berete\/\">Guin\u00e9e&nbsp;: Arrestation de Nanfo Diaby, atteinte grave \u00e0 la libert\u00e9 de culte et \u00e0 la la\u00efcit\u00e9<\/a> (Mediaguinee)<\/p>\n\n\n\n<p><a href=\"https:\/\/www.radiookapi.net\/2021\/05\/14\/actualite\/sante\/kinshasa-la-moustiquaire-reste-le-moyen-efficace-pour-lutter-contre-le\">RDC&nbsp;: La moustiquaire reste le moyen efficace pour lutter contre le paludisme (Experts)<\/a> (Radio Okapi)<\/p>\n\n\n\n<p><a href=\"http:\/\/www.dac-presse.com\/pourquoi-le-poste-de-premier-ministre-est-il-toujours-devolu-a-un-sudiste-lorsque-le-president-de-la-republique-est-un-nordiste\/\">Congo-Brazza&nbsp;: Pourquoi un P.M. toujours sudiste lorsque le pr\u00e9sident est nordiste ?<\/a> (Dac-presse)<\/p>\n\n\n\n<p><span class=\"has-inline-color has-vivid-red-color\"><strong>14 mai<\/strong> <strong>en continu<\/strong><\/span><\/p>\n\n\n\n<p><a href=\"https:\/\/www.mediapart.fr\/journal\/international\/130521\/mahamat-mahdi-ali-le-rebelle-tchadien-dont-la-france-ne-veut-pas\">Mahamat Mahdi Ali: le rebelle tchadien dont la France ne veut pas <\/a>&nbsp;(M\u00e9diapart)<\/p>\n\n\n\n<p><a href=\"https:\/\/www.boursorama.com\/actualite-economique\/actualites\/en-rdc-tshisekedi-veut-renegocier-les-contrats-miniers-7d4fbbdf7c96cceba9520525d86e72e3\">En RDC, Tshisekedi veut ren\u00e9gocier les contrats miniers<\/a> <strong>&nbsp;<\/strong>(AFP)<\/p>\n\n\n\n<p><a href=\"https:\/\/www.boursorama.com\/videos\/actualites\/crise-politique-au-mali-vers-un-remaniement-du-gouvernement-7515053ee335b28d24b1d584645865ed\">Crise politique au Mali : vers un remaniement du gouvernement<\/a> <strong>&nbsp;<\/strong>(France 24)<\/p>\n\n\n\n<p><a href=\"https:\/\/www.boursorama.com\/videos\/actualites\/madagascar-au-bout-de-l-espoir-f183513563d2d6057a0050880fd15e7b\">Madagascar, au bout de l&rsquo;espoir<\/a> <strong>&nbsp;<\/strong>(France 24)<\/p>\n\n\n\n<p><a href=\"https:\/\/www.boursorama.com\/videos\/actualites\/covid-19-au-senegal-le-secteur-de-la-peche-particulierement-impacte-995b543b8de8cdc68ef39e001abe3699\">Covid-19 au S\u00e9n\u00e9gal : le secteur de la p\u00eache particuli\u00e8rement impact\u00e9<\/a> &nbsp;(France 24)<\/p>\n\n\n\n<p><a href=\"https:\/\/www.boursorama.com\/videos\/actualites\/cote-d-ivoire-le-premier-ministre-patrick-achi-en-france-pour-des-soins-d4a2609a188936b6b1c1c3f0204bcdb4\">C\u00f4te d&rsquo;Ivoire : le Premier ministre Patrick Achi en France pour des soins<\/a> <strong>&nbsp;<\/strong>(France 24)<\/p>\n\n\n\n<p><a href=\"https:\/\/www.seneplus.com\/societe\/le-forum-du-justiciable-demande-la-criminalisation-du-trafic-de\">S\u00e9n\u00e9gal&nbsp;: Le forum du justiciable demande la criminalisation du trafic de faux m\u00e9dicaments<\/a> (Seneplus)<\/p>\n\n\n\n<p><a href=\"https:\/\/www.dakaractu.com\/Youssou-Ndour-sur-sa-carriere-musicale-Il-est-temps-de-prendre-une-pause-et-de-me-plonger-dans-une-reflexion_a203439.html\">S\u00e9n\u00e9gal&nbsp;: Youssou Ndour sur sa carri\u00e8re musicale : \u00ab Il est temps de prendre une pause\u2026&nbsp;\u00bb<\/a> (Dakaractu)<\/p>\n\n\n\n<figure class=\"wp-block-image size-large is-resized\"><img data-recalc-dims=\"1\" loading=\"lazy\" decoding=\"async\" src=\"https:\/\/i0.wp.com\/www.rdpemancipation.org\/wp-content\/uploads\/2021\/05\/image-103.png?resize=368%2C246&#038;ssl=1\" alt=\"\" class=\"wp-image-29898\" width=\"368\" height=\"246\" srcset=\"https:\/\/i0.wp.com\/www.rdpemancipation.org\/wp-content\/uploads\/2021\/05\/image-103.png?w=398&amp;ssl=1 398w, https:\/\/i0.wp.com\/www.rdpemancipation.org\/wp-content\/uploads\/2021\/05\/image-103.png?resize=300%2C201&amp;ssl=1 300w\" sizes=\"auto, (max-width: 368px) 100vw, 368px\" \/><\/figure>\n\n\n\n<p><a href=\"http:\/\/lefaso.net\/spip.php?article104684\">Burkina Faso&nbsp;: Ramadan 2021 : La culture du pardon et de la coh\u00e9sion sociale<\/a> (Le Faso)<\/p>\n\n\n\n<p><a href=\"https:\/\/lanouvelletribune.info\/2021\/05\/conference-sur-le-franc-cfa-de-kako-nubukpo-sonko-y-va-nathalie-yamb-decline\/\">Togo&nbsp;: Conf\u00e9rence sur le Franc CFA : Sonko y va, Nathalie Yamb d\u00e9cline<\/a> (La Nouvelle Tribune)<\/p>\n\n\n\n<p><a href=\"https:\/\/lanouvelletribune.info\/2021\/05\/agression-des-transgenres-au-benin-lappel-damnesty-international-aux-autorites\/\">B\u00e9nin&nbsp;: Agression des transgenres : L\u2019appel d\u2019Amnesty International aux autorit\u00e9s<\/a> (La Nouvelle Tribune)<\/p>\n\n\n\n<p><a href=\"https:\/\/www.gabonreview.com\/candidature-du-gabon-au-commonwealth-pour-un-exercice-de-clarification\/\">Gabon&nbsp;: Candidature du Gabon au Commonwealth : Pour un exercice de clarification<\/a> (Gabon Review)<\/p>\n\n\n\n<p><a href=\"https:\/\/www.ivoireco.com\/une-ong-invite-ouattara-et-bedie-au-dialogue-pour-une-stabilite-du-pays\/\">C\u00f4te d\u2019Ivoire&nbsp;: Une ONG invite Ouattara et B\u00e9di\u00e9 au \u00ab\u00a0dialogue\u00a0\u00bb pour une \u00ab\u00a0stabilit\u00e9\u00a0\u00bb du pays<\/a> (Ivoireco)<\/p>\n\n\n\n<p><a href=\"https:\/\/actucameroun.com\/2021\/05\/14\/dieudonne-essomba-avec-lappui-des-francais-le-docile-ahidjo-a-pris-le-pouvoir-en-renversant-lirascible-mbida\/\">Cameroun : \u00ab avec l\u2019appui des Fran\u00e7ais, le docile Ahidjo a pris le pouvoir en renversant l\u2019irascible Mbida \u00bb<\/a> (Actucameroun)<\/p>\n\n\n\n<figure class=\"wp-block-image size-large is-resized\"><img data-recalc-dims=\"1\" loading=\"lazy\" decoding=\"async\" src=\"https:\/\/i0.wp.com\/www.rdpemancipation.org\/wp-content\/uploads\/2021\/05\/image-102.png?resize=272%2C313&#038;ssl=1\" alt=\"\" class=\"wp-image-29897\" width=\"272\" height=\"313\"\/><figcaption><sup>Andr\u00e9-Marie Mbida<\/sup><\/figcaption><\/figure>\n\n\n\n<p><a href=\"https:\/\/www.letchadanthropus-tribune.com\/tchad-sht-polemique-et-tragedie-financiere-a-plusieurs-equations\/\">Tchad&nbsp;: Pol\u00e9mique et trag\u00e9die financi\u00e8re \u00e0 plusieurs \u00e9quations<\/a> (Le Tchadanthropus)<\/p>\n\n\n\n<p><a href=\"https:\/\/www.letchadanthropus-tribune.com\/tchad-diaspora-tchadienne-declaration-sur-le-rapport-de-mission-denquete-de-lunion-africaine-au-tchad-lire-le-document-complet-en-pdf\/\">Tchad : D\u00e9claration sur le rapport de mission d&rsquo;enqu\u00eate de l&rsquo;union africaine au Tchad<\/a> (Le Tchadanthropus)<\/p>\n\n\n\n<p><a href=\"https:\/\/www.maliweb.net\/untm-syndicats\/mali-negociations-difficiles-entre-le-gouvernement-et-la-principale-centrale-syndicale-2928470.html\">Mali : n\u00e9gociations difficiles entre gouvernement et centrale syndicale<\/a> (Maliweb)<\/p>\n\n\n\n<p><a href=\"https:\/\/bamada.net\/gao-un-forum-citoyen-sur-la-refondation-de-letat\">Mali &#8211; Gao : un forum citoyen sur la refondation de l\u2019\u00c9tat<\/a> (Bamada)<\/p>\n\n\n\n<p><a href=\"https:\/\/mediaguinee.org\/lerudit-de-kindia-a-alpha-conde-je-vous-prie-de-liberer-les-detenus-politiques-pour-la-paix-dans-le-pays\/\">Guin\u00e9e&nbsp;: L&rsquo;\u00e9rudit de Kindia \u00e0 Alpha Cond\u00e9 : \u2018\u2019je vous prie de lib\u00e9rer les d\u00e9tenus politiques<\/a> (Mediaguinee)<\/p>\n\n\n\n<figure class=\"wp-block-image size-large is-resized\"><img data-recalc-dims=\"1\" loading=\"lazy\" decoding=\"async\" src=\"https:\/\/i0.wp.com\/www.rdpemancipation.org\/wp-content\/uploads\/2021\/05\/image-101.png?resize=416%2C251&#038;ssl=1\" alt=\"\" class=\"wp-image-29895\" width=\"416\" height=\"251\" srcset=\"https:\/\/i0.wp.com\/www.rdpemancipation.org\/wp-content\/uploads\/2021\/05\/image-101.png?w=437&amp;ssl=1 437w, https:\/\/i0.wp.com\/www.rdpemancipation.org\/wp-content\/uploads\/2021\/05\/image-101.png?resize=300%2C181&amp;ssl=1 300w\" sizes=\"auto, (max-width: 416px) 100vw, 416px\" \/><\/figure>\n\n\n\n<p><a href=\"https:\/\/www.radiookapi.net\/2021\/05\/14\/actualite\/justice\/accuse-de-corruption-en-rdc-dan-gertler-appelle-une-table-ronde-de\">RDC&nbsp;: Accus\u00e9 de corruption, Dan Gertler appelle \u00e0 une \u00ab Table ronde de clarification \u00bb<\/a> (Radio Okapi)<\/p>\n\n\n\n<p><a href=\"http:\/\/www.dac-presse.com\/un-nouveau-livre-sur-la-mere-rumba-la-rumba-origine-et-evolution-par-don-fadel\/\">Congo \u2013 Brazza&nbsp;: Un nouveau livre sur la \u00ab&nbsp;M\u00e8re&nbsp;\u00bb Rumba&nbsp;: &nbsp;\u00ab&nbsp;La Rumba Origine et \u00e9volution&nbsp;\u00bb<\/a> (Dac-presse)<\/p>\n\n\n\n<p><a href=\"http:\/\/news.abangui.com\/h\/75261.html\">Centrafrique : plus de 5000 personnes marchent contre la Minusca et RFI \u00e0 Bangui<\/a> (aBangui)<\/p>\n\n\n\n<p><span class=\"has-inline-color has-vivid-red-color\"><strong>13 mai<\/strong> <strong>en continu<\/strong><\/span><\/p>\n\n\n\n<p><a href=\"https:\/\/www.boursorama.com\/videos\/actualites\/rd-congo-contrats-miniers-un-collectif-denonce-des-pertes-de-3-7-milliards-de-dollars-059e022c8b812da1eebe0883c917f43b\">RD Congo &#8211; contrats miniers : un collectif d\u00e9nonce des pertes de 3,7 milliards de dollars<\/a> &nbsp;<strong>&nbsp;<\/strong>(France 24)<\/p>\n\n\n\n<p><a href=\"https:\/\/www.boursorama.com\/videos\/actualites\/guinee-une-loi-pour-proteger-les-personnes-albinos-adoptees-db5e87ce88b4397a3cde7684d4da385e\">Guin\u00e9e : une loi pour prot\u00e9ger les personnes albinos adopt\u00e9es<\/a> &nbsp;(France 24)<\/p>\n\n\n\n<p><a href=\"https:\/\/www.rfi.fr\/fr\/afrique\/20210513-le-sommet-afrique-france-report%C3%A9-au-mois-d-octobre-2021\">Le sommet Afrique-France report\u00e9 au mois d\u2019octobre 2021<\/a> &nbsp;(RFI)<\/p>\n\n\n\n<p><a href=\"https:\/\/www.rfi.fr\/fr\/afrique\/20210512-tchad-transition-douce-ou-changement-de-syst%C3%A8me\">Tchad: transition douce ou changement de syst\u00e8me? <\/a>&nbsp;&nbsp;(RFI)<\/p>\n\n\n\n<figure class=\"wp-block-image size-large is-resized\"><img data-recalc-dims=\"1\" loading=\"lazy\" decoding=\"async\" src=\"https:\/\/i0.wp.com\/www.rdpemancipation.org\/wp-content\/uploads\/2021\/05\/Capture-transition.png?resize=444%2C244&#038;ssl=1\" alt=\"\" class=\"wp-image-29785\" width=\"444\" height=\"244\" srcset=\"https:\/\/i0.wp.com\/www.rdpemancipation.org\/wp-content\/uploads\/2021\/05\/Capture-transition.png?w=731&amp;ssl=1 731w, https:\/\/i0.wp.com\/www.rdpemancipation.org\/wp-content\/uploads\/2021\/05\/Capture-transition.png?resize=300%2C165&amp;ssl=1 300w\" sizes=\"auto, (max-width: 444px) 100vw, 444px\" \/><\/figure>\n\n\n\n<p><a href=\"https:\/\/www.rfi.fr\/fr\/afrique\/20210513-tchad-le-gouvernement-de-transition-adopte-un-programme-politique\">Tchad: le gouvernement de transition adopte un programme politique <\/a>&nbsp;(RFI)<\/p>\n\n\n\n<p>Le Premier Ministre ivoirien Patrick Achi hospitalis\u00e9 \u00e0 Paris &nbsp;(Africanews)<\/p>\n\n\n\n<p><a href=\"https:\/\/fr.africanews.com\/2021\/05\/13\/rdc-felix-tshisekedi-se-prepare-pour-l-election-presidentielle-de-2023\/\">RDC : F\u00e9lix Tshisekedi pense d\u00e9j\u00e0 \u00e0 l&rsquo;\u00e9lection de 2023 <\/a>&nbsp;(Africanews)<\/p>\n\n\n\n<p><a href=\"https:\/\/fr.africanews.com\/2021\/05\/13\/les-forces-armees-ougandaises-et-congolaises-unies-contre-les-adf\/\">Les forces arm\u00e9es ougandaises et congolaises unies contre les ADF <\/a>&nbsp;(Africanews)<\/p>\n\n\n\n<p><a href=\"https:\/\/fr.africanews.com\/2021\/05\/13\/congo-brazzaville-anatole-makosso-nomme-premier-ministre\/\">Congo-Brazzaville : Anatole Makosso nomm\u00e9 Premier ministre <\/a>&nbsp;(Africanews)<\/p>\n\n\n\n<p><a href=\"https:\/\/www.hrw.org\/fr\/news\/2021\/05\/12\/au-cameroun-deux-femmes-transgenres-ont-ete-condamnees-cinq-ans-de-prison\">Au Cameroun, deux femmes transgenres ont \u00e9t\u00e9 condamn\u00e9es \u00e0 cinq ans de prison<\/a> (HRW)<\/p>\n\n\n\n<p><a href=\"https:\/\/fr.africanews.com\/2021\/05\/12\/le-milliardaire-dan-gelter-a-fait-perdre-4-milliards-de-dollars-a-la-rdc\/\">Le milliardaire Dan Gelter a fait perdre 4 milliards de dollars \u00e0 la RDC <\/a>&nbsp;(Africanews)<\/p>\n\n\n\n<figure class=\"wp-block-image size-large\"><img data-recalc-dims=\"1\" loading=\"lazy\" decoding=\"async\" width=\"402\" height=\"277\" src=\"https:\/\/i0.wp.com\/www.rdpemancipation.org\/wp-content\/uploads\/2021\/05\/image-100.png?resize=402%2C277&#038;ssl=1\" alt=\"\" class=\"wp-image-29781\" srcset=\"https:\/\/i0.wp.com\/www.rdpemancipation.org\/wp-content\/uploads\/2021\/05\/image-100.png?w=402&amp;ssl=1 402w, https:\/\/i0.wp.com\/www.rdpemancipation.org\/wp-content\/uploads\/2021\/05\/image-100.png?resize=300%2C207&amp;ssl=1 300w\" sizes=\"auto, (max-width: 402px) 100vw, 402px\" \/><\/figure>\n\n\n\n<p><a href=\"https:\/\/mondafrique.com\/centrafrique-guerres-secretes-entre-francais-et-russes-a-bangui\/\">Centrafrique, guerres secr\u00e8tes entre Fran\u00e7ais et Russes \u00e0 Bangui<\/a> (Mondafrique)<\/p>\n\n\n\n<p><a href=\"https:\/\/www.rfi.fr\/fr\/afrique\/20210513-mali-les-recommandations-de-la-mission-de-la-c%C3%A9d%C3%A9ao-aux-autorit%C3%A9s-de-la-transition\">Mali : les recommandations de la mission de la C\u00e9d\u00e9ao aux autorit\u00e9s de la transition<\/a> &nbsp;(RFI)<\/p>\n\n\n\n<p><a href=\"https:\/\/mondafrique.com\/mali-la-junte-miliraire-confrontee-a-sa-propre-survie\/\">Mali, la junte militaire confront\u00e9e \u00e0 sa propre survie !<\/a> &nbsp;(Mondafrique)<\/p>\n\n\n\n<p><a href=\"https:\/\/www.agenceecofin.com\/securite\/1105-88123-le-mozambique-va-accueillir-un-nouveau-contingent-de-60-soldats-envoye-par-le-portugal\">Le Mozambique va accueillir un nouveau contingent de 60 soldats envoy\u00e9 par le Portugal<\/a> &nbsp;(Ecofin)<\/p>\n\n\n\n<p><a href=\"https:\/\/www.agenceecofin.com\/social\/1005-88089-ethiopie-les-nations-unies-decaissent-65-millions-pour-faire-face-a-la-crise-humanitaire\">Ethiopie&nbsp;: les Nations unies d\u00e9caissent 65 millions&nbsp;$ pour faire face \u00e0 la crise humanitaire<\/a> (Ecofin)<\/p>\n\n\n\n<p><span class=\"has-inline-color has-vivid-red-color\"><strong>12 mai<\/strong> <strong>en continu<\/strong><\/span><\/p>\n\n\n\n<p><a href=\"https:\/\/www.agenceecofin.com\/finance\/1005-88053-franc-cfa-une-convention-de-garantie-qui-confirme-de-fait-la-tutelle-de-la-france\">Franc CFA&nbsp;: une convention de garantie qui confirme de fait la tutelle de la France<\/a> &nbsp;(Ecofin)<\/p>\n\n\n\n<p><a href=\"https:\/\/www.boursorama.com\/actualite-economique\/actualites\/15-dirigeants-africains-presents-mardi-au-sommet-sur-l-economie-africaine-a-paris-5ebe29bde7e484723d0c571f4535a549\">15 dirigeants africains pr\u00e9sents mardi au Sommet sur l&rsquo;\u00e9conomie africaine \u00e0 Paris<\/a> &nbsp;(AFP)<\/p>\n\n\n\n<p><a href=\"https:\/\/www.boursorama.com\/videos\/actualites\/au-soudan-le-plus-grand-parc-national-menace-par-le-grignotage-de-ses-terres-31cf1773f25c4e3480500e1df6bf27e1\">Au Soudan, le plus grand parc national menac\u00e9 par le grignotage de ses terres<\/a> &nbsp;(AFP Video)<\/p>\n\n\n\n<p><a href=\"https:\/\/www.boursorama.com\/videos\/actualites\/apres-des-mois-d-hesitation-madagascar-commence-sa-campagne-de-vaccination-001e5fcd9529ca706c7d54a0f2becda7\">Apr\u00e8s des mois d&rsquo;h\u00e9sitation Madagascar commence sa campagne de vaccination<\/a> (France 24)<\/p>\n\n\n\n<p><a href=\"https:\/\/info.alternatives-economiques.fr\/optiext\/optiextension.dll?ID=%2BDC%2BF0Iy5qBVDIJyb8zmKTf5ln9_nKyoNMl3zQrgKlgzWdFV2ogYdm4KfV0JPUsXgUbU28Acw%2BNIPPcqW2GsoHWpOr9%2B5\" target=\"_blank\" rel=\"noreferrer noopener\">Tchad : l&rsquo;h\u00e9ritage d\u00e9labr\u00e9 d&rsquo;Idriss D\u00e9by <\/a>(Alter Eco)<\/p>\n\n\n\n<p><a href=\"https:\/\/www.agenceecofin.com\/actualites\/1205-88174-centrafrique-les-forces-de-securite-arretent-un-citoyen-francais-en-possession-d-un-arsenal-militaire-important\">Centrafrique&nbsp;: les forces de s\u00e9curit\u00e9 arr\u00eatent un citoyen fran\u00e7ais en possession d\u2019un \u00ab&nbsp;arsenal militaire important&nbsp;\u00bb<\/a> (Ecofin)<\/p>\n\n\n\n<figure class=\"wp-block-image size-large\"><img data-recalc-dims=\"1\" loading=\"lazy\" decoding=\"async\" width=\"385\" height=\"290\" src=\"https:\/\/i0.wp.com\/www.rdpemancipation.org\/wp-content\/uploads\/2021\/05\/image-92.png?resize=385%2C290&#038;ssl=1\" alt=\"\" class=\"wp-image-29644\" srcset=\"https:\/\/i0.wp.com\/www.rdpemancipation.org\/wp-content\/uploads\/2021\/05\/image-92.png?w=385&amp;ssl=1 385w, https:\/\/i0.wp.com\/www.rdpemancipation.org\/wp-content\/uploads\/2021\/05\/image-92.png?resize=300%2C226&amp;ssl=1 300w\" sizes=\"auto, (max-width: 385px) 100vw, 385px\" \/><\/figure>\n\n\n\n<p><a href=\"https:\/\/www.agenceecofin.com\/actualites\/1005-88049-soudan-du-sud-dissolution-du-parlement-conformement-a-l-accord-de-2018\">Soudan du Sud&nbsp;: dissolution du parlement, conform\u00e9ment \u00e0 l\u2019accord de 2018<\/a> (Ecofin)<\/p>\n\n\n\n<p><a href=\"https:\/\/www.agenceecofin.com\/actualites\/1105-88125-afrique-du-sud-jessie-duarte-devient-la-nouvelle-secretaire-generale-de-lanc-apres-la-suspension-dace-magashule\">Afrique du Sud: Jessie Duarte devient la nouvelle secr\u00e9taire g\u00e9n\u00e9rale de l&rsquo;ANC apr\u00e8s la suspension d&rsquo;Ace Magashule<\/a> (Ecofin)<\/p>\n\n\n\n<p><a href=\"https:\/\/lequotidien.sn\/cedeao-preparation-du-prochain-sommet-ordinaire-des-chefs-detat-securite-et-relance-economique-au-coeur-des-echanges-entre-jean-claude-kassi-brou-et-macky\/\">Cedeao&nbsp;: Prochain Sommet ordinaire des chefs d\u2019Etat&nbsp;: S\u00e9curit\u00e9 et relance \u00e9conomique<\/a> (Le Quotidien)<\/p>\n\n\n\n<p><a href=\"http:\/\/www.walf-groupe.com\/accrochage-individus-armes-casamance-larmee-dement\/\">S\u00e9n\u00e9gal&nbsp;: Accrochage avec des individus arm\u00e9s en Casamance : l\u2019arm\u00e9e d\u00e9ment<\/a> (WalfNet)<\/p>\n\n\n\n<p><a href=\"https:\/\/www.senenews.com\/actualites\/societe\/proces-aux-etats-unis-ousmane-tounkara-libere_357362.html\">S\u00e9n\u00e9gal&nbsp;: Proc\u00e8s aux Etats-Unis : Ousmane Tounkara lib\u00e9r\u00e9 !<\/a> (Senenews)<\/p>\n\n\n\n<p><a href=\"https:\/\/www.voaafrique.com\/a\/op%c3%a9ration-antijihadiste-au-burkina-une-vingtaine-de-terroristes-tu%c3%a9s-des-bases-d%c3%a9truites\/5886300.html\">Burkina Faso: une vingtaine de \u00ab\u00a0terroristes\u00a0\u00bb tu\u00e9s, des bases d\u00e9truites<\/a> (Voaafrique)<\/p>\n\n\n\n<figure class=\"wp-block-image size-large\"><img data-recalc-dims=\"1\" loading=\"lazy\" decoding=\"async\" width=\"384\" height=\"218\" src=\"https:\/\/i0.wp.com\/www.rdpemancipation.org\/wp-content\/uploads\/2021\/05\/image-93.png?resize=384%2C218&#038;ssl=1\" alt=\"\" class=\"wp-image-29645\" srcset=\"https:\/\/i0.wp.com\/www.rdpemancipation.org\/wp-content\/uploads\/2021\/05\/image-93.png?w=384&amp;ssl=1 384w, https:\/\/i0.wp.com\/www.rdpemancipation.org\/wp-content\/uploads\/2021\/05\/image-93.png?resize=300%2C170&amp;ssl=1 300w\" sizes=\"auto, (max-width: 384px) 100vw, 384px\" \/><\/figure>\n\n\n\n<p><a href=\"https:\/\/www.27avril.com\/blog\/opinion\/faure-gnassingbe-reckya-madougou-une-dangereuse-combinaison-pour-la-sous-region\">Togo&nbsp;: Faure Gnassingb\u00e9-R\u00e9ckya Madougou: dangereuse combinaison pour la sous-r\u00e9gion?<\/a> (27avril)<\/p>\n\n\n\n<p><a href=\"https:\/\/www.24haubenin.info\/?Des-groupements-epargnent-pour-avoir-acces-aux-soins-antipaludiques\">B\u00e9nin&nbsp;: Des groupements \u00e9pargnent pour acc\u00e9der aux soins antipaludiques<\/a> (24 heures au B\u00e9nin)<\/p>\n\n\n\n<p><a href=\"https:\/\/www.financialafrik.com\/2021\/05\/11\/le-gabon-en-voie-libre-pour-adherer-au-commonwealth\/\">Le Gabon en voie libre pour adh\u00e9rer au Commonwealth<\/a> (Financial Afrik)<\/p>\n\n\n\n<p><a href=\"https:\/\/www.africaradio.com\/news\/cameroun-deux-transgenres-condamnes-a-cinq-ans-de-prison-186785\">Cameroun: deux transgenres condamn\u00e9s \u00e0 cinq ans de prison<\/a> (Africa Radio)<\/p>\n\n\n\n<p><a href=\"https:\/\/actucameroun.com\/2021\/05\/11\/confidentiel-candidature-de-franck-biya-voici-ce-que-pensent-les-proches-de-paul-biya\/\">Cameroun&nbsp;: Candidature de Franck Biya : ce que pensent les proches de Paul Biya<\/a> (Actucameroun)<\/p>\n\n\n\n<p><a href=\"https:\/\/www.ledefenseur.com\/rdc-etat-durgence-a-lest-les-libertes-publiques-en-peril\/\">RDC : Etat d\u2019urgence \u00e0 l\u2019Est : Les libert\u00e9s publiques en p\u00e9ril<\/a> (Le D\u00e9fenseur)<\/p>\n\n\n\n<figure class=\"wp-block-image size-large\"><img data-recalc-dims=\"1\" loading=\"lazy\" decoding=\"async\" width=\"404\" height=\"229\" src=\"https:\/\/i0.wp.com\/www.rdpemancipation.org\/wp-content\/uploads\/2021\/05\/image-94.png?resize=404%2C229&#038;ssl=1\" alt=\"\" class=\"wp-image-29646\" srcset=\"https:\/\/i0.wp.com\/www.rdpemancipation.org\/wp-content\/uploads\/2021\/05\/image-94.png?w=404&amp;ssl=1 404w, https:\/\/i0.wp.com\/www.rdpemancipation.org\/wp-content\/uploads\/2021\/05\/image-94.png?resize=300%2C170&amp;ssl=1 300w\" sizes=\"auto, (max-width: 404px) 100vw, 404px\" \/><\/figure>\n\n\n\n<p><a href=\"http:\/\/www.congoindependant.com\/avec-la-destitution-de-zoe-kabila-la-kabilie-cadavere\/\">RDC&nbsp;: Avec la destitution de Zo\u00e9 Kabila: La Kabilie \u00ab&nbsp;cadavere&nbsp;\u00bb<\/a> (Congo Ind\u00e9pendant)<\/p>\n\n\n\n<p><a href=\"https:\/\/www.letchadanthropus-tribune.com\/tchad-union-africaine-le-rapport-de-lunion-africaine-ne-convainc-point-la-societe-civile-et-lopposition-dans-son-ensemble-lire-en-pdf\/\">Tchad : Le rapport de l\u2019union africaine ne convainc ni la soci\u00e9t\u00e9 civile ni l\u2019opposition<\/a> (Le Tchadanthropus)<\/p>\n\n\n\n<p><a href=\"https:\/\/www.letchadanthropus-tribune.com\/tchad-politique-une-transition-a-haut-risque-voir-video-antoine-glaser\/\">Tchad&nbsp;: Une transition \u00e0 haut risque. (Voir vid\u00e9o Antoine Glaser)<\/a> (Le Tchadanthropus)<\/p>\n\n\n\n<p><a href=\"http:\/\/niarela.net\/crise-malienne\/lunion-europeenne-renonce-a-verser-une-partie-de-son-aide-au-mali\">Mali&nbsp;: L\u2019Union europ\u00e9enne renonce \u00e0 verser une partie de son aide au Mali<\/a> (Niarela)<\/p>\n\n\n\n<p><a href=\"https:\/\/www.maliweb.net\/education\/education-au-mali-la-balance-semble-desequilibree%e2%80%89-2928420.html\">\u00c9ducation au Mali : la balance semble d\u00e9s\u00e9quilibr\u00e9e\u2009!<\/a> (Maliweb)<\/p>\n\n\n\n<p><a href=\"https:\/\/mediaguinee.org\/suspension-de-la-greve-dans-les-cours-et-tribunaux-le-ministre-de-la-justice-salue-la-decision-et-sengage\/\">Guin\u00e9e&nbsp;: Suspension de la gr\u00e8ve dans les cours et tribunaux<\/a> (M\u00e9diaguin\u00e9e)<\/p>\n\n\n\n<p><a href=\"https:\/\/www.journaldebrazza.com\/kigali-et-varsovie-signent-plusieurs-accords\/\">Rwanda&nbsp;: Kigali et Varsovie signent plusieurs accords<\/a> (Journal de Brazza)<\/p>\n\n\n\n<p><a href=\"https:\/\/www.financialafrik.com\/2021\/05\/11\/congo-la-bad-soutien-la-diversification-de-leconomie\/\">Congo-Brazza : la BAD soutient la diversification de l\u2019\u00e9conomie<\/a> (Financial Afrik)<\/p>\n\n\n\n<p><a href=\"https:\/\/www.dw.com\/fr\/un-fran%C3%A7ais-et-un-opposant-arr%C3%AAt%C3%A9s-en-centrafrique\/a-57500461?maca=fra-rss-fre-all-1482-rdf\">Centrafrique&nbsp;: Un Fran\u00e7ais et un opposant arr\u00eat\u00e9s en Centrafrique<\/a> (dw)<\/p>\n\n\n\n<p><span class=\"has-inline-color has-vivid-red-color\"><strong>11 mai<\/strong> <strong>en continu<\/strong><\/span><\/p>\n\n\n\n<p><a href=\"https:\/\/www.seneplus.com\/opinions\/laffaire-omar-blondin-diop-doit-sortir-du-deni-ou-elle-sommeille\">S\u00e9n\u00e9gal&nbsp;: L\u2019affaire Omar Blondin Diop doit sortir du d\u00e9ni<\/a> (Seneplus)<\/p>\n\n\n\n<p><a href=\"https:\/\/www.seneweb.com\/news\/Societe\/emission-lsquo-rsquo-taku-show-rsquo-rsq_n_346859.html\">S\u00e9n\u00e9gal : L\u2019\u00c9mission \u00ab\u00a0Taku Show\u00a0\u00bb : Walf Tv provoque la col\u00e8re du Tchad<\/a> (Seneweb)<\/p>\n\n\n\n<p><a href=\"https:\/\/mali24.info\/transition-au-mali-le-mediateur-de-la-cedeao-goodluck-jonathan-a-bamako-pour-evaluer-la-situation\/\">Mali &#8211; Transition : Le M\u00e9diateur de la CEDEAO, Goodluck Jonathan, \u00e0 Bamako pour \u00e9valuer la situation<\/a> (Mali24info)<\/p>\n\n\n\n<p><a href=\"https:\/\/bamada.net\/violations-de-droits-de-lhomme-au-mali-421-cas-recenses-du-1er-janvier-au-31-mars-2021\">Mali&nbsp;: Violations de droits de l\u2019homme au Mali : 421 cas recens\u00e9s du 1er janvier au 31 mars 2021<\/a> (Bamada)<\/p>\n\n\n\n<figure class=\"wp-block-image size-large\"><img data-recalc-dims=\"1\" loading=\"lazy\" decoding=\"async\" width=\"378\" height=\"213\" src=\"https:\/\/i0.wp.com\/www.rdpemancipation.org\/wp-content\/uploads\/2021\/05\/image-78.png?resize=378%2C213&#038;ssl=1\" alt=\"\" class=\"wp-image-29480\" srcset=\"https:\/\/i0.wp.com\/www.rdpemancipation.org\/wp-content\/uploads\/2021\/05\/image-78.png?w=378&amp;ssl=1 378w, https:\/\/i0.wp.com\/www.rdpemancipation.org\/wp-content\/uploads\/2021\/05\/image-78.png?resize=300%2C169&amp;ssl=1 300w\" sizes=\"auto, (max-width: 378px) 100vw, 378px\" \/><\/figure>\n\n\n\n<p><a href=\"https:\/\/www.sidwaya.info\/blog\/2021\/05\/10\/reconciliation-nationale-lopposition-installe-son-comite-de-reflexion\/\">Burkina Faso&nbsp;: R\u00e9conciliation nationale : l\u2019opposition installe son comit\u00e9 de r\u00e9flexion<\/a> (Sidwaya)<\/p>\n\n\n\n<p><a href=\"https:\/\/www.27avril.com\/blog\/actualites\/politiques\/togo-dieu-ou-president\">Togo, Dieu ou Pr\u00e9sident ?<\/a> (27avril)<\/p>\n\n\n\n<p><a href=\"https:\/\/matinlibre.com\/2021\/05\/11\/me-robert-dossou-sur-la-situation-politique-au-benin-la-production-legislative-est-devenue-crisogene\/?utm_source=rss&amp;utm_medium=rss&amp;utm_campaign=me-robert-dossou-sur-la-situation-politique-au-benin-la-production-legislative-est-devenue-crisogene\">&nbsp;B\u00e9nin : \u201cLa production l\u00e9gislative est devenue crisog\u00e8ne\u201d<\/a> (Matin Libre)<\/p>\n\n\n\n<p><a href=\"https:\/\/www.journaldugabon.com\/covid-19-lafrique-parent-pauvre-de-la-vaccination\/\">Covid-19 : l&rsquo;Afrique, parent pauvre de la vaccination<\/a> (Journal du Gabon)<\/p>\n\n\n\n<p><a href=\"https:\/\/www.abidjanplus.com\/opinions\/bombardement-de-bouake-la-presse-francaise-complice-dun-enorme\">C\u00f4te d\u2019Ivoire&nbsp;: Bombardement de Bouak\u00e9, la presse fran\u00e7aise complice d&rsquo;un scandale d&rsquo;\u00e9tat<\/a> (Abidjanplus)<\/p>\n\n\n\n<p><a href=\"https:\/\/www.letchadanthropus-tribune.com\/tchad-france-nous-exigeons-le-depart-de-larmee-francaise-du-tchad-appel-a-manifester-a-paris\/\">Tchad&nbsp;: Nous exigeons le d\u00e9part de l\u2019arm\u00e9e fran\u00e7aise du Tchad. (Appel \u00e0 manifester \u00e0 Paris)<\/a> (Le Tchadanthropus)<\/p>\n\n\n\n<figure class=\"wp-block-image size-large is-resized\"><img data-recalc-dims=\"1\" loading=\"lazy\" decoding=\"async\" src=\"https:\/\/i0.wp.com\/www.rdpemancipation.org\/wp-content\/uploads\/2021\/05\/image-77.png?resize=449%2C178&#038;ssl=1\" alt=\"\" class=\"wp-image-29478\" width=\"449\" height=\"178\" srcset=\"https:\/\/i0.wp.com\/www.rdpemancipation.org\/wp-content\/uploads\/2021\/05\/image-77.png?w=363&amp;ssl=1 363w, https:\/\/i0.wp.com\/www.rdpemancipation.org\/wp-content\/uploads\/2021\/05\/image-77.png?resize=300%2C119&amp;ssl=1 300w\" sizes=\"auto, (max-width: 449px) 100vw, 449px\" \/><\/figure>\n\n\n\n<p><a href=\"https:\/\/www.alwihdainfo.com\/RCA-la-Russie-prevoit-une-nouvelle-livraison-d-armes-et-munitions-pour-les-FACA_a103636.html\">RCA : la Russie pr\u00e9voit une nouvelle livraison d\u2019armes et munitions pour les FACA<\/a> (Alwihdainfo)<\/p>\n\n\n\n<p><a href=\"https:\/\/guineematin.com\/guinee-les-signes-precurseurs-dune-grave-crise-sociale-perceptibles\/\">Guin\u00e9e : les signes pr\u00e9curseurs d\u2019une grave crise sociale perceptibles<\/a> (Guin\u00e9e Matin)<\/p>\n\n\n\n<p><a href=\"https:\/\/www.voaafrique.com\/a\/conakry-va-juger-une-soixantaine-d-opposants-au-3e-mandat-du-pr%c3%a9sident-cond%c3%a9\/5883226.html\">Guin\u00e9e&nbsp;: Conakry va juger une soixantaine d&rsquo;opposants au 3e mandat du pr\u00e9sident Cond\u00e9<\/a> (Voaafrique)<\/p>\n\n\n\n<p><a href=\"https:\/\/ze-africanews.com\/congo-attrape-et-farce-de-monarque-congo-de-richard-ossoma-lesmois\/\">Congo-Brazza&nbsp;: Attrape et farce de monarque Congo, de Richard Ossoma-Lesmois<\/a> (Ze-africanews)<\/p>\n\n\n\n<p><a href=\"https:\/\/survie.org\/themes\/economie\/biens-publics-a-l-echelle-mondiale\/article\/un-nouvel-or-noir-le-pillage-des-objets-d-art-en-afrique\">Un nouvel or noir : le pillage des objets d\u2019art en Afrique<\/a> (Survie)<\/p>\n\n\n\n<p><a href=\"https:\/\/www.les-crises.fr\/afrique-la-faillite-du-contre-terrorisme-occidental\/\">Afrique : La faillite du contre-terrorisme occidental<\/a> (Les Crises)<\/p>\n\n\n\n<p><a href=\"https:\/\/blogs.mediapart.fr\/antoine-montpellier\/blog\/100521\/montpellier-ville-potemkine-de-la-francafrique-0\">Montpellier \u00ab&nbsp;ville Potemkine&nbsp;\u00bb de la Fran\u00e7afrique ?<\/a> -Antoine (Montpellier)&nbsp;<\/p>\n\n\n\n<p><span class=\"has-inline-color has-vivid-red-color\"><strong>10 mai<\/strong> <strong>en continu<\/strong><\/span><\/p>\n\n\n\n<p><a href=\"https:\/\/mondafrique.com\/maksim-shugaley-lagent-electoral-de-vladimir-poutine-en-afrique\/\">Maksim Shugaley, l\u2019agent \u00e9lectoral de Vladimir Poutine en Afrique<\/a><a> (Mondafrique)<\/a><\/p>\n\n\n\n<p><a href=\"https:\/\/www.boursorama.com\/videos\/actualites\/instabilite-au-tchad-l-armee-revendique-la-victoire-face-aux-rebelles-4c566f478a8e81e35682c1f2fdf5aa29\">Instabilit\u00e9 au Tchad : l&rsquo;arm\u00e9e revendique la victoire face aux rebelles<\/a> &nbsp;(France 24)<\/p>\n\n\n\n<p><a href=\"https:\/\/www.boursorama.com\/videos\/actualites\/tchad-une-transition-a-haut-risque-4f38324aa781e07d0f59999b3e81804a\">Tchad : une transition \u00e0 haut risque<\/a> &nbsp;(France 24)<\/p>\n\n\n\n<p><a href=\"https:\/\/mondafrique.com\/le-sahel-peu-a-peu-interdit-dacces-aux-francais\/\">Le Sahel peu \u00e0 peu interdit d\u2019acc\u00e8s aux Fran\u00e7ais<\/a> (Mondafrique)<\/p>\n\n\n\n<figure class=\"wp-block-image size-large is-resized\"><img data-recalc-dims=\"1\" loading=\"lazy\" decoding=\"async\" src=\"https:\/\/i0.wp.com\/www.rdpemancipation.org\/wp-content\/uploads\/2021\/05\/image-74.png?resize=455%2C257&#038;ssl=1\" alt=\"\" class=\"wp-image-29402\" width=\"455\" height=\"257\" srcset=\"https:\/\/i0.wp.com\/www.rdpemancipation.org\/wp-content\/uploads\/2021\/05\/image-74.png?w=395&amp;ssl=1 395w, https:\/\/i0.wp.com\/www.rdpemancipation.org\/wp-content\/uploads\/2021\/05\/image-74.png?resize=300%2C169&amp;ssl=1 300w\" sizes=\"auto, (max-width: 455px) 100vw, 455px\" \/><\/figure>\n\n\n\n<p><a href=\"https:\/\/mondafrique.com\/lunion-europeenne-met-la-junte-malienne-sous-surveillance\/\">L\u2019Union europ\u00e9enne met la junte malienne sous surveillance<\/a> (Mondafrique)<\/p>\n\n\n\n<p><a href=\"https:\/\/fr.africanews.com\/2021\/05\/10\/nigeria-des-musulmans-enleves-dans-une-mosquee-en-temps-de-ramadan\/\">Nigeria : des musulmans enlev\u00e9s dans une mosqu\u00e9e en temps de ramadan <\/a>&nbsp;(Africanews)<\/p>\n\n\n\n<p><a href=\"https:\/\/fr.africanews.com\/2021\/05\/10\/tchad-mahamat-deby-aux-commandes-premiere-destination-le-niger\/\">Tchad : Mahamat D\u00e9by aux commandes, premi\u00e8re destination le Niger <\/a>&nbsp;(Africanews)<\/p>\n\n\n\n<p><a href=\"https:\/\/fr.africanews.com\/2021\/05\/10\/cote-d-ivoire-des-opposants-au-retour-de-gbagbo-dans-les-rues-d-abidjan\/\">C\u00f4te d&rsquo;Ivoire : des opposants au retour de Gbagbo dans les rues d&rsquo;Abidjan <\/a>&nbsp;(Africanews)<\/p>\n\n\n\n<p><a href=\"https:\/\/fr.africanews.com\/2021\/05\/10\/congo-un-premier-ministre-attendu-sur-fond-de-grogne-sociale\/\">Congo : un Premier ministre attendu sur fond de grogne sociale <\/a>&nbsp;(Africanews)<\/p>\n\n\n\n<figure class=\"wp-block-image size-large\"><img data-recalc-dims=\"1\" loading=\"lazy\" decoding=\"async\" width=\"355\" height=\"200\" src=\"https:\/\/i0.wp.com\/www.rdpemancipation.org\/wp-content\/uploads\/2021\/05\/image-75.png?resize=355%2C200&#038;ssl=1\" alt=\"\" class=\"wp-image-29403\" srcset=\"https:\/\/i0.wp.com\/www.rdpemancipation.org\/wp-content\/uploads\/2021\/05\/image-75.png?w=355&amp;ssl=1 355w, https:\/\/i0.wp.com\/www.rdpemancipation.org\/wp-content\/uploads\/2021\/05\/image-75.png?resize=300%2C169&amp;ssl=1 300w\" sizes=\"auto, (max-width: 355px) 100vw, 355px\" \/><\/figure>\n\n\n\n<p><a href=\"https:\/\/berthoalain.com\/2021\/05\/10\/repression-de-lorpaillage-emeute-a-banora-9-mai-2021\/\">Guin\u00e9e, r\u00e9pression de l\u2019orpaillage&nbsp;: \u00e9meute \u00e0 Banora \u2013 9 mai&nbsp;2021<\/a> &nbsp;(Anthropologie du Pr\u00e9sent)<\/p>\n\n\n\n<p><a href=\"http:\/\/www.walf-groupe.com\/affaire-sonko-mamadou-ndoye-disqualifie-commission-denquete-emeutes\/\">S\u00e9n\u00e9gal&nbsp;: Affaire SONKO : Mamadou NDOYE disqualifie la Commission d\u2019enqu\u00eate sur les \u00e9meutes<\/a> (WlafNet)<\/p>\n\n\n\n<p><a href=\"https:\/\/www.seneplus.com\/politique\/ndioro-ndiaye-au-nom-de-la-femme-et-de-la-republique\">S\u00e9n\u00e9gal&nbsp;: Ndioro Ndiaye, au nom de la femme et de la r\u00e9publique<\/a> (Seneplus)<\/p>\n\n\n\n<p><a href=\"https:\/\/senego.com\/a-b-mboup-macky-est-le-seul-president-au-monde-qui-a-une-milice-armee-escortee-par-la-police_1266719.html\">S\u00e9n\u00e9gal : \u00ab\u00a0Macky est le seul pr\u00e9sident au monde qui a une milice arm\u00e9e escort\u00e9e par la police&#8230;\u00a0\u00bb<\/a> (Senego)<\/p>\n\n\n\n<p><a href=\"https:\/\/www.letchadanthropus-tribune.com\/tchad-manifestation-pacifique-fausses-promesses-de-la-junte-virage-a-180-des-communiques-la-police-a-reprimee-les-manifestants-avec-des-tirs-a-balle-reelle\/\">Tchad&nbsp;: Fausses promesses de la junte \u2013 Virage \u00e0 180\u00b0 des communiqu\u00e9s<\/a> (Le Tchadanthropus)<\/p>\n\n\n\n<figure class=\"wp-block-image is-resized\"><img data-recalc-dims=\"1\" loading=\"lazy\" decoding=\"async\" src=\"https:\/\/i0.wp.com\/www.rdpemancipation.org\/wp-content\/uploads\/2021\/05\/image-71.png?resize=414%2C246&#038;ssl=1\" alt=\"L\u2019attribut alt de cette image est vide, son nom de fichier est image-71.png.\" width=\"414\" height=\"246\"\/><\/figure>\n\n\n\n<p><a href=\"http:\/\/www.walf-groupe.com\/guinee-leffondrement-dune-dor-provoque-quinzaine-de-morts\/\">Guin\u00e9e : l&rsquo;effondrement d&rsquo;une mine d&rsquo;or provoque une quinzaine de morts<\/a> (WalfNet)<\/p>\n\n\n\n<p><a href=\"http:\/\/lefaso.net\/spip.php?article104596\">Burkina Faso : Les populations de Tin Akof se r\u00e9fugient pr\u00e8s du camp militaire apr\u00e8s une attaque<\/a> (Le Faso)<\/p>\n\n\n\n<p><a href=\"https:\/\/www.ladepechedabidjan.info\/Comment-le-Christianisme-est-arrive-en-Afrique--Video-inedite-pendant-la-colonisation_a27958.html\">Comment le Christianisme est arriv\u00e9 en Afrique ! Vid\u00e9o in\u00e9dite pendant la colonisation <\/a>(La D\u00e9p\u00eache d\u2019Abidjan)<\/p>\n\n\n\n<p><a href=\"https:\/\/actucameroun.com\/2021\/05\/10\/franck-biya-a-etoudi-le-cameroun-nest-pas-une-dynastie-roger-justin-noah\/\">Franck Biya \u00e0 Etoudi: \u00ab&nbsp;Le Cameroun n&rsquo;est pas une dynastie&nbsp;\u00bb<\/a> (Actucameroun)<\/p>\n\n\n\n<p><a href=\"https:\/\/bamada.net\/mali-une-centaine-de-victimes-desclavage-chassees-de-leur-village-arrivent-a-bamako\">Mali : une centaine de victimes \u00abd\u2019esclavage\u00bb chass\u00e9es de leur village arrivent \u00e0 Bamako<\/a> (Bamada)<\/p>\n\n\n\n<p><a href=\"https:\/\/bamada.net\/lunion-europeenne-met-la-junte-malienne-sous-surveillance\">Mali&nbsp;: L\u2019Union europ\u00e9enne met la junte malienne sous surveillance<\/a> (Bamada)<\/p>\n\n\n\n<p><a href=\"https:\/\/www.africaradio.com\/news\/rdc-l-armee-annonce-avoir-tue-dix-membres-du-groupe-arme-adf-a-beni-186641\">RDC: l&rsquo;arm\u00e9e annonce avoir tu\u00e9 dix membres du groupe arm\u00e9 ADF \u00e0 Beni<\/a> (Africa Radio)<\/p>\n\n\n\n<figure class=\"wp-block-embed is-type-video is-provider-youtube wp-block-embed-youtube wp-embed-aspect-16-9 wp-has-aspect-ratio\"><div class=\"wp-block-embed__wrapper\">\n<iframe loading=\"lazy\" title=\"Tchad : un alli\u00e9 encombrant ? Une Le\u00e7on de g\u00e9opolitique #34 - Le Dessous des cartes | ARTE\" width=\"1200\" height=\"675\" src=\"https:\/\/www.youtube.com\/embed\/5k6x9VOkzWo?feature=oembed\" frameborder=\"0\" allow=\"accelerometer; autoplay; clipboard-write; encrypted-media; gyroscope; picture-in-picture\" allowfullscreen><\/iframe>\n<\/div><\/figure>\n\n\n\n<p><span class=\"has-inline-color has-vivid-red-color\"><strong>9 mai<\/strong> <strong>en continu<\/strong><\/span><\/p>\n\n\n\n<p><a href=\"https:\/\/survie.org\/billets-d-afrique\/2021\/avril-2021\/article\/art-pillage\">Billet d\u2019Afrique, Art-PILLAGE<\/a><a> (Survie)<\/a><\/p>\n\n\n\n<p><a href=\"https:\/\/survie.org\/billets-d-afrique\/2021\/avril-2021\/article\/complicite\">Billet d\u2019Afrique sur le Rwanda, Complicit\u00e9<\/a> (Survie)<\/p>\n\n\n\n<p><a href=\"https:\/\/www.agenceecofin.com\/securite\/0905-88046-niger-l-etat-islamique-revendique-les-recentes-attaques-de-tahoua-et-de-tillaberi\" target=\"_blank\" rel=\"noreferrer noopener\">Niger&nbsp;: l\u2019\u00c9tat islamique revendique les r\u00e9centes attaques de Tahoua et de Tillab\u00e9ri<\/a> (Ecofin)<\/p>\n\n\n\n<p><a href=\"https:\/\/fr.africanews.com\/2021\/05\/09\/tchad-un-blesse-dans-des-rassemblements-disperses-par-la-police\/\">Tchad : un bless\u00e9 dans des rassemblements dispers\u00e9s par la police<\/a> (Africanews)<a href=\"https:\/\/www.rfi.fr\/fr\/podcasts\/invit%C3%A9-afrique\/20210509-le-tchad-est-le-point-central-de-la-france-en-afrique\"><\/a><\/p>\n\n\n\n<p><a href=\"https:\/\/www.rfi.fr\/fr\/podcasts\/invit%C3%A9-afrique\/20210509-le-tchad-est-le-point-central-de-la-france-en-afrique\">\u00ab Le Tchad est le point central de la France en Afrique \u00bb<\/a> &#8211; Entretien avec l\u2019auteur Damien Mireval (RFI)<\/p>\n\n\n\n<figure class=\"wp-block-image size-large is-resized\"><img data-recalc-dims=\"1\" loading=\"lazy\" decoding=\"async\" src=\"https:\/\/i0.wp.com\/www.rdpemancipation.org\/wp-content\/uploads\/2021\/05\/Capture-livre-Mireval.png?resize=436%2C246&#038;ssl=1\" alt=\"\" class=\"wp-image-29335\" width=\"436\" height=\"246\" srcset=\"https:\/\/i0.wp.com\/www.rdpemancipation.org\/wp-content\/uploads\/2021\/05\/Capture-livre-Mireval.png?w=366&amp;ssl=1 366w, https:\/\/i0.wp.com\/www.rdpemancipation.org\/wp-content\/uploads\/2021\/05\/Capture-livre-Mireval.png?resize=300%2C169&amp;ssl=1 300w\" sizes=\"auto, (max-width: 436px) 100vw, 436px\" \/><\/figure>\n\n\n\n<p><a href=\"https:\/\/www.hrw.org\/fr\/news\/2021\/05\/07\/letat-de-siege-dans-lest-de-la-rd-congo-ne-doit-pas-servir-de-pretexte-pour\">L\u2019\u00e9tat de si\u00e8ge dans l\u2019est de la RD Congo ne doit pas servir de pr\u00e9texte pour commettre des abus<\/a> (HRW)<\/p>\n\n\n\n<p><a href=\"https:\/\/mondafrique.com\/mali-notre-entretien-avec-le-chef-peul-dune-milice-armee\/\">Quand Olivier Dubois, pigiste pour Mondafrique, enqu\u00e8tait sur les Peuls<\/a> (Mondafrique)<\/p>\n\n\n\n<p><a href=\"https:\/\/www.rfi.fr\/fr\/afrique\/20210502-somalie-d%C3%A9marche-d-apaisement-des-autorit%C3%A9s-suite-aux-tensions\">Somalie : d\u00e9marche d\u2019apaisement des autorit\u00e9s suite aux tensions<\/a> &nbsp;(RFI)<\/p>\n\n\n\n<p><a href=\"https:\/\/www.rfi.fr\/fr\/afrique\/20210501-somalie-le-pr%C3%A9sident-farmajo-renonce-%C3%A0-l-extension-de-son-mandat\">Somalie : le pr\u00e9sident Farmajo renonce \u00e0 l\u2019extension de son mandat<\/a> (RFI)<\/p>\n\n\n\n<p><span class=\"has-inline-color has-vivid-red-color\"><strong>8 mai<\/strong> <strong>en continu<\/strong><\/span><\/p>\n\n\n\n<p><a href=\"https:\/\/www.agenceecofin.com\/dossier\/0705-88021-scandales-petroliers-africains-1ere-episode-l-affaire-du-probo-koala\">Scandales p\u00e9troliers africains, 1er \u00e9pisode&nbsp;: l\u2019affaire du Probo Koala&nbsp;<\/a> (Ecofin)<\/p>\n\n\n\n<figure class=\"wp-block-image size-large is-resized\"><img data-recalc-dims=\"1\" loading=\"lazy\" decoding=\"async\" src=\"https:\/\/i0.wp.com\/www.rdpemancipation.org\/wp-content\/uploads\/2021\/05\/image-66.png?resize=384%2C289&#038;ssl=1\" alt=\"\" class=\"wp-image-29275\" width=\"384\" height=\"289\" srcset=\"https:\/\/i0.wp.com\/www.rdpemancipation.org\/wp-content\/uploads\/2021\/05\/image-66.png?w=303&amp;ssl=1 303w, https:\/\/i0.wp.com\/www.rdpemancipation.org\/wp-content\/uploads\/2021\/05\/image-66.png?resize=300%2C226&amp;ssl=1 300w\" sizes=\"auto, (max-width: 384px) 100vw, 384px\" \/><\/figure>\n\n\n\n<p><a href=\"https:\/\/www.lemonde.fr\/societe\/article\/2021\/05\/07\/affaire-bollore-nouveau-revers-pour-le-parquet-national-financier_6079502_3224.html\">Affaire Bollor\u00e9&nbsp;: nouveau revers pour le&nbsp;Parquet national financier<\/a> (Le Monde)<a href=\"https:\/\/www.lemonde.fr\/afrique\/article\/2021\/05\/06\/le-sahel-une-region-de-plus-en-plus-difficile-a-couvrir-pour-les-journalistes_6079352_3212.html\"><\/a><\/p>\n\n\n\n<p><a href=\"https:\/\/www.lemonde.fr\/afrique\/article\/2021\/05\/06\/le-sahel-une-region-de-plus-en-plus-difficile-a-couvrir-pour-les-journalistes_6079352_3212.html\">Le Sahel, une r\u00e9gion de plus en plus difficile \u00e0 couvrir pour les journalistes<\/a> (Le Monde)<\/p>\n\n\n\n<p><a href=\"https:\/\/www.lemonde.fr\/afrique\/article\/2021\/05\/08\/les-compensations-versees-aux-proprietaires-d-esclaves-par-la-france-au-xixe-siecle-rendues-publiques_6079584_3212.html\">Les compensations vers\u00e9es aux propri\u00e9taires d\u2019esclaves par la France au&nbsp;XIXe&nbsp;si\u00e8cle rendues publiques<\/a> (Le Monde)<\/p>\n\n\n\n<p><a href=\"https:\/\/www.agenceecofin.com\/hydroelectricite\/0805-88037-cameroun-le-constructeur-du-barrage-de-nachtigal-a-entretenu-600-emplois-fictifs-pendant-plusieurs-mois\" target=\"_blank\" rel=\"noreferrer noopener\">Cameroun&nbsp;: le constructeur du Barrage de Nachtigal&nbsp;a entretenu 600 emplois fictifs pendant plusieurs mois<\/a> &nbsp;(Ecofin)<\/p>\n\n\n\n<p><a href=\"https:\/\/www.lenouveaugabon.com\/fr\/une-securite-justice\/0805-16901-le-gabon-a-consacre-au-moins-147-milliards-de-fcfa-aux-depenses-militaires-en-2020-sipri\" target=\"_blank\" rel=\"noreferrer noopener\">Le Gabon a consacr\u00e9 au moins 147 milliards de FCFA aux d\u00e9penses militaires en 2020 <\/a>&nbsp;(Ecofin)<\/p>\n\n\n\n<p><a href=\"https:\/\/www.dakaractu.com\/Les-ADF-la-tres-meconnue-branche-de-l-Etat-Islamique-en-RDC_a203170.html\">RDC&nbsp;: Les ADF : la tr\u00e8s m\u00e9connue branche de l\u2019\u00c9tat Islamique en RDC<\/a> (Dakaractu)<\/p>\n\n\n\n<p><a href=\"https:\/\/www.sangoyacongo.com\/2021\/05\/etat-de-siege-nous-ne-venons-pas.html\">RDC&nbsp;: \u00c9tat de si\u00e8ge : \u00ab Nous ne venons pas instaurer un r\u00e9gime dictatorial \u00bb, rassure l&rsquo;arm\u00e9e<\/a> (Sangoyacongo)<\/p>\n\n\n\n<p><a href=\"http:\/\/www.walf-groupe.com\/paul-kagame-lafrique-ne-rester-dependante-autres\/\">Rwanda&nbsp;: Paul Kagame : l&rsquo;Afrique ne peut rester d\u00e9pendante des autres<\/a> (WalfNet)<\/p>\n\n\n\n<p><a href=\"https:\/\/www.seneplus.com\/politique\/au-senegal-sortir-du-bourbier-neocolonial\">S\u00e9n\u00e9gal&nbsp;: Sortir du bourbier n\u00e9ocolonial<\/a> (Seneplus)<\/p>\n\n\n\n<p><a href=\"https:\/\/www.ndarinfo.com\/Des-SDF-envahissent-les-rues-et-lieux-symboles-de-Saint-Louis_a31311.html\">S\u00e9n\u00e9gal&nbsp;: Des SDF envahissent les rues et lieux symboles de Saint-Louis<\/a> (Ndarinfo)<\/p>\n\n\n\n<figure class=\"wp-block-image size-large is-resized\"><img data-recalc-dims=\"1\" loading=\"lazy\" decoding=\"async\" src=\"https:\/\/i0.wp.com\/www.rdpemancipation.org\/wp-content\/uploads\/2021\/05\/image-64.png?resize=441%2C294&#038;ssl=1\" alt=\"\" class=\"wp-image-29250\" width=\"441\" height=\"294\" srcset=\"https:\/\/i0.wp.com\/www.rdpemancipation.org\/wp-content\/uploads\/2021\/05\/image-64.png?w=396&amp;ssl=1 396w, https:\/\/i0.wp.com\/www.rdpemancipation.org\/wp-content\/uploads\/2021\/05\/image-64.png?resize=300%2C200&amp;ssl=1 300w\" sizes=\"auto, (max-width: 441px) 100vw, 441px\" \/><\/figure>\n\n\n\n<p><a href=\"https:\/\/www.seneweb.com\/news\/Societe\/radiation-emprisonnement-et-menaces-cont_n_346565.html\">S\u00e9n\u00e9gal&nbsp;: Radiation, emprisonnement et menaces contre des lanceurs d&rsquo;alertes<\/a> (Seneweb)<\/p>\n\n\n\n<p><a href=\"https:\/\/www.afrikibaria.com\/burkina-faso-analyse-des-conflits-et-leurs-impacts-sur-la-mise-en-oeuvre-du-pndes\/\">Burkina Faso : Analyse des conflits et leurs impacts sur la mise en \u0153uvre du PNDES<\/a> (Afrikibaria)<\/p>\n\n\n\n<p><a href=\"https:\/\/lanouvelletribune.info\/2021\/05\/rallonge-du-mandat-presidentiel-et-des-autres-institutions-le-parlement-saisit\/\">B\u00e9nin&nbsp;: Rallonge du mandat pr\u00e9sidentiel et des autres institutions : le parlement saisi<\/a> (La Nouvelle Tribune)<\/p>\n\n\n\n<p><a href=\"http:\/\/gabonenervant.blogspot.com\/2021\/05\/gabon-country-governed-by-promise-le.html\">Gabon, un pays gouvern\u00e9 par la promesse ! <\/a>(Le Gabon \u00e9nervant)<\/p>\n\n\n\n<p><a href=\"https:\/\/afriquemidi.com\/actualites\/cote-divoire-retour-de-laurent-gbagbo-cest-une-victoire-contre-linjustice-mondiale\/?utm_source=rss&amp;utm_medium=rss&amp;utm_campaign=cote-divoire-retour-de-laurent-gbagbo-cest-une-victoire-contre-linjustice-mondiale&amp;utm_source=rss&amp;utm_medium=rss&amp;utm_campaign=cote-divoire-retour-de-laurent-gbagbo-cest-une-victoire-contre-linjustice-mondiale\">C\u00f4te d\u2019Ivoire : Retour de Laurent Gbagbo, C\u2019est une victoire contre l&rsquo;injustice mondiale<\/a> (Afrique Midi)<\/p>\n\n\n\n<p><a href=\"https:\/\/actucameroun.com\/2021\/05\/07\/le-mrc-denonce-la-detention-arbitraire-damadou-vamoulke\/\">Cameroun&nbsp;: Le MRC d\u00e9nonce la d\u00e9tention arbitraire d\u2019Amadou Vamoulke<\/a> (Actucameroun)<\/p>\n\n\n\n<p><a href=\"https:\/\/www.alwihdainfo.com\/Tchad-manifestations-a-N-Djamena-un-jeune-blesse-par-balle_a103586.html\">Tchad : manifestations \u00e0 N\u2019Djamena, un jeune bless\u00e9 par balle<\/a> (Alwihdainfo)<\/p>\n\n\n\n<figure class=\"wp-block-image size-large is-resized\"><img data-recalc-dims=\"1\" loading=\"lazy\" decoding=\"async\" src=\"https:\/\/i0.wp.com\/www.rdpemancipation.org\/wp-content\/uploads\/2021\/05\/Capture-jeune-blesse.png?resize=441%2C263&#038;ssl=1\" alt=\"\" class=\"wp-image-29247\" width=\"441\" height=\"263\" srcset=\"https:\/\/i0.wp.com\/www.rdpemancipation.org\/wp-content\/uploads\/2021\/05\/Capture-jeune-blesse.png?w=423&amp;ssl=1 423w, https:\/\/i0.wp.com\/www.rdpemancipation.org\/wp-content\/uploads\/2021\/05\/Capture-jeune-blesse.png?resize=300%2C179&amp;ssl=1 300w\" sizes=\"auto, (max-width: 441px) 100vw, 441px\" \/><\/figure>\n\n\n\n<p><a href=\"https:\/\/www.africaradio.com\/news\/tchad-la-junte-interdit-une-manifestation-de-l-opposition-186581\">Tchad : la junte interdit une manifestation de l&rsquo;opposition<\/a> (Africa Radio)<\/p>\n\n\n\n<p><a href=\"https:\/\/bamada.net\/medecine-traditionnelle-au-mali-la-pharmacopee-dagaba-appreciee-mais-jalousee\">Mali&nbsp;: M\u00e9decine traditionnelle au Mali : La Pharmacop\u00e9e \u201cDagaba\u201d appr\u00e9ci\u00e9e mais jalous\u00e9e<\/a> (Bamada)<\/p>\n\n\n\n<p><a href=\"https:\/\/orientxxi.info\/magazine\/barrage-de-la-renaissance-les-negociations-prennent-l-eau,4722\">Barrage de la Renaissance. Les n\u00e9gociations prennent l\u2019eau<\/a> (Orient XXI)<\/p>\n\n\n\n<p><a href=\"https:\/\/info.mediapart.fr\/optiext\/optiextension.dll?ID=JbaJbDFjNxvEpDyTN3GAz3sE0D6i9E1TO21_LDrbARAZXwNZQJe36FLt5oIrYL5fCSXS7YgOb3h_6f9A_3xMqti6Th8RJ\">Guy Marius Sagna : \u00ab Un S\u00e9n\u00e9gal souverain ne se fera que dans une Afrique unie \u00bb<\/a> &#8211; <a href=\"https:\/\/info.mediapart.fr\/optiext\/optiextension.dll?ID=JbaJaf59DmYO3p4U0yHP685sfbJ3iNVOch7G_8kXe2NqSTVZQvCpPpLxw0uwbu5dLYFk8hgRYLS2dwXkRfca4GDL4yGln\">Florian Bobin<\/a><\/p>\n\n\n\n<p><a href=\"https:\/\/blogs.mediapart.fr\/jean-marc-b\/blog\/070521\/tchad-macron-du-sang-sur-les-mains\">Tchad: \u00ab\u00a0Macron a du sang sur les mains\u00a0\u00bb <\/a>(vid\u00e9o Le M\u00e9dia)<\/p>\n\n\n\n<figure class=\"wp-block-embed is-type-video is-provider-youtube wp-block-embed-youtube wp-embed-aspect-16-9 wp-has-aspect-ratio\"><div class=\"wp-block-embed__wrapper\">\n<iframe loading=\"lazy\" title=\"TCHAD : &quot;MACRON A DU SANG SUR LES MAINS&quot;\" width=\"1200\" height=\"675\" src=\"https:\/\/www.youtube.com\/embed\/H6vd12SFy0I?feature=oembed\" frameborder=\"0\" allow=\"accelerometer; autoplay; clipboard-write; encrypted-media; gyroscope; picture-in-picture\" allowfullscreen><\/iframe>\n<\/div><\/figure>\n\n\n\n<p><span class=\"has-inline-color has-vivid-red-color\"><strong>7 mai<\/strong> <strong>en continu<\/strong><\/span><\/p>\n\n\n\n<p><a href=\"https:\/\/www.boursorama.com\/videos\/actualites\/jean-pierre-bemba-president-du-mlc-l-armee-doit-ramener-la-paix-dans-l-est-de-la-rdc-aca965efc42d1e8769a3db1a28cb235f\">Jean-Pierre Bemba, pr\u00e9sident du MLC : \u00ab\u00a0L&rsquo;arm\u00e9e doit ramener la paix dans l&rsquo;Est de la RDC\u00a0\u00bb<\/a> &nbsp;(France 24)<\/p>\n\n\n\n<p><a href=\"https:\/\/www.boursorama.com\/videos\/actualites\/burkina-faso-coupures-de-courants-frequentes-et-souvent-pas-resolues-ccb30d120279f7a4b8cbf20b0f826e93\">Burkina Faso : coupures de courants fr\u00e9quentes et souvent pas r\u00e9solues<\/a> &nbsp;(France 24)<\/p>\n\n\n\n<p><a href=\"https:\/\/survie.org\/themes\/genocide-des-tutsis-au-rwanda\/article\/le-parquet-de-paris-refuse-de-rendre-justice-aux-tutsis-de-bisesero\">Le parquet de Paris refuse de rendre justice aux Tutsis de Bisesero&nbsp; <\/a>(Survie)<\/p>\n\n\n\n<figure class=\"wp-block-image size-large is-resized\"><img data-recalc-dims=\"1\" loading=\"lazy\" decoding=\"async\" src=\"https:\/\/i0.wp.com\/www.rdpemancipation.org\/wp-content\/uploads\/2021\/05\/image-60.png?resize=421%2C238&#038;ssl=1\" alt=\"\" class=\"wp-image-29161\" width=\"421\" height=\"238\" srcset=\"https:\/\/i0.wp.com\/www.rdpemancipation.org\/wp-content\/uploads\/2021\/05\/image-60.png?w=368&amp;ssl=1 368w, https:\/\/i0.wp.com\/www.rdpemancipation.org\/wp-content\/uploads\/2021\/05\/image-60.png?resize=300%2C169&amp;ssl=1 300w\" sizes=\"auto, (max-width: 421px) 100vw, 421px\" \/><\/figure>\n\n\n\n<p><a href=\"https:\/\/survie.org\/themes\/economie\/biens-publics-a-l-echelle-mondiale\/articleUn%20nouvel%20or%20noir&nbsp;:%20le%20pillage%20des%20objets%20d\u2019art%20en%20Afrique\">Un nouvel or noir&nbsp;: le pillage des objets d\u2019art en Afrique<\/a> &nbsp;(Survie)<\/p>\n\n\n\n<p><a href=\"https:\/\/survie.org\/themes\/genocide-des-tutsis-au-rwanda\/nos-actions-en-justice\/article\/role-de-la-france-au-rwanda-l-enquete-sur-le-role-de-bob-denard-et-des-reseaux\">R\u00f4le de la France au Rwanda&nbsp;: l\u2019enqu\u00eate sur le r\u00f4le de Bob Denard et des r\u00e9seaux Pasqua refus\u00e9e par la juge, Survie fait appel <\/a>&nbsp;(Survie)<\/p>\n\n\n\n<p><a href=\"http:\/\/www.walf-groupe.com\/barthelemy-dias-problemes-senegal-lies-aux-calculs-dealers-de-lopposition\/\">S\u00e9n\u00e9gal&nbsp;: \u00ab&nbsp;tous les probl\u00e8mes du S\u00e9n\u00e9gal sont li\u00e9s aux calculs des dealers de l&rsquo;opposition&nbsp;\u00bb<\/a> (WalfNet)<\/p>\n\n\n\n<p><a href=\"https:\/\/www.seneweb.com\/news\/Societe\/le-senegal-extrade-un-jihadiste-vers-l-r_n_346557.html\">Le S\u00e9n\u00e9gal extrade un jihadiste vers l\u2019Allemagne<\/a> (Seneweb)<\/p>\n\n\n\n<p><a href=\"https:\/\/mali24.info\/politique-les-10-mesures-du-m5-rfp-pour-une-refondation-du-mali\/\">Mali : Les 10 mesures du M5 RFP pour une refondation du Mali<\/a> (Mali24info)<\/p>\n\n\n\n<figure class=\"wp-block-image size-large\"><img data-recalc-dims=\"1\" loading=\"lazy\" decoding=\"async\" width=\"369\" height=\"246\" src=\"https:\/\/i0.wp.com\/www.rdpemancipation.org\/wp-content\/uploads\/2021\/05\/image-58.png?resize=369%2C246&#038;ssl=1\" alt=\"\" class=\"wp-image-29141\" srcset=\"https:\/\/i0.wp.com\/www.rdpemancipation.org\/wp-content\/uploads\/2021\/05\/image-58.png?w=369&amp;ssl=1 369w, https:\/\/i0.wp.com\/www.rdpemancipation.org\/wp-content\/uploads\/2021\/05\/image-58.png?resize=300%2C200&amp;ssl=1 300w\" sizes=\"auto, (max-width: 369px) 100vw, 369px\" \/><figcaption><sup>Allocution du pr\u00e9sident du M5 RFP<\/sup><\/figcaption><\/figure>\n\n\n\n<p><a href=\"http:\/\/niarela.net\/politique\/mali-le-president-de-la-transition-bah-ndaw-recoit-les-responsables-du-m5\">Mali : le pr\u00e9sident de la transition Bah N\u2019Daw re\u00e7oit les responsables du M5<\/a> (Niarela)<\/p>\n\n\n\n<p><a href=\"https:\/\/www.voaafrique.com\/a\/les-citoyens-s-inqui%C3%A8tent-de-la-recrudescence-des-attaques-arm%C3%A9es-au-faso\/5879027.html\">Burkina Faso&nbsp;: Les citoyens s\u2019inqui\u00e8tent de la recrudescence des attaques arm\u00e9es<\/a> (Voaafrique)<\/p>\n\n\n\n<p><a href=\"https:\/\/lavoixdelanation.info\/togo-des-journalistes-a-lecole-du-controle-citoyen-des-marches-publics\/\">Togo : Des journalistes \u00e0 l\u2019\u00e9cole du contr\u00f4le citoyen des march\u00e9s publics<\/a> (La Voix de la nation)<\/p>\n\n\n\n<p><a href=\"https:\/\/lanouvelletribune.info\/2021\/05\/reelection-de-talon-une-bonne-nouvelle-pour-lafrique-selon-le-chef-de-la-diplomatie-marocaine\/\">B\u00e9nin&nbsp;: R\u00e9\u00e9lection de Talon : bonne nouvelle pour l\u2019Afrique selon la diplomatie marocaine<\/a> (La Nouvelle Tribune)<\/p>\n\n\n\n<p><a href=\"http:\/\/gabonenervant.blogspot.com\/2021\/05\/a-people-cannot-be-properly-govern.html\">Gabon&nbsp;: On ne peut pas gouverner convenablement un peuple en le pi\u00e9tinant !<\/a> (La Gabon \u00e9nervant)<\/p>\n\n\n\n<p><a href=\"https:\/\/www.ivoireco.com\/cote-divoire-nous-sommes-venus-dans-lesprit-de-paix-katinan\/\">C\u00f4te d&rsquo;Ivoire : \u00ab nous sommes venus dans l&rsquo;esprit de paix \u00bb<\/a> (Ivoireco)<\/p>\n\n\n\n<p><a href=\"https:\/\/www.digitalbusiness.africa\/cameroun-la-fondation-francis-ngannou-et-la-fondation-mtn-au-chevet-des-couches-sociales-defavorisees-de-batie\/\">Cameroun : Les Fondations Francis Ngannou et MTN au chevet des couches sociales d\u00e9favoris\u00e9es de Bati\u00e9<\/a> (Digital Business Africa)<\/p>\n\n\n\n<p><a href=\"https:\/\/tchadinfos.com\/securite\/tchad-4-generaux-rappeles-de-leur-retraite\/\">Tchad : 5 g\u00e9n\u00e9raux rappel\u00e9s de leur retraite<\/a> (Tchadinfos)<\/p>\n\n\n\n<figure class=\"wp-block-image size-large is-resized\"><img data-recalc-dims=\"1\" loading=\"lazy\" decoding=\"async\" src=\"https:\/\/i0.wp.com\/www.rdpemancipation.org\/wp-content\/uploads\/2021\/05\/image-59.png?resize=418%2C236&#038;ssl=1\" alt=\"\" class=\"wp-image-29144\" width=\"418\" height=\"236\" srcset=\"https:\/\/i0.wp.com\/www.rdpemancipation.org\/wp-content\/uploads\/2021\/05\/image-59.png?w=331&amp;ssl=1 331w, https:\/\/i0.wp.com\/www.rdpemancipation.org\/wp-content\/uploads\/2021\/05\/image-59.png?resize=300%2C169&amp;ssl=1 300w\" sizes=\"auto, (max-width: 418px) 100vw, 418px\" \/><figcaption><sup>G\u00e9n\u00e9raux tchadiens<\/sup><\/figcaption><\/figure>\n\n\n\n<p><a href=\"https:\/\/www.letchadanthropus-tribune.com\/tchad-armee-dite-nationale-le-porte-parole-de-larmee-affirme-que-les-operations-contre-les-rebelles-du-fact-continuent\/\">Tchad&nbsp;: Porte-parole de l\u2019arm\u00e9e&nbsp;:&nbsp;\u00ab&nbsp;les op\u00e9rations contre les rebelles du Fact continuent.&nbsp;\u00bb<\/a> (Le Tchadanthropus)<\/p>\n\n\n\n<p><a href=\"http:\/\/www.latempete.info\/?p=46036\">RDC&nbsp;: Tanganyika : le gouverneur Zo\u00e9 Kabila destitu\u00e9<\/a> (La Temp\u00eate des Tropiques)<\/p>\n\n\n\n<p><span class=\"has-inline-color has-vivid-red-color\"><strong>6 mai<\/strong> <strong>en continu<\/strong><\/span><\/p>\n\n\n\n<p><a href=\"https:\/\/www.facebook.com\/sputnik.france\/videos\/191148176159855\" target=\"_blank\" rel=\"noreferrer noopener\">Mort de Idriss D\u00e9by au Tchad : \u00abOn se fout de la d\u00e9mocratie, on se fout de la mort\u00bb<\/a>&nbsp;\u2013 vid\u00e9o Lo\u00efk Le Floch-Prigent (Sputnik)<\/p>\n\n\n\n<figure class=\"wp-block-image size-large is-resized\"><img data-recalc-dims=\"1\" loading=\"lazy\" decoding=\"async\" src=\"https:\/\/i0.wp.com\/www.rdpemancipation.org\/wp-content\/uploads\/2021\/05\/Capture-le-floch.png?resize=430%2C202&#038;ssl=1\" alt=\"\" class=\"wp-image-29063\" width=\"430\" height=\"202\" srcset=\"https:\/\/i0.wp.com\/www.rdpemancipation.org\/wp-content\/uploads\/2021\/05\/Capture-le-floch.png?w=633&amp;ssl=1 633w, https:\/\/i0.wp.com\/www.rdpemancipation.org\/wp-content\/uploads\/2021\/05\/Capture-le-floch.png?resize=300%2C141&amp;ssl=1 300w\" sizes=\"auto, (max-width: 430px) 100vw, 430px\" \/><\/figure>\n\n\n\n<p><a href=\"https:\/\/www.hrw.org\/fr\/news\/2021\/05\/05\/niger-le-nouveau-gouvernement-devrait-enqueter-sur-les-massacres\">Niger : Le nouveau gouvernement devrait enqu\u00eater sur les massacres<\/a> (HRW)<\/p>\n\n\n\n<p><a href=\"https:\/\/fr.africanews.com\/2021\/05\/06\/ouganda-la-cpi-condamne-le-chef-rebelle-dominic-ongwen-a-25-ans-de-prison\/\">Ouganda : la CPI condamne le chef rebelle Dominic Ongwen \u00e0 25 ans de prison<\/a> (Africanews)<\/p>\n\n\n\n<p><a href=\"https:\/\/fr.africanews.com\/2021\/05\/06\/le-kenya-en-difficulte-face-a-l-expansion-du-marche-de-l-heroine\/\">Le Kenya en difficult\u00e9 face \u00e0 l&rsquo;expansion du march\u00e9 de l&rsquo;h\u00e9ro\u00efne<\/a> (Africanews)<\/p>\n\n\n\n<figure class=\"wp-block-image size-large is-resized\"><img data-recalc-dims=\"1\" loading=\"lazy\" decoding=\"async\" src=\"https:\/\/i0.wp.com\/www.rdpemancipation.org\/wp-content\/uploads\/2021\/05\/image-49.png?resize=439%2C247&#038;ssl=1\" alt=\"\" class=\"wp-image-29047\" width=\"439\" height=\"247\" srcset=\"https:\/\/i0.wp.com\/www.rdpemancipation.org\/wp-content\/uploads\/2021\/05\/image-49.png?w=407&amp;ssl=1 407w, https:\/\/i0.wp.com\/www.rdpemancipation.org\/wp-content\/uploads\/2021\/05\/image-49.png?resize=300%2C169&amp;ssl=1 300w\" sizes=\"auto, (max-width: 439px) 100vw, 439px\" \/><figcaption><sup>Une k\u00e9nyane de 22 ans pr\u00e9parant une dose d&rsquo;h\u00e9ro\u00efne dans un bidonville de Nairobi.&nbsp;<br>Copyright \u00a9 africanews . YASUYOSHI CHIBA\/AFP or licensors<\/sup><\/figcaption><\/figure>\n\n\n\n<p><a href=\"https:\/\/fr.africanews.com\/2021\/05\/06\/malawi-2000-refugies-contraints-de-retourner-vivre-dans-un-camp-surpeuple\/\">Malawi : 2000 r\u00e9fugi\u00e9s contraints de retourner vivre dans un camp surpeupl\u00e9<\/a> (Africanews)<\/p>\n\n\n\n<p><a href=\"https:\/\/fr.africanews.com\/2021\/05\/06\/le-secretaire-general-de-l-anc-suspendu\/\">RSA, le secr\u00e9taire g\u00e9n\u00e9ral de l&rsquo;ANC suspendu<\/a> (Africanews)<\/p>\n\n\n\n<p><a href=\"https:\/\/www.dakaractu.com\/Flambee-des-prix-de-la-viande-et-du-poulet-Une-rude-epreuve-budgetaire-pour-les-menages-a-l-approche-de-la-Korite_a203045.html\">S\u00e9n\u00e9gal&nbsp;: Flamb\u00e9e des prix de la viande et du poulet : Une rude \u00e9preuve pour les m\u00e9nages<\/a> (Dakaractu)<\/p>\n\n\n\n<p><a href=\"http:\/\/www.walf-groupe.com\/depenses-militaires-lafrique-a-consacre-892-milliards-de-dollars-a-larmement-voici-champions\/\">D\u00e9penses militaires : l\u2019Afrique a consacr\u00e9 892 milliards de dollars \u00e0 l\u2019armement<\/a> (WalfNet)<\/p>\n\n\n\n<p><a href=\"http:\/\/www.walf-groupe.com\/emplois-jeunes-macky-sall-prone-fast-track\/\">S\u00e9n\u00e9gal&nbsp;: Emplois des jeunes : Macky SALL pr\u00f4ne (encore) le fast-track<\/a> (WalfNet)<\/p>\n\n\n\n<p><a href=\"https:\/\/www.seneplus.com\/international\/le-clan-deby-sens-dessus-dessous\">Tchad&nbsp;: Le clan Deby sens dessus dessous<\/a> (Seneplus)<\/p>\n\n\n\n<figure class=\"wp-block-image size-large is-resized\"><img data-recalc-dims=\"1\" loading=\"lazy\" decoding=\"async\" src=\"https:\/\/i0.wp.com\/www.rdpemancipation.org\/wp-content\/uploads\/2021\/05\/image-47.png?resize=411%2C274&#038;ssl=1\" alt=\"\" class=\"wp-image-29036\" width=\"411\" height=\"274\" srcset=\"https:\/\/i0.wp.com\/www.rdpemancipation.org\/wp-content\/uploads\/2021\/05\/image-47.png?w=370&amp;ssl=1 370w, https:\/\/i0.wp.com\/www.rdpemancipation.org\/wp-content\/uploads\/2021\/05\/image-47.png?resize=300%2C200&amp;ssl=1 300w\" sizes=\"auto, (max-width: 411px) 100vw, 411px\" \/><\/figure>\n\n\n\n<p><a href=\"https:\/\/bamada.net\/amrtp-615-millions-evapores-sous-les-regards-complices-du-directeur-de-cabinet-de-la-presidence\">Mali&nbsp;: 615 millions \u00e9vapor\u00e9s sous les regards complices du Directeur de Cabinet de la Pr\u00e9sidence ?<\/a> (Bamada)<\/p>\n\n\n\n<p><a href=\"http:\/\/niarela.net\/politique\/mali-ce-conseil-national-de-transition-est-un-desastre\">Mali : Ce Conseil National de Transition est un d\u00e9sastre!<\/a> (Niarela)<\/p>\n\n\n\n<p><a href=\"https:\/\/mondafrique.com\/olivier-dubois-nouvel-otage-au-mali-un-coup-dur-pour-lelysee\/\">Le journaliste Olivier Dubois otage au Mali : un coup dur pour L\u2019Elys\u00e9e<\/a> &nbsp;(Mondafrique)<\/p>\n\n\n\n<p><a href=\"https:\/\/www.africaradio.com\/news\/un-ministre-du-burkina-doit-rencontrer-l-ex-president-compaore-a-abidjan-186437\">Burkina Faso&nbsp;: Un ministre du Burkina doit rencontrer l&rsquo;ex-pr\u00e9sident Compaor\u00e9 \u00e0 Abidjan<\/a> (Africa Radio)<\/p>\n\n\n\n<p><a href=\"http:\/\/lefaso.net\/spip.php?article104492\">Burkina Faso : \u00ab On se demande si on a un \u00c9tat. S\u2019il y en a un, c\u2019est qu\u2019il y a plusieurs \u00c9tats \u00bb<\/a> (Le Faso)<\/p>\n\n\n\n<p><a href=\"https:\/\/www.fraternitebj.info\/societe\/article\/entretien-avec-salimane-issifou-directeur-national-de-sos-village-d-enfants\">B\u00e9nin&nbsp;: Entretien avec Salimane Issifou, Directeur national de Sos Villages<\/a> (Fraternit\u00e9)<\/p>\n\n\n\n<p><a href=\"https:\/\/www.guinee360.com\/06\/05\/2021\/interdiction-des-prieres-nocturnes-des-manifestations-signalees-cette-nuit-a-kerouane\/\">Guin\u00e9e&nbsp;: Interdiction des pri\u00e8res nocturnes : Des manifestations signal\u00e9es \u00e0 Kerouan\u00e9<\/a> (Guin\u00e9e360)<\/p>\n\n\n\n<p><a href=\"https:\/\/www.ladepechedabidjan.info\/Le-Pauvre-Christ-de-Bomba--de-Mongo-Beti_a27946.html\">\u00abLe Pauvre Christ de Bomba\u00bb, de Mongo Beti<\/a> (La D\u00e9p\u00eache d\u2019Abidjan)<\/p>\n\n\n\n<p><a href=\"http:\/\/www.lavoixdesdecideurs.biz\/2021\/04\/29\/renforcement-du-systeme-ouest-africain-de-stockage-de-securite-alimentaire\/\">Renforcement du syst\u00e8me ouest-africain de stockage de s\u00e9curit\u00e9 alimentaire<\/a> (La Voix des D\u00e9cideurs)<\/p>\n\n\n\n<p><a href=\"https:\/\/actucameroun.com\/2021\/05\/06\/liberation-de-29-etudiants-enleves-en-mars-dans-letat-de-kaduna\/\">Nigeria&nbsp;: Lib\u00e9ration de 29 \u00e9tudiants enlev\u00e9s en mars dans l&rsquo;Etat de Kaduna<\/a> (Actucameroun)<\/p>\n\n\n\n<figure class=\"wp-block-image size-large is-resized\"><img data-recalc-dims=\"1\" loading=\"lazy\" decoding=\"async\" src=\"https:\/\/i0.wp.com\/www.rdpemancipation.org\/wp-content\/uploads\/2021\/05\/Capture-nigeria-etudiants.png?resize=520%2C233&#038;ssl=1\" alt=\"\" class=\"wp-image-29043\" width=\"520\" height=\"233\" srcset=\"https:\/\/i0.wp.com\/www.rdpemancipation.org\/wp-content\/uploads\/2021\/05\/Capture-nigeria-etudiants.png?w=725&amp;ssl=1 725w, https:\/\/i0.wp.com\/www.rdpemancipation.org\/wp-content\/uploads\/2021\/05\/Capture-nigeria-etudiants.png?resize=300%2C134&amp;ssl=1 300w\" sizes=\"auto, (max-width: 520px) 100vw, 520px\" \/><\/figure>\n\n\n\n<p><a href=\"https:\/\/www.alwihdainfo.com\/Les-puissances-du-G7-appellent-le-Tchad-a-respecter-les-droits-de-l-Homme_a103470.html\">Tchad&nbsp;: Les puissances du G7 appellent le Tchad \u00e0 respecter les droits de l&rsquo;Homme<\/a> (Alwihdainfo)<\/p>\n\n\n\n<p><a href=\"https:\/\/www.alwihdainfo.com\/Angola-demarrage-de-la-production-du-projet-petrolier-Zinia-Phase-2_a103488.html\">Angola : d\u00e9marrage de la production du projet p\u00e9trolier Zinia Phase 2<\/a> (Alwihdainfo)<\/p>\n\n\n\n<p><a href=\"https:\/\/www.journaldebrazza.com\/bedie-engage-le-pdci-dans-les-preparatifs-pour-le-retour-de-gbagbo\/\">C\u00f4te d\u2019Ivoire&nbsp;: B\u00e9di\u00e9 engage le Pdci dans les pr\u00e9paratifs pour le retour de Gbagbo<\/a> (Journal de Brazza)<\/p>\n\n\n\n<p><a href=\"http:\/\/www.dac-presse.com\/la-mort-de-guy-brice-parfait-kolelas-le-coeur-a-ses-raisons-que-la-raison-ne-connait-pas\/\">Congo&nbsp;: La mort de Guy Brice Parfait Kolelas : \u00ab Le c\u0153ur a ses raisons que la raison ne connait pas \u00bb<\/a> (Dac Presse)<\/p>\n\n\n\n<p><a href=\"http:\/\/news.abangui.com\/h\/75217.html\">Centrafrique : que sait-on de la commission d\u2019enqu\u00eate sur les exactions russes ?<\/a> (aBangui)<\/p>\n\n\n\n<p><a href=\"https:\/\/www.middleeasteye.net\/fr\/entretiens\/france-tirailleurs-senegalais-empire-colonial-guerres-mondiales-hathroubi-roman-histoire\">Nadia Hathroubi-Safsaf&nbsp;: \u00ab Il faut que l\u2019histoire des tirailleurs s\u00e9n\u00e9galais soit connue du plus grand nombre \u00bb<\/a> (MEE)<\/p>\n\n\n\n<figure class=\"wp-block-image size-large is-resized\"><img data-recalc-dims=\"1\" loading=\"lazy\" decoding=\"async\" src=\"https:\/\/i0.wp.com\/www.rdpemancipation.org\/wp-content\/uploads\/2021\/05\/image-48.png?resize=356%2C237&#038;ssl=1\" alt=\"\" class=\"wp-image-29038\" width=\"356\" height=\"237\" srcset=\"https:\/\/i0.wp.com\/www.rdpemancipation.org\/wp-content\/uploads\/2021\/05\/image-48.png?w=407&amp;ssl=1 407w, https:\/\/i0.wp.com\/www.rdpemancipation.org\/wp-content\/uploads\/2021\/05\/image-48.png?resize=300%2C200&amp;ssl=1 300w\" sizes=\"auto, (max-width: 356px) 100vw, 356px\" \/><figcaption><sup> Nadia Hathroubi-Safsaf<\/sup><\/figcaption><\/figure>\n\n\n\n<p><a href=\"https:\/\/www.fidh.org\/fr\/themes\/defenseurs-des-droits-humains\/tchad-harcelement-a-l-encontre-de-la-ligue-tchadienne-des-droits-de-l-26844\">Tchad : Harc\u00e8lement \u00e0 l&rsquo;encontre de la Ligue Tchadienne des Droits de l&rsquo;Homme<\/a> (FIDH)&nbsp;<\/p>\n\n\n\n<p><span class=\"has-inline-color has-vivid-red-color\"><strong>5 mai<\/strong> <strong>en continu<\/strong><\/span><\/p>\n\n\n\n<p><a href=\"https:\/\/www.boursorama.com\/videos\/actualites\/covid-19-au-senegal-peu-de-candidats-a-la-vaccination-dans-le-pays-8cbf46028d2ca67fed9da75894560249\">Covid-19 au S\u00e9n\u00e9gal : peu de candidats \u00e0 la vaccination dans le pays<\/a> &nbsp;(France 24)<\/p>\n\n\n\n<p><a href=\"https:\/\/www.boursorama.com\/actualite-economique\/actualites\/ci-git-l-enfant-mtoto-la-plus-ancienne-sepulture-d-afrique-devoile-ses-secrets-7e25017683960eb7f52a08ae637fe110\">Ci-g\u00eet l&rsquo;enfant Mtoto: la plus ancienne s\u00e9pulture d&rsquo;Afrique d\u00e9voile ses secrets<\/a> &nbsp;(AFP)<\/p>\n\n\n\n<figure class=\"wp-block-image size-large is-resized\"><img data-recalc-dims=\"1\" loading=\"lazy\" decoding=\"async\" src=\"https:\/\/i0.wp.com\/www.rdpemancipation.org\/wp-content\/uploads\/2021\/05\/image-45.png?resize=394%2C237&#038;ssl=1\" alt=\"\" class=\"wp-image-28911\" width=\"394\" height=\"237\" srcset=\"https:\/\/i0.wp.com\/www.rdpemancipation.org\/wp-content\/uploads\/2021\/05\/image-45.png?w=363&amp;ssl=1 363w, https:\/\/i0.wp.com\/www.rdpemancipation.org\/wp-content\/uploads\/2021\/05\/image-45.png?resize=300%2C180&amp;ssl=1 300w\" sizes=\"auto, (max-width: 394px) 100vw, 394px\" \/><figcaption><sup>Reconstitution virtuelle du squelette de Mtoto, enterr\u00e9 en position foetale<\/sup><br><sup> il y a 78.000 ans en Afrique de l&rsquo;Est (AFP \/ Jorge Gonz\u00e1lez\/Elena Santos )<\/sup><\/figcaption><\/figure>\n\n\n\n<p><a href=\"https:\/\/www.boursorama.com\/videos\/actualites\/enlevement-d-olivier-dubois-au-mali-dans-quelles-conditions-le-journaliste-francais-a-t-il-ete-kidnappe-a-gao-a799e9bf044d503803c430cfd0b41299\">Enl\u00e8vement d&rsquo;Olivier Dubois au Mali : dans quelles conditions le journaliste fran\u00e7ais a-t-il \u00e9t\u00e9 kidnapp\u00e9 ?<\/a> &nbsp;(France 24)<\/p>\n\n\n\n<p><a href=\"https:\/\/www.boursorama.com\/videos\/actualites\/six-mois-apres-le-debut-du-conflit-du-tigre-des-milliers-d-enfants-affectes-81899e958f680e8ba718beda682f641e\">Six mois apr\u00e8s le d\u00e9but du conflit du Tigr\u00e9, des milliers d&rsquo;enfants affect\u00e9s<\/a> &nbsp;(AFP Video)<\/p>\n\n\n\n<p><a href=\"https:\/\/www.boursorama.com\/videos\/actualites\/tensions-au-tchad-portrait-de-l-activiste-makaila-nguebla-recu-a-l-elysee-b8c72ec96a2efc3049ca43956a417989\">Tensions au Tchad : portrait de l&rsquo;activiste Makaila Nguebla, re\u00e7u \u00e0 l&rsquo;Elys\u00e9e<\/a> &nbsp;(France 24)<\/p>\n\n\n\n<p><a href=\"https:\/\/www.boursorama.com\/actualite-economique\/actualites\/minee-par-les-crises-l-ethiopie-prepare-des-elections-imparfaites-2b19afa557516d7d674d04cc2c3b87a0\">Min\u00e9e par les crises, l&rsquo;Ethiopie pr\u00e9pare des \u00e9lections \u00ab\u00a0imparfaites\u00a0\u00bb<\/a> &nbsp;(AFP)<\/p>\n\n\n\n<figure class=\"wp-block-image size-large\"><img data-recalc-dims=\"1\" loading=\"lazy\" decoding=\"async\" width=\"358\" height=\"239\" src=\"https:\/\/i0.wp.com\/www.rdpemancipation.org\/wp-content\/uploads\/2021\/05\/image-46.png?resize=358%2C239&#038;ssl=1\" alt=\"\" class=\"wp-image-28914\" srcset=\"https:\/\/i0.wp.com\/www.rdpemancipation.org\/wp-content\/uploads\/2021\/05\/image-46.png?w=358&amp;ssl=1 358w, https:\/\/i0.wp.com\/www.rdpemancipation.org\/wp-content\/uploads\/2021\/05\/image-46.png?resize=300%2C200&amp;ssl=1 300w\" sizes=\"auto, (max-width: 358px) 100vw, 358px\" \/><figcaption><sup>Une affiche \u00e9lectorale du Premier ministre Abiy Ahmed \u00e0 Addis Abeba  <\/sup><br><sup>( AFP \/ EDUARDO SOTERAS )<\/sup><\/figcaption><\/figure>\n\n\n\n<p><a href=\"https:\/\/www.boursorama.com\/actualite-economique\/actualites\/mozambique-l-exode-continue-dans-le-nord-securite-precaire-ee05704bfb46c1b0b522ace4ab5e897f\">Mozambique : l&rsquo;exode continue dans le nord, s\u00e9curit\u00e9 pr\u00e9caire<\/a> &nbsp;(AFP)<\/p>\n\n\n\n<p><a href=\"https:\/\/www.dakaractu.com\/Gambie-A-quelques-mois-de-la-presidentielle-Jammeh-met-la-pression-sur-Barrow_a203027.html\">Gambie : \u00c0 quelques mois de la pr\u00e9sidentielle, Jammeh met la pression sur Barrow<\/a> (Dakaractu)<\/p>\n\n\n\n<p><a href=\"http:\/\/www.walf-groupe.com\/senegal-1ere-nation-africaine-classement-fifa-stade-homologue-matar-ba-vendeur-de-reves\/\">Le S\u00e9n\u00e9gal, 1ere nation africaine au classement FIFA, sans stade homologu\u00e9<\/a> (WalfNet)<\/p>\n\n\n\n<p><a href=\"https:\/\/www.seneplus.com\/opinions\/le-spectre-du-troisieme-mandat-ou-les-incertitudes-du-futur\">S\u00e9n\u00e9gal&nbsp;: <u>Le spectre du troisi\u00e8me mandat ou les incertitudes du futur<\/u> (Seneplus)<\/a><\/p>\n\n\n\n<p><a href=\"https:\/\/www.ndarinfo.com\/Contre-performances-rizicoles-le-Delta-accuse-l-Etat_a31291.html\">S\u00e9n\u00e9gal&nbsp;: Contre-performances rizicoles : le Delta accuse l\u2019\u00c9tat<\/a> (Ndarinfo)<\/p>\n\n\n\n<p><a href=\"https:\/\/www.financialafrik.com\/2021\/05\/04\/guinee-linflation-ne-flechit-pas\/\">Guin\u00e9e : l&rsquo;inflation ne fl\u00e9chit pas<\/a> (Financial Afrik)<\/p>\n\n\n\n<p><a href=\"https:\/\/www.sidwaya.info\/blog\/2021\/05\/04\/acces-aux-credits-une-loi-au-profit-des-populations-vulnerables\/\">Burkina Faso&nbsp;: Acc\u00e8s aux cr\u00e9dits : Une loi au profit des populations vuln\u00e9rables<\/a> (Sidwaya)<\/p>\n\n\n\n<p><a href=\"https:\/\/www.27avril.com\/blog\/opinion\/tikpi-atchadam-seul-au-milieu-du-desert-de-lopposition-togolaise\">Togo&nbsp;: Tikpi Atchadam; Seul au milieu du D\u00e9sert de l&rsquo;opposition Togolaise?<\/a> (27avril)<\/p>\n\n\n\n<figure class=\"wp-block-image size-large\"><img data-recalc-dims=\"1\" loading=\"lazy\" decoding=\"async\" width=\"390\" height=\"260\" src=\"https:\/\/i0.wp.com\/www.rdpemancipation.org\/wp-content\/uploads\/2021\/05\/image-44.png?resize=390%2C260&#038;ssl=1\" alt=\"\" class=\"wp-image-28894\" srcset=\"https:\/\/i0.wp.com\/www.rdpemancipation.org\/wp-content\/uploads\/2021\/05\/image-44.png?w=390&amp;ssl=1 390w, https:\/\/i0.wp.com\/www.rdpemancipation.org\/wp-content\/uploads\/2021\/05\/image-44.png?resize=300%2C200&amp;ssl=1 300w\" sizes=\"auto, (max-width: 390px) 100vw, 390px\" \/><figcaption><sup>Tikpi Salifou Atchadam | Photo : DR<\/sup><\/figcaption><\/figure>\n\n\n\n<p><a href=\"https:\/\/www.ladepechedabidjan.info\/Cote-d-Ivoire-Tete-en-pierre-de-Gohitafla-des-pieces-d-art-de-l-antiquite-ivoirienne-volees-reperees-en-France_a27942.html\">C\u00f4te d&rsquo;Ivoire&nbsp;: Des pi\u00e8ces d\u2019art de l\u2019antiquit\u00e9 ivoirienne vol\u00e9es, rep\u00e9r\u00e9es en France<\/a> (ladepechedabidjan)<\/p>\n\n\n\n<p><a href=\"https:\/\/actucameroun.com\/2021\/05\/05\/necrologie-le-sapeur-pompier-de-paul-biya-est-mort\/\">Cameroun&nbsp;: Le sapeur-pompier de Paul Biya est mort<\/a> (Actu Cameroun)<\/p>\n\n\n\n<p><a href=\"https:\/\/www.letchadanthropus-tribune.com\/tchad-union-africaine-lunion-africaine-divisee-sur-deventuelles-sanctions\/\">Tchad&nbsp;: L\u2019Union africaine divis\u00e9e sur d\u2019\u00e9ventuelles sanctions<\/a> (Le Tchadanthropus)<\/p>\n\n\n\n<p><a href=\"https:\/\/www.alwihdainfo.com\/Lutte-contre-l-extremisme-violent-au-Mali-les-femmes-leaders-s-engagent_a103393.html\">Mali&nbsp;: Lutte contre l\u2019extr\u00e9misme violent : les femmes leaders s\u2019engagent<\/a> (Alwihdainfo)<\/p>\n\n\n\n<p><a href=\"https:\/\/www.africaradio.com\/news\/une-malienne-qui-s-attendait-a-des-septuples-accouche-de-neuf-bebes-186377\">Mali&nbsp;: Une femme qui s&rsquo;attendait \u00e0 des septupl\u00e9s accouche de neuf b\u00e9b\u00e9s<\/a> (Africa Radio)<\/p>\n\n\n\n<p><a href=\"https:\/\/maliactu.net\/mali-dr-moussa-coulibaly-sociologue-g5-sahel-la-necessite-dune-stabilite-institutionnelle-simpose\/\">Mali : G5 Sahel : la n\u00e9cessit\u00e9 d\u2019une stabilit\u00e9 institutionnelle s\u2019impose<\/a> (Maliactu)<\/p>\n\n\n\n<p><a href=\"http:\/\/www.latempete.info\/?p=46005\">RDC&nbsp;: \u00c9tat de si\u00e8ge au Nord-Kivu et en Ituri : Fardc et Police affichent leur d\u00e9termination<\/a> (La Temp\u00eate des Tropiques)<\/p>\n\n\n\n<p><a href=\"https:\/\/www.journaldebrazza.com\/congo-chu-les-travailleurs-accumulent-6-mois-arrieres-de-salaires\/\">Congo-Brazza&nbsp;: CHU : les travailleurs accumulent 6 mois arri\u00e9r\u00e9s de salaires<\/a> (Journal de Brazza)<\/p>\n\n\n\n<p><a href=\"http:\/\/news.abangui.com\/h\/75213.html\">Centrafrique : Enqu\u00eate ouverte sur les \u00ab all\u00e9gations \u00bb de violation des droits de l\u2019Homme par l\u2019arm\u00e9e<\/a> (aBangui)<\/p>\n\n\n\n<figure class=\"wp-block-image size-large\"><img data-recalc-dims=\"1\" loading=\"lazy\" decoding=\"async\" width=\"392\" height=\"261\" src=\"https:\/\/i0.wp.com\/www.rdpemancipation.org\/wp-content\/uploads\/2021\/05\/image-43.png?resize=392%2C261&#038;ssl=1\" alt=\"\" class=\"wp-image-28892\" srcset=\"https:\/\/i0.wp.com\/www.rdpemancipation.org\/wp-content\/uploads\/2021\/05\/image-43.png?w=392&amp;ssl=1 392w, https:\/\/i0.wp.com\/www.rdpemancipation.org\/wp-content\/uploads\/2021\/05\/image-43.png?resize=300%2C200&amp;ssl=1 300w\" sizes=\"auto, (max-width: 392px) 100vw, 392px\" \/><figcaption><sup>Des \u00e9l\u00e9ments des forces arm\u00e9es centrafricaines<\/sup><\/figcaption><\/figure>\n\n\n\n<p><span class=\"has-inline-color has-vivid-red-color\"><strong>4 mai<\/strong> <strong>en continu<\/strong><\/span><\/p>\n\n\n\n<p><a href=\"https:\/\/www.rfi.fr\/fr\/afrique\/20210503-journ%C3%A9e-mondiale-de-la-libert%C3%A9-de-la-presse-mobilisation-pour-ghislaine-claude-et-camille\">Journ\u00e9e mondiale de la libert\u00e9 de la presse : mobilisation pour Ghislaine, Claude et Camille<\/a> (RFI)<\/p>\n\n\n\n<p><a href=\"https:\/\/www.rfi.fr\/fr\/afrique\/20210503-philosophie-l-invention-de-l-afrique-enfin-en-fran%C3%A7ais\">Philosophie : l\u2019ouvrage \u00ab L\u2019invention de l\u2019Afrique \u00bb enfin en fran\u00e7ais<\/a> (RFI)<\/p>\n\n\n\n<p><a href=\"https:\/\/www.boursorama.com\/videos\/actualites\/cameroun-xaviera-kowo-creatrice-d-un-robot-capable-de-recycler-les-dechets-046f74023a6a3f0211d5a53792ff2209\">Cameroun : Xaviera Kowo, cr\u00e9atrice d&rsquo;un robot capable de recycler les d\u00e9chets<\/a> (France 24)<\/p>\n\n\n\n<p><a href=\"https:\/\/www.boursorama.com\/videos\/actualites\/covid-a-madagascar-les-ravages-devastateurs-du-variant-sud-africain-d2d75e5d209d2d3818eb1a2a1261ad97\">Covid \u00e0 Madagascar : les ravages d\u00e9vastateurs du variant sud-africain<\/a> (France 24)<\/p>\n\n\n\n<p>&nbsp;<a href=\"https:\/\/www.boursorama.com\/videos\/actualites\/rdc-debut-de-l-etat-de-siege-dans-l-ituri-et-au-nord-kivu-615f8e7c6f4e98e6841b93474c553746\">RDC : d\u00e9but de l&rsquo;\u00e9tat de si\u00e8ge dans l&rsquo;Ituri et au Nord-Kivu<\/a> (France 24)<\/p>\n\n\n\n<figure class=\"wp-block-image size-large is-resized\"><img data-recalc-dims=\"1\" loading=\"lazy\" decoding=\"async\" src=\"https:\/\/i0.wp.com\/www.rdpemancipation.org\/wp-content\/uploads\/2021\/05\/Capture-Goma.jpg?resize=416%2C217&#038;ssl=1\" alt=\"\" class=\"wp-image-28895\" width=\"416\" height=\"217\" srcset=\"https:\/\/i0.wp.com\/www.rdpemancipation.org\/wp-content\/uploads\/2021\/05\/Capture-Goma.jpg?w=781&amp;ssl=1 781w, https:\/\/i0.wp.com\/www.rdpemancipation.org\/wp-content\/uploads\/2021\/05\/Capture-Goma.jpg?resize=300%2C156&amp;ssl=1 300w, https:\/\/i0.wp.com\/www.rdpemancipation.org\/wp-content\/uploads\/2021\/05\/Capture-Goma.jpg?resize=768%2C400&amp;ssl=1 768w\" sizes=\"auto, (max-width: 416px) 100vw, 416px\" \/><\/figure>\n\n\n\n<p><a href=\"https:\/\/mondafrique.com\/la-mission-economique-centrafricaine-a-bruxelles-soupconnee-de-blanchiment-dargent\/\">La mission \u00e9conomique centrafricaine \u00e0 Bruxelles soup\u00e7onn\u00e9e de blanchiment d\u2019argent<\/a> (Nicolas Beau)<\/p>\n\n\n\n<p><a href=\"https:\/\/mondafrique.com\/une-enquete-choc-de-rfi-sur-les-exactions-russes-en-centrafrique\/\">Une enqu\u00eate choc de RFI sur les exactions russes en Centrafrique<\/a> (Mondafrique)<\/p>\n\n\n\n<p><a href=\"https:\/\/mondafrique.com\/emmanuel-macron-cherche-sa-place-dans-le-tchad-post-deby\/\">Emmanuel Macron cherche sa place dans le Tchad post-D\u00e9by&nbsp;<\/a> (Mondafrique)<\/p>\n\n\n\n<p><a href=\"https:\/\/mondafrique.com\/une-usine-a-gaz-bureaucratique-gere-les-milliards-daide-au-sahel\/\">Une usine \u00e0 gaz bureaucratique g\u00e8re les milliards d\u2019aide au Sahel&nbsp;<\/a> (Nicolas Beau)<\/p>\n\n\n\n<p><a href=\"http:\/\/www.walf-groupe.com\/abdoulaye-wilane-cest-macky-sall-ne-se-comporte-plus-chef-detat\/\">S\u00e9n\u00e9gal&nbsp;: \u00ab Trop, c\u2019est trop! Macky SALL ne se comporte plus comme un chef d\u2019Etat, mais&#8230; \u00bb<\/a> (WalfNet)<\/p>\n\n\n\n<p><a href=\"https:\/\/www.seneplus.com\/opinions\/macky-sall-nest-pas-fonde-nous-inviter-au-respect-des-valeurs\">Macky Sall n&rsquo;est pas fond\u00e9 \u00e0 nous inviter au respect des valeurs<\/a> (Seneplus)<\/p>\n\n\n\n<p><a href=\"https:\/\/www.seneplus.com\/opinions\/francafrique-quand-tu-nous-tiens-mais-attention-le-feu-couve\">Fran\u00e7afrique quand tu nous tiens, mais attention le feu couve<\/a> (Seneplus)<\/p>\n\n\n\n<figure class=\"wp-block-image size-large is-resized\"><img data-recalc-dims=\"1\" loading=\"lazy\" decoding=\"async\" src=\"https:\/\/i0.wp.com\/www.rdpemancipation.org\/wp-content\/uploads\/2021\/05\/image-26.png?resize=440%2C248&#038;ssl=1\" alt=\"\" class=\"wp-image-28712\" width=\"440\" height=\"248\" srcset=\"https:\/\/i0.wp.com\/www.rdpemancipation.org\/wp-content\/uploads\/2021\/05\/image-26.png?w=405&amp;ssl=1 405w, https:\/\/i0.wp.com\/www.rdpemancipation.org\/wp-content\/uploads\/2021\/05\/image-26.png?resize=300%2C169&amp;ssl=1 300w\" sizes=\"auto, (max-width: 440px) 100vw, 440px\" \/><\/figure>\n\n\n\n<p><a href=\"https:\/\/mali24.info\/remaniement-ministeriel-le-premier-ministre-moctar-ouane-et-les-ministres-de-liman-dicko-sur-le-depart\/\">Mali&nbsp;: Remaniement minist\u00e9riel : Le Premier ministre, Moctar Ouane sur le d\u00e9part<\/a> (Mali24info)<\/p>\n\n\n\n<p><a href=\"https:\/\/www.financialafrik.com\/2021\/05\/03\/mali-les-reserves-auriferes-estimees-a-703-tonnes\/\">Mali : les r\u00e9serves aurif\u00e8res estim\u00e9es \u00e0 703 tonnes<\/a> (Financial Afrik)<\/p>\n\n\n\n<p><a href=\"http:\/\/www.slateafrique.com\/1048871\/une-trentaine-de-morts-lors-dune-nouvelle-attaque-dans-lest-du-burkina\">Burkina Faso&nbsp;: Une trentaine de morts lors d&rsquo;une nouvelle attaque dans l&rsquo;Est du pays<\/a> (Slate Afrique)<\/p>\n\n\n\n<p><a href=\"https:\/\/icilome.com\/2021\/05\/togo-nathaniel-olympio-djimon-ore-na-pas-sa-place-en-prison\/\">Togo&nbsp;: Nathaniel Olympio : \u00ab Djimon Or\u00e9 n\u2019a pas sa place en prison \u00bb<\/a> (IciLome)<\/p>\n\n\n\n<p><a href=\"https:\/\/lanouvelletribune.info\/2021\/05\/legislatives-au-benin-alladatin-previent-les-partis-ne-pouvant-obtenir-10-en-2023\/\">L\u00e9gislatives au B\u00e9nin : Alladatin pr\u00e9vient les partis ne pouvant obtenir 10% en 2023<\/a> (La Nouvelle Tribune)<\/p>\n\n\n\n<figure class=\"wp-block-image size-large is-resized\"><img data-recalc-dims=\"1\" loading=\"lazy\" decoding=\"async\" src=\"https:\/\/i0.wp.com\/www.rdpemancipation.org\/wp-content\/uploads\/2021\/05\/image-25.png?resize=442%2C249&#038;ssl=1\" alt=\"\" class=\"wp-image-28711\" width=\"442\" height=\"249\" srcset=\"https:\/\/i0.wp.com\/www.rdpemancipation.org\/wp-content\/uploads\/2021\/05\/image-25.png?w=417&amp;ssl=1 417w, https:\/\/i0.wp.com\/www.rdpemancipation.org\/wp-content\/uploads\/2021\/05\/image-25.png?resize=300%2C169&amp;ssl=1 300w\" sizes=\"auto, (max-width: 442px) 100vw, 442px\" \/><figcaption><sup>Elections au B\u00e9nin<\/sup><\/figcaption><\/figure>\n\n\n\n<p><a href=\"http:\/\/levenementprecis.com\/2021\/05\/03\/edito-une-crise-militaire-sannonce\/\">B\u00e9nin&nbsp;: Une crise militaire s\u2019annonce<\/a> (l\u2019 \u00c9v\u00e9nement Pr\u00e9cis)<\/p>\n\n\n\n<p><a href=\"https:\/\/www.guinee360.com\/03\/05\/2021\/cellou-dalein-diallo-la-liberte-de-la-presse-est-essentielle-pour-le-fonctionnement-dun-etat-democratique\/\">Guin\u00e9e&nbsp;: \u00ab La libert\u00e9 de la presse est essentielle pour le fonctionnement d&rsquo;un \u00c9tat d\u00e9mocratique \u00bb<\/a> (Guinee360)<\/p>\n\n\n\n<p><a href=\"https:\/\/www.lintelligentdabidjan.info\/news\/complot-et-atteinte-a-lautorite-de-letat-guillaume-soro-et-19-de-ses-compagnons-devant-le-tribunal-criminel\/?utm_source=rss&amp;utm_medium=rss&amp;utm_campaign=complot-et-atteinte-a-lautorite-de-letat-guillaume-soro-et-19-de-ses-compagnons-devant-le-tribunal-criminel\">C.I.&nbsp;: Guillaume Soro et 19 de ses compagnons devant le tribunal criminel<\/a> (L\u2019Intelligent d\u2019Abidjan)<\/p>\n\n\n\n<p><a href=\"https:\/\/www.ivoireco.com\/securite-retour-de-gbagbo-les-grands-commandements-mis-en-mission\/\">C.I. S\u00e9curit\u00e9 retour de Gbagbo : les grands commandements mis en mission<\/a> (Ivoireco)<\/p>\n\n\n\n<p><a href=\"https:\/\/www.letchadanthropus-tribune.com\/tchad-france-le-fact-denonce-toujours-le-survol-de-ses-positions-par-laviation-barkhane\/\">Tchad : Le FACT d\u00e9nonce toujours le survol de ses positions par l&rsquo;aviation Barkhane<\/a> (Le Tchadanthropus)<\/p>\n\n\n\n<figure class=\"wp-block-image size-large is-resized\"><img data-recalc-dims=\"1\" loading=\"lazy\" decoding=\"async\" src=\"https:\/\/i0.wp.com\/www.rdpemancipation.org\/wp-content\/uploads\/2021\/05\/image-24.png?resize=442%2C248&#038;ssl=1\" alt=\"\" class=\"wp-image-28709\" width=\"442\" height=\"248\" srcset=\"https:\/\/i0.wp.com\/www.rdpemancipation.org\/wp-content\/uploads\/2021\/05\/image-24.png?w=424&amp;ssl=1 424w, https:\/\/i0.wp.com\/www.rdpemancipation.org\/wp-content\/uploads\/2021\/05\/image-24.png?resize=300%2C168&amp;ssl=1 300w\" sizes=\"auto, (max-width: 442px) 100vw, 442px\" \/><\/figure>\n\n\n\n<p><a href=\"https:\/\/www.alwihdainfo.com\/Tchad-la-France-salue-la-formation-d-un-gouvernement-de-transition_a103406.html\">Tchad : la France salue la formation d\u2019un gouvernement de transition<\/a> (Alwihdainfo)<\/p>\n\n\n\n<p><a href=\"https:\/\/www.radiookapi.net\/2021\/05\/04\/actualite\/revue-de-presse\/le-potentiel-insecurite-dans-lest-la-cenco-appuie-les-efforts?utm_source=feedburner&amp;utm_medium=feed&amp;utm_campaign=Feed%3A+radiookapi%2Factu+%28Radiookapi.net+-+Actualit%C3%A9%29\">RDC : \u00ab Ins\u00e9curit\u00e9 dans l\u2019Est : la CENCO appuie les efforts de Tshisekedi \u00bb<\/a> (Radio Okapi)<\/p>\n\n\n\n<p><a href=\"https:\/\/www.africaradio.com\/news\/congo-un-journaliste-critique-du-pouvoir-condamne-a-six-mois-de-prison-186285\">Congo : un journaliste critique du pouvoir condamn\u00e9 \u00e0 six mois de prison<\/a> (Africa Radio)<\/p>\n\n\n\n<p><span class=\"has-inline-color has-vivid-red-color\"><strong>3 mai<\/strong> <strong>en continu<\/strong><\/span><\/p>\n\n\n\n<p><a href=\"http:\/\/t.newsletterext.worldbank.org\/r\/?id=h1073956e%2C5f90448%2C5f99f08&amp;s=CEq4V-Qa-USiV2IIu-fBIpo-wJkbEp84rb6zgwtxxrg\" target=\"_blank\" rel=\"noreferrer noopener\">\u00c9limination des pesticides obsol\u00e8tes au Mali<\/a> &nbsp;(Banque mondiale)<\/p>\n\n\n\n<figure class=\"wp-block-image size-large\"><img data-recalc-dims=\"1\" loading=\"lazy\" decoding=\"async\" width=\"313\" height=\"313\" src=\"https:\/\/i0.wp.com\/www.rdpemancipation.org\/wp-content\/uploads\/2021\/05\/image-22.png?resize=313%2C313&#038;ssl=1\" alt=\"\" class=\"wp-image-28623\" srcset=\"https:\/\/i0.wp.com\/www.rdpemancipation.org\/wp-content\/uploads\/2021\/05\/image-22.png?w=313&amp;ssl=1 313w, https:\/\/i0.wp.com\/www.rdpemancipation.org\/wp-content\/uploads\/2021\/05\/image-22.png?resize=300%2C300&amp;ssl=1 300w, https:\/\/i0.wp.com\/www.rdpemancipation.org\/wp-content\/uploads\/2021\/05\/image-22.png?resize=150%2C150&amp;ssl=1 150w\" sizes=\"auto, (max-width: 313px) 100vw, 313px\" \/><\/figure>\n\n\n\n<p><a href=\"https:\/\/www.boursorama.com\/videos\/actualites\/journalistes-rfi-tues-au-mali-leurs-proches-reclament-un-debat-sur-le-secret-defense-0720e333990d7a44fe7b56d6465b5bcc\">Journalistes RFI tu\u00e9s au Mali : leurs proches r\u00e9clament un d\u00e9bat sur le \u00ab\u00a0secret d\u00e9fense\u00a0\u00bb<\/a> &nbsp;(France 24)<\/p>\n\n\n\n<p><a href=\"https:\/\/www.boursorama.com\/actualite-economique\/actualites\/genocide-au-rwanda-non-lieu-requis-dans-l-enquete-sur-l-operation-turquoise-a-bisesero-72769ae7a38d79fce00f9d1d18b27053\">G\u00e9nocide au Rwanda : non-lieu requis dans l&rsquo;enqu\u00eate sur l&rsquo;op\u00e9ration Turquoise \u00e0 Bisesero<\/a> &nbsp;(AFP)<\/p>\n\n\n\n<p><a href=\"https:\/\/www.boursorama.com\/actualite-economique\/actualites\/les-ivoiriens-vent-debout-contre-les-coupures-de-courant-448e39f19b63daa840d10cc1d8ed53a8\">Les Ivoiriens vent debout contre les coupures de courant<\/a> &nbsp;(AFP)<\/p>\n\n\n\n<p><a href=\"https:\/\/www.boursorama.com\/actualite-economique\/actualites\/la-rdc-declare-la-fin-de-la-12e-epidemie-d-ebola-8abed72aea2d9d0ae08ddb2589bc1deb\">La RDC d\u00e9clare la fin de la 12e \u00e9pid\u00e9mie d&rsquo;Ebola<\/a> &nbsp;(AFP)<\/p>\n\n\n\n<p><a href=\"https:\/\/www.boursorama.com\/actualite-economique\/actualites\/il-faut-sauver-le-tchad-plaide-l-ancien-president-et-rebelle-goukouni-weddeye-28c783d2ba82c28e0aa4023603ef90f7\">\u00ab\u00a0Il faut sauver le Tchad\u00a0\u00bb, plaide l&rsquo;ancien pr\u00e9sident et rebelle Goukouni Weddeye<\/a> &nbsp;(AFP)<\/p>\n\n\n\n<p><a href=\"https:\/\/www.boursorama.com\/actualite-economique\/actualites\/tchad-l-armee-nomme-un-gouvernement-l-opposition-critique-04231f0616eefa545c97eb3abe26ef7b\">Tchad : L&rsquo;arm\u00e9e nomme un gouvernement, l&rsquo;opposition critique<\/a> &nbsp;(Reuters)<\/p>\n\n\n\n<p><a href=\"http:\/\/www.walf-groupe.com\/fatick-14-blesses-39-interpellations-affrontements-a-diohine\/\">S\u00e9n\u00e9gal&nbsp;: 14 bless\u00e9s et 39 interpellations dans des affrontements \u00e0 Diohine<\/a> (WalfNet)<\/p>\n\n\n\n<figure class=\"wp-block-image size-large is-resized\"><img data-recalc-dims=\"1\" loading=\"lazy\" decoding=\"async\" src=\"https:\/\/i0.wp.com\/www.rdpemancipation.org\/wp-content\/uploads\/2021\/05\/image-18.png?resize=478%2C243&#038;ssl=1\" alt=\"\" class=\"wp-image-28600\" width=\"478\" height=\"243\" srcset=\"https:\/\/i0.wp.com\/www.rdpemancipation.org\/wp-content\/uploads\/2021\/05\/image-18.png?w=394&amp;ssl=1 394w, https:\/\/i0.wp.com\/www.rdpemancipation.org\/wp-content\/uploads\/2021\/05\/image-18.png?resize=300%2C152&amp;ssl=1 300w\" sizes=\"auto, (max-width: 478px) 100vw, 478px\" \/><figcaption><sup>14 personnes ont \u00e9t\u00e9 bless\u00e9es et 39 autres interpell\u00e9es lors d\u2019une marche <br>pacifique pour la coh\u00e9sion sociale des jeunes de Diohine<\/sup><\/figcaption><\/figure>\n\n\n\n<p><a href=\"http:\/\/www.walf-groupe.com\/lion-egare-pleine-savane-ousmane-sonko\/\">S\u00e9n\u00e9gal&nbsp;: Un lion \u00e9gar\u00e9 en pleine savane ! (Par Ousmane SONKO)<\/a> (WalfNet)<\/p>\n\n\n\n<p><a href=\"https:\/\/www.ndarinfo.com\/Deux-mille-saisonniers-risquent-de-perdre-leurs-emplois-fin-mai-faute-de-graines_a31260.html\">S\u00e9n\u00e9gal&nbsp;: Deux mille saisonniers risquent de perdre leurs emplois faute de graines<\/a> (Ndarinfo)<\/p>\n\n\n\n<p><a href=\"https:\/\/mali24.info\/la-constitution-dibk-revient-par-la-fenetre\/\">Mali&nbsp;: La constitution d\u2019IBK revient par la fen\u00eatre<\/a> (Mali24info)<\/p>\n\n\n\n<p><a href=\"https:\/\/mali24.info\/importation-les-commercants-denoncent-la-cherte-de-limpot-et-des-tarifs-douaniers-des-marchandises\/\">Mali&nbsp;: Importation : Les commer\u00e7ants d\u00e9noncent la chert\u00e9 de l\u2019imp\u00f4t et des tarifs douaniers<\/a> (Mali24info)<\/p>\n\n\n\n<p><a href=\"https:\/\/www.27avril.com\/blog\/actualites\/politiques\/togo-viens-tasseoir-et-tiens-faure\">Togo : \u00ab Viens t\u2019asseoir et tiens &lsquo;Faure&rsquo; \u00bb<\/a> (27avril)<\/p>\n\n\n\n<figure class=\"wp-block-image size-large is-resized\"><img data-recalc-dims=\"1\" loading=\"lazy\" decoding=\"async\" src=\"https:\/\/i0.wp.com\/www.rdpemancipation.org\/wp-content\/uploads\/2021\/05\/image-17.png?resize=419%2C280&#038;ssl=1\" alt=\"\" class=\"wp-image-28598\" width=\"419\" height=\"280\" srcset=\"https:\/\/i0.wp.com\/www.rdpemancipation.org\/wp-content\/uploads\/2021\/05\/image-17.png?w=388&amp;ssl=1 388w, https:\/\/i0.wp.com\/www.rdpemancipation.org\/wp-content\/uploads\/2021\/05\/image-17.png?resize=300%2C200&amp;ssl=1 300w\" sizes=\"auto, (max-width: 419px) 100vw, 419px\" \/><figcaption><sup>Faure-vi, peinard ! | A partir de caricatures originales de Donisen Donald \/ Libert\u00e9<\/sup><\/figcaption><\/figure>\n\n\n\n<p><a href=\"https:\/\/www.24haubenin.info\/?Les-journalistes-invites-a-plus-de-professionnalisme-et-de-rigueur\">B\u00e9nin&nbsp;: Les journalistes invit\u00e9s \u00e0 plus de professionnalisme et de rigueur<\/a> (24 heures au B\u00e9nin)<\/p>\n\n\n\n<p><a href=\"https:\/\/www.guinee7.com\/journee-internationale-de-la-liberte-de-la-presse-voici-la-declaration-du-ministre-de-linformation-et-de-la-communication\/\">Guin\u00e9e&nbsp;: Journ\u00e9e internationale de la libert\u00e9 de la presse : D\u00e9claration du ministre de l\u2019Information<\/a> (Guin\u00e9e7)<\/p>\n\n\n\n<p><a href=\"https:\/\/www.visionguinee.info\/2021\/05\/02\/le-fmi-invite-le-gouvernement-guineen-a-ameliorer-la-gestion-des-finances-publiques\/\">Guin\u00e9e&nbsp;: Le FMI invite le gouvernement guin\u00e9en \u00e0 am\u00e9liorer la gestion des finances publiques<\/a> (Vision Guin\u00e9e)<\/p>\n\n\n\n<p><a href=\"https:\/\/www.financialafrik.com\/2021\/05\/01\/cameroun-camrail-va-reprendre-le-transport-voyageur\/\">Cameroun : CAMRAIL va reprendre le transport voyageur<\/a> (Financial Afrik)<\/p>\n\n\n\n<p><a href=\"https:\/\/www.financialafrik.com\/2021\/05\/01\/salaire-minimum-en-afrique-cache-misere-ou-facteur-de-competitivite\/\">Salaire minimum en Afrique : cache-mis\u00e8re ou facteur de comp\u00e9titivit\u00e9 ?<\/a> (Financial Afrik)<\/p>\n\n\n\n<figure class=\"wp-block-image size-large is-resized\"><img data-recalc-dims=\"1\" loading=\"lazy\" decoding=\"async\" src=\"https:\/\/i0.wp.com\/www.rdpemancipation.org\/wp-content\/uploads\/2021\/05\/image-19.png?resize=490%2C276&#038;ssl=1\" alt=\"\" class=\"wp-image-28603\" width=\"490\" height=\"276\" srcset=\"https:\/\/i0.wp.com\/www.rdpemancipation.org\/wp-content\/uploads\/2021\/05\/image-19.png?w=442&amp;ssl=1 442w, https:\/\/i0.wp.com\/www.rdpemancipation.org\/wp-content\/uploads\/2021\/05\/image-19.png?resize=300%2C169&amp;ssl=1 300w\" sizes=\"auto, (max-width: 490px) 100vw, 490px\" \/><figcaption><sup>Il faudrait 59 ans au salari\u00e9 \u00e9thiopien index\u00e9 au SMIC pour rattraper son homologue fran\u00e7ais<\/sup><\/figcaption><\/figure>\n\n\n\n<p><a href=\"https:\/\/www.letchadanthropus-tribune.com\/tchad-opinion-libre-le-parjure-et-lingerence-de-trop-par-eric-topona\/\">Tchad&nbsp;: Opinion Libre : Le parjure et l\u2019ing\u00e9rence de trop ! (Par \u00c9ric Topona)<\/a> (Le Tchadanthropus)<\/p>\n\n\n\n<p><a href=\"https:\/\/www.letchadanthropus-tribune.com\/tchad-france-comment-la-france-a-avalise-un-coup-detat\/\">Tchad&nbsp;: Comment la France a avalis\u00e9 un coup d\u2019Etat<\/a> (Le Tchadanthropus)<\/p>\n\n\n\n<p><a href=\"https:\/\/lesechos-congobrazza.com\/societe\/7882-congo-le-phenomene-des-enfants-de-la-rue-prend-de-plus-en-plus-de-l-ampleur-a-brazzaville\">Congo : Le ph\u00e9nom\u00e8ne des enfants de la rue prend de plus en plus de l\u2019ampleur \u00e0 Brazzaville <\/a>&nbsp;(Lesechos.congobrazza) &nbsp;<\/p>\n\n\n\n<p><a href=\"http:\/\/news.abangui.com\/h\/75186.html\">Centrafrique&nbsp;: Conflit d\u2019exploitation mini\u00e8re, les Chinois accusent les Russes<\/a> (aBangui)<\/p>\n\n\n\n<p><span class=\"has-inline-color has-vivid-red-color\"><strong>2 mai<\/strong> <strong>en continu<\/strong><\/span><\/p>\n\n\n\n<p><a href=\"https:\/\/fr.africanews.com\/2021\/05\/02\/tchad-l-armee-reprime-les-manifestants-a-sarh-et-koumra\/\">Tchad : l&rsquo;arm\u00e9e r\u00e9prime les manifestants \u00e0 Sarh et Koumra<\/a> &nbsp;(Africanews)<\/p>\n\n\n\n<figure class=\"wp-block-image size-large is-resized\"><img data-recalc-dims=\"1\" loading=\"lazy\" decoding=\"async\" src=\"https:\/\/i0.wp.com\/www.rdpemancipation.org\/wp-content\/uploads\/2021\/05\/Capture-tchad-revolte.png?resize=503%2C217&#038;ssl=1\" alt=\"\" class=\"wp-image-28501\" width=\"503\" height=\"217\" srcset=\"https:\/\/i0.wp.com\/www.rdpemancipation.org\/wp-content\/uploads\/2021\/05\/Capture-tchad-revolte.png?w=701&amp;ssl=1 701w, https:\/\/i0.wp.com\/www.rdpemancipation.org\/wp-content\/uploads\/2021\/05\/Capture-tchad-revolte.png?resize=300%2C130&amp;ssl=1 300w\" sizes=\"auto, (max-width: 503px) 100vw, 503px\" \/><\/figure>\n\n\n\n<p><a href=\"https:\/\/fr.africanews.com\/2021\/05\/02\/somalie-le-parlement-annule-l-extension-du-mandat-du-president-farmajo\/\">Somalie : le Parlement annule l&rsquo;extension du mandat du pr\u00e9sident Farmajo<\/a> &nbsp;(Africanews)<\/p>\n\n\n\n<p><a href=\"https:\/\/www.seneweb.com\/news\/Economie\/relance-de-l-rsquo-economie-le-fmi-accor_n_346069.html\">S\u00e9n\u00e9gal&nbsp;: Relance : Le Fmi accorde un financement de 350 milliards au S\u00e9n\u00e9gal<\/a> (Seneweb)<\/p>\n\n\n\n<p><a href=\"http:\/\/www.walf-groupe.com\/macky-sall-demissionner-organiser-elections-anticipees-selon-abdoulaye-tine\/\">S\u00e9n\u00e9gal&nbsp;: &nbsp;Macky SALL doit d\u00e9missionner et organiser des \u00e9lections anticip\u00e9es<\/a> (WlafNet)<\/p>\n\n\n\n<p><a href=\"https:\/\/www.seneplus.com\/politique\/avantages-indus-ou-indecents\">S\u00e9n\u00e9gal&nbsp;: Des avantages ind\u00e9cents<\/a> (Seneplus)<\/p>\n\n\n\n<p><a href=\"https:\/\/www.fasopost.com\/le-programme-alimentaire-mondial-salarme-pour-madagascar\/\">Madagascar&nbsp;: Le Programme alimentaire mondial s&rsquo;alarme pour Madagascar<\/a> (Fasopost)<\/p>\n\n\n\n<figure class=\"wp-block-image is-resized\"><img data-recalc-dims=\"1\" loading=\"lazy\" decoding=\"async\" src=\"https:\/\/i0.wp.com\/fr.wfp.org\/sites\/default\/files\/images\/news\/Tsiory-Andriantsoarana_general%20view%20of%20everyday%20life%20in%20Ankilimavotse%2C%20Amboasary%20district_0.jpg?resize=441%2C296&#038;ssl=1\" alt=\"District d'Amboasary, Madagascar. Photo : PAM\/Tsiory Andriantsoarana.\" width=\"441\" height=\"296\"\/><figcaption><sup>Photo du PAM prise au Sud de Madagascar<\/sup><\/figcaption><\/figure>\n\n\n\n<p><a href=\"https:\/\/www.afrikibaria.com\/religion-et-tradition-laffaire-incineration-de-fetiches-par-la-paroisse-st-pierre-de-gounghin-na-toujours-pas-ete-digere-par-les-traditionalistes\/\">Burkina Faso&nbsp;: Religion et Tradition: Incin\u00e9ration de f\u00e9tiches par la paroisse St Pierre de Gounghin<\/a> (Afrikibaria)<\/p>\n\n\n\n<p><a href=\"https:\/\/www.27avril.com\/blog\/droits-2\/togo-drame-humanitaire-dans-le-zio-gbamakope-et-ses-milliers-habitants-a-nouveau-menaces\">Togo&nbsp;: Drame humanitaire dans le Zio : des milliers d\u2019habitants \u00e0 nouveau menac\u00e9s<\/a> (27avril)<\/p>\n\n\n\n<p><a href=\"https:\/\/www.27avril.com\/blog\/culture-societe\/societe\/togo-la-problematique-de-emploi-de-la-jeunesse-le-rapport-de-locde-passe-par-pertes-et-profits\">Togo : La probl\u00e9matique de l\u2019emploi de la jeunesse, le rapport de l\u2019OCDE<\/a> (27avril)<\/p>\n\n\n\n<p><a href=\"https:\/\/lanouvelletribune.info\/2021\/05\/talon-sur-rfi-et-france-24-il-y-a-peu-il-traitait-la-presse-etrangere-de-tous-les-noms-houngbadji\/\">B\u00e9nin&nbsp;: Talon sur RFI et France 24: Il y a peu il traitait la presse \u00e9trang\u00e8re de tous les noms<\/a> (La Nouvelle Tribune)<\/p>\n\n\n\n<p><a href=\"http:\/\/africaguinee.com\/articles\/2021\/04\/30\/kassory-fofana-les-guineens-demeurent-encore-pauvres-c-est-penible\">Guin\u00e9e&nbsp;: Kassory Fofana : \u00ab\u00a0Les Guin\u00e9ens demeurent encore pauvres, c&rsquo;est p\u00e9nible\u2026\u00a0\u00bb <\/a>(Africa Guin\u00e9e)<\/p>\n\n\n\n<p><a href=\"http:\/\/gabonenervant.blogspot.com\/2021\/04\/political-versatility-this-evil-that.html\">Gabon&nbsp;: La versatilit\u00e9 politique mine la confiance des gabonais en leurs politiciens !<\/a> (Le Gabon \u00e9nervant)<\/p>\n\n\n\n<p><a href=\"https:\/\/www.abidjanplus.com\/societe\/les-elephants-en-voie-dextinction\">C\u00f4te d\u2019Ivoire&nbsp;: Les \u00e9l\u00e9phants en voie d\u2019extinction<\/a> (Abidjan Plus)<\/p>\n\n\n\n<figure class=\"wp-block-image size-large is-resized\"><img data-recalc-dims=\"1\" loading=\"lazy\" decoding=\"async\" src=\"https:\/\/i0.wp.com\/www.rdpemancipation.org\/wp-content\/uploads\/2021\/05\/image-11.png?resize=436%2C246&#038;ssl=1\" alt=\"\" class=\"wp-image-28498\" width=\"436\" height=\"246\" srcset=\"https:\/\/i0.wp.com\/www.rdpemancipation.org\/wp-content\/uploads\/2021\/05\/image-11.png?w=423&amp;ssl=1 423w, https:\/\/i0.wp.com\/www.rdpemancipation.org\/wp-content\/uploads\/2021\/05\/image-11.png?resize=300%2C169&amp;ssl=1 300w\" sizes=\"auto, (max-width: 436px) 100vw, 436px\" \/><\/figure>\n\n\n\n<p><a href=\"https:\/\/www.africaradio.com\/news\/cameroun-quatre-soldats-tues-par-les-separatistes-anglophones-gouverneur-186165\">Cameroun : quatre soldats tu\u00e9s par les s\u00e9paratistes anglophones<\/a> (Africa Radio)<\/p>\n\n\n\n<p><a href=\"https:\/\/www.alwihdainfo.com\/Tchad-la-jeunesse-presente-ses-attentes-au-Premier-ministre_a103290.html\">Tchad : la jeunesse pr\u00e9sente ses attentes au Premier ministre<\/a> (Alwihdainfo)<\/p>\n\n\n\n<p><a href=\"https:\/\/www.alwihdainfo.com\/Tchad-Brigitte-Bardot-rend-hommage-au-president-Idriss-Deby_a103274.html\">Tchad : Brigitte Bardot rend hommage au pr\u00e9sident Idriss Deby<\/a> (Alwihdainfo)<\/p>\n\n\n\n<p><a href=\"https:\/\/www.africaradio.com\/news\/tchad-l-armee-affirme-avoir-tue-plusieurs-centaines-de-rebelles-en-deux-jours-186175\">Tchad : l&rsquo;arm\u00e9e affirme avoir tu\u00e9 \u00ab\u00a0plusieurs centaines\u00a0\u00bb de rebelles en deux jours<\/a> (Africa Radio)<\/p>\n\n\n\n<p><a href=\"https:\/\/www.maliweb.net\/societe\/calendrier-des-elections-le-m5-rfp-denonce-une-demarche-solitaire-de-letat-et-emet-des-reserves-2927047.html\">Mali&nbsp;: Calendrier des \u00e9lections : Le M5-RFP d\u00e9nonce une d\u00e9marche solitaire de l\u2019Etat<\/a> (Maliweb)<\/p>\n\n\n\n<p><a href=\"https:\/\/www.dw.com\/fr\/rdc-les-jeunes-manifestants-de-beni-violemment-dispers%C3%A9s\/a-57393778?maca=fra-rss-fre-all-1482-rdf\">RDC : les jeunes manifestants de Beni violemment dispers\u00e9s<\/a> (DW)<\/p>\n\n\n\n<figure class=\"wp-block-image size-large\"><img data-recalc-dims=\"1\" loading=\"lazy\" decoding=\"async\" width=\"431\" height=\"243\" src=\"https:\/\/i0.wp.com\/www.rdpemancipation.org\/wp-content\/uploads\/2021\/05\/image-10.png?resize=431%2C243&#038;ssl=1\" alt=\"\" class=\"wp-image-28497\" srcset=\"https:\/\/i0.wp.com\/www.rdpemancipation.org\/wp-content\/uploads\/2021\/05\/image-10.png?w=431&amp;ssl=1 431w, https:\/\/i0.wp.com\/www.rdpemancipation.org\/wp-content\/uploads\/2021\/05\/image-10.png?resize=300%2C169&amp;ssl=1 300w\" sizes=\"auto, (max-width: 431px) 100vw, 431px\" \/><figcaption><sup>Soldats de l&rsquo;arm\u00e9e congolaise pr\u00e8s de Beni<\/sup><\/figcaption><\/figure>\n\n\n\n<p><a href=\"http:\/\/www.apple.fr\/\">Sommet France-Afrique \u00e0 Montpellier ? C\u2019est non !<\/a> (P\u00e9tition)<\/p>\n\n\n\n<p><a href=\"https:\/\/middleeasteye.us20.list-manage.com\/track\/click?u=f8edb2e96afff8e8e43c1285e&amp;id=814c044e56&amp;e=04e2b175b8\">Disparition d\u2019Idriss D\u00e9by : la s\u00e9curit\u00e9 au Sahel remise en question ?<\/a> (MEE)<\/p>\n\n\n\n<p><a href=\"https:\/\/berthoalain.com\/2021\/04\/30\/contre-la-reforme-scolaire-affrontements-a-ouagadougou-29-avril-2021\/\">Contre la r\u00e9forme scolaire&nbsp;: affrontements \u00e0 Ouagadougou \u2013 29 avril&nbsp;2021<\/a> (Anthropo du pr\u00e9sent)<\/p>\n\n\n\n<p><a href=\"https:\/\/www.afriquesenlutte.org\/afrique-centrale\/tchad\/article\/tchad-le-naufrage-de-l-union-africaine\">Tchad, le naufrage de l\u2019Union africaine<\/a> (Afriques en Lutte)<\/p>\n\n\n\n<p><strong><span class=\"has-inline-color has-vivid-red-color\">1er mai<\/span><\/strong> <strong><span class=\"has-inline-color has-vivid-red-color\">en continu<\/span><\/strong><\/p>\n\n\n\n<p><a href=\"https:\/\/www.agenceecofin.com\/securite\/2904-87732-la-cote-divoire-est-le-pays-d-afrique-francophone-qui-a-effectue-le-plus-de-depenses-militaires-en-2020-classement\">La C\u00f4te d&rsquo;Ivoire est le pays d\u2019Afrique francophone qui a effectu\u00e9 le plus de d\u00e9penses militaires en 2020<\/a> &nbsp;(Ecofin)<\/p>\n\n\n\n<p><a href=\"https:\/\/www.agenceecofin.com\/gestion-publique\/2904-87723-sur-internet-et-les-reseaux-sociaux-les-kenyans-s-en-prennent-au-fmi-au-sujet-d-un-pret-de-2-34-milliards\">Sur Internet et les r\u00e9seaux sociaux, les K\u00e9nyans s\u2019en prennent au FMI au sujet d\u2019un pr\u00eat de 2,34 milliards&nbsp;$<\/a> &nbsp;(Ecofin)<\/p>\n\n\n\n<p><a href=\"https:\/\/blogs.mediapart.fr\/politique-africaine-la-revue\/blog\/010521\/entretien-propos-de-la-mort-didriss-deby\">Entretien \u00e0 propos de la mort d&rsquo;Idriss D\u00e9by<\/a> &nbsp;(Blog de la revue Politique africaine)<\/p>\n\n\n\n<p><a href=\"https:\/\/fr.africanews.com\/2021\/05\/01\/le-tchad-pleure-les-morts-de-la-marche-pacifique-du-mardi-28-avril\/\">Le Tchad pleure les morts de la marche pacifique du mardi 28 avril<\/a> (Africanews)<\/p>\n\n\n\n<p><a href=\"https:\/\/fr.africanews.com\/2021\/05\/01\/au-tchad-l-opposant-yaya-dillo-djerou-exige-un-dialogue-inclusif\/\">Au Tchad, l&rsquo;opposant Yaya Dillo Djerou exige un dialogue inclusif<\/a>&nbsp; (Africanews)<\/p>\n\n\n\n<p><a href=\"https:\/\/www.agenceecofin.com\/multimedia\/0105-87796-qui-tient-reellement-les-renes-au-tchad-video\" target=\"_blank\" rel=\"noreferrer noopener\">Qui tient r\u00e9ellement les r\u00eanes au Tchad&nbsp;? &#8211; (Vid\u00e9o)<\/a> &nbsp;(Ecofin)<\/p>\n\n\n\n<figure class=\"wp-block-image size-large\"><img data-recalc-dims=\"1\" loading=\"lazy\" decoding=\"async\" width=\"450\" height=\"248\" src=\"https:\/\/i0.wp.com\/www.rdpemancipation.org\/wp-content\/uploads\/2021\/05\/image-9.png?resize=450%2C248&#038;ssl=1\" alt=\"\" class=\"wp-image-28378\" srcset=\"https:\/\/i0.wp.com\/www.rdpemancipation.org\/wp-content\/uploads\/2021\/05\/image-9.png?w=450&amp;ssl=1 450w, https:\/\/i0.wp.com\/www.rdpemancipation.org\/wp-content\/uploads\/2021\/05\/image-9.png?resize=300%2C165&amp;ssl=1 300w\" sizes=\"auto, (max-width: 450px) 100vw, 450px\" \/><\/figure>\n\n\n\n<p><a href=\"https:\/\/www.lemonde.fr\/afrique\/article\/2021\/04\/30\/les-batailles-du-president-sud-africain-cyril-ramaphosa_6078639_3212.html\">Les batailles du pr\u00e9sident sud-africain, Cyril Ramaphosa <\/a>&nbsp;(Le Monde)<\/p>\n\n\n\n<p><a href=\"https:\/\/www.boursorama.com\/actualite-economique\/actualites\/afrique-du-sud-l-anc-divisee-veut-virer-les-corrompus-sauver-son-ame-6ebee988ad7b35b940b484b6312e8b59\">Afrique du Sud : l&rsquo;ANC divis\u00e9e veut virer les corrompus, \u00ab\u00a0sauver son \u00e2me\u00a0\u00bb<\/a> (AFP)<\/p>\n\n\n\n<p><a href=\"https:\/\/www.lemonde.fr\/afrique\/article\/2021\/04\/29\/tchad-l-opposition-en-exil-a-ete-irritee-par-la-presence-de-m-macron-aux-funerailles-d-idriss-deby_6078505_3212.html\">Tchad&nbsp;: \u00ab&nbsp;L\u2019opposition en exil a \u00e9t\u00e9 irrit\u00e9e par la pr\u00e9sence de M.&nbsp;Macron aux fun\u00e9railles d\u2019Idriss D\u00e9by&nbsp;\u00bb <\/a>&nbsp;(Le Monde)<\/p>\n\n\n\n<p><a href=\"https:\/\/www.lemonde.fr\/afrique\/article\/2021\/05\/01\/au-benin-la-chute-de-l-ambitieuse-reckya-madougou-figure-de-l-opposition_6078739_3212.html\">B\u00e9nin&nbsp;: la chute de l\u2019ambitieuse Reckya Madougou, figure de l\u2019opposition <\/a>&nbsp;(Le Monde)<\/p>\n\n\n\n<p><a href=\"https:\/\/www.lemonde.fr\/afrique\/article\/2021\/05\/01\/rdc-le-president-proclame-l-etat-de-siege-dans-deux-provinces-touchees-par-la-violence_6078725_3212.html\">RDC&nbsp;: le pr\u00e9sident proclame \u00ab&nbsp;l\u2019\u00e9tat de si\u00e8ge&nbsp;\u00bb dans deux provinces touch\u00e9es par la violence <\/a>&nbsp;(Le Monde)<\/p>\n\n\n\n<p><a href=\"https:\/\/orientxxi.info\/magazine\/sahel-l-heritage-colonial-des-eaux-et-forets-une-arme-aux-mains-des-djihadistes,4700\" target=\"_blank\" rel=\"noreferrer noopener\">Sahel. L\u2019h\u00e9ritage colonial des eaux et for\u00eats, une arme aux mains des djihadistes<\/a> &nbsp;R\u00e9mi Carayol,&nbsp;Orient XXI<\/p>\n\n\n\n<p><\/p>\n","protected":false},"excerpt":{"rendered":"<p>31 mai en continu Le Tchad de D\u00e9by fils d\u00e9nonce \u00ab&nbsp;le crime de guerre&nbsp;\u00bb des Centrafricains (Mondafrique) Tensions entre le Tchad et la Centrafrique : Bangui parle d&rsquo;\u00a0\u00bb\u00e9changes de tirs\u00a0\u00bb (France 24) Tensions entre le Tchad et la Centrafrique : N&rsquo;Djamena d\u00e9nonce \u00ab\u00a0un crime de guerre\u00a0\u00bb (France 24) Tensions entre le Tchad et la Centrafrique &#8230; <a title=\"Mai &#8211; Afrique Subsaharienne\" class=\"read-more\" href=\"https:\/\/www.rdpemancipation.org\/?p=28244\" aria-label=\"En savoir plus sur Mai &#8211; Afrique Subsaharienne\">Lire la suite<\/a><\/p>\n","protected":false},"author":2,"featured_media":0,"comment_status":"closed","ping_status":"closed","sticky":false,"template":"","format":"standard","meta":{"_lmt_disableupdate":"no","_lmt_disable":"no","_jetpack_memberships_contains_paid_content":false,"footnotes":""},"categories":[19],"tags":[],"class_list":["post-28244","post","type-post","status-publish","format-standard","hentry","category-afrique-subsaharienne"],"modified_by":"nch","jetpack_featured_media_url":"","jetpack_sharing_enabled":true,"_links":{"self":[{"href":"https:\/\/www.rdpemancipation.org\/index.php?rest_route=\/wp\/v2\/posts\/28244","targetHints":{"allow":["GET"]}}],"collection":[{"href":"https:\/\/www.rdpemancipation.org\/index.php?rest_route=\/wp\/v2\/posts"}],"about":[{"href":"https:\/\/www.rdpemancipation.org\/index.php?rest_route=\/wp\/v2\/types\/post"}],"author":[{"embeddable":true,"href":"https:\/\/www.rdpemancipation.org\/index.php?rest_route=\/wp\/v2\/users\/2"}],"replies":[{"embeddable":true,"href":"https:\/\/www.rdpemancipation.org\/index.php?rest_route=%2Fwp%2Fv2%2Fcomments&post=28244"}],"version-history":[{"count":149,"href":"https:\/\/www.rdpemancipation.org\/index.php?rest_route=\/wp\/v2\/posts\/28244\/revisions"}],"predecessor-version":[{"id":31685,"href":"https:\/\/www.rdpemancipation.org\/index.php?rest_route=\/wp\/v2\/posts\/28244\/revisions\/31685"}],"wp:attachment":[{"href":"https:\/\/www.rdpemancipation.org\/index.php?rest_route=%2Fwp%2Fv2%2Fmedia&parent=28244"}],"wp:term":[{"taxonomy":"category","embeddable":true,"href":"https:\/\/www.rdpemancipation.org\/index.php?rest_route=%2Fwp%2Fv2%2Fcategories&post=28244"},{"taxonomy":"post_tag","embeddable":true,"href":"https:\/\/www.rdpemancipation.org\/index.php?rest_route=%2Fwp%2Fv2%2Ftags&post=28244"}],"curies":[{"name":"wp","href":"https:\/\/api.w.org\/{rel}","templated":true}]}}