{"id":23354,"date":"2021-04-01T09:34:12","date_gmt":"2021-04-01T07:34:12","guid":{"rendered":"https:\/\/www.rdpemancipation.org\/?p=23354"},"modified":"2021-05-01T10:06:53","modified_gmt":"2021-05-01T08:06:53","slug":"avril-cultures","status":"publish","type":"post","link":"https:\/\/www.rdpemancipation.org\/?p=23354","title":{"rendered":"Avril &#8211; Cultures"},"content":{"rendered":"\n<p>\u200b<\/p>\n\n\n\n<p>\u200b\u200b<a href=\"https:\/\/www.franceinter.fr\/emissions\/bulles-de-bd\/bulles-de-bd-17-fevrier-2021?xtor=EPR-7&amp;actId=ebwp0YMB8s0XXev-swTWi6FWgZQt9biALyr5FYI13OqHU8b5N-PEJQr_g_XETQRH&amp;actCampaignType=CAMPAIGN_MAIL&amp;actSource=653593#xtor=7-[cult25112019]\">BD\u00a0: Histoires de Vend\u00e9e Globe &#8211; Alexandre Chenet &amp; Renaud Garreta<\/a> (franceinter)<\/p>\n\n\n\n<figure class=\"wp-block-image size-large is-resized\"><img data-recalc-dims=\"1\" loading=\"lazy\" decoding=\"async\" src=\"https:\/\/i0.wp.com\/www.rdpemancipation.org\/wp-content\/uploads\/2021\/05\/image-5.png?resize=512%2C387&#038;ssl=1\" alt=\"\" class=\"wp-image-28226\" width=\"512\" height=\"387\" srcset=\"https:\/\/i0.wp.com\/www.rdpemancipation.org\/wp-content\/uploads\/2021\/05\/image-5.png?resize=1024%2C773&amp;ssl=1 1024w, https:\/\/i0.wp.com\/www.rdpemancipation.org\/wp-content\/uploads\/2021\/05\/image-5.png?resize=300%2C226&amp;ssl=1 300w, https:\/\/i0.wp.com\/www.rdpemancipation.org\/wp-content\/uploads\/2021\/05\/image-5.png?resize=768%2C579&amp;ssl=1 768w, https:\/\/i0.wp.com\/www.rdpemancipation.org\/wp-content\/uploads\/2021\/05\/image-5.png?w=1043&amp;ssl=1 1043w\" sizes=\"auto, (max-width: 512px) 100vw, 512px\" \/><\/figure>\n\n\n\n<p>\u200b\u200b<a href=\"https:\/\/france3-regions.francetvinfo.fr\/provence-alpes-cote-d-azur\/alpes-maritimes\/nice\/de-nice-a-la-vallee-de-la-roya-danser-encore-est-le-nouvel-hymne-de-ralliement-du-monde-de-la-culture-2068681.html#xtor=EPR-521-[france3regions]-20210430-[info-image2]&amp;pid=726375-1586509211-9facd8a7\">De Nice \u00e0 la vall\u00e9e de la Roya, \u00ab\u00a0Danser encore\u00a0\u00bb est devenu l&rsquo;hymne de ralliement du monde de la culture<\/a> (france3)<\/p>\n\n\n\n<figure class=\"wp-block-image size-large is-resized\"><img data-recalc-dims=\"1\" loading=\"lazy\" decoding=\"async\" src=\"https:\/\/i0.wp.com\/www.rdpemancipation.org\/wp-content\/uploads\/2021\/05\/image-4.png?resize=465%2C310&#038;ssl=1\" alt=\"\" class=\"wp-image-28223\" width=\"465\" height=\"310\" srcset=\"https:\/\/i0.wp.com\/www.rdpemancipation.org\/wp-content\/uploads\/2021\/05\/image-4.png?w=930&amp;ssl=1 930w, https:\/\/i0.wp.com\/www.rdpemancipation.org\/wp-content\/uploads\/2021\/05\/image-4.png?resize=300%2C200&amp;ssl=1 300w, https:\/\/i0.wp.com\/www.rdpemancipation.org\/wp-content\/uploads\/2021\/05\/image-4.png?resize=768%2C512&amp;ssl=1 768w\" sizes=\"auto, (max-width: 465px) 100vw, 465px\" \/><figcaption><br>300 personnes se sont rassembl\u00e9es \u00e0 Nice pour danser et d\u00e9noncer pacifiquement les mesures sanitaires qui p\u00e9nalisent le monde la culture depuis un an.\u00a0\u2022\u00a0\u00a9 Alexandra Fuentes<\/figcaption><\/figure>\n\n\n\n<p><a href=\"https:\/\/www.franceinter.fr\/emissions\/blockbusters\/blockbusters-30-avril-2021#xtor=EPR-5-[Meilleur30042021]\">\u00ab\u00a0Oscar de la diversit\u00e9\u00a0\u00bb\u00a0: retour sur la repr\u00e9sentation du handicap au cin\u00e9ma et dans la pop culture<\/a> (franceinter)<\/p>\n\n\n\n<p><a href=\"https:\/\/www.franceinter.fr\/culture\/feuilleter-un-ete-avec-rimbaud-de-sylvain-tesson#xtor=EPR-5-[Meilleur30042021]\">FEUILLETER &#8211; \u00ab\u00a0Un \u00e9t\u00e9 avec Rimbaud\u00a0\u00bb de Sylvain Tesson<\/a> (franceinter)<\/p>\n\n\n\n<p>\u200b\u200b<a href=\"https:\/\/www.franceinter.fr\/emissions\/tubes-n-co\/tubes-n-co-30-avril-2021#xtor=EPR-5-[Meilleur30042021]\">ECOUTER: La question du jour : \u00ab\u00a0Is This Love\u00a0\u00bb de Bob Marley<\/a>(franceinter)<\/p>\n\n\n\n<p><a href=\"https:\/\/www.liberation.fr\/culture\/arts\/plusieurs-villes-annoncent-la-gratuite-de-leurs-musees-pour-la-reouverture-20210430_GPAKHKMJKZFRHE5EGKCP3CM4OA\/\">Plusieurs villes annoncent la gratuit\u00e9 de leurs mus\u00e9es pour la r\u00e9ouverture mi-mai<\/a> (Lib\u00e9)<\/p>\n\n\n\n<p><a href=\"https:\/\/www.liberation.fr\/culture\/deconfinement-la-culture-sort-du-congelo-20210430_NIWFUSOSERA2NOJAYTTXHQQIPY\/?xtor=EREC-25-%5BNL_quot_matin_30-04-2021%5D-&amp;actId=ebwp0YMB8s1_OGEGSsDRkNUcvuQDVN7a57ET3fWtrS_9o2H3YnSh-tlErCsS7SWS&amp;actCampaignType=CAMPAIGN_MAIL&amp;actSource=508917\">D\u00e9confinement le 19 mai\u00a0: la culture sort du cong\u00e9lo<\/a> (Lib\u00e9)<\/p>\n\n\n\n<p>\u200b<a href=\"https:\/\/www.liberation.fr\/culture\/arts\/sur-le-web-des-musees-nationaux-en-mal-de-resolution-20210429_RKMGCCXJKJB7RAQ5AWRCBGRNZY\/?xtor=EREC-26-%5BNL_abo_soir_2021-04-29%5D-&amp;actId=ebwp0YMB8s1_OGEGSsDRkNUcvuQDVN7a57ET3fWtrS_9o2H3YnSh-tlErCsS7SWS&amp;actCampaignType=CAMPAIGN_MAIL&amp;actSource=508914\">Art\u00a0: Sur le Web, des mus\u00e9es nationaux en mal de\u00a0r\u00e9solution<\/a> (Lib\u00e9)<\/p>\n\n\n\n<p class=\"has-vivid-red-color has-text-color\"><strong>\u200b\u200b1er mai en continu<\/strong><\/p>\n\n\n\n<p><a href=\"https:\/\/www.franceinter.fr\/emissions\/l-invite-de-8h20-le-grand-entretien\/l-invite-de-8h20-le-grand-entretien-09-avril-2021?xtor=EPR-7&amp;actId=ebwp0YMB8s0XXev-swTWi6FWgZQt9biALyr5FYI13OqHU8b5N-PEJQr_g_XETQRH&amp;actCampaignType=CAMPAIGN_MAIL&amp;actSource=653593#xtor=7-[cult25112019]\">RADIO: Antoine Compagnon : \u00ab\u00a0Deux si\u00e8cles apr\u00e8s sa naissance, Baudelaire reste \u00e9norm\u00e9ment subversif\u00a0\u00bb<\/a> (franceinter)<\/p>\n\n\n\n<p><a href=\"https:\/\/www.liberation.fr\/culture\/cinema\/judas-and-the-black-messiah-pantheres-a-terre-20210426_QYLBUDB2JBBUVGIBDGLGXXFGJ4\/?xtor=EREC-31-%5BLib%C3%A9culture_samedi__2021-04-30%5D-&amp;actId=ebwp0YMB8s1_OGEGSsDRkNUcvuQDVN7a57ET3fWtrS_9o2H3YnSh-tlErCsS7SWS&amp;actCampaignType=CAMPAIGN_MAIL&amp;actSource=508930\">Film US\u00a0: \u00abJudas and the Black Messiah\u00bb, panth\u00e8res \u00e0 terre<\/a> (Lib\u00e9)<\/p>\n\n\n\n<figure class=\"wp-block-image size-large is-resized\"><img data-recalc-dims=\"1\" loading=\"lazy\" decoding=\"async\" src=\"https:\/\/i0.wp.com\/www.rdpemancipation.org\/wp-content\/uploads\/2021\/05\/image-2.png?resize=400%2C267&#038;ssl=1\" alt=\"\" class=\"wp-image-28214\" width=\"400\" height=\"267\" srcset=\"https:\/\/i0.wp.com\/www.rdpemancipation.org\/wp-content\/uploads\/2021\/05\/image-2.png?w=800&amp;ssl=1 800w, https:\/\/i0.wp.com\/www.rdpemancipation.org\/wp-content\/uploads\/2021\/05\/image-2.png?resize=300%2C200&amp;ssl=1 300w, https:\/\/i0.wp.com\/www.rdpemancipation.org\/wp-content\/uploads\/2021\/05\/image-2.png?resize=768%2C512&amp;ssl=1 768w\" sizes=\"auto, (max-width: 400px) 100vw, 400px\" \/><figcaption><br>Fred Hampton a \u00e0 peine 20 ans, mais subjugue les foules avec ses pr\u00eaches r\u00e9volutionnaires.\u00a0(Glen Wilson\/Warner Bros. Pictures)<\/figcaption><\/figure>\n\n\n\n<p class=\"has-vivid-red-color has-text-color\">\u200b<strong>30 avril en continu<\/strong><\/p>\n\n\n\n<p><a href=\"https:\/\/www.espaces-latinos.org\/archives\/98921?utm_source=Sarbacane&amp;utm_medium=email&amp;utm_campaign=News%2028%20avril%202021\">Le dramaturge et acteur chilien Oscar Castro est mort \u00e0 Paris du Covid-19<\/a> (Espacios Latinos)<\/p>\n\n\n\n<p><a href=\"https:\/\/www.espaces-latinos.org\/archives\/98898?utm_source=Sarbacane&amp;utm_medium=email&amp;utm_campaign=News%2028%20avril%202021\">Conqu\u00eate, m\u00e9tissages et mondialisation ib\u00e9ro-am\u00e9ricaine&nbsp;: Serge Gruzinski publi\u00e9 chez Fayard<\/a> (Espaces Latinos)<\/p>\n\n\n\n<p>\u200b<a href=\"https:\/\/www.espaces-latinos.org\/archives\/98929?utm_source=Sarbacane&amp;utm_medium=email&amp;utm_campaign=News%2028%20avril%202021\">\u00ab Un invincible \u00e9t\u00e9 \u00bb le dernier volet de l\u2019inoubliable saga en R\u00e9publique dominicaine par Catherine Bardon<\/a> (Espaces latinos)<\/p>\n\n\n\n<p><a href=\"https:\/\/www.francetvinfo.fr\/culture\/cinema\/films-animation\/avec-sa-serie-sur-miyazaki-la-cite-de-la-tapisserie-d-aubusson-attire-la-television-japonaise_4387125.html#xtor=EPR-502-[newslettervideo]-20210428-[video6]\">Avec sa s\u00e9rie sur Miyazaki, la Cit\u00e9 de la tapisserie d&rsquo;Aubusson attire la t\u00e9l\u00e9vision japonaise <\/a>(franceinfo)<\/p>\n\n\n\n<p>VIDEO: <a href=\"https:\/\/www.francetvinfo.fr\/economie\/emploi\/metiers\/art-culture-edition\/video-en-fauteuil-roulant-elle-n-abandonne-pas-sa-passion-pour-la-danse_4386895.html#xtor=EPR-502-[newslettervideo]-20210427-[video5]\">En fauteuil roulant, elle n&rsquo;abandonne pas sa passion pour la danse<\/a> (franceinfo)<\/p>\n\n\n\n<p>\u200b<a href=\"https:\/\/www.laprovence.com\/article\/societe\/6338688\/de-la-clandestinite-aux-librairies-le-carnet-du-genocide-armenien.html\">De la clandestinit\u00e9 aux librairies, le carnet du g\u00e9nocide arm\u00e9nien<\/a> (La Provence)<\/p>\n\n\n\n<figure class=\"wp-block-image size-large is-resized\"><img data-recalc-dims=\"1\" loading=\"lazy\" decoding=\"async\" src=\"https:\/\/i0.wp.com\/www.rdpemancipation.org\/wp-content\/uploads\/2021\/04\/image-200.png?resize=495%2C279&#038;ssl=1\" alt=\"\" class=\"wp-image-28107\" width=\"495\" height=\"279\" srcset=\"https:\/\/i0.wp.com\/www.rdpemancipation.org\/wp-content\/uploads\/2021\/04\/image-200.png?w=990&amp;ssl=1 990w, https:\/\/i0.wp.com\/www.rdpemancipation.org\/wp-content\/uploads\/2021\/04\/image-200.png?resize=300%2C169&amp;ssl=1 300w, https:\/\/i0.wp.com\/www.rdpemancipation.org\/wp-content\/uploads\/2021\/04\/image-200.png?resize=768%2C432&amp;ssl=1 768w\" sizes=\"auto, (max-width: 495px) 100vw, 495px\" \/><figcaption><br>Le temps de l&rsquo;insouciance. Serpouhi Hovaghian (\u00e0 l&rsquo;\u00e2ge de 12 ans, \u00e0 droite) avec son p\u00e8re, sa m\u00e8re, son fr\u00e8re et ses deux soeurs. Son p\u00e8re mourra avant le g\u00e9nocide et le reste de sa famille prendra la route de l&rsquo;exil avant les massacres. Elle seule restera \u00e0 Tr\u00e9bizonde et sera d\u00e9port\u00e9e. <\/figcaption><\/figure>\n\n\n\n<p class=\"has-vivid-red-color has-text-color\"><strong>\u200b\u200b29 avril en continu<\/strong><\/p>\n\n\n\n<p><a href=\"https:\/\/www.liberation.fr\/culture\/uos-tinquiete-geiger-20210427_ETVYGSETTFEINMKGEYYSK5C3TA\/?xtor=EREC-31-%5BNL_Culture__2021-04-27_3%5D-&amp;actId=ebwp0YMB8s1_OGEGSsDRkNUcvuQDVN7a57ET3fWtrS_9o2H3YnSh-tlErCsS7SWS&amp;actCampaignType=CAMPAIGN_MAIL&amp;actSource=508867\">BD&nbsp;: \u00abUOS\u00bb&nbsp;: t\u2019inqui\u00e8te, Geige<\/a>r<\/p>\n\n\n\n<figure class=\"wp-block-image size-large is-resized\"><img data-recalc-dims=\"1\" loading=\"lazy\" decoding=\"async\" src=\"https:\/\/i0.wp.com\/www.rdpemancipation.org\/wp-content\/uploads\/2021\/04\/image-197.png?resize=400%2C269&#038;ssl=1\" alt=\"\" class=\"wp-image-27966\" width=\"400\" height=\"269\" srcset=\"https:\/\/i0.wp.com\/www.rdpemancipation.org\/wp-content\/uploads\/2021\/04\/image-197.png?w=800&amp;ssl=1 800w, https:\/\/i0.wp.com\/www.rdpemancipation.org\/wp-content\/uploads\/2021\/04\/image-197.png?resize=300%2C202&amp;ssl=1 300w, https:\/\/i0.wp.com\/www.rdpemancipation.org\/wp-content\/uploads\/2021\/04\/image-197.png?resize=768%2C516&amp;ssl=1 768w\" sizes=\"auto, (max-width: 400px) 100vw, 400px\" \/><\/figure>\n\n\n\n<p>\u200b<a href=\"https:\/\/www.franceinter.fr\/culture\/pas-de-cluster-au-concert-test-a-barcelone-en-france-il-ne-manque-plus-que-le-top-depart-des-ministeres#xtor=EPR-5-[Meilleur28042021]\">Pas de cluster au concert-test \u00e0 Barcelone : \u00ab\u00a0En France il ne manque plus que le top d\u00e9part des minist\u00e8res\u00a0\u00bb<\/a> (franceinter)<\/p>\n\n\n\n<p><a href=\"https:\/\/www.liberation.fr\/culture\/musique\/a-cuba-les-musiciens-etaient-des-fonctionnaires-20210427_LV5KPUB3RRAFZPFGEKXE6SAJW4\/?redirected=1\">Livre-musique&nbsp;:\u00abA Cuba, les musiciens \u00e9taient des fonctionnaires\u00bb<\/a> (Lib\u00e9)<\/p>\n\n\n\n<figure class=\"wp-block-image size-large is-resized\"><img data-recalc-dims=\"1\" loading=\"lazy\" decoding=\"async\" src=\"https:\/\/i0.wp.com\/www.rdpemancipation.org\/wp-content\/uploads\/2021\/04\/image-196.png?resize=256%2C256&#038;ssl=1\" alt=\"\" class=\"wp-image-27963\" width=\"256\" height=\"256\" srcset=\"https:\/\/i0.wp.com\/www.rdpemancipation.org\/wp-content\/uploads\/2021\/04\/image-196.png?resize=1024%2C1024&amp;ssl=1 1024w, https:\/\/i0.wp.com\/www.rdpemancipation.org\/wp-content\/uploads\/2021\/04\/image-196.png?resize=300%2C300&amp;ssl=1 300w, https:\/\/i0.wp.com\/www.rdpemancipation.org\/wp-content\/uploads\/2021\/04\/image-196.png?resize=150%2C150&amp;ssl=1 150w, https:\/\/i0.wp.com\/www.rdpemancipation.org\/wp-content\/uploads\/2021\/04\/image-196.png?resize=768%2C768&amp;ssl=1 768w, https:\/\/i0.wp.com\/www.rdpemancipation.org\/wp-content\/uploads\/2021\/04\/image-196.png?resize=1536%2C1536&amp;ssl=1 1536w, https:\/\/i0.wp.com\/www.rdpemancipation.org\/wp-content\/uploads\/2021\/04\/image-196.png?w=1600&amp;ssl=1 1600w\" sizes=\"auto, (max-width: 256px) 100vw, 256px\" \/><\/figure>\n\n\n\n<p><a href=\"https:\/\/www.franceinter.fr\/musique\/qalf-infinity-damso-revele-le-titre-de-son-nouvel-album-quelques-heures-avant-sa-sortie#xtor=EPR-5-[Meilleur28042021]\">\u00ab\u00a0Qalf Infinity\u00a0\u00bb : Damso r\u00e9v\u00e8le le titre de son nouvel album, quelques heures avant sa sortie<\/a> (franceinter)<\/p>\n\n\n\n<p class=\"has-vivid-red-color has-text-color\"><strong>\u200b28 avril en continu<\/strong><\/p>\n\n\n\n<p>\u200b<a href=\"https:\/\/www.liberation.fr\/culture\/cinema\/chloe-zhao-oscarisee-et-traitresse-en-son-pays-20210426_5AI5GZ7TCFFGZE7CRGH4CGEA7Y\/?xtor=EREC-25-%5BNL_quot_matin_27-04-2021%5D-&amp;actId=ebwp0YMB8s1_OGEGSsDRkNUcvuQDVN7a57ET3fWtrS_9o2H3YnSh-tlErCsS7SWS&amp;actCampaignType=CAMPAIGN_MAIL&amp;actSource=508850\">Cin\u00e9ma\u00a0: Chlo\u00e9 Zhao, oscaris\u00e9e et \u00abtra\u00eetresse\u00bb en son pays<\/a> (Lib\u00e9)<\/p>\n\n\n\n<figure class=\"wp-block-image size-large is-resized\"><img data-recalc-dims=\"1\" loading=\"lazy\" decoding=\"async\" src=\"https:\/\/i0.wp.com\/www.rdpemancipation.org\/wp-content\/uploads\/2021\/05\/image-3.png?resize=200%2C130&#038;ssl=1\" alt=\"\" class=\"wp-image-28217\" width=\"200\" height=\"130\" srcset=\"https:\/\/i0.wp.com\/www.rdpemancipation.org\/wp-content\/uploads\/2021\/05\/image-3.png?w=800&amp;ssl=1 800w, https:\/\/i0.wp.com\/www.rdpemancipation.org\/wp-content\/uploads\/2021\/05\/image-3.png?resize=300%2C195&amp;ssl=1 300w, https:\/\/i0.wp.com\/www.rdpemancipation.org\/wp-content\/uploads\/2021\/05\/image-3.png?resize=768%2C500&amp;ssl=1 768w\" sizes=\"auto, (max-width: 200px) 100vw, 200px\" \/><\/figure>\n\n\n\n<p><a href=\"https:\/\/www.liberation.fr\/culture\/livres\/marcel-cohen-details-du-cristal-20210425_ICJRKXAYMZGJXGZAPK7KGQOWUM\/\">Livre\u00a0: Marcel Cohen, d\u00e9tails du cristal<\/a> (Lib\u00e9)<\/p>\n\n\n\n<p><a href=\"https:\/\/www.liberation.fr\/culture\/livres\/jean-genet-en-pleiade-remontee-a-la-source-des-editions-clandestines-20210424_Y7L3JHJQJRG2FGJWGHXYFFW7WY\/\">Jean Genet en Pl\u00e9iade, remont\u00e9e \u00e0 la source des \u00e9ditions clandestines<\/a> (Lib\u00e9)<\/p>\n\n\n\n<p class=\"has-vivid-red-color has-text-color\"><strong>27 avril en continu<\/strong><\/p>\n\n\n\n<p>\u200b<a href=\"https:\/\/www.liberation.fr\/culture\/arts\/nicolas-de-stael-lepris-des-lumieres-20210425_AKK45RSGAZF5ZIYISFPENYKJTM\/?redirected=1\">Nouveau catalogue: Nicolas de Sta\u00ebl, l\u2019\u00e9pris des lumi\u00e8res<\/a> (Lib\u00e9)<\/p>\n\n\n\n<figure class=\"wp-block-image size-large is-resized\"><img data-recalc-dims=\"1\" loading=\"lazy\" decoding=\"async\" src=\"https:\/\/i0.wp.com\/www.rdpemancipation.org\/wp-content\/uploads\/2021\/04\/image-180.png?resize=400%2C317&#038;ssl=1\" alt=\"\" class=\"wp-image-27559\" width=\"400\" height=\"317\" srcset=\"https:\/\/i0.wp.com\/www.rdpemancipation.org\/wp-content\/uploads\/2021\/04\/image-180.png?w=800&amp;ssl=1 800w, https:\/\/i0.wp.com\/www.rdpemancipation.org\/wp-content\/uploads\/2021\/04\/image-180.png?resize=300%2C238&amp;ssl=1 300w, https:\/\/i0.wp.com\/www.rdpemancipation.org\/wp-content\/uploads\/2021\/04\/image-180.png?resize=768%2C609&amp;ssl=1 768w\" sizes=\"auto, (max-width: 400px) 100vw, 400px\" \/><figcaption><br>\u00abBateau\u00bb, 1952 (huile sur toile) par Nicolas de Sta\u00ebl.&nbsp;(www.bridgemanart.com)<\/figcaption><\/figure>\n\n\n\n<p><a href=\"https:\/\/www.liberation.fr\/culture\/musique\/marianne-faithfull-le-chant-ne-ma-pas-manque-20210426_MIJD3Y546VACFG3AOCLMO3ADXQ\/?xtor=EREC-25-%5BNL_quot_matin_26-04-2021%5D-&amp;actId=ebwp0YMB8s1_OGEGSsDRkNUcvuQDVN7a57ET3fWtrS_9o2H3YnSh-tlErCsS7SWS&amp;actCampaignType=CAMPAIGN_MAIL&amp;actSource=508829\">Marianne Faithfull&nbsp;: \u00abLe chant ne m\u2019a pas manqu\u00e9\u00bb<\/a> (Lib\u00e9)<\/p>\n\n\n\n<p>\u200b\u200b<a href=\"https:\/\/www.francetvinfo.fr\/culture\/cinema\/oscars\/oscars-2021-le-francais-florian-zeller-decroche-le-prix-du-meilleur-scenario-adapte-pour-the-father-chloe-zhao-triomphe-avec-nomadland_4386701.html#xtor=EPR-2-[newsletterquotidienne]-20210426-[lestitres-coldroite\/titre4]\">Oscars 2021&nbsp;: le Fran\u00e7ais Florian Zeller d\u00e9croche le prix du meilleur sc\u00e9nario adapt\u00e9 pour \u00ab\u00a0The Father\u00a0\u00bb, Chlo\u00e9 Zhao triomphe avec \u00ab\u00a0Nomadland\u00a0\u00bb <\/a>(franceinfo)<\/p>\n\n\n\n<p><a href=\"https:\/\/www.laprovence.com\/article\/sorties-loisirs\/6334658\/quand-et-comment-la-culture-va-t-elle-sortir-de-la-crise.html\">Quand et comment la Culture va-t-elle sortir de la crise ?<\/a> (La Provence)<\/p>\n\n\n\n<figure class=\"wp-block-image size-large is-resized\"><img data-recalc-dims=\"1\" loading=\"lazy\" decoding=\"async\" src=\"https:\/\/i0.wp.com\/www.rdpemancipation.org\/wp-content\/uploads\/2021\/04\/image-178.png?resize=495%2C279&#038;ssl=1\" alt=\"\" class=\"wp-image-27554\" width=\"495\" height=\"279\" srcset=\"https:\/\/i0.wp.com\/www.rdpemancipation.org\/wp-content\/uploads\/2021\/04\/image-178.png?w=990&amp;ssl=1 990w, https:\/\/i0.wp.com\/www.rdpemancipation.org\/wp-content\/uploads\/2021\/04\/image-178.png?resize=300%2C169&amp;ssl=1 300w, https:\/\/i0.wp.com\/www.rdpemancipation.org\/wp-content\/uploads\/2021\/04\/image-178.png?resize=768%2C432&amp;ssl=1 768w\" sizes=\"auto, (max-width: 495px) 100vw, 495px\" \/><\/figure>\n\n\n\n<p><a href=\"https:\/\/www.laprovence.com\/article\/faits-divers-justice\/6334516\/aix-francis-huster-aimer-cest-gifler-la-mort.html\">Aix &#8211; Francis Huster : \u00ab\u00a0Aimer, c&rsquo;est gifler la mort !\u00a0\u00bb<\/a> (La Provence)<\/p>\n\n\n\n<p>\u200b<a href=\"https:\/\/www.liberation.fr\/idees-et-debats\/tribunes\/napoleon-du-crime-contre-lhumanite-a-lobscenite-memorielle-20210425_IFCTQ3B4QRBXLIHHQSEPTBWDOA\/?xtor=EREC-26-%5BNL_abo_soir_2021-04-25%5D-&amp;actId=ebwp0YMB8s1_OGEGSsDRkNUcvuQDVN7a57ET3fWtrS_9o2H3YnSh-tlErCsS7SWS&amp;actCampaignType=CAMPAIGN_MAIL&amp;actSource=508826\">Tribune&nbsp;: Napol\u00e9on : du crime contre l\u2019humanit\u00e9 \u00e0 l\u2019obsc\u00e9nit\u00e9 m\u00e9morielle<\/a> (Lib\u00e9)<\/p>\n\n\n\n<figure class=\"wp-block-image size-large is-resized\"><img data-recalc-dims=\"1\" loading=\"lazy\" decoding=\"async\" src=\"https:\/\/i0.wp.com\/www.rdpemancipation.org\/wp-content\/uploads\/2021\/04\/image-177.png?resize=200%2C200&#038;ssl=1\" alt=\"\" class=\"wp-image-27552\" width=\"200\" height=\"200\" srcset=\"https:\/\/i0.wp.com\/www.rdpemancipation.org\/wp-content\/uploads\/2021\/04\/image-177.png?w=800&amp;ssl=1 800w, https:\/\/i0.wp.com\/www.rdpemancipation.org\/wp-content\/uploads\/2021\/04\/image-177.png?resize=300%2C300&amp;ssl=1 300w, https:\/\/i0.wp.com\/www.rdpemancipation.org\/wp-content\/uploads\/2021\/04\/image-177.png?resize=150%2C150&amp;ssl=1 150w, https:\/\/i0.wp.com\/www.rdpemancipation.org\/wp-content\/uploads\/2021\/04\/image-177.png?resize=768%2C768&amp;ssl=1 768w\" sizes=\"auto, (max-width: 200px) 100vw, 200px\" \/><\/figure>\n\n\n\n<p><a href=\"https:\/\/www.mediapart.fr\/journal\/culture-idees\/250421\/avec-sienne-comme-avec-soi-meme?utm_source=20210425&amp;utm_medium=email&amp;utm_campaign=QUOTIDIENNE&amp;utm_content=&amp;utm_term=&amp;xtor=EREC-83-[QUOTIDIENNE]-20210425&amp;M_BT=1193768211483\">Livre de Hisham Matar&nbsp;:Avec Sienne comme avec soi-m\u00eame<\/a> (en-attendant-nadeau-blog MDP)<\/p>\n\n\n\n<p class=\"has-vivid-red-color has-text-color\"><strong>26 avril en continu<\/strong><\/p>\n\n\n\n<p>\u200b<a href=\"https:\/\/www.francetvinfo.fr\/culture\/cinema\/oscars\/cinema-nomadland-de-la-chinoise-chloe-zhao-grand-favori-des-oscars_4384949.html#xtor=EPR-2-[newsletterquotidienne]-20210425-[lestitres-coldroite\/titre7]\">Cin\u00e9ma&nbsp;: \u00ab\u00a0Nomadland\u00a0\u00bb, de la Chinoise Chlo\u00e9 Zhao, grand favori des Oscars <\/a>(franceinfo)<\/p>\n\n\n\n<p><a href=\"https:\/\/www.laprovence.com\/article\/societe\/6333105\/ce-samedi-dans-la-provence-arles-un-tresor-romain-a-faire-renaitre.html\">Arles : un tr\u00e9sor romain \u00e0 faire rena\u00eetre<\/a> (La Provence)\u200b<\/p>\n\n\n\n<figure class=\"wp-block-image size-large is-resized\"><img data-recalc-dims=\"1\" loading=\"lazy\" decoding=\"async\" src=\"https:\/\/i0.wp.com\/www.rdpemancipation.org\/wp-content\/uploads\/2021\/04\/image-171.png?resize=495%2C279&#038;ssl=1\" alt=\"\" class=\"wp-image-27433\" width=\"495\" height=\"279\" srcset=\"https:\/\/i0.wp.com\/www.rdpemancipation.org\/wp-content\/uploads\/2021\/04\/image-171.png?w=990&amp;ssl=1 990w, https:\/\/i0.wp.com\/www.rdpemancipation.org\/wp-content\/uploads\/2021\/04\/image-171.png?resize=300%2C169&amp;ssl=1 300w, https:\/\/i0.wp.com\/www.rdpemancipation.org\/wp-content\/uploads\/2021\/04\/image-171.png?resize=768%2C432&amp;ssl=1 768w\" sizes=\"auto, (max-width: 495px) 100vw, 495px\" \/><\/figure>\n\n\n\n<p><a href=\"https:\/\/france3-regions.francetvinfo.fr\/provence-alpes-cote-d-azur\/alpes-maritimes\/menton\/toujours-pas-deconfine-le-monde-de-la-culture-de-la-cote-d-azur-lutte-pour-ne-pas-sombrer-2058691.html#xtor=EPR-521-[france3regions]-20210424-[info-bouton6]&amp;pid=726375-1586509211-9facd8a7\">Toujours pas d\u00e9confin\u00e9, le monde de la culture de la C\u00f4te d&rsquo;Azur lutte pour ne pas sombrer<\/a> (france3)<\/p>\n\n\n\n<figure class=\"wp-block-image size-large is-resized\"><img data-recalc-dims=\"1\" loading=\"lazy\" decoding=\"async\" src=\"https:\/\/i0.wp.com\/www.rdpemancipation.org\/wp-content\/uploads\/2021\/04\/image-170.png?resize=233%2C155&#038;ssl=1\" alt=\"\" class=\"wp-image-27432\" width=\"233\" height=\"155\" srcset=\"https:\/\/i0.wp.com\/www.rdpemancipation.org\/wp-content\/uploads\/2021\/04\/image-170.png?w=930&amp;ssl=1 930w, https:\/\/i0.wp.com\/www.rdpemancipation.org\/wp-content\/uploads\/2021\/04\/image-170.png?resize=300%2C200&amp;ssl=1 300w, https:\/\/i0.wp.com\/www.rdpemancipation.org\/wp-content\/uploads\/2021\/04\/image-170.png?resize=768%2C512&amp;ssl=1 768w\" sizes=\"auto, (max-width: 233px) 100vw, 233px\" \/><\/figure>\n\n\n\n<p><a href=\"https:\/\/www.mediapart.fr\/journal\/economie\/240421\/ceret-les-habitants-se-mobilisent-pour-garder-leur-librairie?utm_source=20210424&amp;utm_medium=email&amp;utm_campaign=QUOTIDIENNE&amp;utm_content=&amp;utm_term=&amp;xtor=EREC-83-[QUOTIDIENNE]-20210424&amp;M_BT=1193768211483\">A C\u00e9ret,Pyr\u00e9n\u00e9es Orientales, les habitants se mobilisent pour garder leur librairie<\/a> (MDP)<\/p>\n\n\n\n<p><a href=\"https:\/\/blogs.mediapart.fr\/lepistolero\/blog\/240421\/le-tweetanic?utm_source=20210424&amp;utm_medium=email&amp;utm_campaign=QUOTIDIENNE&amp;utm_content=&amp;utm_term=&amp;xtor=EREC-83-[QUOTIDIENNE]-20210424&amp;M_BT=1193768211483\">Avant le Tweetanic, le t\u00e9l\u00e9gramme<\/a> (l\u2019epistol\u00e9ro- MDP)<\/p>\n\n\n\n<p class=\"has-vivid-red-color has-text-color\"><strong>25 avril en continu<\/strong><\/p>\n\n\n\n<p><a href=\"https:\/\/www.liberation.fr\/culture\/musique\/francoiz-breut-rapportee-par-la-foule-20210421_PSPEVOGMAFFJRCUVQGCU6SPN2M\/?xtor=EREC-31-%5BLib%C3%A9culture_samedi__2021-04-23_1%5D-&amp;actId=ebwp0YMB8s1_OGEGSsDRkNUcvuQDVN7a57ET3fWtrS_9o2H3YnSh-tlErCsS7SWS&amp;actCampaignType=CAMPAIGN_MAIL&amp;actSource=508816\">La chanteuse Fran\u00e7oiz Breut, rapport\u00e9e par \u00abla Foule\u00bb<\/a> (Lib\u00e9)<\/p>\n\n\n\n<p>\u200b<a href=\"https:\/\/www.liberation.fr\/culture\/livres\/jean-genet-en-toute-transparence-20210423_CVABM3IWLZB6BPRLQ4DGRAFBI4\/?xtor=EREC-31-%5BLib%C3%A9culture_samedi__2021-04-23_1%5D-&amp;actId=ebwp0YMB8s1_OGEGSsDRkNUcvuQDVN7a57ET3fWtrS_9o2H3YnSh-tlErCsS7SWS&amp;actCampaignType=CAMPAIGN_MAIL&amp;actSource=508816\">Archives&nbsp;: Jean Genet en toute transparence<\/a> (Lib\u00e9)<\/p>\n\n\n\n<figure class=\"wp-block-image size-large is-resized\"><img data-recalc-dims=\"1\" loading=\"lazy\" decoding=\"async\" src=\"https:\/\/i0.wp.com\/www.rdpemancipation.org\/wp-content\/uploads\/2021\/04\/image-166.png?resize=400%2C270&#038;ssl=1\" alt=\"\" class=\"wp-image-27291\" width=\"400\" height=\"270\" srcset=\"https:\/\/i0.wp.com\/www.rdpemancipation.org\/wp-content\/uploads\/2021\/04\/image-166.png?w=800&amp;ssl=1 800w, https:\/\/i0.wp.com\/www.rdpemancipation.org\/wp-content\/uploads\/2021\/04\/image-166.png?resize=300%2C203&amp;ssl=1 300w, https:\/\/i0.wp.com\/www.rdpemancipation.org\/wp-content\/uploads\/2021\/04\/image-166.png?resize=768%2C518&amp;ssl=1 768w\" sizes=\"auto, (max-width: 400px) 100vw, 400px\" \/><figcaption><br>Jean Genet \u00e0 un meeting des Black Panthers, dans le Connecticut, en 1970.&nbsp;(David Fenton\/Getty Images)<\/figcaption><\/figure>\n\n\n\n<p>\u200b<a href=\"https:\/\/www.liberation.fr\/culture\/musique\/vente-definitive-de-droits-dauteur-la-speculation-entre-en-chanson-20210423_TBYW32BYLJEVRBK2NHCNAKNIYU\/?xtor=EREC-26-%5BNL_abo_soir_2021-04-23%5D-&amp;actId=ebwp0YMB8s1_OGEGSsDRkNUcvuQDVN7a57ET3fWtrS_9o2H3YnSh-tlErCsS7SWS&amp;actCampaignType=CAMPAIGN_MAIL&amp;actSource=508820\">Vente d\u00e9finitive de droits d\u2019auteur : la sp\u00e9culation entre en chanson<\/a> (Lib\u00e9)<\/p>\n\n\n\n<p>\u200b<a href=\"https:\/\/www.liberation.fr\/culture\/livres\/quarante-ans-de-prix-unique-mon-livre-ma-bataille-20210423_DMKNTQBTYVB2JBZNMMVYZ76SNI\/?xtor=EREC-26-%5BNL_abo_soir_2021-04-23%5D-&amp;actId=ebwp0YMB8s1_OGEGSsDRkNUcvuQDVN7a57ET3fWtrS_9o2H3YnSh-tlErCsS7SWS&amp;actCampaignType=CAMPAIGN_MAIL&amp;actSource=508820\"><u>Loi Lang&nbsp;: Quarante ans de prix unique&nbsp;: mon livre ma bataille<\/u><\/a> (Lib\u00e9)<\/p>\n\n\n\n<figure class=\"wp-block-image size-large is-resized\"><img data-recalc-dims=\"1\" loading=\"lazy\" decoding=\"async\" src=\"https:\/\/i0.wp.com\/www.rdpemancipation.org\/wp-content\/uploads\/2021\/04\/image-165.png?resize=171%2C256&#038;ssl=1\" alt=\"\" class=\"wp-image-27289\" width=\"171\" height=\"256\" srcset=\"https:\/\/i0.wp.com\/www.rdpemancipation.org\/wp-content\/uploads\/2021\/04\/image-165.png?resize=683%2C1024&amp;ssl=1 683w, https:\/\/i0.wp.com\/www.rdpemancipation.org\/wp-content\/uploads\/2021\/04\/image-165.png?resize=200%2C300&amp;ssl=1 200w, https:\/\/i0.wp.com\/www.rdpemancipation.org\/wp-content\/uploads\/2021\/04\/image-165.png?resize=768%2C1151&amp;ssl=1 768w, https:\/\/i0.wp.com\/www.rdpemancipation.org\/wp-content\/uploads\/2021\/04\/image-165.png?w=800&amp;ssl=1 800w\" sizes=\"auto, (max-width: 171px) 100vw, 171px\" \/><\/figure>\n\n\n\n<p><a href=\"https:\/\/www.francetvinfo.fr\/culture\/musique-fascinant-poetique-et-tourmente-le-genie-jim-morrison_4382221.html#xtor=EPR-2-[newsletterquotidienne]-20210424-[lesimages\/image4]\">The Doors : fascinant, po\u00e9tique et tourment\u00e9, le g\u00e9nie du chanteur Jim Morrison <\/a>(Vid\u00e9o-franceinfo)<\/p>\n\n\n\n<p><a href=\"https:\/\/www.mediapart.fr\/journal\/culture-idees\/230421\/en-belgique-la-culture-se-deconfine-sans-autorisation?utm_source=20210423&amp;utm_medium=email&amp;utm_campaign=QUOTIDIENNE&amp;utm_content=&amp;utm_term=&amp;xtor=EREC-83-[QUOTIDIENNE]-20210423&amp;M_BT=1193768211483\">En Belgique, la culture se d\u00e9confine sans autorisation<\/a> (MDP)<\/p>\n\n\n\n<p>\u200b<a href=\"https:\/\/www.liberation.fr\/culture\/musique\/cinq-albums-de-remix-qui-osent-des-relectures-epatantes-20210424_BQ7RG7SBSFBMNONPPAZO5GLZKM\/?redirected=1\">Ces albums de remix qui osent des relectures \u00e9patantes<\/a> (Lib\u00e9)<\/p>\n\n\n\n<p>\u200b<a href=\"https:\/\/blogs.mediapart.fr\/yves-faucoup\/blog\/220421\/fete-et-lutte-permanentes-d-artistes-intermittents?utm_source=20210423&amp;utm_medium=email&amp;utm_campaign=QUOTIDIENNE&amp;utm_content=&amp;utm_term=&amp;xtor=EREC-83-[QUOTIDIENNE]-20210423&amp;M_BT=1193768211483\">F\u00eate et lutte permanentes d\u2019artistes intermittents<\/a> (Blog-M\u00e9diapart)<\/p>\n\n\n\n<p class=\"has-vivid-red-color has-text-color\"><strong>24 avril en continu<\/strong><\/p>\n\n\n\n<p>Archive: <a href=\"https:\/\/www.franceinter.fr\/emissions\/autant-en-emporte-l-histoire\/autant-en-emporte-l-histoire-24-novembre-2019?xtor=EPR-7&amp;actId=ebwp0YMB8s0XXev-swTWi6FWgZQt9biALyr5FYI13OqHU8b5N-PEJQr_g_XETQRH&amp;actCampaignType=CAMPAIGN_MAIL&amp;actSource=652249#xtor=7-[cult25112019]\">24 novembre 1919: Guillaume Apollinaire a vol\u00e9 la Joconde !<\/a> (france-inter)<\/p>\n\n\n\n<figure class=\"wp-block-image size-large is-resized\"><img data-recalc-dims=\"1\" loading=\"lazy\" decoding=\"async\" src=\"https:\/\/i0.wp.com\/www.rdpemancipation.org\/wp-content\/uploads\/2021\/04\/image-161.png?resize=512%2C321&#038;ssl=1\" alt=\"\" class=\"wp-image-27176\" width=\"512\" height=\"321\" srcset=\"https:\/\/i0.wp.com\/www.rdpemancipation.org\/wp-content\/uploads\/2021\/04\/image-161.png?resize=1024%2C641&amp;ssl=1 1024w, https:\/\/i0.wp.com\/www.rdpemancipation.org\/wp-content\/uploads\/2021\/04\/image-161.png?resize=300%2C188&amp;ssl=1 300w, https:\/\/i0.wp.com\/www.rdpemancipation.org\/wp-content\/uploads\/2021\/04\/image-161.png?resize=768%2C481&amp;ssl=1 768w, https:\/\/i0.wp.com\/www.rdpemancipation.org\/wp-content\/uploads\/2021\/04\/image-161.png?w=1136&amp;ssl=1 1136w\" sizes=\"auto, (max-width: 512px) 100vw, 512px\" \/><\/figure>\n\n\n\n<p><em>Guillaume Apollinaire, \u00e9crivain, po\u00e8te, critique et dramaturge fran\u00e7ais&#8230; photographi\u00e9 \u00e0 Paris en 1909 \u00a9 Getty \/ Mondadori<\/em><\/p>\n\n\n\n<p>\u200b\u200b<a href=\"https:\/\/www.espaces-latinos.org\/archives\/98773?utm_source=Sarbacane&amp;utm_medium=email&amp;utm_campaign=News%2022%20avril%202021\">\u00ab Voyages aux Am\u00e9riques \u00bb : les cultures latino-am\u00e9ricaines \u00e0 l\u2019honneur sur Arte<\/a> (espaces-latinos)<\/p>\n\n\n\n<p>\u200b<a href=\"https:\/\/www.liberation.fr\/culture\/livres\/la-saga-des-camondo-en-toutes-lettres-20210422_TPCMYDNF5RBBDPSVLAAVDVDETE\/?xtor=EREC-25-%5BNL_quot_matin_2021-04-22%5D-&amp;actId=ebwp0YMB8s1_OGEGSsDRkNUcvuQDVN7a57ET3fWtrS_9o2H3YnSh-tlErCsS7SWS&amp;actCampaignType=CAMPAIGN_MAIL&amp;actSource=508747\">Livre du britannique Edmund de Vaal&nbsp;: La saga des Camondo, en toutes lettres<\/a> (Lib\u00e9)<\/p>\n\n\n\n<p><a href=\"https:\/\/www.espaces-latinos.org\/archives\/98757?utm_source=Sarbacane&amp;utm_medium=email&amp;utm_campaign=News%2022%20avril%202021\">\u00ab\u202fOlinka\u202f\u00bb de l\u2019\u00e9crivain mexicain Antonio Ortu\u00f1o publi\u00e9 aux \u00c9ditions Christian Bourgois<\/a>(espaces- latinos)<\/p>\n\n\n\n<p class=\"has-vivid-red-color has-text-color\"><strong>\u200b23 avril en continu<\/strong><\/p>\n\n\n\n<p>\u200b<a href=\"https:\/\/www.franceinter.fr\/emissions\/very-good-trip\/very-good-trip-22-avril-2021#xtor=EPR-5-[Meilleur22042021]\">Rediffusion&nbsp;: Parfois, il neige en avril : Prince, rocker psych\u00e9d\u00e9lique et visionnaire<\/a> (france-inter)<\/p>\n\n\n\n<figure class=\"wp-block-image size-large is-resized\"><img data-recalc-dims=\"1\" loading=\"lazy\" decoding=\"async\" src=\"https:\/\/i0.wp.com\/www.rdpemancipation.org\/wp-content\/uploads\/2021\/04\/image-160.png?resize=512%2C333&#038;ssl=1\" alt=\"\" class=\"wp-image-27170\" width=\"512\" height=\"333\" srcset=\"https:\/\/i0.wp.com\/www.rdpemancipation.org\/wp-content\/uploads\/2021\/04\/image-160.png?resize=1024%2C665&amp;ssl=1 1024w, https:\/\/i0.wp.com\/www.rdpemancipation.org\/wp-content\/uploads\/2021\/04\/image-160.png?resize=300%2C195&amp;ssl=1 300w, https:\/\/i0.wp.com\/www.rdpemancipation.org\/wp-content\/uploads\/2021\/04\/image-160.png?resize=768%2C499&amp;ssl=1 768w, https:\/\/i0.wp.com\/www.rdpemancipation.org\/wp-content\/uploads\/2021\/04\/image-160.png?w=1136&amp;ssl=1 1136w\" sizes=\"auto, (max-width: 512px) 100vw, 512px\" \/><figcaption><br><em>L\u2019auteur-compositeur-interpr\u00e8te, multi-instrumentiste et producteur Prince sur sc\u00e8ne lors de la tourn\u00e9e 1984 Purple Rain le 4 novembre 1984, \u00e0 la Joe Louis Arena de Detroit, Michigan. \u00a9 Getty \/ Ross Marino<\/em><\/figcaption><\/figure>\n\n\n\n<p><a href=\"https:\/\/www.francetvinfo.fr\/culture\/musique\/rolling-stones\/musique-sticky-fingers-l-album-mythique-des-rolling-stones-a-50-ans_4379597.html#xtor=EPR-502-[newslettervideo]-20210422-[video3]\">Sticky Fingers, l&rsquo;album mythique des Rolling Stones, a 50 ans<\/a><\/p>\n\n\n\n<p><a href=\"https:\/\/france3-regions.francetvinfo.fr\/provence-alpes-cote-d-azur\/il-aurait-fourni-l-arme-a-l-auteur-de-l-attentat-de-nice-un-homme-a-ete-arrete-en-italie-2056756.html#xtor=EPR-521-[france3regions]-20210422-[info-bouton5]&amp;pid=726375-1586509211-9facd8a7\">Akenaton&nbsp;: \u00abJe suis un enfant de la violence et un adulte de la paix, ce que j\u2019ai vu de Marseille \u00e0 New York m\u2019a fa\u00e7onn\u00e9 pour le reste de ma vie.\u00bb<\/a><\/p>\n\n\n\n<p><a href=\"https:\/\/www.liberation.fr\/culture\/scenes\/au-piccolo-teatro-de-milan-la-culture-sur-un-air-de-lutte-20210418_SW3AR35NFRAKZB7B4VMLQDP5LU\/?xtor=EREC-31-%5BNL_Culture__2021-04-22%5D-&amp;actId=ebwp0YMB8s1_OGEGSsDRkNUcvuQDVN7a57ET3fWtrS_9o2H3YnSh-tlErCsS7SWS&amp;actCampaignType=CAMPAIGN_MAIL&amp;actSource=508761\">Au Piccolo Teatro de Milan, la culture sur un air de lutte<\/a> (Lib\u00e9)<\/p>\n\n\n\n<figure class=\"wp-block-image size-large is-resized\"><img data-recalc-dims=\"1\" loading=\"lazy\" decoding=\"async\" src=\"https:\/\/i0.wp.com\/www.rdpemancipation.org\/wp-content\/uploads\/2021\/04\/image-159.png?resize=400%2C266&#038;ssl=1\" alt=\"\" class=\"wp-image-27168\" width=\"400\" height=\"266\" srcset=\"https:\/\/i0.wp.com\/www.rdpemancipation.org\/wp-content\/uploads\/2021\/04\/image-159.png?w=800&amp;ssl=1 800w, https:\/\/i0.wp.com\/www.rdpemancipation.org\/wp-content\/uploads\/2021\/04\/image-159.png?resize=300%2C200&amp;ssl=1 300w, https:\/\/i0.wp.com\/www.rdpemancipation.org\/wp-content\/uploads\/2021\/04\/image-159.png?resize=768%2C511&amp;ssl=1 768w\" sizes=\"auto, (max-width: 400px) 100vw, 400px\" \/><\/figure>\n\n\n\n<h1 class=\"has-vivid-red-color has-text-color has-normal-font-size wp-block-heading\"><strong>\u200b\u200b22 avril en continu<\/strong><\/h1>\n\n\n\n<p>\u200b\u200b<a href=\"https:\/\/www.liberation.fr\/culture\/livres\/jeudi-polar-des-auteurs-de-noir-semparent-de-la-commune-20210422_5TCLGISEEFCWDHISM4FCCAJLZM\/\">Jeudi polar : des auteurs de noir s\u2019emparent de la Commune<\/a> (Lib\u00e9)<\/p>\n\n\n\n<p><a href=\"https:\/\/www.liberation.fr\/culture\/livres\/connus-a-cette-adresse-20210421_LVUNJBDJNVDYXKWBXLVA2N2WS4\/?xtor=EREC-31-%5BNL_Culture__2021-04-22%5D-&amp;actId=ebwp0YMB8s1_OGEGSsDRkNUcvuQDVN7a57ET3fWtrS_9o2H3YnSh-tlErCsS7SWS&amp;actCampaignType=CAMPAIGN_MAIL&amp;actSource=508761\">Livres r\u00e9cents sur Paris&nbsp;: Connus \u00e0 cette adresse<\/a> (Lib\u00e9)<\/p>\n\n\n\n<figure class=\"wp-block-image size-large is-resized\"><img data-recalc-dims=\"1\" loading=\"lazy\" decoding=\"async\" src=\"https:\/\/i0.wp.com\/www.rdpemancipation.org\/wp-content\/uploads\/2021\/04\/image-158.png?resize=400%2C267&#038;ssl=1\" alt=\"\" class=\"wp-image-27162\" width=\"400\" height=\"267\" srcset=\"https:\/\/i0.wp.com\/www.rdpemancipation.org\/wp-content\/uploads\/2021\/04\/image-158.png?w=800&amp;ssl=1 800w, https:\/\/i0.wp.com\/www.rdpemancipation.org\/wp-content\/uploads\/2021\/04\/image-158.png?resize=300%2C200&amp;ssl=1 300w, https:\/\/i0.wp.com\/www.rdpemancipation.org\/wp-content\/uploads\/2021\/04\/image-158.png?resize=768%2C512&amp;ssl=1 768w\" sizes=\"auto, (max-width: 400px) 100vw, 400px\" \/><figcaption><br>Rue F\u00e9rou, \u00e0 Paris, \u00able Bateau ivre\u00bb d&rsquo;Arthur Rimbaud, sur le mur de l&rsquo;h\u00f4tel des Finances.&nbsp;(Franck Guiziou\/hemis)<\/figcaption><\/figure>\n\n\n\n<h1 class=\"has-normal-font-size wp-block-heading\">\u200b<a href=\"https:\/\/www.liberation.fr\/idees-et-debats\/monique-canto-sperber-les-adeptes-de-la-parole-sans-tabous-comme-les-nouveaux-censeurs-visent-a-installer-une-hegemonie-sur-la-parole-publique-20210421_T25FXPJF5ZEOHM3JUVIXXG3WSA\/?xtor=EREC-26-%5BNL_abo_soir_2021-04-22%5D-&amp;actId=ebwp0YMB8s1_OGEGSsDRkNUcvuQDVN7a57ET3fWtrS_9o2H3YnSh-tlErCsS7SWS&amp;actCampaignType=CAMPAIGN_MAIL&amp;actSource=508785\">Essai: Monique Canto-Sperber&nbsp;: \u00abLes adeptes de la parole sans tabous comme les nouveaux censeurs visent \u00e0 installer une h\u00e9g\u00e9monie sur la parole publique\u00bb<\/a> (Lib\u00e9)<\/h1>\n\n\n\n<p><a href=\"https:\/\/www.francetvinfo.fr\/culture\/musique\/chanson-francaise\/chanson-francaise-le-centenaire-de-georges-brassens-celebre-a-sete_4380847.html#xtor=EPR-2-[newsletterquotidienne]-20210423-[lesimages\/image2]\">Chanson fran\u00e7aise : le centenaire de Georges Brassens c\u00e9l\u00e9br\u00e9 \u00e0 S\u00e8te <\/a>(vid\u00e9o-franceinfo)<\/p>\n\n\n\n<p class=\"has-vivid-red-color has-text-color\"><strong>\u200b21 avril en continu<\/strong><\/p>\n\n\n\n<p>\u200b<a href=\"https:\/\/www.franceinter.fr\/emissions\/l-heure-bleue\/l-heure-bleue-20-avril-2021#xtor=EPR-5-[Meilleur21042021]\">Ariane Mnouchkine : la col\u00e8re d\u2019une metteuse en sc\u00e8ne<\/a> (franceinter)<\/p>\n\n\n\n<figure class=\"wp-block-image size-large is-resized\"><img data-recalc-dims=\"1\" loading=\"lazy\" decoding=\"async\" src=\"https:\/\/i0.wp.com\/www.rdpemancipation.org\/wp-content\/uploads\/2021\/04\/image-143.png?resize=512%2C341&#038;ssl=1\" alt=\"\" class=\"wp-image-26924\" width=\"512\" height=\"341\" srcset=\"https:\/\/i0.wp.com\/www.rdpemancipation.org\/wp-content\/uploads\/2021\/04\/image-143.png?resize=1024%2C682&amp;ssl=1 1024w, https:\/\/i0.wp.com\/www.rdpemancipation.org\/wp-content\/uploads\/2021\/04\/image-143.png?resize=300%2C200&amp;ssl=1 300w, https:\/\/i0.wp.com\/www.rdpemancipation.org\/wp-content\/uploads\/2021\/04\/image-143.png?resize=768%2C512&amp;ssl=1 768w, https:\/\/i0.wp.com\/www.rdpemancipation.org\/wp-content\/uploads\/2021\/04\/image-143.png?w=1136&amp;ssl=1 1136w\" sizes=\"auto, (max-width: 512px) 100vw, 512px\" \/><\/figure>\n\n\n\n<p>\u200b<a href=\"https:\/\/www.liberation.fr\/culture\/cinema\/time-american-drame-20210420_2DMDXHIB7JCMZGZM7QTQWWRFDE\/?xtor=EREC-26-%5BNL_abo_soir_2021-04-20%5D-&amp;actId=ebwp0YMB8s1_OGEGSsDRkNUcvuQDVN7a57ET3fWtrS_9o2H3YnSh-tlErCsS7SWS&amp;actCampaignType=CAMPAIGN_MAIL&amp;actSource=508722\">Film documentaire&nbsp;: \u00abTime\u00bb, american drame<\/a> (Lib\u00e9)<\/p>\n\n\n\n<p><a href=\"https:\/\/www.liberation.fr\/culture\/scenes\/la-porte-doree-sous-toutes-les-moutures-20210420_3WTVCHWWX5EFDLHNKBC24ZEZII\/?redirected=1\">Films&nbsp;: La Porte Dor\u00e9e sous toutes les moutures<\/a> (Lib\u00e9)<\/p>\n\n\n\n<figure class=\"wp-block-image size-large is-resized\"><img data-recalc-dims=\"1\" loading=\"lazy\" decoding=\"async\" src=\"https:\/\/i0.wp.com\/www.rdpemancipation.org\/wp-content\/uploads\/2021\/04\/image-144.png?resize=400%2C225&#038;ssl=1\" alt=\"\" class=\"wp-image-26928\" width=\"400\" height=\"225\" srcset=\"https:\/\/i0.wp.com\/www.rdpemancipation.org\/wp-content\/uploads\/2021\/04\/image-144.png?w=800&amp;ssl=1 800w, https:\/\/i0.wp.com\/www.rdpemancipation.org\/wp-content\/uploads\/2021\/04\/image-144.png?resize=300%2C169&amp;ssl=1 300w, https:\/\/i0.wp.com\/www.rdpemancipation.org\/wp-content\/uploads\/2021\/04\/image-144.png?resize=768%2C432&amp;ssl=1 768w\" sizes=\"auto, (max-width: 400px) 100vw, 400px\" \/><figcaption><br>La danseuse et chor\u00e9graphe Wanjiru Kamuyu, dans \u00abla Visite\u00bb, de Tommy Pascal.&nbsp;(Palais de la Porte Dor\u00e9e)<\/figcaption><\/figure>\n\n\n\n<p><a href=\"https:\/\/www.franceinter.fr\/emissions\/le-mur-du-son\/le-mur-du-son-21-avril-2021#xtor=EPR-5-[Meilleur21042021]\">Prince, le king de Minneapolis nous a quitt\u00e9s il y a 5 ans, mais nous laisse des albums et des lives cultes !<\/a> (franceinter)<\/p>\n\n\n\n<p><a href=\"https:\/\/www.liberation.fr\/culture\/cinema\/fernando-di-leo-le-soprano-20210417_B2PJ7W4IYZEE7O6OF2MNK5NKSA\/?xtor=EREC-31-%5BNL_Culture__2021-04-19_3%5D-&amp;actId=ebwp0YMB8s1_OGEGSsDRkNUcvuQDVN7a57ET3fWtrS_9o2H3YnSh-tlErCsS7SWS&amp;actCampaignType=CAMPAIGN_MAIL&amp;actSource=508695\">Cin\u00e9 italien&nbsp;: r\u00e9\u00e9dition de la \u00ab&nbsp;trilogie du milieu&nbsp;: Fernando Di Leo, le soprano<\/a> (Lib\u00e9)<\/p>\n\n\n\n<figure class=\"wp-block-image size-large is-resized\"><img data-recalc-dims=\"1\" loading=\"lazy\" decoding=\"async\" src=\"https:\/\/i0.wp.com\/www.rdpemancipation.org\/wp-content\/uploads\/2021\/04\/image-138.png?resize=400%2C306&#038;ssl=1\" alt=\"\" class=\"wp-image-26733\" width=\"400\" height=\"306\" srcset=\"https:\/\/i0.wp.com\/www.rdpemancipation.org\/wp-content\/uploads\/2021\/04\/image-138.png?w=800&amp;ssl=1 800w, https:\/\/i0.wp.com\/www.rdpemancipation.org\/wp-content\/uploads\/2021\/04\/image-138.png?resize=300%2C229&amp;ssl=1 300w, https:\/\/i0.wp.com\/www.rdpemancipation.org\/wp-content\/uploads\/2021\/04\/image-138.png?resize=768%2C587&amp;ssl=1 768w\" sizes=\"auto, (max-width: 400px) 100vw, 400px\" \/><figcaption><br>Milan calibre 9 (1972) premier volet de la trilogie de Fernando Di Leo.&nbsp;(Elephant Films)<br><\/figcaption><\/figure>\n\n\n\n<p><a href=\"https:\/\/www.liberation.fr\/idees-et-debats\/tribunes\/non-a-la-mise-a-larret-du-monde-culturel-20210419_ZFTQWZ3RAVGWZN27X5SCC5NIZA\/?xtor=EREC-26-%5BNL_abo_soir_2021-04-19%5D-&amp;actId=ebwp0YMB8s1_OGEGSsDRkNUcvuQDVN7a57ET3fWtrS_9o2H3YnSh-tlErCsS7SWS&amp;actCampaignType=CAMPAIGN_MAIL&amp;actSource=508697\">Tribune&nbsp;: Non \u00e0 la mise \u00e0 l\u2019arr\u00eat du monde culturel<\/a> (Lib\u00e9)<\/p>\n\n\n\n<figure class=\"wp-block-image size-large is-resized\"><img data-recalc-dims=\"1\" loading=\"lazy\" decoding=\"async\" src=\"https:\/\/i0.wp.com\/www.rdpemancipation.org\/wp-content\/uploads\/2021\/04\/image-135.png?resize=400%2C267&#038;ssl=1\" alt=\"\" class=\"wp-image-26724\" width=\"400\" height=\"267\" srcset=\"https:\/\/i0.wp.com\/www.rdpemancipation.org\/wp-content\/uploads\/2021\/04\/image-135.png?w=800&amp;ssl=1 800w, https:\/\/i0.wp.com\/www.rdpemancipation.org\/wp-content\/uploads\/2021\/04\/image-135.png?resize=300%2C200&amp;ssl=1 300w, https:\/\/i0.wp.com\/www.rdpemancipation.org\/wp-content\/uploads\/2021\/04\/image-135.png?resize=768%2C512&amp;ssl=1 768w\" sizes=\"auto, (max-width: 400px) 100vw, 400px\" \/><figcaption><br>Le mus\u00e9e ferm\u00e9 de Millau (Aveyron), le 5 mars.&nbsp;(David Richard\/Transit pour Lib\u00e9ration)<\/figcaption><\/figure>\n\n\n\n<p><a href=\"https:\/\/www.liberation.fr\/livres\/2020\/05\/08\/la-recette-du-sussex-d-elizabeth-jane-howard_1787797\/?xtor=EREC-31-%5BNL_Culture__2021-04-19_3%5D-&amp;actId=ebwp0YMB8s1_OGEGSsDRkNUcvuQDVN7a57ET3fWtrS_9o2H3YnSh-tlErCsS7SWS&amp;actCampaignType=CAMPAIGN_MAIL&amp;actSource=508695\">Pourquoi \u00e7a marche&nbsp;: La recette du Sussex d\u2019Elizabeth Jane Howard (\u00e9t\u00e9s anglais)<\/a> (Lib\u00e9)<\/p>\n\n\n\n<p>\u200b<a href=\"https:\/\/www.liberation.fr\/culture\/jeux-video\/it-takes-two-la-fete-des-paires-20210416_E7VLJ3F64VAOFDNN646X6TPGFE\/?redirected=1&amp;xtor=EREC-31-%5BNL_Culture__2021-04-19_3%5D-&amp;actId=ebwp0YMB8s1_OGEGSsDRkNUcvuQDVN7a57ET3fWtrS_9o2H3YnSh-tlErCsS7SWS&amp;actCampaignType=CAMPAIGN_MAIL&amp;actSource=508695\">Jeu vid\u00e9o \u00e0 deux&nbsp;: \u00abIt Takes Two\u00bb, la f\u00eate des paires<\/a> (Lib\u00e9)<\/p>\n\n\n\n<p>\u200b<a href=\"https:\/\/www.liberation.fr\/culture\/arts\/photo-interieur-queer-20210416_FDFDIQKNS5B2RGL7Z5P3DSYOL4\/?xtor=EREC-31-%5BNL_Culture__2021-04-19_3%5D-&amp;actId=ebwp0YMB8s1_OGEGSsDRkNUcvuQDVN7a57ET3fWtrS_9o2H3YnSh-tlErCsS7SWS&amp;actCampaignType=CAMPAIGN_MAIL&amp;actSource=508695\">Images&nbsp;: Photo, int\u00e9rieur queer<\/a> (Lib\u00e9)<\/p>\n\n\n\n<figure class=\"wp-block-image size-large is-resized\"><img data-recalc-dims=\"1\" loading=\"lazy\" decoding=\"async\" src=\"https:\/\/i0.wp.com\/www.rdpemancipation.org\/wp-content\/uploads\/2021\/04\/image-137.png?resize=365%2C512&#038;ssl=1\" alt=\"\" class=\"wp-image-26730\" width=\"365\" height=\"512\" srcset=\"https:\/\/i0.wp.com\/www.rdpemancipation.org\/wp-content\/uploads\/2021\/04\/image-137.png?resize=729%2C1024&amp;ssl=1 729w, https:\/\/i0.wp.com\/www.rdpemancipation.org\/wp-content\/uploads\/2021\/04\/image-137.png?resize=213%2C300&amp;ssl=1 213w, https:\/\/i0.wp.com\/www.rdpemancipation.org\/wp-content\/uploads\/2021\/04\/image-137.png?resize=768%2C1079&amp;ssl=1 768w, https:\/\/i0.wp.com\/www.rdpemancipation.org\/wp-content\/uploads\/2021\/04\/image-137.png?resize=1093%2C1536&amp;ssl=1 1093w, https:\/\/i0.wp.com\/www.rdpemancipation.org\/wp-content\/uploads\/2021\/04\/image-137.png?w=1440&amp;ssl=1 1440w\" sizes=\"auto, (max-width: 365px) 100vw, 365px\" \/><figcaption><br>Sans titre (2019) de Juliana Huxtable. Photo tir\u00e9e de la revue \u00abTransgalactique\u00bb.&nbsp;(Project Native Informant)<\/figcaption><\/figure>\n\n\n\n<p><a href=\"https:\/\/www.liberation.fr\/culture\/scenes\/comedie-francaise-la-grande-maison-ne-fait-pas-relache-20210419_BVPUHQYETRFWHHVLK3Y7HFDKNU\/?redirected=1\">Com\u00e9die-Fran\u00e7aise : la Grande Maison ne fait pas rel\u00e2che<\/a> (Lib\u00e9)<\/p>\n\n\n\n<p>\u200b\u200b<a href=\"https:\/\/www.liberation.fr\/culture\/les-histoires-dauteurs-finissent-mal-en-general-20210419_SE64562FZJFWVNTR7U2U4Y7BOY\/?xtor=EREC-25-%5BNL_quot_matin_2021-04-20%5D-&amp;actId=ebwp0YMB8s1_OGEGSsDRkNUcvuQDVN7a57ET3fWtrS_9o2H3YnSh-tlErCsS7SWS&amp;actCampaignType=CAMPAIGN_MAIL&amp;actSource=508699\">Billet de Lelo Jimmy Batista&nbsp;: Les histoires d\u2019a(uteurs) finissent mal, en g\u00e9n\u00e9ral<\/a> (Lib\u00e9)<\/p>\n\n\n\n<h1 class=\"has-normal-font-size wp-block-heading\"><a href=\"https:\/\/www.laprovence.com\/article\/sorties-loisirs\/6328554\/aix-la-bd-fait-rire-et-refait-son-cinema.html\">Aix-en-Provence: la BD fait rire et refait son cin\u00e9ma<\/a> (La Provence)<\/h1>\n\n\n\n<figure class=\"wp-block-image size-large is-resized\"><img data-recalc-dims=\"1\" loading=\"lazy\" decoding=\"async\" src=\"https:\/\/i0.wp.com\/www.rdpemancipation.org\/wp-content\/uploads\/2021\/04\/image-136.png?resize=495%2C279&#038;ssl=1\" alt=\"\" class=\"wp-image-26727\" width=\"495\" height=\"279\" srcset=\"https:\/\/i0.wp.com\/www.rdpemancipation.org\/wp-content\/uploads\/2021\/04\/image-136.png?w=990&amp;ssl=1 990w, https:\/\/i0.wp.com\/www.rdpemancipation.org\/wp-content\/uploads\/2021\/04\/image-136.png?resize=300%2C169&amp;ssl=1 300w, https:\/\/i0.wp.com\/www.rdpemancipation.org\/wp-content\/uploads\/2021\/04\/image-136.png?resize=768%2C432&amp;ssl=1 768w\" sizes=\"auto, (max-width: 495px) 100vw, 495px\" \/><\/figure>\n\n\n\n<p><a href=\"https:\/\/www.historia.fr\/loeil-de\/la-m%C3%A9moire-du-passeport-et-de-la-libert%C3%A9-surveill%C3%A9e%C2%A0?utm_source=sendinblue&amp;utm_campaign=210417_EHT_HebdoConf_029&amp;utm_medium=email\">La m\u00e9moire du passeport et de la libert\u00e9 surveill\u00e9e&nbsp;<\/a> &#8211; Jean Pierre Gueno (Historia)<\/p>\n\n\n\n<p class=\"has-vivid-red-color has-text-color\"><strong>20 avril en continu<\/strong><\/p>\n\n\n\n<h1 class=\"has-normal-font-size wp-block-heading\"><a href=\"https:\/\/blogs.mediapart.fr\/zap-pow\/blog\">VIDEO&nbsp;: Musique du jour : Mike Love, chapitre 2<\/a> (zap-pow-blog M\u00e9diapart)<\/h1>\n\n\n\n<p>\u200b\u200b\u200b<a href=\"https:\/\/www.en-attendant-nadeau.fr\/2021\/04\/19\/nostalgie-privilege-bennett\/\">Livre: La nostalgie est un privil\u00e8ge-l&rsquo;\u00e9crivaine am\u00e9ricaine Brit Benett<\/a> (en-attendant-nadeau)<\/p>\n\n\n\n<figure class=\"wp-block-image size-large is-resized\"><img data-recalc-dims=\"1\" loading=\"lazy\" decoding=\"async\" src=\"https:\/\/i0.wp.com\/www.rdpemancipation.org\/wp-content\/uploads\/2021\/04\/image-131.png?resize=325%2C325&#038;ssl=1\" alt=\"\" class=\"wp-image-26575\" width=\"325\" height=\"325\" srcset=\"https:\/\/i0.wp.com\/www.rdpemancipation.org\/wp-content\/uploads\/2021\/04\/image-131.png?w=650&amp;ssl=1 650w, https:\/\/i0.wp.com\/www.rdpemancipation.org\/wp-content\/uploads\/2021\/04\/image-131.png?resize=300%2C300&amp;ssl=1 300w, https:\/\/i0.wp.com\/www.rdpemancipation.org\/wp-content\/uploads\/2021\/04\/image-131.png?resize=150%2C150&amp;ssl=1 150w\" sizes=\"auto, (max-width: 325px) 100vw, 325px\" \/><\/figure>\n\n\n\n<p><a href=\"https:\/\/www.franceinter.fr\/emissions\/dans-la-playlist-de-france-inter\/dans-la-playlist-de-france-inter-19-avril-2021#xtor=EPR-5-[Meilleur19042021]\">Musique&nbsp;: Les 50 ans de l\u2019album \u00ab\u00a0L.A. woman\u00a0\u00bb de The Doors<\/a><\/p>\n\n\n\n<figure class=\"wp-block-image size-large is-resized\"><img data-recalc-dims=\"1\" loading=\"lazy\" decoding=\"async\" src=\"https:\/\/i0.wp.com\/www.rdpemancipation.org\/wp-content\/uploads\/2021\/04\/image-130.png?resize=512%2C507&#038;ssl=1\" alt=\"\" class=\"wp-image-26572\" width=\"512\" height=\"507\" srcset=\"https:\/\/i0.wp.com\/www.rdpemancipation.org\/wp-content\/uploads\/2021\/04\/image-130.png?resize=1024%2C1014&amp;ssl=1 1024w, https:\/\/i0.wp.com\/www.rdpemancipation.org\/wp-content\/uploads\/2021\/04\/image-130.png?resize=300%2C297&amp;ssl=1 300w, https:\/\/i0.wp.com\/www.rdpemancipation.org\/wp-content\/uploads\/2021\/04\/image-130.png?resize=150%2C150&amp;ssl=1 150w, https:\/\/i0.wp.com\/www.rdpemancipation.org\/wp-content\/uploads\/2021\/04\/image-130.png?resize=768%2C761&amp;ssl=1 768w, https:\/\/i0.wp.com\/www.rdpemancipation.org\/wp-content\/uploads\/2021\/04\/image-130.png?w=1136&amp;ssl=1 1136w\" sizes=\"auto, (max-width: 512px) 100vw, 512px\" \/><\/figure>\n\n\n\n<p><a href=\"https:\/\/www.en-attendant-nadeau.fr\/2021\/04\/14\/tarabuste-lie\/\">Tarabuste : ce qui les lie : refuges de la po\u00e9sie<\/a> (en-attendant-nadeau)<\/p>\n\n\n\n<p>VIDEO: <a href=\"https:\/\/www.francetvinfo.fr\/culture\/musique\/chanson-francaise\/video-le-jour-ou-georges-brassens-se-fait-offrir-le-tout-premier-walkman-par-le-chanteur-yves-simon-qui-revient-du-japon_4375035.html#xtor=EPR-2-[newsletterquotidienne]-20210419-[lesimages\/image2]\">Le jour o\u00f9 Georges Brassens se fait offrir le tout premier walkman par le chanteur Yves Simon qui revient du Japon <\/a>(franceinfo)<\/p>\n\n\n\n<p>VIDEO: <a href=\"https:\/\/www.francetvinfo.fr\/economie\/emploi\/metiers\/crise-sanitaire-sebastien-soules-de-chanteur-d-opera-a-livreur-a-velo_4377247.html#xtor=EPR-2-[newsletterquotidienne]-20210419-[lesimages\/image4]\">Crise sanitaire : S\u00e9bastien Soules, de chanteur d&rsquo;op\u00e9ra \u00e0 livreur \u00e0 v\u00e9lo <\/a>(franceinfo)<\/p>\n\n\n\n<p class=\"has-vivid-red-color has-text-color\"><strong> 19 avril en continu<\/strong><\/p>\n\n\n\n<h1 class=\"has-normal-font-size wp-block-heading\">Ecouter: <a href=\"https:\/\/www.franceinter.fr\/emissions\/on-va-deguster\/on-va-deguster-18-avril-2021#xtor=EPR-5-[Meilleur19042021]\">Ramadan gourmand !<\/a> (franceinter)<\/h1>\n\n\n\n<figure class=\"wp-block-image size-large is-resized\"><img data-recalc-dims=\"1\" loading=\"lazy\" decoding=\"async\" src=\"https:\/\/i0.wp.com\/www.rdpemancipation.org\/wp-content\/uploads\/2021\/04\/image-129.png?resize=500%2C336&#038;ssl=1\" alt=\"\" class=\"wp-image-26565\" width=\"500\" height=\"336\" srcset=\"https:\/\/i0.wp.com\/www.rdpemancipation.org\/wp-content\/uploads\/2021\/04\/image-129.png?w=1000&amp;ssl=1 1000w, https:\/\/i0.wp.com\/www.rdpemancipation.org\/wp-content\/uploads\/2021\/04\/image-129.png?resize=300%2C201&amp;ssl=1 300w, https:\/\/i0.wp.com\/www.rdpemancipation.org\/wp-content\/uploads\/2021\/04\/image-129.png?resize=768%2C515&amp;ssl=1 768w\" sizes=\"auto, (max-width: 500px) 100vw, 500px\" \/><\/figure>\n\n\n\n<p><a href=\"https:\/\/www.francetvinfo.fr\/culture\/musique\/musique-l-engouement-autour-du-bardcore-le-medieval-rock_4376189.html#xtor=EPR-502-[newslettervideo]-20210419-[video1]\">VIDEO&nbsp;: L&rsquo;engouement autour du courant musical \u00ab\u00a0Bardcore\u00a0\u00bb, le m\u00e9di\u00e9val rock<\/a> (franceinfo)<\/p>\n\n\n\n<p><a href=\"https:\/\/blogs.mediapart.fr\/leucha\/blog\/160421\/deux-visions-de-lhistoire-derriere-les-enjeux-scientifiques-une-lutte-ideologique?utm_source=20210418&amp;utm_medium=email&amp;utm_campaign=QUOTIDIENNE&amp;utm_content=&amp;utm_term=&amp;xtor=EREC-83-[QUOTIDIENNE]-20210418&amp;M_BT=1193768211483\">Devant les tribunaux&nbsp;: Deux visions de l&rsquo;histoire: derri\u00e8re les enjeux scientifiques, une lutte id\u00e9ologique<\/a> (blog-MDP)<\/p>\n\n\n\n<p><a href=\"https:\/\/www.mediapart.fr\/journal\/international\/180421\/la-vie-imaginaire-de-max-aub?utm_source=20210418&amp;utm_medium=email&amp;utm_campaign=QUOTIDIENNE&amp;utm_content=&amp;utm_term=&amp;xtor=EREC-83-[QUOTIDIENNE]-20210418&amp;M_BT=1193768211483\">Litt\u00e9rature&nbsp;: La vie imaginaire de Max Aub<\/a> (MDP)<\/p>\n\n\n\n<p><a href=\"https:\/\/www.mediapart.fr\/journal\/culture-idees\/180421\/un-sombre-et-magnifique-espoir-les-revolutions-manquees-de-jean-cassou?utm_source=20210418&amp;utm_medium=email&amp;utm_campaign=QUOTIDIENNE&amp;utm_content=&amp;utm_term=&amp;xtor=EREC-83-[QUOTIDIENNE]-20210418&amp;M_BT=1193768211483\">Litt\u00e9rature&nbsp;: \u00abUn sombre et magnifique espoir\u00bb: les r\u00e9volutions manqu\u00e9es de Jean Cassou<\/a> (MDP)<\/p>\n\n\n\n<p>\u200b<a href=\"https:\/\/france3-regions.francetvinfo.fr\/provence-alpes-cote-d-azur\/bouches-du-rhone\/marseille\/marseille-la-reproduction-des-tresors-engloutis-de-la-grotte-cosquer-le-defi-des-plasticiens-2032474.html#xtor=EPR-521-[france3regions]-20210418-[info-bouton3]&amp;pid=726375-1586509211-9facd8a7\">Marseille : la reproduction des tr\u00e9sors engloutis de la grotte Cosquer, le d\u00e9fi des plasticiens<\/a><\/p>\n\n\n\n<figure class=\"wp-block-image size-large is-resized\"><img data-recalc-dims=\"1\" loading=\"lazy\" decoding=\"async\" src=\"https:\/\/i0.wp.com\/www.rdpemancipation.org\/wp-content\/uploads\/2021\/04\/image-128.png?resize=465%2C310&#038;ssl=1\" alt=\"\" class=\"wp-image-26560\" width=\"465\" height=\"310\" srcset=\"https:\/\/i0.wp.com\/www.rdpemancipation.org\/wp-content\/uploads\/2021\/04\/image-128.png?w=930&amp;ssl=1 930w, https:\/\/i0.wp.com\/www.rdpemancipation.org\/wp-content\/uploads\/2021\/04\/image-128.png?resize=300%2C200&amp;ssl=1 300w, https:\/\/i0.wp.com\/www.rdpemancipation.org\/wp-content\/uploads\/2021\/04\/image-128.png?resize=768%2C512&amp;ssl=1 768w\" sizes=\"auto, (max-width: 465px) 100vw, 465px\" \/><\/figure>\n\n\n\n<p class=\"has-vivid-red-color has-text-color\"><strong>18 avril en continu<\/strong><\/p>\n\n\n\n<p>\u200b\u200b\u200b<a href=\"https:\/\/www.liberation.fr\/culture\/bd\/lassociation-rebondit-sur-ses-belles-patte-de-mouche-20210410_FIE5NMGYTBE27LVOUBFMUMSCGM\/?xtor=EREC-31-%5BNL_Culture__2021-04-15%5D-&amp;actId=ebwp0YMB8s1_OGEGSsDRkNUcvuQDVN7a57ET3fWtrS_9o2H3YnSh-tlErCsS7SWS&amp;actCampaignType=CAMPAIGN_MAIL&amp;actSource=508646\">BD&nbsp;: L\u2019Association rebondit sur ses belles Patte de mouche<\/a> (Lib\u00e9)<\/p>\n\n\n\n<figure class=\"wp-block-image size-large is-resized\"><img data-recalc-dims=\"1\" loading=\"lazy\" decoding=\"async\" src=\"https:\/\/i0.wp.com\/www.rdpemancipation.org\/wp-content\/uploads\/2021\/04\/image-107.png?resize=400%2C293&#038;ssl=1\" alt=\"\" class=\"wp-image-26157\" width=\"400\" height=\"293\" srcset=\"https:\/\/i0.wp.com\/www.rdpemancipation.org\/wp-content\/uploads\/2021\/04\/image-107.png?w=800&amp;ssl=1 800w, https:\/\/i0.wp.com\/www.rdpemancipation.org\/wp-content\/uploads\/2021\/04\/image-107.png?resize=300%2C219&amp;ssl=1 300w, https:\/\/i0.wp.com\/www.rdpemancipation.org\/wp-content\/uploads\/2021\/04\/image-107.png?resize=768%2C562&amp;ssl=1 768w\" sizes=\"auto, (max-width: 400px) 100vw, 400px\" \/><figcaption><br>\u00abRichard et les quasars\u00bb de Lewis Trondheim.&nbsp;(l&rsquo;Association)<\/figcaption><\/figure>\n\n\n\n<p>\u200b<a href=\"https:\/\/www.liberation.fr\/culture\/musique\/billy-nomates-degaine-son-wight-album-20210416_B2WHRTALQFBLZBZCXPFMRK6ASQ\/?xtor=EREC-25-%5BNL_quot_matin_2021-04-16%5D-&amp;actId=ebwp0YMB8s1_OGEGSsDRkNUcvuQDVN7a57ET3fWtrS_9o2H3YnSh-tlErCsS7SWS&amp;actCampaignType=CAMPAIGN_MAIL&amp;actSource=508650\">Pop britannique&nbsp;: Billy Nomates d\u00e9gaine son Wight album<\/a> (lib\u00e9)<\/p>\n\n\n\n<p><a href=\"https:\/\/www.liberation.fr\/culture\/livres\/vassili-golovanov-mort-dun-voyageur-insense-20210415_SJPFFDEQG5BFVHE2K5W2YPL3OI\/?xtor=EREC-25-%5BNL_quot_matin_2021-04-16%5D-&amp;actId=ebwp0YMB8s1_OGEGSsDRkNUcvuQDVN7a57ET3fWtrS_9o2H3YnSh-tlErCsS7SWS&amp;actCampaignType=CAMPAIGN_MAIL&amp;actSource=508650\">Disparition de l\u2019auteur russe Vassili Golovanov, mort d\u2019un voyageur insens\u00e9<\/a> (Lib\u00e9)<\/p>\n\n\n\n<p><a href=\"https:\/\/www.liberation.fr\/culture\/cinema\/en-colombie-le-cinema-ne-seclipse-pas-20210410_LGA3DWOBYNE5JFIUJDO2Z4KBRY\/?xtor=EREC-31-%5BNL_Culture__2021-04-15%5D-&amp;actId=ebwp0YMB8s1_OGEGSsDRkNUcvuQDVN7a57ET3fWtrS_9o2H3YnSh-tlErCsS7SWS&amp;actCampaignType=CAMPAIGN_MAIL&amp;actSource=508646\">Festival de cin\u00e9ma en Colombie, le cin\u00e9ma ne s\u2019\u00e9clipse pas<\/a> (Lib\u00e9)<\/p>\n\n\n\n<figure class=\"wp-block-image size-large is-resized\"><img data-recalc-dims=\"1\" loading=\"lazy\" decoding=\"async\" src=\"https:\/\/i0.wp.com\/www.rdpemancipation.org\/wp-content\/uploads\/2021\/04\/image-106.png?resize=200%2C134&#038;ssl=1\" alt=\"\" class=\"wp-image-26153\" width=\"200\" height=\"134\" srcset=\"https:\/\/i0.wp.com\/www.rdpemancipation.org\/wp-content\/uploads\/2021\/04\/image-106.png?w=800&amp;ssl=1 800w, https:\/\/i0.wp.com\/www.rdpemancipation.org\/wp-content\/uploads\/2021\/04\/image-106.png?resize=300%2C200&amp;ssl=1 300w, https:\/\/i0.wp.com\/www.rdpemancipation.org\/wp-content\/uploads\/2021\/04\/image-106.png?resize=768%2C513&amp;ssl=1 768w\" sizes=\"auto, (max-width: 200px) 100vw, 200px\" \/><figcaption><br>Le documentaire mac\u00e9donien \u00abHoneyland\u00bb de Ljubo Stefanov.<\/figcaption><\/figure>\n\n\n\n<p><a href=\"https:\/\/www.liberation.fr\/culture\/musique\/piers-faccini-collapso-cool-20210415_JYOXW6TTUFHPTP3JOSNZFIBBRU\/?xtor=EREC-26-%5BNL_abo_soir_2021-04-15%5D-&amp;actId=ebwp0YMB8s1_OGEGSsDRkNUcvuQDVN7a57ET3fWtrS_9o2H3YnSh-tlErCsS7SWS&amp;actCampaignType=CAMPAIGN_MAIL&amp;actSource=508648\">Piers Faccini, le compositeur anglais, collapso cool<\/a> (Lib\u00e9)<\/p>\n\n\n\n<p><a href=\"https:\/\/blogs.mediapart.fr\/zap-pow\/blog\">VIDEO&nbsp;: Musique du jour : B\u0142oto <\/a>(16 avril-zap-pow-blog M\u00e9diapart)<\/p>\n\n\n\n<p><a href=\"https:\/\/www.franceinter.fr\/livres\/critique-pourquoi-le-masque-la-plume-a-adore-billy-wilder-et-moi-de-jonathan-coe#xtor=EPR-5-[Meilleur16042021]\">CRITIQUE &#8211; Pourquoi \u00ab\u00a0Le Masque &amp; la Plume\u00a0\u00bb a ador\u00e9 \u00ab\u00a0Billy Wilder et moi\u00a0\u00bb de Jonathan Coe ?<\/a> (franceinter)<\/p>\n\n\n\n<p><a href=\"https:\/\/www.franceinter.fr\/emissions\/tubes-n-co\/tubes-n-co-16-avril-2021#xtor=EPR-5-[Meilleur16042021]\">Chanson&nbsp;: \u00ab\u00a0Les Mots bleus\u00a0\u00bb de Christophe : fantasme, venin et \u00e9lectro<\/a> (franceinter)<\/p>\n\n\n\n<p class=\"has-vivid-red-color has-text-color\"><strong>\u200b\u200b16 avril en continu<\/strong><\/p>\n\n\n\n<p>\u200b<a href=\"https:\/\/france3-regions.francetvinfo.fr\/provence-alpes-cote-d-azur\/bouches-du-rhone\/marseille\/unzipped-l-exposition-consacree-aux-stones-aura-lieu-cet-ete-2046856.html#xtor=EPR-521-[france3regions]-20210415-[info-bouton5]&amp;pid=726375-1586509211-9facd8a7\">Unzipped, l\u2019exposition consacr\u00e9e aux Rolling Stones aura lieu cet \u00e9t\u00e9 \u00e0 Marseille<\/a> (Lib\u00e9)<\/p>\n\n\n\n<p>\u200b<a href=\"https:\/\/france3-regions.francetvinfo.fr\/provence-alpes-cote-d-azur\/bouches-du-rhone\/marseille\/unzipped-l-exposition-consacree-aux-stones-aura-lieu-cet-ete-2046856.html#xtor=EPR-521-[france3regions]-20210415-[info-bouton5]&amp;pid=726375-1586509211-9facd8a7\">Unzipped, l\u2019exposition consacr\u00e9e aux Rolling Stones aura lieu cet \u00e9t\u00e9 \u00e0 Marseille<\/a> (Lib\u00e9)<\/p>\n\n\n\n<p>\u200b<a href=\"https:\/\/www.liberation.fr\/culture\/livres\/ndrangheta-sur-la-route-de-la-pieuvre-20210415_FPXGO5JXGBBG3K76PNNLQXEEQQ\/?xtor=EREC-25-%5BNL_quot_matin_2021-04-15%5D-&amp;actId=ebwp0YMB8s1_OGEGSsDRkNUcvuQDVN7a57ET3fWtrS_9o2H3YnSh-tlErCsS7SWS&amp;actCampaignType=CAMPAIGN_MAIL&amp;actSource=508630\">\u00ab\u2019Ndrangheta\u00bb, sur la route de la \u00abpieuvre\u00bb &#8211; livre-enqu\u00eate de Antonio Talia<\/a> (Lib\u00e9)<a href=\"https:\/\/www.liberation.fr\/culture\/livres\/roland-jaccard-vertige-de-lancien-monde-20210414_KH5C6AM7SRFIFCMGWFHYKDYFCU\/?redirected=1\">L&rsquo;\u00e9crivain suisse Roland Jaccard, vertige de l\u2019ancien \u00abMonde\u00bb<\/a> (Lib\u00e9)<\/p>\n\n\n\n<figure class=\"wp-block-image size-large is-resized\"><img data-recalc-dims=\"1\" loading=\"lazy\" decoding=\"async\" src=\"https:\/\/i0.wp.com\/www.rdpemancipation.org\/wp-content\/uploads\/2021\/04\/image-100.png?resize=400%2C261&#038;ssl=1\" alt=\"\" class=\"wp-image-25990\" width=\"400\" height=\"261\" srcset=\"https:\/\/i0.wp.com\/www.rdpemancipation.org\/wp-content\/uploads\/2021\/04\/image-100.png?w=800&amp;ssl=1 800w, https:\/\/i0.wp.com\/www.rdpemancipation.org\/wp-content\/uploads\/2021\/04\/image-100.png?resize=300%2C195&amp;ssl=1 300w, https:\/\/i0.wp.com\/www.rdpemancipation.org\/wp-content\/uploads\/2021\/04\/image-100.png?resize=768%2C500&amp;ssl=1 768w\" sizes=\"auto, (max-width: 400px) 100vw, 400px\" \/><figcaption><br>Des carabiniers tentent d\u2019appr\u00e9hender des membres de la \u2019Ndrangheta, sur un barrage policier \u00e0 Reggio de Calabre, en 1977.&nbsp;(Gianni Giansanti\/Gamma-Rapho via Getty Images)<\/figcaption><\/figure>\n\n\n\n<p class=\"has-vivid-red-color has-text-color\"><strong>15 avril en continu<\/strong><\/p>\n\n\n\n<p><a href=\"https:\/\/www.liberation.fr\/societe\/religions\/a-notre-dame-on-echafaude-la-reconstruction-20210414_5QDX7F75BFFM5DKKIH2XXF34Z4\/?xtor=EREC-26-%5BNL_abo_soir_2021-04-14%5D-&amp;actId=ebwp0YMB8s1_OGEGSsDRkNUcvuQDVN7a57ET3fWtrS_9o2H3YnSh-tlErCsS7SWS&amp;actCampaignType=CAMPAIGN_MAIL&amp;actSource=508628\">A Notre-Dame, on \u00e9chafaude la reconstruction<\/a> (Lib\u00e9)<\/p>\n\n\n\n<figure class=\"wp-block-image size-large is-resized\"><img data-recalc-dims=\"1\" loading=\"lazy\" decoding=\"async\" src=\"https:\/\/i0.wp.com\/www.rdpemancipation.org\/wp-content\/uploads\/2021\/04\/image-99.png?resize=400%2C267&#038;ssl=1\" alt=\"\" class=\"wp-image-25989\" width=\"400\" height=\"267\" srcset=\"https:\/\/i0.wp.com\/www.rdpemancipation.org\/wp-content\/uploads\/2021\/04\/image-99.png?w=800&amp;ssl=1 800w, https:\/\/i0.wp.com\/www.rdpemancipation.org\/wp-content\/uploads\/2021\/04\/image-99.png?resize=300%2C200&amp;ssl=1 300w, https:\/\/i0.wp.com\/www.rdpemancipation.org\/wp-content\/uploads\/2021\/04\/image-99.png?resize=768%2C512&amp;ssl=1 768w\" sizes=\"auto, (max-width: 400px) 100vw, 400px\" \/><\/figure>\n\n\n\n<p><a href=\"https:\/\/www.espaces-latinos.org\/archives\/98581?utm_source=Sarbacane&amp;utm_medium=email&amp;utm_campaign=DONS%20-%20%20News%2014%20Avril%202021\">L\u2019imbrication des mondes\u202f: le roman \u00ab\u202fKentukis\u202f\u00bb de Samantha Schweblin publi\u00e9 aux \u00e9ditions Gallimard<\/a> (espaces latinos)<\/p>\n\n\n\n<p class=\"has-vivid-red-color has-text-color\"><strong>14 avril en continu<\/strong><\/p>\n\n\n\n<p>\u200b\u200b\u200b\u200b<a href=\"https:\/\/www.liberation.fr\/culture\/musique\/my-bloody-valentine-entre-la-clarte-parfaite-et-la-douleur-il-y-a-un-monde-qui-sappelle-son-a-fond-20210413_RYO7S3CM45CUVNL2WEPOC7I37U\/?xtor=EREC-31-%5BNL_Culture__2021-04-14_1%5D-&amp;actId=ebwp0YMB8s1_OGEGSsDRkNUcvuQDVN7a57ET3fWtrS_9o2H3YnSh-tlErCsS7SWS&amp;actCampaignType=CAMPAIGN_MAIL&amp;actSource=508622\">Interview&nbsp;: My Bloody Valentine&nbsp;: \u00abEntre la clart\u00e9 parfaite et la douleur, il y a un monde qui s\u2019appelle \u201cson \u00e0 fond\u201d\u00bb<\/a> (Lib\u00e9)<\/p>\n\n\n\n<figure class=\"wp-block-image size-large is-resized\"><img data-recalc-dims=\"1\" loading=\"lazy\" decoding=\"async\" src=\"https:\/\/i0.wp.com\/www.rdpemancipation.org\/wp-content\/uploads\/2021\/04\/image-98.png?resize=200%2C205&#038;ssl=1\" alt=\"\" class=\"wp-image-25988\" width=\"200\" height=\"205\" srcset=\"https:\/\/i0.wp.com\/www.rdpemancipation.org\/wp-content\/uploads\/2021\/04\/image-98.png?w=800&amp;ssl=1 800w, https:\/\/i0.wp.com\/www.rdpemancipation.org\/wp-content\/uploads\/2021\/04\/image-98.png?resize=293%2C300&amp;ssl=1 293w, https:\/\/i0.wp.com\/www.rdpemancipation.org\/wp-content\/uploads\/2021\/04\/image-98.png?resize=768%2C785&amp;ssl=1 768w\" sizes=\"auto, (max-width: 200px) 100vw, 200px\" \/><figcaption><br>My Bloody Valentine \u00e0 Londres en 1988. En haut, Kevin Shields.&nbsp;(Paul Rider)<\/figcaption><\/figure>\n\n\n\n<p><a href=\"https:\/\/www.liberation.fr\/culture\/scenes\/danse-tyrolienne-alessandro-sciarroni-le-garde-des-sauts-20210412_HMNQEW6H7BFHBINMTGH4GVYOTE\/?xtor=EREC-31-%5BNL_Culture__2021-04-13%5D-&amp;actId=ebwp0YMB8s1_OGEGSsDRkNUcvuQDVN7a57ET3fWtrS_9o2H3YnSh-tlErCsS7SWS&amp;actCampaignType=CAMPAIGN_MAIL&amp;actSource=508598\">Folklore revisit\u00e9&nbsp;: Danse tyrolienne\u200a : Alessandro Sciarroni, le garde des sauts<\/a> (Lib\u00e9)<\/p>\n\n\n\n<p><a href=\"https:\/\/www.espaces-latinos.org\/archives\/98567?utm_source=Sarbacane&amp;utm_medium=email&amp;utm_campaign=DONS%20-%20%20News%2014%20Avril%202021\">\u00ab\u202fVivo en Panam\u00e1\u202f\u00bb, premier album de Mathieu Des Longchamps, sorti le 26 mars dernier<\/a> (espaces latinos)<\/p>\n\n\n\n<p><a href=\"https:\/\/www.espaces-latinos.org\/archives\/98573?utm_source=Sarbacane&amp;utm_medium=email&amp;utm_campaign=DONS%20-%20%20News%2014%20Avril%202021\">\u00ab\u202fLa puissance f\u00e9ministe\u202f\u00bb, un essai de l\u2019activiste argentine Ver\u00f3nica Gago publi\u00e9 aux \u00e9d. Divergences<\/a> (espaces latinos)<\/p>\n\n\n\n<p class=\"has-vivid-red-color has-text-color\"><strong>13 avril en continu<\/strong><\/p>\n\n\n\n<figure class=\"wp-block-image size-large is-resized\"><img data-recalc-dims=\"1\" loading=\"lazy\" decoding=\"async\" src=\"https:\/\/i0.wp.com\/www.rdpemancipation.org\/wp-content\/uploads\/2021\/04\/image-91.png?resize=163%2C238&#038;ssl=1\" alt=\"\" class=\"wp-image-25837\" width=\"163\" height=\"238\" srcset=\"https:\/\/i0.wp.com\/www.rdpemancipation.org\/wp-content\/uploads\/2021\/04\/image-91.png?w=650&amp;ssl=1 650w, https:\/\/i0.wp.com\/www.rdpemancipation.org\/wp-content\/uploads\/2021\/04\/image-91.png?resize=205%2C300&amp;ssl=1 205w\" sizes=\"auto, (max-width: 163px) 100vw, 163px\" \/><\/figure>\n\n\n\n<h1 class=\"has-normal-font-size wp-block-heading\">\u200b<a href=\"https:\/\/www.en-attendant-nadeau.fr\/2021\/04\/10\/suspense-38-redondo-chmielarz\/\">Polars: Cousines et rois dans le domaine du noir&nbsp;: (en attendant nadeau)<\/a>&nbsp;: Dolores Redondo et Wojcieh Chmielarz<\/h1>\n\n\n\n<p class=\"has-vivid-red-color has-text-color\"><strong>12 avril en continu<\/strong><\/p>\n\n\n\n<p><a href=\"https:\/\/www.mediapart.fr\/journal\/international\/110421\/etre-une-femme-musulmane-en-france-c-est-porter-le-poids-dune-multitude-d-oppressions?utm_source=20210411&amp;utm_medium=email&amp;utm_campaign=QUOTIDIENNE&amp;utm_content=&amp;utm_term=&amp;xtor=EREC-83-[QUOTIDIENNE]-20210411&amp;M_BT=1193768211483\">Deux livres: \u00abEtre une femme musulmane en France, c\u2019est porter le poids d&rsquo;une multitude d\u2019oppressions\u00bb<\/a> par Rachida EL Azzouzi (MDP)<\/p>\n\n\n\n<p><a href=\"https:\/\/www.francetvinfo.fr\/culture\/musique\/chanson-francaise\/chanson-francaise-la-fulgurante-carriere-de-michel-berger_4366117.html#xtor=EPR-502-[newslettervideo]-20210411-[video6]\">VIDEO: Michel Berger, une carri\u00e8re fulgurante, de ses innombrables tubes \u00e0 Starmania <\/a>(franceinfo)<\/p>\n\n\n\n<p><a href=\"https:\/\/www.mediapart.fr\/journal\/culture-idees\/110421\/dans-les-annees-1970-un-village-dans-les-yeux-de-madeleine-de-sinety?utm_source=20210411&amp;utm_medium=email&amp;utm_campaign=QUOTIDIENNE&amp;utm_content=&amp;utm_term=&amp;xtor=EREC-83-[QUOTIDIENNE]-20210411&amp;M_BT=1193768211483\">Photo&nbsp;: Dans les ann\u00e9es 1970, \u00abUn village\u00bb dans les yeux de Madeleine de Sin\u00e9ty<\/a> (en-attendant-nadeau-MDP)<\/p>\n\n\n\n<figure class=\"wp-block-image size-large\"><img data-recalc-dims=\"1\" loading=\"lazy\" decoding=\"async\" width=\"661\" height=\"441\" src=\"https:\/\/i0.wp.com\/www.rdpemancipation.org\/wp-content\/uploads\/2021\/04\/image-74.png?resize=661%2C441&#038;ssl=1\" alt=\"\" class=\"wp-image-25478\" srcset=\"https:\/\/i0.wp.com\/www.rdpemancipation.org\/wp-content\/uploads\/2021\/04\/image-74.png?w=661&amp;ssl=1 661w, https:\/\/i0.wp.com\/www.rdpemancipation.org\/wp-content\/uploads\/2021\/04\/image-74.png?resize=300%2C200&amp;ssl=1 300w\" sizes=\"auto, (max-width: 661px) 100vw, 661px\" \/><figcaption><br>B\u00e9atrice et la t\u00e9l\u00e9vision (avril 1973). \u00a9 Madeleine de Sin\u00e9ty<\/figcaption><\/figure>\n\n\n\n<p class=\"has-vivid-red-color has-text-color\"><strong>11 avril en continu<\/strong><\/p>\n\n\n\n<p><a href=\"https:\/\/www.historia.fr\/loeil-de\/la-m%C3%A9moire-de-la-ponctuation%C2%A0?utm_source=sendinblue&amp;utm_campaign=210410_EHT_HebdoConf_028&amp;utm_medium=email\">Histoire de la langue&nbsp;: La m\u00e9moire de la ponctuation&nbsp;<\/a> (Historia)<\/p>\n\n\n\n<p>\u200b<a href=\"https:\/\/www.historia.fr\/le-sel-de-lhistoire\/ena-il-%C3%A9tait-une-fois-les-serviteurs-de-l%E2%80%99%C3%A9tat?utm_source=sendinblue&amp;utm_campaign=210410_EHT_HebdoConf_028&amp;utm_medium=email\">Histoire&nbsp;:ENA : il \u00e9tait une fois les serviteurs de l\u2019\u00c9tat<\/a> (Historia)<\/p>\n\n\n\n<p>\u200b<a href=\"https:\/\/www.historia.fr\/les-pages-dalexis\/qui-ne-saute-pas-nest-pas-romain?utm_source=sendinblue&amp;utm_campaign=210410_EHT_HebdoConf_028&amp;utm_medium=email\">Histoire de stade&nbsp;: Qui ne saute pas n&rsquo;est pas Romain !<\/a> (Historia)<\/p>\n\n\n\n<figure class=\"wp-block-image size-large is-resized\"><img data-recalc-dims=\"1\" loading=\"lazy\" decoding=\"async\" src=\"https:\/\/i0.wp.com\/www.rdpemancipation.org\/wp-content\/uploads\/2021\/04\/image-69.png?resize=364%2C203&#038;ssl=1\" alt=\"\" class=\"wp-image-25403\" width=\"364\" height=\"203\" srcset=\"https:\/\/i0.wp.com\/www.rdpemancipation.org\/wp-content\/uploads\/2021\/04\/image-69.png?w=727&amp;ssl=1 727w, https:\/\/i0.wp.com\/www.rdpemancipation.org\/wp-content\/uploads\/2021\/04\/image-69.png?resize=300%2C168&amp;ssl=1 300w\" sizes=\"auto, (max-width: 364px) 100vw, 364px\" \/><figcaption>Cirque Maximus \u00e0 Rome<\/figcaption><\/figure>\n\n\n\n<figure class=\"wp-block-image size-large is-resized\"><img data-recalc-dims=\"1\" loading=\"lazy\" decoding=\"async\" src=\"https:\/\/i0.wp.com\/www.rdpemancipation.org\/wp-content\/uploads\/2021\/04\/image-70.png?resize=400%2C243&#038;ssl=1\" alt=\"\" class=\"wp-image-25405\" width=\"400\" height=\"243\" srcset=\"https:\/\/i0.wp.com\/www.rdpemancipation.org\/wp-content\/uploads\/2021\/04\/image-70.png?w=800&amp;ssl=1 800w, https:\/\/i0.wp.com\/www.rdpemancipation.org\/wp-content\/uploads\/2021\/04\/image-70.png?resize=300%2C182&amp;ssl=1 300w, https:\/\/i0.wp.com\/www.rdpemancipation.org\/wp-content\/uploads\/2021\/04\/image-70.png?resize=768%2C467&amp;ssl=1 768w\" sizes=\"auto, (max-width: 400px) 100vw, 400px\" \/><figcaption>Le match de foot aujourd&rsquo;hui<\/figcaption><\/figure>\n\n\n\n<p class=\"has-vivid-red-color has-text-color\"><strong>10 avril en continu<\/strong><\/p>\n\n\n\n<p>\u200b\u200b\u200b\u200b<a href=\"https:\/\/www.liberation.fr\/culture\/livres\/dresde-lesprit-des-lieux-20210410_62ROKBII7ZCRXD3BA4P3BYJ34U\/?xtor=EREC-25-%5BNL_samedi_matin_2021-04-10%5D-&amp;actId=ebwp0YMB8s1_OGEGSsDRkNUcvuQDVN7a57ET3fWtrS_9o2H3YnSh-tlErCsS7SWS&amp;actCampaignType=CAMPAIGN_MAIL&amp;actSource=508526\">Dresde, l\u2019esprit des lieux ; \u00ab\u00a0Nevermore\u00a0\u00bb de C\u00e9cile Wajsbrot<\/a> (Lib\u00e9)<\/p>\n\n\n\n<p><a href=\"https:\/\/www.liberation.fr\/culture\/musique\/il-faut-tuer-la-variete-20210403_STQDNUU4EVFLPP4ONCB6OEXAXE\/?xtor=EREC-31-%5BLib%C3%A9culture_samedi__2021-04-09%5D-&amp;actId=ebwp0YMB8s1_OGEGSsDRkNUcvuQDVN7a57ET3fWtrS_9o2H3YnSh-tlErCsS7SWS&amp;actCampaignType=CAMPAIGN_MAIL&amp;actSource=508520\">Pop fran\u00e7aise&nbsp;: La Femme : \u00abIl faut tuer la vari\u00e9t\u00e9\u00bb<\/a> (Lib\u00e9)<\/p>\n\n\n\n<p><a href=\"https:\/\/www.mediapart.fr\/journal\/france\/090421\/d-icone-sovietique-figure-queer-les-metamorphoses-de-louise-michel?utm_source=20210409&amp;utm_medium=email&amp;utm_campaign=QUOTIDIENNE&amp;utm_content=&amp;utm_term=&amp;xtor=EREC-83-[QUOTIDIENNE]-20210409&amp;M_BT=1193768211483\"><u>Ecrire l\u2019histoire&nbsp;: D\u2019ic\u00f4ne sovi\u00e9tique \u00e0 figure queer: les m\u00e9tamorphoses de Louise Michel<\/u><\/a> \u2013 Lucie Delaporte (MDP)<\/p>\n\n\n\n<p><a href=\"https:\/\/www.francetvinfo.fr\/culture\/musique\/rap\/le-rappeur-americain-dmx-legende-du-hip-hop-est-mort-a-l-age-de-50-ans_4365999.html\">Le rappeur am\u00e9ricain DMX, l\u00e9gende du hip-hop, est mort \u00e0 l&rsquo;\u00e2ge de 50&nbsp;ans<\/a> (franceinfo)<\/p>\n\n\n\n<figure class=\"wp-block-image size-large is-resized\"><img data-recalc-dims=\"1\" loading=\"lazy\" decoding=\"async\" src=\"https:\/\/i0.wp.com\/www.rdpemancipation.org\/wp-content\/uploads\/2021\/04\/image-54.png?resize=472%2C266&#038;ssl=1\" alt=\"\" class=\"wp-image-25138\" width=\"472\" height=\"266\" srcset=\"https:\/\/i0.wp.com\/www.rdpemancipation.org\/wp-content\/uploads\/2021\/04\/image-54.png?w=944&amp;ssl=1 944w, https:\/\/i0.wp.com\/www.rdpemancipation.org\/wp-content\/uploads\/2021\/04\/image-54.png?resize=300%2C169&amp;ssl=1 300w, https:\/\/i0.wp.com\/www.rdpemancipation.org\/wp-content\/uploads\/2021\/04\/image-54.png?resize=768%2C432&amp;ssl=1 768w\" sizes=\"auto, (max-width: 472px) 100vw, 472px\" \/><figcaption><br>Le rappeur DMX se produit lors de la cinqui\u00e8me semaine de la ligue de basket BIG3 \u00e0 Chicago, dans l&rsquo;Illinois, le&nbsp;23 juillet 2017.&nbsp;(STREETER LECKA \/ GETTY IMAGES NORTH AMERICA \/ AFP)<\/figcaption><\/figure>\n\n\n\n<p><a href=\"https:\/\/www.franceinter.fr\/emissions\/l-invite-de-8h20-le-grand-entretien\/l-invite-de-8h20-le-grand-entretien-09-avril-2021#xtor=EPR-5-[Meilleur09042021]\">Radio&nbsp;: Antoine Compagnon : \u00ab\u00a0Deux si\u00e8cles apr\u00e8s sa naissance, Baudelaire reste \u00e9norm\u00e9ment subversif\u00a0\u00bb<\/a> (Franceinter)<\/p>\n\n\n\n<p><a href=\"https:\/\/www.liberation.fr\/culture\/cinema\/i-care-a-lot-plus-pres-de-toi-mon-vieux-20210403_MX3RWNBY6VB7JOVFJTV3YHLVAM\/?xtor=EREC-31-%5BNL_Culture__2021-04-08%5D-&amp;actId=ebwp0YMB8s1_OGEGSsDRkNUcvuQDVN7a57ET3fWtrS_9o2H3YnSh-tlErCsS7SWS&amp;actCampaignType=CAMPAIGN_MAIL&amp;actSource=508496\">Cin\u00e9&nbsp;: \u00abI Care a Lot\u00bb, plus pr\u00e8s de toi mon vieux&nbsp;: arnaque en EPHAD<\/a> (Lib\u00e9)<\/p>\n\n\n\n<p><a href=\"https:\/\/www.liberation.fr\/culture\/jeux-video\/ecoles-de-jeu-video-tu-ne-peux-pas-gerer-une-team-tes-une-femme-20210408_TKO7NGAYZNCGLK3G2PNRQQADLE\/?xtor=EREC-25-%5BNL_quot_matin_2021-04-09%5D-&amp;actId=ebwp0YMB8s1_OGEGSsDRkNUcvuQDVN7a57ET3fWtrS_9o2H3YnSh-tlErCsS7SWS&amp;actCampaignType=CAMPAIGN_MAIL&amp;actSource=508504\">Ecoles de jeu vid\u00e9o&nbsp;: \u00abTu ne peux pas g\u00e9rer une team, t\u2019es une femme\u00bb<\/a> (Lib\u00e9)<\/p>\n\n\n\n<h1 class=\"has-normal-font-size wp-block-heading\">\u200b\u200bECOUTER : Nirvana: Kurt Cobain, sa musique n&rsquo;a pas adouci sa mort ! (France Inter)<\/h1>\n\n\n\n<figure class=\"wp-block-image size-large is-resized\"><img data-recalc-dims=\"1\" loading=\"lazy\" decoding=\"async\" src=\"https:\/\/i0.wp.com\/www.rdpemancipation.org\/wp-content\/uploads\/2021\/04\/image-49.png?resize=512%2C331&#038;ssl=1\" alt=\"\" class=\"wp-image-24949\" width=\"512\" height=\"331\" srcset=\"https:\/\/i0.wp.com\/www.rdpemancipation.org\/wp-content\/uploads\/2021\/04\/image-49.png?w=1024&amp;ssl=1 1024w, https:\/\/i0.wp.com\/www.rdpemancipation.org\/wp-content\/uploads\/2021\/04\/image-49.png?resize=300%2C194&amp;ssl=1 300w, https:\/\/i0.wp.com\/www.rdpemancipation.org\/wp-content\/uploads\/2021\/04\/image-49.png?resize=768%2C496&amp;ssl=1 768w\" sizes=\"auto, (max-width: 512px) 100vw, 512px\" \/><figcaption><br><em>L&rsquo;artiste Kurt Cobain, leader du groupe Nirvana, sur sc\u00e8ne au Paradiso, Amsterdam, novembre 1991 \u00a9 Getty \/ Niels Van Iperen \/ Contributeur<\/em><br><\/figcaption><\/figure>\n\n\n\n<p>\u200b<a href=\"https:\/\/www.franceinter.fr\/histoire\/marylene-patou-mathis-les-femmes-prehistoriques-ne-passaient-pas-leur-temps-a-balayer-la-grotte?xtor=EPR-7&amp;actId=ebwp0YMB8s0XXev-swTWi6FWgZQt9biALyr5FYI13OqHU8b5N-PEJQr_g_XETQRH&amp;actCampaignType=CAMPAIGN_MAIL&amp;actSource=649623#xtor=7-[cult25112019]\">Maryl\u00e8ne Patou-Mathis : \u00ab\u00a0Les femmes pr\u00e9historiques ne passaient pas leur temps \u00e0 balayer la grotte\u00a0\u00bb<\/a> (franceinter)<\/p>\n\n\n\n<p>\u200b<a href=\"https:\/\/www.franceinter.fr\/emissions\/affaires-sensibles\/affaires-sensibles-05-avril-2021?xtor=EPR-7&amp;actId=ebwp0YMB8s0XXev-swTWi6FWgZQt9biALyr5FYI13OqHU8b5N-PEJQr_g_XETQRH&amp;actCampaignType=CAMPAIGN_MAIL&amp;actSource=649623#xtor=7-[cult25112019]\">Ecouter&nbsp;: Le calvaire de Scorsese<\/a> \u2013 Retro&nbsp;\u2013 (France Inter)<\/p>\n\n\n\n<figure class=\"wp-block-image size-large is-resized\"><img data-recalc-dims=\"1\" loading=\"lazy\" decoding=\"async\" src=\"https:\/\/i0.wp.com\/www.rdpemancipation.org\/wp-content\/uploads\/2021\/04\/image-50.png?resize=512%2C334&#038;ssl=1\" alt=\"\" class=\"wp-image-24952\" width=\"512\" height=\"334\" srcset=\"https:\/\/i0.wp.com\/www.rdpemancipation.org\/wp-content\/uploads\/2021\/04\/image-50.png?resize=1024%2C667&amp;ssl=1 1024w, https:\/\/i0.wp.com\/www.rdpemancipation.org\/wp-content\/uploads\/2021\/04\/image-50.png?resize=300%2C195&amp;ssl=1 300w, https:\/\/i0.wp.com\/www.rdpemancipation.org\/wp-content\/uploads\/2021\/04\/image-50.png?resize=768%2C500&amp;ssl=1 768w, https:\/\/i0.wp.com\/www.rdpemancipation.org\/wp-content\/uploads\/2021\/04\/image-50.png?w=1136&amp;ssl=1 1136w\" sizes=\"auto, (max-width: 512px) 100vw, 512px\" \/><figcaption><br><em>Paris le 28 septembre 1988, un fid\u00e8le proteste en priant devant un cin\u00e9ma lors de la sortie du film &lsquo;La Derni\u00e8re Tentation du Christ&rsquo; de Martin Scorsese \u00a9 Getty \/ William Stevens<\/em><\/figcaption><\/figure>\n\n\n\n<p class=\"has-vivid-red-color has-text-color\"><strong> 9 avril en continu<\/strong><\/p>\n\n\n\n<h1 class=\"has-normal-font-size wp-block-heading\"><a href=\"https:\/\/blogs.mediapart.fr\/francois-bonnet\/blog\/080421\/theodor-plievier-au-coeur-de-la-revolution-allemande-de-1918?utm_source=20210408&amp;utm_medium=email&amp;utm_campaign=QUOTIDIENNE&amp;utm_content=&amp;utm_term=&amp;xtor=EREC-83-[QUOTIDIENNE]-20210408&amp;M_BT=1193768211483\">Traduction: Theodor Plievier, au c\u0153ur de la r\u00e9volution allemande de 1918<\/a> \u2013 Fran\u00e7ois Bonnet (MDP)<\/h1>\n\n\n\n<h1 class=\"has-normal-font-size wp-block-heading\">\u200b<a href=\"https:\/\/www.laprovence.com\/article\/sorties-loisirs\/6317197\/aix-en-provence-festival-de-paques-un-moment-unique-avec-martha-argerich-et-daniel-barenboim.htm\">REPLAY: Aix-en-Provence &#8211; Festival de P\u00e2ques : un moment unique avec Martha Argerich et Daniel Barenboim<\/a> (La Provence)<\/h1>\n\n\n\n<figure class=\"wp-block-image size-large is-resized\"><img data-recalc-dims=\"1\" loading=\"lazy\" decoding=\"async\" src=\"https:\/\/i0.wp.com\/www.rdpemancipation.org\/wp-content\/uploads\/2021\/04\/image-47.png?resize=495%2C279&#038;ssl=1\" alt=\"\" class=\"wp-image-24942\" width=\"495\" height=\"279\" srcset=\"https:\/\/i0.wp.com\/www.rdpemancipation.org\/wp-content\/uploads\/2021\/04\/image-47.png?w=990&amp;ssl=1 990w, https:\/\/i0.wp.com\/www.rdpemancipation.org\/wp-content\/uploads\/2021\/04\/image-47.png?resize=300%2C169&amp;ssl=1 300w, https:\/\/i0.wp.com\/www.rdpemancipation.org\/wp-content\/uploads\/2021\/04\/image-47.png?resize=768%2C432&amp;ssl=1 768w\" sizes=\"auto, (max-width: 495px) 100vw, 495px\" \/><\/figure>\n\n\n\n<p>\u200b\u200b<a href=\"https:\/\/www.liberation.fr\/culture\/scenes\/rachid-ouramdane-a-chaillot-la-prise-du-palais-divers-20210408_NNGQ4N725NA5LKKPVODKVNONUY\/?redirected=1\">Danse&nbsp;: Rachid Ouramdane nomm\u00e9 \u00e0 Chaillot&nbsp;<\/a> (Lib\u00e9)<\/p>\n\n\n\n<p><a href=\"https:\/\/www.franceinter.fr\/emissions\/l-heure-bleue\/l-heure-bleue-07-avril-2021#xtor=EPR-5-[Meilleur08042021]\">Erri De Luca, un aller simple vers la po\u00e9sie<\/a>&nbsp; (l\u2019heure bleue-France Inter)<\/p>\n\n\n\n<p><a href=\"https:\/\/www.francetvinfo.fr\/culture\/spectacles\/theatre\/reportage-orleans-dans-le-theatre-occupe-des-intermittents-se-mobilisent-pour-mettre-en-lumiere-la-situation-de-tous-les-precaires_4354375.html#xtor=EPR-2-[newsletterquotidienne]-20210409-[lestitres-coldroite\/titre7]\">Orl\u00e9ans : dans le th\u00e9\u00e2tre occup\u00e9, des intermittents se mobilisent pour mettre en lumi\u00e8re la situation de tous les pr\u00e9caires <\/a>(franceinfo)<\/p>\n\n\n\n<figure class=\"wp-block-image size-large is-resized\"><img data-recalc-dims=\"1\" loading=\"lazy\" decoding=\"async\" src=\"https:\/\/i0.wp.com\/www.rdpemancipation.org\/wp-content\/uploads\/2021\/04\/image-48.png?resize=512%2C288&#038;ssl=1\" alt=\"\" class=\"wp-image-24945\" width=\"512\" height=\"288\" srcset=\"https:\/\/i0.wp.com\/www.rdpemancipation.org\/wp-content\/uploads\/2021\/04\/image-48.png?resize=1024%2C576&amp;ssl=1 1024w, https:\/\/i0.wp.com\/www.rdpemancipation.org\/wp-content\/uploads\/2021\/04\/image-48.png?resize=300%2C169&amp;ssl=1 300w, https:\/\/i0.wp.com\/www.rdpemancipation.org\/wp-content\/uploads\/2021\/04\/image-48.png?resize=768%2C432&amp;ssl=1 768w, https:\/\/i0.wp.com\/www.rdpemancipation.org\/wp-content\/uploads\/2021\/04\/image-48.png?w=1320&amp;ssl=1 1320w\" sizes=\"auto, (max-width: 512px) 100vw, 512px\" \/><\/figure>\n\n\n\n<p><span class=\"has-inline-color has-vivid-red-color\"><strong>8 avril en continu<\/strong><\/span><\/p>\n\n\n\n<p><a href=\"https:\/\/blogs.mediapart.fr\/jean-marc-b\/blog\/050421\/un-hymne-magnifique-le-chant-des-occupants-theatre-de-limoges\">Un hymne magnifique: le \u00ab\u00a0Chant des occupants\u00a0\u00bb- <\/a>Th\u00e9atre de Limoges<\/p>\n\n\n\n<p><a href=\"https:\/\/info.mediapart.fr\/optiext\/optiextension.dll?ID=1xw1vgSTE0pjIIdkAUPZ9QSEgpBS1acfWMBAv%2BDgPx62ZCSL8N7fQDBgQp53t383ftiogD9b6hdDW7SX%2BEuXIqZki12TS\">La d\u00e9tresse rageuse des jeunes artistes mise \u00e0 nu<\/a> &#8211; jean-pierre thibaudat<\/p>\n\n\n\n<p><a href=\"https:\/\/www.ouest-france.fr\/politique\/cinq-partis-de-gauche-et-eelv-demandent-a-emmanuel-macron-de-soutenir-le-monde-de-la-culture-e0df8dea-979c-11eb-8261-9f7819628c0a\">Cinq partis de gauche et EELV demandent \u00e0 Emmanuel Macron de soutenir le monde de la culture<\/a> (Ouest France)<\/p>\n\n\n\n<p><a href=\"https:\/\/www.liberation.fr\/culture\/musique\/quand-nom-cest-non-20210407_BVVN3XDHBVD4JJQKZCK5AI2YBA\/?xtor=EREC-25-%5BNL_quot_matin_2021-04-08%5D-&amp;actId=ebwp0YMB8s1_OGEGSsDRkNUcvuQDVN7a57ET3fWtrS_9o2H3YnSh-tlErCsS7SWS&amp;actCampaignType=CAMPAIGN_MAIL&amp;actSource=508483\">Quand nom c\u2019est non- le label britannique Young Turks change de nom<\/a> (Lib\u00e9)<\/p>\n\n\n\n<figure class=\"wp-block-image size-large is-resized\"><img data-recalc-dims=\"1\" loading=\"lazy\" decoding=\"async\" src=\"https:\/\/i0.wp.com\/www.rdpemancipation.org\/wp-content\/uploads\/2021\/04\/image-43.png?resize=400%2C272&#038;ssl=1\" alt=\"\" class=\"wp-image-24755\" width=\"400\" height=\"272\" srcset=\"https:\/\/i0.wp.com\/www.rdpemancipation.org\/wp-content\/uploads\/2021\/04\/image-43.png?w=800&amp;ssl=1 800w, https:\/\/i0.wp.com\/www.rdpemancipation.org\/wp-content\/uploads\/2021\/04\/image-43.png?resize=300%2C204&amp;ssl=1 300w, https:\/\/i0.wp.com\/www.rdpemancipation.org\/wp-content\/uploads\/2021\/04\/image-43.png?resize=768%2C521&amp;ssl=1 768w\" sizes=\"auto, (max-width: 400px) 100vw, 400px\" \/><figcaption><br>Le groupe Dixie Chicks, ici en&nbsp;2007 \u00e0 Los Angeles, s&rsquo;est renomm\u00e9 The Chicks.&nbsp;(Mario Anzuoni\/REUTERS)<\/figcaption><\/figure>\n\n\n\n<p><a href=\"https:\/\/www.liberation.fr\/culture\/villeurbanne-pionniere-des-capitales-francaises-de-la-culture-20210408_ZCWXHP7P3JHCRPTSE3IOWODGCM\/?redirected=1\">\u00abPoule aux \u0153ufs d\u2019or\u00bbVilleurbanne, pionni\u00e8re des \u00abcapitales fran\u00e7aises de la culture\u00bb<\/a> (Lib\u00e9)<\/p>\n\n\n\n<figure class=\"wp-block-image size-large is-resized\"><img data-recalc-dims=\"1\" loading=\"lazy\" decoding=\"async\" src=\"https:\/\/i0.wp.com\/www.rdpemancipation.org\/wp-content\/uploads\/2021\/04\/image-42.png?resize=400%2C267&#038;ssl=1\" alt=\"\" class=\"wp-image-24744\" width=\"400\" height=\"267\" srcset=\"https:\/\/i0.wp.com\/www.rdpemancipation.org\/wp-content\/uploads\/2021\/04\/image-42.png?w=800&amp;ssl=1 800w, https:\/\/i0.wp.com\/www.rdpemancipation.org\/wp-content\/uploads\/2021\/04\/image-42.png?resize=300%2C200&amp;ssl=1 300w, https:\/\/i0.wp.com\/www.rdpemancipation.org\/wp-content\/uploads\/2021\/04\/image-42.png?resize=768%2C513&amp;ssl=1 768w\" sizes=\"auto, (max-width: 400px) 100vw, 400px\" \/><figcaption><br>Le \u00abGiratoire de Buers\u00bb, \u0153uvre du plasticien Patrick Raynaud, orne le rond-point rue Louise-Michel \u00e0 Villeurbanne (Rh\u00f4ne).&nbsp;(KLEINEFENN\/SIPA)<\/figcaption><\/figure>\n\n\n\n<p>\u200b\u200b<a href=\"https:\/\/www.franceinter.fr\/emissions\/dans-la-playlist-de-france-inter\/dans-la-playlist-de-france-inter-08-avril-2021\">Ecouter&nbsp;: L\u2019\u00e9clatante floraison de Cam\u00e9lia Jordana<\/a> (franceinter)<\/p>\n\n\n\n<p><a href=\"https:\/\/france3-regions.francetvinfo.fr\/provence-alpes-cote-d-azur\/luxe-crime-et-corruption-une-bande-dessinee-sur-l-histoire-vraie-de-monaco-2033266.html#xtor=EPR-521-[france3regions]-20210407-[info-bouton7]&amp;pid=726375-1586509211-9facd8a7\">\u00ab\u00a0Luxe, crime et corruption\u00a0\u00bb: une bande-dessin\u00e9e sur l\u2019histoire vraie de Monaco ?<\/a> (france3)<\/p>\n\n\n\n<p><a href=\"https:\/\/www.liberation.fr\/culture\/livres\/de-notre-correspondant-a-letranger-20210407_L72KTX2FHJCCDI7NHAT6FR25DY\/?xtor=EREC-26-%5BNL_abo_soir_2021-04-07%5D-&amp;actId=ebwp0YMB8s1_OGEGSsDRkNUcvuQDVN7a57ET3fWtrS_9o2H3YnSh-tlErCsS7SWS&amp;actCampaignType=CAMPAIGN_MAIL&amp;actSource=508480\">Livres&nbsp;: De notre correspondant \u00e0 l\u2019\u00e9tranger<\/a> (Lib\u00e9)<\/p>\n\n\n\n<figure class=\"wp-block-image size-large is-resized\"><img data-recalc-dims=\"1\" loading=\"lazy\" decoding=\"async\" src=\"https:\/\/i0.wp.com\/www.rdpemancipation.org\/wp-content\/uploads\/2021\/04\/image-40.png?resize=400%2C267&#038;ssl=1\" alt=\"\" class=\"wp-image-24738\" width=\"400\" height=\"267\" srcset=\"https:\/\/i0.wp.com\/www.rdpemancipation.org\/wp-content\/uploads\/2021\/04\/image-40.png?w=800&amp;ssl=1 800w, https:\/\/i0.wp.com\/www.rdpemancipation.org\/wp-content\/uploads\/2021\/04\/image-40.png?resize=300%2C200&amp;ssl=1 300w, https:\/\/i0.wp.com\/www.rdpemancipation.org\/wp-content\/uploads\/2021\/04\/image-40.png?resize=768%2C512&amp;ssl=1 768w\" sizes=\"auto, (max-width: 400px) 100vw, 400px\" \/><figcaption><br>Ci-contre, Charles Enderlin en 1997, en&nbsp;Isra\u00ebl.&nbsp;(Antoine Gyori\/Sygma via Getty Images)<\/figcaption><\/figure>\n\n\n\n<figure class=\"wp-block-image size-large is-resized\"><img data-recalc-dims=\"1\" loading=\"lazy\" decoding=\"async\" src=\"https:\/\/i0.wp.com\/www.rdpemancipation.org\/wp-content\/uploads\/2021\/04\/image-41.png?resize=256%2C171&#038;ssl=1\" alt=\"\" class=\"wp-image-24741\" width=\"256\" height=\"171\" srcset=\"https:\/\/i0.wp.com\/www.rdpemancipation.org\/wp-content\/uploads\/2021\/04\/image-41.png?resize=1024%2C683&amp;ssl=1 1024w, https:\/\/i0.wp.com\/www.rdpemancipation.org\/wp-content\/uploads\/2021\/04\/image-41.png?resize=300%2C200&amp;ssl=1 300w, https:\/\/i0.wp.com\/www.rdpemancipation.org\/wp-content\/uploads\/2021\/04\/image-41.png?resize=768%2C512&amp;ssl=1 768w, https:\/\/i0.wp.com\/www.rdpemancipation.org\/wp-content\/uploads\/2021\/04\/image-41.png?w=1440&amp;ssl=1 1440w\" sizes=\"auto, (max-width: 256px) 100vw, 256px\" \/><figcaption>Sophie Bouillon<\/figcaption><\/figure>\n\n\n\n<p><a href=\"https:\/\/blogs.mediapart.fr\/chelsea-stieber\/blog\/070421\/qui-peur-de-l-antiracisme?utm_source=20210407&amp;utm_medium=email&amp;utm_campaign=QUOTIDIENNE&amp;utm_content=&amp;utm_term=&amp;xtor=EREC-83-[QUOTIDIENNE]-20210407&amp;M_BT=1193768211483\">Qui a peur de l\u2019antiracisme ? Des livres pour comprendre<\/a> (blog-MDP)<\/p>\n\n\n\n<p><a href=\"https:\/\/www.liberation.fr\/culture\/cinema\/pasolini-lignees-directes-20210404_NQ6CKYMVFVDQPEX33NGMH6CAIY\/?xtor=EREC-31-%5BNL_Culture__2021-04-07%5D-&amp;actId=ebwp0YMB8s1_OGEGSsDRkNUcvuQDVN7a57ET3fWtrS_9o2H3YnSh-tlErCsS7SWS&amp;actCampaignType=CAMPAIGN_MAIL&amp;actSource=508478\">Cin\u00e9&nbsp;: Pasolini, lign\u00e9es directes<\/a> (cin\u00e9math\u00e8que)-(Lib\u00e9)<\/p>\n\n\n\n<p><a href=\"https:\/\/www.espaces-latinos.org\/archives\/98441?utm_source=Sarbacane&amp;utm_medium=email&amp;utm_campaign=News%20%207%20Avril%202021\">Rodrigo Bastidas : la science-fiction est \u00e9galement \u00e9crite en Am\u00e9rique latine<\/a> (Espacios latinos)<\/p>\n\n\n\n<p><a href=\"https:\/\/www.espaces-latinos.org\/archives\/98439?utm_source=Sarbacane&amp;utm_medium=email&amp;utm_campaign=News%20%207%20Avril%202021\">\u00ab Fracture \u00bb de l\u2019Argentin Andr\u00e9s Neuman vient de para\u00eetre aux \u00e9ditions Buchet Chastel<\/a> (Espacios latinos)<\/p>\n\n\n\n<p><a href=\"https:\/\/www.franceinter.fr\/emissions\/dans-la-playlist-de-france-inter\/dans-la-playlist-de-france-inter-07-avril-2021#xtor=EPR-5-[Meilleur07042021]\">Ecoute et VIDEO&nbsp;: Jon Batiste, ou la musique comme mission<\/a> (playlist de France Inter)<\/p>\n\n\n\n<p><a href=\"https:\/\/www.franceinter.fr\/emissions\/l-invite-de-7h50\/l-invite-de-7h50-07-avril-2021#xtor=EPR-5-[Meilleur07042021]\">Radio&nbsp;: le rappeur Akhenaton : \u00ab\u00a0Une soci\u00e9t\u00e9 qui s&rsquo;effondre commence toujours par voir sa culture s&rsquo;effondrer\u00a0\u00bb<\/a> (Franceinter)<\/p>\n\n\n\n<p class=\"has-vivid-red-color has-text-color\"><strong>7 avril en continu<\/strong><\/p>\n\n\n\n<p>\u200b\u200b\u200b<a href=\"https:\/\/www.laprovence.com\/article\/edition-alpes\/6316115\/digne-les-bains-le-musee-gassendi-enrichit-ses-collections-municipales.html\">Digne-les-Bains : le mus\u00e9e Gassendi enrichit ses collections municipales<\/a> (La Provence)<\/p>\n\n\n\n<figure class=\"wp-block-image size-large is-resized\"><img data-recalc-dims=\"1\" loading=\"lazy\" decoding=\"async\" src=\"https:\/\/i0.wp.com\/www.rdpemancipation.org\/wp-content\/uploads\/2021\/04\/image-39.png?resize=495%2C279&#038;ssl=1\" alt=\"\" class=\"wp-image-24735\" width=\"495\" height=\"279\" srcset=\"https:\/\/i0.wp.com\/www.rdpemancipation.org\/wp-content\/uploads\/2021\/04\/image-39.png?w=990&amp;ssl=1 990w, https:\/\/i0.wp.com\/www.rdpemancipation.org\/wp-content\/uploads\/2021\/04\/image-39.png?resize=300%2C169&amp;ssl=1 300w, https:\/\/i0.wp.com\/www.rdpemancipation.org\/wp-content\/uploads\/2021\/04\/image-39.png?resize=768%2C432&amp;ssl=1 768w\" sizes=\"auto, (max-width: 495px) 100vw, 495px\" \/><\/figure>\n\n\n\n<p><a href=\"https:\/\/www.en-attendant-nadeau.fr\/2021\/03\/31\/combats-coqs-venezuela-suniaga\/\"><u>Combats de coqs&nbsp;au Venezuela&nbsp;: Francisco Suniaga,&nbsp;<em>L\u2019\u00eele invisible<\/em>. Trad. de l\u2019espagnol (Venezuela) par Marta Mart\u00ednez-Valls. Asphalte, 272 p.<\/u><\/a> (en-attendant-nadeau)<\/p>\n\n\n\n<p><a href=\"https:\/\/www.en-attendant-nadeau.fr\/2021\/04\/07\/disparition-seditieux-thiep\/\">Disparition d\u2019un s\u00e9ditieux&nbsp;: l\u2019\u00e9crivain vietnamien Nguy\u00ean Huy Thi\u00eap<\/a> (en-attendant-nadeau)<\/p>\n\n\n\n<p><a href=\"https:\/\/www.laprovence.com\/actu\/en-direct\/6313623\/podcast-festival-de-paques-a-aix-le-violoniste-renaud-capucon-a-coeur-ouvert.html\">Podcast &#8211; Festival de P\u00e2ques \u00e0 Aix : le violoniste Renaud Capu\u00e7on \u00e0 c\u0153ur ouvert-musique classique<\/a> (La Provence)<\/p>\n\n\n\n<figure class=\"wp-block-image size-large is-resized\"><img data-recalc-dims=\"1\" loading=\"lazy\" decoding=\"async\" src=\"https:\/\/i0.wp.com\/www.rdpemancipation.org\/wp-content\/uploads\/2021\/04\/image-32.png?resize=425%2C239&#038;ssl=1\" alt=\"\" class=\"wp-image-24504\" width=\"425\" height=\"239\" srcset=\"https:\/\/i0.wp.com\/www.rdpemancipation.org\/wp-content\/uploads\/2021\/04\/image-32.png?w=850&amp;ssl=1 850w, https:\/\/i0.wp.com\/www.rdpemancipation.org\/wp-content\/uploads\/2021\/04\/image-32.png?resize=300%2C169&amp;ssl=1 300w, https:\/\/i0.wp.com\/www.rdpemancipation.org\/wp-content\/uploads\/2021\/04\/image-32.png?resize=768%2C432&amp;ssl=1 768w\" sizes=\"auto, (max-width: 425px) 100vw, 425px\" \/><\/figure>\n\n\n\n<p><a href=\"https:\/\/www.en-attendant-nadeau.fr\/2021\/04\/07\/litterature-syrienne-prisons\/\">La litt\u00e9rature syrienne emprisonn\u00e9e par Raqhed Issa <\/a>(en-attendant-nadeau)<\/p>\n\n\n\n<figure class=\"wp-block-image size-large is-resized\"><img data-recalc-dims=\"1\" loading=\"lazy\" decoding=\"async\" src=\"https:\/\/i0.wp.com\/www.rdpemancipation.org\/wp-content\/uploads\/2021\/04\/image-31.png?resize=325%2C205&#038;ssl=1\" alt=\"\" class=\"wp-image-24499\" width=\"325\" height=\"205\" srcset=\"https:\/\/i0.wp.com\/www.rdpemancipation.org\/wp-content\/uploads\/2021\/04\/image-31.png?w=650&amp;ssl=1 650w, https:\/\/i0.wp.com\/www.rdpemancipation.org\/wp-content\/uploads\/2021\/04\/image-31.png?resize=300%2C189&amp;ssl=1 300w\" sizes=\"auto, (max-width: 325px) 100vw, 325px\" \/><figcaption><br><em>Vue de la prison de Saidnaya au nord de Damas \u00a9 Google Maps<\/em><\/figcaption><\/figure>\n\n\n\n<p>VIDEO: <a href=\"https:\/\/www.francetvinfo.fr\/culture\/hawai-a-la-decouverte-de-la-photographe-renee-capozzola_4361957.html#xtor=EPR-744-[newsletterjt]-20210406-[sujet3]\">Hawa\u00ef : \u00e0 la d\u00e9couverte de la photographe Renee Capozzola<\/a> (franceinfo)<\/p>\n\n\n\n<p><a href=\"https:\/\/www.liberation.fr\/culture\/series\/tout-ce-qui-est-dans-hippocrate-je-lai-deja-vecu-ou-entrapercu-20210405_2H46IUTIGJFBFHH2Q3AA5KX6RA\/?xtor=EREC-31-%5BNL_Culture__2021-04-06_1%5D-&amp;actId=ebwp0YMB8s1_OGEGSsDRkNUcvuQDVN7a57ET3fWtrS_9o2H3YnSh-tlErCsS7SWS&amp;actCampaignType=CAMPAIGN_MAIL&amp;actSource=508453\">S\u00e9rie TV&nbsp;: \u00abTout ce qui est dans \u201cHippocrate\u201d je l\u2019ai d\u00e9j\u00e0 v\u00e9cu ou entraper\u00e7u\u00bb<\/a> (Lib\u00e9)<\/p>\n\n\n\n<p>\u200b<a href=\"https:\/\/www.franceinter.fr\/emissions\/capture-d-ecrans\/capture-d-ecrans-06-avril-2021#xtor=EPR-5-[Meilleur06042021]\">\u00ab\u00a0L&rsquo;envers du d\u00e9cor\u00a0\u00bb : des artistes investissent le Palais de la Porte Dor\u00e9e<\/a> (franceinter)<\/p>\n\n\n\n<p>\u200b\u200b\u200b<a href=\"https:\/\/blogs.mediapart.fr\/lepistolero\/blog\/050421\/la-chanson-du-verbe-1-aimer?utm_source=20210405&amp;utm_medium=email&amp;utm_campaign=QUOTIDIENNE&amp;utm_content=&amp;utm_term=&amp;xtor=EREC-83-[QUOTIDIENNE]-20210405&amp;M_BT=1193768211483\">La chanson a du verbe: #1 Aimer<\/a>-Le Blog de l&rsquo;\u00e9pistol\u00e9ro (MDP)<\/p>\n\n\n\n<p><a href=\"https:\/\/www.francetvinfo.fr\/culture\/lieux-de-culture-fermes-c-est-plus-que-du-mepris-c-est-de-l-indifference-denonce-jean-michel-ribes_4360461.html#xtor=EPR-2-[newsletterquotidienne]-20210407-[lesimages\/image2]\">VIDEO: Lieux de culture ferm\u00e9s : \u00ab\u00a0C&rsquo;est plus que du m\u00e9pris, c&rsquo;est de l&rsquo;indiff\u00e9rence\u00a0\u00bb, d\u00e9nonce Jean-Michel Ribes<\/a> (franceinfo)<\/p>\n\n\n\n<p><a href=\"https:\/\/www.liberation.fr\/environnement\/a-montpellier-lecocirque-attend-toujours-dentrer-en-piste-20210405_TNQT7UFH3ZFAFOEPX5XLBUEYAI\/?xtor=EREC-49-%5BLe_Fil_vert_2021-04-05%5D-&amp;actId=ebwp0YMB8s1_OGEGSsDRkNUcvuQDVN7a57ET3fWtrS_9o2H3YnSh-tlErCsS7SWS&amp;actCampaignType=CAMPAIGN_MAIL&amp;actSource=508431\">Sans animaux&nbsp;: A Montpellier, l\u2019\u00e9cocirque attend toujours d\u2019entrer en piste<\/a> (Lib\u00e9)<\/p>\n\n\n\n<figure class=\"wp-block-image size-large is-resized\"><img data-recalc-dims=\"1\" loading=\"lazy\" decoding=\"async\" src=\"https:\/\/i0.wp.com\/www.rdpemancipation.org\/wp-content\/uploads\/2021\/04\/image-27.png?resize=400%2C267&#038;ssl=1\" alt=\"\" class=\"wp-image-24464\" width=\"400\" height=\"267\" srcset=\"https:\/\/i0.wp.com\/www.rdpemancipation.org\/wp-content\/uploads\/2021\/04\/image-27.png?w=800&amp;ssl=1 800w, https:\/\/i0.wp.com\/www.rdpemancipation.org\/wp-content\/uploads\/2021\/04\/image-27.png?resize=300%2C200&amp;ssl=1 300w, https:\/\/i0.wp.com\/www.rdpemancipation.org\/wp-content\/uploads\/2021\/04\/image-27.png?resize=768%2C512&amp;ssl=1 768w\" sizes=\"auto, (max-width: 400px) 100vw, 400px\" \/><\/figure>\n\n\n\n<p><a href=\"https:\/\/www.franceinter.fr\/culture\/confinement-dix-bd-et-plus-pour-s-evader#xtor=EPR-5-[Meilleur05042021]\">Conseil de France-inter&nbsp;: : dix bandes dessin\u00e9es et plus pour s&rsquo;\u00e9vader<\/a><\/p>\n\n\n\n<p><a href=\"https:\/\/www.pressenza.com\/fr\/2021\/04\/video-documentaire-interactif-grece-%CE%B6%CF%89-je-vis-athenes-rencontre-avec-caravan-project\/\">[Vid\u00e9o] Documentaire interactif Gr\u00e8ce : \u03b6\u03c9&#8230; je vis ! Ath\u00e8nes, rencontre avec Caravan Project <\/a>(Pressenza)<\/p>\n\n\n\n<figure class=\"wp-block-embed is-type-video is-provider-youtube wp-block-embed-youtube wp-embed-aspect-16-9 wp-has-aspect-ratio\"><div class=\"wp-block-embed__wrapper\">\n<iframe loading=\"lazy\" title=\"Interview Alexandra Saliba et Stratis Vogiatzis de Caravan Project\" width=\"1200\" height=\"675\" src=\"https:\/\/www.youtube.com\/embed\/DHuAdspz71I?feature=oembed\" frameborder=\"0\" allow=\"accelerometer; autoplay; clipboard-write; encrypted-media; gyroscope; picture-in-picture\" allowfullscreen><\/iframe>\n<\/div><\/figure>\n\n\n\n<p class=\"has-vivid-red-color has-text-color\"><strong>6 avril en continu<\/strong><\/p>\n\n\n\n<p>\u200b\u200b\u200b<a href=\"https:\/\/www.francetvinfo.fr\/culture\/lieux-de-culture-fermes-c-est-plus-que-du-mepris-c-est-de-l-indifference-denonce-jean-michel-ribes_4360461.html#xtor=EPR-2-[newsletterquotidienne]-20210407-[lesimages\/image2]\">VIDEO: Lieux de culture ferm\u00e9s : \u00ab\u00a0C&rsquo;est plus que du m\u00e9pris, c&rsquo;est de l&rsquo;indiff\u00e9rence\u00a0\u00bb, d\u00e9nonce Jean-Michel Ribes<\/a> (franceinfo)<\/p>\n\n\n\n<p><a href=\"https:\/\/www.liberation.fr\/culture\/arts\/art-contemporain\/jean-dupuy-retourne-a-la-poussiere-20210406_32OYINLGTJGABE6ZEHHQ7OILIA\/?xtor=EREC-25-%5BNL_quot_matin_2021-04-07%5D-&amp;actId=ebwp0YMB8s1_OGEGSsDRkNUcvuQDVN7a57ET3fWtrS_9o2H3YnSh-tlErCsS7SWS&amp;actCampaignType=CAMPAIGN_MAIL&amp;actSource=508458\">Disparition&nbsp;: le sculpteur Jean Dupuy retourne \u00e0 la poussi\u00e8re<\/a> (Lib\u00e9)<\/p>\n\n\n\n<p><a href=\"https:\/\/www.liberation.fr\/lifestyle\/a-la-reunion-les-esprits-convoques-sur-le-divan-20210406_WANCLPLQPVBWLOXPTCSZCXR6EI\/?xtor=EREC-26-%5BNL_abo_soir_2021-04-06%5D-&amp;actId=ebwp0YMB8s1_OGEGSsDRkNUcvuQDVN7a57ET3fWtrS_9o2H3YnSh-tlErCsS7SWS&amp;actCampaignType=CAMPAIGN_MAIL&amp;actSource=508455\">A la R\u00e9union, les esprits convoqu\u00e9s sur le divan<\/a> (Lib\u00e9)<\/p>\n\n\n\n<p><a href=\"https:\/\/www.liberation.fr\/culture\/jeux-video\/ecoles-de-jeu-video-je-ne-veux-plus-des-humains-je-veux-des-zombies-20210406_I2QZDI5VC5BTTDAZXPRXOK3DNA\/?xtor=EREC-26-%5BNL_abo_soir_2021-04-06%5D-&amp;actId=ebwp0YMB8s1_OGEGSsDRkNUcvuQDVN7a57ET3fWtrS_9o2H3YnSh-tlErCsS7SWS&amp;actCampaignType=CAMPAIGN_MAIL&amp;actSource=508455\">Ecoles de jeu vid\u00e9o : \u00abJe ne veux plus des humains, je veux des zombies\u00bb<\/a> (Lib\u00e9)<\/p>\n\n\n\n<figure class=\"wp-block-image size-large is-resized\"><img data-recalc-dims=\"1\" loading=\"lazy\" decoding=\"async\" src=\"https:\/\/i0.wp.com\/www.rdpemancipation.org\/wp-content\/uploads\/2021\/04\/image-29.png?resize=400%2C164&#038;ssl=1\" alt=\"\" class=\"wp-image-24475\" width=\"400\" height=\"164\" srcset=\"https:\/\/i0.wp.com\/www.rdpemancipation.org\/wp-content\/uploads\/2021\/04\/image-29.png?w=800&amp;ssl=1 800w, https:\/\/i0.wp.com\/www.rdpemancipation.org\/wp-content\/uploads\/2021\/04\/image-29.png?resize=300%2C123&amp;ssl=1 300w, https:\/\/i0.wp.com\/www.rdpemancipation.org\/wp-content\/uploads\/2021\/04\/image-29.png?resize=768%2C314&amp;ssl=1 768w\" sizes=\"auto, (max-width: 400px) 100vw, 400px\" \/><\/figure>\n\n\n\n<p>\u200b\u200b<a href=\"https:\/\/www.liberation.fr\/culture\/livres\/chansons-pour-lincendie-musique-dans-lhades-20210404_HKKONGQICNDN7HNZLOGBBTWOF4\/?xtor=EREC-31-%5BNL_Culture__2021-04-06_1%5D-&amp;actId=ebwp0YMB8s1_OGEGSsDRkNUcvuQDVN7a57ET3fWtrS_9o2H3YnSh-tlErCsS7SWS&amp;actCampaignType=CAMPAIGN_MAIL&amp;actSource=508453\">\u00abChansons pour l\u2019incendie\u00bb, 9 nouvelles du colombien Juan Gabriel Vasquez<\/a> (Lib\u00e9)<\/p>\n\n\n\n<p><a href=\"https:\/\/www.liberation.fr\/culture\/a-paris-une-action-pour-denoncer-le-manque-de-culture-20210405_AI2AAF5MVNHKRABUIY4HT57OOY\/?xtor=EREC-31-%5BNL_Culture__2021-04-06_1%5D-&amp;actId=ebwp0YMB8s1_OGEGSsDRkNUcvuQDVN7a57ET3fWtrS_9o2H3YnSh-tlErCsS7SWS&amp;actCampaignType=CAMPAIGN_MAIL&amp;actSource=508453\">A Paris, une action pour d\u00e9noncer le \u00abmanque de culture\u00bb<\/a> (Lib\u00e9)<\/p>\n\n\n\n<figure class=\"wp-block-image size-large is-resized\"><img data-recalc-dims=\"1\" loading=\"lazy\" decoding=\"async\" src=\"https:\/\/i0.wp.com\/www.rdpemancipation.org\/wp-content\/uploads\/2021\/04\/image-28.png?resize=400%2C267&#038;ssl=1\" alt=\"\" class=\"wp-image-24468\" width=\"400\" height=\"267\" srcset=\"https:\/\/i0.wp.com\/www.rdpemancipation.org\/wp-content\/uploads\/2021\/04\/image-28.png?w=800&amp;ssl=1 800w, https:\/\/i0.wp.com\/www.rdpemancipation.org\/wp-content\/uploads\/2021\/04\/image-28.png?resize=300%2C200&amp;ssl=1 300w, https:\/\/i0.wp.com\/www.rdpemancipation.org\/wp-content\/uploads\/2021\/04\/image-28.png?resize=768%2C512&amp;ssl=1 768w\" sizes=\"auto, (max-width: 400px) 100vw, 400px\" \/><\/figure>\n\n\n\n<p><a href=\"https:\/\/info.mediapart.fr\/optiext\/optiextension.dll?ID=1xw1vgSTE0pjIIdkAUPZ9QSEgpBS1acfWMBAv%2BDgPx62ZCSL8N7fQDBgQp53t383ftiogD9b6hdDW7SX%2BEuXIqZki12TS\">La d\u00e9tresse rageuse des jeunes artistes mise \u00e0 nu<\/a> &#8211; jean-pierre thibaudat<\/p>\n\n\n\n<p><a href=\"https:\/\/blogs.mediapart.fr\/jean-marc-b\/blog\/050421\/un-hymne-magnifique-le-chant-des-occupants-theatre-de-limoges\">Un hymne magnifique: le \u00ab\u00a0Chant des occupants\u00a0\u00bb- T<\/a>h\u00e9atre de Limoges<\/p>\n\n\n\n<figure class=\"wp-block-embed is-type-video is-provider-youtube wp-block-embed-youtube wp-embed-aspect-16-9 wp-has-aspect-ratio\"><div class=\"wp-block-embed__wrapper\">\n<iframe loading=\"lazy\" title=\"Le chant des Occupants \/ Th\u00e9\u00e2tre de l&#039;Union \/ Limoges\" width=\"1200\" height=\"675\" src=\"https:\/\/www.youtube.com\/embed\/esSKL7tq3ZQ?start=295&#038;feature=oembed\" frameborder=\"0\" allow=\"accelerometer; autoplay; clipboard-write; encrypted-media; gyroscope; picture-in-picture\" allowfullscreen><\/iframe>\n<\/div><\/figure>\n\n\n\n<p class=\"has-vivid-red-color has-text-color\"><strong>5 avril en continu<\/strong><\/p>\n\n\n\n<p>\u200b\u200b<a href=\"https:\/\/www.historia.fr\/la-strat%C3%A9gie-de-la-terre-br%C3%BBl%C3%A9e?utm_source=sendinblue&amp;utm_campaign=210327_EHT_HebdoConf_026&amp;utm_medium=email\">Alg\u00e9rie: LA STRAT\u00c9GIE DE LA TERRE BR\u00dbL\u00c9E<\/a> (revue Historia n\u00b0892)<\/p>\n\n\n\n<figure class=\"wp-block-image size-large is-resized\"><img data-recalc-dims=\"1\" loading=\"lazy\" decoding=\"async\" src=\"https:\/\/i0.wp.com\/www.rdpemancipation.org\/wp-content\/uploads\/2021\/04\/image-21.png?resize=512%2C205&#038;ssl=1\" alt=\"\" class=\"wp-image-24090\" width=\"512\" height=\"205\" srcset=\"https:\/\/i0.wp.com\/www.rdpemancipation.org\/wp-content\/uploads\/2021\/04\/image-21.png?resize=1024%2C410&amp;ssl=1 1024w, https:\/\/i0.wp.com\/www.rdpemancipation.org\/wp-content\/uploads\/2021\/04\/image-21.png?resize=300%2C120&amp;ssl=1 300w, https:\/\/i0.wp.com\/www.rdpemancipation.org\/wp-content\/uploads\/2021\/04\/image-21.png?resize=768%2C307&amp;ssl=1 768w, https:\/\/i0.wp.com\/www.rdpemancipation.org\/wp-content\/uploads\/2021\/04\/image-21.png?resize=1536%2C614&amp;ssl=1 1536w, https:\/\/i0.wp.com\/www.rdpemancipation.org\/wp-content\/uploads\/2021\/04\/image-21.png?w=1965&amp;ssl=1 1965w\" sizes=\"auto, (max-width: 512px) 100vw, 512px\" \/><\/figure>\n\n\n\n<p><a href=\"https:\/\/www.historia.fr\/loeil-de-lascar\/la-commune-chant%C3%A9e-par-galabru?utm_source=sendinblue&amp;utm_campaign=210327_EHT_HebdoConf_026&amp;utm_medium=email\">La Commune chant\u00e9e par Galabru- Olivier Lascar<\/a> (revue Historia)<\/p>\n\n\n\n<figure class=\"wp-block-image size-large is-resized\"><img data-recalc-dims=\"1\" loading=\"lazy\" decoding=\"async\" src=\"https:\/\/i0.wp.com\/www.rdpemancipation.org\/wp-content\/uploads\/2021\/04\/image-20.png?resize=350%2C334&#038;ssl=1\" alt=\"\" class=\"wp-image-24087\" width=\"350\" height=\"334\" srcset=\"https:\/\/i0.wp.com\/www.rdpemancipation.org\/wp-content\/uploads\/2021\/04\/image-20.png?w=700&amp;ssl=1 700w, https:\/\/i0.wp.com\/www.rdpemancipation.org\/wp-content\/uploads\/2021\/04\/image-20.png?resize=300%2C286&amp;ssl=1 300w\" sizes=\"auto, (max-width: 350px) 100vw, 350px\" \/><\/figure>\n\n\n\n<p><a href=\"https:\/\/blogs.mediapart.fr\/jean-marc-b\/blog\/030421\/meteo-super-ensoleillee-de-141-theatres-et-lieux-de-culture-occupes-ou-mobilises\">M\u00e9teo super ensoleill\u00e9e de 141 th\u00e9\u00e2tres et lieux de culture occup\u00e9s ou mobilis\u00e9s <\/a>(Luttes Invisibles)<\/p>\n\n\n\n<p><a href=\"https:\/\/www.mediapart.fr\/journal\/culture-idees\/040421\/la-poesie-de-walter-benjamin-enfin-traduite\">La po\u00e9sie de Walter Benjamin enfin traduite<\/a>&nbsp; (En attendant Nadeau) (M\u00e9diapart)<\/p>\n\n\n\n<p>\u200b<a href=\"https:\/\/www.liberation.fr\/culture\/musique\/pharoah-sanders-et-floating-points-effets-de-souffle-20210330_UP3RDXLETZBFVGNC7SMGJXWPWA\/?xtor=EREC-31-%5BLib%C3%A9culture_samedi__2021-04-02_1%5D-&amp;actId=ebwp0YMB8s1_OGEGSsDRkNUcvuQDVN7a57ET3fWtrS_9o2H3YnSh-tlErCsS7SWS&amp;actCampaignType=CAMPAIGN_MAIL&amp;actSource=508409\">Jazz&nbsp;: L\u2019am\u00e9ricain Pharoah Sanders et le britannique, Floating Points, effets de souffle<\/a> (Lib\u00e9)<\/p>\n\n\n\n<figure class=\"wp-block-image size-large is-resized\"><img data-recalc-dims=\"1\" loading=\"lazy\" decoding=\"async\" src=\"https:\/\/i0.wp.com\/www.rdpemancipation.org\/wp-content\/uploads\/2021\/04\/image-14.png?resize=400%2C400&#038;ssl=1\" alt=\"\" class=\"wp-image-23952\" width=\"400\" height=\"400\" srcset=\"https:\/\/i0.wp.com\/www.rdpemancipation.org\/wp-content\/uploads\/2021\/04\/image-14.png?w=800&amp;ssl=1 800w, https:\/\/i0.wp.com\/www.rdpemancipation.org\/wp-content\/uploads\/2021\/04\/image-14.png?resize=300%2C300&amp;ssl=1 300w, https:\/\/i0.wp.com\/www.rdpemancipation.org\/wp-content\/uploads\/2021\/04\/image-14.png?resize=150%2C150&amp;ssl=1 150w, https:\/\/i0.wp.com\/www.rdpemancipation.org\/wp-content\/uploads\/2021\/04\/image-14.png?resize=768%2C768&amp;ssl=1 768w\" sizes=\"auto, (max-width: 400px) 100vw, 400px\" \/><figcaption><br>Pharoah Sanders et Floating Points.&nbsp;(Eric Welles-Nystrom)<\/figcaption><\/figure>\n\n\n\n<p>\u200b\u200b\u200b<a href=\"https:\/\/www.liberation.fr\/culture\/musique\/mustang-en-selle-contre-tous-20210328_SG3QIEKHENF7BJOMHCK6P4IZ3A\/?xtor=EREC-31-%5BLib%C3%A9culture_samedi__2021-04-02_1%5D-&amp;actId=ebwp0YMB8s1_OGEGSsDRkNUcvuQDVN7a57ET3fWtrS_9o2H3YnSh-tlErCsS7SWS&amp;actCampaignType=CAMPAIGN_MAIL&amp;actSource=508409\">Rock&nbsp;: Retour de Mustang, en selle contre tous<\/a> (Lib\u00e9)<\/p>\n\n\n\n<p><a href=\"https:\/\/www.liberation.fr\/culture\/willem-on-aura-toujours-besoin-de-se-foutre-des-gens-20210330_ZAMQL33KPVA2XGFLIWGEP3KABA\/?xtor=EREC-31-%5BLib%C3%A9culture_samedi__2021-04-02_1%5D-&amp;actId=ebwp0YMB8s1_OGEGSsDRkNUcvuQDVN7a57ET3fWtrS_9o2H3YnSh-tlErCsS7SWS&amp;actCampaignType=CAMPAIGN_MAIL&amp;actSource=508409\">Caricature&nbsp;: Willem&nbsp;: \u00abOn aura toujours besoin de se foutre des gens\u00bb<\/a> (Lib\u00e9)<\/p>\n\n\n\n<p><a href=\"https:\/\/www.liberation.fr\/culture\/livres\/adonis-la-relation-entre-islam-et-homme-doit-etre-fondee-sur-la-loi-et-les-libertes-20210402_OMOZTHMFNBFIFK346RE6B5ZVDA\/?xtor=EREC-26-%5BNL_abo_soir_2021-04-02%5D-&amp;actId=ebwp0YMB8s1_OGEGSsDRkNUcvuQDVN7a57ET3fWtrS_9o2H3YnSh-tlErCsS7SWS&amp;actCampaignType=CAMPAIGN_MAIL&amp;actSource=508413\">Le po\u00e8te arabe Adonis&nbsp;: \u00abLa relation entre islam et homme doit \u00eatre fond\u00e9e sur la loi et les libert\u00e9s \u00bb<\/a> (Lib\u00e9)<\/p>\n\n\n\n<p>\u200b<a href=\"https:\/\/www.liberation.fr\/culture\/musique\/paradigmes-de-bric-et-de-baroque-20210402_LC6CWJE5K5HW5FMZEV5V2QJ5Y4\/?xtor=EREC-26-%5BNL_abo_soir_2021-04-02%5D-&amp;actId=ebwp0YMB8s1_OGEGSsDRkNUcvuQDVN7a57ET3fWtrS_9o2H3YnSh-tlErCsS7SWS&amp;actCampaignType=CAMPAIGN_MAIL&amp;actSource=508413\">Musique pop&nbsp;: \u00abParadigmes\u00bb, de bric et de baroque<\/a> (lib\u00e9)<\/p>\n\n\n\n<p>\u200b<a href=\"https:\/\/marsactu.fr\/occupation-des-lieux-culturels-a-marseille-les-visages-de-la-lutte\/?goal=0_dc9011be44-8d1b15de4b-431638057&amp;mc_cid=8d1b15de4b&amp;mc_eid=d0b099b9a8\">Marseille&nbsp;: Au ZEF, au Frac et \u00e0 la Cri\u00e9e, les \u201cnon essentiels\u201d exposent leur pr\u00e9carit\u00e9<\/a> (Marsactu)<\/p>\n\n\n\n<p class=\"has-vivid-red-color has-text-color\"><strong>4 avril en continu<\/strong><\/p>\n\n\n\n<p>\u200b\u200b<a href=\"https:\/\/www.liberation.fr\/culture\/dans-les-theatres-occupes-une-bataille-entre-ceux-qui-travaillent-et-les-autres-20210403_RRHACUPSQNDBLDSO35KFRC5Q2Q\/?redirected=1\">Dans les th\u00e9\u00e2tres occup\u00e9s, \u00abune bataille entre ceux qui travaillent et les autres\u00bb<\/a> (Lib\u00e9)<\/p>\n\n\n\n<figure class=\"wp-block-image size-large is-resized\"><img data-recalc-dims=\"1\" loading=\"lazy\" decoding=\"async\" src=\"https:\/\/i0.wp.com\/www.rdpemancipation.org\/wp-content\/uploads\/2021\/04\/image-15.png?resize=400%2C267&#038;ssl=1\" alt=\"\" class=\"wp-image-23957\" width=\"400\" height=\"267\" srcset=\"https:\/\/i0.wp.com\/www.rdpemancipation.org\/wp-content\/uploads\/2021\/04\/image-15.png?w=800&amp;ssl=1 800w, https:\/\/i0.wp.com\/www.rdpemancipation.org\/wp-content\/uploads\/2021\/04\/image-15.png?resize=300%2C200&amp;ssl=1 300w, https:\/\/i0.wp.com\/www.rdpemancipation.org\/wp-content\/uploads\/2021\/04\/image-15.png?resize=768%2C512&amp;ssl=1 768w\" sizes=\"auto, (max-width: 400px) 100vw, 400px\" \/><figcaption><br>Les occupants du Nouveau th\u00e9\u00e2tre de Montreuil ont manifest\u00e9 vendredi devant l&rsquo;\u00e9tablissement.&nbsp;(Camille McOuat)<\/figcaption><\/figure>\n\n\n\n<p><a href=\"https:\/\/blogs.mediapart.fr\/frederick-casadesus\/blog\/040421\/lumiere-de-jean-sebastien\">Lumi\u00e8re de Jean-S\u00e9bastien-Frederik Casadesus<\/a> (blog \u00e0 la musique-MDP)<\/p>\n\n\n\n<p><a href=\"https:\/\/www.franceinter.fr\/emissions\/affaires-sensibles\/affaires-sensibles-02-fevrier-2017?xtor=EPR-7&amp;actId=ebwp0YMB8s0XXev-swTWi6FWgZQt9biALyr5FYI13OqHU8b5N-PEJQr_g_XETQRH&amp;actCampaignType=CAMPAIGN_MAIL&amp;actSource=647898#xtor=7-[cult25112019]\">Ecouter&nbsp;: Le cas Houellebecq (<\/a>Affaires sensibles-2 f\u00e9vrier-France inter<a href=\"https:\/\/www.franceinter.fr\/emissions\/affaires-sensibles\/affaires-sensibles-02-fevrier-2017?xtor=EPR-7&amp;actId=ebwp0YMB8s0XXev-swTWi6FWgZQt9biALyr5FYI13OqHU8b5N-PEJQr_g_XETQRH&amp;actCampaignType=CAMPAIGN_MAIL&amp;actSource=647898#xtor=7-[cult25112019]\">)<\/a><\/p>\n\n\n\n<p><a href=\"https:\/\/www.mediapart.fr\/journal\/culture-idees\/040421\/la-poesie-de-walter-benjamin-enfin-traduite\">La po\u00e9sie de Walter Benjamin enfin traduite<\/a> (MDP)<\/p>\n\n\n\n<figure class=\"wp-block-image is-resized is-style-default\"><img data-recalc-dims=\"1\" loading=\"lazy\" decoding=\"async\" src=\"https:\/\/i0.wp.com\/static.mediapart.fr\/etmagine\/default\/files\/2021\/04\/02\/sonnette.jpg?resize=379%2C546&#038;ssl=1\" alt=\"sonnette\" width=\"379\" height=\"546\"\/><\/figure>\n\n\n\n<p class=\"has-vivid-red-color has-text-color\"><strong>3 avril<\/strong><\/p>\n\n\n\n<p><a href=\"https:\/\/www.lemediatv.fr\/emissions\/2021\/occupation-de-lodeon-un-theatre-qui-ne-se-tient-pas-sage-gBQeaWKcQG2d8fwIhaA2YQ\">Occupation de l&rsquo;Od\u00e9on : un th\u00e9\u00e2tre qui ne se tient pas sage<\/a> (vid\u00e9o Le M\u00e9dia)&nbsp;<\/p>\n\n\n\n<p><a href=\"https:\/\/larotative.info\/une-visite-a-l-occupation-du-grand-4044.html\">Une visite \u00e0 l&rsquo;occupation du Grand Th\u00e9\u00e2tre de Tours<\/a> (La Rotative)<\/p>\n\n\n\n<p><a href=\"https:\/\/info.mediapart.fr\/optiext\/optiextension.dll?ID=6yz6DY_v%2BTkAJsBsQKrE0dIR6EeQ2%2BmlSambvzPS2BED3F5QZ8Nf1cDaVjB353uXe9238%2BG3P7_e17yj%2BR4HMQ4w0SO63\">Nouvelles d&rsquo;un th\u00e9\u00e2tre occup\u00e9<\/a> -Renaud.Frugier<\/p>\n\n\n\n<p><a href=\"https:\/\/www.liberation.fr\/culture\/livres\/olympe-de-gouges-le-courage-tous-azimuts-20210401_WNUQTXZUVVDGDMEFBUKCWFEO7I\/?redirected=1\">Chronique \u00abFi\u00e8res de lettres\u00bbOlympe de Gouges, le courage tous azimuts<\/a> (Lib\u00e9)<\/p>\n\n\n\n<p><a href=\"https:\/\/www.laprovence.com\/article\/sorties-loisirs\/6310220\/festival-de-paques-quand-capucon-mise-sur-la-jeunesse.html\">Festival de P\u00e2ques \u00e0 Aix-en-Provence: quand Capu\u00e7on mise sur la jeunesse<\/a> (La Provence)<\/p>\n\n\n\n<figure class=\"wp-block-image size-large is-resized\"><img data-recalc-dims=\"1\" loading=\"lazy\" decoding=\"async\" src=\"https:\/\/i0.wp.com\/www.rdpemancipation.org\/wp-content\/uploads\/2021\/04\/image-10.png?resize=512%2C285&#038;ssl=1\" alt=\"\" class=\"wp-image-23666\" width=\"512\" height=\"285\" srcset=\"https:\/\/i0.wp.com\/www.rdpemancipation.org\/wp-content\/uploads\/2021\/04\/image-10.png?resize=1024%2C569&amp;ssl=1 1024w, https:\/\/i0.wp.com\/www.rdpemancipation.org\/wp-content\/uploads\/2021\/04\/image-10.png?resize=300%2C167&amp;ssl=1 300w, https:\/\/i0.wp.com\/www.rdpemancipation.org\/wp-content\/uploads\/2021\/04\/image-10.png?resize=768%2C427&amp;ssl=1 768w, https:\/\/i0.wp.com\/www.rdpemancipation.org\/wp-content\/uploads\/2021\/04\/image-10.png?w=1170&amp;ssl=1 1170w\" sizes=\"auto, (max-width: 512px) 100vw, 512px\" \/><figcaption><br>\u00c9lise Bertrand, \u00e0 20&nbsp;ans, interpr\u00e8te et compose.<\/figcaption><\/figure>\n\n\n\n<p><a href=\"https:\/\/www.franceinter.fr\/emissions\/affaires-sensibles\/affaires-sensibles-02-fevrier-2017?xtor=EPR-7&amp;actId=ebwp0YMB8s0XXev-swTWi6FWgZQt9biALyr5FYI13OqHU8b5N-PEJQr_g_XETQRH&amp;actCampaignType=CAMPAIGN_MAIL&amp;actSource=647898#xtor=7-[cult25112019]\">Ecouter&nbsp;: Le cas Houellebecq (Affaires sensibles-2 f\u00e9vrier-France inter)<\/a><\/p>\n\n\n\n<p class=\"has-vivid-red-color has-text-color\"><strong>2 avril<\/strong><\/p>\n\n\n\n<h1 class=\"has-normal-font-size wp-block-heading\">\u200b<a href=\"https:\/\/blogs.mediapart.fr\/zap-pow\/blog\/010421\/musique-du-jour-whatitdo-archive-group\">Musique: Whatitdo Archive Group<\/a> (blog ZAP POW-2 avril-MDP)<\/h1>\n\n\n\n<p><a href=\"https:\/\/www.liberation.fr\/culture\/musique\/godspeed-you-black-emperor-apocalypse-wow-20210401_6NV6FZRKZJD6PKHXI5HJSMJNOI\/?xtor=EREC-26-%5BNL_abo_soir_2021-04-01%5D-&amp;actId=ebwp0YMB8s1_OGEGSsDRkNUcvuQDVN7a57ET3fWtrS_9o2H3YnSh-tlErCsS7SWS&amp;actCampaignType=CAMPAIGN_MAIL&amp;actSource=508390\">Montreal&nbsp;: Godspeed You! Black Emperor, apocalypse wow<\/a><\/p>\n\n\n\n<figure class=\"wp-block-image size-large is-resized\"><img data-recalc-dims=\"1\" loading=\"lazy\" decoding=\"async\" src=\"https:\/\/i0.wp.com\/www.rdpemancipation.org\/wp-content\/uploads\/2021\/04\/image-9.png?resize=400%2C400&#038;ssl=1\" alt=\"\" class=\"wp-image-23660\" width=\"400\" height=\"400\" srcset=\"https:\/\/i0.wp.com\/www.rdpemancipation.org\/wp-content\/uploads\/2021\/04\/image-9.png?w=800&amp;ssl=1 800w, https:\/\/i0.wp.com\/www.rdpemancipation.org\/wp-content\/uploads\/2021\/04\/image-9.png?resize=300%2C300&amp;ssl=1 300w, https:\/\/i0.wp.com\/www.rdpemancipation.org\/wp-content\/uploads\/2021\/04\/image-9.png?resize=150%2C150&amp;ssl=1 150w, https:\/\/i0.wp.com\/www.rdpemancipation.org\/wp-content\/uploads\/2021\/04\/image-9.png?resize=768%2C768&amp;ssl=1 768w\" sizes=\"auto, (max-width: 400px) 100vw, 400px\" \/><figcaption>Une des rares photos du groupe<\/figcaption><\/figure>\n\n\n\n<p>\u200b<a href=\"https:\/\/blogs.mediapart.fr\/zap-pow\/blog\/310321\/musique-du-jour-michael-sarian\">Musique : Michael Sarian<\/a> (blog ZAP POW-1er avril-MDP)<\/p>\n\n\n\n<p><span class=\"has-inline-color has-vivid-red-color\"><strong>1er Avril en continu<\/strong><\/span><\/p>\n\n\n\n<p>\u200b<a href=\"https:\/\/www.espaces-latinos.org\/archives\/98273?utm_source=Sarbacane&amp;utm_medium=email&amp;utm_campaign=News%20%2031%20Mars%202021\">Les cin\u00e9mas latinos \u00e0 l\u2019honneur \u00e0 Toulouse et notre hommage \u00e0 Bertrand Tavernier<\/a> (espaces latinos)<\/p>\n\n\n\n<figure class=\"wp-block-image size-large is-resized is-style-default\"><img data-recalc-dims=\"1\" loading=\"lazy\" decoding=\"async\" src=\"https:\/\/i0.wp.com\/www.rdpemancipation.org\/wp-content\/uploads\/2021\/04\/image.png?resize=355%2C150&#038;ssl=1\" alt=\"\" class=\"wp-image-23322\" width=\"355\" height=\"150\" srcset=\"https:\/\/i0.wp.com\/www.rdpemancipation.org\/wp-content\/uploads\/2021\/04\/image.png?w=710&amp;ssl=1 710w, https:\/\/i0.wp.com\/www.rdpemancipation.org\/wp-content\/uploads\/2021\/04\/image.png?resize=300%2C127&amp;ssl=1 300w\" sizes=\"auto, (max-width: 355px) 100vw, 355px\" \/><\/figure>\n\n\n\n<p><a href=\"https:\/\/www.espaces-latinos.org\/archives\/98288?utm_source=Sarbacane&amp;utm_medium=email&amp;utm_campaign=News%20%2031%20Mars%202021\">\u00ab Remords \u00bb de Luiz Ruffato aux \u00e9d. M\u00e9taili\u00e9 : portrait d\u2019un Br\u00e9sil neurasth\u00e9nique<\/a> (espaces latinos)<\/p>\n\n\n\n<p>\u200b\u200b<a href=\"..\/..\/..\/..\/Documents\/CULTURE,LIVRES%C2%AB%20Canci%C3%B3n%20%C2%BB%20dernier%20roman%20de%20l%E2%80%99%C3%A9crivain%20guat%C3%A9malt%C3%A8que%20Eduardo%20Halfon%20aux%20%C3%A9ditions%20Quai%20Voltaire\">\u00ab&nbsp;Canci\u00f3n&nbsp;\u00bb dernier roman de l\u2019\u00e9crivain guat\u00e9malt\u00e8que Eduardo Halfon aux \u00e9ditions Quai Voltaire<\/a> (espaces latinos)<\/p>\n\n\n\n<p><a href=\"https:\/\/www.espaces-latinos.org\/archives\/98317?utm_source=Sarbacane&amp;utm_medium=email&amp;utm_campaign=News%20%2031%20Mars%202021\">Trouver le pli : \u00ab&nbsp;Plier bagage&nbsp;\u00bb, nouveau roman du Mexicain Daniel Salda\u00f1a Paris aux \u00e9ditions M\u00e9taili\u00e9<\/a>(espaces latinos)<\/p>\n\n\n\n<figure class=\"wp-block-image is-resized is-style-default\"><img data-recalc-dims=\"1\" loading=\"lazy\" decoding=\"async\" src=\"https:\/\/i0.wp.com\/lanticapitaliste.org\/sites\/default\/files\/styles\/largeur_content_hauteur_complet\/public\/visuel-dossier562.jpg?resize=370%2C216&#038;ssl=1\" alt=\"\" width=\"370\" height=\"216\"\/><\/figure>\n","protected":false},"excerpt":{"rendered":"<p>\u200b \u200b\u200bBD\u00a0: Histoires de Vend\u00e9e Globe &#8211; Alexandre Chenet &amp; Renaud Garreta (franceinter) \u200b\u200bDe Nice \u00e0 la vall\u00e9e de la Roya, \u00ab\u00a0Danser encore\u00a0\u00bb est devenu l&rsquo;hymne de ralliement du monde de la culture (france3) \u00ab\u00a0Oscar de la diversit\u00e9\u00a0\u00bb\u00a0: retour sur la repr\u00e9sentation du handicap au cin\u00e9ma et dans la pop culture (franceinter) FEUILLETER &#8211; \u00ab\u00a0Un &#8230; <a title=\"Avril &#8211; Cultures\" class=\"read-more\" href=\"https:\/\/www.rdpemancipation.org\/?p=23354\" aria-label=\"En savoir plus sur Avril &#8211; Cultures\">Lire la suite<\/a><\/p>\n","protected":false},"author":2,"featured_media":0,"comment_status":"closed","ping_status":"closed","sticky":false,"template":"","format":"standard","meta":{"_lmt_disableupdate":"no","_lmt_disable":"no","_jetpack_memberships_contains_paid_content":false,"footnotes":""},"categories":[25],"tags":[],"class_list":["post-23354","post","type-post","status-publish","format-standard","hentry","category-cultures"],"modified_by":"ddo","jetpack_featured_media_url":"","jetpack_sharing_enabled":true,"_links":{"self":[{"href":"https:\/\/www.rdpemancipation.org\/index.php?rest_route=\/wp\/v2\/posts\/23354","targetHints":{"allow":["GET"]}}],"collection":[{"href":"https:\/\/www.rdpemancipation.org\/index.php?rest_route=\/wp\/v2\/posts"}],"about":[{"href":"https:\/\/www.rdpemancipation.org\/index.php?rest_route=\/wp\/v2\/types\/post"}],"author":[{"embeddable":true,"href":"https:\/\/www.rdpemancipation.org\/index.php?rest_route=\/wp\/v2\/users\/2"}],"replies":[{"embeddable":true,"href":"https:\/\/www.rdpemancipation.org\/index.php?rest_route=%2Fwp%2Fv2%2Fcomments&post=23354"}],"version-history":[{"count":115,"href":"https:\/\/www.rdpemancipation.org\/index.php?rest_route=\/wp\/v2\/posts\/23354\/revisions"}],"predecessor-version":[{"id":28228,"href":"https:\/\/www.rdpemancipation.org\/index.php?rest_route=\/wp\/v2\/posts\/23354\/revisions\/28228"}],"wp:attachment":[{"href":"https:\/\/www.rdpemancipation.org\/index.php?rest_route=%2Fwp%2Fv2%2Fmedia&parent=23354"}],"wp:term":[{"taxonomy":"category","embeddable":true,"href":"https:\/\/www.rdpemancipation.org\/index.php?rest_route=%2Fwp%2Fv2%2Fcategories&post=23354"},{"taxonomy":"post_tag","embeddable":true,"href":"https:\/\/www.rdpemancipation.org\/index.php?rest_route=%2Fwp%2Fv2%2Ftags&post=23354"}],"curies":[{"name":"wp","href":"https:\/\/api.w.org\/{rel}","templated":true}]}}