{"id":23352,"date":"2021-04-01T09:33:48","date_gmt":"2021-04-01T07:33:48","guid":{"rendered":"https:\/\/www.rdpemancipation.org\/?p=23352"},"modified":"2021-04-30T00:59:03","modified_gmt":"2021-04-29T22:59:03","slug":"avril-medias","status":"publish","type":"post","link":"https:\/\/www.rdpemancipation.org\/?p=23352","title":{"rendered":"Avril &#8211; Medias"},"content":{"rendered":"\n<p><strong><span class=\"has-inline-color has-vivid-red-color\">30 Avril <\/span><\/strong><\/p>\n\n\n\n<p><a href=\"https:\/\/www.revolutionpermanente.fr\/Votre-discours-reactionnaire-a-le-monopole-dans-les-medias-Anasse-Kazib-face-a-Sonia-Mabrouk\">\u00ab\u00a0Votre discours r\u00e9actionnaire a le monopole dans les m\u00e9dias&nbsp;!\u00a0\u00bb Anasse Kazib face \u00e0 Sonia Mabrouk<\/a> (RP)<\/p>\n\n\n\n<p><a href=\"https:\/\/www.acrimed.org\/Bernard-Tapie-invite-au-20H-de-TF1-un-journalisme\">Bernard Tapie invit\u00e9 au 20H de TF1 : un journalisme de flagornerie<\/a> (Acrimed)<\/p>\n\n\n\n<figure class=\"wp-block-image is-style-default\"><img decoding=\"async\" src=\"https:\/\/scontent.fsti4-2.fna.fbcdn.net\/v\/t1.6435-9\/180105963_1194028701019596_1351832745321591677_n.png?_nc_cat=106&amp;ccb=1-3&amp;_nc_sid=730e14&amp;_nc_ohc=B6vQdr0Mjc0AX--duC8&amp;_nc_ht=scontent.fsti4-2.fna&amp;oh=6ad7a2b54563a87df32802f3e25654b2&amp;oe=60AF27C2\" alt=\"Peut \u00eatre une image de texte qui dit \u201929 avril, un matin sur TV Facho M\u00e9nard sur c News, Mar\u00e9chal sur BFMTV, Mariani sur LCI\u2019\"\/><\/figure>\n\n\n\n<p><strong><span class=\"has-inline-color has-vivid-red-color\">29 Avril <\/span><\/strong><\/p>\n\n\n\n<p><a href=\"https:\/\/redaction.lemonde.fr\/optiext\/optiextension.dll?ID=UmnUnBOWNHF7tOpJMxLR4+GbVaL2EZabwI15nVv95TTHYBZEMjHQxnsIoRye3fx4XwjHVDwYYC4c+Q8InhlJujVSFidUb\">Canal+, condamn\u00e9 pour vente forc\u00e9e, vis\u00e9 par une action de l\u2019UFC-Que Choisir&nbsp;<\/a> (Le Monde)<\/p>\n\n\n\n<p><a href=\"http:\/\/lacanardesauvage.free.fr\/spip.php?article214\">Soutien au m\u00e9dia Ricochets<\/a> (La Canarde sauvage)<\/p>\n\n\n\n<p><a href=\"https:\/\/theconversation.com\/bonnes-feuilles-petit-manuel-deducation-critique-aux-medias-159607\">Bonnes feuilles : \u00ab Petit manuel d\u2019\u00e9ducation critique aux m\u00e9dias \u00bb<\/a> par C\u00e9line Matuszak (The Conversation)<\/p>\n\n\n\n<figure class=\"wp-block-image is-resized is-style-default\"><img loading=\"lazy\" decoding=\"async\" src=\"https:\/\/scontent.fsti4-1.fna.fbcdn.net\/v\/t1.6435-9\/179613585_1193240391098427_943749843386738397_n.png?_nc_cat=100&amp;ccb=1-3&amp;_nc_sid=730e14&amp;_nc_ohc=mXbQFzPgPJIAX8RPk40&amp;_nc_ht=scontent.fsti4-1.fna&amp;oh=c359938c1ba964d7031cf68c1fc08fa2&amp;oe=60ADEB3F\" alt=\"Peut \u00eatre une image de 1 personne et texte qui dit \u2019Julien Amghar @julienamghar_PG Oh, bah \u00e7a alors quelle surprise, a des fascistes parmi les commentateurs politiques de ce pays. Mais qui aurait bien pu s'en douter? DIRECT 12.00 LCI SPACEX PESQUET L'omarrage ou-dessus de 'Ocean Indien (NASA) iou424kilos Ce pr\u00e9sentateur de LCI sera t\u00eate de liste RN aux r\u00e9gionales \u00e0 Paris huffingtonpost. 0:28 28avr.21 Twitter Web App\u2019\" width=\"327\" height=\"471\"\/><\/figure>\n\n\n\n<p><strong><span class=\"has-inline-color has-vivid-red-color\">27 Avril en continu<\/span><\/strong><\/p>\n\n\n\n<p><a href=\"https:\/\/info.mediapart.fr\/optiext\/optiextension.dll?ID=D%2B_D6lrmFcFkAPSxa2uLGC1zOwMt2NIorlsOuP7JRiOvXseTupAklxP4SEsl8IHxzME%2BhwnSyLCmu3DhQAORMI3LbAY12\">Lorraine coeur d&rsquo;acier, histoire illustr\u00e9e d&rsquo;une radio libre<\/a> &#8211; Victorine SEITZ<\/p>\n\n\n\n<p><a href=\"https:\/\/www.boursorama.com\/actualite-economique\/actualites\/paris-et-berlin-presentent-ensemble-mardi-leur-plan-de-relance-a-la-presse-61dc123b75b85fd862deddd887c90f8a\">Paris et Berlin pr\u00e9sentent ensemble mardi leur plan de relance \u00e0 la presse<\/a> (AFP)<\/p>\n\n\n\n<p><a href=\"https:\/\/www.humanite.fr\/medias-arnaud-lagardere-contraint-de-partager-le-pouvoir-au-sommet-704952#xtor=RSS-1\">M\u00e9dias. Arnaud Lagard\u00e8re contraint de partager le pouvoir au sommet<\/a> (L\u2019Humanit\u00e9)&nbsp;<\/p>\n\n\n\n<p><a href=\"https:\/\/www.humanite.fr\/television-les-realites-de-lexploitation-lheure-du-numerique-704943#xtor=RSS-1\">T\u00e9l\u00e9vision. Les r\u00e9alit\u00e9s de l\u2019exploitation \u00e0 l\u2019heure du num\u00e9rique<\/a> (L\u2019Humanit\u00e9)<\/p>\n\n\n\n<p><a href=\"https:\/\/www.monde-diplomatique.fr\/2006\/05\/REYMOND\/13479\">Les cabotins des ondes<\/a> par Mathias Reymond (Le Monde diplomatique, 2006)&nbsp;<\/p>\n\n\n\n<p><strong><span class=\"has-inline-color has-vivid-red-color\">25 Avril en continu<\/span><\/strong><\/p>\n\n\n\n<p><a href=\"https:\/\/blogs.mediapart.fr\/dominique-vidal\/blog\/250421\/mes-amis-journalistes\">A mes amis journalistes<\/a> &#8211; Dominique Vidal<\/p>\n\n\n\n<p><a href=\"https:\/\/www.acrimed.org\/Immersion-dans-le-Centre-de-formation-des\">Immersion dans le Centre de formation des journalistes<\/a> (Acrimed)&nbsp;<\/p>\n\n\n\n<figure class=\"wp-block-embed is-type-video is-provider-vimeo wp-block-embed-vimeo wp-embed-aspect-16-9 wp-has-aspect-ratio\"><div class=\"wp-block-embed__wrapper\">\n<iframe loading=\"lazy\" title=\"EN FORMATION - un film de S&amp;eacute;bastien Magnier &amp;amp; Julien Meunier - bande-annonce - Festival FILMER LE TRAVAIL\" src=\"https:\/\/player.vimeo.com\/video\/513750482?dnt=1&amp;app_id=122963&amp;h=9f7ea5ee7e\" width=\"1200\" height=\"675\" frameborder=\"0\" allow=\"autoplay; fullscreen; picture-in-picture\" allowfullscreen><\/iframe>\n<\/div><\/figure>\n\n\n\n<p><a href=\"https:\/\/info.mediapart.fr\/optiext\/optiextension.dll?ID=u23uWCzLaIzyV%2B4xdw4BSZNfXgpE0UWIpZv0fyOb4iGBZugeDyD98ZgOQsT_lp1kyjpDqUCZamUEr8A7VbiBUVguvZE8t\">Vingt ans de t\u00e9l\u00e9r\u00e9alit\u00e9 en France: du scandale \u00abLoft Story\u00bb au business des influenceurs<\/a> (MDP)<\/p>\n\n\n\n<p><strong><span class=\"has-inline-color has-vivid-red-color\">22 Avril en continu<\/span><\/strong><\/p>\n\n\n\n<p><a href=\"https:\/\/www.boursorama.com\/actualite-economique\/actualites\/aides-a-la-presse-le-gouvernement-annonce-une-concertation-en-vue-d-une-reforme-72fc9b87f400ed6d31816384e178d0f3\">Aides \u00e0 la presse: le gouvernement annonce une concertation en vue d&rsquo;une r\u00e9forme<\/a> (AFP)<\/p>\n\n\n\n<p><a href=\"https:\/\/info.mediapart.fr\/optiext\/optiextension.dll?ID=B54B6zQgSyfa3O78676Jt1p4qkim1UBdJTzKtt4%2B8d7iA0wRtMWcjLwSLsBMJj6LdvPDd6KV%2Bjnr4rbWSDgF3Wx4c3XZi\">Le Ravi, non essentiel?<\/a>&nbsp; (<a href=\"https:\/\/info.mediapart.fr\/optiext\/optiextension.dll?ID=B54B7cm4t8UzMp5WY5sTXDOWrjLEBf3%2B1pSXI_X77iC21HFRshG6i3RJyf%2B2wqExjZBwTdjWqur%2Bb2G89YzPBz1EQXadG\">Le Ravi<\/a>)<\/p>\n\n\n\n<p><a href=\"https:\/\/dieses.fr\/guiti-news-un-media-franco-exile\">Guiti News, un m\u00e9dia \u00ab franco-exil\u00e9 \u00bb<\/a> par Nina Gheddar (di\u00e8ses)<\/p>\n\n\n\n<p><strong><span class=\"has-inline-color has-vivid-red-color\">20 Avril en continu<\/span><\/strong><\/p>\n\n\n\n<p><a href=\"https:\/\/www.acrimed.org\/Sortie-de-Mediacritiques-no38-Presidentielle-le\">&nbsp;Pr\u00e9sidentielle&nbsp;: le retour du journalisme hippique<\/a> (sortie M\u00e9diacritiques n\u00b038)<\/p>\n\n\n\n<p><a href=\"https:\/\/www.lemonde.fr\/international\/article\/2021\/04\/18\/des-journalistes-empeches-par-la-police-de-faire-leur-travail-lors-d-une-manifestation-antiraciste-aux-etats-unis_6077173_3210.html\">Des journalistes emp\u00each\u00e9s par la police de couvrir une manifestation antiraciste aux USA <\/a>(Le Monde)<\/p>\n\n\n\n<p><a href=\"https:\/\/www.acrimed.org\/Quand-La-Depeche-du-Midi-fait-evacuer-des\">Quand La D\u00e9p\u00eache du Midi fait \u00e9vacuer des squatteurs<\/a> (Acrimed)<\/p>\n\n\n\n<p><a href=\"https:\/\/www.boursorama.com\/actualite-economique\/actualites\/rsf-vaccin-contre-la-desinformation-le-journalisme-entrave-dans-quelque-130-pays-93b38407bc94757c7a71158e171711b0\">RSF: \u00ab\u00a0Vaccin contre la d\u00e9sinformation\u00a0\u00bb, le journalisme entrav\u00e9 dans quelque 130 pays<\/a> (AFP)<\/p>\n\n\n\n<p><a href=\"http:\/\/www.laboursolidarity.org\/Les-grevistes-de-Spectrum-creent\">Les gr\u00e9vistes de Spectrum cr\u00e9ent leur propre fournisseur d\u2019acc\u00e8s \u00e0 Internet<\/a> (RSISL)<\/p>\n\n\n\n<p><strong><span class=\"has-inline-color has-vivid-red-color\">19 Avril en continu<\/span><\/strong><\/p>\n\n\n\n<p><a href=\"https:\/\/www.youtube.com\/watch?v=FHGIKPqmyq8\">Op\u00e9ration Radio France : \u00c9ric Stemmelen<\/a> (Les d\u00e9connomistes)<\/p>\n\n\n\n<p><a href=\"https:\/\/www.acrimed.org\/Un-exercice-de-depolitisation-Nicolas-Demorand?fbclid=IwAR1e8kA3bu5goHinqWqYFGn49pCMuwbBFM6kW_oQQXSOAf1ClzlfAhiREYc\">Un exercice de d\u00e9politisation : Nicolas Demorand contre Adrien Quatennens<\/a> (Acrimed)<\/p>\n\n\n\n<p><a href=\"https:\/\/www.acrimed.org\/Sortie-de-Mediacritiques-no38-Presidentielle-le\">&nbsp;Pr\u00e9sidentielle&nbsp;: le retour du journalisme hippique<\/a> (sortie M\u00e9diacritiques n\u00b038)<\/p>\n\n\n\n<p><a href=\"https:\/\/www.lemonde.fr\/international\/article\/2021\/04\/18\/des-journalistes-empeches-par-la-police-de-faire-leur-travail-lors-d-une-manifestation-antiraciste-aux-etats-unis_6077173_3210.html\">Des journalistes emp\u00each\u00e9s par la police de couvrir une manifestation antiraciste aux USA <\/a>(Le Monde)<\/p>\n\n\n\n<p><strong><span class=\"has-inline-color has-vivid-red-color\">18 Avril en continu<\/span><\/strong><\/p>\n\n\n\n<p><a href=\"https:\/\/editionsgrevis.com\/\">Maison d&rsquo;\u00e9dition ind\u00e9pendante associative<\/a> (Edition Grevis)<\/p>\n\n\n\n<figure class=\"wp-block-image is-style-default\"><img decoding=\"async\" src=\"https:\/\/scontent.fhex4-2.fna.fbcdn.net\/v\/t1.6435-9\/175134056_1185968765158923_5874912117382241158_n.png?_nc_cat=103&amp;ccb=1-3&amp;_nc_sid=730e14&amp;_nc_ohc=sIEQYs0zsoEAX_vETnA&amp;_nc_ht=scontent.fhex4-2.fna&amp;oh=ce05eba0b3eba9c4df070591eff48d5f&amp;oe=609F4C19\" alt=\"Peut \u00eatre une image de texte qui dit \u2019La Plume Libre @.. 8h [M\u00e9dias et #Politique] \u00c0 un an de la #Presidentielle2022, Cyril Graziani- tr\u00e8s proche de #Macron a \u00e9t\u00e9 nomm\u00e9 chef du service politique de France TV L'ex membre de l'\u00e9quipe de campagne du PR Doroth\u00e9e Stik a elle \u00e9t\u00e9 nomm\u00e9e au conseil de surveillance d'#Arte. (.onde) #LREM\u2019\"\/><\/figure>\n\n\n\n<figure class=\"wp-block-image is-resized is-style-default\"><img data-recalc-dims=\"1\" loading=\"lazy\" decoding=\"async\" src=\"https:\/\/i0.wp.com\/www.acrimed.org\/local\/cache-gd2\/0f\/6428b2f12a9b442ad0e2700ba3d9a4.jpg?resize=354%2C521&#038;ssl=1\" alt=\"Sortie de <i&gt;M\u00e9diacritiques<\/i&gt; n\u00b038 \u2013 Pr\u00e9sidentielle : le retour du journalisme hippique\" width=\"354\" height=\"521\"\/><\/figure>\n\n\n\n<p><strong><span class=\"has-inline-color has-vivid-red-color\">16 Avril en continu<\/span><\/strong><\/p>\n\n\n\n<p><a href=\"https:\/\/l.facebook.com\/l.php?u=https:\/\/www.ozap.com\/actu\/-les-points-sur-les-i-ivan-rioufol-a-la-tete-d-une-emission-sur-cnews-a-partir-du-dimanche-18-avril\/603636?fbclid=IwAR3r9HX8V36J9-AoL1kODHkGj9NSeeSRdB9S_EZm2qiCdAUjTk6eUf3N1fA&amp;h=AT3yQ3HycDrBe8P8phLIyVUI3hcEFiKlr_n7t0mYrO114hVJOp-1uJw02YdCBBYUuB6hzvvUzgTPAj9PHh9R2Yj6BTVB_zO_qqoT0keeYokK5MRqaS8VVVneABJ11ZnnYSso__w&amp;__tn__=,mH-R&amp;c%5B0%5D=AT2UWdn8ctI094JvqfaKYcrI1QhX4ZNG5ITdja3pc5-8KTJFUVp3qd1SBHfJCKjhPplfKpP6aa7-pG4vZ8031pO4Yzs0t1uVJdSod_2yfiX99JfOpvJGdzPEAXA3kN_zflBaMypskAvuXhJkf3xCh_BpwQX5ZHeaVjoobT65rRH15pk\">\u00ab\u00a0Les points sur les i\u00a0\u00bb : Ivan Rioufol \u00e0 la t\u00eate d&rsquo;une \u00e9mission sur CNews \u00e0 partir du dimanche 18 avril <\/a>(Ozap.com)<\/p>\n\n\n\n<p><a href=\"https:\/\/www.acrimed.org\/Actualite-des-medias-De-pire-en-pire-chez-Bollore\">De pire en pire chez Bollor\u00e9, saign\u00e9es dans la presse \u00e9crite, pr\u00e9fecture et police contre le droit d\u2019informer\u2026<\/a> (acrimed.org)<\/p>\n\n\n\n<p><a href=\"https:\/\/lecourrier.ch\/2021\/04\/16\/scandale-rts-darius-rochebin-blanchi\/\">Scandale RTS: Darius Rochebin blanchi<\/a> (Le Courrier)<\/p>\n\n\n\n<p><a href=\"https:\/\/www.leravi.org\/medias\/presse-pas-pareille\/pour-ne-pas-deposer-le-bilan-le-ravi-doit-trouver-au-moins-500-abonnes-avril-2021\/\">Pour ne pas d\u00e9poser le bilan, le Ravi doit trouver au moins 500 abonn\u00e9s \u2013 avril 2021<\/a> (Le Ravi)<\/p>\n\n\n\n<figure class=\"wp-block-image is-resized is-style-default\"><img loading=\"lazy\" decoding=\"async\" src=\"https:\/\/scontent.fhex4-1.fna.fbcdn.net\/v\/t1.6435-9\/174446974_10159580744503478_3257713756766775340_n.jpg?_nc_cat=100&amp;ccb=1-3&amp;_nc_sid=dbeb18&amp;_nc_ohc=-soTBzB6BXIAX-R6Fgu&amp;_nc_ht=scontent.fhex4-1.fna&amp;oh=468dac56653d6d7cebbfb2b7b2191a40&amp;oe=609D0FDF\" alt=\"Peut \u00eatre une image de texte\" width=\"323\" height=\"465\"\/><\/figure>\n\n\n\n<p><strong><span class=\"has-inline-color has-vivid-red-color\">14 Avril en continu<\/span><\/strong><\/p>\n\n\n\n<p><a href=\"https:\/\/www.humanite.fr\/canal-plus-bollore-chasse-encore-les-sorcieres-703255#xtor=RSS-1\">\u00c0 Canal Plus, Bollor\u00e9 chasse encore les sorci\u00e8res<\/a> (L\u2019Humanit\u00e9)<\/p>\n\n\n\n<p><a href=\"https:\/\/www.theguardian.com\/technology\/2021\/apr\/12\/facebook-fake-engagement-whistleblower-sophie-zhang?CMP=Share_iOSApp_Other\">Portrait de la lanceuse d\u2019alerte sur la complaisance de FB envers les manipulations de certains hommes politiques<\/a> (anglais -The Guardian)<\/p>\n\n\n\n<p><strong><span class=\"has-inline-color has-vivid-red-color\">13 Avril en continu<\/span><\/strong><\/p>\n\n\n\n<p><a href=\"https:\/\/theconversationfrance.createsend1.com\/t\/r-l-tljrhlkt-okidhirjkr-f\/\">La preuve par trois&nbsp;: La t\u00e9l\u00e9vision n\u2019est pas morte&nbsp;!<\/a> -Sylvie Pierre (The Conversation)<\/p>\n\n\n\n<p><a href=\"https:\/\/www.theguardian.com\/technology\/2021\/apr\/12\/facebook-loophole-state-backed-manipulation?CMP=Share_iOSApp_Other\">Indulgence de Facebook envers les manipulations de dictateurs discrets<\/a> (anglais -The Guardian)<\/p>\n\n\n\n<p><a href=\"https:\/\/www.streetpress.com\/sujet\/1618222454-estelle-redpill-tiktok-preferee-fachosphere-extreme-droite-reseaux-sociaux-conversano-zemmour-camus-cyberharcelement\">Estelle RedPill, la TikTokeuse pr\u00e9f\u00e9r\u00e9e de la fachosph\u00e8re<\/a> (StreetPress)<\/p>\n\n\n\n<p><strong><span class=\"has-inline-color has-vivid-red-color\">10 Avril en continu<\/span><\/strong><\/p>\n\n\n\n<p><a href=\"https:\/\/spectremedia.org\/\">Prenons l&rsquo;antenne<\/a> (Spectre)<\/p>\n\n\n\n<figure class=\"wp-block-image is-resized is-style-default\"><img loading=\"lazy\" decoding=\"async\" src=\"https:\/\/scontent.fhex4-1.fna.fbcdn.net\/v\/t1.6435-9\/170551613_1180861595669640_643557925187699948_n.png?_nc_cat=106&amp;ccb=1-3&amp;_nc_sid=730e14&amp;_nc_ohc=Ure7AE8VZ7UAX_5mWIk&amp;_nc_ht=scontent.fhex4-1.fna&amp;oh=3bab8be4f7842696a88dc6601c65dd58&amp;oe=60962286\" alt=\"Peut \u00eatre un dessin anim\u00e9\" width=\"319\" height=\"228\"\/><\/figure>\n\n\n\n<p><strong><span class=\"has-inline-color has-vivid-red-color\">9 Avril en continu<\/span><\/strong><\/p>\n\n\n\n<p><a href=\"https:\/\/www.acrimed.org\/Maxime-Lledo-en-tournee-et-la-grande-gueule\">Maxime Lledo en tourn\u00e9e : et la \u00ab grande gueule \u00bb devint coqueluche des m\u00e9dias<\/a> (Acrimed)<\/p>\n\n\n\n<p><strong><span class=\"has-inline-color has-vivid-red-color\">8 Avril en continu<\/span><\/strong><\/p>\n\n\n\n<p><a href=\"https:\/\/www.lemediatv.fr\/emissions\/2021\/internet-rend-il-les-jeunes-idiots-f9pcOZr_QnmJzRm_ETZmXg\">Internet rend-il les jeunes idiots ?<\/a> (Le M\u00e9dia)<\/p>\n\n\n\n<p><a href=\"https:\/\/ricochets.cc\/Tribune-collective-pour-une-veritable-liberte-d-expression-et-d-information-Soutien-au-media-RICOCHETS.html\">Tribune collective pour une v\u00e9ritable libert\u00e9 d&rsquo;expression et d&rsquo;information &#8211; Soutien au m\u00e9dia Ricochets<\/a>&nbsp; (Ricochets)&nbsp;<\/p>\n\n\n\n<p><a href=\"https:\/\/www.arretsurimages.net\/chroniques\/le-matinaute\/le-blues-du-gorafi\">Le blues du Gorafi<\/a> (Arr\u00eat sur images)<\/p>\n\n\n\n<p><a href=\"https:\/\/www.mediacites.fr\/breve\/nantes\/2021\/04\/08\/soutien-a-la-journaliste-morgan-large-victime-dintimidations-et-de-malveillances\/\">Soutien \u00e0 la journaliste Morgan Large, victime d\u2019intimidations et de malveillances<\/a> (Mediacit\u00e9s)<\/p>\n\n\n\n<p><strong><span class=\"has-inline-color has-vivid-red-color\">6 Avril en continu<\/span><\/strong><\/p>\n\n\n\n<p><a href=\"https:\/\/www.acrimed.org\/Quotidien-deroule-le-tapis-rouge-a-Ruth-Elkrief\">\u00ab Quotidien \u00bb d\u00e9roule le tapis rouge \u00e0 Ruth Elkrief<\/a> (Acrimed)<\/p>\n\n\n\n<p><a href=\"https:\/\/reporterre.net\/Un-media-participatif-poursuivi-pour-avoir-publie-un-texte-favorable-au-sabotage\">Un m\u00e9dia participatif poursuivi pour avoir publi\u00e9 un texte favorable au sabotage<\/a> (Reporterre)<\/p>\n\n\n\n<p><a href=\"https:\/\/www.arretsurimages.net\/chroniques\/le-matinaute\/repas-clandestins-pour-bfm-laffaire-est-close\">Repas clandestins : pour BFM, \u00ab\u00a0l&rsquo;affaire est close\u00a0\u00bb<\/a> ( Arr\u00eat sur images)<\/p>\n\n\n\n<p><a href=\"https:\/\/la-bas.org\/6397\">Quel milliardaire va mettre la main sur RTL, M6, Europe 1, Paris Match (et les autres) ?<\/a> (L\u00e0-bas si j\u2019y suis)<\/p>\n\n\n\n<p><a href=\"https:\/\/blogs.mediapart.fr\/jean-marc-b\/blog\/050421\/luttes-invisibles-fb-nous-censure-nous-en-sommes-fiers-et-heureux\">&nbsp;\u00ab\u00a0FB nous censure, nous en sommes fiers et heureux\u00a0\u00bb <\/a>(Luttes Invisibles)<\/p>\n\n\n\n<p><a href=\"https:\/\/www.arretsurimages.net\/chroniques\/plateau-tele\/sidaction-et-france-2-sobligea-a-etre-joyeux\">Sidaction : et France 2 \u00ab\u00a0s\u2019obligea \u00e0 \u00eatre joyeux\u201d<\/a> par Arr\u00eat sur images<\/p>\n\n\n\n<figure class=\"wp-block-image is-resized is-style-default\"><img data-recalc-dims=\"1\" loading=\"lazy\" decoding=\"async\" src=\"https:\/\/i0.wp.com\/www.monde-diplomatique.fr\/2019\/04\/HALIMI\/local\/cache-vignettes\/L890xH382\/fake-779c7.jpg?resize=390%2C167&#038;ssl=1\" alt=\"\" width=\"390\" height=\"167\"\/><\/figure>\n\n\n\n<p><strong><span class=\"has-inline-color has-vivid-red-color\">4 Avril en continu<\/span><\/strong><\/p>\n\n\n\n<p><a href=\"https:\/\/www.youtube.com\/watch?v=dHKQMEFWLU4\">Blacklist\u00e9 par France Inter, France Culture &amp; Le Monde<\/a> (Pascal Boniface YT)<\/p>\n\n\n\n<p><a href=\"https:\/\/l.facebook.com\/l.php?u=https:\/\/www.francetvinfo.fr\/monde\/chine\/la-television-d-etat-chinoise-utilise-une-fausse-journaliste-francaise-pour-diffuser-sa-propagande-en-france_4355771.html?fbclid=IwAR3IZD8PoG0GZMXMD2miU59QZfTM-TN_Vtg-Zm7NJzQgY1s0LRlC81ZCRxw&amp;h=AT0A4L_eM3JEmi18AwVnhph_jyc9IZQWTvq3UY2JmdpPqr8ibGZhlz4MkNsoZPLF4pPl5PEcVmARTKQkkbF4zDxkSj7U-YIR182CYwHLz1gLK_aZzJ5CtcwJcqi6VuySrUfota8&amp;__tn__=,mH-R&amp;c%5B0%5D=AT27QWt8WuNJQO9m1x1R_yI-JuLtsg7EjELoZkF3LuQOytYh14FlZW9YFPiFG7EiO9tuFaHzb3bbu4UyCpky5LFULm1ODSYWwXIyFE_TwJnTIhoNtdZyctWNoZy4svRYtvruKOaQ_NzBOfyrGO6hw-OXuAQN2Byy-HqKx6tp1FrsVsI\">La TV d&rsquo;\u00c9tat chinoise utilise une fausse journaliste fran\u00e7aise pour diffuser sa propagande en France <\/a>(France TV)<\/p>\n\n\n\n<p><a href=\"https:\/\/blogs.mediapart.fr\/jean-marc-b\/blog\/010421\/sous-badinguet-ou-sous-mac40-la-presse-na-guere-change\">Sous Badinguet ou sous Mac40, la presse n&rsquo;a gu\u00e8re chang\u00e9 <\/a>-Jacques Chastaing<\/p>\n\n\n\n<figure class=\"wp-block-image size-large is-resized is-style-default\"><img data-recalc-dims=\"1\" loading=\"lazy\" decoding=\"async\" src=\"https:\/\/i0.wp.com\/www.rdpemancipation.org\/wp-content\/uploads\/2021\/04\/167568231-3841948982593284-5494830364172321300-n-1.jpg?resize=364%2C484&#038;ssl=1\" alt=\"\" class=\"wp-image-23903\" width=\"364\" height=\"484\" srcset=\"https:\/\/i0.wp.com\/www.rdpemancipation.org\/wp-content\/uploads\/2021\/04\/167568231-3841948982593284-5494830364172321300-n-1.jpg?w=661&amp;ssl=1 661w, https:\/\/i0.wp.com\/www.rdpemancipation.org\/wp-content\/uploads\/2021\/04\/167568231-3841948982593284-5494830364172321300-n-1.jpg?resize=226%2C300&amp;ssl=1 226w\" sizes=\"auto, (max-width: 364px) 100vw, 364px\" \/><\/figure>\n\n\n\n<p><strong><span class=\"has-inline-color has-vivid-red-color\">2 Avril en continu<\/span><\/strong><\/p>\n\n\n\n<p><a href=\"https:\/\/www.acrimed.org\/Recrutements-a-Pole-Emploi-Envoye-Special-tombe?fbclid=IwAR3cU-TsDaVbWtuxaUBiefdVIXRL8yNzUxhJf6HhevnCBOj9d0iN8YW5poU\">Recrutements \u00e0 P\u00f4le Emploi : \u00ab Envoy\u00e9 Sp\u00e9cial \u00bb tombe dans le sensationnalisme<\/a> (Acrimed)<\/p>\n\n\n\n<p><strong><span class=\"has-inline-color has-vivid-red-color\">1er Avril en continu<\/span><\/strong><\/p>\n\n\n\n<p><a href=\"https:\/\/www.boursorama.com\/actualite-economique\/actualites\/spotify-lance-une-playlist-personnalisee-mixant-musique-et-actualite-b30c39e782b02d84b5104abd07a9222d\">Spotify lance une playlist personnalis\u00e9e mixant musique et actualit\u00e9<\/a> (AFP)<\/p>\n\n\n\n<p><a href=\"https:\/\/kaizen-magazine.com\/article\/medias-ecoutons-les-femmes\/\">M\u00e9dias : \u00e9coutons les femmes !<\/a> (Kaizen)<\/p>\n\n\n\n<p><a href=\"https:\/\/www.boursorama.com\/videos\/actualites\/science-et-vie-en-crise-demission-de-la-quasi-totalite-des-redacteurs-e175fa869fee1cda2079216a0709caf2\">Science et Vie en crise, d\u00e9mission de la quasi-totalit\u00e9 des r\u00e9dacteurs<\/a> (AFP vid\u00e9o)<\/p>\n","protected":false},"excerpt":{"rendered":"<p>30 Avril \u00ab\u00a0Votre discours r\u00e9actionnaire a le monopole dans les m\u00e9dias&nbsp;!\u00a0\u00bb Anasse Kazib face \u00e0 Sonia Mabrouk (RP) Bernard Tapie invit\u00e9 au 20H de TF1 : un journalisme de flagornerie (Acrimed) 29 Avril Canal+, condamn\u00e9 pour vente forc\u00e9e, vis\u00e9 par une action de l\u2019UFC-Que Choisir&nbsp; (Le Monde) Soutien au m\u00e9dia Ricochets (La Canarde sauvage) Bonnes &#8230; <a title=\"Avril &#8211; Medias\" class=\"read-more\" href=\"https:\/\/www.rdpemancipation.org\/?p=23352\" aria-label=\"En savoir plus sur Avril &#8211; Medias\">Lire la suite<\/a><\/p>\n","protected":false},"author":2,"featured_media":0,"comment_status":"closed","ping_status":"closed","sticky":false,"template":"","format":"standard","meta":{"_lmt_disableupdate":"no","_lmt_disable":"no","_jetpack_memberships_contains_paid_content":false,"footnotes":""},"categories":[26],"tags":[],"class_list":["post-23352","post","type-post","status-publish","format-standard","hentry","category-medias"],"modified_by":"jmb","jetpack_featured_media_url":"","jetpack_sharing_enabled":true,"_links":{"self":[{"href":"https:\/\/www.rdpemancipation.org\/index.php?rest_route=\/wp\/v2\/posts\/23352","targetHints":{"allow":["GET"]}}],"collection":[{"href":"https:\/\/www.rdpemancipation.org\/index.php?rest_route=\/wp\/v2\/posts"}],"about":[{"href":"https:\/\/www.rdpemancipation.org\/index.php?rest_route=\/wp\/v2\/types\/post"}],"author":[{"embeddable":true,"href":"https:\/\/www.rdpemancipation.org\/index.php?rest_route=\/wp\/v2\/users\/2"}],"replies":[{"embeddable":true,"href":"https:\/\/www.rdpemancipation.org\/index.php?rest_route=%2Fwp%2Fv2%2Fcomments&post=23352"}],"version-history":[{"count":34,"href":"https:\/\/www.rdpemancipation.org\/index.php?rest_route=\/wp\/v2\/posts\/23352\/revisions"}],"predecessor-version":[{"id":35910,"href":"https:\/\/www.rdpemancipation.org\/index.php?rest_route=\/wp\/v2\/posts\/23352\/revisions\/35910"}],"wp:attachment":[{"href":"https:\/\/www.rdpemancipation.org\/index.php?rest_route=%2Fwp%2Fv2%2Fmedia&parent=23352"}],"wp:term":[{"taxonomy":"category","embeddable":true,"href":"https:\/\/www.rdpemancipation.org\/index.php?rest_route=%2Fwp%2Fv2%2Fcategories&post=23352"},{"taxonomy":"post_tag","embeddable":true,"href":"https:\/\/www.rdpemancipation.org\/index.php?rest_route=%2Fwp%2Fv2%2Ftags&post=23352"}],"curies":[{"name":"wp","href":"https:\/\/api.w.org\/{rel}","templated":true}]}}