{"id":23334,"date":"2021-04-01T09:29:38","date_gmt":"2021-04-01T07:29:38","guid":{"rendered":"https:\/\/www.rdpemancipation.org\/?p=23334"},"modified":"2021-05-01T09:51:59","modified_gmt":"2021-05-01T07:51:59","slug":"avril-villes-regions","status":"publish","type":"post","link":"https:\/\/www.rdpemancipation.org\/?p=23334","title":{"rendered":"Avril &#8211; Villes &#038; R\u00e9gions"},"content":{"rendered":"\n<p>\u200b<\/p>\n\n\n\n<p class=\"has-vivid-red-color has-text-color\">\u200b<\/p>\n\n\n\n<p>\u200b\u200b<a href=\"https:\/\/www.mediapart.fr\/journal\/france\/300421\/en-plein-confinement-des-fetards-de-l-essec-pourrissent-les-nuits-de-cergy?utm_source=20210430&amp;utm_medium=email&amp;utm_campaign=QUOTIDIENNE&amp;utm_content=&amp;utm_term=&amp;xtor=EREC-83-[QUOTIDIENNE]-20210430&amp;M_BT=1193768211483\">En plein confinement, des f\u00eatards de l\u2019ESSEC pourrissent les nuits de Cergy<\/a> (MDP)<\/p>\n\n\n\n<p><a href=\"https:\/\/france3-regions.francetvinfo.fr\/provence-alpes-cote-d-azur\/alpes-maritimes\/nice\/de-nice-a-la-vallee-de-la-roya-danser-encore-est-le-nouvel-hymne-de-ralliement-du-monde-de-la-culture-2068681.html#xtor=EPR-521-[france3regions]-20210430-[info-image2]&amp;pid=726375-1586509211-9facd8a7\">De Nice \u00e0 la vall\u00e9e de la Roya, \u00ab\u00a0Danser encore\u00a0\u00bb est devenu l&rsquo;hymne de ralliement du monde de la culture<\/a> (france3)<\/p>\n\n\n\n<p>\u200b\u200b\u200b\u200b<a href=\"https:\/\/marsactu.fr\/le-calvaire-quotidien-des-locataires-dun-immeuble-des-flamants-squatte-a-90\/?goal=0_dc9011be44-c4f4779ee9-431638057&amp;mc_cid=c4f4779ee9&amp;mc_eid=d0b099b9a8\">Marseille: Le calvaire quotidien des locataires d\u2019un immeuble des Flamants squatt\u00e9 \u00e0 90%<\/a> (marsactu)<\/p>\n\n\n\n<figure class=\"wp-block-image size-large is-resized\"><img data-recalc-dims=\"1\" loading=\"lazy\" decoding=\"async\" src=\"https:\/\/i0.wp.com\/www.rdpemancipation.org\/wp-content\/uploads\/2021\/05\/image-1.png?resize=512%2C288&#038;ssl=1\" alt=\"\" class=\"wp-image-28208\" width=\"512\" height=\"288\" srcset=\"https:\/\/i0.wp.com\/www.rdpemancipation.org\/wp-content\/uploads\/2021\/05\/image-1.png?resize=1024%2C576&amp;ssl=1 1024w, https:\/\/i0.wp.com\/www.rdpemancipation.org\/wp-content\/uploads\/2021\/05\/image-1.png?resize=300%2C169&amp;ssl=1 300w, https:\/\/i0.wp.com\/www.rdpemancipation.org\/wp-content\/uploads\/2021\/05\/image-1.png?resize=768%2C432&amp;ssl=1 768w, https:\/\/i0.wp.com\/www.rdpemancipation.org\/wp-content\/uploads\/2021\/05\/image-1.png?resize=1536%2C864&amp;ssl=1 1536w, https:\/\/i0.wp.com\/www.rdpemancipation.org\/wp-content\/uploads\/2021\/05\/image-1.png?w=2048&amp;ssl=1 2048w\" sizes=\"auto, (max-width: 512px) 100vw, 512px\" \/><\/figure>\n\n\n\n<p class=\"has-vivid-red-color has-text-color\"><strong>1er mai en continu<\/strong><\/p>\n\n\n\n<p><a href=\"https:\/\/www.liberation.fr\/culture\/arts\/plusieurs-villes-annoncent-la-gratuite-de-leurs-musees-pour-la-reouverture-20210430_GPAKHKMJKZFRHE5EGKCP3CM4OA\/\">Plusieurs villes annoncent la gratuit\u00e9 de leurs mus\u00e9es pour la r\u00e9ouverture mi-mai<\/a> (Lib\u00e9)<\/p>\n\n\n\n<figure class=\"wp-block-image size-large is-resized\"><img data-recalc-dims=\"1\" loading=\"lazy\" decoding=\"async\" src=\"https:\/\/i0.wp.com\/www.rdpemancipation.org\/wp-content\/uploads\/2021\/05\/image.png?resize=400%2C266&#038;ssl=1\" alt=\"\" class=\"wp-image-28205\" width=\"400\" height=\"266\" srcset=\"https:\/\/i0.wp.com\/www.rdpemancipation.org\/wp-content\/uploads\/2021\/05\/image.png?w=800&amp;ssl=1 800w, https:\/\/i0.wp.com\/www.rdpemancipation.org\/wp-content\/uploads\/2021\/05\/image.png?resize=300%2C200&amp;ssl=1 300w, https:\/\/i0.wp.com\/www.rdpemancipation.org\/wp-content\/uploads\/2021\/05\/image.png?resize=768%2C511&amp;ssl=1 768w\" sizes=\"auto, (max-width: 400px) 100vw, 400px\" \/><figcaption>Le Mucem \u00e0 Marseille rouvrira le 19 mai, alors que la gratuit\u00e9 d\u2019entr\u00e9e aux collections permanentes devait s&rsquo;appliquer depuis d\u00e9but janvier.\u00a0(Cl\u00e9ment Mahoudeau\/AFP)<\/figcaption><\/figure>\n\n\n\n<p><a href=\"https:\/\/marsactu.fr\/bref\/une-liste-les-amis-deric-zemmour-en-paca-pour-les-elections-regionales\/?goal=0_dc9011be44-c4f4779ee9-431638057&amp;mc_cid=c4f4779ee9&amp;mc_eid=d0b099b9a8\">Une liste \u201cLes amis d\u2019\u00c9ric Zemmour\u201d en PACA pour les \u00e9lections r\u00e9gionales<\/a> (marsactu)<\/p>\n\n\n\n<p><a href=\"https:\/\/marsactu.fr\/bref\/evacuation-dune-cinquantaine-de-jeunes-refugies-dun-squat-a-saint-mauront\/?goal=0_dc9011be44-c4f4779ee9-431638057&amp;mc_cid=c4f4779ee9&amp;mc_eid=d0b099b9a8\">Marseille: \u00c9vacuation d\u2019une cinquantaine de jeunes r\u00e9fugi\u00e9s d\u2019un squat \u00e0 Saint-Mauront<\/a> (marsactu)<\/p>\n\n\n\n<p><a href=\"https:\/\/france3-regions.francetvinfo.fr\/provence-alpes-cote-d-azur\/bouches-du-rhone\/marseille\/proces-de-la-bac-nord-a-marseille-le-jugement-rendu-ce-jeudi-18-ex-policiers-condamnes-a-des-peines-de-prison-2057476.html#xtor=EPR-521-[france3regions]-20210429-[lespluslus]&amp;pid=726375-1586509211-9facd8a7\">Proc\u00e8s de la \u00ab\u00a0Bac Nord\u00a0\u00bb \u00e0 Marseille : le jugement rendu ce jeudi, 7 policiers relax\u00e9s, du sursis pour les 11 autres<\/a> (franceinfo)<\/p>\n\n\n\n<p class=\"has-vivid-red-color has-text-color\"><strong>30 avril<\/strong><\/p>\n\n\n\n<p>\u200b\u200b\u200b<a href=\"https:\/\/france3-regions.francetvinfo.fr\/provence-alpes-cote-d-azur\/var\/pres-de-la-montagne-sainte-victoire-le-vent-de-la-discorde-souffle-sur-un-parc-d-eoliennes-2063650.html#xtor=EPR-521-[france3regions]-20210428-[info-bouton7]&amp;pid=726375-1586509211-9facd8a7\">Pr\u00e8s de la montagne Sainte-Victoire, le vent de la discorde souffle sur un parc d&rsquo;\u00e9oliennes<\/a> (france3)<\/p>\n\n\n\n<p><a href=\"https:\/\/www.laprovence.com\/article\/politique\/6338654\/ratonnade-a-marseille-un-echo-au-souvenir-douloureux-de1973.html\">\u00ab\u00a0Ratonnade\u00a0\u00bb \u00e0 Marseille : un \u00e9cho au souvenir douloureux de&nbsp;1973<\/a> (La Provence)<\/p>\n\n\n\n<figure class=\"wp-block-image size-large is-resized\"><img data-recalc-dims=\"1\" loading=\"lazy\" decoding=\"async\" src=\"https:\/\/i0.wp.com\/www.rdpemancipation.org\/wp-content\/uploads\/2021\/04\/image-199.png?resize=495%2C278&#038;ssl=1\" alt=\"\" class=\"wp-image-28101\" width=\"495\" height=\"278\" srcset=\"https:\/\/i0.wp.com\/www.rdpemancipation.org\/wp-content\/uploads\/2021\/04\/image-199.png?w=990&amp;ssl=1 990w, https:\/\/i0.wp.com\/www.rdpemancipation.org\/wp-content\/uploads\/2021\/04\/image-199.png?resize=300%2C168&amp;ssl=1 300w, https:\/\/i0.wp.com\/www.rdpemancipation.org\/wp-content\/uploads\/2021\/04\/image-199.png?resize=768%2C431&amp;ssl=1 768w\" sizes=\"auto, (max-width: 495px) 100vw, 495px\" \/><figcaption><br>\u00c0 la une du \u00ab\u00a0Proven\u00e7al\u00a0\u00bb du 15&nbsp;d\u00e9cembre&nbsp;1973, un attentat en forme d&rsquo;\u00e9pilogue d&rsquo;une s\u00e9rie de crimes racistes.<\/figcaption><\/figure>\n\n\n\n<p><a href=\"https:\/\/www.francetvinfo.fr\/france\/hauts-de-france\/pas-de-calais\/lens-immersion-au-coeur-de-la-brigade-des-mineurs_4603315.html#xtor=EPR-744-[newsletterjt]-20210428-[sujet3]\">Lens : immersion au c\u0153ur de la Brigade des mineurs<\/a> (franceinfo)<\/p>\n\n\n\n<p><a href=\"https:\/\/www.francetvinfo.fr\/economie\/emploi\/metiers\/droit-et-justice\/info-france-2-deux-detenus-liberes-a-lyon-faute-descorte-pour-les-conduire-au-tribunal-en-plus-de-trois-autres-a-valence-le-meme-jour_4603261.html#xtor=EPR-744-[newsletterjt]-20210428-[sujet4]\">Deux d\u00e9tenus lib\u00e9r\u00e9s \u00e0 Lyon faute d\u2019escorte pour les conduire au tribunal, en plus de trois autres \u00e0 Valence le m\u00eame jour<\/a> (franceinfo)<\/p>\n\n\n\n<p><a href=\"https:\/\/www.mediapart.fr\/journal\/france\/280421\/sauve-le-refuge-solidaire-de-briancon-s-adapte-de-nouveaux-arrivants?utm_source=20210428&amp;utm_medium=email&amp;utm_campaign=QUOTIDIENNE&amp;utm_content=&amp;utm_term=&amp;xtor=EREC-83-[QUOTIDIENNE]-20210428&amp;M_BT=1193768211483\">Sauv\u00e9, le refuge solidaire de Brian\u00e7on s\u2019adapte \u00e0 de nouveaux arrivants<\/a> (MDP)<\/p>\n\n\n\n<p><a href=\"https:\/\/france3-regions.francetvinfo.fr\/provence-alpes-cote-d-azur\/bouches-du-rhone\/marseille\/petite-histoire-de-comparution-immediate-un-lundi-au-palais-de-justice-de-marseille-2063524.html#xtor=EPR-521-[france3regions]-20210427-[info-bouton4]&amp;pid=726375-1586509211-9facd8a7\">Un dealer parisien jug\u00e9 \u00e0 Marseille : \u00ab\u00a0On m\u2019a dit qu\u2019\u00e0 Toulon on pouvait vendre et que c&rsquo;\u00e9tait mieux pay\u00e9 qu&rsquo;\u00e0 Paris\u00a0\u00bb.<\/a> (franceinfo)<\/p>\n\n\n\n<p class=\"has-vivid-red-color has-text-color\"><strong>29 avril en continu<\/strong><\/p>\n\n\n\n<p>\u200b<a href=\"https:\/\/www.laprovence.com\/article\/societe\/6337140\/ce-mercredi-dans-la-provence-les-locations-airbnb-excedent-les-marseillais.html\">Les locations Airbnb exc\u00e8dent les Marseillais<\/a> (La Provence)<\/p>\n\n\n\n<figure class=\"wp-block-image size-large is-resized\"><img data-recalc-dims=\"1\" loading=\"lazy\" decoding=\"async\" src=\"https:\/\/i0.wp.com\/www.rdpemancipation.org\/wp-content\/uploads\/2021\/04\/image-194.png?resize=495%2C279&#038;ssl=1\" alt=\"\" class=\"wp-image-27959\" width=\"495\" height=\"279\" srcset=\"https:\/\/i0.wp.com\/www.rdpemancipation.org\/wp-content\/uploads\/2021\/04\/image-194.png?w=990&amp;ssl=1 990w, https:\/\/i0.wp.com\/www.rdpemancipation.org\/wp-content\/uploads\/2021\/04\/image-194.png?resize=300%2C169&amp;ssl=1 300w, https:\/\/i0.wp.com\/www.rdpemancipation.org\/wp-content\/uploads\/2021\/04\/image-194.png?resize=768%2C432&amp;ssl=1 768w\" sizes=\"auto, (max-width: 495px) 100vw, 495px\" \/><\/figure>\n\n\n\n<p><a href=\"https:\/\/marsactu.fr\/la-justice-saisie-apres-les-propos-racistes-tenus-lors-dune-reunion-de-la-metropole\/\">La justice saisie apr\u00e8s les propos racistes tenus lors d\u2019une r\u00e9union de la m\u00e9tropole<\/a> (Marsactu)<\/p>\n\n\n\n<p class=\"has-vivid-red-color has-text-color\"><strong>28 avril en continu<\/strong><\/p>\n\n\n\n<p>Bouches-du-Rh\u00f4ne&nbsp;: <a href=\"https:\/\/marsactu.us1.list-manage.com\/track\/click?u=a6d277e97579b00b3bf38a535&amp;id=2226ea2890&amp;e=d0b099b9a8\" target=\"_blank\" rel=\"noreferrer noopener\">Apr\u00e8s un an de crise sanitaire, la demande d\u2019aide alimentaire n\u2019en finit pas d\u2019augmenter<\/a><\/p>\n\n\n\n<p><a href=\"https:\/\/www.laprovence.com\/article\/faits-divers-justice\/6337682\/marseille-lequipe-de-livreurs-ubershit-demantelee.html\">Marseille : l&rsquo;\u00e9quipe de livreurs \u00ab\u00a0Ubershit\u00a0\u00bb d\u00e9mantel\u00e9e<\/a> (La Provence)<\/p>\n\n\n\n<p><a href=\"https:\/\/www.laprovence.com\/article\/societe\/6335962\/feux-de-foret-le-faible-niveau-de-precipitations-et-la-secheresse-des-sols-inquietent-les-pompiers-des-b\">Feux de for\u00eat : le faible niveau de pr\u00e9cipitations et la s\u00e9cheresse des sols inqui\u00e8tent les pompiers des Bouches-du-Rh\u00f4ne<\/a> (La Provence)<\/p>\n\n\n\n<p><a href=\"https:\/\/marsactu.fr\/je-serai-le-premier-pour-la-ratonnade-racisme-assume-dans-une-reunion-de-la-metropole\/?goal=0_dc9011be44-e90b4f995c-431638057&amp;mc_cid=e90b4f995c&amp;mc_eid=d0b099b9a8\">\u201cJe serai le premier pour la ratonnade\u201d : racisme assum\u00e9 dans une r\u00e9union de la m\u00e9tropole<\/a> (Marsactu)<\/p>\n\n\n\n<p class=\"has-vivid-red-color has-text-color\"><strong>27 avril en continu<\/strong><\/p>\n\n\n\n<p><a href=\"https:\/\/www.laprovence.com\/article\/societe\/6335599\/pertuis-ils-plantent-des-patates-contre-lextension-de-la-zone-dactivite.html\">Pertuis (Vaucluse): ils plantent des patates contre l&rsquo;extension de la zone d&rsquo;activit\u00e9<\/a> (La Provence)<\/p>\n\n\n\n<figure class=\"wp-block-image size-large is-resized\"><img data-recalc-dims=\"1\" loading=\"lazy\" decoding=\"async\" src=\"https:\/\/i0.wp.com\/www.rdpemancipation.org\/wp-content\/uploads\/2021\/04\/image-191.png?resize=495%2C279&#038;ssl=1\" alt=\"\" class=\"wp-image-27809\" width=\"495\" height=\"279\" srcset=\"https:\/\/i0.wp.com\/www.rdpemancipation.org\/wp-content\/uploads\/2021\/04\/image-191.png?w=990&amp;ssl=1 990w, https:\/\/i0.wp.com\/www.rdpemancipation.org\/wp-content\/uploads\/2021\/04\/image-191.png?resize=300%2C169&amp;ssl=1 300w, https:\/\/i0.wp.com\/www.rdpemancipation.org\/wp-content\/uploads\/2021\/04\/image-191.png?resize=768%2C432&amp;ssl=1 768w\" sizes=\"auto, (max-width: 495px) 100vw, 495px\" \/><\/figure>\n\n\n\n<p><a href=\"https:\/\/www.laprovence.com\/article\/societe\/6333788\/marseille-comment-en-finir-avec-les-livraisons-polluantes-en-centre-ville.html\">Marseille : comment en finir avec les livraisons polluantes en centre-ville<\/a> (La Provence)<\/p>\n\n\n\n<p><a href=\"https:\/\/www.laprovence.com\/article\/edition-marseille\/6335675\/marseille-une-marche-pour-reclamer-justice-pour-sarah-halimi.html\">Marseille : une marche pour r\u00e9clamer \u00ab\u00a0justice pour Sarah Halimi\u00a0\u00bb<\/a> (La Provence)<\/p>\n\n\n\n<p class=\"has-vivid-red-color has-text-color\"><strong>26 avril en continu<\/strong><\/p>\n\n\n\n<p><a href=\"https:\/\/www.laprovence.com\/article\/ecoplanete\/6334573\/arles-lacte-ii-du-challenge-zero-bouteille-plastique.html\">Arles : l&rsquo;acte II du challenge \u00ab\u00a0z\u00e9ro bouteille plastique\u00a0\u00bb<\/a> (La Provence)<\/p>\n\n\n\n<p>\u200b\u200b<a href=\"https:\/\/marsactu.fr\/apres-6-ans-de-lethargie-ville-et-metropole-relancent-le-chantier-de-la-renovation-urbaine\/?goal=0_dc9011be44-f63bf684ec-431638057&amp;mc_cid=f63bf684ec&amp;mc_eid=d0b099b9a8\">Marseille: Apr\u00e8s 6 ans de l\u00e9thargie, Ville et m\u00e9tropole relancent le chantier de la r\u00e9novation urbaine<\/a> (marsactu)<\/p>\n\n\n\n<p><a href=\"https:\/\/blogs.mediapart.fr\/cl-r\/blog\/250421\/lengrenage-dijon-de-graines-en-rouages?utm_source=20210425&amp;utm_medium=email&amp;utm_campaign=QUOTIDIENNE&amp;utm_content=&amp;utm_term=&amp;xtor=EREC-83-[QUOTIDIENNE]-20210425&amp;M_BT=1193768211483\">L&rsquo;Engrenage \u00e0 Dijon: de graines en rouages<\/a> (blog-MDP)<\/p>\n\n\n\n<p class=\"has-vivid-red-color has-text-color\"><strong>\u200b\u200b\u200b\u200b25 avril en continu<\/strong><\/p>\n\n\n\n<p>\u200b<a href=\"https:\/\/www.mediapart.fr\/journal\/economie\/240421\/ceret-les-habitants-se-mobilisent-pour-garder-leur-librairie?utm_source=20210424&amp;utm_medium=email&amp;utm_campaign=QUOTIDIENNE&amp;utm_content=&amp;utm_term=&amp;xtor=EREC-83-[QUOTIDIENNE]-20210424&amp;M_BT=1193768211483\">A C\u00e9ret,Pyr\u00e9n\u00e9es Orientales, les habitants se mobilisent pour garder leur librairie<\/a> (MDP)<\/p>\n\n\n\n<p><a href=\"https:\/\/france3-regions.francetvinfo.fr\/provence-alpes-cote-d-azur\/alpes-maritimes\/menton\/toujours-pas-deconfine-le-monde-de-la-culture-de-la-cote-d-azur-lutte-pour-ne-pas-sombrer-2058691.html#xtor=EPR-521-[france3regions]-20210424-[info-bouton6]&amp;pid=726375-1586509211-9facd8a7\">Toujours pas d\u00e9confin\u00e9, le monde de la culture de la C\u00f4te d&rsquo;Azur lutte pour ne pas sombrer<\/a> (france3)<\/p>\n\n\n\n<p><a href=\"https:\/\/france3-regions.francetvinfo.fr\/provence-alpes-cote-d-azur\/alpes-de-haute-provence\/forcalquier\/message-de-forcalquier-une-petite-culotte-pour-castex-2061139.html#xtor=EPR-521-[france3regions]-20210425-[info-bouton1]&amp;pid=726375-1586509211-9facd8a7\">PACA&nbsp;: Message de Forcalquier : une petite culotte pour Castex<\/a> (france3)<\/p>\n\n\n\n<p><a href=\"https:\/\/www.laprovence.com\/article\/societe\/6333105\/ce-samedi-dans-la-provence-arles-un-tresor-romain-a-faire-renaitre.html\">Arles : un tr\u00e9sor romain \u00e0 faire rena\u00eetre<\/a> (La Provence)<\/p>\n\n\n\n<p class=\"has-vivid-red-color has-text-color\"><strong>24 avril en continu<\/strong><\/p>\n\n\n\n<p><a href=\"https:\/\/www.francetvinfo.fr\/faits-divers\/fonctionnaire-de-police-tuee-a-rambouillet-ce-que-l-on-sait-de-lattaque-au-couteau-survenue-dans-un-commissariat_4383677.html#xtor=EPR-2-[newsletterquotidienne]-20210424-[lestitres-colgauche\/titre1]\">Fonctionnaire de police tu\u00e9e \u00e0 Rambouillet&nbsp;: ce que l&rsquo;on sait de l\u2019attaque au couteau survenue dans un commissariat<\/a> (franceinfo)<\/p>\n\n\n\n<p><a href=\"https:\/\/blogs.mediapart.fr\/yves-guillerault\/blog\/220421\/terres-citoyennes?utm_source=20210423&amp;utm_medium=email&amp;utm_campaign=QUOTIDIENNE&amp;utm_content=&amp;utm_term=&amp;xtor=EREC-83-[QUOTIDIENNE]-20210423&amp;M_BT=1193768211483\">Albi&nbsp;: Terres citoyennes<\/a> (Blog-M\u00e9diapart)<\/p>\n\n\n\n<p><a href=\"https:\/\/www.franceinter.fr\/a-clichy-sous-bois-sans-cantine-pour-les-enfants-on-ne-peut-a-nouveau-plus-remplir-le-frigo#xtor=EPR-5-[Meilleur23042021]\">\u00c0 Clichy-sous-Bois, sans cantine pour les enfants, \u00ab\u00a0on ne peut \u00e0 nouveau plus remplir le frigo&nbsp;!\u00a0\u00bb<\/a> (franceinter)<\/p>\n\n\n\n<p>\u200b<a href=\"https:\/\/www.laprovence.com\/article\/societe\/6332505\/terres-agricoles-a-aix-lurbanisation-seme-la-discorde.html\">Terres agricoles \u00e0 Aix-en-Provence : l&rsquo;urbanisation s\u00e8me la discorde<\/a> (La Provence)<\/p>\n\n\n\n<p class=\"has-vivid-red-color has-text-color\"><strong>23 avril en continu<\/strong><\/p>\n\n\n\n<h1 class=\"has-normal-font-size wp-block-heading\">\u200b<a href=\"https:\/\/marsactu.fr\/pour-les-elections-regionales-gauche-et-ecolos-divises-par-lunion\/?goal=0_dc9011be44-3f08ccfc7c-431638057&amp;mc_cid=3f08ccfc7c&amp;mc_eid=d0b099b9a8\">PACA: Pour les \u00e9lections r\u00e9gionales, gauche et \u00e9colos divis\u00e9s par l\u2019union<\/a> (Marsactu)<\/h1>\n\n\n\n<p><a href=\"https:\/\/www.francetvinfo.fr\/france\/bretagne\/cotes-d-armor-les-pecheurs-s-opposent-a-la-construction-d-un-parc-eolien-en-mer_4379847.html#xtor=EPR-502-[newslettervideo]-20210422-[video5]\">VIDEO: C\u00f4tes-d&rsquo;Armor : les p\u00eacheurs s&rsquo;opposent \u00e0 la construction d&rsquo;un parc \u00e9olien en mer<\/a> (franceinfo)<\/p>\n\n\n\n<p><a href=\"https:\/\/www.francetvinfo.fr\/faits-divers\/police\/violences-policieres\/video-racisme-au-depot-du-tribunal-de-paris-le-brigadier-lanceur-d-alerte-sanctionne_4355469.html#xtor=EPR-2-[newsletterquotidienne]-20210423-[lesimages\/image1]\">Racisme au d\u00e9p\u00f4t du tribunal de Paris : le brigadier lanceur d&rsquo;alerte sanctionn\u00e9 (vid\u00e9o<\/a>-franceinfo)<\/p>\n\n\n\n<p><a href=\"https:\/\/www.francetvinfo.fr\/faits-divers\/incendie\/lille-un-incendie-criminel-dans-une-ecole-maternelle-les-pompiers-victimes-de-tirs-de-mortiers_4382523.html#xtor=EPR-2-[newsletterquotidienne]-20210423-[lestitres-coldroite\/titre6]\">Lille : incendie criminel dans une \u00e9cole maternelle, les pompiers victimes de tirs de mortiers d&rsquo;artifice <\/a>(franceinfo)<\/p>\n\n\n\n<p>Marseille&nbsp;: <a href=\"https:\/\/marsactu.fr\/bref\/sept-relaxes-et-des-peines-de-prison-avec-sursis-pour-les-18-policiers-de-lex-bac-nord\/?goal=0_dc9011be44-3f08ccfc7c-431638057&amp;mc_cid=3f08ccfc7c&amp;mc_eid=d0b099b9a8\">Sept relaxes et des peines de prison avec sursis pour les 18 policiers de l\u2019ex-BAC Nord<\/a> (Marsactu)<\/p>\n\n\n\n<p>\u200b<a href=\"https:\/\/www.liberation.fr\/societe\/police-justice\/proces-des-maraudeurs-de-briancon-a-aucun-moment-je-ne-mapproche-de-la-frontiere-20210422_4F6ITIYNDNEJJN7GPJYCOCFFWI\/\">Proc\u00e8s des maraudeurs de Brian\u00e7on : \u00abA aucun moment je ne m\u2019approche de la fronti\u00e8re&nbsp;!\u00bb<\/a> (Lib\u00e9)<\/p>\n\n\n\n<figure class=\"wp-block-image size-large is-resized\"><img data-recalc-dims=\"1\" loading=\"lazy\" decoding=\"async\" src=\"https:\/\/i0.wp.com\/www.rdpemancipation.org\/wp-content\/uploads\/2021\/04\/image-157.png?resize=400%2C267&#038;ssl=1\" alt=\"\" class=\"wp-image-27157\" width=\"400\" height=\"267\" srcset=\"https:\/\/i0.wp.com\/www.rdpemancipation.org\/wp-content\/uploads\/2021\/04\/image-157.png?w=800&amp;ssl=1 800w, https:\/\/i0.wp.com\/www.rdpemancipation.org\/wp-content\/uploads\/2021\/04\/image-157.png?resize=300%2C200&amp;ssl=1 300w, https:\/\/i0.wp.com\/www.rdpemancipation.org\/wp-content\/uploads\/2021\/04\/image-157.png?resize=768%2C512&amp;ssl=1 768w\" sizes=\"auto, (max-width: 400px) 100vw, 400px\" \/><figcaption><br>Lors du rassemblement de soutien, devant le tribunal de Gap ce 22 avril, jour de l&rsquo;audience de deux maraudeurs \u00e0 qui il est reproch\u00e9 \u00abl&rsquo;aide \u00e0 l&rsquo;entr\u00e9e en France de personnes en situation irr\u00e9guli\u00e8re\u00bb.&nbsp;(Pablo Chignard\/Lib\u00e9ration)<\/figcaption><\/figure>\n\n\n\n<p><a href=\"https:\/\/www.laprovence.com\/article\/edition-marseille\/6331074\/marseille-sur-le-tourisme-le-requisitoire-de-la-ville-contre-la-metropole.html\">Marseille : sur le tourisme, le r\u00e9quisitoire de la Ville contre la M\u00e9tropole<\/a> (La Provence)<\/p>\n\n\n\n<p><strong><span class=\"has-inline-color has-vivid-red-color\">22 avril en continu<\/span><\/strong><\/p>\n\n\n\n<p><a href=\"http:\/\/t.nl.france3.fr\/r\/?id=h5d854824%2C6339c4b6%2C5f09e28d&amp;p1=726375-1613287517-668363dc&amp;s=wrrkQD67T28JMfXpxSnVz4US3OXTRLw_pkRWuuIgKFg\" target=\"_blank\" rel=\"noreferrer noopener\">Dijon : nouvelles tensions apr\u00e8s l&rsquo;expulsion du jardin de l&rsquo;Engrenage. Les travaux d\u00e9butent<\/a> (France 3)<\/p>\n\n\n\n<p><a href=\"http:\/\/t.nl.france3.fr\/r\/?id=h5cd7688c%2C6329e398%2C5f098629&amp;p1=726375-1613287517-668363dc&amp;s=iQAJyu00aPITz1cOW3SEvLFMVKZFFsX8FPYkQFQ-UNc\">Fermeture d&rsquo;usines, suppressions de postes : 15 000 emplois d\u00e9truits en Bourgogne Franche-Comt\u00e9 depuis un an<\/a> (France 3)<\/p>\n\n\n\n<p class=\"has-vivid-red-color has-text-color\"><strong>21 avril en continu<\/strong><\/p>\n\n\n\n<p>\u200b\u200b<a href=\"https:\/\/marsactu.fr\/en-attente-de-relogement-des-locataires-des-flamants-bloquent-13-habitat\/?goal=0_dc9011be44-4803ad29e3-431638057&amp;mc_cid=4803ad29e3&amp;mc_eid=d0b099b9a8\">En attente de relogement, des locataires des Flamants bloquent 13 Habitat<\/a> (Marsactu)<\/p>\n\n\n\n<p><a href=\"https:\/\/www.francetvinfo.fr\/sante\/maladie\/coronavirus\/video-protocole-raoult-les-tres-cheres-factures-des-hopitaux-de-marseille_4379603.html#xtor=EPR-2-[newsletterquotidienne]-20210421-[lesimages\/image2]\">Protocole Raoult : les tr\u00e8s ch\u00e8res factures des h\u00f4pitaux de Marseille<\/a> (franceinfo)<\/p>\n\n\n\n<p class=\"has-vivid-red-color has-text-color\"><strong>\u200b20 avril en continu<\/strong><\/p>\n\n\n\n<h1 class=\"has-normal-font-size wp-block-heading\"><a href=\"https:\/\/www.laprovence.com\/article\/sorties-loisirs\/6328554\/aix-la-bd-fait-rire-et-refait-son-cinema.html\">Aix-en-Provence: la BD fait rire et refait son cin\u00e9ma<\/a> (La Provence)<\/h1>\n\n\n\n<h1 class=\"has-normal-font-size wp-block-heading\"><a href=\"https:\/\/marsactu.fr\/le-procureur-demande-des-peines-legeres-mais-veut-punir-lesprit-de-groupe-de-la-bac-nord\/?goal=0_dc9011be44-1e1ad657f0-431638057&amp;mc_cid=1e1ad657f0&amp;mc_eid=d0b099b9a8\">Marseille: Le procureur demande des peines l\u00e9g\u00e8res mais veut punir \u201cl\u2019esprit de groupe\u201d de la BAC Nord<\/a> (franceinfo)<\/h1>\n\n\n\n<p><a href=\"https:\/\/france3-regions.francetvinfo.fr\/provence-alpes-cote-d-azur\/bouches-du-rhone\/marseille\/cafetier-boulanger-artiste-la-seconde-vie-des-kiosques-a-journaux-a-marseille-2049151.html#xtor=EPR-521-[france3regions]-20210418-[info-bouton6]&amp;pid=726375-1586509211-9facd8a7\">Cafetier, boulanger, artiste : la seconde vie des kiosques \u00e0 journaux \u00e0 Marseille<\/a> (france3)<\/p>\n\n\n\n<figure class=\"wp-block-image size-large is-resized\"><img data-recalc-dims=\"1\" loading=\"lazy\" decoding=\"async\" src=\"https:\/\/i0.wp.com\/www.rdpemancipation.org\/wp-content\/uploads\/2021\/04\/image-127.png?resize=465%2C310&#038;ssl=1\" alt=\"\" class=\"wp-image-26557\" width=\"465\" height=\"310\" srcset=\"https:\/\/i0.wp.com\/www.rdpemancipation.org\/wp-content\/uploads\/2021\/04\/image-127.png?w=930&amp;ssl=1 930w, https:\/\/i0.wp.com\/www.rdpemancipation.org\/wp-content\/uploads\/2021\/04\/image-127.png?resize=300%2C200&amp;ssl=1 300w, https:\/\/i0.wp.com\/www.rdpemancipation.org\/wp-content\/uploads\/2021\/04\/image-127.png?resize=768%2C512&amp;ssl=1 768w\" sizes=\"auto, (max-width: 465px) 100vw, 465px\" \/><figcaption><br>Le caf\u00e9 Corto a ouvert ses portes il y a tout juste un an \u00e0 Marseille dans un ancien kiosque \u00e0 journaux.&nbsp;\u2022&nbsp;\u00a9 Pauline GUIGOU \/ FTV<\/figcaption><\/figure>\n\n\n\n<p><a href=\"https:\/\/www.francetvinfo.fr\/economie\/immobilier\/prix-immobilier\/parisiens-barrez-vous-les-acheteurs-venus-d-ile-de-france-trop-nombreux-au-pays-basque_4376803.html#xtor=EPR-2-[newsletterquotidienne]-20210420-[lespluspartages\/titre2]\">\u00ab\u00a0Parisiens barrez-vous\u00a0\u00bb : les acheteurs venus d&rsquo;\u00cele-de-France trop nombreux au Pays basque&nbsp;? <\/a>(franceinfo)<\/p>\n\n\n\n<p><a href=\"https:\/\/www.francetvinfo.fr\/economie\/emploi\/metiers\/agriculture\/enquete-pollution-poissons-morts-et-silences-genes-en-bretagne-les-ravages-du-lisier-de-porc-dans-les-rivieres_4365715.html#xtor=EPR-2-[newsletterquotidienne]-20210420-[lestitres-coldroite\/titre6]\">Pollution, poissons morts et silences g\u00ean\u00e9s&#8230; En Bretagne, les ravages du lisier de porc dans les rivi\u00e8res <\/a>(franceinfo)<\/p>\n\n\n\n<p><a href=\"https:\/\/www.mediapart.fr\/journal\/france\/180421\/dans-le-tarn-mobilisation-contre-une-autoroute-toxique?utm_source=20210418&amp;utm_medium=email&amp;utm_campaign=QUOTIDIENNE&amp;utm_content=&amp;utm_term=&amp;xtor=EREC-83-[QUOTIDIENNE]-20210418&amp;M_BT=1193768211483\">Dans le Tarn, mobilisation contre une autoroute \u00abtoxique\u00bb<\/a> (MDP)<\/p>\n\n\n\n<p>\u200b\u200b\u200b<a href=\"https:\/\/www.mediapart.fr\/journal\/france\/180421\/un-un-la-seine-saint-denis-vaccine-ses-habitants-les-plus-fragiles?utm_source=20210418&amp;utm_medium=email&amp;utm_campaign=QUOTIDIENNE&amp;utm_content=&amp;utm_term=&amp;xtor=EREC-83-[QUOTIDIENNE]-20210418&amp;M_BT=1193768211483\">Un \u00e0 un, la Seine-Saint-Denis vaccine ses habitants les plus fragiles<\/a> (MDP)<\/p>\n\n\n\n<p><a href=\"https:\/\/www.liberation.fr\/societe\/sante\/variant-bresilien-en-guyane-la-rea-de-lhopital-de-cayenne-proche-de-la-saturation-20210418_RRK7LZP2CFFI7GSV7XW77EDQEY\/?redirected=1\">Variant br\u00e9silien en Guyane&nbsp;: la r\u00e9a de l\u2019h\u00f4pital de Cayenne \u00abproche de la saturation\u00bb<\/a> (Lib\u00e9)<\/p>\n\n\n\n<p>\u200b<a href=\"https:\/\/marsactu.fr\/derriere-la-vitrine-de-la-valorisation-lincinerateur-de-fos-ne-recycle-que-2-des-dechets\/?goal=0_dc9011be44-83f0013814-431638057&amp;mc_cid=83f0013814&amp;mc_eid=d0b099b9a8\">Bouches-du-Rh\u00f4ne&nbsp;: Derri\u00e8re la vitrine de la valorisation, l\u2019incin\u00e9rateur de Fos ne recycle que 2 % des d\u00e9chets<\/a> (Marsactu)<\/p>\n\n\n\n<figure class=\"wp-block-image size-large is-resized\"><img data-recalc-dims=\"1\" loading=\"lazy\" decoding=\"async\" src=\"https:\/\/i0.wp.com\/www.rdpemancipation.org\/wp-content\/uploads\/2021\/04\/image-126.png?resize=512%2C288&#038;ssl=1\" alt=\"\" class=\"wp-image-26553\" width=\"512\" height=\"288\" srcset=\"https:\/\/i0.wp.com\/www.rdpemancipation.org\/wp-content\/uploads\/2021\/04\/image-126.png?resize=1024%2C576&amp;ssl=1 1024w, https:\/\/i0.wp.com\/www.rdpemancipation.org\/wp-content\/uploads\/2021\/04\/image-126.png?resize=300%2C169&amp;ssl=1 300w, https:\/\/i0.wp.com\/www.rdpemancipation.org\/wp-content\/uploads\/2021\/04\/image-126.png?resize=768%2C432&amp;ssl=1 768w, https:\/\/i0.wp.com\/www.rdpemancipation.org\/wp-content\/uploads\/2021\/04\/image-126.png?resize=1536%2C864&amp;ssl=1 1536w, https:\/\/i0.wp.com\/www.rdpemancipation.org\/wp-content\/uploads\/2021\/04\/image-126.png?w=1920&amp;ssl=1 1920w\" sizes=\"auto, (max-width: 512px) 100vw, 512px\" \/><\/figure>\n\n\n\n<p><a href=\"https:\/\/www.liberation.fr\/culture\/livres\/djamel-cherigui-ivre-de-livres-20210418_CELYOOG3ZNCBJMLPXNW2DUYOGY\/?xtor=EREC-25-%5BNL_quot_matin_2021-04-19%5D-&amp;actId=ebwp0YMB8s1_OGEGSsDRkNUcvuQDVN7a57ET3fWtrS_9o2H3YnSh-tlErCsS7SWS&amp;actCampaignType=CAMPAIGN_MAIL&amp;actSource=508680\">Saint-Malo&nbsp;&nbsp;L&rsquo;horizon sans escale des marins-p\u00eacheurs<\/a> (Lib\u00e9)<\/p>\n\n\n\n<p class=\"has-vivid-red-color has-text-color\"><strong>19 avril en continu<\/strong><\/p>\n\n\n\n<p><a href=\"https:\/\/www.laprovence.com\/article\/papier\/6325839\/une-palissade-cree-la-polemique.html\">Marseille : une palissade cr\u00e9e la pol\u00e9mique au Vallon-des-Auffes<\/a> (La Provence)<\/p>\n\n\n\n<figure class=\"wp-block-image size-large is-resized\"><img data-recalc-dims=\"1\" loading=\"lazy\" decoding=\"async\" src=\"https:\/\/i0.wp.com\/www.rdpemancipation.org\/wp-content\/uploads\/2021\/04\/image-125.png?resize=496%2C279&#038;ssl=1\" alt=\"\" class=\"wp-image-26549\" width=\"496\" height=\"279\" srcset=\"https:\/\/i0.wp.com\/www.rdpemancipation.org\/wp-content\/uploads\/2021\/04\/image-125.png?w=991&amp;ssl=1 991w, https:\/\/i0.wp.com\/www.rdpemancipation.org\/wp-content\/uploads\/2021\/04\/image-125.png?resize=300%2C169&amp;ssl=1 300w, https:\/\/i0.wp.com\/www.rdpemancipation.org\/wp-content\/uploads\/2021\/04\/image-125.png?resize=768%2C432&amp;ssl=1 768w\" sizes=\"auto, (max-width: 496px) 100vw, 496px\" \/><\/figure>\n\n\n\n<p>\u200b\u200b\u200b<a href=\"https:\/\/marsactu.fr\/chroniques\/massilia-amorosa-episode-iii-adem-et-hawwa\/?goal=0_dc9011be44-b36bd45a01-431638057&amp;mc_cid=b36bd45a01&amp;mc_eid=d0b099b9a8\">Marseille&nbsp;: Michea Jacobi&nbsp;: Massilia amorosa, \u00e9pisode III : Adem et Hawwa<\/a> (Marsactu)<\/p>\n\n\n\n<p>\u200b<a href=\"https:\/\/france3-regions.francetvinfo.fr\/provence-alpes-cote-d-azur\/bouches-du-rhone\/marseille\/marseille-la-reproduction-des-tresors-engloutis-de-la-grotte-cosquer-le-defi-des-plasticiens-2032474.html#xtor=EPR-521-[france3regions]-20210418-[info-bouton3]&amp;pid=726375-1586509211-9facd8a7\">Marseille : la reproduction des tr\u00e9sors engloutis de la grotte Cosquer, le d\u00e9fi des plasticiens<\/a><\/p>\n\n\n\n<figure class=\"wp-block-image size-large is-resized\"><img data-recalc-dims=\"1\" loading=\"lazy\" decoding=\"async\" src=\"https:\/\/i0.wp.com\/www.rdpemancipation.org\/wp-content\/uploads\/2021\/04\/image-133.png?resize=465%2C310&#038;ssl=1\" alt=\"\" class=\"wp-image-26587\" width=\"465\" height=\"310\" srcset=\"https:\/\/i0.wp.com\/www.rdpemancipation.org\/wp-content\/uploads\/2021\/04\/image-133.png?w=930&amp;ssl=1 930w, https:\/\/i0.wp.com\/www.rdpemancipation.org\/wp-content\/uploads\/2021\/04\/image-133.png?resize=300%2C200&amp;ssl=1 300w, https:\/\/i0.wp.com\/www.rdpemancipation.org\/wp-content\/uploads\/2021\/04\/image-133.png?resize=768%2C512&amp;ssl=1 768w\" sizes=\"auto, (max-width: 465px) 100vw, 465px\" \/><\/figure>\n\n\n\n<p><a href=\"https:\/\/www.laprovence.com\/article\/societe\/6326228\/hautes-alpes-250-personnes-ont-manifeste-devant-lhopital-de-gap.html\">Hautes-Alpes : 250 personnes ont manifest\u00e9 devant l&rsquo;h\u00f4pital de Gap<\/a> (La Provence)<\/p>\n\n\n\n<p><a href=\"https:\/\/www.laprovence.com\/article\/coronavirus\/6326233\/les-10-39-ans-sont-les-plus-touches-par-le-coronavirus-dans-les-alpes-de-haute-provence.html\">Les 10-39 ans sont les plus touch\u00e9s par le coronavirus dans les Alpes-de-Haute-Provence<\/a> (La Provence)<\/p>\n\n\n\n<h1 class=\"has-vivid-red-color has-text-color has-normal-font-size wp-block-heading\">18 avril en continu<\/h1>\n\n\n\n<p>\u200b\u200b<a href=\"https:\/\/www.francetvinfo.fr\/sante\/maladie\/coronavirus\/vaccin\/guyane-le-variant-bresilien-represente-85-des-contaminations_4373695.html\">VIDEO&nbsp;: Guyane : le variant br\u00e9silien repr\u00e9sente 85 % des contaminations<\/a> (franceinfo)<\/p>\n\n\n\n<p><a href=\"https:\/\/www.liberation.fr\/societe\/police-justice\/dans-les-quartiers-populaires-de-lille-ils-controlent-des-mamans-avec-leurs-enfants-qui-profitent-du-beau-temps-20210415_6JN6C6HMF5EO5I6WAW4TU5EIUY\/?redirected=1\">Dans les quartiers populaires de Lille, \u00abils contr\u00f4lent des mamans avec leurs enfants, qui profitent du beau temps\u00bb<\/a> (Lib\u00e9)<\/p>\n\n\n\n<p><a href=\"https:\/\/www.francetvinfo.fr\/france\/hauts-de-france\/nord\/nord-la-ville-de-caudry-pourra-desormais-priver-des-familles-de-delinquants-d-aides-sociales-municipales_4371601.html#xtor=EPR-2-[newsletterquotidienne]-20210416-[lespluspartages\/titre5]\">Nord : la ville de Caudry veut priver les familles de \u00ab\u00a0d\u00e9linquants\u00a0\u00bb d&rsquo;aides sociales municipales<\/a><\/p>\n\n\n\n<p class=\"has-vivid-red-color has-text-color\"><strong>16 avril en continu<\/strong><\/p>\n\n\n\n<p>\u200b<a href=\"https:\/\/france3-regions.francetvinfo.fr\/provence-alpes-cote-d-azur\/bouches-du-rhone\/aix-en-provence\/enfants-handicapes-a-aix-en-provence-l-inclusion-commence-des-la-creche-2036704.html#xtor=EPR-521-[france3regions]-20210415-[lespluslus]&amp;pid=726375-1586509211-9facd8a7\">Enfants handicap\u00e9s : \u00e0 Aix-en-Provence, l&rsquo;inclusion commence d\u00e8s la cr\u00e8che<\/a> (france3)<\/p>\n\n\n\n<figure class=\"wp-block-image size-large is-resized\"><img data-recalc-dims=\"1\" loading=\"lazy\" decoding=\"async\" src=\"https:\/\/i0.wp.com\/www.rdpemancipation.org\/wp-content\/uploads\/2021\/04\/image-105.png?resize=465%2C310&#038;ssl=1\" alt=\"\" class=\"wp-image-26147\" width=\"465\" height=\"310\" srcset=\"https:\/\/i0.wp.com\/www.rdpemancipation.org\/wp-content\/uploads\/2021\/04\/image-105.png?w=930&amp;ssl=1 930w, https:\/\/i0.wp.com\/www.rdpemancipation.org\/wp-content\/uploads\/2021\/04\/image-105.png?resize=300%2C200&amp;ssl=1 300w, https:\/\/i0.wp.com\/www.rdpemancipation.org\/wp-content\/uploads\/2021\/04\/image-105.png?resize=768%2C512&amp;ssl=1 768w\" sizes=\"auto, (max-width: 465px) 100vw, 465px\" \/><\/figure>\n\n\n\n<p><a href=\"https:\/\/france3-regions.francetvinfo.fr\/provence-alpes-cote-d-azur\/bouches-du-rhone\/aix-en-provence\/aix-en-provence-vaccination-a-l-acte-la-securite-sociale-siffle-la-fin-de-la-recre-2046343.html#xtor=EPR-521-[france3regions]-20210415-[info-bouton4]&amp;pid=726375-1586509211-9facd8a7\">Aix-en-Provence : vaccination \u00e0 l&rsquo;acte, la s\u00e9curit\u00e9 sociale siffle la fin de la pratique partout en France<\/a> (france3)<\/p>\n\n\n\n<p><a href=\"https:\/\/www.laprovence.com\/article\/coronavirus\/6324564\/coronavirus-a-aix-chez-carrefour-les-rayons-pleins-a-craquer-inquietent.html\">Coronavirus : \u00e0 Aix-en-Provence, chez Carrefour, les rayons pleins \u00e0 craquer inqui\u00e8tent<\/a> (france3)<\/p>\n\n\n\n<p><a href=\"https:\/\/www.laprovence.com\/article\/societe\/6321439\/residences-seniors-le-bon-filon-aixois-du-papy-boom.html\">Aix-en-Provence&nbsp;: R\u00e9sidences seniors : le bon filon aixois du papy-boom ?<\/a> (La Provence)<\/p>\n\n\n\n<p class=\"has-vivid-red-color has-text-color\"><strong>15 avril en continu<\/strong><\/p>\n\n\n\n<p>\u200b\u200b\u200b<a href=\"https:\/\/marsactu.fr\/quand-payan-monte-a-la-villa-valmer-taper-sur-les-doigts-dun-promoteur-hors-de-controle\/?goal=0_dc9011be44-74acbc5c4a-431638057&amp;mc_cid=74acbc5c4a&amp;mc_eid=d0b099b9a8\">Marseille&nbsp;: Quand Payan monte \u00e0 la Villa Valmer taper sur les doigts d\u2019un promoteur hors de contr\u00f4le<\/a> (Marsactu)<\/p>\n\n\n\n<p><a href=\"https:\/\/marsactu.fr\/pour-sauver-fibre-excellence-tarascon-les-syndicats-acceptent-de-baisser-les-salaires\/?goal=0_dc9011be44-74acbc5c4a-431638057&amp;mc_cid=74acbc5c4a&amp;mc_eid=d0b099b9a8\">Pour sauver Fibre excellence Tarascon, les syndicats acceptent de baisser les salaires<\/a> (Marsactu)<\/p>\n\n\n\n<p><a href=\"https:\/\/marsactu.fr\/la-metropole-renonce-in-extremis-a-une-motion-ultra-conservatrice-sur-la-culture\/?goal=0_dc9011be44-74acbc5c4a-431638057&amp;mc_cid=74acbc5c4a&amp;mc_eid=d0b099b9a8\">Marseille&nbsp;: La m\u00e9tropole renonce in extremis \u00e0 une motion ultra-conservatrice sur la culture<\/a> (Marsactu)<\/p>\n\n\n\n<h1 class=\"has-normal-font-size wp-block-heading\"><a href=\"https:\/\/marsactu.fr\/drogue-a-foison-relation-aux-indics-la-justice-ausculte-les-methodes-des-baqueux\/?goal=0_dc9011be44-74acbc5c4a-431638057&amp;mc_cid=74acbc5c4a&amp;mc_eid=d0b099b9a8\">Marseille: \u201cDrogue \u00e0 foison\u201d, relation aux indics : la justice ausculte les m\u00e9thodes des \u201cbaqueux\u201d<\/a> (Marsactu)<\/h1>\n\n\n\n<p class=\"has-vivid-red-color has-text-color\"><strong>14 avril en continu<\/strong><\/p>\n\n\n\n<p><a href=\"https:\/\/www.lyonne.fr\/avallon-89200\/actualites\/toujours-mobilises-les-grevistes-du-site-skf-d-avallon-ont-investi-le-centre-ville-pour-se-faire-entendre_13940773\/\">Toujours mobilis\u00e9s, les gr\u00e9vistes du site SKF d&rsquo;Avallon ont investi le centre-ville pour se faire entendre <\/a>&nbsp;(Yonne r\u00e9publicaine)<\/p>\n\n\n\n<p><a href=\"https:\/\/lejournal.cnrs.fr\/articles\/a-pau-les-scientifiques-veulent-accelerer-la-transition-ecologique\">\u00c0 Pau, les scientifiques veulent acc\u00e9l\u00e9rer la transition \u00e9cologique<\/a>&nbsp;(Journal du CNRS)<\/p>\n\n\n\n<p><a href=\"https:\/\/www.cuisinedespatrons.com\/incendie-de-courchevel-une-liberation\/\">Incendie de Courchevel, une lib\u00e9ration&#8230;<\/a> (Cuisine des patrons)<\/p>\n\n\n\n<p><a href=\"https:\/\/www.liberation.fr\/economie\/social\/whirlpool-cest-comme-si-tu-te-faisais-virer-de-chez-toi-20210413_3IYN2ND75JDSDBGOXYXQZE4YUA\/?redirected=1\">Whirlpool&nbsp;\u00e0 Amiens: \u00abC\u2019est comme si tu te faisais virer de chez toi\u00bb<\/a> (Lib\u00e9)<\/p>\n\n\n\n<figure class=\"wp-block-image size-large is-resized\"><img data-recalc-dims=\"1\" loading=\"lazy\" decoding=\"async\" src=\"https:\/\/i0.wp.com\/www.rdpemancipation.org\/wp-content\/uploads\/2021\/04\/image-90.png?resize=192%2C256&#038;ssl=1\" alt=\"\" class=\"wp-image-25834\" width=\"192\" height=\"256\" srcset=\"https:\/\/i0.wp.com\/www.rdpemancipation.org\/wp-content\/uploads\/2021\/04\/image-90.png?resize=768%2C1024&amp;ssl=1 768w, https:\/\/i0.wp.com\/www.rdpemancipation.org\/wp-content\/uploads\/2021\/04\/image-90.png?resize=225%2C300&amp;ssl=1 225w, https:\/\/i0.wp.com\/www.rdpemancipation.org\/wp-content\/uploads\/2021\/04\/image-90.png?w=800&amp;ssl=1 800w\" sizes=\"auto, (max-width: 192px) 100vw, 192px\" \/><figcaption><br>Christophe Beaugrand, \u00e0 Amiens, le 29&nbsp;mars.&nbsp;(St\u00e9phane Dubromel\/Hans Lucas pour Lib\u00e9ration<\/figcaption><\/figure>\n\n\n\n<p><a href=\"https:\/\/www.liberation.fr\/societe\/police-justice\/aux-dervallieres-a-nantes-tout-le-monde-creve-de-peur-20210413_GA4DONSSXJEZ3PGXO7EUPJDKV4\/?xtor=EREC-26-%5BNL_abo_soir_2021-04-13%5D-&amp;actId=ebwp0YMB8s1_OGEGSsDRkNUcvuQDVN7a57ET3fWtrS_9o2H3YnSh-tlErCsS7SWS&amp;actCampaignType=CAMPAIGN_MAIL&amp;actSource=508600\">Trafic&nbsp;: Aux Dervalli\u00e8res \u00e0 Nantes, \u00abtout le monde cr\u00e8ve de peur\u00bb<\/a> (Lib\u00e9)<\/p>\n\n\n\n<p class=\"has-vivid-red-color has-text-color\"><strong>13 avril en continu<\/strong><\/p>\n\n\n\n<p><a href=\"https:\/\/marsactu.fr\/malgre-larrivee-de-thales-le-pole-aeronautique-distres-ne-decolle-pas\/?goal=0_dc9011be44-b8fc7eb23a-431638057&amp;mc_cid=b8fc7eb23a&amp;mc_eid=d0b099b9a8\">Bouches-du-Rh\u00f4ne&nbsp;: Malgr\u00e9 l\u2019arriv\u00e9e de Thales, le p\u00f4le a\u00e9ronautique d\u2019Istres ne d\u00e9colle pas<\/a>(Marsactu)<\/p>\n\n\n\n<figure class=\"wp-block-image size-large is-resized\"><img data-recalc-dims=\"1\" loading=\"lazy\" decoding=\"async\" src=\"https:\/\/i0.wp.com\/www.rdpemancipation.org\/wp-content\/uploads\/2021\/04\/image-89.png?resize=512%2C288&#038;ssl=1\" alt=\"\" class=\"wp-image-25833\" width=\"512\" height=\"288\" srcset=\"https:\/\/i0.wp.com\/www.rdpemancipation.org\/wp-content\/uploads\/2021\/04\/image-89.png?resize=1024%2C576&amp;ssl=1 1024w, https:\/\/i0.wp.com\/www.rdpemancipation.org\/wp-content\/uploads\/2021\/04\/image-89.png?resize=300%2C169&amp;ssl=1 300w, https:\/\/i0.wp.com\/www.rdpemancipation.org\/wp-content\/uploads\/2021\/04\/image-89.png?resize=768%2C432&amp;ssl=1 768w, https:\/\/i0.wp.com\/www.rdpemancipation.org\/wp-content\/uploads\/2021\/04\/image-89.png?w=1400&amp;ssl=1 1400w\" sizes=\"auto, (max-width: 512px) 100vw, 512px\" \/><\/figure>\n\n\n\n<p><a href=\"https:\/\/marsactu.fr\/la-direction-darcelormittal-fos-prete-a-arreter-un-haut-fourneau-dans-les-24-heures\/?goal=0_dc9011be44-b8fc7eb23a-431638057&amp;mc_cid=b8fc7eb23a&amp;mc_eid=d0b099b9a8\">La direction d\u2019ArcelorMittal Fos pr\u00eate \u00e0 arr\u00eater un haut-fourneau apr\u00e8s 3 semaines de gr\u00e8ve<\/a> (Marsactu)<\/p>\n\n\n\n<p class=\"has-vivid-red-color has-text-color\"><strong>\u200b\u200b\u200b\u200b12 avril en continu<\/strong><\/p>\n\n\n\n<p><a href=\"https:\/\/france3-regions.francetvinfo.fr\/provence-alpes-cote-d-azur\/bouches-du-rhone\/marseille\/premier-week-end-de-vacances-scolaires-sous-confinement-a-marseille-y-a-degun-2039989.html#xtor=EPR-521-[france3regions]-20210411-[info-bouton2]&amp;pid=726375-1586509211-9facd8a7\">Premier week-end de vacances scolaires sous confinement : \u00e0 Marseille, y a d\u00e9gun !<\/a> (france3)<\/p>\n\n\n\n<figure class=\"wp-block-image size-large is-resized\"><img data-recalc-dims=\"1\" loading=\"lazy\" decoding=\"async\" src=\"https:\/\/i0.wp.com\/www.rdpemancipation.org\/wp-content\/uploads\/2021\/04\/image-75.png?resize=465%2C310&#038;ssl=1\" alt=\"\" class=\"wp-image-25481\" width=\"465\" height=\"310\" srcset=\"https:\/\/i0.wp.com\/www.rdpemancipation.org\/wp-content\/uploads\/2021\/04\/image-75.png?w=930&amp;ssl=1 930w, https:\/\/i0.wp.com\/www.rdpemancipation.org\/wp-content\/uploads\/2021\/04\/image-75.png?resize=300%2C200&amp;ssl=1 300w, https:\/\/i0.wp.com\/www.rdpemancipation.org\/wp-content\/uploads\/2021\/04\/image-75.png?resize=768%2C512&amp;ssl=1 768w\" sizes=\"auto, (max-width: 465px) 100vw, 465px\" \/><figcaption><br>Le Vieux-Port de Marseille, quasi d\u00e9sert ce samedi 10 avril 2021.&nbsp;\u2022&nbsp;\u00a9 Adrien Gavazzi, France TV<\/figcaption><\/figure>\n\n\n\n<p><a href=\"https:\/\/marsactu.fr\/neuf-ans-apres-le-scandale-le-dossier-de-la-bac-nord-arrive-bien-amaigri-au-tribunal\/?goal=0_dc9011be44-a4bea362ae-431638057&amp;mc_cid=a4bea362ae&amp;mc_eid=d0b099b9a8\">Marseille&nbsp;: Neuf ans apr\u00e8s le scandale, le dossier de la BAC Nord arrive bien amaigri au tribunal<\/a> (Marsactu)<\/p>\n\n\n\n<p class=\"has-vivid-red-color has-text-color\"><strong>\u200b\u200b11 avril en continu<\/strong><\/p>\n\n\n\n<h1 class=\"has-normal-font-size wp-block-heading\">Marseille-Graf: <a href=\"https:\/\/www.leravi.org\/social\/feminisme\/sur-les-murs-de-marseille-le-collectif-douceur-tarpin-extreme-repeint-la-ville-aux-couleurs-du-feminisme-avril-2021\/?utm_source=emailing&amp;utm_medium=mailkitchen&amp;utm_campaign=09.04.21%20News%20du%20samedi%20%3A%20Ce%20qu'il%20ne%20fallait%20pas%20rater%20!\">Quand le f\u00e9minisme repeint la ville : Douceur tarpin extr\u00eame MARS 2021 | PAR BOBIKA<\/a> (Le Ravi)<\/h1>\n\n\n\n<p><a href=\"https:\/\/www.laprovence.com\/article\/economie\/6319439\/niveaux-de-vie-dans-le-pays-daix-les-riches-creusent-lecart.html\">PACA&nbsp;: Niveaux de vie : dans le Pays d&rsquo;Aix, les riches creusent l&rsquo;\u00e9cart<\/a> (La Provence)<\/p>\n\n\n\n<figure class=\"wp-block-image size-large is-resized\"><img data-recalc-dims=\"1\" loading=\"lazy\" decoding=\"async\" src=\"https:\/\/i0.wp.com\/www.rdpemancipation.org\/wp-content\/uploads\/2021\/04\/image-68.png?resize=495%2C279&#038;ssl=1\" alt=\"\" class=\"wp-image-25398\" width=\"495\" height=\"279\" srcset=\"https:\/\/i0.wp.com\/www.rdpemancipation.org\/wp-content\/uploads\/2021\/04\/image-68.png?w=990&amp;ssl=1 990w, https:\/\/i0.wp.com\/www.rdpemancipation.org\/wp-content\/uploads\/2021\/04\/image-68.png?resize=300%2C169&amp;ssl=1 300w, https:\/\/i0.wp.com\/www.rdpemancipation.org\/wp-content\/uploads\/2021\/04\/image-68.png?resize=768%2C432&amp;ssl=1 768w\" sizes=\"auto, (max-width: 495px) 100vw, 495px\" \/><\/figure>\n\n\n\n<p><a href=\"https:\/\/france3-regions.francetvinfo.fr\/provence-alpes-cote-d-azur\/bouches-du-rhone\/marseille\/au-stade-velodrome-de-marseille-amenage-en-vaccinodrome-la-course-au-vaccin-pour-les-volontaires-de-fin-de-journee-2038216.html#xtor=EPR-521-[france3regions]-20210410-[info-bouton1]&amp;pid=726375-1586509211-9facd8a7\">Au stade V\u00e9lodrome de Marseille, am\u00e9nag\u00e9 en vaccinodrome, la course au vaccin pour les volontaires de fin de journ\u00e9e<\/a> (france3)<\/p>\n\n\n\n<figure class=\"wp-block-image size-large is-resized\"><img data-recalc-dims=\"1\" loading=\"lazy\" decoding=\"async\" src=\"https:\/\/i0.wp.com\/www.rdpemancipation.org\/wp-content\/uploads\/2021\/04\/image-67.png?resize=465%2C310&#038;ssl=1\" alt=\"\" class=\"wp-image-25397\" width=\"465\" height=\"310\" srcset=\"https:\/\/i0.wp.com\/www.rdpemancipation.org\/wp-content\/uploads\/2021\/04\/image-67.png?w=930&amp;ssl=1 930w, https:\/\/i0.wp.com\/www.rdpemancipation.org\/wp-content\/uploads\/2021\/04\/image-67.png?resize=300%2C200&amp;ssl=1 300w, https:\/\/i0.wp.com\/www.rdpemancipation.org\/wp-content\/uploads\/2021\/04\/image-67.png?resize=768%2C512&amp;ssl=1 768w\" sizes=\"auto, (max-width: 465px) 100vw, 465px\" \/><\/figure>\n\n\n\n<p>\u200b<a href=\"https:\/\/france3-regions.francetvinfo.fr\/provence-alpes-cote-d-azur\/a-nice-et-antibes-comme-dans-de-nombreux-autres-carrefour-les-salaries-sont-en-greve-2029450.html#xtor=EPR-521-[france3regions]-20210410-[lespluslus]&amp;pid=726375-1586509211-9facd8a7\">A Nice et Antibes comme dans de nombreux autres Carrefour, les salari\u00e9s sont en gr\u00e8ve<\/a> (france3)<\/p>\n\n\n\n<p class=\"has-vivid-red-color has-text-color\"><strong>10 avril en continu<\/strong><\/p>\n\n\n\n<p><a href=\"https:\/\/france3-regions.francetvinfo.fr\/provence-alpes-cote-d-azur\/var\/dans-le-var-un-salon-de-coiffure-itinerant-pour-venir-en-aide-aux-plus-demunis-2028244.html#xtor=EPR-521-[france3regions]-20210409-[lespluslus]&amp;pid=726375-1586509211-9facd8a7\">Dans le Var, un salon de coiffure itin\u00e9rant pour venir en aide aux plus d\u00e9munis<\/a> (franceinfo)<\/p>\n\n\n\n<p><a href=\"https:\/\/www.francetvinfo.fr\/monde\/environnement\/pesticides\/pollution-au-chlordecone-en-martinique-et-en-guadeloupe-les-ouvriers-agricoles-empoisonnes-reclament-la-justice_4355609.html#xtor=EPR-749-[NLbestofhebdo]-20210410-[content1]\">Pollution au chlord\u00e9cone : en Martinique et en Guadeloupe, les ouvriers agricoles \u00ab\u00a0empoisonn\u00e9s\u00a0\u00bb r\u00e9clament \u00ab\u00a0la justice\u00a0\u00bb <\/a>(franceinfo)<\/p>\n\n\n\n<p>\u200b\u200b<a href=\"https:\/\/france3-regions.francetvinfo.fr\/provence-alpes-cote-d-azur\/bouches-du-rhone\/marseille\/marseille-confines-mais-determines-a-sortir-leurs-albums-deux-artistes-tiennent-la-corde-envers-et-contre-le-covid-2028172.html#xtor=EPR-521-[france3regions]-20210409-[lespluslus]&amp;pid=726375-1586509211-9facd8a7\">Marseille : confin\u00e9s mais d\u00e9termin\u00e9s \u00e0 sortir leurs albums, deux artistes tiennent la corde envers et contre le Covid \u2013 Sylvie et Elvas<\/a> (franceinfo)<\/p>\n\n\n\n<p><a href=\"https:\/\/www.liberation.fr\/environnement\/agriculture\/dans-la-drome-lhiver-est-dans-le-fruit-20210409_VN4YC4DWFNFA7G4MZRFWNDPOEM\/?xtor=EREC-26-%5BNL_abo_soir_2021-04-09%5D-&amp;actId=ebwp0YMB8s1_OGEGSsDRkNUcvuQDVN7a57ET3fWtrS_9o2H3YnSh-tlErCsS7SWS&amp;actCampaignType=CAMPAIGN_MAIL&amp;actSource=508524\">Gel tardif&nbsp;: Dans la Dr\u00f4me, l\u2019hiver est dans le fruit<\/a> (Lib\u00e9)<\/p>\n\n\n\n<figure class=\"wp-block-image size-large is-resized\"><img data-recalc-dims=\"1\" loading=\"lazy\" decoding=\"async\" src=\"https:\/\/i0.wp.com\/www.rdpemancipation.org\/wp-content\/uploads\/2021\/04\/image-53.png?resize=400%2C267&#038;ssl=1\" alt=\"\" class=\"wp-image-25133\" width=\"400\" height=\"267\" srcset=\"https:\/\/i0.wp.com\/www.rdpemancipation.org\/wp-content\/uploads\/2021\/04\/image-53.png?w=800&amp;ssl=1 800w, https:\/\/i0.wp.com\/www.rdpemancipation.org\/wp-content\/uploads\/2021\/04\/image-53.png?resize=300%2C200&amp;ssl=1 300w, https:\/\/i0.wp.com\/www.rdpemancipation.org\/wp-content\/uploads\/2021\/04\/image-53.png?resize=768%2C512&amp;ssl=1 768w\" sizes=\"auto, (max-width: 400px) 100vw, 400px\" \/><\/figure>\n\n\n\n<p><span class=\"has-inline-color has-vivid-red-color\"><strong>9 avril en continu<\/strong><\/span><\/p>\n\n\n\n<p><a href=\"https:\/\/prec-art-en-luttes.com\/#communique\">Collectif d&rsquo;occupation de l&rsquo;espace Malraux \u00e0 Chamb\u00e9ry<\/a> (prec-art-en-luttes)<\/p>\n\n\n\n<p><a href=\"https:\/\/www.francetvinfo.fr\/sante\/maladie\/coronavirus\/covid-19-dans-le-nord-un-medecin-miracule-rend-grace-a-ses-soignants_4364009.html#xtor=EPR-2-[newsletterquotidienne]-20210409-[lesimages\/image4]\">Covid-19 : dans le Nord, un m\u00e9decin miracul\u00e9 rend gr\u00e2ce \u00e0 ses soignants<\/a> (franceinfo)<\/p>\n\n\n\n<p>\u200b\u200b<a href=\"https:\/\/www.laprovence.com\/article\/politique\/6316741\/ce-que-revele-le-depart-de-la-deputee-lrem-du-vaucluse-brune-poirson.html\">Ce que r\u00e9v\u00e8le le d\u00e9part de la d\u00e9put\u00e9e LREM du Vaucluse Brune Poirson<\/a> (La Provence)<\/p>\n\n\n\n<p><a href=\"https:\/\/www.francetvinfo.fr\/culture\/spectacles\/theatre\/reportage-orleans-dans-le-theatre-occupe-des-intermittents-se-mobilisent-pour-mettre-en-lumiere-la-situation-de-tous-les-precaires_4354375.html#xtor=EPR-2-[newsletterquotidienne]-20210409-[lestitres-coldroite\/titre7]\">Orl\u00e9ans : dans le th\u00e9\u00e2tre occup\u00e9, des intermittents se mobilisent pour mettre en lumi\u00e8re la situation de tous les pr\u00e9caires&nbsp;<\/a>(franceinfo)<\/p>\n\n\n\n<p>\u200b<a href=\"https:\/\/marsactu.fr\/bref\/la-production-darcelormittal-fos-impactee-par-les-greves\/?goal=0_dc9011be44-9acd23d832-431638057&amp;mc_cid=9acd23d832&amp;mc_eid=d0b099b9a8\">Bouches-du-Rh\u00f4ne: La production d\u2019ArcelorMittal Fos impact\u00e9e par les gr\u00e8ves<\/a> (Marsactu)<\/p>\n\n\n\n<p><a href=\"https:\/\/www.liberation.fr\/economie\/social\/fonderie-de-bretagne-renault-est-en-train-dorganiser-notre-mort-20210408_KU2PC6Q6MVFALGCRD3PBA43W7M\/?xtor=EREC-26-%5BNL_abo_soir_2021-04-08%5D-&amp;actId=ebwp0YMB8s1_OGEGSsDRkNUcvuQDVN7a57ET3fWtrS_9o2H3YnSh-tlErCsS7SWS&amp;actCampaignType=CAMPAIGN_MAIL&amp;actSource=508501\">Fonderie de Bretagne : \u00abRenault est en train d\u2019organiser notre mort\u00bb<\/a> (Lib\u00e9)<\/p>\n\n\n\n<figure class=\"wp-block-image size-large is-resized\"><img data-recalc-dims=\"1\" loading=\"lazy\" decoding=\"async\" src=\"https:\/\/i0.wp.com\/www.rdpemancipation.org\/wp-content\/uploads\/2021\/04\/image-46.png?resize=400%2C320&#038;ssl=1\" alt=\"\" class=\"wp-image-24937\" width=\"400\" height=\"320\" srcset=\"https:\/\/i0.wp.com\/www.rdpemancipation.org\/wp-content\/uploads\/2021\/04\/image-46.png?w=800&amp;ssl=1 800w, https:\/\/i0.wp.com\/www.rdpemancipation.org\/wp-content\/uploads\/2021\/04\/image-46.png?resize=300%2C240&amp;ssl=1 300w, https:\/\/i0.wp.com\/www.rdpemancipation.org\/wp-content\/uploads\/2021\/04\/image-46.png?resize=768%2C614&amp;ssl=1 768w\" sizes=\"auto, (max-width: 400px) 100vw, 400px\" \/><\/figure>\n\n\n\n<p><a href=\"https:\/\/www.laprovence.com\/article\/politique\/6316753\/regionales-en-paca-muselier-investi-par-lr-mais-pas-encore-candidat.html\">R\u00e9gionales en Paca : Muselier investi par LR, mais pas encore candidat<\/a> (La Provence)<\/p>\n\n\n\n<p><a href=\"https:\/\/www.liberation.fr\/forums\/eric-piolle-numerique-reprenons-le-controle-20210408_DWIHLLBDYJFBHE5Z745CWANRAM\/?xtor=EREC-49-%5BLe_Fil_vert_2021-04-08%5D-&amp;actId=ebwp0YMB8s1_OGEGSsDRkNUcvuQDVN7a57ET3fWtrS_9o2H3YnSh-tlErCsS7SWS&amp;actCampaignType=CAMPAIGN_MAIL&amp;actSource=508494\">Grenoble&nbsp;: Eric Piolle&nbsp;: \u00abNum\u00e9rique, reprenons le contr\u00f4le&nbsp;!\u00bb<\/a> (Lib\u00e9)<\/p>\n\n\n\n<figure class=\"wp-block-image size-large is-resized\"><img data-recalc-dims=\"1\" loading=\"lazy\" decoding=\"async\" src=\"https:\/\/i0.wp.com\/www.rdpemancipation.org\/wp-content\/uploads\/2021\/04\/image-45.png?resize=400%2C272&#038;ssl=1\" alt=\"\" class=\"wp-image-24936\" width=\"400\" height=\"272\" srcset=\"https:\/\/i0.wp.com\/www.rdpemancipation.org\/wp-content\/uploads\/2021\/04\/image-45.png?w=800&amp;ssl=1 800w, https:\/\/i0.wp.com\/www.rdpemancipation.org\/wp-content\/uploads\/2021\/04\/image-45.png?resize=300%2C204&amp;ssl=1 300w, https:\/\/i0.wp.com\/www.rdpemancipation.org\/wp-content\/uploads\/2021\/04\/image-45.png?resize=768%2C522&amp;ssl=1 768w\" sizes=\"auto, (max-width: 400px) 100vw, 400px\" \/><figcaption><br>Une antenne t\u00e9l\u00e9phonique pr\u00e8s de Strasbourg en 2017.&nbsp;(Christian Hartmann\/REUTERS)<\/figcaption><\/figure>\n\n\n\n<p><strong><span class=\"has-inline-color has-vivid-red-color\">8 avril en continu<\/span><\/strong><\/p>\n\n\n\n<figure class=\"wp-block-image size-large is-resized\"><img data-recalc-dims=\"1\" loading=\"lazy\" decoding=\"async\" src=\"https:\/\/i0.wp.com\/www.rdpemancipation.org\/wp-content\/uploads\/2021\/04\/grenoble-10-avril.png?resize=512%2C184&#038;ssl=1\" alt=\"\" class=\"wp-image-24841\" width=\"512\" height=\"184\" srcset=\"https:\/\/i0.wp.com\/www.rdpemancipation.org\/wp-content\/uploads\/2021\/04\/grenoble-10-avril.png?resize=1024%2C367&amp;ssl=1 1024w, https:\/\/i0.wp.com\/www.rdpemancipation.org\/wp-content\/uploads\/2021\/04\/grenoble-10-avril.png?resize=300%2C108&amp;ssl=1 300w, https:\/\/i0.wp.com\/www.rdpemancipation.org\/wp-content\/uploads\/2021\/04\/grenoble-10-avril.png?resize=768%2C275&amp;ssl=1 768w, https:\/\/i0.wp.com\/www.rdpemancipation.org\/wp-content\/uploads\/2021\/04\/grenoble-10-avril.png?resize=1536%2C551&amp;ssl=1 1536w, https:\/\/i0.wp.com\/www.rdpemancipation.org\/wp-content\/uploads\/2021\/04\/grenoble-10-avril.png?w=1702&amp;ssl=1 1702w\" sizes=\"auto, (max-width: 512px) 100vw, 512px\" \/><\/figure>\n\n\n\n<p><span class=\"has-inline-color has-black-color\">AURA: <\/span><a href=\"https:\/\/youtu.be\/3P0ox4MffpY\">Ma fin de saison et mon dossier p\u00f4le emploi<\/a> (P\u00f4le emploi Albertville)<\/p>\n\n\n\n<p><a href=\"https:\/\/france3-regions.francetvinfo.fr\/provence-alpes-cote-d-azur\/alpes-maritimes\/menton\/aide-aux-migrants-cedric-herrou-relaxe-definitivement-par-la-cour-de-cassation-2024887.html#xtor=EPR-521-[france3regions]-20210407-[lespluslus]&amp;pid=726375-1586509211-9facd8a7\">Aide aux migrants dans la vall\u00e9e de la Roya : C\u00e9dric Herrou relax\u00e9 d\u00e9finitivement par la Cour de cassation<\/a> (France3)<\/p>\n\n\n\n<p>\u200b<a href=\"https:\/\/www.laprovence.com\/article\/edition-alpes\/6316115\/digne-les-bains-le-musee-gassendi-enrichit-ses-collections-municipales.html\">Digne-les-Bains : le mus\u00e9e Gassendi enrichit ses collections municipales<\/a> (La Provence)<\/p>\n\n\n\n<p><a href=\"https:\/\/www.laprovence.com\/article\/edition-aix-pays-daix\/6316088\/aix-cette-annee-les-enfants-nont-pas-pu-apprendre-a-nager.html\">Aix : cette ann\u00e9e, les enfants n&rsquo;ont pas pu apprendre \u00e0 nager !<\/a> (La Provence)<\/p>\n\n\n\n<p>\u200b<a href=\"https:\/\/www.liberation.fr\/culture\/villeurbanne-pionniere-des-capitales-francaises-de-la-culture-20210408_ZCWXHP7P3JHCRPTSE3IOWODGCM\/?redirected=1\">\u00abPoule aux \u0153ufs d\u2019or\u00bbVilleurbanne, pionni\u00e8re des \u00abcapitales fran\u00e7aises de la culture\u00bb<\/a> (Lib\u00e9)<\/p>\n\n\n\n<p><a href=\"https:\/\/www.liberation.fr\/societe\/logement\/a-nice-ici-les-pauvres-sont-plus-pauvres-quailleurs-20210404_2AWGQYGX2FC4TOOISJJXSMU44Q\/?xtor=EREC-26-%5BNL_abo_soir_2021-04-07%5D-&amp;actId=ebwp0YMB8s1_OGEGSsDRkNUcvuQDVN7a57ET3fWtrS_9o2H3YnSh-tlErCsS7SWS&amp;actCampaignType=CAMPAIGN_MAIL&amp;actSource=508480\">A Nice, \u00ables pauvres sont plus pauvres qu\u2019ailleurs\u00bb<\/a> (Lib\u00e9)<\/p>\n\n\n\n<p><a href=\"https:\/\/www.rdpemancipation.org\/?p=23334\">Voir l\u2019article<\/a><\/p>\n\n\n\n<p><a href=\"https:\/\/www.laprovence.com\/article\/edition-marseille\/6310445\/marseille-la-cite-radieuse-une-icone-architecturale-qui-continue-de-vivre.html\">Marseille : la Cit\u00e9 Radieuse, une ic\u00f4ne architecturale qui continue de vivre<\/a> (La Provence)<\/p>\n\n\n\n<p><a href=\"https:\/\/www.laprovence.com\/actu\/en-direct\/6316415\/coronavirus-lanalyse-des-eaux-usees-montre-que-la-circulation-du-virus-sest-uniformisee-a-marseille.html\">Coronavirus : l&rsquo;analyse des eaux us\u00e9es montre que la circulation du virus s&rsquo;est uniformis\u00e9e Marseille<\/a> (La Provence)<\/p>\n\n\n\n<p><a href=\"https:\/\/www.laprovence.com\/actu\/en-direct\/6316467\/le-plan-social-du-groupe-gazel-energie-valide-98-emplois-supprimes-a-gardanne.html\">Le plan social du groupe Gazel \u00e9nergie valid\u00e9, 98 emplois supprim\u00e9s \u00e0 Gardanne (13)<\/a> (La Provence)<\/p>\n\n\n\n<figure class=\"wp-block-image size-large is-resized\"><img data-recalc-dims=\"1\" loading=\"lazy\" decoding=\"async\" src=\"https:\/\/i0.wp.com\/www.rdpemancipation.org\/wp-content\/uploads\/2021\/04\/image-33.png?resize=425%2C239&#038;ssl=1\" alt=\"\" class=\"wp-image-24516\" width=\"425\" height=\"239\" srcset=\"https:\/\/i0.wp.com\/www.rdpemancipation.org\/wp-content\/uploads\/2021\/04\/image-33.png?w=850&amp;ssl=1 850w, https:\/\/i0.wp.com\/www.rdpemancipation.org\/wp-content\/uploads\/2021\/04\/image-33.png?resize=300%2C169&amp;ssl=1 300w, https:\/\/i0.wp.com\/www.rdpemancipation.org\/wp-content\/uploads\/2021\/04\/image-33.png?resize=768%2C432&amp;ssl=1 768w\" sizes=\"auto, (max-width: 425px) 100vw, 425px\" \/><\/figure>\n\n\n\n<p><a href=\"https:\/\/www.laprovence.com\/actu\/en-direct\/6316482\/culture-des-maires-de-grandes-villes-dont-benoit-payan-pour-marseille-demandent-a-macron-une-feuille-de-r\">60 \u00e9lus de grandes villes dont plusieurs Proven\u00e7aux demandent \u00e0 Macron une feuille de route pour la culture<\/a> (La Provence)<\/p>\n\n\n\n<p class=\"has-vivid-red-color has-text-color\"><strong>7 avril en continu<\/strong><\/p>\n\n\n\n<p><a href=\"https:\/\/www.francetvinfo.fr\/faits-divers\/terrorisme\/antiterrorisme\/cinq-femmes-soupconnees-de-vouloir-commettre-un-attentat-interpellees-a-beziers_4359395.html#xtor=EPR-2-[newsletterquotidienne]-20210406-[lespluspartages\/titre5]\">H\u00e9rault : cinq femmes interpell\u00e9es dans une enqu\u00eate pour \u00ab\u00a0association de malfaiteurs en relation avec une entreprise terroriste\u00a0\u00bb<\/a> (franceinfo)<\/p>\n\n\n\n<h1 class=\"has-normal-font-size wp-block-heading\">\u200b<a href=\"https:\/\/marsactu.fr\/enquete-ouverte-pour-escroquerie-sur-le-parachute-dore-dun-ex-patron-de-logirem\/?goal=0_dc9011be44-c1ea7e6ea9-431638057&amp;mc_cid=c1ea7e6ea9&amp;mc_eid=d0b099b9a8\">Marseille: Enqu\u00eate ouverte pour escroquerie sur le parachute dor\u00e9 d\u2019un ex patron de Logirem<\/a> (Marsactu)<\/h1>\n\n\n\n<p><a href=\"https:\/\/france3-regions.francetvinfo.fr\/provence-alpes-cote-d-azur\/bouches-du-rhone\/marseille\/gaudin-l-animal-politique-retour-sur-25-ans-a-la-tete-de-la-mairie-de-marseille-2022331.html#xtor=EPR-521-[france3regions]-20210406-[lespluslus]&amp;pid=726375-1586509211-9facd8a7\">Gaudin, l&rsquo;animal politique : retour sur 25 ans \u00e0 la t\u00eate de la mairie de Marseille<\/a> (france3)<\/p>\n\n\n\n<p>\u200b<a href=\"https:\/\/www.francetvinfo.fr\/economie\/transports\/autolib\/reportage-que-vont-devenir-les-encombrantes-autolib-entassees-dans-le-cimetiere-de-romorantin_4328845.html#xtor=EPR-2-[newsletterquotidienne]-20210406-[lespluspartages\/titre2]\">Que vont devenir les encombrantes Autolib&rsquo; entass\u00e9es dans le \u00ab\u00a0cimeti\u00e8re\u00a0\u00bb de Romorantin&nbsp;(Loir et Cher)<\/a> (franceinfo)<\/p>\n\n\n\n<figure class=\"wp-block-image size-large is-resized\"><img data-recalc-dims=\"1\" loading=\"lazy\" decoding=\"async\" src=\"https:\/\/i0.wp.com\/www.rdpemancipation.org\/wp-content\/uploads\/2021\/04\/image-30.png?resize=512%2C288&#038;ssl=1\" alt=\"\" class=\"wp-image-24486\" width=\"512\" height=\"288\" srcset=\"https:\/\/i0.wp.com\/www.rdpemancipation.org\/wp-content\/uploads\/2021\/04\/image-30.png?resize=1024%2C576&amp;ssl=1 1024w, https:\/\/i0.wp.com\/www.rdpemancipation.org\/wp-content\/uploads\/2021\/04\/image-30.png?resize=300%2C169&amp;ssl=1 300w, https:\/\/i0.wp.com\/www.rdpemancipation.org\/wp-content\/uploads\/2021\/04\/image-30.png?resize=768%2C432&amp;ssl=1 768w, https:\/\/i0.wp.com\/www.rdpemancipation.org\/wp-content\/uploads\/2021\/04\/image-30.png?w=1320&amp;ssl=1 1320w\" sizes=\"auto, (max-width: 512px) 100vw, 512px\" \/><\/figure>\n\n\n\n<p><a href=\"https:\/\/france3-regions.francetvinfo.fr\/provence-alpes-cote-d-azur\/alpes-maritimes\/une-deputee-nicoise-defend-une-proposition-de-loi-sur-l-euthanasie-3-000-amendements-deposes-2031898.html#xtor=EPR-521-[france3regions]-20210406-[info-bouton1]&amp;pid=726375-1586509211-9facd8a7\">Une d\u00e9put\u00e9e de Nice d\u00e9fend une proposition de loi sur l&rsquo;euthanasie: 3.000 amendements d\u00e9pos\u00e9s compromettent son adoption<\/a> (france3)<\/p>\n\n\n\n<p><a href=\"https:\/\/www.francetvinfo.fr\/sante\/maladie\/coronavirus\/direct-covid-19-une-entreprise-d-eure-et-loir-commence-a-mettre-en-flacons-le-vaccin-de-pfizer-biontech_4362521.html#xtor=EPR-2-[newsletterquotidienne]-20210407-[lestitres-coldroite\/titre1]\">Covid-19 : une entreprise d&rsquo;Eure-et-Loir commence \u00e0 mettre en flacons le vaccin de Pfizer-BioNTech<\/a> (franceinfo)<\/p>\n\n\n\n<p><a href=\"https:\/\/www.francetvinfo.fr\/economie\/immobilier\/prix-immobilier\/immobilier-des-logements-a-moitie-prix-bientot-mis-en-vente-par-la-ville-de-paris_4360795.html#xtor=EPR-2-[newsletterquotidienne]-20210407-[lesimages\/image5]\">VIDEO: Immobilier : des logements \u00e0 moiti\u00e9 prix bient\u00f4t mis en vente par la ville de Paris<\/a> (franceinfo)<\/p>\n\n\n\n<p>\u200b\u200b<a href=\"https:\/\/www.francetvinfo.fr\/societe\/religion\/covid-19-a-paris-une-messe-de-paques-sans-distanciation-ni-masque-cree-la-stupeur-du-diocese_4360849.html#xtor=EPR-2-[newsletterquotidienne]-20210407-[lespluspartages\/titre5]\">Covid-19 : \u00e0 Paris, une messe de P\u00e2ques sans distanciation ni masques cr\u00e9e la stupeur du dioc\u00e8se<\/a> (franceinfo)<\/p>\n\n\n\n<p><a href=\"https:\/\/www.liberation.fr\/societe\/dans-le-pas-de-calais-lextension-dun-elevage-a-825-000-poulets-met-l214-sur-les-dents-20210407_FFHQYUT6CFFGFABDUYF2CYRHIQ\/?xtor=EREC-25-%5BNL_quot_matin_2021-04-07%5D-&amp;actId=ebwp0YMB8s1_OGEGSsDRkNUcvuQDVN7a57ET3fWtrS_9o2H3YnSh-tlErCsS7SWS&amp;actCampaignType=CAMPAIGN_MAIL&amp;actSource=508458\">Souffrance animale&nbsp;: Dans le Pas-de-Calais, l\u2019extension d\u2019un \u00e9levage \u00e0 825&nbsp;000&nbsp;poulets met L214 sur les dents<\/a> (lib\u00e9)<\/p>\n\n\n\n<h1 class=\"has-vivid-red-color has-text-color has-normal-font-size wp-block-heading\">\u200b<strong><span class=\"has-inline-color has-vivid-red-color\">6 Avril<\/span><\/strong> en continu<\/h1>\n\n\n\n<p>\u200b<a href=\"https:\/\/marsactu.fr\/occupation-des-lieux-culturels-a-marseille-les-visages-de-la-lutte\/?goal=0_dc9011be44-8d1b15de4b-431638057&amp;mc_cid=8d1b15de4b&amp;mc_eid=d0b099b9a8\">Marseille&nbsp;: Au ZEF, au Frac et \u00e0 la Cri\u00e9e, les \u201cnon essentiels\u201d exposent leur pr\u00e9carit\u00e9<\/a> (Marsactu)<\/p>\n\n\n\n<p><a href=\"https:\/\/marsactu.fr\/le-printemps-marseillais-remet-ses-ambitions-a-plus-tard-dans-un-premier-budget-contraint\/?goal=0_dc9011be44-8d1b15de4b-431638057&amp;mc_cid=8d1b15de4b&amp;mc_eid=d0b099b9a8\">Le Printemps marseillais remet ses ambitions \u00e0 plus tard dans un premier budget contraint <\/a>(Marsactu)<\/p>\n\n\n\n<p><a href=\"https:\/\/agir.greenvoice.fr\/petitions\/stop-panhard-a-sens\">Stop Panhard \u00e0 Sens<\/a>&nbsp; (greenvoice.fr)<\/p>\n\n\n\n<p><strong><span class=\"has-inline-color has-vivid-red-color\">5 Avril <\/span><\/strong><\/p>\n\n\n\n<p>\u200b\u200b<a href=\"https:\/\/marsactu.fr\/a-bouc-bel-air-la-cimenterie-lafarge-forcee-de-reduire-ses-sulfureux-rejets\/\">Bouches du Rh\u00f4ne&nbsp;: \u00c0 Bouc-Bel-Air, la cimenterie Lafarge forc\u00e9e de r\u00e9duire ses sulfureux rejets<\/a> (Marsactu)<\/p>\n\n\n\n<p><a href=\"https:\/\/marsactu.fr\/chroniques\/du-fromage-de-chevre-a-radio-grenouille\/?goal=0_dc9011be44-8d1b15de4b-431638057&amp;mc_cid=8d1b15de4b&amp;mc_eid=d0b099b9a8\">Marseille&nbsp;: Du fromage de ch\u00e8vre \u00e0 Radio Grenouille<\/a> (Marsactu)<\/p>\n\n\n\n<p><a href=\"https:\/\/www.francetvinfo.fr\/sante\/maladie\/coronavirus\/le-poumon-economique-de-la-zone-s-est-arrete-la-fermeture-de-disneyland-paris-fragilise-toute-l-economie-locale_4356889.html#xtor=EPR-749-[NLbestofhebdo]-20210403-[content4]\">Ile de France : Le poumon \u00e9conomique de la zone s&rsquo;est arr\u00eat\u00e9\u00a0\u00bb&nbsp;: la fermeture de Disneyland Paris fragilise toute l&rsquo;\u00e9conomie locale<\/a> (franceinfo)<\/p>\n\n\n\n<p><a href=\"https:\/\/marsactu.fr\/pour-ne-pas-servir-la-com-de-constructeurs-auto-le-parc-des-calanques-va-en-justice\/?goal=0_dc9011be44-8d1b15de4b-431638057&amp;mc_cid=8d1b15de4b&amp;mc_eid=d0b099b9a8\">Marseille: Pour ne pas servir la com\u2019 de constructeurs auto, le parc des Calanques va en justice<\/a> (Marsactu)<\/p>\n\n\n\n<p><\/p>\n","protected":false},"excerpt":{"rendered":"<p>\u200b \u200b \u200b\u200bEn plein confinement, des f\u00eatards de l\u2019ESSEC pourrissent les nuits de Cergy (MDP) De Nice \u00e0 la vall\u00e9e de la Roya, \u00ab\u00a0Danser encore\u00a0\u00bb est devenu l&rsquo;hymne de ralliement du monde de la culture (france3) \u200b\u200b\u200b\u200bMarseille: Le calvaire quotidien des locataires d\u2019un immeuble des Flamants squatt\u00e9 \u00e0 90% (marsactu) 1er mai en continu Plusieurs &#8230; <a title=\"Avril &#8211; Villes &#038; R\u00e9gions\" class=\"read-more\" href=\"https:\/\/www.rdpemancipation.org\/?p=23334\" aria-label=\"En savoir plus sur Avril &#8211; Villes &#038; R\u00e9gions\">Lire la suite<\/a><\/p>\n","protected":false},"author":2,"featured_media":0,"comment_status":"closed","ping_status":"closed","sticky":false,"template":"","format":"standard","meta":{"_lmt_disableupdate":"no","_lmt_disable":"no","_jetpack_memberships_contains_paid_content":false,"footnotes":""},"categories":[41],"tags":[],"class_list":["post-23334","post","type-post","status-publish","format-standard","hentry","category-villes-regions"],"modified_by":"ddo","jetpack_featured_media_url":"","jetpack_sharing_enabled":true,"_links":{"self":[{"href":"https:\/\/www.rdpemancipation.org\/index.php?rest_route=\/wp\/v2\/posts\/23334","targetHints":{"allow":["GET"]}}],"collection":[{"href":"https:\/\/www.rdpemancipation.org\/index.php?rest_route=\/wp\/v2\/posts"}],"about":[{"href":"https:\/\/www.rdpemancipation.org\/index.php?rest_route=\/wp\/v2\/types\/post"}],"author":[{"embeddable":true,"href":"https:\/\/www.rdpemancipation.org\/index.php?rest_route=\/wp\/v2\/users\/2"}],"replies":[{"embeddable":true,"href":"https:\/\/www.rdpemancipation.org\/index.php?rest_route=%2Fwp%2Fv2%2Fcomments&post=23334"}],"version-history":[{"count":70,"href":"https:\/\/www.rdpemancipation.org\/index.php?rest_route=\/wp\/v2\/posts\/23334\/revisions"}],"predecessor-version":[{"id":28212,"href":"https:\/\/www.rdpemancipation.org\/index.php?rest_route=\/wp\/v2\/posts\/23334\/revisions\/28212"}],"wp:attachment":[{"href":"https:\/\/www.rdpemancipation.org\/index.php?rest_route=%2Fwp%2Fv2%2Fmedia&parent=23334"}],"wp:term":[{"taxonomy":"category","embeddable":true,"href":"https:\/\/www.rdpemancipation.org\/index.php?rest_route=%2Fwp%2Fv2%2Fcategories&post=23334"},{"taxonomy":"post_tag","embeddable":true,"href":"https:\/\/www.rdpemancipation.org\/index.php?rest_route=%2Fwp%2Fv2%2Ftags&post=23334"}],"curies":[{"name":"wp","href":"https:\/\/api.w.org\/{rel}","templated":true}]}}